{"id":417666,"date":"2026-09-03T21:20:49","date_gmt":"2026-09-03T19:20:49","guid":{"rendered":"https:\/\/loudavymkrokem.cz\/nesebar-bulgarien-tips\/"},"modified":"2026-09-05T17:11:38","modified_gmt":"2026-09-05T15:11:38","slug":"nesebar-bulgarien-tips","status":"publish","type":"post","link":"https:\/\/loudavymkrokem.cz\/sv\/nesebar-bulgarien-tips\/","title":{"rendered":"Nesebar, Bulgarien: 8 tips p\u00e5 vad du ska se i UNESCO-staden + priser och transport"},"content":{"rendered":"\n<p class=\"wp-block-paragraph\">Den historiska halv\u00f6n Nesebar i Bulgarien m\u00e4ter bara 850 g\u00e5nger 350 meter, men under sommars\u00e4songen kommer det dagligen \u00f6ver 30 000 m\u00e4nniskor till denna lilla bit land. De flesta bes\u00f6kare g\u00e5r genom huvudgatan, fotograferar den gamla tr\u00e4kvarnen, k\u00f6per en souvenir och \u00e5ker tillbaka till hotellet \u2013 och missar d\u00e4rmed ofta det viktigaste. Nesebar \u00e4r n\u00e4mligen en stad som under lagren av turism d\u00f6ljer otroliga ber\u00e4ttelser, <strong>antika stadsmurar och dussintals medeltida kyrkor<\/strong>.<\/p>\n\n\n\n<p class=\"wp-block-paragraph\">Om du planerar en utflykt hit \u00e4r det bra att veta att <strong>Nesebar inte bara \u00e4r en fotogenisk kuliss<\/strong>, utan en levande organism som de senaste \u00e5ren k\u00e4mpar h\u00e5rt f\u00f6r att bevara sitt historiska ansikte. Jag ska ge dig r\u00e5d om hur du undviker de st\u00f6rsta folkmassorna, var du parkerar om du kommer med bil och vilka turistf\u00e4llor du verkligen ska se upp med.<\/p>\n\n\n\n<p class=\"wp-block-paragraph\">L\u00e5t oss tillsammans ta en titt p\u00e5 <strong>vad du ska se i Nesebar<\/strong>, hur du enklast tar dig hit fr\u00e5n grannorten Sunny Beach och hur mycket du i verkligheten betalar f\u00f6r sev\u00e4rdheter och mat efter Bulgariens nyliga \u00f6verg\u00e5ng till euro.<\/p>\n\n\n\n<figure data-wp-context=\"{&quot;imageId&quot;:&quot;6a9c45f0da321&quot;}\" data-wp-interactive=\"core\/image\" data-wp-key=\"6a9c45f0da321\" class=\"wp-block-image size-full wp-lightbox-container\"><img decoding=\"async\" width=\"1800\" height=\"1207\" data-wp-class--hide=\"state.isContentHidden\" data-wp-class--show=\"state.isContentVisible\" data-wp-init=\"callbacks.setButtonStyles\" data-wp-on--click=\"actions.showLightbox\" data-wp-on--load=\"callbacks.setButtonStyles\" data-wp-on--pointerdown=\"actions.preloadImage\" data-wp-on--pointerenter=\"actions.preloadImageWithDelay\" data-wp-on--pointerleave=\"actions.cancelPreload\" data-wp-on-window--resize=\"callbacks.setButtonStyles\" src=\"https:\/\/loudavymkrokem.cz\/wp-content\/uploads\/2026\/08\/bulharsko-research-nesebar-01.jpg\" alt=\"Gamla stan i Nesebar p\u00e5 den klippiga halv\u00f6n\" class=\"wp-image-404843\" title=\"\" srcset=\"https:\/\/loudavymkrokem.cz\/wp-content\/uploads\/2026\/08\/bulharsko-research-nesebar-01.jpg 1800w, https:\/\/loudavymkrokem.cz\/wp-content\/uploads\/2026\/08\/bulharsko-research-nesebar-01-300x201.jpg 300w, https:\/\/loudavymkrokem.cz\/wp-content\/uploads\/2026\/08\/bulharsko-research-nesebar-01-700x469.jpg 700w, https:\/\/loudavymkrokem.cz\/wp-content\/uploads\/2026\/08\/bulharsko-research-nesebar-01-768x515.jpg 768w, https:\/\/loudavymkrokem.cz\/wp-content\/uploads\/2026\/08\/bulharsko-research-nesebar-01-1536x1030.jpg 1536w, https:\/\/loudavymkrokem.cz\/wp-content\/uploads\/2026\/08\/bulharsko-research-nesebar-01-696x467.jpg 696w, https:\/\/loudavymkrokem.cz\/wp-content\/uploads\/2026\/08\/bulharsko-research-nesebar-01-1392x933.jpg 1392w\" sizes=\"(max-width: 1800px) 100vw, 1800px\" \/><button\n\t\t\tclass=\"lightbox-trigger\"\n\t\t\ttype=\"button\"\n\t\t\taria-haspopup=\"dialog\"\n\t\t\tdata-wp-bind--aria-label=\"state.thisImage.triggerButtonAriaLabel\"\n\t\t\tdata-wp-init=\"callbacks.initTriggerButton\"\n\t\t\tdata-wp-on--click=\"actions.showLightbox\"\n\t\t\tdata-wp-style--right=\"state.thisImage.buttonRight\"\n\t\t\tdata-wp-style--top=\"state.thisImage.buttonTop\"\n\t\t>\n\t\t\t<svg xmlns=\"http:\/\/www.w3.org\/2000\/svg\" width=\"12\" height=\"12\" fill=\"none\" viewBox=\"0 0 12 12\">\n\t\t\t\t<path fill=\"#fff\" d=\"M2 0a2 2 0 0 0-2 2v2h1.5V2a.5.5 0 0 1 .5-.5h2V0H2Zm2 10.5H2a.5.5 0 0 1-.5-.5V8H0v2a2 2 0 0 0 2 2h2v-1.5ZM8 12v-1.5h2a.5.5 0 0 0 .5-.5V8H12v2a2 2 0 0 1-2 2H8Zm2-12a2 2 0 0 1 2 2v2h-1.5V2a.5.5 0 0 0-.5-.5H8V0h2Z\" \/>\n\t\t\t<\/svg>\n\t\t<\/button><figcaption class=\"wp-element-caption\">Foto (bearbetat): en:User:Trilobite \/ Wikimedia Commons (Public domain)<\/figcaption><\/figure>\n\n\n\n<div id=\"ez-toc-container\" class=\"ez-toc-v2_0_87 ez-toc-wrap-left counter-hierarchy ez-toc-counter ez-toc-grey ez-toc-container-direction\">\n<div class=\"ez-toc-title-container\">\n<p class=\"ez-toc-title\" style=\"cursor:inherit\">Artikelns inneh\u00e5ll<\/p>\n<span class=\"ez-toc-title-toggle\"><a href=\"#\" class=\"ez-toc-pull-right ez-toc-btn ez-toc-btn-xs ez-toc-btn-default ez-toc-toggle\" aria-label=\"Toggle Table of Content\"><span class=\"ez-toc-js-icon-con\"><span class=\"\"><span class=\"eztoc-hide\" style=\"display:none;\">Toggle<\/span><span class=\"ez-toc-icon-toggle-span\"><svg style=\"fill: #999;color:#999\" xmlns=\"http:\/\/www.w3.org\/2000\/svg\" class=\"list-377408\" width=\"20px\" height=\"20px\" viewBox=\"0 0 24 24\" fill=\"none\"><path d=\"M6 6H4v2h2V6zm14 0H8v2h12V6zM4 11h2v2H4v-2zm16 0H8v2h12v-2zM4 16h2v2H4v-2zm16 0H8v2h12v-2z\" fill=\"currentColor\"><\/path><\/svg><svg style=\"fill: #999;color:#999\" class=\"arrow-unsorted-368013\" xmlns=\"http:\/\/www.w3.org\/2000\/svg\" width=\"10px\" height=\"10px\" viewBox=\"0 0 24 24\" version=\"1.2\" baseProfile=\"tiny\"><path d=\"M18.2 9.3l-6.2-6.3-6.2 6.3c-.2.2-.3.4-.3.7s.1.5.3.7c.2.2.4.3.7.3h11c.3 0 .5-.1.7-.3.2-.2.3-.5.3-.7s-.1-.5-.3-.7zM5.8 14.7l6.2 6.3 6.2-6.3c.2-.2.3-.5.3-.7s-.1-.5-.3-.7c-.2-.2-.4-.3-.7-.3h-11c-.3 0-.5.1-.7.3-.2.2-.3.5-.3.7s.1.5.3.7z\"\/><\/svg><\/span><\/span><\/span><\/a><\/span><\/div>\n<nav><ul class='ez-toc-list ez-toc-list-level-1 ' ><ul class='ez-toc-list-level-3' ><li class='ez-toc-heading-level-3'><a class=\"ez-toc-link ez-toc-heading-1\" href=\"https:\/\/loudavymkrokem.cz\/sv\/nesebar-bulgarien-tips\/#Sammanfattning_for_dig_som_inte_har_tid_att_lasa_hela_artikeln\" >Sammanfattning f\u00f6r dig som inte har tid att l\u00e4sa hela artikeln<\/a><\/li><\/ul><\/li><li class='ez-toc-page-1 ez-toc-heading-level-2'><a class=\"ez-toc-link ez-toc-heading-2\" href=\"https:\/\/loudavymkrokem.cz\/sv\/nesebar-bulgarien-tips\/#Hur_mycket_kostar_Nesebar_och_hur_betalar_man_har\" >Hur mycket kostar Nesebar och hur betalar man h\u00e4r<\/a><\/li><li class='ez-toc-page-1 ez-toc-heading-level-2'><a class=\"ez-toc-link ez-toc-heading-3\" href=\"https:\/\/loudavymkrokem.cz\/sv\/nesebar-bulgarien-tips\/#Vilka_kyrkor_kan_man_ga_in_i\" >Vilka kyrkor kan man g\u00e5 in i<\/a><\/li><li class='ez-toc-page-1 ez-toc-heading-level-2'><a class=\"ez-toc-link ez-toc-heading-4\" href=\"https:\/\/loudavymkrokem.cz\/sv\/nesebar-bulgarien-tips\/#Hur_du_tar_dig_till_Nesebar_och_var_du_parkerar\" >Hur du tar dig till Nesebar och var du parkerar<\/a><\/li><li class='ez-toc-page-1 ez-toc-heading-level-2'><a class=\"ez-toc-link ez-toc-heading-5\" href=\"https:\/\/loudavymkrokem.cz\/sv\/nesebar-bulgarien-tips\/#Taxi_%E2%80%93_bara_med_eftertanke\" >Taxi \u2013 bara med eftertanke<\/a><\/li><li class='ez-toc-page-1 ez-toc-heading-level-2'><a class=\"ez-toc-link ez-toc-heading-6\" href=\"https:\/\/loudavymkrokem.cz\/sv\/nesebar-bulgarien-tips\/#Nar_du_ska_besoka_Nesebar_for_att_ha_det_nastan_for_dig_sjalv\" >N\u00e4r du ska bes\u00f6ka Nesebar f\u00f6r att ha det n\u00e4stan f\u00f6r dig sj\u00e4lv<\/a><\/li><li class='ez-toc-page-1 ez-toc-heading-level-2'><a class=\"ez-toc-link ez-toc-heading-7\" href=\"https:\/\/loudavymkrokem.cz\/sv\/nesebar-bulgarien-tips\/#Kyrkor_och_tempel_8_platser_du_maste_se\" >Kyrkor och tempel: 8 platser du m\u00e5ste se<\/a><ul class='ez-toc-list-level-3' ><li class='ez-toc-heading-level-3'><a class=\"ez-toc-link ez-toc-heading-8\" href=\"https:\/\/loudavymkrokem.cz\/sv\/nesebar-bulgarien-tips\/#1_S_t_Stefanoskyrkan_Nya_metropolen\" >1. S:t Stefanoskyrkan (Nya metropolen)<\/a><\/li><li class='ez-toc-page-1 ez-toc-heading-level-3'><a class=\"ez-toc-link ez-toc-heading-9\" href=\"https:\/\/loudavymkrokem.cz\/sv\/nesebar-bulgarien-tips\/#2_Kristi_Fralsarkyrka_Himmelsfarden\" >2. Kristi Fr\u00e4lsarkyrka (Himmelsf\u00e4rden)<\/a><\/li><li class='ez-toc-page-1 ez-toc-heading-level-3'><a class=\"ez-toc-link ez-toc-heading-10\" href=\"https:\/\/loudavymkrokem.cz\/sv\/nesebar-bulgarien-tips\/#3_Sofiabasilikan_Gamla_metropolen\" >3. Sofiabasilikan (Gamla metropolen)<\/a><\/li><li class='ez-toc-page-1 ez-toc-heading-level-3'><a class=\"ez-toc-link ez-toc-heading-11\" href=\"https:\/\/loudavymkrokem.cz\/sv\/nesebar-bulgarien-tips\/#4_S_t_Johannes_Doparens_kyrka\" >4. S:t Johannes D\u00f6parens kyrka<\/a><\/li><li class='ez-toc-page-1 ez-toc-heading-level-3'><a class=\"ez-toc-link ez-toc-heading-12\" href=\"https:\/\/loudavymkrokem.cz\/sv\/nesebar-bulgarien-tips\/#5_S_t_Johannes_Aliturgetos_Den_ovigda\" >5. S:t Johannes Aliturgetos (Den ovigda)<\/a><\/li><li class='ez-toc-page-1 ez-toc-heading-level-3'><a class=\"ez-toc-link ez-toc-heading-13\" href=\"https:\/\/loudavymkrokem.cz\/sv\/nesebar-bulgarien-tips\/#6_Kristus_Pantokrator-kyrkan\" >6. Kristus Pantokrator-kyrkan<\/a><\/li><li class='ez-toc-page-1 ez-toc-heading-level-3'><a class=\"ez-toc-link ez-toc-heading-14\" href=\"https:\/\/loudavymkrokem.cz\/sv\/nesebar-bulgarien-tips\/#7_Basilikan_Guds_Moder_Eleusa\" >7. Basilikan Guds Moder Eleusa<\/a><\/li><li class='ez-toc-page-1 ez-toc-heading-level-3'><a class=\"ez-toc-link ez-toc-heading-15\" href=\"https:\/\/loudavymkrokem.cz\/sv\/nesebar-bulgarien-tips\/#8_Guds_Moders_kyrka_Insomnandet\" >8. Guds Moders kyrka (Insomnandet)<\/a><\/li><\/ul><\/li><li class='ez-toc-page-1 ez-toc-heading-level-2'><a class=\"ez-toc-link ez-toc-heading-16\" href=\"https:\/\/loudavymkrokem.cz\/sv\/nesebar-bulgarien-tips\/#Murar_kvarn_och_gamla_stans_grander\" >Murar, kvarn och gamla stans gr\u00e4nder<\/a><ul class='ez-toc-list-level-3' ><li class='ez-toc-heading-level-3'><a class=\"ez-toc-link ez-toc-heading-17\" href=\"https:\/\/loudavymkrokem.cz\/sv\/nesebar-bulgarien-tips\/#9_Vaderkvarnen_pa_naset\" >9. V\u00e4derkvarnen p\u00e5 n\u00e4set<\/a><\/li><li class='ez-toc-page-1 ez-toc-heading-level-3'><a class=\"ez-toc-link ez-toc-heading-18\" href=\"https:\/\/loudavymkrokem.cz\/sv\/nesebar-bulgarien-tips\/#10_Vastra_murarna_och_huvudporten\" >10. V\u00e4stra murarna och huvudporten<\/a><\/li><li class='ez-toc-page-1 ez-toc-heading-level-3'><a class=\"ez-toc-link ez-toc-heading-19\" href=\"https:\/\/loudavymkrokem.cz\/sv\/nesebar-bulgarien-tips\/#11_Tidigbysantinska_termerna\" >11. Tidigbysantinska termerna<\/a><\/li><li class='ez-toc-page-1 ez-toc-heading-level-3'><a class=\"ez-toc-link ez-toc-heading-20\" href=\"https:\/\/loudavymkrokem.cz\/sv\/nesebar-bulgarien-tips\/#12_Nesebars_nationella_vackelsehus\" >12. Nesebars nationella v\u00e4ckelsehus<\/a><\/li><\/ul><\/li><li class='ez-toc-page-1 ez-toc-heading-level-2'><a class=\"ez-toc-link ez-toc-heading-21\" href=\"https:\/\/loudavymkrokem.cz\/sv\/nesebar-bulgarien-tips\/#Museer_strander_och_omgivningar\" >Museer, str\u00e4nder och omgivningar<\/a><ul class='ez-toc-list-level-3' ><li class='ez-toc-heading-level-3'><a class=\"ez-toc-link ez-toc-heading-22\" href=\"https:\/\/loudavymkrokem.cz\/sv\/nesebar-bulgarien-tips\/#13_Arkeologiska_museet\" >13. Arkeologiska museet<\/a><\/li><li class='ez-toc-page-1 ez-toc-heading-level-3'><a class=\"ez-toc-link ez-toc-heading-23\" href=\"https:\/\/loudavymkrokem.cz\/sv\/nesebar-bulgarien-tips\/#14_Sodra_stranden_Nesebar-syd\" >14. S\u00f6dra stranden (Nesebar-syd)<\/a><\/li><li class='ez-toc-page-1 ez-toc-heading-level-3'><a class=\"ez-toc-link ez-toc-heading-24\" href=\"https:\/\/loudavymkrokem.cz\/sv\/nesebar-bulgarien-tips\/#15_Stadsstranderna_i_gamla_stan_Plakamoto_och_Buna\" >15. Stadsstr\u00e4nderna i gamla stan (Plakamoto och Buna)<\/a><\/li><li class='ez-toc-page-1 ez-toc-heading-level-3'><a class=\"ez-toc-link ez-toc-heading-25\" href=\"https:\/\/loudavymkrokem.cz\/sv\/nesebar-bulgarien-tips\/#16_Etnografiska_museet_Moskojani-huset\" >16. Etnografiska museet (Moskojani-huset)<\/a><\/li><\/ul><\/li><li class='ez-toc-page-1 ez-toc-heading-level-2'><a class=\"ez-toc-link ez-toc-heading-26\" href=\"https:\/\/loudavymkrokem.cz\/sv\/nesebar-bulgarien-tips\/#Nesebar_var_nara_att_forlora_sin_UNESCO-status\" >Nesebar var n\u00e4ra att f\u00f6rlora sin UNESCO-status<\/a><\/li><li class='ez-toc-page-1 ez-toc-heading-level-2'><a class=\"ez-toc-link ez-toc-heading-27\" href=\"https:\/\/loudavymkrokem.cz\/sv\/nesebar-bulgarien-tips\/#Nesebar_pa_en_halv_dag_reseplan_steg_for_steg\" >Nesebar p\u00e5 en halv dag: reseplan steg f\u00f6r steg<\/a><\/li><li class='ez-toc-page-1 ez-toc-heading-level-2'><a class=\"ez-toc-link ez-toc-heading-28\" href=\"https:\/\/loudavymkrokem.cz\/sv\/nesebar-bulgarien-tips\/#Var_du_kan_ata\" >Var du kan \u00e4ta<\/a><\/li><li class='ez-toc-page-1 ez-toc-heading-level-2'><a class=\"ez-toc-link ez-toc-heading-29\" href=\"https:\/\/loudavymkrokem.cz\/sv\/nesebar-bulgarien-tips\/#Var_du_kan_bo\" >Var du kan bo<\/a><\/li><li class='ez-toc-page-1 ez-toc-heading-level-2'><a class=\"ez-toc-link ez-toc-heading-30\" href=\"https:\/\/loudavymkrokem.cz\/sv\/nesebar-bulgarien-tips\/#Vad_du_ska_se_upp_med\" >Vad du ska se upp med<\/a><\/li><li class='ez-toc-page-1 ez-toc-heading-level-2'><a class=\"ez-toc-link ez-toc-heading-31\" href=\"https:\/\/loudavymkrokem.cz\/sv\/nesebar-bulgarien-tips\/#Vart_du_kan_aka_vidare\" >Vart du kan \u00e5ka vidare<\/a><\/li><li class='ez-toc-page-1 ez-toc-heading-level-2'><a class=\"ez-toc-link ez-toc-heading-32\" href=\"https:\/\/loudavymkrokem.cz\/sv\/nesebar-bulgarien-tips\/#Vanliga_fragor\" >Vanliga fr\u00e5gor<\/a><ul class='ez-toc-list-level-3' ><li class='ez-toc-heading-level-3'><a class=\"ez-toc-link ez-toc-heading-33\" href=\"https:\/\/loudavymkrokem.cz\/sv\/nesebar-bulgarien-tips\/#Hur_tar_man_sig_fran_Sunny_Beach_till_Nesebar\" >Hur tar man sig fr\u00e5n Sunny Beach till Nesebar?<\/a><\/li><li class='ez-toc-page-1 ez-toc-heading-level-3'><a class=\"ez-toc-link ez-toc-heading-34\" href=\"https:\/\/loudavymkrokem.cz\/sv\/nesebar-bulgarien-tips\/#Hur_mycket_kostar_entre_till_sevardheter\" >Hur mycket kostar entr\u00e9 till sev\u00e4rdheter?<\/a><\/li><li class='ez-toc-page-1 ez-toc-heading-level-3'><a class=\"ez-toc-link ez-toc-heading-35\" href=\"https:\/\/loudavymkrokem.cz\/sv\/nesebar-bulgarien-tips\/#Hur_lang_tid_tar_det_att_ga_runt_i_Nesebar\" >Hur l\u00e5ng tid tar det att g\u00e5 runt i Nesebar?<\/a><\/li><li class='ez-toc-page-1 ez-toc-heading-level-3'><a class=\"ez-toc-link ez-toc-heading-36\" href=\"https:\/\/loudavymkrokem.cz\/sv\/nesebar-bulgarien-tips\/#Betalas_det_med_euro_i_Bulgarien\" >Betalas det med euro i Bulgarien?<\/a><\/li><li class='ez-toc-page-1 ez-toc-heading-level-3'><a class=\"ez-toc-link ez-toc-heading-37\" href=\"https:\/\/loudavymkrokem.cz\/sv\/nesebar-bulgarien-tips\/#Kan_man_kora_in_i_gamla_stan_med_bil\" >Kan man k\u00f6ra in i gamla stan med bil?<\/a><\/li><li class='ez-toc-page-1 ez-toc-heading-level-3'><a class=\"ez-toc-link ez-toc-heading-38\" href=\"https:\/\/loudavymkrokem.cz\/sv\/nesebar-bulgarien-tips\/#Vilka_kyrkor_ar_tillgangliga_inuti\" >Vilka kyrkor \u00e4r tillg\u00e4ngliga inuti?<\/a><\/li><li class='ez-toc-page-1 ez-toc-heading-level-3'><a class=\"ez-toc-link ez-toc-heading-39\" href=\"https:\/\/loudavymkrokem.cz\/sv\/nesebar-bulgarien-tips\/#Vilken_temperatur_har_havet_i_Nesebar\" >Vilken temperatur har havet i Nesebar?<\/a><\/li><li class='ez-toc-page-1 ez-toc-heading-level-3'><a class=\"ez-toc-link ez-toc-heading-40\" href=\"https:\/\/loudavymkrokem.cz\/sv\/nesebar-bulgarien-tips\/#Nar_ar_det_minst_folk_i_Nesebar\" >N\u00e4r \u00e4r det minst folk i Nesebar?<\/a><\/li><li class='ez-toc-page-1 ez-toc-heading-level-3'><a class=\"ez-toc-link ez-toc-heading-41\" href=\"https:\/\/loudavymkrokem.cz\/sv\/nesebar-bulgarien-tips\/#Lonar_sig_kombinerad_biljett\" >L\u00f6nar sig kombinerad biljett?<\/a><\/li><li class='ez-toc-page-1 ez-toc-heading-level-3'><a class=\"ez-toc-link ez-toc-heading-42\" href=\"https:\/\/loudavymkrokem.cz\/sv\/nesebar-bulgarien-tips\/#Ar_Nesebar_lampligt_for_familjer_med_barnvagn\" >\u00c4r Nesebar l\u00e4mpligt f\u00f6r familjer med barnvagn?<\/a><\/li><\/ul><\/li><\/ul><\/nav><\/div>\n<h3 class=\"wp-block-heading\"><span class=\"ez-toc-section\" id=\"Sammanfattning_for_dig_som_inte_har_tid_att_lasa_hela_artikeln\"><\/span>Sammanfattning f\u00f6r dig som inte har tid att l\u00e4sa hela artikeln<span class=\"ez-toc-section-end\"><\/span><\/h3>\n\n\n\n<ul class=\"wp-block-list\">\n\n<li><strong>Avs\u00e4tt minst en halv dag f\u00f6r bes\u00f6ket<\/strong>, men helst kommer du direkt p\u00e5 morgonen f\u00f6re klockan tio, eller tv\u00e4rtom efter klockan sex p\u00e5 kv\u00e4llen, n\u00e4r de stora turistbussarna har \u00e5kt.<\/li>\n\n\n\n<li>Bulgarien <strong>betalar med euro sedan 1 januari 2026<\/strong>, s\u00e5 alla entr\u00e9avgifter och restaurangbes\u00f6k betalar du redan i europeisk valuta, och kort tas emot helt normalt h\u00e4r.<\/li>\n\n\n\n<li>Av de femton bevarade kyrkorna <strong>kan du bara g\u00e5 in i fem av dem<\/strong>, resten \u00e4r fritt tillg\u00e4ngliga ruiner som du bara ser utifr\u00e5n.<\/li>\n\n\n\n<li><strong>Du kommer inte in i gamla stan med bil utan ett i f\u00f6rv\u00e4g ordnat passersedel<\/strong>, som ditt boende m\u00e5ste anm\u00e4la \u00e5t dig, annars stoppar bommarna dig direkt efter n\u00e4set.<\/li>\n\n\n\n<li>Fr\u00e5n Sunny Beach tar du dig hit <strong>enklast med lokalbussen f\u00f6r runt 1 \u20ac<\/strong>, eller s\u00e5 kan du ta turistt\u00e5get eller en liten b\u00e5t.<\/li>\n\n\n\n<li>En kombinationsbiljett till alla avgiftsbelagda sev\u00e4rdheter <strong>kostar 17,90 \u20ac<\/strong> och k\u00f6ps direkt vid ing\u00e5ngen till gamla stan i Arkeologiska museet.<\/li>\n\n\n<\/ul>\n\n\n\n<figure class=\"wp-block-table\"><table><thead><tr><th>#<\/th><th>Plats<\/th><th>G\u00e5 in?<\/th><th>Entr\u00e9<\/th><\/tr><\/thead><tbody><tr><td>1<\/td><td>S:t Stefanoskyrkan<\/td><td>Ja<\/td><td>4,60 \u20ac<\/td><\/tr><tr><td>2<\/td><td>Kristi Fr\u00e4lsarkyrka<\/td><td>Ja<\/td><td>2,56 \u20ac<\/td><\/tr><tr><td>3<\/td><td>Sofiabasilikan<\/td><td>Nej (ruin)<\/td><td>Gratis<\/td><\/tr><tr><td>4<\/td><td>S:t Johannes D\u00f6parens kyrka<\/td><td>Ja<\/td><td>2,56 \u20ac<\/td><\/tr><tr><td>5<\/td><td>S:t Johannes Aliturgetos<\/td><td>Nej (ruin)<\/td><td>Gratis<\/td><\/tr><tr><td>6<\/td><td>Basilikan Eleusa<\/td><td>Nej (ruin)<\/td><td>Gratis<\/td><\/tr><tr><td>7<\/td><td>Guds Moders kyrka<\/td><td>Ja<\/td><td>Gratis (i bruk)<\/td><\/tr><tr><td>8<\/td><td>V\u00e4derkvarnen p\u00e5 n\u00e4set<\/td><td>Ja<\/td><td>2,56 \u20ac<\/td><\/tr><tr><td>9<\/td><td>V\u00e4stra murarna och porten<\/td><td>Nej (exteri\u00f6r)<\/td><td>Gratis<\/td><\/tr><tr><td>10<\/td><td>Tidigbysantinska termerna<\/td><td>Nej (ruin)<\/td><td>Gratis<\/td><\/tr><tr><td>11<\/td><td>Nesebars nationella v\u00e4ckelsehus<\/td><td>Nej (exteri\u00f6r)<\/td><td>Gratis<\/td><\/tr><tr><td>12<\/td><td>Arkeologiska museet<\/td><td>Ja<\/td><td>4,60 \u20ac<\/td><\/tr><tr><td>13<\/td><td>S\u00f6dra stranden (Nesebar-syd)<\/td><td>Nej (natur)<\/td><td>Solstol 4,09 \u20ac<\/td><\/tr><tr><td>14<\/td><td>Stadsstr\u00e4nderna Plakamoto och Buna<\/td><td>Nej (natur)<\/td><td>Gratis \/ 4,09 \u20ac<\/td><\/tr><tr><td>15<\/td><td>Etnografiska museet<\/td><td>Ja<\/td><td>3,07 \u20ac<\/td><\/tr><\/tbody><\/table><\/figure>\n\n\n\n<figure data-wp-context=\"{&quot;imageId&quot;:&quot;6a9c45f0da8bc&quot;}\" data-wp-interactive=\"core\/image\" data-wp-key=\"6a9c45f0da8bc\" class=\"wp-block-image size-full wp-lightbox-container\"><img decoding=\"async\" width=\"1800\" height=\"1350\" data-wp-class--hide=\"state.isContentHidden\" data-wp-class--show=\"state.isContentVisible\" data-wp-init=\"callbacks.setButtonStyles\" data-wp-on--click=\"actions.showLightbox\" data-wp-on--load=\"callbacks.setButtonStyles\" data-wp-on--pointerdown=\"actions.preloadImage\" data-wp-on--pointerenter=\"actions.preloadImageWithDelay\" data-wp-on--pointerleave=\"actions.cancelPreload\" data-wp-on-window--resize=\"callbacks.setButtonStyles\" src=\"https:\/\/loudavymkrokem.cz\/wp-content\/uploads\/2026\/08\/bulharsko-research-nesebar-02.jpg\" alt=\"Butiker och gator i gamla Nesebar, d\u00e4r man betalar med euro\" class=\"wp-image-404845\" title=\"\" srcset=\"https:\/\/loudavymkrokem.cz\/wp-content\/uploads\/2026\/08\/bulharsko-research-nesebar-02.jpg 1800w, https:\/\/loudavymkrokem.cz\/wp-content\/uploads\/2026\/08\/bulharsko-research-nesebar-02-300x225.jpg 300w, https:\/\/loudavymkrokem.cz\/wp-content\/uploads\/2026\/08\/bulharsko-research-nesebar-02-700x525.jpg 700w, https:\/\/loudavymkrokem.cz\/wp-content\/uploads\/2026\/08\/bulharsko-research-nesebar-02-768x576.jpg 768w, https:\/\/loudavymkrokem.cz\/wp-content\/uploads\/2026\/08\/bulharsko-research-nesebar-02-1536x1152.jpg 1536w, https:\/\/loudavymkrokem.cz\/wp-content\/uploads\/2026\/08\/bulharsko-research-nesebar-02-80x60.jpg 80w, https:\/\/loudavymkrokem.cz\/wp-content\/uploads\/2026\/08\/bulharsko-research-nesebar-02-160x120.jpg 160w, https:\/\/loudavymkrokem.cz\/wp-content\/uploads\/2026\/08\/bulharsko-research-nesebar-02-696x522.jpg 696w, https:\/\/loudavymkrokem.cz\/wp-content\/uploads\/2026\/08\/bulharsko-research-nesebar-02-1392x1044.jpg 1392w\" sizes=\"(max-width: 1800px) 100vw, 1800px\" \/><button\n\t\t\tclass=\"lightbox-trigger\"\n\t\t\ttype=\"button\"\n\t\t\taria-haspopup=\"dialog\"\n\t\t\tdata-wp-bind--aria-label=\"state.thisImage.triggerButtonAriaLabel\"\n\t\t\tdata-wp-init=\"callbacks.initTriggerButton\"\n\t\t\tdata-wp-on--click=\"actions.showLightbox\"\n\t\t\tdata-wp-style--right=\"state.thisImage.buttonRight\"\n\t\t\tdata-wp-style--top=\"state.thisImage.buttonTop\"\n\t\t>\n\t\t\t<svg xmlns=\"http:\/\/www.w3.org\/2000\/svg\" width=\"12\" height=\"12\" fill=\"none\" viewBox=\"0 0 12 12\">\n\t\t\t\t<path fill=\"#fff\" d=\"M2 0a2 2 0 0 0-2 2v2h1.5V2a.5.5 0 0 1 .5-.5h2V0H2Zm2 10.5H2a.5.5 0 0 1-.5-.5V8H0v2a2 2 0 0 0 2 2h2v-1.5ZM8 12v-1.5h2a.5.5 0 0 0 .5-.5V8H12v2a2 2 0 0 1-2 2H8Zm2-12a2 2 0 0 1 2 2v2h-1.5V2a.5.5 0 0 0-.5-.5H8V0h2Z\" \/>\n\t\t\t<\/svg>\n\t\t<\/button><figcaption class=\"wp-element-caption\">Foto: Bin im Garten \/ Wikimedia Commons (CC BY-SA 3.0)<\/figcaption><\/figure>\n\n\n\n<h2 class=\"wp-block-heading\"><span class=\"ez-toc-section\" id=\"Hur_mycket_kostar_Nesebar_och_hur_betalar_man_har\"><\/span>Hur mycket kostar Nesebar och hur betalar man h\u00e4r<span class=\"ez-toc-section-end\"><\/span><\/h2>\n\n\n\n<p class=\"wp-block-paragraph\">Bulgarien gick \u00f6ver till euro den 1 januari 2026, s\u00e5 all \u00e4ldre information med priser i lev \u00e4r i dag bara historia. Den officiella v\u00e4xelkursen fastst\u00e4lldes till <strong>1 \u20ac = 1,95583 lv<\/strong>, allts\u00e5 ungef\u00e4r 11 kr per euro.<\/p>\n\n\n\n<p class=\"wp-block-paragraph\">Du kommer inte att ha n\u00e5gra problem med betalningen h\u00e4r, eftersom <strong>bankkort tas emot helt normalt<\/strong> vid entr\u00e9erna till sev\u00e4rdheter, p\u00e5 restauranger och p\u00e5 st\u00f6rre parkeringar. Om du \u00e4nd\u00e5 skulle beh\u00f6va v\u00e4xla kontanter, kom ih\u00e5g att <strong>v\u00e4xlingskontor f\u00e5r avvika upp till 5 %<\/strong> fr\u00e5n referenskursen. Vid frist\u00e5ende uttagsautomater p\u00e5 gatan ska du alltid konsekvent tacka nej till omr\u00e4kning till din egen valuta (s\u00e5 kallad DCC), annars f\u00f6rlorar du i on\u00f6dan p\u00e5 en of\u00f6rdelaktig kurs.<\/p>\n\n\n\n<p class=\"wp-block-paragraph\">F\u00f6r 2026 har det lokala museet gett ut en <strong>komplett prislista i euro<\/strong> som du enkelt kan orientera dig efter. Barn har ungef\u00e4r femtio procents rabatt p\u00e5 alla entr\u00e9avgifter.<\/p>\n\n\n\n<p class=\"wp-block-paragraph\"><strong>Tabell \u00f6ver entr\u00e9avgifter till de enskilda objekten (2026):<\/strong><\/p>\n\n\n\n<figure class=\"wp-block-table\"><table><thead><tr><th>Objekt<\/th><th>Vuxna<\/th><th>Barn<\/th><\/tr><\/thead><tbody><tr><td>Arkeologiska museet<\/td><td><strong>4,60 \u20ac<\/strong><\/td><td>2,30 \u20ac<\/td><\/tr><tr><td>S:t Stefanoskyrkan<\/td><td><strong>4,60 \u20ac<\/strong><\/td><td>2,30 \u20ac<\/td><\/tr><tr><td>Etnografiska museet<\/td><td><strong>3,07 \u20ac<\/strong><\/td><td>1,53 \u20ac<\/td><\/tr><tr><td>Kristi Fr\u00e4lsarkyrka<\/td><td><strong>2,56 \u20ac<\/strong><\/td><td>1,53 \u20ac<\/td><\/tr><tr><td>S:ta Paraskevas kyrka<\/td><td><strong>2,56 \u20ac<\/strong><\/td><td>1,53 \u20ac<\/td><\/tr><tr><td>S:t Johannes D\u00f6parens kyrka<\/td><td><strong>2,56 \u20ac<\/strong><\/td><td>1,53 \u20ac<\/td><\/tr><tr><td>V\u00e4derkvarnen<\/td><td><strong>2,56 \u20ac<\/strong><\/td><td>1,53 \u20ac<\/td><\/tr><\/tbody><\/table><\/figure>\n\n\n\n<p class=\"wp-block-paragraph\">Om du planerar att bes\u00f6ka flera platser <strong>l\u00f6nar sig kombinationsbiljetterna<\/strong>, som s\u00e4ljs i kassan hos <a href=\"https:\/\/www.ancient-nessebar.com\/\" target=\"_blank\" rel=\"noopener nofollow\">Arkeologiska museet<\/a> direkt innanf\u00f6r stadsporten. Biljetter finns alltid tillg\u00e4ngliga och det brukar inte vara n\u00e5gon stor tr\u00e4ngsel d\u00e4rinne.<\/p>\n\n\n\n<p class=\"wp-block-paragraph\"><strong>Tabell \u00f6ver kombinationsbiljetter (2026):<\/strong><\/p>\n\n\n\n<figure class=\"wp-block-table\"><table><thead><tr><th>Kombination<\/th><th>Vuxna<\/th><th>Barn<\/th><\/tr><\/thead><tbody><tr><td>Ark. museet + en kyrka<\/td><td><strong>6,14 \u20ac<\/strong><\/td><td>3,07 \u20ac<\/td><\/tr><tr><td>S:t Stefanos + Kristi Fr\u00e4lsare<\/td><td><strong>6,14 \u20ac<\/strong><\/td><td>3,07 \u20ac<\/td><\/tr><tr><td>Ark. museet + Etno-museet<\/td><td><strong>6,65 \u20ac<\/strong><\/td><td>3,07 \u20ac<\/td><\/tr><tr><td>Ark. museet + S:t Stefanos<\/td><td><strong>7,67 \u20ac<\/strong><\/td><td>4,09 \u20ac<\/td><\/tr><tr><td>S:t Stefanos + 3 valfria objekt<\/td><td><strong>9,71 \u20ac<\/strong><\/td><td>4,60 \u20ac<\/td><\/tr><tr><td>Ark. museet + S:t Stefanos + Etno<\/td><td><strong>10,23 \u20ac<\/strong><\/td><td>5,11 \u20ac<\/td><\/tr><tr><td>Alla kyrkor + kvarnen<\/td><td><strong>13,29 \u20ac<\/strong><\/td><td>6,65 \u20ac<\/td><\/tr><tr><td><strong>ALLA objekt (7 platser)<\/strong><\/td><td><strong>17,90 \u20ac<\/strong><\/td><td>8,69 \u20ac<\/td><\/tr><\/tbody><\/table><\/figure>\n\n\n\n<p class=\"wp-block-paragraph\">\ud83d\udca1 <strong>Tips om \u00f6ppettider:<\/strong> Under h\u00f6gs\u00e4song fr\u00e5n 2 juni till 14 september \u00e4r Arkeologiska museet och S:t Stefanoskyrkan \u00f6ppna fr\u00e5n 9.00 till 19.00. <strong>Men se verkligen upp med de sm\u00e5 kyrkorna och kvarnen<\/strong>, som har st\u00e4ngt \u00f6ver lunchen. Deras \u00f6ppettider \u00e4r 10.30\u201314.00 och 14.30\u201319.00, s\u00e5 den som kommer mitt p\u00e5 dagen kommer inte in.<\/p>\n\n\n\n<figure data-wp-context=\"{&quot;imageId&quot;:&quot;6a9c45f0dae46&quot;}\" data-wp-interactive=\"core\/image\" data-wp-key=\"6a9c45f0dae46\" class=\"wp-block-image size-full wp-lightbox-container\"><img decoding=\"async\" width=\"1800\" height=\"1012\" data-wp-class--hide=\"state.isContentHidden\" data-wp-class--show=\"state.isContentVisible\" data-wp-init=\"callbacks.setButtonStyles\" data-wp-on--click=\"actions.showLightbox\" data-wp-on--load=\"callbacks.setButtonStyles\" data-wp-on--pointerdown=\"actions.preloadImage\" data-wp-on--pointerenter=\"actions.preloadImageWithDelay\" data-wp-on--pointerleave=\"actions.cancelPreload\" data-wp-on-window--resize=\"callbacks.setButtonStyles\" src=\"https:\/\/loudavymkrokem.cz\/wp-content\/uploads\/2026\/08\/bulharsko-research-nesebar-03.jpg\" alt=\"S:t Stefanoskyrkan, en av fem kyrkor som \u00e4r \u00f6ppna inuti\" class=\"wp-image-404848\" title=\"\" srcset=\"https:\/\/loudavymkrokem.cz\/wp-content\/uploads\/2026\/08\/bulharsko-research-nesebar-03.jpg 1800w, https:\/\/loudavymkrokem.cz\/wp-content\/uploads\/2026\/08\/bulharsko-research-nesebar-03-300x169.jpg 300w, https:\/\/loudavymkrokem.cz\/wp-content\/uploads\/2026\/08\/bulharsko-research-nesebar-03-700x394.jpg 700w, https:\/\/loudavymkrokem.cz\/wp-content\/uploads\/2026\/08\/bulharsko-research-nesebar-03-768x432.jpg 768w, https:\/\/loudavymkrokem.cz\/wp-content\/uploads\/2026\/08\/bulharsko-research-nesebar-03-1536x864.jpg 1536w, https:\/\/loudavymkrokem.cz\/wp-content\/uploads\/2026\/08\/bulharsko-research-nesebar-03-696x391.jpg 696w, https:\/\/loudavymkrokem.cz\/wp-content\/uploads\/2026\/08\/bulharsko-research-nesebar-03-1392x783.jpg 1392w\" sizes=\"(max-width: 1800px) 100vw, 1800px\" \/><button\n\t\t\tclass=\"lightbox-trigger\"\n\t\t\ttype=\"button\"\n\t\t\taria-haspopup=\"dialog\"\n\t\t\tdata-wp-bind--aria-label=\"state.thisImage.triggerButtonAriaLabel\"\n\t\t\tdata-wp-init=\"callbacks.initTriggerButton\"\n\t\t\tdata-wp-on--click=\"actions.showLightbox\"\n\t\t\tdata-wp-style--right=\"state.thisImage.buttonRight\"\n\t\t\tdata-wp-style--top=\"state.thisImage.buttonTop\"\n\t\t>\n\t\t\t<svg xmlns=\"http:\/\/www.w3.org\/2000\/svg\" width=\"12\" height=\"12\" fill=\"none\" viewBox=\"0 0 12 12\">\n\t\t\t\t<path fill=\"#fff\" d=\"M2 0a2 2 0 0 0-2 2v2h1.5V2a.5.5 0 0 1 .5-.5h2V0H2Zm2 10.5H2a.5.5 0 0 1-.5-.5V8H0v2a2 2 0 0 0 2 2h2v-1.5ZM8 12v-1.5h2a.5.5 0 0 0 .5-.5V8H12v2a2 2 0 0 1-2 2H8Zm2-12a2 2 0 0 1 2 2v2h-1.5V2a.5.5 0 0 0-.5-.5H8V0h2Z\" \/>\n\t\t\t<\/svg>\n\t\t<\/button><figcaption class=\"wp-element-caption\">Foto: Paulmezmerrick \/ Wikimedia Commons (CC BY-SA 4.0)<\/figcaption><\/figure>\n\n\n\n<h2 class=\"wp-block-heading\"><span class=\"ez-toc-section\" id=\"Vilka_kyrkor_kan_man_ga_in_i\"><\/span>Vilka kyrkor kan man g\u00e5 in i<span class=\"ez-toc-section-end\"><\/span><\/h2>\n\n\n\n<p class=\"wp-block-paragraph\">N\u00e4r du l\u00e4ser reseguider kan du l\u00e4tt f\u00e5 intrycket att du i Nesebar kan g\u00e5 in i dussintals ur\u00e5ldriga tempel, men verkligheten ser lite annorlunda ut. Lokala legender talar visserligen om mer \u00e4n fyrtio tempel och arkeologer har fasta bel\u00e4gg f\u00f6r tjugotre, men <strong>kommunen registrerar i dag femton bevarade byggnader<\/strong>, varav tretton \u00e4r skyddade som kulturminnen.<\/p>\n\n\n\n<p class=\"wp-block-paragraph\">Av dessa \u00e4r <strong>bara fyra historiska kyrkor \u00f6ppna inuti som museer med entr\u00e9avgift<\/strong>, medan gudstj\u00e4nster h\u00e5lls i ett enda fungerande tempel fr\u00e5n 1800-talet. Alla andra ber\u00f6mda sev\u00e4rdheter \u00e4r fritt tillg\u00e4ngliga ruiner utan tak, som du kan titta p\u00e5 utifr\u00e5n n\u00e4r som helst helt gratis.<\/p>\n\n\n\n<figure class=\"wp-block-table\"><table><thead><tr><th>Kyrka<\/th><th>\u00c5rhundrade<\/th><th>G\u00e5 in?<\/th><th>Entr\u00e9<\/th><th>Vad du ser inuti<\/th><\/tr><\/thead><tbody><tr><td><strong>S:t Stefanos<\/strong><\/td><td>1100\u20131300-tal<\/td><td><strong>Ja<\/strong><\/td><td>4,60 \u20ac<\/td><td>\u00d6ver 1 000 figurer p\u00e5 fantastiska fresker fr\u00e5n 1599, en m\u00e5lad ikonostas och en snidad tron.<\/td><\/tr><tr><td><strong>Kristi Fr\u00e4lsare<\/strong><\/td><td>1600-tal (1609)<\/td><td><strong>Ja<\/strong><\/td><td>2,56 \u20ac<\/td><td>V\u00e4ggar t\u00e4ckta med 1600-talsfresker, den ursprungliga platsen f\u00f6r en bysantinsk prinsessas gravsten.<\/td><\/tr><tr><td><strong>S:ta Paraskeva<\/strong><\/td><td>1200\u20131300-tal<\/td><td><strong>Ja<\/strong><\/td><td>2,56 \u20ac<\/td><td>Utst\u00e4llning av r\u00e4ddade fresker fr\u00e5n den rivna S:t G\u00f6rankyrkan, som revs 1958.<\/td><\/tr><tr><td><strong>S:t Johannes D\u00f6paren<\/strong><\/td><td>900\u20131000-tal<\/td><td><strong>Ja<\/strong><\/td><td>2,56 \u20ac<\/td><td>Ett s\u00e4llsynt donatorsportr\u00e4tt fr\u00e5n 1300-talet och en fresk av S:ta Marina. Kyrkan st\u00e5r p\u00e5 \u00e4ldre grundvalar.<\/td><\/tr><tr><td><strong>Guds Moder<\/strong><\/td><td>1800-tal (1894)<\/td><td><strong>Ja<\/strong><\/td><td>Gratis<\/td><td>Det enda fungerande, levande templet med h\u00f6g klockstapel och en mirakul\u00f6s ikon, en popul\u00e4r plats f\u00f6r lokala br\u00f6llop.<\/td><\/tr><tr><td><strong>Sofia<\/strong><\/td><td>400-tal<\/td><td><strong>Nej<\/strong> (ruin)<\/td><td>Gratis<\/td><td>Den mest fotograferade enorma basilikan utan tak i sj\u00e4lva centrum av halv\u00f6n.<\/td><\/tr><tr><td><strong>S:t Johannes Aliturgetos<\/strong><\/td><td>1300-tal<\/td><td><strong>Nej<\/strong> (ruin)<\/td><td>Gratis<\/td><td>Ett vackert exempel p\u00e5 pittoresk murstil ovanf\u00f6r hamnen, skadad av den kraftiga jordb\u00e4vningen 1913.<\/td><\/tr><tr><td><strong>Kristus Pantokrator<\/strong><\/td><td>1200\u20131300-tal<\/td><td><strong>Endast utifr\u00e5n<\/strong> \u26a0\ufe0f<\/td><td>Kolla p\u00e5 plats<\/td><td>Stadens mest utsmyckade fasad med en fris av svastikor, en solsymbol. Inuti \u00e4r den oftast st\u00e4ngd p\u00e5 grund av en l\u00e5ng renovering.<\/td><\/tr><tr><td><strong>Guds Moder Eleusa<\/strong><\/td><td>400\u2013500-tal<\/td><td><strong>Nej<\/strong> (ruin)<\/td><td>Gratis<\/td><td>En vidstr\u00e4ckt basilika p\u00e5 norra stranden, vars del tidigare rasade ner i havet.<\/td><\/tr><\/tbody><\/table><\/figure>\n\n\n\n<figure data-wp-context=\"{&quot;imageId&quot;:&quot;6a9c45f0db2a8&quot;}\" data-wp-interactive=\"core\/image\" data-wp-key=\"6a9c45f0db2a8\" class=\"wp-block-image size-full wp-lightbox-container\"><img decoding=\"async\" width=\"1800\" height=\"1350\" data-wp-class--hide=\"state.isContentHidden\" data-wp-class--show=\"state.isContentVisible\" data-wp-init=\"callbacks.setButtonStyles\" data-wp-on--click=\"actions.showLightbox\" data-wp-on--load=\"callbacks.setButtonStyles\" data-wp-on--pointerdown=\"actions.preloadImage\" data-wp-on--pointerenter=\"actions.preloadImageWithDelay\" data-wp-on--pointerleave=\"actions.cancelPreload\" data-wp-on-window--resize=\"callbacks.setButtonStyles\" src=\"https:\/\/loudavymkrokem.cz\/wp-content\/uploads\/2026\/08\/bulharsko-research-nesebar-04.jpg\" alt=\"Gata i gamla Nesebar med kullersten\" class=\"wp-image-404849\" title=\"\" srcset=\"https:\/\/loudavymkrokem.cz\/wp-content\/uploads\/2026\/08\/bulharsko-research-nesebar-04.jpg 1800w, https:\/\/loudavymkrokem.cz\/wp-content\/uploads\/2026\/08\/bulharsko-research-nesebar-04-300x225.jpg 300w, https:\/\/loudavymkrokem.cz\/wp-content\/uploads\/2026\/08\/bulharsko-research-nesebar-04-700x525.jpg 700w, https:\/\/loudavymkrokem.cz\/wp-content\/uploads\/2026\/08\/bulharsko-research-nesebar-04-768x576.jpg 768w, https:\/\/loudavymkrokem.cz\/wp-content\/uploads\/2026\/08\/bulharsko-research-nesebar-04-1536x1152.jpg 1536w, https:\/\/loudavymkrokem.cz\/wp-content\/uploads\/2026\/08\/bulharsko-research-nesebar-04-80x60.jpg 80w, https:\/\/loudavymkrokem.cz\/wp-content\/uploads\/2026\/08\/bulharsko-research-nesebar-04-160x120.jpg 160w, https:\/\/loudavymkrokem.cz\/wp-content\/uploads\/2026\/08\/bulharsko-research-nesebar-04-696x522.jpg 696w, https:\/\/loudavymkrokem.cz\/wp-content\/uploads\/2026\/08\/bulharsko-research-nesebar-04-1392x1044.jpg 1392w\" sizes=\"(max-width: 1800px) 100vw, 1800px\" \/><button\n\t\t\tclass=\"lightbox-trigger\"\n\t\t\ttype=\"button\"\n\t\t\taria-haspopup=\"dialog\"\n\t\t\tdata-wp-bind--aria-label=\"state.thisImage.triggerButtonAriaLabel\"\n\t\t\tdata-wp-init=\"callbacks.initTriggerButton\"\n\t\t\tdata-wp-on--click=\"actions.showLightbox\"\n\t\t\tdata-wp-style--right=\"state.thisImage.buttonRight\"\n\t\t\tdata-wp-style--top=\"state.thisImage.buttonTop\"\n\t\t>\n\t\t\t<svg xmlns=\"http:\/\/www.w3.org\/2000\/svg\" width=\"12\" height=\"12\" fill=\"none\" viewBox=\"0 0 12 12\">\n\t\t\t\t<path fill=\"#fff\" d=\"M2 0a2 2 0 0 0-2 2v2h1.5V2a.5.5 0 0 1 .5-.5h2V0H2Zm2 10.5H2a.5.5 0 0 1-.5-.5V8H0v2a2 2 0 0 0 2 2h2v-1.5ZM8 12v-1.5h2a.5.5 0 0 0 .5-.5V8H12v2a2 2 0 0 1-2 2H8Zm2-12a2 2 0 0 1 2 2v2h-1.5V2a.5.5 0 0 0-.5-.5H8V0h2Z\" \/>\n\t\t\t<\/svg>\n\t\t<\/button><figcaption class=\"wp-element-caption\">Foto: Tanya Dedyukhina \/ Wikimedia Commons, CC BY 3.0<\/figcaption><\/figure>\n\n\n\n<h2 class=\"wp-block-heading\"><span class=\"ez-toc-section\" id=\"Hur_du_tar_dig_till_Nesebar_och_var_du_parkerar\"><\/span>Hur du tar dig till Nesebar och var du parkerar<span class=\"ez-toc-section-end\"><\/span><\/h2>\n\n\n\n<p class=\"wp-block-paragraph\">Transporten till gamla stan kr\u00e4ver lite planering, s\u00e4rskilt om du t\u00e4nker komma med egen eller hyrd bil. Den vanligaste fr\u00e5gan p\u00e5 diskussionsforum brukar vara resan fr\u00e5n grannorterna, eftersom <strong>massor av turister pendlar mellan Sunny Beach och Nesebar<\/strong> fr\u00e5n morgon till kv\u00e4ll.<\/p>\n\n\n\n<p class=\"wp-block-paragraph\">Det mest praktiska och billigaste alternativet \u00e4r att anv\u00e4nda <strong><a href=\"https:\/\/cbs-nesebar.com\/\" target=\"_blank\" rel=\"noopener nofollow\">den lokala busstrafiken<\/a><\/strong>, n\u00e4rmare best\u00e4mt linjerna 1, 4, 5 och 8, som g\u00e5r enligt den officiella sommartidtabellen fr\u00e5n b\u00f6rjan av juni. Mest frekvent \u00e4r linje 1, som avg\u00e5r fr\u00e5n Sunny Beach fr\u00e5n 5.45 \u00e4nda till midnatt med ett sk\u00f6nt intervall p\u00e5 10 till 20 minuter. Resan tar ungef\u00e4r en kvart, <strong>biljetten kostar runt 1 \u20ac och betalas kontant direkt till kondukt\u00f6ren<\/strong> inne i fordonet. Fr\u00e5n Burgas flygplats g\u00e5r ingen direktbuss \u2013 du m\u00e5ste ta lokalbuss linje 15 till s\u00f6dra busstationen i Burgas och byta d\u00e4r till en regionalbuss.<\/p>\n\n\n\n<p class=\"wp-block-paragraph\">Ett alternativ \u00e4r det popul\u00e4ra <strong>turistt\u00e5get<\/strong>, som k\u00f6r p\u00e5 fyra rutter ungef\u00e4r var femtonde minut, eller <strong>sm\u00e5 utflyktsb\u00e5tar<\/strong> som avg\u00e5r varje halvtimme fr\u00e5n hamnarna i Sunny Beach. B\u00e5ten kostar ungef\u00e4r 10 \u20ac f\u00f6r en vuxen och 5 \u20ac f\u00f6r ett barn, vilket \u00e4r en h\u00e4rlig upplevelse, men r\u00e4kna med att f\u00e4rden kan gunga en del vid starkare vind.<\/p>\n\n\n\n<p class=\"wp-block-paragraph\">Om du k\u00f6r bil m\u00e5ste du k\u00e4nna till en avg\u00f6rande sak: <strong>du kommer inte in p\u00e5 halv\u00f6n med bil alls utan en i f\u00f6rv\u00e4g ordnad passersedel<\/strong>. Det finns ingen avgift f\u00f6r ink\u00f6rsel, systemet fungerar s\u00e5 att g\u00e4ster som bor direkt i gamla stan m\u00e5ste ha sitt registreringsnummer f\u00f6ranm\u00e4lt via hotellets reception. S\u00e5 fort du kommer sl\u00e4pper bommarna in dig och du <strong>f\u00e5r exakt en timme p\u00e5 dig att lasta av bagaget<\/strong>, sedan m\u00e5ste du k\u00f6ra bilen till en parkering utanf\u00f6r.<\/p>\n\n\n\n<p class=\"wp-block-paragraph\"><strong>Var du parkerar och vad det kostar:<\/strong><\/p>\n\n\n\n<p class=\"wp-block-paragraph\">Det b\u00e4sta valet \u00e4r den stora, helautomatiserade parkeringen <strong><a href=\"https:\/\/nessebar.bg\/\" target=\"_blank\" rel=\"noopener nofollow\">Parking North (\u0421\u0435\u0432\u0435\u0440 \u2013 \u0433\u043e\u043b\u044f\u043c) p\u00e5 gatan Krajbre\u017ena<\/a><\/strong>, d\u00e4r du enkelt betalar med kort. Elektroniska skyltar visar redan p\u00e5 h\u00e5ll antalet lediga platser.<\/p>\n\n\n\n<ul class=\"wp-block-list\">\n\n<li>Personbil upp till 5 timmars parkering: <strong>1,50 \u20ac per timme<\/strong><\/li>\n\n\n\n<li>Personbil \u00f6ver 5 till 24 timmar: <strong>7,50 \u20ac f\u00f6r hela dagen<\/strong><\/li>\n\n\n\n<li>Bl\u00e5 zon i nya staden (max 3 timmar): <strong>1,00 \u20ac per timme<\/strong><\/li>\n\n\n<\/ul>\n\n\n\n<p class=\"wp-block-paragraph\">Se verkligen upp med att parkera utanf\u00f6r markerade platser. Den lokala polisen \u00e4r kompromissl\u00f6s, <strong>en parkeringsklampa kostar dig 20 \u20ac<\/strong> och bortbogsering g\u00e5r p\u00e5 40 \u20ac plus timparkeringen d\u00e4rtill.<\/p>\n\n\n\n<figure data-wp-context=\"{&quot;imageId&quot;:&quot;6a9c45f0db909&quot;}\" data-wp-interactive=\"core\/image\" data-wp-key=\"6a9c45f0db909\" class=\"wp-block-image size-full wp-lightbox-container\"><img decoding=\"async\" width=\"1800\" height=\"1195\" data-wp-class--hide=\"state.isContentHidden\" data-wp-class--show=\"state.isContentVisible\" data-wp-init=\"callbacks.setButtonStyles\" data-wp-on--click=\"actions.showLightbox\" data-wp-on--load=\"callbacks.setButtonStyles\" data-wp-on--pointerdown=\"actions.preloadImage\" data-wp-on--pointerenter=\"actions.preloadImageWithDelay\" data-wp-on--pointerleave=\"actions.cancelPreload\" data-wp-on-window--resize=\"callbacks.setButtonStyles\" src=\"https:\/\/loudavymkrokem.cz\/wp-content\/uploads\/2026\/08\/bulharsko-research-nesebar-05.jpg\" alt=\"Hamnen i Nesebar\" class=\"wp-image-404852\" title=\"\" srcset=\"https:\/\/loudavymkrokem.cz\/wp-content\/uploads\/2026\/08\/bulharsko-research-nesebar-05.jpg 1800w, https:\/\/loudavymkrokem.cz\/wp-content\/uploads\/2026\/08\/bulharsko-research-nesebar-05-300x199.jpg 300w, https:\/\/loudavymkrokem.cz\/wp-content\/uploads\/2026\/08\/bulharsko-research-nesebar-05-700x465.jpg 700w, https:\/\/loudavymkrokem.cz\/wp-content\/uploads\/2026\/08\/bulharsko-research-nesebar-05-768x510.jpg 768w, https:\/\/loudavymkrokem.cz\/wp-content\/uploads\/2026\/08\/bulharsko-research-nesebar-05-1536x1020.jpg 1536w, https:\/\/loudavymkrokem.cz\/wp-content\/uploads\/2026\/08\/bulharsko-research-nesebar-05-696x462.jpg 696w, https:\/\/loudavymkrokem.cz\/wp-content\/uploads\/2026\/08\/bulharsko-research-nesebar-05-1392x924.jpg 1392w\" sizes=\"(max-width: 1800px) 100vw, 1800px\" \/><button\n\t\t\tclass=\"lightbox-trigger\"\n\t\t\ttype=\"button\"\n\t\t\taria-haspopup=\"dialog\"\n\t\t\tdata-wp-bind--aria-label=\"state.thisImage.triggerButtonAriaLabel\"\n\t\t\tdata-wp-init=\"callbacks.initTriggerButton\"\n\t\t\tdata-wp-on--click=\"actions.showLightbox\"\n\t\t\tdata-wp-style--right=\"state.thisImage.buttonRight\"\n\t\t\tdata-wp-style--top=\"state.thisImage.buttonTop\"\n\t\t>\n\t\t\t<svg xmlns=\"http:\/\/www.w3.org\/2000\/svg\" width=\"12\" height=\"12\" fill=\"none\" viewBox=\"0 0 12 12\">\n\t\t\t\t<path fill=\"#fff\" d=\"M2 0a2 2 0 0 0-2 2v2h1.5V2a.5.5 0 0 1 .5-.5h2V0H2Zm2 10.5H2a.5.5 0 0 1-.5-.5V8H0v2a2 2 0 0 0 2 2h2v-1.5ZM8 12v-1.5h2a.5.5 0 0 0 .5-.5V8H12v2a2 2 0 0 1-2 2H8Zm2-12a2 2 0 0 1 2 2v2h-1.5V2a.5.5 0 0 0-.5-.5H8V0h2Z\" \/>\n\t\t\t<\/svg>\n\t\t<\/button><figcaption class=\"wp-element-caption\">Foto: Wistula \/ Wikimedia Commons, CC BY 3.0<\/figcaption><\/figure>\n\n\n\n<h2 class=\"wp-block-heading\"><span class=\"ez-toc-section\" id=\"Taxi_%E2%80%93_bara_med_eftertanke\"><\/span>Taxi \u2013 bara med eftertanke<span class=\"ez-toc-section-end\"><\/span><\/h2>\n\n\n\n<p class=\"wp-block-paragraph\">N\u00e4r du reser l\u00e4ngs den bulgariska kusten st\u00f6ter du p\u00e5 ett mycket obehagligt fenomen som kan kosta dig massor av pengar. <strong>Kilometerpriset f\u00f6r taxi \u00e4r i Nesebars kommun ungef\u00e4r tre g\u00e5nger s\u00e5 h\u00f6gt<\/strong> j\u00e4mf\u00f6rt med n\u00e4rliggande Burgas. Medan du i Burgas betalar 0,77 \u20ac per kilometer \u00e4r dagtaxan i Nesebar 2,30 \u20ac och nattaxan hela 2,56 \u20ac. Framk\u00f6rningsavgiften ligger p\u00e5 3,83 \u20ac.<\/p>\n\n\n\n<p class=\"wp-block-paragraph\">I praktiken inneb\u00e4r det att om du tar en taxi fr\u00e5n gatan f\u00f6r resan fr\u00e5n Sunny Beach till Burgas flygplats (vilket \u00e4r ungef\u00e4r 26 kilometer) <strong>visar taxametern 64 \u20ac p\u00e5 dagen och upp till 70 \u20ac p\u00e5 natten<\/strong>. Exakt samma str\u00e4cka skulle i Burgas kosta dig runt tjugo euro. Men om du bokar en transfer i f\u00f6rv\u00e4g via n\u00e4tet <strong>betalar du ungef\u00e4r en tredjedel f\u00f6r resan till flygplatsen<\/strong>, allts\u00e5 mellan 31 och 41 \u20ac.<\/p>\n\n\n\n<p class=\"wp-block-paragraph\">Enligt b\u00e5de turisters erfarenheter och lokal press f\u00f6rekommer fall d\u00e4r f\u00f6rare tar absurda summor av ovana bes\u00f6kare. Det finns ett dokumenterat fall fr\u00e5n juni 2023, d\u00e5 <strong>en turist betalade 35 \u20ac f\u00f6r bara 1,6 kilometers f\u00e4rd<\/strong>. B\u00e4sta s\u00e4ttet att undvika detta \u00e4r att inte hoppa in i den f\u00f6rsta bilen som blinkar \u00e5t dig utanf\u00f6r en klubb eller p\u00e5 promenaden, utan g\u00e5 till en officiell taxih\u00e5llplats eller komma \u00f6verens om priset helt tydligt i f\u00f6rv\u00e4g. <strong>Appar som Uber eller Bolt fungerar tyv\u00e4rr inte h\u00e4r.<\/strong><\/p>\n\n\n\n<figure data-wp-context=\"{&quot;imageId&quot;:&quot;6a9c45f0dbd9f&quot;}\" data-wp-interactive=\"core\/image\" data-wp-key=\"6a9c45f0dbd9f\" class=\"wp-block-image size-full wp-lightbox-container\"><img decoding=\"async\" width=\"1800\" height=\"1349\" data-wp-class--hide=\"state.isContentHidden\" data-wp-class--show=\"state.isContentVisible\" data-wp-init=\"callbacks.setButtonStyles\" data-wp-on--click=\"actions.showLightbox\" data-wp-on--load=\"callbacks.setButtonStyles\" data-wp-on--pointerdown=\"actions.preloadImage\" data-wp-on--pointerenter=\"actions.preloadImageWithDelay\" data-wp-on--pointerleave=\"actions.cancelPreload\" data-wp-on-window--resize=\"callbacks.setButtonStyles\" src=\"https:\/\/loudavymkrokem.cz\/wp-content\/uploads\/2026\/08\/bulharsko-research-nesebar-06.jpg\" alt=\"Nesebar utanf\u00f6r den v\u00e4rsta turistrusningen\" class=\"wp-image-404854\" title=\"\" srcset=\"https:\/\/loudavymkrokem.cz\/wp-content\/uploads\/2026\/08\/bulharsko-research-nesebar-06.jpg 1800w, https:\/\/loudavymkrokem.cz\/wp-content\/uploads\/2026\/08\/bulharsko-research-nesebar-06-300x225.jpg 300w, https:\/\/loudavymkrokem.cz\/wp-content\/uploads\/2026\/08\/bulharsko-research-nesebar-06-700x525.jpg 700w, https:\/\/loudavymkrokem.cz\/wp-content\/uploads\/2026\/08\/bulharsko-research-nesebar-06-768x576.jpg 768w, https:\/\/loudavymkrokem.cz\/wp-content\/uploads\/2026\/08\/bulharsko-research-nesebar-06-1536x1151.jpg 1536w, https:\/\/loudavymkrokem.cz\/wp-content\/uploads\/2026\/08\/bulharsko-research-nesebar-06-80x60.jpg 80w, https:\/\/loudavymkrokem.cz\/wp-content\/uploads\/2026\/08\/bulharsko-research-nesebar-06-160x120.jpg 160w, https:\/\/loudavymkrokem.cz\/wp-content\/uploads\/2026\/08\/bulharsko-research-nesebar-06-696x522.jpg 696w, https:\/\/loudavymkrokem.cz\/wp-content\/uploads\/2026\/08\/bulharsko-research-nesebar-06-1392x1043.jpg 1392w\" sizes=\"(max-width: 1800px) 100vw, 1800px\" \/><button\n\t\t\tclass=\"lightbox-trigger\"\n\t\t\ttype=\"button\"\n\t\t\taria-haspopup=\"dialog\"\n\t\t\tdata-wp-bind--aria-label=\"state.thisImage.triggerButtonAriaLabel\"\n\t\t\tdata-wp-init=\"callbacks.initTriggerButton\"\n\t\t\tdata-wp-on--click=\"actions.showLightbox\"\n\t\t\tdata-wp-style--right=\"state.thisImage.buttonRight\"\n\t\t\tdata-wp-style--top=\"state.thisImage.buttonTop\"\n\t\t>\n\t\t\t<svg xmlns=\"http:\/\/www.w3.org\/2000\/svg\" width=\"12\" height=\"12\" fill=\"none\" viewBox=\"0 0 12 12\">\n\t\t\t\t<path fill=\"#fff\" d=\"M2 0a2 2 0 0 0-2 2v2h1.5V2a.5.5 0 0 1 .5-.5h2V0H2Zm2 10.5H2a.5.5 0 0 1-.5-.5V8H0v2a2 2 0 0 0 2 2h2v-1.5ZM8 12v-1.5h2a.5.5 0 0 0 .5-.5V8H12v2a2 2 0 0 1-2 2H8Zm2-12a2 2 0 0 1 2 2v2h-1.5V2a.5.5 0 0 0-.5-.5H8V0h2Z\" \/>\n\t\t\t<\/svg>\n\t\t<\/button><figcaption class=\"wp-element-caption\">Foto: \u041c\u0438\u0445\u0430\u043b \u041e\u0440\u0435\u043b\u0430 \/ Wikimedia Commons, CC BY 3.0<\/figcaption><\/figure>\n\n\n\n<h2 class=\"wp-block-heading\"><span class=\"ez-toc-section\" id=\"Nar_du_ska_besoka_Nesebar_for_att_ha_det_nastan_for_dig_sjalv\"><\/span>N\u00e4r du ska bes\u00f6ka Nesebar f\u00f6r att ha det n\u00e4stan f\u00f6r dig sj\u00e4lv<span class=\"ez-toc-section-end\"><\/span><\/h2>\n\n\n\n<p class=\"wp-block-paragraph\">Kommunens officiella siffror talar sitt tydliga spr\u00e5k: <strong>under sommars\u00e4songen bes\u00f6ker \u00f6ver 30 000 m\u00e4nniskor gamla stan varje dag<\/strong>. N\u00e4r du inser att hela halv\u00f6n breder ut sig p\u00e5 en yta mindre \u00e4n n\u00e5gra f\u00e5 kvarter i Stockholms innerstad f\u00f6rst\u00e5r du att det verkligen blir tr\u00e5ngt i de smala gr\u00e4nderna. Nesebar \u00e4r helt enkelt Bulgariens mest bes\u00f6kta ort.<\/p>\n\n\n\n<p class=\"wp-block-paragraph\">St\u00f6rst tr\u00e4ngsel r\u00e5der <strong>mellan lunch och sju p\u00e5 kv\u00e4llen<\/strong>, n\u00e4r organiserade utflykter st\u00e4ndigt anl\u00e4nder fr\u00e5n hela omgivningen. Om du vill njuta av den romantiska atmosf\u00e4ren i de stenlagda gr\u00e4nderna, <strong>kom hit direkt p\u00e5 morgonen f\u00f6re klockan tio<\/strong>, d\u00e5 det fortfarande \u00e4r sk\u00f6n svalka och havet brukar vara som lugnast. Ett utm\u00e4rkt val \u00e4r ocks\u00e5 en kv\u00e4llspromenad efter klockan \u00e5tta, n\u00e4r folkmassorna glesnar och staden t\u00e4nds upp underbart.<\/p>\n\n\n\n<p class=\"wp-block-paragraph\">Om du funderar p\u00e5 att bes\u00f6ka Nesebar utanf\u00f6r h\u00f6gs\u00e4songen, kom ih\u00e5g att <strong>fr\u00e5n 13 oktober till slutet av mars \u00e4r alla sm\u00e5 kyrkor och museer praktiskt taget st\u00e4ngda<\/strong> (de \u00f6ppnar bara p\u00e5 s\u00e4rskild best\u00e4llning). \u00d6ppet h\u00e5ller bara Arkeologiska museet och S:t Stefanoskyrkan, och det till klockan fem p\u00e5 eftermiddagen. \u00c4ven de flesta restauranger p\u00e5 halv\u00f6n st\u00e4nger under vintern.<\/p>\n\n\n\n<p class=\"wp-block-paragraph\"><strong>Genomsnittliga luft- och havstemperaturer per m\u00e5nad:<\/strong><\/p>\n\n\n\n<figure class=\"wp-block-table\"><table><thead><tr><th>M\u00e5nad<\/th><th>Luft \u00b0C<\/th><th>Hav \u00b0C<\/th><th>Nederb\u00f6rd (dagar)<\/th><\/tr><\/thead><tbody><tr><td>Maj<\/td><td>20,3<\/td><td>16,1<\/td><td>9,9<\/td><\/tr><tr><td>Juni<\/td><td>25,2<\/td><td>23,1<\/td><td>10,4<\/td><\/tr><tr><td>Juli<\/td><td>28,0<\/td><td>26,4<\/td><td>6,5<\/td><\/tr><tr><td><strong>Augusti<\/strong><\/td><td><strong>28,4<\/strong><\/td><td><strong>26,4<\/strong><\/td><td><strong>3,5<\/strong><\/td><\/tr><tr><td>September<\/td><td>24,5<\/td><td>24,7<\/td><td>5,8<\/td><\/tr><tr><td>Oktober<\/td><td>19,0<\/td><td>20,8<\/td><td>6,8<\/td><\/tr><\/tbody><\/table><\/figure>\n\n\n\n<p class=\"wp-block-paragraph\">\ud83d\udca1 <strong>Tips om havstemperaturen:<\/strong> Enligt exakta meteorologiska data \u00e4ndras vattnet v\u00e4ldigt dynamiskt \u00e4ven under en och samma m\u00e5nad. Medan b\u00f6rjan av juni fortfarande brukar vara ganska kall \u00e4r <strong>slutet av juni \u00f6ver tre grader varmare i havet<\/strong>. \u00d6verraskande nog g\u00e4ller att f\u00f6rsta halvan av september erbjuder mycket varmare badvatten \u00e4n i b\u00f6rjan av sommaren.<\/p>\n\n\n\n<figure data-wp-context=\"{&quot;imageId&quot;:&quot;6a9c45f0dc2be&quot;}\" data-wp-interactive=\"core\/image\" data-wp-key=\"6a9c45f0dc2be\" class=\"wp-block-image size-full wp-lightbox-container\"><img decoding=\"async\" width=\"1800\" height=\"1156\" data-wp-class--hide=\"state.isContentHidden\" data-wp-class--show=\"state.isContentVisible\" data-wp-init=\"callbacks.setButtonStyles\" data-wp-on--click=\"actions.showLightbox\" data-wp-on--load=\"callbacks.setButtonStyles\" data-wp-on--pointerdown=\"actions.preloadImage\" data-wp-on--pointerenter=\"actions.preloadImageWithDelay\" data-wp-on--pointerleave=\"actions.cancelPreload\" data-wp-on-window--resize=\"callbacks.setButtonStyles\" src=\"https:\/\/loudavymkrokem.cz\/wp-content\/uploads\/2026\/08\/bulharsko-research-nesebar-07.jpg\" alt=\"Medeltida kyrkor p\u00e5 Nesebars halv\u00f6\" class=\"wp-image-404856\" title=\"\" srcset=\"https:\/\/loudavymkrokem.cz\/wp-content\/uploads\/2026\/08\/bulharsko-research-nesebar-07.jpg 1800w, https:\/\/loudavymkrokem.cz\/wp-content\/uploads\/2026\/08\/bulharsko-research-nesebar-07-300x193.jpg 300w, https:\/\/loudavymkrokem.cz\/wp-content\/uploads\/2026\/08\/bulharsko-research-nesebar-07-700x450.jpg 700w, https:\/\/loudavymkrokem.cz\/wp-content\/uploads\/2026\/08\/bulharsko-research-nesebar-07-768x493.jpg 768w, https:\/\/loudavymkrokem.cz\/wp-content\/uploads\/2026\/08\/bulharsko-research-nesebar-07-1536x986.jpg 1536w, https:\/\/loudavymkrokem.cz\/wp-content\/uploads\/2026\/08\/bulharsko-research-nesebar-07-696x447.jpg 696w, https:\/\/loudavymkrokem.cz\/wp-content\/uploads\/2026\/08\/bulharsko-research-nesebar-07-1392x894.jpg 1392w\" sizes=\"(max-width: 1800px) 100vw, 1800px\" \/><button\n\t\t\tclass=\"lightbox-trigger\"\n\t\t\ttype=\"button\"\n\t\t\taria-haspopup=\"dialog\"\n\t\t\tdata-wp-bind--aria-label=\"state.thisImage.triggerButtonAriaLabel\"\n\t\t\tdata-wp-init=\"callbacks.initTriggerButton\"\n\t\t\tdata-wp-on--click=\"actions.showLightbox\"\n\t\t\tdata-wp-style--right=\"state.thisImage.buttonRight\"\n\t\t\tdata-wp-style--top=\"state.thisImage.buttonTop\"\n\t\t>\n\t\t\t<svg xmlns=\"http:\/\/www.w3.org\/2000\/svg\" width=\"12\" height=\"12\" fill=\"none\" viewBox=\"0 0 12 12\">\n\t\t\t\t<path fill=\"#fff\" d=\"M2 0a2 2 0 0 0-2 2v2h1.5V2a.5.5 0 0 1 .5-.5h2V0H2Zm2 10.5H2a.5.5 0 0 1-.5-.5V8H0v2a2 2 0 0 0 2 2h2v-1.5ZM8 12v-1.5h2a.5.5 0 0 0 .5-.5V8H12v2a2 2 0 0 1-2 2H8Zm2-12a2 2 0 0 1 2 2v2h-1.5V2a.5.5 0 0 0-.5-.5H8V0h2Z\" \/>\n\t\t\t<\/svg>\n\t\t<\/button><figcaption class=\"wp-element-caption\">Foto: Pudelek (Marcin Szala) \/ Wikimedia Commons, CC BY-SA 3.0<\/figcaption><\/figure>\n\n\n\n<h2 class=\"wp-block-heading\"><span class=\"ez-toc-section\" id=\"Kyrkor_och_tempel_8_platser_du_maste_se\"><\/span>Kyrkor och tempel: 8 platser du m\u00e5ste se<span class=\"ez-toc-section-end\"><\/span><\/h2>\n\n\n\n<p class=\"wp-block-paragraph\">Nu kommer den b\u00e4sta delen. Den arkitektoniska rikedomen ligger s\u00e5 t\u00e4tt packad h\u00e4r att Nesebar kallas f\u00f6r <strong>\u201dBulgariens Ravenna\u201d<\/strong>, och \u00e4rligt talat \u00e4r den j\u00e4mf\u00f6relsen v\u00e4lf\u00f6rtj\u00e4nt. Alla n\u00e4mnda sev\u00e4rdheter hittar du <strong>inom en radie av n\u00e5gra hundra meter<\/strong>.<\/p>\n\n\n\n<figure data-wp-context=\"{&quot;imageId&quot;:&quot;6a9c45f0dc6ac&quot;}\" data-wp-interactive=\"core\/image\" data-wp-key=\"6a9c45f0dc6ac\" class=\"wp-block-image size-full wp-lightbox-container\"><img decoding=\"async\" width=\"1800\" height=\"1450\" data-wp-class--hide=\"state.isContentHidden\" data-wp-class--show=\"state.isContentVisible\" data-wp-init=\"callbacks.setButtonStyles\" data-wp-on--click=\"actions.showLightbox\" data-wp-on--load=\"callbacks.setButtonStyles\" data-wp-on--pointerdown=\"actions.preloadImage\" data-wp-on--pointerenter=\"actions.preloadImageWithDelay\" data-wp-on--pointerleave=\"actions.cancelPreload\" data-wp-on-window--resize=\"callbacks.setButtonStyles\" src=\"https:\/\/loudavymkrokem.cz\/wp-content\/uploads\/2026\/08\/bulharsko-research-nesebar-08.jpg\" alt=\"S:t Stefanoskyrkan, Nya metropolen\" class=\"wp-image-404858\" title=\"\" srcset=\"https:\/\/loudavymkrokem.cz\/wp-content\/uploads\/2026\/08\/bulharsko-research-nesebar-08.jpg 1800w, https:\/\/loudavymkrokem.cz\/wp-content\/uploads\/2026\/08\/bulharsko-research-nesebar-08-300x242.jpg 300w, https:\/\/loudavymkrokem.cz\/wp-content\/uploads\/2026\/08\/bulharsko-research-nesebar-08-700x564.jpg 700w, https:\/\/loudavymkrokem.cz\/wp-content\/uploads\/2026\/08\/bulharsko-research-nesebar-08-768x619.jpg 768w, https:\/\/loudavymkrokem.cz\/wp-content\/uploads\/2026\/08\/bulharsko-research-nesebar-08-1536x1237.jpg 1536w, https:\/\/loudavymkrokem.cz\/wp-content\/uploads\/2026\/08\/bulharsko-research-nesebar-08-696x561.jpg 696w, https:\/\/loudavymkrokem.cz\/wp-content\/uploads\/2026\/08\/bulharsko-research-nesebar-08-1392x1121.jpg 1392w\" sizes=\"(max-width: 1800px) 100vw, 1800px\" \/><button\n\t\t\tclass=\"lightbox-trigger\"\n\t\t\ttype=\"button\"\n\t\t\taria-haspopup=\"dialog\"\n\t\t\tdata-wp-bind--aria-label=\"state.thisImage.triggerButtonAriaLabel\"\n\t\t\tdata-wp-init=\"callbacks.initTriggerButton\"\n\t\t\tdata-wp-on--click=\"actions.showLightbox\"\n\t\t\tdata-wp-style--right=\"state.thisImage.buttonRight\"\n\t\t\tdata-wp-style--top=\"state.thisImage.buttonTop\"\n\t\t>\n\t\t\t<svg xmlns=\"http:\/\/www.w3.org\/2000\/svg\" width=\"12\" height=\"12\" fill=\"none\" viewBox=\"0 0 12 12\">\n\t\t\t\t<path fill=\"#fff\" d=\"M2 0a2 2 0 0 0-2 2v2h1.5V2a.5.5 0 0 1 .5-.5h2V0H2Zm2 10.5H2a.5.5 0 0 1-.5-.5V8H0v2a2 2 0 0 0 2 2h2v-1.5ZM8 12v-1.5h2a.5.5 0 0 0 .5-.5V8H12v2a2 2 0 0 1-2 2H8Zm2-12a2 2 0 0 1 2 2v2h-1.5V2a.5.5 0 0 0-.5-.5H8V0h2Z\" \/>\n\t\t\t<\/svg>\n\t\t<\/button><figcaption class=\"wp-element-caption\">Foto: MrPanyGoff \/ Wikimedia Commons, CC BY-SA 3.0<\/figcaption><\/figure>\n\n\n\n<h3 class=\"wp-block-heading\"><span class=\"ez-toc-section\" id=\"1_S_t_Stefanoskyrkan_Nya_metropolen\"><\/span>1. S:t Stefanoskyrkan (Nya metropolen)<span class=\"ez-toc-section-end\"><\/span><\/h3>\n\n\n\n<p class=\"wp-block-paragraph\">Detta \u00e4r den absoluta h\u00f6jdpunkten i Nesebars arkitektur och <strong>huvudattraktionen f\u00f6r alla historie\u00e4lskare<\/strong>. Kyrkan h\u00e4rstammar fr\u00e5n 1100- till 1300-talet och \u00e4r en av f\u00e5 som \u00e4r \u00f6ppen inuti (entr\u00e9 4,60 \u20ac). N\u00e4r du g\u00e5r in sl\u00e5s du av <strong>underbart bevarade fresker fr\u00e5n 1599<\/strong>, som skildrar \u00f6ver 1 000 figurer i 258 olika kompositioner.<\/p>\n\n\n\n<p class=\"wp-block-paragraph\">Utsmyckningen utf\u00f6rdes bevisligen av tre olika m\u00e4stare och interi\u00f6ren kompletteras av en vacker m\u00e5lad ikonostas och en snidad tron fr\u00e5n 1700-talet. En stor f\u00f6rdel \u00e4r att <strong>man h\u00e4r, till skillnad fr\u00e5n de flesta bulgariska tempel, f\u00e5r fotografera<\/strong>, s\u00e5 du kan f\u00f6reviga all denna prakt. Kyrkan har varit \u00f6ppen f\u00f6r bes\u00f6kare \u00e4nda sedan 1974 och den b\u00f6r du absolut inte missa.<\/p>\n\n\n\n<figure data-wp-context=\"{&quot;imageId&quot;:&quot;6a9c45f0dcb6a&quot;}\" data-wp-interactive=\"core\/image\" data-wp-key=\"6a9c45f0dcb6a\" class=\"wp-block-image size-full wp-lightbox-container\"><img decoding=\"async\" width=\"1800\" height=\"1350\" data-wp-class--hide=\"state.isContentHidden\" data-wp-class--show=\"state.isContentVisible\" data-wp-init=\"callbacks.setButtonStyles\" data-wp-on--click=\"actions.showLightbox\" data-wp-on--load=\"callbacks.setButtonStyles\" data-wp-on--pointerdown=\"actions.preloadImage\" data-wp-on--pointerenter=\"actions.preloadImageWithDelay\" data-wp-on--pointerleave=\"actions.cancelPreload\" data-wp-on-window--resize=\"callbacks.setButtonStyles\" src=\"https:\/\/loudavymkrokem.cz\/wp-content\/uploads\/2026\/08\/bulharsko-research-nesebar-09.jpg\" alt=\"Kristi Fr\u00e4lsarkyrka med fresker fr\u00e5n 1600-talet\" class=\"wp-image-404860\" title=\"\" srcset=\"https:\/\/loudavymkrokem.cz\/wp-content\/uploads\/2026\/08\/bulharsko-research-nesebar-09.jpg 1800w, https:\/\/loudavymkrokem.cz\/wp-content\/uploads\/2026\/08\/bulharsko-research-nesebar-09-300x225.jpg 300w, https:\/\/loudavymkrokem.cz\/wp-content\/uploads\/2026\/08\/bulharsko-research-nesebar-09-700x525.jpg 700w, https:\/\/loudavymkrokem.cz\/wp-content\/uploads\/2026\/08\/bulharsko-research-nesebar-09-768x576.jpg 768w, https:\/\/loudavymkrokem.cz\/wp-content\/uploads\/2026\/08\/bulharsko-research-nesebar-09-1536x1152.jpg 1536w, https:\/\/loudavymkrokem.cz\/wp-content\/uploads\/2026\/08\/bulharsko-research-nesebar-09-80x60.jpg 80w, https:\/\/loudavymkrokem.cz\/wp-content\/uploads\/2026\/08\/bulharsko-research-nesebar-09-160x120.jpg 160w, https:\/\/loudavymkrokem.cz\/wp-content\/uploads\/2026\/08\/bulharsko-research-nesebar-09-696x522.jpg 696w, https:\/\/loudavymkrokem.cz\/wp-content\/uploads\/2026\/08\/bulharsko-research-nesebar-09-1392x1044.jpg 1392w\" sizes=\"(max-width: 1800px) 100vw, 1800px\" \/><button\n\t\t\tclass=\"lightbox-trigger\"\n\t\t\ttype=\"button\"\n\t\t\taria-haspopup=\"dialog\"\n\t\t\tdata-wp-bind--aria-label=\"state.thisImage.triggerButtonAriaLabel\"\n\t\t\tdata-wp-init=\"callbacks.initTriggerButton\"\n\t\t\tdata-wp-on--click=\"actions.showLightbox\"\n\t\t\tdata-wp-style--right=\"state.thisImage.buttonRight\"\n\t\t\tdata-wp-style--top=\"state.thisImage.buttonTop\"\n\t\t>\n\t\t\t<svg xmlns=\"http:\/\/www.w3.org\/2000\/svg\" width=\"12\" height=\"12\" fill=\"none\" viewBox=\"0 0 12 12\">\n\t\t\t\t<path fill=\"#fff\" d=\"M2 0a2 2 0 0 0-2 2v2h1.5V2a.5.5 0 0 1 .5-.5h2V0H2Zm2 10.5H2a.5.5 0 0 1-.5-.5V8H0v2a2 2 0 0 0 2 2h2v-1.5ZM8 12v-1.5h2a.5.5 0 0 0 .5-.5V8H12v2a2 2 0 0 1-2 2H8Zm2-12a2 2 0 0 1 2 2v2h-1.5V2a.5.5 0 0 0-.5-.5H8V0h2Z\" \/>\n\t\t\t<\/svg>\n\t\t<\/button><figcaption class=\"wp-element-caption\">Foto: Oleg Yunakov \/ Wikimedia Commons (CC BY-SA 4.0)<\/figcaption><\/figure>\n\n\n\n<h3 class=\"wp-block-heading\"><span class=\"ez-toc-section\" id=\"2_Kristi_Fralsarkyrka_Himmelsfarden\"><\/span>2. Kristi Fr\u00e4lsarkyrka (Himmelsf\u00e4rden)<span class=\"ez-toc-section-end\"><\/span><\/h3>\n\n\n\n<p class=\"wp-block-paragraph\">Denna lilla, anspr\u00e5ksl\u00f6sa enskeppiga byggnad fr\u00e5n 1609 d\u00f6ljer inuti en verklig skatt. Efter att du betalat entr\u00e9n p\u00e5 2,56 \u20ac kliver du in i ett rum vars <strong>v\u00e4ggar n\u00e4stan fr\u00e5n golv till tak \u00e4r t\u00e4ckta av fascinerande fresker<\/strong> fr\u00e5n b\u00f6rjan av 1600-talet.<\/p>\n\n\n\n<p class=\"wp-block-paragraph\">Ett kuriosum \u00e4r att det just var h\u00e4r som gravstenen efter den bysantinska prinsessan <strong>Mataisa Kantakuzene Palaiologina<\/strong> ursprungligen f\u00f6rvarades \u2013 hon dog 1441. I dag hittar du denna s\u00e4llsynta artefakt i tryggt f\u00f6rvar p\u00e5 Arkeologiska museet, men templets atmosf\u00e4r f\u00f6rblir \u00e4nd\u00e5 mycket stark.<\/p>\n\n\n\n<figure data-wp-context=\"{&quot;imageId&quot;:&quot;6a9c45f0dd191&quot;}\" data-wp-interactive=\"core\/image\" data-wp-key=\"6a9c45f0dd191\" class=\"wp-block-image size-full wp-lightbox-container\"><img decoding=\"async\" width=\"1800\" height=\"729\" data-wp-class--hide=\"state.isContentHidden\" data-wp-class--show=\"state.isContentVisible\" data-wp-init=\"callbacks.setButtonStyles\" data-wp-on--click=\"actions.showLightbox\" data-wp-on--load=\"callbacks.setButtonStyles\" data-wp-on--pointerdown=\"actions.preloadImage\" data-wp-on--pointerenter=\"actions.preloadImageWithDelay\" data-wp-on--pointerleave=\"actions.cancelPreload\" data-wp-on-window--resize=\"callbacks.setButtonStyles\" src=\"https:\/\/loudavymkrokem.cz\/wp-content\/uploads\/2026\/08\/bulharsko-research-nesebar-10.jpg\" alt=\"Sofiabasilikan, Gamla metropolen utan tak\" class=\"wp-image-404861\" title=\"\" srcset=\"https:\/\/loudavymkrokem.cz\/wp-content\/uploads\/2026\/08\/bulharsko-research-nesebar-10.jpg 1800w, https:\/\/loudavymkrokem.cz\/wp-content\/uploads\/2026\/08\/bulharsko-research-nesebar-10-300x122.jpg 300w, https:\/\/loudavymkrokem.cz\/wp-content\/uploads\/2026\/08\/bulharsko-research-nesebar-10-700x284.jpg 700w, https:\/\/loudavymkrokem.cz\/wp-content\/uploads\/2026\/08\/bulharsko-research-nesebar-10-768x311.jpg 768w, https:\/\/loudavymkrokem.cz\/wp-content\/uploads\/2026\/08\/bulharsko-research-nesebar-10-1536x622.jpg 1536w, https:\/\/loudavymkrokem.cz\/wp-content\/uploads\/2026\/08\/bulharsko-research-nesebar-10-696x282.jpg 696w, https:\/\/loudavymkrokem.cz\/wp-content\/uploads\/2026\/08\/bulharsko-research-nesebar-10-1392x564.jpg 1392w\" sizes=\"(max-width: 1800px) 100vw, 1800px\" \/><button\n\t\t\tclass=\"lightbox-trigger\"\n\t\t\ttype=\"button\"\n\t\t\taria-haspopup=\"dialog\"\n\t\t\tdata-wp-bind--aria-label=\"state.thisImage.triggerButtonAriaLabel\"\n\t\t\tdata-wp-init=\"callbacks.initTriggerButton\"\n\t\t\tdata-wp-on--click=\"actions.showLightbox\"\n\t\t\tdata-wp-style--right=\"state.thisImage.buttonRight\"\n\t\t\tdata-wp-style--top=\"state.thisImage.buttonTop\"\n\t\t>\n\t\t\t<svg xmlns=\"http:\/\/www.w3.org\/2000\/svg\" width=\"12\" height=\"12\" fill=\"none\" viewBox=\"0 0 12 12\">\n\t\t\t\t<path fill=\"#fff\" d=\"M2 0a2 2 0 0 0-2 2v2h1.5V2a.5.5 0 0 1 .5-.5h2V0H2Zm2 10.5H2a.5.5 0 0 1-.5-.5V8H0v2a2 2 0 0 0 2 2h2v-1.5ZM8 12v-1.5h2a.5.5 0 0 0 .5-.5V8H12v2a2 2 0 0 1-2 2H8Zm2-12a2 2 0 0 1 2 2v2h-1.5V2a.5.5 0 0 0-.5-.5H8V0h2Z\" \/>\n\t\t\t<\/svg>\n\t\t<\/button><figcaption class=\"wp-element-caption\">Foto: fusion-of-horizons \/ Wikimedia Commons, CC BY 2.0<\/figcaption><\/figure>\n\n\n\n<h3 class=\"wp-block-heading\"><span class=\"ez-toc-section\" id=\"3_Sofiabasilikan_Gamla_metropolen\"><\/span>3. Sofiabasilikan (Gamla metropolen)<span class=\"ez-toc-section-end\"><\/span><\/h3>\n\n\n\n<p class=\"wp-block-paragraph\">Detta \u00e4r <strong>den mest fotograferade ruinen i hela staden<\/strong> och f\u00f6rmodligen den ikoniska bilden som dyker upp i huvudet n\u00e4r n\u00e5gon s\u00e4ger Nesebar. Den enorma \u00f6ppna basilikan utan tak h\u00e4rstammar fr\u00e5n mitten av 400-talet och \u00e4r ett exempel p\u00e5 tidigkristen arkitektur influerad av sj\u00e4lvaste Konstantinopel. Det kostar ingen entr\u00e9 att g\u00e5 in, ruinerna \u00e4r fritt tillg\u00e4ngliga dygnet runt.<\/p>\n\n\n\n<p class=\"wp-block-paragraph\">Platsens historia \u00e4r full av dramatik. P\u00e5 1200-talet <strong>plundrades katedralen av den venetianska flottan<\/strong>, som f\u00f6rde bort v\u00e4rdefulla reliker, bland annat aposteln Andreas hand, som \u00e4n i dag finns i Venedig. I maj 2025 h\u00f6lls h\u00e4r en gemensam bulgarisk-grekisk liturgi efter n\u00e4stan sexhundra \u00e5r, vilket var en enorm h\u00f6gtid f\u00f6r lokalborna.<\/p>\n\n\n\n<figure data-wp-context=\"{&quot;imageId&quot;:&quot;6a9c45f0dd619&quot;}\" data-wp-interactive=\"core\/image\" data-wp-key=\"6a9c45f0dd619\" class=\"wp-block-image size-full wp-lightbox-container\"><img decoding=\"async\" width=\"1800\" height=\"915\" data-wp-class--hide=\"state.isContentHidden\" data-wp-class--show=\"state.isContentVisible\" data-wp-init=\"callbacks.setButtonStyles\" data-wp-on--click=\"actions.showLightbox\" data-wp-on--load=\"callbacks.setButtonStyles\" data-wp-on--pointerdown=\"actions.preloadImage\" data-wp-on--pointerenter=\"actions.preloadImageWithDelay\" data-wp-on--pointerleave=\"actions.cancelPreload\" data-wp-on-window--resize=\"callbacks.setButtonStyles\" src=\"https:\/\/loudavymkrokem.cz\/wp-content\/uploads\/2026\/08\/bulharsko-research-nesebar-11.jpg\" alt=\"S:t Johannes D\u00f6parens kyrka fr\u00e5n 900- och 1000-talet\" class=\"wp-image-404864\" title=\"\" srcset=\"https:\/\/loudavymkrokem.cz\/wp-content\/uploads\/2026\/08\/bulharsko-research-nesebar-11.jpg 1800w, https:\/\/loudavymkrokem.cz\/wp-content\/uploads\/2026\/08\/bulharsko-research-nesebar-11-300x153.jpg 300w, https:\/\/loudavymkrokem.cz\/wp-content\/uploads\/2026\/08\/bulharsko-research-nesebar-11-700x356.jpg 700w, https:\/\/loudavymkrokem.cz\/wp-content\/uploads\/2026\/08\/bulharsko-research-nesebar-11-768x390.jpg 768w, https:\/\/loudavymkrokem.cz\/wp-content\/uploads\/2026\/08\/bulharsko-research-nesebar-11-1536x781.jpg 1536w, https:\/\/loudavymkrokem.cz\/wp-content\/uploads\/2026\/08\/bulharsko-research-nesebar-11-696x354.jpg 696w, https:\/\/loudavymkrokem.cz\/wp-content\/uploads\/2026\/08\/bulharsko-research-nesebar-11-1392x708.jpg 1392w\" sizes=\"(max-width: 1800px) 100vw, 1800px\" \/><button\n\t\t\tclass=\"lightbox-trigger\"\n\t\t\ttype=\"button\"\n\t\t\taria-haspopup=\"dialog\"\n\t\t\tdata-wp-bind--aria-label=\"state.thisImage.triggerButtonAriaLabel\"\n\t\t\tdata-wp-init=\"callbacks.initTriggerButton\"\n\t\t\tdata-wp-on--click=\"actions.showLightbox\"\n\t\t\tdata-wp-style--right=\"state.thisImage.buttonRight\"\n\t\t\tdata-wp-style--top=\"state.thisImage.buttonTop\"\n\t\t>\n\t\t\t<svg xmlns=\"http:\/\/www.w3.org\/2000\/svg\" width=\"12\" height=\"12\" fill=\"none\" viewBox=\"0 0 12 12\">\n\t\t\t\t<path fill=\"#fff\" d=\"M2 0a2 2 0 0 0-2 2v2h1.5V2a.5.5 0 0 1 .5-.5h2V0H2Zm2 10.5H2a.5.5 0 0 1-.5-.5V8H0v2a2 2 0 0 0 2 2h2v-1.5ZM8 12v-1.5h2a.5.5 0 0 0 .5-.5V8H12v2a2 2 0 0 1-2 2H8Zm2-12a2 2 0 0 1 2 2v2h-1.5V2a.5.5 0 0 0-.5-.5H8V0h2Z\" \/>\n\t\t\t<\/svg>\n\t\t<\/button><figcaption class=\"wp-element-caption\">Foto: fusion-of-horizons \/ Wikimedia Commons (CC BY 2.0)<\/figcaption><\/figure>\n\n\n\n<h3 class=\"wp-block-heading\"><span class=\"ez-toc-section\" id=\"4_S_t_Johannes_Doparens_kyrka\"><\/span>4. S:t Johannes D\u00f6parens kyrka<span class=\"ez-toc-section-end\"><\/span><\/h3>\n\n\n\n<p class=\"wp-block-paragraph\">Detta tempel, byggt vid \u00f6verg\u00e5ngen mellan 900- och 1000-talet, st\u00e5r p\u00e5 grunden till en \u00e4nnu mycket \u00e4ldre senantik basilika fr\u00e5n 500-talet. Du kommer in f\u00f6r en avgift p\u00e5 2,56 \u20ac och h\u00e4r v\u00e4ntar dig <strong>ett s\u00e4llsynt donatorsportr\u00e4tt fr\u00e5n 1300-talet<\/strong> och en vacker fresk av S:ta Marina fr\u00e5n 1600-talet.<\/p>\n\n\n\n<p class=\"wp-block-paragraph\">Det r\u00f6r sig om en exemplarisk <strong>korskupolebyggnad<\/strong>, som vid f\u00f6rsta anblicken f\u00e5ngar blicken med sin grova stenfasad utan on\u00f6diga utsmyckningar. Pelare b\u00e4r upp det centrala valvet, vilket skapar en mycket behaglig och intim atmosf\u00e4r inuti.<\/p>\n\n\n\n<p class=\"wp-block-paragraph\">\ud83d\udca1 <strong>Tips:<\/strong> Om du best\u00e4mmer dig f\u00f6r att bes\u00f6ka flera avgiftsbelagda kyrkor, skaffa absolut en kombinationsbiljett redan i b\u00f6rjan \u2013 med den sparar du en inte obetydlig summa i euro.<\/p>\n\n\n\n<figure data-wp-context=\"{&quot;imageId&quot;:&quot;6a9c45f0ddab8&quot;}\" data-wp-interactive=\"core\/image\" data-wp-key=\"6a9c45f0ddab8\" class=\"wp-block-image size-full wp-lightbox-container\"><img decoding=\"async\" width=\"1800\" height=\"1127\" data-wp-class--hide=\"state.isContentHidden\" data-wp-class--show=\"state.isContentVisible\" data-wp-init=\"callbacks.setButtonStyles\" data-wp-on--click=\"actions.showLightbox\" data-wp-on--load=\"callbacks.setButtonStyles\" data-wp-on--pointerdown=\"actions.preloadImage\" data-wp-on--pointerenter=\"actions.preloadImageWithDelay\" data-wp-on--pointerleave=\"actions.cancelPreload\" data-wp-on-window--resize=\"callbacks.setButtonStyles\" src=\"https:\/\/loudavymkrokem.cz\/wp-content\/uploads\/2026\/08\/bulharsko-research-nesebar-12.jpg\" alt=\"S:t Johannes Aliturgetos ovanf\u00f6r hamnen\" class=\"wp-image-404866\" title=\"\" srcset=\"https:\/\/loudavymkrokem.cz\/wp-content\/uploads\/2026\/08\/bulharsko-research-nesebar-12.jpg 1800w, https:\/\/loudavymkrokem.cz\/wp-content\/uploads\/2026\/08\/bulharsko-research-nesebar-12-300x188.jpg 300w, https:\/\/loudavymkrokem.cz\/wp-content\/uploads\/2026\/08\/bulharsko-research-nesebar-12-700x438.jpg 700w, https:\/\/loudavymkrokem.cz\/wp-content\/uploads\/2026\/08\/bulharsko-research-nesebar-12-768x481.jpg 768w, https:\/\/loudavymkrokem.cz\/wp-content\/uploads\/2026\/08\/bulharsko-research-nesebar-12-1536x962.jpg 1536w, https:\/\/loudavymkrokem.cz\/wp-content\/uploads\/2026\/08\/bulharsko-research-nesebar-12-696x436.jpg 696w, https:\/\/loudavymkrokem.cz\/wp-content\/uploads\/2026\/08\/bulharsko-research-nesebar-12-1392x872.jpg 1392w\" sizes=\"(max-width: 1800px) 100vw, 1800px\" \/><button\n\t\t\tclass=\"lightbox-trigger\"\n\t\t\ttype=\"button\"\n\t\t\taria-haspopup=\"dialog\"\n\t\t\tdata-wp-bind--aria-label=\"state.thisImage.triggerButtonAriaLabel\"\n\t\t\tdata-wp-init=\"callbacks.initTriggerButton\"\n\t\t\tdata-wp-on--click=\"actions.showLightbox\"\n\t\t\tdata-wp-style--right=\"state.thisImage.buttonRight\"\n\t\t\tdata-wp-style--top=\"state.thisImage.buttonTop\"\n\t\t>\n\t\t\t<svg xmlns=\"http:\/\/www.w3.org\/2000\/svg\" width=\"12\" height=\"12\" fill=\"none\" viewBox=\"0 0 12 12\">\n\t\t\t\t<path fill=\"#fff\" d=\"M2 0a2 2 0 0 0-2 2v2h1.5V2a.5.5 0 0 1 .5-.5h2V0H2Zm2 10.5H2a.5.5 0 0 1-.5-.5V8H0v2a2 2 0 0 0 2 2h2v-1.5ZM8 12v-1.5h2a.5.5 0 0 0 .5-.5V8H12v2a2 2 0 0 1-2 2H8Zm2-12a2 2 0 0 1 2 2v2h-1.5V2a.5.5 0 0 0-.5-.5H8V0h2Z\" \/>\n\t\t\t<\/svg>\n\t\t<\/button><figcaption class=\"wp-element-caption\">Foto: MrPanyGoff \/ Wikimedia Commons, CC BY-SA 3.0<\/figcaption><\/figure>\n\n\n\n<h3 class=\"wp-block-heading\"><span class=\"ez-toc-section\" id=\"5_S_t_Johannes_Aliturgetos_Den_ovigda\"><\/span>5. S:t Johannes Aliturgetos (Den ovigda)<span class=\"ez-toc-section-end\"><\/span><\/h3>\n\n\n\n<p class=\"wp-block-paragraph\">Denna byggnad fr\u00e5n 1300-talet reser sig direkt ovanf\u00f6r hamnen och representerar <strong>den absoluta h\u00f6jdpunkten av den s\u00e5 kallade pittoreska murstilen<\/strong>, d\u00e4r band av vit sten och r\u00f6da tegelstenar varvas och kompletteras med keramiska detaljer. Kyrkan \u00e4r tyv\u00e4rr sv\u00e5rt skadad av den f\u00f6r\u00f6dande jordb\u00e4vningen 1913, s\u00e5 du kan bara se den utifr\u00e5n som en fritt tillg\u00e4nglig ruin.<\/p>\n\n\n\n<p class=\"wp-block-paragraph\">Enligt en gammal legend blev detta tempel aldrig vigt, eftersom <strong>en av arbetarna tragiskt omkom under bygget<\/strong>, vilket d\u00e5tidens regler inte till\u00e4t att man borts\u00e5g fr\u00e5n. Vare sig det \u00e4r sant eller inte h\u00f6r utsikten h\u00e4rifr\u00e5n \u00f6ver det \u00f6ppna havet till de b\u00e4sta i hela staden.<\/p>\n\n\n\n<figure data-wp-context=\"{&quot;imageId&quot;:&quot;6a9c45f0ddf81&quot;}\" data-wp-interactive=\"core\/image\" data-wp-key=\"6a9c45f0ddf81\" class=\"wp-block-image size-full wp-lightbox-container\"><img decoding=\"async\" width=\"1800\" height=\"1089\" data-wp-class--hide=\"state.isContentHidden\" data-wp-class--show=\"state.isContentVisible\" data-wp-init=\"callbacks.setButtonStyles\" data-wp-on--click=\"actions.showLightbox\" data-wp-on--load=\"callbacks.setButtonStyles\" data-wp-on--pointerdown=\"actions.preloadImage\" data-wp-on--pointerenter=\"actions.preloadImageWithDelay\" data-wp-on--pointerleave=\"actions.cancelPreload\" data-wp-on-window--resize=\"callbacks.setButtonStyles\" src=\"https:\/\/loudavymkrokem.cz\/wp-content\/uploads\/2026\/08\/bulharsko-research-nesebar-13.jpg\" alt=\"Den utsmyckade fasaden p\u00e5 Kristus Pantokrator-kyrkan\" class=\"wp-image-404867\" title=\"\" srcset=\"https:\/\/loudavymkrokem.cz\/wp-content\/uploads\/2026\/08\/bulharsko-research-nesebar-13.jpg 1800w, https:\/\/loudavymkrokem.cz\/wp-content\/uploads\/2026\/08\/bulharsko-research-nesebar-13-300x182.jpg 300w, https:\/\/loudavymkrokem.cz\/wp-content\/uploads\/2026\/08\/bulharsko-research-nesebar-13-700x424.jpg 700w, https:\/\/loudavymkrokem.cz\/wp-content\/uploads\/2026\/08\/bulharsko-research-nesebar-13-768x465.jpg 768w, https:\/\/loudavymkrokem.cz\/wp-content\/uploads\/2026\/08\/bulharsko-research-nesebar-13-1536x929.jpg 1536w, https:\/\/loudavymkrokem.cz\/wp-content\/uploads\/2026\/08\/bulharsko-research-nesebar-13-696x421.jpg 696w, https:\/\/loudavymkrokem.cz\/wp-content\/uploads\/2026\/08\/bulharsko-research-nesebar-13-1392x842.jpg 1392w\" sizes=\"(max-width: 1800px) 100vw, 1800px\" \/><button\n\t\t\tclass=\"lightbox-trigger\"\n\t\t\ttype=\"button\"\n\t\t\taria-haspopup=\"dialog\"\n\t\t\tdata-wp-bind--aria-label=\"state.thisImage.triggerButtonAriaLabel\"\n\t\t\tdata-wp-init=\"callbacks.initTriggerButton\"\n\t\t\tdata-wp-on--click=\"actions.showLightbox\"\n\t\t\tdata-wp-style--right=\"state.thisImage.buttonRight\"\n\t\t\tdata-wp-style--top=\"state.thisImage.buttonTop\"\n\t\t>\n\t\t\t<svg xmlns=\"http:\/\/www.w3.org\/2000\/svg\" width=\"12\" height=\"12\" fill=\"none\" viewBox=\"0 0 12 12\">\n\t\t\t\t<path fill=\"#fff\" d=\"M2 0a2 2 0 0 0-2 2v2h1.5V2a.5.5 0 0 1 .5-.5h2V0H2Zm2 10.5H2a.5.5 0 0 1-.5-.5V8H0v2a2 2 0 0 0 2 2h2v-1.5ZM8 12v-1.5h2a.5.5 0 0 0 .5-.5V8H12v2a2 2 0 0 1-2 2H8Zm2-12a2 2 0 0 1 2 2v2h-1.5V2a.5.5 0 0 0-.5-.5H8V0h2Z\" \/>\n\t\t\t<\/svg>\n\t\t<\/button><figcaption class=\"wp-element-caption\">Foto: Pudelek (Marcin Szala) \/ Wikimedia Commons, CC BY-SA 3.0<\/figcaption><\/figure>\n\n\n\n<h3 class=\"wp-block-heading\"><span class=\"ez-toc-section\" id=\"6_Kristus_Pantokrator-kyrkan\"><\/span>6. Kristus Pantokrator-kyrkan<span class=\"ez-toc-section-end\"><\/span><\/h3>\n\n\n\n<p class=\"wp-block-paragraph\">Om Nesebar har en byggnad som du k\u00e4nner igen fr\u00e5n bilder redan innan du kommer hit, s\u00e5 \u00e4r det den h\u00e4r kyrkan fr\u00e5n 1200- till 1300-talet. <strong>Dess fasad \u00e4r den mest utsmyckade i hela staden<\/strong> och kombinerar band av sten, tegel, gr\u00f6na glaserade keramiksk\u00e5lar och blinda arkader till ett m\u00f6nster utan motsvarighet p\u00e5 kusten.<\/p>\n\n\n\n<p class=\"wp-block-paragraph\">Den mest intressanta detaljen hittar du ovanf\u00f6r absiderna. D\u00e4r l\u00f6per <strong>en fris av tegelsvastikor<\/strong>, vilket i det h\u00e4r fallet \u00e4r en ur\u00e5ldrig solsymbol, inte en modern f\u00f6rkortning. De \u00e5tta b\u00e5gformade f\u00f6nstren i kupolens tambur ger hela byggnaden en l\u00e4tthet man inte v\u00e4ntar sig av s\u00e5 massivt murverk.<\/p>\n\n\n\n<p class=\"wp-block-paragraph\">\ud83d\udca1 <strong>Tips:<\/strong> Kyrkan finns inte med i museets officiella prislista f\u00f6r 2026 och enligt recensioner fr\u00e5n v\u00e5ren st\u00e5r den f\u00f6r andra s\u00e4songen inh\u00e4gnad i v\u00e4ntan p\u00e5 restaurering. R\u00e4kna med att du inte kommer in och kanske st\u00f6ter p\u00e5 byggnadsst\u00e4llningar. Men utifr\u00e5n kan du g\u00e5 runt den n\u00e4r som helst och gratis.<\/p>\n\n\n\n<figure data-wp-context=\"{&quot;imageId&quot;:&quot;6a9c45f0de492&quot;}\" data-wp-interactive=\"core\/image\" data-wp-key=\"6a9c45f0de492\" class=\"wp-block-image size-full wp-lightbox-container\"><img decoding=\"async\" width=\"1800\" height=\"1200\" data-wp-class--hide=\"state.isContentHidden\" data-wp-class--show=\"state.isContentVisible\" data-wp-init=\"callbacks.setButtonStyles\" data-wp-on--click=\"actions.showLightbox\" data-wp-on--load=\"callbacks.setButtonStyles\" data-wp-on--pointerdown=\"actions.preloadImage\" data-wp-on--pointerenter=\"actions.preloadImageWithDelay\" data-wp-on--pointerleave=\"actions.cancelPreload\" data-wp-on-window--resize=\"callbacks.setButtonStyles\" src=\"https:\/\/loudavymkrokem.cz\/wp-content\/uploads\/2026\/08\/bulharsko-research-nesebar-14.jpg\" alt=\"Basilikan Guds Moder Eleusa p\u00e5 norra stranden\" class=\"wp-image-404869\" title=\"\" srcset=\"https:\/\/loudavymkrokem.cz\/wp-content\/uploads\/2026\/08\/bulharsko-research-nesebar-14.jpg 1800w, https:\/\/loudavymkrokem.cz\/wp-content\/uploads\/2026\/08\/bulharsko-research-nesebar-14-300x200.jpg 300w, https:\/\/loudavymkrokem.cz\/wp-content\/uploads\/2026\/08\/bulharsko-research-nesebar-14-700x467.jpg 700w, https:\/\/loudavymkrokem.cz\/wp-content\/uploads\/2026\/08\/bulharsko-research-nesebar-14-768x512.jpg 768w, https:\/\/loudavymkrokem.cz\/wp-content\/uploads\/2026\/08\/bulharsko-research-nesebar-14-1536x1024.jpg 1536w, https:\/\/loudavymkrokem.cz\/wp-content\/uploads\/2026\/08\/bulharsko-research-nesebar-14-696x464.jpg 696w, https:\/\/loudavymkrokem.cz\/wp-content\/uploads\/2026\/08\/bulharsko-research-nesebar-14-1392x928.jpg 1392w\" sizes=\"(max-width: 1800px) 100vw, 1800px\" \/><button\n\t\t\tclass=\"lightbox-trigger\"\n\t\t\ttype=\"button\"\n\t\t\taria-haspopup=\"dialog\"\n\t\t\tdata-wp-bind--aria-label=\"state.thisImage.triggerButtonAriaLabel\"\n\t\t\tdata-wp-init=\"callbacks.initTriggerButton\"\n\t\t\tdata-wp-on--click=\"actions.showLightbox\"\n\t\t\tdata-wp-style--right=\"state.thisImage.buttonRight\"\n\t\t\tdata-wp-style--top=\"state.thisImage.buttonTop\"\n\t\t>\n\t\t\t<svg xmlns=\"http:\/\/www.w3.org\/2000\/svg\" width=\"12\" height=\"12\" fill=\"none\" viewBox=\"0 0 12 12\">\n\t\t\t\t<path fill=\"#fff\" d=\"M2 0a2 2 0 0 0-2 2v2h1.5V2a.5.5 0 0 1 .5-.5h2V0H2Zm2 10.5H2a.5.5 0 0 1-.5-.5V8H0v2a2 2 0 0 0 2 2h2v-1.5ZM8 12v-1.5h2a.5.5 0 0 0 .5-.5V8H12v2a2 2 0 0 1-2 2H8Zm2-12a2 2 0 0 1 2 2v2h-1.5V2a.5.5 0 0 0-.5-.5H8V0h2Z\" \/>\n\t\t\t<\/svg>\n\t\t<\/button><figcaption class=\"wp-element-caption\">Foto: Kritzolina \/ Wikimedia Commons, CC BY-SA 4.0<\/figcaption><\/figure>\n\n\n\n<h3 class=\"wp-block-heading\"><span class=\"ez-toc-section\" id=\"7_Basilikan_Guds_Moder_Eleusa\"><\/span>7. Basilikan Guds Moder Eleusa<span class=\"ez-toc-section-end\"><\/span><\/h3>\n\n\n\n<p class=\"wp-block-paragraph\">P\u00e5 halv\u00f6ns norra strand hittar du de vidstr\u00e4ckta <strong>grundvalarna av en basilika<\/strong> fr\u00e5n 400- till 500-talet, som m\u00e4tte imponerande 28 g\u00e5nger 18 meter. Hela komplexet uppt\u00e4cktes under jordlagren f\u00f6rst vid utgr\u00e4vningar 1920. Objektet \u00e4r fritt tillg\u00e4ngligt och det kostar <strong>ingen entr\u00e9<\/strong> att g\u00e5 hit.<\/p>\n\n\n\n<p class=\"wp-block-paragraph\">\u00c5synen av dessa ruiner \u00e4r samtidigt lite sorglig, eftersom <strong>norra skeppet och en del av mittskeppet under \u00e5rhundradena o\u00e5terkalleligt rasade ner i havet<\/strong> vid jordskred. Enligt kulturministeriets uppskattningar slukade havet successivt en fj\u00e4rdedel till en tredjedel av den antika stadens ursprungliga yta, vilket ocks\u00e5 bevisas av m\u00e4ktiga antika v\u00e5gbrytare som uppt\u00e4ckts under vattenytan.<\/p>\n\n\n\n<figure data-wp-context=\"{&quot;imageId&quot;:&quot;6a9c45f0de9a1&quot;}\" data-wp-interactive=\"core\/image\" data-wp-key=\"6a9c45f0de9a1\" class=\"wp-block-image size-full wp-lightbox-container\"><img decoding=\"async\" width=\"1800\" height=\"1350\" data-wp-class--hide=\"state.isContentHidden\" data-wp-class--show=\"state.isContentVisible\" data-wp-init=\"callbacks.setButtonStyles\" data-wp-on--click=\"actions.showLightbox\" data-wp-on--load=\"callbacks.setButtonStyles\" data-wp-on--pointerdown=\"actions.preloadImage\" data-wp-on--pointerenter=\"actions.preloadImageWithDelay\" data-wp-on--pointerleave=\"actions.cancelPreload\" data-wp-on-window--resize=\"callbacks.setButtonStyles\" src=\"https:\/\/loudavymkrokem.cz\/wp-content\/uploads\/2026\/08\/bulharsko-research-nesebar-15.jpg\" alt=\"Guds Moders kyrka, det enda fungerande templet i gamla stan\" class=\"wp-image-404871\" title=\"\" srcset=\"https:\/\/loudavymkrokem.cz\/wp-content\/uploads\/2026\/08\/bulharsko-research-nesebar-15.jpg 1800w, https:\/\/loudavymkrokem.cz\/wp-content\/uploads\/2026\/08\/bulharsko-research-nesebar-15-300x225.jpg 300w, https:\/\/loudavymkrokem.cz\/wp-content\/uploads\/2026\/08\/bulharsko-research-nesebar-15-700x525.jpg 700w, https:\/\/loudavymkrokem.cz\/wp-content\/uploads\/2026\/08\/bulharsko-research-nesebar-15-768x576.jpg 768w, https:\/\/loudavymkrokem.cz\/wp-content\/uploads\/2026\/08\/bulharsko-research-nesebar-15-1536x1152.jpg 1536w, https:\/\/loudavymkrokem.cz\/wp-content\/uploads\/2026\/08\/bulharsko-research-nesebar-15-80x60.jpg 80w, https:\/\/loudavymkrokem.cz\/wp-content\/uploads\/2026\/08\/bulharsko-research-nesebar-15-160x120.jpg 160w, https:\/\/loudavymkrokem.cz\/wp-content\/uploads\/2026\/08\/bulharsko-research-nesebar-15-696x522.jpg 696w, https:\/\/loudavymkrokem.cz\/wp-content\/uploads\/2026\/08\/bulharsko-research-nesebar-15-1392x1044.jpg 1392w\" sizes=\"(max-width: 1800px) 100vw, 1800px\" \/><button\n\t\t\tclass=\"lightbox-trigger\"\n\t\t\ttype=\"button\"\n\t\t\taria-haspopup=\"dialog\"\n\t\t\tdata-wp-bind--aria-label=\"state.thisImage.triggerButtonAriaLabel\"\n\t\t\tdata-wp-init=\"callbacks.initTriggerButton\"\n\t\t\tdata-wp-on--click=\"actions.showLightbox\"\n\t\t\tdata-wp-style--right=\"state.thisImage.buttonRight\"\n\t\t\tdata-wp-style--top=\"state.thisImage.buttonTop\"\n\t\t>\n\t\t\t<svg xmlns=\"http:\/\/www.w3.org\/2000\/svg\" width=\"12\" height=\"12\" fill=\"none\" viewBox=\"0 0 12 12\">\n\t\t\t\t<path fill=\"#fff\" d=\"M2 0a2 2 0 0 0-2 2v2h1.5V2a.5.5 0 0 1 .5-.5h2V0H2Zm2 10.5H2a.5.5 0 0 1-.5-.5V8H0v2a2 2 0 0 0 2 2h2v-1.5ZM8 12v-1.5h2a.5.5 0 0 0 .5-.5V8H12v2a2 2 0 0 1-2 2H8Zm2-12a2 2 0 0 1 2 2v2h-1.5V2a.5.5 0 0 0-.5-.5H8V0h2Z\" \/>\n\t\t\t<\/svg>\n\t\t<\/button><figcaption class=\"wp-element-caption\">Foto: vitsoft \/ Wikimedia Commons (CC BY 3.0)<\/figcaption><\/figure>\n\n\n\n<h3 class=\"wp-block-heading\"><span class=\"ez-toc-section\" id=\"8_Guds_Moders_kyrka_Insomnandet\"><\/span>8. Guds Moders kyrka (Insomnandet)<span class=\"ez-toc-section-end\"><\/span><\/h3>\n\n\n\n<p class=\"wp-block-paragraph\">Om du vill se hur levande tro ser ut i Nesebar, styr stegen mot gatan Chemus. Templet Guds Moder h\u00e4r \u00e4r <strong>den enda fungerande kyrkan p\u00e5 hela halv\u00f6n<\/strong> och dess h\u00f6ga klockstapel h\u00f6jer sig tydligt \u00f6ver alla omgivande byggnader. Intr\u00e4det \u00e4r helt gratis och det brukar vara \u00f6ppet fr\u00e5n 8.00 till 19.00.<\/p>\n\n\n\n<p class=\"wp-block-paragraph\">Kyrkan byggdes med avbrott mellan \u00e5ren 1857 och 1894, d\u00e5 den h\u00f6gtidligt vigdes. Inuti hittar du en rikt utsmyckad interi\u00f6r och en mirakul\u00f6s ikon som lokalborna kommer f\u00f6r att be inf\u00f6r. <strong>Den h\u00e4r platsen \u00e4r f\u00f6r \u00f6vrigt mycket popul\u00e4r f\u00f6r traditionella br\u00f6llop<\/strong>, s\u00e5 om du har tur kanske du f\u00e5r se en storslagen fest h\u00e4r.<\/p>\n\n\n\n<figure data-wp-context=\"{&quot;imageId&quot;:&quot;6a9c45f0dee70&quot;}\" data-wp-interactive=\"core\/image\" data-wp-key=\"6a9c45f0dee70\" class=\"wp-block-image size-full wp-lightbox-container\"><img decoding=\"async\" width=\"1800\" height=\"1350\" data-wp-class--hide=\"state.isContentHidden\" data-wp-class--show=\"state.isContentVisible\" data-wp-init=\"callbacks.setButtonStyles\" data-wp-on--click=\"actions.showLightbox\" data-wp-on--load=\"callbacks.setButtonStyles\" data-wp-on--pointerdown=\"actions.preloadImage\" data-wp-on--pointerenter=\"actions.preloadImageWithDelay\" data-wp-on--pointerleave=\"actions.cancelPreload\" data-wp-on-window--resize=\"callbacks.setButtonStyles\" src=\"https:\/\/loudavymkrokem.cz\/wp-content\/uploads\/2026\/08\/bulharsko-research-nesebar-16.jpg\" alt=\"Murar och historisk k\u00e4rna i Nesebar\" class=\"wp-image-404874\" title=\"\" srcset=\"https:\/\/loudavymkrokem.cz\/wp-content\/uploads\/2026\/08\/bulharsko-research-nesebar-16.jpg 1800w, https:\/\/loudavymkrokem.cz\/wp-content\/uploads\/2026\/08\/bulharsko-research-nesebar-16-300x225.jpg 300w, https:\/\/loudavymkrokem.cz\/wp-content\/uploads\/2026\/08\/bulharsko-research-nesebar-16-700x525.jpg 700w, https:\/\/loudavymkrokem.cz\/wp-content\/uploads\/2026\/08\/bulharsko-research-nesebar-16-768x576.jpg 768w, https:\/\/loudavymkrokem.cz\/wp-content\/uploads\/2026\/08\/bulharsko-research-nesebar-16-1536x1152.jpg 1536w, https:\/\/loudavymkrokem.cz\/wp-content\/uploads\/2026\/08\/bulharsko-research-nesebar-16-80x60.jpg 80w, https:\/\/loudavymkrokem.cz\/wp-content\/uploads\/2026\/08\/bulharsko-research-nesebar-16-160x120.jpg 160w, https:\/\/loudavymkrokem.cz\/wp-content\/uploads\/2026\/08\/bulharsko-research-nesebar-16-696x522.jpg 696w, https:\/\/loudavymkrokem.cz\/wp-content\/uploads\/2026\/08\/bulharsko-research-nesebar-16-1392x1044.jpg 1392w\" sizes=\"(max-width: 1800px) 100vw, 1800px\" \/><button\n\t\t\tclass=\"lightbox-trigger\"\n\t\t\ttype=\"button\"\n\t\t\taria-haspopup=\"dialog\"\n\t\t\tdata-wp-bind--aria-label=\"state.thisImage.triggerButtonAriaLabel\"\n\t\t\tdata-wp-init=\"callbacks.initTriggerButton\"\n\t\t\tdata-wp-on--click=\"actions.showLightbox\"\n\t\t\tdata-wp-style--right=\"state.thisImage.buttonRight\"\n\t\t\tdata-wp-style--top=\"state.thisImage.buttonTop\"\n\t\t>\n\t\t\t<svg xmlns=\"http:\/\/www.w3.org\/2000\/svg\" width=\"12\" height=\"12\" fill=\"none\" viewBox=\"0 0 12 12\">\n\t\t\t\t<path fill=\"#fff\" d=\"M2 0a2 2 0 0 0-2 2v2h1.5V2a.5.5 0 0 1 .5-.5h2V0H2Zm2 10.5H2a.5.5 0 0 1-.5-.5V8H0v2a2 2 0 0 0 2 2h2v-1.5ZM8 12v-1.5h2a.5.5 0 0 0 .5-.5V8H12v2a2 2 0 0 1-2 2H8Zm2-12a2 2 0 0 1 2 2v2h-1.5V2a.5.5 0 0 0-.5-.5H8V0h2Z\" \/>\n\t\t\t<\/svg>\n\t\t<\/button><figcaption class=\"wp-element-caption\">Foto: \u0420\u043e\u043c\u0430\u043d \u0414\u043d\u0435\u043f\u0440 \/ Wikimedia Commons, CC BY-SA 3.0<\/figcaption><\/figure>\n\n\n\n<!-- LKM_GYG_CARD start q=\"nessebar\" lang=\"sv\" rendered=\"2026-09-05T15:11:15+00:00\" v=\"1\" -->\n<style id=\"lk-gyg-styles\">\n@import url(\"https:\/\/fonts.googleapis.com\/css2?family=Playfair+Display:wght@700&family=DM+Sans:wght@300;400;500;600&display=swap\");\n\/* === LK GYG karty \u2014 CRO redesign 2026-05 (namespace .lkx-) ===\n   C\u00edl: vy\u0161\u0161\u00ed CTR (hero + v\u00fdrazn\u00fd social proof + ak\u010dn\u00ed CTA, m\u00e9n\u011b \"reklamn\u00ed\").\n   Injektuje se inline do prvn\u00edho markeru postu (refresh_cards.py --inline-css). *\/\n.lkx-module, .lkx-module *{box-sizing:border-box;margin:0;padding:0}\n.lkx-module{\n  font-family:'DM Sans',-apple-system,Segoe UI,Roboto,Georgia,sans-serif;\n  max-width:860px;margin:2.5rem auto;color:#1f2328;\n}\n\n\/* HEADER \u2014 lehk\u00fd editorsk\u00fd, \u017e\u00e1dn\u00fd bannerov\u00fd blok; nadpis + popisek pod n\u00edm *\/\n.lkx-head{margin-bottom:16px}\n.lkx-head-main{display:flex;align-items:center;gap:10px}\n.lkx-head-accent{width:26px;height:3px;border-radius:2px;background:#c39f76;flex-shrink:0}\n.lkx-head-title{font-family:'Playfair Display',Georgia,serif;font-size:21px;font-weight:700;color:#1a1a1a;line-height:1.25}\n.lkx-head-meta{display:block;font-size:11px;letter-spacing:.3px;color:#9aa0a6;margin-top:4px;margin-left:36px}\n\n\/* HERO *\/\n.lkx-hero{display:grid;grid-template-columns:300px 1fr;background:#fff;border:1px solid #ece7df;border-radius:14px;overflow:hidden;text-decoration:none!important;color:inherit;box-shadow:0 6px 20px rgba(0,0,0,.06);transition:box-shadow .2s,transform .2s;margin-bottom:14px}\n.lkx-hero:hover{box-shadow:0 12px 30px rgba(0,0,0,.12);transform:translateY(-2px)}\n.lkx-hero-img{position:relative;min-height:230px;background-size:cover;background-position:center;background-color:#eee}\n.lkx-hero-body{padding:22px 24px;display:flex;flex-direction:column}\n.lkx-pick{position:absolute;top:12px;left:12px;background:#1a1a1a;color:#fff;font-size:11px;font-weight:700;letter-spacing:.5px;padding:5px 11px;border-radius:20px}\n\n\/* TITLE *\/\n.lkx-title{font-size:19px;font-weight:700;color:#161616;line-height:1.3}\n.lkx-title-sm{font-size:14.5px;line-height:1.35;display:-webkit-box;-webkit-line-clamp:2;-webkit-box-orient:vertical;overflow:hidden}\n\n\/* SOCIAL PROOF \u2014 v\u00fdrazn\u011b, naho\u0159e *\/\n.lkx-proof{display:flex;align-items:center;gap:7px;margin-top:12px;font-size:15px;color:#3a3a3a}\n.lkx-proof b{font-size:16px;color:#161616}\n.lkx-stars{color:#f5a623;letter-spacing:1px}\n.lkx-proof-sm{font-size:12.5px;margin-top:8px;gap:5px}\n.lkx-proof-sm b{font-size:13px}\n.lkx-proof-new{color:#3685fc;font-weight:600}\n\n\/* PRICE \u2014 n\u00edzk\u00e1 kotva *\/\n.lkx-price{font-size:14px;color:#6b7280}\n.lkx-price b{font-size:20px;color:#161616;font-weight:700}\n.lkx-price-sm b{font-size:15px}\n\n\/* CTA \u2014 tepl\u00e9 ak\u010dn\u00ed tla\u010d\u00edtko *\/\n.lkx-cta{display:inline-flex;align-items:center;justify-content:center;text-decoration:none!important;font-weight:700;color:#fff!important;background:linear-gradient(135deg,#f6743f,#e8552a);border-radius:10px;box-shadow:0 6px 16px rgba(232,85,42,.32);transition:box-shadow .2s}\n.lkx-cta-hero{font-size:15px;padding:13px 22px}\n.lkx-hero:hover .lkx-cta-hero{box-shadow:0 8px 22px rgba(232,85,42,.45)}\n.lkx-cta-sm{font-size:12.5px;padding:9px 14px;width:100%;margin-top:2px}\n.lkx-hero-bottom{margin-top:auto;padding-top:18px;display:flex;align-items:center;justify-content:space-between;gap:14px;flex-wrap:wrap}\n\n\/* BADGE \u2014 jeden v\u00fdrazn\u00fd na fotce *\/\n.lkx-badge{position:absolute;top:12px;right:12px;font-size:10.5px;font-weight:700;letter-spacing:.3px;padding:5px 10px;border-radius:16px;color:#fff}\n.lkx-badge.badge-urgency{background:rgba(214,40,40,.92)}\n.lkx-badge.badge-new{background:rgba(54,133,252,.92)}\n.lkx-badge.badge-top{background:rgba(195,159,118,.95)}\n.lkx-badge.badge-info{background:rgba(40,40,40,.78)}\n\n\/* SECONDARY GRID *\/\n.lkx-grid{display:grid;grid-template-columns:1fr 1fr;gap:14px}\n.lkx-card{background:#fff;border:1px solid #ece7df;border-radius:14px;overflow:hidden;text-decoration:none!important;color:inherit;box-shadow:0 4px 14px rgba(0,0,0,.05);display:flex;flex-direction:column;transition:box-shadow .2s,transform .2s}\n.lkx-card:hover{box-shadow:0 10px 24px rgba(0,0,0,.1);transform:translateY(-2px)}\n.lkx-card-img{position:relative;aspect-ratio:16\/10;background-size:cover;background-position:center;background-color:#eee}\n.lkx-card-body{padding:14px 16px 16px;display:flex;flex-direction:column;gap:7px;flex:1}\n.lkx-card-bottom{margin-top:auto;padding-top:10px;display:flex;align-items:center;justify-content:space-between;gap:8px}\n\n\/* DISCLOSURE \u2014 drobn\u00e1, kv\u016fli d\u016fv\u011b\u0159e\/z\u00e1konu *\/\n.lkx-disclosure{font-size:11px;color:#a7adb3;text-align:center;margin-top:14px;line-height:1.6}\n.lkx-disclosure a{color:#c39f76;text-decoration:none}\n\n@media(max-width:680px){\n  .lkx-hero{grid-template-columns:1fr}\n  .lkx-hero-img{min-height:180px}\n  .lkx-grid{grid-template-columns:1fr}\n  .lkx-head-meta{margin-left:0;width:100%}\n  .lkx-head-title{font-size:19px}\n}\n\n<\/style>\n<div class=\"lkx-module\" data-query=\"nessebar\">\n  <div class=\"lkx-head\">\n    <div class=\"lkx-head-main\">\n      <span class=\"lkx-head-accent\"><\/span>\n      <span class=\"lkx-head-title\">Upplevelser &amp; biljetter<\/span>\n    <\/div>\n    <span class=\"lkx-head-meta\">betygsatt av resen\u00e4rer \u00b7 GetYourGuide<\/span>\n  <\/div><a class=\"lkx-hero\" href=\"https:\/\/www.getyourguide.com\/sv-se\/nesebar-l1659\/nesebar-guidad-tur-med-vinprovning-t1457585\/?partner_id=MKZ64IS&amp;utm_medium=online_publisher&amp;cmp=nesebar-bulgarien-tips\" target=\"_blank\" rel=\"sponsored noopener nofollow\">\n    <div class=\"lkx-hero-img\" style=\"background-image:url('https:\/\/cdn.getyourguide.com\/img\/tour\/01dcbd5575fff139a7e7b673abae73f8a1f20282d7b4c28c918fc312a6ee396e.png\/132.jpg')\" role=\"img\" aria-label=\"Nesebar: Guidad tur med vinprovning\">\n      <span class=\"lkx-pick\">\u2605 V\u00e5rt val<\/span><\/div>\n    <div class=\"lkx-hero-body\">\n      <div class=\"lkx-title\">Nesebar: Guidad tur med vinprovning<\/div>\n      <div class=\"lkx-proof\">\n      <span class=\"lkx-stars\">\u2605\u2605\u2605\u2605\u2605<\/span>\n      <b>0.0<\/b> \u00b7 0 omd\u00f6men\n    <\/div>\n      <div class=\"lkx-hero-bottom\"><div class=\"lkx-price\">fr\u00e5n <b>8\u00a0EUR<\/b><\/div><span class=\"lkx-cta lkx-cta-hero\">Det h\u00e4r vill jag uppleva \u2192<\/span>\n      <\/div>\n    <\/div>\n  <\/a><div class=\"lkx-grid\"><a class=\"lkx-card\" href=\"https:\/\/www.getyourguide.com\/sv-se\/nesebar-l1659\/guidad-tur-till-den-antika-staden-nessebar-t1156542\/?partner_id=MKZ64IS&amp;utm_medium=online_publisher&amp;cmp=nesebar-bulgarien-tips\" target=\"_blank\" rel=\"sponsored noopener nofollow\">\n      <div class=\"lkx-card-img\" style=\"background-image:url('https:\/\/cdn.getyourguide.com\/img\/tour\/88e70244b3712186ec637d9fff0f6261ba296574a5dbf425128b4a8451c67c32.jpg\/132.jpg')\" role=\"img\" aria-label=\"Guidad tur till den antika staden Nessebar\"><\/div>\n      <div class=\"lkx-card-body\">\n        <div class=\"lkx-title lkx-title-sm\">Guidad tur till den antika staden Nessebar<\/div>\n        <div class=\"lkx-proof lkx-proof-sm\">\n      <span class=\"lkx-stars\">\u2605<\/span>\n      <b>4.2<\/b> \u00b7 21\n    <\/div>\n        <div class=\"lkx-card-bottom\"><span class=\"lkx-price lkx-price-sm\">fr\u00e5n <b>47\u00a0EUR<\/b><\/span><span class=\"lkx-cta lkx-cta-sm\">Visa datum \u2192<\/span>\n        <\/div>\n      <\/div>\n    <\/a><a class=\"lkx-card\" href=\"https:\/\/www.getyourguide.com\/sv-se\/nesebar-l1659\/nessebar-4-timmars-battur-inkl-fiske-lunch-och-dryck-t386999\/?partner_id=MKZ64IS&amp;utm_medium=online_publisher&amp;cmp=nesebar-bulgarien-tips\" target=\"_blank\" rel=\"sponsored noopener nofollow\">\n      <div class=\"lkx-card-img\" style=\"background-image:url('https:\/\/cdn.getyourguide.com\/img\/tour\/629f08cd2f024.jpeg\/132.jpg')\" role=\"img\" aria-label=\"Nessebar: 4-timmars b\u00e5ttur inkl. fiske, lunch och dryck\"><\/div>\n      <div class=\"lkx-card-body\">\n        <div class=\"lkx-title lkx-title-sm\">Nessebar: 4-timmars b\u00e5ttur inkl. fiske, lunch och dryck<\/div>\n        <div class=\"lkx-proof lkx-proof-sm\">\n      <span class=\"lkx-stars\">\u2605<\/span>\n      <b>4.7<\/b> \u00b7 112\n    <\/div>\n        <div class=\"lkx-card-bottom\"><span class=\"lkx-price lkx-price-sm\">fr\u00e5n <b>85\u00a0EUR<\/b><\/span><span class=\"lkx-cta lkx-cta-sm\">Visa datum \u2192<\/span>\n        <\/div>\n      <\/div>\n    <\/a><\/div><div class=\"lkx-disclosure\">\ud83d\udd17 Affiliate-l\u00e4nkar \u2014 p\u00e5verkar inte ditt pris och hj\u00e4lper oss att skapa inneh\u00e5ll. \u00b7 <a href=\"https:\/\/www.getyourguide.com\/sv-se\/s\/?q=nessebar&amp;partner_id=MKZ64IS&amp;utm_medium=online_publisher\" target=\"_blank\" rel=\"sponsored noopener nofollow\">Alla upplevelser \u2192<\/a><\/div>\n<\/div>\n<!-- LKM_GYG_CARD end -->\n\n\n\n\n<div class=\"lk-stays-module\">\n<style>\n\/* \u2500\u2500\u2500 RESET PRO GUTENBERG \u2500\u2500\u2500 *\/\n.lk-stays-module * { box-sizing: border-box; margin: 0; padding: 0; }\n\n\/* \u2500\u2500\u2500 WRAPPER \u2500\u2500\u2500 *\/\n.lk-stays-module {\n  font-family: 'DM Sans', Georgia, sans-serif;\n  max-width: 100%;\n  margin: 2.5rem auto;\n  background: linear-gradient(135deg, #fdfaf5 0%, #fcf8f0 100%);\n  border: 1px solid #e8dfd4;\n  border-radius: 16px;\n  overflow: hidden;\n  box-shadow: 0 16px 48px rgba(195, 159, 118, 0.25), 0 4px 12px rgba(0,0,0,0.08);\n}\n\n\/* \u2500\u2500\u2500 HEADER \u2500\u2500\u2500 *\/\n.lk-stays-header {\n  position: relative;\n  padding: 24px 36px 24px;\n  background: linear-gradient(135deg, #c39f76 0%, #d4b188 60%, #c39f76 100%);\n  border-bottom: 1px solid rgba(255,255,255,.15);\n  display: flex;\n  align-items: center;\n  gap: 18px;\n}\n.lk-stays-header::before {\n  content: '';\n  position: absolute;\n  inset: 0;\n  background: url(\"data:image\/svg+xml,%3Csvg width='60' height='60' viewBox='0 0 60 60' xmlns='http:\/\/www.w3.org\/2000\/svg'%3E%3Cg fill='none' fill-rule='evenodd'%3E%3Cg fill='%23ffffff' fill-opacity='0.05'%3E%3Cpath d='M36 34v-4h-2v4h-4v2h4v4h2v-4h4v-2h-4zm0-30V0h-2v4h-4v2h4v4h2V6h4V4h-4zM6 34v-4H4v4H0v2h4v4h2v-4h4v-2H6zM6 4V0H4v4H0v2h4v4h2V6h4V4H6z'\/%3E%3C\/g%3E%3C\/g%3E%3C\/svg%3E\") repeat;\n  pointer-events: none;\n}\n.lk-stays-icon {\n  flex-shrink: 0;\n  width: 68px;\n  height: 68px;\n  border-radius: 14px;\n  background: linear-gradient(135deg, #fff 0%, #f9f6f0 100%);\n  display: flex;\n  align-items: center;\n  justify-content: center;\n  font-size: 26px;\n  box-shadow: 0 4px 12px rgba(0,0,0,0.15);\n}\n.lk-stays-eyebrow {\n  font-size: 10px;\n  font-weight: 500;\n  letter-spacing: 2.5px;\n  text-transform: uppercase;\n  color: rgba(255,255,255,.85);\n  margin: 0 0 5px 0;\n}\n.lk-stays-title {\n  font-family: 'Playfair Display', Georgia, serif;\n  font-size: 24px;\n  font-weight: 700;\n  color: #fff;\n  line-height: 1.2;\n  text-shadow: 0 1px 2px rgba(0,0,0,0.1);\n  margin: 0;\n}\n.lk-stays-subtitle {\n  font-size: 13px;\n  color: rgba(255,255,255,.75);\n  margin: 4px 0 0 0;\n  font-weight: 300;\n}\n\n\/* \u2500\u2500\u2500 CARDS GRID \u2500\u2500\u2500 *\/\n.lk-stays-grid {\n  display: grid;\n  grid-template-columns: 1fr 1fr;\n  gap: 1px;\n  background: rgba(195, 159, 118, 0.12);\n}\n\n\/* \u2500\u2500\u2500 SINGLE CARD \u2500\u2500\u2500 *\/\n.lk-stay-card {\n  background: #ffffff;\n  padding: 26px;\n  display: flex;\n  flex-direction: column;\n  gap: 11px;\n  transition: all 0.3s ease;\n  text-decoration: none;\n  color: inherit;\n  position: relative;\n}\n.lk-stay-card:hover {\n  background: #fffbf5;\n  transform: translateY(-2px);\n  box-shadow: 0 8px 24px rgba(195, 159, 118, 0.18);\n  z-index: 1;\n}\n.lk-stay-card.featured {\n  background: linear-gradient(135deg, #fffdf9 0%, #fff9f0 100%);\n  box-shadow: 0 4px 16px rgba(195, 159, 118, 0.15), inset 0 1px 0 rgba(195, 159, 118, 0.1);\n}\n.lk-stay-card.featured:hover {\n  background: linear-gradient(135deg, #fffbf5 0%, #fff8ed 100%);\n  box-shadow: 0 8px 24px rgba(195, 159, 118, 0.25), inset 0 1px 0 rgba(195, 159, 118, 0.15);\n}\n\n.lk-stay-badge {\n  display: inline-flex;\n  align-items: center;\n  gap: 5px;\n  font-size: 10px;\n  font-weight: 500;\n  letter-spacing: 1.5px;\n  text-transform: uppercase;\n  padding: 5px 11px;\n  border-radius: 20px;\n  width: fit-content;\n}\n.badge-top     { background: linear-gradient(135deg, #c39f76 0%, #d4b188 100%); color: #fff; border: 1px solid #c39f76; font-weight: 600; box-shadow: 0 2px 8px rgba(195,159,118,0.3); }\n.badge-luxury  { background: rgba(195,159,118,.12); color: #c39f76; border: 1px solid rgba(195,159,118,.25); }\n.badge-boutique{ background: rgba(54,133,252,.08); color: #3685fc; border: 1px solid rgba(54,133,252,.2); }\n.badge-nature  { background: rgba(130,190,100,.1); color: #6b9c4a; border: 1px solid rgba(130,190,100,.2); }\n.badge-remote  { background: rgba(195,159,118,.12); color: #a67e50; border: 1px solid rgba(195,159,118,.25); }\n\n.lk-stay-name {\n  font-family: 'Playfair Display', Georgia, serif;\n  font-size: 18px;\n  font-weight: 700;\n  color: #111827;\n  line-height: 1.3;\n}\n.lk-stay-desc {\n  font-size: 13.5px;\n  color: #525252;\n  line-height: 1.65;\n  font-weight: 300;\n  flex: 1;\n}\n\n.lk-stay-meta {\n  display: flex;\n  align-items: center;\n  gap: 12px;\n  flex-wrap: wrap;\n  margin-top: 4px;\n}\n.lk-stay-price {\n  font-size: 13px;\n  color: #6b7280;\n}\n.lk-stay-price strong {\n  color: #c39f76;\n  font-weight: 500;\n}\n.lk-stay-stars {\n  color: #c39f76;\n  font-size: 11px;\n  letter-spacing: 1px;\n}\n\n\/* \u2500\u2500\u2500 CTA BUTTON \u2500\u2500\u2500 *\/\n.lk-stay-cta {\n  display: inline-flex;\n  align-items: center;\n  justify-content: center;\n  gap: 7px;\n  margin-top: 8px;\n  padding: 11px 20px;\n  border-radius: 8px;\n  background: linear-gradient(135deg, #3685fc 0%, #2a6fd9 100%);\n  color: #fff;\n  font-size: 13px;\n  font-weight: 500;\n  text-decoration: none;\n  letter-spacing: .3px;\n  transition: all .2s ease;\n  cursor: pointer;\n  border: none;\n  text-align: center;\n  box-shadow: 0 4px 12px rgba(54, 133, 252, 0.25);\n}\n.lk-stay-cta:hover {\n  background: linear-gradient(135deg, #2a6fd9 0%, #1e5bc4 100%);\n  transform: translateY(-1px);\n  box-shadow: 0 6px 16px rgba(54, 133, 252, 0.35);\n}\n.lk-stay-cta svg { flex-shrink: 0; }\n\n\/* \u2500\u2500\u2500 FOOTER \u2500\u2500\u2500 *\/\n.lk-stays-footer {\n  padding: 18px 36px;\n  background: linear-gradient(to bottom, #fdfaf5 0%, #f9f4ed 100%);\n  border-top: 1px solid rgba(195, 159, 118, 0.15);\n  display: flex;\n  align-items: center;\n  justify-content: space-between;\n  flex-wrap: wrap;\n  gap: 12px;\n}\n.lk-stays-footer-note {\n  font-size: 11.5px;\n  color: #6b7280;\n  font-weight: 300;\n  line-height: 1.5;\n}\n.lk-stays-footer-note a {\n  color: #c39f76;\n  text-decoration: none;\n  font-weight: 400;\n}\n.lk-stays-footer-note a:hover {\n  text-decoration: underline;\n}\n.lk-stays-all-btn {\n  display: inline-flex;\n  align-items: center;\n  gap: 6px;\n  font-size: 12.5px;\n  font-weight: 500;\n  color: #c39f76;\n  text-decoration: none;\n  border: 1px solid rgba(195, 159, 118, 0.35);\n  padding: 8px 18px;\n  border-radius: 8px;\n  transition: all .2s ease;\n}\n.lk-stays-all-btn:hover {\n  background: rgba(195, 159, 118, 0.08);\n  border-color: rgba(195, 159, 118, 0.5);\n}\n\n\/* \u2500\u2500\u2500 RESPONSIVE \u2500\u2500\u2500 *\/\n@media (max-width: 600px) {\n  .lk-stays-grid { grid-template-columns: 1fr; }\n  .lk-stays-header { padding: 24px 20px; }\n  .lk-stays-footer { padding: 16px 20px; }\n  .lk-stay-card { padding: 22px; }\n  .lk-stays-title { font-size: 20px; }\n}\n<\/style>\n\n  <!-- HEADER -->\n  <div class=\"lk-stays-header\">\n    <img decoding=\"async\" src=\"https:\/\/loudavymkrokem.cz\/wp-content\/uploads\/2026\/02\/lukas-a-lucka.jpg\" alt=\"\" style=\"width: 75px; height: 75px; border-radius: 8px; flex-shrink: 0; object-fit: cover; display: block; margin: 4px 0;\" title=\"\">\n    <div class=\"lk-stays-header-text\">\n      <div class=\"lk-stays-eyebrow\">Luk\u00e1\u0161 och Lucie rekommenderar<\/div>\n      <div class=\"lk-stays-title\">Var man kan bo i Nessebar<\/div>\n      <div class=\"lk-stays-subtitle\">6 boenden \u2014 wellnesshotell, hotell och andra boendem\u00f6jligheter<\/div>\n    <\/div>\n  <\/div>\n\n  <!-- CARDS -->\n  <div class=\"lk-stays-grid\">\n\n    <a class=\"lk-stay-card featured\" href=\"https:\/\/www.stay22.com\/allez\/roam?aid=lukaskonecny&#038;campaign=loudavymkrokemcz&#038;campaign=sv&#038;campaign=nesebar&#038;hotelname=Castro%20Mesembria%20Boutique%20Hotel&#038;address=Nesebar\" target=\"_blank\" rel=\"nofollow noopener\">\n      <span class=\"lk-stay-badge badge-top\">\u2b50 TOPPVAL<\/span>\n      <span class=\"lk-stay-badge badge-nature\">\u2b50 Luxury<\/span>\n      <div class=\"lk-stay-name\">Castro Mesembria Boutique Hotel<\/div>\n      <div class=\"lk-stay-desc\">Lyxigt hotell med h\u00f6gsta betyg p\u00e5 hela halv\u00f6n, mitt i den historiska stadsk\u00e4rnan. Har sitt eget utm\u00e4rkta pizzeria.<\/div>\n      <div class=\"lk-stay-meta\">\n        <span class=\"lk-stay-stars\">\u2605\u2605\u2605\u2605<\/span>\n        <span class=\"lk-stay-price\">Kontrollera priser<\/span>\n      <\/div>\n      <span class=\"lk-stay-cta\">\n        <svg width=\"14\" height=\"14\" viewBox=\"0 0 24 24\" fill=\"none\" stroke=\"currentColor\" stroke-width=\"2\"><path d=\"M18 13v6a2 2 0 0 1-2 2H5a2 2 0 0 1-2-2V8a2 2 0 0 1 2-2h6\"\/><polyline points=\"15 3 21 3 21 9\"\/><line x1=\"10\" y1=\"14\" x2=\"21\" y2=\"3\"\/><\/svg>\n        Kontrollera tillg\u00e4nglighet\n      <\/span>\n    <\/a>\n\n    <a class=\"lk-stay-card\" href=\"https:\/\/www.stay22.com\/allez\/roam?aid=lukaskonecny&#038;campaign=loudavymkrokemcz&#038;campaign=sv&#038;campaign=nesebar&#038;hotelname=Hotel%20Saint%20John%20Baptist%20Nessebar&#038;address=Nesebar\" target=\"_blank\" rel=\"nofollow noopener\">\n      <span class=\"lk-stay-badge badge-nature\">\ud83c\udfe8 Hotell<\/span>\n      <div class=\"lk-stay-name\">Hotel Saint John Baptist Nessebar<\/div>\n      <div class=\"lk-stay-desc\">Traditionell p\u00e5litlig favorit vid gamla stadsmurarna, utm\u00e4rkt val f\u00f6r boende i Nesebars historiska centrum.<\/div>\n      <div class=\"lk-stay-meta\">\n        <span class=\"lk-stay-stars\">\u2605\u2605\u2605\u2605<\/span>\n        <span class=\"lk-stay-price\">Kontrollera priser<\/span>\n      <\/div>\n      <span class=\"lk-stay-cta\">\n        <svg width=\"14\" height=\"14\" viewBox=\"0 0 24 24\" fill=\"none\" stroke=\"currentColor\" stroke-width=\"2\"><path d=\"M18 13v6a2 2 0 0 1-2 2H5a2 2 0 0 1-2-2V8a2 2 0 0 1 2-2h6\"\/><polyline points=\"15 3 21 3 21 9\"\/><line x1=\"10\" y1=\"14\" x2=\"21\" y2=\"3\"\/><\/svg>\n        Kontrollera tillg\u00e4nglighet\n      <\/span>\n    <\/a>\n\n    <a class=\"lk-stay-card\" href=\"https:\/\/www.stay22.com\/allez\/roam?aid=lukaskonecny&#038;campaign=loudavymkrokemcz&#038;campaign=sv&#038;campaign=nesebar&#038;hotelname=Family%20Hotel%20Saint%20Nikola&#038;address=Nesebar\" target=\"_blank\" rel=\"nofollow noopener\">\n      <span class=\"lk-stay-badge badge-nature\">\ud83c\udfe8 Hotell<\/span>\n      <div class=\"lk-stay-name\">Family Hotel Saint Nikola<\/div>\n      <div class=\"lk-stay-desc\">Perfekt f\u00f6r familjer med bil, oslagbart f\u00f6rh\u00e5llande mellan pris och prestanda. Har egen gratis parkering, vilket sparar mycket stress.<\/div>\n      <div class=\"lk-stay-meta\">\n        <span class=\"lk-stay-stars\">\u2605\u2605\u2605\u2605<\/span>\n        <span class=\"lk-stay-price\">Kontrollera priser<\/span>\n      <\/div>\n      <span class=\"lk-stay-cta\">\n        <svg width=\"14\" height=\"14\" viewBox=\"0 0 24 24\" fill=\"none\" stroke=\"currentColor\" stroke-width=\"2\"><path d=\"M18 13v6a2 2 0 0 1-2 2H5a2 2 0 0 1-2-2V8a2 2 0 0 1 2-2h6\"\/><polyline points=\"15 3 21 3 21 9\"\/><line x1=\"10\" y1=\"14\" x2=\"21\" y2=\"3\"\/><\/svg>\n        Kontrollera tillg\u00e4nglighet\n      <\/span>\n    <\/a>\n\n    <a class=\"lk-stay-card\" href=\"https:\/\/www.stay22.com\/allez\/roam?aid=lukaskonecny&#038;campaign=loudavymkrokemcz&#038;campaign=sv&#038;campaign=nesebar&#038;hotelname=Hotel%20Capri&#038;address=Nesebar\" target=\"_blank\" rel=\"nofollow noopener\">\n      <span class=\"lk-stay-badge badge-nature\">\ud83c\udfe8 Hotell<\/span>\n      <div class=\"lk-stay-name\">Hotel Capri<\/div>\n      <div class=\"lk-stay-desc\">Hotell i nya staden med f\u00f6rdelen av egen gratis parkering, praktiskt val f\u00f6r bes\u00f6kare med bil.<\/div>\n      <div class=\"lk-stay-meta\">\n        <span class=\"lk-stay-stars\">\u2605\u2605\u2605\u2605<\/span>\n        <span class=\"lk-stay-price\">Kontrollera priser<\/span>\n      <\/div>\n      <span class=\"lk-stay-cta\">\n        <svg width=\"14\" height=\"14\" viewBox=\"0 0 24 24\" fill=\"none\" stroke=\"currentColor\" stroke-width=\"2\"><path d=\"M18 13v6a2 2 0 0 1-2 2H5a2 2 0 0 1-2-2V8a2 2 0 0 1 2-2h6\"\/><polyline points=\"15 3 21 3 21 9\"\/><line x1=\"10\" y1=\"14\" x2=\"21\" y2=\"3\"\/><\/svg>\n        Kontrollera tillg\u00e4nglighet\n      <\/span>\n    <\/a>\n\n    <a class=\"lk-stay-card\" href=\"https:\/\/www.stay22.com\/allez\/roam?aid=lukaskonecny&#038;campaign=loudavymkrokemcz&#038;campaign=sv&#038;campaign=nesebar&#038;hotelname=Aphrodite%20Beach%20Hotel&#038;address=Nesebar\" target=\"_blank\" rel=\"nofollow noopener\">\n      <span class=\"lk-stay-badge badge-nature\">\ud83c\udfd6\ufe0f Beach<\/span>\n      <div class=\"lk-stay-name\">Aphrodite Beach Hotel<\/div>\n      <div class=\"lk-stay-desc\">Direkt vid s\u00f6dra stranden, en kvarts timme promenad fr\u00e5n gamla stan. Fr\u00e5n poolen underbar utsikt \u00f6ver hela den historiska halv\u00f6n.<\/div>\n      <div class=\"lk-stay-meta\">\n        <span class=\"lk-stay-stars\">\u2605\u2605\u2605\u2605<\/span>\n        <span class=\"lk-stay-price\">Kontrollera priser<\/span>\n      <\/div>\n      <span class=\"lk-stay-cta\">\n        <svg width=\"14\" height=\"14\" viewBox=\"0 0 24 24\" fill=\"none\" stroke=\"currentColor\" stroke-width=\"2\"><path d=\"M18 13v6a2 2 0 0 1-2 2H5a2 2 0 0 1-2-2V8a2 2 0 0 1 2-2h6\"\/><polyline points=\"15 3 21 3 21 9\"\/><line x1=\"10\" y1=\"14\" x2=\"21\" y2=\"3\"\/><\/svg>\n        Kontrollera tillg\u00e4nglighet\n      <\/span>\n    <\/a>\n\n    <a class=\"lk-stay-card\" href=\"https:\/\/www.stay22.com\/allez\/roam?aid=lukaskonecny&#038;campaign=loudavymkrokemcz&#038;campaign=sv&#038;campaign=nesebar&#038;address=nesebar\" target=\"_blank\" rel=\"nofollow noopener\">\n      <span class=\"lk-stay-badge badge-nature\">\ud83d\udd0d S\u00f6k<\/span>\n      <div class=\"lk-stay-name\">Visa alla boenden i Nessebar<\/div>\n      <div class=\"lk-stay-desc\">Utforska alla tillg\u00e4ngliga boendem\u00f6jligheter i Nessebar och hitta det b\u00e4sta enligt dina preferenser och budget.<\/div>\n      <div class=\"lk-stay-meta\">\n        <span class=\"lk-stay-stars\">\u2605\u2605\u2605\u2605<\/span>\n        <span class=\"lk-stay-price\">J\u00e4mf\u00f6r priser<\/span>\n      <\/div>\n      <span class=\"lk-stay-cta\">\n        <svg width=\"14\" height=\"14\" viewBox=\"0 0 24 24\" fill=\"none\" stroke=\"currentColor\" stroke-width=\"2\"><path d=\"M18 13v6a2 2 0 0 1-2 2H5a2 2 0 0 1-2-2V8a2 2 0 0 1 2-2h6\"\/><polyline points=\"15 3 21 3 21 9\"\/><line x1=\"10\" y1=\"14\" x2=\"21\" y2=\"3\"\/><\/svg>\n        Kontrollera tillg\u00e4nglighet\n      <\/span>\n    <\/a>\n\n  <\/div>\n\n  \n<\/div>\n\n\n\n\n<h2 class=\"wp-block-heading\"><span class=\"ez-toc-section\" id=\"Murar_kvarn_och_gamla_stans_grander\"><\/span>Murar, kvarn och gamla stans gr\u00e4nder<span class=\"ez-toc-section-end\"><\/span><\/h2>\n\n\n\n<p class=\"wp-block-paragraph\">F\u00f6rutom de kyrkliga sev\u00e4rdheterna erbjuder Nesebar \u00e4ven <strong>h\u00e4nf\u00f6rande v\u00e4rldsliga byggnader<\/strong>. Vid varje steg snubblar du \u00f6ver historia som str\u00e4cker sig tusentals \u00e5r tillbaka, fr\u00e5n trakerna till den <strong>bulgariska nationella v\u00e4ckelsen<\/strong>.<\/p>\n\n\n\n<figure data-wp-context=\"{&quot;imageId&quot;:&quot;6a9c45f0df36e&quot;}\" data-wp-interactive=\"core\/image\" data-wp-key=\"6a9c45f0df36e\" class=\"wp-block-image size-full wp-lightbox-container\"><img decoding=\"async\" width=\"1800\" height=\"1196\" data-wp-class--hide=\"state.isContentHidden\" data-wp-class--show=\"state.isContentVisible\" data-wp-init=\"callbacks.setButtonStyles\" data-wp-on--click=\"actions.showLightbox\" data-wp-on--load=\"callbacks.setButtonStyles\" data-wp-on--pointerdown=\"actions.preloadImage\" data-wp-on--pointerenter=\"actions.preloadImageWithDelay\" data-wp-on--pointerleave=\"actions.cancelPreload\" data-wp-on-window--resize=\"callbacks.setButtonStyles\" src=\"https:\/\/loudavymkrokem.cz\/wp-content\/uploads\/2026\/08\/bulharsko-research-nesebar-17.jpg\" alt=\"V\u00e4derkvarn i tr\u00e4 p\u00e5 Nesebars n\u00e4s\" class=\"wp-image-404876\" title=\"\" srcset=\"https:\/\/loudavymkrokem.cz\/wp-content\/uploads\/2026\/08\/bulharsko-research-nesebar-17.jpg 1800w, https:\/\/loudavymkrokem.cz\/wp-content\/uploads\/2026\/08\/bulharsko-research-nesebar-17-300x199.jpg 300w, https:\/\/loudavymkrokem.cz\/wp-content\/uploads\/2026\/08\/bulharsko-research-nesebar-17-700x465.jpg 700w, https:\/\/loudavymkrokem.cz\/wp-content\/uploads\/2026\/08\/bulharsko-research-nesebar-17-768x510.jpg 768w, https:\/\/loudavymkrokem.cz\/wp-content\/uploads\/2026\/08\/bulharsko-research-nesebar-17-1536x1021.jpg 1536w, https:\/\/loudavymkrokem.cz\/wp-content\/uploads\/2026\/08\/bulharsko-research-nesebar-17-696x462.jpg 696w, https:\/\/loudavymkrokem.cz\/wp-content\/uploads\/2026\/08\/bulharsko-research-nesebar-17-1392x925.jpg 1392w\" sizes=\"(max-width: 1800px) 100vw, 1800px\" \/><button\n\t\t\tclass=\"lightbox-trigger\"\n\t\t\ttype=\"button\"\n\t\t\taria-haspopup=\"dialog\"\n\t\t\tdata-wp-bind--aria-label=\"state.thisImage.triggerButtonAriaLabel\"\n\t\t\tdata-wp-init=\"callbacks.initTriggerButton\"\n\t\t\tdata-wp-on--click=\"actions.showLightbox\"\n\t\t\tdata-wp-style--right=\"state.thisImage.buttonRight\"\n\t\t\tdata-wp-style--top=\"state.thisImage.buttonTop\"\n\t\t>\n\t\t\t<svg xmlns=\"http:\/\/www.w3.org\/2000\/svg\" width=\"12\" height=\"12\" fill=\"none\" viewBox=\"0 0 12 12\">\n\t\t\t\t<path fill=\"#fff\" d=\"M2 0a2 2 0 0 0-2 2v2h1.5V2a.5.5 0 0 1 .5-.5h2V0H2Zm2 10.5H2a.5.5 0 0 1-.5-.5V8H0v2a2 2 0 0 0 2 2h2v-1.5ZM8 12v-1.5h2a.5.5 0 0 0 .5-.5V8H12v2a2 2 0 0 1-2 2H8Zm2-12a2 2 0 0 1 2 2v2h-1.5V2a.5.5 0 0 0-.5-.5H8V0h2Z\" \/>\n\t\t\t<\/svg>\n\t\t<\/button><figcaption class=\"wp-element-caption\">Foto: www.bdmundo.com \/ Wikimedia Commons (CC BY-SA 2.0)<\/figcaption><\/figure>\n\n\n\n<h3 class=\"wp-block-heading\"><span class=\"ez-toc-section\" id=\"9_Vaderkvarnen_pa_naset\"><\/span>9. V\u00e4derkvarnen p\u00e5 n\u00e4set<span class=\"ez-toc-section-end\"><\/span><\/h3>\n\n\n\n<p class=\"wp-block-paragraph\">Tr\u00e4v\u00e4derkvarnen som st\u00e5r p\u00e5 det smala n\u00e4set som f\u00f6rbinder halv\u00f6n med fastlandet \u00e4r f\u00f6rmodligen det f\u00f6rsta du fotograferar i Nesebar. Men de flesta turister inser inte att <strong>dagens byggnad inte \u00e4r den ursprungliga<\/strong>. Den riktiga historiska kvarnen rasade n\u00e4mligen ihop av sig sj\u00e4lv under en kraftig storm 1929 och den nuvarande formen \u00e4r resultatet av flera renoveringar, varav den senaste \u00e4gde rum 2022.<\/p>\n\n\n\n<p class=\"wp-block-paragraph\">Kvarnen fungerar visserligen inte och \u00e4r rent en museiutst\u00e4llning (entr\u00e9 2,56 \u20ac), men visste du att Nesebar egentligen har tre kvarnar? En sten kvarn st\u00e5r p\u00e5 norra stranden vid Eleusa och p\u00e5 dess tredje v\u00e5ning har <strong>tunga kvarnstenar och en del av mekanismen bevarats \u00e4n i dag<\/strong>, vilket f\u00f6r teknik\u00e4lskare \u00e4r en mycket mer autentisk upplevelse.<\/p>\n\n\n\n<figure data-wp-context=\"{&quot;imageId&quot;:&quot;6a9c45f0df856&quot;}\" data-wp-interactive=\"core\/image\" data-wp-key=\"6a9c45f0df856\" class=\"wp-block-image size-full wp-lightbox-container\"><img decoding=\"async\" width=\"1800\" height=\"633\" data-wp-class--hide=\"state.isContentHidden\" data-wp-class--show=\"state.isContentVisible\" data-wp-init=\"callbacks.setButtonStyles\" data-wp-on--click=\"actions.showLightbox\" data-wp-on--load=\"callbacks.setButtonStyles\" data-wp-on--pointerdown=\"actions.preloadImage\" data-wp-on--pointerenter=\"actions.preloadImageWithDelay\" data-wp-on--pointerleave=\"actions.cancelPreload\" data-wp-on-window--resize=\"callbacks.setButtonStyles\" src=\"https:\/\/loudavymkrokem.cz\/wp-content\/uploads\/2026\/08\/bulharsko-research-nesebar-18.jpg\" alt=\"V\u00e4stra murarna och huvudstadsporten\" class=\"wp-image-404877\" title=\"\" srcset=\"https:\/\/loudavymkrokem.cz\/wp-content\/uploads\/2026\/08\/bulharsko-research-nesebar-18.jpg 1800w, https:\/\/loudavymkrokem.cz\/wp-content\/uploads\/2026\/08\/bulharsko-research-nesebar-18-300x106.jpg 300w, https:\/\/loudavymkrokem.cz\/wp-content\/uploads\/2026\/08\/bulharsko-research-nesebar-18-700x246.jpg 700w, https:\/\/loudavymkrokem.cz\/wp-content\/uploads\/2026\/08\/bulharsko-research-nesebar-18-768x270.jpg 768w, https:\/\/loudavymkrokem.cz\/wp-content\/uploads\/2026\/08\/bulharsko-research-nesebar-18-1536x540.jpg 1536w, https:\/\/loudavymkrokem.cz\/wp-content\/uploads\/2026\/08\/bulharsko-research-nesebar-18-696x245.jpg 696w, https:\/\/loudavymkrokem.cz\/wp-content\/uploads\/2026\/08\/bulharsko-research-nesebar-18-1392x490.jpg 1392w\" sizes=\"(max-width: 1800px) 100vw, 1800px\" \/><button\n\t\t\tclass=\"lightbox-trigger\"\n\t\t\ttype=\"button\"\n\t\t\taria-haspopup=\"dialog\"\n\t\t\tdata-wp-bind--aria-label=\"state.thisImage.triggerButtonAriaLabel\"\n\t\t\tdata-wp-init=\"callbacks.initTriggerButton\"\n\t\t\tdata-wp-on--click=\"actions.showLightbox\"\n\t\t\tdata-wp-style--right=\"state.thisImage.buttonRight\"\n\t\t\tdata-wp-style--top=\"state.thisImage.buttonTop\"\n\t\t>\n\t\t\t<svg xmlns=\"http:\/\/www.w3.org\/2000\/svg\" width=\"12\" height=\"12\" fill=\"none\" viewBox=\"0 0 12 12\">\n\t\t\t\t<path fill=\"#fff\" d=\"M2 0a2 2 0 0 0-2 2v2h1.5V2a.5.5 0 0 1 .5-.5h2V0H2Zm2 10.5H2a.5.5 0 0 1-.5-.5V8H0v2a2 2 0 0 0 2 2h2v-1.5ZM8 12v-1.5h2a.5.5 0 0 0 .5-.5V8H12v2a2 2 0 0 1-2 2H8Zm2-12a2 2 0 0 1 2 2v2h-1.5V2a.5.5 0 0 0-.5-.5H8V0h2Z\" \/>\n\t\t\t<\/svg>\n\t\t<\/button><figcaption class=\"wp-element-caption\">Foto: B0rder at en.wikipedia \/ Wikimedia Commons, Public domain<\/figcaption><\/figure>\n\n\n\n<h3 class=\"wp-block-heading\"><span class=\"ez-toc-section\" id=\"10_Vastra_murarna_och_huvudporten\"><\/span>10. V\u00e4stra murarna och huvudporten<span class=\"ez-toc-section-end\"><\/span><\/h3>\n\n\n\n<p class=\"wp-block-paragraph\">Nesebars bef\u00e4stningar \u00e4r som en arkitekturl\u00e4robok i praktiken. N\u00e4r du st\u00e4ller dig vid huvudstadsporten vid ing\u00e5ngen till halv\u00f6n <strong>kan du tydligt l\u00e4sa av fyra olika historiska lager<\/strong>. Allra l\u00e4ngst ner ligger trakiskt murverk fr\u00e5n 700-talet f.Kr., ovanf\u00f6r det hellenistiska kvaderstenar lagda utan bruk, f\u00f6ljda av romerska ombyggnader och slutligen tidigbysantinskt murverk av typen opus mixtum fr\u00e5n mitten av 400-talet.<\/p>\n\n\n\n<p class=\"wp-block-paragraph\">Sj\u00e4lva huvudporten, skyddad av tv\u00e5 r\u00e4tvinkliga torn, var <strong>utrustad med dubbla st\u00e4ngningar i form av ett f\u00e4llgaller och tunga tv\u00e5faldiga portar<\/strong>. Murarna \u00e4r fritt tillg\u00e4ngliga dygnet runt och direkt framf\u00f6r det n\u00e4rbel\u00e4gna museet kan du titta p\u00e5 en exakt reliefmodell av hela halv\u00f6n.<\/p>\n\n\n\n<figure data-wp-context=\"{&quot;imageId&quot;:&quot;6a9c45f0dfd85&quot;}\" data-wp-interactive=\"core\/image\" data-wp-key=\"6a9c45f0dfd85\" class=\"wp-block-image size-full wp-lightbox-container\"><img decoding=\"async\" width=\"1800\" height=\"1350\" data-wp-class--hide=\"state.isContentHidden\" data-wp-class--show=\"state.isContentVisible\" data-wp-init=\"callbacks.setButtonStyles\" data-wp-on--click=\"actions.showLightbox\" data-wp-on--load=\"callbacks.setButtonStyles\" data-wp-on--pointerdown=\"actions.preloadImage\" data-wp-on--pointerenter=\"actions.preloadImageWithDelay\" data-wp-on--pointerleave=\"actions.cancelPreload\" data-wp-on-window--resize=\"callbacks.setButtonStyles\" src=\"https:\/\/loudavymkrokem.cz\/wp-content\/uploads\/2026\/08\/bulharsko-research-nesebar-19.jpg\" alt=\"Tidigbysantinska termer fr\u00e5n 500-talet\" class=\"wp-image-404880\" title=\"\" srcset=\"https:\/\/loudavymkrokem.cz\/wp-content\/uploads\/2026\/08\/bulharsko-research-nesebar-19.jpg 1800w, https:\/\/loudavymkrokem.cz\/wp-content\/uploads\/2026\/08\/bulharsko-research-nesebar-19-300x225.jpg 300w, https:\/\/loudavymkrokem.cz\/wp-content\/uploads\/2026\/08\/bulharsko-research-nesebar-19-700x525.jpg 700w, https:\/\/loudavymkrokem.cz\/wp-content\/uploads\/2026\/08\/bulharsko-research-nesebar-19-768x576.jpg 768w, https:\/\/loudavymkrokem.cz\/wp-content\/uploads\/2026\/08\/bulharsko-research-nesebar-19-1536x1152.jpg 1536w, https:\/\/loudavymkrokem.cz\/wp-content\/uploads\/2026\/08\/bulharsko-research-nesebar-19-80x60.jpg 80w, https:\/\/loudavymkrokem.cz\/wp-content\/uploads\/2026\/08\/bulharsko-research-nesebar-19-160x120.jpg 160w, https:\/\/loudavymkrokem.cz\/wp-content\/uploads\/2026\/08\/bulharsko-research-nesebar-19-696x522.jpg 696w, https:\/\/loudavymkrokem.cz\/wp-content\/uploads\/2026\/08\/bulharsko-research-nesebar-19-1392x1044.jpg 1392w\" sizes=\"(max-width: 1800px) 100vw, 1800px\" \/><button\n\t\t\tclass=\"lightbox-trigger\"\n\t\t\ttype=\"button\"\n\t\t\taria-haspopup=\"dialog\"\n\t\t\tdata-wp-bind--aria-label=\"state.thisImage.triggerButtonAriaLabel\"\n\t\t\tdata-wp-init=\"callbacks.initTriggerButton\"\n\t\t\tdata-wp-on--click=\"actions.showLightbox\"\n\t\t\tdata-wp-style--right=\"state.thisImage.buttonRight\"\n\t\t\tdata-wp-style--top=\"state.thisImage.buttonTop\"\n\t\t>\n\t\t\t<svg xmlns=\"http:\/\/www.w3.org\/2000\/svg\" width=\"12\" height=\"12\" fill=\"none\" viewBox=\"0 0 12 12\">\n\t\t\t\t<path fill=\"#fff\" d=\"M2 0a2 2 0 0 0-2 2v2h1.5V2a.5.5 0 0 1 .5-.5h2V0H2Zm2 10.5H2a.5.5 0 0 1-.5-.5V8H0v2a2 2 0 0 0 2 2h2v-1.5ZM8 12v-1.5h2a.5.5 0 0 0 .5-.5V8H12v2a2 2 0 0 1-2 2H8Zm2-12a2 2 0 0 1 2 2v2h-1.5V2a.5.5 0 0 0-.5-.5H8V0h2Z\" \/>\n\t\t\t<\/svg>\n\t\t<\/button><figcaption class=\"wp-element-caption\">Foto: \u0420\u043e\u043c\u0430\u043d \u0414\u043d\u0435\u043f\u0440 \/ Wikimedia Commons, CC BY-SA 3.0<\/figcaption><\/figure>\n\n\n\n<h3 class=\"wp-block-heading\"><span class=\"ez-toc-section\" id=\"11_Tidigbysantinska_termerna\"><\/span>11. Tidigbysantinska termerna<span class=\"ez-toc-section-end\"><\/span><\/h3>\n\n\n\n<p class=\"wp-block-paragraph\">Tro det eller ej, men det var just i dessa fritt tillg\u00e4ngliga ruiner som hela landets historia p\u00e5 s\u00e4tt och vis skrevs. Termalbaden fr\u00e5n 500-talet, byggda under kejsar Justinianus I:s regeringstid, har \u00e4n i dag bevarat <strong>murverk p\u00e5 sina st\u00e4llen upp till tre meters h\u00f6jd<\/strong> och ett tydligt synligt system f\u00f6r golvv\u00e4rme.<\/p>\n\n\n\n<p class=\"wp-block-paragraph\">Det var just hit som den bysantinske kejsaren Konstantin IV \u00e5r 680 seglade f\u00f6r att bota ett giktanfall, medan hans arm\u00e9 bel\u00e4grade Asparuchs bulgarer. Soldaterna tolkade kejsarens avf\u00e4rd som en flykt, greps av panik och drog sig tillbaka, vilket gjorde det m\u00f6jligt f\u00f6r bulgarerna att krossande besegra dem. Ur denna seger f\u00f6ddes sedan <strong>freden 681 och det F\u00f6rsta bulgariska riket<\/strong>, s\u00e5 du st\u00e5r p\u00e5 en plats av enorm historisk betydelse.<\/p>\n\n\n\n<figure data-wp-context=\"{&quot;imageId&quot;:&quot;6a9c45f0e02c3&quot;}\" data-wp-interactive=\"core\/image\" data-wp-key=\"6a9c45f0e02c3\" class=\"wp-block-image size-full wp-lightbox-container\"><img decoding=\"async\" width=\"1800\" height=\"1350\" data-wp-class--hide=\"state.isContentHidden\" data-wp-class--show=\"state.isContentVisible\" data-wp-init=\"callbacks.setButtonStyles\" data-wp-on--click=\"actions.showLightbox\" data-wp-on--load=\"callbacks.setButtonStyles\" data-wp-on--pointerdown=\"actions.preloadImage\" data-wp-on--pointerenter=\"actions.preloadImageWithDelay\" data-wp-on--pointerleave=\"actions.cancelPreload\" data-wp-on-window--resize=\"callbacks.setButtonStyles\" src=\"https:\/\/loudavymkrokem.cz\/wp-content\/uploads\/2026\/08\/bulharsko-research-nesebar-20.jpg\" alt=\"V\u00e4ckelsehus i Nesebar med \u00f6verv\u00e5ning i tr\u00e4\" class=\"wp-image-404882\" title=\"\" srcset=\"https:\/\/loudavymkrokem.cz\/wp-content\/uploads\/2026\/08\/bulharsko-research-nesebar-20.jpg 1800w, https:\/\/loudavymkrokem.cz\/wp-content\/uploads\/2026\/08\/bulharsko-research-nesebar-20-300x225.jpg 300w, https:\/\/loudavymkrokem.cz\/wp-content\/uploads\/2026\/08\/bulharsko-research-nesebar-20-700x525.jpg 700w, https:\/\/loudavymkrokem.cz\/wp-content\/uploads\/2026\/08\/bulharsko-research-nesebar-20-768x576.jpg 768w, https:\/\/loudavymkrokem.cz\/wp-content\/uploads\/2026\/08\/bulharsko-research-nesebar-20-1536x1152.jpg 1536w, https:\/\/loudavymkrokem.cz\/wp-content\/uploads\/2026\/08\/bulharsko-research-nesebar-20-80x60.jpg 80w, https:\/\/loudavymkrokem.cz\/wp-content\/uploads\/2026\/08\/bulharsko-research-nesebar-20-160x120.jpg 160w, https:\/\/loudavymkrokem.cz\/wp-content\/uploads\/2026\/08\/bulharsko-research-nesebar-20-696x522.jpg 696w, https:\/\/loudavymkrokem.cz\/wp-content\/uploads\/2026\/08\/bulharsko-research-nesebar-20-1392x1044.jpg 1392w\" sizes=\"(max-width: 1800px) 100vw, 1800px\" \/><button\n\t\t\tclass=\"lightbox-trigger\"\n\t\t\ttype=\"button\"\n\t\t\taria-haspopup=\"dialog\"\n\t\t\tdata-wp-bind--aria-label=\"state.thisImage.triggerButtonAriaLabel\"\n\t\t\tdata-wp-init=\"callbacks.initTriggerButton\"\n\t\t\tdata-wp-on--click=\"actions.showLightbox\"\n\t\t\tdata-wp-style--right=\"state.thisImage.buttonRight\"\n\t\t\tdata-wp-style--top=\"state.thisImage.buttonTop\"\n\t\t>\n\t\t\t<svg xmlns=\"http:\/\/www.w3.org\/2000\/svg\" width=\"12\" height=\"12\" fill=\"none\" viewBox=\"0 0 12 12\">\n\t\t\t\t<path fill=\"#fff\" d=\"M2 0a2 2 0 0 0-2 2v2h1.5V2a.5.5 0 0 1 .5-.5h2V0H2Zm2 10.5H2a.5.5 0 0 1-.5-.5V8H0v2a2 2 0 0 0 2 2h2v-1.5ZM8 12v-1.5h2a.5.5 0 0 0 .5-.5V8H12v2a2 2 0 0 1-2 2H8Zm2-12a2 2 0 0 1 2 2v2h-1.5V2a.5.5 0 0 0-.5-.5H8V0h2Z\" \/>\n\t\t\t<\/svg>\n\t\t<\/button><figcaption class=\"wp-element-caption\">Foto: Tanya Dedyukhina \/ Wikimedia Commons, CC BY 3.0<\/figcaption><\/figure>\n\n\n\n<h3 class=\"wp-block-heading\"><span class=\"ez-toc-section\" id=\"12_Nesebars_nationella_vackelsehus\"><\/span>12. Nesebars nationella v\u00e4ckelsehus<span class=\"ez-toc-section-end\"><\/span><\/h3>\n\n\n\n<p class=\"wp-block-paragraph\">N\u00e4r du dyker ner i virrvarret av smala gr\u00e4nder kommer typiska hus fr\u00e5n den bulgariska nationella v\u00e4ckelsen (1700- och 1800-talet) att st\u00e5 \u00f6verallt omkring dig. I minnesregistret finns hela nittio av dem registrerade p\u00e5 halv\u00f6n. <strong>Arkitekturen i dessa hus \u00e4r oerh\u00f6rt praktisk och genomt\u00e4nkt.<\/strong><\/p>\n\n\n\n<p class=\"wp-block-paragraph\">Bottenv\u00e5ningen best\u00e5r av massiva stenmurar och anv\u00e4ndes f\u00f6r ekonomiska \u00e4ndam\u00e5l eller f\u00f6r f\u00f6rvaring av vin och fisken\u00e4t. Ur den reser sig sedan <strong>en bred tr\u00e4v\u00e5ning f\u00f6r boende med en typisk burspr\u00e5k<\/strong>, som \u00e4r kl\u00e4dd med br\u00e4dor. De lokala m\u00e4starna byggde husen s\u00e5 att rummen mot s\u00f6der med m\u00e5nga f\u00f6nster f\u00e5ngade sommarbrisen fr\u00e5n havet, medan rummen mot norr var utrustade med eldst\u00e4der f\u00f6r kalla vinterdagar.<\/p>\n\n\n\n<figure data-wp-context=\"{&quot;imageId&quot;:&quot;6a9c45f0e0778&quot;}\" data-wp-interactive=\"core\/image\" data-wp-key=\"6a9c45f0e0778\" class=\"wp-block-image size-full wp-lightbox-container\"><img decoding=\"async\" width=\"1800\" height=\"1350\" data-wp-class--hide=\"state.isContentHidden\" data-wp-class--show=\"state.isContentVisible\" data-wp-init=\"callbacks.setButtonStyles\" data-wp-on--click=\"actions.showLightbox\" data-wp-on--load=\"callbacks.setButtonStyles\" data-wp-on--pointerdown=\"actions.preloadImage\" data-wp-on--pointerenter=\"actions.preloadImageWithDelay\" data-wp-on--pointerleave=\"actions.cancelPreload\" data-wp-on-window--resize=\"callbacks.setButtonStyles\" src=\"https:\/\/loudavymkrokem.cz\/wp-content\/uploads\/2026\/08\/bulharsko-research-nesebar-21.jpg\" alt=\"Str\u00e4nder och museer runt gamla Nesebar\" class=\"wp-image-404884\" title=\"\" srcset=\"https:\/\/loudavymkrokem.cz\/wp-content\/uploads\/2026\/08\/bulharsko-research-nesebar-21.jpg 1800w, https:\/\/loudavymkrokem.cz\/wp-content\/uploads\/2026\/08\/bulharsko-research-nesebar-21-300x225.jpg 300w, https:\/\/loudavymkrokem.cz\/wp-content\/uploads\/2026\/08\/bulharsko-research-nesebar-21-700x525.jpg 700w, https:\/\/loudavymkrokem.cz\/wp-content\/uploads\/2026\/08\/bulharsko-research-nesebar-21-768x576.jpg 768w, https:\/\/loudavymkrokem.cz\/wp-content\/uploads\/2026\/08\/bulharsko-research-nesebar-21-1536x1152.jpg 1536w, https:\/\/loudavymkrokem.cz\/wp-content\/uploads\/2026\/08\/bulharsko-research-nesebar-21-80x60.jpg 80w, https:\/\/loudavymkrokem.cz\/wp-content\/uploads\/2026\/08\/bulharsko-research-nesebar-21-160x120.jpg 160w, https:\/\/loudavymkrokem.cz\/wp-content\/uploads\/2026\/08\/bulharsko-research-nesebar-21-696x522.jpg 696w, https:\/\/loudavymkrokem.cz\/wp-content\/uploads\/2026\/08\/bulharsko-research-nesebar-21-1392x1044.jpg 1392w\" sizes=\"(max-width: 1800px) 100vw, 1800px\" \/><button\n\t\t\tclass=\"lightbox-trigger\"\n\t\t\ttype=\"button\"\n\t\t\taria-haspopup=\"dialog\"\n\t\t\tdata-wp-bind--aria-label=\"state.thisImage.triggerButtonAriaLabel\"\n\t\t\tdata-wp-init=\"callbacks.initTriggerButton\"\n\t\t\tdata-wp-on--click=\"actions.showLightbox\"\n\t\t\tdata-wp-style--right=\"state.thisImage.buttonRight\"\n\t\t\tdata-wp-style--top=\"state.thisImage.buttonTop\"\n\t\t>\n\t\t\t<svg xmlns=\"http:\/\/www.w3.org\/2000\/svg\" width=\"12\" height=\"12\" fill=\"none\" viewBox=\"0 0 12 12\">\n\t\t\t\t<path fill=\"#fff\" d=\"M2 0a2 2 0 0 0-2 2v2h1.5V2a.5.5 0 0 1 .5-.5h2V0H2Zm2 10.5H2a.5.5 0 0 1-.5-.5V8H0v2a2 2 0 0 0 2 2h2v-1.5ZM8 12v-1.5h2a.5.5 0 0 0 .5-.5V8H12v2a2 2 0 0 1-2 2H8Zm2-12a2 2 0 0 1 2 2v2h-1.5V2a.5.5 0 0 0-.5-.5H8V0h2Z\" \/>\n\t\t\t<\/svg>\n\t\t<\/button><figcaption class=\"wp-element-caption\">Foto: Victor Belousov \/ Wikimedia Commons (CC BY 3.0)<\/figcaption><\/figure>\n\n\n\n<h2 class=\"wp-block-heading\"><span class=\"ez-toc-section\" id=\"Museer_strander_och_omgivningar\"><\/span>Museer, str\u00e4nder och omgivningar<span class=\"ez-toc-section-end\"><\/span><\/h2>\n\n\n\n<p class=\"wp-block-paragraph\">Om du vill vila upp dig fr\u00e5n historien erbjuder Nesebar ocks\u00e5 <strong>vackra badplatser<\/strong> och <strong>intressanta museiutst\u00e4llningar<\/strong> d\u00e4r du kan g\u00f6mma dig undan sommarhettan.<\/p>\n\n\n\n<figure data-wp-context=\"{&quot;imageId&quot;:&quot;6a9c45f0e0d5b&quot;}\" data-wp-interactive=\"core\/image\" data-wp-key=\"6a9c45f0e0d5b\" class=\"wp-block-image size-full wp-lightbox-container\"><img decoding=\"async\" width=\"1800\" height=\"1200\" data-wp-class--hide=\"state.isContentHidden\" data-wp-class--show=\"state.isContentVisible\" data-wp-init=\"callbacks.setButtonStyles\" data-wp-on--click=\"actions.showLightbox\" data-wp-on--load=\"callbacks.setButtonStyles\" data-wp-on--pointerdown=\"actions.preloadImage\" data-wp-on--pointerenter=\"actions.preloadImageWithDelay\" data-wp-on--pointerleave=\"actions.cancelPreload\" data-wp-on-window--resize=\"callbacks.setButtonStyles\" src=\"https:\/\/loudavymkrokem.cz\/wp-content\/uploads\/2026\/08\/bulharsko-research-nesebar-22.jpg\" alt=\"Ikoner och fynd i Arkeologiska museet\" class=\"wp-image-404886\" title=\"\" srcset=\"https:\/\/loudavymkrokem.cz\/wp-content\/uploads\/2026\/08\/bulharsko-research-nesebar-22.jpg 1800w, https:\/\/loudavymkrokem.cz\/wp-content\/uploads\/2026\/08\/bulharsko-research-nesebar-22-300x200.jpg 300w, https:\/\/loudavymkrokem.cz\/wp-content\/uploads\/2026\/08\/bulharsko-research-nesebar-22-700x467.jpg 700w, https:\/\/loudavymkrokem.cz\/wp-content\/uploads\/2026\/08\/bulharsko-research-nesebar-22-768x512.jpg 768w, https:\/\/loudavymkrokem.cz\/wp-content\/uploads\/2026\/08\/bulharsko-research-nesebar-22-1536x1024.jpg 1536w, https:\/\/loudavymkrokem.cz\/wp-content\/uploads\/2026\/08\/bulharsko-research-nesebar-22-696x464.jpg 696w, https:\/\/loudavymkrokem.cz\/wp-content\/uploads\/2026\/08\/bulharsko-research-nesebar-22-1392x928.jpg 1392w\" sizes=\"(max-width: 1800px) 100vw, 1800px\" \/><button\n\t\t\tclass=\"lightbox-trigger\"\n\t\t\ttype=\"button\"\n\t\t\taria-haspopup=\"dialog\"\n\t\t\tdata-wp-bind--aria-label=\"state.thisImage.triggerButtonAriaLabel\"\n\t\t\tdata-wp-init=\"callbacks.initTriggerButton\"\n\t\t\tdata-wp-on--click=\"actions.showLightbox\"\n\t\t\tdata-wp-style--right=\"state.thisImage.buttonRight\"\n\t\t\tdata-wp-style--top=\"state.thisImage.buttonTop\"\n\t\t>\n\t\t\t<svg xmlns=\"http:\/\/www.w3.org\/2000\/svg\" width=\"12\" height=\"12\" fill=\"none\" viewBox=\"0 0 12 12\">\n\t\t\t\t<path fill=\"#fff\" d=\"M2 0a2 2 0 0 0-2 2v2h1.5V2a.5.5 0 0 1 .5-.5h2V0H2Zm2 10.5H2a.5.5 0 0 1-.5-.5V8H0v2a2 2 0 0 0 2 2h2v-1.5ZM8 12v-1.5h2a.5.5 0 0 0 .5-.5V8H12v2a2 2 0 0 1-2 2H8Zm2-12a2 2 0 0 1 2 2v2h-1.5V2a.5.5 0 0 0-.5-.5H8V0h2Z\" \/>\n\t\t\t<\/svg>\n\t\t<\/button><figcaption class=\"wp-element-caption\">Foto: Kritzolina \/ Wikimedia Commons, CC BY-SA 4.0<\/figcaption><\/figure>\n\n\n\n<h3 class=\"wp-block-heading\"><span class=\"ez-toc-section\" id=\"13_Arkeologiska_museet\"><\/span>13. Arkeologiska museet<span class=\"ez-toc-section-end\"><\/span><\/h3>\n\n\n\n<p class=\"wp-block-paragraph\">Dina f\u00f6rsta steg p\u00e5 halv\u00f6n b\u00f6r leda just hit, till byggnaden p\u00e5 gatan Mesambria 2A direkt innanf\u00f6r stadsmurarna. Entr\u00e9n kostar 4,60 \u20ac och <strong>det \u00e4r den enda platsen d\u00e4r du kan k\u00f6pa f\u00f6rm\u00e5nliga kombinationsbiljetter<\/strong> till de andra sev\u00e4rdheterna. Redan i foaj\u00e9n kan du besk\u00e5da det original\u00addiplom som bevisar upptagandet p\u00e5 UNESCO:s v\u00e4rldsarvslista.<\/p>\n\n\n\n<p class=\"wp-block-paragraph\">Museet har fyra rymliga salar fulla av antika och medeltida artefakter, men <strong>den absoluta juvelen \u00e4r ikonsalen<\/strong>. D\u00e4r hittar du en h\u00e4nf\u00f6rande samling av ungef\u00e4r 250 ikoner fr\u00e5n 1200- till 1800-talet, som r\u00e4ddar arvet fr\u00e5n Nesebars rivna tempel.<\/p>\n\n\n\n<figure data-wp-context=\"{&quot;imageId&quot;:&quot;6a9c45f0e1294&quot;}\" data-wp-interactive=\"core\/image\" data-wp-key=\"6a9c45f0e1294\" class=\"wp-block-image size-full wp-lightbox-container\"><img decoding=\"async\" width=\"1800\" height=\"1350\" data-wp-class--hide=\"state.isContentHidden\" data-wp-class--show=\"state.isContentVisible\" data-wp-init=\"callbacks.setButtonStyles\" data-wp-on--click=\"actions.showLightbox\" data-wp-on--load=\"callbacks.setButtonStyles\" data-wp-on--pointerdown=\"actions.preloadImage\" data-wp-on--pointerenter=\"actions.preloadImageWithDelay\" data-wp-on--pointerleave=\"actions.cancelPreload\" data-wp-on-window--resize=\"callbacks.setButtonStyles\" src=\"https:\/\/loudavymkrokem.cz\/wp-content\/uploads\/2026\/08\/bulharsko-research-nesebar-23.jpg\" alt=\"S\u00f6dra stranden i Nesebar med grund tillg\u00e5ng till vattnet\" class=\"wp-image-404888\" title=\"\" srcset=\"https:\/\/loudavymkrokem.cz\/wp-content\/uploads\/2026\/08\/bulharsko-research-nesebar-23.jpg 1800w, https:\/\/loudavymkrokem.cz\/wp-content\/uploads\/2026\/08\/bulharsko-research-nesebar-23-300x225.jpg 300w, https:\/\/loudavymkrokem.cz\/wp-content\/uploads\/2026\/08\/bulharsko-research-nesebar-23-700x525.jpg 700w, https:\/\/loudavymkrokem.cz\/wp-content\/uploads\/2026\/08\/bulharsko-research-nesebar-23-768x576.jpg 768w, https:\/\/loudavymkrokem.cz\/wp-content\/uploads\/2026\/08\/bulharsko-research-nesebar-23-1536x1152.jpg 1536w, https:\/\/loudavymkrokem.cz\/wp-content\/uploads\/2026\/08\/bulharsko-research-nesebar-23-80x60.jpg 80w, https:\/\/loudavymkrokem.cz\/wp-content\/uploads\/2026\/08\/bulharsko-research-nesebar-23-160x120.jpg 160w, https:\/\/loudavymkrokem.cz\/wp-content\/uploads\/2026\/08\/bulharsko-research-nesebar-23-696x522.jpg 696w, https:\/\/loudavymkrokem.cz\/wp-content\/uploads\/2026\/08\/bulharsko-research-nesebar-23-1392x1044.jpg 1392w\" sizes=\"(max-width: 1800px) 100vw, 1800px\" \/><button\n\t\t\tclass=\"lightbox-trigger\"\n\t\t\ttype=\"button\"\n\t\t\taria-haspopup=\"dialog\"\n\t\t\tdata-wp-bind--aria-label=\"state.thisImage.triggerButtonAriaLabel\"\n\t\t\tdata-wp-init=\"callbacks.initTriggerButton\"\n\t\t\tdata-wp-on--click=\"actions.showLightbox\"\n\t\t\tdata-wp-style--right=\"state.thisImage.buttonRight\"\n\t\t\tdata-wp-style--top=\"state.thisImage.buttonTop\"\n\t\t>\n\t\t\t<svg xmlns=\"http:\/\/www.w3.org\/2000\/svg\" width=\"12\" height=\"12\" fill=\"none\" viewBox=\"0 0 12 12\">\n\t\t\t\t<path fill=\"#fff\" d=\"M2 0a2 2 0 0 0-2 2v2h1.5V2a.5.5 0 0 1 .5-.5h2V0H2Zm2 10.5H2a.5.5 0 0 1-.5-.5V8H0v2a2 2 0 0 0 2 2h2v-1.5ZM8 12v-1.5h2a.5.5 0 0 0 .5-.5V8H12v2a2 2 0 0 1-2 2H8Zm2-12a2 2 0 0 1 2 2v2h-1.5V2a.5.5 0 0 0-.5-.5H8V0h2Z\" \/>\n\t\t\t<\/svg>\n\t\t<\/button><figcaption class=\"wp-element-caption\">Foto: \u041c\u0438\u0445\u0430\u043b \u041e\u0440\u0435\u043b\u0430 \/ Wikimedia Commons (CC BY 3.0)<\/figcaption><\/figure>\n\n\n\n<h3 class=\"wp-block-heading\"><span class=\"ez-toc-section\" id=\"14_Sodra_stranden_Nesebar-syd\"><\/span>14. S\u00f6dra stranden (Nesebar-syd)<span class=\"ez-toc-section-end\"><\/span><\/h3>\n\n\n\n<p class=\"wp-block-paragraph\">Om du letar efter den perfekta badplatsen, ta dig ungef\u00e4r en kilometer till fots fr\u00e5n gamla stan till S\u00f6dra stranden. Detta \u00f6ver en kilometer l\u00e5nga band skryter med <strong>vackra sanddyner och en extremt flack lutning<\/strong>, d\u00e4r du kan g\u00e5 sextio meter ut i havet och fortfarande bara ha vatten upp till midjan, vilket \u00e4r helt idealiskt f\u00f6r familjer med sm\u00e5 barn.<\/p>\n\n\n\n<p class=\"wp-block-paragraph\">En stor f\u00f6rdel \u00e4r ocks\u00e5 priserna h\u00e4r. Medan du p\u00e5 Sunny Beachs centrala strand betalar 5,10 \u20ac f\u00f6r en solstol, <strong>betalar du h\u00e4r enligt <a href=\"https:\/\/www.tourism.government.bg\/\" target=\"_blank\" rel=\"noopener nofollow\">turistministeriets officiella uppgifter<\/a> bara 4,09 \u20ac<\/strong>, s\u00e5 en familj sparar en m\u00e4rkbar summa i euro p\u00e5 en hel dag. Strandens v\u00e4stra del \u00e4r dessutom helt \u00f6ppen och gratis.<\/p>\n\n\n\n<figure data-wp-context=\"{&quot;imageId&quot;:&quot;6a9c45f0e17fc&quot;}\" data-wp-interactive=\"core\/image\" data-wp-key=\"6a9c45f0e17fc\" class=\"wp-block-image size-full wp-lightbox-container\"><img decoding=\"async\" width=\"1800\" height=\"1125\" data-wp-class--hide=\"state.isContentHidden\" data-wp-class--show=\"state.isContentVisible\" data-wp-init=\"callbacks.setButtonStyles\" data-wp-on--click=\"actions.showLightbox\" data-wp-on--load=\"callbacks.setButtonStyles\" data-wp-on--pointerdown=\"actions.preloadImage\" data-wp-on--pointerenter=\"actions.preloadImageWithDelay\" data-wp-on--pointerleave=\"actions.cancelPreload\" data-wp-on-window--resize=\"callbacks.setButtonStyles\" src=\"https:\/\/loudavymkrokem.cz\/wp-content\/uploads\/2026\/08\/bulharsko-research-nesebar-24.jpg\" alt=\"Stadsstrand direkt nedanf\u00f6r gamla stan\" class=\"wp-image-404890\" title=\"\" srcset=\"https:\/\/loudavymkrokem.cz\/wp-content\/uploads\/2026\/08\/bulharsko-research-nesebar-24.jpg 1800w, https:\/\/loudavymkrokem.cz\/wp-content\/uploads\/2026\/08\/bulharsko-research-nesebar-24-300x188.jpg 300w, https:\/\/loudavymkrokem.cz\/wp-content\/uploads\/2026\/08\/bulharsko-research-nesebar-24-700x438.jpg 700w, https:\/\/loudavymkrokem.cz\/wp-content\/uploads\/2026\/08\/bulharsko-research-nesebar-24-768x480.jpg 768w, https:\/\/loudavymkrokem.cz\/wp-content\/uploads\/2026\/08\/bulharsko-research-nesebar-24-1536x960.jpg 1536w, https:\/\/loudavymkrokem.cz\/wp-content\/uploads\/2026\/08\/bulharsko-research-nesebar-24-696x435.jpg 696w, https:\/\/loudavymkrokem.cz\/wp-content\/uploads\/2026\/08\/bulharsko-research-nesebar-24-1392x870.jpg 1392w\" sizes=\"(max-width: 1800px) 100vw, 1800px\" \/><button\n\t\t\tclass=\"lightbox-trigger\"\n\t\t\ttype=\"button\"\n\t\t\taria-haspopup=\"dialog\"\n\t\t\tdata-wp-bind--aria-label=\"state.thisImage.triggerButtonAriaLabel\"\n\t\t\tdata-wp-init=\"callbacks.initTriggerButton\"\n\t\t\tdata-wp-on--click=\"actions.showLightbox\"\n\t\t\tdata-wp-style--right=\"state.thisImage.buttonRight\"\n\t\t\tdata-wp-style--top=\"state.thisImage.buttonTop\"\n\t\t>\n\t\t\t<svg xmlns=\"http:\/\/www.w3.org\/2000\/svg\" width=\"12\" height=\"12\" fill=\"none\" viewBox=\"0 0 12 12\">\n\t\t\t\t<path fill=\"#fff\" d=\"M2 0a2 2 0 0 0-2 2v2h1.5V2a.5.5 0 0 1 .5-.5h2V0H2Zm2 10.5H2a.5.5 0 0 1-.5-.5V8H0v2a2 2 0 0 0 2 2h2v-1.5ZM8 12v-1.5h2a.5.5 0 0 0 .5-.5V8H12v2a2 2 0 0 1-2 2H8Zm2-12a2 2 0 0 1 2 2v2h-1.5V2a.5.5 0 0 0-.5-.5H8V0h2Z\" \/>\n\t\t\t<\/svg>\n\t\t<\/button><figcaption class=\"wp-element-caption\">Foto: Daniel Albrecht from Prague, Czech Republic \/ Wikimedia Commons (CC BY 2.0)<\/figcaption><\/figure>\n\n\n\n<h3 class=\"wp-block-heading\"><span class=\"ez-toc-section\" id=\"15_Stadsstranderna_i_gamla_stan_Plakamoto_och_Buna\"><\/span>15. Stadsstr\u00e4nderna i gamla stan (Plakamoto och Buna)<span class=\"ez-toc-section-end\"><\/span><\/h3>\n\n\n\n<p class=\"wp-block-paragraph\">Direkt p\u00e5 halv\u00f6n hittar du tv\u00e5 sm\u00e5 str\u00e4nder som har sin egen speciella charm. Stranden Plakamoto ligger nedanf\u00f6r amfiteatern och <strong>dess yta best\u00e5r inte av sand, utan av finkrossade sn\u00e4ckskal<\/strong>. Botten \u00e4r ganska stenig h\u00e4r, s\u00e5 jag rekommenderar dig helt klart att ta med badskor.<\/p>\n\n\n\n<p class=\"wp-block-paragraph\">Den nyare stranden Buna best\u00e5r ocks\u00e5 av krossade sn\u00e4ckskal blandade med sm\u00e5sten, i vilket det \u00e4r mycket sv\u00e5rt att s\u00e4tta ner ett eget parasoll. Strandens h\u00f6gra del \u00e4r avgiftsbelagd (solstol f\u00f6r 4,09 \u20ac) och botten sluttar snabbt, medan <strong>den v\u00e4nstra sidan \u00e4r fri och gratis samt mycket grundare<\/strong>, vilket \u00e4r ett perfekt val om du bara snabbt vill svalka dig under din rundvandring i staden.<\/p>\n\n\n\n<figure data-wp-context=\"{&quot;imageId&quot;:&quot;6a9c45f0e1ea2&quot;}\" data-wp-interactive=\"core\/image\" data-wp-key=\"6a9c45f0e1ea2\" class=\"wp-block-image size-full wp-lightbox-container\"><img decoding=\"async\" width=\"1707\" height=\"2560\" data-wp-class--hide=\"state.isContentHidden\" data-wp-class--show=\"state.isContentVisible\" data-wp-init=\"callbacks.setButtonStyles\" data-wp-on--click=\"actions.showLightbox\" data-wp-on--load=\"callbacks.setButtonStyles\" data-wp-on--pointerdown=\"actions.preloadImage\" data-wp-on--pointerenter=\"actions.preloadImageWithDelay\" data-wp-on--pointerleave=\"actions.cancelPreload\" data-wp-on-window--resize=\"callbacks.setButtonStyles\" src=\"https:\/\/loudavymkrokem.cz\/wp-content\/uploads\/2026\/08\/bulharsko-research-nesebar-25-scaled.jpg\" alt=\"G\u00e5rden till Etnografiska museet i Moskojani-huset\" class=\"wp-image-404892\" title=\"\" srcset=\"https:\/\/loudavymkrokem.cz\/wp-content\/uploads\/2026\/08\/bulharsko-research-nesebar-25-scaled.jpg 1707w, https:\/\/loudavymkrokem.cz\/wp-content\/uploads\/2026\/08\/bulharsko-research-nesebar-25-200x300.jpg 200w, https:\/\/loudavymkrokem.cz\/wp-content\/uploads\/2026\/08\/bulharsko-research-nesebar-25-700x1050.jpg 700w, https:\/\/loudavymkrokem.cz\/wp-content\/uploads\/2026\/08\/bulharsko-research-nesebar-25-768x1152.jpg 768w, https:\/\/loudavymkrokem.cz\/wp-content\/uploads\/2026\/08\/bulharsko-research-nesebar-25-1024x1536.jpg 1024w, https:\/\/loudavymkrokem.cz\/wp-content\/uploads\/2026\/08\/bulharsko-research-nesebar-25-1365x2048.jpg 1365w, https:\/\/loudavymkrokem.cz\/wp-content\/uploads\/2026\/08\/bulharsko-research-nesebar-25-696x1044.jpg 696w, https:\/\/loudavymkrokem.cz\/wp-content\/uploads\/2026\/08\/bulharsko-research-nesebar-25-1392x2088.jpg 1392w\" sizes=\"(max-width: 1707px) 100vw, 1707px\" \/><button\n\t\t\tclass=\"lightbox-trigger\"\n\t\t\ttype=\"button\"\n\t\t\taria-haspopup=\"dialog\"\n\t\t\tdata-wp-bind--aria-label=\"state.thisImage.triggerButtonAriaLabel\"\n\t\t\tdata-wp-init=\"callbacks.initTriggerButton\"\n\t\t\tdata-wp-on--click=\"actions.showLightbox\"\n\t\t\tdata-wp-style--right=\"state.thisImage.buttonRight\"\n\t\t\tdata-wp-style--top=\"state.thisImage.buttonTop\"\n\t\t>\n\t\t\t<svg xmlns=\"http:\/\/www.w3.org\/2000\/svg\" width=\"12\" height=\"12\" fill=\"none\" viewBox=\"0 0 12 12\">\n\t\t\t\t<path fill=\"#fff\" d=\"M2 0a2 2 0 0 0-2 2v2h1.5V2a.5.5 0 0 1 .5-.5h2V0H2Zm2 10.5H2a.5.5 0 0 1-.5-.5V8H0v2a2 2 0 0 0 2 2h2v-1.5ZM8 12v-1.5h2a.5.5 0 0 0 .5-.5V8H12v2a2 2 0 0 1-2 2H8Zm2-12a2 2 0 0 1 2 2v2h-1.5V2a.5.5 0 0 0-.5-.5H8V0h2Z\" \/>\n\t\t\t<\/svg>\n\t\t<\/button><figcaption class=\"wp-element-caption\">Foto: Kritzolina \/ Wikimedia Commons (CC BY-SA 4.0)<\/figcaption><\/figure>\n\n\n\n<h3 class=\"wp-block-heading\"><span class=\"ez-toc-section\" id=\"16_Etnografiska_museet_Moskojani-huset\"><\/span>16. Etnografiska museet (Moskojani-huset)<span class=\"ez-toc-section-end\"><\/span><\/h3>\n\n\n\n<p class=\"wp-block-paragraph\">Denna utst\u00e4llning hittar du i ett vackert <strong>bevarat hus fr\u00e5n 1840<\/strong>, som en g\u00e5ng tillh\u00f6rde den rike grekiske k\u00f6pmannen Panajot Moskojani. F\u00f6r <strong>en entr\u00e9 p\u00e5 3,07 \u20ac<\/strong> tittar du p\u00e5 exempel p\u00e5 det traditionella livet vid Svartahavskusten.<\/p>\n\n\n\n<p class=\"wp-block-paragraph\">Inuti v\u00e4ntar utst\u00e4llningar till\u00e4gnade det gamla fisket, vinodlingen och vackra folkdr\u00e4kter. <strong>Enligt recensenter \u00e4r det visserligen det svagaste av de avgiftsbelagda objekten<\/strong> i hela staden, men om du gillar folklore och vill se en autentisk interi\u00f6r i ett rikt v\u00e4ckelsehus inklusive gamla ikoner \u00e4r det definitivt v\u00e4rt ett kort stopp.<\/p>\n\n\n\n<figure data-wp-context=\"{&quot;imageId&quot;:&quot;6a9c45f0e2718&quot;}\" data-wp-interactive=\"core\/image\" data-wp-key=\"6a9c45f0e2718\" class=\"wp-block-image size-full wp-lightbox-container\"><img decoding=\"async\" width=\"1800\" height=\"1200\" data-wp-class--hide=\"state.isContentHidden\" data-wp-class--show=\"state.isContentVisible\" data-wp-init=\"callbacks.setButtonStyles\" data-wp-on--click=\"actions.showLightbox\" data-wp-on--load=\"callbacks.setButtonStyles\" data-wp-on--pointerdown=\"actions.preloadImage\" data-wp-on--pointerenter=\"actions.preloadImageWithDelay\" data-wp-on--pointerleave=\"actions.cancelPreload\" data-wp-on-window--resize=\"callbacks.setButtonStyles\" src=\"https:\/\/loudavymkrokem.cz\/wp-content\/uploads\/2026\/08\/bulharsko-research-nesebar-26.jpg\" alt=\"Turistmassor i gr\u00e4nderna i Nesebars gamla stad\" class=\"wp-image-404893\" title=\"\" srcset=\"https:\/\/loudavymkrokem.cz\/wp-content\/uploads\/2026\/08\/bulharsko-research-nesebar-26.jpg 1800w, https:\/\/loudavymkrokem.cz\/wp-content\/uploads\/2026\/08\/bulharsko-research-nesebar-26-300x200.jpg 300w, https:\/\/loudavymkrokem.cz\/wp-content\/uploads\/2026\/08\/bulharsko-research-nesebar-26-700x467.jpg 700w, https:\/\/loudavymkrokem.cz\/wp-content\/uploads\/2026\/08\/bulharsko-research-nesebar-26-768x512.jpg 768w, https:\/\/loudavymkrokem.cz\/wp-content\/uploads\/2026\/08\/bulharsko-research-nesebar-26-1536x1024.jpg 1536w, https:\/\/loudavymkrokem.cz\/wp-content\/uploads\/2026\/08\/bulharsko-research-nesebar-26-696x464.jpg 696w, https:\/\/loudavymkrokem.cz\/wp-content\/uploads\/2026\/08\/bulharsko-research-nesebar-26-1392x928.jpg 1392w\" sizes=\"(max-width: 1800px) 100vw, 1800px\" \/><button\n\t\t\tclass=\"lightbox-trigger\"\n\t\t\ttype=\"button\"\n\t\t\taria-haspopup=\"dialog\"\n\t\t\tdata-wp-bind--aria-label=\"state.thisImage.triggerButtonAriaLabel\"\n\t\t\tdata-wp-init=\"callbacks.initTriggerButton\"\n\t\t\tdata-wp-on--click=\"actions.showLightbox\"\n\t\t\tdata-wp-style--right=\"state.thisImage.buttonRight\"\n\t\t\tdata-wp-style--top=\"state.thisImage.buttonTop\"\n\t\t>\n\t\t\t<svg xmlns=\"http:\/\/www.w3.org\/2000\/svg\" width=\"12\" height=\"12\" fill=\"none\" viewBox=\"0 0 12 12\">\n\t\t\t\t<path fill=\"#fff\" d=\"M2 0a2 2 0 0 0-2 2v2h1.5V2a.5.5 0 0 1 .5-.5h2V0H2Zm2 10.5H2a.5.5 0 0 1-.5-.5V8H0v2a2 2 0 0 0 2 2h2v-1.5ZM8 12v-1.5h2a.5.5 0 0 0 .5-.5V8H12v2a2 2 0 0 1-2 2H8Zm2-12a2 2 0 0 1 2 2v2h-1.5V2a.5.5 0 0 0-.5-.5H8V0h2Z\" \/>\n\t\t\t<\/svg>\n\t\t<\/button><figcaption class=\"wp-element-caption\">Foto: Arek N. \/ Wikimedia Commons (CC BY-SA 3.0)<\/figcaption><\/figure>\n\n\n\n<h2 class=\"wp-block-heading\"><span class=\"ez-toc-section\" id=\"Nesebar_var_nara_att_forlora_sin_UNESCO-status\"><\/span>Nesebar var n\u00e4ra att f\u00f6rlora sin UNESCO-status<span class=\"ez-toc-section-end\"><\/span><\/h2>\n\n\n\n<p class=\"wp-block-paragraph\">N\u00e4r du promenerar genom de smala gr\u00e4nderna och beundrar de gamla fasaderna anar du f\u00f6rmodligen inte att <strong>ett mycket allvarligt hot sv\u00e4var \u00f6ver denna plats<\/strong>. Nesebar togs visserligen upp p\u00e5 UNESCO:s v\u00e4rldsarvslista redan 1983, men massturismen har de senaste decennierna tagit ut en enorm tribut h\u00e4r, som inte g\u00e5tt obem\u00e4rkt f\u00f6rbi internationella experter.<\/p>\n\n\n\n<p class=\"wp-block-paragraph\">I januari 2023 genomf\u00f6rdes en str\u00e4ng \u00f6vervakningsmission i staden och dess slutsatser var chockerande. UNESCO:s r\u00e5dgivande organ <strong><a href=\"https:\/\/whc.unesco.org\/en\/list\/217\/\" target=\"_blank\" rel=\"noopener nofollow\">f\u00f6reslog officiellt att Nesebar ska s\u00e4ttas upp p\u00e5 listan \u00f6ver hotat v\u00e4rldsarv<\/a><\/strong>. I rapporten st\u00e5r det uttryckligen att <em>\u201dstadsstrukturen har f\u00f6rlorat sammanhang och autenticitet\u201d<\/em> och att medeltidskyrkornas dominans \u00f6ver folkhusen p\u00e5 grund av okontrollerad bebyggelse n\u00e4stan inte l\u00e4ngre \u00e4r urskiljbar. Rapporten kritiserar h\u00e5rt att en levande stad har f\u00f6rvandlats till en monoekonomi baserad enbart p\u00e5 turism, som p\u00e5 sommaren \u00e4r spr\u00e4ngfylld och p\u00e5 vintern helt tom.<\/p>\n\n\n\n<p class=\"wp-block-paragraph\">Experterna namngav \u00e4ven <strong>konkreta problematiska byggnader, varav det mest i\u00f6gonfallande \u00e4r ett hotell som har en verklig historisk v\u00e4derkvarn ok\u00e4nsligt inympad i sin \u00f6stra fasad<\/strong>. Kommissionen rekommenderade till och med att staten skulle \u00f6verv\u00e4ga att k\u00f6pa och ta bort denna byggnad. Som tur var fick staden \u00e4nnu en chans till f\u00f6rb\u00e4ttring och den beg\u00e4rda kontrollmissionen \u00e5terv\u00e4nde tydligen hit sommaren 2026. Ha detta sammanhang i \u00e5tanke n\u00e4r du ser hur kommersiella st\u00e5nd tr\u00e4nger sig direkt mot v\u00e4ggarna p\u00e5 tusen\u00e5riga tempel.<\/p>\n\n\n\n<figure data-wp-context=\"{&quot;imageId&quot;:&quot;6a9c45f0e2f0d&quot;}\" data-wp-interactive=\"core\/image\" data-wp-key=\"6a9c45f0e2f0d\" class=\"wp-block-image size-full wp-lightbox-container\"><img decoding=\"async\" width=\"1800\" height=\"1350\" data-wp-class--hide=\"state.isContentHidden\" data-wp-class--show=\"state.isContentVisible\" data-wp-init=\"callbacks.setButtonStyles\" data-wp-on--click=\"actions.showLightbox\" data-wp-on--load=\"callbacks.setButtonStyles\" data-wp-on--pointerdown=\"actions.preloadImage\" data-wp-on--pointerenter=\"actions.preloadImageWithDelay\" data-wp-on--pointerleave=\"actions.cancelPreload\" data-wp-on-window--resize=\"callbacks.setButtonStyles\" src=\"https:\/\/loudavymkrokem.cz\/wp-content\/uploads\/2026\/08\/bulharsko-research-nesebar-27.jpg\" alt=\"Promenad i gamla Nesebar\" class=\"wp-image-404895\" title=\"\" srcset=\"https:\/\/loudavymkrokem.cz\/wp-content\/uploads\/2026\/08\/bulharsko-research-nesebar-27.jpg 1800w, https:\/\/loudavymkrokem.cz\/wp-content\/uploads\/2026\/08\/bulharsko-research-nesebar-27-300x225.jpg 300w, https:\/\/loudavymkrokem.cz\/wp-content\/uploads\/2026\/08\/bulharsko-research-nesebar-27-700x525.jpg 700w, https:\/\/loudavymkrokem.cz\/wp-content\/uploads\/2026\/08\/bulharsko-research-nesebar-27-768x576.jpg 768w, https:\/\/loudavymkrokem.cz\/wp-content\/uploads\/2026\/08\/bulharsko-research-nesebar-27-1536x1152.jpg 1536w, https:\/\/loudavymkrokem.cz\/wp-content\/uploads\/2026\/08\/bulharsko-research-nesebar-27-80x60.jpg 80w, https:\/\/loudavymkrokem.cz\/wp-content\/uploads\/2026\/08\/bulharsko-research-nesebar-27-160x120.jpg 160w, https:\/\/loudavymkrokem.cz\/wp-content\/uploads\/2026\/08\/bulharsko-research-nesebar-27-696x522.jpg 696w, https:\/\/loudavymkrokem.cz\/wp-content\/uploads\/2026\/08\/bulharsko-research-nesebar-27-1392x1044.jpg 1392w\" sizes=\"(max-width: 1800px) 100vw, 1800px\" \/><button\n\t\t\tclass=\"lightbox-trigger\"\n\t\t\ttype=\"button\"\n\t\t\taria-haspopup=\"dialog\"\n\t\t\tdata-wp-bind--aria-label=\"state.thisImage.triggerButtonAriaLabel\"\n\t\t\tdata-wp-init=\"callbacks.initTriggerButton\"\n\t\t\tdata-wp-on--click=\"actions.showLightbox\"\n\t\t\tdata-wp-style--right=\"state.thisImage.buttonRight\"\n\t\t\tdata-wp-style--top=\"state.thisImage.buttonTop\"\n\t\t>\n\t\t\t<svg xmlns=\"http:\/\/www.w3.org\/2000\/svg\" width=\"12\" height=\"12\" fill=\"none\" viewBox=\"0 0 12 12\">\n\t\t\t\t<path fill=\"#fff\" d=\"M2 0a2 2 0 0 0-2 2v2h1.5V2a.5.5 0 0 1 .5-.5h2V0H2Zm2 10.5H2a.5.5 0 0 1-.5-.5V8H0v2a2 2 0 0 0 2 2h2v-1.5ZM8 12v-1.5h2a.5.5 0 0 0 .5-.5V8H12v2a2 2 0 0 1-2 2H8Zm2-12a2 2 0 0 1 2 2v2h-1.5V2a.5.5 0 0 0-.5-.5H8V0h2Z\" \/>\n\t\t\t<\/svg>\n\t\t<\/button><figcaption class=\"wp-element-caption\">Foto: Andrei Dan Suciu \/ Wikimedia Commons, CC BY 3.0<\/figcaption><\/figure>\n\n\n\n<h2 class=\"wp-block-heading\"><span class=\"ez-toc-section\" id=\"Nesebar_pa_en_halv_dag_reseplan_steg_for_steg\"><\/span>Nesebar p\u00e5 en halv dag: reseplan steg f\u00f6r steg<span class=\"ez-toc-section-end\"><\/span><\/h2>\n\n\n\n<p class=\"wp-block-paragraph\">Om du bara har n\u00e5gra timmar f\u00f6r ditt bes\u00f6k g\u00e5r det att hinna med det viktigaste under en flytande promenad. <strong>Avs\u00e4tt ungef\u00e4r 2 till 3 timmar f\u00f6r att g\u00e5 runt hela halv\u00f6n.<\/strong><\/p>\n\n\n\n<p class=\"wp-block-paragraph\">Parkera vid norra hamnen och g\u00e5 genom huvudporten direkt till Arkeologiska museet, d\u00e4r du k\u00f6per en kombinationsbiljett. H\u00e4rifr\u00e5n g\u00e5r du vidare till S:t Stefanoskyrkan f\u00f6r att titta p\u00e5 de underbara freskerna. Slingra dig sedan genom gr\u00e4nderna till ruinerna av S:t Johannes Aliturgetos och njut av havsutsikten. <strong>Styr d\u00e4refter mot sj\u00e4lva mitten av halv\u00f6n till den majest\u00e4tiska Sofiabasilikan<\/strong>, runt vilken du hittar flest butiker och kaf\u00e9er. Avsluta rundan vid norra stranden vid basilikan Eleusa och g\u00e5 tillbaka till bilen f\u00f6rbi tr\u00e4kvarnen p\u00e5 n\u00e4set.<\/p>\n\n\n\n<p class=\"wp-block-paragraph\">Om du har en hel dag till f\u00f6rfogande rekommenderar jag att du \u00e4gnar f\u00f6rmiddagen \u00e5t en intensiv rundvandring i gamla stan och efter lunch flyttar dig till <strong>S\u00f6dra stranden eller mot Sunny Beach<\/strong>, d\u00e4r du kan njuta av avkoppling p\u00e5 den fina sanden och bada i det grunda vattnet.<\/p>\n\n\n\n<figure data-wp-context=\"{&quot;imageId&quot;:&quot;6a9c45f0e35e0&quot;}\" data-wp-interactive=\"core\/image\" data-wp-key=\"6a9c45f0e35e0\" class=\"wp-block-image size-full wp-lightbox-container\"><img decoding=\"async\" width=\"1800\" height=\"1207\" data-wp-class--hide=\"state.isContentHidden\" data-wp-class--show=\"state.isContentVisible\" data-wp-init=\"callbacks.setButtonStyles\" data-wp-on--click=\"actions.showLightbox\" data-wp-on--load=\"callbacks.setButtonStyles\" data-wp-on--pointerdown=\"actions.preloadImage\" data-wp-on--pointerenter=\"actions.preloadImageWithDelay\" data-wp-on--pointerleave=\"actions.cancelPreload\" data-wp-on-window--resize=\"callbacks.setButtonStyles\" src=\"https:\/\/loudavymkrokem.cz\/wp-content\/uploads\/2026\/08\/bulharsko-research-nesebar-28.jpg\" alt=\"Restaurang med havsutsikt i gamla Nesebar\" class=\"wp-image-404898\" title=\"\" srcset=\"https:\/\/loudavymkrokem.cz\/wp-content\/uploads\/2026\/08\/bulharsko-research-nesebar-28.jpg 1800w, https:\/\/loudavymkrokem.cz\/wp-content\/uploads\/2026\/08\/bulharsko-research-nesebar-28-300x201.jpg 300w, https:\/\/loudavymkrokem.cz\/wp-content\/uploads\/2026\/08\/bulharsko-research-nesebar-28-700x469.jpg 700w, https:\/\/loudavymkrokem.cz\/wp-content\/uploads\/2026\/08\/bulharsko-research-nesebar-28-768x515.jpg 768w, https:\/\/loudavymkrokem.cz\/wp-content\/uploads\/2026\/08\/bulharsko-research-nesebar-28-1536x1030.jpg 1536w, https:\/\/loudavymkrokem.cz\/wp-content\/uploads\/2026\/08\/bulharsko-research-nesebar-28-696x467.jpg 696w, https:\/\/loudavymkrokem.cz\/wp-content\/uploads\/2026\/08\/bulharsko-research-nesebar-28-1392x933.jpg 1392w\" sizes=\"(max-width: 1800px) 100vw, 1800px\" \/><button\n\t\t\tclass=\"lightbox-trigger\"\n\t\t\ttype=\"button\"\n\t\t\taria-haspopup=\"dialog\"\n\t\t\tdata-wp-bind--aria-label=\"state.thisImage.triggerButtonAriaLabel\"\n\t\t\tdata-wp-init=\"callbacks.initTriggerButton\"\n\t\t\tdata-wp-on--click=\"actions.showLightbox\"\n\t\t\tdata-wp-style--right=\"state.thisImage.buttonRight\"\n\t\t\tdata-wp-style--top=\"state.thisImage.buttonTop\"\n\t\t>\n\t\t\t<svg xmlns=\"http:\/\/www.w3.org\/2000\/svg\" width=\"12\" height=\"12\" fill=\"none\" viewBox=\"0 0 12 12\">\n\t\t\t\t<path fill=\"#fff\" d=\"M2 0a2 2 0 0 0-2 2v2h1.5V2a.5.5 0 0 1 .5-.5h2V0H2Zm2 10.5H2a.5.5 0 0 1-.5-.5V8H0v2a2 2 0 0 0 2 2h2v-1.5ZM8 12v-1.5h2a.5.5 0 0 0 .5-.5V8H12v2a2 2 0 0 1-2 2H8Zm2-12a2 2 0 0 1 2 2v2h-1.5V2a.5.5 0 0 0-.5-.5H8V0h2Z\" \/>\n\t\t\t<\/svg>\n\t\t<\/button><figcaption class=\"wp-element-caption\">Foto (bearbetat): Daniel Albrecht from Prague, Czech Republic \/ Wikimedia Commons (CC BY 2.0)<\/figcaption><\/figure>\n\n\n\n<h2 class=\"wp-block-heading\"><span class=\"ez-toc-section\" id=\"Var_du_kan_ata\"><\/span>Var du kan \u00e4ta<span class=\"ez-toc-section-end\"><\/span><\/h2>\n\n\n\n<p class=\"wp-block-paragraph\">N\u00e4r du letar efter god mat i Nesebar st\u00f6ter du p\u00e5 ett grundl\u00e4ggande faktum som \u00e4ven bekr\u00e4ftas av bulgariska tv-reportage: <strong>gamla stan vid havet \u00e4r betydligt dyrare \u00e4n den nya p\u00e5 fastlandet<\/strong>. Medan du i nya staden f\u00e5r en vanlig lunch f\u00f6r runt 4 till 5 \u20ac, kostar en popul\u00e4r shopska-sallad n\u00e4stan 11 \u20ac i f\u00f6rsta raden vid havet p\u00e5 halv\u00f6n och huvudr\u00e4tter b\u00f6rjar p\u00e5 tjugofem euro.<\/p>\n\n\n\n<p class=\"wp-block-paragraph\">De lokala specialiteterna erbjuder f\u00f6rst\u00e5s fr\u00e4mst fisk, r\u00e4kor och grillad bl\u00e4ckfisk, men om fisk inte \u00e4r din grej \u2013 misstr\u00f6sta inte: \u00e4ven vegetarianer f\u00e5r sitt lystm\u00e4te h\u00e4r. Ett helt utm\u00e4rkt val p\u00e5 halv\u00f6n \u00e4r <strong>Restaurant Prince Cyril<\/strong>, som direkt specialiserar sig p\u00e5 vegetariska och veganska r\u00e4tter. Kom hit f\u00f6r fantastiska tofunudlar och enorma portioner som du \u00e4ter i den behagliga skuggan under vinrankan.<\/p>\n\n\n\n<p class=\"wp-block-paragraph\">Ett annat s\u00e4kert kort i gamla stan \u00e4r <strong>Restaurant Breeze<\/strong>, som har en rej\u00e4l shopska-sallad f\u00f6r 6,90 \u20ac p\u00e5 menyn, friterad zucchini med vitl\u00f6ksdipp, champinjoner i sm\u00f6r och den traditionella vitl\u00f6ksbr\u00f6dkakan som kallas \u201dp\u00fcrlenka\u201d. Om du vill spara pengar och inte har n\u00e5got emot att promenera in till nya staden, <strong>\u00e4ter du utm\u00e4rkt p\u00e5 Pizzeria Portorosso<\/strong>, d\u00e4r de g\u00f6r pizza p\u00e5 surdeg och har en markerad Vegana-pizza p\u00e5 menyn f\u00f6r mycket sk\u00f6na 8,50 \u20ac. En popul\u00e4r favorit bland lokalborna \u00e4r ocks\u00e5 restaurangen <strong>Vita rosen<\/strong>, d\u00e4r de g\u00f6r f\u00f6rtr\u00e4ffliga k\u00f6ttfria lergrytor och j\u00e4ttesallader.<\/p>\n\n\n\n<p class=\"wp-block-paragraph\">\ud83d\udca1 <strong>S\u00e5 k\u00e4nner du igen en turistf\u00e4lla:<\/strong> Bulgarisk press varnar f\u00f6r tre huvudtecken. Om <strong>menyn p\u00e5minner om en bibel i omf\u00e5ng<\/strong> och du hittar allt fr\u00e5n fondue till sushi i den, g\u00e5 hellre d\u00e4rifr\u00e5n. Den andra varningen \u00e4r blekta bilder p\u00e5 maten utan tydligt angivna priser. Och f\u00f6r det tredje: om personalen misst\u00e4nkt ofta upprepar ordet \u201dhemlagat\u201d, t\u00e4nd en r\u00f6d varningslampa i huvudet.<\/p>\n\n\n\n<figure data-wp-context=\"{&quot;imageId&quot;:&quot;6a9c45f0e3cdf&quot;}\" data-wp-interactive=\"core\/image\" data-wp-key=\"6a9c45f0e3cdf\" class=\"wp-block-image size-full wp-lightbox-container\"><img decoding=\"async\" width=\"1800\" height=\"1204\" data-wp-class--hide=\"state.isContentHidden\" data-wp-class--show=\"state.isContentVisible\" data-wp-init=\"callbacks.setButtonStyles\" data-wp-on--click=\"actions.showLightbox\" data-wp-on--load=\"callbacks.setButtonStyles\" data-wp-on--pointerdown=\"actions.preloadImage\" data-wp-on--pointerenter=\"actions.preloadImageWithDelay\" data-wp-on--pointerleave=\"actions.cancelPreload\" data-wp-on-window--resize=\"callbacks.setButtonStyles\" src=\"https:\/\/loudavymkrokem.cz\/wp-content\/uploads\/2026\/08\/bulharsko-research-nesebar-29.jpg\" alt=\"Boende i den historiska k\u00e4rnan av Nesebar\" class=\"wp-image-404899\" title=\"\" srcset=\"https:\/\/loudavymkrokem.cz\/wp-content\/uploads\/2026\/08\/bulharsko-research-nesebar-29.jpg 1800w, https:\/\/loudavymkrokem.cz\/wp-content\/uploads\/2026\/08\/bulharsko-research-nesebar-29-300x201.jpg 300w, https:\/\/loudavymkrokem.cz\/wp-content\/uploads\/2026\/08\/bulharsko-research-nesebar-29-700x468.jpg 700w, https:\/\/loudavymkrokem.cz\/wp-content\/uploads\/2026\/08\/bulharsko-research-nesebar-29-768x514.jpg 768w, https:\/\/loudavymkrokem.cz\/wp-content\/uploads\/2026\/08\/bulharsko-research-nesebar-29-1536x1027.jpg 1536w, https:\/\/loudavymkrokem.cz\/wp-content\/uploads\/2026\/08\/bulharsko-research-nesebar-29-696x466.jpg 696w, https:\/\/loudavymkrokem.cz\/wp-content\/uploads\/2026\/08\/bulharsko-research-nesebar-29-1392x931.jpg 1392w\" sizes=\"(max-width: 1800px) 100vw, 1800px\" \/><button\n\t\t\tclass=\"lightbox-trigger\"\n\t\t\ttype=\"button\"\n\t\t\taria-haspopup=\"dialog\"\n\t\t\tdata-wp-bind--aria-label=\"state.thisImage.triggerButtonAriaLabel\"\n\t\t\tdata-wp-init=\"callbacks.initTriggerButton\"\n\t\t\tdata-wp-on--click=\"actions.showLightbox\"\n\t\t\tdata-wp-style--right=\"state.thisImage.buttonRight\"\n\t\t\tdata-wp-style--top=\"state.thisImage.buttonTop\"\n\t\t>\n\t\t\t<svg xmlns=\"http:\/\/www.w3.org\/2000\/svg\" width=\"12\" height=\"12\" fill=\"none\" viewBox=\"0 0 12 12\">\n\t\t\t\t<path fill=\"#fff\" d=\"M2 0a2 2 0 0 0-2 2v2h1.5V2a.5.5 0 0 1 .5-.5h2V0H2Zm2 10.5H2a.5.5 0 0 1-.5-.5V8H0v2a2 2 0 0 0 2 2h2v-1.5ZM8 12v-1.5h2a.5.5 0 0 0 .5-.5V8H12v2a2 2 0 0 1-2 2H8Zm2-12a2 2 0 0 1 2 2v2h-1.5V2a.5.5 0 0 0-.5-.5H8V0h2Z\" \/>\n\t\t\t<\/svg>\n\t\t<\/button><figcaption class=\"wp-element-caption\">Foto: Alexander Murvanidze \/ Wikimedia Commons, CC BY-SA 3.0<\/figcaption><\/figure>\n\n\n\n<h2 class=\"wp-block-heading\"><span class=\"ez-toc-section\" id=\"Var_du_kan_bo\"><\/span>Var du kan bo<span class=\"ez-toc-section-end\"><\/span><\/h2>\n\n\n\n<p class=\"wp-block-paragraph\"><em>\ud83d\udca1 Tips p\u00e5 boende och upplevelser: Boende p\u00e5 plats <a href=\"https:\/\/www.stay22.com\/allez\/roam?aid=lukaskonecny&#038;campaign=loudavymkrokemcz&#038;address=Nesebar\" target=\"_blank\" rel=\"nofollow noopener sponsored\">j\u00e4mf\u00f6r vi h\u00e4r<\/a>, s\u00e5 att man ser vad som \u00e4r ledigt och till vilket pris. Vi f\u00f6redrar att leta efter det p\u00e5 <a href=\"https:\/\/www.booking.com\/searchresults.html?ss=Nesebar&#038;aid=2397601\" target=\"_blank\" rel=\"nofollow noopener sponsored\">Booking.com<\/a>, d\u00e4r avbokningsvillkoren oftast \u00e4r b\u00e4st. Biljetter, utflykter och aktiviteter l\u00f6nar det sig sedan att j\u00e4mf\u00f6ra och k\u00f6pa via <a href=\"https:\/\/www.getyourguide.com\/s\/?q=Nesebar&#038;partner_id=MKZ64IS\" target=\"_blank\" rel=\"nofollow noopener sponsored\">GetYourGuide<\/a>.<\/em><\/p>\n\n\n\n<p class=\"wp-block-paragraph\">Att hitta ett hotell i Nesebar beror fr\u00e4mst p\u00e5 om du kommer med bil och hur n\u00e4ra du vill vara de historiska sev\u00e4rdheterna. Kom ih\u00e5g en avg\u00f6rande sak: <strong>ett hotell i gamla stan betyder inte att du kan parkera bredvid det<\/strong>.<\/p>\n\n\n\n<p class=\"wp-block-paragraph\">Om du s\u00f6ker lyx och perfekt service direkt i det historiska centrumet, titta p\u00e5 <a href=\"https:\/\/www.stay22.com\/allez\/roam?aid=lukaskonecny&#038;campaign=loudavymkrokemcz&#038;campaign=nesebar&#038;hotelname=Castro%20Mesembria%20Boutique%20Hotel&#038;address=Nesebar\" target=\"_blank\" rel=\"noopener nofollow sponsored\"><strong>Castro Mesembria Boutique Hotel<\/strong><\/a>, som har h\u00f6gst betyg p\u00e5 hela halv\u00f6n och en egen utm\u00e4rkt pizzeria. En traditionell klassiker vid murarna \u00e4r ocks\u00e5 det utm\u00e4rkta <a href=\"https:\/\/www.stay22.com\/allez\/roam?aid=lukaskonecny&#038;campaign=loudavymkrokemcz&#038;campaign=nesebar&#038;hotelname=Hotel%20Saint%20John%20Baptist%20Nessebar&#038;address=Nesebar\" target=\"_blank\" rel=\"noopener nofollow sponsored\"><strong>Hotel Saint John Baptist Nessebar<\/strong><\/a>.<\/p>\n\n\n\n<p class=\"wp-block-paragraph\">F\u00f6r familjer med bil \u00e4r <a href=\"https:\/\/www.stay22.com\/allez\/roam?aid=lukaskonecny&#038;campaign=loudavymkrokemcz&#038;campaign=nesebar&#038;hotelname=Family%20Hotel%20Saint%20Nikola&#038;address=Nesebar\" target=\"_blank\" rel=\"noopener nofollow sponsored\"><strong>Family Hotel Saint Nikola<\/strong><\/a> det absolut idealiska, som erbjuder ett oslagbart pris-prestandaf\u00f6rh\u00e5llande och framf\u00f6r allt <strong>har egen gratis parkering<\/strong>, vilket sparar dig massor av nerver. En liknande f\u00f6rdel har \u00e4ven <a href=\"https:\/\/www.stay22.com\/allez\/roam?aid=lukaskonecny&#038;campaign=loudavymkrokemcz&#038;campaign=nesebar&#038;hotelname=Hotel%20Capri&#038;address=Nesebar\" target=\"_blank\" rel=\"noopener nofollow sponsored\"><strong>Hotel Capri<\/strong><\/a> i nya staden.<\/p>\n\n\n\n<p class=\"wp-block-paragraph\">Om du vill tillbringa st\u00f6rre delen av tiden vid vattnet, prova <a href=\"https:\/\/www.stay22.com\/allez\/roam?aid=lukaskonecny&#038;campaign=loudavymkrokemcz&#038;campaign=nesebar&#038;hotelname=Aphrodite%20Beach%20Hotel&#038;address=Nesebar\" target=\"_blank\" rel=\"noopener nofollow sponsored\"><strong>Aphrodite Beach Hotel<\/strong><\/a>. Det ligger direkt vid S\u00f6dra stranden, till gamla stan \u00e4r det en kvart till fots och fr\u00e5n poolen har du en underbar utsikt \u00f6ver hela den historiska halv\u00f6n.<\/p>\n\n\n\n<figure data-wp-context=\"{&quot;imageId&quot;:&quot;6a9c45f0e4445&quot;}\" data-wp-interactive=\"core\/image\" data-wp-key=\"6a9c45f0e4445\" class=\"wp-block-image size-full wp-lightbox-container\"><img decoding=\"async\" width=\"1800\" height=\"1200\" data-wp-class--hide=\"state.isContentHidden\" data-wp-class--show=\"state.isContentVisible\" data-wp-init=\"callbacks.setButtonStyles\" data-wp-on--click=\"actions.showLightbox\" data-wp-on--load=\"callbacks.setButtonStyles\" data-wp-on--pointerdown=\"actions.preloadImage\" data-wp-on--pointerenter=\"actions.preloadImageWithDelay\" data-wp-on--pointerleave=\"actions.cancelPreload\" data-wp-on-window--resize=\"callbacks.setButtonStyles\" src=\"https:\/\/loudavymkrokem.cz\/wp-content\/uploads\/2026\/08\/bulharsko-research-nesebar-30.jpg\" alt=\"Turister i gamla stans gr\u00e4nder\" class=\"wp-image-404900\" title=\"\" srcset=\"https:\/\/loudavymkrokem.cz\/wp-content\/uploads\/2026\/08\/bulharsko-research-nesebar-30.jpg 1800w, https:\/\/loudavymkrokem.cz\/wp-content\/uploads\/2026\/08\/bulharsko-research-nesebar-30-300x200.jpg 300w, https:\/\/loudavymkrokem.cz\/wp-content\/uploads\/2026\/08\/bulharsko-research-nesebar-30-700x467.jpg 700w, https:\/\/loudavymkrokem.cz\/wp-content\/uploads\/2026\/08\/bulharsko-research-nesebar-30-768x512.jpg 768w, https:\/\/loudavymkrokem.cz\/wp-content\/uploads\/2026\/08\/bulharsko-research-nesebar-30-1536x1024.jpg 1536w, https:\/\/loudavymkrokem.cz\/wp-content\/uploads\/2026\/08\/bulharsko-research-nesebar-30-696x464.jpg 696w, https:\/\/loudavymkrokem.cz\/wp-content\/uploads\/2026\/08\/bulharsko-research-nesebar-30-1392x928.jpg 1392w\" sizes=\"(max-width: 1800px) 100vw, 1800px\" \/><button\n\t\t\tclass=\"lightbox-trigger\"\n\t\t\ttype=\"button\"\n\t\t\taria-haspopup=\"dialog\"\n\t\t\tdata-wp-bind--aria-label=\"state.thisImage.triggerButtonAriaLabel\"\n\t\t\tdata-wp-init=\"callbacks.initTriggerButton\"\n\t\t\tdata-wp-on--click=\"actions.showLightbox\"\n\t\t\tdata-wp-style--right=\"state.thisImage.buttonRight\"\n\t\t\tdata-wp-style--top=\"state.thisImage.buttonTop\"\n\t\t>\n\t\t\t<svg xmlns=\"http:\/\/www.w3.org\/2000\/svg\" width=\"12\" height=\"12\" fill=\"none\" viewBox=\"0 0 12 12\">\n\t\t\t\t<path fill=\"#fff\" d=\"M2 0a2 2 0 0 0-2 2v2h1.5V2a.5.5 0 0 1 .5-.5h2V0H2Zm2 10.5H2a.5.5 0 0 1-.5-.5V8H0v2a2 2 0 0 0 2 2h2v-1.5ZM8 12v-1.5h2a.5.5 0 0 0 .5-.5V8H12v2a2 2 0 0 1-2 2H8Zm2-12a2 2 0 0 1 2 2v2h-1.5V2a.5.5 0 0 0-.5-.5H8V0h2Z\" \/>\n\t\t\t<\/svg>\n\t\t<\/button><figcaption class=\"wp-element-caption\">Foto: edykbo \/ Wikimedia Commons, CC BY 3.0<\/figcaption><\/figure>\n\n\n\n<p class=\"wp-block-paragraph\">\ud83d\udc49 <a href=\"https:\/\/www.stay22.com\/allez\/roam?aid=lukaskonecny&#038;campaign=loudavymkrokemcz&#038;campaign=nesebar&#038;address=Nesebar%2C%20Bulharsko\" target=\"_blank\" rel=\"nofollow noopener\"><strong>J\u00e4mf\u00f6r priser p\u00e5 boende i Nesebar<\/strong><\/a><\/p>\n\n\n\n<h2 class=\"wp-block-heading\"><span class=\"ez-toc-section\" id=\"Vad_du_ska_se_upp_med\"><\/span>Vad du ska se upp med<span class=\"ez-toc-section-end\"><\/span><\/h2>\n\n\n\n<p class=\"wp-block-paragraph\">F\u00f6rutom de <strong>\u00f6verprissatta taxibilarna<\/strong> v\u00e4ntar flera andra obehagligheter p\u00e5 dig vid kusten som kan f\u00f6rst\u00f6ra din dag om du inte k\u00e4nner till dem i f\u00f6rv\u00e4g.<\/p>\n\n\n\n<p class=\"wp-block-paragraph\">Den vanligaste f\u00e4llan p\u00e5 restauranger \u00e4r <strong>fisk som debiteras per 100 gram<\/strong>. M\u00e5nga st\u00e4llen anger inte alls n\u00e5got slutpris p\u00e5 skaldjur, utan bara ett pris per vikt. Innan du best\u00e4ller n\u00e5got, fr\u00e5ga alltid personalen i f\u00f6rv\u00e4g om vikten p\u00e5 just den biten och be dem tydligt s\u00e4ga slutsumman. P\u00e5 sociala medier cirkulerar dokumenterade fall fr\u00e5n sommaren 2023, d\u00e5 <strong>en familj p\u00e5 fyra personer betalade chockerande 276 \u20ac f\u00f6r en middag<\/strong>, d\u00e4r bara en enda bl\u00e4ckfisk kostade absurda 23 \u20ac.<\/p>\n\n\n\n<p class=\"wp-block-paragraph\">Ett annat otyg \u00e4r de s\u00e5 kallade <strong>\u201dreserverade\u201d borden<\/strong>. Enligt recensenter h\u00e5ller personalen borden med b\u00e4st havsutsikt konstgjort blockerade med en skylt och v\u00e4ntar p\u00e5 rikt utseende utl\u00e4nningar, \u00e4ven om restaurangen annars \u00e4r halvtom. Se ocks\u00e5 upp med <strong>p\u00e5tr\u00e4ngande v\u00e4rvare utanf\u00f6r st\u00e4llena<\/strong>, som lockar in dig, och jag varnar f\u00f6r att matkvaliteten p\u00e5 dessa platser ofta \u00e4r mycket underm\u00e5lig.<\/p>\n\n\n\n<p class=\"wp-block-paragraph\">Om du reser med barn, f\u00f6rbered dig p\u00e5 en h\u00e5rd kamp med terr\u00e4ngen. Data fr\u00e5n kartor visar att <strong>det p\u00e5 halv\u00f6n finns 53 olika trappor och den \u00f6verv\u00e4ldigande majoriteten av gr\u00e4nderna \u00e4r belagda med grov kullersten<\/strong>. Den yttre strandpromenaden och huvudstr\u00e5ket k\u00f6r du utan problem med barnvagn, men s\u00e5 fort du sv\u00e4nger in i sidogr\u00e4nderna \u00e4r det helt enkelt en p\u00e4rs med hjul.<\/p>\n\n\n\n<p class=\"wp-block-paragraph\">Och \u00e4nnu en varning som f\u00e5 skulle v\u00e4nta sig h\u00e4r: i vissa antikvariat i gamla stan s\u00e4ljs \u00f6ppet <strong>nazistiska souvenirer<\/strong> med motiv fr\u00e5n Tredje riket, trots att spridning av dem \u00e4r straffbart i Bulgarien. Undvik helt enkelt dessa butiker och k\u00f6p hellre med dig hem den ber\u00f6mda lokala <strong>handgjorda spetsen<\/strong>.<\/p>\n\n\n\n<h2 class=\"wp-block-heading\"><span class=\"ez-toc-section\" id=\"Vart_du_kan_aka_vidare\"><\/span>Vart du kan \u00e5ka vidare<span class=\"ez-toc-section-end\"><\/span><\/h2>\n\n\n\n<p class=\"wp-block-paragraph\">V\u00e4ljer du mellan tv\u00e5 ur\u00e5ldriga st\u00e4der vid den bulgariska kusten? I artikeln <a href=\"https:\/\/loudavymkrokem.cz\/sv\/?p=406041\">Sozopol: vad du ska se i den \u00e4ldsta staden vid havet<\/a> j\u00e4mf\u00f6r vi b\u00e5da, inklusive priser, folkmassor och str\u00e4nder.<\/p>\n\n\n\n<p class=\"wp-block-paragraph\">Om Bulgarien har f\u00e5ngat dig och du planerar att utforska fler platser, titta absolut p\u00e5 v\u00e5r stora \u00f6versikt <a href=\"https:\/\/loudavymkrokem.cz\/sv\/semester-bulgarien-2026\/\">Semestra i Bulgarien: 30 vackraste platserna<\/a>. Om du kommer att bo i grannorten \u00e4r artikeln <a href=\"https:\/\/loudavymkrokem.cz\/sv\/sunny-beach-bulgarien\/\">Sunny Beach: 15 tips och vad du ska se upp med<\/a> praktisk f\u00f6r dig.<\/p>\n\n\n\n<p class=\"wp-block-paragraph\">\u00c4r du intresserad av detaljerad information om hur kostnaderna f\u00f6r en semester har f\u00f6r\u00e4ndrats? L\u00e4s allt om \u00e4mnet <a href=\"https:\/\/loudavymkrokem.cz\/sv\/priser-bulgarien-euro\/\">Priser i Bulgarien efter \u00f6verg\u00e5ngen till euro<\/a>. F\u00f6r bad\u00e4lskare har vi tagit fram en lista <a href=\"https:\/\/loudavymkrokem.cz\/sv\/bulgarien-strander-basta-tips\/\">Bulgariens vackraste str\u00e4nder: 20 tips<\/a> och innan du packar v\u00e4skorna, gl\u00f6m inte att kolla <a href=\"https:\/\/loudavymkrokem.cz\/sv\/vader-bulgarien-havstemperatur\/\">V\u00e4der i Bulgarien: havstemperaturer m\u00e5nad f\u00f6r m\u00e5nad<\/a>.<\/p>\n\n\n\n<h2 class=\"wp-block-heading\"><span class=\"ez-toc-section\" id=\"Vanliga_fragor\"><\/span>Vanliga fr\u00e5gor<span class=\"ez-toc-section-end\"><\/span><\/h2>\n\n\n\n<p class=\"wp-block-paragraph\">Vi har f\u00f6rberett svar p\u00e5 de vanligaste fr\u00e5gorna \u00e5t dig, s\u00e5 att du har allt snyggt samlat inf\u00f6r resan.<\/p>\n\n\n<div id=\"rank-math-faq\" class=\"rank-math-block\">\n<div class=\"rank-math-list \">\n<div id=\"faq-question-1787943730000\" class=\"rank-math-list-item\">\n<h3 class=\"rank-math-question \"><span class=\"ez-toc-section\" id=\"Hur_tar_man_sig_fran_Sunny_Beach_till_Nesebar\"><\/span>Hur tar man sig fr\u00e5n Sunny Beach till Nesebar?<span class=\"ez-toc-section-end\"><\/span><\/h3>\n<div class=\"rank-math-answer \">\n\n<p>Det enklaste och billigaste \u00e4r att \u00e5ka med lokal buss (linje 1, 4, 5, 8). Linje nummer 1 trafikerar fr\u00e5n morgon till midnatt med 10\u201320 minuters intervall, resan tar ungef\u00e4r 15 minuter och en biljett kostar cirka 1 \u20ac direkt av kondukt\u00f6ren. Andra alternativ \u00e4r liten b\u00e5t eller turistt\u00e5g.<\/p>\n\n<\/div>\n<\/div>\n<div id=\"faq-question-1787943730001\" class=\"rank-math-list-item\">\n<h3 class=\"rank-math-question \"><span class=\"ez-toc-section\" id=\"Hur_mycket_kostar_entre_till_sevardheter\"><\/span>Hur mycket kostar entr\u00e9 till sev\u00e4rdheter?<span class=\"ez-toc-section-end\"><\/span><\/h3>\n<div class=\"rank-math-answer \">\n\n<p>Entr\u00e9 till enskilda kyrkor och kvarnen kostar fr\u00e5n 2,56 \u20ac till 4,60 \u20ac. Om du vill se allt l\u00f6nar det sig med en kombinerad biljett till 7 objekt, som \u00e5r 2026 kostar 17,90 \u20ac f\u00f6r vuxna.<\/p>\n\n<\/div>\n<\/div>\n<div id=\"faq-question-1787943730002\" class=\"rank-math-list-item\">\n<h3 class=\"rank-math-question \"><span class=\"ez-toc-section\" id=\"Hur_lang_tid_tar_det_att_ga_runt_i_Nesebar\"><\/span>Hur l\u00e5ng tid tar det att g\u00e5 runt i Nesebar?<span class=\"ez-toc-section-end\"><\/span><\/h3>\n<div class=\"rank-math-answer \">\n\n<p>Sj\u00e4lva historiska centrum \u00e4r mycket litet (850 \u00d7 350 meter). I rask takt g\u00e5r du runt det p\u00e5 30 minuter, men f\u00f6r en lugn rundvandring av de viktigaste sev\u00e4rdheterna, ruinerna och museerna b\u00f6r du r\u00e4kna med cirka 2 till 3 timmar.<\/p>\n\n<\/div>\n<\/div>\n<div id=\"faq-question-1787943730003\" class=\"rank-math-list-item\">\n<h3 class=\"rank-math-question \"><span class=\"ez-toc-section\" id=\"Betalas_det_med_euro_i_Bulgarien\"><\/span>Betalas det med euro i Bulgarien?<span class=\"ez-toc-section-end\"><\/span><\/h3>\n<div class=\"rank-math-answer \">\n\n<p>Ja, fr\u00e5n och med den 1 januari 2026 antog Bulgarien euron som sin officiella valuta. Gamla priser i leva g\u00e4ller inte l\u00e4ngre. P\u00e5 de flesta st\u00e4llen kan du betala med kort utan problem, \u00e4ven p\u00e5 kommunala parkeringar.<\/p>\n\n<\/div>\n<\/div>\n<div id=\"faq-question-1787943730004\" class=\"rank-math-list-item\">\n<h3 class=\"rank-math-question \"><span class=\"ez-toc-section\" id=\"Kan_man_kora_in_i_gamla_stan_med_bil\"><\/span>Kan man k\u00f6ra in i gamla stan med bil?<span class=\"ez-toc-section-end\"><\/span><\/h3>\n<div class=\"rank-math-answer \">\n\n<p>Nej, utan ett f\u00f6rhandsgodk\u00e4nt tillst\u00e5nd kommer du inte f\u00f6rbi bommarna. Om du bor p\u00e5 ett hotell direkt p\u00e5 halv\u00f6n ordnar v\u00e4rden ett tillst\u00e5nd och du f\u00e5r en timme p\u00e5 dig att lossa ditt bagage. D\u00e4refter m\u00e5ste du flytta bilen till en avgiftsbelagd parkering.<\/p>\n\n<\/div>\n<\/div>\n<div id=\"faq-question-1787943730005\" class=\"rank-math-list-item\">\n<h3 class=\"rank-math-question \"><span class=\"ez-toc-section\" id=\"Vilka_kyrkor_ar_tillgangliga_inuti\"><\/span>Vilka kyrkor \u00e4r tillg\u00e4ngliga inuti?<span class=\"ez-toc-section-end\"><\/span><\/h3>\n<div class=\"rank-math-answer \">\n\n<p>Av de femton bevarade kyrkorna kan du g\u00e5 in i endast fem. Som museer fungerar kyrkorna St. Stefan, St. Spas, St. Paraskeva och St. Johannes D\u00f6paren. Gudstj\u00e4nster h\u00e5lls endast i kyrkan Kristi Moder. \u00d6vriga k\u00e4nda byggnader (som St. Sofia) \u00e4r fritt tillg\u00e4ngliga ruiner.<\/p>\n\n<\/div>\n<\/div>\n<div id=\"faq-question-1787943730006\" class=\"rank-math-list-item\">\n<h3 class=\"rank-math-question \"><span class=\"ez-toc-section\" id=\"Vilken_temperatur_har_havet_i_Nesebar\"><\/span>Vilken temperatur har havet i Nesebar?<span class=\"ez-toc-section-end\"><\/span><\/h3>\n<div class=\"rank-math-answer \">\n\n<p>Varmast \u00e4r det i juli och augusti, d\u00e5 vattnet har cirka 26 \u00b0C. Intressant \u00e4r att havet varierar kraftigt \u00e4ven inom en och samma m\u00e5nad, s\u00e5 b\u00f6rjan av juni brukar vara mer \u00e4n tre grader kallare \u00e4n slutet. F\u00f6rsta halvan av september \u00e4r faktiskt varmare f\u00f6r bad \u00e4n b\u00f6rjan av sommaren.<\/p>\n\n<\/div>\n<\/div>\n<div id=\"faq-question-1787943730007\" class=\"rank-math-list-item\">\n<h3 class=\"rank-math-question \"><span class=\"ez-toc-section\" id=\"Nar_ar_det_minst_folk_i_Nesebar\"><\/span>N\u00e4r \u00e4r det minst folk i Nesebar?<span class=\"ez-toc-section-end\"><\/span><\/h3>\n<div class=\"rank-math-answer \">\n\n<p>St\u00f6rst folkmassa str\u00f6mmar till staden mellan 12:00 och 17:00. Vill du ha lugn och ro, kom f\u00f6re klockan tio p\u00e5 morgonen eller p\u00e5 kv\u00e4llen. Havet har i juli och augusti i genomsnitt 26,4 \u00b0C, men kom ih\u00e5g att b\u00f6rjan av juni brukar vara ungef\u00e4r tre grader kallare \u00e4n slutet av m\u00e5naden.<\/p>\n\n<\/div>\n<\/div>\n<div id=\"faq-question-1787943730008\" class=\"rank-math-list-item\">\n<h3 class=\"rank-math-question \"><span class=\"ez-toc-section\" id=\"Lonar_sig_kombinerad_biljett\"><\/span>L\u00f6nar sig kombinerad biljett?<span class=\"ez-toc-section-end\"><\/span><\/h3>\n<div class=\"rank-math-answer \">\n\n<p>Om du vill se mer \u00e4n tv\u00e5 avgiftsbelagda sev\u00e4rdheter, absolut. Separata entr\u00e9er till sju objekt skulle kosta cirka 22 \u20ac, medan den kombinerade biljetten till allt kostar 17,90 \u20ac. Den k\u00f6ps i Arkeologiska museet direkt innanf\u00f6r stadsporten.<\/p>\n\n<\/div>\n<\/div>\n<div id=\"faq-question-1787943730009\" class=\"rank-math-list-item\">\n<h3 class=\"rank-math-question \"><span class=\"ez-toc-section\" id=\"Ar_Nesebar_lampligt_for_familjer_med_barnvagn\"><\/span>\u00c4r Nesebar l\u00e4mpligt f\u00f6r familjer med barnvagn?<span class=\"ez-toc-section-end\"><\/span><\/h3>\n<div class=\"rank-math-answer \">\n\n<p>Bara delvis. Halv\u00f6n har \u00f6ver femtio trappor och de flesta gr\u00e4nder \u00e4r belagda med oregelbunden kullerstensgata. Strandpromenaden runt om och huvudgatan g\u00e5r att ta sig fram med barnvagn, sido\u00adgr\u00e4nder praktiskt taget inte. F\u00f6r familjer med sm\u00e5 barn \u00e4r s\u00f6dra stranden bekv\u00e4mligare med mycket grunt vatten vid intr\u00e4det.<\/p>\n\n<\/div>\n<\/div>\n<\/div>\n<\/div>","protected":false},"excerpt":{"rendered":"<p>\u00c5k till Nesebar i Bulgarien v\u00e4l f\u00f6rberedd: vi avsl\u00f6jar vilka kyrkor du faktiskt kan g\u00e5 in i, hur mycket parkeringen kostar i euro och varf\u00f6r du inte ska hoppa in i f\u00f6rsta b\u00e4sta taxi.<\/p>\n","protected":false},"author":3,"featured_media":404908,"comment_status":"open","ping_status":"open","sticky":false,"template":"","format":"standard","meta":{"_acf_changed":false,"footnotes":"","rank_math_title":"Nesebar Bulgarien: 8 tips p\u00e5 vad du ska se","rank_math_description":"Nesebar i Bulgarien \u2013 8 tips p\u00e5 vad du ska se i UNESCO-staden, plus priser, parkering och transport. Undvik turistf\u00e4llorna och planera ditt bes\u00f6k smart nu!","rank_math_focus_keyword":"nesebar bulgarien","rank_math_seo_score":""},"categories":[1185,1178,1162],"tags":[],"class_list":["post-417666","post","type-post","status-publish","format-standard","has-post-thumbnail","category-bulgarien","category-europa","category-resor"],"acf":[],"featured_image_src":"https:\/\/loudavymkrokem.cz\/wp-content\/uploads\/2026\/08\/nesebar-stare-mesto-vecer.jpg","author_info":{"display_name":"Lucie Kone\u010dn\u00e1","author_link":"https:\/\/loudavymkrokem.cz\/sv\/author\/lucie-konecna\/"},"_links":{"self":[{"href":"https:\/\/loudavymkrokem.cz\/sv\/wp-json\/wp\/v2\/posts\/417666","targetHints":{"allow":["GET"]}}],"collection":[{"href":"https:\/\/loudavymkrokem.cz\/sv\/wp-json\/wp\/v2\/posts"}],"about":[{"href":"https:\/\/loudavymkrokem.cz\/sv\/wp-json\/wp\/v2\/types\/post"}],"author":[{"embeddable":true,"href":"https:\/\/loudavymkrokem.cz\/sv\/wp-json\/wp\/v2\/users\/3"}],"replies":[{"embeddable":true,"href":"https:\/\/loudavymkrokem.cz\/sv\/wp-json\/wp\/v2\/comments?post=417666"}],"version-history":[{"count":2,"href":"https:\/\/loudavymkrokem.cz\/sv\/wp-json\/wp\/v2\/posts\/417666\/revisions"}],"predecessor-version":[{"id":417668,"href":"https:\/\/loudavymkrokem.cz\/sv\/wp-json\/wp\/v2\/posts\/417666\/revisions\/417668"}],"wp:featuredmedia":[{"embeddable":true,"href":"https:\/\/loudavymkrokem.cz\/sv\/wp-json\/wp\/v2\/media\/404908"}],"wp:attachment":[{"href":"https:\/\/loudavymkrokem.cz\/sv\/wp-json\/wp\/v2\/media?parent=417666"}],"wp:term":[{"taxonomy":"category","embeddable":true,"href":"https:\/\/loudavymkrokem.cz\/sv\/wp-json\/wp\/v2\/categories?post=417666"},{"taxonomy":"post_tag","embeddable":true,"href":"https:\/\/loudavymkrokem.cz\/sv\/wp-json\/wp\/v2\/tags?post=417666"}],"curies":[{"name":"wp","href":"https:\/\/api.w.org\/{rel}","templated":true}]}}