{"id":417662,"date":"2026-09-04T10:46:03","date_gmt":"2026-09-04T08:46:03","guid":{"rendered":"https:\/\/loudavymkrokem.cz\/cartagena-colombia-tips\/"},"modified":"2026-09-05T17:10:15","modified_gmt":"2026-09-05T15:10:15","slug":"cartagena-colombia-tips","status":"publish","type":"post","link":"https:\/\/loudavymkrokem.cz\/sv\/cartagena-colombia-tips\/","title":{"rendered":"Cartagena, Colombia: 22 tips p\u00e5 vad du ska se och g\u00f6ra 2026"},"content":{"rendered":"\n<p class=\"wp-block-paragraph\">Cartagena i Colombia \u00e4r en stad av rena ytterligheter och kanske <strong>den vackraste men samtidigt mest irriterande plats<\/strong> du kommer att bes\u00f6ka i Sydamerika. \u00c5 ena sidan v\u00e4ntar hisnande koloniala gr\u00e4nder, balkonger som b\u00f6jer sig under en flod av f\u00e4rgglada bougainvillea och en karibisk st\u00e4mning som genast sveper in dig. Men var beredd p\u00e5 att <strong>ingenting av den d\u00e4r romantiken kommer gratis<\/strong> och utan st\u00e4ndiga avbrott.<\/p>\n\n\n\n<p class=\"wp-block-paragraph\">Direkt efter ankomsten m\u00e4rker du att <strong>staden \u00e4r full av gatuf\u00f6rs\u00e4ljare<\/strong> som erbjuder allt fr\u00e5n hattar och \u201dpresent\u201d-armband till massage som verkligen inte \u00e4r gratis. Den som vet om det i f\u00f6rv\u00e4g och l\u00e4r sig att med ett leende s\u00e4ga ett best\u00e4mt nej tar med sig de b\u00e4sta upplevelserna hem fr\u00e5n Cartagena. Men om det \u00f6verraskar dig kan <strong>det st\u00e4ndiga prutandet med taxichauff\u00f6rer utan taxameter bli riktigt utmattande<\/strong>, s\u00e5 det \u00e4r bra att mentalt f\u00f6rbereda sig p\u00e5 den h\u00e4r verkligheten i f\u00f6rv\u00e4g.<\/p>\n\n\n\n<p class=\"wp-block-paragraph\">H\u00e4r har vi samlat hela <strong>22 tips<\/strong> \u00e5t dig \u2014 fr\u00e5n de gamla murarna via hemliga vr\u00e5r till utflykter till karibiska \u00f6ar. Och jo, vi har \u00e4ven lagt till varf\u00f6r du b\u00f6r vara riktigt <strong>f\u00f6rsiktig med dejtingappar<\/strong>. \ud83d\ude05<\/p>\n\n\n\n<figure data-wp-context=\"{&quot;imageId&quot;:&quot;6a9c4c755928c&quot;}\" data-wp-interactive=\"core\/image\" data-wp-key=\"6a9c4c755928c\" class=\"wp-block-image size-full wp-lightbox-container\"><img decoding=\"async\" width=\"1920\" height=\"1272\" data-wp-class--hide=\"state.isContentHidden\" data-wp-class--show=\"state.isContentVisible\" data-wp-init=\"callbacks.setButtonStyles\" data-wp-on--click=\"actions.showLightbox\" data-wp-on--load=\"callbacks.setButtonStyles\" data-wp-on--pointerdown=\"actions.preloadImage\" data-wp-on--pointerenter=\"actions.preloadImageWithDelay\" data-wp-on--pointerleave=\"actions.cancelPreload\" data-wp-on-window--resize=\"callbacks.setButtonStyles\" src=\"https:\/\/loudavymkrokem.cz\/wp-content\/uploads\/2026\/09\/street-art-v-getsemani-v-cartagene-e2ad9fff.jpg\" alt=\"Street art i Getseman\u00ed i Cartagena\" class=\"wp-image-415748\" title=\"\" srcset=\"https:\/\/loudavymkrokem.cz\/wp-content\/uploads\/2026\/09\/street-art-v-getsemani-v-cartagene-e2ad9fff.jpg 1920w, https:\/\/loudavymkrokem.cz\/wp-content\/uploads\/2026\/09\/street-art-v-getsemani-v-cartagene-e2ad9fff-300x199.jpg 300w, https:\/\/loudavymkrokem.cz\/wp-content\/uploads\/2026\/09\/street-art-v-getsemani-v-cartagene-e2ad9fff-700x464.jpg 700w, https:\/\/loudavymkrokem.cz\/wp-content\/uploads\/2026\/09\/street-art-v-getsemani-v-cartagene-e2ad9fff-768x509.jpg 768w, https:\/\/loudavymkrokem.cz\/wp-content\/uploads\/2026\/09\/street-art-v-getsemani-v-cartagene-e2ad9fff-1536x1018.jpg 1536w, https:\/\/loudavymkrokem.cz\/wp-content\/uploads\/2026\/09\/street-art-v-getsemani-v-cartagene-e2ad9fff-696x461.jpg 696w, https:\/\/loudavymkrokem.cz\/wp-content\/uploads\/2026\/09\/street-art-v-getsemani-v-cartagene-e2ad9fff-1392x922.jpg 1392w\" sizes=\"(max-width: 1920px) 100vw, 1920px\" \/><button\n\t\t\tclass=\"lightbox-trigger\"\n\t\t\ttype=\"button\"\n\t\t\taria-haspopup=\"dialog\"\n\t\t\tdata-wp-bind--aria-label=\"state.thisImage.triggerButtonAriaLabel\"\n\t\t\tdata-wp-init=\"callbacks.initTriggerButton\"\n\t\t\tdata-wp-on--click=\"actions.showLightbox\"\n\t\t\tdata-wp-style--right=\"state.thisImage.buttonRight\"\n\t\t\tdata-wp-style--top=\"state.thisImage.buttonTop\"\n\t\t>\n\t\t\t<svg xmlns=\"http:\/\/www.w3.org\/2000\/svg\" width=\"12\" height=\"12\" fill=\"none\" viewBox=\"0 0 12 12\">\n\t\t\t\t<path fill=\"#fff\" d=\"M2 0a2 2 0 0 0-2 2v2h1.5V2a.5.5 0 0 1 .5-.5h2V0H2Zm2 10.5H2a.5.5 0 0 1-.5-.5V8H0v2a2 2 0 0 0 2 2h2v-1.5ZM8 12v-1.5h2a.5.5 0 0 0 .5-.5V8H12v2a2 2 0 0 1-2 2H8Zm2-12a2 2 0 0 1 2 2v2h-1.5V2a.5.5 0 0 0-.5-.5H8V0h2Z\" \/>\n\t\t\t<\/svg>\n\t\t<\/button><figcaption class=\"wp-element-caption\">Foto: Joe Ross from Lansing, Michigan \/ Wikimedia Commons, CC BY-SA 2.0<\/figcaption><\/figure>\n\n\n\n<div id=\"ez-toc-container\" class=\"ez-toc-v2_0_87 ez-toc-wrap-left counter-hierarchy ez-toc-counter ez-toc-grey ez-toc-container-direction\">\n<div class=\"ez-toc-title-container\">\n<p class=\"ez-toc-title\" style=\"cursor:inherit\">Artikelns inneh\u00e5ll<\/p>\n<span class=\"ez-toc-title-toggle\"><a href=\"#\" class=\"ez-toc-pull-right ez-toc-btn ez-toc-btn-xs ez-toc-btn-default ez-toc-toggle\" aria-label=\"Toggle Table of Content\"><span class=\"ez-toc-js-icon-con\"><span class=\"\"><span class=\"eztoc-hide\" style=\"display:none;\">Toggle<\/span><span class=\"ez-toc-icon-toggle-span\"><svg style=\"fill: #999;color:#999\" xmlns=\"http:\/\/www.w3.org\/2000\/svg\" class=\"list-377408\" width=\"20px\" height=\"20px\" viewBox=\"0 0 24 24\" fill=\"none\"><path d=\"M6 6H4v2h2V6zm14 0H8v2h12V6zM4 11h2v2H4v-2zm16 0H8v2h12v-2zM4 16h2v2H4v-2zm16 0H8v2h12v-2z\" fill=\"currentColor\"><\/path><\/svg><svg style=\"fill: #999;color:#999\" class=\"arrow-unsorted-368013\" xmlns=\"http:\/\/www.w3.org\/2000\/svg\" width=\"10px\" height=\"10px\" viewBox=\"0 0 24 24\" version=\"1.2\" baseProfile=\"tiny\"><path d=\"M18.2 9.3l-6.2-6.3-6.2 6.3c-.2.2-.3.4-.3.7s.1.5.3.7c.2.2.4.3.7.3h11c.3 0 .5-.1.7-.3.2-.2.3-.5.3-.7s-.1-.5-.3-.7zM5.8 14.7l6.2 6.3 6.2-6.3c.2-.2.3-.5.3-.7s-.1-.5-.3-.7c-.2-.2-.4-.3-.7-.3h-11c-.3 0-.5.1-.7.3-.2.2-.3.5-.3.7s.1.5.3.7z\"\/><\/svg><\/span><\/span><\/span><\/a><\/span><\/div>\n<nav><ul class='ez-toc-list ez-toc-list-level-1 ' ><ul class='ez-toc-list-level-3' ><li class='ez-toc-heading-level-3'><a class=\"ez-toc-link ez-toc-heading-1\" href=\"https:\/\/loudavymkrokem.cz\/sv\/cartagena-colombia-tips\/#Sammanfattning\" >Sammanfattning<\/a><\/li><\/ul><\/li><li class='ez-toc-page-1 ez-toc-heading-level-2'><a class=\"ez-toc-link ez-toc-heading-2\" href=\"https:\/\/loudavymkrokem.cz\/sv\/cartagena-colombia-tips\/#Nar_ska_du_aka_till_Cartagena\" >N\u00e4r ska du \u00e5ka till Cartagena<\/a><\/li><li class='ez-toc-page-1 ez-toc-heading-level-2'><a class=\"ez-toc-link ez-toc-heading-3\" href=\"https:\/\/loudavymkrokem.cz\/sv\/cartagena-colombia-tips\/#Var_ska_du_bo_i_Cartagena\" >Var ska du bo i Cartagena<\/a><\/li><li class='ez-toc-page-1 ez-toc-heading-level-2'><a class=\"ez-toc-link ez-toc-heading-4\" href=\"https:\/\/loudavymkrokem.cz\/sv\/cartagena-colombia-tips\/#22_tips_pa_vad_du_ska_se_och_gora_i_Cartagena\" >22 tips p\u00e5 vad du ska se och g\u00f6ra i Cartagena<\/a><ul class='ez-toc-list-level-3' ><li class='ez-toc-heading-level-3'><a class=\"ez-toc-link ez-toc-heading-5\" href=\"https:\/\/loudavymkrokem.cz\/sv\/cartagena-colombia-tips\/#1_Centro_Historico_och_dess_ikoniska_murar\" >1. Centro Hist\u00f3rico och dess ikoniska murar<\/a><\/li><li class='ez-toc-page-1 ez-toc-heading-level-3'><a class=\"ez-toc-link ez-toc-heading-6\" href=\"https:\/\/loudavymkrokem.cz\/sv\/cartagena-colombia-tips\/#2_Castillo_de_San_Felipe_de_Barajas\" >2. Castillo de San Felipe de Barajas<\/a><\/li><li class='ez-toc-page-1 ez-toc-heading-level-3'><a class=\"ez-toc-link ez-toc-heading-7\" href=\"https:\/\/loudavymkrokem.cz\/sv\/cartagena-colombia-tips\/#3_Torget_Plaza_de_Bolivar\" >3. Torget Plaza de Bol\u00edvar<\/a><\/li><li class='ez-toc-page-1 ez-toc-heading-level-3'><a class=\"ez-toc-link ez-toc-heading-8\" href=\"https:\/\/loudavymkrokem.cz\/sv\/cartagena-colombia-tips\/#4_Museo_del_Oro_Zenu\" >4. Museo del Oro Zen\u00fa<\/a><\/li><li class='ez-toc-page-1 ez-toc-heading-level-3'><a class=\"ez-toc-link ez-toc-heading-9\" href=\"https:\/\/loudavymkrokem.cz\/sv\/cartagena-colombia-tips\/#5_Palacio_de_la_Inquisicion_Inkvisitionens_palats\" >5. Palacio de la Inquisici\u00f3n (Inkvisitionens palats)<\/a><\/li><li class='ez-toc-page-1 ez-toc-heading-level-3'><a class=\"ez-toc-link ez-toc-heading-10\" href=\"https:\/\/loudavymkrokem.cz\/sv\/cartagena-colombia-tips\/#6_Museo_Naval_del_Caribe\" >6. Museo Naval del Caribe<\/a><\/li><li class='ez-toc-page-1 ez-toc-heading-level-3'><a class=\"ez-toc-link ez-toc-heading-11\" href=\"https:\/\/loudavymkrokem.cz\/sv\/cartagena-colombia-tips\/#7_Plaza_de_los_Coches_och_Torre_del_Reloj\" >7. Plaza de los Coches och Torre del Reloj<\/a><\/li><li class='ez-toc-page-1 ez-toc-heading-level-3'><a class=\"ez-toc-link ez-toc-heading-12\" href=\"https:\/\/loudavymkrokem.cz\/sv\/cartagena-colombia-tips\/#8_Camellon_de_los_Martires\" >8. Camell\u00f3n de los M\u00e1rtires<\/a><\/li><li class='ez-toc-page-1 ez-toc-heading-level-3'><a class=\"ez-toc-link ez-toc-heading-13\" href=\"https:\/\/loudavymkrokem.cz\/sv\/cartagena-colombia-tips\/#9_Getsemani_och_gatukonsten\" >9. Getseman\u00ed och gatukonsten<\/a><\/li><li class='ez-toc-page-1 ez-toc-heading-level-3'><a class=\"ez-toc-link ez-toc-heading-14\" href=\"https:\/\/loudavymkrokem.cz\/sv\/cartagena-colombia-tips\/#10_Plaza_de_la_Trinidad_pa_kvallen\" >10. Plaza de la Trinidad p\u00e5 kv\u00e4llen<\/a><\/li><li class='ez-toc-page-1 ez-toc-heading-level-3'><a class=\"ez-toc-link ez-toc-heading-15\" href=\"https:\/\/loudavymkrokem.cz\/sv\/cartagena-colombia-tips\/#11_Sengangare_i_Centenario-parken\" >11. Seng\u00e5ngare i Centenario-parken<\/a><\/li><li class='ez-toc-page-1 ez-toc-heading-level-3'><a class=\"ez-toc-link ez-toc-heading-16\" href=\"https:\/\/loudavymkrokem.cz\/sv\/cartagena-colombia-tips\/#12_Utsikt_fran_Convento_de_la_Popa\" >12. Utsikt fr\u00e5n Convento de la Popa<\/a><\/li><li class='ez-toc-page-1 ez-toc-heading-level-3'><a class=\"ez-toc-link ez-toc-heading-17\" href=\"https:\/\/loudavymkrokem.cz\/sv\/cartagena-colombia-tips\/#13_Takbarer_och_lyxig_utsikt\" >13. Takbarer och lyxig utsikt<\/a><\/li><li class='ez-toc-page-1 ez-toc-heading-level-3'><a class=\"ez-toc-link ez-toc-heading-18\" href=\"https:\/\/loudavymkrokem.cz\/sv\/cartagena-colombia-tips\/#14_Solnedgang_pa_murarna_Cafe_del_Mar\" >14. Solnedg\u00e5ng p\u00e5 murarna (Caf\u00e9 del Mar)<\/a><\/li><li class='ez-toc-page-1 ez-toc-heading-level-3'><a class=\"ez-toc-link ez-toc-heading-19\" href=\"https:\/\/loudavymkrokem.cz\/sv\/cartagena-colombia-tips\/#15_Stranderna_Bocagrande_och_Castillogrande_arlig_recension\" >15. Str\u00e4nderna Bocagrande och Castillogrande (\u00e4rlig recension)<\/a><\/li><li class='ez-toc-page-1 ez-toc-heading-level-3'><a class=\"ez-toc-link ez-toc-heading-20\" href=\"https:\/\/loudavymkrokem.cz\/sv\/cartagena-colombia-tips\/#16_Islas_del_Rosario_och_pengafallan\" >16. Islas del Rosario och pengaf\u00e4llan<\/a><\/li><li class='ez-toc-page-1 ez-toc-heading-level-3'><a class=\"ez-toc-link ez-toc-heading-21\" href=\"https:\/\/loudavymkrokem.cz\/sv\/cartagena-colombia-tips\/#17_Beachklubbar_pa_oarna_istallet_for_offentliga_strander\" >17. Beachklubbar p\u00e5 \u00f6arna (ist\u00e4llet f\u00f6r offentliga str\u00e4nder)<\/a><\/li><li class='ez-toc-page-1 ez-toc-heading-level-3'><a class=\"ez-toc-link ez-toc-heading-22\" href=\"https:\/\/loudavymkrokem.cz\/sv\/cartagena-colombia-tips\/#18_Fiskebyn_La_Boquilla_och_mangroverna\" >18. Fiskebyn La Boquilla och mangroverna<\/a><\/li><li class='ez-toc-page-1 ez-toc-heading-level-3'><a class=\"ez-toc-link ez-toc-heading-23\" href=\"https:\/\/loudavymkrokem.cz\/sv\/cartagena-colombia-tips\/#19_Bazurto_Market_bara_for_starka_nerver\" >19. Bazurto Market (bara f\u00f6r starka nerver)<\/a><\/li><li class='ez-toc-page-1 ez-toc-heading-level-3'><a class=\"ez-toc-link ez-toc-heading-24\" href=\"https:\/\/loudavymkrokem.cz\/sv\/cartagena-colombia-tips\/#20_Museo_del_Chocolate_och_colombiansk_kakao\" >20. Museo del Chocolate och colombiansk kakao<\/a><\/li><li class='ez-toc-page-1 ez-toc-heading-level-3'><a class=\"ez-toc-link ez-toc-heading-25\" href=\"https:\/\/loudavymkrokem.cz\/sv\/cartagena-colombia-tips\/#21_Gatumat_och_karibiska_smaker\" >21. Gatumat och karibiska smaker<\/a><\/li><li class='ez-toc-page-1 ez-toc-heading-level-3'><a class=\"ez-toc-link ez-toc-heading-26\" href=\"https:\/\/loudavymkrokem.cz\/sv\/cartagena-colombia-tips\/#22_Var_du_ater_utan_kott_vegetariska_tips\" >22. Var du \u00e4ter utan k\u00f6tt (vegetariska tips)<\/a><\/li><\/ul><\/li><li class='ez-toc-page-1 ez-toc-heading-level-2'><a class=\"ez-toc-link ez-toc-heading-27\" href=\"https:\/\/loudavymkrokem.cz\/sv\/cartagena-colombia-tips\/#Vart_du_aker_vidare_fran_Cartagena_utflykter_i_omgivningen\" >Vart du \u00e5ker vidare fr\u00e5n Cartagena (utflykter i omgivningen)<\/a><\/li><li class='ez-toc-page-1 ez-toc-heading-level-2'><a class=\"ez-toc-link ez-toc-heading-28\" href=\"https:\/\/loudavymkrokem.cz\/sv\/cartagena-colombia-tips\/#Vanliga_fragor\" >Vanliga fr\u00e5gor<\/a><ul class='ez-toc-list-level-3' ><li class='ez-toc-heading-level-3'><a class=\"ez-toc-link ez-toc-heading-29\" href=\"https:\/\/loudavymkrokem.cz\/sv\/cartagena-colombia-tips\/#Ar_Cartagena_sakert\" >\u00c4r Cartagena s\u00e4kert?<\/a><\/li><li class='ez-toc-page-1 ez-toc-heading-level-3'><a class=\"ez-toc-link ez-toc-heading-30\" href=\"https:\/\/loudavymkrokem.cz\/sv\/cartagena-colombia-tips\/#Hur_ar_det_med_taxibilar_har_de_taxameter\" >Hur \u00e4r det med taxibilar, har de taxameter?<\/a><\/li><li class='ez-toc-page-1 ez-toc-heading-level-3'><a class=\"ez-toc-link ez-toc-heading-31\" href=\"https:\/\/loudavymkrokem.cz\/sv\/cartagena-colombia-tips\/#Ska_jag_aka_till_Rosario-oarna_eller_till_Playa_Blanca\" >Ska jag \u00e5ka till Rosario-\u00f6arna eller till Playa Blanca?<\/a><\/li><li class='ez-toc-page-1 ez-toc-heading-level-3'><a class=\"ez-toc-link ez-toc-heading-32\" href=\"https:\/\/loudavymkrokem.cz\/sv\/cartagena-colombia-tips\/#Hur_blir_jag_effektivt_av_med_gatuforsaljare\" >Hur blir jag effektivt av med gatuf\u00f6rs\u00e4ljare?<\/a><\/li><li class='ez-toc-page-1 ez-toc-heading-level-3'><a class=\"ez-toc-link ez-toc-heading-33\" href=\"https:\/\/loudavymkrokem.cz\/sv\/cartagena-colombia-tips\/#Kan_man_betala_med_amerikanska_dollar_i_Cartagena\" >Kan man betala med amerikanska dollar i Cartagena?<\/a><\/li><li class='ez-toc-page-1 ez-toc-heading-level-3'><a class=\"ez-toc-link ez-toc-heading-34\" href=\"https:\/\/loudavymkrokem.cz\/sv\/cartagena-colombia-tips\/#Kan_man_dricka_kranvatten_i_Cartagena\" >Kan man dricka kranvatten i Cartagena?<\/a><\/li><li class='ez-toc-page-1 ez-toc-heading-level-3'><a class=\"ez-toc-link ez-toc-heading-35\" href=\"https:\/\/loudavymkrokem.cz\/sv\/cartagena-colombia-tips\/#Hur_manga_dagar_behover_jag_i_Cartagena\" >Hur m\u00e5nga dagar beh\u00f6ver jag i Cartagena?<\/a><\/li><\/ul><\/li><\/ul><\/nav><\/div>\n<h3 class=\"wp-block-heading\"><span class=\"ez-toc-section\" id=\"Sammanfattning\"><\/span>Sammanfattning<span class=\"ez-toc-section-end\"><\/span><\/h3>\n\n\n\n<ul class=\"wp-block-list\">\n\n<li><strong>Skattel\u00e4ttnad f\u00f6r utl\u00e4nningar:<\/strong> Om du har turistst\u00e4mpeln PIP-5 i passet <strong>betalar du ingen 19 % moms (IVA) p\u00e5 hotell<\/strong>. Kontrollera det dock alltid p\u00e5 slutnotan, vissa hotell f\u00f6rs\u00f6ker ta ut den \u00e4nd\u00e5.<\/li>\n\n\n\n<li><strong>Dolda avgifter f\u00f6r \u00f6arna:<\/strong> Utflykter till Islas del Rosario har en hake \u2014 <strong>intr\u00e4det till nationalparken och f\u00f6rs\u00e4kringen (runt 40 000 COP) betalas kontant vid bryggan<\/strong> och ing\u00e5r inte i priset f\u00f6r touren.<\/li>\n\n\n\n<li><strong>Sk\u00f6nhet som kr\u00e4ver t\u00e5lamod:<\/strong> Cartagena \u00e4r ett visuellt paradis, men <strong>var beredd p\u00e5 p\u00e5stridiga gatuf\u00f6rs\u00e4ljare<\/strong> som du beh\u00f6ver kunna avvisa artigt men mycket best\u00e4mt.<\/li>\n\n\n\n<li><strong>Str\u00e4nder med reservation:<\/strong> Stadsstranden Bocagrande har brunt vatten, <strong>f\u00f6r vit sand m\u00e5ste du ut till \u00f6arna<\/strong>, men se upp f\u00f6r folkmassorna vid lunchtid p\u00e5 Playa Blanca.<\/li>\n\n\n\n<li><strong>S\u00e4kerheten f\u00f6rst:<\/strong> Anv\u00e4nd aldrig taxi utan i f\u00f6rv\u00e4g \u00f6verenskommet pris (v\u00e4lj hellre Uber eller InDriver) och <strong>var extremt f\u00f6rsiktig i nattlivet och p\u00e5 blinddejter<\/strong>.<\/li>\n\n\n\n<li><strong>Transport fr\u00e5n flygplatsen:<\/strong> Flygplatsen Rafael N\u00fa\u00f1ez ligger <strong>bara 10 till 15 minuter fr\u00e5n centrum<\/strong>, vilket \u00e4r en enorm f\u00f6rdel j\u00e4mf\u00f6rt med andra storst\u00e4der.<\/li>\n\n\n<\/ul>\n\n\n\n<h2 class=\"wp-block-heading\"><span class=\"ez-toc-section\" id=\"Nar_ska_du_aka_till_Cartagena\"><\/span>N\u00e4r ska du \u00e5ka till Cartagena<span class=\"ez-toc-section-end\"><\/span><\/h2>\n\n\n\n<p class=\"wp-block-paragraph\">Cartagena \u00e4r en typisk karibisk destination med en <strong>konstant temperatur p\u00e5 31 till 33 \u00b0C \u00e5ret runt<\/strong>, s\u00e5 tr\u00f6jorna kan du lugnt l\u00e4mna hemma. Skillnaden i v\u00e4dret handlar bara om huruvida luften st\u00e5r tungt stilla eller om en sk\u00f6n svalkande vind bl\u00e5ser in fr\u00e5n havet. <strong>Huvud- och den popul\u00e4raste s\u00e4songen p\u00e5g\u00e5r fr\u00e5n december till april<\/strong>, d\u00e5 det \u00e4r torrt i staden, en uppfriskande passadvind bl\u00e5ser och solen skiner praktiskt taget varje dag. Men under den h\u00e4r perioden \u00e4r staden spr\u00e4ngfylld av utl\u00e4ndska turister och colombianer p\u00e5 semester, vilket logiskt nog skruvar upp hotellpriserna till \u00e5rets max.<\/p>\n\n\n\n<p class=\"wp-block-paragraph\">Om du inte gillar tung tryckande v\u00e4rme och h\u00f6g luftfuktighet, <strong>undvik perioden september till november<\/strong>, som \u00e4r den huvudsakliga regnperioden p\u00e5 karibiska kusten. Just september \u00e4r statistiskt sett \u00e5rets absolut bl\u00f6taste m\u00e5nad, d\u00e5 de historiska gr\u00e4nderna kan f\u00f6rvandlas till djupa vattenp\u00f6lar p\u00e5 n\u00e5gra minuter. <strong>Den h\u00f6ga luftfuktigheten g\u00f6r vanliga promenader till en r\u00e4tt kr\u00e4vande sportprestation<\/strong> d\u00e4r du svettas p\u00e5 direkten. \u00c4ven d\u00e5 g\u00e5r det f\u00f6rst\u00e5s att bes\u00f6ka staden, men r\u00e4kna med att du mycket oftare m\u00e5ste s\u00f6ka skydd i luftkonditionerade kaf\u00e9er och museer.<\/p>\n\n\n\n<p class=\"wp-block-paragraph\">F\u00f6r b\u00e4sta m\u00f6jliga balans mellan bra v\u00e4der och lite mer \u00f6verkomliga priser <strong>\u00e4r \u00f6verg\u00e5ngen mellan november och december ett utm\u00e4rkt kompromissval<\/strong>, eller v\u00e5rm\u00e5naderna precis utanf\u00f6r p\u00e5skhelgen (Semana Santa). Ha dock alltid i \u00e5tanke att <strong>den karibiska solen h\u00e4r verkligen \u00e4r stekhet och f\u00f6rl\u00e5ter inga misstag<\/strong>, s\u00e5 en bredbr\u00e4ttad hatt, liter p\u00e5 liter av flaskvatten och en bra solkr\u00e4m \u00e4r absolut n\u00f6dv\u00e4ndigt oavsett m\u00e5nad. Packa ocks\u00e5 ner l\u00e4tta linnekl\u00e4der som du kommer att trivas b\u00e4st i.<\/p>\n\n\n\n<h2 class=\"wp-block-heading\"><span class=\"ez-toc-section\" id=\"Var_ska_du_bo_i_Cartagena\"><\/span>Var ska du bo i Cartagena<span class=\"ez-toc-section-end\"><\/span><\/h2>\n\n\n\n<p class=\"wp-block-paragraph\">Var du bor spelar verkligen roll \u2014 och i Cartagena mer \u00e4n n\u00e5gon annanstans, eftersom skillnaden mellan stadsdelarna \u00e4r brutal. <strong>Mest magiskt \u00e4r boende direkt i Centro Hist\u00f3rico<\/strong>, d\u00e4r du har alla de ber\u00f6mda sev\u00e4rdheterna och utm\u00e4rkta restauranger inom r\u00e4ckh\u00e5ll, men priserna h\u00e4r h\u00f6r logiskt nog till de h\u00f6gsta i hela Colombia. F\u00f6r en lite mer bohemisk st\u00e4mning full av gatukonst och sjudande nattliv <strong>v\u00e4ljer du den popul\u00e4ra stadsdelen Getseman\u00ed<\/strong>, som idag \u00e4r en enorm hit. Om du d\u00e4remot fr\u00e4mst \u00e4r ute efter moderna h\u00f6ghushotell med pool och direkt havsutsikt \u00e4r halv\u00f6n Bocagrande idealisk f\u00f6r dig.<\/p>\n\n\n\n<p class=\"wp-block-paragraph\">En viktig upplysning f\u00f6r din resebudget \u00e4r att <strong>utl\u00e4nningar i Colombia inte betalar 19 % moms (IVA) p\u00e5 boende<\/strong>. Huvudvillkoret \u00e4r att du reser in i landet p\u00e5 den klassiska turistst\u00e4mpeln, den s\u00e5 kallade PIP-5, som du normalt f\u00e5r i passet redan p\u00e5 flygplatsen. <strong>F\u00f6r att f\u00e5 den h\u00e4r rabatten m\u00e5ste hotellet kopiera ditt pass just med den h\u00e4r st\u00e4mpeln<\/strong>, annars debiterar de kompromissl\u00f6st momsen. Verkligheten runtom i staden \u00e4r tyv\u00e4rr att ungef\u00e4r h\u00e4lften av hotellen drar av rabatten helt automatiskt, medan den andra h\u00e4lften f\u00f6rs\u00f6ker debitera dig den i tysthet. <strong>Kontrollera alltid slutnotan noga vid utcheckningen<\/strong> och var inte r\u00e4dd f\u00f6r att s\u00e4ga till i receptionen.<\/p>\n\n\n\n<p class=\"wp-block-paragraph\">Bland de bepr\u00f6vade och underbara hotellen finns till exempel <strong>Hotel Casa San Agustin<\/strong>, ett lyxigt boutiquehotell mitt i hj\u00e4rtat av gamla stan som charmar med sin lugna innerg\u00e5rd och pool inbyggd i de gamla murarna. Letar du efter n\u00e5got modernare med panoramautsikt, testa <strong>GHL San Lazaro Art Hotel<\/strong> som bjuder p\u00e5 hisnande utsikt direkt mot fortet San Felipe. F\u00f6r en helt lugn vistelse i kolonial stil med f\u00f6rstklassig service \u00e4r <strong>Sofitel Legend Santa Clara<\/strong> en absolut legend, inhyst i ett omsorgsfullt renoverat f\u00f6re detta kloster.<\/p>\n\n\n\n<p class=\"wp-block-paragraph\"><em>\ud83d\udca1 <a href=\"https:\/\/www.stay22.com\/allez\/roam?aid=lukaskonecny&#038;campaign=loudavymkrokemcz&#038;campaign=co-videt-v-cartagene&#038;address=Cartagena%2C%20Kolumbie\" target=\"_blank\" rel=\"nofollow noopener sponsored\">P\u00e5 den h\u00e4r kartan j\u00e4mf\u00f6r du vad som \u00e4r ledigt just nu<\/a> \u2014 du ser direkt hur mycket billigare Getseman\u00ed \u00e4r \u00e4n inne bakom murarna.<\/em><\/p>\n\n\n\n<h2 class=\"wp-block-heading\"><span class=\"ez-toc-section\" id=\"22_tips_pa_vad_du_ska_se_och_gora_i_Cartagena\"><\/span>22 tips p\u00e5 vad du ska se och g\u00f6ra i Cartagena<span class=\"ez-toc-section-end\"><\/span><\/h2>\n\n\n\n<p class=\"wp-block-paragraph\">Innan du kastar dig ut i virveln av colombianska gr\u00e4nder, ta en titt p\u00e5 v\u00e5rt urval av det mest intressanta staden erbjuder. De h\u00e4r 22 tipsen visar dig Cartagena med allt vad det inneb\u00e4r, fr\u00e5n de bl\u00e4nkande sev\u00e4rdheterna till de mest bortgl\u00f6mda vr\u00e5arna, och hj\u00e4lper dig att undvika on\u00f6diga <strong>turistf\u00e4llor<\/strong>.<\/p>\n\n\n\n<p class=\"wp-block-paragraph\">Vi har kombinerat klassiska <strong>must-see-platser<\/strong> med n\u00e5gra <strong>dolda p\u00e4rlor<\/strong>, s\u00e5 att du kan blanda ihop precis den cocktail av upplevelser som passar just dig.<\/p>\n\n\n\n<figure data-wp-context=\"{&quot;imageId&quot;:&quot;6a9c4c7559a55&quot;}\" data-wp-interactive=\"core\/image\" data-wp-key=\"6a9c4c7559a55\" class=\"wp-block-image size-full wp-lightbox-container\"><img decoding=\"async\" width=\"1600\" height=\"1067\" data-wp-class--hide=\"state.isContentHidden\" data-wp-class--show=\"state.isContentVisible\" data-wp-init=\"callbacks.setButtonStyles\" data-wp-on--click=\"actions.showLightbox\" data-wp-on--load=\"callbacks.setButtonStyles\" data-wp-on--pointerdown=\"actions.preloadImage\" data-wp-on--pointerenter=\"actions.preloadImageWithDelay\" data-wp-on--pointerleave=\"actions.cancelPreload\" data-wp-on-window--resize=\"callbacks.setButtonStyles\" src=\"https:\/\/loudavymkrokem.cz\/wp-content\/uploads\/2026\/09\/centro-hist-rico.jpg\" alt=\"Centro Hist\u00f3rico och dess ikoniska murar\" class=\"wp-image-415691\" title=\"\" srcset=\"https:\/\/loudavymkrokem.cz\/wp-content\/uploads\/2026\/09\/centro-hist-rico.jpg 1600w, https:\/\/loudavymkrokem.cz\/wp-content\/uploads\/2026\/09\/centro-hist-rico-300x200.jpg 300w, https:\/\/loudavymkrokem.cz\/wp-content\/uploads\/2026\/09\/centro-hist-rico-700x467.jpg 700w, https:\/\/loudavymkrokem.cz\/wp-content\/uploads\/2026\/09\/centro-hist-rico-768x512.jpg 768w, https:\/\/loudavymkrokem.cz\/wp-content\/uploads\/2026\/09\/centro-hist-rico-1536x1024.jpg 1536w, https:\/\/loudavymkrokem.cz\/wp-content\/uploads\/2026\/09\/centro-hist-rico-696x464.jpg 696w, https:\/\/loudavymkrokem.cz\/wp-content\/uploads\/2026\/09\/centro-hist-rico-1392x928.jpg 1392w\" sizes=\"(max-width: 1600px) 100vw, 1600px\" \/><button\n\t\t\tclass=\"lightbox-trigger\"\n\t\t\ttype=\"button\"\n\t\t\taria-haspopup=\"dialog\"\n\t\t\tdata-wp-bind--aria-label=\"state.thisImage.triggerButtonAriaLabel\"\n\t\t\tdata-wp-init=\"callbacks.initTriggerButton\"\n\t\t\tdata-wp-on--click=\"actions.showLightbox\"\n\t\t\tdata-wp-style--right=\"state.thisImage.buttonRight\"\n\t\t\tdata-wp-style--top=\"state.thisImage.buttonTop\"\n\t\t>\n\t\t\t<svg xmlns=\"http:\/\/www.w3.org\/2000\/svg\" width=\"12\" height=\"12\" fill=\"none\" viewBox=\"0 0 12 12\">\n\t\t\t\t<path fill=\"#fff\" d=\"M2 0a2 2 0 0 0-2 2v2h1.5V2a.5.5 0 0 1 .5-.5h2V0H2Zm2 10.5H2a.5.5 0 0 1-.5-.5V8H0v2a2 2 0 0 0 2 2h2v-1.5ZM8 12v-1.5h2a.5.5 0 0 0 .5-.5V8H12v2a2 2 0 0 1-2 2H8Zm2-12a2 2 0 0 1 2 2v2h-1.5V2a.5.5 0 0 0-.5-.5H8V0h2Z\" \/>\n\t\t\t<\/svg>\n\t\t<\/button><figcaption class=\"wp-element-caption\">Foto: Andreas Saxer \/ Google Maps<\/figcaption><\/figure>\n\n\n\n<h3 class=\"wp-block-heading\"><span class=\"ez-toc-section\" id=\"1_Centro_Historico_och_dess_ikoniska_murar\"><\/span>1. Centro Hist\u00f3rico och dess ikoniska murar<span class=\"ez-toc-section-end\"><\/span><\/h3>\n\n\n\n<p class=\"wp-block-paragraph\">Den fr\u00e4msta anledningen till att resen\u00e4rer fr\u00e5n hela v\u00e4rlden kommer hit \u00e4r <strong>Centro Hist\u00f3rico de Cartagena, som har ett fantastiskt betyg p\u00e5 4,8 av \u00f6ver 4 000 recensioner<\/strong>. Med all r\u00e4tt \u00e4r detta arkitektoniska m\u00e4sterverk sedan 1984 <a href=\"https:\/\/whc.unesco.org\/en\/list\/285\" rel=\"nofollow noopener\" target=\"_blank\">upptaget p\u00e5 Unescos v\u00e4rldsarvslista<\/a>. Hela gamla stan omges av ungef\u00e4r <strong>11 kilometer massiva stenmurar<\/strong> som f\u00f6rr skyddade stadens rikedomar mot piratangrepp och idag fungerar som den absolut b\u00e4sta t\u00e4nkbara utsiktsrutten.<\/p>\n\n\n\n<p class=\"wp-block-paragraph\">Spara verkligen murarna till tidig morgon eller sen eftermiddag. Runt lunchtid blir n\u00e4mligen de historiska stenarna s\u00e5 heta under den karibiska solen att det knappt g\u00e5r att andas, och det finns ingen skugga alls. Inne bakom sj\u00e4lva murarna hittar du sedan den d\u00e4r \u00e4kta karibiska sagan \u2014 <strong>f\u00e4rgglada koloniala hus med tr\u00e4balkonger<\/strong> d\u00e4r knippen av lysande bougainvillea h\u00e4nger i rosa, lila och klarr\u00f6da nyanser.<\/p>\n\n\n\n<p class=\"wp-block-paragraph\">N\u00e4r du strosar genom dessa pittoreska gr\u00e4nder st\u00f6ter du p\u00e5 or\u00e4kneliga fotogeniska vr\u00e5r, men ocks\u00e5 p\u00e5 <strong>ett enormt antal gatuf\u00f6rs\u00e4ljare och leende kvinnor i f\u00e4rgglada kl\u00e4nningar<\/strong> som kallas palenqueras. Om du vill ta ett traditionellt foto med dem, med frukt p\u00e5 huvudet, r\u00e4kna med att det alltid kostar dricks. \ud83d\udca1 <strong>Tips:<\/strong> L\u00e5t dig inte dras in i l\u00e5nga konversationer med gatulangarna \u2014 det r\u00e4cker med att artigt le, s\u00e4ga ett best\u00e4mt \u201dno, gracias\u201d och g\u00e5 vidare utan att stanna.<\/p>\n\n\n\n<figure data-wp-context=\"{&quot;imageId&quot;:&quot;6a9c4c7559eba&quot;}\" data-wp-interactive=\"core\/image\" data-wp-key=\"6a9c4c7559eba\" class=\"wp-block-image size-full wp-lightbox-container\"><img decoding=\"async\" width=\"1600\" height=\"1200\" data-wp-class--hide=\"state.isContentHidden\" data-wp-class--show=\"state.isContentVisible\" data-wp-init=\"callbacks.setButtonStyles\" data-wp-on--click=\"actions.showLightbox\" data-wp-on--load=\"callbacks.setButtonStyles\" data-wp-on--pointerdown=\"actions.preloadImage\" data-wp-on--pointerenter=\"actions.preloadImageWithDelay\" data-wp-on--pointerleave=\"actions.cancelPreload\" data-wp-on-window--resize=\"callbacks.setButtonStyles\" src=\"https:\/\/loudavymkrokem.cz\/wp-content\/uploads\/2026\/09\/castillo-de-san-felipe-de-barajas.jpg\" alt=\"Castillo de San Felipe de Barajas\" class=\"wp-image-415695\" title=\"\" srcset=\"https:\/\/loudavymkrokem.cz\/wp-content\/uploads\/2026\/09\/castillo-de-san-felipe-de-barajas.jpg 1600w, https:\/\/loudavymkrokem.cz\/wp-content\/uploads\/2026\/09\/castillo-de-san-felipe-de-barajas-300x225.jpg 300w, https:\/\/loudavymkrokem.cz\/wp-content\/uploads\/2026\/09\/castillo-de-san-felipe-de-barajas-700x525.jpg 700w, https:\/\/loudavymkrokem.cz\/wp-content\/uploads\/2026\/09\/castillo-de-san-felipe-de-barajas-768x576.jpg 768w, https:\/\/loudavymkrokem.cz\/wp-content\/uploads\/2026\/09\/castillo-de-san-felipe-de-barajas-1536x1152.jpg 1536w, https:\/\/loudavymkrokem.cz\/wp-content\/uploads\/2026\/09\/castillo-de-san-felipe-de-barajas-80x60.jpg 80w, https:\/\/loudavymkrokem.cz\/wp-content\/uploads\/2026\/09\/castillo-de-san-felipe-de-barajas-160x120.jpg 160w, https:\/\/loudavymkrokem.cz\/wp-content\/uploads\/2026\/09\/castillo-de-san-felipe-de-barajas-696x522.jpg 696w, https:\/\/loudavymkrokem.cz\/wp-content\/uploads\/2026\/09\/castillo-de-san-felipe-de-barajas-1392x1044.jpg 1392w\" sizes=\"(max-width: 1600px) 100vw, 1600px\" \/><button\n\t\t\tclass=\"lightbox-trigger\"\n\t\t\ttype=\"button\"\n\t\t\taria-haspopup=\"dialog\"\n\t\t\tdata-wp-bind--aria-label=\"state.thisImage.triggerButtonAriaLabel\"\n\t\t\tdata-wp-init=\"callbacks.initTriggerButton\"\n\t\t\tdata-wp-on--click=\"actions.showLightbox\"\n\t\t\tdata-wp-style--right=\"state.thisImage.buttonRight\"\n\t\t\tdata-wp-style--top=\"state.thisImage.buttonTop\"\n\t\t>\n\t\t\t<svg xmlns=\"http:\/\/www.w3.org\/2000\/svg\" width=\"12\" height=\"12\" fill=\"none\" viewBox=\"0 0 12 12\">\n\t\t\t\t<path fill=\"#fff\" d=\"M2 0a2 2 0 0 0-2 2v2h1.5V2a.5.5 0 0 1 .5-.5h2V0H2Zm2 10.5H2a.5.5 0 0 1-.5-.5V8H0v2a2 2 0 0 0 2 2h2v-1.5ZM8 12v-1.5h2a.5.5 0 0 0 .5-.5V8H12v2a2 2 0 0 1-2 2H8Zm2-12a2 2 0 0 1 2 2v2h-1.5V2a.5.5 0 0 0-.5-.5H8V0h2Z\" \/>\n\t\t\t<\/svg>\n\t\t<\/button><figcaption class=\"wp-element-caption\">Foto: Kelly Ng \/ Google Maps<\/figcaption><\/figure>\n\n\n\n<h3 class=\"wp-block-heading\"><span class=\"ez-toc-section\" id=\"2_Castillo_de_San_Felipe_de_Barajas\"><\/span>2. Castillo de San Felipe de Barajas<span class=\"ez-toc-section-end\"><\/span><\/h3>\n\n\n\n<p class=\"wp-block-paragraph\">Detta \u00e4r stadens absoluta landm\u00e4rke och <strong>med sitt antal recensioner (n\u00e4stan 68 000) \u00e4r det den mest bes\u00f6kta platsen i hela Cartagena<\/strong>. Castillo de San Felipe de Barajas \u00e4r den st\u00f6rsta spanska f\u00e4stningen p\u00e5 den amerikanska kontinenten (och n\u00e4r du st\u00e5r d\u00e4r tror du verkligen p\u00e5 det n\u00e4r du ser de massiva stenmurarna). Bygget p\u00e5b\u00f6rjades redan 1657 p\u00e5 en strategisk kulle och tack vare ett sinnrikt system av f\u00f6rsvarsverk och underjordiska tunnlar lyckades ingen fiende n\u00e5gonsin inta den.<\/p>\n\n\n\n<p class=\"wp-block-paragraph\">Att utforska den enorma f\u00e4stningen tar l\u00e4tt tv\u00e5 timmar och <strong>den st\u00f6rsta upplevelsen \u00e4r att irra runt i de m\u00f6rka, sn\u00e5riga tunnlarna<\/strong> som arkitekterna utformade f\u00f6r att medvetet f\u00f6rst\u00e4rka ljudet av eventuella angripares steg. F\u00e4stningen \u00e4r <a href=\"https:\/\/fortificacionescartagena.com.co\/en\/castle-of-san-felipe-de-barajas\/\" rel=\"nofollow noopener\" target=\"_blank\">\u00f6ppen f\u00f6r allm\u00e4nheten<\/a> <strong>varje dag mellan 08.00 och 18.00<\/strong>, och \u00e4ven h\u00e4r g\u00e4ller den gyllene regeln: g\u00e5 inte hit mitt p\u00e5 dagen, eftersom det praktiskt taget inte finns n\u00e5gon m\u00f6jlighet att s\u00f6ka skydd mot solen p\u00e5 murarna.<\/p>\n\n\n\n<p class=\"wp-block-paragraph\"><strong>Grundbiljetten f\u00f6r utl\u00e4nningar kostar 25 000 COP<\/strong>, medan lokalbefolkningen betalar n\u00e5got mindre, runt 20 000 COP. Om du reser med familj har barn under 6 \u00e5r och pension\u00e4rer \u00f6ver 62 \u00e5r helt gratis intr\u00e4de till hela omr\u00e5det. \ud83d\udca1 <strong>Tips f\u00f6r sparsamma resen\u00e4rer:<\/strong> Om det passar datumm\u00e4ssigt, planera absolut in bes\u00f6ket till <strong>den sista s\u00f6ndagen i m\u00e5naden, d\u00e5 intr\u00e4det \u00e4r helt gratis f\u00f6r alla bes\u00f6kare<\/strong> (med undantag f\u00f6r de belastade m\u00e5naderna januari och december).<\/p>\n\n\n\n<figure data-wp-context=\"{&quot;imageId&quot;:&quot;6a9c4c755a393&quot;}\" data-wp-interactive=\"core\/image\" data-wp-key=\"6a9c4c755a393\" class=\"wp-block-image size-full wp-lightbox-container\"><img decoding=\"async\" width=\"1600\" height=\"2133\" data-wp-class--hide=\"state.isContentHidden\" data-wp-class--show=\"state.isContentVisible\" data-wp-init=\"callbacks.setButtonStyles\" data-wp-on--click=\"actions.showLightbox\" data-wp-on--load=\"callbacks.setButtonStyles\" data-wp-on--pointerdown=\"actions.preloadImage\" data-wp-on--pointerenter=\"actions.preloadImageWithDelay\" data-wp-on--pointerleave=\"actions.cancelPreload\" data-wp-on-window--resize=\"callbacks.setButtonStyles\" src=\"https:\/\/loudavymkrokem.cz\/wp-content\/uploads\/2026\/09\/n-m-st-plaza-de-bol-var.jpg\" alt=\"Torget Plaza de Bol\u00edvar\" class=\"wp-image-415697\" title=\"\" srcset=\"https:\/\/loudavymkrokem.cz\/wp-content\/uploads\/2026\/09\/n-m-st-plaza-de-bol-var.jpg 1600w, https:\/\/loudavymkrokem.cz\/wp-content\/uploads\/2026\/09\/n-m-st-plaza-de-bol-var-225x300.jpg 225w, https:\/\/loudavymkrokem.cz\/wp-content\/uploads\/2026\/09\/n-m-st-plaza-de-bol-var-700x933.jpg 700w, https:\/\/loudavymkrokem.cz\/wp-content\/uploads\/2026\/09\/n-m-st-plaza-de-bol-var-768x1024.jpg 768w, https:\/\/loudavymkrokem.cz\/wp-content\/uploads\/2026\/09\/n-m-st-plaza-de-bol-var-1152x1536.jpg 1152w, https:\/\/loudavymkrokem.cz\/wp-content\/uploads\/2026\/09\/n-m-st-plaza-de-bol-var-1536x2048.jpg 1536w, https:\/\/loudavymkrokem.cz\/wp-content\/uploads\/2026\/09\/n-m-st-plaza-de-bol-var-696x928.jpg 696w, https:\/\/loudavymkrokem.cz\/wp-content\/uploads\/2026\/09\/n-m-st-plaza-de-bol-var-1392x1856.jpg 1392w\" sizes=\"(max-width: 1600px) 100vw, 1600px\" \/><button\n\t\t\tclass=\"lightbox-trigger\"\n\t\t\ttype=\"button\"\n\t\t\taria-haspopup=\"dialog\"\n\t\t\tdata-wp-bind--aria-label=\"state.thisImage.triggerButtonAriaLabel\"\n\t\t\tdata-wp-init=\"callbacks.initTriggerButton\"\n\t\t\tdata-wp-on--click=\"actions.showLightbox\"\n\t\t\tdata-wp-style--right=\"state.thisImage.buttonRight\"\n\t\t\tdata-wp-style--top=\"state.thisImage.buttonTop\"\n\t\t>\n\t\t\t<svg xmlns=\"http:\/\/www.w3.org\/2000\/svg\" width=\"12\" height=\"12\" fill=\"none\" viewBox=\"0 0 12 12\">\n\t\t\t\t<path fill=\"#fff\" d=\"M2 0a2 2 0 0 0-2 2v2h1.5V2a.5.5 0 0 1 .5-.5h2V0H2Zm2 10.5H2a.5.5 0 0 1-.5-.5V8H0v2a2 2 0 0 0 2 2h2v-1.5ZM8 12v-1.5h2a.5.5 0 0 0 .5-.5V8H12v2a2 2 0 0 1-2 2H8Zm2-12a2 2 0 0 1 2 2v2h-1.5V2a.5.5 0 0 0-.5-.5H8V0h2Z\" \/>\n\t\t\t<\/svg>\n\t\t<\/button><figcaption class=\"wp-element-caption\">Foto: Kody Kozak \/ Google Maps<\/figcaption><\/figure>\n\n\n\n<h3 class=\"wp-block-heading\"><span class=\"ez-toc-section\" id=\"3_Torget_Plaza_de_Bolivar\"><\/span>3. Torget Plaza de Bol\u00edvar<span class=\"ez-toc-section-end\"><\/span><\/h3>\n\n\n\n<p class=\"wp-block-paragraph\">Det gr\u00f6na hj\u00e4rtat i hela gamla stan \u00e4r <strong>Plaza de Bol\u00edvar (fint betyg 4,6), som fungerar som en perfekt oas av lugn<\/strong>. Till skillnad fr\u00e5n de solstekta stengr\u00e4nderna runtomkring hittar du h\u00e4r massor av b\u00e4nkar tryggt g\u00f6mda i skuggan av m\u00e4ktiga gamla tr\u00e4d, d\u00e4r lokalbefolkning och tr\u00f6tta resen\u00e4rer fr\u00e5n hela v\u00e4rlden sl\u00e5r sig ner. Mitt p\u00e5 torget st\u00e5r f\u00f6rst\u00e5s ryttarstatyn av Sim\u00f3n Bol\u00edvar sj\u00e4lv, Sydamerikas ber\u00f6mda befriare.<\/p>\n\n\n\n<p class=\"wp-block-paragraph\">Torget \u00e4r inte bara en helt utm\u00e4rkt plats f\u00f6r vila efter en l\u00e5ng promenad, utan ocks\u00e5 <strong>en strategisk utg\u00e5ngspunkt f\u00f6r bes\u00f6k p\u00e5 stadens b\u00e4sta museer<\/strong>. P\u00e5 ena sidan kantas parken av den vackra historiska katedralen, p\u00e5 den andra av utsmyckade koloniala palats med massiva tr\u00e4d\u00f6rrar och enorma d\u00f6rrklappar av metall formade som djur.<\/p>\n\n\n\n<p class=\"wp-block-paragraph\">N\u00e4r du s\u00e4tter dig ner en stund h\u00e4r, <strong>k\u00f6p absolut f\u00e4rsk karibisk frukt av lokala f\u00f6rs\u00e4ljare med k\u00e4rror<\/strong> eller en iskall dryck. V\u00e4lj bara de f\u00f6rs\u00e4ljare som skalar och sk\u00e4r frukten direkt framf\u00f6r dig, s\u00e5 vet du \u00e5tminstone vad du f\u00e5r. Det \u00e4r utan konkurrens den b\u00e4sta uppfriskningen efter timmar av vandring i den tropiska hettan.<\/p>\n\n\n\n<figure data-wp-context=\"{&quot;imageId&quot;:&quot;6a9c4c755ab16&quot;}\" data-wp-interactive=\"core\/image\" data-wp-key=\"6a9c4c755ab16\" class=\"wp-block-image size-full wp-lightbox-container\"><img decoding=\"async\" width=\"1280\" height=\"960\" data-wp-class--hide=\"state.isContentHidden\" data-wp-class--show=\"state.isContentVisible\" data-wp-init=\"callbacks.setButtonStyles\" data-wp-on--click=\"actions.showLightbox\" data-wp-on--load=\"callbacks.setButtonStyles\" data-wp-on--pointerdown=\"actions.preloadImage\" data-wp-on--pointerenter=\"actions.preloadImageWithDelay\" data-wp-on--pointerleave=\"actions.cancelPreload\" data-wp-on-window--resize=\"callbacks.setButtonStyles\" src=\"https:\/\/loudavymkrokem.cz\/wp-content\/uploads\/2026\/09\/museo-del-oro-zen.jpg\" alt=\"Museo del Oro Zen\u00fa\" class=\"wp-image-415699\" title=\"\" srcset=\"https:\/\/loudavymkrokem.cz\/wp-content\/uploads\/2026\/09\/museo-del-oro-zen.jpg 1280w, https:\/\/loudavymkrokem.cz\/wp-content\/uploads\/2026\/09\/museo-del-oro-zen-300x225.jpg 300w, https:\/\/loudavymkrokem.cz\/wp-content\/uploads\/2026\/09\/museo-del-oro-zen-700x525.jpg 700w, https:\/\/loudavymkrokem.cz\/wp-content\/uploads\/2026\/09\/museo-del-oro-zen-768x576.jpg 768w, https:\/\/loudavymkrokem.cz\/wp-content\/uploads\/2026\/09\/museo-del-oro-zen-80x60.jpg 80w, https:\/\/loudavymkrokem.cz\/wp-content\/uploads\/2026\/09\/museo-del-oro-zen-160x120.jpg 160w, https:\/\/loudavymkrokem.cz\/wp-content\/uploads\/2026\/09\/museo-del-oro-zen-696x522.jpg 696w\" sizes=\"(max-width: 1280px) 100vw, 1280px\" \/><button\n\t\t\tclass=\"lightbox-trigger\"\n\t\t\ttype=\"button\"\n\t\t\taria-haspopup=\"dialog\"\n\t\t\tdata-wp-bind--aria-label=\"state.thisImage.triggerButtonAriaLabel\"\n\t\t\tdata-wp-init=\"callbacks.initTriggerButton\"\n\t\t\tdata-wp-on--click=\"actions.showLightbox\"\n\t\t\tdata-wp-style--right=\"state.thisImage.buttonRight\"\n\t\t\tdata-wp-style--top=\"state.thisImage.buttonTop\"\n\t\t>\n\t\t\t<svg xmlns=\"http:\/\/www.w3.org\/2000\/svg\" width=\"12\" height=\"12\" fill=\"none\" viewBox=\"0 0 12 12\">\n\t\t\t\t<path fill=\"#fff\" d=\"M2 0a2 2 0 0 0-2 2v2h1.5V2a.5.5 0 0 1 .5-.5h2V0H2Zm2 10.5H2a.5.5 0 0 1-.5-.5V8H0v2a2 2 0 0 0 2 2h2v-1.5ZM8 12v-1.5h2a.5.5 0 0 0 .5-.5V8H12v2a2 2 0 0 1-2 2H8Zm2-12a2 2 0 0 1 2 2v2h-1.5V2a.5.5 0 0 0-.5-.5H8V0h2Z\" \/>\n\t\t\t<\/svg>\n\t\t<\/button><figcaption class=\"wp-element-caption\">Foto: Museo del Oro Zen\u00fa \/ Google Maps<\/figcaption><\/figure>\n\n\n\n<h3 class=\"wp-block-heading\"><span class=\"ez-toc-section\" id=\"4_Museo_del_Oro_Zenu\"><\/span>4. Museo del Oro Zen\u00fa<span class=\"ez-toc-section-end\"><\/span><\/h3>\n\n\n\n<p class=\"wp-block-paragraph\">Precis vid kanten av det popul\u00e4ra torget Plaza de Bol\u00edvar ligger <strong>Museo del Oro Zen\u00fa, en fascinerande filial till <a href=\"https:\/\/www.banrepcultural.org\/cartagena\/museo-del-oro-zenu\" rel=\"nofollow noopener\" target=\"_blank\">det ber\u00f6mda Guldmuseet<\/a><\/strong> i huvudstaden Bogot\u00e1. \u00c4ven om det \u00e4r n\u00e5got mindre \u00e4n sin enorma huvudversion \u00e4r utst\u00e4llningen helt fantastisk, och dessutom \u00e4r <strong>intr\u00e4det till detta lysande museum helt gratis<\/strong> \u2014 ett r\u00e4tt s\u00e4llsynt undantag i dyra Cartagena som du b\u00f6r utnyttja.<\/p>\n\n\n\n<p class=\"wp-block-paragraph\">Inuti ser du en hisnande och mycket v\u00e4rdefull samling guldf\u00f6rem\u00e5l skapade av den ursprungliga Zen\u00fa-kulturen l\u00e5ngt f\u00f6re de spanska kolonisat\u00f6rernas ankomst. <strong>Den h\u00e4r kulturen var k\u00e4nd f\u00f6r sina helt full\u00e4ndade guldsmedstekniker<\/strong> och \u00e4ven f\u00f6r avancerade system av dr\u00e4neringskanaler som l\u00e4t dem \u00f6verleva i \u00f6versv\u00e4mningsomr\u00e5den. Utst\u00e4llningen f\u00f6rklarar utm\u00e4rkt och l\u00e4ttbegripligt deras djupa koppling till naturen, s\u00e4rskilt till amfibier och den rika vattenv\u00e4rlden.<\/p>\n\n\n\n<p class=\"wp-block-paragraph\">Museet \u00e4r dessutom sk\u00f6nt luftkonditionerat, s\u00e5 om solen br\u00e4nner utomhus och du f\u00e5tt nog \u00e4r den h\u00e4r kostnadsfria fristaden fr\u00e5n eftermiddagshettan helt enkelt en g\u00e5va fr\u00e5n ovan. \ud83d\udca1 <strong>Tips:<\/strong> Missa inte att p\u00e5 n\u00e4ra h\u00e5ll studera de ber\u00f6mda br\u00f6stpl\u00e5tarna av guld och de otroligt fina filigransmyckena, vars precision \u00e4n idag fascinerar \u00e4ven moderna juvelerare.<\/p>\n\n\n\n<figure data-wp-context=\"{&quot;imageId&quot;:&quot;6a9c4c755b2b9&quot;}\" data-wp-interactive=\"core\/image\" data-wp-key=\"6a9c4c755b2b9\" class=\"wp-block-image size-full wp-lightbox-container\"><img decoding=\"async\" width=\"1600\" height=\"1200\" data-wp-class--hide=\"state.isContentHidden\" data-wp-class--show=\"state.isContentVisible\" data-wp-init=\"callbacks.setButtonStyles\" data-wp-on--click=\"actions.showLightbox\" data-wp-on--load=\"callbacks.setButtonStyles\" data-wp-on--pointerdown=\"actions.preloadImage\" data-wp-on--pointerenter=\"actions.preloadImageWithDelay\" data-wp-on--pointerleave=\"actions.cancelPreload\" data-wp-on-window--resize=\"callbacks.setButtonStyles\" src=\"https:\/\/loudavymkrokem.cz\/wp-content\/uploads\/2026\/09\/palacio-de-la-inquisici-n.jpg\" alt=\"Palacio de la Inquisici\u00f3n (Inkvisitionens palats)\" class=\"wp-image-415704\" title=\"\" srcset=\"https:\/\/loudavymkrokem.cz\/wp-content\/uploads\/2026\/09\/palacio-de-la-inquisici-n.jpg 1600w, https:\/\/loudavymkrokem.cz\/wp-content\/uploads\/2026\/09\/palacio-de-la-inquisici-n-300x225.jpg 300w, https:\/\/loudavymkrokem.cz\/wp-content\/uploads\/2026\/09\/palacio-de-la-inquisici-n-700x525.jpg 700w, https:\/\/loudavymkrokem.cz\/wp-content\/uploads\/2026\/09\/palacio-de-la-inquisici-n-768x576.jpg 768w, https:\/\/loudavymkrokem.cz\/wp-content\/uploads\/2026\/09\/palacio-de-la-inquisici-n-1536x1152.jpg 1536w, https:\/\/loudavymkrokem.cz\/wp-content\/uploads\/2026\/09\/palacio-de-la-inquisici-n-80x60.jpg 80w, https:\/\/loudavymkrokem.cz\/wp-content\/uploads\/2026\/09\/palacio-de-la-inquisici-n-160x120.jpg 160w, https:\/\/loudavymkrokem.cz\/wp-content\/uploads\/2026\/09\/palacio-de-la-inquisici-n-696x522.jpg 696w, https:\/\/loudavymkrokem.cz\/wp-content\/uploads\/2026\/09\/palacio-de-la-inquisici-n-1392x1044.jpg 1392w\" sizes=\"(max-width: 1600px) 100vw, 1600px\" \/><button\n\t\t\tclass=\"lightbox-trigger\"\n\t\t\ttype=\"button\"\n\t\t\taria-haspopup=\"dialog\"\n\t\t\tdata-wp-bind--aria-label=\"state.thisImage.triggerButtonAriaLabel\"\n\t\t\tdata-wp-init=\"callbacks.initTriggerButton\"\n\t\t\tdata-wp-on--click=\"actions.showLightbox\"\n\t\t\tdata-wp-style--right=\"state.thisImage.buttonRight\"\n\t\t\tdata-wp-style--top=\"state.thisImage.buttonTop\"\n\t\t>\n\t\t\t<svg xmlns=\"http:\/\/www.w3.org\/2000\/svg\" width=\"12\" height=\"12\" fill=\"none\" viewBox=\"0 0 12 12\">\n\t\t\t\t<path fill=\"#fff\" d=\"M2 0a2 2 0 0 0-2 2v2h1.5V2a.5.5 0 0 1 .5-.5h2V0H2Zm2 10.5H2a.5.5 0 0 1-.5-.5V8H0v2a2 2 0 0 0 2 2h2v-1.5ZM8 12v-1.5h2a.5.5 0 0 0 .5-.5V8H12v2a2 2 0 0 1-2 2H8Zm2-12a2 2 0 0 1 2 2v2h-1.5V2a.5.5 0 0 0-.5-.5H8V0h2Z\" \/>\n\t\t\t<\/svg>\n\t\t<\/button><figcaption class=\"wp-element-caption\">Foto: Adri\u00e1n S\u00e1nchez Alan\u00eds \/ Google Maps<\/figcaption><\/figure>\n\n\n\n<h3 class=\"wp-block-heading\"><span class=\"ez-toc-section\" id=\"5_Palacio_de_la_Inquisicion_Inkvisitionens_palats\"><\/span>5. Palacio de la Inquisici\u00f3n (Inkvisitionens palats)<span class=\"ez-toc-section-end\"><\/span><\/h3>\n\n\n\n<p class=\"wp-block-paragraph\">Precis p\u00e5 motsatt sida av samma torg hittar du <strong>Museum of Cartagena de Indias, som bland folk snarare \u00e4r k\u00e4nt som Palacio de la Inquisici\u00f3n<\/strong> (betyg 4,2). Denna majest\u00e4tiska historiska byggnad med en vacker barockportal fr\u00e5n 1770 d\u00f6ljer under sin sk\u00f6na fasad en r\u00e4tt m\u00f6rk historia. Den var n\u00e4mligen huvuds\u00e4te f\u00f6r den spanska inkvisitionen, som h\u00e4r under sekler d\u00f6mde och h\u00e5rt straffade dem som anklagades f\u00f6r k\u00e4tteri och h\u00e4xeri.<\/p>\n\n\n\n<p class=\"wp-block-paragraph\">Inuti v\u00e4ntar en ganska kyslig men mycket l\u00e4rorik utst\u00e4llning d\u00e4r du <strong>kan se originalredskap f\u00f6r tortyr<\/strong> och i detalj bekanta dig med de d\u00e5tida kyrkliga domstolarnas skoningsl\u00f6sa metoder. Samtidigt finns p\u00e5 de \u00f6vre v\u00e5ningarna \u00e4ven en mycket omfattande del \u00e4gnad \u00e5t stadens \u00f6vergripande historia fr\u00e5n grundandet, s\u00e5 museet fungerar som en utm\u00e4rkt helt\u00e4ckande introduktion till Cartagenas komplicerade historia.<\/p>\n\n\n\n<p class=\"wp-block-paragraph\">Biljettpriset f\u00f6r utl\u00e4ndska turister ligger oftast <strong>mellan 21 000 och 25 000 COP<\/strong>, men kontrollera absolut det aktuella beloppet p\u00e5 plats vid kassan, eftersom det ibland \u00e4ndras utan f\u00f6rvarning. Upplevelsen av den skuggiga innerg\u00e5rden, d\u00e4r grymma domar f\u00f6rr avkunnades och d\u00e4r idag ironiskt nog frodig tropisk v\u00e4xtlighet frodas, \u00e4r verkligen stark och v\u00e4rd att se.<\/p>\n\n\n\n<figure data-wp-context=\"{&quot;imageId&quot;:&quot;6a9c4c755bb31&quot;}\" data-wp-interactive=\"core\/image\" data-wp-key=\"6a9c4c755bb31\" class=\"wp-block-image size-full wp-lightbox-container\"><img decoding=\"async\" width=\"1600\" height=\"1186\" data-wp-class--hide=\"state.isContentHidden\" data-wp-class--show=\"state.isContentVisible\" data-wp-init=\"callbacks.setButtonStyles\" data-wp-on--click=\"actions.showLightbox\" data-wp-on--load=\"callbacks.setButtonStyles\" data-wp-on--pointerdown=\"actions.preloadImage\" data-wp-on--pointerenter=\"actions.preloadImageWithDelay\" data-wp-on--pointerleave=\"actions.cancelPreload\" data-wp-on-window--resize=\"callbacks.setButtonStyles\" src=\"https:\/\/loudavymkrokem.cz\/wp-content\/uploads\/2026\/09\/museo-naval-del-caribe.jpg\" alt=\"Museo Naval del Caribe\" class=\"wp-image-415706\" title=\"\" srcset=\"https:\/\/loudavymkrokem.cz\/wp-content\/uploads\/2026\/09\/museo-naval-del-caribe.jpg 1600w, https:\/\/loudavymkrokem.cz\/wp-content\/uploads\/2026\/09\/museo-naval-del-caribe-300x222.jpg 300w, https:\/\/loudavymkrokem.cz\/wp-content\/uploads\/2026\/09\/museo-naval-del-caribe-700x519.jpg 700w, https:\/\/loudavymkrokem.cz\/wp-content\/uploads\/2026\/09\/museo-naval-del-caribe-768x569.jpg 768w, https:\/\/loudavymkrokem.cz\/wp-content\/uploads\/2026\/09\/museo-naval-del-caribe-1536x1139.jpg 1536w, https:\/\/loudavymkrokem.cz\/wp-content\/uploads\/2026\/09\/museo-naval-del-caribe-80x60.jpg 80w, https:\/\/loudavymkrokem.cz\/wp-content\/uploads\/2026\/09\/museo-naval-del-caribe-160x120.jpg 160w, https:\/\/loudavymkrokem.cz\/wp-content\/uploads\/2026\/09\/museo-naval-del-caribe-696x516.jpg 696w, https:\/\/loudavymkrokem.cz\/wp-content\/uploads\/2026\/09\/museo-naval-del-caribe-1392x1032.jpg 1392w\" sizes=\"(max-width: 1600px) 100vw, 1600px\" \/><button\n\t\t\tclass=\"lightbox-trigger\"\n\t\t\ttype=\"button\"\n\t\t\taria-haspopup=\"dialog\"\n\t\t\tdata-wp-bind--aria-label=\"state.thisImage.triggerButtonAriaLabel\"\n\t\t\tdata-wp-init=\"callbacks.initTriggerButton\"\n\t\t\tdata-wp-on--click=\"actions.showLightbox\"\n\t\t\tdata-wp-style--right=\"state.thisImage.buttonRight\"\n\t\t\tdata-wp-style--top=\"state.thisImage.buttonTop\"\n\t\t>\n\t\t\t<svg xmlns=\"http:\/\/www.w3.org\/2000\/svg\" width=\"12\" height=\"12\" fill=\"none\" viewBox=\"0 0 12 12\">\n\t\t\t\t<path fill=\"#fff\" d=\"M2 0a2 2 0 0 0-2 2v2h1.5V2a.5.5 0 0 1 .5-.5h2V0H2Zm2 10.5H2a.5.5 0 0 1-.5-.5V8H0v2a2 2 0 0 0 2 2h2v-1.5ZM8 12v-1.5h2a.5.5 0 0 0 .5-.5V8H12v2a2 2 0 0 1-2 2H8Zm2-12a2 2 0 0 1 2 2v2h-1.5V2a.5.5 0 0 0-.5-.5H8V0h2Z\" \/>\n\t\t\t<\/svg>\n\t\t<\/button><figcaption class=\"wp-element-caption\">Foto: LATINA VIAJERA [Sam Broxio] \/ Google Maps<\/figcaption><\/figure>\n\n\n\n<h3 class=\"wp-block-heading\"><span class=\"ez-toc-section\" id=\"6_Museo_Naval_del_Caribe\"><\/span>6. Museo Naval del Caribe<span class=\"ez-toc-section-end\"><\/span><\/h3>\n\n\n\n<p class=\"wp-block-paragraph\">Om du ens \u00e4r lite intresserad av gamla skepp, pirater och sj\u00f6slag kommer <strong>Museo Naval del Caribe (utm\u00e4rkt betyg 4,6) att fascinera dig fullst\u00e4ndigt<\/strong>. Du hittar det bara en kort bit fr\u00e5n huvudmurarna, och dess omfattande utst\u00e4llning \u00e4gnas \u00e5t den fascinerande historien om karibiska pirater, sjunkna spanska galjoner fulla av guld och \u00e4ndl\u00f6sa sj\u00f6slag om herrav\u00e4ldet \u00f6ver denna strategiska karibiska hamn.<\/p>\n\n\n\n<p class=\"wp-block-paragraph\">Museet \u00e4r verkligen utm\u00e4rkt och modernt utformat, <strong>det erbjuder massor av intressanta interaktiva modeller av f\u00e4stningar och j\u00e4ttelika skepp<\/strong>, vilket uppskattas inte bara av vuxna historie\u00e4lskare utan \u00e4ven av barnfamiljer. H\u00e4r f\u00e5r du reda p\u00e5 massor av ov\u00e4ntade detaljer om hur staden f\u00f6rr heroiskt f\u00f6rsvarade sig mot den engelske amiralen Vernons ber\u00f6mda och f\u00f6r\u00f6dande anfall.<\/p>\n\n\n\n<p class=\"wp-block-paragraph\">\u26a0\ufe0f <strong>Viktig varning om kartor:<\/strong> N\u00e4r du s\u00f6ker information och v\u00e4g online, se rej\u00e4lt upp f\u00f6r f\u00f6rv\u00e4xling av st\u00e4der. Blanda inte ihop det med \u201dNaval Museum Cartagena\u201d som Google ibland smyger in, f\u00f6r det ligger i spanska Murcia och navigeringen skickar dig till en annan kontinent. \ud83d\ude05 Kontrollera alltid noga att det i adressen p\u00e5 Google Maps st\u00e5r Bol\u00edvar, Colombia.<\/p>\n\n\n\n<figure data-wp-context=\"{&quot;imageId&quot;:&quot;6a9c4c755c275&quot;}\" data-wp-interactive=\"core\/image\" data-wp-key=\"6a9c4c755c275\" class=\"wp-block-image size-full wp-lightbox-container\"><img decoding=\"async\" width=\"1600\" height=\"1200\" data-wp-class--hide=\"state.isContentHidden\" data-wp-class--show=\"state.isContentVisible\" data-wp-init=\"callbacks.setButtonStyles\" data-wp-on--click=\"actions.showLightbox\" data-wp-on--load=\"callbacks.setButtonStyles\" data-wp-on--pointerdown=\"actions.preloadImage\" data-wp-on--pointerenter=\"actions.preloadImageWithDelay\" data-wp-on--pointerleave=\"actions.cancelPreload\" data-wp-on-window--resize=\"callbacks.setButtonStyles\" src=\"https:\/\/loudavymkrokem.cz\/wp-content\/uploads\/2026\/09\/plaza-de-los-coches.jpg\" alt=\"Plaza de los Coches och Torre del Reloj\" class=\"wp-image-415708\" title=\"\" srcset=\"https:\/\/loudavymkrokem.cz\/wp-content\/uploads\/2026\/09\/plaza-de-los-coches.jpg 1600w, https:\/\/loudavymkrokem.cz\/wp-content\/uploads\/2026\/09\/plaza-de-los-coches-300x225.jpg 300w, https:\/\/loudavymkrokem.cz\/wp-content\/uploads\/2026\/09\/plaza-de-los-coches-700x525.jpg 700w, https:\/\/loudavymkrokem.cz\/wp-content\/uploads\/2026\/09\/plaza-de-los-coches-768x576.jpg 768w, https:\/\/loudavymkrokem.cz\/wp-content\/uploads\/2026\/09\/plaza-de-los-coches-1536x1152.jpg 1536w, https:\/\/loudavymkrokem.cz\/wp-content\/uploads\/2026\/09\/plaza-de-los-coches-80x60.jpg 80w, https:\/\/loudavymkrokem.cz\/wp-content\/uploads\/2026\/09\/plaza-de-los-coches-160x120.jpg 160w, https:\/\/loudavymkrokem.cz\/wp-content\/uploads\/2026\/09\/plaza-de-los-coches-696x522.jpg 696w, https:\/\/loudavymkrokem.cz\/wp-content\/uploads\/2026\/09\/plaza-de-los-coches-1392x1044.jpg 1392w\" sizes=\"(max-width: 1600px) 100vw, 1600px\" \/><button\n\t\t\tclass=\"lightbox-trigger\"\n\t\t\ttype=\"button\"\n\t\t\taria-haspopup=\"dialog\"\n\t\t\tdata-wp-bind--aria-label=\"state.thisImage.triggerButtonAriaLabel\"\n\t\t\tdata-wp-init=\"callbacks.initTriggerButton\"\n\t\t\tdata-wp-on--click=\"actions.showLightbox\"\n\t\t\tdata-wp-style--right=\"state.thisImage.buttonRight\"\n\t\t\tdata-wp-style--top=\"state.thisImage.buttonTop\"\n\t\t>\n\t\t\t<svg xmlns=\"http:\/\/www.w3.org\/2000\/svg\" width=\"12\" height=\"12\" fill=\"none\" viewBox=\"0 0 12 12\">\n\t\t\t\t<path fill=\"#fff\" d=\"M2 0a2 2 0 0 0-2 2v2h1.5V2a.5.5 0 0 1 .5-.5h2V0H2Zm2 10.5H2a.5.5 0 0 1-.5-.5V8H0v2a2 2 0 0 0 2 2h2v-1.5ZM8 12v-1.5h2a.5.5 0 0 0 .5-.5V8H12v2a2 2 0 0 1-2 2H8Zm2-12a2 2 0 0 1 2 2v2h-1.5V2a.5.5 0 0 0-.5-.5H8V0h2Z\" \/>\n\t\t\t<\/svg>\n\t\t<\/button><figcaption class=\"wp-element-caption\">Foto: Kelly Hewitt \/ Google Maps<\/figcaption><\/figure>\n\n\n\n<h3 class=\"wp-block-heading\"><span class=\"ez-toc-section\" id=\"7_Plaza_de_los_Coches_och_Torre_del_Reloj\"><\/span>7. Plaza de los Coches och Torre del Reloj<span class=\"ez-toc-section-end\"><\/span><\/h3>\n\n\n\n<p class=\"wp-block-paragraph\">Dina allra f\u00f6rsta steg in i gamla stan g\u00e5r sannolikt rakt genom <strong>Torre del Reloj, det ikoniska gula klocktornet<\/strong> som fungerar som den viktigaste och vackraste ing\u00e5ngsporten genom murarna. Direkt bakom porten \u00f6ppnar sig <strong>Plaza de los Coches (betyg 4,5)<\/strong>, eller Vagnarnas torg, som har ett mycket m\u00f6rkt f\u00f6rflutet eftersom det f\u00f6rr fungerade som den huvudsakliga slavmarknaden, men idag \u00e4r fullt av f\u00e4rgglada hus med typiska balkonger.<\/p>\n\n\n\n<p class=\"wp-block-paragraph\">Precis p\u00e5 detta livliga torg hittar du <strong>den ber\u00f6mda skuggiga arkaden Portal de los Dulces<\/strong>. H\u00e4r tr\u00e4ngs dussintals sm\u00e5 tr\u00e4st\u00e5nd som i generationer s\u00e5lt traditionellt karibiskt godis. Allt lyser i starka f\u00e4rger och luften doftar st\u00e4ndigt av f\u00e4rsk kokos, br\u00e4ndt r\u00f6rsocker och exotisk tropisk frukt.<\/p>\n\n\n\n<p class=\"wp-block-paragraph\">Det \u00e4r en helt idealisk plats d\u00e4r du <strong>kan smaka p\u00e5 lokala kokoskulor (s\u00e5 kallade cocadas) eller kladdigt godis av tamarind<\/strong>. \ud83d\udca1 <strong>Tips:<\/strong> De h\u00e4r lokala godsakerna \u00e4r extremt s\u00f6ta och mustiga, s\u00e5 en eller tv\u00e5 bitar r\u00e4cker gott och v\u00e4l till en stark eftermiddagskaffe \u2014 v\u00e4nta dig absolut inga l\u00e4tta, fluffiga desserter.<\/p>\n\n\n\n<figure data-wp-context=\"{&quot;imageId&quot;:&quot;6a9c4c755c984&quot;}\" data-wp-interactive=\"core\/image\" data-wp-key=\"6a9c4c755c984\" class=\"wp-block-image size-full wp-lightbox-container\"><img decoding=\"async\" width=\"1600\" height=\"901\" data-wp-class--hide=\"state.isContentHidden\" data-wp-class--show=\"state.isContentVisible\" data-wp-init=\"callbacks.setButtonStyles\" data-wp-on--click=\"actions.showLightbox\" data-wp-on--load=\"callbacks.setButtonStyles\" data-wp-on--pointerdown=\"actions.preloadImage\" data-wp-on--pointerenter=\"actions.preloadImageWithDelay\" data-wp-on--pointerleave=\"actions.cancelPreload\" data-wp-on-window--resize=\"callbacks.setButtonStyles\" src=\"https:\/\/loudavymkrokem.cz\/wp-content\/uploads\/2026\/09\/camell-n-de-los-m-rtires.jpg\" alt=\"Camell\u00f3n de los M\u00e1rtires\" class=\"wp-image-415710\" title=\"\" srcset=\"https:\/\/loudavymkrokem.cz\/wp-content\/uploads\/2026\/09\/camell-n-de-los-m-rtires.jpg 1600w, https:\/\/loudavymkrokem.cz\/wp-content\/uploads\/2026\/09\/camell-n-de-los-m-rtires-300x169.jpg 300w, https:\/\/loudavymkrokem.cz\/wp-content\/uploads\/2026\/09\/camell-n-de-los-m-rtires-700x394.jpg 700w, https:\/\/loudavymkrokem.cz\/wp-content\/uploads\/2026\/09\/camell-n-de-los-m-rtires-768x432.jpg 768w, https:\/\/loudavymkrokem.cz\/wp-content\/uploads\/2026\/09\/camell-n-de-los-m-rtires-1536x865.jpg 1536w, https:\/\/loudavymkrokem.cz\/wp-content\/uploads\/2026\/09\/camell-n-de-los-m-rtires-696x392.jpg 696w, https:\/\/loudavymkrokem.cz\/wp-content\/uploads\/2026\/09\/camell-n-de-los-m-rtires-1392x784.jpg 1392w\" sizes=\"(max-width: 1600px) 100vw, 1600px\" \/><button\n\t\t\tclass=\"lightbox-trigger\"\n\t\t\ttype=\"button\"\n\t\t\taria-haspopup=\"dialog\"\n\t\t\tdata-wp-bind--aria-label=\"state.thisImage.triggerButtonAriaLabel\"\n\t\t\tdata-wp-init=\"callbacks.initTriggerButton\"\n\t\t\tdata-wp-on--click=\"actions.showLightbox\"\n\t\t\tdata-wp-style--right=\"state.thisImage.buttonRight\"\n\t\t\tdata-wp-style--top=\"state.thisImage.buttonTop\"\n\t\t>\n\t\t\t<svg xmlns=\"http:\/\/www.w3.org\/2000\/svg\" width=\"12\" height=\"12\" fill=\"none\" viewBox=\"0 0 12 12\">\n\t\t\t\t<path fill=\"#fff\" d=\"M2 0a2 2 0 0 0-2 2v2h1.5V2a.5.5 0 0 1 .5-.5h2V0H2Zm2 10.5H2a.5.5 0 0 1-.5-.5V8H0v2a2 2 0 0 0 2 2h2v-1.5ZM8 12v-1.5h2a.5.5 0 0 0 .5-.5V8H12v2a2 2 0 0 1-2 2H8Zm2-12a2 2 0 0 1 2 2v2h-1.5V2a.5.5 0 0 0-.5-.5H8V0h2Z\" \/>\n\t\t\t<\/svg>\n\t\t<\/button><figcaption class=\"wp-element-caption\">Foto: Libor Novotn\u00fd \/ Google Maps<\/figcaption><\/figure>\n\n\n\n<h3 class=\"wp-block-heading\"><span class=\"ez-toc-section\" id=\"8_Camellon_de_los_Martires\"><\/span>8. Camell\u00f3n de los M\u00e1rtires<span class=\"ez-toc-section-end\"><\/span><\/h3>\n\n\n\n<p class=\"wp-block-paragraph\">Precis framf\u00f6r den gula huvudporten med klockan, innan du ens kliver in i gamla stan, str\u00e4cker sig <strong>en bred promenad k\u00e4nd som Camell\u00f3n de los M\u00e1rtires<\/strong> (betyg 4,6). Denna mycket eleganta och v\u00e4lsk\u00f6tta promenad kantad av statyer \u00e4r en av de allra b\u00e4sta platserna f\u00f6r en kv\u00e4llspromenad, d\u00e5 den \u00e4r underbart upplyst och pulserar av otroligt lokalt liv.<\/p>\n\n\n\n<p class=\"wp-block-paragraph\">Promenadens namn syftar direkt p\u00e5 en blodig historia \u2014 <strong>h\u00e4r hittar du n\u00e4mligen byster av nio martyrer<\/strong>, modiga ledare f\u00f6r den colombianska sj\u00e4lvst\u00e4ndighetsr\u00f6relsen som h\u00e4r 1816 skoningsl\u00f6st avr\u00e4ttades av spanska rojalister. Det \u00e4r en mycket viktig plats f\u00f6r nationell stolthet som ger en intressant historisk kontrast till den annars bekymmersl\u00f6sa karibiska st\u00e4mningen i hela omgivningen.<\/p>\n\n\n\n<p class=\"wp-block-paragraph\">Under dagen st\u00f6ter du h\u00e4r p\u00e5 or\u00e4kneliga leende f\u00f6rs\u00e4ljare av f\u00e4rska juicer och handgjorda hantverksprodukter. <strong>Det \u00e4r ocks\u00e5 den popul\u00e4raste platsen f\u00f6r att kliva p\u00e5 de h\u00e4stdragna turistvagnarna<\/strong>, \u00e4ven om det med tanke p\u00e5 h\u00e4nsyn till djuren i den enorma karibiska v\u00e4rmen definitivt \u00e4r b\u00e4ttre att r\u00f6ra sig runt i staden p\u00e5 dina egna ben.<\/p>\n\n\n\n<figure data-wp-context=\"{&quot;imageId&quot;:&quot;6a9c4c755d043&quot;}\" data-wp-interactive=\"core\/image\" data-wp-key=\"6a9c4c755d043\" class=\"wp-block-image size-full wp-lightbox-container\"><img decoding=\"async\" width=\"1600\" height=\"2133\" data-wp-class--hide=\"state.isContentHidden\" data-wp-class--show=\"state.isContentVisible\" data-wp-init=\"callbacks.setButtonStyles\" data-wp-on--click=\"actions.showLightbox\" data-wp-on--load=\"callbacks.setButtonStyles\" data-wp-on--pointerdown=\"actions.preloadImage\" data-wp-on--pointerenter=\"actions.preloadImageWithDelay\" data-wp-on--pointerleave=\"actions.cancelPreload\" data-wp-on-window--resize=\"callbacks.setButtonStyles\" src=\"https:\/\/loudavymkrokem.cz\/wp-content\/uploads\/2026\/09\/getseman.jpg\" alt=\"Getseman\u00ed och gatukonst\" class=\"wp-image-415712\" title=\"\" srcset=\"https:\/\/loudavymkrokem.cz\/wp-content\/uploads\/2026\/09\/getseman.jpg 1600w, https:\/\/loudavymkrokem.cz\/wp-content\/uploads\/2026\/09\/getseman-225x300.jpg 225w, https:\/\/loudavymkrokem.cz\/wp-content\/uploads\/2026\/09\/getseman-700x933.jpg 700w, https:\/\/loudavymkrokem.cz\/wp-content\/uploads\/2026\/09\/getseman-768x1024.jpg 768w, https:\/\/loudavymkrokem.cz\/wp-content\/uploads\/2026\/09\/getseman-1152x1536.jpg 1152w, https:\/\/loudavymkrokem.cz\/wp-content\/uploads\/2026\/09\/getseman-1536x2048.jpg 1536w, https:\/\/loudavymkrokem.cz\/wp-content\/uploads\/2026\/09\/getseman-696x928.jpg 696w, https:\/\/loudavymkrokem.cz\/wp-content\/uploads\/2026\/09\/getseman-1392x1856.jpg 1392w\" sizes=\"(max-width: 1600px) 100vw, 1600px\" \/><button\n\t\t\tclass=\"lightbox-trigger\"\n\t\t\ttype=\"button\"\n\t\t\taria-haspopup=\"dialog\"\n\t\t\tdata-wp-bind--aria-label=\"state.thisImage.triggerButtonAriaLabel\"\n\t\t\tdata-wp-init=\"callbacks.initTriggerButton\"\n\t\t\tdata-wp-on--click=\"actions.showLightbox\"\n\t\t\tdata-wp-style--right=\"state.thisImage.buttonRight\"\n\t\t\tdata-wp-style--top=\"state.thisImage.buttonTop\"\n\t\t>\n\t\t\t<svg xmlns=\"http:\/\/www.w3.org\/2000\/svg\" width=\"12\" height=\"12\" fill=\"none\" viewBox=\"0 0 12 12\">\n\t\t\t\t<path fill=\"#fff\" d=\"M2 0a2 2 0 0 0-2 2v2h1.5V2a.5.5 0 0 1 .5-.5h2V0H2Zm2 10.5H2a.5.5 0 0 1-.5-.5V8H0v2a2 2 0 0 0 2 2h2v-1.5ZM8 12v-1.5h2a.5.5 0 0 0 .5-.5V8H12v2a2 2 0 0 1-2 2H8Zm2-12a2 2 0 0 1 2 2v2h-1.5V2a.5.5 0 0 0-.5-.5H8V0h2Z\" \/>\n\t\t\t<\/svg>\n\t\t<\/button><figcaption class=\"wp-element-caption\">Foto: Daniel Rivera Pimienta \/ Google Maps<\/figcaption><\/figure>\n\n\n\n<h3 class=\"wp-block-heading\"><span class=\"ez-toc-section\" id=\"9_Getsemani_och_gatukonsten\"><\/span>9. Getseman\u00ed och gatukonsten<span class=\"ez-toc-section-end\"><\/span><\/h3>\n\n\n\n<p class=\"wp-block-paragraph\">Medan det bl\u00e4nkande Centro Hist\u00f3rico \u00e4r polerat och aristokratiskt <strong>har grannstadsdelen Getseman\u00ed en \u00e4kta, vild och sprudlande sj\u00e4l<\/strong>. F\u00f6r inte s\u00e5 l\u00e4nge sedan var det en r\u00e4tt farlig arbetar- och fattigstadsdel utanf\u00f6r murarna dit turister absolut inte rekommenderades att g\u00e5, men idag \u00e4r det utan tvekan den mest intressanta, f\u00e4rgstarkaste och mest fotograferade delen av hela Cartagena.<\/p>\n\n\n\n<p class=\"wp-block-paragraph\">Gr\u00e4nderna h\u00e4r \u00e4r n\u00e5got smalare \u00e4n i centrum och de flagnade husfasaderna fungerar som enorma m\u00e5lardukar. <strong>H\u00e4r hittar du f\u00f6rstklassig och genomt\u00e4nkt street art<\/strong> som speglar stadens afrikanska r\u00f6tter, palenqueras-kulturen och den frodiga lokala floran. Allra mest k\u00e4nd \u00e4r den smala gr\u00e4nden Calle de la Sierpe, \u00f6ver vilken hundratals f\u00e4rgglada paraplyer h\u00e4nger, eller gr\u00e4nden full av sm\u00e5 flaggor d\u00e4r de allra b\u00e4sta semesterbilderna blir till.<\/p>\n\n\n\n<p class=\"wp-block-paragraph\">P\u00e5 dagen \u00e4r Getseman\u00ed f\u00f6rv\u00e5nansv\u00e4rt lugnt (folk sitter utanf\u00f6r husen p\u00e5 plaststolar, spelar domino med passion och l\u00e4gger knappt m\u00e4rke till dig, vilket \u00e4r r\u00e4tt sk\u00f6nt efter det st\u00e4ndiga langandet i centrum). <strong>Just h\u00e4r k\u00e4nner du fortfarande den d\u00e4r \u00e4kta gemenskapsst\u00e4mningen<\/strong> som tyv\u00e4rr redan tonat bort en aning i det mer polerade och dyrare centrum.<\/p>\n\n\n\n<figure data-wp-context=\"{&quot;imageId&quot;:&quot;6a9c4c755d845&quot;}\" data-wp-interactive=\"core\/image\" data-wp-key=\"6a9c4c755d845\" class=\"wp-block-image size-full wp-lightbox-container\"><img decoding=\"async\" width=\"1600\" height=\"1200\" data-wp-class--hide=\"state.isContentHidden\" data-wp-class--show=\"state.isContentVisible\" data-wp-init=\"callbacks.setButtonStyles\" data-wp-on--click=\"actions.showLightbox\" data-wp-on--load=\"callbacks.setButtonStyles\" data-wp-on--pointerdown=\"actions.preloadImage\" data-wp-on--pointerenter=\"actions.preloadImageWithDelay\" data-wp-on--pointerleave=\"actions.cancelPreload\" data-wp-on-window--resize=\"callbacks.setButtonStyles\" src=\"https:\/\/loudavymkrokem.cz\/wp-content\/uploads\/2026\/09\/ve-ern-plaza-de-la-trinidad.jpg\" alt=\"Plaza de la Trinidad p\u00e5 kv\u00e4llen\" class=\"wp-image-415715\" title=\"\" srcset=\"https:\/\/loudavymkrokem.cz\/wp-content\/uploads\/2026\/09\/ve-ern-plaza-de-la-trinidad.jpg 1600w, https:\/\/loudavymkrokem.cz\/wp-content\/uploads\/2026\/09\/ve-ern-plaza-de-la-trinidad-300x225.jpg 300w, https:\/\/loudavymkrokem.cz\/wp-content\/uploads\/2026\/09\/ve-ern-plaza-de-la-trinidad-700x525.jpg 700w, https:\/\/loudavymkrokem.cz\/wp-content\/uploads\/2026\/09\/ve-ern-plaza-de-la-trinidad-768x576.jpg 768w, https:\/\/loudavymkrokem.cz\/wp-content\/uploads\/2026\/09\/ve-ern-plaza-de-la-trinidad-1536x1152.jpg 1536w, https:\/\/loudavymkrokem.cz\/wp-content\/uploads\/2026\/09\/ve-ern-plaza-de-la-trinidad-80x60.jpg 80w, https:\/\/loudavymkrokem.cz\/wp-content\/uploads\/2026\/09\/ve-ern-plaza-de-la-trinidad-160x120.jpg 160w, https:\/\/loudavymkrokem.cz\/wp-content\/uploads\/2026\/09\/ve-ern-plaza-de-la-trinidad-696x522.jpg 696w, https:\/\/loudavymkrokem.cz\/wp-content\/uploads\/2026\/09\/ve-ern-plaza-de-la-trinidad-1392x1044.jpg 1392w\" sizes=\"(max-width: 1600px) 100vw, 1600px\" \/><button\n\t\t\tclass=\"lightbox-trigger\"\n\t\t\ttype=\"button\"\n\t\t\taria-haspopup=\"dialog\"\n\t\t\tdata-wp-bind--aria-label=\"state.thisImage.triggerButtonAriaLabel\"\n\t\t\tdata-wp-init=\"callbacks.initTriggerButton\"\n\t\t\tdata-wp-on--click=\"actions.showLightbox\"\n\t\t\tdata-wp-style--right=\"state.thisImage.buttonRight\"\n\t\t\tdata-wp-style--top=\"state.thisImage.buttonTop\"\n\t\t>\n\t\t\t<svg xmlns=\"http:\/\/www.w3.org\/2000\/svg\" width=\"12\" height=\"12\" fill=\"none\" viewBox=\"0 0 12 12\">\n\t\t\t\t<path fill=\"#fff\" d=\"M2 0a2 2 0 0 0-2 2v2h1.5V2a.5.5 0 0 1 .5-.5h2V0H2Zm2 10.5H2a.5.5 0 0 1-.5-.5V8H0v2a2 2 0 0 0 2 2h2v-1.5ZM8 12v-1.5h2a.5.5 0 0 0 .5-.5V8H12v2a2 2 0 0 1-2 2H8Zm2-12a2 2 0 0 1 2 2v2h-1.5V2a.5.5 0 0 0-.5-.5H8V0h2Z\" \/>\n\t\t\t<\/svg>\n\t\t<\/button><figcaption class=\"wp-element-caption\">Foto: Drixdel Prera \/ Google Maps<\/figcaption><\/figure>\n\n\n\n<h3 class=\"wp-block-heading\"><span class=\"ez-toc-section\" id=\"10_Plaza_de_la_Trinidad_pa_kvallen\"><\/span>10. Plaza de la Trinidad p\u00e5 kv\u00e4llen<span class=\"ez-toc-section-end\"><\/span><\/h3>\n\n\n\n<p class=\"wp-block-paragraph\">Om du vill uppleva den \u00e4kta och of\u00f6rfalskade karibiska gl\u00e4djen p\u00e5 egen hand <strong>m\u00e5ste du bege dig efter m\u00f6rkrets inbrott till Plaza de la Trinidad<\/strong> mitt i hj\u00e4rtat av den f\u00e4rgglada stadsdelen Getseman\u00ed. P\u00e5 dagen \u00e4r det en r\u00e4tt oansenlig pl\u00e4tt framf\u00f6r en gammal flagnad gul kyrka, men s\u00e5 fort solen g\u00e5r ner f\u00f6rvandlas platsen med ett kn\u00e4pp med fingrarna till stadens pulserande epicentrum.<\/p>\n\n\n\n<p class=\"wp-block-paragraph\"><strong>Varje kv\u00e4ll samlas h\u00e4r kanske halva stadsdelen \u2014 lokala familjer med barn, ryggs\u00e4cksresen\u00e4rer fr\u00e5n hela v\u00e4rlden och talangfulla gatuartister<\/strong>. Folk sitter direkt p\u00e5 de solvarma trottoarerna, k\u00f6per billig kyld \u00f6l fr\u00e5n butiken bredvid och smakar p\u00e5 utm\u00e4rkt mat fr\u00e5n gatuvagnarna. Runt \u00e5ttatiden p\u00e5 kv\u00e4llen b\u00f6rjar h\u00e4r regelbundet medryckande improviserade dansupptr\u00e4danden, eldjonglering eller h\u00f6gljudda konserter med lokala band.<\/p>\n\n\n\n<p class=\"wp-block-paragraph\">Det finns ingen anledning alls att betala dyrt intr\u00e4de till lyxiga klubbar, f\u00f6r <strong>den allra b\u00e4sta och mest autentiska festen utspelar sig direkt p\u00e5 gatan<\/strong>. \ud83d\udca1 <strong>Tips:<\/strong> Var dock rej\u00e4lt uppm\u00e4rksam p\u00e5 dina tillh\u00f6righeter \u2014 i den t\u00e4ta folkmassan kan ficktjuvar r\u00f6ra sig obem\u00e4rkt, s\u00e5 h\u00e5ll hellre alltid ryggs\u00e4cken framf\u00f6r dig och l\u00e4mna v\u00e4rdesaker och pass i hotellkassask\u00e5pet.<\/p>\n\n\n\n<figure data-wp-context=\"{&quot;imageId&quot;:&quot;6a9c4c755df7a&quot;}\" data-wp-interactive=\"core\/image\" data-wp-key=\"6a9c4c755df7a\" class=\"wp-block-image size-full wp-lightbox-container\"><img decoding=\"async\" width=\"1600\" height=\"1600\" data-wp-class--hide=\"state.isContentHidden\" data-wp-class--show=\"state.isContentVisible\" data-wp-init=\"callbacks.setButtonStyles\" data-wp-on--click=\"actions.showLightbox\" data-wp-on--load=\"callbacks.setButtonStyles\" data-wp-on--pointerdown=\"actions.preloadImage\" data-wp-on--pointerenter=\"actions.preloadImageWithDelay\" data-wp-on--pointerleave=\"actions.cancelPreload\" data-wp-on-window--resize=\"callbacks.setButtonStyles\" src=\"https:\/\/loudavymkrokem.cz\/wp-content\/uploads\/2026\/09\/lenochodi-v-centenario-parku.jpg\" alt=\"Seng\u00e5ngare i Centenario-parken\" class=\"wp-image-415716\" title=\"\" srcset=\"https:\/\/loudavymkrokem.cz\/wp-content\/uploads\/2026\/09\/lenochodi-v-centenario-parku.jpg 1600w, https:\/\/loudavymkrokem.cz\/wp-content\/uploads\/2026\/09\/lenochodi-v-centenario-parku-300x300.jpg 300w, https:\/\/loudavymkrokem.cz\/wp-content\/uploads\/2026\/09\/lenochodi-v-centenario-parku-700x700.jpg 700w, https:\/\/loudavymkrokem.cz\/wp-content\/uploads\/2026\/09\/lenochodi-v-centenario-parku-150x150.jpg 150w, https:\/\/loudavymkrokem.cz\/wp-content\/uploads\/2026\/09\/lenochodi-v-centenario-parku-768x768.jpg 768w, https:\/\/loudavymkrokem.cz\/wp-content\/uploads\/2026\/09\/lenochodi-v-centenario-parku-1536x1536.jpg 1536w, https:\/\/loudavymkrokem.cz\/wp-content\/uploads\/2026\/09\/lenochodi-v-centenario-parku-696x696.jpg 696w, https:\/\/loudavymkrokem.cz\/wp-content\/uploads\/2026\/09\/lenochodi-v-centenario-parku-1392x1392.jpg 1392w\" sizes=\"(max-width: 1600px) 100vw, 1600px\" \/><button\n\t\t\tclass=\"lightbox-trigger\"\n\t\t\ttype=\"button\"\n\t\t\taria-haspopup=\"dialog\"\n\t\t\tdata-wp-bind--aria-label=\"state.thisImage.triggerButtonAriaLabel\"\n\t\t\tdata-wp-init=\"callbacks.initTriggerButton\"\n\t\t\tdata-wp-on--click=\"actions.showLightbox\"\n\t\t\tdata-wp-style--right=\"state.thisImage.buttonRight\"\n\t\t\tdata-wp-style--top=\"state.thisImage.buttonTop\"\n\t\t>\n\t\t\t<svg xmlns=\"http:\/\/www.w3.org\/2000\/svg\" width=\"12\" height=\"12\" fill=\"none\" viewBox=\"0 0 12 12\">\n\t\t\t\t<path fill=\"#fff\" d=\"M2 0a2 2 0 0 0-2 2v2h1.5V2a.5.5 0 0 1 .5-.5h2V0H2Zm2 10.5H2a.5.5 0 0 1-.5-.5V8H0v2a2 2 0 0 0 2 2h2v-1.5ZM8 12v-1.5h2a.5.5 0 0 0 .5-.5V8H12v2a2 2 0 0 1-2 2H8Zm2-12a2 2 0 0 1 2 2v2h-1.5V2a.5.5 0 0 0-.5-.5H8V0h2Z\" \/>\n\t\t\t<\/svg>\n\t\t<\/button><figcaption class=\"wp-element-caption\">Foto: Gustavo. A \/ Google Maps<\/figcaption><\/figure>\n\n\n\n<h3 class=\"wp-block-heading\"><span class=\"ez-toc-section\" id=\"11_Sengangare_i_Centenario-parken\"><\/span>11. Seng\u00e5ngare i Centenario-parken<span class=\"ez-toc-section-end\"><\/span><\/h3>\n\n\n\n<p class=\"wp-block-paragraph\">Precis p\u00e5 gr\u00e4nsen mellan Getseman\u00ed och gamla stan ligger den till synes vanliga <strong>Centenario-parken (betyg 4,4), som dock d\u00f6ljer en enorm och ov\u00e4ntad natur\u00f6verraskning<\/strong>. De flesta stressade turister passerar bara snabbt genom den p\u00e5 v\u00e4g till murarna och anar inte alls vad fantastiskt som g\u00f6mmer sig rakt \u00f6ver deras huvuden i de m\u00e4ktiga tr\u00e4dens t\u00e4ta kronor.<\/p>\n\n\n\n<p class=\"wp-block-paragraph\">Mitt i den livliga och bullriga staden lever n\u00e4mligen <strong>l\u00e5ngsamma seng\u00e5ngare, s\u00f6ta sm\u00e5 apor (tamariner) och enorma f\u00f6rhistoriska leguaner i det fria<\/strong>. Det r\u00e4cker att bara stanna upp en stund, st\u00e5 i fullkomlig stillhet och noga speja i de sn\u00e5riga grenarna ovanf\u00f6r dig. Leguanerna ser du ofta ligga l\u00e4ttjefullt och sola sig precis vid stigen, medan seng\u00e5ngarna oftast sover djupt h\u00f6gt uppe g\u00f6mda i l\u00f6vverket.<\/p>\n\n\n\n<p class=\"wp-block-paragraph\">Om du inte sj\u00e4lv kan hitta djuren i den t\u00e4ta gr\u00f6nskan, <strong>hj\u00e4lper ofta lokala n\u00f6tf\u00f6rs\u00e4ljare eller parkens st\u00e4ndiga vakter dig g\u00e4rna<\/strong> \u2014 de vet alltid exakt i vilket tr\u00e4d hela seng\u00e5ngarfamiljen just vilar. Det \u00e4r en helt fascinerande bit vild djungel mitt i den livliga betongtrafiken.<\/p>\n\n\n\n<figure data-wp-context=\"{&quot;imageId&quot;:&quot;6a9c4c755e6c4&quot;}\" data-wp-interactive=\"core\/image\" data-wp-key=\"6a9c4c755e6c4\" class=\"wp-block-image size-full wp-lightbox-container\"><img decoding=\"async\" width=\"1600\" height=\"1200\" data-wp-class--hide=\"state.isContentHidden\" data-wp-class--show=\"state.isContentVisible\" data-wp-init=\"callbacks.setButtonStyles\" data-wp-on--click=\"actions.showLightbox\" data-wp-on--load=\"callbacks.setButtonStyles\" data-wp-on--pointerdown=\"actions.preloadImage\" data-wp-on--pointerenter=\"actions.preloadImageWithDelay\" data-wp-on--pointerleave=\"actions.cancelPreload\" data-wp-on-window--resize=\"callbacks.setButtonStyles\" src=\"https:\/\/loudavymkrokem.cz\/wp-content\/uploads\/2026\/09\/z-convento-de-la-popa.jpg\" alt=\"Utsikt fr\u00e5n Convento de la Popa\" class=\"wp-image-415719\" title=\"\" srcset=\"https:\/\/loudavymkrokem.cz\/wp-content\/uploads\/2026\/09\/z-convento-de-la-popa.jpg 1600w, https:\/\/loudavymkrokem.cz\/wp-content\/uploads\/2026\/09\/z-convento-de-la-popa-300x225.jpg 300w, https:\/\/loudavymkrokem.cz\/wp-content\/uploads\/2026\/09\/z-convento-de-la-popa-700x525.jpg 700w, https:\/\/loudavymkrokem.cz\/wp-content\/uploads\/2026\/09\/z-convento-de-la-popa-768x576.jpg 768w, https:\/\/loudavymkrokem.cz\/wp-content\/uploads\/2026\/09\/z-convento-de-la-popa-1536x1152.jpg 1536w, https:\/\/loudavymkrokem.cz\/wp-content\/uploads\/2026\/09\/z-convento-de-la-popa-80x60.jpg 80w, https:\/\/loudavymkrokem.cz\/wp-content\/uploads\/2026\/09\/z-convento-de-la-popa-160x120.jpg 160w, https:\/\/loudavymkrokem.cz\/wp-content\/uploads\/2026\/09\/z-convento-de-la-popa-696x522.jpg 696w, https:\/\/loudavymkrokem.cz\/wp-content\/uploads\/2026\/09\/z-convento-de-la-popa-1392x1044.jpg 1392w\" sizes=\"(max-width: 1600px) 100vw, 1600px\" \/><button\n\t\t\tclass=\"lightbox-trigger\"\n\t\t\ttype=\"button\"\n\t\t\taria-haspopup=\"dialog\"\n\t\t\tdata-wp-bind--aria-label=\"state.thisImage.triggerButtonAriaLabel\"\n\t\t\tdata-wp-init=\"callbacks.initTriggerButton\"\n\t\t\tdata-wp-on--click=\"actions.showLightbox\"\n\t\t\tdata-wp-style--right=\"state.thisImage.buttonRight\"\n\t\t\tdata-wp-style--top=\"state.thisImage.buttonTop\"\n\t\t>\n\t\t\t<svg xmlns=\"http:\/\/www.w3.org\/2000\/svg\" width=\"12\" height=\"12\" fill=\"none\" viewBox=\"0 0 12 12\">\n\t\t\t\t<path fill=\"#fff\" d=\"M2 0a2 2 0 0 0-2 2v2h1.5V2a.5.5 0 0 1 .5-.5h2V0H2Zm2 10.5H2a.5.5 0 0 1-.5-.5V8H0v2a2 2 0 0 0 2 2h2v-1.5ZM8 12v-1.5h2a.5.5 0 0 0 .5-.5V8H12v2a2 2 0 0 1-2 2H8Zm2-12a2 2 0 0 1 2 2v2h-1.5V2a.5.5 0 0 0-.5-.5H8V0h2Z\" \/>\n\t\t\t<\/svg>\n\t\t<\/button><figcaption class=\"wp-element-caption\">Foto: Javier Ruiz \/ Google Maps<\/figcaption><\/figure>\n\n\n\n<h3 class=\"wp-block-heading\"><span class=\"ez-toc-section\" id=\"12_Utsikt_fran_Convento_de_la_Popa\"><\/span>12. Utsikt fr\u00e5n Convento de la Popa<span class=\"ez-toc-section-end\"><\/span><\/h3>\n\n\n\n<p class=\"wp-block-paragraph\"><strong>B\u00e4sta utsikten<\/strong> \u00f6ver hela Cartagena? Den finns p\u00e5 stadens h\u00f6gsta kulle, d\u00e4r det gamla <strong>klostret Convento de la Popa<\/strong> st\u00e5r. Detta underbara kloster h\u00e4rstammar redan fr\u00e5n 1607 och reser sig ungef\u00e4r 150 meter \u00f6ver havet, s\u00e5 h\u00e4rifr\u00e5n ser du som p\u00e5 en handflata b\u00e5de den historiska gamla stan, de moderna skyskraporna i Bocagrande och virrvarret av vattenkanaler och fattigare f\u00f6rortsdelar.<\/p>\n\n\n\n<p class=\"wp-block-paragraph\">Sj\u00e4lva klostret har en underbar och lugn innerg\u00e5rd full av blommande blommor och ett litet men mycket rikt utsmyckat kapell. <strong>Intr\u00e4det till hela omr\u00e5det ligger runt 11 000 till 25 000 COP<\/strong> enligt olika k\u00e4llor och s\u00e4songer, s\u00e5 kontrollera absolut det aktuella priset f\u00f6rst p\u00e5 plats. Men upplevelsen fr\u00e5n den enorma h\u00f6jden \u00e4r verkligen v\u00e4rd pengarna.<\/p>\n\n\n\n<p class=\"wp-block-paragraph\">\u26a0\ufe0f <strong>Viktig s\u00e4kerhetsvarning:<\/strong> V\u00e4gen upp till klostret g\u00e5r genom mycket fattiga och problematiska stadsdelar och <strong>att g\u00e5 upp till fots avr\u00e5ds best\u00e4mt f\u00f6r utl\u00e4nningar av s\u00e4kerhetssk\u00e4l<\/strong>. Upp \u00e5ker man uteslutande med en organiserad tour eller med gul taxi \u2014 kom d\u00e5 direkt \u00f6verens med chauff\u00f6ren om att den v\u00e4ntar p\u00e5 dig cirka 30 minuter uppe och tryggt k\u00f6r dig ner till centrum igen.<\/p>\n\n\n\n<figure data-wp-context=\"{&quot;imageId&quot;:&quot;6a9c4c755ed94&quot;}\" data-wp-interactive=\"core\/image\" data-wp-key=\"6a9c4c755ed94\" class=\"wp-block-image size-full wp-lightbox-container\"><img decoding=\"async\" width=\"1600\" height=\"1200\" data-wp-class--hide=\"state.isContentHidden\" data-wp-class--show=\"state.isContentVisible\" data-wp-init=\"callbacks.setButtonStyles\" data-wp-on--click=\"actions.showLightbox\" data-wp-on--load=\"callbacks.setButtonStyles\" data-wp-on--pointerdown=\"actions.preloadImage\" data-wp-on--pointerenter=\"actions.preloadImageWithDelay\" data-wp-on--pointerleave=\"actions.cancelPreload\" data-wp-on-window--resize=\"callbacks.setButtonStyles\" src=\"https:\/\/loudavymkrokem.cz\/wp-content\/uploads\/2026\/09\/st-e-n-bary.jpg\" alt=\"Takbarer och lyxig utsikt\" class=\"wp-image-415721\" title=\"\" srcset=\"https:\/\/loudavymkrokem.cz\/wp-content\/uploads\/2026\/09\/st-e-n-bary.jpg 1600w, https:\/\/loudavymkrokem.cz\/wp-content\/uploads\/2026\/09\/st-e-n-bary-300x225.jpg 300w, https:\/\/loudavymkrokem.cz\/wp-content\/uploads\/2026\/09\/st-e-n-bary-700x525.jpg 700w, https:\/\/loudavymkrokem.cz\/wp-content\/uploads\/2026\/09\/st-e-n-bary-768x576.jpg 768w, https:\/\/loudavymkrokem.cz\/wp-content\/uploads\/2026\/09\/st-e-n-bary-1536x1152.jpg 1536w, https:\/\/loudavymkrokem.cz\/wp-content\/uploads\/2026\/09\/st-e-n-bary-80x60.jpg 80w, https:\/\/loudavymkrokem.cz\/wp-content\/uploads\/2026\/09\/st-e-n-bary-160x120.jpg 160w, https:\/\/loudavymkrokem.cz\/wp-content\/uploads\/2026\/09\/st-e-n-bary-696x522.jpg 696w, https:\/\/loudavymkrokem.cz\/wp-content\/uploads\/2026\/09\/st-e-n-bary-1392x1044.jpg 1392w\" sizes=\"(max-width: 1600px) 100vw, 1600px\" \/><button\n\t\t\tclass=\"lightbox-trigger\"\n\t\t\ttype=\"button\"\n\t\t\taria-haspopup=\"dialog\"\n\t\t\tdata-wp-bind--aria-label=\"state.thisImage.triggerButtonAriaLabel\"\n\t\t\tdata-wp-init=\"callbacks.initTriggerButton\"\n\t\t\tdata-wp-on--click=\"actions.showLightbox\"\n\t\t\tdata-wp-style--right=\"state.thisImage.buttonRight\"\n\t\t\tdata-wp-style--top=\"state.thisImage.buttonTop\"\n\t\t>\n\t\t\t<svg xmlns=\"http:\/\/www.w3.org\/2000\/svg\" width=\"12\" height=\"12\" fill=\"none\" viewBox=\"0 0 12 12\">\n\t\t\t\t<path fill=\"#fff\" d=\"M2 0a2 2 0 0 0-2 2v2h1.5V2a.5.5 0 0 1 .5-.5h2V0H2Zm2 10.5H2a.5.5 0 0 1-.5-.5V8H0v2a2 2 0 0 0 2 2h2v-1.5ZM8 12v-1.5h2a.5.5 0 0 0 .5-.5V8H12v2a2 2 0 0 1-2 2H8Zm2-12a2 2 0 0 1 2 2v2h-1.5V2a.5.5 0 0 0-.5-.5H8V0h2Z\" \/>\n\t\t\t<\/svg>\n\t\t<\/button><figcaption class=\"wp-element-caption\">Foto: Mario Ruiz De Somocurcio \/ Google Maps<\/figcaption><\/figure>\n\n\n\n<!-- LKM_GYG_CARD start q=\"cartagena\" lang=\"sv\" rendered=\"2026-09-05T15:10:13+00:00\" v=\"1\" -->\n<style id=\"lk-gyg-styles\">\n@import url(\"https:\/\/fonts.googleapis.com\/css2?family=Playfair+Display:wght@700&family=DM+Sans:wght@300;400;500;600&display=swap\");\n\/* === LK GYG karty \u2014 CRO redesign 2026-05 (namespace .lkx-) ===\n   C\u00edl: vy\u0161\u0161\u00ed CTR (hero + v\u00fdrazn\u00fd social proof + ak\u010dn\u00ed CTA, m\u00e9n\u011b \"reklamn\u00ed\").\n   Injektuje se inline do prvn\u00edho markeru postu (refresh_cards.py --inline-css). *\/\n.lkx-module, .lkx-module *{box-sizing:border-box;margin:0;padding:0}\n.lkx-module{\n  font-family:'DM Sans',-apple-system,Segoe UI,Roboto,Georgia,sans-serif;\n  max-width:860px;margin:2.5rem auto;color:#1f2328;\n}\n\n\/* HEADER \u2014 lehk\u00fd editorsk\u00fd, \u017e\u00e1dn\u00fd bannerov\u00fd blok; nadpis + popisek pod n\u00edm *\/\n.lkx-head{margin-bottom:16px}\n.lkx-head-main{display:flex;align-items:center;gap:10px}\n.lkx-head-accent{width:26px;height:3px;border-radius:2px;background:#c39f76;flex-shrink:0}\n.lkx-head-title{font-family:'Playfair Display',Georgia,serif;font-size:21px;font-weight:700;color:#1a1a1a;line-height:1.25}\n.lkx-head-meta{display:block;font-size:11px;letter-spacing:.3px;color:#9aa0a6;margin-top:4px;margin-left:36px}\n\n\/* HERO *\/\n.lkx-hero{display:grid;grid-template-columns:300px 1fr;background:#fff;border:1px solid #ece7df;border-radius:14px;overflow:hidden;text-decoration:none!important;color:inherit;box-shadow:0 6px 20px rgba(0,0,0,.06);transition:box-shadow .2s,transform .2s;margin-bottom:14px}\n.lkx-hero:hover{box-shadow:0 12px 30px rgba(0,0,0,.12);transform:translateY(-2px)}\n.lkx-hero-img{position:relative;min-height:230px;background-size:cover;background-position:center;background-color:#eee}\n.lkx-hero-body{padding:22px 24px;display:flex;flex-direction:column}\n.lkx-pick{position:absolute;top:12px;left:12px;background:#1a1a1a;color:#fff;font-size:11px;font-weight:700;letter-spacing:.5px;padding:5px 11px;border-radius:20px}\n\n\/* TITLE *\/\n.lkx-title{font-size:19px;font-weight:700;color:#161616;line-height:1.3}\n.lkx-title-sm{font-size:14.5px;line-height:1.35;display:-webkit-box;-webkit-line-clamp:2;-webkit-box-orient:vertical;overflow:hidden}\n\n\/* SOCIAL PROOF \u2014 v\u00fdrazn\u011b, naho\u0159e *\/\n.lkx-proof{display:flex;align-items:center;gap:7px;margin-top:12px;font-size:15px;color:#3a3a3a}\n.lkx-proof b{font-size:16px;color:#161616}\n.lkx-stars{color:#f5a623;letter-spacing:1px}\n.lkx-proof-sm{font-size:12.5px;margin-top:8px;gap:5px}\n.lkx-proof-sm b{font-size:13px}\n.lkx-proof-new{color:#3685fc;font-weight:600}\n\n\/* PRICE \u2014 n\u00edzk\u00e1 kotva *\/\n.lkx-price{font-size:14px;color:#6b7280}\n.lkx-price b{font-size:20px;color:#161616;font-weight:700}\n.lkx-price-sm b{font-size:15px}\n\n\/* CTA \u2014 tepl\u00e9 ak\u010dn\u00ed tla\u010d\u00edtko *\/\n.lkx-cta{display:inline-flex;align-items:center;justify-content:center;text-decoration:none!important;font-weight:700;color:#fff!important;background:linear-gradient(135deg,#f6743f,#e8552a);border-radius:10px;box-shadow:0 6px 16px rgba(232,85,42,.32);transition:box-shadow .2s}\n.lkx-cta-hero{font-size:15px;padding:13px 22px}\n.lkx-hero:hover .lkx-cta-hero{box-shadow:0 8px 22px rgba(232,85,42,.45)}\n.lkx-cta-sm{font-size:12.5px;padding:9px 14px;width:100%;margin-top:2px}\n.lkx-hero-bottom{margin-top:auto;padding-top:18px;display:flex;align-items:center;justify-content:space-between;gap:14px;flex-wrap:wrap}\n\n\/* BADGE \u2014 jeden v\u00fdrazn\u00fd na fotce *\/\n.lkx-badge{position:absolute;top:12px;right:12px;font-size:10.5px;font-weight:700;letter-spacing:.3px;padding:5px 10px;border-radius:16px;color:#fff}\n.lkx-badge.badge-urgency{background:rgba(214,40,40,.92)}\n.lkx-badge.badge-new{background:rgba(54,133,252,.92)}\n.lkx-badge.badge-top{background:rgba(195,159,118,.95)}\n.lkx-badge.badge-info{background:rgba(40,40,40,.78)}\n\n\/* SECONDARY GRID *\/\n.lkx-grid{display:grid;grid-template-columns:1fr 1fr;gap:14px}\n.lkx-card{background:#fff;border:1px solid #ece7df;border-radius:14px;overflow:hidden;text-decoration:none!important;color:inherit;box-shadow:0 4px 14px rgba(0,0,0,.05);display:flex;flex-direction:column;transition:box-shadow .2s,transform .2s}\n.lkx-card:hover{box-shadow:0 10px 24px rgba(0,0,0,.1);transform:translateY(-2px)}\n.lkx-card-img{position:relative;aspect-ratio:16\/10;background-size:cover;background-position:center;background-color:#eee}\n.lkx-card-body{padding:14px 16px 16px;display:flex;flex-direction:column;gap:7px;flex:1}\n.lkx-card-bottom{margin-top:auto;padding-top:10px;display:flex;align-items:center;justify-content:space-between;gap:8px}\n\n\/* DISCLOSURE \u2014 drobn\u00e1, kv\u016fli d\u016fv\u011b\u0159e\/z\u00e1konu *\/\n.lkx-disclosure{font-size:11px;color:#a7adb3;text-align:center;margin-top:14px;line-height:1.6}\n.lkx-disclosure a{color:#c39f76;text-decoration:none}\n\n@media(max-width:680px){\n  .lkx-hero{grid-template-columns:1fr}\n  .lkx-hero-img{min-height:180px}\n  .lkx-grid{grid-template-columns:1fr}\n  .lkx-head-meta{margin-left:0;width:100%}\n  .lkx-head-title{font-size:19px}\n}\n\n<\/style>\n<div class=\"lkx-module\" data-query=\"cartagena\">\n  <div class=\"lkx-head\">\n    <div class=\"lkx-head-main\">\n      <span class=\"lkx-head-accent\"><\/span>\n      <span class=\"lkx-head-title\">Upplevelser &amp; biljetter<\/span>\n    <\/div>\n    <span class=\"lkx-head-meta\">betygsatt av resen\u00e4rer \u00b7 GetYourGuide<\/span>\n  <\/div><a class=\"lkx-hero\" href=\"https:\/\/www.getyourguide.com\/sv-se\/bolivar-l578\/cartagena-5-masten-pa-rosario-oarna-med-lunch-t497946\/?partner_id=MKZ64IS&amp;utm_medium=online_publisher&amp;cmp=cartagena-colombia-tips\" target=\"_blank\" rel=\"sponsored noopener nofollow\">\n    <div class=\"lkx-hero-img\" style=\"background-image:url('https:\/\/cdn.getyourguide.com\/img\/tour\/3e7855e2de9521c901e39203ad7bd9296c10ec69ae845752a4bbca37f24bdcee.png\/132.jpg')\" role=\"img\" aria-label=\"Cartagena: Rundtur med 5 stopp i Rosario\u00f6arna, lunch och strandklubbar\">\n      <span class=\"lkx-pick\">\u2605 V\u00e5rt val<\/span><\/div>\n    <div class=\"lkx-hero-body\">\n      <div class=\"lkx-title\">Cartagena: Rundtur med 5 stopp i Rosario\u00f6arna, lunch och strandklubbar<\/div>\n      <div class=\"lkx-proof\">\n      <span class=\"lkx-stars\">\u2605\u2605\u2605\u2605\u2605<\/span>\n      <b>4.6<\/b> \u00b7 6 212 omd\u00f6men\n    <\/div>\n      <div class=\"lkx-hero-bottom\"><div class=\"lkx-price\">fr\u00e5n <b>63\u00a0EUR<\/b><\/div><span class=\"lkx-cta lkx-cta-hero\">Det h\u00e4r vill jag uppleva \u2192<\/span>\n      <\/div>\n    <\/div>\n  <\/a><div class=\"lkx-disclosure\">\ud83d\udd17 Affiliate-l\u00e4nkar \u2014 p\u00e5verkar inte ditt pris och hj\u00e4lper oss att skapa inneh\u00e5ll. \u00b7 <a href=\"https:\/\/www.getyourguide.com\/sv-se\/s\/?q=cartagena&amp;partner_id=MKZ64IS&amp;utm_medium=online_publisher\" target=\"_blank\" rel=\"sponsored noopener nofollow\">Alla upplevelser \u2192<\/a><\/div>\n<\/div>\n<!-- LKM_GYG_CARD end -->\n\n\n\n\n<div class=\"lk-stays-module\">\n<style>\n\/* \u2500\u2500\u2500 RESET PRO GUTENBERG \u2500\u2500\u2500 *\/\n.lk-stays-module * { box-sizing: border-box; margin: 0; padding: 0; }\n\n\/* \u2500\u2500\u2500 WRAPPER \u2500\u2500\u2500 *\/\n.lk-stays-module {\n  font-family: 'DM Sans', Georgia, sans-serif;\n  max-width: 100%;\n  margin: 2.5rem auto;\n  background: linear-gradient(135deg, #fdfaf5 0%, #fcf8f0 100%);\n  border: 1px solid #e8dfd4;\n  border-radius: 16px;\n  overflow: hidden;\n  box-shadow: 0 16px 48px rgba(195, 159, 118, 0.25), 0 4px 12px rgba(0,0,0,0.08);\n}\n\n\/* \u2500\u2500\u2500 HEADER \u2500\u2500\u2500 *\/\n.lk-stays-header {\n  position: relative;\n  padding: 24px 36px 24px;\n  background: linear-gradient(135deg, #c39f76 0%, #d4b188 60%, #c39f76 100%);\n  border-bottom: 1px solid rgba(255,255,255,.15);\n  display: flex;\n  align-items: center;\n  gap: 18px;\n}\n.lk-stays-header::before {\n  content: '';\n  position: absolute;\n  inset: 0;\n  background: url(\"data:image\/svg+xml,%3Csvg width='60' height='60' viewBox='0 0 60 60' xmlns='http:\/\/www.w3.org\/2000\/svg'%3E%3Cg fill='none' fill-rule='evenodd'%3E%3Cg fill='%23ffffff' fill-opacity='0.05'%3E%3Cpath d='M36 34v-4h-2v4h-4v2h4v4h2v-4h4v-2h-4zm0-30V0h-2v4h-4v2h4v4h2V6h4V4h-4zM6 34v-4H4v4H0v2h4v4h2v-4h4v-2H6zM6 4V0H4v4H0v2h4v4h2V6h4V4H6z'\/%3E%3C\/g%3E%3C\/g%3E%3C\/svg%3E\") repeat;\n  pointer-events: none;\n}\n.lk-stays-icon {\n  flex-shrink: 0;\n  width: 68px;\n  height: 68px;\n  border-radius: 14px;\n  background: linear-gradient(135deg, #fff 0%, #f9f6f0 100%);\n  display: flex;\n  align-items: center;\n  justify-content: center;\n  font-size: 26px;\n  box-shadow: 0 4px 12px rgba(0,0,0,0.15);\n}\n.lk-stays-eyebrow {\n  font-size: 10px;\n  font-weight: 500;\n  letter-spacing: 2.5px;\n  text-transform: uppercase;\n  color: rgba(255,255,255,.85);\n  margin: 0 0 5px 0;\n}\n.lk-stays-title {\n  font-family: 'Playfair Display', Georgia, serif;\n  font-size: 24px;\n  font-weight: 700;\n  color: #fff;\n  line-height: 1.2;\n  text-shadow: 0 1px 2px rgba(0,0,0,0.1);\n  margin: 0;\n}\n.lk-stays-subtitle {\n  font-size: 13px;\n  color: rgba(255,255,255,.75);\n  margin: 4px 0 0 0;\n  font-weight: 300;\n}\n\n\/* \u2500\u2500\u2500 CARDS GRID \u2500\u2500\u2500 *\/\n.lk-stays-grid {\n  display: grid;\n  grid-template-columns: 1fr 1fr;\n  gap: 1px;\n  background: rgba(195, 159, 118, 0.12);\n}\n\n\/* \u2500\u2500\u2500 SINGLE CARD \u2500\u2500\u2500 *\/\n.lk-stay-card {\n  background: #ffffff;\n  padding: 26px;\n  display: flex;\n  flex-direction: column;\n  gap: 11px;\n  transition: all 0.3s ease;\n  text-decoration: none;\n  color: inherit;\n  position: relative;\n}\n.lk-stay-card:hover {\n  background: #fffbf5;\n  transform: translateY(-2px);\n  box-shadow: 0 8px 24px rgba(195, 159, 118, 0.18);\n  z-index: 1;\n}\n.lk-stay-card.featured {\n  background: linear-gradient(135deg, #fffdf9 0%, #fff9f0 100%);\n  box-shadow: 0 4px 16px rgba(195, 159, 118, 0.15), inset 0 1px 0 rgba(195, 159, 118, 0.1);\n}\n.lk-stay-card.featured:hover {\n  background: linear-gradient(135deg, #fffbf5 0%, #fff8ed 100%);\n  box-shadow: 0 8px 24px rgba(195, 159, 118, 0.25), inset 0 1px 0 rgba(195, 159, 118, 0.15);\n}\n\n.lk-stay-badge {\n  display: inline-flex;\n  align-items: center;\n  gap: 5px;\n  font-size: 10px;\n  font-weight: 500;\n  letter-spacing: 1.5px;\n  text-transform: uppercase;\n  padding: 5px 11px;\n  border-radius: 20px;\n  width: fit-content;\n}\n.badge-top     { background: linear-gradient(135deg, #c39f76 0%, #d4b188 100%); color: #fff; border: 1px solid #c39f76; font-weight: 600; box-shadow: 0 2px 8px rgba(195,159,118,0.3); }\n.badge-luxury  { background: rgba(195,159,118,.12); color: #c39f76; border: 1px solid rgba(195,159,118,.25); }\n.badge-boutique{ background: rgba(54,133,252,.08); color: #3685fc; border: 1px solid rgba(54,133,252,.2); }\n.badge-nature  { background: rgba(130,190,100,.1); color: #6b9c4a; border: 1px solid rgba(130,190,100,.2); }\n.badge-remote  { background: rgba(195,159,118,.12); color: #a67e50; border: 1px solid rgba(195,159,118,.25); }\n\n.lk-stay-name {\n  font-family: 'Playfair Display', Georgia, serif;\n  font-size: 18px;\n  font-weight: 700;\n  color: #111827;\n  line-height: 1.3;\n}\n.lk-stay-desc {\n  font-size: 13.5px;\n  color: #525252;\n  line-height: 1.65;\n  font-weight: 300;\n  flex: 1;\n}\n\n.lk-stay-meta {\n  display: flex;\n  align-items: center;\n  gap: 12px;\n  flex-wrap: wrap;\n  margin-top: 4px;\n}\n.lk-stay-price {\n  font-size: 13px;\n  color: #6b7280;\n}\n.lk-stay-price strong {\n  color: #c39f76;\n  font-weight: 500;\n}\n.lk-stay-stars {\n  color: #c39f76;\n  font-size: 11px;\n  letter-spacing: 1px;\n}\n\n\/* \u2500\u2500\u2500 CTA BUTTON \u2500\u2500\u2500 *\/\n.lk-stay-cta {\n  display: inline-flex;\n  align-items: center;\n  justify-content: center;\n  gap: 7px;\n  margin-top: 8px;\n  padding: 11px 20px;\n  border-radius: 8px;\n  background: linear-gradient(135deg, #3685fc 0%, #2a6fd9 100%);\n  color: #fff;\n  font-size: 13px;\n  font-weight: 500;\n  text-decoration: none;\n  letter-spacing: .3px;\n  transition: all .2s ease;\n  cursor: pointer;\n  border: none;\n  text-align: center;\n  box-shadow: 0 4px 12px rgba(54, 133, 252, 0.25);\n}\n.lk-stay-cta:hover {\n  background: linear-gradient(135deg, #2a6fd9 0%, #1e5bc4 100%);\n  transform: translateY(-1px);\n  box-shadow: 0 6px 16px rgba(54, 133, 252, 0.35);\n}\n.lk-stay-cta svg { flex-shrink: 0; }\n\n\/* \u2500\u2500\u2500 FOOTER \u2500\u2500\u2500 *\/\n.lk-stays-footer {\n  padding: 18px 36px;\n  background: linear-gradient(to bottom, #fdfaf5 0%, #f9f4ed 100%);\n  border-top: 1px solid rgba(195, 159, 118, 0.15);\n  display: flex;\n  align-items: center;\n  justify-content: space-between;\n  flex-wrap: wrap;\n  gap: 12px;\n}\n.lk-stays-footer-note {\n  font-size: 11.5px;\n  color: #6b7280;\n  font-weight: 300;\n  line-height: 1.5;\n}\n.lk-stays-footer-note a {\n  color: #c39f76;\n  text-decoration: none;\n  font-weight: 400;\n}\n.lk-stays-footer-note a:hover {\n  text-decoration: underline;\n}\n.lk-stays-all-btn {\n  display: inline-flex;\n  align-items: center;\n  gap: 6px;\n  font-size: 12.5px;\n  font-weight: 500;\n  color: #c39f76;\n  text-decoration: none;\n  border: 1px solid rgba(195, 159, 118, 0.35);\n  padding: 8px 18px;\n  border-radius: 8px;\n  transition: all .2s ease;\n}\n.lk-stays-all-btn:hover {\n  background: rgba(195, 159, 118, 0.08);\n  border-color: rgba(195, 159, 118, 0.5);\n}\n\n\/* \u2500\u2500\u2500 RESPONSIVE \u2500\u2500\u2500 *\/\n@media (max-width: 600px) {\n  .lk-stays-grid { grid-template-columns: 1fr; }\n  .lk-stays-header { padding: 24px 20px; }\n  .lk-stays-footer { padding: 16px 20px; }\n  .lk-stay-card { padding: 22px; }\n  .lk-stays-title { font-size: 20px; }\n}\n<\/style>\n\n  <!-- HEADER -->\n  <div class=\"lk-stays-header\">\n    <img decoding=\"async\" src=\"https:\/\/loudavymkrokem.cz\/wp-content\/uploads\/2026\/02\/lukas-a-lucka.jpg\" alt=\"\" style=\"width: 75px; height: 75px; border-radius: 8px; flex-shrink: 0; object-fit: cover; display: block; margin: 4px 0;\" title=\"\">\n    <div class=\"lk-stays-header-text\">\n      <div class=\"lk-stays-eyebrow\">Luk\u00e1\u0161 och Lucie rekommenderar<\/div>\n      <div class=\"lk-stays-title\">Var man kan bo i Cartagena<\/div>\n      <div class=\"lk-stays-subtitle\">4 boenden \u2014 wellnesshotell, hotell och andra boendem\u00f6jligheter<\/div>\n    <\/div>\n  <\/div>\n\n  <!-- CARDS -->\n  <div class=\"lk-stays-grid\">\n\n    <a class=\"lk-stay-card featured\" href=\"https:\/\/www.stay22.com\/allez\/roam?aid=lukaskonecny&#038;campaign=loudavymkrokemcz&#038;campaign=sv&#038;campaign=covidetvcartagene&#038;address=Cartagena&#038;hotelname=Hotel+Casa+San+Agustin&#038;search=Hotel+Casa+San+Agustin&#038;category=accommodation\" target=\"_blank\" rel=\"nofollow noopener\">\n      <span class=\"lk-stay-badge badge-top\">\u2b50 TOPPVAL<\/span>\n      <span class=\"lk-stay-badge badge-nature\">\u2b50 Luxury<\/span>\n      <div class=\"lk-stay-name\">Hotel Casa San Agustin<\/div>\n      <div class=\"lk-stay-desc\">Lyxigt boutiquehotell i hj\u00e4rtat av gamla stan med en lugn innerg\u00e5rd och pool integrerad i de gamla murarna.<\/div>\n      <div class=\"lk-stay-meta\">\n        <span class=\"lk-stay-stars\">\u2605\u2605\u2605\u2605<\/span>\n        <span class=\"lk-stay-price\">Kontrollera priser<\/span>\n      <\/div>\n      <span class=\"lk-stay-cta\">\n        <svg width=\"14\" height=\"14\" viewBox=\"0 0 24 24\" fill=\"none\" stroke=\"currentColor\" stroke-width=\"2\"><path d=\"M18 13v6a2 2 0 0 1-2 2H5a2 2 0 0 1-2-2V8a2 2 0 0 1 2-2h6\"\/><polyline points=\"15 3 21 3 21 9\"\/><line x1=\"10\" y1=\"14\" x2=\"21\" y2=\"3\"\/><\/svg>\n        Kontrollera tillg\u00e4nglighet\n      <\/span>\n    <\/a>\n\n    <a class=\"lk-stay-card\" href=\"https:\/\/www.stay22.com\/allez\/roam?aid=lukaskonecny&#038;campaign=loudavymkrokemcz&#038;campaign=sv&#038;campaign=covidetvcartagene&#038;address=Cartagena&#038;hotelname=GHL+San+Lazaro+Art+Hotel&#038;search=GHL+San+Lazaro+Art+Hotel&#038;category=accommodation\" target=\"_blank\" rel=\"nofollow noopener\">\n      <span class=\"lk-stay-badge badge-nature\">\ud83c\udfe8 Hotell<\/span>\n      <div class=\"lk-stay-name\">GHL San Lazaro Art Hotel<\/div>\n      <div class=\"lk-stay-desc\">Modernt hotell med hisnande panoramautsikt direkt mot f\u00e4stningen San Felipe.<\/div>\n      <div class=\"lk-stay-meta\">\n        <span class=\"lk-stay-stars\">\u2605\u2605\u2605\u2605<\/span>\n        <span class=\"lk-stay-price\">Kontrollera priser<\/span>\n      <\/div>\n      <span class=\"lk-stay-cta\">\n        <svg width=\"14\" height=\"14\" viewBox=\"0 0 24 24\" fill=\"none\" stroke=\"currentColor\" stroke-width=\"2\"><path d=\"M18 13v6a2 2 0 0 1-2 2H5a2 2 0 0 1-2-2V8a2 2 0 0 1 2-2h6\"\/><polyline points=\"15 3 21 3 21 9\"\/><line x1=\"10\" y1=\"14\" x2=\"21\" y2=\"3\"\/><\/svg>\n        Kontrollera tillg\u00e4nglighet\n      <\/span>\n    <\/a>\n\n    <a class=\"lk-stay-card\" href=\"https:\/\/www.stay22.com\/allez\/roam?aid=lukaskonecny&#038;campaign=loudavymkrokemcz&#038;campaign=sv&#038;campaign=covidetvcartagene&#038;address=Cartagena&#038;hotelname=Sofitel+Legend+Santa+Clara&#038;search=Sofitel+Legend+Santa+Clara&#038;category=accommodation\" target=\"_blank\" rel=\"nofollow noopener\">\n      <span class=\"lk-stay-badge badge-nature\">\u2b50 Luxury<\/span>\n      <div class=\"lk-stay-name\">Sofitel Legend Santa Clara<\/div>\n      <div class=\"lk-stay-desc\">En absolut legend i ett noggrant restaurerat f\u00f6re detta kloster med f\u00f6rstklassig service och kolonial stil.<\/div>\n      <div class=\"lk-stay-meta\">\n        <span class=\"lk-stay-stars\">\u2605\u2605\u2605\u2605<\/span>\n        <span class=\"lk-stay-price\">Kontrollera priser<\/span>\n      <\/div>\n      <span class=\"lk-stay-cta\">\n        <svg width=\"14\" height=\"14\" viewBox=\"0 0 24 24\" fill=\"none\" stroke=\"currentColor\" stroke-width=\"2\"><path d=\"M18 13v6a2 2 0 0 1-2 2H5a2 2 0 0 1-2-2V8a2 2 0 0 1 2-2h6\"\/><polyline points=\"15 3 21 3 21 9\"\/><line x1=\"10\" y1=\"14\" x2=\"21\" y2=\"3\"\/><\/svg>\n        Kontrollera tillg\u00e4nglighet\n      <\/span>\n    <\/a>\n\n    <a class=\"lk-stay-card\" href=\"https:\/\/www.stay22.com\/allez\/roam?aid=lukaskonecny&#038;campaign=loudavymkrokemcz&#038;campaign=sv&#038;campaign=covidetvcartagene&#038;address=cartagena\" target=\"_blank\" rel=\"nofollow noopener\">\n      <span class=\"lk-stay-badge badge-nature\">\ud83d\udd0d S\u00f6k<\/span>\n      <div class=\"lk-stay-name\">Visa alla boenden i Cartagena<\/div>\n      <div class=\"lk-stay-desc\">Utforska alla tillg\u00e4ngliga boendem\u00f6jligheter i Cartagena och hitta det b\u00e4sta enligt dina preferenser och budget.<\/div>\n      <div class=\"lk-stay-meta\">\n        <span class=\"lk-stay-stars\">\u2605\u2605\u2605\u2605<\/span>\n        <span class=\"lk-stay-price\">J\u00e4mf\u00f6r priser<\/span>\n      <\/div>\n      <span class=\"lk-stay-cta\">\n        <svg width=\"14\" height=\"14\" viewBox=\"0 0 24 24\" fill=\"none\" stroke=\"currentColor\" stroke-width=\"2\"><path d=\"M18 13v6a2 2 0 0 1-2 2H5a2 2 0 0 1-2-2V8a2 2 0 0 1 2-2h6\"\/><polyline points=\"15 3 21 3 21 9\"\/><line x1=\"10\" y1=\"14\" x2=\"21\" y2=\"3\"\/><\/svg>\n        Kontrollera tillg\u00e4nglighet\n      <\/span>\n    <\/a>\n\n  <\/div>\n\n  \n<\/div>\n\n\n\n\n<h3 class=\"wp-block-heading\"><span class=\"ez-toc-section\" id=\"13_Takbarer_och_lyxig_utsikt\"><\/span>13. Takbarer och lyxig utsikt<span class=\"ez-toc-section-end\"><\/span><\/h3>\n\n\n\n<p class=\"wp-block-paragraph\">Cartagena \u00e4r v\u00e4rldsber\u00f6mt f\u00f6r sin utvecklade takbarskultur, d\u00e4r utsikten \u00f6ver den upplysta nattstaden \u00e4r helt hisnande. <strong>Den absolut h\u00f6gst betygsatta utsiktsplatsen innanf\u00f6r de gamla murarna \u00e4r Mirador Gastro Bar (utm\u00e4rkt betyg 4,6)<\/strong>, d\u00e4r du kan njuta av uts\u00f6kta signaturdrinkar med direkt och ost\u00f6rd utsikt mot klocktornet Torre del Reloj och det aldrig avstannande vimlet p\u00e5 torget precis under dig.<\/p>\n\n\n\n<p class=\"wp-block-paragraph\">F\u00f6redrar du snarare den mer avslappnade och bohemiska st\u00e4mningen i stadsdelen Getseman\u00ed, <strong>ta d\u00e5 absolut dig till Baroca Sabor Ancestral (betyg 4,8) eller till stilrena Casa Pura Rooftop (betyg 4,6)<\/strong>. H\u00e4r blandas heta karibiska rytmer helt naturligt med modern mixologi, och kv\u00e4llarnas solnedg\u00e5ngar \u00e4r fullkomligt of\u00f6rgl\u00f6mliga.<\/p>\n\n\n\n<p class=\"wp-block-paragraph\">F\u00f6r riktiga \u00e4lskare av extrema h\u00f6jder finns sedan <strong>exklusiva 51 Sky Bar i den moderna stadsdelen Bocagrande (betyg 4,2), som utan tvekan \u00e4r stadens h\u00f6gsta bar<\/strong>. Utsikten fr\u00e5n 51:a v\u00e5ningen \u00f6ver den lysande gamla stan och den m\u00f6rka, o\u00e4ndliga oceanen \u00e4r overklig, men r\u00e4kna med att drinkpriserna h\u00e4r helt motsvarar lyxen och exklusiviteten i det h\u00e4r l\u00e4get.<\/p>\n\n\n\n<figure data-wp-context=\"{&quot;imageId&quot;:&quot;6a9c4c755fa0b&quot;}\" data-wp-interactive=\"core\/image\" data-wp-key=\"6a9c4c755fa0b\" class=\"wp-block-image size-full wp-lightbox-container\"><img decoding=\"async\" width=\"1600\" height=\"1200\" data-wp-class--hide=\"state.isContentHidden\" data-wp-class--show=\"state.isContentVisible\" data-wp-init=\"callbacks.setButtonStyles\" data-wp-on--click=\"actions.showLightbox\" data-wp-on--load=\"callbacks.setButtonStyles\" data-wp-on--pointerdown=\"actions.preloadImage\" data-wp-on--pointerenter=\"actions.preloadImageWithDelay\" data-wp-on--pointerleave=\"actions.cancelPreload\" data-wp-on-window--resize=\"callbacks.setButtonStyles\" src=\"https:\/\/loudavymkrokem.cz\/wp-content\/uploads\/2026\/09\/insert-415557-14.jpg\" alt=\"Solnedg\u00e5ng p\u00e5 murarna vid Caf\u00e9 del Mar\" class=\"wp-image-415915\" title=\"\" srcset=\"https:\/\/loudavymkrokem.cz\/wp-content\/uploads\/2026\/09\/insert-415557-14.jpg 1600w, https:\/\/loudavymkrokem.cz\/wp-content\/uploads\/2026\/09\/insert-415557-14-300x225.jpg 300w, https:\/\/loudavymkrokem.cz\/wp-content\/uploads\/2026\/09\/insert-415557-14-700x525.jpg 700w, https:\/\/loudavymkrokem.cz\/wp-content\/uploads\/2026\/09\/insert-415557-14-768x576.jpg 768w, https:\/\/loudavymkrokem.cz\/wp-content\/uploads\/2026\/09\/insert-415557-14-1536x1152.jpg 1536w, https:\/\/loudavymkrokem.cz\/wp-content\/uploads\/2026\/09\/insert-415557-14-80x60.jpg 80w, https:\/\/loudavymkrokem.cz\/wp-content\/uploads\/2026\/09\/insert-415557-14-160x120.jpg 160w, https:\/\/loudavymkrokem.cz\/wp-content\/uploads\/2026\/09\/insert-415557-14-696x522.jpg 696w, https:\/\/loudavymkrokem.cz\/wp-content\/uploads\/2026\/09\/insert-415557-14-1392x1044.jpg 1392w\" sizes=\"(max-width: 1600px) 100vw, 1600px\" \/><button\n\t\t\tclass=\"lightbox-trigger\"\n\t\t\ttype=\"button\"\n\t\t\taria-haspopup=\"dialog\"\n\t\t\tdata-wp-bind--aria-label=\"state.thisImage.triggerButtonAriaLabel\"\n\t\t\tdata-wp-init=\"callbacks.initTriggerButton\"\n\t\t\tdata-wp-on--click=\"actions.showLightbox\"\n\t\t\tdata-wp-style--right=\"state.thisImage.buttonRight\"\n\t\t\tdata-wp-style--top=\"state.thisImage.buttonTop\"\n\t\t>\n\t\t\t<svg xmlns=\"http:\/\/www.w3.org\/2000\/svg\" width=\"12\" height=\"12\" fill=\"none\" viewBox=\"0 0 12 12\">\n\t\t\t\t<path fill=\"#fff\" d=\"M2 0a2 2 0 0 0-2 2v2h1.5V2a.5.5 0 0 1 .5-.5h2V0H2Zm2 10.5H2a.5.5 0 0 1-.5-.5V8H0v2a2 2 0 0 0 2 2h2v-1.5ZM8 12v-1.5h2a.5.5 0 0 0 .5-.5V8H12v2a2 2 0 0 1-2 2H8Zm2-12a2 2 0 0 1 2 2v2h-1.5V2a.5.5 0 0 0-.5-.5H8V0h2Z\" \/>\n\t\t\t<\/svg>\n\t\t<\/button><figcaption class=\"wp-element-caption\">Foto: Teresa Alice Rossell Malinsky \/ Google Maps<\/figcaption><\/figure>\n\n\n\n<h3 class=\"wp-block-heading\"><span class=\"ez-toc-section\" id=\"14_Solnedgang_pa_murarna_Cafe_del_Mar\"><\/span>14. Solnedg\u00e5ng p\u00e5 murarna (Caf\u00e9 del Mar)<span class=\"ez-toc-section-end\"><\/span><\/h3>\n\n\n\n<p class=\"wp-block-paragraph\">Det finns nog ingen mer k\u00e4nd och ikonisk ritual i hela Cartagena \u00e4n att <strong>se solnedg\u00e5ngen p\u00e5 kv\u00e4llen direkt fr\u00e5n de massiva historiska murarna<\/strong>. Den traditionella medelpunkten f\u00f6r detta dagliga sk\u00e5despel \u00e4r den ber\u00f6mda etablissemanget Caf\u00e9 del Mar, som ockuperar en enorm och strategisk udde av bef\u00e4stningen med den absolut b\u00e4sta utsikten mot den vidstr\u00e4ckta oceanen och den nedg\u00e5ende solskivan.<\/p>\n\n\n\n<p class=\"wp-block-paragraph\">Man m\u00e5ste dock s\u00e4ga sanningen rakt ut \u2014 <strong>drinkarna och maten \u00e4r kraftigt \u00f6verprissatta p\u00e5 det h\u00e4r st\u00e4llet<\/strong> och ofta st\u00e5r man redan en timme f\u00f6re solnedg\u00e5ngen i riktigt l\u00e5nga k\u00f6er till ett ledigt bord. Men sj\u00e4lva utsikten \u00e4r som tur \u00e4r inte \u00f6verprissatt, och den kan alla njuta av. \ud83d\udca1 <strong>Tips:<\/strong> Du beh\u00f6ver n\u00e4mligen inte alls betala f\u00f6r ett dyrt bord i restaurangen. Det r\u00e4cker att bekv\u00e4mt s\u00e4tta sig p\u00e5 den breda stenkanten p\u00e5 murarna precis bredvid kaf\u00e9et, <strong>k\u00f6pa en iskyld \u00f6l av en gatuf\u00f6rs\u00e4ljare f\u00f6r en br\u00e5kdel av priset<\/strong> och njuta av en helt identisk, om inte b\u00e4ttre och mer autentisk, upplevelse tillsammans med lokalbefolkningen.<\/p>\n\n\n\n<p class=\"wp-block-paragraph\">Oavsett om du v\u00e4ljer ett bekv\u00e4mt bord p\u00e5 st\u00e4llet eller den romantiska stenkanten, <strong>var alltid p\u00e5 plats minst en timme f\u00f6re sj\u00e4lva solnedg\u00e5ngen<\/strong>, eftersom avsnitten med den b\u00e4sta utsikten fylls med otrolig hastighet.<\/p>\n\n\n\n<figure data-wp-context=\"{&quot;imageId&quot;:&quot;6a9c4c7560195&quot;}\" data-wp-interactive=\"core\/image\" data-wp-key=\"6a9c4c7560195\" class=\"wp-block-image size-full wp-lightbox-container\"><img decoding=\"async\" width=\"1600\" height=\"1200\" data-wp-class--hide=\"state.isContentHidden\" data-wp-class--show=\"state.isContentVisible\" data-wp-init=\"callbacks.setButtonStyles\" data-wp-on--click=\"actions.showLightbox\" data-wp-on--load=\"callbacks.setButtonStyles\" data-wp-on--pointerdown=\"actions.preloadImage\" data-wp-on--pointerenter=\"actions.preloadImageWithDelay\" data-wp-on--pointerleave=\"actions.cancelPreload\" data-wp-on-window--resize=\"callbacks.setButtonStyles\" src=\"https:\/\/loudavymkrokem.cz\/wp-content\/uploads\/2026\/09\/pl-e-bocagrande.jpg\" alt=\"Str\u00e4nderna Bocagrande och Castillogrande (\u00e4rlig recension)\" class=\"wp-image-415723\" title=\"\" srcset=\"https:\/\/loudavymkrokem.cz\/wp-content\/uploads\/2026\/09\/pl-e-bocagrande.jpg 1600w, https:\/\/loudavymkrokem.cz\/wp-content\/uploads\/2026\/09\/pl-e-bocagrande-300x225.jpg 300w, https:\/\/loudavymkrokem.cz\/wp-content\/uploads\/2026\/09\/pl-e-bocagrande-700x525.jpg 700w, https:\/\/loudavymkrokem.cz\/wp-content\/uploads\/2026\/09\/pl-e-bocagrande-768x576.jpg 768w, https:\/\/loudavymkrokem.cz\/wp-content\/uploads\/2026\/09\/pl-e-bocagrande-1536x1152.jpg 1536w, https:\/\/loudavymkrokem.cz\/wp-content\/uploads\/2026\/09\/pl-e-bocagrande-80x60.jpg 80w, https:\/\/loudavymkrokem.cz\/wp-content\/uploads\/2026\/09\/pl-e-bocagrande-160x120.jpg 160w, https:\/\/loudavymkrokem.cz\/wp-content\/uploads\/2026\/09\/pl-e-bocagrande-696x522.jpg 696w, https:\/\/loudavymkrokem.cz\/wp-content\/uploads\/2026\/09\/pl-e-bocagrande-1392x1044.jpg 1392w\" sizes=\"(max-width: 1600px) 100vw, 1600px\" \/><button\n\t\t\tclass=\"lightbox-trigger\"\n\t\t\ttype=\"button\"\n\t\t\taria-haspopup=\"dialog\"\n\t\t\tdata-wp-bind--aria-label=\"state.thisImage.triggerButtonAriaLabel\"\n\t\t\tdata-wp-init=\"callbacks.initTriggerButton\"\n\t\t\tdata-wp-on--click=\"actions.showLightbox\"\n\t\t\tdata-wp-style--right=\"state.thisImage.buttonRight\"\n\t\t\tdata-wp-style--top=\"state.thisImage.buttonTop\"\n\t\t>\n\t\t\t<svg xmlns=\"http:\/\/www.w3.org\/2000\/svg\" width=\"12\" height=\"12\" fill=\"none\" viewBox=\"0 0 12 12\">\n\t\t\t\t<path fill=\"#fff\" d=\"M2 0a2 2 0 0 0-2 2v2h1.5V2a.5.5 0 0 1 .5-.5h2V0H2Zm2 10.5H2a.5.5 0 0 1-.5-.5V8H0v2a2 2 0 0 0 2 2h2v-1.5ZM8 12v-1.5h2a.5.5 0 0 0 .5-.5V8H12v2a2 2 0 0 1-2 2H8Zm2-12a2 2 0 0 1 2 2v2h-1.5V2a.5.5 0 0 0-.5-.5H8V0h2Z\" \/>\n\t\t\t<\/svg>\n\t\t<\/button><figcaption class=\"wp-element-caption\">Foto: Isabel Cristina V\u00e1squez Mej\u00eda \/ Google Maps<\/figcaption><\/figure>\n\n\n\n<h3 class=\"wp-block-heading\"><span class=\"ez-toc-section\" id=\"15_Stranderna_Bocagrande_och_Castillogrande_arlig_recension\"><\/span>15. Str\u00e4nderna Bocagrande och Castillogrande (\u00e4rlig recension)<span class=\"ez-toc-section-end\"><\/span><\/h3>\n\n\n\n<p class=\"wp-block-paragraph\">Om str\u00e4nderna som ligger direkt i staden skrivs det ofta r\u00e4tt orealistiska romantiska villfarelser i guideb\u00f6cker, s\u00e5 h\u00e4r kommer den rena och of\u00f6rvr\u00e4ngda sanningen. <strong>Stadsstranden Playa de Bocagrande har visserligen betyget 4,3 p\u00e5 n\u00e4tet, men vattnet h\u00e4r \u00e4r oftast grumligt och brunt<\/strong>. Det \u00e4r en oerh\u00f6rt praktisk plats om du bara snabbt vill svalka dig en bit fr\u00e5n ditt h\u00f6ghushotell, men visuellt \u00e4r det verkligen inget karibiskt paradis och stranden \u00e4r dessutom st\u00e4ndigt bel\u00e4grad av dussintals f\u00f6rs\u00e4ljare av massage och dyra parasoller.<\/p>\n\n\n\n<p class=\"wp-block-paragraph\">Betydligt b\u00e4ttre och mer uth\u00e4rdligt \u00e4r l\u00e4get en bit bort p\u00e5 <strong>Playa Castillogrande (betyg 4,5)<\/strong>. Denna specifika del av halv\u00f6n \u00e4r mycket lugnare, hit kommer fr\u00e4mst lokala familjer f\u00f6r att spendera tid och vattnet brukar vara n\u00e5got renare och lugnare, \u00e4ven om du fortfarande inte ska v\u00e4nta dig den d\u00e4r \u00e4kta turkosa f\u00e4rgen. Men det \u00e4r en idealisk plats f\u00f6r en lugn morgonpromenad l\u00e4ngs havet.<\/p>\n\n\n\n<p class=\"wp-block-paragraph\">Om du vill spendera hela dagen p\u00e5 en vacker strand med en bok i handen, <strong>\u00e4r det verkligen inte v\u00e4rt det direkt i staden<\/strong>. Till de \u00e4kta karibiska str\u00e4nderna ur katalogerna m\u00e5ste du bege dig en bit utanf\u00f6r staden, antingen med b\u00e5t till korall\u00f6arna eller med bil till den popul\u00e4ra halv\u00f6n Bar\u00fa.<\/p>\n\n\n\n<figure data-wp-context=\"{&quot;imageId&quot;:&quot;6a9c4c75608d3&quot;}\" data-wp-interactive=\"core\/image\" data-wp-key=\"6a9c4c75608d3\" class=\"wp-block-image size-full wp-lightbox-container\"><img decoding=\"async\" width=\"1600\" height=\"1200\" data-wp-class--hide=\"state.isContentHidden\" data-wp-class--show=\"state.isContentVisible\" data-wp-init=\"callbacks.setButtonStyles\" data-wp-on--click=\"actions.showLightbox\" data-wp-on--load=\"callbacks.setButtonStyles\" data-wp-on--pointerdown=\"actions.preloadImage\" data-wp-on--pointerenter=\"actions.preloadImageWithDelay\" data-wp-on--pointerleave=\"actions.cancelPreload\" data-wp-on-window--resize=\"callbacks.setButtonStyles\" src=\"https:\/\/loudavymkrokem.cz\/wp-content\/uploads\/2026\/09\/islas-del-rosario.jpg\" alt=\"Islas del Rosario och pengaf\u00e4llan\" class=\"wp-image-415726\" title=\"\" srcset=\"https:\/\/loudavymkrokem.cz\/wp-content\/uploads\/2026\/09\/islas-del-rosario.jpg 1600w, https:\/\/loudavymkrokem.cz\/wp-content\/uploads\/2026\/09\/islas-del-rosario-300x225.jpg 300w, https:\/\/loudavymkrokem.cz\/wp-content\/uploads\/2026\/09\/islas-del-rosario-700x525.jpg 700w, https:\/\/loudavymkrokem.cz\/wp-content\/uploads\/2026\/09\/islas-del-rosario-768x576.jpg 768w, https:\/\/loudavymkrokem.cz\/wp-content\/uploads\/2026\/09\/islas-del-rosario-1536x1152.jpg 1536w, https:\/\/loudavymkrokem.cz\/wp-content\/uploads\/2026\/09\/islas-del-rosario-80x60.jpg 80w, https:\/\/loudavymkrokem.cz\/wp-content\/uploads\/2026\/09\/islas-del-rosario-160x120.jpg 160w, https:\/\/loudavymkrokem.cz\/wp-content\/uploads\/2026\/09\/islas-del-rosario-696x522.jpg 696w, https:\/\/loudavymkrokem.cz\/wp-content\/uploads\/2026\/09\/islas-del-rosario-1392x1044.jpg 1392w\" sizes=\"(max-width: 1600px) 100vw, 1600px\" \/><button\n\t\t\tclass=\"lightbox-trigger\"\n\t\t\ttype=\"button\"\n\t\t\taria-haspopup=\"dialog\"\n\t\t\tdata-wp-bind--aria-label=\"state.thisImage.triggerButtonAriaLabel\"\n\t\t\tdata-wp-init=\"callbacks.initTriggerButton\"\n\t\t\tdata-wp-on--click=\"actions.showLightbox\"\n\t\t\tdata-wp-style--right=\"state.thisImage.buttonRight\"\n\t\t\tdata-wp-style--top=\"state.thisImage.buttonTop\"\n\t\t>\n\t\t\t<svg xmlns=\"http:\/\/www.w3.org\/2000\/svg\" width=\"12\" height=\"12\" fill=\"none\" viewBox=\"0 0 12 12\">\n\t\t\t\t<path fill=\"#fff\" d=\"M2 0a2 2 0 0 0-2 2v2h1.5V2a.5.5 0 0 1 .5-.5h2V0H2Zm2 10.5H2a.5.5 0 0 1-.5-.5V8H0v2a2 2 0 0 0 2 2h2v-1.5ZM8 12v-1.5h2a.5.5 0 0 0 .5-.5V8H12v2a2 2 0 0 1-2 2H8Zm2-12a2 2 0 0 1 2 2v2h-1.5V2a.5.5 0 0 0-.5-.5H8V0h2Z\" \/>\n\t\t\t<\/svg>\n\t\t<\/button><figcaption class=\"wp-element-caption\">Foto: Frankoys23 \/ Google Maps<\/figcaption><\/figure>\n\n\n\n<h3 class=\"wp-block-heading\"><span class=\"ez-toc-section\" id=\"16_Islas_del_Rosario_och_pengafallan\"><\/span>16. Islas del Rosario och pengaf\u00e4llan<span class=\"ez-toc-section-end\"><\/span><\/h3>\n\n\n\n<p class=\"wp-block-paragraph\">Den vackra \u00f6gruppen Islas del Rosario ligger i en skyddad <a href=\"https:\/\/www.parquesnacionales.gov.co\/\" rel=\"nofollow noopener\" target=\"_blank\">nationalpark<\/a> knappt en timmes snabb\u00e5tsf\u00e4rd fr\u00e5n Cartagena och \u00e4r \u00e4ntligen den d\u00e4r \u00e4kta karibiska dr\u00f6mmen med korallrev och vit sand. <strong>Men h\u00e4r finns en enorm turistf\u00e4lla som de flesta of\u00f6rberedda turister \u00e5ker dit p\u00e5 (ov\u00e4ntade dolda avgifter)<\/strong>. Oavsett vilket pris du k\u00f6per utflykten f\u00f6r i staden ing\u00e5r n\u00e4mligen n\u00e4stan aldrig de obligatoriska hamnavgifterna.<\/p>\n\n\n\n<p class=\"wp-block-paragraph\"><strong>Intr\u00e4det till sj\u00e4lva nationalparken kostar dig ungef\u00e4r 25 000 till 31 500 COP per person, och d\u00e4rtill betalas en obligatorisk sj\u00f6f\u00f6rs\u00e4kring p\u00e5 cirka 8 800 COP<\/strong>. Tillsammans blir det runt 40 000 COP som du <strong>m\u00e5ste betala uteslutande kontant direkt vid bryggan<\/strong> innan du kliver ombord. Om du just d\u00e5 inte har sedlar p\u00e5 dig sl\u00e4pper de helt enkelt inte ombord dig och utflykten g\u00e5r om intet. \ud83d\udca1 <strong>Tips:<\/strong> Ta ut pengar i bankomater (p\u00e5litliga \u00e4r Bancolombia eller Davivienda) i lugn och ro dagen innan, f\u00f6r p\u00e5 morgonen vid hamnen \u00e4r bankomaterna ofta helt tomma.<\/p>\n\n\n\n<p class=\"wp-block-paragraph\">Sj\u00e4lva \u00f6arna \u00e4r underbara och helt idealiska f\u00f6r <strong>heldags snorkling<\/strong>. Men du f\u00f6rst\u00f6r en stor del av upplevelsen om du p\u00e5 morgonen vid den bullriga hamnen r\u00e5kar i gr\u00e4l <strong>om avgifter<\/strong> som byr\u00e5n inte sa ett ord om i f\u00f6rv\u00e4g.<\/p>\n\n\n\n<figure data-wp-context=\"{&quot;imageId&quot;:&quot;6a9c4c7561144&quot;}\" data-wp-interactive=\"core\/image\" data-wp-key=\"6a9c4c7561144\" class=\"wp-block-image size-full wp-lightbox-container\"><img decoding=\"async\" width=\"1600\" height=\"1200\" data-wp-class--hide=\"state.isContentHidden\" data-wp-class--show=\"state.isContentVisible\" data-wp-init=\"callbacks.setButtonStyles\" data-wp-on--click=\"actions.showLightbox\" data-wp-on--load=\"callbacks.setButtonStyles\" data-wp-on--pointerdown=\"actions.preloadImage\" data-wp-on--pointerenter=\"actions.preloadImageWithDelay\" data-wp-on--pointerleave=\"actions.cancelPreload\" data-wp-on-window--resize=\"callbacks.setButtonStyles\" src=\"https:\/\/loudavymkrokem.cz\/wp-content\/uploads\/2026\/09\/ostrovn-beach-cluby.jpg\" alt=\"Beachklubbar p\u00e5 \u00f6arna (ist\u00e4llet f\u00f6r offentliga str\u00e4nder)\" class=\"wp-image-415727\" title=\"\" srcset=\"https:\/\/loudavymkrokem.cz\/wp-content\/uploads\/2026\/09\/ostrovn-beach-cluby.jpg 1600w, https:\/\/loudavymkrokem.cz\/wp-content\/uploads\/2026\/09\/ostrovn-beach-cluby-300x225.jpg 300w, https:\/\/loudavymkrokem.cz\/wp-content\/uploads\/2026\/09\/ostrovn-beach-cluby-700x525.jpg 700w, https:\/\/loudavymkrokem.cz\/wp-content\/uploads\/2026\/09\/ostrovn-beach-cluby-768x576.jpg 768w, https:\/\/loudavymkrokem.cz\/wp-content\/uploads\/2026\/09\/ostrovn-beach-cluby-1536x1152.jpg 1536w, https:\/\/loudavymkrokem.cz\/wp-content\/uploads\/2026\/09\/ostrovn-beach-cluby-80x60.jpg 80w, https:\/\/loudavymkrokem.cz\/wp-content\/uploads\/2026\/09\/ostrovn-beach-cluby-160x120.jpg 160w, https:\/\/loudavymkrokem.cz\/wp-content\/uploads\/2026\/09\/ostrovn-beach-cluby-696x522.jpg 696w, https:\/\/loudavymkrokem.cz\/wp-content\/uploads\/2026\/09\/ostrovn-beach-cluby-1392x1044.jpg 1392w\" sizes=\"(max-width: 1600px) 100vw, 1600px\" \/><button\n\t\t\tclass=\"lightbox-trigger\"\n\t\t\ttype=\"button\"\n\t\t\taria-haspopup=\"dialog\"\n\t\t\tdata-wp-bind--aria-label=\"state.thisImage.triggerButtonAriaLabel\"\n\t\t\tdata-wp-init=\"callbacks.initTriggerButton\"\n\t\t\tdata-wp-on--click=\"actions.showLightbox\"\n\t\t\tdata-wp-style--right=\"state.thisImage.buttonRight\"\n\t\t\tdata-wp-style--top=\"state.thisImage.buttonTop\"\n\t\t>\n\t\t\t<svg xmlns=\"http:\/\/www.w3.org\/2000\/svg\" width=\"12\" height=\"12\" fill=\"none\" viewBox=\"0 0 12 12\">\n\t\t\t\t<path fill=\"#fff\" d=\"M2 0a2 2 0 0 0-2 2v2h1.5V2a.5.5 0 0 1 .5-.5h2V0H2Zm2 10.5H2a.5.5 0 0 1-.5-.5V8H0v2a2 2 0 0 0 2 2h2v-1.5ZM8 12v-1.5h2a.5.5 0 0 0 .5-.5V8H12v2a2 2 0 0 1-2 2H8Zm2-12a2 2 0 0 1 2 2v2h-1.5V2a.5.5 0 0 0-.5-.5H8V0h2Z\" \/>\n\t\t\t<\/svg>\n\t\t<\/button><figcaption class=\"wp-element-caption\">Foto: IBBIZA ISLAND BEACH CLUB \/ Google Maps<\/figcaption><\/figure>\n\n\n\n<h3 class=\"wp-block-heading\"><span class=\"ez-toc-section\" id=\"17_Beachklubbar_pa_oarna_istallet_for_offentliga_strander\"><\/span>17. Beachklubbar p\u00e5 \u00f6arna (ist\u00e4llet f\u00f6r offentliga str\u00e4nder)<span class=\"ez-toc-section-end\"><\/span><\/h3>\n\n\n\n<p class=\"wp-block-paragraph\">Ist\u00e4llet f\u00f6r att \u00e5ka till de vanliga offentliga och ofta extremt \u00f6verfulla \u00f6str\u00e4nderna <strong>rekommenderar jag varmt att boka ett s\u00e5 kallat day pass till en av de m\u00e5nga privata beachklubbarna<\/strong>. Det \u00e4r dyrare, men du f\u00e5r en egen solstol, rent vatten och framf\u00f6r allt lugn fr\u00e5n f\u00f6rs\u00e4ljarna som annars tjatar p\u00e5 dig var annan minut om att k\u00f6pa souvenirer.<\/p>\n\n\n\n<p class=\"wp-block-paragraph\">Ett helt utm\u00e4rkt val \u00e4r <strong>Capri Beach Club (fantastiskt betyg 4,9) p\u00e5 \u00f6n Isla Grande<\/strong>, d\u00e4r du hittar perfekt lugn, utm\u00e4rkt service och kristallklart turkost vatten. Letar du snarare efter en modern och stilren festatmosf\u00e4r med utm\u00e4rkt gastronomi och l\u00e4ckra drinkar, ta dig d\u00e5 absolut till <strong>Blue Apple Beach (betyg 4,7) p\u00e5 den n\u00e4rmare \u00f6n Isla Tierra Bomba<\/strong>.<\/p>\n\n\n\n<p class=\"wp-block-paragraph\">Om du just d\u00e5 inte alls \u00e4r sugen p\u00e5 att resa l\u00e5ngt med b\u00e5t men \u00e4nd\u00e5 vill njuta av maximal strandkomfort och drinkar vid vattnet, finns direkt i staden i den lugnare stadsdelen Manga <strong>stadsklubben Bendita Beach (betyg 4,7) med en vacker pool<\/strong>, d\u00e4r de tar hand om dig hela dagen som om du vore inlindad i bomull.<\/p>\n\n\n\n<figure data-wp-context=\"{&quot;imageId&quot;:&quot;6a9c4c756193b&quot;}\" data-wp-interactive=\"core\/image\" data-wp-key=\"6a9c4c756193b\" class=\"wp-block-image size-full wp-lightbox-container\"><img decoding=\"async\" width=\"1200\" height=\"675\" data-wp-class--hide=\"state.isContentHidden\" data-wp-class--show=\"state.isContentVisible\" data-wp-init=\"callbacks.setButtonStyles\" data-wp-on--click=\"actions.showLightbox\" data-wp-on--load=\"callbacks.setButtonStyles\" data-wp-on--pointerdown=\"actions.preloadImage\" data-wp-on--pointerenter=\"actions.preloadImageWithDelay\" data-wp-on--pointerleave=\"actions.cancelPreload\" data-wp-on-window--resize=\"callbacks.setButtonStyles\" src=\"https:\/\/loudavymkrokem.cz\/wp-content\/uploads\/2026\/09\/swap-415557-18-1bdf9f8e.png\" alt=\"Mangrover vid fiskebyn La Boquilla\" class=\"wp-image-415927\" title=\"\" srcset=\"https:\/\/loudavymkrokem.cz\/wp-content\/uploads\/2026\/09\/swap-415557-18-1bdf9f8e.png 1200w, https:\/\/loudavymkrokem.cz\/wp-content\/uploads\/2026\/09\/swap-415557-18-1bdf9f8e-300x169.png 300w, https:\/\/loudavymkrokem.cz\/wp-content\/uploads\/2026\/09\/swap-415557-18-1bdf9f8e-700x394.png 700w, https:\/\/loudavymkrokem.cz\/wp-content\/uploads\/2026\/09\/swap-415557-18-1bdf9f8e-768x432.png 768w, https:\/\/loudavymkrokem.cz\/wp-content\/uploads\/2026\/09\/swap-415557-18-1bdf9f8e-696x392.png 696w\" sizes=\"(max-width: 1200px) 100vw, 1200px\" \/><button\n\t\t\tclass=\"lightbox-trigger\"\n\t\t\ttype=\"button\"\n\t\t\taria-haspopup=\"dialog\"\n\t\t\tdata-wp-bind--aria-label=\"state.thisImage.triggerButtonAriaLabel\"\n\t\t\tdata-wp-init=\"callbacks.initTriggerButton\"\n\t\t\tdata-wp-on--click=\"actions.showLightbox\"\n\t\t\tdata-wp-style--right=\"state.thisImage.buttonRight\"\n\t\t\tdata-wp-style--top=\"state.thisImage.buttonTop\"\n\t\t>\n\t\t\t<svg xmlns=\"http:\/\/www.w3.org\/2000\/svg\" width=\"12\" height=\"12\" fill=\"none\" viewBox=\"0 0 12 12\">\n\t\t\t\t<path fill=\"#fff\" d=\"M2 0a2 2 0 0 0-2 2v2h1.5V2a.5.5 0 0 1 .5-.5h2V0H2Zm2 10.5H2a.5.5 0 0 1-.5-.5V8H0v2a2 2 0 0 0 2 2h2v-1.5ZM8 12v-1.5h2a.5.5 0 0 0 .5-.5V8H12v2a2 2 0 0 1-2 2H8Zm2-12a2 2 0 0 1 2 2v2h-1.5V2a.5.5 0 0 0-.5-.5H8V0h2Z\" \/>\n\t\t\t<\/svg>\n\t\t<\/button><figcaption class=\"wp-element-caption\">Foto: ECOTOURS BOQUILLA \/ Google Maps<\/figcaption><\/figure>\n\n\n\n<h3 class=\"wp-block-heading\"><span class=\"ez-toc-section\" id=\"18_Fiskebyn_La_Boquilla_och_mangroverna\"><\/span>18. Fiskebyn La Boquilla och mangroverna<span class=\"ez-toc-section-end\"><\/span><\/h3>\n\n\n\n<p class=\"wp-block-paragraph\">Om du vill uppleva n\u00e5got helt annat i staden \u00e4n det bl\u00e4nkande koloniala centrumet och samtidigt vill st\u00f6dja den lokala befolkningen direkt med dina pengar, <strong>bege dig norrut fr\u00e5n staden till den autentiska fiskebyn La Boquilla<\/strong>. H\u00e4r l\u00e4r du n\u00e4mligen \u00e4ntligen k\u00e4nna den r\u00e5are och mycket mer traditionella afro-colombianska sidan av hela den karibiska regionen, som redan f\u00f6rsvunnit fr\u00e5n centrum.<\/p>\n\n\n\n<p class=\"wp-block-paragraph\">Det fr\u00e4msta dragpl\u00e5stret h\u00e4r \u00e4r <strong>en fascinerande tur i en traditionell tr\u00e4kanot genom de mycket t\u00e4ta mangroveskogarna<\/strong>. Lokala erfarna fiskare tar med dig in i virrvarret av tysta vattenkanaler, d\u00e4r du p\u00e5 n\u00e4ra h\u00e5ll kan iaktta eleganta h\u00e4grar, krabbor som g\u00f6mmer sig i r\u00f6tterna och lyssna p\u00e5 den fullkomliga tystnaden, bruten endast av det lugna plaskandet fr\u00e5n tr\u00e4paddlarna.<\/p>\n\n\n\n<p class=\"wp-block-paragraph\">Denna oansenliga ekologiska utflykt \u00e4r en av f\u00e5 upplevelser i Cartagena d\u00e4r <strong>dina pengar hamnar direkt i h\u00e4nderna p\u00e5 den lokala befolkningen<\/strong>, som av alla krafter f\u00f6rs\u00f6ker beh\u00e5lla sitt traditionella fiskeleverne inf\u00f6r de aggressivt expanderande moderna hotellen i n\u00e4romr\u00e5det.<\/p>\n\n\n\n<figure data-wp-context=\"{&quot;imageId&quot;:&quot;6a9c4c7562041&quot;}\" data-wp-interactive=\"core\/image\" data-wp-key=\"6a9c4c7562041\" class=\"wp-block-image size-full wp-lightbox-container\"><img decoding=\"async\" width=\"1600\" height=\"1200\" data-wp-class--hide=\"state.isContentHidden\" data-wp-class--show=\"state.isContentVisible\" data-wp-init=\"callbacks.setButtonStyles\" data-wp-on--click=\"actions.showLightbox\" data-wp-on--load=\"callbacks.setButtonStyles\" data-wp-on--pointerdown=\"actions.preloadImage\" data-wp-on--pointerenter=\"actions.preloadImageWithDelay\" data-wp-on--pointerleave=\"actions.cancelPreload\" data-wp-on-window--resize=\"callbacks.setButtonStyles\" src=\"https:\/\/loudavymkrokem.cz\/wp-content\/uploads\/2026\/09\/swap-415557-19-48814361.jpg\" alt=\"Bazurto-marknaden i Cartagena\" class=\"wp-image-415919\" title=\"\" srcset=\"https:\/\/loudavymkrokem.cz\/wp-content\/uploads\/2026\/09\/swap-415557-19-48814361.jpg 1600w, https:\/\/loudavymkrokem.cz\/wp-content\/uploads\/2026\/09\/swap-415557-19-48814361-300x225.jpg 300w, https:\/\/loudavymkrokem.cz\/wp-content\/uploads\/2026\/09\/swap-415557-19-48814361-700x525.jpg 700w, https:\/\/loudavymkrokem.cz\/wp-content\/uploads\/2026\/09\/swap-415557-19-48814361-768x576.jpg 768w, https:\/\/loudavymkrokem.cz\/wp-content\/uploads\/2026\/09\/swap-415557-19-48814361-1536x1152.jpg 1536w, https:\/\/loudavymkrokem.cz\/wp-content\/uploads\/2026\/09\/swap-415557-19-48814361-80x60.jpg 80w, https:\/\/loudavymkrokem.cz\/wp-content\/uploads\/2026\/09\/swap-415557-19-48814361-160x120.jpg 160w, https:\/\/loudavymkrokem.cz\/wp-content\/uploads\/2026\/09\/swap-415557-19-48814361-696x522.jpg 696w, https:\/\/loudavymkrokem.cz\/wp-content\/uploads\/2026\/09\/swap-415557-19-48814361-1392x1044.jpg 1392w\" sizes=\"(max-width: 1600px) 100vw, 1600px\" \/><button\n\t\t\tclass=\"lightbox-trigger\"\n\t\t\ttype=\"button\"\n\t\t\taria-haspopup=\"dialog\"\n\t\t\tdata-wp-bind--aria-label=\"state.thisImage.triggerButtonAriaLabel\"\n\t\t\tdata-wp-init=\"callbacks.initTriggerButton\"\n\t\t\tdata-wp-on--click=\"actions.showLightbox\"\n\t\t\tdata-wp-style--right=\"state.thisImage.buttonRight\"\n\t\t\tdata-wp-style--top=\"state.thisImage.buttonTop\"\n\t\t>\n\t\t\t<svg xmlns=\"http:\/\/www.w3.org\/2000\/svg\" width=\"12\" height=\"12\" fill=\"none\" viewBox=\"0 0 12 12\">\n\t\t\t\t<path fill=\"#fff\" d=\"M2 0a2 2 0 0 0-2 2v2h1.5V2a.5.5 0 0 1 .5-.5h2V0H2Zm2 10.5H2a.5.5 0 0 1-.5-.5V8H0v2a2 2 0 0 0 2 2h2v-1.5ZM8 12v-1.5h2a.5.5 0 0 0 .5-.5V8H12v2a2 2 0 0 1-2 2H8Zm2-12a2 2 0 0 1 2 2v2h-1.5V2a.5.5 0 0 0-.5-.5H8V0h2Z\" \/>\n\t\t\t<\/svg>\n\t\t<\/button><figcaption class=\"wp-element-caption\">Foto: Juan David \/ Google Maps<\/figcaption><\/figure>\n\n\n\n<h3 class=\"wp-block-heading\"><span class=\"ez-toc-section\" id=\"19_Bazurto_Market_bara_for_starka_nerver\"><\/span>19. Bazurto Market (bara f\u00f6r starka nerver)<span class=\"ez-toc-section-end\"><\/span><\/h3>\n\n\n\n<p class=\"wp-block-paragraph\"><strong>Bazurto-marknaden<\/strong> \u00e4r enorm, bullrig, kaotisk och stundtals \u00e4rligt talat r\u00e4tt smutsig, och genomsnittsbetyget 3,7 av \u00f6ver 12 000 recensioner s\u00e4ger allt. Det \u00e4r ingen turistattraktion, det \u00e4r <strong>den colombianska vardagens verklighet<\/strong>. H\u00e4r s\u00e4ljs precis allt t\u00e4nkbart, fr\u00e5n r\u00e5tt k\u00f6tt som h\u00e4nger p\u00e5 krokar i den enorma v\u00e4rmen, via j\u00e4ttelika h\u00f6gar av exotisk frukt, till f\u00f6rfalskade m\u00e4rkeskl\u00e4der och elektronik.<\/p>\n\n\n\n<p class=\"wp-block-paragraph\"><strong>Att bege sig hit p\u00e5 egen hand avr\u00e5ds helt f\u00f6r utl\u00e4nningar av s\u00e4kerhetssk\u00e4l<\/strong> \u2014 labyrinten av st\u00e5nd \u00e4r oerh\u00f6rt o\u00f6versk\u00e5dlig och ofta opererar organiserade ficktjuvar obem\u00e4rkt i folkmassan. Om du vill se den h\u00e4r autentiska marknaden, <strong>g\u00e5 dit endast mycket tidigt p\u00e5 f\u00f6rmiddagen och uteslutande med en licensierad lokal guide<\/strong> som exakt vet var man tar sig fram tryggt.<\/p>\n\n\n\n<p class=\"wp-block-paragraph\"><strong>Med en bra guide<\/strong> kan det dock bli en helt fascinerande upplevelse d\u00e4r du smakar p\u00e5 konstig exotisk frukt du aldrig sett i livet och ser stadens \u00e4kta, oturistiska ansikte utan glitter. Men \u00e5k absolut inte hit f\u00f6r vanliga ink\u00f6p av fina souvenirer, till det \u00e4r <strong>marknaderna i centrum b\u00e4ttre<\/strong>.<\/p>\n\n\n\n<figure data-wp-context=\"{&quot;imageId&quot;:&quot;6a9c4c75628ed&quot;}\" data-wp-interactive=\"core\/image\" data-wp-key=\"6a9c4c75628ed\" class=\"wp-block-image size-full wp-lightbox-container\"><img decoding=\"async\" width=\"1600\" height=\"1200\" data-wp-class--hide=\"state.isContentHidden\" data-wp-class--show=\"state.isContentVisible\" data-wp-init=\"callbacks.setButtonStyles\" data-wp-on--click=\"actions.showLightbox\" data-wp-on--load=\"callbacks.setButtonStyles\" data-wp-on--pointerdown=\"actions.preloadImage\" data-wp-on--pointerenter=\"actions.preloadImageWithDelay\" data-wp-on--pointerleave=\"actions.cancelPreload\" data-wp-on-window--resize=\"callbacks.setButtonStyles\" src=\"https:\/\/loudavymkrokem.cz\/wp-content\/uploads\/2026\/09\/museo-del-chocolate.png\" alt=\"Museo del Chocolate och colombiansk kakao\" class=\"wp-image-415742\" title=\"\" srcset=\"https:\/\/loudavymkrokem.cz\/wp-content\/uploads\/2026\/09\/museo-del-chocolate.png 1600w, https:\/\/loudavymkrokem.cz\/wp-content\/uploads\/2026\/09\/museo-del-chocolate-300x225.png 300w, https:\/\/loudavymkrokem.cz\/wp-content\/uploads\/2026\/09\/museo-del-chocolate-700x525.png 700w, https:\/\/loudavymkrokem.cz\/wp-content\/uploads\/2026\/09\/museo-del-chocolate-768x576.png 768w, https:\/\/loudavymkrokem.cz\/wp-content\/uploads\/2026\/09\/museo-del-chocolate-1536x1152.png 1536w, https:\/\/loudavymkrokem.cz\/wp-content\/uploads\/2026\/09\/museo-del-chocolate-80x60.png 80w, https:\/\/loudavymkrokem.cz\/wp-content\/uploads\/2026\/09\/museo-del-chocolate-160x120.png 160w, https:\/\/loudavymkrokem.cz\/wp-content\/uploads\/2026\/09\/museo-del-chocolate-696x522.png 696w, https:\/\/loudavymkrokem.cz\/wp-content\/uploads\/2026\/09\/museo-del-chocolate-1392x1044.png 1392w\" sizes=\"(max-width: 1600px) 100vw, 1600px\" \/><button\n\t\t\tclass=\"lightbox-trigger\"\n\t\t\ttype=\"button\"\n\t\t\taria-haspopup=\"dialog\"\n\t\t\tdata-wp-bind--aria-label=\"state.thisImage.triggerButtonAriaLabel\"\n\t\t\tdata-wp-init=\"callbacks.initTriggerButton\"\n\t\t\tdata-wp-on--click=\"actions.showLightbox\"\n\t\t\tdata-wp-style--right=\"state.thisImage.buttonRight\"\n\t\t\tdata-wp-style--top=\"state.thisImage.buttonTop\"\n\t\t>\n\t\t\t<svg xmlns=\"http:\/\/www.w3.org\/2000\/svg\" width=\"12\" height=\"12\" fill=\"none\" viewBox=\"0 0 12 12\">\n\t\t\t\t<path fill=\"#fff\" d=\"M2 0a2 2 0 0 0-2 2v2h1.5V2a.5.5 0 0 1 .5-.5h2V0H2Zm2 10.5H2a.5.5 0 0 1-.5-.5V8H0v2a2 2 0 0 0 2 2h2v-1.5ZM8 12v-1.5h2a.5.5 0 0 0 .5-.5V8H12v2a2 2 0 0 1-2 2H8Zm2-12a2 2 0 0 1 2 2v2h-1.5V2a.5.5 0 0 0-.5-.5H8V0h2Z\" \/>\n\t\t\t<\/svg>\n\t\t<\/button><figcaption class=\"wp-element-caption\">Foto: Museo Del Chocolate Colombia &#8211; Cartagena \/ Google Maps<\/figcaption><\/figure>\n\n\n\n<h3 class=\"wp-block-heading\"><span class=\"ez-toc-section\" id=\"20_Museo_del_Chocolate_och_colombiansk_kakao\"><\/span>20. Museo del Chocolate och colombiansk kakao<span class=\"ez-toc-section-end\"><\/span><\/h3>\n\n\n\n<p class=\"wp-block-paragraph\">Colombia producerar inte bara sitt v\u00e4rldsber\u00f6mda utm\u00e4rkta kaffe utan \u00e4ven helt f\u00f6rstklassig kakao av h\u00f6g kvalitet. <strong>Om du letar efter en fin upplevelse (inte bara) f\u00f6r barnfamiljer, bes\u00f6k absolut Museo del Chocolate (utm\u00e4rkt betyg 4,8)<\/strong> direkt i stadens historiska centrum. Det \u00e4r visserligen ett mindre men vackert interaktivt museum som f\u00e4ngslande tar dig igenom hela den komplicerade processen fr\u00e5n odling av kakaob\u00f6nor till tillverkning av en kaka h\u00e4rlig choklad.<\/p>\n\n\n\n<p class=\"wp-block-paragraph\">Under den doftande rundvandringen <strong>f\u00e5r du reda p\u00e5 massor av \u00f6verraskande fakta om chokladens historia i f\u00f6rcolumbianska kulturer<\/strong>, och i slutet v\u00e4ntar f\u00f6rst\u00e5s en rik och mycket gener\u00f6s provsmakning av olika sorter. Idealiskt en het eftermiddag, och varken vegetarianer eller choklad\u00e4lskare \u00e5ngrar sig.<\/p>\n\n\n\n<p class=\"wp-block-paragraph\">I den lilla butiken vid utg\u00e5ngen kan du dessutom <strong>k\u00f6pa de allra b\u00e4sta \u00e4tbara souvenirerna hem till familjen<\/strong>, fr\u00e5n klassisk m\u00f6rk choklad med h\u00f6g kakaohalt till delikata praliner fyllda med exotisk karibisk frukt.<\/p>\n\n\n\n<figure data-wp-context=\"{&quot;imageId&quot;:&quot;6a9c4c7563341&quot;}\" data-wp-interactive=\"core\/image\" data-wp-key=\"6a9c4c7563341\" class=\"wp-block-image size-full wp-lightbox-container\"><img decoding=\"async\" width=\"1600\" height=\"1200\" data-wp-class--hide=\"state.isContentHidden\" data-wp-class--show=\"state.isContentVisible\" data-wp-init=\"callbacks.setButtonStyles\" data-wp-on--click=\"actions.showLightbox\" data-wp-on--load=\"callbacks.setButtonStyles\" data-wp-on--pointerdown=\"actions.preloadImage\" data-wp-on--pointerenter=\"actions.preloadImageWithDelay\" data-wp-on--pointerleave=\"actions.cancelPreload\" data-wp-on-window--resize=\"callbacks.setButtonStyles\" src=\"https:\/\/loudavymkrokem.cz\/wp-content\/uploads\/2026\/09\/swap-415557-21-ea1b5cd5.jpg\" alt=\"Gatumat i Cartagena\" class=\"wp-image-415922\" title=\"\" srcset=\"https:\/\/loudavymkrokem.cz\/wp-content\/uploads\/2026\/09\/swap-415557-21-ea1b5cd5.jpg 1600w, https:\/\/loudavymkrokem.cz\/wp-content\/uploads\/2026\/09\/swap-415557-21-ea1b5cd5-300x225.jpg 300w, https:\/\/loudavymkrokem.cz\/wp-content\/uploads\/2026\/09\/swap-415557-21-ea1b5cd5-700x525.jpg 700w, https:\/\/loudavymkrokem.cz\/wp-content\/uploads\/2026\/09\/swap-415557-21-ea1b5cd5-768x576.jpg 768w, https:\/\/loudavymkrokem.cz\/wp-content\/uploads\/2026\/09\/swap-415557-21-ea1b5cd5-1536x1152.jpg 1536w, https:\/\/loudavymkrokem.cz\/wp-content\/uploads\/2026\/09\/swap-415557-21-ea1b5cd5-80x60.jpg 80w, https:\/\/loudavymkrokem.cz\/wp-content\/uploads\/2026\/09\/swap-415557-21-ea1b5cd5-160x120.jpg 160w, https:\/\/loudavymkrokem.cz\/wp-content\/uploads\/2026\/09\/swap-415557-21-ea1b5cd5-696x522.jpg 696w, https:\/\/loudavymkrokem.cz\/wp-content\/uploads\/2026\/09\/swap-415557-21-ea1b5cd5-1392x1044.jpg 1392w\" sizes=\"(max-width: 1600px) 100vw, 1600px\" \/><button\n\t\t\tclass=\"lightbox-trigger\"\n\t\t\ttype=\"button\"\n\t\t\taria-haspopup=\"dialog\"\n\t\t\tdata-wp-bind--aria-label=\"state.thisImage.triggerButtonAriaLabel\"\n\t\t\tdata-wp-init=\"callbacks.initTriggerButton\"\n\t\t\tdata-wp-on--click=\"actions.showLightbox\"\n\t\t\tdata-wp-style--right=\"state.thisImage.buttonRight\"\n\t\t\tdata-wp-style--top=\"state.thisImage.buttonTop\"\n\t\t>\n\t\t\t<svg xmlns=\"http:\/\/www.w3.org\/2000\/svg\" width=\"12\" height=\"12\" fill=\"none\" viewBox=\"0 0 12 12\">\n\t\t\t\t<path fill=\"#fff\" d=\"M2 0a2 2 0 0 0-2 2v2h1.5V2a.5.5 0 0 1 .5-.5h2V0H2Zm2 10.5H2a.5.5 0 0 1-.5-.5V8H0v2a2 2 0 0 0 2 2h2v-1.5ZM8 12v-1.5h2a.5.5 0 0 0 .5-.5V8H12v2a2 2 0 0 1-2 2H8Zm2-12a2 2 0 0 1 2 2v2h-1.5V2a.5.5 0 0 0-.5-.5H8V0h2Z\" \/>\n\t\t\t<\/svg>\n\t\t<\/button><figcaption class=\"wp-element-caption\">Foto: Bruno Ara\u00fajo Faria \/ Google Maps<\/figcaption><\/figure>\n\n\n\n<h3 class=\"wp-block-heading\"><span class=\"ez-toc-section\" id=\"21_Gatumat_och_karibiska_smaker\"><\/span>21. Gatumat och karibiska smaker<span class=\"ez-toc-section-end\"><\/span><\/h3>\n\n\n\n<p class=\"wp-block-paragraph\">Det karibiska k\u00f6ket p\u00e5 kusten bygger visserligen mycket p\u00e5 fisk (havsabborre, ceviche) och skaldjur, men <strong>\u00e4ven inbitna \u00e4lskare av v\u00e4xtbaserad kost hittar utan problem n\u00e5got p\u00e5 gatan h\u00e4r<\/strong>. En absolut och billig s\u00e4kerhet som du hittar i varje h\u00f6rn och som r\u00e4ddar dig fr\u00e5n hungern \u00e4r <strong>arepa de queso (en tjock majspl\u00e4tt grillad \u00f6ver eld till knaprig och fylld med gott om sm\u00e4lt ost)<\/strong>.<\/p>\n\n\n\n<p class=\"wp-block-paragraph\">Ett annat helt perfekt tillbeh\u00f6r eller ett snabbt salt snack \u00e4r <strong>patacones, som \u00e4r dubbelfriterade bitar av gr\u00f6n plantain<\/strong> som ofta serveras med vitl\u00f6kss\u00e5s eller den utm\u00e4rkta tomatr\u00f6ran hogao. De \u00e4r otroligt m\u00e4ttande, feta och mycket billiga.<\/p>\n\n\n\n<p class=\"wp-block-paragraph\">Det n\u00f6dv\u00e4ndiga v\u00e4tskeintaget i den h\u00e4r f\u00f6r\u00f6dande hettan l\u00f6ser du b\u00e4st med <strong>jugos naturales (f\u00e4rskpressade fruktjuicer)<\/strong>. Jag rekommenderar dig varmt att testa lulo (en s\u00e4rskild syrlig smak som liknar kiwi och citrus), f\u00e4rsk passionsfrukt eller den mycket s\u00f6ta guan\u00e1banan. Letar du efter n\u00e5got mustigare och kr\u00e4migare \u00e4r <strong>limonada de coco (kokoslemonad med f\u00e4rsk lime)<\/strong> den b\u00e4sta och mest uppfriskande karibiska uppfinningen i v\u00e4rlden. Och gl\u00f6m f\u00f6rst\u00e5s inte den allest\u00e4des n\u00e4rvarande agua de panela (vatten med r\u00f6rsocker och citron).<\/p>\n\n\n\n<figure data-wp-context=\"{&quot;imageId&quot;:&quot;6a9c4c7563a8f&quot;}\" data-wp-interactive=\"core\/image\" data-wp-key=\"6a9c4c7563a8f\" class=\"wp-block-image size-full wp-lightbox-container\"><img decoding=\"async\" width=\"1600\" height=\"2133\" data-wp-class--hide=\"state.isContentHidden\" data-wp-class--show=\"state.isContentVisible\" data-wp-init=\"callbacks.setButtonStyles\" data-wp-on--click=\"actions.showLightbox\" data-wp-on--load=\"callbacks.setButtonStyles\" data-wp-on--pointerdown=\"actions.preloadImage\" data-wp-on--pointerenter=\"actions.preloadImageWithDelay\" data-wp-on--pointerleave=\"actions.cancelPreload\" data-wp-on-window--resize=\"callbacks.setButtonStyles\" src=\"https:\/\/loudavymkrokem.cz\/wp-content\/uploads\/2026\/09\/ctg22.jpg\" alt=\"Vegetariskt bistro i Getseman\u00ed i Cartagena\" class=\"wp-image-415768\" title=\"\" srcset=\"https:\/\/loudavymkrokem.cz\/wp-content\/uploads\/2026\/09\/ctg22.jpg 1600w, https:\/\/loudavymkrokem.cz\/wp-content\/uploads\/2026\/09\/ctg22-225x300.jpg 225w, https:\/\/loudavymkrokem.cz\/wp-content\/uploads\/2026\/09\/ctg22-700x933.jpg 700w, https:\/\/loudavymkrokem.cz\/wp-content\/uploads\/2026\/09\/ctg22-768x1024.jpg 768w, https:\/\/loudavymkrokem.cz\/wp-content\/uploads\/2026\/09\/ctg22-1152x1536.jpg 1152w, https:\/\/loudavymkrokem.cz\/wp-content\/uploads\/2026\/09\/ctg22-1536x2048.jpg 1536w, https:\/\/loudavymkrokem.cz\/wp-content\/uploads\/2026\/09\/ctg22-696x928.jpg 696w, https:\/\/loudavymkrokem.cz\/wp-content\/uploads\/2026\/09\/ctg22-1392x1856.jpg 1392w\" sizes=\"(max-width: 1600px) 100vw, 1600px\" \/><button\n\t\t\tclass=\"lightbox-trigger\"\n\t\t\ttype=\"button\"\n\t\t\taria-haspopup=\"dialog\"\n\t\t\tdata-wp-bind--aria-label=\"state.thisImage.triggerButtonAriaLabel\"\n\t\t\tdata-wp-init=\"callbacks.initTriggerButton\"\n\t\t\tdata-wp-on--click=\"actions.showLightbox\"\n\t\t\tdata-wp-style--right=\"state.thisImage.buttonRight\"\n\t\t\tdata-wp-style--top=\"state.thisImage.buttonTop\"\n\t\t>\n\t\t\t<svg xmlns=\"http:\/\/www.w3.org\/2000\/svg\" width=\"12\" height=\"12\" fill=\"none\" viewBox=\"0 0 12 12\">\n\t\t\t\t<path fill=\"#fff\" d=\"M2 0a2 2 0 0 0-2 2v2h1.5V2a.5.5 0 0 1 .5-.5h2V0H2Zm2 10.5H2a.5.5 0 0 1-.5-.5V8H0v2a2 2 0 0 0 2 2h2v-1.5ZM8 12v-1.5h2a.5.5 0 0 0 .5-.5V8H12v2a2 2 0 0 1-2 2H8Zm2-12a2 2 0 0 1 2 2v2h-1.5V2a.5.5 0 0 0-.5-.5H8V0h2Z\" \/>\n\t\t\t<\/svg>\n\t\t<\/button><figcaption class=\"wp-element-caption\">Foto: laura nebreda \/ Google Maps<\/figcaption><\/figure>\n\n\n\n<h3 class=\"wp-block-heading\"><span class=\"ez-toc-section\" id=\"22_Var_du_ater_utan_kott_vegetariska_tips\"><\/span>22. Var du \u00e4ter utan k\u00f6tt (vegetariska tips)<span class=\"ez-toc-section-end\"><\/span><\/h3>\n\n\n\n<p class=\"wp-block-paragraph\">Medan de flesta vanliga turistrestauranger i centrum fr\u00e4mst serverar dyra langusts och friterat fl\u00e4skk\u00f6tt, <strong>finns i staden flera fantastiska och moderna st\u00e4llen med rent v\u00e4xtbaserad inriktning<\/strong>. Jag rekommenderar dig varmt att testa <strong>Restaurante Sambal (fantastiskt betyg 4,9)<\/strong> i Getseman\u00ed, ett innovativt karibiskt bistro som skickligt och kreativt f\u00f6rvandlar traditionella lokala smaker till rent v\u00e4xtbaserade r\u00e4tter.<\/p>\n\n\n\n<p class=\"wp-block-paragraph\">F\u00f6r en snabb, f\u00e4rgstark och mycket h\u00e4lsosam lunch \u00e4r <strong>El Bolol\u00f3 | Bowls del Caribe (betyg 4,8)<\/strong> perfekt, d\u00e4r de g\u00f6r enorma och m\u00e4ttande bowls fulla av ris, b\u00f6nor, plantain och f\u00e4rska gr\u00f6nsaker. En annan absolut p\u00e4rla f\u00f6r vegetarianer som vill ta en paus fr\u00e5n friterad gatumat \u00e4r bistron <strong>SANATOco (betyg 4,9)<\/strong> i den lugnare stadsdelen Manga.<\/p>\n\n\n\n<p class=\"wp-block-paragraph\">Om du p\u00e5 kv\u00e4llen \u00e4r sugen p\u00e5 n\u00e5got mycket modernare \u00e4r <strong>det v\u00e4lrenommerade Pezetarian (betyg 4,8) ett utm\u00e4rkt val<\/strong> \u2014 det erbjuder visserligen asiatisk-karibiskt k\u00f6k med fisk, men har ocks\u00e5 ett enormt urval av fantastiska och v\u00e4lkryddade v\u00e4xtbaserade bowls. F\u00f6r en vacker romantisk atmosf\u00e4r direkt i centrum bes\u00f6k sedan <strong>Casa Boh\u00eame (betyg 4,7)<\/strong> eller mycket stilrena <strong>Restaurante Nami (betyg 4,9)<\/strong>.<\/p>\n\n\n\n<h2 class=\"wp-block-heading\"><span class=\"ez-toc-section\" id=\"Vart_du_aker_vidare_fran_Cartagena_utflykter_i_omgivningen\"><\/span>Vart du \u00e5ker vidare fr\u00e5n Cartagena (utflykter i omgivningen)<span class=\"ez-toc-section-end\"><\/span><\/h2>\n\n\n\n<p class=\"wp-block-paragraph\">N\u00e4r du tr\u00f6ttnar p\u00e5 det st\u00e4ndiga taxituttandet och souvenirlangarna erbjuder <strong>Cartagenas omgivning<\/strong> lugnt en eller tv\u00e5 dagar i en helt annan v\u00e4rld.<\/p>\n\n\n\n<ul class=\"wp-block-list\">\n\n<li><strong>San Basilio de Palenque:<\/strong> Det h\u00e4r \u00e4r en absolut historisk p\u00e4rla <a href=\"https:\/\/ich.unesco.org\/en\/RL\/cultural-space-of-palenque-de-san-basilio-00102\" rel=\"nofollow noopener\" target=\"_blank\">skyddad av Unesco<\/a>. Det handlar om <strong>den allra f\u00f6rsta fria samh\u00e4llet av f\u00f6rrymda afrikanska slavar i hela Amerika<\/strong>, stolt grundad redan 1691. Lokalbefolkningen har \u00e4n idag bevarat sitt eget unika spr\u00e5k (palenquero) och urgamla afrikanska traditioner. Det ligger ungef\u00e4r en och en halv timmes k\u00f6rning fr\u00e5n staden och det \u00e4r absolut n\u00f6dv\u00e4ndigt att bege sig hit med respekt och helst med en guide direkt fr\u00e5n denna lokala gemenskap.<\/li>\n\n\n\n<li><strong>Volc\u00e1n del Totumo:<\/strong> Ungef\u00e4r en timmes bussresa norrut hittar du denna helt bisarra \u201dlervulkan\u201d. Du kl\u00e4ttrar upp f\u00f6r vinglig tr\u00e4trappa p\u00e5 en liten kulle och <strong>s\u00e4nker dig ner i en krater full av tjock, varm lera<\/strong> d\u00e4r du inte kan sjunka tack vare densiteten. Det \u00e4r en r\u00e4tt massturistisk grej, men bilderna d\u00e4rifr\u00e5n \u00e4r otroligt roliga.<\/li>\n\n\n\n<li><strong>Halv\u00f6n Bar\u00fa och Playa Blanca:<\/strong> F\u00f6r den d\u00e4r \u00e4kta fina vita sanden och det turkosa vattnet m\u00e5ste du ta dig ungef\u00e4r en timme utanf\u00f6r staden. <strong>Playa Blanca \u00e4r verkligen underbar, men mitt p\u00e5 dagen lider den av en enorm anstormning av folk<\/strong> fr\u00e5n bussar och b\u00e5tar, s\u00e5 du f\u00e5r ingen ro h\u00e4r. B\u00e4sta upplevelsen f\u00e5r du om du betalar f\u00f6r ett enkelt boende h\u00e4r och njuter av stranden i lugn och ro tidigt p\u00e5 morgonen eller vid solnedg\u00e5ngen, d\u00e5 alla folkmassor \u00e5kt tillbaka till staden.<\/li>\n\n\n\n<li><strong>Santa Marta och nationalparken Tayrona:<\/strong> Om du har mer tid i Colombia och inte bara planerar ett snabbt stopp, bege dig ungef\u00e4r 4 timmar \u00f6sterut med en bekv\u00e4m buss. <strong>Det \u00e4r inget m\u00e5l f\u00f6r en endagsutflykt fr\u00e5n Cartagena<\/strong>, utan ett fantastiskt och n\u00f6dv\u00e4ndigt n\u00e4sta stopp p\u00e5 din resa. D\u00e4r f\u00e5r du tillg\u00e5ng till den vilda otyglade naturen i bergen Sierra Nevada och till de allra vackraste str\u00e4nderna i nationalparken Tayrona.<\/li>\n\n\n<\/ul>\n\n\n\n<p class=\"wp-block-paragraph\">N\u00e4r du <strong>planerar din vistelse<\/strong> ska du ocks\u00e5 absolut ta en titt p\u00e5 v\u00e5r detaljerade artikel <a href=\"https:\/\/loudavymkrokem.cz\/sv\/var-bo-cartagena-colombia\/\">Var du ska bo i Cartagena<\/a>, d\u00e4r vi g\u00e5r igenom de enskilda stadsdelarna in i minsta detalj och tipsar dig om de <strong>b\u00e4sta hotellen<\/strong>. Kika ocks\u00e5 p\u00e5 v\u00e5r guide <a href=\"https:\/\/loudavymkrokem.cz\/co-videt-v-kolumbii\/\">Vad du ska se i Colombia<\/a>, s\u00e5 att hela resan \u00e4r fint planerad, eller l\u00e4s v\u00e5ra tips om <a href=\"https:\/\/loudavymkrokem.cz\/bezpecnost-v-jizni-americe\/\">hur du h\u00e5ller dig s\u00e4ker i Sydamerika<\/a>.<\/p>\n\n\n\n<h2 class=\"wp-block-heading\"><span class=\"ez-toc-section\" id=\"Vanliga_fragor\"><\/span>Vanliga fr\u00e5gor<span class=\"ez-toc-section-end\"><\/span><\/h2>\n\n\n\n<p class=\"wp-block-paragraph\"><strong>Att planera en resa till Colombia<\/strong> f\u00f6r alltid med sig massor av fr\u00e5getecken. H\u00e4r \u00e4r svaren p\u00e5 de <strong>vanligaste fr\u00e5gorna<\/strong> som s\u00e4kert dyker upp i huvudet p\u00e5 dig innan avresan.<\/p>\n\n\n<div id=\"rank-math-faq\" class=\"rank-math-block\">\n<div class=\"rank-math-list \">\n<div id=\"faq-question-1788422655000\" class=\"rank-math-list-item\">\n<h3 class=\"rank-math-question \"><span class=\"ez-toc-section\" id=\"Ar_Cartagena_sakert\"><\/span>\u00c4r Cartagena s\u00e4kert?<span class=\"ez-toc-section-end\"><\/span><\/h3>\n<div class=\"rank-math-answer \">\n\n<p>I den historiska stadsk\u00e4rnan och i det livliga Getseman\u00ed (d\u00e4r det finns en stark och synlig turistpolis) beh\u00f6ver du definitivt inte vara r\u00e4dd under dagtid, <strong>riskerna h\u00e4r \u00e4r maximalt vanliga prisbedr\u00e4gerier och skickliga ficktjuvar<\/strong>. Det verkliga problemet \u00e4r dock det vilda nattlivet. <strong>Drogning av turister med skopolamin (&#8221;dj\u00e4vulens andedr\u00e4kt&#8221;) i syfte att stj\u00e4la \u00e4r ett helt reellt hot<\/strong>. Som till exempel den kanadensiska regeringen varnade f\u00f6r i sin s\u00e4kerhetsvarning fr\u00e5n den 9 juli 2026, utg\u00f6r dejtingappar (Tinder, Bumble) en enorm risk, genom vilka organiserade grupper lockar utl\u00e4nningar. L\u00e4mna aldrig din drink obevakad och g\u00e5 endast p\u00e5 tr\u00e4ffar till offentliga och upplysta st\u00e4llen.<\/p>\n\n<\/div>\n<\/div>\n<div id=\"faq-question-1788422655001\" class=\"rank-math-list-item\">\n<h3 class=\"rank-math-question \"><span class=\"ez-toc-section\" id=\"Hur_ar_det_med_taxibilar_har_de_taxameter\"><\/span>Hur \u00e4r det med taxibilar, har de taxameter?<span class=\"ez-toc-section-end\"><\/span><\/h3>\n<div class=\"rank-math-answer \">\n\n<p>Nej, <strong>taxibilar i Cartagena har oftast ingen taxameter alls<\/strong> och f\u00f6rlitar sig p\u00e5 turisters okunskap. Om du inte kommer \u00f6verens om priset tydligt och klart med f\u00f6raren INNAN du stiger in i bilen, kommer du med s\u00e4kerhet att betala flera g\u00e5nger det normala lokala priset i slutet av resan. Ett mycket b\u00e4ttre och s\u00e4krare alternativ \u00e4r att <strong>anv\u00e4nda moderna appar som Uber, InDriver eller DiDi<\/strong>, d\u00e4r du ser det exakta priset i f\u00f6rv\u00e4g och slipper stressen med att pruta p\u00e5 gatan.<\/p>\n\n<\/div>\n<\/div>\n<div id=\"faq-question-1788422655002\" class=\"rank-math-list-item\">\n<h3 class=\"rank-math-question \"><span class=\"ez-toc-section\" id=\"Ska_jag_aka_till_Rosario-oarna_eller_till_Playa_Blanca\"><\/span>Ska jag \u00e5ka till Rosario-\u00f6arna eller till Playa Blanca?<span class=\"ez-toc-section-end\"><\/span><\/h3>\n<div class=\"rank-math-answer \">\n\n<p>Det beror helt p\u00e5 vad du letar efter i utflykten. <strong>Playa Blanca p\u00e5 halv\u00f6n Bar\u00fa \u00e4r l\u00e4ngre, generellt billigare och du kan ta dig dit \u00f6ver land<\/strong>, men vid middagstid \u00e4r det helt enkelt packat med m\u00e4nniskor och stranden kantas av massor av s\u00e4ljare. <strong>Islas del Rosario \u00e4r o\u00e4ndligt mycket b\u00e4ttre f\u00f6r snorkling<\/strong> och erbjuder en mycket lugnare atmosf\u00e4r i privata beach clubs, men du m\u00e5ste ta dig dit med snabb\u00e5t och d\u00e4r betalas de n\u00e4mnda h\u00f6ga och obehagliga avgifterna f\u00f6r nationalparken och f\u00f6rs\u00e4kring.<\/p>\n\n<\/div>\n<\/div>\n<div id=\"faq-question-1788422655003\" class=\"rank-math-list-item\">\n<h3 class=\"rank-math-question \"><span class=\"ez-toc-section\" id=\"Hur_blir_jag_effektivt_av_med_gatuforsaljare\"><\/span>Hur blir jag effektivt av med gatuf\u00f6rs\u00e4ljare?<span class=\"ez-toc-section-end\"><\/span><\/h3>\n<div class=\"rank-math-answer \">\n\n<p>Grunden f\u00f6r \u00f6verlevnad p\u00e5 gatan \u00e4r att inte stanna upp och inte visa n\u00e5got intresse alls. <strong>Det r\u00e4cker att s\u00e4ga ett mycket kort men best\u00e4mt &#8221;no, gracias&#8221; och forts\u00e4tta g\u00e5 utan \u00f6gonkontakt<\/strong>. En grundl\u00e4ggande regel att komma ih\u00e5g \u00e4r att aldrig ta n\u00e5got fr\u00e5n dem i handen, inte ens om de p\u00e5st\u00e5r att det bara \u00e4r en liten gratis present att prova. S\u00e5 fort du h\u00e5ller varan i handen anser s\u00e4ljaren att aff\u00e4ren \u00e4r genomf\u00f6rd och kommer att kr\u00e4va betalning mycket aggressivt.<\/p>\n\n<\/div>\n<\/div>\n<div id=\"faq-question-1788422655004\" class=\"rank-math-list-item\">\n<h3 class=\"rank-math-question \"><span class=\"ez-toc-section\" id=\"Kan_man_betala_med_amerikanska_dollar_i_Cartagena\"><\/span>Kan man betala med amerikanska dollar i Cartagena?<span class=\"ez-toc-section-end\"><\/span><\/h3>\n<div class=\"rank-math-answer \">\n\n<p>Nej, <strong>den officiella valutan \u00e4r colombianska peso (COP)<\/strong> och allt r\u00e4knas om till den. \u00c4ven om vissa gatuf\u00f6rs\u00e4ljare eller taxichauff\u00f6rer kanske g\u00e4rna tar emot dollar, kommer v\u00e4xelkursen de erbjuder att vara extremt ogynnsam. Ta alltid ut pengar direkt fr\u00e5n bankomater (stora varum\u00e4rken som Bancolombia eller Davivienda \u00e4r p\u00e5litliga och s\u00e4kra), eller v\u00e4xla dem i officiella certifierade v\u00e4xelkontor. <strong>V\u00e4xla aldrig under n\u00e5gra omst\u00e4ndigheter pengar med folk direkt p\u00e5 gatan<\/strong>.<\/p>\n\n<\/div>\n<\/div>\n<div id=\"faq-question-1788422655005\" class=\"rank-math-list-item\">\n<h3 class=\"rank-math-question \"><span class=\"ez-toc-section\" id=\"Kan_man_dricka_kranvatten_i_Cartagena\"><\/span>Kan man dricka kranvatten i Cartagena?<span class=\"ez-toc-section-end\"><\/span><\/h3>\n<div class=\"rank-math-answer \">\n\n<p>Nej, <strong>kranvatten rekommenderas inte alls f\u00f6r utl\u00e4nningar att dricka<\/strong> och kan f\u00f6rst\u00f6ra hela din semester. K\u00f6p alltid flaskvatten och se till att plastkorken har ett obrutet sigill. N\u00e4r det g\u00e4ller is i drinkar beh\u00f6ver du inte vara r\u00e4dd alls p\u00e5 v\u00e4lrenommerade restauranger och barer, eftersom de anv\u00e4nder uteslutande s\u00e4kert renat vatten fr\u00e5n dunkar f\u00f6r tillverkning av is.<\/p>\n\n<\/div>\n<\/div>\n<div id=\"faq-question-1788422655006\" class=\"rank-math-list-item\">\n<h3 class=\"rank-math-question \"><span class=\"ez-toc-section\" id=\"Hur_manga_dagar_behover_jag_i_Cartagena\"><\/span>Hur m\u00e5nga dagar beh\u00f6ver jag i Cartagena?<span class=\"ez-toc-section-end\"><\/span><\/h3>\n<div class=\"rank-math-answer \">\n\n<p>F\u00f6r att sj\u00e4lva besiktiga den historiska stadsk\u00e4rnan, g\u00e5 p\u00e5 murarna och utforska stadsdelen Getseman\u00ed kommer <strong>2 till 3 dagar att r\u00e4cka gott<\/strong>. Men om du vill l\u00e4gga till en heldagsutflykt med b\u00e5t till korall\u00f6arna, ett bes\u00f6k p\u00e5 stranden p\u00e5 Bar\u00fa eller en fascinerande historisk utflykt till byn Palenque, \u00e4r <strong>den ideala och rekommenderade vistelsen 4 till 5 dagar<\/strong>, s\u00e5 att du hinner med allt i lugn takt.<\/p>\n\n<\/div>\n<\/div>\n<\/div>\n<\/div>","protected":false},"excerpt":{"rendered":"<p>P\u00e5 v\u00e4g till karibiska Colombias p\u00e4rla? Uppt\u00e4ck 22 tips p\u00e5 vad du ska se i Cartagena och l\u00e4r dig hur du undviker turistf\u00e4llor och dolda avgifter.<\/p>\n","protected":false},"author":3,"featured_media":415750,"comment_status":"open","ping_status":"open","sticky":false,"template":"","format":"standard","meta":{"_acf_changed":false,"footnotes":"","rank_math_title":"Cartagena Colombia: 22 tips p\u00e5 vad du ska se 2026","rank_math_description":"Cartagena Colombia bjuder p\u00e5 koloniala gr\u00e4nder, karibiska str\u00e4nder och dolda avgifter. Uppt\u00e4ck v\u00e5ra 22 b\u00e4sta tips och planera din resa smart nu!","rank_math_focus_keyword":"cartagena colombia","rank_math_seo_score":""},"categories":[1162],"tags":[],"class_list":["post-417662","post","type-post","status-publish","format-standard","has-post-thumbnail","category-resor"],"acf":[],"featured_image_src":"https:\/\/loudavymkrokem.cz\/wp-content\/uploads\/2026\/09\/panorama-cartageny-fe41065f.jpg","author_info":{"display_name":"Lucie Kone\u010dn\u00e1","author_link":"https:\/\/loudavymkrokem.cz\/sv\/author\/lucie-konecna\/"},"_links":{"self":[{"href":"https:\/\/loudavymkrokem.cz\/sv\/wp-json\/wp\/v2\/posts\/417662","targetHints":{"allow":["GET"]}}],"collection":[{"href":"https:\/\/loudavymkrokem.cz\/sv\/wp-json\/wp\/v2\/posts"}],"about":[{"href":"https:\/\/loudavymkrokem.cz\/sv\/wp-json\/wp\/v2\/types\/post"}],"author":[{"embeddable":true,"href":"https:\/\/loudavymkrokem.cz\/sv\/wp-json\/wp\/v2\/users\/3"}],"replies":[{"embeddable":true,"href":"https:\/\/loudavymkrokem.cz\/sv\/wp-json\/wp\/v2\/comments?post=417662"}],"version-history":[{"count":3,"href":"https:\/\/loudavymkrokem.cz\/sv\/wp-json\/wp\/v2\/posts\/417662\/revisions"}],"predecessor-version":[{"id":417665,"href":"https:\/\/loudavymkrokem.cz\/sv\/wp-json\/wp\/v2\/posts\/417662\/revisions\/417665"}],"wp:featuredmedia":[{"embeddable":true,"href":"https:\/\/loudavymkrokem.cz\/sv\/wp-json\/wp\/v2\/media\/415750"}],"wp:attachment":[{"href":"https:\/\/loudavymkrokem.cz\/sv\/wp-json\/wp\/v2\/media?parent=417662"}],"wp:term":[{"taxonomy":"category","embeddable":true,"href":"https:\/\/loudavymkrokem.cz\/sv\/wp-json\/wp\/v2\/categories?post=417662"},{"taxonomy":"post_tag","embeddable":true,"href":"https:\/\/loudavymkrokem.cz\/sv\/wp-json\/wp\/v2\/tags?post=417662"}],"curies":[{"name":"wp","href":"https:\/\/api.w.org\/{rel}","templated":true}]}}