{"id":417655,"date":"2026-09-04T20:53:47","date_gmt":"2026-09-04T18:53:47","guid":{"rendered":"https:\/\/loudavymkrokem.cz\/var-bo-strasbourg-frankrike\/"},"modified":"2026-09-05T17:07:54","modified_gmt":"2026-09-05T15:07:54","slug":"var-bo-strasbourg-frankrike","status":"publish","type":"post","link":"https:\/\/loudavymkrokem.cz\/sv\/var-bo-strasbourg-frankrike\/","title":{"rendered":"Var bo i Strasbourg, Frankrike: 18 b\u00e4sta hotell och stadsdelar 2026"},"content":{"rendered":"\n<p class=\"wp-block-paragraph\">Strasbourg i Frankrike \u00e4r en stad vars atmosf\u00e4r helt tar dig med, s\u00e4rskilt n\u00e4r dess gr\u00e4nder t\u00e4nds upp av tusentals ljus och doften av gl\u00f6gg sprider sig i luften. Men <strong>att v\u00e4lja r\u00e4tt boende<\/strong> fungerar lite annorlunda h\u00e4r \u00e4n i de flesta europeiska storst\u00e4der, eftersom <strong>det i Strasbourg framf\u00f6r allt \u00e4r datumet som avg\u00f6r<\/strong> \u2013 inte sj\u00e4lva hotellet.<\/p>\n\n\n\n<p class=\"wp-block-paragraph\">Om du planerar ett bes\u00f6k under de ber\u00f6mda julmarknaderna ska du vara beredd p\u00e5 att <strong>ett hotell i den historiska stadsk\u00e4rnan kan kosta upp till tre g\u00e5nger s\u00e5 mycket som i januari<\/strong>. De b\u00e4sta adresserna p\u00e5 \u00f6n Grande \u00cele f\u00f6rsvinner fr\u00e5n bokningssajterna med otrolig hastighet och <strong>s\u00e4ljer g\u00e4rna slut sex till nio m\u00e5nader i f\u00f6rv\u00e4g<\/strong>.<\/p>\n\n\n\n<p class=\"wp-block-paragraph\">Jag ska visa dig hur du undviker de st\u00f6rsta turistf\u00e4llorna \u2013 och avsl\u00f6ja en liten hemlighet som g\u00f6r att du kan spara 30 till 40 procent av adventspriset om du bor bara tio till tjugo minuters promenad utanf\u00f6r den historiska k\u00e4rnan.<\/p>\n\n\n\n<figure data-wp-context=\"{&quot;imageId&quot;:&quot;6a9c45f6a7e16&quot;}\" data-wp-interactive=\"core\/image\" data-wp-key=\"6a9c45f6a7e16\" class=\"wp-block-image size-full wp-lightbox-container\"><img decoding=\"async\" width=\"1920\" height=\"1848\" data-wp-class--hide=\"state.isContentHidden\" data-wp-class--show=\"state.isContentVisible\" data-wp-init=\"callbacks.setButtonStyles\" data-wp-on--click=\"actions.showLightbox\" data-wp-on--load=\"callbacks.setButtonStyles\" data-wp-on--pointerdown=\"actions.preloadImage\" data-wp-on--pointerenter=\"actions.preloadImageWithDelay\" data-wp-on--pointerleave=\"actions.cancelPreload\" data-wp-on-window--resize=\"callbacks.setButtonStyles\" src=\"https:\/\/loudavymkrokem.cz\/wp-content\/uploads\/2026\/09\/grande-ile-historicke-jadro-strasburku-2b97f23a.jpg\" alt=\"Grande \u00cele, Strasbourgs historiska stadsk\u00e4rna\" class=\"wp-image-413380\" title=\"\" srcset=\"https:\/\/loudavymkrokem.cz\/wp-content\/uploads\/2026\/09\/grande-ile-historicke-jadro-strasburku-2b97f23a.jpg 1920w, https:\/\/loudavymkrokem.cz\/wp-content\/uploads\/2026\/09\/grande-ile-historicke-jadro-strasburku-2b97f23a-300x289.jpg 300w, https:\/\/loudavymkrokem.cz\/wp-content\/uploads\/2026\/09\/grande-ile-historicke-jadro-strasburku-2b97f23a-700x674.jpg 700w, https:\/\/loudavymkrokem.cz\/wp-content\/uploads\/2026\/09\/grande-ile-historicke-jadro-strasburku-2b97f23a-768x739.jpg 768w, https:\/\/loudavymkrokem.cz\/wp-content\/uploads\/2026\/09\/grande-ile-historicke-jadro-strasburku-2b97f23a-1536x1478.jpg 1536w, https:\/\/loudavymkrokem.cz\/wp-content\/uploads\/2026\/09\/grande-ile-historicke-jadro-strasburku-2b97f23a-696x670.jpg 696w, https:\/\/loudavymkrokem.cz\/wp-content\/uploads\/2026\/09\/grande-ile-historicke-jadro-strasburku-2b97f23a-1392x1340.jpg 1392w\" sizes=\"(max-width: 1920px) 100vw, 1920px\" \/><button\n\t\t\tclass=\"lightbox-trigger\"\n\t\t\ttype=\"button\"\n\t\t\taria-haspopup=\"dialog\"\n\t\t\tdata-wp-bind--aria-label=\"state.thisImage.triggerButtonAriaLabel\"\n\t\t\tdata-wp-init=\"callbacks.initTriggerButton\"\n\t\t\tdata-wp-on--click=\"actions.showLightbox\"\n\t\t\tdata-wp-style--right=\"state.thisImage.buttonRight\"\n\t\t\tdata-wp-style--top=\"state.thisImage.buttonTop\"\n\t\t>\n\t\t\t<svg xmlns=\"http:\/\/www.w3.org\/2000\/svg\" width=\"12\" height=\"12\" fill=\"none\" viewBox=\"0 0 12 12\">\n\t\t\t\t<path fill=\"#fff\" d=\"M2 0a2 2 0 0 0-2 2v2h1.5V2a.5.5 0 0 1 .5-.5h2V0H2Zm2 10.5H2a.5.5 0 0 1-.5-.5V8H0v2a2 2 0 0 0 2 2h2v-1.5ZM8 12v-1.5h2a.5.5 0 0 0 .5-.5V8H12v2a2 2 0 0 1-2 2H8Zm2-12a2 2 0 0 1 2 2v2h-1.5V2a.5.5 0 0 0-.5-.5H8V0h2Z\" \/>\n\t\t\t<\/svg>\n\t\t<\/button><figcaption class=\"wp-element-caption\">Foto: Cayambe \/ Wikimedia Commons, CC BY-SA 3.0<\/figcaption><\/figure>\n\n\n\n<div id=\"ez-toc-container\" class=\"ez-toc-v2_0_87 ez-toc-wrap-left counter-hierarchy ez-toc-counter ez-toc-grey ez-toc-container-direction\">\n<div class=\"ez-toc-title-container\">\n<p class=\"ez-toc-title\" style=\"cursor:inherit\">Artikelns inneh\u00e5ll<\/p>\n<span class=\"ez-toc-title-toggle\"><a href=\"#\" class=\"ez-toc-pull-right ez-toc-btn ez-toc-btn-xs ez-toc-btn-default ez-toc-toggle\" aria-label=\"Toggle Table of Content\"><span class=\"ez-toc-js-icon-con\"><span class=\"\"><span class=\"eztoc-hide\" style=\"display:none;\">Toggle<\/span><span class=\"ez-toc-icon-toggle-span\"><svg style=\"fill: #999;color:#999\" xmlns=\"http:\/\/www.w3.org\/2000\/svg\" class=\"list-377408\" width=\"20px\" height=\"20px\" viewBox=\"0 0 24 24\" fill=\"none\"><path d=\"M6 6H4v2h2V6zm14 0H8v2h12V6zM4 11h2v2H4v-2zm16 0H8v2h12v-2zM4 16h2v2H4v-2zm16 0H8v2h12v-2z\" fill=\"currentColor\"><\/path><\/svg><svg style=\"fill: #999;color:#999\" class=\"arrow-unsorted-368013\" xmlns=\"http:\/\/www.w3.org\/2000\/svg\" width=\"10px\" height=\"10px\" viewBox=\"0 0 24 24\" version=\"1.2\" baseProfile=\"tiny\"><path d=\"M18.2 9.3l-6.2-6.3-6.2 6.3c-.2.2-.3.4-.3.7s.1.5.3.7c.2.2.4.3.7.3h11c.3 0 .5-.1.7-.3.2-.2.3-.5.3-.7s-.1-.5-.3-.7zM5.8 14.7l6.2 6.3 6.2-6.3c.2-.2.3-.5.3-.7s-.1-.5-.3-.7c-.2-.2-.4-.3-.7-.3h-11c-.3 0-.5.1-.7.3-.2.2-.3.5-.3.7s.1.5.3.7z\"\/><\/svg><\/span><\/span><\/span><\/a><\/span><\/div>\n<nav><ul class='ez-toc-list ez-toc-list-level-1 ' ><ul class='ez-toc-list-level-3' ><li class='ez-toc-heading-level-3'><a class=\"ez-toc-link ez-toc-heading-1\" href=\"https:\/\/loudavymkrokem.cz\/sv\/var-bo-strasbourg-frankrike\/#Sammanfattning_for_dig_som_inte_hinner_lasa_hela_artikeln\" >Sammanfattning f\u00f6r dig som inte hinner l\u00e4sa hela artikeln<\/a><\/li><\/ul><\/li><li class='ez-toc-page-1 ez-toc-heading-level-2'><a class=\"ez-toc-link ez-toc-heading-2\" href=\"https:\/\/loudavymkrokem.cz\/sv\/var-bo-strasbourg-frankrike\/#Vilket_omrade_ska_du_valja_for_ditt_boende\" >Vilket omr\u00e5de ska du v\u00e4lja f\u00f6r ditt boende<\/a><\/li><li class='ez-toc-page-1 ez-toc-heading-level-2'><a class=\"ez-toc-link ez-toc-heading-3\" href=\"https:\/\/loudavymkrokem.cz\/sv\/var-bo-strasbourg-frankrike\/#Nar_du_ska_aka_och_nar_du_ska_boka_rum\" >N\u00e4r du ska \u00e5ka och n\u00e4r du ska boka rum<\/a><\/li><li class='ez-toc-page-1 ez-toc-heading-level-2'><a class=\"ez-toc-link ez-toc-heading-4\" href=\"https:\/\/loudavymkrokem.cz\/sv\/var-bo-strasbourg-frankrike\/#Var_du_ska_bo_i_Strasbourg_18_basta_hotellen\" >Var du ska bo i Strasbourg: 18 b\u00e4sta hotellen<\/a><ul class='ez-toc-list-level-3' ><li class='ez-toc-heading-level-3'><a class=\"ez-toc-link ez-toc-heading-5\" href=\"https:\/\/loudavymkrokem.cz\/sv\/var-bo-strasbourg-frankrike\/#1_Cour_du_Corbeau_Hotel_Strasbourg_MGallery\" >1. Cour du Corbeau Hotel Strasbourg MGallery<\/a><\/li><li class='ez-toc-page-1 ez-toc-heading-level-3'><a class=\"ez-toc-link ez-toc-heading-6\" href=\"https:\/\/loudavymkrokem.cz\/sv\/var-bo-strasbourg-frankrike\/#2_Les_Haras_Hotel_by_Stay_Collection\" >2. Les Haras H\u00f4tel by Stay Collection<\/a><\/li><li class='ez-toc-page-1 ez-toc-heading-level-3'><a class=\"ez-toc-link ez-toc-heading-7\" href=\"https:\/\/loudavymkrokem.cz\/sv\/var-bo-strasbourg-frankrike\/#3_Maison_Rouge_Strasbourg_Hotel_Spa\" >3. Maison Rouge Strasbourg Hotel &#038; Spa<\/a><\/li><li class='ez-toc-page-1 ez-toc-heading-level-3'><a class=\"ez-toc-link ez-toc-heading-8\" href=\"https:\/\/loudavymkrokem.cz\/sv\/var-bo-strasbourg-frankrike\/#4_Hotel_Beaucour\" >4. H\u00f4tel Beaucour<\/a><\/li><li class='ez-toc-page-1 ez-toc-heading-level-3'><a class=\"ez-toc-link ez-toc-heading-9\" href=\"https:\/\/loudavymkrokem.cz\/sv\/var-bo-strasbourg-frankrike\/#5_LEONOR_Hotel_by_Stay_Collection\" >5. L\u00c9ONOR H\u00f4tel by Stay Collection<\/a><\/li><li class='ez-toc-page-1 ez-toc-heading-level-3'><a class=\"ez-toc-link ez-toc-heading-10\" href=\"https:\/\/loudavymkrokem.cz\/sv\/var-bo-strasbourg-frankrike\/#6_Hotel_Tandem\" >6. Hotel Tandem<\/a><\/li><li class='ez-toc-page-1 ez-toc-heading-level-3'><a class=\"ez-toc-link ez-toc-heading-11\" href=\"https:\/\/loudavymkrokem.cz\/sv\/var-bo-strasbourg-frankrike\/#7_Sofitel_Strasbourg_Grande_Ile\" >7. Sofitel Strasbourg Grande \u00cele<\/a><\/li><li class='ez-toc-page-1 ez-toc-heading-level-3'><a class=\"ez-toc-link ez-toc-heading-12\" href=\"https:\/\/loudavymkrokem.cz\/sv\/var-bo-strasbourg-frankrike\/#8_Hotel_Regent_Contades_by_Stay_Collection\" >8. H\u00f4tel R\u00e9gent Contades by Stay Collection<\/a><\/li><li class='ez-toc-page-1 ez-toc-heading-level-3'><a class=\"ez-toc-link ez-toc-heading-13\" href=\"https:\/\/loudavymkrokem.cz\/sv\/var-bo-strasbourg-frankrike\/#9_Pavillon_Regent_Petite_France\" >9. Pavillon R\u00e9gent Petite France<\/a><\/li><li class='ez-toc-page-1 ez-toc-heading-level-3'><a class=\"ez-toc-link ez-toc-heading-14\" href=\"https:\/\/loudavymkrokem.cz\/sv\/var-bo-strasbourg-frankrike\/#10_Hannong_Hotel_Wine_Bar\" >10. Hannong H\u00f4tel &#038; Wine Bar<\/a><\/li><li class='ez-toc-page-1 ez-toc-heading-level-3'><a class=\"ez-toc-link ez-toc-heading-15\" href=\"https:\/\/loudavymkrokem.cz\/sv\/var-bo-strasbourg-frankrike\/#11_Hotel_Gutenberg\" >11. H\u00f4tel Gutenberg<\/a><\/li><li class='ez-toc-page-1 ez-toc-heading-level-3'><a class=\"ez-toc-link ez-toc-heading-16\" href=\"https:\/\/loudavymkrokem.cz\/sv\/var-bo-strasbourg-frankrike\/#12_Hotel_Rohan_Strasbourg\" >12. H\u00f4tel Rohan Strasbourg<\/a><\/li><li class='ez-toc-page-1 ez-toc-heading-level-3'><a class=\"ez-toc-link ez-toc-heading-17\" href=\"https:\/\/loudavymkrokem.cz\/sv\/var-bo-strasbourg-frankrike\/#13_Hotel_de_lEurope_by_HappyCulture\" >13. Hotel de l&#8217;Europe by HappyCulture<\/a><\/li><li class='ez-toc-page-1 ez-toc-heading-level-3'><a class=\"ez-toc-link ez-toc-heading-18\" href=\"https:\/\/loudavymkrokem.cz\/sv\/var-bo-strasbourg-frankrike\/#14_Logis_Hotel_Au_Cerf_dOr\" >14. Logis H\u00f4tel Au Cerf d&#8217;Or<\/a><\/li><li class='ez-toc-page-1 ez-toc-heading-level-3'><a class=\"ez-toc-link ez-toc-heading-19\" href=\"https:\/\/loudavymkrokem.cz\/sv\/var-bo-strasbourg-frankrike\/#15_Best_Western_Plus_Hotel_Monopole_Metropole\" >15. Best Western Plus H\u00f4tel Monopole M\u00e9tropole<\/a><\/li><li class='ez-toc-page-1 ez-toc-heading-level-3'><a class=\"ez-toc-link ez-toc-heading-20\" href=\"https:\/\/loudavymkrokem.cz\/sv\/var-bo-strasbourg-frankrike\/#16_Hotel_Arok\" >16. H\u00f4tel Arok<\/a><\/li><li class='ez-toc-page-1 ez-toc-heading-level-3'><a class=\"ez-toc-link ez-toc-heading-21\" href=\"https:\/\/loudavymkrokem.cz\/sv\/var-bo-strasbourg-frankrike\/#17_Ciarus\" >17. Ciarus<\/a><\/li><li class='ez-toc-page-1 ez-toc-heading-level-3'><a class=\"ez-toc-link ez-toc-heading-22\" href=\"https:\/\/loudavymkrokem.cz\/sv\/var-bo-strasbourg-frankrike\/#18_Chateau_de_Pourtales\" >18. Ch\u00e2teau de Pourtal\u00e8s<\/a><\/li><\/ul><\/li><li class='ez-toc-page-1 ez-toc-heading-level-2'><a class=\"ez-toc-link ez-toc-heading-23\" href=\"https:\/\/loudavymkrokem.cz\/sv\/var-bo-strasbourg-frankrike\/#Hur_du_valjer_ratt_hotell\" >Hur du v\u00e4ljer r\u00e4tt hotell<\/a><\/li><li class='ez-toc-page-1 ez-toc-heading-level-2'><a class=\"ez-toc-link ez-toc-heading-24\" href=\"https:\/\/loudavymkrokem.cz\/sv\/var-bo-strasbourg-frankrike\/#Vart_du_ska_harnast\" >Vart du ska h\u00e4rn\u00e4st<\/a><\/li><li class='ez-toc-page-1 ez-toc-heading-level-2'><a class=\"ez-toc-link ez-toc-heading-25\" href=\"https:\/\/loudavymkrokem.cz\/sv\/var-bo-strasbourg-frankrike\/#Vanliga_fragor\" >Vanliga fr\u00e5gor<\/a><ul class='ez-toc-list-level-3' ><li class='ez-toc-heading-level-3'><a class=\"ez-toc-link ez-toc-heading-26\" href=\"https:\/\/loudavymkrokem.cz\/sv\/var-bo-strasbourg-frankrike\/#Nar_ar_den_basta_tiden_att_boka_hotell_for_julmarknaderna\" >N\u00e4r \u00e4r den b\u00e4sta tiden att boka hotell f\u00f6r julmarknaderna?<\/a><\/li><li class='ez-toc-page-1 ez-toc-heading-level-3'><a class=\"ez-toc-link ez-toc-heading-27\" href=\"https:\/\/loudavymkrokem.cz\/sv\/var-bo-strasbourg-frankrike\/#Var_hittar_jag_billigast_boende_i_Strasbourg\" >Var hittar jag billigast boende i Strasbourg?<\/a><\/li><li class='ez-toc-page-1 ez-toc-heading-level-3'><a class=\"ez-toc-link ez-toc-heading-28\" href=\"https:\/\/loudavymkrokem.cz\/sv\/var-bo-strasbourg-frankrike\/#Kan_man_bekvamt_parkera_vid_hotellet_i_Strasbourg\" >Kan man bekv\u00e4mt parkera vid hotellet i Strasbourg?<\/a><\/li><li class='ez-toc-page-1 ez-toc-heading-level-3'><a class=\"ez-toc-link ez-toc-heading-29\" href=\"https:\/\/loudavymkrokem.cz\/sv\/var-bo-strasbourg-frankrike\/#Lonar_det_sig_att_bo_i_kvarteret_Petite_France\" >L\u00f6nar det sig att bo i kvarteret Petite France?<\/a><\/li><li class='ez-toc-page-1 ez-toc-heading-level-3'><a class=\"ez-toc-link ez-toc-heading-30\" href=\"https:\/\/loudavymkrokem.cz\/sv\/var-bo-strasbourg-frankrike\/#Blir_hotellen_dyrare_under_Europaparlamentets_sammantraden\" >Blir hotellen dyrare under Europaparlamentets sammantr\u00e4den?<\/a><\/li><li class='ez-toc-page-1 ez-toc-heading-level-3'><a class=\"ez-toc-link ez-toc-heading-31\" href=\"https:\/\/loudavymkrokem.cz\/sv\/var-bo-strasbourg-frankrike\/#Vad_ska_man_smaka_pa_i_Strasbourg_fran_det_lokala_koket\" >Vad ska man smaka p\u00e5 i Strasbourg fr\u00e5n det lokala k\u00f6ket?<\/a><\/li><li class='ez-toc-page-1 ez-toc-heading-level-3'><a class=\"ez-toc-link ez-toc-heading-32\" href=\"https:\/\/loudavymkrokem.cz\/sv\/var-bo-strasbourg-frankrike\/#Ar_Strasbourg_en_bra_bas_for_utflykter_i_Alsace\" >\u00c4r Strasbourg en bra bas f\u00f6r utflykter i Alsace?<\/a><\/li><\/ul><\/li><\/ul><\/nav><\/div>\n<h3 class=\"wp-block-heading\"><span class=\"ez-toc-section\" id=\"Sammanfattning_for_dig_som_inte_hinner_lasa_hela_artikeln\"><\/span>Sammanfattning f\u00f6r dig som inte hinner l\u00e4sa hela artikeln<span class=\"ez-toc-section-end\"><\/span><\/h3>\n\n\n\n<p class=\"wp-block-paragraph\">Hinner du inte l\u00e4sa hela artikeln? Ingen stress, h\u00e4r \u00e4r mina tips i korthet:<\/p>\n\n\n\n<ul class=\"wp-block-list\">\n\n<li><strong>B\u00e4sta hotellet totalt:<\/strong> <strong>Cour du Corbeau Hotel Strasbourg<\/strong> ligger i en fantastisk 1500-talsbyggnad och erbjuder stadens vackraste adress.<\/li>\n\n\n\n<li><strong>B\u00e4st pris i f\u00f6rh\u00e5llande till l\u00e4ge:<\/strong> <strong>Best Western Plus H\u00f4tel Monopole M\u00e9tropole<\/strong> vid stationen \u00e4r ett p\u00e5litligt val med utm\u00e4rkt tillg\u00e4nglighet till centrum.<\/li>\n\n\n\n<li><strong>F\u00f6r dig som \u00e4lskar lyx och design:<\/strong> <strong>L\u00c9ONOR H\u00f4tel<\/strong> f\u00f6renar modern inredning med historisk arkitektur och har ett eget v\u00e4lrenommerat konditori.<\/li>\n\n\n\n<li><strong>Mest romantiska utsikten:<\/strong> <strong>Pavillon R\u00e9gent Petite France<\/strong> bjuder p\u00e5 vykortsvackra vyer mitt i den pittoreska kanalstadsdelen.<\/li>\n\n\n\n<li><strong>Perfekt f\u00f6r dig som reser med bil:<\/strong> <strong>Ch\u00e2teau de Pourtal\u00e8s<\/strong> ligger i gr\u00f6nskan utanf\u00f6r staden och tack vare Park &#038; Ride-systemet tar du dig helt stressfritt in till centrum.<\/li>\n\n\n\n<li><strong>B\u00e4sta budgetvalet:<\/strong> Vandrarhemmet <strong>Ciarus<\/strong> erbjuder rena privata rum och flerb\u00e4ddsrum inom g\u00e5ngavst\u00e5nd fr\u00e5n de st\u00f6rsta sev\u00e4rdheterna.<\/li>\n\n\n<\/ul>\n\n\n\n<p class=\"wp-block-paragraph\"><em>\ud83d\udca1 <a href=\"https:\/\/www.stay22.com\/allez\/roam?aid=lukaskonecny&#038;campaign=loudavymkrokemcz&#038;campaign=kde-bydlet-ve-strasburku&#038;address=%C5%A0trasburk%2C%20Francie\" target=\"_blank\" rel=\"nofollow noopener sponsored\">P\u00e5 den h\u00e4r kartan kan du j\u00e4mf\u00f6ra vad som \u00e4r ledigt just nu<\/a> \u2013 du ser ocks\u00e5 hur mycket billigare boendet blir n\u00e5gra h\u00e5llplatser fr\u00e5n centrum.<\/em><\/p>\n\n\n\n<h2 class=\"wp-block-heading\"><span class=\"ez-toc-section\" id=\"Vilket_omrade_ska_du_valja_for_ditt_boende\"><\/span>Vilket omr\u00e5de ska du v\u00e4lja f\u00f6r ditt boende<span class=\"ez-toc-section-end\"><\/span><\/h2>\n\n\n\n<p class=\"wp-block-paragraph\">Strasbourg \u00e4r en ganska kompakt stad, men de olika stadsdelarna skiljer sig dramatiskt \u00e5t \u2013 inte bara i atmosf\u00e4r utan framf\u00f6r allt i prisniv\u00e5. Innan du b\u00f6rjar bl\u00e4ddra igenom bokningssajterna \u00e4r det <strong>avg\u00f6rande att du blir klar \u00f6ver vilket l\u00e4ge som passar din resplan<\/strong> och budget b\u00e4st.<\/p>\n\n\n\n<p class=\"wp-block-paragraph\">Den absoluta historiska k\u00e4rnan \u00e4r <strong>\u00f6n Grande \u00cele<\/strong>, som skyddas fr\u00e5n alla h\u00e5ll av floden Ills armar och sedan 1988 finns med p\u00e5 <a href=\"https:\/\/whc.unesco.org\/en\/list\/495\/\" rel=\"nofollow noopener\" target=\"_blank\">Unescos v\u00e4rldsarvslista<\/a>. H\u00e4r hittar du de mest lyxiga hotellen g\u00f6mda i ur\u00e5ldriga borgarhus, och till den imponerande katedralen Notre-Dame har du bara n\u00e5gra steg. Du f\u00e5r dock r\u00e4kna med att <strong>du f\u00e5r betala rej\u00e4lt f\u00f6r detta exklusiva l\u00e4ge<\/strong>, och under adventstiden brukar det vara hoppl\u00f6st uts\u00e5lt.<\/p>\n\n\n\n<p class=\"wp-block-paragraph\">Om du \u00e4r ute efter perfekta bilder ska du styra kosan till <strong>stadsdelen Petite France<\/strong>. Dess gr\u00e4nder kantas av otroligt fotogeniska korsvirkeshus fr\u00e5n stadens forna garvare, som romantiskt speglar sig i kanalernas lugna vatten. Det \u00e4r en sagolik plats f\u00f6r par, men <strong>under julmarknaderna kan du knappt tr\u00e4nga dig fram genom de smala gr\u00e4nderna<\/strong>, s\u00e5 s\u00f6ker du lugn och ro hittar du det definitivt inte h\u00e4r i december.<\/p>\n\n\n\n<p class=\"wp-block-paragraph\">F\u00f6r dig som h\u00e5ller koll p\u00e5 budgeten \u00e4r <strong>omr\u00e5det kring <a href=\"https:\/\/www.garesetconnexions.sncf\/fr\/gares-services\/strasbourg\" rel=\"nofollow noopener\" target=\"_blank\">t\u00e5gstationen (Gare)<\/a> den klara vinnaren<\/strong>. Vid f\u00f6rsta anblicken ser det kanske inte ut som klippt ur en romantisk film, men det g\u00f6mmer det allra b\u00e4sta f\u00f6rh\u00e5llandet mellan pris och strategiskt l\u00e4ge. Till fots tar du dig till den historiska k\u00e4rnan p\u00e5 knappt tio minuter, och <strong>hotell i alla kategorier brukar vara betydligt billigare h\u00e4r<\/strong> \u00e4n p\u00e5 sj\u00e4lva \u00f6n.<\/p>\n\n\n\n<p class=\"wp-block-paragraph\">Den som \u00e4lskar lugn uppskattar <strong>studentkvarteret Krutenau och grannstadsdelen, den monumentala tyska Neustadt<\/strong>, som f\u00f6rresten ocks\u00e5 st\u00e5r under Unescos beskydd sedan 2017. Just h\u00e4r hittar du lugnare boende, och till centrum tar du dig med en behaglig promenad p\u00e5 ungef\u00e4r femton minuter. En stor bonus \u00e4r att <strong>hotellen i dessa stadsdelar brukar vara 30 till 40 procent billigare<\/strong>, vilket g\u00f6r enorm skillnad under en l\u00e4ngre vistelse.<\/p>\n\n\n\n<p class=\"wp-block-paragraph\">Jag m\u00e5ste ocks\u00e5 n\u00e4mna <strong>det eleganta Europakvarteret och omr\u00e5det kring parken Orangerie<\/strong>, som gl\u00e4der alla som s\u00f6ker en flykt undan turistmassorna. Fr\u00e5n detta gr\u00f6na omr\u00e5de tar du dig snabbt och bekv\u00e4mt in till centrum med sp\u00e5rvagn linje E. L\u00e4gen utanf\u00f6r staden, som <strong>Robertsau eller Montagne Verte, \u00e4r bara vettiga om du kommer med bil<\/strong>. H\u00e4r parkerar du mycket l\u00e4ttare och tar dig sedan in till centrum med hj\u00e4lp av infartsparkeringar.<\/p>\n\n\n\n<h2 class=\"wp-block-heading\"><span class=\"ez-toc-section\" id=\"Nar_du_ska_aka_och_nar_du_ska_boka_rum\"><\/span>N\u00e4r du ska \u00e5ka och n\u00e4r du ska boka rum<span class=\"ez-toc-section-end\"><\/span><\/h2>\n\n\n\n<p class=\"wp-block-paragraph\">Att planera en resa till Alsaces huvudstad styrs av en enda huvudregel. <strong>I Strasbourg avg\u00f6rs boendepriset n\u00e4mligen framf\u00f6r allt av datumet<\/strong>, och f\u00f6rst i andra hand av sj\u00e4lva hotellet.<\/p>\n\n\n\n<p class=\"wp-block-paragraph\">Om du \u00e4r p\u00e5 v\u00e4g till de ber\u00f6mda <a href=\"https:\/\/noel.strasbourg.eu\/en\/accueil\" rel=\"nofollow noopener\" target=\"_blank\">julmarknaderna<\/a>, som <strong>2026 p\u00e5g\u00e5r mellan den 27 november och 27 december<\/strong>, m\u00e5ste du b\u00f6rja planera med enorm framf\u00f6rh\u00e5llning. Advent \u00e4r den \u00f6verl\u00e4gset dyraste perioden p\u00e5 hela \u00e5ret i den h\u00e4r staden, och prisskillnaden \u00e4r helt enkelt avgrundsdjup. <strong>Boendepriserna i den historiska stadsk\u00e4rnan skjuter upp till tre g\u00e5nger de vanliga januaripriserna<\/strong>, vilket g\u00f6r Strasbourg till en av Europas dyraste adventsdestinationer.<\/p>\n\n\n\n<p class=\"wp-block-paragraph\">De mest eftertraktade och b\u00e4st betygsatta hotellen p\u00e5 \u00f6n Grande \u00cele <strong>s\u00e4ljer g\u00e4rna slut sex till nio m\u00e5nader i f\u00f6rv\u00e4g<\/strong>. Vill du allts\u00e5 sova alldeles n\u00e4ra katedralen i december b\u00f6r du ha bokningen klar redan under v\u00e5rm\u00e5naderna. Men det finns ett riktigt bra knep f\u00f6r att spara rej\u00e4lt p\u00e5 boendet. <strong>Det r\u00e4cker att v\u00e4lja ett hotell ungef\u00e4r tjugo minuters promenad utanf\u00f6r den historiska k\u00e4rnan<\/strong>, d\u00e4r adventspriserna sjunker 30 till 40 procent.<\/p>\n\n\n\n<p class=\"wp-block-paragraph\">Ur ett helhetsperspektiv \u00e4r <strong>ett bes\u00f6k i januari absolut billigast<\/strong>, d\u00e5 staden \u00e4ntligen somnar in efter de hektiska helgerna och du kan njuta av dess sk\u00f6nhet utan de allest\u00e4des n\u00e4rvarande folkmassorna. Men om du l\u00e4ngtar efter behagligt v\u00e4der f\u00f6r l\u00e5nga promenader l\u00e4ngs kanalerna och sittande p\u00e5 caf\u00e9ernas uteserveringar bjuder <strong>maj, juni och september p\u00e5 de vackraste f\u00f6rh\u00e5llandena<\/strong>. Under dessa m\u00e5nader h\u00e5ller sig dessutom boendepriserna p\u00e5 en v\u00e4ldigt rimlig niv\u00e5.<\/p>\n\n\n\n<p class=\"wp-block-paragraph\">Se ocks\u00e5 upp med <strong>Europaparlamentets regelbundna plenarsammantr\u00e4den<\/strong>, som verkligen kan r\u00f6ra om ordentligt bland hotellpriserna. Under dessa dagar fylls kapaciteten blixtsnabbt, inte bara i sj\u00e4lva Europakvarteret utan i hela den historiska stadsk\u00e4rnan. <strong>Datumen f\u00f6r sammantr\u00e4dena g\u00e5r l\u00e4tt att hitta i f\u00f6rv\u00e4g p\u00e5 <a href=\"https:\/\/www.europarl.europa.eu\/plenary\/en\/home.html\" rel=\"nofollow noopener\" target=\"_blank\">den officiella webbplatsen<\/a><\/strong>, och \u00e4r du inte bunden till ett fast datum l\u00f6nar det sig verkligen att planera resan utanf\u00f6r dessa dagar.<\/p>\n\n\n\n<h2 class=\"wp-block-heading\"><span class=\"ez-toc-section\" id=\"Var_du_ska_bo_i_Strasbourg_18_basta_hotellen\"><\/span>Var du ska bo i Strasbourg: 18 b\u00e4sta hotellen<span class=\"ez-toc-section-end\"><\/span><\/h2>\n\n\n\n<p class=\"wp-block-paragraph\">L\u00e5t oss titta p\u00e5 konkreta tips p\u00e5 <strong>var du ska bo i Strasbourg<\/strong> f\u00f6r att ta med dig de b\u00e4sta upplevelserna hem. Jag har valt ut boenden i olika prisklasser, <strong>fr\u00e5n lyxiga historiska palats till det smarta valet vid stationen<\/strong>.<\/p>\n\n\n\n<figure data-wp-context=\"{&quot;imageId&quot;:&quot;6a9c45f6a8bc0&quot;}\" data-wp-interactive=\"core\/image\" data-wp-key=\"6a9c45f6a8bc0\" class=\"wp-block-image size-full wp-lightbox-container\"><img decoding=\"async\" width=\"1600\" height=\"1067\" data-wp-class--hide=\"state.isContentHidden\" data-wp-class--show=\"state.isContentVisible\" data-wp-init=\"callbacks.setButtonStyles\" data-wp-on--click=\"actions.showLightbox\" data-wp-on--load=\"callbacks.setButtonStyles\" data-wp-on--pointerdown=\"actions.preloadImage\" data-wp-on--pointerenter=\"actions.preloadImageWithDelay\" data-wp-on--pointerleave=\"actions.cancelPreload\" data-wp-on-window--resize=\"callbacks.setButtonStyles\" src=\"https:\/\/loudavymkrokem.cz\/wp-content\/uploads\/2026\/09\/cour-du-corbeau-hotel-strasbourg-mgallery.jpg\" alt=\"Hotell Cour du Corbeau Hotel Strasbourg MGallery\" class=\"wp-image-413030\" title=\"\" srcset=\"https:\/\/loudavymkrokem.cz\/wp-content\/uploads\/2026\/09\/cour-du-corbeau-hotel-strasbourg-mgallery.jpg 1600w, https:\/\/loudavymkrokem.cz\/wp-content\/uploads\/2026\/09\/cour-du-corbeau-hotel-strasbourg-mgallery-300x200.jpg 300w, https:\/\/loudavymkrokem.cz\/wp-content\/uploads\/2026\/09\/cour-du-corbeau-hotel-strasbourg-mgallery-700x467.jpg 700w, https:\/\/loudavymkrokem.cz\/wp-content\/uploads\/2026\/09\/cour-du-corbeau-hotel-strasbourg-mgallery-768x512.jpg 768w, https:\/\/loudavymkrokem.cz\/wp-content\/uploads\/2026\/09\/cour-du-corbeau-hotel-strasbourg-mgallery-1536x1024.jpg 1536w, https:\/\/loudavymkrokem.cz\/wp-content\/uploads\/2026\/09\/cour-du-corbeau-hotel-strasbourg-mgallery-696x464.jpg 696w, https:\/\/loudavymkrokem.cz\/wp-content\/uploads\/2026\/09\/cour-du-corbeau-hotel-strasbourg-mgallery-1392x928.jpg 1392w\" sizes=\"(max-width: 1600px) 100vw, 1600px\" \/><button\n\t\t\tclass=\"lightbox-trigger\"\n\t\t\ttype=\"button\"\n\t\t\taria-haspopup=\"dialog\"\n\t\t\tdata-wp-bind--aria-label=\"state.thisImage.triggerButtonAriaLabel\"\n\t\t\tdata-wp-init=\"callbacks.initTriggerButton\"\n\t\t\tdata-wp-on--click=\"actions.showLightbox\"\n\t\t\tdata-wp-style--right=\"state.thisImage.buttonRight\"\n\t\t\tdata-wp-style--top=\"state.thisImage.buttonTop\"\n\t\t>\n\t\t\t<svg xmlns=\"http:\/\/www.w3.org\/2000\/svg\" width=\"12\" height=\"12\" fill=\"none\" viewBox=\"0 0 12 12\">\n\t\t\t\t<path fill=\"#fff\" d=\"M2 0a2 2 0 0 0-2 2v2h1.5V2a.5.5 0 0 1 .5-.5h2V0H2Zm2 10.5H2a.5.5 0 0 1-.5-.5V8H0v2a2 2 0 0 0 2 2h2v-1.5ZM8 12v-1.5h2a.5.5 0 0 0 .5-.5V8H12v2a2 2 0 0 1-2 2H8Zm2-12a2 2 0 0 1 2 2v2h-1.5V2a.5.5 0 0 0-.5-.5H8V0h2Z\" \/>\n\t\t\t<\/svg>\n\t\t<\/button><figcaption class=\"wp-element-caption\">Foto: Cour du Corbeau Hotel Strasbourg &#8211; MGallery Collection \/ Google Maps<\/figcaption><\/figure>\n\n\n\n<h3 class=\"wp-block-heading\"><span class=\"ez-toc-section\" id=\"1_Cour_du_Corbeau_Hotel_Strasbourg_MGallery\"><\/span>1. Cour du Corbeau Hotel Strasbourg MGallery<span class=\"ez-toc-section-end\"><\/span><\/h3>\n\n\n\n<p class=\"wp-block-paragraph\">Det h\u00e4r f\u00f6rtrollande hotellet <strong><a href=\"https:\/\/www.stay22.com\/allez\/roam?aid=lukaskonecny&#038;campaign=loudavymkrokemcz&#038;campaign=kde-bydlet-ve-strasburku&#038;hotelname=Cour%20du%20Corbeau%20Hotel%20Strasbourg%20MGallery&#038;address=%C5%A0trasburk%2C%20Francie\" target=\"_blank\" rel=\"noopener nofollow sponsored\">Cour du Corbeau Hotel Strasbourg MGallery<\/a><\/strong>, som redan i d\u00f6rren \u00f6vertygar dig om att du inte har betalat extra i on\u00f6dan, kan stoltsera med ett fantastiskt betyg p\u00e5 4,8 baserat p\u00e5 \u00f6ver tolvhundra recensioner, vilket g\u00f6r det till <strong>det utan konkurrens b\u00e4st betygsatta boendet i hela staden<\/strong>. Det ligger i en omsorgsfullt restaurerad byggnad fr\u00e5n 1500-talet som charmar dig direkt n\u00e4r du kliver in. <strong>Den typiska tr\u00e4lovg\u00e5ngen och den otroligt lugna innerg\u00e5rden<\/strong> skapar en unik atmosf\u00e4r, som om du pl\u00f6tsligt hade hamnat i en helt annan historisk epok.<\/p>\n\n\n\n<p class=\"wp-block-paragraph\">Det ligger bara n\u00e5gra minuters sk\u00f6n promenad fr\u00e5n katedralen Notre-Dame, s\u00e5 du har <strong>alla de st\u00f6rsta sev\u00e4rdheterna som p\u00e5 en bricka<\/strong>, samtidigt som du njuter av perfekt lugn en bit fr\u00e5n den v\u00e4rsta turisttr\u00e4ngseln. Varje rum h\u00e4r \u00e4r unikt med olika detaljer, och <strong>hela komplexet andas otrolig historia<\/strong> som den moderna, mycket bekv\u00e4ma utrustningen bara kompletterar varsamt och funktionellt.<\/p>\n\n\n\n<p class=\"wp-block-paragraph\">Personalen h\u00e4r vet hur man tar hand om g\u00e4sterna \u2013 och frukosten? F\u00e4rskt alsassiskt br\u00f6d, lokala ostar, gott kaffe. P\u00e5 morgonen vill du inte kliva ur s\u00e4ngen. Runt omkring hittar du dessutom otaliga utm\u00e4rkta traditionella restauranger dit du kan bege dig p\u00e5 en romantisk middag.<\/p>\n\n\n\n<p class=\"wp-block-paragraph\">\ud83d\udca1 <strong>Tips:<\/strong> Om du letar efter <strong>den vackraste adressen i Strasbourg<\/strong> och inte har n\u00e5got emot att betala extra f\u00f6r exceptionell lyx i kombination med perfekt service, kommer det h\u00e4r hotellet garanterat att f\u00f6rtjusa dig och sj\u00e4lva vistelsen blir en of\u00f6rgl\u00f6mlig upplevelse.<\/p>\n\n\n\n<figure data-wp-context=\"{&quot;imageId&quot;:&quot;6a9c45f6a908c&quot;}\" data-wp-interactive=\"core\/image\" data-wp-key=\"6a9c45f6a908c\" class=\"wp-block-image size-full wp-lightbox-container\"><img decoding=\"async\" width=\"1600\" height=\"1067\" data-wp-class--hide=\"state.isContentHidden\" data-wp-class--show=\"state.isContentVisible\" data-wp-init=\"callbacks.setButtonStyles\" data-wp-on--click=\"actions.showLightbox\" data-wp-on--load=\"callbacks.setButtonStyles\" data-wp-on--pointerdown=\"actions.preloadImage\" data-wp-on--pointerenter=\"actions.preloadImageWithDelay\" data-wp-on--pointerleave=\"actions.cancelPreload\" data-wp-on-window--resize=\"callbacks.setButtonStyles\" src=\"https:\/\/loudavymkrokem.cz\/wp-content\/uploads\/2026\/09\/les-haras-h-tel-by-stay-collection.jpg\" alt=\"Hotell Les Haras H\u00f4tel by Stay Collection\" class=\"wp-image-413036\" title=\"\" srcset=\"https:\/\/loudavymkrokem.cz\/wp-content\/uploads\/2026\/09\/les-haras-h-tel-by-stay-collection.jpg 1600w, https:\/\/loudavymkrokem.cz\/wp-content\/uploads\/2026\/09\/les-haras-h-tel-by-stay-collection-300x200.jpg 300w, https:\/\/loudavymkrokem.cz\/wp-content\/uploads\/2026\/09\/les-haras-h-tel-by-stay-collection-700x467.jpg 700w, https:\/\/loudavymkrokem.cz\/wp-content\/uploads\/2026\/09\/les-haras-h-tel-by-stay-collection-768x512.jpg 768w, https:\/\/loudavymkrokem.cz\/wp-content\/uploads\/2026\/09\/les-haras-h-tel-by-stay-collection-1536x1024.jpg 1536w, https:\/\/loudavymkrokem.cz\/wp-content\/uploads\/2026\/09\/les-haras-h-tel-by-stay-collection-696x464.jpg 696w, https:\/\/loudavymkrokem.cz\/wp-content\/uploads\/2026\/09\/les-haras-h-tel-by-stay-collection-1392x928.jpg 1392w\" sizes=\"(max-width: 1600px) 100vw, 1600px\" \/><button\n\t\t\tclass=\"lightbox-trigger\"\n\t\t\ttype=\"button\"\n\t\t\taria-haspopup=\"dialog\"\n\t\t\tdata-wp-bind--aria-label=\"state.thisImage.triggerButtonAriaLabel\"\n\t\t\tdata-wp-init=\"callbacks.initTriggerButton\"\n\t\t\tdata-wp-on--click=\"actions.showLightbox\"\n\t\t\tdata-wp-style--right=\"state.thisImage.buttonRight\"\n\t\t\tdata-wp-style--top=\"state.thisImage.buttonTop\"\n\t\t>\n\t\t\t<svg xmlns=\"http:\/\/www.w3.org\/2000\/svg\" width=\"12\" height=\"12\" fill=\"none\" viewBox=\"0 0 12 12\">\n\t\t\t\t<path fill=\"#fff\" d=\"M2 0a2 2 0 0 0-2 2v2h1.5V2a.5.5 0 0 1 .5-.5h2V0H2Zm2 10.5H2a.5.5 0 0 1-.5-.5V8H0v2a2 2 0 0 0 2 2h2v-1.5ZM8 12v-1.5h2a.5.5 0 0 0 .5-.5V8H12v2a2 2 0 0 1-2 2H8Zm2-12a2 2 0 0 1 2 2v2h-1.5V2a.5.5 0 0 0-.5-.5H8V0h2Z\" \/>\n\t\t\t<\/svg>\n\t\t<\/button><figcaption class=\"wp-element-caption\">Foto: Les Haras H\u00f4tel by Stay Collection \/ Google Maps<\/figcaption><\/figure>\n\n\n\n<h3 class=\"wp-block-heading\"><span class=\"ez-toc-section\" id=\"2_Les_Haras_Hotel_by_Stay_Collection\"><\/span>2. Les Haras H\u00f4tel by Stay Collection<span class=\"ez-toc-section-end\"><\/span><\/h3>\n\n\n\n<p class=\"wp-block-paragraph\">F\u00f6rest\u00e4ll dig ett boende i en vidstr\u00e4ckt byggnad som en g\u00e5ng tj\u00e4nade som ett prestigefyllt kungligt stuteri fr\u00e5n 1700-talet, och som idag har f\u00f6rvandlats till det h\u00e4nf\u00f6rande designhotellet <strong><a href=\"https:\/\/www.stay22.com\/allez\/roam?aid=lukaskonecny&#038;campaign=loudavymkrokemcz&#038;campaign=kde-bydlet-ve-strasburku&#038;hotelname=Les%20Haras%20H%C3%B4tel%20by%20Stay%20Collection&#038;address=%C5%A0trasburk%2C%20Francie\" target=\"_blank\" rel=\"noopener nofollow sponsored\">Les Haras H\u00f4tel by Stay Collection<\/a><\/strong> med toppbetyget 4,6. Arkitekterna har gjort ett str\u00e5lande jobb h\u00e4r och <strong>f\u00f6renat de ur\u00e5ldriga frilagda tr\u00e4timmerbj\u00e4lkarna perfekt med modern elegans<\/strong>, l\u00e4der och lyxiga material.<\/p>\n\n\n\n<p class=\"wp-block-paragraph\">Ett stort dragpl\u00e5ster p\u00e5 detta fyrstj\u00e4rniga komplex \u00e4r det <strong>vackra hotellspat med pool<\/strong>, d\u00e4r du kan unna dig en v\u00e4lf\u00f6rtj\u00e4nt vila efter en l\u00e5ng dag med att uppt\u00e4cka Alsaces huvudstad. V\u00e4rd att n\u00e4mnas s\u00e4rskilt \u00e4r ocks\u00e5 den <strong>mycket uppskattade restaurangen mitt i de ursprungliga stallen (ja, du \u00e4ter d\u00e4r h\u00e4starna en g\u00e5ng stod, och det k\u00e4nns inte alls konstigt, snarare tv\u00e4rtom)<\/strong>, som bjuder p\u00e5 en fantastisk kulinarisk upplevelse.<\/p>\n\n\n\n<p class=\"wp-block-paragraph\">Hotellet ligger i en n\u00e5got lugnare del av staden, men till den historiska k\u00e4rnan och den ber\u00f6mda stadsdelen Petite France tar du dig med en sk\u00f6n promenad p\u00e5 knappt tio minuter. <strong>Rummen \u00e4r v\u00e4ldigt rymliga, extra ljudisolerade<\/strong> och stoltserar med f\u00f6rstklassiga s\u00e4ngar som g\u00f6r att du sover som en prins p\u00e5 resan.<\/p>\n\n\n\n<p class=\"wp-block-paragraph\">\ud83d\udca1 <strong>Tips:<\/strong> Det h\u00e4r hotellet \u00e4r <strong>ett idealiskt val f\u00f6r alla som \u00e4lskar toppdesign och unik historia<\/strong> och uppskattar ett lugnare l\u00e4ge med fantastisk service. Vill du njuta av en \u00f6verd\u00e5dig kv\u00e4ll, gl\u00f6m inte att boka bord p\u00e5 hotellrestaurangen i god tid.<\/p>\n\n\n\n<figure data-wp-context=\"{&quot;imageId&quot;:&quot;6a9c45f6a96eb&quot;}\" data-wp-interactive=\"core\/image\" data-wp-key=\"6a9c45f6a96eb\" class=\"wp-block-image size-full wp-lightbox-container\"><img decoding=\"async\" width=\"1600\" height=\"1600\" data-wp-class--hide=\"state.isContentHidden\" data-wp-class--show=\"state.isContentVisible\" data-wp-init=\"callbacks.setButtonStyles\" data-wp-on--click=\"actions.showLightbox\" data-wp-on--load=\"callbacks.setButtonStyles\" data-wp-on--pointerdown=\"actions.preloadImage\" data-wp-on--pointerenter=\"actions.preloadImageWithDelay\" data-wp-on--pointerleave=\"actions.cancelPreload\" data-wp-on-window--resize=\"callbacks.setButtonStyles\" src=\"https:\/\/loudavymkrokem.cz\/wp-content\/uploads\/2026\/09\/maison-rouge-strasbourg-hotel-spa.jpg\" alt=\"Hotell Maison Rouge Strasbourg Hotel &#038; Spa\" class=\"wp-image-413042\" title=\"\" srcset=\"https:\/\/loudavymkrokem.cz\/wp-content\/uploads\/2026\/09\/maison-rouge-strasbourg-hotel-spa.jpg 1600w, https:\/\/loudavymkrokem.cz\/wp-content\/uploads\/2026\/09\/maison-rouge-strasbourg-hotel-spa-300x300.jpg 300w, https:\/\/loudavymkrokem.cz\/wp-content\/uploads\/2026\/09\/maison-rouge-strasbourg-hotel-spa-700x700.jpg 700w, https:\/\/loudavymkrokem.cz\/wp-content\/uploads\/2026\/09\/maison-rouge-strasbourg-hotel-spa-150x150.jpg 150w, https:\/\/loudavymkrokem.cz\/wp-content\/uploads\/2026\/09\/maison-rouge-strasbourg-hotel-spa-768x768.jpg 768w, https:\/\/loudavymkrokem.cz\/wp-content\/uploads\/2026\/09\/maison-rouge-strasbourg-hotel-spa-1536x1536.jpg 1536w, https:\/\/loudavymkrokem.cz\/wp-content\/uploads\/2026\/09\/maison-rouge-strasbourg-hotel-spa-696x696.jpg 696w, https:\/\/loudavymkrokem.cz\/wp-content\/uploads\/2026\/09\/maison-rouge-strasbourg-hotel-spa-1392x1392.jpg 1392w\" sizes=\"(max-width: 1600px) 100vw, 1600px\" \/><button\n\t\t\tclass=\"lightbox-trigger\"\n\t\t\ttype=\"button\"\n\t\t\taria-haspopup=\"dialog\"\n\t\t\tdata-wp-bind--aria-label=\"state.thisImage.triggerButtonAriaLabel\"\n\t\t\tdata-wp-init=\"callbacks.initTriggerButton\"\n\t\t\tdata-wp-on--click=\"actions.showLightbox\"\n\t\t\tdata-wp-style--right=\"state.thisImage.buttonRight\"\n\t\t\tdata-wp-style--top=\"state.thisImage.buttonTop\"\n\t\t>\n\t\t\t<svg xmlns=\"http:\/\/www.w3.org\/2000\/svg\" width=\"12\" height=\"12\" fill=\"none\" viewBox=\"0 0 12 12\">\n\t\t\t\t<path fill=\"#fff\" d=\"M2 0a2 2 0 0 0-2 2v2h1.5V2a.5.5 0 0 1 .5-.5h2V0H2Zm2 10.5H2a.5.5 0 0 1-.5-.5V8H0v2a2 2 0 0 0 2 2h2v-1.5ZM8 12v-1.5h2a.5.5 0 0 0 .5-.5V8H12v2a2 2 0 0 1-2 2H8Zm2-12a2 2 0 0 1 2 2v2h-1.5V2a.5.5 0 0 0-.5-.5H8V0h2Z\" \/>\n\t\t\t<\/svg>\n\t\t<\/button><figcaption class=\"wp-element-caption\">Foto: Taiwan Cherry \/ Google Maps<\/figcaption><\/figure>\n\n\n\n<h3 class=\"wp-block-heading\"><span class=\"ez-toc-section\" id=\"3_Maison_Rouge_Strasbourg_Hotel_Spa\"><\/span>3. Maison Rouge Strasbourg Hotel &#038; Spa<span class=\"ez-toc-section-end\"><\/span><\/h3>\n\n\n\n<p class=\"wp-block-paragraph\">Den h\u00e4r Strasbourgklassikern <strong><a href=\"https:\/\/www.stay22.com\/allez\/roam?aid=lukaskonecny&#038;campaign=loudavymkrokemcz&#038;campaign=kde-bydlet-ve-strasburku&#038;hotelname=Maison%20Rouge%20Strasbourg%20Hotel%20%26%20Spa&#038;address=%C5%A0trasburk%2C%20Francie\" target=\"_blank\" rel=\"noopener nofollow sponsored\">Maison Rouge Strasbourg Hotel &#038; Spa<\/a><\/strong> ur den prestigefyllda Autograph Collection h\u00e5ller ett fint betyg p\u00e5 4,5 fr\u00e5n \u00f6ver sjuttonhundra recensioner. Det ligger i en i\u00f6gonfallande tegelbyggnad <strong>bara n\u00e5gra steg fr\u00e5n den imponerande katedralen Notre-Dame och torget Place Kl\u00e9ber<\/strong>, allts\u00e5 mitt i stadens mest pulserande hj\u00e4rta. Rummen \u00e4r inredda i en tidl\u00f6s, klassisk stil som <strong>vackert anknyter till den rika traditionen av alsassisk g\u00e4stfrihet<\/strong>.<\/p>\n\n\n\n<p class=\"wp-block-paragraph\">G\u00e4sterna ber\u00f6mmer s\u00e4rskilt den <strong>vackra frukostsalongen rikt dekorerad med originalfresker<\/strong>, d\u00e4r dagen b\u00f6rjar riktigt kungligt vid bord fulla av lokala ostar, f\u00e4rska baguetter och s\u00f6tbr\u00f6d. Efter kr\u00e4vande promenader genom de pittoreska gr\u00e4nderna kommer du garanterat att uppskatta <strong>tillg\u00e5ngen till det moderna hotellspat och wellnesszonen<\/strong>, som bjuder p\u00e5 perfekt avkoppling f\u00f6r tr\u00f6tta ben.<\/p>\n\n\n\n<p class=\"wp-block-paragraph\">Trots sitt extremt centrala l\u00e4ge erbjuder hotellet en perfekt tillflykt undan omgivningens vimmel. <strong>Fr\u00e5n vissa rum p\u00e5 de h\u00f6gre v\u00e5ningarna \u00f6ppnar sig dessutom en fantastisk utsikt<\/strong> rakt mot katedralens torn, vilket du uppskattar s\u00e4rskilt vid kv\u00e4llsbelysning.<\/p>\n\n\n\n<p class=\"wp-block-paragraph\">\ud83d\udca1 <strong>Tips:<\/strong> V\u00e4lj det h\u00e4r hotellet om din prioritet \u00e4r att bo <strong>mitt i h\u00e4ndelsernas epicentrum<\/strong> och du gillar traditionell fransk elegans i kombination med de professionella tj\u00e4nsterna hos ett stort, historiskt v\u00e4letablerat hotell.<\/p>\n\n\n\n<figure data-wp-context=\"{&quot;imageId&quot;:&quot;6a9c45f6a9df8&quot;}\" data-wp-interactive=\"core\/image\" data-wp-key=\"6a9c45f6a9df8\" class=\"wp-block-image size-full wp-lightbox-container\"><img decoding=\"async\" width=\"1600\" height=\"2133\" data-wp-class--hide=\"state.isContentHidden\" data-wp-class--show=\"state.isContentVisible\" data-wp-init=\"callbacks.setButtonStyles\" data-wp-on--click=\"actions.showLightbox\" data-wp-on--load=\"callbacks.setButtonStyles\" data-wp-on--pointerdown=\"actions.preloadImage\" data-wp-on--pointerenter=\"actions.preloadImageWithDelay\" data-wp-on--pointerleave=\"actions.cancelPreload\" data-wp-on-window--resize=\"callbacks.setButtonStyles\" src=\"https:\/\/loudavymkrokem.cz\/wp-content\/uploads\/2026\/09\/h-tel-beaucour.jpg\" alt=\"Hotell H\u00f4tel Beaucour\" class=\"wp-image-413048\" title=\"\" srcset=\"https:\/\/loudavymkrokem.cz\/wp-content\/uploads\/2026\/09\/h-tel-beaucour.jpg 1600w, https:\/\/loudavymkrokem.cz\/wp-content\/uploads\/2026\/09\/h-tel-beaucour-225x300.jpg 225w, https:\/\/loudavymkrokem.cz\/wp-content\/uploads\/2026\/09\/h-tel-beaucour-700x933.jpg 700w, https:\/\/loudavymkrokem.cz\/wp-content\/uploads\/2026\/09\/h-tel-beaucour-768x1024.jpg 768w, https:\/\/loudavymkrokem.cz\/wp-content\/uploads\/2026\/09\/h-tel-beaucour-1152x1536.jpg 1152w, https:\/\/loudavymkrokem.cz\/wp-content\/uploads\/2026\/09\/h-tel-beaucour-1536x2048.jpg 1536w, https:\/\/loudavymkrokem.cz\/wp-content\/uploads\/2026\/09\/h-tel-beaucour-696x928.jpg 696w, https:\/\/loudavymkrokem.cz\/wp-content\/uploads\/2026\/09\/h-tel-beaucour-1392x1856.jpg 1392w\" sizes=\"(max-width: 1600px) 100vw, 1600px\" \/><button\n\t\t\tclass=\"lightbox-trigger\"\n\t\t\ttype=\"button\"\n\t\t\taria-haspopup=\"dialog\"\n\t\t\tdata-wp-bind--aria-label=\"state.thisImage.triggerButtonAriaLabel\"\n\t\t\tdata-wp-init=\"callbacks.initTriggerButton\"\n\t\t\tdata-wp-on--click=\"actions.showLightbox\"\n\t\t\tdata-wp-style--right=\"state.thisImage.buttonRight\"\n\t\t\tdata-wp-style--top=\"state.thisImage.buttonTop\"\n\t\t>\n\t\t\t<svg xmlns=\"http:\/\/www.w3.org\/2000\/svg\" width=\"12\" height=\"12\" fill=\"none\" viewBox=\"0 0 12 12\">\n\t\t\t\t<path fill=\"#fff\" d=\"M2 0a2 2 0 0 0-2 2v2h1.5V2a.5.5 0 0 1 .5-.5h2V0H2Zm2 10.5H2a.5.5 0 0 1-.5-.5V8H0v2a2 2 0 0 0 2 2h2v-1.5ZM8 12v-1.5h2a.5.5 0 0 0 .5-.5V8H12v2a2 2 0 0 1-2 2H8Zm2-12a2 2 0 0 1 2 2v2h-1.5V2a.5.5 0 0 0-.5-.5H8V0h2Z\" \/>\n\t\t\t<\/svg>\n\t\t<\/button><figcaption class=\"wp-element-caption\">Foto: H\u00f4tel Beaucour \/ Google Maps<\/figcaption><\/figure>\n\n\n\n<h3 class=\"wp-block-heading\"><span class=\"ez-toc-section\" id=\"4_Hotel_Beaucour\"><\/span>4. H\u00f4tel Beaucour<span class=\"ez-toc-section-end\"><\/span><\/h3>\n\n\n\n<p class=\"wp-block-paragraph\">Det h\u00e4r charmiga <strong><a href=\"https:\/\/www.stay22.com\/allez\/roam?aid=lukaskonecny&#038;campaign=loudavymkrokemcz&#038;campaign=kde-bydlet-ve-strasburku&#038;hotelname=H%C3%B4tel%20Beaucour&#038;address=%C5%A0trasburk%2C%20Francie\" target=\"_blank\" rel=\"noopener nofollow sponsored\">H\u00f4tel Beaucour<\/a><\/strong> med utm\u00e4rkta betyget 4,6 ligger i ett traditionellt korsvirkeshus och erbjuder en <strong>fin balans mellan underbar tidstypisk atmosf\u00e4r och pris mitt i den historiska k\u00e4rnan<\/strong>. Direkt n\u00e4r du kommer \u00f6verraskas du av den pittoreska innerg\u00e5rden som g\u00f6mmer en vacker och stilla terrass full av blommor. Den \u00e4r <strong>en perfekt oas av lugn mitt i den livliga staden<\/strong>, d\u00e4r du kan sl\u00e5 dig ner med en bok och vila upp dig undan turistmassorna.<\/p>\n\n\n\n<p class=\"wp-block-paragraph\">Rummen \u00e4r v\u00e4ldigt hemtrevligt inredda, ofta med frilagda tr\u00e4timmerbj\u00e4lkar och stilfulla tidstypiska m\u00f6bler. Letar du efter n\u00e5got riktigt speciellt kommer du att gl\u00e4djas \u00e5t att <strong>vissa utvalda rum till och med har en egen stor bubbelpool<\/strong>. Det \u00e4r en plats d\u00e4r du tack vare den intima milj\u00f6n direkt k\u00e4nner dig som hemma, och personalen h\u00e4r utm\u00e4rker sig med en enast\u00e5ende v\u00e4rme och vilja att hj\u00e4lpa till med planeringen.<\/p>\n\n\n\n<p class=\"wp-block-paragraph\">P\u00e5 morgonen serveras en rik frukost i den stilfulla matsalen, d\u00e4r det inte saknas f\u00e4rska alsassiska ostar, knaprigt br\u00f6d och lokala sylter. Tack vare l\u00e4get bara en kort promenad fr\u00e5n floden Ill <strong>har du alla sev\u00e4rdheter inom g\u00e5ngavst\u00e5nd<\/strong>, men sover \u00e4nd\u00e5 inte precis vid de mest livliga torgen.<\/p>\n\n\n\n<p class=\"wp-block-paragraph\">\ud83d\udca1 <strong>Tips:<\/strong> Ett str\u00e5lande val f\u00f6r par som vill ha ett korsvirkeshus, en tyst innerg\u00e5rd och en egen bubbelpool \u2013 och inte vill betala som p\u00e5 ett femstj\u00e4rnigt hotell vid katedralen. \ud83d\ude09<\/p>\n\n\n\n<figure data-wp-context=\"{&quot;imageId&quot;:&quot;6a9c45f6aa2ef&quot;}\" data-wp-interactive=\"core\/image\" data-wp-key=\"6a9c45f6aa2ef\" class=\"wp-block-image size-full wp-lightbox-container\"><img decoding=\"async\" width=\"1600\" height=\"1068\" data-wp-class--hide=\"state.isContentHidden\" data-wp-class--show=\"state.isContentVisible\" data-wp-init=\"callbacks.setButtonStyles\" data-wp-on--click=\"actions.showLightbox\" data-wp-on--load=\"callbacks.setButtonStyles\" data-wp-on--pointerdown=\"actions.preloadImage\" data-wp-on--pointerenter=\"actions.preloadImageWithDelay\" data-wp-on--pointerleave=\"actions.cancelPreload\" data-wp-on-window--resize=\"callbacks.setButtonStyles\" src=\"https:\/\/loudavymkrokem.cz\/wp-content\/uploads\/2026\/09\/l-onor-h-tel-by-stay-collection.jpg\" alt=\"Hotell L\u00c9ONOR H\u00f4tel by Stay Collection\" class=\"wp-image-413054\" title=\"\" srcset=\"https:\/\/loudavymkrokem.cz\/wp-content\/uploads\/2026\/09\/l-onor-h-tel-by-stay-collection.jpg 1600w, https:\/\/loudavymkrokem.cz\/wp-content\/uploads\/2026\/09\/l-onor-h-tel-by-stay-collection-300x200.jpg 300w, https:\/\/loudavymkrokem.cz\/wp-content\/uploads\/2026\/09\/l-onor-h-tel-by-stay-collection-700x467.jpg 700w, https:\/\/loudavymkrokem.cz\/wp-content\/uploads\/2026\/09\/l-onor-h-tel-by-stay-collection-768x513.jpg 768w, https:\/\/loudavymkrokem.cz\/wp-content\/uploads\/2026\/09\/l-onor-h-tel-by-stay-collection-1536x1025.jpg 1536w, https:\/\/loudavymkrokem.cz\/wp-content\/uploads\/2026\/09\/l-onor-h-tel-by-stay-collection-696x465.jpg 696w, https:\/\/loudavymkrokem.cz\/wp-content\/uploads\/2026\/09\/l-onor-h-tel-by-stay-collection-1392x929.jpg 1392w\" sizes=\"(max-width: 1600px) 100vw, 1600px\" \/><button\n\t\t\tclass=\"lightbox-trigger\"\n\t\t\ttype=\"button\"\n\t\t\taria-haspopup=\"dialog\"\n\t\t\tdata-wp-bind--aria-label=\"state.thisImage.triggerButtonAriaLabel\"\n\t\t\tdata-wp-init=\"callbacks.initTriggerButton\"\n\t\t\tdata-wp-on--click=\"actions.showLightbox\"\n\t\t\tdata-wp-style--right=\"state.thisImage.buttonRight\"\n\t\t\tdata-wp-style--top=\"state.thisImage.buttonTop\"\n\t\t>\n\t\t\t<svg xmlns=\"http:\/\/www.w3.org\/2000\/svg\" width=\"12\" height=\"12\" fill=\"none\" viewBox=\"0 0 12 12\">\n\t\t\t\t<path fill=\"#fff\" d=\"M2 0a2 2 0 0 0-2 2v2h1.5V2a.5.5 0 0 1 .5-.5h2V0H2Zm2 10.5H2a.5.5 0 0 1-.5-.5V8H0v2a2 2 0 0 0 2 2h2v-1.5ZM8 12v-1.5h2a.5.5 0 0 0 .5-.5V8H12v2a2 2 0 0 1-2 2H8Zm2-12a2 2 0 0 1 2 2v2h-1.5V2a.5.5 0 0 0-.5-.5H8V0h2Z\" \/>\n\t\t\t<\/svg>\n\t\t<\/button><figcaption class=\"wp-element-caption\">Foto: L\u00c9ONOR H\u00f4tel \/ Google Maps<\/figcaption><\/figure>\n\n\n\n<h3 class=\"wp-block-heading\"><span class=\"ez-toc-section\" id=\"5_LEONOR_Hotel_by_Stay_Collection\"><\/span>5. L\u00c9ONOR H\u00f4tel by Stay Collection<span class=\"ez-toc-section-end\"><\/span><\/h3>\n\n\n\n<p class=\"wp-block-paragraph\">Modern, genomt\u00e4nkt lyx placerad i en storslagen historisk byggnad \u2013 precis s\u00e5 skulle man kort kunna beskriva det stilfulla <strong><a href=\"https:\/\/www.stay22.com\/allez\/roam?aid=lukaskonecny&#038;campaign=loudavymkrokemcz&#038;campaign=kde-bydlet-ve-strasburku&#038;hotelname=L%C3%89ONOR%20H%C3%B4tel%20by%20Stay%20Collection&#038;address=%C5%A0trasburk%2C%20Francie\" target=\"_blank\" rel=\"noopener nofollow sponsored\">L\u00c9ONOR H\u00f4tel by Stay Collection<\/a><\/strong>, som stoltserar med utm\u00e4rkta betyget 4,7. Sj\u00e4lva interi\u00f6rerna \u00e4r <strong>skapade av ledande franska designers<\/strong> och kombinerar mycket smakfullt dj\u00e4rva m\u00e4ttade f\u00e4rger med rena, eleganta linjer och ursprungliga historiska arkitektoniska element.<\/p>\n\n\n\n<p class=\"wp-block-paragraph\">Ett enormt dragpl\u00e5ster h\u00e4r \u00e4r utan tvekan det <strong>egna hotellkonditoriet och den v\u00e4lrenommerade restaurangen<\/strong>, dit \u00e4ven lokalborna g\u00e4rna beger sig f\u00f6r kulinariska upplevelser. Den enorma, rymliga innerg\u00e5rden fungerar under de varmare m\u00e5naderna som <strong>hela hotellets livliga sociala centrum<\/strong>, d\u00e4r du i lugn och ro kan dricka ett specialkaffe eller en kv\u00e4llsdrink innan du ger dig ut i staden.<\/p>\n\n\n\n<p class=\"wp-block-paragraph\">Rummen \u00e4r utrustade med den senaste tekniken, premiumkosmetik och enorma s\u00e4ngar som du inte vill kliva ur p\u00e5 morgonen. \u00c4ven om hotellet ligger n\u00e4ra centrum <strong>erbjuder det tack vare den smarta placeringen av byggnaderna lugn och ro<\/strong> f\u00f6r ost\u00f6rd s\u00f6mn.<\/p>\n\n\n\n<p class=\"wp-block-paragraph\">\ud83d\udca1 <strong>Tips:<\/strong> L\u00c9ONOR f\u00f6rtjusar alla som \u00e4lskar <strong>kombinationen av gammal st\u00e5tlig arkitektur och v\u00e4ldigt modern, fr\u00e4sch design<\/strong> och samtidigt kr\u00e4ver f\u00f6rstklassig gastronomi under eget tak.<\/p>\n\n\n\n<figure data-wp-context=\"{&quot;imageId&quot;:&quot;6a9c45f6aa7b6&quot;}\" data-wp-interactive=\"core\/image\" data-wp-key=\"6a9c45f6aa7b6\" class=\"wp-block-image size-full wp-lightbox-container\"><img decoding=\"async\" width=\"1280\" height=\"853\" data-wp-class--hide=\"state.isContentHidden\" data-wp-class--show=\"state.isContentVisible\" data-wp-init=\"callbacks.setButtonStyles\" data-wp-on--click=\"actions.showLightbox\" data-wp-on--load=\"callbacks.setButtonStyles\" data-wp-on--pointerdown=\"actions.preloadImage\" data-wp-on--pointerenter=\"actions.preloadImageWithDelay\" data-wp-on--pointerleave=\"actions.cancelPreload\" data-wp-on-window--resize=\"callbacks.setButtonStyles\" src=\"https:\/\/loudavymkrokem.cz\/wp-content\/uploads\/2026\/09\/hotel-tandem.jpg\" alt=\"Hotell Hotel Tandem\" class=\"wp-image-413062\" title=\"\" srcset=\"https:\/\/loudavymkrokem.cz\/wp-content\/uploads\/2026\/09\/hotel-tandem.jpg 1280w, https:\/\/loudavymkrokem.cz\/wp-content\/uploads\/2026\/09\/hotel-tandem-300x200.jpg 300w, https:\/\/loudavymkrokem.cz\/wp-content\/uploads\/2026\/09\/hotel-tandem-700x466.jpg 700w, https:\/\/loudavymkrokem.cz\/wp-content\/uploads\/2026\/09\/hotel-tandem-768x512.jpg 768w, https:\/\/loudavymkrokem.cz\/wp-content\/uploads\/2026\/09\/hotel-tandem-696x464.jpg 696w\" sizes=\"(max-width: 1280px) 100vw, 1280px\" \/><button\n\t\t\tclass=\"lightbox-trigger\"\n\t\t\ttype=\"button\"\n\t\t\taria-haspopup=\"dialog\"\n\t\t\tdata-wp-bind--aria-label=\"state.thisImage.triggerButtonAriaLabel\"\n\t\t\tdata-wp-init=\"callbacks.initTriggerButton\"\n\t\t\tdata-wp-on--click=\"actions.showLightbox\"\n\t\t\tdata-wp-style--right=\"state.thisImage.buttonRight\"\n\t\t\tdata-wp-style--top=\"state.thisImage.buttonTop\"\n\t\t>\n\t\t\t<svg xmlns=\"http:\/\/www.w3.org\/2000\/svg\" width=\"12\" height=\"12\" fill=\"none\" viewBox=\"0 0 12 12\">\n\t\t\t\t<path fill=\"#fff\" d=\"M2 0a2 2 0 0 0-2 2v2h1.5V2a.5.5 0 0 1 .5-.5h2V0H2Zm2 10.5H2a.5.5 0 0 1-.5-.5V8H0v2a2 2 0 0 0 2 2h2v-1.5ZM8 12v-1.5h2a.5.5 0 0 0 .5-.5V8H12v2a2 2 0 0 1-2 2H8Zm2-12a2 2 0 0 1 2 2v2h-1.5V2a.5.5 0 0 0-.5-.5H8V0h2Z\" \/>\n\t\t\t<\/svg>\n\t\t<\/button><figcaption class=\"wp-element-caption\">Foto: H\u00f4tel Tandem \/ Google Maps<\/figcaption><\/figure>\n\n\n\n<h3 class=\"wp-block-heading\"><span class=\"ez-toc-section\" id=\"6_Hotel_Tandem\"><\/span>6. Hotel Tandem<span class=\"ez-toc-section-end\"><\/span><\/h3>\n\n\n\n<p class=\"wp-block-paragraph\">Om du letar efter boende utanf\u00f6r den dyraste historiska k\u00e4rnan \u00e4r det fantastiska ekologiskt inriktade boutiquehotellet <strong><a href=\"https:\/\/www.stay22.com\/allez\/roam?aid=lukaskonecny&#038;campaign=loudavymkrokemcz&#038;campaign=kde-bydlet-ve-strasburku&#038;hotelname=Hotel%20Tandem&#038;address=%C5%A0trasburk%2C%20Francie\" target=\"_blank\" rel=\"noopener nofollow sponsored\">Hotel Tandem<\/a><\/strong> vid stationen med betyget 4,7 <strong>det b\u00e4st betygsatta i det vidare omr\u00e5det<\/strong>. Rummen \u00e4r inredda i v\u00e4ldigt varma, naturliga toner fulla av tr\u00e4, som redan fr\u00e5n f\u00f6rsta stund <strong>k\u00e4nns otroligt lugnande och hemtrevliga<\/strong>.<\/p>\n\n\n\n<p class=\"wp-block-paragraph\">Hotellet profilerar sig med ett v\u00e4ldigt modernt, h\u00e5llbart f\u00f6rh\u00e5llningss\u00e4tt, vilket i praktiken visar sig genom en <strong>fantastisk kv\u00e4llsvinbar med ett brett utbud av lokala biodynamiska viner och en egen cykeluthyrning<\/strong> f\u00f6r g\u00e4sterna. Just p\u00e5 cykel kan du uppt\u00e4cka Strasbourg som en riktig lokalinv\u00e5nare. Frukostarna tillagas dessutom uteslutande av lokala r\u00e5varor och g\u00e4sterna hyllar denna morgonrit i recensionerna.<\/p>\n\n\n\n<p class=\"wp-block-paragraph\">Till den historiska stadsk\u00e4rnan tar du dig h\u00e4rifr\u00e5n till fots p\u00e5 bekv\u00e4ma tio minuter, eller s\u00e5 hoppar du p\u00e5 sp\u00e5rvagnen som stannar en bit bort. <strong>Personalen h\u00e4r \u00e4r informell men mycket professionell<\/strong> och tipsar g\u00e4rna om str\u00e5lande vegetariska restauranger i n\u00e4rheten.<\/p>\n\n\n\n<p class=\"wp-block-paragraph\">\ud83d\udca1 <strong>Tips:<\/strong> Det h\u00e4r \u00e4r helt enkelt <strong>det b\u00e4sta valet f\u00f6r resen\u00e4rer som kommer till Alsace med t\u00e5g<\/strong> och vill bo i en stilfull, modern milj\u00f6 och s\u00e4tter v\u00e4rde p\u00e5 h\u00e5llbarhet och f\u00f6rstklassig kvalitet p\u00e5 lokala r\u00e5varor.<\/p>\n\n\n\n<figure data-wp-context=\"{&quot;imageId&quot;:&quot;6a9c45f6aae47&quot;}\" data-wp-interactive=\"core\/image\" data-wp-key=\"6a9c45f6aae47\" class=\"wp-block-image size-full wp-lightbox-container\"><img decoding=\"async\" width=\"1600\" height=\"1067\" data-wp-class--hide=\"state.isContentHidden\" data-wp-class--show=\"state.isContentVisible\" data-wp-init=\"callbacks.setButtonStyles\" data-wp-on--click=\"actions.showLightbox\" data-wp-on--load=\"callbacks.setButtonStyles\" data-wp-on--pointerdown=\"actions.preloadImage\" data-wp-on--pointerenter=\"actions.preloadImageWithDelay\" data-wp-on--pointerleave=\"actions.cancelPreload\" data-wp-on-window--resize=\"callbacks.setButtonStyles\" src=\"https:\/\/loudavymkrokem.cz\/wp-content\/uploads\/2026\/09\/sofitel-strasbourg-grande-le.jpg\" alt=\"Hotell Sofitel Strasbourg Grande \u00cele\" class=\"wp-image-413067\" title=\"\" srcset=\"https:\/\/loudavymkrokem.cz\/wp-content\/uploads\/2026\/09\/sofitel-strasbourg-grande-le.jpg 1600w, https:\/\/loudavymkrokem.cz\/wp-content\/uploads\/2026\/09\/sofitel-strasbourg-grande-le-300x200.jpg 300w, https:\/\/loudavymkrokem.cz\/wp-content\/uploads\/2026\/09\/sofitel-strasbourg-grande-le-700x467.jpg 700w, https:\/\/loudavymkrokem.cz\/wp-content\/uploads\/2026\/09\/sofitel-strasbourg-grande-le-768x512.jpg 768w, https:\/\/loudavymkrokem.cz\/wp-content\/uploads\/2026\/09\/sofitel-strasbourg-grande-le-1536x1024.jpg 1536w, https:\/\/loudavymkrokem.cz\/wp-content\/uploads\/2026\/09\/sofitel-strasbourg-grande-le-696x464.jpg 696w, https:\/\/loudavymkrokem.cz\/wp-content\/uploads\/2026\/09\/sofitel-strasbourg-grande-le-1392x928.jpg 1392w\" sizes=\"(max-width: 1600px) 100vw, 1600px\" \/><button\n\t\t\tclass=\"lightbox-trigger\"\n\t\t\ttype=\"button\"\n\t\t\taria-haspopup=\"dialog\"\n\t\t\tdata-wp-bind--aria-label=\"state.thisImage.triggerButtonAriaLabel\"\n\t\t\tdata-wp-init=\"callbacks.initTriggerButton\"\n\t\t\tdata-wp-on--click=\"actions.showLightbox\"\n\t\t\tdata-wp-style--right=\"state.thisImage.buttonRight\"\n\t\t\tdata-wp-style--top=\"state.thisImage.buttonTop\"\n\t\t>\n\t\t\t<svg xmlns=\"http:\/\/www.w3.org\/2000\/svg\" width=\"12\" height=\"12\" fill=\"none\" viewBox=\"0 0 12 12\">\n\t\t\t\t<path fill=\"#fff\" d=\"M2 0a2 2 0 0 0-2 2v2h1.5V2a.5.5 0 0 1 .5-.5h2V0H2Zm2 10.5H2a.5.5 0 0 1-.5-.5V8H0v2a2 2 0 0 0 2 2h2v-1.5ZM8 12v-1.5h2a.5.5 0 0 0 .5-.5V8H12v2a2 2 0 0 1-2 2H8Zm2-12a2 2 0 0 1 2 2v2h-1.5V2a.5.5 0 0 0-.5-.5H8V0h2Z\" \/>\n\t\t\t<\/svg>\n\t\t<\/button><figcaption class=\"wp-element-caption\">Foto: Sofitel Strasbourg Grande \u00cele \/ Google Maps<\/figcaption><\/figure>\n\n\n\n<h3 class=\"wp-block-heading\"><span class=\"ez-toc-section\" id=\"7_Sofitel_Strasbourg_Grande_Ile\"><\/span>7. Sofitel Strasbourg Grande \u00cele<span class=\"ez-toc-section-end\"><\/span><\/h3>\n\n\n\n<p class=\"wp-block-paragraph\">Med ett otroligt antal recensioner h\u00e5ller detta storslagna <strong><a href=\"https:\/\/www.stay22.com\/allez\/roam?aid=lukaskonecny&#038;campaign=loudavymkrokemcz&#038;campaign=kde-bydlet-ve-strasburku&#038;hotelname=Sofitel%20Strasbourg%20Grande%20%C3%8Ele&#038;address=%C5%A0trasburk%2C%20Francie\" target=\"_blank\" rel=\"noopener nofollow sponsored\">Sofitel Strasbourg Grande \u00cele<\/a><\/strong> ett fint betyg p\u00e5 4,5 och r\u00e4knas d\u00e4rmed som <strong>det \u00f6verl\u00e4gset mest recenserade hotellet i hela staden<\/strong>. Det st\u00e5r direkt p\u00e5 den historiska huvud\u00f6n och \u00e4r en ber\u00f6md Strasbourgklassiker som <strong>l\u00e5ngsiktigt h\u00e5ller en v\u00e4ldigt h\u00f6g standard p\u00e5 bepr\u00f6vad femstj\u00e4rnig service<\/strong>.<\/p>\n\n\n\n<p class=\"wp-block-paragraph\">Interi\u00f6rerna pr\u00e4glas tydligt av modern fransk elegans, med dominans av mattor av god kvalitet, d\u00e4mpade f\u00e4rger och designm\u00f6bler. H\u00e4r hittar du en str\u00e5lande restaurang inriktad p\u00e5 fransk gastronomi och framf\u00f6r allt <strong>en v\u00e4ldigt stilfull bar dit du kan g\u00e5 f\u00f6r en exklusiv kv\u00e4llsdrink<\/strong> efter en l\u00e5ng dag p\u00e5 gatorna. Rummen \u00e4r extra rymliga, tysta och erbjuder den f\u00f6rstklassiga komfort som \u00e4r typisk f\u00f6r detta prestigefyllda varum\u00e4rke.<\/p>\n\n\n\n<p class=\"wp-block-paragraph\">Tack vare sin storlek har hotellet str\u00e5lande faciliteter inklusive ett rymligt gym. <strong>L\u00e4get \u00e4r fantastiskt<\/strong>, f\u00f6r oavsett om du beger dig till katedralen eller till den pittoreska stadsdelen Petite France tar du dig \u00f6verallt inom tio minuter.<\/p>\n\n\n\n<p class=\"wp-block-paragraph\">\ud83d\udca1 <strong>Tips:<\/strong> Idealiskt f\u00f6r dig som f\u00f6redrar <strong>tryggheten och p\u00e5litligheten hos stora internationella varum\u00e4rken<\/strong> och kr\u00e4ver felfri, mycket professionell service inom g\u00e5ngavst\u00e5nd fr\u00e5n allt viktigt som staden erbjuder.<\/p>\n\n\n\n<figure data-wp-context=\"{&quot;imageId&quot;:&quot;6a9c45f6ab555&quot;}\" data-wp-interactive=\"core\/image\" data-wp-key=\"6a9c45f6ab555\" class=\"wp-block-image size-full wp-lightbox-container\"><img decoding=\"async\" width=\"1600\" height=\"1067\" data-wp-class--hide=\"state.isContentHidden\" data-wp-class--show=\"state.isContentVisible\" data-wp-init=\"callbacks.setButtonStyles\" data-wp-on--click=\"actions.showLightbox\" data-wp-on--load=\"callbacks.setButtonStyles\" data-wp-on--pointerdown=\"actions.preloadImage\" data-wp-on--pointerenter=\"actions.preloadImageWithDelay\" data-wp-on--pointerleave=\"actions.cancelPreload\" data-wp-on-window--resize=\"callbacks.setButtonStyles\" src=\"https:\/\/loudavymkrokem.cz\/wp-content\/uploads\/2026\/09\/h-tel-r-gent-contades-by-stay-collection.jpg\" alt=\"Hotell H\u00f4tel R\u00e9gent Contades by Stay Collection\" class=\"wp-image-413072\" title=\"\" srcset=\"https:\/\/loudavymkrokem.cz\/wp-content\/uploads\/2026\/09\/h-tel-r-gent-contades-by-stay-collection.jpg 1600w, https:\/\/loudavymkrokem.cz\/wp-content\/uploads\/2026\/09\/h-tel-r-gent-contades-by-stay-collection-300x200.jpg 300w, https:\/\/loudavymkrokem.cz\/wp-content\/uploads\/2026\/09\/h-tel-r-gent-contades-by-stay-collection-700x467.jpg 700w, https:\/\/loudavymkrokem.cz\/wp-content\/uploads\/2026\/09\/h-tel-r-gent-contades-by-stay-collection-768x512.jpg 768w, https:\/\/loudavymkrokem.cz\/wp-content\/uploads\/2026\/09\/h-tel-r-gent-contades-by-stay-collection-1536x1024.jpg 1536w, https:\/\/loudavymkrokem.cz\/wp-content\/uploads\/2026\/09\/h-tel-r-gent-contades-by-stay-collection-696x464.jpg 696w, https:\/\/loudavymkrokem.cz\/wp-content\/uploads\/2026\/09\/h-tel-r-gent-contades-by-stay-collection-1392x928.jpg 1392w\" sizes=\"(max-width: 1600px) 100vw, 1600px\" \/><button\n\t\t\tclass=\"lightbox-trigger\"\n\t\t\ttype=\"button\"\n\t\t\taria-haspopup=\"dialog\"\n\t\t\tdata-wp-bind--aria-label=\"state.thisImage.triggerButtonAriaLabel\"\n\t\t\tdata-wp-init=\"callbacks.initTriggerButton\"\n\t\t\tdata-wp-on--click=\"actions.showLightbox\"\n\t\t\tdata-wp-style--right=\"state.thisImage.buttonRight\"\n\t\t\tdata-wp-style--top=\"state.thisImage.buttonTop\"\n\t\t>\n\t\t\t<svg xmlns=\"http:\/\/www.w3.org\/2000\/svg\" width=\"12\" height=\"12\" fill=\"none\" viewBox=\"0 0 12 12\">\n\t\t\t\t<path fill=\"#fff\" d=\"M2 0a2 2 0 0 0-2 2v2h1.5V2a.5.5 0 0 1 .5-.5h2V0H2Zm2 10.5H2a.5.5 0 0 1-.5-.5V8H0v2a2 2 0 0 0 2 2h2v-1.5ZM8 12v-1.5h2a.5.5 0 0 0 .5-.5V8H12v2a2 2 0 0 1-2 2H8Zm2-12a2 2 0 0 1 2 2v2h-1.5V2a.5.5 0 0 0-.5-.5H8V0h2Z\" \/>\n\t\t\t<\/svg>\n\t\t<\/button><figcaption class=\"wp-element-caption\">Foto: H\u00f4tel R\u00e9gent Contades \/ Google Maps<\/figcaption><\/figure>\n\n\n\n<h3 class=\"wp-block-heading\"><span class=\"ez-toc-section\" id=\"8_Hotel_Regent_Contades_by_Stay_Collection\"><\/span>8. H\u00f4tel R\u00e9gent Contades by Stay Collection<span class=\"ez-toc-section-end\"><\/span><\/h3>\n\n\n\n<p class=\"wp-block-paragraph\">Detta exceptionellt eleganta <strong><a href=\"https:\/\/www.stay22.com\/allez\/roam?aid=lukaskonecny&#038;campaign=loudavymkrokemcz&#038;campaign=kde-bydlet-ve-strasburku&#038;hotelname=H%C3%B4tel%20R%C3%A9gent%20Contades%20by%20Stay%20Collection&#038;address=%C5%A0trasburk%2C%20Francie\" target=\"_blank\" rel=\"noopener nofollow sponsored\">H\u00f4tel R\u00e9gent Contades by Stay Collection<\/a><\/strong> med det mycket goda betyget 4,4 ligger i en vacker borgarbyggnad fr\u00e5n 1800-talet som <strong>st\u00e5r direkt vid floden Ills kaj n\u00e4ra den majest\u00e4tiska stadsdelen Neustadt<\/strong>. Redan i entr\u00e9n v\u00e4lkomnas du av en underbar bar kl\u00e4dd i m\u00f6rkt tr\u00e4 med l\u00e4derf\u00e5t\u00f6ljer, som <strong>k\u00e4nns som klippt ur en klassisk brittisk klubb<\/strong>.<\/p>\n\n\n\n<p class=\"wp-block-paragraph\">Efter l\u00e5nga promenader i staden i ruskigare, kyligare v\u00e4der kommer du garanterat att utnyttja den <strong>moderna hotellbastun och det traditionella hammamet<\/strong>, som st\u00e5r helt till hotellg\u00e4sternas f\u00f6rfogande och bjuder p\u00e5 perfekt uppv\u00e4rmning. Rummen med h\u00f6ga tak kombinerar med grace gammaldags charm med alla de moderna bekv\u00e4mligheter som du automatiskt f\u00f6rv\u00e4ntar dig av denna h\u00f6ga standard.<\/p>\n\n\n\n<p class=\"wp-block-paragraph\">Katedralen ligger h\u00e4rifr\u00e5n ungef\u00e4r tolv minuters sk\u00f6n promenad l\u00e4ngs vattnet, s\u00e5 du <strong>njuter av f\u00f6rdelarna med det centrala l\u00e4get, men utan st\u00f6rande buller fr\u00e5n livliga gator<\/strong>. P\u00e5 morgonen kan du se fram emot en rik frukostbuff\u00e9 som serveras i en underbar, ljus salong.<\/p>\n\n\n\n<p class=\"wp-block-paragraph\">\ud83d\udca1 <strong>Tips:<\/strong> Det h\u00e4r \u00e4r helt enkelt en str\u00e5lande adress f\u00f6r en lugnare, avslappnad vistelse, om du vill bo <strong>i en elegant, f\u00f6rn\u00e4m milj\u00f6 i gr\u00e4nslandet mellan den historiska k\u00e4rnan och den gr\u00f6na tyska stadsdelen<\/strong>.<\/p>\n\n\n\n<figure data-wp-context=\"{&quot;imageId&quot;:&quot;6a9c45f6abd5d&quot;}\" data-wp-interactive=\"core\/image\" data-wp-key=\"6a9c45f6abd5d\" class=\"wp-block-image size-full wp-lightbox-container\"><img decoding=\"async\" width=\"1600\" height=\"1084\" data-wp-class--hide=\"state.isContentHidden\" data-wp-class--show=\"state.isContentVisible\" data-wp-init=\"callbacks.setButtonStyles\" data-wp-on--click=\"actions.showLightbox\" data-wp-on--load=\"callbacks.setButtonStyles\" data-wp-on--pointerdown=\"actions.preloadImage\" data-wp-on--pointerenter=\"actions.preloadImageWithDelay\" data-wp-on--pointerleave=\"actions.cancelPreload\" data-wp-on-window--resize=\"callbacks.setButtonStyles\" src=\"https:\/\/loudavymkrokem.cz\/wp-content\/uploads\/2026\/09\/pavillon-r-gent-petite-france.jpg\" alt=\"Hotell Pavillon R\u00e9gent Petite France\" class=\"wp-image-413077\" title=\"\" srcset=\"https:\/\/loudavymkrokem.cz\/wp-content\/uploads\/2026\/09\/pavillon-r-gent-petite-france.jpg 1600w, https:\/\/loudavymkrokem.cz\/wp-content\/uploads\/2026\/09\/pavillon-r-gent-petite-france-300x203.jpg 300w, https:\/\/loudavymkrokem.cz\/wp-content\/uploads\/2026\/09\/pavillon-r-gent-petite-france-700x474.jpg 700w, https:\/\/loudavymkrokem.cz\/wp-content\/uploads\/2026\/09\/pavillon-r-gent-petite-france-768x520.jpg 768w, https:\/\/loudavymkrokem.cz\/wp-content\/uploads\/2026\/09\/pavillon-r-gent-petite-france-1536x1041.jpg 1536w, https:\/\/loudavymkrokem.cz\/wp-content\/uploads\/2026\/09\/pavillon-r-gent-petite-france-696x472.jpg 696w, https:\/\/loudavymkrokem.cz\/wp-content\/uploads\/2026\/09\/pavillon-r-gent-petite-france-1392x943.jpg 1392w\" sizes=\"(max-width: 1600px) 100vw, 1600px\" \/><button\n\t\t\tclass=\"lightbox-trigger\"\n\t\t\ttype=\"button\"\n\t\t\taria-haspopup=\"dialog\"\n\t\t\tdata-wp-bind--aria-label=\"state.thisImage.triggerButtonAriaLabel\"\n\t\t\tdata-wp-init=\"callbacks.initTriggerButton\"\n\t\t\tdata-wp-on--click=\"actions.showLightbox\"\n\t\t\tdata-wp-style--right=\"state.thisImage.buttonRight\"\n\t\t\tdata-wp-style--top=\"state.thisImage.buttonTop\"\n\t\t>\n\t\t\t<svg xmlns=\"http:\/\/www.w3.org\/2000\/svg\" width=\"12\" height=\"12\" fill=\"none\" viewBox=\"0 0 12 12\">\n\t\t\t\t<path fill=\"#fff\" d=\"M2 0a2 2 0 0 0-2 2v2h1.5V2a.5.5 0 0 1 .5-.5h2V0H2Zm2 10.5H2a.5.5 0 0 1-.5-.5V8H0v2a2 2 0 0 0 2 2h2v-1.5ZM8 12v-1.5h2a.5.5 0 0 0 .5-.5V8H12v2a2 2 0 0 1-2 2H8Zm2-12a2 2 0 0 1 2 2v2h-1.5V2a.5.5 0 0 0-.5-.5H8V0h2Z\" \/>\n\t\t\t<\/svg>\n\t\t<\/button><figcaption class=\"wp-element-caption\">Foto: H\u00f4tel &#038; Spa R\u00e9gent Petite France \/ Google Maps<\/figcaption><\/figure>\n\n\n\n<h3 class=\"wp-block-heading\"><span class=\"ez-toc-section\" id=\"9_Pavillon_Regent_Petite_France\"><\/span>9. Pavillon R\u00e9gent Petite France<span class=\"ez-toc-section-end\"><\/span><\/h3>\n\n\n\n<p class=\"wp-block-paragraph\">\u00c4r du ute efter den mest perfekta romantiken ligger det ber\u00f6mda <strong><a href=\"https:\/\/www.stay22.com\/allez\/roam?aid=lukaskonecny&#038;campaign=loudavymkrokemcz&#038;campaign=kde-bydlet-ve-strasburku&#038;hotelname=Pavillon%20R%C3%A9gent%20Petite%20France&#038;address=%C5%A0trasburk%2C%20Francie\" target=\"_blank\" rel=\"noopener nofollow sponsored\">Pavillon R\u00e9gent Petite France<\/a><\/strong> med betyget 4,4 i en underbar gammal korsvirkesbyggnad <strong>mitt i hj\u00e4rtat av den ikoniska, fotogeniska stadsdelen Petite France<\/strong>. Fr\u00e5n m\u00e5nga av de mysiga rummen \u00f6ppnar sig <strong>rena vykortsvyer \u00f6ver floden Ill<\/strong> och de omgivande historiska husen, en visuell upplevelse som du inte hittar var som helst.<\/p>\n\n\n\n<p class=\"wp-block-paragraph\">Till detta boutiqueboende h\u00f6r ocks\u00e5 en utm\u00e4rkt restaurang och en v\u00e4ldigt trevlig bar, s\u00e5 du beh\u00f6ver inte ens g\u00e5 ut f\u00f6r god mat och dryck i slutet av dagen. L\u00e4get \u00e4r verkligen unikt och of\u00f6rgl\u00f6mligt, men kom ih\u00e5g en viktig regel. <strong>Under adventsmarknaderna brukar omr\u00e5det kring hotellet vara extremt \u00f6verfullt av turister<\/strong> och gr\u00e4nderna under f\u00f6nstren \u00e4r st\u00e4ndigt fyllda av folkmassor.<\/p>\n\n\n\n<p class=\"wp-block-paragraph\">Rummen \u00e4r inredda i en ren, elegant stil som vackert framh\u00e4ver byggnadens ursprungliga historiska element. Frukosten serveras i en vacker salong med stora f\u00f6nster, varifr\u00e5n du kan f\u00f6lja de passerande utflyktsb\u00e5tarna direkt \u00f6ver kaffet.<\/p>\n\n\n\n<p class=\"wp-block-paragraph\">\ud83d\udca1 <strong>Tips:<\/strong> Det h\u00e4r \u00e4r <strong>det r\u00e4tta valet f\u00f6r f\u00f6r\u00e4lskade par och passionerade fotografer<\/strong>, som vill ha de vackraste Strasbourgvyerna direkt utanf\u00f6r rummets f\u00f6nster.<\/p>\n\n\n\n<figure data-wp-context=\"{&quot;imageId&quot;:&quot;6a9c45f6ac439&quot;}\" data-wp-interactive=\"core\/image\" data-wp-key=\"6a9c45f6ac439\" class=\"wp-block-image size-full wp-lightbox-container\"><img decoding=\"async\" width=\"1600\" height=\"1068\" data-wp-class--hide=\"state.isContentHidden\" data-wp-class--show=\"state.isContentVisible\" data-wp-init=\"callbacks.setButtonStyles\" data-wp-on--click=\"actions.showLightbox\" data-wp-on--load=\"callbacks.setButtonStyles\" data-wp-on--pointerdown=\"actions.preloadImage\" data-wp-on--pointerenter=\"actions.preloadImageWithDelay\" data-wp-on--pointerleave=\"actions.cancelPreload\" data-wp-on-window--resize=\"callbacks.setButtonStyles\" src=\"https:\/\/loudavymkrokem.cz\/wp-content\/uploads\/2026\/09\/hannong-h-tel-wine-bar.jpg\" alt=\"Hotell Hannong H\u00f4tel &#038; Wine Bar\" class=\"wp-image-413081\" title=\"\" srcset=\"https:\/\/loudavymkrokem.cz\/wp-content\/uploads\/2026\/09\/hannong-h-tel-wine-bar.jpg 1600w, https:\/\/loudavymkrokem.cz\/wp-content\/uploads\/2026\/09\/hannong-h-tel-wine-bar-300x200.jpg 300w, https:\/\/loudavymkrokem.cz\/wp-content\/uploads\/2026\/09\/hannong-h-tel-wine-bar-700x467.jpg 700w, https:\/\/loudavymkrokem.cz\/wp-content\/uploads\/2026\/09\/hannong-h-tel-wine-bar-768x513.jpg 768w, https:\/\/loudavymkrokem.cz\/wp-content\/uploads\/2026\/09\/hannong-h-tel-wine-bar-1536x1025.jpg 1536w, https:\/\/loudavymkrokem.cz\/wp-content\/uploads\/2026\/09\/hannong-h-tel-wine-bar-696x465.jpg 696w, https:\/\/loudavymkrokem.cz\/wp-content\/uploads\/2026\/09\/hannong-h-tel-wine-bar-1392x929.jpg 1392w\" sizes=\"(max-width: 1600px) 100vw, 1600px\" \/><button\n\t\t\tclass=\"lightbox-trigger\"\n\t\t\ttype=\"button\"\n\t\t\taria-haspopup=\"dialog\"\n\t\t\tdata-wp-bind--aria-label=\"state.thisImage.triggerButtonAriaLabel\"\n\t\t\tdata-wp-init=\"callbacks.initTriggerButton\"\n\t\t\tdata-wp-on--click=\"actions.showLightbox\"\n\t\t\tdata-wp-style--right=\"state.thisImage.buttonRight\"\n\t\t\tdata-wp-style--top=\"state.thisImage.buttonTop\"\n\t\t>\n\t\t\t<svg xmlns=\"http:\/\/www.w3.org\/2000\/svg\" width=\"12\" height=\"12\" fill=\"none\" viewBox=\"0 0 12 12\">\n\t\t\t\t<path fill=\"#fff\" d=\"M2 0a2 2 0 0 0-2 2v2h1.5V2a.5.5 0 0 1 .5-.5h2V0H2Zm2 10.5H2a.5.5 0 0 1-.5-.5V8H0v2a2 2 0 0 0 2 2h2v-1.5ZM8 12v-1.5h2a.5.5 0 0 0 .5-.5V8H12v2a2 2 0 0 1-2 2H8Zm2-12a2 2 0 0 1 2 2v2h-1.5V2a.5.5 0 0 0-.5-.5H8V0h2Z\" \/>\n\t\t\t<\/svg>\n\t\t<\/button><figcaption class=\"wp-element-caption\">Foto: Hannong H\u00f4tel &#038; Wine Bar \/ Google Maps<\/figcaption><\/figure>\n\n\n\n<!-- LKM_GYG_CARD start q=\"strasbourg\" lang=\"sv\" rendered=\"2026-09-05T15:07:52+00:00\" v=\"1\" -->\n<style id=\"lk-gyg-styles\">\n@import url(\"https:\/\/fonts.googleapis.com\/css2?family=Playfair+Display:wght@700&family=DM+Sans:wght@300;400;500;600&display=swap\");\n\/* === LK GYG karty \u2014 CRO redesign 2026-05 (namespace .lkx-) ===\n   C\u00edl: vy\u0161\u0161\u00ed CTR (hero + v\u00fdrazn\u00fd social proof + ak\u010dn\u00ed CTA, m\u00e9n\u011b \"reklamn\u00ed\").\n   Injektuje se inline do prvn\u00edho markeru postu (refresh_cards.py --inline-css). *\/\n.lkx-module, .lkx-module *{box-sizing:border-box;margin:0;padding:0}\n.lkx-module{\n  font-family:'DM Sans',-apple-system,Segoe UI,Roboto,Georgia,sans-serif;\n  max-width:860px;margin:2.5rem auto;color:#1f2328;\n}\n\n\/* HEADER \u2014 lehk\u00fd editorsk\u00fd, \u017e\u00e1dn\u00fd bannerov\u00fd blok; nadpis + popisek pod n\u00edm *\/\n.lkx-head{margin-bottom:16px}\n.lkx-head-main{display:flex;align-items:center;gap:10px}\n.lkx-head-accent{width:26px;height:3px;border-radius:2px;background:#c39f76;flex-shrink:0}\n.lkx-head-title{font-family:'Playfair Display',Georgia,serif;font-size:21px;font-weight:700;color:#1a1a1a;line-height:1.25}\n.lkx-head-meta{display:block;font-size:11px;letter-spacing:.3px;color:#9aa0a6;margin-top:4px;margin-left:36px}\n\n\/* HERO *\/\n.lkx-hero{display:grid;grid-template-columns:300px 1fr;background:#fff;border:1px solid #ece7df;border-radius:14px;overflow:hidden;text-decoration:none!important;color:inherit;box-shadow:0 6px 20px rgba(0,0,0,.06);transition:box-shadow .2s,transform .2s;margin-bottom:14px}\n.lkx-hero:hover{box-shadow:0 12px 30px rgba(0,0,0,.12);transform:translateY(-2px)}\n.lkx-hero-img{position:relative;min-height:230px;background-size:cover;background-position:center;background-color:#eee}\n.lkx-hero-body{padding:22px 24px;display:flex;flex-direction:column}\n.lkx-pick{position:absolute;top:12px;left:12px;background:#1a1a1a;color:#fff;font-size:11px;font-weight:700;letter-spacing:.5px;padding:5px 11px;border-radius:20px}\n\n\/* TITLE *\/\n.lkx-title{font-size:19px;font-weight:700;color:#161616;line-height:1.3}\n.lkx-title-sm{font-size:14.5px;line-height:1.35;display:-webkit-box;-webkit-line-clamp:2;-webkit-box-orient:vertical;overflow:hidden}\n\n\/* SOCIAL PROOF \u2014 v\u00fdrazn\u011b, naho\u0159e *\/\n.lkx-proof{display:flex;align-items:center;gap:7px;margin-top:12px;font-size:15px;color:#3a3a3a}\n.lkx-proof b{font-size:16px;color:#161616}\n.lkx-stars{color:#f5a623;letter-spacing:1px}\n.lkx-proof-sm{font-size:12.5px;margin-top:8px;gap:5px}\n.lkx-proof-sm b{font-size:13px}\n.lkx-proof-new{color:#3685fc;font-weight:600}\n\n\/* PRICE \u2014 n\u00edzk\u00e1 kotva *\/\n.lkx-price{font-size:14px;color:#6b7280}\n.lkx-price b{font-size:20px;color:#161616;font-weight:700}\n.lkx-price-sm b{font-size:15px}\n\n\/* CTA \u2014 tepl\u00e9 ak\u010dn\u00ed tla\u010d\u00edtko *\/\n.lkx-cta{display:inline-flex;align-items:center;justify-content:center;text-decoration:none!important;font-weight:700;color:#fff!important;background:linear-gradient(135deg,#f6743f,#e8552a);border-radius:10px;box-shadow:0 6px 16px rgba(232,85,42,.32);transition:box-shadow .2s}\n.lkx-cta-hero{font-size:15px;padding:13px 22px}\n.lkx-hero:hover .lkx-cta-hero{box-shadow:0 8px 22px rgba(232,85,42,.45)}\n.lkx-cta-sm{font-size:12.5px;padding:9px 14px;width:100%;margin-top:2px}\n.lkx-hero-bottom{margin-top:auto;padding-top:18px;display:flex;align-items:center;justify-content:space-between;gap:14px;flex-wrap:wrap}\n\n\/* BADGE \u2014 jeden v\u00fdrazn\u00fd na fotce *\/\n.lkx-badge{position:absolute;top:12px;right:12px;font-size:10.5px;font-weight:700;letter-spacing:.3px;padding:5px 10px;border-radius:16px;color:#fff}\n.lkx-badge.badge-urgency{background:rgba(214,40,40,.92)}\n.lkx-badge.badge-new{background:rgba(54,133,252,.92)}\n.lkx-badge.badge-top{background:rgba(195,159,118,.95)}\n.lkx-badge.badge-info{background:rgba(40,40,40,.78)}\n\n\/* SECONDARY GRID *\/\n.lkx-grid{display:grid;grid-template-columns:1fr 1fr;gap:14px}\n.lkx-card{background:#fff;border:1px solid #ece7df;border-radius:14px;overflow:hidden;text-decoration:none!important;color:inherit;box-shadow:0 4px 14px rgba(0,0,0,.05);display:flex;flex-direction:column;transition:box-shadow .2s,transform .2s}\n.lkx-card:hover{box-shadow:0 10px 24px rgba(0,0,0,.1);transform:translateY(-2px)}\n.lkx-card-img{position:relative;aspect-ratio:16\/10;background-size:cover;background-position:center;background-color:#eee}\n.lkx-card-body{padding:14px 16px 16px;display:flex;flex-direction:column;gap:7px;flex:1}\n.lkx-card-bottom{margin-top:auto;padding-top:10px;display:flex;align-items:center;justify-content:space-between;gap:8px}\n\n\/* DISCLOSURE \u2014 drobn\u00e1, kv\u016fli d\u016fv\u011b\u0159e\/z\u00e1konu *\/\n.lkx-disclosure{font-size:11px;color:#a7adb3;text-align:center;margin-top:14px;line-height:1.6}\n.lkx-disclosure a{color:#c39f76;text-decoration:none}\n\n@media(max-width:680px){\n  .lkx-hero{grid-template-columns:1fr}\n  .lkx-hero-img{min-height:180px}\n  .lkx-grid{grid-template-columns:1fr}\n  .lkx-head-meta{margin-left:0;width:100%}\n  .lkx-head-title{font-size:19px}\n}\n\n<\/style>\n<div class=\"lkx-module\" data-query=\"strasbourg\">\n  <div class=\"lkx-head\">\n    <div class=\"lkx-head-main\">\n      <span class=\"lkx-head-accent\"><\/span>\n      <span class=\"lkx-head-title\">Upplevelser &amp; biljetter<\/span>\n    <\/div>\n    <span class=\"lkx-head-meta\">betygsatt av resen\u00e4rer \u00b7 GetYourGuide<\/span>\n  <\/div><a class=\"lkx-hero\" href=\"https:\/\/www.getyourguide.com\/sv-se\/strasbourg-l293\/strasbourg-rundvandring-med-en-lokal-guide-t877665\/?partner_id=MKZ64IS&amp;utm_medium=online_publisher&amp;cmp=var-bo-strasbourg-frankrike\" target=\"_blank\" rel=\"sponsored noopener nofollow\">\n    <div class=\"lkx-hero-img\" style=\"background-image:url('https:\/\/cdn.getyourguide.com\/img\/tour\/55865d3f8d08e2193af59ad660b04fb53bbd1f5148dde1eff9892481aee3de49.png\/132.jpg')\" role=\"img\" aria-label=\"Strasbourg: Rundvandring med en lokal guide\">\n      <span class=\"lkx-pick\">\u2605 V\u00e5rt val<\/span><\/div>\n    <div class=\"lkx-hero-body\">\n      <div class=\"lkx-title\">Strasbourg: Rundvandring med en lokal guide<\/div>\n      <div class=\"lkx-proof\">\n      <span class=\"lkx-stars\">\u2605\u2605\u2605\u2605\u2605<\/span>\n      <b>4.4<\/b> \u00b7 904 omd\u00f6men\n    <\/div>\n      <div class=\"lkx-hero-bottom\"><div class=\"lkx-price\">fr\u00e5n <b>28\u00a0EUR<\/b><\/div><span class=\"lkx-cta lkx-cta-hero\">Det h\u00e4r vill jag uppleva \u2192<\/span>\n      <\/div>\n    <\/div>\n  <\/a><div class=\"lkx-grid\"><a class=\"lkx-card\" href=\"https:\/\/www.getyourguide.com\/sv-se\/strasbourg-l293\/fran-strasbourg-traditionell-vinresa-till-colmar-t1066634\/?partner_id=MKZ64IS&amp;utm_medium=online_publisher&amp;cmp=var-bo-strasbourg-frankrike\" target=\"_blank\" rel=\"sponsored noopener nofollow\">\n      <div class=\"lkx-card-img\" style=\"background-image:url('https:\/\/cdn.getyourguide.com\/img\/tour\/ad6c161500ce5ceaabb182d1ab2f151c62d5b59124194ab758ce97e60c9bfaf1.jpg\/132.jpg')\" role=\"img\" aria-label=\"Fr\u00e5n Strasbourg: traditionell vinresa till Colmar\"><\/div>\n      <div class=\"lkx-card-body\">\n        <div class=\"lkx-title lkx-title-sm\">Fr\u00e5n Strasbourg: traditionell vinresa till Colmar<\/div>\n        <div class=\"lkx-proof lkx-proof-sm\">\n      <span class=\"lkx-stars\">\u2605<\/span>\n      <b>3.6<\/b> \u00b7 18\n    <\/div>\n        <div class=\"lkx-card-bottom\"><span class=\"lkx-price lkx-price-sm\">fr\u00e5n <b>125\u00a0EUR<\/b><\/span><span class=\"lkx-cta lkx-cta-sm\">Visa datum \u2192<\/span>\n        <\/div>\n      <\/div>\n    <\/a><a class=\"lkx-card\" href=\"https:\/\/www.getyourguide.com\/sv-se\/strasbourg-l293\/strasbourg-vandring-med-5-matprovningar-i-alsace-t1458211\/?partner_id=MKZ64IS&amp;utm_medium=online_publisher&amp;cmp=var-bo-strasbourg-frankrike\" target=\"_blank\" rel=\"sponsored noopener nofollow\">\n      <div class=\"lkx-card-img\" style=\"background-image:url('https:\/\/cdn.getyourguide.com\/img\/tour\/e965587a48bc449a08b2ef17afbfc818a8ca05db25bccd1e896e40df12dc7ce3.jpg\/132.jpg')\" role=\"img\" aria-label=\"Strasbourg: Vandring med 5 matprovningar i Alsace\"><\/div>\n      <div class=\"lkx-card-body\">\n        <div class=\"lkx-title lkx-title-sm\">Strasbourg: Vandring med 5 matprovningar i Alsace<\/div>\n        <div class=\"lkx-proof lkx-proof-sm\">\n      <span class=\"lkx-stars\">\u2605<\/span>\n      <b>0.0<\/b> \u00b7 0\n    <\/div>\n        <div class=\"lkx-card-bottom\"><span class=\"lkx-price lkx-price-sm\">fr\u00e5n <b>45\u00a0EUR<\/b><\/span><span class=\"lkx-cta lkx-cta-sm\">Visa datum \u2192<\/span>\n        <\/div>\n      <\/div>\n    <\/a><\/div><div class=\"lkx-disclosure\">\ud83d\udd17 Affiliate-l\u00e4nkar \u2014 p\u00e5verkar inte ditt pris och hj\u00e4lper oss att skapa inneh\u00e5ll. \u00b7 <a href=\"https:\/\/www.getyourguide.com\/sv-se\/s\/?q=strasbourg&amp;partner_id=MKZ64IS&amp;utm_medium=online_publisher\" target=\"_blank\" rel=\"sponsored noopener nofollow\">Alla upplevelser \u2192<\/a><\/div>\n<\/div>\n<!-- LKM_GYG_CARD end -->\n\n\n\n\n<div class=\"lk-stays-module\">\n<style>\n\/* \u2500\u2500\u2500 RESET PRO GUTENBERG \u2500\u2500\u2500 *\/\n.lk-stays-module * { box-sizing: border-box; margin: 0; padding: 0; }\n\n\/* \u2500\u2500\u2500 WRAPPER \u2500\u2500\u2500 *\/\n.lk-stays-module {\n  font-family: 'DM Sans', Georgia, sans-serif;\n  max-width: 100%;\n  margin: 2.5rem auto;\n  background: linear-gradient(135deg, #fdfaf5 0%, #fcf8f0 100%);\n  border: 1px solid #e8dfd4;\n  border-radius: 16px;\n  overflow: hidden;\n  box-shadow: 0 16px 48px rgba(195, 159, 118, 0.25), 0 4px 12px rgba(0,0,0,0.08);\n}\n\n\/* \u2500\u2500\u2500 HEADER \u2500\u2500\u2500 *\/\n.lk-stays-header {\n  position: relative;\n  padding: 24px 36px 24px;\n  background: linear-gradient(135deg, #c39f76 0%, #d4b188 60%, #c39f76 100%);\n  border-bottom: 1px solid rgba(255,255,255,.15);\n  display: flex;\n  align-items: center;\n  gap: 18px;\n}\n.lk-stays-header::before {\n  content: '';\n  position: absolute;\n  inset: 0;\n  background: url(\"data:image\/svg+xml,%3Csvg width='60' height='60' viewBox='0 0 60 60' xmlns='http:\/\/www.w3.org\/2000\/svg'%3E%3Cg fill='none' fill-rule='evenodd'%3E%3Cg fill='%23ffffff' fill-opacity='0.05'%3E%3Cpath d='M36 34v-4h-2v4h-4v2h4v4h2v-4h4v-2h-4zm0-30V0h-2v4h-4v2h4v4h2V6h4V4h-4zM6 34v-4H4v4H0v2h4v4h2v-4h4v-2H6zM6 4V0H4v4H0v2h4v4h2V6h4V4H6z'\/%3E%3C\/g%3E%3C\/g%3E%3C\/svg%3E\") repeat;\n  pointer-events: none;\n}\n.lk-stays-icon {\n  flex-shrink: 0;\n  width: 68px;\n  height: 68px;\n  border-radius: 14px;\n  background: linear-gradient(135deg, #fff 0%, #f9f6f0 100%);\n  display: flex;\n  align-items: center;\n  justify-content: center;\n  font-size: 26px;\n  box-shadow: 0 4px 12px rgba(0,0,0,0.15);\n}\n.lk-stays-eyebrow {\n  font-size: 10px;\n  font-weight: 500;\n  letter-spacing: 2.5px;\n  text-transform: uppercase;\n  color: rgba(255,255,255,.85);\n  margin: 0 0 5px 0;\n}\n.lk-stays-title {\n  font-family: 'Playfair Display', Georgia, serif;\n  font-size: 24px;\n  font-weight: 700;\n  color: #fff;\n  line-height: 1.2;\n  text-shadow: 0 1px 2px rgba(0,0,0,0.1);\n  margin: 0;\n}\n.lk-stays-subtitle {\n  font-size: 13px;\n  color: rgba(255,255,255,.75);\n  margin: 4px 0 0 0;\n  font-weight: 300;\n}\n\n\/* \u2500\u2500\u2500 CARDS GRID \u2500\u2500\u2500 *\/\n.lk-stays-grid {\n  display: grid;\n  grid-template-columns: 1fr 1fr;\n  gap: 1px;\n  background: rgba(195, 159, 118, 0.12);\n}\n\n\/* \u2500\u2500\u2500 SINGLE CARD \u2500\u2500\u2500 *\/\n.lk-stay-card {\n  background: #ffffff;\n  padding: 26px;\n  display: flex;\n  flex-direction: column;\n  gap: 11px;\n  transition: all 0.3s ease;\n  text-decoration: none;\n  color: inherit;\n  position: relative;\n}\n.lk-stay-card:hover {\n  background: #fffbf5;\n  transform: translateY(-2px);\n  box-shadow: 0 8px 24px rgba(195, 159, 118, 0.18);\n  z-index: 1;\n}\n.lk-stay-card.featured {\n  background: linear-gradient(135deg, #fffdf9 0%, #fff9f0 100%);\n  box-shadow: 0 4px 16px rgba(195, 159, 118, 0.15), inset 0 1px 0 rgba(195, 159, 118, 0.1);\n}\n.lk-stay-card.featured:hover {\n  background: linear-gradient(135deg, #fffbf5 0%, #fff8ed 100%);\n  box-shadow: 0 8px 24px rgba(195, 159, 118, 0.25), inset 0 1px 0 rgba(195, 159, 118, 0.15);\n}\n\n.lk-stay-badge {\n  display: inline-flex;\n  align-items: center;\n  gap: 5px;\n  font-size: 10px;\n  font-weight: 500;\n  letter-spacing: 1.5px;\n  text-transform: uppercase;\n  padding: 5px 11px;\n  border-radius: 20px;\n  width: fit-content;\n}\n.badge-top     { background: linear-gradient(135deg, #c39f76 0%, #d4b188 100%); color: #fff; border: 1px solid #c39f76; font-weight: 600; box-shadow: 0 2px 8px rgba(195,159,118,0.3); }\n.badge-luxury  { background: rgba(195,159,118,.12); color: #c39f76; border: 1px solid rgba(195,159,118,.25); }\n.badge-boutique{ background: rgba(54,133,252,.08); color: #3685fc; border: 1px solid rgba(54,133,252,.2); }\n.badge-nature  { background: rgba(130,190,100,.1); color: #6b9c4a; border: 1px solid rgba(130,190,100,.2); }\n.badge-remote  { background: rgba(195,159,118,.12); color: #a67e50; border: 1px solid rgba(195,159,118,.25); }\n\n.lk-stay-name {\n  font-family: 'Playfair Display', Georgia, serif;\n  font-size: 18px;\n  font-weight: 700;\n  color: #111827;\n  line-height: 1.3;\n}\n.lk-stay-desc {\n  font-size: 13.5px;\n  color: #525252;\n  line-height: 1.65;\n  font-weight: 300;\n  flex: 1;\n}\n\n.lk-stay-meta {\n  display: flex;\n  align-items: center;\n  gap: 12px;\n  flex-wrap: wrap;\n  margin-top: 4px;\n}\n.lk-stay-price {\n  font-size: 13px;\n  color: #6b7280;\n}\n.lk-stay-price strong {\n  color: #c39f76;\n  font-weight: 500;\n}\n.lk-stay-stars {\n  color: #c39f76;\n  font-size: 11px;\n  letter-spacing: 1px;\n}\n\n\/* \u2500\u2500\u2500 CTA BUTTON \u2500\u2500\u2500 *\/\n.lk-stay-cta {\n  display: inline-flex;\n  align-items: center;\n  justify-content: center;\n  gap: 7px;\n  margin-top: 8px;\n  padding: 11px 20px;\n  border-radius: 8px;\n  background: linear-gradient(135deg, #3685fc 0%, #2a6fd9 100%);\n  color: #fff;\n  font-size: 13px;\n  font-weight: 500;\n  text-decoration: none;\n  letter-spacing: .3px;\n  transition: all .2s ease;\n  cursor: pointer;\n  border: none;\n  text-align: center;\n  box-shadow: 0 4px 12px rgba(54, 133, 252, 0.25);\n}\n.lk-stay-cta:hover {\n  background: linear-gradient(135deg, #2a6fd9 0%, #1e5bc4 100%);\n  transform: translateY(-1px);\n  box-shadow: 0 6px 16px rgba(54, 133, 252, 0.35);\n}\n.lk-stay-cta svg { flex-shrink: 0; }\n\n\/* \u2500\u2500\u2500 FOOTER \u2500\u2500\u2500 *\/\n.lk-stays-footer {\n  padding: 18px 36px;\n  background: linear-gradient(to bottom, #fdfaf5 0%, #f9f4ed 100%);\n  border-top: 1px solid rgba(195, 159, 118, 0.15);\n  display: flex;\n  align-items: center;\n  justify-content: space-between;\n  flex-wrap: wrap;\n  gap: 12px;\n}\n.lk-stays-footer-note {\n  font-size: 11.5px;\n  color: #6b7280;\n  font-weight: 300;\n  line-height: 1.5;\n}\n.lk-stays-footer-note a {\n  color: #c39f76;\n  text-decoration: none;\n  font-weight: 400;\n}\n.lk-stays-footer-note a:hover {\n  text-decoration: underline;\n}\n.lk-stays-all-btn {\n  display: inline-flex;\n  align-items: center;\n  gap: 6px;\n  font-size: 12.5px;\n  font-weight: 500;\n  color: #c39f76;\n  text-decoration: none;\n  border: 1px solid rgba(195, 159, 118, 0.35);\n  padding: 8px 18px;\n  border-radius: 8px;\n  transition: all .2s ease;\n}\n.lk-stays-all-btn:hover {\n  background: rgba(195, 159, 118, 0.08);\n  border-color: rgba(195, 159, 118, 0.5);\n}\n\n\/* \u2500\u2500\u2500 RESPONSIVE \u2500\u2500\u2500 *\/\n@media (max-width: 600px) {\n  .lk-stays-grid { grid-template-columns: 1fr; }\n  .lk-stays-header { padding: 24px 20px; }\n  .lk-stays-footer { padding: 16px 20px; }\n  .lk-stay-card { padding: 22px; }\n  .lk-stays-title { font-size: 20px; }\n}\n<\/style>\n\n  <!-- HEADER -->\n  <div class=\"lk-stays-header\">\n    <img decoding=\"async\" src=\"https:\/\/loudavymkrokem.cz\/wp-content\/uploads\/2026\/02\/lukas-a-lucka.jpg\" alt=\"\" style=\"width: 75px; height: 75px; border-radius: 8px; flex-shrink: 0; object-fit: cover; display: block; margin: 4px 0;\" title=\"\">\n    <div class=\"lk-stays-header-text\">\n      <div class=\"lk-stays-eyebrow\">Luk\u00e1\u0161 och Lucie rekommenderar<\/div>\n      <div class=\"lk-stays-title\">Var man kan bo i Strasbourg<\/div>\n      <div class=\"lk-stays-subtitle\">6 boenden \u2014 wellnesshotell, hotell och andra boendealternativ<\/div>\n    <\/div>\n  <\/div>\n\n  <!-- CARDS -->\n  <div class=\"lk-stays-grid\">\n\n    <a class=\"lk-stay-card featured\" href=\"https:\/\/www.stay22.com\/allez\/roam?aid=lukaskonecny&#038;campaign=loudavymkrokemcz&#038;campaign=sv&#038;campaign=kde-bydlet-ve-strasburku&#038;hotelname=Cour%20du%20Corbeau%20Hotel%20Strasbourg%20MGallery&#038;address=%C5%A0trasburk%2C%20Francie\" target=\"_blank\" rel=\"nofollow noopener\">\n      <span class=\"lk-stay-badge badge-top\">\u2b50 TOPPVAL<\/span>\n      <span class=\"lk-stay-badge badge-nature\">\u2b50 Lyx<\/span>\n      <div class=\"lk-stay-name\">Cour du Corbeau Hotel Strasbourg MGallery<\/div>\n      <div class=\"lk-stay-desc\">Lyxhotell i en byggnad fr\u00e5n 1500-talet med fantastiskt betyg 4,8. Vacker tr\u00e4balkong och lugn innerg\u00e5rd. Bara n\u00e5gra minuter fr\u00e5n katedralen.<\/div>\n      <div class=\"lk-stay-meta\">\n        <span class=\"lk-stay-stars\">\u2605\u2605\u2605\u2605<\/span>\n        <span class=\"lk-stay-price\">Kontrollera priser<\/span>\n      <\/div>\n      <span class=\"lk-stay-cta\">\n        <svg width=\"14\" height=\"14\" viewBox=\"0 0 24 24\" fill=\"none\" stroke=\"currentColor\" stroke-width=\"2\"><path d=\"M18 13v6a2 2 0 0 1-2 2H5a2 2 0 0 1-2-2V8a2 2 0 0 1 2-2h6\"\/><polyline points=\"15 3 21 3 21 9\"\/><line x1=\"10\" y1=\"14\" x2=\"21\" y2=\"3\"\/><\/svg>\n        Kontrollera tillg\u00e4nglighet\n      <\/span>\n    <\/a>\n\n    <a class=\"lk-stay-card\" href=\"https:\/\/www.stay22.com\/allez\/roam?aid=lukaskonecny&#038;campaign=loudavymkrokemcz&#038;campaign=sv&#038;campaign=kde-bydlet-ve-strasburku&#038;hotelname=Les%20Haras%20H%C3%B4tel%20by%20Stay%20Collection&#038;address=%C5%A0trasburk%2C%20Francie\" target=\"_blank\" rel=\"nofollow noopener\">\n      <span class=\"lk-stay-badge badge-nature\">\ud83c\udfe8 Hotell<\/span>\n      <div class=\"lk-stay-name\">Les Haras H\u00f4tel by Stay Collection<\/div>\n      <div class=\"lk-stay-desc\">Designhotell i ett f\u00f6re detta kungligt stuteri fr\u00e5n 1700-talet. Spahotell med pool och prisbel\u00f6nt restaurang. Betyg 4,6.<\/div>\n      <div class=\"lk-stay-meta\">\n        <span class=\"lk-stay-stars\">\u2605\u2605\u2605\u2605<\/span>\n        <span class=\"lk-stay-price\">Kontrollera priser<\/span>\n      <\/div>\n      <span class=\"lk-stay-cta\">\n        <svg width=\"14\" height=\"14\" viewBox=\"0 0 24 24\" fill=\"none\" stroke=\"currentColor\" stroke-width=\"2\"><path d=\"M18 13v6a2 2 0 0 1-2 2H5a2 2 0 0 1-2-2V8a2 2 0 0 1 2-2h6\"\/><polyline points=\"15 3 21 3 21 9\"\/><line x1=\"10\" y1=\"14\" x2=\"21\" y2=\"3\"\/><\/svg>\n        Kontrollera tillg\u00e4nglighet\n      <\/span>\n    <\/a>\n\n    <a class=\"lk-stay-card\" href=\"https:\/\/www.stay22.com\/allez\/roam?aid=lukaskonecny&#038;campaign=loudavymkrokemcz&#038;campaign=sv&#038;campaign=kde-bydlet-ve-strasburku&#038;hotelname=Maison%20Rouge%20Strasbourg%20Hotel%20%26%20Spa&#038;address=%C5%A0trasburk%2C%20Francie\" target=\"_blank\" rel=\"nofollow noopener\">\n      <span class=\"lk-stay-badge badge-nature\">\ud83c\udfe8 Hotell<\/span>\n      <div class=\"lk-stay-name\">Maison Rouge Strasbourg Hotel &#038; Spa<\/div>\n      <div class=\"lk-stay-desc\">Klassiskt hotell bara n\u00e5gra steg fr\u00e5n katedralen. Frukostsal med originalfresker. Hotellspa och wellness. Betyg 4,5.<\/div>\n      <div class=\"lk-stay-meta\">\n        <span class=\"lk-stay-stars\">\u2605\u2605\u2605\u2605<\/span>\n        <span class=\"lk-stay-price\">Kontrollera priser<\/span>\n      <\/div>\n      <span class=\"lk-stay-cta\">\n        <svg width=\"14\" height=\"14\" viewBox=\"0 0 24 24\" fill=\"none\" stroke=\"currentColor\" stroke-width=\"2\"><path d=\"M18 13v6a2 2 0 0 1-2 2H5a2 2 0 0 1-2-2V8a2 2 0 0 1 2-2h6\"\/><polyline points=\"15 3 21 3 21 9\"\/><line x1=\"10\" y1=\"14\" x2=\"21\" y2=\"3\"\/><\/svg>\n        Kontrollera tillg\u00e4nglighet\n      <\/span>\n    <\/a>\n\n    <a class=\"lk-stay-card\" href=\"https:\/\/www.stay22.com\/allez\/roam?aid=lukaskonecny&#038;campaign=loudavymkrokemcz&#038;campaign=sv&#038;campaign=kde-bydlet-ve-strasburku&#038;hotelname=H%C3%B4tel%20Beaucour&#038;address=%C5%A0trasburk%2C%20Francie\" target=\"_blank\" rel=\"nofollow noopener\">\n      <span class=\"lk-stay-badge badge-nature\">\ud83c\udfe8 Hotell<\/span>\n      <div class=\"lk-stay-name\">H\u00f4tel Beaucour<\/div>\n      <div class=\"lk-stay-desc\">Traditionellt korsvirkesverk med pittoresk terrass. Vissa rum med egen bubbelpool. Utm\u00e4rkt f\u00f6rh\u00e5llande mellan pris och atmosf\u00e4r. Betyg 4,6.<\/div>\n      <div class=\"lk-stay-meta\">\n        <span class=\"lk-stay-stars\">\u2605\u2605\u2605\u2605<\/span>\n        <span class=\"lk-stay-price\">Kontrollera priser<\/span>\n      <\/div>\n      <span class=\"lk-stay-cta\">\n        <svg width=\"14\" height=\"14\" viewBox=\"0 0 24 24\" fill=\"none\" stroke=\"currentColor\" stroke-width=\"2\"><path d=\"M18 13v6a2 2 0 0 1-2 2H5a2 2 0 0 1-2-2V8a2 2 0 0 1 2-2h6\"\/><polyline points=\"15 3 21 3 21 9\"\/><line x1=\"10\" y1=\"14\" x2=\"21\" y2=\"3\"\/><\/svg>\n        Kontrollera tillg\u00e4nglighet\n      <\/span>\n    <\/a>\n\n    <a class=\"lk-stay-card\" href=\"https:\/\/www.stay22.com\/allez\/roam?aid=lukaskonecny&#038;campaign=loudavymkrokemcz&#038;campaign=sv&#038;campaign=kde-bydlet-ve-strasburku&#038;hotelname=L%C3%89ONOR%20H%C3%B4tel%20by%20Stay%20Collection&#038;address=%C5%A0trasburk%2C%20Francie\" target=\"_blank\" rel=\"nofollow noopener\">\n      <span class=\"lk-stay-badge badge-nature\">\u2b50 Lyx<\/span>\n      <div class=\"lk-stay-name\">L\u00c9ONOR H\u00f4tel by Stay Collection<\/div>\n      <div class=\"lk-stay-desc\">Modern designlyx i en historisk byggnad. Eget prisbel\u00f6nt konditori och restaurang. Betyg 4,7.<\/div>\n      <div class=\"lk-stay-meta\">\n        <span class=\"lk-stay-stars\">\u2605\u2605\u2605\u2605<\/span>\n        <span class=\"lk-stay-price\">Kontrollera priser<\/span>\n      <\/div>\n      <span class=\"lk-stay-cta\">\n        <svg width=\"14\" height=\"14\" viewBox=\"0 0 24 24\" fill=\"none\" stroke=\"currentColor\" stroke-width=\"2\"><path d=\"M18 13v6a2 2 0 0 1-2 2H5a2 2 0 0 1-2-2V8a2 2 0 0 1 2-2h6\"\/><polyline points=\"15 3 21 3 21 9\"\/><line x1=\"10\" y1=\"14\" x2=\"21\" y2=\"3\"\/><\/svg>\n        Kontrollera tillg\u00e4nglighet\n      <\/span>\n    <\/a>\n\n    <a class=\"lk-stay-card\" href=\"https:\/\/www.stay22.com\/allez\/roam?aid=lukaskonecny&#038;campaign=loudavymkrokemcz&#038;campaign=sv&#038;campaign=kde-bydlet-ve-strasburku&#038;hotelname=Hotel%20Tandem&#038;address=%C5%A0trasburk%2C%20Francie\" target=\"_blank\" rel=\"nofollow noopener\">\n      <span class=\"lk-stay-badge badge-nature\">\ud83c\udfe8 Hotell<\/span>\n      <div class=\"lk-stay-name\">Hotel Tandem<\/div>\n      <div class=\"lk-stay-desc\">Ekologiskt boutiquehotell vid stationen. Vinbar med biodynamiska viner och cykeluthyrning. Betyg 4,7.<\/div>\n      <div class=\"lk-stay-meta\">\n        <span class=\"lk-stay-stars\">\u2605\u2605\u2605\u2605<\/span>\n        <span class=\"lk-stay-price\">Kontrollera priser<\/span>\n      <\/div>\n      <span class=\"lk-stay-cta\">\n        <svg width=\"14\" height=\"14\" viewBox=\"0 0 24 24\" fill=\"none\" stroke=\"currentColor\" stroke-width=\"2\"><path d=\"M18 13v6a2 2 0 0 1-2 2H5a2 2 0 0 1-2-2V8a2 2 0 0 1 2-2h6\"\/><polyline points=\"15 3 21 3 21 9\"\/><line x1=\"10\" y1=\"14\" x2=\"21\" y2=\"3\"\/><\/svg>\n        Kontrollera tillg\u00e4nglighet\n      <\/span>\n    <\/a>\n\n  <\/div>\n\n  \n<\/div>\n\n\n\n\n<h3 class=\"wp-block-heading\"><span class=\"ez-toc-section\" id=\"10_Hannong_Hotel_Wine_Bar\"><\/span>10. Hannong H\u00f4tel &#038; Wine Bar<span class=\"ez-toc-section-end\"><\/span><\/h3>\n\n\n\n<p class=\"wp-block-paragraph\">Detta exceptionellt stilfulla <strong><a href=\"https:\/\/www.stay22.com\/allez\/roam?aid=lukaskonecny&#038;campaign=loudavymkrokemcz&#038;campaign=kde-bydlet-ve-strasburku&#038;hotelname=Hannong%20H%C3%B4tel%20%26%20Wine%20Bar&#038;address=%C5%A0trasburk%2C%20Francie\" target=\"_blank\" rel=\"noopener nofollow sponsored\">Hannong H\u00f4tel &#038; Wine Bar<\/a><\/strong> med betyget 4,5 gl\u00e4der garanterat alla som \u00e4lskar god dryck, eftersom dess <strong>hj\u00e4rta \u00e4r en fantastisk vinbar med en vacker takterrass<\/strong>. Boendet ligger bara en kort bit fr\u00e5n den popul\u00e4ra stadsdelen Petite France och erbjuder en <strong>str\u00e5lande, v\u00e4ldigt varsam blandning av modern design och ursprungliga historiska element<\/strong>.<\/p>\n\n\n\n<p class=\"wp-block-paragraph\">Hotellets stora stolthet \u00e4r den vackra vintagesalongen med ett enormt glastak, d\u00e4r det varje morgon serveras v\u00e4ldigt riklig frukost och d\u00e4r <strong>du under dagen kan sl\u00e5 dig ner med en god bok och ett glas uts\u00f6kt alsassiskt vin<\/strong>. Sj\u00e4lva rummen \u00e4r h\u00e4rligt luftiga, helt rena och stoltserar med v\u00e4ldigt bekv\u00e4ma s\u00e4ngar med lakan av god kvalitet.<\/p>\n\n\n\n<p class=\"wp-block-paragraph\">Hotellet ligger p\u00e5 perfekt g\u00e5ngavst\u00e5nd fr\u00e5n b\u00e5de t\u00e5gstationen och sj\u00e4lva centrum, s\u00e5 du beh\u00f6ver ingen kollektivtrafik. Personalen h\u00e4r ger med enorm entusiasm tips till g\u00e4sterna om vilka lokala ving\u00e5rdar de definitivt inte b\u00f6r missa.<\/p>\n\n\n\n<p class=\"wp-block-paragraph\">\ud83d\udca1 <strong>Tips:<\/strong> Boka ett rum h\u00e4r om du vill <strong>njuta i fulla drag av provsmakning av f\u00f6rstklassiga lokala viner direkt i hotellets bekv\u00e4mlighet<\/strong> och \u00e4lskar en elegant, fr\u00e4sch designmilj\u00f6.<\/p>\n\n\n\n<figure data-wp-context=\"{&quot;imageId&quot;:&quot;6a9c45f6acc06&quot;}\" data-wp-interactive=\"core\/image\" data-wp-key=\"6a9c45f6acc06\" class=\"wp-block-image size-full wp-lightbox-container\"><img decoding=\"async\" width=\"1600\" height=\"1067\" data-wp-class--hide=\"state.isContentHidden\" data-wp-class--show=\"state.isContentVisible\" data-wp-init=\"callbacks.setButtonStyles\" data-wp-on--click=\"actions.showLightbox\" data-wp-on--load=\"callbacks.setButtonStyles\" data-wp-on--pointerdown=\"actions.preloadImage\" data-wp-on--pointerenter=\"actions.preloadImageWithDelay\" data-wp-on--pointerleave=\"actions.cancelPreload\" data-wp-on-window--resize=\"callbacks.setButtonStyles\" src=\"https:\/\/loudavymkrokem.cz\/wp-content\/uploads\/2026\/09\/h-tel-gutenberg.jpg\" alt=\"Hotell H\u00f4tel Gutenberg\" class=\"wp-image-413085\" title=\"\" srcset=\"https:\/\/loudavymkrokem.cz\/wp-content\/uploads\/2026\/09\/h-tel-gutenberg.jpg 1600w, https:\/\/loudavymkrokem.cz\/wp-content\/uploads\/2026\/09\/h-tel-gutenberg-300x200.jpg 300w, https:\/\/loudavymkrokem.cz\/wp-content\/uploads\/2026\/09\/h-tel-gutenberg-700x467.jpg 700w, https:\/\/loudavymkrokem.cz\/wp-content\/uploads\/2026\/09\/h-tel-gutenberg-768x512.jpg 768w, https:\/\/loudavymkrokem.cz\/wp-content\/uploads\/2026\/09\/h-tel-gutenberg-1536x1024.jpg 1536w, https:\/\/loudavymkrokem.cz\/wp-content\/uploads\/2026\/09\/h-tel-gutenberg-696x464.jpg 696w, https:\/\/loudavymkrokem.cz\/wp-content\/uploads\/2026\/09\/h-tel-gutenberg-1392x928.jpg 1392w\" sizes=\"(max-width: 1600px) 100vw, 1600px\" \/><button\n\t\t\tclass=\"lightbox-trigger\"\n\t\t\ttype=\"button\"\n\t\t\taria-haspopup=\"dialog\"\n\t\t\tdata-wp-bind--aria-label=\"state.thisImage.triggerButtonAriaLabel\"\n\t\t\tdata-wp-init=\"callbacks.initTriggerButton\"\n\t\t\tdata-wp-on--click=\"actions.showLightbox\"\n\t\t\tdata-wp-style--right=\"state.thisImage.buttonRight\"\n\t\t\tdata-wp-style--top=\"state.thisImage.buttonTop\"\n\t\t>\n\t\t\t<svg xmlns=\"http:\/\/www.w3.org\/2000\/svg\" width=\"12\" height=\"12\" fill=\"none\" viewBox=\"0 0 12 12\">\n\t\t\t\t<path fill=\"#fff\" d=\"M2 0a2 2 0 0 0-2 2v2h1.5V2a.5.5 0 0 1 .5-.5h2V0H2Zm2 10.5H2a.5.5 0 0 1-.5-.5V8H0v2a2 2 0 0 0 2 2h2v-1.5ZM8 12v-1.5h2a.5.5 0 0 0 .5-.5V8H12v2a2 2 0 0 1-2 2H8Zm2-12a2 2 0 0 1 2 2v2h-1.5V2a.5.5 0 0 0-.5-.5H8V0h2Z\" \/>\n\t\t\t<\/svg>\n\t\t<\/button><figcaption class=\"wp-element-caption\">Foto: H\u00f4tel Gutenberg \/ Google Maps<\/figcaption><\/figure>\n\n\n\n<h3 class=\"wp-block-heading\"><span class=\"ez-toc-section\" id=\"11_Hotel_Gutenberg\"><\/span>11. H\u00f4tel Gutenberg<span class=\"ez-toc-section-end\"><\/span><\/h3>\n\n\n\n<p class=\"wp-block-paragraph\">Detta v\u00e4ldigt trevliga, snarare mindre <strong><a href=\"https:\/\/www.stay22.com\/allez\/roam?aid=lukaskonecny&#038;campaign=loudavymkrokemcz&#038;campaign=kde-bydlet-ve-strasburku&#038;hotelname=H%C3%B4tel%20Gutenberg&#038;address=%C5%A0trasburk%2C%20Francie\" target=\"_blank\" rel=\"noopener nofollow sponsored\">H\u00f4tel Gutenberg<\/a><\/strong> h\u00e5ller ett solitt betyg p\u00e5 4,5 och ligger p\u00e5 en strategisk plats <strong>bara en liten bit fr\u00e5n huvudkatedralen och torget Place Gutenberg<\/strong>. Det erbjuder snarare mindre men desto mer smakfullt och praktiskt inredda rum som <strong>ger all den moderna komfort du beh\u00f6ver f\u00f6r att utforska staden hela dagen<\/strong>.<\/p>\n\n\n\n<p class=\"wp-block-paragraph\">Det \u00e4r helt enkelt ett utm\u00e4rkt val f\u00f6r dig som vill bo mitt i h\u00e4ndelsernas centrum, men samtidigt <strong>letar efter ett v\u00e4ldigt bra och rimligt pris f\u00f6r ett l\u00e4ge p\u00e5 den dyraste \u00f6n Grande \u00cele<\/strong>. Fr\u00e5n vissa rum \u00f6ppnar sig dessutom en vacker utsikt rakt mot katedralens torn, vilket ger boendet en fantastisk atmosf\u00e4r och en k\u00e4nsla av att du verkligen \u00e4r i hj\u00e4rtat av Alsace.<\/p>\n\n\n\n<p class=\"wp-block-paragraph\">Personalen h\u00e4r \u00e4r k\u00e4nd f\u00f6r sin maximala hj\u00e4lpsamhet och tipsar g\u00e4rna om bokningar p\u00e5 de b\u00e4sta restaurangerna i n\u00e4rheten. Varje morgon serveras en utm\u00e4rkt kontinental frukost med f\u00e4rska juicer och perfekt franskt br\u00f6d fr\u00e5n lokala bagare.<\/p>\n\n\n\n<p class=\"wp-block-paragraph\">\ud83d\udca1 <strong>Tips:<\/strong> En idealisk gyllene medelv\u00e4g f\u00f6r resen\u00e4rer som orubbligt insisterar p\u00e5 <strong>boende p\u00e5 den historiska \u00f6n Grande \u00cele<\/strong>, men inte n\u00f6dv\u00e4ndigtvis beh\u00f6ver femstj\u00e4rnig lyx.<\/p>\n\n\n\n<figure data-wp-context=\"{&quot;imageId&quot;:&quot;6a9c45f6ad55c&quot;}\" data-wp-interactive=\"core\/image\" data-wp-key=\"6a9c45f6ad55c\" class=\"wp-block-image size-full wp-lightbox-container\"><img decoding=\"async\" width=\"1600\" height=\"1063\" data-wp-class--hide=\"state.isContentHidden\" data-wp-class--show=\"state.isContentVisible\" data-wp-init=\"callbacks.setButtonStyles\" data-wp-on--click=\"actions.showLightbox\" data-wp-on--load=\"callbacks.setButtonStyles\" data-wp-on--pointerdown=\"actions.preloadImage\" data-wp-on--pointerenter=\"actions.preloadImageWithDelay\" data-wp-on--pointerleave=\"actions.cancelPreload\" data-wp-on-window--resize=\"callbacks.setButtonStyles\" src=\"https:\/\/loudavymkrokem.cz\/wp-content\/uploads\/2026\/09\/h-tel-rohan-strasbourg.png\" alt=\"Hotell H\u00f4tel Rohan Strasbourg\" class=\"wp-image-413091\" title=\"\" srcset=\"https:\/\/loudavymkrokem.cz\/wp-content\/uploads\/2026\/09\/h-tel-rohan-strasbourg.png 1600w, https:\/\/loudavymkrokem.cz\/wp-content\/uploads\/2026\/09\/h-tel-rohan-strasbourg-300x199.png 300w, https:\/\/loudavymkrokem.cz\/wp-content\/uploads\/2026\/09\/h-tel-rohan-strasbourg-700x465.png 700w, https:\/\/loudavymkrokem.cz\/wp-content\/uploads\/2026\/09\/h-tel-rohan-strasbourg-768x510.png 768w, https:\/\/loudavymkrokem.cz\/wp-content\/uploads\/2026\/09\/h-tel-rohan-strasbourg-1536x1020.png 1536w, https:\/\/loudavymkrokem.cz\/wp-content\/uploads\/2026\/09\/h-tel-rohan-strasbourg-696x462.png 696w, https:\/\/loudavymkrokem.cz\/wp-content\/uploads\/2026\/09\/h-tel-rohan-strasbourg-1392x925.png 1392w\" sizes=\"(max-width: 1600px) 100vw, 1600px\" \/><button\n\t\t\tclass=\"lightbox-trigger\"\n\t\t\ttype=\"button\"\n\t\t\taria-haspopup=\"dialog\"\n\t\t\tdata-wp-bind--aria-label=\"state.thisImage.triggerButtonAriaLabel\"\n\t\t\tdata-wp-init=\"callbacks.initTriggerButton\"\n\t\t\tdata-wp-on--click=\"actions.showLightbox\"\n\t\t\tdata-wp-style--right=\"state.thisImage.buttonRight\"\n\t\t\tdata-wp-style--top=\"state.thisImage.buttonTop\"\n\t\t>\n\t\t\t<svg xmlns=\"http:\/\/www.w3.org\/2000\/svg\" width=\"12\" height=\"12\" fill=\"none\" viewBox=\"0 0 12 12\">\n\t\t\t\t<path fill=\"#fff\" d=\"M2 0a2 2 0 0 0-2 2v2h1.5V2a.5.5 0 0 1 .5-.5h2V0H2Zm2 10.5H2a.5.5 0 0 1-.5-.5V8H0v2a2 2 0 0 0 2 2h2v-1.5ZM8 12v-1.5h2a.5.5 0 0 0 .5-.5V8H12v2a2 2 0 0 1-2 2H8Zm2-12a2 2 0 0 1 2 2v2h-1.5V2a.5.5 0 0 0-.5-.5H8V0h2Z\" \/>\n\t\t\t<\/svg>\n\t\t<\/button><figcaption class=\"wp-element-caption\">Foto: H\u00f4tel Rohan Strasbourg \/ Google Maps<\/figcaption><\/figure>\n\n\n\n<h3 class=\"wp-block-heading\"><span class=\"ez-toc-section\" id=\"12_Hotel_Rohan_Strasbourg\"><\/span>12. H\u00f4tel Rohan Strasbourg<span class=\"ez-toc-section-end\"><\/span><\/h3>\n\n\n\n<p class=\"wp-block-paragraph\">\u00c4nnu ett str\u00e5lande val direkt i den imponerande katedralens grannskap. Det h\u00e4r popul\u00e4ra <strong><a href=\"https:\/\/www.stay22.com\/allez\/roam?aid=lukaskonecny&#038;campaign=loudavymkrokemcz&#038;campaign=kde-bydlet-ve-strasburku&#038;hotelname=H%C3%B4tel%20Rohan%20Strasbourg&#038;address=%C5%A0trasburk%2C%20Francie\" target=\"_blank\" rel=\"noopener nofollow sponsored\">H\u00f4tel Rohan Strasbourg<\/a><\/strong> med betyget 4,3 kan skryta med en <strong>v\u00e4ldigt v\u00e4nlig, familj\u00e4r atmosf\u00e4r och klassisk, of\u00f6rv\u00e4xelbar fransk charm<\/strong>. Rummen \u00e4r behagligt mysiga, ofta med romantisk utsikt mot den historiska k\u00e4rnans pittoreska g\u00e5gator, och de <strong>erbjuder \u00f6verraskande nog fullst\u00e4ndigt lugn \u00e4ven under de mest livliga sommar- och vinterm\u00e5naderna<\/strong>.<\/p>\n\n\n\n<p class=\"wp-block-paragraph\">En enorm och ov\u00e4rderlig f\u00f6rdel med detta boende \u00e4r den <strong>egna alsassiska kvalitetsrestaurangen<\/strong>, d\u00e4r du bekv\u00e4mt kan smaka p\u00e5 lokala specialiteter utan att beh\u00f6va leta efter ett ledigt bord n\u00e5gon annanstans i staden, vilket \u00e4r oerh\u00f6rt bekv\u00e4mt s\u00e4rskilt p\u00e5 helgerna. L\u00e4get \u00e4r s\u00e5 centralt att du kan \u00e5terv\u00e4nda hit n\u00e4r som helst under dagen, l\u00e4gga ifr\u00e5n dig ink\u00f6pen och vila en stund.<\/p>\n\n\n\n<p class=\"wp-block-paragraph\">Interi\u00f6rerna kombinerar traditionella tidstypiska element med moderna material, och frukostbuff\u00e9n bjuder p\u00e5 massor av lokala delikatesser fr\u00e5n lokala leverant\u00f6rer. Personalen h\u00e4r tar hand om g\u00e4sterna med uppriktig och genuin omsorg.<\/p>\n\n\n\n<p class=\"wp-block-paragraph\">\ud83d\udca1 <strong>Tips:<\/strong> V\u00e4lj det h\u00e4r hotellet med gott samvete om din st\u00f6rsta prioritet \u00e4r att <strong>bo bara n\u00e5gra tiotals meter fr\u00e5n den majest\u00e4tiska katedralen Notre-Dame<\/strong> och st\u00e4ndigt ha bra lokal gastronomi till hands.<\/p>\n\n\n\n<figure data-wp-context=\"{&quot;imageId&quot;:&quot;6a9c45f6adc41&quot;}\" data-wp-interactive=\"core\/image\" data-wp-key=\"6a9c45f6adc41\" class=\"wp-block-image size-full wp-lightbox-container\"><img decoding=\"async\" width=\"1600\" height=\"1067\" data-wp-class--hide=\"state.isContentHidden\" data-wp-class--show=\"state.isContentVisible\" data-wp-init=\"callbacks.setButtonStyles\" data-wp-on--click=\"actions.showLightbox\" data-wp-on--load=\"callbacks.setButtonStyles\" data-wp-on--pointerdown=\"actions.preloadImage\" data-wp-on--pointerenter=\"actions.preloadImageWithDelay\" data-wp-on--pointerleave=\"actions.cancelPreload\" data-wp-on-window--resize=\"callbacks.setButtonStyles\" src=\"https:\/\/loudavymkrokem.cz\/wp-content\/uploads\/2026\/09\/hotel-de-l-europe-by-happyculture.jpg\" alt=\"Hotell Hotel de l&#039;Europe by HappyCulture\" class=\"wp-image-413096\" title=\"\" srcset=\"https:\/\/loudavymkrokem.cz\/wp-content\/uploads\/2026\/09\/hotel-de-l-europe-by-happyculture.jpg 1600w, https:\/\/loudavymkrokem.cz\/wp-content\/uploads\/2026\/09\/hotel-de-l-europe-by-happyculture-300x200.jpg 300w, https:\/\/loudavymkrokem.cz\/wp-content\/uploads\/2026\/09\/hotel-de-l-europe-by-happyculture-700x467.jpg 700w, https:\/\/loudavymkrokem.cz\/wp-content\/uploads\/2026\/09\/hotel-de-l-europe-by-happyculture-768x512.jpg 768w, https:\/\/loudavymkrokem.cz\/wp-content\/uploads\/2026\/09\/hotel-de-l-europe-by-happyculture-1536x1024.jpg 1536w, https:\/\/loudavymkrokem.cz\/wp-content\/uploads\/2026\/09\/hotel-de-l-europe-by-happyculture-696x464.jpg 696w, https:\/\/loudavymkrokem.cz\/wp-content\/uploads\/2026\/09\/hotel-de-l-europe-by-happyculture-1392x928.jpg 1392w\" sizes=\"(max-width: 1600px) 100vw, 1600px\" \/><button\n\t\t\tclass=\"lightbox-trigger\"\n\t\t\ttype=\"button\"\n\t\t\taria-haspopup=\"dialog\"\n\t\t\tdata-wp-bind--aria-label=\"state.thisImage.triggerButtonAriaLabel\"\n\t\t\tdata-wp-init=\"callbacks.initTriggerButton\"\n\t\t\tdata-wp-on--click=\"actions.showLightbox\"\n\t\t\tdata-wp-style--right=\"state.thisImage.buttonRight\"\n\t\t\tdata-wp-style--top=\"state.thisImage.buttonTop\"\n\t\t>\n\t\t\t<svg xmlns=\"http:\/\/www.w3.org\/2000\/svg\" width=\"12\" height=\"12\" fill=\"none\" viewBox=\"0 0 12 12\">\n\t\t\t\t<path fill=\"#fff\" d=\"M2 0a2 2 0 0 0-2 2v2h1.5V2a.5.5 0 0 1 .5-.5h2V0H2Zm2 10.5H2a.5.5 0 0 1-.5-.5V8H0v2a2 2 0 0 0 2 2h2v-1.5ZM8 12v-1.5h2a.5.5 0 0 0 .5-.5V8H12v2a2 2 0 0 1-2 2H8Zm2-12a2 2 0 0 1 2 2v2h-1.5V2a.5.5 0 0 0-.5-.5H8V0h2Z\" \/>\n\t\t\t<\/svg>\n\t\t<\/button><figcaption class=\"wp-element-caption\">Foto: Hotel de l&#8217;Europe by HappyCulture \/ Google Maps<\/figcaption><\/figure>\n\n\n\n<h3 class=\"wp-block-heading\"><span class=\"ez-toc-section\" id=\"13_Hotel_de_lEurope_by_HappyCulture\"><\/span>13. Hotel de l&#8217;Europe by HappyCulture<span class=\"ez-toc-section-end\"><\/span><\/h3>\n\n\n\n<p class=\"wp-block-paragraph\">Med det v\u00e4ldigt goda och stabila betyget 4,3 erbjuder hotellkomplexet <strong><a href=\"https:\/\/www.stay22.com\/allez\/roam?aid=lukaskonecny&#038;campaign=loudavymkrokemcz&#038;campaign=kde-bydlet-ve-strasburku&#038;hotelname=Hotel%20de%20l%27Europe%20by%20HappyCulture&#038;address=%C5%A0trasburk%2C%20Francie\" target=\"_blank\" rel=\"noopener nofollow sponsored\">Hotel de l&#8217;Europe by HappyCulture<\/a><\/strong> eleganta och rymliga rum kompletterade med vackra rustika element, som till exempel gamla frilagda tr\u00e4timmerbj\u00e4lkar i taken. Det ligger p\u00e5 en lugnare sidogata precis intill den popul\u00e4ra stadsdelen Petite France, s\u00e5 det <strong>ligger i stadens allra mest pittoreska del, men smart en bit undan den v\u00e4rsta turistkaosen<\/strong>.<\/p>\n\n\n\n<p class=\"wp-block-paragraph\">Till hotellet h\u00f6r en v\u00e4ldigt popul\u00e4r och trevlig bar, d\u00e4r g\u00e4sterna g\u00e4rna m\u00f6ts p\u00e5 kv\u00e4llarna \u00f6ver ett glas vin, och <strong>den \u00f6vergripande atmosf\u00e4ren k\u00e4nns v\u00e4ldigt avslappnad, ungdomlig och v\u00e4nlig<\/strong>. Morgonfrukostarna brukar vara v\u00e4ldigt rika och du kan njuta av uts\u00f6kt f\u00e4rskt br\u00f6d fr\u00e5n utvalda lokala bagare och ostar av god kvalitet.<\/p>\n\n\n\n<p class=\"wp-block-paragraph\">Kedjan HappyCulture ser dessutom till att du under hela dagen har kaffe, te och en liten s\u00f6t uppm\u00e4rksamhet gratis i lobbyn, vilket \u00e4r en v\u00e4ldigt trevlig detalj efter en promenad i staden.<\/p>\n\n\n\n<p class=\"wp-block-paragraph\">\ud83d\udca1 <strong>Tips:<\/strong> Ett v\u00e4ldigt solitt och p\u00e5litligt mellanklassval om du vill <strong>uppleva atmosf\u00e4ren av korsvirkeshus p\u00e5 n\u00e4ra h\u00e5ll<\/strong>, men samtidigt beh\u00f6ver en modern och p\u00e5litlig bas f\u00f6r din vistelse.<\/p>\n\n\n\n<figure data-wp-context=\"{&quot;imageId&quot;:&quot;6a9c45f6ae2ae&quot;}\" data-wp-interactive=\"core\/image\" data-wp-key=\"6a9c45f6ae2ae\" class=\"wp-block-image size-full wp-lightbox-container\"><img decoding=\"async\" width=\"1600\" height=\"900\" data-wp-class--hide=\"state.isContentHidden\" data-wp-class--show=\"state.isContentVisible\" data-wp-init=\"callbacks.setButtonStyles\" data-wp-on--click=\"actions.showLightbox\" data-wp-on--load=\"callbacks.setButtonStyles\" data-wp-on--pointerdown=\"actions.preloadImage\" data-wp-on--pointerenter=\"actions.preloadImageWithDelay\" data-wp-on--pointerleave=\"actions.cancelPreload\" data-wp-on-window--resize=\"callbacks.setButtonStyles\" src=\"https:\/\/loudavymkrokem.cz\/wp-content\/uploads\/2026\/09\/logis-h-tel-au-cerf-d-or.jpg\" alt=\"Hotell Logis H\u00f4tel Au Cerf d&#039;Or\" class=\"wp-image-413101\" title=\"\" srcset=\"https:\/\/loudavymkrokem.cz\/wp-content\/uploads\/2026\/09\/logis-h-tel-au-cerf-d-or.jpg 1600w, https:\/\/loudavymkrokem.cz\/wp-content\/uploads\/2026\/09\/logis-h-tel-au-cerf-d-or-300x169.jpg 300w, https:\/\/loudavymkrokem.cz\/wp-content\/uploads\/2026\/09\/logis-h-tel-au-cerf-d-or-700x394.jpg 700w, https:\/\/loudavymkrokem.cz\/wp-content\/uploads\/2026\/09\/logis-h-tel-au-cerf-d-or-768x432.jpg 768w, https:\/\/loudavymkrokem.cz\/wp-content\/uploads\/2026\/09\/logis-h-tel-au-cerf-d-or-1536x864.jpg 1536w, https:\/\/loudavymkrokem.cz\/wp-content\/uploads\/2026\/09\/logis-h-tel-au-cerf-d-or-696x392.jpg 696w, https:\/\/loudavymkrokem.cz\/wp-content\/uploads\/2026\/09\/logis-h-tel-au-cerf-d-or-1392x783.jpg 1392w\" sizes=\"(max-width: 1600px) 100vw, 1600px\" \/><button\n\t\t\tclass=\"lightbox-trigger\"\n\t\t\ttype=\"button\"\n\t\t\taria-haspopup=\"dialog\"\n\t\t\tdata-wp-bind--aria-label=\"state.thisImage.triggerButtonAriaLabel\"\n\t\t\tdata-wp-init=\"callbacks.initTriggerButton\"\n\t\t\tdata-wp-on--click=\"actions.showLightbox\"\n\t\t\tdata-wp-style--right=\"state.thisImage.buttonRight\"\n\t\t\tdata-wp-style--top=\"state.thisImage.buttonTop\"\n\t\t>\n\t\t\t<svg xmlns=\"http:\/\/www.w3.org\/2000\/svg\" width=\"12\" height=\"12\" fill=\"none\" viewBox=\"0 0 12 12\">\n\t\t\t\t<path fill=\"#fff\" d=\"M2 0a2 2 0 0 0-2 2v2h1.5V2a.5.5 0 0 1 .5-.5h2V0H2Zm2 10.5H2a.5.5 0 0 1-.5-.5V8H0v2a2 2 0 0 0 2 2h2v-1.5ZM8 12v-1.5h2a.5.5 0 0 0 .5-.5V8H12v2a2 2 0 0 1-2 2H8Zm2-12a2 2 0 0 1 2 2v2h-1.5V2a.5.5 0 0 0-.5-.5H8V0h2Z\" \/>\n\t\t\t<\/svg>\n\t\t<\/button><figcaption class=\"wp-element-caption\">Foto: Logis H\u00f4tel Au Cerf d&#8217;Or \/ Google Maps<\/figcaption><\/figure>\n\n\n\n<h3 class=\"wp-block-heading\"><span class=\"ez-toc-section\" id=\"14_Logis_Hotel_Au_Cerf_dOr\"><\/span>14. Logis H\u00f4tel Au Cerf d&#8217;Or<span class=\"ez-toc-section-end\"><\/span><\/h3>\n\n\n\n<p class=\"wp-block-paragraph\">Denna f\u00f6rtrollande historiska p\u00e4rla <strong><a href=\"https:\/\/www.stay22.com\/allez\/roam?aid=lukaskonecny&#038;campaign=loudavymkrokemcz&#038;campaign=kde-bydlet-ve-strasburku&#038;hotelname=Logis%20H%C3%B4tel%20Au%20Cerf%20d%27Or&#038;address=%C5%A0trasburk%2C%20Francie\" target=\"_blank\" rel=\"noopener nofollow sponsored\">Logis H\u00f4tel Au Cerf d&#8217;Or<\/a><\/strong> med betyget 4,3 ligger <strong>i ett vackert renoverat traditionellt hus fr\u00e5n 1400-talet<\/strong> och f\u00f6rflyttar dig direkt i d\u00f6rren tillbaka i tiden. Den ur\u00e5ldriga tr\u00e4panelen, den traditionella v\u00e4rmande alsassiska stilen och den otroligt v\u00e4nliga, familj\u00e4ra personalen <strong>g\u00f6r detta boende till en plats med en verklig sj\u00e4l<\/strong> som du l\u00e4nge kommer att minnas.<\/p>\n\n\n\n<p class=\"wp-block-paragraph\">F\u00f6rutom den ber\u00f6mda och utm\u00e4rkta traditionella restaurangen \u00f6verraskar det h\u00e4r hotellet dig ocks\u00e5 med ett <strong>underbart modernt spa med uppv\u00e4rmd inomhuspool<\/strong>, vilket \u00e4r en enorm raritet i stadens historiska k\u00e4rna. Du kan allts\u00e5 under dagen fullt ut kombinera uppt\u00e4cktsf\u00e4rder bland sev\u00e4rdheterna med fullv\u00e4rdig kv\u00e4llsvila i bastu och bubbelpool.<\/p>\n\n\n\n<p class=\"wp-block-paragraph\">Rummen h\u00e4r \u00e4r snarare mindre men otroligt mysiga och fulla av historiska detaljer som andas den r\u00e4tta franska romantiken. Frukosten serveras i en fantastisk tr\u00e4lagd salong och bjuder p\u00e5 det b\u00e4sta av lokala produkter.<\/p>\n\n\n\n<p class=\"wp-block-paragraph\">\ud83d\udca1 <strong>Tips:<\/strong> Det h\u00e4r hotellet rekommenderar jag varmt till alla som <strong>\u00e4lskar autentiska historiska byggnader med en stark ber\u00e4ttelse<\/strong> och samtidigt oerh\u00f6rt uppskattar m\u00f6jligheten att simma i poolen efter en kr\u00e4vande dag p\u00e5 gatorna.<\/p>\n\n\n\n<figure data-wp-context=\"{&quot;imageId&quot;:&quot;6a9c45f6ae9e6&quot;}\" data-wp-interactive=\"core\/image\" data-wp-key=\"6a9c45f6ae9e6\" class=\"wp-block-image size-full wp-lightbox-container\"><img decoding=\"async\" width=\"1024\" height=\"683\" data-wp-class--hide=\"state.isContentHidden\" data-wp-class--show=\"state.isContentVisible\" data-wp-init=\"callbacks.setButtonStyles\" data-wp-on--click=\"actions.showLightbox\" data-wp-on--load=\"callbacks.setButtonStyles\" data-wp-on--pointerdown=\"actions.preloadImage\" data-wp-on--pointerenter=\"actions.preloadImageWithDelay\" data-wp-on--pointerleave=\"actions.cancelPreload\" data-wp-on-window--resize=\"callbacks.setButtonStyles\" src=\"https:\/\/loudavymkrokem.cz\/wp-content\/uploads\/2026\/09\/best-western-plus-h-tel-monopole-m-tropole.jpg\" alt=\"Hotell Best Western Plus H\u00f4tel Monopole M\u00e9tropole\" class=\"wp-image-413105\" title=\"\" srcset=\"https:\/\/loudavymkrokem.cz\/wp-content\/uploads\/2026\/09\/best-western-plus-h-tel-monopole-m-tropole.jpg 1024w, https:\/\/loudavymkrokem.cz\/wp-content\/uploads\/2026\/09\/best-western-plus-h-tel-monopole-m-tropole-300x200.jpg 300w, https:\/\/loudavymkrokem.cz\/wp-content\/uploads\/2026\/09\/best-western-plus-h-tel-monopole-m-tropole-700x467.jpg 700w, https:\/\/loudavymkrokem.cz\/wp-content\/uploads\/2026\/09\/best-western-plus-h-tel-monopole-m-tropole-768x512.jpg 768w, https:\/\/loudavymkrokem.cz\/wp-content\/uploads\/2026\/09\/best-western-plus-h-tel-monopole-m-tropole-696x464.jpg 696w\" sizes=\"(max-width: 1024px) 100vw, 1024px\" \/><button\n\t\t\tclass=\"lightbox-trigger\"\n\t\t\ttype=\"button\"\n\t\t\taria-haspopup=\"dialog\"\n\t\t\tdata-wp-bind--aria-label=\"state.thisImage.triggerButtonAriaLabel\"\n\t\t\tdata-wp-init=\"callbacks.initTriggerButton\"\n\t\t\tdata-wp-on--click=\"actions.showLightbox\"\n\t\t\tdata-wp-style--right=\"state.thisImage.buttonRight\"\n\t\t\tdata-wp-style--top=\"state.thisImage.buttonTop\"\n\t\t>\n\t\t\t<svg xmlns=\"http:\/\/www.w3.org\/2000\/svg\" width=\"12\" height=\"12\" fill=\"none\" viewBox=\"0 0 12 12\">\n\t\t\t\t<path fill=\"#fff\" d=\"M2 0a2 2 0 0 0-2 2v2h1.5V2a.5.5 0 0 1 .5-.5h2V0H2Zm2 10.5H2a.5.5 0 0 1-.5-.5V8H0v2a2 2 0 0 0 2 2h2v-1.5ZM8 12v-1.5h2a.5.5 0 0 0 .5-.5V8H12v2a2 2 0 0 1-2 2H8Zm2-12a2 2 0 0 1 2 2v2h-1.5V2a.5.5 0 0 0-.5-.5H8V0h2Z\" \/>\n\t\t\t<\/svg>\n\t\t<\/button><figcaption class=\"wp-element-caption\">Foto: Best Western Plus H\u00f4tel Monopole M\u00e9tropole \/ Google Maps<\/figcaption><\/figure>\n\n\n\n<h3 class=\"wp-block-heading\"><span class=\"ez-toc-section\" id=\"15_Best_Western_Plus_Hotel_Monopole_Metropole\"><\/span>15. Best Western Plus H\u00f4tel Monopole M\u00e9tropole<span class=\"ez-toc-section-end\"><\/span><\/h3>\n\n\n\n<p class=\"wp-block-paragraph\">Om du letar efter hundraprocentig p\u00e5litlighet med utm\u00e4rkta betyget 4,5 i omedelbar n\u00e4rhet av centralstationen \u00e4r <strong><a href=\"https:\/\/www.stay22.com\/allez\/roam?aid=lukaskonecny&#038;campaign=loudavymkrokemcz&#038;campaign=kde-bydlet-ve-strasburku&#038;hotelname=Best%20Western%20Plus%20H%C3%B4tel%20Monopole%20M%C3%A9tropole&#038;address=%C5%A0trasburk%2C%20Francie\" target=\"_blank\" rel=\"noopener nofollow sponsored\">Best Western Plus H\u00f4tel Monopole M\u00e9tropole<\/a><\/strong> ett s\u00e4kert kort i sin prisklass. Hotellet h\u00e5ller visserligen en h\u00f6g, f\u00f6ruts\u00e4gbar standard hos en stor kedja, men <strong>erbjuder samtidigt en unik, egen karakt\u00e4r tack vare en vacker cocktailsalong<\/strong> med \u00f6ppen spis och gott om konstverk utplacerade i interi\u00f6rerna.<\/p>\n\n\n\n<p class=\"wp-block-paragraph\">Alla g\u00e4ster har h\u00e4r tillg\u00e5ng till ett v\u00e4l utrustat modernt gym och framf\u00f6r allt <strong>ovanligt rymliga, helt rena rum med de mest bekv\u00e4ma s\u00e4ngarna<\/strong>. Till den historiska stadsk\u00e4rnan och flodens armar tar du dig h\u00e4rifr\u00e5n med en sk\u00f6n, rak promenad p\u00e5 knappt tio minuter, vilket g\u00f6r det till en str\u00e5lande och praktisk bas f\u00f6r din vistelse.<\/p>\n\n\n\n<p class=\"wp-block-paragraph\">En riklig frukost erbjuder ett enormt urval av allt fr\u00e5n f\u00e4rsk frukt via \u00e4gg till lokala ostar. Personalen i receptionen fungerar utan anm\u00e4rkning och hj\u00e4lper dig alltid g\u00e4rna med kartor, utflyktstips eller biljetter till kollektivtrafiken.<\/p>\n\n\n\n<p class=\"wp-block-paragraph\">\ud83d\udca1 <strong>Tips:<\/strong> Ett perfekt val f\u00f6r dig som <strong>vill ha ett v\u00e4ldigt rimligt pris, garanterat h\u00f6g kvalitet och utm\u00e4rkt tillg\u00e4nglighet<\/strong> b\u00e5de till t\u00e5gf\u00f6rbindelserna och till de st\u00f6rsta sev\u00e4rdheterna i centrum.<\/p>\n\n\n\n<figure data-wp-context=\"{&quot;imageId&quot;:&quot;6a9c45f6aeffd&quot;}\" data-wp-interactive=\"core\/image\" data-wp-key=\"6a9c45f6aeffd\" class=\"wp-block-image size-full wp-lightbox-container\"><img decoding=\"async\" width=\"1600\" height=\"900\" data-wp-class--hide=\"state.isContentHidden\" data-wp-class--show=\"state.isContentVisible\" data-wp-init=\"callbacks.setButtonStyles\" data-wp-on--click=\"actions.showLightbox\" data-wp-on--load=\"callbacks.setButtonStyles\" data-wp-on--pointerdown=\"actions.preloadImage\" data-wp-on--pointerenter=\"actions.preloadImageWithDelay\" data-wp-on--pointerleave=\"actions.cancelPreload\" data-wp-on-window--resize=\"callbacks.setButtonStyles\" src=\"https:\/\/loudavymkrokem.cz\/wp-content\/uploads\/2026\/09\/h-tel-arok.jpg\" alt=\"Hotell H\u00f4tel Arok\" class=\"wp-image-413109\" title=\"\" srcset=\"https:\/\/loudavymkrokem.cz\/wp-content\/uploads\/2026\/09\/h-tel-arok.jpg 1600w, https:\/\/loudavymkrokem.cz\/wp-content\/uploads\/2026\/09\/h-tel-arok-300x169.jpg 300w, https:\/\/loudavymkrokem.cz\/wp-content\/uploads\/2026\/09\/h-tel-arok-700x394.jpg 700w, https:\/\/loudavymkrokem.cz\/wp-content\/uploads\/2026\/09\/h-tel-arok-768x432.jpg 768w, https:\/\/loudavymkrokem.cz\/wp-content\/uploads\/2026\/09\/h-tel-arok-1536x864.jpg 1536w, https:\/\/loudavymkrokem.cz\/wp-content\/uploads\/2026\/09\/h-tel-arok-696x392.jpg 696w, https:\/\/loudavymkrokem.cz\/wp-content\/uploads\/2026\/09\/h-tel-arok-1392x783.jpg 1392w\" sizes=\"(max-width: 1600px) 100vw, 1600px\" \/><button\n\t\t\tclass=\"lightbox-trigger\"\n\t\t\ttype=\"button\"\n\t\t\taria-haspopup=\"dialog\"\n\t\t\tdata-wp-bind--aria-label=\"state.thisImage.triggerButtonAriaLabel\"\n\t\t\tdata-wp-init=\"callbacks.initTriggerButton\"\n\t\t\tdata-wp-on--click=\"actions.showLightbox\"\n\t\t\tdata-wp-style--right=\"state.thisImage.buttonRight\"\n\t\t\tdata-wp-style--top=\"state.thisImage.buttonTop\"\n\t\t>\n\t\t\t<svg xmlns=\"http:\/\/www.w3.org\/2000\/svg\" width=\"12\" height=\"12\" fill=\"none\" viewBox=\"0 0 12 12\">\n\t\t\t\t<path fill=\"#fff\" d=\"M2 0a2 2 0 0 0-2 2v2h1.5V2a.5.5 0 0 1 .5-.5h2V0H2Zm2 10.5H2a.5.5 0 0 1-.5-.5V8H0v2a2 2 0 0 0 2 2h2v-1.5ZM8 12v-1.5h2a.5.5 0 0 0 .5-.5V8H12v2a2 2 0 0 1-2 2H8Zm2-12a2 2 0 0 1 2 2v2h-1.5V2a.5.5 0 0 0-.5-.5H8V0h2Z\" \/>\n\t\t\t<\/svg>\n\t\t<\/button><figcaption class=\"wp-element-caption\">Foto: Guenter Ditzel \/ Google Maps<\/figcaption><\/figure>\n\n\n\n<h3 class=\"wp-block-heading\"><span class=\"ez-toc-section\" id=\"16_Hotel_Arok\"><\/span>16. H\u00f4tel Arok<span class=\"ez-toc-section-end\"><\/span><\/h3>\n\n\n\n<p class=\"wp-block-paragraph\">Detta v\u00e4ldigt stilfulla <strong><a href=\"https:\/\/www.stay22.com\/allez\/roam?aid=lukaskonecny&#038;campaign=loudavymkrokemcz&#038;campaign=kde-bydlet-ve-strasburku&#038;hotelname=H%C3%B4tel%20Arok&#038;address=%C5%A0trasburk%2C%20Francie\" target=\"_blank\" rel=\"noopener nofollow sponsored\">H\u00f4tel Arok<\/a><\/strong> vid centralstationen med toppbetyget 4,6 riktar sig framf\u00f6r allt till yngre resen\u00e4rer och digitala nomader. Direkt n\u00e4r du kommer <strong>f\u00e5ngas du av dess okonventionella, lekfulla och v\u00e4ldigt f\u00e4rgstarka design<\/strong>, som genomsyrar hela byggnaden. Redan i entr\u00e9hallen hittar du ett <strong>vackert bibliotek och en rymlig konstsalong med bar<\/strong>, som under dagen fungerar som ett oerh\u00f6rt trevligt coworking-utrymme f\u00f6r dig som beh\u00f6ver \u00f6ppna laptopen en stund.<\/p>\n\n\n\n<p class=\"wp-block-paragraph\">Sj\u00e4lva rummen \u00e4r visserligen n\u00e5got mindre till ytan, men desto smartare och praktiskt inredda, helt rena och <strong>saknar ingen modern teknik<\/strong> som du beh\u00f6ver f\u00f6r en bekv\u00e4m vistelse. Alla g\u00e4ster har ocks\u00e5 tillg\u00e5ng till ett mindre men v\u00e4lutrustat gym f\u00f6r morgonstretch. Frukostbuff\u00e9n bjuder p\u00e5 massor av h\u00e4lsosamma, f\u00e4rska alternativ inklusive utm\u00e4rkt fullkornsbr\u00f6d och lokala ostar.<\/p>\n\n\n\n<p class=\"wp-block-paragraph\">L\u00e4get direkt vid stationen inneb\u00e4r att du fr\u00e5n t\u00e5get kan sl\u00e4nga in v\u00e4skorna p\u00e5 rummet direkt, p\u00e5 tio minuter till fots beundrar du den historiska k\u00e4rnan, och sp\u00e5rvagnsh\u00e5llplatsen precis framf\u00f6r hotellet tar dig utan problem till resten av storstaden.<\/p>\n\n\n\n<p class=\"wp-block-paragraph\">\ud83d\udca1 <strong>Tips:<\/strong> Arok \u00e4r helt enkelt str\u00e5lande f\u00f6r b\u00e5de par och soloresen\u00e4rer som f\u00f6redrar en <strong>informell, v\u00e4ldigt modern atmosf\u00e4r<\/strong> och vill bo i en stilfull milj\u00f6 i omedelbar n\u00e4rhet av t\u00e5gstationen.<\/p>\n\n\n\n<figure data-wp-context=\"{&quot;imageId&quot;:&quot;6a9c45f6af62d&quot;}\" data-wp-interactive=\"core\/image\" data-wp-key=\"6a9c45f6af62d\" class=\"wp-block-image size-full wp-lightbox-container\"><img decoding=\"async\" width=\"1592\" height=\"1063\" data-wp-class--hide=\"state.isContentHidden\" data-wp-class--show=\"state.isContentVisible\" data-wp-init=\"callbacks.setButtonStyles\" data-wp-on--click=\"actions.showLightbox\" data-wp-on--load=\"callbacks.setButtonStyles\" data-wp-on--pointerdown=\"actions.preloadImage\" data-wp-on--pointerenter=\"actions.preloadImageWithDelay\" data-wp-on--pointerleave=\"actions.cancelPreload\" data-wp-on-window--resize=\"callbacks.setButtonStyles\" src=\"https:\/\/loudavymkrokem.cz\/wp-content\/uploads\/2026\/09\/ciarus.jpg\" alt=\"Vandrarhem Ciarus\" class=\"wp-image-413113\" title=\"\" srcset=\"https:\/\/loudavymkrokem.cz\/wp-content\/uploads\/2026\/09\/ciarus.jpg 1592w, https:\/\/loudavymkrokem.cz\/wp-content\/uploads\/2026\/09\/ciarus-300x200.jpg 300w, https:\/\/loudavymkrokem.cz\/wp-content\/uploads\/2026\/09\/ciarus-700x467.jpg 700w, https:\/\/loudavymkrokem.cz\/wp-content\/uploads\/2026\/09\/ciarus-768x513.jpg 768w, https:\/\/loudavymkrokem.cz\/wp-content\/uploads\/2026\/09\/ciarus-1536x1026.jpg 1536w, https:\/\/loudavymkrokem.cz\/wp-content\/uploads\/2026\/09\/ciarus-696x465.jpg 696w, https:\/\/loudavymkrokem.cz\/wp-content\/uploads\/2026\/09\/ciarus-1392x929.jpg 1392w\" sizes=\"(max-width: 1592px) 100vw, 1592px\" \/><button\n\t\t\tclass=\"lightbox-trigger\"\n\t\t\ttype=\"button\"\n\t\t\taria-haspopup=\"dialog\"\n\t\t\tdata-wp-bind--aria-label=\"state.thisImage.triggerButtonAriaLabel\"\n\t\t\tdata-wp-init=\"callbacks.initTriggerButton\"\n\t\t\tdata-wp-on--click=\"actions.showLightbox\"\n\t\t\tdata-wp-style--right=\"state.thisImage.buttonRight\"\n\t\t\tdata-wp-style--top=\"state.thisImage.buttonTop\"\n\t\t>\n\t\t\t<svg xmlns=\"http:\/\/www.w3.org\/2000\/svg\" width=\"12\" height=\"12\" fill=\"none\" viewBox=\"0 0 12 12\">\n\t\t\t\t<path fill=\"#fff\" d=\"M2 0a2 2 0 0 0-2 2v2h1.5V2a.5.5 0 0 1 .5-.5h2V0H2Zm2 10.5H2a.5.5 0 0 1-.5-.5V8H0v2a2 2 0 0 0 2 2h2v-1.5ZM8 12v-1.5h2a.5.5 0 0 0 .5-.5V8H12v2a2 2 0 0 1-2 2H8Zm2-12a2 2 0 0 1 2 2v2h-1.5V2a.5.5 0 0 0-.5-.5H8V0h2Z\" \/>\n\t\t\t<\/svg>\n\t\t<\/button><figcaption class=\"wp-element-caption\">Foto: Ciarus \/ Google Maps<\/figcaption><\/figure>\n\n\n\n<h3 class=\"wp-block-heading\"><span class=\"ez-toc-section\" id=\"17_Ciarus\"><\/span>17. Ciarus<span class=\"ez-toc-section-end\"><\/span><\/h3>\n\n\n\n<p class=\"wp-block-paragraph\">Detta legendariska Strasbourg-vandrarhem <strong><a href=\"https:\/\/www.stay22.com\/allez\/roam?aid=lukaskonecny&#038;campaign=loudavymkrokemcz&#038;campaign=kde-bydlet-ve-strasburku&#038;hotelname=Ciarus&#038;address=%C5%A0trasburk%2C%20Francie\" target=\"_blank\" rel=\"noopener nofollow sponsored\">Ciarus<\/a><\/strong> med det stabila betyget 4,0 \u00e4r ett tydligt bevis p\u00e5 att <strong>\u00e4ven resande med l\u00e4gre budget kan vara v\u00e4ldigt bekv\u00e4mt och stilfullt i denna dyra storstad<\/strong>. Det erbjuder n\u00e4mligen inte bara klassiska, rena delade flerb\u00e4ddsrum, utan \u00e4ven vackra, moderna privata rum med eget badrum i en f\u00f6rv\u00e5nansv\u00e4rt h\u00f6g standard. Det tillfredsst\u00e4ller allts\u00e5 helt utan problem \u00e4ven mer kr\u00e4vande backpackers och par som vill spara p\u00e5 boendet.<\/p>\n\n\n\n<p class=\"wp-block-paragraph\">Det ligger p\u00e5 v\u00e4ldigt bekv\u00e4mt g\u00e5ngavst\u00e5nd fr\u00e5n den historiska stadsk\u00e4rnan och h\u00e4r <strong>finns en str\u00e5lande sj\u00e4lvservering och kv\u00e4llsbar<\/strong>, d\u00e4r du oerh\u00f6rt l\u00e4tt l\u00e4r k\u00e4nna andra resen\u00e4rer med samma inst\u00e4llning fr\u00e5n hela v\u00e4rlden. H\u00e4r finns ocks\u00e5 rymliga s\u00e4llskapsrum med biljard och en uteterrass som under sommarm\u00e5naderna verkligen lockar till kv\u00e4llssamvaro.<\/p>\n\n\n\n<p class=\"wp-block-paragraph\">Det \u00e4r helt enkelt ett idealiskt val f\u00f6r dig som inte beh\u00f6ver hotellyx, men kr\u00e4ver felfri renlighet, p\u00e5litligt wifi och en v\u00e4nlig internationell milj\u00f6, och receptionen \u00f6ppen dygnet runt med personal som g\u00e4rna tipsar om utflykter fullbordar bara det hela.<\/p>\n\n\n\n<p class=\"wp-block-paragraph\">\ud83d\udca1 <strong>Tips:<\/strong> Om du letar efter <strong>den absolut l\u00e4gsta m\u00f6jliga budgeten p\u00e5 bekv\u00e4mt g\u00e5ngavst\u00e5nd fr\u00e5n centrum<\/strong>, kommer detta moderna vandrarhem med str\u00e5lande faciliteter definitivt inte att g\u00f6ra dig besviken.<\/p>\n\n\n\n<figure data-wp-context=\"{&quot;imageId&quot;:&quot;6a9c45f6aff4f&quot;}\" data-wp-interactive=\"core\/image\" data-wp-key=\"6a9c45f6aff4f\" class=\"wp-block-image size-full wp-lightbox-container\"><img decoding=\"async\" width=\"1600\" height=\"858\" data-wp-class--hide=\"state.isContentHidden\" data-wp-class--show=\"state.isContentVisible\" data-wp-init=\"callbacks.setButtonStyles\" data-wp-on--click=\"actions.showLightbox\" data-wp-on--load=\"callbacks.setButtonStyles\" data-wp-on--pointerdown=\"actions.preloadImage\" data-wp-on--pointerenter=\"actions.preloadImageWithDelay\" data-wp-on--pointerleave=\"actions.cancelPreload\" data-wp-on-window--resize=\"callbacks.setButtonStyles\" src=\"https:\/\/loudavymkrokem.cz\/wp-content\/uploads\/2026\/09\/ch-teau-de-pourtal-s.jpg\" alt=\"Hotell Ch\u00e2teau de Pourtal\u00e8s\" class=\"wp-image-413119\" title=\"\" srcset=\"https:\/\/loudavymkrokem.cz\/wp-content\/uploads\/2026\/09\/ch-teau-de-pourtal-s.jpg 1600w, https:\/\/loudavymkrokem.cz\/wp-content\/uploads\/2026\/09\/ch-teau-de-pourtal-s-300x161.jpg 300w, https:\/\/loudavymkrokem.cz\/wp-content\/uploads\/2026\/09\/ch-teau-de-pourtal-s-700x375.jpg 700w, https:\/\/loudavymkrokem.cz\/wp-content\/uploads\/2026\/09\/ch-teau-de-pourtal-s-768x412.jpg 768w, https:\/\/loudavymkrokem.cz\/wp-content\/uploads\/2026\/09\/ch-teau-de-pourtal-s-1536x824.jpg 1536w, https:\/\/loudavymkrokem.cz\/wp-content\/uploads\/2026\/09\/ch-teau-de-pourtal-s-696x373.jpg 696w, https:\/\/loudavymkrokem.cz\/wp-content\/uploads\/2026\/09\/ch-teau-de-pourtal-s-1392x746.jpg 1392w\" sizes=\"(max-width: 1600px) 100vw, 1600px\" \/><button\n\t\t\tclass=\"lightbox-trigger\"\n\t\t\ttype=\"button\"\n\t\t\taria-haspopup=\"dialog\"\n\t\t\tdata-wp-bind--aria-label=\"state.thisImage.triggerButtonAriaLabel\"\n\t\t\tdata-wp-init=\"callbacks.initTriggerButton\"\n\t\t\tdata-wp-on--click=\"actions.showLightbox\"\n\t\t\tdata-wp-style--right=\"state.thisImage.buttonRight\"\n\t\t\tdata-wp-style--top=\"state.thisImage.buttonTop\"\n\t\t>\n\t\t\t<svg xmlns=\"http:\/\/www.w3.org\/2000\/svg\" width=\"12\" height=\"12\" fill=\"none\" viewBox=\"0 0 12 12\">\n\t\t\t\t<path fill=\"#fff\" d=\"M2 0a2 2 0 0 0-2 2v2h1.5V2a.5.5 0 0 1 .5-.5h2V0H2Zm2 10.5H2a.5.5 0 0 1-.5-.5V8H0v2a2 2 0 0 0 2 2h2v-1.5ZM8 12v-1.5h2a.5.5 0 0 0 .5-.5V8H12v2a2 2 0 0 1-2 2H8Zm2-12a2 2 0 0 1 2 2v2h-1.5V2a.5.5 0 0 0-.5-.5H8V0h2Z\" \/>\n\t\t\t<\/svg>\n\t\t<\/button><figcaption class=\"wp-element-caption\">Foto: Ch\u00e2teau de Pourtal\u00e8s \/ Google Maps<\/figcaption><\/figure>\n\n\n\n<h3 class=\"wp-block-heading\"><span class=\"ez-toc-section\" id=\"18_Chateau_de_Pourtales\"><\/span>18. Ch\u00e2teau de Pourtal\u00e8s<span class=\"ez-toc-section-end\"><\/span><\/h3>\n\n\n\n<p class=\"wp-block-paragraph\">Med toppbetyget 4,5 fr\u00e5n \u00f6ver tv\u00e5tusen recensioner \u00e4r detta underbara renoverade lilla slott <strong><a href=\"https:\/\/www.stay22.com\/allez\/roam?aid=lukaskonecny&#038;campaign=loudavymkrokemcz&#038;campaign=kde-bydlet-ve-strasburku&#038;hotelname=Ch%C3%A2teau%20de%20Pourtal%C3%A8s&#038;address=%C5%A0trasburk%2C%20Francie\" target=\"_blank\" rel=\"noopener nofollow sponsored\">Ch\u00e2teau de Pourtal\u00e8s<\/a><\/strong> fr\u00e5n b\u00f6rjan av 1700-talet n\u00e5got helt annat \u00e4n resten av de klassiska hotellen i centrum. Det ligger i den fridfulla stadsdelen Robertsau strax utanf\u00f6r staden, omgivet p\u00e5 alla h\u00e5ll av den djupa gr\u00f6nskan i en vidstr\u00e4ckt park, och <strong>erbjuder till och med sina g\u00e4ster ett privat hotellspa och en egen tennisbana<\/strong> f\u00f6r aktiv avkoppling.<\/p>\n\n\n\n<p class=\"wp-block-paragraph\">En riklig frukost ing\u00e5r alltid i grundpriset f\u00f6r boendet och <strong>sj\u00e4lva rummen andas en of\u00f6rfalskad aristokratisk atmosf\u00e4r<\/strong>, s\u00e5 du kommer att k\u00e4nna dig som p\u00e5 en riktig fransk lantegendom. Du kan dessutom v\u00e4lja mellan mer traditionella rum direkt i slottets historiska byggnad och modernare inredda rum i det intilliggande annexet.<\/p>\n\n\n\n<p class=\"wp-block-paragraph\">Gl\u00f6m dock inte ett nyckelfaktum \u2013 till den historiska stadsk\u00e4rnan m\u00e5ste du ta dig h\u00e4rifr\u00e5n. Det klarar du visserligen enkelt med den n\u00e4rliggande sp\u00e5rvagnen eller p\u00e5 en hyrd cykel, men l\u00e4get passar helt enkelt fr\u00e4mst f\u00f6r bilister som vill ha lugn och ro med parkeringen och p\u00e5 kv\u00e4llarna njuta av den enorma slottsparkens totala tystnad.<\/p>\n\n\n\n<p class=\"wp-block-paragraph\">\ud83d\udca1 <strong>Tips:<\/strong> Ett str\u00e5lande romantiskt val f\u00f6r dig <strong>som kommer till Alsace med egen bil och vill bo i lugnande gr\u00f6nska<\/strong>, samtidigt som du n\u00e4r som helst bekv\u00e4mt kan ge dig in till staden med hj\u00e4lp av kollektivtrafiken.<\/p>\n\n\n\n<h2 class=\"wp-block-heading\"><span class=\"ez-toc-section\" id=\"Hur_du_valjer_ratt_hotell\"><\/span>Hur du v\u00e4ljer r\u00e4tt hotell<span class=\"ez-toc-section-end\"><\/span><\/h2>\n\n\n\n<p class=\"wp-block-paragraph\">N\u00e4r du best\u00e4mmer dig f\u00f6r det idealiska boendet spelar din budget, det konkreta resedatumet och framf\u00f6r allt s\u00e4ttet du reser p\u00e5 huvudrollen. Om du <strong>reser som familj och har bil med dig<\/strong> \u00e4r det helt on\u00f6digt att betala enorma summor f\u00f6r \u00f6verprissatta hotell direkt p\u00e5 \u00f6n Grande \u00cele (att parkera i de smala gr\u00e4nderna \u00e4r en ren mardr\u00f6m). Mycket smartare \u00e4r att v\u00e4lja lugnare stadsdelar l\u00e4ngre bort fr\u00e5n k\u00e4rnan, eller direkt ett litet slott utanf\u00f6r staden, och <strong>smart utnyttja stadens genomt\u00e4nkta system <a href=\"https:\/\/www.cts-strasbourg.eu\/en\/getting-around\/park-and-ride\/\" rel=\"nofollow noopener\" target=\"_blank\">Park &#038; Ride<\/a><\/strong>. Tack vare det betalar du en f\u00f6rsumbar summa f\u00f6r parkeringen och hela bilens bes\u00e4ttning f\u00e5r ut\u00f6ver parkeringen \u00e4ven en returbiljett med sp\u00e5rvagn in till centrum, vilket sparar dig mycket pengar och nerver.<\/p>\n\n\n\n<p class=\"wp-block-paragraph\">F\u00f6r romantiska par som tv\u00e4rtom kommer med t\u00e5g och bara vill njuta bekymmersfritt av de historiska gr\u00e4ndernas sk\u00f6nhet \u00e4r <strong>det b\u00e4sta valet det sagolika omr\u00e5det Petite France eller den omedelbara omgivningen kring den imponerande katedralen<\/strong>. H\u00e4r njuter du av den gamla stadens underbara atmosf\u00e4r i fulla drag, eftersom du har alla sev\u00e4rdheter precis utanf\u00f6r d\u00f6rren. Men <strong>var beredd p\u00e5 att du betalar rej\u00e4lt extra f\u00f6r ett exklusivt l\u00e4ge i h\u00e4ndelsernas hj\u00e4rta<\/strong>, s\u00e4rskilt under h\u00f6gs\u00e4songen p\u00e5 sommaren och vintern.<\/p>\n\n\n\n<p class=\"wp-block-paragraph\">Om det du bryr dig mest om \u00e4r <strong>det allra b\u00e4sta f\u00f6rh\u00e5llandet mellan pris och kvalitet, leta i f\u00f6rsta hand efter boende kring t\u00e5gstationen<\/strong> (stadsdelen Gare) eller i det lugnare studentkvarteret Krutenau. Till fots klarar du det h\u00e4rifr\u00e5n till centrum p\u00e5 behagliga tio till femton minuter l\u00e4ngs vattnet, men <strong>priserna h\u00e4r brukar vara 30 till 40 procent l\u00e4gre \u00e4n p\u00e5 \u00f6n<\/strong>, vilket g\u00f6r verkligt enorm skillnad i budgeten under en flerdagarsvistelse.<\/p>\n\n\n\n<p class=\"wp-block-paragraph\">\u26a0\ufe0f Var dock v\u00e4ldigt f\u00f6rsiktig med lockande namn n\u00e4r du v\u00e4ljer. <strong>Ordet \u201dStrasbourg\u201d i hotellnamnet betyder inte automatiskt att du sover i centrum<\/strong>. Till exempel ligger <em>Hotel Strasbourg Montagne Verte<\/em> ganska l\u00e5ngt utanf\u00f6r staden. Kontrollera ocks\u00e5 alltid noga andra resen\u00e4rers verkliga recensioner. Till exempel har <em>City R\u00e9sidence Access Strasbourg<\/em> betyget bara 3,2, vilket \u00e4r v\u00e4ldigt svagt f\u00f6r Alsaces huvudstad, och kedjehotellet <em>ibis Strasbourg Centre Petite France<\/em> n\u00e5r bara upp till 3,8, vilket \u00e4r <strong>det allra l\u00e4gsta betyget av alla kedjehotell i den historiska k\u00e4rnan<\/strong> (dess namn l\u00e5ter helt enkelt mycket b\u00e4ttre \u00e4n vad verkligheten p\u00e5 plats sedan \u00e4r).<\/p>\n\n\n\n<h2 class=\"wp-block-heading\"><span class=\"ez-toc-section\" id=\"Vart_du_ska_harnast\"><\/span>Vart du ska h\u00e4rn\u00e4st<span class=\"ez-toc-section-end\"><\/span><\/h2>\n\n\n\n<p class=\"wp-block-paragraph\">N\u00e4r du har l\u00f6st boendet kommer du s\u00e4kert att ha nytta av mer praktisk information f\u00f6r din reseplanering. Jag har f\u00f6rberett <strong>detaljerade guider som hj\u00e4lper dig att uppt\u00e4cka regionens st\u00f6rsta sk\u00f6nheter<\/strong> utan on\u00f6dig stress.<\/p>\n\n\n\n<p class=\"wp-block-paragraph\">L\u00e4s artikeln <a href=\"https:\/\/loudavymkrokem.cz\/sv\/strasbourg-frankrike-tips\/\">Vad du ska se i Strasbourg<\/a>, d\u00e4r du hittar tips p\u00e5 de vackraste sev\u00e4rdheterna och platserna som du inte f\u00e5r missa vid ditt f\u00f6rsta bes\u00f6k. \u00c5ker du p\u00e5 vintern, missa inte guiden <a href=\"https:\/\/loudavymkrokem.cz\/sv\/julmarknader-strasbourg-datum-program\/\">Julmarknaderna i Strasbourg<\/a>, som <strong>f\u00f6rbereder dig perfekt inf\u00f6r adventsvimlet och ger tips p\u00e5 vilka folkmassor du b\u00f6r undvika<\/strong>.<\/p>\n\n\n\n<p class=\"wp-block-paragraph\">F\u00f6r dig som vill ge dig ut \u00e4ven bortom storstadens portar rekommenderar jag varmt artikeln <a href=\"https:\/\/loudavymkrokem.cz\/sv\/alsace-frankrike-vinvagen-byar\/\">Alsaces vinv\u00e4g: 12 vackraste byarna<\/a>, eftersom <strong>Alsace helt enkelt \u00e4r en sagolik region full av ving\u00e5rdar och korsvirkeshus<\/strong>. En str\u00e5lande inspiration blir ocks\u00e5 guiden till den pittoreska lilla staden <a href=\"https:\/\/loudavymkrokem.cz\/sv\/colmar-franska-venedig\/\">Colmar, Frankrike<\/a> eller v\u00e5r stora <a href=\"https:\/\/loudavymkrokem.cz\/sv\/roadtrip-frankrike-14-dagar\/\">Roadtrip i Frankrike: 14-dagars resplan<\/a>, om du <strong>planerar en l\u00e4ngre bilresa och vill se det b\u00e4sta av landet<\/strong>.<\/p>\n\n\n\n<h2 class=\"wp-block-heading\"><span class=\"ez-toc-section\" id=\"Vanliga_fragor\"><\/span>Vanliga fr\u00e5gor<span class=\"ez-toc-section-end\"><\/span><\/h2>\n\n\n\n<p class=\"wp-block-paragraph\">Har du fortfarande n\u00e5gra oklarheter inf\u00f6r resan till Alsaces huvudstad? Vi har samlat svaren p\u00e5 de vanligaste fr\u00e5gorna som g\u00f6r din planering enklare.<\/p>\n\n\n<div id=\"rank-math-faq\" class=\"rank-math-block\">\n<div class=\"rank-math-list \">\n<div id=\"faq-question-1788283127000\" class=\"rank-math-list-item\">\n<h3 class=\"rank-math-question \"><span class=\"ez-toc-section\" id=\"Nar_ar_den_basta_tiden_att_boka_hotell_for_julmarknaderna\"><\/span>N\u00e4r \u00e4r den b\u00e4sta tiden att boka hotell f\u00f6r julmarknaderna?<span class=\"ez-toc-section-end\"><\/span><\/h3>\n<div class=\"rank-math-answer \">\n\n<p>Om du vill bo i den historiska stadsk\u00e4rnan p\u00e5 \u00f6n Grande \u00cele <strong>m\u00e5ste du boka 6 till 9 m\u00e5nader i f\u00f6rv\u00e4g<\/strong>, eftersom hotellen h\u00e4r s\u00e4ljer ut i otrolig hastighet under adventstiden. Ju tidigare du l\u00f6ser boendet, desto st\u00f6rre urval har du och du undviker s\u00e4kert att beh\u00f6va betala astronomiska summor f\u00f6r de mest \u00f6verprisade rummen som \u00e4r kvar.<\/p>\n\n<\/div>\n<\/div>\n<div id=\"faq-question-1788283127001\" class=\"rank-math-list-item\">\n<h3 class=\"rank-math-question \"><span class=\"ez-toc-section\" id=\"Var_hittar_jag_billigast_boende_i_Strasbourg\"><\/span>Var hittar jag billigast boende i Strasbourg?<span class=\"ez-toc-section-end\"><\/span><\/h3>\n<div class=\"rank-math-answer \">\n\n<p>De b\u00e4sta priserna hittar du garanterat <strong>i n\u00e4rheten av centralstationen eller i det lugnare kvarteret Krutenau<\/strong>, som b\u00e5da ligger bara n\u00e5gra minuters promenad fr\u00e5n den historiska stadsk\u00e4rnan. En enkel regel g\u00e4ller h\u00e4r: <strong>hotell som ligger 10 till 20 minuters promenad fr\u00e5n katedralen brukar vara 30 till 40 procent billigare<\/strong>, s\u00e5 den korta promenaden in till centrum l\u00f6nar sig verkligen.<\/p>\n\n<\/div>\n<\/div>\n<div id=\"faq-question-1788283127002\" class=\"rank-math-list-item\">\n<h3 class=\"rank-math-question \"><span class=\"ez-toc-section\" id=\"Kan_man_bekvamt_parkera_vid_hotellet_i_Strasbourg\"><\/span>Kan man bekv\u00e4mt parkera vid hotellet i Strasbourg?<span class=\"ez-toc-section-end\"><\/span><\/h3>\n<div class=\"rank-math-answer \">\n\n<p>I sj\u00e4lva den historiska stadsk\u00e4rnan \u00e4r <strong>parkering med bil en ren mardr\u00f6m<\/strong> och mindre boutiquehotell har ofta inga garage alls. Mycket smartare \u00e4r d\u00e4rf\u00f6r att <strong>utnyttja uppsamlingsparkeringarna i det v\u00e4lutbyggda Park &amp; Ride-systemet i stadens utkant<\/strong>, d\u00e4r du i priset f\u00f6r den f\u00f6rsumbara parkeringsavgiften \u00e4ven f\u00e5r returbiljetter p\u00e5 sp\u00e5rvagnen in till centrum f\u00f6r hela bils\u00e4llskapet.<\/p>\n\n<\/div>\n<\/div>\n<div id=\"faq-question-1788283127003\" class=\"rank-math-list-item\">\n<h3 class=\"rank-math-question \"><span class=\"ez-toc-section\" id=\"Lonar_det_sig_att_bo_i_kvarteret_Petite_France\"><\/span>L\u00f6nar det sig att bo i kvarteret Petite France?<span class=\"ez-toc-section-end\"><\/span><\/h3>\n<div class=\"rank-math-answer \">\n\n<p>Kvarteret Petite France \u00e4r utan tvekan <strong>den mest fotogeniska och romantiska delen av hela staden<\/strong>, full av gamla korsvirkeshus och sammanfl\u00e4tade vattenkanaler. Under v\u00e5rm\u00e5naderna utanf\u00f6r h\u00f6gs\u00e4song \u00e4r det ett sagoliknande val f\u00f6r par, men <strong>under adventstiden brukar det vara s\u00e5dana turistmassor h\u00e4r att man knappt kan ta sig fram genom gr\u00e4nderna<\/strong>, s\u00e5 det efterl\u00e4ngtade lugnet hittar du definitivt inte h\u00e4r i december.<\/p>\n\n<\/div>\n<\/div>\n<div id=\"faq-question-1788283127004\" class=\"rank-math-list-item\">\n<h3 class=\"rank-math-question \"><span class=\"ez-toc-section\" id=\"Blir_hotellen_dyrare_under_Europaparlamentets_sammantraden\"><\/span>Blir hotellen dyrare under Europaparlamentets sammantr\u00e4den?<span class=\"ez-toc-section-end\"><\/span><\/h3>\n<div class=\"rank-math-answer \">\n\n<p>Ja, och det alltid v\u00e4ldigt markant. <strong>Europaparlamentets plenarsessioner fyller regelbundet och blixtsnabbt inte bara alla hotell i det angr\u00e4nsande europeiska kvarteret, utan \u00e4ven de i hela den historiska stadsk\u00e4rnan.<\/strong> De exakta datumen f\u00f6r dessa sammantr\u00e4den kan lyckligtvis s\u00f6kas upp p\u00e5 internet l\u00e5ngt i f\u00f6rv\u00e4g och <strong>om du inte \u00e4r bunden till ett fast datum b\u00f6r du definitivt undvika dessa dagar med r\u00e5ge<\/strong>.<\/p>\n\n<\/div>\n<\/div>\n<div id=\"faq-question-1788283127005\" class=\"rank-math-list-item\">\n<h3 class=\"rank-math-question \"><span class=\"ez-toc-section\" id=\"Vad_ska_man_smaka_pa_i_Strasbourg_fran_det_lokala_koket\"><\/span>Vad ska man smaka p\u00e5 i Strasbourg fr\u00e5n det lokala k\u00f6ket?<span class=\"ez-toc-section-end\"><\/span><\/h3>\n<div class=\"rank-math-answer \">\n\n<p>Detta r\u00f6r tekniskt sett inte hotellet, men jag vet att ni kommer att fr\u00e5ga mig om det \u00e4nd\u00e5, s\u00e5 h\u00e4r \u00e4r svaret: Elsassisk mat \u00e4r visserligen k\u00e4nd f\u00f6r sina k\u00f6ttr\u00e4tter, men \u00e4ven utan k\u00f6tt kommer du garanterat p\u00e5 din bekostnad h\u00e4r. <strong>Smaka definitivt p\u00e5 den traditionella tunna kakan tarte flamb\u00e9e (flammekueche) i den uts\u00f6kta k\u00f6ttfria varianten med ost och l\u00f6k<\/strong>, \u00e4t d\u00e4rtill en f\u00e4rsk salt bretzel och ta som s\u00f6t efterr\u00e4tt en luftig sockerkaka kougelhopf. <strong>Gl\u00f6m inte att dricka allt detta med utm\u00e4rkt elsassiskt vitt vin.<\/strong><\/p>\n\n<\/div>\n<\/div>\n<div id=\"faq-question-1788283127006\" class=\"rank-math-list-item\">\n<h3 class=\"rank-math-question \"><span class=\"ez-toc-section\" id=\"Ar_Strasbourg_en_bra_bas_for_utflykter_i_Alsace\"><\/span>\u00c4r Strasbourg en bra bas f\u00f6r utflykter i Alsace?<span class=\"ez-toc-section-end\"><\/span><\/h3>\n<div class=\"rank-math-answer \">\n\n<p>Absolut ja, Strasbourg utg\u00f6r <strong>den allra b\u00e4sta strategiska basen f\u00f6r att uppt\u00e4cka hela den sagolika regionen<\/strong>. Fr\u00e5n centralstationen kan du bekv\u00e4mt med t\u00e5g <strong>enkelt och snabbt ta dig till pittoreska Colmar och till mindre byar l\u00e4ngs den ber\u00f6mda vinrutten<\/strong>, eller s\u00e5 kan du \u00e5ka bil f\u00f6r att utforska den vackra naturen i den n\u00e4rbel\u00e4gna Vogeserna.<\/p>\n\n<\/div>\n<\/div>\n<\/div>\n<\/div>","protected":false},"excerpt":{"rendered":"<p>Letar du efter hotell i Strasbourg, Frankrike? Ta reda p\u00e5 i vilka stadsdelar du sparar upp till 40 % av priset och varf\u00f6r det under advent l\u00f6nar sig att bo utanf\u00f6r den historiska k\u00e4rnan.<\/p>\n","protected":false},"author":3,"featured_media":413382,"comment_status":"open","ping_status":"open","sticky":false,"template":"","format":"standard","meta":{"_acf_changed":false,"footnotes":"","rank_math_title":"Var bo i Strasbourg, Frankrike: 18 b\u00e4sta hotellen 2026","rank_math_description":"Var ska du bo i Strasbourg, Frankrike? 18 b\u00e4sta hotell och stadsdelar 2026 \u2013 spara upp till 40 % p\u00e5 boendet. L\u00e4s guiden och boka r\u00e4tt hotell i tid!","rank_math_focus_keyword":"strasbourg frankrike","rank_math_seo_score":""},"categories":[1178,1189,1162],"tags":[],"class_list":["post-417655","post","type-post","status-publish","format-standard","has-post-thumbnail","category-europa","category-frankrike","category-resor"],"acf":[],"featured_image_src":"https:\/\/loudavymkrokem.cz\/wp-content\/uploads\/2026\/09\/petite-france-po-soumraku-2cf25977.jpg","author_info":{"display_name":"Lucie Kone\u010dn\u00e1","author_link":"https:\/\/loudavymkrokem.cz\/sv\/author\/lucie-konecna\/"},"_links":{"self":[{"href":"https:\/\/loudavymkrokem.cz\/sv\/wp-json\/wp\/v2\/posts\/417655","targetHints":{"allow":["GET"]}}],"collection":[{"href":"https:\/\/loudavymkrokem.cz\/sv\/wp-json\/wp\/v2\/posts"}],"about":[{"href":"https:\/\/loudavymkrokem.cz\/sv\/wp-json\/wp\/v2\/types\/post"}],"author":[{"embeddable":true,"href":"https:\/\/loudavymkrokem.cz\/sv\/wp-json\/wp\/v2\/users\/3"}],"replies":[{"embeddable":true,"href":"https:\/\/loudavymkrokem.cz\/sv\/wp-json\/wp\/v2\/comments?post=417655"}],"version-history":[{"count":2,"href":"https:\/\/loudavymkrokem.cz\/sv\/wp-json\/wp\/v2\/posts\/417655\/revisions"}],"predecessor-version":[{"id":417657,"href":"https:\/\/loudavymkrokem.cz\/sv\/wp-json\/wp\/v2\/posts\/417655\/revisions\/417657"}],"wp:featuredmedia":[{"embeddable":true,"href":"https:\/\/loudavymkrokem.cz\/sv\/wp-json\/wp\/v2\/media\/413382"}],"wp:attachment":[{"href":"https:\/\/loudavymkrokem.cz\/sv\/wp-json\/wp\/v2\/media?parent=417655"}],"wp:term":[{"taxonomy":"category","embeddable":true,"href":"https:\/\/loudavymkrokem.cz\/sv\/wp-json\/wp\/v2\/categories?post=417655"},{"taxonomy":"post_tag","embeddable":true,"href":"https:\/\/loudavymkrokem.cz\/sv\/wp-json\/wp\/v2\/tags?post=417655"}],"curies":[{"name":"wp","href":"https:\/\/api.w.org\/{rel}","templated":true}]}}