{"id":417652,"date":"2026-09-03T16:56:24","date_gmt":"2026-09-03T14:56:24","guid":{"rendered":"https:\/\/loudavymkrokem.cz\/semester-malta-tips\/"},"modified":"2026-09-05T17:06:53","modified_gmt":"2026-09-05T15:06:53","slug":"semester-malta-tips","status":"publish","type":"post","link":"https:\/\/loudavymkrokem.cz\/sv\/semester-malta-tips\/","title":{"rendered":"Semester p\u00e5 Malta: 24 tips p\u00e5 vad du kan se och g\u00f6ra 2026"},"content":{"rendered":"\n<!-- lk-tldr -->\n<div class=\"lk-tldr\" style=\"background:#f7f5f0;border-left:4px solid #c39f76;border-radius:0 10px 10px 0;padding:14px 18px;margin:0 0 26px;font-size:15px;line-height:1.65;\"><strong style=\"display:block;font-size:12px;text-transform:uppercase;letter-spacing:.06em;color:#a9885a;margin-bottom:5px;\">TL;DR<\/strong>Malta \u00e4r EU:s minsta land, men h\u00e4r ryms mer historia \u00e4n i de flesta stora l\u00e4nder, och fr\u00e5n Stockholm flyger du dit p\u00e5 ungef\u00e4r tre timmar. <strong>Valletta<\/strong> finns i sin helhet p\u00e5 UNESCO:s lista, <strong>Mdina<\/strong> \u00e4r en tyst stad bakom murarna och <strong>de megalitiska templen<\/strong> \u00e4r \u00e4ldre \u00e4n pyramiderna. De b\u00e4sta m\u00e5naderna \u00e4r <strong>maj, juni, september och oktober<\/strong>, i juli och augusti ligger temperaturen kring 30 \u00b0C och det regnar knappt, havet \u00e4r som varmast i augusti (27,8 \u00b0C) och h\u00e5ller fortfarande 25 \u00b0C i oktober. \u26a0\ufe0f Malta har n\u00e4stan inga sandstr\u00e4nder, man badar mestadels fr\u00e5n klippor och plattformar. Engelska \u00e4r officiellt spr\u00e5k, man betalar med euro och k\u00f6r p\u00e5 v\u00e4nster sida.<\/div>\n<!-- \/lk-tldr -->\n\n\n\n<!-- lk-navbar -->\n<div class=\"lk-navbar\" style=\"margin:0 0 28px;\"><div style=\"font-size:12px;text-transform:uppercase;letter-spacing:.06em;color:#a9885a;font-weight:700;margin-bottom:9px;\">Snabbl\u00e4nkar<\/div><div style=\"display:flex;flex-wrap:wrap;gap:9px;\"><a href=\"#Nar_ska_man_aka_till_Malta_vadret_manad_for_manad\" style=\"background:#c39f76;color:#fff;border:1px solid #c39f76;font-weight:700;padding:9px 15px;border-radius:22px;font-size:14px;text-decoration:none;display:inline-block;line-height:1;\">\ud83c\udf21\ufe0f N\u00e4r \u00e5ka<\/a><a href=\"#Vad_du_kan_se_pa_Malta_24_tips_som_ar_vard_din_tid\" style=\"background:#fff;color:#6b5a44;border:1px solid #e2d6c1;font-weight:600;padding:9px 15px;border-radius:22px;font-size:14px;text-decoration:none;display:inline-block;line-height:1;\">\ud83d\udccd 24 tips<\/a><a href=\"#Var_ska_man_bo_pa_Malta_basta_omraden_och_konkreta_hotell\" style=\"background:#fff;color:#6b5a44;border:1px solid #e2d6c1;font-weight:600;padding:9px 15px;border-radius:22px;font-size:14px;text-decoration:none;display:inline-block;line-height:1;\">\ud83c\udfe8 Var bo<\/a><a href=\"#Vad_man_ater_pa_Malta_en_guide_for_vegetarianer_och_andra\" style=\"background:#fff;color:#6b5a44;border:1px solid #e2d6c1;font-weight:600;padding:9px 15px;border-radius:22px;font-size:14px;text-decoration:none;display:inline-block;line-height:1;\">\ud83c\udf7d\ufe0f Vad \u00e4ta<\/a><a href=\"#Att_ta_sig_runt_pa_Malta_bussar_farja_och_bil\" style=\"background:#fff;color:#6b5a44;border:1px solid #e2d6c1;font-weight:600;padding:9px 15px;border-radius:22px;font-size:14px;text-decoration:none;display:inline-block;line-height:1;\">\ud83d\ude8c Transport<\/a><a href=\"#Vad_kostar_en_semester_pa_Malta\" style=\"background:#fff;color:#6b5a44;border:1px solid #e2d6c1;font-weight:600;padding:9px 15px;border-radius:22px;font-size:14px;text-decoration:none;display:inline-block;line-height:1;\">\ud83d\udcb0 Priser<\/a><a href=\"#Vanliga_fragor\" style=\"background:#fff;color:#6b5a44;border:1px solid #e2d6c1;font-weight:600;padding:9px 15px;border-radius:22px;font-size:14px;text-decoration:none;display:inline-block;line-height:1;\">\u2753 FAQ<\/a><\/div><\/div>\n<!-- \/lk-navbar -->\n\n\n\n<p class=\"wp-block-paragraph\">Malta \u00e4r ett av v\u00e4rldens minsta l\u00e4nder, men p\u00e5 s\u00e5 liten yta s\u00e4gs det rymmas fler sev\u00e4rdheter och mer historia \u00e4n i de flesta enorma l\u00e4nder. Dessutom flyger du dit med <strong>direktflyg fr\u00e5n Stockholm p\u00e5 bara ett par timmar<\/strong>, s\u00e5 du slipper l\u00e5nga restider och kan b\u00f6rja uppt\u00e4cka n\u00e4stan direkt. Du kliver av planet rakt in i behaglig v\u00e4rme, h\u00f6r engelska \u00f6verallt och m\u00e4rker genast att man k\u00f6r p\u00e5 v\u00e4nster sida av v\u00e4gen.<\/p>\n\n\n\n<p class=\"wp-block-paragraph\">Om du lockas av en <strong>semester p\u00e5 Malta<\/strong> har du hittat r\u00e4tt artikel, full av praktisk information. Jag har satt ihop en detaljerad guide d\u00e4r vi tillsammans g\u00e5r igenom <strong>vad du kan se p\u00e5 Malta<\/strong>, vilka platser du absolut inte ska missa och vad du b\u00f6r t\u00e4nka p\u00e5 n\u00e4r du planerar. Resen\u00e4rer hyllar den h\u00e4r \u00f6gruppen f\u00f6r dess otroliga m\u00e5ngfald, d\u00e4r ur\u00e5ldriga tempel blandas med kristallklart Medelhav.<\/p>\n\n\n\n<p class=\"wp-block-paragraph\">P\u00e5 raderna som f\u00f6ljer hittar du precis <strong>24 tips p\u00e5 utflykter och aktiviteter<\/strong>, men ocks\u00e5 en detaljerad v\u00e4dertabell m\u00e5nad f\u00f6r m\u00e5nad baserad p\u00e5 tio \u00e5rs data. Jag hj\u00e4lper dig att v\u00e4lja ett strategiskt boende, vi g\u00e5r igenom hur den lokala transporten fungerar, ungef\u00e4rliga priser och jag l\u00e4gger \u00e4ven till rekommendationer p\u00e5 fantastisk mat f\u00f6r vegetarianer.<\/p>\n\n\n\n<figure data-wp-context=\"{&quot;imageId&quot;:&quot;6a9c4bcb68f75&quot;}\" data-wp-interactive=\"core\/image\" data-wp-key=\"6a9c4bcb68f75\" class=\"wp-block-image size-full wp-lightbox-container\"><img decoding=\"async\" width=\"1500\" height=\"1000\" data-wp-class--hide=\"state.isContentHidden\" data-wp-class--show=\"state.isContentVisible\" data-wp-init=\"callbacks.setButtonStyles\" data-wp-on--click=\"actions.showLightbox\" data-wp-on--load=\"callbacks.setButtonStyles\" data-wp-on--pointerdown=\"actions.preloadImage\" data-wp-on--pointerenter=\"actions.preloadImageWithDelay\" data-wp-on--pointerleave=\"actions.cancelPreload\" data-wp-on-window--resize=\"callbacks.setButtonStyles\" src=\"https:\/\/loudavymkrokem.cz\/wp-content\/uploads\/2026\/08\/dovolena-malta-uvod.jpg\" alt=\"F\u00e4rgglada balkonger i Vallettas gr\u00e4nder\" class=\"wp-image-399631\" title=\"\" srcset=\"https:\/\/loudavymkrokem.cz\/wp-content\/uploads\/2026\/08\/dovolena-malta-uvod.jpg 1500w, https:\/\/loudavymkrokem.cz\/wp-content\/uploads\/2026\/08\/dovolena-malta-uvod-300x200.jpg 300w, https:\/\/loudavymkrokem.cz\/wp-content\/uploads\/2026\/08\/dovolena-malta-uvod-700x467.jpg 700w, https:\/\/loudavymkrokem.cz\/wp-content\/uploads\/2026\/08\/dovolena-malta-uvod-768x512.jpg 768w, https:\/\/loudavymkrokem.cz\/wp-content\/uploads\/2026\/08\/dovolena-malta-uvod-696x464.jpg 696w, https:\/\/loudavymkrokem.cz\/wp-content\/uploads\/2026\/08\/dovolena-malta-uvod-1392x928.jpg 1392w\" sizes=\"(max-width: 1500px) 100vw, 1500px\" \/><button\n\t\t\tclass=\"lightbox-trigger\"\n\t\t\ttype=\"button\"\n\t\t\taria-haspopup=\"dialog\"\n\t\t\tdata-wp-bind--aria-label=\"state.thisImage.triggerButtonAriaLabel\"\n\t\t\tdata-wp-init=\"callbacks.initTriggerButton\"\n\t\t\tdata-wp-on--click=\"actions.showLightbox\"\n\t\t\tdata-wp-style--right=\"state.thisImage.buttonRight\"\n\t\t\tdata-wp-style--top=\"state.thisImage.buttonTop\"\n\t\t>\n\t\t\t<svg xmlns=\"http:\/\/www.w3.org\/2000\/svg\" width=\"12\" height=\"12\" fill=\"none\" viewBox=\"0 0 12 12\">\n\t\t\t\t<path fill=\"#fff\" d=\"M2 0a2 2 0 0 0-2 2v2h1.5V2a.5.5 0 0 1 .5-.5h2V0H2Zm2 10.5H2a.5.5 0 0 1-.5-.5V8H0v2a2 2 0 0 0 2 2h2v-1.5ZM8 12v-1.5h2a.5.5 0 0 0 .5-.5V8H12v2a2 2 0 0 1-2 2H8Zm2-12a2 2 0 0 1 2 2v2h-1.5V2a.5.5 0 0 0-.5-.5H8V0h2Z\" \/>\n\t\t\t<\/svg>\n\t\t<\/button><figcaption class=\"wp-element-caption\">F\u00e4rgglada balkonger i Vallettas gr\u00e4nder (Foto: This photo was taken by Anton Zelenov.\nPlease credit this wi \/ Wikimedia Commons, CC BY-SA 4.0)<\/figcaption><\/figure>\n\n\n\n<div id=\"ez-toc-container\" class=\"ez-toc-v2_0_87 ez-toc-wrap-left counter-hierarchy ez-toc-counter ez-toc-grey ez-toc-container-direction\">\n<div class=\"ez-toc-title-container\">\n<p class=\"ez-toc-title\" style=\"cursor:inherit\">Artikelns inneh\u00e5ll<\/p>\n<span class=\"ez-toc-title-toggle\"><a href=\"#\" class=\"ez-toc-pull-right ez-toc-btn ez-toc-btn-xs ez-toc-btn-default ez-toc-toggle\" aria-label=\"Toggle Table of Content\"><span class=\"ez-toc-js-icon-con\"><span class=\"\"><span class=\"eztoc-hide\" style=\"display:none;\">Toggle<\/span><span class=\"ez-toc-icon-toggle-span\"><svg style=\"fill: #999;color:#999\" xmlns=\"http:\/\/www.w3.org\/2000\/svg\" class=\"list-377408\" width=\"20px\" height=\"20px\" viewBox=\"0 0 24 24\" fill=\"none\"><path d=\"M6 6H4v2h2V6zm14 0H8v2h12V6zM4 11h2v2H4v-2zm16 0H8v2h12v-2zM4 16h2v2H4v-2zm16 0H8v2h12v-2z\" fill=\"currentColor\"><\/path><\/svg><svg style=\"fill: #999;color:#999\" class=\"arrow-unsorted-368013\" xmlns=\"http:\/\/www.w3.org\/2000\/svg\" width=\"10px\" height=\"10px\" viewBox=\"0 0 24 24\" version=\"1.2\" baseProfile=\"tiny\"><path d=\"M18.2 9.3l-6.2-6.3-6.2 6.3c-.2.2-.3.4-.3.7s.1.5.3.7c.2.2.4.3.7.3h11c.3 0 .5-.1.7-.3.2-.2.3-.5.3-.7s-.1-.5-.3-.7zM5.8 14.7l6.2 6.3 6.2-6.3c.2-.2.3-.5.3-.7s-.1-.5-.3-.7c-.2-.2-.4-.3-.7-.3h-11c-.3 0-.5.1-.7.3-.2.2-.3.5-.3.7s.1.5.3.7z\"\/><\/svg><\/span><\/span><\/span><\/a><\/span><\/div>\n<nav><ul class='ez-toc-list ez-toc-list-level-1 ' ><li class='ez-toc-page-1 ez-toc-heading-level-2'><a class=\"ez-toc-link ez-toc-heading-1\" href=\"https:\/\/loudavymkrokem.cz\/sv\/semester-malta-tips\/#Sammanfattning\" >Sammanfattning<\/a><\/li><li class='ez-toc-page-1 ez-toc-heading-level-2'><a class=\"ez-toc-link ez-toc-heading-2\" href=\"https:\/\/loudavymkrokem.cz\/sv\/semester-malta-tips\/#Varfor_aka_till_Malta_och_for_vem_passar_det_inte\" >Varf\u00f6r \u00e5ka till Malta (och f\u00f6r vem passar det inte)<\/a><ul class='ez-toc-list-level-3' ><li class='ez-toc-heading-level-3'><a class=\"ez-toc-link ez-toc-heading-3\" href=\"https:\/\/loudavymkrokem.cz\/sv\/semester-malta-tips\/#6_skal_att_bli_foralskad_i_Malta\" >6 sk\u00e4l att bli f\u00f6r\u00e4lskad i Malta<\/a><\/li><li class='ez-toc-page-1 ez-toc-heading-level-3'><a class=\"ez-toc-link ez-toc-heading-4\" href=\"https:\/\/loudavymkrokem.cz\/sv\/semester-malta-tips\/#For_vem_passar_Malta_inte\" >F\u00f6r vem passar Malta inte<\/a><\/li><\/ul><\/li><li class='ez-toc-page-1 ez-toc-heading-level-2'><a class=\"ez-toc-link ez-toc-heading-5\" href=\"https:\/\/loudavymkrokem.cz\/sv\/semester-malta-tips\/#Nar_ska_man_aka_till_Malta_vadret_manad_for_manad\" >N\u00e4r ska man \u00e5ka till Malta: v\u00e4dret m\u00e5nad f\u00f6r m\u00e5nad<\/a><ul class='ez-toc-list-level-3' ><li class='ez-toc-heading-level-3'><a class=\"ez-toc-link ez-toc-heading-6\" href=\"https:\/\/loudavymkrokem.cz\/sv\/semester-malta-tips\/#Basta_manaderna_beroende_pa_typ_av_semester\" >B\u00e4sta m\u00e5naderna beroende p\u00e5 typ av semester<\/a><\/li><li class='ez-toc-page-1 ez-toc-heading-level-3'><a class=\"ez-toc-link ez-toc-heading-7\" href=\"https:\/\/loudavymkrokem.cz\/sv\/semester-malta-tips\/#Malta_vader_pa_vintern_ar_det_vart_det\" >Malta v\u00e4der p\u00e5 vintern: \u00e4r det v\u00e4rt det?<\/a><\/li><\/ul><\/li><li class='ez-toc-page-1 ez-toc-heading-level-2'><a class=\"ez-toc-link ez-toc-heading-8\" href=\"https:\/\/loudavymkrokem.cz\/sv\/semester-malta-tips\/#Vad_du_kan_se_pa_Malta_24_tips_som_ar_varda_din_tid\" >Vad du kan se p\u00e5 Malta: 24 tips som \u00e4r v\u00e4rda din tid<\/a><ul class='ez-toc-list-level-3' ><li class='ez-toc-heading-level-3'><a class=\"ez-toc-link ez-toc-heading-9\" href=\"https:\/\/loudavymkrokem.cz\/sv\/semester-malta-tips\/#1_Valletta_EU_s_minsta_huvudstad\" >1. Valletta: EU:s minsta huvudstad<\/a><\/li><li class='ez-toc-page-1 ez-toc-heading-level-3'><a class=\"ez-toc-link ez-toc-heading-10\" href=\"https:\/\/loudavymkrokem.cz\/sv\/semester-malta-tips\/#2_St_Johns_konkatedral_barock_som_tar_andan_ur_dig\" >2. St. Johns konkatedral: barock som tar andan ur dig<\/a><\/li><li class='ez-toc-page-1 ez-toc-heading-level-3'><a class=\"ez-toc-link ez-toc-heading-11\" href=\"https:\/\/loudavymkrokem.cz\/sv\/semester-malta-tips\/#3_Upper_Barrakka_Gardens_och_middagssalvan\" >3. Upper Barrakka Gardens och middagssalvan<\/a><\/li><li class='ez-toc-page-1 ez-toc-heading-level-3'><a class=\"ez-toc-link ez-toc-heading-12\" href=\"https:\/\/loudavymkrokem.cz\/sv\/semester-malta-tips\/#4_Grand_Harbour_naturhamnen_som_andrade_historien\" >4. Grand Harbour: naturhamnen som \u00e4ndrade historien<\/a><\/li><li class='ez-toc-page-1 ez-toc-heading-level-3'><a class=\"ez-toc-link ez-toc-heading-13\" href=\"https:\/\/loudavymkrokem.cz\/sv\/semester-malta-tips\/#5_De_tre_staderna_Vittoriosa_Senglea_och_Cospicua\" >5. De tre st\u00e4derna: Vittoriosa, Senglea och Cospicua<\/a><\/li><li class='ez-toc-page-1 ez-toc-heading-level-3'><a class=\"ez-toc-link ez-toc-heading-14\" href=\"https:\/\/loudavymkrokem.cz\/sv\/semester-malta-tips\/#6_Sliema_och_St_Julians_strandpromenad_shopping_och_nattliv\" >6. Sliema och St Julian&#8217;s: strandpromenad, shopping och nattliv<\/a><\/li><li class='ez-toc-page-1 ez-toc-heading-level-3'><a class=\"ez-toc-link ez-toc-heading-15\" href=\"https:\/\/loudavymkrokem.cz\/sv\/semester-malta-tips\/#7_Mdina_den_tysta_staden_bakom_murarna\" >7. Mdina: den tysta staden bakom murarna<\/a><\/li><li class='ez-toc-page-1 ez-toc-heading-level-3'><a class=\"ez-toc-link ez-toc-heading-16\" href=\"https:\/\/loudavymkrokem.cz\/sv\/semester-malta-tips\/#8_Rabat_och_St_Pauls_katakomber\" >8. Rabat och St Pauls katakomber<\/a><\/li><li class='ez-toc-page-1 ez-toc-heading-level-3'><a class=\"ez-toc-link ez-toc-heading-17\" href=\"https:\/\/loudavymkrokem.cz\/sv\/semester-malta-tips\/#9_Rotundan_i_Mosta_och_bombens_historia\" >9. Rotundan i Mosta och bombens historia<\/a><\/li><li class='ez-toc-page-1 ez-toc-heading-level-3'><a class=\"ez-toc-link ez-toc-heading-18\" href=\"https:\/\/loudavymkrokem.cz\/sv\/semester-malta-tips\/#10_Dingli_Cliffs_klippor_over_vastkusten\" >10. Dingli Cliffs: klippor \u00f6ver v\u00e4stkusten<\/a><\/li><li class='ez-toc-page-1 ez-toc-heading-level-3'><a class=\"ez-toc-link ez-toc-heading-19\" href=\"https:\/\/loudavymkrokem.cz\/sv\/semester-malta-tips\/#11_Mosta_Naxxar_och_Palazzo_Parisio\" >11. Mosta, Naxxar och Palazzo Parisio<\/a><\/li><li class='ez-toc-page-1 ez-toc-heading-level-3'><a class=\"ez-toc-link ez-toc-heading-20\" href=\"https:\/\/loudavymkrokem.cz\/sv\/semester-malta-tips\/#12_Ta_Qali_och_hantverksbyn\" >12. Ta&#8217; Qali och hantverksbyn<\/a><\/li><li class='ez-toc-page-1 ez-toc-heading-level-3'><a class=\"ez-toc-link ez-toc-heading-21\" href=\"https:\/\/loudavymkrokem.cz\/sv\/semester-malta-tips\/#13_Marsaxlokk_fiskeby_med_fargglada_batar\" >13. Marsaxlokk: fiskeby med f\u00e4rgglada b\u00e5tar<\/a><\/li><li class='ez-toc-page-1 ez-toc-heading-level-3'><a class=\"ez-toc-link ez-toc-heading-22\" href=\"https:\/\/loudavymkrokem.cz\/sv\/semester-malta-tips\/#14_Bla_grottan_Blue_Grotto\" >14. Bl\u00e5 grottan (Blue Grotto)<\/a><\/li><li class='ez-toc-page-1 ez-toc-heading-level-3'><a class=\"ez-toc-link ez-toc-heading-23\" href=\"https:\/\/loudavymkrokem.cz\/sv\/semester-malta-tips\/#15_Hagar_Qim_och_Mnajdra_tempel_aldre_an_pyramiderna\" >15. \u0126a\u0121ar Qim och Mnajdra: tempel \u00e4ldre \u00e4n pyramiderna<\/a><\/li><li class='ez-toc-page-1 ez-toc-heading-level-3'><a class=\"ez-toc-link ez-toc-heading-24\" href=\"https:\/\/loudavymkrokem.cz\/sv\/semester-malta-tips\/#16_St_Peters_Pool_naturlig_pool_i_klippan\" >16. St Peter&#8217;s Pool: naturlig pool i klippan<\/a><\/li><li class='ez-toc-page-1 ez-toc-heading-level-3'><a class=\"ez-toc-link ez-toc-heading-25\" href=\"https:\/\/loudavymkrokem.cz\/sv\/semester-malta-tips\/#17_Hypogeum_i_Hal_Saflieni\" >17. Hypogeum i \u0126al Saflieni<\/a><\/li><li class='ez-toc-page-1 ez-toc-heading-level-3'><a class=\"ez-toc-link ez-toc-heading-26\" href=\"https:\/\/loudavymkrokem.cz\/sv\/semester-malta-tips\/#18_Bla_lagunen_pa_Comino\" >18. Bl\u00e5 lagunen p\u00e5 Comino<\/a><\/li><li class='ez-toc-page-1 ez-toc-heading-level-3'><a class=\"ez-toc-link ez-toc-heading-27\" href=\"https:\/\/loudavymkrokem.cz\/sv\/semester-malta-tips\/#19_Victoria_och_Citadellet\" >19. Victoria och Citadellet<\/a><\/li><li class='ez-toc-page-1 ez-toc-heading-level-3'><a class=\"ez-toc-link ez-toc-heading-28\" href=\"https:\/\/loudavymkrokem.cz\/sv\/semester-malta-tips\/#20_Dwejra_och_Inlandshavet\" >20. Dwejra och Inlandshavet<\/a><\/li><li class='ez-toc-page-1 ez-toc-heading-level-3'><a class=\"ez-toc-link ez-toc-heading-29\" href=\"https:\/\/loudavymkrokem.cz\/sv\/semester-malta-tips\/#21_Ramla_Bay_ogruppens_finaste_sandstrand\" >21. Ramla Bay: \u00f6gruppens finaste sandstrand<\/a><\/li><li class='ez-toc-page-1 ez-toc-heading-level-3'><a class=\"ez-toc-link ez-toc-heading-30\" href=\"https:\/\/loudavymkrokem.cz\/sv\/semester-malta-tips\/#22_Ggantija_varldens_aldsta_fristaende_byggnader\" >22. \u0120gantija: v\u00e4rldens \u00e4ldsta frist\u00e5ende byggnader<\/a><\/li><li class='ez-toc-page-1 ez-toc-heading-level-3'><a class=\"ez-toc-link ez-toc-heading-31\" href=\"https:\/\/loudavymkrokem.cz\/sv\/semester-malta-tips\/#23_Xlendi_och_Marsalforn\" >23. Xlendi och Marsalforn<\/a><\/li><li class='ez-toc-page-1 ez-toc-heading-level-3'><a class=\"ez-toc-link ez-toc-heading-32\" href=\"https:\/\/loudavymkrokem.cz\/sv\/semester-malta-tips\/#24_Finaste_stranderna_Golden_Bay_Ghajn_Tuffieha_och_Mellieha_Bay\" >24. Finaste str\u00e4nderna: Golden Bay, G\u0127ajn Tuffie\u0127a och Mellie\u0127a Bay<\/a><\/li><\/ul><\/li><li class='ez-toc-page-1 ez-toc-heading-level-2'><a class=\"ez-toc-link ez-toc-heading-33\" href=\"https:\/\/loudavymkrokem.cz\/sv\/semester-malta-tips\/#Var_ska_man_bo_pa_Malta_basta_omradena_och_konkreta_hotell\" >Var ska man bo p\u00e5 Malta: b\u00e4sta omr\u00e5dena och konkreta hotell<\/a><ul class='ez-toc-list-level-3' ><li class='ez-toc-heading-level-3'><a class=\"ez-toc-link ez-toc-heading-34\" href=\"https:\/\/loudavymkrokem.cz\/sv\/semester-malta-tips\/#Vilket_omrade_ska_man_valja\" >Vilket omr\u00e5de ska man v\u00e4lja<\/a><\/li><li class='ez-toc-page-1 ez-toc-heading-level-3'><a class=\"ez-toc-link ez-toc-heading-35\" href=\"https:\/\/loudavymkrokem.cz\/sv\/semester-malta-tips\/#Konkreta_tips_pa_boende\" >Konkreta tips p\u00e5 boende<\/a><\/li><\/ul><\/li><li class='ez-toc-page-1 ez-toc-heading-level-2'><a class=\"ez-toc-link ez-toc-heading-36\" href=\"https:\/\/loudavymkrokem.cz\/sv\/semester-malta-tips\/#Vad_man_ater_pa_Malta_en_guide_for_vegetarianer_och_andra\" >Vad man \u00e4ter p\u00e5 Malta: en guide f\u00f6r vegetarianer och andra<\/a><\/li><li class='ez-toc-page-1 ez-toc-heading-level-2'><a class=\"ez-toc-link ez-toc-heading-37\" href=\"https:\/\/loudavymkrokem.cz\/sv\/semester-malta-tips\/#Att_ta_sig_runt_pa_Malta_bussar_farja_och_bil\" >Att ta sig runt p\u00e5 Malta: bussar, f\u00e4rja och bil<\/a><ul class='ez-toc-list-level-3' ><li class='ez-toc-heading-level-3'><a class=\"ez-toc-link ez-toc-heading-38\" href=\"https:\/\/loudavymkrokem.cz\/sv\/semester-malta-tips\/#Tallinja-bussarna\" >Tallinja-bussarna<\/a><\/li><li class='ez-toc-page-1 ez-toc-heading-level-3'><a class=\"ez-toc-link ez-toc-heading-39\" href=\"https:\/\/loudavymkrokem.cz\/sv\/semester-malta-tips\/#Farja_till_Gozo_och_Comino\" >F\u00e4rja till Gozo och Comino<\/a><\/li><li class='ez-toc-page-1 ez-toc-heading-level-3'><a class=\"ez-toc-link ez-toc-heading-40\" href=\"https:\/\/loudavymkrokem.cz\/sv\/semester-malta-tips\/#Ska_man_hyra_bil_eller_inte\" >Ska man hyra bil eller inte?<\/a><\/li><\/ul><\/li><li class='ez-toc-page-1 ez-toc-heading-level-2'><a class=\"ez-toc-link ez-toc-heading-41\" href=\"https:\/\/loudavymkrokem.cz\/sv\/semester-malta-tips\/#Vad_kostar_en_semester_pa_Malta\" >Vad kostar en semester p\u00e5 Malta<\/a><\/li><li class='ez-toc-page-1 ez-toc-heading-level-2'><a class=\"ez-toc-link ez-toc-heading-42\" href=\"https:\/\/loudavymkrokem.cz\/sv\/semester-malta-tips\/#Vad_man_bor_se_upp_med_pa_Malta\" >Vad man b\u00f6r se upp med p\u00e5 Malta<\/a><\/li><li class='ez-toc-page-1 ez-toc-heading-level-2'><a class=\"ez-toc-link ez-toc-heading-43\" href=\"https:\/\/loudavymkrokem.cz\/sv\/semester-malta-tips\/#Malta_med_barn\" >Malta med barn<\/a><\/li><li class='ez-toc-page-1 ez-toc-heading-level-2'><a class=\"ez-toc-link ez-toc-heading-44\" href=\"https:\/\/loudavymkrokem.cz\/sv\/semester-malta-tips\/#Vart_ska_man_aka_vidare_fler_tips_pa_semester_vid_havet\" >Vart ska man \u00e5ka vidare: fler tips p\u00e5 semester vid havet<\/a><\/li><li class='ez-toc-page-1 ez-toc-heading-level-2'><a class=\"ez-toc-link ez-toc-heading-45\" href=\"https:\/\/loudavymkrokem.cz\/sv\/semester-malta-tips\/#Vanliga_fragor\" >Vanliga fr\u00e5gor<\/a><ul class='ez-toc-list-level-3' ><li class='ez-toc-heading-level-3'><a class=\"ez-toc-link ez-toc-heading-46\" href=\"https:\/\/loudavymkrokem.cz\/sv\/semester-malta-tips\/#Nar_ar_det_bast_att_aka_till_Malta\" >N\u00e4r \u00e4r det b\u00e4st att \u00e5ka till Malta?<\/a><\/li><li class='ez-toc-page-1 ez-toc-heading-level-3'><a class=\"ez-toc-link ez-toc-heading-47\" href=\"https:\/\/loudavymkrokem.cz\/sv\/semester-malta-tips\/#Hur_lange_behover_man_pa_Malta\" >Hur l\u00e4nge beh\u00f6ver man p\u00e5 Malta?<\/a><\/li><li class='ez-toc-page-1 ez-toc-heading-level-3'><a class=\"ez-toc-link ez-toc-heading-48\" href=\"https:\/\/loudavymkrokem.cz\/sv\/semester-malta-tips\/#Kan_man_bada_pa_Malta_nar_det_inte_finns_sandstrander\" >Kan man bada p\u00e5 Malta n\u00e4r det inte finns sandstr\u00e4nder?<\/a><\/li><li class='ez-toc-page-1 ez-toc-heading-level-3'><a class=\"ez-toc-link ez-toc-heading-49\" href=\"https:\/\/loudavymkrokem.cz\/sv\/semester-malta-tips\/#Klarar_man_sig_pa_engelska_pa_Malta\" >Klarar man sig p\u00e5 engelska p\u00e5 Malta?<\/a><\/li><li class='ez-toc-page-1 ez-toc-heading-level-3'><a class=\"ez-toc-link ez-toc-heading-50\" href=\"https:\/\/loudavymkrokem.cz\/sv\/semester-malta-tips\/#Behover_man_bil_pa_Malta\" >Beh\u00f6ver man bil p\u00e5 Malta?<\/a><\/li><li class='ez-toc-page-1 ez-toc-heading-level-3'><a class=\"ez-toc-link ez-toc-heading-51\" href=\"https:\/\/loudavymkrokem.cz\/sv\/semester-malta-tips\/#Ar_Malta_dyrt\" >\u00c4r Malta dyrt?<\/a><\/li><li class='ez-toc-page-1 ez-toc-heading-level-3'><a class=\"ez-toc-link ez-toc-heading-52\" href=\"https:\/\/loudavymkrokem.cz\/sv\/semester-malta-tips\/#Lonar_det_sig_att_overnatta_pa_Gozo\" >L\u00f6nar det sig att \u00f6vernatta p\u00e5 Gozo?<\/a><\/li><li class='ez-toc-page-1 ez-toc-heading-level-3'><a class=\"ez-toc-link ez-toc-heading-53\" href=\"https:\/\/loudavymkrokem.cz\/sv\/semester-malta-tips\/#Ar_Malta_sakert\" >\u00c4r Malta s\u00e4kert?<\/a><\/li><\/ul><\/li><\/ul><\/nav><\/div>\n<h2 id=\"Sammanfattning\" class=\"wp-block-heading\"><span class=\"ez-toc-section\" id=\"Sammanfattning\"><\/span>Sammanfattning<span class=\"ez-toc-section-end\"><\/span><\/h2>\n\n\n\n<ul class=\"wp-block-list\">\n<li><strong>Malta, Gozo och Comino<\/strong> \u00e4r de tre bebodda \u00f6arna i den h\u00e4r lilla \u00f6gruppen, och var och en har en helt egen st\u00e4mning och atmosf\u00e4r.<\/li>\n\n\n\n<li><strong>Valletta<\/strong> \u00e4r EU:s minsta huvudstad och hela dess historiska centrum \u00e4r stolt inskrivet p\u00e5 UNESCO:s v\u00e4rldsarvslista.<\/li>\n\n\n\n<li><strong>De b\u00e4sta m\u00e5naderna f\u00f6r ett bes\u00f6k<\/strong> \u00e4r enligt historiska klimatdata maj, juni, september och oktober.<\/li>\n\n\n\n<li><strong>I juli och augusti<\/strong> \u00e4r det riktigt hett (temperaturen kl\u00e4ttrar till 30,2 och 30,3 \u00b0C) och det regnar n\u00e4stan aldrig \u2013 nederb\u00f6rd f\u00f6rekommer bara 0,3 och 1,4 dagar i m\u00e5naden.<\/li>\n\n\n\n<li><strong>Havet \u00e4r som varmast<\/strong> i augusti, d\u00e5 det n\u00e5r 27,8 \u00b0C, och \u00e4ven i oktober h\u00e5ller det behagliga 25,0 \u00b0C.<\/li>\n\n\n\n<li><strong>Sandstr\u00e4nder<\/strong> hittar du inte m\u00e5nga p\u00e5 Malta \u2013 badet sker fr\u00e4mst fr\u00e5n klippiga plattformar och stenklippor.<\/li>\n\n\n\n<li><strong>Officiellt spr\u00e5k \u00e4r engelska<\/strong>, man betalar med vanlig euro, men p\u00e5 v\u00e4garna k\u00f6r man p\u00e5 v\u00e4nster sida.<\/li>\n\n\n\n<li><strong>Bl\u00e5 lagunen p\u00e5 Comino<\/strong> \u00e4r visserligen visuellt helt otroligt vacker, men under sommars\u00e4songen \u00e4r den tyv\u00e4rr extremt \u00f6verfull av turister.<\/li>\n<\/ul>\n\n\n\n<h2 id=\"Varfor_aka_till_Malta_och_for_vem_passar_det_inte\" class=\"wp-block-heading\"><span class=\"ez-toc-section\" id=\"Varfor_aka_till_Malta_och_for_vem_passar_det_inte\"><\/span>Varf\u00f6r \u00e5ka till Malta (och f\u00f6r vem passar det inte)<span class=\"ez-toc-section-end\"><\/span><\/h2>\n\n\n\n<p class=\"wp-block-paragraph\">Att best\u00e4mma n\u00e4sta resm\u00e5l kan ibland vara lite knivigt, s\u00e4rskilt n\u00e4r varje land har sina egenheter och lockar med olika saker. L\u00e5t oss titta p\u00e5 vad den h\u00e4r \u00f6staten \u00e4r riktigt bra p\u00e5 och f\u00f6r vem en <strong>semester p\u00e5 Malta<\/strong> tv\u00e4rtom kanske inte passar alls. Det s\u00e4gs vara en plats fylld av kontraster som du antingen genast blir f\u00f6r\u00e4lskad i, eller snabbt inser att du f\u00f6redrar en helt annan typ av avkoppling.<\/p>\n\n\n\n<h3 id=\"6_skal_att_bli_foralskad_i_Malta\" class=\"wp-block-heading\"><span class=\"ez-toc-section\" id=\"6_skal_att_bli_foralskad_i_Malta\"><\/span>6 sk\u00e4l att bli f\u00f6r\u00e4lskad i Malta<span class=\"ez-toc-section-end\"><\/span><\/h3>\n\n\n\n<p class=\"wp-block-paragraph\"><strong>Historia i varje h\u00f6rn.<\/strong> H\u00e4r hittar du imponerande megalitiska tempel som bevisligen \u00e4r \u00e4ldre \u00e4n de egyptiska pyramiderna, m\u00e4ktiga f\u00e4stningar efter Johanniterriddarna och fascinerande l\u00e4mningar fr\u00e5n andra v\u00e4rldskriget. Om du \u00e4lskar att utforska smala gr\u00e4nder och historiska sev\u00e4rdheter kommer du att k\u00e4nna dig som i ett enormt utomhusmuseum.<\/p>\n\n\n\n<p class=\"wp-block-paragraph\"><strong>Engelska och ingen spr\u00e5kbarri\u00e4r.<\/strong> Eftersom engelska \u00e4r ett av de tv\u00e5 officiella spr\u00e5ken kommer du att g\u00f6ra dig f\u00f6rst\u00e5dd \u00f6verallt, fr\u00e5n sm\u00e5 butiker till mer avl\u00e4gsna byar. Du slipper allts\u00e5 det klassiska semesterstressandet med ordboken i handen, vilket m\u00e5nga resen\u00e4rer verkligen uppskattar.<\/p>\n\n\n\n<p class=\"wp-block-paragraph\"><strong>Verkligt korta avst\u00e5nd.<\/strong> Hela huvud\u00f6n k\u00f6r du igenom p\u00e5 knappt en timme, s\u00e5 du kan bo p\u00e5 ett och samma st\u00e4lle hela tiden och g\u00f6ra dagsutflykter d\u00e4rifr\u00e5n. Du beh\u00f6ver allts\u00e5 inte st\u00e4ndigt packa och flytta fr\u00e5n hotell till hotell, vilket sparar massor av dyrbar energi och tid.<\/p>\n\n\n\n<p class=\"wp-block-paragraph\"><strong>Europas l\u00e4ngsta bads\u00e4song.<\/strong> Medan man p\u00e5 andra st\u00e4llen vid Medelhavet redan tar fram tr\u00f6jorna i oktober, badar folk h\u00e4r enligt statistiken fortfarande som vanligt i havet. Det \u00e4r ett perfekt val f\u00f6r dig som vill f\u00f6rl\u00e4nga sommaren \u00e4nda in i sen h\u00f6st och njuta av solen.<\/p>\n\n\n\n<p class=\"wp-block-paragraph\"><strong>Kristallklart vatten och fantastisk snorkling.<\/strong> Den klippiga kusten har en enorm f\u00f6rdel, n\u00e4mligen att vattnet \u00e4r helt klart utan st\u00e4ndigt uppvirvlad sand. Enligt recensioner erbjuder Malta n\u00e5gra av de b\u00e4sta f\u00f6ruts\u00e4ttningarna f\u00f6r dykning och att utforska undervattenslivet i hela Europa.<\/p>\n\n\n\n<p class=\"wp-block-paragraph\"><strong>L\u00e4ttillg\u00e4ngligt och rimliga priser.<\/strong> J\u00e4mf\u00f6rt med popul\u00e4ra Italien eller Frankrike blir flygbiljetter, transport och mat lite v\u00e4nligare mot pl\u00e5nboken, och servicen h\u00e5ller dessutom h\u00f6g niv\u00e5. Med SAS eller Ryanair fr\u00e5n Stockholm \u00e4r du snabbt framme, s\u00e5 du tillbringar inte hela dagen p\u00e5 resan.<\/p>\n\n\n\n<h3 id=\"For_vem_passar_Malta_inte\" class=\"wp-block-heading\"><span class=\"ez-toc-section\" id=\"For_vem_passar_Malta_inte\"><\/span>F\u00f6r vem passar Malta inte<span class=\"ez-toc-section-end\"><\/span><\/h3>\n\n\n\n<p class=\"wp-block-paragraph\">\u00c4ven om det p\u00e5 bilderna ser ut som ett rent paradis \u00e4r den h\u00e4r steniga \u00f6n inte det idealiska valet f\u00f6r alla. \u00d6verv\u00e4g hellre ett helt annat resm\u00e5l om du k\u00e4nner igen dig i n\u00e5gon av f\u00f6ljande kategorier. \u263a\ufe0f<\/p>\n\n\n\n<ul class=\"wp-block-list\">\n<li>Du letar efter <strong>l\u00e5nga sandstr\u00e4nder<\/strong>, f\u00f6r dem finns det verkligen ett absolut minimum av h\u00e4r och de utg\u00f6r bara en br\u00e5kdel av kusten.<\/li>\n\n\n\n<li>Du t\u00e5l inte folkmassor, eftersom Malta \u00e4r <strong>EU:s t\u00e4tast befolkade land<\/strong> och det kan m\u00e4rkas rej\u00e4lt under s\u00e4songen.<\/li>\n\n\n\n<li>Du reser f\u00f6r <strong>vild natur och djupa skogar<\/strong> \u2013 dem hittar du n\u00e4mligen inte alls h\u00e4r.<\/li>\n\n\n\n<li>Du planerar semestern <strong>i augusti och t\u00e5l v\u00e4rme d\u00e5ligt<\/strong>, f\u00f6r sommartemperaturerna \u00e4r verkligen obarmh\u00e4rtiga.<\/li>\n\n\n\n<li>Du vill ha total tystnad och lugn men bokar av misstag boende i kvarteret <strong>St Julian&#8217;s, som \u00e4r hela \u00f6ns st\u00f6rsta partyzon<\/strong>.<\/li>\n<\/ul>\n\n\n\n<h2 id=\"Nar_ska_man_aka_till_Malta_vadret_manad_for_manad\" class=\"wp-block-heading\"><span class=\"ez-toc-section\" id=\"Nar_ska_man_aka_till_Malta_vadret_manad_for_manad\"><\/span>N\u00e4r ska man \u00e5ka till Malta: v\u00e4dret m\u00e5nad f\u00f6r m\u00e5nad<span class=\"ez-toc-section-end\"><\/span><\/h2>\n\n\n\n<p class=\"wp-block-paragraph\">R\u00e4tt tajming \u00e4r helt avg\u00f6rande f\u00f6r en lyckad resa, och d\u00e4rf\u00f6r tittar vi noga p\u00e5 exakta siffror. F\u00f6ljande data \u00e4r inga grova uppskattningar, utan <strong>tio\u00e5riga medelv\u00e4rden fr\u00e5n \u00e5ren 2015 till 2024<\/strong> h\u00e4mtade fr\u00e5n den avancerade klimatreanalysen ERA5.<\/p>\n\n\n\n<p class=\"wp-block-paragraph\">Uppgifterna om havstemperaturen bygger sedan exakt p\u00e5 en havsmodell <strong>f\u00f6r \u00e5ren 2019 till 2024<\/strong>. Tack vare det f\u00e5r du en glasklar bild av vilka f\u00f6rh\u00e5llanden som v\u00e4ntar dig en viss m\u00e5nad, och du kan packa v\u00e4skan mycket b\u00e4ttre.<\/p>\n\n\n\n<figure class=\"wp-block-table is-style-stripes\"><table class=\"has-fixed-layout\"><thead><tr><th>M\u00e5nad<\/th><th>Dagtid<\/th><th>Nattetid<\/th><th>Hav<\/th><th>Regndagar<\/th><th>Sol\/dag<\/th><\/tr><\/thead><tbody><tr><td><strong>januari<\/strong><\/td><td>15 \u00b0C<\/td><td>12 \u00b0C<\/td><td>17 \u00b0C<\/td><td>8,1<\/td><td>8,7 h<\/td><\/tr><tr><td><strong>februari<\/strong><\/td><td>16 \u00b0C<\/td><td>12 \u00b0C<\/td><td>16 \u00b0C<\/td><td>5,9<\/td><td>9,4 h<\/td><\/tr><tr><td><strong>mars<\/strong><\/td><td>17 \u00b0C<\/td><td>12 \u00b0C<\/td><td>16 \u00b0C<\/td><td>6,7<\/td><td>10,5 h<\/td><\/tr><tr><td><strong>april<\/strong><\/td><td>19 \u00b0C<\/td><td>14 \u00b0C<\/td><td>17 \u00b0C<\/td><td>3,2<\/td><td>11,1 h<\/td><\/tr><tr><td><strong>maj<\/strong><\/td><td>22 \u00b0C<\/td><td>17 \u00b0C<\/td><td>19 \u00b0C<\/td><td>3,1<\/td><td>12,5 h<\/td><\/tr><tr><td><strong>juni<\/strong><\/td><td>27 \u00b0C<\/td><td>21 \u00b0C<\/td><td>23 \u00b0C<\/td><td>0,9<\/td><td>13,6 h<\/td><\/tr><tr><td><strong>juli<\/strong><\/td><td>30 \u00b0C<\/td><td>24 \u00b0C<\/td><td>27 \u00b0C<\/td><td>0,3<\/td><td>13,9 h<\/td><\/tr><tr><td><strong>augusti<\/strong><\/td><td>30 \u00b0C<\/td><td>25 \u00b0C<\/td><td>28 \u00b0C<\/td><td>1,4<\/td><td>12,5 h<\/td><\/tr><tr><td><strong>september<\/strong><\/td><td>28 \u00b0C<\/td><td>23 \u00b0C<\/td><td>27 \u00b0C<\/td><td>4,7<\/td><td>11,2 h<\/td><\/tr><tr><td><strong>oktober<\/strong><\/td><td>24 \u00b0C<\/td><td>20 \u00b0C<\/td><td>25 \u00b0C<\/td><td>7,1<\/td><td>9,8 h<\/td><\/tr><tr><td><strong>november<\/strong><\/td><td>21 \u00b0C<\/td><td>17 \u00b0C<\/td><td>23 \u00b0C<\/td><td>10,9<\/td><td>8,6 h<\/td><\/tr><tr><td><strong>december<\/strong><\/td><td>17 \u00b0C<\/td><td>14 \u00b0C<\/td><td>19 \u00b0C<\/td><td>7,6<\/td><td>8,2 h<\/td><\/tr><\/tbody><\/table><figcaption class=\"wp-element-caption\">Genomsnittliga temperaturer p\u00e5 Malta m\u00e5nad f\u00f6r m\u00e5nad. Luft och nederb\u00f6rd \u00e4r tio\u00e5riga medelv\u00e4rden 2015\u20132024 fr\u00e5n reanalysen ERA5, havstemperaturen fr\u00e5n en havsmodell 2019\u20132024.<\/figcaption><\/figure>\n\n\n\n<h3 id=\"Basta_manaderna_beroende_pa_typ_av_semester\" class=\"wp-block-heading\"><span class=\"ez-toc-section\" id=\"Basta_manaderna_beroende_pa_typ_av_semester\"><\/span>B\u00e4sta m\u00e5naderna beroende p\u00e5 typ av semester<span class=\"ez-toc-section-end\"><\/span><\/h3>\n\n\n\n<ul class=\"wp-block-list\">\n<li><strong>Bad och strandlyx:<\/strong> B\u00e4st \u00e4r att \u00e5ka fr\u00e5n juni till oktober, d\u00e5 havstemperaturen ligger mellan h\u00e4rliga 23,4 och 27,8 \u00b0C.<\/li>\n\n\n\n<li><strong>Utforskning och sev\u00e4rdheter:<\/strong> B\u00e4st f\u00f6rh\u00e5llanden r\u00e5der i april, maj och oktober, d\u00e5 dagstemperaturen n\u00e5r behagliga v\u00e4rden runt 18 till 24 \u00b0C.<\/li>\n\n\n\n<li><strong>Billigaste tiderna:<\/strong> Det l\u00f6nar sig att flyga fr\u00e5n november till mars, men d\u00e5 m\u00e5ste du r\u00e4kna med att havet bara h\u00e5ller 16 till 19 \u00b0C och att det till exempel i november regnar i genomsnitt 10,9 dagar i m\u00e5naden.<\/li>\n\n\n\n<li><strong>N\u00e4r du hellre b\u00f6r undvika:<\/strong> Augusti \u00e4r f\u00f6r m\u00e5nga f\u00f6r jobbig p\u00e5 grund av den extrema v\u00e4rmen, de st\u00e4ndiga turistmassorna och betydligt h\u00f6gre priser p\u00e5 tj\u00e4nster.<\/li>\n<\/ul>\n\n\n\n<h3 id=\"Vinter_pa_Malta_ar_det_vart_det\" class=\"wp-block-heading\"><span class=\"ez-toc-section\" id=\"Malta_vader_pa_vintern_ar_det_vart_det\"><\/span>Malta v\u00e4der p\u00e5 vintern: \u00e4r det v\u00e4rt det?<span class=\"ez-toc-section-end\"><\/span><\/h3>\n\n\n\n<p class=\"wp-block-paragraph\">Du kanske undrar om det ens \u00e4r v\u00e4rt att flyga till s\u00f6dra Europa mitt i vintern, n\u00e4r det f\u00f6r l\u00e4nge sedan inte l\u00e4ngre g\u00e5r att bada. Under vinterm\u00e5naderna ligger temperaturen <strong>kring 15 till 17 \u00b0C<\/strong>, det regnar ungef\u00e4r 6 till 8 dagar i m\u00e5naden och havet h\u00e5ller kyliga 16 till 19 \u00b0C. Att sola i baddr\u00e4kt \u00e4r det allts\u00e5 definitivt inte fr\u00e5ga om, men f\u00f6r l\u00e5nga promenader i en tunn tr\u00f6ja \u00e4r det helt idealiskt. \ud83d\ude05<\/p>\n\n\n\n<p class=\"wp-block-paragraph\">Om det fr\u00e4mst \u00e4r att uppt\u00e4cka gamla sev\u00e4rdheter, sitta i mysiga sm\u00e5 kaf\u00e9er och g\u00f6ra lugna vandringar l\u00e4ngs klipporna som lockar dig, kommer <strong>vintern definitivt att h\u00e4nf\u00f6ra dig<\/strong>. Dessutom f\u00e5ngar du under den h\u00e4r perioden de billigaste flygbiljetterna och njuter av Vallettas halvtomma gr\u00e4nder, n\u00e5got som vore en helt om\u00f6jlig uppgift p\u00e5 heta sommaren.<\/p>\n\n\n\n<h2 id=\"Vad_du_kan_se_pa_Malta_24_tips_som_ar_vard_din_tid\" class=\"wp-block-heading\"><span class=\"ez-toc-section\" id=\"Vad_du_kan_se_pa_Malta_24_tips_som_ar_varda_din_tid\"><\/span>Vad du kan se p\u00e5 Malta: 24 tips som \u00e4r v\u00e4rda din tid<span class=\"ez-toc-section-end\"><\/span><\/h2>\n\n\n\n<p class=\"wp-block-paragraph\">Den h\u00e4r \u00f6staten som betalar med euro \u00e4r visserligen pytteliten, men du hittar s\u00e5 m\u00e5nga sev\u00e4rdheter p\u00e5 den att du inte vet vart du ska hoppa f\u00f6rst. Direktflyget fr\u00e5n Stockholm tar bara n\u00e5gra timmar, s\u00e5 du \u00e4r snabbt p\u00e5 plats d\u00e4r du <strong>utan problem g\u00f6r dig f\u00f6rst\u00e5dd p\u00e5 engelska<\/strong>, och vi delar nu logiskt in den h\u00e4r \u00f6gruppen i eleganta Valletta, \u00f6ns lugna mitt, den historiska s\u00f6dern, pittoreska Comino, gr\u00f6nare Gozo och de b\u00e4sta str\u00e4nderna.<\/p>\n\n\n\n<p class=\"wp-block-paragraph\">En enorm f\u00f6rdel med Malta \u00e4r att du utan problem <strong>kan bo p\u00e5 en och samma plats<\/strong> och bekv\u00e4mt ta dig till alla sev\u00e4rdheter d\u00e4rifr\u00e5n med bolaget Tallinjas gulgr\u00f6na bussar. Packa bara med dig en brittisk adapter med tre stift till uttag av typ G, och kom ih\u00e5g att man k\u00f6r p\u00e5 v\u00e4nster sida av v\u00e4gen h\u00e4r. S\u00e5 om du funderar p\u00e5 <a href=\"https:\/\/loudavymkrokem.cz\/sv\/semester-i-september-resmaal\/\">vart du ska \u00e5ka p\u00e5 semester i september<\/a> \u00e4r den h\u00e4r europeiska biten av Medelhavet helt enkelt ett fantastiskt val.<\/p>\n\n\n\n<h3 id=\"1_Valletta_EU_s_minsta_huvudstad\" class=\"wp-block-heading\"><span class=\"ez-toc-section\" id=\"1_Valletta_EU_s_minsta_huvudstad\"><\/span>1. Valletta: EU:s minsta huvudstad<span class=\"ez-toc-section-end\"><\/span><\/h3>\n\n\n\n<p class=\"wp-block-paragraph\">Valletta b\u00e4r titeln som EU:s minsta huvudstad och \u00e4r i sin helhet v\u00e4lf\u00f6rtj\u00e4nt inskriven p\u00e5 UNESCO:s v\u00e4rldsarvslista. Den h\u00e4r otroligt fotogeniska platsen byggdes av Johanniterriddarna direkt efter Stora bel\u00e4gringen \u00e5r 1565, s\u00e5 h\u00e4r kan du idag beundra en <strong>strikt geometrisk rutn\u00e4tsplan<\/strong> som naturligt kompletteras av typiska barockbalkonger i alla t\u00e4nkbara f\u00e4rger.<\/p>\n\n\n\n<figure data-wp-context=\"{&quot;imageId&quot;:&quot;6a9c4bcb6b18e&quot;}\" data-wp-interactive=\"core\/image\" data-wp-key=\"6a9c4bcb6b18e\" class=\"wp-block-image size-full wp-lightbox-container\"><img decoding=\"async\" width=\"1500\" height=\"1000\" data-wp-class--hide=\"state.isContentHidden\" data-wp-class--show=\"state.isContentVisible\" data-wp-init=\"callbacks.setButtonStyles\" data-wp-on--click=\"actions.showLightbox\" data-wp-on--load=\"callbacks.setButtonStyles\" data-wp-on--pointerdown=\"actions.preloadImage\" data-wp-on--pointerenter=\"actions.preloadImageWithDelay\" data-wp-on--pointerleave=\"actions.cancelPreload\" data-wp-on-window--resize=\"callbacks.setButtonStyles\" src=\"https:\/\/loudavymkrokem.cz\/wp-content\/uploads\/2026\/08\/dovolena-malta-t01.jpg\" alt=\"Huvudgatan i Valletta\" class=\"wp-image-399641\" title=\"\" srcset=\"https:\/\/loudavymkrokem.cz\/wp-content\/uploads\/2026\/08\/dovolena-malta-t01.jpg 1500w, https:\/\/loudavymkrokem.cz\/wp-content\/uploads\/2026\/08\/dovolena-malta-t01-300x200.jpg 300w, https:\/\/loudavymkrokem.cz\/wp-content\/uploads\/2026\/08\/dovolena-malta-t01-700x467.jpg 700w, https:\/\/loudavymkrokem.cz\/wp-content\/uploads\/2026\/08\/dovolena-malta-t01-768x512.jpg 768w, https:\/\/loudavymkrokem.cz\/wp-content\/uploads\/2026\/08\/dovolena-malta-t01-696x464.jpg 696w, https:\/\/loudavymkrokem.cz\/wp-content\/uploads\/2026\/08\/dovolena-malta-t01-1392x928.jpg 1392w\" sizes=\"(max-width: 1500px) 100vw, 1500px\" \/><button\n\t\t\tclass=\"lightbox-trigger\"\n\t\t\ttype=\"button\"\n\t\t\taria-haspopup=\"dialog\"\n\t\t\tdata-wp-bind--aria-label=\"state.thisImage.triggerButtonAriaLabel\"\n\t\t\tdata-wp-init=\"callbacks.initTriggerButton\"\n\t\t\tdata-wp-on--click=\"actions.showLightbox\"\n\t\t\tdata-wp-style--right=\"state.thisImage.buttonRight\"\n\t\t\tdata-wp-style--top=\"state.thisImage.buttonTop\"\n\t\t>\n\t\t\t<svg xmlns=\"http:\/\/www.w3.org\/2000\/svg\" width=\"12\" height=\"12\" fill=\"none\" viewBox=\"0 0 12 12\">\n\t\t\t\t<path fill=\"#fff\" d=\"M2 0a2 2 0 0 0-2 2v2h1.5V2a.5.5 0 0 1 .5-.5h2V0H2Zm2 10.5H2a.5.5 0 0 1-.5-.5V8H0v2a2 2 0 0 0 2 2h2v-1.5ZM8 12v-1.5h2a.5.5 0 0 0 .5-.5V8H12v2a2 2 0 0 1-2 2H8Zm2-12a2 2 0 0 1 2 2v2h-1.5V2a.5.5 0 0 0-.5-.5H8V0h2Z\" \/>\n\t\t\t<\/svg>\n\t\t<\/button><figcaption class=\"wp-element-caption\">Huvudgatan i Valletta (Foto: Txllxt TxllxT \/ Wikimedia Commons, CC BY-SA 4.0)<\/figcaption><\/figure>\n\n\n\n<p class=\"wp-block-paragraph\">Om du vill undvika folkmassorna rekommenderar lokalborna att du kommer till huvudgatan Republic Street antingen tidigt p\u00e5 morgonen eller tv\u00e4rtom f\u00f6rst efter klockan fyra p\u00e5 eftermiddagen. Under dagen fylls n\u00e4mligen <strong>staden vanligtvis av utflyktsresen\u00e4rer fr\u00e5n stora kryssningsfartyg<\/strong>, vilket kan f\u00f6rst\u00f6ra helhetsintrycket lite, s\u00e5 d\u00e5 njuter du hellre i lugn och ro av de lokala kaf\u00e9erna med betydligt trevligare atmosf\u00e4r \u263a\ufe0f.<\/p>\n\n\n\n<h3 id=\"2_St_Johns_konkatedral_barock_som_tar_andan_ur_dig\" class=\"wp-block-heading\"><span class=\"ez-toc-section\" id=\"2_St_Johns_konkatedral_barock_som_tar_andan_ur_dig\"><\/span>2. St. Johns konkatedral: barock som tar andan ur dig<span class=\"ez-toc-section-end\"><\/span><\/h3>\n\n\n\n<p class=\"wp-block-paragraph\">Vid f\u00f6rsta anblicken verkar den h\u00e4r byggnaden utifr\u00e5n som en ganska kal f\u00e4stning, men s\u00e5 fort du kliver in v\u00e4ntar dig bokstavligen en <strong>gyllene barockexplosion<\/strong>. Resen\u00e4rer \u00e4r eniga om att det \u00e4r en av de vackraste kyrkorna i Europa, d\u00e4r golvet best\u00e5r av n\u00e4stan fyrahundra vackert dekorerade gravstenar i marmor efter Johanniterriddarna som du promenerar \u00f6ver.<\/p>\n\n\n\n<figure data-wp-context=\"{&quot;imageId&quot;:&quot;6a9c4bcb6b7e3&quot;}\" data-wp-interactive=\"core\/image\" data-wp-key=\"6a9c4bcb6b7e3\" class=\"wp-block-image size-full wp-lightbox-container\"><img decoding=\"async\" width=\"1500\" height=\"890\" data-wp-class--hide=\"state.isContentHidden\" data-wp-class--show=\"state.isContentVisible\" data-wp-init=\"callbacks.setButtonStyles\" data-wp-on--click=\"actions.showLightbox\" data-wp-on--load=\"callbacks.setButtonStyles\" data-wp-on--pointerdown=\"actions.preloadImage\" data-wp-on--pointerenter=\"actions.preloadImageWithDelay\" data-wp-on--pointerleave=\"actions.cancelPreload\" data-wp-on-window--resize=\"callbacks.setButtonStyles\" src=\"https:\/\/loudavymkrokem.cz\/wp-content\/uploads\/2026\/08\/dovolena-malta-t02.jpg\" alt=\"Det gyllene interi\u00f6ren i St. Johns konkatedral\" class=\"wp-image-399647\" title=\"\" srcset=\"https:\/\/loudavymkrokem.cz\/wp-content\/uploads\/2026\/08\/dovolena-malta-t02.jpg 1500w, https:\/\/loudavymkrokem.cz\/wp-content\/uploads\/2026\/08\/dovolena-malta-t02-300x178.jpg 300w, https:\/\/loudavymkrokem.cz\/wp-content\/uploads\/2026\/08\/dovolena-malta-t02-700x415.jpg 700w, https:\/\/loudavymkrokem.cz\/wp-content\/uploads\/2026\/08\/dovolena-malta-t02-768x456.jpg 768w, https:\/\/loudavymkrokem.cz\/wp-content\/uploads\/2026\/08\/dovolena-malta-t02-696x413.jpg 696w, https:\/\/loudavymkrokem.cz\/wp-content\/uploads\/2026\/08\/dovolena-malta-t02-1392x826.jpg 1392w\" sizes=\"(max-width: 1500px) 100vw, 1500px\" \/><button\n\t\t\tclass=\"lightbox-trigger\"\n\t\t\ttype=\"button\"\n\t\t\taria-haspopup=\"dialog\"\n\t\t\tdata-wp-bind--aria-label=\"state.thisImage.triggerButtonAriaLabel\"\n\t\t\tdata-wp-init=\"callbacks.initTriggerButton\"\n\t\t\tdata-wp-on--click=\"actions.showLightbox\"\n\t\t\tdata-wp-style--right=\"state.thisImage.buttonRight\"\n\t\t\tdata-wp-style--top=\"state.thisImage.buttonTop\"\n\t\t>\n\t\t\t<svg xmlns=\"http:\/\/www.w3.org\/2000\/svg\" width=\"12\" height=\"12\" fill=\"none\" viewBox=\"0 0 12 12\">\n\t\t\t\t<path fill=\"#fff\" d=\"M2 0a2 2 0 0 0-2 2v2h1.5V2a.5.5 0 0 1 .5-.5h2V0H2Zm2 10.5H2a.5.5 0 0 1-.5-.5V8H0v2a2 2 0 0 0 2 2h2v-1.5ZM8 12v-1.5h2a.5.5 0 0 0 .5-.5V8H12v2a2 2 0 0 1-2 2H8Zm2-12a2 2 0 0 1 2 2v2h-1.5V2a.5.5 0 0 0-.5-.5H8V0h2Z\" \/>\n\t\t\t<\/svg>\n\t\t<\/button><figcaption class=\"wp-element-caption\">Det gyllene interi\u00f6ren i St. Johns konkatedral (Foto: Mike McBey \/ Wikimedia Commons, CC BY 2.0)<\/figcaption><\/figure>\n\n\n\n<p class=\"wp-block-paragraph\">Det tas visserligen intr\u00e4de h\u00e4r, men rundvandringen \u00e4r definitivt v\u00e4rd pengarna, s\u00e4rskilt n\u00e4r du t\u00e4nker p\u00e5 att det inne h\u00e4nger tv\u00e5 ber\u00f6mda m\u00e5lningar av Caravaggio. Den mest v\u00e4rdefulla pj\u00e4sen \u00e4r naturligtvis den <strong>monumentala m\u00e5lningen Johannes D\u00f6parens halshuggning<\/strong>, som f\u00f6r \u00f6vrigt \u00e4r den enda m\u00e5lning den h\u00e4r ber\u00f6mda italienska konstn\u00e4ren n\u00e5gonsin personligen signerat, och den kan du se med egna \u00f6gon.<\/p>\n\n\n\n<h3 id=\"3_Upper_Barrakka_Gardens_och_middagssalvan\" class=\"wp-block-heading\"><span class=\"ez-toc-section\" id=\"3_Upper_Barrakka_Gardens_och_middagssalvan\"><\/span>3. Upper Barrakka Gardens och middagssalvan<span class=\"ez-toc-section-end\"><\/span><\/h3>\n\n\n\n<p class=\"wp-block-paragraph\">Om du letar efter den absolut b\u00e4sta platsen f\u00f6r foton m\u00e5ste du titta in i de h\u00e4r underbara tr\u00e4dg\u00e5rdarna, varifr\u00e5n det \u00f6ppnar sig en <strong>spektakul\u00e4r utsikt \u00f6ver hela Grand Harbour<\/strong> och de motst\u00e5ende Tre st\u00e4derna. Tr\u00e4dg\u00e5rdarna tj\u00e4nade ursprungligen bara privata \u00e4ndam\u00e5l f\u00f6r de italienska riddarna, men idag kan du vila vid en font\u00e4n och tryggt s\u00f6ka skydd fr\u00e5n den br\u00e4nnande sommarsolen under dekorerade arkader.<\/p>\n\n\n\n<figure data-wp-context=\"{&quot;imageId&quot;:&quot;6a9c4bcb6bd55&quot;}\" data-wp-interactive=\"core\/image\" data-wp-key=\"6a9c4bcb6bd55\" class=\"wp-block-image size-full wp-lightbox-container\"><img decoding=\"async\" width=\"1500\" height=\"1000\" data-wp-class--hide=\"state.isContentHidden\" data-wp-class--show=\"state.isContentVisible\" data-wp-init=\"callbacks.setButtonStyles\" data-wp-on--click=\"actions.showLightbox\" data-wp-on--load=\"callbacks.setButtonStyles\" data-wp-on--pointerdown=\"actions.preloadImage\" data-wp-on--pointerenter=\"actions.preloadImageWithDelay\" data-wp-on--pointerleave=\"actions.cancelPreload\" data-wp-on-window--resize=\"callbacks.setButtonStyles\" src=\"https:\/\/loudavymkrokem.cz\/wp-content\/uploads\/2026\/08\/dovolena-malta-t03.jpg\" alt=\"Utsikt fr\u00e5n Upper Barrakka Gardens\" class=\"wp-image-399655\" title=\"\" srcset=\"https:\/\/loudavymkrokem.cz\/wp-content\/uploads\/2026\/08\/dovolena-malta-t03.jpg 1500w, https:\/\/loudavymkrokem.cz\/wp-content\/uploads\/2026\/08\/dovolena-malta-t03-300x200.jpg 300w, https:\/\/loudavymkrokem.cz\/wp-content\/uploads\/2026\/08\/dovolena-malta-t03-700x467.jpg 700w, https:\/\/loudavymkrokem.cz\/wp-content\/uploads\/2026\/08\/dovolena-malta-t03-768x512.jpg 768w, https:\/\/loudavymkrokem.cz\/wp-content\/uploads\/2026\/08\/dovolena-malta-t03-696x464.jpg 696w, https:\/\/loudavymkrokem.cz\/wp-content\/uploads\/2026\/08\/dovolena-malta-t03-1392x928.jpg 1392w\" sizes=\"(max-width: 1500px) 100vw, 1500px\" \/><button\n\t\t\tclass=\"lightbox-trigger\"\n\t\t\ttype=\"button\"\n\t\t\taria-haspopup=\"dialog\"\n\t\t\tdata-wp-bind--aria-label=\"state.thisImage.triggerButtonAriaLabel\"\n\t\t\tdata-wp-init=\"callbacks.initTriggerButton\"\n\t\t\tdata-wp-on--click=\"actions.showLightbox\"\n\t\t\tdata-wp-style--right=\"state.thisImage.buttonRight\"\n\t\t\tdata-wp-style--top=\"state.thisImage.buttonTop\"\n\t\t>\n\t\t\t<svg xmlns=\"http:\/\/www.w3.org\/2000\/svg\" width=\"12\" height=\"12\" fill=\"none\" viewBox=\"0 0 12 12\">\n\t\t\t\t<path fill=\"#fff\" d=\"M2 0a2 2 0 0 0-2 2v2h1.5V2a.5.5 0 0 1 .5-.5h2V0H2Zm2 10.5H2a.5.5 0 0 1-.5-.5V8H0v2a2 2 0 0 0 2 2h2v-1.5ZM8 12v-1.5h2a.5.5 0 0 0 .5-.5V8H12v2a2 2 0 0 1-2 2H8Zm2-12a2 2 0 0 1 2 2v2h-1.5V2a.5.5 0 0 0-.5-.5H8V0h2Z\" \/>\n\t\t\t<\/svg>\n\t\t<\/button><figcaption class=\"wp-element-caption\">Utsikt fr\u00e5n Upper Barrakka Gardens (Foto: This photo was taken by Anton Zelenov.\nPlease credit this wi \/ Wikimedia Commons, CC BY-SA 4.0)<\/figcaption><\/figure>\n\n\n\n<p class=\"wp-block-paragraph\">Ett praktiskt tips \u00e4r att planera bes\u00f6ket exakt till klockan tolv eller till klockan fyra p\u00e5 eftermiddagen, d\u00e5 den traditionella kanonsalvan utspelar sig en v\u00e5ning ner p\u00e5 terrassen Saluting Battery. Det \u00e4r en ganska h\u00f6gljudd men <strong>mycket omtyckt historisk uppvisning<\/strong>, som genast tar dig ett par \u00e5rhundraden tillbaka i tiden till den h\u00e4r lilla \u00f6ns or\u00e4dda f\u00f6rsvarare.<\/p>\n\n\n\n<h3 id=\"4_Grand_Harbour_naturhamnen_som_andrade_historien\" class=\"wp-block-heading\"><span class=\"ez-toc-section\" id=\"4_Grand_Harbour_naturhamnen_som_andrade_historien\"><\/span>4. Grand Harbour: naturhamnen som \u00e4ndrade historien<span class=\"ez-toc-section-end\"><\/span><\/h3>\n\n\n\n<p class=\"wp-block-paragraph\">Den h\u00e4r enorma naturhamnen formade hela Medelhavets historia och r\u00e4knas enligt m\u00e5nga reseguider till de mest imponerande i v\u00e4rlden. M\u00e4ktiga bastioner och f\u00f6rsvarsmurar st\u00e5r h\u00e4r som stumma vittnen till dramatiska h\u00e4ndelser, och hamnen spelade en s\u00e4rskilt avg\u00f6rande roll under andra v\u00e4rldskriget, f\u00f6r vilket hela Malta fick det <strong>ber\u00f6mda Georgskorset f\u00f6r tapperhet<\/strong> av den brittiske kungen.<\/p>\n\n\n\n<figure data-wp-context=\"{&quot;imageId&quot;:&quot;6a9c4bcb6c2f6&quot;}\" data-wp-interactive=\"core\/image\" data-wp-key=\"6a9c4bcb6c2f6\" class=\"wp-block-image size-full wp-lightbox-container\"><img decoding=\"async\" width=\"1500\" height=\"1125\" data-wp-class--hide=\"state.isContentHidden\" data-wp-class--show=\"state.isContentVisible\" data-wp-init=\"callbacks.setButtonStyles\" data-wp-on--click=\"actions.showLightbox\" data-wp-on--load=\"callbacks.setButtonStyles\" data-wp-on--pointerdown=\"actions.preloadImage\" data-wp-on--pointerenter=\"actions.preloadImageWithDelay\" data-wp-on--pointerleave=\"actions.cancelPreload\" data-wp-on-window--resize=\"callbacks.setButtonStyles\" src=\"https:\/\/loudavymkrokem.cz\/wp-content\/uploads\/2026\/08\/dovolena-malta-t04.jpg\" alt=\"Grand Harbour p\u00e5 Malta\" class=\"wp-image-399663\" title=\"\" srcset=\"https:\/\/loudavymkrokem.cz\/wp-content\/uploads\/2026\/08\/dovolena-malta-t04.jpg 1500w, https:\/\/loudavymkrokem.cz\/wp-content\/uploads\/2026\/08\/dovolena-malta-t04-300x225.jpg 300w, https:\/\/loudavymkrokem.cz\/wp-content\/uploads\/2026\/08\/dovolena-malta-t04-700x525.jpg 700w, https:\/\/loudavymkrokem.cz\/wp-content\/uploads\/2026\/08\/dovolena-malta-t04-768x576.jpg 768w, https:\/\/loudavymkrokem.cz\/wp-content\/uploads\/2026\/08\/dovolena-malta-t04-80x60.jpg 80w, https:\/\/loudavymkrokem.cz\/wp-content\/uploads\/2026\/08\/dovolena-malta-t04-160x120.jpg 160w, https:\/\/loudavymkrokem.cz\/wp-content\/uploads\/2026\/08\/dovolena-malta-t04-696x522.jpg 696w, https:\/\/loudavymkrokem.cz\/wp-content\/uploads\/2026\/08\/dovolena-malta-t04-1392x1044.jpg 1392w\" sizes=\"(max-width: 1500px) 100vw, 1500px\" \/><button\n\t\t\tclass=\"lightbox-trigger\"\n\t\t\ttype=\"button\"\n\t\t\taria-haspopup=\"dialog\"\n\t\t\tdata-wp-bind--aria-label=\"state.thisImage.triggerButtonAriaLabel\"\n\t\t\tdata-wp-init=\"callbacks.initTriggerButton\"\n\t\t\tdata-wp-on--click=\"actions.showLightbox\"\n\t\t\tdata-wp-style--right=\"state.thisImage.buttonRight\"\n\t\t\tdata-wp-style--top=\"state.thisImage.buttonTop\"\n\t\t>\n\t\t\t<svg xmlns=\"http:\/\/www.w3.org\/2000\/svg\" width=\"12\" height=\"12\" fill=\"none\" viewBox=\"0 0 12 12\">\n\t\t\t\t<path fill=\"#fff\" d=\"M2 0a2 2 0 0 0-2 2v2h1.5V2a.5.5 0 0 1 .5-.5h2V0H2Zm2 10.5H2a.5.5 0 0 1-.5-.5V8H0v2a2 2 0 0 0 2 2h2v-1.5ZM8 12v-1.5h2a.5.5 0 0 0 .5-.5V8H12v2a2 2 0 0 1-2 2H8Zm2-12a2 2 0 0 1 2 2v2h-1.5V2a.5.5 0 0 0-.5-.5H8V0h2Z\" \/>\n\t\t\t<\/svg>\n\t\t<\/button><figcaption class=\"wp-element-caption\">Grand Harbour p\u00e5 Malta (Foto: Pacopac \/ Wikimedia Commons, CC BY-SA 4.0)<\/figcaption><\/figure>\n\n\n\n<p class=\"wp-block-paragraph\">Allra b\u00e4st f\u00f6rst\u00e5r du bef\u00e4stningens v\u00e4ldighet direkt fr\u00e5n vattenytan, s\u00e5 det l\u00f6nar sig verkligen att ge sig ut p\u00e5 en organiserad utsiktstur med b\u00e5t. Biljetterna kan du k\u00f6pa direkt p\u00e5 kajen i Valletta, och fr\u00e5n b\u00e5td\u00e4cket f\u00e5r du ett helt annat och mycket intressantare perspektiv p\u00e5 de <strong>h\u00f6ga murarna och de historiska f\u00e4stningarna<\/strong> \u00e4n fr\u00e5n land.<\/p>\n\n\n\n<h3 id=\"5_De_tre_staderna_Vittoriosa_Senglea_och_Cospicua\" class=\"wp-block-heading\"><span class=\"ez-toc-section\" id=\"5_De_tre_staderna_Vittoriosa_Senglea_och_Cospicua\"><\/span>5. De tre st\u00e4derna: Vittoriosa, Senglea och Cospicua<span class=\"ez-toc-section-end\"><\/span><\/h3>\n\n\n\n<p class=\"wp-block-paragraph\">Precis mittemot huvudstaden ligger Vittoriosa, Senglea och Cospicua, historiska sm\u00e5st\u00e4der d\u00e4r du enligt uppgift hittar en <strong>mycket mer autentisk atmosf\u00e4r<\/strong> \u00e4n i sj\u00e4lva Valletta. Hit kommer betydligt f\u00e4rre turister, s\u00e5 du kan i lugn och ro njuta av str\u00f6vt\u00e5g i smala gr\u00e4nder, beundra lyxiga yachter i marinan och utforska den majest\u00e4tiska f\u00e4stningen Fort St Angelo.<\/p>\n\n\n\n<figure data-wp-context=\"{&quot;imageId&quot;:&quot;6a9c4bcb6c90e&quot;}\" data-wp-interactive=\"core\/image\" data-wp-key=\"6a9c4bcb6c90e\" class=\"wp-block-image size-full wp-lightbox-container\"><img decoding=\"async\" width=\"1500\" height=\"887\" data-wp-class--hide=\"state.isContentHidden\" data-wp-class--show=\"state.isContentVisible\" data-wp-init=\"callbacks.setButtonStyles\" data-wp-on--click=\"actions.showLightbox\" data-wp-on--load=\"callbacks.setButtonStyles\" data-wp-on--pointerdown=\"actions.preloadImage\" data-wp-on--pointerenter=\"actions.preloadImageWithDelay\" data-wp-on--pointerleave=\"actions.cancelPreload\" data-wp-on-window--resize=\"callbacks.setButtonStyles\" src=\"https:\/\/loudavymkrokem.cz\/wp-content\/uploads\/2026\/08\/dovolena-malta-t05.jpg\" alt=\"Vittoriosa och Fort St Angelo vid Grand Harbour\" class=\"wp-image-399744\" title=\"\" srcset=\"https:\/\/loudavymkrokem.cz\/wp-content\/uploads\/2026\/08\/dovolena-malta-t05.jpg 1500w, https:\/\/loudavymkrokem.cz\/wp-content\/uploads\/2026\/08\/dovolena-malta-t05-300x177.jpg 300w, https:\/\/loudavymkrokem.cz\/wp-content\/uploads\/2026\/08\/dovolena-malta-t05-700x414.jpg 700w, https:\/\/loudavymkrokem.cz\/wp-content\/uploads\/2026\/08\/dovolena-malta-t05-768x454.jpg 768w, https:\/\/loudavymkrokem.cz\/wp-content\/uploads\/2026\/08\/dovolena-malta-t05-696x412.jpg 696w, https:\/\/loudavymkrokem.cz\/wp-content\/uploads\/2026\/08\/dovolena-malta-t05-1392x823.jpg 1392w\" sizes=\"(max-width: 1500px) 100vw, 1500px\" \/><button\n\t\t\tclass=\"lightbox-trigger\"\n\t\t\ttype=\"button\"\n\t\t\taria-haspopup=\"dialog\"\n\t\t\tdata-wp-bind--aria-label=\"state.thisImage.triggerButtonAriaLabel\"\n\t\t\tdata-wp-init=\"callbacks.initTriggerButton\"\n\t\t\tdata-wp-on--click=\"actions.showLightbox\"\n\t\t\tdata-wp-style--right=\"state.thisImage.buttonRight\"\n\t\t\tdata-wp-style--top=\"state.thisImage.buttonTop\"\n\t\t>\n\t\t\t<svg xmlns=\"http:\/\/www.w3.org\/2000\/svg\" width=\"12\" height=\"12\" fill=\"none\" viewBox=\"0 0 12 12\">\n\t\t\t\t<path fill=\"#fff\" d=\"M2 0a2 2 0 0 0-2 2v2h1.5V2a.5.5 0 0 1 .5-.5h2V0H2Zm2 10.5H2a.5.5 0 0 1-.5-.5V8H0v2a2 2 0 0 0 2 2h2v-1.5ZM8 12v-1.5h2a.5.5 0 0 0 .5-.5V8H12v2a2 2 0 0 1-2 2H8Zm2-12a2 2 0 0 1 2 2v2h-1.5V2a.5.5 0 0 0-.5-.5H8V0h2Z\" \/>\n\t\t\t<\/svg>\n\t\t<\/button><figcaption class=\"wp-element-caption\">Vittoriosa och Fort St Angelo vid Grand Harbour (Foto: Karelj \/ Wikimedia Commons, CC BY-SA 3.0)<\/figcaption><\/figure>\n\n\n\n<p class=\"wp-block-paragraph\">Resen\u00e4rer rekommenderar att inte ta bussen fr\u00e5n Valletta, utan att hellre l\u00e5ta sig f\u00e4rjas \u00f6ver till den motst\u00e5ende stranden med en traditionell tr\u00e4b\u00e5t som kallas dg\u0127ajsa. F\u00e4rden tar bara n\u00e5gra minuter och kostar oftast runt tv\u00e5 euro, allts\u00e5 cirka 25 kr. Se bara till att teckna en bra <a href=\"https:\/\/loudavymkrokem.cz\/jak-vybrat-cestovni-pojisteni-na-dovolenou\/\">resef\u00f6rs\u00e4kring<\/a>, eftersom det handlar om sm\u00e5 farkoster och s\u00e4kerheten alltid kommer i f\u00f6rsta hand.<\/p>\n\n\n\n<h3 id=\"6_Sliema_och_St_Julians_promenad_shopping_och_nattliv\" class=\"wp-block-heading\"><span class=\"ez-toc-section\" id=\"6_Sliema_och_St_Julians_strandpromenad_shopping_och_nattliv\"><\/span>6. Sliema och St Julian&#8217;s: strandpromenad, shopping och nattliv<span class=\"ez-toc-section-end\"><\/span><\/h3>\n\n\n\n<p class=\"wp-block-paragraph\">Om du l\u00e4ngtar efter modernt stadsliv, k\u00f6pcentrum och en bred strandpromenad kommer de h\u00e4r tv\u00e5 sammanl\u00e4nkade kvarteren definitivt inte att g\u00f6ra dig besviken. Medan den pittoreska viken Spinola Bay \u00e4r full av fotogeniska f\u00e4rgglada b\u00e5tar erbjuder strandpromenaden enligt uppgift <strong>idealiska f\u00f6rh\u00e5llanden f\u00f6r kv\u00e4llspromenader<\/strong> och popul\u00e4rt bad direkt fr\u00e5n betongbryggor och klippor.<\/p>\n\n\n\n<figure data-wp-context=\"{&quot;imageId&quot;:&quot;6a9c4bcb6cfc4&quot;}\" data-wp-interactive=\"core\/image\" data-wp-key=\"6a9c4bcb6cfc4\" class=\"wp-block-image size-full wp-lightbox-container\"><img decoding=\"async\" width=\"1500\" height=\"999\" data-wp-class--hide=\"state.isContentHidden\" data-wp-class--show=\"state.isContentVisible\" data-wp-init=\"callbacks.setButtonStyles\" data-wp-on--click=\"actions.showLightbox\" data-wp-on--load=\"callbacks.setButtonStyles\" data-wp-on--pointerdown=\"actions.preloadImage\" data-wp-on--pointerenter=\"actions.preloadImageWithDelay\" data-wp-on--pointerleave=\"actions.cancelPreload\" data-wp-on-window--resize=\"callbacks.setButtonStyles\" src=\"https:\/\/loudavymkrokem.cz\/wp-content\/uploads\/2026\/08\/dovolena-malta-t06.jpg\" alt=\"Spinola Bay i St Julian&#039;s\" class=\"wp-image-399672\" title=\"\" srcset=\"https:\/\/loudavymkrokem.cz\/wp-content\/uploads\/2026\/08\/dovolena-malta-t06.jpg 1500w, https:\/\/loudavymkrokem.cz\/wp-content\/uploads\/2026\/08\/dovolena-malta-t06-300x200.jpg 300w, https:\/\/loudavymkrokem.cz\/wp-content\/uploads\/2026\/08\/dovolena-malta-t06-700x466.jpg 700w, https:\/\/loudavymkrokem.cz\/wp-content\/uploads\/2026\/08\/dovolena-malta-t06-768x511.jpg 768w, https:\/\/loudavymkrokem.cz\/wp-content\/uploads\/2026\/08\/dovolena-malta-t06-696x464.jpg 696w, https:\/\/loudavymkrokem.cz\/wp-content\/uploads\/2026\/08\/dovolena-malta-t06-1392x927.jpg 1392w\" sizes=\"(max-width: 1500px) 100vw, 1500px\" \/><button\n\t\t\tclass=\"lightbox-trigger\"\n\t\t\ttype=\"button\"\n\t\t\taria-haspopup=\"dialog\"\n\t\t\tdata-wp-bind--aria-label=\"state.thisImage.triggerButtonAriaLabel\"\n\t\t\tdata-wp-init=\"callbacks.initTriggerButton\"\n\t\t\tdata-wp-on--click=\"actions.showLightbox\"\n\t\t\tdata-wp-style--right=\"state.thisImage.buttonRight\"\n\t\t\tdata-wp-style--top=\"state.thisImage.buttonTop\"\n\t\t>\n\t\t\t<svg xmlns=\"http:\/\/www.w3.org\/2000\/svg\" width=\"12\" height=\"12\" fill=\"none\" viewBox=\"0 0 12 12\">\n\t\t\t\t<path fill=\"#fff\" d=\"M2 0a2 2 0 0 0-2 2v2h1.5V2a.5.5 0 0 1 .5-.5h2V0H2Zm2 10.5H2a.5.5 0 0 1-.5-.5V8H0v2a2 2 0 0 0 2 2h2v-1.5ZM8 12v-1.5h2a.5.5 0 0 0 .5-.5V8H12v2a2 2 0 0 1-2 2H8Zm2-12a2 2 0 0 1 2 2v2h-1.5V2a.5.5 0 0 0-.5-.5H8V0h2Z\" \/>\n\t\t\t<\/svg>\n\t\t<\/button><figcaption class=\"wp-element-caption\">Spinola Bay i St Julian&#8217;s (Foto: This photo was taken by Anton Zelenov.\nPlease credit this wi \/ Wikimedia Commons, CC BY-SA 4.0)<\/figcaption><\/figure>\n\n\n\n<p class=\"wp-block-paragraph\">Resen\u00e4rer varnar dock f\u00f6r omr\u00e5det Paceville i kvarteret St Julian&#8217;s, som fungerar som en enda enorm och mycket bullrig partyzon. Om du just nu inte letar efter vilda nattklubbar och billiga barer fulla av studenter fr\u00e5n spr\u00e5kskolor, <strong>g\u00f6r hellre en stor omv\u00e4g runt den h\u00e4r platsen p\u00e5 natten<\/strong> och bo i en lugnare del av \u00f6n \ud83d\ude05.<\/p>\n\n\n\n<h3 id=\"7_Mdina_den_tysta_staden_bakom_murarna\" class=\"wp-block-heading\"><span class=\"ez-toc-section\" id=\"7_Mdina_den_tysta_staden_bakom_murarna\"><\/span>7. Mdina: den tysta staden bakom murarna<span class=\"ez-toc-section-end\"><\/span><\/h3>\n\n\n\n<p class=\"wp-block-paragraph\">Den forna huvudstaden ligger tryggt g\u00f6md bakom h\u00f6ga murar i \u00f6ns mitt, och tack vare sin unika atmosf\u00e4r kallas den helt r\u00e4ttm\u00e4tigt f\u00f6r den Tysta staden. Seriefans k\u00e4nner s\u00e4kert igen den majest\u00e4tiska huvudporten Mdina Gate, f\u00f6r h\u00e4r <strong>filmades scener f\u00f6r det ber\u00f6mda Game of Thrones<\/strong>, men alla bes\u00f6kare charmas garanterat av virrvarret av smala sandstensgr\u00e4nder.<\/p>\n\n\n\n<figure data-wp-context=\"{&quot;imageId&quot;:&quot;6a9c4bcb6d459&quot;}\" data-wp-interactive=\"core\/image\" data-wp-key=\"6a9c4bcb6d459\" class=\"wp-block-image size-full wp-lightbox-container\"><img decoding=\"async\" width=\"1500\" height=\"1125\" data-wp-class--hide=\"state.isContentHidden\" data-wp-class--show=\"state.isContentVisible\" data-wp-init=\"callbacks.setButtonStyles\" data-wp-on--click=\"actions.showLightbox\" data-wp-on--load=\"callbacks.setButtonStyles\" data-wp-on--pointerdown=\"actions.preloadImage\" data-wp-on--pointerenter=\"actions.preloadImageWithDelay\" data-wp-on--pointerleave=\"actions.cancelPreload\" data-wp-on-window--resize=\"callbacks.setButtonStyles\" src=\"https:\/\/loudavymkrokem.cz\/wp-content\/uploads\/2026\/08\/dovolena-malta-t07.jpg\" alt=\"Porten till Mdina, den Tysta staden\" class=\"wp-image-399675\" title=\"\" srcset=\"https:\/\/loudavymkrokem.cz\/wp-content\/uploads\/2026\/08\/dovolena-malta-t07.jpg 1500w, https:\/\/loudavymkrokem.cz\/wp-content\/uploads\/2026\/08\/dovolena-malta-t07-300x225.jpg 300w, https:\/\/loudavymkrokem.cz\/wp-content\/uploads\/2026\/08\/dovolena-malta-t07-700x525.jpg 700w, https:\/\/loudavymkrokem.cz\/wp-content\/uploads\/2026\/08\/dovolena-malta-t07-768x576.jpg 768w, https:\/\/loudavymkrokem.cz\/wp-content\/uploads\/2026\/08\/dovolena-malta-t07-80x60.jpg 80w, https:\/\/loudavymkrokem.cz\/wp-content\/uploads\/2026\/08\/dovolena-malta-t07-160x120.jpg 160w, https:\/\/loudavymkrokem.cz\/wp-content\/uploads\/2026\/08\/dovolena-malta-t07-696x522.jpg 696w, https:\/\/loudavymkrokem.cz\/wp-content\/uploads\/2026\/08\/dovolena-malta-t07-1392x1044.jpg 1392w\" sizes=\"(max-width: 1500px) 100vw, 1500px\" \/><button\n\t\t\tclass=\"lightbox-trigger\"\n\t\t\ttype=\"button\"\n\t\t\taria-haspopup=\"dialog\"\n\t\t\tdata-wp-bind--aria-label=\"state.thisImage.triggerButtonAriaLabel\"\n\t\t\tdata-wp-init=\"callbacks.initTriggerButton\"\n\t\t\tdata-wp-on--click=\"actions.showLightbox\"\n\t\t\tdata-wp-style--right=\"state.thisImage.buttonRight\"\n\t\t\tdata-wp-style--top=\"state.thisImage.buttonTop\"\n\t\t>\n\t\t\t<svg xmlns=\"http:\/\/www.w3.org\/2000\/svg\" width=\"12\" height=\"12\" fill=\"none\" viewBox=\"0 0 12 12\">\n\t\t\t\t<path fill=\"#fff\" d=\"M2 0a2 2 0 0 0-2 2v2h1.5V2a.5.5 0 0 1 .5-.5h2V0H2Zm2 10.5H2a.5.5 0 0 1-.5-.5V8H0v2a2 2 0 0 0 2 2h2v-1.5ZM8 12v-1.5h2a.5.5 0 0 0 .5-.5V8H12v2a2 2 0 0 1-2 2H8Zm2-12a2 2 0 0 1 2 2v2h-1.5V2a.5.5 0 0 0-.5-.5H8V0h2Z\" \/>\n\t\t\t<\/svg>\n\t\t<\/button><figcaption class=\"wp-element-caption\">Porten till Mdina, den Tysta staden (Foto: Simontabone \/ Wikimedia Commons, CC BY-SA 4.0)<\/figcaption><\/figure>\n\n\n\n<p class=\"wp-block-paragraph\">Under dagen \u00e4r det ganska livligt innanf\u00f6r murarna, d\u00e4rf\u00f6r rekommenderas det att komma hit p\u00e5 rundvandring f\u00f6rst i skymningen, n\u00e4r de flesta organiserade utflykter \u00e5kt tillbaka mot havet. Efter m\u00f6rkrets inbrott f\u00f6rblir de historiska gatorna n\u00e4stan folktomma, lyktorna kastar l\u00e5nga skuggor och det \u00e4r enligt uppgift f\u00f6rst d\u00e5 som du <strong>till fullo f\u00f6rst\u00e5r varf\u00f6r Mdina verkligen f\u00f6rtj\u00e4nar sitt tysta namn<\/strong>.<\/p>\n\n\n\n<h3 id=\"8_Rabat_och_St_Pauls_katakomber\" class=\"wp-block-heading\"><span class=\"ez-toc-section\" id=\"8_Rabat_och_St_Pauls_katakomber\"><\/span>8. Rabat och St Pauls katakomber<span class=\"ez-toc-section-end\"><\/span><\/h3>\n\n\n\n<p class=\"wp-block-paragraph\">Precis utanf\u00f6r Mdinas murar tar den angr\u00e4nsande sm\u00e5staden Rabat naturligt vid, och under sina gator d\u00f6ljer den en <strong>fascinerande vidstr\u00e4ckt fornkristen underjordisk begravningsplats<\/strong>. Just h\u00e4r kan du tryggt utforska de m\u00f6rka katakomberna d\u00e4r man en g\u00e5ng begravde de d\u00f6da, och kika in i den v\u00f6rdade grottan efter St Paulus, d\u00e4r aposteln enligt uppgift vistades efter sitt p\u00e5st\u00e5dda skeppsbrott.<\/p>\n\n\n\n<figure data-wp-context=\"{&quot;imageId&quot;:&quot;6a9c4bcb6d89f&quot;}\" data-wp-interactive=\"core\/image\" data-wp-key=\"6a9c4bcb6d89f\" class=\"wp-block-image size-full wp-lightbox-container\"><img decoding=\"async\" width=\"1500\" height=\"1149\" data-wp-class--hide=\"state.isContentHidden\" data-wp-class--show=\"state.isContentVisible\" data-wp-init=\"callbacks.setButtonStyles\" data-wp-on--click=\"actions.showLightbox\" data-wp-on--load=\"callbacks.setButtonStyles\" data-wp-on--pointerdown=\"actions.preloadImage\" data-wp-on--pointerenter=\"actions.preloadImageWithDelay\" data-wp-on--pointerleave=\"actions.cancelPreload\" data-wp-on-window--resize=\"callbacks.setButtonStyles\" src=\"https:\/\/loudavymkrokem.cz\/wp-content\/uploads\/2026\/08\/dovolena-malta-t08.jpg\" alt=\"St Pauls katakomber i Rabat\" class=\"wp-image-399680\" title=\"\" srcset=\"https:\/\/loudavymkrokem.cz\/wp-content\/uploads\/2026\/08\/dovolena-malta-t08.jpg 1500w, https:\/\/loudavymkrokem.cz\/wp-content\/uploads\/2026\/08\/dovolena-malta-t08-300x230.jpg 300w, https:\/\/loudavymkrokem.cz\/wp-content\/uploads\/2026\/08\/dovolena-malta-t08-700x536.jpg 700w, https:\/\/loudavymkrokem.cz\/wp-content\/uploads\/2026\/08\/dovolena-malta-t08-768x588.jpg 768w, https:\/\/loudavymkrokem.cz\/wp-content\/uploads\/2026\/08\/dovolena-malta-t08-80x60.jpg 80w, https:\/\/loudavymkrokem.cz\/wp-content\/uploads\/2026\/08\/dovolena-malta-t08-696x533.jpg 696w, https:\/\/loudavymkrokem.cz\/wp-content\/uploads\/2026\/08\/dovolena-malta-t08-1392x1066.jpg 1392w\" sizes=\"(max-width: 1500px) 100vw, 1500px\" \/><button\n\t\t\tclass=\"lightbox-trigger\"\n\t\t\ttype=\"button\"\n\t\t\taria-haspopup=\"dialog\"\n\t\t\tdata-wp-bind--aria-label=\"state.thisImage.triggerButtonAriaLabel\"\n\t\t\tdata-wp-init=\"callbacks.initTriggerButton\"\n\t\t\tdata-wp-on--click=\"actions.showLightbox\"\n\t\t\tdata-wp-style--right=\"state.thisImage.buttonRight\"\n\t\t\tdata-wp-style--top=\"state.thisImage.buttonTop\"\n\t\t>\n\t\t\t<svg xmlns=\"http:\/\/www.w3.org\/2000\/svg\" width=\"12\" height=\"12\" fill=\"none\" viewBox=\"0 0 12 12\">\n\t\t\t\t<path fill=\"#fff\" d=\"M2 0a2 2 0 0 0-2 2v2h1.5V2a.5.5 0 0 1 .5-.5h2V0H2Zm2 10.5H2a.5.5 0 0 1-.5-.5V8H0v2a2 2 0 0 0 2 2h2v-1.5ZM8 12v-1.5h2a.5.5 0 0 0 .5-.5V8H12v2a2 2 0 0 1-2 2H8Zm2-12a2 2 0 0 1 2 2v2h-1.5V2a.5.5 0 0 0-.5-.5H8V0h2Z\" \/>\n\t\t\t<\/svg>\n\t\t<\/button><figcaption class=\"wp-element-caption\">St Pauls katakomber i Rabat (Foto: Diego Delso \/ Wikimedia Commons, CC BY-SA 4.0)<\/figcaption><\/figure>\n\n\n\n<p class=\"wp-block-paragraph\">Rundvandringen genom de sn\u00e5riga underjordiska g\u00e5ngarna tar minst en timme, och det \u00e4r bra att veta att det \u00e4r ganska svalt d\u00e4r nere, s\u00e5 en tunn tr\u00f6ja kommer v\u00e4l till pass. \u00d6ppettiderna b\u00f6r du hellre <strong>alltid kolla i f\u00f6rv\u00e4g p\u00e5 den officiella webbplatsen<\/strong>, eftersom de kan \u00e4ndras efter s\u00e4song, och vissa avsnitt \u00e4r inte helt l\u00e4ttillg\u00e4ngliga f\u00f6r personer med nedsatt r\u00f6rlighet.<\/p>\n\n\n\n<h3 id=\"9_Rotundan_i_Mosta_och_bombens_historia\" class=\"wp-block-heading\"><span class=\"ez-toc-section\" id=\"9_Rotundan_i_Mosta_och_bombens_historia\"><\/span>9. Rotundan i Mosta och bombens historia<span class=\"ez-toc-section-end\"><\/span><\/h3>\n\n\n\n<p class=\"wp-block-paragraph\">Den monumentala kyrkan i sm\u00e5staden Mosta stoltserar med en av de st\u00f6rsta frist\u00e5ende kupolerna i hela Europa och bildar redan p\u00e5 l\u00e5ngt h\u00e5ll ett i\u00f6gonfallande landm\u00e4rke f\u00f6r hela \u00f6n. Men det handlar inte bara om den imponerande arkitekturen, f\u00f6r till den h\u00e4r platsen knyts en <strong>n\u00e4stan otrolig historia fr\u00e5n andra v\u00e4rldskriget<\/strong>, som har gjort den till en av de mest eftertraktade platserna p\u00e5 Malta.<\/p>\n\n\n\n<figure data-wp-context=\"{&quot;imageId&quot;:&quot;6a9c4bcb6de78&quot;}\" data-wp-interactive=\"core\/image\" data-wp-key=\"6a9c4bcb6de78\" class=\"wp-block-image size-full wp-lightbox-container\"><img decoding=\"async\" width=\"1500\" height=\"998\" data-wp-class--hide=\"state.isContentHidden\" data-wp-class--show=\"state.isContentVisible\" data-wp-init=\"callbacks.setButtonStyles\" data-wp-on--click=\"actions.showLightbox\" data-wp-on--load=\"callbacks.setButtonStyles\" data-wp-on--pointerdown=\"actions.preloadImage\" data-wp-on--pointerenter=\"actions.preloadImageWithDelay\" data-wp-on--pointerleave=\"actions.cancelPreload\" data-wp-on-window--resize=\"callbacks.setButtonStyles\" src=\"https:\/\/loudavymkrokem.cz\/wp-content\/uploads\/2026\/08\/dovolena-malta-t09.jpg\" alt=\"Rotundan i Mosta med den enorma kupolen\" class=\"wp-image-399687\" title=\"\" srcset=\"https:\/\/loudavymkrokem.cz\/wp-content\/uploads\/2026\/08\/dovolena-malta-t09.jpg 1500w, https:\/\/loudavymkrokem.cz\/wp-content\/uploads\/2026\/08\/dovolena-malta-t09-300x200.jpg 300w, https:\/\/loudavymkrokem.cz\/wp-content\/uploads\/2026\/08\/dovolena-malta-t09-700x466.jpg 700w, https:\/\/loudavymkrokem.cz\/wp-content\/uploads\/2026\/08\/dovolena-malta-t09-768x511.jpg 768w, https:\/\/loudavymkrokem.cz\/wp-content\/uploads\/2026\/08\/dovolena-malta-t09-696x463.jpg 696w, https:\/\/loudavymkrokem.cz\/wp-content\/uploads\/2026\/08\/dovolena-malta-t09-1392x926.jpg 1392w\" sizes=\"(max-width: 1500px) 100vw, 1500px\" \/><button\n\t\t\tclass=\"lightbox-trigger\"\n\t\t\ttype=\"button\"\n\t\t\taria-haspopup=\"dialog\"\n\t\t\tdata-wp-bind--aria-label=\"state.thisImage.triggerButtonAriaLabel\"\n\t\t\tdata-wp-init=\"callbacks.initTriggerButton\"\n\t\t\tdata-wp-on--click=\"actions.showLightbox\"\n\t\t\tdata-wp-style--right=\"state.thisImage.buttonRight\"\n\t\t\tdata-wp-style--top=\"state.thisImage.buttonTop\"\n\t\t>\n\t\t\t<svg xmlns=\"http:\/\/www.w3.org\/2000\/svg\" width=\"12\" height=\"12\" fill=\"none\" viewBox=\"0 0 12 12\">\n\t\t\t\t<path fill=\"#fff\" d=\"M2 0a2 2 0 0 0-2 2v2h1.5V2a.5.5 0 0 1 .5-.5h2V0H2Zm2 10.5H2a.5.5 0 0 1-.5-.5V8H0v2a2 2 0 0 0 2 2h2v-1.5ZM8 12v-1.5h2a.5.5 0 0 0 .5-.5V8H12v2a2 2 0 0 1-2 2H8Zm2-12a2 2 0 0 1 2 2v2h-1.5V2a.5.5 0 0 0-.5-.5H8V0h2Z\" \/>\n\t\t\t<\/svg>\n\t\t<\/button><figcaption class=\"wp-element-caption\">Rotundan i Mosta med den enorma kupolen (Foto: Mstyslav Chernov \/ Wikimedia Commons, CC BY-SA 3.0)<\/figcaption><\/figure>\n\n\n\n<p class=\"wp-block-paragraph\">I april 1942 slog n\u00e4mligen en tysk flygbomb igenom den enorma kupolen under en m\u00e4ssa, landade rakt mitt i den fullsatta kyrkan, men exploderade som genom ett mirakel inte alls. Idag kan du inne titta p\u00e5 en <strong>exakt replik av den ber\u00f6mda bomben<\/strong>, och lokalborna tror \u00e4n idag stenh\u00e5rt p\u00e5 att alla helgon d\u00e5 stod \u00f6ver de tre hundra troende.<\/p>\n\n\n\n<h3 id=\"10_Dingli_Cliffs_klippor_over_vastkusten\" class=\"wp-block-heading\"><span class=\"ez-toc-section\" id=\"10_Dingli_Cliffs_klippor_over_vastkusten\"><\/span>10. Dingli Cliffs: klippor \u00f6ver v\u00e4stkusten<span class=\"ez-toc-section-end\"><\/span><\/h3>\n\n\n\n<p class=\"wp-block-paragraph\">F\u00f6r natur- och dramatiska utsikters \u00e4lskare \u00e4r de h\u00e4r m\u00e4ktiga klipporna p\u00e5 v\u00e4stkusten ett absolut m\u00e5ste, eftersom de utg\u00f6r \u00f6gruppens allra h\u00f6gsta punkt. Kalkstensv\u00e4ggarna stupar brant rakt ner i havet, och enligt andra resen\u00e4rers erfarenheter upplever du h\u00e4r <strong>den vackraste och lugnaste promenaden<\/strong>, d\u00e4r du bara f\u00e5r s\u00e4llskap av vindens och br\u00e4nningarnas ljud.<\/p>\n\n\n\n<figure data-wp-context=\"{&quot;imageId&quot;:&quot;6a9c4bcb6e252&quot;}\" data-wp-interactive=\"core\/image\" data-wp-key=\"6a9c4bcb6e252\" class=\"wp-block-image size-full wp-lightbox-container\"><img decoding=\"async\" width=\"1500\" height=\"1042\" data-wp-class--hide=\"state.isContentHidden\" data-wp-class--show=\"state.isContentVisible\" data-wp-init=\"callbacks.setButtonStyles\" data-wp-on--click=\"actions.showLightbox\" data-wp-on--load=\"callbacks.setButtonStyles\" data-wp-on--pointerdown=\"actions.preloadImage\" data-wp-on--pointerenter=\"actions.preloadImageWithDelay\" data-wp-on--pointerleave=\"actions.cancelPreload\" data-wp-on-window--resize=\"callbacks.setButtonStyles\" src=\"https:\/\/loudavymkrokem.cz\/wp-content\/uploads\/2026\/08\/dovolena-malta-t10.jpg\" alt=\"Klipporna Dingli p\u00e5 v\u00e4stkusten\" class=\"wp-image-399692\" title=\"\" srcset=\"https:\/\/loudavymkrokem.cz\/wp-content\/uploads\/2026\/08\/dovolena-malta-t10.jpg 1500w, https:\/\/loudavymkrokem.cz\/wp-content\/uploads\/2026\/08\/dovolena-malta-t10-300x208.jpg 300w, https:\/\/loudavymkrokem.cz\/wp-content\/uploads\/2026\/08\/dovolena-malta-t10-700x486.jpg 700w, https:\/\/loudavymkrokem.cz\/wp-content\/uploads\/2026\/08\/dovolena-malta-t10-768x534.jpg 768w, https:\/\/loudavymkrokem.cz\/wp-content\/uploads\/2026\/08\/dovolena-malta-t10-696x483.jpg 696w, https:\/\/loudavymkrokem.cz\/wp-content\/uploads\/2026\/08\/dovolena-malta-t10-1392x967.jpg 1392w\" sizes=\"(max-width: 1500px) 100vw, 1500px\" \/><button\n\t\t\tclass=\"lightbox-trigger\"\n\t\t\ttype=\"button\"\n\t\t\taria-haspopup=\"dialog\"\n\t\t\tdata-wp-bind--aria-label=\"state.thisImage.triggerButtonAriaLabel\"\n\t\t\tdata-wp-init=\"callbacks.initTriggerButton\"\n\t\t\tdata-wp-on--click=\"actions.showLightbox\"\n\t\t\tdata-wp-style--right=\"state.thisImage.buttonRight\"\n\t\t\tdata-wp-style--top=\"state.thisImage.buttonTop\"\n\t\t>\n\t\t\t<svg xmlns=\"http:\/\/www.w3.org\/2000\/svg\" width=\"12\" height=\"12\" fill=\"none\" viewBox=\"0 0 12 12\">\n\t\t\t\t<path fill=\"#fff\" d=\"M2 0a2 2 0 0 0-2 2v2h1.5V2a.5.5 0 0 1 .5-.5h2V0H2Zm2 10.5H2a.5.5 0 0 1-.5-.5V8H0v2a2 2 0 0 0 2 2h2v-1.5ZM8 12v-1.5h2a.5.5 0 0 0 .5-.5V8H12v2a2 2 0 0 1-2 2H8Zm2-12a2 2 0 0 1 2 2v2h-1.5V2a.5.5 0 0 0-.5-.5H8V0h2Z\" \/>\n\t\t\t<\/svg>\n\t\t<\/button><figcaption class=\"wp-element-caption\">Klipporna Dingli p\u00e5 v\u00e4stkusten (Foto: Felix K\u00f6nig \/ Wikimedia Commons, CC BY 3.0)<\/figcaption><\/figure>\n\n\n\n<p class=\"wp-block-paragraph\">Klipporna \u00e4r f\u00f6rst\u00e5s som mest f\u00f6rtrollande i skymningen, d\u00e5 fotografer samlas hit f\u00f6r att f\u00e5nga de b\u00e4sta bilderna av solnedg\u00e5ngen. F\u00f6r att ta dig hit r\u00e4cker det med att kliva p\u00e5 en buss, men kom ih\u00e5g att du <strong>m\u00e5ste g\u00e5 en bit till fots fr\u00e5n h\u00e5llplatsen<\/strong>, s\u00e5 bekv\u00e4ma skor \u00e4r definitivt ett b\u00e4ttre val \u00e4n tunna badtofflor.<\/p>\n\n\n\n<h3 id=\"11_Mosta_Naxxar_och_Palazzo_Parisio\" class=\"wp-block-heading\"><span class=\"ez-toc-section\" id=\"11_Mosta_Naxxar_och_Palazzo_Parisio\"><\/span>11. Mosta, Naxxar och Palazzo Parisio<span class=\"ez-toc-section-end\"><\/span><\/h3>\n\n\n\n<p class=\"wp-block-paragraph\">N\u00e4r du \u00e4nd\u00e5 ska utforska \u00f6ns mitt kring sm\u00e5staden Mosta b\u00f6r du definitivt inte missa grannbyn Naxxar, d\u00e4r det st\u00e5r ett helt h\u00e4nf\u00f6rande aristokratiskt residens. Palatset Palazzo Parisio har n\u00e4mligen bland turister f\u00f6rtj\u00e4nat sig <strong>smeknamnet det maltesiska lilla Versailles<\/strong>, framf\u00f6r allt tack vare sin rikt dekorerade interi\u00f6r och den vackra v\u00e4lsk\u00f6tta tr\u00e4dg\u00e5rden.<\/p>\n\n\n\n<figure data-wp-context=\"{&quot;imageId&quot;:&quot;6a9c4bcb6e653&quot;}\" data-wp-interactive=\"core\/image\" data-wp-key=\"6a9c4bcb6e653\" class=\"wp-block-image size-full wp-lightbox-container\"><img decoding=\"async\" width=\"1500\" height=\"1120\" data-wp-class--hide=\"state.isContentHidden\" data-wp-class--show=\"state.isContentVisible\" data-wp-init=\"callbacks.setButtonStyles\" data-wp-on--click=\"actions.showLightbox\" data-wp-on--load=\"callbacks.setButtonStyles\" data-wp-on--pointerdown=\"actions.preloadImage\" data-wp-on--pointerenter=\"actions.preloadImageWithDelay\" data-wp-on--pointerleave=\"actions.cancelPreload\" data-wp-on-window--resize=\"callbacks.setButtonStyles\" src=\"https:\/\/loudavymkrokem.cz\/wp-content\/uploads\/2026\/08\/dovolena-malta-t11.jpg\" alt=\"Tr\u00e4dg\u00e5rden vid Palazzo Parisio i Naxxar\" class=\"wp-image-399698\" title=\"\" srcset=\"https:\/\/loudavymkrokem.cz\/wp-content\/uploads\/2026\/08\/dovolena-malta-t11.jpg 1500w, https:\/\/loudavymkrokem.cz\/wp-content\/uploads\/2026\/08\/dovolena-malta-t11-300x224.jpg 300w, https:\/\/loudavymkrokem.cz\/wp-content\/uploads\/2026\/08\/dovolena-malta-t11-700x523.jpg 700w, https:\/\/loudavymkrokem.cz\/wp-content\/uploads\/2026\/08\/dovolena-malta-t11-768x573.jpg 768w, https:\/\/loudavymkrokem.cz\/wp-content\/uploads\/2026\/08\/dovolena-malta-t11-80x60.jpg 80w, https:\/\/loudavymkrokem.cz\/wp-content\/uploads\/2026\/08\/dovolena-malta-t11-160x120.jpg 160w, https:\/\/loudavymkrokem.cz\/wp-content\/uploads\/2026\/08\/dovolena-malta-t11-696x520.jpg 696w, https:\/\/loudavymkrokem.cz\/wp-content\/uploads\/2026\/08\/dovolena-malta-t11-1392x1039.jpg 1392w\" sizes=\"(max-width: 1500px) 100vw, 1500px\" \/><button\n\t\t\tclass=\"lightbox-trigger\"\n\t\t\ttype=\"button\"\n\t\t\taria-haspopup=\"dialog\"\n\t\t\tdata-wp-bind--aria-label=\"state.thisImage.triggerButtonAriaLabel\"\n\t\t\tdata-wp-init=\"callbacks.initTriggerButton\"\n\t\t\tdata-wp-on--click=\"actions.showLightbox\"\n\t\t\tdata-wp-style--right=\"state.thisImage.buttonRight\"\n\t\t\tdata-wp-style--top=\"state.thisImage.buttonTop\"\n\t\t>\n\t\t\t<svg xmlns=\"http:\/\/www.w3.org\/2000\/svg\" width=\"12\" height=\"12\" fill=\"none\" viewBox=\"0 0 12 12\">\n\t\t\t\t<path fill=\"#fff\" d=\"M2 0a2 2 0 0 0-2 2v2h1.5V2a.5.5 0 0 1 .5-.5h2V0H2Zm2 10.5H2a.5.5 0 0 1-.5-.5V8H0v2a2 2 0 0 0 2 2h2v-1.5ZM8 12v-1.5h2a.5.5 0 0 0 .5-.5V8H12v2a2 2 0 0 1-2 2H8Zm2-12a2 2 0 0 1 2 2v2h-1.5V2a.5.5 0 0 0-.5-.5H8V0h2Z\" \/>\n\t\t\t<\/svg>\n\t\t<\/button><figcaption class=\"wp-element-caption\">Tr\u00e4dg\u00e5rden vid Palazzo Parisio i Naxxar (Foto: Continentaleurope \/ Wikimedia Commons, CC BY-SA 3.0)<\/figcaption><\/figure>\n\n\n\n<p class=\"wp-block-paragraph\">Intr\u00e4det betalas vid huvudporten och rundvandringen h\u00e4nf\u00f6r enligt uppgift varenda en som \u00e4lskar opulent barockarkitektur. Efter promenaden genom palatset kan du dessutom unna dig n\u00e5got gott och <strong>stanna f\u00f6r en kaffe eller ett te direkt i palatstr\u00e4dg\u00e5rdarna<\/strong>, vilket enligt recensioner \u00e4r en otroligt romantisk avslutning p\u00e5 hela dagen.<\/p>\n\n\n\n<h3 id=\"12_Ta_Qali_och_hantverksbyn\" class=\"wp-block-heading\"><span class=\"ez-toc-section\" id=\"12_Ta_Qali_och_hantverksbyn\"><\/span>12. Ta&#8217; Qali och hantverksbyn<span class=\"ez-toc-section-end\"><\/span><\/h3>\n\n\n\n<p class=\"wp-block-paragraph\">Den forna milit\u00e4rflygplatsen har med tiden f\u00f6rvandlats till en vidstr\u00e4ckt park, vars huvudattraktion \u00e4r en mycket popul\u00e4r hantverksby dit man fr\u00e4mst \u00e5ker f\u00f6r lokala produkter. Om du vill ta med dig <strong>kvalitetssouvenirer som inte kommer fr\u00e5n Kina<\/strong> hittar du h\u00e4r verkst\u00e4der fulla av traditionellt handbl\u00e5st glas och fint filigranarbete i silver.<\/p>\n\n\n\n<figure data-wp-context=\"{&quot;imageId&quot;:&quot;6a9c4bcb6ea95&quot;}\" data-wp-interactive=\"core\/image\" data-wp-key=\"6a9c4bcb6ea95\" class=\"wp-block-image size-full wp-lightbox-container\"><img decoding=\"async\" width=\"1500\" height=\"1000\" data-wp-class--hide=\"state.isContentHidden\" data-wp-class--show=\"state.isContentVisible\" data-wp-init=\"callbacks.setButtonStyles\" data-wp-on--click=\"actions.showLightbox\" data-wp-on--load=\"callbacks.setButtonStyles\" data-wp-on--pointerdown=\"actions.preloadImage\" data-wp-on--pointerenter=\"actions.preloadImageWithDelay\" data-wp-on--pointerleave=\"actions.cancelPreload\" data-wp-on-window--resize=\"callbacks.setButtonStyles\" src=\"https:\/\/loudavymkrokem.cz\/wp-content\/uploads\/2026\/08\/dovolena-malta-t12.jpg\" alt=\"Handtillverkning av glas p\u00e5 Malta\" class=\"wp-image-399751\" title=\"\" srcset=\"https:\/\/loudavymkrokem.cz\/wp-content\/uploads\/2026\/08\/dovolena-malta-t12.jpg 1500w, https:\/\/loudavymkrokem.cz\/wp-content\/uploads\/2026\/08\/dovolena-malta-t12-300x200.jpg 300w, https:\/\/loudavymkrokem.cz\/wp-content\/uploads\/2026\/08\/dovolena-malta-t12-700x467.jpg 700w, https:\/\/loudavymkrokem.cz\/wp-content\/uploads\/2026\/08\/dovolena-malta-t12-768x512.jpg 768w, https:\/\/loudavymkrokem.cz\/wp-content\/uploads\/2026\/08\/dovolena-malta-t12-696x464.jpg 696w, https:\/\/loudavymkrokem.cz\/wp-content\/uploads\/2026\/08\/dovolena-malta-t12-1392x928.jpg 1392w\" sizes=\"(max-width: 1500px) 100vw, 1500px\" \/><button\n\t\t\tclass=\"lightbox-trigger\"\n\t\t\ttype=\"button\"\n\t\t\taria-haspopup=\"dialog\"\n\t\t\tdata-wp-bind--aria-label=\"state.thisImage.triggerButtonAriaLabel\"\n\t\t\tdata-wp-init=\"callbacks.initTriggerButton\"\n\t\t\tdata-wp-on--click=\"actions.showLightbox\"\n\t\t\tdata-wp-style--right=\"state.thisImage.buttonRight\"\n\t\t\tdata-wp-style--top=\"state.thisImage.buttonTop\"\n\t\t>\n\t\t\t<svg xmlns=\"http:\/\/www.w3.org\/2000\/svg\" width=\"12\" height=\"12\" fill=\"none\" viewBox=\"0 0 12 12\">\n\t\t\t\t<path fill=\"#fff\" d=\"M2 0a2 2 0 0 0-2 2v2h1.5V2a.5.5 0 0 1 .5-.5h2V0H2Zm2 10.5H2a.5.5 0 0 1-.5-.5V8H0v2a2 2 0 0 0 2 2h2v-1.5ZM8 12v-1.5h2a.5.5 0 0 0 .5-.5V8H12v2a2 2 0 0 1-2 2H8Zm2-12a2 2 0 0 1 2 2v2h-1.5V2a.5.5 0 0 0-.5-.5H8V0h2Z\" \/>\n\t\t\t<\/svg>\n\t\t<\/button><figcaption class=\"wp-element-caption\">Handtillverkning av glas p\u00e5 Malta (Foto: Noport \/ Wikimedia Commons, CC BY-SA 4.0)<\/figcaption><\/figure>\n\n\n\n<p class=\"wp-block-paragraph\">Vid m\u00e5nga verkst\u00e4der kan du dessutom titta glasm\u00e4starna direkt \u00f6ver axeln och f\u00f6lja hur de h\u00e4r \u00f6mt\u00e5liga produkterna skapas rakt framf\u00f6r dig. Bes\u00f6ket planeras b\u00e4st till f\u00f6rmiddagstimmar under vardagar, eftersom <strong>de flesta manufakturer tyv\u00e4rr \u00e4r st\u00e4ngda p\u00e5 helgerna<\/strong>, vilket en del oinformerade turister ibland ofrivilligt f\u00e5r erfara.<\/p>\n\n\n\n<h3 id=\"13_Marsaxlokk_fiskeby_med_fargglada_batar\" class=\"wp-block-heading\"><span class=\"ez-toc-section\" id=\"13_Marsaxlokk_fiskeby_med_fargglada_batar\"><\/span>13. Marsaxlokk: fiskeby med f\u00e4rgglada b\u00e5tar<span class=\"ez-toc-section-end\"><\/span><\/h3>\n\n\n\n<p class=\"wp-block-paragraph\">Den h\u00e4r oerh\u00f6rt fotogeniska fiskebyn i \u00f6ns s\u00f6dra del lockar framf\u00f6r allt med en vik full av traditionella brokigt f\u00e4rgade b\u00e5tar som kallas luzzu. P\u00e5 deras f\u00f6r hittar du alltid <strong>det m\u00e5lade magiska Osiris\u00f6gat<\/strong>, som ska skydda fiskarna mot faror till havs och som utg\u00f6r kanske den allra mest typiska maltesiska bilden.<\/p>\n\n\n\n<figure data-wp-context=\"{&quot;imageId&quot;:&quot;6a9c4bcb6eef4&quot;}\" data-wp-interactive=\"core\/image\" data-wp-key=\"6a9c4bcb6eef4\" class=\"wp-block-image size-full wp-lightbox-container\"><img decoding=\"async\" width=\"1500\" height=\"1000\" data-wp-class--hide=\"state.isContentHidden\" data-wp-class--show=\"state.isContentVisible\" data-wp-init=\"callbacks.setButtonStyles\" data-wp-on--click=\"actions.showLightbox\" data-wp-on--load=\"callbacks.setButtonStyles\" data-wp-on--pointerdown=\"actions.preloadImage\" data-wp-on--pointerenter=\"actions.preloadImageWithDelay\" data-wp-on--pointerleave=\"actions.cancelPreload\" data-wp-on-window--resize=\"callbacks.setButtonStyles\" src=\"https:\/\/loudavymkrokem.cz\/wp-content\/uploads\/2026\/08\/dovolena-malta-t13.jpg\" alt=\"F\u00e4rgglada luzzu-b\u00e5tar i Marsaxlokk\" class=\"wp-image-399704\" title=\"\" srcset=\"https:\/\/loudavymkrokem.cz\/wp-content\/uploads\/2026\/08\/dovolena-malta-t13.jpg 1500w, https:\/\/loudavymkrokem.cz\/wp-content\/uploads\/2026\/08\/dovolena-malta-t13-300x200.jpg 300w, https:\/\/loudavymkrokem.cz\/wp-content\/uploads\/2026\/08\/dovolena-malta-t13-700x467.jpg 700w, https:\/\/loudavymkrokem.cz\/wp-content\/uploads\/2026\/08\/dovolena-malta-t13-768x512.jpg 768w, https:\/\/loudavymkrokem.cz\/wp-content\/uploads\/2026\/08\/dovolena-malta-t13-696x464.jpg 696w, https:\/\/loudavymkrokem.cz\/wp-content\/uploads\/2026\/08\/dovolena-malta-t13-1392x928.jpg 1392w\" sizes=\"(max-width: 1500px) 100vw, 1500px\" \/><button\n\t\t\tclass=\"lightbox-trigger\"\n\t\t\ttype=\"button\"\n\t\t\taria-haspopup=\"dialog\"\n\t\t\tdata-wp-bind--aria-label=\"state.thisImage.triggerButtonAriaLabel\"\n\t\t\tdata-wp-init=\"callbacks.initTriggerButton\"\n\t\t\tdata-wp-on--click=\"actions.showLightbox\"\n\t\t\tdata-wp-style--right=\"state.thisImage.buttonRight\"\n\t\t\tdata-wp-style--top=\"state.thisImage.buttonTop\"\n\t\t>\n\t\t\t<svg xmlns=\"http:\/\/www.w3.org\/2000\/svg\" width=\"12\" height=\"12\" fill=\"none\" viewBox=\"0 0 12 12\">\n\t\t\t\t<path fill=\"#fff\" d=\"M2 0a2 2 0 0 0-2 2v2h1.5V2a.5.5 0 0 1 .5-.5h2V0H2Zm2 10.5H2a.5.5 0 0 1-.5-.5V8H0v2a2 2 0 0 0 2 2h2v-1.5ZM8 12v-1.5h2a.5.5 0 0 0 .5-.5V8H12v2a2 2 0 0 1-2 2H8Zm2-12a2 2 0 0 1 2 2v2h-1.5V2a.5.5 0 0 0-.5-.5H8V0h2Z\" \/>\n\t\t\t<\/svg>\n\t\t<\/button><figcaption class=\"wp-element-caption\">F\u00e4rgglada luzzu-b\u00e5tar i Marsaxlokk (Foto: Vlad beu \/ Wikimedia Commons, Public domain)<\/figcaption><\/figure>\n\n\n\n<p class=\"wp-block-paragraph\">Turister samlas hit oftast till den enorma s\u00f6ndagsmarknaden, men jag m\u00e5ste \u00e4rligt varna dig f\u00f6r att det mestadels handlar om en fiskmarknad, s\u00e5 f\u00f6r oss vegetarianer \u00e4r det snarare en kulturell upplevelse \u00e4n ett lockande matstopp \u263a\ufe0f. Var ocks\u00e5 beredd p\u00e5 att <strong>bussarna \u00e4r proppfulla p\u00e5 s\u00f6ndagsf\u00f6rmiddagar<\/strong>, och d\u00e4rf\u00f6r \u00e4r det helt enkelt b\u00e4ttre att ge sig av s\u00e5 tidigt p\u00e5 morgonen som m\u00f6jligt.<\/p>\n\n\n\n<h3 id=\"14_Bla_grottan_Blue_Grotto\" class=\"wp-block-heading\"><span class=\"ez-toc-section\" id=\"14_Bla_grottan_Blue_Grotto\"><\/span>14. Bl\u00e5 grottan (Blue Grotto)<span class=\"ez-toc-section-end\"><\/span><\/h3>\n\n\n\n<p class=\"wp-block-paragraph\">Den naturliga sev\u00e4rdheten k\u00e4nd som Blue Grotto bildas av en massiv klippb\u00e5ge och en serie sammanl\u00e4nkade havsgrottor, d\u00e4r vattnet skimrar i alla t\u00e4nkbara nyanser av turkos. Solstr\u00e5larna reflekteras h\u00e4r fr\u00e5n den vita sandbotten och <strong>enligt recensioner \u00e4r det en helt fantastisk syn<\/strong>, som det verkligen vore synd att missa.<\/p>\n\n\n\n<figure data-wp-context=\"{&quot;imageId&quot;:&quot;6a9c4bcb6f365&quot;}\" data-wp-interactive=\"core\/image\" data-wp-key=\"6a9c4bcb6f365\" class=\"wp-block-image size-full wp-lightbox-container\"><img decoding=\"async\" width=\"1500\" height=\"1000\" data-wp-class--hide=\"state.isContentHidden\" data-wp-class--show=\"state.isContentVisible\" data-wp-init=\"callbacks.setButtonStyles\" data-wp-on--click=\"actions.showLightbox\" data-wp-on--load=\"callbacks.setButtonStyles\" data-wp-on--pointerdown=\"actions.preloadImage\" data-wp-on--pointerenter=\"actions.preloadImageWithDelay\" data-wp-on--pointerleave=\"actions.cancelPreload\" data-wp-on-window--resize=\"callbacks.setButtonStyles\" src=\"https:\/\/loudavymkrokem.cz\/wp-content\/uploads\/2026\/08\/dovolena-malta-t14.jpg\" alt=\"Bl\u00e5 grottan i s\u00f6dra Malta\" class=\"wp-image-399708\" title=\"\" srcset=\"https:\/\/loudavymkrokem.cz\/wp-content\/uploads\/2026\/08\/dovolena-malta-t14.jpg 1500w, https:\/\/loudavymkrokem.cz\/wp-content\/uploads\/2026\/08\/dovolena-malta-t14-300x200.jpg 300w, https:\/\/loudavymkrokem.cz\/wp-content\/uploads\/2026\/08\/dovolena-malta-t14-700x467.jpg 700w, https:\/\/loudavymkrokem.cz\/wp-content\/uploads\/2026\/08\/dovolena-malta-t14-768x512.jpg 768w, https:\/\/loudavymkrokem.cz\/wp-content\/uploads\/2026\/08\/dovolena-malta-t14-696x464.jpg 696w, https:\/\/loudavymkrokem.cz\/wp-content\/uploads\/2026\/08\/dovolena-malta-t14-1392x928.jpg 1392w\" sizes=\"(max-width: 1500px) 100vw, 1500px\" \/><button\n\t\t\tclass=\"lightbox-trigger\"\n\t\t\ttype=\"button\"\n\t\t\taria-haspopup=\"dialog\"\n\t\t\tdata-wp-bind--aria-label=\"state.thisImage.triggerButtonAriaLabel\"\n\t\t\tdata-wp-init=\"callbacks.initTriggerButton\"\n\t\t\tdata-wp-on--click=\"actions.showLightbox\"\n\t\t\tdata-wp-style--right=\"state.thisImage.buttonRight\"\n\t\t\tdata-wp-style--top=\"state.thisImage.buttonTop\"\n\t\t>\n\t\t\t<svg xmlns=\"http:\/\/www.w3.org\/2000\/svg\" width=\"12\" height=\"12\" fill=\"none\" viewBox=\"0 0 12 12\">\n\t\t\t\t<path fill=\"#fff\" d=\"M2 0a2 2 0 0 0-2 2v2h1.5V2a.5.5 0 0 1 .5-.5h2V0H2Zm2 10.5H2a.5.5 0 0 1-.5-.5V8H0v2a2 2 0 0 0 2 2h2v-1.5ZM8 12v-1.5h2a.5.5 0 0 0 .5-.5V8H12v2a2 2 0 0 1-2 2H8Zm2-12a2 2 0 0 1 2 2v2h-1.5V2a.5.5 0 0 0-.5-.5H8V0h2Z\" \/>\n\t\t\t<\/svg>\n\t\t<\/button><figcaption class=\"wp-element-caption\">Bl\u00e5 grottan i s\u00f6dra Malta (Foto: Frank Vincentz \/ Wikimedia Commons, CC BY-SA 3.0)<\/figcaption><\/figure>\n\n\n\n<p class=\"wp-block-paragraph\">B\u00e5tarna avg\u00e5r fr\u00e5n den n\u00e4rliggande byn Wied i\u017c-\u017burrieq, sj\u00e4lva turen tar ungef\u00e4r tjugo till trettio minuter och f\u00f6r b\u00e4sta ljusf\u00f6rh\u00e5llanden rekommenderas det att komma direkt p\u00e5 f\u00f6rmiddagen. Kom dock ih\u00e5g att <strong>man logiskt inte \u00e5ker ut vid kraftig sj\u00f6g\u00e5ng<\/strong>, s\u00e5 om det bl\u00e5ser mycket vid kusten b\u00f6r du hellre spara den h\u00e4r utflykten till en betydligt lugnare dag.<\/p>\n\n\n\n<h3 id=\"15_Hagar_Qim_och_Mnajdra_tempel_aldre_an_pyramiderna\" class=\"wp-block-heading\"><span class=\"ez-toc-section\" id=\"15_Hagar_Qim_och_Mnajdra_tempel_aldre_an_pyramiderna\"><\/span>15. \u0126a\u0121ar Qim och Mnajdra: tempel \u00e4ldre \u00e4n pyramiderna<span class=\"ez-toc-section-end\"><\/span><\/h3>\n\n\n\n<p class=\"wp-block-paragraph\">Malta kan skryta med byggnadsverk som till och med \u00e4r \u00e4ldre \u00e4n de egyptiska pyramiderna, och de h\u00e4r tv\u00e5 fantastiska megalitiska templen h\u00e4rstammar fr\u00e5n tiden runt 3600 till 3200 f.Kr. B\u00e5da de f\u00f6rhistoriska komplexen st\u00e5r n\u00e4ra klipporna \u00f6ver havet, \u00e4r inskrivna p\u00e5 UNESCO:s lista och utstr\u00e5lar en <strong>enorm historisk mystik<\/strong> som resen\u00e4rer verkligen uppskattar.<\/p>\n\n\n\n<figure data-wp-context=\"{&quot;imageId&quot;:&quot;6a9c4bcb6f97a&quot;}\" data-wp-interactive=\"core\/image\" data-wp-key=\"6a9c4bcb6f97a\" class=\"wp-block-image size-full wp-lightbox-container\"><img decoding=\"async\" width=\"1500\" height=\"1000\" data-wp-class--hide=\"state.isContentHidden\" data-wp-class--show=\"state.isContentVisible\" data-wp-init=\"callbacks.setButtonStyles\" data-wp-on--click=\"actions.showLightbox\" data-wp-on--load=\"callbacks.setButtonStyles\" data-wp-on--pointerdown=\"actions.preloadImage\" data-wp-on--pointerenter=\"actions.preloadImageWithDelay\" data-wp-on--pointerleave=\"actions.cancelPreload\" data-wp-on-window--resize=\"callbacks.setButtonStyles\" src=\"https:\/\/loudavymkrokem.cz\/wp-content\/uploads\/2026\/08\/dovolena-malta-t15.jpg\" alt=\"Det megalitiska templet \u0126a\u0121ar Qim\" class=\"wp-image-399714\" title=\"\" srcset=\"https:\/\/loudavymkrokem.cz\/wp-content\/uploads\/2026\/08\/dovolena-malta-t15.jpg 1500w, https:\/\/loudavymkrokem.cz\/wp-content\/uploads\/2026\/08\/dovolena-malta-t15-300x200.jpg 300w, https:\/\/loudavymkrokem.cz\/wp-content\/uploads\/2026\/08\/dovolena-malta-t15-700x467.jpg 700w, https:\/\/loudavymkrokem.cz\/wp-content\/uploads\/2026\/08\/dovolena-malta-t15-768x512.jpg 768w, https:\/\/loudavymkrokem.cz\/wp-content\/uploads\/2026\/08\/dovolena-malta-t15-696x464.jpg 696w, https:\/\/loudavymkrokem.cz\/wp-content\/uploads\/2026\/08\/dovolena-malta-t15-1392x928.jpg 1392w\" sizes=\"(max-width: 1500px) 100vw, 1500px\" \/><button\n\t\t\tclass=\"lightbox-trigger\"\n\t\t\ttype=\"button\"\n\t\t\taria-haspopup=\"dialog\"\n\t\t\tdata-wp-bind--aria-label=\"state.thisImage.triggerButtonAriaLabel\"\n\t\t\tdata-wp-init=\"callbacks.initTriggerButton\"\n\t\t\tdata-wp-on--click=\"actions.showLightbox\"\n\t\t\tdata-wp-style--right=\"state.thisImage.buttonRight\"\n\t\t\tdata-wp-style--top=\"state.thisImage.buttonTop\"\n\t\t>\n\t\t\t<svg xmlns=\"http:\/\/www.w3.org\/2000\/svg\" width=\"12\" height=\"12\" fill=\"none\" viewBox=\"0 0 12 12\">\n\t\t\t\t<path fill=\"#fff\" d=\"M2 0a2 2 0 0 0-2 2v2h1.5V2a.5.5 0 0 1 .5-.5h2V0H2Zm2 10.5H2a.5.5 0 0 1-.5-.5V8H0v2a2 2 0 0 0 2 2h2v-1.5ZM8 12v-1.5h2a.5.5 0 0 0 .5-.5V8H12v2a2 2 0 0 1-2 2H8Zm2-12a2 2 0 0 1 2 2v2h-1.5V2a.5.5 0 0 0-.5-.5H8V0h2Z\" \/>\n\t\t\t<\/svg>\n\t\t<\/button><figcaption class=\"wp-element-caption\">Det megalitiska templet \u0126a\u0121ar Qim (Foto: Diego Delso \/ Wikimedia Commons, CC BY-SA 4.0)<\/figcaption><\/figure>\n\n\n\n<p class=\"wp-block-paragraph\">F\u00f6r att f\u00f6rhindra ytterligare erosion av de v\u00e4rdefulla stenarna \u00e4r b\u00e5da templen smart \u00f6verbyggda med enorma skyddst\u00e4lt, vilket dessutom har f\u00f6rdelen att de ger barmh\u00e4rtig skugga p\u00e5 sommaren. Med tanke p\u00e5 de h\u00f6ga sommartemperaturerna b\u00f6r du \u00e4nd\u00e5 <strong>inte gl\u00f6mma att ta med dig gott om dricksvatten<\/strong>, eftersom omr\u00e5det \u00e4r ganska vidstr\u00e4ckt och rundvandringen tar en stund.<\/p>\n\n\n\n<h3 id=\"16_St_Peters_Pool_naturlig_pool_i_klippan\" class=\"wp-block-heading\"><span class=\"ez-toc-section\" id=\"16_St_Peters_Pool_naturlig_pool_i_klippan\"><\/span>16. St Peter&#8217;s Pool: naturlig pool i klippan<span class=\"ez-toc-section-end\"><\/span><\/h3>\n\n\n\n<p class=\"wp-block-paragraph\">En kort bit fr\u00e5n byn Marsaxlokk ligger en av de mest popul\u00e4ra naturliga poolerna, som havsvattnet under \u00e5rtusenden har mejslat ut direkt i de sl\u00e4ta kalkstensklipporna. Vattnet \u00e4r underbart klart och djupt, vilket g\u00f6r att platsen framf\u00f6r allt drar till sig yngre generationer och alla som <strong>\u00e4lskar effektfulla hopp i vattnet<\/strong> fr\u00e5n olika h\u00f6ga klipphyllor.<\/p>\n\n\n\n<figure data-wp-context=\"{&quot;imageId&quot;:&quot;6a9c4bcb70092&quot;}\" data-wp-interactive=\"core\/image\" data-wp-key=\"6a9c4bcb70092\" class=\"wp-block-image size-full wp-lightbox-container\"><img decoding=\"async\" width=\"1500\" height=\"1000\" data-wp-class--hide=\"state.isContentHidden\" data-wp-class--show=\"state.isContentVisible\" data-wp-init=\"callbacks.setButtonStyles\" data-wp-on--click=\"actions.showLightbox\" data-wp-on--load=\"callbacks.setButtonStyles\" data-wp-on--pointerdown=\"actions.preloadImage\" data-wp-on--pointerenter=\"actions.preloadImageWithDelay\" data-wp-on--pointerleave=\"actions.cancelPreload\" data-wp-on-window--resize=\"callbacks.setButtonStyles\" src=\"https:\/\/loudavymkrokem.cz\/wp-content\/uploads\/2026\/08\/dovolena-malta-t16.jpg\" alt=\"Den naturliga poolen St Peter&#039;s Pool\" class=\"wp-image-399754\" title=\"\" srcset=\"https:\/\/loudavymkrokem.cz\/wp-content\/uploads\/2026\/08\/dovolena-malta-t16.jpg 1500w, https:\/\/loudavymkrokem.cz\/wp-content\/uploads\/2026\/08\/dovolena-malta-t16-300x200.jpg 300w, https:\/\/loudavymkrokem.cz\/wp-content\/uploads\/2026\/08\/dovolena-malta-t16-700x467.jpg 700w, https:\/\/loudavymkrokem.cz\/wp-content\/uploads\/2026\/08\/dovolena-malta-t16-768x512.jpg 768w, https:\/\/loudavymkrokem.cz\/wp-content\/uploads\/2026\/08\/dovolena-malta-t16-696x464.jpg 696w, https:\/\/loudavymkrokem.cz\/wp-content\/uploads\/2026\/08\/dovolena-malta-t16-1392x928.jpg 1392w\" sizes=\"(max-width: 1500px) 100vw, 1500px\" \/><button\n\t\t\tclass=\"lightbox-trigger\"\n\t\t\ttype=\"button\"\n\t\t\taria-haspopup=\"dialog\"\n\t\t\tdata-wp-bind--aria-label=\"state.thisImage.triggerButtonAriaLabel\"\n\t\t\tdata-wp-init=\"callbacks.initTriggerButton\"\n\t\t\tdata-wp-on--click=\"actions.showLightbox\"\n\t\t\tdata-wp-style--right=\"state.thisImage.buttonRight\"\n\t\t\tdata-wp-style--top=\"state.thisImage.buttonTop\"\n\t\t>\n\t\t\t<svg xmlns=\"http:\/\/www.w3.org\/2000\/svg\" width=\"12\" height=\"12\" fill=\"none\" viewBox=\"0 0 12 12\">\n\t\t\t\t<path fill=\"#fff\" d=\"M2 0a2 2 0 0 0-2 2v2h1.5V2a.5.5 0 0 1 .5-.5h2V0H2Zm2 10.5H2a.5.5 0 0 1-.5-.5V8H0v2a2 2 0 0 0 2 2h2v-1.5ZM8 12v-1.5h2a.5.5 0 0 0 .5-.5V8H12v2a2 2 0 0 1-2 2H8Zm2-12a2 2 0 0 1 2 2v2h-1.5V2a.5.5 0 0 0-.5-.5H8V0h2Z\" \/>\n\t\t\t<\/svg>\n\t\t<\/button><figcaption class=\"wp-element-caption\">Den naturliga poolen St Peter&#8217;s Pool (Foto: Diego Delso \/ Wikimedia Commons, CC BY-SA 4.0)<\/figcaption><\/figure>\n\n\n\n<p class=\"wp-block-paragraph\">Vid den h\u00e4r naturliga badplatsen hittar du absolut ingen turistservice, inga kiosker eller parasoller, d\u00e4rf\u00f6r m\u00e5ste du ta med dig allt sj\u00e4lv. Packa definitivt med dig stadiga skor eller vattenskor, eftersom <strong>klipporna brukar vara hala och vassa<\/strong>, och om du s\u00f6ker lugn b\u00f6r du hellre komma tidigt p\u00e5 morgonen, innan kalkstensklipporna fylls med handdukar.<\/p>\n\n\n\n<h3 id=\"17_Hypogeum_i_Hal_Saflieni\" class=\"wp-block-heading\"><span class=\"ez-toc-section\" id=\"17_Hypogeum_i_Hal_Saflieni\"><\/span>17. Hypogeum i \u0126al Saflieni<span class=\"ez-toc-section-end\"><\/span><\/h3>\n\n\n\n<p class=\"wp-block-paragraph\">Den h\u00e4r trev\u00e5niga underjordiska helgedomen, uthuggen djupt in i klippan, \u00e4r helt unik i v\u00e4rlden och s\u00e4gs vara den mest hemlighetsfulla sev\u00e4rdheten p\u00e5 hela Malta. Den uppt\u00e4cktes helt av en slump av arbetare som gr\u00e4vde grund f\u00f6r nya hus, och idag \u00e4r det en plats som <strong>f\u00f6rbluffar med sin komplicerade arkitektur<\/strong> och sin helt perfekta akustik i de djupa kamrarna.<\/p>\n\n\n\n<figure data-wp-context=\"{&quot;imageId&quot;:&quot;6a9c4bcb705c6&quot;}\" data-wp-interactive=\"core\/image\" data-wp-key=\"6a9c4bcb705c6\" class=\"wp-block-image size-full wp-lightbox-container\"><img decoding=\"async\" width=\"1500\" height=\"1125\" data-wp-class--hide=\"state.isContentHidden\" data-wp-class--show=\"state.isContentVisible\" data-wp-init=\"callbacks.setButtonStyles\" data-wp-on--click=\"actions.showLightbox\" data-wp-on--load=\"callbacks.setButtonStyles\" data-wp-on--pointerdown=\"actions.preloadImage\" data-wp-on--pointerenter=\"actions.preloadImageWithDelay\" data-wp-on--pointerleave=\"actions.cancelPreload\" data-wp-on-window--resize=\"callbacks.setButtonStyles\" src=\"https:\/\/loudavymkrokem.cz\/wp-content\/uploads\/2026\/08\/dovolena-malta-t17.jpg\" alt=\"F\u00f6rhistoriska tempel i Tarxien\" class=\"wp-image-399716\" title=\"\" srcset=\"https:\/\/loudavymkrokem.cz\/wp-content\/uploads\/2026\/08\/dovolena-malta-t17.jpg 1500w, https:\/\/loudavymkrokem.cz\/wp-content\/uploads\/2026\/08\/dovolena-malta-t17-300x225.jpg 300w, https:\/\/loudavymkrokem.cz\/wp-content\/uploads\/2026\/08\/dovolena-malta-t17-700x525.jpg 700w, https:\/\/loudavymkrokem.cz\/wp-content\/uploads\/2026\/08\/dovolena-malta-t17-768x576.jpg 768w, https:\/\/loudavymkrokem.cz\/wp-content\/uploads\/2026\/08\/dovolena-malta-t17-80x60.jpg 80w, https:\/\/loudavymkrokem.cz\/wp-content\/uploads\/2026\/08\/dovolena-malta-t17-160x120.jpg 160w, https:\/\/loudavymkrokem.cz\/wp-content\/uploads\/2026\/08\/dovolena-malta-t17-696x522.jpg 696w, https:\/\/loudavymkrokem.cz\/wp-content\/uploads\/2026\/08\/dovolena-malta-t17-1392x1044.jpg 1392w\" sizes=\"(max-width: 1500px) 100vw, 1500px\" \/><button\n\t\t\tclass=\"lightbox-trigger\"\n\t\t\ttype=\"button\"\n\t\t\taria-haspopup=\"dialog\"\n\t\t\tdata-wp-bind--aria-label=\"state.thisImage.triggerButtonAriaLabel\"\n\t\t\tdata-wp-init=\"callbacks.initTriggerButton\"\n\t\t\tdata-wp-on--click=\"actions.showLightbox\"\n\t\t\tdata-wp-style--right=\"state.thisImage.buttonRight\"\n\t\t\tdata-wp-style--top=\"state.thisImage.buttonTop\"\n\t\t>\n\t\t\t<svg xmlns=\"http:\/\/www.w3.org\/2000\/svg\" width=\"12\" height=\"12\" fill=\"none\" viewBox=\"0 0 12 12\">\n\t\t\t\t<path fill=\"#fff\" d=\"M2 0a2 2 0 0 0-2 2v2h1.5V2a.5.5 0 0 1 .5-.5h2V0H2Zm2 10.5H2a.5.5 0 0 1-.5-.5V8H0v2a2 2 0 0 0 2 2h2v-1.5ZM8 12v-1.5h2a.5.5 0 0 0 .5-.5V8H12v2a2 2 0 0 1-2 2H8Zm2-12a2 2 0 0 1 2 2v2h-1.5V2a.5.5 0 0 0-.5-.5H8V0h2Z\" \/>\n\t\t\t<\/svg>\n\t\t<\/button><figcaption class=\"wp-element-caption\">F\u00f6rhistoriska tempel i Tarxien (Foto: Kaybeesquared \/ Wikimedia Commons, CC BY-SA 4.0)<\/figcaption><\/figure>\n\n\n\n<p class=\"wp-block-paragraph\">F\u00f6r att skydda det unika mikroklimatet sl\u00e4pps bes\u00f6kare in enbart i sm\u00e5 grupper, och intr\u00e4det betalas f\u00f6rst\u00e5s per person. Om du vill se den h\u00e4r platsen med egna \u00f6gon m\u00e5ste du <strong>boka biljetter online flera m\u00e5nader i f\u00f6rv\u00e4g<\/strong>, eftersom de s\u00e4ljs slut otroligt snabbt och du inte har n\u00e5gon chans att f\u00e5 tag p\u00e5 dem p\u00e5 plats.<\/p>\n\n\n\n<!-- LKM_GYG_CARD start q=\"malta\" lang=\"sv\" rendered=\"2026-09-05T15:06:31+00:00\" v=\"1\" -->\n<style id=\"lk-gyg-styles\">\n@import url(\"https:\/\/fonts.googleapis.com\/css2?family=Playfair+Display:wght@700&family=DM+Sans:wght@300;400;500;600&display=swap\");\n\/* === LK GYG karty \u2014 CRO redesign 2026-05 (namespace .lkx-) ===\n   C\u00edl: vy\u0161\u0161\u00ed CTR (hero + v\u00fdrazn\u00fd social proof + ak\u010dn\u00ed CTA, m\u00e9n\u011b \"reklamn\u00ed\").\n   Injektuje se inline do prvn\u00edho markeru postu (refresh_cards.py --inline-css). *\/\n.lkx-module, .lkx-module *{box-sizing:border-box;margin:0;padding:0}\n.lkx-module{\n  font-family:'DM Sans',-apple-system,Segoe UI,Roboto,Georgia,sans-serif;\n  max-width:860px;margin:2.5rem auto;color:#1f2328;\n}\n\n\/* HEADER \u2014 lehk\u00fd editorsk\u00fd, \u017e\u00e1dn\u00fd bannerov\u00fd blok; nadpis + popisek pod n\u00edm *\/\n.lkx-head{margin-bottom:16px}\n.lkx-head-main{display:flex;align-items:center;gap:10px}\n.lkx-head-accent{width:26px;height:3px;border-radius:2px;background:#c39f76;flex-shrink:0}\n.lkx-head-title{font-family:'Playfair Display',Georgia,serif;font-size:21px;font-weight:700;color:#1a1a1a;line-height:1.25}\n.lkx-head-meta{display:block;font-size:11px;letter-spacing:.3px;color:#9aa0a6;margin-top:4px;margin-left:36px}\n\n\/* HERO *\/\n.lkx-hero{display:grid;grid-template-columns:300px 1fr;background:#fff;border:1px solid #ece7df;border-radius:14px;overflow:hidden;text-decoration:none!important;color:inherit;box-shadow:0 6px 20px rgba(0,0,0,.06);transition:box-shadow .2s,transform .2s;margin-bottom:14px}\n.lkx-hero:hover{box-shadow:0 12px 30px rgba(0,0,0,.12);transform:translateY(-2px)}\n.lkx-hero-img{position:relative;min-height:230px;background-size:cover;background-position:center;background-color:#eee}\n.lkx-hero-body{padding:22px 24px;display:flex;flex-direction:column}\n.lkx-pick{position:absolute;top:12px;left:12px;background:#1a1a1a;color:#fff;font-size:11px;font-weight:700;letter-spacing:.5px;padding:5px 11px;border-radius:20px}\n\n\/* TITLE *\/\n.lkx-title{font-size:19px;font-weight:700;color:#161616;line-height:1.3}\n.lkx-title-sm{font-size:14.5px;line-height:1.35;display:-webkit-box;-webkit-line-clamp:2;-webkit-box-orient:vertical;overflow:hidden}\n\n\/* SOCIAL PROOF \u2014 v\u00fdrazn\u011b, naho\u0159e *\/\n.lkx-proof{display:flex;align-items:center;gap:7px;margin-top:12px;font-size:15px;color:#3a3a3a}\n.lkx-proof b{font-size:16px;color:#161616}\n.lkx-stars{color:#f5a623;letter-spacing:1px}\n.lkx-proof-sm{font-size:12.5px;margin-top:8px;gap:5px}\n.lkx-proof-sm b{font-size:13px}\n.lkx-proof-new{color:#3685fc;font-weight:600}\n\n\/* PRICE \u2014 n\u00edzk\u00e1 kotva *\/\n.lkx-price{font-size:14px;color:#6b7280}\n.lkx-price b{font-size:20px;color:#161616;font-weight:700}\n.lkx-price-sm b{font-size:15px}\n\n\/* CTA \u2014 tepl\u00e9 ak\u010dn\u00ed tla\u010d\u00edtko *\/\n.lkx-cta{display:inline-flex;align-items:center;justify-content:center;text-decoration:none!important;font-weight:700;color:#fff!important;background:linear-gradient(135deg,#f6743f,#e8552a);border-radius:10px;box-shadow:0 6px 16px rgba(232,85,42,.32);transition:box-shadow .2s}\n.lkx-cta-hero{font-size:15px;padding:13px 22px}\n.lkx-hero:hover .lkx-cta-hero{box-shadow:0 8px 22px rgba(232,85,42,.45)}\n.lkx-cta-sm{font-size:12.5px;padding:9px 14px;width:100%;margin-top:2px}\n.lkx-hero-bottom{margin-top:auto;padding-top:18px;display:flex;align-items:center;justify-content:space-between;gap:14px;flex-wrap:wrap}\n\n\/* BADGE \u2014 jeden v\u00fdrazn\u00fd na fotce *\/\n.lkx-badge{position:absolute;top:12px;right:12px;font-size:10.5px;font-weight:700;letter-spacing:.3px;padding:5px 10px;border-radius:16px;color:#fff}\n.lkx-badge.badge-urgency{background:rgba(214,40,40,.92)}\n.lkx-badge.badge-new{background:rgba(54,133,252,.92)}\n.lkx-badge.badge-top{background:rgba(195,159,118,.95)}\n.lkx-badge.badge-info{background:rgba(40,40,40,.78)}\n\n\/* SECONDARY GRID *\/\n.lkx-grid{display:grid;grid-template-columns:1fr 1fr;gap:14px}\n.lkx-card{background:#fff;border:1px solid #ece7df;border-radius:14px;overflow:hidden;text-decoration:none!important;color:inherit;box-shadow:0 4px 14px rgba(0,0,0,.05);display:flex;flex-direction:column;transition:box-shadow .2s,transform .2s}\n.lkx-card:hover{box-shadow:0 10px 24px rgba(0,0,0,.1);transform:translateY(-2px)}\n.lkx-card-img{position:relative;aspect-ratio:16\/10;background-size:cover;background-position:center;background-color:#eee}\n.lkx-card-body{padding:14px 16px 16px;display:flex;flex-direction:column;gap:7px;flex:1}\n.lkx-card-bottom{margin-top:auto;padding-top:10px;display:flex;align-items:center;justify-content:space-between;gap:8px}\n\n\/* DISCLOSURE \u2014 drobn\u00e1, kv\u016fli d\u016fv\u011b\u0159e\/z\u00e1konu *\/\n.lkx-disclosure{font-size:11px;color:#a7adb3;text-align:center;margin-top:14px;line-height:1.6}\n.lkx-disclosure a{color:#c39f76;text-decoration:none}\n\n@media(max-width:680px){\n  .lkx-hero{grid-template-columns:1fr}\n  .lkx-hero-img{min-height:180px}\n  .lkx-grid{grid-template-columns:1fr}\n  .lkx-head-meta{margin-left:0;width:100%}\n  .lkx-head-title{font-size:19px}\n}\n\n<\/style>\n<div class=\"lkx-module\" data-query=\"malta\">\n  <div class=\"lkx-head\">\n    <div class=\"lkx-head-main\">\n      <span class=\"lkx-head-accent\"><\/span>\n      <span class=\"lkx-head-title\">Upplevelser &amp; biljetter<\/span>\n    <\/div>\n    <span class=\"lkx-head-meta\">betygsatt av resen\u00e4rer \u00b7 GetYourGuide<\/span>\n  <\/div><a class=\"lkx-hero\" href=\"https:\/\/www.getyourguide.com\/sv-se\/marsa-l174834\/fran-malta-etna-taormina-dagsutflykt-med-guide-t596897\/?partner_id=MKZ64IS&amp;utm_medium=online_publisher&amp;cmp=semester-malta-tips\" target=\"_blank\" rel=\"sponsored noopener nofollow\">\n    <div class=\"lkx-hero-img\" style=\"background-image:url('https:\/\/cdn.getyourguide.com\/img\/tour\/591802cee2ca609f99e67b0f0273a69429f19de7105ac3095f906637b2a688d9.jpg\/132.jpg')\" role=\"img\" aria-label=\"Malta - en dagstur Guidad dagsutflykt med katamaran till Etna och Taormina\">\n      <span class=\"lkx-pick\">\u2605 V\u00e5rt val<\/span><\/div>\n    <div class=\"lkx-hero-body\">\n      <div class=\"lkx-title\">Malta &#8211; en dagstur Guidad dagsutflykt med katamaran till Etna och Taormina<\/div>\n      <div class=\"lkx-proof\">\n      <span class=\"lkx-stars\">\u2605\u2605\u2605\u2605\u2605<\/span>\n      <b>4.4<\/b> \u00b7 184 omd\u00f6men\n    <\/div>\n      <div class=\"lkx-hero-bottom\"><div class=\"lkx-price\">fr\u00e5n <b>159\u00a0EUR<\/b><\/div><span class=\"lkx-cta lkx-cta-hero\">Det h\u00e4r vill jag uppleva \u2192<\/span>\n      <\/div>\n    <\/div>\n  <\/a><div class=\"lkx-grid\"><a class=\"lkx-card\" href=\"https:\/\/www.getyourguide.com\/sv-se\/marsa-l174834\/malta-guidad-dagstur-med-katamaran-till-etna-och-catania-t988889\/?partner_id=MKZ64IS&amp;utm_medium=online_publisher&amp;cmp=semester-malta-tips\" target=\"_blank\" rel=\"sponsored noopener nofollow\">\n      <div class=\"lkx-card-img\" style=\"background-image:url('https:\/\/cdn.getyourguide.com\/img\/tour\/85c4b042fd123a7269e89a2fe2c4382be2c53654f541997408a25410a05ff766.jpg\/132.jpg')\" role=\"img\" aria-label=\"Malta: Guidad dagstur med katamaran till Etna och Catania\"><\/div>\n      <div class=\"lkx-card-body\">\n        <div class=\"lkx-title lkx-title-sm\">Malta: Guidad dagstur med katamaran till Etna och Catania<\/div>\n        <div class=\"lkx-proof lkx-proof-sm\">\n      <span class=\"lkx-stars\">\u2605<\/span>\n      <b>4.7<\/b> \u00b7 119\n    <\/div>\n        <div class=\"lkx-card-bottom\"><span class=\"lkx-price lkx-price-sm\">fr\u00e5n <b>159\u00a0EUR<\/b><\/span><span class=\"lkx-cta lkx-cta-sm\">Visa datum \u2192<\/span>\n        <\/div>\n      <\/div>\n    <\/a><a class=\"lkx-card\" href=\"https:\/\/www.getyourguide.com\/sv-se\/marsa-l174834\/fran-malta-syrakusa-och-marzamemi-dagsutflykt-med-guide-t594913\/?partner_id=MKZ64IS&amp;utm_medium=online_publisher&amp;cmp=semester-malta-tips\" target=\"_blank\" rel=\"sponsored noopener nofollow\">\n      <div class=\"lkx-card-img\" style=\"background-image:url('https:\/\/cdn.getyourguide.com\/img\/tour\/3dd92a839c1bf09e86c490aeb6574e91e0ac823910575176db94bf5f3ad9052d.jpg\/132.jpg')\" role=\"img\" aria-label=\"Fr\u00e5n Malta: Syrakusa och Marzamemi dagsutflykt med guide\"><\/div>\n      <div class=\"lkx-card-body\">\n        <div class=\"lkx-title lkx-title-sm\">Fr\u00e5n Malta: Syrakusa och Marzamemi dagsutflykt med guide<\/div>\n        <div class=\"lkx-proof lkx-proof-sm\">\n      <span class=\"lkx-stars\">\u2605<\/span>\n      <b>4.3<\/b> \u00b7 76\n    <\/div>\n        <div class=\"lkx-card-bottom\"><span class=\"lkx-price lkx-price-sm\">fr\u00e5n <b>139\u00a0EUR<\/b><\/span><span class=\"lkx-cta lkx-cta-sm\">Visa datum \u2192<\/span>\n        <\/div>\n      <\/div>\n    <\/a><\/div><div class=\"lkx-disclosure\">\ud83d\udd17 Affiliate-l\u00e4nkar \u2014 p\u00e5verkar inte ditt pris och hj\u00e4lper oss att skapa inneh\u00e5ll. \u00b7 <a href=\"https:\/\/www.getyourguide.com\/sv-se\/s\/?q=malta&amp;partner_id=MKZ64IS&amp;utm_medium=online_publisher\" target=\"_blank\" rel=\"sponsored noopener nofollow\">Alla upplevelser \u2192<\/a><\/div>\n<\/div>\n<!-- LKM_GYG_CARD end -->\n\n\n\n\n<div class=\"lk-stays-module\">\n<style>\n\/* \u2500\u2500\u2500 RESET PRO GUTENBERG \u2500\u2500\u2500 *\/\n.lk-stays-module * { box-sizing: border-box; margin: 0; padding: 0; }\n\n\/* \u2500\u2500\u2500 WRAPPER \u2500\u2500\u2500 *\/\n.lk-stays-module {\n  font-family: 'DM Sans', Georgia, sans-serif;\n  max-width: 100%;\n  margin: 2.5rem auto;\n  background: linear-gradient(135deg, #fdfaf5 0%, #fcf8f0 100%);\n  border: 1px solid #e8dfd4;\n  border-radius: 16px;\n  overflow: hidden;\n  box-shadow: 0 16px 48px rgba(195, 159, 118, 0.25), 0 4px 12px rgba(0,0,0,0.08);\n}\n\n\/* \u2500\u2500\u2500 HEADER \u2500\u2500\u2500 *\/\n.lk-stays-header {\n  position: relative;\n  padding: 24px 36px 24px;\n  background: linear-gradient(135deg, #c39f76 0%, #d4b188 60%, #c39f76 100%);\n  border-bottom: 1px solid rgba(255,255,255,.15);\n  display: flex;\n  align-items: center;\n  gap: 18px;\n}\n.lk-stays-header::before {\n  content: '';\n  position: absolute;\n  inset: 0;\n  background: url(\"data:image\/svg+xml,%3Csvg width='60' height='60' viewBox='0 0 60 60' xmlns='http:\/\/www.w3.org\/2000\/svg'%3E%3Cg fill='none' fill-rule='evenodd'%3E%3Cg fill='%23ffffff' fill-opacity='0.05'%3E%3Cpath d='M36 34v-4h-2v4h-4v2h4v4h2v-4h4v-2h-4zm0-30V0h-2v4h-4v2h4v4h2V6h4V4h-4zM6 34v-4H4v4H0v2h4v4h2v-4h4v-2H6zM6 4V0H4v4H0v2h4v4h2V6h4V4H6z'\/%3E%3C\/g%3E%3C\/g%3E%3C\/svg%3E\") repeat;\n  pointer-events: none;\n}\n.lk-stays-icon {\n  flex-shrink: 0;\n  width: 68px;\n  height: 68px;\n  border-radius: 14px;\n  background: linear-gradient(135deg, #fff 0%, #f9f6f0 100%);\n  display: flex;\n  align-items: center;\n  justify-content: center;\n  font-size: 26px;\n  box-shadow: 0 4px 12px rgba(0,0,0,0.15);\n}\n.lk-stays-eyebrow {\n  font-size: 10px;\n  font-weight: 500;\n  letter-spacing: 2.5px;\n  text-transform: uppercase;\n  color: rgba(255,255,255,.85);\n  margin: 0 0 5px 0;\n}\n.lk-stays-title {\n  font-family: 'Playfair Display', Georgia, serif;\n  font-size: 24px;\n  font-weight: 700;\n  color: #fff;\n  line-height: 1.2;\n  text-shadow: 0 1px 2px rgba(0,0,0,0.1);\n  margin: 0;\n}\n.lk-stays-subtitle {\n  font-size: 13px;\n  color: rgba(255,255,255,.75);\n  margin: 4px 0 0 0;\n  font-weight: 300;\n}\n\n\/* \u2500\u2500\u2500 CARDS GRID \u2500\u2500\u2500 *\/\n.lk-stays-grid {\n  display: grid;\n  grid-template-columns: 1fr 1fr;\n  gap: 1px;\n  background: rgba(195, 159, 118, 0.12);\n}\n\n\/* \u2500\u2500\u2500 SINGLE CARD \u2500\u2500\u2500 *\/\n.lk-stay-card {\n  background: #ffffff;\n  padding: 26px;\n  display: flex;\n  flex-direction: column;\n  gap: 11px;\n  transition: all 0.3s ease;\n  text-decoration: none;\n  color: inherit;\n  position: relative;\n}\n.lk-stay-card:hover {\n  background: #fffbf5;\n  transform: translateY(-2px);\n  box-shadow: 0 8px 24px rgba(195, 159, 118, 0.18);\n  z-index: 1;\n}\n.lk-stay-card.featured {\n  background: linear-gradient(135deg, #fffdf9 0%, #fff9f0 100%);\n  box-shadow: 0 4px 16px rgba(195, 159, 118, 0.15), inset 0 1px 0 rgba(195, 159, 118, 0.1);\n}\n.lk-stay-card.featured:hover {\n  background: linear-gradient(135deg, #fffbf5 0%, #fff8ed 100%);\n  box-shadow: 0 8px 24px rgba(195, 159, 118, 0.25), inset 0 1px 0 rgba(195, 159, 118, 0.15);\n}\n\n.lk-stay-badge {\n  display: inline-flex;\n  align-items: center;\n  gap: 5px;\n  font-size: 10px;\n  font-weight: 500;\n  letter-spacing: 1.5px;\n  text-transform: uppercase;\n  padding: 5px 11px;\n  border-radius: 20px;\n  width: fit-content;\n}\n.badge-top     { background: linear-gradient(135deg, #c39f76 0%, #d4b188 100%); color: #fff; border: 1px solid #c39f76; font-weight: 600; box-shadow: 0 2px 8px rgba(195,159,118,0.3); }\n.badge-luxury  { background: rgba(195,159,118,.12); color: #c39f76; border: 1px solid rgba(195,159,118,.25); }\n.badge-boutique{ background: rgba(54,133,252,.08); color: #3685fc; border: 1px solid rgba(54,133,252,.2); }\n.badge-nature  { background: rgba(130,190,100,.1); color: #6b9c4a; border: 1px solid rgba(130,190,100,.2); }\n.badge-remote  { background: rgba(195,159,118,.12); color: #a67e50; border: 1px solid rgba(195,159,118,.25); }\n\n.lk-stay-name {\n  font-family: 'Playfair Display', Georgia, serif;\n  font-size: 18px;\n  font-weight: 700;\n  color: #111827;\n  line-height: 1.3;\n}\n.lk-stay-desc {\n  font-size: 13.5px;\n  color: #525252;\n  line-height: 1.65;\n  font-weight: 300;\n  flex: 1;\n}\n\n.lk-stay-meta {\n  display: flex;\n  align-items: center;\n  gap: 12px;\n  flex-wrap: wrap;\n  margin-top: 4px;\n}\n.lk-stay-price {\n  font-size: 13px;\n  color: #6b7280;\n}\n.lk-stay-price strong {\n  color: #c39f76;\n  font-weight: 500;\n}\n.lk-stay-stars {\n  color: #c39f76;\n  font-size: 11px;\n  letter-spacing: 1px;\n}\n\n\/* \u2500\u2500\u2500 CTA BUTTON \u2500\u2500\u2500 *\/\n.lk-stay-cta {\n  display: inline-flex;\n  align-items: center;\n  justify-content: center;\n  gap: 7px;\n  margin-top: 8px;\n  padding: 11px 20px;\n  border-radius: 8px;\n  background: linear-gradient(135deg, #3685fc 0%, #2a6fd9 100%);\n  color: #fff;\n  font-size: 13px;\n  font-weight: 500;\n  text-decoration: none;\n  letter-spacing: .3px;\n  transition: all .2s ease;\n  cursor: pointer;\n  border: none;\n  text-align: center;\n  box-shadow: 0 4px 12px rgba(54, 133, 252, 0.25);\n}\n.lk-stay-cta:hover {\n  background: linear-gradient(135deg, #2a6fd9 0%, #1e5bc4 100%);\n  transform: translateY(-1px);\n  box-shadow: 0 6px 16px rgba(54, 133, 252, 0.35);\n}\n.lk-stay-cta svg { flex-shrink: 0; }\n\n\/* \u2500\u2500\u2500 FOOTER \u2500\u2500\u2500 *\/\n.lk-stays-footer {\n  padding: 18px 36px;\n  background: linear-gradient(to bottom, #fdfaf5 0%, #f9f4ed 100%);\n  border-top: 1px solid rgba(195, 159, 118, 0.15);\n  display: flex;\n  align-items: center;\n  justify-content: space-between;\n  flex-wrap: wrap;\n  gap: 12px;\n}\n.lk-stays-footer-note {\n  font-size: 11.5px;\n  color: #6b7280;\n  font-weight: 300;\n  line-height: 1.5;\n}\n.lk-stays-footer-note a {\n  color: #c39f76;\n  text-decoration: none;\n  font-weight: 400;\n}\n.lk-stays-footer-note a:hover {\n  text-decoration: underline;\n}\n.lk-stays-all-btn {\n  display: inline-flex;\n  align-items: center;\n  gap: 6px;\n  font-size: 12.5px;\n  font-weight: 500;\n  color: #c39f76;\n  text-decoration: none;\n  border: 1px solid rgba(195, 159, 118, 0.35);\n  padding: 8px 18px;\n  border-radius: 8px;\n  transition: all .2s ease;\n}\n.lk-stays-all-btn:hover {\n  background: rgba(195, 159, 118, 0.08);\n  border-color: rgba(195, 159, 118, 0.5);\n}\n\n\/* \u2500\u2500\u2500 RESPONSIVE \u2500\u2500\u2500 *\/\n@media (max-width: 600px) {\n  .lk-stays-grid { grid-template-columns: 1fr; }\n  .lk-stays-header { padding: 24px 20px; }\n  .lk-stays-footer { padding: 16px 20px; }\n  .lk-stay-card { padding: 22px; }\n  .lk-stays-title { font-size: 20px; }\n}\n<\/style>\n\n  <!-- HEADER -->\n  <div class=\"lk-stays-header\">\n    <img decoding=\"async\" src=\"https:\/\/loudavymkrokem.cz\/wp-content\/uploads\/2026\/02\/lukas-a-lucka.jpg\" alt=\"\" style=\"width: 75px; height: 75px; border-radius: 8px; flex-shrink: 0; object-fit: cover; display: block; margin: 4px 0;\" title=\"\">\n    <div class=\"lk-stays-header-text\">\n      <div class=\"lk-stays-eyebrow\">Luk\u00e1\u0161 och Lucie rekommenderar<\/div>\n      <div class=\"lk-stays-title\">Var man kan bo p\u00e5 Malta<\/div>\n      <div class=\"lk-stays-subtitle\">6 boenden \u2014 wellnesshotell, resorter och andra boendealternativ<\/div>\n    <\/div>\n  <\/div>\n\n  <!-- CARDS -->\n  <div class=\"lk-stays-grid\">\n\n    <a class=\"lk-stay-card featured\" href=\"https:\/\/www.stay22.com\/allez\/roam?aid=lukaskonecny&#038;campaign=loudavymkrokemcz&#038;campaign=sv&#038;campaign=dovolena-malta&#038;hotelname=The%20Embassy%20Valletta%20Hotel&#038;address=Valletta%2C%20Malta\" target=\"_blank\" rel=\"nofollow noopener\">\n      <span class=\"lk-stay-badge badge-top\">\u2b50 TOPPVAL<\/span>\n      <span class=\"lk-stay-badge badge-nature\">\ud83c\udfe8 Hotell<\/span>\n      <div class=\"lk-stay-name\">The Embassy Valletta Hotel<\/div>\n      <div class=\"lk-stay-desc\">Fantastiskt hotell i den historiska stadsk\u00e4rnan med takpool och fantastisk utsikt \u00f6ver omgivningen.<\/div>\n      <div class=\"lk-stay-meta\">\n        <span class=\"lk-stay-stars\">\u2605\u2605\u2605\u2605<\/span>\n        <span class=\"lk-stay-price\">Kontrollera priser<\/span>\n      <\/div>\n      <span class=\"lk-stay-cta\">\n        <svg width=\"14\" height=\"14\" viewBox=\"0 0 24 24\" fill=\"none\" stroke=\"currentColor\" stroke-width=\"2\"><path d=\"M18 13v6a2 2 0 0 1-2 2H5a2 2 0 0 1-2-2V8a2 2 0 0 1 2-2h6\"\/><polyline points=\"15 3 21 3 21 9\"\/><line x1=\"10\" y1=\"14\" x2=\"21\" y2=\"3\"\/><\/svg>\n        Kontrollera tillg\u00e4nglighet\n      <\/span>\n    <\/a>\n\n    <a class=\"lk-stay-card\" href=\"https:\/\/www.stay22.com\/allez\/roam?aid=lukaskonecny&#038;campaign=loudavymkrokemcz&#038;campaign=sv&#038;campaign=dovolena-malta&#038;hotelname=Hotel%20Juliani&#038;address=St%20Julian%27s%2C%20Malta\" target=\"_blank\" rel=\"nofollow noopener\">\n      <span class=\"lk-stay-badge badge-nature\">\ud83c\udfe8 Hotell<\/span>\n      <div class=\"lk-stay-name\">Hotel Juliani<\/div>\n      <div class=\"lk-stay-desc\">Vacker boutiquehotell vid Spinola Bay-kusten, erbjuder utm\u00e4rkt service och charmig atmosf\u00e4r.<\/div>\n      <div class=\"lk-stay-meta\">\n        <span class=\"lk-stay-stars\">\u2605\u2605\u2605\u2605<\/span>\n        <span class=\"lk-stay-price\">Kontrollera priser<\/span>\n      <\/div>\n      <span class=\"lk-stay-cta\">\n        <svg width=\"14\" height=\"14\" viewBox=\"0 0 24 24\" fill=\"none\" stroke=\"currentColor\" stroke-width=\"2\"><path d=\"M18 13v6a2 2 0 0 1-2 2H5a2 2 0 0 1-2-2V8a2 2 0 0 1 2-2h6\"\/><polyline points=\"15 3 21 3 21 9\"\/><line x1=\"10\" y1=\"14\" x2=\"21\" y2=\"3\"\/><\/svg>\n        Kontrollera tillg\u00e4nglighet\n      <\/span>\n    <\/a>\n\n    <a class=\"lk-stay-card\" href=\"https:\/\/www.stay22.com\/allez\/roam?aid=lukaskonecny&#038;campaign=loudavymkrokemcz&#038;campaign=sv&#038;campaign=dovolena-malta&#038;hotelname=Corinthia%20St%20George%27s%20Bay&#038;address=St%20Julian%27s%2C%20Malta\" target=\"_blank\" rel=\"nofollow noopener\">\n      <span class=\"lk-stay-badge badge-nature\">\u2b50 Luxury<\/span>\n      <div class=\"lk-stay-name\">Corinthia St George&#8217;s Bay<\/div>\n      <div class=\"lk-stay-desc\">Lyxig femstj\u00e4rnig resort direkt vid bukten, maximal komfort och f\u00f6rstklassig service f\u00f6r kr\u00e4vande g\u00e4ster.<\/div>\n      <div class=\"lk-stay-meta\">\n        <span class=\"lk-stay-stars\">\u2605\u2605\u2605\u2605\u2605<\/span>\n        <span class=\"lk-stay-price\">Kontrollera priser<\/span>\n      <\/div>\n      <span class=\"lk-stay-cta\">\n        <svg width=\"14\" height=\"14\" viewBox=\"0 0 24 24\" fill=\"none\" stroke=\"currentColor\" stroke-width=\"2\"><path d=\"M18 13v6a2 2 0 0 1-2 2H5a2 2 0 0 1-2-2V8a2 2 0 0 1 2-2h6\"\/><polyline points=\"15 3 21 3 21 9\"\/><line x1=\"10\" y1=\"14\" x2=\"21\" y2=\"3\"\/><\/svg>\n        Kontrollera tillg\u00e4nglighet\n      <\/span>\n    <\/a>\n\n    <a class=\"lk-stay-card\" href=\"https:\/\/www.stay22.com\/allez\/roam?aid=lukaskonecny&#038;campaign=loudavymkrokemcz&#038;campaign=sv&#038;campaign=dovolena-malta&#038;hotelname=Hyatt%20Centric%20Malta&#038;address=St%20Julian%27s%2C%20Malta\" target=\"_blank\" rel=\"nofollow noopener\">\n      <span class=\"lk-stay-badge badge-nature\">\ud83c\udfe8 Hotell<\/span>\n      <div class=\"lk-stay-name\">Hyatt Centric Malta<\/div>\n      <div class=\"lk-stay-desc\">Modernt inrett hotell i St Julian&#8217;s-omr\u00e5det, lockar med elegant takpool.<\/div>\n      <div class=\"lk-stay-meta\">\n        <span class=\"lk-stay-stars\">\u2605\u2605\u2605\u2605<\/span>\n        <span class=\"lk-stay-price\">Kontrollera priser<\/span>\n      <\/div>\n      <span class=\"lk-stay-cta\">\n        <svg width=\"14\" height=\"14\" viewBox=\"0 0 24 24\" fill=\"none\" stroke=\"currentColor\" stroke-width=\"2\"><path d=\"M18 13v6a2 2 0 0 1-2 2H5a2 2 0 0 1-2-2V8a2 2 0 0 1 2-2h6\"\/><polyline points=\"15 3 21 3 21 9\"\/><line x1=\"10\" y1=\"14\" x2=\"21\" y2=\"3\"\/><\/svg>\n        Kontrollera tillg\u00e4nglighet\n      <\/span>\n    <\/a>\n\n    <a class=\"lk-stay-card\" href=\"https:\/\/www.stay22.com\/allez\/roam?aid=lukaskonecny&#038;campaign=loudavymkrokemcz&#038;campaign=sv&#038;campaign=dovolena-malta&#038;hotelname=db%20Seabank%20Resort%20%2B%20Spa&#038;address=Mellieha%2C%20Malta\" target=\"_blank\" rel=\"nofollow noopener\">\n      <span class=\"lk-stay-badge badge-nature\">\ud83c\udf32 Resort<\/span>\n      <div class=\"lk-stay-name\">db Seabank Resort + Spa<\/div>\n      <div class=\"lk-stay-desc\">Popul\u00e4rt all inclusive-komplex, bara ett stenkast fr\u00e5n den b\u00e4sta sandstranden i Mellie\u0127a.<\/div>\n      <div class=\"lk-stay-meta\">\n        <span class=\"lk-stay-stars\">\u2605\u2605\u2605\u2605<\/span>\n        <span class=\"lk-stay-price\">Kontrollera priser<\/span>\n      <\/div>\n      <span class=\"lk-stay-cta\">\n        <svg width=\"14\" height=\"14\" viewBox=\"0 0 24 24\" fill=\"none\" stroke=\"currentColor\" stroke-width=\"2\"><path d=\"M18 13v6a2 2 0 0 1-2 2H5a2 2 0 0 1-2-2V8a2 2 0 0 1 2-2h6\"\/><polyline points=\"15 3 21 3 21 9\"\/><line x1=\"10\" y1=\"14\" x2=\"21\" y2=\"3\"\/><\/svg>\n        Kontrollera tillg\u00e4nglighet\n      <\/span>\n    <\/a>\n\n    <a class=\"lk-stay-card\" href=\"https:\/\/www.stay22.com\/allez\/roam?aid=lukaskonecny&#038;campaign=loudavymkrokemcz&#038;campaign=sv&#038;campaign=dovolena-malta&#038;hotelname=Kempinski%20Hotel%20San%20Lawrenz&#038;address=San%20Lawrenz%2C%20Gozo%2C%20Malta\" target=\"_blank\" rel=\"nofollow noopener\">\n      <span class=\"lk-stay-badge badge-nature\">\ud83c\udf32 Resort<\/span>\n      <div class=\"lk-stay-name\">Kempinski Hotel San Lawrenz<\/div>\n      <div class=\"lk-stay-desc\">Lugn och rymlig resort i Gozos inland, en absolut oas av lugn f\u00f6r perfekt avkoppling.<\/div>\n      <div class=\"lk-stay-meta\">\n        <span class=\"lk-stay-stars\">\u2605\u2605\u2605\u2605<\/span>\n        <span class=\"lk-stay-price\">Kontrollera priser<\/span>\n      <\/div>\n      <span class=\"lk-stay-cta\">\n        <svg width=\"14\" height=\"14\" viewBox=\"0 0 24 24\" fill=\"none\" stroke=\"currentColor\" stroke-width=\"2\"><path d=\"M18 13v6a2 2 0 0 1-2 2H5a2 2 0 0 1-2-2V8a2 2 0 0 1 2-2h6\"\/><polyline points=\"15 3 21 3 21 9\"\/><line x1=\"10\" y1=\"14\" x2=\"21\" y2=\"3\"\/><\/svg>\n        Kontrollera tillg\u00e4nglighet\n      <\/span>\n    <\/a>\n\n  <\/div>\n\n  \n<\/div>\n\n\n\n\n<h3 id=\"18_Bla_lagunen_pa_Comino\" class=\"wp-block-heading\"><span class=\"ez-toc-section\" id=\"18_Bla_lagunen_pa_Comino\"><\/span>18. Bl\u00e5 lagunen p\u00e5 Comino<span class=\"ez-toc-section-end\"><\/span><\/h3>\n\n\n\n<p class=\"wp-block-paragraph\">Det lysande turkosa vattnet i kontrast mot den vita sandbotten har med r\u00e5ge gjort den h\u00e4r viken till hela \u00f6gruppens mest fotogeniska plats. Den ligger vid str\u00e4nderna av den lilla \u00f6n Comino, dit bil inte alls kan ta sig, s\u00e5 du m\u00e5ste betala f\u00f6r en utflyktsb\u00e5t fr\u00e5n Malta eller Gozo, och enligt bilderna ser det ut <strong>som i ett riktigt karibiskt paradis<\/strong>.<\/p>\n\n\n\n<figure data-wp-context=\"{&quot;imageId&quot;:&quot;6a9c4bcb70a7d&quot;}\" data-wp-interactive=\"core\/image\" data-wp-key=\"6a9c4bcb70a7d\" class=\"wp-block-image size-full wp-lightbox-container\"><img decoding=\"async\" width=\"1500\" height=\"1000\" data-wp-class--hide=\"state.isContentHidden\" data-wp-class--show=\"state.isContentVisible\" data-wp-init=\"callbacks.setButtonStyles\" data-wp-on--click=\"actions.showLightbox\" data-wp-on--load=\"callbacks.setButtonStyles\" data-wp-on--pointerdown=\"actions.preloadImage\" data-wp-on--pointerenter=\"actions.preloadImageWithDelay\" data-wp-on--pointerleave=\"actions.cancelPreload\" data-wp-on-window--resize=\"callbacks.setButtonStyles\" src=\"https:\/\/loudavymkrokem.cz\/wp-content\/uploads\/2026\/08\/dovolena-malta-t18.jpg\" alt=\"Bl\u00e5 lagunen p\u00e5 \u00f6n Comino\" class=\"wp-image-399720\" title=\"\" srcset=\"https:\/\/loudavymkrokem.cz\/wp-content\/uploads\/2026\/08\/dovolena-malta-t18.jpg 1500w, https:\/\/loudavymkrokem.cz\/wp-content\/uploads\/2026\/08\/dovolena-malta-t18-300x200.jpg 300w, https:\/\/loudavymkrokem.cz\/wp-content\/uploads\/2026\/08\/dovolena-malta-t18-700x467.jpg 700w, https:\/\/loudavymkrokem.cz\/wp-content\/uploads\/2026\/08\/dovolena-malta-t18-768x512.jpg 768w, https:\/\/loudavymkrokem.cz\/wp-content\/uploads\/2026\/08\/dovolena-malta-t18-696x464.jpg 696w, https:\/\/loudavymkrokem.cz\/wp-content\/uploads\/2026\/08\/dovolena-malta-t18-1392x928.jpg 1392w\" sizes=\"(max-width: 1500px) 100vw, 1500px\" \/><button\n\t\t\tclass=\"lightbox-trigger\"\n\t\t\ttype=\"button\"\n\t\t\taria-haspopup=\"dialog\"\n\t\t\tdata-wp-bind--aria-label=\"state.thisImage.triggerButtonAriaLabel\"\n\t\t\tdata-wp-init=\"callbacks.initTriggerButton\"\n\t\t\tdata-wp-on--click=\"actions.showLightbox\"\n\t\t\tdata-wp-style--right=\"state.thisImage.buttonRight\"\n\t\t\tdata-wp-style--top=\"state.thisImage.buttonTop\"\n\t\t>\n\t\t\t<svg xmlns=\"http:\/\/www.w3.org\/2000\/svg\" width=\"12\" height=\"12\" fill=\"none\" viewBox=\"0 0 12 12\">\n\t\t\t\t<path fill=\"#fff\" d=\"M2 0a2 2 0 0 0-2 2v2h1.5V2a.5.5 0 0 1 .5-.5h2V0H2Zm2 10.5H2a.5.5 0 0 1-.5-.5V8H0v2a2 2 0 0 0 2 2h2v-1.5ZM8 12v-1.5h2a.5.5 0 0 0 .5-.5V8H12v2a2 2 0 0 1-2 2H8Zm2-12a2 2 0 0 1 2 2v2h-1.5V2a.5.5 0 0 0-.5-.5H8V0h2Z\" \/>\n\t\t\t<\/svg>\n\t\t<\/button><figcaption class=\"wp-element-caption\">Bl\u00e5 lagunen p\u00e5 \u00f6n Comino (Foto: Frank Vincentz \/ Wikimedia Commons, CC BY-SA 3.0)<\/figcaption><\/figure>\n\n\n\n<p class=\"wp-block-paragraph\">Men jag m\u00e5ste vara helt \u00e4rlig mot dig, f\u00f6r i juli och augusti \u00e4r det enligt uppgift en enda stor och mycket bullrig tr\u00e4ngsel h\u00e4r, d\u00e4r du inte ens har en chans att l\u00e4gga ut din handduk. Lokalborna rekommenderar d\u00e4rf\u00f6r best\u00e4mt att du <strong>ger dig av med den allra f\u00f6rsta morgonb\u00e5ten<\/strong>, eller planerar bes\u00f6ket utanf\u00f6r den v\u00e4rsta sommars\u00e4songen, och framf\u00f6r allt tar med dig vatten och skugga.<\/p>\n\n\n\n<h3 id=\"19_Victoria_och_Citadellet\" class=\"wp-block-heading\"><span class=\"ez-toc-section\" id=\"19_Victoria_och_Citadellet\"><\/span>19. Victoria och Citadellet<span class=\"ez-toc-section-end\"><\/span><\/h3>\n\n\n\n<p class=\"wp-block-paragraph\">Huvudstaden p\u00e5 den gr\u00f6nare \u00f6n Gozo, som lokalborna ofta kallar med sitt ursprungliga namn Rabat, d\u00f6ljer i sin mitt det majest\u00e4tiska bef\u00e4sta Citadellet. Den h\u00e4r ointagliga f\u00e4stningen skyddade f\u00f6rr inv\u00e5narna mot piratangrepp och erbjuder idag en <strong>underbar panoramautsikt \u00f6ver hela \u00f6n<\/strong>, som du enligt bes\u00f6kare definitivt kommer att \u00e4lska.<\/p>\n\n\n\n<figure data-wp-context=\"{&quot;imageId&quot;:&quot;6a9c4bcb70ed0&quot;}\" data-wp-interactive=\"core\/image\" data-wp-key=\"6a9c4bcb70ed0\" class=\"wp-block-image size-full wp-lightbox-container\"><img decoding=\"async\" width=\"1500\" height=\"1000\" data-wp-class--hide=\"state.isContentHidden\" data-wp-class--show=\"state.isContentVisible\" data-wp-init=\"callbacks.setButtonStyles\" data-wp-on--click=\"actions.showLightbox\" data-wp-on--load=\"callbacks.setButtonStyles\" data-wp-on--pointerdown=\"actions.preloadImage\" data-wp-on--pointerenter=\"actions.preloadImageWithDelay\" data-wp-on--pointerleave=\"actions.cancelPreload\" data-wp-on-window--resize=\"callbacks.setButtonStyles\" src=\"https:\/\/loudavymkrokem.cz\/wp-content\/uploads\/2026\/08\/dovolena-malta-t19.jpg\" alt=\"Citadellet i Victoria p\u00e5 Gozo\" class=\"wp-image-399722\" title=\"\" srcset=\"https:\/\/loudavymkrokem.cz\/wp-content\/uploads\/2026\/08\/dovolena-malta-t19.jpg 1500w, https:\/\/loudavymkrokem.cz\/wp-content\/uploads\/2026\/08\/dovolena-malta-t19-300x200.jpg 300w, https:\/\/loudavymkrokem.cz\/wp-content\/uploads\/2026\/08\/dovolena-malta-t19-700x467.jpg 700w, https:\/\/loudavymkrokem.cz\/wp-content\/uploads\/2026\/08\/dovolena-malta-t19-768x512.jpg 768w, https:\/\/loudavymkrokem.cz\/wp-content\/uploads\/2026\/08\/dovolena-malta-t19-696x464.jpg 696w, https:\/\/loudavymkrokem.cz\/wp-content\/uploads\/2026\/08\/dovolena-malta-t19-1392x928.jpg 1392w\" sizes=\"(max-width: 1500px) 100vw, 1500px\" \/><button\n\t\t\tclass=\"lightbox-trigger\"\n\t\t\ttype=\"button\"\n\t\t\taria-haspopup=\"dialog\"\n\t\t\tdata-wp-bind--aria-label=\"state.thisImage.triggerButtonAriaLabel\"\n\t\t\tdata-wp-init=\"callbacks.initTriggerButton\"\n\t\t\tdata-wp-on--click=\"actions.showLightbox\"\n\t\t\tdata-wp-style--right=\"state.thisImage.buttonRight\"\n\t\t\tdata-wp-style--top=\"state.thisImage.buttonTop\"\n\t\t>\n\t\t\t<svg xmlns=\"http:\/\/www.w3.org\/2000\/svg\" width=\"12\" height=\"12\" fill=\"none\" viewBox=\"0 0 12 12\">\n\t\t\t\t<path fill=\"#fff\" d=\"M2 0a2 2 0 0 0-2 2v2h1.5V2a.5.5 0 0 1 .5-.5h2V0H2Zm2 10.5H2a.5.5 0 0 1-.5-.5V8H0v2a2 2 0 0 0 2 2h2v-1.5ZM8 12v-1.5h2a.5.5 0 0 0 .5-.5V8H12v2a2 2 0 0 1-2 2H8Zm2-12a2 2 0 0 1 2 2v2h-1.5V2a.5.5 0 0 0-.5-.5H8V0h2Z\" \/>\n\t\t\t<\/svg>\n\t\t<\/button><figcaption class=\"wp-element-caption\">Citadellet i Victoria p\u00e5 Gozo (Foto: CEphoto, Uwe Aranas \/ Wikimedia Commons, CC BY-SA 3.0)<\/figcaption><\/figure>\n\n\n\n<p class=\"wp-block-paragraph\">Till Gozo tar du dig antingen med f\u00e4rja fr\u00e5n hamnen \u010airkewwa, vilket tar ungef\u00e4r 25 minuter, eller s\u00e5 kan du ta den snabba katamaranen fr\u00e5n Valletta som seglar i cirka tre kvart. En praktisk kuriositet \u00e4r att <strong>resan till \u00f6n \u00e4r gratis<\/strong> \u2013 biljetten f\u00f6r f\u00e4rjan k\u00f6per du f\u00f6rst p\u00e5 \u00e5terresan till Malta, s\u00e5 du slipper on\u00f6digt strul vid avresan.<\/p>\n\n\n\n<h3 id=\"20_Dwejra_och_Inlandshavet\" class=\"wp-block-heading\"><span class=\"ez-toc-section\" id=\"20_Dwejra_och_Inlandshavet\"><\/span>20. Dwejra och Inlandshavet<span class=\"ez-toc-section-end\"><\/span><\/h3>\n\n\n\n<p class=\"wp-block-paragraph\">Den h\u00e4r delen av Gozo var f\u00f6rr ber\u00f6md framf\u00f6r allt tack vare Azure Window, en enorm klippb\u00e5ge som tyv\u00e4rr rasade ner i havet under en kraftig storm 2017. Men \u00e4ven utan den bjuder naturen h\u00e4r p\u00e5 en otrolig f\u00f6rest\u00e4llning, f\u00f6r det har blivit kvar ett fascinerande Inlandshav och <strong>fantastiska f\u00f6ruts\u00e4ttningar f\u00f6r dykning i de djupa grottorna<\/strong>.<\/p>\n\n\n\n<figure data-wp-context=\"{&quot;imageId&quot;:&quot;6a9c4bcb71282&quot;}\" data-wp-interactive=\"core\/image\" data-wp-key=\"6a9c4bcb71282\" class=\"wp-block-image size-full wp-lightbox-container\"><img decoding=\"async\" width=\"1500\" height=\"998\" data-wp-class--hide=\"state.isContentHidden\" data-wp-class--show=\"state.isContentVisible\" data-wp-init=\"callbacks.setButtonStyles\" data-wp-on--click=\"actions.showLightbox\" data-wp-on--load=\"callbacks.setButtonStyles\" data-wp-on--pointerdown=\"actions.preloadImage\" data-wp-on--pointerenter=\"actions.preloadImageWithDelay\" data-wp-on--pointerleave=\"actions.cancelPreload\" data-wp-on-window--resize=\"callbacks.setButtonStyles\" src=\"https:\/\/loudavymkrokem.cz\/wp-content\/uploads\/2026\/08\/dovolena-malta-t20.jpg\" alt=\"Dwejra och Inlandshavet p\u00e5 Gozo\" class=\"wp-image-399725\" title=\"\" srcset=\"https:\/\/loudavymkrokem.cz\/wp-content\/uploads\/2026\/08\/dovolena-malta-t20.jpg 1500w, https:\/\/loudavymkrokem.cz\/wp-content\/uploads\/2026\/08\/dovolena-malta-t20-300x200.jpg 300w, https:\/\/loudavymkrokem.cz\/wp-content\/uploads\/2026\/08\/dovolena-malta-t20-700x466.jpg 700w, https:\/\/loudavymkrokem.cz\/wp-content\/uploads\/2026\/08\/dovolena-malta-t20-768x511.jpg 768w, https:\/\/loudavymkrokem.cz\/wp-content\/uploads\/2026\/08\/dovolena-malta-t20-696x463.jpg 696w, https:\/\/loudavymkrokem.cz\/wp-content\/uploads\/2026\/08\/dovolena-malta-t20-1392x926.jpg 1392w\" sizes=\"(max-width: 1500px) 100vw, 1500px\" \/><button\n\t\t\tclass=\"lightbox-trigger\"\n\t\t\ttype=\"button\"\n\t\t\taria-haspopup=\"dialog\"\n\t\t\tdata-wp-bind--aria-label=\"state.thisImage.triggerButtonAriaLabel\"\n\t\t\tdata-wp-init=\"callbacks.initTriggerButton\"\n\t\t\tdata-wp-on--click=\"actions.showLightbox\"\n\t\t\tdata-wp-style--right=\"state.thisImage.buttonRight\"\n\t\t\tdata-wp-style--top=\"state.thisImage.buttonTop\"\n\t\t>\n\t\t\t<svg xmlns=\"http:\/\/www.w3.org\/2000\/svg\" width=\"12\" height=\"12\" fill=\"none\" viewBox=\"0 0 12 12\">\n\t\t\t\t<path fill=\"#fff\" d=\"M2 0a2 2 0 0 0-2 2v2h1.5V2a.5.5 0 0 1 .5-.5h2V0H2Zm2 10.5H2a.5.5 0 0 1-.5-.5V8H0v2a2 2 0 0 0 2 2h2v-1.5ZM8 12v-1.5h2a.5.5 0 0 0 .5-.5V8H12v2a2 2 0 0 1-2 2H8Zm2-12a2 2 0 0 1 2 2v2h-1.5V2a.5.5 0 0 0-.5-.5H8V0h2Z\" \/>\n\t\t\t<\/svg>\n\t\t<\/button><figcaption class=\"wp-element-caption\">Dwejra och Inlandshavet p\u00e5 Gozo (Foto: portengaround \/ Wikimedia Commons, CC BY-SA 2.0)<\/figcaption><\/figure>\n\n\n\n<p class=\"wp-block-paragraph\">Inlandshavet utg\u00f6rs egentligen av en liten grund lagun som \u00e4r f\u00f6rbunden med \u00f6ppna havet genom en smal klipptunnel, som sm\u00e5 utflyktsb\u00e5tar g\u00e4rna glider igenom. Erfarna resen\u00e4rer hyllar de <strong>fantastiska f\u00f6ruts\u00e4ttningarna f\u00f6r snorkling<\/strong> h\u00e4r, men varnar samtidigt f\u00f6r att den vassa klippiga kusten kr\u00e4ver f\u00f6rsiktighet och stadiga vattenskor.<\/p>\n\n\n\n<h3 id=\"21_Ramla_Bay_ogruppens_finaste_sandstrand\" class=\"wp-block-heading\"><span class=\"ez-toc-section\" id=\"21_Ramla_Bay_ogruppens_finaste_sandstrand\"><\/span>21. Ramla Bay: \u00f6gruppens finaste sandstrand<span class=\"ez-toc-section-end\"><\/span><\/h3>\n\n\n\n<p class=\"wp-block-paragraph\">Om du letar efter den allra finaste sandstranden p\u00e5 Gozo skickar alla dig genast till norra kusten, till den rymliga viken Ramla. Dess helt karakteristiska <strong>oranger\u00f6da sand kontrasterar mot det klara vattnet<\/strong>, och h\u00f6gt \u00f6ver viken tornar den ber\u00f6mda Kalypsogrottan upp sig, d\u00e4r nymfen Kalypso enligt s\u00e4gnen h\u00f6ll den sagolike Odysseus f\u00e5ngen i hela sju \u00e5r.<\/p>\n\n\n\n<figure data-wp-context=\"{&quot;imageId&quot;:&quot;6a9c4bcb71636&quot;}\" data-wp-interactive=\"core\/image\" data-wp-key=\"6a9c4bcb71636\" class=\"wp-block-image size-full wp-lightbox-container\"><img decoding=\"async\" width=\"1500\" height=\"972\" data-wp-class--hide=\"state.isContentHidden\" data-wp-class--show=\"state.isContentVisible\" data-wp-init=\"callbacks.setButtonStyles\" data-wp-on--click=\"actions.showLightbox\" data-wp-on--load=\"callbacks.setButtonStyles\" data-wp-on--pointerdown=\"actions.preloadImage\" data-wp-on--pointerenter=\"actions.preloadImageWithDelay\" data-wp-on--pointerleave=\"actions.cancelPreload\" data-wp-on-window--resize=\"callbacks.setButtonStyles\" src=\"https:\/\/loudavymkrokem.cz\/wp-content\/uploads\/2026\/08\/dovolena-malta-t21.jpg\" alt=\"Den r\u00f6da sanden p\u00e5 stranden Ramla Bay\" class=\"wp-image-399728\" title=\"\" srcset=\"https:\/\/loudavymkrokem.cz\/wp-content\/uploads\/2026\/08\/dovolena-malta-t21.jpg 1500w, https:\/\/loudavymkrokem.cz\/wp-content\/uploads\/2026\/08\/dovolena-malta-t21-300x194.jpg 300w, https:\/\/loudavymkrokem.cz\/wp-content\/uploads\/2026\/08\/dovolena-malta-t21-700x454.jpg 700w, https:\/\/loudavymkrokem.cz\/wp-content\/uploads\/2026\/08\/dovolena-malta-t21-768x498.jpg 768w, https:\/\/loudavymkrokem.cz\/wp-content\/uploads\/2026\/08\/dovolena-malta-t21-696x451.jpg 696w, https:\/\/loudavymkrokem.cz\/wp-content\/uploads\/2026\/08\/dovolena-malta-t21-1392x902.jpg 1392w\" sizes=\"(max-width: 1500px) 100vw, 1500px\" \/><button\n\t\t\tclass=\"lightbox-trigger\"\n\t\t\ttype=\"button\"\n\t\t\taria-haspopup=\"dialog\"\n\t\t\tdata-wp-bind--aria-label=\"state.thisImage.triggerButtonAriaLabel\"\n\t\t\tdata-wp-init=\"callbacks.initTriggerButton\"\n\t\t\tdata-wp-on--click=\"actions.showLightbox\"\n\t\t\tdata-wp-style--right=\"state.thisImage.buttonRight\"\n\t\t\tdata-wp-style--top=\"state.thisImage.buttonTop\"\n\t\t>\n\t\t\t<svg xmlns=\"http:\/\/www.w3.org\/2000\/svg\" width=\"12\" height=\"12\" fill=\"none\" viewBox=\"0 0 12 12\">\n\t\t\t\t<path fill=\"#fff\" d=\"M2 0a2 2 0 0 0-2 2v2h1.5V2a.5.5 0 0 1 .5-.5h2V0H2Zm2 10.5H2a.5.5 0 0 1-.5-.5V8H0v2a2 2 0 0 0 2 2h2v-1.5ZM8 12v-1.5h2a.5.5 0 0 0 .5-.5V8H12v2a2 2 0 0 1-2 2H8Zm2-12a2 2 0 0 1 2 2v2h-1.5V2a.5.5 0 0 0-.5-.5H8V0h2Z\" \/>\n\t\t\t<\/svg>\n\t\t<\/button><figcaption class=\"wp-element-caption\">Den r\u00f6da sanden p\u00e5 stranden Ramla Bay (Foto: JosephAmodio \/ Wikimedia Commons, CC BY-SA 4.0)<\/figcaption><\/figure>\n\n\n\n<p class=\"wp-block-paragraph\">\u00c4nda fram till sanden tar du dig bekv\u00e4mt med de lokala bussarna, som regelbundet g\u00e5r hit fr\u00e5n \u00f6ns huvudstad. Om du vill spara pengar p\u00e5 transporten under hela vistelsen l\u00f6nar det sig definitivt att skaffa ett <strong>turistkort som g\u00e4ller en vecka<\/strong>, som kostar ungef\u00e4r 25 euro, allts\u00e5 omkring 290 kr.<\/p>\n\n\n\n<h3 id=\"22_Ggantija_varldens_aldsta_fristaende_byggnader\" class=\"wp-block-heading\"><span class=\"ez-toc-section\" id=\"22_Ggantija_varldens_aldsta_fristaende_byggnader\"><\/span>22. \u0120gantija: v\u00e4rldens \u00e4ldsta frist\u00e5ende byggnader<span class=\"ez-toc-section-end\"><\/span><\/h3>\n\n\n\n<p class=\"wp-block-paragraph\">Historiker \u00e4r eniga om att om du gillar antiken kommer det h\u00e4r fantastiska tempelkomplexet p\u00e5 Gozo att bokstavligen sl\u00e5 dig med h\u00e4pnad. De h\u00e4r massiva megalitiska byggnadsverken, som naturligtvis skyddas av UNESCO, s\u00e4gs vara <strong>v\u00e4rldens allra \u00e4ldsta frist\u00e5ende byggnader<\/strong>, s\u00e5 de k\u00f6r l\u00e4tt om till och med brittiska Stonehenge.<\/p>\n\n\n\n<figure data-wp-context=\"{&quot;imageId&quot;:&quot;6a9c4bcb719fa&quot;}\" data-wp-interactive=\"core\/image\" data-wp-key=\"6a9c4bcb719fa\" class=\"wp-block-image size-full wp-lightbox-container\"><img decoding=\"async\" width=\"1500\" height=\"1000\" data-wp-class--hide=\"state.isContentHidden\" data-wp-class--show=\"state.isContentVisible\" data-wp-init=\"callbacks.setButtonStyles\" data-wp-on--click=\"actions.showLightbox\" data-wp-on--load=\"callbacks.setButtonStyles\" data-wp-on--pointerdown=\"actions.preloadImage\" data-wp-on--pointerenter=\"actions.preloadImageWithDelay\" data-wp-on--pointerleave=\"actions.cancelPreload\" data-wp-on-window--resize=\"callbacks.setButtonStyles\" src=\"https:\/\/loudavymkrokem.cz\/wp-content\/uploads\/2026\/08\/dovolena-malta-t22.jpg\" alt=\"De megalitiska templen \u0120gantija p\u00e5 Gozo\" class=\"wp-image-399732\" title=\"\" srcset=\"https:\/\/loudavymkrokem.cz\/wp-content\/uploads\/2026\/08\/dovolena-malta-t22.jpg 1500w, https:\/\/loudavymkrokem.cz\/wp-content\/uploads\/2026\/08\/dovolena-malta-t22-300x200.jpg 300w, https:\/\/loudavymkrokem.cz\/wp-content\/uploads\/2026\/08\/dovolena-malta-t22-700x467.jpg 700w, https:\/\/loudavymkrokem.cz\/wp-content\/uploads\/2026\/08\/dovolena-malta-t22-768x512.jpg 768w, https:\/\/loudavymkrokem.cz\/wp-content\/uploads\/2026\/08\/dovolena-malta-t22-696x464.jpg 696w, https:\/\/loudavymkrokem.cz\/wp-content\/uploads\/2026\/08\/dovolena-malta-t22-1392x928.jpg 1392w\" sizes=\"(max-width: 1500px) 100vw, 1500px\" \/><button\n\t\t\tclass=\"lightbox-trigger\"\n\t\t\ttype=\"button\"\n\t\t\taria-haspopup=\"dialog\"\n\t\t\tdata-wp-bind--aria-label=\"state.thisImage.triggerButtonAriaLabel\"\n\t\t\tdata-wp-init=\"callbacks.initTriggerButton\"\n\t\t\tdata-wp-on--click=\"actions.showLightbox\"\n\t\t\tdata-wp-style--right=\"state.thisImage.buttonRight\"\n\t\t\tdata-wp-style--top=\"state.thisImage.buttonTop\"\n\t\t>\n\t\t\t<svg xmlns=\"http:\/\/www.w3.org\/2000\/svg\" width=\"12\" height=\"12\" fill=\"none\" viewBox=\"0 0 12 12\">\n\t\t\t\t<path fill=\"#fff\" d=\"M2 0a2 2 0 0 0-2 2v2h1.5V2a.5.5 0 0 1 .5-.5h2V0H2Zm2 10.5H2a.5.5 0 0 1-.5-.5V8H0v2a2 2 0 0 0 2 2h2v-1.5ZM8 12v-1.5h2a.5.5 0 0 0 .5-.5V8H12v2a2 2 0 0 1-2 2H8Zm2-12a2 2 0 0 1 2 2v2h-1.5V2a.5.5 0 0 0-.5-.5H8V0h2Z\" \/>\n\t\t\t<\/svg>\n\t\t<\/button><figcaption class=\"wp-element-caption\">De megalitiska templen \u0120gantija p\u00e5 Gozo (Foto: Diego Delso \/ Wikimedia Commons, CC BY-SA 4.0)<\/figcaption><\/figure>\n\n\n\n<p class=\"wp-block-paragraph\">De enorma kalkstensblocken v\u00e4ger flera tiotals ton, och enligt urgamla legender m\u00e5ste j\u00e4ttar ha burit hit dem, eftersom d\u00e5tidens inv\u00e5nare inte kunde f\u00f6rklara bygget p\u00e5 n\u00e5got annat s\u00e4tt. Rundvandringen i omr\u00e5det \u00e4r mycket v\u00e4lorganiserad och b\u00f6rjar i ett modernt bes\u00f6kscentrum, d\u00e4r det rekommenderas att du <strong>noga studerar de utst\u00e4llda artefakterna<\/strong> s\u00e5 att du f\u00e5r sammanhanget.<\/p>\n\n\n\n<h3 id=\"23_Xlendi_och_Marsalforn\" class=\"wp-block-heading\"><span class=\"ez-toc-section\" id=\"23_Xlendi_och_Marsalforn\"><\/span>23. Xlendi och Marsalforn<span class=\"ez-toc-section-end\"><\/span><\/h3>\n\n\n\n<p class=\"wp-block-paragraph\">De h\u00e4r tv\u00e5 mycket lugna och sympatiska kustorterna utg\u00f6r en idealisk bas f\u00f6r en avslappnad semester p\u00e5 Gozo. Medan den smala viken Xlendi bl\u00e4ndar med dramatiska klippor och underbara solnedg\u00e5ngar lockar Marsalforn med en fin strandpromenad och <strong>unika historiska saltpannor<\/strong>, som \u00e4r uthuggna direkt i kustklipporna precis utanf\u00f6r staden.<\/p>\n\n\n\n<figure data-wp-context=\"{&quot;imageId&quot;:&quot;6a9c4bcb71dd5&quot;}\" data-wp-interactive=\"core\/image\" data-wp-key=\"6a9c4bcb71dd5\" class=\"wp-block-image size-full wp-lightbox-container\"><img decoding=\"async\" width=\"1500\" height=\"1000\" data-wp-class--hide=\"state.isContentHidden\" data-wp-class--show=\"state.isContentVisible\" data-wp-init=\"callbacks.setButtonStyles\" data-wp-on--click=\"actions.showLightbox\" data-wp-on--load=\"callbacks.setButtonStyles\" data-wp-on--pointerdown=\"actions.preloadImage\" data-wp-on--pointerenter=\"actions.preloadImageWithDelay\" data-wp-on--pointerleave=\"actions.cancelPreload\" data-wp-on-window--resize=\"callbacks.setButtonStyles\" src=\"https:\/\/loudavymkrokem.cz\/wp-content\/uploads\/2026\/08\/dovolena-malta-t23.jpg\" alt=\"Viken Xlendi p\u00e5 \u00f6n Gozo\" class=\"wp-image-399733\" title=\"\" srcset=\"https:\/\/loudavymkrokem.cz\/wp-content\/uploads\/2026\/08\/dovolena-malta-t23.jpg 1500w, https:\/\/loudavymkrokem.cz\/wp-content\/uploads\/2026\/08\/dovolena-malta-t23-300x200.jpg 300w, https:\/\/loudavymkrokem.cz\/wp-content\/uploads\/2026\/08\/dovolena-malta-t23-700x467.jpg 700w, https:\/\/loudavymkrokem.cz\/wp-content\/uploads\/2026\/08\/dovolena-malta-t23-768x512.jpg 768w, https:\/\/loudavymkrokem.cz\/wp-content\/uploads\/2026\/08\/dovolena-malta-t23-696x464.jpg 696w, https:\/\/loudavymkrokem.cz\/wp-content\/uploads\/2026\/08\/dovolena-malta-t23-1392x928.jpg 1392w\" sizes=\"(max-width: 1500px) 100vw, 1500px\" \/><button\n\t\t\tclass=\"lightbox-trigger\"\n\t\t\ttype=\"button\"\n\t\t\taria-haspopup=\"dialog\"\n\t\t\tdata-wp-bind--aria-label=\"state.thisImage.triggerButtonAriaLabel\"\n\t\t\tdata-wp-init=\"callbacks.initTriggerButton\"\n\t\t\tdata-wp-on--click=\"actions.showLightbox\"\n\t\t\tdata-wp-style--right=\"state.thisImage.buttonRight\"\n\t\t\tdata-wp-style--top=\"state.thisImage.buttonTop\"\n\t\t>\n\t\t\t<svg xmlns=\"http:\/\/www.w3.org\/2000\/svg\" width=\"12\" height=\"12\" fill=\"none\" viewBox=\"0 0 12 12\">\n\t\t\t\t<path fill=\"#fff\" d=\"M2 0a2 2 0 0 0-2 2v2h1.5V2a.5.5 0 0 1 .5-.5h2V0H2Zm2 10.5H2a.5.5 0 0 1-.5-.5V8H0v2a2 2 0 0 0 2 2h2v-1.5ZM8 12v-1.5h2a.5.5 0 0 0 .5-.5V8H12v2a2 2 0 0 1-2 2H8Zm2-12a2 2 0 0 1 2 2v2h-1.5V2a.5.5 0 0 0-.5-.5H8V0h2Z\" \/>\n\t\t\t<\/svg>\n\t\t<\/button><figcaption class=\"wp-element-caption\">Viken Xlendi p\u00e5 \u00f6n Gozo (Foto: Diego Delso \/ Wikimedia Commons, CC BY-SA 4.0)<\/figcaption><\/figure>\n\n\n\n<p class=\"wp-block-paragraph\">B\u00e5da sm\u00e5st\u00e4derna erbjuder ganska bra bussf\u00f6rbindelser med huvudstaden Victoria, s\u00e5 h\u00e4rifr\u00e5n g\u00f6r du l\u00e4tt utflykter \u00f6ver hela \u00f6n. Badet sker h\u00e4r fr\u00e4mst fr\u00e5n iordningst\u00e4llda klippterrasser med stegar, l\u00e4ngs vilka du hittar massor av restauranger som serverar lokala specialiteter. S\u00e5 det r\u00e4cker med att kolla in <a href=\"https:\/\/loudavymkrokem.cz\/sv\/hitta-billiga-flyg-tips\/\">hur du hittar billiga flygbiljetter<\/a>, s\u00e5 kan du ge dig av.<\/p>\n\n\n\n<h3 id=\"24_Finaste_stranderna_Golden_Bay_Ghajn_Tuffieha_och_Mellieha_Bay\" class=\"wp-block-heading\"><span class=\"ez-toc-section\" id=\"24_Finaste_stranderna_Golden_Bay_Ghajn_Tuffieha_och_Mellieha_Bay\"><\/span>24. Finaste str\u00e4nderna: Golden Bay, G\u0127ajn Tuffie\u0127a och Mellie\u0127a Bay<span class=\"ez-toc-section-end\"><\/span><\/h3>\n\n\n\n<p class=\"wp-block-paragraph\">Allra sist m\u00e5ste vi f\u00f6rst\u00e5s summera det viktigaste f\u00f6r strandlatmaskar, f\u00f6r Malta bjuder p\u00e5 tre huvudsakliga sandiga sk\u00f6nheter. Barnfamiljer uppskattar enligt uppgift mest den grunda viken Mellie\u0127a Bay, medan popul\u00e4ra Golden Bay ligger en bit bort och alldeles intill den lugnare G\u0127ajn Tuffie\u0127a, dit man <strong>m\u00e5ste ta sig ner via branta trappor<\/strong>.<\/p>\n\n\n\n<figure data-wp-context=\"{&quot;imageId&quot;:&quot;6a9c4bcb7229c&quot;}\" data-wp-interactive=\"core\/image\" data-wp-key=\"6a9c4bcb7229c\" class=\"wp-block-image size-full wp-lightbox-container\"><img decoding=\"async\" width=\"1500\" height=\"997\" data-wp-class--hide=\"state.isContentHidden\" data-wp-class--show=\"state.isContentVisible\" data-wp-init=\"callbacks.setButtonStyles\" data-wp-on--click=\"actions.showLightbox\" data-wp-on--load=\"callbacks.setButtonStyles\" data-wp-on--pointerdown=\"actions.preloadImage\" data-wp-on--pointerenter=\"actions.preloadImageWithDelay\" data-wp-on--pointerleave=\"actions.cancelPreload\" data-wp-on-window--resize=\"callbacks.setButtonStyles\" src=\"https:\/\/loudavymkrokem.cz\/wp-content\/uploads\/2026\/08\/dovolena-malta-t24.jpg\" alt=\"Stranden Golden Bay p\u00e5 Malta\" class=\"wp-image-399736\" title=\"\" srcset=\"https:\/\/loudavymkrokem.cz\/wp-content\/uploads\/2026\/08\/dovolena-malta-t24.jpg 1500w, https:\/\/loudavymkrokem.cz\/wp-content\/uploads\/2026\/08\/dovolena-malta-t24-300x199.jpg 300w, https:\/\/loudavymkrokem.cz\/wp-content\/uploads\/2026\/08\/dovolena-malta-t24-700x465.jpg 700w, https:\/\/loudavymkrokem.cz\/wp-content\/uploads\/2026\/08\/dovolena-malta-t24-768x510.jpg 768w, https:\/\/loudavymkrokem.cz\/wp-content\/uploads\/2026\/08\/dovolena-malta-t24-696x463.jpg 696w, https:\/\/loudavymkrokem.cz\/wp-content\/uploads\/2026\/08\/dovolena-malta-t24-1392x925.jpg 1392w\" sizes=\"(max-width: 1500px) 100vw, 1500px\" \/><button\n\t\t\tclass=\"lightbox-trigger\"\n\t\t\ttype=\"button\"\n\t\t\taria-haspopup=\"dialog\"\n\t\t\tdata-wp-bind--aria-label=\"state.thisImage.triggerButtonAriaLabel\"\n\t\t\tdata-wp-init=\"callbacks.initTriggerButton\"\n\t\t\tdata-wp-on--click=\"actions.showLightbox\"\n\t\t\tdata-wp-style--right=\"state.thisImage.buttonRight\"\n\t\t\tdata-wp-style--top=\"state.thisImage.buttonTop\"\n\t\t>\n\t\t\t<svg xmlns=\"http:\/\/www.w3.org\/2000\/svg\" width=\"12\" height=\"12\" fill=\"none\" viewBox=\"0 0 12 12\">\n\t\t\t\t<path fill=\"#fff\" d=\"M2 0a2 2 0 0 0-2 2v2h1.5V2a.5.5 0 0 1 .5-.5h2V0H2Zm2 10.5H2a.5.5 0 0 1-.5-.5V8H0v2a2 2 0 0 0 2 2h2v-1.5ZM8 12v-1.5h2a.5.5 0 0 0 .5-.5V8H12v2a2 2 0 0 1-2 2H8Zm2-12a2 2 0 0 1 2 2v2h-1.5V2a.5.5 0 0 0-.5-.5H8V0h2Z\" \/>\n\t\t\t<\/svg>\n\t\t<\/button><figcaption class=\"wp-element-caption\">Stranden Golden Bay p\u00e5 Malta (Foto: Searching For Bliss \/ Wikimedia Commons, CC BY 4.0)<\/figcaption><\/figure>\n\n\n\n<p class=\"wp-block-paragraph\">Just tack vare trapporna \u00e4r viken G\u0127ajn Tuffie\u0127a n\u00e5got mindre \u00f6verbefolkad, men jag vill \u00e4nd\u00e5 \u00e4n en g\u00e5ng p\u00e5minna om en stor maltesisk egenhet. Det mesta av det vanliga badet \u00f6ver hela \u00f6gruppen sker n\u00e4mligen fr\u00e5n klippor och betongplattformar, s\u00e5 om du verkligen \u00e4lskar l\u00e5nga sandstr\u00e4nder b\u00f6r du <strong>logiskt planera ditt boende just i n\u00e4rheten av de h\u00e4r tre n\u00e4mnda vikarna<\/strong>.<\/p>\n\n\n\n<h2 id=\"Var_ska_man_bo_pa_Malta_basta_omraden_och_konkreta_hotell\" class=\"wp-block-heading\"><span class=\"ez-toc-section\" id=\"Var_ska_man_bo_pa_Malta_basta_omradena_och_konkreta_hotell\"><\/span>Var ska man bo p\u00e5 Malta: b\u00e4sta omr\u00e5dena och konkreta hotell<span class=\"ez-toc-section-end\"><\/span><\/h2>\n\n\n\n<p class=\"wp-block-paragraph\">Malta \u00e4r visserligen ganska pytteliten till ytan, men vid val av boende spelar det egentligen inte s\u00e5 stor roll, f\u00f6r du kan lugnt bo p\u00e5 ett enda st\u00e4lle och bekv\u00e4mt k\u00f6ra runt hela \u00f6n d\u00e4rifr\u00e5n. <strong>Mycket viktigare \u00e4r sj\u00e4lva atmosf\u00e4ren p\u00e5 platsen<\/strong>, eftersom varje sm\u00e5stad bjuder p\u00e5 en helt annan upplevelse och olika m\u00f6jligheter till kv\u00e4llsn\u00f6je.<\/p>\n\n\n\n<p class=\"wp-block-paragraph\">Medan du p\u00e5 vissa st\u00e4llen hittar lugna historiska gr\u00e4nder som skapade f\u00f6r romantiska promenader v\u00e4ntar det p\u00e5 andra st\u00e4llen ett svalt nattliv fullt av barer och mycket h\u00f6gljudd musik. <strong>Jag rekommenderar att du i f\u00f6rv\u00e4g funderar p\u00e5 vilken typ av semester du egentligen s\u00f6ker<\/strong>, och v\u00e4ljer ditt tillf\u00e4lliga hem f\u00f6r lediga dagar utifr\u00e5n det.<\/p>\n\n\n\n<p class=\"wp-block-paragraph\">\ud83d\udca1 <strong>Tips:<\/strong> Innan du b\u00f6rjar v\u00e4lja ett konkret hotell b\u00f6r du g\u00e5 igenom <a href=\"https:\/\/www.stay22.com\/allez\/roam?aid=lukaskonecny&amp;campaign=loudavymkrokemcz&amp;campaign=dovolena-malta&amp;address=Malta\" target=\"_blank\" rel=\"nofollow noopener sponsored\">det aktuella utbudet av boende p\u00e5 Malta<\/a> och st\u00e4lla in filtret p\u00e5 fri avbokning. Under h\u00f6gs\u00e4song s\u00e4ljs de b\u00e4st betygsatta hotellen slut flera m\u00e5nader i f\u00f6rv\u00e4g.<\/p>\n\n\n\n<h3 id=\"Vilket_omrade_ska_man_valja\" class=\"wp-block-heading\"><span class=\"ez-toc-section\" id=\"Vilket_omrade_ska_man_valja\"><\/span>Vilket omr\u00e5de ska man v\u00e4lja<span class=\"ez-toc-section-end\"><\/span><\/h3>\n\n\n\n<ul class=\"wp-block-list\">\n<li><strong>Sliema:<\/strong> Bjuder p\u00e5 en underbar strandpromenad kantad av butiker, <strong>bad direkt fr\u00e5n klippterrasser<\/strong> och en enorm f\u00f6rdel \u00e4r \u00e4ven f\u00e4rjan, som tar dig till Valletta p\u00e5 behagliga tio minuter.<\/li>\n\n\n\n<li><strong>St Julian&#8217;s och Paceville:<\/strong> Om du s\u00f6ker ett pulserande nattliv och massor av restauranger blir du f\u00f6rtjust h\u00e4r, men <strong>var beredd p\u00e5 en riktigt bullrig milj\u00f6<\/strong> som framf\u00f6r allt lockar unga resen\u00e4rer.<\/li>\n\n\n\n<li><strong>Valletta:<\/strong> H\u00e4r andas du rik historia och en unik atmosf\u00e4r p\u00e5 underbara boutiquehotell, p\u00e5 kv\u00e4llen lugnar staden sk\u00f6nt ner sig, r\u00e4kna bara med <strong>en enorm brist p\u00e5 parkeringsplatser<\/strong>.<\/li>\n\n\n\n<li><strong>Mellie\u0127a och norr:<\/strong> Ett lugnare omr\u00e5de idealiskt f\u00f6r barnfamiljer, varifr\u00e5n du har <strong>n\u00e4rmast till de stora sandstr\u00e4nderna<\/strong> och till hamnen med f\u00e4rjor mot \u00f6n Gozo.<\/li>\n\n\n\n<li><strong>Gozo:<\/strong> H\u00e4r flyter tiden i ett helt annat tempo och \u00f6n \u00e4r k\u00e4nd f\u00f6r sina lantg\u00e5rdar, s\u00e5 kallade farmhouses, med privat pool, vilket g\u00f6r den till ett <strong>idealiskt m\u00e5l f\u00f6r andra halvan av din vistelse<\/strong>.<\/li>\n<\/ul>\n\n\n\n<h3 id=\"Konkreta_tips_pa_boende\" class=\"wp-block-heading\"><span class=\"ez-toc-section\" id=\"Konkreta_tips_pa_boende\"><\/span>Konkreta tips p\u00e5 boende<span class=\"ez-toc-section-end\"><\/span><\/h3>\n\n\n\n<ul class=\"wp-block-list\">\n<li><strong><a href=\"https:\/\/www.stay22.com\/allez\/roam?aid=lukaskonecny&amp;campaign=loudavymkrokemcz&amp;campaign=dovolena-malta&amp;hotelname=The%20Embassy%20Valletta%20Hotel&amp;address=Valletta%2C%20Malta\" target=\"_blank\" rel=\"noopener nofollow sponsored\">The Embassy Valletta Hotel<\/a>:<\/strong> Det h\u00e4r fantastiska hotellet ligger mitt i det historiska centrumet och dess st\u00f6rsta dragpl\u00e5ster \u00e4r <strong>taket med pool och en makal\u00f6s utsikt<\/strong> \u00f6ver hela omgivningen.<\/li>\n\n\n\n<li><strong><a href=\"https:\/\/www.stay22.com\/allez\/roam?aid=lukaskonecny&amp;campaign=loudavymkrokemcz&amp;campaign=dovolena-malta&amp;hotelname=Hotel%20Juliani&amp;address=St%20Julian%27s%2C%20Malta\" target=\"_blank\" rel=\"noopener nofollow sponsored\">Hotel Juliani<\/a>:<\/strong> Ett vackert boutiquehotell bel\u00e4get direkt vid Spinola Bays kust, som enligt recensioner <strong>erbjuder fantastisk service och en f\u00f6rtrollande atmosf\u00e4r<\/strong>.<\/li>\n\n\n\n<li><strong><a href=\"https:\/\/www.stay22.com\/allez\/roam?aid=lukaskonecny&amp;campaign=loudavymkrokemcz&amp;campaign=dovolena-malta&amp;hotelname=Corinthia%20St%20George%27s%20Bay&amp;address=St%20Julian%27s%2C%20Malta\" target=\"_blank\" rel=\"noopener nofollow sponsored\">Corinthia St George&#8217;s Bay<\/a>:<\/strong> En lyxig femstj\u00e4rnig resort bel\u00e4gen direkt vid viken, d\u00e4r du <strong>kan njuta av maximal komfort<\/strong> och f\u00f6rstklassig service f\u00f6r de kr\u00e4sna.<\/li>\n\n\n\n<li><strong><a href=\"https:\/\/www.stay22.com\/allez\/roam?aid=lukaskonecny&amp;campaign=loudavymkrokemcz&amp;campaign=dovolena-malta&amp;hotelname=Hyatt%20Centric%20Malta&amp;address=St%20Julian%27s%2C%20Malta\" target=\"_blank\" rel=\"noopener nofollow sponsored\">Hyatt Centric Malta<\/a>:<\/strong> Ett modernt inrett hotell bel\u00e4get i det livligare omr\u00e5det St Julian&#8217;s, som <strong>lockar resen\u00e4rer med en stilren pool<\/strong> p\u00e5 taket.<\/li>\n\n\n\n<li><strong><a href=\"https:\/\/www.stay22.com\/allez\/roam?aid=lukaskonecny&amp;campaign=loudavymkrokemcz&amp;campaign=dovolena-malta&amp;hotelname=db%20Seabank%20Resort%20%2B%20Spa&amp;address=Mellieha%2C%20Malta\" target=\"_blank\" rel=\"noopener nofollow sponsored\">db Seabank Resort + Spa<\/a>:<\/strong> Ett omtyckt komplex som erbjuder all inclusive-boende och som <strong>ligger bara en bit fr\u00e5n den b\u00e4sta sandstranden<\/strong> i det popul\u00e4ra omr\u00e5det Mellie\u0127a.<\/li>\n\n\n\n<li><strong><a href=\"https:\/\/www.stay22.com\/allez\/roam?aid=lukaskonecny&amp;campaign=loudavymkrokemcz&amp;campaign=dovolena-malta&amp;hotelname=Kempinski%20Hotel%20San%20Lawrenz&amp;address=San%20Lawrenz%2C%20Gozo%2C%20Malta\" target=\"_blank\" rel=\"noopener nofollow sponsored\">Kempinski Hotel San Lawrenz<\/a>:<\/strong> En lugn och vidstr\u00e4ckt resort insatt i Gozos inland, d\u00e4r du <strong>hittar en fullkomlig oas av lugn<\/strong> f\u00f6r perfekt avkoppling.<\/li>\n<\/ul>\n\n\n\n<h2 id=\"Vad_man_ater_pa_Malta_en_guide_for_vegetarianer_och_andra\" class=\"wp-block-heading\"><span class=\"ez-toc-section\" id=\"Vad_man_ater_pa_Malta_en_guide_for_vegetarianer_och_andra\"><\/span>Vad man \u00e4ter p\u00e5 Malta: en guide f\u00f6r vegetarianer och andra<span class=\"ez-toc-section-end\"><\/span><\/h2>\n\n\n\n<p class=\"wp-block-paragraph\">Det maltesiska k\u00f6ket \u00e4r otroligt varierat och speglar perfekt \u00f6ns l\u00e4ge vid korsv\u00e4gen mellan Europa och Nordafrika. <strong>H\u00e4r blandas starka italienska influenser med arabiska traditioner<\/strong>, s\u00e5 b\u00e5de pasta- och ost\u00e4lskare och fans av mustiga gr\u00f6nsaksr\u00e4tter och baljv\u00e4xter l\u00e4r f\u00e5 sitt.<\/p>\n\n\n\n<figure data-wp-context=\"{&quot;imageId&quot;:&quot;6a9c4bcb72e90&quot;}\" data-wp-interactive=\"core\/image\" data-wp-key=\"6a9c4bcb72e90\" class=\"wp-block-image size-full wp-lightbox-container\"><img decoding=\"async\" width=\"1500\" height=\"1000\" data-wp-class--hide=\"state.isContentHidden\" data-wp-class--show=\"state.isContentVisible\" data-wp-init=\"callbacks.setButtonStyles\" data-wp-on--click=\"actions.showLightbox\" data-wp-on--load=\"callbacks.setButtonStyles\" data-wp-on--pointerdown=\"actions.preloadImage\" data-wp-on--pointerenter=\"actions.preloadImageWithDelay\" data-wp-on--pointerleave=\"actions.cancelPreload\" data-wp-on-window--resize=\"callbacks.setButtonStyles\" src=\"https:\/\/loudavymkrokem.cz\/wp-content\/uploads\/2026\/08\/dovolena-malta-food.jpg\" alt=\"Maltesiska pastizzi\" class=\"wp-image-399739\" title=\"\" srcset=\"https:\/\/loudavymkrokem.cz\/wp-content\/uploads\/2026\/08\/dovolena-malta-food.jpg 1500w, https:\/\/loudavymkrokem.cz\/wp-content\/uploads\/2026\/08\/dovolena-malta-food-300x200.jpg 300w, https:\/\/loudavymkrokem.cz\/wp-content\/uploads\/2026\/08\/dovolena-malta-food-700x467.jpg 700w, https:\/\/loudavymkrokem.cz\/wp-content\/uploads\/2026\/08\/dovolena-malta-food-768x512.jpg 768w, https:\/\/loudavymkrokem.cz\/wp-content\/uploads\/2026\/08\/dovolena-malta-food-696x464.jpg 696w, https:\/\/loudavymkrokem.cz\/wp-content\/uploads\/2026\/08\/dovolena-malta-food-1392x928.jpg 1392w\" sizes=\"(max-width: 1500px) 100vw, 1500px\" \/><button\n\t\t\tclass=\"lightbox-trigger\"\n\t\t\ttype=\"button\"\n\t\t\taria-haspopup=\"dialog\"\n\t\t\tdata-wp-bind--aria-label=\"state.thisImage.triggerButtonAriaLabel\"\n\t\t\tdata-wp-init=\"callbacks.initTriggerButton\"\n\t\t\tdata-wp-on--click=\"actions.showLightbox\"\n\t\t\tdata-wp-style--right=\"state.thisImage.buttonRight\"\n\t\t\tdata-wp-style--top=\"state.thisImage.buttonTop\"\n\t\t>\n\t\t\t<svg xmlns=\"http:\/\/www.w3.org\/2000\/svg\" width=\"12\" height=\"12\" fill=\"none\" viewBox=\"0 0 12 12\">\n\t\t\t\t<path fill=\"#fff\" d=\"M2 0a2 2 0 0 0-2 2v2h1.5V2a.5.5 0 0 1 .5-.5h2V0H2Zm2 10.5H2a.5.5 0 0 1-.5-.5V8H0v2a2 2 0 0 0 2 2h2v-1.5ZM8 12v-1.5h2a.5.5 0 0 0 .5-.5V8H12v2a2 2 0 0 1-2 2H8Zm2-12a2 2 0 0 1 2 2v2h-1.5V2a.5.5 0 0 0-.5-.5H8V0h2Z\" \/>\n\t\t\t<\/svg>\n\t\t<\/button><figcaption class=\"wp-element-caption\">Maltesiska pastizzi (Foto: Renata Apan \/ Wikimedia Commons, CC BY-SA 4.0)<\/figcaption><\/figure>\n\n\n\n<p class=\"wp-block-paragraph\">Luk\u00e1\u0161 och jag s\u00f6ker alltid upp k\u00f6ttfria lokala l\u00e4ckerheter p\u00e5 v\u00e5ra resor, och resen\u00e4rer hyllar att den h\u00e4r \u00f6n i det avseendet bjuder p\u00e5 massor av fantastiska alternativ. <strong>L\u00e5t oss titta p\u00e5 de mest typiska r\u00e4tterna<\/strong> som du enligt lokalbornas rekommendation absolut b\u00f6r smaka p\u00e5 under ditt bes\u00f6k.<\/p>\n\n\n\n<ul class=\"wp-block-list\">\n<li><strong>Pastizzi:<\/strong> Traditionella sm\u00f6rdegspiroger med rik fyllning av ricotta eller \u00e4rter fungerar som nationell mellanm\u00e5lsr\u00e4tt och \u00e4r <strong>ett helt idealiskt val f\u00f6r vegetarianer<\/strong>.<\/li>\n\n\n\n<li><strong>Ftira:<\/strong> Det h\u00e4r runda surdegsbr\u00f6det, som sedan 2020 till och med finns p\u00e5 UNESCO:s lista \u00f6ver immateriellt kulturarv, <strong>fylls oftast med f\u00e4rska gr\u00f6nsaker, oliver, kapris och tomater<\/strong>.<\/li>\n\n\n\n<li><strong>Bigilla:<\/strong> En tjock och smakm\u00e4ssigt mycket markant b\u00f6nr\u00f6ra som gl\u00e4djer alla som s\u00f6ker en <strong>autentisk och naturligt vegetarisk l\u00e4ckerhet<\/strong>.<\/li>\n\n\n\n<li><strong>\u0120bejniet:<\/strong> Den lokala f\u00e5rosten h\u00f6r till maltesisk mats absoluta grunder och <strong>du kan smaka den antingen f\u00e4rsk eller torkad<\/strong> med en rej\u00e4l dos kryddig peppar.<\/li>\n\n\n\n<li><strong>Kapunata:<\/strong> Den lokala motsvarigheten till den ber\u00f6mda franska ratatouillen, som <strong>kombinerar aubergine, tomater, paprika och kapris<\/strong> till en perfekt sommarr\u00e4tt.<\/li>\n\n\n\n<li><strong>Ross il-forn:<\/strong> Traditionell ugnsgratinerad ris h\u00f6r till de omtyckta ugnsr\u00e4tterna och p\u00e5 m\u00e5nga st\u00e4llen <strong>st\u00f6ter du ofta p\u00e5 \u00e4ven dess k\u00f6ttfria vegetariska variant<\/strong>.<\/li>\n\n\n\n<li><strong>Kinnie:<\/strong> En omtyckt besk-s\u00f6t alkoholfri dryck av beska apelsiner av sorten chinotto och \u00f6rter, som <strong>bryggs enbart p\u00e5 Malta<\/strong> och svalkar h\u00e4rligt varma sommardagar.<\/li>\n\n\n\n<li><strong>Lokala specialiteter med k\u00f6tt och fisk:<\/strong> \u00d6n \u00e4r historiskt k\u00e4nd f\u00f6r r\u00e4tter som stuvad kanin, kallad fenek, och fisken lampuki, r\u00e4tter som <strong>enligt m\u00e5nga guider utg\u00f6r grunden i den k\u00f6ttbaserade kosten<\/strong> och som lokalborna \u00e4r mycket stolta \u00f6ver.<\/li>\n<\/ul>\n\n\n\n<p class=\"wp-block-paragraph\">\ud83d\udca1 TIPS: I varje st\u00f6rre by hittar du ett s\u00e5 kallat pastizzeria, d\u00e4r <strong>f\u00e4rska pastizzi kostar bara n\u00e5gra kronor<\/strong> och m\u00e4ttar dig utm\u00e4rkt. I st\u00f6rre st\u00e4der som Valletta eller Sliema \u00e4r dessutom ett brett vegetariskt och veganskt utbud p\u00e5 moderna bistros idag helt vanligt \u263a\ufe0f.<\/p>\n\n\n\n<h2 id=\"Att_ta_sig_runt_pa_Malta_bussar_farja_och_bil\" class=\"wp-block-heading\"><span class=\"ez-toc-section\" id=\"Att_ta_sig_runt_pa_Malta_bussar_farja_och_bil\"><\/span>Att ta sig runt p\u00e5 Malta: bussar, f\u00e4rja och bil<span class=\"ez-toc-section-end\"><\/span><\/h2>\n\n\n\n<p class=\"wp-block-paragraph\">Att f\u00f6rflytta sig runt p\u00e5 \u00f6n kan vara ett litet \u00e4ventyr i sig och kr\u00e4ver ibland en dos t\u00e5lamod. <strong>Du har flera alternativ och var och en har sina f\u00f6r- och nackdelar<\/strong>, oavsett om du best\u00e4mmer dig f\u00f6r att lita p\u00e5 kollektivtrafiken eller hellre tar ratten i egna h\u00e4nder.<\/p>\n\n\n\n<h3 id=\"Tallinja_bussarna\" class=\"wp-block-heading\"><span class=\"ez-toc-section\" id=\"Tallinja-bussarna\"><\/span>Tallinja-bussarna<span class=\"ez-toc-section-end\"><\/span><\/h3>\n\n\n\n<p class=\"wp-block-paragraph\">Kollektivtrafiken sk\u00f6ts av de i\u00f6gonfallande gr\u00f6na bussarna fr\u00e5n bolaget Tallinja, som <strong>t\u00e4cker praktiskt taget hela \u00f6n mycket bra och p\u00e5litligt<\/strong>. En grundbiljett g\u00e4ller i tv\u00e5 timmar och du kan byta hur du vill med den, medan priset oftast ligger kring tv\u00e5 euro per resa.<\/p>\n\n\n\n<p class=\"wp-block-paragraph\">F\u00f6r l\u00e4ngre vistelser l\u00f6nar sig enligt uppgift ett turistkort som g\u00e4ller en vecka, som kostar ungef\u00e4r 25 euro och besparar dig besv\u00e4ret med att st\u00e4ndigt k\u00f6pa biljetter. Men jag m\u00e5ste \u00e4rligt varna dig f\u00f6r att <strong>bussarna p\u00e5 popul\u00e4ra str\u00e4ckor \u00e4r betydligt l\u00e5ngsammare under sommarm\u00e5naderna<\/strong> \u00e4n vad den officiella tidtabellen lovar.<\/p>\n\n\n\n<h3 id=\"Farja_till_Gozo_och_Comino\" class=\"wp-block-heading\"><span class=\"ez-toc-section\" id=\"Farja_till_Gozo_och_Comino\"><\/span>F\u00e4rja till Gozo och Comino<span class=\"ez-toc-section-end\"><\/span><\/h3>\n\n\n\n<p class=\"wp-block-paragraph\">Om du vill utforska grann\u00f6n Gozo kan du ta den klassiska f\u00e4rjan fr\u00e5n hamnen \u010airkewwa, vars f\u00e4rd tar knappt en halvtimme. Fr\u00e5n Valletta g\u00e5r sedan en snabb katamaran som tar dig fram p\u00e5 cirka 45 minuter, och det roliga \u00e4r att <strong>resan dit \u00e4r gratis och att du k\u00f6per biljetten f\u00f6rst p\u00e5 hemv\u00e4gen<\/strong>.<\/p>\n\n\n\n<p class=\"wp-block-paragraph\">Till den minsta \u00f6n Comino och till dess ber\u00f6mda Bl\u00e5 lagun <strong>tar du dig uteslutande med b\u00e5t fr\u00e5n de omkringliggande hamnarna<\/strong>. Bilar f\u00e5r inte alls komma till den h\u00e4r lilla biten land, s\u00e5 d\u00e4r r\u00e5der ett behagligt lugn som bara st\u00f6rs av skarorna av entusiastiska utflyktsresen\u00e4rer.<\/p>\n\n\n\n<h3 id=\"Ska_man_hyra_bil_eller_inte\" class=\"wp-block-heading\"><span class=\"ez-toc-section\" id=\"Ska_man_hyra_bil_eller_inte\"><\/span>Ska man hyra bil eller inte?<span class=\"ez-toc-section-end\"><\/span><\/h3>\n\n\n\n<p class=\"wp-block-paragraph\">Fundera noga p\u00e5 beslutet att hyra bil, f\u00f6r <strong>h\u00e4r k\u00f6r man p\u00e5 v\u00e4nster sida efter brittisk f\u00f6rebild<\/strong>, v\u00e4garna \u00e4r ofta mycket smala och lokala f\u00f6rare k\u00f6r ganska temperamentsfullt. Ett enormt problem \u00e4r ocks\u00e5 parkeringen, som i st\u00e4der som Valletta och Sliema \u00e4r i stort sett om\u00f6jlig och kostar en massa nerver.<\/p>\n\n\n\n<p class=\"wp-block-paragraph\">Om du \u00e4r r\u00e4dd f\u00f6r att k\u00f6ra p\u00e5 motsatt sida <strong>rekommenderas det att du anv\u00e4nder apparna Bolt och eCabs<\/strong>, som fungerar utm\u00e4rkt p\u00e5 \u00f6n. Ta absolut inte en taxi bara s\u00e5d\u00e4r p\u00e5 gatan, eftersom priserna via mobilapparna \u00e4r mycket v\u00e4nligare och framf\u00f6r allt k\u00e4nner du alltid till dem i f\u00f6rv\u00e4g.<\/p>\n\n\n\n<h2 id=\"Vad_kostar_en_semester_pa_Malta\" class=\"wp-block-heading\"><span class=\"ez-toc-section\" id=\"Vad_kostar_en_semester_pa_Malta\"><\/span>Vad kostar en semester p\u00e5 Malta<span class=\"ez-toc-section-end\"><\/span><\/h2>\n\n\n\n<p class=\"wp-block-paragraph\">Malta \u00e4r fullv\u00e4rdig medlem i Europeiska unionen och man betalar med euro h\u00e4r, s\u00e5 du beh\u00f6ver inte v\u00e4xla till dig n\u00e5gon exotisk valuta. <strong>Generellt g\u00e4ller att den h\u00e4r \u00f6n \u00e4r lite billigare \u00e4n grannlandet Italien<\/strong>, men \u00e5 andra sidan f\u00e5r du betala mer h\u00e4r \u00e4n i till exempel Bulgarien eller Albanien.<\/p>\n\n\n\n<p class=\"wp-block-paragraph\">F\u00f6ljande budget f\u00f6r tv\u00e5 personer under en vecka \u00e4r bara en ungef\u00e4rlig uppskattning, eftersom <strong>slutsumman varierar mycket beroende p\u00e5 vilken s\u00e4song du \u00e5ker<\/strong>.<\/p>\n\n\n\n<ul class=\"wp-block-list\">\n<li><strong>Flygbiljetter:<\/strong> Tur och retur-biljetter fr\u00e5n Stockholm eller G\u00f6teborg kostar dig oftast 100 till 200 euro per person, vilket motsvarar <strong>cirka 1 100 till 2 300 kr<\/strong>.<\/li>\n\n\n\n<li><strong>Boende:<\/strong> F\u00f6r ett genomsnittligt dubbelrum p\u00e5 ett trevligt hotell betalar du kring 500 till 900 euro per vecka, allts\u00e5 <strong>ungef\u00e4r 5 700 till 10 300 kr<\/strong> f\u00f6r tv\u00e5.<\/li>\n\n\n\n<li><strong>Mat:<\/strong> Om du kombinerar mat fr\u00e5n bagerier och middagar p\u00e5 restaurang b\u00f6r du r\u00e4kna med en summa p\u00e5 300 till 450 euro per vecka, vilket blir <strong>omkring 3 400 till 5 200 kr<\/strong>.<\/li>\n\n\n\n<li><strong>Transport:<\/strong> Veckokort p\u00e5 bussarna och enstaka resor med f\u00e4rja eller Bolt slukar ungef\u00e4r 70 till 100 euro f\u00f6r tv\u00e5 personer, allts\u00e5 <strong>cirka 800 till 1 100 kr<\/strong>.<\/li>\n\n\n\n<li><strong>Intr\u00e4den och utflykter:<\/strong> Bes\u00f6k p\u00e5 historiska tempel och b\u00e5tturer kostar uppskattningsvis 80 till 150 euro f\u00f6r ett par, vilket \u00e4r <strong>ungef\u00e4r 900 till 1 700 kr<\/strong>.<\/li>\n<\/ul>\n\n\n\n<p class=\"wp-block-paragraph\">\ud83d\udca1 TIPS: Om du vill spara p\u00e5 resan b\u00f6r du <strong>definitivt h\u00e5lla koll p\u00e5 flygbolagens kampanjer<\/strong>. Kika p\u00e5 v\u00e5r artikel <a href=\"https:\/\/loudavymkrokem.cz\/sv\/hitta-billiga-flyg-tips\/\">hur du hittar billiga flygbiljetter<\/a>, d\u00e4r du hittar massor av anv\u00e4ndbara r\u00e5d f\u00f6r att leta upp f\u00f6rm\u00e5nliga avg\u00e5ngar.<\/p>\n\n\n\n<h2 id=\"Vad_man_bor_se_upp_med_pa_Malta\" class=\"wp-block-heading\"><span class=\"ez-toc-section\" id=\"Vad_man_bor_se_upp_med_pa_Malta\"><\/span>Vad man b\u00f6r se upp med p\u00e5 Malta<span class=\"ez-toc-section-end\"><\/span><\/h2>\n\n\n\n<p class=\"wp-block-paragraph\">\u00c4ven om hela landet \u00e4r mycket s\u00e4kert och turister inte hotas av n\u00e5gon st\u00f6rre fara h\u00e4r, <strong>finns det ett par lokala egenheter som l\u00e4tt kan \u00f6verraska dig<\/strong>. L\u00e5t oss summera de viktigaste sakerna som det l\u00f6nar sig att mentalt f\u00f6rbereda sig p\u00e5 inf\u00f6r resan, s\u00e5 att du inte f\u00e5r d\u00e5ligt hum\u00f6r p\u00e5 plats.<\/p>\n\n\n\n<ul class=\"wp-block-list\">\n<li><strong>V\u00e4nstertrafik och smala v\u00e4gar:<\/strong> F\u00f6r en svensk kan det vara ganska stressande att k\u00f6ra p\u00e5 motsatt sida och <strong>m\u00e5nga byv\u00e4gar \u00e4r verkligen bara till f\u00f6r en bil<\/strong>.<\/li>\n\n\n\n<li><strong>Brittiska uttag:<\/strong> \u00d6n anv\u00e4nder fortfarande brittiska treuttag av typ G, s\u00e5 <strong>utan r\u00e4tt reseadapter kan du tyv\u00e4rr inte ladda telefonen<\/strong>.<\/li>\n\n\n\n<li><strong>Maneter p\u00e5 sensommaren:<\/strong> N\u00e4r vattnet v\u00e4rms upp rej\u00e4lt i slutet av sommaren dyker det upp maneter vid kusten, och d\u00e4rf\u00f6r <strong>\u00e4r det bra att f\u00f6lja lokala webbplatser med aktuella rapporter<\/strong>.<\/li>\n\n\n\n<li><strong>F\u00e5 sandstr\u00e4nder och bad fr\u00e5n klippor:<\/strong> Malta \u00e4r inget typiskt stranddestinationsland, man g\u00e5r ofta ner i vattnet via stegar fr\u00e5n betongplattformar, och <strong>vattenskor kommer definitivt v\u00e4l till pass<\/strong>.<\/li>\n\n\n\n<li><strong>\u00d6verfull Bl\u00e5 lagun:<\/strong> Under den v\u00e4rsta sommars\u00e4songen \u00e4r den h\u00e4r f\u00f6rtrollande platsen proppfull, s\u00e5 <strong>om du l\u00e4ngtar efter lugn m\u00e5ste du ge dig av hit riktigt tidigt p\u00e5 morgonen<\/strong>.<\/li>\n\n\n\n<li><strong>Buller i Paceville:<\/strong> Det h\u00e4r omr\u00e5det \u00e4r ett k\u00e4nt centrum f\u00f6r nattlivet och barerna spelar h\u00f6gt \u00e4nda till tidiga morgonen, s\u00e5 <strong>f\u00f6r en lugn natts s\u00f6mn b\u00f6r du hellre v\u00e4lja boende n\u00e5gon annanstans<\/strong>.<\/li>\n\n\n\n<li><strong>Kraftig vind och inst\u00e4llda b\u00e5tutflykter:<\/strong> \u00d6v\u00e4dret \u00e4r ofta ober\u00e4kneligt och vid kraftig sj\u00f6g\u00e5ng <strong>h\u00e4nder det ofta att f\u00e4rjor eller utflyktsb\u00e5tar inte alls \u00e5ker ut av s\u00e4kerhetssk\u00e4l<\/strong>.<\/li>\n<\/ul>\n\n\n\n<h2 id=\"Malta_med_barn\" class=\"wp-block-heading\"><span class=\"ez-toc-section\" id=\"Malta_med_barn\"><\/span>Malta med barn<span class=\"ez-toc-section-end\"><\/span><\/h2>\n\n\n\n<p class=\"wp-block-paragraph\">En familjesemester p\u00e5 den h\u00e4r soliga \u00f6n \u00e4r v\u00e4ldigt logisk, eftersom <strong>direktflyget fr\u00e5n Stockholm bara tar ett par timmar<\/strong>, vilket \u00e4ven mindre resen\u00e4rer klarar av. Lokalborna \u00e4r dessutom mycket tillm\u00f6tesg\u00e5ende mot barn och i varje h\u00f6rn hittar du aktiviteter som roar hela familjen \ud83d\ude05.<\/p>\n\n\n\n<ul class=\"wp-block-list\">\n<li><strong>Mellie\u0127a Bay:<\/strong> Den h\u00e4r stranden \u00e4r den \u00f6verl\u00e4gset popul\u00e4raste bland familjer, eftersom <strong>den har en riktigt l\u00e5nggrund strandkant<\/strong> och fin sand f\u00f6r att bygga stora sandslott.<\/li>\n\n\n\n<li><strong>Popeye Village:<\/strong> De forna filmkulisserna fr\u00e5n filmen Karl-Alfred med Robin Williams har f\u00f6rvandlats till en <strong>f\u00f6rtrollande n\u00f6jesby som barnen helt enkelt \u00e4lskar<\/strong>.<\/li>\n\n\n\n<li><strong>Utsiktsb\u00e5tar i Grand Harbour:<\/strong> En tur med en traditionell brokig b\u00e5t \u00f6ver den stora hamnen i Valletta <strong>\u00e4r en fantastisk upplevelse f\u00f6r sm\u00e5 uppt\u00e4cktsresande<\/strong>.<\/li>\n\n\n\n<li><strong>Malta National Aquarium:<\/strong> Om v\u00e4dret inte skulle spela med r\u00e4ddar det h\u00e4r moderna akvariet, fullt av hajar och rockor, <strong>tillf\u00f6rlitligt hela eftermiddagen \u00e5t dig<\/strong>.<\/li>\n\n\n\n<li><strong>Korta avst\u00e5nd och spr\u00e5ket:<\/strong> Alla attraktioner ligger en kort bit fr\u00e5n varandra, s\u00e5 barnen slipper lida av l\u00e5nga transporter, och <strong>en enorm f\u00f6rdel \u00e4r \u00e4ven att du g\u00f6r dig f\u00f6rst\u00e5dd p\u00e5 engelska \u00f6verallt<\/strong>.<\/li>\n<\/ul>\n\n\n\n<h2 id=\"Vart_ska_man_aka_vidare_fler_tips_pa_semester_vid_havet\" class=\"wp-block-heading\"><span class=\"ez-toc-section\" id=\"Vart_ska_man_aka_vidare_fler_tips_pa_semester_vid_havet\"><\/span>Vart ska man \u00e5ka vidare: fler tips p\u00e5 semester vid havet<span class=\"ez-toc-section-end\"><\/span><\/h2>\n\n\n\n<p class=\"wp-block-paragraph\">Om du fortfarande inte \u00e4r helt best\u00e4md och \u00f6verv\u00e4ger \u00e4ven andra europeiska resm\u00e5l har jag <strong>satt ihop en lista med fler anv\u00e4ndbara artiklar<\/strong>. Kanske lockas du i slut\u00e4ndan av en annan bit av det soliga Medelhavet, eller s\u00e5 kommer praktiska r\u00e5d inf\u00f6r planeringen av din n\u00e4sta sommarresa v\u00e4l till pass.<\/p>\n\n\n\n<ul class=\"wp-block-list\">\n<li><a href=\"https:\/\/loudavymkrokem.cz\/sv\/semester-i-september-resmaal\/\">Vart ska man \u00e5ka p\u00e5 semester i september<\/a><\/li>\n\n\n\n<li><a href=\"https:\/\/loudavymkrokem.cz\/sv\/semester-sicilien-basta-platser\/\">Semester p\u00e5 Sicilien<\/a><\/li>\n\n\n\n<li><a href=\"https:\/\/loudavymkrokem.cz\/sv\/nar-aka-till-italien\/\">N\u00e4r ska man \u00e5ka till Italien<\/a><\/li>\n\n\n\n<li><a href=\"https:\/\/loudavymkrokem.cz\/sv\/hitta-billiga-flyg-tips\/\">Hur du hittar billiga flygbiljetter<\/a><\/li>\n\n\n\n<li><a href=\"https:\/\/loudavymkrokem.cz\/jak-vybrat-cestovni-pojisteni-na-dovolenou\/\">Resef\u00f6rs\u00e4kring<\/a><\/li>\n<\/ul>\n\n\n\n<h2 id=\"Vanliga_fragor\" class=\"wp-block-heading\"><span class=\"ez-toc-section\" id=\"Vanliga_fragor\"><\/span>Vanliga fr\u00e5gor<span class=\"ez-toc-section-end\"><\/span><\/h2>\n\n\n\n<p class=\"wp-block-paragraph\">Allra sist har jag samlat svaren p\u00e5 de vanligaste fr\u00e5gorna som resen\u00e4rer brukar fundera p\u00e5 innan avresan. <strong>Om du saknade n\u00e5gon rent praktisk information i artikeln<\/strong> \u00e4r chansen stor att du hittar den just i den h\u00e4r korta informationssammanfattningen.<\/p>\n\n\n<div id=\"rank-math-faq\" class=\"rank-math-block\">\n<div class=\"rank-math-list \">\n<div id=\"faq-question-1787755046000\" class=\"rank-math-list-item\">\n<h3 class=\"rank-math-question \"><span class=\"ez-toc-section\" id=\"Nar_ar_det_bast_att_aka_till_Malta\"><\/span>N\u00e4r \u00e4r det b\u00e4st att \u00e5ka till Malta?<span class=\"ez-toc-section-end\"><\/span><\/h3>\n<div class=\"rank-math-answer \">\n\n<p>Det vackraste v\u00e4dret och de idealiska f\u00f6rh\u00e5llandena f\u00f6r resor r\u00e5der p\u00e5 \u00f6n framf\u00f6r allt i maj, juni, september och \u00e4ven i oktober. Under dessa m\u00e5nader undviker du de v\u00e4rsta folkmassorna och njuter av mycket behagliga temperaturer som passar b\u00e5de f\u00f6r att utforska sev\u00e4rdheter och f\u00f6r avkoppling. Om du \u00f6verv\u00e4ger sommarlov m\u00e5ste du r\u00e4kna med att till exempel juli har genomsnittstemperaturer runt 30,2 \u00b0C och vanligtvis bara 0,3 regniga dagar under hela m\u00e5naden. Det l\u00e5ter visserligen som ett perfekt paradis f\u00f6r sol\u00e4lskare, men var beredd p\u00e5 enorma m\u00e4ngder turister och avsev\u00e4rt h\u00f6gre priser p\u00e5 boende. D\u00e4rf\u00f6r rekommenderas det att v\u00e4lja kanterna av h\u00f6gs\u00e4songen.<\/p>\n\n<\/div>\n<\/div>\n<div id=\"faq-question-1787755046001\" class=\"rank-math-list-item\">\n<h3 class=\"rank-math-question \"><span class=\"ez-toc-section\" id=\"Hur_lange_behover_man_pa_Malta\"><\/span>Hur l\u00e4nge beh\u00f6ver man p\u00e5 Malta?<span class=\"ez-toc-section-end\"><\/span><\/h3>\n<div class=\"rank-math-answer \">\n\n<p>Vistelsens l\u00e4ngd beror mycket p\u00e5 vilka planer du har och hur m\u00e5nga \u00f6ar du totalt vill se. F\u00f6r sj\u00e4lva huvud\u00f6n r\u00e4cker det i lugn takt med ungef\u00e4r fyra till fem dagar, under vilka du hinner med de viktigaste historiska st\u00e4derna och n\u00e5gra naturfenomen. Om du d\u00e4remot vill l\u00e4gga till \u00e4ven en utflykt till grann\u00f6arna Gozo och Comino b\u00f6r du definitivt reservera en hel vecka. Resen\u00e4rer som vill njuta av en riktigt lugn semester med gott om tid f\u00f6r avkoppling vid poolen och kv\u00e4llspromenader i smala gr\u00e4nder rekommenderar starkt en tio dagars vistelse. Under tio dagar beh\u00f6ver du inte stressa alls och kan i lugn och ro suga i dig den \u00e4kta sydl\u00e4ndska atmosf\u00e4ren.<\/p>\n\n<\/div>\n<\/div>\n<div id=\"faq-question-1787755046002\" class=\"rank-math-list-item\">\n<h3 class=\"rank-math-question \"><span class=\"ez-toc-section\" id=\"Kan_man_bada_pa_Malta_nar_det_inte_finns_sandstrander\"><\/span>Kan man bada p\u00e5 Malta n\u00e4r det inte finns sandstr\u00e4nder?<span class=\"ez-toc-section-end\"><\/span><\/h3>\n<div class=\"rank-math-answer \">\n\n<p>Badning \u00e4r helt normalt h\u00e4r, det ser bara lite annorlunda ut \u00e4n i klassiska strandresorter. I havet g\u00e5r man oftast i direkt fr\u00e5n klippiga branter eller fr\u00e5n byggda betongplattformar, d\u00e4r det f\u00f6r turisternas bekv\u00e4mlighet finns stabila metallstegar. Sand\u00e4lskare beh\u00f6ver dock inte f\u00f6rtvivla, f\u00f6r det finns faktiskt n\u00e5gra vackra sandstr\u00e4nder h\u00e4r. P\u00e5 huvud\u00f6n hittar du popul\u00e4ra Mellie\u0127a Bay, pittoreska Golden Bay eller n\u00e4rliggande G\u0127ajn Tuffie\u0127a. Om du tar f\u00e4rjan till grann\u00f6n Gozo b\u00f6r du definitivt inte missa stranden Ramla Bay, som \u00e4r k\u00e4nd f\u00f6r sin ovanligt f\u00e4rgade r\u00f6daktiga sand och mycket gradvis nedg\u00e5ng i vattnet.<\/p>\n\n<\/div>\n<\/div>\n<div id=\"faq-question-1787755046003\" class=\"rank-math-list-item\">\n<h3 class=\"rank-math-question \"><span class=\"ez-toc-section\" id=\"Klarar_man_sig_pa_engelska_pa_Malta\"><\/span>Klarar man sig p\u00e5 engelska p\u00e5 Malta?<span class=\"ez-toc-section-end\"><\/span><\/h3>\n<div class=\"rank-math-answer \">\n\n<p>Du beh\u00f6ver inte g\u00f6ra dig n\u00e5gra bekymmer alls om kommunikationen h\u00e4r. Engelska \u00e4r n\u00e4mligen vid sidan av maltesiska det andra officiella spr\u00e5ket, s\u00e5 du kan anv\u00e4nda det helt \u00f6verallt och utan de minsta problem. Alla lokalbefolkningen, fr\u00e5n busschauff\u00f6rer till f\u00f6rs\u00e4ljare i de minsta bybagarena, talar flytande engelska och har ofta en lite gullig brittisk accent. Alla skyltar, menyer p\u00e5 restauranger och informationstavlor vid sev\u00e4rdheter finns alltid tillg\u00e4ngliga p\u00e5 engelska. Det s\u00e4gs ocks\u00e5 vara en av huvudanledningarna till att s\u00e5 m\u00e5nga studenter kommer hit p\u00e5 sommaren f\u00f6r popul\u00e4ra spr\u00e5kresor och sommarkurser i engelska.<\/p>\n\n<\/div>\n<\/div>\n<div id=\"faq-question-1787755046004\" class=\"rank-math-list-item\">\n<h3 class=\"rank-math-question \"><span class=\"ez-toc-section\" id=\"Behover_man_bil_pa_Malta\"><\/span>Beh\u00f6ver man bil p\u00e5 Malta?<span class=\"ez-toc-section-end\"><\/span><\/h3>\n<div class=\"rank-math-answer \">\n\n<p>Att hyra bil \u00e4r definitivt inte en n\u00f6dv\u00e4ndighet, eftersom det t\u00e4ta busn\u00e4tet ganska p\u00e5litligt t\u00e4cker hela \u00f6n och tar dig till alla huvudsakliga sev\u00e4rdheter och str\u00e4nder. \u00c5 andra sidan m\u00e5ste jag n\u00e4mna att f\u00f6rbindelserna under sommarm\u00e5naderna ofta \u00e4r \u00f6verfulla och r\u00f6r sig i t\u00e4t trafik mycket l\u00e5ngsamt. Om du \u00e4nd\u00e5 hyr bil f\u00e5r du enorm frihet, men du m\u00e5ste vara beredd p\u00e5 att man k\u00f6r p\u00e5 v\u00e4nster sida h\u00e4r och v\u00e4garna \u00e4r ofta extremt smala. De flesta bes\u00f6kare f\u00f6rlitar sig d\u00e4rf\u00f6r p\u00e5 en kombination av bussar och appar som Bolt, vilket \u00e4r en kompromiss som enligt recensioner fungerar helt utm\u00e4rkt och utan on\u00f6dig stress bakom ratten.<\/p>\n\n<\/div>\n<\/div>\n<div id=\"faq-question-1787755046005\" class=\"rank-math-list-item\">\n<h3 class=\"rank-math-question \"><span class=\"ez-toc-section\" id=\"Ar_Malta_dyrt\"><\/span>\u00c4r Malta dyrt?<span class=\"ez-toc-section-end\"><\/span><\/h3>\n<div class=\"rank-math-answer \">\n\n<p>Ur ekonomisk synvinkel ligger denna \u00f6 n\u00e5gonstans mitt i det vanliga europeiska genomsnittet. Den \u00e4r definitivt billigare \u00e4n semester i popul\u00e4ra italienska destinationer, men \u00e5 andra sidan blir den dyrare \u00e4n till exempel en resa till Balkanhalv\u00f6n. Den st\u00f6rsta posten i din budget kommer utan tvekan att vara boende, vars priser under h\u00f6gs\u00e4songen p\u00e5 sommaren verkligen stiger brant. Mat p\u00e5 vanliga restauranger ligger p\u00e5 acceptabla niv\u00e5er och transport med buss \u00e4r riktigt billigt. Om du \u00e5ker utanf\u00f6r de mest hektiska sommarm\u00e5naderna kan du njuta av mycket h\u00f6g kvalitet p\u00e5 tj\u00e4nsterna till ganska rimliga priser som inte helt ruinerar din pl\u00e5nbok.<\/p>\n\n<\/div>\n<\/div>\n<div id=\"faq-question-1787755046006\" class=\"rank-math-list-item\">\n<h3 class=\"rank-math-question \"><span class=\"ez-toc-section\" id=\"Lonar_det_sig_att_overnatta_pa_Gozo\"><\/span>L\u00f6nar det sig att \u00f6vernatta p\u00e5 Gozo?<span class=\"ez-toc-section-end\"><\/span><\/h3>\n<div class=\"rank-math-answer \">\n\n<p>Enligt erfarenheten fr\u00e5n m\u00e5nga resen\u00e4rer \u00e4r en vistelse p\u00e5 denna grann\u00f6 en helt fantastisk id\u00e9. Det rekommenderas att reservera minst tv\u00e5 n\u00e4tter p\u00e5 Gozo, eftersom \u00f6n har ett helt annat tempo och en mycket mer avslappnad lantlig atmosf\u00e4r. Medan huvud\u00f6n \u00e4r livlig och full av trafik erbjuder Gozo \u00e4kta lugn, underbar utsikt fr\u00e5n klipporna och gulliga stenhus med pooler. N\u00e4r dagsutflyktsbes\u00f6karna \u00e5ker iv\u00e4g p\u00e5 eftermiddagen t\u00f6ms kv\u00e4llstorgen och du kan i lugn och ro njuta av middagen p\u00e5 n\u00e5gon av de lokala krogarna. Det \u00e4r en perfekt kontrast som p\u00e5 ett vackert s\u00e4tt livligar upp din semester och ger den den r\u00e4tta avkopplande touchen.<\/p>\n\n<\/div>\n<\/div>\n<div id=\"faq-question-1787755046007\" class=\"rank-math-list-item\">\n<h3 class=\"rank-math-question \"><span class=\"ez-toc-section\" id=\"Ar_Malta_sakert\"><\/span>\u00c4r Malta s\u00e4kert?<span class=\"ez-toc-section-end\"><\/span><\/h3>\n<div class=\"rank-math-answer \">\n\n<p>Denna soliga \u00f6 h\u00f6r sedan l\u00e4nge till de s\u00e4kraste l\u00e4nderna i hela Europa och allvarlig brottslighet f\u00f6rekommer praktiskt taget inte h\u00e4r. Du kan utan oro promenera p\u00e5 kv\u00e4llsgatorna och k\u00e4nna dig helt avslappnad. De huvudsakliga riskerna f\u00f6r turister utg\u00f6rs snarare av den lokala kaotiska trafiken, eftersom f\u00f6rare k\u00f6r ganska fort och trottoarer f\u00f6r fotg\u00e4ngare ibland helt saknas. En annan sak att vara uppm\u00e4rksam p\u00e5 \u00e4r of\u00f6ruts\u00e4gbara havsstr\u00f6mmar och n\u00e4mnda maneter under sensommaren. Naturligtvis g\u00e4ller grundl\u00e4ggande f\u00f6rsiktighetsregler, s\u00e5 h\u00e5ll koll p\u00e5 dina personliga tillh\u00f6righeter p\u00e5 platser med stor koncentration av m\u00e4nniskor f\u00f6r eventuella ficktjuvar, men annars kan du vara helt lugn.<\/p>\n\n<\/div>\n<\/div>\n<\/div>\n<\/div>","protected":false},"excerpt":{"rendered":"<p>Planerar du en resa och undrar hur en perfekt semester p\u00e5 Malta ser ut? Jag har satt ihop en detaljerad guide full av tips p\u00e5 de vackraste platserna, fantastiska boenden och praktisk information.<\/p>\n","protected":false},"author":3,"featured_media":399628,"comment_status":"open","ping_status":"open","sticky":false,"template":"","format":"standard","meta":{"_acf_changed":false,"footnotes":"","rank_math_title":"Semester p\u00e5 Malta: 24 tips p\u00e5 vad du ska se 2026","rank_math_description":"Planerar du en semester p\u00e5 Malta? Uppt\u00e4ck 24 tips p\u00e5 sev\u00e4rdheter, v\u00e4der m\u00e5nad f\u00f6r m\u00e5nad, b\u00e4sta boenden och priser. L\u00e4s guiden och b\u00f6rja planera resan idag!","rank_math_focus_keyword":"malta","rank_math_seo_score":""},"categories":[1178,1162],"tags":[],"class_list":["post-417652","post","type-post","status-publish","format-standard","has-post-thumbnail","category-europa","category-resor"],"acf":[],"featured_image_src":"https:\/\/loudavymkrokem.cz\/wp-content\/uploads\/2026\/08\/dovolena-malta-hero.jpg","author_info":{"display_name":"Lucie Kone\u010dn\u00e1","author_link":"https:\/\/loudavymkrokem.cz\/sv\/author\/lucie-konecna\/"},"_links":{"self":[{"href":"https:\/\/loudavymkrokem.cz\/sv\/wp-json\/wp\/v2\/posts\/417652","targetHints":{"allow":["GET"]}}],"collection":[{"href":"https:\/\/loudavymkrokem.cz\/sv\/wp-json\/wp\/v2\/posts"}],"about":[{"href":"https:\/\/loudavymkrokem.cz\/sv\/wp-json\/wp\/v2\/types\/post"}],"author":[{"embeddable":true,"href":"https:\/\/loudavymkrokem.cz\/sv\/wp-json\/wp\/v2\/users\/3"}],"replies":[{"embeddable":true,"href":"https:\/\/loudavymkrokem.cz\/sv\/wp-json\/wp\/v2\/comments?post=417652"}],"version-history":[{"count":2,"href":"https:\/\/loudavymkrokem.cz\/sv\/wp-json\/wp\/v2\/posts\/417652\/revisions"}],"predecessor-version":[{"id":417654,"href":"https:\/\/loudavymkrokem.cz\/sv\/wp-json\/wp\/v2\/posts\/417652\/revisions\/417654"}],"wp:featuredmedia":[{"embeddable":true,"href":"https:\/\/loudavymkrokem.cz\/sv\/wp-json\/wp\/v2\/media\/399628"}],"wp:attachment":[{"href":"https:\/\/loudavymkrokem.cz\/sv\/wp-json\/wp\/v2\/media?parent=417652"}],"wp:term":[{"taxonomy":"category","embeddable":true,"href":"https:\/\/loudavymkrokem.cz\/sv\/wp-json\/wp\/v2\/categories?post=417652"},{"taxonomy":"post_tag","embeddable":true,"href":"https:\/\/loudavymkrokem.cz\/sv\/wp-json\/wp\/v2\/tags?post=417652"}],"curies":[{"name":"wp","href":"https:\/\/api.w.org\/{rel}","templated":true}]}}