{"id":417639,"date":"2026-09-01T15:04:33","date_gmt":"2026-09-01T13:04:33","guid":{"rendered":"https:\/\/loudavymkrokem.cz\/bulgarien-strander-basta-tips\/"},"modified":"2026-09-05T17:00:57","modified_gmt":"2026-09-05T15:00:57","slug":"bulgarien-strander-basta-tips","status":"publish","type":"post","link":"https:\/\/loudavymkrokem.cz\/sv\/bulgarien-strander-basta-tips\/","title":{"rendered":"Bulgariens str\u00e4nder: 20 tips p\u00e5 vad du ska bes\u00f6ka"},"content":{"rendered":"\n<p class=\"wp-block-paragraph\">N\u00e4r man pratar om de vackraste str\u00e4nderna i Bulgarien f\u00f6rest\u00e4ller sig de flesta resen\u00e4rer bara tv\u00e5 stora, livliga badorter l\u00e4ngs den 378 kilometer l\u00e5nga kusten. Men det r\u00e4cker att k\u00f6ra n\u00e5gra mil s\u00f6derut f\u00f6r att uppt\u00e4cka en helt annan v\u00e4rld. H\u00e4r b\u00f6rjar <strong>\u00e4ndl\u00f6sa sanddyner, pittoreska flodmynningar och vilda str\u00e4nder<\/strong> dit framf\u00f6r allt bulgarerna sj\u00e4lva \u00e5ker p\u00e5 semester. De b\u00e4sta <strong>Bulgarien str\u00e4nder<\/strong> ligger ofta bortom de stora resorterna.<\/p>\n\n\n\n<p class=\"wp-block-paragraph\">Vi har satt ihop en detaljerad guide d\u00e4r du hittar kustens b\u00e5da ansikten: fr\u00e5n organiserade resorter till vilda vikar dit det inte ens leder n\u00e5gra ordentliga v\u00e4gar. Du f\u00e5r veta var du hittar <strong>de b\u00e4sta f\u00f6rh\u00e5llandena f\u00f6r barnfamiljer<\/strong>, p\u00e5 vilka platser du sparar rej\u00e4lt p\u00e5 solstolar och vart det \u00e4r b\u00e4st att \u00e5ka med eget t\u00e4lt eller husbil.<\/p>\n\n\n\n<p class=\"wp-block-paragraph\">Bulgarien gick n\u00e4mligen den 1 januari 2026 <strong>officiellt \u00f6ver till euro<\/strong>, vilket har medf\u00f6rt en rad f\u00f6r\u00e4ndringar \u2013 inte bara i vardagspriser utan \u00e4ven i str\u00e4ngare regler f\u00f6r camping.<\/p>\n\n\n\n<figure data-wp-context=\"{&quot;imageId&quot;:&quot;6a9c45fd669c0&quot;}\" data-wp-interactive=\"core\/image\" data-wp-key=\"6a9c45fd669c0\" class=\"wp-block-image size-full wp-lightbox-container\"><img decoding=\"async\" width=\"1800\" height=\"1285\" data-wp-class--hide=\"state.isContentHidden\" data-wp-class--show=\"state.isContentVisible\" data-wp-init=\"callbacks.setButtonStyles\" data-wp-on--click=\"actions.showLightbox\" data-wp-on--load=\"callbacks.setButtonStyles\" data-wp-on--pointerdown=\"actions.preloadImage\" data-wp-on--pointerenter=\"actions.preloadImageWithDelay\" data-wp-on--pointerleave=\"actions.cancelPreload\" data-wp-on-window--resize=\"callbacks.setButtonStyles\" src=\"https:\/\/loudavymkrokem.cz\/wp-content\/uploads\/2026\/08\/bulharsko-research-plaze-bulharsko-01.jpg\" alt=\"Velekas flodmynning vid Sinemorets, en av kustens mest fotograferade platser\" class=\"wp-image-404184\" title=\"\" srcset=\"https:\/\/loudavymkrokem.cz\/wp-content\/uploads\/2026\/08\/bulharsko-research-plaze-bulharsko-01.jpg 1800w, https:\/\/loudavymkrokem.cz\/wp-content\/uploads\/2026\/08\/bulharsko-research-plaze-bulharsko-01-300x214.jpg 300w, https:\/\/loudavymkrokem.cz\/wp-content\/uploads\/2026\/08\/bulharsko-research-plaze-bulharsko-01-700x500.jpg 700w, https:\/\/loudavymkrokem.cz\/wp-content\/uploads\/2026\/08\/bulharsko-research-plaze-bulharsko-01-768x548.jpg 768w, https:\/\/loudavymkrokem.cz\/wp-content\/uploads\/2026\/08\/bulharsko-research-plaze-bulharsko-01-1536x1097.jpg 1536w, https:\/\/loudavymkrokem.cz\/wp-content\/uploads\/2026\/08\/bulharsko-research-plaze-bulharsko-01-696x497.jpg 696w, https:\/\/loudavymkrokem.cz\/wp-content\/uploads\/2026\/08\/bulharsko-research-plaze-bulharsko-01-1392x994.jpg 1392w\" sizes=\"(max-width: 1800px) 100vw, 1800px\" \/><button\n\t\t\tclass=\"lightbox-trigger\"\n\t\t\ttype=\"button\"\n\t\t\taria-haspopup=\"dialog\"\n\t\t\tdata-wp-bind--aria-label=\"state.thisImage.triggerButtonAriaLabel\"\n\t\t\tdata-wp-init=\"callbacks.initTriggerButton\"\n\t\t\tdata-wp-on--click=\"actions.showLightbox\"\n\t\t\tdata-wp-style--right=\"state.thisImage.buttonRight\"\n\t\t\tdata-wp-style--top=\"state.thisImage.buttonTop\"\n\t\t>\n\t\t\t<svg xmlns=\"http:\/\/www.w3.org\/2000\/svg\" width=\"12\" height=\"12\" fill=\"none\" viewBox=\"0 0 12 12\">\n\t\t\t\t<path fill=\"#fff\" d=\"M2 0a2 2 0 0 0-2 2v2h1.5V2a.5.5 0 0 1 .5-.5h2V0H2Zm2 10.5H2a.5.5 0 0 1-.5-.5V8H0v2a2 2 0 0 0 2 2h2v-1.5ZM8 12v-1.5h2a.5.5 0 0 0 .5-.5V8H12v2a2 2 0 0 1-2 2H8Zm2-12a2 2 0 0 1 2 2v2h-1.5V2a.5.5 0 0 0-.5-.5H8V0h2Z\" \/>\n\t\t\t<\/svg>\n\t\t<\/button><figcaption class=\"wp-element-caption\">Foto: Evgeni Dinev @ Flickr \/ Wikimedia Commons (CC BY 2.0)<\/figcaption><\/figure>\n\n\n\n<div id=\"ez-toc-container\" class=\"ez-toc-v2_0_87 ez-toc-wrap-left counter-hierarchy ez-toc-counter ez-toc-grey ez-toc-container-direction\">\n<div class=\"ez-toc-title-container\">\n<p class=\"ez-toc-title\" style=\"cursor:inherit\">Artikelns inneh\u00e5ll<\/p>\n<span class=\"ez-toc-title-toggle\"><a href=\"#\" class=\"ez-toc-pull-right ez-toc-btn ez-toc-btn-xs ez-toc-btn-default ez-toc-toggle\" aria-label=\"Toggle Table of Content\"><span class=\"ez-toc-js-icon-con\"><span class=\"\"><span class=\"eztoc-hide\" style=\"display:none;\">Toggle<\/span><span class=\"ez-toc-icon-toggle-span\"><svg style=\"fill: #999;color:#999\" xmlns=\"http:\/\/www.w3.org\/2000\/svg\" class=\"list-377408\" width=\"20px\" height=\"20px\" viewBox=\"0 0 24 24\" fill=\"none\"><path d=\"M6 6H4v2h2V6zm14 0H8v2h12V6zM4 11h2v2H4v-2zm16 0H8v2h12v-2zM4 16h2v2H4v-2zm16 0H8v2h12v-2z\" fill=\"currentColor\"><\/path><\/svg><svg style=\"fill: #999;color:#999\" class=\"arrow-unsorted-368013\" xmlns=\"http:\/\/www.w3.org\/2000\/svg\" width=\"10px\" height=\"10px\" viewBox=\"0 0 24 24\" version=\"1.2\" baseProfile=\"tiny\"><path d=\"M18.2 9.3l-6.2-6.3-6.2 6.3c-.2.2-.3.4-.3.7s.1.5.3.7c.2.2.4.3.7.3h11c.3 0 .5-.1.7-.3.2-.2.3-.5.3-.7s-.1-.5-.3-.7zM5.8 14.7l6.2 6.3 6.2-6.3c.2-.2.3-.5.3-.7s-.1-.5-.3-.7c-.2-.2-.4-.3-.7-.3h-11c-.3 0-.5.1-.7.3-.2.2-.3.5-.3.7s.1.5.3.7z\"\/><\/svg><\/span><\/span><\/span><\/a><\/span><\/div>\n<nav><ul class='ez-toc-list ez-toc-list-level-1 ' ><ul class='ez-toc-list-level-3' ><li class='ez-toc-heading-level-3'><a class=\"ez-toc-link ez-toc-heading-1\" href=\"https:\/\/loudavymkrokem.cz\/sv\/bulgarien-strander-basta-tips\/#Sammanfattning_for_dig_som_inte_hinner_lasa_hela_artikeln\" >Sammanfattning f\u00f6r dig som inte hinner l\u00e4sa hela artikeln<\/a><\/li><\/ul><\/li><li class='ez-toc-page-1 ez-toc-heading-level-2'><a class=\"ez-toc-link ez-toc-heading-2\" href=\"https:\/\/loudavymkrokem.cz\/sv\/bulgarien-strander-basta-tips\/#Sa_fungerar_bulgariska_strander_betalda_och_fria_zoner\" >S\u00e5 fungerar bulgariska str\u00e4nder: betalda och fria zoner<\/a><\/li><li class='ez-toc-page-1 ez-toc-heading-level-2'><a class=\"ez-toc-link ez-toc-heading-3\" href=\"https:\/\/loudavymkrokem.cz\/sv\/bulgarien-strander-basta-tips\/#Rekordartade_26_bla_flaggor\" >Rekordartade 26 bl\u00e5 flaggor<\/a><\/li><li class='ez-toc-page-1 ez-toc-heading-level-2'><a class=\"ez-toc-link ez-toc-heading-4\" href=\"https:\/\/loudavymkrokem.cz\/sv\/bulgarien-strander-basta-tips\/#Den_vilda_sodern_strander_dit_bulgarerna_sjalva_aker\" >Den vilda s\u00f6dern: str\u00e4nder dit bulgarerna sj\u00e4lva \u00e5ker<\/a><ul class='ez-toc-list-level-3' ><li class='ez-toc-heading-level-3'><a class=\"ez-toc-link ez-toc-heading-5\" href=\"https:\/\/loudavymkrokem.cz\/sv\/bulgarien-strander-basta-tips\/#1_Silistar\" >1. Silistar<\/a><\/li><li class='ez-toc-page-1 ez-toc-heading-level-3'><a class=\"ez-toc-link ez-toc-heading-6\" href=\"https:\/\/loudavymkrokem.cz\/sv\/bulgarien-strander-basta-tips\/#2_Veleka_Sinemorets\" >2. Veleka (Sinemorets)<\/a><\/li><li class='ez-toc-page-1 ez-toc-heading-level-3'><a class=\"ez-toc-link ez-toc-heading-7\" href=\"https:\/\/loudavymkrokem.cz\/sv\/bulgarien-strander-basta-tips\/#3_Butamjata\" >3. Butamjata<\/a><\/li><li class='ez-toc-page-1 ez-toc-heading-level-3'><a class=\"ez-toc-link ez-toc-heading-8\" href=\"https:\/\/loudavymkrokem.cz\/sv\/bulgarien-strander-basta-tips\/#4_Arkutino\" >4. Arkutino<\/a><\/li><li class='ez-toc-page-1 ez-toc-heading-level-3'><a class=\"ez-toc-link ez-toc-heading-9\" href=\"https:\/\/loudavymkrokem.cz\/sv\/bulgarien-strander-basta-tips\/#5_Koral\" >5. Koral<\/a><\/li><li class='ez-toc-page-1 ez-toc-heading-level-3'><a class=\"ez-toc-link ez-toc-heading-10\" href=\"https:\/\/loudavymkrokem.cz\/sv\/bulgarien-strander-basta-tips\/#6_Alepu\" >6. Alepu<\/a><\/li><li class='ez-toc-page-1 ez-toc-heading-level-3'><a class=\"ez-toc-link ez-toc-heading-11\" href=\"https:\/\/loudavymkrokem.cz\/sv\/bulgarien-strander-basta-tips\/#7_Kastric_och_Rezovo\" >7. Kastri\u010d och Rezovo<\/a><\/li><\/ul><\/li><li class='ez-toc-page-1 ez-toc-heading-level-2'><a class=\"ez-toc-link ez-toc-heading-12\" href=\"https:\/\/loudavymkrokem.cz\/sv\/bulgarien-strander-basta-tips\/#Norra_kusten_och_vildmarken_vid_Varna\" >Norra kusten och vildmarken vid Varna<\/a><ul class='ez-toc-list-level-3' ><li class='ez-toc-heading-level-3'><a class=\"ez-toc-link ez-toc-heading-13\" href=\"https:\/\/loudavymkrokem.cz\/sv\/bulgarien-strander-basta-tips\/#8_Bolata\" >8. Bolata<\/a><\/li><li class='ez-toc-page-1 ez-toc-heading-level-3'><a class=\"ez-toc-link ez-toc-heading-14\" href=\"https:\/\/loudavymkrokem.cz\/sv\/bulgarien-strander-basta-tips\/#9_Vita_lagunen_Topola\" >9. Vita lagunen (Topola)<\/a><\/li><li class='ez-toc-page-1 ez-toc-heading-level-3'><a class=\"ez-toc-link ez-toc-heading-15\" href=\"https:\/\/loudavymkrokem.cz\/sv\/bulgarien-strander-basta-tips\/#10_Krapets_och_Durankulak\" >10. Krapets och Durankulak<\/a><\/li><li class='ez-toc-page-1 ez-toc-heading-level-3'><a class=\"ez-toc-link ez-toc-heading-16\" href=\"https:\/\/loudavymkrokem.cz\/sv\/bulgarien-strander-basta-tips\/#11_Skorpilovtsi_och_Kamcija\" >11. \u0160korpilovtsi och Kam\u010dija<\/a><\/li><li class='ez-toc-page-1 ez-toc-heading-level-3'><a class=\"ez-toc-link ez-toc-heading-17\" href=\"https:\/\/loudavymkrokem.cz\/sv\/bulgarien-strander-basta-tips\/#12_Pasa_dere\" >12. Pa\u0161a dere<\/a><\/li><li class='ez-toc-page-1 ez-toc-heading-level-3'><a class=\"ez-toc-link ez-toc-heading-18\" href=\"https:\/\/loudavymkrokem.cz\/sv\/bulgarien-strander-basta-tips\/#13_Karadere\" >13. Karadere<\/a><\/li><\/ul><\/li><li class='ez-toc-page-1 ez-toc-heading-level-2'><a class=\"ez-toc-link ez-toc-heading-19\" href=\"https:\/\/loudavymkrokem.cz\/sv\/bulgarien-strander-basta-tips\/#Klassikerna_badorter_och_stadsstrander\" >Klassikerna: badorter och stadsstr\u00e4nder<\/a><ul class='ez-toc-list-level-3' ><li class='ez-toc-heading-level-3'><a class=\"ez-toc-link ez-toc-heading-20\" href=\"https:\/\/loudavymkrokem.cz\/sv\/bulgarien-strander-basta-tips\/#14_Albena\" >14. Albena<\/a><\/li><li class='ez-toc-page-1 ez-toc-heading-level-3'><a class=\"ez-toc-link ez-toc-heading-21\" href=\"https:\/\/loudavymkrokem.cz\/sv\/bulgarien-strander-basta-tips\/#15_Kranevo\" >15. Kranevo<\/a><\/li><li class='ez-toc-page-1 ez-toc-heading-level-3'><a class=\"ez-toc-link ez-toc-heading-22\" href=\"https:\/\/loudavymkrokem.cz\/sv\/bulgarien-strander-basta-tips\/#16_Gyllene_sanden\" >16. Gyllene sanden<\/a><\/li><li class='ez-toc-page-1 ez-toc-heading-level-3'><a class=\"ez-toc-link ez-toc-heading-23\" href=\"https:\/\/loudavymkrokem.cz\/sv\/bulgarien-strander-basta-tips\/#17_Soluppgangens_kust\" >17. Soluppg\u00e5ngens kust<\/a><\/li><li class='ez-toc-page-1 ez-toc-heading-level-3'><a class=\"ez-toc-link ez-toc-heading-24\" href=\"https:\/\/loudavymkrokem.cz\/sv\/bulgarien-strander-basta-tips\/#18_Nessebar-syd\" >18. Nessebar-syd<\/a><\/li><li class='ez-toc-page-1 ez-toc-heading-level-3'><a class=\"ez-toc-link ez-toc-heading-25\" href=\"https:\/\/loudavymkrokem.cz\/sv\/bulgarien-strander-basta-tips\/#19_Sozopol\" >19. Sozopol<\/a><\/li><li class='ez-toc-page-1 ez-toc-heading-level-3'><a class=\"ez-toc-link ez-toc-heading-26\" href=\"https:\/\/loudavymkrokem.cz\/sv\/bulgarien-strander-basta-tips\/#20_Primorsko_och_Kiten\" >20. Primorsko och Kiten<\/a><\/li><\/ul><\/li><li class='ez-toc-page-1 ez-toc-heading-level-2'><a class=\"ez-toc-link ez-toc-heading-27\" href=\"https:\/\/loudavymkrokem.cz\/sv\/bulgarien-strander-basta-tips\/#De_basta_stranderna_for_familjer_med_sma_barn\" >De b\u00e4sta str\u00e4nderna f\u00f6r familjer med sm\u00e5 barn<\/a><\/li><li class='ez-toc-page-1 ez-toc-heading-level-2'><a class=\"ez-toc-link ez-toc-heading-28\" href=\"https:\/\/loudavymkrokem.cz\/sv\/bulgarien-strander-basta-tips\/#Sakerhet_strommar_vagor_och_livraddare\" >S\u00e4kerhet: str\u00f6mmar, v\u00e5gor och livr\u00e4ddare<\/a><\/li><li class='ez-toc-page-1 ez-toc-heading-level-2'><a class=\"ez-toc-link ez-toc-heading-29\" href=\"https:\/\/loudavymkrokem.cz\/sv\/bulgarien-strander-basta-tips\/#Camping_och_husbilar_vad_som_forandrades_2026\" >Camping och husbilar: vad som f\u00f6r\u00e4ndrades 2026<\/a><\/li><li class='ez-toc-page-1 ez-toc-heading-level-2'><a class=\"ez-toc-link ez-toc-heading-30\" href=\"https:\/\/loudavymkrokem.cz\/sv\/bulgarien-strander-basta-tips\/#Nar_du_bor_aka_till_de_bulgariska_stranderna\" >N\u00e4r du b\u00f6r \u00e5ka till de bulgariska str\u00e4nderna<\/a><\/li><li class='ez-toc-page-1 ez-toc-heading-level-2'><a class=\"ez-toc-link ez-toc-heading-31\" href=\"https:\/\/loudavymkrokem.cz\/sv\/bulgarien-strander-basta-tips\/#Las_vidare\" >L\u00e4s vidare<\/a><\/li><li class='ez-toc-page-1 ez-toc-heading-level-2'><a class=\"ez-toc-link ez-toc-heading-32\" href=\"https:\/\/loudavymkrokem.cz\/sv\/bulgarien-strander-basta-tips\/#Vanliga_fragor\" >Vanliga fr\u00e5gor<\/a><ul class='ez-toc-list-level-3' ><li class='ez-toc-heading-level-3'><a class=\"ez-toc-link ez-toc-heading-33\" href=\"https:\/\/loudavymkrokem.cz\/sv\/bulgarien-strander-basta-tips\/#Vilka_strander_ar_vackrast\" >Vilka str\u00e4nder \u00e4r vackrast?<\/a><\/li><li class='ez-toc-page-1 ez-toc-heading-level-3'><a class=\"ez-toc-link ez-toc-heading-34\" href=\"https:\/\/loudavymkrokem.cz\/sv\/bulgarien-strander-basta-tips\/#Vad_kostar_en_solstol\" >Vad kostar en solstol?<\/a><\/li><li class='ez-toc-page-1 ez-toc-heading-level-3'><a class=\"ez-toc-link ez-toc-heading-35\" href=\"https:\/\/loudavymkrokem.cz\/sv\/bulgarien-strander-basta-tips\/#Maste_jag_betala_for_stranden\" >M\u00e5ste jag betala f\u00f6r stranden?<\/a><\/li><li class='ez-toc-page-1 ez-toc-heading-level-3'><a class=\"ez-toc-link ez-toc-heading-36\" href=\"https:\/\/loudavymkrokem.cz\/sv\/bulgarien-strander-basta-tips\/#Vart_med_sma_barn\" >Vart med sm\u00e5 barn?<\/a><\/li><li class='ez-toc-page-1 ez-toc-heading-level-3'><a class=\"ez-toc-link ez-toc-heading-37\" href=\"https:\/\/loudavymkrokem.cz\/sv\/bulgarien-strander-basta-tips\/#Vilka_strander_ar_farliga\" >Vilka str\u00e4nder \u00e4r farliga?<\/a><\/li><li class='ez-toc-page-1 ez-toc-heading-level-3'><a class=\"ez-toc-link ez-toc-heading-38\" href=\"https:\/\/loudavymkrokem.cz\/sv\/bulgarien-strander-basta-tips\/#Finns_det_nudiststrander_i_Bulgarien\" >Finns det nudist\u00adstr\u00e4nder i Bulgarien?<\/a><\/li><li class='ez-toc-page-1 ez-toc-heading-level-3'><a class=\"ez-toc-link ez-toc-heading-39\" href=\"https:\/\/loudavymkrokem.cz\/sv\/bulgarien-strander-basta-tips\/#Gar_det_att_vildcampa_dar\" >G\u00e5r det att vildcampa d\u00e4r?<\/a><\/li><li class='ez-toc-page-1 ez-toc-heading-level-3'><a class=\"ez-toc-link ez-toc-heading-40\" href=\"https:\/\/loudavymkrokem.cz\/sv\/bulgarien-strander-basta-tips\/#Nar_ar_havet_som_varmast\" >N\u00e4r \u00e4r havet som varmast?<\/a><\/li><li class='ez-toc-page-1 ez-toc-heading-level-3'><a class=\"ez-toc-link ez-toc-heading-41\" href=\"https:\/\/loudavymkrokem.cz\/sv\/bulgarien-strander-basta-tips\/#Finns_det_maneter_i_havet\" >Finns det maneter i havet?<\/a><\/li><li class='ez-toc-page-1 ez-toc-heading-level-3'><a class=\"ez-toc-link ez-toc-heading-42\" href=\"https:\/\/loudavymkrokem.cz\/sv\/bulgarien-strander-basta-tips\/#Hur_tar_jag_mig_till_vilda_strander\" >Hur tar jag mig till vilda str\u00e4nder?<\/a><\/li><\/ul><\/li><\/ul><\/nav><\/div>\n<h3 class=\"wp-block-heading\"><span class=\"ez-toc-section\" id=\"Sammanfattning_for_dig_som_inte_hinner_lasa_hela_artikeln\"><\/span>Sammanfattning f\u00f6r dig som inte hinner l\u00e4sa hela artikeln<span class=\"ez-toc-section-end\"><\/span><\/h3>\n\n\n\n<ul class=\"wp-block-list\">\n\n<li><strong>Regeln om fria zoner:<\/strong> Enligt lag m\u00e5ste minst 50 % av stranden f\u00f6rbli fri, s\u00e5 du kan l\u00e4gga dig gratis med din egen filt \u00e4ven framf\u00f6r det dyraste femstj\u00e4rniga hotellet.<\/li>\n\n\n\n<li><strong>Priser p\u00e5 solstolar:<\/strong> Skillnaderna \u00e4r enorma. Medan du p\u00e5 stranden Burgas-nord bara betalar 0,60 \u20ac (cirka 7 kr), kostar en solstol p\u00e5 Gyllene sanden 5 till 6 \u20ac (upp till 65 kr).<\/li>\n\n\n\n<li><strong>Norr och s\u00f6der:<\/strong> Norra kusten erbjuder organiserade resorter och grunt vatten i utkanterna, medan s\u00f6der om Burgas g\u00f6mmer vildmark, skyddade dyner och betydligt brantare vattening\u00e5ng.<\/li>\n\n\n\n<li><strong>Rekord i bl\u00e5 flaggor:<\/strong> \u00c5r 2026 fick Bulgarien fler utm\u00e4rkelser f\u00f6r renhet \u00e4n n\u00e5gonsin, och \u00e4ven vissa vilda str\u00e4nder utan stora hotell har flaggan.<\/li>\n\n\n\n<li><strong>Grundast vatten f\u00f6r barn:<\/strong> Den tydliga vinnaren \u00e4r Albena, d\u00e4r djupet inte \u00f6verstiger 1,6 meter ens 150 meter fr\u00e5n stranden.<\/li>\n\n\n\n<li><strong>Livr\u00e4ddare och s\u00e4kerhet:<\/strong> Den officiella s\u00e4songen varar bara till slutet av september, och livr\u00e4ddare bevakar oftast bara till klockan 18. P\u00e5 s\u00f6dra kusten m\u00e5ste du dessutom se upp f\u00f6r understr\u00f6mmar.<\/li>\n\n\n<\/ul>\n\n\n\n<figure class=\"wp-block-table\"><table><thead><tr><th>Strand<\/th><th>Var den ligger<\/th><th>Typ av strand<\/th><th>Passar f\u00f6r<\/th><\/tr><\/thead><tbody><tr><td>1. Silistar<\/td><td>S\u00f6der, vid turkiska gr\u00e4nsen<\/td><td>Vild, naturlig<\/td><td>Natur\u00e4lskare, par<\/td><\/tr><tr><td>2. Veleka<\/td><td>Sinemorets<\/td><td>Vild, flodmynning<\/td><td>Romantiker, surfare<\/td><\/tr><tr><td>3. Butamjata<\/td><td>Sinemorets<\/td><td>Organiserad<\/td><td>Familjer med \u00e4ldre barn<\/td><\/tr><tr><td>4. Arkutino<\/td><td>Ropotamo-reservatet<\/td><td>Naturlig med dyner<\/td><td>De som s\u00f6ker lugn<\/td><\/tr><tr><td>5. Koral<\/td><td>Mellan Lozenets och Ahtopol<\/td><td>Naturlig, kite-spot<\/td><td>Kitesurfare, campare<\/td><\/tr><tr><td>6. Alepu<\/td><td>S\u00f6der om Sozopol<\/td><td>Vild, inofficiell naturist<\/td><td>Naturister, ensamvargar<\/td><\/tr><tr><td>7. Kastri\u010d och Rezovo<\/td><td>L\u00e4ngst i s\u00f6der<\/td><td>Avl\u00e4gsen, klippig<\/td><td>Erfarna simmare, snorklare<\/td><\/tr><tr><td>8. Bolata<\/td><td>Kap Kaliakra (norr)<\/td><td>Vik i reservat<\/td><td>Snorklare, fotografer<\/td><\/tr><tr><td>9. Vita lagunen<\/td><td>Topola<\/td><td>Organiserad<\/td><td>Barnfamiljer<\/td><\/tr><tr><td>10. Krapets och Durankulak<\/td><td>Norr vid rum\u00e4nska gr\u00e4nsen<\/td><td>L\u00e5ng, naturlig<\/td><td>De som \u00e4lskar ensamhet<\/td><\/tr><tr><td>11. \u0160korpilovtsi och Kam\u010dija<\/td><td>S\u00f6der om Varna<\/td><td>Landets l\u00e4ngsta, vild<\/td><td>Anspr\u00e5ksl\u00f6sa resen\u00e4rer<\/td><\/tr><tr><td>12. Pa\u0161a dere<\/td><td>N\u00e4ra Varna<\/td><td>Vild, d\u00e5lig tillfart<\/td><td>\u00c4ventyrare med terr\u00e4ngbil<\/td><\/tr><tr><td>13. Karadere<\/td><td>Mellan Bjala och Obzor<\/td><td>Vildmark utan faciliteter<\/td><td>Ryggs\u00e4cksresen\u00e4rer (ingen husbil!)<\/td><\/tr><tr><td>14. Albena<\/td><td>Norr om Varna<\/td><td>Resort, bred<\/td><td>Familjer med sm\u00e5 barn<\/td><\/tr><tr><td>15. Kranevo<\/td><td>Bredvid Albena<\/td><td>Resort, lugnare<\/td><td>Familjer som s\u00f6ker billigare alternativ<\/td><\/tr><tr><td>16. Gyllene sanden<\/td><td>Norr om Varna<\/td><td>Livlig, resort<\/td><td>Unga, n\u00f6jeslystna<\/td><\/tr><tr><td>17. Soluppg\u00e5ngens kust<\/td><td>Centrala delen<\/td><td>Livligaste resorten<\/td><td>Nattlivs\u00e4lskare<\/td><\/tr><tr><td>18. Nessebar-syd<\/td><td>Vid den historiska staden<\/td><td>Stadsstrand, organiserad<\/td><td>Kultur\u00e4lskare<\/td><\/tr><tr><td>19. Sozopol<\/td><td>S\u00f6dra delen<\/td><td>Stad och fest<\/td><td>V\u00e4ng\u00e4ng<\/td><\/tr><tr><td>20. Primorsko och Kiten<\/td><td>S\u00f6dra delen<\/td><td>Grund, traditionell<\/td><td>Familjer, nordisk klientel<\/td><\/tr><\/tbody><\/table><\/figure>\n\n\n\n<figure data-wp-context=\"{&quot;imageId&quot;:&quot;6a9c45fd67485&quot;}\" data-wp-interactive=\"core\/image\" data-wp-key=\"6a9c45fd67485\" class=\"wp-block-image size-full wp-lightbox-container\"><img decoding=\"async\" width=\"1800\" height=\"1204\" data-wp-class--hide=\"state.isContentHidden\" data-wp-class--show=\"state.isContentVisible\" data-wp-init=\"callbacks.setButtonStyles\" data-wp-on--click=\"actions.showLightbox\" data-wp-on--load=\"callbacks.setButtonStyles\" data-wp-on--pointerdown=\"actions.preloadImage\" data-wp-on--pointerenter=\"actions.preloadImageWithDelay\" data-wp-on--pointerleave=\"actions.cancelPreload\" data-wp-on-window--resize=\"callbacks.setButtonStyles\" src=\"https:\/\/loudavymkrokem.cz\/wp-content\/uploads\/2026\/08\/bulharsko-research-plaze-bulharsko-02.jpg\" alt=\"Betald zon med solstolar och parasoll\" class=\"wp-image-404185\" title=\"\" srcset=\"https:\/\/loudavymkrokem.cz\/wp-content\/uploads\/2026\/08\/bulharsko-research-plaze-bulharsko-02.jpg 1800w, https:\/\/loudavymkrokem.cz\/wp-content\/uploads\/2026\/08\/bulharsko-research-plaze-bulharsko-02-300x201.jpg 300w, https:\/\/loudavymkrokem.cz\/wp-content\/uploads\/2026\/08\/bulharsko-research-plaze-bulharsko-02-700x468.jpg 700w, https:\/\/loudavymkrokem.cz\/wp-content\/uploads\/2026\/08\/bulharsko-research-plaze-bulharsko-02-768x514.jpg 768w, https:\/\/loudavymkrokem.cz\/wp-content\/uploads\/2026\/08\/bulharsko-research-plaze-bulharsko-02-1536x1027.jpg 1536w, https:\/\/loudavymkrokem.cz\/wp-content\/uploads\/2026\/08\/bulharsko-research-plaze-bulharsko-02-696x466.jpg 696w, https:\/\/loudavymkrokem.cz\/wp-content\/uploads\/2026\/08\/bulharsko-research-plaze-bulharsko-02-1392x931.jpg 1392w\" sizes=\"(max-width: 1800px) 100vw, 1800px\" \/><button\n\t\t\tclass=\"lightbox-trigger\"\n\t\t\ttype=\"button\"\n\t\t\taria-haspopup=\"dialog\"\n\t\t\tdata-wp-bind--aria-label=\"state.thisImage.triggerButtonAriaLabel\"\n\t\t\tdata-wp-init=\"callbacks.initTriggerButton\"\n\t\t\tdata-wp-on--click=\"actions.showLightbox\"\n\t\t\tdata-wp-style--right=\"state.thisImage.buttonRight\"\n\t\t\tdata-wp-style--top=\"state.thisImage.buttonTop\"\n\t\t>\n\t\t\t<svg xmlns=\"http:\/\/www.w3.org\/2000\/svg\" width=\"12\" height=\"12\" fill=\"none\" viewBox=\"0 0 12 12\">\n\t\t\t\t<path fill=\"#fff\" d=\"M2 0a2 2 0 0 0-2 2v2h1.5V2a.5.5 0 0 1 .5-.5h2V0H2Zm2 10.5H2a.5.5 0 0 1-.5-.5V8H0v2a2 2 0 0 0 2 2h2v-1.5ZM8 12v-1.5h2a.5.5 0 0 0 .5-.5V8H12v2a2 2 0 0 1-2 2H8Zm2-12a2 2 0 0 1 2 2v2h-1.5V2a.5.5 0 0 0-.5-.5H8V0h2Z\" \/>\n\t\t\t<\/svg>\n\t\t<\/button><figcaption class=\"wp-element-caption\">Foto: Ay\u015feg\u00fcl  Ayt\u00f6ren \/ Pexels<\/figcaption><\/figure>\n\n\n\n<h2 class=\"wp-block-heading\"><span class=\"ez-toc-section\" id=\"Sa_fungerar_bulgariska_strander_betalda_och_fria_zoner\"><\/span>S\u00e5 fungerar bulgariska str\u00e4nder: betalda och fria zoner<span class=\"ez-toc-section-end\"><\/span><\/h2>\n\n\n\n<p class=\"wp-block-paragraph\">Om du \u00e4r orolig att semestern vid Svarta havet ska ruinera dig med avgifter f\u00f6r strandservice kan du slappna av. Bulgarisk lag f\u00f6reskriver n\u00e4mligen strikt att <strong>minst 50 % av varje strands aktiva yta m\u00e5ste f\u00f6rbli en fri zon<\/strong>. I praktiken inneb\u00e4r det att de betalda avsnitten med solstolar regelbundet v\u00e4xlar med tom sand.<\/p>\n\n\n\n<p class=\"wp-block-paragraph\">Tack vare den h\u00e4r regeln kan du <strong>l\u00e4gga dig helt gratis med egen filt och parasoll<\/strong> var som helst i den fria zonen. Och det g\u00e4ller till och med om du befinner dig precis framf\u00f6r det mest lyxiga femstj\u00e4rniga hotellet p\u00e5 Soluppg\u00e5ngens kust. Ingen f\u00e5r jaga bort dig d\u00e4rifr\u00e5n, s\u00e5 l\u00e4nge du respekterar gr\u00e4nserna f\u00f6r den betalda sektorn.<\/p>\n\n\n\n<p class=\"wp-block-paragraph\">Vad g\u00e4ller sj\u00e4lva hyrpriserna f\u00f6r 2026 \u00e4r skillnaderna l\u00e4ngs kusten enorma. Enligt <a href=\"https:\/\/www.tourism.government.bg\/\" rel=\"nofollow noopener\" target=\"_blank\">turistministeriets officiella karta<\/a> betalar du <strong>minst p\u00e5 stranden Burgas-nord, d\u00e4r en stol bara kostar 0,60 \u20ac<\/strong> (cirka 7 kr). D\u00e4remot b\u00f6r du p\u00e5 den ber\u00f6mda Gyllene sanden r\u00e4kna med 5 till 6 \u20ac (upp till 65 kr) per solstol eller parasoll och dag.<\/p>\n\n\n\n<p class=\"wp-block-paragraph\">I mellanprisklassen ligger till exempel Nessebar-syd eller Sozopol-Harmani med ett pris p\u00e5 4,09 \u20ac (cirka 45 kr) per stol. Ett vanligt set med tv\u00e5 solstolar och ett parasoll kostar dig p\u00e5 de flesta platser <strong>10 till 15 \u20ac per dag<\/strong> (110 till 165 kr). J\u00e4mf\u00f6rt med norra Grekland, d\u00e4r set ofta kostar 20 till 50 \u20ac och kr\u00e4ver obligatorisk konsumtion, \u00e4r det fortfarande ett v\u00e4ldigt f\u00f6rm\u00e5nligt pris.<\/p>\n\n\n\n<figure class=\"wp-block-table\"><table><thead><tr><th>Strand<\/th><th>Solstol eller parasoll (styck)<\/th><th>Set (parasoll + 2 solstolar)<\/th><\/tr><\/thead><tbody><tr><td>Gyllene sanden<\/td><td>5\u20136 \u20ac<\/td><td>\u2014<\/td><\/tr><tr><td>Soluppg\u00e5ngens kust-syd<\/td><td>5,11 \u20ac (avtalsfixerat)<\/td><td>15,30 \u20ac<\/td><\/tr><tr><td>Nessebar-syd, Sozopol-Harmani<\/td><td>4,09 \u20ac<\/td><td>12,27 \u20ac<\/td><\/tr><tr><td>Primorsko<\/td><td>3,60 \u20ac<\/td><td>\u2014<\/td><\/tr><tr><td>Albena, Sozopol-centrum, Varna<\/td><td>3,58 \u20ac<\/td><td>\u2014<\/td><\/tr><tr><td>Burgas-nord<\/td><td>0,60 \u20ac (billigast i landet)<\/td><td>\u2014<\/td><\/tr><\/tbody><\/table><\/figure>\n\n\n\n<p class=\"wp-block-paragraph\"><em>Priser p\u00e5 strandservice f\u00f6r s\u00e4songen 2026 enligt turistministeriets officiella karta.<\/em><\/p>\n\n\n\n\n<figure data-wp-context=\"{&quot;imageId&quot;:&quot;6a9c45fd68140&quot;}\" data-wp-interactive=\"core\/image\" data-wp-key=\"6a9c45fd68140\" class=\"wp-block-image size-full wp-lightbox-container\"><img decoding=\"async\" width=\"1800\" height=\"1350\" data-wp-class--hide=\"state.isContentHidden\" data-wp-class--show=\"state.isContentVisible\" data-wp-init=\"callbacks.setButtonStyles\" data-wp-on--click=\"actions.showLightbox\" data-wp-on--load=\"callbacks.setButtonStyles\" data-wp-on--pointerdown=\"actions.preloadImage\" data-wp-on--pointerenter=\"actions.preloadImageWithDelay\" data-wp-on--pointerleave=\"actions.cancelPreload\" data-wp-on-window--resize=\"callbacks.setButtonStyles\" src=\"https:\/\/loudavymkrokem.cz\/wp-content\/uploads\/2026\/08\/bulharsko-research-plaze-bulharsko-03.jpg\" alt=\"Strand med bl\u00e5 flagg vid Nessebar\" class=\"wp-image-404186\" title=\"\" srcset=\"https:\/\/loudavymkrokem.cz\/wp-content\/uploads\/2026\/08\/bulharsko-research-plaze-bulharsko-03.jpg 1800w, https:\/\/loudavymkrokem.cz\/wp-content\/uploads\/2026\/08\/bulharsko-research-plaze-bulharsko-03-300x225.jpg 300w, https:\/\/loudavymkrokem.cz\/wp-content\/uploads\/2026\/08\/bulharsko-research-plaze-bulharsko-03-700x525.jpg 700w, https:\/\/loudavymkrokem.cz\/wp-content\/uploads\/2026\/08\/bulharsko-research-plaze-bulharsko-03-768x576.jpg 768w, https:\/\/loudavymkrokem.cz\/wp-content\/uploads\/2026\/08\/bulharsko-research-plaze-bulharsko-03-1536x1152.jpg 1536w, https:\/\/loudavymkrokem.cz\/wp-content\/uploads\/2026\/08\/bulharsko-research-plaze-bulharsko-03-80x60.jpg 80w, https:\/\/loudavymkrokem.cz\/wp-content\/uploads\/2026\/08\/bulharsko-research-plaze-bulharsko-03-160x120.jpg 160w, https:\/\/loudavymkrokem.cz\/wp-content\/uploads\/2026\/08\/bulharsko-research-plaze-bulharsko-03-696x522.jpg 696w, https:\/\/loudavymkrokem.cz\/wp-content\/uploads\/2026\/08\/bulharsko-research-plaze-bulharsko-03-1392x1044.jpg 1392w\" sizes=\"(max-width: 1800px) 100vw, 1800px\" \/><button\n\t\t\tclass=\"lightbox-trigger\"\n\t\t\ttype=\"button\"\n\t\t\taria-haspopup=\"dialog\"\n\t\t\tdata-wp-bind--aria-label=\"state.thisImage.triggerButtonAriaLabel\"\n\t\t\tdata-wp-init=\"callbacks.initTriggerButton\"\n\t\t\tdata-wp-on--click=\"actions.showLightbox\"\n\t\t\tdata-wp-style--right=\"state.thisImage.buttonRight\"\n\t\t\tdata-wp-style--top=\"state.thisImage.buttonTop\"\n\t\t>\n\t\t\t<svg xmlns=\"http:\/\/www.w3.org\/2000\/svg\" width=\"12\" height=\"12\" fill=\"none\" viewBox=\"0 0 12 12\">\n\t\t\t\t<path fill=\"#fff\" d=\"M2 0a2 2 0 0 0-2 2v2h1.5V2a.5.5 0 0 1 .5-.5h2V0H2Zm2 10.5H2a.5.5 0 0 1-.5-.5V8H0v2a2 2 0 0 0 2 2h2v-1.5ZM8 12v-1.5h2a.5.5 0 0 0 .5-.5V8H12v2a2 2 0 0 1-2 2H8Zm2-12a2 2 0 0 1 2 2v2h-1.5V2a.5.5 0 0 0-.5-.5H8V0h2Z\" \/>\n\t\t\t<\/svg>\n\t\t<\/button><figcaption class=\"wp-element-caption\">Foto: \u041c\u0438\u0445\u0430\u043b \u041e\u0440\u0435\u043b\u0430 \/ Wikimedia Commons, CC BY 3.0<\/figcaption><\/figure>\n\n\n\n<h2 class=\"wp-block-heading\"><span class=\"ez-toc-section\" id=\"Rekordartade_26_bla_flaggor\"><\/span>Rekordartade 26 bl\u00e5 flaggor<span class=\"ez-toc-section-end\"><\/span><\/h2>\n\n\n\n<p class=\"wp-block-paragraph\">\u00c5r 2026 gav den bulgariska kusten fantastiska nyheter f\u00f6r alla som \u00e4r r\u00e4dda f\u00f6r att bada i tvivelaktigt vatten. Landet fick <strong>sitt h\u00f6gsta antal <a href=\"https:\/\/www.blueflag.global\/\" rel=\"nofollow noopener\" target=\"_blank\">bl\u00e5 flaggor<\/a> n\u00e5gonsin<\/strong>, n\u00e4rmare best\u00e4mt 26 f\u00f6r str\u00e4nder och ytterligare 6 f\u00f6r hamnar. Utm\u00e4rkelsen kungjordes p\u00e5 v\u00e5ren i K\u00f6penhamn och bekr\u00e4ftar att vattenkvaliteten i Svarta havet enligt EU:s \u00f6vervakning \u00e4r utm\u00e4rkt p\u00e5 de flesta platser.<\/p>\n\n\n\n<p class=\"wp-block-paragraph\">Det intressanta \u00e4r att den h\u00e4r prestigefyllda utm\u00e4rkelsen inte bara tillh\u00f6r de stora kommersiella resorterna. \u00c4ven <strong>underbara naturplatser som Arkutino och Butamjata<\/strong>, som har beh\u00e5llit sin vilda karakt\u00e4r, har f\u00e5tt den. Vilket faktiskt \u00e4r goda nyheter, f\u00f6r att bada bra och samtidigt inte f\u00f6rst\u00f6ra naturen g\u00e5r att kombinera \u00e4ven utan kilometer av betong.<\/p>\n\n\n\n<p class=\"wp-block-paragraph\">\u00c5 andra sidan, om du inte hittar ber\u00f6mda vilda str\u00e4nder som Irakli eller Karadere p\u00e5 listan \u00f6ver utm\u00e4rkta, betyder det inte att vattenkvaliteten \u00e4r d\u00e5lig. Bl\u00e5 flagg <strong>kr\u00e4ver n\u00e4mligen strikta standarder f\u00f6r faciliteter<\/strong>, som toaletter, livr\u00e4ddare eller anpassad tillg\u00e4nglighet. Och just dessa bekv\u00e4mligheter saknas medvetet p\u00e5 de vildaste platserna.<\/p>\n\n\n\n<figure data-wp-context=\"{&quot;imageId&quot;:&quot;6a9c45fd6892b&quot;}\" data-wp-interactive=\"core\/image\" data-wp-key=\"6a9c45fd6892b\" class=\"wp-block-image size-full wp-lightbox-container\"><img decoding=\"async\" width=\"1800\" height=\"1248\" data-wp-class--hide=\"state.isContentHidden\" data-wp-class--show=\"state.isContentVisible\" data-wp-init=\"callbacks.setButtonStyles\" data-wp-on--click=\"actions.showLightbox\" data-wp-on--load=\"callbacks.setButtonStyles\" data-wp-on--pointerdown=\"actions.preloadImage\" data-wp-on--pointerenter=\"actions.preloadImageWithDelay\" data-wp-on--pointerleave=\"actions.cancelPreload\" data-wp-on-window--resize=\"callbacks.setButtonStyles\" src=\"https:\/\/loudavymkrokem.cz\/wp-content\/uploads\/2026\/08\/bulharsko-research-plaze-bulharsko-04.jpg\" alt=\"Vild strand i Ropotamo-reservatet\" class=\"wp-image-404189\" title=\"\" srcset=\"https:\/\/loudavymkrokem.cz\/wp-content\/uploads\/2026\/08\/bulharsko-research-plaze-bulharsko-04.jpg 1800w, https:\/\/loudavymkrokem.cz\/wp-content\/uploads\/2026\/08\/bulharsko-research-plaze-bulharsko-04-300x208.jpg 300w, https:\/\/loudavymkrokem.cz\/wp-content\/uploads\/2026\/08\/bulharsko-research-plaze-bulharsko-04-700x485.jpg 700w, https:\/\/loudavymkrokem.cz\/wp-content\/uploads\/2026\/08\/bulharsko-research-plaze-bulharsko-04-768x532.jpg 768w, https:\/\/loudavymkrokem.cz\/wp-content\/uploads\/2026\/08\/bulharsko-research-plaze-bulharsko-04-1536x1065.jpg 1536w, https:\/\/loudavymkrokem.cz\/wp-content\/uploads\/2026\/08\/bulharsko-research-plaze-bulharsko-04-696x483.jpg 696w, https:\/\/loudavymkrokem.cz\/wp-content\/uploads\/2026\/08\/bulharsko-research-plaze-bulharsko-04-1392x965.jpg 1392w\" sizes=\"(max-width: 1800px) 100vw, 1800px\" \/><button\n\t\t\tclass=\"lightbox-trigger\"\n\t\t\ttype=\"button\"\n\t\t\taria-haspopup=\"dialog\"\n\t\t\tdata-wp-bind--aria-label=\"state.thisImage.triggerButtonAriaLabel\"\n\t\t\tdata-wp-init=\"callbacks.initTriggerButton\"\n\t\t\tdata-wp-on--click=\"actions.showLightbox\"\n\t\t\tdata-wp-style--right=\"state.thisImage.buttonRight\"\n\t\t\tdata-wp-style--top=\"state.thisImage.buttonTop\"\n\t\t>\n\t\t\t<svg xmlns=\"http:\/\/www.w3.org\/2000\/svg\" width=\"12\" height=\"12\" fill=\"none\" viewBox=\"0 0 12 12\">\n\t\t\t\t<path fill=\"#fff\" d=\"M2 0a2 2 0 0 0-2 2v2h1.5V2a.5.5 0 0 1 .5-.5h2V0H2Zm2 10.5H2a.5.5 0 0 1-.5-.5V8H0v2a2 2 0 0 0 2 2h2v-1.5ZM8 12v-1.5h2a.5.5 0 0 0 .5-.5V8H12v2a2 2 0 0 1-2 2H8Zm2-12a2 2 0 0 1 2 2v2h-1.5V2a.5.5 0 0 0-.5-.5H8V0h2Z\" \/>\n\t\t\t<\/svg>\n\t\t<\/button><figcaption class=\"wp-element-caption\">Foto: Sinkuchi \/ Wikimedia Commons (CC BY-SA 4.0)<\/figcaption><\/figure>\n\n\n\n<h2 class=\"wp-block-heading\"><span class=\"ez-toc-section\" id=\"Den_vilda_sodern_strander_dit_bulgarerna_sjalva_aker\"><\/span>Den vilda s\u00f6dern: str\u00e4nder dit bulgarerna sj\u00e4lva \u00e5ker<span class=\"ez-toc-section-end\"><\/span><\/h2>\n\n\n\n<p class=\"wp-block-paragraph\">Om du har tr\u00f6ttnat p\u00e5 rader av parasoll och dunkande diskotek \u00e4r <strong>s\u00f6dra kusten bortom Burgas<\/strong> det r\u00e4tta f\u00f6r dig. H\u00e4r hittar du <strong>underbara vilda vikar<\/strong>, d\u00e4r naturen \u00e4nnu inte har fallit offer f\u00f6r massturismen. Det \u00e4r precis den del av landet dit lokalborna sj\u00e4lva flyr p\u00e5 helgerna f\u00f6r att vila vid det kristallklara vattnet.<\/p>\n\n\n\n<p class=\"wp-block-paragraph\">R\u00e4kna dock med att du <strong>betalar f\u00f6r romantiken med avsaknad av lyx<\/strong>. Till m\u00e5nga vikar leder bara en grusv\u00e4g, du hittar inga spolande toaletter och mats\u00e4cken m\u00e5ste du ta med dig i ryggs\u00e4cken. Bel\u00f6ningen blir dock <strong>total ro<\/strong> och landskap som du inte alls f\u00f6rknippar med det klassiska Bulgarien.<\/p>\n\n\n\n<figure data-wp-context=\"{&quot;imageId&quot;:&quot;6a9c45fd68e64&quot;}\" data-wp-interactive=\"core\/image\" data-wp-key=\"6a9c45fd68e64\" class=\"wp-block-image size-full wp-lightbox-container\"><img decoding=\"async\" width=\"1800\" height=\"1063\" data-wp-class--hide=\"state.isContentHidden\" data-wp-class--show=\"state.isContentVisible\" data-wp-init=\"callbacks.setButtonStyles\" data-wp-on--click=\"actions.showLightbox\" data-wp-on--load=\"callbacks.setButtonStyles\" data-wp-on--pointerdown=\"actions.preloadImage\" data-wp-on--pointerenter=\"actions.preloadImageWithDelay\" data-wp-on--pointerleave=\"actions.cancelPreload\" data-wp-on-window--resize=\"callbacks.setButtonStyles\" src=\"https:\/\/loudavymkrokem.cz\/wp-content\/uploads\/2026\/08\/bulharsko-research-plaze-bulharsko-05.jpg\" alt=\"Stranden Silistar n\u00e4ra turkiska gr\u00e4nsen\" class=\"wp-image-404190\" title=\"\" srcset=\"https:\/\/loudavymkrokem.cz\/wp-content\/uploads\/2026\/08\/bulharsko-research-plaze-bulharsko-05.jpg 1800w, https:\/\/loudavymkrokem.cz\/wp-content\/uploads\/2026\/08\/bulharsko-research-plaze-bulharsko-05-300x177.jpg 300w, https:\/\/loudavymkrokem.cz\/wp-content\/uploads\/2026\/08\/bulharsko-research-plaze-bulharsko-05-700x413.jpg 700w, https:\/\/loudavymkrokem.cz\/wp-content\/uploads\/2026\/08\/bulharsko-research-plaze-bulharsko-05-768x454.jpg 768w, https:\/\/loudavymkrokem.cz\/wp-content\/uploads\/2026\/08\/bulharsko-research-plaze-bulharsko-05-1536x907.jpg 1536w, https:\/\/loudavymkrokem.cz\/wp-content\/uploads\/2026\/08\/bulharsko-research-plaze-bulharsko-05-696x411.jpg 696w, https:\/\/loudavymkrokem.cz\/wp-content\/uploads\/2026\/08\/bulharsko-research-plaze-bulharsko-05-1392x822.jpg 1392w\" sizes=\"(max-width: 1800px) 100vw, 1800px\" \/><button\n\t\t\tclass=\"lightbox-trigger\"\n\t\t\ttype=\"button\"\n\t\t\taria-haspopup=\"dialog\"\n\t\t\tdata-wp-bind--aria-label=\"state.thisImage.triggerButtonAriaLabel\"\n\t\t\tdata-wp-init=\"callbacks.initTriggerButton\"\n\t\t\tdata-wp-on--click=\"actions.showLightbox\"\n\t\t\tdata-wp-style--right=\"state.thisImage.buttonRight\"\n\t\t\tdata-wp-style--top=\"state.thisImage.buttonTop\"\n\t\t>\n\t\t\t<svg xmlns=\"http:\/\/www.w3.org\/2000\/svg\" width=\"12\" height=\"12\" fill=\"none\" viewBox=\"0 0 12 12\">\n\t\t\t\t<path fill=\"#fff\" d=\"M2 0a2 2 0 0 0-2 2v2h1.5V2a.5.5 0 0 1 .5-.5h2V0H2Zm2 10.5H2a.5.5 0 0 1-.5-.5V8H0v2a2 2 0 0 0 2 2h2v-1.5ZM8 12v-1.5h2a.5.5 0 0 0 .5-.5V8H12v2a2 2 0 0 1-2 2H8Zm2-12a2 2 0 0 1 2 2v2h-1.5V2a.5.5 0 0 0-.5-.5H8V0h2Z\" \/>\n\t\t\t<\/svg>\n\t\t<\/button><figcaption class=\"wp-element-caption\">Foto: Pudelek (Marcin Szala) \/ Wikimedia Commons, CC BY-SA 3.0<\/figcaption><\/figure>\n\n\n\n<h3 class=\"wp-block-heading\"><span class=\"ez-toc-section\" id=\"1_Silistar\"><\/span>1. Silistar<span class=\"ez-toc-section-end\"><\/span><\/h3>\n\n\n\n<p class=\"wp-block-paragraph\">Viken Silistar ligger bara en liten bit f\u00f6re den turkiska gr\u00e4nsen och den bulgariska pressen brukar utn\u00e4mna den till <strong>kustens vackraste naturvik<\/strong>. Stranden \u00e4r knappt en kilometer l\u00e5ng, omkring 70 meter bred och du hittar ingen hotellbebyggelse alls h\u00e4r. Det finns bara enkel f\u00f6rt\u00e4ring i form av dryckesst\u00e5nd och eko-toaletter uppe vid parkeringen.<\/p>\n\n\n\n<p class=\"wp-block-paragraph\">V\u00e4gen hit \u00e4r ett litet \u00e4ventyr, eftersom du fr\u00e5n v\u00e4gen mot Rezovo m\u00e5ste sv\u00e4nga av p\u00e5 en cirka en kilometer l\u00e5ng skogsv\u00e4g. Enligt resen\u00e4rer \u00e4r den dock <strong>farbar \u00e4ven med en vanlig personbil<\/strong>. Parkeringsavgiften \u00e4r ett \u00e5rligt lotteri. Medan tillfarten 2025 f\u00f6r f\u00f6rsta g\u00e5ngen var helt gratis \u00e4r l\u00e4get inte s\u00e4kert i \u00e5r, s\u00e5 r\u00e4kna hellre med en avgift p\u00e5 runt 2 \u20ac (cirka 22 kr).<\/p>\n\n\n\n<p class=\"wp-block-paragraph\">Stranden delas i tv\u00e5 delar. Den norra och centrala delen erbjuder en betald zon med parasoll, medan <strong>den vidstr\u00e4ckta fria zonen ligger l\u00e4ngst ut i s\u00f6der<\/strong>. Det \u00e4r samtidigt den sydligaste bevakade stranden i Bulgarien. Om du beger dig hit, gl\u00f6m inte att ta med eget parasoll, eftersom naturlig skugga i princip inte finns h\u00e4r under dagen.<\/p>\n\n\n\n<figure data-wp-context=\"{&quot;imageId&quot;:&quot;6a9c45fd694a8&quot;}\" data-wp-interactive=\"core\/image\" data-wp-key=\"6a9c45fd694a8\" class=\"wp-block-image size-full wp-lightbox-container\"><img decoding=\"async\" width=\"1800\" height=\"1207\" data-wp-class--hide=\"state.isContentHidden\" data-wp-class--show=\"state.isContentVisible\" data-wp-init=\"callbacks.setButtonStyles\" data-wp-on--click=\"actions.showLightbox\" data-wp-on--load=\"callbacks.setButtonStyles\" data-wp-on--pointerdown=\"actions.preloadImage\" data-wp-on--pointerenter=\"actions.preloadImageWithDelay\" data-wp-on--pointerleave=\"actions.cancelPreload\" data-wp-on-window--resize=\"callbacks.setButtonStyles\" src=\"https:\/\/loudavymkrokem.cz\/wp-content\/uploads\/2026\/08\/bulharsko-research-plaze-bulharsko-06.jpg\" alt=\"Floden Velekas mynning vid Sinemorets\" class=\"wp-image-404193\" title=\"\" srcset=\"https:\/\/loudavymkrokem.cz\/wp-content\/uploads\/2026\/08\/bulharsko-research-plaze-bulharsko-06.jpg 1800w, https:\/\/loudavymkrokem.cz\/wp-content\/uploads\/2026\/08\/bulharsko-research-plaze-bulharsko-06-300x201.jpg 300w, https:\/\/loudavymkrokem.cz\/wp-content\/uploads\/2026\/08\/bulharsko-research-plaze-bulharsko-06-700x469.jpg 700w, https:\/\/loudavymkrokem.cz\/wp-content\/uploads\/2026\/08\/bulharsko-research-plaze-bulharsko-06-768x515.jpg 768w, https:\/\/loudavymkrokem.cz\/wp-content\/uploads\/2026\/08\/bulharsko-research-plaze-bulharsko-06-1536x1030.jpg 1536w, https:\/\/loudavymkrokem.cz\/wp-content\/uploads\/2026\/08\/bulharsko-research-plaze-bulharsko-06-696x467.jpg 696w, https:\/\/loudavymkrokem.cz\/wp-content\/uploads\/2026\/08\/bulharsko-research-plaze-bulharsko-06-1392x933.jpg 1392w\" sizes=\"(max-width: 1800px) 100vw, 1800px\" \/><button\n\t\t\tclass=\"lightbox-trigger\"\n\t\t\ttype=\"button\"\n\t\t\taria-haspopup=\"dialog\"\n\t\t\tdata-wp-bind--aria-label=\"state.thisImage.triggerButtonAriaLabel\"\n\t\t\tdata-wp-init=\"callbacks.initTriggerButton\"\n\t\t\tdata-wp-on--click=\"actions.showLightbox\"\n\t\t\tdata-wp-style--right=\"state.thisImage.buttonRight\"\n\t\t\tdata-wp-style--top=\"state.thisImage.buttonTop\"\n\t\t>\n\t\t\t<svg xmlns=\"http:\/\/www.w3.org\/2000\/svg\" width=\"12\" height=\"12\" fill=\"none\" viewBox=\"0 0 12 12\">\n\t\t\t\t<path fill=\"#fff\" d=\"M2 0a2 2 0 0 0-2 2v2h1.5V2a.5.5 0 0 1 .5-.5h2V0H2Zm2 10.5H2a.5.5 0 0 1-.5-.5V8H0v2a2 2 0 0 0 2 2h2v-1.5ZM8 12v-1.5h2a.5.5 0 0 0 .5-.5V8H12v2a2 2 0 0 1-2 2H8Zm2-12a2 2 0 0 1 2 2v2h-1.5V2a.5.5 0 0 0-.5-.5H8V0h2Z\" \/>\n\t\t\t<\/svg>\n\t\t<\/button><figcaption class=\"wp-element-caption\">Foto (redigerat): Pudelek (Marcin Szala) \/ Wikimedia Commons, CC BY-SA 3.0<\/figcaption><\/figure>\n\n\n\n<h3 class=\"wp-block-heading\"><span class=\"ez-toc-section\" id=\"2_Veleka_Sinemorets\"><\/span>2. Veleka (Sinemorets)<span class=\"ez-toc-section-end\"><\/span><\/h3>\n\n\n\n<p class=\"wp-block-paragraph\">Den h\u00e4r platsen k\u00e4nner du igen fr\u00e5n m\u00e5nga reklambilder. Floden Veleka mynnar h\u00e4r ut i havet genom en smal sandrevel och skapar en helt <strong>ikonisk vy som du inte ser n\u00e5gon annanstans i landet<\/strong>. Tillg\u00e5ngen \u00e4r dessutom v\u00e4ldigt enkel. Fr\u00e5n centrum av badorten Sinemorets g\u00e5r du hit p\u00e5 n\u00e5gra minuter, och strax ovanf\u00f6r stranden finns en rymlig parkering.<\/p>\n\n\n\n<p class=\"wp-block-paragraph\">Badet erbjuder en unik upplevelse h\u00e4r, eftersom du kan v\u00e4xla mellan salt havsvatten och s\u00f6tt, svalare vatten fr\u00e5n floden. Lokalborna rekommenderar att <strong>hyra kajak eller paddleboard direkt p\u00e5 stranden<\/strong> och ge sig ut p\u00e5 en lugn tur uppf\u00f6r floden, d\u00e4r du omges av t\u00e4t gr\u00f6n skog. P\u00e5 sj\u00e4lva stranden finns livr\u00e4ddare och surfuthyrning.<\/p>\n\n\n\n<p class=\"wp-block-paragraph\">Du m\u00e5ste dock vara mycket f\u00f6rsiktig vid vattening\u00e5ngen. Viken \u00e4r n\u00e4mligen <strong>djup direkt fr\u00e5n stranden<\/strong>. Det r\u00e4cker att ta tv\u00e5 steg s\u00e5 f\u00f6rsvinner botten, s\u00e5 med sm\u00e5 barn \u00e4r det b\u00e4st att hoppa \u00f6ver havsdelen och anv\u00e4nda den lugnare floden. P\u00e5 kv\u00e4llen dyker det dessutom upp gott om myggor p\u00e5 grund av flodens n\u00e4rhet, s\u00e5 myggmedel \u00e4r ett m\u00e5ste.<\/p>\n\n\n\n<figure data-wp-context=\"{&quot;imageId&quot;:&quot;6a9c45fd69d61&quot;}\" data-wp-interactive=\"core\/image\" data-wp-key=\"6a9c45fd69d61\" class=\"wp-block-image size-full wp-lightbox-container\"><img decoding=\"async\" width=\"1800\" height=\"687\" data-wp-class--hide=\"state.isContentHidden\" data-wp-class--show=\"state.isContentVisible\" data-wp-init=\"callbacks.setButtonStyles\" data-wp-on--click=\"actions.showLightbox\" data-wp-on--load=\"callbacks.setButtonStyles\" data-wp-on--pointerdown=\"actions.preloadImage\" data-wp-on--pointerenter=\"actions.preloadImageWithDelay\" data-wp-on--pointerleave=\"actions.cancelPreload\" data-wp-on-window--resize=\"callbacks.setButtonStyles\" src=\"https:\/\/loudavymkrokem.cz\/wp-content\/uploads\/2026\/08\/bulharsko-research-plaze-bulharsko-07.jpg\" alt=\"Stranden Butamjata vid Sinemorets\" class=\"wp-image-404194\" title=\"\" srcset=\"https:\/\/loudavymkrokem.cz\/wp-content\/uploads\/2026\/08\/bulharsko-research-plaze-bulharsko-07.jpg 1800w, https:\/\/loudavymkrokem.cz\/wp-content\/uploads\/2026\/08\/bulharsko-research-plaze-bulharsko-07-300x115.jpg 300w, https:\/\/loudavymkrokem.cz\/wp-content\/uploads\/2026\/08\/bulharsko-research-plaze-bulharsko-07-700x267.jpg 700w, https:\/\/loudavymkrokem.cz\/wp-content\/uploads\/2026\/08\/bulharsko-research-plaze-bulharsko-07-768x293.jpg 768w, https:\/\/loudavymkrokem.cz\/wp-content\/uploads\/2026\/08\/bulharsko-research-plaze-bulharsko-07-1536x586.jpg 1536w, https:\/\/loudavymkrokem.cz\/wp-content\/uploads\/2026\/08\/bulharsko-research-plaze-bulharsko-07-696x266.jpg 696w, https:\/\/loudavymkrokem.cz\/wp-content\/uploads\/2026\/08\/bulharsko-research-plaze-bulharsko-07-1392x531.jpg 1392w\" sizes=\"(max-width: 1800px) 100vw, 1800px\" \/><button\n\t\t\tclass=\"lightbox-trigger\"\n\t\t\ttype=\"button\"\n\t\t\taria-haspopup=\"dialog\"\n\t\t\tdata-wp-bind--aria-label=\"state.thisImage.triggerButtonAriaLabel\"\n\t\t\tdata-wp-init=\"callbacks.initTriggerButton\"\n\t\t\tdata-wp-on--click=\"actions.showLightbox\"\n\t\t\tdata-wp-style--right=\"state.thisImage.buttonRight\"\n\t\t\tdata-wp-style--top=\"state.thisImage.buttonTop\"\n\t\t>\n\t\t\t<svg xmlns=\"http:\/\/www.w3.org\/2000\/svg\" width=\"12\" height=\"12\" fill=\"none\" viewBox=\"0 0 12 12\">\n\t\t\t\t<path fill=\"#fff\" d=\"M2 0a2 2 0 0 0-2 2v2h1.5V2a.5.5 0 0 1 .5-.5h2V0H2Zm2 10.5H2a.5.5 0 0 1-.5-.5V8H0v2a2 2 0 0 0 2 2h2v-1.5ZM8 12v-1.5h2a.5.5 0 0 0 .5-.5V8H12v2a2 2 0 0 1-2 2H8Zm2-12a2 2 0 0 1 2 2v2h-1.5V2a.5.5 0 0 0-.5-.5H8V0h2Z\" \/>\n\t\t\t<\/svg>\n\t\t<\/button><figcaption class=\"wp-element-caption\">Foto: Pudelek (Marcin Szala) \/ Wikimedia Commons (CC BY-SA 3.0)<\/figcaption><\/figure>\n\n\n\n<h3 class=\"wp-block-heading\"><span class=\"ez-toc-section\" id=\"3_Butamjata\"><\/span>3. Butamjata<span class=\"ez-toc-section-end\"><\/span><\/h3>\n\n\n\n<p class=\"wp-block-paragraph\">Precis intill vilda Veleka hittar du viken Butamjata, som representerar den mer civiliserade sidan av badorten Sinemorets. Det \u00e4r en mindre vik t\u00e4ckt av <strong>underbar gyllene sand<\/strong>, som skyddas av klippor fr\u00e5n tv\u00e5 h\u00e5ll. I \u00e5r kan den dessutom skryta med den prestigefyllda bl\u00e5 flaggan f\u00f6r vattenkvalitet och perfekt service.<\/p>\n\n\n\n<p class=\"wp-block-paragraph\">Till skillnad fr\u00e5n Veleka hittar du alla strandfaciliteter h\u00e4r. Det finns betalda zoner med solstolar och parasoll, duschar, omkl\u00e4dningsrum och flera strandbarer. Om du blir hungrig, best\u00e4ll absolut <strong>en uppfriskande tarator, en klassisk shopska-sallad eller traditionell banitsa<\/strong> p\u00e5 de lokala krogarna.<\/p>\n\n\n\n<p class=\"wp-block-paragraph\">Butamjata \u00e4r ett idealiskt val f\u00f6r dem som vill tillbringa semestern i s\u00f6der men samtidigt <strong>kr\u00e4ver komfort och trygga faciliteter<\/strong>. Vattening\u00e5ngen \u00e4r n\u00e5got mjukare \u00e4n p\u00e5 grannstranden, men i augusti m\u00e5ste du \u00e4ven h\u00e4r se upp f\u00f6r l\u00f6mska havsstr\u00f6mmar. Lyckligtvis bevakas stranden av livr\u00e4ddare hela s\u00e4songen.<\/p>\n\n\n\n<figure data-wp-context=\"{&quot;imageId&quot;:&quot;6a9c45fd6a3ac&quot;}\" data-wp-interactive=\"core\/image\" data-wp-key=\"6a9c45fd6a3ac\" class=\"wp-block-image size-full wp-lightbox-container\"><img decoding=\"async\" width=\"1800\" height=\"1350\" data-wp-class--hide=\"state.isContentHidden\" data-wp-class--show=\"state.isContentVisible\" data-wp-init=\"callbacks.setButtonStyles\" data-wp-on--click=\"actions.showLightbox\" data-wp-on--load=\"callbacks.setButtonStyles\" data-wp-on--pointerdown=\"actions.preloadImage\" data-wp-on--pointerenter=\"actions.preloadImageWithDelay\" data-wp-on--pointerleave=\"actions.cancelPreload\" data-wp-on-window--resize=\"callbacks.setButtonStyles\" src=\"https:\/\/loudavymkrokem.cz\/wp-content\/uploads\/2026\/08\/bulharsko-research-plaze-bulharsko-08.jpg\" alt=\"Sanddyner p\u00e5 stranden Arkutino\" class=\"wp-image-404195\" title=\"\" srcset=\"https:\/\/loudavymkrokem.cz\/wp-content\/uploads\/2026\/08\/bulharsko-research-plaze-bulharsko-08.jpg 1800w, https:\/\/loudavymkrokem.cz\/wp-content\/uploads\/2026\/08\/bulharsko-research-plaze-bulharsko-08-300x225.jpg 300w, https:\/\/loudavymkrokem.cz\/wp-content\/uploads\/2026\/08\/bulharsko-research-plaze-bulharsko-08-700x525.jpg 700w, https:\/\/loudavymkrokem.cz\/wp-content\/uploads\/2026\/08\/bulharsko-research-plaze-bulharsko-08-768x576.jpg 768w, https:\/\/loudavymkrokem.cz\/wp-content\/uploads\/2026\/08\/bulharsko-research-plaze-bulharsko-08-1536x1152.jpg 1536w, https:\/\/loudavymkrokem.cz\/wp-content\/uploads\/2026\/08\/bulharsko-research-plaze-bulharsko-08-80x60.jpg 80w, https:\/\/loudavymkrokem.cz\/wp-content\/uploads\/2026\/08\/bulharsko-research-plaze-bulharsko-08-160x120.jpg 160w, https:\/\/loudavymkrokem.cz\/wp-content\/uploads\/2026\/08\/bulharsko-research-plaze-bulharsko-08-696x522.jpg 696w, https:\/\/loudavymkrokem.cz\/wp-content\/uploads\/2026\/08\/bulharsko-research-plaze-bulharsko-08-1392x1044.jpg 1392w\" sizes=\"(max-width: 1800px) 100vw, 1800px\" \/><button\n\t\t\tclass=\"lightbox-trigger\"\n\t\t\ttype=\"button\"\n\t\t\taria-haspopup=\"dialog\"\n\t\t\tdata-wp-bind--aria-label=\"state.thisImage.triggerButtonAriaLabel\"\n\t\t\tdata-wp-init=\"callbacks.initTriggerButton\"\n\t\t\tdata-wp-on--click=\"actions.showLightbox\"\n\t\t\tdata-wp-style--right=\"state.thisImage.buttonRight\"\n\t\t\tdata-wp-style--top=\"state.thisImage.buttonTop\"\n\t\t>\n\t\t\t<svg xmlns=\"http:\/\/www.w3.org\/2000\/svg\" width=\"12\" height=\"12\" fill=\"none\" viewBox=\"0 0 12 12\">\n\t\t\t\t<path fill=\"#fff\" d=\"M2 0a2 2 0 0 0-2 2v2h1.5V2a.5.5 0 0 1 .5-.5h2V0H2Zm2 10.5H2a.5.5 0 0 1-.5-.5V8H0v2a2 2 0 0 0 2 2h2v-1.5ZM8 12v-1.5h2a.5.5 0 0 0 .5-.5V8H12v2a2 2 0 0 1-2 2H8Zm2-12a2 2 0 0 1 2 2v2h-1.5V2a.5.5 0 0 0-.5-.5H8V0h2Z\" \/>\n\t\t\t<\/svg>\n\t\t<\/button><figcaption class=\"wp-element-caption\">Foto: Delysia v \/ Wikimedia Commons (CC BY-SA 4.0)<\/figcaption><\/figure>\n\n\n\n<h3 class=\"wp-block-heading\"><span class=\"ez-toc-section\" id=\"4_Arkutino\"><\/span>4. Arkutino<span class=\"ez-toc-section-end\"><\/span><\/h3>\n\n\n\n<p class=\"wp-block-paragraph\">Arkutino ligger mellan badorterna Sozopol och Primorsko, mitt inne i naturreservatet Ropotamo. Den bulgariska pressen brukar utn\u00e4mna den till <strong>landets allra mest romantiska strand<\/strong>. Du hittar inga j\u00e4ttehotell h\u00e4r, bara \u00e4ndl\u00f6sa sanddyner och en fantastisk utsikt \u00f6ver den n\u00e4rbel\u00e4gna Orm\u00f6n.<\/p>\n\n\n\n<p class=\"wp-block-paragraph\">Strandens st\u00f6rsta unika drag \u00e4r den lokala floran. Precis i sanddynerna v\u00e4xer n\u00e4mligen <strong>den fridlysta strandliljan<\/strong>, som \u00e4r upptagen i Bulgariens r\u00f6da lista och blommar \u00e4nda till b\u00f6rjan av september. F\u00f6r att skydda naturen leder bara en smal tr\u00e4sp\u00e5ng hit, som lotsar bes\u00f6karna till havet s\u00e5 att de s\u00e4llsynta v\u00e4xterna inte trampas ner.<\/p>\n\n\n\n<p class=\"wp-block-paragraph\">Trots sin naturliga karakt\u00e4r har Arkutino bl\u00e5 flagg 2026. Du hittar en mindre betald zon h\u00e4r, men st\u00f6rre delen av stranden f\u00f6rblir fri. Det \u00e4r <strong>en idealisk tillflyktsort f\u00f6r dem som s\u00f6ker absolut ro<\/strong> och g\u00e4rna njuter av l\u00e5nga promenader i mjuk sand l\u00e5ngt fr\u00e5n h\u00f6gljudda diskotek.<\/p>\n\n\n\n<figure data-wp-context=\"{&quot;imageId&quot;:&quot;6a9c45fd6a9b5&quot;}\" data-wp-interactive=\"core\/image\" data-wp-key=\"6a9c45fd6a9b5\" class=\"wp-block-image size-full wp-lightbox-container\"><img decoding=\"async\" width=\"1800\" height=\"1350\" data-wp-class--hide=\"state.isContentHidden\" data-wp-class--show=\"state.isContentVisible\" data-wp-init=\"callbacks.setButtonStyles\" data-wp-on--click=\"actions.showLightbox\" data-wp-on--load=\"callbacks.setButtonStyles\" data-wp-on--pointerdown=\"actions.preloadImage\" data-wp-on--pointerenter=\"actions.preloadImageWithDelay\" data-wp-on--pointerleave=\"actions.cancelPreload\" data-wp-on-window--resize=\"callbacks.setButtonStyles\" src=\"https:\/\/loudavymkrokem.cz\/wp-content\/uploads\/2026\/08\/bulharsko-research-plaze-bulharsko-09.jpg\" alt=\"Den breda stranden Koral mellan Lozenets och Ahtopol\" class=\"wp-image-404198\" title=\"\" srcset=\"https:\/\/loudavymkrokem.cz\/wp-content\/uploads\/2026\/08\/bulharsko-research-plaze-bulharsko-09.jpg 1800w, https:\/\/loudavymkrokem.cz\/wp-content\/uploads\/2026\/08\/bulharsko-research-plaze-bulharsko-09-300x225.jpg 300w, https:\/\/loudavymkrokem.cz\/wp-content\/uploads\/2026\/08\/bulharsko-research-plaze-bulharsko-09-700x525.jpg 700w, https:\/\/loudavymkrokem.cz\/wp-content\/uploads\/2026\/08\/bulharsko-research-plaze-bulharsko-09-768x576.jpg 768w, https:\/\/loudavymkrokem.cz\/wp-content\/uploads\/2026\/08\/bulharsko-research-plaze-bulharsko-09-1536x1152.jpg 1536w, https:\/\/loudavymkrokem.cz\/wp-content\/uploads\/2026\/08\/bulharsko-research-plaze-bulharsko-09-80x60.jpg 80w, https:\/\/loudavymkrokem.cz\/wp-content\/uploads\/2026\/08\/bulharsko-research-plaze-bulharsko-09-160x120.jpg 160w, https:\/\/loudavymkrokem.cz\/wp-content\/uploads\/2026\/08\/bulharsko-research-plaze-bulharsko-09-696x522.jpg 696w, https:\/\/loudavymkrokem.cz\/wp-content\/uploads\/2026\/08\/bulharsko-research-plaze-bulharsko-09-1392x1044.jpg 1392w\" sizes=\"(max-width: 1800px) 100vw, 1800px\" \/><button\n\t\t\tclass=\"lightbox-trigger\"\n\t\t\ttype=\"button\"\n\t\t\taria-haspopup=\"dialog\"\n\t\t\tdata-wp-bind--aria-label=\"state.thisImage.triggerButtonAriaLabel\"\n\t\t\tdata-wp-init=\"callbacks.initTriggerButton\"\n\t\t\tdata-wp-on--click=\"actions.showLightbox\"\n\t\t\tdata-wp-style--right=\"state.thisImage.buttonRight\"\n\t\t\tdata-wp-style--top=\"state.thisImage.buttonTop\"\n\t\t>\n\t\t\t<svg xmlns=\"http:\/\/www.w3.org\/2000\/svg\" width=\"12\" height=\"12\" fill=\"none\" viewBox=\"0 0 12 12\">\n\t\t\t\t<path fill=\"#fff\" d=\"M2 0a2 2 0 0 0-2 2v2h1.5V2a.5.5 0 0 1 .5-.5h2V0H2Zm2 10.5H2a.5.5 0 0 1-.5-.5V8H0v2a2 2 0 0 0 2 2h2v-1.5ZM8 12v-1.5h2a.5.5 0 0 0 .5-.5V8H12v2a2 2 0 0 1-2 2H8Zm2-12a2 2 0 0 1 2 2v2h-1.5V2a.5.5 0 0 0-.5-.5H8V0h2Z\" \/>\n\t\t\t<\/svg>\n\t\t<\/button><figcaption class=\"wp-element-caption\">Foto: Svilen Enev \/ Wikimedia Commons, CC BY-SA 3.0<\/figcaption><\/figure>\n\n\n\n<h3 class=\"wp-block-heading\"><span class=\"ez-toc-section\" id=\"5_Koral\"><\/span>5. Koral<span class=\"ez-toc-section-end\"><\/span><\/h3>\n\n\n\n<p class=\"wp-block-paragraph\">Stranden Koral ligger mellan badorterna Lozenets och Ahtopol och f\u00f6r m\u00e5nga lokalbor \u00e4r den <strong>en symbol f\u00f6r en lyckad kamp om ren natur<\/strong>. Milj\u00f6aktivister lyckades n\u00e4mligen stoppa planerna p\u00e5 att bygga en stor betongresort h\u00e4r. Tack vare det beh\u00f6ll stranden, som med en bredd p\u00e5 upp till 377 meter \u00e4r en av landets bredaste, sin vilda karakt\u00e4r.<\/p>\n\n\n\n<p class=\"wp-block-paragraph\">Omr\u00e5det \u00e4r k\u00e4nt f\u00f6r sina utm\u00e4rkta f\u00f6rh\u00e5llanden f\u00f6r vattensport. Resen\u00e4rer hyllar Koral som <strong>en av de b\u00e4sta spotarna f\u00f6r kitesurfing och windsurfing<\/strong> p\u00e5 s\u00f6dra kusten. Om du \u00e4r nyb\u00f6rjare i dessa sporter, ha i \u00e5tanke att Bulgarien generellt inte \u00e4r en extremt bl\u00e5sig destination. De b\u00e4sta f\u00f6rh\u00e5llandena r\u00e5der p\u00e5 v\u00e5ren och h\u00f6sten, medan man p\u00e5 sommaren mest f\u00f6rlitar sig p\u00e5 eftermiddagsbrisen.<\/p>\n\n\n\n<p class=\"wp-block-paragraph\">Sedan 2026 har det skett en avg\u00f6rande f\u00f6r\u00e4ndring f\u00f6r camping\u00e4lskare. Kommunen Tsarevo har inr\u00e4ttat en <strong>officiell laglig t\u00e4ltzon<\/strong> h\u00e4r, i ett f\u00f6rs\u00f6k att reglera det tidigare vildvuxna nattandet i dynerna. R\u00e4kna dock med att det inte leder n\u00e5gon asfaltv\u00e4g hit och att alla faciliteter m\u00e5ste du ta med dig sj\u00e4lv.<\/p>\n\n\n\n<figure data-wp-context=\"{&quot;imageId&quot;:&quot;6a9c45fd6b172&quot;}\" data-wp-interactive=\"core\/image\" data-wp-key=\"6a9c45fd6b172\" class=\"wp-block-image size-full wp-lightbox-container\"><img decoding=\"async\" width=\"1800\" height=\"1350\" data-wp-class--hide=\"state.isContentHidden\" data-wp-class--show=\"state.isContentVisible\" data-wp-init=\"callbacks.setButtonStyles\" data-wp-on--click=\"actions.showLightbox\" data-wp-on--load=\"callbacks.setButtonStyles\" data-wp-on--pointerdown=\"actions.preloadImage\" data-wp-on--pointerenter=\"actions.preloadImageWithDelay\" data-wp-on--pointerleave=\"actions.cancelPreload\" data-wp-on-window--resize=\"callbacks.setButtonStyles\" src=\"https:\/\/loudavymkrokem.cz\/wp-content\/uploads\/2026\/08\/bulharsko-research-plaze-bulharsko-10.jpg\" alt=\"Stranden och lagunen Alepu s\u00f6der om Sozopol\" class=\"wp-image-404201\" title=\"\" srcset=\"https:\/\/loudavymkrokem.cz\/wp-content\/uploads\/2026\/08\/bulharsko-research-plaze-bulharsko-10.jpg 1800w, https:\/\/loudavymkrokem.cz\/wp-content\/uploads\/2026\/08\/bulharsko-research-plaze-bulharsko-10-300x225.jpg 300w, https:\/\/loudavymkrokem.cz\/wp-content\/uploads\/2026\/08\/bulharsko-research-plaze-bulharsko-10-700x525.jpg 700w, https:\/\/loudavymkrokem.cz\/wp-content\/uploads\/2026\/08\/bulharsko-research-plaze-bulharsko-10-768x576.jpg 768w, https:\/\/loudavymkrokem.cz\/wp-content\/uploads\/2026\/08\/bulharsko-research-plaze-bulharsko-10-1536x1152.jpg 1536w, https:\/\/loudavymkrokem.cz\/wp-content\/uploads\/2026\/08\/bulharsko-research-plaze-bulharsko-10-80x60.jpg 80w, https:\/\/loudavymkrokem.cz\/wp-content\/uploads\/2026\/08\/bulharsko-research-plaze-bulharsko-10-160x120.jpg 160w, https:\/\/loudavymkrokem.cz\/wp-content\/uploads\/2026\/08\/bulharsko-research-plaze-bulharsko-10-696x522.jpg 696w, https:\/\/loudavymkrokem.cz\/wp-content\/uploads\/2026\/08\/bulharsko-research-plaze-bulharsko-10-1392x1044.jpg 1392w\" sizes=\"(max-width: 1800px) 100vw, 1800px\" \/><button\n\t\t\tclass=\"lightbox-trigger\"\n\t\t\ttype=\"button\"\n\t\t\taria-haspopup=\"dialog\"\n\t\t\tdata-wp-bind--aria-label=\"state.thisImage.triggerButtonAriaLabel\"\n\t\t\tdata-wp-init=\"callbacks.initTriggerButton\"\n\t\t\tdata-wp-on--click=\"actions.showLightbox\"\n\t\t\tdata-wp-style--right=\"state.thisImage.buttonRight\"\n\t\t\tdata-wp-style--top=\"state.thisImage.buttonTop\"\n\t\t>\n\t\t\t<svg xmlns=\"http:\/\/www.w3.org\/2000\/svg\" width=\"12\" height=\"12\" fill=\"none\" viewBox=\"0 0 12 12\">\n\t\t\t\t<path fill=\"#fff\" d=\"M2 0a2 2 0 0 0-2 2v2h1.5V2a.5.5 0 0 1 .5-.5h2V0H2Zm2 10.5H2a.5.5 0 0 1-.5-.5V8H0v2a2 2 0 0 0 2 2h2v-1.5ZM8 12v-1.5h2a.5.5 0 0 0 .5-.5V8H12v2a2 2 0 0 1-2 2H8Zm2-12a2 2 0 0 1 2 2v2h-1.5V2a.5.5 0 0 0-.5-.5H8V0h2Z\" \/>\n\t\t\t<\/svg>\n\t\t<\/button><figcaption class=\"wp-element-caption\">Foto: Footballer99 \/ Wikimedia Commons (CC BY-SA 3.0)<\/figcaption><\/figure>\n\n\n\n<h3 class=\"wp-block-heading\"><span class=\"ez-toc-section\" id=\"6_Alepu\"><\/span>6. Alepu<span class=\"ez-toc-section-end\"><\/span><\/h3>\n\n\n\n<p class=\"wp-block-paragraph\">Den h\u00e4r l\u00e5nga sandreveln s\u00f6der om Sozopol kallas av lokalborna f\u00f6r &#8221;Chauff\u00f6rstranden&#8221;. Anledningen \u00e4r enkel: den gamla kustv\u00e4gen g\u00e5r precis intill den, s\u00e5 <strong>du kan kliva ur bilen praktiskt taget rakt ut i sanden<\/strong>. Det \u00e4r en enorm f\u00f6rdel f\u00f6r dem som tar med sig mycket utrustning till vattnet.<\/p>\n\n\n\n<p class=\"wp-block-paragraph\">Alepu \u00e4r inte officiellt organiserad \u2013 h\u00e4r saknas livr\u00e4ddare, solstolsuthyrning och matst\u00e5nd. En stor del av bes\u00f6karna kommer just p\u00e5 grund av den totala friden. Omr\u00e5det kring de intilliggande v\u00e5tmarkerna \u00e4r dessutom <strong>en viktig h\u00e4ckningsplats f\u00f6r s\u00e4llsynta f\u00e5glar<\/strong>, vilket lockar naturfotografer.<\/p>\n\n\n\n<p class=\"wp-block-paragraph\">Tack vare sin enorma yta och totala avsaknad av civilisation fungerar Alepu \u00e4ven som <strong>en inofficiell men tolererad naturiststrand<\/strong>. Naturister brukar h\u00e5lla till p\u00e5 de mer avl\u00e4gsna delarna mot lagunen. Ha dock i \u00e5tanke att vattening\u00e5ngen brukar vara brantare och att det bildas obehagliga v\u00e5gor vid nordanvind.<\/p>\n\n\n\n<figure data-wp-context=\"{&quot;imageId&quot;:&quot;6a9c45fd6b822&quot;}\" data-wp-interactive=\"core\/image\" data-wp-key=\"6a9c45fd6b822\" class=\"wp-block-image size-full wp-lightbox-container\"><img decoding=\"async\" width=\"1800\" height=\"1207\" data-wp-class--hide=\"state.isContentHidden\" data-wp-class--show=\"state.isContentVisible\" data-wp-init=\"callbacks.setButtonStyles\" data-wp-on--click=\"actions.showLightbox\" data-wp-on--load=\"callbacks.setButtonStyles\" data-wp-on--pointerdown=\"actions.preloadImage\" data-wp-on--pointerenter=\"actions.preloadImageWithDelay\" data-wp-on--pointerleave=\"actions.cancelPreload\" data-wp-on-window--resize=\"callbacks.setButtonStyles\" src=\"https:\/\/loudavymkrokem.cz\/wp-content\/uploads\/2026\/08\/bulharsko-research-plaze-bulharsko-11.jpg\" alt=\"Rezovo vid den bulgarisk-turkiska gr\u00e4nsen\" class=\"wp-image-404202\" title=\"\" srcset=\"https:\/\/loudavymkrokem.cz\/wp-content\/uploads\/2026\/08\/bulharsko-research-plaze-bulharsko-11.jpg 1800w, https:\/\/loudavymkrokem.cz\/wp-content\/uploads\/2026\/08\/bulharsko-research-plaze-bulharsko-11-300x201.jpg 300w, https:\/\/loudavymkrokem.cz\/wp-content\/uploads\/2026\/08\/bulharsko-research-plaze-bulharsko-11-700x469.jpg 700w, https:\/\/loudavymkrokem.cz\/wp-content\/uploads\/2026\/08\/bulharsko-research-plaze-bulharsko-11-768x515.jpg 768w, https:\/\/loudavymkrokem.cz\/wp-content\/uploads\/2026\/08\/bulharsko-research-plaze-bulharsko-11-1536x1030.jpg 1536w, https:\/\/loudavymkrokem.cz\/wp-content\/uploads\/2026\/08\/bulharsko-research-plaze-bulharsko-11-696x467.jpg 696w, https:\/\/loudavymkrokem.cz\/wp-content\/uploads\/2026\/08\/bulharsko-research-plaze-bulharsko-11-1392x933.jpg 1392w\" sizes=\"(max-width: 1800px) 100vw, 1800px\" \/><button\n\t\t\tclass=\"lightbox-trigger\"\n\t\t\ttype=\"button\"\n\t\t\taria-haspopup=\"dialog\"\n\t\t\tdata-wp-bind--aria-label=\"state.thisImage.triggerButtonAriaLabel\"\n\t\t\tdata-wp-init=\"callbacks.initTriggerButton\"\n\t\t\tdata-wp-on--click=\"actions.showLightbox\"\n\t\t\tdata-wp-style--right=\"state.thisImage.buttonRight\"\n\t\t\tdata-wp-style--top=\"state.thisImage.buttonTop\"\n\t\t>\n\t\t\t<svg xmlns=\"http:\/\/www.w3.org\/2000\/svg\" width=\"12\" height=\"12\" fill=\"none\" viewBox=\"0 0 12 12\">\n\t\t\t\t<path fill=\"#fff\" d=\"M2 0a2 2 0 0 0-2 2v2h1.5V2a.5.5 0 0 1 .5-.5h2V0H2Zm2 10.5H2a.5.5 0 0 1-.5-.5V8H0v2a2 2 0 0 0 2 2h2v-1.5ZM8 12v-1.5h2a.5.5 0 0 0 .5-.5V8H12v2a2 2 0 0 1-2 2H8Zm2-12a2 2 0 0 1 2 2v2h-1.5V2a.5.5 0 0 0-.5-.5H8V0h2Z\" \/>\n\t\t\t<\/svg>\n\t\t<\/button><figcaption class=\"wp-element-caption\">Foto (redigerat): Pudelek (Marcin Szala) \/ Wikimedia Commons, CC BY-SA 3.0<\/figcaption><\/figure>\n\n\n\n<h3 class=\"wp-block-heading\"><span class=\"ez-toc-section\" id=\"7_Kastric_och_Rezovo\"><\/span>7. Kastri\u010d och Rezovo<span class=\"ez-toc-section-end\"><\/span><\/h3>\n\n\n\n<p class=\"wp-block-paragraph\">L\u00e4ngst i s\u00f6der, bortom popul\u00e4ra Silistar, g\u00f6mmer sig platser f\u00f6r riktiga \u00e4ventyrare. Viken Kastri\u010d n\u00e5s bara till fots l\u00e4ngs en omarkerad stig som g\u00e5r ungef\u00e4r <strong>tv\u00e5 och en halv kilometer genom t\u00e4t skog<\/strong>. Vandringen tar knappt tre kvart, men vid slutet v\u00e4ntar en or\u00f6rd vik som du med stor sannolikhet har helt f\u00f6r dig sj\u00e4lv.<\/p>\n\n\n\n<p class=\"wp-block-paragraph\">Rezovo \u00e4r sj\u00e4lva den sista bulgariska byn f\u00f6re den turkiska gr\u00e4nsen. Leta inte efter en klassisk sandstrand h\u00e4r \u2013 kusten \u00e4r vild, klippig och full av sm\u00e5 vikar. Enligt erfarna resen\u00e4rer \u00e4r det <strong>en av de b\u00e4sta platserna f\u00f6r snorkling<\/strong> i hela omr\u00e5det, eftersom vattnet \u00e4r otroligt kristallklart tack vare avsaknaden av sand.<\/p>\n\n\n\n<p class=\"wp-block-paragraph\">Det h\u00e4r omr\u00e5det kr\u00e4ver respekt. Vattening\u00e5ngen \u00f6ver stenar och klippor \u00e4r kr\u00e4vande och str\u00f6mmarna kan vara ober\u00e4kneliga. Det \u00e4r definitivt <strong>ingen plats f\u00f6r en familjeutflykt med sm\u00e5 barn<\/strong>, utan snarare ett m\u00e5l f\u00f6r erfarna simmare som vill uppleva den r\u00e5a atmosf\u00e4ren vid EU:s absoluta \u00e4nde.<\/p>\n\n\n\n<figure data-wp-context=\"{&quot;imageId&quot;:&quot;6a9c45fd6bf22&quot;}\" data-wp-interactive=\"core\/image\" data-wp-key=\"6a9c45fd6bf22\" class=\"wp-block-image size-full wp-lightbox-container\"><img decoding=\"async\" width=\"1800\" height=\"1350\" data-wp-class--hide=\"state.isContentHidden\" data-wp-class--show=\"state.isContentVisible\" data-wp-init=\"callbacks.setButtonStyles\" data-wp-on--click=\"actions.showLightbox\" data-wp-on--load=\"callbacks.setButtonStyles\" data-wp-on--pointerdown=\"actions.preloadImage\" data-wp-on--pointerenter=\"actions.preloadImageWithDelay\" data-wp-on--pointerleave=\"actions.cancelPreload\" data-wp-on-window--resize=\"callbacks.setButtonStyles\" src=\"https:\/\/loudavymkrokem.cz\/wp-content\/uploads\/2026\/08\/bulharsko-research-plaze-bulharsko-12.jpg\" alt=\"Svarta havets norra kust vid kap Kaliakra\" class=\"wp-image-404204\" title=\"\" srcset=\"https:\/\/loudavymkrokem.cz\/wp-content\/uploads\/2026\/08\/bulharsko-research-plaze-bulharsko-12.jpg 1800w, https:\/\/loudavymkrokem.cz\/wp-content\/uploads\/2026\/08\/bulharsko-research-plaze-bulharsko-12-300x225.jpg 300w, https:\/\/loudavymkrokem.cz\/wp-content\/uploads\/2026\/08\/bulharsko-research-plaze-bulharsko-12-700x525.jpg 700w, https:\/\/loudavymkrokem.cz\/wp-content\/uploads\/2026\/08\/bulharsko-research-plaze-bulharsko-12-768x576.jpg 768w, https:\/\/loudavymkrokem.cz\/wp-content\/uploads\/2026\/08\/bulharsko-research-plaze-bulharsko-12-1536x1152.jpg 1536w, https:\/\/loudavymkrokem.cz\/wp-content\/uploads\/2026\/08\/bulharsko-research-plaze-bulharsko-12-80x60.jpg 80w, https:\/\/loudavymkrokem.cz\/wp-content\/uploads\/2026\/08\/bulharsko-research-plaze-bulharsko-12-160x120.jpg 160w, https:\/\/loudavymkrokem.cz\/wp-content\/uploads\/2026\/08\/bulharsko-research-plaze-bulharsko-12-696x522.jpg 696w, https:\/\/loudavymkrokem.cz\/wp-content\/uploads\/2026\/08\/bulharsko-research-plaze-bulharsko-12-1392x1044.jpg 1392w\" sizes=\"(max-width: 1800px) 100vw, 1800px\" \/><button\n\t\t\tclass=\"lightbox-trigger\"\n\t\t\ttype=\"button\"\n\t\t\taria-haspopup=\"dialog\"\n\t\t\tdata-wp-bind--aria-label=\"state.thisImage.triggerButtonAriaLabel\"\n\t\t\tdata-wp-init=\"callbacks.initTriggerButton\"\n\t\t\tdata-wp-on--click=\"actions.showLightbox\"\n\t\t\tdata-wp-style--right=\"state.thisImage.buttonRight\"\n\t\t\tdata-wp-style--top=\"state.thisImage.buttonTop\"\n\t\t>\n\t\t\t<svg xmlns=\"http:\/\/www.w3.org\/2000\/svg\" width=\"12\" height=\"12\" fill=\"none\" viewBox=\"0 0 12 12\">\n\t\t\t\t<path fill=\"#fff\" d=\"M2 0a2 2 0 0 0-2 2v2h1.5V2a.5.5 0 0 1 .5-.5h2V0H2Zm2 10.5H2a.5.5 0 0 1-.5-.5V8H0v2a2 2 0 0 0 2 2h2v-1.5ZM8 12v-1.5h2a.5.5 0 0 0 .5-.5V8H12v2a2 2 0 0 1-2 2H8Zm2-12a2 2 0 0 1 2 2v2h-1.5V2a.5.5 0 0 0-.5-.5H8V0h2Z\" \/>\n\t\t\t<\/svg>\n\t\t<\/button><figcaption class=\"wp-element-caption\">Foto: Spiridon Manoliu \/ Wikimedia Commons, CC BY 3.0<\/figcaption><\/figure>\n\n\n\n<h2 class=\"wp-block-heading\"><span class=\"ez-toc-section\" id=\"Norra_kusten_och_vildmarken_vid_Varna\"><\/span>Norra kusten och vildmarken vid Varna<span class=\"ez-toc-section-end\"><\/span><\/h2>\n\n\n\n<p class=\"wp-block-paragraph\">Den <strong>norra delen av kusten<\/strong> kring Varna har bland resen\u00e4rer rykte om sig att vara en enda stor festzon, men l\u00e5t dig inte luras. \u00c4ven h\u00e4r uppt\u00e4cker du g\u00f6mda platser som har beh\u00e5llit sitt r\u00e5a ansikte. Medan mindre klippiga vikar dominerar i s\u00f6der, erbjuder norr <strong>h\u00e4nf\u00f6rande r\u00f6da klippor<\/strong> och kilometerl\u00e5nga \u00f6de str\u00e4nder.<\/p>\n\n\n\n<p class=\"wp-block-paragraph\">Det h\u00e4r omr\u00e5det \u00e4r idealiskt f\u00f6r dig som g\u00e4rna kombinerar <strong>uppt\u00e4ckter av or\u00f6rd natur<\/strong> med enstaka utflykter till civilisationen. Dessutom r\u00e5der h\u00e4r utm\u00e4rkta <strong>f\u00f6rh\u00e5llanden f\u00f6r snorkling<\/strong> tack vare de grunda och skyddade vikarna.<\/p>\n\n\n\n<figure data-wp-context=\"{&quot;imageId&quot;:&quot;6a9c45fd6c648&quot;}\" data-wp-interactive=\"core\/image\" data-wp-key=\"6a9c45fd6c648\" class=\"wp-block-image size-full wp-lightbox-container\"><img decoding=\"async\" width=\"1800\" height=\"1012\" data-wp-class--hide=\"state.isContentHidden\" data-wp-class--show=\"state.isContentVisible\" data-wp-init=\"callbacks.setButtonStyles\" data-wp-on--click=\"actions.showLightbox\" data-wp-on--load=\"callbacks.setButtonStyles\" data-wp-on--pointerdown=\"actions.preloadImage\" data-wp-on--pointerenter=\"actions.preloadImageWithDelay\" data-wp-on--pointerleave=\"actions.cancelPreload\" data-wp-on-window--resize=\"callbacks.setButtonStyles\" src=\"https:\/\/loudavymkrokem.cz\/wp-content\/uploads\/2026\/08\/bulharsko-research-plaze-bulharsko-13.jpg\" alt=\"Viken Bolata under de r\u00f6da klipporna\" class=\"wp-image-404208\" title=\"\" srcset=\"https:\/\/loudavymkrokem.cz\/wp-content\/uploads\/2026\/08\/bulharsko-research-plaze-bulharsko-13.jpg 1800w, https:\/\/loudavymkrokem.cz\/wp-content\/uploads\/2026\/08\/bulharsko-research-plaze-bulharsko-13-300x169.jpg 300w, https:\/\/loudavymkrokem.cz\/wp-content\/uploads\/2026\/08\/bulharsko-research-plaze-bulharsko-13-700x394.jpg 700w, https:\/\/loudavymkrokem.cz\/wp-content\/uploads\/2026\/08\/bulharsko-research-plaze-bulharsko-13-768x432.jpg 768w, https:\/\/loudavymkrokem.cz\/wp-content\/uploads\/2026\/08\/bulharsko-research-plaze-bulharsko-13-1536x864.jpg 1536w, https:\/\/loudavymkrokem.cz\/wp-content\/uploads\/2026\/08\/bulharsko-research-plaze-bulharsko-13-696x391.jpg 696w, https:\/\/loudavymkrokem.cz\/wp-content\/uploads\/2026\/08\/bulharsko-research-plaze-bulharsko-13-1392x783.jpg 1392w\" sizes=\"(max-width: 1800px) 100vw, 1800px\" \/><button\n\t\t\tclass=\"lightbox-trigger\"\n\t\t\ttype=\"button\"\n\t\t\taria-haspopup=\"dialog\"\n\t\t\tdata-wp-bind--aria-label=\"state.thisImage.triggerButtonAriaLabel\"\n\t\t\tdata-wp-init=\"callbacks.initTriggerButton\"\n\t\t\tdata-wp-on--click=\"actions.showLightbox\"\n\t\t\tdata-wp-style--right=\"state.thisImage.buttonRight\"\n\t\t\tdata-wp-style--top=\"state.thisImage.buttonTop\"\n\t\t>\n\t\t\t<svg xmlns=\"http:\/\/www.w3.org\/2000\/svg\" width=\"12\" height=\"12\" fill=\"none\" viewBox=\"0 0 12 12\">\n\t\t\t\t<path fill=\"#fff\" d=\"M2 0a2 2 0 0 0-2 2v2h1.5V2a.5.5 0 0 1 .5-.5h2V0H2Zm2 10.5H2a.5.5 0 0 1-.5-.5V8H0v2a2 2 0 0 0 2 2h2v-1.5ZM8 12v-1.5h2a.5.5 0 0 0 .5-.5V8H12v2a2 2 0 0 1-2 2H8Zm2-12a2 2 0 0 1 2 2v2h-1.5V2a.5.5 0 0 0-.5-.5H8V0h2Z\" \/>\n\t\t\t<\/svg>\n\t\t<\/button><figcaption class=\"wp-element-caption\">Foto: Gery Romanova \/ Wikimedia Commons, CC BY-SA 4.0<\/figcaption><\/figure>\n\n\n\n<h3 class=\"wp-block-heading\"><span class=\"ez-toc-section\" id=\"8_Bolata\"><\/span>8. Bolata<span class=\"ez-toc-section-end\"><\/span><\/h3>\n\n\n\n<p class=\"wp-block-paragraph\">N\u00e4ra det k\u00e4nda kapet Kaliakra sk\u00e4r sig en helt unik vik in i de h\u00f6ga r\u00f6da klipporna. Bolata har formen av en perfekt halvm\u00e5ne och \u00e4r <strong>det enda bulgariska reservatet som \u00e4ven omfattar vattenyta<\/strong>. Tillfarten hit g\u00e5r l\u00e4ngs en mycket smal och slingrande asfaltv\u00e4g, vid vars slut du hittar en mindre parkering.<\/p>\n\n\n\n<p class=\"wp-block-paragraph\">Vattnet \u00e4r otroligt lugnt och grunt h\u00e4r tack vare de skyddande klipporna och en konstgjord pir. Just d\u00e4rf\u00f6r r\u00e4knas Bolata till <strong>den absoluta toppen f\u00f6r snorkling\u00e4lskare<\/strong>. Under ytan ser du l\u00e4tt fiskstim, krabbor och en massa andra havsdjur som g\u00f6mmer sig bland stenarna.<\/p>\n\n\n\n<p class=\"wp-block-paragraph\"><strong>Faciliteterna \u00e4r minimala h\u00e4r<\/strong> (bara ett kaffest\u00e5nd), men om du planerar att komma hit i h\u00f6gs\u00e4song b\u00f6r du <strong>anl\u00e4nda s\u00e5 tidigt p\u00e5 morgonen som m\u00f6jligt<\/strong>, eftersom viken \u00e4r liten och extremt popul\u00e4r bland lokalborna. Redan runt tio brukar det vara sv\u00e5rt att hitta plats f\u00f6r handduken.<\/p>\n\n\n\n<figure data-wp-context=\"{&quot;imageId&quot;:&quot;6a9c45fd6ccb9&quot;}\" data-wp-interactive=\"core\/image\" data-wp-key=\"6a9c45fd6ccb9\" class=\"wp-block-image size-full wp-lightbox-container\"><img decoding=\"async\" width=\"1800\" height=\"1350\" data-wp-class--hide=\"state.isContentHidden\" data-wp-class--show=\"state.isContentVisible\" data-wp-init=\"callbacks.setButtonStyles\" data-wp-on--click=\"actions.showLightbox\" data-wp-on--load=\"callbacks.setButtonStyles\" data-wp-on--pointerdown=\"actions.preloadImage\" data-wp-on--pointerenter=\"actions.preloadImageWithDelay\" data-wp-on--pointerleave=\"actions.cancelPreload\" data-wp-on-window--resize=\"callbacks.setButtonStyles\" src=\"https:\/\/loudavymkrokem.cz\/wp-content\/uploads\/2026\/08\/bulharsko-research-plaze-bulharsko-14.jpg\" alt=\"Kusten vid byn Topola med Vita lagunen\" class=\"wp-image-404210\" title=\"\" srcset=\"https:\/\/loudavymkrokem.cz\/wp-content\/uploads\/2026\/08\/bulharsko-research-plaze-bulharsko-14.jpg 1800w, https:\/\/loudavymkrokem.cz\/wp-content\/uploads\/2026\/08\/bulharsko-research-plaze-bulharsko-14-300x225.jpg 300w, https:\/\/loudavymkrokem.cz\/wp-content\/uploads\/2026\/08\/bulharsko-research-plaze-bulharsko-14-700x525.jpg 700w, https:\/\/loudavymkrokem.cz\/wp-content\/uploads\/2026\/08\/bulharsko-research-plaze-bulharsko-14-768x576.jpg 768w, https:\/\/loudavymkrokem.cz\/wp-content\/uploads\/2026\/08\/bulharsko-research-plaze-bulharsko-14-1536x1152.jpg 1536w, https:\/\/loudavymkrokem.cz\/wp-content\/uploads\/2026\/08\/bulharsko-research-plaze-bulharsko-14-80x60.jpg 80w, https:\/\/loudavymkrokem.cz\/wp-content\/uploads\/2026\/08\/bulharsko-research-plaze-bulharsko-14-160x120.jpg 160w, https:\/\/loudavymkrokem.cz\/wp-content\/uploads\/2026\/08\/bulharsko-research-plaze-bulharsko-14-696x522.jpg 696w, https:\/\/loudavymkrokem.cz\/wp-content\/uploads\/2026\/08\/bulharsko-research-plaze-bulharsko-14-1392x1044.jpg 1392w\" sizes=\"(max-width: 1800px) 100vw, 1800px\" \/><button\n\t\t\tclass=\"lightbox-trigger\"\n\t\t\ttype=\"button\"\n\t\t\taria-haspopup=\"dialog\"\n\t\t\tdata-wp-bind--aria-label=\"state.thisImage.triggerButtonAriaLabel\"\n\t\t\tdata-wp-init=\"callbacks.initTriggerButton\"\n\t\t\tdata-wp-on--click=\"actions.showLightbox\"\n\t\t\tdata-wp-style--right=\"state.thisImage.buttonRight\"\n\t\t\tdata-wp-style--top=\"state.thisImage.buttonTop\"\n\t\t>\n\t\t\t<svg xmlns=\"http:\/\/www.w3.org\/2000\/svg\" width=\"12\" height=\"12\" fill=\"none\" viewBox=\"0 0 12 12\">\n\t\t\t\t<path fill=\"#fff\" d=\"M2 0a2 2 0 0 0-2 2v2h1.5V2a.5.5 0 0 1 .5-.5h2V0H2Zm2 10.5H2a.5.5 0 0 1-.5-.5V8H0v2a2 2 0 0 0 2 2h2v-1.5ZM8 12v-1.5h2a.5.5 0 0 0 .5-.5V8H12v2a2 2 0 0 1-2 2H8Zm2-12a2 2 0 0 1 2 2v2h-1.5V2a.5.5 0 0 0-.5-.5H8V0h2Z\" \/>\n\t\t\t<\/svg>\n\t\t<\/button><figcaption class=\"wp-element-caption\">Foto: Nikolai Karaneschev \/ Wikimedia Commons, CC BY 3.0<\/figcaption><\/figure>\n\n\n\n<h3 class=\"wp-block-heading\"><span class=\"ez-toc-section\" id=\"9_Vita_lagunen_Topola\"><\/span>9. Vita lagunen (Topola)<span class=\"ez-toc-section-end\"><\/span><\/h3>\n\n\n\n<p class=\"wp-block-paragraph\">Mellan st\u00e4derna Baltjik och Kavarna hittar du ett mycket trevligt alternativ till de stora, livliga badorterna. Vita lagunen har f\u00e5tt sitt namn av de <strong>ljusa kalkstensklipporna<\/strong> som omger hela omr\u00e5det och ger vattnet en underbar turkos nyans. \u00c5r 2026 hamnade stranden dessutom p\u00e5 den prestigefyllda listan \u00f6ver bl\u00e5 flagg-innehavare.<\/p>\n\n\n\n<p class=\"wp-block-paragraph\">Stranden \u00e4r v\u00e4lorganiserad \u2013 du hittar bra solstolar, parasoll, duschar och moderna toaletter. Vattening\u00e5ngen \u00e4r mild och vattnet brukar vara mycket lugnt tack vare det skyddade l\u00e4get. Om du gillar bekv\u00e4mlighet och vill undvika folkmassorna p\u00e5 Gyllene sanden <strong>rekommenderar lokalborna just den h\u00e4r platsen<\/strong>.<\/p>\n\n\n\n<p class=\"wp-block-paragraph\">Den enda nackdelen kan vara sj\u00e4lva tillg\u00e5ngen till vattnet. St\u00f6rre delen av boendet ligger p\u00e5 klippan ovanf\u00f6r stranden, s\u00e5 <strong>r\u00e4kna med att dagligen bem\u00e4stra dussintals trappsteg<\/strong>. F\u00f6r familjer med barnvagn kan det inneb\u00e4ra en liten komplikation, men utsikten fr\u00e5n toppen \u00e4r utan tvekan v\u00e4rd anstr\u00e4ngningen.<\/p>\n\n\n\n<figure data-wp-context=\"{&quot;imageId&quot;:&quot;6a9c45fd6d214&quot;}\" data-wp-interactive=\"core\/image\" data-wp-key=\"6a9c45fd6d214\" class=\"wp-block-image size-full wp-lightbox-container\"><img decoding=\"async\" width=\"1800\" height=\"1207\" data-wp-class--hide=\"state.isContentHidden\" data-wp-class--show=\"state.isContentVisible\" data-wp-init=\"callbacks.setButtonStyles\" data-wp-on--click=\"actions.showLightbox\" data-wp-on--load=\"callbacks.setButtonStyles\" data-wp-on--pointerdown=\"actions.preloadImage\" data-wp-on--pointerenter=\"actions.preloadImageWithDelay\" data-wp-on--pointerleave=\"actions.cancelPreload\" data-wp-on-window--resize=\"callbacks.setButtonStyles\" src=\"https:\/\/loudavymkrokem.cz\/wp-content\/uploads\/2026\/08\/bulharsko-research-plaze-bulharsko-15.jpg\" alt=\"Kusten vid Krapets och Durankulak l\u00e4ngst i norr\" class=\"wp-image-404215\" title=\"\" srcset=\"https:\/\/loudavymkrokem.cz\/wp-content\/uploads\/2026\/08\/bulharsko-research-plaze-bulharsko-15.jpg 1800w, https:\/\/loudavymkrokem.cz\/wp-content\/uploads\/2026\/08\/bulharsko-research-plaze-bulharsko-15-300x201.jpg 300w, https:\/\/loudavymkrokem.cz\/wp-content\/uploads\/2026\/08\/bulharsko-research-plaze-bulharsko-15-700x469.jpg 700w, https:\/\/loudavymkrokem.cz\/wp-content\/uploads\/2026\/08\/bulharsko-research-plaze-bulharsko-15-768x515.jpg 768w, https:\/\/loudavymkrokem.cz\/wp-content\/uploads\/2026\/08\/bulharsko-research-plaze-bulharsko-15-1536x1030.jpg 1536w, https:\/\/loudavymkrokem.cz\/wp-content\/uploads\/2026\/08\/bulharsko-research-plaze-bulharsko-15-696x467.jpg 696w, https:\/\/loudavymkrokem.cz\/wp-content\/uploads\/2026\/08\/bulharsko-research-plaze-bulharsko-15-1392x933.jpg 1392w\" sizes=\"(max-width: 1800px) 100vw, 1800px\" \/><button\n\t\t\tclass=\"lightbox-trigger\"\n\t\t\ttype=\"button\"\n\t\t\taria-haspopup=\"dialog\"\n\t\t\tdata-wp-bind--aria-label=\"state.thisImage.triggerButtonAriaLabel\"\n\t\t\tdata-wp-init=\"callbacks.initTriggerButton\"\n\t\t\tdata-wp-on--click=\"actions.showLightbox\"\n\t\t\tdata-wp-style--right=\"state.thisImage.buttonRight\"\n\t\t\tdata-wp-style--top=\"state.thisImage.buttonTop\"\n\t\t>\n\t\t\t<svg xmlns=\"http:\/\/www.w3.org\/2000\/svg\" width=\"12\" height=\"12\" fill=\"none\" viewBox=\"0 0 12 12\">\n\t\t\t\t<path fill=\"#fff\" d=\"M2 0a2 2 0 0 0-2 2v2h1.5V2a.5.5 0 0 1 .5-.5h2V0H2Zm2 10.5H2a.5.5 0 0 1-.5-.5V8H0v2a2 2 0 0 0 2 2h2v-1.5ZM8 12v-1.5h2a.5.5 0 0 0 .5-.5V8H12v2a2 2 0 0 1-2 2H8Zm2-12a2 2 0 0 1 2 2v2h-1.5V2a.5.5 0 0 0-.5-.5H8V0h2Z\" \/>\n\t\t\t<\/svg>\n\t\t<\/button><figcaption class=\"wp-element-caption\">Foto (redigerat): Inkey \/ Wikimedia Commons, CC BY-SA 3.0<\/figcaption><\/figure>\n\n\n\n<h3 class=\"wp-block-heading\"><span class=\"ez-toc-section\" id=\"10_Krapets_och_Durankulak\"><\/span>10. Krapets och Durankulak<span class=\"ez-toc-section-end\"><\/span><\/h3>\n\n\n\n<p class=\"wp-block-paragraph\">Om du s\u00f6ker fullst\u00e4ndig ensamhet och inte har n\u00e5got emot en l\u00e4ngre resa, bege dig l\u00e4ngst upp i norr mot den rum\u00e4nska gr\u00e4nsen. Det l\u00e5nga sandb\u00e4ltet mellan byn Krapets och sj\u00f6n Durankulak m\u00e4ter respektingivande 6 kilometer och bildas av <strong>n\u00e5gra av de vackraste naturliga dynerna<\/strong> l\u00e4ngs hela Svarta havskusten.<\/p>\n\n\n\n<p class=\"wp-block-paragraph\">Du hittar inga hotell, diskotek eller promenadstr\u00e5k med butiker h\u00e4r alls. Omr\u00e5det \u00e4r s\u00e4rskilt eftertraktat av ryggs\u00e4cksresen\u00e4rer och t\u00e4lt\u00e4lskare som kommer hit f\u00f6r den perfekta friden. Det finns inga livr\u00e4ddare p\u00e5 stranden och p\u00e5 grund av det \u00f6ppna havet <strong>bl\u00e5ser det ofta rej\u00e4lt<\/strong>, vilket ibland lockar ensamma kitesurfare.<\/p>\n\n\n\n<p class=\"wp-block-paragraph\">En bit bortom stranden ligger Durankulaksj\u00f6n, en viktig f\u00e5gellokal. F\u00f6r natur\u00e4lskare \u00e4r det en idealisk kombination. I byarna runtomkring finns bara n\u00e5gra f\u00e5 sm\u00e5 pensionat och krogar, d\u00e4r du kan \u00e4ta <strong>utm\u00e4rkt grillad aubergine, f\u00e4rsk mish-mash eller lokala f\u00e5rostar<\/strong>.<\/p>\n\n\n\n<figure data-wp-context=\"{&quot;imageId&quot;:&quot;6a9c45fd6d778&quot;}\" data-wp-interactive=\"core\/image\" data-wp-key=\"6a9c45fd6d778\" class=\"wp-block-image size-full wp-lightbox-container\"><img decoding=\"async\" width=\"1800\" height=\"1350\" data-wp-class--hide=\"state.isContentHidden\" data-wp-class--show=\"state.isContentVisible\" data-wp-init=\"callbacks.setButtonStyles\" data-wp-on--click=\"actions.showLightbox\" data-wp-on--load=\"callbacks.setButtonStyles\" data-wp-on--pointerdown=\"actions.preloadImage\" data-wp-on--pointerenter=\"actions.preloadImageWithDelay\" data-wp-on--pointerleave=\"actions.cancelPreload\" data-wp-on-window--resize=\"callbacks.setButtonStyles\" src=\"https:\/\/loudavymkrokem.cz\/wp-content\/uploads\/2026\/08\/bulharsko-research-plaze-bulharsko-16.jpg\" alt=\"Bulgariens l\u00e4ngsta strand vid Kam\u010dijas mynning\" class=\"wp-image-404220\" title=\"\" srcset=\"https:\/\/loudavymkrokem.cz\/wp-content\/uploads\/2026\/08\/bulharsko-research-plaze-bulharsko-16.jpg 1800w, https:\/\/loudavymkrokem.cz\/wp-content\/uploads\/2026\/08\/bulharsko-research-plaze-bulharsko-16-300x225.jpg 300w, https:\/\/loudavymkrokem.cz\/wp-content\/uploads\/2026\/08\/bulharsko-research-plaze-bulharsko-16-700x525.jpg 700w, https:\/\/loudavymkrokem.cz\/wp-content\/uploads\/2026\/08\/bulharsko-research-plaze-bulharsko-16-768x576.jpg 768w, https:\/\/loudavymkrokem.cz\/wp-content\/uploads\/2026\/08\/bulharsko-research-plaze-bulharsko-16-1536x1152.jpg 1536w, https:\/\/loudavymkrokem.cz\/wp-content\/uploads\/2026\/08\/bulharsko-research-plaze-bulharsko-16-80x60.jpg 80w, https:\/\/loudavymkrokem.cz\/wp-content\/uploads\/2026\/08\/bulharsko-research-plaze-bulharsko-16-160x120.jpg 160w, https:\/\/loudavymkrokem.cz\/wp-content\/uploads\/2026\/08\/bulharsko-research-plaze-bulharsko-16-696x522.jpg 696w, https:\/\/loudavymkrokem.cz\/wp-content\/uploads\/2026\/08\/bulharsko-research-plaze-bulharsko-16-1392x1044.jpg 1392w\" sizes=\"(max-width: 1800px) 100vw, 1800px\" \/><button\n\t\t\tclass=\"lightbox-trigger\"\n\t\t\ttype=\"button\"\n\t\t\taria-haspopup=\"dialog\"\n\t\t\tdata-wp-bind--aria-label=\"state.thisImage.triggerButtonAriaLabel\"\n\t\t\tdata-wp-init=\"callbacks.initTriggerButton\"\n\t\t\tdata-wp-on--click=\"actions.showLightbox\"\n\t\t\tdata-wp-style--right=\"state.thisImage.buttonRight\"\n\t\t\tdata-wp-style--top=\"state.thisImage.buttonTop\"\n\t\t>\n\t\t\t<svg xmlns=\"http:\/\/www.w3.org\/2000\/svg\" width=\"12\" height=\"12\" fill=\"none\" viewBox=\"0 0 12 12\">\n\t\t\t\t<path fill=\"#fff\" d=\"M2 0a2 2 0 0 0-2 2v2h1.5V2a.5.5 0 0 1 .5-.5h2V0H2Zm2 10.5H2a.5.5 0 0 1-.5-.5V8H0v2a2 2 0 0 0 2 2h2v-1.5ZM8 12v-1.5h2a.5.5 0 0 0 .5-.5V8H12v2a2 2 0 0 1-2 2H8Zm2-12a2 2 0 0 1 2 2v2h-1.5V2a.5.5 0 0 0-.5-.5H8V0h2Z\" \/>\n\t\t\t<\/svg>\n\t\t<\/button><figcaption class=\"wp-element-caption\">Foto: Svilen Enev Svik \/ Wikimedia Commons, CC BY-SA 3.0<\/figcaption><\/figure>\n\n\n\n<h3 class=\"wp-block-heading\"><span class=\"ez-toc-section\" id=\"11_Skorpilovtsi_och_Kamcija\"><\/span>11. \u0160korpilovtsi och Kam\u010dija<span class=\"ez-toc-section-end\"><\/span><\/h3>\n\n\n\n<p class=\"wp-block-paragraph\">Det h\u00e4r sandb\u00e4ltet s\u00f6der om Varna h\u00e5ller ett viktigt nationellt rekord. De sammanh\u00e4ngande str\u00e4nderna \u0160korpilovtsi och Kam\u010dija bildar med sin l\u00e4ngd p\u00e5 11,96 kilometer <strong>den allra l\u00e4ngsta obrutna stranden i hela Bulgarien<\/strong>. P\u00e5 vissa st\u00e4llen n\u00e5r sandmattans bredd dessutom otroliga 100 till 120 meter.<\/p>\n\n\n\n<p class=\"wp-block-paragraph\">Den bulgariska pressen utn\u00e4mnde det h\u00e4r omr\u00e5det till den b\u00e4sta platsen f\u00f6r sommaren 2026 att fly folkmassorna. Tack vare den enorma ytan upplever du aldrig n\u00e5gon tr\u00e4ngselk\u00e4nsla. Du hittar visserligen n\u00e5gra mindre hotell och restauranger, men <strong>st\u00f6rre delen av stranden f\u00f6rblir helt vild<\/strong> och omgiven av t\u00e4t ekskog.<\/p>\n\n\n\n<p class=\"wp-block-paragraph\">Omr\u00e5det \u00e4r ocks\u00e5 hem f\u00f6r landets st\u00f6rsta lagliga t\u00e4ltzon. Om du gillar frihet blir du s\u00e4kert glad att veta att de avl\u00e4gsna norra delarna i \u0160korpilovtsi fungerar som <strong>tolererade inofficiella naturiststr\u00e4nder<\/strong>. En nyhet f\u00f6r \u00e5rets s\u00e4song \u00e4r dessutom att den regionala f\u00f6rvaltningen f\u00f6r f\u00f6rsta g\u00e5ngen har upphandlat livr\u00e4ddare hit.<\/p>\n\n\n\n<figure data-wp-context=\"{&quot;imageId&quot;:&quot;6a9c45fd6de68&quot;}\" data-wp-interactive=\"core\/image\" data-wp-key=\"6a9c45fd6de68\" class=\"wp-block-image size-full wp-lightbox-container\"><img decoding=\"async\" width=\"1800\" height=\"1350\" data-wp-class--hide=\"state.isContentHidden\" data-wp-class--show=\"state.isContentVisible\" data-wp-init=\"callbacks.setButtonStyles\" data-wp-on--click=\"actions.showLightbox\" data-wp-on--load=\"callbacks.setButtonStyles\" data-wp-on--pointerdown=\"actions.preloadImage\" data-wp-on--pointerenter=\"actions.preloadImageWithDelay\" data-wp-on--pointerleave=\"actions.cancelPreload\" data-wp-on-window--resize=\"callbacks.setButtonStyles\" src=\"https:\/\/loudavymkrokem.cz\/wp-content\/uploads\/2026\/08\/bulharsko-research-plaze-bulharsko-17.jpg\" alt=\"Den vilda stranden Pa\u0161a dere s\u00f6der om Varna\" class=\"wp-image-404223\" title=\"\" srcset=\"https:\/\/loudavymkrokem.cz\/wp-content\/uploads\/2026\/08\/bulharsko-research-plaze-bulharsko-17.jpg 1800w, https:\/\/loudavymkrokem.cz\/wp-content\/uploads\/2026\/08\/bulharsko-research-plaze-bulharsko-17-300x225.jpg 300w, https:\/\/loudavymkrokem.cz\/wp-content\/uploads\/2026\/08\/bulharsko-research-plaze-bulharsko-17-700x525.jpg 700w, https:\/\/loudavymkrokem.cz\/wp-content\/uploads\/2026\/08\/bulharsko-research-plaze-bulharsko-17-768x576.jpg 768w, https:\/\/loudavymkrokem.cz\/wp-content\/uploads\/2026\/08\/bulharsko-research-plaze-bulharsko-17-1536x1152.jpg 1536w, https:\/\/loudavymkrokem.cz\/wp-content\/uploads\/2026\/08\/bulharsko-research-plaze-bulharsko-17-80x60.jpg 80w, https:\/\/loudavymkrokem.cz\/wp-content\/uploads\/2026\/08\/bulharsko-research-plaze-bulharsko-17-160x120.jpg 160w, https:\/\/loudavymkrokem.cz\/wp-content\/uploads\/2026\/08\/bulharsko-research-plaze-bulharsko-17-696x522.jpg 696w, https:\/\/loudavymkrokem.cz\/wp-content\/uploads\/2026\/08\/bulharsko-research-plaze-bulharsko-17-1392x1044.jpg 1392w\" sizes=\"(max-width: 1800px) 100vw, 1800px\" \/><button\n\t\t\tclass=\"lightbox-trigger\"\n\t\t\ttype=\"button\"\n\t\t\taria-haspopup=\"dialog\"\n\t\t\tdata-wp-bind--aria-label=\"state.thisImage.triggerButtonAriaLabel\"\n\t\t\tdata-wp-init=\"callbacks.initTriggerButton\"\n\t\t\tdata-wp-on--click=\"actions.showLightbox\"\n\t\t\tdata-wp-style--right=\"state.thisImage.buttonRight\"\n\t\t\tdata-wp-style--top=\"state.thisImage.buttonTop\"\n\t\t>\n\t\t\t<svg xmlns=\"http:\/\/www.w3.org\/2000\/svg\" width=\"12\" height=\"12\" fill=\"none\" viewBox=\"0 0 12 12\">\n\t\t\t\t<path fill=\"#fff\" d=\"M2 0a2 2 0 0 0-2 2v2h1.5V2a.5.5 0 0 1 .5-.5h2V0H2Zm2 10.5H2a.5.5 0 0 1-.5-.5V8H0v2a2 2 0 0 0 2 2h2v-1.5ZM8 12v-1.5h2a.5.5 0 0 0 .5-.5V8H12v2a2 2 0 0 1-2 2H8Zm2-12a2 2 0 0 1 2 2v2h-1.5V2a.5.5 0 0 0-.5-.5H8V0h2Z\" \/>\n\t\t\t<\/svg>\n\t\t<\/button><figcaption class=\"wp-element-caption\">Foto: Original uploader was Svilen Enev at bg.wikipedia \/ Wikimedia Commons, CC BY-SA 3.0<\/figcaption><\/figure>\n\n\n\n<h3 class=\"wp-block-heading\"><span class=\"ez-toc-section\" id=\"12_Pasa_dere\"><\/span>12. Pa\u0161a dere<span class=\"ez-toc-section-end\"><\/span><\/h3>\n\n\n\n<p class=\"wp-block-paragraph\">En bit s\u00f6der om Varna g\u00f6mmer sig en \u00e4lskad tillflyktsort f\u00f6r storstadens egna inv\u00e5nare. Pa\u0161a dere \u00e4r en helt or\u00f6rd vild strand, men dit leder en <strong>mycket d\u00e5lig och trasig grusv\u00e4g<\/strong>. Om du inte har en terr\u00e4ngbil med h\u00f6g markfrig\u00e5ng rekommenderar lokalborna att du hellre l\u00e4mnar bilen uppe och g\u00e5r resten av v\u00e4gen till fots.<\/p>\n\n\n\n<p class=\"wp-block-paragraph\">F\u00f6rv\u00e4nta dig inga faciliteter h\u00e4r (det saknas mobilt\u00e4ckning, dricksvatten och soptunnor), men bel\u00f6ningen blir <strong>ren natur, fin sand och ett f\u00e5tal m\u00e4nniskor<\/strong> \u00e4ven mitt i augusti. De omgivande skogarna ger behaglig skugga, som ofta saknas p\u00e5 andra st\u00e4llen l\u00e4ngs kusten.<\/p>\n\n\n\n<p class=\"wp-block-paragraph\">Pa\u0161a dere \u00e4r k\u00e4nd f\u00f6r sin avslappnade gemenskapsatmosf\u00e4r. P\u00e5 kv\u00e4llen h\u00f6r du ofta gitarrer spela vid l\u00e4gereldar, och en del av stranden <strong>anv\u00e4nds traditionellt av naturister<\/strong>. Det \u00e4r en idealisk plats f\u00f6r en dagsutflykt undan livliga Varna \u2013 du m\u00e5ste bara ta med dig tillr\u00e4ckligt med mat, vatten och sops\u00e4ckar.<\/p>\n\n\n\n<figure data-wp-context=\"{&quot;imageId&quot;:&quot;6a9c45fd6e425&quot;}\" data-wp-interactive=\"core\/image\" data-wp-key=\"6a9c45fd6e425\" class=\"wp-block-image size-full wp-lightbox-container\"><img decoding=\"async\" width=\"1800\" height=\"1350\" data-wp-class--hide=\"state.isContentHidden\" data-wp-class--show=\"state.isContentVisible\" data-wp-init=\"callbacks.setButtonStyles\" data-wp-on--click=\"actions.showLightbox\" data-wp-on--load=\"callbacks.setButtonStyles\" data-wp-on--pointerdown=\"actions.preloadImage\" data-wp-on--pointerenter=\"actions.preloadImageWithDelay\" data-wp-on--pointerleave=\"actions.cancelPreload\" data-wp-on-window--resize=\"callbacks.setButtonStyles\" src=\"https:\/\/loudavymkrokem.cz\/wp-content\/uploads\/2026\/08\/bulharsko-research-plaze-bulharsko-18.jpg\" alt=\"Den vilda stranden Karadere vid Bjala\" class=\"wp-image-404226\" title=\"\" srcset=\"https:\/\/loudavymkrokem.cz\/wp-content\/uploads\/2026\/08\/bulharsko-research-plaze-bulharsko-18.jpg 1800w, https:\/\/loudavymkrokem.cz\/wp-content\/uploads\/2026\/08\/bulharsko-research-plaze-bulharsko-18-300x225.jpg 300w, https:\/\/loudavymkrokem.cz\/wp-content\/uploads\/2026\/08\/bulharsko-research-plaze-bulharsko-18-700x525.jpg 700w, https:\/\/loudavymkrokem.cz\/wp-content\/uploads\/2026\/08\/bulharsko-research-plaze-bulharsko-18-768x576.jpg 768w, https:\/\/loudavymkrokem.cz\/wp-content\/uploads\/2026\/08\/bulharsko-research-plaze-bulharsko-18-1536x1152.jpg 1536w, https:\/\/loudavymkrokem.cz\/wp-content\/uploads\/2026\/08\/bulharsko-research-plaze-bulharsko-18-80x60.jpg 80w, https:\/\/loudavymkrokem.cz\/wp-content\/uploads\/2026\/08\/bulharsko-research-plaze-bulharsko-18-160x120.jpg 160w, https:\/\/loudavymkrokem.cz\/wp-content\/uploads\/2026\/08\/bulharsko-research-plaze-bulharsko-18-696x522.jpg 696w, https:\/\/loudavymkrokem.cz\/wp-content\/uploads\/2026\/08\/bulharsko-research-plaze-bulharsko-18-1392x1044.jpg 1392w\" sizes=\"(max-width: 1800px) 100vw, 1800px\" \/><button\n\t\t\tclass=\"lightbox-trigger\"\n\t\t\ttype=\"button\"\n\t\t\taria-haspopup=\"dialog\"\n\t\t\tdata-wp-bind--aria-label=\"state.thisImage.triggerButtonAriaLabel\"\n\t\t\tdata-wp-init=\"callbacks.initTriggerButton\"\n\t\t\tdata-wp-on--click=\"actions.showLightbox\"\n\t\t\tdata-wp-style--right=\"state.thisImage.buttonRight\"\n\t\t\tdata-wp-style--top=\"state.thisImage.buttonTop\"\n\t\t>\n\t\t\t<svg xmlns=\"http:\/\/www.w3.org\/2000\/svg\" width=\"12\" height=\"12\" fill=\"none\" viewBox=\"0 0 12 12\">\n\t\t\t\t<path fill=\"#fff\" d=\"M2 0a2 2 0 0 0-2 2v2h1.5V2a.5.5 0 0 1 .5-.5h2V0H2Zm2 10.5H2a.5.5 0 0 1-.5-.5V8H0v2a2 2 0 0 0 2 2h2v-1.5ZM8 12v-1.5h2a.5.5 0 0 0 .5-.5V8H12v2a2 2 0 0 1-2 2H8Zm2-12a2 2 0 0 1 2 2v2h-1.5V2a.5.5 0 0 0-.5-.5H8V0h2Z\" \/>\n\t\t\t<\/svg>\n\t\t<\/button><figcaption class=\"wp-element-caption\">Foto: Svilen Enev \/ Wikimedia Commons (CC BY-SA 3.0)<\/figcaption><\/figure>\n\n\n\n<!-- LKM_GYG_CARD start q=\"bulgaria\" lang=\"sv\" rendered=\"2026-09-05T15:00:35+00:00\" v=\"1\" -->\n<style id=\"lk-gyg-styles\">\n@import url(\"https:\/\/fonts.googleapis.com\/css2?family=Playfair+Display:wght@700&family=DM+Sans:wght@300;400;500;600&display=swap\");\n\/* === LK GYG karty \u2014 CRO redesign 2026-05 (namespace .lkx-) ===\n   C\u00edl: vy\u0161\u0161\u00ed CTR (hero + v\u00fdrazn\u00fd social proof + ak\u010dn\u00ed CTA, m\u00e9n\u011b \"reklamn\u00ed\").\n   Injektuje se inline do prvn\u00edho markeru postu (refresh_cards.py --inline-css). *\/\n.lkx-module, .lkx-module *{box-sizing:border-box;margin:0;padding:0}\n.lkx-module{\n  font-family:'DM Sans',-apple-system,Segoe UI,Roboto,Georgia,sans-serif;\n  max-width:860px;margin:2.5rem auto;color:#1f2328;\n}\n\n\/* HEADER \u2014 lehk\u00fd editorsk\u00fd, \u017e\u00e1dn\u00fd bannerov\u00fd blok; nadpis + popisek pod n\u00edm *\/\n.lkx-head{margin-bottom:16px}\n.lkx-head-main{display:flex;align-items:center;gap:10px}\n.lkx-head-accent{width:26px;height:3px;border-radius:2px;background:#c39f76;flex-shrink:0}\n.lkx-head-title{font-family:'Playfair Display',Georgia,serif;font-size:21px;font-weight:700;color:#1a1a1a;line-height:1.25}\n.lkx-head-meta{display:block;font-size:11px;letter-spacing:.3px;color:#9aa0a6;margin-top:4px;margin-left:36px}\n\n\/* HERO *\/\n.lkx-hero{display:grid;grid-template-columns:300px 1fr;background:#fff;border:1px solid #ece7df;border-radius:14px;overflow:hidden;text-decoration:none!important;color:inherit;box-shadow:0 6px 20px rgba(0,0,0,.06);transition:box-shadow .2s,transform .2s;margin-bottom:14px}\n.lkx-hero:hover{box-shadow:0 12px 30px rgba(0,0,0,.12);transform:translateY(-2px)}\n.lkx-hero-img{position:relative;min-height:230px;background-size:cover;background-position:center;background-color:#eee}\n.lkx-hero-body{padding:22px 24px;display:flex;flex-direction:column}\n.lkx-pick{position:absolute;top:12px;left:12px;background:#1a1a1a;color:#fff;font-size:11px;font-weight:700;letter-spacing:.5px;padding:5px 11px;border-radius:20px}\n\n\/* TITLE *\/\n.lkx-title{font-size:19px;font-weight:700;color:#161616;line-height:1.3}\n.lkx-title-sm{font-size:14.5px;line-height:1.35;display:-webkit-box;-webkit-line-clamp:2;-webkit-box-orient:vertical;overflow:hidden}\n\n\/* SOCIAL PROOF \u2014 v\u00fdrazn\u011b, naho\u0159e *\/\n.lkx-proof{display:flex;align-items:center;gap:7px;margin-top:12px;font-size:15px;color:#3a3a3a}\n.lkx-proof b{font-size:16px;color:#161616}\n.lkx-stars{color:#f5a623;letter-spacing:1px}\n.lkx-proof-sm{font-size:12.5px;margin-top:8px;gap:5px}\n.lkx-proof-sm b{font-size:13px}\n.lkx-proof-new{color:#3685fc;font-weight:600}\n\n\/* PRICE \u2014 n\u00edzk\u00e1 kotva *\/\n.lkx-price{font-size:14px;color:#6b7280}\n.lkx-price b{font-size:20px;color:#161616;font-weight:700}\n.lkx-price-sm b{font-size:15px}\n\n\/* CTA \u2014 tepl\u00e9 ak\u010dn\u00ed tla\u010d\u00edtko *\/\n.lkx-cta{display:inline-flex;align-items:center;justify-content:center;text-decoration:none!important;font-weight:700;color:#fff!important;background:linear-gradient(135deg,#f6743f,#e8552a);border-radius:10px;box-shadow:0 6px 16px rgba(232,85,42,.32);transition:box-shadow .2s}\n.lkx-cta-hero{font-size:15px;padding:13px 22px}\n.lkx-hero:hover .lkx-cta-hero{box-shadow:0 8px 22px rgba(232,85,42,.45)}\n.lkx-cta-sm{font-size:12.5px;padding:9px 14px;width:100%;margin-top:2px}\n.lkx-hero-bottom{margin-top:auto;padding-top:18px;display:flex;align-items:center;justify-content:space-between;gap:14px;flex-wrap:wrap}\n\n\/* BADGE \u2014 jeden v\u00fdrazn\u00fd na fotce *\/\n.lkx-badge{position:absolute;top:12px;right:12px;font-size:10.5px;font-weight:700;letter-spacing:.3px;padding:5px 10px;border-radius:16px;color:#fff}\n.lkx-badge.badge-urgency{background:rgba(214,40,40,.92)}\n.lkx-badge.badge-new{background:rgba(54,133,252,.92)}\n.lkx-badge.badge-top{background:rgba(195,159,118,.95)}\n.lkx-badge.badge-info{background:rgba(40,40,40,.78)}\n\n\/* SECONDARY GRID *\/\n.lkx-grid{display:grid;grid-template-columns:1fr 1fr;gap:14px}\n.lkx-card{background:#fff;border:1px solid #ece7df;border-radius:14px;overflow:hidden;text-decoration:none!important;color:inherit;box-shadow:0 4px 14px rgba(0,0,0,.05);display:flex;flex-direction:column;transition:box-shadow .2s,transform .2s}\n.lkx-card:hover{box-shadow:0 10px 24px rgba(0,0,0,.1);transform:translateY(-2px)}\n.lkx-card-img{position:relative;aspect-ratio:16\/10;background-size:cover;background-position:center;background-color:#eee}\n.lkx-card-body{padding:14px 16px 16px;display:flex;flex-direction:column;gap:7px;flex:1}\n.lkx-card-bottom{margin-top:auto;padding-top:10px;display:flex;align-items:center;justify-content:space-between;gap:8px}\n\n\/* DISCLOSURE \u2014 drobn\u00e1, kv\u016fli d\u016fv\u011b\u0159e\/z\u00e1konu *\/\n.lkx-disclosure{font-size:11px;color:#a7adb3;text-align:center;margin-top:14px;line-height:1.6}\n.lkx-disclosure a{color:#c39f76;text-decoration:none}\n\n@media(max-width:680px){\n  .lkx-hero{grid-template-columns:1fr}\n  .lkx-hero-img{min-height:180px}\n  .lkx-grid{grid-template-columns:1fr}\n  .lkx-head-meta{margin-left:0;width:100%}\n  .lkx-head-title{font-size:19px}\n}\n\n<\/style>\n<div class=\"lkx-module\" data-query=\"bulgaria\">\n  <div class=\"lkx-head\">\n    <div class=\"lkx-head-main\">\n      <span class=\"lkx-head-accent\"><\/span>\n      <span class=\"lkx-head-title\">Upplevelser &amp; biljetter<\/span>\n    <\/div>\n    <span class=\"lkx-head-meta\">betygsatt av resen\u00e4rer \u00b7 GetYourGuide<\/span>\n  <\/div><a class=\"lkx-hero\" href=\"https:\/\/www.getyourguide.com\/sv-se\/pomorie-l149447\/sunny-beach-utflykt-till-saltsjoar-och-lerbad-t1259959\/?partner_id=MKZ64IS&amp;utm_medium=online_publisher&amp;cmp=bulgarien-strander-basta-tips\" target=\"_blank\" rel=\"sponsored noopener nofollow\">\n    <div class=\"lkx-hero-img\" style=\"background-image:url('https:\/\/cdn.getyourguide.com\/img\/tour\/378ce030b6b58bfca59767d2cffdf74a461b5fb0d66cd6d8a87bf21be2776b91.jpg\/132.jpg')\" role=\"img\" aria-label=\"Sunny Beach: Utflykt till saltsj\u00f6ar och lerbad\">\n      <span class=\"lkx-pick\">\u2605 V\u00e5rt val<\/span><\/div>\n    <div class=\"lkx-hero-body\">\n      <div class=\"lkx-title\">Sunny Beach: Utflykt till saltsj\u00f6ar och lerbad<\/div>\n      <div class=\"lkx-proof\">\n      <span class=\"lkx-stars\">\u2605\u2605\u2605\u2605\u2605<\/span>\n      <b>4.7<\/b> \u00b7 119 omd\u00f6men\n    <\/div>\n      <div class=\"lkx-hero-bottom\"><div class=\"lkx-price\">fr\u00e5n <b>45\u00a0EUR<\/b><\/div><span class=\"lkx-cta lkx-cta-hero\">Det h\u00e4r vill jag uppleva \u2192<\/span>\n      <\/div>\n    <\/div>\n  <\/a><div class=\"lkx-disclosure\">\ud83d\udd17 Affiliate-l\u00e4nkar \u2014 p\u00e5verkar inte ditt pris och hj\u00e4lper oss att skapa inneh\u00e5ll. \u00b7 <a href=\"https:\/\/www.getyourguide.com\/sv-se\/s\/?q=bulgaria&amp;partner_id=MKZ64IS&amp;utm_medium=online_publisher\" target=\"_blank\" rel=\"sponsored noopener nofollow\">Alla upplevelser \u2192<\/a><\/div>\n<\/div>\n<!-- LKM_GYG_CARD end -->\n\n\n\n\n<div class=\"lk-stays-module\">\n<style>\n\/* \u2500\u2500\u2500 RESET PRO GUTENBERG \u2500\u2500\u2500 *\/\n.lk-stays-module * { box-sizing: border-box; margin: 0; padding: 0; }\n\n\/* \u2500\u2500\u2500 WRAPPER \u2500\u2500\u2500 *\/\n.lk-stays-module {\n  font-family: 'DM Sans', Georgia, sans-serif;\n  max-width: 100%;\n  margin: 2.5rem auto;\n  background: linear-gradient(135deg, #fdfaf5 0%, #fcf8f0 100%);\n  border: 1px solid #e8dfd4;\n  border-radius: 16px;\n  overflow: hidden;\n  box-shadow: 0 16px 48px rgba(195, 159, 118, 0.25), 0 4px 12px rgba(0,0,0,0.08);\n}\n\n\/* \u2500\u2500\u2500 HEADER \u2500\u2500\u2500 *\/\n.lk-stays-header {\n  position: relative;\n  padding: 24px 36px 24px;\n  background: linear-gradient(135deg, #c39f76 0%, #d4b188 60%, #c39f76 100%);\n  border-bottom: 1px solid rgba(255,255,255,.15);\n  display: flex;\n  align-items: center;\n  gap: 18px;\n}\n.lk-stays-header::before {\n  content: '';\n  position: absolute;\n  inset: 0;\n  background: url(\"data:image\/svg+xml,%3Csvg width='60' height='60' viewBox='0 0 60 60' xmlns='http:\/\/www.w3.org\/2000\/svg'%3E%3Cg fill='none' fill-rule='evenodd'%3E%3Cg fill='%23ffffff' fill-opacity='0.05'%3E%3Cpath d='M36 34v-4h-2v4h-4v2h4v4h2v-4h4v-2h-4zm0-30V0h-2v4h-4v2h4v4h2V6h4V4h-4zM6 34v-4H4v4H0v2h4v4h2v-4h4v-2H6zM6 4V0H4v4H0v2h4v4h2V6h4V4H6z'\/%3E%3C\/g%3E%3C\/g%3E%3C\/svg%3E\") repeat;\n  pointer-events: none;\n}\n.lk-stays-icon {\n  flex-shrink: 0;\n  width: 68px;\n  height: 68px;\n  border-radius: 14px;\n  background: linear-gradient(135deg, #fff 0%, #f9f6f0 100%);\n  display: flex;\n  align-items: center;\n  justify-content: center;\n  font-size: 26px;\n  box-shadow: 0 4px 12px rgba(0,0,0,0.15);\n}\n.lk-stays-eyebrow {\n  font-size: 10px;\n  font-weight: 500;\n  letter-spacing: 2.5px;\n  text-transform: uppercase;\n  color: rgba(255,255,255,.85);\n  margin: 0 0 5px 0;\n}\n.lk-stays-title {\n  font-family: 'Playfair Display', Georgia, serif;\n  font-size: 24px;\n  font-weight: 700;\n  color: #fff;\n  line-height: 1.2;\n  text-shadow: 0 1px 2px rgba(0,0,0,0.1);\n  margin: 0;\n}\n.lk-stays-subtitle {\n  font-size: 13px;\n  color: rgba(255,255,255,.75);\n  margin: 4px 0 0 0;\n  font-weight: 300;\n}\n\n\/* \u2500\u2500\u2500 CARDS GRID \u2500\u2500\u2500 *\/\n.lk-stays-grid {\n  display: grid;\n  grid-template-columns: 1fr 1fr;\n  gap: 1px;\n  background: rgba(195, 159, 118, 0.12);\n}\n\n\/* \u2500\u2500\u2500 SINGLE CARD \u2500\u2500\u2500 *\/\n.lk-stay-card {\n  background: #ffffff;\n  padding: 26px;\n  display: flex;\n  flex-direction: column;\n  gap: 11px;\n  transition: all 0.3s ease;\n  text-decoration: none;\n  color: inherit;\n  position: relative;\n}\n.lk-stay-card:hover {\n  background: #fffbf5;\n  transform: translateY(-2px);\n  box-shadow: 0 8px 24px rgba(195, 159, 118, 0.18);\n  z-index: 1;\n}\n.lk-stay-card.featured {\n  background: linear-gradient(135deg, #fffdf9 0%, #fff9f0 100%);\n  box-shadow: 0 4px 16px rgba(195, 159, 118, 0.15), inset 0 1px 0 rgba(195, 159, 118, 0.1);\n}\n.lk-stay-card.featured:hover {\n  background: linear-gradient(135deg, #fffbf5 0%, #fff8ed 100%);\n  box-shadow: 0 8px 24px rgba(195, 159, 118, 0.25), inset 0 1px 0 rgba(195, 159, 118, 0.15);\n}\n\n.lk-stay-badge {\n  display: inline-flex;\n  align-items: center;\n  gap: 5px;\n  font-size: 10px;\n  font-weight: 500;\n  letter-spacing: 1.5px;\n  text-transform: uppercase;\n  padding: 5px 11px;\n  border-radius: 20px;\n  width: fit-content;\n}\n.badge-top     { background: linear-gradient(135deg, #c39f76 0%, #d4b188 100%); color: #fff; border: 1px solid #c39f76; font-weight: 600; box-shadow: 0 2px 8px rgba(195,159,118,0.3); }\n.badge-luxury  { background: rgba(195,159,118,.12); color: #c39f76; border: 1px solid rgba(195,159,118,.25); }\n.badge-boutique{ background: rgba(54,133,252,.08); color: #3685fc; border: 1px solid rgba(54,133,252,.2); }\n.badge-nature  { background: rgba(130,190,100,.1); color: #6b9c4a; border: 1px solid rgba(130,190,100,.2); }\n.badge-remote  { background: rgba(195,159,118,.12); color: #a67e50; border: 1px solid rgba(195,159,118,.25); }\n\n.lk-stay-name {\n  font-family: 'Playfair Display', Georgia, serif;\n  font-size: 18px;\n  font-weight: 700;\n  color: #111827;\n  line-height: 1.3;\n}\n.lk-stay-desc {\n  font-size: 13.5px;\n  color: #525252;\n  line-height: 1.65;\n  font-weight: 300;\n  flex: 1;\n}\n\n.lk-stay-meta {\n  display: flex;\n  align-items: center;\n  gap: 12px;\n  flex-wrap: wrap;\n  margin-top: 4px;\n}\n.lk-stay-price {\n  font-size: 13px;\n  color: #6b7280;\n}\n.lk-stay-price strong {\n  color: #c39f76;\n  font-weight: 500;\n}\n.lk-stay-stars {\n  color: #c39f76;\n  font-size: 11px;\n  letter-spacing: 1px;\n}\n\n\/* \u2500\u2500\u2500 CTA BUTTON \u2500\u2500\u2500 *\/\n.lk-stay-cta {\n  display: inline-flex;\n  align-items: center;\n  justify-content: center;\n  gap: 7px;\n  margin-top: 8px;\n  padding: 11px 20px;\n  border-radius: 8px;\n  background: linear-gradient(135deg, #3685fc 0%, #2a6fd9 100%);\n  color: #fff;\n  font-size: 13px;\n  font-weight: 500;\n  text-decoration: none;\n  letter-spacing: .3px;\n  transition: all .2s ease;\n  cursor: pointer;\n  border: none;\n  text-align: center;\n  box-shadow: 0 4px 12px rgba(54, 133, 252, 0.25);\n}\n.lk-stay-cta:hover {\n  background: linear-gradient(135deg, #2a6fd9 0%, #1e5bc4 100%);\n  transform: translateY(-1px);\n  box-shadow: 0 6px 16px rgba(54, 133, 252, 0.35);\n}\n.lk-stay-cta svg { flex-shrink: 0; }\n\n\/* \u2500\u2500\u2500 FOOTER \u2500\u2500\u2500 *\/\n.lk-stays-footer {\n  padding: 18px 36px;\n  background: linear-gradient(to bottom, #fdfaf5 0%, #f9f4ed 100%);\n  border-top: 1px solid rgba(195, 159, 118, 0.15);\n  display: flex;\n  align-items: center;\n  justify-content: space-between;\n  flex-wrap: wrap;\n  gap: 12px;\n}\n.lk-stays-footer-note {\n  font-size: 11.5px;\n  color: #6b7280;\n  font-weight: 300;\n  line-height: 1.5;\n}\n.lk-stays-footer-note a {\n  color: #c39f76;\n  text-decoration: none;\n  font-weight: 400;\n}\n.lk-stays-footer-note a:hover {\n  text-decoration: underline;\n}\n.lk-stays-all-btn {\n  display: inline-flex;\n  align-items: center;\n  gap: 6px;\n  font-size: 12.5px;\n  font-weight: 500;\n  color: #c39f76;\n  text-decoration: none;\n  border: 1px solid rgba(195, 159, 118, 0.35);\n  padding: 8px 18px;\n  border-radius: 8px;\n  transition: all .2s ease;\n}\n.lk-stays-all-btn:hover {\n  background: rgba(195, 159, 118, 0.08);\n  border-color: rgba(195, 159, 118, 0.5);\n}\n\n\/* \u2500\u2500\u2500 RESPONSIVE \u2500\u2500\u2500 *\/\n@media (max-width: 600px) {\n  .lk-stays-grid { grid-template-columns: 1fr; }\n  .lk-stays-header { padding: 24px 20px; }\n  .lk-stays-footer { padding: 16px 20px; }\n  .lk-stay-card { padding: 22px; }\n  .lk-stays-title { font-size: 20px; }\n}\n<\/style>\n\n  <!-- HEADER -->\n  <div class=\"lk-stays-header\">\n    <img decoding=\"async\" src=\"https:\/\/loudavymkrokem.cz\/wp-content\/uploads\/2026\/02\/lukas-a-lucka.jpg\" alt=\"\" style=\"width: 75px; height: 75px; border-radius: 8px; flex-shrink: 0; object-fit: cover; display: block; margin: 4px 0;\" title=\"\">\n    <div class=\"lk-stays-header-text\">\n      <div class=\"lk-stays-eyebrow\">Luk\u00e1\u0161 och Lucie rekommenderar<\/div>\n      <div class=\"lk-stays-title\">Var man kan bo i Bulgarien<\/div>\n      <div class=\"lk-stays-subtitle\">6 boenden \u2014 hotell och andra boendealternativ<\/div>\n    <\/div>\n  <\/div>\n\n  <!-- CARDS -->\n  <div class=\"lk-stays-grid\">\n\n    <a class=\"lk-stay-card featured\" href=\"https:\/\/www.stay22.com\/allez\/roam?aid=lukaskonecny&#038;campaign=loudavymkrokemcz&#038;campaign=sv&#038;campaign=plaze-bulharsko&#038;address=Albena%2C%20Bulharsko\" target=\"_blank\" rel=\"nofollow noopener\">\n      <span class=\"lk-stay-badge badge-top\">\u2b50 TOPPVAL<\/span>\n      <span class=\"lk-stay-badge badge-nature\">\ud83c\udfd6\ufe0f Beach<\/span>\n      <div class=\"lk-stay-name\">Boende i Albena<\/div>\n      <div class=\"lk-stay-desc\">Slutet resortkomplex med 6 km l\u00e5ng strand, den mjukaste ing\u00e5ngen till havet p\u00e5 kusten, perfekt f\u00f6r familjer med barn.<\/div>\n      <div class=\"lk-stay-meta\">\n        <span class=\"lk-stay-stars\">\u2605\u2605\u2605\u2605<\/span>\n        <span class=\"lk-stay-price\">Kontrollera priser<\/span>\n      <\/div>\n      <span class=\"lk-stay-cta\">\n        <svg width=\"14\" height=\"14\" viewBox=\"0 0 24 24\" fill=\"none\" stroke=\"currentColor\" stroke-width=\"2\"><path d=\"M18 13v6a2 2 0 0 1-2 2H5a2 2 0 0 1-2-2V8a2 2 0 0 1 2-2h6\"\/><polyline points=\"15 3 21 3 21 9\"\/><line x1=\"10\" y1=\"14\" x2=\"21\" y2=\"3\"\/><\/svg>\n        Kontrollera tillg\u00e4nglighet\n      <\/span>\n    <\/a>\n\n    <a class=\"lk-stay-card\" href=\"https:\/\/www.stay22.com\/allez\/roam?aid=lukaskonecny&#038;campaign=loudavymkrokemcz&#038;campaign=sv&#038;campaign=plaze-bulharsko&#038;address=Kranevo%2C%20Bulharsko\" target=\"_blank\" rel=\"nofollow noopener\">\n      <span class=\"lk-stay-badge badge-nature\">\ud83c\udfd6\ufe0f Beach<\/span>\n      <div class=\"lk-stay-name\">Boende i Kranevo<\/div>\n      <div class=\"lk-stay-desc\">Lugnare alternativ till Albena med toppkvalitet p\u00e5 Bl\u00e5 flagg-stranden, l\u00e4gre priser \u00e4n grannresorten.<\/div>\n      <div class=\"lk-stay-meta\">\n        <span class=\"lk-stay-stars\">\u2605\u2605\u2605\u2605<\/span>\n        <span class=\"lk-stay-price\">Kontrollera priser<\/span>\n      <\/div>\n      <span class=\"lk-stay-cta\">\n        <svg width=\"14\" height=\"14\" viewBox=\"0 0 24 24\" fill=\"none\" stroke=\"currentColor\" stroke-width=\"2\"><path d=\"M18 13v6a2 2 0 0 1-2 2H5a2 2 0 0 1-2-2V8a2 2 0 0 1 2-2h6\"\/><polyline points=\"15 3 21 3 21 9\"\/><line x1=\"10\" y1=\"14\" x2=\"21\" y2=\"3\"\/><\/svg>\n        Kontrollera tillg\u00e4nglighet\n      <\/span>\n    <\/a>\n\n    <a class=\"lk-stay-card\" href=\"https:\/\/www.stay22.com\/allez\/roam?aid=lukaskonecny&#038;campaign=loudavymkrokemcz&#038;campaign=sv&#038;campaign=plaze-bulharsko&#038;address=Zlat%C3%A9%20p%C3%ADsky%2C%20Bulharsko\" target=\"_blank\" rel=\"nofollow noopener\">\n      <span class=\"lk-stay-badge badge-nature\">\ud83c\udfd6\ufe0f Beach<\/span>\n      <div class=\"lk-stay-name\">Boende i Zlatni Pyasatsi<\/div>\n      <div class=\"lk-stay-desc\">Landets n\u00e4st st\u00f6rsta resort med 3,5 km strand i naturpark, dussintals strandbarer och aktivt nattliv.<\/div>\n      <div class=\"lk-stay-meta\">\n        <span class=\"lk-stay-stars\">\u2605\u2605\u2605\u2605<\/span>\n        <span class=\"lk-stay-price\">Kontrollera priser<\/span>\n      <\/div>\n      <span class=\"lk-stay-cta\">\n        <svg width=\"14\" height=\"14\" viewBox=\"0 0 24 24\" fill=\"none\" stroke=\"currentColor\" stroke-width=\"2\"><path d=\"M18 13v6a2 2 0 0 1-2 2H5a2 2 0 0 1-2-2V8a2 2 0 0 1 2-2h6\"\/><polyline points=\"15 3 21 3 21 9\"\/><line x1=\"10\" y1=\"14\" x2=\"21\" y2=\"3\"\/><\/svg>\n        Kontrollera tillg\u00e4nglighet\n      <\/span>\n    <\/a>\n\n    <a class=\"lk-stay-card\" href=\"https:\/\/www.stay22.com\/allez\/roam?aid=lukaskonecny&#038;campaign=loudavymkrokemcz&#038;campaign=sv&#038;campaign=plaze-bulharsko&#038;address=Slune%C4%8Dn%C3%A9%20pob%C5%99e%C5%BE%C3%AD%2C%20Bulharsko\" target=\"_blank\" rel=\"nofollow noopener\">\n      <span class=\"lk-stay-badge badge-nature\">\ud83c\udfd6\ufe0f Beach<\/span>\n      <div class=\"lk-stay-name\">Boende i Sunny Beach<\/div>\n      <div class=\"lk-stay-desc\">Bulgariens st\u00f6rsta semesterort med 6,1 km strand, turistcentrum med pulserande nattliv och vattenparker.<\/div>\n      <div class=\"lk-stay-meta\">\n        <span class=\"lk-stay-stars\">\u2605\u2605\u2605\u2605<\/span>\n        <span class=\"lk-stay-price\">Kontrollera priser<\/span>\n      <\/div>\n      <span class=\"lk-stay-cta\">\n        <svg width=\"14\" height=\"14\" viewBox=\"0 0 24 24\" fill=\"none\" stroke=\"currentColor\" stroke-width=\"2\"><path d=\"M18 13v6a2 2 0 0 1-2 2H5a2 2 0 0 1-2-2V8a2 2 0 0 1 2-2h6\"\/><polyline points=\"15 3 21 3 21 9\"\/><line x1=\"10\" y1=\"14\" x2=\"21\" y2=\"3\"\/><\/svg>\n        Kontrollera tillg\u00e4nglighet\n      <\/span>\n    <\/a>\n\n    <a class=\"lk-stay-card\" href=\"https:\/\/www.stay22.com\/allez\/roam?aid=lukaskonecny&#038;campaign=loudavymkrokemcz&#038;campaign=sv&#038;campaign=plaze-bulharsko&#038;address=Nesebar%2C%20Bulharsko\" target=\"_blank\" rel=\"nofollow noopener\">\n      <span class=\"lk-stay-badge badge-nature\">\ud83c\udfe8 Hotell<\/span>\n      <div class=\"lk-stay-name\">Boende i Nessebar<\/div>\n      <div class=\"lk-stay-desc\">Historisk UNESCO-stad med sydstrand, kultiverad atmosf\u00e4r, kombination av bad och sev\u00e4rdheter.<\/div>\n      <div class=\"lk-stay-meta\">\n        <span class=\"lk-stay-stars\">\u2605\u2605\u2605\u2605<\/span>\n        <span class=\"lk-stay-price\">Kontrollera priser<\/span>\n      <\/div>\n      <span class=\"lk-stay-cta\">\n        <svg width=\"14\" height=\"14\" viewBox=\"0 0 24 24\" fill=\"none\" stroke=\"currentColor\" stroke-width=\"2\"><path d=\"M18 13v6a2 2 0 0 1-2 2H5a2 2 0 0 1-2-2V8a2 2 0 0 1 2-2h6\"\/><polyline points=\"15 3 21 3 21 9\"\/><line x1=\"10\" y1=\"14\" x2=\"21\" y2=\"3\"\/><\/svg>\n        Kontrollera tillg\u00e4nglighet\n      <\/span>\n    <\/a>\n\n    <a class=\"lk-stay-card\" href=\"https:\/\/www.stay22.com\/allez\/roam?aid=lukaskonecny&#038;campaign=loudavymkrokemcz&#038;campaign=sv&#038;campaign=plaze-bulharsko&#038;address=Sozopol%2C%20Bulharsko\" target=\"_blank\" rel=\"nofollow noopener\">\n      <span class=\"lk-stay-badge badge-nature\">\ud83c\udfe8 Hotell<\/span>\n      <div class=\"lk-stay-name\">Boende i Sozopol<\/div>\n      <div class=\"lk-stay-desc\">Den mest stilfulla semesterorten i s\u00f6der med gammal stadsk\u00e4rna, tv\u00e5 Bl\u00e5 flagg-str\u00e4nder, b\u00e4sta gastronomin.<\/div>\n      <div class=\"lk-stay-meta\">\n        <span class=\"lk-stay-stars\">\u2605\u2605\u2605\u2605<\/span>\n        <span class=\"lk-stay-price\">Kontrollera priser<\/span>\n      <\/div>\n      <span class=\"lk-stay-cta\">\n        <svg width=\"14\" height=\"14\" viewBox=\"0 0 24 24\" fill=\"none\" stroke=\"currentColor\" stroke-width=\"2\"><path d=\"M18 13v6a2 2 0 0 1-2 2H5a2 2 0 0 1-2-2V8a2 2 0 0 1 2-2h6\"\/><polyline points=\"15 3 21 3 21 9\"\/><line x1=\"10\" y1=\"14\" x2=\"21\" y2=\"3\"\/><\/svg>\n        Kontrollera tillg\u00e4nglighet\n      <\/span>\n    <\/a>\n\n  <\/div>\n\n  \n<\/div>\n\n\n\n\n<h3 class=\"wp-block-heading\"><span class=\"ez-toc-section\" id=\"13_Karadere\"><\/span>13. Karadere<span class=\"ez-toc-section-end\"><\/span><\/h3>\n\n\n\n<p class=\"wp-block-paragraph\">Ungef\u00e4r halvv\u00e4gs mellan Varna och Burgas, vid den lilla staden Bjala, ligger en strand som v\u00e4ckt starka k\u00e4nslor i \u00e5ratal. Karadere m\u00e4ter flera kilometer och \u00e4r <strong>\u00e4kta vildmark, skyddad inom programmet <a href=\"https:\/\/ec.europa.eu\/environment\/nature\/natura2000\/index_en.htm\" rel=\"nofollow noopener\" target=\"_blank\">Natura 2000<\/a><\/strong>. V\u00e4gen hit g\u00e5r l\u00e4ngs en mycket d\u00e5lig grusv\u00e4g som efter kraftigt regn blir helt oframkomlig f\u00f6r vanliga l\u00e5ga bilar.<\/p>\n\n\n\n<p class=\"wp-block-paragraph\">P\u00e5 Karadere finns ingen el, inga soptunnor och inga livr\u00e4ddare, och <strong>den enda k\u00e4llan till dricksvatten \u00e4r en liten k\u00e4lla<\/strong> i skogen. Och just det lockar vildmarks\u00e4lskarna \u2013 varje sommar drar hit konstn\u00e4rer, surfare och m\u00e4nniskor som inte beh\u00f6ver civilisation. Viken \u00e4r dessutom k\u00e4nd f\u00f6r att vilda delfiner mycket ofta visar sig n\u00e4ra stranden.<\/p>\n\n\n\n<p class=\"wp-block-paragraph\">Platsen hotas tyv\u00e4rr st\u00e4ndigt av stora exploat\u00f6rers planer, mot vilka det regelbundet ordnas protester. Milj\u00f6initiativet &#8221;Da spasim Karadere&#8221; k\u00e4mpade f\u00f6r att r\u00e4dda naturen h\u00e4r \u00e4ven 2025. F\u00f6r ryggs\u00e4cksresen\u00e4rer \u00e4r det en underbar plats, men <strong>ge dig definitivt inte hit med husbil i \u00e5r<\/strong> (mer i avsnittet om camping nedan).<\/p>\n\n\n\n<figure data-wp-context=\"{&quot;imageId&quot;:&quot;6a9c45fd6ea14&quot;}\" data-wp-interactive=\"core\/image\" data-wp-key=\"6a9c45fd6ea14\" class=\"wp-block-image size-full wp-lightbox-container\"><img decoding=\"async\" width=\"1800\" height=\"1350\" data-wp-class--hide=\"state.isContentHidden\" data-wp-class--show=\"state.isContentVisible\" data-wp-init=\"callbacks.setButtonStyles\" data-wp-on--click=\"actions.showLightbox\" data-wp-on--load=\"callbacks.setButtonStyles\" data-wp-on--pointerdown=\"actions.preloadImage\" data-wp-on--pointerenter=\"actions.preloadImageWithDelay\" data-wp-on--pointerleave=\"actions.cancelPreload\" data-wp-on-window--resize=\"callbacks.setButtonStyles\" src=\"https:\/\/loudavymkrokem.cz\/wp-content\/uploads\/2026\/08\/bulharsko-research-plaze-bulharsko-19.jpg\" alt=\"Badort p\u00e5 den bulgariska kusten\" class=\"wp-image-404230\" title=\"\" srcset=\"https:\/\/loudavymkrokem.cz\/wp-content\/uploads\/2026\/08\/bulharsko-research-plaze-bulharsko-19.jpg 1800w, https:\/\/loudavymkrokem.cz\/wp-content\/uploads\/2026\/08\/bulharsko-research-plaze-bulharsko-19-300x225.jpg 300w, https:\/\/loudavymkrokem.cz\/wp-content\/uploads\/2026\/08\/bulharsko-research-plaze-bulharsko-19-700x525.jpg 700w, https:\/\/loudavymkrokem.cz\/wp-content\/uploads\/2026\/08\/bulharsko-research-plaze-bulharsko-19-768x576.jpg 768w, https:\/\/loudavymkrokem.cz\/wp-content\/uploads\/2026\/08\/bulharsko-research-plaze-bulharsko-19-1536x1152.jpg 1536w, https:\/\/loudavymkrokem.cz\/wp-content\/uploads\/2026\/08\/bulharsko-research-plaze-bulharsko-19-80x60.jpg 80w, https:\/\/loudavymkrokem.cz\/wp-content\/uploads\/2026\/08\/bulharsko-research-plaze-bulharsko-19-160x120.jpg 160w, https:\/\/loudavymkrokem.cz\/wp-content\/uploads\/2026\/08\/bulharsko-research-plaze-bulharsko-19-696x522.jpg 696w, https:\/\/loudavymkrokem.cz\/wp-content\/uploads\/2026\/08\/bulharsko-research-plaze-bulharsko-19-1392x1044.jpg 1392w\" sizes=\"(max-width: 1800px) 100vw, 1800px\" \/><button\n\t\t\tclass=\"lightbox-trigger\"\n\t\t\ttype=\"button\"\n\t\t\taria-haspopup=\"dialog\"\n\t\t\tdata-wp-bind--aria-label=\"state.thisImage.triggerButtonAriaLabel\"\n\t\t\tdata-wp-init=\"callbacks.initTriggerButton\"\n\t\t\tdata-wp-on--click=\"actions.showLightbox\"\n\t\t\tdata-wp-style--right=\"state.thisImage.buttonRight\"\n\t\t\tdata-wp-style--top=\"state.thisImage.buttonTop\"\n\t\t>\n\t\t\t<svg xmlns=\"http:\/\/www.w3.org\/2000\/svg\" width=\"12\" height=\"12\" fill=\"none\" viewBox=\"0 0 12 12\">\n\t\t\t\t<path fill=\"#fff\" d=\"M2 0a2 2 0 0 0-2 2v2h1.5V2a.5.5 0 0 1 .5-.5h2V0H2Zm2 10.5H2a.5.5 0 0 1-.5-.5V8H0v2a2 2 0 0 0 2 2h2v-1.5ZM8 12v-1.5h2a.5.5 0 0 0 .5-.5V8H12v2a2 2 0 0 1-2 2H8Zm2-12a2 2 0 0 1 2 2v2h-1.5V2a.5.5 0 0 0-.5-.5H8V0h2Z\" \/>\n\t\t\t<\/svg>\n\t\t<\/button><figcaption class=\"wp-element-caption\">Foto: Denitsa Kireva \/ Pexels<\/figcaption><\/figure>\n\n\n\n<h2 class=\"wp-block-heading\"><span class=\"ez-toc-section\" id=\"Klassikerna_badorter_och_stadsstrander\"><\/span>Klassikerna: badorter och stadsstr\u00e4nder<span class=\"ez-toc-section-end\"><\/span><\/h2>\n\n\n\n<p class=\"wp-block-paragraph\">F\u00f6r dig som p\u00e5 semestern framf\u00f6r allt s\u00f6ker bekv\u00e4mlighet, felfri service och garanterat n\u00f6je erbjuder <strong>de bulgariska badorterna<\/strong> <strong>f\u00f6rstklassiga faciliteter<\/strong>. Gl\u00f6m de gamla betonghotellen fr\u00e5n socialisttiden \u2013 dagens resorter st\u00e5r sig med sj\u00e4lvf\u00f6rtroende mot de v\u00e4steuropeiska.<\/p>\n\n\n\n<p class=\"wp-block-paragraph\">Oavsett om du s\u00f6ker <strong>trygga grunda vatten f\u00f6r de allra minsta<\/strong>, o\u00e4ndligt nattliv eller <strong>romantiska promenader i historiska gr\u00e4nder<\/strong>, hittar du s\u00e4kert n\u00e5got i detta utbud. Dessutom till priser som fortfarande \u00e4r v\u00e4ldigt behagliga j\u00e4mf\u00f6rt med Sydeuropa.<\/p>\n\n\n\n<figure data-wp-context=\"{&quot;imageId&quot;:&quot;6a9c45fd6ef96&quot;}\" data-wp-interactive=\"core\/image\" data-wp-key=\"6a9c45fd6ef96\" class=\"wp-block-image size-full wp-lightbox-container\"><img decoding=\"async\" width=\"1800\" height=\"1196\" data-wp-class--hide=\"state.isContentHidden\" data-wp-class--show=\"state.isContentVisible\" data-wp-init=\"callbacks.setButtonStyles\" data-wp-on--click=\"actions.showLightbox\" data-wp-on--load=\"callbacks.setButtonStyles\" data-wp-on--pointerdown=\"actions.preloadImage\" data-wp-on--pointerenter=\"actions.preloadImageWithDelay\" data-wp-on--pointerleave=\"actions.cancelPreload\" data-wp-on-window--resize=\"callbacks.setButtonStyles\" src=\"https:\/\/loudavymkrokem.cz\/wp-content\/uploads\/2026\/08\/bulharsko-research-plaze-bulharsko-20.jpg\" alt=\"Den breda sandstranden vid resorten Albena\" class=\"wp-image-404233\" title=\"\" srcset=\"https:\/\/loudavymkrokem.cz\/wp-content\/uploads\/2026\/08\/bulharsko-research-plaze-bulharsko-20.jpg 1800w, https:\/\/loudavymkrokem.cz\/wp-content\/uploads\/2026\/08\/bulharsko-research-plaze-bulharsko-20-300x199.jpg 300w, https:\/\/loudavymkrokem.cz\/wp-content\/uploads\/2026\/08\/bulharsko-research-plaze-bulharsko-20-700x465.jpg 700w, https:\/\/loudavymkrokem.cz\/wp-content\/uploads\/2026\/08\/bulharsko-research-plaze-bulharsko-20-768x510.jpg 768w, https:\/\/loudavymkrokem.cz\/wp-content\/uploads\/2026\/08\/bulharsko-research-plaze-bulharsko-20-1536x1021.jpg 1536w, https:\/\/loudavymkrokem.cz\/wp-content\/uploads\/2026\/08\/bulharsko-research-plaze-bulharsko-20-696x462.jpg 696w, https:\/\/loudavymkrokem.cz\/wp-content\/uploads\/2026\/08\/bulharsko-research-plaze-bulharsko-20-1392x925.jpg 1392w\" sizes=\"(max-width: 1800px) 100vw, 1800px\" \/><button\n\t\t\tclass=\"lightbox-trigger\"\n\t\t\ttype=\"button\"\n\t\t\taria-haspopup=\"dialog\"\n\t\t\tdata-wp-bind--aria-label=\"state.thisImage.triggerButtonAriaLabel\"\n\t\t\tdata-wp-init=\"callbacks.initTriggerButton\"\n\t\t\tdata-wp-on--click=\"actions.showLightbox\"\n\t\t\tdata-wp-style--right=\"state.thisImage.buttonRight\"\n\t\t\tdata-wp-style--top=\"state.thisImage.buttonTop\"\n\t\t>\n\t\t\t<svg xmlns=\"http:\/\/www.w3.org\/2000\/svg\" width=\"12\" height=\"12\" fill=\"none\" viewBox=\"0 0 12 12\">\n\t\t\t\t<path fill=\"#fff\" d=\"M2 0a2 2 0 0 0-2 2v2h1.5V2a.5.5 0 0 1 .5-.5h2V0H2Zm2 10.5H2a.5.5 0 0 1-.5-.5V8H0v2a2 2 0 0 0 2 2h2v-1.5ZM8 12v-1.5h2a.5.5 0 0 0 .5-.5V8H12v2a2 2 0 0 1-2 2H8Zm2-12a2 2 0 0 1 2 2v2h-1.5V2a.5.5 0 0 0-.5-.5H8V0h2Z\" \/>\n\t\t\t<\/svg>\n\t\t<\/button><figcaption class=\"wp-element-caption\">Foto: www.bdmundo.com \/ Wikimedia Commons, CC BY-SA 2.0<\/figcaption><\/figure>\n\n\n\n<h3 class=\"wp-block-heading\"><span class=\"ez-toc-section\" id=\"14_Albena\"><\/span>14. Albena<span class=\"ez-toc-section-end\"><\/span><\/h3>\n\n\n\n<p class=\"wp-block-paragraph\">Albena \u00e4r kanske den mest omsorgsfullt planerade resorten p\u00e5 hela kusten f\u00f6r en familjesemester med sm\u00e5 barn, och siffrorna om vattendjupet bekr\u00e4ftar det. Albena Bulgarien \u00e4r ett slutet komplex norr om Varna som skryter med en <strong>sex kilometer l\u00e5ng och otroliga 150 meter bred<\/strong> sandstrand. I h\u00f6gs\u00e4song \u00e4r hela omr\u00e5det dessutom st\u00e4ngt f\u00f6r vanlig biltrafik.<\/p>\n\n\n\n<p class=\"wp-block-paragraph\">Stranden \u00e4r exemplariskt organiserad och har f\u00f6rst\u00e5s bl\u00e5 flagg. H\u00e4r finns till och med Europas f\u00f6rsta strandbibliotek, som gratis erbjuder \u00f6ver 6 000 titlar p\u00e5 femton spr\u00e5k, samt s\u00e4kra minikassask\u00e5p inbyggda direkt vid parasollen. F\u00f6r att hyra en solstol betalar du <strong>mycket sympatiska 3,58 \u20ac<\/strong> (cirka 40 kr), vilket \u00e4r ett fantastiskt pris f\u00f6r en premiumresort.<\/p>\n\n\n\n<p class=\"wp-block-paragraph\">Men det viktigaste g\u00f6mmer sig under ytan. Albena har <strong>den mildaste vattening\u00e5ngen p\u00e5 hela kusten<\/strong> (fler detaljer hittar du i avsnittet f\u00f6r familjer). Vattnet \u00e4r underbart rent och tack vare den fina sanden utan stenar beh\u00f6ver du inga badskor.<\/p>\n\n\n\n<figure data-wp-context=\"{&quot;imageId&quot;:&quot;6a9c45fd6f464&quot;}\" data-wp-interactive=\"core\/image\" data-wp-key=\"6a9c45fd6f464\" class=\"wp-block-image size-full wp-lightbox-container\"><img decoding=\"async\" width=\"1800\" height=\"1350\" data-wp-class--hide=\"state.isContentHidden\" data-wp-class--show=\"state.isContentVisible\" data-wp-init=\"callbacks.setButtonStyles\" data-wp-on--click=\"actions.showLightbox\" data-wp-on--load=\"callbacks.setButtonStyles\" data-wp-on--pointerdown=\"actions.preloadImage\" data-wp-on--pointerenter=\"actions.preloadImageWithDelay\" data-wp-on--pointerleave=\"actions.cancelPreload\" data-wp-on-window--resize=\"callbacks.setButtonStyles\" src=\"https:\/\/loudavymkrokem.cz\/wp-content\/uploads\/2026\/08\/bulharsko-research-plaze-bulharsko-21.jpg\" alt=\"Stranden i Kranevo mellan Albena och Gyllene sanden\" class=\"wp-image-404237\" title=\"\" srcset=\"https:\/\/loudavymkrokem.cz\/wp-content\/uploads\/2026\/08\/bulharsko-research-plaze-bulharsko-21.jpg 1800w, https:\/\/loudavymkrokem.cz\/wp-content\/uploads\/2026\/08\/bulharsko-research-plaze-bulharsko-21-300x225.jpg 300w, https:\/\/loudavymkrokem.cz\/wp-content\/uploads\/2026\/08\/bulharsko-research-plaze-bulharsko-21-700x525.jpg 700w, https:\/\/loudavymkrokem.cz\/wp-content\/uploads\/2026\/08\/bulharsko-research-plaze-bulharsko-21-768x576.jpg 768w, https:\/\/loudavymkrokem.cz\/wp-content\/uploads\/2026\/08\/bulharsko-research-plaze-bulharsko-21-1536x1152.jpg 1536w, https:\/\/loudavymkrokem.cz\/wp-content\/uploads\/2026\/08\/bulharsko-research-plaze-bulharsko-21-80x60.jpg 80w, https:\/\/loudavymkrokem.cz\/wp-content\/uploads\/2026\/08\/bulharsko-research-plaze-bulharsko-21-160x120.jpg 160w, https:\/\/loudavymkrokem.cz\/wp-content\/uploads\/2026\/08\/bulharsko-research-plaze-bulharsko-21-696x522.jpg 696w, https:\/\/loudavymkrokem.cz\/wp-content\/uploads\/2026\/08\/bulharsko-research-plaze-bulharsko-21-1392x1044.jpg 1392w\" sizes=\"(max-width: 1800px) 100vw, 1800px\" \/><button\n\t\t\tclass=\"lightbox-trigger\"\n\t\t\ttype=\"button\"\n\t\t\taria-haspopup=\"dialog\"\n\t\t\tdata-wp-bind--aria-label=\"state.thisImage.triggerButtonAriaLabel\"\n\t\t\tdata-wp-init=\"callbacks.initTriggerButton\"\n\t\t\tdata-wp-on--click=\"actions.showLightbox\"\n\t\t\tdata-wp-style--right=\"state.thisImage.buttonRight\"\n\t\t\tdata-wp-style--top=\"state.thisImage.buttonTop\"\n\t\t>\n\t\t\t<svg xmlns=\"http:\/\/www.w3.org\/2000\/svg\" width=\"12\" height=\"12\" fill=\"none\" viewBox=\"0 0 12 12\">\n\t\t\t\t<path fill=\"#fff\" d=\"M2 0a2 2 0 0 0-2 2v2h1.5V2a.5.5 0 0 1 .5-.5h2V0H2Zm2 10.5H2a.5.5 0 0 1-.5-.5V8H0v2a2 2 0 0 0 2 2h2v-1.5ZM8 12v-1.5h2a.5.5 0 0 0 .5-.5V8H12v2a2 2 0 0 1-2 2H8Zm2-12a2 2 0 0 1 2 2v2h-1.5V2a.5.5 0 0 0-.5-.5H8V0h2Z\" \/>\n\t\t\t<\/svg>\n\t\t<\/button><figcaption class=\"wp-element-caption\">Foto: Dziadzik me!!! \/ Wikimedia Commons (CC BY-SA 3.0)<\/figcaption><\/figure>\n\n\n\n<p class=\"wp-block-paragraph\">\ud83d\udc49 <a href=\"https:\/\/www.stay22.com\/allez\/roam?aid=lukaskonecny&#038;campaign=loudavymkrokemcz&#038;campaign=plaze-bulharsko&#038;address=Albena%2C%20Bulharsko\" target=\"_blank\" rel=\"nofollow noopener\"><strong>Kolla priser p\u00e5 boende n\u00e4ra den h\u00e4r stranden<\/strong><\/a><\/p>\n\n\n\n<h3 class=\"wp-block-heading\"><span class=\"ez-toc-section\" id=\"15_Kranevo\"><\/span>15. Kranevo<span class=\"ez-toc-section-end\"><\/span><\/h3>\n\n\n\n<p class=\"wp-block-paragraph\">Precis intill mer lyxiga Albena ligger den mindre badorten Kranevo. Den delar praktiskt taget samma sandb\u00e4lte, men h\u00e4r r\u00e5der en <strong>mycket mer avslappnad och framf\u00f6r allt billigare atmosf\u00e4r<\/strong>. Stranden h\u00e5ller en toppkvalitet, vilket bevisas av att b\u00e5de den norra och centrala delen fick bl\u00e5 flagg 2026.<\/p>\n\n\n\n<p class=\"wp-block-paragraph\">Resen\u00e4rer hyllar Kranevo som en idealisk kompromiss. Sanden \u00e4r str\u00e5lande ren, botten inneh\u00e5ller inga obehagliga stenar eller alger och lutningen ner i vattnet \u00e4r v\u00e4ldigt mild. Till skillnad fr\u00e5n de stora granresorterna betalar du <strong>m\u00e4rkbart mindre f\u00f6r lunch p\u00e5 de lokala restaurangerna<\/strong> h\u00e4r, men servicekvaliteten f\u00f6rblir h\u00f6g.<\/p>\n\n\n\n<p class=\"wp-block-paragraph\">Intressant nog h\u00f6r Kranevo till de s\u00e4llsynta platser p\u00e5 norra kusten dit \u00e4ven <strong>kitesurfing\u00e4lskare<\/strong> ibland beger sig. Enligt statistiken bl\u00e5ser det dock anv\u00e4ndbar vind bara omkring 11 % av \u00e5rets dagar, och mestadels p\u00e5 v\u00e5ren och h\u00f6sten, s\u00e5 <strong>sommarbadet<\/strong> st\u00f6rs definitivt inte av n\u00e5gra v\u00e5gor.<\/p>\n\n\n\n<figure data-wp-context=\"{&quot;imageId&quot;:&quot;6a9c45fd6fb5f&quot;}\" data-wp-interactive=\"core\/image\" data-wp-key=\"6a9c45fd6fb5f\" class=\"wp-block-image size-full wp-lightbox-container\"><img decoding=\"async\" width=\"1800\" height=\"1012\" data-wp-class--hide=\"state.isContentHidden\" data-wp-class--show=\"state.isContentVisible\" data-wp-init=\"callbacks.setButtonStyles\" data-wp-on--click=\"actions.showLightbox\" data-wp-on--load=\"callbacks.setButtonStyles\" data-wp-on--pointerdown=\"actions.preloadImage\" data-wp-on--pointerenter=\"actions.preloadImageWithDelay\" data-wp-on--pointerleave=\"actions.cancelPreload\" data-wp-on-window--resize=\"callbacks.setButtonStyles\" src=\"https:\/\/loudavymkrokem.cz\/wp-content\/uploads\/2026\/08\/bulharsko-research-plaze-bulharsko-22.jpg\" alt=\"Stranden Gyllene sanden norr om Varna\" class=\"wp-image-404241\" title=\"\" srcset=\"https:\/\/loudavymkrokem.cz\/wp-content\/uploads\/2026\/08\/bulharsko-research-plaze-bulharsko-22.jpg 1800w, https:\/\/loudavymkrokem.cz\/wp-content\/uploads\/2026\/08\/bulharsko-research-plaze-bulharsko-22-300x169.jpg 300w, https:\/\/loudavymkrokem.cz\/wp-content\/uploads\/2026\/08\/bulharsko-research-plaze-bulharsko-22-700x394.jpg 700w, https:\/\/loudavymkrokem.cz\/wp-content\/uploads\/2026\/08\/bulharsko-research-plaze-bulharsko-22-768x432.jpg 768w, https:\/\/loudavymkrokem.cz\/wp-content\/uploads\/2026\/08\/bulharsko-research-plaze-bulharsko-22-1536x864.jpg 1536w, https:\/\/loudavymkrokem.cz\/wp-content\/uploads\/2026\/08\/bulharsko-research-plaze-bulharsko-22-696x391.jpg 696w, https:\/\/loudavymkrokem.cz\/wp-content\/uploads\/2026\/08\/bulharsko-research-plaze-bulharsko-22-1392x783.jpg 1392w\" sizes=\"(max-width: 1800px) 100vw, 1800px\" \/><button\n\t\t\tclass=\"lightbox-trigger\"\n\t\t\ttype=\"button\"\n\t\t\taria-haspopup=\"dialog\"\n\t\t\tdata-wp-bind--aria-label=\"state.thisImage.triggerButtonAriaLabel\"\n\t\t\tdata-wp-init=\"callbacks.initTriggerButton\"\n\t\t\tdata-wp-on--click=\"actions.showLightbox\"\n\t\t\tdata-wp-style--right=\"state.thisImage.buttonRight\"\n\t\t\tdata-wp-style--top=\"state.thisImage.buttonTop\"\n\t\t>\n\t\t\t<svg xmlns=\"http:\/\/www.w3.org\/2000\/svg\" width=\"12\" height=\"12\" fill=\"none\" viewBox=\"0 0 12 12\">\n\t\t\t\t<path fill=\"#fff\" d=\"M2 0a2 2 0 0 0-2 2v2h1.5V2a.5.5 0 0 1 .5-.5h2V0H2Zm2 10.5H2a.5.5 0 0 1-.5-.5V8H0v2a2 2 0 0 0 2 2h2v-1.5ZM8 12v-1.5h2a.5.5 0 0 0 .5-.5V8H12v2a2 2 0 0 1-2 2H8Zm2-12a2 2 0 0 1 2 2v2h-1.5V2a.5.5 0 0 0-.5-.5H8V0h2Z\" \/>\n\t\t\t<\/svg>\n\t\t<\/button><figcaption class=\"wp-element-caption\">Foto: karel291 \/ Wikimedia Commons, CC BY 3.0<\/figcaption><\/figure>\n\n\n\n<p class=\"wp-block-paragraph\">\ud83d\udc49 <a href=\"https:\/\/www.stay22.com\/allez\/roam?aid=lukaskonecny&#038;campaign=loudavymkrokemcz&#038;campaign=plaze-bulharsko&#038;address=Kranevo%2C%20Bulharsko\" target=\"_blank\" rel=\"nofollow noopener\"><strong>Kolla priser p\u00e5 boende n\u00e4ra den h\u00e4r stranden<\/strong><\/a><\/p>\n\n\n\n<h3 class=\"wp-block-heading\"><span class=\"ez-toc-section\" id=\"16_Gyllene_sanden\"><\/span>16. Gyllene sanden<span class=\"ez-toc-section-end\"><\/span><\/h3>\n\n\n\n<p class=\"wp-block-paragraph\">Gyllene sanden \u00e4r efter Soluppg\u00e5ngens kust landets n\u00e4st mest k\u00e4nda resort. Stranden \u00e4r omkring tre och en halv kilometer l\u00e5ng, cirka 100 meter bred och hela omr\u00e5det drar nytta av sitt fantastiska l\u00e4ge. Hotellen \u00e4r n\u00e4mligen <strong>byggda direkt i den t\u00e4ta skogen i en naturpark<\/strong>, vilket skapar en vacker kontrast mot den gula sanden och det bl\u00e5 havet.<\/p>\n\n\n\n<p class=\"wp-block-paragraph\">Omr\u00e5det ligger bara 20 minuters bilf\u00e4rd fr\u00e5n Varna och fokuserar framf\u00f6r allt p\u00e5 en aktiv semester. H\u00e4r hittar du <strong>dussintals strandbarer, klubbar och vattenattraktioner<\/strong>. R\u00e4kna dock med att du f\u00e5r betala extra f\u00f6r denna komfort. Priset p\u00e5 solstolar steg 2026 till 5 till 6 \u20ac per styck, vilket g\u00f6r den till en av de dyraste platserna i Bulgarien.<\/p>\n\n\n\n<p class=\"wp-block-paragraph\">L\u00e4ngst i norra utkanten av Gyllene sanden hittar du ocks\u00e5 en stor kuriositet. H\u00e4r ligger <strong>stranden Nirvana, som \u00e4r landets enda officiella naturiststrand<\/strong> med fullst\u00e4ndig service. Koncessionsinnehavaren har drivit den i 18 \u00e5r \u2013 h\u00e4r finns livr\u00e4ddare, insl\u00e4ppskontroll och bar, och solstolarna kostar inte mer \u00e4n i den intilliggande &#8221;textila&#8221; zonen.<\/p>\n\n\n\n<figure data-wp-context=\"{&quot;imageId&quot;:&quot;6a9c45fd70228&quot;}\" data-wp-interactive=\"core\/image\" data-wp-key=\"6a9c45fd70228\" class=\"wp-block-image size-full wp-lightbox-container\"><img decoding=\"async\" width=\"1800\" height=\"1207\" data-wp-class--hide=\"state.isContentHidden\" data-wp-class--show=\"state.isContentVisible\" data-wp-init=\"callbacks.setButtonStyles\" data-wp-on--click=\"actions.showLightbox\" data-wp-on--load=\"callbacks.setButtonStyles\" data-wp-on--pointerdown=\"actions.preloadImage\" data-wp-on--pointerenter=\"actions.preloadImageWithDelay\" data-wp-on--pointerleave=\"actions.cancelPreload\" data-wp-on-window--resize=\"callbacks.setButtonStyles\" src=\"https:\/\/loudavymkrokem.cz\/wp-content\/uploads\/2026\/08\/bulharsko-research-plaze-bulharsko-23.jpg\" alt=\"Soluppg\u00e5ngens kust, Bulgariens st\u00f6rsta badort\" class=\"wp-image-404245\" title=\"\" srcset=\"https:\/\/loudavymkrokem.cz\/wp-content\/uploads\/2026\/08\/bulharsko-research-plaze-bulharsko-23.jpg 1800w, https:\/\/loudavymkrokem.cz\/wp-content\/uploads\/2026\/08\/bulharsko-research-plaze-bulharsko-23-300x201.jpg 300w, https:\/\/loudavymkrokem.cz\/wp-content\/uploads\/2026\/08\/bulharsko-research-plaze-bulharsko-23-700x469.jpg 700w, https:\/\/loudavymkrokem.cz\/wp-content\/uploads\/2026\/08\/bulharsko-research-plaze-bulharsko-23-768x515.jpg 768w, https:\/\/loudavymkrokem.cz\/wp-content\/uploads\/2026\/08\/bulharsko-research-plaze-bulharsko-23-1536x1030.jpg 1536w, https:\/\/loudavymkrokem.cz\/wp-content\/uploads\/2026\/08\/bulharsko-research-plaze-bulharsko-23-696x467.jpg 696w, https:\/\/loudavymkrokem.cz\/wp-content\/uploads\/2026\/08\/bulharsko-research-plaze-bulharsko-23-1392x933.jpg 1392w\" sizes=\"(max-width: 1800px) 100vw, 1800px\" \/><button\n\t\t\tclass=\"lightbox-trigger\"\n\t\t\ttype=\"button\"\n\t\t\taria-haspopup=\"dialog\"\n\t\t\tdata-wp-bind--aria-label=\"state.thisImage.triggerButtonAriaLabel\"\n\t\t\tdata-wp-init=\"callbacks.initTriggerButton\"\n\t\t\tdata-wp-on--click=\"actions.showLightbox\"\n\t\t\tdata-wp-style--right=\"state.thisImage.buttonRight\"\n\t\t\tdata-wp-style--top=\"state.thisImage.buttonTop\"\n\t\t>\n\t\t\t<svg xmlns=\"http:\/\/www.w3.org\/2000\/svg\" width=\"12\" height=\"12\" fill=\"none\" viewBox=\"0 0 12 12\">\n\t\t\t\t<path fill=\"#fff\" d=\"M2 0a2 2 0 0 0-2 2v2h1.5V2a.5.5 0 0 1 .5-.5h2V0H2Zm2 10.5H2a.5.5 0 0 1-.5-.5V8H0v2a2 2 0 0 0 2 2h2v-1.5ZM8 12v-1.5h2a.5.5 0 0 0 .5-.5V8H12v2a2 2 0 0 1-2 2H8Zm2-12a2 2 0 0 1 2 2v2h-1.5V2a.5.5 0 0 0-.5-.5H8V0h2Z\" \/>\n\t\t\t<\/svg>\n\t\t<\/button><figcaption class=\"wp-element-caption\">Foto (redigerat): Wizzard \/ Wikimedia Commons (Public domain)<\/figcaption><\/figure>\n\n\n\n<p class=\"wp-block-paragraph\">\ud83d\udc49 <a href=\"https:\/\/www.stay22.com\/allez\/roam?aid=lukaskonecny&#038;campaign=loudavymkrokemcz&#038;campaign=plaze-bulharsko&#038;address=Slune%C4%8Dn%C3%A9%20pob%C5%99e%C5%BE%C3%AD%2C%20Bulharsko\" target=\"_blank\" rel=\"nofollow noopener\"><strong>Kolla priser p\u00e5 boende n\u00e4ra den h\u00e4r stranden<\/strong><\/a><\/p>\n\n\n\n<h3 class=\"wp-block-heading\"><span class=\"ez-toc-section\" id=\"17_Soluppgangens_kust\"><\/span>17. Soluppg\u00e5ngens kust<span class=\"ez-toc-section-end\"><\/span><\/h3>\n\n\n\n<p class=\"wp-block-paragraph\">Detta \u00e4r det absoluta centrumet f\u00f6r bulgarisk turism. Soluppg\u00e5ngens kust (Sunny Beach) bildar en vik med en strand som m\u00e4ter exakt 6,1 kilometer och i genomsnitt \u00e4r omkring 60 meter bred. Alla dess tre huvuddelar (norr, centrum och s\u00f6der) <strong>skryter med bl\u00e5 flagg<\/strong>. Just h\u00e4r vajade dessutom Bulgariens allra f\u00f6rsta bl\u00e5 flagg den 4 juli 1995, tv\u00e5 \u00e5r efter att landet som f\u00f6rsta stat utanf\u00f6r d\u00e5varande V\u00e4steuropa ansl\u00f6t sig till programmet.<\/p>\n\n\n\n<p class=\"wp-block-paragraph\">Orten \u00e4r k\u00e4nd f\u00f6r sitt pulserande nattliv och sitt enorma utbud av attraktioner. H\u00e4r hittar du allt fr\u00e5n parasailing via j\u00e4ttelika vattenland till hundratals restauranger. Priset p\u00e5 strandservice \u00e4r ganska h\u00f6gt h\u00e4r \u2013 i den s\u00f6dra delen \u00e4r priset <strong>avtalsfixerat till 5,11 \u20ac<\/strong> (cirka 56 kr) per solstol.<\/p>\n\n\n\n<p class=\"wp-block-paragraph\">\ud83d\udca1 <strong>Tips:<\/strong> Om du vill undvika det st\u00f6rsta ov\u00e4sendet, bo i resortens ytterkanter. Medan centrum g\u00e5r non-stop erbjuder ytteromr\u00e5dena mot Sveti Vlas eller tv\u00e4rtom mot Nessebar en mycket lugnare familjeatmosf\u00e4r. F\u00f6rresten \u00e4r uppgiften om att den s\u00f6dra delen skulle vara naturist bara en popul\u00e4r myt. Det \u00e4r ett helt kommersiellt, organiserat avsnitt.<\/p>\n\n\n\n<figure data-wp-context=\"{&quot;imageId&quot;:&quot;6a9c45fd708da&quot;}\" data-wp-interactive=\"core\/image\" data-wp-key=\"6a9c45fd708da\" class=\"wp-block-image size-full wp-lightbox-container\"><img decoding=\"async\" width=\"1800\" height=\"1205\" data-wp-class--hide=\"state.isContentHidden\" data-wp-class--show=\"state.isContentVisible\" data-wp-init=\"callbacks.setButtonStyles\" data-wp-on--click=\"actions.showLightbox\" data-wp-on--load=\"callbacks.setButtonStyles\" data-wp-on--pointerdown=\"actions.preloadImage\" data-wp-on--pointerenter=\"actions.preloadImageWithDelay\" data-wp-on--pointerleave=\"actions.cancelPreload\" data-wp-on-window--resize=\"callbacks.setButtonStyles\" src=\"https:\/\/loudavymkrokem.cz\/wp-content\/uploads\/2026\/08\/bulharsko-research-plaze-bulharsko-24.jpg\" alt=\"S\u00f6dra stranden nedanf\u00f6r gamla Nessebar\" class=\"wp-image-404248\" title=\"\" srcset=\"https:\/\/loudavymkrokem.cz\/wp-content\/uploads\/2026\/08\/bulharsko-research-plaze-bulharsko-24.jpg 1800w, https:\/\/loudavymkrokem.cz\/wp-content\/uploads\/2026\/08\/bulharsko-research-plaze-bulharsko-24-300x201.jpg 300w, https:\/\/loudavymkrokem.cz\/wp-content\/uploads\/2026\/08\/bulharsko-research-plaze-bulharsko-24-700x469.jpg 700w, https:\/\/loudavymkrokem.cz\/wp-content\/uploads\/2026\/08\/bulharsko-research-plaze-bulharsko-24-768x514.jpg 768w, https:\/\/loudavymkrokem.cz\/wp-content\/uploads\/2026\/08\/bulharsko-research-plaze-bulharsko-24-1536x1028.jpg 1536w, https:\/\/loudavymkrokem.cz\/wp-content\/uploads\/2026\/08\/bulharsko-research-plaze-bulharsko-24-696x466.jpg 696w, https:\/\/loudavymkrokem.cz\/wp-content\/uploads\/2026\/08\/bulharsko-research-plaze-bulharsko-24-1392x932.jpg 1392w\" sizes=\"(max-width: 1800px) 100vw, 1800px\" \/><button\n\t\t\tclass=\"lightbox-trigger\"\n\t\t\ttype=\"button\"\n\t\t\taria-haspopup=\"dialog\"\n\t\t\tdata-wp-bind--aria-label=\"state.thisImage.triggerButtonAriaLabel\"\n\t\t\tdata-wp-init=\"callbacks.initTriggerButton\"\n\t\t\tdata-wp-on--click=\"actions.showLightbox\"\n\t\t\tdata-wp-style--right=\"state.thisImage.buttonRight\"\n\t\t\tdata-wp-style--top=\"state.thisImage.buttonTop\"\n\t\t>\n\t\t\t<svg xmlns=\"http:\/\/www.w3.org\/2000\/svg\" width=\"12\" height=\"12\" fill=\"none\" viewBox=\"0 0 12 12\">\n\t\t\t\t<path fill=\"#fff\" d=\"M2 0a2 2 0 0 0-2 2v2h1.5V2a.5.5 0 0 1 .5-.5h2V0H2Zm2 10.5H2a.5.5 0 0 1-.5-.5V8H0v2a2 2 0 0 0 2 2h2v-1.5ZM8 12v-1.5h2a.5.5 0 0 0 .5-.5V8H12v2a2 2 0 0 1-2 2H8Zm2-12a2 2 0 0 1 2 2v2h-1.5V2a.5.5 0 0 0-.5-.5H8V0h2Z\" \/>\n\t\t\t<\/svg>\n\t\t<\/button><figcaption class=\"wp-element-caption\">Foto: Valeria Drozdova \/ Pexels<\/figcaption><\/figure>\n\n\n\n<p class=\"wp-block-paragraph\">\ud83d\udc49 <a href=\"https:\/\/www.stay22.com\/allez\/roam?aid=lukaskonecny&#038;campaign=loudavymkrokemcz&#038;campaign=plaze-bulharsko&#038;address=Slune%C4%8Dn%C3%A9%20pob%C5%99e%C5%BE%C3%AD%2C%20Bulharsko\" target=\"_blank\" rel=\"nofollow noopener\"><strong>Kolla priser p\u00e5 boende n\u00e4ra den h\u00e4r stranden<\/strong><\/a><\/p>\n\n\n\n<h3 class=\"wp-block-heading\"><span class=\"ez-toc-section\" id=\"18_Nessebar-syd\"><\/span>18. Nessebar-syd<span class=\"ez-toc-section-end\"><\/span><\/h3>\n\n\n\n<p class=\"wp-block-paragraph\">Den historiska staden Nessebar finns p\u00e5 <a href=\"https:\/\/whc.unesco.org\/\" rel=\"nofollow noopener\" target=\"_blank\">Unescos v\u00e4rldsarvslista<\/a> och dess s\u00f6dra strand erbjuder en <strong>utm\u00e4rkt kombination av bad och kulturuppt\u00e4ckter<\/strong>. Sandremsan str\u00e4cker sig fr\u00e5n gamla stan s\u00f6derut och erbjuder utm\u00e4rkt organiserade faciliteter med bl\u00e5 flagg f\u00f6r 2026. Nessebar Bulgarien \u00e4r ett m\u00e5ste f\u00f6r alla kultur\u00e4lskare.<\/p>\n\n\n\n<p class=\"wp-block-paragraph\">Till skillnad fr\u00e5n grannen Soluppg\u00e5ngens kust \u00e4r atmosf\u00e4ren h\u00e4r betydligt mer sofistikerad. F\u00f6r en solstol betalar du <strong>det officiella priset 4,09 \u20ac<\/strong> (knappt 45 kr). Vattening\u00e5ngen \u00e4r bekv\u00e4m och vattnet brukar vara ganska lugnt och rent tack vare vikens l\u00e4ge.<\/p>\n\n\n\n<p class=\"wp-block-paragraph\">Om du tr\u00f6ttnar p\u00e5 solandet r\u00e4cker det att resa sig fr\u00e5n handduken och p\u00e5 n\u00e5gra minuter till fots befinner du dig <strong>i den gamla stadens slingriga gr\u00e4nder<\/strong> fulla av tr\u00e4hus och rester av bysantinska kyrkor. P\u00e5 de lokala tavernorna med havsutsikt lagar de g\u00e4rna till en utm\u00e4rkt friterad kashkaval-ost eller ugnsbakad paprika fylld med balkanost.<\/p>\n\n\n\n<figure data-wp-context=\"{&quot;imageId&quot;:&quot;6a9c45fd70e9d&quot;}\" data-wp-interactive=\"core\/image\" data-wp-key=\"6a9c45fd70e9d\" class=\"wp-block-image size-full wp-lightbox-container\"><img decoding=\"async\" width=\"1800\" height=\"1350\" data-wp-class--hide=\"state.isContentHidden\" data-wp-class--show=\"state.isContentVisible\" data-wp-init=\"callbacks.setButtonStyles\" data-wp-on--click=\"actions.showLightbox\" data-wp-on--load=\"callbacks.setButtonStyles\" data-wp-on--pointerdown=\"actions.preloadImage\" data-wp-on--pointerenter=\"actions.preloadImageWithDelay\" data-wp-on--pointerleave=\"actions.cancelPreload\" data-wp-on-window--resize=\"callbacks.setButtonStyles\" src=\"https:\/\/loudavymkrokem.cz\/wp-content\/uploads\/2026\/08\/bulharsko-research-plaze-bulharsko-25.jpg\" alt=\"Stranden i ur\u00e5ldriga Sozopol\" class=\"wp-image-404251\" title=\"\" srcset=\"https:\/\/loudavymkrokem.cz\/wp-content\/uploads\/2026\/08\/bulharsko-research-plaze-bulharsko-25.jpg 1800w, https:\/\/loudavymkrokem.cz\/wp-content\/uploads\/2026\/08\/bulharsko-research-plaze-bulharsko-25-300x225.jpg 300w, https:\/\/loudavymkrokem.cz\/wp-content\/uploads\/2026\/08\/bulharsko-research-plaze-bulharsko-25-700x525.jpg 700w, https:\/\/loudavymkrokem.cz\/wp-content\/uploads\/2026\/08\/bulharsko-research-plaze-bulharsko-25-768x576.jpg 768w, https:\/\/loudavymkrokem.cz\/wp-content\/uploads\/2026\/08\/bulharsko-research-plaze-bulharsko-25-1536x1152.jpg 1536w, https:\/\/loudavymkrokem.cz\/wp-content\/uploads\/2026\/08\/bulharsko-research-plaze-bulharsko-25-80x60.jpg 80w, https:\/\/loudavymkrokem.cz\/wp-content\/uploads\/2026\/08\/bulharsko-research-plaze-bulharsko-25-160x120.jpg 160w, https:\/\/loudavymkrokem.cz\/wp-content\/uploads\/2026\/08\/bulharsko-research-plaze-bulharsko-25-696x522.jpg 696w, https:\/\/loudavymkrokem.cz\/wp-content\/uploads\/2026\/08\/bulharsko-research-plaze-bulharsko-25-1392x1044.jpg 1392w\" sizes=\"(max-width: 1800px) 100vw, 1800px\" \/><button\n\t\t\tclass=\"lightbox-trigger\"\n\t\t\ttype=\"button\"\n\t\t\taria-haspopup=\"dialog\"\n\t\t\tdata-wp-bind--aria-label=\"state.thisImage.triggerButtonAriaLabel\"\n\t\t\tdata-wp-init=\"callbacks.initTriggerButton\"\n\t\t\tdata-wp-on--click=\"actions.showLightbox\"\n\t\t\tdata-wp-style--right=\"state.thisImage.buttonRight\"\n\t\t\tdata-wp-style--top=\"state.thisImage.buttonTop\"\n\t\t>\n\t\t\t<svg xmlns=\"http:\/\/www.w3.org\/2000\/svg\" width=\"12\" height=\"12\" fill=\"none\" viewBox=\"0 0 12 12\">\n\t\t\t\t<path fill=\"#fff\" d=\"M2 0a2 2 0 0 0-2 2v2h1.5V2a.5.5 0 0 1 .5-.5h2V0H2Zm2 10.5H2a.5.5 0 0 1-.5-.5V8H0v2a2 2 0 0 0 2 2h2v-1.5ZM8 12v-1.5h2a.5.5 0 0 0 .5-.5V8H12v2a2 2 0 0 1-2 2H8Zm2-12a2 2 0 0 1 2 2v2h-1.5V2a.5.5 0 0 0-.5-.5H8V0h2Z\" \/>\n\t\t\t<\/svg>\n\t\t<\/button><figcaption class=\"wp-element-caption\">Foto: vitsoft \/ Wikimedia Commons, CC BY 3.0<\/figcaption><\/figure>\n\n\n\n<p class=\"wp-block-paragraph\">\ud83d\udc49 <a href=\"https:\/\/www.stay22.com\/allez\/roam?aid=lukaskonecny&#038;campaign=loudavymkrokemcz&#038;campaign=plaze-bulharsko&#038;address=Nesebar%2C%20Bulharsko\" target=\"_blank\" rel=\"nofollow noopener\"><strong>Kolla priser p\u00e5 boende n\u00e4ra den h\u00e4r stranden<\/strong><\/a><\/p>\n\n\n\n<h3 class=\"wp-block-heading\"><span class=\"ez-toc-section\" id=\"19_Sozopol\"><\/span>19. Sozopol<span class=\"ez-toc-section-end\"><\/span><\/h3>\n\n\n\n<p class=\"wp-block-paragraph\">Ur\u00e5ldriga Sozopol har varit en enorm hit de senaste \u00e5ren och m\u00e5nga resen\u00e4rer anser att det \u00e4r den mest stilfulla badorten i s\u00f6der. Staden erbjuder tv\u00e5 huvudstr\u00e4nder. Den centrala ligger direkt nedanf\u00f6r det historiska centrumet och \u00e4r ganska liten, medan <strong>den rymligare stranden Harmani str\u00e4cker sig s\u00f6derut<\/strong> l\u00e4ngs den nyare bebyggelsen.<\/p>\n\n\n\n<p class=\"wp-block-paragraph\">B\u00e5da huvudstr\u00e4nderna har bl\u00e5 flagg och erbjuder utm\u00e4rkt service. P\u00e5 Harmani betalar du 4,09 \u20ac f\u00f6r en solstol, medan det p\u00e5 den mindre centrala stranden kostar 3,58 \u20ac. En bit s\u00f6der om staden ligger sedan de popul\u00e4ra str\u00e4nderna <strong>Smokinya och Gradina, som framf\u00f6r allt den yngre generationen s\u00f6ker sig till<\/strong>. D\u00e4r r\u00e5der en mer avslappnad campingatmosf\u00e4r och det finns stilfulla strandbarer.<\/p>\n\n\n\n<p class=\"wp-block-paragraph\"><strong>Restaurangerna i Sozopol<\/strong> h\u00f6r till de b\u00e4sta, men \u00e4ven de dyraste p\u00e5 kusten. Enligt lokalborna \u00e4r priserna p\u00e5 f\u00e4rsk grillad fisk och skaldjur i dessa omr\u00e5den numera p\u00e5 niv\u00e5 med grekiska tavernor. Ta hellre <strong>traditionella bulgariska gr\u00f6nsaksf\u00f6rr\u00e4tter<\/strong> (till exempel kyopoolu med vitl\u00f6k) och hembakat br\u00f6d.<\/p>\n\n\n\n<figure data-wp-context=\"{&quot;imageId&quot;:&quot;6a9c45fd71417&quot;}\" data-wp-interactive=\"core\/image\" data-wp-key=\"6a9c45fd71417\" class=\"wp-block-image size-full wp-lightbox-container\"><img decoding=\"async\" width=\"1800\" height=\"1192\" data-wp-class--hide=\"state.isContentHidden\" data-wp-class--show=\"state.isContentVisible\" data-wp-init=\"callbacks.setButtonStyles\" data-wp-on--click=\"actions.showLightbox\" data-wp-on--load=\"callbacks.setButtonStyles\" data-wp-on--pointerdown=\"actions.preloadImage\" data-wp-on--pointerenter=\"actions.preloadImageWithDelay\" data-wp-on--pointerleave=\"actions.cancelPreload\" data-wp-on-window--resize=\"callbacks.setButtonStyles\" src=\"https:\/\/loudavymkrokem.cz\/wp-content\/uploads\/2026\/08\/bulharsko-research-plaze-bulharsko-26.jpg\" alt=\"De grunda str\u00e4nderna vid Primorsko och Kiten\" class=\"wp-image-404255\" title=\"\" srcset=\"https:\/\/loudavymkrokem.cz\/wp-content\/uploads\/2026\/08\/bulharsko-research-plaze-bulharsko-26.jpg 1800w, https:\/\/loudavymkrokem.cz\/wp-content\/uploads\/2026\/08\/bulharsko-research-plaze-bulharsko-26-300x199.jpg 300w, https:\/\/loudavymkrokem.cz\/wp-content\/uploads\/2026\/08\/bulharsko-research-plaze-bulharsko-26-700x464.jpg 700w, https:\/\/loudavymkrokem.cz\/wp-content\/uploads\/2026\/08\/bulharsko-research-plaze-bulharsko-26-768x509.jpg 768w, https:\/\/loudavymkrokem.cz\/wp-content\/uploads\/2026\/08\/bulharsko-research-plaze-bulharsko-26-1536x1017.jpg 1536w, https:\/\/loudavymkrokem.cz\/wp-content\/uploads\/2026\/08\/bulharsko-research-plaze-bulharsko-26-696x461.jpg 696w, https:\/\/loudavymkrokem.cz\/wp-content\/uploads\/2026\/08\/bulharsko-research-plaze-bulharsko-26-1392x922.jpg 1392w\" sizes=\"(max-width: 1800px) 100vw, 1800px\" \/><button\n\t\t\tclass=\"lightbox-trigger\"\n\t\t\ttype=\"button\"\n\t\t\taria-haspopup=\"dialog\"\n\t\t\tdata-wp-bind--aria-label=\"state.thisImage.triggerButtonAriaLabel\"\n\t\t\tdata-wp-init=\"callbacks.initTriggerButton\"\n\t\t\tdata-wp-on--click=\"actions.showLightbox\"\n\t\t\tdata-wp-style--right=\"state.thisImage.buttonRight\"\n\t\t\tdata-wp-style--top=\"state.thisImage.buttonTop\"\n\t\t>\n\t\t\t<svg xmlns=\"http:\/\/www.w3.org\/2000\/svg\" width=\"12\" height=\"12\" fill=\"none\" viewBox=\"0 0 12 12\">\n\t\t\t\t<path fill=\"#fff\" d=\"M2 0a2 2 0 0 0-2 2v2h1.5V2a.5.5 0 0 1 .5-.5h2V0H2Zm2 10.5H2a.5.5 0 0 1-.5-.5V8H0v2a2 2 0 0 0 2 2h2v-1.5ZM8 12v-1.5h2a.5.5 0 0 0 .5-.5V8H12v2a2 2 0 0 1-2 2H8Zm2-12a2 2 0 0 1 2 2v2h-1.5V2a.5.5 0 0 0-.5-.5H8V0h2Z\" \/>\n\t\t\t<\/svg>\n\t\t<\/button><figcaption class=\"wp-element-caption\">Foto: Katya from Moscow, Russia \/ Wikimedia Commons, CC BY-SA 2.0<\/figcaption><\/figure>\n\n\n\n<p class=\"wp-block-paragraph\">\ud83d\udc49 <a href=\"https:\/\/www.stay22.com\/allez\/roam?aid=lukaskonecny&#038;campaign=loudavymkrokemcz&#038;campaign=plaze-bulharsko&#038;address=Sozopol%2C%20Bulharsko\" target=\"_blank\" rel=\"nofollow noopener\"><strong>Kolla priser p\u00e5 boende n\u00e4ra den h\u00e4r stranden<\/strong><\/a><\/p>\n\n\n\n<h3 class=\"wp-block-heading\"><span class=\"ez-toc-section\" id=\"20_Primorsko_och_Kiten\"><\/span>20. Primorsko och Kiten<span class=\"ez-toc-section-end\"><\/span><\/h3>\n\n\n\n<p class=\"wp-block-paragraph\">De h\u00e4r tv\u00e5 grannbadorterna \u00e4r en absolut klassiker f\u00f6r nordiska turister. Och de har en god anledning till det. H\u00e4r ligger str\u00e4nderna (s\u00e4rskilt stranden Perla och S\u00f6dra stranden i Primorsko) kantade av vackra tallskogar och erbjuder <strong>ett av de b\u00e4sta f\u00f6rh\u00e5llandena mellan pris och kvalitet<\/strong> p\u00e5 hela s\u00f6dra kusten.<\/p>\n\n\n\n<p class=\"wp-block-paragraph\">Vattnet \u00e4r kristallklart h\u00e4r och str\u00e4nderna \u00e4r k\u00e4nda f\u00f6r sin fina sand. Solstolshyran \u00e4r v\u00e4ldigt v\u00e4nlig \u2013 f\u00f6r en stol och parasoll betalar du lika mycket, bara <strong>3,60 \u20ac<\/strong> (cirka 40 kr). I omgivningarna st\u00f6ter du dessutom fortfarande p\u00e5 gott om skyltar och menyer p\u00e5 flera spr\u00e5k.<\/p>\n\n\n\n<p class=\"wp-block-paragraph\">Primorsko \u00e4r en utm\u00e4rkt bas f\u00f6r utflykter i omgivningarna. Om du beger dig hit, ta dig absolut tid f\u00f6r <strong>att spana efter vilda delfiner<\/strong>, som visar sig med stor regelbundenhet vid det n\u00e4rbel\u00e4gna klippiga kapet Maslen. I hela Svarta havet lever omkring 73 000 av dessa fantastiska d\u00e4ggdjur, och i s\u00f6dra Bulgarien har du stor chans att f\u00e5 se dem.<\/p>\n\n\n\n<figure data-wp-context=\"{&quot;imageId&quot;:&quot;6a9c45fd71abc&quot;}\" data-wp-interactive=\"core\/image\" data-wp-key=\"6a9c45fd71abc\" class=\"wp-block-image size-full wp-lightbox-container\"><img decoding=\"async\" width=\"1800\" height=\"1207\" data-wp-class--hide=\"state.isContentHidden\" data-wp-class--show=\"state.isContentVisible\" data-wp-init=\"callbacks.setButtonStyles\" data-wp-on--click=\"actions.showLightbox\" data-wp-on--load=\"callbacks.setButtonStyles\" data-wp-on--pointerdown=\"actions.preloadImage\" data-wp-on--pointerenter=\"actions.preloadImageWithDelay\" data-wp-on--pointerleave=\"actions.cancelPreload\" data-wp-on-window--resize=\"callbacks.setButtonStyles\" src=\"https:\/\/loudavymkrokem.cz\/wp-content\/uploads\/2026\/08\/bulharsko-research-plaze-bulharsko-27.jpg\" alt=\"Grunt vatten i Albena, l\u00e4mpligt f\u00f6r barnfamiljer\" class=\"wp-image-404258\" title=\"\" srcset=\"https:\/\/loudavymkrokem.cz\/wp-content\/uploads\/2026\/08\/bulharsko-research-plaze-bulharsko-27.jpg 1800w, https:\/\/loudavymkrokem.cz\/wp-content\/uploads\/2026\/08\/bulharsko-research-plaze-bulharsko-27-300x201.jpg 300w, https:\/\/loudavymkrokem.cz\/wp-content\/uploads\/2026\/08\/bulharsko-research-plaze-bulharsko-27-700x469.jpg 700w, https:\/\/loudavymkrokem.cz\/wp-content\/uploads\/2026\/08\/bulharsko-research-plaze-bulharsko-27-768x515.jpg 768w, https:\/\/loudavymkrokem.cz\/wp-content\/uploads\/2026\/08\/bulharsko-research-plaze-bulharsko-27-1536x1030.jpg 1536w, https:\/\/loudavymkrokem.cz\/wp-content\/uploads\/2026\/08\/bulharsko-research-plaze-bulharsko-27-696x467.jpg 696w, https:\/\/loudavymkrokem.cz\/wp-content\/uploads\/2026\/08\/bulharsko-research-plaze-bulharsko-27-1392x933.jpg 1392w\" sizes=\"(max-width: 1800px) 100vw, 1800px\" \/><button\n\t\t\tclass=\"lightbox-trigger\"\n\t\t\ttype=\"button\"\n\t\t\taria-haspopup=\"dialog\"\n\t\t\tdata-wp-bind--aria-label=\"state.thisImage.triggerButtonAriaLabel\"\n\t\t\tdata-wp-init=\"callbacks.initTriggerButton\"\n\t\t\tdata-wp-on--click=\"actions.showLightbox\"\n\t\t\tdata-wp-style--right=\"state.thisImage.buttonRight\"\n\t\t\tdata-wp-style--top=\"state.thisImage.buttonTop\"\n\t\t>\n\t\t\t<svg xmlns=\"http:\/\/www.w3.org\/2000\/svg\" width=\"12\" height=\"12\" fill=\"none\" viewBox=\"0 0 12 12\">\n\t\t\t\t<path fill=\"#fff\" d=\"M2 0a2 2 0 0 0-2 2v2h1.5V2a.5.5 0 0 1 .5-.5h2V0H2Zm2 10.5H2a.5.5 0 0 1-.5-.5V8H0v2a2 2 0 0 0 2 2h2v-1.5ZM8 12v-1.5h2a.5.5 0 0 0 .5-.5V8H12v2a2 2 0 0 1-2 2H8Zm2-12a2 2 0 0 1 2 2v2h-1.5V2a.5.5 0 0 0-.5-.5H8V0h2Z\" \/>\n\t\t\t<\/svg>\n\t\t<\/button><figcaption class=\"wp-element-caption\">Foto (redigerat): karel291 \/ Wikimedia Commons (CC BY 3.0)<\/figcaption><\/figure>\n\n\n\n<h2 class=\"wp-block-heading\"><span class=\"ez-toc-section\" id=\"De_basta_stranderna_for_familjer_med_sma_barn\"><\/span>De b\u00e4sta str\u00e4nderna f\u00f6r familjer med sm\u00e5 barn<span class=\"ez-toc-section-end\"><\/span><\/h2>\n\n\n\n<p class=\"wp-block-paragraph\">Om du reser med de allra minsta eller mindre barn har den norra kusten en tydlig vinnare. <strong>Albena har konkreta siffror p\u00e5 sin sida, och de talar sitt tydliga spr\u00e5k:<\/strong> vattendjupet h\u00e4r \u00f6verstiger inte 1,6 meter ens p\u00e5 det otroliga avst\u00e5ndet 150 meter fr\u00e5n stranden. Barnen kan allts\u00e5 tryggt bygga sandslott och plaska i de enorma grundvattnen utan r\u00e4dsla f\u00f6r en pl\u00f6tslig djups\u00e4nka.<\/p>\n\n\n\n<p class=\"wp-block-paragraph\">I norr g\u00e4ller den allm\u00e4nna regeln att <strong>str\u00e4ndernas ytterdelar brukar ha en mycket mild vattening\u00e5ng<\/strong>, medan det i s\u00f6der \u00e4r precis tv\u00e4rtom (grundvatten hittar du strax vid stranden, men botten sluttar snabbare). Ett typiskt exempel som familjer b\u00f6r varnas kraftigt f\u00f6r \u00e4r underbara Veleka i Sinemorets. Viken \u00e4r d\u00e4r extremt djup redan fr\u00e5n f\u00f6rsta steget i vattnet.<\/p>\n\n\n\n<p class=\"wp-block-paragraph\">Ett utm\u00e4rkt val f\u00f6r familjer \u00e4r badorterna Kranevo, Primorsko och Kiten. Bulgariska f\u00f6r\u00e4ldrar hyllar str\u00e4nderna d\u00e4r f\u00f6r det kristallklara vattnet och den stenfria botten. Om du s\u00f6ker en plats d\u00e4r havet p\u00e5minner om en lugn damm, <strong>bege dig till str\u00e4nderna Sarafovo-syd eller Pomorie-syd<\/strong>. Dessa vikar ligger i perfekt l\u00e4, s\u00e5 den r\u00f6da flagg som f\u00f6rbjuder bad hissas bara mycket s\u00e4llan.<\/p>\n\n\n\n<figure data-wp-context=\"{&quot;imageId&quot;:&quot;6a9c45fd72004&quot;}\" data-wp-interactive=\"core\/image\" data-wp-key=\"6a9c45fd72004\" class=\"wp-block-image size-full wp-lightbox-container\"><img decoding=\"async\" width=\"1707\" height=\"2560\" data-wp-class--hide=\"state.isContentHidden\" data-wp-class--show=\"state.isContentVisible\" data-wp-init=\"callbacks.setButtonStyles\" data-wp-on--click=\"actions.showLightbox\" data-wp-on--load=\"callbacks.setButtonStyles\" data-wp-on--pointerdown=\"actions.preloadImage\" data-wp-on--pointerenter=\"actions.preloadImageWithDelay\" data-wp-on--pointerleave=\"actions.cancelPreload\" data-wp-on-window--resize=\"callbacks.setButtonStyles\" src=\"https:\/\/loudavymkrokem.cz\/wp-content\/uploads\/2026\/08\/bulharsko-research-plaze-bulharsko-28-scaled.jpg\" alt=\"Flaggsignalering och bevakad zon p\u00e5 en bulgarisk strand\" class=\"wp-image-404261\" title=\"\" srcset=\"https:\/\/loudavymkrokem.cz\/wp-content\/uploads\/2026\/08\/bulharsko-research-plaze-bulharsko-28-scaled.jpg 1707w, https:\/\/loudavymkrokem.cz\/wp-content\/uploads\/2026\/08\/bulharsko-research-plaze-bulharsko-28-200x300.jpg 200w, https:\/\/loudavymkrokem.cz\/wp-content\/uploads\/2026\/08\/bulharsko-research-plaze-bulharsko-28-700x1050.jpg 700w, https:\/\/loudavymkrokem.cz\/wp-content\/uploads\/2026\/08\/bulharsko-research-plaze-bulharsko-28-768x1152.jpg 768w, https:\/\/loudavymkrokem.cz\/wp-content\/uploads\/2026\/08\/bulharsko-research-plaze-bulharsko-28-1024x1536.jpg 1024w, https:\/\/loudavymkrokem.cz\/wp-content\/uploads\/2026\/08\/bulharsko-research-plaze-bulharsko-28-1365x2048.jpg 1365w, https:\/\/loudavymkrokem.cz\/wp-content\/uploads\/2026\/08\/bulharsko-research-plaze-bulharsko-28-696x1044.jpg 696w, https:\/\/loudavymkrokem.cz\/wp-content\/uploads\/2026\/08\/bulharsko-research-plaze-bulharsko-28-1392x2088.jpg 1392w\" sizes=\"(max-width: 1707px) 100vw, 1707px\" \/><button\n\t\t\tclass=\"lightbox-trigger\"\n\t\t\ttype=\"button\"\n\t\t\taria-haspopup=\"dialog\"\n\t\t\tdata-wp-bind--aria-label=\"state.thisImage.triggerButtonAriaLabel\"\n\t\t\tdata-wp-init=\"callbacks.initTriggerButton\"\n\t\t\tdata-wp-on--click=\"actions.showLightbox\"\n\t\t\tdata-wp-style--right=\"state.thisImage.buttonRight\"\n\t\t\tdata-wp-style--top=\"state.thisImage.buttonTop\"\n\t\t>\n\t\t\t<svg xmlns=\"http:\/\/www.w3.org\/2000\/svg\" width=\"12\" height=\"12\" fill=\"none\" viewBox=\"0 0 12 12\">\n\t\t\t\t<path fill=\"#fff\" d=\"M2 0a2 2 0 0 0-2 2v2h1.5V2a.5.5 0 0 1 .5-.5h2V0H2Zm2 10.5H2a.5.5 0 0 1-.5-.5V8H0v2a2 2 0 0 0 2 2h2v-1.5ZM8 12v-1.5h2a.5.5 0 0 0 .5-.5V8H12v2a2 2 0 0 1-2 2H8Zm2-12a2 2 0 0 1 2 2v2h-1.5V2a.5.5 0 0 0-.5-.5H8V0h2Z\" \/>\n\t\t\t<\/svg>\n\t\t<\/button><figcaption class=\"wp-element-caption\">Foto: Kritzolina \/ Wikimedia Commons (CC BY-SA 4.0)<\/figcaption><\/figure>\n\n\n\n<h2 class=\"wp-block-heading\"><span class=\"ez-toc-section\" id=\"Sakerhet_strommar_vagor_och_livraddare\"><\/span>S\u00e4kerhet: str\u00f6mmar, v\u00e5gor och livr\u00e4ddare<span class=\"ez-toc-section-end\"><\/span><\/h2>\n\n\n\n<p class=\"wp-block-paragraph\">Svarta havet kan vara l\u00f6mskt och s\u00e4kerheten b\u00f6r du inte underskatta. Den bulgariska sj\u00f6r\u00e4ddningstj\u00e4nsten ryckte ut vid \u00f6ver 2 400 tillf\u00e4llen 2025. \u00c4ven om 89 personer drunknade i fjol var <strong>bara tre av dem barn<\/strong>, vilket \u00e4r det l\u00e4gsta antalet i historien. Den mest utsatta gruppen \u00e4r \u00f6verraskande nog m\u00e4n mellan 25 och 45 \u00e5r, ofta alkoholp\u00e5verkade.<\/p>\n\n\n\n<p class=\"wp-block-paragraph\">Den s\u00f6dra kustens st\u00f6rsta fara \u00e4r de s\u00e5 kallade <strong>understr\u00f6mmar som lokalborna kallar d\u00f6da dyningar (meltem)<\/strong>. De uppst\u00e5r oftast vid nordanvind och kan dra ut en person i havet redan i det \u00f6gonblick man st\u00e5r i vatten till kn\u00e4na. Den erfarne livr\u00e4ddaren Petar Rusev utn\u00e4mnde i public service-radion dessa platser till de farligaste i augusti: Silistar, Butamjata, Primorsko-nord, Sozopol-Harmani, Obzor och Burgas-nord.<\/p>\n\n\n\n<p class=\"wp-block-paragraph\">\ud83d\udca1 <strong>S\u00e5 tar du dig ur en understr\u00f6m:<\/strong> Om str\u00f6mmen b\u00f6rjar dra dig ut mot \u00f6ppet hav, f\u00e5 inte panik. <strong>Ett grundl\u00e4ggande misstag \u00e4r att simma mot str\u00f6mmen in mot stranden<\/strong> \u2013 du bara utmattar dig. Du m\u00e5ste <strong>simma parallellt med stranden<\/strong> tills du kommer ut ur str\u00f6mmen i lugnare vatten, och f\u00f6rst d\u00e4refter styra mot land.<\/p>\n\n\n\n<p class=\"wp-block-paragraph\">Ha ocks\u00e5 i \u00e5tanke att den officiella s\u00e4songen d\u00e5 bevakning finns bara varar <strong>fr\u00e5n den 1 juni till den 30 september<\/strong>. Livr\u00e4ddare \u00e4r p\u00e5 sina poster oftast bara till klockan 18. Vad g\u00e4ller maneter beh\u00f6ver du inte vara orolig. Mitt i sommaren dyker det visserligen upp tv\u00e5 arter, men de \u00e4r praktiskt taget ofarliga och br\u00e4nns p\u00e5 sin h\u00f6jd som en svag n\u00e4ssla. Innan resan s\u00f6derut, kolla bara de aktuella nyheterna \u2013 i juni 2026 d\u00f6k ov\u00e4ntade oljefl\u00e4ckar upp vid Sinemorets och Varvara, men l\u00e4get \u00e4ndras ofta.<\/p>\n\n\n\n<figure data-wp-context=\"{&quot;imageId&quot;:&quot;6a9c45fd724e9&quot;}\" data-wp-interactive=\"core\/image\" data-wp-key=\"6a9c45fd724e9\" class=\"wp-block-image size-full wp-lightbox-container\"><img decoding=\"async\" width=\"1800\" height=\"1350\" data-wp-class--hide=\"state.isContentHidden\" data-wp-class--show=\"state.isContentVisible\" data-wp-init=\"callbacks.setButtonStyles\" data-wp-on--click=\"actions.showLightbox\" data-wp-on--load=\"callbacks.setButtonStyles\" data-wp-on--pointerdown=\"actions.preloadImage\" data-wp-on--pointerenter=\"actions.preloadImageWithDelay\" data-wp-on--pointerleave=\"actions.cancelPreload\" data-wp-on-window--resize=\"callbacks.setButtonStyles\" src=\"https:\/\/loudavymkrokem.cz\/wp-content\/uploads\/2026\/08\/bulharsko-research-plaze-bulharsko-29.jpg\" alt=\"Den vilda stranden Irakli d\u00e4r nya campingregler g\u00e4ller\" class=\"wp-image-404264\" title=\"\" srcset=\"https:\/\/loudavymkrokem.cz\/wp-content\/uploads\/2026\/08\/bulharsko-research-plaze-bulharsko-29.jpg 1800w, https:\/\/loudavymkrokem.cz\/wp-content\/uploads\/2026\/08\/bulharsko-research-plaze-bulharsko-29-300x225.jpg 300w, https:\/\/loudavymkrokem.cz\/wp-content\/uploads\/2026\/08\/bulharsko-research-plaze-bulharsko-29-700x525.jpg 700w, https:\/\/loudavymkrokem.cz\/wp-content\/uploads\/2026\/08\/bulharsko-research-plaze-bulharsko-29-768x576.jpg 768w, https:\/\/loudavymkrokem.cz\/wp-content\/uploads\/2026\/08\/bulharsko-research-plaze-bulharsko-29-1536x1152.jpg 1536w, https:\/\/loudavymkrokem.cz\/wp-content\/uploads\/2026\/08\/bulharsko-research-plaze-bulharsko-29-80x60.jpg 80w, https:\/\/loudavymkrokem.cz\/wp-content\/uploads\/2026\/08\/bulharsko-research-plaze-bulharsko-29-160x120.jpg 160w, https:\/\/loudavymkrokem.cz\/wp-content\/uploads\/2026\/08\/bulharsko-research-plaze-bulharsko-29-696x522.jpg 696w, https:\/\/loudavymkrokem.cz\/wp-content\/uploads\/2026\/08\/bulharsko-research-plaze-bulharsko-29-1392x1044.jpg 1392w\" sizes=\"(max-width: 1800px) 100vw, 1800px\" \/><button\n\t\t\tclass=\"lightbox-trigger\"\n\t\t\ttype=\"button\"\n\t\t\taria-haspopup=\"dialog\"\n\t\t\tdata-wp-bind--aria-label=\"state.thisImage.triggerButtonAriaLabel\"\n\t\t\tdata-wp-init=\"callbacks.initTriggerButton\"\n\t\t\tdata-wp-on--click=\"actions.showLightbox\"\n\t\t\tdata-wp-style--right=\"state.thisImage.buttonRight\"\n\t\t\tdata-wp-style--top=\"state.thisImage.buttonTop\"\n\t\t>\n\t\t\t<svg xmlns=\"http:\/\/www.w3.org\/2000\/svg\" width=\"12\" height=\"12\" fill=\"none\" viewBox=\"0 0 12 12\">\n\t\t\t\t<path fill=\"#fff\" d=\"M2 0a2 2 0 0 0-2 2v2h1.5V2a.5.5 0 0 1 .5-.5h2V0H2Zm2 10.5H2a.5.5 0 0 1-.5-.5V8H0v2a2 2 0 0 0 2 2h2v-1.5ZM8 12v-1.5h2a.5.5 0 0 0 .5-.5V8H12v2a2 2 0 0 1-2 2H8Zm2-12a2 2 0 0 1 2 2v2h-1.5V2a.5.5 0 0 0-.5-.5H8V0h2Z\" \/>\n\t\t\t<\/svg>\n\t\t<\/button><figcaption class=\"wp-element-caption\">Foto: Wikimedia Commons (CC BY-SA 3.0)<\/figcaption><\/figure>\n\n\n\n<h2 class=\"wp-block-heading\"><span class=\"ez-toc-section\" id=\"Camping_och_husbilar_vad_som_forandrades_2026\"><\/span>Camping och husbilar: vad som f\u00f6r\u00e4ndrades 2026<span class=\"ez-toc-section-end\"><\/span><\/h2>\n\n\n\n<p class=\"wp-block-paragraph\">Tiden d\u00e5 du kunde stanna var som helst p\u00e5 en klippa med husvagn eller t\u00e4lt \u00e4r definitivt f\u00f6rbi i Bulgarien. Sedan 2026 g\u00e4ller strikta regler: <strong>du f\u00e5r bara campa p\u00e5 mark som kommunerna uttryckligen har avsatt f\u00f6r det<\/strong> och som inte inkr\u00e4ktar p\u00e5 skyddade omr\u00e5den. Kartan \u00f6ver dessa lagliga zoner finns p\u00e5 <a href=\"https:\/\/bulgariatravel.org\/\" rel=\"nofollow noopener\" target=\"_blank\">turistministeriets digitala portal<\/a>.<\/p>\n\n\n\n<p class=\"wp-block-paragraph\">Den st\u00f6rsta f\u00f6r\u00e4ndringen g\u00e4ller skyddszonen. Medan du normalt inte f\u00e5r campa n\u00e4rmare \u00e4n 100 meter fr\u00e5n havet har denna <strong>f\u00f6rbudszon ut\u00f6kats till hela 500 meter<\/strong> vid de vilda str\u00e4nderna Irakli, Karadere och Koral. Anledningen \u00e4r skyddet av de v\u00e4rdefulla sanddynerna, som numera skyddas direkt av lag och d\u00e4r det inte ens f\u00e5r byggas.<\/p>\n\n\n\n<p class=\"wp-block-paragraph\">Att myndigheterna menar allvar bevisas av en razzia i slutet av juli 2026 just p\u00e5 stranden Karadere. D\u00e4r r\u00e4knade tj\u00e4nstem\u00e4nnen in omkring <strong>1 000 olagligt uppst\u00e4llda husvagnar, husbilar och t\u00e4lt<\/strong>, som upptog halva stranden inklusive dynerna. Alla fick en varning, och vid n\u00e4sta kontroll b\u00f6rjar fordon utan nummerskyltar att bogseras bort. <strong>Ge dig d\u00e4rf\u00f6r definitivt inte till Karadere med husbil i \u00e5r.<\/strong><\/p>\n\n\n\n<p class=\"wp-block-paragraph\">Om du vill campa lagligt finns det en rad utm\u00e4rkta campingplatser p\u00e5 s\u00f6dra kusten (t.ex. Gradina, Kavaci, Smokinja eller Nestinarka). Priserna 2026 \u00e4r ganska v\u00e4nliga: <strong>f\u00f6r ett t\u00e4lt betalar du 8 till 15 \u20ac per natt<\/strong> (plus 3 till 7 \u20ac per person), medan en plats f\u00f6r husbil med elanslutning kostar 15 till 30 \u20ac (165 till 330 kr). B\u00f6ter f\u00f6r vildcamping kommer myndigheterna att driva in fullt ut fr\u00e5n den 1 oktober 2026, och de b\u00f6rjar p\u00e5 250 euro.<\/p>\n\n\n\n<figure data-wp-context=\"{&quot;imageId&quot;:&quot;6a9c45fd72d0c&quot;}\" data-wp-interactive=\"core\/image\" data-wp-key=\"6a9c45fd72d0c\" class=\"wp-block-image size-full wp-lightbox-container\"><img decoding=\"async\" width=\"1800\" height=\"1013\" data-wp-class--hide=\"state.isContentHidden\" data-wp-class--show=\"state.isContentVisible\" data-wp-init=\"callbacks.setButtonStyles\" data-wp-on--click=\"actions.showLightbox\" data-wp-on--load=\"callbacks.setButtonStyles\" data-wp-on--pointerdown=\"actions.preloadImage\" data-wp-on--pointerenter=\"actions.preloadImageWithDelay\" data-wp-on--pointerleave=\"actions.cancelPreload\" data-wp-on-window--resize=\"callbacks.setButtonStyles\" src=\"https:\/\/loudavymkrokem.cz\/wp-content\/uploads\/2026\/08\/bulharsko-research-plaze-bulharsko-30.jpg\" alt=\"Skymning p\u00e5 den bulgariska kusten\" class=\"wp-image-404267\" title=\"\" srcset=\"https:\/\/loudavymkrokem.cz\/wp-content\/uploads\/2026\/08\/bulharsko-research-plaze-bulharsko-30.jpg 1800w, https:\/\/loudavymkrokem.cz\/wp-content\/uploads\/2026\/08\/bulharsko-research-plaze-bulharsko-30-300x169.jpg 300w, https:\/\/loudavymkrokem.cz\/wp-content\/uploads\/2026\/08\/bulharsko-research-plaze-bulharsko-30-700x394.jpg 700w, https:\/\/loudavymkrokem.cz\/wp-content\/uploads\/2026\/08\/bulharsko-research-plaze-bulharsko-30-768x432.jpg 768w, https:\/\/loudavymkrokem.cz\/wp-content\/uploads\/2026\/08\/bulharsko-research-plaze-bulharsko-30-1536x864.jpg 1536w, https:\/\/loudavymkrokem.cz\/wp-content\/uploads\/2026\/08\/bulharsko-research-plaze-bulharsko-30-696x392.jpg 696w, https:\/\/loudavymkrokem.cz\/wp-content\/uploads\/2026\/08\/bulharsko-research-plaze-bulharsko-30-1392x783.jpg 1392w\" sizes=\"(max-width: 1800px) 100vw, 1800px\" \/><button\n\t\t\tclass=\"lightbox-trigger\"\n\t\t\ttype=\"button\"\n\t\t\taria-haspopup=\"dialog\"\n\t\t\tdata-wp-bind--aria-label=\"state.thisImage.triggerButtonAriaLabel\"\n\t\t\tdata-wp-init=\"callbacks.initTriggerButton\"\n\t\t\tdata-wp-on--click=\"actions.showLightbox\"\n\t\t\tdata-wp-style--right=\"state.thisImage.buttonRight\"\n\t\t\tdata-wp-style--top=\"state.thisImage.buttonTop\"\n\t\t>\n\t\t\t<svg xmlns=\"http:\/\/www.w3.org\/2000\/svg\" width=\"12\" height=\"12\" fill=\"none\" viewBox=\"0 0 12 12\">\n\t\t\t\t<path fill=\"#fff\" d=\"M2 0a2 2 0 0 0-2 2v2h1.5V2a.5.5 0 0 1 .5-.5h2V0H2Zm2 10.5H2a.5.5 0 0 1-.5-.5V8H0v2a2 2 0 0 0 2 2h2v-1.5ZM8 12v-1.5h2a.5.5 0 0 0 .5-.5V8H12v2a2 2 0 0 1-2 2H8Zm2-12a2 2 0 0 1 2 2v2h-1.5V2a.5.5 0 0 0-.5-.5H8V0h2Z\" \/>\n\t\t\t<\/svg>\n\t\t<\/button><figcaption class=\"wp-element-caption\">Foto: Milo\u0161 La\u0161\u00e1k \/ Pexels<\/figcaption><\/figure>\n\n\n\n<h2 class=\"wp-block-heading\"><span class=\"ez-toc-section\" id=\"Nar_du_bor_aka_till_de_bulgariska_stranderna\"><\/span>N\u00e4r du b\u00f6r \u00e5ka till de bulgariska str\u00e4nderna<span class=\"ez-toc-section-end\"><\/span><\/h2>\n\n\n\n<p class=\"wp-block-paragraph\">Den bulgariska sommaren \u00e4r ganska kort, men desto intensivare. Havstemperaturen ligger i juni kring uppfriskande 20,5 till 21 \u00b0C. <strong>Den varmaste och samtidigt torraste m\u00e5naden \u00e4r utan tvekan augusti<\/strong>, d\u00e5 vattnet h\u00e5ller vackra 25 till 26 \u00b0C och det p\u00e5 kusten faller i genomsnitt bara 24 till 30 mm nederb\u00f6rd under blott tre regniga dagar.<\/p>\n\n\n\n<p class=\"wp-block-paragraph\">Ett intressant tips fr\u00e5n lokalborna \u00e4r att planera resan till slutet av sommaren. <strong>I september \u00e4r havet n\u00e4mligen paradoxalt nog varmare \u00e4n i juni<\/strong> (det h\u00e5ller 22 till 23 \u00b0C), luften \u00e4r inte l\u00e4ngre lika stekande het och de stora turistmassorna \u00e4r sedan l\u00e4nge borta. Kolla bara strandbarernas \u00f6ppettider \u2013 m\u00e5nga av dem st\u00e4nger redan i mitten av september.<\/p>\n\n\n\n<h2 class=\"wp-block-heading\"><span class=\"ez-toc-section\" id=\"Las_vidare\"><\/span>L\u00e4s vidare<span class=\"ez-toc-section-end\"><\/span><\/h2>\n\n\n\n<ul class=\"wp-block-list\">\n\n<li>  Undrar du hur stranden \u00e4r d\u00e4r? Titta p\u00e5 <strong><a href=\"https:\/\/loudavymkrokem.cz\/zlate-pisky\/\">Gyllene sanden: vad du ska se, str\u00e4nder och vad det kostar<\/a><\/strong>.<\/li>\n\n\n\n\n<li>  Vill du ha str\u00e4nder och historia p\u00e5 samma g\u00e5ng? Kika p\u00e5 <strong><a href=\"https:\/\/loudavymkrokem.cz\/sv\/?p=406041\">Sozopol: vad du ska se i den \u00e4ldsta staden vid havet<\/a><\/strong>.<\/li>\n\n\n\n\n<li>  Vill du ha b\u00e5de strand och historia? Titta p\u00e5 <strong><a href=\"https:\/\/loudavymkrokem.cz\/nesebar\/\">Nessebar: vad du ska se i Unesco-staden<\/a><\/strong>.<\/li>\n\n\n\n\n<li><a href=\"https:\/\/loudavymkrokem.cz\/sv\/semester-bulgarien-2026\/\">Semester i Bulgarien: 30 vackraste platserna<\/a><\/li>\n\n\n\n<li><a href=\"https:\/\/loudavymkrokem.cz\/sv\/sunny-beach-bulgarien\/\">Soluppg\u00e5ngens kust: 15 tips och vad du ska se upp f\u00f6r<\/a><\/li>\n\n\n\n<li><a href=\"https:\/\/loudavymkrokem.cz\/sv\/priser-bulgarien-euro\/\">Priser i Bulgarien efter \u00f6verg\u00e5ngen till euro<\/a><\/li>\n\n\n\n<li><a href=\"https:\/\/loudavymkrokem.cz\/sv\/vader-bulgarien-havstemperatur\/\">V\u00e4der i Bulgarien: havstemperaturer m\u00e5nad f\u00f6r m\u00e5nad<\/a><\/li>\n\n\n\n<li><a href=\"https:\/\/loudavymkrokem.cz\/sv\/all-inclusive-bulgarien-resorter\/\">Bulgarien all inclusive: 22 b\u00e4sta resorterna<\/a><\/li>\n\n\n<\/ul>\n\n\n\n<h2 class=\"wp-block-heading\"><span class=\"ez-toc-section\" id=\"Vanliga_fragor\"><\/span>Vanliga fr\u00e5gor<span class=\"ez-toc-section-end\"><\/span><\/h2>\n\n\n<div id=\"rank-math-faq\" class=\"rank-math-block\">\n<div class=\"rank-math-list \">\n<div id=\"faq-question-1787919927000\" class=\"rank-math-list-item\">\n<h3 class=\"rank-math-question \"><span class=\"ez-toc-section\" id=\"Vilka_strander_ar_vackrast\"><\/span>Vilka str\u00e4nder \u00e4r vackrast?<span class=\"ez-toc-section-end\"><\/span><\/h3>\n<div class=\"rank-math-answer \">\n\n<p>Det beror p\u00e5 vad du letar efter. F\u00f6r \u00e4lskare av vild natur och dramatiska klippor \u00e4r Silistar-viken i s\u00f6der eller Bolata-omr\u00e5det i norr absolut i toppklass. Om du s\u00f6ker o\u00e4ndliga sanddyner, bege dig till Arkutino.<\/p>\n\n<\/div>\n<\/div>\n<div id=\"faq-question-1787919927001\" class=\"rank-math-list-item\">\n<h3 class=\"rank-math-question \"><span class=\"ez-toc-section\" id=\"Vad_kostar_en_solstol\"><\/span>Vad kostar en solstol?<span class=\"ez-toc-section-end\"><\/span><\/h3>\n<div class=\"rank-math-answer \">\n\n<p>Priserna varierar tjugodubbelt under 2026. De billigaste solstolarna hittar du i Burgas (fr\u00e5n 0,60 \u20ac per styck), medan du p\u00e5 Gyllene stranden betalar 5 till 6 \u20ac. Genomsnittspriset f\u00f6r ett set (tv\u00e5 solstolar och ett parasoll) l\u00e4ngs kusten ligger runt 10 till 15 \u20ac.<\/p>\n\n<\/div>\n<\/div>\n<div id=\"faq-question-1787919927002\" class=\"rank-math-list-item\">\n<h3 class=\"rank-math-question \"><span class=\"ez-toc-section\" id=\"Maste_jag_betala_for_stranden\"><\/span>M\u00e5ste jag betala f\u00f6r stranden?<span class=\"ez-toc-section-end\"><\/span><\/h3>\n<div class=\"rank-math-answer \">\n\n<p>Nej, intr\u00e4det till alla bulgariska str\u00e4nder \u00e4r gratis. Lagen f\u00f6reskriver dessutom att minst 50 % av ytan m\u00e5ste utg\u00f6ra s\u00e5 kallad fri zon. D\u00e4r kan du n\u00e4r som helst gratis breda ut din egen filt och parasoll, \u00e4ven framf\u00f6r lyxhotell.<\/p>\n\n<\/div>\n<\/div>\n<div id=\"faq-question-1787919927003\" class=\"rank-math-list-item\">\n<h3 class=\"rank-math-question \"><span class=\"ez-toc-section\" id=\"Vart_med_sma_barn\"><\/span>Vart med sm\u00e5 barn?<span class=\"ez-toc-section-end\"><\/span><\/h3>\n<div class=\"rank-math-answer \">\n\n<p>Det b\u00e4sta valet \u00e4r semesterorten Albena i norr, d\u00e4r vattendjupet inte \u00f6verstiger 1,6 meter ens 150 meter fr\u00e5n stranden. Utm\u00e4rkta grunda vatten hittar du ocks\u00e5 i semesterorterna Kranevo, Primorsko och Kiten. Undvik d\u00e4remot Veleka-stranden, d\u00e4r det \u00e4r djupt redan vid strandkanten.<\/p>\n\n<\/div>\n<\/div>\n<div id=\"faq-question-1787919927004\" class=\"rank-math-list-item\">\n<h3 class=\"rank-math-question \"><span class=\"ez-toc-section\" id=\"Vilka_strander_ar_farliga\"><\/span>Vilka str\u00e4nder \u00e4r farliga?<span class=\"ez-toc-section-end\"><\/span><\/h3>\n<div class=\"rank-math-answer \">\n\n<p>P\u00e5 grund av f\u00f6rr\u00e4diska \u00e5terstr\u00f6mmar (s\u00e5 kallade rip currents) \u00e4r s\u00e4rskilt de s\u00f6dra str\u00e4nderna riskfyllda i augusti: Silistar, Butamjata, Primorsko-nord, Sozopol-Harmani och Obzor. Om en str\u00f6m f\u00e5r tag i dig, simma alltid parallellt med stranden, aldrig mot str\u00f6mmen.<\/p>\n\n<\/div>\n<\/div>\n<div id=\"faq-question-1787919927005\" class=\"rank-math-list-item\">\n<h3 class=\"rank-math-question \"><span class=\"ez-toc-section\" id=\"Finns_det_nudiststrander_i_Bulgarien\"><\/span>Finns det nudist\u00adstr\u00e4nder i Bulgarien?<span class=\"ez-toc-section-end\"><\/span><\/h3>\n<div class=\"rank-math-answer \">\n\n<p>Den enda officiella naturist\u00adstranden med komplett service \u00e4r Nirvana p\u00e5 Gyllene stranden. Tolererade inofficiella nudist\u00adzoner hittar du dock p\u00e5 mer avl\u00e4gsna str\u00e4ckor av str\u00e4nderna Alepu, Pa\u0161a dere, Karadere eller p\u00e5 den norra delen av \u0160korpilovci.<\/p>\n\n<\/div>\n<\/div>\n<div id=\"faq-question-1787919927006\" class=\"rank-math-list-item\">\n<h3 class=\"rank-math-question \"><span class=\"ez-toc-section\" id=\"Gar_det_att_vildcampa_dar\"><\/span>G\u00e5r det att vildcampa d\u00e4r?<span class=\"ez-toc-section-end\"><\/span><\/h3>\n<div class=\"rank-math-answer \">\n\n<p>Fr\u00e5n och med 2026 g\u00e4ller mycket strikta regler och vildcampning p\u00e5 str\u00e4nder eller i dyner \u00e4r f\u00f6rbjuden. Runt str\u00e4nderna Karadere, Irakli och Koral g\u00e4ller till och med en skyddszon p\u00e5 500 meter. Campning \u00e4r endast till\u00e5ten i utm\u00e4rkta lagliga zoner och p\u00e5 campingplatser.<\/p>\n\n<\/div>\n<\/div>\n<div id=\"faq-question-1787919927007\" class=\"rank-math-list-item\">\n<h3 class=\"rank-math-question \"><span class=\"ez-toc-section\" id=\"Nar_ar_havet_som_varmast\"><\/span>N\u00e4r \u00e4r havet som varmast?<span class=\"ez-toc-section-end\"><\/span><\/h3>\n<div class=\"rank-math-answer \">\n\n<p>Det varmaste vattnet hittar du i augusti, d\u00e5 temperaturen i Svarta havet n\u00e5r 25 till 26 \u00b0C. Augusti \u00e4r samtidigt den torraste m\u00e5naden med ett minimum av nederb\u00f6rd. September \u00e4r ocks\u00e5 ett utm\u00e4rkt val, d\u00e5 havet med en temperatur p\u00e5 22 till 23 \u00b0C \u00f6verraskande nog \u00e4r varmare \u00e4n i juni.<\/p>\n\n<\/div>\n<\/div>\n<div id=\"faq-question-1787919927008\" class=\"rank-math-list-item\">\n<h3 class=\"rank-math-question \"><span class=\"ez-toc-section\" id=\"Finns_det_maneter_i_havet\"><\/span>Finns det maneter i havet?<span class=\"ez-toc-section-end\"><\/span><\/h3>\n<div class=\"rank-math-answer \">\n\n<p>I Svarta havet lever vanligtvis tv\u00e5 arter av maneter (t.ex. \u00f6ronmanet), som visar sig oftast i mitten av sommaren. De \u00e4r dock ofarliga f\u00f6r m\u00e4nniskor och deras stick \u00e4r mycket svagt, p\u00e5minner snarare om en flyktig ber\u00f6ring av br\u00e4nn\u00e4ssla.<\/p>\n\n<\/div>\n<\/div>\n<div id=\"faq-question-1787919927009\" class=\"rank-math-list-item\">\n<h3 class=\"rank-math-question \"><span class=\"ez-toc-section\" id=\"Hur_tar_jag_mig_till_vilda_strander\"><\/span>Hur tar jag mig till vilda str\u00e4nder?<span class=\"ez-toc-section-end\"><\/span><\/h3>\n<div class=\"rank-math-answer \">\n\n<p>Till de flesta vilda str\u00e4nder (Irakli, Karadere, Pa\u0161a dere) leder ingen asfalterad v\u00e4g, utan bara dammiga och kuperade f\u00e4ltv\u00e4gar. Ofta m\u00e5ste du l\u00e4mna bilen l\u00e4ngre fr\u00e5n havet och g\u00e5 de sista hundra meterna till fots. Efter rikligt regn brukar v\u00e4garna vara oframkomliga f\u00f6r vanliga bilar.<\/p>\n\n<\/div>\n<\/div>\n<\/div>\n<\/div>\n\n\n<p class=\"wp-block-paragraph\">\ud83d\udc49 <a href=\"https:\/\/www.stay22.com\/allez\/roam?aid=lukaskonecny&#038;campaign=loudavymkrokemcz&#038;campaign=plaze-bulharsko&#038;address=Primorsko%2C%20Bulharsko\" target=\"_blank\" rel=\"nofollow noopener\"><strong>Kolla priser p\u00e5 boende n\u00e4ra den h\u00e4r stranden<\/strong><\/a><\/p>\n","protected":false},"excerpt":{"rendered":"<p>Uppt\u00e4ck 20 av de vackraste str\u00e4nderna i Bulgarien \u2013 fr\u00e5n \u00e4ndl\u00f6sa sanddyner och vilda vikar utan hotell till grunda resorter perfekta f\u00f6r barnfamiljer.<\/p>\n","protected":false},"author":3,"featured_media":404281,"comment_status":"open","ping_status":"open","sticky":false,"template":"","format":"standard","meta":{"_acf_changed":false,"footnotes":"","rank_math_title":"Bulgarien str\u00e4nder: 20 b\u00e4sta tipsen att bes\u00f6ka","rank_math_description":"Guide till de 20 vackraste Bulgarien str\u00e4nder \u2013 vilda vikar, familjeresorter och priser 2026. Hitta din perfekta strand vid Svarta havet nu!","rank_math_focus_keyword":"bulgarien str\u00e4nder","rank_math_seo_score":""},"categories":[1185,1178,1162],"tags":[],"class_list":["post-417639","post","type-post","status-publish","format-standard","has-post-thumbnail","category-bulgarien","category-europa","category-resor"],"acf":[],"featured_image_src":"https:\/\/loudavymkrokem.cz\/wp-content\/uploads\/2026\/08\/plaze-bulharsko-zatoka-bolata.jpg","author_info":{"display_name":"Lucie Kone\u010dn\u00e1","author_link":"https:\/\/loudavymkrokem.cz\/sv\/author\/lucie-konecna\/"},"_links":{"self":[{"href":"https:\/\/loudavymkrokem.cz\/sv\/wp-json\/wp\/v2\/posts\/417639","targetHints":{"allow":["GET"]}}],"collection":[{"href":"https:\/\/loudavymkrokem.cz\/sv\/wp-json\/wp\/v2\/posts"}],"about":[{"href":"https:\/\/loudavymkrokem.cz\/sv\/wp-json\/wp\/v2\/types\/post"}],"author":[{"embeddable":true,"href":"https:\/\/loudavymkrokem.cz\/sv\/wp-json\/wp\/v2\/users\/3"}],"replies":[{"embeddable":true,"href":"https:\/\/loudavymkrokem.cz\/sv\/wp-json\/wp\/v2\/comments?post=417639"}],"version-history":[{"count":2,"href":"https:\/\/loudavymkrokem.cz\/sv\/wp-json\/wp\/v2\/posts\/417639\/revisions"}],"predecessor-version":[{"id":417641,"href":"https:\/\/loudavymkrokem.cz\/sv\/wp-json\/wp\/v2\/posts\/417639\/revisions\/417641"}],"wp:featuredmedia":[{"embeddable":true,"href":"https:\/\/loudavymkrokem.cz\/sv\/wp-json\/wp\/v2\/media\/404281"}],"wp:attachment":[{"href":"https:\/\/loudavymkrokem.cz\/sv\/wp-json\/wp\/v2\/media?parent=417639"}],"wp:term":[{"taxonomy":"category","embeddable":true,"href":"https:\/\/loudavymkrokem.cz\/sv\/wp-json\/wp\/v2\/categories?post=417639"},{"taxonomy":"post_tag","embeddable":true,"href":"https:\/\/loudavymkrokem.cz\/sv\/wp-json\/wp\/v2\/tags?post=417639"}],"curies":[{"name":"wp","href":"https:\/\/api.w.org\/{rel}","templated":true}]}}