{"id":417612,"date":"2026-09-05T09:44:09","date_gmt":"2026-09-05T07:44:09","guid":{"rendered":"https:\/\/loudavymkrokem.cz\/termalbad-tyskland-basta\/"},"modified":"2026-09-05T16:50:17","modified_gmt":"2026-09-05T14:50:17","slug":"termalbad-tyskland-basta","status":"publish","type":"post","link":"https:\/\/loudavymkrokem.cz\/sv\/termalbad-tyskland-basta\/","title":{"rendered":"Termalbad i Tyskland: 51 tips p\u00e5 de b\u00e4sta 2026"},"content":{"rendered":"\n<p class=\"wp-block-paragraph\">Fem grader och duggregn ute, medan du st\u00e5r midjedjupt i vattnet under en glaskupol med riktiga palmer som prasslar ovanf\u00f6r huvudet. <strong>Termalbad i Tyskland<\/strong> fungerar annorlunda \u00e4n de vi \u00e4r vana vid hemma, och det beror inte bara p\u00e5 de tropiska kulisserna. Tv\u00e5 saker \u00f6verraskar dig mest: i bastun g\u00e5r man in utan baddr\u00e4kt, och entr\u00e9n betalas f\u00f6r ett exakt antal timmar, varefter du f\u00e5r betala extra.<\/p>\n\n\n\n<p class=\"wp-block-paragraph\">Som tur \u00e4r g\u00f6r det ingenting alls, f\u00f6r s\u00e5 fort du f\u00f6rst\u00e5r systemet v\u00e4ntar en <strong>helt lyxig avkoppling<\/strong>. Oftast f\u00e5r du ett chip p\u00e5 armen som du blippar mot sk\u00e5pet och betalar med i restaurangen, och pl\u00e5nboken kan du med gott samvete l\u00e4mna inst\u00e4ngd hela tiden. Du beh\u00f6ver bara h\u00e5lla koll p\u00e5 klockan, f\u00f6r <strong>varje p\u00e5b\u00f6rjad halvtimme extra<\/strong> dras automatiskt i kassan n\u00e4r du g\u00e5r.<\/p>\n\n\n\n<p class=\"wp-block-paragraph\">I den h\u00e4r artikeln hittar du 51 tyska termalbad indelade efter f\u00f6rbundsland, fr\u00e5n j\u00e4ttelika Therme Erding utanf\u00f6r M\u00fcnchen via de <strong>tropiska Badewelt i Sinsheim och Euskirchen<\/strong> till pittoreska kustbad vid \u00d6stersj\u00f6n. Jag ber\u00e4ttar hur mycket badet kostar, hur den <strong>tyska bastuetiketten<\/strong> fungerar och var du kan sova direkt i badrock precis intill badet.<\/p>\n\n\n\n<figure data-wp-context=\"{&quot;imageId&quot;:&quot;6a9c41a7108b9&quot;}\" data-wp-interactive=\"core\/image\" data-wp-key=\"6a9c41a7108b9\" class=\"wp-block-image size-full wp-lightbox-container\"><img decoding=\"async\" width=\"1800\" height=\"1201\" data-wp-class--hide=\"state.isContentHidden\" data-wp-class--show=\"state.isContentVisible\" data-wp-init=\"callbacks.setButtonStyles\" data-wp-on--click=\"actions.showLightbox\" data-wp-on--load=\"callbacks.setButtonStyles\" data-wp-on--pointerdown=\"actions.preloadImage\" data-wp-on--pointerenter=\"actions.preloadImageWithDelay\" data-wp-on--pointerleave=\"actions.cancelPreload\" data-wp-on-window--resize=\"callbacks.setButtonStyles\" src=\"https:\/\/loudavymkrokem.cz\/wp-content\/uploads\/2026\/09\/nemecko-clanky-termaly-nemecko-01-0dcc0000.jpg\" alt=\"Bass\u00e4ng med mineralvatten under en glaskupol i Thermen &#038; Badewelt Sinsheim\" class=\"wp-image-415288\" title=\"\" srcset=\"https:\/\/loudavymkrokem.cz\/wp-content\/uploads\/2026\/09\/nemecko-clanky-termaly-nemecko-01-0dcc0000.jpg 1800w, https:\/\/loudavymkrokem.cz\/wp-content\/uploads\/2026\/09\/nemecko-clanky-termaly-nemecko-01-0dcc0000-300x200.jpg 300w, https:\/\/loudavymkrokem.cz\/wp-content\/uploads\/2026\/09\/nemecko-clanky-termaly-nemecko-01-0dcc0000-700x467.jpg 700w, https:\/\/loudavymkrokem.cz\/wp-content\/uploads\/2026\/09\/nemecko-clanky-termaly-nemecko-01-0dcc0000-768x512.jpg 768w, https:\/\/loudavymkrokem.cz\/wp-content\/uploads\/2026\/09\/nemecko-clanky-termaly-nemecko-01-0dcc0000-1536x1025.jpg 1536w, https:\/\/loudavymkrokem.cz\/wp-content\/uploads\/2026\/09\/nemecko-clanky-termaly-nemecko-01-0dcc0000-696x464.jpg 696w, https:\/\/loudavymkrokem.cz\/wp-content\/uploads\/2026\/09\/nemecko-clanky-termaly-nemecko-01-0dcc0000-1392x929.jpg 1392w\" sizes=\"(max-width: 1800px) 100vw, 1800px\" \/><button\n\t\t\tclass=\"lightbox-trigger\"\n\t\t\ttype=\"button\"\n\t\t\taria-haspopup=\"dialog\"\n\t\t\tdata-wp-bind--aria-label=\"state.thisImage.triggerButtonAriaLabel\"\n\t\t\tdata-wp-init=\"callbacks.initTriggerButton\"\n\t\t\tdata-wp-on--click=\"actions.showLightbox\"\n\t\t\tdata-wp-style--right=\"state.thisImage.buttonRight\"\n\t\t\tdata-wp-style--top=\"state.thisImage.buttonTop\"\n\t\t>\n\t\t\t<svg xmlns=\"http:\/\/www.w3.org\/2000\/svg\" width=\"12\" height=\"12\" fill=\"none\" viewBox=\"0 0 12 12\">\n\t\t\t\t<path fill=\"#fff\" d=\"M2 0a2 2 0 0 0-2 2v2h1.5V2a.5.5 0 0 1 .5-.5h2V0H2Zm2 10.5H2a.5.5 0 0 1-.5-.5V8H0v2a2 2 0 0 0 2 2h2v-1.5ZM8 12v-1.5h2a.5.5 0 0 0 .5-.5V8H12v2a2 2 0 0 1-2 2H8Zm2-12a2 2 0 0 1 2 2v2h-1.5V2a.5.5 0 0 0-.5-.5H8V0h2Z\" \/>\n\t\t\t<\/svg>\n\t\t<\/button><\/figure>\n\n\n\n<div id=\"ez-toc-container\" class=\"ez-toc-v2_0_87 ez-toc-wrap-left counter-hierarchy ez-toc-counter ez-toc-grey ez-toc-container-direction\">\n<div class=\"ez-toc-title-container\">\n<p class=\"ez-toc-title\" style=\"cursor:inherit\">Artikelns inneh\u00e5ll<\/p>\n<span class=\"ez-toc-title-toggle\"><a href=\"#\" class=\"ez-toc-pull-right ez-toc-btn ez-toc-btn-xs ez-toc-btn-default ez-toc-toggle\" aria-label=\"Toggle Table of Content\"><span class=\"ez-toc-js-icon-con\"><span class=\"\"><span class=\"eztoc-hide\" style=\"display:none;\">Toggle<\/span><span class=\"ez-toc-icon-toggle-span\"><svg style=\"fill: #999;color:#999\" xmlns=\"http:\/\/www.w3.org\/2000\/svg\" class=\"list-377408\" width=\"20px\" height=\"20px\" viewBox=\"0 0 24 24\" fill=\"none\"><path d=\"M6 6H4v2h2V6zm14 0H8v2h12V6zM4 11h2v2H4v-2zm16 0H8v2h12v-2zM4 16h2v2H4v-2zm16 0H8v2h12v-2z\" fill=\"currentColor\"><\/path><\/svg><svg style=\"fill: #999;color:#999\" class=\"arrow-unsorted-368013\" xmlns=\"http:\/\/www.w3.org\/2000\/svg\" width=\"10px\" height=\"10px\" viewBox=\"0 0 24 24\" version=\"1.2\" baseProfile=\"tiny\"><path d=\"M18.2 9.3l-6.2-6.3-6.2 6.3c-.2.2-.3.4-.3.7s.1.5.3.7c.2.2.4.3.7.3h11c.3 0 .5-.1.7-.3.2-.2.3-.5.3-.7s-.1-.5-.3-.7zM5.8 14.7l6.2 6.3 6.2-6.3c.2-.2.3-.5.3-.7s-.1-.5-.3-.7c-.2-.2-.4-.3-.7-.3h-11c-.3 0-.5.1-.7.3-.2.2-.3.5-.3.7s.1.5.3.7z\"\/><\/svg><\/span><\/span><\/span><\/a><\/span><\/div>\n<nav><ul class='ez-toc-list ez-toc-list-level-1 ' ><ul class='ez-toc-list-level-3' ><li class='ez-toc-heading-level-3'><a class=\"ez-toc-link ez-toc-heading-1\" href=\"https:\/\/loudavymkrokem.cz\/sv\/termalbad-tyskland-basta\/#Sammanfattning_for_dig_som_inte_hinner_lasa_hela_artikeln\" >Sammanfattning f\u00f6r dig som inte hinner l\u00e4sa hela artikeln<\/a><\/li><\/ul><\/li><li class='ez-toc-page-1 ez-toc-heading-level-2'><a class=\"ez-toc-link ez-toc-heading-2\" href=\"https:\/\/loudavymkrokem.cz\/sv\/termalbad-tyskland-basta\/#Sa_fungerar_tyska_termalbad_och_hur_de_skiljer_sig\" >S\u00e5 fungerar tyska termalbad (och hur de skiljer sig)<\/a><\/li><li class='ez-toc-page-1 ez-toc-heading-level-2'><a class=\"ez-toc-link ez-toc-heading-3\" href=\"https:\/\/loudavymkrokem.cz\/sv\/termalbad-tyskland-basta\/#Vad_det_kostar_och_nar_du_ska_aka\" >Vad det kostar och n\u00e4r du ska \u00e5ka<\/a><\/li><li class='ez-toc-page-1 ez-toc-heading-level-2'><a class=\"ez-toc-link ez-toc-heading-4\" href=\"https:\/\/loudavymkrokem.cz\/sv\/termalbad-tyskland-basta\/#Var_du_ska_bo_hotell_med_Bademantelgang\" >Var du ska bo: hotell med Bademantelgang<\/a><\/li><li class='ez-toc-page-1 ez-toc-heading-level-2'><a class=\"ez-toc-link ez-toc-heading-5\" href=\"https:\/\/loudavymkrokem.cz\/sv\/termalbad-tyskland-basta\/#Termalbad_i_Bayern\" >Termalbad i Bayern<\/a><ul class='ez-toc-list-level-3' ><li class='ez-toc-heading-level-3'><a class=\"ez-toc-link ez-toc-heading-6\" href=\"https:\/\/loudavymkrokem.cz\/sv\/termalbad-tyskland-basta\/#1_Therme_Erding_Erding\" >1. Therme Erding (Erding)<\/a><\/li><li class='ez-toc-page-1 ez-toc-heading-level-3'><a class=\"ez-toc-link ez-toc-heading-7\" href=\"https:\/\/loudavymkrokem.cz\/sv\/termalbad-tyskland-basta\/#2_Therme_Bad_Worishofen_Bad_Worishofen\" >2. Therme Bad W\u00f6rishofen (Bad W\u00f6rishofen)<\/a><\/li><li class='ez-toc-page-1 ez-toc-heading-level-3'><a class=\"ez-toc-link ez-toc-heading-8\" href=\"https:\/\/loudavymkrokem.cz\/sv\/termalbad-tyskland-basta\/#3_Therme_Bad_Aibling_Bad_Aibling\" >3. Therme Bad Aibling (Bad Aibling)<\/a><\/li><li class='ez-toc-page-1 ez-toc-heading-level-3'><a class=\"ez-toc-link ez-toc-heading-9\" href=\"https:\/\/loudavymkrokem.cz\/sv\/termalbad-tyskland-basta\/#4_KissSalis_Therme_Bad_Kissingen\" >4. KissSalis Therme (Bad Kissingen)<\/a><\/li><li class='ez-toc-page-1 ez-toc-heading-level-3'><a class=\"ez-toc-link ez-toc-heading-10\" href=\"https:\/\/loudavymkrokem.cz\/sv\/termalbad-tyskland-basta\/#5_Hotel_Victory_Therme_Erding_Erding\" >5. Hotel Victory Therme Erding (Erding)<\/a><\/li><li class='ez-toc-page-1 ez-toc-heading-level-3'><a class=\"ez-toc-link ez-toc-heading-11\" href=\"https:\/\/loudavymkrokem.cz\/sv\/termalbad-tyskland-basta\/#6_Franken-Therme_Bad_Windsheim\" >6. Franken-Therme (Bad Windsheim)<\/a><\/li><li class='ez-toc-page-1 ez-toc-heading-level-3'><a class=\"ez-toc-link ez-toc-heading-12\" href=\"https:\/\/loudavymkrokem.cz\/sv\/termalbad-tyskland-basta\/#7_Konigliche_Kristall-Therme_Schwangau\" >7. K\u00f6nigliche Kristall-Therme (Schwangau)<\/a><\/li><li class='ez-toc-page-1 ez-toc-heading-level-3'><a class=\"ez-toc-link ez-toc-heading-13\" href=\"https:\/\/loudavymkrokem.cz\/sv\/termalbad-tyskland-basta\/#8_Limes-Therme_Bad_Gogging\" >8. Limes-Therme (Bad G\u00f6gging)<\/a><\/li><li class='ez-toc-page-1 ez-toc-heading-level-3'><a class=\"ez-toc-link ez-toc-heading-14\" href=\"https:\/\/loudavymkrokem.cz\/sv\/termalbad-tyskland-basta\/#9_Therme_Bad_Griesbach_Bad_Griesbach\" >9. Therme Bad Griesbach (Bad Griesbach)<\/a><\/li><li class='ez-toc-page-1 ez-toc-heading-level-3'><a class=\"ez-toc-link ez-toc-heading-15\" href=\"https:\/\/loudavymkrokem.cz\/sv\/termalbad-tyskland-basta\/#10_Titania_Neusas_Neusas\" >10. Titania Neus\u00e4\u00df (Neus\u00e4\u00df)<\/a><\/li><li class='ez-toc-page-1 ez-toc-heading-level-3'><a class=\"ez-toc-link ez-toc-heading-16\" href=\"https:\/\/loudavymkrokem.cz\/sv\/termalbad-tyskland-basta\/#11_Fackelmann_Therme_Hersbruck_Hersbruck\" >11. Fackelmann Therme Hersbruck (Hersbruck)<\/a><\/li><li class='ez-toc-page-1 ez-toc-heading-level-3'><a class=\"ez-toc-link ez-toc-heading-17\" href=\"https:\/\/loudavymkrokem.cz\/sv\/termalbad-tyskland-basta\/#12_ThermeNatur_Bad_Rodach\" >12. ThermeNatur (Bad Rodach)<\/a><\/li><li class='ez-toc-page-1 ez-toc-heading-level-3'><a class=\"ez-toc-link ez-toc-heading-18\" href=\"https:\/\/loudavymkrokem.cz\/sv\/termalbad-tyskland-basta\/#13_Johannesbad_Therme_Bad_Fussing_Bad_Fussing\" >13. Johannesbad Therme Bad F\u00fcssing (Bad F\u00fcssing)<\/a><\/li><li class='ez-toc-page-1 ez-toc-heading-level-3'><a class=\"ez-toc-link ez-toc-heading-19\" href=\"https:\/\/loudavymkrokem.cz\/sv\/termalbad-tyskland-basta\/#14_Europa_Therme_Bad_Fussing\" >14. Europa Therme (Bad F\u00fcssing)<\/a><\/li><li class='ez-toc-page-1 ez-toc-heading-level-3'><a class=\"ez-toc-link ez-toc-heading-20\" href=\"https:\/\/loudavymkrokem.cz\/sv\/termalbad-tyskland-basta\/#15_Sibyllenbad_Neualbenreuth\" >15. Sibyllenbad (Neualbenreuth)<\/a><\/li><\/ul><\/li><li class='ez-toc-page-1 ez-toc-heading-level-2'><a class=\"ez-toc-link ez-toc-heading-21\" href=\"https:\/\/loudavymkrokem.cz\/sv\/termalbad-tyskland-basta\/#Termalbad_i_Baden-Wurttemberg\" >Termalbad i Baden-W\u00fcrttemberg<\/a><ul class='ez-toc-list-level-3' ><li class='ez-toc-heading-level-3'><a class=\"ez-toc-link ez-toc-heading-22\" href=\"https:\/\/loudavymkrokem.cz\/sv\/termalbad-tyskland-basta\/#16_Thermen_Badewelt_Sinsheim_Sinsheim\" >16. Thermen &#038; Badewelt Sinsheim (Sinsheim)<\/a><\/li><li class='ez-toc-page-1 ez-toc-heading-level-3'><a class=\"ez-toc-link ez-toc-heading-23\" href=\"https:\/\/loudavymkrokem.cz\/sv\/termalbad-tyskland-basta\/#17_Mineraltherme_Boblingen_Boblingen\" >17. Mineraltherme B\u00f6blingen (B\u00f6blingen)<\/a><\/li><li class='ez-toc-page-1 ez-toc-heading-level-3'><a class=\"ez-toc-link ez-toc-heading-24\" href=\"https:\/\/loudavymkrokem.cz\/sv\/termalbad-tyskland-basta\/#18_Panorama_Therme_Beuren_Beuren\" >18. Panorama Therme Beuren (Beuren)<\/a><\/li><li class='ez-toc-page-1 ez-toc-heading-level-3'><a class=\"ez-toc-link ez-toc-heading-25\" href=\"https:\/\/loudavymkrokem.cz\/sv\/termalbad-tyskland-basta\/#19_Bodensee-Therme_Konstanz_Konstanz\" >19. Bodensee-Therme Konstanz (Konstanz)<\/a><\/li><li class='ez-toc-page-1 ez-toc-heading-level-3'><a class=\"ez-toc-link ez-toc-heading-26\" href=\"https:\/\/loudavymkrokem.cz\/sv\/termalbad-tyskland-basta\/#20_Adelindis_Therme_Bad_Buchau\" >20. Adelindis Therme (Bad Buchau)<\/a><\/li><li class='ez-toc-page-1 ez-toc-heading-level-3'><a class=\"ez-toc-link ez-toc-heading-27\" href=\"https:\/\/loudavymkrokem.cz\/sv\/termalbad-tyskland-basta\/#21_Sonnenhof-Therme_Bad_Saulgau\" >21. Sonnenhof-Therme (Bad Saulgau)<\/a><\/li><li class='ez-toc-page-1 ez-toc-heading-level-3'><a class=\"ez-toc-link ez-toc-heading-28\" href=\"https:\/\/loudavymkrokem.cz\/sv\/termalbad-tyskland-basta\/#22_Caracalla_Therme_Baden-Baden\" >22. Caracalla Therme (Baden-Baden)<\/a><\/li><li class='ez-toc-page-1 ez-toc-heading-level-3'><a class=\"ez-toc-link ez-toc-heading-29\" href=\"https:\/\/loudavymkrokem.cz\/sv\/termalbad-tyskland-basta\/#23_Solemar_Bad_Durrheim_Bad_Durrheim\" >23. Solemar Bad D\u00fcrrheim (Bad D\u00fcrrheim)<\/a><\/li><li class='ez-toc-page-1 ez-toc-heading-level-3'><a class=\"ez-toc-link ez-toc-heading-30\" href=\"https:\/\/loudavymkrokem.cz\/sv\/termalbad-tyskland-basta\/#24_AlbThermen_Bad_Urach\" >24. AlbThermen (Bad Urach)<\/a><\/li><li class='ez-toc-page-1 ez-toc-heading-level-3'><a class=\"ez-toc-link ez-toc-heading-31\" href=\"https:\/\/loudavymkrokem.cz\/sv\/termalbad-tyskland-basta\/#25_Friedrichsbad_Baden-Baden\" >25. Friedrichsbad (Baden-Baden)<\/a><\/li><li class='ez-toc-page-1 ez-toc-heading-level-3'><a class=\"ez-toc-link ez-toc-heading-32\" href=\"https:\/\/loudavymkrokem.cz\/sv\/termalbad-tyskland-basta\/#26_Vita_Classica_Bad_Krozingen\" >26. Vita Classica (Bad Krozingen)<\/a><\/li><\/ul><\/li><li class='ez-toc-page-1 ez-toc-heading-level-2'><a class=\"ez-toc-link ez-toc-heading-33\" href=\"https:\/\/loudavymkrokem.cz\/sv\/termalbad-tyskland-basta\/#Termalbad_i_Nordrhein-Westfalen\" >Termalbad i Nordrhein-Westfalen<\/a><ul class='ez-toc-list-level-3' ><li class='ez-toc-heading-level-3'><a class=\"ez-toc-link ez-toc-heading-34\" href=\"https:\/\/loudavymkrokem.cz\/sv\/termalbad-tyskland-basta\/#27_Thermen_Badewelt_Euskirchen_Euskirchen\" >27. Thermen &#038; Badewelt Euskirchen (Euskirchen)<\/a><\/li><li class='ez-toc-page-1 ez-toc-heading-level-3'><a class=\"ez-toc-link ez-toc-heading-35\" href=\"https:\/\/loudavymkrokem.cz\/sv\/termalbad-tyskland-basta\/#28_Bali_Therme_Bad_Oeynhausen\" >28. Bali Therme (Bad Oeynhausen)<\/a><\/li><li class='ez-toc-page-1 ez-toc-heading-level-3'><a class=\"ez-toc-link ez-toc-heading-36\" href=\"https:\/\/loudavymkrokem.cz\/sv\/termalbad-tyskland-basta\/#29_Carolus_Thermen_Aachen\" >29. Carolus Thermen (Aachen)<\/a><\/li><li class='ez-toc-page-1 ez-toc-heading-level-3'><a class=\"ez-toc-link ez-toc-heading-37\" href=\"https:\/\/loudavymkrokem.cz\/sv\/termalbad-tyskland-basta\/#30_Mediterana_Bergisch_Gladbach\" >30. Mediterana (Bergisch Gladbach)<\/a><\/li><li class='ez-toc-page-1 ez-toc-heading-level-3'><a class=\"ez-toc-link ez-toc-heading-38\" href=\"https:\/\/loudavymkrokem.cz\/sv\/termalbad-tyskland-basta\/#31_Vitasol_Therme_Bad_Salzuflen\" >31. Vitasol Therme (Bad Salzuflen)<\/a><\/li><li class='ez-toc-page-1 ez-toc-heading-level-3'><a class=\"ez-toc-link ez-toc-heading-39\" href=\"https:\/\/loudavymkrokem.cz\/sv\/termalbad-tyskland-basta\/#32_Mauritius_Hotel_Therme_Koln_Koln\" >32. Mauritius Hotel &#038; Therme K\u00f6ln (K\u00f6ln)<\/a><\/li><li class='ez-toc-page-1 ez-toc-heading-level-3'><a class=\"ez-toc-link ez-toc-heading-40\" href=\"https:\/\/loudavymkrokem.cz\/sv\/termalbad-tyskland-basta\/#33_Claudius_Therme_Koln\" >33. Claudius Therme (K\u00f6ln)<\/a><\/li><\/ul><\/li><li class='ez-toc-page-1 ez-toc-heading-level-2'><a class=\"ez-toc-link ez-toc-heading-41\" href=\"https:\/\/loudavymkrokem.cz\/sv\/termalbad-tyskland-basta\/#Termalbad_i_Hessen\" >Termalbad i Hessen<\/a><ul class='ez-toc-list-level-3' ><li class='ez-toc-heading-level-3'><a class=\"ez-toc-link ez-toc-heading-42\" href=\"https:\/\/loudavymkrokem.cz\/sv\/termalbad-tyskland-basta\/#34_Taunus-Therme_Bad_Homburg\" >34. Taunus-Therme (Bad Homburg)<\/a><\/li><li class='ez-toc-page-1 ez-toc-heading-level-3'><a class=\"ez-toc-link ez-toc-heading-43\" href=\"https:\/\/loudavymkrokem.cz\/sv\/termalbad-tyskland-basta\/#35_KurhessenTherme_Kassel\" >35. KurhessenTherme (Kassel)<\/a><\/li><li class='ez-toc-page-1 ez-toc-heading-level-3'><a class=\"ez-toc-link ez-toc-heading-44\" href=\"https:\/\/loudavymkrokem.cz\/sv\/termalbad-tyskland-basta\/#36_Odenwald-Therme_Bad_Konig\" >36. Odenwald-Therme (Bad K\u00f6nig)<\/a><\/li><li class='ez-toc-page-1 ez-toc-heading-level-3'><a class=\"ez-toc-link ez-toc-heading-45\" href=\"https:\/\/loudavymkrokem.cz\/sv\/termalbad-tyskland-basta\/#37_Thermalbad_Aukammtal_Wiesbaden\" >37. Thermalbad Aukammtal (Wiesbaden)<\/a><\/li><li class='ez-toc-page-1 ez-toc-heading-level-3'><a class=\"ez-toc-link ez-toc-heading-46\" href=\"https:\/\/loudavymkrokem.cz\/sv\/termalbad-tyskland-basta\/#38_Kaiser-Friedrich-Therme_Wiesbaden\" >38. Kaiser-Friedrich-Therme (Wiesbaden)<\/a><\/li><\/ul><\/li><li class='ez-toc-page-1 ez-toc-heading-level-2'><a class=\"ez-toc-link ez-toc-heading-47\" href=\"https:\/\/loudavymkrokem.cz\/sv\/termalbad-tyskland-basta\/#Termalbad_i_Brandenburg_och_Berlin\" >Termalbad i Brandenburg och Berlin<\/a><ul class='ez-toc-list-level-3' ><li class='ez-toc-heading-level-3'><a class=\"ez-toc-link ez-toc-heading-48\" href=\"https:\/\/loudavymkrokem.cz\/sv\/termalbad-tyskland-basta\/#39_Havel_Therme_Werder_an_der_Havel\" >39. Havel Therme (Werder an der Havel)<\/a><\/li><li class='ez-toc-page-1 ez-toc-heading-level-3'><a class=\"ez-toc-link ez-toc-heading-49\" href=\"https:\/\/loudavymkrokem.cz\/sv\/termalbad-tyskland-basta\/#40_Spreewald_Therme_Burg\" >40. Spreewald Therme (Burg)<\/a><\/li><li class='ez-toc-page-1 ez-toc-heading-level-3'><a class=\"ez-toc-link ez-toc-heading-50\" href=\"https:\/\/loudavymkrokem.cz\/sv\/termalbad-tyskland-basta\/#41_NaturThermeTemplin_Templin\" >41. NaturThermeTemplin (Templin)<\/a><\/li><li class='ez-toc-page-1 ez-toc-heading-level-3'><a class=\"ez-toc-link ez-toc-heading-51\" href=\"https:\/\/loudavymkrokem.cz\/sv\/termalbad-tyskland-basta\/#42_Spreewelten_Bad_Lubbenau_Lubbenau\" >42. Spreewelten Bad L\u00fcbbenau (L\u00fcbbenau)<\/a><\/li><li class='ez-toc-page-1 ez-toc-heading-level-3'><a class=\"ez-toc-link ez-toc-heading-52\" href=\"https:\/\/loudavymkrokem.cz\/sv\/termalbad-tyskland-basta\/#43_Kristalltherme_Bad_Wilsnack_Bad_Wilsnack\" >43. Kristalltherme Bad Wilsnack (Bad Wilsnack)<\/a><\/li><li class='ez-toc-page-1 ez-toc-heading-level-3'><a class=\"ez-toc-link ez-toc-heading-53\" href=\"https:\/\/loudavymkrokem.cz\/sv\/termalbad-tyskland-basta\/#44_vabali_spa_Berlin_Berlin\" >44. vabali spa Berlin (Berlin)<\/a><\/li><\/ul><\/li><li class='ez-toc-page-1 ez-toc-heading-level-2'><a class=\"ez-toc-link ez-toc-heading-54\" href=\"https:\/\/loudavymkrokem.cz\/sv\/termalbad-tyskland-basta\/#Termalbad_i_norra_Tyskland_Ostersjon_och_Nordsjon\" >Termalbad i norra Tyskland: \u00d6stersj\u00f6n och Nordsj\u00f6n<\/a><ul class='ez-toc-list-level-3' ><li class='ez-toc-heading-level-3'><a class=\"ez-toc-link ez-toc-heading-55\" href=\"https:\/\/loudavymkrokem.cz\/sv\/termalbad-tyskland-basta\/#45_Ostsee-Therme_Scharbeutz\" >45. Ostsee-Therme (Scharbeutz)<\/a><\/li><li class='ez-toc-page-1 ez-toc-heading-level-3'><a class=\"ez-toc-link ez-toc-heading-56\" href=\"https:\/\/loudavymkrokem.cz\/sv\/termalbad-tyskland-basta\/#46_Dunen-Therme_St_Peter-Ording\" >46. D\u00fcnen-Therme (St. Peter-Ording)<\/a><\/li><li class='ez-toc-page-1 ez-toc-heading-level-3'><a class=\"ez-toc-link ez-toc-heading-57\" href=\"https:\/\/loudavymkrokem.cz\/sv\/termalbad-tyskland-basta\/#47_Ostsee_Therme_Usedom_Ahlbeck\" >47. Ostsee Therme Usedom (Ahlbeck)<\/a><\/li><\/ul><\/li><li class='ez-toc-page-1 ez-toc-heading-level-2'><a class=\"ez-toc-link ez-toc-heading-58\" href=\"https:\/\/loudavymkrokem.cz\/sv\/termalbad-tyskland-basta\/#Termalbad_i_Sachsen_och_Thuringen\" >Termalbad i Sachsen och Th\u00fcringen<\/a><ul class='ez-toc-list-level-3' ><li class='ez-toc-heading-level-3'><a class=\"ez-toc-link ez-toc-heading-59\" href=\"https:\/\/loudavymkrokem.cz\/sv\/termalbad-tyskland-basta\/#48_Toskana_Therme_Bad_Schandau_Bad_Schandau\" >48. Toskana Therme Bad Schandau (Bad Schandau)<\/a><\/li><li class='ez-toc-page-1 ez-toc-heading-level-3'><a class=\"ez-toc-link ez-toc-heading-60\" href=\"https:\/\/loudavymkrokem.cz\/sv\/termalbad-tyskland-basta\/#49_Toskana_Therme_Bad_Sulza_Bad_Sulza\" >49. Toskana Therme Bad Sulza (Bad Sulza)<\/a><\/li><\/ul><\/li><li class='ez-toc-page-1 ez-toc-heading-level-2'><a class=\"ez-toc-link ez-toc-heading-61\" href=\"https:\/\/loudavymkrokem.cz\/sv\/termalbad-tyskland-basta\/#Termalbad_i_Rheinland-Pfalz\" >Termalbad i Rheinland-Pfalz<\/a><ul class='ez-toc-list-level-3' ><li class='ez-toc-heading-level-3'><a class=\"ez-toc-link ez-toc-heading-62\" href=\"https:\/\/loudavymkrokem.cz\/sv\/termalbad-tyskland-basta\/#50_Crucenia_Thermen_Bad_Kreuznach\" >50. Crucenia Thermen (Bad Kreuznach)<\/a><\/li><li class='ez-toc-page-1 ez-toc-heading-level-3'><a class=\"ez-toc-link ez-toc-heading-63\" href=\"https:\/\/loudavymkrokem.cz\/sv\/termalbad-tyskland-basta\/#51_Emser_Therme_Bad_Ems\" >51. Emser Therme (Bad Ems)<\/a><\/li><\/ul><\/li><li class='ez-toc-page-1 ez-toc-heading-level-2'><a class=\"ez-toc-link ez-toc-heading-64\" href=\"https:\/\/loudavymkrokem.cz\/sv\/termalbad-tyskland-basta\/#Praktisk_guide_vad_du_ska_ta_med_med_barn_och_kontanter\" >Praktisk guide: vad du ska ta med, med barn och kontanter<\/a><\/li><li class='ez-toc-page-1 ez-toc-heading-level-2'><a class=\"ez-toc-link ez-toc-heading-65\" href=\"https:\/\/loudavymkrokem.cz\/sv\/termalbad-tyskland-basta\/#Vart_harnast_fler_artiklar_om_termalbad_och_wellness\" >Vart h\u00e4rn\u00e4st: fler artiklar om termalbad och wellness<\/a><\/li><li class='ez-toc-page-1 ez-toc-heading-level-2'><a class=\"ez-toc-link ez-toc-heading-66\" href=\"https:\/\/loudavymkrokem.cz\/sv\/termalbad-tyskland-basta\/#Vanliga_fragor\" >Vanliga fr\u00e5gor<\/a><ul class='ez-toc-list-level-3' ><li class='ez-toc-heading-level-3'><a class=\"ez-toc-link ez-toc-heading-67\" href=\"https:\/\/loudavymkrokem.cz\/sv\/termalbad-tyskland-basta\/#Vilket_ar_det_storsta_termalbad_i_Tyskland\" >Vilket \u00e4r det st\u00f6rsta termalbad i Tyskland?<\/a><\/li><li class='ez-toc-page-1 ez-toc-heading-level-3'><a class=\"ez-toc-link ez-toc-heading-68\" href=\"https:\/\/loudavymkrokem.cz\/sv\/termalbad-tyskland-basta\/#Vad_kostar_intradet_till_ett_tyskt_termalbad\" >Vad kostar intr\u00e4det till ett tyskt termalbad?<\/a><\/li><li class='ez-toc-page-1 ez-toc-heading-level-3'><a class=\"ez-toc-link ez-toc-heading-69\" href=\"https:\/\/loudavymkrokem.cz\/sv\/termalbad-tyskland-basta\/#Maste_man_ga_naken_i_tyska_bastus\" >M\u00e5ste man g\u00e5 naken i tyska bastus?<\/a><\/li><li class='ez-toc-page-1 ez-toc-heading-level-3'><a class=\"ez-toc-link ez-toc-heading-70\" href=\"https:\/\/loudavymkrokem.cz\/sv\/termalbad-tyskland-basta\/#Vilka_tyska_termalbad_ligger_narmast_svenska_resenarer\" >Vilka tyska termalbad ligger n\u00e4rmast svenska resen\u00e4rer?<\/a><\/li><li class='ez-toc-page-1 ez-toc-heading-level-3'><a class=\"ez-toc-link ez-toc-heading-71\" href=\"https:\/\/loudavymkrokem.cz\/sv\/termalbad-tyskland-basta\/#Far_barn_besoka_tyska_termalbad\" >F\u00e5r barn bes\u00f6ka tyska termalbad?<\/a><\/li><li class='ez-toc-page-1 ez-toc-heading-level-3'><a class=\"ez-toc-link ez-toc-heading-72\" href=\"https:\/\/loudavymkrokem.cz\/sv\/termalbad-tyskland-basta\/#Vad_betyder_Bademantelgang\" >Vad betyder Bademantelgang?<\/a><\/li><li class='ez-toc-page-1 ez-toc-heading-level-3'><a class=\"ez-toc-link ez-toc-heading-73\" href=\"https:\/\/loudavymkrokem.cz\/sv\/termalbad-tyskland-basta\/#Maste_jag_ta_med_egen_handduk_och_badrock\" >M\u00e5ste jag ta med egen handduk och badrock?<\/a><\/li><li class='ez-toc-page-1 ez-toc-heading-level-3'><a class=\"ez-toc-link ez-toc-heading-74\" href=\"https:\/\/loudavymkrokem.cz\/sv\/termalbad-tyskland-basta\/#Nar_ar_det_minst_folk_i_tyska_termalbad\" >N\u00e4r \u00e4r det minst folk i tyska termalbad?<\/a><\/li><li class='ez-toc-page-1 ez-toc-heading-level-3'><a class=\"ez-toc-link ez-toc-heading-75\" href=\"https:\/\/loudavymkrokem.cz\/sv\/termalbad-tyskland-basta\/#Betalar_man_kurtax_i_Tyskland\" >Betalar man kurtax i Tyskland?<\/a><\/li><li class='ez-toc-page-1 ez-toc-heading-level-3'><a class=\"ez-toc-link ez-toc-heading-76\" href=\"https:\/\/loudavymkrokem.cz\/sv\/termalbad-tyskland-basta\/#Vilket_tyskt_termalbad_passar_bast_for_familjer_med_barn\" >Vilket tyskt termalbad passar b\u00e4st f\u00f6r familjer med barn?<\/a><\/li><\/ul><\/li><\/ul><\/nav><\/div>\n<h3 class=\"wp-block-heading\"><span class=\"ez-toc-section\" id=\"Sammanfattning_for_dig_som_inte_hinner_lasa_hela_artikeln\"><\/span>Sammanfattning f\u00f6r dig som inte hinner l\u00e4sa hela artikeln<span class=\"ez-toc-section-end\"><\/span><\/h3>\n\n\n\n<ul class=\"wp-block-list\">\n\n<li><strong>St\u00f6rst och mest k\u00e4nt<\/strong> \u00e4r Therme Erding i Bayern, som enligt sin egen webbplats kallar sig v\u00e4rldens st\u00f6rsta termalbad: 40 bass\u00e4nger och 38 bastur och \u00e5ngbad.<\/li>\n\n\n\n<li><strong>Ett tropiskt paradis<\/strong> med hundratals palmer upplever du p\u00e5 Thermen &#038; Badewelt Sinsheim och Thermen &#038; Badewelt Euskirchen.<\/li>\n\n\n\n<li><strong>N\u00e4rmast f\u00f6r dig som reser s\u00f6derut<\/strong> ligger popul\u00e4ra Sibyllenbad och det vackra Toskana Therme Bad Schandau, ett stenkast fr\u00e5n tjeckiska gr\u00e4nsen.<\/li>\n\n\n\n<li><strong>F\u00f6r barnfamiljer<\/strong> passar Erding, medan m\u00e5nga andra bad (till exempel Sinsheim) sl\u00e4pper in strikt bara fr\u00e5n 16 \u00e5r.<\/li>\n\n\n\n<li><strong>Balinesisk stil<\/strong> och orientalisk st\u00e4mning njuter du av p\u00e5 Bali Therme eller vabali spa Berlin.<\/li>\n\n\n\n<li><strong>Ett typiskt pris<\/strong> f\u00f6r tv\u00e5 till tre timmars bad ligger mellan 15 och 25 euro.<\/li>\n\n\n\n<li><strong>Man bastar naken<\/strong> \u2013 den s\u00e5 kallade textilfreie-zonen \u00e4r en hygienstandard i Tyskland och baddr\u00e4kten h\u00f6r helt enkelt inte hemma i bastun.<\/li>\n\n\n\n<li><strong>Tidstaxorna<\/strong> \u00e4r l\u00f6mska, eftersom du betalar f\u00f6r ett exakt antal timmar och f\u00e5r betala extra vid \u00f6vertid.<\/li>\n\n\n\n<li><strong>Hotell med Bademantelgang<\/strong> \u00e4r den b\u00e4sta uppfinningen, f\u00f6r d\u00e5 g\u00e5r du fr\u00e5n rummet rakt ner till bass\u00e4ngen bara i badrock.<\/li>\n\n\n<\/ul>\n\n\n\n<figure data-wp-context=\"{&quot;imageId&quot;:&quot;6a9c41a7110c0&quot;}\" data-wp-interactive=\"core\/image\" data-wp-key=\"6a9c41a7110c0\" class=\"wp-block-image size-full wp-lightbox-container\"><img decoding=\"async\" width=\"1800\" height=\"1201\" data-wp-class--hide=\"state.isContentHidden\" data-wp-class--show=\"state.isContentVisible\" data-wp-init=\"callbacks.setButtonStyles\" data-wp-on--click=\"actions.showLightbox\" data-wp-on--load=\"callbacks.setButtonStyles\" data-wp-on--pointerdown=\"actions.preloadImage\" data-wp-on--pointerenter=\"actions.preloadImageWithDelay\" data-wp-on--pointerleave=\"actions.cancelPreload\" data-wp-on-window--resize=\"callbacks.setButtonStyles\" src=\"https:\/\/loudavymkrokem.cz\/wp-content\/uploads\/2026\/09\/nemecko-clanky-termaly-nemecko-02-a0bf9c2b.jpg\" alt=\"Bastuceremoni Aufguss i bastulandskapet p\u00e5 Thermen &#038; Badewelt Sinsheim\" class=\"wp-image-415289\" title=\"\" srcset=\"https:\/\/loudavymkrokem.cz\/wp-content\/uploads\/2026\/09\/nemecko-clanky-termaly-nemecko-02-a0bf9c2b.jpg 1800w, https:\/\/loudavymkrokem.cz\/wp-content\/uploads\/2026\/09\/nemecko-clanky-termaly-nemecko-02-a0bf9c2b-300x200.jpg 300w, https:\/\/loudavymkrokem.cz\/wp-content\/uploads\/2026\/09\/nemecko-clanky-termaly-nemecko-02-a0bf9c2b-700x467.jpg 700w, https:\/\/loudavymkrokem.cz\/wp-content\/uploads\/2026\/09\/nemecko-clanky-termaly-nemecko-02-a0bf9c2b-768x512.jpg 768w, https:\/\/loudavymkrokem.cz\/wp-content\/uploads\/2026\/09\/nemecko-clanky-termaly-nemecko-02-a0bf9c2b-1536x1025.jpg 1536w, https:\/\/loudavymkrokem.cz\/wp-content\/uploads\/2026\/09\/nemecko-clanky-termaly-nemecko-02-a0bf9c2b-696x464.jpg 696w, https:\/\/loudavymkrokem.cz\/wp-content\/uploads\/2026\/09\/nemecko-clanky-termaly-nemecko-02-a0bf9c2b-1392x929.jpg 1392w\" sizes=\"(max-width: 1800px) 100vw, 1800px\" \/><button\n\t\t\tclass=\"lightbox-trigger\"\n\t\t\ttype=\"button\"\n\t\t\taria-haspopup=\"dialog\"\n\t\t\tdata-wp-bind--aria-label=\"state.thisImage.triggerButtonAriaLabel\"\n\t\t\tdata-wp-init=\"callbacks.initTriggerButton\"\n\t\t\tdata-wp-on--click=\"actions.showLightbox\"\n\t\t\tdata-wp-style--right=\"state.thisImage.buttonRight\"\n\t\t\tdata-wp-style--top=\"state.thisImage.buttonTop\"\n\t\t>\n\t\t\t<svg xmlns=\"http:\/\/www.w3.org\/2000\/svg\" width=\"12\" height=\"12\" fill=\"none\" viewBox=\"0 0 12 12\">\n\t\t\t\t<path fill=\"#fff\" d=\"M2 0a2 2 0 0 0-2 2v2h1.5V2a.5.5 0 0 1 .5-.5h2V0H2Zm2 10.5H2a.5.5 0 0 1-.5-.5V8H0v2a2 2 0 0 0 2 2h2v-1.5ZM8 12v-1.5h2a.5.5 0 0 0 .5-.5V8H12v2a2 2 0 0 1-2 2H8Zm2-12a2 2 0 0 1 2 2v2h-1.5V2a.5.5 0 0 0-.5-.5H8V0h2Z\" \/>\n\t\t\t<\/svg>\n\t\t<\/button><\/figure>\n\n\n\n<h2 class=\"wp-block-heading\"><span class=\"ez-toc-section\" id=\"Sa_fungerar_tyska_termalbad_och_hur_de_skiljer_sig\"><\/span>S\u00e5 fungerar tyska termalbad (och hur de skiljer sig)<span class=\"ez-toc-section-end\"><\/span><\/h2>\n\n\n\n<p class=\"wp-block-paragraph\">Hos tyskarna k\u00f6per man s\u00e4llan entr\u00e9n f\u00f6r hela dagen p\u00e5 en g\u00e5ng. Standarden \u00e4r <strong>taxor p\u00e5 tv\u00e5 till fyra timmar<\/strong>, och tiden b\u00f6rjar ob\u00f6nh\u00f6rligt ticka redan n\u00e4r du passerar sp\u00e4rren. Om du gl\u00f6mmer bort dig i bubbelpoolen h\u00e4nder inget dramatiskt, men r\u00e4kna med att du f\u00e5r en <strong>extraavgift f\u00f6r \u00f6vertiden<\/strong>. P\u00e5 Europa Therme Bad F\u00fcssing \u00e4r det till exempel en euro f\u00f6r varje p\u00e5b\u00f6rjad halvtimme.<\/p>\n\n\n\n<p class=\"wp-block-paragraph\">En annan stor skillnad ligger i indelningen i zoner. Sj\u00e4lva entr\u00e9n g\u00e4ller oftast bara till termalbass\u00e4ngerna, och f\u00f6r bastun betalar du extra. Du kan allts\u00e5 k\u00f6pa antingen en <strong>separat biljett eller en f\u00f6rm\u00e5nligare kombitaxa<\/strong>. Men s\u00e5 fort du g\u00e5r in i bastuv\u00e4rlden m\u00e5ste du l\u00e4mna baddr\u00e4kten p\u00e5 kroken, eftersom tyska bastur \u00e4r <strong>strikt s\u00e5 kallade textilfreie<\/strong> (utan baddr\u00e4kt).<\/p>\n\n\n\n<p class=\"wp-block-paragraph\">Den gyllene hygienregeln \u00e4r sedan en <strong>obligatorisk handduk under hela kroppen<\/strong>. Du f\u00e5r inte s\u00e4tta dig med bar hud direkt p\u00e5 tr\u00e4et i bastun, inklusive f\u00f6tterna, s\u00e5 en riktigt stor handduk \u00e4r helt n\u00f6dv\u00e4ndig. Om du inte har n\u00e5gon finns det p\u00e5 de flesta bad en <strong>uthyrning av rockar och handdukar<\/strong>, d\u00e4r du mot en avgift och en depositionsavgift g\u00e4rna f\u00e5r l\u00e5na.<\/p>\n\n\n\n<p class=\"wp-block-paragraph\">Ett eget kapitel \u00e4r bastuceremonierna, som p\u00e5 tyska kallas Aufguss. De leds av en <strong>erfaren Saunameister<\/strong> exakt enligt ett schema som h\u00e4nger vid varje bastu. N\u00e4r d\u00f6rren v\u00e4l st\u00e4ngs och stenarna b\u00f6rjar begjutas sl\u00e4pps <strong>ingen mer in<\/strong>, s\u00e5 det \u00e4r b\u00e4ttre att komma i god tid.<\/p>\n\n\n\n<p class=\"wp-block-paragraph\">Hela vistelsen \u00e4r dessutom maximalt bekymmersfri tack vare smart teknik. I st\u00e4llet f\u00f6r pl\u00e5nbok <strong>f\u00e5r du ett chip eller armband<\/strong> som du l\u00e5ser sk\u00e5pet med och betalar kaffe eller massage med. Kvinnor b\u00f6r veta att m\u00e5nga bad, som till exempel Bodensee-Therme Konstanz, \u00e4ven erbjuder <strong>speciella dambastudagar<\/strong> d\u00e5 hela utrymmet \u00e4r reserverat bara f\u00f6r dem.<\/p>\n\n\n\n<figure data-wp-context=\"{&quot;imageId&quot;:&quot;6a9c41a711900&quot;}\" data-wp-interactive=\"core\/image\" data-wp-key=\"6a9c41a711900\" class=\"wp-block-image size-full wp-lightbox-container\"><img decoding=\"async\" width=\"1800\" height=\"1012\" data-wp-class--hide=\"state.isContentHidden\" data-wp-class--show=\"state.isContentVisible\" data-wp-init=\"callbacks.setButtonStyles\" data-wp-on--click=\"actions.showLightbox\" data-wp-on--load=\"callbacks.setButtonStyles\" data-wp-on--pointerdown=\"actions.preloadImage\" data-wp-on--pointerenter=\"actions.preloadImageWithDelay\" data-wp-on--pointerleave=\"actions.cancelPreload\" data-wp-on-window--resize=\"callbacks.setButtonStyles\" src=\"https:\/\/loudavymkrokem.cz\/wp-content\/uploads\/2026\/09\/nemecko-clanky-termaly-nemecko-03-ffbe5d3a.jpg\" alt=\"Inomhusbass\u00e4ng i orientalisk stil i bastuv\u00e4rlden Mediterana\" class=\"wp-image-415290\" title=\"\" srcset=\"https:\/\/loudavymkrokem.cz\/wp-content\/uploads\/2026\/09\/nemecko-clanky-termaly-nemecko-03-ffbe5d3a.jpg 1800w, https:\/\/loudavymkrokem.cz\/wp-content\/uploads\/2026\/09\/nemecko-clanky-termaly-nemecko-03-ffbe5d3a-300x169.jpg 300w, https:\/\/loudavymkrokem.cz\/wp-content\/uploads\/2026\/09\/nemecko-clanky-termaly-nemecko-03-ffbe5d3a-700x394.jpg 700w, https:\/\/loudavymkrokem.cz\/wp-content\/uploads\/2026\/09\/nemecko-clanky-termaly-nemecko-03-ffbe5d3a-768x432.jpg 768w, https:\/\/loudavymkrokem.cz\/wp-content\/uploads\/2026\/09\/nemecko-clanky-termaly-nemecko-03-ffbe5d3a-1536x864.jpg 1536w, https:\/\/loudavymkrokem.cz\/wp-content\/uploads\/2026\/09\/nemecko-clanky-termaly-nemecko-03-ffbe5d3a-696x391.jpg 696w, https:\/\/loudavymkrokem.cz\/wp-content\/uploads\/2026\/09\/nemecko-clanky-termaly-nemecko-03-ffbe5d3a-1392x783.jpg 1392w\" sizes=\"(max-width: 1800px) 100vw, 1800px\" \/><button\n\t\t\tclass=\"lightbox-trigger\"\n\t\t\ttype=\"button\"\n\t\t\taria-haspopup=\"dialog\"\n\t\t\tdata-wp-bind--aria-label=\"state.thisImage.triggerButtonAriaLabel\"\n\t\t\tdata-wp-init=\"callbacks.initTriggerButton\"\n\t\t\tdata-wp-on--click=\"actions.showLightbox\"\n\t\t\tdata-wp-style--right=\"state.thisImage.buttonRight\"\n\t\t\tdata-wp-style--top=\"state.thisImage.buttonTop\"\n\t\t>\n\t\t\t<svg xmlns=\"http:\/\/www.w3.org\/2000\/svg\" width=\"12\" height=\"12\" fill=\"none\" viewBox=\"0 0 12 12\">\n\t\t\t\t<path fill=\"#fff\" d=\"M2 0a2 2 0 0 0-2 2v2h1.5V2a.5.5 0 0 1 .5-.5h2V0H2Zm2 10.5H2a.5.5 0 0 1-.5-.5V8H0v2a2 2 0 0 0 2 2h2v-1.5ZM8 12v-1.5h2a.5.5 0 0 0 .5-.5V8H12v2a2 2 0 0 1-2 2H8Zm2-12a2 2 0 0 1 2 2v2h-1.5V2a.5.5 0 0 0-.5-.5H8V0h2Z\" \/>\n\t\t\t<\/svg>\n\t\t<\/button><\/figure>\n\n\n\n<h2 class=\"wp-block-heading\"><span class=\"ez-toc-section\" id=\"Vad_det_kostar_och_nar_du_ska_aka\"><\/span>Vad det kostar och n\u00e4r du ska \u00e5ka<span class=\"ez-toc-section-end\"><\/span><\/h2>\n\n\n\n<p class=\"wp-block-paragraph\">Priserna (enligt prislistor fr\u00e5n 2026) beror f\u00f6rst\u00e5s p\u00e5 hur mycket lyx du unnar dig. De <strong>billigaste termalbaden<\/strong> av typen Sibyllenbad kostar bara omkring 9 euro f\u00f6r tv\u00e5 timmar. De flesta klassiska bad ligger med en kortare entr\u00e9 n\u00e5gonstans kring 15 till 20 euro. F\u00f6r de <strong>enorma tropiska komplexen<\/strong> som Therme Bad W\u00f6rishofen kan du d\u00e4remot betala uppemot 51 euro f\u00f6r en heldagsbiljett. Priserna kan f\u00f6rst\u00e5s \u00e4ndras med tiden.<\/p>\n\n\n\n<p class=\"wp-block-paragraph\">Vill du spara lite l\u00f6nar det sig att unders\u00f6ka specialerbjudanden. M\u00e5nga st\u00e4llen erbjuder <strong>f\u00f6rm\u00e5nliga morgon- eller kv\u00e4llstaxor<\/strong>, ofta kallade Feierabendtarif. Helger och helgdagar brukar d\u00e4remot vara dyrare, eftersom driftsbolagen normalt l\u00e4gger p\u00e5 ett <strong>helgtill\u00e4gg<\/strong> p\u00e5 tv\u00e5 till tre euro ut\u00f6ver grundpriset.<\/p>\n\n\n\n<p class=\"wp-block-paragraph\">Barnfamiljer b\u00f6r i f\u00f6rv\u00e4g kolla om badet \u00f6verhuvudtaget tar emot yngre bes\u00f6kare. Medan vissa anl\u00e4ggningar s\u00e4ljer <strong>f\u00f6rm\u00e5nliga familjetaxor<\/strong>, g\u00e4ller p\u00e5 andra \u2013 som de lyxiga Badewelt \u2013 strikt intr\u00e4de f\u00f6rst fr\u00e5n 16 \u00e5r. St\u00f6rst lugn njuter du under <strong>vardagsf\u00f6rmiddagar<\/strong>, helst utanf\u00f6r de livliga tyska skolloven.<\/p>\n\n\n\n<p class=\"wp-block-paragraph\">Under vinters\u00e4songen \u00e4r f\u00f6rst\u00e5s utomhuspoolerna spr\u00e4ngfyllda, s\u00e5 sommarm\u00e5naderna lovar en betydligt lugnare st\u00e4mning. Gl\u00f6m inte heller att man i kurorter betalar en boendeavgift kallad Kurbeitrag. F\u00f6r den <strong>f\u00e5r du dock ett smidigt G\u00e4stekarte<\/strong>, som ofta ger dig trevliga rabatter p\u00e5 entr\u00e9n.<\/p>\n\n\n\n<figure data-wp-context=\"{&quot;imageId&quot;:&quot;6a9c41a711f12&quot;}\" data-wp-interactive=\"core\/image\" data-wp-key=\"6a9c41a711f12\" class=\"wp-block-image size-full wp-lightbox-container\"><img decoding=\"async\" width=\"1800\" height=\"1201\" data-wp-class--hide=\"state.isContentHidden\" data-wp-class--show=\"state.isContentVisible\" data-wp-init=\"callbacks.setButtonStyles\" data-wp-on--click=\"actions.showLightbox\" data-wp-on--load=\"callbacks.setButtonStyles\" data-wp-on--pointerdown=\"actions.preloadImage\" data-wp-on--pointerenter=\"actions.preloadImageWithDelay\" data-wp-on--pointerleave=\"actions.cancelPreload\" data-wp-on-window--resize=\"callbacks.setButtonStyles\" src=\"https:\/\/loudavymkrokem.cz\/wp-content\/uploads\/2026\/09\/nemecko-clanky-termaly-nemecko-04-a6d37903.jpg\" alt=\"G\u00e4st i badrock i tr\u00e4dg\u00e5rden p\u00e5 Thermen &#038; Badewelt Euskirchen\" class=\"wp-image-415291\" title=\"\" srcset=\"https:\/\/loudavymkrokem.cz\/wp-content\/uploads\/2026\/09\/nemecko-clanky-termaly-nemecko-04-a6d37903.jpg 1800w, https:\/\/loudavymkrokem.cz\/wp-content\/uploads\/2026\/09\/nemecko-clanky-termaly-nemecko-04-a6d37903-300x200.jpg 300w, https:\/\/loudavymkrokem.cz\/wp-content\/uploads\/2026\/09\/nemecko-clanky-termaly-nemecko-04-a6d37903-700x467.jpg 700w, https:\/\/loudavymkrokem.cz\/wp-content\/uploads\/2026\/09\/nemecko-clanky-termaly-nemecko-04-a6d37903-768x512.jpg 768w, https:\/\/loudavymkrokem.cz\/wp-content\/uploads\/2026\/09\/nemecko-clanky-termaly-nemecko-04-a6d37903-1536x1025.jpg 1536w, https:\/\/loudavymkrokem.cz\/wp-content\/uploads\/2026\/09\/nemecko-clanky-termaly-nemecko-04-a6d37903-696x464.jpg 696w, https:\/\/loudavymkrokem.cz\/wp-content\/uploads\/2026\/09\/nemecko-clanky-termaly-nemecko-04-a6d37903-1392x929.jpg 1392w\" sizes=\"(max-width: 1800px) 100vw, 1800px\" \/><button\n\t\t\tclass=\"lightbox-trigger\"\n\t\t\ttype=\"button\"\n\t\t\taria-haspopup=\"dialog\"\n\t\t\tdata-wp-bind--aria-label=\"state.thisImage.triggerButtonAriaLabel\"\n\t\t\tdata-wp-init=\"callbacks.initTriggerButton\"\n\t\t\tdata-wp-on--click=\"actions.showLightbox\"\n\t\t\tdata-wp-style--right=\"state.thisImage.buttonRight\"\n\t\t\tdata-wp-style--top=\"state.thisImage.buttonTop\"\n\t\t>\n\t\t\t<svg xmlns=\"http:\/\/www.w3.org\/2000\/svg\" width=\"12\" height=\"12\" fill=\"none\" viewBox=\"0 0 12 12\">\n\t\t\t\t<path fill=\"#fff\" d=\"M2 0a2 2 0 0 0-2 2v2h1.5V2a.5.5 0 0 1 .5-.5h2V0H2Zm2 10.5H2a.5.5 0 0 1-.5-.5V8H0v2a2 2 0 0 0 2 2h2v-1.5ZM8 12v-1.5h2a.5.5 0 0 0 .5-.5V8H12v2a2 2 0 0 1-2 2H8Zm2-12a2 2 0 0 1 2 2v2h-1.5V2a.5.5 0 0 0-.5-.5H8V0h2Z\" \/>\n\t\t\t<\/svg>\n\t\t<\/button><\/figure>\n\n\n\n<h2 class=\"wp-block-heading\"><span class=\"ez-toc-section\" id=\"Var_du_ska_bo_hotell_med_Bademantelgang\"><\/span>Var du ska bo: hotell med Bademantelgang<span class=\"ez-toc-section-end\"><\/span><\/h2>\n\n\n\n<p class=\"wp-block-paragraph\"><em>\ud83d\udca1 Tips p\u00e5 boende och upplevelser: Boende j\u00e4mf\u00f6r vi <a href=\"https:\/\/www.stay22.com\/allez\/roam?aid=lukaskonecny&#038;campaign=loudavymkrokemcz&#038;address=N%C4%9Bmecko\" target=\"_blank\" rel=\"nofollow noopener sponsored\">h\u00e4r<\/a>, s\u00e5 att du ser vad som \u00e4r ledigt och till vilket pris. Vi letar helst p\u00e5 <a href=\"https:\/\/www.booking.com\/searchresults.html?ss=N%C4%9Bmecko&#038;aid=2397601\" target=\"_blank\" rel=\"nofollow noopener sponsored\">Booking.com<\/a>, som brukar ha de b\u00e4sta avbokningsvillkoren. Biljetter, utflykter och aktiviteter l\u00f6nar det sig sedan att j\u00e4mf\u00f6ra och k\u00f6pa via <a href=\"https:\/\/www.getyourguide.com\/s\/?q=N%C4%9Bmecko&#038;partner_id=MKZ64IS\" target=\"_blank\" rel=\"nofollow noopener sponsored\">GetYourGuide<\/a>.<\/em><\/p>\n\n\n\n<p class=\"wp-block-paragraph\">Om det finns n\u00e5got som lyfter en spahelg till en helt annan niv\u00e5 s\u00e5 \u00e4r det en s\u00e5 kallad Bademantelgang. Det betyder bokstavligen <strong>badrockskorridor<\/strong> och \u00e4r en inglasad eller underjordisk tunnel som f\u00f6rbinder ditt hotell direkt med badanl\u00e4ggningen. P\u00e5 morgonen kliver du bara upp ur s\u00e4ngen, drar p\u00e5 dig rocken och <strong>promenerar i tofflor rakt ner till bass\u00e4ngen<\/strong>.<\/p>\n\n\n\n<p class=\"wp-block-paragraph\">Du slipper det kr\u00e5ngliga med att kl\u00e4 om, packa v\u00e4skorna i sk\u00e5pen och springa \u00f6ver gatan i vinterkylan. De flesta av dessa boenden erbjuder dessutom <strong>intr\u00e4de till bass\u00e4ngerna direkt i priset f\u00f6r natten<\/strong>, vilket i slut\u00e4nden l\u00f6nar sig enormt. Alla dessa p\u00e4rlor kan du dessutom enkelt s\u00f6ka fram och boka via Booking, d\u00e4r du direkt ser \u00e4kta recensioner.<\/p>\n\n\n\n<p class=\"wp-block-paragraph\"><strong><a href=\"https:\/\/www.stay22.com\/allez\/roam?aid=lukaskonecny&#038;campaign=loudavymkrokemcz&#038;campaign=termaly-nemecko&#038;hotelname=Hotel%20Victory%20Therme%20Erding&#038;address=Erding%2C%20Nemecko\" target=\"_blank\" rel=\"noopener nofollow sponsored\">Hotel Victory Therme Erding<\/a><\/strong> i bayerska Erding ligger mitt inne i det enorma termalkomplexet. Rummen p\u00e5minner om en replik av det ber\u00f6mda skeppet HMS Victory eller ett venetianskt palazzo, och hotellg\u00e4sterna har <strong>direkt entr\u00e9 fr\u00e5n lobbyn till termalbaden<\/strong> inklusive zonerna VitalOase och VitalTherme &#038; Saunen i priset f\u00f6r natten.<\/p>\n\n\n\n<p class=\"wp-block-paragraph\"><strong><a href=\"https:\/\/www.stay22.com\/allez\/roam?aid=lukaskonecny&#038;campaign=loudavymkrokemcz&#038;campaign=termaly-nemecko&#038;hotelname=Thermenhotel%20Gass&#038;address=Bad%20Fussing%2C%20Nemecko\" target=\"_blank\" rel=\"noopener nofollow sponsored\">Thermenhotel Gass<\/a><\/strong> i bayerska Bad F\u00fcssing \u00e4r ett trestj\u00e4rnigt superiorhotell och ett av f\u00e5 st\u00e4llen i staden med egna bass\u00e4nger. De fylls med <strong>termalt svavelvatten<\/strong> som pumpas direkt fr\u00e5n popul\u00e4ra Therme 1, och h\u00e4r finns \u00e4ven en fin wellness med biobastu, finsk bastu, infrakabin och \u00e5ngbad.<\/p>\n\n\n\n<p class=\"wp-block-paragraph\"><strong><a href=\"https:\/\/www.stay22.com\/allez\/roam?aid=lukaskonecny&#038;campaign=loudavymkrokemcz&#038;campaign=termaly-nemecko&#038;hotelname=Hotel%20an%20der%20Therme%20Bad%20Sulza&#038;address=Bad%20Sulza%2C%20Nemecko\" target=\"_blank\" rel=\"noopener nofollow sponsored\">Hotel an der Therme Bad Sulza<\/a><\/strong> i Th\u00fcringen tillh\u00f6r gruppen Toskanaworld och f\u00f6rbinds med sj\u00e4lva Toskana Therme just genom en efterl\u00e4ngtad Bademantelgang. I priset f\u00f6r natten ing\u00e5r <strong>direkt entr\u00e9 till termalbaden inklusive bastuv\u00e4rlden<\/strong>, och du blir s\u00e4kert glad av den utm\u00e4rkta frukosten och de rymliga, renoverade rummen.<\/p>\n\n\n\n<p class=\"wp-block-paragraph\"><strong><a href=\"https:\/\/www.stay22.com\/allez\/roam?aid=lukaskonecny&#038;campaign=loudavymkrokemcz&#038;campaign=termaly-nemecko&#038;hotelname=Mauritius%20Hotel%20%26%20Therme&#038;address=Kolin%20nad%20Rynem%2C%20Nemecko\" target=\"_blank\" rel=\"noopener nofollow sponsored\">Mauritius Hotel &#038; Therme<\/a><\/strong> ligger mitt i K\u00f6ln och stoltserar med fyra stj\u00e4rnor och en enorm wellness p\u00e5 3 500 kvadratmeter. H\u00e4r finns sju bastur, tv\u00e5 bubbelpooler och en <strong>utomhuspool med salt fr\u00e5n D\u00f6da havet<\/strong>, d\u00e4r hotellg\u00e4sten betalar bara symboliska 10 euro per dag f\u00f6r denna lyx (\u00e4ven p\u00e5 avresedagen).<\/p>\n\n\n\n<p class=\"wp-block-paragraph\"><strong><a href=\"https:\/\/www.stay22.com\/allez\/roam?aid=lukaskonecny&#038;campaign=loudavymkrokemcz&#038;campaign=termaly-nemecko&#038;hotelname=Hotel%20Zum%20Rittmeister&#038;address=Werder%20Havel%2C%20Nemecko\" target=\"_blank\" rel=\"noopener nofollow sponsored\">Hotel Zum Rittmeister<\/a><\/strong> i brandenburgska staden Werder erbjuder 35 mysiga rum och en utm\u00e4rkt frukost av lokala regionala produkter. H\u00e4r f\u00e5r g\u00e4sterna, efter att ha betalat kuravgiften och visat sitt G\u00e4stekarte, <strong>rabatterat intr\u00e4de till n\u00e4rliggande Havel Therme<\/strong>, framf\u00f6r allt p\u00e5 vardagar.<\/p>\n\n\n\n<p class=\"wp-block-paragraph\"><strong><a href=\"https:\/\/www.stay22.com\/allez\/roam?aid=lukaskonecny&#038;campaign=loudavymkrokemcz&#038;campaign=termaly-nemecko&#038;hotelname=Hotel%20Palatin&#038;address=Wiesloch%2C%20Nemecko\" target=\"_blank\" rel=\"noopener nofollow sponsored\">Hotel Palatin<\/a><\/strong> i Wiesloch i Baden-W\u00fcrttemberg fungerar som officiellt partnerhotell till det hyllade komplexet Thermen &#038; Badewelt Sinsheim. Det erbjuder mycket <strong>f\u00f6rm\u00e5nliga paket med natt och frukost<\/strong>, som direkt inkluderar en biljett till termalbaden, redan fr\u00e5n 79 euro per person.<\/p>\n\n\n\n<p class=\"wp-block-paragraph\"><strong>\ud83d\udca1 Tips:<\/strong> Om du gillar att prova nyheter byggs det sedan sommaren 2025 ett <strong>helt nytt fyrstj\u00e4rnigt hotell<\/strong> med ett hundratal rum vid VitaSol Therme i Bad Salzuflen. Det planeras vara klart 2027 och blir garanterat en riktig h\u00f6jdare.<\/p>\n\n\n\n<figure data-wp-context=\"{&quot;imageId&quot;:&quot;6a9c41a7128e7&quot;}\" data-wp-interactive=\"core\/image\" data-wp-key=\"6a9c41a7128e7\" class=\"wp-block-image size-full wp-lightbox-container\"><img decoding=\"async\" width=\"1800\" height=\"1397\" data-wp-class--hide=\"state.isContentHidden\" data-wp-class--show=\"state.isContentVisible\" data-wp-init=\"callbacks.setButtonStyles\" data-wp-on--click=\"actions.showLightbox\" data-wp-on--load=\"callbacks.setButtonStyles\" data-wp-on--pointerdown=\"actions.preloadImage\" data-wp-on--pointerenter=\"actions.preloadImageWithDelay\" data-wp-on--pointerleave=\"actions.cancelPreload\" data-wp-on-window--resize=\"callbacks.setButtonStyles\" src=\"https:\/\/loudavymkrokem.cz\/wp-content\/uploads\/2026\/09\/nemecko-clanky-termaly-nemecko-05-08e1f8c8.jpg\" alt=\"Utomhusbass\u00e4ng med palmer p\u00e5 Therme Erding i Bayern\" class=\"wp-image-415292\" title=\"\" srcset=\"https:\/\/loudavymkrokem.cz\/wp-content\/uploads\/2026\/09\/nemecko-clanky-termaly-nemecko-05-08e1f8c8.jpg 1800w, https:\/\/loudavymkrokem.cz\/wp-content\/uploads\/2026\/09\/nemecko-clanky-termaly-nemecko-05-08e1f8c8-300x233.jpg 300w, https:\/\/loudavymkrokem.cz\/wp-content\/uploads\/2026\/09\/nemecko-clanky-termaly-nemecko-05-08e1f8c8-700x543.jpg 700w, https:\/\/loudavymkrokem.cz\/wp-content\/uploads\/2026\/09\/nemecko-clanky-termaly-nemecko-05-08e1f8c8-768x596.jpg 768w, https:\/\/loudavymkrokem.cz\/wp-content\/uploads\/2026\/09\/nemecko-clanky-termaly-nemecko-05-08e1f8c8-1536x1192.jpg 1536w, https:\/\/loudavymkrokem.cz\/wp-content\/uploads\/2026\/09\/nemecko-clanky-termaly-nemecko-05-08e1f8c8-696x540.jpg 696w, https:\/\/loudavymkrokem.cz\/wp-content\/uploads\/2026\/09\/nemecko-clanky-termaly-nemecko-05-08e1f8c8-1392x1080.jpg 1392w\" sizes=\"(max-width: 1800px) 100vw, 1800px\" \/><button\n\t\t\tclass=\"lightbox-trigger\"\n\t\t\ttype=\"button\"\n\t\t\taria-haspopup=\"dialog\"\n\t\t\tdata-wp-bind--aria-label=\"state.thisImage.triggerButtonAriaLabel\"\n\t\t\tdata-wp-init=\"callbacks.initTriggerButton\"\n\t\t\tdata-wp-on--click=\"actions.showLightbox\"\n\t\t\tdata-wp-style--right=\"state.thisImage.buttonRight\"\n\t\t\tdata-wp-style--top=\"state.thisImage.buttonTop\"\n\t\t>\n\t\t\t<svg xmlns=\"http:\/\/www.w3.org\/2000\/svg\" width=\"12\" height=\"12\" fill=\"none\" viewBox=\"0 0 12 12\">\n\t\t\t\t<path fill=\"#fff\" d=\"M2 0a2 2 0 0 0-2 2v2h1.5V2a.5.5 0 0 1 .5-.5h2V0H2Zm2 10.5H2a.5.5 0 0 1-.5-.5V8H0v2a2 2 0 0 0 2 2h2v-1.5ZM8 12v-1.5h2a.5.5 0 0 0 .5-.5V8H12v2a2 2 0 0 1-2 2H8Zm2-12a2 2 0 0 1 2 2v2h-1.5V2a.5.5 0 0 0-.5-.5H8V0h2Z\" \/>\n\t\t\t<\/svg>\n\t\t<\/button><figcaption class=\"wp-element-caption\">Foto: Therme Erding \/ Wikimedia Commons, CC BY-SA 3.0<\/figcaption><\/figure>\n\n\n\n<h2 class=\"wp-block-heading\"><span class=\"ez-toc-section\" id=\"Termalbad_i_Bayern\"><\/span>Termalbad i Bayern<span class=\"ez-toc-section-end\"><\/span><\/h2>\n\n\n\n<p class=\"wp-block-paragraph\">Bayern \u00e4r en termalstormakt: h\u00e4r st\u00e5r tropiska komplex med vattenrutschbanor sida vid sida med lugna kurorter d\u00e4r vattnet dricks lika ofta som man sitter i det. H\u00e4r hittar du enligt driftsbolaget v\u00e4rldens st\u00f6rsta termalanl\u00e4ggning, och k\u00e4nda kurorter som Bad F\u00fcssing, Bad Griesbach och Bad Kissingen erbjuder det \u00f6verl\u00e4gset bredaste utbudet av bad i hela Tyskland. F\u00f6rdelen \u00e4r att m\u00e5nga av dessa komplex ligger n\u00e4ra gr\u00e4nsen om du reser s\u00f6derut.<\/p>\n\n\n\n<p class=\"wp-block-paragraph\">Bayerska termalbad \u00e4r enorma, moderna och har ofta strikta regler f\u00f6r barns intr\u00e4de, s\u00e5 kolla alltid i f\u00f6rv\u00e4g vem platsen passar b\u00e4st f\u00f6r. R\u00e4kna med att det handlar om avst\u00e5nd som g\u00f6r en snabb helgflykt undan vintern och stressen fullt m\u00f6jlig, s\u00e4rskilt om du kombinerar det med en l\u00e5nghelg i s\u00f6dra Tyskland.<\/p>\n\n\n\n<figure data-wp-context=\"{&quot;imageId&quot;:&quot;6a9c41a71303c&quot;}\" data-wp-interactive=\"core\/image\" data-wp-key=\"6a9c41a71303c\" class=\"wp-block-image size-full wp-lightbox-container\"><img decoding=\"async\" width=\"1800\" height=\"1350\" data-wp-class--hide=\"state.isContentHidden\" data-wp-class--show=\"state.isContentVisible\" data-wp-init=\"callbacks.setButtonStyles\" data-wp-on--click=\"actions.showLightbox\" data-wp-on--load=\"callbacks.setButtonStyles\" data-wp-on--pointerdown=\"actions.preloadImage\" data-wp-on--pointerenter=\"actions.preloadImageWithDelay\" data-wp-on--pointerleave=\"actions.cancelPreload\" data-wp-on-window--resize=\"callbacks.setButtonStyles\" src=\"https:\/\/loudavymkrokem.cz\/wp-content\/uploads\/2026\/09\/nemecko-clanky-termaly-nemecko-06-89de543b.jpg\" alt=\"Therme Erding (Erding): tropisk bass\u00e4ng med palmer\" class=\"wp-image-415293\" title=\"\" srcset=\"https:\/\/loudavymkrokem.cz\/wp-content\/uploads\/2026\/09\/nemecko-clanky-termaly-nemecko-06-89de543b.jpg 1800w, https:\/\/loudavymkrokem.cz\/wp-content\/uploads\/2026\/09\/nemecko-clanky-termaly-nemecko-06-89de543b-300x225.jpg 300w, https:\/\/loudavymkrokem.cz\/wp-content\/uploads\/2026\/09\/nemecko-clanky-termaly-nemecko-06-89de543b-700x525.jpg 700w, https:\/\/loudavymkrokem.cz\/wp-content\/uploads\/2026\/09\/nemecko-clanky-termaly-nemecko-06-89de543b-768x576.jpg 768w, https:\/\/loudavymkrokem.cz\/wp-content\/uploads\/2026\/09\/nemecko-clanky-termaly-nemecko-06-89de543b-1536x1152.jpg 1536w, https:\/\/loudavymkrokem.cz\/wp-content\/uploads\/2026\/09\/nemecko-clanky-termaly-nemecko-06-89de543b-80x60.jpg 80w, https:\/\/loudavymkrokem.cz\/wp-content\/uploads\/2026\/09\/nemecko-clanky-termaly-nemecko-06-89de543b-160x120.jpg 160w, https:\/\/loudavymkrokem.cz\/wp-content\/uploads\/2026\/09\/nemecko-clanky-termaly-nemecko-06-89de543b-696x522.jpg 696w, https:\/\/loudavymkrokem.cz\/wp-content\/uploads\/2026\/09\/nemecko-clanky-termaly-nemecko-06-89de543b-1392x1044.jpg 1392w\" sizes=\"(max-width: 1800px) 100vw, 1800px\" \/><button\n\t\t\tclass=\"lightbox-trigger\"\n\t\t\ttype=\"button\"\n\t\t\taria-haspopup=\"dialog\"\n\t\t\tdata-wp-bind--aria-label=\"state.thisImage.triggerButtonAriaLabel\"\n\t\t\tdata-wp-init=\"callbacks.initTriggerButton\"\n\t\t\tdata-wp-on--click=\"actions.showLightbox\"\n\t\t\tdata-wp-style--right=\"state.thisImage.buttonRight\"\n\t\t\tdata-wp-style--top=\"state.thisImage.buttonTop\"\n\t\t>\n\t\t\t<svg xmlns=\"http:\/\/www.w3.org\/2000\/svg\" width=\"12\" height=\"12\" fill=\"none\" viewBox=\"0 0 12 12\">\n\t\t\t\t<path fill=\"#fff\" d=\"M2 0a2 2 0 0 0-2 2v2h1.5V2a.5.5 0 0 1 .5-.5h2V0H2Zm2 10.5H2a.5.5 0 0 1-.5-.5V8H0v2a2 2 0 0 0 2 2h2v-1.5ZM8 12v-1.5h2a.5.5 0 0 0 .5-.5V8H12v2a2 2 0 0 1-2 2H8Zm2-12a2 2 0 0 1 2 2v2h-1.5V2a.5.5 0 0 0-.5-.5H8V0h2Z\" \/>\n\t\t\t<\/svg>\n\t\t<\/button><figcaption class=\"wp-element-caption\">Foto: Therme Erding \/ Wikimedia Commons, Public domain<\/figcaption><\/figure>\n\n\n\n<h3 class=\"wp-block-heading\"><span class=\"ez-toc-section\" id=\"1_Therme_Erding_Erding\"><\/span>1. Therme Erding (Erding)<span class=\"ez-toc-section-end\"><\/span><\/h3>\n\n\n\n<p class=\"wp-block-paragraph\">Det h\u00e4r komplexet i staden Erding stoltserar enligt driftsbolaget med titeln <strong>v\u00e4rldens st\u00f6rsta termalbad<\/strong>. Dess totala yta uppgick 2019 till otroliga <strong>430 000 kvadratmeter<\/strong>. Av dessa utg\u00f6r hela 185 000 kvadratmeter anv\u00e4ndbar yta direkt f\u00f6r g\u00e4sterna. Anl\u00e4ggningen delas in i fyra huvuddelar: den klassiska termaldelen Thermenparadies, actionzonen Galaxy Erding och lugnzonerna VitalOase och VitalTherme &#038; Saunen.<\/p>\n\n\n\n<p class=\"wp-block-paragraph\">Inuti v\u00e4ntar hela <strong>40 bass\u00e4nger och vattenytor<\/strong>, som kompletteras av totalt 38 olika bastur och \u00e5ngbad. Bastutemperaturen ligger mellan behagliga 38 \u00b0C och heta 90 \u00b0C. F\u00f6r adrenalin\u00e4lskare finns <strong>28 vattenrutschbanor<\/strong> med en total l\u00e4ngd p\u00e5 \u00f6ver 2 850 meter. Om du gillar att gunga p\u00e5 v\u00e5gorna kommer du garanterat att \u00e4lska den enorma v\u00e5gbass\u00e4ngen, d\u00e4r vattnet h\u00e5ller 34 \u00b0C och v\u00e5gorna n\u00e5r upp till tv\u00e5 meter.<\/p>\n\n\n\n<p class=\"wp-block-paragraph\">Den genomsnittliga lufttemperaturen i hela anl\u00e4ggningen h\u00e5ller sig p\u00e5 tropiska 28 \u00b0C. H\u00e4r finns ocks\u00e5 en riktig unikitet, Polaris, som s\u00e4gs vara <strong>v\u00e4rldens st\u00f6rsta kallbass\u00e4ng<\/strong> med en vattentemperatur p\u00e5 14 till 18 \u00b0C. I zonen VitalTherme v\u00e4rmer du d\u00e4remot upp dig i den stora champagnebass\u00e4ngen eller meditationspoolen med 34-gradigt vatten. <strong>\ud83d\udca1 Tips:<\/strong> Avs\u00e4tt en hel dag f\u00f6r bes\u00f6ket, f\u00f6r anl\u00e4ggningen \u00e4r s\u00e5 enorm att du p\u00e5 ett par timmar knappt hinner med en br\u00e5kdel av alla attraktioner.<\/p>\n\n\n\n<figure data-wp-context=\"{&quot;imageId&quot;:&quot;6a9c41a714524&quot;}\" data-wp-interactive=\"core\/image\" data-wp-key=\"6a9c41a714524\" class=\"wp-block-image size-full wp-lightbox-container\"><img decoding=\"async\" width=\"1800\" height=\"1350\" data-wp-class--hide=\"state.isContentHidden\" data-wp-class--show=\"state.isContentVisible\" data-wp-init=\"callbacks.setButtonStyles\" data-wp-on--click=\"actions.showLightbox\" data-wp-on--load=\"callbacks.setButtonStyles\" data-wp-on--pointerdown=\"actions.preloadImage\" data-wp-on--pointerenter=\"actions.preloadImageWithDelay\" data-wp-on--pointerleave=\"actions.cancelPreload\" data-wp-on-window--resize=\"callbacks.setButtonStyles\" src=\"https:\/\/loudavymkrokem.cz\/wp-content\/uploads\/2026\/09\/nemecko-clanky-termaly-nemecko-07-5c780451.jpg\" alt=\"Therme Bad W\u00f6rishofen (Bad W\u00f6rishofen)\" class=\"wp-image-415294\" title=\"\" srcset=\"https:\/\/loudavymkrokem.cz\/wp-content\/uploads\/2026\/09\/nemecko-clanky-termaly-nemecko-07-5c780451.jpg 1800w, https:\/\/loudavymkrokem.cz\/wp-content\/uploads\/2026\/09\/nemecko-clanky-termaly-nemecko-07-5c780451-300x225.jpg 300w, https:\/\/loudavymkrokem.cz\/wp-content\/uploads\/2026\/09\/nemecko-clanky-termaly-nemecko-07-5c780451-700x525.jpg 700w, https:\/\/loudavymkrokem.cz\/wp-content\/uploads\/2026\/09\/nemecko-clanky-termaly-nemecko-07-5c780451-768x576.jpg 768w, https:\/\/loudavymkrokem.cz\/wp-content\/uploads\/2026\/09\/nemecko-clanky-termaly-nemecko-07-5c780451-1536x1152.jpg 1536w, https:\/\/loudavymkrokem.cz\/wp-content\/uploads\/2026\/09\/nemecko-clanky-termaly-nemecko-07-5c780451-80x60.jpg 80w, https:\/\/loudavymkrokem.cz\/wp-content\/uploads\/2026\/09\/nemecko-clanky-termaly-nemecko-07-5c780451-160x120.jpg 160w, https:\/\/loudavymkrokem.cz\/wp-content\/uploads\/2026\/09\/nemecko-clanky-termaly-nemecko-07-5c780451-696x522.jpg 696w, https:\/\/loudavymkrokem.cz\/wp-content\/uploads\/2026\/09\/nemecko-clanky-termaly-nemecko-07-5c780451-1392x1044.jpg 1392w\" sizes=\"(max-width: 1800px) 100vw, 1800px\" \/><button\n\t\t\tclass=\"lightbox-trigger\"\n\t\t\ttype=\"button\"\n\t\t\taria-haspopup=\"dialog\"\n\t\t\tdata-wp-bind--aria-label=\"state.thisImage.triggerButtonAriaLabel\"\n\t\t\tdata-wp-init=\"callbacks.initTriggerButton\"\n\t\t\tdata-wp-on--click=\"actions.showLightbox\"\n\t\t\tdata-wp-style--right=\"state.thisImage.buttonRight\"\n\t\t\tdata-wp-style--top=\"state.thisImage.buttonTop\"\n\t\t>\n\t\t\t<svg xmlns=\"http:\/\/www.w3.org\/2000\/svg\" width=\"12\" height=\"12\" fill=\"none\" viewBox=\"0 0 12 12\">\n\t\t\t\t<path fill=\"#fff\" d=\"M2 0a2 2 0 0 0-2 2v2h1.5V2a.5.5 0 0 1 .5-.5h2V0H2Zm2 10.5H2a.5.5 0 0 1-.5-.5V8H0v2a2 2 0 0 0 2 2h2v-1.5ZM8 12v-1.5h2a.5.5 0 0 0 .5-.5V8H12v2a2 2 0 0 1-2 2H8Zm2-12a2 2 0 0 1 2 2v2h-1.5V2a.5.5 0 0 0-.5-.5H8V0h2Z\" \/>\n\t\t\t<\/svg>\n\t\t<\/button><figcaption class=\"wp-element-caption\">Foto: Therme Bad W\u00f6rishofen 2010 \/ Wikimedia Commons, CC BY-SA 3.0<\/figcaption><\/figure>\n\n\n\n<h3 class=\"wp-block-heading\"><span class=\"ez-toc-section\" id=\"2_Therme_Bad_Worishofen_Bad_Worishofen\"><\/span>2. Therme Bad W\u00f6rishofen (Bad W\u00f6rishofen)<span class=\"ez-toc-section-end\"><\/span><\/h3>\n\n\n\n<p class=\"wp-block-paragraph\">Termalbaden i lilla Bad W\u00f6rishofen g\u00f6mmer en v\u00e4rldsunik detalj: den enorma rustika bastun <strong>Blockhaus am See f\u00f6r \u00f6ver 150 g\u00e4ster<\/strong>. Den r\u00e4knas till v\u00e4rldens st\u00f6rsta bastur och du upplever en helt oefterh\u00e4rmlig st\u00e4mning i den. Hela termallandskapet breder ut sig \u00f6ver imponerande <strong>5 000 kvadratmeter<\/strong> och byggdes mellan 2001 och 2004 under ledning av investeraren Josef Wund.<\/p>\n\n\n\n<p class=\"wp-block-paragraph\">Bad njuter du av i totalt \u00e5tta bass\u00e4nger fyllda med v\u00e4lg\u00f6rande termalvatten. Bastuv\u00e4rlden erbjuder <strong>\u00f6ver 15 tematiska bastur<\/strong>, bland vilka den vackra moriska Alhambra, den klassiska romerska bastun eller den japanska meditationsbastun med ett vackert akvarium med koikarpar sticker ut. Barnen har tillg\u00e5ng till en vattenrutschbana och en bred fartrutschbana, men de \u00e4r \u00f6ppna bara vid vissa tider i sportbass\u00e4ngen.<\/p>\n\n\n\n<p class=\"wp-block-paragraph\">Enligt prislistan f\u00f6r 2026 betalar du <strong>27 euro<\/strong> f\u00f6r en tv\u00e5timmarsentr\u00e9, fyra timmar kostar 35 euro och en heldagsbiljett kostar 51 euro. F\u00f6r intr\u00e4de till bastun betalar du extra 5 euro, och p\u00e5 helger och helgdagar r\u00e4knar du med ett till\u00e4gg p\u00e5 3 euro. \u00c5ldersgr\u00e4nsen \u00e4r h\u00e4r <strong>strikt satt till 16 \u00e5r<\/strong>. <strong>\ud83d\udca1 Tips:<\/strong> Vill du komma med mindre barn m\u00e5ste du \u00e5ka just p\u00e5 l\u00f6rdagar mellan klockan 9 och 19 till den s\u00e5 kallade Family Samstag, d\u00e5 familjeentr\u00e9n f\u00f6r tre personer kostar 74 euro.<\/p>\n\n\n\n<figure data-wp-context=\"{&quot;imageId&quot;:&quot;6a9c41a715114&quot;}\" data-wp-interactive=\"core\/image\" data-wp-key=\"6a9c41a715114\" class=\"wp-block-image size-full wp-lightbox-container\"><img decoding=\"async\" width=\"1800\" height=\"1350\" data-wp-class--hide=\"state.isContentHidden\" data-wp-class--show=\"state.isContentVisible\" data-wp-init=\"callbacks.setButtonStyles\" data-wp-on--click=\"actions.showLightbox\" data-wp-on--load=\"callbacks.setButtonStyles\" data-wp-on--pointerdown=\"actions.preloadImage\" data-wp-on--pointerenter=\"actions.preloadImageWithDelay\" data-wp-on--pointerleave=\"actions.cancelPreload\" data-wp-on-window--resize=\"callbacks.setButtonStyles\" src=\"https:\/\/loudavymkrokem.cz\/wp-content\/uploads\/2026\/09\/nemecko-clanky-termaly-nemecko-08-779c2251.jpg\" alt=\"Entr\u00e9n till Therme Bad Aibling med en glaskupol\" class=\"wp-image-415295\" title=\"\" srcset=\"https:\/\/loudavymkrokem.cz\/wp-content\/uploads\/2026\/09\/nemecko-clanky-termaly-nemecko-08-779c2251.jpg 1800w, https:\/\/loudavymkrokem.cz\/wp-content\/uploads\/2026\/09\/nemecko-clanky-termaly-nemecko-08-779c2251-300x225.jpg 300w, https:\/\/loudavymkrokem.cz\/wp-content\/uploads\/2026\/09\/nemecko-clanky-termaly-nemecko-08-779c2251-700x525.jpg 700w, https:\/\/loudavymkrokem.cz\/wp-content\/uploads\/2026\/09\/nemecko-clanky-termaly-nemecko-08-779c2251-768x576.jpg 768w, https:\/\/loudavymkrokem.cz\/wp-content\/uploads\/2026\/09\/nemecko-clanky-termaly-nemecko-08-779c2251-1536x1152.jpg 1536w, https:\/\/loudavymkrokem.cz\/wp-content\/uploads\/2026\/09\/nemecko-clanky-termaly-nemecko-08-779c2251-80x60.jpg 80w, https:\/\/loudavymkrokem.cz\/wp-content\/uploads\/2026\/09\/nemecko-clanky-termaly-nemecko-08-779c2251-160x120.jpg 160w, https:\/\/loudavymkrokem.cz\/wp-content\/uploads\/2026\/09\/nemecko-clanky-termaly-nemecko-08-779c2251-696x522.jpg 696w, https:\/\/loudavymkrokem.cz\/wp-content\/uploads\/2026\/09\/nemecko-clanky-termaly-nemecko-08-779c2251-1392x1044.jpg 1392w\" sizes=\"(max-width: 1800px) 100vw, 1800px\" \/><button\n\t\t\tclass=\"lightbox-trigger\"\n\t\t\ttype=\"button\"\n\t\t\taria-haspopup=\"dialog\"\n\t\t\tdata-wp-bind--aria-label=\"state.thisImage.triggerButtonAriaLabel\"\n\t\t\tdata-wp-init=\"callbacks.initTriggerButton\"\n\t\t\tdata-wp-on--click=\"actions.showLightbox\"\n\t\t\tdata-wp-style--right=\"state.thisImage.buttonRight\"\n\t\t\tdata-wp-style--top=\"state.thisImage.buttonTop\"\n\t\t>\n\t\t\t<svg xmlns=\"http:\/\/www.w3.org\/2000\/svg\" width=\"12\" height=\"12\" fill=\"none\" viewBox=\"0 0 12 12\">\n\t\t\t\t<path fill=\"#fff\" d=\"M2 0a2 2 0 0 0-2 2v2h1.5V2a.5.5 0 0 1 .5-.5h2V0H2Zm2 10.5H2a.5.5 0 0 1-.5-.5V8H0v2a2 2 0 0 0 2 2h2v-1.5ZM8 12v-1.5h2a.5.5 0 0 0 .5-.5V8H12v2a2 2 0 0 1-2 2H8Zm2-12a2 2 0 0 1 2 2v2h-1.5V2a.5.5 0 0 0-.5-.5H8V0h2Z\" \/>\n\t\t\t<\/svg>\n\t\t<\/button><\/figure>\n\n\n\n<h3 class=\"wp-block-heading\"><span class=\"ez-toc-section\" id=\"3_Therme_Bad_Aibling_Bad_Aibling\"><\/span>3. Therme Bad Aibling (Bad Aibling)<span class=\"ez-toc-section-end\"><\/span><\/h3>\n\n\n\n<p class=\"wp-block-paragraph\">En helt otraditionell upplevelse v\u00e4ntar dig i Bad Aibling, d\u00e4r anl\u00e4ggningen \u00e4r byggd i form av sammanl\u00e4nkade kupoler. I en av dem, med en diameter p\u00e5 11 meter, projicerar till och med <strong>7 videoprojektorer en 135 kvadratmeter stor bild<\/strong> direkt p\u00e5 insidan av valvet. Hela termallandskapet sm\u00e4lter mjukt in i den omgivande terr\u00e4ngens topografi och breder ut sig \u00f6ver hela <strong>10 000 kvadratmeter<\/strong>, varav \u00f6ver 600 kvadratmeter \u00e4r vattenytor.<\/p>\n\n\n\n<p class=\"wp-block-paragraph\">I de olika slutna kuporna njuter du av meditativ avkoppling i termalvatten som h\u00e5ller vackra <strong>32 till 36 \u00b0C<\/strong>. En egenhet h\u00e4r \u00e4r bastandet, som anv\u00e4nder Physiotherm-principen, s\u00e5 skonsam svettning inifr\u00e5n och ut garanteras redan vid temperaturer fr\u00e5n 30 \u00b0C. Det \u00e4r f\u00f6rmodligen det ideala valet f\u00f6r dig som inte m\u00e5r bra av klassiska heta bastur i blodcirkulationen.<\/p>\n\n\n\n<p class=\"wp-block-paragraph\">Enligt prislistan f\u00f6r 2026 kostar en fyratimmarsentr\u00e9 f\u00f6r en vuxen <strong>28 euro<\/strong> och en heldagsbiljett k\u00f6per du f\u00f6r 33 euro. Vill du njuta av bastun betalar du extra 6 euro. Barn och ungdomar under 14 \u00e5r f\u00e5r bara komma i s\u00e4llskap med en vuxen. <strong>\ud83d\udca1 Tips:<\/strong> K\u00f6p definitivt till en lerceremoni (Moorzeremonie) f\u00f6r 7 euro eller en sk\u00f6n saltpeeling f\u00f6r 4 euro p\u00e5 plats, din hud kommer att tacka dig.<\/p>\n\n\n\n<figure data-wp-context=\"{&quot;imageId&quot;:&quot;6a9c41a7157ff&quot;}\" data-wp-interactive=\"core\/image\" data-wp-key=\"6a9c41a7157ff\" class=\"wp-block-image size-full wp-lightbox-container\"><img decoding=\"async\" width=\"1800\" height=\"1800\" data-wp-class--hide=\"state.isContentHidden\" data-wp-class--show=\"state.isContentVisible\" data-wp-init=\"callbacks.setButtonStyles\" data-wp-on--click=\"actions.showLightbox\" data-wp-on--load=\"callbacks.setButtonStyles\" data-wp-on--pointerdown=\"actions.preloadImage\" data-wp-on--pointerenter=\"actions.preloadImageWithDelay\" data-wp-on--pointerleave=\"actions.cancelPreload\" data-wp-on-window--resize=\"callbacks.setButtonStyles\" src=\"https:\/\/loudavymkrokem.cz\/wp-content\/uploads\/2026\/09\/nemecko-clanky-termaly-nemecko-09-cf7ab67f.jpg\" alt=\"KissSalis Therme (Bad Kissingen): utomhusbass\u00e4ng\" class=\"wp-image-415296\" title=\"\" srcset=\"https:\/\/loudavymkrokem.cz\/wp-content\/uploads\/2026\/09\/nemecko-clanky-termaly-nemecko-09-cf7ab67f.jpg 1800w, https:\/\/loudavymkrokem.cz\/wp-content\/uploads\/2026\/09\/nemecko-clanky-termaly-nemecko-09-cf7ab67f-300x300.jpg 300w, https:\/\/loudavymkrokem.cz\/wp-content\/uploads\/2026\/09\/nemecko-clanky-termaly-nemecko-09-cf7ab67f-700x700.jpg 700w, https:\/\/loudavymkrokem.cz\/wp-content\/uploads\/2026\/09\/nemecko-clanky-termaly-nemecko-09-cf7ab67f-150x150.jpg 150w, https:\/\/loudavymkrokem.cz\/wp-content\/uploads\/2026\/09\/nemecko-clanky-termaly-nemecko-09-cf7ab67f-768x768.jpg 768w, https:\/\/loudavymkrokem.cz\/wp-content\/uploads\/2026\/09\/nemecko-clanky-termaly-nemecko-09-cf7ab67f-1536x1536.jpg 1536w, https:\/\/loudavymkrokem.cz\/wp-content\/uploads\/2026\/09\/nemecko-clanky-termaly-nemecko-09-cf7ab67f-696x696.jpg 696w, https:\/\/loudavymkrokem.cz\/wp-content\/uploads\/2026\/09\/nemecko-clanky-termaly-nemecko-09-cf7ab67f-1392x1392.jpg 1392w\" sizes=\"(max-width: 1800px) 100vw, 1800px\" \/><button\n\t\t\tclass=\"lightbox-trigger\"\n\t\t\ttype=\"button\"\n\t\t\taria-haspopup=\"dialog\"\n\t\t\tdata-wp-bind--aria-label=\"state.thisImage.triggerButtonAriaLabel\"\n\t\t\tdata-wp-init=\"callbacks.initTriggerButton\"\n\t\t\tdata-wp-on--click=\"actions.showLightbox\"\n\t\t\tdata-wp-style--right=\"state.thisImage.buttonRight\"\n\t\t\tdata-wp-style--top=\"state.thisImage.buttonTop\"\n\t\t>\n\t\t\t<svg xmlns=\"http:\/\/www.w3.org\/2000\/svg\" width=\"12\" height=\"12\" fill=\"none\" viewBox=\"0 0 12 12\">\n\t\t\t\t<path fill=\"#fff\" d=\"M2 0a2 2 0 0 0-2 2v2h1.5V2a.5.5 0 0 1 .5-.5h2V0H2Zm2 10.5H2a.5.5 0 0 1-.5-.5V8H0v2a2 2 0 0 0 2 2h2v-1.5ZM8 12v-1.5h2a.5.5 0 0 0 .5-.5V8H12v2a2 2 0 0 1-2 2H8Zm2-12a2 2 0 0 1 2 2v2h-1.5V2a.5.5 0 0 0-.5-.5H8V0h2Z\" \/>\n\t\t\t<\/svg>\n\t\t<\/button><\/figure>\n\n\n\n<h3 class=\"wp-block-heading\"><span class=\"ez-toc-section\" id=\"4_KissSalis_Therme_Bad_Kissingen\"><\/span>4. KissSalis Therme (Bad Kissingen)<span class=\"ez-toc-section-end\"><\/span><\/h3>\n\n\n\n<p class=\"wp-block-paragraph\">\u00c5k till dessa bad i Bad Kissingen om du letar efter en verkligt vidstr\u00e4ckt och varierad anl\u00e4ggning. Den breder ut sig \u00f6ver <strong>8 000 kvadratmeter<\/strong> och h\u00e4r finns totalt 10 inomhus- och utomhusbass\u00e4nger. De allra flesta \u00e4r fyllda med v\u00e4rdefullt termalvatten direkt fr\u00e5n Bad Kissingen. Sj\u00e4lva termallandskapet inomhus, som erbjuder gener\u00f6sa 1 000 kvadratmeter vattenyta, v\u00e4rmer dig med vatten p\u00e5 <strong>32 till 38 \u00b0C<\/strong>.<\/p>\n\n\n\n<p class=\"wp-block-paragraph\">Hj\u00e4rtat i komplexet \u00e4r en stor inomhusbass\u00e4ng med massages\u00e4ngar och vattenfall, som ansluter till tv\u00e5 bubbelpooler med en temperatur p\u00e5 upp till 38 \u00b0C. Ute imponerar en varm utomhuspool, en str\u00f6mkanal och en s\u00e4rskild intensiv saltbass\u00e4ng med en <strong>saltkoncentration p\u00e5 6 till 8 %<\/strong>, d\u00e4r du h\u00e4rligt sv\u00e4var under stj\u00e4rnhimlen. F\u00f6r nedkylning fungerar en kallbass\u00e4ng med 18 \u00b0C eller Kneipp-g\u00e5ngar d\u00e4r stenar behagligt masserar f\u00f6tternas reflexzoner.<\/p>\n\n\n\n<p class=\"wp-block-paragraph\">Bastuparken \u00e4r h\u00e4r en riktig oas av lugn med en vidstr\u00e4ckt bastutr\u00e4dg\u00e5rd. Den erbjuder totalt <strong>9 olika bastur och \u00e5ngbad<\/strong>, d\u00e4r m\u00e5nga basturitualer \u00e4ger rum. Om du klarar h\u00f6g luftfuktighet, prova det inglasade \u00e5ngbadet med en temperatur p\u00e5 47 \u00b0C och hundraprocentig luftfuktighet. <strong>\ud83d\udca1 Tips:<\/strong> Missa inte saltinhalationen, d\u00e4r naturlig saltl\u00f6sning droppar vid 40 till 45 \u00b0C, vilket fantastiskt l\u00f6sg\u00f6r andningsv\u00e4garna.<\/p>\n\n\n\n<figure data-wp-context=\"{&quot;imageId&quot;:&quot;6a9c41a7161fd&quot;}\" data-wp-interactive=\"core\/image\" data-wp-key=\"6a9c41a7161fd\" class=\"wp-block-image size-full wp-lightbox-container\"><img decoding=\"async\" width=\"1800\" height=\"1200\" data-wp-class--hide=\"state.isContentHidden\" data-wp-class--show=\"state.isContentVisible\" data-wp-init=\"callbacks.setButtonStyles\" data-wp-on--click=\"actions.showLightbox\" data-wp-on--load=\"callbacks.setButtonStyles\" data-wp-on--pointerdown=\"actions.preloadImage\" data-wp-on--pointerenter=\"actions.preloadImageWithDelay\" data-wp-on--pointerleave=\"actions.cancelPreload\" data-wp-on-window--resize=\"callbacks.setButtonStyles\" src=\"https:\/\/loudavymkrokem.cz\/wp-content\/uploads\/2026\/09\/nemecko-clanky-termaly-nemecko-10-62b37e1f.jpg\" alt=\"Hotel Victory Therme Erding (Erding)\" class=\"wp-image-415297\" title=\"\" srcset=\"https:\/\/loudavymkrokem.cz\/wp-content\/uploads\/2026\/09\/nemecko-clanky-termaly-nemecko-10-62b37e1f.jpg 1800w, https:\/\/loudavymkrokem.cz\/wp-content\/uploads\/2026\/09\/nemecko-clanky-termaly-nemecko-10-62b37e1f-300x200.jpg 300w, https:\/\/loudavymkrokem.cz\/wp-content\/uploads\/2026\/09\/nemecko-clanky-termaly-nemecko-10-62b37e1f-700x467.jpg 700w, https:\/\/loudavymkrokem.cz\/wp-content\/uploads\/2026\/09\/nemecko-clanky-termaly-nemecko-10-62b37e1f-768x512.jpg 768w, https:\/\/loudavymkrokem.cz\/wp-content\/uploads\/2026\/09\/nemecko-clanky-termaly-nemecko-10-62b37e1f-1536x1024.jpg 1536w, https:\/\/loudavymkrokem.cz\/wp-content\/uploads\/2026\/09\/nemecko-clanky-termaly-nemecko-10-62b37e1f-696x464.jpg 696w, https:\/\/loudavymkrokem.cz\/wp-content\/uploads\/2026\/09\/nemecko-clanky-termaly-nemecko-10-62b37e1f-1392x928.jpg 1392w\" sizes=\"(max-width: 1800px) 100vw, 1800px\" \/><button\n\t\t\tclass=\"lightbox-trigger\"\n\t\t\ttype=\"button\"\n\t\t\taria-haspopup=\"dialog\"\n\t\t\tdata-wp-bind--aria-label=\"state.thisImage.triggerButtonAriaLabel\"\n\t\t\tdata-wp-init=\"callbacks.initTriggerButton\"\n\t\t\tdata-wp-on--click=\"actions.showLightbox\"\n\t\t\tdata-wp-style--right=\"state.thisImage.buttonRight\"\n\t\t\tdata-wp-style--top=\"state.thisImage.buttonTop\"\n\t\t>\n\t\t\t<svg xmlns=\"http:\/\/www.w3.org\/2000\/svg\" width=\"12\" height=\"12\" fill=\"none\" viewBox=\"0 0 12 12\">\n\t\t\t\t<path fill=\"#fff\" d=\"M2 0a2 2 0 0 0-2 2v2h1.5V2a.5.5 0 0 1 .5-.5h2V0H2Zm2 10.5H2a.5.5 0 0 1-.5-.5V8H0v2a2 2 0 0 0 2 2h2v-1.5ZM8 12v-1.5h2a.5.5 0 0 0 .5-.5V8H12v2a2 2 0 0 1-2 2H8Zm2-12a2 2 0 0 1 2 2v2h-1.5V2a.5.5 0 0 0-.5-.5H8V0h2Z\" \/>\n\t\t\t<\/svg>\n\t\t<\/button><\/figure>\n\n\n\n<h3 class=\"wp-block-heading\"><span class=\"ez-toc-section\" id=\"5_Hotel_Victory_Therme_Erding_Erding\"><\/span>5. Hotel Victory Therme Erding (Erding)<span class=\"ez-toc-section-end\"><\/span><\/h3>\n\n\n\n<p class=\"wp-block-paragraph\">H\u00e4r m\u00e5ste man direkt p\u00e5peka att det inte r\u00f6r sig om ett klassiskt offentligt termalbad, utan om ett <strong>lyxhotell som st\u00e5r mitt inne i<\/strong> det ber\u00f6mda Therme Erding. Byggnadens arkitektur \u00e4r helt h\u00e4nf\u00f6rande, eftersom den utifr\u00e5n ser ut som en perfekt replik av det historiska skeppet HMS Victory sammanfogat med ett praktfullt venetianskt palats. Det \u00e4r f\u00f6rmodligen det mest romantiska boende du kan uppleva i tyska termalbad.<\/p>\n\n\n\n<p class=\"wp-block-paragraph\">G\u00e4sterna har tillg\u00e5ng till <strong>128 tematiskt inredda rum<\/strong>, indelade i sju olika kategorier. Du kan sova i s\u00e5 kallade Captain&#8217;s Cabins med skeppss\u00e4ngar och en vacker panoramautsikt rakt ut mot den tropiska v\u00e5gbass\u00e4ngen. F\u00f6redrar du italiensk elegans v\u00e4ljer du rummen Serenissima i venetiansk stil med stora loggiad\u00f6rrar.<\/p>\n\n\n\n<p class=\"wp-block-paragraph\">En enorm f\u00f6rdel \u00e4r att du fr\u00e5n hotellobbyn kommer i badrock direkt ner till v\u00e5gbass\u00e4ngen. I priset f\u00f6r varje natt ing\u00e5r dessutom redan <strong>intr\u00e4de till termalbaden<\/strong>, inklusive lugnzonerna VitalOase och VitalTherme &#038; Saunen. Det passar b\u00e5de par och familjer som s\u00f6ker en otraditionell upplevelse. <strong>\ud83d\udca1 Tips:<\/strong> Var mycket f\u00f6rsiktig vid bokning \u2013 den officiella webbplatsen \u00e4r therme-erding.de, medan sidan hotelerding.com bara \u00e4r en j\u00e4mf\u00f6relsesajt och inte tillh\u00f6r hotellet direkt.<\/p>\n\n\n\n<figure data-wp-context=\"{&quot;imageId&quot;:&quot;6a9c41a716b86&quot;}\" data-wp-interactive=\"core\/image\" data-wp-key=\"6a9c41a716b86\" class=\"wp-block-image size-full wp-lightbox-container\"><img decoding=\"async\" width=\"1800\" height=\"2400\" data-wp-class--hide=\"state.isContentHidden\" data-wp-class--show=\"state.isContentVisible\" data-wp-init=\"callbacks.setButtonStyles\" data-wp-on--click=\"actions.showLightbox\" data-wp-on--load=\"callbacks.setButtonStyles\" data-wp-on--pointerdown=\"actions.preloadImage\" data-wp-on--pointerenter=\"actions.preloadImageWithDelay\" data-wp-on--pointerleave=\"actions.cancelPreload\" data-wp-on-window--resize=\"callbacks.setButtonStyles\" src=\"https:\/\/loudavymkrokem.cz\/wp-content\/uploads\/2026\/09\/nemecko-clanky-termaly-nemecko-11-338dff9e.jpg\" alt=\"Franken-Therme (Bad Windsheim)\" class=\"wp-image-415298\" title=\"\" srcset=\"https:\/\/loudavymkrokem.cz\/wp-content\/uploads\/2026\/09\/nemecko-clanky-termaly-nemecko-11-338dff9e.jpg 1800w, https:\/\/loudavymkrokem.cz\/wp-content\/uploads\/2026\/09\/nemecko-clanky-termaly-nemecko-11-338dff9e-225x300.jpg 225w, https:\/\/loudavymkrokem.cz\/wp-content\/uploads\/2026\/09\/nemecko-clanky-termaly-nemecko-11-338dff9e-700x933.jpg 700w, https:\/\/loudavymkrokem.cz\/wp-content\/uploads\/2026\/09\/nemecko-clanky-termaly-nemecko-11-338dff9e-768x1024.jpg 768w, https:\/\/loudavymkrokem.cz\/wp-content\/uploads\/2026\/09\/nemecko-clanky-termaly-nemecko-11-338dff9e-1152x1536.jpg 1152w, https:\/\/loudavymkrokem.cz\/wp-content\/uploads\/2026\/09\/nemecko-clanky-termaly-nemecko-11-338dff9e-1536x2048.jpg 1536w, https:\/\/loudavymkrokem.cz\/wp-content\/uploads\/2026\/09\/nemecko-clanky-termaly-nemecko-11-338dff9e-696x928.jpg 696w, https:\/\/loudavymkrokem.cz\/wp-content\/uploads\/2026\/09\/nemecko-clanky-termaly-nemecko-11-338dff9e-1392x1856.jpg 1392w\" sizes=\"(max-width: 1800px) 100vw, 1800px\" \/><button\n\t\t\tclass=\"lightbox-trigger\"\n\t\t\ttype=\"button\"\n\t\t\taria-haspopup=\"dialog\"\n\t\t\tdata-wp-bind--aria-label=\"state.thisImage.triggerButtonAriaLabel\"\n\t\t\tdata-wp-init=\"callbacks.initTriggerButton\"\n\t\t\tdata-wp-on--click=\"actions.showLightbox\"\n\t\t\tdata-wp-style--right=\"state.thisImage.buttonRight\"\n\t\t\tdata-wp-style--top=\"state.thisImage.buttonTop\"\n\t\t>\n\t\t\t<svg xmlns=\"http:\/\/www.w3.org\/2000\/svg\" width=\"12\" height=\"12\" fill=\"none\" viewBox=\"0 0 12 12\">\n\t\t\t\t<path fill=\"#fff\" d=\"M2 0a2 2 0 0 0-2 2v2h1.5V2a.5.5 0 0 1 .5-.5h2V0H2Zm2 10.5H2a.5.5 0 0 1-.5-.5V8H0v2a2 2 0 0 0 2 2h2v-1.5ZM8 12v-1.5h2a.5.5 0 0 0 .5-.5V8H12v2a2 2 0 0 1-2 2H8Zm2-12a2 2 0 0 1 2 2v2h-1.5V2a.5.5 0 0 0-.5-.5H8V0h2Z\" \/>\n\t\t\t<\/svg>\n\t\t<\/button><figcaption class=\"wp-element-caption\">Foto: Andreas Wolf 01 \/ Wikimedia Commons, CC BY 4.0<\/figcaption><\/figure>\n\n\n\n<h3 class=\"wp-block-heading\"><span class=\"ez-toc-section\" id=\"6_Franken-Therme_Bad_Windsheim\"><\/span>6. Franken-Therme (Bad Windsheim)<span class=\"ez-toc-section-end\"><\/span><\/h3>\n\n\n\n<p class=\"wp-block-paragraph\">I bayerska lilla Bad Windsheim v\u00e4ntar en upplevelse som fr\u00e5n D\u00f6da havet. Ortens stolthet \u00e4r n\u00e4mligen en s\u00e4rskild zon med en konstgjord saltsj\u00f6 med en extrem <strong>salthalt p\u00e5 26,9 %<\/strong>. Vattnet \u00e4r tempererat till behagliga 26 till 30 \u00b0C och tack vare den enorma saltt\u00e4theten flyter du utan minsta anstr\u00e4ngning p\u00e5 ytan. Denna termala saltl\u00f6sning pumpas fr\u00e5n en k\u00e4lla som ligger bara 200 meter fr\u00e5n anl\u00e4ggningen.<\/p>\n\n\n\n<p class=\"wp-block-paragraph\">F\u00f6rutom denna extremt salta sj\u00f6 finns h\u00e4r ytterligare tv\u00e5 inomhusbass\u00e4nger med 12 % salt och vatten p\u00e5 34 till 36 \u00b0C. De klassiska badhallarna erbjuder sedan <strong>tre termala saltbass\u00e4nger<\/strong> med en koncentration fr\u00e5n 1,5 till 4 % salt samt en utomhuspool. Anl\u00e4ggningen, som h\u00f6gtidligt \u00f6ppnades i december 2005 f\u00f6r n\u00e4stan 19 miljoner euro och d\u00e4refter byggdes ut, verkar mycket modern och luftig.<\/p>\n\n\n\n<p class=\"wp-block-paragraph\">H\u00e4r finns ocks\u00e5 tv\u00e5 textil\u00e5ngbad och rymliga vilorum. Du kan dessutom unna dig en m\u00e4ngd olika wellnessbehandlingar som varar fr\u00e5n <strong>20 till 120 minuter<\/strong>. Det hela k\u00e4nns som en fantastisk balsam f\u00f6r tr\u00f6tta kroppar och hud. <strong>\ud83d\udca1 Tips:<\/strong> Efter badet i den saltaste sj\u00f6n, g\u00e5 alltid direkt och duscha \u2013 saltkristallerna kan efter torkning klia ganska obehagligt p\u00e5 huden.<\/p>\n\n\n\n<figure data-wp-context=\"{&quot;imageId&quot;:&quot;6a9c41a71741a&quot;}\" data-wp-interactive=\"core\/image\" data-wp-key=\"6a9c41a71741a\" class=\"wp-block-image size-full wp-lightbox-container\"><img decoding=\"async\" width=\"1800\" height=\"1200\" data-wp-class--hide=\"state.isContentHidden\" data-wp-class--show=\"state.isContentVisible\" data-wp-init=\"callbacks.setButtonStyles\" data-wp-on--click=\"actions.showLightbox\" data-wp-on--load=\"callbacks.setButtonStyles\" data-wp-on--pointerdown=\"actions.preloadImage\" data-wp-on--pointerenter=\"actions.preloadImageWithDelay\" data-wp-on--pointerleave=\"actions.cancelPreload\" data-wp-on-window--resize=\"callbacks.setButtonStyles\" src=\"https:\/\/loudavymkrokem.cz\/wp-content\/uploads\/2026\/09\/nemecko-clanky-termaly-nemecko-12-c567f0aa.jpg\" alt=\"Utomhusbass\u00e4ng p\u00e5 K\u00f6nigliche Kristall-Therme i Schwangau med utsikt \u00f6ver Alperna\" class=\"wp-image-415476\" title=\"\" srcset=\"https:\/\/loudavymkrokem.cz\/wp-content\/uploads\/2026\/09\/nemecko-clanky-termaly-nemecko-12-c567f0aa.jpg 1800w, https:\/\/loudavymkrokem.cz\/wp-content\/uploads\/2026\/09\/nemecko-clanky-termaly-nemecko-12-c567f0aa-300x200.jpg 300w, https:\/\/loudavymkrokem.cz\/wp-content\/uploads\/2026\/09\/nemecko-clanky-termaly-nemecko-12-c567f0aa-700x467.jpg 700w, https:\/\/loudavymkrokem.cz\/wp-content\/uploads\/2026\/09\/nemecko-clanky-termaly-nemecko-12-c567f0aa-768x512.jpg 768w, https:\/\/loudavymkrokem.cz\/wp-content\/uploads\/2026\/09\/nemecko-clanky-termaly-nemecko-12-c567f0aa-1536x1024.jpg 1536w, https:\/\/loudavymkrokem.cz\/wp-content\/uploads\/2026\/09\/nemecko-clanky-termaly-nemecko-12-c567f0aa-696x464.jpg 696w, https:\/\/loudavymkrokem.cz\/wp-content\/uploads\/2026\/09\/nemecko-clanky-termaly-nemecko-12-c567f0aa-1392x928.jpg 1392w\" sizes=\"(max-width: 1800px) 100vw, 1800px\" \/><button\n\t\t\tclass=\"lightbox-trigger\"\n\t\t\ttype=\"button\"\n\t\t\taria-haspopup=\"dialog\"\n\t\t\tdata-wp-bind--aria-label=\"state.thisImage.triggerButtonAriaLabel\"\n\t\t\tdata-wp-init=\"callbacks.initTriggerButton\"\n\t\t\tdata-wp-on--click=\"actions.showLightbox\"\n\t\t\tdata-wp-style--right=\"state.thisImage.buttonRight\"\n\t\t\tdata-wp-style--top=\"state.thisImage.buttonTop\"\n\t\t>\n\t\t\t<svg xmlns=\"http:\/\/www.w3.org\/2000\/svg\" width=\"12\" height=\"12\" fill=\"none\" viewBox=\"0 0 12 12\">\n\t\t\t\t<path fill=\"#fff\" d=\"M2 0a2 2 0 0 0-2 2v2h1.5V2a.5.5 0 0 1 .5-.5h2V0H2Zm2 10.5H2a.5.5 0 0 1-.5-.5V8H0v2a2 2 0 0 0 2 2h2v-1.5ZM8 12v-1.5h2a.5.5 0 0 0 .5-.5V8H12v2a2 2 0 0 1-2 2H8Zm2-12a2 2 0 0 1 2 2v2h-1.5V2a.5.5 0 0 0-.5-.5H8V0h2Z\" \/>\n\t\t\t<\/svg>\n\t\t<\/button><\/figure>\n\n\n\n<h3 class=\"wp-block-heading\"><span class=\"ez-toc-section\" id=\"7_Konigliche_Kristall-Therme_Schwangau\"><\/span>7. K\u00f6nigliche Kristall-Therme (Schwangau)<span class=\"ez-toc-section-end\"><\/span><\/h3>\n\n\n\n<p class=\"wp-block-paragraph\">Den h\u00e4r platsen i Schwangau f\u00f6rtrollar dig redan med sitt l\u00e4ge, f\u00f6r direkt fr\u00e5n termalbass\u00e4ngerna njuter du av en <strong>panoramautsikt<\/strong> \u00f6ver det omgivande landskapet och vintertid \u00e4ven \u00f6ver de sn\u00f6t\u00e4ckta Alperna. Hela vilo- och termalytan breder ut sig \u00f6ver hela 14 000 kvadratmeter. Termalvattnet h\u00e4r inneh\u00e5ller 2,5 % salt och tack vare temperaturen kring 34 \u00b0C verkar det som en mild peeling p\u00e5 huden, som blir m\u00e4rkbart mjukare efter badet.<\/p>\n\n\n\n<p class=\"wp-block-paragraph\">B\u00e5de utomhus- och inomhusbass\u00e4ngerna v\u00e4rmer dig med vatten p\u00e5 mellan 32 och 36 \u00b0C. Helt fantastiska \u00e4r de lokala massagemunstyckena som mjukt kn\u00e5dar rygg, ben, mage och stuss. Bastu\u00e4lskare f\u00e5r sitt lystm\u00e4te, f\u00f6r anl\u00e4ggningen g\u00f6mmer <strong>5 tematiska bastur<\/strong> med temperaturer fr\u00e5n 60 till 100 \u00b0C, varav tre \u00e4r inomhus och tv\u00e5 utomhus. Dessutom finns h\u00e4r ett osmanskt hamam och tv\u00e5 \u00e5ngbad med en temperatur upp till 48 \u00b0C.<\/p>\n\n\n\n<p class=\"wp-block-paragraph\">Enligt prislistan f\u00f6r 2026 kostar kv\u00e4llstaxan (Feierabendtarif) fr\u00e5n klockan 18 <strong>19 euro<\/strong> f\u00f6r en vuxen till sj\u00e4lva termalbadet och <strong>26 euro<\/strong> i varianten med Wohlf\u00fchltherme och Zauberberg. Det \u00e4r en idealisk plats f\u00f6r en romantisk flykt f\u00f6r tv\u00e5. <strong>\ud83d\udca1 Tips:<\/strong> Kv\u00e4llstaxan g\u00e4ller \u00e5ret runt, men se upp \u2013 den g\u00e4ller inte p\u00e5 helger och under bayerska helgdagar.<\/p>\n\n\n\n<figure data-wp-context=\"{&quot;imageId&quot;:&quot;6a9c41a717b8d&quot;}\" data-wp-interactive=\"core\/image\" data-wp-key=\"6a9c41a717b8d\" class=\"wp-block-image size-full wp-lightbox-container\"><img decoding=\"async\" width=\"1714\" height=\"2560\" data-wp-class--hide=\"state.isContentHidden\" data-wp-class--show=\"state.isContentVisible\" data-wp-init=\"callbacks.setButtonStyles\" data-wp-on--click=\"actions.showLightbox\" data-wp-on--load=\"callbacks.setButtonStyles\" data-wp-on--pointerdown=\"actions.preloadImage\" data-wp-on--pointerenter=\"actions.preloadImageWithDelay\" data-wp-on--pointerleave=\"actions.cancelPreload\" data-wp-on-window--resize=\"callbacks.setButtonStyles\" src=\"https:\/\/loudavymkrokem.cz\/wp-content\/uploads\/2026\/09\/nemecko-clanky-termaly-nemecko-13-83289bd6-scaled.jpg\" alt=\"Limes-Therme (Bad G\u00f6gging): bastudel\" class=\"wp-image-415302\" title=\"\" srcset=\"https:\/\/loudavymkrokem.cz\/wp-content\/uploads\/2026\/09\/nemecko-clanky-termaly-nemecko-13-83289bd6-scaled.jpg 1714w, https:\/\/loudavymkrokem.cz\/wp-content\/uploads\/2026\/09\/nemecko-clanky-termaly-nemecko-13-83289bd6-201x300.jpg 201w, https:\/\/loudavymkrokem.cz\/wp-content\/uploads\/2026\/09\/nemecko-clanky-termaly-nemecko-13-83289bd6-700x1045.jpg 700w, https:\/\/loudavymkrokem.cz\/wp-content\/uploads\/2026\/09\/nemecko-clanky-termaly-nemecko-13-83289bd6-768x1147.jpg 768w, https:\/\/loudavymkrokem.cz\/wp-content\/uploads\/2026\/09\/nemecko-clanky-termaly-nemecko-13-83289bd6-1029x1536.jpg 1029w, https:\/\/loudavymkrokem.cz\/wp-content\/uploads\/2026\/09\/nemecko-clanky-termaly-nemecko-13-83289bd6-1371x2048.jpg 1371w, https:\/\/loudavymkrokem.cz\/wp-content\/uploads\/2026\/09\/nemecko-clanky-termaly-nemecko-13-83289bd6-696x1039.jpg 696w, https:\/\/loudavymkrokem.cz\/wp-content\/uploads\/2026\/09\/nemecko-clanky-termaly-nemecko-13-83289bd6-1392x2079.jpg 1392w\" sizes=\"(max-width: 1714px) 100vw, 1714px\" \/><button\n\t\t\tclass=\"lightbox-trigger\"\n\t\t\ttype=\"button\"\n\t\t\taria-haspopup=\"dialog\"\n\t\t\tdata-wp-bind--aria-label=\"state.thisImage.triggerButtonAriaLabel\"\n\t\t\tdata-wp-init=\"callbacks.initTriggerButton\"\n\t\t\tdata-wp-on--click=\"actions.showLightbox\"\n\t\t\tdata-wp-style--right=\"state.thisImage.buttonRight\"\n\t\t\tdata-wp-style--top=\"state.thisImage.buttonTop\"\n\t\t>\n\t\t\t<svg xmlns=\"http:\/\/www.w3.org\/2000\/svg\" width=\"12\" height=\"12\" fill=\"none\" viewBox=\"0 0 12 12\">\n\t\t\t\t<path fill=\"#fff\" d=\"M2 0a2 2 0 0 0-2 2v2h1.5V2a.5.5 0 0 1 .5-.5h2V0H2Zm2 10.5H2a.5.5 0 0 1-.5-.5V8H0v2a2 2 0 0 0 2 2h2v-1.5ZM8 12v-1.5h2a.5.5 0 0 0 .5-.5V8H12v2a2 2 0 0 1-2 2H8Zm2-12a2 2 0 0 1 2 2v2h-1.5V2a.5.5 0 0 0-.5-.5H8V0h2Z\" \/>\n\t\t\t<\/svg>\n\t\t<\/button><figcaption class=\"wp-element-caption\">Foto: Bad G\u00f6gging from Bad G\u00f6gging, Deutschland \/ Wikimedia Commons, CC BY 2.0<\/figcaption><\/figure>\n\n\n\n<h3 class=\"wp-block-heading\"><span class=\"ez-toc-section\" id=\"8_Limes-Therme_Bad_Gogging\"><\/span>8. Limes-Therme (Bad G\u00f6gging)<span class=\"ez-toc-section-end\"><\/span><\/h3>\n\n\n\n<p class=\"wp-block-paragraph\">I Bad G\u00f6gging st\u00f6ter du p\u00e5 termalbad med mycket djupa r\u00f6tter. Det l\u00e4kande vattnet pumpas h\u00e4r fr\u00e5n ett imponerande <strong>djup p\u00e5 \u00f6ver 600 meter<\/strong> och \u00e4r fullt av viktiga sp\u00e5r\u00e4mnen. Dessutom stoltserar anl\u00e4ggningen med svavelvatten som v\u00e4ller fram fr\u00e5n 120 meters djup och beh\u00e5ller sin naturliga temperatur p\u00e5 13,5 \u00b0C och h\u00f6ga svavelhalt. Det \u00e4r en mycket speciell anl\u00e4ggning som framf\u00f6r allt tjusar den som \u00e4lskar lugn kurbadskultur.<\/p>\n\n\n\n<p class=\"wp-block-paragraph\">G\u00e4sterna har tillg\u00e5ng till totalt <strong>15 inomhus- och utomhusbass\u00e4nger<\/strong>, som tillsammans bildar en vattenyta p\u00e5 1 250 kvadratmeter. I termalbass\u00e4ngerna varierar temperaturen fr\u00e5n uppfriskande 28 \u00b0C till heta 36 \u00b0C. H\u00e4r finns till exempel tre h\u00f6jdf\u00f6rskjutna bass\u00e4nger Nymph\u00e4a eller en s\u00e4rskild terapeutisk bass\u00e4ng. Kronan p\u00e5 verket \u00e4r den romerska bastun, som erbjuder heta rum upp till 90 \u00b0C, nedkylningsbass\u00e4nger och tv\u00e4ttzoner.<\/p>\n\n\n\n<p class=\"wp-block-paragraph\">Enligt prislistan f\u00f6r 2026 kostar en tretimmars kv\u00e4llsbiljett fr\u00e5n klockan 17 <strong>15 euro<\/strong>. Vill du \u00e4ven prova den n\u00e4mnda romerska bastun betalar du ytterligare 7 euro ut\u00f6ver taxan. Hela komplexet omges dessutom av en idyllisk tr\u00e4dg\u00e5rd p\u00e5 600 kvadratmeter. <strong>\ud83d\udca1 Tips:<\/strong> Under sommarm\u00e5naderna, avs\u00e4tt definitivt tid just f\u00f6r avkoppling i denna enorma tr\u00e4dg\u00e5rd \u2013 h\u00e4r r\u00e5der ett underbart lugn.<\/p>\n\n\n\n<figure data-wp-context=\"{&quot;imageId&quot;:&quot;6a9c41a718242&quot;}\" data-wp-interactive=\"core\/image\" data-wp-key=\"6a9c41a718242\" class=\"wp-block-image size-full wp-lightbox-container\"><img decoding=\"async\" width=\"1800\" height=\"1200\" data-wp-class--hide=\"state.isContentHidden\" data-wp-class--show=\"state.isContentVisible\" data-wp-init=\"callbacks.setButtonStyles\" data-wp-on--click=\"actions.showLightbox\" data-wp-on--load=\"callbacks.setButtonStyles\" data-wp-on--pointerdown=\"actions.preloadImage\" data-wp-on--pointerenter=\"actions.preloadImageWithDelay\" data-wp-on--pointerleave=\"actions.cancelPreload\" data-wp-on-window--resize=\"callbacks.setButtonStyles\" src=\"https:\/\/loudavymkrokem.cz\/wp-content\/uploads\/2026\/09\/nemecko-clanky-termaly-nemecko-14-1b6f61cf.jpg\" alt=\"Therme Bad Griesbach (Bad Griesbach)\" class=\"wp-image-415303\" title=\"\" srcset=\"https:\/\/loudavymkrokem.cz\/wp-content\/uploads\/2026\/09\/nemecko-clanky-termaly-nemecko-14-1b6f61cf.jpg 1800w, https:\/\/loudavymkrokem.cz\/wp-content\/uploads\/2026\/09\/nemecko-clanky-termaly-nemecko-14-1b6f61cf-300x200.jpg 300w, https:\/\/loudavymkrokem.cz\/wp-content\/uploads\/2026\/09\/nemecko-clanky-termaly-nemecko-14-1b6f61cf-700x467.jpg 700w, https:\/\/loudavymkrokem.cz\/wp-content\/uploads\/2026\/09\/nemecko-clanky-termaly-nemecko-14-1b6f61cf-768x512.jpg 768w, https:\/\/loudavymkrokem.cz\/wp-content\/uploads\/2026\/09\/nemecko-clanky-termaly-nemecko-14-1b6f61cf-1536x1024.jpg 1536w, https:\/\/loudavymkrokem.cz\/wp-content\/uploads\/2026\/09\/nemecko-clanky-termaly-nemecko-14-1b6f61cf-696x464.jpg 696w, https:\/\/loudavymkrokem.cz\/wp-content\/uploads\/2026\/09\/nemecko-clanky-termaly-nemecko-14-1b6f61cf-1392x928.jpg 1392w\" sizes=\"(max-width: 1800px) 100vw, 1800px\" \/><button\n\t\t\tclass=\"lightbox-trigger\"\n\t\t\ttype=\"button\"\n\t\t\taria-haspopup=\"dialog\"\n\t\t\tdata-wp-bind--aria-label=\"state.thisImage.triggerButtonAriaLabel\"\n\t\t\tdata-wp-init=\"callbacks.initTriggerButton\"\n\t\t\tdata-wp-on--click=\"actions.showLightbox\"\n\t\t\tdata-wp-style--right=\"state.thisImage.buttonRight\"\n\t\t\tdata-wp-style--top=\"state.thisImage.buttonTop\"\n\t\t>\n\t\t\t<svg xmlns=\"http:\/\/www.w3.org\/2000\/svg\" width=\"12\" height=\"12\" fill=\"none\" viewBox=\"0 0 12 12\">\n\t\t\t\t<path fill=\"#fff\" d=\"M2 0a2 2 0 0 0-2 2v2h1.5V2a.5.5 0 0 1 .5-.5h2V0H2Zm2 10.5H2a.5.5 0 0 1-.5-.5V8H0v2a2 2 0 0 0 2 2h2v-1.5ZM8 12v-1.5h2a.5.5 0 0 0 .5-.5V8H12v2a2 2 0 0 1-2 2H8Zm2-12a2 2 0 0 1 2 2v2h-1.5V2a.5.5 0 0 0-.5-.5H8V0h2Z\" \/>\n\t\t\t<\/svg>\n\t\t<\/button><\/figure>\n\n\n\n<h3 class=\"wp-block-heading\"><span class=\"ez-toc-section\" id=\"9_Therme_Bad_Griesbach_Bad_Griesbach\"><\/span>9. Therme Bad Griesbach (Bad Griesbach)<span class=\"ez-toc-section-end\"><\/span><\/h3>\n\n\n\n<p class=\"wp-block-paragraph\">Det h\u00e4r komplexet s\u00f6ker folk oftast under ortens namn, men officiellt heter det THERME EINS. Dess absoluta unikitet \u00e4r bastuv\u00e4rlden Saunahof, som \u00e4r byggd i en <strong>original rottalsk fyrkantsg\u00e5rd fr\u00e5n 1700-talet<\/strong>. Kombinationen av gammal rustik arkitektur och modern wellnessupplevelse fungerar h\u00e4r utm\u00e4rkt och skapar en otroligt mysig st\u00e4mning.<\/p>\n\n\n\n<p class=\"wp-block-paragraph\">Sj\u00e4lva baddelen erbjuder hela <strong>12 termalbass\u00e4nger<\/strong> som \u00e4r fyllda med diverse vattenattraktioner. Du kan l\u00e5ta dig masseras under vattenfall, g\u00e5 igenom en massagebana eller bara koppla av i bubbelpooler. Vattentemperaturen tillfredsst\u00e4ller verkligen alla, f\u00f6r den varierar fr\u00e5n behagliga 30 \u00b0C till otroligt heta 42 \u00b0C.<\/p>\n\n\n\n<p class=\"wp-block-paragraph\">I den n\u00e4mnda historiska g\u00e5rden g\u00f6mmer sig sedan totalt sju olika bastur och det finns \u00e4ven ett klassiskt romerskt \u00e5ngbad. Det \u00e4r en plats som skapad f\u00f6r par och \u00e4lskare av traditionellt bastubad i otraditionell milj\u00f6. <strong>\ud83d\udca1 Tips:<\/strong> N\u00e4r du matar in i navigationen, s\u00f6k verkligen efter namnet THERME EINS \u2013 det officiella namnet leder dig mycket s\u00e4krare till parkeringen.<\/p>\n\n\n\n<figure data-wp-context=\"{&quot;imageId&quot;:&quot;6a9c41a718847&quot;}\" data-wp-interactive=\"core\/image\" data-wp-key=\"6a9c41a718847\" class=\"wp-block-image size-full wp-lightbox-container\"><img decoding=\"async\" width=\"1800\" height=\"843\" data-wp-class--hide=\"state.isContentHidden\" data-wp-class--show=\"state.isContentVisible\" data-wp-init=\"callbacks.setButtonStyles\" data-wp-on--click=\"actions.showLightbox\" data-wp-on--load=\"callbacks.setButtonStyles\" data-wp-on--pointerdown=\"actions.preloadImage\" data-wp-on--pointerenter=\"actions.preloadImageWithDelay\" data-wp-on--pointerleave=\"actions.cancelPreload\" data-wp-on-window--resize=\"callbacks.setButtonStyles\" src=\"https:\/\/loudavymkrokem.cz\/wp-content\/uploads\/2026\/09\/nemecko-clanky-termaly-nemecko-15-c78f7327.jpg\" alt=\"Utomhusbastudel p\u00e5 termalbadet Titania i Neus\u00e4\u00df\" class=\"wp-image-415478\" title=\"\" srcset=\"https:\/\/loudavymkrokem.cz\/wp-content\/uploads\/2026\/09\/nemecko-clanky-termaly-nemecko-15-c78f7327.jpg 1800w, https:\/\/loudavymkrokem.cz\/wp-content\/uploads\/2026\/09\/nemecko-clanky-termaly-nemecko-15-c78f7327-300x141.jpg 300w, https:\/\/loudavymkrokem.cz\/wp-content\/uploads\/2026\/09\/nemecko-clanky-termaly-nemecko-15-c78f7327-700x328.jpg 700w, https:\/\/loudavymkrokem.cz\/wp-content\/uploads\/2026\/09\/nemecko-clanky-termaly-nemecko-15-c78f7327-768x360.jpg 768w, https:\/\/loudavymkrokem.cz\/wp-content\/uploads\/2026\/09\/nemecko-clanky-termaly-nemecko-15-c78f7327-1536x719.jpg 1536w, https:\/\/loudavymkrokem.cz\/wp-content\/uploads\/2026\/09\/nemecko-clanky-termaly-nemecko-15-c78f7327-696x326.jpg 696w, https:\/\/loudavymkrokem.cz\/wp-content\/uploads\/2026\/09\/nemecko-clanky-termaly-nemecko-15-c78f7327-1392x652.jpg 1392w\" sizes=\"(max-width: 1800px) 100vw, 1800px\" \/><button\n\t\t\tclass=\"lightbox-trigger\"\n\t\t\ttype=\"button\"\n\t\t\taria-haspopup=\"dialog\"\n\t\t\tdata-wp-bind--aria-label=\"state.thisImage.triggerButtonAriaLabel\"\n\t\t\tdata-wp-init=\"callbacks.initTriggerButton\"\n\t\t\tdata-wp-on--click=\"actions.showLightbox\"\n\t\t\tdata-wp-style--right=\"state.thisImage.buttonRight\"\n\t\t\tdata-wp-style--top=\"state.thisImage.buttonTop\"\n\t\t>\n\t\t\t<svg xmlns=\"http:\/\/www.w3.org\/2000\/svg\" width=\"12\" height=\"12\" fill=\"none\" viewBox=\"0 0 12 12\">\n\t\t\t\t<path fill=\"#fff\" d=\"M2 0a2 2 0 0 0-2 2v2h1.5V2a.5.5 0 0 1 .5-.5h2V0H2Zm2 10.5H2a.5.5 0 0 1-.5-.5V8H0v2a2 2 0 0 0 2 2h2v-1.5ZM8 12v-1.5h2a.5.5 0 0 0 .5-.5V8H12v2a2 2 0 0 1-2 2H8Zm2-12a2 2 0 0 1 2 2v2h-1.5V2a.5.5 0 0 0-.5-.5H8V0h2Z\" \/>\n\t\t\t<\/svg>\n\t\t<\/button><\/figure>\n\n\n\n<h3 class=\"wp-block-heading\"><span class=\"ez-toc-section\" id=\"10_Titania_Neusas_Neusas\"><\/span>10. Titania Neus\u00e4\u00df (Neus\u00e4\u00df)<span class=\"ez-toc-section-end\"><\/span><\/h3>\n\n\n\n<p class=\"wp-block-paragraph\">N\u00f6jes- och termalanl\u00e4ggningen i Neus\u00e4\u00df \u00e4r ett paradis f\u00f6r dem som \u00e4lskar extrema temperaturskillnader. Bastuv\u00e4rlden h\u00e4r erbjuder en enorm variation som kulminerar i den <strong>95 \u00b0C heta nordiska Kelosaunan<\/strong>. F\u00f6rutom den finns h\u00e4r en stenbastu (85 \u00b0C), saltbastu (90 \u00b0C), jordbastu Erdsauna (80 \u00b0C) eller den helt unika \u00f6lbastun Bierst\u00fcberl. Det \u00e4r f\u00f6rmodligen ett av de mest kreativa bastucentren i vida trakter.<\/p>\n\n\n\n<p class=\"wp-block-paragraph\">F\u00f6rutom bastur gl\u00e4djer \u00e4ven ett rikt utbud av bass\u00e4nger och bad. Du kan v\u00e4rma dig i en hamampool med 34 \u00b0C eller prova en het sittbass\u00e4ng. F\u00f6r nedkylning fungerar sedan en <strong>doppbass\u00e4ng med 20 \u00b0C<\/strong>. F\u00f6redrar du fuktigare v\u00e4rme, styr mot \u00e5ngbadet eller laconium, d\u00e4r temperaturen h\u00e5ller sig p\u00e5 behagliga 45 \u00b0C.<\/p>\n\n\n\n<p class=\"wp-block-paragraph\">Enligt prislistan f\u00f6r 2026 ligger den vanliga entr\u00e9n f\u00f6r vuxna fr\u00e5n <strong>18,50 euro<\/strong> f\u00f6r en kortare entr\u00e9 upp till 28 euro. Barnbiljetter kostar fr\u00e5n 12 till 21,50 euro beroende p\u00e5 vistelsens l\u00e4ngd. Anl\u00e4ggningen passar utm\u00e4rkt f\u00f6r familjer med \u00e4ldre barn som redan kan uppskatta de lokala attraktionernas m\u00e5ngfald. <strong>\ud83d\udca1 Tips:<\/strong> Planerar du att \u00e5ka hit ofta, ta reda p\u00e5 villkoren f\u00f6r deras klubb \u2013 med de s\u00e5 kallade Clubtarife betalar en vuxen bara fr\u00e5n 9,25 euro f\u00f6r entr\u00e9n.<\/p>\n\n\n\n<figure data-wp-context=\"{&quot;imageId&quot;:&quot;6a9c41a718e66&quot;}\" data-wp-interactive=\"core\/image\" data-wp-key=\"6a9c41a718e66\" class=\"wp-block-image size-full wp-lightbox-container\"><img decoding=\"async\" width=\"1800\" height=\"1200\" data-wp-class--hide=\"state.isContentHidden\" data-wp-class--show=\"state.isContentVisible\" data-wp-init=\"callbacks.setButtonStyles\" data-wp-on--click=\"actions.showLightbox\" data-wp-on--load=\"callbacks.setButtonStyles\" data-wp-on--pointerdown=\"actions.preloadImage\" data-wp-on--pointerenter=\"actions.preloadImageWithDelay\" data-wp-on--pointerleave=\"actions.cancelPreload\" data-wp-on-window--resize=\"callbacks.setButtonStyles\" src=\"https:\/\/loudavymkrokem.cz\/wp-content\/uploads\/2026\/09\/nemecko-clanky-termaly-nemecko-16-25ba2f69.jpg\" alt=\"Fackelmann Therme Hersbruck (Hersbruck)\" class=\"wp-image-415305\" title=\"\" srcset=\"https:\/\/loudavymkrokem.cz\/wp-content\/uploads\/2026\/09\/nemecko-clanky-termaly-nemecko-16-25ba2f69.jpg 1800w, https:\/\/loudavymkrokem.cz\/wp-content\/uploads\/2026\/09\/nemecko-clanky-termaly-nemecko-16-25ba2f69-300x200.jpg 300w, https:\/\/loudavymkrokem.cz\/wp-content\/uploads\/2026\/09\/nemecko-clanky-termaly-nemecko-16-25ba2f69-700x467.jpg 700w, https:\/\/loudavymkrokem.cz\/wp-content\/uploads\/2026\/09\/nemecko-clanky-termaly-nemecko-16-25ba2f69-768x512.jpg 768w, https:\/\/loudavymkrokem.cz\/wp-content\/uploads\/2026\/09\/nemecko-clanky-termaly-nemecko-16-25ba2f69-1536x1024.jpg 1536w, https:\/\/loudavymkrokem.cz\/wp-content\/uploads\/2026\/09\/nemecko-clanky-termaly-nemecko-16-25ba2f69-696x464.jpg 696w, https:\/\/loudavymkrokem.cz\/wp-content\/uploads\/2026\/09\/nemecko-clanky-termaly-nemecko-16-25ba2f69-1392x928.jpg 1392w\" sizes=\"(max-width: 1800px) 100vw, 1800px\" \/><button\n\t\t\tclass=\"lightbox-trigger\"\n\t\t\ttype=\"button\"\n\t\t\taria-haspopup=\"dialog\"\n\t\t\tdata-wp-bind--aria-label=\"state.thisImage.triggerButtonAriaLabel\"\n\t\t\tdata-wp-init=\"callbacks.initTriggerButton\"\n\t\t\tdata-wp-on--click=\"actions.showLightbox\"\n\t\t\tdata-wp-style--right=\"state.thisImage.buttonRight\"\n\t\t\tdata-wp-style--top=\"state.thisImage.buttonTop\"\n\t\t>\n\t\t\t<svg xmlns=\"http:\/\/www.w3.org\/2000\/svg\" width=\"12\" height=\"12\" fill=\"none\" viewBox=\"0 0 12 12\">\n\t\t\t\t<path fill=\"#fff\" d=\"M2 0a2 2 0 0 0-2 2v2h1.5V2a.5.5 0 0 1 .5-.5h2V0H2Zm2 10.5H2a.5.5 0 0 1-.5-.5V8H0v2a2 2 0 0 0 2 2h2v-1.5ZM8 12v-1.5h2a.5.5 0 0 0 .5-.5V8H12v2a2 2 0 0 1-2 2H8Zm2-12a2 2 0 0 1 2 2v2h-1.5V2a.5.5 0 0 0-.5-.5H8V0h2Z\" \/>\n\t\t\t<\/svg>\n\t\t<\/button><figcaption class=\"wp-element-caption\">Foto: Fackelmann Therme Hersbruck \/ Wikimedia Commons, CC BY-SA 3.0<\/figcaption><\/figure>\n\n\n\n<h3 class=\"wp-block-heading\"><span class=\"ez-toc-section\" id=\"11_Fackelmann_Therme_Hersbruck_Hersbruck\"><\/span>11. Fackelmann Therme Hersbruck (Hersbruck)<span class=\"ez-toc-section-end\"><\/span><\/h3>\n\n\n\n<p class=\"wp-block-paragraph\">Den h\u00e4r anl\u00e4ggningen, som \u00f6ppnade i december 2004 i frankiska Hersbruck, lockar framf\u00f6r allt med statligt erk\u00e4nt l\u00e4kande vatten. Det har utm\u00e4rkta v\u00e4rden och n\u00e5r redan vid sj\u00e4lva k\u00e4llan en temperatur p\u00e5 <strong>29,4 \u00b0C<\/strong>. Termalv\u00e4rldens inomhusdel \u00e4r vackert belyst och erbjuder en bass\u00e4ng med 34-gradigt vatten, d\u00e4r du till och med kan njuta av avkopplande undervattensmusik under ytan.<\/p>\n\n\n\n<p class=\"wp-block-paragraph\">Andas du hellre frisk luft, styr mot utomhustermalbass\u00e4ngen som \u00e4r uppv\u00e4rmd till hela <strong>36 \u00b0C<\/strong>. H\u00e4r kan du str\u00e4cka ut dig p\u00e5 bubbels\u00e4ngar eller l\u00e5ta ryggen masseras av de lokala massagemunstyckena. Anl\u00e4ggningen utstr\u00e5lar avslappning och k\u00e4nns tack vare sina mindre m\u00e5tt inte lika anonym som gigantiska j\u00e4ttar av typen Erding.<\/p>\n\n\n\n<p class=\"wp-block-paragraph\">Enligt prislistan f\u00f6r 2026 tar de vid \u00f6verskridande av den betalda tiden ut en extraavgift p\u00e5 <strong>1 euro f\u00f6r varje p\u00e5b\u00f6rjad halvtimme<\/strong>. Gl\u00f6mmer du utrustningen hemma \u00e4r det inga problem, f\u00f6r h\u00e4r l\u00e5nar de dig en handduk f\u00f6r 2,50 euro och en badrock f\u00f6r 5 euro. <strong>\ud83d\udca1 Tips:<\/strong> Utnyttja m\u00f6jligheten att l\u00e5na badrock p\u00e5 plats \u2013 d\u00e5 f\u00e5r du plats med mycket annat i ryggs\u00e4cken eller resv\u00e4skan och slipper sl\u00e4pa p\u00e5 skrymmande tv\u00e4tt.<\/p>\n\n\n\n<figure data-wp-context=\"{&quot;imageId&quot;:&quot;6a9c41a71940c&quot;}\" data-wp-interactive=\"core\/image\" data-wp-key=\"6a9c41a71940c\" class=\"wp-block-image size-full wp-lightbox-container\"><img decoding=\"async\" width=\"1800\" height=\"1350\" data-wp-class--hide=\"state.isContentHidden\" data-wp-class--show=\"state.isContentVisible\" data-wp-init=\"callbacks.setButtonStyles\" data-wp-on--click=\"actions.showLightbox\" data-wp-on--load=\"callbacks.setButtonStyles\" data-wp-on--pointerdown=\"actions.preloadImage\" data-wp-on--pointerenter=\"actions.preloadImageWithDelay\" data-wp-on--pointerleave=\"actions.cancelPreload\" data-wp-on-window--resize=\"callbacks.setButtonStyles\" src=\"https:\/\/loudavymkrokem.cz\/wp-content\/uploads\/2026\/09\/nemecko-clanky-termaly-nemecko-17-4ae5052a.jpg\" alt=\"ThermeNatur (Bad Rodach)\" class=\"wp-image-415306\" title=\"\" srcset=\"https:\/\/loudavymkrokem.cz\/wp-content\/uploads\/2026\/09\/nemecko-clanky-termaly-nemecko-17-4ae5052a.jpg 1800w, https:\/\/loudavymkrokem.cz\/wp-content\/uploads\/2026\/09\/nemecko-clanky-termaly-nemecko-17-4ae5052a-300x225.jpg 300w, https:\/\/loudavymkrokem.cz\/wp-content\/uploads\/2026\/09\/nemecko-clanky-termaly-nemecko-17-4ae5052a-700x525.jpg 700w, https:\/\/loudavymkrokem.cz\/wp-content\/uploads\/2026\/09\/nemecko-clanky-termaly-nemecko-17-4ae5052a-768x576.jpg 768w, https:\/\/loudavymkrokem.cz\/wp-content\/uploads\/2026\/09\/nemecko-clanky-termaly-nemecko-17-4ae5052a-1536x1152.jpg 1536w, https:\/\/loudavymkrokem.cz\/wp-content\/uploads\/2026\/09\/nemecko-clanky-termaly-nemecko-17-4ae5052a-80x60.jpg 80w, https:\/\/loudavymkrokem.cz\/wp-content\/uploads\/2026\/09\/nemecko-clanky-termaly-nemecko-17-4ae5052a-160x120.jpg 160w, https:\/\/loudavymkrokem.cz\/wp-content\/uploads\/2026\/09\/nemecko-clanky-termaly-nemecko-17-4ae5052a-696x522.jpg 696w, https:\/\/loudavymkrokem.cz\/wp-content\/uploads\/2026\/09\/nemecko-clanky-termaly-nemecko-17-4ae5052a-1392x1044.jpg 1392w\" sizes=\"(max-width: 1800px) 100vw, 1800px\" \/><button\n\t\t\tclass=\"lightbox-trigger\"\n\t\t\ttype=\"button\"\n\t\t\taria-haspopup=\"dialog\"\n\t\t\tdata-wp-bind--aria-label=\"state.thisImage.triggerButtonAriaLabel\"\n\t\t\tdata-wp-init=\"callbacks.initTriggerButton\"\n\t\t\tdata-wp-on--click=\"actions.showLightbox\"\n\t\t\tdata-wp-style--right=\"state.thisImage.buttonRight\"\n\t\t\tdata-wp-style--top=\"state.thisImage.buttonTop\"\n\t\t>\n\t\t\t<svg xmlns=\"http:\/\/www.w3.org\/2000\/svg\" width=\"12\" height=\"12\" fill=\"none\" viewBox=\"0 0 12 12\">\n\t\t\t\t<path fill=\"#fff\" d=\"M2 0a2 2 0 0 0-2 2v2h1.5V2a.5.5 0 0 1 .5-.5h2V0H2Zm2 10.5H2a.5.5 0 0 1-.5-.5V8H0v2a2 2 0 0 0 2 2h2v-1.5ZM8 12v-1.5h2a.5.5 0 0 0 .5-.5V8H12v2a2 2 0 0 1-2 2H8Zm2-12a2 2 0 0 1 2 2v2h-1.5V2a.5.5 0 0 0-.5-.5H8V0h2Z\" \/>\n\t\t\t<\/svg>\n\t\t<\/button><\/figure>\n\n\n\n<h3 class=\"wp-block-heading\"><span class=\"ez-toc-section\" id=\"12_ThermeNatur_Bad_Rodach\"><\/span>12. ThermeNatur (Bad Rodach)<span class=\"ez-toc-section-end\"><\/span><\/h3>\n\n\n\n<p class=\"wp-block-paragraph\">Den h\u00e4r kuranl\u00e4ggningen hittar du i lilla Bad Rodach och den \u00e4r k\u00e4nd framf\u00f6r allt f\u00f6r sitt ovanligt h\u00f6gkvalitativa vatten. Den lokala termalk\u00e4llan, som uppt\u00e4cktes 1972, pumpas fr\u00e5n ett <strong>djup p\u00e5 652 meter<\/strong> och stoltserar med titeln som den \u00f6verhuvudtaget varmaste k\u00e4llan i hela den vida regionen. Direkt ur jordens djup v\u00e4ller den fram med en temperatur p\u00e5 vackra 34 \u00b0C.<\/p>\n\n\n\n<p class=\"wp-block-paragraph\">Anl\u00e4ggningen \u00e4r utformad mer som ett traditionellt kurbad och du hittar inga vilda folkmassor sugna p\u00e5 adrenalin. H\u00e4r finns ett <strong>bad- och bastulandskap<\/strong>, som kompletteras av en specialiserad wellnessavdelning. Det \u00e4r precis den typ av plats dit man \u00e5ker f\u00f6r att fylla p\u00e5 med krafter, sakta ner och l\u00e5ta det l\u00e4kande vattnet g\u00f6ra sitt jobb med r\u00f6relseapparaten.<\/p>\n\n\n\n<p class=\"wp-block-paragraph\">Den passar framf\u00f6r allt vuxna, par och seniorer som s\u00f6ker lugn och verklig rehabilitering. Om du funderar p\u00e5 en tyst helg med en bok och uppv\u00e4rmning av lederna, g\u00f6r du inte fel h\u00e4r. <strong>\ud83d\udca1 Tips:<\/strong> Har du problem med ryggen, boka i f\u00f6rv\u00e4g n\u00e5gon av behandlingarna p\u00e5 den lokala wellnessavdelningen \u2013 de har enorm erfarenhet av att anv\u00e4nda det lokala vattnet.<\/p>\n\n\n\n<figure data-wp-context=\"{&quot;imageId&quot;:&quot;6a9c41a719a51&quot;}\" data-wp-interactive=\"core\/image\" data-wp-key=\"6a9c41a719a51\" class=\"wp-block-image size-full wp-lightbox-container\"><img decoding=\"async\" width=\"1800\" height=\"1200\" data-wp-class--hide=\"state.isContentHidden\" data-wp-class--show=\"state.isContentVisible\" data-wp-init=\"callbacks.setButtonStyles\" data-wp-on--click=\"actions.showLightbox\" data-wp-on--load=\"callbacks.setButtonStyles\" data-wp-on--pointerdown=\"actions.preloadImage\" data-wp-on--pointerenter=\"actions.preloadImageWithDelay\" data-wp-on--pointerleave=\"actions.cancelPreload\" data-wp-on-window--resize=\"callbacks.setButtonStyles\" src=\"https:\/\/loudavymkrokem.cz\/wp-content\/uploads\/2026\/09\/nemecko-clanky-termaly-nemecko-18-1233e231.jpg\" alt=\"Johannesbad Therme Bad F\u00fcssing (Bad F\u00fcssing)\" class=\"wp-image-415307\" title=\"\" srcset=\"https:\/\/loudavymkrokem.cz\/wp-content\/uploads\/2026\/09\/nemecko-clanky-termaly-nemecko-18-1233e231.jpg 1800w, https:\/\/loudavymkrokem.cz\/wp-content\/uploads\/2026\/09\/nemecko-clanky-termaly-nemecko-18-1233e231-300x200.jpg 300w, https:\/\/loudavymkrokem.cz\/wp-content\/uploads\/2026\/09\/nemecko-clanky-termaly-nemecko-18-1233e231-700x467.jpg 700w, https:\/\/loudavymkrokem.cz\/wp-content\/uploads\/2026\/09\/nemecko-clanky-termaly-nemecko-18-1233e231-768x512.jpg 768w, https:\/\/loudavymkrokem.cz\/wp-content\/uploads\/2026\/09\/nemecko-clanky-termaly-nemecko-18-1233e231-1536x1024.jpg 1536w, https:\/\/loudavymkrokem.cz\/wp-content\/uploads\/2026\/09\/nemecko-clanky-termaly-nemecko-18-1233e231-696x464.jpg 696w, https:\/\/loudavymkrokem.cz\/wp-content\/uploads\/2026\/09\/nemecko-clanky-termaly-nemecko-18-1233e231-1392x928.jpg 1392w\" sizes=\"(max-width: 1800px) 100vw, 1800px\" \/><button\n\t\t\tclass=\"lightbox-trigger\"\n\t\t\ttype=\"button\"\n\t\t\taria-haspopup=\"dialog\"\n\t\t\tdata-wp-bind--aria-label=\"state.thisImage.triggerButtonAriaLabel\"\n\t\t\tdata-wp-init=\"callbacks.initTriggerButton\"\n\t\t\tdata-wp-on--click=\"actions.showLightbox\"\n\t\t\tdata-wp-style--right=\"state.thisImage.buttonRight\"\n\t\t\tdata-wp-style--top=\"state.thisImage.buttonTop\"\n\t\t>\n\t\t\t<svg xmlns=\"http:\/\/www.w3.org\/2000\/svg\" width=\"12\" height=\"12\" fill=\"none\" viewBox=\"0 0 12 12\">\n\t\t\t\t<path fill=\"#fff\" d=\"M2 0a2 2 0 0 0-2 2v2h1.5V2a.5.5 0 0 1 .5-.5h2V0H2Zm2 10.5H2a.5.5 0 0 1-.5-.5V8H0v2a2 2 0 0 0 2 2h2v-1.5ZM8 12v-1.5h2a.5.5 0 0 0 .5-.5V8H12v2a2 2 0 0 1-2 2H8Zm2-12a2 2 0 0 1 2 2v2h-1.5V2a.5.5 0 0 0-.5-.5H8V0h2Z\" \/>\n\t\t\t<\/svg>\n\t\t<\/button><\/figure>\n\n\n\n<h3 class=\"wp-block-heading\"><span class=\"ez-toc-section\" id=\"13_Johannesbad_Therme_Bad_Fussing_Bad_Fussing\"><\/span>13. Johannesbad Therme Bad F\u00fcssing (Bad F\u00fcssing)<span class=\"ez-toc-section-end\"><\/span><\/h3>\n\n\n\n<p class=\"wp-block-paragraph\">Vid ett bes\u00f6k i Bad F\u00fcssing st\u00f6ter du p\u00e5 en anl\u00e4ggning som r\u00e4knas till de st\u00f6rsta termalbaden i hela Europa. Den erbjuder n\u00e4mligen otroliga <strong>4 500 kvadratmeter vattenyta<\/strong> f\u00f6rdelade p\u00e5 tretton enorma bass\u00e4nger. Vattnet kommer fr\u00e5n k\u00e4llan Johannesquelle, som familjen Zwick borrade upp h\u00e4r 1964, och kommer fr\u00e5n ett djup p\u00e5 runda tusen meter.<\/p>\n\n\n\n<p class=\"wp-block-paragraph\">Direkt vid k\u00e4llan h\u00e5ller vattnet <strong>56 \u00b0C<\/strong>, men i bass\u00e4ngerna njuter du av det nedkylt till behagliga 27 till 39 \u00b0C. Anl\u00e4ggningen, som funnits sedan 1969 tillsammans med den intilliggande kliniken, omges av gigantiska liggytor utomhus p\u00e5 60 000 kvadratmeter. H\u00e4r finns \u00e4ven en bastudel p\u00e5 800 kvadratmeter med fyra bastur och ett \u00e5ngbad.<\/p>\n\n\n\n<p class=\"wp-block-paragraph\">Det \u00e4r en j\u00e4tte inriktad mycket p\u00e5 h\u00e4lsa, prevention och behandling, s\u00e5 hit vallf\u00e4rdar enorma m\u00e4ngder m\u00e4nniskor f\u00f6r rehabilitering. F\u00f6rv\u00e4nta dig ingen intim st\u00e4mning, utan snarare f\u00f6rstklassig kurv\u00e5rd i enorm skala. <strong>\ud83d\udca1 Tips:<\/strong> Under sommarm\u00e5naderna, ta med en stor filt \u2013 de enorma gr\u00e4sytorna utomhus \u00e4r idealiska f\u00f6r att ligga i solen en hel dag.<\/p>\n\n\n\n<figure data-wp-context=\"{&quot;imageId&quot;:&quot;6a9c41a71a0b5&quot;}\" data-wp-interactive=\"core\/image\" data-wp-key=\"6a9c41a71a0b5\" class=\"wp-block-image size-full wp-lightbox-container\"><img decoding=\"async\" width=\"1800\" height=\"750\" data-wp-class--hide=\"state.isContentHidden\" data-wp-class--show=\"state.isContentVisible\" data-wp-init=\"callbacks.setButtonStyles\" data-wp-on--click=\"actions.showLightbox\" data-wp-on--load=\"callbacks.setButtonStyles\" data-wp-on--pointerdown=\"actions.preloadImage\" data-wp-on--pointerenter=\"actions.preloadImageWithDelay\" data-wp-on--pointerleave=\"actions.cancelPreload\" data-wp-on-window--resize=\"callbacks.setButtonStyles\" src=\"https:\/\/loudavymkrokem.cz\/wp-content\/uploads\/2026\/09\/nemecko-clanky-termaly-nemecko-19-48dd8934.jpg\" alt=\"Bass\u00e4ng med vattenattraktioner p\u00e5 Europa Therme i Bad F\u00fcssing\" class=\"wp-image-415483\" title=\"\" srcset=\"https:\/\/loudavymkrokem.cz\/wp-content\/uploads\/2026\/09\/nemecko-clanky-termaly-nemecko-19-48dd8934.jpg 1800w, https:\/\/loudavymkrokem.cz\/wp-content\/uploads\/2026\/09\/nemecko-clanky-termaly-nemecko-19-48dd8934-300x125.jpg 300w, https:\/\/loudavymkrokem.cz\/wp-content\/uploads\/2026\/09\/nemecko-clanky-termaly-nemecko-19-48dd8934-700x292.jpg 700w, https:\/\/loudavymkrokem.cz\/wp-content\/uploads\/2026\/09\/nemecko-clanky-termaly-nemecko-19-48dd8934-768x320.jpg 768w, https:\/\/loudavymkrokem.cz\/wp-content\/uploads\/2026\/09\/nemecko-clanky-termaly-nemecko-19-48dd8934-1536x640.jpg 1536w, https:\/\/loudavymkrokem.cz\/wp-content\/uploads\/2026\/09\/nemecko-clanky-termaly-nemecko-19-48dd8934-696x290.jpg 696w, https:\/\/loudavymkrokem.cz\/wp-content\/uploads\/2026\/09\/nemecko-clanky-termaly-nemecko-19-48dd8934-1392x580.jpg 1392w\" sizes=\"(max-width: 1800px) 100vw, 1800px\" \/><button\n\t\t\tclass=\"lightbox-trigger\"\n\t\t\ttype=\"button\"\n\t\t\taria-haspopup=\"dialog\"\n\t\t\tdata-wp-bind--aria-label=\"state.thisImage.triggerButtonAriaLabel\"\n\t\t\tdata-wp-init=\"callbacks.initTriggerButton\"\n\t\t\tdata-wp-on--click=\"actions.showLightbox\"\n\t\t\tdata-wp-style--right=\"state.thisImage.buttonRight\"\n\t\t\tdata-wp-style--top=\"state.thisImage.buttonTop\"\n\t\t>\n\t\t\t<svg xmlns=\"http:\/\/www.w3.org\/2000\/svg\" width=\"12\" height=\"12\" fill=\"none\" viewBox=\"0 0 12 12\">\n\t\t\t\t<path fill=\"#fff\" d=\"M2 0a2 2 0 0 0-2 2v2h1.5V2a.5.5 0 0 1 .5-.5h2V0H2Zm2 10.5H2a.5.5 0 0 1-.5-.5V8H0v2a2 2 0 0 0 2 2h2v-1.5ZM8 12v-1.5h2a.5.5 0 0 0 .5-.5V8H12v2a2 2 0 0 1-2 2H8Zm2-12a2 2 0 0 1 2 2v2h-1.5V2a.5.5 0 0 0-.5-.5H8V0h2Z\" \/>\n\t\t\t<\/svg>\n\t\t<\/button><\/figure>\n\n\n\n<h3 class=\"wp-block-heading\"><span class=\"ez-toc-section\" id=\"14_Europa_Therme_Bad_Fussing\"><\/span>14. Europa Therme (Bad F\u00fcssing)<span class=\"ez-toc-section-end\"><\/span><\/h3>\n\n\n\n<p class=\"wp-block-paragraph\">Det andra enorma kurkomplexet i Bad F\u00fcssing lockar med ett termallandskap p\u00e5 3 000 kvadratmeter. Dess absoluta dominant \u00e4r en <strong>120 meter l\u00e5ng str\u00f6mkanal<\/strong> som \u00e4r kopplad till den enorma attraktionsbass\u00e4ngen Nymph\u00e4um med vatten p\u00e5 36 \u00b0C. De lokala str\u00f6mmarna, bubbelb\u00e4nkarna och vattenkanonerna kan syssels\u00e4tta dig riktigt l\u00e4nge.<\/p>\n\n\n\n<p class=\"wp-block-paragraph\">H\u00e4r finns <strong>17 olika bass\u00e4nger<\/strong> med temperaturer fr\u00e5n 27 till 40 \u00b0C. Du kan koppla av i en bass\u00e4ng med undervattensmusik uppv\u00e4rmd till 37 \u00b0C, i en grotta med stj\u00e4rnhimmel eller vid luftbubbels\u00e4ngar. Den som vill simma uppskattar tv\u00e5 bass\u00e4nger f\u00f6r ryggsim med svalare vatten kring 29 \u00b0C. H\u00e4r finns \u00e4ven den popul\u00e4ra utomhusv\u00e4xelbass\u00e4ngen med temperaturer p\u00e5 18 och 40 \u00b0C.<\/p>\n\n\n\n<p class=\"wp-block-paragraph\">Enligt prislistan f\u00f6r 2026 \u00e4r intr\u00e4de till\u00e5tet bara f\u00f6r <strong>barn fr\u00e5n 3 \u00e5r<\/strong>, s\u00e5 med sp\u00e4dbarn sl\u00e4pps du tyv\u00e4rr inte in. Om du stannar l\u00e4ngre \u00e4n du har betalat f\u00f6r tas en extraavgift p\u00e5 1 euro ut f\u00f6r varje p\u00e5b\u00f6rjad halvtimme. <strong>\ud83d\udca1 Tips:<\/strong> F\u00f6r ett litet till\u00e4gg p\u00e5 2 euro kan du till termalentr\u00e9n k\u00f6pa till ett bes\u00f6k i Aerosal, ett s\u00e4rskilt rum som \u00e4r utm\u00e4rkt f\u00f6r dina lungor.<\/p>\n\n\n\n<figure data-wp-context=\"{&quot;imageId&quot;:&quot;6a9c41a71a697&quot;}\" data-wp-interactive=\"core\/image\" data-wp-key=\"6a9c41a71a697\" class=\"wp-block-image size-full wp-lightbox-container\"><img decoding=\"async\" width=\"1800\" height=\"1012\" data-wp-class--hide=\"state.isContentHidden\" data-wp-class--show=\"state.isContentVisible\" data-wp-init=\"callbacks.setButtonStyles\" data-wp-on--click=\"actions.showLightbox\" data-wp-on--load=\"callbacks.setButtonStyles\" data-wp-on--pointerdown=\"actions.preloadImage\" data-wp-on--pointerenter=\"actions.preloadImageWithDelay\" data-wp-on--pointerleave=\"actions.cancelPreload\" data-wp-on-window--resize=\"callbacks.setButtonStyles\" src=\"https:\/\/loudavymkrokem.cz\/wp-content\/uploads\/2026\/09\/nemecko-clanky-termaly-nemecko-20-018a6875.jpg\" alt=\"Termalanl\u00e4ggningen Sibyllenbad i Neualbenreuth uppifr\u00e5n\" class=\"wp-image-415309\" title=\"\" srcset=\"https:\/\/loudavymkrokem.cz\/wp-content\/uploads\/2026\/09\/nemecko-clanky-termaly-nemecko-20-018a6875.jpg 1800w, https:\/\/loudavymkrokem.cz\/wp-content\/uploads\/2026\/09\/nemecko-clanky-termaly-nemecko-20-018a6875-300x169.jpg 300w, https:\/\/loudavymkrokem.cz\/wp-content\/uploads\/2026\/09\/nemecko-clanky-termaly-nemecko-20-018a6875-700x394.jpg 700w, https:\/\/loudavymkrokem.cz\/wp-content\/uploads\/2026\/09\/nemecko-clanky-termaly-nemecko-20-018a6875-768x432.jpg 768w, https:\/\/loudavymkrokem.cz\/wp-content\/uploads\/2026\/09\/nemecko-clanky-termaly-nemecko-20-018a6875-1536x864.jpg 1536w, https:\/\/loudavymkrokem.cz\/wp-content\/uploads\/2026\/09\/nemecko-clanky-termaly-nemecko-20-018a6875-696x391.jpg 696w, https:\/\/loudavymkrokem.cz\/wp-content\/uploads\/2026\/09\/nemecko-clanky-termaly-nemecko-20-018a6875-1392x783.jpg 1392w\" sizes=\"(max-width: 1800px) 100vw, 1800px\" \/><button\n\t\t\tclass=\"lightbox-trigger\"\n\t\t\ttype=\"button\"\n\t\t\taria-haspopup=\"dialog\"\n\t\t\tdata-wp-bind--aria-label=\"state.thisImage.triggerButtonAriaLabel\"\n\t\t\tdata-wp-init=\"callbacks.initTriggerButton\"\n\t\t\tdata-wp-on--click=\"actions.showLightbox\"\n\t\t\tdata-wp-style--right=\"state.thisImage.buttonRight\"\n\t\t\tdata-wp-style--top=\"state.thisImage.buttonTop\"\n\t\t>\n\t\t\t<svg xmlns=\"http:\/\/www.w3.org\/2000\/svg\" width=\"12\" height=\"12\" fill=\"none\" viewBox=\"0 0 12 12\">\n\t\t\t\t<path fill=\"#fff\" d=\"M2 0a2 2 0 0 0-2 2v2h1.5V2a.5.5 0 0 1 .5-.5h2V0H2Zm2 10.5H2a.5.5 0 0 1-.5-.5V8H0v2a2 2 0 0 0 2 2h2v-1.5ZM8 12v-1.5h2a.5.5 0 0 0 .5-.5V8H12v2a2 2 0 0 1-2 2H8Zm2-12a2 2 0 0 1 2 2v2h-1.5V2a.5.5 0 0 0-.5-.5H8V0h2Z\" \/>\n\t\t\t<\/svg>\n\t\t<\/button><\/figure>\n\n\n\n<h3 class=\"wp-block-heading\"><span class=\"ez-toc-section\" id=\"15_Sibyllenbad_Neualbenreuth\"><\/span>15. Sibyllenbad (Neualbenreuth)<span class=\"ez-toc-section-end\"><\/span><\/h3>\n\n\n\n<p class=\"wp-block-paragraph\">Den h\u00e4r anl\u00e4ggningen ligger bokstavligen ett stenkast fr\u00e5n gr\u00e4nsen och dess fr\u00e4msta dragpl\u00e5ster \u00e4r det l\u00e4kande <strong>kolsyremineralvattnet fr\u00e5n k\u00e4llan Sibyllenquelle<\/strong>. Det l\u00e4kande vattnet v\u00e4rmer dig till h\u00e4rliga 34 till 36 \u00b0C och du kan njuta av det under de m\u00e5nga vattengjuten i form av svanhalsar eller l\u00e5ta dig masseras mjukt av bubbelanl\u00e4ggningar i golvet.<\/p>\n\n\n\n<p class=\"wp-block-paragraph\">Komplexet \u00e4r mycket smakfullt utformat och \u00e4r tack vare sitt n\u00e4rl\u00e4ge ganska popul\u00e4rt, \u00e4ven om det inte h\u00f6r till de st\u00f6rsta j\u00e4ttarna. Enligt prislistan f\u00f6r 2026 betalar du <strong>9 euro<\/strong> f\u00f6r tv\u00e5 timmar i baddelen, tre timmar kostar 12 euro och en heldagsbiljett k\u00f6per du f\u00f6r 19 euro. Vill du kombinera bass\u00e4ngerna direkt med bastuv\u00e4rlden kostar en heldagsbiljett 29 euro.<\/p>\n\n\n\n<p class=\"wp-block-paragraph\">Fr\u00e5n juni till augusti erbjuder de dessutom ett s\u00e4rskilt kv\u00e4llsintr\u00e4de till bastun. Det g\u00e4ller fr\u00e5n klockan 17 och kostar sympatiska 15 euro. Det \u00e4r en idealisk och prisv\u00e4rd variant f\u00f6r en lugn uppv\u00e4rmning av kroppen efter en jobbig arbetsdag. <strong>\ud83d\udca1 Tips:<\/strong> Om du bor n\u00e4ra gr\u00e4nsen, utnyttja just denna kv\u00e4llstaxa p\u00e5 sommaren \u2013 till det priset \u00e4r det f\u00f6rmodligen den b\u00e4sta avkopplingen i trakten.<\/p>\n\n\n\n<figure data-wp-context=\"{&quot;imageId&quot;:&quot;6a9c41a71ac6e&quot;}\" data-wp-interactive=\"core\/image\" data-wp-key=\"6a9c41a71ac6e\" class=\"wp-block-image size-full wp-lightbox-container\"><img decoding=\"async\" width=\"1800\" height=\"1200\" data-wp-class--hide=\"state.isContentHidden\" data-wp-class--show=\"state.isContentVisible\" data-wp-init=\"callbacks.setButtonStyles\" data-wp-on--click=\"actions.showLightbox\" data-wp-on--load=\"callbacks.setButtonStyles\" data-wp-on--pointerdown=\"actions.preloadImage\" data-wp-on--pointerenter=\"actions.preloadImageWithDelay\" data-wp-on--pointerleave=\"actions.cancelPreload\" data-wp-on-window--resize=\"callbacks.setButtonStyles\" src=\"https:\/\/loudavymkrokem.cz\/wp-content\/uploads\/2026\/09\/nemecko-clanky-termaly-nemecko-21-f3489141.jpg\" alt=\"Utsmyckad fasad p\u00e5 det historiska badet Friedrichsbad i Baden-Baden\" class=\"wp-image-415310\" title=\"\" srcset=\"https:\/\/loudavymkrokem.cz\/wp-content\/uploads\/2026\/09\/nemecko-clanky-termaly-nemecko-21-f3489141.jpg 1800w, https:\/\/loudavymkrokem.cz\/wp-content\/uploads\/2026\/09\/nemecko-clanky-termaly-nemecko-21-f3489141-300x200.jpg 300w, https:\/\/loudavymkrokem.cz\/wp-content\/uploads\/2026\/09\/nemecko-clanky-termaly-nemecko-21-f3489141-700x467.jpg 700w, https:\/\/loudavymkrokem.cz\/wp-content\/uploads\/2026\/09\/nemecko-clanky-termaly-nemecko-21-f3489141-768x512.jpg 768w, https:\/\/loudavymkrokem.cz\/wp-content\/uploads\/2026\/09\/nemecko-clanky-termaly-nemecko-21-f3489141-1536x1024.jpg 1536w, https:\/\/loudavymkrokem.cz\/wp-content\/uploads\/2026\/09\/nemecko-clanky-termaly-nemecko-21-f3489141-696x464.jpg 696w, https:\/\/loudavymkrokem.cz\/wp-content\/uploads\/2026\/09\/nemecko-clanky-termaly-nemecko-21-f3489141-1392x928.jpg 1392w\" sizes=\"(max-width: 1800px) 100vw, 1800px\" \/><button\n\t\t\tclass=\"lightbox-trigger\"\n\t\t\ttype=\"button\"\n\t\t\taria-haspopup=\"dialog\"\n\t\t\tdata-wp-bind--aria-label=\"state.thisImage.triggerButtonAriaLabel\"\n\t\t\tdata-wp-init=\"callbacks.initTriggerButton\"\n\t\t\tdata-wp-on--click=\"actions.showLightbox\"\n\t\t\tdata-wp-style--right=\"state.thisImage.buttonRight\"\n\t\t\tdata-wp-style--top=\"state.thisImage.buttonTop\"\n\t\t>\n\t\t\t<svg xmlns=\"http:\/\/www.w3.org\/2000\/svg\" width=\"12\" height=\"12\" fill=\"none\" viewBox=\"0 0 12 12\">\n\t\t\t\t<path fill=\"#fff\" d=\"M2 0a2 2 0 0 0-2 2v2h1.5V2a.5.5 0 0 1 .5-.5h2V0H2Zm2 10.5H2a.5.5 0 0 1-.5-.5V8H0v2a2 2 0 0 0 2 2h2v-1.5ZM8 12v-1.5h2a.5.5 0 0 0 .5-.5V8H12v2a2 2 0 0 1-2 2H8Zm2-12a2 2 0 0 1 2 2v2h-1.5V2a.5.5 0 0 0-.5-.5H8V0h2Z\" \/>\n\t\t\t<\/svg>\n\t\t<\/button><figcaption class=\"wp-element-caption\">Foto: A.Savin \/ Wikimedia Commons, CC BY-SA 3.0<\/figcaption><\/figure>\n\n\n\n<h2 class=\"wp-block-heading\"><span class=\"ez-toc-section\" id=\"Termalbad_i_Baden-Wurttemberg\"><\/span>Termalbad i Baden-W\u00fcrttemberg<span class=\"ez-toc-section-end\"><\/span><\/h2>\n\n\n\n<p class=\"wp-block-paragraph\">Baden-W\u00fcrttemberg \u00e4r en absolut klassiker om du s\u00f6ker den \u00e4kta <strong>traditionella kurbadskulturen<\/strong>. Just h\u00e4r hittar du ber\u00f6mda Baden-Baden och f\u00f6rmodligen den st\u00f6rsta koncentrationen av st\u00e4der med prefixet \u201dBad\u201d i hela Tyskland. Tro mig n\u00e4r jag s\u00e4ger att det verkligen inte \u00e4r brist p\u00e5 mineralk\u00e4llor h\u00e4r, och b\u00e5de historie\u00e4lskare och fans av modern avkoppling f\u00e5r sitt lystm\u00e4te.<\/p>\n\n\n\n<p class=\"wp-block-paragraph\">F\u00f6rutom de historiska baden stoltserar detta f\u00f6rbundsland \u00e4ven med en unikitet. H\u00e4r st\u00e5r n\u00e4mligen <strong>tv\u00e5 enorma tropiska termalbad<\/strong>, byggda av den k\u00e4nde vision\u00e4ren Josef Wund. Om du l\u00e4ngtar efter exotik under glastak har du en hel del att se fram emot.<\/p>\n\n\n\n<figure data-wp-context=\"{&quot;imageId&quot;:&quot;6a9c41a71b248&quot;}\" data-wp-interactive=\"core\/image\" data-wp-key=\"6a9c41a71b248\" class=\"wp-block-image size-full wp-lightbox-container\"><img decoding=\"async\" width=\"1800\" height=\"1201\" data-wp-class--hide=\"state.isContentHidden\" data-wp-class--show=\"state.isContentVisible\" data-wp-init=\"callbacks.setButtonStyles\" data-wp-on--click=\"actions.showLightbox\" data-wp-on--load=\"callbacks.setButtonStyles\" data-wp-on--pointerdown=\"actions.preloadImage\" data-wp-on--pointerenter=\"actions.preloadImageWithDelay\" data-wp-on--pointerleave=\"actions.cancelPreload\" data-wp-on-window--resize=\"callbacks.setButtonStyles\" src=\"https:\/\/loudavymkrokem.cz\/wp-content\/uploads\/2026\/09\/nemecko-clanky-termaly-nemecko-22-938982ac.jpg\" alt=\"Thermen &#038; Badewelt Sinsheim (Sinsheim): bass\u00e4ng under ett panoramatak\" class=\"wp-image-415311\" title=\"\" srcset=\"https:\/\/loudavymkrokem.cz\/wp-content\/uploads\/2026\/09\/nemecko-clanky-termaly-nemecko-22-938982ac.jpg 1800w, https:\/\/loudavymkrokem.cz\/wp-content\/uploads\/2026\/09\/nemecko-clanky-termaly-nemecko-22-938982ac-300x200.jpg 300w, https:\/\/loudavymkrokem.cz\/wp-content\/uploads\/2026\/09\/nemecko-clanky-termaly-nemecko-22-938982ac-700x467.jpg 700w, https:\/\/loudavymkrokem.cz\/wp-content\/uploads\/2026\/09\/nemecko-clanky-termaly-nemecko-22-938982ac-768x512.jpg 768w, https:\/\/loudavymkrokem.cz\/wp-content\/uploads\/2026\/09\/nemecko-clanky-termaly-nemecko-22-938982ac-1536x1025.jpg 1536w, https:\/\/loudavymkrokem.cz\/wp-content\/uploads\/2026\/09\/nemecko-clanky-termaly-nemecko-22-938982ac-696x464.jpg 696w, https:\/\/loudavymkrokem.cz\/wp-content\/uploads\/2026\/09\/nemecko-clanky-termaly-nemecko-22-938982ac-1392x929.jpg 1392w\" sizes=\"(max-width: 1800px) 100vw, 1800px\" \/><button\n\t\t\tclass=\"lightbox-trigger\"\n\t\t\ttype=\"button\"\n\t\t\taria-haspopup=\"dialog\"\n\t\t\tdata-wp-bind--aria-label=\"state.thisImage.triggerButtonAriaLabel\"\n\t\t\tdata-wp-init=\"callbacks.initTriggerButton\"\n\t\t\tdata-wp-on--click=\"actions.showLightbox\"\n\t\t\tdata-wp-style--right=\"state.thisImage.buttonRight\"\n\t\t\tdata-wp-style--top=\"state.thisImage.buttonTop\"\n\t\t>\n\t\t\t<svg xmlns=\"http:\/\/www.w3.org\/2000\/svg\" width=\"12\" height=\"12\" fill=\"none\" viewBox=\"0 0 12 12\">\n\t\t\t\t<path fill=\"#fff\" d=\"M2 0a2 2 0 0 0-2 2v2h1.5V2a.5.5 0 0 1 .5-.5h2V0H2Zm2 10.5H2a.5.5 0 0 1-.5-.5V8H0v2a2 2 0 0 0 2 2h2v-1.5ZM8 12v-1.5h2a.5.5 0 0 0 .5-.5V8H12v2a2 2 0 0 1-2 2H8Zm2-12a2 2 0 0 1 2 2v2h-1.5V2a.5.5 0 0 0-.5-.5H8V0h2Z\" \/>\n\t\t\t<\/svg>\n\t\t<\/button><\/figure>\n\n\n\n<h3 class=\"wp-block-heading\"><span class=\"ez-toc-section\" id=\"16_Thermen_Badewelt_Sinsheim_Sinsheim\"><\/span>16. Thermen &#038; Badewelt Sinsheim (Sinsheim)<span class=\"ez-toc-section-end\"><\/span><\/h3>\n\n\n\n<p class=\"wp-block-paragraph\">Det h\u00e4r enorma komplexet i staden Sinsheim tillh\u00f6r Josef Wunds ber\u00f6mda badfamilj och inuti ser det ut som i ett perfekt exotiskt paradis. Det fr\u00e4msta dragpl\u00e5stret \u00e4r det <strong>imponerande Palmenparadies<\/strong>, d\u00e4r \u00f6ver 400 levande tropiska palmer och mer \u00e4n tusen vackra orkid\u00e9er v\u00e4xer. Upplevelsen \u00e4r verkligen exceptionell, s\u00e4rskilt n\u00e4r det \u00e4r r\u00e5tt v\u00e4der ute och du promenerar i baddr\u00e4kt bland palmerna.<\/p>\n\n\n\n<p class=\"wp-block-paragraph\">Vattentemperaturen gl\u00e4djer dig garanterat, f\u00f6r i lagunerna v\u00e4rmer du dig i 34 \u00b0C och bass\u00e4ngen Quellen der Gesundheit erbjuder <strong>behagliga 36 \u00b0C<\/strong>. Simma kan du i en 25-metersbass\u00e4ng med 26 \u00b0C, medan barnbass\u00e4ngen h\u00e5ller 32 \u00b0C. F\u00f6r nedkylning finns en doppbass\u00e4ng med 16 \u00b0C. Zonen Vitaltherme &#038; Sauna g\u00f6mmer 13 olika bastur, bland vilka \u00e4ven en s\u00e4rskild bastu p\u00e5 ett skepp finns. I lagunen med turkost vatten kan du dessutom njuta av en exotisk drink direkt fr\u00e5n poolbaren.<\/p>\n\n\n\n<p class=\"wp-block-paragraph\">Badet \u00e4r tillg\u00e4ngligt <strong>enbart fr\u00e5n 16 \u00e5r<\/strong>, s\u00e5 planera inte hit med barn. Kolla den aktuella entr\u00e9n p\u00e5 webben innan resan, f\u00f6r den \u00e4ndras beroende p\u00e5 dag och vistelsens l\u00e4ngd. Om du t\u00e4nker \u00e5ka hit flera g\u00e5nger l\u00f6nar sig ett f\u00f6rbetalt v\u00e4rdekort: f\u00f6r en kredit p\u00e5 150 euro betalar du 142,50 euro, allts\u00e5 med 5 % rabatt. <strong>\ud83d\udca1 Tips:<\/strong> Om du gl\u00f6mmer utrustningen kostar badrocksuthyrning 9 euro (plus 40 euro i deposition) och en handduk kostar 6 euro (deposition 20 euro).<\/p>\n\n\n\n<figure data-wp-context=\"{&quot;imageId&quot;:&quot;6a9c41a71b85d&quot;}\" data-wp-interactive=\"core\/image\" data-wp-key=\"6a9c41a71b85d\" class=\"wp-block-image size-full wp-lightbox-container\"><img decoding=\"async\" width=\"1800\" height=\"1200\" data-wp-class--hide=\"state.isContentHidden\" data-wp-class--show=\"state.isContentVisible\" data-wp-init=\"callbacks.setButtonStyles\" data-wp-on--click=\"actions.showLightbox\" data-wp-on--load=\"callbacks.setButtonStyles\" data-wp-on--pointerdown=\"actions.preloadImage\" data-wp-on--pointerenter=\"actions.preloadImageWithDelay\" data-wp-on--pointerleave=\"actions.cancelPreload\" data-wp-on-window--resize=\"callbacks.setButtonStyles\" src=\"https:\/\/loudavymkrokem.cz\/wp-content\/uploads\/2026\/09\/nemecko-clanky-termaly-nemecko-23-69c5fa9a.jpg\" alt=\"Byggnaden Mineraltherme i B\u00f6blingen\" class=\"wp-image-415485\" title=\"\" srcset=\"https:\/\/loudavymkrokem.cz\/wp-content\/uploads\/2026\/09\/nemecko-clanky-termaly-nemecko-23-69c5fa9a.jpg 1800w, https:\/\/loudavymkrokem.cz\/wp-content\/uploads\/2026\/09\/nemecko-clanky-termaly-nemecko-23-69c5fa9a-300x200.jpg 300w, https:\/\/loudavymkrokem.cz\/wp-content\/uploads\/2026\/09\/nemecko-clanky-termaly-nemecko-23-69c5fa9a-700x467.jpg 700w, https:\/\/loudavymkrokem.cz\/wp-content\/uploads\/2026\/09\/nemecko-clanky-termaly-nemecko-23-69c5fa9a-768x512.jpg 768w, https:\/\/loudavymkrokem.cz\/wp-content\/uploads\/2026\/09\/nemecko-clanky-termaly-nemecko-23-69c5fa9a-1536x1024.jpg 1536w, https:\/\/loudavymkrokem.cz\/wp-content\/uploads\/2026\/09\/nemecko-clanky-termaly-nemecko-23-69c5fa9a-696x464.jpg 696w, https:\/\/loudavymkrokem.cz\/wp-content\/uploads\/2026\/09\/nemecko-clanky-termaly-nemecko-23-69c5fa9a-1392x928.jpg 1392w\" sizes=\"(max-width: 1800px) 100vw, 1800px\" \/><button\n\t\t\tclass=\"lightbox-trigger\"\n\t\t\ttype=\"button\"\n\t\t\taria-haspopup=\"dialog\"\n\t\t\tdata-wp-bind--aria-label=\"state.thisImage.triggerButtonAriaLabel\"\n\t\t\tdata-wp-init=\"callbacks.initTriggerButton\"\n\t\t\tdata-wp-on--click=\"actions.showLightbox\"\n\t\t\tdata-wp-style--right=\"state.thisImage.buttonRight\"\n\t\t\tdata-wp-style--top=\"state.thisImage.buttonTop\"\n\t\t>\n\t\t\t<svg xmlns=\"http:\/\/www.w3.org\/2000\/svg\" width=\"12\" height=\"12\" fill=\"none\" viewBox=\"0 0 12 12\">\n\t\t\t\t<path fill=\"#fff\" d=\"M2 0a2 2 0 0 0-2 2v2h1.5V2a.5.5 0 0 1 .5-.5h2V0H2Zm2 10.5H2a.5.5 0 0 1-.5-.5V8H0v2a2 2 0 0 0 2 2h2v-1.5ZM8 12v-1.5h2a.5.5 0 0 0 .5-.5V8H12v2a2 2 0 0 1-2 2H8Zm2-12a2 2 0 0 1 2 2v2h-1.5V2a.5.5 0 0 0-.5-.5H8V0h2Z\" \/>\n\t\t\t<\/svg>\n\t\t<\/button><figcaption class=\"wp-element-caption\">Foto: Giftzwerg 88 \/ Wikimedia Commons, CC BY-SA 3.0<\/figcaption><\/figure>\n\n\n\n<h3 class=\"wp-block-heading\"><span class=\"ez-toc-section\" id=\"17_Mineraltherme_Boblingen_Boblingen\"><\/span>17. Mineraltherme B\u00f6blingen (B\u00f6blingen)<span class=\"ez-toc-section-end\"><\/span><\/h3>\n\n\n\n<p class=\"wp-block-paragraph\">P\u00e5 badet i staden B\u00f6blingen v\u00e4ntar en bastuv\u00e4rld som <strong>upptar gener\u00f6sa 3 300 kvadratmeter<\/strong>. Du badar i fem olika avkopplingsbass\u00e4nger d\u00e4r vattentemperaturen ligger mellan mycket behagliga 31 och 36 \u00b0C. Det h\u00e4r komplexet passar var och en som s\u00f6ker en flykt undan vardagens bekymmer och uppskattar bra wellnessfaciliteter mitt i staden.<\/p>\n\n\n\n<p class=\"wp-block-paragraph\">Bastufantaster f\u00e5r verkligen sitt lystm\u00e4te, f\u00f6r den vidstr\u00e4ckta anl\u00e4ggningen erbjuder en klassisk finsk bastu, en doftande \u00f6rtv\u00e4rmestuga, en mildare softbastu, ett s\u00e4rskilt SinnBad och traditionella romerska \u00e5ngbad. \u00d6ppet \u00e4r f\u00f6r bes\u00f6kare varje dag fr\u00e5n klockan 9 till 22. Om du \u00e4lskar l\u00e5nga kv\u00e4llsbad, \u00e5k hit den f\u00f6rsta fredagen i m\u00e5naden d\u00e5 du <strong>kan koppla av \u00e4nda till midnatt<\/strong>. Barn under 5 \u00e5r nekas helt intr\u00e4de och ungdomar under 16 \u00e5r m\u00e5ste ha vuxet s\u00e4llskap.<\/p>\n\n\n\n<p class=\"wp-block-paragraph\">Enligt prislistan f\u00f6r 2026 kostar en tretimmarsentr\u00e9 till termalbaden och Classic-Sauna <strong>17,50 euro p\u00e5 vardagar<\/strong> och 19 euro p\u00e5 helger. En biljett f\u00f6r 4 timmar inklusive zonen Saunagarten kostar 26,50 euro respektive 28 euro. En heldagsbiljett till b\u00e5da bastuzonerna kostar 33,50 euro p\u00e5 vardagar. Familjetaxan f\u00f6r tv\u00e5 vuxna och tv\u00e5 barn (5 till 16 \u00e5r) kostar 50 euro f\u00f6r tre timmar. <strong>\ud83d\udca1 Tips:<\/strong> F\u00f6r varje spenderad euro p\u00e5 massage i anl\u00e4ggningen f\u00e5r du en minut extra tidskredit. F\u00f6delsedagsbarn har mot uppvisande av legitimation 50 % rabatt p\u00e5 entr\u00e9n.<\/p>\n\n\n\n<figure data-wp-context=\"{&quot;imageId&quot;:&quot;6a9c41a71beca&quot;}\" data-wp-interactive=\"core\/image\" data-wp-key=\"6a9c41a71beca\" class=\"wp-block-image size-full wp-lightbox-container\"><img decoding=\"async\" width=\"1800\" height=\"1350\" data-wp-class--hide=\"state.isContentHidden\" data-wp-class--show=\"state.isContentVisible\" data-wp-init=\"callbacks.setButtonStyles\" data-wp-on--click=\"actions.showLightbox\" data-wp-on--load=\"callbacks.setButtonStyles\" data-wp-on--pointerdown=\"actions.preloadImage\" data-wp-on--pointerenter=\"actions.preloadImageWithDelay\" data-wp-on--pointerleave=\"actions.cancelPreload\" data-wp-on-window--resize=\"callbacks.setButtonStyles\" src=\"https:\/\/loudavymkrokem.cz\/wp-content\/uploads\/2026\/09\/nemecko-clanky-termaly-nemecko-24-fb363786-1.jpg\" alt=\"Panorama Therme Beuren (Beuren)\" class=\"wp-image-415315\" title=\"\" srcset=\"https:\/\/loudavymkrokem.cz\/wp-content\/uploads\/2026\/09\/nemecko-clanky-termaly-nemecko-24-fb363786-1.jpg 1800w, https:\/\/loudavymkrokem.cz\/wp-content\/uploads\/2026\/09\/nemecko-clanky-termaly-nemecko-24-fb363786-1-300x225.jpg 300w, https:\/\/loudavymkrokem.cz\/wp-content\/uploads\/2026\/09\/nemecko-clanky-termaly-nemecko-24-fb363786-1-700x525.jpg 700w, https:\/\/loudavymkrokem.cz\/wp-content\/uploads\/2026\/09\/nemecko-clanky-termaly-nemecko-24-fb363786-1-768x576.jpg 768w, https:\/\/loudavymkrokem.cz\/wp-content\/uploads\/2026\/09\/nemecko-clanky-termaly-nemecko-24-fb363786-1-1536x1152.jpg 1536w, https:\/\/loudavymkrokem.cz\/wp-content\/uploads\/2026\/09\/nemecko-clanky-termaly-nemecko-24-fb363786-1-80x60.jpg 80w, https:\/\/loudavymkrokem.cz\/wp-content\/uploads\/2026\/09\/nemecko-clanky-termaly-nemecko-24-fb363786-1-160x120.jpg 160w, https:\/\/loudavymkrokem.cz\/wp-content\/uploads\/2026\/09\/nemecko-clanky-termaly-nemecko-24-fb363786-1-696x522.jpg 696w, https:\/\/loudavymkrokem.cz\/wp-content\/uploads\/2026\/09\/nemecko-clanky-termaly-nemecko-24-fb363786-1-1392x1044.jpg 1392w\" sizes=\"(max-width: 1800px) 100vw, 1800px\" \/><button\n\t\t\tclass=\"lightbox-trigger\"\n\t\t\ttype=\"button\"\n\t\t\taria-haspopup=\"dialog\"\n\t\t\tdata-wp-bind--aria-label=\"state.thisImage.triggerButtonAriaLabel\"\n\t\t\tdata-wp-init=\"callbacks.initTriggerButton\"\n\t\t\tdata-wp-on--click=\"actions.showLightbox\"\n\t\t\tdata-wp-style--right=\"state.thisImage.buttonRight\"\n\t\t\tdata-wp-style--top=\"state.thisImage.buttonTop\"\n\t\t>\n\t\t\t<svg xmlns=\"http:\/\/www.w3.org\/2000\/svg\" width=\"12\" height=\"12\" fill=\"none\" viewBox=\"0 0 12 12\">\n\t\t\t\t<path fill=\"#fff\" d=\"M2 0a2 2 0 0 0-2 2v2h1.5V2a.5.5 0 0 1 .5-.5h2V0H2Zm2 10.5H2a.5.5 0 0 1-.5-.5V8H0v2a2 2 0 0 0 2 2h2v-1.5ZM8 12v-1.5h2a.5.5 0 0 0 .5-.5V8H12v2a2 2 0 0 1-2 2H8Zm2-12a2 2 0 0 1 2 2v2h-1.5V2a.5.5 0 0 0-.5-.5H8V0h2Z\" \/>\n\t\t\t<\/svg>\n\t\t<\/button><\/figure>\n\n\n\n<h3 class=\"wp-block-heading\"><span class=\"ez-toc-section\" id=\"18_Panorama_Therme_Beuren_Beuren\"><\/span>18. Panorama Therme Beuren (Beuren)<span class=\"ez-toc-section-end\"><\/span><\/h3>\n\n\n\n<p class=\"wp-block-paragraph\">Det h\u00e4r termalbadet ligger i pittoreska staden Beuren och dess l\u00e4ge \u00e4r unikt, eftersom en stor del av kommunens omr\u00e5de <strong>ligger i biosf\u00e4rreservatet Schw\u00e4bische Alb<\/strong>. Naturen runtomkring \u00e4r helt enkelt underbar och du kopplar av p\u00e5 max med vetskapen om att du befinner dig i ett skyddat omr\u00e5de. Badet passar d\u00e4rf\u00f6r perfekt f\u00f6r att avsluta en aktiv dag p\u00e5 Schw\u00e4bische Alb.<\/p>\n\n\n\n<p class=\"wp-block-paragraph\">H\u00e4r finns en klassisk termaldel samt mycket popul\u00e4ra \u00e5ngbad (Dampfb\u00e4der). Milj\u00f6n \u00e4r \u00f6verlag lugnare och inriktar sig framf\u00f6r allt p\u00e5 vuxna bes\u00f6kare som s\u00f6ker rej\u00e4l vila efter vandringar i den omgivande naturen. St\u00e4mningen flyter i l\u00e4gre tempo och du kan utan d\u00e5ligt samvete njuta av det varma vattnets v\u00e4lg\u00f6rande effekter.<\/p>\n\n\n\n<p class=\"wp-block-paragraph\">Enligt prislistan f\u00f6r 2026 kostar en biljett till \u00e5ngbaden f\u00f6r 2,5 timmar <strong>17,50 euro p\u00e5 vardagar<\/strong>, p\u00e5 helger och helgdagar betalar du 1,50 euro extra. Personer med sv\u00e5r funktionsneds\u00e4ttning har en liten rabatt och betalar 16,50 euro. En kombination av termalbad och \u00e5ngbad f\u00f6r 3 timmar kostar 25,50 euro p\u00e5 vardagar och 27 euro p\u00e5 helger. <strong>\ud83d\udca1 Tips:<\/strong> Har du gamla biljetter hemma i form av en parkeringslapp med streckkod kan du fortfarande anv\u00e4nda dem, men du betalar 3 till 3,50 euro extra. F\u00f6r ur\u00e5ldriga biljetter med magnetremsa \u00e4r till\u00e4gget 5 till 5,50 euro.<\/p>\n\n\n\n<figure data-wp-context=\"{&quot;imageId&quot;:&quot;6a9c41a71c4ea&quot;}\" data-wp-interactive=\"core\/image\" data-wp-key=\"6a9c41a71c4ea\" class=\"wp-block-image size-full wp-lightbox-container\"><img decoding=\"async\" width=\"1800\" height=\"1200\" data-wp-class--hide=\"state.isContentHidden\" data-wp-class--show=\"state.isContentVisible\" data-wp-init=\"callbacks.setButtonStyles\" data-wp-on--click=\"actions.showLightbox\" data-wp-on--load=\"callbacks.setButtonStyles\" data-wp-on--pointerdown=\"actions.preloadImage\" data-wp-on--pointerenter=\"actions.preloadImageWithDelay\" data-wp-on--pointerleave=\"actions.cancelPreload\" data-wp-on-window--resize=\"callbacks.setButtonStyles\" src=\"https:\/\/loudavymkrokem.cz\/wp-content\/uploads\/2026\/09\/nemecko-clanky-termaly-nemecko-25-92e2b50c.jpg\" alt=\"Bodensee-Therme Konstanz med restaurang ovanf\u00f6r Bodensj\u00f6ns strand\" class=\"wp-image-415489\" title=\"\" srcset=\"https:\/\/loudavymkrokem.cz\/wp-content\/uploads\/2026\/09\/nemecko-clanky-termaly-nemecko-25-92e2b50c.jpg 1800w, https:\/\/loudavymkrokem.cz\/wp-content\/uploads\/2026\/09\/nemecko-clanky-termaly-nemecko-25-92e2b50c-300x200.jpg 300w, https:\/\/loudavymkrokem.cz\/wp-content\/uploads\/2026\/09\/nemecko-clanky-termaly-nemecko-25-92e2b50c-700x467.jpg 700w, https:\/\/loudavymkrokem.cz\/wp-content\/uploads\/2026\/09\/nemecko-clanky-termaly-nemecko-25-92e2b50c-768x512.jpg 768w, https:\/\/loudavymkrokem.cz\/wp-content\/uploads\/2026\/09\/nemecko-clanky-termaly-nemecko-25-92e2b50c-1536x1024.jpg 1536w, https:\/\/loudavymkrokem.cz\/wp-content\/uploads\/2026\/09\/nemecko-clanky-termaly-nemecko-25-92e2b50c-696x464.jpg 696w, https:\/\/loudavymkrokem.cz\/wp-content\/uploads\/2026\/09\/nemecko-clanky-termaly-nemecko-25-92e2b50c-1392x928.jpg 1392w\" sizes=\"(max-width: 1800px) 100vw, 1800px\" \/><button\n\t\t\tclass=\"lightbox-trigger\"\n\t\t\ttype=\"button\"\n\t\t\taria-haspopup=\"dialog\"\n\t\t\tdata-wp-bind--aria-label=\"state.thisImage.triggerButtonAriaLabel\"\n\t\t\tdata-wp-init=\"callbacks.initTriggerButton\"\n\t\t\tdata-wp-on--click=\"actions.showLightbox\"\n\t\t\tdata-wp-style--right=\"state.thisImage.buttonRight\"\n\t\t\tdata-wp-style--top=\"state.thisImage.buttonTop\"\n\t\t>\n\t\t\t<svg xmlns=\"http:\/\/www.w3.org\/2000\/svg\" width=\"12\" height=\"12\" fill=\"none\" viewBox=\"0 0 12 12\">\n\t\t\t\t<path fill=\"#fff\" d=\"M2 0a2 2 0 0 0-2 2v2h1.5V2a.5.5 0 0 1 .5-.5h2V0H2Zm2 10.5H2a.5.5 0 0 1-.5-.5V8H0v2a2 2 0 0 0 2 2h2v-1.5ZM8 12v-1.5h2a.5.5 0 0 0 .5-.5V8H12v2a2 2 0 0 1-2 2H8Zm2-12a2 2 0 0 1 2 2v2h-1.5V2a.5.5 0 0 0-.5-.5H8V0h2Z\" \/>\n\t\t\t<\/svg>\n\t\t<\/button><figcaption class=\"wp-element-caption\">Foto: Rizzo \/ Wikimedia Commons, CC BY-SA 3.0<\/figcaption><\/figure>\n\n\n\n<h3 class=\"wp-block-heading\"><span class=\"ez-toc-section\" id=\"19_Bodensee-Therme_Konstanz_Konstanz\"><\/span>19. Bodensee-Therme Konstanz (Konstanz)<span class=\"ez-toc-section-end\"><\/span><\/h3>\n\n\n\n<p class=\"wp-block-paragraph\">H\u00e4r badar du <strong>direkt p\u00e5 stranden av den ber\u00f6mda Bodensj\u00f6n<\/strong> i staden Konstanz. Hela anl\u00e4ggningen delas smart in i fyra huvuddelar: en inomhustermalbass\u00e4ng, en utomhustermalbass\u00e4ng, ett s\u00e4rskilt Quelltopf och ett sommarbad (Freibad) med en rej\u00e4l 50-meters simbass\u00e4ng. Kombinationen av bass\u00e4nger och sj\u00f6 \u00e4r f\u00f6rtrollande.<\/p>\n\n\n\n<p class=\"wp-block-paragraph\">P\u00e5 sommaren njuter folk av bad direkt i sj\u00f6n, medan de svalare m\u00e5naderna lockar med uppv\u00e4rmda termalbad. Bastudelen \u00e4r \u00f6ppen dagligen fr\u00e5n klockan 10 till 22 och varje tisdag fungerar den <strong>enbart som dambastu<\/strong>, vilket \u00e4r utm\u00e4rkta nyheter f\u00f6r alla bes\u00f6kare som s\u00f6ker avskildhet. Barn f\u00e5r komma till bastun och Quelltopf f\u00f6rst fr\u00e5n 6 \u00e5r. I sommarbadet Freibad har barn under 5 \u00e5r gratis intr\u00e4de, och till termalbaden betalar barn under 2 \u00e5r ingenting.<\/p>\n\n\n\n<p class=\"wp-block-paragraph\">Enligt prislistan f\u00f6r 2026 betalar du f\u00f6r 3 timmar i termalbaden <strong>16,50 euro p\u00e5 vardagar<\/strong> och 19 euro p\u00e5 helger eller helgdagar. En heldagsvistelse i bass\u00e4ngerna kostar 19,50 euro respektive 22 euro. En tretimmarsbastu kostar 27,50 euro p\u00e5 vardagar och 30,50 euro p\u00e5 helger. <strong>\ud83d\udca1 Tips:<\/strong> Utomhustermalbass\u00e4ngen genomg\u00e5r renovering och \u00e4r ur drift \u00e4nda till den 25 september 2026, s\u00e5 r\u00e4kna hellre med det i f\u00f6rv\u00e4g vid planeringen.<\/p>\n\n\n\n<figure data-wp-context=\"{&quot;imageId&quot;:&quot;6a9c41a71caf0&quot;}\" data-wp-interactive=\"core\/image\" data-wp-key=\"6a9c41a71caf0\" class=\"wp-block-image size-full wp-lightbox-container\"><img decoding=\"async\" width=\"1800\" height=\"1200\" data-wp-class--hide=\"state.isContentHidden\" data-wp-class--show=\"state.isContentVisible\" data-wp-init=\"callbacks.setButtonStyles\" data-wp-on--click=\"actions.showLightbox\" data-wp-on--load=\"callbacks.setButtonStyles\" data-wp-on--pointerdown=\"actions.preloadImage\" data-wp-on--pointerenter=\"actions.preloadImageWithDelay\" data-wp-on--pointerleave=\"actions.cancelPreload\" data-wp-on-window--resize=\"callbacks.setButtonStyles\" src=\"https:\/\/loudavymkrokem.cz\/wp-content\/uploads\/2026\/09\/nemecko-clanky-termaly-nemecko-26-4ac25752-1.jpg\" alt=\"Adelindis Therme (Bad Buchau): avkopplingsbass\u00e4ng\" class=\"wp-image-415319\" title=\"\" srcset=\"https:\/\/loudavymkrokem.cz\/wp-content\/uploads\/2026\/09\/nemecko-clanky-termaly-nemecko-26-4ac25752-1.jpg 1800w, https:\/\/loudavymkrokem.cz\/wp-content\/uploads\/2026\/09\/nemecko-clanky-termaly-nemecko-26-4ac25752-1-300x200.jpg 300w, https:\/\/loudavymkrokem.cz\/wp-content\/uploads\/2026\/09\/nemecko-clanky-termaly-nemecko-26-4ac25752-1-700x467.jpg 700w, https:\/\/loudavymkrokem.cz\/wp-content\/uploads\/2026\/09\/nemecko-clanky-termaly-nemecko-26-4ac25752-1-768x512.jpg 768w, https:\/\/loudavymkrokem.cz\/wp-content\/uploads\/2026\/09\/nemecko-clanky-termaly-nemecko-26-4ac25752-1-1536x1024.jpg 1536w, https:\/\/loudavymkrokem.cz\/wp-content\/uploads\/2026\/09\/nemecko-clanky-termaly-nemecko-26-4ac25752-1-696x464.jpg 696w, https:\/\/loudavymkrokem.cz\/wp-content\/uploads\/2026\/09\/nemecko-clanky-termaly-nemecko-26-4ac25752-1-1392x928.jpg 1392w\" sizes=\"(max-width: 1800px) 100vw, 1800px\" \/><button\n\t\t\tclass=\"lightbox-trigger\"\n\t\t\ttype=\"button\"\n\t\t\taria-haspopup=\"dialog\"\n\t\t\tdata-wp-bind--aria-label=\"state.thisImage.triggerButtonAriaLabel\"\n\t\t\tdata-wp-init=\"callbacks.initTriggerButton\"\n\t\t\tdata-wp-on--click=\"actions.showLightbox\"\n\t\t\tdata-wp-style--right=\"state.thisImage.buttonRight\"\n\t\t\tdata-wp-style--top=\"state.thisImage.buttonTop\"\n\t\t>\n\t\t\t<svg xmlns=\"http:\/\/www.w3.org\/2000\/svg\" width=\"12\" height=\"12\" fill=\"none\" viewBox=\"0 0 12 12\">\n\t\t\t\t<path fill=\"#fff\" d=\"M2 0a2 2 0 0 0-2 2v2h1.5V2a.5.5 0 0 1 .5-.5h2V0H2Zm2 10.5H2a.5.5 0 0 1-.5-.5V8H0v2a2 2 0 0 0 2 2h2v-1.5ZM8 12v-1.5h2a.5.5 0 0 0 .5-.5V8H12v2a2 2 0 0 1-2 2H8Zm2-12a2 2 0 0 1 2 2v2h-1.5V2a.5.5 0 0 0-.5-.5H8V0h2Z\" \/>\n\t\t\t<\/svg>\n\t\t<\/button><\/figure>\n\n\n\n<h3 class=\"wp-block-heading\"><span class=\"ez-toc-section\" id=\"20_Adelindis_Therme_Bad_Buchau\"><\/span>20. Adelindis Therme (Bad Buchau)<span class=\"ez-toc-section-end\"><\/span><\/h3>\n\n\n\n<p class=\"wp-block-paragraph\">Om du \u00e4lskar rej\u00e4l uppv\u00e4rmning och s\u00e4tter v\u00e4rde p\u00e5 variation blir du hundraprocentigt f\u00f6rtjust i kurorten Bad Buchau. Den lokala bastuv\u00e4rlden <strong>erbjuder n\u00e4mligen hela 7 olika bastur<\/strong> med skilda temperaturgrader, s\u00e5 var och en hittar sin favorit, oavsett om du f\u00f6redrar mildare v\u00e4rme eller tv\u00e4rtom intensiv nordisk svettning.<\/p>\n\n\n\n<p class=\"wp-block-paragraph\">F\u00f6rutom bastu finns h\u00e4r en mycket trevlig termaldel d\u00e4r du l\u00e4tt kan tillbringa en hel dag. St\u00e4mningen \u00e4r mycket avkopplande och anl\u00e4ggningen \u00e4r direkt idealisk f\u00f6r par eller resen\u00e4rer som vill koppla av fr\u00e5n vardagsstressen i en lugn kurbadsmilj\u00f6. Termalbaden \u00e4r en utm\u00e4rkt tillflykt s\u00e4rskilt under \u00e5rets svalare period.<\/p>\n\n\n\n<p class=\"wp-block-paragraph\">Enligt prislistan f\u00f6r 2026 kostar en fyratimmarsentr\u00e9 till termalbaden <strong>15 euro p\u00e5 vardagar<\/strong> och 16,50 euro p\u00e5 helger eller helgdagar. En heldagsbiljett till bass\u00e4ngerna kostar 18 euro, med helgtill\u00e4gg 19,50 euro. En heldagsbiljett som inkluderar b\u00e5de termalbad och bastu kostar 23 euro p\u00e5 vardagar. <strong>\ud83d\udca1 Tips:<\/strong> Reser du med husbil? Utnyttja specialtaxan f\u00f6r 1 timme med parkeringstillst\u00e5nd f\u00f6r 7 euro. Ett bra val \u00e4r \u00e4ven kv\u00e4llstaxan efter klockan 18, d\u00e5 entr\u00e9n till termalbaden sjunker till 12,50 euro. Varje sista fredagen i m\u00e5naden h\u00e5lls dessutom den popul\u00e4ra Eventsauna f\u00f6r 32 euro.<\/p>\n\n\n\n<figure data-wp-context=\"{&quot;imageId&quot;:&quot;6a9c41a71d16a&quot;}\" data-wp-interactive=\"core\/image\" data-wp-key=\"6a9c41a71d16a\" class=\"wp-block-image size-full wp-lightbox-container\"><img decoding=\"async\" width=\"1800\" height=\"1200\" data-wp-class--hide=\"state.isContentHidden\" data-wp-class--show=\"state.isContentVisible\" data-wp-init=\"callbacks.setButtonStyles\" data-wp-on--click=\"actions.showLightbox\" data-wp-on--load=\"callbacks.setButtonStyles\" data-wp-on--pointerdown=\"actions.preloadImage\" data-wp-on--pointerenter=\"actions.preloadImageWithDelay\" data-wp-on--pointerleave=\"actions.cancelPreload\" data-wp-on-window--resize=\"callbacks.setButtonStyles\" src=\"https:\/\/loudavymkrokem.cz\/wp-content\/uploads\/2026\/09\/nemecko-clanky-termaly-nemecko-27-457f21a5.jpg\" alt=\"Utomhusbass\u00e4nger p\u00e5 Sonnenhof-Therme i Bad Saulgau vid solnedg\u00e5ng\" class=\"wp-image-415493\" title=\"\" srcset=\"https:\/\/loudavymkrokem.cz\/wp-content\/uploads\/2026\/09\/nemecko-clanky-termaly-nemecko-27-457f21a5.jpg 1800w, https:\/\/loudavymkrokem.cz\/wp-content\/uploads\/2026\/09\/nemecko-clanky-termaly-nemecko-27-457f21a5-300x200.jpg 300w, https:\/\/loudavymkrokem.cz\/wp-content\/uploads\/2026\/09\/nemecko-clanky-termaly-nemecko-27-457f21a5-700x467.jpg 700w, https:\/\/loudavymkrokem.cz\/wp-content\/uploads\/2026\/09\/nemecko-clanky-termaly-nemecko-27-457f21a5-768x512.jpg 768w, https:\/\/loudavymkrokem.cz\/wp-content\/uploads\/2026\/09\/nemecko-clanky-termaly-nemecko-27-457f21a5-1536x1024.jpg 1536w, https:\/\/loudavymkrokem.cz\/wp-content\/uploads\/2026\/09\/nemecko-clanky-termaly-nemecko-27-457f21a5-696x464.jpg 696w, https:\/\/loudavymkrokem.cz\/wp-content\/uploads\/2026\/09\/nemecko-clanky-termaly-nemecko-27-457f21a5-1392x928.jpg 1392w\" sizes=\"(max-width: 1800px) 100vw, 1800px\" \/><button\n\t\t\tclass=\"lightbox-trigger\"\n\t\t\ttype=\"button\"\n\t\t\taria-haspopup=\"dialog\"\n\t\t\tdata-wp-bind--aria-label=\"state.thisImage.triggerButtonAriaLabel\"\n\t\t\tdata-wp-init=\"callbacks.initTriggerButton\"\n\t\t\tdata-wp-on--click=\"actions.showLightbox\"\n\t\t\tdata-wp-style--right=\"state.thisImage.buttonRight\"\n\t\t\tdata-wp-style--top=\"state.thisImage.buttonTop\"\n\t\t>\n\t\t\t<svg xmlns=\"http:\/\/www.w3.org\/2000\/svg\" width=\"12\" height=\"12\" fill=\"none\" viewBox=\"0 0 12 12\">\n\t\t\t\t<path fill=\"#fff\" d=\"M2 0a2 2 0 0 0-2 2v2h1.5V2a.5.5 0 0 1 .5-.5h2V0H2Zm2 10.5H2a.5.5 0 0 1-.5-.5V8H0v2a2 2 0 0 0 2 2h2v-1.5ZM8 12v-1.5h2a.5.5 0 0 0 .5-.5V8H12v2a2 2 0 0 1-2 2H8Zm2-12a2 2 0 0 1 2 2v2h-1.5V2a.5.5 0 0 0-.5-.5H8V0h2Z\" \/>\n\t\t\t<\/svg>\n\t\t<\/button><\/figure>\n\n\n\n<h3 class=\"wp-block-heading\"><span class=\"ez-toc-section\" id=\"21_Sonnenhof-Therme_Bad_Saulgau\"><\/span>21. Sonnenhof-Therme (Bad Saulgau)<span class=\"ez-toc-section-end\"><\/span><\/h3>\n\n\n\n<p class=\"wp-block-paragraph\">Det h\u00e4r badet i staden Bad Saulgau stoltserar med en enorm naturlig rikedom som lockar folk fr\u00e5n vida trakter. Varje dag <strong>v\u00e4ller upp till 1,5 miljoner liter l\u00e4kande svavelvatten fram<\/strong> fr\u00e5n ett imponerande djup p\u00e5 650 meter och fyller st\u00e4ndigt alla lokala bass\u00e4nger. Redan den moderna arkitekturen \u00e4r imponerande, f\u00f6r byggnaden \u00e4r fylld av dagsljus.<\/p>\n\n\n\n<p class=\"wp-block-paragraph\">P\u00e5 en yta av 900 kvadratmeter uppt\u00e4cker du sju inomhus- och utomhusbass\u00e4nger med temperaturer fr\u00e5n 28 till 40 \u00b0C. Varmast \u00e4r inomhusbass\u00e4ngen Quellbecken, som erbjuder <strong>41 \u00b0C<\/strong>. H\u00e4r finns en kaskadbass\u00e4ng med 34 \u00b0C eller ett romerskt \u00e5ngbad med 100 % luftfuktighet och en temperatur fr\u00e5n 40 till 50 \u00b0C. I saltrummet v\u00e4rmer minst 42 \u00b0C dig. Bass\u00e4ngerna inneh\u00e5ller \u00e4ven diverse vattenfall och undervattensmunstycken.<\/p>\n\n\n\n<p class=\"wp-block-paragraph\">Enligt prislistan f\u00f6r 2026 kostar en tv\u00e5timmarsbiljett till termalbaden 13,80 euro. En tretimmarsentr\u00e9 kostar 14,80 euro och heldagsvarianten s\u00e4ljs f\u00f6r 20,40 euro. Intr\u00e4de till bastun, som redan inkluderar bad i termalbaden, kostar 21,60 euro f\u00f6r 3 timmar. <strong>\ud83d\udca1 Tips:<\/strong> Stanna vid vattenfallen och massagemunstyckena i bass\u00e4ngen som h\u00e5ller mycket behagliga 37 \u00b0C, f\u00f6r de l\u00f6sg\u00f6r perfekt stela ryggar och axlar.<\/p>\n\n\n\n<figure data-wp-context=\"{&quot;imageId&quot;:&quot;6a9c41a71d7f5&quot;}\" data-wp-interactive=\"core\/image\" data-wp-key=\"6a9c41a71d7f5\" class=\"wp-block-image size-full wp-lightbox-container\"><img decoding=\"async\" width=\"1800\" height=\"1200\" data-wp-class--hide=\"state.isContentHidden\" data-wp-class--show=\"state.isContentVisible\" data-wp-init=\"callbacks.setButtonStyles\" data-wp-on--click=\"actions.showLightbox\" data-wp-on--load=\"callbacks.setButtonStyles\" data-wp-on--pointerdown=\"actions.preloadImage\" data-wp-on--pointerenter=\"actions.preloadImageWithDelay\" data-wp-on--pointerleave=\"actions.cancelPreload\" data-wp-on-window--resize=\"callbacks.setButtonStyles\" src=\"https:\/\/loudavymkrokem.cz\/wp-content\/uploads\/2026\/09\/nemecko-clanky-termaly-nemecko-28-5b36a3a0-1.jpg\" alt=\"Caracalla Therme (Baden-Baden)\" class=\"wp-image-415324\" title=\"\" srcset=\"https:\/\/loudavymkrokem.cz\/wp-content\/uploads\/2026\/09\/nemecko-clanky-termaly-nemecko-28-5b36a3a0-1.jpg 1800w, https:\/\/loudavymkrokem.cz\/wp-content\/uploads\/2026\/09\/nemecko-clanky-termaly-nemecko-28-5b36a3a0-1-300x200.jpg 300w, https:\/\/loudavymkrokem.cz\/wp-content\/uploads\/2026\/09\/nemecko-clanky-termaly-nemecko-28-5b36a3a0-1-700x467.jpg 700w, https:\/\/loudavymkrokem.cz\/wp-content\/uploads\/2026\/09\/nemecko-clanky-termaly-nemecko-28-5b36a3a0-1-768x512.jpg 768w, https:\/\/loudavymkrokem.cz\/wp-content\/uploads\/2026\/09\/nemecko-clanky-termaly-nemecko-28-5b36a3a0-1-1536x1024.jpg 1536w, https:\/\/loudavymkrokem.cz\/wp-content\/uploads\/2026\/09\/nemecko-clanky-termaly-nemecko-28-5b36a3a0-1-696x464.jpg 696w, https:\/\/loudavymkrokem.cz\/wp-content\/uploads\/2026\/09\/nemecko-clanky-termaly-nemecko-28-5b36a3a0-1-1392x928.jpg 1392w\" sizes=\"(max-width: 1800px) 100vw, 1800px\" \/><button\n\t\t\tclass=\"lightbox-trigger\"\n\t\t\ttype=\"button\"\n\t\t\taria-haspopup=\"dialog\"\n\t\t\tdata-wp-bind--aria-label=\"state.thisImage.triggerButtonAriaLabel\"\n\t\t\tdata-wp-init=\"callbacks.initTriggerButton\"\n\t\t\tdata-wp-on--click=\"actions.showLightbox\"\n\t\t\tdata-wp-style--right=\"state.thisImage.buttonRight\"\n\t\t\tdata-wp-style--top=\"state.thisImage.buttonTop\"\n\t\t>\n\t\t\t<svg xmlns=\"http:\/\/www.w3.org\/2000\/svg\" width=\"12\" height=\"12\" fill=\"none\" viewBox=\"0 0 12 12\">\n\t\t\t\t<path fill=\"#fff\" d=\"M2 0a2 2 0 0 0-2 2v2h1.5V2a.5.5 0 0 1 .5-.5h2V0H2Zm2 10.5H2a.5.5 0 0 1-.5-.5V8H0v2a2 2 0 0 0 2 2h2v-1.5ZM8 12v-1.5h2a.5.5 0 0 0 .5-.5V8H12v2a2 2 0 0 1-2 2H8Zm2-12a2 2 0 0 1 2 2v2h-1.5V2a.5.5 0 0 0-.5-.5H8V0h2Z\" \/>\n\t\t\t<\/svg>\n\t\t<\/button><figcaption class=\"wp-element-caption\">Foto: Gerd Eichmann \/ Wikimedia Commons, CC BY-SA 4.0<\/figcaption><\/figure>\n\n\n\n<h3 class=\"wp-block-heading\"><span class=\"ez-toc-section\" id=\"22_Caracalla_Therme_Baden-Baden\"><\/span>22. Caracalla Therme (Baden-Baden)<span class=\"ez-toc-section-end\"><\/span><\/h3>\n\n\n\n<p class=\"wp-block-paragraph\">I legendariska Baden-Baden hittar du det h\u00e4r lyxkomplexet p\u00e5 totalt 5 000 kvadratmeter, som lockar med en enorm <strong>vattenyta som \u00f6verstiger 900 kvadratmeter<\/strong>. Dagligen cirkulerar runt 800 000 liter rent termalvatten h\u00e4r och bass\u00e4ngernas djup n\u00e5r som mest 1,35 meter, s\u00e5 du k\u00e4nner dig trygg h\u00e4r.<\/p>\n\n\n\n<p class=\"wp-block-paragraph\">Vattentemperaturen varierar fr\u00e5n 18 till 38 \u00b0C. Du v\u00e4rmer dig i den stora inomhusbass\u00e4ngen (34 \u00b0C) eller i den stora utomhusbass\u00e4ngen (32 \u00b0C). H\u00e4r finns \u00e4ven en liten utomhuspool med 35 \u00b0C och tv\u00e5 heta bubbelpooler med 38 \u00b0C. En upplevelse erbjuder den heta grottan med 38 \u00b0C (d\u00e4r man rekommenderas stanna 5 minuter), som <strong>direkt ansluter till en kall grotta<\/strong> med bara 18 \u00b0C f\u00f6r snabb nedkylning p\u00e5 10 till 20 sekunder. V\u00e5ghalsar v\u00e4lkomnar \u00e5ngbadet i baddr\u00e4kt med 43 \u00b0C och 100 % luftfuktighet eller saltinhalationskammaren med en temperatur p\u00e5 28 till 30 \u00b0C.<\/p>\n\n\n\n<p class=\"wp-block-paragraph\">Enligt prislistan f\u00f6r 2026 kostar en biljett till bass\u00e4ngerna f\u00f6r 2 timmar 21 euro, f\u00f6r 3 timmar 25 euro och en heldag 35 euro. Kombinationen med bastu kostar 26 euro f\u00f6r 2 timmar. Barn f\u00e5r komma in f\u00f6rst fr\u00e5n 7 \u00e5r, upp till 14 \u00e5r enbart med vuxet s\u00e4llskap. <strong>\ud83d\udca1 Tips:<\/strong> Skaffar du ett s\u00e5 kallat VIP-Chip f\u00e5r du upp till 20 % rabatt p\u00e5 entr\u00e9n inte bara hit, utan \u00e4ven till det n\u00e4rbesl\u00e4ktade historiska badet Friedrichsbad.<\/p>\n\n\n\n<figure data-wp-context=\"{&quot;imageId&quot;:&quot;6a9c41a71de7c&quot;}\" data-wp-interactive=\"core\/image\" data-wp-key=\"6a9c41a71de7c\" class=\"wp-block-image size-full wp-lightbox-container\"><img decoding=\"async\" width=\"1800\" height=\"1083\" data-wp-class--hide=\"state.isContentHidden\" data-wp-class--show=\"state.isContentVisible\" data-wp-init=\"callbacks.setButtonStyles\" data-wp-on--click=\"actions.showLightbox\" data-wp-on--load=\"callbacks.setButtonStyles\" data-wp-on--pointerdown=\"actions.preloadImage\" data-wp-on--pointerenter=\"actions.preloadImageWithDelay\" data-wp-on--pointerleave=\"actions.cancelPreload\" data-wp-on-window--resize=\"callbacks.setButtonStyles\" src=\"https:\/\/loudavymkrokem.cz\/wp-content\/uploads\/2026\/09\/nemecko-clanky-termaly-nemecko-29-aa48ec15.jpg\" alt=\"V\u00e5gigt tak och utomhusbass\u00e4ng p\u00e5 termalbadet Solemar i Bad D\u00fcrrheim\" class=\"wp-image-415497\" title=\"\" srcset=\"https:\/\/loudavymkrokem.cz\/wp-content\/uploads\/2026\/09\/nemecko-clanky-termaly-nemecko-29-aa48ec15.jpg 1800w, https:\/\/loudavymkrokem.cz\/wp-content\/uploads\/2026\/09\/nemecko-clanky-termaly-nemecko-29-aa48ec15-300x181.jpg 300w, https:\/\/loudavymkrokem.cz\/wp-content\/uploads\/2026\/09\/nemecko-clanky-termaly-nemecko-29-aa48ec15-700x421.jpg 700w, https:\/\/loudavymkrokem.cz\/wp-content\/uploads\/2026\/09\/nemecko-clanky-termaly-nemecko-29-aa48ec15-768x462.jpg 768w, https:\/\/loudavymkrokem.cz\/wp-content\/uploads\/2026\/09\/nemecko-clanky-termaly-nemecko-29-aa48ec15-1536x924.jpg 1536w, https:\/\/loudavymkrokem.cz\/wp-content\/uploads\/2026\/09\/nemecko-clanky-termaly-nemecko-29-aa48ec15-696x419.jpg 696w, https:\/\/loudavymkrokem.cz\/wp-content\/uploads\/2026\/09\/nemecko-clanky-termaly-nemecko-29-aa48ec15-1392x838.jpg 1392w\" sizes=\"(max-width: 1800px) 100vw, 1800px\" \/><button\n\t\t\tclass=\"lightbox-trigger\"\n\t\t\ttype=\"button\"\n\t\t\taria-haspopup=\"dialog\"\n\t\t\tdata-wp-bind--aria-label=\"state.thisImage.triggerButtonAriaLabel\"\n\t\t\tdata-wp-init=\"callbacks.initTriggerButton\"\n\t\t\tdata-wp-on--click=\"actions.showLightbox\"\n\t\t\tdata-wp-style--right=\"state.thisImage.buttonRight\"\n\t\t\tdata-wp-style--top=\"state.thisImage.buttonTop\"\n\t\t>\n\t\t\t<svg xmlns=\"http:\/\/www.w3.org\/2000\/svg\" width=\"12\" height=\"12\" fill=\"none\" viewBox=\"0 0 12 12\">\n\t\t\t\t<path fill=\"#fff\" d=\"M2 0a2 2 0 0 0-2 2v2h1.5V2a.5.5 0 0 1 .5-.5h2V0H2Zm2 10.5H2a.5.5 0 0 1-.5-.5V8H0v2a2 2 0 0 0 2 2h2v-1.5ZM8 12v-1.5h2a.5.5 0 0 0 .5-.5V8H12v2a2 2 0 0 1-2 2H8Zm2-12a2 2 0 0 1 2 2v2h-1.5V2a.5.5 0 0 0-.5-.5H8V0h2Z\" \/>\n\t\t\t<\/svg>\n\t\t<\/button><\/figure>\n\n\n\n<h3 class=\"wp-block-heading\"><span class=\"ez-toc-section\" id=\"23_Solemar_Bad_Durrheim_Bad_Durrheim\"><\/span>23. Solemar Bad D\u00fcrrheim (Bad D\u00fcrrheim)<span class=\"ez-toc-section-end\"><\/span><\/h3>\n\n\n\n<p class=\"wp-block-paragraph\">I kurorten Bad D\u00fcrrheim v\u00e4ntar en f\u00f6rstklassig avkoppling, vars fr\u00e4msta dragpl\u00e5ster \u00e4r den <strong>rymliga Schwarzwald-Sauna<\/strong>. I hela anl\u00e4ggningen r\u00e5der en ovanligt lugn st\u00e4mning, som skapad f\u00f6r en avkopplande helg utan minsta stress. Beh\u00f6ver du rensa huvudet och bara lata dig, kommer det garanterat att lyckas h\u00e4r.<\/p>\n\n\n\n<p class=\"wp-block-paragraph\">Termalbaden har \u00f6ppet varje dag fr\u00e5n klockan 9 till 22, p\u00e5 fredagar f\u00f6rl\u00e4ngs kv\u00e4lls\u00f6ppettiderna till och med till klockan 23. F\u00f6rutom klassiska termalbass\u00e4nger uppt\u00e4cker du \u00e4ven en s\u00e4rskild saltgrotta fr\u00e5n D\u00f6da havet (Totes-Meer-Salzgrotte), som har utm\u00e4rkta effekter p\u00e5 andningsv\u00e4garna. Sj\u00e4lva bastuv\u00e4rlden \u00f6ppnar f\u00f6r alla bes\u00f6kare slag klockan 10 p\u00e5 morgonen.<\/p>\n\n\n\n<p class=\"wp-block-paragraph\">Enligt prislistan f\u00f6r 2026 kostar en tretimmarsbiljett till termalbaden 17,90 euro och heldagsvarianten 19,90 euro. F\u00f6r en fyratimmarskombination med bastu betalar du 26,50 euro, en heldag kostar sedan 29,50 euro. Intr\u00e4de till saltgrottan kostar 11 euro f\u00f6r vuxna och 5 euro f\u00f6r barn under 12 \u00e5r. Till bastun f\u00e5r ungdomar komma f\u00f6rst fr\u00e5n 13 \u00e5r. F\u00f6r barn fr\u00e5n 3 till 12 \u00e5r kostar en heldag i termalbaden 10,20 euro. <strong>\ud83d\udca1 Tips:<\/strong> Vill du spara, kom f\u00f6rst p\u00e5 kv\u00e4llen till den rabatterade taxan som g\u00e4ller fr\u00e5n klockan 19 och kostar bara 14,90 euro till termalbaden och 21,50 euro till bastun.<\/p>\n\n\n\n<figure data-wp-context=\"{&quot;imageId&quot;:&quot;6a9c41a71e46e&quot;}\" data-wp-interactive=\"core\/image\" data-wp-key=\"6a9c41a71e46e\" class=\"wp-block-image size-full wp-lightbox-container\"><img decoding=\"async\" width=\"1800\" height=\"1350\" data-wp-class--hide=\"state.isContentHidden\" data-wp-class--show=\"state.isContentVisible\" data-wp-init=\"callbacks.setButtonStyles\" data-wp-on--click=\"actions.showLightbox\" data-wp-on--load=\"callbacks.setButtonStyles\" data-wp-on--pointerdown=\"actions.preloadImage\" data-wp-on--pointerenter=\"actions.preloadImageWithDelay\" data-wp-on--pointerleave=\"actions.cancelPreload\" data-wp-on-window--resize=\"callbacks.setButtonStyles\" src=\"https:\/\/loudavymkrokem.cz\/wp-content\/uploads\/2026\/09\/nemecko-clanky-termaly-nemecko-30-ccda264f-1.jpg\" alt=\"Utomhusbass\u00e4ng p\u00e5 AlbThermen i Bad Urach i vinter\u00e5nga\" class=\"wp-image-415329\" title=\"\" srcset=\"https:\/\/loudavymkrokem.cz\/wp-content\/uploads\/2026\/09\/nemecko-clanky-termaly-nemecko-30-ccda264f-1.jpg 1800w, https:\/\/loudavymkrokem.cz\/wp-content\/uploads\/2026\/09\/nemecko-clanky-termaly-nemecko-30-ccda264f-1-300x225.jpg 300w, https:\/\/loudavymkrokem.cz\/wp-content\/uploads\/2026\/09\/nemecko-clanky-termaly-nemecko-30-ccda264f-1-700x525.jpg 700w, https:\/\/loudavymkrokem.cz\/wp-content\/uploads\/2026\/09\/nemecko-clanky-termaly-nemecko-30-ccda264f-1-768x576.jpg 768w, https:\/\/loudavymkrokem.cz\/wp-content\/uploads\/2026\/09\/nemecko-clanky-termaly-nemecko-30-ccda264f-1-1536x1152.jpg 1536w, https:\/\/loudavymkrokem.cz\/wp-content\/uploads\/2026\/09\/nemecko-clanky-termaly-nemecko-30-ccda264f-1-80x60.jpg 80w, https:\/\/loudavymkrokem.cz\/wp-content\/uploads\/2026\/09\/nemecko-clanky-termaly-nemecko-30-ccda264f-1-160x120.jpg 160w, https:\/\/loudavymkrokem.cz\/wp-content\/uploads\/2026\/09\/nemecko-clanky-termaly-nemecko-30-ccda264f-1-696x522.jpg 696w, https:\/\/loudavymkrokem.cz\/wp-content\/uploads\/2026\/09\/nemecko-clanky-termaly-nemecko-30-ccda264f-1-1392x1044.jpg 1392w\" sizes=\"(max-width: 1800px) 100vw, 1800px\" \/><button\n\t\t\tclass=\"lightbox-trigger\"\n\t\t\ttype=\"button\"\n\t\t\taria-haspopup=\"dialog\"\n\t\t\tdata-wp-bind--aria-label=\"state.thisImage.triggerButtonAriaLabel\"\n\t\t\tdata-wp-init=\"callbacks.initTriggerButton\"\n\t\t\tdata-wp-on--click=\"actions.showLightbox\"\n\t\t\tdata-wp-style--right=\"state.thisImage.buttonRight\"\n\t\t\tdata-wp-style--top=\"state.thisImage.buttonTop\"\n\t\t>\n\t\t\t<svg xmlns=\"http:\/\/www.w3.org\/2000\/svg\" width=\"12\" height=\"12\" fill=\"none\" viewBox=\"0 0 12 12\">\n\t\t\t\t<path fill=\"#fff\" d=\"M2 0a2 2 0 0 0-2 2v2h1.5V2a.5.5 0 0 1 .5-.5h2V0H2Zm2 10.5H2a.5.5 0 0 1-.5-.5V8H0v2a2 2 0 0 0 2 2h2v-1.5ZM8 12v-1.5h2a.5.5 0 0 0 .5-.5V8H12v2a2 2 0 0 1-2 2H8Zm2-12a2 2 0 0 1 2 2v2h-1.5V2a.5.5 0 0 0-.5-.5H8V0h2Z\" \/>\n\t\t\t<\/svg>\n\t\t<\/button><figcaption class=\"wp-element-caption\">Foto: qwesy qwesy \/ Wikimedia Commons, CC BY 3.0<\/figcaption><\/figure>\n\n\n\n<h3 class=\"wp-block-heading\"><span class=\"ez-toc-section\" id=\"24_AlbThermen_Bad_Urach\"><\/span>24. AlbThermen (Bad Urach)<span class=\"ez-toc-section-end\"><\/span><\/h3>\n\n\n\n<p class=\"wp-block-paragraph\">Den h\u00e4r popul\u00e4ra anl\u00e4ggningen i staden Bad Urach \u00e4lskas framf\u00f6r allt av vuxna bes\u00f6kare, eftersom barn under 8 \u00e5r <strong>inte alls har tilltr\u00e4de till baddriften<\/strong>. Milj\u00f6n \u00e4r tack vare denna begr\u00e4nsning mycket tyst och erbjuder ett verkligt ost\u00f6rt lugn. Om du allts\u00e5 s\u00f6ker en plats d\u00e4r du kan koppla av fr\u00e5n barnskrik, g\u00f6r du inte fel h\u00e4r.<\/p>\n\n\n\n<p class=\"wp-block-paragraph\">Termalbadens portar \u00f6ppnar dagligen fr\u00e5n klockan 9 till 22, bastulandskapet b\u00f6rjar fungera fr\u00e5n klockan 10 och den lokala restaurangen lagar mat fr\u00e5n klockan 11. Priserna \u00e4r h\u00e4r indelade i exakta tidsblock, s\u00e5 det l\u00f6nar sig att noga h\u00e5lla koll p\u00e5 klockan, s\u00e5 att du vid utg\u00e5ngen inte beh\u00f6ver betala 2,50 euro extra i on\u00f6dan f\u00f6r \u00f6verskriden tid.<\/p>\n\n\n\n<p class=\"wp-block-paragraph\">Grundtaxorna enligt prislistan f\u00f6r 2026 g\u00e4ller exakt 3,5 timmar till bass\u00e4ngerna, eller 4 timmar om du v\u00e4ljer kombinationen bass\u00e4nger med bastu. P\u00e5 helger l\u00e4gger du till ett litet till\u00e4gg p\u00e5 2 euro p\u00e5 varje grundtaxa. <strong>\ud83d\udca1 Tips:<\/strong> Planerar du flera bes\u00f6k eller \u00e5ker i en st\u00f6rre grupp? Skaffa ett f\u00f6rbetalt kort f\u00f6r 10 intr\u00e4den till bass\u00e4ngerna f\u00f6r 189 euro (eller med bastu f\u00f6r 288 euro), till vilket du f\u00e5r ytterligare 3 gratis intr\u00e4den helt utan kostnad.<\/p>\n\n\n\n<figure data-wp-context=\"{&quot;imageId&quot;:&quot;6a9c41a71eb33&quot;}\" data-wp-interactive=\"core\/image\" data-wp-key=\"6a9c41a71eb33\" class=\"wp-block-image size-full wp-lightbox-container\"><img decoding=\"async\" width=\"1800\" height=\"1064\" data-wp-class--hide=\"state.isContentHidden\" data-wp-class--show=\"state.isContentVisible\" data-wp-init=\"callbacks.setButtonStyles\" data-wp-on--click=\"actions.showLightbox\" data-wp-on--load=\"callbacks.setButtonStyles\" data-wp-on--pointerdown=\"actions.preloadImage\" data-wp-on--pointerenter=\"actions.preloadImageWithDelay\" data-wp-on--pointerleave=\"actions.cancelPreload\" data-wp-on-window--resize=\"callbacks.setButtonStyles\" src=\"https:\/\/loudavymkrokem.cz\/wp-content\/uploads\/2026\/09\/nemecko-clanky-termaly-nemecko-31-616f54cf-1.jpg\" alt=\"Friedrichsbad (Baden-Baden)\" class=\"wp-image-415332\" title=\"\" srcset=\"https:\/\/loudavymkrokem.cz\/wp-content\/uploads\/2026\/09\/nemecko-clanky-termaly-nemecko-31-616f54cf-1.jpg 1800w, https:\/\/loudavymkrokem.cz\/wp-content\/uploads\/2026\/09\/nemecko-clanky-termaly-nemecko-31-616f54cf-1-300x177.jpg 300w, https:\/\/loudavymkrokem.cz\/wp-content\/uploads\/2026\/09\/nemecko-clanky-termaly-nemecko-31-616f54cf-1-700x414.jpg 700w, https:\/\/loudavymkrokem.cz\/wp-content\/uploads\/2026\/09\/nemecko-clanky-termaly-nemecko-31-616f54cf-1-768x454.jpg 768w, https:\/\/loudavymkrokem.cz\/wp-content\/uploads\/2026\/09\/nemecko-clanky-termaly-nemecko-31-616f54cf-1-1536x908.jpg 1536w, https:\/\/loudavymkrokem.cz\/wp-content\/uploads\/2026\/09\/nemecko-clanky-termaly-nemecko-31-616f54cf-1-696x411.jpg 696w, https:\/\/loudavymkrokem.cz\/wp-content\/uploads\/2026\/09\/nemecko-clanky-termaly-nemecko-31-616f54cf-1-1392x823.jpg 1392w\" sizes=\"(max-width: 1800px) 100vw, 1800px\" \/><button\n\t\t\tclass=\"lightbox-trigger\"\n\t\t\ttype=\"button\"\n\t\t\taria-haspopup=\"dialog\"\n\t\t\tdata-wp-bind--aria-label=\"state.thisImage.triggerButtonAriaLabel\"\n\t\t\tdata-wp-init=\"callbacks.initTriggerButton\"\n\t\t\tdata-wp-on--click=\"actions.showLightbox\"\n\t\t\tdata-wp-style--right=\"state.thisImage.buttonRight\"\n\t\t\tdata-wp-style--top=\"state.thisImage.buttonTop\"\n\t\t>\n\t\t\t<svg xmlns=\"http:\/\/www.w3.org\/2000\/svg\" width=\"12\" height=\"12\" fill=\"none\" viewBox=\"0 0 12 12\">\n\t\t\t\t<path fill=\"#fff\" d=\"M2 0a2 2 0 0 0-2 2v2h1.5V2a.5.5 0 0 1 .5-.5h2V0H2Zm2 10.5H2a.5.5 0 0 1-.5-.5V8H0v2a2 2 0 0 0 2 2h2v-1.5ZM8 12v-1.5h2a.5.5 0 0 0 .5-.5V8H12v2a2 2 0 0 1-2 2H8Zm2-12a2 2 0 0 1 2 2v2h-1.5V2a.5.5 0 0 0-.5-.5H8V0h2Z\" \/>\n\t\t\t<\/svg>\n\t\t<\/button><figcaption class=\"wp-element-caption\">Foto: Gerd Eichmann \/ Wikimedia Commons, CC BY-SA 4.0<\/figcaption><\/figure>\n\n\n\n<h3 class=\"wp-block-heading\"><span class=\"ez-toc-section\" id=\"25_Friedrichsbad_Baden-Baden\"><\/span>25. Friedrichsbad (Baden-Baden)<span class=\"ez-toc-section-end\"><\/span><\/h3>\n\n\n\n<p class=\"wp-block-paragraph\">Det h\u00e4r historiska badet i Baden-Baden f\u00f6rflyttar dig genast i tiden till en helt annan epok. Det byggdes n\u00e4mligen mellan 1869 och 1877 <strong>direkt p\u00e5 kullen Florentinerberg<\/strong>, d\u00e4r redan de gamla romarna badade. Under andra halvan av 1800-talet handlade det till och med om de \u00f6verhuvudtaget viktigaste termalbaden i hela det d\u00e5tida Tyskland, och de har \u00e4n i dag beh\u00e5llit sin praktfulla karakt\u00e4r.<\/p>\n\n\n\n<p class=\"wp-block-paragraph\">Den imponerande byggnaden av r\u00f6d och vit sandsten m\u00e4ter 62,5 g\u00e5nger 50 meter. Dess st\u00f6rsta stolthet \u00e4r en <strong>enorm central kupol p\u00e5 17,5 meters h\u00f6jd<\/strong>, som storslaget b\u00e4rs upp av blindb\u00e5gar p\u00e5 korintiska pelare. Hela byggnaden inspirerades arkitektoniskt av Caracallas termer i Rom. De fungerar enligt den gamla principen med irisk-romerska bad, som f\u00f6rdes till Europa av den brittiske diplomaten David Urquhart och grundades 1856 av den irl\u00e4ndske l\u00e4karen Richard Barter.<\/p>\n\n\n\n<p class=\"wp-block-paragraph\">Byggandet och moderniseringen av dessa bad var avg\u00f6rande f\u00f6r staden, f\u00f6r efter det generella spelf\u00f6rbudet 1872 skulle de locka ny f\u00f6rm\u00f6gen societet hit. Platsen \u00e4r helt enkelt idealisk f\u00f6r historie\u00e4lskare och arkitekturbeundrare. <strong>\ud83d\udca1 Tips:<\/strong> Under avkopplingen, titta noga p\u00e5 utsmyckningen. De ursprungliga m\u00e5lningarna m\u00e5lades visserligen ok\u00e4nsligt \u00f6ver p\u00e5 1950-talet, men i b\u00f6rjan av 80-talet lyckades man vid renoveringen \u00e5tminstone delvis restaurera dem.<\/p>\n\n\n\n<figure data-wp-context=\"{&quot;imageId&quot;:&quot;6a9c41a71f293&quot;}\" data-wp-interactive=\"core\/image\" data-wp-key=\"6a9c41a71f293\" class=\"wp-block-image size-full wp-lightbox-container\"><img decoding=\"async\" width=\"1800\" height=\"1350\" data-wp-class--hide=\"state.isContentHidden\" data-wp-class--show=\"state.isContentVisible\" data-wp-init=\"callbacks.setButtonStyles\" data-wp-on--click=\"actions.showLightbox\" data-wp-on--load=\"callbacks.setButtonStyles\" data-wp-on--pointerdown=\"actions.preloadImage\" data-wp-on--pointerenter=\"actions.preloadImageWithDelay\" data-wp-on--pointerleave=\"actions.cancelPreload\" data-wp-on-window--resize=\"callbacks.setButtonStyles\" src=\"https:\/\/loudavymkrokem.cz\/wp-content\/uploads\/2026\/09\/nemecko-clanky-termaly-nemecko-32-9c1729cf.jpg\" alt=\"Tr\u00e4dg\u00e5rden p\u00e5 termalbadet Vita Classica i Bad Krozingen med formklippta buskar\" class=\"wp-image-415500\" title=\"\" srcset=\"https:\/\/loudavymkrokem.cz\/wp-content\/uploads\/2026\/09\/nemecko-clanky-termaly-nemecko-32-9c1729cf.jpg 1800w, https:\/\/loudavymkrokem.cz\/wp-content\/uploads\/2026\/09\/nemecko-clanky-termaly-nemecko-32-9c1729cf-300x225.jpg 300w, https:\/\/loudavymkrokem.cz\/wp-content\/uploads\/2026\/09\/nemecko-clanky-termaly-nemecko-32-9c1729cf-700x525.jpg 700w, https:\/\/loudavymkrokem.cz\/wp-content\/uploads\/2026\/09\/nemecko-clanky-termaly-nemecko-32-9c1729cf-768x576.jpg 768w, https:\/\/loudavymkrokem.cz\/wp-content\/uploads\/2026\/09\/nemecko-clanky-termaly-nemecko-32-9c1729cf-1536x1152.jpg 1536w, https:\/\/loudavymkrokem.cz\/wp-content\/uploads\/2026\/09\/nemecko-clanky-termaly-nemecko-32-9c1729cf-80x60.jpg 80w, https:\/\/loudavymkrokem.cz\/wp-content\/uploads\/2026\/09\/nemecko-clanky-termaly-nemecko-32-9c1729cf-160x120.jpg 160w, https:\/\/loudavymkrokem.cz\/wp-content\/uploads\/2026\/09\/nemecko-clanky-termaly-nemecko-32-9c1729cf-696x522.jpg 696w, https:\/\/loudavymkrokem.cz\/wp-content\/uploads\/2026\/09\/nemecko-clanky-termaly-nemecko-32-9c1729cf-1392x1044.jpg 1392w\" sizes=\"(max-width: 1800px) 100vw, 1800px\" \/><button\n\t\t\tclass=\"lightbox-trigger\"\n\t\t\ttype=\"button\"\n\t\t\taria-haspopup=\"dialog\"\n\t\t\tdata-wp-bind--aria-label=\"state.thisImage.triggerButtonAriaLabel\"\n\t\t\tdata-wp-init=\"callbacks.initTriggerButton\"\n\t\t\tdata-wp-on--click=\"actions.showLightbox\"\n\t\t\tdata-wp-style--right=\"state.thisImage.buttonRight\"\n\t\t\tdata-wp-style--top=\"state.thisImage.buttonTop\"\n\t\t>\n\t\t\t<svg xmlns=\"http:\/\/www.w3.org\/2000\/svg\" width=\"12\" height=\"12\" fill=\"none\" viewBox=\"0 0 12 12\">\n\t\t\t\t<path fill=\"#fff\" d=\"M2 0a2 2 0 0 0-2 2v2h1.5V2a.5.5 0 0 1 .5-.5h2V0H2Zm2 10.5H2a.5.5 0 0 1-.5-.5V8H0v2a2 2 0 0 0 2 2h2v-1.5ZM8 12v-1.5h2a.5.5 0 0 0 .5-.5V8H12v2a2 2 0 0 1-2 2H8Zm2-12a2 2 0 0 1 2 2v2h-1.5V2a.5.5 0 0 0-.5-.5H8V0h2Z\" \/>\n\t\t\t<\/svg>\n\t\t<\/button><figcaption class=\"wp-element-caption\">Foto: Baden de \/ Wikimedia Commons, CC BY 3.0<\/figcaption><\/figure>\n\n\n\n<h3 class=\"wp-block-heading\"><span class=\"ez-toc-section\" id=\"26_Vita_Classica_Bad_Krozingen\"><\/span>26. Vita Classica (Bad Krozingen)<span class=\"ez-toc-section-end\"><\/span><\/h3>\n\n\n\n<p class=\"wp-block-paragraph\">Om du p\u00e5 semestern s\u00e4tter v\u00e4rde p\u00e5 verkligt lyxig v\u00e5rd hittar du p\u00e5 badet Vita Classica i lilla Bad Krozingen precis det du s\u00f6ker. Deras st\u00f6rsta stolthet \u00e4r n\u00e4mligen ett <strong>s\u00e4rskilt Wohlf\u00fchlhaus<\/strong>, som \u00e4r sn\u00e4vt inriktat p\u00e5 exklusiva massage och de b\u00e4sta premium-wellnessritualerna. St\u00e4mningen andas lugn och den professionella personalen ser till att du g\u00e5r d\u00e4rifr\u00e5n som p\u00e5nyttf\u00f6dd.<\/p>\n\n\n\n<p class=\"wp-block-paragraph\">Bad njuter du av till fullo, f\u00f6r den vidstr\u00e4ckta anl\u00e4ggningen erbjuder hela tre utomhus- och sex inomhusbass\u00e4nger fyllda med behagligt varmt termalvatten. Det \u00e4r helt upp till dig om du hellre simmar under bar himmel eller g\u00f6mmer dig inomhus. Bastuparadiset g\u00f6mmer sedan \u00e5tta olika bastukabiner och ett storslaget \u00e5ngtempel, d\u00e4r du tack vare den heta \u00e5ngan l\u00e4tt gl\u00f6mmer alla vardagsbekymmer.<\/p>\n\n\n\n<p class=\"wp-block-paragraph\">Dessa termalbad \u00e4r helt enkelt idealiska f\u00f6r var och en som s\u00f6ker djup avkoppling och inte har n\u00e5got emot att betala lite extra f\u00f6r behandlingar ut\u00f6ver det vanliga i vacker milj\u00f6. De \u00e4r ett perfekt val f\u00f6r en romantisk helg f\u00f6r tv\u00e5. <strong>\ud83d\udca1 Tips:<\/strong> Jag rekommenderar att du bokar de popul\u00e4ra premiumritualerna eller massagerna i Wohlf\u00fchlhaus i god tid i f\u00f6rv\u00e4g via internet, f\u00f6r de b\u00e4sta helgtiderna brukar ofta bli sluts\u00e5lda mycket snabbt.<\/p>\n\n\n\n<figure data-wp-context=\"{&quot;imageId&quot;:&quot;6a9c41a71f9a2&quot;}\" data-wp-interactive=\"core\/image\" data-wp-key=\"6a9c41a71f9a2\" class=\"wp-block-image size-full wp-lightbox-container\"><img decoding=\"async\" width=\"1800\" height=\"1198\" data-wp-class--hide=\"state.isContentHidden\" data-wp-class--show=\"state.isContentVisible\" data-wp-init=\"callbacks.setButtonStyles\" data-wp-on--click=\"actions.showLightbox\" data-wp-on--load=\"callbacks.setButtonStyles\" data-wp-on--pointerdown=\"actions.preloadImage\" data-wp-on--pointerenter=\"actions.preloadImageWithDelay\" data-wp-on--pointerleave=\"actions.cancelPreload\" data-wp-on-window--resize=\"callbacks.setButtonStyles\" src=\"https:\/\/loudavymkrokem.cz\/wp-content\/uploads\/2026\/09\/nemecko-clanky-termaly-nemecko-33-009e6b3b.jpg\" alt=\"Kv\u00e4llsbass\u00e4ng och balinesisk paviljong p\u00e5 Bali Therme i Bad Oeynhausen\" class=\"wp-image-415504\" title=\"\" srcset=\"https:\/\/loudavymkrokem.cz\/wp-content\/uploads\/2026\/09\/nemecko-clanky-termaly-nemecko-33-009e6b3b.jpg 1800w, https:\/\/loudavymkrokem.cz\/wp-content\/uploads\/2026\/09\/nemecko-clanky-termaly-nemecko-33-009e6b3b-300x200.jpg 300w, https:\/\/loudavymkrokem.cz\/wp-content\/uploads\/2026\/09\/nemecko-clanky-termaly-nemecko-33-009e6b3b-700x466.jpg 700w, https:\/\/loudavymkrokem.cz\/wp-content\/uploads\/2026\/09\/nemecko-clanky-termaly-nemecko-33-009e6b3b-768x511.jpg 768w, https:\/\/loudavymkrokem.cz\/wp-content\/uploads\/2026\/09\/nemecko-clanky-termaly-nemecko-33-009e6b3b-1536x1022.jpg 1536w, https:\/\/loudavymkrokem.cz\/wp-content\/uploads\/2026\/09\/nemecko-clanky-termaly-nemecko-33-009e6b3b-696x463.jpg 696w, https:\/\/loudavymkrokem.cz\/wp-content\/uploads\/2026\/09\/nemecko-clanky-termaly-nemecko-33-009e6b3b-1392x926.jpg 1392w\" sizes=\"(max-width: 1800px) 100vw, 1800px\" \/><button\n\t\t\tclass=\"lightbox-trigger\"\n\t\t\ttype=\"button\"\n\t\t\taria-haspopup=\"dialog\"\n\t\t\tdata-wp-bind--aria-label=\"state.thisImage.triggerButtonAriaLabel\"\n\t\t\tdata-wp-init=\"callbacks.initTriggerButton\"\n\t\t\tdata-wp-on--click=\"actions.showLightbox\"\n\t\t\tdata-wp-style--right=\"state.thisImage.buttonRight\"\n\t\t\tdata-wp-style--top=\"state.thisImage.buttonTop\"\n\t\t>\n\t\t\t<svg xmlns=\"http:\/\/www.w3.org\/2000\/svg\" width=\"12\" height=\"12\" fill=\"none\" viewBox=\"0 0 12 12\">\n\t\t\t\t<path fill=\"#fff\" d=\"M2 0a2 2 0 0 0-2 2v2h1.5V2a.5.5 0 0 1 .5-.5h2V0H2Zm2 10.5H2a.5.5 0 0 1-.5-.5V8H0v2a2 2 0 0 0 2 2h2v-1.5ZM8 12v-1.5h2a.5.5 0 0 0 .5-.5V8H12v2a2 2 0 0 1-2 2H8Zm2-12a2 2 0 0 1 2 2v2h-1.5V2a.5.5 0 0 0-.5-.5H8V0h2Z\" \/>\n\t\t\t<\/svg>\n\t\t<\/button><\/figure>\n\n\n\n<h2 class=\"wp-block-heading\"><span class=\"ez-toc-section\" id=\"Termalbad_i_Nordrhein-Westfalen\"><\/span>Termalbad i Nordrhein-Westfalen<span class=\"ez-toc-section-end\"><\/span><\/h2>\n\n\n\n<p class=\"wp-block-paragraph\">Nordrhein-Westfalen \u00e4r Tysklands folkrikaste f\u00f6rbundsland, s\u00e5 det \u00e4r verkligen inte brist p\u00e5 f\u00f6rstklassiga bad h\u00e4r. De flesta av de b\u00e4sta anl\u00e4ggningarna ligger bekv\u00e4mt inom r\u00e4ckh\u00e5ll f\u00f6r K\u00f6ln, D\u00fcsseldorf eller Aachen, vilket g\u00f6r dem till ett idealiskt m\u00e5l f\u00f6r en l\u00e5nghelg. Om du \u00e4lskar vidstr\u00e4ckta vattenv\u00e4rldar eller otraditionell arkitektur f\u00e5r du sitt lystm\u00e4te h\u00e4r.<\/p>\n\n\n\n<p class=\"wp-block-paragraph\">Ett starkt tema f\u00f6r det h\u00e4r omr\u00e5det \u00e4r enorma bastuparker, som hyllade Mediterana, och \u00e4ven unika exotiska stiliseringar. Ett utm\u00e4rkt exempel \u00e4r Bali Therme, d\u00e4r du k\u00e4nner dig som p\u00e5 en riktig semester i Asien. Kom och titta p\u00e5 sju platser som du absolut inte b\u00f6r missa i den h\u00e4r regionen.<\/p>\n\n\n\n<figure data-wp-context=\"{&quot;imageId&quot;:&quot;6a9c41a720008&quot;}\" data-wp-interactive=\"core\/image\" data-wp-key=\"6a9c41a720008\" class=\"wp-block-image size-full wp-lightbox-container\"><img decoding=\"async\" width=\"1800\" height=\"1201\" data-wp-class--hide=\"state.isContentHidden\" data-wp-class--show=\"state.isContentVisible\" data-wp-init=\"callbacks.setButtonStyles\" data-wp-on--click=\"actions.showLightbox\" data-wp-on--load=\"callbacks.setButtonStyles\" data-wp-on--pointerdown=\"actions.preloadImage\" data-wp-on--pointerenter=\"actions.preloadImageWithDelay\" data-wp-on--pointerleave=\"actions.cancelPreload\" data-wp-on-window--resize=\"callbacks.setButtonStyles\" src=\"https:\/\/loudavymkrokem.cz\/wp-content\/uploads\/2026\/09\/nemecko-clanky-termaly-nemecko-34-d5cf2c11-1.jpg\" alt=\"Thermen &#038; Badewelt Euskirchen (Euskirchen): bastudel\" class=\"wp-image-415338\" title=\"\" srcset=\"https:\/\/loudavymkrokem.cz\/wp-content\/uploads\/2026\/09\/nemecko-clanky-termaly-nemecko-34-d5cf2c11-1.jpg 1800w, https:\/\/loudavymkrokem.cz\/wp-content\/uploads\/2026\/09\/nemecko-clanky-termaly-nemecko-34-d5cf2c11-1-300x200.jpg 300w, https:\/\/loudavymkrokem.cz\/wp-content\/uploads\/2026\/09\/nemecko-clanky-termaly-nemecko-34-d5cf2c11-1-700x467.jpg 700w, https:\/\/loudavymkrokem.cz\/wp-content\/uploads\/2026\/09\/nemecko-clanky-termaly-nemecko-34-d5cf2c11-1-768x512.jpg 768w, https:\/\/loudavymkrokem.cz\/wp-content\/uploads\/2026\/09\/nemecko-clanky-termaly-nemecko-34-d5cf2c11-1-1536x1025.jpg 1536w, https:\/\/loudavymkrokem.cz\/wp-content\/uploads\/2026\/09\/nemecko-clanky-termaly-nemecko-34-d5cf2c11-1-696x464.jpg 696w, https:\/\/loudavymkrokem.cz\/wp-content\/uploads\/2026\/09\/nemecko-clanky-termaly-nemecko-34-d5cf2c11-1-1392x929.jpg 1392w\" sizes=\"(max-width: 1800px) 100vw, 1800px\" \/><button\n\t\t\tclass=\"lightbox-trigger\"\n\t\t\ttype=\"button\"\n\t\t\taria-haspopup=\"dialog\"\n\t\t\tdata-wp-bind--aria-label=\"state.thisImage.triggerButtonAriaLabel\"\n\t\t\tdata-wp-init=\"callbacks.initTriggerButton\"\n\t\t\tdata-wp-on--click=\"actions.showLightbox\"\n\t\t\tdata-wp-style--right=\"state.thisImage.buttonRight\"\n\t\t\tdata-wp-style--top=\"state.thisImage.buttonTop\"\n\t\t>\n\t\t\t<svg xmlns=\"http:\/\/www.w3.org\/2000\/svg\" width=\"12\" height=\"12\" fill=\"none\" viewBox=\"0 0 12 12\">\n\t\t\t\t<path fill=\"#fff\" d=\"M2 0a2 2 0 0 0-2 2v2h1.5V2a.5.5 0 0 1 .5-.5h2V0H2Zm2 10.5H2a.5.5 0 0 1-.5-.5V8H0v2a2 2 0 0 0 2 2h2v-1.5ZM8 12v-1.5h2a.5.5 0 0 0 .5-.5V8H12v2a2 2 0 0 1-2 2H8Zm2-12a2 2 0 0 1 2 2v2h-1.5V2a.5.5 0 0 0-.5-.5H8V0h2Z\" \/>\n\t\t\t<\/svg>\n\t\t<\/button><\/figure>\n\n\n\n<!-- LKM_GYG_CARD start q=\"germany\" lang=\"sv\" rendered=\"2026-09-05T14:49:54+00:00\" v=\"1\" -->\n\n<!-- LKM_GYG_CARD end -->\n\n\n\n\n<div class=\"lk-stays-module\">\n<style>\n\/* \u2500\u2500\u2500 RESET PRO GUTENBERG \u2500\u2500\u2500 *\/\n.lk-stays-module * { box-sizing: border-box; margin: 0; padding: 0; }\n\n\/* \u2500\u2500\u2500 WRAPPER \u2500\u2500\u2500 *\/\n.lk-stays-module {\n  font-family: 'DM Sans', Georgia, sans-serif;\n  max-width: 100%;\n  margin: 2.5rem auto;\n  background: linear-gradient(135deg, #fdfaf5 0%, #fcf8f0 100%);\n  border: 1px solid #e8dfd4;\n  border-radius: 16px;\n  overflow: hidden;\n  box-shadow: 0 16px 48px rgba(195, 159, 118, 0.25), 0 4px 12px rgba(0,0,0,0.08);\n}\n\n\/* \u2500\u2500\u2500 HEADER \u2500\u2500\u2500 *\/\n.lk-stays-header {\n  position: relative;\n  padding: 24px 36px 24px;\n  background: linear-gradient(135deg, #c39f76 0%, #d4b188 60%, #c39f76 100%);\n  border-bottom: 1px solid rgba(255,255,255,.15);\n  display: flex;\n  align-items: center;\n  gap: 18px;\n}\n.lk-stays-header::before {\n  content: '';\n  position: absolute;\n  inset: 0;\n  background: url(\"data:image\/svg+xml,%3Csvg width='60' height='60' viewBox='0 0 60 60' xmlns='http:\/\/www.w3.org\/2000\/svg'%3E%3Cg fill='none' fill-rule='evenodd'%3E%3Cg fill='%23ffffff' fill-opacity='0.05'%3E%3Cpath d='M36 34v-4h-2v4h-4v2h4v4h2v-4h4v-2h-4zm0-30V0h-2v4h-4v2h4v4h2V6h4V4h-4zM6 34v-4H4v4H0v2h4v4h2v-4h4v-2H6zM6 4V0H4v4H0v2h4v4h2V6h4V4H6z'\/%3E%3C\/g%3E%3C\/g%3E%3C\/svg%3E\") repeat;\n  pointer-events: none;\n}\n.lk-stays-icon {\n  flex-shrink: 0;\n  width: 68px;\n  height: 68px;\n  border-radius: 14px;\n  background: linear-gradient(135deg, #fff 0%, #f9f6f0 100%);\n  display: flex;\n  align-items: center;\n  justify-content: center;\n  font-size: 26px;\n  box-shadow: 0 4px 12px rgba(0,0,0,0.15);\n}\n.lk-stays-eyebrow {\n  font-size: 10px;\n  font-weight: 500;\n  letter-spacing: 2.5px;\n  text-transform: uppercase;\n  color: rgba(255,255,255,.85);\n  margin: 0 0 5px 0;\n}\n.lk-stays-title {\n  font-family: 'Playfair Display', Georgia, serif;\n  font-size: 24px;\n  font-weight: 700;\n  color: #fff;\n  line-height: 1.2;\n  text-shadow: 0 1px 2px rgba(0,0,0,0.1);\n  margin: 0;\n}\n.lk-stays-subtitle {\n  font-size: 13px;\n  color: rgba(255,255,255,.75);\n  margin: 4px 0 0 0;\n  font-weight: 300;\n}\n\n\/* \u2500\u2500\u2500 CARDS GRID \u2500\u2500\u2500 *\/\n.lk-stays-grid {\n  display: grid;\n  grid-template-columns: 1fr 1fr;\n  gap: 1px;\n  background: rgba(195, 159, 118, 0.12);\n}\n\n\/* \u2500\u2500\u2500 SINGLE CARD \u2500\u2500\u2500 *\/\n.lk-stay-card {\n  background: #ffffff;\n  padding: 26px;\n  display: flex;\n  flex-direction: column;\n  gap: 11px;\n  transition: all 0.3s ease;\n  text-decoration: none;\n  color: inherit;\n  position: relative;\n}\n.lk-stay-card:hover {\n  background: #fffbf5;\n  transform: translateY(-2px);\n  box-shadow: 0 8px 24px rgba(195, 159, 118, 0.18);\n  z-index: 1;\n}\n.lk-stay-card.featured {\n  background: linear-gradient(135deg, #fffdf9 0%, #fff9f0 100%);\n  box-shadow: 0 4px 16px rgba(195, 159, 118, 0.15), inset 0 1px 0 rgba(195, 159, 118, 0.1);\n}\n.lk-stay-card.featured:hover {\n  background: linear-gradient(135deg, #fffbf5 0%, #fff8ed 100%);\n  box-shadow: 0 8px 24px rgba(195, 159, 118, 0.25), inset 0 1px 0 rgba(195, 159, 118, 0.15);\n}\n\n.lk-stay-badge {\n  display: inline-flex;\n  align-items: center;\n  gap: 5px;\n  font-size: 10px;\n  font-weight: 500;\n  letter-spacing: 1.5px;\n  text-transform: uppercase;\n  padding: 5px 11px;\n  border-radius: 20px;\n  width: fit-content;\n}\n.badge-top     { background: linear-gradient(135deg, #c39f76 0%, #d4b188 100%); color: #fff; border: 1px solid #c39f76; font-weight: 600; box-shadow: 0 2px 8px rgba(195,159,118,0.3); }\n.badge-luxury  { background: rgba(195,159,118,.12); color: #c39f76; border: 1px solid rgba(195,159,118,.25); }\n.badge-boutique{ background: rgba(54,133,252,.08); color: #3685fc; border: 1px solid rgba(54,133,252,.2); }\n.badge-nature  { background: rgba(130,190,100,.1); color: #6b9c4a; border: 1px solid rgba(130,190,100,.2); }\n.badge-remote  { background: rgba(195,159,118,.12); color: #a67e50; border: 1px solid rgba(195,159,118,.25); }\n\n.lk-stay-name {\n  font-family: 'Playfair Display', Georgia, serif;\n  font-size: 18px;\n  font-weight: 700;\n  color: #111827;\n  line-height: 1.3;\n}\n.lk-stay-desc {\n  font-size: 13.5px;\n  color: #525252;\n  line-height: 1.65;\n  font-weight: 300;\n  flex: 1;\n}\n\n.lk-stay-meta {\n  display: flex;\n  align-items: center;\n  gap: 12px;\n  flex-wrap: wrap;\n  margin-top: 4px;\n}\n.lk-stay-price {\n  font-size: 13px;\n  color: #6b7280;\n}\n.lk-stay-price strong {\n  color: #c39f76;\n  font-weight: 500;\n}\n.lk-stay-stars {\n  color: #c39f76;\n  font-size: 11px;\n  letter-spacing: 1px;\n}\n\n\/* \u2500\u2500\u2500 CTA BUTTON \u2500\u2500\u2500 *\/\n.lk-stay-cta {\n  display: inline-flex;\n  align-items: center;\n  justify-content: center;\n  gap: 7px;\n  margin-top: 8px;\n  padding: 11px 20px;\n  border-radius: 8px;\n  background: linear-gradient(135deg, #3685fc 0%, #2a6fd9 100%);\n  color: #fff;\n  font-size: 13px;\n  font-weight: 500;\n  text-decoration: none;\n  letter-spacing: .3px;\n  transition: all .2s ease;\n  cursor: pointer;\n  border: none;\n  text-align: center;\n  box-shadow: 0 4px 12px rgba(54, 133, 252, 0.25);\n}\n.lk-stay-cta:hover {\n  background: linear-gradient(135deg, #2a6fd9 0%, #1e5bc4 100%);\n  transform: translateY(-1px);\n  box-shadow: 0 6px 16px rgba(54, 133, 252, 0.35);\n}\n.lk-stay-cta svg { flex-shrink: 0; }\n\n\/* \u2500\u2500\u2500 FOOTER \u2500\u2500\u2500 *\/\n.lk-stays-footer {\n  padding: 18px 36px;\n  background: linear-gradient(to bottom, #fdfaf5 0%, #f9f4ed 100%);\n  border-top: 1px solid rgba(195, 159, 118, 0.15);\n  display: flex;\n  align-items: center;\n  justify-content: space-between;\n  flex-wrap: wrap;\n  gap: 12px;\n}\n.lk-stays-footer-note {\n  font-size: 11.5px;\n  color: #6b7280;\n  font-weight: 300;\n  line-height: 1.5;\n}\n.lk-stays-footer-note a {\n  color: #c39f76;\n  text-decoration: none;\n  font-weight: 400;\n}\n.lk-stays-footer-note a:hover {\n  text-decoration: underline;\n}\n.lk-stays-all-btn {\n  display: inline-flex;\n  align-items: center;\n  gap: 6px;\n  font-size: 12.5px;\n  font-weight: 500;\n  color: #c39f76;\n  text-decoration: none;\n  border: 1px solid rgba(195, 159, 118, 0.35);\n  padding: 8px 18px;\n  border-radius: 8px;\n  transition: all .2s ease;\n}\n.lk-stays-all-btn:hover {\n  background: rgba(195, 159, 118, 0.08);\n  border-color: rgba(195, 159, 118, 0.5);\n}\n\n\/* \u2500\u2500\u2500 RESPONSIVE \u2500\u2500\u2500 *\/\n@media (max-width: 600px) {\n  .lk-stays-grid { grid-template-columns: 1fr; }\n  .lk-stays-header { padding: 24px 20px; }\n  .lk-stays-footer { padding: 16px 20px; }\n  .lk-stay-card { padding: 22px; }\n  .lk-stays-title { font-size: 20px; }\n}\n<\/style>\n\n  <!-- HEADER -->\n  <div class=\"lk-stays-header\">\n    <img decoding=\"async\" src=\"https:\/\/loudavymkrokem.cz\/wp-content\/uploads\/2026\/02\/lukas-a-lucka.jpg\" alt=\"\" style=\"width: 75px; height: 75px; border-radius: 8px; flex-shrink: 0; object-fit: cover; display: block; margin: 4px 0;\" title=\"\">\n    <div class=\"lk-stays-header-text\">\n      <div class=\"lk-stays-eyebrow\">Luk\u00e1\u0161 och Lucie rekommenderar<\/div>\n      <div class=\"lk-stays-title\">Var man kan bo i Tyskland<\/div>\n      <div class=\"lk-stays-subtitle\">6 boenden \u2014 wellnesshotell, hotell och andra boendealternativ<\/div>\n    <\/div>\n  <\/div>\n\n  <!-- CARDS -->\n  <div class=\"lk-stays-grid\">\n\n    <a class=\"lk-stay-card featured\" href=\"https:\/\/www.stay22.com\/allez\/roam?aid=lukaskonecny&#038;campaign=loudavymkrokemcz&#038;campaign=sv&#038;campaign=termaly-nemecko&#038;hotelname=Hotel%20Victory%20Therme%20Erding&#038;address=Erding%2C%20Nemecko\" target=\"_blank\" rel=\"nofollow noopener\">\n      <span class=\"lk-stay-badge badge-top\">\u2b50 TOPPVAL<\/span>\n      <span class=\"lk-stay-badge badge-nature\">\ud83c\udfe8 Hotell<\/span>\n      <div class=\"lk-stay-name\">Hotel Victory Therme Erding<\/div>\n      <div class=\"lk-stay-desc\">Lyxhotell direkt i anl\u00e4ggningen Therme Erding med rum designade som skeppet HMS Victory. Entr\u00e9 till termalbaden ing\u00e5r i priset per natt.<\/div>\n      <div class=\"lk-stay-meta\">\n        <span class=\"lk-stay-stars\">\u2605\u2605\u2605\u2605<\/span>\n        <span class=\"lk-stay-price\">Kontrollera priser<\/span>\n      <\/div>\n      <span class=\"lk-stay-cta\">\n        <svg width=\"14\" height=\"14\" viewBox=\"0 0 24 24\" fill=\"none\" stroke=\"currentColor\" stroke-width=\"2\"><path d=\"M18 13v6a2 2 0 0 1-2 2H5a2 2 0 0 1-2-2V8a2 2 0 0 1 2-2h6\"\/><polyline points=\"15 3 21 3 21 9\"\/><line x1=\"10\" y1=\"14\" x2=\"21\" y2=\"3\"\/><\/svg>\n        Kontrollera tillg\u00e4nglighet\n      <\/span>\n    <\/a>\n\n    <a class=\"lk-stay-card\" href=\"https:\/\/www.stay22.com\/allez\/roam?aid=lukaskonecny&#038;campaign=loudavymkrokemcz&#038;campaign=sv&#038;campaign=termaly-nemecko&#038;hotelname=Thermenhotel%20Gass&#038;address=Bad%20Fussing%2C%20Nemecko\" target=\"_blank\" rel=\"nofollow noopener\">\n      <span class=\"lk-stay-badge badge-nature\">\ud83c\udfe8 Hotell<\/span>\n      <div class=\"lk-stay-name\">Thermenhotel Gass<\/div>\n      <div class=\"lk-stay-desc\">Trestj\u00e4rnigt superior hotell med egna pooler fyllda med termiskt svavel\u00advatten direkt fr\u00e5n Therme 1.<\/div>\n      <div class=\"lk-stay-meta\">\n        <span class=\"lk-stay-stars\">\u2605\u2605\u2605<\/span>\n        <span class=\"lk-stay-price\">Kontrollera priser<\/span>\n      <\/div>\n      <span class=\"lk-stay-cta\">\n        <svg width=\"14\" height=\"14\" viewBox=\"0 0 24 24\" fill=\"none\" stroke=\"currentColor\" stroke-width=\"2\"><path d=\"M18 13v6a2 2 0 0 1-2 2H5a2 2 0 0 1-2-2V8a2 2 0 0 1 2-2h6\"\/><polyline points=\"15 3 21 3 21 9\"\/><line x1=\"10\" y1=\"14\" x2=\"21\" y2=\"3\"\/><\/svg>\n        Kontrollera tillg\u00e4nglighet\n      <\/span>\n    <\/a>\n\n    <a class=\"lk-stay-card\" href=\"https:\/\/www.stay22.com\/allez\/roam?aid=lukaskonecny&#038;campaign=loudavymkrokemcz&#038;campaign=sv&#038;campaign=termaly-nemecko&#038;hotelname=Hotel%20an%20der%20Therme%20Bad%20Sulza&#038;address=Bad%20Sulza%2C%20Nemecko\" target=\"_blank\" rel=\"nofollow noopener\">\n      <span class=\"lk-stay-badge badge-nature\">\ud83c\udfe8 Hotell<\/span>\n      <div class=\"lk-stay-name\">Hotel an der Therme Bad Sulza<\/div>\n      <div class=\"lk-stay-desc\">Hotell anslutet via badrockskorr\u00adidor till Toskana Therme. Entr\u00e9 till termalbaden inklusive bastuv\u00e4rlden ing\u00e5r i priset per natt.<\/div>\n      <div class=\"lk-stay-meta\">\n        <span class=\"lk-stay-stars\">\u2605\u2605\u2605\u2605<\/span>\n        <span class=\"lk-stay-price\">Kontrollera priser<\/span>\n      <\/div>\n      <span class=\"lk-stay-cta\">\n        <svg width=\"14\" height=\"14\" viewBox=\"0 0 24 24\" fill=\"none\" stroke=\"currentColor\" stroke-width=\"2\"><path d=\"M18 13v6a2 2 0 0 1-2 2H5a2 2 0 0 1-2-2V8a2 2 0 0 1 2-2h6\"\/><polyline points=\"15 3 21 3 21 9\"\/><line x1=\"10\" y1=\"14\" x2=\"21\" y2=\"3\"\/><\/svg>\n        Kontrollera tillg\u00e4nglighet\n      <\/span>\n    <\/a>\n\n    <a class=\"lk-stay-card\" href=\"https:\/\/www.stay22.com\/allez\/roam?aid=lukaskonecny&#038;campaign=loudavymkrokemcz&#038;campaign=sv&#038;campaign=termaly-nemecko&#038;hotelname=Mauritius%20Hotel%20%26%20Therme&#038;address=Kolin%20nad%20Rynem%2C%20Nemecko\" target=\"_blank\" rel=\"nofollow noopener\">\n      <span class=\"lk-stay-badge badge-nature\">\u2b50 Luxury<\/span>\n      <div class=\"lk-stay-name\">Mauritius Hotel &#038; Therme<\/div>\n      <div class=\"lk-stay-desc\">Fyrstj\u00e4rnigt hotell med enorm wellnessanl\u00e4ggning p\u00e5 3500 m\u00b2. Sju bastur och utomhuspool med salt fr\u00e5n D\u00f6da havet.<\/div>\n      <div class=\"lk-stay-meta\">\n        <span class=\"lk-stay-stars\">\u2605\u2605\u2605\u2605<\/span>\n        <span class=\"lk-stay-price\">fr\u00e5n 10 EUR\/wellnessdag<\/span>\n      <\/div>\n      <span class=\"lk-stay-cta\">\n        <svg width=\"14\" height=\"14\" viewBox=\"0 0 24 24\" fill=\"none\" stroke=\"currentColor\" stroke-width=\"2\"><path d=\"M18 13v6a2 2 0 0 1-2 2H5a2 2 0 0 1-2-2V8a2 2 0 0 1 2-2h6\"\/><polyline points=\"15 3 21 3 21 9\"\/><line x1=\"10\" y1=\"14\" x2=\"21\" y2=\"3\"\/><\/svg>\n        Kontrollera tillg\u00e4nglighet\n      <\/span>\n    <\/a>\n\n    <a class=\"lk-stay-card\" href=\"https:\/\/www.stay22.com\/allez\/roam?aid=lukaskonecny&#038;campaign=loudavymkrokemcz&#038;campaign=sv&#038;campaign=termaly-nemecko&#038;hotelname=Hotel%20Zum%20Rittmeister&#038;address=Werder%20Havel%2C%20Nemecko\" target=\"_blank\" rel=\"nofollow noopener\">\n      <span class=\"lk-stay-badge badge-nature\">\ud83c\udfe8 Hotell<\/span>\n      <div class=\"lk-stay-name\">Hotel Zum Rittmeister<\/div>\n      <div class=\"lk-stay-desc\">Hotell med 35 mysiga rum. G\u00e4ster f\u00e5r rabatterat intr\u00e4de till n\u00e4rbel\u00e4gna Havel Therme vid uppvisande av G\u00e4stekarte.<\/div>\n      <div class=\"lk-stay-meta\">\n        <span class=\"lk-stay-stars\">\u2605\u2605\u2605\u2605<\/span>\n        <span class=\"lk-stay-price\">Kontrollera priser<\/span>\n      <\/div>\n      <span class=\"lk-stay-cta\">\n        <svg width=\"14\" height=\"14\" viewBox=\"0 0 24 24\" fill=\"none\" stroke=\"currentColor\" stroke-width=\"2\"><path d=\"M18 13v6a2 2 0 0 1-2 2H5a2 2 0 0 1-2-2V8a2 2 0 0 1 2-2h6\"\/><polyline points=\"15 3 21 3 21 9\"\/><line x1=\"10\" y1=\"14\" x2=\"21\" y2=\"3\"\/><\/svg>\n        Kontrollera tillg\u00e4nglighet\n      <\/span>\n    <\/a>\n\n    <a class=\"lk-stay-card\" href=\"https:\/\/www.stay22.com\/allez\/roam?aid=lukaskonecny&#038;campaign=loudavymkrokemcz&#038;campaign=sv&#038;campaign=termaly-nemecko&#038;hotelname=Hotel%20Palatin&#038;address=Wiesloch%2C%20Nemecko\" target=\"_blank\" rel=\"nofollow noopener\">\n      <span class=\"lk-stay-badge badge-nature\">\ud83c\udfe8 Hotell<\/span>\n      <div class=\"lk-stay-name\">Hotel Palatin<\/div>\n      <div class=\"lk-stay-desc\">Partnerhotell till termalbaden Sinsheim. F\u00f6rm\u00e5nliga paket med natt, frukost och entr\u00e9 till termalbaden fr\u00e5n 79 EUR.<\/div>\n      <div class=\"lk-stay-meta\">\n        <span class=\"lk-stay-stars\">\u2605\u2605\u2605\u2605<\/span>\n        <span class=\"lk-stay-price\">fr\u00e5n 79 EUR\/person<\/span>\n      <\/div>\n      <span class=\"lk-stay-cta\">\n        <svg width=\"14\" height=\"14\" viewBox=\"0 0 24 24\" fill=\"none\" stroke=\"currentColor\" stroke-width=\"2\"><path d=\"M18 13v6a2 2 0 0 1-2 2H5a2 2 0 0 1-2-2V8a2 2 0 0 1 2-2h6\"\/><polyline points=\"15 3 21 3 21 9\"\/><line x1=\"10\" y1=\"14\" x2=\"21\" y2=\"3\"\/><\/svg>\n        Kontrollera tillg\u00e4nglighet\n      <\/span>\n    <\/a>\n\n  <\/div>\n\n  \n<\/div>\n\n\n\n\n<h3 class=\"wp-block-heading\"><span class=\"ez-toc-section\" id=\"27_Thermen_Badewelt_Euskirchen_Euskirchen\"><\/span>27. Thermen &#038; Badewelt Euskirchen (Euskirchen)<span class=\"ez-toc-section-end\"><\/span><\/h3>\n\n\n!&#8211; wp:paragraph &#8211;>\n<p>Den h\u00e4r moderna anl\u00e4ggningen ligger ungef\u00e4r <strong>45 minuter fr\u00e5n K\u00f6ln<\/strong> och tillh\u00f6r samma driftsbolag som det ber\u00f6mda komplexet i Sinsheim. Vid f\u00f6rsta anblicken h\u00e4nf\u00f6rs du av det gener\u00f6sa badet i laguner som breder ut sig vid en <strong>naturlig sj\u00f6 p\u00e5 imponerande 6 500 m\u00b2<\/strong>. Utsikten fr\u00e5n de bekv\u00e4ma solstolarna direkt \u00f6ver denna vidstr\u00e4ckta vattenyta verkar rogivande.<\/p>\n<!-- \/wp:post-content -->\n\n<!-- wp:paragraph -->\n<p>Du kan se fram emot <strong>Blaue Lagune med 33-gradigt vatten<\/strong>, som du njuter av b\u00e5de i inomhus- och utomhusdelen. F\u00f6rutom den v\u00e4ntar diverse avkopplingsoaser, en uppfriskande isbrunn eller en mycket effektfull dusch i form av kallablommor. Om du precis b\u00f6rjar med uppv\u00e4rmning av kroppen och inte vill g\u00e5 direkt till extrem hetta rekommenderar driftsbolaget att du startar <strong>i bastun med behagliga 60 \u00b0C<\/strong>.<\/p>\n<!-- \/wp:paragraph -->\n\n<!-- wp:paragraph -->\n<p>Komplexet \u00e4r utformat framf\u00f6r allt f\u00f6r lugn vila, d\u00e4rf\u00f6r har enbart <strong>bes\u00f6kare \u00f6ver 16 \u00e5r tilltr\u00e4de<\/strong> h\u00e4r fr\u00e5n s\u00f6ndag till fredag. F\u00f6r familjer med mindre barn passar allts\u00e5 denna anl\u00e4ggning inte p\u00e5 vardagar. <strong>\ud83d\udca1 Tips:<\/strong> Gillar du verkligt lugn, utnyttja just vardagarna, d\u00e5 intr\u00e4det f\u00f6r yngre \u00e5ldersgrupper \u00e4r begr\u00e4nsat och badet erbjuder en oas av tystnad.<\/p>\n<!-- \/wp:paragraph -->\n\n<!-- wp:image {\"id\":415340,\"sizeSlug\":\"full\",\"linkDestination\":\"none\"} -->\n<figure class=\"wp-block-image size-full\"><img decoding=\"async\" width=\"1800\" height=\"1012\" src=\"https:\/\/loudavymkrokem.cz\/wp-content\/uploads\/2026\/09\/nemecko-clanky-termaly-nemecko-35-2fe13158-1.jpg\" alt=\"Bali Therme (Bad Oeynhausen): avkopplingsbass\u00e4ng\" class=\"wp-image-415340\" title=\"\" srcset=\"https:\/\/loudavymkrokem.cz\/wp-content\/uploads\/2026\/09\/nemecko-clanky-termaly-nemecko-35-2fe13158-1.jpg 1800w, https:\/\/loudavymkrokem.cz\/wp-content\/uploads\/2026\/09\/nemecko-clanky-termaly-nemecko-35-2fe13158-1-300x169.jpg 300w, https:\/\/loudavymkrokem.cz\/wp-content\/uploads\/2026\/09\/nemecko-clanky-termaly-nemecko-35-2fe13158-1-700x394.jpg 700w, https:\/\/loudavymkrokem.cz\/wp-content\/uploads\/2026\/09\/nemecko-clanky-termaly-nemecko-35-2fe13158-1-768x432.jpg 768w, https:\/\/loudavymkrokem.cz\/wp-content\/uploads\/2026\/09\/nemecko-clanky-termaly-nemecko-35-2fe13158-1-1536x864.jpg 1536w, https:\/\/loudavymkrokem.cz\/wp-content\/uploads\/2026\/09\/nemecko-clanky-termaly-nemecko-35-2fe13158-1-696x391.jpg 696w, https:\/\/loudavymkrokem.cz\/wp-content\/uploads\/2026\/09\/nemecko-clanky-termaly-nemecko-35-2fe13158-1-1392x783.jpg 1392w\" sizes=\"(max-width: 1800px) 100vw, 1800px\" \/><\/figure>\n<!-- \/wp:image -->\n\n<!-- wp:heading {\"level\":3} -->\n<h3 class=\"wp-block-heading\"><span class=\"ez-toc-section\" id=\"28_Bali_Therme_Bad_Oeynhausen\"><\/span>28. Bali Therme (Bad Oeynhausen)<span class=\"ez-toc-section-end\"><\/span><\/h3>\n<!-- \/wp:heading -->\n\n<!-- wp:paragraph -->\n<p>Som namnet antyder v\u00e4ntar dig i det h\u00e4r komplexet en perfekt balinesisk arkitektur full av tr\u00e4g\u00e5ngar, originalskulpturer och traditionella snidverk. De lokala bass\u00e4ngerna fylls med statligt erk\u00e4nt l\u00e4kande vatten fr\u00e5n en k\u00e4lla som <strong>utvinns fr\u00e5n ett unikt djup p\u00e5 1 034 meter<\/strong>. Det fascinerade mig att detta vatten rann genom underjorden via kalksten och dolomit i <strong>39 000 \u00e5r<\/strong> innan det n\u00e5dde m\u00e4nniskorna p\u00e5 ytan.<\/p>\n<!-- \/wp:paragraph -->\n\n<!-- wp:paragraph -->\n<p>Uppv\u00e4rmnings\u00e4lskare \u00e4r i sjunde himlen h\u00e4r, f\u00f6r anl\u00e4ggningen erbjuder <strong>hela 14 olika bastur<\/strong>, inklusive \u00e5ng- och s\u00e4rskild jordbastu. En absolut unikitet \u00e4r dock en <strong>150 \u00e5r gammal och 6 meter h\u00f6g torrbastu<\/strong> byggd efter ett tempel som f\u00f6rebild. F\u00f6r transporten till Tyskland fick de plocka is\u00e4r den i 500 enskilda delar och s\u00e4tta ihop den exakt igen p\u00e5 plats.<\/p>\n<!-- \/wp:paragraph -->\n\n<!-- wp:paragraph -->\n<p>Enligt prislistan f\u00f6r 2026 betalar du <strong>28 euro f\u00f6r en heldagsbiljett<\/strong>, med tilltr\u00e4de till bastun 41 euro. Helgtill\u00e4gget \u00e4r 3 till 5 euro. Barn under 3 \u00e5r har gratis intr\u00e4de, men barn under 12 \u00e5r <strong>f\u00e5r inte alls till bastudelen<\/strong>. Ungdomar under 16 \u00e5r sl\u00e4pps in bara i s\u00e4llskap med en vuxen. <strong>\ud83d\udca1 Tips:<\/strong> Koppla av i den ursprungliga balinesiska paviljongen som perfekt understryker hela platsens exotiska st\u00e4mning.<\/p>\n<!-- \/wp:paragraph -->\n\n<!-- wp:image {\"id\":415342,\"sizeSlug\":\"full\",\"linkDestination\":\"none\"} -->\n<figure class=\"wp-block-image size-full\"><img decoding=\"async\" width=\"1800\" height=\"1429\" src=\"https:\/\/loudavymkrokem.cz\/wp-content\/uploads\/2026\/09\/nemecko-clanky-termaly-nemecko-36-6c0708ca-1.jpg\" alt=\"Carolus Thermen (Aachen): bastudel\" class=\"wp-image-415342\" title=\"\" srcset=\"https:\/\/loudavymkrokem.cz\/wp-content\/uploads\/2026\/09\/nemecko-clanky-termaly-nemecko-36-6c0708ca-1.jpg 1800w, https:\/\/loudavymkrokem.cz\/wp-content\/uploads\/2026\/09\/nemecko-clanky-termaly-nemecko-36-6c0708ca-1-300x238.jpg 300w, https:\/\/loudavymkrokem.cz\/wp-content\/uploads\/2026\/09\/nemecko-clanky-termaly-nemecko-36-6c0708ca-1-700x556.jpg 700w, https:\/\/loudavymkrokem.cz\/wp-content\/uploads\/2026\/09\/nemecko-clanky-termaly-nemecko-36-6c0708ca-1-768x610.jpg 768w, https:\/\/loudavymkrokem.cz\/wp-content\/uploads\/2026\/09\/nemecko-clanky-termaly-nemecko-36-6c0708ca-1-1536x1219.jpg 1536w, https:\/\/loudavymkrokem.cz\/wp-content\/uploads\/2026\/09\/nemecko-clanky-termaly-nemecko-36-6c0708ca-1-696x553.jpg 696w, https:\/\/loudavymkrokem.cz\/wp-content\/uploads\/2026\/09\/nemecko-clanky-termaly-nemecko-36-6c0708ca-1-1392x1105.jpg 1392w\" sizes=\"(max-width: 1800px) 100vw, 1800px\" \/><\/figure>\n<!-- \/wp:image -->\n\n<!-- wp:heading {\"level\":3} -->\n<h3 class=\"wp-block-heading\"><span class=\"ez-toc-section\" id=\"29_Carolus_Thermen_Aachen\"><\/span>29. Carolus Thermen (Aachen)<span class=\"ez-toc-section-end\"><\/span><\/h3>\n<!-- \/wp:heading -->\n\n<!-- wp:paragraph -->\n<p>Den h\u00e4r platsen knyter an till en otroligt l\u00e5ng tradition, eftersom staden Aachen fungerade som det romerska badet Aquae Granni <strong>redan fr\u00e5n \u00e5r 85 e.Kr.<\/strong> Det lokala arkitektoniska m\u00e4sterverket ritades av den m\u00fcnchenske arkitekten Rudolf Wienands och anl\u00e4ggningen <strong>\u00f6ppnade h\u00f6gtidligt den 9 februari 2001<\/strong> efter tre \u00e5rs byggande. Den ersatte smidigt \u00e4ldre innerstadsanl\u00e4ggningar som lades ner vid millennieskiftet.<\/p>\n<!-- \/wp:paragraph -->\n\n<!-- wp:paragraph -->\n<p>Anl\u00e4ggningen sk\u00f6ts av det kommunala kurbadsbolaget, som funnits sedan 1932 och som samtidigt f\u00f6rvaltar det <strong>statligt erk\u00e4nda kurbadet Aachen<\/strong>. H\u00e4r \u00e4r det framf\u00f6r allt v\u00e4rt att prova det popul\u00e4ra \u00e5ngbadet Strokkur, som presenterades f\u00f6r bes\u00f6karna efter en mycket kostsam ombyggnad i januari 2012.<\/p>\n<!-- \/wp:paragraph -->\n\n<!-- wp:paragraph -->\n<p>Enligt prislistan f\u00f6r 2026 r\u00e4knar du med en praktisk <strong>parkeringsavgift p\u00e5 6 euro<\/strong>. F\u00f6r denna summa kan du l\u00e4mna bilen i parkeringshuset under hela ditt bes\u00f6k och g\u00e5 in i badet bekv\u00e4mt torrskodd. Anl\u00e4ggningen passar snarare f\u00f6r lugn uppv\u00e4rmning utan stora vattenattraktioner. <strong>\ud83d\udca1 Tips:<\/strong> Parkeringsavgiften l\u00f6nar sig \u00e4ven n\u00e4r du vill g\u00e5 in i Aachens centrum efter badet \u2013 garaget ligger n\u00e5gra minuters promenad fr\u00e5n katedralen.<\/p>\n<!-- \/wp:paragraph -->\n\n<!-- wp:image {\"id\":415345,\"sizeSlug\":\"full\",\"linkDestination\":\"none\"} -->\n<figure class=\"wp-block-image size-full\"><img decoding=\"async\" width=\"1800\" height=\"964\" src=\"https:\/\/loudavymkrokem.cz\/wp-content\/uploads\/2026\/09\/nemecko-clanky-termaly-nemecko-37-63e6c760-1.jpg\" alt=\"Mediterana (Bergisch Gladbach)\" class=\"wp-image-415345\" title=\"\" srcset=\"https:\/\/loudavymkrokem.cz\/wp-content\/uploads\/2026\/09\/nemecko-clanky-termaly-nemecko-37-63e6c760-1.jpg 1800w, https:\/\/loudavymkrokem.cz\/wp-content\/uploads\/2026\/09\/nemecko-clanky-termaly-nemecko-37-63e6c760-1-300x161.jpg 300w, https:\/\/loudavymkrokem.cz\/wp-content\/uploads\/2026\/09\/nemecko-clanky-termaly-nemecko-37-63e6c760-1-700x375.jpg 700w, https:\/\/loudavymkrokem.cz\/wp-content\/uploads\/2026\/09\/nemecko-clanky-termaly-nemecko-37-63e6c760-1-768x411.jpg 768w, https:\/\/loudavymkrokem.cz\/wp-content\/uploads\/2026\/09\/nemecko-clanky-termaly-nemecko-37-63e6c760-1-1536x823.jpg 1536w, https:\/\/loudavymkrokem.cz\/wp-content\/uploads\/2026\/09\/nemecko-clanky-termaly-nemecko-37-63e6c760-1-696x373.jpg 696w, https:\/\/loudavymkrokem.cz\/wp-content\/uploads\/2026\/09\/nemecko-clanky-termaly-nemecko-37-63e6c760-1-1392x745.jpg 1392w\" sizes=\"(max-width: 1800px) 100vw, 1800px\" \/><\/figure>\n<!-- \/wp:image -->\n\n<!-- wp:heading {\"level\":3} -->\n<h3 class=\"wp-block-heading\"><span class=\"ez-toc-section\" id=\"30_Mediterana_Bergisch_Gladbach\"><\/span>30. Mediterana (Bergisch Gladbach)<span class=\"ez-toc-section-end\"><\/span><\/h3>\n<!-- \/wp:heading -->\n\n<!-- wp:paragraph -->\n<p>Om du s\u00f6ker ett enormt urval av avkopplingsm\u00f6jligheter blir du f\u00f6rtjust h\u00e4r, f\u00f6r komplexet erbjuder <strong>hela 13 olika v\u00e4rldar<\/strong>, d\u00e4r var och en har sin egen karakt\u00e4r. Anl\u00e4ggningen ligger i Bergisch Gladbach och du v\u00e4rmer dig <strong>i 12 olika bastur och 1 \u00e5ngbad<\/strong>. Allt kompletteras av en vacker milj\u00f6 inspirerad av arkitekturen fr\u00e5n sydliga l\u00e4nder.<\/p>\n<!-- \/wp:paragraph -->\n\n<!-- wp:paragraph -->\n<p>Vatten\u00e4lskare har tillg\u00e5ng till totalt <strong>7 bass\u00e4nger och vattenbassiner<\/strong>, som direkt inbjuder till l\u00e5ng simning, lugnt neds\u00e4nkande eller h\u00e4lsosam Kneipp-behandling. De lokala utrymmena \u00e4r enorma, s\u00e5 var och en hittar l\u00e4tt sin favorith\u00f6rna f\u00f6r ost\u00f6rd avkoppling efter en jobbig arbetsvecka.<\/p>\n<!-- \/wp:paragraph -->\n\n<!-- wp:paragraph -->\n<p>Enligt prislistan f\u00f6r 2026 kostar en heldagsbiljett fr\u00e5n m\u00e5ndag till torsdag <strong>mycket behagliga 19,50 euro<\/strong>. \u00c5ker du bara p\u00e5 tv\u00e5 timmar betalar du 16,50 euro p\u00e5 vardagar och 19,50 euro fr\u00e5n fredag till s\u00f6ndag. F\u00f6r varje ytterligare p\u00e5b\u00f6rjad timme betalar du sedan 1,50 euro extra. <strong>\ud83d\udca1 Tips:<\/strong> \u00c4r du en morgonpigg person? Utnyttja specialtaxan f\u00f6r morgonsimmare, d\u00e5 en tv\u00e5timmarsentr\u00e9 mellan 8:00 och 10:00 kostar bara 14 euro.<\/p>\n<!-- \/wp:paragraph -->\n\n<!-- wp:image {\"id\":415347,\"sizeSlug\":\"full\",\"linkDestination\":\"none\"} -->\n<figure class=\"wp-block-image size-full\"><img decoding=\"async\" width=\"1800\" height=\"900\" src=\"https:\/\/loudavymkrokem.cz\/wp-content\/uploads\/2026\/09\/nemecko-clanky-termaly-nemecko-38-d726c943-1.jpg\" alt=\"Vitasol Therme (Bad Salzuflen)\" class=\"wp-image-415347\" title=\"\" srcset=\"https:\/\/loudavymkrokem.cz\/wp-content\/uploads\/2026\/09\/nemecko-clanky-termaly-nemecko-38-d726c943-1.jpg 1800w, https:\/\/loudavymkrokem.cz\/wp-content\/uploads\/2026\/09\/nemecko-clanky-termaly-nemecko-38-d726c943-1-300x150.jpg 300w, https:\/\/loudavymkrokem.cz\/wp-content\/uploads\/2026\/09\/nemecko-clanky-termaly-nemecko-38-d726c943-1-700x350.jpg 700w, https:\/\/loudavymkrokem.cz\/wp-content\/uploads\/2026\/09\/nemecko-clanky-termaly-nemecko-38-d726c943-1-768x384.jpg 768w, https:\/\/loudavymkrokem.cz\/wp-content\/uploads\/2026\/09\/nemecko-clanky-termaly-nemecko-38-d726c943-1-1536x768.jpg 1536w, https:\/\/loudavymkrokem.cz\/wp-content\/uploads\/2026\/09\/nemecko-clanky-termaly-nemecko-38-d726c943-1-696x348.jpg 696w, https:\/\/loudavymkrokem.cz\/wp-content\/uploads\/2026\/09\/nemecko-clanky-termaly-nemecko-38-d726c943-1-1392x696.jpg 1392w\" sizes=\"(max-width: 1800px) 100vw, 1800px\" \/><\/figure>\n<!-- \/wp:image -->\n\n<!-- wp:heading {\"level\":3} -->\n<h3 class=\"wp-block-heading\"><span class=\"ez-toc-section\" id=\"31_Vitasol_Therme_Bad_Salzuflen\"><\/span>31. Vitasol Therme (Bad Salzuflen)<span class=\"ez-toc-section-end\"><\/span><\/h3>\n<!-- \/wp:heading -->\n\n<!-- wp:paragraph -->\n<p>I den h\u00e4r kurorten v\u00e4ntar ett imponerande komplex som breder ut sig \u00f6ver en <strong>yta p\u00e5 \u00f6ver 6 000 m\u00b2<\/strong>, varav sj\u00e4lva vattenytan upptar vackra 1 700 m\u00b2. Den lokala termala saltk\u00e4llan med en temperatur p\u00e5 37,5 \u00b0C sprutar upp till ytan med en <strong>hastighet p\u00e5 90 000 liter i timmen<\/strong>. Den ursprungliga salthalten i detta l\u00e4kande vatten uppgick f\u00f6rr till 12 %.<\/p>\n<!-- \/wp:paragraph -->\n\n<!-- wp:paragraph -->\n<p>V\u00e4gen till denna rikedom var dock inte alls enkel. De f\u00f6rsta borrningsf\u00f6rs\u00f6ken p\u00e5gick redan 1919 men slutade misslyckat vid 375 meter. F\u00f6rst 1967 lyckades man med amerikanska specialborrar <strong>komma \u00e4nda ner till 1 018 meters djup<\/strong>. Sj\u00e4lva driften har sedan funnits sedan 1969 och sedan 1998 k\u00e4nner vi den under dess nuvarande namn.<\/p>\n<!-- \/wp:paragraph -->\n\n<!-- wp:paragraph -->\n<p>Anl\u00e4ggningen \u00e4r ett utm\u00e4rkt val f\u00f6r alla som \u00e4lskar simning och l\u00e4kande saltvatten. Driftsbolagen t\u00e4nker \u00e4ven p\u00e5 framtiden, f\u00f6r sedan sommaren 2025 byggs h\u00e4r ett <strong>nytt fyrstj\u00e4rnigt hotell<\/strong> med ett hundratal rum och tv\u00e5hundra b\u00e4ddar. Det planeras vara klart 2027. <strong>\ud83d\udca1 Tips:<\/strong> Innan komplexhotellet byggs, titta efter boende i det n\u00e4rliggande centrum, varifr\u00e5n du bara har en liten bit att g\u00e5 till badet.<\/p>\n<!-- \/wp:paragraph -->\n\n<!-- wp:image {\"id\":415351,\"sizeSlug\":\"full\",\"linkDestination\":\"none\"} -->\n<figure class=\"wp-block-image size-full\"><img decoding=\"async\" width=\"1800\" height=\"1350\" src=\"https:\/\/loudavymkrokem.cz\/wp-content\/uploads\/2026\/09\/nemecko-clanky-termaly-nemecko-39-605251b4-1.jpg\" alt=\"Mauritius Hotel &#038; Therme K\u00f6ln (K\u00f6ln)\" class=\"wp-image-415351\" title=\"\" srcset=\"https:\/\/loudavymkrokem.cz\/wp-content\/uploads\/2026\/09\/nemecko-clanky-termaly-nemecko-39-605251b4-1.jpg 1800w, https:\/\/loudavymkrokem.cz\/wp-content\/uploads\/2026\/09\/nemecko-clanky-termaly-nemecko-39-605251b4-1-300x225.jpg 300w, https:\/\/loudavymkrokem.cz\/wp-content\/uploads\/2026\/09\/nemecko-clanky-termaly-nemecko-39-605251b4-1-700x525.jpg 700w, https:\/\/loudavymkrokem.cz\/wp-content\/uploads\/2026\/09\/nemecko-clanky-termaly-nemecko-39-605251b4-1-768x576.jpg 768w, https:\/\/loudavymkrokem.cz\/wp-content\/uploads\/2026\/09\/nemecko-clanky-termaly-nemecko-39-605251b4-1-1536x1152.jpg 1536w, https:\/\/loudavymkrokem.cz\/wp-content\/uploads\/2026\/09\/nemecko-clanky-termaly-nemecko-39-605251b4-1-80x60.jpg 80w, https:\/\/loudavymkrokem.cz\/wp-content\/uploads\/2026\/09\/nemecko-clanky-termaly-nemecko-39-605251b4-1-160x120.jpg 160w, https:\/\/loudavymkrokem.cz\/wp-content\/uploads\/2026\/09\/nemecko-clanky-termaly-nemecko-39-605251b4-1-696x522.jpg 696w, https:\/\/loudavymkrokem.cz\/wp-content\/uploads\/2026\/09\/nemecko-clanky-termaly-nemecko-39-605251b4-1-1392x1044.jpg 1392w\" sizes=\"(max-width: 1800px) 100vw, 1800px\" \/><figcaption class=\"wp-element-caption\">Foto: Duhon \/ Wikimedia Commons, CC BY 3.0<\/figcaption><\/figure>\n<!-- \/wp:image -->\n\n<!-- wp:heading {\"level\":3} -->\n<h3 class=\"wp-block-heading\"><span class=\"ez-toc-section\" id=\"32_Mauritius_Hotel_Therme_Koln_Koln\"><\/span>32. Mauritius Hotel &#038; Therme K\u00f6ln (K\u00f6ln)<span class=\"ez-toc-section-end\"><\/span><\/h3>\n<!-- \/wp:heading -->\n\n<!-- wp:paragraph -->\n<p>I det h\u00e4r fallet r\u00f6r det sig inte om ett klassiskt offentligt bad, utan om ett <strong>lyxigt fyrstj\u00e4rnigt hotell med ett enormt wellnesscenter<\/strong>. Du hittar det g\u00f6mt i ett lugnt h\u00f6rn av sj\u00e4lva K\u00f6lns centrum, alldeles intill den historiska Mauritiuskyrkan. Platsen \u00e4r som skapad f\u00f6r par som vill kombinera storstadsutforskning med kv\u00e4llsavkoppling.<\/p>\n<!-- \/wp:paragraph -->\n\n<!-- wp:paragraph -->\n<p>Sj\u00e4lva termal- och vilodelen breder ut sig \u00f6ver en <strong>gener\u00f6s yta p\u00e5 3 500 m\u00b2<\/strong>. Du har mycket att v\u00e4lja p\u00e5, f\u00f6r h\u00e4r finns 7 olika bastur, 1 \u00e5ngbad och hela 2 bubbelpooler. Anl\u00e4ggningens specialitet \u00e4r sedan en utomhuspool <strong>berikad med salt fr\u00e5n D\u00f6da havet<\/strong>. T\u00e4nk p\u00e5 att man g\u00e5r in i bastuv\u00e4rlden strikt utan baddr\u00e4kt. H\u00e4r finns \u00e4ven ett gym och ett rikt utbud av massage.<\/p>\n<!-- \/wp:paragraph -->\n\n<!-- wp:paragraph -->\n<p>Om du bor h\u00e4r betalar hotellg\u00e4sterna enligt prislistan f\u00f6r 2026 <strong>ett till\u00e4gg p\u00e5 10 euro per person och dag<\/strong> f\u00f6r intr\u00e4de till wellnesszonen. Detta f\u00f6rm\u00e5nliga pris kan du dessutom utnyttja \u00e4ven p\u00e5 din avresedag. <strong>\ud83d\udca1 Tips:<\/strong> Efter en hel dags g\u00e5ende bland K\u00f6lns sev\u00e4rdheter uppskattar dina f\u00f6tter garanterat ett l\u00e5ngt bad i det l\u00e4kande saltvattnet, s\u00e5 missa det absolut inte.<\/p>\n<!-- \/wp:paragraph -->\n\n<!-- wp:image {\"id\":415353,\"sizeSlug\":\"full\",\"linkDestination\":\"none\"} -->\n<figure class=\"wp-block-image size-full\"><img decoding=\"async\" width=\"1800\" height=\"1200\" src=\"https:\/\/loudavymkrokem.cz\/wp-content\/uploads\/2026\/09\/nemecko-clanky-termaly-nemecko-40-b4685b4f-1.jpg\" alt=\"Claudius Therme (K\u00f6ln)\" class=\"wp-image-415353\" title=\"\" srcset=\"https:\/\/loudavymkrokem.cz\/wp-content\/uploads\/2026\/09\/nemecko-clanky-termaly-nemecko-40-b4685b4f-1.jpg 1800w, https:\/\/loudavymkrokem.cz\/wp-content\/uploads\/2026\/09\/nemecko-clanky-termaly-nemecko-40-b4685b4f-1-300x200.jpg 300w, https:\/\/loudavymkrokem.cz\/wp-content\/uploads\/2026\/09\/nemecko-clanky-termaly-nemecko-40-b4685b4f-1-700x467.jpg 700w, https:\/\/loudavymkrokem.cz\/wp-content\/uploads\/2026\/09\/nemecko-clanky-termaly-nemecko-40-b4685b4f-1-768x512.jpg 768w, https:\/\/loudavymkrokem.cz\/wp-content\/uploads\/2026\/09\/nemecko-clanky-termaly-nemecko-40-b4685b4f-1-1536x1024.jpg 1536w, https:\/\/loudavymkrokem.cz\/wp-content\/uploads\/2026\/09\/nemecko-clanky-termaly-nemecko-40-b4685b4f-1-696x464.jpg 696w, https:\/\/loudavymkrokem.cz\/wp-content\/uploads\/2026\/09\/nemecko-clanky-termaly-nemecko-40-b4685b4f-1-1392x928.jpg 1392w\" sizes=\"(max-width: 1800px) 100vw, 1800px\" \/><figcaption class=\"wp-element-caption\">Foto: Maksym Kozlenko \/ Wikimedia Commons, CC BY-SA 4.0<\/figcaption><\/figure>\n<!-- \/wp:image -->\n\n<!-- wp:heading {\"level\":3} -->\n<h3 class=\"wp-block-heading\"><span class=\"ez-toc-section\" id=\"33_Claudius_Therme_Koln\"><\/span>33. Claudius Therme (K\u00f6ln)<span class=\"ez-toc-section-end\"><\/span><\/h3>\n<!-- \/wp:heading -->\n\n<!-- wp:paragraph -->\n<p>S\u00f6ker du ett bad med den allra b\u00e4sta adressen? Den h\u00e4r anl\u00e4ggningen ligger direkt i K\u00f6lns Rheinpark p\u00e5 Rhens h\u00f6gra strand och erbjuder en <strong>fantastisk utsikt \u00f6ver den ber\u00f6mda K\u00f6lnkatedralen<\/strong>. De lokala bass\u00e4ngerna f\u00f6rs\u00f6rjs av en h\u00f6gkvalitativ, statligt erk\u00e4nd naturlig termal mineralk\u00e4lla som garanterar perfekt avslappning f\u00f6r kropp och sj\u00e4l.<\/p>\n<!-- \/wp:paragraph -->\n\n<!-- wp:paragraph -->\n<p>H\u00e4r v\u00e4ntar bes\u00f6karna en enorm vattenv\u00e4rld best\u00e5ende av <strong>totalt 12 olika bass\u00e4nger<\/strong>. Om du f\u00f6redrar rej\u00e4l v\u00e4rme gl\u00e4djer utbudet av 8 bastur och 3 \u00e5ngbad dig garanterat. Enligt den aktuella prislistan f\u00f6r 2026 betalar du f\u00f6r tv\u00e5 timmars bad fr\u00e5n 19,50 till 22,50 euro. Varianten med bastu kostar 27,50 till 30,50 euro och en <strong>heldagsentr\u00e9 kostar 36,50 till 47,50 euro<\/strong>.<\/p>\n<!-- \/wp:paragraph -->\n\n<!-- wp:paragraph -->\n<p>Anl\u00e4ggningen t\u00e4nker \u00e4ven p\u00e5 bilister, s\u00e5 en heldagsavgift f\u00f6r <strong>parkering kostar behagliga 3 euro<\/strong>. Vad g\u00e4ller \u00e5ldersgr\u00e4nser \u00e4r intr\u00e4de till\u00e5tet bara f\u00f6r barn fr\u00e5n 6 \u00e5r. Ungdomar under 16 \u00e5r kan sedan bes\u00f6ka anl\u00e4ggningen bara i s\u00e4llskap med en vuxen. <strong>\ud83d\udca1 Tips:<\/strong> F\u00f6rs\u00f6k planera bes\u00f6ket till sen eftermiddag \u2013 anblicken av den upplysta katedralen fr\u00e5n utomhustermalbass\u00e4ngen \u00e4r of\u00f6rgl\u00f6mlig.<\/p>\n<!-- \/wp:paragraph -->\n\n<!-- wp:image {\"id\":415356,\"sizeSlug\":\"full\",\"linkDestination\":\"none\"} -->\n<figure class=\"wp-block-image size-full\"><img decoding=\"async\" width=\"1800\" height=\"1200\" src=\"https:\/\/loudavymkrokem.cz\/wp-content\/uploads\/2026\/09\/nemecko-clanky-termaly-nemecko-41-eecaebfa-1.jpg\" alt=\"Taunus-Therme i Bad Homburg\" class=\"wp-image-415356\" title=\"\" srcset=\"https:\/\/loudavymkrokem.cz\/wp-content\/uploads\/2026\/09\/nemecko-clanky-termaly-nemecko-41-eecaebfa-1.jpg 1800w, https:\/\/loudavymkrokem.cz\/wp-content\/uploads\/2026\/09\/nemecko-clanky-termaly-nemecko-41-eecaebfa-1-300x200.jpg 300w, https:\/\/loudavymkrokem.cz\/wp-content\/uploads\/2026\/09\/nemecko-clanky-termaly-nemecko-41-eecaebfa-1-700x467.jpg 700w, https:\/\/loudavymkrokem.cz\/wp-content\/uploads\/2026\/09\/nemecko-clanky-termaly-nemecko-41-eecaebfa-1-768x512.jpg 768w, https:\/\/loudavymkrokem.cz\/wp-content\/uploads\/2026\/09\/nemecko-clanky-termaly-nemecko-41-eecaebfa-1-1536x1024.jpg 1536w, https:\/\/loudavymkrokem.cz\/wp-content\/uploads\/2026\/09\/nemecko-clanky-termaly-nemecko-41-eecaebfa-1-696x464.jpg 696w, https:\/\/loudavymkrokem.cz\/wp-content\/uploads\/2026\/09\/nemecko-clanky-termaly-nemecko-41-eecaebfa-1-1392x928.jpg 1392w\" sizes=\"(max-width: 1800px) 100vw, 1800px\" \/><\/figure>\n<!-- \/wp:image -->\n\n<!-- wp:heading -->\n<h2 class=\"wp-block-heading\"><span class=\"ez-toc-section\" id=\"Termalbad_i_Hessen\"><\/span>Termalbad i Hessen<span class=\"ez-toc-section-end\"><\/span><\/h2>\n<!-- \/wp:heading -->\n\n<!-- wp:paragraph -->\n<p>Om du s\u00f6ker en plats d\u00e4r djup historia m\u00f6ter verklig vila kommer f\u00f6rbundslandet Hessen garanterat att h\u00e4nf\u00f6ra dig. H\u00e4r hittar du ber\u00f6mda kurorter som Wiesbaden eller Bad Homburg, som stoltserar med rik tradition och n\u00e5gra av de <strong>varmaste k\u00e4llorna i hela Tyskland<\/strong>. Det \u00e4r ett idealiskt m\u00e5l f\u00f6r en l\u00e5nghelg, f\u00f6r du tar dig hit relativt enkelt fr\u00e5n Sverige, s\u00e4rskilt om du k\u00f6r mot Frankfurt.<\/p>\n<!-- \/wp:paragraph -->\n\n<!-- wp:paragraph -->\n<p>Hessens bad har en st\u00e4mning som ofta p\u00e5minner om gamla antika tempel eller lyxiga palats. Oavsett om du l\u00e4ngtar efter tyst kontemplation i historiska kulisser eller f\u00f6redrar moderna basturitualer f\u00e5r du sitt lystm\u00e4te h\u00e4r. L\u00e5t oss titta p\u00e5 de mest intressanta anl\u00e4ggningarna som du absolut inte b\u00f6r missa vid planeringen av resan.<\/p>\n<!-- \/wp:paragraph -->\n\n<!-- wp:image {\"id\":415359,\"sizeSlug\":\"full\",\"linkDestination\":\"none\"} -->\n<figure class=\"wp-block-image size-full\"><img decoding=\"async\" width=\"1800\" height=\"1347\" src=\"https:\/\/loudavymkrokem.cz\/wp-content\/uploads\/2026\/09\/nemecko-clanky-termaly-nemecko-42-4670ad94-1.jpg\" alt=\"Taunus-Therme (Bad Homburg): entr\u00e9 till termalbadet med g\u00e5ngbro\" class=\"wp-image-415359\" title=\"\" srcset=\"https:\/\/loudavymkrokem.cz\/wp-content\/uploads\/2026\/09\/nemecko-clanky-termaly-nemecko-42-4670ad94-1.jpg 1800w, https:\/\/loudavymkrokem.cz\/wp-content\/uploads\/2026\/09\/nemecko-clanky-termaly-nemecko-42-4670ad94-1-300x225.jpg 300w, https:\/\/loudavymkrokem.cz\/wp-content\/uploads\/2026\/09\/nemecko-clanky-termaly-nemecko-42-4670ad94-1-700x524.jpg 700w, https:\/\/loudavymkrokem.cz\/wp-content\/uploads\/2026\/09\/nemecko-clanky-termaly-nemecko-42-4670ad94-1-768x575.jpg 768w, https:\/\/loudavymkrokem.cz\/wp-content\/uploads\/2026\/09\/nemecko-clanky-termaly-nemecko-42-4670ad94-1-1536x1149.jpg 1536w, https:\/\/loudavymkrokem.cz\/wp-content\/uploads\/2026\/09\/nemecko-clanky-termaly-nemecko-42-4670ad94-1-80x60.jpg 80w, https:\/\/loudavymkrokem.cz\/wp-content\/uploads\/2026\/09\/nemecko-clanky-termaly-nemecko-42-4670ad94-1-160x120.jpg 160w, https:\/\/loudavymkrokem.cz\/wp-content\/uploads\/2026\/09\/nemecko-clanky-termaly-nemecko-42-4670ad94-1-696x521.jpg 696w, https:\/\/loudavymkrokem.cz\/wp-content\/uploads\/2026\/09\/nemecko-clanky-termaly-nemecko-42-4670ad94-1-1392x1042.jpg 1392w\" sizes=\"(max-width: 1800px) 100vw, 1800px\" \/><figcaption class=\"wp-element-caption\">Foto: Karsten11 \/ Wikimedia Commons, Public domain<\/figcaption><\/figure>\n<!-- \/wp:image -->\n\n<!-- wp:heading {\"level\":3} -->\n<h3 class=\"wp-block-heading\"><span class=\"ez-toc-section\" id=\"34_Taunus-Therme_Bad_Homburg\"><\/span>34. Taunus-Therme (Bad Homburg)<span class=\"ez-toc-section-end\"><\/span><\/h3>\n<!-- \/wp:heading -->\n\n<!-- wp:paragraph -->\n<p>Anl\u00e4ggningen Taunus-Therme i staden Bad Homburg \u00e4r exceptionell framf\u00f6r allt tack vare sitt enorma utrymme, f\u00f6r den erbjuder <strong>1 200 kvadratmeter inomhus- och utomhusytor<\/strong> f\u00f6r perfekt avkoppling. Vattnet till bass\u00e4ngerna kommer fr\u00e5n den lokala k\u00e4llan Viktoria-Louise-Quelle, som ursprungligen har en temperatur p\u00e5 22,4 \u00b0C men v\u00e4rms upp f\u00f6r din maximala komfort till <strong>behagliga 34,5 \u00b0C<\/strong>.<\/p>\n<!-- \/wp:paragraph -->\n\n<!-- wp:paragraph -->\n<p>Du kan se fram emot m\u00e5nga vr\u00e5r med termalvatten d\u00e4r ett lugn v\u00e4ntar dig. Om du \u00e4lskar bubblor gl\u00e4djer dig hela <strong>fyra heta bubbelpooler med en temperatur p\u00e5 37 \u00b0C<\/strong>, som perfekt l\u00f6ser upp tr\u00f6tta muskler. Svettnings\u00e4lskare uppskattar sedan den rika bastudelen, d\u00e4r du hittar totalt \u00e5tta tematiska bastur med temperaturer fr\u00e5n 45 \u00b0C till 100 \u00b0C.<\/p>\n<!-- \/wp:paragraph -->\n\n<!-- wp:paragraph -->\n<p>Tv\u00e5 av dessa \u00e5tta bastur \u00e4r <strong>exklusivt reserverade bara f\u00f6r damer<\/strong>, vilket \u00e4r utm\u00e4rkta nyheter f\u00f6r alla kvinnor som s\u00f6ker mer avskildhet. Anl\u00e4ggningen passar \u00f6verlag snarare vuxna bes\u00f6kare som s\u00f6ker lugn och tyst vila. <strong>\ud83d\udca1 Tips:<\/strong> \u00c4ven om du inte hittar vilda vattenrutschbanor h\u00e4r garanterar den enorma ytan att du inte tr\u00e4ngs med andra och alltid hittar din tysta vr\u00e5.<\/p>\n<!-- \/wp:paragraph -->\n\n<!-- wp:image {\"id\":415361,\"sizeSlug\":\"full\",\"linkDestination\":\"none\"} -->\n<figure class=\"wp-block-image size-full\"><img decoding=\"async\" width=\"1800\" height=\"1350\" src=\"https:\/\/loudavymkrokem.cz\/wp-content\/uploads\/2026\/09\/nemecko-clanky-termaly-nemecko-43-b17240b7-1.jpg\" alt=\"KurhessenTherme (Kassel)\" class=\"wp-image-415361\" title=\"\" srcset=\"https:\/\/loudavymkrokem.cz\/wp-content\/uploads\/2026\/09\/nemecko-clanky-termaly-nemecko-43-b17240b7-1.jpg 1800w, https:\/\/loudavymkrokem.cz\/wp-content\/uploads\/2026\/09\/nemecko-clanky-termaly-nemecko-43-b17240b7-1-300x225.jpg 300w, https:\/\/loudavymkrokem.cz\/wp-content\/uploads\/2026\/09\/nemecko-clanky-termaly-nemecko-43-b17240b7-1-700x525.jpg 700w, https:\/\/loudavymkrokem.cz\/wp-content\/uploads\/2026\/09\/nemecko-clanky-termaly-nemecko-43-b17240b7-1-768x576.jpg 768w, https:\/\/loudavymkrokem.cz\/wp-content\/uploads\/2026\/09\/nemecko-clanky-termaly-nemecko-43-b17240b7-1-1536x1152.jpg 1536w, https:\/\/loudavymkrokem.cz\/wp-content\/uploads\/2026\/09\/nemecko-clanky-termaly-nemecko-43-b17240b7-1-80x60.jpg 80w, https:\/\/loudavymkrokem.cz\/wp-content\/uploads\/2026\/09\/nemecko-clanky-termaly-nemecko-43-b17240b7-1-160x120.jpg 160w, https:\/\/loudavymkrokem.cz\/wp-content\/uploads\/2026\/09\/nemecko-clanky-termaly-nemecko-43-b17240b7-1-696x522.jpg 696w, https:\/\/loudavymkrokem.cz\/wp-content\/uploads\/2026\/09\/nemecko-clanky-termaly-nemecko-43-b17240b7-1-1392x1044.jpg 1392w\" sizes=\"(max-width: 1800px) 100vw, 1800px\" \/><figcaption class=\"wp-element-caption\">Foto: Pedelecs \/ Wikimedia Commons, CC BY-SA 3.0<\/figcaption><\/figure>\n<!-- \/wp:image -->\n\n<!-- wp:heading {\"level\":3} -->\n<h3 class=\"wp-block-heading\"><span class=\"ez-toc-section\" id=\"35_KurhessenTherme_Kassel\"><\/span>35. KurhessenTherme (Kassel)<span class=\"ez-toc-section-end\"><\/span><\/h3>\n<!-- \/wp:heading -->\n\n<!-- wp:paragraph -->\n<p>Om du styr mot staden Kassel, hoppa inte \u00f6ver anl\u00e4ggningen KurhessenTherme, som \u00f6verraskar dig med en unik <strong>bastusj\u00f6 p\u00e5 200 kvadratmeter<\/strong>. Denna sj\u00f6 har en uppfriskande temperatur p\u00e5 mellan 19 och 21 \u00b0C och \u00e4r inb\u00e4ddad i en s\u00e5 kallad Paradistr\u00e4dg\u00e5rd. Den erbjuder \u00f6ver <strong>400 kvadratmeter f\u00f6r avkoppling utan baddr\u00e4kt<\/strong>, vilket gl\u00e4djer alla naturistv\u00e4nner.<\/p>\n<!-- \/wp:paragraph -->\n\n<!-- wp:paragraph -->\n<p>Bastuv\u00e4rlden \u00e4r gener\u00f6s h\u00e4r, du hittar totalt \u00e5tta olika v\u00e4rmestugor. Nyb\u00f6rjare kan prova den milda ljusbastun med saltkristaller och en temperatur p\u00e5 45 \u00b0C, eller bastun med 55 \u00b0C som \u00e4r utm\u00e4rkt f\u00f6r andningsv\u00e4garna. Erfarna bastubadare styr d\u00e4remot mot <strong>bastun med heta stenar uppv\u00e4rmd till 100 \u00b0C<\/strong>. Kvinnor har \u00e4ven tillg\u00e5ng till en egen orientalisk dambastu.<\/p>\n<!-- \/wp:paragraph -->\n\n<!-- wp:paragraph -->\n<p>Enligt prislistan f\u00f6r 2026 betalar du f\u00f6r en tv\u00e5timmarsentr\u00e9 till termalbaden och bastun <strong>fr\u00e5n 23 till 24,50 euro<\/strong>, en heldagsbiljett kostar sedan 26,50 till 28 euro beroende p\u00e5 veckodag. F\u00f6r varje p\u00e5b\u00f6rjade femton minuter extra betalar du 1,50 euro. <strong>\ud83d\udca1 Tips:<\/strong> Om du blir hungrig efter badet erbjuder den lokala restaurangen utm\u00e4rkt k\u00f6ttfri gnocchi eller spagetti med gr\u00f6n pesto och grillade gr\u00f6nsaker f\u00f6r 11,50 euro.<\/p>\n<!-- \/wp:paragraph -->\n\n<!-- wp:image {\"id\":415363,\"sizeSlug\":\"full\",\"linkDestination\":\"none\"} -->\n<figure class=\"wp-block-image size-full\"><img decoding=\"async\" width=\"1800\" height=\"1800\" src=\"https:\/\/loudavymkrokem.cz\/wp-content\/uploads\/2026\/09\/nemecko-clanky-termaly-nemecko-44-2d6e2fb5-1.jpg\" alt=\"Odenwald-Therme (Bad K\u00f6nig): bastudel\" class=\"wp-image-415363\" title=\"\" srcset=\"https:\/\/loudavymkrokem.cz\/wp-content\/uploads\/2026\/09\/nemecko-clanky-termaly-nemecko-44-2d6e2fb5-1.jpg 1800w, https:\/\/loudavymkrokem.cz\/wp-content\/uploads\/2026\/09\/nemecko-clanky-termaly-nemecko-44-2d6e2fb5-1-300x300.jpg 300w, https:\/\/loudavymkrokem.cz\/wp-content\/uploads\/2026\/09\/nemecko-clanky-termaly-nemecko-44-2d6e2fb5-1-700x700.jpg 700w, https:\/\/loudavymkrokem.cz\/wp-content\/uploads\/2026\/09\/nemecko-clanky-termaly-nemecko-44-2d6e2fb5-1-150x150.jpg 150w, https:\/\/loudavymkrokem.cz\/wp-content\/uploads\/2026\/09\/nemecko-clanky-termaly-nemecko-44-2d6e2fb5-1-768x768.jpg 768w, https:\/\/loudavymkrokem.cz\/wp-content\/uploads\/2026\/09\/nemecko-clanky-termaly-nemecko-44-2d6e2fb5-1-1536x1536.jpg 1536w, https:\/\/loudavymkrokem.cz\/wp-content\/uploads\/2026\/09\/nemecko-clanky-termaly-nemecko-44-2d6e2fb5-1-696x696.jpg 696w, https:\/\/loudavymkrokem.cz\/wp-content\/uploads\/2026\/09\/nemecko-clanky-termaly-nemecko-44-2d6e2fb5-1-1392x1392.jpg 1392w\" sizes=\"(max-width: 1800px) 100vw, 1800px\" \/><\/figure>\n<!-- \/wp:image -->\n\n<!-- wp:heading {\"level\":3} -->\n<h3 class=\"wp-block-heading\"><span class=\"ez-toc-section\" id=\"36_Odenwald-Therme_Bad_Konig\"><\/span>36. Odenwald-Therme (Bad K\u00f6nig)<span class=\"ez-toc-section-end\"><\/span><\/h3>\n<!-- \/wp:heading -->\n\n<!-- wp:paragraph -->\n<p>I pittoreska lilla Bad K\u00f6nig ligger Odenwald-Therme, d\u00e4r du p\u00e5 en yta av <strong>\u00f6ver 1 300 kvadratmeter<\/strong> hittar en mycket trevlig bastuv\u00e4rld och termalbass\u00e4nger. Den h\u00e4r anl\u00e4ggningen \u00e4r ett utm\u00e4rkt val f\u00f6r dig som s\u00f6ker en intimare och lugnare st\u00e4mning utan enorma folkmassor, och uppskattar en <strong>stor utomhusbass\u00e4ng<\/strong> f\u00f6r simning i frisk luft.<\/p>\n<!-- \/wp:paragraph -->\n\n<!-- wp:paragraph -->\n<p>Inuti v\u00e4ntar fyra olika tempererade bastur. Varmast \u00e4r <strong>Odenwald-Sauna med 90 \u00b0C<\/strong>, d\u00e4r de popul\u00e4ra bastuceremonierna, s\u00e5 kallade Aufg\u00fcsse, regelbundet \u00e4ger rum. F\u00f6rutom den kan du v\u00e4rma kroppen i f\u00e5gelbastun med 80 \u00b0C, det milda sanariumet uppv\u00e4rmt till 60 \u00b0C eller i \u00e5ng- och aromabadet som h\u00e5ller mysiga 40 \u00b0C. Vila kan du sedan i s\u00e4rskilda avkopplingsrum eller unna dig en kroppspeeling.<\/p>\n<!-- \/wp:paragraph -->\n\n<!-- wp:paragraph -->\n<p>Grundbiljetten till b\u00e5de termalbad och bastu kostar enligt prislistan f\u00f6r 2026 <strong>22,50 euro<\/strong>, medan en heldagsbiljett kostar 28,50 euro. Anl\u00e4ggningen \u00e4r idealisk f\u00f6r par och vuxna som vill koppla av i lugn och ro. <strong>\ud83d\udca1 Tips:<\/strong> Om du p\u00e5 den lokala restaurangen \u00e4ter en varm r\u00e4tt f\u00f6r minst 4,90 euro f\u00e5r du automatiskt en timme extra till din entr\u00e9 helt gratis.<\/p>\n<!-- \/wp:paragraph -->\n\n<!-- wp:image {\"id\":415508,\"sizeSlug\":\"full\",\"linkDestination\":\"none\"} -->\n<figure class=\"wp-block-image size-full\"><img decoding=\"async\" width=\"1800\" height=\"1200\" src=\"https:\/\/loudavymkrokem.cz\/wp-content\/uploads\/2026\/09\/nemecko-clanky-termaly-nemecko-45-cfe756aa.jpg\" alt=\"Byggnaden Thermalbad Aukammtal i Wiesbadens park\" class=\"wp-image-415508\" title=\"\" srcset=\"https:\/\/loudavymkrokem.cz\/wp-content\/uploads\/2026\/09\/nemecko-clanky-termaly-nemecko-45-cfe756aa.jpg 1800w, https:\/\/loudavymkrokem.cz\/wp-content\/uploads\/2026\/09\/nemecko-clanky-termaly-nemecko-45-cfe756aa-300x200.jpg 300w, https:\/\/loudavymkrokem.cz\/wp-content\/uploads\/2026\/09\/nemecko-clanky-termaly-nemecko-45-cfe756aa-700x467.jpg 700w, https:\/\/loudavymkrokem.cz\/wp-content\/uploads\/2026\/09\/nemecko-clanky-termaly-nemecko-45-cfe756aa-768x512.jpg 768w, https:\/\/loudavymkrokem.cz\/wp-content\/uploads\/2026\/09\/nemecko-clanky-termaly-nemecko-45-cfe756aa-1536x1024.jpg 1536w, https:\/\/loudavymkrokem.cz\/wp-content\/uploads\/2026\/09\/nemecko-clanky-termaly-nemecko-45-cfe756aa-696x464.jpg 696w, https:\/\/loudavymkrokem.cz\/wp-content\/uploads\/2026\/09\/nemecko-clanky-termaly-nemecko-45-cfe756aa-1392x928.jpg 1392w\" sizes=\"(max-width: 1800px) 100vw, 1800px\" \/><figcaption class=\"wp-element-caption\">Foto: Renate007 \/ Wikimedia Commons, CC BY-SA 4.0<\/figcaption><\/figure>\n<!-- \/wp:image -->\n\n<!-- wp:heading {\"level\":3} -->\n<h3 class=\"wp-block-heading\"><span class=\"ez-toc-section\" id=\"37_Thermalbad_Aukammtal_Wiesbaden\"><\/span>37. Thermalbad Aukammtal (Wiesbaden)<span class=\"ez-toc-section-end\"><\/span><\/h3>\n<!-- \/wp:heading -->\n\n<!-- wp:paragraph -->\n<p>Staden Wiesbaden \u00e4r en kurbadsp\u00e4rla och Thermalbad Aukammtal \u00e4r ett av sk\u00e4len att \u00e5ka hit. Anl\u00e4ggningen ligger i vacker milj\u00f6 i en stadspark och dess st\u00f6rsta dragpl\u00e5ster \u00e4r <strong>vatten med mycket h\u00f6g salthalt<\/strong>. Det rekommenderas traditionellt vid ortopediska och reumatiska besv\u00e4r, s\u00e5 om du pl\u00e5gas av leder eller rygg g\u00f6r den h\u00e4r platsen dig gott.<\/p>\n<!-- \/wp:paragraph -->\n\n<!-- wp:paragraph -->\n<p>Det lokala termalvattnet h\u00e5ller <strong>mycket behagliga 32 \u00b0C<\/strong> och du kan njuta av det b\u00e5de i inomhusbass\u00e4ngen p\u00e5 435 kvadratmeter och i en lika stor utomhusbass\u00e4ng som m\u00e4ter ungef\u00e4r 450 kvadratmeter. F\u00f6r bastufans finns faciliteter med skild utrustning, d\u00e4r fyra inomhusbastur och tre utomhusbastur g\u00f6mmer sig.<\/p>\n<!-- \/wp:paragraph -->\n\n<!-- wp:paragraph -->\n<p>Termalbaden \u00e4r \u00f6ppna \u00e5ret runt, men \u00f6ppettiderna \u00e4ndras n\u00e5got beroende p\u00e5 s\u00e4song. Fr\u00e5n b\u00f6rjan av oktober till slutet av april kan du \u00e5ka hit varje dag fr\u00e5n nio p\u00e5 morgonen till tio p\u00e5 kv\u00e4llen, och p\u00e5 fredag och l\u00f6rdag \u00e4r det <strong>\u00f6ppet \u00e4nda till elva p\u00e5 kv\u00e4llen<\/strong>. P\u00e5 sommars\u00e4songen st\u00e4ngs det alltid klockan 22. <strong>\ud83d\udca1 Tips:<\/strong> Tack vare l\u00e4get direkt i parken i dalen Aukammtal rekommenderar jag att kombinera bes\u00f6ket i bass\u00e4ngerna med en l\u00e5ng eftermiddagspromenad i den omgivande gr\u00f6nskan.<\/p>\n<!-- \/wp:paragraph -->\n\n<!-- wp:image {\"id\":415512,\"sizeSlug\":\"full\",\"linkDestination\":\"none\"} -->\n<figure class=\"wp-block-image size-full\"><img decoding=\"async\" width=\"1800\" height=\"1350\" src=\"https:\/\/loudavymkrokem.cz\/wp-content\/uploads\/2026\/09\/nemecko-clanky-termaly-nemecko-46-fef6372e.jpg\" alt=\"Historisk foaj\u00e9 p\u00e5 Kaiser-Friedrich-Therme i Wiesbaden\" class=\"wp-image-415512\" title=\"\" srcset=\"https:\/\/loudavymkrokem.cz\/wp-content\/uploads\/2026\/09\/nemecko-clanky-termaly-nemecko-46-fef6372e.jpg 1800w, https:\/\/loudavymkrokem.cz\/wp-content\/uploads\/2026\/09\/nemecko-clanky-termaly-nemecko-46-fef6372e-300x225.jpg 300w, https:\/\/loudavymkrokem.cz\/wp-content\/uploads\/2026\/09\/nemecko-clanky-termaly-nemecko-46-fef6372e-700x525.jpg 700w, https:\/\/loudavymkrokem.cz\/wp-content\/uploads\/2026\/09\/nemecko-clanky-termaly-nemecko-46-fef6372e-768x576.jpg 768w, https:\/\/loudavymkrokem.cz\/wp-content\/uploads\/2026\/09\/nemecko-clanky-termaly-nemecko-46-fef6372e-1536x1152.jpg 1536w, https:\/\/loudavymkrokem.cz\/wp-content\/uploads\/2026\/09\/nemecko-clanky-termaly-nemecko-46-fef6372e-80x60.jpg 80w, https:\/\/loudavymkrokem.cz\/wp-content\/uploads\/2026\/09\/nemecko-clanky-termaly-nemecko-46-fef6372e-160x120.jpg 160w, https:\/\/loudavymkrokem.cz\/wp-content\/uploads\/2026\/09\/nemecko-clanky-termaly-nemecko-46-fef6372e-696x522.jpg 696w, https:\/\/loudavymkrokem.cz\/wp-content\/uploads\/2026\/09\/nemecko-clanky-termaly-nemecko-46-fef6372e-1392x1044.jpg 1392w\" sizes=\"(max-width: 1800px) 100vw, 1800px\" \/><figcaption class=\"wp-element-caption\">Foto: WiesbAdler \/ Wikimedia Commons, Public domain<\/figcaption><\/figure>\n<!-- \/wp:image -->\n\n<!-- wp:heading {\"level\":3} -->\n<h3 class=\"wp-block-heading\"><span class=\"ez-toc-section\" id=\"38_Kaiser-Friedrich-Therme_Wiesbaden\"><\/span>38. Kaiser-Friedrich-Therme (Wiesbaden)<span class=\"ez-toc-section-end\"><\/span><\/h3>\n<!-- \/wp:heading -->\n\n<!-- wp:paragraph -->\n<p>Vi stannar i Wiesbaden men flyttar oss till den unika historiska byggnaden Kaiser-Friedrich-Therme. Det h\u00e4r badet byggdes mellan 1910 och 1913 efter ett f\u00f6rslag av arkitekten August O. Pauly och <strong>har en stark pr\u00e4gel av jugend<\/strong>. Redan vid intr\u00e4det sl\u00e5r gamla tiders st\u00e4mning emot dig och du k\u00e4nner dig som en riktig adelsperson p\u00e5 vila.<\/p>\n<!-- \/wp:paragraph -->\n\n<!-- wp:paragraph -->\n<p>Det lokala termalvattnet \u00e4r hett och rinner ur k\u00e4llan <strong>med en temperatur p\u00e5 64,6 \u00b0C<\/strong> innan det kyls f\u00f6r badens behov. Hj\u00e4rtat i hela anl\u00e4ggningen \u00e4r ett vackert irisk-romerskt bad med ursprungliga mosaikbekl\u00e4dnader, som genomgick en k\u00e4nslig renovering 1999. I dag hittar du h\u00e4r ett varierat bastulandskap p\u00e5 en yta av 1 450 kvadratmeter.<\/p>\n<!-- \/wp:paragraph -->\n\n<!-- wp:paragraph -->\n<p>Du kan se fram emot en klassisk finsk bastu, tepidarium, sudatorium, sanarium, men \u00e4ven p\u00e5 ett <strong>ryskt \u00e5ngbad eller ett s\u00e4rskilt sten\u00e5ngbad<\/strong>. Anl\u00e4ggningen \u00e4r utformad som ett historiskt bad, s\u00e5 hit g\u00e5r man fr\u00e4mst f\u00f6r tyst avkoppling, och f\u00f6r familjer med sm\u00e5 barn \u00e4r det inte riktigt det ideala valet. <strong>\ud83d\udca1 Tips:<\/strong> Missa inte den detaljerade anblicken av de vackra historiska mosaikerna i den irisk-romerska delen, som h\u00f6r till de vackraste arkitektoniska inslagen i hela Hessen.<\/p>\n<!-- \/wp:paragraph -->\n\n<!-- wp:image {\"id\":415371,\"sizeSlug\":\"full\",\"linkDestination\":\"none\"} -->\n<figure class=\"wp-block-image size-full\"><img decoding=\"async\" width=\"1800\" height=\"1012\" src=\"https:\/\/loudavymkrokem.cz\/wp-content\/uploads\/2026\/09\/nemecko-clanky-termaly-nemecko-47-57afd95a-1.jpg\" alt=\"Termalbadet Spreewald Therme i Burg vid solnedg\u00e5ng\" class=\"wp-image-415371\" title=\"\" srcset=\"https:\/\/loudavymkrokem.cz\/wp-content\/uploads\/2026\/09\/nemecko-clanky-termaly-nemecko-47-57afd95a-1.jpg 1800w, https:\/\/loudavymkrokem.cz\/wp-content\/uploads\/2026\/09\/nemecko-clanky-termaly-nemecko-47-57afd95a-1-300x169.jpg 300w, https:\/\/loudavymkrokem.cz\/wp-content\/uploads\/2026\/09\/nemecko-clanky-termaly-nemecko-47-57afd95a-1-700x394.jpg 700w, https:\/\/loudavymkrokem.cz\/wp-content\/uploads\/2026\/09\/nemecko-clanky-termaly-nemecko-47-57afd95a-1-768x432.jpg 768w, https:\/\/loudavymkrokem.cz\/wp-content\/uploads\/2026\/09\/nemecko-clanky-termaly-nemecko-47-57afd95a-1-1536x864.jpg 1536w, https:\/\/loudavymkrokem.cz\/wp-content\/uploads\/2026\/09\/nemecko-clanky-termaly-nemecko-47-57afd95a-1-696x391.jpg 696w, https:\/\/loudavymkrokem.cz\/wp-content\/uploads\/2026\/09\/nemecko-clanky-termaly-nemecko-47-57afd95a-1-1392x783.jpg 1392w\" sizes=\"(max-width: 1800px) 100vw, 1800px\" \/><\/figure>\n<!-- \/wp:image -->\n\n<!-- wp:heading -->\n<h2 class=\"wp-block-heading\"><span class=\"ez-toc-section\" id=\"Termalbad_i_Brandenburg_och_Berlin\"><\/span>Termalbad i Brandenburg och Berlin<span class=\"ez-toc-section-end\"><\/span><\/h2>\n<!-- \/wp:heading -->\n\n<!-- wp:paragraph -->\n<p>Om du planerar en l\u00e5nghelg till den tyska huvudstaden vore det synd att inte stanna p\u00e5 n\u00e5got av de lokala wellnesskomplexen. Trakten kring Berlin och grannlandet Brandenburg g\u00f6mmer n\u00e4mligen verkliga p\u00e4rlor som g\u00f6r din stadssemester till en perfekt avkopplingsupplevelse. Ett popul\u00e4rt spa berlin, som balinesiska vabali spa, ligger direkt i storstadens hj\u00e4rta.<\/p>\n<!-- \/wp:paragraph -->\n\n<!-- wp:paragraph -->\n<p>Du kan se fram emot en enorm m\u00e5ngfald och vackra anl\u00e4ggningar. H\u00e4r hittar du hyllade Spreewald med sin l\u00e4kande saltl\u00f6sning, det vackra Havel Therme som ligger direkt vid en sj\u00f6 eller det ber\u00f6mda berlinska vabali spa, som \u00e4r en enorm balinesisk bastuv\u00e4rld mitt i huvudstaden. De lokala termalbaden passar utm\u00e4rkt b\u00e5de f\u00f6r en romantisk flykt f\u00f6r tv\u00e5 och f\u00f6r familjer med barn som s\u00f6ker lite v\u00e4lf\u00f6rtj\u00e4nt vila efter en hel dags springande bland sev\u00e4rdheter.<\/p>\n<!-- \/wp:paragraph -->\n\n<!-- wp:image {\"id\":415374,\"sizeSlug\":\"full\",\"linkDestination\":\"none\"} -->\n<figure class=\"wp-block-image size-full\"><img decoding=\"async\" width=\"1800\" height=\"1200\" src=\"https:\/\/loudavymkrokem.cz\/wp-content\/uploads\/2026\/09\/nemecko-clanky-termaly-nemecko-48-a26adcb0-1.jpg\" alt=\"Havel Therme (Werder an der Havel)\" class=\"wp-image-415374\" title=\"\" srcset=\"https:\/\/loudavymkrokem.cz\/wp-content\/uploads\/2026\/09\/nemecko-clanky-termaly-nemecko-48-a26adcb0-1.jpg 1800w, https:\/\/loudavymkrokem.cz\/wp-content\/uploads\/2026\/09\/nemecko-clanky-termaly-nemecko-48-a26adcb0-1-300x200.jpg 300w, https:\/\/loudavymkrokem.cz\/wp-content\/uploads\/2026\/09\/nemecko-clanky-termaly-nemecko-48-a26adcb0-1-700x467.jpg 700w, https:\/\/loudavymkrokem.cz\/wp-content\/uploads\/2026\/09\/nemecko-clanky-termaly-nemecko-48-a26adcb0-1-768x512.jpg 768w, https:\/\/loudavymkrokem.cz\/wp-content\/uploads\/2026\/09\/nemecko-clanky-termaly-nemecko-48-a26adcb0-1-1536x1024.jpg 1536w, https:\/\/loudavymkrokem.cz\/wp-content\/uploads\/2026\/09\/nemecko-clanky-termaly-nemecko-48-a26adcb0-1-696x464.jpg 696w, https:\/\/loudavymkrokem.cz\/wp-content\/uploads\/2026\/09\/nemecko-clanky-termaly-nemecko-48-a26adcb0-1-1392x928.jpg 1392w\" sizes=\"(max-width: 1800px) 100vw, 1800px\" \/><\/figure>\n<!-- \/wp:image -->\n\n<!-- wp:heading {\"level\":3} -->\n<h3 class=\"wp-block-heading\"><span class=\"ez-toc-section\" id=\"39_Havel_Therme_Werder_an_der_Havel\"><\/span>39. Havel Therme (Werder an der Havel)<span class=\"ez-toc-section-end\"><\/span><\/h3>\n<!-- \/wp:heading -->\n\n<!-- wp:paragraph -->\n<p>Precis utanf\u00f6r Berlins gr\u00e4nser i lilla Werder ligger <strong>Havel Therme<\/strong> som h\u00e4nf\u00f6r dig med sitt vackra l\u00e4ge. Det fr\u00e4msta dragpl\u00e5stret \u00e4r en <strong>inomhusbass\u00e4ng med poolbar och en temperatur p\u00e5 36 \u00b0C<\/strong>, d\u00e4r du kan njuta av en drink direkt i vattnet. Hela anl\u00e4ggningen \u00e4r utformad i en vacker medelhavsstil och det \u00e4r fr\u00e4mst vuxna bes\u00f6kare som s\u00f6ker lugn och avkoppling efter en jobbig dag som f\u00e5r sitt lystm\u00e4te h\u00e4r.<\/p>\n<!-- \/wp:paragraph -->\n\n<!-- wp:paragraph -->\n<p>De lokala bass\u00e4ngerna erbjuder gott om plats f\u00f6r vila b\u00e5de ute och inne. I alla v\u00e4der kan du s\u00e4nka dig ner i den stora <strong>utomhustermalbass\u00e4ngen p\u00e5 235 m\u00b2 med en temperatur p\u00e5 34 \u00b0C<\/strong>. Om du \u00e4lskar v\u00e4rme, hoppa inte \u00f6ver \u00e5ngbaden d\u00e4r behagliga 45 \u00b0C v\u00e4ntar dig, eller det s\u00e4rskilda badet med en temperatur p\u00e5 43 \u00b0C avsett f\u00f6r regenererande peelingar och behandlingar med l\u00e4kande lera.<\/p>\n<!-- \/wp:paragraph -->\n\n<!-- wp:paragraph -->\n<p>F\u00f6r bastu\u00e4lskare finns en vidstr\u00e4ckt bastuv\u00e4rld. Mitt i medelhavsbastutr\u00e4dg\u00e5rden hittar du en <strong>panoramautomhusbass\u00e4ng med 34-gradigt vatten<\/strong>, till vilken man dock g\u00e5r strikt utan baddr\u00e4kt. <strong>\ud83d\udca1 Tips:<\/strong> I bastudelen g\u00e4ller en strikt baddr\u00e4ktsfri zon, s\u00e5 gl\u00f6m inte att ta med tillr\u00e4ckligt med handdukar eller en badrock, s\u00e5 att du k\u00e4nner dig bekv\u00e4m n\u00e4r du g\u00e5r mellan de olika behandlingarna.<\/p>\n<!-- \/wp:paragraph -->\n\n<!-- wp:image {\"id\":415377,\"sizeSlug\":\"full\",\"linkDestination\":\"none\"} -->\n<figure class=\"wp-block-image size-full\"><img decoding=\"async\" width=\"1800\" height=\"1199\" src=\"https:\/\/loudavymkrokem.cz\/wp-content\/uploads\/2026\/09\/nemecko-clanky-termaly-nemecko-49-71f9a6ee-1.jpg\" alt=\"Spreewald Therme (Burg)\" class=\"wp-image-415377\" title=\"\" srcset=\"https:\/\/loudavymkrokem.cz\/wp-content\/uploads\/2026\/09\/nemecko-clanky-termaly-nemecko-49-71f9a6ee-1.jpg 1800w, https:\/\/loudavymkrokem.cz\/wp-content\/uploads\/2026\/09\/nemecko-clanky-termaly-nemecko-49-71f9a6ee-1-300x200.jpg 300w, https:\/\/loudavymkrokem.cz\/wp-content\/uploads\/2026\/09\/nemecko-clanky-termaly-nemecko-49-71f9a6ee-1-700x466.jpg 700w, https:\/\/loudavymkrokem.cz\/wp-content\/uploads\/2026\/09\/nemecko-clanky-termaly-nemecko-49-71f9a6ee-1-768x512.jpg 768w, https:\/\/loudavymkrokem.cz\/wp-content\/uploads\/2026\/09\/nemecko-clanky-termaly-nemecko-49-71f9a6ee-1-1536x1023.jpg 1536w, https:\/\/loudavymkrokem.cz\/wp-content\/uploads\/2026\/09\/nemecko-clanky-termaly-nemecko-49-71f9a6ee-1-696x464.jpg 696w, https:\/\/loudavymkrokem.cz\/wp-content\/uploads\/2026\/09\/nemecko-clanky-termaly-nemecko-49-71f9a6ee-1-1392x927.jpg 1392w\" sizes=\"(max-width: 1800px) 100vw, 1800px\" \/><\/figure>\n<!-- \/wp:image -->\n\n<!-- wp:heading {\"level\":3} -->\n<h3 class=\"wp-block-heading\"><span class=\"ez-toc-section\" id=\"40_Spreewald_Therme_Burg\"><\/span>40. Spreewald Therme (Burg)<span class=\"ez-toc-section-end\"><\/span><\/h3>\n<!-- \/wp:heading -->\n\n<!-- wp:paragraph -->\n<p>Om du styr mot det f\u00f6rtrollande omr\u00e5det fullt av vattenkanaler, hoppa inte \u00f6ver <strong>Spreewald Therme<\/strong> i orten Burg. Det h\u00e4r komplexet utm\u00e4rker sig framf\u00f6r allt med <strong>l\u00e4kande termal saltl\u00f6sning<\/strong>, som i olika bass\u00e4nger har en koncentration fr\u00e5n 2,5 % till imponerande 8 %. Det \u00e4r en idealisk plats f\u00f6r alla som vill kombinera utflykter i den pittoreska naturen med omsorg om sin h\u00e4lsa och sina andningsv\u00e4gar.<\/p>\n<!-- \/wp:paragraph -->\n\n<!-- wp:paragraph -->\n<p>Inuti v\u00e4ntar flera bass\u00e4nger med olika temperaturer, s\u00e5 var och en hittar precis sitt. Du kan v\u00e4rma dig i bass\u00e4nger med en temperatur <strong>fr\u00e5n 34 \u00b0C till h\u00e4rligt varma 38 \u00b0C<\/strong>, eller tv\u00e4rtom svalka dig i en kallbass\u00e4ng som h\u00e5ller bara 18 \u00b0C. Om du gillar att prova n\u00e5got nytt f\u00e5ngar den lokala \u00e5ngbastun ditt intresse, d\u00e4r en hundraprocentig luftfuktighet h\u00e5lls vid en temperatur p\u00e5 47 \u00b0C.<\/p>\n<!-- \/wp:paragraph -->\n\n<!-- wp:paragraph -->\n<p>Enligt prislistan f\u00f6r 2026 kostar en grundl\u00e4ggande tv\u00e5timmarsbiljett till bass\u00e4ngerna 21 \u20ac, medan en <strong>kombinerad biljett med bastu kostar 27 \u20ac<\/strong>. P\u00e5 helger och helgdagar r\u00e4knar du med ett till\u00e4gg p\u00e5 2 \u20ac och du kan \u00e4ven l\u00e5na en badrock f\u00f6r 7 \u20ac eller boka en solstol f\u00f6r 7,50 \u20ac. <strong>\ud83d\udca1 Tips:<\/strong> Om du t\u00e4nker resa med den lokala kollektivtrafiken Cottbusverkehr, fr\u00e5ga efter den s\u00e4rskilda Wellnessticket, som kostar 23 \u20ac f\u00f6r en vuxen och 17 \u20ac f\u00f6r barn under tolv \u00e5r.<\/p>\n<!-- \/wp:paragraph -->\n\n<!-- wp:image {\"id\":415380,\"sizeSlug\":\"full\",\"linkDestination\":\"none\"} -->\n<figure class=\"wp-block-image size-full\"><img decoding=\"async\" width=\"1800\" height=\"881\" src=\"https:\/\/loudavymkrokem.cz\/wp-content\/uploads\/2026\/09\/nemecko-clanky-termaly-nemecko-50-ecf98ec5-1.jpg\" alt=\"NaturThermeTemplin (Templin): bastudel\" class=\"wp-image-415380\" title=\"\" srcset=\"https:\/\/loudavymkrokem.cz\/wp-content\/uploads\/2026\/09\/nemecko-clanky-termaly-nemecko-50-ecf98ec5-1.jpg 1800w, https:\/\/loudavymkrokem.cz\/wp-content\/uploads\/2026\/09\/nemecko-clanky-termaly-nemecko-50-ecf98ec5-1-300x147.jpg 300w, https:\/\/loudavymkrokem.cz\/wp-content\/uploads\/2026\/09\/nemecko-clanky-termaly-nemecko-50-ecf98ec5-1-700x343.jpg 700w, https:\/\/loudavymkrokem.cz\/wp-content\/uploads\/2026\/09\/nemecko-clanky-termaly-nemecko-50-ecf98ec5-1-768x376.jpg 768w, https:\/\/loudavymkrokem.cz\/wp-content\/uploads\/2026\/09\/nemecko-clanky-termaly-nemecko-50-ecf98ec5-1-1536x752.jpg 1536w, https:\/\/loudavymkrokem.cz\/wp-content\/uploads\/2026\/09\/nemecko-clanky-termaly-nemecko-50-ecf98ec5-1-696x341.jpg 696w, https:\/\/loudavymkrokem.cz\/wp-content\/uploads\/2026\/09\/nemecko-clanky-termaly-nemecko-50-ecf98ec5-1-1392x681.jpg 1392w\" sizes=\"(max-width: 1800px) 100vw, 1800px\" \/><\/figure>\n<!-- \/wp:image -->\n\n<!-- wp:heading {\"level\":3} -->\n<h3 class=\"wp-block-heading\"><span class=\"ez-toc-section\" id=\"41_NaturThermeTemplin_Templin\"><\/span>41. NaturThermeTemplin (Templin)<span class=\"ez-toc-section-end\"><\/span><\/h3>\n<!-- \/wp:heading -->\n\n<!-- wp:paragraph -->\n<p>I den nord\u00f6stra delen av Brandenburg lockar <strong>NaturThermeTemplin<\/strong>, en popul\u00e4r termal- och n\u00f6jesanl\u00e4ggning mitt i skogarna i Uckermark. Det fr\u00e4msta dragpl\u00e5stret \u00e4r den lokala <strong>termala saltl\u00f6sningen med en koncentration p\u00e5 1 till 6 %<\/strong>, som springer fram djupt under jorden och n\u00e5r behagliga temperaturer fr\u00e5n 30 till 36 \u00b0C. Det \u00e4r ett utm\u00e4rkt val b\u00e5de f\u00f6r familjer och par, eftersom anl\u00e4ggningen kombinerar lugn kurbadskultur med aktivare vila.<\/p>\n<!-- \/wp:paragraph -->\n\n<!-- wp:paragraph -->\n<p>Vattnet fr\u00e5n den lokala k\u00e4llan uppfyller strikta kriterier f\u00f6r beteckningen l\u00e4kande termalvatten, f\u00f6r redan vid sj\u00e4lva utfl\u00f6det har det en temperatur h\u00f6gre \u00e4n 20 \u00b0C. Efter efterf\u00f6ljande behandling kan du allts\u00e5 njuta av det <strong>varma saltvattnets v\u00e4lg\u00f6rande effekter<\/strong>, som vackert b\u00e4r upp och l\u00f6ser upp tr\u00f6tta muskler. I komplexet kan du l\u00e4tt tillbringa en hel dag, f\u00f6r det erbjuder gott om plats f\u00f6r simning, avkoppling och uppv\u00e4rmning.<\/p>\n<!-- \/wp:paragraph -->\n\n<!-- wp:paragraph -->\n<p>Prislistan f\u00f6r 2026 anger att du f\u00f6r \u00f6verg\u00e5ngen till bastuv\u00e4rlden betalar ett <strong>eng\u00e5ngstill\u00e4gg p\u00e5 4 \u20ac<\/strong>. \u00c5ker du p\u00e5 helg eller helgdag, r\u00e4kna \u00e4ven med ett helgtill\u00e4gg p\u00e5 3 \u20ac, som dock bara g\u00e4ller vuxna bes\u00f6kare. <strong>\ud83d\udca1 Tips:<\/strong> F\u00f6lj noga v\u00e4derprognosen, f\u00f6r om meteorologerna sp\u00e5r 25 \u00b0C eller mer g\u00e4ller en f\u00f6rm\u00e5nligare sommartaxa i termalbaden.<\/p>\n<!-- \/wp:paragraph -->\n\n<!-- wp:image {\"id\":415385,\"sizeSlug\":\"full\",\"linkDestination\":\"none\"} -->\n<figure class=\"wp-block-image size-full\"><img decoding=\"async\" width=\"1800\" height=\"900\" src=\"https:\/\/loudavymkrokem.cz\/wp-content\/uploads\/2026\/09\/nemecko-clanky-termaly-nemecko-51-a4b55ee4-1.jpg\" alt=\"Bastudel p\u00e5 Spreewelten Bad i L\u00fcbbenau\" class=\"wp-image-415385\" title=\"\" srcset=\"https:\/\/loudavymkrokem.cz\/wp-content\/uploads\/2026\/09\/nemecko-clanky-termaly-nemecko-51-a4b55ee4-1.jpg 1800w, https:\/\/loudavymkrokem.cz\/wp-content\/uploads\/2026\/09\/nemecko-clanky-termaly-nemecko-51-a4b55ee4-1-300x150.jpg 300w, https:\/\/loudavymkrokem.cz\/wp-content\/uploads\/2026\/09\/nemecko-clanky-termaly-nemecko-51-a4b55ee4-1-700x350.jpg 700w, https:\/\/loudavymkrokem.cz\/wp-content\/uploads\/2026\/09\/nemecko-clanky-termaly-nemecko-51-a4b55ee4-1-768x384.jpg 768w, https:\/\/loudavymkrokem.cz\/wp-content\/uploads\/2026\/09\/nemecko-clanky-termaly-nemecko-51-a4b55ee4-1-1536x768.jpg 1536w, https:\/\/loudavymkrokem.cz\/wp-content\/uploads\/2026\/09\/nemecko-clanky-termaly-nemecko-51-a4b55ee4-1-696x348.jpg 696w, https:\/\/loudavymkrokem.cz\/wp-content\/uploads\/2026\/09\/nemecko-clanky-termaly-nemecko-51-a4b55ee4-1-1392x696.jpg 1392w\" sizes=\"(max-width: 1800px) 100vw, 1800px\" \/><\/figure>\n<!-- \/wp:image -->\n\n<!-- wp:heading {\"level\":3} -->\n<h3 class=\"wp-block-heading\"><span class=\"ez-toc-section\" id=\"42_Spreewelten_Bad_Lubbenau_Lubbenau\"><\/span>42. Spreewelten Bad L\u00fcbbenau (L\u00fcbbenau)<span class=\"ez-toc-section-end\"><\/span><\/h3>\n<!-- \/wp:heading -->\n\n<!-- wp:paragraph -->\n<p>Det h\u00e4r \u00e4r det mest originella termalbadet i hela \u00f6versikten, f\u00f6r driftsbolagen s\u00e4ger sj\u00e4lva om sig: <strong>\u201dvi \u00e4r de med pingviner\u201d<\/strong>. I anl\u00e4ggningen i L\u00fcbbenau gr\u00e4nsar n\u00e4mligen bass\u00e4ngen till en pingvinh\u00e4gn, som skiljs av bara med glasv\u00e4ggar, s\u00e5 n\u00e4r du simmar har du dessa f\u00e5glar direkt inom r\u00e4ckh\u00e5ll. F\u00f6r familjer med barn \u00e4r det en upplevelse som inte g\u00e5r att upprepa n\u00e5gon annanstans i Tyskland.<\/p>\n<!-- \/wp:paragraph -->\n\n<!-- wp:paragraph -->\n<p>Runt pingvinerna \u00e4r hela programmet byggt: h\u00e4r ordnas <strong>kommenterad matning och VIP-visning av h\u00e4gnet<\/strong>, och mindre barn har sin Pingu Kids Club. F\u00f6rutom upplevelsebass\u00e4ngen och vattenrutschbanan fungerar h\u00e4r \u00e4ven en fullv\u00e4rdig bastuv\u00e4rld med en mycket bred temperaturskala, s\u00e5 vuxna kommer inte till korta. En del av komplexet \u00e4r \u00e4ven ett eget hotell med wellness, om du vill stanna \u00f6ver natten.<\/p>\n<!-- \/wp:paragraph -->\n\n<!-- wp:paragraph -->\n<p>Du kan v\u00e4lja fr\u00e5n milda v\u00e4rmestugor med <strong>40 till 50 \u00b0C<\/strong> via medelvarma bastur med 60, 70 och 80 \u00b0C till riktiga hettar med 85 och <strong>95 \u00b0C<\/strong>. Till bastuv\u00e4rlden f\u00e5r barn komma f\u00f6rst fr\u00e5n 7 \u00e5r och deras heldagsentr\u00e9 kostar 8 euro. <strong>\ud83d\udca1 Tips:<\/strong> Om du vill se pingvinerna aktiva, planera bes\u00f6ket till matningstiden som driftsbolaget anger p\u00e5 sin webb.<\/p>\n<!-- \/wp:paragraph -->\n\n<!-- wp:image {\"id\":415515,\"sizeSlug\":\"full\",\"linkDestination\":\"none\"} -->\n<figure class=\"wp-block-image size-full\"><img decoding=\"async\" width=\"1800\" height=\"852\" src=\"https:\/\/loudavymkrokem.cz\/wp-content\/uploads\/2026\/09\/nemecko-clanky-termaly-nemecko-52-6414cd66.jpg\" alt=\"Utomhussaltsj\u00f6 p\u00e5 Kristalltherme i Bad Wilsnack\" class=\"wp-image-415515\" title=\"\" srcset=\"https:\/\/loudavymkrokem.cz\/wp-content\/uploads\/2026\/09\/nemecko-clanky-termaly-nemecko-52-6414cd66.jpg 1800w, https:\/\/loudavymkrokem.cz\/wp-content\/uploads\/2026\/09\/nemecko-clanky-termaly-nemecko-52-6414cd66-300x142.jpg 300w, https:\/\/loudavymkrokem.cz\/wp-content\/uploads\/2026\/09\/nemecko-clanky-termaly-nemecko-52-6414cd66-700x331.jpg 700w, https:\/\/loudavymkrokem.cz\/wp-content\/uploads\/2026\/09\/nemecko-clanky-termaly-nemecko-52-6414cd66-768x364.jpg 768w, https:\/\/loudavymkrokem.cz\/wp-content\/uploads\/2026\/09\/nemecko-clanky-termaly-nemecko-52-6414cd66-1536x727.jpg 1536w, https:\/\/loudavymkrokem.cz\/wp-content\/uploads\/2026\/09\/nemecko-clanky-termaly-nemecko-52-6414cd66-696x329.jpg 696w, https:\/\/loudavymkrokem.cz\/wp-content\/uploads\/2026\/09\/nemecko-clanky-termaly-nemecko-52-6414cd66-1392x659.jpg 1392w\" sizes=\"(max-width: 1800px) 100vw, 1800px\" \/><\/figure>\n<!-- \/wp:image -->\n\n<!-- wp:heading {\"level\":3} -->\n<h3 class=\"wp-block-heading\"><span class=\"ez-toc-section\" id=\"43_Kristalltherme_Bad_Wilsnack_Bad_Wilsnack\"><\/span>43. Kristalltherme Bad Wilsnack (Bad Wilsnack)<span class=\"ez-toc-section-end\"><\/span><\/h3>\n<!-- \/wp:heading -->\n\n<!-- wp:paragraph -->\n<p>En enorm anl\u00e4ggning p\u00e5 n\u00e4stan 12 000 m\u00b2 erbjuder hyllade <strong>Kristalltherme Bad Wilsnack<\/strong>. Dess absoluta stolthet \u00e4r en egen termalk\u00e4lla som utvinns fr\u00e5n ett imponerande djup p\u00e5 1 018 meter och v\u00e4ller upp till ytan med en temperatur p\u00e5 39 \u00b0C. <strong>Vattnet inneh\u00e5ller stora m\u00e4ngder j\u00e4rn och jod<\/strong>, och tack vare en saltkoncentration fr\u00e5n 1,5 % till 24 % badar du h\u00e4r bokstavligen i h\u00e4lsa.<\/p>\n<!-- \/wp:paragraph -->\n\n<!-- wp:paragraph -->\n<p>H\u00e4r finns en bass\u00e4ng med 24 % saltkoncentration och en temperatur p\u00e5 32 \u00b0C, d\u00e4r du sv\u00e4var som i D\u00f6da havet. De andra bass\u00e4ngerna med l\u00e4kande vatten h\u00e5ller behagliga 34 till 36 \u00b0C och mineralerna i dem fungerar som en <strong>naturlig peeling f\u00f6r att mjuka upp huden<\/strong>. I det 34-gradiga vattnet med l\u00e4gre salthalt h\u00e5lls till och med regelbunden tr\u00e4ning under ledning av erfarna tr\u00e4nare.<\/p>\n<!-- \/wp:paragraph -->\n\n<!-- wp:paragraph -->\n<p>Du kan v\u00e4rma dig i totalt 8 tematiska bastur med temperaturer fr\u00e5n 70 till 100 \u00b0C, varav tre \u00e4r inomhus och fem utomhus. Enligt prislistan f\u00f6r 2026 betalar du f\u00f6r <strong>bastutill\u00e4gget till en heldagsbiljett 5,50 \u20ac<\/strong>, medan barn under 6 \u00e5r betalar 4,50 \u20ac. <strong>\ud83d\udca1 Tips:<\/strong> Om du inte vill ta med en full v\u00e4ska tv\u00e4tt kan du p\u00e5 plats l\u00e5na en handduk f\u00f6r 5 \u20ac eller en badrock f\u00f6r 7 \u20ac, f\u00f6rbered bara ytterligare 15 \u20ac till depositionsavgiften.<\/p>\n<!-- \/wp:paragraph -->\n\n<!-- wp:image {\"id\":415394,\"sizeSlug\":\"full\",\"linkDestination\":\"none\"} -->\n<figure class=\"wp-block-image size-full\"><img decoding=\"async\" width=\"1800\" height=\"1199\" src=\"https:\/\/loudavymkrokem.cz\/wp-content\/uploads\/2026\/09\/nemecko-clanky-termaly-nemecko-53-7b17d971-1.jpg\" alt=\"vabali spa Berlin (Berlin)\" class=\"wp-image-415394\" title=\"\" srcset=\"https:\/\/loudavymkrokem.cz\/wp-content\/uploads\/2026\/09\/nemecko-clanky-termaly-nemecko-53-7b17d971-1.jpg 1800w, https:\/\/loudavymkrokem.cz\/wp-content\/uploads\/2026\/09\/nemecko-clanky-termaly-nemecko-53-7b17d971-1-300x200.jpg 300w, https:\/\/loudavymkrokem.cz\/wp-content\/uploads\/2026\/09\/nemecko-clanky-termaly-nemecko-53-7b17d971-1-700x466.jpg 700w, https:\/\/loudavymkrokem.cz\/wp-content\/uploads\/2026\/09\/nemecko-clanky-termaly-nemecko-53-7b17d971-1-768x512.jpg 768w, https:\/\/loudavymkrokem.cz\/wp-content\/uploads\/2026\/09\/nemecko-clanky-termaly-nemecko-53-7b17d971-1-1536x1023.jpg 1536w, https:\/\/loudavymkrokem.cz\/wp-content\/uploads\/2026\/09\/nemecko-clanky-termaly-nemecko-53-7b17d971-1-696x464.jpg 696w, https:\/\/loudavymkrokem.cz\/wp-content\/uploads\/2026\/09\/nemecko-clanky-termaly-nemecko-53-7b17d971-1-1392x927.jpg 1392w\" sizes=\"(max-width: 1800px) 100vw, 1800px\" \/><\/figure>\n<!-- \/wp:image -->\n\n<!-- wp:heading {\"level\":3} -->\n<h3 class=\"wp-block-heading\"><span class=\"ez-toc-section\" id=\"44_vabali_spa_Berlin_Berlin\"><\/span>44. vabali spa Berlin (Berlin)<span class=\"ez-toc-section-end\"><\/span><\/h3>\n<!-- \/wp:heading -->\n\n<!-- wp:paragraph -->\n<p>Om du s\u00f6ker en flykt undan storstadens larm, styr mot <strong>vabali spa Berlin<\/strong>, som ligger direkt i den tyska metropolens hj\u00e4rta. Den h\u00e4r unika anl\u00e4ggningen \u00e4r utformad som en <strong>autentisk balinesisk wellnessoas<\/strong>, d\u00e4r du omges av traditionella tr\u00e4byggnader, skulpturer och material importerade direkt fr\u00e5n Indonesien. Milj\u00f6n h\u00e4r \u00e4r helt inriktad p\u00e5 lugn och vuxna bes\u00f6kare, s\u00e5 gl\u00f6m vattenrutschbanor och barnskrik.<\/p>\n<!-- \/wp:paragraph -->\n\n<!-- wp:paragraph -->\n<p>Komplexet erbjuder <strong>13 bastur och \u00e5ngbad<\/strong>, som kompletteras av 4 uppfriskande bass\u00e4nger. Urvalet \u00e4r varierat och tillfredsst\u00e4ller varje bastubadare. Du kan prova panoramabastun Pandangan eller meditationsbastun Jiwa med behagliga 70 \u00b0C, eller bj\u00f6rkbastun Kayu. F\u00f6r dem som \u00e4lskar h\u00f6gre temperaturer finns aufguss-bastuerna Awan, Di Luar eller Di Dalam, d\u00e4r termometern visar runt 80 \u00b0C.<\/p>\n<!-- \/wp:paragraph -->\n\n<!-- wp:paragraph -->\n<p>F\u00f6r mildare uppv\u00e4rmning fungerar sedan \u00f6rtbastun Bali Boreh med 70 \u00b0C eller ett milt laconium uppv\u00e4rmt till 45 \u00b0C. Enligt prislistan f\u00f6r 2026 kostar en <strong>fyratimmarsentr\u00e9 36,50 \u20ac p\u00e5 vardagar<\/strong>, medan du p\u00e5 helger och helgdagar betalar 39,50 \u20ac. <strong>\ud83d\udca1 Tips:<\/strong> Den h\u00e4r popul\u00e4ra berlinska anl\u00e4ggningen brukar vara mycket fullsatt p\u00e5 helger, s\u00e5 \u00e5k hit helst tidigt p\u00e5 morgonen eller p\u00e5 vardagar, d\u00e5 du njuter av den balinesiska st\u00e4mningen i mycket st\u00f6rre lugn.<\/p>\n<!-- \/wp:paragraph -->\n\n<!-- wp:image {\"id\":415398,\"sizeSlug\":\"full\",\"linkDestination\":\"none\"} -->\n<figure class=\"wp-block-image size-full\"><img decoding=\"async\" width=\"1800\" height=\"1348\" src=\"https:\/\/loudavymkrokem.cz\/wp-content\/uploads\/2026\/09\/nemecko-clanky-termaly-nemecko-54-eb39270c-1.jpg\" alt=\"Byggnaden Ostsee-Therme i Scharbeutz vid \u00d6stersj\u00f6n\" class=\"wp-image-415398\" title=\"\" srcset=\"https:\/\/loudavymkrokem.cz\/wp-content\/uploads\/2026\/09\/nemecko-clanky-termaly-nemecko-54-eb39270c-1.jpg 1800w, https:\/\/loudavymkrokem.cz\/wp-content\/uploads\/2026\/09\/nemecko-clanky-termaly-nemecko-54-eb39270c-1-300x225.jpg 300w, https:\/\/loudavymkrokem.cz\/wp-content\/uploads\/2026\/09\/nemecko-clanky-termaly-nemecko-54-eb39270c-1-700x524.jpg 700w, https:\/\/loudavymkrokem.cz\/wp-content\/uploads\/2026\/09\/nemecko-clanky-termaly-nemecko-54-eb39270c-1-768x575.jpg 768w, https:\/\/loudavymkrokem.cz\/wp-content\/uploads\/2026\/09\/nemecko-clanky-termaly-nemecko-54-eb39270c-1-1536x1150.jpg 1536w, https:\/\/loudavymkrokem.cz\/wp-content\/uploads\/2026\/09\/nemecko-clanky-termaly-nemecko-54-eb39270c-1-80x60.jpg 80w, https:\/\/loudavymkrokem.cz\/wp-content\/uploads\/2026\/09\/nemecko-clanky-termaly-nemecko-54-eb39270c-1-160x120.jpg 160w, https:\/\/loudavymkrokem.cz\/wp-content\/uploads\/2026\/09\/nemecko-clanky-termaly-nemecko-54-eb39270c-1-696x521.jpg 696w, https:\/\/loudavymkrokem.cz\/wp-content\/uploads\/2026\/09\/nemecko-clanky-termaly-nemecko-54-eb39270c-1-1392x1042.jpg 1392w\" sizes=\"(max-width: 1800px) 100vw, 1800px\" \/><figcaption class=\"wp-element-caption\">Foto: qwesy qwesy \/ Wikimedia Commons, CC BY 3.0<\/figcaption><\/figure>\n<!-- \/wp:image -->\n\n<!-- wp:heading -->\n<h2 class=\"wp-block-heading\"><span class=\"ez-toc-section\" id=\"Termalbad_i_norra_Tyskland_Ostersjon_och_Nordsjon\"><\/span>Termalbad i norra Tyskland: \u00d6stersj\u00f6n och Nordsj\u00f6n<span class=\"ez-toc-section-end\"><\/span><\/h2>\n<!-- \/wp:heading -->\n\n<!-- wp:paragraph -->\n<p>Termalbad i norra Tyskland erbjuder en helt annan kurupplevelse \u00e4n den vi \u00e4r vana vid fr\u00e5n s\u00f6der. <strong>Kustbaden<\/strong> h\u00e4r drar nytta av sitt utm\u00e4rkta l\u00e4ge och i st\u00e4llet f\u00f6r klassiskt mineralvatten hittar du ofta l\u00e4kande saltl\u00f6sning eller <strong>v\u00e4rdefullt jodsalt<\/strong>. Utsikten fr\u00e5n bass\u00e4ngerna riktar sig dessutom inte s\u00e4llan direkt mot den o\u00e4ndliga havsytan eller sanddyner, vilket \u00e4r en idyll om du \u00e4lskar havets doft och den friska nordliga luften.<\/p>\n<!-- \/wp:paragraph -->\n\n<!-- wp:paragraph -->\n<p>Dessa anl\u00e4ggningar passar utm\u00e4rkt som komplement till din <strong>sommarsemester vid \u00d6stersj\u00f6n<\/strong> eller som r\u00e4ddning under en regnig helg i den popul\u00e4ra orten St. Peter-Ording. Oavsett om du \u00e5ker med familjen eller s\u00f6ker en lugn wellnessflykt f\u00f6r tv\u00e5, h\u00e4nf\u00f6r de nordtyska baden dig med sin avslappnade st\u00e4mning. Fr\u00e5n Sverige \u00e4r det en kort resa med f\u00e4rja eller bro, och den <strong>upplevelsen \u00e4r verkligen v\u00e4rd det<\/strong>.<\/p>\n<!-- \/wp:paragraph -->\n\n<!-- wp:image {\"id\":415401,\"sizeSlug\":\"full\",\"linkDestination\":\"none\"} -->\n<figure class=\"wp-block-image size-full\"><img decoding=\"async\" width=\"1800\" height=\"2400\" src=\"https:\/\/loudavymkrokem.cz\/wp-content\/uploads\/2026\/09\/nemecko-clanky-termaly-nemecko-55-47c15516-1.jpg\" alt=\"Ostsee-Therme (Scharbeutz): termalbadets torn\" class=\"wp-image-415401\" title=\"\" srcset=\"https:\/\/loudavymkrokem.cz\/wp-content\/uploads\/2026\/09\/nemecko-clanky-termaly-nemecko-55-47c15516-1.jpg 1800w, https:\/\/loudavymkrokem.cz\/wp-content\/uploads\/2026\/09\/nemecko-clanky-termaly-nemecko-55-47c15516-1-225x300.jpg 225w, https:\/\/loudavymkrokem.cz\/wp-content\/uploads\/2026\/09\/nemecko-clanky-termaly-nemecko-55-47c15516-1-700x933.jpg 700w, https:\/\/loudavymkrokem.cz\/wp-content\/uploads\/2026\/09\/nemecko-clanky-termaly-nemecko-55-47c15516-1-768x1024.jpg 768w, https:\/\/loudavymkrokem.cz\/wp-content\/uploads\/2026\/09\/nemecko-clanky-termaly-nemecko-55-47c15516-1-1152x1536.jpg 1152w, https:\/\/loudavymkrokem.cz\/wp-content\/uploads\/2026\/09\/nemecko-clanky-termaly-nemecko-55-47c15516-1-1536x2048.jpg 1536w, https:\/\/loudavymkrokem.cz\/wp-content\/uploads\/2026\/09\/nemecko-clanky-termaly-nemecko-55-47c15516-1-696x928.jpg 696w, https:\/\/loudavymkrokem.cz\/wp-content\/uploads\/2026\/09\/nemecko-clanky-termaly-nemecko-55-47c15516-1-1392x1856.jpg 1392w\" sizes=\"(max-width: 1800px) 100vw, 1800px\" \/><figcaption class=\"wp-element-caption\">Foto: Gerd Fahrenhorst \/ Wikimedia Commons, CC BY 4.0<\/figcaption><\/figure>\n<!-- \/wp:image -->\n\n<!-- wp:heading {\"level\":3} -->\n<h3 class=\"wp-block-heading\"><span class=\"ez-toc-section\" id=\"45_Ostsee-Therme_Scharbeutz\"><\/span>45. Ostsee-Therme (Scharbeutz)<span class=\"ez-toc-section-end\"><\/span><\/h3>\n<!-- \/wp:heading -->\n\n<!-- wp:paragraph -->\n<p>Det h\u00e4r storslagna komplexet i den popul\u00e4ra orten Scharbeutz imponerar dig genast med sin vidstr\u00e4ckta <strong>wellnesszon p\u00e5 4 000 m\u00b2<\/strong>. Om du s\u00f6ker avkoppling med direkt tillg\u00e5ng till en sandstrand kommer du helt enkelt att \u00e4lska den h\u00e4r platsen. Det \u00e4r ett idealiskt val f\u00f6r bastu\u00e4lskare som efter uppv\u00e4rmning av kroppen vill springa direkt ut i havets kalla v\u00e5gor.<\/p>\n<!-- \/wp:paragraph -->\n\n<!-- wp:paragraph -->\n<p>I baddelen som kallas Ostsee-Lagune kopplar du vackert av i <strong>vatten uppv\u00e4rmt till 33 \u00b0C<\/strong>, som dessutom kompletteras av imponerande ljuseffekter och massages\u00e4ngar. F\u00f6r \u00e4nnu st\u00f6rre avkoppling finns bubbelpooler med en temperatur p\u00e5 35 \u00b0C och <strong>stora utomhusbass\u00e4nger med 30 \u00b0C<\/strong>, intill vilka en sol\u00e4ngsyta breder ut sig. Bastuv\u00e4rlden \u00e4r sedan ett kapitel f\u00f6r sig. H\u00e4r hittar du allt fr\u00e5n den milda 60-gradiga bastun Salzstein eller Frische Brise, via 80-gradiga v\u00e4rmestugan Wald Sauna, till den <strong>extrema 110-gradiga bastun Arctic<\/strong>.<\/p>\n<!-- \/wp:paragraph -->\n\n<!-- wp:paragraph -->\n<p>En intressant detalj \u00e4r den stora 85-gradiga Ostsee Arena f\u00f6r bastuceremonier, eller en <strong>textilbastu med en temperatur p\u00e5 70 \u00b0C<\/strong> i Breeze Spa, dit du kan \u00e5ka direkt i baddr\u00e4kt. Entr\u00e9n skiljer sig h\u00e4r beroende p\u00e5 zon och vistelsens l\u00e4ngd, s\u00e5 kolla den aktuella prislistan f\u00f6r 2026 direkt p\u00e5 badets webb. Anl\u00e4ggningen passar b\u00e5de par och familjer som s\u00f6ker varierad vattenaktivitet. <strong>\ud83d\udca1 Tips:<\/strong> F\u00f6r dig som \u00e4lskar tr\u00e4 och \u00f6rter rekommenderar jag att inte missa den s\u00e4rskilda bastun av doftande alptall som kallas Zirbenholzsauna.<\/p>\n<!-- \/wp:paragraph -->\n\n<!-- wp:image {\"id\":415406,\"sizeSlug\":\"full\",\"linkDestination\":\"none\"} -->\n<figure class=\"wp-block-image size-full\"><img decoding=\"async\" width=\"1800\" height=\"1012\" src=\"https:\/\/loudavymkrokem.cz\/wp-content\/uploads\/2026\/09\/nemecko-clanky-termaly-nemecko-56-30ed6a22-1.jpg\" alt=\"D\u00fcnen-Therme (St. Peter-Ording)\" class=\"wp-image-415406\" title=\"\" srcset=\"https:\/\/loudavymkrokem.cz\/wp-content\/uploads\/2026\/09\/nemecko-clanky-termaly-nemecko-56-30ed6a22-1.jpg 1800w, https:\/\/loudavymkrokem.cz\/wp-content\/uploads\/2026\/09\/nemecko-clanky-termaly-nemecko-56-30ed6a22-1-300x169.jpg 300w, https:\/\/loudavymkrokem.cz\/wp-content\/uploads\/2026\/09\/nemecko-clanky-termaly-nemecko-56-30ed6a22-1-700x394.jpg 700w, https:\/\/loudavymkrokem.cz\/wp-content\/uploads\/2026\/09\/nemecko-clanky-termaly-nemecko-56-30ed6a22-1-768x432.jpg 768w, https:\/\/loudavymkrokem.cz\/wp-content\/uploads\/2026\/09\/nemecko-clanky-termaly-nemecko-56-30ed6a22-1-1536x864.jpg 1536w, https:\/\/loudavymkrokem.cz\/wp-content\/uploads\/2026\/09\/nemecko-clanky-termaly-nemecko-56-30ed6a22-1-696x391.jpg 696w, https:\/\/loudavymkrokem.cz\/wp-content\/uploads\/2026\/09\/nemecko-clanky-termaly-nemecko-56-30ed6a22-1-1392x783.jpg 1392w\" sizes=\"(max-width: 1800px) 100vw, 1800px\" \/><\/figure>\n<!-- \/wp:image -->\n\n<!-- wp:heading {\"level\":3} -->\n<h3 class=\"wp-block-heading\"><span class=\"ez-toc-section\" id=\"46_Dunen-Therme_St_Peter-Ording\"><\/span>46. D\u00fcnen-Therme (St. Peter-Ording)<span class=\"ez-toc-section-end\"><\/span><\/h3>\n<!-- \/wp:heading -->\n\n<!-- wp:paragraph -->\n<p>I pittoreska lilla St. Peter-Ording uppt\u00e4cker du ett unikt bad d\u00e4r du <strong>badar i renat vatten direkt fr\u00e5n Nordsj\u00f6n<\/strong>. Denna upplevelse \u00e4r exceptionell och ger hela anl\u00e4ggningen en kustn\u00e4ra energi. Den vidstr\u00e4ckta vattenytan <strong>\u00f6verstiger h\u00e4r 1 000 m\u00b2<\/strong>, s\u00e5 du har gott om plats f\u00f6r simning och v\u00e4lf\u00f6rtj\u00e4nt vila efter en jobbig dag p\u00e5 de bl\u00e5siga str\u00e4nderna.<\/p>\n<!-- \/wp:paragraph -->\n\n<!-- wp:paragraph -->\n<p>Inuti v\u00e4ntar en trevlig <strong>upplevelsebass\u00e4ng med en temperatur p\u00e5 30 \u00b0C<\/strong> och du v\u00e4rmer dig \u00e4ven i en uppv\u00e4rmd utomhusbass\u00e4ng som h\u00e5ller exakt samma temperatur. Om du reser med barn brukar de bli f\u00f6rtjusta i bass\u00e4ngen med konstgjorda v\u00e5gor och varmt 28-gradigt vatten eller den popul\u00e4ra rutschbanan Turbo-Rutsche. Enligt l\u00e4get i september 2026 \u00e4r dock b\u00e5da dessa <strong>attraktioner ur drift av tekniska sk\u00e4l<\/strong>, vilket du b\u00f6r r\u00e4kna med f\u00f6re bes\u00f6ket.<\/p>\n<!-- \/wp:paragraph -->\n\n<!-- wp:paragraph -->\n<p>Termalbaden passar var och en som vill njuta av havsvattnets v\u00e4lg\u00f6rande effekter oavsett v\u00e4dret utomhus. Enligt den aktuella prislistan f\u00f6r 2026 betalar vuxna f\u00f6r en tv\u00e5 och en halv timmes entr\u00e9 <strong>mycket behagliga 13,50 euro<\/strong>, medan en heldagsbiljett kostar 18,50 euro. F\u00f6r barn och ungdomar fr\u00e5n 3 till 17 \u00e5r ligger priserna fr\u00e5n 6,50 till 8,50 euro beroende p\u00e5 vistelsens l\u00e4ngd. <strong>\ud83d\udca1 Tips:<\/strong> Om du t\u00e4nker stanna l\u00e4ngre l\u00f6nar det sig att v\u00e4lja en f\u00f6rl\u00e4ngd entr\u00e9 p\u00e5 3,5 timmar f\u00f6r <strong>16 euro<\/strong>, som erbjuder ett utm\u00e4rkt f\u00f6rh\u00e5llande mellan pris och tid.<\/p>\n<!-- \/wp:paragraph -->\n\n<!-- wp:image {\"id\":415409,\"sizeSlug\":\"full\",\"linkDestination\":\"none\"} -->\n<figure class=\"wp-block-image size-full\"><img decoding=\"async\" width=\"1800\" height=\"1350\" src=\"https:\/\/loudavymkrokem.cz\/wp-content\/uploads\/2026\/09\/nemecko-clanky-termaly-nemecko-57-6f96bd47-1.jpg\" alt=\"Ostsee Therme Usedom (Ahlbeck): bastudel\" class=\"wp-image-415409\" title=\"\" srcset=\"https:\/\/loudavymkrokem.cz\/wp-content\/uploads\/2026\/09\/nemecko-clanky-termaly-nemecko-57-6f96bd47-1.jpg 1800w, https:\/\/loudavymkrokem.cz\/wp-content\/uploads\/2026\/09\/nemecko-clanky-termaly-nemecko-57-6f96bd47-1-300x225.jpg 300w, https:\/\/loudavymkrokem.cz\/wp-content\/uploads\/2026\/09\/nemecko-clanky-termaly-nemecko-57-6f96bd47-1-700x525.jpg 700w, https:\/\/loudavymkrokem.cz\/wp-content\/uploads\/2026\/09\/nemecko-clanky-termaly-nemecko-57-6f96bd47-1-768x576.jpg 768w, https:\/\/loudavymkrokem.cz\/wp-content\/uploads\/2026\/09\/nemecko-clanky-termaly-nemecko-57-6f96bd47-1-1536x1152.jpg 1536w, https:\/\/loudavymkrokem.cz\/wp-content\/uploads\/2026\/09\/nemecko-clanky-termaly-nemecko-57-6f96bd47-1-80x60.jpg 80w, https:\/\/loudavymkrokem.cz\/wp-content\/uploads\/2026\/09\/nemecko-clanky-termaly-nemecko-57-6f96bd47-1-160x120.jpg 160w, https:\/\/loudavymkrokem.cz\/wp-content\/uploads\/2026\/09\/nemecko-clanky-termaly-nemecko-57-6f96bd47-1-696x522.jpg 696w, https:\/\/loudavymkrokem.cz\/wp-content\/uploads\/2026\/09\/nemecko-clanky-termaly-nemecko-57-6f96bd47-1-1392x1044.jpg 1392w\" sizes=\"(max-width: 1800px) 100vw, 1800px\" \/><\/figure>\n<!-- \/wp:image -->\n\n<!-- wp:heading {\"level\":3} -->\n<h3 class=\"wp-block-heading\"><span class=\"ez-toc-section\" id=\"47_Ostsee_Therme_Usedom_Ahlbeck\"><\/span>47. Ostsee Therme Usedom (Ahlbeck)<span class=\"ez-toc-section-end\"><\/span><\/h3>\n<!-- \/wp:heading -->\n\n<!-- wp:paragraph -->\n<p>Det h\u00e4r popul\u00e4ra komplexet ligger direkt i centrum av den ber\u00f6mda kurbadstrion Ahlbeck, Heringsdorf och Bansin, n\u00e4rmare best\u00e4mt <strong>i det s\u00e5 kallade Kaiserbad Ahlbeck<\/strong> p\u00e5 gatan Lindenstra\u00dfe. Redan sedan sin h\u00f6gtidliga \u00f6ppning i mars 1996 lockar det skaror av avkopplingssugna bes\u00f6kare och till dags dato har <strong>imponerande 3,7 miljoner g\u00e4ster<\/strong> passerat genom det. Det \u00e4r en mycket traditionell plats som utm\u00e4rkt kombinerar avslappnad kustn\u00e4ra rekreation med professionell kurv\u00e5rd.<\/p>\n<!-- \/wp:paragraph -->\n\n<!-- wp:paragraph -->\n<p>F\u00f6rutom den klassiska bastu- och vattenv\u00e4rlden kallad Badewelt och Saunawelt hittar du h\u00e4r n\u00e4mligen \u00e4ven ett <strong>s\u00e4rskilt Kurmittelhaus med fysioterapi<\/strong> och riktiga kurl\u00e4kare. Du kan ta i ordentligt i sport- och h\u00e4lsostudion, eller bara njuta av den vackra omgivningen fr\u00e5n den lokala utsiktstornet. Om du styr mot bastuv\u00e4rldens inomhusutrymmen v\u00e4rmer den <strong>klassiska inomhusbastun med en temperatur p\u00e5 80 \u00b0C<\/strong> dig vackert.<\/p>\n<!-- \/wp:paragraph -->\n\n<!-- wp:paragraph -->\n<p>Platsen \u00e4r som skapad framf\u00f6r allt f\u00f6r vuxna bes\u00f6kare som p\u00e5 semestern s\u00f6ker lugn och fokuserar p\u00e5 att st\u00e4rka sin h\u00e4lsa. De lokala behandlingarna har l\u00e5ng tradition och \u00e4r hyllade l\u00e4ngs hela kusten, d\u00e4rf\u00f6r \u00e5terv\u00e4nder folk s\u00e5 g\u00e4rna hit. <strong>\ud83d\udca1 Tips:<\/strong> Delta absolut i n\u00e5gon av bastuceremonierna som de lokala m\u00e4starna h\u00e5ller flera g\u00e5nger om dagen med <strong>v\u00e4rdefullt jodsalt fr\u00e5n Heringsdorf<\/strong>, det blir en fantastisk upplevelse f\u00f6r dina andningsv\u00e4gar.<\/p>\n<!-- \/wp:paragraph -->\n\n<!-- wp:image {\"id\":415412,\"sizeSlug\":\"full\",\"linkDestination\":\"none\"} -->\n<figure class=\"wp-block-image size-full\"><img decoding=\"async\" width=\"1800\" height=\"1198\" src=\"https:\/\/loudavymkrokem.cz\/wp-content\/uploads\/2026\/09\/nemecko-clanky-termaly-nemecko-58-72086aed-1.jpg\" alt=\"Toskana Therme i Bad Schandau i S\u00e4chsische Schweiz\" class=\"wp-image-415412\" title=\"\" srcset=\"https:\/\/loudavymkrokem.cz\/wp-content\/uploads\/2026\/09\/nemecko-clanky-termaly-nemecko-58-72086aed-1.jpg 1800w, https:\/\/loudavymkrokem.cz\/wp-content\/uploads\/2026\/09\/nemecko-clanky-termaly-nemecko-58-72086aed-1-300x200.jpg 300w, https:\/\/loudavymkrokem.cz\/wp-content\/uploads\/2026\/09\/nemecko-clanky-termaly-nemecko-58-72086aed-1-700x466.jpg 700w, https:\/\/loudavymkrokem.cz\/wp-content\/uploads\/2026\/09\/nemecko-clanky-termaly-nemecko-58-72086aed-1-768x511.jpg 768w, https:\/\/loudavymkrokem.cz\/wp-content\/uploads\/2026\/09\/nemecko-clanky-termaly-nemecko-58-72086aed-1-1536x1022.jpg 1536w, https:\/\/loudavymkrokem.cz\/wp-content\/uploads\/2026\/09\/nemecko-clanky-termaly-nemecko-58-72086aed-1-696x463.jpg 696w, https:\/\/loudavymkrokem.cz\/wp-content\/uploads\/2026\/09\/nemecko-clanky-termaly-nemecko-58-72086aed-1-1392x926.jpg 1392w\" sizes=\"(max-width: 1800px) 100vw, 1800px\" \/><\/figure>\n<!-- \/wp:image -->\n\n<!-- wp:heading -->\n<h2 class=\"wp-block-heading\"><span class=\"ez-toc-section\" id=\"Termalbad_i_Sachsen_och_Thuringen\"><\/span>Termalbad i Sachsen och Th\u00fcringen<span class=\"ez-toc-section-end\"><\/span><\/h2>\n<!-- \/wp:heading -->\n\n<!-- wp:paragraph -->\n<p>Om du s\u00f6ker avkoppling en bit bort svikar dessa tv\u00e5 f\u00f6rbundsl\u00e4nder dig inte. H\u00e4r hittar du n\u00e4mligen ett unikt badkoncept som f\u00f6renar djup avkoppling med en ovanlig konstn\u00e4rlig upplevelse. <strong>Det fr\u00e4msta dragpl\u00e5stret \u00e4r den s\u00e5 kallade Liquid Sound<\/strong>, allts\u00e5 bad i saltvatten till ackompanjemang av undervattensmusik och en fascinerande ljusshow.<\/p>\n<!-- \/wp:paragraph -->\n\n<!-- wp:paragraph -->\n<p>Du kan v\u00e4lja mellan tv\u00e5 platser som erbjuder detta koncept. Ett bad ligger i pittoreska S\u00e4chsische Schweiz, det andra en bit l\u00e4ngre bort i en th\u00fcringsk kurort. De \u00e4r idealiska f\u00f6r alla som p\u00e5 helgen vill koppla bort huvudet och bara l\u00e5ta sig glida fram p\u00e5 lugnets v\u00e5gor.<\/p>\n<!-- \/wp:paragraph -->\n\n<!-- wp:image {\"id\":415417,\"sizeSlug\":\"full\",\"linkDestination\":\"none\"} -->\n<figure class=\"wp-block-image size-full\"><img decoding=\"async\" width=\"1800\" height=\"1342\" src=\"https:\/\/loudavymkrokem.cz\/wp-content\/uploads\/2026\/09\/nemecko-clanky-termaly-nemecko-59-fc0e1c55-1.jpg\" alt=\"Toskana Therme Bad Schandau (Bad Schandau)\" class=\"wp-image-415417\" title=\"\" srcset=\"https:\/\/loudavymkrokem.cz\/wp-content\/uploads\/2026\/09\/nemecko-clanky-termaly-nemecko-59-fc0e1c55-1.jpg 1800w, https:\/\/loudavymkrokem.cz\/wp-content\/uploads\/2026\/09\/nemecko-clanky-termaly-nemecko-59-fc0e1c55-1-300x224.jpg 300w, https:\/\/loudavymkrokem.cz\/wp-content\/uploads\/2026\/09\/nemecko-clanky-termaly-nemecko-59-fc0e1c55-1-700x522.jpg 700w, https:\/\/loudavymkrokem.cz\/wp-content\/uploads\/2026\/09\/nemecko-clanky-termaly-nemecko-59-fc0e1c55-1-768x573.jpg 768w, https:\/\/loudavymkrokem.cz\/wp-content\/uploads\/2026\/09\/nemecko-clanky-termaly-nemecko-59-fc0e1c55-1-1536x1145.jpg 1536w, https:\/\/loudavymkrokem.cz\/wp-content\/uploads\/2026\/09\/nemecko-clanky-termaly-nemecko-59-fc0e1c55-1-80x60.jpg 80w, https:\/\/loudavymkrokem.cz\/wp-content\/uploads\/2026\/09\/nemecko-clanky-termaly-nemecko-59-fc0e1c55-1-160x120.jpg 160w, https:\/\/loudavymkrokem.cz\/wp-content\/uploads\/2026\/09\/nemecko-clanky-termaly-nemecko-59-fc0e1c55-1-696x519.jpg 696w, https:\/\/loudavymkrokem.cz\/wp-content\/uploads\/2026\/09\/nemecko-clanky-termaly-nemecko-59-fc0e1c55-1-1392x1038.jpg 1392w\" sizes=\"(max-width: 1800px) 100vw, 1800px\" \/><figcaption class=\"wp-element-caption\">Foto: J\u00f6rg Blobelt \/ Wikimedia Commons, CC BY-SA 4.0<\/figcaption><\/figure>\n<!-- \/wp:image -->\n\n<!-- wp:heading {\"level\":3} -->\n<h3 class=\"wp-block-heading\"><span class=\"ez-toc-section\" id=\"48_Toskana_Therme_Bad_Schandau_Bad_Schandau\"><\/span>48. Toskana Therme Bad Schandau (Bad Schandau)<span class=\"ez-toc-section-end\"><\/span><\/h3>\n<!-- \/wp:heading -->\n\n<!-- wp:paragraph -->\n<p>Det h\u00e4r popul\u00e4ra komplexet ligger direkt vid Elbes strand och dess stora f\u00f6rdel \u00e4r en <strong>h\u00e4nf\u00f6rande utsikt \u00f6ver floden direkt fr\u00e5n bastun<\/strong>. Det ligger i vackra S\u00e4chsische Schweiz, k\u00e4nt f\u00f6r sin natur, s\u00e5 komplexet erbjuder sig som ett perfekt m\u00e5l f\u00f6r en spontan eftermiddagsutflykt. Om du \u00e4lskar naturen i S\u00e4chsische Schweiz \u00e4r det h\u00e4r precis den plats d\u00e4r du efter en dag p\u00e5 vandringsleder kan l\u00e4tta p\u00e5 tr\u00f6tta ben.<\/p>\n<!-- \/wp:paragraph -->\n\n<!-- wp:paragraph -->\n<p>Bastuv\u00e4rlden h\u00e4r erbjuder en varierad temperaturskala f\u00f6r alla. Du kan prova det traditionella <strong>Laconium i grekisk stil uppv\u00e4rmt till behagliga 55 \u00b0C<\/strong>, eller ett s\u00e4rskilt bad av str\u00e5lande v\u00e4rme som vid 65 \u00b0C v\u00e4rmer kroppen vackert p\u00e5 djupet. H\u00e4r finns \u00e4ven en \u00f6rtv\u00e4rmestuga d\u00e4r uppv\u00e4rmning av \u00f6rtvatten <strong>\u00f6kar luftfuktigheten vid en temperatur p\u00e5 65 \u00b0C<\/strong>. F\u00f6r rutinerade bastubadare finns sedan en klassisk bastu med kakelugn, d\u00e4r du njuter av rej\u00e4l hetta vid 96 \u00b0C.<\/p>\n<!-- \/wp:paragraph -->\n\n<!-- wp:paragraph -->\n<p>Komplexet \u00e4r utm\u00e4rkt framf\u00f6r allt f\u00f6r vuxna och par som s\u00f6ker en lugn st\u00e4mning utan vilda vattenrutschbanor. Den aktuella entr\u00e9n rekommenderar jag att du kollar p\u00e5 webben f\u00f6re resan, s\u00e5 att du vet exakt hur prislistan f\u00f6r 2026 ser ut. <strong>\ud83d\udca1 Tips:<\/strong> Missa absolut inte svettningen i den s\u00e4rskilda bastun uppv\u00e4rmd till 90 \u00b0C, fr\u00e5n vilken du f\u00e5r <strong>den vackraste utsikten \u00f6ver flytande Elbe<\/strong>.<\/p>\n<!-- \/wp:paragraph -->\n\n<!-- wp:image {\"id\":415421,\"sizeSlug\":\"full\",\"linkDestination\":\"none\"} -->\n<figure class=\"wp-block-image size-full\"><img decoding=\"async\" width=\"1800\" height=\"1200\" src=\"https:\/\/loudavymkrokem.cz\/wp-content\/uploads\/2026\/09\/nemecko-clanky-termaly-nemecko-60-42995404-1.jpg\" alt=\"Toskana Therme Bad Sulza (Bad Sulza)\" class=\"wp-image-415421\" title=\"\" srcset=\"https:\/\/loudavymkrokem.cz\/wp-content\/uploads\/2026\/09\/nemecko-clanky-termaly-nemecko-60-42995404-1.jpg 1800w, https:\/\/loudavymkrokem.cz\/wp-content\/uploads\/2026\/09\/nemecko-clanky-termaly-nemecko-60-42995404-1-300x200.jpg 300w, https:\/\/loudavymkrokem.cz\/wp-content\/uploads\/2026\/09\/nemecko-clanky-termaly-nemecko-60-42995404-1-700x467.jpg 700w, https:\/\/loudavymkrokem.cz\/wp-content\/uploads\/2026\/09\/nemecko-clanky-termaly-nemecko-60-42995404-1-768x512.jpg 768w, https:\/\/loudavymkrokem.cz\/wp-content\/uploads\/2026\/09\/nemecko-clanky-termaly-nemecko-60-42995404-1-1536x1024.jpg 1536w, https:\/\/loudavymkrokem.cz\/wp-content\/uploads\/2026\/09\/nemecko-clanky-termaly-nemecko-60-42995404-1-696x464.jpg 696w, https:\/\/loudavymkrokem.cz\/wp-content\/uploads\/2026\/09\/nemecko-clanky-termaly-nemecko-60-42995404-1-1392x928.jpg 1392w\" sizes=\"(max-width: 1800px) 100vw, 1800px\" \/><\/figure>\n<!-- \/wp:image -->\n\n<!-- wp:heading {\"level\":3} -->\n<h3 class=\"wp-block-heading\"><span class=\"ez-toc-section\" id=\"49_Toskana_Therme_Bad_Sulza_Bad_Sulza\"><\/span>49. Toskana Therme Bad Sulza (Bad Sulza)<span class=\"ez-toc-section-end\"><\/span><\/h3>\n<!-- \/wp:heading -->\n\n<!-- wp:paragraph -->\n<p>Den andra systerfilialen till det ber\u00f6mda badet g\u00f6mmer sig i en lugn th\u00fcringsk stad och <strong>erbjuder samma Liquid Sound-koncept<\/strong> som den i S\u00e4chsische Schweiz. Det \u00e4r ett idealiskt val om du planerar en helg-roadtrip bland sev\u00e4rdheter i mellersta Tyskland och s\u00f6ker en plats d\u00e4r du p\u00e5 kv\u00e4llarna kan \u00e5terh\u00e4mta dig ordentligt. St\u00e4mningen \u00e4r underbart avslappnad h\u00e4r och hela utrymmet inbjuder till l\u00e5ng tyst vila.<\/p>\n<!-- \/wp:paragraph -->\n\n<!-- wp:paragraph -->\n<p>Hj\u00e4rtat i anl\u00e4ggningen \u00e4r <strong>Liquid Sound-templet<\/strong>, d\u00e4r du i saltvatten l\u00e5ter dig glida fram till ackompanjemang av musik under ytan och f\u00e4rgade ljusprojektioner p\u00e5 kupolen. Enligt driftsbolagets beskrivning h\u00f6r <strong>fem kaskadsaltbass\u00e4nger<\/strong> med massagemunstycken, fyra bubbelpooler och en uppv\u00e4rmd utomhussaltbass\u00e4ng till det, s\u00e5 du kan g\u00e5 fr\u00e5n en temperatur till en annan hela dagen. Bastuv\u00e4rlden \u00e4r h\u00e4r en sj\u00e4lvklarhet.<\/p>\n<!-- \/wp:paragraph -->\n\n<!-- wp:paragraph -->\n<p>En stor f\u00f6rdel med Bad Sulza \u00e4r kopplingen till hotellet: <strong>Hotel an der Therme Bad Sulza<\/strong> ligger precis vid badet och f\u00f6rbinds med det via en badrockskorridor, s\u00e5 du har intr\u00e4de till termalbaden inklusive bastuv\u00e4rlden i priset f\u00f6r natten. F\u00f6re bes\u00f6ket, titta p\u00e5 webben, f\u00f6r prislistan f\u00f6r 2026 \u00e4ndras beroende p\u00e5 s\u00e4song. <strong>\ud83d\udca1 Tips:<\/strong> F\u00f6r Liquid Sound, avs\u00e4tt sen eftermiddag, d\u00e5 musik- och ljusshowen brukar vara starkast och det \u00e4r minst folk i bass\u00e4ngen.<\/p>\n<!-- \/wp:paragraph -->\n\n<!-- wp:image {\"id\":415425,\"sizeSlug\":\"full\",\"linkDestination\":\"none\"} -->\n<figure class=\"wp-block-image size-full\"><img decoding=\"async\" width=\"1800\" height=\"1800\" src=\"https:\/\/loudavymkrokem.cz\/wp-content\/uploads\/2026\/09\/nemecko-clanky-termaly-nemecko-61-82598cd9-1.jpg\" alt=\"Bass\u00e4ng p\u00e5 Emser Therme i Bad Ems i kv\u00e4llsbelysning\" class=\"wp-image-415425\" title=\"\" srcset=\"https:\/\/loudavymkrokem.cz\/wp-content\/uploads\/2026\/09\/nemecko-clanky-termaly-nemecko-61-82598cd9-1.jpg 1800w, https:\/\/loudavymkrokem.cz\/wp-content\/uploads\/2026\/09\/nemecko-clanky-termaly-nemecko-61-82598cd9-1-300x300.jpg 300w, https:\/\/loudavymkrokem.cz\/wp-content\/uploads\/2026\/09\/nemecko-clanky-termaly-nemecko-61-82598cd9-1-700x700.jpg 700w, https:\/\/loudavymkrokem.cz\/wp-content\/uploads\/2026\/09\/nemecko-clanky-termaly-nemecko-61-82598cd9-1-150x150.jpg 150w, https:\/\/loudavymkrokem.cz\/wp-content\/uploads\/2026\/09\/nemecko-clanky-termaly-nemecko-61-82598cd9-1-768x768.jpg 768w, https:\/\/loudavymkrokem.cz\/wp-content\/uploads\/2026\/09\/nemecko-clanky-termaly-nemecko-61-82598cd9-1-1536x1536.jpg 1536w, https:\/\/loudavymkrokem.cz\/wp-content\/uploads\/2026\/09\/nemecko-clanky-termaly-nemecko-61-82598cd9-1-696x696.jpg 696w, https:\/\/loudavymkrokem.cz\/wp-content\/uploads\/2026\/09\/nemecko-clanky-termaly-nemecko-61-82598cd9-1-1392x1392.jpg 1392w\" sizes=\"(max-width: 1800px) 100vw, 1800px\" \/><\/figure>\n<!-- \/wp:image -->\n\n<!-- wp:heading -->\n<h2 class=\"wp-block-heading\"><span class=\"ez-toc-section\" id=\"Termalbad_i_Rheinland-Pfalz\"><\/span>Termalbad i Rheinland-Pfalz<span class=\"ez-toc-section-end\"><\/span><\/h2>\n<!-- \/wp:heading -->\n\n<!-- wp:paragraph -->\n<p>Rheinland-Pfalz h\u00f6r kanske inte till de mest k\u00e4nda tyska destinationerna f\u00f6r vattenlekar, men det g\u00f6mmer verkliga p\u00e4rlor. Om du s\u00f6ker <strong>mindre men mycket h\u00f6gkvalitativa bad<\/strong> f\u00e5r du sitt lystm\u00e4te precis h\u00e4r. Till skillnad fr\u00e5n enorma tropiska \u00e4ventyrsbad fulla av vattenrutschbanor hittar du h\u00e4r en mycket lugnare st\u00e4mning. De lokala anl\u00e4ggningarna fokuserar snarare p\u00e5 verklig vila, l\u00e4kande vatten och rej\u00e4lt bastubad i tyst milj\u00f6.<\/p>\n<!-- \/wp:paragraph -->\n\n<!-- wp:paragraph -->\n<p>\u00c5k hit om du vill njuta av de naturliga k\u00e4llornas v\u00e4lg\u00f6rande effekter utan on\u00f6dig stress. K\u00e4nda st\u00e4der som Bad Kreuznach eller Bad Ems lockar med <strong>radon- eller saltvatten<\/strong> som l\u00f6ser upp tr\u00f6tta muskler. Bilresan fr\u00e5n Sverige tar visserligen lite mer tid, men f\u00f6r det gudomliga lugnet och de mindre folkmassorna \u00e4r det v\u00e4rt det. Det \u00e4r helt enkelt ett idealiskt val f\u00f6r en avslappnad l\u00e5nghelg full av avkoppling.<\/p>\n<!-- \/wp:paragraph -->\n\n<!-- wp:image {\"id\":415518,\"sizeSlug\":\"full\",\"linkDestination\":\"none\"} -->\n<figure class=\"wp-block-image size-full\"><img decoding=\"async\" width=\"1800\" height=\"1203\" src=\"https:\/\/loudavymkrokem.cz\/wp-content\/uploads\/2026\/09\/nemecko-clanky-termaly-nemecko-62-7c30d429.jpg\" alt=\"Crucenia Thermen i Bad Kreuznach ovanf\u00f6r floden Nahe\" class=\"wp-image-415518\" title=\"\" srcset=\"https:\/\/loudavymkrokem.cz\/wp-content\/uploads\/2026\/09\/nemecko-clanky-termaly-nemecko-62-7c30d429.jpg 1800w, https:\/\/loudavymkrokem.cz\/wp-content\/uploads\/2026\/09\/nemecko-clanky-termaly-nemecko-62-7c30d429-300x201.jpg 300w, https:\/\/loudavymkrokem.cz\/wp-content\/uploads\/2026\/09\/nemecko-clanky-termaly-nemecko-62-7c30d429-700x468.jpg 700w, https:\/\/loudavymkrokem.cz\/wp-content\/uploads\/2026\/09\/nemecko-clanky-termaly-nemecko-62-7c30d429-768x513.jpg 768w, https:\/\/loudavymkrokem.cz\/wp-content\/uploads\/2026\/09\/nemecko-clanky-termaly-nemecko-62-7c30d429-1536x1027.jpg 1536w, https:\/\/loudavymkrokem.cz\/wp-content\/uploads\/2026\/09\/nemecko-clanky-termaly-nemecko-62-7c30d429-696x465.jpg 696w, https:\/\/loudavymkrokem.cz\/wp-content\/uploads\/2026\/09\/nemecko-clanky-termaly-nemecko-62-7c30d429-1392x930.jpg 1392w\" sizes=\"(max-width: 1800px) 100vw, 1800px\" \/><figcaption class=\"wp-element-caption\">Foto: Pudelek (Marcin Szala) \/ Wikimedia Commons, CC BY-SA 3.0<\/figcaption><\/figure>\n<!-- \/wp:image -->\n\n<!-- wp:heading {\"level\":3} -->\n<h3 class=\"wp-block-heading\"><span class=\"ez-toc-section\" id=\"50_Crucenia_Thermen_Bad_Kreuznach\"><\/span>50. Crucenia Thermen (Bad Kreuznach)<span class=\"ez-toc-section-end\"><\/span><\/h3>\n<!-- \/wp:heading -->\n\n<!-- wp:paragraph -->\n<p>Det h\u00e4r trevliga badet i staden Bad Kreuznach stoltserar med en mycket sympatisk detalj, n\u00e4mligen <strong>officiellt certifierad tillg\u00e4nglighet<\/strong>. Om du sj\u00e4lv har nedsatt r\u00f6rlighet, eller \u00e5ker p\u00e5 helg med n\u00e5gon \u00e4ldre i familjen, blir Crucenia Thermen det ideala valet f\u00f6r dig. Hela komplexet satsar \u00f6verlag snarare p\u00e5 lugn, h\u00e4lsa och l\u00e4gre tempo \u00e4n p\u00e5 vilda vattenattraktioner.<\/p>\n<!-- \/wp:paragraph -->\n\n<!-- wp:paragraph -->\n<p>Du kan se fram emot <strong>tv\u00e5 inomhusbass\u00e4nger och en utomhusbass\u00e4ng<\/strong>, i vilka termalvatten med en temperatur p\u00e5 ungef\u00e4r 33 \u00b0C st\u00e4ndigt str\u00f6mmar. Om du gillar att bl\u00f6ta ner dig l\u00e4nge uppskattar du en ytterligare bass\u00e4ng uppv\u00e4rmd till exakt 30 \u00b0C, som kompletteras av bubbelmassages\u00e4ngar och ett mysigt vilorum. I priset f\u00f6r entr\u00e9n <strong>ing\u00e5r \u00e4ven aquafitness<\/strong>, s\u00e5 du kan \u00e4ven str\u00e4cka p\u00e5 dig lite aktivt. F\u00f6r snabb uppv\u00e4rmning av kroppen fungerar sedan den lokala infrabastun utm\u00e4rkt.<\/p>\n<!-- \/wp:paragraph -->\n\n<!-- wp:paragraph -->\n<p>Vad g\u00e4ller kostnader gl\u00e4djer till\u00e4ggstj\u00e4nsterna, som du f\u00e5r till mycket v\u00e4nliga priser. Enligt prislistan f\u00f6r 2026 betalar du f\u00f6r en <strong>halvtimmes delmassage bara 8 \u20ac<\/strong>, vilket f\u00f6r Tyskland \u00e4r ett riktigt hyfsat pris. Om du vill ge bort en vistelse till n\u00e5gon b\u00f6rjar presentkorten redan p\u00e5 5 \u20ac. <strong>\ud83d\udca1 Tips:<\/strong> \u00c4ven om du inte ska f\u00f6rv\u00e4nta dig en enorm bastupark r\u00e4cker sj\u00e4lva det l\u00e4kande vattnet gott och v\u00e4l f\u00f6r att v\u00e4rma benen efter en heldagsutflykt.<\/p>\n<!-- \/wp:paragraph -->\n\n<!-- wp:image {\"id\":415437,\"sizeSlug\":\"full\",\"linkDestination\":\"none\"} -->\n<figure class=\"wp-block-image size-full\"><img decoding=\"async\" width=\"1800\" height=\"1800\" src=\"https:\/\/loudavymkrokem.cz\/wp-content\/uploads\/2026\/09\/nemecko-clanky-termaly-nemecko-63-ec29e746-1.jpg\" alt=\"Emser Therme (Bad Ems)\" class=\"wp-image-415437\" title=\"\" srcset=\"https:\/\/loudavymkrokem.cz\/wp-content\/uploads\/2026\/09\/nemecko-clanky-termaly-nemecko-63-ec29e746-1.jpg 1800w, https:\/\/loudavymkrokem.cz\/wp-content\/uploads\/2026\/09\/nemecko-clanky-termaly-nemecko-63-ec29e746-1-300x300.jpg 300w, https:\/\/loudavymkrokem.cz\/wp-content\/uploads\/2026\/09\/nemecko-clanky-termaly-nemecko-63-ec29e746-1-700x700.jpg 700w, https:\/\/loudavymkrokem.cz\/wp-content\/uploads\/2026\/09\/nemecko-clanky-termaly-nemecko-63-ec29e746-1-150x150.jpg 150w, https:\/\/loudavymkrokem.cz\/wp-content\/uploads\/2026\/09\/nemecko-clanky-termaly-nemecko-63-ec29e746-1-768x768.jpg 768w, https:\/\/loudavymkrokem.cz\/wp-content\/uploads\/2026\/09\/nemecko-clanky-termaly-nemecko-63-ec29e746-1-1536x1536.jpg 1536w, https:\/\/loudavymkrokem.cz\/wp-content\/uploads\/2026\/09\/nemecko-clanky-termaly-nemecko-63-ec29e746-1-696x696.jpg 696w, https:\/\/loudavymkrokem.cz\/wp-content\/uploads\/2026\/09\/nemecko-clanky-termaly-nemecko-63-ec29e746-1-1392x1392.jpg 1392w\" sizes=\"(max-width: 1800px) 100vw, 1800px\" \/><\/figure>\n<!-- \/wp:image -->\n\n<!-- wp:heading {\"level\":3} -->\n<h3 class=\"wp-block-heading\"><span class=\"ez-toc-section\" id=\"51_Emser_Therme_Bad_Ems\"><\/span>51. Emser Therme (Bad Ems)<span class=\"ez-toc-section-end\"><\/span><\/h3>\n<!-- \/wp:heading -->\n\n<!-- wp:paragraph -->\n<p>Det h\u00e4r vackra badet ligger direkt vid floden Lahns strand och erbjuder dig <strong>6 600 kvadratmeter avkopplingsyta<\/strong>. H\u00e4r hittar du ett vidstr\u00e4ckt termallandskap, en bastupark, ett wellnessgalleri, ett fitnesspanorama och restaurangen Halberts. Emser Therme \u00e4r helt enkelt en enorm och komplex avkopplingsv\u00e4rld d\u00e4r du l\u00e4tt tillbringar en hel dag och \u00e4nd\u00e5 har n\u00e5got att uppt\u00e4cka.<\/p>\n<!-- \/wp:paragraph -->\n\n<!-- wp:paragraph -->\n<p>Vattenlekar njuter du av p\u00e5 <strong>mer \u00e4n 700 kvadratmeter vattenyta<\/strong>. Huvudinomhustermalbass\u00e4ngen v\u00e4lkomnar dig med en temperatur p\u00e5 33 \u00b0C, men den ansluter direkt till en \u00e4nnu varmare zon med 36 \u00b0C. Simma kan du \u00e4ven ute, d\u00e4r vattnet h\u00e5ller 32 till 35 \u00b0C och bjuder p\u00e5 en vacker utsikt \u00f6ver floden. F\u00f6r aktivare simmare g\u00f6mmer anl\u00e4ggningen sedan en <strong>sportbass\u00e4ng med en temperatur p\u00e5 24 till 28 \u00b0C<\/strong> och en s\u00e4rskild bass\u00e4ng f\u00f6r r\u00f6relseaktiviteter.<\/p>\n<!-- \/wp:paragraph -->\n\n<!-- wp:paragraph -->\n<p>Svettnings\u00e4lskare blir f\u00f6rtjusta i den enorma anl\u00e4ggningen som erbjuder \u00f6ver <strong>1 000 kvadratmeter utrymme f\u00f6r bastubad<\/strong>. Det \u00e4r helt enkelt en optimal plats f\u00f6r djup regenerering av kropp och sj\u00e4l. F\u00f6r bastuh\u00e4rdning anv\u00e4nder du en het bass\u00e4ng med 38 \u00b0C och kyler sedan snabbt ner dig i det arton grader kalla isvattnet. <strong>\ud83d\udca1 Tips:<\/strong> Om hungern kommer efter simningen, prova direkt den lokala restaurangen Halberts, s\u00e5 att du inte beh\u00f6ver l\u00e4mna anl\u00e4ggningen alls under dagen.<\/p>\n<!-- \/wp:paragraph -->\n\n<!-- wp:image {\"id\":415441,\"sizeSlug\":\"full\",\"linkDestination\":\"none\"} -->\n<figure class=\"wp-block-image size-full\"><img decoding=\"async\" width=\"1800\" height=\"1350\" src=\"https:\/\/loudavymkrokem.cz\/wp-content\/uploads\/2026\/09\/nemecko-clanky-termaly-nemecko-64-23e551d5-1.jpg\" alt=\"Bastutr\u00e4dg\u00e5rd p\u00e5 vabali spa i Berlin\" class=\"wp-image-415441\" title=\"\" srcset=\"https:\/\/loudavymkrokem.cz\/wp-content\/uploads\/2026\/09\/nemecko-clanky-termaly-nemecko-64-23e551d5-1.jpg 1800w, https:\/\/loudavymkrokem.cz\/wp-content\/uploads\/2026\/09\/nemecko-clanky-termaly-nemecko-64-23e551d5-1-300x225.jpg 300w, https:\/\/loudavymkrokem.cz\/wp-content\/uploads\/2026\/09\/nemecko-clanky-termaly-nemecko-64-23e551d5-1-700x525.jpg 700w, https:\/\/loudavymkrokem.cz\/wp-content\/uploads\/2026\/09\/nemecko-clanky-termaly-nemecko-64-23e551d5-1-768x576.jpg 768w, https:\/\/loudavymkrokem.cz\/wp-content\/uploads\/2026\/09\/nemecko-clanky-termaly-nemecko-64-23e551d5-1-1536x1152.jpg 1536w, https:\/\/loudavymkrokem.cz\/wp-content\/uploads\/2026\/09\/nemecko-clanky-termaly-nemecko-64-23e551d5-1-80x60.jpg 80w, https:\/\/loudavymkrokem.cz\/wp-content\/uploads\/2026\/09\/nemecko-clanky-termaly-nemecko-64-23e551d5-1-160x120.jpg 160w, https:\/\/loudavymkrokem.cz\/wp-content\/uploads\/2026\/09\/nemecko-clanky-termaly-nemecko-64-23e551d5-1-696x522.jpg 696w, https:\/\/loudavymkrokem.cz\/wp-content\/uploads\/2026\/09\/nemecko-clanky-termaly-nemecko-64-23e551d5-1-1392x1044.jpg 1392w\" sizes=\"(max-width: 1800px) 100vw, 1800px\" \/><\/figure>\n<!-- \/wp:image -->\n\n<!-- wp:heading -->\n<h2 class=\"wp-block-heading\"><span class=\"ez-toc-section\" id=\"Praktisk_guide_vad_du_ska_ta_med_med_barn_och_kontanter\"><\/span>Praktisk guide: vad du ska ta med, med barn och kontanter<span class=\"ez-toc-section-end\"><\/span><\/h2>\n<!-- \/wp:heading -->\n\n<!-- wp:paragraph -->\n<p>Innan du \u00e5ker, packa en <strong>stor handduk att sitta p\u00e5 i bastun<\/strong>, f\u00f6r hos tyskarna bastar man strikt utan baddr\u00e4kt och handduken m\u00e5ste vara under hela kroppen. F\u00f6r f\u00f6rflyttning mellan bass\u00e4ngerna passar flip-flops och f\u00f6r sj\u00e4lva badet f\u00f6rst\u00e5s baddr\u00e4kt. Uthyrning av rock eller handduk p\u00e5 plats \u00e4r n\u00e4stan \u00f6verallt mot en avgift, till exempel p\u00e5 Thermen &#038; Badewelt Sinsheim <strong>betalar du 9 \u20ac f\u00f6r en rock och ytterligare 40 \u20ac i deposition<\/strong>. P\u00e5 Kristalltherme Bad Wilsnack kostar handduk och rock 12 \u20ac och du ska f\u00f6rbereda 15 \u20ac i deposition.<\/p>\n<!-- \/wp:paragraph -->\n\n<!-- wp:paragraph -->\n<p>Pl\u00e5nboken kan du med gott samvete l\u00e4mna i sk\u00e5pet, f\u00f6r inuti <strong>betalar man med ett chip eller armband<\/strong> som du f\u00e5r vid entr\u00e9n. R\u00e4kningen f\u00f6r mat och eventuella extraavgifter f\u00f6r l\u00e4ngre vistelse betalar du f\u00f6rst i slutet vid utg\u00e5ngskassan, och vissa anl\u00e4ggningar har inst\u00e4llda kreditgr\u00e4nser, som till exempel Titania Neus\u00e4\u00df med en gr\u00e4ns p\u00e5 50 \u20ac per vuxen. <strong>\ud83d\udca1 Tips:<\/strong> Om du bes\u00f6ker termalbad ofta, fr\u00e5ga efter f\u00f6rbetalda kort, f\u00f6r till exempel i Sinsheim f\u00e5r du med en kredit p\u00e5 150 \u20ac direkt 5 % rabatt p\u00e5 entr\u00e9n.<\/p>\n<!-- \/wp:paragraph -->\n\n<!-- wp:paragraph -->\n<p>Parkering \u00e4r vid de flesta anl\u00e4ggningar l\u00f6st med gener\u00f6sa parkeringsplatser, och vissa st\u00e4llen t\u00e4nker \u00e4ven p\u00e5 husbilar, vilket erbjuder till exempel Adelindis Therme Bad Buchau. P\u00e5 s\u00e5dana Carolus Thermen Aachen <strong>betalar du en avgift p\u00e5 6 \u20ac<\/strong> f\u00f6r garaget under hela bes\u00f6ket och g\u00e5r in i bass\u00e4ngerna bekv\u00e4mt torrskodd.<\/p>\n<!-- \/wp:paragraph -->\n\n<!-- wp:paragraph -->\n<p>Vill du ha lugn? D\u00e5 <strong>hoppa \u00f6ver helger, helgdagar och tyska lov<\/strong>, d\u00e5 det \u00f6verallt inte bara \u00e4r mest fullt, utan ofta \u00e4ven betalas helgtill\u00e4gg p\u00e5 mellan 1,50 och 5 \u20ac. Vissa anl\u00e4ggningar, som VitaSol Therme Bad Salzuflen, <strong>visar till och med den aktuella bel\u00e4ggningen p\u00e5 webben<\/strong>, s\u00e5 du kan kolla lediga platser f\u00f6re avresan. P\u00e5 Spreewald Therme Burg kan du sedan f\u00f6r 7,50 \u20ac boka en specifik solstol i lugnzonen f\u00f6r hela dagen och p\u00e5 s\u00e5 s\u00e4tt vara s\u00e4ker p\u00e5 din plats.<\/p>\n<!-- \/wp:paragraph -->\n\n<!-- wp:paragraph -->\n<p>Barnfamiljer b\u00f6r v\u00e4lja noga i f\u00f6rv\u00e4g, f\u00f6r <strong>vissa anl\u00e4ggningar har strikta \u00e5ldersgr\u00e4nser<\/strong> och satsar snarare p\u00e5 vuxnas tysta vila. Till Thermen &#038; Badewelt Sinsheim sl\u00e4pps du in f\u00f6rst fr\u00e5n 16 \u00e5r och till exempel Mineraltherme B\u00f6blingen sl\u00e4pper inte in barn under fem \u00e5r. D\u00e4remot f\u00e5r barnen p\u00e5 Therme Erding eller Titania Neus\u00e4\u00df med f\u00f6rm\u00e5nliga familjetaxor <strong>rasa fram p\u00e5 vattenrutschbanor och v\u00e5gbass\u00e4nger till lystm\u00e4tet<\/strong>.<\/p>\n<!-- \/wp:paragraph -->\n\n<!-- wp:paragraph -->\n<p>F\u00f6re sj\u00e4lva resan rekommenderar jag att du <strong>kollar den aktuella prislistan f\u00f6r 2026<\/strong> och eventuella tekniska driftstopp direkt p\u00e5 de utvalda badens webb. P\u00e5 s\u00e5 s\u00e4tt slipper du on\u00f6dig besvikelse p\u00e5 plats, f\u00f6r till exempel utomhustermalbass\u00e4ngen p\u00e5 Bodensee-Therme Konstanz genomg\u00e5r renovering \u00e4nda till den 25 september 2026. Det \u00e4r ocks\u00e5 bra att veta att <strong>v\u00e5gbass\u00e4ngen p\u00e5 D\u00fcnen-Therme St. Peter-Ording just nu \u00e4r ur drift<\/strong> liksom den popul\u00e4ra Turbo-Rutsche.<\/p>\n<!-- \/wp:paragraph -->\n\n<!-- wp:heading -->\n<h2 class=\"wp-block-heading\"><span class=\"ez-toc-section\" id=\"Vart_harnast_fler_artiklar_om_termalbad_och_wellness\"><\/span>Vart h\u00e4rn\u00e4st: fler artiklar om termalbad och wellness<span class=\"ez-toc-section-end\"><\/span><\/h2>\n<!-- \/wp:heading -->\n\n<!-- wp:list -->\n<ul class=\"wp-block-list\">\n<!-- wp:list-item -->\n<li><strong><a href=\"https:\/\/loudavymkrokem.cz\/sv\/wellnesshotell-tyskland\/\">Wellnesshotell i Tyskland<\/a><\/strong> &#8211; titta p\u00e5 v\u00e5ra tips p\u00e5 de b\u00e4sta platserna f\u00f6r avkoppling hos v\u00e5ra grannar.<\/li>\n<!-- \/wp:list-item -->\n\n<!-- wp:list-item -->\n<li><strong><a href=\"https:\/\/loudavymkrokem.cz\/sv\/aquaparker-tyskland\/\">B\u00e4sta \u00e4ventyrsbaden i Tyskland<\/a><\/strong> &#8211; om du snarare s\u00f6ker adrenalin och vattenrutschbanor kommer dessa platser att h\u00e4nf\u00f6ra dig.<\/li>\n<!-- \/wp:list-item -->\n\n<!-- wp:list-item -->\n<li><strong><a href=\"https:\/\/loudavymkrokem.cz\/sv\/basta-termalbad-tjeckien\/\">B\u00e4sta termalbaden i Tjeckien<\/a><\/strong> &#8211; uppt\u00e4ck de vackraste tjeckiska anl\u00e4ggningarna.<\/li>\n<!-- \/wp:list-item -->\n\n<!-- wp:list-item -->\n<li><strong><a href=\"https:\/\/loudavymkrokem.cz\/sv\/termalbad-slovakien-basta\/\">Termalbad i Slovakien<\/a><\/strong> &#8211; ta reda p\u00e5 vart du kan \u00e5ka f\u00f6r heta k\u00e4llor och vila i Slovakien.<\/li>\n<!-- \/wp:list-item -->\n\n<!-- wp:list-item -->\n<li><strong><a href=\"https:\/\/loudavymkrokem.cz\/sv\/wellnesshotell-osterrike\/\">Wellnesshotell i \u00d6sterrike<\/a><\/strong> &#8211; inspireras av vackra \u00f6sterrikiska hotell som f\u00f6renar berg och lyxig v\u00e5rd.<\/li>\n<!-- \/wp:list-item -->\n\n<!-- wp:list-item -->\n<li><strong><a href=\"https:\/\/loudavymkrokem.cz\/sv\/neuschwanstein-tyskland-tips\/\">Slottet Neuschwanstein<\/a><\/strong> &#8211; l\u00e4s om det sagolika slottet, f\u00f6r K\u00f6nigliche Kristall-Therme i Schwangau ligger direkt nedanf\u00f6r det.<\/li>\n<!-- \/wp:list-item -->\n\n<\/ul>\n<!-- \/wp:list -->\n\n<!-- wp:heading -->\n<h2 class=\"wp-block-heading\"><span class=\"ez-toc-section\" id=\"Vanliga_fragor\"><\/span>Vanliga fr\u00e5gor<span class=\"ez-toc-section-end\"><\/span><\/h2>\n<!-- \/wp:heading -->\n\n<!-- wp:paragraph -->\n<p>Har du fler fr\u00e5gor om ett bes\u00f6k p\u00e5 tyska bad? Jag har f\u00f6rberett en sammanfattning av de vanligaste fr\u00e5gorna som underl\u00e4ttar planeringen av din resa.<\/p>\n<!-- \/wp:paragraph -->\n\n<!-- wp:rank-math\/faq-block {\"questions\":[{\"id\":\"faq-question-1788420581000\",\"title\":\"Vilket \u00e4r det st\u00f6rsta termalbad i Tyskland?\",\"content\":\"Titeln som Tysklands st\u00f6rsta termalbad innehas av Therme Erding. Enligt deras officiella webbplats hittar du d\u00e4r 40 pooler, 38 bastus och \u00e5ngbad samt hela 28 vattenrutschbanor med en total l\u00e4ngd p\u00e5 \u00f6ver 2 850 meter. Det \u00e4r ett enormt komplex som str\u00e4cker sig \u00f6ver en gigantisk yta och erbjuder heldagsaktiviteter f\u00f6r b\u00e5de vuxna och barn.\",\"visible\":true},{\"id\":\"faq-question-1788420581001\",\"title\":\"Vad kostar intr\u00e4det till ett tyskt termalbad?\",\"content\":\"Prisniv\u00e5n f\u00f6r 2026 ligger typiskt mellan 13 till 21 \u20ac f\u00f6r tv\u00e5 timmars bad. F\u00f6r heldagsintr\u00e4de betalar du vanligtvis fr\u00e5n 18 till 37 \u20ac. Det dyraste i v\u00e5r \u00f6versikt \u00e4r Therme Bad W\u00f6rishofen, d\u00e4r en heldagsbiljett kostar 51 \u20ac. Om du \u00e4ven vill bes\u00f6ka bastuv\u00e4rlden r\u00e4knar du med ett till\u00e4gg p\u00e5 cirka 5 till 10 \u20ac.\",\"visible\":true},{\"id\":\"faq-question-1788420581002\",\"title\":\"M\u00e5ste man g\u00e5 naken i tyska bastus?\",\"content\":\"Ja, i tyska bastus g\u00e5r man strikt utan baddr\u00e4kt. Gl\u00f6m d\u00e4rf\u00f6r inte att ta med dig en stor handduk eller ett lakan, eftersom du m\u00e5ste ha underlag f\u00f6r hela kroppen, inklusive f\u00f6tterna. Om du \u00e4r blyg kan du sl\u00e5 in dig i handduken, men i v\u00e5t baddr\u00e4kt kommer badvakterna inte sl\u00e4ppa in dig av hygieniska sk\u00e4l.\",\"visible\":true},{\"id\":\"faq-question-1788420581003\",\"title\":\"Vilka tyska termalbad ligger n\u00e4rmast svenska resen\u00e4rer?\",\"content\":\"Fr\u00e5n Sverige \u00e4r de flesta tyska termalbaden l\u00e4tt tillg\u00e4ngliga via flyg till M\u00fcnchen eller Berlin. I Bayern n\u00e4ra gr\u00e4nsen till Tjeckien ligger Sibyllenbad i Neualbenreuth, som h\u00f6r till de billigaste. I Sachsiska Schweiz n\u00e4ra H\u0159ensko hittar du Toskana Therme Bad Schandau med sitt k\u00e4nda koncept med musik under vattnet. Fr\u00e5n s\u00f6dra Tyskland via Passau n\u00e5r du ocks\u00e5 l\u00e4tt baden i Bad F\u00fcssing och Bad Griesbach.\",\"visible\":true},{\"id\":\"faq-question-1788420581004\",\"title\":\"F\u00e5r barn bes\u00f6ka tyska termalbad?\",\"content\":\"Det beror p\u00e5 den specifika anl\u00e4ggningen, eftersom m\u00e5nga av dem riktar sig fr\u00e4mst till vuxna. Till exempel sl\u00e4pper Thermen \\u0026 Badewelt Sinsheim bara in ungdomar fr\u00e5n 16 \u00e5r och Mineraltherme B\u00f6blingen till\u00e5ter inte barn under 5 \u00e5r. D\u00e4remot \u00e4r Therme Erding eller Titania Neus\u00e4\u00df perfekta f\u00f6r familjer med barn och erbjuder familjetaxor och attraktioner.\",\"visible\":true},{\"id\":\"faq-question-1788420581005\",\"title\":\"Vad betyder Bademantelgang?\",\"content\":\"Ordet Bademantelgang betecknar en uppv\u00e4rmd korridor som f\u00f6rbinder vissa boenden direkt med termalbadet. Tack vare detta kan du byta om till baddr\u00e4kt och badrock redan i bekv\u00e4mligheten av ditt hotellrum och g\u00e5 till poolerna med s\u00e5 kallade torra f\u00f6tter. Du slipper d\u00e4rmed behovet av att anv\u00e4nda gemensamma omkl\u00e4dningsrum och sk\u00e5p i badet.\",\"visible\":true},{\"id\":\"faq-question-1788420581006\",\"title\":\"M\u00e5ste jag ta med egen handduk och badrock?\",\"content\":\"Ta med egen utrustning, eftersom uthyrning av badrock och handduk n\u00e4stan alltid kostar extra i tyska termalbad och kr\u00e4ver en deposition. Till exempel i Kristalltherme Bad Wilsnack betalar du 5 \u20ac f\u00f6r en handduk och 7 \u20ac f\u00f6r en badrock, och l\u00e4mnar dessutom en deposition p\u00e5 15 \u20ac. Din visit skulle d\u00e4rmed bli on\u00f6digt dyr.\",\"visible\":true},{\"id\":\"faq-question-1788420581007\",\"title\":\"N\u00e4r \u00e4r det minst folk i tyska termalbad?\",\"content\":\"Mest lugn och ro f\u00e5r du under vardagar, helst direkt efter morgon\u00f6ppning eller tv\u00e4rtom p\u00e5 kv\u00e4llstid. Undvik definitivt helger, helgdagar och tyska skollov. M\u00e5nga bad tar dessutom ut till\u00e4gg under helger, vanligtvis mellan 1,50 och 5 \u20ac, s\u00e5 genom att bes\u00f6ka p\u00e5 en vardag sparar du ocks\u00e5 pengar.\",\"visible\":true},{\"id\":\"faq-question-1788420581008\",\"title\":\"Betalar man kurtax i Tyskland?\",\"content\":\"Ja, om du bor i en traditionell kurort betalar du en vistelseskatt kallad Kurbeitrag. I utbyte f\u00e5r du dock vanligtvis ett g\u00e4stkort som ger dig rabatt p\u00e5 intr\u00e4den. Till exempel har g\u00e4ster som bor i omr\u00e5det kring Havel Therme Werder r\u00e4tt till rabatterat intr\u00e4de p\u00e5 vardagar, det r\u00e4cker att visa kortet i kassan.\",\"visible\":true},{\"id\":\"faq-question-1788420581009\",\"title\":\"Vilket tyskt termalbad passar b\u00e4st f\u00f6r familjer med barn?\",\"content\":\"Det utan tvekan b\u00e4sta valet f\u00f6r familjer \u00e4r Therme Erding, d\u00e4r barnen kan rasa p\u00e5 28 vattenrutschkanor och i en stor v\u00e5gmaskin. Utm\u00e4rkta \u00e4r ocks\u00e5 baden Spreewelten Bad L\u00fcbbenau, d\u00e4r du genom en glasv\u00e4gg i poolen kan observera levande pingviner. Utm\u00e4rkt anpassning erbjuder \u00e4ven Titania Neus\u00e4\u00df eller D\u00fcnen-Therme St. Peter-Ording, som har f\u00f6rm\u00e5nliga barntaxor.\",\"visible\":true}]} -->\n<div class=\"wp-block-rank-math-faq-block\"><div class=\"rank-math-faq-item\"><h3 class=\"rank-math-question\"><span class=\"ez-toc-section\" id=\"Vilket_ar_det_storsta_termalbad_i_Tyskland\"><\/span>Vilket \u00e4r det st\u00f6rsta termalbad i Tyskland?<span class=\"ez-toc-section-end\"><\/span><\/h3><div class=\"rank-math-answer\">Titeln som Tysklands st\u00f6rsta termalbad innehas av Therme Erding. Enligt deras officiella webbplats hittar du d\u00e4r 40 pooler, 38 bastus och \u00e5ngbad samt hela 28 vattenrutschbanor med en total l\u00e4ngd p\u00e5 \u00f6ver 2 850 meter. Det \u00e4r ett enormt komplex som str\u00e4cker sig \u00f6ver en gigantisk yta och erbjuder heldagsaktiviteter f\u00f6r b\u00e5de vuxna och barn.<\/div><\/div><div class=\"rank-math-faq-item\"><h3 class=\"rank-math-question\"><span class=\"ez-toc-section\" id=\"Vad_kostar_intradet_till_ett_tyskt_termalbad\"><\/span>Vad kostar intr\u00e4det till ett tyskt termalbad?<span class=\"ez-toc-section-end\"><\/span><\/h3><div class=\"rank-math-answer\">Prisniv\u00e5n f\u00f6r 2026 ligger typiskt mellan 13 till 21 \u20ac f\u00f6r tv\u00e5 timmars bad. F\u00f6r heldagsintr\u00e4de betalar du vanligtvis fr\u00e5n 18 till 37 \u20ac. Det dyraste i v\u00e5r \u00f6versikt \u00e4r Therme Bad W\u00f6rishofen, d\u00e4r en heldagsbiljett kostar 51 \u20ac. Om du \u00e4ven vill bes\u00f6ka bastuv\u00e4rlden r\u00e4knar du med ett till\u00e4gg p\u00e5 cirka 5 till 10 \u20ac.<\/div><\/div><div class=\"rank-math-faq-item\"><h3 class=\"rank-math-question\"><span class=\"ez-toc-section\" id=\"Maste_man_ga_naken_i_tyska_bastus\"><\/span>M\u00e5ste man g\u00e5 naken i tyska bastus?<span class=\"ez-toc-section-end\"><\/span><\/h3><div class=\"rank-math-answer\">Ja, i tyska bastus g\u00e5r man strikt utan baddr\u00e4kt. Gl\u00f6m d\u00e4rf\u00f6r inte att ta med dig en stor handduk eller ett lakan, eftersom du m\u00e5ste ha underlag f\u00f6r hela kroppen, inklusive f\u00f6tterna. Om du \u00e4r blyg kan du sl\u00e5 in dig i handduken, men i v\u00e5t baddr\u00e4kt kommer badvakterna inte sl\u00e4ppa in dig av hygieniska sk\u00e4l.<\/div><\/div><div class=\"rank-math-faq-item\"><h3 class=\"rank-math-question\"><span class=\"ez-toc-section\" id=\"Vilka_tyska_termalbad_ligger_narmast_svenska_resenarer\"><\/span>Vilka tyska termalbad ligger n\u00e4rmast svenska resen\u00e4rer?<span class=\"ez-toc-section-end\"><\/span><\/h3><div class=\"rank-math-answer\">Fr\u00e5n Sverige \u00e4r de flesta tyska termalbaden l\u00e4tt tillg\u00e4ngliga via flyg till M\u00fcnchen eller Berlin. I Bayern n\u00e4ra gr\u00e4nsen till Tjeckien ligger Sibyllenbad i Neualbenreuth, som h\u00f6r till de billigaste. I Sachsiska Schweiz n\u00e4ra H\u0159ensko hittar du Toskana Therme Bad Schandau med sitt k\u00e4nda koncept med musik under vattnet. Fr\u00e5n s\u00f6dra Tyskland via Passau n\u00e5r du ocks\u00e5 l\u00e4tt baden i Bad F\u00fcssing och Bad Griesbach.<\/div><\/div><div class=\"rank-math-faq-item\"><h3 class=\"rank-math-question\"><span class=\"ez-toc-section\" id=\"Far_barn_besoka_tyska_termalbad\"><\/span>F\u00e5r barn bes\u00f6ka tyska termalbad?<span class=\"ez-toc-section-end\"><\/span><\/h3><div class=\"rank-math-answer\">Det beror p\u00e5 den specifika anl\u00e4ggningen, eftersom m\u00e5nga av dem riktar sig fr\u00e4mst till vuxna. Till exempel sl\u00e4pper Thermen &#038; Badewelt Sinsheim bara in ungdomar fr\u00e5n 16 \u00e5r och Mineraltherme B\u00f6blingen till\u00e5ter inte barn under 5 \u00e5r. D\u00e4remot \u00e4r Therme Erding eller Titania Neus\u00e4\u00df perfekta f\u00f6r familjer med barn och erbjuder familjetaxor och attraktioner.<\/div><\/div><div class=\"rank-math-faq-item\"><h3 class=\"rank-math-question\"><span class=\"ez-toc-section\" id=\"Vad_betyder_Bademantelgang\"><\/span>Vad betyder Bademantelgang?<span class=\"ez-toc-section-end\"><\/span><\/h3><div class=\"rank-math-answer\">Ordet Bademantelgang betecknar en uppv\u00e4rmd korridor som f\u00f6rbinder vissa boenden direkt med termalbadet. Tack vare detta kan du byta om till baddr\u00e4kt och badrock redan i bekv\u00e4mligheten av ditt hotellrum och g\u00e5 till poolerna med s\u00e5 kallade torra f\u00f6tter. Du slipper d\u00e4rmed behovet av att anv\u00e4nda gemensamma omkl\u00e4dningsrum och sk\u00e5p i badet.<\/div><\/div><div class=\"rank-math-faq-item\"><h3 class=\"rank-math-question\"><span class=\"ez-toc-section\" id=\"Maste_jag_ta_med_egen_handduk_och_badrock\"><\/span>M\u00e5ste jag ta med egen handduk och badrock?<span class=\"ez-toc-section-end\"><\/span><\/h3><div class=\"rank-math-answer\">Ta med egen utrustning, eftersom uthyrning av badrock och handduk n\u00e4stan alltid kostar extra i tyska termalbad och kr\u00e4ver en deposition. Till exempel i Kristalltherme Bad Wilsnack betalar du 5 \u20ac f\u00f6r en handduk och 7 \u20ac f\u00f6r en badrock, och l\u00e4mnar dessutom en deposition p\u00e5 15 \u20ac. Din visit skulle d\u00e4rmed bli on\u00f6digt dyr.<\/div><\/div><div class=\"rank-math-faq-item\"><h3 class=\"rank-math-question\"><span class=\"ez-toc-section\" id=\"Nar_ar_det_minst_folk_i_tyska_termalbad\"><\/span>N\u00e4r \u00e4r det minst folk i tyska termalbad?<span class=\"ez-toc-section-end\"><\/span><\/h3><div class=\"rank-math-answer\">Mest lugn och ro f\u00e5r du under vardagar, helst direkt efter morgon\u00f6ppning eller tv\u00e4rtom p\u00e5 kv\u00e4llstid. Undvik definitivt helger, helgdagar och tyska skollov. M\u00e5nga bad tar dessutom ut till\u00e4gg under helger, vanligtvis mellan 1,50 och 5 \u20ac, s\u00e5 genom att bes\u00f6ka p\u00e5 en vardag sparar du ocks\u00e5 pengar.<\/div><\/div><div class=\"rank-math-faq-item\"><h3 class=\"rank-math-question\"><span class=\"ez-toc-section\" id=\"Betalar_man_kurtax_i_Tyskland\"><\/span>Betalar man kurtax i Tyskland?<span class=\"ez-toc-section-end\"><\/span><\/h3><div class=\"rank-math-answer\">Ja, om du bor i en traditionell kurort betalar du en vistelseskatt kallad Kurbeitrag. I utbyte f\u00e5r du dock vanligtvis ett g\u00e4stkort som ger dig rabatt p\u00e5 intr\u00e4den. Till exempel har g\u00e4ster som bor i omr\u00e5det kring Havel Therme Werder r\u00e4tt till rabatterat intr\u00e4de p\u00e5 vardagar, det r\u00e4cker att visa kortet i kassan.<\/div><\/div><div class=\"rank-math-faq-item\"><h3 class=\"rank-math-question\"><span class=\"ez-toc-section\" id=\"Vilket_tyskt_termalbad_passar_bast_for_familjer_med_barn\"><\/span>Vilket tyskt termalbad passar b\u00e4st f\u00f6r familjer med barn?<span class=\"ez-toc-section-end\"><\/span><\/h3><div class=\"rank-math-answer\">Det utan tvekan b\u00e4sta valet f\u00f6r familjer \u00e4r Therme Erding, d\u00e4r barnen kan rasa p\u00e5 28 vattenrutschkanor och i en stor v\u00e5gmaskin. Utm\u00e4rkta \u00e4r ocks\u00e5 baden Spreewelten Bad L\u00fcbbenau, d\u00e4r du genom en glasv\u00e4gg i poolen kan observera levande pingviner. Utm\u00e4rkt anpassning erbjuder \u00e4ven Titania Neus\u00e4\u00df eller D\u00fcnen-Therme St. Peter-Ording, som har f\u00f6rm\u00e5nliga barntaxor.<\/div><\/div><\/div>\n<!-- \/wp:rank-math\/faq-block -->","protected":false},"excerpt":{"rendered":"<p>En komplett \u00f6versikt \u00f6ver 51 termalbad i Tyskland uppdelade efter f\u00f6rbundsland: priser 2026, var man badar utan baddr\u00e4kt och var du kan sova direkt vid bass\u00e4ngen.<\/p>\n","protected":false},"author":3,"featured_media":415526,"comment_status":"open","ping_status":"open","sticky":false,"template":"","format":"standard","meta":{"_acf_changed":false,"footnotes":"","rank_math_title":"Termalbad i Tyskland: 51 b\u00e4sta tipsen 2026","rank_math_description":"Uppt\u00e4ck 51 termalbad i Tyskland uppdelade efter f\u00f6rbundsland: priser 2026, bastuetikett och hotell med badrockskorridor. Hitta ditt favoritbad nu!","rank_math_focus_keyword":"termalbad tyskland","rank_math_seo_score":""},"categories":[1178,1162,1198],"tags":[],"class_list":["post-417612","post","type-post","status-publish","format-standard","has-post-thumbnail","category-europa","category-resor","category-tyskland"],"acf":[],"featured_image_src":"https:\/\/loudavymkrokem.cz\/wp-content\/uploads\/2026\/09\/nemecko-clanky-termaly-nemecko-featured-c2c297a7.jpg","author_info":{"display_name":"Lucie Kone\u010dn\u00e1","author_link":"https:\/\/loudavymkrokem.cz\/sv\/author\/lucie-konecna\/"},"_links":{"self":[{"href":"https:\/\/loudavymkrokem.cz\/sv\/wp-json\/wp\/v2\/posts\/417612","targetHints":{"allow":["GET"]}}],"collection":[{"href":"https:\/\/loudavymkrokem.cz\/sv\/wp-json\/wp\/v2\/posts"}],"about":[{"href":"https:\/\/loudavymkrokem.cz\/sv\/wp-json\/wp\/v2\/types\/post"}],"author":[{"embeddable":true,"href":"https:\/\/loudavymkrokem.cz\/sv\/wp-json\/wp\/v2\/users\/3"}],"replies":[{"embeddable":true,"href":"https:\/\/loudavymkrokem.cz\/sv\/wp-json\/wp\/v2\/comments?post=417612"}],"version-history":[{"count":2,"href":"https:\/\/loudavymkrokem.cz\/sv\/wp-json\/wp\/v2\/posts\/417612\/revisions"}],"predecessor-version":[{"id":417614,"href":"https:\/\/loudavymkrokem.cz\/sv\/wp-json\/wp\/v2\/posts\/417612\/revisions\/417614"}],"wp:featuredmedia":[{"embeddable":true,"href":"https:\/\/loudavymkrokem.cz\/sv\/wp-json\/wp\/v2\/media\/415526"}],"wp:attachment":[{"href":"https:\/\/loudavymkrokem.cz\/sv\/wp-json\/wp\/v2\/media?parent=417612"}],"wp:term":[{"taxonomy":"category","embeddable":true,"href":"https:\/\/loudavymkrokem.cz\/sv\/wp-json\/wp\/v2\/categories?post=417612"},{"taxonomy":"post_tag","embeddable":true,"href":"https:\/\/loudavymkrokem.cz\/sv\/wp-json\/wp\/v2\/tags?post=417612"}],"curies":[{"name":"wp","href":"https:\/\/api.w.org\/{rel}","templated":true}]}}