{"id":417609,"date":"2026-09-01T21:10:41","date_gmt":"2026-09-01T19:10:41","guid":{"rendered":"https:\/\/loudavymkrokem.cz\/rio-de-janeiro-brasilien-tips\/"},"modified":"2026-09-05T16:48:22","modified_gmt":"2026-09-05T14:48:22","slug":"rio-de-janeiro-brasilien-tips","status":"publish","type":"post","link":"https:\/\/loudavymkrokem.cz\/sv\/rio-de-janeiro-brasilien-tips\/","title":{"rendered":"Rio de Janeiro, Brasilien: 22 tips p\u00e5 vad du kan se och g\u00f6ra 2026"},"content":{"rendered":"\n<p class=\"wp-block-paragraph\">Om du funderar p\u00e5 en resa till Sydamerika och letar efter ett resm\u00e5l fullt av f\u00e4rg och otyglad energi, kommer den brasilianska metropolen garanterat att f\u00e4ngsla dig. <strong>Rio de Janeiro \u00e4r en stad av otroliga kontraster<\/strong>, d\u00e4r modern arkitektur fl\u00e4tas samman med vild natur och d\u00e4r gyllene str\u00e4nder mjukt \u00f6verg\u00e5r i t\u00e4ta gr\u00f6na regnskogar. Du har mycket att se fram emot: h\u00e4nf\u00f6rande vyer och en rik kultur full av musik.<\/p>\n\n\n\n<p class=\"wp-block-paragraph\">Att planera en vistelse i denna tropiska p\u00e4rla kr\u00e4ver ett lite annorlunda tillv\u00e4gag\u00e5ngss\u00e4tt, eftersom <strong>Rio planeras framf\u00f6r allt efter v\u00e4dret<\/strong> och inte efter en fast lista med sev\u00e4rdheter. De tv\u00e5 mest ber\u00f6mda platserna \u00e4r n\u00e4mligen h\u00f6gt bel\u00e4gna utsiktspunkter som helt f\u00f6rlorar sin mening utan god sikt. Jag rekommenderar d\u00e4rf\u00f6r att du l\u00e4mnar gott om luft i ditt schema och reagerar flexibelt p\u00e5 morgondimma eller klar himmel.<\/p>\n\n\n\n<p class=\"wp-block-paragraph\">Fr\u00e5n ikoniska str\u00e4nder till g\u00f6mda museer \u2013 h\u00e4r hittar du allt du beh\u00f6ver veta f\u00f6r att s\u00e4tta ihop ditt program precis som du vill. Och eftersom r\u00e4tt orientering bland stadsdelarna \u00e4r halva framg\u00e5ngen, l\u00e4gger jag \u00e4ven till praktiska r\u00e5d om s\u00e4kerhet och boende.<\/p>\n\n\n\n<figure data-wp-context=\"{&quot;imageId&quot;:&quot;6a9c4ed708e6c&quot;}\" data-wp-interactive=\"core\/image\" data-wp-key=\"6a9c4ed708e6c\" class=\"wp-block-image size-full wp-lightbox-container\"><img decoding=\"async\" width=\"1920\" height=\"1440\" data-wp-class--hide=\"state.isContentHidden\" data-wp-class--show=\"state.isContentVisible\" data-wp-init=\"callbacks.setButtonStyles\" data-wp-on--click=\"actions.showLightbox\" data-wp-on--load=\"callbacks.setButtonStyles\" data-wp-on--pointerdown=\"actions.preloadImage\" data-wp-on--pointerenter=\"actions.preloadImageWithDelay\" data-wp-on--pointerleave=\"actions.cancelPreload\" data-wp-on-window--resize=\"callbacks.setButtonStyles\" src=\"https:\/\/loudavymkrokem.cz\/wp-content\/uploads\/2026\/09\/panorama-ria-s-cukrovou-homoli-49cf45de.jpg\" alt=\"Panorama \u00f6ver Rio med Sockertoppen\" class=\"wp-image-413354\" title=\"\" srcset=\"https:\/\/loudavymkrokem.cz\/wp-content\/uploads\/2026\/09\/panorama-ria-s-cukrovou-homoli-49cf45de.jpg 1920w, https:\/\/loudavymkrokem.cz\/wp-content\/uploads\/2026\/09\/panorama-ria-s-cukrovou-homoli-49cf45de-300x225.jpg 300w, https:\/\/loudavymkrokem.cz\/wp-content\/uploads\/2026\/09\/panorama-ria-s-cukrovou-homoli-49cf45de-700x525.jpg 700w, https:\/\/loudavymkrokem.cz\/wp-content\/uploads\/2026\/09\/panorama-ria-s-cukrovou-homoli-49cf45de-768x576.jpg 768w, https:\/\/loudavymkrokem.cz\/wp-content\/uploads\/2026\/09\/panorama-ria-s-cukrovou-homoli-49cf45de-1536x1152.jpg 1536w, https:\/\/loudavymkrokem.cz\/wp-content\/uploads\/2026\/09\/panorama-ria-s-cukrovou-homoli-49cf45de-80x60.jpg 80w, https:\/\/loudavymkrokem.cz\/wp-content\/uploads\/2026\/09\/panorama-ria-s-cukrovou-homoli-49cf45de-160x120.jpg 160w, https:\/\/loudavymkrokem.cz\/wp-content\/uploads\/2026\/09\/panorama-ria-s-cukrovou-homoli-49cf45de-696x522.jpg 696w, https:\/\/loudavymkrokem.cz\/wp-content\/uploads\/2026\/09\/panorama-ria-s-cukrovou-homoli-49cf45de-1392x1044.jpg 1392w\" sizes=\"(max-width: 1920px) 100vw, 1920px\" \/><button\n\t\t\tclass=\"lightbox-trigger\"\n\t\t\ttype=\"button\"\n\t\t\taria-haspopup=\"dialog\"\n\t\t\tdata-wp-bind--aria-label=\"state.thisImage.triggerButtonAriaLabel\"\n\t\t\tdata-wp-init=\"callbacks.initTriggerButton\"\n\t\t\tdata-wp-on--click=\"actions.showLightbox\"\n\t\t\tdata-wp-style--right=\"state.thisImage.buttonRight\"\n\t\t\tdata-wp-style--top=\"state.thisImage.buttonTop\"\n\t\t>\n\t\t\t<svg xmlns=\"http:\/\/www.w3.org\/2000\/svg\" width=\"12\" height=\"12\" fill=\"none\" viewBox=\"0 0 12 12\">\n\t\t\t\t<path fill=\"#fff\" d=\"M2 0a2 2 0 0 0-2 2v2h1.5V2a.5.5 0 0 1 .5-.5h2V0H2Zm2 10.5H2a.5.5 0 0 1-.5-.5V8H0v2a2 2 0 0 0 2 2h2v-1.5ZM8 12v-1.5h2a.5.5 0 0 0 .5-.5V8H12v2a2 2 0 0 1-2 2H8Zm2-12a2 2 0 0 1 2 2v2h-1.5V2a.5.5 0 0 0-.5-.5H8V0h2Z\" \/>\n\t\t\t<\/svg>\n\t\t<\/button><figcaption class=\"wp-element-caption\">Foto: Acediscovery \/ Wikimedia Commons, CC BY 4.0<\/figcaption><\/figure>\n\n\n\n<div id=\"ez-toc-container\" class=\"ez-toc-v2_0_87 ez-toc-wrap-left counter-hierarchy ez-toc-counter ez-toc-grey ez-toc-container-direction\">\n<div class=\"ez-toc-title-container\">\n<p class=\"ez-toc-title\" style=\"cursor:inherit\">Artikelns inneh\u00e5ll<\/p>\n<span class=\"ez-toc-title-toggle\"><a href=\"#\" class=\"ez-toc-pull-right ez-toc-btn ez-toc-btn-xs ez-toc-btn-default ez-toc-toggle\" aria-label=\"Toggle Table of Content\"><span class=\"ez-toc-js-icon-con\"><span class=\"\"><span class=\"eztoc-hide\" style=\"display:none;\">Toggle<\/span><span class=\"ez-toc-icon-toggle-span\"><svg style=\"fill: #999;color:#999\" xmlns=\"http:\/\/www.w3.org\/2000\/svg\" class=\"list-377408\" width=\"20px\" height=\"20px\" viewBox=\"0 0 24 24\" fill=\"none\"><path d=\"M6 6H4v2h2V6zm14 0H8v2h12V6zM4 11h2v2H4v-2zm16 0H8v2h12v-2zM4 16h2v2H4v-2zm16 0H8v2h12v-2z\" fill=\"currentColor\"><\/path><\/svg><svg style=\"fill: #999;color:#999\" class=\"arrow-unsorted-368013\" xmlns=\"http:\/\/www.w3.org\/2000\/svg\" width=\"10px\" height=\"10px\" viewBox=\"0 0 24 24\" version=\"1.2\" baseProfile=\"tiny\"><path d=\"M18.2 9.3l-6.2-6.3-6.2 6.3c-.2.2-.3.4-.3.7s.1.5.3.7c.2.2.4.3.7.3h11c.3 0 .5-.1.7-.3.2-.2.3-.5.3-.7s-.1-.5-.3-.7zM5.8 14.7l6.2 6.3 6.2-6.3c.2-.2.3-.5.3-.7s-.1-.5-.3-.7c-.2-.2-.4-.3-.7-.3h-11c-.3 0-.5.1-.7.3-.2.2-.3.5-.3.7s.1.5.3.7z\"\/><\/svg><\/span><\/span><\/span><\/a><\/span><\/div>\n<nav><ul class='ez-toc-list ez-toc-list-level-1 ' ><ul class='ez-toc-list-level-3' ><li class='ez-toc-heading-level-3'><a class=\"ez-toc-link ez-toc-heading-1\" href=\"https:\/\/loudavymkrokem.cz\/sv\/rio-de-janeiro-brasilien-tips\/#Sammanfattning_for_dig_som_inte_hinner_lasa_hela_artikeln\" >Sammanfattning f\u00f6r dig som inte hinner l\u00e4sa hela artikeln<\/a><\/li><\/ul><\/li><li class='ez-toc-page-1 ez-toc-heading-level-2'><a class=\"ez-toc-link ez-toc-heading-2\" href=\"https:\/\/loudavymkrokem.cz\/sv\/rio-de-janeiro-brasilien-tips\/#Nar_ska_du_resa_till_Rio_de_Janeiro\" >N\u00e4r ska du resa till Rio de Janeiro<\/a><\/li><li class='ez-toc-page-1 ez-toc-heading-level-2'><a class=\"ez-toc-link ez-toc-heading-3\" href=\"https:\/\/loudavymkrokem.cz\/sv\/rio-de-janeiro-brasilien-tips\/#Sakerhet_i_Rio_de_Janeiro_sa_njuter_du_av_semestern_utan_oro\" >S\u00e4kerhet i Rio de Janeiro: s\u00e5 njuter du av semestern utan oro<\/a><\/li><li class='ez-toc-page-1 ez-toc-heading-level-2'><a class=\"ez-toc-link ez-toc-heading-4\" href=\"https:\/\/loudavymkrokem.cz\/sv\/rio-de-janeiro-brasilien-tips\/#Var_du_ska_bo_i_Rio_de_Janeiro\" >Var du ska bo i Rio de Janeiro<\/a><\/li><li class='ez-toc-page-1 ez-toc-heading-level-2'><a class=\"ez-toc-link ez-toc-heading-5\" href=\"https:\/\/loudavymkrokem.cz\/sv\/rio-de-janeiro-brasilien-tips\/#22_tips_pa_vad_du_kan_se_och_gora_i_Rio_de_Janeiro\" >22 tips p\u00e5 vad du kan se och g\u00f6ra i Rio de Janeiro<\/a><ul class='ez-toc-list-level-3' ><li class='ez-toc-heading-level-3'><a class=\"ez-toc-link ez-toc-heading-6\" href=\"https:\/\/loudavymkrokem.cz\/sv\/rio-de-janeiro-brasilien-tips\/#1_Kristusstatyn_Christ_the_Redeemer\" >1. Kristusstatyn (Christ the Redeemer)<\/a><\/li><li class='ez-toc-page-1 ez-toc-heading-level-3'><a class=\"ez-toc-link ez-toc-heading-7\" href=\"https:\/\/loudavymkrokem.cz\/sv\/rio-de-janeiro-brasilien-tips\/#2_Linbanan_till_Sockertoppen_Pao_de_Acucar\" >2. Linbanan till Sockertoppen (P\u00e3o de A\u00e7\u00facar)<\/a><\/li><li class='ez-toc-page-1 ez-toc-heading-level-3'><a class=\"ez-toc-link ez-toc-heading-8\" href=\"https:\/\/loudavymkrokem.cz\/sv\/rio-de-janeiro-brasilien-tips\/#3_Stranden_Copacabana_och_Forte_de_Copacabana\" >3. Stranden Copacabana och Forte de Copacabana<\/a><\/li><li class='ez-toc-page-1 ez-toc-heading-level-3'><a class=\"ez-toc-link ez-toc-heading-9\" href=\"https:\/\/loudavymkrokem.cz\/sv\/rio-de-janeiro-brasilien-tips\/#4_Stranden_Ipanema_och_systemet_med_livraddarstationer\" >4. Stranden Ipanema och systemet med livr\u00e4ddarstationer<\/a><\/li><li class='ez-toc-page-1 ez-toc-heading-level-3'><a class=\"ez-toc-link ez-toc-heading-10\" href=\"https:\/\/loudavymkrokem.cz\/sv\/rio-de-janeiro-brasilien-tips\/#5_Stranden_Leblon_och_utsiktspunkten_Mirante_do_Leblon\" >5. Stranden Leblon och utsiktspunkten Mirante do Leblon<\/a><\/li><li class='ez-toc-page-1 ez-toc-heading-level-3'><a class=\"ez-toc-link ez-toc-heading-11\" href=\"https:\/\/loudavymkrokem.cz\/sv\/rio-de-janeiro-brasilien-tips\/#6_Klippudden_Pedra_do_Arpoador\" >6. Klippudden Pedra do Arpoador<\/a><\/li><li class='ez-toc-page-1 ez-toc-heading-level-3'><a class=\"ez-toc-link ez-toc-heading-12\" href=\"https:\/\/loudavymkrokem.cz\/sv\/rio-de-janeiro-brasilien-tips\/#7_Trappan_Escadaria_Selaron\" >7. Trappan Escadaria Selar\u00f3n<\/a><\/li><li class='ez-toc-page-1 ez-toc-heading-level-3'><a class=\"ez-toc-link ez-toc-heading-13\" href=\"https:\/\/loudavymkrokem.cz\/sv\/rio-de-janeiro-brasilien-tips\/#8_Stadsdelen_Santa_Teresa_och_den_historiska_sparvagnen\" >8. Stadsdelen Santa Teresa och den historiska sp\u00e5rvagnen<\/a><\/li><li class='ez-toc-page-1 ez-toc-heading-level-3'><a class=\"ez-toc-link ez-toc-heading-14\" href=\"https:\/\/loudavymkrokem.cz\/sv\/rio-de-janeiro-brasilien-tips\/#9_Akvedukten_Arcos_da_Lapa\" >9. Akvedukten Arcos da Lapa<\/a><\/li><li class='ez-toc-page-1 ez-toc-heading-level-3'><a class=\"ez-toc-link ez-toc-heading-15\" href=\"https:\/\/loudavymkrokem.cz\/sv\/rio-de-janeiro-brasilien-tips\/#10_Galleriet_Parque_das_Ruinas\" >10. Galleriet Parque das Ru\u00ednas<\/a><\/li><li class='ez-toc-page-1 ez-toc-heading-level-3'><a class=\"ez-toc-link ez-toc-heading-16\" href=\"https:\/\/loudavymkrokem.cz\/sv\/rio-de-janeiro-brasilien-tips\/#11_Regnskogen_mitt_i_staden_%E2%80%93_Tijuca_National_Park\" >11. Regnskogen mitt i staden \u2013 Tijuca National Park<\/a><\/li><li class='ez-toc-page-1 ez-toc-heading-level-3'><a class=\"ez-toc-link ez-toc-heading-17\" href=\"https:\/\/loudavymkrokem.cz\/sv\/rio-de-janeiro-brasilien-tips\/#12_Utsiktspunkten_Mirante_Dona_Marta\" >12. Utsiktspunkten Mirante Dona Marta<\/a><\/li><li class='ez-toc-page-1 ez-toc-heading-level-3'><a class=\"ez-toc-link ez-toc-heading-18\" href=\"https:\/\/loudavymkrokem.cz\/sv\/rio-de-janeiro-brasilien-tips\/#13_Den_kinesiska_paviljongen_Vista_Chinesa\" >13. Den kinesiska paviljongen Vista Chinesa<\/a><\/li><li class='ez-toc-page-1 ez-toc-heading-level-3'><a class=\"ez-toc-link ez-toc-heading-19\" href=\"https:\/\/loudavymkrokem.cz\/sv\/rio-de-janeiro-brasilien-tips\/#14_Tradgardarna_och_villan_Parque_Lage\" >14. Tr\u00e4dg\u00e5rdarna och villan Parque Lage<\/a><\/li><li class='ez-toc-page-1 ez-toc-heading-level-3'><a class=\"ez-toc-link ez-toc-heading-20\" href=\"https:\/\/loudavymkrokem.cz\/sv\/rio-de-janeiro-brasilien-tips\/#15_Morgondagens_museum_Museu_do_Amanha\" >15. Morgondagens museum (Museu do Amanh\u00e3)<\/a><\/li><li class='ez-toc-page-1 ez-toc-heading-level-3'><a class=\"ez-toc-link ez-toc-heading-21\" href=\"https:\/\/loudavymkrokem.cz\/sv\/rio-de-janeiro-brasilien-tips\/#16_Konstmuseet_MAR_Rio_Museum_of_Art\" >16. Konstmuseet MAR (Rio Museum of Art)<\/a><\/li><li class='ez-toc-page-1 ez-toc-heading-level-3'><a class=\"ez-toc-link ez-toc-heading-22\" href=\"https:\/\/loudavymkrokem.cz\/sv\/rio-de-janeiro-brasilien-tips\/#17_Centro_Cultural_Banco_do_Brasil_CCBB\" >17. Centro Cultural Banco do Brasil (CCBB)<\/a><\/li><li class='ez-toc-page-1 ez-toc-heading-level-3'><a class=\"ez-toc-link ez-toc-heading-23\" href=\"https:\/\/loudavymkrokem.cz\/sv\/rio-de-janeiro-brasilien-tips\/#18_Theatro_Municipal_do_Rio_de_Janeiro\" >18. Theatro Municipal do Rio de Janeiro<\/a><\/li><li class='ez-toc-page-1 ez-toc-heading-level-3'><a class=\"ez-toc-link ez-toc-heading-24\" href=\"https:\/\/loudavymkrokem.cz\/sv\/rio-de-janeiro-brasilien-tips\/#19_Catedral_Metropolitana_de_Sao_Sebastiao\" >19. Catedral Metropolitana de S\u00e3o Sebasti\u00e3o<\/a><\/li><li class='ez-toc-page-1 ez-toc-heading-level-3'><a class=\"ez-toc-link ez-toc-heading-25\" href=\"https:\/\/loudavymkrokem.cz\/sv\/rio-de-janeiro-brasilien-tips\/#20_Museu_da_Republica_Palacio_do_Catete\" >20. Museu da Rep\u00fablica (Pal\u00e1cio do Catete)<\/a><\/li><li class='ez-toc-page-1 ez-toc-heading-level-3'><a class=\"ez-toc-link ez-toc-heading-26\" href=\"https:\/\/loudavymkrokem.cz\/sv\/rio-de-janeiro-brasilien-tips\/#21_Espaco_Cultural_da_Marinha\" >21. Espa\u00e7o Cultural da Marinha<\/a><\/li><li class='ez-toc-page-1 ez-toc-heading-level-3'><a class=\"ez-toc-link ez-toc-heading-27\" href=\"https:\/\/loudavymkrokem.cz\/sv\/rio-de-janeiro-brasilien-tips\/#22_Stranden_Praia_Vermelha_under_Sockertoppen\" >22. Stranden Praia Vermelha under Sockertoppen<\/a><\/li><\/ul><\/li><li class='ez-toc-page-1 ez-toc-heading-level-2'><a class=\"ez-toc-link ez-toc-heading-28\" href=\"https:\/\/loudavymkrokem.cz\/sv\/rio-de-janeiro-brasilien-tips\/#Vart_du_kan_resa_vidare_fran_Rio_de_Janeiro\" >Vart du kan resa vidare fr\u00e5n Rio de Janeiro<\/a><\/li><li class='ez-toc-page-1 ez-toc-heading-level-2'><a class=\"ez-toc-link ez-toc-heading-29\" href=\"https:\/\/loudavymkrokem.cz\/sv\/rio-de-janeiro-brasilien-tips\/#Vanliga_fragor\" >Vanliga fr\u00e5gor<\/a><ul class='ez-toc-list-level-3' ><li class='ez-toc-heading-level-3'><a class=\"ez-toc-link ez-toc-heading-30\" href=\"https:\/\/loudavymkrokem.cz\/sv\/rio-de-janeiro-brasilien-tips\/#Ar_Rio_de_Janeiro_sakert_for_turister\" >\u00c4r Rio de Janeiro s\u00e4kert f\u00f6r turister?<\/a><\/li><li class='ez-toc-page-1 ez-toc-heading-level-3'><a class=\"ez-toc-link ez-toc-heading-31\" href=\"https:\/\/loudavymkrokem.cz\/sv\/rio-de-janeiro-brasilien-tips\/#Hur_manga_dagar_behover_jag_for_att_besoka_Rio\" >Hur m\u00e5nga dagar beh\u00f6ver jag f\u00f6r att bes\u00f6ka Rio?<\/a><\/li><li class='ez-toc-page-1 ez-toc-heading-level-3'><a class=\"ez-toc-link ez-toc-heading-32\" href=\"https:\/\/loudavymkrokem.cz\/sv\/rio-de-janeiro-brasilien-tips\/#Hur_tar_jag_mig_bast_till_Kristusstatyn\" >Hur tar jag mig b\u00e4st till Kristusstatyn?<\/a><\/li><li class='ez-toc-page-1 ez-toc-heading-level-3'><a class=\"ez-toc-link ez-toc-heading-33\" href=\"https:\/\/loudavymkrokem.cz\/sv\/rio-de-janeiro-brasilien-tips\/#Nar_ar_den_basta_tiden_att_resa_till_Brasilien\" >N\u00e4r \u00e4r den b\u00e4sta tiden att resa till Brasilien?<\/a><\/li><li class='ez-toc-page-1 ez-toc-heading-level-3'><a class=\"ez-toc-link ez-toc-heading-34\" href=\"https:\/\/loudavymkrokem.cz\/sv\/rio-de-janeiro-brasilien-tips\/#Kan_jag_bada_pa_stranderna_i_Rio_efter_morkrets_inbrott\" >Kan jag bada p\u00e5 str\u00e4nderna i Rio efter m\u00f6rkrets inbrott?<\/a><\/li><li class='ez-toc-page-1 ez-toc-heading-level-3'><a class=\"ez-toc-link ez-toc-heading-35\" href=\"https:\/\/loudavymkrokem.cz\/sv\/rio-de-janeiro-brasilien-tips\/#Hur_tar_jag_mig_runt_i_staden_och_ar_kollektivtrafiken_saker\" >Hur tar jag mig runt i staden och \u00e4r kollektivtrafiken s\u00e4ker?<\/a><\/li><li class='ez-toc-page-1 ez-toc-heading-level-3'><a class=\"ez-toc-link ez-toc-heading-36\" href=\"https:\/\/loudavymkrokem.cz\/sv\/rio-de-janeiro-brasilien-tips\/#Vad_kan_jag_ata_i_Rio_om_jag_inte_ater_kott\" >Vad kan jag \u00e4ta i Rio om jag inte \u00e4ter k\u00f6tt?<\/a><\/li><li class='ez-toc-page-1 ez-toc-heading-level-3'><a class=\"ez-toc-link ez-toc-heading-37\" href=\"https:\/\/loudavymkrokem.cz\/sv\/rio-de-janeiro-brasilien-tips\/#Lonar_det_sig_att_kopa_biljetter_till_sevardheter_langt_i_forvag\" >L\u00f6nar det sig att k\u00f6pa biljetter till sev\u00e4rdheter l\u00e5ngt i f\u00f6rv\u00e4g?<\/a><\/li><\/ul><\/li><\/ul><\/nav><\/div>\n<h3 class=\"wp-block-heading\"><span class=\"ez-toc-section\" id=\"Sammanfattning_for_dig_som_inte_hinner_lasa_hela_artikeln\"><\/span>Sammanfattning f\u00f6r dig som inte hinner l\u00e4sa hela artikeln<span class=\"ez-toc-section-end\"><\/span><\/h3>\n\n\n\n<ul class=\"wp-block-list\">\n\n<li><strong>Planera efter molnen:<\/strong> De mest ber\u00f6mda sev\u00e4rdheterna som Kristusstatyn och Sockertoppen \u00e4r meningsl\u00f6sa i dimma, s\u00e5 reservera din klaraste morgon f\u00f6r dem.<\/li>\n\n\n\n<li><strong>S\u00e4kerheten har sina regler:<\/strong> H\u00e5ll dig inom det s\u00e5 kallade turists\u00e4kra b\u00e4ltet i s\u00f6dra zonen och anv\u00e4nd alltid en p\u00e5litlig Uber f\u00f6r f\u00f6rflyttningar efter m\u00f6rkrets inbrott.<\/li>\n\n\n\n<li><strong>Tre v\u00e4gar till Kristusstatyn:<\/strong> Du tar dig upp med den dyra kuggbanan, den billigare minibussen eller helt gratis via en kr\u00e4vande vandring genom regnskogen fr\u00e5n Parque Lage.<\/li>\n\n\n\n<li><strong>Systemet med livr\u00e4ddarstationer:<\/strong> Str\u00e4nderna delas in efter numrerade kiosker som kallas postos, d\u00e4r den ber\u00f6mda Posto 9 p\u00e5 Ipanema r\u00e4knas som den livligaste m\u00f6tesplatsen.<\/li>\n\n\n\n<li><strong>Billigare Sockertoppen:<\/strong> Om du vandrar den f\u00f6rsta str\u00e4ckan till fots via leden Trilha do Morro da Urca sparar du direkt h\u00e4lften av priset p\u00e5 linbanan.<\/li>\n\n\n\n<li><strong>Regnskog mitt i staden:<\/strong> Innanf\u00f6r stadens gr\u00e4nser breder nationalparken Tijuca ut sig och erbjuder en fantastisk flykt fr\u00e5n hettan in i skuggan av enorma tr\u00e4d.<\/li>\n\n\n\n<li><strong>Lokala godsaker utan k\u00f6tt:<\/strong> Det brasilianska k\u00f6ket \u00e4lskar k\u00f6tt, men p\u00e5 stranden kan du njuta av uppfriskande a\u00e7a\u00ed, ostbullar (p\u00e3o de queijo) eller f\u00e4rskt kokosvatten.<\/li>\n\n\n<\/ul>\n\n\n\n<h2 class=\"wp-block-heading\"><span class=\"ez-toc-section\" id=\"Nar_ska_du_resa_till_Rio_de_Janeiro\"><\/span>N\u00e4r ska du resa till Rio de Janeiro<span class=\"ez-toc-section-end\"><\/span><\/h2>\n\n\n\n<p class=\"wp-block-paragraph\">Ditt val av resdatum p\u00e5verkar inte bara din budget utan \u00e4ven hela ditt helhetsintryck av den heta staden. <strong>B\u00e4sta tiden att bes\u00f6ka \u00e4r fr\u00e5n april till juni och sedan fr\u00e5n augusti till oktober<\/strong>, d\u00e5 temperaturen \u00e4r v\u00e4ldigt behaglig och du slipper de v\u00e4rsta tropiska skyfallen. Under dessa m\u00e5nader \u00e4r himlen ofta underbart klar, vilket \u00e4r helt avg\u00f6rande f\u00f6r bes\u00f6k p\u00e5 alla h\u00f6gt bel\u00e4gna utsiktspunkter som hela Rio-upplevelsen vilar p\u00e5.<\/p>\n\n\n\n<p class=\"wp-block-paragraph\">Om du vill uppleva staden n\u00e4r den kokar som mest m\u00e5ste du \u00e5ka under den lokala sommaren, som infaller under v\u00e5ra vinterm\u00e5nader. <strong>Karnevalen och det storslagna ny\u00e5rsfirandet p\u00e5 Copacabana inneb\u00e4r \u00e5rets h\u00f6gsta priser<\/strong>, och b\u00e5de hotell och flygbiljetter \u00e4r hoppl\u00f6st uts\u00e5lda m\u00e5nga m\u00e5nader i f\u00f6rv\u00e4g. Du m\u00e5ste ocks\u00e5 f\u00f6rbereda dig p\u00e5 extrem luftfuktighet och br\u00e4nnande hetta som kan \u00f6verstiga fyrtio grader, vilket verkligen tar p\u00e5 krafterna n\u00e4r du g\u00e5r runt bland sev\u00e4rdheterna.<\/p>\n\n\n\n<p class=\"wp-block-paragraph\">Oavsett vilken m\u00e5nad du v\u00e4ljer, gl\u00f6m inte den gyllene regeln om flexibel planering som vi redan pratat om. <strong>H\u00e5ll \u00e5tminstone tv\u00e5 till tre dagar i reserv<\/strong> s\u00e5 att du kan ge dig av till Corcovado exakt den morgon d\u00e5 molnen \u00f6ver staden delar sig. Det lokala klimatet \u00e4r starkt p\u00e5verkat av havet och de omgivande bergen, s\u00e5 v\u00e4dret kan \u00e4ndras v\u00e4ldigt snabbt fr\u00e5n timme till timme, och att k\u00f6pa biljetter f\u00f6r en specifik dag l\u00e5ngt i f\u00f6rv\u00e4g \u00e4r en enorm risk.<\/p>\n\n\n\n<h2 class=\"wp-block-heading\"><span class=\"ez-toc-section\" id=\"Sakerhet_i_Rio_de_Janeiro_sa_njuter_du_av_semestern_utan_oro\"><\/span>S\u00e4kerhet i Rio de Janeiro: s\u00e5 njuter du av semestern utan oro<span class=\"ez-toc-section-end\"><\/span><\/h2>\n\n\n\n<p class=\"wp-block-paragraph\">Fr\u00e5gan om s\u00e4kerhet \u00e4r f\u00f6rmodligen det f\u00f6rsta varje resen\u00e4r googlar inf\u00f6r en resa till Brasilien. <strong>Rio de Janeiro \u00e4r verkligen ingen krigszon, men det kr\u00e4ver att du f\u00f6ljer tydliga regler<\/strong> som g\u00f6r att du kan njuta av staden i fullst\u00e4ndigt lugn. Grunden \u00e4r att r\u00f6ra sig inom det s\u00e5 kallade turists\u00e4kra b\u00e4ltet, som utg\u00f6rs av de rikare stadsdelarna Ipanema, Leblon, Copacabana, Botafogo och Urca, d\u00e4r turistpolisen finns p\u00e5 varje h\u00f6rn.<\/p>\n\n\n\n<p class=\"wp-block-paragraph\">Och siffrorna bekr\u00e4ftar det \u2013 stadsdelarna Leblon och Ipanema rapporterade noll mord under 2026, vilket s\u00e4ger mer om deras s\u00e4kerhet \u00e4n vilken reseblogg som helst. P\u00e5 den livliga stranden Copacabana m\u00e5ste du d\u00e4remot r\u00e4kna med enstaka sm\u00e5st\u00f6lder, ficktjuvar och att telefoner slits direkt ur handen, s\u00e4rskilt p\u00e5 den breda strandpromenaden vid havet.<\/p>\n\n\n\n<p class=\"wp-block-paragraph\">Efter m\u00f6rkrets inbrott g\u00e4ller en enkel regel: Uber, alltid och \u00f6verallt, \u00e4ven p\u00e5 korta str\u00e4ckor mellan grannstadsdelar. Historiska Centro t\u00f6ms s\u00e5 mycket efter arbetstid att man helt enkelt inte g\u00e5r d\u00e4r p\u00e5 natten, och likas\u00e5 g\u00e4ller strikt f\u00f6rbud mot kv\u00e4llspromenader p\u00e5 vilken strand som helst, eftersom \u00f6de sandytor drar till sig problem.<\/p>\n\n\n\n<h2 class=\"wp-block-heading\"><span class=\"ez-toc-section\" id=\"Var_du_ska_bo_i_Rio_de_Janeiro\"><\/span>Var du ska bo i Rio de Janeiro<span class=\"ez-toc-section-end\"><\/span><\/h2>\n\n\n\n<p class=\"wp-block-paragraph\">Valet av r\u00e4tt l\u00e4ge f\u00f6r ditt hotell p\u00e5verkar hela din upplevelse av staden, s\u00e5 du b\u00f6r uteslutande leta boende i s\u00f6dra zonen. <strong>B\u00e4sta valet f\u00f6r ett f\u00f6rsta bes\u00f6k \u00e4r omr\u00e5det kring str\u00e4nderna Ipanema och Leblon<\/strong>, som erbjuder en fantastisk gastronomisk scen, s\u00e4kra gator fulla av butiker och utm\u00e4rkta tunnelbanef\u00f6rbindelser till resten av staden. Dessa stadsdelar \u00e4r visserligen dyrare, men investeringen i lugn s\u00f6mn och bekymmersfria kv\u00e4llspromenader l\u00f6nar sig hundraprocentigt.<\/p>\n\n\n\n<p class=\"wp-block-paragraph\">Om du letar efter ett n\u00e5got prisv\u00e4rdare alternativ men fortfarande vill vara mitt i h\u00e4ndelsernas centrum, rikta blicken mot legendariska Copacabana eller grannstadsdelen Botafogo. <strong>S\u00e4rskilt Botafogo upplever en enorm boom de senaste \u00e5ren<\/strong>, h\u00e4r \u00f6ppnar nya kaf\u00e9er och stadsdelen bjuder p\u00e5 en av de vackraste utsikterna mot Sockertoppen direkt fr\u00e5n kajen. Historiska Santa Teresa p\u00e5 kullen lockar visserligen med sin bohemiska atmosf\u00e4r, men logistiskt \u00e4r den lite avskuren f\u00f6r dagliga utflykter och sv\u00e5rare att n\u00e5 p\u00e5 kv\u00e4llen.<\/p>\n\n\n\n<p class=\"wp-block-paragraph\">F\u00f6r din bokning via den popul\u00e4ra portalen <a class=\"thirstylink\" rel=\"nofollow\" target=\"_blank\" title=\"Booking.com\" href=\"https:\/\/loudavymkrokem.cz\/doporucujeme\/booking-com\/\" data-shortcode=\"true\">Booking<\/a> rekommenderar jag att du v\u00e4ljer bland kontrollerade hotell med dygnetruntbemannad reception och bra betyg. <strong>Ett utm\u00e4rkt val vid stranden \u00e4r Arena Ipanema Hotel<\/strong>, som erbjuder en h\u00e4nf\u00f6rande takpool med utsikt \u00f6ver havet och ligger bara n\u00e5gra steg fr\u00e5n ber\u00f6mda Posto 8. <strong>F\u00f6r en lyxigare upplevelse v\u00e4ljer du ikoniska Hotel Fasano Rio de Janeiro<\/strong>, vars design och l\u00e4ge saknar motstycke i staden, medan stilfulla <strong>Yoo2 Rio de Janeiro by Intercity<\/strong> i Botafogo \u00f6verraskar dig positivt med fantastisk utsikt \u00f6ver bukten.<\/p>\n\n\n\n\n\n<p class=\"wp-block-paragraph\"><em>\ud83d\udca1 <a href=\"https:\/\/www.stay22.com\/allez\/roam?aid=lukaskonecny&#038;campaign=loudavymkrokemcz&#038;campaign=co-videt-v-rio-de-janeiru&#038;address=Rio%20de%20Janeiro%2C%20Braz%C3%ADlie\" target=\"_blank\" rel=\"nofollow noopener sponsored\">P\u00e5 den h\u00e4r kartan j\u00e4mf\u00f6r du vad som \u00e4r ledigt just nu<\/a> \u2013 du ser genast hur mycket billigare ett boende ett kvarter fr\u00e5n Avenida Atl\u00e2ntica blir.<\/em><\/p>\n\n<h2 class=\"wp-block-heading\"><span class=\"ez-toc-section\" id=\"22_tips_pa_vad_du_kan_se_och_gora_i_Rio_de_Janeiro\"><\/span>22 tips p\u00e5 vad du kan se och g\u00f6ra i Rio de Janeiro<span class=\"ez-toc-section-end\"><\/span><\/h2>\n\n\n\n<p class=\"wp-block-paragraph\">S\u00e5, nu till det b\u00e4sta \u2013 platserna som \u00e4r v\u00e4rda bes\u00f6ket. Ber\u00f6mda ikoner och n\u00e5gra g\u00f6mda skatter som visar dig staden fr\u00e5n alla h\u00e5ll.<\/p>\n\n\n\n<figure data-wp-context=\"{&quot;imageId&quot;:&quot;6a9c4ed709915&quot;}\" data-wp-interactive=\"core\/image\" data-wp-key=\"6a9c4ed709915\" class=\"wp-block-image size-full wp-lightbox-container\"><img decoding=\"async\" width=\"1600\" height=\"2133\" data-wp-class--hide=\"state.isContentHidden\" data-wp-class--show=\"state.isContentVisible\" data-wp-init=\"callbacks.setButtonStyles\" data-wp-on--click=\"actions.showLightbox\" data-wp-on--load=\"callbacks.setButtonStyles\" data-wp-on--pointerdown=\"actions.preloadImage\" data-wp-on--pointerenter=\"actions.preloadImageWithDelay\" data-wp-on--pointerleave=\"actions.cancelPreload\" data-wp-on-window--resize=\"callbacks.setButtonStyles\" src=\"https:\/\/loudavymkrokem.cz\/wp-content\/uploads\/2026\/09\/krista-spasitele.jpg\" alt=\"Kristusstatyn (Christ the Redeemer)\" class=\"wp-image-413166\" title=\"\" srcset=\"https:\/\/loudavymkrokem.cz\/wp-content\/uploads\/2026\/09\/krista-spasitele.jpg 1600w, https:\/\/loudavymkrokem.cz\/wp-content\/uploads\/2026\/09\/krista-spasitele-225x300.jpg 225w, https:\/\/loudavymkrokem.cz\/wp-content\/uploads\/2026\/09\/krista-spasitele-700x933.jpg 700w, https:\/\/loudavymkrokem.cz\/wp-content\/uploads\/2026\/09\/krista-spasitele-768x1024.jpg 768w, https:\/\/loudavymkrokem.cz\/wp-content\/uploads\/2026\/09\/krista-spasitele-1152x1536.jpg 1152w, https:\/\/loudavymkrokem.cz\/wp-content\/uploads\/2026\/09\/krista-spasitele-1536x2048.jpg 1536w, https:\/\/loudavymkrokem.cz\/wp-content\/uploads\/2026\/09\/krista-spasitele-696x928.jpg 696w, https:\/\/loudavymkrokem.cz\/wp-content\/uploads\/2026\/09\/krista-spasitele-1392x1856.jpg 1392w\" sizes=\"(max-width: 1600px) 100vw, 1600px\" \/><button\n\t\t\tclass=\"lightbox-trigger\"\n\t\t\ttype=\"button\"\n\t\t\taria-haspopup=\"dialog\"\n\t\t\tdata-wp-bind--aria-label=\"state.thisImage.triggerButtonAriaLabel\"\n\t\t\tdata-wp-init=\"callbacks.initTriggerButton\"\n\t\t\tdata-wp-on--click=\"actions.showLightbox\"\n\t\t\tdata-wp-style--right=\"state.thisImage.buttonRight\"\n\t\t\tdata-wp-style--top=\"state.thisImage.buttonTop\"\n\t\t>\n\t\t\t<svg xmlns=\"http:\/\/www.w3.org\/2000\/svg\" width=\"12\" height=\"12\" fill=\"none\" viewBox=\"0 0 12 12\">\n\t\t\t\t<path fill=\"#fff\" d=\"M2 0a2 2 0 0 0-2 2v2h1.5V2a.5.5 0 0 1 .5-.5h2V0H2Zm2 10.5H2a.5.5 0 0 1-.5-.5V8H0v2a2 2 0 0 0 2 2h2v-1.5ZM8 12v-1.5h2a.5.5 0 0 0 .5-.5V8H12v2a2 2 0 0 1-2 2H8Zm2-12a2 2 0 0 1 2 2v2h-1.5V2a.5.5 0 0 0-.5-.5H8V0h2Z\" \/>\n\t\t\t<\/svg>\n\t\t<\/button><figcaption class=\"wp-element-caption\">Foto: Keryson Patrick Oliveira Belarmino \/ Google Maps<\/figcaption><\/figure>\n\n\n\n<h3 class=\"wp-block-heading\"><span class=\"ez-toc-section\" id=\"1_Kristusstatyn_Christ_the_Redeemer\"><\/span>1. Kristusstatyn (Christ the Redeemer)<span class=\"ez-toc-section-end\"><\/span><\/h3>\n\n\n\n<p class=\"wp-block-paragraph\">Denna trettio meter h\u00f6ga ikon som tornar upp sig p\u00e5 toppen av berget Corcovado \u00e4r utan tvekan hela Brasiliens mest k\u00e4nda symbol. <strong>Statyn st\u00e5r p\u00e5 710 meters h\u00f6jd och molnen kan svepa in den en hel dag<\/strong>, d\u00e4rf\u00f6r \u00e4r det helt avg\u00f6rande att bara ge sig av hit n\u00e4r himlen \u00f6ver staden \u00e4r klar och bl\u00e5. Fr\u00e5n toppen ser du hela staden p\u00e5 en g\u00e5ng \u2013 Guanabarabukten, de omgivande regnskogarna och de avl\u00e4gsna str\u00e4nderna \u2013 och vid god sikt f\u00f6rst\u00e5r du varf\u00f6r folk kommer hit fr\u00e5n hela v\u00e4rlden.<\/p>\n\n\n\n<p class=\"wp-block-paragraph\">Ett intressant faktum \u00e4r att det finns flera olika v\u00e4gar upp till monumentet som du kan v\u00e4lja mellan beroende p\u00e5 budget och kondition. <strong>Det dyraste och mest popul\u00e4ra alternativet \u00e4r <a href=\"https:\/\/www.tremdocorcovado.rio\/\" rel=\"nofollow noopener\" target=\"_blank\">den historiska kuggbanan Corcovado<\/a><\/strong>, n\u00e5got billigare blir den officiella minibussen fr\u00e5n bes\u00f6kscentret Paineiras, och den allra billigaste v\u00e4gen \u00e4r den kr\u00e4vande vandringen till fots. Sj\u00e4lva statyn fr\u00e5n 1931 \u00e4r ett m\u00e4sterverk i art d\u00e9co-stil och dess \u00f6ppna famn v\u00e4lkomnar symboliskt alla stadens bes\u00f6kare.<\/p>\n\n\n\n<p class=\"wp-block-paragraph\">\ud83d\udca1 Tips: <strong>Om du v\u00e4ljer att vandra till fots b\u00f6rjar leden i den underbara parken Parque Lage<\/strong> och leder brant upp\u00e5t genom t\u00e4t regnskog. Det tar dig ungef\u00e4r tv\u00e5 till tre timmar, p\u00e5 v\u00e4gen tr\u00e4ffar du troligen nyfikna apor, men det kr\u00e4ver stadiga skor och tillr\u00e4ckligt med dricksvatten, eftersom kl\u00e4ttringen i den tropiska fukten \u00e4r riktigt utmattande.<\/p>\n\n\n\n<figure data-wp-context=\"{&quot;imageId&quot;:&quot;6a9c4ed709f55&quot;}\" data-wp-interactive=\"core\/image\" data-wp-key=\"6a9c4ed709f55\" class=\"wp-block-image size-full wp-lightbox-container\"><img decoding=\"async\" width=\"640\" height=\"480\" data-wp-class--hide=\"state.isContentHidden\" data-wp-class--show=\"state.isContentVisible\" data-wp-init=\"callbacks.setButtonStyles\" data-wp-on--click=\"actions.showLightbox\" data-wp-on--load=\"callbacks.setButtonStyles\" data-wp-on--pointerdown=\"actions.preloadImage\" data-wp-on--pointerenter=\"actions.preloadImageWithDelay\" data-wp-on--pointerleave=\"actions.cancelPreload\" data-wp-on-window--resize=\"callbacks.setButtonStyles\" src=\"https:\/\/loudavymkrokem.cz\/wp-content\/uploads\/2026\/09\/na-cukrovou-homoli.jpg\" alt=\"Linbanan till Sockertoppen (P\u00e3o de A\u00e7\u00facar)\" class=\"wp-image-413170\" title=\"\" srcset=\"https:\/\/loudavymkrokem.cz\/wp-content\/uploads\/2026\/09\/na-cukrovou-homoli.jpg 640w, https:\/\/loudavymkrokem.cz\/wp-content\/uploads\/2026\/09\/na-cukrovou-homoli-300x225.jpg 300w, https:\/\/loudavymkrokem.cz\/wp-content\/uploads\/2026\/09\/na-cukrovou-homoli-80x60.jpg 80w, https:\/\/loudavymkrokem.cz\/wp-content\/uploads\/2026\/09\/na-cukrovou-homoli-160x120.jpg 160w\" sizes=\"(max-width: 640px) 100vw, 640px\" \/><button\n\t\t\tclass=\"lightbox-trigger\"\n\t\t\ttype=\"button\"\n\t\t\taria-haspopup=\"dialog\"\n\t\t\tdata-wp-bind--aria-label=\"state.thisImage.triggerButtonAriaLabel\"\n\t\t\tdata-wp-init=\"callbacks.initTriggerButton\"\n\t\t\tdata-wp-on--click=\"actions.showLightbox\"\n\t\t\tdata-wp-style--right=\"state.thisImage.buttonRight\"\n\t\t\tdata-wp-style--top=\"state.thisImage.buttonTop\"\n\t\t>\n\t\t\t<svg xmlns=\"http:\/\/www.w3.org\/2000\/svg\" width=\"12\" height=\"12\" fill=\"none\" viewBox=\"0 0 12 12\">\n\t\t\t\t<path fill=\"#fff\" d=\"M2 0a2 2 0 0 0-2 2v2h1.5V2a.5.5 0 0 1 .5-.5h2V0H2Zm2 10.5H2a.5.5 0 0 1-.5-.5V8H0v2a2 2 0 0 0 2 2h2v-1.5ZM8 12v-1.5h2a.5.5 0 0 0 .5-.5V8H12v2a2 2 0 0 1-2 2H8Zm2-12a2 2 0 0 1 2 2v2h-1.5V2a.5.5 0 0 0-.5-.5H8V0h2Z\" \/>\n\t\t\t<\/svg>\n\t\t<\/button><figcaption class=\"wp-element-caption\">Foto: S\u00f3 Jesus salvar \/ Google Maps<\/figcaption><\/figure>\n\n\n\n<h3 class=\"wp-block-heading\"><span class=\"ez-toc-section\" id=\"2_Linbanan_till_Sockertoppen_Pao_de_Acucar\"><\/span>2. Linbanan till Sockertoppen (P\u00e3o de A\u00e7\u00facar)<span class=\"ez-toc-section-end\"><\/span><\/h3>\n\n\n\n<p class=\"wp-block-paragraph\">Stadens n\u00e4st viktigaste utsiktspunkt \u00e4r den v\u00e4ldiga granitmonoliten som reser sig brant direkt ur havets vatten. <strong><a href=\"https:\/\/bondinho.com.br\/\" rel=\"nofollow noopener\" target=\"_blank\">Den glasade linbanan<\/a> tar dig upp i tv\u00e5 separata etapper<\/strong>, och redan fr\u00e5n den f\u00f6rsta mellanstationen p\u00e5 kullen Morro da Urca bjuds du p\u00e5 en fantastisk vy \u00f6ver de f\u00f6rankrade jakterna och de landande flygplanen. P\u00e5 sj\u00e4lva toppen av Sockertoppen befinner du dig sedan p\u00e5 396 meters h\u00f6jd och har hela staden och den motst\u00e5ende Kristusstatyn i din hand.<\/p>\n\n\n\n<p class=\"wp-block-paragraph\">Detta geologiska under \u00e4r omgivet av frodig vegetation och h\u00e4r kan du ofta se sm\u00e5 silkesapor som glatt hoppar bland tr\u00e4dkronorna. <strong>Hela massivet fungerar som ett enda stort naturmonument<\/strong>, s\u00e5 \u00e4ven om olika kartor ofta visar linbanan och kullen som separata platser handlar det om en enda kompakt upplevelse. Utsikten h\u00e4rifr\u00e5n \u00e4r helt magisk s\u00e4rskilt p\u00e5 sen eftermiddag, n\u00e4r solen l\u00e5ngsamt sjunker bakom nationalparken Tijucas h\u00f6ga toppar och staden b\u00f6rjar t\u00e4ndas.<\/p>\n\n\n\n<p class=\"wp-block-paragraph\">\ud83d\udca1 Tips: <strong>Om du vill spara rej\u00e4lt p\u00e5 den ganska dyra biljetten, anv\u00e4nd leden Trilha do Morro da Urca<\/strong>, d\u00e4r du kan klara f\u00f6rsta str\u00e4ckan till fots genom djungeln p\u00e5 ungef\u00e4r fyrtio minuter. Uppe k\u00f6per du sedan biljett bara till den andra etappen upp till toppen, vilket halverar totalkostnaden och dessutom slipper du de l\u00e5nga k\u00f6erna nere vid kassorna.<\/p>\n\n\n\n<figure data-wp-context=\"{&quot;imageId&quot;:&quot;6a9c4ed70a4f8&quot;}\" data-wp-interactive=\"core\/image\" data-wp-key=\"6a9c4ed70a4f8\" class=\"wp-block-image size-full wp-lightbox-container\"><img decoding=\"async\" width=\"1200\" height=\"675\" data-wp-class--hide=\"state.isContentHidden\" data-wp-class--show=\"state.isContentVisible\" data-wp-init=\"callbacks.setButtonStyles\" data-wp-on--click=\"actions.showLightbox\" data-wp-on--load=\"callbacks.setButtonStyles\" data-wp-on--pointerdown=\"actions.preloadImage\" data-wp-on--pointerenter=\"actions.preloadImageWithDelay\" data-wp-on--pointerleave=\"actions.cancelPreload\" data-wp-on-window--resize=\"callbacks.setButtonStyles\" src=\"https:\/\/loudavymkrokem.cz\/wp-content\/uploads\/2026\/09\/copacabana.jpg\" alt=\"Stranden Copacabana och Forte de Copacabana\" class=\"wp-image-413175\" title=\"\" srcset=\"https:\/\/loudavymkrokem.cz\/wp-content\/uploads\/2026\/09\/copacabana.jpg 1200w, https:\/\/loudavymkrokem.cz\/wp-content\/uploads\/2026\/09\/copacabana-300x169.jpg 300w, https:\/\/loudavymkrokem.cz\/wp-content\/uploads\/2026\/09\/copacabana-700x394.jpg 700w, https:\/\/loudavymkrokem.cz\/wp-content\/uploads\/2026\/09\/copacabana-768x432.jpg 768w, https:\/\/loudavymkrokem.cz\/wp-content\/uploads\/2026\/09\/copacabana-696x392.jpg 696w\" sizes=\"(max-width: 1200px) 100vw, 1200px\" \/><button\n\t\t\tclass=\"lightbox-trigger\"\n\t\t\ttype=\"button\"\n\t\t\taria-haspopup=\"dialog\"\n\t\t\tdata-wp-bind--aria-label=\"state.thisImage.triggerButtonAriaLabel\"\n\t\t\tdata-wp-init=\"callbacks.initTriggerButton\"\n\t\t\tdata-wp-on--click=\"actions.showLightbox\"\n\t\t\tdata-wp-style--right=\"state.thisImage.buttonRight\"\n\t\t\tdata-wp-style--top=\"state.thisImage.buttonTop\"\n\t\t>\n\t\t\t<svg xmlns=\"http:\/\/www.w3.org\/2000\/svg\" width=\"12\" height=\"12\" fill=\"none\" viewBox=\"0 0 12 12\">\n\t\t\t\t<path fill=\"#fff\" d=\"M2 0a2 2 0 0 0-2 2v2h1.5V2a.5.5 0 0 1 .5-.5h2V0H2Zm2 10.5H2a.5.5 0 0 1-.5-.5V8H0v2a2 2 0 0 0 2 2h2v-1.5ZM8 12v-1.5h2a.5.5 0 0 0 .5-.5V8H12v2a2 2 0 0 1-2 2H8Zm2-12a2 2 0 0 1 2 2v2h-1.5V2a.5.5 0 0 0-.5-.5H8V0h2Z\" \/>\n\t\t\t<\/svg>\n\t\t<\/button><figcaption class=\"wp-element-caption\">Foto: Alby Set \/ Google Maps<\/figcaption><\/figure>\n\n\n\n<h3 class=\"wp-block-heading\"><span class=\"ez-toc-section\" id=\"3_Stranden_Copacabana_och_Forte_de_Copacabana\"><\/span>3. Stranden Copacabana och Forte de Copacabana<span class=\"ez-toc-section-end\"><\/span><\/h3>\n\n\n\n<p class=\"wp-block-paragraph\">Det finns nog ingen mer ber\u00f6md sandremsa i v\u00e4rlden \u00e4n just denna tre och en halv kilometer l\u00e5nga str\u00e4cka kantad av den ikoniska svartvita v\u00e5gm\u00f6nstrade stenl\u00e4ggningen. <strong>Copacabana \u00e4r hela Rios pulserande hj\u00e4rta<\/strong>, d\u00e4r man fr\u00e5n tidig morgon till sen eftermiddag spelar beachvolleyboll, dricker uppfriskande drinkar fr\u00e5n kiosker och d\u00e4r lokalbefolkningen m\u00f6ter turister fr\u00e5n hela v\u00e4rlden. V\u00e5gorna h\u00e4r \u00e4r ganska kraftiga, men det breda b\u00e4ltet av fin sand erbjuder gott om plats f\u00f6r bekv\u00e4m solning och l\u00e5nga promenader.<\/p>\n\n\n\n<p class=\"wp-block-paragraph\">L\u00e4ngst ut p\u00e5 strandens s\u00f6dra \u00e4nde reser sig stolt en historisk milit\u00e4rf\u00e4stning fr\u00e5n b\u00f6rjan av 1900-talet, som idag fungerar som ett fascinerande museum. <strong>Forte de Copacabana bjuder p\u00e5 en helt perfekt utsikt \u00f6ver strandens hela l\u00e4ngd<\/strong> \u00e4nda bort till majest\u00e4tiska Sockertoppen i fj\u00e4rran. Inne p\u00e5 omr\u00e5det kan du se bevarade kanoner, historiska uniformer och gamla fotografier som kartl\u00e4gger detta enorma sydamerikanska lands sn\u00e5riga milit\u00e4rhistoria.<\/p>\n\n\n\n<p class=\"wp-block-paragraph\">\ud83d\udca1 Tips: <strong>Inne i f\u00e4stningen hittar du det ber\u00f6mda kaf\u00e9et Confeitaria Colombo<\/strong>, d\u00e4r du kan s\u00e4tta dig p\u00e5 uteterrassen, best\u00e4lla ett utm\u00e4rkt kaffe med en ostbulle (p\u00e3o de queijo) och njuta av total ro en bit bort fr\u00e5n de livliga strandmassorna. Kom bara ih\u00e5g att man bara promenerar p\u00e5 strandpromenaden dagtid \u2013 i m\u00f6rkret v\u00e4ljer du hellre taxin.<\/p>\n\n\n\n<figure data-wp-context=\"{&quot;imageId&quot;:&quot;6a9c4ed70a9b3&quot;}\" data-wp-interactive=\"core\/image\" data-wp-key=\"6a9c4ed70a9b3\" class=\"wp-block-image size-full wp-lightbox-container\"><img decoding=\"async\" width=\"1200\" height=\"900\" data-wp-class--hide=\"state.isContentHidden\" data-wp-class--show=\"state.isContentVisible\" data-wp-init=\"callbacks.setButtonStyles\" data-wp-on--click=\"actions.showLightbox\" data-wp-on--load=\"callbacks.setButtonStyles\" data-wp-on--pointerdown=\"actions.preloadImage\" data-wp-on--pointerenter=\"actions.preloadImageWithDelay\" data-wp-on--pointerleave=\"actions.cancelPreload\" data-wp-on-window--resize=\"callbacks.setButtonStyles\" src=\"https:\/\/loudavymkrokem.cz\/wp-content\/uploads\/2026\/09\/ipanema.jpg\" alt=\"Stranden Ipanema och systemet med livr\u00e4ddarstationer\" class=\"wp-image-413179\" title=\"\" srcset=\"https:\/\/loudavymkrokem.cz\/wp-content\/uploads\/2026\/09\/ipanema.jpg 1200w, https:\/\/loudavymkrokem.cz\/wp-content\/uploads\/2026\/09\/ipanema-300x225.jpg 300w, https:\/\/loudavymkrokem.cz\/wp-content\/uploads\/2026\/09\/ipanema-700x525.jpg 700w, https:\/\/loudavymkrokem.cz\/wp-content\/uploads\/2026\/09\/ipanema-768x576.jpg 768w, https:\/\/loudavymkrokem.cz\/wp-content\/uploads\/2026\/09\/ipanema-80x60.jpg 80w, https:\/\/loudavymkrokem.cz\/wp-content\/uploads\/2026\/09\/ipanema-160x120.jpg 160w, https:\/\/loudavymkrokem.cz\/wp-content\/uploads\/2026\/09\/ipanema-696x522.jpg 696w\" sizes=\"(max-width: 1200px) 100vw, 1200px\" \/><button\n\t\t\tclass=\"lightbox-trigger\"\n\t\t\ttype=\"button\"\n\t\t\taria-haspopup=\"dialog\"\n\t\t\tdata-wp-bind--aria-label=\"state.thisImage.triggerButtonAriaLabel\"\n\t\t\tdata-wp-init=\"callbacks.initTriggerButton\"\n\t\t\tdata-wp-on--click=\"actions.showLightbox\"\n\t\t\tdata-wp-style--right=\"state.thisImage.buttonRight\"\n\t\t\tdata-wp-style--top=\"state.thisImage.buttonTop\"\n\t\t>\n\t\t\t<svg xmlns=\"http:\/\/www.w3.org\/2000\/svg\" width=\"12\" height=\"12\" fill=\"none\" viewBox=\"0 0 12 12\">\n\t\t\t\t<path fill=\"#fff\" d=\"M2 0a2 2 0 0 0-2 2v2h1.5V2a.5.5 0 0 1 .5-.5h2V0H2Zm2 10.5H2a.5.5 0 0 1-.5-.5V8H0v2a2 2 0 0 0 2 2h2v-1.5ZM8 12v-1.5h2a.5.5 0 0 0 .5-.5V8H12v2a2 2 0 0 1-2 2H8Zm2-12a2 2 0 0 1 2 2v2h-1.5V2a.5.5 0 0 0-.5-.5H8V0h2Z\" \/>\n\t\t\t<\/svg>\n\t\t<\/button><figcaption class=\"wp-element-caption\">Foto: Alby Set \/ Google Maps<\/figcaption><\/figure>\n\n\n\n<h3 class=\"wp-block-heading\"><span class=\"ez-toc-section\" id=\"4_Stranden_Ipanema_och_systemet_med_livraddarstationer\"><\/span>4. Stranden Ipanema och systemet med livr\u00e4ddarstationer<span class=\"ez-toc-section-end\"><\/span><\/h3>\n\n\n\n<p class=\"wp-block-paragraph\">Om Copacabana representerar massturism \u00e4r Ipanema symbolen f\u00f6r elegans, mode och en avslappnad strandlivsstil. <strong>Denna strand \u00e4r k\u00e4nd f\u00f6r sitt otroligt rena vatten och sina vackra vyer mot bergen Dois Irm\u00e3os<\/strong>, som bildar en perfekt kuliss f\u00f6r varje foto. Sanden \u00e4r h\u00e4r lite finare och hela st\u00e4mningen lockar snarare den yngre generationen, konstn\u00e4rer och design\u00e4lskare som str\u00f6mmar hit fr\u00e5n de intilliggande butiksgatorna.<\/p>\n\n\n\n<p class=\"wp-block-paragraph\">F\u00f6r att orientera sig l\u00e4ngs den l\u00e5nga kusten anv\u00e4nder lokalborna s\u00e5 kallade postos, som \u00e4r numrerade livr\u00e4ddarstationer utplacerade med j\u00e4mna mellanrum. <strong>Den mest ber\u00f6mda punkten \u00e4r utan tvekan Posto 9 p\u00e5 Ipanema<\/strong>, som historiskt fungerar som den viktigaste m\u00f6tesplatsen dit folk g\u00e5r f\u00f6r att umg\u00e5s, visa upp nya baddr\u00e4kter och diskutera livet. Varje posto har sin egen specifika atmosf\u00e4r och lockar en lite annorlunda grupp m\u00e4nniskor, fr\u00e5n barnfamiljer till h\u00e4ngivna idrottare.<\/p>\n\n\n\n<p class=\"wp-block-paragraph\">\ud83d\udca1 Tips: <strong>N\u00e4r hungern sl\u00e5r till beh\u00f6ver du inte l\u00e4mna stranden alls, det r\u00e4cker att k\u00f6pa en sk\u00e5l med iskall a\u00e7a\u00ed fr\u00e5n strandf\u00f6rs\u00e4ljarna<\/strong>, som \u00e4r en tjock lila pur\u00e9 fr\u00e5n amazoniska palmer toppad med krispig granola och banan. Det \u00e4r en perfekt, uppfriskande och helt k\u00f6ttfri godsak som direkt ger dig den energi du beh\u00f6ver f\u00f6r n\u00e4sta dopp i den tropiska hettan.<\/p>\n\n\n\n<figure data-wp-context=\"{&quot;imageId&quot;:&quot;6a9c4ed70af26&quot;}\" data-wp-interactive=\"core\/image\" data-wp-key=\"6a9c4ed70af26\" class=\"wp-block-image size-full wp-lightbox-container\"><img decoding=\"async\" width=\"1600\" height=\"739\" data-wp-class--hide=\"state.isContentHidden\" data-wp-class--show=\"state.isContentVisible\" data-wp-init=\"callbacks.setButtonStyles\" data-wp-on--click=\"actions.showLightbox\" data-wp-on--load=\"callbacks.setButtonStyles\" data-wp-on--pointerdown=\"actions.preloadImage\" data-wp-on--pointerenter=\"actions.preloadImageWithDelay\" data-wp-on--pointerleave=\"actions.cancelPreload\" data-wp-on-window--resize=\"callbacks.setButtonStyles\" src=\"https:\/\/loudavymkrokem.cz\/wp-content\/uploads\/2026\/09\/leblon.jpg\" alt=\"Stranden Leblon och utsiktspunkten Mirante do Leblon\" class=\"wp-image-413183\" title=\"\" srcset=\"https:\/\/loudavymkrokem.cz\/wp-content\/uploads\/2026\/09\/leblon.jpg 1600w, https:\/\/loudavymkrokem.cz\/wp-content\/uploads\/2026\/09\/leblon-300x139.jpg 300w, https:\/\/loudavymkrokem.cz\/wp-content\/uploads\/2026\/09\/leblon-700x323.jpg 700w, https:\/\/loudavymkrokem.cz\/wp-content\/uploads\/2026\/09\/leblon-768x355.jpg 768w, https:\/\/loudavymkrokem.cz\/wp-content\/uploads\/2026\/09\/leblon-1536x709.jpg 1536w, https:\/\/loudavymkrokem.cz\/wp-content\/uploads\/2026\/09\/leblon-696x321.jpg 696w, https:\/\/loudavymkrokem.cz\/wp-content\/uploads\/2026\/09\/leblon-1392x643.jpg 1392w\" sizes=\"(max-width: 1600px) 100vw, 1600px\" \/><button\n\t\t\tclass=\"lightbox-trigger\"\n\t\t\ttype=\"button\"\n\t\t\taria-haspopup=\"dialog\"\n\t\t\tdata-wp-bind--aria-label=\"state.thisImage.triggerButtonAriaLabel\"\n\t\t\tdata-wp-init=\"callbacks.initTriggerButton\"\n\t\t\tdata-wp-on--click=\"actions.showLightbox\"\n\t\t\tdata-wp-style--right=\"state.thisImage.buttonRight\"\n\t\t\tdata-wp-style--top=\"state.thisImage.buttonTop\"\n\t\t>\n\t\t\t<svg xmlns=\"http:\/\/www.w3.org\/2000\/svg\" width=\"12\" height=\"12\" fill=\"none\" viewBox=\"0 0 12 12\">\n\t\t\t\t<path fill=\"#fff\" d=\"M2 0a2 2 0 0 0-2 2v2h1.5V2a.5.5 0 0 1 .5-.5h2V0H2Zm2 10.5H2a.5.5 0 0 1-.5-.5V8H0v2a2 2 0 0 0 2 2h2v-1.5ZM8 12v-1.5h2a.5.5 0 0 0 .5-.5V8H12v2a2 2 0 0 1-2 2H8Zm2-12a2 2 0 0 1 2 2v2h-1.5V2a.5.5 0 0 0-.5-.5H8V0h2Z\" \/>\n\t\t\t<\/svg>\n\t\t<\/button><figcaption class=\"wp-element-caption\">Foto: Cassiano Neto \/ Google Maps<\/figcaption><\/figure>\n\n\n\n<h3 class=\"wp-block-heading\"><span class=\"ez-toc-section\" id=\"5_Stranden_Leblon_och_utsiktspunkten_Mirante_do_Leblon\"><\/span>5. Stranden Leblon och utsiktspunkten Mirante do Leblon<span class=\"ez-toc-section-end\"><\/span><\/h3>\n\n\n\n<p class=\"wp-block-paragraph\">Precis bortom kanalen som skiljer Ipanema \u00e5t breder den exklusiva stadsdelen Leblon ut sig med sin egen, mycket lugnare strand. <strong>Leblon anses vara hela stadens s\u00e4kraste och mest prestigefyllda del<\/strong>, vilket avspeglas inte bara i den obefintliga statistiken \u00f6ver grova brott, utan \u00e4ven i de v\u00e4lsk\u00f6tta kioskerna och hela kajens renlighet. Stranden \u00e4r lokalbornas, barnfamiljernas och k\u00e4ndisarnas dom\u00e4n \u2013 de kommer hit f\u00f6r att koppla av under parasollen l\u00e5ngt fr\u00e5n den v\u00e4rsta turistr\u00f6relsen.<\/p>\n\n\n\n<p class=\"wp-block-paragraph\">L\u00e4ngst ut p\u00e5 stranden, d\u00e4r v\u00e4gen b\u00f6rjar stiga upp mot de branta kullarna, hittar du en underbar tr\u00e4terrass som tornar upp sig \u00f6ver det d\u00e5nande havet. <strong>Utsiktspunkten Mirante do Leblon bjuder dig p\u00e5 en ikonisk vy \u00f6ver hela str\u00e4nderna Leblon och Ipanema<\/strong>, kantade av palmer och h\u00f6ga moderna byggnader. S\u00e4rskilt p\u00e5 eftermiddagen samlas folk h\u00e4r p\u00e5 cykel f\u00f6r att k\u00f6pa kyld kokosvatten vid de sm\u00e5 st\u00e5nden och se p\u00e5 hur staden l\u00e5ngsamt l\u00e4gger sig till s\u00f6mns.<\/p>\n\n\n\n<p class=\"wp-block-paragraph\">\ud83d\udca1 Tips: <strong>Direkt p\u00e5 utsiktspunkten finns flera sm\u00e5 barer d\u00e4r du kan ta en f\u00e4rsk juice av tropisk frukt<\/strong> och lyssna p\u00e5 suset fr\u00e5n de enorma v\u00e5gorna som krossas mot klipporna precis under dig. Det \u00e4r en idealisk plats f\u00f6r en romantisk avslutning p\u00e5 en l\u00e5ng dag, och dessutom tar du dig hit fr\u00e5n stranden p\u00e5 en bekv\u00e4m promenad l\u00e4ngs den s\u00e4kra strandpromenaden.<\/p>\n\n\n\n<figure data-wp-context=\"{&quot;imageId&quot;:&quot;6a9c4ed70b540&quot;}\" data-wp-interactive=\"core\/image\" data-wp-key=\"6a9c4ed70b540\" class=\"wp-block-image size-full wp-lightbox-container\"><img decoding=\"async\" width=\"1600\" height=\"1068\" data-wp-class--hide=\"state.isContentHidden\" data-wp-class--show=\"state.isContentVisible\" data-wp-init=\"callbacks.setButtonStyles\" data-wp-on--click=\"actions.showLightbox\" data-wp-on--load=\"callbacks.setButtonStyles\" data-wp-on--pointerdown=\"actions.preloadImage\" data-wp-on--pointerenter=\"actions.preloadImageWithDelay\" data-wp-on--pointerleave=\"actions.cancelPreload\" data-wp-on-window--resize=\"callbacks.setButtonStyles\" src=\"https:\/\/loudavymkrokem.cz\/wp-content\/uploads\/2026\/09\/pedra-do-arpoador.jpg\" alt=\"Klippudden Pedra do Arpoador\" class=\"wp-image-413187\" title=\"\" srcset=\"https:\/\/loudavymkrokem.cz\/wp-content\/uploads\/2026\/09\/pedra-do-arpoador.jpg 1600w, https:\/\/loudavymkrokem.cz\/wp-content\/uploads\/2026\/09\/pedra-do-arpoador-300x200.jpg 300w, https:\/\/loudavymkrokem.cz\/wp-content\/uploads\/2026\/09\/pedra-do-arpoador-700x467.jpg 700w, https:\/\/loudavymkrokem.cz\/wp-content\/uploads\/2026\/09\/pedra-do-arpoador-768x513.jpg 768w, https:\/\/loudavymkrokem.cz\/wp-content\/uploads\/2026\/09\/pedra-do-arpoador-1536x1025.jpg 1536w, https:\/\/loudavymkrokem.cz\/wp-content\/uploads\/2026\/09\/pedra-do-arpoador-696x465.jpg 696w, https:\/\/loudavymkrokem.cz\/wp-content\/uploads\/2026\/09\/pedra-do-arpoador-1392x929.jpg 1392w\" sizes=\"(max-width: 1600px) 100vw, 1600px\" \/><button\n\t\t\tclass=\"lightbox-trigger\"\n\t\t\ttype=\"button\"\n\t\t\taria-haspopup=\"dialog\"\n\t\t\tdata-wp-bind--aria-label=\"state.thisImage.triggerButtonAriaLabel\"\n\t\t\tdata-wp-init=\"callbacks.initTriggerButton\"\n\t\t\tdata-wp-on--click=\"actions.showLightbox\"\n\t\t\tdata-wp-style--right=\"state.thisImage.buttonRight\"\n\t\t\tdata-wp-style--top=\"state.thisImage.buttonTop\"\n\t\t>\n\t\t\t<svg xmlns=\"http:\/\/www.w3.org\/2000\/svg\" width=\"12\" height=\"12\" fill=\"none\" viewBox=\"0 0 12 12\">\n\t\t\t\t<path fill=\"#fff\" d=\"M2 0a2 2 0 0 0-2 2v2h1.5V2a.5.5 0 0 1 .5-.5h2V0H2Zm2 10.5H2a.5.5 0 0 1-.5-.5V8H0v2a2 2 0 0 0 2 2h2v-1.5ZM8 12v-1.5h2a.5.5 0 0 0 .5-.5V8H12v2a2 2 0 0 1-2 2H8Zm2-12a2 2 0 0 1 2 2v2h-1.5V2a.5.5 0 0 0-.5-.5H8V0h2Z\" \/>\n\t\t\t<\/svg>\n\t\t<\/button><figcaption class=\"wp-element-caption\">Foto: Maur\u00edcio Moreno \/ Google Maps<\/figcaption><\/figure>\n\n\n\n<h3 class=\"wp-block-heading\"><span class=\"ez-toc-section\" id=\"6_Klippudden_Pedra_do_Arpoador\"><\/span>6. Klippudden Pedra do Arpoador<span class=\"ez-toc-section-end\"><\/span><\/h3>\n\n\n\n<p class=\"wp-block-paragraph\">Mellan livliga Copacabana och eleganta Ipanema str\u00e4cker sig ett v\u00e4ldigt klippmassiv djupt ut i havet, vilket bildar en naturlig gr\u00e4ns mellan de tv\u00e5 bukterna. <strong>Pedra do Arpoador \u00e4r en absolut legend bland surfare<\/strong>, eftersom det \u00e4r just h\u00e4r som stadens b\u00e4sta och mest konsekventa v\u00e5gor bryts. Under dagen kan du fr\u00e5n klipporna se dussintals idrottare som skickligt t\u00e4mjer havets element, medan du lutar dig mot den varma stenen och andas in den salta havsluften.<\/p>\n\n\n\n<p class=\"wp-block-paragraph\">Men den stora f\u00f6rest\u00e4llningen h\u00e4r b\u00f6rjar f\u00f6rst i skymningen, n\u00e4r klipporna fylls av hundratals m\u00e4nniskor med ett enda gemensamt m\u00e5l. <strong>Traditionen bjuder att s\u00e5 fort solen g\u00e5r ner bakom det majest\u00e4tiska berget Dois Irm\u00e3os b\u00f6rjar hela folkmassan att appl\u00e5dera entusiastiskt<\/strong>, som ett tack till naturen f\u00f6r \u00e4nnu en underbar dag i denna paradisiska stad. Det \u00e4r en otroligt stark och k\u00e4nslosam upplevelse som perfekt f\u00e5ngar det varma och glada brasilianska sinnelaget, som du direkt kommer att \u00e4lska.<\/p>\n\n\n\n<p class=\"wp-block-paragraph\">\ud83d\udca1 Tips: <strong>Kom hit minst en timme f\u00f6re sj\u00e4lva solnedg\u00e5ngen f\u00f6r att s\u00e4kra en bra sittplats<\/strong>, eftersom klipporna brukar vara fullpackade. P\u00e5 v\u00e4gen tillbaka \u00e4r det v\u00e4rt att sv\u00e4nga in p\u00e5 n\u00e5gon av de japanska eller italienska restaurangerna i n\u00e4rheten \u2013 om du inte \u00e4r k\u00f6tt\u00e4tare kommer du att trivas h\u00e4r.<\/p>\n\n\n\n<figure data-wp-context=\"{&quot;imageId&quot;:&quot;6a9c4ed70bafc&quot;}\" data-wp-interactive=\"core\/image\" data-wp-key=\"6a9c4ed70bafc\" class=\"wp-block-image size-full wp-lightbox-container\"><img decoding=\"async\" width=\"1254\" height=\"836\" data-wp-class--hide=\"state.isContentHidden\" data-wp-class--show=\"state.isContentVisible\" data-wp-init=\"callbacks.setButtonStyles\" data-wp-on--click=\"actions.showLightbox\" data-wp-on--load=\"callbacks.setButtonStyles\" data-wp-on--pointerdown=\"actions.preloadImage\" data-wp-on--pointerenter=\"actions.preloadImageWithDelay\" data-wp-on--pointerleave=\"actions.cancelPreload\" data-wp-on-window--resize=\"callbacks.setButtonStyles\" src=\"https:\/\/loudavymkrokem.cz\/wp-content\/uploads\/2026\/09\/escadaria-selar-n.jpg\" alt=\"Trappan Escadaria Selar\u00f3n\" class=\"wp-image-413192\" title=\"\" srcset=\"https:\/\/loudavymkrokem.cz\/wp-content\/uploads\/2026\/09\/escadaria-selar-n.jpg 1254w, https:\/\/loudavymkrokem.cz\/wp-content\/uploads\/2026\/09\/escadaria-selar-n-300x200.jpg 300w, https:\/\/loudavymkrokem.cz\/wp-content\/uploads\/2026\/09\/escadaria-selar-n-700x467.jpg 700w, https:\/\/loudavymkrokem.cz\/wp-content\/uploads\/2026\/09\/escadaria-selar-n-768x512.jpg 768w, https:\/\/loudavymkrokem.cz\/wp-content\/uploads\/2026\/09\/escadaria-selar-n-696x464.jpg 696w\" sizes=\"(max-width: 1254px) 100vw, 1254px\" \/><button\n\t\t\tclass=\"lightbox-trigger\"\n\t\t\ttype=\"button\"\n\t\t\taria-haspopup=\"dialog\"\n\t\t\tdata-wp-bind--aria-label=\"state.thisImage.triggerButtonAriaLabel\"\n\t\t\tdata-wp-init=\"callbacks.initTriggerButton\"\n\t\t\tdata-wp-on--click=\"actions.showLightbox\"\n\t\t\tdata-wp-style--right=\"state.thisImage.buttonRight\"\n\t\t\tdata-wp-style--top=\"state.thisImage.buttonTop\"\n\t\t>\n\t\t\t<svg xmlns=\"http:\/\/www.w3.org\/2000\/svg\" width=\"12\" height=\"12\" fill=\"none\" viewBox=\"0 0 12 12\">\n\t\t\t\t<path fill=\"#fff\" d=\"M2 0a2 2 0 0 0-2 2v2h1.5V2a.5.5 0 0 1 .5-.5h2V0H2Zm2 10.5H2a.5.5 0 0 1-.5-.5V8H0v2a2 2 0 0 0 2 2h2v-1.5ZM8 12v-1.5h2a.5.5 0 0 0 .5-.5V8H12v2a2 2 0 0 1-2 2H8Zm2-12a2 2 0 0 1 2 2v2h-1.5V2a.5.5 0 0 0-.5-.5H8V0h2Z\" \/>\n\t\t\t<\/svg>\n\t\t<\/button><figcaption class=\"wp-element-caption\">Foto: Imanol Gallego \/ Google Maps<\/figcaption><\/figure>\n\n\n\n<h3 class=\"wp-block-heading\"><span class=\"ez-toc-section\" id=\"7_Trappan_Escadaria_Selaron\"><\/span>7. Trappan Escadaria Selar\u00f3n<span class=\"ez-toc-section-end\"><\/span><\/h3>\n\n\n\n<p class=\"wp-block-paragraph\">I den bohemiska stadsdelen Lapa st\u00f6ter du p\u00e5 en trappa som du k\u00e4nner igen direkt fr\u00e5n Instagram \u2013 \u00e4ven om du inte vet vad den heter. <strong>Escadaria Selar\u00f3n \u00e4r en monumental trappa med tv\u00e5hundrafemton trappsteg<\/strong>, som den chilenske konstn\u00e4ren Jorge Selar\u00f3n gradvis kl\u00e4dde med tusentals lysande f\u00e4rgade kakelplattor fr\u00e5n hela v\u00e4rlden. Han skapade sitt livsverk under mer \u00e4n tjugo \u00e5r till \u00e4ra f\u00f6r det brasilianska folket, och idag \u00e4r denna f\u00e4rgsprakande korridor ett absolut m\u00e5ste f\u00f6r varje bes\u00f6kare i staden.<\/p>\n\n\n\n<p class=\"wp-block-paragraph\">Vid n\u00e4rmare granskning uppt\u00e4cker du att plattorna kommer fr\u00e5n mer \u00e4n sextio l\u00e4nder i v\u00e4rlden och att m\u00e5nga av dem skickades till honom av beundrarna av hans outtr\u00f6ttliga arbete. <strong>Varje keramikbit ber\u00e4ttar sin egen historia och hela mosaiken f\u00f6r\u00e4ndras st\u00e4ndigt<\/strong>, allt eftersom du stiger h\u00f6gre och h\u00f6gre upp mot konstn\u00e4rskvarteret Santa Teresa. Platsens atmosf\u00e4r f\u00f6rh\u00f6js ofta av gatumusiker och f\u00f6rs\u00e4ljare av sm\u00e5 souvenirer, som ger trappan en genuin lokal f\u00e4rgprakt.<\/p>\n\n\n\n<p class=\"wp-block-paragraph\">\ud83d\udca1 Tips: <strong>Ge dig av hit tidigt p\u00e5 morgonen, helst runt \u00e5tta, annars f\u00e5r du massor av andra turister p\u00e5 dina bilder<\/strong>, eftersom det bildas enorma tr\u00e4ngsel p\u00e5 trappan under dagen. Trappan binder samman stadsdelen Lapa med Santa Teresa, s\u00e5 efter att du klarat den kan du s\u00f6ml\u00f6st forts\u00e4tta din rundtur bland de historiska gr\u00e4nderna uppe p\u00e5 kullen.<\/p>\n\n\n\n<figure data-wp-context=\"{&quot;imageId&quot;:&quot;6a9c4ed70bf63&quot;}\" data-wp-interactive=\"core\/image\" data-wp-key=\"6a9c4ed70bf63\" class=\"wp-block-image size-full wp-lightbox-container\"><img decoding=\"async\" width=\"1080\" height=\"1350\" data-wp-class--hide=\"state.isContentHidden\" data-wp-class--show=\"state.isContentVisible\" data-wp-init=\"callbacks.setButtonStyles\" data-wp-on--click=\"actions.showLightbox\" data-wp-on--load=\"callbacks.setButtonStyles\" data-wp-on--pointerdown=\"actions.preloadImage\" data-wp-on--pointerenter=\"actions.preloadImageWithDelay\" data-wp-on--pointerleave=\"actions.cancelPreload\" data-wp-on-window--resize=\"callbacks.setButtonStyles\" src=\"https:\/\/loudavymkrokem.cz\/wp-content\/uploads\/2026\/09\/santa-teresa.jpg\" alt=\"Stadsdelen Santa Teresa och den historiska sp\u00e5rvagnen\" class=\"wp-image-413195\" title=\"\" srcset=\"https:\/\/loudavymkrokem.cz\/wp-content\/uploads\/2026\/09\/santa-teresa.jpg 1080w, https:\/\/loudavymkrokem.cz\/wp-content\/uploads\/2026\/09\/santa-teresa-240x300.jpg 240w, https:\/\/loudavymkrokem.cz\/wp-content\/uploads\/2026\/09\/santa-teresa-700x875.jpg 700w, https:\/\/loudavymkrokem.cz\/wp-content\/uploads\/2026\/09\/santa-teresa-768x960.jpg 768w, https:\/\/loudavymkrokem.cz\/wp-content\/uploads\/2026\/09\/santa-teresa-696x870.jpg 696w\" sizes=\"(max-width: 1080px) 100vw, 1080px\" \/><button\n\t\t\tclass=\"lightbox-trigger\"\n\t\t\ttype=\"button\"\n\t\t\taria-haspopup=\"dialog\"\n\t\t\tdata-wp-bind--aria-label=\"state.thisImage.triggerButtonAriaLabel\"\n\t\t\tdata-wp-init=\"callbacks.initTriggerButton\"\n\t\t\tdata-wp-on--click=\"actions.showLightbox\"\n\t\t\tdata-wp-style--right=\"state.thisImage.buttonRight\"\n\t\t\tdata-wp-style--top=\"state.thisImage.buttonTop\"\n\t\t>\n\t\t\t<svg xmlns=\"http:\/\/www.w3.org\/2000\/svg\" width=\"12\" height=\"12\" fill=\"none\" viewBox=\"0 0 12 12\">\n\t\t\t\t<path fill=\"#fff\" d=\"M2 0a2 2 0 0 0-2 2v2h1.5V2a.5.5 0 0 1 .5-.5h2V0H2Zm2 10.5H2a.5.5 0 0 1-.5-.5V8H0v2a2 2 0 0 0 2 2h2v-1.5ZM8 12v-1.5h2a.5.5 0 0 0 .5-.5V8H12v2a2 2 0 0 1-2 2H8Zm2-12a2 2 0 0 1 2 2v2h-1.5V2a.5.5 0 0 0-.5-.5H8V0h2Z\" \/>\n\t\t\t<\/svg>\n\t\t<\/button><figcaption class=\"wp-element-caption\">Foto: Guilherme Carvalho \/ Google Maps<\/figcaption><\/figure>\n\n\n\n<h3 class=\"wp-block-heading\"><span class=\"ez-toc-section\" id=\"8_Stadsdelen_Santa_Teresa_och_den_historiska_sparvagnen\"><\/span>8. Stadsdelen Santa Teresa och den historiska sp\u00e5rvagnen<span class=\"ez-toc-section-end\"><\/span><\/h3>\n\n\n\n<p class=\"wp-block-paragraph\">H\u00f6gt uppe p\u00e5 kullarna ovanf\u00f6r det livliga centrumet ligger en pittoresk stadsdel som verkar ha fallit ur ett helt annat sekel. <strong>Santa Teresa \u00e4r full av smala stenlagda gr\u00e4nder, gamla koloniala villor och oberoende konstatelj\u00e9er<\/strong>, vilket gett den smeknamnet det brasilianska Montmartre. Fr\u00e5n de lokala utsiktspunkterna \u00f6ppnar sig fantastiska vyer \u00f6ver bukten och de moderna skyskraporna djupt under dig, medan du sitter p\u00e5 ett lugnt kaf\u00e9 i skuggan av h\u00f6ga tr\u00e4d.<\/p>\n\n\n\n<p class=\"wp-block-paragraph\">Det mest ikoniska s\u00e4ttet att ta sig till denna branta stadsdel \u00e4r att \u00e5ka med den ber\u00f6mda gula sp\u00e5rvagnen som kallas bondinho. <strong>Den historiska sp\u00e5rvagnen avg\u00e5r fr\u00e5n stationen Station of Santa Teresa trams i centrum och kl\u00e4ttrar rasslande upp f\u00f6r de branta backarna<\/strong>, och p\u00e5 v\u00e4gen k\u00f6r den \u00f6ver en v\u00e4ldig vit akvedukt. Det \u00e4r en underbar nostalgisk upplevelse d\u00e4r du k\u00e4nner vinden i h\u00e5ret och ser staden ur ett helt unikt, n\u00e5got upph\u00f6jt perspektiv.<\/p>\n\n\n\n<p class=\"wp-block-paragraph\">\ud83d\udca1 Tips: <strong>P\u00e5 de lokala pittoreska bistroerna ska du definitivt best\u00e4lla en uts\u00f6kt tapioca, som \u00e4r en glutenfri pannkaka gjord p\u00e5 maniokmj\u00f6l<\/strong>, som de g\u00e4rna fyller med ost, tomater och f\u00e4rska \u00f6rter. Det \u00e4r en traditionell, m\u00e4ttande men samtidigt l\u00e4tt k\u00f6ttfri r\u00e4tt som passar perfekt in i denna konstn\u00e4rsstadsdels avkopplande st\u00e4mning.<\/p>\n\n\n\n<figure data-wp-context=\"{&quot;imageId&quot;:&quot;6a9c4ed70c570&quot;}\" data-wp-interactive=\"core\/image\" data-wp-key=\"6a9c4ed70c570\" class=\"wp-block-image size-full wp-lightbox-container\"><img decoding=\"async\" width=\"1600\" height=\"1600\" data-wp-class--hide=\"state.isContentHidden\" data-wp-class--show=\"state.isContentVisible\" data-wp-init=\"callbacks.setButtonStyles\" data-wp-on--click=\"actions.showLightbox\" data-wp-on--load=\"callbacks.setButtonStyles\" data-wp-on--pointerdown=\"actions.preloadImage\" data-wp-on--pointerenter=\"actions.preloadImageWithDelay\" data-wp-on--pointerleave=\"actions.cancelPreload\" data-wp-on-window--resize=\"callbacks.setButtonStyles\" src=\"https:\/\/loudavymkrokem.cz\/wp-content\/uploads\/2026\/09\/arcos-da-lapa.jpg\" alt=\"Akvedukten Arcos da Lapa\" class=\"wp-image-413198\" title=\"\" srcset=\"https:\/\/loudavymkrokem.cz\/wp-content\/uploads\/2026\/09\/arcos-da-lapa.jpg 1600w, https:\/\/loudavymkrokem.cz\/wp-content\/uploads\/2026\/09\/arcos-da-lapa-300x300.jpg 300w, https:\/\/loudavymkrokem.cz\/wp-content\/uploads\/2026\/09\/arcos-da-lapa-700x700.jpg 700w, https:\/\/loudavymkrokem.cz\/wp-content\/uploads\/2026\/09\/arcos-da-lapa-150x150.jpg 150w, https:\/\/loudavymkrokem.cz\/wp-content\/uploads\/2026\/09\/arcos-da-lapa-768x768.jpg 768w, https:\/\/loudavymkrokem.cz\/wp-content\/uploads\/2026\/09\/arcos-da-lapa-1536x1536.jpg 1536w, https:\/\/loudavymkrokem.cz\/wp-content\/uploads\/2026\/09\/arcos-da-lapa-696x696.jpg 696w, https:\/\/loudavymkrokem.cz\/wp-content\/uploads\/2026\/09\/arcos-da-lapa-1392x1392.jpg 1392w\" sizes=\"(max-width: 1600px) 100vw, 1600px\" \/><button\n\t\t\tclass=\"lightbox-trigger\"\n\t\t\ttype=\"button\"\n\t\t\taria-haspopup=\"dialog\"\n\t\t\tdata-wp-bind--aria-label=\"state.thisImage.triggerButtonAriaLabel\"\n\t\t\tdata-wp-init=\"callbacks.initTriggerButton\"\n\t\t\tdata-wp-on--click=\"actions.showLightbox\"\n\t\t\tdata-wp-style--right=\"state.thisImage.buttonRight\"\n\t\t\tdata-wp-style--top=\"state.thisImage.buttonTop\"\n\t\t>\n\t\t\t<svg xmlns=\"http:\/\/www.w3.org\/2000\/svg\" width=\"12\" height=\"12\" fill=\"none\" viewBox=\"0 0 12 12\">\n\t\t\t\t<path fill=\"#fff\" d=\"M2 0a2 2 0 0 0-2 2v2h1.5V2a.5.5 0 0 1 .5-.5h2V0H2Zm2 10.5H2a.5.5 0 0 1-.5-.5V8H0v2a2 2 0 0 0 2 2h2v-1.5ZM8 12v-1.5h2a.5.5 0 0 0 .5-.5V8H12v2a2 2 0 0 1-2 2H8Zm2-12a2 2 0 0 1 2 2v2h-1.5V2a.5.5 0 0 0-.5-.5H8V0h2Z\" \/>\n\t\t\t<\/svg>\n\t\t<\/button><figcaption class=\"wp-element-caption\">Foto: W Travel \/ Google Maps<\/figcaption><\/figure>\n\n\n\n<h3 class=\"wp-block-heading\"><span class=\"ez-toc-section\" id=\"9_Akvedukten_Arcos_da_Lapa\"><\/span>9. Akvedukten Arcos da Lapa<span class=\"ez-toc-section-end\"><\/span><\/h3>\n\n\n\n<p class=\"wp-block-paragraph\">S\u00e5 fort du kommer till Lapa fastnar blicken direkt p\u00e5 den v\u00e4ldiga vita akvedukten som helt dominerar hela torget. <strong>Arcos da Lapa \u00e4r en monumental akvedukt fr\u00e5n 1700-talet som f\u00f6rr f\u00f6rde dricksvatten fr\u00e5n de omgivande kullarna<\/strong> direkt in till den snabbt v\u00e4xande kolonialstadens centrum. Med sina fyrtiotv\u00e5 massiva valv utg\u00f6r den ett av landets viktigaste minnesm\u00e4rken \u00f6ver den portugisiska arkitekturen.<\/p>\n\n\n\n<p class=\"wp-block-paragraph\">Medan vattnet sedan l\u00e4nge slutat rinna i den har byggnaden funnit en ny och lika viktig anv\u00e4ndning i den moderna trafiken. <strong>Det \u00e4r just uppe p\u00e5 denna historiska akvedukt som den legendariska gula sp\u00e5rvagnen mot Santa Teresa idag rasslar fram<\/strong>, vilket skapar en otroligt fotogenisk kontrast mellan gammalt och nytt. Torget under valven v\u00e4cks till liv framf\u00f6r allt p\u00e5 fredagskv\u00e4llen, n\u00e4r lokalborna samlas h\u00e4r till vilda gatufester fulla av dans och h\u00f6g musik.<\/p>\n\n\n\n<p class=\"wp-block-paragraph\">\ud83d\udca1 Tips: <strong>De vackraste bilderna av akvedukten tar du p\u00e5 lite avst\u00e5nd fr\u00e5n torget Pra\u00e7a Cardeal C\u00e2mara<\/strong>, varifr\u00e5n hela dess imponerande l\u00e4ngd och lysande vita f\u00e4rg framtr\u00e4der fint. Om du vill undvika nattens folkmassor och festatmosf\u00e4ren, bes\u00f6k hellre platsen p\u00e5 helgf\u00f6rmiddagen, d\u00e5 omgivningen \u00e4r h\u00e4rligt lugn.<\/p>\n\n\n\n<figure data-wp-context=\"{&quot;imageId&quot;:&quot;6a9c4ed70ca87&quot;}\" data-wp-interactive=\"core\/image\" data-wp-key=\"6a9c4ed70ca87\" class=\"wp-block-image size-full wp-lightbox-container\"><img decoding=\"async\" width=\"1600\" height=\"1200\" data-wp-class--hide=\"state.isContentHidden\" data-wp-class--show=\"state.isContentVisible\" data-wp-init=\"callbacks.setButtonStyles\" data-wp-on--click=\"actions.showLightbox\" data-wp-on--load=\"callbacks.setButtonStyles\" data-wp-on--pointerdown=\"actions.preloadImage\" data-wp-on--pointerenter=\"actions.preloadImageWithDelay\" data-wp-on--pointerleave=\"actions.cancelPreload\" data-wp-on-window--resize=\"callbacks.setButtonStyles\" src=\"https:\/\/loudavymkrokem.cz\/wp-content\/uploads\/2026\/09\/parque-das-ru-nas.jpg\" alt=\"Galleriet Parque das Ru\u00ednas\" class=\"wp-image-413202\" title=\"\" srcset=\"https:\/\/loudavymkrokem.cz\/wp-content\/uploads\/2026\/09\/parque-das-ru-nas.jpg 1600w, https:\/\/loudavymkrokem.cz\/wp-content\/uploads\/2026\/09\/parque-das-ru-nas-300x225.jpg 300w, https:\/\/loudavymkrokem.cz\/wp-content\/uploads\/2026\/09\/parque-das-ru-nas-700x525.jpg 700w, https:\/\/loudavymkrokem.cz\/wp-content\/uploads\/2026\/09\/parque-das-ru-nas-768x576.jpg 768w, https:\/\/loudavymkrokem.cz\/wp-content\/uploads\/2026\/09\/parque-das-ru-nas-1536x1152.jpg 1536w, https:\/\/loudavymkrokem.cz\/wp-content\/uploads\/2026\/09\/parque-das-ru-nas-80x60.jpg 80w, https:\/\/loudavymkrokem.cz\/wp-content\/uploads\/2026\/09\/parque-das-ru-nas-160x120.jpg 160w, https:\/\/loudavymkrokem.cz\/wp-content\/uploads\/2026\/09\/parque-das-ru-nas-696x522.jpg 696w, https:\/\/loudavymkrokem.cz\/wp-content\/uploads\/2026\/09\/parque-das-ru-nas-1392x1044.jpg 1392w\" sizes=\"(max-width: 1600px) 100vw, 1600px\" \/><button\n\t\t\tclass=\"lightbox-trigger\"\n\t\t\ttype=\"button\"\n\t\t\taria-haspopup=\"dialog\"\n\t\t\tdata-wp-bind--aria-label=\"state.thisImage.triggerButtonAriaLabel\"\n\t\t\tdata-wp-init=\"callbacks.initTriggerButton\"\n\t\t\tdata-wp-on--click=\"actions.showLightbox\"\n\t\t\tdata-wp-style--right=\"state.thisImage.buttonRight\"\n\t\t\tdata-wp-style--top=\"state.thisImage.buttonTop\"\n\t\t>\n\t\t\t<svg xmlns=\"http:\/\/www.w3.org\/2000\/svg\" width=\"12\" height=\"12\" fill=\"none\" viewBox=\"0 0 12 12\">\n\t\t\t\t<path fill=\"#fff\" d=\"M2 0a2 2 0 0 0-2 2v2h1.5V2a.5.5 0 0 1 .5-.5h2V0H2Zm2 10.5H2a.5.5 0 0 1-.5-.5V8H0v2a2 2 0 0 0 2 2h2v-1.5ZM8 12v-1.5h2a.5.5 0 0 0 .5-.5V8H12v2a2 2 0 0 1-2 2H8Zm2-12a2 2 0 0 1 2 2v2h-1.5V2a.5.5 0 0 0-.5-.5H8V0h2Z\" \/>\n\t\t\t<\/svg>\n\t\t<\/button><figcaption class=\"wp-element-caption\">Foto: Andr\u00e9 Marcelo de Lourdes \/ Google Maps<\/figcaption><\/figure>\n\n\n\n<h3 class=\"wp-block-heading\"><span class=\"ez-toc-section\" id=\"10_Galleriet_Parque_das_Ruinas\"><\/span>10. Galleriet Parque das Ru\u00ednas<span class=\"ez-toc-section-end\"><\/span><\/h3>\n\n\n\n<p class=\"wp-block-paragraph\">I hj\u00e4rtat av historiska Santa Teresa finns en arkitektonisk p\u00e4rla som p\u00e5 ett genialt s\u00e4tt binder samman en \u00e4rorik d\u00e5tid med modern design. <strong>Parque das Ru\u00ednas \u00e4r en fascinerande offentlig park och ett kulturcentrum byggt direkt i resterna av en gammal aristokratisk villa<\/strong>, som tillh\u00f6rde en rik brasiliansk konstmecenat. Arkitekterna bevarade de nakna tegelv\u00e4ggarna och kompletterade dem med moderna st\u00e5ltrappor och enorma glaspaneler, vilket skapade en helt unik plats.<\/p>\n\n\n\n<p class=\"wp-block-paragraph\">Fr\u00e5n de \u00f6versta v\u00e5ningarna i denna restaurerade ruin bjuds du p\u00e5 en utsikt du kommer att minnas resten av livet. <strong>Utsiktsplattformarna erbjuder en ost\u00f6rd panoramavy \u00f6ver hela det historiska centrumet, Sockertoppen och Guanabarabukten<\/strong>, och allt det utan n\u00e5gra intr\u00e4desavgifter. P\u00e5 omr\u00e5det h\u00e5lls regelbundet utomhuskonserter, teaterf\u00f6rest\u00e4llningar och utst\u00e4llningar av samtida konst, som lockar lokala intellektuella och nyfikna resen\u00e4rer.<\/p>\n\n\n\n<p class=\"wp-block-paragraph\">\ud83d\udca1 Tips: <strong>P\u00e5 bottenv\u00e5ningen finns ett utm\u00e4rkt litet kaf\u00e9 med uteservering<\/strong>, d\u00e4r du kan ta ett iskaffe och se p\u00e5 vimlet runtomkring. \u00d6ppettiderna kan variera beroende p\u00e5 p\u00e5g\u00e5ende kulturevenemang, s\u00e5 kolla innan bes\u00f6ket att det inte r\u00e5kar vara m\u00e5ndag, d\u00e5 de flesta museer och gallerier i Rio \u00e4r strikt st\u00e4ngda.<\/p>\n\n\n\n<figure data-wp-context=\"{&quot;imageId&quot;:&quot;6a9c4ed70cf91&quot;}\" data-wp-interactive=\"core\/image\" data-wp-key=\"6a9c4ed70cf91\" class=\"wp-block-image size-full wp-lightbox-container\"><img decoding=\"async\" width=\"1600\" height=\"2125\" data-wp-class--hide=\"state.isContentHidden\" data-wp-class--show=\"state.isContentVisible\" data-wp-init=\"callbacks.setButtonStyles\" data-wp-on--click=\"actions.showLightbox\" data-wp-on--load=\"callbacks.setButtonStyles\" data-wp-on--pointerdown=\"actions.preloadImage\" data-wp-on--pointerenter=\"actions.preloadImageWithDelay\" data-wp-on--pointerleave=\"actions.cancelPreload\" data-wp-on-window--resize=\"callbacks.setButtonStyles\" src=\"https:\/\/loudavymkrokem.cz\/wp-content\/uploads\/2026\/09\/tijuca-national-park.jpg\" alt=\"Regnskogen mitt i staden \u2013 Tijuca National Park\" class=\"wp-image-413205\" title=\"\" srcset=\"https:\/\/loudavymkrokem.cz\/wp-content\/uploads\/2026\/09\/tijuca-national-park.jpg 1600w, https:\/\/loudavymkrokem.cz\/wp-content\/uploads\/2026\/09\/tijuca-national-park-226x300.jpg 226w, https:\/\/loudavymkrokem.cz\/wp-content\/uploads\/2026\/09\/tijuca-national-park-700x930.jpg 700w, https:\/\/loudavymkrokem.cz\/wp-content\/uploads\/2026\/09\/tijuca-national-park-768x1020.jpg 768w, https:\/\/loudavymkrokem.cz\/wp-content\/uploads\/2026\/09\/tijuca-national-park-1157x1536.jpg 1157w, https:\/\/loudavymkrokem.cz\/wp-content\/uploads\/2026\/09\/tijuca-national-park-1542x2048.jpg 1542w, https:\/\/loudavymkrokem.cz\/wp-content\/uploads\/2026\/09\/tijuca-national-park-696x924.jpg 696w, https:\/\/loudavymkrokem.cz\/wp-content\/uploads\/2026\/09\/tijuca-national-park-1392x1849.jpg 1392w\" sizes=\"(max-width: 1600px) 100vw, 1600px\" \/><button\n\t\t\tclass=\"lightbox-trigger\"\n\t\t\ttype=\"button\"\n\t\t\taria-haspopup=\"dialog\"\n\t\t\tdata-wp-bind--aria-label=\"state.thisImage.triggerButtonAriaLabel\"\n\t\t\tdata-wp-init=\"callbacks.initTriggerButton\"\n\t\t\tdata-wp-on--click=\"actions.showLightbox\"\n\t\t\tdata-wp-style--right=\"state.thisImage.buttonRight\"\n\t\t\tdata-wp-style--top=\"state.thisImage.buttonTop\"\n\t\t>\n\t\t\t<svg xmlns=\"http:\/\/www.w3.org\/2000\/svg\" width=\"12\" height=\"12\" fill=\"none\" viewBox=\"0 0 12 12\">\n\t\t\t\t<path fill=\"#fff\" d=\"M2 0a2 2 0 0 0-2 2v2h1.5V2a.5.5 0 0 1 .5-.5h2V0H2Zm2 10.5H2a.5.5 0 0 1-.5-.5V8H0v2a2 2 0 0 0 2 2h2v-1.5ZM8 12v-1.5h2a.5.5 0 0 0 .5-.5V8H12v2a2 2 0 0 1-2 2H8Zm2-12a2 2 0 0 1 2 2v2h-1.5V2a.5.5 0 0 0-.5-.5H8V0h2Z\" \/>\n\t\t\t<\/svg>\n\t\t<\/button><figcaption class=\"wp-element-caption\">Foto: Clifford Aldan \/ Google Maps<\/figcaption><\/figure>\n\n\n\n<h3 class=\"wp-block-heading\"><span class=\"ez-toc-section\" id=\"11_Regnskogen_mitt_i_staden_%E2%80%93_Tijuca_National_Park\"><\/span>11. Regnskogen mitt i staden \u2013 Tijuca National Park<span class=\"ez-toc-section-end\"><\/span><\/h3>\n\n\n\n<p class=\"wp-block-paragraph\">Medan andra storst\u00e4der har vidstr\u00e4ckta parker och tr\u00e4dg\u00e5rdar kan Rio de Janeiro skryta med n\u00e5got mycket vildare och mer monumentalt. <strong>Nationalparken Tijuca \u00e4r en enorm regnskog mitt i staden som t\u00e4cker de branta bergsmassiven rakt i mitten av en miljonstad.<\/strong> Denna stadens gr\u00f6na lunga renar inte bara luften och kyler ner det tropiska klimatet, utan ger \u00e4ven skydd \u00e5t tusentals arter av exotiska djur, enorma fj\u00e4rilar och fr\u00e4ckt nyfikna apor.<\/p>\n\n\n\n<p class=\"wp-block-paragraph\">Hela regnskogen \u00e4r genomkorsad av ett n\u00e4t av v\u00e4lsk\u00f6tta vandringsleder som tar dig till brusande vattenfall, m\u00f6rka grottor och h\u00e4nf\u00f6rande utsiktspunkter. <strong>Under en promenad under de urgamla tr\u00e4dens kronor gl\u00f6mmer du helt att du befinner dig i en av Sydamerikas mest livliga st\u00e4der<\/strong>, eftersom trafikens ljud h\u00e4r helt ers\u00e4tts av de f\u00e4rgsprakande papegojornas skrik. Platsens historia \u00e4r fascinerande, eftersom regnskogen p\u00e5 1800-talet \u00e5terplanterades f\u00f6r hand efter att den ursprungliga vegetationen f\u00f6rst\u00f6rts av kaffeplantager.<\/p>\n\n\n\n<p class=\"wp-block-paragraph\">\ud83d\udca1 Tips: <strong>F\u00f6r att utforska regnskogen b\u00f6r du helst anlita en certifierad guide med jeep<\/strong>, eftersom parkens yta \u00e4r enorm och orienteringen p\u00e5 regnskogslederna kan vara lurig. Gl\u00f6m inte att packa ett kraftigt myggmedel och en l\u00e4tt regnjacka, eftersom mikroklimatet under tr\u00e4den \u00e4r betydligt fuktigare och kallare \u00e4n nere p\u00e5 str\u00e4nderna.<\/p>\n\n\n\n<figure data-wp-context=\"{&quot;imageId&quot;:&quot;6a9c4ed70d5ee&quot;}\" data-wp-interactive=\"core\/image\" data-wp-key=\"6a9c4ed70d5ee\" class=\"wp-block-image size-full wp-lightbox-container\"><img decoding=\"async\" width=\"1600\" height=\"1200\" data-wp-class--hide=\"state.isContentHidden\" data-wp-class--show=\"state.isContentVisible\" data-wp-init=\"callbacks.setButtonStyles\" data-wp-on--click=\"actions.showLightbox\" data-wp-on--load=\"callbacks.setButtonStyles\" data-wp-on--pointerdown=\"actions.preloadImage\" data-wp-on--pointerenter=\"actions.preloadImageWithDelay\" data-wp-on--pointerleave=\"actions.cancelPreload\" data-wp-on-window--resize=\"callbacks.setButtonStyles\" src=\"https:\/\/loudavymkrokem.cz\/wp-content\/uploads\/2026\/09\/mirante-dona-marta.jpg\" alt=\"Utsiktspunkten Mirante Dona Marta\" class=\"wp-image-413209\" title=\"\" srcset=\"https:\/\/loudavymkrokem.cz\/wp-content\/uploads\/2026\/09\/mirante-dona-marta.jpg 1600w, https:\/\/loudavymkrokem.cz\/wp-content\/uploads\/2026\/09\/mirante-dona-marta-300x225.jpg 300w, https:\/\/loudavymkrokem.cz\/wp-content\/uploads\/2026\/09\/mirante-dona-marta-700x525.jpg 700w, https:\/\/loudavymkrokem.cz\/wp-content\/uploads\/2026\/09\/mirante-dona-marta-768x576.jpg 768w, https:\/\/loudavymkrokem.cz\/wp-content\/uploads\/2026\/09\/mirante-dona-marta-1536x1152.jpg 1536w, https:\/\/loudavymkrokem.cz\/wp-content\/uploads\/2026\/09\/mirante-dona-marta-80x60.jpg 80w, https:\/\/loudavymkrokem.cz\/wp-content\/uploads\/2026\/09\/mirante-dona-marta-160x120.jpg 160w, https:\/\/loudavymkrokem.cz\/wp-content\/uploads\/2026\/09\/mirante-dona-marta-696x522.jpg 696w, https:\/\/loudavymkrokem.cz\/wp-content\/uploads\/2026\/09\/mirante-dona-marta-1392x1044.jpg 1392w\" sizes=\"(max-width: 1600px) 100vw, 1600px\" \/><button\n\t\t\tclass=\"lightbox-trigger\"\n\t\t\ttype=\"button\"\n\t\t\taria-haspopup=\"dialog\"\n\t\t\tdata-wp-bind--aria-label=\"state.thisImage.triggerButtonAriaLabel\"\n\t\t\tdata-wp-init=\"callbacks.initTriggerButton\"\n\t\t\tdata-wp-on--click=\"actions.showLightbox\"\n\t\t\tdata-wp-style--right=\"state.thisImage.buttonRight\"\n\t\t\tdata-wp-style--top=\"state.thisImage.buttonTop\"\n\t\t>\n\t\t\t<svg xmlns=\"http:\/\/www.w3.org\/2000\/svg\" width=\"12\" height=\"12\" fill=\"none\" viewBox=\"0 0 12 12\">\n\t\t\t\t<path fill=\"#fff\" d=\"M2 0a2 2 0 0 0-2 2v2h1.5V2a.5.5 0 0 1 .5-.5h2V0H2Zm2 10.5H2a.5.5 0 0 1-.5-.5V8H0v2a2 2 0 0 0 2 2h2v-1.5ZM8 12v-1.5h2a.5.5 0 0 0 .5-.5V8H12v2a2 2 0 0 1-2 2H8Zm2-12a2 2 0 0 1 2 2v2h-1.5V2a.5.5 0 0 0-.5-.5H8V0h2Z\" \/>\n\t\t\t<\/svg>\n\t\t<\/button><figcaption class=\"wp-element-caption\">Foto: Leonardo Pessoa \/ Google Maps<\/figcaption><\/figure>\n\n\n\n<!-- LKM_GYG_CARD start q=\"rio de janeiro\" lang=\"sv\" rendered=\"2026-09-05T14:48:21+00:00\" v=\"1\" -->\n<style id=\"lk-gyg-styles\">\n@import url(\"https:\/\/fonts.googleapis.com\/css2?family=Playfair+Display:wght@700&family=DM+Sans:wght@300;400;500;600&display=swap\");\n\/* === LK GYG karty \u2014 CRO redesign 2026-05 (namespace .lkx-) ===\n   C\u00edl: vy\u0161\u0161\u00ed CTR (hero + v\u00fdrazn\u00fd social proof + ak\u010dn\u00ed CTA, m\u00e9n\u011b \"reklamn\u00ed\").\n   Injektuje se inline do prvn\u00edho markeru postu (refresh_cards.py --inline-css). *\/\n.lkx-module, .lkx-module *{box-sizing:border-box;margin:0;padding:0}\n.lkx-module{\n  font-family:'DM Sans',-apple-system,Segoe UI,Roboto,Georgia,sans-serif;\n  max-width:860px;margin:2.5rem auto;color:#1f2328;\n}\n\n\/* HEADER \u2014 lehk\u00fd editorsk\u00fd, \u017e\u00e1dn\u00fd bannerov\u00fd blok; nadpis + popisek pod n\u00edm *\/\n.lkx-head{margin-bottom:16px}\n.lkx-head-main{display:flex;align-items:center;gap:10px}\n.lkx-head-accent{width:26px;height:3px;border-radius:2px;background:#c39f76;flex-shrink:0}\n.lkx-head-title{font-family:'Playfair Display',Georgia,serif;font-size:21px;font-weight:700;color:#1a1a1a;line-height:1.25}\n.lkx-head-meta{display:block;font-size:11px;letter-spacing:.3px;color:#9aa0a6;margin-top:4px;margin-left:36px}\n\n\/* HERO *\/\n.lkx-hero{display:grid;grid-template-columns:300px 1fr;background:#fff;border:1px solid #ece7df;border-radius:14px;overflow:hidden;text-decoration:none!important;color:inherit;box-shadow:0 6px 20px rgba(0,0,0,.06);transition:box-shadow .2s,transform .2s;margin-bottom:14px}\n.lkx-hero:hover{box-shadow:0 12px 30px rgba(0,0,0,.12);transform:translateY(-2px)}\n.lkx-hero-img{position:relative;min-height:230px;background-size:cover;background-position:center;background-color:#eee}\n.lkx-hero-body{padding:22px 24px;display:flex;flex-direction:column}\n.lkx-pick{position:absolute;top:12px;left:12px;background:#1a1a1a;color:#fff;font-size:11px;font-weight:700;letter-spacing:.5px;padding:5px 11px;border-radius:20px}\n\n\/* TITLE *\/\n.lkx-title{font-size:19px;font-weight:700;color:#161616;line-height:1.3}\n.lkx-title-sm{font-size:14.5px;line-height:1.35;display:-webkit-box;-webkit-line-clamp:2;-webkit-box-orient:vertical;overflow:hidden}\n\n\/* SOCIAL PROOF \u2014 v\u00fdrazn\u011b, naho\u0159e *\/\n.lkx-proof{display:flex;align-items:center;gap:7px;margin-top:12px;font-size:15px;color:#3a3a3a}\n.lkx-proof b{font-size:16px;color:#161616}\n.lkx-stars{color:#f5a623;letter-spacing:1px}\n.lkx-proof-sm{font-size:12.5px;margin-top:8px;gap:5px}\n.lkx-proof-sm b{font-size:13px}\n.lkx-proof-new{color:#3685fc;font-weight:600}\n\n\/* PRICE \u2014 n\u00edzk\u00e1 kotva *\/\n.lkx-price{font-size:14px;color:#6b7280}\n.lkx-price b{font-size:20px;color:#161616;font-weight:700}\n.lkx-price-sm b{font-size:15px}\n\n\/* CTA \u2014 tepl\u00e9 ak\u010dn\u00ed tla\u010d\u00edtko *\/\n.lkx-cta{display:inline-flex;align-items:center;justify-content:center;text-decoration:none!important;font-weight:700;color:#fff!important;background:linear-gradient(135deg,#f6743f,#e8552a);border-radius:10px;box-shadow:0 6px 16px rgba(232,85,42,.32);transition:box-shadow .2s}\n.lkx-cta-hero{font-size:15px;padding:13px 22px}\n.lkx-hero:hover .lkx-cta-hero{box-shadow:0 8px 22px rgba(232,85,42,.45)}\n.lkx-cta-sm{font-size:12.5px;padding:9px 14px;width:100%;margin-top:2px}\n.lkx-hero-bottom{margin-top:auto;padding-top:18px;display:flex;align-items:center;justify-content:space-between;gap:14px;flex-wrap:wrap}\n\n\/* BADGE \u2014 jeden v\u00fdrazn\u00fd na fotce *\/\n.lkx-badge{position:absolute;top:12px;right:12px;font-size:10.5px;font-weight:700;letter-spacing:.3px;padding:5px 10px;border-radius:16px;color:#fff}\n.lkx-badge.badge-urgency{background:rgba(214,40,40,.92)}\n.lkx-badge.badge-new{background:rgba(54,133,252,.92)}\n.lkx-badge.badge-top{background:rgba(195,159,118,.95)}\n.lkx-badge.badge-info{background:rgba(40,40,40,.78)}\n\n\/* SECONDARY GRID *\/\n.lkx-grid{display:grid;grid-template-columns:1fr 1fr;gap:14px}\n.lkx-card{background:#fff;border:1px solid #ece7df;border-radius:14px;overflow:hidden;text-decoration:none!important;color:inherit;box-shadow:0 4px 14px rgba(0,0,0,.05);display:flex;flex-direction:column;transition:box-shadow .2s,transform .2s}\n.lkx-card:hover{box-shadow:0 10px 24px rgba(0,0,0,.1);transform:translateY(-2px)}\n.lkx-card-img{position:relative;aspect-ratio:16\/10;background-size:cover;background-position:center;background-color:#eee}\n.lkx-card-body{padding:14px 16px 16px;display:flex;flex-direction:column;gap:7px;flex:1}\n.lkx-card-bottom{margin-top:auto;padding-top:10px;display:flex;align-items:center;justify-content:space-between;gap:8px}\n\n\/* DISCLOSURE \u2014 drobn\u00e1, kv\u016fli d\u016fv\u011b\u0159e\/z\u00e1konu *\/\n.lkx-disclosure{font-size:11px;color:#a7adb3;text-align:center;margin-top:14px;line-height:1.6}\n.lkx-disclosure a{color:#c39f76;text-decoration:none}\n\n@media(max-width:680px){\n  .lkx-hero{grid-template-columns:1fr}\n  .lkx-hero-img{min-height:180px}\n  .lkx-grid{grid-template-columns:1fr}\n  .lkx-head-meta{margin-left:0;width:100%}\n  .lkx-head-title{font-size:19px}\n}\n\n<\/style>\n<div class=\"lkx-module\" data-query=\"rio de janeiro\">\n  <div class=\"lkx-head\">\n    <div class=\"lkx-head-main\">\n      <span class=\"lkx-head-accent\"><\/span>\n      <span class=\"lkx-head-title\">Upplevelser &amp; biljetter<\/span>\n    <\/div>\n    <span class=\"lkx-head-meta\">betygsatt av resen\u00e4rer \u00b7 GetYourGuide<\/span>\n  <\/div><a class=\"lkx-hero\" href=\"https:\/\/www.getyourguide.com\/sv-se\/rio-de-janeiro-l9\/rio-de-janeiro-till-ilha-grande-1-vags-transfer-med-biljett-till-bat-t761982\/?partner_id=MKZ64IS&amp;utm_medium=online_publisher&amp;cmp=rio-de-janeiro-brasilien-tips\" target=\"_blank\" rel=\"sponsored noopener nofollow\">\n    <div class=\"lkx-hero-img\" style=\"background-image:url('https:\/\/cdn.getyourguide.com\/img\/tour\/2cdff85444b225e5d16003d068282dc564b31e7ce2a26fe3fdcd947cfa3758a8.jpg\/132.jpg')\" role=\"img\" aria-label=\"Rio de Janeiro: Till Ilha Grande 1-v\u00e4gs transfer med biljett till b\u00e5t\">\n      <span class=\"lkx-pick\">\u2605 V\u00e5rt val<\/span><\/div>\n    <div class=\"lkx-hero-body\">\n      <div class=\"lkx-title\">Rio de Janeiro: Till Ilha Grande 1-v\u00e4gs transfer med biljett till b\u00e5t<\/div>\n      <div class=\"lkx-proof\">\n      <span class=\"lkx-stars\">\u2605\u2605\u2605\u2605\u2605<\/span>\n      <b>4.3<\/b> \u00b7 500 omd\u00f6men\n    <\/div>\n      <div class=\"lkx-hero-bottom\"><div class=\"lkx-price\">fr\u00e5n <b>35\u00a0EUR<\/b><\/div><span class=\"lkx-cta lkx-cta-hero\">Det h\u00e4r vill jag uppleva \u2192<\/span>\n      <\/div>\n    <\/div>\n  <\/a><div class=\"lkx-grid\"><a class=\"lkx-card\" href=\"https:\/\/www.getyourguide.com\/sv-se\/rio-de-janeiro-l9\/rio-de-janeiro-delad-transfer-till-vila-abrao-ilha-grande-t405194\/?partner_id=MKZ64IS&amp;utm_medium=online_publisher&amp;cmp=rio-de-janeiro-brasilien-tips\" target=\"_blank\" rel=\"sponsored noopener nofollow\">\n      <div class=\"lkx-card-img\" style=\"background-image:url('https:\/\/cdn.getyourguide.com\/img\/tour\/3e366ff6e6e5a6af76db537c02ab676ad9df290ee0b119ed70e086482fcc467b.png\/132.jpg')\" role=\"img\" aria-label=\"Rio de Janeiro: Delad transfer till Vila Abr\u00e3o (Ilha Grande)\"><\/div>\n      <div class=\"lkx-card-body\">\n        <div class=\"lkx-title lkx-title-sm\">Rio de Janeiro: Delad transfer till Vila Abr\u00e3o (Ilha Grande)<\/div>\n        <div class=\"lkx-proof lkx-proof-sm\">\n      <span class=\"lkx-stars\">\u2605<\/span>\n      <b>4.0<\/b> \u00b7 823\n    <\/div>\n        <div class=\"lkx-card-bottom\"><span class=\"lkx-price lkx-price-sm\">fr\u00e5n <b>42\u00a0EUR<\/b><\/span><span class=\"lkx-cta lkx-cta-sm\">Visa datum \u2192<\/span>\n        <\/div>\n      <\/div>\n    <\/a><a class=\"lkx-card\" href=\"https:\/\/www.getyourguide.com\/sv-se\/rio-de-janeiro-l9\/rundvandring-i-rio-favela-t67596\/?partner_id=MKZ64IS&amp;utm_medium=online_publisher&amp;cmp=rio-de-janeiro-brasilien-tips\" target=\"_blank\" rel=\"sponsored noopener nofollow\">\n      <div class=\"lkx-card-img\" style=\"background-image:url('https:\/\/cdn.getyourguide.com\/img\/tour\/640af605eb4ae.png\/132.jpg')\" role=\"img\" aria-label=\"Rio de Janeiro Rocinha Favela Rundvandring med lokal guide\"><\/div>\n      <div class=\"lkx-card-body\">\n        <div class=\"lkx-title lkx-title-sm\">Rio de Janeiro Rocinha Favela Rundvandring med lokal guide<\/div>\n        <div class=\"lkx-proof lkx-proof-sm\">\n      <span class=\"lkx-stars\">\u2605<\/span>\n      <b>4.8<\/b> \u00b7 4 217\n    <\/div>\n        <div class=\"lkx-card-bottom\"><span class=\"lkx-price lkx-price-sm\">fr\u00e5n <b>33\u00a0EUR<\/b><\/span><span class=\"lkx-cta lkx-cta-sm\">Visa datum \u2192<\/span>\n        <\/div>\n      <\/div>\n    <\/a><\/div><div class=\"lkx-disclosure\">\ud83d\udd17 Affiliate-l\u00e4nkar \u2014 p\u00e5verkar inte ditt pris och hj\u00e4lper oss att skapa inneh\u00e5ll. \u00b7 <a href=\"https:\/\/www.getyourguide.com\/sv-se\/s\/?q=rio+de+janeiro&amp;partner_id=MKZ64IS&amp;utm_medium=online_publisher\" target=\"_blank\" rel=\"sponsored noopener nofollow\">Alla upplevelser \u2192<\/a><\/div>\n<\/div>\n<!-- LKM_GYG_CARD end -->\n\n\n\n\n<div class=\"lk-stays-module\">\n<style>\n\/* \u2500\u2500\u2500 RESET PRO GUTENBERG \u2500\u2500\u2500 *\/\n.lk-stays-module * { box-sizing: border-box; margin: 0; padding: 0; }\n\n\/* \u2500\u2500\u2500 WRAPPER \u2500\u2500\u2500 *\/\n.lk-stays-module {\n  font-family: 'DM Sans', Georgia, sans-serif;\n  max-width: 100%;\n  margin: 2.5rem auto;\n  background: linear-gradient(135deg, #fdfaf5 0%, #fcf8f0 100%);\n  border: 1px solid #e8dfd4;\n  border-radius: 16px;\n  overflow: hidden;\n  box-shadow: 0 16px 48px rgba(195, 159, 118, 0.25), 0 4px 12px rgba(0,0,0,0.08);\n}\n\n\/* \u2500\u2500\u2500 HEADER \u2500\u2500\u2500 *\/\n.lk-stays-header {\n  position: relative;\n  padding: 24px 36px 24px;\n  background: linear-gradient(135deg, #c39f76 0%, #d4b188 60%, #c39f76 100%);\n  border-bottom: 1px solid rgba(255,255,255,.15);\n  display: flex;\n  align-items: center;\n  gap: 18px;\n}\n.lk-stays-header::before {\n  content: '';\n  position: absolute;\n  inset: 0;\n  background: url(\"data:image\/svg+xml,%3Csvg width='60' height='60' viewBox='0 0 60 60' xmlns='http:\/\/www.w3.org\/2000\/svg'%3E%3Cg fill='none' fill-rule='evenodd'%3E%3Cg fill='%23ffffff' fill-opacity='0.05'%3E%3Cpath d='M36 34v-4h-2v4h-4v2h4v4h2v-4h4v-2h-4zm0-30V0h-2v4h-4v2h4v4h2V6h4V4h-4zM6 34v-4H4v4H0v2h4v4h2v-4h4v-2H6zM6 4V0H4v4H0v2h4v4h2V6h4V4H6z'\/%3E%3C\/g%3E%3C\/g%3E%3C\/svg%3E\") repeat;\n  pointer-events: none;\n}\n.lk-stays-icon {\n  flex-shrink: 0;\n  width: 68px;\n  height: 68px;\n  border-radius: 14px;\n  background: linear-gradient(135deg, #fff 0%, #f9f6f0 100%);\n  display: flex;\n  align-items: center;\n  justify-content: center;\n  font-size: 26px;\n  box-shadow: 0 4px 12px rgba(0,0,0,0.15);\n}\n.lk-stays-eyebrow {\n  font-size: 10px;\n  font-weight: 500;\n  letter-spacing: 2.5px;\n  text-transform: uppercase;\n  color: rgba(255,255,255,.85);\n  margin: 0 0 5px 0;\n}\n.lk-stays-title {\n  font-family: 'Playfair Display', Georgia, serif;\n  font-size: 24px;\n  font-weight: 700;\n  color: #fff;\n  line-height: 1.2;\n  text-shadow: 0 1px 2px rgba(0,0,0,0.1);\n  margin: 0;\n}\n.lk-stays-subtitle {\n  font-size: 13px;\n  color: rgba(255,255,255,.75);\n  margin: 4px 0 0 0;\n  font-weight: 300;\n}\n\n\/* \u2500\u2500\u2500 CARDS GRID \u2500\u2500\u2500 *\/\n.lk-stays-grid {\n  display: grid;\n  grid-template-columns: 1fr 1fr;\n  gap: 1px;\n  background: rgba(195, 159, 118, 0.12);\n}\n\n\/* \u2500\u2500\u2500 SINGLE CARD \u2500\u2500\u2500 *\/\n.lk-stay-card {\n  background: #ffffff;\n  padding: 26px;\n  display: flex;\n  flex-direction: column;\n  gap: 11px;\n  transition: all 0.3s ease;\n  text-decoration: none;\n  color: inherit;\n  position: relative;\n}\n.lk-stay-card:hover {\n  background: #fffbf5;\n  transform: translateY(-2px);\n  box-shadow: 0 8px 24px rgba(195, 159, 118, 0.18);\n  z-index: 1;\n}\n.lk-stay-card.featured {\n  background: linear-gradient(135deg, #fffdf9 0%, #fff9f0 100%);\n  box-shadow: 0 4px 16px rgba(195, 159, 118, 0.15), inset 0 1px 0 rgba(195, 159, 118, 0.1);\n}\n.lk-stay-card.featured:hover {\n  background: linear-gradient(135deg, #fffbf5 0%, #fff8ed 100%);\n  box-shadow: 0 8px 24px rgba(195, 159, 118, 0.25), inset 0 1px 0 rgba(195, 159, 118, 0.15);\n}\n\n.lk-stay-badge {\n  display: inline-flex;\n  align-items: center;\n  gap: 5px;\n  font-size: 10px;\n  font-weight: 500;\n  letter-spacing: 1.5px;\n  text-transform: uppercase;\n  padding: 5px 11px;\n  border-radius: 20px;\n  width: fit-content;\n}\n.badge-top     { background: linear-gradient(135deg, #c39f76 0%, #d4b188 100%); color: #fff; border: 1px solid #c39f76; font-weight: 600; box-shadow: 0 2px 8px rgba(195,159,118,0.3); }\n.badge-luxury  { background: rgba(195,159,118,.12); color: #c39f76; border: 1px solid rgba(195,159,118,.25); }\n.badge-boutique{ background: rgba(54,133,252,.08); color: #3685fc; border: 1px solid rgba(54,133,252,.2); }\n.badge-nature  { background: rgba(130,190,100,.1); color: #6b9c4a; border: 1px solid rgba(130,190,100,.2); }\n.badge-remote  { background: rgba(195,159,118,.12); color: #a67e50; border: 1px solid rgba(195,159,118,.25); }\n\n.lk-stay-name {\n  font-family: 'Playfair Display', Georgia, serif;\n  font-size: 18px;\n  font-weight: 700;\n  color: #111827;\n  line-height: 1.3;\n}\n.lk-stay-desc {\n  font-size: 13.5px;\n  color: #525252;\n  line-height: 1.65;\n  font-weight: 300;\n  flex: 1;\n}\n\n.lk-stay-meta {\n  display: flex;\n  align-items: center;\n  gap: 12px;\n  flex-wrap: wrap;\n  margin-top: 4px;\n}\n.lk-stay-price {\n  font-size: 13px;\n  color: #6b7280;\n}\n.lk-stay-price strong {\n  color: #c39f76;\n  font-weight: 500;\n}\n.lk-stay-stars {\n  color: #c39f76;\n  font-size: 11px;\n  letter-spacing: 1px;\n}\n\n\/* \u2500\u2500\u2500 CTA BUTTON \u2500\u2500\u2500 *\/\n.lk-stay-cta {\n  display: inline-flex;\n  align-items: center;\n  justify-content: center;\n  gap: 7px;\n  margin-top: 8px;\n  padding: 11px 20px;\n  border-radius: 8px;\n  background: linear-gradient(135deg, #3685fc 0%, #2a6fd9 100%);\n  color: #fff;\n  font-size: 13px;\n  font-weight: 500;\n  text-decoration: none;\n  letter-spacing: .3px;\n  transition: all .2s ease;\n  cursor: pointer;\n  border: none;\n  text-align: center;\n  box-shadow: 0 4px 12px rgba(54, 133, 252, 0.25);\n}\n.lk-stay-cta:hover {\n  background: linear-gradient(135deg, #2a6fd9 0%, #1e5bc4 100%);\n  transform: translateY(-1px);\n  box-shadow: 0 6px 16px rgba(54, 133, 252, 0.35);\n}\n.lk-stay-cta svg { flex-shrink: 0; }\n\n\/* \u2500\u2500\u2500 FOOTER \u2500\u2500\u2500 *\/\n.lk-stays-footer {\n  padding: 18px 36px;\n  background: linear-gradient(to bottom, #fdfaf5 0%, #f9f4ed 100%);\n  border-top: 1px solid rgba(195, 159, 118, 0.15);\n  display: flex;\n  align-items: center;\n  justify-content: space-between;\n  flex-wrap: wrap;\n  gap: 12px;\n}\n.lk-stays-footer-note {\n  font-size: 11.5px;\n  color: #6b7280;\n  font-weight: 300;\n  line-height: 1.5;\n}\n.lk-stays-footer-note a {\n  color: #c39f76;\n  text-decoration: none;\n  font-weight: 400;\n}\n.lk-stays-footer-note a:hover {\n  text-decoration: underline;\n}\n.lk-stays-all-btn {\n  display: inline-flex;\n  align-items: center;\n  gap: 6px;\n  font-size: 12.5px;\n  font-weight: 500;\n  color: #c39f76;\n  text-decoration: none;\n  border: 1px solid rgba(195, 159, 118, 0.35);\n  padding: 8px 18px;\n  border-radius: 8px;\n  transition: all .2s ease;\n}\n.lk-stays-all-btn:hover {\n  background: rgba(195, 159, 118, 0.08);\n  border-color: rgba(195, 159, 118, 0.5);\n}\n\n\/* \u2500\u2500\u2500 RESPONSIVE \u2500\u2500\u2500 *\/\n@media (max-width: 600px) {\n  .lk-stays-grid { grid-template-columns: 1fr; }\n  .lk-stays-header { padding: 24px 20px; }\n  .lk-stays-footer { padding: 16px 20px; }\n  .lk-stay-card { padding: 22px; }\n  .lk-stays-title { font-size: 20px; }\n}\n<\/style>\n\n  <!-- HEADER -->\n  <div class=\"lk-stays-header\">\n    <img decoding=\"async\" src=\"https:\/\/loudavymkrokem.cz\/wp-content\/uploads\/2026\/02\/lukas-a-lucka.jpg\" alt=\"\" style=\"width: 75px; height: 75px; border-radius: 8px; flex-shrink: 0; object-fit: cover; display: block; margin: 4px 0;\" title=\"\">\n    <div class=\"lk-stays-header-text\">\n      <div class=\"lk-stays-eyebrow\">Luk\u00e1\u0161 och Lucie rekommenderar<\/div>\n      <div class=\"lk-stays-title\">Var man kan bo i Rio de Janeiro<\/div>\n      <div class=\"lk-stays-subtitle\">4 boenden \u2014 wellnesshotell, hotell och andra boendem\u00f6jligheter<\/div>\n    <\/div>\n  <\/div>\n\n  <!-- CARDS -->\n  <div class=\"lk-stays-grid\">\n\n    <a class=\"lk-stay-card featured\" href=\"https:\/\/www.stay22.com\/allez\/roam?aid=lukaskonecny&#038;campaign=loudavymkrokemcz&#038;campaign=sv&#038;campaign=covidetvriodejaneiru&#038;address=Rio+de+Janeiro&#038;hotelname=Arena+Ipanema+Hotel&#038;search=Arena+Ipanema+Hotel&#038;category=accommodation\" target=\"_blank\" rel=\"nofollow noopener\">\n      <span class=\"lk-stay-badge badge-top\">\u2b50 TOPPVAL<\/span>\n      <span class=\"lk-stay-badge badge-nature\">\ud83c\udfd6\ufe0f Strand<\/span>\n      <div class=\"lk-stay-name\">Arena Ipanema Hotel<\/div>\n      <div class=\"lk-stay-desc\">Ett utm\u00e4rkt val vid stranden med en fantastisk takpool med havsutsikt, bara n\u00e5gra steg fr\u00e5n ber\u00f6mda Posto 8.<\/div>\n      <div class=\"lk-stay-meta\">\n        <span class=\"lk-stay-stars\">\u2605\u2605\u2605\u2605<\/span>\n        <span class=\"lk-stay-price\">Kontrollera priser<\/span>\n      <\/div>\n      <span class=\"lk-stay-cta\">\n        <svg width=\"14\" height=\"14\" viewBox=\"0 0 24 24\" fill=\"none\" stroke=\"currentColor\" stroke-width=\"2\"><path d=\"M18 13v6a2 2 0 0 1-2 2H5a2 2 0 0 1-2-2V8a2 2 0 0 1 2-2h6\"\/><polyline points=\"15 3 21 3 21 9\"\/><line x1=\"10\" y1=\"14\" x2=\"21\" y2=\"3\"\/><\/svg>\n        Kontrollera tillg\u00e4nglighet\n      <\/span>\n    <\/a>\n\n    <a class=\"lk-stay-card\" href=\"https:\/\/www.stay22.com\/allez\/roam?aid=lukaskonecny&#038;campaign=loudavymkrokemcz&#038;campaign=sv&#038;campaign=covidetvriodejaneiru&#038;address=Rio+de+Janeiro&#038;hotelname=Hotel+Fasano+Rio+de+Janeiro&#038;search=Hotel+Fasano+Rio+de+Janeiro&#038;category=accommodation\" target=\"_blank\" rel=\"nofollow noopener\">\n      <span class=\"lk-stay-badge badge-nature\">\u2b50 Lyx<\/span>\n      <div class=\"lk-stay-name\">Hotel Fasano Rio de Janeiro<\/div>\n      <div class=\"lk-stay-desc\">Ett ikoniskt lyxhotell vars design och l\u00e4ge \u00e4r o\u00f6vertr\u00e4ffade i staden.<\/div>\n      <div class=\"lk-stay-meta\">\n        <span class=\"lk-stay-stars\">\u2605\u2605\u2605\u2605<\/span>\n        <span class=\"lk-stay-price\">Kontrollera priser<\/span>\n      <\/div>\n      <span class=\"lk-stay-cta\">\n        <svg width=\"14\" height=\"14\" viewBox=\"0 0 24 24\" fill=\"none\" stroke=\"currentColor\" stroke-width=\"2\"><path d=\"M18 13v6a2 2 0 0 1-2 2H5a2 2 0 0 1-2-2V8a2 2 0 0 1 2-2h6\"\/><polyline points=\"15 3 21 3 21 9\"\/><line x1=\"10\" y1=\"14\" x2=\"21\" y2=\"3\"\/><\/svg>\n        Kontrollera tillg\u00e4nglighet\n      <\/span>\n    <\/a>\n\n    <a class=\"lk-stay-card\" href=\"https:\/\/www.stay22.com\/allez\/roam?aid=lukaskonecny&#038;campaign=loudavymkrokemcz&#038;campaign=sv&#038;campaign=covidetvriodejaneiru&#038;address=Rio+de+Janeiro&#038;hotelname=Yoo2+Rio+de+Janeiro+by+Intercity&#038;search=Yoo2+Rio+de+Janeiro+by+Intercity&#038;category=accommodation\" target=\"_blank\" rel=\"nofollow noopener\">\n      <span class=\"lk-stay-badge badge-nature\">\ud83c\udfe8 Hotell<\/span>\n      <div class=\"lk-stay-name\">Yoo2 Rio de Janeiro by Intercity<\/div>\n      <div class=\"lk-stay-desc\">Ett stilfullt hotell med fantastisk utsikt \u00f6ver bukten i Botafogo.<\/div>\n      <div class=\"lk-stay-meta\">\n        <span class=\"lk-stay-stars\">\u2605\u2605\u2605\u2605<\/span>\n        <span class=\"lk-stay-price\">Kontrollera priser<\/span>\n      <\/div>\n      <span class=\"lk-stay-cta\">\n        <svg width=\"14\" height=\"14\" viewBox=\"0 0 24 24\" fill=\"none\" stroke=\"currentColor\" stroke-width=\"2\"><path d=\"M18 13v6a2 2 0 0 1-2 2H5a2 2 0 0 1-2-2V8a2 2 0 0 1 2-2h6\"\/><polyline points=\"15 3 21 3 21 9\"\/><line x1=\"10\" y1=\"14\" x2=\"21\" y2=\"3\"\/><\/svg>\n        Kontrollera tillg\u00e4nglighet\n      <\/span>\n    <\/a>\n\n    <a class=\"lk-stay-card\" href=\"https:\/\/www.stay22.com\/allez\/roam?aid=lukaskonecny&#038;campaign=loudavymkrokemcz&#038;campaign=sv&#038;campaign=covidetvriodejaneiru&#038;address=rio%20de%20janeiro\" target=\"_blank\" rel=\"nofollow noopener\">\n      <span class=\"lk-stay-badge badge-nature\">\ud83d\udd0d S\u00f6k<\/span>\n      <div class=\"lk-stay-name\">Visa alla boenden i Rio de Janeiro<\/div>\n      <div class=\"lk-stay-desc\">Utforska alla tillg\u00e4ngliga boendem\u00f6jligheter i Rio de Janeiro och hitta det b\u00e4sta enligt dina preferenser och budget.<\/div>\n      <div class=\"lk-stay-meta\">\n        <span class=\"lk-stay-stars\">\u2605\u2605\u2605\u2605<\/span>\n        <span class=\"lk-stay-price\">J\u00e4mf\u00f6r priser<\/span>\n      <\/div>\n      <span class=\"lk-stay-cta\">\n        <svg width=\"14\" height=\"14\" viewBox=\"0 0 24 24\" fill=\"none\" stroke=\"currentColor\" stroke-width=\"2\"><path d=\"M18 13v6a2 2 0 0 1-2 2H5a2 2 0 0 1-2-2V8a2 2 0 0 1 2-2h6\"\/><polyline points=\"15 3 21 3 21 9\"\/><line x1=\"10\" y1=\"14\" x2=\"21\" y2=\"3\"\/><\/svg>\n        Kontrollera tillg\u00e4nglighet\n      <\/span>\n    <\/a>\n\n  <\/div>\n\n  \n<\/div>\n\n\n\n\n<h3 class=\"wp-block-heading\"><span class=\"ez-toc-section\" id=\"12_Utsiktspunkten_Mirante_Dona_Marta\"><\/span>12. Utsiktspunkten Mirante Dona Marta<span class=\"ez-toc-section-end\"><\/span><\/h3>\n\n\n\n<p class=\"wp-block-paragraph\">Om du letar efter den absolut b\u00e4sta platsen att fotografera staden utan folkmassor av andra turister, har du just hittat den. <strong>Mirante Dona Marta \u00e4r en g\u00f6md utsiktsplattform d\u00e4r du ser Kristusstatyn och Sockertoppen i en och samma magiska bild<\/strong>, vilket g\u00f6r den till en oskriven skatt bland lokala fotografer. Den ligger p\u00e5 \u00f6ver trehundrasextio meters h\u00f6jd och erbjuder en s\u00e5 kallad helikoptervy \u00f6ver hela stadens s\u00f6dra zon.<\/p>\n\n\n\n<p class=\"wp-block-paragraph\">Till skillnad fr\u00e5n \u00f6verfulla Corcovado r\u00e5der h\u00e4r en underbar ro \u2013 ofta st\u00e5r du p\u00e5 den enorma betongplattformen helt ensam, bara med aporna som nyfiket kikar fram ur de omgivande tr\u00e4den, och dessutom \u00e4r intr\u00e4det gratis. Du betalar bara f\u00f6r transporten upp l\u00e4ngs den branta och slingriga regnskogsv\u00e4gen.<\/p>\n\n\n\n<p class=\"wp-block-paragraph\">\ud83d\udca1 Tips: <strong>Ingen regulj\u00e4r kollektivtrafik g\u00e5r till utsiktspunkten, s\u00e5 best\u00e4ll en p\u00e5litlig Uber<\/strong> och gl\u00f6m inte att komma \u00f6verens med f\u00f6raren om att v\u00e4nta p\u00e5 dig de d\u00e4r tjugo minuterna, annars kan du f\u00e5 stora problem att ta dig tillbaka till staden. Det \u00e4r ocks\u00e5 en fantastisk plats f\u00f6r att se soluppg\u00e5ngen, n\u00e4r staden precis vaknar ur sin natts\u00f6mn.<\/p>\n\n\n\n<figure data-wp-context=\"{&quot;imageId&quot;:&quot;6a9c4ed70dd6c&quot;}\" data-wp-interactive=\"core\/image\" data-wp-key=\"6a9c4ed70dd6c\" class=\"wp-block-image size-full wp-lightbox-container\"><img decoding=\"async\" width=\"1600\" height=\"1200\" data-wp-class--hide=\"state.isContentHidden\" data-wp-class--show=\"state.isContentVisible\" data-wp-init=\"callbacks.setButtonStyles\" data-wp-on--click=\"actions.showLightbox\" data-wp-on--load=\"callbacks.setButtonStyles\" data-wp-on--pointerdown=\"actions.preloadImage\" data-wp-on--pointerenter=\"actions.preloadImageWithDelay\" data-wp-on--pointerleave=\"actions.cancelPreload\" data-wp-on-window--resize=\"callbacks.setButtonStyles\" src=\"https:\/\/loudavymkrokem.cz\/wp-content\/uploads\/2026\/09\/vista-chinesa.jpg\" alt=\"Den kinesiska paviljongen Vista Chinesa\" class=\"wp-image-413213\" title=\"\" srcset=\"https:\/\/loudavymkrokem.cz\/wp-content\/uploads\/2026\/09\/vista-chinesa.jpg 1600w, https:\/\/loudavymkrokem.cz\/wp-content\/uploads\/2026\/09\/vista-chinesa-300x225.jpg 300w, https:\/\/loudavymkrokem.cz\/wp-content\/uploads\/2026\/09\/vista-chinesa-700x525.jpg 700w, https:\/\/loudavymkrokem.cz\/wp-content\/uploads\/2026\/09\/vista-chinesa-768x576.jpg 768w, https:\/\/loudavymkrokem.cz\/wp-content\/uploads\/2026\/09\/vista-chinesa-1536x1152.jpg 1536w, https:\/\/loudavymkrokem.cz\/wp-content\/uploads\/2026\/09\/vista-chinesa-80x60.jpg 80w, https:\/\/loudavymkrokem.cz\/wp-content\/uploads\/2026\/09\/vista-chinesa-160x120.jpg 160w, https:\/\/loudavymkrokem.cz\/wp-content\/uploads\/2026\/09\/vista-chinesa-696x522.jpg 696w, https:\/\/loudavymkrokem.cz\/wp-content\/uploads\/2026\/09\/vista-chinesa-1392x1044.jpg 1392w\" sizes=\"(max-width: 1600px) 100vw, 1600px\" \/><button\n\t\t\tclass=\"lightbox-trigger\"\n\t\t\ttype=\"button\"\n\t\t\taria-haspopup=\"dialog\"\n\t\t\tdata-wp-bind--aria-label=\"state.thisImage.triggerButtonAriaLabel\"\n\t\t\tdata-wp-init=\"callbacks.initTriggerButton\"\n\t\t\tdata-wp-on--click=\"actions.showLightbox\"\n\t\t\tdata-wp-style--right=\"state.thisImage.buttonRight\"\n\t\t\tdata-wp-style--top=\"state.thisImage.buttonTop\"\n\t\t>\n\t\t\t<svg xmlns=\"http:\/\/www.w3.org\/2000\/svg\" width=\"12\" height=\"12\" fill=\"none\" viewBox=\"0 0 12 12\">\n\t\t\t\t<path fill=\"#fff\" d=\"M2 0a2 2 0 0 0-2 2v2h1.5V2a.5.5 0 0 1 .5-.5h2V0H2Zm2 10.5H2a.5.5 0 0 1-.5-.5V8H0v2a2 2 0 0 0 2 2h2v-1.5ZM8 12v-1.5h2a.5.5 0 0 0 .5-.5V8H12v2a2 2 0 0 1-2 2H8Zm2-12a2 2 0 0 1 2 2v2h-1.5V2a.5.5 0 0 0-.5-.5H8V0h2Z\" \/>\n\t\t\t<\/svg>\n\t\t<\/button><figcaption class=\"wp-element-caption\">Foto: Ivo Barra \/ Google Maps<\/figcaption><\/figure>\n\n\n\n<h3 class=\"wp-block-heading\"><span class=\"ez-toc-section\" id=\"13_Den_kinesiska_paviljongen_Vista_Chinesa\"><\/span>13. Den kinesiska paviljongen Vista Chinesa<span class=\"ez-toc-section-end\"><\/span><\/h3>\n\n\n\n<p class=\"wp-block-paragraph\">Djupt inne i nationalparken Tijucas skogar st\u00f6ter du p\u00e5 en byggnad du definitivt inte skulle v\u00e4nta dig i den sydamerikanska djungeln. <strong>Vista Chinesa \u00e4r en underbar orientalisk paviljong fr\u00e5n 1903 som byggdes till \u00e4ra f\u00f6r de kinesiska immigranterna<\/strong>, som f\u00f6rde teodlingen till Brasilien p\u00e5 1800-talet. Den eleganta byggnaden med ett tak i pagodform reser sig p\u00e5 380 meters h\u00f6jd och bildar en otroligt fotogenisk kontrast mot den omgivande vilda naturen.<\/p>\n\n\n\n<p class=\"wp-block-paragraph\">Utsikten fr\u00e5n denna plats brukar utn\u00e4mnas till en av de mest romantiska i hela staden, eftersom den perfekt ramar in bukten, bergen och str\u00e4nderna. <strong>Vid klart v\u00e4der ser du fr\u00e5n paviljongen hela Ipanema, sj\u00f6n Rodrigo de Freitas och de avl\u00e4gsna topparna vid horisonten<\/strong>, allt inramat av frodiga palmblad och enorma ormbunkar. Platsen \u00e4r v\u00e4ldigt popul\u00e4r bland lokala cyklister, f\u00f6r vilka den h\u00e5rda kl\u00e4ttringen upp till paviljongen \u00e4r den st\u00f6rsta sportsliga utmaningen.<\/p>\n\n\n\n<p class=\"wp-block-paragraph\">\ud83d\udca1 Tips: <strong>Kombinera bes\u00f6ket i paviljongen med det n\u00e4rliggande vattenfallet Cachoeira dos Macacos<\/strong>, dit du kommer p\u00e5 en kort promenad l\u00e4ngs en regnskogsled. \u00c4ven h\u00e4r g\u00e4ller regeln om f\u00f6rsiktighet vid transport \u2013 v\u00e4gen \u00e4r smal och brant, s\u00e5 ge dig av hit uteslutande med bil eller p\u00e5 en organiserad tur, aldrig till fots nerifr\u00e5n.<\/p>\n\n\n\n<figure data-wp-context=\"{&quot;imageId&quot;:&quot;6a9c4ed70e363&quot;}\" data-wp-interactive=\"core\/image\" data-wp-key=\"6a9c4ed70e363\" class=\"wp-block-image size-full wp-lightbox-container\"><img decoding=\"async\" width=\"1600\" height=\"2133\" data-wp-class--hide=\"state.isContentHidden\" data-wp-class--show=\"state.isContentVisible\" data-wp-init=\"callbacks.setButtonStyles\" data-wp-on--click=\"actions.showLightbox\" data-wp-on--load=\"callbacks.setButtonStyles\" data-wp-on--pointerdown=\"actions.preloadImage\" data-wp-on--pointerenter=\"actions.preloadImageWithDelay\" data-wp-on--pointerleave=\"actions.cancelPreload\" data-wp-on-window--resize=\"callbacks.setButtonStyles\" src=\"https:\/\/loudavymkrokem.cz\/wp-content\/uploads\/2026\/09\/zahrady.jpg\" alt=\"Tr\u00e4dg\u00e5rdarna och villan Parque Lage\" class=\"wp-image-413218\" title=\"\" srcset=\"https:\/\/loudavymkrokem.cz\/wp-content\/uploads\/2026\/09\/zahrady.jpg 1600w, https:\/\/loudavymkrokem.cz\/wp-content\/uploads\/2026\/09\/zahrady-225x300.jpg 225w, https:\/\/loudavymkrokem.cz\/wp-content\/uploads\/2026\/09\/zahrady-700x933.jpg 700w, https:\/\/loudavymkrokem.cz\/wp-content\/uploads\/2026\/09\/zahrady-768x1024.jpg 768w, https:\/\/loudavymkrokem.cz\/wp-content\/uploads\/2026\/09\/zahrady-1152x1536.jpg 1152w, https:\/\/loudavymkrokem.cz\/wp-content\/uploads\/2026\/09\/zahrady-1536x2048.jpg 1536w, https:\/\/loudavymkrokem.cz\/wp-content\/uploads\/2026\/09\/zahrady-696x928.jpg 696w, https:\/\/loudavymkrokem.cz\/wp-content\/uploads\/2026\/09\/zahrady-1392x1856.jpg 1392w\" sizes=\"(max-width: 1600px) 100vw, 1600px\" \/><button\n\t\t\tclass=\"lightbox-trigger\"\n\t\t\ttype=\"button\"\n\t\t\taria-haspopup=\"dialog\"\n\t\t\tdata-wp-bind--aria-label=\"state.thisImage.triggerButtonAriaLabel\"\n\t\t\tdata-wp-init=\"callbacks.initTriggerButton\"\n\t\t\tdata-wp-on--click=\"actions.showLightbox\"\n\t\t\tdata-wp-style--right=\"state.thisImage.buttonRight\"\n\t\t\tdata-wp-style--top=\"state.thisImage.buttonTop\"\n\t\t>\n\t\t\t<svg xmlns=\"http:\/\/www.w3.org\/2000\/svg\" width=\"12\" height=\"12\" fill=\"none\" viewBox=\"0 0 12 12\">\n\t\t\t\t<path fill=\"#fff\" d=\"M2 0a2 2 0 0 0-2 2v2h1.5V2a.5.5 0 0 1 .5-.5h2V0H2Zm2 10.5H2a.5.5 0 0 1-.5-.5V8H0v2a2 2 0 0 0 2 2h2v-1.5ZM8 12v-1.5h2a.5.5 0 0 0 .5-.5V8H12v2a2 2 0 0 1-2 2H8Zm2-12a2 2 0 0 1 2 2v2h-1.5V2a.5.5 0 0 0-.5-.5H8V0h2Z\" \/>\n\t\t\t<\/svg>\n\t\t<\/button><figcaption class=\"wp-element-caption\">Foto: Emerson Zanoti \/ Google Maps<\/figcaption><\/figure>\n\n\n\n<h3 class=\"wp-block-heading\"><span class=\"ez-toc-section\" id=\"14_Tradgardarna_och_villan_Parque_Lage\"><\/span>14. Tr\u00e4dg\u00e5rdarna och villan Parque Lage<span class=\"ez-toc-section-end\"><\/span><\/h3>\n\n\n\n<p class=\"wp-block-paragraph\">Vid foten av berget Corcovado ligger en av de vackraste offentliga parkerna, som g\u00f6mmer en enorm dos europeisk elegans. <strong>Parque Lage best\u00e5r av underbara subtropiska tr\u00e4dg\u00e5rdar som omger en h\u00e4nf\u00f6rande villa i romersk palatsstil<\/strong>, som idag fungerar som en <a href=\"http:\/\/eavparquelage.rj.gov.br\/\" rel=\"nofollow noopener\" target=\"_blank\">prestigefylld skola f\u00f6r visuell konst<\/a>. Hela innerg\u00e5rdens dominant \u00e4r en grund pool i vilken den h\u00f6gt bel\u00e4gna Kristusstatyn speglar sig i r\u00e4tt vinkel.<\/p>\n\n\n\n<p class=\"wp-block-paragraph\">Parken har en yta p\u00e5 \u00f6ver femtio hektar och erbjuder en perfekt flykt in i skuggan av urgamla tr\u00e4d, konstgjorda grottor och romantiska torn g\u00f6mda i gr\u00f6nskan. <strong>F\u00f6r vandrings\u00e4lskare \u00e4r denna plats avg\u00f6rande, eftersom det \u00e4r precis bakom villan som den branta regnskogsleden till Corcovados topp b\u00f6rjar<\/strong>, som duktiga resen\u00e4rer anv\u00e4nder som ett gratis alternativ till kuggbanan. Platsens st\u00e4mning \u00e4r otroligt avslappnad, konststudenter m\u00e5lar sina tavlor h\u00e4r och familjer ordnar helgpicknickar p\u00e5 gr\u00e4set.<\/p>\n\n\n\n<p class=\"wp-block-paragraph\">\ud83d\udca1 Tips: <strong>Inne i sj\u00e4lva den historiska villan finns det charmiga kaf\u00e9et Plage Cafe<\/strong>, d\u00e4r du kan njuta av en uts\u00f6kt frukost full av f\u00e4rsk tropisk frukt och ostspecialiteter precis vid den ikoniska poolen. Jag rekommenderar att komma direkt vid \u00f6ppning \u2013 under dagen f\u00e5r man v\u00e4nta riktigt l\u00e4nge p\u00e5 ett bord.<\/p>\n\n\n\n<figure data-wp-context=\"{&quot;imageId&quot;:&quot;6a9c4ed70e8ac&quot;}\" data-wp-interactive=\"core\/image\" data-wp-key=\"6a9c4ed70e8ac\" class=\"wp-block-image size-full wp-lightbox-container\"><img decoding=\"async\" width=\"1600\" height=\"900\" data-wp-class--hide=\"state.isContentHidden\" data-wp-class--show=\"state.isContentVisible\" data-wp-init=\"callbacks.setButtonStyles\" data-wp-on--click=\"actions.showLightbox\" data-wp-on--load=\"callbacks.setButtonStyles\" data-wp-on--pointerdown=\"actions.preloadImage\" data-wp-on--pointerenter=\"actions.preloadImageWithDelay\" data-wp-on--pointerleave=\"actions.cancelPreload\" data-wp-on-window--resize=\"callbacks.setButtonStyles\" src=\"https:\/\/loudavymkrokem.cz\/wp-content\/uploads\/2026\/09\/swap-412735-15.jpg\" alt=\"Morgondagens museum i Rio de Janeiro\" class=\"wp-image-413416\" title=\"\" srcset=\"https:\/\/loudavymkrokem.cz\/wp-content\/uploads\/2026\/09\/swap-412735-15.jpg 1600w, https:\/\/loudavymkrokem.cz\/wp-content\/uploads\/2026\/09\/swap-412735-15-300x169.jpg 300w, https:\/\/loudavymkrokem.cz\/wp-content\/uploads\/2026\/09\/swap-412735-15-700x394.jpg 700w, https:\/\/loudavymkrokem.cz\/wp-content\/uploads\/2026\/09\/swap-412735-15-768x432.jpg 768w, https:\/\/loudavymkrokem.cz\/wp-content\/uploads\/2026\/09\/swap-412735-15-1536x864.jpg 1536w, https:\/\/loudavymkrokem.cz\/wp-content\/uploads\/2026\/09\/swap-412735-15-696x392.jpg 696w, https:\/\/loudavymkrokem.cz\/wp-content\/uploads\/2026\/09\/swap-412735-15-1392x783.jpg 1392w\" sizes=\"(max-width: 1600px) 100vw, 1600px\" \/><button\n\t\t\tclass=\"lightbox-trigger\"\n\t\t\ttype=\"button\"\n\t\t\taria-haspopup=\"dialog\"\n\t\t\tdata-wp-bind--aria-label=\"state.thisImage.triggerButtonAriaLabel\"\n\t\t\tdata-wp-init=\"callbacks.initTriggerButton\"\n\t\t\tdata-wp-on--click=\"actions.showLightbox\"\n\t\t\tdata-wp-style--right=\"state.thisImage.buttonRight\"\n\t\t\tdata-wp-style--top=\"state.thisImage.buttonTop\"\n\t\t>\n\t\t\t<svg xmlns=\"http:\/\/www.w3.org\/2000\/svg\" width=\"12\" height=\"12\" fill=\"none\" viewBox=\"0 0 12 12\">\n\t\t\t\t<path fill=\"#fff\" d=\"M2 0a2 2 0 0 0-2 2v2h1.5V2a.5.5 0 0 1 .5-.5h2V0H2Zm2 10.5H2a.5.5 0 0 1-.5-.5V8H0v2a2 2 0 0 0 2 2h2v-1.5ZM8 12v-1.5h2a.5.5 0 0 0 .5-.5V8H12v2a2 2 0 0 1-2 2H8Zm2-12a2 2 0 0 1 2 2v2h-1.5V2a.5.5 0 0 0-.5-.5H8V0h2Z\" \/>\n\t\t\t<\/svg>\n\t\t<\/button><figcaption class=\"wp-element-caption\">Foto: Fadul \/ Google Maps<\/figcaption><\/figure>\n\n\n\n<h3 class=\"wp-block-heading\"><span class=\"ez-toc-section\" id=\"15_Morgondagens_museum_Museu_do_Amanha\"><\/span>15. Morgondagens museum (Museu do Amanh\u00e3)<span class=\"ez-toc-section-end\"><\/span><\/h3>\n\n\n\n<p class=\"wp-block-paragraph\">I den renoverade hamnstadsdelen Porto Maravilha har en byggnad rest sig som direkt tog stadens arkitektur in i tjugof\u00f6rsta \u00e5rhundradet. <strong><a href=\"https:\/\/museudoamanha.org.br\/\" rel=\"nofollow noopener\" target=\"_blank\">Museu do Amanh\u00e3<\/a> \u00e4r ett fascinerande museum f\u00f6r till\u00e4mpad vetenskap till\u00e4gnat m\u00e4nsklighetens framtid<\/strong>, vars futuristiska byggnad ritades av den ber\u00f6mda spanska arkitekten Santiago Calatrava. Den vita konstruktionen, som p\u00e5minner om skelettet av en j\u00e4ttelik f\u00f6rhistorisk f\u00e5gel eller ett rymdskepp, str\u00e4cker sig dramatiskt ut \u00f6ver vattenytan och \u00e4r i sig sj\u00e4lv v\u00e4rd ett l\u00e5ngt bes\u00f6k.<\/p>\n\n\n\n<p class=\"wp-block-paragraph\">Inuti ska du inte v\u00e4nta dig n\u00e5gra dammiga historiska artefakter, utan interaktiva utst\u00e4llningar fulla av j\u00e4ttesk\u00e4rmar, datavisualiseringar och tankev\u00e4ckande fr\u00e5gor. <strong>Utst\u00e4llningen tvingar dig att fundera \u00f6ver klimatf\u00f6r\u00e4ndringarna, befolkningstillv\u00e4xten och v\u00e5r planets h\u00e5llbarhet<\/strong>, vilket i sammanhanget av det enorma och naturrika Brasilien k\u00e4nns oerh\u00f6rt relevant. Museet visar att Rio inte bara \u00e4r en stad av str\u00e4nder och karneval, utan \u00e4ven ett modernt centrum f\u00f6r vetenskap och innovation.<\/p>\n\n\n\n<p class=\"wp-block-paragraph\">\ud83d\udca1 Tips: <strong>Biljetter till museet m\u00e5ste ofta bokas online i god tid<\/strong>, eftersom den dagliga kapaciteten snabbt tar slut, s\u00e4rskilt p\u00e5 helger. Runt museet str\u00e4cker sig den breda och s\u00e4kra strandpromenaden Orla Conde, d\u00e4r du kan ta en h\u00e4rlig promenad l\u00e4ngs havet och beundra de enorma graffitim\u00e5lningarna av lokala konstn\u00e4rer.<\/p>\n\n\n\n<figure data-wp-context=\"{&quot;imageId&quot;:&quot;6a9c4ed70eebd&quot;}\" data-wp-interactive=\"core\/image\" data-wp-key=\"6a9c4ed70eebd\" class=\"wp-block-image size-full wp-lightbox-container\"><img decoding=\"async\" width=\"1600\" height=\"1200\" data-wp-class--hide=\"state.isContentHidden\" data-wp-class--show=\"state.isContentVisible\" data-wp-init=\"callbacks.setButtonStyles\" data-wp-on--click=\"actions.showLightbox\" data-wp-on--load=\"callbacks.setButtonStyles\" data-wp-on--pointerdown=\"actions.preloadImage\" data-wp-on--pointerenter=\"actions.preloadImageWithDelay\" data-wp-on--pointerleave=\"actions.cancelPreload\" data-wp-on-window--resize=\"callbacks.setButtonStyles\" src=\"https:\/\/loudavymkrokem.cz\/wp-content\/uploads\/2026\/09\/swap-412735-16-f6e8010d.jpg\" alt=\"Konstmuseet MAR i Rio de Janeiro\" class=\"wp-image-413444\" title=\"\" srcset=\"https:\/\/loudavymkrokem.cz\/wp-content\/uploads\/2026\/09\/swap-412735-16-f6e8010d.jpg 1600w, https:\/\/loudavymkrokem.cz\/wp-content\/uploads\/2026\/09\/swap-412735-16-f6e8010d-300x225.jpg 300w, https:\/\/loudavymkrokem.cz\/wp-content\/uploads\/2026\/09\/swap-412735-16-f6e8010d-700x525.jpg 700w, https:\/\/loudavymkrokem.cz\/wp-content\/uploads\/2026\/09\/swap-412735-16-f6e8010d-768x576.jpg 768w, https:\/\/loudavymkrokem.cz\/wp-content\/uploads\/2026\/09\/swap-412735-16-f6e8010d-1536x1152.jpg 1536w, https:\/\/loudavymkrokem.cz\/wp-content\/uploads\/2026\/09\/swap-412735-16-f6e8010d-80x60.jpg 80w, https:\/\/loudavymkrokem.cz\/wp-content\/uploads\/2026\/09\/swap-412735-16-f6e8010d-160x120.jpg 160w, https:\/\/loudavymkrokem.cz\/wp-content\/uploads\/2026\/09\/swap-412735-16-f6e8010d-696x522.jpg 696w, https:\/\/loudavymkrokem.cz\/wp-content\/uploads\/2026\/09\/swap-412735-16-f6e8010d-1392x1044.jpg 1392w\" sizes=\"(max-width: 1600px) 100vw, 1600px\" \/><button\n\t\t\tclass=\"lightbox-trigger\"\n\t\t\ttype=\"button\"\n\t\t\taria-haspopup=\"dialog\"\n\t\t\tdata-wp-bind--aria-label=\"state.thisImage.triggerButtonAriaLabel\"\n\t\t\tdata-wp-init=\"callbacks.initTriggerButton\"\n\t\t\tdata-wp-on--click=\"actions.showLightbox\"\n\t\t\tdata-wp-style--right=\"state.thisImage.buttonRight\"\n\t\t\tdata-wp-style--top=\"state.thisImage.buttonTop\"\n\t\t>\n\t\t\t<svg xmlns=\"http:\/\/www.w3.org\/2000\/svg\" width=\"12\" height=\"12\" fill=\"none\" viewBox=\"0 0 12 12\">\n\t\t\t\t<path fill=\"#fff\" d=\"M2 0a2 2 0 0 0-2 2v2h1.5V2a.5.5 0 0 1 .5-.5h2V0H2Zm2 10.5H2a.5.5 0 0 1-.5-.5V8H0v2a2 2 0 0 0 2 2h2v-1.5ZM8 12v-1.5h2a.5.5 0 0 0 .5-.5V8H12v2a2 2 0 0 1-2 2H8Zm2-12a2 2 0 0 1 2 2v2h-1.5V2a.5.5 0 0 0-.5-.5H8V0h2Z\" \/>\n\t\t\t<\/svg>\n\t\t<\/button><figcaption class=\"wp-element-caption\">Foto: Leila Mota \/ Google Maps<\/figcaption><\/figure>\n\n\n\n<h3 class=\"wp-block-heading\"><span class=\"ez-toc-section\" id=\"16_Konstmuseet_MAR_Rio_Museum_of_Art\"><\/span>16. Konstmuseet MAR (Rio Museum of Art)<span class=\"ez-toc-section-end\"><\/span><\/h3>\n\n\n\n<p class=\"wp-block-paragraph\"><strong>Konstmuseet MAR (Rio Museum of Art) ligger i ett unikt arkitektoniskt komplex<\/strong>, som dj\u00e4rvt f\u00f6renade ett gammalt klassicistiskt palats med en modern glasbyggnad med hj\u00e4lp av ett b\u00f6ljande betongtak. Denna visuella kontrast f\u00e5ngar precis sj\u00e4lva k\u00e4rnan i den brasilianska metropolen, d\u00e4r det gamla st\u00e4ndigt m\u00f6ter det nya.<\/p>\n\n\n\n<p class=\"wp-block-paragraph\">Museet fokuserar framf\u00f6r allt p\u00e5 brasiliansk konst, lokal kultur och sj\u00e4lva stadens komplicerade historia, inklusive favelornas historia och liv. <strong>Fr\u00e5n \u00f6versta v\u00e5ningen under det b\u00f6ljande taket bjuds du p\u00e5 en fantastisk vy \u00f6ver hela torget Pra\u00e7a Mau\u00e1 och grannmuseet Museu do Amanh\u00e3<\/strong>, vilket \u00e4r ett utm\u00e4rkt tillf\u00e4lle att f\u00e5nga Rios moderna ansikte ur f\u00e5gelperspektiv. Utst\u00e4llningarna \u00e4r v\u00e4ldigt varierade, fr\u00e5n klassiskt m\u00e5leri via fotografi till moderna installationer av unga skapare.<\/p>\n\n\n\n<p class=\"wp-block-paragraph\">\ud83d\udca1 Tips: <strong>Om du gillar konst, reservera en hel halvdag f\u00f6r bes\u00f6k p\u00e5 de b\u00e5da museerna vid torget Pra\u00e7a Mau\u00e1<\/strong>, eftersom de kompletterar varandra utm\u00e4rkt. De lokala restaurangerna kring hamnen erbjuder dessutom utm\u00e4rkta k\u00f6ttfria varianter av brasilianska r\u00e4tter, som till exempel pastel de queijo, en krispig friterad pirog fylld med sm\u00e4lt ost.<\/p>\n\n\n\n<figure data-wp-context=\"{&quot;imageId&quot;:&quot;6a9c4ed70f4ab&quot;}\" data-wp-interactive=\"core\/image\" data-wp-key=\"6a9c4ed70f4ab\" class=\"wp-block-image size-full wp-lightbox-container\"><img decoding=\"async\" width=\"1600\" height=\"1067\" data-wp-class--hide=\"state.isContentHidden\" data-wp-class--show=\"state.isContentVisible\" data-wp-init=\"callbacks.setButtonStyles\" data-wp-on--click=\"actions.showLightbox\" data-wp-on--load=\"callbacks.setButtonStyles\" data-wp-on--pointerdown=\"actions.preloadImage\" data-wp-on--pointerenter=\"actions.preloadImageWithDelay\" data-wp-on--pointerleave=\"actions.cancelPreload\" data-wp-on-window--resize=\"callbacks.setButtonStyles\" src=\"https:\/\/loudavymkrokem.cz\/wp-content\/uploads\/2026\/09\/centro-cultural-banco-do-brasil.jpg\" alt=\"Centro Cultural Banco do Brasil (CCBB)\" class=\"wp-image-413229\" title=\"\" srcset=\"https:\/\/loudavymkrokem.cz\/wp-content\/uploads\/2026\/09\/centro-cultural-banco-do-brasil.jpg 1600w, https:\/\/loudavymkrokem.cz\/wp-content\/uploads\/2026\/09\/centro-cultural-banco-do-brasil-300x200.jpg 300w, https:\/\/loudavymkrokem.cz\/wp-content\/uploads\/2026\/09\/centro-cultural-banco-do-brasil-700x467.jpg 700w, https:\/\/loudavymkrokem.cz\/wp-content\/uploads\/2026\/09\/centro-cultural-banco-do-brasil-768x512.jpg 768w, https:\/\/loudavymkrokem.cz\/wp-content\/uploads\/2026\/09\/centro-cultural-banco-do-brasil-1536x1024.jpg 1536w, https:\/\/loudavymkrokem.cz\/wp-content\/uploads\/2026\/09\/centro-cultural-banco-do-brasil-696x464.jpg 696w, https:\/\/loudavymkrokem.cz\/wp-content\/uploads\/2026\/09\/centro-cultural-banco-do-brasil-1392x928.jpg 1392w\" sizes=\"(max-width: 1600px) 100vw, 1600px\" \/><button\n\t\t\tclass=\"lightbox-trigger\"\n\t\t\ttype=\"button\"\n\t\t\taria-haspopup=\"dialog\"\n\t\t\tdata-wp-bind--aria-label=\"state.thisImage.triggerButtonAriaLabel\"\n\t\t\tdata-wp-init=\"callbacks.initTriggerButton\"\n\t\t\tdata-wp-on--click=\"actions.showLightbox\"\n\t\t\tdata-wp-style--right=\"state.thisImage.buttonRight\"\n\t\t\tdata-wp-style--top=\"state.thisImage.buttonTop\"\n\t\t>\n\t\t\t<svg xmlns=\"http:\/\/www.w3.org\/2000\/svg\" width=\"12\" height=\"12\" fill=\"none\" viewBox=\"0 0 12 12\">\n\t\t\t\t<path fill=\"#fff\" d=\"M2 0a2 2 0 0 0-2 2v2h1.5V2a.5.5 0 0 1 .5-.5h2V0H2Zm2 10.5H2a.5.5 0 0 1-.5-.5V8H0v2a2 2 0 0 0 2 2h2v-1.5ZM8 12v-1.5h2a.5.5 0 0 0 .5-.5V8H12v2a2 2 0 0 1-2 2H8Zm2-12a2 2 0 0 1 2 2v2h-1.5V2a.5.5 0 0 0-.5-.5H8V0h2Z\" \/>\n\t\t\t<\/svg>\n\t\t<\/button><figcaption class=\"wp-element-caption\">Foto: Centro Cultural Banco do Brasil (CCBB) \/ Google Maps<\/figcaption><\/figure>\n\n\n\n<h3 class=\"wp-block-heading\"><span class=\"ez-toc-section\" id=\"17_Centro_Cultural_Banco_do_Brasil_CCBB\"><\/span>17. Centro Cultural Banco do Brasil (CCBB)<span class=\"ez-toc-section-end\"><\/span><\/h3>\n\n\n\n<p class=\"wp-block-paragraph\">I stadens livliga aff\u00e4rshj\u00e4rta ligger ett av v\u00e4rldens mest bes\u00f6kta och b\u00e4st betygsatta kulturcentrum. <strong>Centro Cultural Banco do Brasil ligger i en h\u00e4nf\u00f6rande nyklassicistisk byggnad fr\u00e5n 1906<\/strong>, som tidigare fungerade som den m\u00e4ktiga bankens huvudkontor och som idag hyser de mest prestigefyllda internationella utst\u00e4llningarna. Redan sj\u00e4lva entr\u00e9n in i den enorma hallen med glaskupol och utsmyckade marmortrappor \u00e4r en \u00f6verv\u00e4ldigande upplevelse som tar dig tillbaka till tiden f\u00f6r den st\u00f6rsta rikedomen.<\/p>\n\n\n\n<p class=\"wp-block-paragraph\">F\u00f6rutom de omfattande konstgallerierna erbjuder detta enorma komplex \u00e4ven en egen biograf, teatersalonger och flera v\u00e5ningar med st\u00e4ndigt f\u00f6r\u00e4nderliga utst\u00e4llningar. <strong>Det b\u00e4sta med hela centret \u00e4r att intr\u00e4det till den absoluta majoriteten av utst\u00e4llningar och till sj\u00e4lva byggnaden \u00e4r helt gratis<\/strong>, vilket g\u00f6r det till en otroligt tillg\u00e4nglig plats f\u00f6r alla kultur\u00e4lskare. Programmet \u00e4r alltid noga sammanst\u00e4llt och h\u00e4r hittar du ofta fascinerande retrospektiver av ber\u00f6mda v\u00e4rlds- och brasilianska konstn\u00e4rer.<\/p>\n\n\n\n<p class=\"wp-block-paragraph\">\ud83d\udca1 Tips: <strong>Efter rundturen bland utst\u00e4llningarna, stanna till p\u00e5 det lokala historiska kaf\u00e9et p\u00e5 bottenv\u00e5ningen<\/strong>, som bevarat den ursprungliga bankinredningen, och ta en stark brasiliansk espresso. Byggnaden ligger i stadens centrum, som snabbt t\u00f6ms efter arbetstid, s\u00e5 ge dig av hit uteslutande dagtid och undvik hellre kv\u00e4llspromenader i omgivningen.<\/p>\n\n\n\n<figure data-wp-context=\"{&quot;imageId&quot;:&quot;6a9c4ed70fa02&quot;}\" data-wp-interactive=\"core\/image\" data-wp-key=\"6a9c4ed70fa02\" class=\"wp-block-image size-full wp-lightbox-container\"><img decoding=\"async\" width=\"490\" height=\"480\" data-wp-class--hide=\"state.isContentHidden\" data-wp-class--show=\"state.isContentVisible\" data-wp-init=\"callbacks.setButtonStyles\" data-wp-on--click=\"actions.showLightbox\" data-wp-on--load=\"callbacks.setButtonStyles\" data-wp-on--pointerdown=\"actions.preloadImage\" data-wp-on--pointerenter=\"actions.preloadImageWithDelay\" data-wp-on--pointerleave=\"actions.cancelPreload\" data-wp-on-window--resize=\"callbacks.setButtonStyles\" src=\"https:\/\/loudavymkrokem.cz\/wp-content\/uploads\/2026\/09\/theatro-municipal-do-rio-de-janeiro.jpg\" alt=\"Theatro Municipal do Rio de Janeiro\" class=\"wp-image-413233\" title=\"\" srcset=\"https:\/\/loudavymkrokem.cz\/wp-content\/uploads\/2026\/09\/theatro-municipal-do-rio-de-janeiro.jpg 490w, https:\/\/loudavymkrokem.cz\/wp-content\/uploads\/2026\/09\/theatro-municipal-do-rio-de-janeiro-300x294.jpg 300w\" sizes=\"(max-width: 490px) 100vw, 490px\" \/><button\n\t\t\tclass=\"lightbox-trigger\"\n\t\t\ttype=\"button\"\n\t\t\taria-haspopup=\"dialog\"\n\t\t\tdata-wp-bind--aria-label=\"state.thisImage.triggerButtonAriaLabel\"\n\t\t\tdata-wp-init=\"callbacks.initTriggerButton\"\n\t\t\tdata-wp-on--click=\"actions.showLightbox\"\n\t\t\tdata-wp-style--right=\"state.thisImage.buttonRight\"\n\t\t\tdata-wp-style--top=\"state.thisImage.buttonTop\"\n\t\t>\n\t\t\t<svg xmlns=\"http:\/\/www.w3.org\/2000\/svg\" width=\"12\" height=\"12\" fill=\"none\" viewBox=\"0 0 12 12\">\n\t\t\t\t<path fill=\"#fff\" d=\"M2 0a2 2 0 0 0-2 2v2h1.5V2a.5.5 0 0 1 .5-.5h2V0H2Zm2 10.5H2a.5.5 0 0 1-.5-.5V8H0v2a2 2 0 0 0 2 2h2v-1.5ZM8 12v-1.5h2a.5.5 0 0 0 .5-.5V8H12v2a2 2 0 0 1-2 2H8Zm2-12a2 2 0 0 1 2 2v2h-1.5V2a.5.5 0 0 0-.5-.5H8V0h2Z\" \/>\n\t\t\t<\/svg>\n\t\t<\/button><figcaption class=\"wp-element-caption\">Foto: Ralph Schmidt \/ Google Maps<\/figcaption><\/figure>\n\n\n\n<h3 class=\"wp-block-heading\"><span class=\"ez-toc-section\" id=\"18_Theatro_Municipal_do_Rio_de_Janeiro\"><\/span>18. Theatro Municipal do Rio de Janeiro<span class=\"ez-toc-section-end\"><\/span><\/h3>\n\n\n\n<p class=\"wp-block-paragraph\">P\u00e5 torget Cinel\u00e2ndia st\u00e5r en byggnad som med sitt utseende tydligt h\u00e4nvisar till det enorma europeiska inflytandet i stadens historia. <strong><a href=\"http:\/\/theatromunicipal.rj.gov.br\/\" rel=\"nofollow noopener\" target=\"_blank\">Theatro Municipal<\/a> \u00e4r en pampig teater fr\u00e5n 1909 byggd i parisisk stil<\/strong>, som fungerar som huvudscen f\u00f6r balett-, opera- och klassiska musikf\u00f6rest\u00e4llningar i hela Brasilien. Fasaden \u00e4r rikt utsmyckad med guld, massiva pelare och intrikata skulpturer, vilket g\u00f6r den till en av landets vackraste byggnader.<\/p>\n\n\n\n<p class=\"wp-block-paragraph\">\u00c4ven om du inte planerar att bes\u00f6ka n\u00e5gon kv\u00e4llsf\u00f6rest\u00e4llning \u00e4r byggnadens interi\u00f6r definitivt v\u00e4rd din uppm\u00e4rksamhet. <strong>Du kan delta i en organiserad guidad rundtur som tar dig genom den \u00f6verv\u00e4ldigande foaj\u00e9n, salongen och de lyxiga salarna<\/strong>, som \u00e4r dekorerade med h\u00e4nf\u00f6rande glasm\u00e5lningar och v\u00e4ggm\u00e5lningar. Det \u00e4r en enorm kontrast till den avslappnade strandkulturen som visar dig Rio som en stolt stad med en djup intellektuell tradition.<\/p>\n\n\n\n<p class=\"wp-block-paragraph\">\ud83d\udca1 Tips: <strong>Framf\u00f6r teatern samlas ofta gatuartister och musiker<\/strong>, s\u00e5 sj\u00e4lva torget Cinel\u00e2ndia bjuder p\u00e5 en fin gratisf\u00f6rest\u00e4llning. Om du \u00e4nd\u00e5 skulle vilja uppleva en f\u00f6rest\u00e4llning kan balettbiljetter f\u00e5s till v\u00e4ldigt rimliga priser, men de kr\u00e4ver \u00e5tminstone grundl\u00e4ggande s\u00e4llskapskl\u00e4der \u2013 flip-flops fr\u00e5n stranden g\u00e5r inte igenom h\u00e4r.<\/p>\n\n\n\n<figure data-wp-context=\"{&quot;imageId&quot;:&quot;6a9c4ed70ff79&quot;}\" data-wp-interactive=\"core\/image\" data-wp-key=\"6a9c4ed70ff79\" class=\"wp-block-image size-full wp-lightbox-container\"><img decoding=\"async\" width=\"1600\" height=\"1200\" data-wp-class--hide=\"state.isContentHidden\" data-wp-class--show=\"state.isContentVisible\" data-wp-init=\"callbacks.setButtonStyles\" data-wp-on--click=\"actions.showLightbox\" data-wp-on--load=\"callbacks.setButtonStyles\" data-wp-on--pointerdown=\"actions.preloadImage\" data-wp-on--pointerenter=\"actions.preloadImageWithDelay\" data-wp-on--pointerleave=\"actions.cancelPreload\" data-wp-on-window--resize=\"callbacks.setButtonStyles\" src=\"https:\/\/loudavymkrokem.cz\/wp-content\/uploads\/2026\/09\/catedral-metropolitana-de-s-o-sebasti-o.jpg\" alt=\"Catedral Metropolitana de S\u00e3o Sebasti\u00e3o\" class=\"wp-image-413238\" title=\"\" srcset=\"https:\/\/loudavymkrokem.cz\/wp-content\/uploads\/2026\/09\/catedral-metropolitana-de-s-o-sebasti-o.jpg 1600w, https:\/\/loudavymkrokem.cz\/wp-content\/uploads\/2026\/09\/catedral-metropolitana-de-s-o-sebasti-o-300x225.jpg 300w, https:\/\/loudavymkrokem.cz\/wp-content\/uploads\/2026\/09\/catedral-metropolitana-de-s-o-sebasti-o-700x525.jpg 700w, https:\/\/loudavymkrokem.cz\/wp-content\/uploads\/2026\/09\/catedral-metropolitana-de-s-o-sebasti-o-768x576.jpg 768w, https:\/\/loudavymkrokem.cz\/wp-content\/uploads\/2026\/09\/catedral-metropolitana-de-s-o-sebasti-o-1536x1152.jpg 1536w, https:\/\/loudavymkrokem.cz\/wp-content\/uploads\/2026\/09\/catedral-metropolitana-de-s-o-sebasti-o-80x60.jpg 80w, https:\/\/loudavymkrokem.cz\/wp-content\/uploads\/2026\/09\/catedral-metropolitana-de-s-o-sebasti-o-160x120.jpg 160w, https:\/\/loudavymkrokem.cz\/wp-content\/uploads\/2026\/09\/catedral-metropolitana-de-s-o-sebasti-o-696x522.jpg 696w, https:\/\/loudavymkrokem.cz\/wp-content\/uploads\/2026\/09\/catedral-metropolitana-de-s-o-sebasti-o-1392x1044.jpg 1392w\" sizes=\"(max-width: 1600px) 100vw, 1600px\" \/><button\n\t\t\tclass=\"lightbox-trigger\"\n\t\t\ttype=\"button\"\n\t\t\taria-haspopup=\"dialog\"\n\t\t\tdata-wp-bind--aria-label=\"state.thisImage.triggerButtonAriaLabel\"\n\t\t\tdata-wp-init=\"callbacks.initTriggerButton\"\n\t\t\tdata-wp-on--click=\"actions.showLightbox\"\n\t\t\tdata-wp-style--right=\"state.thisImage.buttonRight\"\n\t\t\tdata-wp-style--top=\"state.thisImage.buttonTop\"\n\t\t>\n\t\t\t<svg xmlns=\"http:\/\/www.w3.org\/2000\/svg\" width=\"12\" height=\"12\" fill=\"none\" viewBox=\"0 0 12 12\">\n\t\t\t\t<path fill=\"#fff\" d=\"M2 0a2 2 0 0 0-2 2v2h1.5V2a.5.5 0 0 1 .5-.5h2V0H2Zm2 10.5H2a.5.5 0 0 1-.5-.5V8H0v2a2 2 0 0 0 2 2h2v-1.5ZM8 12v-1.5h2a.5.5 0 0 0 .5-.5V8H12v2a2 2 0 0 1-2 2H8Zm2-12a2 2 0 0 1 2 2v2h-1.5V2a.5.5 0 0 0-.5-.5H8V0h2Z\" \/>\n\t\t\t<\/svg>\n\t\t<\/button><figcaption class=\"wp-element-caption\">Foto: Roberto Fernandes \/ Google Maps<\/figcaption><\/figure>\n\n\n\n<h3 class=\"wp-block-heading\"><span class=\"ez-toc-section\" id=\"19_Catedral_Metropolitana_de_Sao_Sebastiao\"><\/span>19. Catedral Metropolitana de S\u00e3o Sebasti\u00e3o<span class=\"ez-toc-section-end\"><\/span><\/h3>\n\n\n\n<p class=\"wp-block-paragraph\">\u00c4lskare av ovanlig arkitektur b\u00f6r definitivt inte missa en byggnad som vid f\u00f6rsta anblicken inte alls ser ut som ett kristet tempel. <strong>Catedral Metropolitana \u00e4r en modern betongkatedral i form av en v\u00e4ldig mayapyramid<\/strong>, som invigdes 1979 och utg\u00f6r den mest ovanliga kyrka du kommer att se i Latinamerika. Dess gr\u00e5 exteri\u00f6r ter sig visserligen ganska k\u00e4rv och massiv, men den riktiga magin d\u00f6ljer sig inuti.<\/p>\n\n\n\n<p class=\"wp-block-paragraph\">S\u00e5 fort du kliver \u00f6ver tr\u00f6skeln till denna sjuttiofem meter h\u00f6ga byggnad befinner du dig i ett enormt, solbelyst rum utan en enda st\u00f6dpelare. <strong>Fr\u00e5n golv till tak str\u00e4cker sig fyra gigantiska f\u00f6nster av f\u00e4rgade glasm\u00e5lningar som bildar ett \u00f6verv\u00e4ldigande ljuskors<\/strong>, och som skapar en otroligt spirituell och mystisk atmosf\u00e4r inuti. Katedralen rymmer otroliga tjugotusen troende och dess akustik vid k\u00f6rs\u00e5ng \u00e4r helt fenomenal.<\/p>\n\n\n\n<p class=\"wp-block-paragraph\">\ud83d\udca1 Tips: <strong>N\u00e4r du fotograferar interi\u00f6ren, st\u00e4ll dig precis mitt p\u00e5 golvet och rikta objektivet rakt upp\u00e5t<\/strong>, d\u00e5 f\u00e5r du en perfekt symmetrisk bild av det f\u00e4rgade korset i taket. Bes\u00f6ket i katedralen g\u00e5r snabbt och du kan l\u00e4tt kombinera det med en rundtur till den n\u00e4rliggande akvedukten Arcos da Lapa, som ligger bara n\u00e5gra minuters promenad h\u00e4rifr\u00e5n.<\/p>\n\n\n\n<figure data-wp-context=\"{&quot;imageId&quot;:&quot;6a9c4ed7105d8&quot;}\" data-wp-interactive=\"core\/image\" data-wp-key=\"6a9c4ed7105d8\" class=\"wp-block-image size-full wp-lightbox-container\"><img decoding=\"async\" width=\"1600\" height=\"1628\" data-wp-class--hide=\"state.isContentHidden\" data-wp-class--show=\"state.isContentVisible\" data-wp-init=\"callbacks.setButtonStyles\" data-wp-on--click=\"actions.showLightbox\" data-wp-on--load=\"callbacks.setButtonStyles\" data-wp-on--pointerdown=\"actions.preloadImage\" data-wp-on--pointerenter=\"actions.preloadImageWithDelay\" data-wp-on--pointerleave=\"actions.cancelPreload\" data-wp-on-window--resize=\"callbacks.setButtonStyles\" src=\"https:\/\/loudavymkrokem.cz\/wp-content\/uploads\/2026\/09\/museu-da-rep-blica.jpg\" alt=\"Museu da Rep\u00fablica (Pal\u00e1cio do Catete)\" class=\"wp-image-413242\" title=\"\" srcset=\"https:\/\/loudavymkrokem.cz\/wp-content\/uploads\/2026\/09\/museu-da-rep-blica.jpg 1600w, https:\/\/loudavymkrokem.cz\/wp-content\/uploads\/2026\/09\/museu-da-rep-blica-295x300.jpg 295w, https:\/\/loudavymkrokem.cz\/wp-content\/uploads\/2026\/09\/museu-da-rep-blica-700x712.jpg 700w, https:\/\/loudavymkrokem.cz\/wp-content\/uploads\/2026\/09\/museu-da-rep-blica-768x781.jpg 768w, https:\/\/loudavymkrokem.cz\/wp-content\/uploads\/2026\/09\/museu-da-rep-blica-1510x1536.jpg 1510w, https:\/\/loudavymkrokem.cz\/wp-content\/uploads\/2026\/09\/museu-da-rep-blica-696x708.jpg 696w, https:\/\/loudavymkrokem.cz\/wp-content\/uploads\/2026\/09\/museu-da-rep-blica-1392x1416.jpg 1392w\" sizes=\"(max-width: 1600px) 100vw, 1600px\" \/><button\n\t\t\tclass=\"lightbox-trigger\"\n\t\t\ttype=\"button\"\n\t\t\taria-haspopup=\"dialog\"\n\t\t\tdata-wp-bind--aria-label=\"state.thisImage.triggerButtonAriaLabel\"\n\t\t\tdata-wp-init=\"callbacks.initTriggerButton\"\n\t\t\tdata-wp-on--click=\"actions.showLightbox\"\n\t\t\tdata-wp-style--right=\"state.thisImage.buttonRight\"\n\t\t\tdata-wp-style--top=\"state.thisImage.buttonTop\"\n\t\t>\n\t\t\t<svg xmlns=\"http:\/\/www.w3.org\/2000\/svg\" width=\"12\" height=\"12\" fill=\"none\" viewBox=\"0 0 12 12\">\n\t\t\t\t<path fill=\"#fff\" d=\"M2 0a2 2 0 0 0-2 2v2h1.5V2a.5.5 0 0 1 .5-.5h2V0H2Zm2 10.5H2a.5.5 0 0 1-.5-.5V8H0v2a2 2 0 0 0 2 2h2v-1.5ZM8 12v-1.5h2a.5.5 0 0 0 .5-.5V8H12v2a2 2 0 0 1-2 2H8Zm2-12a2 2 0 0 1 2 2v2h-1.5V2a.5.5 0 0 0-.5-.5H8V0h2Z\" \/>\n\t\t\t<\/svg>\n\t\t<\/button><figcaption class=\"wp-element-caption\">Foto: Fabio Alves \/ Google Maps<\/figcaption><\/figure>\n\n\n\n<h3 class=\"wp-block-heading\"><span class=\"ez-toc-section\" id=\"20_Museu_da_Republica_Palacio_do_Catete\"><\/span>20. Museu da Rep\u00fablica (Pal\u00e1cio do Catete)<span class=\"ez-toc-section-end\"><\/span><\/h3>\n\n\n\n<p class=\"wp-block-paragraph\">F\u00f6r att f\u00f6rst\u00e5 detta enorma lands komplicerade politiska historia \u00e4r ett bes\u00f6k i den forna presidentresidensen helt n\u00f6dv\u00e4ndigt. <strong>Museu da Rep\u00fablica ligger i det pampiga palatset Pal\u00e1cio do Catete, som fungerade som s\u00e4te f\u00f6r de brasilianska presidenterna<\/strong> \u00e4nda fram till 1960, d\u00e5 huvudstaden flyttades till den nybyggda staden Bras\u00edlia. Palatset \u00e4r ett exempel p\u00e5 otrolig lyx \u2013 dess salar \u00e4r utsmyckade med s\u00e4llsynta tr\u00e4slag, venetianska speglar och enorma kristallkronor.<\/p>\n\n\n\n<p class=\"wp-block-paragraph\">Utst\u00e4llningen tar dig genom alla nyckelmoment i den brasilianska republiken, fr\u00e5n dess utropande till 1900-talets dramatiska h\u00e4ndelser. Det som griper dig mest d\u00e4r \u00e4r det bevarade rummet efter president Get\u00falio Vargas, som begick sj\u00e4lvmord h\u00e4r 1954 \u2013 museet st\u00e4ller \u00e4ven ut hans avskedsbrev, och det \u00e4r en av de platser d\u00e4r historien pl\u00f6tsligt blir v\u00e4ldigt konkret framf\u00f6r dig. Bakom palatset breder dessutom vidstr\u00e4ckta franska tr\u00e4dg\u00e5rdar ut sig, fulla av h\u00f6ga palmer och konstgjorda dammar, som erbjuder sk\u00f6n skugga f\u00f6r vila.<\/p>\n\n\n\n<p class=\"wp-block-paragraph\">\ud83d\udca1 Tips: <strong>Intr\u00e4det till de underbara bakre tr\u00e4dg\u00e5rdarna \u00e4r helt gratis och lokalborna anv\u00e4nder dem flitigt f\u00f6r promenader och avkoppling<\/strong>, s\u00e5 \u00e4ven om du inte \u00e4r p\u00e5 hum\u00f6r f\u00f6r historia p\u00e5 museet ska du definitivt inte missa tr\u00e4dg\u00e5rdarna. De ligger precis vid tunnelbanestationen Catete, s\u00e5 tillg\u00e4ngligheten fr\u00e5n strandstadsdelarna i s\u00f6dra staden \u00e4r helt problemfri och snabb.<\/p>\n\n\n\n<figure data-wp-context=\"{&quot;imageId&quot;:&quot;6a9c4ed710bc3&quot;}\" data-wp-interactive=\"core\/image\" data-wp-key=\"6a9c4ed710bc3\" class=\"wp-block-image size-full wp-lightbox-container\"><img decoding=\"async\" width=\"1600\" height=\"1200\" data-wp-class--hide=\"state.isContentHidden\" data-wp-class--show=\"state.isContentVisible\" data-wp-init=\"callbacks.setButtonStyles\" data-wp-on--click=\"actions.showLightbox\" data-wp-on--load=\"callbacks.setButtonStyles\" data-wp-on--pointerdown=\"actions.preloadImage\" data-wp-on--pointerenter=\"actions.preloadImageWithDelay\" data-wp-on--pointerleave=\"actions.cancelPreload\" data-wp-on-window--resize=\"callbacks.setButtonStyles\" src=\"https:\/\/loudavymkrokem.cz\/wp-content\/uploads\/2026\/09\/espa-o-cultural-da-marinha.jpg\" alt=\"Espa\u00e7o Cultural da Marinha\" class=\"wp-image-413243\" title=\"\" srcset=\"https:\/\/loudavymkrokem.cz\/wp-content\/uploads\/2026\/09\/espa-o-cultural-da-marinha.jpg 1600w, https:\/\/loudavymkrokem.cz\/wp-content\/uploads\/2026\/09\/espa-o-cultural-da-marinha-300x225.jpg 300w, https:\/\/loudavymkrokem.cz\/wp-content\/uploads\/2026\/09\/espa-o-cultural-da-marinha-700x525.jpg 700w, https:\/\/loudavymkrokem.cz\/wp-content\/uploads\/2026\/09\/espa-o-cultural-da-marinha-768x576.jpg 768w, https:\/\/loudavymkrokem.cz\/wp-content\/uploads\/2026\/09\/espa-o-cultural-da-marinha-1536x1152.jpg 1536w, https:\/\/loudavymkrokem.cz\/wp-content\/uploads\/2026\/09\/espa-o-cultural-da-marinha-80x60.jpg 80w, https:\/\/loudavymkrokem.cz\/wp-content\/uploads\/2026\/09\/espa-o-cultural-da-marinha-160x120.jpg 160w, https:\/\/loudavymkrokem.cz\/wp-content\/uploads\/2026\/09\/espa-o-cultural-da-marinha-696x522.jpg 696w, https:\/\/loudavymkrokem.cz\/wp-content\/uploads\/2026\/09\/espa-o-cultural-da-marinha-1392x1044.jpg 1392w\" sizes=\"(max-width: 1600px) 100vw, 1600px\" \/><button\n\t\t\tclass=\"lightbox-trigger\"\n\t\t\ttype=\"button\"\n\t\t\taria-haspopup=\"dialog\"\n\t\t\tdata-wp-bind--aria-label=\"state.thisImage.triggerButtonAriaLabel\"\n\t\t\tdata-wp-init=\"callbacks.initTriggerButton\"\n\t\t\tdata-wp-on--click=\"actions.showLightbox\"\n\t\t\tdata-wp-style--right=\"state.thisImage.buttonRight\"\n\t\t\tdata-wp-style--top=\"state.thisImage.buttonTop\"\n\t\t>\n\t\t\t<svg xmlns=\"http:\/\/www.w3.org\/2000\/svg\" width=\"12\" height=\"12\" fill=\"none\" viewBox=\"0 0 12 12\">\n\t\t\t\t<path fill=\"#fff\" d=\"M2 0a2 2 0 0 0-2 2v2h1.5V2a.5.5 0 0 1 .5-.5h2V0H2Zm2 10.5H2a.5.5 0 0 1-.5-.5V8H0v2a2 2 0 0 0 2 2h2v-1.5ZM8 12v-1.5h2a.5.5 0 0 0 .5-.5V8H12v2a2 2 0 0 1-2 2H8Zm2-12a2 2 0 0 1 2 2v2h-1.5V2a.5.5 0 0 0-.5-.5H8V0h2Z\" \/>\n\t\t\t<\/svg>\n\t\t<\/button><figcaption class=\"wp-element-caption\">Foto: Heber iba\u00f1ez \/ Google Maps<\/figcaption><\/figure>\n\n\n\n<h3 class=\"wp-block-heading\"><span class=\"ez-toc-section\" id=\"21_Espaco_Cultural_da_Marinha\"><\/span>21. Espa\u00e7o Cultural da Marinha<span class=\"ez-toc-section-end\"><\/span><\/h3>\n\n\n\n<p class=\"wp-block-paragraph\">Om du r\u00f6r dig i det historiska centrumet n\u00e4ra hamnen st\u00f6ter du p\u00e5 ett fascinerande museum som uppskattas inte bara av milit\u00e4rhistoriefans. <strong>Espa\u00e7o Cultural da Marinha \u00e4r ett omfattande sj\u00f6fartsmuseum som l\u00e5ter dig blicka in i Brasiliens rika maritima tradition<\/strong>, ett land med en av v\u00e4rldens l\u00e4ngsta kuststr\u00e4ckor. Utomhusutst\u00e4llningen \u00e4r full av historiska kanoner, gamla torpeder och enorma ankaren utspridda l\u00e4ngs den solbelysta kajen.<\/p>\n\n\n\n<p class=\"wp-block-paragraph\">Men hela omr\u00e5dets st\u00f6rsta dragpl\u00e5ster \u00e4r de riktiga fartygen, som du kan kl\u00e4ttra runt i fr\u00e5n undre d\u00e4ck till kaptensbryggan. <strong>Den st\u00f6rsta upplevelsen bjuder rundturen i den avvecklade milit\u00e4rub\u00e5ten Riachuelo och den trogna repliken av ett gammalt uppt\u00e4cktsskepp<\/strong>, som visar hur tr\u00e5ngt de f\u00f6rsta europ\u00e9erna f\u00e4rdades n\u00e4r de n\u00e5dde Sydamerikas str\u00e4nder. H\u00e4rifr\u00e5n avg\u00e5r ocks\u00e5 turb\u00e5tar f\u00f6r rundturer i Guanabarabukten, som bjuder p\u00e5 en vacker vy \u00f6ver staden fr\u00e5n vattnet.<\/p>\n\n\n\n<p class=\"wp-block-paragraph\">\ud83d\udca1 Tips: <strong>Turen i bukten fr\u00e5n denna hamn \u00e4r betydligt billigare och mer autentisk \u00e4n de \u00f6verprissatta turistb\u00e5tarna som avg\u00e5r fr\u00e5n s\u00f6dra staden.<\/strong> Gl\u00f6m dock inte att ta med en stark solkr\u00e4m och hatt, eftersom ingenting alls skyddar dig fr\u00e5n den br\u00e4nnande brasilianska solen p\u00e5 de gamla fartygens och ub\u00e5tarnas d\u00e4ck, och metalld\u00e4cken brukar vara v\u00e4ldigt heta.<\/p>\n\n\n\n<figure data-wp-context=\"{&quot;imageId&quot;:&quot;6a9c4ed71128d&quot;}\" data-wp-interactive=\"core\/image\" data-wp-key=\"6a9c4ed71128d\" class=\"wp-block-image size-full wp-lightbox-container\"><img decoding=\"async\" width=\"1200\" height=\"800\" data-wp-class--hide=\"state.isContentHidden\" data-wp-class--show=\"state.isContentVisible\" data-wp-init=\"callbacks.setButtonStyles\" data-wp-on--click=\"actions.showLightbox\" data-wp-on--load=\"callbacks.setButtonStyles\" data-wp-on--pointerdown=\"actions.preloadImage\" data-wp-on--pointerenter=\"actions.preloadImageWithDelay\" data-wp-on--pointerleave=\"actions.cancelPreload\" data-wp-on-window--resize=\"callbacks.setButtonStyles\" src=\"https:\/\/loudavymkrokem.cz\/wp-content\/uploads\/2026\/09\/praia-vermelha-pod-cukrovou-homol.jpg\" alt=\"Stranden Praia Vermelha under Sockertoppen\" class=\"wp-image-413245\" title=\"\" srcset=\"https:\/\/loudavymkrokem.cz\/wp-content\/uploads\/2026\/09\/praia-vermelha-pod-cukrovou-homol.jpg 1200w, https:\/\/loudavymkrokem.cz\/wp-content\/uploads\/2026\/09\/praia-vermelha-pod-cukrovou-homol-300x200.jpg 300w, https:\/\/loudavymkrokem.cz\/wp-content\/uploads\/2026\/09\/praia-vermelha-pod-cukrovou-homol-700x467.jpg 700w, https:\/\/loudavymkrokem.cz\/wp-content\/uploads\/2026\/09\/praia-vermelha-pod-cukrovou-homol-768x512.jpg 768w, https:\/\/loudavymkrokem.cz\/wp-content\/uploads\/2026\/09\/praia-vermelha-pod-cukrovou-homol-696x464.jpg 696w\" sizes=\"(max-width: 1200px) 100vw, 1200px\" \/><button\n\t\t\tclass=\"lightbox-trigger\"\n\t\t\ttype=\"button\"\n\t\t\taria-haspopup=\"dialog\"\n\t\t\tdata-wp-bind--aria-label=\"state.thisImage.triggerButtonAriaLabel\"\n\t\t\tdata-wp-init=\"callbacks.initTriggerButton\"\n\t\t\tdata-wp-on--click=\"actions.showLightbox\"\n\t\t\tdata-wp-style--right=\"state.thisImage.buttonRight\"\n\t\t\tdata-wp-style--top=\"state.thisImage.buttonTop\"\n\t\t>\n\t\t\t<svg xmlns=\"http:\/\/www.w3.org\/2000\/svg\" width=\"12\" height=\"12\" fill=\"none\" viewBox=\"0 0 12 12\">\n\t\t\t\t<path fill=\"#fff\" d=\"M2 0a2 2 0 0 0-2 2v2h1.5V2a.5.5 0 0 1 .5-.5h2V0H2Zm2 10.5H2a.5.5 0 0 1-.5-.5V8H0v2a2 2 0 0 0 2 2h2v-1.5ZM8 12v-1.5h2a.5.5 0 0 0 .5-.5V8H12v2a2 2 0 0 1-2 2H8Zm2-12a2 2 0 0 1 2 2v2h-1.5V2a.5.5 0 0 0-.5-.5H8V0h2Z\" \/>\n\t\t\t<\/svg>\n\t\t<\/button><figcaption class=\"wp-element-caption\">Foto: Carlos Alberto do Amaral \/ Google Maps<\/figcaption><\/figure>\n\n\n\n<h3 class=\"wp-block-heading\"><span class=\"ez-toc-section\" id=\"22_Stranden_Praia_Vermelha_under_Sockertoppen\"><\/span>22. Stranden Praia Vermelha under Sockertoppen<span class=\"ez-toc-section-end\"><\/span><\/h3>\n\n\n\n<p class=\"wp-block-paragraph\">Allra sist p\u00e5 v\u00e5r lista har vi sparat en liten men desto vackrare strand som erbjuder en helt annorlunda upplevelse \u00e4n de o\u00e4ndliga sandremsorna p\u00e5 Copacabana. <strong>Praia Vermelha, eller R\u00f6da stranden, ligger g\u00f6md i en lugn vik precis vid foten av majest\u00e4tiska Sockertoppen<\/strong>, som tornar upp sig \u00f6ver den som en v\u00e4ldig stenmur. Dess namn kommer fr\u00e5n den gr\u00f6vre rosaaktiga sanden som f\u00e5r en underbart varm nyans vid solnedg\u00e5ngen.<\/p>\n\n\n\n<p class=\"wp-block-paragraph\">Viken \u00e4r skyddad fr\u00e5n de starka havsstr\u00f6mmarna, s\u00e5 vattnet h\u00e4r \u00e4r otroligt lugnt och s\u00e4kert, vilket g\u00f6r den till en idealisk plats f\u00f6r familjer och avkopplande simning. <strong>Tack vare avsaknaden av stora v\u00e5gor \u00e4r det ocks\u00e5 en perfekt plats f\u00f6r att hyra en paddleboard eller havskajak<\/strong>, fr\u00e5n vilken du kan beundra de omgivande branta klipporna ur ett helt nytt perspektiv. Stranden \u00e4r v\u00e4ldigt liten och mysig, omgiven av gr\u00f6na tr\u00e4d, och erbjuder en mycket mer intim atmosf\u00e4r \u00e4n de stora grannstr\u00e4nderna.<\/p>\n\n\n\n<p class=\"wp-block-paragraph\">\ud83d\udca1 Tips: <strong>Fr\u00e5n strandens v\u00e4nstra kant b\u00f6rjar den underbara, belagda leden Pista Cl\u00e1udio Coutinho, som slingrar sig genom regnskogen precis l\u00e4ngs klipporna ovanf\u00f6r havet.<\/strong> Det \u00e4r en fantastisk plats f\u00f6r en enkel promenad, d\u00e4r du med h\u00f6g sannolikhet tr\u00e4ffar fr\u00e4cka silkesapor, men kom bara ih\u00e5g att matning av vilda djur \u00e4r strikt f\u00f6rbjudet i hela parken, hur s\u00f6ta de \u00e4n ser ut. Utflykten till denna strand kombineras idealiskt med ett bes\u00f6k p\u00e5 sj\u00e4lva Sockertoppen \u2013 linbanans nedre station ligger direkt tv\u00e4rs \u00f6ver gatan.<\/p>\n\n\n\n<h2 class=\"wp-block-heading\"><span class=\"ez-toc-section\" id=\"Vart_du_kan_resa_vidare_fran_Rio_de_Janeiro\"><\/span>Vart du kan resa vidare fr\u00e5n Rio de Janeiro<span class=\"ez-toc-section-end\"><\/span><\/h2>\n\n\n\n<p class=\"wp-block-paragraph\">Brasilien \u00e4r ett enormt land och Rio de Janeiro \u00e4r ofta bara f\u00f6rsta stoppet p\u00e5 din sydamerikanska resa. Om du vill <strong>f\u00f6rdjupa dig i planeringen av ditt boende<\/strong> har vi skrivit en mer detaljerad guide \u00e5t dig, <a href=\"https:\/\/loudavymkrokem.cz\/sv\/var-bo-rio-de-janeiro\/\">Var du ska bo i Rio de Janeiro<\/a>. I den f\u00e5r du reda p\u00e5 de detaljerade skillnaderna mellan de olika stadsdelarna i s\u00f6dra staden och kan l\u00e4ttare v\u00e4lja det b\u00e4sta l\u00e4get.<\/p>\n\n\n\n<p class=\"wp-block-paragraph\">De flesta resen\u00e4rer f\u00f6rflyttar sig sedan till hela s\u00f6dra halvklotets st\u00f6rsta metropol, som erbjuder en <strong>helt annorlunda, v\u00e4ldigt urban upplevelse<\/strong>. F\u00f6r en smidig \u00f6verflyttning rekommenderar jag att du tittar i artikeln <a href=\"https:\/\/loudavymkrokem.cz\/sv\/?p=412732\">Vad du kan se i S\u00e3o Paulo<\/a>, d\u00e4r du hittar tips p\u00e5 de b\u00e4sta museerna, parkerna och skyskrapeutsikterna. Praktiska r\u00e5d f\u00f6r att v\u00e4lja ett s\u00e4kert l\u00e4ge i denna gigantiska aff\u00e4rsstad ger sedan v\u00e5r guide <a href=\"https:\/\/loudavymkrokem.cz\/sv\/?p=412738\">Var du ska bo i S\u00e3o Paulo<\/a>.<\/p>\n\n\n\n<h2 class=\"wp-block-heading\"><span class=\"ez-toc-section\" id=\"Vanliga_fragor\"><\/span>Vanliga fr\u00e5gor<span class=\"ez-toc-section-end\"><\/span><\/h2>\n\n\n<div id=\"rank-math-faq\" class=\"rank-math-block\">\n<div class=\"rank-math-list \">\n<div id=\"faq-question-1788283109000\" class=\"rank-math-list-item\">\n<h3 class=\"rank-math-question \"><span class=\"ez-toc-section\" id=\"Ar_Rio_de_Janeiro_sakert_for_turister\"><\/span>\u00c4r Rio de Janeiro s\u00e4kert f\u00f6r turister?<span class=\"ez-toc-section-end\"><\/span><\/h3>\n<div class=\"rank-math-answer \">\n\n<p>Om du h\u00e5ller dig inom <strong>det turistiska s\u00e4kerhetsb\u00e4ltet runt kvarteren Ipanema och Leblon<\/strong> kommer du med st\u00f6rsta sannolikhet inte ha n\u00e5gra problem. Under dagen \u00e4r det s\u00e4kert \u00e4ven p\u00e5 Copacabana, men efter m\u00f6rkrets inbrott b\u00f6r du undvika promenader p\u00e5 stranden och tomma gator i centrum. <strong>Anv\u00e4nd alltid Uber<\/strong> och visa inte upp dyra smycken eller telefoner.<\/p>\n\n<\/div>\n<\/div>\n<div id=\"faq-question-1788283109001\" class=\"rank-math-list-item\">\n<h3 class=\"rank-math-question \"><span class=\"ez-toc-section\" id=\"Hur_manga_dagar_behover_jag_for_att_besoka_Rio\"><\/span>Hur m\u00e5nga dagar beh\u00f6ver jag f\u00f6r att bes\u00f6ka Rio?<span class=\"ez-toc-section-end\"><\/span><\/h3>\n<div class=\"rank-math-answer \">\n\n<p>Den idealiska tiden f\u00f6r att utforska staden \u00e4r <strong>fyra till fem hela dagar<\/strong>, vilket ger dig tillr\u00e4ckligt med utrymme f\u00f6r sev\u00e4rdheter och avkoppling p\u00e5 stranden. Ha dock alltid minst <strong>tv\u00e5 dagar i reserv som tidsbuffert<\/strong> s\u00e5 att du flexibelt kan anpassa bes\u00f6k p\u00e5 h\u00f6gt bel\u00e4gna utsiktsplatser efter aktuell molnighet och v\u00e4der.<\/p>\n\n<\/div>\n<\/div>\n<div id=\"faq-question-1788283109002\" class=\"rank-math-list-item\">\n<h3 class=\"rank-math-question \"><span class=\"ez-toc-section\" id=\"Hur_tar_jag_mig_bast_till_Kristusstatyn\"><\/span>Hur tar jag mig b\u00e4st till Kristusstatyn?<span class=\"ez-toc-section-end\"><\/span><\/h3>\n<div class=\"rank-math-answer \">\n\n<p>Det finns tre s\u00e4tt, d\u00e4r <strong>det dyraste och mest popul\u00e4ra \u00e4r den historiska kuggst\u00e5gj\u00e4rnv\u00e4gen Corcovado<\/strong> som tar dig upp genom regnskogen. Ett n\u00e5got billigare alternativ \u00e4r den officiella minibussen fr\u00e5n bes\u00f6kscentret Paineiras. Om du letar efter det billigaste och mest \u00e4ventyrliga s\u00e4ttet kan <strong>du g\u00e5 till fots p\u00e5 den branta stigen<\/strong> fr\u00e5n parken Parque Lage, vilket tar cirka tv\u00e5 timmar av kr\u00e4vande uppf\u00f6rsbacke.<\/p>\n\n<\/div>\n<\/div>\n<div id=\"faq-question-1788283109003\" class=\"rank-math-list-item\">\n<h3 class=\"rank-math-question \"><span class=\"ez-toc-section\" id=\"Nar_ar_den_basta_tiden_att_resa_till_Brasilien\"><\/span>N\u00e4r \u00e4r den b\u00e4sta tiden att resa till Brasilien?<span class=\"ez-toc-section-end\"><\/span><\/h3>\n<div class=\"rank-math-answer \">\n\n<p>Med tanke p\u00e5 gynnsamt v\u00e4der och rimliga priser \u00e4r det b\u00e4st att <strong>\u00e5ka fr\u00e5n april till juni eller fr\u00e5n augusti till oktober<\/strong>. D\u00e5 undviker du extrem sommarv\u00e4rme och regelbundna skyfall. Under karnevalen och ny\u00e5r upplever staden visserligen en fantastisk atmosf\u00e4r, men <strong>priserna p\u00e5 boende \u00e4r flera g\u00e5nger h\u00f6gre<\/strong> och \u00f6verallt m\u00f6ter du enorma folkmassor.<\/p>\n\n<\/div>\n<\/div>\n<div id=\"faq-question-1788283109004\" class=\"rank-math-list-item\">\n<h3 class=\"rank-math-question \"><span class=\"ez-toc-section\" id=\"Kan_jag_bada_pa_stranderna_i_Rio_efter_morkrets_inbrott\"><\/span>Kan jag bada p\u00e5 str\u00e4nderna i Rio efter m\u00f6rkrets inbrott?<span class=\"ez-toc-section-end\"><\/span><\/h3>\n<div class=\"rank-math-answer \">\n\n<p><strong>Absolut inte, g\u00e5 aldrig till stranden p\u00e5 natten.<\/strong> S\u00e5 fort solen g\u00e5r ner blir de l\u00e5nga sandstr\u00e4nderna farliga f\u00f6r turister och lockar till sig tvivelaktiga element. Stadens inv\u00e5nare samlas p\u00e5 kv\u00e4llarna i v\u00e4lupplysta barer och restauranger p\u00e5 livliga gator, d\u00e4rf\u00f6r b\u00f6r du <strong>helt undvika \u00f6vergivna str\u00e4nder efter m\u00f6rkrets inbrott<\/strong>.<\/p>\n\n<\/div>\n<\/div>\n<div id=\"faq-question-1788283109005\" class=\"rank-math-list-item\">\n<h3 class=\"rank-math-question \"><span class=\"ez-toc-section\" id=\"Hur_tar_jag_mig_runt_i_staden_och_ar_kollektivtrafiken_saker\"><\/span>Hur tar jag mig runt i staden och \u00e4r kollektivtrafiken s\u00e4ker?<span class=\"ez-toc-section-end\"><\/span><\/h3>\n<div class=\"rank-math-answer \">\n\n<p>Under dagen <strong>fungerar tunnelbanen\u00e4tet utm\u00e4rkt och s\u00e4kert<\/strong>, vilket f\u00f6rbinder de s\u00f6dra strandkvarteren med stadens historiska centrum. Vanliga bussar brukar vara lite sv\u00e5rorienterade och rekommenderas inte s\u00e4rskilt f\u00f6r turister. S\u00e5 fort det b\u00f6rjar skymma, <strong>byt utan kompromisser till Uber-appen<\/strong>, som i Brasilien \u00e4r mycket billig, p\u00e5litlig och garanterar dig en lugn \u00e5terf\u00e4rd till hotellet.<\/p>\n\n<\/div>\n<\/div>\n<div id=\"faq-question-1788283109006\" class=\"rank-math-list-item\">\n<h3 class=\"rank-math-question \"><span class=\"ez-toc-section\" id=\"Vad_kan_jag_ata_i_Rio_om_jag_inte_ater_kott\"><\/span>Vad kan jag \u00e4ta i Rio om jag inte \u00e4ter k\u00f6tt?<span class=\"ez-toc-section-end\"><\/span><\/h3>\n<div class=\"rank-math-answer \">\n\n<p>\u00c4ven om det brasilianska k\u00f6ket \u00e4r starkt k\u00f6ttbaserat finns det gott om vegetariska godsaker. <strong>St\u00f6rsta hiten \u00e4r iskallt a\u00e7a\u00ed med granola<\/strong> som \u00e4r perfekt uppfriskande p\u00e5 stranden. I gatust\u00e5nd kan du leta efter ostbullar p\u00e3o de queijo eller tapioca fylld med ost och tomater. F\u00f6r en fullst\u00e4ndig middag <strong>bege dig till de utm\u00e4rkta italienska restaurangerna i Ipanema<\/strong>.<\/p>\n\n<\/div>\n<\/div>\n<div id=\"faq-question-1788283109007\" class=\"rank-math-list-item\">\n<h3 class=\"rank-math-question \"><span class=\"ez-toc-section\" id=\"Lonar_det_sig_att_kopa_biljetter_till_sevardheter_langt_i_forvag\"><\/span>L\u00f6nar det sig att k\u00f6pa biljetter till sev\u00e4rdheter l\u00e5ngt i f\u00f6rv\u00e4g?<span class=\"ez-toc-section-end\"><\/span><\/h3>\n<div class=\"rank-math-answer \">\n\n<p>F\u00f6r moderna inomhusmuseer som Framtidens museum l\u00f6nar det sig definitivt att k\u00f6pa onlinebiljetter i f\u00f6rv\u00e4g. <strong>Men f\u00f6r utomhusutsikter som Sockertoppen och Kristus Fr\u00e4lsaren b\u00f6r du vara f\u00f6rsiktig.<\/strong> V\u00e4dret vid kusten \u00e4ndrar sig fr\u00e5n timme till timme och genom att k\u00f6pa f\u00f6r en fast dag <strong>riskerar du att p\u00e5 grund av t\u00e4t dimma inte se n\u00e5gonting alls<\/strong>.<\/p>\n\n<\/div>\n<\/div>\n<\/div>\n<\/div>","protected":false},"excerpt":{"rendered":"<p>Uppt\u00e4ck Rio de Janeiros vackraste platser, fr\u00e5n ber\u00f6mda str\u00e4nder till g\u00f6mda regnskogsvyer, och l\u00e4r dig hur du njuter av staden helt tryggt.<\/p>\n","protected":false},"author":3,"featured_media":413187,"comment_status":"open","ping_status":"open","sticky":false,"template":"","format":"standard","meta":{"_acf_changed":false,"footnotes":"","rank_math_title":"Rio de Janeiro: 22 tips p\u00e5 vad du kan se 2026","rank_math_description":"Planerar du en resa till Rio de Janeiro? H\u00e4r \u00e4r 22 tips p\u00e5 str\u00e4nder, utsiktspunkter och museer plus r\u00e5d om s\u00e4kerhet och boende. L\u00e4s mer och planera din resa!","rank_math_focus_keyword":"rio de janeiro","rank_math_seo_score":""},"categories":[1162],"tags":[],"class_list":["post-417609","post","type-post","status-publish","format-standard","has-post-thumbnail","category-resor"],"acf":[],"featured_image_src":"https:\/\/loudavymkrokem.cz\/wp-content\/uploads\/2026\/09\/pedra-do-arpoador.jpg","author_info":{"display_name":"Lucie Kone\u010dn\u00e1","author_link":"https:\/\/loudavymkrokem.cz\/sv\/author\/lucie-konecna\/"},"_links":{"self":[{"href":"https:\/\/loudavymkrokem.cz\/sv\/wp-json\/wp\/v2\/posts\/417609","targetHints":{"allow":["GET"]}}],"collection":[{"href":"https:\/\/loudavymkrokem.cz\/sv\/wp-json\/wp\/v2\/posts"}],"about":[{"href":"https:\/\/loudavymkrokem.cz\/sv\/wp-json\/wp\/v2\/types\/post"}],"author":[{"embeddable":true,"href":"https:\/\/loudavymkrokem.cz\/sv\/wp-json\/wp\/v2\/users\/3"}],"replies":[{"embeddable":true,"href":"https:\/\/loudavymkrokem.cz\/sv\/wp-json\/wp\/v2\/comments?post=417609"}],"version-history":[{"count":2,"href":"https:\/\/loudavymkrokem.cz\/sv\/wp-json\/wp\/v2\/posts\/417609\/revisions"}],"predecessor-version":[{"id":417611,"href":"https:\/\/loudavymkrokem.cz\/sv\/wp-json\/wp\/v2\/posts\/417609\/revisions\/417611"}],"wp:featuredmedia":[{"embeddable":true,"href":"https:\/\/loudavymkrokem.cz\/sv\/wp-json\/wp\/v2\/media\/413187"}],"wp:attachment":[{"href":"https:\/\/loudavymkrokem.cz\/sv\/wp-json\/wp\/v2\/media?parent=417609"}],"wp:term":[{"taxonomy":"category","embeddable":true,"href":"https:\/\/loudavymkrokem.cz\/sv\/wp-json\/wp\/v2\/categories?post=417609"},{"taxonomy":"post_tag","embeddable":true,"href":"https:\/\/loudavymkrokem.cz\/sv\/wp-json\/wp\/v2\/tags?post=417609"}],"curies":[{"name":"wp","href":"https:\/\/api.w.org\/{rel}","templated":true}]}}