{"id":417603,"date":"2026-09-04T10:39:09","date_gmt":"2026-09-04T08:39:09","guid":{"rendered":"https:\/\/loudavymkrokem.cz\/var-bo-cartagena-colombia\/"},"modified":"2026-09-05T16:46:00","modified_gmt":"2026-09-05T14:46:00","slug":"var-bo-cartagena-colombia","status":"publish","type":"post","link":"https:\/\/loudavymkrokem.cz\/sv\/var-bo-cartagena-colombia\/","title":{"rendered":"Var bo i Cartagena, Colombia: 18 b\u00e4sta hotell och omr\u00e5den 2026"},"content":{"rendered":"\n<p class=\"wp-block-paragraph\">N\u00e4r du b\u00f6rjar planera din resa och funderar p\u00e5 <strong>boende i Cartagena, Colombia<\/strong>, blir du f\u00f6rmodligen genast f\u00e4ngslad av bilderna p\u00e5 f\u00e4rgglada koloniala gr\u00e4nder och balkonger t\u00e4ckta av bougainvillea. Att v\u00e4lja r\u00e4tt boende i den h\u00e4r karibiska staden \u00e4r dock en liten vetenskap, och <strong>det l\u00f6nar sig att k\u00e4nna till n\u00e5gra avg\u00f6rande lokala regler<\/strong> s\u00e5 att du inte blir besviken p\u00e5 plats eller f\u00f6rlorar pengar i on\u00f6dan. Den viktigaste hemligheten \u00e4r det colombianska skattesystemet, som <strong>befriar utl\u00e4ndska turister fr\u00e5n att betala den 19-procentiga momsen (IVA)<\/strong> p\u00e5 hotelln\u00e4tter.<\/p>\n\n\n\n<p class=\"wp-block-paragraph\">Det l\u00e5ter fantastiskt, men det finns en v\u00e4sentlig hake, eftersom <strong>du i praktiken sj\u00e4lv m\u00e5ste h\u00e5lla stenh\u00e5rd koll p\u00e5 detta undantag<\/strong>. F\u00f6r att slippa betala skatten m\u00e5ste du ha en turistst\u00e4mpel m\u00e4rkt PIP-5 i passet, som du f\u00e5r automatiskt vid ankomsten. Hotellet m\u00e5ste sedan kopiera ditt pass med denna st\u00e4mpel. Ungef\u00e4r <strong>h\u00e4lften av alla boenden drar av skatten automatiskt<\/strong>, medan den andra h\u00e4lften f\u00f6rs\u00f6ker fakturera dig den. Fr\u00e5ga d\u00e4rf\u00f6r f\u00f6r s\u00e4kerhets skull direkt vid incheckningen om din vistelse \u00e4r skattefri, och kontrollera din slutnota mycket noggrant vid utcheckningen.<\/p>\n\n\n\n<p class=\"wp-block-paragraph\">En annan egenhet i Cartagena \u00e4r att <strong>man h\u00e4r betalar f\u00f6r l\u00e4get per meter<\/strong>. Det historiska centrumet innanf\u00f6r stadsmurarna \u00e4r ganska litet och man promenerar igenom det p\u00e5 tjugo minuter. Rumspriserna faller dock brant f\u00f6r varje kvarter du r\u00f6r dig bort fr\u00e5n de stora torgen. Till detta kommer den <strong>allest\u00e4des n\u00e4rvarande hettan mellan 31 och 33 grader Celsius<\/strong> och den enorma luftfuktigheten. Luftkonditionering och \u00e5tminstone en liten pool \u00e4r d\u00e4rf\u00f6r ingen on\u00f6dig lyx h\u00e4r, utan absolut <strong>grundl\u00e4ggande utrustning f\u00f6r \u00f6verlevnad<\/strong>, eftersom man helt enkelt inte kan g\u00e5 ut p\u00e5 de gl\u00f6dheta gatorna p\u00e5 eftermiddagen.<\/p>\n\n\n\n<figure data-wp-context=\"{&quot;imageId&quot;:&quot;6a9c4049319af&quot;}\" data-wp-interactive=\"core\/image\" data-wp-key=\"6a9c4049319af\" class=\"wp-block-image size-full wp-lightbox-container\"><img decoding=\"async\" width=\"1920\" height=\"1280\" data-wp-class--hide=\"state.isContentHidden\" data-wp-class--show=\"state.isContentVisible\" data-wp-init=\"callbacks.setButtonStyles\" data-wp-on--click=\"actions.showLightbox\" data-wp-on--load=\"callbacks.setButtonStyles\" data-wp-on--pointerdown=\"actions.preloadImage\" data-wp-on--pointerenter=\"actions.preloadImageWithDelay\" data-wp-on--pointerleave=\"actions.cancelPreload\" data-wp-on-window--resize=\"callbacks.setButtonStyles\" src=\"https:\/\/loudavymkrokem.cz\/wp-content\/uploads\/2026\/09\/kolonialni-ulice-v-cartagene-800a9ba6.jpg\" alt=\"Kolonial gata i Cartagena\" class=\"wp-image-415737\" title=\"\" srcset=\"https:\/\/loudavymkrokem.cz\/wp-content\/uploads\/2026\/09\/kolonialni-ulice-v-cartagene-800a9ba6.jpg 1920w, https:\/\/loudavymkrokem.cz\/wp-content\/uploads\/2026\/09\/kolonialni-ulice-v-cartagene-800a9ba6-300x200.jpg 300w, https:\/\/loudavymkrokem.cz\/wp-content\/uploads\/2026\/09\/kolonialni-ulice-v-cartagene-800a9ba6-700x467.jpg 700w, https:\/\/loudavymkrokem.cz\/wp-content\/uploads\/2026\/09\/kolonialni-ulice-v-cartagene-800a9ba6-768x512.jpg 768w, https:\/\/loudavymkrokem.cz\/wp-content\/uploads\/2026\/09\/kolonialni-ulice-v-cartagene-800a9ba6-1536x1024.jpg 1536w, https:\/\/loudavymkrokem.cz\/wp-content\/uploads\/2026\/09\/kolonialni-ulice-v-cartagene-800a9ba6-696x464.jpg 696w, https:\/\/loudavymkrokem.cz\/wp-content\/uploads\/2026\/09\/kolonialni-ulice-v-cartagene-800a9ba6-1392x928.jpg 1392w\" sizes=\"(max-width: 1920px) 100vw, 1920px\" \/><button\n\t\t\tclass=\"lightbox-trigger\"\n\t\t\ttype=\"button\"\n\t\t\taria-haspopup=\"dialog\"\n\t\t\tdata-wp-bind--aria-label=\"state.thisImage.triggerButtonAriaLabel\"\n\t\t\tdata-wp-init=\"callbacks.initTriggerButton\"\n\t\t\tdata-wp-on--click=\"actions.showLightbox\"\n\t\t\tdata-wp-style--right=\"state.thisImage.buttonRight\"\n\t\t\tdata-wp-style--top=\"state.thisImage.buttonTop\"\n\t\t>\n\t\t\t<svg xmlns=\"http:\/\/www.w3.org\/2000\/svg\" width=\"12\" height=\"12\" fill=\"none\" viewBox=\"0 0 12 12\">\n\t\t\t\t<path fill=\"#fff\" d=\"M2 0a2 2 0 0 0-2 2v2h1.5V2a.5.5 0 0 1 .5-.5h2V0H2Zm2 10.5H2a.5.5 0 0 1-.5-.5V8H0v2a2 2 0 0 0 2 2h2v-1.5ZM8 12v-1.5h2a.5.5 0 0 0 .5-.5V8H12v2a2 2 0 0 1-2 2H8Zm2-12a2 2 0 0 1 2 2v2h-1.5V2a.5.5 0 0 0-.5-.5H8V0h2Z\" \/>\n\t\t\t<\/svg>\n\t\t<\/button><figcaption class=\"wp-element-caption\">Foto: Dr. Thomas Liptak \/ Wikimedia Commons, CC BY-SA 4.0<\/figcaption><\/figure>\n\n\n\n<div id=\"ez-toc-container\" class=\"ez-toc-v2_0_87 ez-toc-wrap-left counter-hierarchy ez-toc-counter ez-toc-grey ez-toc-container-direction\">\n<div class=\"ez-toc-title-container\">\n<p class=\"ez-toc-title\" style=\"cursor:inherit\">Artikelns inneh\u00e5ll<\/p>\n<span class=\"ez-toc-title-toggle\"><a href=\"#\" class=\"ez-toc-pull-right ez-toc-btn ez-toc-btn-xs ez-toc-btn-default ez-toc-toggle\" aria-label=\"Toggle Table of Content\"><span class=\"ez-toc-js-icon-con\"><span class=\"\"><span class=\"eztoc-hide\" style=\"display:none;\">Toggle<\/span><span class=\"ez-toc-icon-toggle-span\"><svg style=\"fill: #999;color:#999\" xmlns=\"http:\/\/www.w3.org\/2000\/svg\" class=\"list-377408\" width=\"20px\" height=\"20px\" viewBox=\"0 0 24 24\" fill=\"none\"><path d=\"M6 6H4v2h2V6zm14 0H8v2h12V6zM4 11h2v2H4v-2zm16 0H8v2h12v-2zM4 16h2v2H4v-2zm16 0H8v2h12v-2z\" fill=\"currentColor\"><\/path><\/svg><svg style=\"fill: #999;color:#999\" class=\"arrow-unsorted-368013\" xmlns=\"http:\/\/www.w3.org\/2000\/svg\" width=\"10px\" height=\"10px\" viewBox=\"0 0 24 24\" version=\"1.2\" baseProfile=\"tiny\"><path d=\"M18.2 9.3l-6.2-6.3-6.2 6.3c-.2.2-.3.4-.3.7s.1.5.3.7c.2.2.4.3.7.3h11c.3 0 .5-.1.7-.3.2-.2.3-.5.3-.7s-.1-.5-.3-.7zM5.8 14.7l6.2 6.3 6.2-6.3c.2-.2.3-.5.3-.7s-.1-.5-.3-.7c-.2-.2-.4-.3-.7-.3h-11c-.3 0-.5.1-.7.3-.2.2-.3.5-.3.7s.1.5.3.7z\"\/><\/svg><\/span><\/span><\/span><\/a><\/span><\/div>\n<nav><ul class='ez-toc-list ez-toc-list-level-1 ' ><ul class='ez-toc-list-level-3' ><li class='ez-toc-heading-level-3'><a class=\"ez-toc-link ez-toc-heading-1\" href=\"https:\/\/loudavymkrokem.cz\/sv\/var-bo-cartagena-colombia\/#Sammanfattning_for_dig_som_inte_hinner_lasa_hela_artikeln\" >Sammanfattning f\u00f6r dig som inte hinner l\u00e4sa hela artikeln<\/a><\/li><\/ul><\/li><li class='ez-toc-page-1 ez-toc-heading-level-2'><a class=\"ez-toc-link ez-toc-heading-2\" href=\"https:\/\/loudavymkrokem.cz\/sv\/var-bo-cartagena-colombia\/#Vilket_omrade_ska_du_valja_for_boende_i_Cartagena_Colombia\" >Vilket omr\u00e5de ska du v\u00e4lja f\u00f6r boende i Cartagena, Colombia<\/a><\/li><li class='ez-toc-page-1 ez-toc-heading-level-2'><a class=\"ez-toc-link ez-toc-heading-3\" href=\"https:\/\/loudavymkrokem.cz\/sv\/var-bo-cartagena-colombia\/#Nar_du_ska_aka_och_nar_du_ska_boka\" >N\u00e4r du ska \u00e5ka och n\u00e4r du ska boka<\/a><\/li><li class='ez-toc-page-1 ez-toc-heading-level-2'><a class=\"ez-toc-link ez-toc-heading-4\" href=\"https:\/\/loudavymkrokem.cz\/sv\/var-bo-cartagena-colombia\/#Var_bo_i_Cartagena_Colombia_de_18_basta_hotellen\" >Var bo i Cartagena, Colombia: de 18 b\u00e4sta hotellen<\/a><ul class='ez-toc-list-level-3' ><li class='ez-toc-heading-level-3'><a class=\"ez-toc-link ez-toc-heading-5\" href=\"https:\/\/loudavymkrokem.cz\/sv\/var-bo-cartagena-colombia\/#1_Casa_San_Agustin\" >1. Casa San Agust\u00edn<\/a><\/li><li class='ez-toc-page-1 ez-toc-heading-level-3'><a class=\"ez-toc-link ez-toc-heading-6\" href=\"https:\/\/loudavymkrokem.cz\/sv\/var-bo-cartagena-colombia\/#2_Casa_Carolina_Hotel\" >2. Casa Carolina Hotel<\/a><\/li><li class='ez-toc-page-1 ez-toc-heading-level-3'><a class=\"ez-toc-link ez-toc-heading-7\" href=\"https:\/\/loudavymkrokem.cz\/sv\/var-bo-cartagena-colombia\/#3_Amarla_Boutique_Hotel\" >3. Amarla Boutique Hotel<\/a><\/li><li class='ez-toc-page-1 ez-toc-heading-level-3'><a class=\"ez-toc-link ez-toc-heading-8\" href=\"https:\/\/loudavymkrokem.cz\/sv\/var-bo-cartagena-colombia\/#4_Hotel_Charleston_Santa_Teresa\" >4. Hotel Charleston Santa Teresa<\/a><\/li><li class='ez-toc-page-1 ez-toc-heading-level-3'><a class=\"ez-toc-link ez-toc-heading-9\" href=\"https:\/\/loudavymkrokem.cz\/sv\/var-bo-cartagena-colombia\/#5_Bastion_Luxury_Hotel\" >5. Basti\u00f3n Luxury Hotel<\/a><\/li><li class='ez-toc-page-1 ez-toc-heading-level-3'><a class=\"ez-toc-link ez-toc-heading-10\" href=\"https:\/\/loudavymkrokem.cz\/sv\/var-bo-cartagena-colombia\/#6_Casa_Claver_Loft_Boutique_Hotel\" >6. Casa Claver Loft Boutique Hotel<\/a><\/li><li class='ez-toc-page-1 ez-toc-heading-level-3'><a class=\"ez-toc-link ez-toc-heading-11\" href=\"https:\/\/loudavymkrokem.cz\/sv\/var-bo-cartagena-colombia\/#7_Hotel_Boutique_Bovedas_de_Santa_Clara\" >7. Hotel Boutique B\u00f3vedas de Santa Clara<\/a><\/li><li class='ez-toc-page-1 ez-toc-heading-level-3'><a class=\"ez-toc-link ez-toc-heading-12\" href=\"https:\/\/loudavymkrokem.cz\/sv\/var-bo-cartagena-colombia\/#8_Casa_Lola_Luxury_Collection\" >8. Casa Lola Luxury Collection<\/a><\/li><li class='ez-toc-page-1 ez-toc-heading-level-3'><a class=\"ez-toc-link ez-toc-heading-13\" href=\"https:\/\/loudavymkrokem.cz\/sv\/var-bo-cartagena-colombia\/#9_Arsenal_Hotel\" >9. Arsenal Hotel<\/a><\/li><li class='ez-toc-page-1 ez-toc-heading-level-3'><a class=\"ez-toc-link ez-toc-heading-14\" href=\"https:\/\/loudavymkrokem.cz\/sv\/var-bo-cartagena-colombia\/#10_LUNALA_Hotel_Boutique\" >10. LUNALA Hotel Boutique<\/a><\/li><li class='ez-toc-page-1 ez-toc-heading-level-3'><a class=\"ez-toc-link ez-toc-heading-15\" href=\"https:\/\/loudavymkrokem.cz\/sv\/var-bo-cartagena-colombia\/#11_Los_Patios_Hostel\" >11. Los Patios Hostel<\/a><\/li><li class='ez-toc-page-1 ez-toc-heading-level-3'><a class=\"ez-toc-link ez-toc-heading-16\" href=\"https:\/\/loudavymkrokem.cz\/sv\/var-bo-cartagena-colombia\/#12_ESTELAR_Cartagena_de_Indias_Hotel_Centro_de_Convenciones\" >12. ESTELAR Cartagena de Indias Hotel &#038; Centro de Convenciones<\/a><\/li><li class='ez-toc-page-1 ez-toc-heading-level-3'><a class=\"ez-toc-link ez-toc-heading-17\" href=\"https:\/\/loudavymkrokem.cz\/sv\/var-bo-cartagena-colombia\/#13_InterContinental_Cartagena_de_Indias\" >13. InterContinental Cartagena de Indias<\/a><\/li><li class='ez-toc-page-1 ez-toc-heading-level-3'><a class=\"ez-toc-link ez-toc-heading-18\" href=\"https:\/\/loudavymkrokem.cz\/sv\/var-bo-cartagena-colombia\/#14_Hotel_Caribe_by_Faranda_Grand\" >14. Hotel Caribe by Faranda Grand<\/a><\/li><li class='ez-toc-page-1 ez-toc-heading-level-3'><a class=\"ez-toc-link ez-toc-heading-19\" href=\"https:\/\/loudavymkrokem.cz\/sv\/var-bo-cartagena-colombia\/#15_Hyatt_Regency_Cartagena\" >15. Hyatt Regency Cartagena<\/a><\/li><li class='ez-toc-page-1 ez-toc-heading-level-3'><a class=\"ez-toc-link ez-toc-heading-20\" href=\"https:\/\/loudavymkrokem.cz\/sv\/var-bo-cartagena-colombia\/#16_Hotel_Capilla_del_Mar\" >16. Hotel Capilla del Mar<\/a><\/li><li class='ez-toc-page-1 ez-toc-heading-level-3'><a class=\"ez-toc-link ez-toc-heading-21\" href=\"https:\/\/loudavymkrokem.cz\/sv\/var-bo-cartagena-colombia\/#17_Hotel_Carey_Beach_Baru\" >17. Hotel Carey Beach Bar\u00fa<\/a><\/li><li class='ez-toc-page-1 ez-toc-heading-level-3'><a class=\"ez-toc-link ez-toc-heading-22\" href=\"https:\/\/loudavymkrokem.cz\/sv\/var-bo-cartagena-colombia\/#18_Hotel_Las_Islas\" >18. Hotel Las Islas<\/a><\/li><\/ul><\/li><li class='ez-toc-page-1 ez-toc-heading-level-2'><a class=\"ez-toc-link ez-toc-heading-23\" href=\"https:\/\/loudavymkrokem.cz\/sv\/var-bo-cartagena-colombia\/#Hur_du_valjer_ratt_hotell\" >Hur du v\u00e4ljer r\u00e4tt hotell<\/a><\/li><li class='ez-toc-page-1 ez-toc-heading-level-2'><a class=\"ez-toc-link ez-toc-heading-24\" href=\"https:\/\/loudavymkrokem.cz\/sv\/var-bo-cartagena-colombia\/#Var_du_kan_ata\" >Var du kan \u00e4ta<\/a><ul class='ez-toc-list-level-3' ><li class='ez-toc-heading-level-3'><a class=\"ez-toc-link ez-toc-heading-25\" href=\"https:\/\/loudavymkrokem.cz\/sv\/var-bo-cartagena-colombia\/#Kottfria_sakra_kort_i_Cartagena\" >K\u00f6ttfria s\u00e4kra kort i Cartagena<\/a><\/li><\/ul><\/li><li class='ez-toc-page-1 ez-toc-heading-level-2'><a class=\"ez-toc-link ez-toc-heading-26\" href=\"https:\/\/loudavymkrokem.cz\/sv\/var-bo-cartagena-colombia\/#Vart_vidare\" >Vart vidare<\/a><\/li><li class='ez-toc-page-1 ez-toc-heading-level-2'><a class=\"ez-toc-link ez-toc-heading-27\" href=\"https:\/\/loudavymkrokem.cz\/sv\/var-bo-cartagena-colombia\/#Vanliga_fragor\" >Vanliga fr\u00e5gor<\/a><ul class='ez-toc-list-level-3' ><li class='ez-toc-heading-level-3'><a class=\"ez-toc-link ez-toc-heading-28\" href=\"https:\/\/loudavymkrokem.cz\/sv\/var-bo-cartagena-colombia\/#Betalar_utlandska_turister_boendeskatt_i_Cartagena\" >Betalar utl\u00e4ndska turister boendeskatt i Cartagena?<\/a><\/li><li class='ez-toc-page-1 ez-toc-heading-level-3'><a class=\"ez-toc-link ez-toc-heading-29\" href=\"https:\/\/loudavymkrokem.cz\/sv\/var-bo-cartagena-colombia\/#Ar_havet_i_Cartagena_rent_och_turkost\" >\u00c4r havet i Cartagena rent och turkost?<\/a><\/li><li class='ez-toc-page-1 ez-toc-heading-level-3'><a class=\"ez-toc-link ez-toc-heading-30\" href=\"https:\/\/loudavymkrokem.cz\/sv\/var-bo-cartagena-colombia\/#Ar_luftkonditionering_nodvandigt_pa_rummet_i_Cartagena\" >\u00c4r luftkonditionering n\u00f6dv\u00e4ndigt p\u00e5 rummet i Cartagena?<\/a><\/li><li class='ez-toc-page-1 ez-toc-heading-level-3'><a class=\"ez-toc-link ez-toc-heading-31\" href=\"https:\/\/loudavymkrokem.cz\/sv\/var-bo-cartagena-colombia\/#Ar_det_bullrigt_i_Cartagenas_historiska_centrum_pa_natten\" >\u00c4r det bullrigt i Cartagenas historiska centrum p\u00e5 natten?<\/a><\/li><li class='ez-toc-page-1 ez-toc-heading-level-3'><a class=\"ez-toc-link ez-toc-heading-32\" href=\"https:\/\/loudavymkrokem.cz\/sv\/var-bo-cartagena-colombia\/#Hur_langt_ar_flygplatsen_fran_stadens_centrum\" >Hur l\u00e5ngt \u00e4r flygplatsen fr\u00e5n stadens centrum?<\/a><\/li><li class='ez-toc-page-1 ez-toc-heading-level-3'><a class=\"ez-toc-link ez-toc-heading-33\" href=\"https:\/\/loudavymkrokem.cz\/sv\/var-bo-cartagena-colombia\/#Ar_det_vart_att_boka_hotell_pa_oarna_for_en_natt\" >\u00c4r det v\u00e4rt att boka hotell p\u00e5 \u00f6arna f\u00f6r en natt?<\/a><\/li><li class='ez-toc-page-1 ez-toc-heading-level-3'><a class=\"ez-toc-link ez-toc-heading-34\" href=\"https:\/\/loudavymkrokem.cz\/sv\/var-bo-cartagena-colombia\/#Ar_det_sakert_i_Cartagena\" >\u00c4r det s\u00e4kert i Cartagena?<\/a><\/li><\/ul><\/li><\/ul><\/nav><\/div>\n<h3 class=\"wp-block-heading\"><span class=\"ez-toc-section\" id=\"Sammanfattning_for_dig_som_inte_hinner_lasa_hela_artikeln\"><\/span>Sammanfattning f\u00f6r dig som inte hinner l\u00e4sa hela artikeln<span class=\"ez-toc-section-end\"><\/span><\/h3>\n\n\n\n<ul class=\"wp-block-list\">\n\n<li><strong>B\u00e4sta hotellet totalt sett:<\/strong> Utan tvekan <strong>Casa Carolina Hotel<\/strong>, som har det absolut b\u00e4sta betyget i hela v\u00e5rt urval med ett enormt antal recensioner.<\/li>\n\n\n\n<li><strong>B\u00e4st f\u00f6r lyx och historia:<\/strong> Legendariska <strong>Casa San Agust\u00edn<\/strong> mitt i gamla stan med en h\u00e4nf\u00f6rande akvedukt precis ovanf\u00f6r poolen.<\/li>\n\n\n\n<li><strong>B\u00e4st pris\/kvalitet (och lugn):<\/strong> Det mindre boutiquehotellet <strong>Maloka Boutique Centro Hist\u00f3rico<\/strong> i det stillsamma kvarteret San Diego.<\/li>\n\n\n\n<li><strong>B\u00e4st f\u00f6r nattlivs\u00e4lskare:<\/strong> Designhotellet <strong>Casa Lola Luxury Collection<\/strong> i pulserande och f\u00e4rgstarka Getseman\u00ed.<\/li>\n\n\n\n<li><strong>B\u00e4st f\u00f6r backpackers och soloresen\u00e4rer:<\/strong> Det h\u00f6glovordade <strong>Los Patios Hostel<\/strong> med takterrass och pool.<\/li>\n\n\n\n<li><strong>B\u00e4sta moderna h\u00f6ghushotellet:<\/strong> Enorma <strong>ESTELAR Cartagena de Indias<\/strong> i Bocagrande med en popul\u00e4r bar p\u00e5 51:a v\u00e5ningen.<\/li>\n\n\n\n<li><strong>B\u00e4sta flykten till \u00f6arna:<\/strong> Underbara <strong>Hotel Carey Beach Bar\u00fa<\/strong> f\u00f6r dig som vill byta staden mot vita str\u00e4nder.<\/li>\n\n\n\n<li><strong>Viktig varning om betalningar:<\/strong> Om du betalar boendet i f\u00f6rv\u00e4g via bokningsportaler <strong>faktureras du ofta de 19 procent IVA automatiskt<\/strong> och hotellet \u00e5terbetalar dem inte p\u00e5 plats. Ofta l\u00f6nar det sig d\u00e4rf\u00f6r att v\u00e4lja betalning p\u00e5 plats.<\/li>\n\n\n<\/ul>\n\n\n\n<p class=\"wp-block-paragraph\"><em>\ud83d\udca1 <a href=\"https:\/\/www.stay22.com\/allez\/roam?aid=lukaskonecny&#038;campaign=loudavymkrokemcz&#038;campaign=kde-bydlet-v-cartagene&#038;address=Cartagena%2C%20Kolumbie\" target=\"_blank\" rel=\"nofollow noopener sponsored\">P\u00e5 den h\u00e4r kartan kan du j\u00e4mf\u00f6ra vad som \u00e4r ledigt just nu<\/a> \u2014 du ser ocks\u00e5 hur mycket billigare boendet blir bara n\u00e5gra h\u00e5llplatser fr\u00e5n centrum.<\/em><\/p>\n\n\n\n<h2 class=\"wp-block-heading\"><span class=\"ez-toc-section\" id=\"Vilket_omrade_ska_du_valja_for_boende_i_Cartagena_Colombia\"><\/span>Vilket omr\u00e5de ska du v\u00e4lja f\u00f6r boende i Cartagena, Colombia<span class=\"ez-toc-section-end\"><\/span><\/h2>\n\n\n\n<p class=\"wp-block-paragraph\">Att v\u00e4lja r\u00e4tt kvarter \u00e4r <strong>helt avg\u00f6rande f\u00f6r din helhetsupplevelse<\/strong> i Cartagena. Varje del av staden erbjuder en helt annan atmosf\u00e4r, andra prisniv\u00e5er och framf\u00f6r allt olika mycket buller om natten. Om du inte v\u00e4ljer l\u00e4ge utifr\u00e5n dina verkliga behov kan vistelsen bli on\u00f6digt dyr eller s\u00e5 f\u00e5r du tv\u00e4rtom ingen vila alls.<\/p>\n\n\n\n<p class=\"wp-block-paragraph\"><strong>El Centro (innanf\u00f6r stadsmurarna)<\/strong> \u00e4r det vackraste, dyraste och mest fotograferade staden har att erbjuda. H\u00e4r hittar du de mest lyxiga boutiquehotellen i forna koloniala palats och kloster. Du m\u00e5ste dock r\u00e4kna med att <strong>det st\u00e4nger mycket sent kring Plaza Santo Domingo<\/strong> och att ljudet fr\u00e5n barerna b\u00e4r l\u00e5ngt in i natten genom de smala gr\u00e4nderna. Det \u00e4r stadens hj\u00e4rta, d\u00e4r du betalar ett premiumpris f\u00f6r att ha alla sev\u00e4rdheter precis utanf\u00f6r d\u00f6rren, men priset \u00e4r just de mer livliga kv\u00e4llarna.<\/p>\n\n\n\n<p class=\"wp-block-paragraph\"><strong>San Diego<\/strong> ligger i den norra delen innanf\u00f6r murarna och \u00e4r <strong>utan tvekan den b\u00e4sta kompromissen f\u00f6r en lugn vistelse<\/strong>. San Diego \u00e4r Cartagenas hemliga vapen: lika vackra pastellhus, lika balkonger fulla av blommor, men utan de dunkande basarna fr\u00e5n barerna. Du kan helt enkelt g\u00e5 runt och titta, sl\u00e5 dig ner p\u00e5 Plaza San Diego och faktiskt sova gott om natten.<\/p>\n\n\n\n<p class=\"wp-block-paragraph\"><strong>Getseman\u00ed<\/strong> ligger ungef\u00e4r tio minuters promenad fr\u00e5n huvudmurarna och \u00e4r det <strong>livligaste, f\u00e4rgstarkaste och mest autentiska kvarteret<\/strong>. Boendepriserna \u00e4r en klass billigare h\u00e4r \u00e4n i Centro, vilket g\u00f6r det till ett utm\u00e4rkt val f\u00f6r medelbudget. H\u00e4r hittar du fantastisk gatukonst, h\u00e4rliga kaf\u00e9er och massor av boutiquehotell och hostels. Navet i h\u00e4ndelserna \u00e4r Plaza de la Trinidad, d\u00e4r <strong>salsan och gatulivet inte tystnar f\u00f6rr\u00e4n l\u00e5ngt in p\u00e5 natten<\/strong>, s\u00e5 det \u00e4r inte det ideala l\u00e4get om du har l\u00e4tt f\u00f6r att vakna.<\/p>\n\n\n\n<p class=\"wp-block-paragraph\"><strong>Bocagrande och Castillogrande<\/strong> bildar en modern halv\u00f6 som vid f\u00f6rsta anblicken p\u00e5minner om amerikanska Miami. H\u00e4r st\u00e5r <strong>h\u00f6ga glashotell, stora luftkonditionerade k\u00f6pcentrum<\/strong> och breda strandpromenader, dit fr\u00e4mst colombianska familjer \u00e5ker p\u00e5 semester. Men det finns en enorm hake f\u00f6r europeiska turister: str\u00e4nderna i staden badar i grumligt och brunt vatten, vilket f\u00f6r resen\u00e4rer som v\u00e4ntat sig ett turkost Karibiskt hav oftast \u00e4r en stor besvikelse. D\u00e4rf\u00f6r slutar det ofta med att man bara badar i hotellpoolerna.<\/p>\n\n\n\n<p class=\"wp-block-paragraph\"><strong>Manga<\/strong> \u00e4r ett tips som de flesta guideb\u00f6cker hoppar \u00f6ver. Det \u00e4r en lugn \u00f6 mellan Centro och Bocagrande d\u00e4r mest lokalbor bor och d\u00e4r en taxi in till murarna kostar en spottstyver. I st\u00e4llet f\u00f6r turistbarer hittar du fina villor i republikansk stil, skuggiga gator och restauranger d\u00e4r du \u00e4ter f\u00f6r en br\u00e5kdel av priset i Centro.<\/p>\n\n\n\n<p class=\"wp-block-paragraph\"><strong>Bar\u00fa och Rosario\u00f6arna<\/strong> \u00e4r \u00f6ar och halv\u00f6ar ungef\u00e4r en timmes b\u00e5tresa fr\u00e5n fastlandet. H\u00e4r hittar du \u00e4ntligen <strong>det \u00e4kta Karibien med vit sand och kristallklart vatten<\/strong>. Boende h\u00e4r \u00e4r bara vettigt om du planerar att stanna minst tv\u00e5 n\u00e4tter eller mer. Annars \u00e5ker man snarare hit p\u00e5 dagsutflykter, d\u00e4r du m\u00e5ste r\u00e4kna med extra hamn- och milj\u00f6avgifter, vilket komplicerar vistelsen i on\u00f6dan.<\/p>\n\n\n\n<h2 class=\"wp-block-heading\"><span class=\"ez-toc-section\" id=\"Nar_du_ska_aka_och_nar_du_ska_boka\"><\/span>N\u00e4r du ska \u00e5ka och n\u00e4r du ska boka<span class=\"ez-toc-section-end\"><\/span><\/h2>\n\n\n\n<p class=\"wp-block-paragraph\">Hotellpriserna i Cartagena f\u00f6r\u00e4ndras dramatiskt beroende p\u00e5 \u00e5rstid, och d\u00e4rf\u00f6r l\u00f6nar det sig att v\u00e4lja resedatum noga. <strong>De dyraste och mest utbokade m\u00e5naderna \u00e4r december till april<\/strong>, d\u00e5 flest utl\u00e4ndska turister och colombianer sj\u00e4lva s\u00f6ker sig hit f\u00f6r att fly vintern. Under jul, ny\u00e5r och p\u00e5sk skjuter priserna i h\u00f6jden till det dubbla eller mer, och p\u00e5 de popul\u00e4ra boutiquehotellen f\u00e5r du inget rum ens ett halv\u00e5r i f\u00f6rv\u00e4g.<\/p>\n\n\n\n<p class=\"wp-block-paragraph\">\u00c5 andra sidan m\u00e5ste du <strong>r\u00e4kna med kraftiga regn under perioden september till november<\/strong>, vilket avskr\u00e4cker m\u00e5nga sommarturister. F\u00f6rdelen med den h\u00e4r l\u00e5gs\u00e4songen \u00e4r att <strong>hotellen \u00e4r betydligt billigare<\/strong> och att staden inte alls \u00e4r lika fullpackad med folk fr\u00e5n kryssningsfartyg. Regnet i tropikerna kommer dessutom oftast som kraftiga eftermiddagsskurar, varefter himlen snabbt klarnar igen. Undvik dock \u00e4ven dessa m\u00e5nader rum utan luftkonditionering, eftersom luftfuktigheten \u00e4r helt extrem och du utan kylning inte skulle f\u00e5 en blund i \u00f6gonen.<\/p>\n\n\n\n<p class=\"wp-block-paragraph\">Logistiskt \u00e4r det en enorm f\u00f6rdel att <strong>den internationella flygplatsen Rafael N\u00fa\u00f1ez ligger bara 10 till 15 minuters resa fr\u00e5n det historiska centrumet<\/strong>. Du slipper allts\u00e5 lyckligtvis en l\u00e5ngdragen transfer efter en l\u00e5ng flygresa. Vi rekommenderar dock starkt att du kommer \u00f6verens om priset direkt f\u00f6r en vanlig gul taxi utan taxameter, alternativt anv\u00e4nder moderna appar som Uber, InDriver eller DiDi. Dessa tj\u00e4nster <strong>visar n\u00e4mligen priset direkt p\u00e5 telefonens sk\u00e4rm<\/strong>, s\u00e5 att du slipper allt prutande med de lokala f\u00f6rarna.<\/p>\n\n\n\n<h2 class=\"wp-block-heading\"><span class=\"ez-toc-section\" id=\"Var_bo_i_Cartagena_Colombia_de_18_basta_hotellen\"><\/span>Var bo i Cartagena, Colombia: de 18 b\u00e4sta hotellen<span class=\"ez-toc-section-end\"><\/span><\/h2>\n\n\n\n<p class=\"wp-block-paragraph\">F\u00f6ljande urval \u00e4r <strong>indelat efter kvarter<\/strong> och t\u00e4cker allt fr\u00e5n historiska palats via moderna h\u00f6ghus till de <strong>karibiska \u00f6arna<\/strong>.<\/p>\n\n\n\n<p class=\"wp-block-paragraph\">Jag har noggrant g\u00e5tt igenom hundratals recensioner och valt ut st\u00e4llen som verkligen har n\u00e5got att erbjuda. Oavsett om du s\u00f6ker <strong>absolut lyx i ett kolonialt hus<\/strong> eller ett mer prisv\u00e4rt och <strong>lugnare boutiquehotell<\/strong>, hittar du garanterat ditt eget favoritst\u00e4lle h\u00e4r.<\/p>\n\n\n\n<figure data-wp-context=\"{&quot;imageId&quot;:&quot;6a9c404932532&quot;}\" data-wp-interactive=\"core\/image\" data-wp-key=\"6a9c404932532\" class=\"wp-block-image size-full wp-lightbox-container\"><img decoding=\"async\" width=\"1600\" height=\"1068\" data-wp-class--hide=\"state.isContentHidden\" data-wp-class--show=\"state.isContentVisible\" data-wp-init=\"callbacks.setButtonStyles\" data-wp-on--click=\"actions.showLightbox\" data-wp-on--load=\"callbacks.setButtonStyles\" data-wp-on--pointerdown=\"actions.preloadImage\" data-wp-on--pointerenter=\"actions.preloadImageWithDelay\" data-wp-on--pointerleave=\"actions.cancelPreload\" data-wp-on-window--resize=\"callbacks.setButtonStyles\" src=\"https:\/\/loudavymkrokem.cz\/wp-content\/uploads\/2026\/09\/casa-san-agust-n.jpg\" alt=\"Hotell Casa San Agust\u00edn\" class=\"wp-image-415692\" title=\"\" srcset=\"https:\/\/loudavymkrokem.cz\/wp-content\/uploads\/2026\/09\/casa-san-agust-n.jpg 1600w, https:\/\/loudavymkrokem.cz\/wp-content\/uploads\/2026\/09\/casa-san-agust-n-300x200.jpg 300w, https:\/\/loudavymkrokem.cz\/wp-content\/uploads\/2026\/09\/casa-san-agust-n-700x467.jpg 700w, https:\/\/loudavymkrokem.cz\/wp-content\/uploads\/2026\/09\/casa-san-agust-n-768x513.jpg 768w, https:\/\/loudavymkrokem.cz\/wp-content\/uploads\/2026\/09\/casa-san-agust-n-1536x1025.jpg 1536w, https:\/\/loudavymkrokem.cz\/wp-content\/uploads\/2026\/09\/casa-san-agust-n-696x465.jpg 696w, https:\/\/loudavymkrokem.cz\/wp-content\/uploads\/2026\/09\/casa-san-agust-n-1392x929.jpg 1392w\" sizes=\"(max-width: 1600px) 100vw, 1600px\" \/><button\n\t\t\tclass=\"lightbox-trigger\"\n\t\t\ttype=\"button\"\n\t\t\taria-haspopup=\"dialog\"\n\t\t\tdata-wp-bind--aria-label=\"state.thisImage.triggerButtonAriaLabel\"\n\t\t\tdata-wp-init=\"callbacks.initTriggerButton\"\n\t\t\tdata-wp-on--click=\"actions.showLightbox\"\n\t\t\tdata-wp-style--right=\"state.thisImage.buttonRight\"\n\t\t\tdata-wp-style--top=\"state.thisImage.buttonTop\"\n\t\t>\n\t\t\t<svg xmlns=\"http:\/\/www.w3.org\/2000\/svg\" width=\"12\" height=\"12\" fill=\"none\" viewBox=\"0 0 12 12\">\n\t\t\t\t<path fill=\"#fff\" d=\"M2 0a2 2 0 0 0-2 2v2h1.5V2a.5.5 0 0 1 .5-.5h2V0H2Zm2 10.5H2a.5.5 0 0 1-.5-.5V8H0v2a2 2 0 0 0 2 2h2v-1.5ZM8 12v-1.5h2a.5.5 0 0 0 .5-.5V8H12v2a2 2 0 0 1-2 2H8Zm2-12a2 2 0 0 1 2 2v2h-1.5V2a.5.5 0 0 0-.5-.5H8V0h2Z\" \/>\n\t\t\t<\/svg>\n\t\t<\/button><figcaption class=\"wp-element-caption\">Foto: Casa San Agust\u00edn \/ Google Maps<\/figcaption><\/figure>\n\n\n\n<h3 class=\"wp-block-heading\"><span class=\"ez-toc-section\" id=\"1_Casa_San_Agustin\"><\/span>1. Casa San Agust\u00edn<span class=\"ez-toc-section-end\"><\/span><\/h3>\n\n\n\n<p class=\"wp-block-paragraph\">Detta ikoniska hotell (mer p\u00e5 <a href=\"https:\/\/www.hotelcasasanagustin.com\/\" target=\"_blank\" rel=\"nofollow noopener\">den officiella webbplatsen<\/a>) \u00e4r <strong>stadens mest ber\u00f6mda lyxadress<\/strong>, vilket bekr\u00e4ftas av det helt fantastiska betyget \u26054,8 fr\u00e5n \u00f6ver 612 oberoende recensioner. Det skapades genom en omsorgsfull sammanl\u00e4nkning av tre praktfulla koloniala hus fr\u00e5n 1700-talet och bjuder p\u00e5 en h\u00e4nf\u00f6rande atmosf\u00e4r fr\u00e5n svunna tider kombinerad med modern femstj\u00e4rnig service. Hela byggnaden andas historia, och vid varje steg st\u00f6ter du p\u00e5 detaljer d\u00e4r du vill stanna upp och plocka fram kameran.<\/p>\n\n\n\n<p class=\"wp-block-paragraph\">Hotellets st\u00f6rsta dragpl\u00e5ster och visuella blickf\u00e5ng \u00e4r <strong>den urgamla akvedukten som v\u00e4lver sig rakt \u00f6ver den underbara innerpoolen<\/strong>, s\u00e5 att du under simturen k\u00e4nner dig som i en kolonial telenovela, fast med b\u00e4ttre wellness. Rummen \u00e4r utrustade med lyxig, tyst luftkonditionering, exklusiv naturkosmetik och bevarade tr\u00e4tak. Trots att du befinner dig mitt i det bullriga Centro fungerar de metertjocka v\u00e4ggarna i de historiska husen som en perfekt ljudisolering.<\/p>\n\n\n\n<p class=\"wp-block-paragraph\">F\u00f6r kr\u00e4vande resen\u00e4rer finns en <strong>perfekt conciergeservice<\/strong> som hj\u00e4lper dig att boka bord p\u00e5 de b\u00e4sta restaurangerna eller en privat b\u00e5t ut till \u00f6arna. Hotellrestaurangen erbjuder dessutom en <strong>genomt\u00e4nkt vegetarisk meny<\/strong> som g\u00e4sterna verkligen ber\u00f6mmer f\u00f6r sin originalitet och de lokala r\u00e5varornas f\u00e4rskhet.<\/p>\n\n\n\n<p class=\"wp-block-paragraph\"><strong>\ud83d\udca1 Tips:<\/strong> Hotellet \u00e4r ett helt idealiskt val f\u00f6r romantiska vistelser, smekm\u00e5nader och kr\u00e4vande par som s\u00f6ker total avskildhet. <strong>Gl\u00f6m inte att visa upp passet med PIP-5-st\u00e4mpeln vid incheckningen<\/strong>, f\u00f6r vid s\u00e5 h\u00e4r h\u00f6ga belopp g\u00f6r de sparade 19 procenten i skatt verkligen en enorm skillnad i totalbudgeten. <em><a href=\"https:\/\/www.stay22.com\/allez\/roam?aid=lukaskonecny&#038;campaign=loudavymkrokemcz&#038;campaign=kde-bydlet-v-cartagene&#038;hotelname=Casa%20San%20Agust%C3%ADn&#038;address=Cartagena%2C%20Kolumbie\" target=\"_blank\" rel=\"nofollow noopener sponsored\">kontrollera priser och tillg\u00e4nglighet<\/a><\/em><\/p>\n\n\n\n<figure data-wp-context=\"{&quot;imageId&quot;:&quot;6a9c404932cba&quot;}\" data-wp-interactive=\"core\/image\" data-wp-key=\"6a9c404932cba\" class=\"wp-block-image size-full wp-lightbox-container\"><img decoding=\"async\" width=\"1600\" height=\"1067\" data-wp-class--hide=\"state.isContentHidden\" data-wp-class--show=\"state.isContentVisible\" data-wp-init=\"callbacks.setButtonStyles\" data-wp-on--click=\"actions.showLightbox\" data-wp-on--load=\"callbacks.setButtonStyles\" data-wp-on--pointerdown=\"actions.preloadImage\" data-wp-on--pointerenter=\"actions.preloadImageWithDelay\" data-wp-on--pointerleave=\"actions.cancelPreload\" data-wp-on-window--resize=\"callbacks.setButtonStyles\" src=\"https:\/\/loudavymkrokem.cz\/wp-content\/uploads\/2026\/09\/casa-carolina-hotel.jpg\" alt=\"Hotell Casa Carolina Hotel\" class=\"wp-image-415696\" title=\"\" srcset=\"https:\/\/loudavymkrokem.cz\/wp-content\/uploads\/2026\/09\/casa-carolina-hotel.jpg 1600w, https:\/\/loudavymkrokem.cz\/wp-content\/uploads\/2026\/09\/casa-carolina-hotel-300x200.jpg 300w, https:\/\/loudavymkrokem.cz\/wp-content\/uploads\/2026\/09\/casa-carolina-hotel-700x467.jpg 700w, https:\/\/loudavymkrokem.cz\/wp-content\/uploads\/2026\/09\/casa-carolina-hotel-768x512.jpg 768w, https:\/\/loudavymkrokem.cz\/wp-content\/uploads\/2026\/09\/casa-carolina-hotel-1536x1024.jpg 1536w, https:\/\/loudavymkrokem.cz\/wp-content\/uploads\/2026\/09\/casa-carolina-hotel-696x464.jpg 696w, https:\/\/loudavymkrokem.cz\/wp-content\/uploads\/2026\/09\/casa-carolina-hotel-1392x928.jpg 1392w\" sizes=\"(max-width: 1600px) 100vw, 1600px\" \/><button\n\t\t\tclass=\"lightbox-trigger\"\n\t\t\ttype=\"button\"\n\t\t\taria-haspopup=\"dialog\"\n\t\t\tdata-wp-bind--aria-label=\"state.thisImage.triggerButtonAriaLabel\"\n\t\t\tdata-wp-init=\"callbacks.initTriggerButton\"\n\t\t\tdata-wp-on--click=\"actions.showLightbox\"\n\t\t\tdata-wp-style--right=\"state.thisImage.buttonRight\"\n\t\t\tdata-wp-style--top=\"state.thisImage.buttonTop\"\n\t\t>\n\t\t\t<svg xmlns=\"http:\/\/www.w3.org\/2000\/svg\" width=\"12\" height=\"12\" fill=\"none\" viewBox=\"0 0 12 12\">\n\t\t\t\t<path fill=\"#fff\" d=\"M2 0a2 2 0 0 0-2 2v2h1.5V2a.5.5 0 0 1 .5-.5h2V0H2Zm2 10.5H2a.5.5 0 0 1-.5-.5V8H0v2a2 2 0 0 0 2 2h2v-1.5ZM8 12v-1.5h2a.5.5 0 0 0 .5-.5V8H12v2a2 2 0 0 1-2 2H8Zm2-12a2 2 0 0 1 2 2v2h-1.5V2a.5.5 0 0 0-.5-.5H8V0h2Z\" \/>\n\t\t\t<\/svg>\n\t\t<\/button><figcaption class=\"wp-element-caption\">Foto: Casa Carolina Hotel \/ Google Maps<\/figcaption><\/figure>\n\n\n\n<h3 class=\"wp-block-heading\"><span class=\"ez-toc-section\" id=\"2_Casa_Carolina_Hotel\"><\/span>2. Casa Carolina Hotel<span class=\"ez-toc-section-end\"><\/span><\/h3>\n\n\n\n<p class=\"wp-block-paragraph\">Denna boutiquep\u00e4rla p\u00e5 Calle del Arzobispado (mer p\u00e5 <a href=\"https:\/\/www.hotelcasacarolina.com\/\" target=\"_blank\" rel=\"nofollow noopener\">den officiella webbplatsen<\/a>) stoltserar med <strong>det b\u00e4sta snittbetyget i hela v\u00e5rt urval<\/strong> och h\u00e5ller otroliga \u26054,9 av gedigna 807 recensioner. Det \u00e4r en enorm bedrift, s\u00e4rskilt med ett s\u00e5 h\u00f6gt antal betygs\u00e4ttande g\u00e4ster som brukar vara mycket kritiska. Byggnadens arkitektur f\u00f6renar vackert traditionella koloniala element med en mycket ren och luftig modern design, s\u00e5 att lokalen inte k\u00e4nns tr\u00e5ng alls.<\/p>\n\n\n\n<p class=\"wp-block-paragraph\">H\u00e4r kan g\u00e4sterna njuta av <strong>inte en, utan flera mindre pooler och bubbelpooler<\/strong>, vilket i heta och kvava Cartagena \u00e4r en riktigt ov\u00e4rderlig f\u00f6rdel f\u00f6r avkoppling p\u00e5 eftermiddagen. Rummen \u00e4r extra rymliga, s\u00e4ngarna oerh\u00f6rt bekv\u00e4ma och luftkonditioneringen fungerar helt felfritt och tyst. Personalen ska p\u00e5st\u00e5s komma ih\u00e5g g\u00e4sternas namn, och recensionerna bekr\u00e4ftar det g\u00e5ng p\u00e5 g\u00e5ng, s\u00e5 det \u00e4r nog ingen tom fras.<\/p>\n\n\n\n<p class=\"wp-block-paragraph\">Tack vare det utm\u00e4rkta l\u00e4get <strong>mitt i det historiska centrumet<\/strong> har du alla viktiga sev\u00e4rdheter runt h\u00f6rnet, men sj\u00e4lva hotellet f\u00f6rblir en tyst oas. Till frukost serveras massor av f\u00e4rsk exotisk frukt och <strong>utm\u00e4rkt colombiansk kaffe<\/strong> som garanterat v\u00e4cker dig till en ny dag full av uppt\u00e4ckter.<\/p>\n\n\n\n<p class=\"wp-block-paragraph\"><strong>\ud83d\udca1 Tips:<\/strong> <a href=\"https:\/\/www.stay22.com\/allez\/roam?aid=lukaskonecny&#038;campaign=loudavymkrokemcz&#038;campaign=kde-bydlet-v-cartagene&#038;hotelname=Casa%20Carolina%20Hotel&#038;address=Cartagena%2C%20Kolumbie\" target=\"_blank\" rel=\"noopener nofollow sponsored\">Casa Carolina<\/a> \u00e4r perfekt f\u00f6r resen\u00e4rer som vill ha <strong>toppklasslyx och personlig service, men utan \u00f6verdriven formalitet och stelhet<\/strong>. Om du planerar att betala i f\u00f6rv\u00e4g via en bokningsportal, kontrollera noga att systemet inte direkt debiterar dig colombiansk IVA. Ofta l\u00f6nar det sig att v\u00e4lja betalning direkt i receptionen.<\/p>\n\n\n\n<figure data-wp-context=\"{&quot;imageId&quot;:&quot;6a9c404933a4c&quot;}\" data-wp-interactive=\"core\/image\" data-wp-key=\"6a9c404933a4c\" class=\"wp-block-image size-full wp-lightbox-container\"><img decoding=\"async\" width=\"1600\" height=\"1067\" data-wp-class--hide=\"state.isContentHidden\" data-wp-class--show=\"state.isContentVisible\" data-wp-init=\"callbacks.setButtonStyles\" data-wp-on--click=\"actions.showLightbox\" data-wp-on--load=\"callbacks.setButtonStyles\" data-wp-on--pointerdown=\"actions.preloadImage\" data-wp-on--pointerenter=\"actions.preloadImageWithDelay\" data-wp-on--pointerleave=\"actions.cancelPreload\" data-wp-on-window--resize=\"callbacks.setButtonStyles\" src=\"https:\/\/loudavymkrokem.cz\/wp-content\/uploads\/2026\/09\/amarla-boutique-hotel.jpg\" alt=\"Hotell Amarla Boutique Hotel\" class=\"wp-image-415698\" title=\"\" srcset=\"https:\/\/loudavymkrokem.cz\/wp-content\/uploads\/2026\/09\/amarla-boutique-hotel.jpg 1600w, https:\/\/loudavymkrokem.cz\/wp-content\/uploads\/2026\/09\/amarla-boutique-hotel-300x200.jpg 300w, https:\/\/loudavymkrokem.cz\/wp-content\/uploads\/2026\/09\/amarla-boutique-hotel-700x467.jpg 700w, https:\/\/loudavymkrokem.cz\/wp-content\/uploads\/2026\/09\/amarla-boutique-hotel-768x512.jpg 768w, https:\/\/loudavymkrokem.cz\/wp-content\/uploads\/2026\/09\/amarla-boutique-hotel-1536x1024.jpg 1536w, https:\/\/loudavymkrokem.cz\/wp-content\/uploads\/2026\/09\/amarla-boutique-hotel-696x464.jpg 696w, https:\/\/loudavymkrokem.cz\/wp-content\/uploads\/2026\/09\/amarla-boutique-hotel-1392x928.jpg 1392w\" sizes=\"(max-width: 1600px) 100vw, 1600px\" \/><button\n\t\t\tclass=\"lightbox-trigger\"\n\t\t\ttype=\"button\"\n\t\t\taria-haspopup=\"dialog\"\n\t\t\tdata-wp-bind--aria-label=\"state.thisImage.triggerButtonAriaLabel\"\n\t\t\tdata-wp-init=\"callbacks.initTriggerButton\"\n\t\t\tdata-wp-on--click=\"actions.showLightbox\"\n\t\t\tdata-wp-style--right=\"state.thisImage.buttonRight\"\n\t\t\tdata-wp-style--top=\"state.thisImage.buttonTop\"\n\t\t>\n\t\t\t<svg xmlns=\"http:\/\/www.w3.org\/2000\/svg\" width=\"12\" height=\"12\" fill=\"none\" viewBox=\"0 0 12 12\">\n\t\t\t\t<path fill=\"#fff\" d=\"M2 0a2 2 0 0 0-2 2v2h1.5V2a.5.5 0 0 1 .5-.5h2V0H2Zm2 10.5H2a.5.5 0 0 1-.5-.5V8H0v2a2 2 0 0 0 2 2h2v-1.5ZM8 12v-1.5h2a.5.5 0 0 0 .5-.5V8H12v2a2 2 0 0 1-2 2H8Zm2-12a2 2 0 0 1 2 2v2h-1.5V2a.5.5 0 0 0-.5-.5H8V0h2Z\" \/>\n\t\t\t<\/svg>\n\t\t<\/button><figcaption class=\"wp-element-caption\">Foto: Amarla Boutique Hotel Cartagena \/ Google Maps<\/figcaption><\/figure>\n\n\n\n<h3 class=\"wp-block-heading\"><span class=\"ez-toc-section\" id=\"3_Amarla_Boutique_Hotel\"><\/span>3. Amarla Boutique Hotel<span class=\"ez-toc-section-end\"><\/span><\/h3>\n\n\n\n<p class=\"wp-block-paragraph\">Om du s\u00f6ker n\u00e5got riktigt kammarintimt och g\u00f6mt undan turistmassorna kommer detta vackert renoverade hus fr\u00e5n 1800-talet p\u00e5 Calle Ayos (titta p\u00e5 den officiella webbplatsen) att helt f\u00f6rtrolla dig (betyg \u26054,9 av 408 recensioner). <strong>Hotellet har bara sju rum<\/strong>, vilket garanterar en otroligt personlig, familj\u00e4r och tyst atmosf\u00e4r i en annars mycket livlig gammal stad. Varje rum ser olika ut, antikviteter blandas med verk av lokala konstn\u00e4rer, och du kommer att vilja fotografera hela rummet innan du ens packar upp resv\u00e4skan.<\/p>\n\n\n\n<p class=\"wp-block-paragraph\">Kronan p\u00e5 verket f\u00f6r detta lyxiga boutiqueboende \u00e4r <strong>den vackra lilla takpoolen omgiven av uppvuxna tropiska v\u00e4xter<\/strong>, varifr\u00e5n utsikten \u00f6ver omgivningen \u00e4r fantastisk. Det \u00e4r precis den plats d\u00e4r du p\u00e5 eftermiddagen vill g\u00f6mma dig undan den br\u00e4nnande karibiska solen med en bra bok och en iskall dryck. Rummen har perfekt l\u00f6st kylning, tack vare vilken du sover riktigt gott om natten.<\/p>\n\n\n\n<p class=\"wp-block-paragraph\">Med tanke p\u00e5 den <strong>lilla kapaciteten<\/strong> kan personalen \u00e4gna sig \u00e5t varje g\u00e4st till max, vilket avspeglas i de entusiastiska recensionerna. De rekommenderar g\u00e4rna de b\u00e4sta kaf\u00e9erna i n\u00e4rheten eller bokar en stadsrundtur exakt efter dina intressen, och det <strong>utan det klassiska hotellp\u00e5slaget<\/strong>.<\/p>\n\n\n\n<p class=\"wp-block-paragraph\"><strong>\ud83d\udca1 Tips:<\/strong> Med tanke p\u00e5 den exklusiva kapaciteten p\u00e5 bara sju rum m\u00e5ste du <strong>boka riktigt l\u00e5ngt i f\u00f6rv\u00e4g<\/strong>, s\u00e4rskilt om du planerar resan under h\u00f6gs\u00e4song fr\u00e5n december till april. Det \u00e4r ett absolut idealiskt tillh\u00e5ll f\u00f6r par som s\u00f6ker ost\u00f6rd ro och romantik. <em><a href=\"https:\/\/www.stay22.com\/allez\/roam?aid=lukaskonecny&#038;campaign=loudavymkrokemcz&#038;campaign=kde-bydlet-v-cartagene&#038;hotelname=Amarla%20Boutique%20Hotel&#038;address=Cartagena%2C%20Kolumbie\" target=\"_blank\" rel=\"nofollow noopener sponsored\">kontrollera priser och tillg\u00e4nglighet<\/a><\/em><\/p>\n\n\n\n<figure data-wp-context=\"{&quot;imageId&quot;:&quot;6a9c404934d1b&quot;}\" data-wp-interactive=\"core\/image\" data-wp-key=\"6a9c404934d1b\" class=\"wp-block-image size-full wp-lightbox-container\"><img decoding=\"async\" width=\"1600\" height=\"899\" data-wp-class--hide=\"state.isContentHidden\" data-wp-class--show=\"state.isContentVisible\" data-wp-init=\"callbacks.setButtonStyles\" data-wp-on--click=\"actions.showLightbox\" data-wp-on--load=\"callbacks.setButtonStyles\" data-wp-on--pointerdown=\"actions.preloadImage\" data-wp-on--pointerenter=\"actions.preloadImageWithDelay\" data-wp-on--pointerleave=\"actions.cancelPreload\" data-wp-on-window--resize=\"callbacks.setButtonStyles\" src=\"https:\/\/loudavymkrokem.cz\/wp-content\/uploads\/2026\/09\/hotel-charleston-santa-teresa.jpg\" alt=\"Hotell Hotel Charleston Santa Teresa\" class=\"wp-image-415700\" title=\"\" srcset=\"https:\/\/loudavymkrokem.cz\/wp-content\/uploads\/2026\/09\/hotel-charleston-santa-teresa.jpg 1600w, https:\/\/loudavymkrokem.cz\/wp-content\/uploads\/2026\/09\/hotel-charleston-santa-teresa-300x169.jpg 300w, https:\/\/loudavymkrokem.cz\/wp-content\/uploads\/2026\/09\/hotel-charleston-santa-teresa-700x393.jpg 700w, https:\/\/loudavymkrokem.cz\/wp-content\/uploads\/2026\/09\/hotel-charleston-santa-teresa-768x432.jpg 768w, https:\/\/loudavymkrokem.cz\/wp-content\/uploads\/2026\/09\/hotel-charleston-santa-teresa-1536x863.jpg 1536w, https:\/\/loudavymkrokem.cz\/wp-content\/uploads\/2026\/09\/hotel-charleston-santa-teresa-696x391.jpg 696w, https:\/\/loudavymkrokem.cz\/wp-content\/uploads\/2026\/09\/hotel-charleston-santa-teresa-1392x782.jpg 1392w\" sizes=\"(max-width: 1600px) 100vw, 1600px\" \/><button\n\t\t\tclass=\"lightbox-trigger\"\n\t\t\ttype=\"button\"\n\t\t\taria-haspopup=\"dialog\"\n\t\t\tdata-wp-bind--aria-label=\"state.thisImage.triggerButtonAriaLabel\"\n\t\t\tdata-wp-init=\"callbacks.initTriggerButton\"\n\t\t\tdata-wp-on--click=\"actions.showLightbox\"\n\t\t\tdata-wp-style--right=\"state.thisImage.buttonRight\"\n\t\t\tdata-wp-style--top=\"state.thisImage.buttonTop\"\n\t\t>\n\t\t\t<svg xmlns=\"http:\/\/www.w3.org\/2000\/svg\" width=\"12\" height=\"12\" fill=\"none\" viewBox=\"0 0 12 12\">\n\t\t\t\t<path fill=\"#fff\" d=\"M2 0a2 2 0 0 0-2 2v2h1.5V2a.5.5 0 0 1 .5-.5h2V0H2Zm2 10.5H2a.5.5 0 0 1-.5-.5V8H0v2a2 2 0 0 0 2 2h2v-1.5ZM8 12v-1.5h2a.5.5 0 0 0 .5-.5V8H12v2a2 2 0 0 1-2 2H8Zm2-12a2 2 0 0 1 2 2v2h-1.5V2a.5.5 0 0 0-.5-.5H8V0h2Z\" \/>\n\t\t\t<\/svg>\n\t\t<\/button><figcaption class=\"wp-element-caption\">Foto: Hotel Charleston Santa Teresa \/ Google Maps<\/figcaption><\/figure>\n\n\n\n<h3 class=\"wp-block-heading\"><span class=\"ez-toc-section\" id=\"4_Hotel_Charleston_Santa_Teresa\"><\/span>4. Hotel Charleston Santa Teresa<span class=\"ez-toc-section-end\"><\/span><\/h3>\n\n\n\n<p class=\"wp-block-paragraph\">Detta enorma och historiskt mycket betydelsefulla komplex (utforska <a href=\"https:\/\/www.hotelcharlestonsantateresa.com\/\" target=\"_blank\" rel=\"nofollow noopener\">deras webbplats<\/a>) p\u00e5 pittoreska Plaza <a href=\"https:\/\/www.stay22.com\/allez\/roam?aid=lukaskonecny&#038;campaign=loudavymkrokemcz&#038;campaign=kde-bydlet-v-cartagene&#038;hotelname=Hotel%20Charleston%20Santa%20Teresa&#038;address=Cartagena%2C%20Kolumbie\" target=\"_blank\" rel=\"noopener nofollow sponsored\">Santa Teresa<\/a> ligger i ett omsorgsfullt restaurerat kloster fr\u00e5n 1609. Det \u00e4r hotellet med <strong>flest recensioner av alla femstj\u00e4rniga anl\u00e4ggningar innanf\u00f6r murarna<\/strong> (fina betyget \u26054,7 av 1 709 recensioner). Sj\u00e4lva atmosf\u00e4ren i de gamla klosterg\u00e5ngarna och de m\u00e4ktiga stenmurarna \u00e4r helt of\u00f6rgl\u00f6mlig och andas sekelgammal historia.<\/p>\n\n\n\n<p class=\"wp-block-paragraph\">Det st\u00f6rsta dragpl\u00e5stret f\u00f6r g\u00e4sterna \u00e4r <strong>den vidstr\u00e4ckta takpoolen med h\u00e4nf\u00f6rande utsikt rakt \u00f6ver de historiska stadsmurarna<\/strong> och det o\u00e4ndliga Karibiska havet. Ett eftermiddagsbad med utsikt \u00f6ver murarna och solnedg\u00e5ngen \u00e4r precis den bild du fl\u00f6g till Cartagena f\u00f6r. Rummen \u00e4r utomordentligt eleganta och kombinerar smakfullt historiska element med den senaste tekniken och kraftig luftkonditionering.<\/p>\n\n\n\n<p class=\"wp-block-paragraph\">Hotellet ligger dessutom i omedelbar n\u00e4rhet av <strong>utm\u00e4rkta matst\u00e4llen<\/strong>, s\u00e5 du beh\u00f6ver inte g\u00e5 l\u00e5ngt. I sj\u00e4lva byggnaden finns ett <strong>lyxigt wellnesscenter<\/strong> d\u00e4r du efter en l\u00e5ng flygresa kan bli ompysslad med professionella massage med lokala \u00f6rter.<\/p>\n\n\n\n<p class=\"wp-block-paragraph\"><strong>\ud83d\udca1 Tips:<\/strong> Hotellet ligger vid ett ganska livligt torg, men sj\u00e4lva rummen isolerar v\u00e4l mot omgivningen tack vare de tjocka v\u00e4ggarna. <strong>Vi rekommenderar att du ber om rum mot den lugnare inre g\u00e5rden<\/strong> om du har mycket l\u00e4tt f\u00f6r att vakna. Restaurangen p\u00e5 bottenv\u00e5ningen \u00e4r vacker, men f\u00f6r vegetarianer rekommenderar vi snarare ett bes\u00f6k p\u00e5 n\u00e4rliggande restaurang Casa Boh\u00eame, d\u00e4r de har utm\u00e4rkta k\u00f6ttfria r\u00e4tter.<\/p>\n\n\n\n<figure data-wp-context=\"{&quot;imageId&quot;:&quot;6a9c4049357e2&quot;}\" data-wp-interactive=\"core\/image\" data-wp-key=\"6a9c4049357e2\" class=\"wp-block-image size-full wp-lightbox-container\"><img decoding=\"async\" width=\"1600\" height=\"1101\" data-wp-class--hide=\"state.isContentHidden\" data-wp-class--show=\"state.isContentVisible\" data-wp-init=\"callbacks.setButtonStyles\" data-wp-on--click=\"actions.showLightbox\" data-wp-on--load=\"callbacks.setButtonStyles\" data-wp-on--pointerdown=\"actions.preloadImage\" data-wp-on--pointerenter=\"actions.preloadImageWithDelay\" data-wp-on--pointerleave=\"actions.cancelPreload\" data-wp-on-window--resize=\"callbacks.setButtonStyles\" src=\"https:\/\/loudavymkrokem.cz\/wp-content\/uploads\/2026\/09\/basti-n-luxury-hotel.jpg\" alt=\"Hotell Basti\u00f3n Luxury Hotel\" class=\"wp-image-415703\" title=\"\" srcset=\"https:\/\/loudavymkrokem.cz\/wp-content\/uploads\/2026\/09\/basti-n-luxury-hotel.jpg 1600w, https:\/\/loudavymkrokem.cz\/wp-content\/uploads\/2026\/09\/basti-n-luxury-hotel-300x206.jpg 300w, https:\/\/loudavymkrokem.cz\/wp-content\/uploads\/2026\/09\/basti-n-luxury-hotel-700x482.jpg 700w, https:\/\/loudavymkrokem.cz\/wp-content\/uploads\/2026\/09\/basti-n-luxury-hotel-768x528.jpg 768w, https:\/\/loudavymkrokem.cz\/wp-content\/uploads\/2026\/09\/basti-n-luxury-hotel-1536x1057.jpg 1536w, https:\/\/loudavymkrokem.cz\/wp-content\/uploads\/2026\/09\/basti-n-luxury-hotel-696x479.jpg 696w, https:\/\/loudavymkrokem.cz\/wp-content\/uploads\/2026\/09\/basti-n-luxury-hotel-1392x958.jpg 1392w\" sizes=\"(max-width: 1600px) 100vw, 1600px\" \/><button\n\t\t\tclass=\"lightbox-trigger\"\n\t\t\ttype=\"button\"\n\t\t\taria-haspopup=\"dialog\"\n\t\t\tdata-wp-bind--aria-label=\"state.thisImage.triggerButtonAriaLabel\"\n\t\t\tdata-wp-init=\"callbacks.initTriggerButton\"\n\t\t\tdata-wp-on--click=\"actions.showLightbox\"\n\t\t\tdata-wp-style--right=\"state.thisImage.buttonRight\"\n\t\t\tdata-wp-style--top=\"state.thisImage.buttonTop\"\n\t\t>\n\t\t\t<svg xmlns=\"http:\/\/www.w3.org\/2000\/svg\" width=\"12\" height=\"12\" fill=\"none\" viewBox=\"0 0 12 12\">\n\t\t\t\t<path fill=\"#fff\" d=\"M2 0a2 2 0 0 0-2 2v2h1.5V2a.5.5 0 0 1 .5-.5h2V0H2Zm2 10.5H2a.5.5 0 0 1-.5-.5V8H0v2a2 2 0 0 0 2 2h2v-1.5ZM8 12v-1.5h2a.5.5 0 0 0 .5-.5V8H12v2a2 2 0 0 1-2 2H8Zm2-12a2 2 0 0 1 2 2v2h-1.5V2a.5.5 0 0 0-.5-.5H8V0h2Z\" \/>\n\t\t\t<\/svg>\n\t\t<\/button><figcaption class=\"wp-element-caption\">Foto: Basti\u00f3n Luxury Hotel \/ Google Maps<\/figcaption><\/figure>\n\n\n\n<h3 class=\"wp-block-heading\"><span class=\"ez-toc-section\" id=\"5_Bastion_Luxury_Hotel\"><\/span>5. Basti\u00f3n Luxury Hotel<span class=\"ez-toc-section-end\"><\/span><\/h3>\n\n\n\n<p class=\"wp-block-paragraph\">Detta underbara koloniala hotell (mer i detalj p\u00e5 <a href=\"https:\/\/www.bastionluxuryhotel.com\/\" target=\"_blank\" rel=\"nofollow noopener\">den officiella sidan<\/a>) hittar du p\u00e5 Calle del Sargento Mayor, en av de tystare och lugnare gatorna mitt i hj\u00e4rtat av gamla stan (utm\u00e4rkt betyg \u26054,7 av 954 recensioner). Sj\u00e4lva byggnaden \u00e4r ett <strong>klassiskt exempel p\u00e5 kolonial arkitektur med en enorm och vacker innerg\u00e5rd<\/strong> som ger h\u00e4rligt svalkande skugga under de allra hetaste karibiska eftermiddagarna.<\/p>\n\n\n\n<p class=\"wp-block-paragraph\">P\u00e5 hotellets tak finns en <strong>mycket popul\u00e4r pool med terrass och en fullt utrustad bar<\/strong>, varifr\u00e5n du har en underbar utsikt \u00f6ver de omkringliggande husens terrakottatak och kyrkornas torn. Luftkonditioneringen i rummen \u00e4r \u00f6k\u00e4nt tyst och effektiv (det uppskattar du verkligen efter en hel dag med promenader p\u00e5 den gl\u00f6dheta stenl\u00e4ggningen), medan personalen r\u00f6r sig diskret i bakgrunden och hj\u00e4lper till s\u00e5 fort det beh\u00f6vs.<\/p>\n\n\n\n<p class=\"wp-block-paragraph\">Rummens interi\u00f6rer satsar p\u00e5 naturmaterial, mycket m\u00f6rkt tr\u00e4 och dova f\u00e4rger som framkallar en <strong>k\u00e4nsla av total avkoppling<\/strong>. P\u00e5 morgonen gl\u00e4der dig en rej\u00e4l frukost med ett <strong>enormt urval av exotisk frukt<\/strong> och f\u00e4rskt br\u00f6d, som serveras i en elegant matsal med glasv\u00e4ggar.<\/p>\n\n\n\n<p class=\"wp-block-paragraph\"><strong>\ud83d\udca1 Tips:<\/strong> <a href=\"https:\/\/www.stay22.com\/allez\/roam?aid=lukaskonecny&#038;campaign=loudavymkrokemcz&#038;campaign=kde-bydlet-v-cartagene&#038;hotelname=Basti%C3%B3n%20Luxury%20Hotel&#038;address=Cartagena%2C%20Kolumbie\" target=\"_blank\" rel=\"noopener nofollow sponsored\">Basti\u00f3n<\/a> \u00e4r ett helt utm\u00e4rkt val f\u00f6r resen\u00e4rer som vill vara <strong>mitt i h\u00e4ndelsernas centrum men samtidigt sova ost\u00f6rt om natten<\/strong>. N\u00e4r du betalar med kort i receptionen, gl\u00f6m inte att noga kontrollera slutbeloppet s\u00e5 att det inte av misstag inneh\u00e5ller den 19-procentiga colombianska skatten som g\u00e4ller f\u00f6r lokalbefolkningen.<\/p>\n\n\n\n<figure data-wp-context=\"{&quot;imageId&quot;:&quot;6a9c404935db7&quot;}\" data-wp-interactive=\"core\/image\" data-wp-key=\"6a9c404935db7\" class=\"wp-block-image size-full wp-lightbox-container\"><img decoding=\"async\" width=\"1100\" height=\"1470\" data-wp-class--hide=\"state.isContentHidden\" data-wp-class--show=\"state.isContentVisible\" data-wp-init=\"callbacks.setButtonStyles\" data-wp-on--click=\"actions.showLightbox\" data-wp-on--load=\"callbacks.setButtonStyles\" data-wp-on--pointerdown=\"actions.preloadImage\" data-wp-on--pointerenter=\"actions.preloadImageWithDelay\" data-wp-on--pointerleave=\"actions.cancelPreload\" data-wp-on-window--resize=\"callbacks.setButtonStyles\" src=\"https:\/\/loudavymkrokem.cz\/wp-content\/uploads\/2026\/09\/casa-claver-loft-boutique-hotel.png\" alt=\"Hotell Casa Claver Loft Boutique Hotel\" class=\"wp-image-415705\" title=\"\" srcset=\"https:\/\/loudavymkrokem.cz\/wp-content\/uploads\/2026\/09\/casa-claver-loft-boutique-hotel.png 1100w, https:\/\/loudavymkrokem.cz\/wp-content\/uploads\/2026\/09\/casa-claver-loft-boutique-hotel-224x300.png 224w, https:\/\/loudavymkrokem.cz\/wp-content\/uploads\/2026\/09\/casa-claver-loft-boutique-hotel-700x935.png 700w, https:\/\/loudavymkrokem.cz\/wp-content\/uploads\/2026\/09\/casa-claver-loft-boutique-hotel-768x1026.png 768w, https:\/\/loudavymkrokem.cz\/wp-content\/uploads\/2026\/09\/casa-claver-loft-boutique-hotel-696x930.png 696w\" sizes=\"(max-width: 1100px) 100vw, 1100px\" \/><button\n\t\t\tclass=\"lightbox-trigger\"\n\t\t\ttype=\"button\"\n\t\t\taria-haspopup=\"dialog\"\n\t\t\tdata-wp-bind--aria-label=\"state.thisImage.triggerButtonAriaLabel\"\n\t\t\tdata-wp-init=\"callbacks.initTriggerButton\"\n\t\t\tdata-wp-on--click=\"actions.showLightbox\"\n\t\t\tdata-wp-style--right=\"state.thisImage.buttonRight\"\n\t\t\tdata-wp-style--top=\"state.thisImage.buttonTop\"\n\t\t>\n\t\t\t<svg xmlns=\"http:\/\/www.w3.org\/2000\/svg\" width=\"12\" height=\"12\" fill=\"none\" viewBox=\"0 0 12 12\">\n\t\t\t\t<path fill=\"#fff\" d=\"M2 0a2 2 0 0 0-2 2v2h1.5V2a.5.5 0 0 1 .5-.5h2V0H2Zm2 10.5H2a.5.5 0 0 1-.5-.5V8H0v2a2 2 0 0 0 2 2h2v-1.5ZM8 12v-1.5h2a.5.5 0 0 0 .5-.5V8H12v2a2 2 0 0 1-2 2H8Zm2-12a2 2 0 0 1 2 2v2h-1.5V2a.5.5 0 0 0-.5-.5H8V0h2Z\" \/>\n\t\t\t<\/svg>\n\t\t<\/button><figcaption class=\"wp-element-caption\">Foto: Casa Claver Loft Boutique Hotel \/ Google Maps<\/figcaption><\/figure>\n\n\n\n<h3 class=\"wp-block-heading\"><span class=\"ez-toc-section\" id=\"6_Casa_Claver_Loft_Boutique_Hotel\"><\/span>6. Casa Claver Loft Boutique Hotel<span class=\"ez-toc-section-end\"><\/span><\/h3>\n\n\n\n<p class=\"wp-block-paragraph\">Detta unika boutiquehotell (h\u00e5ller betyget \u26054,9 av 204 recensioner) erbjuder ett lite annorlunda boendekoncept \u00e4n den absoluta majoriteten av konkurrenterna i gamla stan. <strong>I st\u00e4llet f\u00f6r klassiska tr\u00e5nga hotellrum hittar du h\u00e4r otroligt rymliga loft<\/strong> inbyggda i ett vackert renoverat kolonialt hus. Tack vare detta uppl\u00e4gg fick hotellet snabbt rykte om sig att vara ett av de b\u00e4st betygsatta boutiquehotellen i hela Centro.<\/p>\n\n\n\n<p class=\"wp-block-paragraph\">Loftena h\u00e4r \u00e4r helt idealiska f\u00f6r resen\u00e4rer som f\u00f6redrar <strong>mer personligt utrymme och en modern, minimalistisk design<\/strong> insvept i en historisk kuliss. Toppklassig luftkonditionering \u00e4r en sj\u00e4lvklarhet, liksom ett rej\u00e4lt pentry och obegr\u00e4nsad tillg\u00e5ng till den underbara takpoolen med bekv\u00e4ma sittplatser. Husets massiva v\u00e4ggar isolerar dessutom perfekt allt buller fr\u00e5n gatan, s\u00e5 att stadens morgonliv inte alls v\u00e4cker dig.<\/p>\n\n\n\n<p class=\"wp-block-paragraph\">Rummen \u00e4r <strong>fulla av naturligt ljus<\/strong> och tack vare den smart l\u00f6sta ventilationen uppst\u00e5r h\u00e4r inte samma fuktighetsk\u00e4nsla som i \u00e4ldre byggnader. \u00c4garna v\u00e4rnar mycket om det personliga bem\u00f6tandet och hj\u00e4lper g\u00e4rna till med att organisera vilka utflykter som helst i omgivningen <strong>utan on\u00f6diga provisioner<\/strong>.<\/p>\n\n\n\n<p class=\"wp-block-paragraph\"><strong>\ud83d\udca1 Tips:<\/strong> <a href=\"https:\/\/www.stay22.com\/allez\/roam?aid=lukaskonecny&#038;campaign=loudavymkrokemcz&#038;campaign=kde-bydlet-v-cartagene&#038;hotelname=Casa%20Claver%20Loft%20Boutique%20Hotel&#038;address=Cartagena%2C%20Kolumbie\" target=\"_blank\" rel=\"noopener nofollow sponsored\">Casa Claver<\/a> \u00e4r ett helt perfekt val f\u00f6r <strong>l\u00e4ngre vistelser eller f\u00f6r mindre familjer och v\u00e4ngrupper<\/strong> som gillar konceptet med rymliga och v\u00e4lutrustade loft. Vid ankomsten, gl\u00f6m inte att aktivt be om skattefritt boende baserat p\u00e5 ditt pass och din PIP-5-turistst\u00e4mpel.<\/p>\n\n\n\n<figure data-wp-context=\"{&quot;imageId&quot;:&quot;6a9c40493643f&quot;}\" data-wp-interactive=\"core\/image\" data-wp-key=\"6a9c40493643f\" class=\"wp-block-image size-full wp-lightbox-container\"><img decoding=\"async\" width=\"1024\" height=\"768\" data-wp-class--hide=\"state.isContentHidden\" data-wp-class--show=\"state.isContentVisible\" data-wp-init=\"callbacks.setButtonStyles\" data-wp-on--click=\"actions.showLightbox\" data-wp-on--load=\"callbacks.setButtonStyles\" data-wp-on--pointerdown=\"actions.preloadImage\" data-wp-on--pointerenter=\"actions.preloadImageWithDelay\" data-wp-on--pointerleave=\"actions.cancelPreload\" data-wp-on-window--resize=\"callbacks.setButtonStyles\" src=\"https:\/\/loudavymkrokem.cz\/wp-content\/uploads\/2026\/09\/hotel-boutique-b-vedas-de-santa-clara.jpg\" alt=\"Hotell Hotel Boutique B\u00f3vedas de Santa Clara\" class=\"wp-image-415707\" title=\"\" srcset=\"https:\/\/loudavymkrokem.cz\/wp-content\/uploads\/2026\/09\/hotel-boutique-b-vedas-de-santa-clara.jpg 1024w, https:\/\/loudavymkrokem.cz\/wp-content\/uploads\/2026\/09\/hotel-boutique-b-vedas-de-santa-clara-300x225.jpg 300w, https:\/\/loudavymkrokem.cz\/wp-content\/uploads\/2026\/09\/hotel-boutique-b-vedas-de-santa-clara-700x525.jpg 700w, https:\/\/loudavymkrokem.cz\/wp-content\/uploads\/2026\/09\/hotel-boutique-b-vedas-de-santa-clara-768x576.jpg 768w, https:\/\/loudavymkrokem.cz\/wp-content\/uploads\/2026\/09\/hotel-boutique-b-vedas-de-santa-clara-80x60.jpg 80w, https:\/\/loudavymkrokem.cz\/wp-content\/uploads\/2026\/09\/hotel-boutique-b-vedas-de-santa-clara-160x120.jpg 160w, https:\/\/loudavymkrokem.cz\/wp-content\/uploads\/2026\/09\/hotel-boutique-b-vedas-de-santa-clara-696x522.jpg 696w\" sizes=\"(max-width: 1024px) 100vw, 1024px\" \/><button\n\t\t\tclass=\"lightbox-trigger\"\n\t\t\ttype=\"button\"\n\t\t\taria-haspopup=\"dialog\"\n\t\t\tdata-wp-bind--aria-label=\"state.thisImage.triggerButtonAriaLabel\"\n\t\t\tdata-wp-init=\"callbacks.initTriggerButton\"\n\t\t\tdata-wp-on--click=\"actions.showLightbox\"\n\t\t\tdata-wp-style--right=\"state.thisImage.buttonRight\"\n\t\t\tdata-wp-style--top=\"state.thisImage.buttonTop\"\n\t\t>\n\t\t\t<svg xmlns=\"http:\/\/www.w3.org\/2000\/svg\" width=\"12\" height=\"12\" fill=\"none\" viewBox=\"0 0 12 12\">\n\t\t\t\t<path fill=\"#fff\" d=\"M2 0a2 2 0 0 0-2 2v2h1.5V2a.5.5 0 0 1 .5-.5h2V0H2Zm2 10.5H2a.5.5 0 0 1-.5-.5V8H0v2a2 2 0 0 0 2 2h2v-1.5ZM8 12v-1.5h2a.5.5 0 0 0 .5-.5V8H12v2a2 2 0 0 1-2 2H8Zm2-12a2 2 0 0 1 2 2v2h-1.5V2a.5.5 0 0 0-.5-.5H8V0h2Z\" \/>\n\t\t\t<\/svg>\n\t\t<\/button><figcaption class=\"wp-element-caption\">Foto: Hotel Boutique Bovedas de Santa Clara By Accor \/ Google Maps<\/figcaption><\/figure>\n\n\n\n<h3 class=\"wp-block-heading\"><span class=\"ez-toc-section\" id=\"7_Hotel_Boutique_Bovedas_de_Santa_Clara\"><\/span>7. Hotel Boutique B\u00f3vedas de Santa Clara<span class=\"ez-toc-section-end\"><\/span><\/h3>\n\n\n\n<p class=\"wp-block-paragraph\">Vi flyttar oss till det mycket lugnare och tystare kvarteret San Diego, n\u00e4rmare best\u00e4mt till popul\u00e4ra Carrera 8. Detta boutiquehotell (betyg \u26054,7 av 498 recensioner) st\u00e5r <strong>i omedelbar n\u00e4rhet av det ber\u00f6mda klostret Santa Clara<\/strong> och erbjuder en otroligt romantisk och intim atmosf\u00e4r. Det \u00e4r en verklig oas av lugn, skyddad fr\u00e5n det v\u00e4rsta oljudet p\u00e5 de centrala torgen d\u00e4r barerna st\u00e4nger f\u00f6rst i gryningen.<\/p>\n\n\n\n<p class=\"wp-block-paragraph\">P\u00e5 den vackra innerg\u00e5rden finns en <strong>h\u00e4rlig pool omgiven av frodig tropisk gr\u00f6nska<\/strong> som direkt bjuder in till en l\u00e5ng eftermiddagssiesta. Rummen har charmiga sm\u00e5 balkonger med utsikt mot havet eller mot San Diegos lugna historiska gr\u00e4nder. Alla utrymmen inomhus \u00e4r perfekt kylda och de exklusiva s\u00e4ngkl\u00e4derna motsvarar de absolut str\u00e4ngaste internationella standarderna.<\/p>\n\n\n\n<p class=\"wp-block-paragraph\">Hela hotellkonceptet bygger p\u00e5 en <strong>kammarintim upplevelse<\/strong>, s\u00e5 du kommer aldrig att beh\u00f6va tr\u00e4ngas med turistmassor vid frukosten. I n\u00e4rheten finns dessutom flera utm\u00e4rkta kaf\u00e9er och restauranger som <strong>inte \u00e4r lika \u00f6verfulla<\/strong> som de i sj\u00e4lva stadsk\u00e4rnan.<\/p>\n\n\n\n<p class=\"wp-block-paragraph\"><strong>\ud83d\udca1 Tips:<\/strong> Kvarteret San Diego \u00e4r <strong>den absolut b\u00e4sta kompromissen mellan den historiska stadsk\u00e4rnans visuella sk\u00f6nhet och den n\u00f6dv\u00e4ndiga nattron<\/strong>. Om du vill njuta av den koloniala Cartagenas romantik utan dunkande basar fr\u00e5n nattklubbarna kommer <a href=\"https:\/\/www.stay22.com\/allez\/roam?aid=lukaskonecny&#038;campaign=loudavymkrokemcz&#038;campaign=kde-bydlet-v-cartagene&#038;hotelname=Hotel%20Boutique%20B%C3%B3vedas%20de%20Santa%20Clara&#038;address=Cartagena%2C%20Kolumbie\" target=\"_blank\" rel=\"noopener nofollow sponsored\">B\u00f3vedas de Santa Clara<\/a> definitivt inte att g\u00f6ra dig besviken.<\/p>\n\n\n\n<figure data-wp-context=\"{&quot;imageId&quot;:&quot;6a9c404936d27&quot;}\" data-wp-interactive=\"core\/image\" data-wp-key=\"6a9c404936d27\" class=\"wp-block-image size-full wp-lightbox-container\"><img decoding=\"async\" width=\"1600\" height=\"1067\" data-wp-class--hide=\"state.isContentHidden\" data-wp-class--show=\"state.isContentVisible\" data-wp-init=\"callbacks.setButtonStyles\" data-wp-on--click=\"actions.showLightbox\" data-wp-on--load=\"callbacks.setButtonStyles\" data-wp-on--pointerdown=\"actions.preloadImage\" data-wp-on--pointerenter=\"actions.preloadImageWithDelay\" data-wp-on--pointerleave=\"actions.cancelPreload\" data-wp-on-window--resize=\"callbacks.setButtonStyles\" src=\"https:\/\/loudavymkrokem.cz\/wp-content\/uploads\/2026\/09\/swap-415556-8-6b948045.jpg\" alt=\"Hotel B\u00f3vedas de Santa Clara i San Diego\" class=\"wp-image-415932\" title=\"\" srcset=\"https:\/\/loudavymkrokem.cz\/wp-content\/uploads\/2026\/09\/swap-415556-8-6b948045.jpg 1600w, https:\/\/loudavymkrokem.cz\/wp-content\/uploads\/2026\/09\/swap-415556-8-6b948045-300x200.jpg 300w, https:\/\/loudavymkrokem.cz\/wp-content\/uploads\/2026\/09\/swap-415556-8-6b948045-700x467.jpg 700w, https:\/\/loudavymkrokem.cz\/wp-content\/uploads\/2026\/09\/swap-415556-8-6b948045-768x512.jpg 768w, https:\/\/loudavymkrokem.cz\/wp-content\/uploads\/2026\/09\/swap-415556-8-6b948045-1536x1024.jpg 1536w, https:\/\/loudavymkrokem.cz\/wp-content\/uploads\/2026\/09\/swap-415556-8-6b948045-696x464.jpg 696w, https:\/\/loudavymkrokem.cz\/wp-content\/uploads\/2026\/09\/swap-415556-8-6b948045-1392x928.jpg 1392w\" sizes=\"(max-width: 1600px) 100vw, 1600px\" \/><button\n\t\t\tclass=\"lightbox-trigger\"\n\t\t\ttype=\"button\"\n\t\t\taria-haspopup=\"dialog\"\n\t\t\tdata-wp-bind--aria-label=\"state.thisImage.triggerButtonAriaLabel\"\n\t\t\tdata-wp-init=\"callbacks.initTriggerButton\"\n\t\t\tdata-wp-on--click=\"actions.showLightbox\"\n\t\t\tdata-wp-style--right=\"state.thisImage.buttonRight\"\n\t\t\tdata-wp-style--top=\"state.thisImage.buttonTop\"\n\t\t>\n\t\t\t<svg xmlns=\"http:\/\/www.w3.org\/2000\/svg\" width=\"12\" height=\"12\" fill=\"none\" viewBox=\"0 0 12 12\">\n\t\t\t\t<path fill=\"#fff\" d=\"M2 0a2 2 0 0 0-2 2v2h1.5V2a.5.5 0 0 1 .5-.5h2V0H2Zm2 10.5H2a.5.5 0 0 1-.5-.5V8H0v2a2 2 0 0 0 2 2h2v-1.5ZM8 12v-1.5h2a.5.5 0 0 0 .5-.5V8H12v2a2 2 0 0 1-2 2H8Zm2-12a2 2 0 0 1 2 2v2h-1.5V2a.5.5 0 0 0-.5-.5H8V0h2Z\" \/>\n\t\t\t<\/svg>\n\t\t<\/button><figcaption class=\"wp-element-caption\">Foto: Hotel Boutique Bovedas de Santa Clara By Accor \/ Google Maps<\/figcaption><\/figure>\n\n\n\n<h3 class=\"wp-block-heading\"><span class=\"ez-toc-section\" id=\"8_Casa_Lola_Luxury_Collection\"><\/span>8. Casa Lola Luxury Collection<span class=\"ez-toc-section-end\"><\/span><\/h3>\n\n\n\n<p class=\"wp-block-paragraph\">Detta fascinerande hotell (stabilt betyg \u26054,6 av 774 recensioner) \u00e4r suver\u00e4nt <strong>den mest k\u00e4nda, mest fotograferade och mest stilfulla adressen i pulserande Getseman\u00ed<\/strong>. En kul detalj \u00e4r att det best\u00e5r av tv\u00e5 sammanl\u00e4nkade byggnader: den ena \u00e4r klassisk kolonial arkitektur och den andra en lite nyare, republikansk stil. Interi\u00f6rerna \u00e4r en fr\u00f6jd f\u00f6r \u00f6gat och blandar mycket dj\u00e4rvt antikviteter med modern eklektisk konst.<\/p>\n\n\n\n<p class=\"wp-block-paragraph\">Hotellet f\u00f6rfogar \u00f6ver en <strong>vacker pool och flera takterrasser<\/strong>, som \u00e4r mycket typiska f\u00f6r hela Getseman\u00ed och erbjuder magnifika utsikter. Rummen \u00e4r medvetet m\u00f6rkare, h\u00e4rligt nedkylda av kraftig luftkonditionering och erbjuder en perfekt flykt undan den brutala eftermiddagshettan. Du befinner dig bara n\u00e5gra tiotal steg fr\u00e5n de absolut b\u00e4sta kaf\u00e9erna och den fantastiska gatukonsten i Cartagena.<\/p>\n\n\n\n<p class=\"wp-block-paragraph\">P\u00e5 kv\u00e4llen f\u00f6rvandlas hela hotellbaren till ett <strong>nav f\u00f6r det sociala livet<\/strong>, dit \u00e4ven folk som inte bor h\u00e4r g\u00e4rna kommer f\u00f6r en drink. De lokala <strong>cocktailsen \u00e4r ber\u00f6mda<\/strong> och musiken spelar l\u00e5ngt in p\u00e5 natten, vilket underbart f\u00e5ngar den avslappnade lokala st\u00e4mningen.<\/p>\n\n\n\n<p class=\"wp-block-paragraph\"><strong>\ud83d\udca1 Tips:<\/strong> <a href=\"https:\/\/www.stay22.com\/allez\/roam?aid=lukaskonecny&#038;campaign=loudavymkrokemcz&#038;campaign=kde-bydlet-v-cartagene&#038;hotelname=Casa%20Lola%20Luxury%20Collection&#038;address=Cartagena%2C%20Kolumbie\" target=\"_blank\" rel=\"noopener nofollow sponsored\">Casa Lola<\/a> ligger p\u00e5 livliga Calle del Guerrero och \u00e4r ett idealiskt boende f\u00f6r dig som \u00e4lskar dj\u00e4rv design och nattliv. <strong>Omgivningen \u00e4r dock mycket bullrig p\u00e5 kv\u00e4llen<\/strong>, s\u00e5 det \u00e4r verkligen inte ett helt l\u00e4mpligt val f\u00f6r barnfamiljer eller resen\u00e4rer som s\u00f6ker total tystnad f\u00f6r avkoppling.<\/p>\n\n\n\n<figure data-wp-context=\"{&quot;imageId&quot;:&quot;6a9c4049375fb&quot;}\" data-wp-interactive=\"core\/image\" data-wp-key=\"6a9c4049375fb\" class=\"wp-block-image size-full wp-lightbox-container\"><img decoding=\"async\" width=\"1600\" height=\"1067\" data-wp-class--hide=\"state.isContentHidden\" data-wp-class--show=\"state.isContentVisible\" data-wp-init=\"callbacks.setButtonStyles\" data-wp-on--click=\"actions.showLightbox\" data-wp-on--load=\"callbacks.setButtonStyles\" data-wp-on--pointerdown=\"actions.preloadImage\" data-wp-on--pointerenter=\"actions.preloadImageWithDelay\" data-wp-on--pointerleave=\"actions.cancelPreload\" data-wp-on-window--resize=\"callbacks.setButtonStyles\" src=\"https:\/\/loudavymkrokem.cz\/wp-content\/uploads\/2026\/09\/swap-415556-9-36a0d231.jpg\" alt=\"Hotel Casa Lola i Getseman\u00ed\" class=\"wp-image-415930\" title=\"\" srcset=\"https:\/\/loudavymkrokem.cz\/wp-content\/uploads\/2026\/09\/swap-415556-9-36a0d231.jpg 1600w, https:\/\/loudavymkrokem.cz\/wp-content\/uploads\/2026\/09\/swap-415556-9-36a0d231-300x200.jpg 300w, https:\/\/loudavymkrokem.cz\/wp-content\/uploads\/2026\/09\/swap-415556-9-36a0d231-700x467.jpg 700w, https:\/\/loudavymkrokem.cz\/wp-content\/uploads\/2026\/09\/swap-415556-9-36a0d231-768x512.jpg 768w, https:\/\/loudavymkrokem.cz\/wp-content\/uploads\/2026\/09\/swap-415556-9-36a0d231-1536x1024.jpg 1536w, https:\/\/loudavymkrokem.cz\/wp-content\/uploads\/2026\/09\/swap-415556-9-36a0d231-696x464.jpg 696w, https:\/\/loudavymkrokem.cz\/wp-content\/uploads\/2026\/09\/swap-415556-9-36a0d231-1392x928.jpg 1392w\" sizes=\"(max-width: 1600px) 100vw, 1600px\" \/><button\n\t\t\tclass=\"lightbox-trigger\"\n\t\t\ttype=\"button\"\n\t\t\taria-haspopup=\"dialog\"\n\t\t\tdata-wp-bind--aria-label=\"state.thisImage.triggerButtonAriaLabel\"\n\t\t\tdata-wp-init=\"callbacks.initTriggerButton\"\n\t\t\tdata-wp-on--click=\"actions.showLightbox\"\n\t\t\tdata-wp-style--right=\"state.thisImage.buttonRight\"\n\t\t\tdata-wp-style--top=\"state.thisImage.buttonTop\"\n\t\t>\n\t\t\t<svg xmlns=\"http:\/\/www.w3.org\/2000\/svg\" width=\"12\" height=\"12\" fill=\"none\" viewBox=\"0 0 12 12\">\n\t\t\t\t<path fill=\"#fff\" d=\"M2 0a2 2 0 0 0-2 2v2h1.5V2a.5.5 0 0 1 .5-.5h2V0H2Zm2 10.5H2a.5.5 0 0 1-.5-.5V8H0v2a2 2 0 0 0 2 2h2v-1.5ZM8 12v-1.5h2a.5.5 0 0 0 .5-.5V8H12v2a2 2 0 0 1-2 2H8Zm2-12a2 2 0 0 1 2 2v2h-1.5V2a.5.5 0 0 0-.5-.5H8V0h2Z\" \/>\n\t\t\t<\/svg>\n\t\t<\/button><figcaption class=\"wp-element-caption\">Foto: Hotel CASA LOLA deluxe gallery \/ Google Maps<\/figcaption><\/figure>\n\n\n\n<h3 class=\"wp-block-heading\"><span class=\"ez-toc-section\" id=\"9_Arsenal_Hotel\"><\/span>9. Arsenal Hotel<span class=\"ez-toc-section-end\"><\/span><\/h3>\n\n\n\n<p class=\"wp-block-paragraph\">Detta modernare hotell p\u00e5 k\u00e4nda Calle 24 kan skryta med <strong>flest recensioner i hela f\u00e4rgstarka Getseman\u00ed<\/strong> (gedigna betyget \u26054,5 av respektingivande 1 049 recensioner). Till skillnad fr\u00e5n de gamla koloniala husen erbjuder det lite mer konventionell hotellkomfort och funktionalitet, vilket m\u00e5nga resen\u00e4rer snabbt uppskattar efter utmattande dagar i tropikerna.<\/p>\n\n\n\n<p class=\"wp-block-paragraph\">Dess absolut st\u00f6rsta och mest fotograferade trumfkort \u00e4r den <strong>rymliga takpoolen med fantastisk panoramautsikt \u00f6ver murarna och hela havsviken<\/strong>. Rummen \u00e4r extra stora, har modern och tyst luftkonditionering samt mycket bekv\u00e4ma s\u00e4ngar som du p\u00e5 kv\u00e4llen genast sjunker ner i. P\u00e5 morgonen serveras h\u00e4r en otroligt rej\u00e4l frukost som p\u00e5litligt laddar dig med energi f\u00f6r en hel l\u00e5ng dag full av stadsutforskning.<\/p>\n\n\n\n<p class=\"wp-block-paragraph\">Personalen \u00e4r mycket professionell och i receptionen fixar de g\u00e4rna allt fr\u00e5n b\u00e5tbiljetter till en <strong>p\u00e5litlig transfer till flygplatsen<\/strong>. Hotellet har ocks\u00e5 en <strong>egen utm\u00e4rkt restaurang<\/strong>, om du p\u00e5 kv\u00e4llen inte l\u00e4ngre orkar g\u00e5 ut i stan.<\/p>\n\n\n\n<p class=\"wp-block-paragraph\"><strong>\ud83d\udca1 Tips:<\/strong> Gatan Calle del <a href=\"https:\/\/www.stay22.com\/allez\/roam?aid=lukaskonecny&#038;campaign=loudavymkrokemcz&#038;campaign=kde-bydlet-v-cartagene&#038;hotelname=Arsenal%20Hotel&#038;address=Cartagena%2C%20Kolumbie\" target=\"_blank\" rel=\"noopener nofollow sponsored\">Arsenal<\/a> \u00e4r vida k\u00e4nd f\u00f6r sina h\u00f6gljudda barer och nattklubbar, s\u00e5 <strong>p\u00e5 natten kan det bli ganska bullrigt h\u00e4r<\/strong>. Om du \u00e5ker till Cartagena fr\u00e4mst f\u00f6r n\u00f6jen, dans och fester \u00e4r det ett strategiskt helt perfekt och s\u00e4kert l\u00e4ge.<\/p>\n\n\n\n<figure data-wp-context=\"{&quot;imageId&quot;:&quot;6a9c404937e07&quot;}\" data-wp-interactive=\"core\/image\" data-wp-key=\"6a9c404937e07\" class=\"wp-block-image size-full wp-lightbox-container\"><img decoding=\"async\" width=\"631\" height=\"726\" data-wp-class--hide=\"state.isContentHidden\" data-wp-class--show=\"state.isContentVisible\" data-wp-init=\"callbacks.setButtonStyles\" data-wp-on--click=\"actions.showLightbox\" data-wp-on--load=\"callbacks.setButtonStyles\" data-wp-on--pointerdown=\"actions.preloadImage\" data-wp-on--pointerenter=\"actions.preloadImageWithDelay\" data-wp-on--pointerleave=\"actions.cancelPreload\" data-wp-on-window--resize=\"callbacks.setButtonStyles\" src=\"https:\/\/loudavymkrokem.cz\/wp-content\/uploads\/2026\/09\/lunala-hotel-boutique.jpg\" alt=\"Hotell LUNALA Hotel Boutique\" class=\"wp-image-415713\" title=\"\" srcset=\"https:\/\/loudavymkrokem.cz\/wp-content\/uploads\/2026\/09\/lunala-hotel-boutique.jpg 631w, https:\/\/loudavymkrokem.cz\/wp-content\/uploads\/2026\/09\/lunala-hotel-boutique-261x300.jpg 261w\" sizes=\"(max-width: 631px) 100vw, 631px\" \/><button\n\t\t\tclass=\"lightbox-trigger\"\n\t\t\ttype=\"button\"\n\t\t\taria-haspopup=\"dialog\"\n\t\t\tdata-wp-bind--aria-label=\"state.thisImage.triggerButtonAriaLabel\"\n\t\t\tdata-wp-init=\"callbacks.initTriggerButton\"\n\t\t\tdata-wp-on--click=\"actions.showLightbox\"\n\t\t\tdata-wp-style--right=\"state.thisImage.buttonRight\"\n\t\t\tdata-wp-style--top=\"state.thisImage.buttonTop\"\n\t\t>\n\t\t\t<svg xmlns=\"http:\/\/www.w3.org\/2000\/svg\" width=\"12\" height=\"12\" fill=\"none\" viewBox=\"0 0 12 12\">\n\t\t\t\t<path fill=\"#fff\" d=\"M2 0a2 2 0 0 0-2 2v2h1.5V2a.5.5 0 0 1 .5-.5h2V0H2Zm2 10.5H2a.5.5 0 0 1-.5-.5V8H0v2a2 2 0 0 0 2 2h2v-1.5ZM8 12v-1.5h2a.5.5 0 0 0 .5-.5V8H12v2a2 2 0 0 1-2 2H8Zm2-12a2 2 0 0 1 2 2v2h-1.5V2a.5.5 0 0 0-.5-.5H8V0h2Z\" \/>\n\t\t\t<\/svg>\n\t\t<\/button><figcaption class=\"wp-element-caption\">Foto: LUNALA HOTEL BOUTIQUE \/ Google Maps<\/figcaption><\/figure>\n\n\n\n<!-- LKM_GYG_CARD start q=\"cartagena\" lang=\"sv\" rendered=\"2026-09-05T14:45:38+00:00\" v=\"1\" -->\n<style id=\"lk-gyg-styles\">\n@import url(\"https:\/\/fonts.googleapis.com\/css2?family=Playfair+Display:wght@700&family=DM+Sans:wght@300;400;500;600&display=swap\");\n\/* === LK GYG karty \u2014 CRO redesign 2026-05 (namespace .lkx-) ===\n   C\u00edl: vy\u0161\u0161\u00ed CTR (hero + v\u00fdrazn\u00fd social proof + ak\u010dn\u00ed CTA, m\u00e9n\u011b \"reklamn\u00ed\").\n   Injektuje se inline do prvn\u00edho markeru postu (refresh_cards.py --inline-css). *\/\n.lkx-module, .lkx-module *{box-sizing:border-box;margin:0;padding:0}\n.lkx-module{\n  font-family:'DM Sans',-apple-system,Segoe UI,Roboto,Georgia,sans-serif;\n  max-width:860px;margin:2.5rem auto;color:#1f2328;\n}\n\n\/* HEADER \u2014 lehk\u00fd editorsk\u00fd, \u017e\u00e1dn\u00fd bannerov\u00fd blok; nadpis + popisek pod n\u00edm *\/\n.lkx-head{margin-bottom:16px}\n.lkx-head-main{display:flex;align-items:center;gap:10px}\n.lkx-head-accent{width:26px;height:3px;border-radius:2px;background:#c39f76;flex-shrink:0}\n.lkx-head-title{font-family:'Playfair Display',Georgia,serif;font-size:21px;font-weight:700;color:#1a1a1a;line-height:1.25}\n.lkx-head-meta{display:block;font-size:11px;letter-spacing:.3px;color:#9aa0a6;margin-top:4px;margin-left:36px}\n\n\/* HERO *\/\n.lkx-hero{display:grid;grid-template-columns:300px 1fr;background:#fff;border:1px solid #ece7df;border-radius:14px;overflow:hidden;text-decoration:none!important;color:inherit;box-shadow:0 6px 20px rgba(0,0,0,.06);transition:box-shadow .2s,transform .2s;margin-bottom:14px}\n.lkx-hero:hover{box-shadow:0 12px 30px rgba(0,0,0,.12);transform:translateY(-2px)}\n.lkx-hero-img{position:relative;min-height:230px;background-size:cover;background-position:center;background-color:#eee}\n.lkx-hero-body{padding:22px 24px;display:flex;flex-direction:column}\n.lkx-pick{position:absolute;top:12px;left:12px;background:#1a1a1a;color:#fff;font-size:11px;font-weight:700;letter-spacing:.5px;padding:5px 11px;border-radius:20px}\n\n\/* TITLE *\/\n.lkx-title{font-size:19px;font-weight:700;color:#161616;line-height:1.3}\n.lkx-title-sm{font-size:14.5px;line-height:1.35;display:-webkit-box;-webkit-line-clamp:2;-webkit-box-orient:vertical;overflow:hidden}\n\n\/* SOCIAL PROOF \u2014 v\u00fdrazn\u011b, naho\u0159e *\/\n.lkx-proof{display:flex;align-items:center;gap:7px;margin-top:12px;font-size:15px;color:#3a3a3a}\n.lkx-proof b{font-size:16px;color:#161616}\n.lkx-stars{color:#f5a623;letter-spacing:1px}\n.lkx-proof-sm{font-size:12.5px;margin-top:8px;gap:5px}\n.lkx-proof-sm b{font-size:13px}\n.lkx-proof-new{color:#3685fc;font-weight:600}\n\n\/* PRICE \u2014 n\u00edzk\u00e1 kotva *\/\n.lkx-price{font-size:14px;color:#6b7280}\n.lkx-price b{font-size:20px;color:#161616;font-weight:700}\n.lkx-price-sm b{font-size:15px}\n\n\/* CTA \u2014 tepl\u00e9 ak\u010dn\u00ed tla\u010d\u00edtko *\/\n.lkx-cta{display:inline-flex;align-items:center;justify-content:center;text-decoration:none!important;font-weight:700;color:#fff!important;background:linear-gradient(135deg,#f6743f,#e8552a);border-radius:10px;box-shadow:0 6px 16px rgba(232,85,42,.32);transition:box-shadow .2s}\n.lkx-cta-hero{font-size:15px;padding:13px 22px}\n.lkx-hero:hover .lkx-cta-hero{box-shadow:0 8px 22px rgba(232,85,42,.45)}\n.lkx-cta-sm{font-size:12.5px;padding:9px 14px;width:100%;margin-top:2px}\n.lkx-hero-bottom{margin-top:auto;padding-top:18px;display:flex;align-items:center;justify-content:space-between;gap:14px;flex-wrap:wrap}\n\n\/* BADGE \u2014 jeden v\u00fdrazn\u00fd na fotce *\/\n.lkx-badge{position:absolute;top:12px;right:12px;font-size:10.5px;font-weight:700;letter-spacing:.3px;padding:5px 10px;border-radius:16px;color:#fff}\n.lkx-badge.badge-urgency{background:rgba(214,40,40,.92)}\n.lkx-badge.badge-new{background:rgba(54,133,252,.92)}\n.lkx-badge.badge-top{background:rgba(195,159,118,.95)}\n.lkx-badge.badge-info{background:rgba(40,40,40,.78)}\n\n\/* SECONDARY GRID *\/\n.lkx-grid{display:grid;grid-template-columns:1fr 1fr;gap:14px}\n.lkx-card{background:#fff;border:1px solid #ece7df;border-radius:14px;overflow:hidden;text-decoration:none!important;color:inherit;box-shadow:0 4px 14px rgba(0,0,0,.05);display:flex;flex-direction:column;transition:box-shadow .2s,transform .2s}\n.lkx-card:hover{box-shadow:0 10px 24px rgba(0,0,0,.1);transform:translateY(-2px)}\n.lkx-card-img{position:relative;aspect-ratio:16\/10;background-size:cover;background-position:center;background-color:#eee}\n.lkx-card-body{padding:14px 16px 16px;display:flex;flex-direction:column;gap:7px;flex:1}\n.lkx-card-bottom{margin-top:auto;padding-top:10px;display:flex;align-items:center;justify-content:space-between;gap:8px}\n\n\/* DISCLOSURE \u2014 drobn\u00e1, kv\u016fli d\u016fv\u011b\u0159e\/z\u00e1konu *\/\n.lkx-disclosure{font-size:11px;color:#a7adb3;text-align:center;margin-top:14px;line-height:1.6}\n.lkx-disclosure a{color:#c39f76;text-decoration:none}\n\n@media(max-width:680px){\n  .lkx-hero{grid-template-columns:1fr}\n  .lkx-hero-img{min-height:180px}\n  .lkx-grid{grid-template-columns:1fr}\n  .lkx-head-meta{margin-left:0;width:100%}\n  .lkx-head-title{font-size:19px}\n}\n\n<\/style>\n<div class=\"lkx-module\" data-query=\"cartagena\">\n  <div class=\"lkx-head\">\n    <div class=\"lkx-head-main\">\n      <span class=\"lkx-head-accent\"><\/span>\n      <span class=\"lkx-head-title\">Upplevelser &amp; biljetter<\/span>\n    <\/div>\n    <span class=\"lkx-head-meta\">betygsatt av resen\u00e4rer \u00b7 GetYourGuide<\/span>\n  <\/div><a class=\"lkx-hero\" href=\"https:\/\/www.getyourguide.com\/sv-se\/bolivar-l578\/cartagena-5-masten-pa-rosario-oarna-med-lunch-t497946\/?partner_id=MKZ64IS&amp;utm_medium=online_publisher&amp;cmp=var-bo-cartagena-colombia\" target=\"_blank\" rel=\"sponsored noopener nofollow\">\n    <div class=\"lkx-hero-img\" style=\"background-image:url('https:\/\/cdn.getyourguide.com\/img\/tour\/3e7855e2de9521c901e39203ad7bd9296c10ec69ae845752a4bbca37f24bdcee.png\/132.jpg')\" role=\"img\" aria-label=\"Cartagena: Rundtur med 5 stopp i Rosario\u00f6arna, lunch och strandklubbar\">\n      <span class=\"lkx-pick\">\u2605 V\u00e5rt val<\/span><\/div>\n    <div class=\"lkx-hero-body\">\n      <div class=\"lkx-title\">Cartagena: Rundtur med 5 stopp i Rosario\u00f6arna, lunch och strandklubbar<\/div>\n      <div class=\"lkx-proof\">\n      <span class=\"lkx-stars\">\u2605\u2605\u2605\u2605\u2605<\/span>\n      <b>4.6<\/b> \u00b7 6 212 omd\u00f6men\n    <\/div>\n      <div class=\"lkx-hero-bottom\"><div class=\"lkx-price\">fr\u00e5n <b>63\u00a0EUR<\/b><\/div><span class=\"lkx-cta lkx-cta-hero\">Det h\u00e4r vill jag uppleva \u2192<\/span>\n      <\/div>\n    <\/div>\n  <\/a><div class=\"lkx-disclosure\">\ud83d\udd17 Affiliate-l\u00e4nkar \u2014 p\u00e5verkar inte ditt pris och hj\u00e4lper oss att skapa inneh\u00e5ll. \u00b7 <a href=\"https:\/\/www.getyourguide.com\/sv-se\/s\/?q=cartagena&amp;partner_id=MKZ64IS&amp;utm_medium=online_publisher\" target=\"_blank\" rel=\"sponsored noopener nofollow\">Alla upplevelser \u2192<\/a><\/div>\n<\/div>\n<!-- LKM_GYG_CARD end -->\n\n\n\n\n<div class=\"lk-stays-module\">\n<style>\n\/* \u2500\u2500\u2500 RESET PRO GUTENBERG \u2500\u2500\u2500 *\/\n.lk-stays-module * { box-sizing: border-box; margin: 0; padding: 0; }\n\n\/* \u2500\u2500\u2500 WRAPPER \u2500\u2500\u2500 *\/\n.lk-stays-module {\n  font-family: 'DM Sans', Georgia, sans-serif;\n  max-width: 100%;\n  margin: 2.5rem auto;\n  background: linear-gradient(135deg, #fdfaf5 0%, #fcf8f0 100%);\n  border: 1px solid #e8dfd4;\n  border-radius: 16px;\n  overflow: hidden;\n  box-shadow: 0 16px 48px rgba(195, 159, 118, 0.25), 0 4px 12px rgba(0,0,0,0.08);\n}\n\n\/* \u2500\u2500\u2500 HEADER \u2500\u2500\u2500 *\/\n.lk-stays-header {\n  position: relative;\n  padding: 24px 36px 24px;\n  background: linear-gradient(135deg, #c39f76 0%, #d4b188 60%, #c39f76 100%);\n  border-bottom: 1px solid rgba(255,255,255,.15);\n  display: flex;\n  align-items: center;\n  gap: 18px;\n}\n.lk-stays-header::before {\n  content: '';\n  position: absolute;\n  inset: 0;\n  background: url(\"data:image\/svg+xml,%3Csvg width='60' height='60' viewBox='0 0 60 60' xmlns='http:\/\/www.w3.org\/2000\/svg'%3E%3Cg fill='none' fill-rule='evenodd'%3E%3Cg fill='%23ffffff' fill-opacity='0.05'%3E%3Cpath d='M36 34v-4h-2v4h-4v2h4v4h2v-4h4v-2h-4zm0-30V0h-2v4h-4v2h4v4h2V6h4V4h-4zM6 34v-4H4v4H0v2h4v4h2v-4h4v-2H6zM6 4V0H4v4H0v2h4v4h2V6h4V4H6z'\/%3E%3C\/g%3E%3C\/g%3E%3C\/svg%3E\") repeat;\n  pointer-events: none;\n}\n.lk-stays-icon {\n  flex-shrink: 0;\n  width: 68px;\n  height: 68px;\n  border-radius: 14px;\n  background: linear-gradient(135deg, #fff 0%, #f9f6f0 100%);\n  display: flex;\n  align-items: center;\n  justify-content: center;\n  font-size: 26px;\n  box-shadow: 0 4px 12px rgba(0,0,0,0.15);\n}\n.lk-stays-eyebrow {\n  font-size: 10px;\n  font-weight: 500;\n  letter-spacing: 2.5px;\n  text-transform: uppercase;\n  color: rgba(255,255,255,.85);\n  margin: 0 0 5px 0;\n}\n.lk-stays-title {\n  font-family: 'Playfair Display', Georgia, serif;\n  font-size: 24px;\n  font-weight: 700;\n  color: #fff;\n  line-height: 1.2;\n  text-shadow: 0 1px 2px rgba(0,0,0,0.1);\n  margin: 0;\n}\n.lk-stays-subtitle {\n  font-size: 13px;\n  color: rgba(255,255,255,.75);\n  margin: 4px 0 0 0;\n  font-weight: 300;\n}\n\n\/* \u2500\u2500\u2500 CARDS GRID \u2500\u2500\u2500 *\/\n.lk-stays-grid {\n  display: grid;\n  grid-template-columns: 1fr 1fr;\n  gap: 1px;\n  background: rgba(195, 159, 118, 0.12);\n}\n\n\/* \u2500\u2500\u2500 SINGLE CARD \u2500\u2500\u2500 *\/\n.lk-stay-card {\n  background: #ffffff;\n  padding: 26px;\n  display: flex;\n  flex-direction: column;\n  gap: 11px;\n  transition: all 0.3s ease;\n  text-decoration: none;\n  color: inherit;\n  position: relative;\n}\n.lk-stay-card:hover {\n  background: #fffbf5;\n  transform: translateY(-2px);\n  box-shadow: 0 8px 24px rgba(195, 159, 118, 0.18);\n  z-index: 1;\n}\n.lk-stay-card.featured {\n  background: linear-gradient(135deg, #fffdf9 0%, #fff9f0 100%);\n  box-shadow: 0 4px 16px rgba(195, 159, 118, 0.15), inset 0 1px 0 rgba(195, 159, 118, 0.1);\n}\n.lk-stay-card.featured:hover {\n  background: linear-gradient(135deg, #fffbf5 0%, #fff8ed 100%);\n  box-shadow: 0 8px 24px rgba(195, 159, 118, 0.25), inset 0 1px 0 rgba(195, 159, 118, 0.15);\n}\n\n.lk-stay-badge {\n  display: inline-flex;\n  align-items: center;\n  gap: 5px;\n  font-size: 10px;\n  font-weight: 500;\n  letter-spacing: 1.5px;\n  text-transform: uppercase;\n  padding: 5px 11px;\n  border-radius: 20px;\n  width: fit-content;\n}\n.badge-top     { background: linear-gradient(135deg, #c39f76 0%, #d4b188 100%); color: #fff; border: 1px solid #c39f76; font-weight: 600; box-shadow: 0 2px 8px rgba(195,159,118,0.3); }\n.badge-luxury  { background: rgba(195,159,118,.12); color: #c39f76; border: 1px solid rgba(195,159,118,.25); }\n.badge-boutique{ background: rgba(54,133,252,.08); color: #3685fc; border: 1px solid rgba(54,133,252,.2); }\n.badge-nature  { background: rgba(130,190,100,.1); color: #6b9c4a; border: 1px solid rgba(130,190,100,.2); }\n.badge-remote  { background: rgba(195,159,118,.12); color: #a67e50; border: 1px solid rgba(195,159,118,.25); }\n\n.lk-stay-name {\n  font-family: 'Playfair Display', Georgia, serif;\n  font-size: 18px;\n  font-weight: 700;\n  color: #111827;\n  line-height: 1.3;\n}\n.lk-stay-desc {\n  font-size: 13.5px;\n  color: #525252;\n  line-height: 1.65;\n  font-weight: 300;\n  flex: 1;\n}\n\n.lk-stay-meta {\n  display: flex;\n  align-items: center;\n  gap: 12px;\n  flex-wrap: wrap;\n  margin-top: 4px;\n}\n.lk-stay-price {\n  font-size: 13px;\n  color: #6b7280;\n}\n.lk-stay-price strong {\n  color: #c39f76;\n  font-weight: 500;\n}\n.lk-stay-stars {\n  color: #c39f76;\n  font-size: 11px;\n  letter-spacing: 1px;\n}\n\n\/* \u2500\u2500\u2500 CTA BUTTON \u2500\u2500\u2500 *\/\n.lk-stay-cta {\n  display: inline-flex;\n  align-items: center;\n  justify-content: center;\n  gap: 7px;\n  margin-top: 8px;\n  padding: 11px 20px;\n  border-radius: 8px;\n  background: linear-gradient(135deg, #3685fc 0%, #2a6fd9 100%);\n  color: #fff;\n  font-size: 13px;\n  font-weight: 500;\n  text-decoration: none;\n  letter-spacing: .3px;\n  transition: all .2s ease;\n  cursor: pointer;\n  border: none;\n  text-align: center;\n  box-shadow: 0 4px 12px rgba(54, 133, 252, 0.25);\n}\n.lk-stay-cta:hover {\n  background: linear-gradient(135deg, #2a6fd9 0%, #1e5bc4 100%);\n  transform: translateY(-1px);\n  box-shadow: 0 6px 16px rgba(54, 133, 252, 0.35);\n}\n.lk-stay-cta svg { flex-shrink: 0; }\n\n\/* \u2500\u2500\u2500 FOOTER \u2500\u2500\u2500 *\/\n.lk-stays-footer {\n  padding: 18px 36px;\n  background: linear-gradient(to bottom, #fdfaf5 0%, #f9f4ed 100%);\n  border-top: 1px solid rgba(195, 159, 118, 0.15);\n  display: flex;\n  align-items: center;\n  justify-content: space-between;\n  flex-wrap: wrap;\n  gap: 12px;\n}\n.lk-stays-footer-note {\n  font-size: 11.5px;\n  color: #6b7280;\n  font-weight: 300;\n  line-height: 1.5;\n}\n.lk-stays-footer-note a {\n  color: #c39f76;\n  text-decoration: none;\n  font-weight: 400;\n}\n.lk-stays-footer-note a:hover {\n  text-decoration: underline;\n}\n.lk-stays-all-btn {\n  display: inline-flex;\n  align-items: center;\n  gap: 6px;\n  font-size: 12.5px;\n  font-weight: 500;\n  color: #c39f76;\n  text-decoration: none;\n  border: 1px solid rgba(195, 159, 118, 0.35);\n  padding: 8px 18px;\n  border-radius: 8px;\n  transition: all .2s ease;\n}\n.lk-stays-all-btn:hover {\n  background: rgba(195, 159, 118, 0.08);\n  border-color: rgba(195, 159, 118, 0.5);\n}\n\n\/* \u2500\u2500\u2500 RESPONSIVE \u2500\u2500\u2500 *\/\n@media (max-width: 600px) {\n  .lk-stays-grid { grid-template-columns: 1fr; }\n  .lk-stays-header { padding: 24px 20px; }\n  .lk-stays-footer { padding: 16px 20px; }\n  .lk-stay-card { padding: 22px; }\n  .lk-stays-title { font-size: 20px; }\n}\n<\/style>\n\n  <!-- HEADER -->\n  <div class=\"lk-stays-header\">\n    <img decoding=\"async\" src=\"https:\/\/loudavymkrokem.cz\/wp-content\/uploads\/2026\/02\/lukas-a-lucka.jpg\" alt=\"\" style=\"width: 75px; height: 75px; border-radius: 8px; flex-shrink: 0; object-fit: cover; display: block; margin: 4px 0;\" title=\"\">\n    <div class=\"lk-stays-header-text\">\n      <div class=\"lk-stays-eyebrow\">Luk\u00e1\u0161 och Lucie rekommenderar<\/div>\n      <div class=\"lk-stays-title\">Var man kan bo i Cartagena<\/div>\n      <div class=\"lk-stays-subtitle\">6 boenden \u2014 wellnesshotell, hotell och andra boendem\u00f6jligheter<\/div>\n    <\/div>\n  <\/div>\n\n  <!-- CARDS -->\n  <div class=\"lk-stays-grid\">\n\n    <a class=\"lk-stay-card featured\" href=\"https:\/\/www.stay22.com\/allez\/roam?aid=lukaskonecny&#038;campaign=loudavymkrokemcz&#038;campaign=sv&#038;campaign=kde-bydlet-v-cartagene&#038;hotelname=Casa%20San%20Agust%C3%ADn&#038;address=Cartagena%2C%20Kolumbie\" target=\"_blank\" rel=\"nofollow noopener\">\n      <span class=\"lk-stay-badge badge-top\">\u2b50 TOPPVAL<\/span>\n      <span class=\"lk-stay-badge badge-nature\">\u2b50 Luxury<\/span>\n      <div class=\"lk-stay-name\">Casa San Agust\u00edn<\/div>\n      <div class=\"lk-stay-desc\">Den mest k\u00e4nda lyxadressen i centrum med en hisnande akvadukt \u00f6ver poolen. Tre koloniala hus fr\u00e5n 1700-talet med modern femstj\u00e4rnig service.<\/div>\n      <div class=\"lk-stay-meta\">\n        <span class=\"lk-stay-stars\">\u2605\u2605\u2605\u2605\u2605<\/span>\n        <span class=\"lk-stay-price\">kontrollera priser<\/span>\n      <\/div>\n      <span class=\"lk-stay-cta\">\n        <svg width=\"14\" height=\"14\" viewBox=\"0 0 24 24\" fill=\"none\" stroke=\"currentColor\" stroke-width=\"2\"><path d=\"M18 13v6a2 2 0 0 1-2 2H5a2 2 0 0 1-2-2V8a2 2 0 0 1 2-2h6\"\/><polyline points=\"15 3 21 3 21 9\"\/><line x1=\"10\" y1=\"14\" x2=\"21\" y2=\"3\"\/><\/svg>\n        Kontrollera tillg\u00e4nglighet\n      <\/span>\n    <\/a>\n\n    <a class=\"lk-stay-card\" href=\"https:\/\/www.stay22.com\/allez\/roam?aid=lukaskonecny&#038;campaign=loudavymkrokemcz&#038;campaign=sv&#038;campaign=kde-bydlet-v-cartagene&#038;hotelname=Casa%20Carolina%20Hotel&#038;address=Cartagena%2C%20Kolumbie\" target=\"_blank\" rel=\"nofollow noopener\">\n      <span class=\"lk-stay-badge badge-nature\">\ud83c\udfe8 Hotell<\/span>\n      <div class=\"lk-stay-name\">Casa Carolina Hotel<\/div>\n      <div class=\"lk-stay-desc\">H\u00f6gst betyg i hela urvalet (\u26054,9 av 807 recensioner). Flera pooler och bubbelpool, ovanligt rymliga rum, utm\u00e4rkt personlig service.<\/div>\n      <div class=\"lk-stay-meta\">\n        <span class=\"lk-stay-stars\">\u2605\u2605\u2605\u2605\u2605<\/span>\n        <span class=\"lk-stay-price\">kontrollera priser<\/span>\n      <\/div>\n      <span class=\"lk-stay-cta\">\n        <svg width=\"14\" height=\"14\" viewBox=\"0 0 24 24\" fill=\"none\" stroke=\"currentColor\" stroke-width=\"2\"><path d=\"M18 13v6a2 2 0 0 1-2 2H5a2 2 0 0 1-2-2V8a2 2 0 0 1 2-2h6\"\/><polyline points=\"15 3 21 3 21 9\"\/><line x1=\"10\" y1=\"14\" x2=\"21\" y2=\"3\"\/><\/svg>\n        Kontrollera tillg\u00e4nglighet\n      <\/span>\n    <\/a>\n\n    <a class=\"lk-stay-card\" href=\"https:\/\/www.stay22.com\/allez\/roam?aid=lukaskonecny&#038;campaign=loudavymkrokemcz&#038;campaign=sv&#038;campaign=kde-bydlet-v-cartagene&#038;hotelname=Amarla%20Boutique%20Hotel&#038;address=Cartagena%2C%20Kolumbie\" target=\"_blank\" rel=\"nofollow noopener\">\n      <span class=\"lk-stay-badge badge-nature\">\ud83c\udfe8 Hotell<\/span>\n      <div class=\"lk-stay-name\">Amarla Boutique Hotel<\/div>\n      <div class=\"lk-stay-desc\">Intimt hus fr\u00e5n 1800-talet med endast sju rum. Vacker takpool omgiven av tropiska v\u00e4xter med utsikt \u00f6ver omgivningen.<\/div>\n      <div class=\"lk-stay-meta\">\n        <span class=\"lk-stay-stars\">\u2605\u2605\u2605\u2605\u2605<\/span>\n        <span class=\"lk-stay-price\">kontrollera priser<\/span>\n      <\/div>\n      <span class=\"lk-stay-cta\">\n        <svg width=\"14\" height=\"14\" viewBox=\"0 0 24 24\" fill=\"none\" stroke=\"currentColor\" stroke-width=\"2\"><path d=\"M18 13v6a2 2 0 0 1-2 2H5a2 2 0 0 1-2-2V8a2 2 0 0 1 2-2h6\"\/><polyline points=\"15 3 21 3 21 9\"\/><line x1=\"10\" y1=\"14\" x2=\"21\" y2=\"3\"\/><\/svg>\n        Kontrollera tillg\u00e4nglighet\n      <\/span>\n    <\/a>\n\n    <a class=\"lk-stay-card\" href=\"https:\/\/www.stay22.com\/allez\/roam?aid=lukaskonecny&#038;campaign=loudavymkrokemcz&#038;campaign=sv&#038;campaign=kde-bydlet-v-cartagene&#038;hotelname=Hotel%20Charleston%20Santa%20Teresa&#038;address=Cartagena%2C%20Kolumbie\" target=\"_blank\" rel=\"nofollow noopener\">\n      <span class=\"lk-stay-badge badge-nature\">\ud83c\udfe8 Hotell<\/span>\n      <div class=\"lk-stay-name\">Hotel Charleston Santa Teresa<\/div>\n      <div class=\"lk-stay-desc\">Restaurerat kloster fr\u00e5n 1609. Vidstr\u00e4ckt takpool med utsikt \u00f6ver stadsmurarna och Karibiska havet, lyxigt wellnesscenter.<\/div>\n      <div class=\"lk-stay-meta\">\n        <span class=\"lk-stay-stars\">\u2605\u2605\u2605\u2605\u2605<\/span>\n        <span class=\"lk-stay-price\">kontrollera priser<\/span>\n      <\/div>\n      <span class=\"lk-stay-cta\">\n        <svg width=\"14\" height=\"14\" viewBox=\"0 0 24 24\" fill=\"none\" stroke=\"currentColor\" stroke-width=\"2\"><path d=\"M18 13v6a2 2 0 0 1-2 2H5a2 2 0 0 1-2-2V8a2 2 0 0 1 2-2h6\"\/><polyline points=\"15 3 21 3 21 9\"\/><line x1=\"10\" y1=\"14\" x2=\"21\" y2=\"3\"\/><\/svg>\n        Kontrollera tillg\u00e4nglighet\n      <\/span>\n    <\/a>\n\n    <a class=\"lk-stay-card\" href=\"https:\/\/www.stay22.com\/allez\/roam?aid=lukaskonecny&#038;campaign=loudavymkrokemcz&#038;campaign=sv&#038;campaign=kde-bydlet-v-cartagene&#038;hotelname=Basti%C3%B3n%20Luxury%20Hotel&#038;address=Cartagena%2C%20Kolumbie\" target=\"_blank\" rel=\"nofollow noopener\">\n      <span class=\"lk-stay-badge badge-nature\">\ud83c\udfe8 Hotell<\/span>\n      <div class=\"lk-stay-name\">Basti\u00f3n Luxury Hotel<\/div>\n      <div class=\"lk-stay-desc\">Vackert kolonialt hotell p\u00e5 en lugn gata med takpool och bar. Vacker innerg\u00e5rd som ger svalka under heta eftermiddagar.<\/div>\n      <div class=\"lk-stay-meta\">\n        <span class=\"lk-stay-stars\">\u2605\u2605\u2605\u2605\u2605<\/span>\n        <span class=\"lk-stay-price\">kontrollera priser<\/span>\n      <\/div>\n      <span class=\"lk-stay-cta\">\n        <svg width=\"14\" height=\"14\" viewBox=\"0 0 24 24\" fill=\"none\" stroke=\"currentColor\" stroke-width=\"2\"><path d=\"M18 13v6a2 2 0 0 1-2 2H5a2 2 0 0 1-2-2V8a2 2 0 0 1 2-2h6\"\/><polyline points=\"15 3 21 3 21 9\"\/><line x1=\"10\" y1=\"14\" x2=\"21\" y2=\"3\"\/><\/svg>\n        Kontrollera tillg\u00e4nglighet\n      <\/span>\n    <\/a>\n\n    <a class=\"lk-stay-card\" href=\"https:\/\/www.stay22.com\/allez\/roam?aid=lukaskonecny&#038;campaign=loudavymkrokemcz&#038;campaign=sv&#038;campaign=kde-bydlet-v-cartagene&#038;hotelname=Casa%20Claver%20Loft%20Boutique%20Hotel&#038;address=Cartagena%2C%20Kolumbie\" target=\"_blank\" rel=\"nofollow noopener\">\n      <span class=\"lk-stay-badge badge-nature\">\ud83c\udfe8 Hotell<\/span>\n      <div class=\"lk-stay-name\">Casa Claver Loft Boutique Hotel<\/div>\n      <div class=\"lk-stay-desc\">Unikt koncept med rymliga loft ist\u00e4llet f\u00f6r klassiska rum. Modern minimalistisk design i historisk byggnad med pentry och takpool.<\/div>\n      <div class=\"lk-stay-meta\">\n        <span class=\"lk-stay-stars\">\u2605\u2605\u2605\u2605\u2605<\/span>\n        <span class=\"lk-stay-price\">kontrollera priser<\/span>\n      <\/div>\n      <span class=\"lk-stay-cta\">\n        <svg width=\"14\" height=\"14\" viewBox=\"0 0 24 24\" fill=\"none\" stroke=\"currentColor\" stroke-width=\"2\"><path d=\"M18 13v6a2 2 0 0 1-2 2H5a2 2 0 0 1-2-2V8a2 2 0 0 1 2-2h6\"\/><polyline points=\"15 3 21 3 21 9\"\/><line x1=\"10\" y1=\"14\" x2=\"21\" y2=\"3\"\/><\/svg>\n        Kontrollera tillg\u00e4nglighet\n      <\/span>\n    <\/a>\n\n  <\/div>\n\n  \n<\/div>\n\n\n\n\n<h3 class=\"wp-block-heading\"><span class=\"ez-toc-section\" id=\"10_LUNALA_Hotel_Boutique\"><\/span>10. LUNALA Hotel Boutique<span class=\"ez-toc-section-end\"><\/span><\/h3>\n\n\n\n<p class=\"wp-block-paragraph\"><a href=\"https:\/\/www.stay22.com\/allez\/roam?aid=lukaskonecny&#038;campaign=loudavymkrokemcz&#038;campaign=kde-bydlet-v-cartagene&#038;hotelname=LUNALA%20Hotel%20Boutique&#038;address=Cartagena%2C%20Kolumbie\" target=\"_blank\" rel=\"noopener nofollow sponsored\">LUNALA<\/a> p\u00e5 lugnare Calle 25 \u00e4r visserligen ganska litet, men desto mer f\u00f6rtjusande boutiquehotell (stoltserar med betyget \u26054,8 av 104 recensioner). Just nu har det <strong>det h\u00f6gsta snittbetyget i hela det annars livliga Getseman\u00ed<\/strong>, vilket tydligt vittnar om den otroliga omsorg som \u00e4garna \u00e4gnar varje enskild g\u00e4st. St\u00e4mningen h\u00e4r \u00e4r mer som hemma hos en kompis som verkligen har inrett fint, \u00e4n som en klassisk hotelldrift med en receptionist i kavaj.<\/p>\n\n\n\n<p class=\"wp-block-paragraph\">Alla interi\u00f6rer \u00e4r underbart ljusa, luftiga och fulla av vackra levande v\u00e4xter som tillf\u00f6r energi. <strong>Det finns \u00e4ven en liten men desto mer uppfriskande pool<\/strong> som p\u00e5litligt r\u00e4ddar situationen under tropiska och fuktiga eftermiddagar. Luftkonditioneringen i rummen fungerar helt tillf\u00f6rlitligt och rummen \u00e4r f\u00f6rv\u00e5nansv\u00e4rt v\u00e4l isolerade fr\u00e5n det st\u00e4ndigt n\u00e4rvarande gatulivet.<\/p>\n\n\n\n<p class=\"wp-block-paragraph\">Frukosten serveras h\u00e4r mycket kammarintimt och du kan v\u00e4lja mellan flera nylagade varianter, fr\u00e5n s\u00f6ta pl\u00e4ttar till <strong>salta lokala specialiteter<\/strong>. Personalen tar sig alltid tid f\u00f6r ett kort samtal och rekommenderar g\u00e4rna de <strong>b\u00e4sta dolda kaf\u00e9erna<\/strong> i n\u00e4rheten dit fr\u00e4mst lokalborna g\u00e5r.<\/p>\n\n\n\n<p class=\"wp-block-paragraph\"><strong>\ud83d\udca1 Tips:<\/strong> Det h\u00e4r hotellet \u00e4r en riktigt dold skatt f\u00f6r resen\u00e4rer som vill bo i det billigare och mer autentiska Getseman\u00ed, men som kr\u00e4ver <strong>ett mycket personligt bem\u00f6tande och toppservice<\/strong>. Det l\u00f6nar sig definitivt att boka vistelsen direkt via deras sida med betalning p\u00e5 plats, s\u00e5 att du garanterat sparar de 19 procent IVA som g\u00e4ller utl\u00e4nningar.<\/p>\n\n\n\n<figure data-wp-context=\"{&quot;imageId&quot;:&quot;6a9c404938b91&quot;}\" data-wp-interactive=\"core\/image\" data-wp-key=\"6a9c404938b91\" class=\"wp-block-image size-full wp-lightbox-container\"><img decoding=\"async\" width=\"1600\" height=\"1200\" data-wp-class--hide=\"state.isContentHidden\" data-wp-class--show=\"state.isContentVisible\" data-wp-init=\"callbacks.setButtonStyles\" data-wp-on--click=\"actions.showLightbox\" data-wp-on--load=\"callbacks.setButtonStyles\" data-wp-on--pointerdown=\"actions.preloadImage\" data-wp-on--pointerenter=\"actions.preloadImageWithDelay\" data-wp-on--pointerleave=\"actions.cancelPreload\" data-wp-on-window--resize=\"callbacks.setButtonStyles\" src=\"https:\/\/loudavymkrokem.cz\/wp-content\/uploads\/2026\/09\/los-patios-hostel.jpg\" alt=\"Hotell Los Patios Hostel\" class=\"wp-image-415714\" title=\"\" srcset=\"https:\/\/loudavymkrokem.cz\/wp-content\/uploads\/2026\/09\/los-patios-hostel.jpg 1600w, https:\/\/loudavymkrokem.cz\/wp-content\/uploads\/2026\/09\/los-patios-hostel-300x225.jpg 300w, https:\/\/loudavymkrokem.cz\/wp-content\/uploads\/2026\/09\/los-patios-hostel-700x525.jpg 700w, https:\/\/loudavymkrokem.cz\/wp-content\/uploads\/2026\/09\/los-patios-hostel-768x576.jpg 768w, https:\/\/loudavymkrokem.cz\/wp-content\/uploads\/2026\/09\/los-patios-hostel-1536x1152.jpg 1536w, https:\/\/loudavymkrokem.cz\/wp-content\/uploads\/2026\/09\/los-patios-hostel-80x60.jpg 80w, https:\/\/loudavymkrokem.cz\/wp-content\/uploads\/2026\/09\/los-patios-hostel-160x120.jpg 160w, https:\/\/loudavymkrokem.cz\/wp-content\/uploads\/2026\/09\/los-patios-hostel-696x522.jpg 696w, https:\/\/loudavymkrokem.cz\/wp-content\/uploads\/2026\/09\/los-patios-hostel-1392x1044.jpg 1392w\" sizes=\"(max-width: 1600px) 100vw, 1600px\" \/><button\n\t\t\tclass=\"lightbox-trigger\"\n\t\t\ttype=\"button\"\n\t\t\taria-haspopup=\"dialog\"\n\t\t\tdata-wp-bind--aria-label=\"state.thisImage.triggerButtonAriaLabel\"\n\t\t\tdata-wp-init=\"callbacks.initTriggerButton\"\n\t\t\tdata-wp-on--click=\"actions.showLightbox\"\n\t\t\tdata-wp-style--right=\"state.thisImage.buttonRight\"\n\t\t\tdata-wp-style--top=\"state.thisImage.buttonTop\"\n\t\t>\n\t\t\t<svg xmlns=\"http:\/\/www.w3.org\/2000\/svg\" width=\"12\" height=\"12\" fill=\"none\" viewBox=\"0 0 12 12\">\n\t\t\t\t<path fill=\"#fff\" d=\"M2 0a2 2 0 0 0-2 2v2h1.5V2a.5.5 0 0 1 .5-.5h2V0H2Zm2 10.5H2a.5.5 0 0 1-.5-.5V8H0v2a2 2 0 0 0 2 2h2v-1.5ZM8 12v-1.5h2a.5.5 0 0 0 .5-.5V8H12v2a2 2 0 0 1-2 2H8Zm2-12a2 2 0 0 1 2 2v2h-1.5V2a.5.5 0 0 0-.5-.5H8V0h2Z\" \/>\n\t\t\t<\/svg>\n\t\t<\/button><figcaption class=\"wp-element-caption\">Foto: Guillermo Andres Londo\u00f1o \/ Google Maps<\/figcaption><\/figure>\n\n\n\n<h3 class=\"wp-block-heading\"><span class=\"ez-toc-section\" id=\"11_Los_Patios_Hostel\"><\/span>11. Los Patios Hostel<span class=\"ez-toc-section-end\"><\/span><\/h3>\n\n\n\n<p class=\"wp-block-paragraph\">Detta enorma boendefenomen p\u00e5 Calle 30 h\u00e5ller stadigt titeln som <strong>det b\u00e4st betygsatta vandrarhemmet i hela Cartagena<\/strong> (fantastiska betyget \u26054,7 av 254 recensioner i den nya byggnaden, och totalt har det redan tusentals entusiastiska omd\u00f6men). Det \u00e4r dock l\u00e5ngt ifr\u00e5n bara en bullrig plats f\u00f6r backpackers, f\u00f6r det erbjuder \u00e4ven vackra och rymliga privatrum som absolut kan m\u00e4ta sig med betydligt dyrare boutiquehotell i Centro.<\/p>\n\n\n\n<p class=\"wp-block-paragraph\">Hela hostelkonceptet vilar starkt p\u00e5 gemenskap och st\u00e4ndiga m\u00f6ten med nya m\u00e4nniskor. H\u00e4r hittar du en <strong>h\u00e4rlig v\u00e4lsk\u00f6tt pool, en enorm takterrass och till och med perfekt utrustade coworking-utrymmen<\/strong> f\u00f6r arbetande digitala nomader. \u00d6verallt g\u00e5r luftkonditioneringen f\u00f6r fullt och varje dag h\u00e4nder n\u00e5got: salsakurser, spanska eller kv\u00e4llsgrillning p\u00e5 taket.<\/p>\n\n\n\n<p class=\"wp-block-paragraph\">Lokalerna \u00e4r mycket moderna, rena och man v\u00e4rnar om en <strong>h\u00f6g s\u00e4kerhetsstandard<\/strong>, s\u00e5 du beh\u00f6ver inte oroa dig f\u00f6r dina v\u00e4rdesaker. Hissar och tilltr\u00e4de till v\u00e5ningarna \u00e4r dessutom l\u00f6sta med <strong>nyckelkort<\/strong>, vilket verkligen inte brukar vara standard p\u00e5 vandrarhem.<\/p>\n\n\n\n<p class=\"wp-block-paragraph\"><strong>\ud83d\udca1 Tips:<\/strong> <a href=\"https:\/\/www.stay22.com\/allez\/roam?aid=lukaskonecny&#038;campaign=loudavymkrokemcz&#038;campaign=kde-bydlet-v-cartagene&#038;hotelname=Los%20Patios%20Hostel&#038;address=Cartagena%2C%20Kolumbie\" target=\"_blank\" rel=\"noopener nofollow sponsored\">Los Patios<\/a> \u00e4r ett absolut m\u00e5ste f\u00f6r <strong>soloresen\u00e4rer och folk som aktivt vill l\u00e4ra k\u00e4nna nya m\u00e4nniskor under semestern<\/strong>. \u00c4ven om du bor i ett dyrt privatrum har du obegr\u00e4nsad tillg\u00e5ng till alla sociala aktiviteter. F\u00f6r vegetarianer \u00e4r dessutom det n\u00e4rliggande utm\u00e4rkta bistrot El Bolol\u00f3 eller det ber\u00f6mda st\u00e4llet Sambal en enorm f\u00f6rdel, d\u00e4r du \u00e4ter riktigt gott och k\u00f6ttfritt.<\/p>\n\n\n\n<figure data-wp-context=\"{&quot;imageId&quot;:&quot;6a9c40493938d&quot;}\" data-wp-interactive=\"core\/image\" data-wp-key=\"6a9c40493938d\" class=\"wp-block-image size-full wp-lightbox-container\"><img decoding=\"async\" width=\"1600\" height=\"667\" data-wp-class--hide=\"state.isContentHidden\" data-wp-class--show=\"state.isContentVisible\" data-wp-init=\"callbacks.setButtonStyles\" data-wp-on--click=\"actions.showLightbox\" data-wp-on--load=\"callbacks.setButtonStyles\" data-wp-on--pointerdown=\"actions.preloadImage\" data-wp-on--pointerenter=\"actions.preloadImageWithDelay\" data-wp-on--pointerleave=\"actions.cancelPreload\" data-wp-on-window--resize=\"callbacks.setButtonStyles\" src=\"https:\/\/loudavymkrokem.cz\/wp-content\/uploads\/2026\/09\/estelar-cartagena-de-indias-hotel-centro-de-conv.jpg\" alt=\"Hotell ESTELAR Cartagena de Indias Hotel &#038; Centro de Convenciones\" class=\"wp-image-415717\" title=\"\" srcset=\"https:\/\/loudavymkrokem.cz\/wp-content\/uploads\/2026\/09\/estelar-cartagena-de-indias-hotel-centro-de-conv.jpg 1600w, https:\/\/loudavymkrokem.cz\/wp-content\/uploads\/2026\/09\/estelar-cartagena-de-indias-hotel-centro-de-conv-300x125.jpg 300w, https:\/\/loudavymkrokem.cz\/wp-content\/uploads\/2026\/09\/estelar-cartagena-de-indias-hotel-centro-de-conv-700x292.jpg 700w, https:\/\/loudavymkrokem.cz\/wp-content\/uploads\/2026\/09\/estelar-cartagena-de-indias-hotel-centro-de-conv-768x320.jpg 768w, https:\/\/loudavymkrokem.cz\/wp-content\/uploads\/2026\/09\/estelar-cartagena-de-indias-hotel-centro-de-conv-1536x640.jpg 1536w, https:\/\/loudavymkrokem.cz\/wp-content\/uploads\/2026\/09\/estelar-cartagena-de-indias-hotel-centro-de-conv-696x290.jpg 696w, https:\/\/loudavymkrokem.cz\/wp-content\/uploads\/2026\/09\/estelar-cartagena-de-indias-hotel-centro-de-conv-1392x580.jpg 1392w\" sizes=\"(max-width: 1600px) 100vw, 1600px\" \/><button\n\t\t\tclass=\"lightbox-trigger\"\n\t\t\ttype=\"button\"\n\t\t\taria-haspopup=\"dialog\"\n\t\t\tdata-wp-bind--aria-label=\"state.thisImage.triggerButtonAriaLabel\"\n\t\t\tdata-wp-init=\"callbacks.initTriggerButton\"\n\t\t\tdata-wp-on--click=\"actions.showLightbox\"\n\t\t\tdata-wp-style--right=\"state.thisImage.buttonRight\"\n\t\t\tdata-wp-style--top=\"state.thisImage.buttonTop\"\n\t\t>\n\t\t\t<svg xmlns=\"http:\/\/www.w3.org\/2000\/svg\" width=\"12\" height=\"12\" fill=\"none\" viewBox=\"0 0 12 12\">\n\t\t\t\t<path fill=\"#fff\" d=\"M2 0a2 2 0 0 0-2 2v2h1.5V2a.5.5 0 0 1 .5-.5h2V0H2Zm2 10.5H2a.5.5 0 0 1-.5-.5V8H0v2a2 2 0 0 0 2 2h2v-1.5ZM8 12v-1.5h2a.5.5 0 0 0 .5-.5V8H12v2a2 2 0 0 1-2 2H8Zm2-12a2 2 0 0 1 2 2v2h-1.5V2a.5.5 0 0 0-.5-.5H8V0h2Z\" \/>\n\t\t\t<\/svg>\n\t\t<\/button><figcaption class=\"wp-element-caption\">Foto: ESTELAR Cartagena de Indias Hotel &#038; Centro de Convenciones \/ Google Maps<\/figcaption><\/figure>\n\n\n\n<h3 class=\"wp-block-heading\"><span class=\"ez-toc-section\" id=\"12_ESTELAR_Cartagena_de_Indias_Hotel_Centro_de_Convenciones\"><\/span>12. ESTELAR Cartagena de Indias Hotel &#038; Centro de Convenciones<span class=\"ez-toc-section-end\"><\/span><\/h3>\n\n\n\n<p class=\"wp-block-paragraph\">Nu flyttar vi oss till det moderna h\u00f6ghuskvarteret Bocagrande p\u00e5 lyxiga Carrera 1. Denna skyskrapa i glas har <strong>allra flest recensioner av alla hotell i staden och h\u00e5ller samtidigt det h\u00f6gsta betyget bland de stora resorterna<\/strong> (betyg \u26054,8 av h\u00e4pnadsv\u00e4ckande 10 269 recensioner). Det \u00e4r ett enormt modernt kolossbygge som erbjuder h\u00f6g europeisk lyxstandard med allt som h\u00f6r till.<\/p>\n\n\n\n<p class=\"wp-block-paragraph\">Byggnadens absolut st\u00f6rsta attraktion \u00e4r den <strong>ber\u00f6mda 51 Sky Bar h\u00f6gst upp p\u00e5 \u00f6versta v\u00e5ningen<\/strong>, som i sig sj\u00e4lv samlar tusentals fina recensioner p\u00e5 n\u00e4tet (betyg \u26054,2). Den bjuder p\u00e5 h\u00e4nf\u00f6rande och helt ost\u00f6rda panoramautsikter \u00f6ver hela staden och viken. Hotellet har flera enorma pooler, ett toppmodernt gym och rum med gigantiska glasv\u00e4ggar fr\u00e5n golv till tak.<\/p>\n\n\n\n<p class=\"wp-block-paragraph\">Rummen \u00e4r extra stora och tack vare byggnadens h\u00f6jd n\u00e5r absolut <strong>inget gatuljud<\/strong> fram till dem. Frukosten serveras i form av gigantiska buff\u00e9er d\u00e4r absolut alla hittar n\u00e5got, inklusive massor av <strong>glutenfria och vegetariska varianter<\/strong>.<\/p>\n\n\n\n<p class=\"wp-block-paragraph\"><strong>\ud83d\udca1 Tips:<\/strong> <a href=\"https:\/\/www.stay22.com\/allez\/roam?aid=lukaskonecny&#038;campaign=loudavymkrokemcz&#038;campaign=kde-bydlet-v-cartagene&#038;hotelname=ESTELAR%20Cartagena%20de%20Indias%20Hotel%20%26%20Centro%20de%20Convenciones&#038;address=Cartagena%2C%20Kolumbie\" target=\"_blank\" rel=\"noopener nofollow sponsored\">ESTELAR<\/a> \u00e4r ett perfekt val f\u00f6r resen\u00e4rer som \u00e4lskar <strong>modern arkitektur och en bekymmersfri resortsemester<\/strong>. Men se upp: \u00e4ven om hotellet ligger n\u00e4ra stranden \u00e4r vattnet i Bocagrande grumligt och brunt, s\u00e5 du kommer troligen att bada mest i hotellpoolerna hela tiden.<\/p>\n\n\n\n<figure data-wp-context=\"{&quot;imageId&quot;:&quot;6a9c404939a09&quot;}\" data-wp-interactive=\"core\/image\" data-wp-key=\"6a9c404939a09\" class=\"wp-block-image size-full wp-lightbox-container\"><img decoding=\"async\" width=\"1600\" height=\"1066\" data-wp-class--hide=\"state.isContentHidden\" data-wp-class--show=\"state.isContentVisible\" data-wp-init=\"callbacks.setButtonStyles\" data-wp-on--click=\"actions.showLightbox\" data-wp-on--load=\"callbacks.setButtonStyles\" data-wp-on--pointerdown=\"actions.preloadImage\" data-wp-on--pointerenter=\"actions.preloadImageWithDelay\" data-wp-on--pointerleave=\"actions.cancelPreload\" data-wp-on-window--resize=\"callbacks.setButtonStyles\" src=\"https:\/\/loudavymkrokem.cz\/wp-content\/uploads\/2026\/09\/intercontinental-cartagena-de-indias.jpg\" alt=\"Hotell InterContinental Cartagena de Indias\" class=\"wp-image-415718\" title=\"\" srcset=\"https:\/\/loudavymkrokem.cz\/wp-content\/uploads\/2026\/09\/intercontinental-cartagena-de-indias.jpg 1600w, https:\/\/loudavymkrokem.cz\/wp-content\/uploads\/2026\/09\/intercontinental-cartagena-de-indias-300x200.jpg 300w, https:\/\/loudavymkrokem.cz\/wp-content\/uploads\/2026\/09\/intercontinental-cartagena-de-indias-700x466.jpg 700w, https:\/\/loudavymkrokem.cz\/wp-content\/uploads\/2026\/09\/intercontinental-cartagena-de-indias-768x512.jpg 768w, https:\/\/loudavymkrokem.cz\/wp-content\/uploads\/2026\/09\/intercontinental-cartagena-de-indias-1536x1023.jpg 1536w, https:\/\/loudavymkrokem.cz\/wp-content\/uploads\/2026\/09\/intercontinental-cartagena-de-indias-696x464.jpg 696w, https:\/\/loudavymkrokem.cz\/wp-content\/uploads\/2026\/09\/intercontinental-cartagena-de-indias-1392x927.jpg 1392w\" sizes=\"(max-width: 1600px) 100vw, 1600px\" \/><button\n\t\t\tclass=\"lightbox-trigger\"\n\t\t\ttype=\"button\"\n\t\t\taria-haspopup=\"dialog\"\n\t\t\tdata-wp-bind--aria-label=\"state.thisImage.triggerButtonAriaLabel\"\n\t\t\tdata-wp-init=\"callbacks.initTriggerButton\"\n\t\t\tdata-wp-on--click=\"actions.showLightbox\"\n\t\t\tdata-wp-style--right=\"state.thisImage.buttonRight\"\n\t\t\tdata-wp-style--top=\"state.thisImage.buttonTop\"\n\t\t>\n\t\t\t<svg xmlns=\"http:\/\/www.w3.org\/2000\/svg\" width=\"12\" height=\"12\" fill=\"none\" viewBox=\"0 0 12 12\">\n\t\t\t\t<path fill=\"#fff\" d=\"M2 0a2 2 0 0 0-2 2v2h1.5V2a.5.5 0 0 1 .5-.5h2V0H2Zm2 10.5H2a.5.5 0 0 1-.5-.5V8H0v2a2 2 0 0 0 2 2h2v-1.5ZM8 12v-1.5h2a.5.5 0 0 0 .5-.5V8H12v2a2 2 0 0 1-2 2H8Zm2-12a2 2 0 0 1 2 2v2h-1.5V2a.5.5 0 0 0-.5-.5H8V0h2Z\" \/>\n\t\t\t<\/svg>\n\t\t<\/button><figcaption class=\"wp-element-caption\">Foto: InterContinental Cartagena de Indias by IHG \/ Google Maps<\/figcaption><\/figure>\n\n\n\n<h3 class=\"wp-block-heading\"><span class=\"ez-toc-section\" id=\"13_InterContinental_Cartagena_de_Indias\"><\/span>13. InterContinental Cartagena de Indias<span class=\"ez-toc-section-end\"><\/span><\/h3>\n\n\n\n<p class=\"wp-block-paragraph\">Precis i omedelbar n\u00e4rhet p\u00e5 livliga Carrera 1 st\u00e5r denna enorma femstj\u00e4rniga koloss (betyg \u26054,7 av 8 200 recensioner). Varum\u00e4rket <a href=\"https:\/\/www.stay22.com\/allez\/roam?aid=lukaskonecny&#038;campaign=loudavymkrokemcz&#038;campaign=kde-bydlet-v-cartagene&#038;hotelname=InterContinental%20Cartagena%20de%20Indias&#038;address=Cartagena%2C%20Kolumbie\" target=\"_blank\" rel=\"noopener nofollow sponsored\">InterContinental<\/a> garanterar <strong>absolut internationell standard och trygghet att allt fungerar precis som det ska<\/strong>, utan n\u00e5gra karibiska f\u00f6rvecklingar. Det \u00e4r en enorm och mycket v\u00e4lsk\u00f6tt byggnad som ligger direkt vid den stora strandpromenaden.<\/p>\n\n\n\n<p class=\"wp-block-paragraph\">Boende g\u00e4ster \u00e4lskar framf\u00f6r allt den <strong>vidstr\u00e4ckta poolterrassen med fantastisk havsutsikt<\/strong>, d\u00e4r den tillm\u00f6tesg\u00e5ende personalen oavbrutet serverar kylda drycker direkt till solstolarna. Rummen har kompromissl\u00f6st kraftig luftkonditionering, enorma marmorbadrum och extremt bekv\u00e4ma king size-s\u00e4ngar. Morgonbuff\u00e9n tar man tydligen p\u00e5 allvar h\u00e4r, att d\u00f6ma av hur m\u00e5nga g\u00e4ster som n\u00e4mner den i recensionerna som en av anledningarna till att de \u00e5terv\u00e4nder.<\/p>\n\n\n\n<p class=\"wp-block-paragraph\">Hotellet \u00e4r ocks\u00e5 v\u00e4l f\u00f6rberett f\u00f6r <strong>aff\u00e4rsresor<\/strong> och har ett stort business center. I omgivningen finns dessutom stora moderna <strong>luftkonditionerade k\u00f6pcentrum<\/strong> d\u00e4r du kan g\u00f6mma dig n\u00e4r middagshettan p\u00e5 stranden blir f\u00f6r intensiv.<\/p>\n\n\n\n<p class=\"wp-block-paragraph\"><strong>\ud83d\udca1 Tips:<\/strong> Detta hotell v\u00e4ljs ofta och mycket g\u00e4rna av <strong>barnfamiljer och resen\u00e4rer vana vid hundraprocentigt h\u00f6g internationell standard<\/strong>. Vid den avslutande utcheckningen b\u00f6r du dock studera den flersidiga notan noga, f\u00f6r hos de stora globala kedjorna h\u00e4nder det ibland att bokningssystemet inte automatiskt tar bort colombiansk IVA f\u00f6r turister och att du aktivt m\u00e5ste beg\u00e4ra det.<\/p>\n\n\n\n<figure data-wp-context=\"{&quot;imageId&quot;:&quot;6a9c40493a001&quot;}\" data-wp-interactive=\"core\/image\" data-wp-key=\"6a9c40493a001\" class=\"wp-block-image size-full wp-lightbox-container\"><img decoding=\"async\" width=\"1600\" height=\"900\" data-wp-class--hide=\"state.isContentHidden\" data-wp-class--show=\"state.isContentVisible\" data-wp-init=\"callbacks.setButtonStyles\" data-wp-on--click=\"actions.showLightbox\" data-wp-on--load=\"callbacks.setButtonStyles\" data-wp-on--pointerdown=\"actions.preloadImage\" data-wp-on--pointerenter=\"actions.preloadImageWithDelay\" data-wp-on--pointerleave=\"actions.cancelPreload\" data-wp-on-window--resize=\"callbacks.setButtonStyles\" src=\"https:\/\/loudavymkrokem.cz\/wp-content\/uploads\/2026\/09\/hotel-caribe-by-faranda-grand.jpg\" alt=\"Hotell Hotel Caribe by Faranda Grand\" class=\"wp-image-415720\" title=\"\" srcset=\"https:\/\/loudavymkrokem.cz\/wp-content\/uploads\/2026\/09\/hotel-caribe-by-faranda-grand.jpg 1600w, https:\/\/loudavymkrokem.cz\/wp-content\/uploads\/2026\/09\/hotel-caribe-by-faranda-grand-300x169.jpg 300w, https:\/\/loudavymkrokem.cz\/wp-content\/uploads\/2026\/09\/hotel-caribe-by-faranda-grand-700x394.jpg 700w, https:\/\/loudavymkrokem.cz\/wp-content\/uploads\/2026\/09\/hotel-caribe-by-faranda-grand-768x432.jpg 768w, https:\/\/loudavymkrokem.cz\/wp-content\/uploads\/2026\/09\/hotel-caribe-by-faranda-grand-1536x864.jpg 1536w, https:\/\/loudavymkrokem.cz\/wp-content\/uploads\/2026\/09\/hotel-caribe-by-faranda-grand-696x392.jpg 696w, https:\/\/loudavymkrokem.cz\/wp-content\/uploads\/2026\/09\/hotel-caribe-by-faranda-grand-1392x783.jpg 1392w\" sizes=\"(max-width: 1600px) 100vw, 1600px\" \/><button\n\t\t\tclass=\"lightbox-trigger\"\n\t\t\ttype=\"button\"\n\t\t\taria-haspopup=\"dialog\"\n\t\t\tdata-wp-bind--aria-label=\"state.thisImage.triggerButtonAriaLabel\"\n\t\t\tdata-wp-init=\"callbacks.initTriggerButton\"\n\t\t\tdata-wp-on--click=\"actions.showLightbox\"\n\t\t\tdata-wp-style--right=\"state.thisImage.buttonRight\"\n\t\t\tdata-wp-style--top=\"state.thisImage.buttonTop\"\n\t\t>\n\t\t\t<svg xmlns=\"http:\/\/www.w3.org\/2000\/svg\" width=\"12\" height=\"12\" fill=\"none\" viewBox=\"0 0 12 12\">\n\t\t\t\t<path fill=\"#fff\" d=\"M2 0a2 2 0 0 0-2 2v2h1.5V2a.5.5 0 0 1 .5-.5h2V0H2Zm2 10.5H2a.5.5 0 0 1-.5-.5V8H0v2a2 2 0 0 0 2 2h2v-1.5ZM8 12v-1.5h2a.5.5 0 0 0 .5-.5V8H12v2a2 2 0 0 1-2 2H8Zm2-12a2 2 0 0 1 2 2v2h-1.5V2a.5.5 0 0 0-.5-.5H8V0h2Z\" \/>\n\t\t\t<\/svg>\n\t\t<\/button><figcaption class=\"wp-element-caption\">Foto: Hotel Caribe by Faranda Grand, a member of Radisson Individuals \/ Google Maps<\/figcaption><\/figure>\n\n\n\n<h3 class=\"wp-block-heading\"><span class=\"ez-toc-section\" id=\"14_Hotel_Caribe_by_Faranda_Grand\"><\/span>14. Hotel Caribe by Faranda Grand<span class=\"ez-toc-section-end\"><\/span><\/h3>\n\n\n\n<p class=\"wp-block-paragraph\">Detta visuellt ikoniska hotell i <strong>kvarteret Bocagrande<\/strong> \u00e4r ett vackert undantag bland de omkringliggande skyskraporna i glas (betyg \u26054,6 av 6 725 recensioner). Lokalborna kallar det vanligtvis f\u00f6r &#8221;Cartagenas gamla dam&#8221;, eftersom det byggdes redan 1945 och bevarat sin enorma och oefterh\u00e4rmliga <strong>charm av historiska karibiska resorter<\/strong> som du k\u00e4nner igen fr\u00e5n gamla filmer.<\/p>\n\n\n\n<p class=\"wp-block-paragraph\">I st\u00e4llet f\u00f6r snabba hissar till femtionde v\u00e5ningen hittar du h\u00e4r <strong>underbara vidstr\u00e4ckta tropiska tr\u00e4dg\u00e5rdar d\u00e4r f\u00e4rgglada papegojor flyger fritt omkring<\/strong>, samt sj\u00e4lva den \u00e4ldsta swimmingpoolen i hela Cartagena. Alla rum \u00e4r lyckligtvis numera renoverade, utrustade med modern och tyst luftkonditionering, men beh\u00e5ller fortfarande omsorgsfullt sin gammaldags och mycket romantiska charm.<\/p>\n\n\n\n<p class=\"wp-block-paragraph\">Anl\u00e4ggningen \u00e4r s\u00e5 enorm att g\u00e4sterna sprids ut vackert och att du <strong>aldrig k\u00e4nner dig tr\u00e4ngd<\/strong>. En del av resorten \u00e4r ocks\u00e5 flera restauranger d\u00e4r du kan smaka p\u00e5 <strong>traditionella colombianska r\u00e4tter<\/strong> i lyxigare utf\u00f6rande, inklusive utm\u00e4rkta vegetariska varianter med ris och b\u00f6nor.<\/p>\n\n\n\n<p class=\"wp-block-paragraph\"><strong>\ud83d\udca1 Tips:<\/strong> <a href=\"https:\/\/www.stay22.com\/allez\/roam?aid=lukaskonecny&#038;campaign=loudavymkrokemcz&#038;campaign=kde-bydlet-v-cartagene&#038;hotelname=Hotel%20Caribe%20by%20Faranda%20Grand&#038;address=Cartagena%2C%20Kolumbie\" target=\"_blank\" rel=\"nofollow noopener sponsored\">Hotel Caribe<\/a> \u00e4r visuellt helt underbart och <strong>idealiskt f\u00f6r resen\u00e4rer som vill bo i praktiska Bocagrande men inte gillar sterila moderna h\u00f6ghus<\/strong>. In till det historiska centrumet fullt av sev\u00e4rdheter \u00e4r det h\u00e4rifr\u00e5n ungef\u00e4r tio minuter med en vanlig taxi, vilket \u00e4r en utm\u00e4rkt kompromiss.<\/p>\n\n\n\n<figure data-wp-context=\"{&quot;imageId&quot;:&quot;6a9c40493a670&quot;}\" data-wp-interactive=\"core\/image\" data-wp-key=\"6a9c40493a670\" class=\"wp-block-image size-full wp-lightbox-container\"><img decoding=\"async\" width=\"1600\" height=\"1065\" data-wp-class--hide=\"state.isContentHidden\" data-wp-class--show=\"state.isContentVisible\" data-wp-init=\"callbacks.setButtonStyles\" data-wp-on--click=\"actions.showLightbox\" data-wp-on--load=\"callbacks.setButtonStyles\" data-wp-on--pointerdown=\"actions.preloadImage\" data-wp-on--pointerenter=\"actions.preloadImageWithDelay\" data-wp-on--pointerleave=\"actions.cancelPreload\" data-wp-on-window--resize=\"callbacks.setButtonStyles\" src=\"https:\/\/loudavymkrokem.cz\/wp-content\/uploads\/2026\/09\/hyatt-regency-cartagena.jpg\" alt=\"Hotell Hyatt Regency Cartagena\" class=\"wp-image-415722\" title=\"\" srcset=\"https:\/\/loudavymkrokem.cz\/wp-content\/uploads\/2026\/09\/hyatt-regency-cartagena.jpg 1600w, https:\/\/loudavymkrokem.cz\/wp-content\/uploads\/2026\/09\/hyatt-regency-cartagena-300x200.jpg 300w, https:\/\/loudavymkrokem.cz\/wp-content\/uploads\/2026\/09\/hyatt-regency-cartagena-700x466.jpg 700w, https:\/\/loudavymkrokem.cz\/wp-content\/uploads\/2026\/09\/hyatt-regency-cartagena-768x511.jpg 768w, https:\/\/loudavymkrokem.cz\/wp-content\/uploads\/2026\/09\/hyatt-regency-cartagena-1536x1022.jpg 1536w, https:\/\/loudavymkrokem.cz\/wp-content\/uploads\/2026\/09\/hyatt-regency-cartagena-696x463.jpg 696w, https:\/\/loudavymkrokem.cz\/wp-content\/uploads\/2026\/09\/hyatt-regency-cartagena-1392x927.jpg 1392w\" sizes=\"(max-width: 1600px) 100vw, 1600px\" \/><button\n\t\t\tclass=\"lightbox-trigger\"\n\t\t\ttype=\"button\"\n\t\t\taria-haspopup=\"dialog\"\n\t\t\tdata-wp-bind--aria-label=\"state.thisImage.triggerButtonAriaLabel\"\n\t\t\tdata-wp-init=\"callbacks.initTriggerButton\"\n\t\t\tdata-wp-on--click=\"actions.showLightbox\"\n\t\t\tdata-wp-style--right=\"state.thisImage.buttonRight\"\n\t\t\tdata-wp-style--top=\"state.thisImage.buttonTop\"\n\t\t>\n\t\t\t<svg xmlns=\"http:\/\/www.w3.org\/2000\/svg\" width=\"12\" height=\"12\" fill=\"none\" viewBox=\"0 0 12 12\">\n\t\t\t\t<path fill=\"#fff\" d=\"M2 0a2 2 0 0 0-2 2v2h1.5V2a.5.5 0 0 1 .5-.5h2V0H2Zm2 10.5H2a.5.5 0 0 1-.5-.5V8H0v2a2 2 0 0 0 2 2h2v-1.5ZM8 12v-1.5h2a.5.5 0 0 0 .5-.5V8H12v2a2 2 0 0 1-2 2H8Zm2-12a2 2 0 0 1 2 2v2h-1.5V2a.5.5 0 0 0-.5-.5H8V0h2Z\" \/>\n\t\t\t<\/svg>\n\t\t<\/button><figcaption class=\"wp-element-caption\">Foto: Hyatt Regency Cartagena \/ Google Maps<\/figcaption><\/figure>\n\n\n\n<h3 class=\"wp-block-heading\"><span class=\"ez-toc-section\" id=\"15_Hyatt_Regency_Cartagena\"><\/span>15. Hyatt Regency Cartagena<span class=\"ez-toc-section-end\"><\/span><\/h3>\n\n\n\n<p class=\"wp-block-paragraph\">Detta arkitektoniskt enast\u00e5ende hotell ligger p\u00e5 ett mycket strategiskt gr\u00e4nsl\u00e4ge mellan det historiska Getseman\u00ed och moderna Bocagrande (utm\u00e4rkt betyg \u26054,7 av 4 659 recensioner). Tack vare detta unika l\u00e4ge f\u00e5r du p\u00e5 semestern det b\u00e4sta av tv\u00e5 v\u00e4rldar: <strong>du \u00e4r bara en kort promenad fr\u00e5n de historiska murarna, men samtidigt njuter du av all lyx som en enorm modern resort ger<\/strong>.<\/p>\n\n\n\n<p class=\"wp-block-paragraph\">Hela hotellets st\u00f6rsta stolthet och dragpl\u00e5ster \u00e4r dess <strong>underbara kaskadformade infinitypooler som erbjuder utsikt \u00f6ver b\u00e5de gamla stan och viken samtidigt<\/strong>. De \u00e4r f\u00f6rmodligen de allra vackraste moderna poolerna i hela Cartagena, d\u00e4r g\u00e4sterna tillbringar hela dagar. Rummen \u00e4r badade i ljus fr\u00e5n morgon till kv\u00e4ll och har felfritt fungerande luftkonditioneringssystem som inte st\u00f6r dig om natten.<\/p>\n\n\n\n<p class=\"wp-block-paragraph\">F\u00f6rutom poolerna erbjuder hotellet ocks\u00e5 ett enormt och toppmodernt <strong>gym med utsikt<\/strong> \u00f6ver havet och ett lyxigt spa, d\u00e4r du efter en dag p\u00e5 de heta gatorna kan vila underbart. Personalen <strong>talar perfekt engelska<\/strong>, vilket inte alltid \u00e4r en sj\u00e4lvklarhet i Colombia.<\/p>\n\n\n\n<p class=\"wp-block-paragraph\"><strong>\ud83d\udca1 Tips:<\/strong> <a href=\"https:\/\/www.stay22.com\/allez\/roam?aid=lukaskonecny&#038;campaign=loudavymkrokemcz&#038;campaign=kde-bydlet-v-cartagene&#038;hotelname=Hyatt%20Regency%20Cartagena&#038;address=Cartagena%2C%20Kolumbie\" target=\"_blank\" rel=\"noopener nofollow sponsored\">Hyatt<\/a> \u00e4r helt utm\u00e4rkt f\u00f6r resen\u00e4rer som vill <strong>tillbringa dagarna bekv\u00e4mt vid poolen med en iskall cocktail i handen, men p\u00e5 kv\u00e4llen vill promenera till en god middag i livliga Getseman\u00ed<\/strong>. Gl\u00f6m inte att vid ankomsten noggrant kontrollera att receptionisten kopierat din PIP-5-inresest\u00e4mpel f\u00f6r befrielse fr\u00e5n hotellskatten.<\/p>\n\n\n\n<figure data-wp-context=\"{&quot;imageId&quot;:&quot;6a9c40493aec1&quot;}\" data-wp-interactive=\"core\/image\" data-wp-key=\"6a9c40493aec1\" class=\"wp-block-image size-full wp-lightbox-container\"><img decoding=\"async\" width=\"1600\" height=\"1067\" data-wp-class--hide=\"state.isContentHidden\" data-wp-class--show=\"state.isContentVisible\" data-wp-init=\"callbacks.setButtonStyles\" data-wp-on--click=\"actions.showLightbox\" data-wp-on--load=\"callbacks.setButtonStyles\" data-wp-on--pointerdown=\"actions.preloadImage\" data-wp-on--pointerenter=\"actions.preloadImageWithDelay\" data-wp-on--pointerleave=\"actions.cancelPreload\" data-wp-on-window--resize=\"callbacks.setButtonStyles\" src=\"https:\/\/loudavymkrokem.cz\/wp-content\/uploads\/2026\/09\/hotel-capilla-del-mar.jpg\" alt=\"Hotell Hotel Capilla del Mar\" class=\"wp-image-415725\" title=\"\" srcset=\"https:\/\/loudavymkrokem.cz\/wp-content\/uploads\/2026\/09\/hotel-capilla-del-mar.jpg 1600w, https:\/\/loudavymkrokem.cz\/wp-content\/uploads\/2026\/09\/hotel-capilla-del-mar-300x200.jpg 300w, https:\/\/loudavymkrokem.cz\/wp-content\/uploads\/2026\/09\/hotel-capilla-del-mar-700x467.jpg 700w, https:\/\/loudavymkrokem.cz\/wp-content\/uploads\/2026\/09\/hotel-capilla-del-mar-768x512.jpg 768w, https:\/\/loudavymkrokem.cz\/wp-content\/uploads\/2026\/09\/hotel-capilla-del-mar-1536x1024.jpg 1536w, https:\/\/loudavymkrokem.cz\/wp-content\/uploads\/2026\/09\/hotel-capilla-del-mar-696x464.jpg 696w, https:\/\/loudavymkrokem.cz\/wp-content\/uploads\/2026\/09\/hotel-capilla-del-mar-1392x928.jpg 1392w\" sizes=\"(max-width: 1600px) 100vw, 1600px\" \/><button\n\t\t\tclass=\"lightbox-trigger\"\n\t\t\ttype=\"button\"\n\t\t\taria-haspopup=\"dialog\"\n\t\t\tdata-wp-bind--aria-label=\"state.thisImage.triggerButtonAriaLabel\"\n\t\t\tdata-wp-init=\"callbacks.initTriggerButton\"\n\t\t\tdata-wp-on--click=\"actions.showLightbox\"\n\t\t\tdata-wp-style--right=\"state.thisImage.buttonRight\"\n\t\t\tdata-wp-style--top=\"state.thisImage.buttonTop\"\n\t\t>\n\t\t\t<svg xmlns=\"http:\/\/www.w3.org\/2000\/svg\" width=\"12\" height=\"12\" fill=\"none\" viewBox=\"0 0 12 12\">\n\t\t\t\t<path fill=\"#fff\" d=\"M2 0a2 2 0 0 0-2 2v2h1.5V2a.5.5 0 0 1 .5-.5h2V0H2Zm2 10.5H2a.5.5 0 0 1-.5-.5V8H0v2a2 2 0 0 0 2 2h2v-1.5ZM8 12v-1.5h2a.5.5 0 0 0 .5-.5V8H12v2a2 2 0 0 1-2 2H8Zm2-12a2 2 0 0 1 2 2v2h-1.5V2a.5.5 0 0 0-.5-.5H8V0h2Z\" \/>\n\t\t\t<\/svg>\n\t\t<\/button><figcaption class=\"wp-element-caption\">Foto: Hotel Capilla del Mar \/ Google Maps<\/figcaption><\/figure>\n\n\n\n<h3 class=\"wp-block-heading\"><span class=\"ez-toc-section\" id=\"16_Hotel_Capilla_del_Mar\"><\/span>16. Hotel Capilla del Mar<span class=\"ez-toc-section-end\"><\/span><\/h3>\n\n\n\n<p class=\"wp-block-paragraph\">Detta mycket traditionella och sedan l\u00e4nge popul\u00e4ra hotell ligger mitt i hj\u00e4rtat av kvarteret Bocagrande (betyg \u26054,5 av 6 055 recensioner). Det h\u00f6r snarare till de \u00e4ldre men desto b\u00e4ttre sk\u00f6tta stora hotellen i mellan- och \u00f6vre klass med utm\u00e4rkt service. Det <strong>\u00e4r ett helt gediget pris\/kvalitetsf\u00f6rh\u00e5llande<\/strong> f\u00f6r g\u00e4ster som vill ha full hotellservice n\u00e4ra kusten men inte beh\u00f6ver betala f\u00f6r femstj\u00e4rnig lyx.<\/p>\n\n\n\n<p class=\"wp-block-paragraph\">P\u00e5 taket av denna h\u00f6ga byggnad hittar du en <strong>vacker och rymlig pool omgiven av solstolar, varifr\u00e5n du har fantastisk utsikt \u00f6ver kv\u00e4llens solnedg\u00e5ng<\/strong> \u00f6ver havet. Luftkonditioneringen i alla rum g\u00e5r f\u00f6r fullt, vilket \u00e4r avg\u00f6rande i det lokala klimatet, och personalen \u00e4r otroligt trevlig och hj\u00e4lpsam. I hotellets omedelbara n\u00e4rhet finns massor av luftkonditionerade k\u00f6pcentrum, apotek och utm\u00e4rkta restauranger.<\/p>\n\n\n\n<p class=\"wp-block-paragraph\">Frukosten \u00e4r mycket rej\u00e4l och inriktad mycket p\u00e5 lokala smaker, s\u00e5 du kan h\u00e4r utan problem njuta av <strong>utm\u00e4rkta colombianska arepas<\/strong> eller f\u00e4rska exotiska juicer. Rummen p\u00e5 de h\u00f6gre v\u00e5ningarna erbjuder dessutom en magnifik <strong>utsikt \u00f6ver hela viken<\/strong>.<\/p>\n\n\n\n<p class=\"wp-block-paragraph\"><strong>\ud83d\udca1 Tips:<\/strong> <a href=\"https:\/\/www.stay22.com\/allez\/roam?aid=lukaskonecny&#038;campaign=loudavymkrokemcz&#038;campaign=kde-bydlet-v-cartagene&#038;hotelname=Hotel%20Capilla%20del%20Mar&#038;address=Cartagena%2C%20Kolumbie\" target=\"_blank\" rel=\"noopener nofollow sponsored\">Capilla del Mar<\/a> \u00e4r ett <strong>mycket popul\u00e4rt val bland colombianska familjer sj\u00e4lva p\u00e5 semester<\/strong>. Om du vill uppleva en autentisk lokal karibisk atmosf\u00e4r i ett modernt kvarter \u00e4r det ett utm\u00e4rkt val. Ha dock i \u00e5tanke att du f\u00f6r att bada i verkligt kristallklart hav m\u00e5ste ta b\u00e5ten fr\u00e5n Bocagrande ut till \u00f6arna.<\/p>\n\n\n\n<figure data-wp-context=\"{&quot;imageId&quot;:&quot;6a9c40493b770&quot;}\" data-wp-interactive=\"core\/image\" data-wp-key=\"6a9c40493b770\" class=\"wp-block-image size-full wp-lightbox-container\"><img decoding=\"async\" width=\"1600\" height=\"2133\" data-wp-class--hide=\"state.isContentHidden\" data-wp-class--show=\"state.isContentVisible\" data-wp-init=\"callbacks.setButtonStyles\" data-wp-on--click=\"actions.showLightbox\" data-wp-on--load=\"callbacks.setButtonStyles\" data-wp-on--pointerdown=\"actions.preloadImage\" data-wp-on--pointerenter=\"actions.preloadImageWithDelay\" data-wp-on--pointerleave=\"actions.cancelPreload\" data-wp-on-window--resize=\"callbacks.setButtonStyles\" src=\"https:\/\/loudavymkrokem.cz\/wp-content\/uploads\/2026\/09\/hotel-carey-beach-bar.jpg\" alt=\"Hotell Hotel Carey Beach Bar\u00fa\" class=\"wp-image-415728\" title=\"\" srcset=\"https:\/\/loudavymkrokem.cz\/wp-content\/uploads\/2026\/09\/hotel-carey-beach-bar.jpg 1600w, https:\/\/loudavymkrokem.cz\/wp-content\/uploads\/2026\/09\/hotel-carey-beach-bar-225x300.jpg 225w, https:\/\/loudavymkrokem.cz\/wp-content\/uploads\/2026\/09\/hotel-carey-beach-bar-700x933.jpg 700w, https:\/\/loudavymkrokem.cz\/wp-content\/uploads\/2026\/09\/hotel-carey-beach-bar-768x1024.jpg 768w, https:\/\/loudavymkrokem.cz\/wp-content\/uploads\/2026\/09\/hotel-carey-beach-bar-1152x1536.jpg 1152w, https:\/\/loudavymkrokem.cz\/wp-content\/uploads\/2026\/09\/hotel-carey-beach-bar-1536x2048.jpg 1536w, https:\/\/loudavymkrokem.cz\/wp-content\/uploads\/2026\/09\/hotel-carey-beach-bar-696x928.jpg 696w, https:\/\/loudavymkrokem.cz\/wp-content\/uploads\/2026\/09\/hotel-carey-beach-bar-1392x1856.jpg 1392w\" sizes=\"(max-width: 1600px) 100vw, 1600px\" \/><button\n\t\t\tclass=\"lightbox-trigger\"\n\t\t\ttype=\"button\"\n\t\t\taria-haspopup=\"dialog\"\n\t\t\tdata-wp-bind--aria-label=\"state.thisImage.triggerButtonAriaLabel\"\n\t\t\tdata-wp-init=\"callbacks.initTriggerButton\"\n\t\t\tdata-wp-on--click=\"actions.showLightbox\"\n\t\t\tdata-wp-style--right=\"state.thisImage.buttonRight\"\n\t\t\tdata-wp-style--top=\"state.thisImage.buttonTop\"\n\t\t>\n\t\t\t<svg xmlns=\"http:\/\/www.w3.org\/2000\/svg\" width=\"12\" height=\"12\" fill=\"none\" viewBox=\"0 0 12 12\">\n\t\t\t\t<path fill=\"#fff\" d=\"M2 0a2 2 0 0 0-2 2v2h1.5V2a.5.5 0 0 1 .5-.5h2V0H2Zm2 10.5H2a.5.5 0 0 1-.5-.5V8H0v2a2 2 0 0 0 2 2h2v-1.5ZM8 12v-1.5h2a.5.5 0 0 0 .5-.5V8H12v2a2 2 0 0 1-2 2H8Zm2-12a2 2 0 0 1 2 2v2h-1.5V2a.5.5 0 0 0-.5-.5H8V0h2Z\" \/>\n\t\t\t<\/svg>\n\t\t<\/button><figcaption class=\"wp-element-caption\">Foto: Hotel Carey Beach &#8211; Bar\u00fa \/ Google Maps<\/figcaption><\/figure>\n\n\n\n<h3 class=\"wp-block-heading\"><span class=\"ez-toc-section\" id=\"17_Hotel_Carey_Beach_Baru\"><\/span>17. Hotel Carey Beach Bar\u00fa<span class=\"ez-toc-section-end\"><\/span><\/h3>\n\n\n\n<p class=\"wp-block-paragraph\">Om du har f\u00e5tt nog av staden och vill byta det grumliga bruna vattnet i Bocagrande mot ett riktigt karibiskt paradis som i en katalog m\u00e5ste du ta dig ut p\u00e5 halv\u00f6n Bar\u00fa till det lugna omr\u00e5det Punta Blanca. Denna underbara avskilda resort har <strong>absolut b\u00e4st betyg av alla \u00f6hotell<\/strong> i Cartagenas vidare omgivning (fabul\u00f6sa betyget \u26054,9 av 460 recensioner).<\/p>\n\n\n\n<p class=\"wp-block-paragraph\">H\u00e4r v\u00e4ntar \u00e4ntligen <strong>sn\u00f6vit fin sand, kristallklart turkost vatten och den efterl\u00e4ngtade skuggan av kokospalmer<\/strong>. Boendet best\u00e5r av vackra privata villor och mindre rum som helt perfekt sm\u00e4lter samman med den omgivande naturen utan att verka st\u00f6rande. Trots att du i princip \u00e4r avskuren p\u00e5 en \u00f6 saknas h\u00e4r varken p\u00e5litlig luftkonditionering, utm\u00e4rkt mat hela dagen eller f\u00f6rstklassig strandservice fr\u00e5n en leende personal.<\/p>\n\n\n\n<p class=\"wp-block-paragraph\">Resorten v\u00e4rnar mycket om ett <strong>ekologiskt f\u00f6rh\u00e5llningss\u00e4tt<\/strong>, s\u00e5 h\u00e4r hittar du inga bullriga vattenskotrar eller h\u00f6gljudd musik p\u00e5 stranden. Det \u00e4r ren avkoppling f\u00f6renat med <strong>snorkling och simning<\/strong> i det varma havet.<\/p>\n\n\n\n<p class=\"wp-block-paragraph\"><strong>\ud83d\udca1 Tips:<\/strong> Den l\u00e5ngdragna resan ut till halv\u00f6n Bar\u00fa \u00e4r bara vettig om du planerar att tillbringa minst tv\u00e5 n\u00e4tter eller mer h\u00e4r. Att \u00e5ka hit bara f\u00f6r en eftermiddag och v\u00e4nda inneb\u00e4r att du tillbringar mycket tid i b\u00e5t eller bil p\u00e5 trasiga v\u00e4gar. Du betalar ocks\u00e5 helt on\u00f6diga turistavgifter f\u00f6r intr\u00e4de till omr\u00e5det. <em><a href=\"https:\/\/www.stay22.com\/allez\/roam?aid=lukaskonecny&#038;campaign=loudavymkrokemcz&#038;campaign=kde-bydlet-v-cartagene&#038;hotelname=Hotel%20Carey%20Beach%20Bar%C3%BA&#038;address=Cartagena%2C%20Kolumbie\" target=\"_blank\" rel=\"nofollow noopener sponsored\">kontrollera priser och tillg\u00e4nglighet<\/a><\/em><\/p>\n\n\n\n<figure data-wp-context=\"{&quot;imageId&quot;:&quot;6a9c40493c14e&quot;}\" data-wp-interactive=\"core\/image\" data-wp-key=\"6a9c40493c14e\" class=\"wp-block-image size-full wp-lightbox-container\"><img decoding=\"async\" width=\"1600\" height=\"2133\" data-wp-class--hide=\"state.isContentHidden\" data-wp-class--show=\"state.isContentVisible\" data-wp-init=\"callbacks.setButtonStyles\" data-wp-on--click=\"actions.showLightbox\" data-wp-on--load=\"callbacks.setButtonStyles\" data-wp-on--pointerdown=\"actions.preloadImage\" data-wp-on--pointerenter=\"actions.preloadImageWithDelay\" data-wp-on--pointerleave=\"actions.cancelPreload\" data-wp-on-window--resize=\"callbacks.setButtonStyles\" src=\"https:\/\/loudavymkrokem.cz\/wp-content\/uploads\/2026\/09\/hotel-las-islas.jpg\" alt=\"Hotell Hotel Las Islas\" class=\"wp-image-415731\" title=\"\" srcset=\"https:\/\/loudavymkrokem.cz\/wp-content\/uploads\/2026\/09\/hotel-las-islas.jpg 1600w, https:\/\/loudavymkrokem.cz\/wp-content\/uploads\/2026\/09\/hotel-las-islas-225x300.jpg 225w, https:\/\/loudavymkrokem.cz\/wp-content\/uploads\/2026\/09\/hotel-las-islas-700x933.jpg 700w, https:\/\/loudavymkrokem.cz\/wp-content\/uploads\/2026\/09\/hotel-las-islas-768x1024.jpg 768w, https:\/\/loudavymkrokem.cz\/wp-content\/uploads\/2026\/09\/hotel-las-islas-1152x1536.jpg 1152w, https:\/\/loudavymkrokem.cz\/wp-content\/uploads\/2026\/09\/hotel-las-islas-1536x2048.jpg 1536w, https:\/\/loudavymkrokem.cz\/wp-content\/uploads\/2026\/09\/hotel-las-islas-696x928.jpg 696w, https:\/\/loudavymkrokem.cz\/wp-content\/uploads\/2026\/09\/hotel-las-islas-1392x1856.jpg 1392w\" sizes=\"(max-width: 1600px) 100vw, 1600px\" \/><button\n\t\t\tclass=\"lightbox-trigger\"\n\t\t\ttype=\"button\"\n\t\t\taria-haspopup=\"dialog\"\n\t\t\tdata-wp-bind--aria-label=\"state.thisImage.triggerButtonAriaLabel\"\n\t\t\tdata-wp-init=\"callbacks.initTriggerButton\"\n\t\t\tdata-wp-on--click=\"actions.showLightbox\"\n\t\t\tdata-wp-style--right=\"state.thisImage.buttonRight\"\n\t\t\tdata-wp-style--top=\"state.thisImage.buttonTop\"\n\t\t>\n\t\t\t<svg xmlns=\"http:\/\/www.w3.org\/2000\/svg\" width=\"12\" height=\"12\" fill=\"none\" viewBox=\"0 0 12 12\">\n\t\t\t\t<path fill=\"#fff\" d=\"M2 0a2 2 0 0 0-2 2v2h1.5V2a.5.5 0 0 1 .5-.5h2V0H2Zm2 10.5H2a.5.5 0 0 1-.5-.5V8H0v2a2 2 0 0 0 2 2h2v-1.5ZM8 12v-1.5h2a.5.5 0 0 0 .5-.5V8H12v2a2 2 0 0 1-2 2H8Zm2-12a2 2 0 0 1 2 2v2h-1.5V2a.5.5 0 0 0-.5-.5H8V0h2Z\" \/>\n\t\t\t<\/svg>\n\t\t<\/button><figcaption class=\"wp-element-caption\">Foto: Hotel Las Islas &#8211; Bar\u00fa \/ Google Maps<\/figcaption><\/figure>\n\n\n\n<h3 class=\"wp-block-heading\"><span class=\"ez-toc-section\" id=\"18_Hotel_Las_Islas\"><\/span>18. Hotel Las Islas<span class=\"ez-toc-section-end\"><\/span><\/h3>\n\n\n\n<p class=\"wp-block-paragraph\">Denna helt unika ekoresort ligger i det avl\u00e4gsna omr\u00e5det Ci\u00e9naga de Chol\u00f3n (betyg \u26054,4 av 887 recensioner) och \u00e4r <strong>det absolut mest lyxiga \u00f6alternativet<\/strong> du kan unna dig f\u00f6r pengar i Cartagenas vidare omgivning. Det \u00e4r precis den plats dit man vanligtvis \u00e5ker f\u00f6r \u00f6verd\u00e5diga smekm\u00e5nader, stora jubileer och exceptionella fester i fullst\u00e4ndig avskildhet.<\/p>\n\n\n\n<p class=\"wp-block-paragraph\">I st\u00e4llet f\u00f6r klassiska hotellrum <strong>bor du h\u00e4r i lyxiga stora bungalower byggda antingen h\u00f6gt uppe i kronorna p\u00e5 uppvuxna tr\u00e4d eller direkt p\u00e5 tr\u00e4stolpar \u00f6ver havslagunen<\/strong>. Varje liten detalj i inredningen \u00e4r genomt\u00e4nkt, en stor m\u00e4ngd bungalower har en egen liten pool och garanterar dig hundraprocentig avskildhet fr\u00e5n resten av v\u00e4rlden.<\/p>\n\n\n\n<p class=\"wp-block-paragraph\"><strong>Servicen h\u00e5ller toppklass<\/strong> och recensenterna \u00e4r eniga om att innan du ens hinner r\u00f6ra ett finger kommer n\u00e5gon och fr\u00e5gar om du beh\u00f6ver n\u00e5got. Det lokala spacentret erbjuder behandlingar <strong>rakt under bar himmel<\/strong> med utsikt \u00f6ver havet, vilket \u00e4r en helt of\u00f6rgl\u00f6mlig upplevelse.<\/p>\n\n\n\n<p class=\"wp-block-paragraph\"><strong>\ud83d\udca1 Tips:<\/strong> <a href=\"https:\/\/www.stay22.com\/allez\/roam?aid=lukaskonecny&#038;campaign=loudavymkrokemcz&#038;campaign=kde-bydlet-v-cartagene&#038;hotelname=Hotel%20Las%20Islas&#038;address=Cartagena%2C%20Kolumbie\" target=\"_blank\" rel=\"noopener nofollow sponsored\">Hotel Las Islas<\/a> \u00e4r helt medvetet isolerat fr\u00e5n den omgivande civiliserade v\u00e4rlden, s\u00e5 <strong>f\u00f6rbered dig i f\u00f6rv\u00e4g p\u00e5 att all din mat kommer att intas uteslutande i hotellrestaurangerna<\/strong>. Med tanke p\u00e5 de mycket h\u00f6ga priserna f\u00f6r detta premiumboende \u00e4r det en helt avg\u00f6rande uppgift att h\u00e4r se till att f\u00e5 avdrag f\u00f6r de 19 procent IVA fr\u00e5n slutnotan.<\/p>\n\n\n\n<h2 class=\"wp-block-heading\"><span class=\"ez-toc-section\" id=\"Hur_du_valjer_ratt_hotell\"><\/span>Hur du v\u00e4ljer r\u00e4tt hotell<span class=\"ez-toc-section-end\"><\/span><\/h2>\n\n\n\n<p class=\"wp-block-paragraph\">Vid det slutgiltiga beslutet, svara \u00e4rligt p\u00e5 fr\u00e5gan vad som \u00e4r din st\u00f6rsta prioritet p\u00e5 semestern. <strong>Om du reser som par och vill suga in historiens \u00e4kta romantik<\/strong> ska du definitivt v\u00e4lja lyxiga boutiquehotell i stillsamma San Diego eller direkt i Centro. F\u00f6r backpackers och \u00e4lskare av gatukonst och mat \u00e4r livliga Getseman\u00ed ett sj\u00e4lvklart val, medan barnfamiljer som kr\u00e4ver enorma pooler och europeisk servicestandard garanterat blir mest n\u00f6jda i de h\u00f6ga glasbyggnaderna i Bocagrande. Om du har en sn\u00e4v budget och s\u00f6ker total ro fr\u00e5n turister, \u00f6verv\u00e4g det bostadsbetonade kvarteret Manga, varifr\u00e5n du \u00e5ker in till centrum med taxi f\u00f6r en spottstyver.<\/p>\n\n\n\n<p class=\"wp-block-paragraph\">Samtidigt m\u00e5ste vi n\u00e4mna den praktiska s\u00e4kerhetsaspekten, som definitivt b\u00f6r p\u00e5verka ditt val av l\u00e4ge. <strong>Det historiska centrumet, San Diego och Getseman\u00ed \u00e4r mycket s\u00e4kra b\u00e5de dag och kv\u00e4ll<\/strong>, men det rekommenderas inte att g\u00e5 till fots n\u00e5gonstans utanf\u00f6r dessa upplysta turistzoner p\u00e5 natten. S\u00e4rskild f\u00f6rsiktighet g\u00e4ller f\u00f6r soloresen\u00e4rer. Och en viktig varning: se upp med dejtingappar. Utl\u00e4ndska ambassader har varnat f\u00f6r dem i Cartagena p\u00e5 grund av risken att bli drogad med skopolamin. Det h\u00e4r \u00e4r ingen skr\u00e4ckpropaganda, det \u00e4r n\u00e5got som \u00e4r riktigt bra att veta i f\u00f6rv\u00e4g. L\u00e5s d\u00e4rf\u00f6r alltid in pengar och passet med den viktiga PIP-5-st\u00e4mpeln i hotellets kassask\u00e5p och ta bara med dig s\u00e5 mycket kontanter som du verkligen absolut beh\u00f6ver p\u00e5 kv\u00e4llspromenaderna.<\/p>\n\n\n\n<h2 class=\"wp-block-heading\"><span class=\"ez-toc-section\" id=\"Var_du_kan_ata\"><\/span>Var du kan \u00e4ta<span class=\"ez-toc-section-end\"><\/span><\/h2>\n\n\n\n<p class=\"wp-block-paragraph\">Cartagena \u00e4r visserligen k\u00e4nd f\u00f6r fisk och skaldjur, men h\u00e4r f\u00e5r absolut alla sitt lystm\u00e4te, till och med de som inte precis \u00e4r f\u00f6rtjusta i k\u00f6tt. Jag rekommenderar att du framf\u00f6r allt uppt\u00e4cker mindre bistron och kaf\u00e9er i <strong>kvarteren Getseman\u00ed och Manga<\/strong>, d\u00e4r du \u00e4ter <strong>betydligt billigare<\/strong> \u00e4n direkt vid huvudmurarna.<\/p>\n\n\n\n<h3 class=\"wp-block-heading\"><span class=\"ez-toc-section\" id=\"Kottfria_sakra_kort_i_Cartagena\"><\/span>K\u00f6ttfria s\u00e4kra kort i Cartagena<span class=\"ez-toc-section-end\"><\/span><\/h3>\n\n\n\n<p class=\"wp-block-paragraph\">Om du s\u00f6ker riktigt bepr\u00f6vade st\u00e4llen rekommenderar jag varmt bistron <strong>El Bolol\u00f3<\/strong> och <strong>Sambal<\/strong> i Getseman\u00ed, som erbjuder utm\u00e4rkt och f\u00e4rsk mat. I kvarteret Manga ska du definitivt inte missa <strong>SANATOco<\/strong>.<\/p>\n\n\n\n<p class=\"wp-block-paragraph\">Om du r\u00f6r dig direkt i Centro och vill njuta av lite mer nobless, prova den vackra restaurangen <strong>Casa Boh\u00eame<\/strong>. Och f\u00f6r en s\u00f6t avslutning eller en eftermiddagskaffe ska du utan tvekan stanna till p\u00e5 <strong>Museo del Chocolate<\/strong>.<\/p>\n\n\n\n<h2 class=\"wp-block-heading\"><span class=\"ez-toc-section\" id=\"Vart_vidare\"><\/span>Vart vidare<span class=\"ez-toc-section-end\"><\/span><\/h2>\n\n\n\n<ul class=\"wp-block-list\">\n\n<li><a href=\"https:\/\/loudavymkrokem.cz\/co-videt-v-cartagene\/\">Cartagena: vad du kan se och g\u00f6ra<\/a><\/li>\n\n\n\n<li><a href=\"https:\/\/loudavymkrokem.cz\/kolumbie\/\">Colombia: komplett guide och reserutt<\/a><\/li>\n\n\n\n<li><a href=\"https:\/\/loudavymkrokem.cz\/kdy-jet-do-kolumbie\/\">N\u00e4r du ska \u00e5ka till Colombia: v\u00e4der och s\u00e4songer<\/a><\/li>\n\n\n<\/ul>\n\n\n\n<h2 class=\"wp-block-heading\"><span class=\"ez-toc-section\" id=\"Vanliga_fragor\"><\/span>Vanliga fr\u00e5gor<span class=\"ez-toc-section-end\"><\/span><\/h2>\n\n\n<div id=\"rank-math-faq\" class=\"rank-math-block\">\n<div class=\"rank-math-list \">\n<div id=\"faq-question-1788422664000\" class=\"rank-math-list-item\">\n<h3 class=\"rank-math-question \"><span class=\"ez-toc-section\" id=\"Betalar_utlandska_turister_boendeskatt_i_Cartagena\"><\/span>Betalar utl\u00e4ndska turister boendeskatt i Cartagena?<span class=\"ez-toc-section-end\"><\/span><\/h3>\n<div class=\"rank-math-answer \">\n\n<p>Nej, utl\u00e4nningar med turistvisum \u00e4r <strong>helt befriade fr\u00e5n den colombianska 19% skatten (IVA) p\u00e5 boende<\/strong>. Du m\u00e5ste dock f\u00e5 en PIP-5-st\u00e4mpel i passet vid ankomsten och l\u00e5ta hotellet g\u00f6ra en fysisk kopia av den.   Kom ih\u00e5g att om du betalar f\u00f6r vistelsen i f\u00f6rv\u00e4g via internet l\u00e4gger portalen ofta till skatten och hotellet kan inte \u00e5terbetala den p\u00e5 plats. Det l\u00f6nar sig d\u00e4rf\u00f6r alltid att hantera betalningen f\u00f6r s\u00e5dana bokningar med stor f\u00f6rsiktighet.<\/p>\n\n<\/div>\n<\/div>\n<div id=\"faq-question-1788422664001\" class=\"rank-math-list-item\">\n<h3 class=\"rank-math-question \"><span class=\"ez-toc-section\" id=\"Ar_havet_i_Cartagena_rent_och_turkost\"><\/span>\u00c4r havet i Cartagena rent och turkost?<span class=\"ez-toc-section-end\"><\/span><\/h3>\n<div class=\"rank-math-answer \">\n\n<p>Direkt i Cartagena (till exempel p\u00e5 stadsstr\u00e4nderna i Bocagrande) \u00e4r <strong>vattnet tyv\u00e4rr grumligt och brunt<\/strong>, vilket brukar vara en enorm besvikelse f\u00f6r europ\u00e9er. Det \u00e4r i princip logiskt p\u00e5 grund av n\u00e4rheten till floden och hamnen.  Om du letar efter det klassiska turkosa Karibien med vit sand som p\u00e5 bilderna m\u00e5ste du ta b\u00e5ten till halv\u00f6n Bar\u00fa eller till de underbara Rosario\u00f6arna. D\u00e4r v\u00e4ntar ett riktigt paradis fr\u00e5n katalogerna p\u00e5 dig.<\/p>\n\n<\/div>\n<\/div>\n<div id=\"faq-question-1788422664002\" class=\"rank-math-list-item\">\n<h3 class=\"rank-math-question \"><span class=\"ez-toc-section\" id=\"Ar_luftkonditionering_nodvandigt_pa_rummet_i_Cartagena\"><\/span>\u00c4r luftkonditionering n\u00f6dv\u00e4ndigt p\u00e5 rummet i Cartagena?<span class=\"ez-toc-section-end\"><\/span><\/h3>\n<div class=\"rank-math-answer \">\n\n<p>Ja, <strong>luftkonditionering \u00e4r en absolut och kompromissl\u00f6s n\u00f6dv\u00e4ndighet<\/strong>. Temperaturerna h\u00e5ller sig h\u00e4r mellan 31 och 33 \u00b0C \u00e5ret runt och luftfuktigheten \u00e4r extrem. Ett rum med bara en fl\u00e4kt betyder vanligtvis en s\u00f6mnl\u00f6s, svettig natt.   En f\u00f6rdel \u00e4r ocks\u00e5 vilken hotellpool som helst d\u00e4r du kan g\u00f6mma dig undan fr\u00e5n den v\u00e4rsta solen \u00f6ver middagen. Under heta dagar \u00e4r kylning verkligen v\u00e4rt sitt pris f\u00f6r varje resen\u00e4r.<\/p>\n\n<\/div>\n<\/div>\n<div id=\"faq-question-1788422664003\" class=\"rank-math-list-item\">\n<h3 class=\"rank-math-question \"><span class=\"ez-toc-section\" id=\"Ar_det_bullrigt_i_Cartagenas_historiska_centrum_pa_natten\"><\/span>\u00c4r det bullrigt i Cartagenas historiska centrum p\u00e5 natten?<span class=\"ez-toc-section-end\"><\/span><\/h3>\n<div class=\"rank-math-answer \">\n\n<p>Ja, s\u00e4rskilt <strong>runt den livliga Plaza Santo Domingo och p\u00e5 huvudgatorna i Getseman\u00ed (t.ex. Calle del Arsenal och Plaza de la Trinidad) \u00e4r det v\u00e4ldigt bullrigt p\u00e5 natten<\/strong> p\u00e5 grund av \u00f6ppna barer och nattklubbar. H\u00f6gljudd musik h\u00f6rs l\u00e5ngt in p\u00e5 natten.  Om du har l\u00e4tt s\u00f6mn \u00e4r det b\u00e4ttre att leta efter boende i stadsdelen San Diego eller i det lugna bostadsomr\u00e5det Manga. D\u00e4r kan du njuta av tillr\u00e4cklig vila utan dunkande basar.<\/p>\n\n<\/div>\n<\/div>\n<div id=\"faq-question-1788422664004\" class=\"rank-math-list-item\">\n<h3 class=\"rank-math-question \"><span class=\"ez-toc-section\" id=\"Hur_langt_ar_flygplatsen_fran_stadens_centrum\"><\/span>Hur l\u00e5ngt \u00e4r flygplatsen fr\u00e5n stadens centrum?<span class=\"ez-toc-section-end\"><\/span><\/h3>\n<div class=\"rank-math-answer \">\n\n<p>Internationella flygplatsen Rafael N\u00fa\u00f1ez ligger otroligt n\u00e4ra, <strong>resan med vanlig taxi till det historiska centrumet tar bara behagliga 10 till 15 minuter<\/strong>. Du beh\u00f6ver allts\u00e5 inte alls oroa dig f\u00f6r en l\u00e5ng och tr\u00e5kig transfer efter ankomsten.  Vi rekommenderar att alltid komma \u00f6verens om taxipriset i f\u00f6rv\u00e4g, eller \u00e4nnu b\u00e4ttre att anv\u00e4nda moderna appar som Uber, InDriver eller DiDi, d\u00e4r du ser priset direkt p\u00e5 sk\u00e4rmen. P\u00e5 s\u00e5 s\u00e4tt undviker du all f\u00f6rhandling med f\u00f6rare.<\/p>\n\n<\/div>\n<\/div>\n<div id=\"faq-question-1788422664005\" class=\"rank-math-list-item\">\n<h3 class=\"rank-math-question \"><span class=\"ez-toc-section\" id=\"Ar_det_vart_att_boka_hotell_pa_oarna_for_en_natt\"><\/span>\u00c4r det v\u00e4rt att boka hotell p\u00e5 \u00f6arna f\u00f6r en natt?<span class=\"ez-toc-section-end\"><\/span><\/h3>\n<div class=\"rank-math-answer \">\n\n<p>Personligen rekommenderar jag inte det med tanke p\u00e5 logistiken. Resan till Bar\u00fa eller Rosario\u00f6arna tar mycket tid och det tillkommer extra hamnavgifter f\u00f6r varje enskild inresa.  <strong>Idealiskt \u00e4r att stanna p\u00e5 \u00f6arna minst tv\u00e5 eller fler n\u00e4tter i rad<\/strong>, annars kommer du att spendera alltf\u00f6r mycket tid p\u00e5 resor och njuta v\u00e4ldigt lite av lyxresortet. Om du har lite tid \u00e4r det b\u00e4ttre att stanna p\u00e5 fastlandet hela tiden.<\/p>\n\n<\/div>\n<\/div>\n<div id=\"faq-question-1788422664006\" class=\"rank-math-list-item\">\n<h3 class=\"rank-math-question \"><span class=\"ez-toc-section\" id=\"Ar_det_sakert_i_Cartagena\"><\/span>\u00c4r det s\u00e4kert i Cartagena?<span class=\"ez-toc-section-end\"><\/span><\/h3>\n<div class=\"rank-math-answer \">\n\n<p>I de turistiska kvarteren (Centrum, San Diego, Getseman\u00ed, Bocagrande) \u00e4r det lugnt b\u00e5de p\u00e5 dagen och tidigt p\u00e5 kv\u00e4llen. Gatorna \u00e4r fulla med folk och polisen patrullerar regelbundet, s\u00e5 du kommer att k\u00e4nna dig trygg.  Men p\u00e5 natten ska du verkligen inte g\u00e5 n\u00e5gonstans utanf\u00f6r de upplysta turistzonerna och var f\u00f6rsiktig med dejtingappar, se varningen ovan. En viss dos f\u00f6rsiktighet och sunt f\u00f6rnuft \u00e4r helt enkelt p\u00e5 sin plats.<\/p>\n\n<\/div>\n<\/div>\n<\/div>\n<\/div>","protected":false},"excerpt":{"rendered":"<p>Uppt\u00e4ck de 18 b\u00e4sta hotellen i Cartagena, Colombia, ta reda p\u00e5 vilka omr\u00e5den du b\u00f6r undvika och l\u00e4r dig hur du som turist slipper betala den 19-procentiga colombianska hotellskatten.<\/p>\n","protected":false},"author":3,"featured_media":415739,"comment_status":"open","ping_status":"open","sticky":false,"template":"","format":"standard","meta":{"_acf_changed":false,"footnotes":"","rank_math_title":"Var bo i Cartagena, Colombia: 18 b\u00e4sta hotell 2026","rank_math_description":"Var bo i Cartagena, Colombia? Uppt\u00e4ck de 18 b\u00e4sta hotellen och omr\u00e5dena, undvik skattef\u00e4llan p\u00e5 19 % och boka ditt dr\u00f6mboende idag. L\u00e4s guiden nu!","rank_math_focus_keyword":"cartagena colombia","rank_math_seo_score":""},"categories":[1162],"tags":[],"class_list":["post-417603","post","type-post","status-publish","format-standard","has-post-thumbnail","category-resor"],"acf":[],"featured_image_src":"https:\/\/loudavymkrokem.cz\/wp-content\/uploads\/2026\/09\/hradby-cartageny-pri-zapadu-slunce-25aa4b4f.jpg","author_info":{"display_name":"Lucie Kone\u010dn\u00e1","author_link":"https:\/\/loudavymkrokem.cz\/sv\/author\/lucie-konecna\/"},"_links":{"self":[{"href":"https:\/\/loudavymkrokem.cz\/sv\/wp-json\/wp\/v2\/posts\/417603","targetHints":{"allow":["GET"]}}],"collection":[{"href":"https:\/\/loudavymkrokem.cz\/sv\/wp-json\/wp\/v2\/posts"}],"about":[{"href":"https:\/\/loudavymkrokem.cz\/sv\/wp-json\/wp\/v2\/types\/post"}],"author":[{"embeddable":true,"href":"https:\/\/loudavymkrokem.cz\/sv\/wp-json\/wp\/v2\/users\/3"}],"replies":[{"embeddable":true,"href":"https:\/\/loudavymkrokem.cz\/sv\/wp-json\/wp\/v2\/comments?post=417603"}],"version-history":[{"count":2,"href":"https:\/\/loudavymkrokem.cz\/sv\/wp-json\/wp\/v2\/posts\/417603\/revisions"}],"predecessor-version":[{"id":417605,"href":"https:\/\/loudavymkrokem.cz\/sv\/wp-json\/wp\/v2\/posts\/417603\/revisions\/417605"}],"wp:featuredmedia":[{"embeddable":true,"href":"https:\/\/loudavymkrokem.cz\/sv\/wp-json\/wp\/v2\/media\/415739"}],"wp:attachment":[{"href":"https:\/\/loudavymkrokem.cz\/sv\/wp-json\/wp\/v2\/media?parent=417603"}],"wp:term":[{"taxonomy":"category","embeddable":true,"href":"https:\/\/loudavymkrokem.cz\/sv\/wp-json\/wp\/v2\/categories?post=417603"},{"taxonomy":"post_tag","embeddable":true,"href":"https:\/\/loudavymkrokem.cz\/sv\/wp-json\/wp\/v2\/tags?post=417603"}],"curies":[{"name":"wp","href":"https:\/\/api.w.org\/{rel}","templated":true}]}}