{"id":417579,"date":"2026-09-04T20:50:25","date_gmt":"2026-09-04T18:50:25","guid":{"rendered":"https:\/\/loudavymkrokem.cz\/strasbourg-frankrike-tips\/"},"modified":"2026-09-05T16:36:37","modified_gmt":"2026-09-05T14:36:37","slug":"strasbourg-frankrike-tips","status":"publish","type":"post","link":"https:\/\/loudavymkrokem.cz\/sv\/strasbourg-frankrike-tips\/","title":{"rendered":"Strasbourg, Frankrike: 18 tips p\u00e5 vad du kan se och g\u00f6ra"},"content":{"rendered":"\n<p class=\"wp-block-paragraph\">De flesta av oss f\u00f6rknippar direkt Strasbourg i Frankrike med doften av gl\u00f6gg och ett hav av julljus, men sanningen \u00e4r att <strong>den h\u00e4r staden har mycket att erbjuda \u00e4ven under \u00e5rets \u00f6vriga elva m\u00e5nader<\/strong>. Medan den i december spr\u00e4ngs av folk och priserna skjuter i h\u00f6jden, f\u00f6rvandlas den utanf\u00f6r adventstiden till ett lugnare och <strong>betydligt billigare resm\u00e5l<\/strong>, d\u00e4r fransk elegans m\u00f6ter tysk precision. Under det senaste seklet har staden bytt nationalitet hela fyra g\u00e5nger, vilket har l\u00e4mnat outpl\u00e5nliga sp\u00e5r i arkitekturen, det lokala spr\u00e5ket och den uts\u00f6kta gastronomin.<\/p>\n\n\n\n<p class=\"wp-block-paragraph\">H\u00e4r hittar du en <strong>historisk stadsdel som \u00e4r upptagen p\u00e5 UNESCO:s lista<\/strong>, en monumental gotisk katedral och de moderna glasbyggnaderna som tillh\u00f6r Europaparlamentet, vilka tillsammans skapar en helt unik atmosf\u00e4r. Du kan str\u00f6va runt i pittoreska gr\u00e4nder fulla av korsvirkeshus, titta p\u00e5 b\u00e5tarna p\u00e5 kanalerna eller bara sl\u00e5 dig ner p\u00e5 ett kaf\u00e9 och <strong>suga \u00e5t dig den otroliga avslappnade st\u00e4mningen utan turisthorder<\/strong>. Strasbourg \u00e4r kort sagt en stad med tv\u00e5 identiteter som \u00f6verraskar dig vid varje steg.<\/p>\n\n\n\n<p class=\"wp-block-paragraph\">Om du letar efter den perfekta platsen f\u00f6r en l\u00e5nghelg, d\u00e4r <strong>historien v\u00e4vs samman med ett pulserande modernt liv<\/strong>, har du just hittat den. Jag har f\u00f6rberett en detaljerad guide \u00e5t dig som visar stadens st\u00f6rsta skatter och ger dig r\u00e5d om hur du f\u00e5r ut mesta m\u00f6jliga av bes\u00f6ket, oavsett vilken \u00e5rstid du kommer hit.<\/p>\n\n\n\n<figure data-wp-context=\"{&quot;imageId&quot;:&quot;6a9c3a7466128&quot;}\" data-wp-interactive=\"core\/image\" data-wp-key=\"6a9c3a7466128\" class=\"wp-block-image size-full wp-lightbox-container\"><img decoding=\"async\" width=\"1920\" height=\"2454\" data-wp-class--hide=\"state.isContentHidden\" data-wp-class--show=\"state.isContentVisible\" data-wp-init=\"callbacks.setButtonStyles\" data-wp-on--click=\"actions.showLightbox\" data-wp-on--load=\"callbacks.setButtonStyles\" data-wp-on--pointerdown=\"actions.preloadImage\" data-wp-on--pointerenter=\"actions.preloadImageWithDelay\" data-wp-on--pointerleave=\"actions.cancelPreload\" data-wp-on-window--resize=\"callbacks.setButtonStyles\" src=\"https:\/\/loudavymkrokem.cz\/wp-content\/uploads\/2026\/09\/katedrala-notre-dame-ve-strasburku-af4b864e.jpg\" alt=\"Notre-Dame-katedralen i Strasbourg\" class=\"wp-image-413376\" title=\"\" srcset=\"https:\/\/loudavymkrokem.cz\/wp-content\/uploads\/2026\/09\/katedrala-notre-dame-ve-strasburku-af4b864e.jpg 1920w, https:\/\/loudavymkrokem.cz\/wp-content\/uploads\/2026\/09\/katedrala-notre-dame-ve-strasburku-af4b864e-235x300.jpg 235w, https:\/\/loudavymkrokem.cz\/wp-content\/uploads\/2026\/09\/katedrala-notre-dame-ve-strasburku-af4b864e-700x895.jpg 700w, https:\/\/loudavymkrokem.cz\/wp-content\/uploads\/2026\/09\/katedrala-notre-dame-ve-strasburku-af4b864e-768x982.jpg 768w, https:\/\/loudavymkrokem.cz\/wp-content\/uploads\/2026\/09\/katedrala-notre-dame-ve-strasburku-af4b864e-1202x1536.jpg 1202w, https:\/\/loudavymkrokem.cz\/wp-content\/uploads\/2026\/09\/katedrala-notre-dame-ve-strasburku-af4b864e-1602x2048.jpg 1602w, https:\/\/loudavymkrokem.cz\/wp-content\/uploads\/2026\/09\/katedrala-notre-dame-ve-strasburku-af4b864e-696x890.jpg 696w, https:\/\/loudavymkrokem.cz\/wp-content\/uploads\/2026\/09\/katedrala-notre-dame-ve-strasburku-af4b864e-1392x1779.jpg 1392w\" sizes=\"(max-width: 1920px) 100vw, 1920px\" \/><button\n\t\t\tclass=\"lightbox-trigger\"\n\t\t\ttype=\"button\"\n\t\t\taria-haspopup=\"dialog\"\n\t\t\tdata-wp-bind--aria-label=\"state.thisImage.triggerButtonAriaLabel\"\n\t\t\tdata-wp-init=\"callbacks.initTriggerButton\"\n\t\t\tdata-wp-on--click=\"actions.showLightbox\"\n\t\t\tdata-wp-style--right=\"state.thisImage.buttonRight\"\n\t\t\tdata-wp-style--top=\"state.thisImage.buttonTop\"\n\t\t>\n\t\t\t<svg xmlns=\"http:\/\/www.w3.org\/2000\/svg\" width=\"12\" height=\"12\" fill=\"none\" viewBox=\"0 0 12 12\">\n\t\t\t\t<path fill=\"#fff\" d=\"M2 0a2 2 0 0 0-2 2v2h1.5V2a.5.5 0 0 1 .5-.5h2V0H2Zm2 10.5H2a.5.5 0 0 1-.5-.5V8H0v2a2 2 0 0 0 2 2h2v-1.5ZM8 12v-1.5h2a.5.5 0 0 0 .5-.5V8H12v2a2 2 0 0 1-2 2H8Zm2-12a2 2 0 0 1 2 2v2h-1.5V2a.5.5 0 0 0-.5-.5H8V0h2Z\" \/>\n\t\t\t<\/svg>\n\t\t<\/button><figcaption class=\"wp-element-caption\">Foto: Diliff \/ Wikimedia Commons, CC BY-SA 3.0<\/figcaption><\/figure>\n\n\n\n<div id=\"ez-toc-container\" class=\"ez-toc-v2_0_87 ez-toc-wrap-left counter-hierarchy ez-toc-counter ez-toc-grey ez-toc-container-direction\">\n<div class=\"ez-toc-title-container\">\n<p class=\"ez-toc-title\" style=\"cursor:inherit\">Artikelns inneh\u00e5ll<\/p>\n<span class=\"ez-toc-title-toggle\"><a href=\"#\" class=\"ez-toc-pull-right ez-toc-btn ez-toc-btn-xs ez-toc-btn-default ez-toc-toggle\" aria-label=\"Toggle Table of Content\"><span class=\"ez-toc-js-icon-con\"><span class=\"\"><span class=\"eztoc-hide\" style=\"display:none;\">Toggle<\/span><span class=\"ez-toc-icon-toggle-span\"><svg style=\"fill: #999;color:#999\" xmlns=\"http:\/\/www.w3.org\/2000\/svg\" class=\"list-377408\" width=\"20px\" height=\"20px\" viewBox=\"0 0 24 24\" fill=\"none\"><path d=\"M6 6H4v2h2V6zm14 0H8v2h12V6zM4 11h2v2H4v-2zm16 0H8v2h12v-2zM4 16h2v2H4v-2zm16 0H8v2h12v-2z\" fill=\"currentColor\"><\/path><\/svg><svg style=\"fill: #999;color:#999\" class=\"arrow-unsorted-368013\" xmlns=\"http:\/\/www.w3.org\/2000\/svg\" width=\"10px\" height=\"10px\" viewBox=\"0 0 24 24\" version=\"1.2\" baseProfile=\"tiny\"><path d=\"M18.2 9.3l-6.2-6.3-6.2 6.3c-.2.2-.3.4-.3.7s.1.5.3.7c.2.2.4.3.7.3h11c.3 0 .5-.1.7-.3.2-.2.3-.5.3-.7s-.1-.5-.3-.7zM5.8 14.7l6.2 6.3 6.2-6.3c.2-.2.3-.5.3-.7s-.1-.5-.3-.7c-.2-.2-.4-.3-.7-.3h-11c-.3 0-.5.1-.7.3-.2.2-.3.5-.3.7s.1.5.3.7z\"\/><\/svg><\/span><\/span><\/span><\/a><\/span><\/div>\n<nav><ul class='ez-toc-list ez-toc-list-level-1 ' ><ul class='ez-toc-list-level-3' ><li class='ez-toc-heading-level-3'><a class=\"ez-toc-link ez-toc-heading-1\" href=\"https:\/\/loudavymkrokem.cz\/sv\/strasbourg-frankrike-tips\/#Sammanfattning_for_dig_som_inte_hinner_lasa_hela_artikeln\" >Sammanfattning f\u00f6r dig som inte hinner l\u00e4sa hela artikeln<\/a><\/li><\/ul><\/li><li class='ez-toc-page-1 ez-toc-heading-level-2'><a class=\"ez-toc-link ez-toc-heading-2\" href=\"https:\/\/loudavymkrokem.cz\/sv\/strasbourg-frankrike-tips\/#Nar_du_ska_aka_till_Strasbourg\" >N\u00e4r du ska \u00e5ka till Strasbourg<\/a><\/li><li class='ez-toc-page-1 ez-toc-heading-level-2'><a class=\"ez-toc-link ez-toc-heading-3\" href=\"https:\/\/loudavymkrokem.cz\/sv\/strasbourg-frankrike-tips\/#Var_du_ska_bo_i_Strasbourg\" >Var du ska bo i Strasbourg<\/a><\/li><li class='ez-toc-page-1 ez-toc-heading-level-2'><a class=\"ez-toc-link ez-toc-heading-4\" href=\"https:\/\/loudavymkrokem.cz\/sv\/strasbourg-frankrike-tips\/#18_tips_pa_vad_du_kan_se_och_gora_i_Strasbourg\" >18 tips p\u00e5 vad du kan se och g\u00f6ra i Strasbourg<\/a><ul class='ez-toc-list-level-3' ><li class='ez-toc-heading-level-3'><a class=\"ez-toc-link ez-toc-heading-5\" href=\"https:\/\/loudavymkrokem.cz\/sv\/strasbourg-frankrike-tips\/#1_Cathedrale_Notre-Dame-de-Strasbourg\" >1. Cath\u00e9drale Notre-Dame-de-Strasbourg<\/a><\/li><li class='ez-toc-page-1 ez-toc-heading-level-3'><a class=\"ez-toc-link ez-toc-heading-6\" href=\"https:\/\/loudavymkrokem.cz\/sv\/strasbourg-frankrike-tips\/#2_Den_astronomiska_klockan_fran_1500-talet\" >2. Den astronomiska klockan fr\u00e5n 1500-talet<\/a><\/li><li class='ez-toc-page-1 ez-toc-heading-level-3'><a class=\"ez-toc-link ez-toc-heading-7\" href=\"https:\/\/loudavymkrokem.cz\/sv\/strasbourg-frankrike-tips\/#3_Uppstigningen_till_katedralens_utsiktsplattform\" >3. Uppstigningen till katedralens utsiktsplattform<\/a><\/li><li class='ez-toc-page-1 ez-toc-heading-level-3'><a class=\"ez-toc-link ez-toc-heading-8\" href=\"https:\/\/loudavymkrokem.cz\/sv\/strasbourg-frankrike-tips\/#4_Petite_France\" >4. Petite France<\/a><\/li><li class='ez-toc-page-1 ez-toc-heading-level-3'><a class=\"ez-toc-link ez-toc-heading-9\" href=\"https:\/\/loudavymkrokem.cz\/sv\/strasbourg-frankrike-tips\/#5_Ponts_Couverts_de_Strasbourg\" >5. Ponts Couverts de Strasbourg<\/a><\/li><li class='ez-toc-page-1 ez-toc-heading-level-3'><a class=\"ez-toc-link ez-toc-heading-10\" href=\"https:\/\/loudavymkrokem.cz\/sv\/strasbourg-frankrike-tips\/#6_Barrage_Vauban\" >6. Barrage Vauban<\/a><\/li><li class='ez-toc-page-1 ez-toc-heading-level-3'><a class=\"ez-toc-link ez-toc-heading-11\" href=\"https:\/\/loudavymkrokem.cz\/sv\/strasbourg-frankrike-tips\/#7_Kanalkryssning_med_Batorama\" >7. Kanalkryssning med Batorama<\/a><\/li><li class='ez-toc-page-1 ez-toc-heading-level-3'><a class=\"ez-toc-link ez-toc-heading-12\" href=\"https:\/\/loudavymkrokem.cz\/sv\/strasbourg-frankrike-tips\/#8_Europaparlamentet\" >8. Europaparlamentet<\/a><\/li><li class='ez-toc-page-1 ez-toc-heading-level-3'><a class=\"ez-toc-link ez-toc-heading-13\" href=\"https:\/\/loudavymkrokem.cz\/sv\/strasbourg-frankrike-tips\/#9_Parlamentarium_Simone_Veil\" >9. Parlamentarium Simone Veil<\/a><\/li><li class='ez-toc-page-1 ez-toc-heading-level-3'><a class=\"ez-toc-link ez-toc-heading-14\" href=\"https:\/\/loudavymkrokem.cz\/sv\/strasbourg-frankrike-tips\/#10_Europaradet_och_institutionskvarteret\" >10. Europar\u00e5det och institutionskvarteret<\/a><\/li><li class='ez-toc-page-1 ez-toc-heading-level-3'><a class=\"ez-toc-link ez-toc-heading-15\" href=\"https:\/\/loudavymkrokem.cz\/sv\/strasbourg-frankrike-tips\/#11_Grande_Ile_Forsta_stadsdelen_pa_UNESCO_s_lista\" >11. Grande \u00cele (F\u00f6rsta stadsdelen p\u00e5 UNESCO:s lista)<\/a><\/li><li class='ez-toc-page-1 ez-toc-heading-level-3'><a class=\"ez-toc-link ez-toc-heading-16\" href=\"https:\/\/loudavymkrokem.cz\/sv\/strasbourg-frankrike-tips\/#12_Neustadt_Det_tyska_kejsarkvarteret\" >12. Neustadt (Det tyska kejsarkvarteret)<\/a><\/li><li class='ez-toc-page-1 ez-toc-heading-level-3'><a class=\"ez-toc-link ez-toc-heading-17\" href=\"https:\/\/loudavymkrokem.cz\/sv\/strasbourg-frankrike-tips\/#13_Place_Kleber\" >13. Place Kl\u00e9ber<\/a><\/li><li class='ez-toc-page-1 ez-toc-heading-level-3'><a class=\"ez-toc-link ez-toc-heading-18\" href=\"https:\/\/loudavymkrokem.cz\/sv\/strasbourg-frankrike-tips\/#14_Parc_de_lOrangerie\" >14. Parc de l&#8217;Orangerie<\/a><\/li><li class='ez-toc-page-1 ez-toc-heading-level-3'><a class=\"ez-toc-link ez-toc-heading-19\" href=\"https:\/\/loudavymkrokem.cz\/sv\/strasbourg-frankrike-tips\/#15_Parc_de_lEtoile\" >15. Parc de l&#8217;\u00c9toile<\/a><\/li><li class='ez-toc-page-1 ez-toc-heading-level-3'><a class=\"ez-toc-link ez-toc-heading-20\" href=\"https:\/\/loudavymkrokem.cz\/sv\/strasbourg-frankrike-tips\/#16_Palais_Rohan\" >16. Palais Rohan<\/a><\/li><li class='ez-toc-page-1 ez-toc-heading-level-3'><a class=\"ez-toc-link ez-toc-heading-21\" href=\"https:\/\/loudavymkrokem.cz\/sv\/strasbourg-frankrike-tips\/#17_Strasbourg_Museum_of_Modern_and_Contemporary_Art_MAMCS\" >17. Strasbourg Museum of Modern and Contemporary Art (MAMCS)<\/a><\/li><li class='ez-toc-page-1 ez-toc-heading-level-3'><a class=\"ez-toc-link ez-toc-heading-22\" href=\"https:\/\/loudavymkrokem.cz\/sv\/strasbourg-frankrike-tips\/#18_Musee_Alsacien\" >18. Mus\u00e9e Alsacien<\/a><\/li><\/ul><\/li><li class='ez-toc-page-1 ez-toc-heading-level-2'><a class=\"ez-toc-link ez-toc-heading-23\" href=\"https:\/\/loudavymkrokem.cz\/sv\/strasbourg-frankrike-tips\/#Vart_du_kan_aka_vidare_fran_Strasbourg\" >Vart du kan \u00e5ka vidare fr\u00e5n Strasbourg<\/a><\/li><li class='ez-toc-page-1 ez-toc-heading-level-2'><a class=\"ez-toc-link ez-toc-heading-24\" href=\"https:\/\/loudavymkrokem.cz\/sv\/strasbourg-frankrike-tips\/#Vanliga_fragor\" >Vanliga fr\u00e5gor<\/a><ul class='ez-toc-list-level-3' ><li class='ez-toc-heading-level-3'><a class=\"ez-toc-link ez-toc-heading-25\" href=\"https:\/\/loudavymkrokem.cz\/sv\/strasbourg-frankrike-tips\/#Nar_halls_julmarknaderna_ar_2026\" >N\u00e4r h\u00e5lls julmarknaderna \u00e5r 2026?<\/a><\/li><li class='ez-toc-page-1 ez-toc-heading-level-3'><a class=\"ez-toc-link ez-toc-heading-26\" href=\"https:\/\/loudavymkrokem.cz\/sv\/strasbourg-frankrike-tips\/#Hur_fungerar_Park_and_Ride-systemet\" >Hur fungerar Park and Ride-systemet?<\/a><\/li><li class='ez-toc-page-1 ez-toc-heading-level-3'><a class=\"ez-toc-link ez-toc-heading-27\" href=\"https:\/\/loudavymkrokem.cz\/sv\/strasbourg-frankrike-tips\/#Hur_manga_dagar_bor_man_avsatta_for_att_besoka_staden\" >Hur m\u00e5nga dagar b\u00f6r man avs\u00e4tta f\u00f6r att bes\u00f6ka staden?<\/a><\/li><li class='ez-toc-page-1 ez-toc-heading-level-3'><a class=\"ez-toc-link ez-toc-heading-28\" href=\"https:\/\/loudavymkrokem.cz\/sv\/strasbourg-frankrike-tips\/#Ar_visningar_av_Europaparlamentet_avgiftsbelagda\" >\u00c4r visningar av Europaparlamentet avgiftsbelagda?<\/a><\/li><li class='ez-toc-page-1 ez-toc-heading-level-3'><a class=\"ez-toc-link ez-toc-heading-29\" href=\"https:\/\/loudavymkrokem.cz\/sv\/strasbourg-frankrike-tips\/#Hur_tar_man_sig_bast_runt_i_centrum\" >Hur tar man sig b\u00e4st runt i centrum?<\/a><\/li><li class='ez-toc-page-1 ez-toc-heading-level-3'><a class=\"ez-toc-link ez-toc-heading-30\" href=\"https:\/\/loudavymkrokem.cz\/sv\/strasbourg-frankrike-tips\/#Ar_Strasbourg_en_dyr_stad\" >\u00c4r Strasbourg en dyr stad?<\/a><\/li><li class='ez-toc-page-1 ez-toc-heading-level-3'><a class=\"ez-toc-link ez-toc-heading-31\" href=\"https:\/\/loudavymkrokem.cz\/sv\/strasbourg-frankrike-tips\/#Passar_staden_for_vegetarianer\" >Passar staden f\u00f6r vegetarianer?<\/a><\/li><li class='ez-toc-page-1 ez-toc-heading-level-3'><a class=\"ez-toc-link ez-toc-heading-32\" href=\"https:\/\/loudavymkrokem.cz\/sv\/strasbourg-frankrike-tips\/#Vilka_platser_ar_bast_for_fotografering\" >Vilka platser \u00e4r b\u00e4st f\u00f6r fotografering?<\/a><\/li><\/ul><\/li><\/ul><\/nav><\/div>\n<h3 class=\"wp-block-heading\"><span class=\"ez-toc-section\" id=\"Sammanfattning_for_dig_som_inte_hinner_lasa_hela_artikeln\"><\/span>Sammanfattning f\u00f6r dig som inte hinner l\u00e4sa hela artikeln<span class=\"ez-toc-section-end\"><\/span><\/h3>\n\n\n\n<ul class=\"wp-block-list\">\n\n<li><strong>Mest bes\u00f6kta sev\u00e4rdheten:<\/strong> <a href=\"https:\/\/www.cathedrale-strasbourg.fr\/\" target=\"_blank\" rel=\"nofollow noopener\">Cath\u00e9drale Notre-Dame-de-Strasbourg<\/a> med sin unika astronomiska klocka fr\u00e5n 1500-talet.<\/li>\n\n\n\n<li><strong>Mest fotograferade platsen:<\/strong> Den pittoreska stadsdelen Petite France med korsvirkeshus och kanaler.<\/li>\n\n\n\n<li><strong>B\u00e4sta gratisutsikten:<\/strong> Terrassen p\u00e5 den historiska dammen Barrage Vauban, d\u00e4r du tar de allra vackraste bilderna.<\/li>\n\n\n\n<li><strong>Unik upplevelse:<\/strong> Gratis rundtur i Europaparlamentet och det interaktiva centret Parlamentarium Simone Veil.<\/li>\n\n\n\n<li><strong>Transport i staden:<\/strong> Centrum \u00e4r ganska bilfientligt, s\u00e5 det l\u00f6nar sig mest att anv\u00e4nda systemet med infartsparkeringar Park and Ride i kombination med sp\u00e5rvagn.<\/li>\n\n\n\n<li><strong>N\u00e4r du ska \u00e5ka:<\/strong> F\u00f6r b\u00e4sta f\u00f6rh\u00e5llande mellan pris och v\u00e4der rekommenderar jag maj, juni eller september, medan januari \u00e4r idealisk f\u00f6r de l\u00e4gsta hotellpriserna.<\/li>\n\n\n\n<li><strong>V\u00e4rldsarv:<\/strong> Hela den historiska stadsdelen Grande \u00cele samt den yngre tyska Neustadt finns med p\u00e5 UNESCO:s lista.<\/li>\n\n\n<\/ul>\n\n\n\n<h2 class=\"wp-block-heading\"><span class=\"ez-toc-section\" id=\"Nar_du_ska_aka_till_Strasbourg\"><\/span>N\u00e4r du ska \u00e5ka till Strasbourg<span class=\"ez-toc-section-end\"><\/span><\/h2>\n\n\n\n<p class=\"wp-block-paragraph\">Att planera datumet \u00e4r helt avg\u00f6rande i den h\u00e4r staden, eftersom <strong>s\u00e4songen extremt p\u00e5verkar boendepriserna h\u00e4r<\/strong>. Om du \u00e5ker i december under de ber\u00f6mda marknaderna, f\u00f6rbered dig p\u00e5 att hotellen i centrum kan kosta upp till tre g\u00e5nger sitt vanliga sommarpris. Tv\u00e4rtom kan du i januari eller februari uppleva staden helt utan folkmassor och <strong>med lite tur f\u00e5r du ett lyxigt rum f\u00f6r en br\u00e5kdel av vinterpriset<\/strong>. V\u00e5r- och h\u00f6stm\u00e5naderna \u00e4r sedan den perfekta kompromissen f\u00f6r dig som vill spara pengar men samtidigt njuta av fint v\u00e4der.<\/p>\n\n\n\n<p class=\"wp-block-paragraph\">Det behagligaste v\u00e4dret f\u00f6r l\u00e5nga promenader l\u00e4ngs kanalerna v\u00e4ntar dig <strong>i maj, juni och september<\/strong>, d\u00e5 temperaturerna ligger p\u00e5 mycket behagliga niv\u00e5er och dagarna \u00e4r tillr\u00e4ckligt l\u00e5nga. P\u00e5 sommaren kan det bli ganska varmt i stenstaden, men tack vare det allest\u00e4des n\u00e4rvarande vattnet och de vidstr\u00e4ckta parkerna klarar man det utan problem. Om du inte har n\u00e5got emot lite ruskigare v\u00e4der, <strong>avsl\u00f6jar den tidiga v\u00e5ren staden i en vackert melankolisk sinnesst\u00e4mning<\/strong>, d\u00e5 de lokala kaf\u00e9erna sakta vaknar till liv och gatorna tillh\u00f6r bara inv\u00e5narna.<\/p>\n\n\n\n<p class=\"wp-block-paragraph\">\u00c5r 2026 p\u00e5g\u00e5r de ber\u00f6mda julmarknaderna fr\u00e5n fredagen den 27 november till s\u00f6ndagen den 27 december. De breder ut sig p\u00e5 hela elva olika platser i den historiska stadsdelen Grande \u00cele, och de mest k\u00e4nda hittar du p\u00e5 Place Broglie, Place de la Cath\u00e9drale eller i gr\u00e4nderna i Petite France. Om det fr\u00e4mst \u00e4r denna magiska period som intresserar dig och du inte har n\u00e5got emot en betydligt h\u00f6gre budget, <strong>l\u00e4s g\u00e4rna v\u00e5r separata artikel <a href=\"https:\/\/loudavymkrokem.cz\/sv\/julmarknader-strasbourg-datum-program\/\">Julmarknader i Strasbourg<\/a><\/strong>, d\u00e4r du hittar en detaljerad karta \u00f6ver platserna, lokala traditioner och konkreta tips p\u00e5 traditionella godsaker.<\/p>\n\n\n\n<h2 class=\"wp-block-heading\"><span class=\"ez-toc-section\" id=\"Var_du_ska_bo_i_Strasbourg\"><\/span>Var du ska bo i Strasbourg<span class=\"ez-toc-section-end\"><\/span><\/h2>\n\n\n\n<p class=\"wp-block-paragraph\">Att v\u00e4lja r\u00e4tt l\u00e4ge f\u00f6r boendet sparar dig mycket tid och pengar f\u00f6r kollektivtrafik. Mest charmig, men logiskt nog ocks\u00e5 dyrast, \u00e4r <strong>den historiska stadsdelen Grande \u00cele och dess del Petite France<\/strong>, d\u00e4r du har alla de viktigaste sev\u00e4rdheterna bara n\u00e5gra steg fr\u00e5n s\u00e4ngen. Om du letar efter n\u00e5got betydligt lugnare och mer prisv\u00e4rt <strong>rekommenderar jag att du tittar n\u00e4rmare p\u00e5 stadsdelen Neustadt<\/strong>, som erbjuder underbar arkitektur och d\u00e4r du promenerar in till centrum p\u00e5 en behaglig promenad p\u00e5 knappt tio minuter.<\/p>\n\n\n\n<p class=\"wp-block-paragraph\">V\u00e4nta absolut inte med att boka rum till sista minuten och <strong>jag rekommenderar alltid att anv\u00e4nda p\u00e5litliga portaler som <a class=\"thirstylink\" rel=\"nofollow\" target=\"_blank\" title=\"Booking.com\" href=\"https:\/\/loudavymkrokem.cz\/doporucujeme\/booking-com\/\" data-shortcode=\"true\">Booking<\/a><\/strong>, d\u00e4r du f\u00e5r b\u00e4st \u00f6verblick \u00f6ver aktuella priser. S\u00e4rskilt under adventstiden \u00e4r de flesta rum bokade redan ett halv\u00e5r i f\u00f6rv\u00e4g. Utifr\u00e5n andra resen\u00e4rers recensioner och noggrann genomg\u00e5ng av Booking har jag valt ut ett par hotell med utm\u00e4rkt f\u00f6rh\u00e5llande mellan pris och kvalitet:<\/p>\n\n\n\n<p class=\"wp-block-paragraph\"><strong>H\u00f4tel Cour du Corbeau Strasbourg &#8211; MGallery<\/strong> \u00e4r en absolut arkitektonisk p\u00e4rla och en av de vackraste platserna att \u00f6vernatta p\u00e5 i hela staden. Det ligger i ett underbart renoverat historiskt hus med tr\u00e4lovg\u00e5ngar fr\u00e5n 1500-talet och <strong>erbjuder en of\u00f6rgl\u00f6mlig romantisk atmosf\u00e4r<\/strong> alldeles vid kanalen. G\u00e4sterna rapporterar entusiastiskt att frukostarna \u00e4r syndigt rikliga och lugnet h\u00e4pnadsv\u00e4ckande, trots att katedralen ligger fem minuters promenad bort.<\/p>\n\n\n\n<p class=\"wp-block-paragraph\">Om du f\u00f6redrar mer modern design och rena linjer har <strong>H\u00f4tel L\u00c9ONOR the place to live<\/strong> n\u00e5got speciellt. Det erbjuder en modern interi\u00f6r i en historisk byggnad ett stenkast fr\u00e5n Place Broglie, och framf\u00f6r allt en underbar innerg\u00e5rd d\u00e4r du kan avnjuta ett glas elsassiskt vin efter en hel dags g\u00e5ende.<\/p>\n\n\n\n<p class=\"wp-block-paragraph\">F\u00f6r resen\u00e4rer med lite stramare budget \u00e4r <strong>H\u00f4tel Gutenberg<\/strong> ett utm\u00e4rkt val, bel\u00e4get p\u00e5 en helt strategisk plats ett stenkast fr\u00e5n den huvudsakliga g\u00e5gatan. Rummen \u00e4r visserligen lite mindre, men <strong>utm\u00e4rker sig genom perfekt renlighet och mycket bekv\u00e4ma s\u00e4ngar<\/strong>. Ett stort plus enligt g\u00e4sterna \u00e4r ocks\u00e5 den oerh\u00f6rt hj\u00e4lpsamma personalen, som g\u00e4rna hj\u00e4lper dig att orientera dig i staden och rekommenderar de b\u00e4sta lokala bagerierna i n\u00e4rheten. Om du vill utforska fler alternativ i olika prisklasser, ta en titt p\u00e5 v\u00e5r detaljerade artikel <a href=\"https:\/\/loudavymkrokem.cz\/kde-bydlet-ve-strasburku\/\">Var du ska bo i Strasbourg<\/a>.<\/p>\n\n\n\n\n\n<p class=\"wp-block-paragraph\"><em>\ud83d\udca1 <a href=\"https:\/\/www.stay22.com\/allez\/roam?aid=lukaskonecny&#038;campaign=loudavymkrokemcz&#038;campaign=co-videt-ve-strasburku&#038;address=%C5%A0trasburk%2C%20Francie\" target=\"_blank\" rel=\"nofollow noopener sponsored\">P\u00e5 den h\u00e4r kartan kan du j\u00e4mf\u00f6ra vad som \u00e4r ledigt just nu<\/a> \u2014 du ser direkt hur mycket billigare boendet blir n\u00e5gra h\u00e5llplatser fr\u00e5n centrum.<\/em><\/p>\n\n<h2 class=\"wp-block-heading\"><span class=\"ez-toc-section\" id=\"18_tips_pa_vad_du_kan_se_och_gora_i_Strasbourg\"><\/span>18 tips p\u00e5 vad du kan se och g\u00f6ra i Strasbourg<span class=\"ez-toc-section-end\"><\/span><\/h2>\n\n\n\n<p class=\"wp-block-paragraph\">Oavsett om du bara har en helg eller en hel vecka avsatt f\u00f6r bes\u00f6ket kommer du definitivt inte att ha tr\u00e5kigt h\u00e4r. Jag har f\u00f6rberett en <strong>lista med arton platser och upplevelser<\/strong> som du absolut inte b\u00f6r missa n\u00e4r du planerar din resrutt. Jag har inkluderat b\u00e5de de mest k\u00e4nda ikoniska sev\u00e4rdheterna och n\u00e5gra lugnare vr\u00e5r.<\/p>\n\n\n\n<figure data-wp-context=\"{&quot;imageId&quot;:&quot;6a9c3a7466a52&quot;}\" data-wp-interactive=\"core\/image\" data-wp-key=\"6a9c3a7466a52\" class=\"wp-block-image size-full wp-lightbox-container\"><img decoding=\"async\" width=\"1600\" height=\"2133\" data-wp-class--hide=\"state.isContentHidden\" data-wp-class--show=\"state.isContentVisible\" data-wp-init=\"callbacks.setButtonStyles\" data-wp-on--click=\"actions.showLightbox\" data-wp-on--load=\"callbacks.setButtonStyles\" data-wp-on--pointerdown=\"actions.preloadImage\" data-wp-on--pointerenter=\"actions.preloadImageWithDelay\" data-wp-on--pointerleave=\"actions.cancelPreload\" data-wp-on-window--resize=\"callbacks.setButtonStyles\" src=\"https:\/\/loudavymkrokem.cz\/wp-content\/uploads\/2026\/09\/cath-drale-notre-dame-de-strasbourg.jpg\" alt=\"Cath\u00e9drale Notre-Dame-de-Strasbourg\" class=\"wp-image-413168\" title=\"\" srcset=\"https:\/\/loudavymkrokem.cz\/wp-content\/uploads\/2026\/09\/cath-drale-notre-dame-de-strasbourg.jpg 1600w, https:\/\/loudavymkrokem.cz\/wp-content\/uploads\/2026\/09\/cath-drale-notre-dame-de-strasbourg-225x300.jpg 225w, https:\/\/loudavymkrokem.cz\/wp-content\/uploads\/2026\/09\/cath-drale-notre-dame-de-strasbourg-700x933.jpg 700w, https:\/\/loudavymkrokem.cz\/wp-content\/uploads\/2026\/09\/cath-drale-notre-dame-de-strasbourg-768x1024.jpg 768w, https:\/\/loudavymkrokem.cz\/wp-content\/uploads\/2026\/09\/cath-drale-notre-dame-de-strasbourg-1152x1536.jpg 1152w, https:\/\/loudavymkrokem.cz\/wp-content\/uploads\/2026\/09\/cath-drale-notre-dame-de-strasbourg-1536x2048.jpg 1536w, https:\/\/loudavymkrokem.cz\/wp-content\/uploads\/2026\/09\/cath-drale-notre-dame-de-strasbourg-696x928.jpg 696w, https:\/\/loudavymkrokem.cz\/wp-content\/uploads\/2026\/09\/cath-drale-notre-dame-de-strasbourg-1392x1856.jpg 1392w\" sizes=\"(max-width: 1600px) 100vw, 1600px\" \/><button\n\t\t\tclass=\"lightbox-trigger\"\n\t\t\ttype=\"button\"\n\t\t\taria-haspopup=\"dialog\"\n\t\t\tdata-wp-bind--aria-label=\"state.thisImage.triggerButtonAriaLabel\"\n\t\t\tdata-wp-init=\"callbacks.initTriggerButton\"\n\t\t\tdata-wp-on--click=\"actions.showLightbox\"\n\t\t\tdata-wp-style--right=\"state.thisImage.buttonRight\"\n\t\t\tdata-wp-style--top=\"state.thisImage.buttonTop\"\n\t\t>\n\t\t\t<svg xmlns=\"http:\/\/www.w3.org\/2000\/svg\" width=\"12\" height=\"12\" fill=\"none\" viewBox=\"0 0 12 12\">\n\t\t\t\t<path fill=\"#fff\" d=\"M2 0a2 2 0 0 0-2 2v2h1.5V2a.5.5 0 0 1 .5-.5h2V0H2Zm2 10.5H2a.5.5 0 0 1-.5-.5V8H0v2a2 2 0 0 0 2 2h2v-1.5ZM8 12v-1.5h2a.5.5 0 0 0 .5-.5V8H12v2a2 2 0 0 1-2 2H8Zm2-12a2 2 0 0 1 2 2v2h-1.5V2a.5.5 0 0 0-.5-.5H8V0h2Z\" \/>\n\t\t\t<\/svg>\n\t\t<\/button><figcaption class=\"wp-element-caption\">Foto: Dorien Van Der Werf \/ Google Maps<\/figcaption><\/figure>\n\n\n\n<h3 class=\"wp-block-heading\"><span class=\"ez-toc-section\" id=\"1_Cathedrale_Notre-Dame-de-Strasbourg\"><\/span>1. Cath\u00e9drale Notre-Dame-de-Strasbourg<span class=\"ez-toc-section-end\"><\/span><\/h3>\n\n\n\n<p class=\"wp-block-paragraph\">Denna monumentala gotiska katedral fr\u00e5n 1200-talet \u00e4r med r\u00e4tta <strong>stadens mest bes\u00f6kta plats<\/strong>. N\u00e4r du f\u00f6rsta g\u00e5ngen st\u00e5r framf\u00f6r den p\u00e5 det lilla torget tar dess enorma fasad av rosa vogeserisk sandsten garanterat andan ur dig. Det mest fascinerande med byggnaden \u00e4r dess asymmetri, f\u00f6r det andra tornet blev aldrig f\u00e4rdigbyggt och katedralen fick d\u00e4rmed sitt helt of\u00f6rv\u00e4xelbara utseende. Bygget tog flera \u00e5rhundraden och p\u00e5 varje centimeter sten syns den otroliga precisionen hos d\u00e5tidens m\u00e4stare.<\/p>\n\n\n\n<p class=\"wp-block-paragraph\">Inuti v\u00e4ntar ett enormt rum upplyst genom underbara glasm\u00e5lningar, av vilka <strong>det stora rosettf\u00f6nstret ovanf\u00f6r huvudentr\u00e9n h\u00f6r till de vackraste i hela Europa<\/strong>. Intr\u00e4det till katedralens huvudskepp \u00e4r gratis, men var beredd p\u00e5 att det ofta \u00e4r k\u00f6 vid ing\u00e5ngen p\u00e5 grund av s\u00e4kerhetskontroller. Som tur \u00e4r r\u00f6r sig k\u00f6n ganska snabbt, s\u00e5 det beh\u00f6ver inte avskr\u00e4cka dig alls. Sj\u00e4lva interi\u00f6ren verkar otroligt majest\u00e4tisk och det \u00e4r definitivt v\u00e4rt det att g\u00e5 igenom den i lugn och ro utan att stressa.<\/p>\n\n\n\n<p class=\"wp-block-paragraph\">\ud83d\udca1 Tips: Den b\u00e4sta tiden f\u00f6r att fotografera exteri\u00f6ren \u00e4r <strong>sen eftermiddag eller tidig kv\u00e4ll<\/strong>, d\u00e5 den nedg\u00e5ende solen underbart lyser upp den rosa sandstenen och hela byggnaden f\u00e5r en fantastisk varm ton. Torget runt katedralen \u00e4r dessutom kantat av historiska hus som skapar den perfekta fotogeniska kulissen. Du kan s\u00e4tta dig p\u00e5 ett av de intilliggande kaf\u00e9erna och bara betrakta hur stenens f\u00e4rger f\u00f6r\u00e4ndras.<\/p>\n\n\n\n<figure data-wp-context=\"{&quot;imageId&quot;:&quot;6a9c3a7466f14&quot;}\" data-wp-interactive=\"core\/image\" data-wp-key=\"6a9c3a7466f14\" class=\"wp-block-image size-full wp-lightbox-container\"><img decoding=\"async\" width=\"1171\" height=\"1560\" data-wp-class--hide=\"state.isContentHidden\" data-wp-class--show=\"state.isContentVisible\" data-wp-init=\"callbacks.setButtonStyles\" data-wp-on--click=\"actions.showLightbox\" data-wp-on--load=\"callbacks.setButtonStyles\" data-wp-on--pointerdown=\"actions.preloadImage\" data-wp-on--pointerenter=\"actions.preloadImageWithDelay\" data-wp-on--pointerleave=\"actions.cancelPreload\" data-wp-on-window--resize=\"callbacks.setButtonStyles\" src=\"https:\/\/loudavymkrokem.cz\/wp-content\/uploads\/2026\/09\/astronomick-hodiny-ze-estn-ct-ho-stolet.jpg\" alt=\"Astronomisk klocka fr\u00e5n 1500-talet\" class=\"wp-image-413172\" title=\"\" srcset=\"https:\/\/loudavymkrokem.cz\/wp-content\/uploads\/2026\/09\/astronomick-hodiny-ze-estn-ct-ho-stolet.jpg 1171w, https:\/\/loudavymkrokem.cz\/wp-content\/uploads\/2026\/09\/astronomick-hodiny-ze-estn-ct-ho-stolet-225x300.jpg 225w, https:\/\/loudavymkrokem.cz\/wp-content\/uploads\/2026\/09\/astronomick-hodiny-ze-estn-ct-ho-stolet-700x933.jpg 700w, https:\/\/loudavymkrokem.cz\/wp-content\/uploads\/2026\/09\/astronomick-hodiny-ze-estn-ct-ho-stolet-768x1023.jpg 768w, https:\/\/loudavymkrokem.cz\/wp-content\/uploads\/2026\/09\/astronomick-hodiny-ze-estn-ct-ho-stolet-1153x1536.jpg 1153w, https:\/\/loudavymkrokem.cz\/wp-content\/uploads\/2026\/09\/astronomick-hodiny-ze-estn-ct-ho-stolet-696x927.jpg 696w\" sizes=\"(max-width: 1171px) 100vw, 1171px\" \/><button\n\t\t\tclass=\"lightbox-trigger\"\n\t\t\ttype=\"button\"\n\t\t\taria-haspopup=\"dialog\"\n\t\t\tdata-wp-bind--aria-label=\"state.thisImage.triggerButtonAriaLabel\"\n\t\t\tdata-wp-init=\"callbacks.initTriggerButton\"\n\t\t\tdata-wp-on--click=\"actions.showLightbox\"\n\t\t\tdata-wp-style--right=\"state.thisImage.buttonRight\"\n\t\t\tdata-wp-style--top=\"state.thisImage.buttonTop\"\n\t\t>\n\t\t\t<svg xmlns=\"http:\/\/www.w3.org\/2000\/svg\" width=\"12\" height=\"12\" fill=\"none\" viewBox=\"0 0 12 12\">\n\t\t\t\t<path fill=\"#fff\" d=\"M2 0a2 2 0 0 0-2 2v2h1.5V2a.5.5 0 0 1 .5-.5h2V0H2Zm2 10.5H2a.5.5 0 0 1-.5-.5V8H0v2a2 2 0 0 0 2 2h2v-1.5ZM8 12v-1.5h2a.5.5 0 0 0 .5-.5V8H12v2a2 2 0 0 1-2 2H8Zm2-12a2 2 0 0 1 2 2v2h-1.5V2a.5.5 0 0 0-.5-.5H8V0h2Z\" \/>\n\t\t\t<\/svg>\n\t\t<\/button><figcaption class=\"wp-element-caption\">Foto: H \/ Google Maps<\/figcaption><\/figure>\n\n\n\n<h3 class=\"wp-block-heading\"><span class=\"ez-toc-section\" id=\"2_Den_astronomiska_klockan_fran_1500-talet\"><\/span>2. Den astronomiska klockan fr\u00e5n 1500-talet<span class=\"ez-toc-section-end\"><\/span><\/h3>\n\n\n\n<p class=\"wp-block-paragraph\">Inne i katedralen d\u00f6ljer sig ett tekniskt och konstn\u00e4rligt underverk, n\u00e4mligen <strong>den astronomiska ren\u00e4ssansklockan<\/strong>. Denna komplexa mekanism h\u00e4rstammar fr\u00e5n 1500-talet och visar inte bara exakt tid, utan \u00e4ven solens och m\u00e5nens position samt aktuellt stj\u00e4rntecken. Detaljerna och precisionen i snickeriarbetet p\u00e5 sj\u00e4lva klocksk\u00e5pet \u00e4r otroliga p\u00e5 n\u00e4ra h\u00e5ll och bevisar den enorma skickligheten hos d\u00e5tidens matematiker och hantverkare.<\/p>\n\n\n\n<p class=\"wp-block-paragraph\">Huvudf\u00f6rest\u00e4llningen utspelar sig varje dag exakt klockan 12.30, d\u00e5 <strong>en komplex parad av r\u00f6rliga figurer s\u00e4tts ig\u00e5ng<\/strong>. Du f\u00e5r se apostlarna defilera framf\u00f6r Kristus och olika faser i m\u00e4nniskolivet fr\u00e5n barndom till d\u00f6d, som symboliskt m\u00e4ter den f\u00f6rflutna tiden. Denna popul\u00e4ra lunchshow kostar en liten intr\u00e4desavgift och biljetterna s\u00e4ljs vid sydportalen, och det \u00e4r mycket bra att komma i god tid f\u00f6r att \u00f6verhuvudtaget ha n\u00e5gon sikt.<\/p>\n\n\n\n<p class=\"wp-block-paragraph\">\u00c4ven om du inte hinner till lunchf\u00f6rest\u00e4llningen \u00e4r klockan v\u00e4rd att se n\u00e4r som helst. Mindre r\u00f6relser av figurerna sker varje kvart och hela mekanismen \u00e4r dessutom vackert belyst, s\u00e5 du missar definitivt inte upplevelsen.<\/p>\n\n\n\n<figure data-wp-context=\"{&quot;imageId&quot;:&quot;6a9c3a746736b&quot;}\" data-wp-interactive=\"core\/image\" data-wp-key=\"6a9c3a746736b\" class=\"wp-block-image size-full wp-lightbox-container\"><img decoding=\"async\" width=\"1080\" height=\"1397\" data-wp-class--hide=\"state.isContentHidden\" data-wp-class--show=\"state.isContentVisible\" data-wp-init=\"callbacks.setButtonStyles\" data-wp-on--click=\"actions.showLightbox\" data-wp-on--load=\"callbacks.setButtonStyles\" data-wp-on--pointerdown=\"actions.preloadImage\" data-wp-on--pointerenter=\"actions.preloadImageWithDelay\" data-wp-on--pointerleave=\"actions.cancelPreload\" data-wp-on-window--resize=\"callbacks.setButtonStyles\" src=\"https:\/\/loudavymkrokem.cz\/wp-content\/uploads\/2026\/09\/swap-412754-3-f43292b7.jpg\" alt=\"Utsikt fr\u00e5n plattformen p\u00e5 Strasbourgs katedral\" class=\"wp-image-413447\" title=\"\" srcset=\"https:\/\/loudavymkrokem.cz\/wp-content\/uploads\/2026\/09\/swap-412754-3-f43292b7.jpg 1080w, https:\/\/loudavymkrokem.cz\/wp-content\/uploads\/2026\/09\/swap-412754-3-f43292b7-232x300.jpg 232w, https:\/\/loudavymkrokem.cz\/wp-content\/uploads\/2026\/09\/swap-412754-3-f43292b7-700x905.jpg 700w, https:\/\/loudavymkrokem.cz\/wp-content\/uploads\/2026\/09\/swap-412754-3-f43292b7-768x993.jpg 768w, https:\/\/loudavymkrokem.cz\/wp-content\/uploads\/2026\/09\/swap-412754-3-f43292b7-696x900.jpg 696w\" sizes=\"(max-width: 1080px) 100vw, 1080px\" \/><button\n\t\t\tclass=\"lightbox-trigger\"\n\t\t\ttype=\"button\"\n\t\t\taria-haspopup=\"dialog\"\n\t\t\tdata-wp-bind--aria-label=\"state.thisImage.triggerButtonAriaLabel\"\n\t\t\tdata-wp-init=\"callbacks.initTriggerButton\"\n\t\t\tdata-wp-on--click=\"actions.showLightbox\"\n\t\t\tdata-wp-style--right=\"state.thisImage.buttonRight\"\n\t\t\tdata-wp-style--top=\"state.thisImage.buttonTop\"\n\t\t>\n\t\t\t<svg xmlns=\"http:\/\/www.w3.org\/2000\/svg\" width=\"12\" height=\"12\" fill=\"none\" viewBox=\"0 0 12 12\">\n\t\t\t\t<path fill=\"#fff\" d=\"M2 0a2 2 0 0 0-2 2v2h1.5V2a.5.5 0 0 1 .5-.5h2V0H2Zm2 10.5H2a.5.5 0 0 1-.5-.5V8H0v2a2 2 0 0 0 2 2h2v-1.5ZM8 12v-1.5h2a.5.5 0 0 0 .5-.5V8H12v2a2 2 0 0 1-2 2H8Zm2-12a2 2 0 0 1 2 2v2h-1.5V2a.5.5 0 0 0-.5-.5H8V0h2Z\" \/>\n\t\t\t<\/svg>\n\t\t<\/button><figcaption class=\"wp-element-caption\">Foto: Lydia Bogdanovic \/ Google Maps<\/figcaption><\/figure>\n\n\n\n<h3 class=\"wp-block-heading\"><span class=\"ez-toc-section\" id=\"3_Uppstigningen_till_katedralens_utsiktsplattform\"><\/span>3. Uppstigningen till katedralens utsiktsplattform<span class=\"ez-toc-section-end\"><\/span><\/h3>\n\n\n\n<p class=\"wp-block-paragraph\">Om du inte lider av svindel och har \u00e5tminstone n\u00e5gorlunda god kondition <strong>f\u00e5r du absolut inte missa uppstigningen till utsiktsplattformen<\/strong>. Den befinner sig p\u00e5 en respektingivande h\u00f6jd av sextiosex meter och upp leder trehundratrettiotv\u00e5 ganska smala spiraltrappor. Biljetter k\u00f6per du i ett litet hus till h\u00f6ger om huvudentr\u00e9n, och man sl\u00e4pper bara upp ett begr\u00e4nsat antal personer \u00e5t g\u00e5ngen, s\u00e5 var inte r\u00e4dd f\u00f6r en kort v\u00e4ntan.<\/p>\n\n\n\n<p class=\"wp-block-paragraph\">Bel\u00f6ningen f\u00f6r den svettiga tr\u00f6jan blir en <strong>helt fantastisk panoramautsikt \u00f6ver hela staden<\/strong>. Du f\u00e5r se de historiska husens tak, det intrikata n\u00e4tverket av kanaler och vid klart v\u00e4der ser du \u00e4nda till Vogeserna p\u00e5 den franska sidan och den m\u00f6rka Schwarzwald p\u00e5 den tyska sidan. Det \u00e4r det b\u00e4sta m\u00f6jliga s\u00e4ttet att f\u00f6rst\u00e5 stadens \u00f6vergripande utformning och ta reda p\u00e5 var de mest intressanta stadsdelarna ligger.<\/p>\n\n\n\n<p class=\"wp-block-paragraph\">\ud83d\udca1 Tips: Jag rekommenderar verkligen inte uppstigningen f\u00f6r personer med klaustrofobi, eftersom <strong>trappan \u00e4r mycket smal p\u00e5 sina st\u00e4llen och det \u00e4r sv\u00e5rt att v\u00e4ja f\u00f6r andra bes\u00f6kare<\/strong>. Uppe p\u00e5 plattformen finns dock som tur \u00e4r gott om plats att vila p\u00e5 och ta de allra vackraste bilderna fr\u00e5n f\u00e5gelperspektiv.<\/p>\n\n\n\n<figure data-wp-context=\"{&quot;imageId&quot;:&quot;6a9c3a74678eb&quot;}\" data-wp-interactive=\"core\/image\" data-wp-key=\"6a9c3a74678eb\" class=\"wp-block-image size-full wp-lightbox-container\"><img decoding=\"async\" width=\"1600\" height=\"2133\" data-wp-class--hide=\"state.isContentHidden\" data-wp-class--show=\"state.isContentVisible\" data-wp-init=\"callbacks.setButtonStyles\" data-wp-on--click=\"actions.showLightbox\" data-wp-on--load=\"callbacks.setButtonStyles\" data-wp-on--pointerdown=\"actions.preloadImage\" data-wp-on--pointerenter=\"actions.preloadImageWithDelay\" data-wp-on--pointerleave=\"actions.cancelPreload\" data-wp-on-window--resize=\"callbacks.setButtonStyles\" src=\"https:\/\/loudavymkrokem.cz\/wp-content\/uploads\/2026\/09\/petite-france.jpg\" alt=\"Petite France\" class=\"wp-image-413182\" title=\"\" srcset=\"https:\/\/loudavymkrokem.cz\/wp-content\/uploads\/2026\/09\/petite-france.jpg 1600w, https:\/\/loudavymkrokem.cz\/wp-content\/uploads\/2026\/09\/petite-france-225x300.jpg 225w, https:\/\/loudavymkrokem.cz\/wp-content\/uploads\/2026\/09\/petite-france-700x933.jpg 700w, https:\/\/loudavymkrokem.cz\/wp-content\/uploads\/2026\/09\/petite-france-768x1024.jpg 768w, https:\/\/loudavymkrokem.cz\/wp-content\/uploads\/2026\/09\/petite-france-1152x1536.jpg 1152w, https:\/\/loudavymkrokem.cz\/wp-content\/uploads\/2026\/09\/petite-france-1536x2048.jpg 1536w, https:\/\/loudavymkrokem.cz\/wp-content\/uploads\/2026\/09\/petite-france-696x928.jpg 696w, https:\/\/loudavymkrokem.cz\/wp-content\/uploads\/2026\/09\/petite-france-1392x1856.jpg 1392w\" sizes=\"(max-width: 1600px) 100vw, 1600px\" \/><button\n\t\t\tclass=\"lightbox-trigger\"\n\t\t\ttype=\"button\"\n\t\t\taria-haspopup=\"dialog\"\n\t\t\tdata-wp-bind--aria-label=\"state.thisImage.triggerButtonAriaLabel\"\n\t\t\tdata-wp-init=\"callbacks.initTriggerButton\"\n\t\t\tdata-wp-on--click=\"actions.showLightbox\"\n\t\t\tdata-wp-style--right=\"state.thisImage.buttonRight\"\n\t\t\tdata-wp-style--top=\"state.thisImage.buttonTop\"\n\t\t>\n\t\t\t<svg xmlns=\"http:\/\/www.w3.org\/2000\/svg\" width=\"12\" height=\"12\" fill=\"none\" viewBox=\"0 0 12 12\">\n\t\t\t\t<path fill=\"#fff\" d=\"M2 0a2 2 0 0 0-2 2v2h1.5V2a.5.5 0 0 1 .5-.5h2V0H2Zm2 10.5H2a.5.5 0 0 1-.5-.5V8H0v2a2 2 0 0 0 2 2h2v-1.5ZM8 12v-1.5h2a.5.5 0 0 0 .5-.5V8H12v2a2 2 0 0 1-2 2H8Zm2-12a2 2 0 0 1 2 2v2h-1.5V2a.5.5 0 0 0-.5-.5H8V0h2Z\" \/>\n\t\t\t<\/svg>\n\t\t<\/button><figcaption class=\"wp-element-caption\">Foto: Zulfikar CEKIC \/ Google Maps<\/figcaption><\/figure>\n\n\n\n<h3 class=\"wp-block-heading\"><span class=\"ez-toc-section\" id=\"4_Petite_France\"><\/span>4. Petite France<span class=\"ez-toc-section-end\"><\/span><\/h3>\n\n\n\n<p class=\"wp-block-paragraph\">Stadens mest fotograferade och otvivelaktigt mest romantiska stadsdel \u00e4r den ber\u00f6mda Petite France. F\u00f6rr i tiden bodde och arbetade h\u00e4r fr\u00e4mst garvare, mj\u00f6lnare och fiskare, som beh\u00f6vde direkt tillg\u00e5ng till rinnande vatten f\u00f6r att ut\u00f6va sina kr\u00e4vande yrken. Idag \u00e4r det ett <strong>underbart n\u00e4tverk av smala kanaler kantade av perfekt bevarade korsvirkeshus<\/strong> med typiska sluttande tak, under vilka man f\u00f6rr torkade djurhudar.<\/p>\n\n\n\n<p class=\"wp-block-paragraph\">Det b\u00e4sta s\u00e4ttet att njuta av denna historiska stadsdel \u00e4r att <strong>helt enkelt g\u00e5 vilse i dess gr\u00e4nder utan br\u00e5dska<\/strong>. Du st\u00f6ter p\u00e5 massor av sm\u00e5 butiker, hantverksbagerier och mysiga kaf\u00e9er d\u00e4r du kan stanna f\u00f6r en kaffe och titta p\u00e5 turistb\u00e5tarna som glider f\u00f6rbi. Under sommarm\u00e5naderna \u00e4r dessutom alla f\u00f6nster och broar \u00f6vers\u00e5llade med ett hav av f\u00e4rgglada pelargoner, vilket skapar en helt sagolik kuliss.<\/p>\n\n\n\n<p class=\"wp-block-paragraph\">Trots att det \u00e4r stadens mest turistt\u00e4ta del beh\u00e5ller den fortfarande sin enorma charm. <strong>F\u00f6rs\u00f6k att komma hit riktigt tidigt p\u00e5 morgonen, innan gatorna fylls med folk<\/strong>, s\u00e5 upplever du den \u00e4kta lugna elsassiska atmosf\u00e4ren, d\u00e5 de gamla historiska fasaderna speglar sig i kanalernas stilla yta.<\/p>\n\n\n\n<figure data-wp-context=\"{&quot;imageId&quot;:&quot;6a9c3a7468218&quot;}\" data-wp-interactive=\"core\/image\" data-wp-key=\"6a9c3a7468218\" class=\"wp-block-image size-full wp-lightbox-container\"><img decoding=\"async\" width=\"1600\" height=\"1200\" data-wp-class--hide=\"state.isContentHidden\" data-wp-class--show=\"state.isContentVisible\" data-wp-init=\"callbacks.setButtonStyles\" data-wp-on--click=\"actions.showLightbox\" data-wp-on--load=\"callbacks.setButtonStyles\" data-wp-on--pointerdown=\"actions.preloadImage\" data-wp-on--pointerenter=\"actions.preloadImageWithDelay\" data-wp-on--pointerleave=\"actions.cancelPreload\" data-wp-on-window--resize=\"callbacks.setButtonStyles\" src=\"https:\/\/loudavymkrokem.cz\/wp-content\/uploads\/2026\/09\/ponts-couverts-de-strasbourg.jpg\" alt=\"Ponts Couverts de Strasbourg\" class=\"wp-image-413186\" title=\"\" srcset=\"https:\/\/loudavymkrokem.cz\/wp-content\/uploads\/2026\/09\/ponts-couverts-de-strasbourg.jpg 1600w, https:\/\/loudavymkrokem.cz\/wp-content\/uploads\/2026\/09\/ponts-couverts-de-strasbourg-300x225.jpg 300w, https:\/\/loudavymkrokem.cz\/wp-content\/uploads\/2026\/09\/ponts-couverts-de-strasbourg-700x525.jpg 700w, https:\/\/loudavymkrokem.cz\/wp-content\/uploads\/2026\/09\/ponts-couverts-de-strasbourg-768x576.jpg 768w, https:\/\/loudavymkrokem.cz\/wp-content\/uploads\/2026\/09\/ponts-couverts-de-strasbourg-1536x1152.jpg 1536w, https:\/\/loudavymkrokem.cz\/wp-content\/uploads\/2026\/09\/ponts-couverts-de-strasbourg-80x60.jpg 80w, https:\/\/loudavymkrokem.cz\/wp-content\/uploads\/2026\/09\/ponts-couverts-de-strasbourg-160x120.jpg 160w, https:\/\/loudavymkrokem.cz\/wp-content\/uploads\/2026\/09\/ponts-couverts-de-strasbourg-696x522.jpg 696w, https:\/\/loudavymkrokem.cz\/wp-content\/uploads\/2026\/09\/ponts-couverts-de-strasbourg-1392x1044.jpg 1392w\" sizes=\"(max-width: 1600px) 100vw, 1600px\" \/><button\n\t\t\tclass=\"lightbox-trigger\"\n\t\t\ttype=\"button\"\n\t\t\taria-haspopup=\"dialog\"\n\t\t\tdata-wp-bind--aria-label=\"state.thisImage.triggerButtonAriaLabel\"\n\t\t\tdata-wp-init=\"callbacks.initTriggerButton\"\n\t\t\tdata-wp-on--click=\"actions.showLightbox\"\n\t\t\tdata-wp-style--right=\"state.thisImage.buttonRight\"\n\t\t\tdata-wp-style--top=\"state.thisImage.buttonTop\"\n\t\t>\n\t\t\t<svg xmlns=\"http:\/\/www.w3.org\/2000\/svg\" width=\"12\" height=\"12\" fill=\"none\" viewBox=\"0 0 12 12\">\n\t\t\t\t<path fill=\"#fff\" d=\"M2 0a2 2 0 0 0-2 2v2h1.5V2a.5.5 0 0 1 .5-.5h2V0H2Zm2 10.5H2a.5.5 0 0 1-.5-.5V8H0v2a2 2 0 0 0 2 2h2v-1.5ZM8 12v-1.5h2a.5.5 0 0 0 .5-.5V8H12v2a2 2 0 0 1-2 2H8Zm2-12a2 2 0 0 1 2 2v2h-1.5V2a.5.5 0 0 0-.5-.5H8V0h2Z\" \/>\n\t\t\t<\/svg>\n\t\t<\/button><figcaption class=\"wp-element-caption\">Foto: Lukas PL \/ Google Maps<\/figcaption><\/figure>\n\n\n\n<h3 class=\"wp-block-heading\"><span class=\"ez-toc-section\" id=\"5_Ponts_Couverts_de_Strasbourg\"><\/span>5. Ponts Couverts de Strasbourg<span class=\"ez-toc-section-end\"><\/span><\/h3>\n\n\n\n<p class=\"wp-block-paragraph\">Alldeles i utkanten av den pittoreska stadsdelen Petite France st\u00f6ter du p\u00e5 imponerande l\u00e4mningar av medeltida bef\u00e4stningar som kallas Ponts Couverts. Ursprungligen r\u00f6rde det sig om ett genialt system av tre broar och fyra f\u00f6rsvarstorn fr\u00e5n 1200-talet, som <strong>tj\u00e4nade till att skydda staden mot fiendeanfall l\u00e4ngs floden<\/strong>. Trots att broarna f\u00f6r l\u00e4nge sedan f\u00f6rlorade sina ursprungliga tr\u00e4tak har namnet \u00f6vert\u00e4ckta broar levt kvar \u00e4n idag, till m\u00e5nga turisters f\u00f6rv\u00e5ning.<\/p>\n\n\n\n<p class=\"wp-block-paragraph\">En promenad \u00f6ver dessa stenbroar erbjuder underbar utsikt \u00f6ver vattenytan och djupt in i gamla staden. <strong>De fyra m\u00e4ktiga fyrkantiga tornen verkar verkligen majest\u00e4tiska<\/strong> och kompletterar utm\u00e4rkt den r\u00e5are historiska karakt\u00e4ren i denna del av Strasbourg. Hela komplexet \u00e4r dessutom mycket smakfullt och dramatiskt upplyst p\u00e5 natten, s\u00e5 en kv\u00e4llspromenad har sin helt of\u00f6rv\u00e4xelbara och l\u00e4tt mystiska charm.<\/p>\n\n\n\n<p class=\"wp-block-paragraph\">N\u00e4r du r\u00f6r dig i det h\u00e4r omr\u00e5det st\u00f6ter du p\u00e5 massor av vackra vr\u00e5r och dolda b\u00e4nkar d\u00e4r du kan vila. Omgivningen kring broarna \u00e4r fint bevuxen med gr\u00f6nska och stora tr\u00e4d, s\u00e5 under den heta sommaren br\u00e4nner du \u00e5tminstone inte hj\u00e4rnan medan du vilar.<\/p>\n\n\n\n<figure data-wp-context=\"{&quot;imageId&quot;:&quot;6a9c3a74689f0&quot;}\" data-wp-interactive=\"core\/image\" data-wp-key=\"6a9c3a74689f0\" class=\"wp-block-image size-full wp-lightbox-container\"><img decoding=\"async\" width=\"1600\" height=\"1200\" data-wp-class--hide=\"state.isContentHidden\" data-wp-class--show=\"state.isContentVisible\" data-wp-init=\"callbacks.setButtonStyles\" data-wp-on--click=\"actions.showLightbox\" data-wp-on--load=\"callbacks.setButtonStyles\" data-wp-on--pointerdown=\"actions.preloadImage\" data-wp-on--pointerenter=\"actions.preloadImageWithDelay\" data-wp-on--pointerleave=\"actions.cancelPreload\" data-wp-on-window--resize=\"callbacks.setButtonStyles\" src=\"https:\/\/loudavymkrokem.cz\/wp-content\/uploads\/2026\/09\/barrage-vauban.jpg\" alt=\"Barrage Vauban\" class=\"wp-image-413191\" title=\"\" srcset=\"https:\/\/loudavymkrokem.cz\/wp-content\/uploads\/2026\/09\/barrage-vauban.jpg 1600w, https:\/\/loudavymkrokem.cz\/wp-content\/uploads\/2026\/09\/barrage-vauban-300x225.jpg 300w, https:\/\/loudavymkrokem.cz\/wp-content\/uploads\/2026\/09\/barrage-vauban-700x525.jpg 700w, https:\/\/loudavymkrokem.cz\/wp-content\/uploads\/2026\/09\/barrage-vauban-768x576.jpg 768w, https:\/\/loudavymkrokem.cz\/wp-content\/uploads\/2026\/09\/barrage-vauban-1536x1152.jpg 1536w, https:\/\/loudavymkrokem.cz\/wp-content\/uploads\/2026\/09\/barrage-vauban-80x60.jpg 80w, https:\/\/loudavymkrokem.cz\/wp-content\/uploads\/2026\/09\/barrage-vauban-160x120.jpg 160w, https:\/\/loudavymkrokem.cz\/wp-content\/uploads\/2026\/09\/barrage-vauban-696x522.jpg 696w, https:\/\/loudavymkrokem.cz\/wp-content\/uploads\/2026\/09\/barrage-vauban-1392x1044.jpg 1392w\" sizes=\"(max-width: 1600px) 100vw, 1600px\" \/><button\n\t\t\tclass=\"lightbox-trigger\"\n\t\t\ttype=\"button\"\n\t\t\taria-haspopup=\"dialog\"\n\t\t\tdata-wp-bind--aria-label=\"state.thisImage.triggerButtonAriaLabel\"\n\t\t\tdata-wp-init=\"callbacks.initTriggerButton\"\n\t\t\tdata-wp-on--click=\"actions.showLightbox\"\n\t\t\tdata-wp-style--right=\"state.thisImage.buttonRight\"\n\t\t\tdata-wp-style--top=\"state.thisImage.buttonTop\"\n\t\t>\n\t\t\t<svg xmlns=\"http:\/\/www.w3.org\/2000\/svg\" width=\"12\" height=\"12\" fill=\"none\" viewBox=\"0 0 12 12\">\n\t\t\t\t<path fill=\"#fff\" d=\"M2 0a2 2 0 0 0-2 2v2h1.5V2a.5.5 0 0 1 .5-.5h2V0H2Zm2 10.5H2a.5.5 0 0 1-.5-.5V8H0v2a2 2 0 0 0 2 2h2v-1.5ZM8 12v-1.5h2a.5.5 0 0 0 .5-.5V8H12v2a2 2 0 0 1-2 2H8Zm2-12a2 2 0 0 1 2 2v2h-1.5V2a.5.5 0 0 0-.5-.5H8V0h2Z\" \/>\n\t\t\t<\/svg>\n\t\t<\/button><figcaption class=\"wp-element-caption\">Foto: cyril L. \/ Google Maps<\/figcaption><\/figure>\n\n\n\n<h3 class=\"wp-block-heading\"><span class=\"ez-toc-section\" id=\"6_Barrage_Vauban\"><\/span>6. Barrage Vauban<span class=\"ez-toc-section-end\"><\/span><\/h3>\n\n\n\n<p class=\"wp-block-paragraph\">Om du letar efter den absolut b\u00e4sta platsen f\u00f6r att ta det perfekta fotot av Strasbourg m\u00e5ste du bege dig till Barrage Vauban. Denna enorma damm och bro i ett, byggd i rosa sandsten, uppf\u00f6rdes p\u00e5 1600-talet efter ritningar av den ber\u00f6mde milit\u00e4ringenj\u00f6ren Vauban. <strong>Dess huvudsyfte var att vid hot \u00f6versv\u00e4mma stadens s\u00f6dra del<\/strong> och d\u00e4rmed hindra fiendetruppernas framryckning mot sj\u00e4lva centrum.<\/p>\n\n\n\n<p class=\"wp-block-paragraph\">Idag d\u00f6ljer sig inuti ett galleri med skulpturer och vattenkastare r\u00e4ddade fr\u00e5n katedralen. Det \u00e4r visserligen intressant, men \u00e4rligt talat kom du hit f\u00f6r takets skull. <strong>P\u00e5 den vidstr\u00e4ckta terrassen finns n\u00e4mligen en utsiktsplattform dit intr\u00e4det \u00e4r helt gratis f\u00f6r alla<\/strong>. Just h\u00e4rifr\u00e5n \u00f6ppnar sig den mest k\u00e4nda ikoniska vyn \u00f6ver tornen p\u00e5 Ponts Couverts, korsvirkeskvarteret Petite France och katedralens majest\u00e4tiska torn i bakgrunden.<\/p>\n\n\n\n<p class=\"wp-block-paragraph\">\ud83d\udca1 Tips: Tilltr\u00e4de till utsiktsterrassen sker normalt via trappor, men <strong>inuti byggnaden finns ocks\u00e5 en hiss<\/strong>, s\u00e5 \u00e4ven familjer med barnvagnar eller resen\u00e4rer med nedsatt r\u00f6rlighet tar sig bekv\u00e4mt upp. Terrassen l\u00e5ses p\u00e5 natten av s\u00e4kerhetssk\u00e4l, s\u00e5 kontrollera i f\u00f6rv\u00e4g de aktuella \u00f6ppettiderna.<\/p>\n\n\n\n<figure data-wp-context=\"{&quot;imageId&quot;:&quot;6a9c3a746902b&quot;}\" data-wp-interactive=\"core\/image\" data-wp-key=\"6a9c3a746902b\" class=\"wp-block-image size-full wp-lightbox-container\"><img decoding=\"async\" width=\"1600\" height=\"1200\" data-wp-class--hide=\"state.isContentHidden\" data-wp-class--show=\"state.isContentVisible\" data-wp-init=\"callbacks.setButtonStyles\" data-wp-on--click=\"actions.showLightbox\" data-wp-on--load=\"callbacks.setButtonStyles\" data-wp-on--pointerdown=\"actions.preloadImage\" data-wp-on--pointerenter=\"actions.preloadImageWithDelay\" data-wp-on--pointerleave=\"actions.cancelPreload\" data-wp-on-window--resize=\"callbacks.setButtonStyles\" src=\"https:\/\/loudavymkrokem.cz\/wp-content\/uploads\/2026\/09\/swap-412754-7-b98b2d6c.jpg\" alt=\"Sightseeingtur med Batorama i Strasbourg\" class=\"wp-image-413433\" title=\"\" srcset=\"https:\/\/loudavymkrokem.cz\/wp-content\/uploads\/2026\/09\/swap-412754-7-b98b2d6c.jpg 1600w, https:\/\/loudavymkrokem.cz\/wp-content\/uploads\/2026\/09\/swap-412754-7-b98b2d6c-300x225.jpg 300w, https:\/\/loudavymkrokem.cz\/wp-content\/uploads\/2026\/09\/swap-412754-7-b98b2d6c-700x525.jpg 700w, https:\/\/loudavymkrokem.cz\/wp-content\/uploads\/2026\/09\/swap-412754-7-b98b2d6c-768x576.jpg 768w, https:\/\/loudavymkrokem.cz\/wp-content\/uploads\/2026\/09\/swap-412754-7-b98b2d6c-1536x1152.jpg 1536w, https:\/\/loudavymkrokem.cz\/wp-content\/uploads\/2026\/09\/swap-412754-7-b98b2d6c-80x60.jpg 80w, https:\/\/loudavymkrokem.cz\/wp-content\/uploads\/2026\/09\/swap-412754-7-b98b2d6c-160x120.jpg 160w, https:\/\/loudavymkrokem.cz\/wp-content\/uploads\/2026\/09\/swap-412754-7-b98b2d6c-696x522.jpg 696w, https:\/\/loudavymkrokem.cz\/wp-content\/uploads\/2026\/09\/swap-412754-7-b98b2d6c-1392x1044.jpg 1392w\" sizes=\"(max-width: 1600px) 100vw, 1600px\" \/><button\n\t\t\tclass=\"lightbox-trigger\"\n\t\t\ttype=\"button\"\n\t\t\taria-haspopup=\"dialog\"\n\t\t\tdata-wp-bind--aria-label=\"state.thisImage.triggerButtonAriaLabel\"\n\t\t\tdata-wp-init=\"callbacks.initTriggerButton\"\n\t\t\tdata-wp-on--click=\"actions.showLightbox\"\n\t\t\tdata-wp-style--right=\"state.thisImage.buttonRight\"\n\t\t\tdata-wp-style--top=\"state.thisImage.buttonTop\"\n\t\t>\n\t\t\t<svg xmlns=\"http:\/\/www.w3.org\/2000\/svg\" width=\"12\" height=\"12\" fill=\"none\" viewBox=\"0 0 12 12\">\n\t\t\t\t<path fill=\"#fff\" d=\"M2 0a2 2 0 0 0-2 2v2h1.5V2a.5.5 0 0 1 .5-.5h2V0H2Zm2 10.5H2a.5.5 0 0 1-.5-.5V8H0v2a2 2 0 0 0 2 2h2v-1.5ZM8 12v-1.5h2a.5.5 0 0 0 .5-.5V8H12v2a2 2 0 0 1-2 2H8Zm2-12a2 2 0 0 1 2 2v2h-1.5V2a.5.5 0 0 0-.5-.5H8V0h2Z\" \/>\n\t\t\t<\/svg>\n\t\t<\/button><figcaption class=\"wp-element-caption\">Foto: Chris Jeffery \/ Google Maps<\/figcaption><\/figure>\n\n\n\n<h3 class=\"wp-block-heading\"><span class=\"ez-toc-section\" id=\"7_Kanalkryssning_med_Batorama\"><\/span>7. Kanalkryssning med Batorama<span class=\"ez-toc-section-end\"><\/span><\/h3>\n\n\n\n<p class=\"wp-block-paragraph\">Om du vill skaffa dig en snabb och sammanh\u00e4ngande bild av staden ur ett helt annat perspektiv \u00e4r <a href=\"https:\/\/www.batorama.com\/\" target=\"_blank\" rel=\"nofollow noopener\">en sightseeingtur med Batorama-b\u00e5ten<\/a> n\u00e5got du helt enkelt inte vill hoppa \u00f6ver, s\u00e4rskilt n\u00e4r f\u00f6tterna b\u00f6rjar v\u00e4rka. Bryggan hittar du mycket l\u00e4tt precis vid katedralen vid Embarcad\u00e8re Batorama Cath\u00e9drale, varifr\u00e5n b\u00e5tarna regelbundet avg\u00e5r p\u00e5 en sjuttio minuter l\u00e5ng rutt genom hela det historiska centrumet och den modernare Europastadsdelen. Det \u00e4r det b\u00e4sta s\u00e4ttet att f\u00f6rst\u00e5 staden n\u00e4r f\u00f6tterna just v\u00e4rker.<\/p>\n\n\n\n<p class=\"wp-block-paragraph\">Under kryssningen passerar du den romantiska stadsdelen Petite France, d\u00e4r b\u00e5ten \u00f6vervinner h\u00f6jdskillnader med hj\u00e4lp av smala gamla slussar, vilket i sig \u00e4r ett sk\u00e5despel man inte gl\u00f6mmer. <strong>Du kan v\u00e4lja mellan helt \u00f6ppna och inglasade b\u00e5tar<\/strong>, d\u00e4r de inglasade uppskattas framf\u00f6r allt under de kallare v\u00e5r- och h\u00f6stm\u00e5naderna, eftersom de \u00e4r perfekt uppv\u00e4rmda och skyddade mot regn. Det finns ocks\u00e5 ljudguider med ber\u00e4ttarr\u00f6st.<\/p>\n\n\n\n<p class=\"wp-block-paragraph\">\ud83d\udca1 Tips: S\u00e4rskilt under h\u00f6gs\u00e4songen p\u00e5 sommaren och under soliga helger \u00e4r biljetterna ofta snabbt sluts\u00e5lda f\u00f6r hela dagen. <strong>Jag rekommenderar dig att boka biljetter online i god tid<\/strong>, s\u00e5 att du slipper on\u00f6dig v\u00e4ntan i k\u00f6er och kan vara s\u00e4ker p\u00e5 att komma ombord exakt vid den tid du valt.<\/p>\n\n\n\n<figure data-wp-context=\"{&quot;imageId&quot;:&quot;6a9c3a7469441&quot;}\" data-wp-interactive=\"core\/image\" data-wp-key=\"6a9c3a7469441\" class=\"wp-block-image size-full wp-lightbox-container\"><img decoding=\"async\" width=\"1280\" height=\"960\" data-wp-class--hide=\"state.isContentHidden\" data-wp-class--show=\"state.isContentVisible\" data-wp-init=\"callbacks.setButtonStyles\" data-wp-on--click=\"actions.showLightbox\" data-wp-on--load=\"callbacks.setButtonStyles\" data-wp-on--pointerdown=\"actions.preloadImage\" data-wp-on--pointerenter=\"actions.preloadImageWithDelay\" data-wp-on--pointerleave=\"actions.cancelPreload\" data-wp-on-window--resize=\"callbacks.setButtonStyles\" src=\"https:\/\/loudavymkrokem.cz\/wp-content\/uploads\/2026\/09\/evropsk-parlament.jpg\" alt=\"Europaparlamentet\" class=\"wp-image-413197\" title=\"\" srcset=\"https:\/\/loudavymkrokem.cz\/wp-content\/uploads\/2026\/09\/evropsk-parlament.jpg 1280w, https:\/\/loudavymkrokem.cz\/wp-content\/uploads\/2026\/09\/evropsk-parlament-300x225.jpg 300w, https:\/\/loudavymkrokem.cz\/wp-content\/uploads\/2026\/09\/evropsk-parlament-700x525.jpg 700w, https:\/\/loudavymkrokem.cz\/wp-content\/uploads\/2026\/09\/evropsk-parlament-768x576.jpg 768w, https:\/\/loudavymkrokem.cz\/wp-content\/uploads\/2026\/09\/evropsk-parlament-80x60.jpg 80w, https:\/\/loudavymkrokem.cz\/wp-content\/uploads\/2026\/09\/evropsk-parlament-160x120.jpg 160w, https:\/\/loudavymkrokem.cz\/wp-content\/uploads\/2026\/09\/evropsk-parlament-696x522.jpg 696w\" sizes=\"(max-width: 1280px) 100vw, 1280px\" \/><button\n\t\t\tclass=\"lightbox-trigger\"\n\t\t\ttype=\"button\"\n\t\t\taria-haspopup=\"dialog\"\n\t\t\tdata-wp-bind--aria-label=\"state.thisImage.triggerButtonAriaLabel\"\n\t\t\tdata-wp-init=\"callbacks.initTriggerButton\"\n\t\t\tdata-wp-on--click=\"actions.showLightbox\"\n\t\t\tdata-wp-style--right=\"state.thisImage.buttonRight\"\n\t\t\tdata-wp-style--top=\"state.thisImage.buttonTop\"\n\t\t>\n\t\t\t<svg xmlns=\"http:\/\/www.w3.org\/2000\/svg\" width=\"12\" height=\"12\" fill=\"none\" viewBox=\"0 0 12 12\">\n\t\t\t\t<path fill=\"#fff\" d=\"M2 0a2 2 0 0 0-2 2v2h1.5V2a.5.5 0 0 1 .5-.5h2V0H2Zm2 10.5H2a.5.5 0 0 1-.5-.5V8H0v2a2 2 0 0 0 2 2h2v-1.5ZM8 12v-1.5h2a.5.5 0 0 0 .5-.5V8H12v2a2 2 0 0 1-2 2H8Zm2-12a2 2 0 0 1 2 2v2h-1.5V2a.5.5 0 0 0-.5-.5H8V0h2Z\" \/>\n\t\t\t<\/svg>\n\t\t<\/button><figcaption class=\"wp-element-caption\">Foto: Ryan Jose Ruiz III \/ Google Maps<\/figcaption><\/figure>\n\n\n\n<h3 class=\"wp-block-heading\"><span class=\"ez-toc-section\" id=\"8_Europaparlamentet\"><\/span>8. Europaparlamentet<span class=\"ez-toc-section-end\"><\/span><\/h3>\n\n\n\n<p class=\"wp-block-paragraph\">Strasbourg \u00e4r det officiella s\u00e4tet f\u00f6r <a href=\"https:\/\/visiting.europarl.europa.eu\/cs\/\" target=\"_blank\" rel=\"nofollow noopener\">Europaparlamentet<\/a> och ett bes\u00f6k i denna imponerande moderna byggnad b\u00f6r absolut inte saknas p\u00e5 din lista \u00f6ver sev\u00e4rdheter. Den enorma glasbyggnaden med cirkul\u00e4r planl\u00f6sning och b\u00f6jt tak dominerar hela stadsdelen och <strong>utg\u00f6r en fascinerande visuell kontrast till stadens historiska centrum<\/strong>. Enklast tar du dig hit med den bekv\u00e4ma sp\u00e5rvagnen linje E, det r\u00e4cker att stiga av vid h\u00e5llplatsen med samma namn, Parlement Europ\u00e9en.<\/p>\n\n\n\n<p class=\"wp-block-paragraph\">Det allra b\u00e4sta med det hela \u00e4r att <strong>rundturerna f\u00f6r allm\u00e4nheten \u00e4r helt gratis<\/strong>, det r\u00e4cker att visa upp giltigt id-kort eller pass vid ing\u00e5ngen. Under rundturen kikar du direkt in i den ber\u00f6mda plenisalen, halvcirkeln, d\u00e4r ledam\u00f6terna sammantr\u00e4der och d\u00e4r viktig europeisk lagstiftning skapas. Atmosf\u00e4ren i detta enorma och moderna rum \u00e4r verkligen imponerande och pl\u00f6tsligt inser du att den d\u00e4r byr\u00e5kratin ocks\u00e5 har en fysisk adress \ud83d\ude04.<\/p>\n\n\n\n<p class=\"wp-block-paragraph\">Planera bes\u00f6ket i parlamentet i god tid och <strong>r\u00e4kna med att hela rundturen tar dig ungef\u00e4r tv\u00e5 till tre timmar<\/strong> inklusive en ganska grundlig s\u00e4kerhetskontroll vid ing\u00e5ngen. Rundturerna genomf\u00f6rs med hj\u00e4lp av multimediaguider p\u00e5 alla EU:s officiella spr\u00e5k, s\u00e5 du kan bekv\u00e4mt lyssna p\u00e5 all information p\u00e5 svenska.<\/p>\n\n\n\n<figure data-wp-context=\"{&quot;imageId&quot;:&quot;6a9c3a74698cc&quot;}\" data-wp-interactive=\"core\/image\" data-wp-key=\"6a9c3a74698cc\" class=\"wp-block-image size-full wp-lightbox-container\"><img decoding=\"async\" width=\"1440\" height=\"1080\" data-wp-class--hide=\"state.isContentHidden\" data-wp-class--show=\"state.isContentVisible\" data-wp-init=\"callbacks.setButtonStyles\" data-wp-on--click=\"actions.showLightbox\" data-wp-on--load=\"callbacks.setButtonStyles\" data-wp-on--pointerdown=\"actions.preloadImage\" data-wp-on--pointerenter=\"actions.preloadImageWithDelay\" data-wp-on--pointerleave=\"actions.cancelPreload\" data-wp-on-window--resize=\"callbacks.setButtonStyles\" src=\"https:\/\/loudavymkrokem.cz\/wp-content\/uploads\/2026\/09\/parlamentarium-simone-veil.jpg\" alt=\"Parlamentarium Simone Veil\" class=\"wp-image-413201\" title=\"\" srcset=\"https:\/\/loudavymkrokem.cz\/wp-content\/uploads\/2026\/09\/parlamentarium-simone-veil.jpg 1440w, https:\/\/loudavymkrokem.cz\/wp-content\/uploads\/2026\/09\/parlamentarium-simone-veil-300x225.jpg 300w, https:\/\/loudavymkrokem.cz\/wp-content\/uploads\/2026\/09\/parlamentarium-simone-veil-700x525.jpg 700w, https:\/\/loudavymkrokem.cz\/wp-content\/uploads\/2026\/09\/parlamentarium-simone-veil-768x576.jpg 768w, https:\/\/loudavymkrokem.cz\/wp-content\/uploads\/2026\/09\/parlamentarium-simone-veil-80x60.jpg 80w, https:\/\/loudavymkrokem.cz\/wp-content\/uploads\/2026\/09\/parlamentarium-simone-veil-160x120.jpg 160w, https:\/\/loudavymkrokem.cz\/wp-content\/uploads\/2026\/09\/parlamentarium-simone-veil-696x522.jpg 696w, https:\/\/loudavymkrokem.cz\/wp-content\/uploads\/2026\/09\/parlamentarium-simone-veil-1392x1044.jpg 1392w\" sizes=\"(max-width: 1440px) 100vw, 1440px\" \/><button\n\t\t\tclass=\"lightbox-trigger\"\n\t\t\ttype=\"button\"\n\t\t\taria-haspopup=\"dialog\"\n\t\t\tdata-wp-bind--aria-label=\"state.thisImage.triggerButtonAriaLabel\"\n\t\t\tdata-wp-init=\"callbacks.initTriggerButton\"\n\t\t\tdata-wp-on--click=\"actions.showLightbox\"\n\t\t\tdata-wp-style--right=\"state.thisImage.buttonRight\"\n\t\t\tdata-wp-style--top=\"state.thisImage.buttonTop\"\n\t\t>\n\t\t\t<svg xmlns=\"http:\/\/www.w3.org\/2000\/svg\" width=\"12\" height=\"12\" fill=\"none\" viewBox=\"0 0 12 12\">\n\t\t\t\t<path fill=\"#fff\" d=\"M2 0a2 2 0 0 0-2 2v2h1.5V2a.5.5 0 0 1 .5-.5h2V0H2Zm2 10.5H2a.5.5 0 0 1-.5-.5V8H0v2a2 2 0 0 0 2 2h2v-1.5ZM8 12v-1.5h2a.5.5 0 0 0 .5-.5V8H12v2a2 2 0 0 1-2 2H8Zm2-12a2 2 0 0 1 2 2v2h-1.5V2a.5.5 0 0 0-.5-.5H8V0h2Z\" \/>\n\t\t\t<\/svg>\n\t\t<\/button><figcaption class=\"wp-element-caption\">Foto: Bianca K. \/ Google Maps<\/figcaption><\/figure>\n\n\n\n<h3 class=\"wp-block-heading\"><span class=\"ez-toc-section\" id=\"9_Parlamentarium_Simone_Veil\"><\/span>9. Parlamentarium Simone Veil<span class=\"ez-toc-section-end\"><\/span><\/h3>\n\n\n\n<p class=\"wp-block-paragraph\">En del av det omfattande komplexet Europaparlamentet \u00e4r ocks\u00e5 det nyligen \u00f6ppnade bes\u00f6kscentret som kallas <a href=\"https:\/\/visiting.europarl.europa.eu\/cs\/visitor-offer\/strasbourg\/parlamentarium-simone-veil\" target=\"_blank\" rel=\"nofollow noopener\">Parlamentarium Simone Veil<\/a>. Centret \u00e4r utformat s\u00e5 att den europeiska integrationen ska l\u00e5ta sp\u00e4nnande, och \u00f6verraskande nog lyckas de. Det \u00e4r en fantastisk plats inte bara f\u00f6r vuxna bes\u00f6kare, utan \u00e4ven f\u00f6r \u00e4ldre nyfikna barn.<\/p>\n\n\n\n<p class=\"wp-block-paragraph\">Hela centrets st\u00f6rsta dragpl\u00e5ster \u00e4r otvivelaktigt <strong>den magnifika 360\u00b0-projektionssalen<\/strong>, d\u00e4r det visas en dynamisk film om hur Europaparlamentet fungerar, tack vare vilken du visuellt hamnar mitt i h\u00e4ndelsernas centrum. Det finns ocks\u00e5 olika interaktiva moduler och peksk\u00e4rmar d\u00e4r du enkelt kan ta reda p\u00e5 vilka beslut som fattats tidigare just f\u00f6r din egen hemregion.<\/p>\n\n\n\n<p class=\"wp-block-paragraph\">F\u00f6r st\u00f6rre organiserade grupper erbjuder centret \u00e4ven ett <strong>speciellt rollspel<\/strong>, d\u00e4r deltagarna p\u00e5 egen hand kan prova p\u00e5 hur det \u00e4r att vara en riktig ledamot och komplicerat f\u00f6rhandla om nya lagar. Ett stopp i det h\u00e4r centret kompletterar perfekt rundturen i sj\u00e4lva plenisalen och intr\u00e4det \u00e4r \u00e4ven h\u00e4r gratis f\u00f6r alla.<\/p>\n\n\n\n<figure data-wp-context=\"{&quot;imageId&quot;:&quot;6a9c3a746a13a&quot;}\" data-wp-interactive=\"core\/image\" data-wp-key=\"6a9c3a746a13a\" class=\"wp-block-image size-full wp-lightbox-container\"><img decoding=\"async\" width=\"1600\" height=\"1200\" data-wp-class--hide=\"state.isContentHidden\" data-wp-class--show=\"state.isContentVisible\" data-wp-init=\"callbacks.setButtonStyles\" data-wp-on--click=\"actions.showLightbox\" data-wp-on--load=\"callbacks.setButtonStyles\" data-wp-on--pointerdown=\"actions.preloadImage\" data-wp-on--pointerenter=\"actions.preloadImageWithDelay\" data-wp-on--pointerleave=\"actions.cancelPreload\" data-wp-on-window--resize=\"callbacks.setButtonStyles\" src=\"https:\/\/loudavymkrokem.cz\/wp-content\/uploads\/2026\/09\/rada-evropy.jpg\" alt=\"Europar\u00e5det och institutionskvarteret\" class=\"wp-image-413204\" title=\"\" srcset=\"https:\/\/loudavymkrokem.cz\/wp-content\/uploads\/2026\/09\/rada-evropy.jpg 1600w, https:\/\/loudavymkrokem.cz\/wp-content\/uploads\/2026\/09\/rada-evropy-300x225.jpg 300w, https:\/\/loudavymkrokem.cz\/wp-content\/uploads\/2026\/09\/rada-evropy-700x525.jpg 700w, https:\/\/loudavymkrokem.cz\/wp-content\/uploads\/2026\/09\/rada-evropy-768x576.jpg 768w, https:\/\/loudavymkrokem.cz\/wp-content\/uploads\/2026\/09\/rada-evropy-1536x1152.jpg 1536w, https:\/\/loudavymkrokem.cz\/wp-content\/uploads\/2026\/09\/rada-evropy-80x60.jpg 80w, https:\/\/loudavymkrokem.cz\/wp-content\/uploads\/2026\/09\/rada-evropy-160x120.jpg 160w, https:\/\/loudavymkrokem.cz\/wp-content\/uploads\/2026\/09\/rada-evropy-696x522.jpg 696w, https:\/\/loudavymkrokem.cz\/wp-content\/uploads\/2026\/09\/rada-evropy-1392x1044.jpg 1392w\" sizes=\"(max-width: 1600px) 100vw, 1600px\" \/><button\n\t\t\tclass=\"lightbox-trigger\"\n\t\t\ttype=\"button\"\n\t\t\taria-haspopup=\"dialog\"\n\t\t\tdata-wp-bind--aria-label=\"state.thisImage.triggerButtonAriaLabel\"\n\t\t\tdata-wp-init=\"callbacks.initTriggerButton\"\n\t\t\tdata-wp-on--click=\"actions.showLightbox\"\n\t\t\tdata-wp-style--right=\"state.thisImage.buttonRight\"\n\t\t\tdata-wp-style--top=\"state.thisImage.buttonTop\"\n\t\t>\n\t\t\t<svg xmlns=\"http:\/\/www.w3.org\/2000\/svg\" width=\"12\" height=\"12\" fill=\"none\" viewBox=\"0 0 12 12\">\n\t\t\t\t<path fill=\"#fff\" d=\"M2 0a2 2 0 0 0-2 2v2h1.5V2a.5.5 0 0 1 .5-.5h2V0H2Zm2 10.5H2a.5.5 0 0 1-.5-.5V8H0v2a2 2 0 0 0 2 2h2v-1.5ZM8 12v-1.5h2a.5.5 0 0 0 .5-.5V8H12v2a2 2 0 0 1-2 2H8Zm2-12a2 2 0 0 1 2 2v2h-1.5V2a.5.5 0 0 0-.5-.5H8V0h2Z\" \/>\n\t\t\t<\/svg>\n\t\t<\/button><figcaption class=\"wp-element-caption\">Foto: Anton Nyberg \/ Google Maps<\/figcaption><\/figure>\n\n\n\n<!-- LKM_GYG_CARD start q=\"strasbourg\" lang=\"sv\" rendered=\"2026-09-05T14:36:15+00:00\" v=\"1\" -->\n<style id=\"lk-gyg-styles\">\n@import url(\"https:\/\/fonts.googleapis.com\/css2?family=Playfair+Display:wght@700&family=DM+Sans:wght@300;400;500;600&display=swap\");\n\/* === LK GYG karty \u2014 CRO redesign 2026-05 (namespace .lkx-) ===\n   C\u00edl: vy\u0161\u0161\u00ed CTR (hero + v\u00fdrazn\u00fd social proof + ak\u010dn\u00ed CTA, m\u00e9n\u011b \"reklamn\u00ed\").\n   Injektuje se inline do prvn\u00edho markeru postu (refresh_cards.py --inline-css). *\/\n.lkx-module, .lkx-module *{box-sizing:border-box;margin:0;padding:0}\n.lkx-module{\n  font-family:'DM Sans',-apple-system,Segoe UI,Roboto,Georgia,sans-serif;\n  max-width:860px;margin:2.5rem auto;color:#1f2328;\n}\n\n\/* HEADER \u2014 lehk\u00fd editorsk\u00fd, \u017e\u00e1dn\u00fd bannerov\u00fd blok; nadpis + popisek pod n\u00edm *\/\n.lkx-head{margin-bottom:16px}\n.lkx-head-main{display:flex;align-items:center;gap:10px}\n.lkx-head-accent{width:26px;height:3px;border-radius:2px;background:#c39f76;flex-shrink:0}\n.lkx-head-title{font-family:'Playfair Display',Georgia,serif;font-size:21px;font-weight:700;color:#1a1a1a;line-height:1.25}\n.lkx-head-meta{display:block;font-size:11px;letter-spacing:.3px;color:#9aa0a6;margin-top:4px;margin-left:36px}\n\n\/* HERO *\/\n.lkx-hero{display:grid;grid-template-columns:300px 1fr;background:#fff;border:1px solid #ece7df;border-radius:14px;overflow:hidden;text-decoration:none!important;color:inherit;box-shadow:0 6px 20px rgba(0,0,0,.06);transition:box-shadow .2s,transform .2s;margin-bottom:14px}\n.lkx-hero:hover{box-shadow:0 12px 30px rgba(0,0,0,.12);transform:translateY(-2px)}\n.lkx-hero-img{position:relative;min-height:230px;background-size:cover;background-position:center;background-color:#eee}\n.lkx-hero-body{padding:22px 24px;display:flex;flex-direction:column}\n.lkx-pick{position:absolute;top:12px;left:12px;background:#1a1a1a;color:#fff;font-size:11px;font-weight:700;letter-spacing:.5px;padding:5px 11px;border-radius:20px}\n\n\/* TITLE *\/\n.lkx-title{font-size:19px;font-weight:700;color:#161616;line-height:1.3}\n.lkx-title-sm{font-size:14.5px;line-height:1.35;display:-webkit-box;-webkit-line-clamp:2;-webkit-box-orient:vertical;overflow:hidden}\n\n\/* SOCIAL PROOF \u2014 v\u00fdrazn\u011b, naho\u0159e *\/\n.lkx-proof{display:flex;align-items:center;gap:7px;margin-top:12px;font-size:15px;color:#3a3a3a}\n.lkx-proof b{font-size:16px;color:#161616}\n.lkx-stars{color:#f5a623;letter-spacing:1px}\n.lkx-proof-sm{font-size:12.5px;margin-top:8px;gap:5px}\n.lkx-proof-sm b{font-size:13px}\n.lkx-proof-new{color:#3685fc;font-weight:600}\n\n\/* PRICE \u2014 n\u00edzk\u00e1 kotva *\/\n.lkx-price{font-size:14px;color:#6b7280}\n.lkx-price b{font-size:20px;color:#161616;font-weight:700}\n.lkx-price-sm b{font-size:15px}\n\n\/* CTA \u2014 tepl\u00e9 ak\u010dn\u00ed tla\u010d\u00edtko *\/\n.lkx-cta{display:inline-flex;align-items:center;justify-content:center;text-decoration:none!important;font-weight:700;color:#fff!important;background:linear-gradient(135deg,#f6743f,#e8552a);border-radius:10px;box-shadow:0 6px 16px rgba(232,85,42,.32);transition:box-shadow .2s}\n.lkx-cta-hero{font-size:15px;padding:13px 22px}\n.lkx-hero:hover .lkx-cta-hero{box-shadow:0 8px 22px rgba(232,85,42,.45)}\n.lkx-cta-sm{font-size:12.5px;padding:9px 14px;width:100%;margin-top:2px}\n.lkx-hero-bottom{margin-top:auto;padding-top:18px;display:flex;align-items:center;justify-content:space-between;gap:14px;flex-wrap:wrap}\n\n\/* BADGE \u2014 jeden v\u00fdrazn\u00fd na fotce *\/\n.lkx-badge{position:absolute;top:12px;right:12px;font-size:10.5px;font-weight:700;letter-spacing:.3px;padding:5px 10px;border-radius:16px;color:#fff}\n.lkx-badge.badge-urgency{background:rgba(214,40,40,.92)}\n.lkx-badge.badge-new{background:rgba(54,133,252,.92)}\n.lkx-badge.badge-top{background:rgba(195,159,118,.95)}\n.lkx-badge.badge-info{background:rgba(40,40,40,.78)}\n\n\/* SECONDARY GRID *\/\n.lkx-grid{display:grid;grid-template-columns:1fr 1fr;gap:14px}\n.lkx-card{background:#fff;border:1px solid #ece7df;border-radius:14px;overflow:hidden;text-decoration:none!important;color:inherit;box-shadow:0 4px 14px rgba(0,0,0,.05);display:flex;flex-direction:column;transition:box-shadow .2s,transform .2s}\n.lkx-card:hover{box-shadow:0 10px 24px rgba(0,0,0,.1);transform:translateY(-2px)}\n.lkx-card-img{position:relative;aspect-ratio:16\/10;background-size:cover;background-position:center;background-color:#eee}\n.lkx-card-body{padding:14px 16px 16px;display:flex;flex-direction:column;gap:7px;flex:1}\n.lkx-card-bottom{margin-top:auto;padding-top:10px;display:flex;align-items:center;justify-content:space-between;gap:8px}\n\n\/* DISCLOSURE \u2014 drobn\u00e1, kv\u016fli d\u016fv\u011b\u0159e\/z\u00e1konu *\/\n.lkx-disclosure{font-size:11px;color:#a7adb3;text-align:center;margin-top:14px;line-height:1.6}\n.lkx-disclosure a{color:#c39f76;text-decoration:none}\n\n@media(max-width:680px){\n  .lkx-hero{grid-template-columns:1fr}\n  .lkx-hero-img{min-height:180px}\n  .lkx-grid{grid-template-columns:1fr}\n  .lkx-head-meta{margin-left:0;width:100%}\n  .lkx-head-title{font-size:19px}\n}\n\n<\/style>\n<div class=\"lkx-module\" data-query=\"strasbourg\">\n  <div class=\"lkx-head\">\n    <div class=\"lkx-head-main\">\n      <span class=\"lkx-head-accent\"><\/span>\n      <span class=\"lkx-head-title\">Upplevelser &amp; biljetter<\/span>\n    <\/div>\n    <span class=\"lkx-head-meta\">betygsatt av resen\u00e4rer \u00b7 GetYourGuide<\/span>\n  <\/div><a class=\"lkx-hero\" href=\"https:\/\/www.getyourguide.com\/sv-se\/strasbourg-l293\/strasbourg-rundvandring-med-en-lokal-guide-t877665\/?partner_id=MKZ64IS&amp;utm_medium=online_publisher&amp;cmp=strasbourg-frankrike-tips\" target=\"_blank\" rel=\"sponsored noopener nofollow\">\n    <div class=\"lkx-hero-img\" style=\"background-image:url('https:\/\/cdn.getyourguide.com\/img\/tour\/55865d3f8d08e2193af59ad660b04fb53bbd1f5148dde1eff9892481aee3de49.png\/132.jpg')\" role=\"img\" aria-label=\"Strasbourg: Rundvandring med en lokal guide\">\n      <span class=\"lkx-pick\">\u2605 V\u00e5rt val<\/span><\/div>\n    <div class=\"lkx-hero-body\">\n      <div class=\"lkx-title\">Strasbourg: Rundvandring med en lokal guide<\/div>\n      <div class=\"lkx-proof\">\n      <span class=\"lkx-stars\">\u2605\u2605\u2605\u2605\u2605<\/span>\n      <b>4.4<\/b> \u00b7 904 omd\u00f6men\n    <\/div>\n      <div class=\"lkx-hero-bottom\"><div class=\"lkx-price\">fr\u00e5n <b>28\u00a0EUR<\/b><\/div><span class=\"lkx-cta lkx-cta-hero\">Det h\u00e4r vill jag uppleva \u2192<\/span>\n      <\/div>\n    <\/div>\n  <\/a><div class=\"lkx-grid\"><a class=\"lkx-card\" href=\"https:\/\/www.getyourguide.com\/sv-se\/strasbourg-l293\/fran-strasbourg-traditionell-vinresa-till-colmar-t1066634\/?partner_id=MKZ64IS&amp;utm_medium=online_publisher&amp;cmp=strasbourg-frankrike-tips\" target=\"_blank\" rel=\"sponsored noopener nofollow\">\n      <div class=\"lkx-card-img\" style=\"background-image:url('https:\/\/cdn.getyourguide.com\/img\/tour\/ad6c161500ce5ceaabb182d1ab2f151c62d5b59124194ab758ce97e60c9bfaf1.jpg\/132.jpg')\" role=\"img\" aria-label=\"Fr\u00e5n Strasbourg: traditionell vinresa till Colmar\"><\/div>\n      <div class=\"lkx-card-body\">\n        <div class=\"lkx-title lkx-title-sm\">Fr\u00e5n Strasbourg: traditionell vinresa till Colmar<\/div>\n        <div class=\"lkx-proof lkx-proof-sm\">\n      <span class=\"lkx-stars\">\u2605<\/span>\n      <b>3.6<\/b> \u00b7 18\n    <\/div>\n        <div class=\"lkx-card-bottom\"><span class=\"lkx-price lkx-price-sm\">fr\u00e5n <b>125\u00a0EUR<\/b><\/span><span class=\"lkx-cta lkx-cta-sm\">Visa datum \u2192<\/span>\n        <\/div>\n      <\/div>\n    <\/a><a class=\"lkx-card\" href=\"https:\/\/www.getyourguide.com\/sv-se\/strasbourg-l293\/strasbourg-vandring-med-5-matprovningar-i-alsace-t1458211\/?partner_id=MKZ64IS&amp;utm_medium=online_publisher&amp;cmp=strasbourg-frankrike-tips\" target=\"_blank\" rel=\"sponsored noopener nofollow\">\n      <div class=\"lkx-card-img\" style=\"background-image:url('https:\/\/cdn.getyourguide.com\/img\/tour\/e965587a48bc449a08b2ef17afbfc818a8ca05db25bccd1e896e40df12dc7ce3.jpg\/132.jpg')\" role=\"img\" aria-label=\"Strasbourg: Vandring med 5 matprovningar i Alsace\"><\/div>\n      <div class=\"lkx-card-body\">\n        <div class=\"lkx-title lkx-title-sm\">Strasbourg: Vandring med 5 matprovningar i Alsace<\/div>\n        <div class=\"lkx-proof lkx-proof-sm\">\n      <span class=\"lkx-stars\">\u2605<\/span>\n      <b>0.0<\/b> \u00b7 0\n    <\/div>\n        <div class=\"lkx-card-bottom\"><span class=\"lkx-price lkx-price-sm\">fr\u00e5n <b>45\u00a0EUR<\/b><\/span><span class=\"lkx-cta lkx-cta-sm\">Visa datum \u2192<\/span>\n        <\/div>\n      <\/div>\n    <\/a><\/div><div class=\"lkx-disclosure\">\ud83d\udd17 Affiliate-l\u00e4nkar \u2014 p\u00e5verkar inte ditt pris och hj\u00e4lper oss att skapa inneh\u00e5ll. \u00b7 <a href=\"https:\/\/www.getyourguide.com\/sv-se\/s\/?q=strasbourg&amp;partner_id=MKZ64IS&amp;utm_medium=online_publisher\" target=\"_blank\" rel=\"sponsored noopener nofollow\">Alla upplevelser \u2192<\/a><\/div>\n<\/div>\n<!-- LKM_GYG_CARD end -->\n\n\n\n\n<div class=\"lk-stays-module\">\n<style>\n\/* \u2500\u2500\u2500 RESET PRO GUTENBERG \u2500\u2500\u2500 *\/\n.lk-stays-module * { box-sizing: border-box; margin: 0; padding: 0; }\n\n\/* \u2500\u2500\u2500 WRAPPER \u2500\u2500\u2500 *\/\n.lk-stays-module {\n  font-family: 'DM Sans', Georgia, sans-serif;\n  max-width: 100%;\n  margin: 2.5rem auto;\n  background: linear-gradient(135deg, #fdfaf5 0%, #fcf8f0 100%);\n  border: 1px solid #e8dfd4;\n  border-radius: 16px;\n  overflow: hidden;\n  box-shadow: 0 16px 48px rgba(195, 159, 118, 0.25), 0 4px 12px rgba(0,0,0,0.08);\n}\n\n\/* \u2500\u2500\u2500 HEADER \u2500\u2500\u2500 *\/\n.lk-stays-header {\n  position: relative;\n  padding: 24px 36px 24px;\n  background: linear-gradient(135deg, #c39f76 0%, #d4b188 60%, #c39f76 100%);\n  border-bottom: 1px solid rgba(255,255,255,.15);\n  display: flex;\n  align-items: center;\n  gap: 18px;\n}\n.lk-stays-header::before {\n  content: '';\n  position: absolute;\n  inset: 0;\n  background: url(\"data:image\/svg+xml,%3Csvg width='60' height='60' viewBox='0 0 60 60' xmlns='http:\/\/www.w3.org\/2000\/svg'%3E%3Cg fill='none' fill-rule='evenodd'%3E%3Cg fill='%23ffffff' fill-opacity='0.05'%3E%3Cpath d='M36 34v-4h-2v4h-4v2h4v4h2v-4h4v-2h-4zm0-30V0h-2v4h-4v2h4v4h2V6h4V4h-4zM6 34v-4H4v4H0v2h4v4h2v-4h4v-2H6zM6 4V0H4v4H0v2h4v4h2V6h4V4H6z'\/%3E%3C\/g%3E%3C\/g%3E%3C\/svg%3E\") repeat;\n  pointer-events: none;\n}\n.lk-stays-icon {\n  flex-shrink: 0;\n  width: 68px;\n  height: 68px;\n  border-radius: 14px;\n  background: linear-gradient(135deg, #fff 0%, #f9f6f0 100%);\n  display: flex;\n  align-items: center;\n  justify-content: center;\n  font-size: 26px;\n  box-shadow: 0 4px 12px rgba(0,0,0,0.15);\n}\n.lk-stays-eyebrow {\n  font-size: 10px;\n  font-weight: 500;\n  letter-spacing: 2.5px;\n  text-transform: uppercase;\n  color: rgba(255,255,255,.85);\n  margin: 0 0 5px 0;\n}\n.lk-stays-title {\n  font-family: 'Playfair Display', Georgia, serif;\n  font-size: 24px;\n  font-weight: 700;\n  color: #fff;\n  line-height: 1.2;\n  text-shadow: 0 1px 2px rgba(0,0,0,0.1);\n  margin: 0;\n}\n.lk-stays-subtitle {\n  font-size: 13px;\n  color: rgba(255,255,255,.75);\n  margin: 4px 0 0 0;\n  font-weight: 300;\n}\n\n\/* \u2500\u2500\u2500 CARDS GRID \u2500\u2500\u2500 *\/\n.lk-stays-grid {\n  display: grid;\n  grid-template-columns: 1fr 1fr;\n  gap: 1px;\n  background: rgba(195, 159, 118, 0.12);\n}\n\n\/* \u2500\u2500\u2500 SINGLE CARD \u2500\u2500\u2500 *\/\n.lk-stay-card {\n  background: #ffffff;\n  padding: 26px;\n  display: flex;\n  flex-direction: column;\n  gap: 11px;\n  transition: all 0.3s ease;\n  text-decoration: none;\n  color: inherit;\n  position: relative;\n}\n.lk-stay-card:hover {\n  background: #fffbf5;\n  transform: translateY(-2px);\n  box-shadow: 0 8px 24px rgba(195, 159, 118, 0.18);\n  z-index: 1;\n}\n.lk-stay-card.featured {\n  background: linear-gradient(135deg, #fffdf9 0%, #fff9f0 100%);\n  box-shadow: 0 4px 16px rgba(195, 159, 118, 0.15), inset 0 1px 0 rgba(195, 159, 118, 0.1);\n}\n.lk-stay-card.featured:hover {\n  background: linear-gradient(135deg, #fffbf5 0%, #fff8ed 100%);\n  box-shadow: 0 8px 24px rgba(195, 159, 118, 0.25), inset 0 1px 0 rgba(195, 159, 118, 0.15);\n}\n\n.lk-stay-badge {\n  display: inline-flex;\n  align-items: center;\n  gap: 5px;\n  font-size: 10px;\n  font-weight: 500;\n  letter-spacing: 1.5px;\n  text-transform: uppercase;\n  padding: 5px 11px;\n  border-radius: 20px;\n  width: fit-content;\n}\n.badge-top     { background: linear-gradient(135deg, #c39f76 0%, #d4b188 100%); color: #fff; border: 1px solid #c39f76; font-weight: 600; box-shadow: 0 2px 8px rgba(195,159,118,0.3); }\n.badge-luxury  { background: rgba(195,159,118,.12); color: #c39f76; border: 1px solid rgba(195,159,118,.25); }\n.badge-boutique{ background: rgba(54,133,252,.08); color: #3685fc; border: 1px solid rgba(54,133,252,.2); }\n.badge-nature  { background: rgba(130,190,100,.1); color: #6b9c4a; border: 1px solid rgba(130,190,100,.2); }\n.badge-remote  { background: rgba(195,159,118,.12); color: #a67e50; border: 1px solid rgba(195,159,118,.25); }\n\n.lk-stay-name {\n  font-family: 'Playfair Display', Georgia, serif;\n  font-size: 18px;\n  font-weight: 700;\n  color: #111827;\n  line-height: 1.3;\n}\n.lk-stay-desc {\n  font-size: 13.5px;\n  color: #525252;\n  line-height: 1.65;\n  font-weight: 300;\n  flex: 1;\n}\n\n.lk-stay-meta {\n  display: flex;\n  align-items: center;\n  gap: 12px;\n  flex-wrap: wrap;\n  margin-top: 4px;\n}\n.lk-stay-price {\n  font-size: 13px;\n  color: #6b7280;\n}\n.lk-stay-price strong {\n  color: #c39f76;\n  font-weight: 500;\n}\n.lk-stay-stars {\n  color: #c39f76;\n  font-size: 11px;\n  letter-spacing: 1px;\n}\n\n\/* \u2500\u2500\u2500 CTA BUTTON \u2500\u2500\u2500 *\/\n.lk-stay-cta {\n  display: inline-flex;\n  align-items: center;\n  justify-content: center;\n  gap: 7px;\n  margin-top: 8px;\n  padding: 11px 20px;\n  border-radius: 8px;\n  background: linear-gradient(135deg, #3685fc 0%, #2a6fd9 100%);\n  color: #fff;\n  font-size: 13px;\n  font-weight: 500;\n  text-decoration: none;\n  letter-spacing: .3px;\n  transition: all .2s ease;\n  cursor: pointer;\n  border: none;\n  text-align: center;\n  box-shadow: 0 4px 12px rgba(54, 133, 252, 0.25);\n}\n.lk-stay-cta:hover {\n  background: linear-gradient(135deg, #2a6fd9 0%, #1e5bc4 100%);\n  transform: translateY(-1px);\n  box-shadow: 0 6px 16px rgba(54, 133, 252, 0.35);\n}\n.lk-stay-cta svg { flex-shrink: 0; }\n\n\/* \u2500\u2500\u2500 FOOTER \u2500\u2500\u2500 *\/\n.lk-stays-footer {\n  padding: 18px 36px;\n  background: linear-gradient(to bottom, #fdfaf5 0%, #f9f4ed 100%);\n  border-top: 1px solid rgba(195, 159, 118, 0.15);\n  display: flex;\n  align-items: center;\n  justify-content: space-between;\n  flex-wrap: wrap;\n  gap: 12px;\n}\n.lk-stays-footer-note {\n  font-size: 11.5px;\n  color: #6b7280;\n  font-weight: 300;\n  line-height: 1.5;\n}\n.lk-stays-footer-note a {\n  color: #c39f76;\n  text-decoration: none;\n  font-weight: 400;\n}\n.lk-stays-footer-note a:hover {\n  text-decoration: underline;\n}\n.lk-stays-all-btn {\n  display: inline-flex;\n  align-items: center;\n  gap: 6px;\n  font-size: 12.5px;\n  font-weight: 500;\n  color: #c39f76;\n  text-decoration: none;\n  border: 1px solid rgba(195, 159, 118, 0.35);\n  padding: 8px 18px;\n  border-radius: 8px;\n  transition: all .2s ease;\n}\n.lk-stays-all-btn:hover {\n  background: rgba(195, 159, 118, 0.08);\n  border-color: rgba(195, 159, 118, 0.5);\n}\n\n\/* \u2500\u2500\u2500 RESPONSIVE \u2500\u2500\u2500 *\/\n@media (max-width: 600px) {\n  .lk-stays-grid { grid-template-columns: 1fr; }\n  .lk-stays-header { padding: 24px 20px; }\n  .lk-stays-footer { padding: 16px 20px; }\n  .lk-stay-card { padding: 22px; }\n  .lk-stays-title { font-size: 20px; }\n}\n<\/style>\n\n  <!-- HEADER -->\n  <div class=\"lk-stays-header\">\n    <img decoding=\"async\" src=\"https:\/\/loudavymkrokem.cz\/wp-content\/uploads\/2026\/02\/lukas-a-lucka.jpg\" alt=\"\" style=\"width: 75px; height: 75px; border-radius: 8px; flex-shrink: 0; object-fit: cover; display: block; margin: 4px 0;\" title=\"\">\n    <div class=\"lk-stays-header-text\">\n      <div class=\"lk-stays-eyebrow\">Luk\u00e1\u0161 och Lucie rekommenderar<\/div>\n      <div class=\"lk-stays-title\">Var man kan bo i Strasbourg<\/div>\n      <div class=\"lk-stays-subtitle\">4 boenden \u2014 hotell och andra boendealternativ<\/div>\n    <\/div>\n  <\/div>\n\n  <!-- CARDS -->\n  <div class=\"lk-stays-grid\">\n\n    <a class=\"lk-stay-card featured\" href=\"https:\/\/www.stay22.com\/allez\/roam?aid=lukaskonecny&#038;campaign=loudavymkrokemcz&#038;campaign=sv&#038;campaign=covidetvestrasburku&#038;address=%C5%A0trasburk&#038;hotelname=H%C3%B4tel+Cour+du+Corbeau+Strasbourg+-+MGallery&#038;search=H%C3%B4tel+Cour+du+Corbeau+Strasbourg+-+MGallery&#038;category=accommodation\" target=\"_blank\" rel=\"nofollow noopener\">\n      <span class=\"lk-stay-badge badge-top\">\u2b50 TOPPVAL<\/span>\n      <span class=\"lk-stay-badge badge-nature\">\ud83c\udfe8 Hotell<\/span>\n      <div class=\"lk-stay-name\">H\u00f4tel Cour du Corbeau Strasbourg &#8211; MGallery<\/div>\n      <div class=\"lk-stay-desc\">Ett arkitektoniskt m\u00e4sterverk i ett renoverat historiskt hus fr\u00e5n 1500-talet med tr\u00e4balkonger, som erbjuder en romantisk atmosf\u00e4r vid vattenkanalen.<\/div>\n      <div class=\"lk-stay-meta\">\n        <span class=\"lk-stay-stars\">\u2605\u2605\u2605\u2605<\/span>\n        <span class=\"lk-stay-price\">Kontrollera priser<\/span>\n      <\/div>\n      <span class=\"lk-stay-cta\">\n        <svg width=\"14\" height=\"14\" viewBox=\"0 0 24 24\" fill=\"none\" stroke=\"currentColor\" stroke-width=\"2\"><path d=\"M18 13v6a2 2 0 0 1-2 2H5a2 2 0 0 1-2-2V8a2 2 0 0 1 2-2h6\"\/><polyline points=\"15 3 21 3 21 9\"\/><line x1=\"10\" y1=\"14\" x2=\"21\" y2=\"3\"\/><\/svg>\n        Kontrollera tillg\u00e4nglighet\n      <\/span>\n    <\/a>\n\n    <a class=\"lk-stay-card\" href=\"https:\/\/www.stay22.com\/allez\/roam?aid=lukaskonecny&#038;campaign=loudavymkrokemcz&#038;campaign=sv&#038;campaign=covidetvestrasburku&#038;address=%C5%A0trasburk&#038;hotelname=H%C3%B4tel+L%C3%89ONOR+the+place+to+live&#038;search=H%C3%B4tel+L%C3%89ONOR+the+place+to+live&#038;category=accommodation\" target=\"_blank\" rel=\"nofollow noopener\">\n      <span class=\"lk-stay-badge badge-nature\">\ud83c\udfe8 Hotell<\/span>\n      <div class=\"lk-stay-name\">H\u00f4tel L\u00c9ONOR the place to live<\/div>\n      <div class=\"lk-stay-desc\">Modern design i en historisk byggnad n\u00e4ra Broglie-torget med en vacker innerg\u00e5rd f\u00f6r avkoppling.<\/div>\n      <div class=\"lk-stay-meta\">\n        <span class=\"lk-stay-stars\">\u2605\u2605\u2605\u2605<\/span>\n        <span class=\"lk-stay-price\">Kontrollera priser<\/span>\n      <\/div>\n      <span class=\"lk-stay-cta\">\n        <svg width=\"14\" height=\"14\" viewBox=\"0 0 24 24\" fill=\"none\" stroke=\"currentColor\" stroke-width=\"2\"><path d=\"M18 13v6a2 2 0 0 1-2 2H5a2 2 0 0 1-2-2V8a2 2 0 0 1 2-2h6\"\/><polyline points=\"15 3 21 3 21 9\"\/><line x1=\"10\" y1=\"14\" x2=\"21\" y2=\"3\"\/><\/svg>\n        Kontrollera tillg\u00e4nglighet\n      <\/span>\n    <\/a>\n\n    <a class=\"lk-stay-card\" href=\"https:\/\/www.stay22.com\/allez\/roam?aid=lukaskonecny&#038;campaign=loudavymkrokemcz&#038;campaign=sv&#038;campaign=covidetvestrasburku&#038;address=%C5%A0trasburk&#038;hotelname=H%C3%B4tel+Gutenberg&#038;search=H%C3%B4tel+Gutenberg&#038;category=accommodation\" target=\"_blank\" rel=\"nofollow noopener\">\n      <span class=\"lk-stay-badge badge-nature\">\ud83c\udfe8 Hotell<\/span>\n      <div class=\"lk-stay-name\">H\u00f4tel Gutenberg<\/div>\n      <div class=\"lk-stay-desc\">Strategiskt l\u00e4ge n\u00e4ra huvudg\u00e5gatan, mindre rum som utm\u00e4rker sig genom h\u00f6g renlighet och bekv\u00e4ma s\u00e4ngar, mycket hj\u00e4lpsam personal.<\/div>\n      <div class=\"lk-stay-meta\">\n        <span class=\"lk-stay-stars\">\u2605\u2605\u2605\u2605<\/span>\n        <span class=\"lk-stay-price\">Kontrollera priser<\/span>\n      <\/div>\n      <span class=\"lk-stay-cta\">\n        <svg width=\"14\" height=\"14\" viewBox=\"0 0 24 24\" fill=\"none\" stroke=\"currentColor\" stroke-width=\"2\"><path d=\"M18 13v6a2 2 0 0 1-2 2H5a2 2 0 0 1-2-2V8a2 2 0 0 1 2-2h6\"\/><polyline points=\"15 3 21 3 21 9\"\/><line x1=\"10\" y1=\"14\" x2=\"21\" y2=\"3\"\/><\/svg>\n        Kontrollera tillg\u00e4nglighet\n      <\/span>\n    <\/a>\n\n    <a class=\"lk-stay-card\" href=\"https:\/\/www.stay22.com\/allez\/roam?aid=lukaskonecny&#038;campaign=loudavymkrokemcz&#038;campaign=sv&#038;campaign=covidetvestrasburku&#038;address=\u0161trasburk\" target=\"_blank\" rel=\"nofollow noopener\">\n      <span class=\"lk-stay-badge badge-nature\">\ud83d\udd0d S\u00f6k<\/span>\n      <div class=\"lk-stay-name\">Visa alla boenden i Strasbourg<\/div>\n      <div class=\"lk-stay-desc\">Utforska alla tillg\u00e4ngliga boendealternativ i Strasbourg och hitta det b\u00e4sta enligt dina preferenser och budget.<\/div>\n      <div class=\"lk-stay-meta\">\n        <span class=\"lk-stay-stars\">\u2605\u2605\u2605\u2605<\/span>\n        <span class=\"lk-stay-price\">J\u00e4mf\u00f6r priser<\/span>\n      <\/div>\n      <span class=\"lk-stay-cta\">\n        <svg width=\"14\" height=\"14\" viewBox=\"0 0 24 24\" fill=\"none\" stroke=\"currentColor\" stroke-width=\"2\"><path d=\"M18 13v6a2 2 0 0 1-2 2H5a2 2 0 0 1-2-2V8a2 2 0 0 1 2-2h6\"\/><polyline points=\"15 3 21 3 21 9\"\/><line x1=\"10\" y1=\"14\" x2=\"21\" y2=\"3\"\/><\/svg>\n        Kontrollera tillg\u00e4nglighet\n      <\/span>\n    <\/a>\n\n  <\/div>\n\n  \n<\/div>\n\n\n\n\n<h3 class=\"wp-block-heading\"><span class=\"ez-toc-section\" id=\"10_Europaradet_och_institutionskvarteret\"><\/span>10. Europar\u00e5det och institutionskvarteret<span class=\"ez-toc-section-end\"><\/span><\/h3>\n\n\n\n<p class=\"wp-block-paragraph\">Europaparlamentet \u00e4r definitivt inte den enda viktiga institutionen i den h\u00e4r staden. Alldeles i n\u00e4rheten ligger <strong>den imponerande byggnaden f\u00f6r Europar\u00e5det samt den ber\u00f6mda Europeiska domstolen f\u00f6r de m\u00e4nskliga r\u00e4ttigheterna<\/strong>. Hela denna moderna stadsdel, som breder ut sig kring det stilla sammanfl\u00f6det av floderna Ill och Marne, \u00e4r arkitektoniskt oerh\u00f6rt intressant och redan en promenad mellan dessa glaspalats s\u00e4tter dig ordentligt i st\u00e4mning.<\/p>\n\n\n\n<p class=\"wp-block-paragraph\">Sj\u00e4lva byggnaden f\u00f6r Europeiska domstolen f\u00f6r de m\u00e4nskliga r\u00e4ttigheterna, ritad av den ber\u00f6mde arkitekten Richard Rogers, <strong>p\u00e5minner med sina dj\u00e4rva former om tv\u00e5 enorma st\u00e5lfartyg vid flodstranden<\/strong> och h\u00f6r till de mest anm\u00e4rkningsv\u00e4rda moderna byggnaderna i hela Frankrike. Rundturer i dessa specifika institutioner f\u00f6r enskilda personer \u00e4r visserligen kr\u00e5ngligare och kr\u00e4ver ofta ett tidigare l\u00e5ngdraget godk\u00e4nnande, men redan blotta \u00e5synen utifr\u00e5n och en promenad l\u00e4ngs de omgivande breda promenaderna \u00e4r verkligen v\u00e4rt det.<\/p>\n\n\n\n<p class=\"wp-block-paragraph\">Hela detta administrativa omr\u00e5de \u00e4r \u00f6verraskande t\u00e4tt omgivet av gr\u00f6nska och kanaler, s\u00e5 <strong>kontrasten mellan den str\u00e4nga moderna arkitekturen och den lugna naturen \u00e4r mycket stark h\u00e4r<\/strong>. Det \u00e4r en utm\u00e4rkt plats f\u00f6r en eftermiddagspromenad n\u00e4r du vill vila en stund fr\u00e5n de ibland livliga historiska gr\u00e4nderna i sj\u00e4lva centrum.<\/p>\n\n\n\n<figure data-wp-context=\"{&quot;imageId&quot;:&quot;6a9c3a746a9d3&quot;}\" data-wp-interactive=\"core\/image\" data-wp-key=\"6a9c3a746a9d3\" class=\"wp-block-image size-full wp-lightbox-container\"><img decoding=\"async\" width=\"1600\" height=\"2400\" data-wp-class--hide=\"state.isContentHidden\" data-wp-class--show=\"state.isContentVisible\" data-wp-init=\"callbacks.setButtonStyles\" data-wp-on--click=\"actions.showLightbox\" data-wp-on--load=\"callbacks.setButtonStyles\" data-wp-on--pointerdown=\"actions.preloadImage\" data-wp-on--pointerenter=\"actions.preloadImageWithDelay\" data-wp-on--pointerleave=\"actions.cancelPreload\" data-wp-on-window--resize=\"callbacks.setButtonStyles\" src=\"https:\/\/loudavymkrokem.cz\/wp-content\/uploads\/2026\/09\/grande-le.jpg\" alt=\"Grande \u00cele (F\u00f6rsta stadsdelen p\u00e5 UNESCO:s lista)\" class=\"wp-image-413208\" title=\"\" srcset=\"https:\/\/loudavymkrokem.cz\/wp-content\/uploads\/2026\/09\/grande-le.jpg 1600w, https:\/\/loudavymkrokem.cz\/wp-content\/uploads\/2026\/09\/grande-le-200x300.jpg 200w, https:\/\/loudavymkrokem.cz\/wp-content\/uploads\/2026\/09\/grande-le-700x1050.jpg 700w, https:\/\/loudavymkrokem.cz\/wp-content\/uploads\/2026\/09\/grande-le-768x1152.jpg 768w, https:\/\/loudavymkrokem.cz\/wp-content\/uploads\/2026\/09\/grande-le-1024x1536.jpg 1024w, https:\/\/loudavymkrokem.cz\/wp-content\/uploads\/2026\/09\/grande-le-1365x2048.jpg 1365w, https:\/\/loudavymkrokem.cz\/wp-content\/uploads\/2026\/09\/grande-le-696x1044.jpg 696w, https:\/\/loudavymkrokem.cz\/wp-content\/uploads\/2026\/09\/grande-le-1392x2088.jpg 1392w\" sizes=\"(max-width: 1600px) 100vw, 1600px\" \/><button\n\t\t\tclass=\"lightbox-trigger\"\n\t\t\ttype=\"button\"\n\t\t\taria-haspopup=\"dialog\"\n\t\t\tdata-wp-bind--aria-label=\"state.thisImage.triggerButtonAriaLabel\"\n\t\t\tdata-wp-init=\"callbacks.initTriggerButton\"\n\t\t\tdata-wp-on--click=\"actions.showLightbox\"\n\t\t\tdata-wp-style--right=\"state.thisImage.buttonRight\"\n\t\t\tdata-wp-style--top=\"state.thisImage.buttonTop\"\n\t\t>\n\t\t\t<svg xmlns=\"http:\/\/www.w3.org\/2000\/svg\" width=\"12\" height=\"12\" fill=\"none\" viewBox=\"0 0 12 12\">\n\t\t\t\t<path fill=\"#fff\" d=\"M2 0a2 2 0 0 0-2 2v2h1.5V2a.5.5 0 0 1 .5-.5h2V0H2Zm2 10.5H2a.5.5 0 0 1-.5-.5V8H0v2a2 2 0 0 0 2 2h2v-1.5ZM8 12v-1.5h2a.5.5 0 0 0 .5-.5V8H12v2a2 2 0 0 1-2 2H8Zm2-12a2 2 0 0 1 2 2v2h-1.5V2a.5.5 0 0 0-.5-.5H8V0h2Z\" \/>\n\t\t\t<\/svg>\n\t\t<\/button><figcaption class=\"wp-element-caption\">Foto: Alberto Belli \/ Google Maps<\/figcaption><\/figure>\n\n\n\n<h3 class=\"wp-block-heading\"><span class=\"ez-toc-section\" id=\"11_Grande_Ile_Forsta_stadsdelen_pa_UNESCO_s_lista\"><\/span>11. Grande \u00cele (F\u00f6rsta stadsdelen p\u00e5 UNESCO:s lista)<span class=\"ez-toc-section-end\"><\/span><\/h3>\n\n\n\n<p class=\"wp-block-paragraph\">Strasbourgs historiska k\u00e4rna breder ut sig p\u00e5 den underbara \u00f6n Grande \u00cele, som lojt omflyts av flodens Ills tv\u00e5 armar. Denna \u00f6 \u00e4r en absolut v\u00e4rldsunik plats, f\u00f6r <strong>\u00e5r 1988 f\u00f6rdes den upp p\u00e5 UNESCO:s v\u00e4rldsarvslista som den allra f\u00f6rsta hela stadsdelen<\/strong> i historien. Det \u00e4r inte att f\u00f6rv\u00e5nas \u00f6ver, f\u00f6r koncentrationen av underbara historiska sev\u00e4rdheter p\u00e5 en s\u00e5 liten yta \u00e4r verkligen helt exceptionell h\u00e4r.<\/p>\n\n\n\n<p class=\"wp-block-paragraph\">Under en l\u00e5ngsam promenad \u00f6ver \u00f6n st\u00f6ter du p\u00e5 ett perfekt exempel p\u00e5 hur staden gradvis utvecklades fr\u00e5n medeltiden via ren\u00e4ssansen till en prydlig klassicism. <strong>Hus med ovanligt h\u00f6ga branta tak och massor av takkupor, som ursprungligen anv\u00e4ndes f\u00f6r att torka djurhudar och lagra spannm\u00e5l<\/strong>, avl\u00f6ses av p\u00e5kostade palats och pittoreska dolda sm\u00e5 torg. Allt \u00e4r dessutom sammankopplat med ett n\u00e4tverk av smala kullerstensgr\u00e4nder som direkt lockar till m\u00e5ll\u00f6st romantiskt str\u00f6vande.<\/p>\n\n\n\n<p class=\"wp-block-paragraph\">Det b\u00e4sta s\u00e4ttet att utforska \u00f6n \u00e4r att helt enkelt ge sig ut utan plan. H\u00e4r g\u00e5r det faktiskt inte ens att g\u00e5 vilse. <strong>I varje h\u00f6rn uppt\u00e4cker du n\u00e5gon intressant arkitektonisk detalj<\/strong>, en dold gr\u00f6n innerg\u00e5rd eller ett litet bageri som doftar nybakat br\u00f6d. Hela \u00f6n kan man bekv\u00e4mt g\u00e5 runt p\u00e5 en enda behaglig eftermiddag.<\/p>\n\n\n\n<figure data-wp-context=\"{&quot;imageId&quot;:&quot;6a9c3a746b10f&quot;}\" data-wp-interactive=\"core\/image\" data-wp-key=\"6a9c3a746b10f\" class=\"wp-block-image size-full wp-lightbox-container\"><img decoding=\"async\" width=\"1440\" height=\"1080\" data-wp-class--hide=\"state.isContentHidden\" data-wp-class--show=\"state.isContentVisible\" data-wp-init=\"callbacks.setButtonStyles\" data-wp-on--click=\"actions.showLightbox\" data-wp-on--load=\"callbacks.setButtonStyles\" data-wp-on--pointerdown=\"actions.preloadImage\" data-wp-on--pointerenter=\"actions.preloadImageWithDelay\" data-wp-on--pointerleave=\"actions.cancelPreload\" data-wp-on-window--resize=\"callbacks.setButtonStyles\" src=\"https:\/\/loudavymkrokem.cz\/wp-content\/uploads\/2026\/09\/neustadt.jpg\" alt=\"Neustadt (Det tyska kejsarkvarteret)\" class=\"wp-image-413212\" title=\"\" srcset=\"https:\/\/loudavymkrokem.cz\/wp-content\/uploads\/2026\/09\/neustadt.jpg 1440w, https:\/\/loudavymkrokem.cz\/wp-content\/uploads\/2026\/09\/neustadt-300x225.jpg 300w, https:\/\/loudavymkrokem.cz\/wp-content\/uploads\/2026\/09\/neustadt-700x525.jpg 700w, https:\/\/loudavymkrokem.cz\/wp-content\/uploads\/2026\/09\/neustadt-768x576.jpg 768w, https:\/\/loudavymkrokem.cz\/wp-content\/uploads\/2026\/09\/neustadt-80x60.jpg 80w, https:\/\/loudavymkrokem.cz\/wp-content\/uploads\/2026\/09\/neustadt-160x120.jpg 160w, https:\/\/loudavymkrokem.cz\/wp-content\/uploads\/2026\/09\/neustadt-696x522.jpg 696w, https:\/\/loudavymkrokem.cz\/wp-content\/uploads\/2026\/09\/neustadt-1392x1044.jpg 1392w\" sizes=\"(max-width: 1440px) 100vw, 1440px\" \/><button\n\t\t\tclass=\"lightbox-trigger\"\n\t\t\ttype=\"button\"\n\t\t\taria-haspopup=\"dialog\"\n\t\t\tdata-wp-bind--aria-label=\"state.thisImage.triggerButtonAriaLabel\"\n\t\t\tdata-wp-init=\"callbacks.initTriggerButton\"\n\t\t\tdata-wp-on--click=\"actions.showLightbox\"\n\t\t\tdata-wp-style--right=\"state.thisImage.buttonRight\"\n\t\t\tdata-wp-style--top=\"state.thisImage.buttonTop\"\n\t\t>\n\t\t\t<svg xmlns=\"http:\/\/www.w3.org\/2000\/svg\" width=\"12\" height=\"12\" fill=\"none\" viewBox=\"0 0 12 12\">\n\t\t\t\t<path fill=\"#fff\" d=\"M2 0a2 2 0 0 0-2 2v2h1.5V2a.5.5 0 0 1 .5-.5h2V0H2Zm2 10.5H2a.5.5 0 0 1-.5-.5V8H0v2a2 2 0 0 0 2 2h2v-1.5ZM8 12v-1.5h2a.5.5 0 0 0 .5-.5V8H12v2a2 2 0 0 1-2 2H8Zm2-12a2 2 0 0 1 2 2v2h-1.5V2a.5.5 0 0 0-.5-.5H8V0h2Z\" \/>\n\t\t\t<\/svg>\n\t\t<\/button><figcaption class=\"wp-element-caption\">Foto: M. E. \/ Google Maps<\/figcaption><\/figure>\n\n\n\n<h3 class=\"wp-block-heading\"><span class=\"ez-toc-section\" id=\"12_Neustadt_Det_tyska_kejsarkvarteret\"><\/span>12. Neustadt (Det tyska kejsarkvarteret)<span class=\"ez-toc-section-end\"><\/span><\/h3>\n\n\n\n<p class=\"wp-block-paragraph\">Efter att staden i slutet av 1800-talet med tv\u00e5ng anslutits till Tyska riket beslutade tyskarna att bygga en helt ny, mycket representativ stadsdel som skulle visa deras d\u00e5tida makt och om\u00e4tliga rikedom. S\u00e5 uppstod Neustadt, allts\u00e5 Nya staden, som <strong>sedan 2017 blev ytterligare en officiell utvidgning av UNESCO-listningen<\/strong>. Denna stadsdel utg\u00f6r en absolut och fascinerande motsats till de smala gr\u00e4nderna i gamla staden.<\/p>\n\n\n\n<p class=\"wp-block-paragraph\">H\u00e4r hittar du <strong>enorma och breda boulevarder kantade av stora tr\u00e4d, j\u00e4ttelika runda torg och monumentala offentliga byggnader<\/strong> uppf\u00f6rda i en s\u00e4regen blandning av nygotik, nyren\u00e4ssans och prydlig jugend. Hela detta pampiga kvarters medelpunkt \u00e4r torget Place de la R\u00e9publique med Nationalteaterns byggnad och det h\u00e4nf\u00f6rande universitetsbiblioteket, som tar andan ur en.<\/p>\n\n\n\n<p class=\"wp-block-paragraph\">En promenad genom denna lugna stadsdel <strong>illustrerar perfekt Strasbourgs ofta omn\u00e4mnda dubbla identitet<\/strong>, d\u00e5 du g\u00e5r fr\u00e5n typiskt fransk medeltid till exemplarisk tysk stadsplanering fr\u00e5n slutet av 1800-talet. M\u00e5nga bostadshus h\u00e4r har underbara jugendfasader med rik blomsterdekoration som verkligen \u00e4r v\u00e4rda en n\u00e4rmare granskning med kameran i hand.<\/p>\n\n\n\n<figure data-wp-context=\"{&quot;imageId&quot;:&quot;6a9c3a746b88b&quot;}\" data-wp-interactive=\"core\/image\" data-wp-key=\"6a9c3a746b88b\" class=\"wp-block-image size-full wp-lightbox-container\"><img decoding=\"async\" width=\"1600\" height=\"1200\" data-wp-class--hide=\"state.isContentHidden\" data-wp-class--show=\"state.isContentVisible\" data-wp-init=\"callbacks.setButtonStyles\" data-wp-on--click=\"actions.showLightbox\" data-wp-on--load=\"callbacks.setButtonStyles\" data-wp-on--pointerdown=\"actions.preloadImage\" data-wp-on--pointerenter=\"actions.preloadImageWithDelay\" data-wp-on--pointerleave=\"actions.cancelPreload\" data-wp-on-window--resize=\"callbacks.setButtonStyles\" src=\"https:\/\/loudavymkrokem.cz\/wp-content\/uploads\/2026\/09\/place-kl-ber.jpg\" alt=\"Place Kl\u00e9ber\" class=\"wp-image-413217\" title=\"\" srcset=\"https:\/\/loudavymkrokem.cz\/wp-content\/uploads\/2026\/09\/place-kl-ber.jpg 1600w, https:\/\/loudavymkrokem.cz\/wp-content\/uploads\/2026\/09\/place-kl-ber-300x225.jpg 300w, https:\/\/loudavymkrokem.cz\/wp-content\/uploads\/2026\/09\/place-kl-ber-700x525.jpg 700w, https:\/\/loudavymkrokem.cz\/wp-content\/uploads\/2026\/09\/place-kl-ber-768x576.jpg 768w, https:\/\/loudavymkrokem.cz\/wp-content\/uploads\/2026\/09\/place-kl-ber-1536x1152.jpg 1536w, https:\/\/loudavymkrokem.cz\/wp-content\/uploads\/2026\/09\/place-kl-ber-80x60.jpg 80w, https:\/\/loudavymkrokem.cz\/wp-content\/uploads\/2026\/09\/place-kl-ber-160x120.jpg 160w, https:\/\/loudavymkrokem.cz\/wp-content\/uploads\/2026\/09\/place-kl-ber-696x522.jpg 696w, https:\/\/loudavymkrokem.cz\/wp-content\/uploads\/2026\/09\/place-kl-ber-1392x1044.jpg 1392w\" sizes=\"(max-width: 1600px) 100vw, 1600px\" \/><button\n\t\t\tclass=\"lightbox-trigger\"\n\t\t\ttype=\"button\"\n\t\t\taria-haspopup=\"dialog\"\n\t\t\tdata-wp-bind--aria-label=\"state.thisImage.triggerButtonAriaLabel\"\n\t\t\tdata-wp-init=\"callbacks.initTriggerButton\"\n\t\t\tdata-wp-on--click=\"actions.showLightbox\"\n\t\t\tdata-wp-style--right=\"state.thisImage.buttonRight\"\n\t\t\tdata-wp-style--top=\"state.thisImage.buttonTop\"\n\t\t>\n\t\t\t<svg xmlns=\"http:\/\/www.w3.org\/2000\/svg\" width=\"12\" height=\"12\" fill=\"none\" viewBox=\"0 0 12 12\">\n\t\t\t\t<path fill=\"#fff\" d=\"M2 0a2 2 0 0 0-2 2v2h1.5V2a.5.5 0 0 1 .5-.5h2V0H2Zm2 10.5H2a.5.5 0 0 1-.5-.5V8H0v2a2 2 0 0 0 2 2h2v-1.5ZM8 12v-1.5h2a.5.5 0 0 0 .5-.5V8H12v2a2 2 0 0 1-2 2H8Zm2-12a2 2 0 0 1 2 2v2h-1.5V2a.5.5 0 0 0-.5-.5H8V0h2Z\" \/>\n\t\t\t<\/svg>\n\t\t<\/button><figcaption class=\"wp-element-caption\">Foto: Curzio Pinnelli \/ Google Maps<\/figcaption><\/figure>\n\n\n\n<h3 class=\"wp-block-heading\"><span class=\"ez-toc-section\" id=\"13_Place_Kleber\"><\/span>13. Place Kl\u00e9ber<span class=\"ez-toc-section-end\"><\/span><\/h3>\n\n\n\n<p class=\"wp-block-paragraph\">Det st\u00f6rsta och fr\u00e4msta torget i hela centrum \u00e4r Place Kl\u00e9ber, som p\u00e5litligt fungerar som en naturlig m\u00f6tesplats f\u00f6r alla inv\u00e5nare. Hela det enorma rummet fungerar som en <strong>vidstr\u00e4ckt g\u00e5gata omgiven av vackra historiska byggnader<\/strong>, d\u00e4r det idag finns butiker f\u00f6r lyxiga internationella m\u00e4rken, rymliga kaf\u00e9er och v\u00e4lrenommerade restauranger. Torget \u00e4r uppkallat efter den ber\u00f6mde generalen Jean-Baptiste Kl\u00e9ber, vars bronsstaty st\u00e5r precis i mitten och under vilken till och med hans faktiska kvarlevor \u00e4r gravlagda.<\/p>\n\n\n\n<p class=\"wp-block-paragraph\">Det h\u00e4r torget \u00e4r verkligen fullt av oupph\u00f6rligt liv \u00e5ret runt. Lokalborna kommer hit f\u00f6r att shoppa, sitta och ta en eftermiddagskaffe eller titta p\u00e5 olika gatuartister. <strong>Den vackraste byggnaden p\u00e5 torget \u00e4r utan tvekan Aubette<\/strong>, ett klassicistiskt palats fr\u00e5n 1700-talet som f\u00f6rr tj\u00e4nade som vaktlokal och idag rymmer en shoppinggalleria samt historiska salar med unik avantgardistisk dekoration fr\u00e5n 1920-talet.<\/p>\n\n\n\n<p class=\"wp-block-paragraph\">Under adventstiden f\u00f6rvandlas torget magiskt till h\u00e4ndelsernas absoluta centrum, f\u00f6r det \u00e4r just <strong>h\u00e4r som den enorma, underbart dekorerade julgranen reses med stor pompa<\/strong> och \u00e4r en av hela stadens st\u00f6rsta symboler. Men \u00e4ven utanf\u00f6r adventstiden njuter du h\u00e4r till fullo av den fantastiska atmosf\u00e4ren i en pulserande och modern europeisk storstad.<\/p>\n\n\n\n<figure data-wp-context=\"{&quot;imageId&quot;:&quot;6a9c3a746bfea&quot;}\" data-wp-interactive=\"core\/image\" data-wp-key=\"6a9c3a746bfea\" class=\"wp-block-image size-full wp-lightbox-container\"><img decoding=\"async\" width=\"1600\" height=\"1200\" data-wp-class--hide=\"state.isContentHidden\" data-wp-class--show=\"state.isContentVisible\" data-wp-init=\"callbacks.setButtonStyles\" data-wp-on--click=\"actions.showLightbox\" data-wp-on--load=\"callbacks.setButtonStyles\" data-wp-on--pointerdown=\"actions.preloadImage\" data-wp-on--pointerenter=\"actions.preloadImageWithDelay\" data-wp-on--pointerleave=\"actions.cancelPreload\" data-wp-on-window--resize=\"callbacks.setButtonStyles\" src=\"https:\/\/loudavymkrokem.cz\/wp-content\/uploads\/2026\/09\/parc-de-l-orangerie.jpg\" alt=\"Parc de l&#039;Orangerie\" class=\"wp-image-413221\" title=\"\" srcset=\"https:\/\/loudavymkrokem.cz\/wp-content\/uploads\/2026\/09\/parc-de-l-orangerie.jpg 1600w, https:\/\/loudavymkrokem.cz\/wp-content\/uploads\/2026\/09\/parc-de-l-orangerie-300x225.jpg 300w, https:\/\/loudavymkrokem.cz\/wp-content\/uploads\/2026\/09\/parc-de-l-orangerie-700x525.jpg 700w, https:\/\/loudavymkrokem.cz\/wp-content\/uploads\/2026\/09\/parc-de-l-orangerie-768x576.jpg 768w, https:\/\/loudavymkrokem.cz\/wp-content\/uploads\/2026\/09\/parc-de-l-orangerie-1536x1152.jpg 1536w, https:\/\/loudavymkrokem.cz\/wp-content\/uploads\/2026\/09\/parc-de-l-orangerie-80x60.jpg 80w, https:\/\/loudavymkrokem.cz\/wp-content\/uploads\/2026\/09\/parc-de-l-orangerie-160x120.jpg 160w, https:\/\/loudavymkrokem.cz\/wp-content\/uploads\/2026\/09\/parc-de-l-orangerie-696x522.jpg 696w, https:\/\/loudavymkrokem.cz\/wp-content\/uploads\/2026\/09\/parc-de-l-orangerie-1392x1044.jpg 1392w\" sizes=\"(max-width: 1600px) 100vw, 1600px\" \/><button\n\t\t\tclass=\"lightbox-trigger\"\n\t\t\ttype=\"button\"\n\t\t\taria-haspopup=\"dialog\"\n\t\t\tdata-wp-bind--aria-label=\"state.thisImage.triggerButtonAriaLabel\"\n\t\t\tdata-wp-init=\"callbacks.initTriggerButton\"\n\t\t\tdata-wp-on--click=\"actions.showLightbox\"\n\t\t\tdata-wp-style--right=\"state.thisImage.buttonRight\"\n\t\t\tdata-wp-style--top=\"state.thisImage.buttonTop\"\n\t\t>\n\t\t\t<svg xmlns=\"http:\/\/www.w3.org\/2000\/svg\" width=\"12\" height=\"12\" fill=\"none\" viewBox=\"0 0 12 12\">\n\t\t\t\t<path fill=\"#fff\" d=\"M2 0a2 2 0 0 0-2 2v2h1.5V2a.5.5 0 0 1 .5-.5h2V0H2Zm2 10.5H2a.5.5 0 0 1-.5-.5V8H0v2a2 2 0 0 0 2 2h2v-1.5ZM8 12v-1.5h2a.5.5 0 0 0 .5-.5V8H12v2a2 2 0 0 1-2 2H8Zm2-12a2 2 0 0 1 2 2v2h-1.5V2a.5.5 0 0 0-.5-.5H8V0h2Z\" \/>\n\t\t\t<\/svg>\n\t\t<\/button><figcaption class=\"wp-element-caption\">Foto: dante coccia \/ Google Maps<\/figcaption><\/figure>\n\n\n\n<h3 class=\"wp-block-heading\"><span class=\"ez-toc-section\" id=\"14_Parc_de_lOrangerie\"><\/span>14. Parc de l&#8217;Orangerie<span class=\"ez-toc-section-end\"><\/span><\/h3>\n\n\n\n<p class=\"wp-block-paragraph\">Om du vill vila en stund fr\u00e5n storstadens buller och tanka ny energi i naturen, bege dig till Parc de l&#8217;Orangerie. Denna h\u00e4nf\u00f6rande park som h\u00e4rstammar fr\u00e5n 1600-talet \u00e4r <strong>stadens st\u00f6rsta och allra \u00e4ldsta park<\/strong> och ligger i omedelbar n\u00e4rhet av den moderna Europastadsdelen. Ursprungligen odlade man h\u00e4r s\u00e4llsynta apelsintr\u00e4d. Vem skulle ha trott att det en dag skulle bli stadens st\u00f6rsta park.<\/p>\n\n\n\n<p class=\"wp-block-paragraph\">Idag \u00e4r det en enorm och omsorgsfullt sk\u00f6tt oas av gr\u00f6nska med en vidstr\u00e4ckt sj\u00f6, d\u00e4r du <strong>under de varma sommarm\u00e5naderna kan hyra en liten b\u00e5t och \u00e5ka ut p\u00e5 den lugna vattenytan<\/strong>. Parken \u00e4r genomkorsad av ett t\u00e4tt n\u00e4tverk av breda sandg\u00e5ngar, du st\u00f6ter h\u00e4r p\u00e5 vackra blomsterrabatter, porlande font\u00e4ner och till och med en liten djurpark. I paviljongen mitt i parken finns dessutom en lyxig restaurang med en vacker terrass f\u00f6r en festlig lunch.<\/p>\n\n\n\n<p class=\"wp-block-paragraph\">\ud83d\udca1 Tips: Parken \u00e4r ocks\u00e5 hem f\u00f6r ett enormt antal vilda storkar, som \u00e4r djursymbolen f\u00f6r hela Elsass. <strong>Du kan fritt betrakta dem h\u00e4r n\u00e4r de bygger sina enorma bon h\u00f6gt uppe i de stora tr\u00e4dens kronor<\/strong>, vilket \u00e4r en upplevelse som garanterat begeistrar inte bara sm\u00e5 barn utan \u00e4ven vuxna bes\u00f6kare.<\/p>\n\n\n\n<figure data-wp-context=\"{&quot;imageId&quot;:&quot;6a9c3a746c630&quot;}\" data-wp-interactive=\"core\/image\" data-wp-key=\"6a9c3a746c630\" class=\"wp-block-image size-full wp-lightbox-container\"><img decoding=\"async\" width=\"1600\" height=\"1183\" data-wp-class--hide=\"state.isContentHidden\" data-wp-class--show=\"state.isContentVisible\" data-wp-init=\"callbacks.setButtonStyles\" data-wp-on--click=\"actions.showLightbox\" data-wp-on--load=\"callbacks.setButtonStyles\" data-wp-on--pointerdown=\"actions.preloadImage\" data-wp-on--pointerenter=\"actions.preloadImageWithDelay\" data-wp-on--pointerleave=\"actions.cancelPreload\" data-wp-on-window--resize=\"callbacks.setButtonStyles\" src=\"https:\/\/loudavymkrokem.cz\/wp-content\/uploads\/2026\/09\/parc-de-l-toile.jpg\" alt=\"Parc de l&#039;\u00c9toile\" class=\"wp-image-413224\" title=\"\" srcset=\"https:\/\/loudavymkrokem.cz\/wp-content\/uploads\/2026\/09\/parc-de-l-toile.jpg 1600w, https:\/\/loudavymkrokem.cz\/wp-content\/uploads\/2026\/09\/parc-de-l-toile-300x222.jpg 300w, https:\/\/loudavymkrokem.cz\/wp-content\/uploads\/2026\/09\/parc-de-l-toile-700x518.jpg 700w, https:\/\/loudavymkrokem.cz\/wp-content\/uploads\/2026\/09\/parc-de-l-toile-768x568.jpg 768w, https:\/\/loudavymkrokem.cz\/wp-content\/uploads\/2026\/09\/parc-de-l-toile-1536x1136.jpg 1536w, https:\/\/loudavymkrokem.cz\/wp-content\/uploads\/2026\/09\/parc-de-l-toile-80x60.jpg 80w, https:\/\/loudavymkrokem.cz\/wp-content\/uploads\/2026\/09\/parc-de-l-toile-696x515.jpg 696w, https:\/\/loudavymkrokem.cz\/wp-content\/uploads\/2026\/09\/parc-de-l-toile-1392x1029.jpg 1392w\" sizes=\"(max-width: 1600px) 100vw, 1600px\" \/><button\n\t\t\tclass=\"lightbox-trigger\"\n\t\t\ttype=\"button\"\n\t\t\taria-haspopup=\"dialog\"\n\t\t\tdata-wp-bind--aria-label=\"state.thisImage.triggerButtonAriaLabel\"\n\t\t\tdata-wp-init=\"callbacks.initTriggerButton\"\n\t\t\tdata-wp-on--click=\"actions.showLightbox\"\n\t\t\tdata-wp-style--right=\"state.thisImage.buttonRight\"\n\t\t\tdata-wp-style--top=\"state.thisImage.buttonTop\"\n\t\t>\n\t\t\t<svg xmlns=\"http:\/\/www.w3.org\/2000\/svg\" width=\"12\" height=\"12\" fill=\"none\" viewBox=\"0 0 12 12\">\n\t\t\t\t<path fill=\"#fff\" d=\"M2 0a2 2 0 0 0-2 2v2h1.5V2a.5.5 0 0 1 .5-.5h2V0H2Zm2 10.5H2a.5.5 0 0 1-.5-.5V8H0v2a2 2 0 0 0 2 2h2v-1.5ZM8 12v-1.5h2a.5.5 0 0 0 .5-.5V8H12v2a2 2 0 0 1-2 2H8Zm2-12a2 2 0 0 1 2 2v2h-1.5V2a.5.5 0 0 0-.5-.5H8V0h2Z\" \/>\n\t\t\t<\/svg>\n\t\t<\/button><figcaption class=\"wp-element-caption\">Foto: Zulfikar CEKIC \/ Google Maps<\/figcaption><\/figure>\n\n\n\n<h3 class=\"wp-block-heading\"><span class=\"ez-toc-section\" id=\"15_Parc_de_lEtoile\"><\/span>15. Parc de l&#8217;\u00c9toile<span class=\"ez-toc-section-end\"><\/span><\/h3>\n\n\n\n<p class=\"wp-block-paragraph\">Ett annat mycket intressant gr\u00f6nomr\u00e5de som verkligen \u00e4r v\u00e4rt ett bes\u00f6k \u00e4r Parc de l&#8217;\u00c9toile. Till skillnad fr\u00e5n den klassiska och strikt symmetriska franska stilen i Orangerie \u00e4r detta omr\u00e5de utformat mycket mer avslappnat och modernt. <strong>H\u00e4r hittar du vidstr\u00e4ckta gr\u00e4skl\u00e4dda kullar, tr\u00e4sp\u00e4nger och breda v\u00e4gar som kantar kanalerna<\/strong>, vilket g\u00f6r den till en oerh\u00f6rt popul\u00e4r plats f\u00f6r picknick och eftermiddagsavkoppling f\u00f6r studenter fr\u00e5n det n\u00e4rbel\u00e4gna universitetet.<\/p>\n\n\n\n<p class=\"wp-block-paragraph\">En av parkens fr\u00e4msta konstn\u00e4rliga sev\u00e4rdheter \u00e4r <strong>bronsstatyn av Mahatma Gandhi<\/strong>, som den indiska regeringen officiellt sk\u00e4nkte till staden som en best\u00e5ende symbol f\u00f6r fred och icke-v\u00e5ld. Parken fungerar som en utm\u00e4rkt gr\u00f6n l\u00e4nk mellan stadens historiska centrum och de modernare s\u00f6dra stadsdelarna, och tack vare massor av utplacerade b\u00e4nkar erbjuder den en mycket behaglig plats att vila p\u00e5.<\/p>\n\n\n\n<p class=\"wp-block-paragraph\">Hela omr\u00e5det \u00e4r ocks\u00e5 mycket popul\u00e4rt bland lokala cyklister och l\u00f6pare, f\u00f6r h\u00e4rifr\u00e5n kan du s\u00f6ml\u00f6st ansluta till ett omfattande n\u00e4tverk av v\u00e4lsk\u00f6tta cykelv\u00e4gar som g\u00e5r l\u00e4ngs kanalerna \u00e4nda l\u00e5ngt utanf\u00f6r stadens gr\u00e4nser. <strong>Om du planerar att hyra en cykel i staden rekommenderar jag verkligen att du b\u00f6rjar din tur just h\u00e4r<\/strong>.<\/p>\n\n\n\n<figure data-wp-context=\"{&quot;imageId&quot;:&quot;6a9c3a746ccbc&quot;}\" data-wp-interactive=\"core\/image\" data-wp-key=\"6a9c3a746ccbc\" class=\"wp-block-image size-full wp-lightbox-container\"><img decoding=\"async\" width=\"1600\" height=\"1200\" data-wp-class--hide=\"state.isContentHidden\" data-wp-class--show=\"state.isContentVisible\" data-wp-init=\"callbacks.setButtonStyles\" data-wp-on--click=\"actions.showLightbox\" data-wp-on--load=\"callbacks.setButtonStyles\" data-wp-on--pointerdown=\"actions.preloadImage\" data-wp-on--pointerenter=\"actions.preloadImageWithDelay\" data-wp-on--pointerleave=\"actions.cancelPreload\" data-wp-on-window--resize=\"callbacks.setButtonStyles\" src=\"https:\/\/loudavymkrokem.cz\/wp-content\/uploads\/2026\/09\/palais-rohan.jpg\" alt=\"Palais Rohan\" class=\"wp-image-413228\" title=\"\" srcset=\"https:\/\/loudavymkrokem.cz\/wp-content\/uploads\/2026\/09\/palais-rohan.jpg 1600w, https:\/\/loudavymkrokem.cz\/wp-content\/uploads\/2026\/09\/palais-rohan-300x225.jpg 300w, https:\/\/loudavymkrokem.cz\/wp-content\/uploads\/2026\/09\/palais-rohan-700x525.jpg 700w, https:\/\/loudavymkrokem.cz\/wp-content\/uploads\/2026\/09\/palais-rohan-768x576.jpg 768w, https:\/\/loudavymkrokem.cz\/wp-content\/uploads\/2026\/09\/palais-rohan-1536x1152.jpg 1536w, https:\/\/loudavymkrokem.cz\/wp-content\/uploads\/2026\/09\/palais-rohan-80x60.jpg 80w, https:\/\/loudavymkrokem.cz\/wp-content\/uploads\/2026\/09\/palais-rohan-160x120.jpg 160w, https:\/\/loudavymkrokem.cz\/wp-content\/uploads\/2026\/09\/palais-rohan-696x522.jpg 696w, https:\/\/loudavymkrokem.cz\/wp-content\/uploads\/2026\/09\/palais-rohan-1392x1044.jpg 1392w\" sizes=\"(max-width: 1600px) 100vw, 1600px\" \/><button\n\t\t\tclass=\"lightbox-trigger\"\n\t\t\ttype=\"button\"\n\t\t\taria-haspopup=\"dialog\"\n\t\t\tdata-wp-bind--aria-label=\"state.thisImage.triggerButtonAriaLabel\"\n\t\t\tdata-wp-init=\"callbacks.initTriggerButton\"\n\t\t\tdata-wp-on--click=\"actions.showLightbox\"\n\t\t\tdata-wp-style--right=\"state.thisImage.buttonRight\"\n\t\t\tdata-wp-style--top=\"state.thisImage.buttonTop\"\n\t\t>\n\t\t\t<svg xmlns=\"http:\/\/www.w3.org\/2000\/svg\" width=\"12\" height=\"12\" fill=\"none\" viewBox=\"0 0 12 12\">\n\t\t\t\t<path fill=\"#fff\" d=\"M2 0a2 2 0 0 0-2 2v2h1.5V2a.5.5 0 0 1 .5-.5h2V0H2Zm2 10.5H2a.5.5 0 0 1-.5-.5V8H0v2a2 2 0 0 0 2 2h2v-1.5ZM8 12v-1.5h2a.5.5 0 0 0 .5-.5V8H12v2a2 2 0 0 1-2 2H8Zm2-12a2 2 0 0 1 2 2v2h-1.5V2a.5.5 0 0 0-.5-.5H8V0h2Z\" \/>\n\t\t\t<\/svg>\n\t\t<\/button><figcaption class=\"wp-element-caption\">Foto: Kent Wang \/ Google Maps<\/figcaption><\/figure>\n\n\n\n<h3 class=\"wp-block-heading\"><span class=\"ez-toc-section\" id=\"16_Palais_Rohan\"><\/span>16. Palais Rohan<span class=\"ez-toc-section-end\"><\/span><\/h3>\n\n\n\n<p class=\"wp-block-paragraph\">Bara ett litet stycke fr\u00e5n huvudkatedralen reser sig majest\u00e4tiskt <a href=\"https:\/\/en.musees.strasbourg.eu\/palais-rohan\" target=\"_blank\" rel=\"nofollow noopener\">Palais Rohan<\/a>, ett underbart och vidstr\u00e4ckt barockpalats fr\u00e5n 1700-talet som en g\u00e5ng tj\u00e4nade som pampig residens f\u00f6r Strasbourgs biskopar fr\u00e5n den mycket inflytelserika \u00e4tten Rohan. <strong>Denna h\u00e4pnadsv\u00e4ckande byggnad j\u00e4mf\u00f6rs p\u00e5 grund av sin sk\u00f6nhet ofta med de parisiska palatsen<\/strong> och dess noblessa fasad som speglar sig i flodens Ills vatten h\u00f6r till stadens absolut vackraste vyer.<\/p>\n\n\n\n<p class=\"wp-block-paragraph\">Idag \u00e4r detta enorma palats hem f\u00f6r hela tre viktiga stadsmuseer, s\u00e5 alla konst\u00e4lskare och entusiaster av djup historia kommer garanterat till sin r\u00e4tt h\u00e4r. <strong>P\u00e5 bottenv\u00e5ningen finns Museet f\u00f6r dekorativ konst med underbart bevarade ursprungliga biskopsgemak<\/strong>, i k\u00e4llaren hittar du det omfattande Arkeologiska museet och p\u00e5 f\u00f6rsta v\u00e5ningen sedan Museet f\u00f6r bildkonst med en imponerande samling klassiskt europeiskt m\u00e5leri.<\/p>\n\n\n\n<p class=\"wp-block-paragraph\">\u00c4ven om du inte direkt \u00e4r ett stort fan av l\u00e5nga och kr\u00e4vande museirundturer b\u00f6r du \u00e5tminstone titta in p\u00e5 den centrala innerg\u00e5rden, intr\u00e4det \u00e4r gratis och fasaden \u00e4r v\u00e4rd det. H\u00e4r kan du i lugn och ro beundra den perfekta symmetrin och den otroliga prydligheten i klassisk fransk palatsarkitektur.<\/p>\n\n\n\n<figure data-wp-context=\"{&quot;imageId&quot;:&quot;6a9c3a746d291&quot;}\" data-wp-interactive=\"core\/image\" data-wp-key=\"6a9c3a746d291\" class=\"wp-block-image size-full wp-lightbox-container\"><img decoding=\"async\" width=\"1600\" height=\"1105\" data-wp-class--hide=\"state.isContentHidden\" data-wp-class--show=\"state.isContentVisible\" data-wp-init=\"callbacks.setButtonStyles\" data-wp-on--click=\"actions.showLightbox\" data-wp-on--load=\"callbacks.setButtonStyles\" data-wp-on--pointerdown=\"actions.preloadImage\" data-wp-on--pointerenter=\"actions.preloadImageWithDelay\" data-wp-on--pointerleave=\"actions.cancelPreload\" data-wp-on-window--resize=\"callbacks.setButtonStyles\" src=\"https:\/\/loudavymkrokem.cz\/wp-content\/uploads\/2026\/09\/strasbourg-museum-of-modern-and-contemporary-art.jpg\" alt=\"Strasbourg Museum of Modern and Contemporary Art (MAMCS)\" class=\"wp-image-413231\" title=\"\" srcset=\"https:\/\/loudavymkrokem.cz\/wp-content\/uploads\/2026\/09\/strasbourg-museum-of-modern-and-contemporary-art.jpg 1600w, https:\/\/loudavymkrokem.cz\/wp-content\/uploads\/2026\/09\/strasbourg-museum-of-modern-and-contemporary-art-300x207.jpg 300w, https:\/\/loudavymkrokem.cz\/wp-content\/uploads\/2026\/09\/strasbourg-museum-of-modern-and-contemporary-art-700x483.jpg 700w, https:\/\/loudavymkrokem.cz\/wp-content\/uploads\/2026\/09\/strasbourg-museum-of-modern-and-contemporary-art-768x530.jpg 768w, https:\/\/loudavymkrokem.cz\/wp-content\/uploads\/2026\/09\/strasbourg-museum-of-modern-and-contemporary-art-1536x1061.jpg 1536w, https:\/\/loudavymkrokem.cz\/wp-content\/uploads\/2026\/09\/strasbourg-museum-of-modern-and-contemporary-art-696x481.jpg 696w, https:\/\/loudavymkrokem.cz\/wp-content\/uploads\/2026\/09\/strasbourg-museum-of-modern-and-contemporary-art-1392x961.jpg 1392w\" sizes=\"(max-width: 1600px) 100vw, 1600px\" \/><button\n\t\t\tclass=\"lightbox-trigger\"\n\t\t\ttype=\"button\"\n\t\t\taria-haspopup=\"dialog\"\n\t\t\tdata-wp-bind--aria-label=\"state.thisImage.triggerButtonAriaLabel\"\n\t\t\tdata-wp-init=\"callbacks.initTriggerButton\"\n\t\t\tdata-wp-on--click=\"actions.showLightbox\"\n\t\t\tdata-wp-style--right=\"state.thisImage.buttonRight\"\n\t\t\tdata-wp-style--top=\"state.thisImage.buttonTop\"\n\t\t>\n\t\t\t<svg xmlns=\"http:\/\/www.w3.org\/2000\/svg\" width=\"12\" height=\"12\" fill=\"none\" viewBox=\"0 0 12 12\">\n\t\t\t\t<path fill=\"#fff\" d=\"M2 0a2 2 0 0 0-2 2v2h1.5V2a.5.5 0 0 1 .5-.5h2V0H2Zm2 10.5H2a.5.5 0 0 1-.5-.5V8H0v2a2 2 0 0 0 2 2h2v-1.5ZM8 12v-1.5h2a.5.5 0 0 0 .5-.5V8H12v2a2 2 0 0 1-2 2H8Zm2-12a2 2 0 0 1 2 2v2h-1.5V2a.5.5 0 0 0-.5-.5H8V0h2Z\" \/>\n\t\t\t<\/svg>\n\t\t<\/button><figcaption class=\"wp-element-caption\">Foto: Mus\u00e9e d&#8217;Art Moderne et Contemporain de Strasbourg \/ Google Maps<\/figcaption><\/figure>\n\n\n\n<h3 class=\"wp-block-heading\"><span class=\"ez-toc-section\" id=\"17_Strasbourg_Museum_of_Modern_and_Contemporary_Art_MAMCS\"><\/span>17. Strasbourg Museum of Modern and Contemporary Art (MAMCS)<span class=\"ez-toc-section-end\"><\/span><\/h3>\n\n\n\n<p class=\"wp-block-paragraph\">F\u00f6r alla \u00e4lskare av lite modernare konst \u00e4r ett bes\u00f6k p\u00e5 Museet f\u00f6r modern och samtida konst, som lokalborna kort kallar <a href=\"https:\/\/en.musees.strasbourg.eu\/mamcs\" target=\"_blank\" rel=\"nofollow noopener\">MAMCS<\/a>, ett absolut m\u00e5ste. Redan sj\u00e4lva museibyggnaden \u00e4r en stor arkitektonisk upplevelse. <strong>Det r\u00f6r sig om en enorm glasbyggnad som ligger direkt vid flodstranden<\/strong> och som skapar en fantastisk och mycket fotogenisk visuell kontrast mot den n\u00e4rbel\u00e4gna historiska stadsdelen Petite France.<\/p>\n\n\n\n<p class=\"wp-block-paragraph\">Inuti v\u00e4ntar verkligen omfattande konstsamlingar fr\u00e5n slutet av 1800-talet \u00e4nda fram till nutid, <strong>inklusive en mycket rik kollektion av modern fotografi och grafik<\/strong>. H\u00e4r hittar du utst\u00e4llda verk av ber\u00f6mda m\u00e4stare som Kandinsky, Picasso eller Monet, men gener\u00f6st utrymme \u00e4gnas h\u00e4r \u00e4ven \u00e5t samtida rumsliga installationer och lovande lokala elsassiska konstn\u00e4rer.<\/p>\n\n\n\n<p class=\"wp-block-paragraph\">\ud83d\udca1 Tips: Efter en l\u00e5ng rundtur bland utst\u00e4llningarna f\u00e5r du absolut inte missa ett bes\u00f6k p\u00e5 museets kaf\u00e9, som ligger p\u00e5 den \u00f6ppna takterrassen. <strong>H\u00e4rifr\u00e5n erbjuds en av de vackraste och bland turister minst k\u00e4nda vyerna \u00f6ver det historiska centrumet och tornen p\u00e5 Ponts Couverts<\/strong>, dessutom i fullst\u00e4ndigt lugn l\u00e5ngt fr\u00e5n de stora turisthorderna p\u00e5 gatorna nedanf\u00f6r.<\/p>\n\n\n\n<figure data-wp-context=\"{&quot;imageId&quot;:&quot;6a9c3a746d6f1&quot;}\" data-wp-interactive=\"core\/image\" data-wp-key=\"6a9c3a746d6f1\" class=\"wp-block-image size-full wp-lightbox-container\"><img decoding=\"async\" width=\"1600\" height=\"1066\" data-wp-class--hide=\"state.isContentHidden\" data-wp-class--show=\"state.isContentVisible\" data-wp-init=\"callbacks.setButtonStyles\" data-wp-on--click=\"actions.showLightbox\" data-wp-on--load=\"callbacks.setButtonStyles\" data-wp-on--pointerdown=\"actions.preloadImage\" data-wp-on--pointerenter=\"actions.preloadImageWithDelay\" data-wp-on--pointerleave=\"actions.cancelPreload\" data-wp-on-window--resize=\"callbacks.setButtonStyles\" src=\"https:\/\/loudavymkrokem.cz\/wp-content\/uploads\/2026\/09\/mus-e-alsacien.jpg\" alt=\"Mus\u00e9e Alsacien\" class=\"wp-image-413235\" title=\"\" srcset=\"https:\/\/loudavymkrokem.cz\/wp-content\/uploads\/2026\/09\/mus-e-alsacien.jpg 1600w, https:\/\/loudavymkrokem.cz\/wp-content\/uploads\/2026\/09\/mus-e-alsacien-300x200.jpg 300w, https:\/\/loudavymkrokem.cz\/wp-content\/uploads\/2026\/09\/mus-e-alsacien-700x466.jpg 700w, https:\/\/loudavymkrokem.cz\/wp-content\/uploads\/2026\/09\/mus-e-alsacien-768x512.jpg 768w, https:\/\/loudavymkrokem.cz\/wp-content\/uploads\/2026\/09\/mus-e-alsacien-1536x1023.jpg 1536w, https:\/\/loudavymkrokem.cz\/wp-content\/uploads\/2026\/09\/mus-e-alsacien-696x464.jpg 696w, https:\/\/loudavymkrokem.cz\/wp-content\/uploads\/2026\/09\/mus-e-alsacien-1392x927.jpg 1392w\" sizes=\"(max-width: 1600px) 100vw, 1600px\" \/><button\n\t\t\tclass=\"lightbox-trigger\"\n\t\t\ttype=\"button\"\n\t\t\taria-haspopup=\"dialog\"\n\t\t\tdata-wp-bind--aria-label=\"state.thisImage.triggerButtonAriaLabel\"\n\t\t\tdata-wp-init=\"callbacks.initTriggerButton\"\n\t\t\tdata-wp-on--click=\"actions.showLightbox\"\n\t\t\tdata-wp-style--right=\"state.thisImage.buttonRight\"\n\t\t\tdata-wp-style--top=\"state.thisImage.buttonTop\"\n\t\t>\n\t\t\t<svg xmlns=\"http:\/\/www.w3.org\/2000\/svg\" width=\"12\" height=\"12\" fill=\"none\" viewBox=\"0 0 12 12\">\n\t\t\t\t<path fill=\"#fff\" d=\"M2 0a2 2 0 0 0-2 2v2h1.5V2a.5.5 0 0 1 .5-.5h2V0H2Zm2 10.5H2a.5.5 0 0 1-.5-.5V8H0v2a2 2 0 0 0 2 2h2v-1.5ZM8 12v-1.5h2a.5.5 0 0 0 .5-.5V8H12v2a2 2 0 0 1-2 2H8Zm2-12a2 2 0 0 1 2 2v2h-1.5V2a.5.5 0 0 0-.5-.5H8V0h2Z\" \/>\n\t\t\t<\/svg>\n\t\t<\/button><figcaption class=\"wp-element-caption\">Foto: Bertrand Strasbourg \/ Google Maps<\/figcaption><\/figure>\n\n\n\n<h3 class=\"wp-block-heading\"><span class=\"ez-toc-section\" id=\"18_Musee_Alsacien\"><\/span>18. Mus\u00e9e Alsacien<span class=\"ez-toc-section-end\"><\/span><\/h3>\n\n\n\n<p class=\"wp-block-paragraph\">Om du verkligen vill tr\u00e4nga djupt in i denna regions sj\u00e4l, bes\u00f6k f\u00f6rst <a href=\"https:\/\/en.musees.strasbourg.eu\/alsatian-museum\" target=\"_blank\" rel=\"nofollow noopener\">Mus\u00e9e Alsacien<\/a>. Det ligger i flera sammankopplade historiska korsvirkeshus och <strong>kartl\u00e4gger underbart det traditionella elsassiska folklivet, landsbygdens seder och tidstypiska hantverk<\/strong>. Allt \u00e4r placerat i en helt autentisk och l\u00e4tt sn\u00e5rig historisk milj\u00f6 full av knarrande tr\u00e4trappor.<\/p>\n\n\n\n<p class=\"wp-block-paragraph\">Tack vare det f\u00e5r du en fantastisk kontext till det du sedan ser p\u00e5 gatorna, och f\u00f6rst\u00e5r b\u00e4ttre hur m\u00e4nniskor faktiskt levde h\u00e4r. Du f\u00e5r reda p\u00e5 vilka hantverk som dominerade i omr\u00e5det, ser typiska folkdr\u00e4kter och genast blir den omgivande arkitekturen \u00e4nnu mer begriplig.<\/p>\n\n\n\n<h2 class=\"wp-block-heading\"><span class=\"ez-toc-section\" id=\"Vart_du_kan_aka_vidare_fran_Strasbourg\"><\/span>Vart du kan \u00e5ka vidare fr\u00e5n Strasbourg<span class=\"ez-toc-section-end\"><\/span><\/h2>\n\n\n\n<p class=\"wp-block-paragraph\">Strasbourg fungerar som en <strong>helt idealisk bas f\u00f6r att utforska hela Elsass<\/strong>. P\u00e5 knappt en timmes bilresa n\u00e5r du sagolika byar som ser ut som kulisser ur en historisk film. Om du har tillg\u00e5ng till bil, <strong>missa absolut inte v\u00e5r rutt i artikeln <a href=\"https:\/\/loudavymkrokem.cz\/sv\/alsace-frankrike-vinvagen-byar\/\">Elsassiska vinv\u00e4gen: 12 vackraste byar<\/a><\/strong>, d\u00e4r vi i detalj beskriver stoppen l\u00e4ngs rutten genom sm\u00e5st\u00e4der som Riquewihr eller Kaysersberg.<\/p>\n\n\n\n<p class=\"wp-block-paragraph\">Ett eget bes\u00f6k \u00e4r verkligen v\u00e4rt Elsassvinets huvudstad, som vi skrivit utf\u00f6rligt om i guiden <a href=\"https:\/\/loudavymkrokem.cz\/sv\/colmar-franska-venedig\/\">Colmar, Frankrike<\/a>. Det \u00e4r en mindre och \u00e4nnu lite mer koncentrerad version av Strasbourg med den h\u00e4nf\u00f6rande stadsdelen som kallas Lilla Venedig.<\/p>\n\n\n\n<p class=\"wp-block-paragraph\">N\u00e4r du letar efter mer inspiration till utflykter i omgivningen kanske du p\u00e5 kartorna st\u00f6ter p\u00e5 \u00c9comus\u00e9e d&#8217;Alsace eller milit\u00e4rmuseet MM Park, men l\u00e5t dig inte luras. \u00c9comus\u00e9e ligger i Ungersheim ungef\u00e4r sextio kilometer fr\u00e5n staden och MM Park hittar du i byn La Wantzenau, s\u00e5 <strong>b\u00e5da platserna kr\u00e4ver snarare en halvdags- till heldagsutflykt med bil<\/strong> och ligger definitivt inte inom g\u00e5ngavst\u00e5nd fr\u00e5n stadens centrum.<\/p>\n\n\n\n<p class=\"wp-block-paragraph\">Om du planerar en bredare uppt\u00e4cktsresa i ost- och vinlandet, ta en titt p\u00e5 v\u00e5r <a href=\"https:\/\/loudavymkrokem.cz\/sv\/roadtrip-frankrike-14-dagar\/\">Roadtrip genom Frankrike: resrutt f\u00f6r 14 dagar<\/a>, d\u00e4r du hittar massor av praktiska tips f\u00f6r l\u00e5nga f\u00f6rflyttningar. Och om du \u00e4nd\u00e5 skulle best\u00e4mma dig f\u00f6r att \u00e5ka i slutet av \u00e5ret, gl\u00f6m inte att kika in i v\u00e5rt special <a href=\"https:\/\/loudavymkrokem.cz\/sv\/julmarknader-strasbourg-datum-program\/\">Julmarknader i Strasbourg<\/a>.<\/p>\n\n\n\n<h2 class=\"wp-block-heading\"><span class=\"ez-toc-section\" id=\"Vanliga_fragor\"><\/span>Vanliga fr\u00e5gor<span class=\"ez-toc-section-end\"><\/span><\/h2>\n\n\n<div id=\"rank-math-faq\" class=\"rank-math-block\">\n<div class=\"rank-math-list \">\n<div id=\"faq-question-1788283122000\" class=\"rank-math-list-item\">\n<h3 class=\"rank-math-question \"><span class=\"ez-toc-section\" id=\"Nar_halls_julmarknaderna_ar_2026\"><\/span>N\u00e4r h\u00e5lls julmarknaderna \u00e5r 2026?<span class=\"ez-toc-section-end\"><\/span><\/h3>\n<div class=\"rank-math-answer \">\n\n<p>\u00c5r 2026 p\u00e5g\u00e5r de ber\u00f6mda adventsmarknaderna fr\u00e5n fredagen den 27 november till s\u00f6ndagen den 27 december. De \u00e4r utspridda p\u00e5 elva olika platser i hela den historiska stadsdelen Grande \u00cele, d\u00e4r de allra mest k\u00e4nda och st\u00f6rsta finns p\u00e5 Place Broglie och p\u00e5 huvudtorget Place Kl\u00e9ber.<\/p>\n\n<\/div>\n<\/div>\n<div id=\"faq-question-1788283122001\" class=\"rank-math-list-item\">\n<h3 class=\"rank-math-question \"><span class=\"ez-toc-section\" id=\"Hur_fungerar_Park_and_Ride-systemet\"><\/span>Hur fungerar Park and Ride-systemet?<span class=\"ez-toc-section-end\"><\/span><\/h3>\n<div class=\"rank-math-answer \">\n\n<p>Det \u00e4r suver\u00e4nt det smartaste s\u00e4ttet att ta sig in till staden utan stress. Du betalar en eng\u00e5ngsavgift till ett mycket f\u00f6rm\u00e5nligt pris f\u00f6r heldagsparkering p\u00e5 en pendlarparkering i utkanten av staden. F\u00f6r detta pris f\u00e5r sedan alla passagerare fr\u00e5n din bil automatiskt en tur- och returbiljett med sp\u00e5rvagn direkt in till centrum. Du sparar d\u00e4rmed b\u00e5de massor av pengar p\u00e5 dyra underjordiska garage och nerverna n\u00e4r du ska navigera i tr\u00e5nga enkelriktade gr\u00e4nder.<\/p>\n\n<\/div>\n<\/div>\n<div id=\"faq-question-1788283122002\" class=\"rank-math-list-item\">\n<h3 class=\"rank-math-question \"><span class=\"ez-toc-section\" id=\"Hur_manga_dagar_bor_man_avsatta_for_att_besoka_staden\"><\/span>Hur m\u00e5nga dagar b\u00f6r man avs\u00e4tta f\u00f6r att bes\u00f6ka staden?<span class=\"ez-toc-section-end\"><\/span><\/h3>\n<div class=\"rank-math-answer \">\n\n<p>F\u00f6r att du ska lyckas suga upp den r\u00e4tta lugna atmosf\u00e4ren och hinna g\u00e5 igenom alla huvudsakliga sev\u00e4rdheter utan on\u00f6dig stress rekommenderar jag att du avs\u00e4tter tv\u00e5 till tre hela dagar f\u00f6r staden. Om du planerar att bes\u00f6ka \u00e4ven de lokala museerna eller lokalerna f\u00f6r Europaparlamentet kommer tre dagar att vara helt perfekt.<\/p>\n\n<\/div>\n<\/div>\n<div id=\"faq-question-1788283122003\" class=\"rank-math-list-item\">\n<h3 class=\"rank-math-question \"><span class=\"ez-toc-section\" id=\"Ar_visningar_av_Europaparlamentet_avgiftsbelagda\"><\/span>\u00c4r visningar av Europaparlamentet avgiftsbelagda?<span class=\"ez-toc-section-end\"><\/span><\/h3>\n<div class=\"rank-math-answer \">\n\n<p>Nej, visningar f\u00f6r allm\u00e4nheten och intr\u00e4de till det moderna interaktiva centret Parlamentarium Simone Veil \u00e4r helt gratis f\u00f6r alla bes\u00f6kare. Det \u00e4r dock n\u00f6dv\u00e4ndigt att ha med sig giltig legitimation i form av ID-kort eller pass och r\u00e4kna med viss f\u00f6rdr\u00f6jning vid de str\u00e4nga s\u00e4kerhetskontrollerna vid ing\u00e5ngen.<\/p>\n\n<\/div>\n<\/div>\n<div id=\"faq-question-1788283122004\" class=\"rank-math-list-item\">\n<h3 class=\"rank-math-question \"><span class=\"ez-toc-section\" id=\"Hur_tar_man_sig_bast_runt_i_centrum\"><\/span>Hur tar man sig b\u00e4st runt i centrum?<span class=\"ez-toc-section-end\"><\/span><\/h3>\n<div class=\"rank-math-answer \">\n\n<p>Den historiska k\u00e4rnan p\u00e5 \u00f6n Grande \u00cele \u00e4r ganska kompakt och du utforskar den allra b\u00e4st till fots. F\u00f6r l\u00e4ngre f\u00f6rflyttningar, till exempel till Europaparlamentet eller till mer avl\u00e4gsna parker, rekommenderar jag att du anv\u00e4nder det utm\u00e4rkt fungerande sp\u00e5rvagnssystemet, som har sex linjer som tillf\u00f6rlitligt t\u00e4cker hela staden.<\/p>\n\n<\/div>\n<\/div>\n<div id=\"faq-question-1788283122005\" class=\"rank-math-list-item\">\n<h3 class=\"rank-math-question \"><span class=\"ez-toc-section\" id=\"Ar_Strasbourg_en_dyr_stad\"><\/span>\u00c4r Strasbourg en dyr stad?<span class=\"ez-toc-section-end\"><\/span><\/h3>\n<div class=\"rank-math-answer \">\n\n<p>Det beror helt p\u00e5 n\u00e4r du \u00e5ker. Under tiden f\u00f6r adventsmarknaderna kl\u00e4ttrar priserna p\u00e5 boende i centrum till astronomiska h\u00f6jder. Men om du kommer utanf\u00f6r december, till exempel i januari eller februari, sjunker hotellpriserna till en br\u00e5kdel och staden \u00e4r prism\u00e4ssigt helt j\u00e4mf\u00f6rbar med andra vanliga europeiska destinationer.<\/p>\n\n<\/div>\n<\/div>\n<div id=\"faq-question-1788283122006\" class=\"rank-math-list-item\">\n<h3 class=\"rank-math-question \"><span class=\"ez-toc-section\" id=\"Passar_staden_for_vegetarianer\"><\/span>Passar staden f\u00f6r vegetarianer?<span class=\"ez-toc-section-end\"><\/span><\/h3>\n<div class=\"rank-math-answer \">\n\n<p>Absolut ja. Trots att det elsassiska k\u00f6ket \u00e4r k\u00e4nt f\u00f6r sina k\u00f6ttiga r\u00e4tter kommer vegetarianer definitivt inte att sv\u00e4lta h\u00e4r. I varje restaurang hittar du utm\u00e4rkta ostsp\u00e4tzle, i bagerierna doftar det traditionella bretzel och \u00f6verallt erbjuds en k\u00f6ttfri variant av den krispiga pajen tarte flamb\u00e9e med ost och svamp.<\/p>\n\n<\/div>\n<\/div>\n<div id=\"faq-question-1788283122007\" class=\"rank-math-list-item\">\n<h3 class=\"rank-math-question \"><span class=\"ez-toc-section\" id=\"Vilka_platser_ar_bast_for_fotografering\"><\/span>Vilka platser \u00e4r b\u00e4st f\u00f6r fotografering?<span class=\"ez-toc-section-end\"><\/span><\/h3>\n<div class=\"rank-math-answer \">\n\n<p>De mest k\u00e4nda vykortsbilderna tar du garanterat fr\u00e5n utsiktsterrassen p\u00e5 den historiska dammen Barrage Vauban, varifr\u00e5n du har vacker utsikt \u00f6ver stenbroarna Ponts Couverts och katedralens majest\u00e4tiska torn. Andra mycket fotogena platser finns l\u00e4ngs vattenkanalerna i den historiska stadsdelen Petite France.<\/p>\n\n<\/div>\n<\/div>\n<\/div>\n<\/div>","protected":false},"excerpt":{"rendered":"<p>Uppt\u00e4ck Strasbourg i Frankrike utan turisthorder. Jag ger dig r\u00e5d om n\u00e4r du ska \u00e5ka, var du hittar den b\u00e4sta gratisutsikten och hur du njuter av denna f\u00f6rtrollande elsassiska stad i fulla drag.<\/p>\n","protected":false},"author":3,"featured_media":413378,"comment_status":"open","ping_status":"open","sticky":false,"template":"","format":"standard","meta":{"_acf_changed":false,"footnotes":"","rank_math_title":"Strasbourg, Frankrike: 18 tips p\u00e5 vad du ska se","rank_math_description":"Uppt\u00e4ck Strasbourg i Frankrike med 18 tips p\u00e5 sev\u00e4rdheter, gratis utsikter och b\u00e4sta restiden. L\u00e4s v\u00e5r guide och planera din perfekta l\u00e5nghelg redan idag!","rank_math_focus_keyword":"strasbourg frankrike","rank_math_seo_score":""},"categories":[1178,1189,1162],"tags":[],"class_list":["post-417579","post","type-post","status-publish","format-standard","has-post-thumbnail","category-europa","category-frankrike","category-resor"],"acf":[],"featured_image_src":"https:\/\/loudavymkrokem.cz\/wp-content\/uploads\/2026\/09\/strasburska-katedrala-7353a339.jpg","author_info":{"display_name":"Lucie Kone\u010dn\u00e1","author_link":"https:\/\/loudavymkrokem.cz\/sv\/author\/lucie-konecna\/"},"_links":{"self":[{"href":"https:\/\/loudavymkrokem.cz\/sv\/wp-json\/wp\/v2\/posts\/417579","targetHints":{"allow":["GET"]}}],"collection":[{"href":"https:\/\/loudavymkrokem.cz\/sv\/wp-json\/wp\/v2\/posts"}],"about":[{"href":"https:\/\/loudavymkrokem.cz\/sv\/wp-json\/wp\/v2\/types\/post"}],"author":[{"embeddable":true,"href":"https:\/\/loudavymkrokem.cz\/sv\/wp-json\/wp\/v2\/users\/3"}],"replies":[{"embeddable":true,"href":"https:\/\/loudavymkrokem.cz\/sv\/wp-json\/wp\/v2\/comments?post=417579"}],"version-history":[{"count":2,"href":"https:\/\/loudavymkrokem.cz\/sv\/wp-json\/wp\/v2\/posts\/417579\/revisions"}],"predecessor-version":[{"id":417581,"href":"https:\/\/loudavymkrokem.cz\/sv\/wp-json\/wp\/v2\/posts\/417579\/revisions\/417581"}],"wp:featuredmedia":[{"embeddable":true,"href":"https:\/\/loudavymkrokem.cz\/sv\/wp-json\/wp\/v2\/media\/413378"}],"wp:attachment":[{"href":"https:\/\/loudavymkrokem.cz\/sv\/wp-json\/wp\/v2\/media?parent=417579"}],"wp:term":[{"taxonomy":"category","embeddable":true,"href":"https:\/\/loudavymkrokem.cz\/sv\/wp-json\/wp\/v2\/categories?post=417579"},{"taxonomy":"post_tag","embeddable":true,"href":"https:\/\/loudavymkrokem.cz\/sv\/wp-json\/wp\/v2\/tags?post=417579"}],"curies":[{"name":"wp","href":"https:\/\/api.w.org\/{rel}","templated":true}]}}