{"id":417576,"date":"2026-08-31T16:49:18","date_gmt":"2026-08-31T14:49:18","guid":{"rendered":"https:\/\/loudavymkrokem.cz\/toscana-italien-mat\/"},"modified":"2026-09-05T16:35:22","modified_gmt":"2026-09-05T14:35:22","slug":"toscana-italien-mat","status":"publish","type":"post","link":"https:\/\/loudavymkrokem.cz\/sv\/toscana-italien-mat\/","title":{"rendered":"Toscana i Italien 2026: 22 r\u00e4tter du m\u00e5ste smaka p\u00e5"},"content":{"rendered":"\n<p class=\"wp-block-paragraph\">N\u00e4r man s\u00e4ger toskansk mat t\u00e4nker m\u00e5nga direkt p\u00e5 en enorm blodig biff eller en mustig ragu p\u00e5 vildsvin. Men sanningen \u00e4r att <strong>Toscana i Italien faktiskt \u00e4r en av de b\u00e4sta italienska regionerna f\u00f6r vegetarianer<\/strong>, eftersom dess historiska r\u00f6tter vilar p\u00e5 helt andra r\u00e5varor. Den traditionella lokala gastronomin uppstod n\u00e4mligen inte vid rika adelsm\u00e4ns hov, utan p\u00e5 den fattiga landsbygden d\u00e4r folk fick klara sig med det de sj\u00e4lva odlade.<\/p>\n\n\n\n<p class=\"wp-block-paragraph\">Grunden f\u00f6r allt \u00e4r d\u00e4rf\u00f6r <strong>gammalt br\u00f6d, baljv\u00e4xter, massor av f\u00e4rska gr\u00f6nsaker och f\u00f6rstklassig olivolja<\/strong>. K\u00f6tt var i \u00e5rhundraden en lyx som sparades till speciella h\u00f6gtidsdagar, medan vardagsmaten bestod av tjocka b\u00f6nsoppor och br\u00f6dsallader. Om du inte \u00e4ter k\u00f6tt kommer du allts\u00e5 att bli helt f\u00f6rtjust i det enorma utbudet av autentiska r\u00e4tter som \u00e4r <strong>naturligt vegetariska \u00e4nda sedan medeltiden<\/strong>, utan att n\u00e5gon beh\u00f6vt \u00e4ndra dem p\u00e5 konstlad v\u00e4g.<\/p>\n\n\n\n<p class=\"wp-block-paragraph\">S\u00e5 f\u00f6lj med, jag ska visa dig varf\u00f6r du kommer att leta efter b\u00f6nor och gammalt br\u00f6d i kylen n\u00e4r du kommit hem. Du kommer att uppt\u00e4cka att <strong>toskansk mat \u00e4r otroligt enkel<\/strong>, men tack vare den stora tonvikten p\u00e5 lokala r\u00e5varor smakar den helt fenomenalt.<\/p>\n\n\n\n<figure data-wp-context=\"{&quot;imageId&quot;:&quot;6a9c3a7463584&quot;}\" data-wp-interactive=\"core\/image\" data-wp-key=\"6a9c3a7463584\" class=\"wp-block-image size-full wp-lightbox-container\"><img decoding=\"async\" width=\"1800\" height=\"1200\" data-wp-class--hide=\"state.isContentHidden\" data-wp-class--show=\"state.isContentVisible\" data-wp-init=\"callbacks.setButtonStyles\" data-wp-on--click=\"actions.showLightbox\" data-wp-on--load=\"callbacks.setButtonStyles\" data-wp-on--pointerdown=\"actions.preloadImage\" data-wp-on--pointerenter=\"actions.preloadImageWithDelay\" data-wp-on--pointerleave=\"actions.cancelPreload\" data-wp-on-window--resize=\"callbacks.setButtonStyles\" src=\"https:\/\/loudavymkrokem.cz\/wp-content\/uploads\/2026\/08\/toskansko-clanky-toskanska-kuchyne-01.jpg\" alt=\"Toskansk mat p\u00e5 ett dukat bord\" class=\"wp-image-394002\" title=\"\" srcset=\"https:\/\/loudavymkrokem.cz\/wp-content\/uploads\/2026\/08\/toskansko-clanky-toskanska-kuchyne-01.jpg 1800w, https:\/\/loudavymkrokem.cz\/wp-content\/uploads\/2026\/08\/toskansko-clanky-toskanska-kuchyne-01-300x200.jpg 300w, https:\/\/loudavymkrokem.cz\/wp-content\/uploads\/2026\/08\/toskansko-clanky-toskanska-kuchyne-01-700x467.jpg 700w, https:\/\/loudavymkrokem.cz\/wp-content\/uploads\/2026\/08\/toskansko-clanky-toskanska-kuchyne-01-768x512.jpg 768w, https:\/\/loudavymkrokem.cz\/wp-content\/uploads\/2026\/08\/toskansko-clanky-toskanska-kuchyne-01-1536x1024.jpg 1536w, https:\/\/loudavymkrokem.cz\/wp-content\/uploads\/2026\/08\/toskansko-clanky-toskanska-kuchyne-01-696x464.jpg 696w, https:\/\/loudavymkrokem.cz\/wp-content\/uploads\/2026\/08\/toskansko-clanky-toskanska-kuchyne-01-1392x928.jpg 1392w\" sizes=\"(max-width: 1800px) 100vw, 1800px\" \/><button\n\t\t\tclass=\"lightbox-trigger\"\n\t\t\ttype=\"button\"\n\t\t\taria-haspopup=\"dialog\"\n\t\t\tdata-wp-bind--aria-label=\"state.thisImage.triggerButtonAriaLabel\"\n\t\t\tdata-wp-init=\"callbacks.initTriggerButton\"\n\t\t\tdata-wp-on--click=\"actions.showLightbox\"\n\t\t\tdata-wp-style--right=\"state.thisImage.buttonRight\"\n\t\t\tdata-wp-style--top=\"state.thisImage.buttonTop\"\n\t\t>\n\t\t\t<svg xmlns=\"http:\/\/www.w3.org\/2000\/svg\" width=\"12\" height=\"12\" fill=\"none\" viewBox=\"0 0 12 12\">\n\t\t\t\t<path fill=\"#fff\" d=\"M2 0a2 2 0 0 0-2 2v2h1.5V2a.5.5 0 0 1 .5-.5h2V0H2Zm2 10.5H2a.5.5 0 0 1-.5-.5V8H0v2a2 2 0 0 0 2 2h2v-1.5ZM8 12v-1.5h2a.5.5 0 0 0 .5-.5V8H12v2a2 2 0 0 1-2 2H8Zm2-12a2 2 0 0 1 2 2v2h-1.5V2a.5.5 0 0 0-.5-.5H8V0h2Z\" \/>\n\t\t\t<\/svg>\n\t\t<\/button><\/figure>\n\n\n\n<div id=\"ez-toc-container\" class=\"ez-toc-v2_0_87 ez-toc-wrap-left counter-hierarchy ez-toc-counter ez-toc-grey ez-toc-container-direction\">\n<div class=\"ez-toc-title-container\">\n<p class=\"ez-toc-title\" style=\"cursor:inherit\">Artikelns inneh\u00e5ll<\/p>\n<span class=\"ez-toc-title-toggle\"><a href=\"#\" class=\"ez-toc-pull-right ez-toc-btn ez-toc-btn-xs ez-toc-btn-default ez-toc-toggle\" aria-label=\"Toggle Table of Content\"><span class=\"ez-toc-js-icon-con\"><span class=\"\"><span class=\"eztoc-hide\" style=\"display:none;\">Toggle<\/span><span class=\"ez-toc-icon-toggle-span\"><svg style=\"fill: #999;color:#999\" xmlns=\"http:\/\/www.w3.org\/2000\/svg\" class=\"list-377408\" width=\"20px\" height=\"20px\" viewBox=\"0 0 24 24\" fill=\"none\"><path d=\"M6 6H4v2h2V6zm14 0H8v2h12V6zM4 11h2v2H4v-2zm16 0H8v2h12v-2zM4 16h2v2H4v-2zm16 0H8v2h12v-2z\" fill=\"currentColor\"><\/path><\/svg><svg style=\"fill: #999;color:#999\" class=\"arrow-unsorted-368013\" xmlns=\"http:\/\/www.w3.org\/2000\/svg\" width=\"10px\" height=\"10px\" viewBox=\"0 0 24 24\" version=\"1.2\" baseProfile=\"tiny\"><path d=\"M18.2 9.3l-6.2-6.3-6.2 6.3c-.2.2-.3.4-.3.7s.1.5.3.7c.2.2.4.3.7.3h11c.3 0 .5-.1.7-.3.2-.2.3-.5.3-.7s-.1-.5-.3-.7zM5.8 14.7l6.2 6.3 6.2-6.3c.2-.2.3-.5.3-.7s-.1-.5-.3-.7c-.2-.2-.4-.3-.7-.3h-11c-.3 0-.5.1-.7.3-.2.2-.3.5-.3.7s.1.5.3.7z\"\/><\/svg><\/span><\/span><\/span><\/a><\/span><\/div>\n<nav><ul class='ez-toc-list ez-toc-list-level-1 ' ><ul class='ez-toc-list-level-3' ><li class='ez-toc-heading-level-3'><a class=\"ez-toc-link ez-toc-heading-1\" href=\"https:\/\/loudavymkrokem.cz\/sv\/toscana-italien-mat\/#Sammanfattning_for_dig_som_inte_hinner_lasa_hela_artikeln\" >Sammanfattning f\u00f6r dig som inte hinner l\u00e4sa hela artikeln<\/a><\/li><\/ul><\/li><li class='ez-toc-page-1 ez-toc-heading-level-2'><a class=\"ez-toc-link ez-toc-heading-2\" href=\"https:\/\/loudavymkrokem.cz\/sv\/toscana-italien-mat\/#Cucina_povera_varfor_toskansk_mat_ar_sa_enkel\" >Cucina povera: varf\u00f6r toskansk mat \u00e4r s\u00e5 enkel<\/a><\/li><li class='ez-toc-page-1 ez-toc-heading-level-2'><a class=\"ez-toc-link ez-toc-heading-3\" href=\"https:\/\/loudavymkrokem.cz\/sv\/toscana-italien-mat\/#Brod_utan_salt_som_overraskar_besokare\" >Br\u00f6d utan salt som \u00f6verraskar bes\u00f6kare<\/a><\/li><li class='ez-toc-page-1 ez-toc-heading-level-2'><a class=\"ez-toc-link ez-toc-heading-4\" href=\"https:\/\/loudavymkrokem.cz\/sv\/toscana-italien-mat\/#22_toskanska_ratter_i_Italien_som_ar_varda_att_smaka_pa\" >22 toskanska r\u00e4tter i Italien som \u00e4r v\u00e4rda att smaka p\u00e5<\/a><ul class='ez-toc-list-level-3' ><li class='ez-toc-heading-level-3'><a class=\"ez-toc-link ez-toc-heading-5\" href=\"https:\/\/loudavymkrokem.cz\/sv\/toscana-italien-mat\/#1_Ribollita\" >1. Ribollita<\/a><\/li><li class='ez-toc-page-1 ez-toc-heading-level-3'><a class=\"ez-toc-link ez-toc-heading-6\" href=\"https:\/\/loudavymkrokem.cz\/sv\/toscana-italien-mat\/#2_Pappa_al_pomodoro\" >2. Pappa al pomodoro<\/a><\/li><li class='ez-toc-page-1 ez-toc-heading-level-3'><a class=\"ez-toc-link ez-toc-heading-7\" href=\"https:\/\/loudavymkrokem.cz\/sv\/toscana-italien-mat\/#3_Panzanella\" >3. Panzanella<\/a><\/li><li class='ez-toc-page-1 ez-toc-heading-level-3'><a class=\"ez-toc-link ez-toc-heading-8\" href=\"https:\/\/loudavymkrokem.cz\/sv\/toscana-italien-mat\/#4_Acquacotta\" >4. Acquacotta<\/a><\/li><li class='ez-toc-page-1 ez-toc-heading-level-3'><a class=\"ez-toc-link ez-toc-heading-9\" href=\"https:\/\/loudavymkrokem.cz\/sv\/toscana-italien-mat\/#5_Pici_allaglione\" >5. Pici all&#8217;aglione<\/a><\/li><li class='ez-toc-page-1 ez-toc-heading-level-3'><a class=\"ez-toc-link ez-toc-heading-10\" href=\"https:\/\/loudavymkrokem.cz\/sv\/toscana-italien-mat\/#6_Fagioli_alluccelletto\" >6. Fagioli all&#8217;uccelletto<\/a><\/li><li class='ez-toc-page-1 ez-toc-heading-level-3'><a class=\"ez-toc-link ez-toc-heading-11\" href=\"https:\/\/loudavymkrokem.cz\/sv\/toscana-italien-mat\/#7_Zuppa_di_farro\" >7. Zuppa di farro<\/a><\/li><li class='ez-toc-page-1 ez-toc-heading-level-3'><a class=\"ez-toc-link ez-toc-heading-12\" href=\"https:\/\/loudavymkrokem.cz\/sv\/toscana-italien-mat\/#8_Garmugia\" >8. Garmugia<\/a><\/li><li class='ez-toc-page-1 ez-toc-heading-level-3'><a class=\"ez-toc-link ez-toc-heading-13\" href=\"https:\/\/loudavymkrokem.cz\/sv\/toscana-italien-mat\/#9_Cecina_och_den_legendariska_5_e_5\" >9. Cecina och den legendariska 5 e 5<\/a><\/li><li class='ez-toc-page-1 ez-toc-heading-level-3'><a class=\"ez-toc-link ez-toc-heading-14\" href=\"https:\/\/loudavymkrokem.cz\/sv\/toscana-italien-mat\/#10_Necci\" >10. Necci<\/a><\/li><li class='ez-toc-page-1 ez-toc-heading-level-3'><a class=\"ez-toc-link ez-toc-heading-15\" href=\"https:\/\/loudavymkrokem.cz\/sv\/toscana-italien-mat\/#11_Pecorino_toscano\" >11. Pecorino toscano<\/a><\/li><li class='ez-toc-page-1 ez-toc-heading-level-3'><a class=\"ez-toc-link ez-toc-heading-16\" href=\"https:\/\/loudavymkrokem.cz\/sv\/toscana-italien-mat\/#12_Olio_nuovo\" >12. Olio nuovo<\/a><\/li><li class='ez-toc-page-1 ez-toc-heading-level-3'><a class=\"ez-toc-link ez-toc-heading-17\" href=\"https:\/\/loudavymkrokem.cz\/sv\/toscana-italien-mat\/#13_Vit_tryffel_fran_San_Miniato\" >13. Vit tryffel fr\u00e5n San Miniato<\/a><\/li><li class='ez-toc-page-1 ez-toc-heading-level-3'><a class=\"ez-toc-link ez-toc-heading-18\" href=\"https:\/\/loudavymkrokem.cz\/sv\/toscana-italien-mat\/#14_Bistecca_alla_fiorentina\" >14. Bistecca alla fiorentina<\/a><\/li><li class='ez-toc-page-1 ez-toc-heading-level-3'><a class=\"ez-toc-link ez-toc-heading-19\" href=\"https:\/\/loudavymkrokem.cz\/sv\/toscana-italien-mat\/#15_Cinghiale_vildsvin\" >15. Cinghiale (vildsvin)<\/a><\/li><li class='ez-toc-page-1 ez-toc-heading-level-3'><a class=\"ez-toc-link ez-toc-heading-20\" href=\"https:\/\/loudavymkrokem.cz\/sv\/toscana-italien-mat\/#16_Lampredotto_och_trippa\" >16. Lampredotto och trippa<\/a><\/li><li class='ez-toc-page-1 ez-toc-heading-level-3'><a class=\"ez-toc-link ez-toc-heading-21\" href=\"https:\/\/loudavymkrokem.cz\/sv\/toscana-italien-mat\/#17_Cantucci\" >17. Cantucci<\/a><\/li><li class='ez-toc-page-1 ez-toc-heading-level-3'><a class=\"ez-toc-link ez-toc-heading-22\" href=\"https:\/\/loudavymkrokem.cz\/sv\/toscana-italien-mat\/#18_Panforte_di_Siena\" >18. Panforte di Siena<\/a><\/li><li class='ez-toc-page-1 ez-toc-heading-level-3'><a class=\"ez-toc-link ez-toc-heading-23\" href=\"https:\/\/loudavymkrokem.cz\/sv\/toscana-italien-mat\/#19_Ricciarelli\" >19. Ricciarelli<\/a><\/li><li class='ez-toc-page-1 ez-toc-heading-level-3'><a class=\"ez-toc-link ez-toc-heading-24\" href=\"https:\/\/loudavymkrokem.cz\/sv\/toscana-italien-mat\/#20_Castagnaccio\" >20. Castagnaccio<\/a><\/li><li class='ez-toc-page-1 ez-toc-heading-level-3'><a class=\"ez-toc-link ez-toc-heading-25\" href=\"https:\/\/loudavymkrokem.cz\/sv\/toscana-italien-mat\/#21_Schiacciata_con_luva\" >21. Schiacciata con l&#8217;uva<\/a><\/li><li class='ez-toc-page-1 ez-toc-heading-level-3'><a class=\"ez-toc-link ez-toc-heading-26\" href=\"https:\/\/loudavymkrokem.cz\/sv\/toscana-italien-mat\/#22_Buccellato_fran_Lucca\" >22. Buccellato fr\u00e5n Lucca<\/a><\/li><\/ul><\/li><li class='ez-toc-page-1 ez-toc-heading-level-2'><a class=\"ez-toc-link ez-toc-heading-27\" href=\"https:\/\/loudavymkrokem.cz\/sv\/toscana-italien-mat\/#Toskanska_viner_vad_du_bor_dricka_till_vilken_ratt\" >Toskanska viner: vad du b\u00f6r dricka till vilken r\u00e4tt<\/a><\/li><li class='ez-toc-page-1 ez-toc-heading-level-2'><a class=\"ez-toc-link ez-toc-heading-28\" href=\"https:\/\/loudavymkrokem.cz\/sv\/toscana-italien-mat\/#Nar_du_bor_ata_vad_en_sasongskalender\" >N\u00e4r du b\u00f6r \u00e4ta vad: en s\u00e4songskalender<\/a><\/li><li class='ez-toc-page-1 ez-toc-heading-level-2'><a class=\"ez-toc-link ez-toc-heading-29\" href=\"https:\/\/loudavymkrokem.cz\/sv\/toscana-italien-mat\/#Sa_fungerar_maten_pa_en_italiensk_restaurang\" >S\u00e5 fungerar maten p\u00e5 en italiensk restaurang<\/a><\/li><li class='ez-toc-page-1 ez-toc-heading-level-2'><a class=\"ez-toc-link ez-toc-heading-30\" href=\"https:\/\/loudavymkrokem.cz\/sv\/toscana-italien-mat\/#Tips_for_vegetarianer\" >Tips f\u00f6r vegetarianer<\/a><\/li><li class='ez-toc-page-1 ez-toc-heading-level-2'><a class=\"ez-toc-link ez-toc-heading-31\" href=\"https:\/\/loudavymkrokem.cz\/sv\/toscana-italien-mat\/#Var_du_kan_ata\" >Var du kan \u00e4ta<\/a><\/li><li class='ez-toc-page-1 ez-toc-heading-level-2'><a class=\"ez-toc-link ez-toc-heading-32\" href=\"https:\/\/loudavymkrokem.cz\/sv\/toscana-italien-mat\/#Var_du_kan_bo\" >Var du kan bo<\/a><\/li><li class='ez-toc-page-1 ez-toc-heading-level-2'><a class=\"ez-toc-link ez-toc-heading-33\" href=\"https:\/\/loudavymkrokem.cz\/sv\/toscana-italien-mat\/#Vart_du_kan_aka_vidare\" >Vart du kan \u00e5ka vidare<\/a><\/li><li class='ez-toc-page-1 ez-toc-heading-level-2'><a class=\"ez-toc-link ez-toc-heading-34\" href=\"https:\/\/loudavymkrokem.cz\/sv\/toscana-italien-mat\/#Vanliga_fragor\" >Vanliga fr\u00e5gor<\/a><ul class='ez-toc-list-level-3' ><li class='ez-toc-heading-level-3'><a class=\"ez-toc-link ez-toc-heading-35\" href=\"https:\/\/loudavymkrokem.cz\/sv\/toscana-italien-mat\/#Varfor_ar_toskanskt_brod_utan_salt\" >Varf\u00f6r \u00e4r toskanskt br\u00f6d utan salt?<\/a><\/li><li class='ez-toc-page-1 ez-toc-heading-level-3'><a class=\"ez-toc-link ez-toc-heading-36\" href=\"https:\/\/loudavymkrokem.cz\/sv\/toscana-italien-mat\/#Vad_ska_man_smaka_pa_i_Toskana\" >Vad ska man smaka p\u00e5 i Toskana?<\/a><\/li><li class='ez-toc-page-1 ez-toc-heading-level-3'><a class=\"ez-toc-link ez-toc-heading-37\" href=\"https:\/\/loudavymkrokem.cz\/sv\/toscana-italien-mat\/#Ar_det_toskanska_koket_lampligt_for_vegetarianer\" >\u00c4r det toskanska k\u00f6ket l\u00e4mpligt f\u00f6r vegetarianer?<\/a><\/li><li class='ez-toc-page-1 ez-toc-heading-level-3'><a class=\"ez-toc-link ez-toc-heading-38\" href=\"https:\/\/loudavymkrokem.cz\/sv\/toscana-italien-mat\/#Vad_ar_cucina_povera\" >Vad \u00e4r cucina povera?<\/a><\/li><li class='ez-toc-page-1 ez-toc-heading-level-3'><a class=\"ez-toc-link ez-toc-heading-39\" href=\"https:\/\/loudavymkrokem.cz\/sv\/toscana-italien-mat\/#Vilket_ar_det_basta_toskanska_vinet\" >Vilket \u00e4r det b\u00e4sta toskanska vinet?<\/a><\/li><li class='ez-toc-page-1 ez-toc-heading-level-3'><a class=\"ez-toc-link ez-toc-heading-40\" href=\"https:\/\/loudavymkrokem.cz\/sv\/toscana-italien-mat\/#Vad_ar_Vin_Santo_och_hur_dricker_man_det\" >Vad \u00e4r Vin Santo och hur dricker man det?<\/a><\/li><li class='ez-toc-page-1 ez-toc-heading-level-3'><a class=\"ez-toc-link ez-toc-heading-41\" href=\"https:\/\/loudavymkrokem.cz\/sv\/toscana-italien-mat\/#Nar_kan_man_kopa_schiacciata_con_luva\" >N\u00e4r kan man k\u00f6pa schiacciata con l&#8217;uva?<\/a><\/li><li class='ez-toc-page-1 ez-toc-heading-level-3'><a class=\"ez-toc-link ez-toc-heading-42\" href=\"https:\/\/loudavymkrokem.cz\/sv\/toscana-italien-mat\/#Vad_betyder_posten_coperto_pa_notan\" >Vad betyder posten coperto p\u00e5 notan?<\/a><\/li><\/ul><\/li><\/ul><\/nav><\/div>\n<h3 class=\"wp-block-heading\"><span class=\"ez-toc-section\" id=\"Sammanfattning_for_dig_som_inte_hinner_lasa_hela_artikeln\"><\/span>Sammanfattning f\u00f6r dig som inte hinner l\u00e4sa hela artikeln<span class=\"ez-toc-section-end\"><\/span><\/h3>\n\n\n\n<ul class=\"wp-block-list\">\n\n<li>  <strong>Grunden \u00e4r cucina povera:<\/strong> Det traditionella toskanska k\u00f6ket kallas fattigt eftersom det genialt utnyttjar billiga r\u00e5varor som gammalt br\u00f6d och baljv\u00e4xter.<\/li>\n\n\n\n<li>  <strong>Br\u00f6det bakas utan salt:<\/strong> Det lokala pane sciocco \u00e4r medvetet osaltat f\u00f6r att balansera de starka smakerna hos ostar och charkuterier \u2013 och r\u00e4kna inte med sm\u00f6r till i restaurangen.<\/li>\n\n\n\n<li>  <strong>Ett paradis f\u00f6r vegetarianer:<\/strong> De allra flesta klassiska soppor och f\u00f6rr\u00e4tter \u00e4r k\u00f6ttfria, s\u00e5 det finns n\u00e5got f\u00f6r precis alla.<\/li>\n\n\n\n<li>  <strong>Toskanerna \u00e4r b\u00f6n\u00e4tare:<\/strong> Lokalborna har i \u00e5rhundraden kallats mangiafagioli eftersom vita b\u00f6nor utg\u00f6r basen i deras kost.<\/li>\n\n\n\n<li>  <strong>Italiens f\u00f6rsta skyddade vin:<\/strong> Det vita Vernaccia di San Gimignano fick 1966 som allra f\u00f6rsta italienska vin den prestigefyllda DOC-statusen.<\/li>\n\n\n\n<li>  <strong>S\u00e4songen \u00e4r helig:<\/strong> Vissa specialiteter bakas bara n\u00e5gra f\u00e5 veckor om \u00e5ret, ett typiskt exempel \u00e4r septembers schiacciata med vindruvor.<\/li>\n\n\n\n<li>  <strong>Se upp f\u00f6r avgiften coperto:<\/strong> P\u00e5 italienska restauranger l\u00e4ggs automatiskt en couvertavgift p\u00e5 notan, och i den ing\u00e5r vanligtvis just br\u00f6det.<\/li>\n\n\n\n<li>  <strong>Sista tipset:<\/strong> Om du letar efter de b\u00e4sta kulinariska upplevelserna, undvik st\u00e4llen med turistmeny och styr ist\u00e4llet mot en agriturismo p\u00e5 landsbygden.<\/li>\n\n\n<\/ul>\n\n\n\n<figure data-wp-context=\"{&quot;imageId&quot;:&quot;6a9c3a7463ef8&quot;}\" data-wp-interactive=\"core\/image\" data-wp-key=\"6a9c3a7463ef8\" class=\"wp-block-image size-full wp-lightbox-container\"><img decoding=\"async\" width=\"1800\" height=\"1200\" data-wp-class--hide=\"state.isContentHidden\" data-wp-class--show=\"state.isContentVisible\" data-wp-init=\"callbacks.setButtonStyles\" data-wp-on--click=\"actions.showLightbox\" data-wp-on--load=\"callbacks.setButtonStyles\" data-wp-on--pointerdown=\"actions.preloadImage\" data-wp-on--pointerenter=\"actions.preloadImageWithDelay\" data-wp-on--pointerleave=\"actions.cancelPreload\" data-wp-on-window--resize=\"callbacks.setButtonStyles\" src=\"https:\/\/loudavymkrokem.cz\/wp-content\/uploads\/2026\/08\/toskansko-clanky-toskanska-kuchyne-02.jpg\" alt=\"Enkla r\u00e5varor i det toskanska k\u00f6ket\" class=\"wp-image-394003\" title=\"\" srcset=\"https:\/\/loudavymkrokem.cz\/wp-content\/uploads\/2026\/08\/toskansko-clanky-toskanska-kuchyne-02.jpg 1800w, https:\/\/loudavymkrokem.cz\/wp-content\/uploads\/2026\/08\/toskansko-clanky-toskanska-kuchyne-02-300x200.jpg 300w, https:\/\/loudavymkrokem.cz\/wp-content\/uploads\/2026\/08\/toskansko-clanky-toskanska-kuchyne-02-700x467.jpg 700w, https:\/\/loudavymkrokem.cz\/wp-content\/uploads\/2026\/08\/toskansko-clanky-toskanska-kuchyne-02-768x512.jpg 768w, https:\/\/loudavymkrokem.cz\/wp-content\/uploads\/2026\/08\/toskansko-clanky-toskanska-kuchyne-02-1536x1024.jpg 1536w, https:\/\/loudavymkrokem.cz\/wp-content\/uploads\/2026\/08\/toskansko-clanky-toskanska-kuchyne-02-696x464.jpg 696w, https:\/\/loudavymkrokem.cz\/wp-content\/uploads\/2026\/08\/toskansko-clanky-toskanska-kuchyne-02-1392x928.jpg 1392w\" sizes=\"(max-width: 1800px) 100vw, 1800px\" \/><button\n\t\t\tclass=\"lightbox-trigger\"\n\t\t\ttype=\"button\"\n\t\t\taria-haspopup=\"dialog\"\n\t\t\tdata-wp-bind--aria-label=\"state.thisImage.triggerButtonAriaLabel\"\n\t\t\tdata-wp-init=\"callbacks.initTriggerButton\"\n\t\t\tdata-wp-on--click=\"actions.showLightbox\"\n\t\t\tdata-wp-style--right=\"state.thisImage.buttonRight\"\n\t\t\tdata-wp-style--top=\"state.thisImage.buttonTop\"\n\t\t>\n\t\t\t<svg xmlns=\"http:\/\/www.w3.org\/2000\/svg\" width=\"12\" height=\"12\" fill=\"none\" viewBox=\"0 0 12 12\">\n\t\t\t\t<path fill=\"#fff\" d=\"M2 0a2 2 0 0 0-2 2v2h1.5V2a.5.5 0 0 1 .5-.5h2V0H2Zm2 10.5H2a.5.5 0 0 1-.5-.5V8H0v2a2 2 0 0 0 2 2h2v-1.5ZM8 12v-1.5h2a.5.5 0 0 0 .5-.5V8H12v2a2 2 0 0 1-2 2H8Zm2-12a2 2 0 0 1 2 2v2h-1.5V2a.5.5 0 0 0-.5-.5H8V0h2Z\" \/>\n\t\t\t<\/svg>\n\t\t<\/button><\/figure>\n\n\n\n<h2 class=\"wp-block-heading\"><span class=\"ez-toc-section\" id=\"Cucina_povera_varfor_toskansk_mat_ar_sa_enkel\"><\/span>Cucina povera: varf\u00f6r toskansk mat \u00e4r s\u00e5 enkel<span class=\"ez-toc-section-end\"><\/span><\/h2>\n\n\n\n<p class=\"wp-block-paragraph\">Hela den toskanska gastronomin vilar p\u00e5 en stark filosofi som italienarna kallar <strong>cucina povera, allts\u00e5 fattigmansk\u00f6k<\/strong>. Det handlar inte om n\u00e5gon best\u00e4md lista med recept, utan snarare om ett historiskt f\u00f6rh\u00e5llningss\u00e4tt till matlagning d\u00e4r b\u00f6nderna beh\u00f6vde ta tillvara p\u00e5 varenda r\u00e5vara och ingenting fick g\u00e5 till spillo. <strong>Grunden i denna konst \u00e4r gammalt, h\u00e5rt br\u00f6d<\/strong> som inte sl\u00e4ngdes utan bl\u00f6tlades i vatten eller buljong f\u00f6r att mjukna igen och g\u00f6ra soppor tjockare.<\/p>\n\n\n\n<p class=\"wp-block-paragraph\">En annan viktig pelare \u00e4r baljv\u00e4xter och gr\u00f6nsaker efter s\u00e4song fr\u00e5n tr\u00e4dg\u00e5rden. Toskanerna kallas till och med lite h\u00e5nfullt i andra delar av Italien f\u00f6r <strong>mangiafagioli, vilket \u00f6versatt betyder b\u00f6n\u00e4tare<\/strong>. Vita b\u00f6nor ersatte n\u00e4mligen i \u00e5rhundraden det dyra k\u00f6ttet h\u00e4r och gav de h\u00e5rt arbetande b\u00f6nderna det protein de beh\u00f6vde. Idag \u00e4r detta enkla lantliga f\u00f6rh\u00e5llningss\u00e4tt en enorm trend, eftersom det <strong>bevisar att man inte beh\u00f6ver dyra ingredienser f\u00f6r att skapa en m\u00e4sterlig m\u00e5ltid<\/strong> \u2013 det r\u00e4cker med god olivolja och f\u00e4rska lokala r\u00e5varor.<\/p>\n\n\n\n<figure data-wp-context=\"{&quot;imageId&quot;:&quot;6a9c3a7464525&quot;}\" data-wp-interactive=\"core\/image\" data-wp-key=\"6a9c3a7464525\" class=\"wp-block-image size-full wp-lightbox-container\"><img decoding=\"async\" width=\"1800\" height=\"1212\" data-wp-class--hide=\"state.isContentHidden\" data-wp-class--show=\"state.isContentVisible\" data-wp-init=\"callbacks.setButtonStyles\" data-wp-on--click=\"actions.showLightbox\" data-wp-on--load=\"callbacks.setButtonStyles\" data-wp-on--pointerdown=\"actions.preloadImage\" data-wp-on--pointerenter=\"actions.preloadImageWithDelay\" data-wp-on--pointerleave=\"actions.cancelPreload\" data-wp-on-window--resize=\"callbacks.setButtonStyles\" src=\"https:\/\/loudavymkrokem.cz\/wp-content\/uploads\/2026\/08\/toskansko-clanky-toskanska-kuchyne-03.jpg\" alt=\"Toskanskt br\u00f6d utan salt\" class=\"wp-image-394005\" title=\"\" srcset=\"https:\/\/loudavymkrokem.cz\/wp-content\/uploads\/2026\/08\/toskansko-clanky-toskanska-kuchyne-03.jpg 1800w, https:\/\/loudavymkrokem.cz\/wp-content\/uploads\/2026\/08\/toskansko-clanky-toskanska-kuchyne-03-300x202.jpg 300w, https:\/\/loudavymkrokem.cz\/wp-content\/uploads\/2026\/08\/toskansko-clanky-toskanska-kuchyne-03-700x471.jpg 700w, https:\/\/loudavymkrokem.cz\/wp-content\/uploads\/2026\/08\/toskansko-clanky-toskanska-kuchyne-03-768x517.jpg 768w, https:\/\/loudavymkrokem.cz\/wp-content\/uploads\/2026\/08\/toskansko-clanky-toskanska-kuchyne-03-1536x1034.jpg 1536w, https:\/\/loudavymkrokem.cz\/wp-content\/uploads\/2026\/08\/toskansko-clanky-toskanska-kuchyne-03-696x469.jpg 696w, https:\/\/loudavymkrokem.cz\/wp-content\/uploads\/2026\/08\/toskansko-clanky-toskanska-kuchyne-03-1392x937.jpg 1392w\" sizes=\"(max-width: 1800px) 100vw, 1800px\" \/><button\n\t\t\tclass=\"lightbox-trigger\"\n\t\t\ttype=\"button\"\n\t\t\taria-haspopup=\"dialog\"\n\t\t\tdata-wp-bind--aria-label=\"state.thisImage.triggerButtonAriaLabel\"\n\t\t\tdata-wp-init=\"callbacks.initTriggerButton\"\n\t\t\tdata-wp-on--click=\"actions.showLightbox\"\n\t\t\tdata-wp-style--right=\"state.thisImage.buttonRight\"\n\t\t\tdata-wp-style--top=\"state.thisImage.buttonTop\"\n\t\t>\n\t\t\t<svg xmlns=\"http:\/\/www.w3.org\/2000\/svg\" width=\"12\" height=\"12\" fill=\"none\" viewBox=\"0 0 12 12\">\n\t\t\t\t<path fill=\"#fff\" d=\"M2 0a2 2 0 0 0-2 2v2h1.5V2a.5.5 0 0 1 .5-.5h2V0H2Zm2 10.5H2a.5.5 0 0 1-.5-.5V8H0v2a2 2 0 0 0 2 2h2v-1.5ZM8 12v-1.5h2a.5.5 0 0 0 .5-.5V8H12v2a2 2 0 0 1-2 2H8Zm2-12a2 2 0 0 1 2 2v2h-1.5V2a.5.5 0 0 0-.5-.5H8V0h2Z\" \/>\n\t\t\t<\/svg>\n\t\t<\/button><figcaption class=\"wp-element-caption\">fugzu from Pistoia, Italia \/ Wikimedia Commons, CC BY 2.0<\/figcaption><\/figure>\n\n\n\n<h2 class=\"wp-block-heading\"><span class=\"ez-toc-section\" id=\"Brod_utan_salt_som_overraskar_besokare\"><\/span>Br\u00f6d utan salt som \u00f6verraskar bes\u00f6kare<span class=\"ez-toc-section-end\"><\/span><\/h2>\n\n\n\n<p class=\"wp-block-paragraph\">N\u00e4r du f\u00f6r f\u00f6rsta g\u00e5ngen smakar p\u00e5 en vanlig bit br\u00f6d i Toscana blir du f\u00f6rmodligen ganska \u00f6verraskad av smaken. <strong>Det lokala pane sciocco, allts\u00e5 &#8221;dumma br\u00f6det&#8221;, bakas n\u00e4mligen helt utan salt<\/strong>, har en l\u00e4tt syrlig inkr\u00e5m och en tjock, knaprig skorpa. M\u00e5nga turister tror att bagaren helt enkelt gjort ett misstag, men i sj\u00e4lva verket handlar det om <strong>en av hela regionens djupaste kulturella symboler<\/strong>, kopplad till en fascinerande historisk ber\u00e4ttelse fr\u00e5n medeltiden.<\/p>\n\n\n\n<p class=\"wp-block-paragraph\">P\u00e5 1100-talet var det n\u00e4rliggande Pisa en m\u00e4ktig sj\u00f6republik som helt kontrollerade handeln fr\u00e5n kusten till inlandet. N\u00e4r maktkamper br\u00f6t ut mellan Pisa och Florens, <strong>lade pisanerna en extremt h\u00f6g skatt p\u00e5 import av salt<\/strong> f\u00f6r att skada sina grannar ekonomiskt. Men de stolta florentinarna best\u00e4mde sig f\u00f6r att inte l\u00e5ta sig utpressas och <strong>b\u00f6rjade demonstrativt baka allt sitt br\u00f6d helt utan salt<\/strong>. Denna sedv\u00e4nja slog s\u00e5 v\u00e4l an i regionen att den har bevarats \u00e4nda till v\u00e5ra dagar.<\/p>\n\n\n\n<p class=\"wp-block-paragraph\">Idag har det osaltade br\u00f6det en helt logisk och oers\u00e4ttlig plats i det toskanska k\u00f6ket. <strong>Det \u00e4ts n\u00e4mligen uteslutande till mycket starka och salta r\u00e4tter<\/strong>, som lagrad f\u00e5rost pecorino eller kraftigt kryddade charkuterier, och i kombination med dem fungerar det som en perfekt neutral bas. Om du ber om sm\u00f6r till br\u00f6det p\u00e5 restaurangen <strong>kommer servit\u00f6ren sannolikt att titta p\u00e5 dig med stor of\u00f6rst\u00e5else<\/strong>, f\u00f6r h\u00e4r doppas br\u00f6det uteslutande i f\u00e4rsk olivolja eller anv\u00e4nds till att torka upp s\u00e5sen fr\u00e5n tallriken.<\/p>\n\n\n\n<figure data-wp-context=\"{&quot;imageId&quot;:&quot;6a9c3a7464c19&quot;}\" data-wp-interactive=\"core\/image\" data-wp-key=\"6a9c3a7464c19\" class=\"wp-block-image size-full wp-lightbox-container\"><img decoding=\"async\" width=\"1800\" height=\"1200\" data-wp-class--hide=\"state.isContentHidden\" data-wp-class--show=\"state.isContentVisible\" data-wp-init=\"callbacks.setButtonStyles\" data-wp-on--click=\"actions.showLightbox\" data-wp-on--load=\"callbacks.setButtonStyles\" data-wp-on--pointerdown=\"actions.preloadImage\" data-wp-on--pointerenter=\"actions.preloadImageWithDelay\" data-wp-on--pointerleave=\"actions.cancelPreload\" data-wp-on-window--resize=\"callbacks.setButtonStyles\" src=\"https:\/\/loudavymkrokem.cz\/wp-content\/uploads\/2026\/08\/toskansko-clanky-toskanska-kuchyne-04.jpg\" alt=\"Toskanska r\u00e4tter p\u00e5 bordet\" class=\"wp-image-394008\" title=\"\" srcset=\"https:\/\/loudavymkrokem.cz\/wp-content\/uploads\/2026\/08\/toskansko-clanky-toskanska-kuchyne-04.jpg 1800w, https:\/\/loudavymkrokem.cz\/wp-content\/uploads\/2026\/08\/toskansko-clanky-toskanska-kuchyne-04-300x200.jpg 300w, https:\/\/loudavymkrokem.cz\/wp-content\/uploads\/2026\/08\/toskansko-clanky-toskanska-kuchyne-04-700x467.jpg 700w, https:\/\/loudavymkrokem.cz\/wp-content\/uploads\/2026\/08\/toskansko-clanky-toskanska-kuchyne-04-768x512.jpg 768w, https:\/\/loudavymkrokem.cz\/wp-content\/uploads\/2026\/08\/toskansko-clanky-toskanska-kuchyne-04-1536x1024.jpg 1536w, https:\/\/loudavymkrokem.cz\/wp-content\/uploads\/2026\/08\/toskansko-clanky-toskanska-kuchyne-04-696x464.jpg 696w, https:\/\/loudavymkrokem.cz\/wp-content\/uploads\/2026\/08\/toskansko-clanky-toskanska-kuchyne-04-1392x928.jpg 1392w\" sizes=\"(max-width: 1800px) 100vw, 1800px\" \/><button\n\t\t\tclass=\"lightbox-trigger\"\n\t\t\ttype=\"button\"\n\t\t\taria-haspopup=\"dialog\"\n\t\t\tdata-wp-bind--aria-label=\"state.thisImage.triggerButtonAriaLabel\"\n\t\t\tdata-wp-init=\"callbacks.initTriggerButton\"\n\t\t\tdata-wp-on--click=\"actions.showLightbox\"\n\t\t\tdata-wp-style--right=\"state.thisImage.buttonRight\"\n\t\t\tdata-wp-style--top=\"state.thisImage.buttonTop\"\n\t\t>\n\t\t\t<svg xmlns=\"http:\/\/www.w3.org\/2000\/svg\" width=\"12\" height=\"12\" fill=\"none\" viewBox=\"0 0 12 12\">\n\t\t\t\t<path fill=\"#fff\" d=\"M2 0a2 2 0 0 0-2 2v2h1.5V2a.5.5 0 0 1 .5-.5h2V0H2Zm2 10.5H2a.5.5 0 0 1-.5-.5V8H0v2a2 2 0 0 0 2 2h2v-1.5ZM8 12v-1.5h2a.5.5 0 0 0 .5-.5V8H12v2a2 2 0 0 1-2 2H8Zm2-12a2 2 0 0 1 2 2v2h-1.5V2a.5.5 0 0 0-.5-.5H8V0h2Z\" \/>\n\t\t\t<\/svg>\n\t\t<\/button><\/figure>\n\n\n\n<h2 class=\"wp-block-heading\"><span class=\"ez-toc-section\" id=\"22_toskanska_ratter_i_Italien_som_ar_varda_att_smaka_pa\"><\/span>22 toskanska r\u00e4tter i Italien som \u00e4r v\u00e4rda att smaka p\u00e5<span class=\"ez-toc-section-end\"><\/span><\/h2>\n\n\n\n<p class=\"wp-block-paragraph\">Jag har delat in de mest intressanta lokala specialiteterna i n\u00e5gra tydliga kategorier \u00e5t dig. <strong>De flesta tipsen i den h\u00e4r listan \u00e4r rent vegetariska<\/strong>, f\u00f6r det \u00e4r just i de k\u00f6ttfria r\u00e4tterna som den toskanska landsbygdens st\u00f6rsta styrka ligger. Om du \u00e4r intresserad av den bredare kontexten kring italiensk gastronomi, ta g\u00e4rna en titt p\u00e5 v\u00e5r artikel <a href=\"https:\/\/loudavymkrokem.cz\/sv\/italiensk-mat-region-region\/\">Italienskt k\u00f6k: vad du b\u00f6r smaka region f\u00f6r region<\/a>, d\u00e4r vi \u00e4ven g\u00e5r igenom andra delar av detta fantastiska land.<\/p>\n\n\n\n<figure data-wp-context=\"{&quot;imageId&quot;:&quot;6a9c3a74650d7&quot;}\" data-wp-interactive=\"core\/image\" data-wp-key=\"6a9c3a74650d7\" class=\"wp-block-image size-full wp-lightbox-container\"><img decoding=\"async\" width=\"1800\" height=\"1350\" data-wp-class--hide=\"state.isContentHidden\" data-wp-class--show=\"state.isContentVisible\" data-wp-init=\"callbacks.setButtonStyles\" data-wp-on--click=\"actions.showLightbox\" data-wp-on--load=\"callbacks.setButtonStyles\" data-wp-on--pointerdown=\"actions.preloadImage\" data-wp-on--pointerenter=\"actions.preloadImageWithDelay\" data-wp-on--pointerleave=\"actions.cancelPreload\" data-wp-on-window--resize=\"callbacks.setButtonStyles\" src=\"https:\/\/loudavymkrokem.cz\/wp-content\/uploads\/2026\/08\/toskansko-clanky-toskanska-kuchyne-05.jpg\" alt=\"Ribollita, toskansk br\u00f6dsoppa\" class=\"wp-image-394009\" title=\"\" srcset=\"https:\/\/loudavymkrokem.cz\/wp-content\/uploads\/2026\/08\/toskansko-clanky-toskanska-kuchyne-05.jpg 1800w, https:\/\/loudavymkrokem.cz\/wp-content\/uploads\/2026\/08\/toskansko-clanky-toskanska-kuchyne-05-300x225.jpg 300w, https:\/\/loudavymkrokem.cz\/wp-content\/uploads\/2026\/08\/toskansko-clanky-toskanska-kuchyne-05-700x525.jpg 700w, https:\/\/loudavymkrokem.cz\/wp-content\/uploads\/2026\/08\/toskansko-clanky-toskanska-kuchyne-05-768x576.jpg 768w, https:\/\/loudavymkrokem.cz\/wp-content\/uploads\/2026\/08\/toskansko-clanky-toskanska-kuchyne-05-1536x1152.jpg 1536w, https:\/\/loudavymkrokem.cz\/wp-content\/uploads\/2026\/08\/toskansko-clanky-toskanska-kuchyne-05-80x60.jpg 80w, https:\/\/loudavymkrokem.cz\/wp-content\/uploads\/2026\/08\/toskansko-clanky-toskanska-kuchyne-05-160x120.jpg 160w, https:\/\/loudavymkrokem.cz\/wp-content\/uploads\/2026\/08\/toskansko-clanky-toskanska-kuchyne-05-696x522.jpg 696w, https:\/\/loudavymkrokem.cz\/wp-content\/uploads\/2026\/08\/toskansko-clanky-toskanska-kuchyne-05-1392x1044.jpg 1392w\" sizes=\"(max-width: 1800px) 100vw, 1800px\" \/><button\n\t\t\tclass=\"lightbox-trigger\"\n\t\t\ttype=\"button\"\n\t\t\taria-haspopup=\"dialog\"\n\t\t\tdata-wp-bind--aria-label=\"state.thisImage.triggerButtonAriaLabel\"\n\t\t\tdata-wp-init=\"callbacks.initTriggerButton\"\n\t\t\tdata-wp-on--click=\"actions.showLightbox\"\n\t\t\tdata-wp-style--right=\"state.thisImage.buttonRight\"\n\t\t\tdata-wp-style--top=\"state.thisImage.buttonTop\"\n\t\t>\n\t\t\t<svg xmlns=\"http:\/\/www.w3.org\/2000\/svg\" width=\"12\" height=\"12\" fill=\"none\" viewBox=\"0 0 12 12\">\n\t\t\t\t<path fill=\"#fff\" d=\"M2 0a2 2 0 0 0-2 2v2h1.5V2a.5.5 0 0 1 .5-.5h2V0H2Zm2 10.5H2a.5.5 0 0 1-.5-.5V8H0v2a2 2 0 0 0 2 2h2v-1.5ZM8 12v-1.5h2a.5.5 0 0 0 .5-.5V8H12v2a2 2 0 0 1-2 2H8Zm2-12a2 2 0 0 1 2 2v2h-1.5V2a.5.5 0 0 0-.5-.5H8V0h2Z\" \/>\n\t\t\t<\/svg>\n\t\t<\/button><figcaption class=\"wp-element-caption\">Ithunn \/ Wikimedia Commons, CC BY-SA 3.0<\/figcaption><\/figure>\n\n\n\n<h3 class=\"wp-block-heading\"><span class=\"ez-toc-section\" id=\"1_Ribollita\"><\/span>1. Ribollita<span class=\"ez-toc-section-end\"><\/span><\/h3>\n\n\n\n<p class=\"wp-block-paragraph\">Denna legendariska gr\u00f6nsakssoppa \u00e4r det absoluta drottningen av vinterns Toscana och <strong>ett perfekt exempel p\u00e5 hur genial den lantliga cucina povera kan vara<\/strong>. Namnet kan enkelt \u00f6vers\u00e4ttas till &#8221;omkokad&#8221;, eftersom den traditionellt tillagades i en stor gryta flera dagar i f\u00f6rv\u00e4g. Genom att v\u00e4rmas om igen och igen fick den n\u00e4mligen allt b\u00e4ttre och mycket intensivare smak, som lokalborna sv\u00e4r p\u00e5. <strong>Basen best\u00e5r alltid av svart toskansk k\u00e5l, cavolo nero, vita b\u00f6nor och en enorm m\u00e4ngd gammalt br\u00f6d.<\/strong> Det g\u00f6r hela den heta blandningen tjockare till en konsistens som mer p\u00e5minner om en mustig gr\u00f6t \u00e4n en klassisk flytande soppa.<\/p>\n\n\n\n<p class=\"wp-block-paragraph\">Varje toskansk familj har sitt eget hemliga recept p\u00e5 ribollita, som stolt \u00e4rvs fr\u00e5n generation till generation. P\u00e5 restaurang betalar du vanligtvis mycket trevliga \u00e5tta till tolv euro f\u00f6r den, s\u00e5 det \u00e4r ett <strong>utm\u00e4rkt och billigt val f\u00f6r en m\u00e4ttande lunch efter en promenad genom Florens svala gator<\/strong>. Du hittar den vanligtvis p\u00e5 menyn p\u00e5 varje traditionell trattoria, s\u00e4rskilt under de kyligare h\u00f6st- och vinterm\u00e5naderna.<\/p>\n\n\n\n<p class=\"wp-block-paragraph\">\u00c4ven om det urgamla grundreceptet \u00e4r rent vegetariskt, <strong>tills\u00e4tts ibland en bit r\u00f6kt pancetta eller kokas k\u00f6ttbuljong f\u00f6r b\u00e4ttre smak<\/strong>. Om du verkligen inte \u00e4ter k\u00f6tt alls, fr\u00e5ga alltid personalen f\u00f6r s\u00e4kerhets skull hur soppan tillagas p\u00e5 just det st\u00e4llet.<\/p>\n\n\n\n<p class=\"wp-block-paragraph\">\ud83d\udca1 <strong>TIPS:<\/strong> Den smakar b\u00e4st med en gener\u00f6s skv\u00e4tt f\u00e4rsk extra jungfruolivolja direkt vid bordet, precis s\u00e5 som de \u00e4ldre inv\u00e5narna p\u00e5 landsbygden g\u00f6r.<\/p>\n\n\n\n<figure data-wp-context=\"{&quot;imageId&quot;:&quot;6a9c3a746578e&quot;}\" data-wp-interactive=\"core\/image\" data-wp-key=\"6a9c3a746578e\" class=\"wp-block-image size-full wp-lightbox-container\"><img decoding=\"async\" width=\"1800\" height=\"1350\" data-wp-class--hide=\"state.isContentHidden\" data-wp-class--show=\"state.isContentVisible\" data-wp-init=\"callbacks.setButtonStyles\" data-wp-on--click=\"actions.showLightbox\" data-wp-on--load=\"callbacks.setButtonStyles\" data-wp-on--pointerdown=\"actions.preloadImage\" data-wp-on--pointerenter=\"actions.preloadImageWithDelay\" data-wp-on--pointerleave=\"actions.cancelPreload\" data-wp-on-window--resize=\"callbacks.setButtonStyles\" src=\"https:\/\/loudavymkrokem.cz\/wp-content\/uploads\/2026\/08\/toskansko-clanky-toskanska-kuchyne-06.jpg\" alt=\"Pappa al pomodoro\" class=\"wp-image-394012\" title=\"\" srcset=\"https:\/\/loudavymkrokem.cz\/wp-content\/uploads\/2026\/08\/toskansko-clanky-toskanska-kuchyne-06.jpg 1800w, https:\/\/loudavymkrokem.cz\/wp-content\/uploads\/2026\/08\/toskansko-clanky-toskanska-kuchyne-06-300x225.jpg 300w, https:\/\/loudavymkrokem.cz\/wp-content\/uploads\/2026\/08\/toskansko-clanky-toskanska-kuchyne-06-700x525.jpg 700w, https:\/\/loudavymkrokem.cz\/wp-content\/uploads\/2026\/08\/toskansko-clanky-toskanska-kuchyne-06-768x576.jpg 768w, https:\/\/loudavymkrokem.cz\/wp-content\/uploads\/2026\/08\/toskansko-clanky-toskanska-kuchyne-06-1536x1152.jpg 1536w, https:\/\/loudavymkrokem.cz\/wp-content\/uploads\/2026\/08\/toskansko-clanky-toskanska-kuchyne-06-80x60.jpg 80w, https:\/\/loudavymkrokem.cz\/wp-content\/uploads\/2026\/08\/toskansko-clanky-toskanska-kuchyne-06-160x120.jpg 160w, https:\/\/loudavymkrokem.cz\/wp-content\/uploads\/2026\/08\/toskansko-clanky-toskanska-kuchyne-06-696x522.jpg 696w, https:\/\/loudavymkrokem.cz\/wp-content\/uploads\/2026\/08\/toskansko-clanky-toskanska-kuchyne-06-1392x1044.jpg 1392w\" sizes=\"(max-width: 1800px) 100vw, 1800px\" \/><button\n\t\t\tclass=\"lightbox-trigger\"\n\t\t\ttype=\"button\"\n\t\t\taria-haspopup=\"dialog\"\n\t\t\tdata-wp-bind--aria-label=\"state.thisImage.triggerButtonAriaLabel\"\n\t\t\tdata-wp-init=\"callbacks.initTriggerButton\"\n\t\t\tdata-wp-on--click=\"actions.showLightbox\"\n\t\t\tdata-wp-style--right=\"state.thisImage.buttonRight\"\n\t\t\tdata-wp-style--top=\"state.thisImage.buttonTop\"\n\t\t>\n\t\t\t<svg xmlns=\"http:\/\/www.w3.org\/2000\/svg\" width=\"12\" height=\"12\" fill=\"none\" viewBox=\"0 0 12 12\">\n\t\t\t\t<path fill=\"#fff\" d=\"M2 0a2 2 0 0 0-2 2v2h1.5V2a.5.5 0 0 1 .5-.5h2V0H2Zm2 10.5H2a.5.5 0 0 1-.5-.5V8H0v2a2 2 0 0 0 2 2h2v-1.5ZM8 12v-1.5h2a.5.5 0 0 0 .5-.5V8H12v2a2 2 0 0 1-2 2H8Zm2-12a2 2 0 0 1 2 2v2h-1.5V2a.5.5 0 0 0-.5-.5H8V0h2Z\" \/>\n\t\t\t<\/svg>\n\t\t<\/button><figcaption class=\"wp-element-caption\">Catia Giaccherini \/ Wikimedia Commons, CC BY-SA 3.0<\/figcaption><\/figure>\n\n\n\n<h3 class=\"wp-block-heading\"><span class=\"ez-toc-section\" id=\"2_Pappa_al_pomodoro\"><\/span>2. Pappa al pomodoro<span class=\"ez-toc-section-end\"><\/span><\/h3>\n\n\n\n<p class=\"wp-block-paragraph\">Pappa al pomodoro \u00e4r en av de mest omtyckta r\u00e4tterna under b\u00e5de italiensk barndom och vuxenliv och <strong>utg\u00f6r den rena essensen av kulinarisk minimalism fr\u00e5n en tid d\u00e5 folk inte hade pengar \u00f6ver<\/strong>. Det \u00e4r i grunden en mycket tjock tomatgr\u00f6t som blandas med grovt rivet gammalt osaltat br\u00f6d, en rej\u00e4l dos vitl\u00f6k, f\u00e4rska basilikablad och en gener\u00f6s m\u00e4ngd av den b\u00e4sta lokala olivoljan. <strong>Den smakar b\u00e4st i slutet av sommaren<\/strong>, n\u00e4r tomaterna p\u00e5 marknaderna \u00e4r perfekt mogna, otroligt s\u00f6ta och fyllda av toskansk sol.<\/p>\n\n\n\n<p class=\"wp-block-paragraph\">Denna r\u00e4tt \u00e4r fantastiskt anpassningsbar och <strong>toskanerna \u00e4ter den g\u00e4rna b\u00e5de varm p\u00e5 vintern f\u00f6r att bli varma och behagligt kyld under den heta sommaren<\/strong>. Priset p\u00e5 en vanlig osteria ligger runt sju till tio euro och en sk\u00e5l m\u00e4ttar dig tillf\u00f6rlitligt en halv dag. Det \u00e4r precis den typen av v\u00e4rmande hemlagad r\u00e4tt som direkt tar dig till en sn\u00e4ll italiensk mormors k\u00f6k.<\/p>\n\n\n\n<p class=\"wp-block-paragraph\">En glad nyhet \u00e4r att <strong>denna delikatess \u00e4r hundraprocentigt vegansk \u00e4nda sedan sin historiska b\u00f6rjan<\/strong>, s\u00e5 du beh\u00f6ver inte oroa dig f\u00f6r n\u00e5gra dolda k\u00f6ttf\u00e4llor. Lokalborna njuter ibland g\u00e4rna av den \u00e4ven som en mycket m\u00e4ttande f\u00f6rr\u00e4tt f\u00f6re huvudr\u00e4tten.<\/p>\n\n\n\n<p class=\"wp-block-paragraph\">\ud83d\udca1 <strong>TIPS:<\/strong> Om du vill prova att laga pappa al pomodoro hemma, kom ih\u00e5g att hemligheten bakom framg\u00e5ngen ligger i mycket l\u00e5ngsam tillagning, s\u00e5 att br\u00f6det och tomaterna sm\u00e4lter ihop perfekt till en sl\u00e4t emulsion.<\/p>\n\n\n\n<figure data-wp-context=\"{&quot;imageId&quot;:&quot;6a9c3a7465cf5&quot;}\" data-wp-interactive=\"core\/image\" data-wp-key=\"6a9c3a7465cf5\" class=\"wp-block-image size-full wp-lightbox-container\"><img decoding=\"async\" width=\"1800\" height=\"1350\" data-wp-class--hide=\"state.isContentHidden\" data-wp-class--show=\"state.isContentVisible\" data-wp-init=\"callbacks.setButtonStyles\" data-wp-on--click=\"actions.showLightbox\" data-wp-on--load=\"callbacks.setButtonStyles\" data-wp-on--pointerdown=\"actions.preloadImage\" data-wp-on--pointerenter=\"actions.preloadImageWithDelay\" data-wp-on--pointerleave=\"actions.cancelPreload\" data-wp-on-window--resize=\"callbacks.setButtonStyles\" src=\"https:\/\/loudavymkrokem.cz\/wp-content\/uploads\/2026\/08\/toskansko-clanky-toskanska-kuchyne-07.jpg\" alt=\"Panzanella, sommarens br\u00f6dsallad\" class=\"wp-image-394013\" title=\"\" srcset=\"https:\/\/loudavymkrokem.cz\/wp-content\/uploads\/2026\/08\/toskansko-clanky-toskanska-kuchyne-07.jpg 1800w, https:\/\/loudavymkrokem.cz\/wp-content\/uploads\/2026\/08\/toskansko-clanky-toskanska-kuchyne-07-300x225.jpg 300w, https:\/\/loudavymkrokem.cz\/wp-content\/uploads\/2026\/08\/toskansko-clanky-toskanska-kuchyne-07-700x525.jpg 700w, https:\/\/loudavymkrokem.cz\/wp-content\/uploads\/2026\/08\/toskansko-clanky-toskanska-kuchyne-07-768x576.jpg 768w, https:\/\/loudavymkrokem.cz\/wp-content\/uploads\/2026\/08\/toskansko-clanky-toskanska-kuchyne-07-1536x1152.jpg 1536w, https:\/\/loudavymkrokem.cz\/wp-content\/uploads\/2026\/08\/toskansko-clanky-toskanska-kuchyne-07-80x60.jpg 80w, https:\/\/loudavymkrokem.cz\/wp-content\/uploads\/2026\/08\/toskansko-clanky-toskanska-kuchyne-07-160x120.jpg 160w, https:\/\/loudavymkrokem.cz\/wp-content\/uploads\/2026\/08\/toskansko-clanky-toskanska-kuchyne-07-696x522.jpg 696w, https:\/\/loudavymkrokem.cz\/wp-content\/uploads\/2026\/08\/toskansko-clanky-toskanska-kuchyne-07-1392x1044.jpg 1392w\" sizes=\"(max-width: 1800px) 100vw, 1800px\" \/><button\n\t\t\tclass=\"lightbox-trigger\"\n\t\t\ttype=\"button\"\n\t\t\taria-haspopup=\"dialog\"\n\t\t\tdata-wp-bind--aria-label=\"state.thisImage.triggerButtonAriaLabel\"\n\t\t\tdata-wp-init=\"callbacks.initTriggerButton\"\n\t\t\tdata-wp-on--click=\"actions.showLightbox\"\n\t\t\tdata-wp-style--right=\"state.thisImage.buttonRight\"\n\t\t\tdata-wp-style--top=\"state.thisImage.buttonTop\"\n\t\t>\n\t\t\t<svg xmlns=\"http:\/\/www.w3.org\/2000\/svg\" width=\"12\" height=\"12\" fill=\"none\" viewBox=\"0 0 12 12\">\n\t\t\t\t<path fill=\"#fff\" d=\"M2 0a2 2 0 0 0-2 2v2h1.5V2a.5.5 0 0 1 .5-.5h2V0H2Zm2 10.5H2a.5.5 0 0 1-.5-.5V8H0v2a2 2 0 0 0 2 2h2v-1.5ZM8 12v-1.5h2a.5.5 0 0 0 .5-.5V8H12v2a2 2 0 0 1-2 2H8Zm2-12a2 2 0 0 1 2 2v2h-1.5V2a.5.5 0 0 0-.5-.5H8V0h2Z\" \/>\n\t\t\t<\/svg>\n\t\t<\/button><figcaption class=\"wp-element-caption\">LupoCapra at Italian Wikipedia \/ Wikimedia Commons, CC BY-SA 3.0<\/figcaption><\/figure>\n\n\n\n<h3 class=\"wp-block-heading\"><span class=\"ez-toc-section\" id=\"3_Panzanella\"><\/span>3. Panzanella<span class=\"ez-toc-section-end\"><\/span><\/h3>\n\n\n\n<p class=\"wp-block-paragraph\">N\u00e4r de heta sommardagarna sl\u00e5r till och ingen vill st\u00e5 vid en gl\u00f6dhet spis, d\u00e5 kommer den uppfriskande panzanella in p\u00e5 scenen. <strong>Denna geniala br\u00f6dsallad finns historiskt dokumenterad \u00e4nda sedan 1300-talet<\/strong> och uppstod som ett annat fyndigt s\u00e4tt att ta tillvara p\u00e5 h\u00e5rda limpor pane sciocco som annars hade beh\u00f6vt sl\u00e4ngas. <strong>Det torra br\u00f6det bl\u00f6tl\u00e4ggs f\u00f6rst i vatten med lite god vin\u00e4ger<\/strong> s\u00e5 att det mjuknar som en svamp, och sedan pressas den \u00f6verfl\u00f6diga v\u00e4tskan ordentligt ur.<\/p>\n\n\n\n<p class=\"wp-block-paragraph\">I den s\u00e5 f\u00f6rberedda mjuka br\u00f6dbasen blandas f\u00f6rsiktigt finhackade tomater, tunna skivor r\u00f6dl\u00f6k, knaprig gurka och f\u00e4rska basilikablad. <strong>Allt h\u00e4lls slutligen gener\u00f6st \u00f6ver med god olivolja<\/strong>, som binder samman alla syrliga och s\u00f6ta smaker till en helt perfekt harmoni. Vanligtvis landar det p\u00e5 ungef\u00e4r sex till nio euro.<\/p>\n\n\n\n<p class=\"wp-block-paragraph\">Panzanella \u00e4r l\u00e4tt, otroligt frisk och <strong>utg\u00f6r en helt idealisk lunch under en het dag i sev\u00e4rdheternas tecken<\/strong>, n\u00e4r du inte \u00e4r sugen p\u00e5 n\u00e5got tungt. Du hittar inga animaliska produkter i den, s\u00e5 \u00e4ven veganer kommer att \u00e4lska den.<\/p>\n\n\n\n<p class=\"wp-block-paragraph\">\ud83d\udca1 <strong>TIPS:<\/strong> L\u00e4gg m\u00e4rke till hur salladen serveras p\u00e5 restaurangerna. En riktig panzanella b\u00f6r alltid vila minst en timme i kylen, s\u00e5 att alla smaker hinner sm\u00e4lta samman fint och br\u00f6det suger \u00e5t sig saften fr\u00e5n tomaterna.<\/p>\n\n\n\n<figure data-wp-context=\"{&quot;imageId&quot;:&quot;6a9c3a746672e&quot;}\" data-wp-interactive=\"core\/image\" data-wp-key=\"6a9c3a746672e\" class=\"wp-block-image size-full wp-lightbox-container\"><img decoding=\"async\" width=\"1800\" height=\"1350\" data-wp-class--hide=\"state.isContentHidden\" data-wp-class--show=\"state.isContentVisible\" data-wp-init=\"callbacks.setButtonStyles\" data-wp-on--click=\"actions.showLightbox\" data-wp-on--load=\"callbacks.setButtonStyles\" data-wp-on--pointerdown=\"actions.preloadImage\" data-wp-on--pointerenter=\"actions.preloadImageWithDelay\" data-wp-on--pointerleave=\"actions.cancelPreload\" data-wp-on-window--resize=\"callbacks.setButtonStyles\" src=\"https:\/\/loudavymkrokem.cz\/wp-content\/uploads\/2026\/08\/toskansko-clanky-toskanska-kuchyne-08.jpg\" alt=\"Acquacotta fr\u00e5n Maremma\" class=\"wp-image-394015\" title=\"\" srcset=\"https:\/\/loudavymkrokem.cz\/wp-content\/uploads\/2026\/08\/toskansko-clanky-toskanska-kuchyne-08.jpg 1800w, https:\/\/loudavymkrokem.cz\/wp-content\/uploads\/2026\/08\/toskansko-clanky-toskanska-kuchyne-08-300x225.jpg 300w, https:\/\/loudavymkrokem.cz\/wp-content\/uploads\/2026\/08\/toskansko-clanky-toskanska-kuchyne-08-700x525.jpg 700w, https:\/\/loudavymkrokem.cz\/wp-content\/uploads\/2026\/08\/toskansko-clanky-toskanska-kuchyne-08-768x576.jpg 768w, https:\/\/loudavymkrokem.cz\/wp-content\/uploads\/2026\/08\/toskansko-clanky-toskanska-kuchyne-08-1536x1152.jpg 1536w, https:\/\/loudavymkrokem.cz\/wp-content\/uploads\/2026\/08\/toskansko-clanky-toskanska-kuchyne-08-80x60.jpg 80w, https:\/\/loudavymkrokem.cz\/wp-content\/uploads\/2026\/08\/toskansko-clanky-toskanska-kuchyne-08-160x120.jpg 160w, https:\/\/loudavymkrokem.cz\/wp-content\/uploads\/2026\/08\/toskansko-clanky-toskanska-kuchyne-08-696x522.jpg 696w, https:\/\/loudavymkrokem.cz\/wp-content\/uploads\/2026\/08\/toskansko-clanky-toskanska-kuchyne-08-1392x1044.jpg 1392w\" sizes=\"(max-width: 1800px) 100vw, 1800px\" \/><button\n\t\t\tclass=\"lightbox-trigger\"\n\t\t\ttype=\"button\"\n\t\t\taria-haspopup=\"dialog\"\n\t\t\tdata-wp-bind--aria-label=\"state.thisImage.triggerButtonAriaLabel\"\n\t\t\tdata-wp-init=\"callbacks.initTriggerButton\"\n\t\t\tdata-wp-on--click=\"actions.showLightbox\"\n\t\t\tdata-wp-style--right=\"state.thisImage.buttonRight\"\n\t\t\tdata-wp-style--top=\"state.thisImage.buttonTop\"\n\t\t>\n\t\t\t<svg xmlns=\"http:\/\/www.w3.org\/2000\/svg\" width=\"12\" height=\"12\" fill=\"none\" viewBox=\"0 0 12 12\">\n\t\t\t\t<path fill=\"#fff\" d=\"M2 0a2 2 0 0 0-2 2v2h1.5V2a.5.5 0 0 1 .5-.5h2V0H2Zm2 10.5H2a.5.5 0 0 1-.5-.5V8H0v2a2 2 0 0 0 2 2h2v-1.5ZM8 12v-1.5h2a.5.5 0 0 0 .5-.5V8H12v2a2 2 0 0 1-2 2H8Zm2-12a2 2 0 0 1 2 2v2h-1.5V2a.5.5 0 0 0-.5-.5H8V0h2Z\" \/>\n\t\t\t<\/svg>\n\t\t<\/button><figcaption class=\"wp-element-caption\">Fooding Around \/ Wikimedia Commons, CC BY 2.0<\/figcaption><\/figure>\n\n\n\n<h3 class=\"wp-block-heading\"><span class=\"ez-toc-section\" id=\"4_Acquacotta\"><\/span>4. Acquacotta<span class=\"ez-toc-section-end\"><\/span><\/h3>\n\n\n\n<p class=\"wp-block-paragraph\">Acquacotta betyder ordagrant &#8221;kokt vatten&#8221; och <strong>kommer fr\u00e5n den karga och vilda trakten Maremma i s\u00f6dra delen av Toscana<\/strong>. Ursprungligen var det en helt typisk r\u00e4tt f\u00f6r lokala herdar och kolare, som tillbringade l\u00e5nga veckor hemifr\u00e5n i skogarna och fick laga mat av det de just hittade i naturen eller det som fick plats i deras tygv\u00e4ska. <strong>Basen var bara k\u00e4llvatten, vilda \u00f6rter, lite l\u00f6k och en bit h\u00e5rt br\u00f6d.<\/strong><\/p>\n\n\n\n<p class=\"wp-block-paragraph\">Dagens versioner p\u00e5 de lokala trattoriorna \u00e4r n\u00e5got rikare och mer utarbetade. <strong>Ofta hittar du mogna tomater, blekselleri, s\u00f6ta mor\u00f6tter och ett kn\u00e4ckt \u00e4gg i dem<\/strong>, som f\u00f6rsvinner i den heta gr\u00f6nsaksbuljongen som ett perfekt pocherat \u00e4gg. Priset p\u00e5 restaurangerna i regionens s\u00f6dra delar ligger runt tio euro och det \u00e4r en oerh\u00f6rt m\u00e4ttande historia.<\/p>\n\n\n\n<p class=\"wp-block-paragraph\">Det \u00e4r en h\u00e4rligt v\u00e4rmande och mycket tjock soppa som <strong>tillf\u00f6rlitligt f\u00e5r dig p\u00e5 f\u00f6tter igen efter en l\u00e5ng dag p\u00e5 vandring i de toskanska kullarna<\/strong>. \u00c5terigen handlar det om en utm\u00e4rkt r\u00e4tt l\u00e4mplig f\u00f6r vegetarianer, du f\u00e5r bara se upp med \u00e4gget om du \u00e4r strikt vegan.<\/p>\n\n\n\n<p class=\"wp-block-paragraph\">\ud83d\udca1 <strong>TIPS:<\/strong> P\u00e5 de traditionella st\u00e4llena i Maremma-omr\u00e5det serveras acquacotta ofta i speciella terrakottask\u00e5lar som h\u00e5ller maten varm \u00e4nda till sista tuggan.<\/p>\n\n\n\n<figure data-wp-context=\"{&quot;imageId&quot;:&quot;6a9c3a7467085&quot;}\" data-wp-interactive=\"core\/image\" data-wp-key=\"6a9c3a7467085\" class=\"wp-block-image size-full wp-lightbox-container\"><img decoding=\"async\" width=\"1800\" height=\"2301\" data-wp-class--hide=\"state.isContentHidden\" data-wp-class--show=\"state.isContentVisible\" data-wp-init=\"callbacks.setButtonStyles\" data-wp-on--click=\"actions.showLightbox\" data-wp-on--load=\"callbacks.setButtonStyles\" data-wp-on--pointerdown=\"actions.preloadImage\" data-wp-on--pointerenter=\"actions.preloadImageWithDelay\" data-wp-on--pointerleave=\"actions.cancelPreload\" data-wp-on-window--resize=\"callbacks.setButtonStyles\" src=\"https:\/\/loudavymkrokem.cz\/wp-content\/uploads\/2026\/08\/toskansko-clanky-toskanska-kuchyne-09.jpg\" alt=\"Pici all&#039;aglione, handrullade nudlar\" class=\"wp-image-394017\" title=\"\" srcset=\"https:\/\/loudavymkrokem.cz\/wp-content\/uploads\/2026\/08\/toskansko-clanky-toskanska-kuchyne-09.jpg 1800w, https:\/\/loudavymkrokem.cz\/wp-content\/uploads\/2026\/08\/toskansko-clanky-toskanska-kuchyne-09-235x300.jpg 235w, https:\/\/loudavymkrokem.cz\/wp-content\/uploads\/2026\/08\/toskansko-clanky-toskanska-kuchyne-09-700x895.jpg 700w, https:\/\/loudavymkrokem.cz\/wp-content\/uploads\/2026\/08\/toskansko-clanky-toskanska-kuchyne-09-768x982.jpg 768w, https:\/\/loudavymkrokem.cz\/wp-content\/uploads\/2026\/08\/toskansko-clanky-toskanska-kuchyne-09-1202x1536.jpg 1202w, https:\/\/loudavymkrokem.cz\/wp-content\/uploads\/2026\/08\/toskansko-clanky-toskanska-kuchyne-09-1602x2048.jpg 1602w, https:\/\/loudavymkrokem.cz\/wp-content\/uploads\/2026\/08\/toskansko-clanky-toskanska-kuchyne-09-696x890.jpg 696w, https:\/\/loudavymkrokem.cz\/wp-content\/uploads\/2026\/08\/toskansko-clanky-toskanska-kuchyne-09-1392x1779.jpg 1392w\" sizes=\"(max-width: 1800px) 100vw, 1800px\" \/><button\n\t\t\tclass=\"lightbox-trigger\"\n\t\t\ttype=\"button\"\n\t\t\taria-haspopup=\"dialog\"\n\t\t\tdata-wp-bind--aria-label=\"state.thisImage.triggerButtonAriaLabel\"\n\t\t\tdata-wp-init=\"callbacks.initTriggerButton\"\n\t\t\tdata-wp-on--click=\"actions.showLightbox\"\n\t\t\tdata-wp-style--right=\"state.thisImage.buttonRight\"\n\t\t\tdata-wp-style--top=\"state.thisImage.buttonTop\"\n\t\t>\n\t\t\t<svg xmlns=\"http:\/\/www.w3.org\/2000\/svg\" width=\"12\" height=\"12\" fill=\"none\" viewBox=\"0 0 12 12\">\n\t\t\t\t<path fill=\"#fff\" d=\"M2 0a2 2 0 0 0-2 2v2h1.5V2a.5.5 0 0 1 .5-.5h2V0H2Zm2 10.5H2a.5.5 0 0 1-.5-.5V8H0v2a2 2 0 0 0 2 2h2v-1.5ZM8 12v-1.5h2a.5.5 0 0 0 .5-.5V8H12v2a2 2 0 0 1-2 2H8Zm2-12a2 2 0 0 1 2 2v2h-1.5V2a.5.5 0 0 0-.5-.5H8V0h2Z\" \/>\n\t\t\t<\/svg>\n\t\t<\/button><figcaption class=\"wp-element-caption\">fugzu from Pistoia, Italia \/ Wikimedia Commons, CC BY 2.0<\/figcaption><\/figure>\n\n\n\n<h3 class=\"wp-block-heading\"><span class=\"ez-toc-section\" id=\"5_Pici_allaglione\"><\/span>5. Pici all&#8217;aglione<span class=\"ez-toc-section-end\"><\/span><\/h3>\n\n\n\n<p class=\"wp-block-paragraph\">Om du \u00e4lskar pasta lika mycket som vi f\u00e5r du inte l\u00e4mna Toscana utan att ha smakat p\u00e5 den ber\u00f6mda pici. <strong>Dessa otroligt tjocka, handrullade nudlar kommer fr\u00e5n trakten kring Siena och den vackra dalen Val d&#8217;Orcia<\/strong>. Pici tillverkas traditionellt bara av vanligt vetemj\u00f6l, vatten och en droppe olja, s\u00e5 efter kokning \u00e4r de al dente, h\u00e4rligt fylliga och fasta, och m\u00e4ttar dig mycket mer \u00e4n klassisk spagetti.<\/p>\n\n\n\n<p class=\"wp-block-paragraph\">Den mest klassiska vegetariska varianten \u00e4r <strong>versionen all&#8217;aglione, som anv\u00e4nder en speciell sort av j\u00e4ttevitl\u00f6k som odlas uteslutande i dalen Val di Chiana<\/strong>. Denna specifika aglione \u00e4r mycket mildare och s\u00f6tare \u00e4n v\u00e5r vanliga vitl\u00f6k, och dessutom s\u00e4gs man inte f\u00e5 obehaglig andedr\u00e4kt av den. Tillsammans med en l\u00e5ngkokt tomats\u00e5s skapar den en helt perfekt smaksymfoni.<\/p>\n\n\n\n<p class=\"wp-block-paragraph\">F\u00f6r en rej\u00e4l portion hemgjord pici p\u00e5 en familjeosteria betalar du ungef\u00e4r tolv till femton euro. <strong>Tack vare avsaknaden av \u00e4gg i degen \u00e4r sj\u00e4lva pastan vegansk<\/strong>, s\u00e5 den passar alla som undviker animaliska produkter.<\/p>\n\n\n\n<p class=\"wp-block-paragraph\">\ud83d\udca1 <strong>TIPS:<\/strong> Torkad pici kan du k\u00f6pa i varje lokal matbutik och ta med hem som den b\u00e4sta \u00e4tbara souvenir. Gl\u00f6m inte att l\u00e4gga till en burk f\u00e4rdig aglione-s\u00e5s ocks\u00e5.<\/p>\n\n\n\n<figure data-wp-context=\"{&quot;imageId&quot;:&quot;6a9c3a74677d1&quot;}\" data-wp-interactive=\"core\/image\" data-wp-key=\"6a9c3a74677d1\" class=\"wp-block-image size-full wp-lightbox-container\"><img decoding=\"async\" width=\"1920\" height=\"1899\" data-wp-class--hide=\"state.isContentHidden\" data-wp-class--show=\"state.isContentVisible\" data-wp-init=\"callbacks.setButtonStyles\" data-wp-on--click=\"actions.showLightbox\" data-wp-on--load=\"callbacks.setButtonStyles\" data-wp-on--pointerdown=\"actions.preloadImage\" data-wp-on--pointerenter=\"actions.preloadImageWithDelay\" data-wp-on--pointerleave=\"actions.cancelPreload\" data-wp-on-window--resize=\"callbacks.setButtonStyles\" src=\"https:\/\/loudavymkrokem.cz\/wp-content\/uploads\/2026\/08\/10-7.jpg\" alt=\"Fagioli all&#039;uccelletto, vita b\u00f6nor i tomats\u00e5s\" class=\"wp-image-394053\" title=\"\" srcset=\"https:\/\/loudavymkrokem.cz\/wp-content\/uploads\/2026\/08\/10-7.jpg 1920w, https:\/\/loudavymkrokem.cz\/wp-content\/uploads\/2026\/08\/10-7-300x297.jpg 300w, https:\/\/loudavymkrokem.cz\/wp-content\/uploads\/2026\/08\/10-7-700x692.jpg 700w, https:\/\/loudavymkrokem.cz\/wp-content\/uploads\/2026\/08\/10-7-768x760.jpg 768w, https:\/\/loudavymkrokem.cz\/wp-content\/uploads\/2026\/08\/10-7-1536x1519.jpg 1536w, https:\/\/loudavymkrokem.cz\/wp-content\/uploads\/2026\/08\/10-7-696x688.jpg 696w, https:\/\/loudavymkrokem.cz\/wp-content\/uploads\/2026\/08\/10-7-1392x1377.jpg 1392w\" sizes=\"(max-width: 1920px) 100vw, 1920px\" \/><button\n\t\t\tclass=\"lightbox-trigger\"\n\t\t\ttype=\"button\"\n\t\t\taria-haspopup=\"dialog\"\n\t\t\tdata-wp-bind--aria-label=\"state.thisImage.triggerButtonAriaLabel\"\n\t\t\tdata-wp-init=\"callbacks.initTriggerButton\"\n\t\t\tdata-wp-on--click=\"actions.showLightbox\"\n\t\t\tdata-wp-style--right=\"state.thisImage.buttonRight\"\n\t\t\tdata-wp-style--top=\"state.thisImage.buttonTop\"\n\t\t>\n\t\t\t<svg xmlns=\"http:\/\/www.w3.org\/2000\/svg\" width=\"12\" height=\"12\" fill=\"none\" viewBox=\"0 0 12 12\">\n\t\t\t\t<path fill=\"#fff\" d=\"M2 0a2 2 0 0 0-2 2v2h1.5V2a.5.5 0 0 1 .5-.5h2V0H2Zm2 10.5H2a.5.5 0 0 1-.5-.5V8H0v2a2 2 0 0 0 2 2h2v-1.5ZM8 12v-1.5h2a.5.5 0 0 0 .5-.5V8H12v2a2 2 0 0 1-2 2H8Zm2-12a2 2 0 0 1 2 2v2h-1.5V2a.5.5 0 0 0-.5-.5H8V0h2Z\" \/>\n\t\t\t<\/svg>\n\t\t<\/button><figcaption class=\"wp-element-caption\">Fagioli all&#8217;uccelletto<\/figcaption><\/figure>\n\n\n\n<h3 class=\"wp-block-heading\"><span class=\"ez-toc-section\" id=\"6_Fagioli_alluccelletto\"><\/span>6. Fagioli all&#8217;uccelletto<span class=\"ez-toc-section-end\"><\/span><\/h3>\n\n\n\n<p class=\"wp-block-paragraph\">Denna \u00f6dmjuka r\u00e4tt f\u00f6rklarar vackert varf\u00f6r toskanerna f\u00f6rtj\u00e4nat det roliga smeknamnet mangiafagioli (b\u00f6n\u00e4tare) i andra delar av Italien. <strong>Det handlar om ett mycket enkelt, men smakm\u00e4ssigt oerh\u00f6rt rikt tillbeh\u00f6r av vita cannellinib\u00f6nor<\/strong>, som f\u00e5r br\u00e4sera l\u00e4nge och l\u00e5ngsamt i en tjock tomats\u00e5s med en stor m\u00e4ngd f\u00e4rsk salvia och doftande vitl\u00f6k. <strong>Det intressanta namnet all&#8217;uccelletto kan fritt \u00f6vers\u00e4ttas till &#8221;p\u00e5 f\u00e5gelj\u00e4garens vis&#8221;<\/strong>, vilket ofta f\u00f6rvirrar b\u00e5de historiker och turister.<\/p>\n\n\n\n<p class=\"wp-block-paragraph\">Den troligaste f\u00f6rklaringen \u00e4r att <strong>de fattiga b\u00f6nderna huvudsakligen anv\u00e4nde salvia och vitl\u00f6k f\u00f6r att smaks\u00e4tta sm\u00e5 stekta f\u00e5glar<\/strong>, och n\u00e4r de inte hade det dyra k\u00f6ttet anv\u00e4nde de exakt samma kryddor p\u00e5 i alla fall vanliga b\u00f6nor. De ville p\u00e5 s\u00e5 s\u00e4tt ge maten \u00e5tminstone en illusion av k\u00f6ttsmak, vilket de tack vare de starka \u00f6rterna lyckades utm\u00e4rkt med.<\/p>\n\n\n\n<p class=\"wp-block-paragraph\">Idag \u00e4r det en absolut vegetarisk klassiker p\u00e5 n\u00e4stan varje traditionell toskansk trattoria, d\u00e4r den serveras antingen som ett m\u00e4ttande tillbeh\u00f6r eller direkt som en l\u00e4tt huvudr\u00e4tt. <strong>Vanligtvis betalar du runt fem till \u00e5tta euro f\u00f6r en sk\u00e5l av dessa doftande b\u00f6nor<\/strong>, och en bit f\u00e4rskt br\u00f6d att torka upp s\u00e5sen med passar utm\u00e4rkt till.<\/p>\n\n\n\n<p class=\"wp-block-paragraph\">\ud83d\udca1 <strong>TIPS:<\/strong> Om du best\u00e4ller dem som huvudr\u00e4tt rekommenderar jag ett glas l\u00e4ttare r\u00f6dvin till, till exempel en ung Chianti, som passar perfekt med tomatbasen.<\/p>\n\n\n\n<figure data-wp-context=\"{&quot;imageId&quot;:&quot;6a9c3a7467d96&quot;}\" data-wp-interactive=\"core\/image\" data-wp-key=\"6a9c3a7467d96\" class=\"wp-block-image size-full wp-lightbox-container\"><img decoding=\"async\" width=\"1800\" height=\"1613\" data-wp-class--hide=\"state.isContentHidden\" data-wp-class--show=\"state.isContentVisible\" data-wp-init=\"callbacks.setButtonStyles\" data-wp-on--click=\"actions.showLightbox\" data-wp-on--load=\"callbacks.setButtonStyles\" data-wp-on--pointerdown=\"actions.preloadImage\" data-wp-on--pointerenter=\"actions.preloadImageWithDelay\" data-wp-on--pointerleave=\"actions.cancelPreload\" data-wp-on-window--resize=\"callbacks.setButtonStyles\" src=\"https:\/\/loudavymkrokem.cz\/wp-content\/uploads\/2026\/08\/toskansko-clanky-toskanska-kuchyne-11.jpg\" alt=\"Zuppa di farro, sp\u00e4ltsoppa\" class=\"wp-image-394022\" title=\"\" srcset=\"https:\/\/loudavymkrokem.cz\/wp-content\/uploads\/2026\/08\/toskansko-clanky-toskanska-kuchyne-11.jpg 1800w, https:\/\/loudavymkrokem.cz\/wp-content\/uploads\/2026\/08\/toskansko-clanky-toskanska-kuchyne-11-300x269.jpg 300w, https:\/\/loudavymkrokem.cz\/wp-content\/uploads\/2026\/08\/toskansko-clanky-toskanska-kuchyne-11-700x627.jpg 700w, https:\/\/loudavymkrokem.cz\/wp-content\/uploads\/2026\/08\/toskansko-clanky-toskanska-kuchyne-11-768x688.jpg 768w, https:\/\/loudavymkrokem.cz\/wp-content\/uploads\/2026\/08\/toskansko-clanky-toskanska-kuchyne-11-1536x1376.jpg 1536w, https:\/\/loudavymkrokem.cz\/wp-content\/uploads\/2026\/08\/toskansko-clanky-toskanska-kuchyne-11-696x624.jpg 696w, https:\/\/loudavymkrokem.cz\/wp-content\/uploads\/2026\/08\/toskansko-clanky-toskanska-kuchyne-11-1392x1247.jpg 1392w\" sizes=\"(max-width: 1800px) 100vw, 1800px\" \/><button\n\t\t\tclass=\"lightbox-trigger\"\n\t\t\ttype=\"button\"\n\t\t\taria-haspopup=\"dialog\"\n\t\t\tdata-wp-bind--aria-label=\"state.thisImage.triggerButtonAriaLabel\"\n\t\t\tdata-wp-init=\"callbacks.initTriggerButton\"\n\t\t\tdata-wp-on--click=\"actions.showLightbox\"\n\t\t\tdata-wp-style--right=\"state.thisImage.buttonRight\"\n\t\t\tdata-wp-style--top=\"state.thisImage.buttonTop\"\n\t\t>\n\t\t\t<svg xmlns=\"http:\/\/www.w3.org\/2000\/svg\" width=\"12\" height=\"12\" fill=\"none\" viewBox=\"0 0 12 12\">\n\t\t\t\t<path fill=\"#fff\" d=\"M2 0a2 2 0 0 0-2 2v2h1.5V2a.5.5 0 0 1 .5-.5h2V0H2Zm2 10.5H2a.5.5 0 0 1-.5-.5V8H0v2a2 2 0 0 0 2 2h2v-1.5ZM8 12v-1.5h2a.5.5 0 0 0 .5-.5V8H12v2a2 2 0 0 1-2 2H8Zm2-12a2 2 0 0 1 2 2v2h-1.5V2a.5.5 0 0 0-.5-.5H8V0h2Z\" \/>\n\t\t\t<\/svg>\n\t\t<\/button><figcaption class=\"wp-element-caption\">fugzu \/ Wikimedia Commons, CC BY 2.0<\/figcaption><\/figure>\n\n\n\n<h3 class=\"wp-block-heading\"><span class=\"ez-toc-section\" id=\"7_Zuppa_di_farro\"><\/span>7. Zuppa di farro<span class=\"ez-toc-section-end\"><\/span><\/h3>\n\n\n\n<p class=\"wp-block-paragraph\">Den norra bergiga delen av Toscana som kallas Garfagnana \u00e4r en betydligt kargare och kallare trakt, d\u00e4r man traditionellt odlar den mycket t\u00e5ligare sp\u00e4lten, eller farro, ist\u00e4llet f\u00f6r klassiskt vete. <strong>Zuppa di farro \u00e4r en underbart m\u00e4ttande vintersoppa<\/strong> som kombinerar just detta ur\u00e5ldriga h\u00e4lsosamma s\u00e4desslag med b\u00f6nor och rotfrukter efter s\u00e4song. <strong>Sp\u00e4lten har en behagligt n\u00f6tig smak och en l\u00e4tt tuggig struktur<\/strong>, s\u00e5 soppan fungerar i slut\u00e4ndan snarare som en rej\u00e4l huvudr\u00e4tt \u00e4n en enkel f\u00f6rr\u00e4tt.<\/p>\n\n\n\n<p class=\"wp-block-paragraph\">Restaurangerna erbjuder den framf\u00f6r allt under vinterm\u00e5naderna och en sk\u00e5l landar p\u00e5 ungef\u00e4r nio till tolv euro. \u00c4ven h\u00e4r g\u00e4ller dock regeln om stor f\u00f6rsiktighet f\u00f6r oss vegetarianer, eftersom <strong>vissa familjerecept fr\u00e5n bergen r\u00e4knar med att fr\u00e4sa en bit fl\u00e4sksida (pancetta) i b\u00f6rjan av tillagningen<\/strong> f\u00f6r att intensifiera smaken.<\/p>\n\n\n\n<p class=\"wp-block-paragraph\">De flesta b\u00e4ttre st\u00e4llen lagar dock g\u00e4rna en helt vegetarisk version om du ber om det i f\u00f6rv\u00e4g. <strong>Det r\u00e4cker att med ett leende fr\u00e5ga personalen vid best\u00e4llningen om deras farro \u00e4r senza carne (utan k\u00f6tt)<\/strong>, s\u00e5 har du direkt garanti f\u00f6r en trygg lunch.<\/p>\n\n\n\n<p class=\"wp-block-paragraph\">\ud83d\udca1 <strong>TIPS:<\/strong> Sp\u00e4lten anv\u00e4nds i Toscana inte bara till soppor \u2013 p\u00e5 sommaren st\u00f6ter du ofta p\u00e5 den i form av en uppfriskande kall sallad med tomater och mozzarella, som \u00e4r perfekt i varmt v\u00e4der.<\/p>\n\n\n\n<figure data-wp-context=\"{&quot;imageId&quot;:&quot;6a9c3a74683d8&quot;}\" data-wp-interactive=\"core\/image\" data-wp-key=\"6a9c3a74683d8\" class=\"wp-block-image size-full wp-lightbox-container\"><img decoding=\"async\" width=\"1800\" height=\"1338\" data-wp-class--hide=\"state.isContentHidden\" data-wp-class--show=\"state.isContentVisible\" data-wp-init=\"callbacks.setButtonStyles\" data-wp-on--click=\"actions.showLightbox\" data-wp-on--load=\"callbacks.setButtonStyles\" data-wp-on--pointerdown=\"actions.preloadImage\" data-wp-on--pointerenter=\"actions.preloadImageWithDelay\" data-wp-on--pointerleave=\"actions.cancelPreload\" data-wp-on-window--resize=\"callbacks.setButtonStyles\" src=\"https:\/\/loudavymkrokem.cz\/wp-content\/uploads\/2026\/08\/toskansko-clanky-toskanska-kuchyne-12.jpg\" alt=\"Garmugia, v\u00e5rsoppa fr\u00e5n Lucca\" class=\"wp-image-394024\" title=\"\" srcset=\"https:\/\/loudavymkrokem.cz\/wp-content\/uploads\/2026\/08\/toskansko-clanky-toskanska-kuchyne-12.jpg 1800w, https:\/\/loudavymkrokem.cz\/wp-content\/uploads\/2026\/08\/toskansko-clanky-toskanska-kuchyne-12-300x223.jpg 300w, https:\/\/loudavymkrokem.cz\/wp-content\/uploads\/2026\/08\/toskansko-clanky-toskanska-kuchyne-12-700x520.jpg 700w, https:\/\/loudavymkrokem.cz\/wp-content\/uploads\/2026\/08\/toskansko-clanky-toskanska-kuchyne-12-768x571.jpg 768w, https:\/\/loudavymkrokem.cz\/wp-content\/uploads\/2026\/08\/toskansko-clanky-toskanska-kuchyne-12-1536x1142.jpg 1536w, https:\/\/loudavymkrokem.cz\/wp-content\/uploads\/2026\/08\/toskansko-clanky-toskanska-kuchyne-12-80x60.jpg 80w, https:\/\/loudavymkrokem.cz\/wp-content\/uploads\/2026\/08\/toskansko-clanky-toskanska-kuchyne-12-160x120.jpg 160w, https:\/\/loudavymkrokem.cz\/wp-content\/uploads\/2026\/08\/toskansko-clanky-toskanska-kuchyne-12-696x517.jpg 696w, https:\/\/loudavymkrokem.cz\/wp-content\/uploads\/2026\/08\/toskansko-clanky-toskanska-kuchyne-12-1392x1035.jpg 1392w\" sizes=\"(max-width: 1800px) 100vw, 1800px\" \/><button\n\t\t\tclass=\"lightbox-trigger\"\n\t\t\ttype=\"button\"\n\t\t\taria-haspopup=\"dialog\"\n\t\t\tdata-wp-bind--aria-label=\"state.thisImage.triggerButtonAriaLabel\"\n\t\t\tdata-wp-init=\"callbacks.initTriggerButton\"\n\t\t\tdata-wp-on--click=\"actions.showLightbox\"\n\t\t\tdata-wp-style--right=\"state.thisImage.buttonRight\"\n\t\t\tdata-wp-style--top=\"state.thisImage.buttonTop\"\n\t\t>\n\t\t\t<svg xmlns=\"http:\/\/www.w3.org\/2000\/svg\" width=\"12\" height=\"12\" fill=\"none\" viewBox=\"0 0 12 12\">\n\t\t\t\t<path fill=\"#fff\" d=\"M2 0a2 2 0 0 0-2 2v2h1.5V2a.5.5 0 0 1 .5-.5h2V0H2Zm2 10.5H2a.5.5 0 0 1-.5-.5V8H0v2a2 2 0 0 0 2 2h2v-1.5ZM8 12v-1.5h2a.5.5 0 0 0 .5-.5V8H12v2a2 2 0 0 1-2 2H8Zm2-12a2 2 0 0 1 2 2v2h-1.5V2a.5.5 0 0 0-.5-.5H8V0h2Z\" \/>\n\t\t\t<\/svg>\n\t\t<\/button><\/figure>\n\n\n\n<h3 class=\"wp-block-heading\"><span class=\"ez-toc-section\" id=\"8_Garmugia\"><\/span>8. Garmugia<span class=\"ez-toc-section-end\"><\/span><\/h3>\n\n\n\n<p class=\"wp-block-paragraph\">Medan de flesta klassiska toskanska soppor \u00e4r rej\u00e4lt tunga och uttalat vintriga, <strong>\u00e4r garmugia en gl\u00e4djefylld hyllning till den vaknande v\u00e5ren kring den historiska staden Lucca<\/strong>. Denna otroligt eleganta gr\u00f6nsaksbuljong \u00e4r full av de finaste v\u00e5rgr\u00f6dorna som just dykt upp p\u00e5 de lokala marknaderna efter en l\u00e5ng vinter. <strong>Traditionellt hittar du f\u00e4rska gr\u00f6na kron\u00e4rtskockor, knaprig sparris, unga favab\u00f6nor och de s\u00f6taste v\u00e5r\u00e4rtorna i den.<\/strong><\/p>\n\n\n\n<p class=\"wp-block-paragraph\">Det \u00e4r en oerh\u00f6rt frisk r\u00e4tt, full av vitaminer, och vid f\u00f6rsta skeden doftar den av f\u00e4rska \u00f6rter. Historiskt h\u00f6rde garmugia visserligen snarare hemma p\u00e5 de rikare stadsbornas bord och ibland tillsattes bitar av kalvk\u00f6tt eller pancetta, men <strong>idag lagar m\u00e5nga osterior i Lucca en l\u00e4ttare vegetarisk variant<\/strong> som l\u00e5ter de unga gr\u00f6nsakernas fina smak komma fram.<\/p>\n\n\n\n<p class=\"wp-block-paragraph\"><strong>Om du planerar att cykla l\u00e4ngs de ber\u00f6mda historiska stadsmurarna<\/strong> ger en sk\u00e5l varm garmugia till lunch dig precis r\u00e4tt dos energi till fortsatt trampande. Under s\u00e4song betalar du ungef\u00e4r tio till fjorton euro f\u00f6r den.<\/p>\n\n\n\n<p class=\"wp-block-paragraph\">\ud83d\udca1 <strong>TIPS:<\/strong> Garmugia \u00e4r ett skolboksexempel p\u00e5 toskansk s\u00e4songsanpassning. Du hittar den p\u00e5 menyn verkligen bara under n\u00e5gra f\u00e5 v\u00e5rveckor, s\u00e5 om du ser den ska du inte tveka en sekund.<\/p>\n\n\n\n<figure data-wp-context=\"{&quot;imageId&quot;:&quot;6a9c3a74688b0&quot;}\" data-wp-interactive=\"core\/image\" data-wp-key=\"6a9c3a74688b0\" class=\"wp-block-image size-full wp-lightbox-container\"><img decoding=\"async\" width=\"1800\" height=\"1350\" data-wp-class--hide=\"state.isContentHidden\" data-wp-class--show=\"state.isContentVisible\" data-wp-init=\"callbacks.setButtonStyles\" data-wp-on--click=\"actions.showLightbox\" data-wp-on--load=\"callbacks.setButtonStyles\" data-wp-on--pointerdown=\"actions.preloadImage\" data-wp-on--pointerenter=\"actions.preloadImageWithDelay\" data-wp-on--pointerleave=\"actions.cancelPreload\" data-wp-on-window--resize=\"callbacks.setButtonStyles\" src=\"https:\/\/loudavymkrokem.cz\/wp-content\/uploads\/2026\/08\/toskansko-clanky-toskanska-kuchyne-13.jpg\" alt=\"Cecina, kik\u00e4rtsbr\u00f6d fr\u00e5n Livorno\" class=\"wp-image-394027\" title=\"\" srcset=\"https:\/\/loudavymkrokem.cz\/wp-content\/uploads\/2026\/08\/toskansko-clanky-toskanska-kuchyne-13.jpg 1800w, https:\/\/loudavymkrokem.cz\/wp-content\/uploads\/2026\/08\/toskansko-clanky-toskanska-kuchyne-13-300x225.jpg 300w, https:\/\/loudavymkrokem.cz\/wp-content\/uploads\/2026\/08\/toskansko-clanky-toskanska-kuchyne-13-700x525.jpg 700w, https:\/\/loudavymkrokem.cz\/wp-content\/uploads\/2026\/08\/toskansko-clanky-toskanska-kuchyne-13-768x576.jpg 768w, https:\/\/loudavymkrokem.cz\/wp-content\/uploads\/2026\/08\/toskansko-clanky-toskanska-kuchyne-13-1536x1152.jpg 1536w, https:\/\/loudavymkrokem.cz\/wp-content\/uploads\/2026\/08\/toskansko-clanky-toskanska-kuchyne-13-80x60.jpg 80w, https:\/\/loudavymkrokem.cz\/wp-content\/uploads\/2026\/08\/toskansko-clanky-toskanska-kuchyne-13-160x120.jpg 160w, https:\/\/loudavymkrokem.cz\/wp-content\/uploads\/2026\/08\/toskansko-clanky-toskanska-kuchyne-13-696x522.jpg 696w, https:\/\/loudavymkrokem.cz\/wp-content\/uploads\/2026\/08\/toskansko-clanky-toskanska-kuchyne-13-1392x1044.jpg 1392w\" sizes=\"(max-width: 1800px) 100vw, 1800px\" \/><button\n\t\t\tclass=\"lightbox-trigger\"\n\t\t\ttype=\"button\"\n\t\t\taria-haspopup=\"dialog\"\n\t\t\tdata-wp-bind--aria-label=\"state.thisImage.triggerButtonAriaLabel\"\n\t\t\tdata-wp-init=\"callbacks.initTriggerButton\"\n\t\t\tdata-wp-on--click=\"actions.showLightbox\"\n\t\t\tdata-wp-style--right=\"state.thisImage.buttonRight\"\n\t\t\tdata-wp-style--top=\"state.thisImage.buttonTop\"\n\t\t>\n\t\t\t<svg xmlns=\"http:\/\/www.w3.org\/2000\/svg\" width=\"12\" height=\"12\" fill=\"none\" viewBox=\"0 0 12 12\">\n\t\t\t\t<path fill=\"#fff\" d=\"M2 0a2 2 0 0 0-2 2v2h1.5V2a.5.5 0 0 1 .5-.5h2V0H2Zm2 10.5H2a.5.5 0 0 1-.5-.5V8H0v2a2 2 0 0 0 2 2h2v-1.5ZM8 12v-1.5h2a.5.5 0 0 0 .5-.5V8H12v2a2 2 0 0 1-2 2H8Zm2-12a2 2 0 0 1 2 2v2h-1.5V2a.5.5 0 0 0-.5-.5H8V0h2Z\" \/>\n\t\t\t<\/svg>\n\t\t<\/button><figcaption class=\"wp-element-caption\">Emiliano Dominici (Loungerie) from Livorno, Italy \/ Wikimedia Commons, CC BY-SA 2.0<\/figcaption><\/figure>\n\n\n\n<h3 class=\"wp-block-heading\"><span class=\"ez-toc-section\" id=\"9_Cecina_och_den_legendariska_5_e_5\"><\/span>9. Cecina och den legendariska 5 e 5<span class=\"ez-toc-section-end\"><\/span><\/h3>\n\n\n\n<p class=\"wp-block-paragraph\">N\u00e4r du f\u00f6rflyttar dig till den soliga kusten och hamnstaden Livorno st\u00f6ter du p\u00e5 en av de b\u00e4sta gatumatr\u00e4tterna i hela Italien. <strong>Cecina, \u00e4ven k\u00e4nd som torta di ceci, \u00e4r en tunn, gyllenbrunt bakad kaka av kik\u00e4rtsmj\u00f6l<\/strong>, jungfruolivolja och vatten. <strong>Den \u00e4r naturligt vegansk och glutenfri<\/strong>, har h\u00e4rligt knapriga stekta kanter och f\u00f6rblir otroligt saftig och l\u00e4tt kr\u00e4mig inuti.<\/p>\n\n\n\n<p class=\"wp-block-paragraph\">Det b\u00e4sta och mest autentiska s\u00e4ttet att smaka p\u00e5 den i Livorno \u00e4r att best\u00e4lla <strong>den lokala specialiteten som kallas 5 e 5 (cinque e cinque)<\/strong>. Detta m\u00e4rkliga namn h\u00e4rstammar fr\u00e5n f\u00f6rsta halvan av 1900-talet, d\u00e5 fattiga hamnarbetare k\u00f6pte precis fem lire br\u00f6d och fem lire cecina. <strong>Idag f\u00e5r du den heta kik\u00e4rtskakan lagd i en mjuk rund fralla<\/strong>, ofta smaksatt med lite svartpeppar eller inlagd aubergine i olja.<\/p>\n\n\n\n<p class=\"wp-block-paragraph\">Det \u00e4r ett idealiskt, <strong>extremt billigt mellanm\u00e5l<\/strong> f\u00f6r stranden eller en snabb lunch p\u00e5 spr\u00e5ng under en promenad genom staden, och f\u00f6r <strong>tre till fyra euro<\/strong> per portion kan knappast n\u00e5gon sk\u00e4lla p\u00e5 dig f\u00f6r att du tar tv\u00e5.<\/p>\n\n\n\n<p class=\"wp-block-paragraph\">\ud83d\udca1 <strong>TIPS:<\/strong> Till cecina tar lokalborna g\u00e4rna ett glas kall \u00f6l eller en traditionell italiensk aperitivo. Leta efter sm\u00e5 st\u00e5nd och bagerier som kallas tortaie och som \u00e4r direkt specialiserade p\u00e5 denna delikatess.<\/p>\n\n\n\n<figure data-wp-context=\"{&quot;imageId&quot;:&quot;6a9c3a7468dd0&quot;}\" data-wp-interactive=\"core\/image\" data-wp-key=\"6a9c3a7468dd0\" class=\"wp-block-image size-full wp-lightbox-container\"><img decoding=\"async\" width=\"1800\" height=\"1634\" data-wp-class--hide=\"state.isContentHidden\" data-wp-class--show=\"state.isContentVisible\" data-wp-init=\"callbacks.setButtonStyles\" data-wp-on--click=\"actions.showLightbox\" data-wp-on--load=\"callbacks.setButtonStyles\" data-wp-on--pointerdown=\"actions.preloadImage\" data-wp-on--pointerenter=\"actions.preloadImageWithDelay\" data-wp-on--pointerleave=\"actions.cancelPreload\" data-wp-on-window--resize=\"callbacks.setButtonStyles\" src=\"https:\/\/loudavymkrokem.cz\/wp-content\/uploads\/2026\/08\/toskansko-clanky-toskanska-kuchyne-14.jpg\" alt=\"Necci, pl\u00e4ttar av kastanjemj\u00f6l\" class=\"wp-image-394031\" title=\"\" srcset=\"https:\/\/loudavymkrokem.cz\/wp-content\/uploads\/2026\/08\/toskansko-clanky-toskanska-kuchyne-14.jpg 1800w, https:\/\/loudavymkrokem.cz\/wp-content\/uploads\/2026\/08\/toskansko-clanky-toskanska-kuchyne-14-300x272.jpg 300w, https:\/\/loudavymkrokem.cz\/wp-content\/uploads\/2026\/08\/toskansko-clanky-toskanska-kuchyne-14-700x635.jpg 700w, https:\/\/loudavymkrokem.cz\/wp-content\/uploads\/2026\/08\/toskansko-clanky-toskanska-kuchyne-14-768x697.jpg 768w, https:\/\/loudavymkrokem.cz\/wp-content\/uploads\/2026\/08\/toskansko-clanky-toskanska-kuchyne-14-1536x1394.jpg 1536w, https:\/\/loudavymkrokem.cz\/wp-content\/uploads\/2026\/08\/toskansko-clanky-toskanska-kuchyne-14-696x632.jpg 696w, https:\/\/loudavymkrokem.cz\/wp-content\/uploads\/2026\/08\/toskansko-clanky-toskanska-kuchyne-14-1392x1264.jpg 1392w\" sizes=\"(max-width: 1800px) 100vw, 1800px\" \/><button\n\t\t\tclass=\"lightbox-trigger\"\n\t\t\ttype=\"button\"\n\t\t\taria-haspopup=\"dialog\"\n\t\t\tdata-wp-bind--aria-label=\"state.thisImage.triggerButtonAriaLabel\"\n\t\t\tdata-wp-init=\"callbacks.initTriggerButton\"\n\t\t\tdata-wp-on--click=\"actions.showLightbox\"\n\t\t\tdata-wp-style--right=\"state.thisImage.buttonRight\"\n\t\t\tdata-wp-style--top=\"state.thisImage.buttonTop\"\n\t\t>\n\t\t\t<svg xmlns=\"http:\/\/www.w3.org\/2000\/svg\" width=\"12\" height=\"12\" fill=\"none\" viewBox=\"0 0 12 12\">\n\t\t\t\t<path fill=\"#fff\" d=\"M2 0a2 2 0 0 0-2 2v2h1.5V2a.5.5 0 0 1 .5-.5h2V0H2Zm2 10.5H2a.5.5 0 0 1-.5-.5V8H0v2a2 2 0 0 0 2 2h2v-1.5ZM8 12v-1.5h2a.5.5 0 0 0 .5-.5V8H12v2a2 2 0 0 1-2 2H8Zm2-12a2 2 0 0 1 2 2v2h-1.5V2a.5.5 0 0 0-.5-.5H8V0h2Z\" \/>\n\t\t\t<\/svg>\n\t\t<\/button><figcaption class=\"wp-element-caption\">fugzu \/ Wikimedia Commons, CC BY 2.0<\/figcaption><\/figure>\n\n\n\n<h3 class=\"wp-block-heading\"><span class=\"ez-toc-section\" id=\"10_Necci\"><\/span>10. Necci<span class=\"ez-toc-section-end\"><\/span><\/h3>\n\n\n\n<p class=\"wp-block-paragraph\">Vi stannar en stund till i bergsomr\u00e5det Garfagnana i norra delen av regionen, d\u00e4r man i \u00e5rhundraden anv\u00e4nt \u00e4tbara kastanjer fr\u00e5n de omgivande djupa skogarna p\u00e5 grund av bristen p\u00e5 klassiskt spannm\u00e5lsmj\u00f6l. <strong>Necci \u00e4r tunna pannkakor eller pl\u00e4ttar av s\u00f6tt kastanjemj\u00f6l<\/strong>, som \u00e4n idag traditionellt gr\u00e4ddas mellan tv\u00e5 tunga gjutj\u00e4rnsplattor kallade testi direkt \u00f6ver \u00f6ppen eld. <strong>Kastanjemj\u00f6let ger dem en naturligt s\u00f6taktig och, tack vare elden, l\u00e4tt r\u00f6kig smak.<\/strong><\/p>\n\n\n\n<p class=\"wp-block-paragraph\">Oftast serveras dessa rustika pl\u00e4ttar ihoprullade och <strong>rikligt fyllda med f\u00e4rsk, l\u00e4tt s\u00f6taktig ricotta av f\u00e5rmj\u00f6lk<\/strong>, som perfekt balanserar kastanjedegens fyllighet. Det \u00e4r en mycket gammal efterr\u00e4tt eller rej\u00e4l frukost som perfekt f\u00e5ngar de fattiga toskanska b\u00f6ndernas p\u00e5hittighet i sv\u00e5ra tider, d\u00e5 k\u00f6tt och vete var en s\u00e4llsynthet.<\/p>\n\n\n\n<p class=\"wp-block-paragraph\">Necci st\u00f6ter du framf\u00f6r allt p\u00e5 under h\u00f6sten, n\u00e4r kastanjesk\u00f6rden p\u00e5g\u00e5r och lokala fester som kallas sagre h\u00e5lls i bergsbyarna. <strong>Priset f\u00f6r en fylld pl\u00e4tt ligger runt fyra till sex euro<\/strong> och det \u00e4r en helt fantastisk h\u00f6stupplevelse.<\/p>\n\n\n\n<p class=\"wp-block-paragraph\">\ud83d\udca1 <strong>TIPS:<\/strong> Om du st\u00f6ter p\u00e5 ett gatust\u00e5nd d\u00e4r en dam gr\u00e4ddar necci direkt \u00f6ver eld p\u00e5 gamla svarta plattor, stanna definitivt till. Varma och nygr\u00e4ddade smakar de tusen g\u00e5nger b\u00e4ttre \u00e4n de kalla fr\u00e5n montern.<\/p>\n\n\n\n<figure data-wp-context=\"{&quot;imageId&quot;:&quot;6a9c3a74693f4&quot;}\" data-wp-interactive=\"core\/image\" data-wp-key=\"6a9c3a74693f4\" class=\"wp-block-image size-full wp-lightbox-container\"><img decoding=\"async\" width=\"1800\" height=\"1350\" data-wp-class--hide=\"state.isContentHidden\" data-wp-class--show=\"state.isContentVisible\" data-wp-init=\"callbacks.setButtonStyles\" data-wp-on--click=\"actions.showLightbox\" data-wp-on--load=\"callbacks.setButtonStyles\" data-wp-on--pointerdown=\"actions.preloadImage\" data-wp-on--pointerenter=\"actions.preloadImageWithDelay\" data-wp-on--pointerleave=\"actions.cancelPreload\" data-wp-on-window--resize=\"callbacks.setButtonStyles\" src=\"https:\/\/loudavymkrokem.cz\/wp-content\/uploads\/2026\/08\/toskansko-clanky-toskanska-kuchyne-15.jpg\" alt=\"Pecorino toscano\" class=\"wp-image-394033\" title=\"\" srcset=\"https:\/\/loudavymkrokem.cz\/wp-content\/uploads\/2026\/08\/toskansko-clanky-toskanska-kuchyne-15.jpg 1800w, https:\/\/loudavymkrokem.cz\/wp-content\/uploads\/2026\/08\/toskansko-clanky-toskanska-kuchyne-15-300x225.jpg 300w, https:\/\/loudavymkrokem.cz\/wp-content\/uploads\/2026\/08\/toskansko-clanky-toskanska-kuchyne-15-700x525.jpg 700w, https:\/\/loudavymkrokem.cz\/wp-content\/uploads\/2026\/08\/toskansko-clanky-toskanska-kuchyne-15-768x576.jpg 768w, https:\/\/loudavymkrokem.cz\/wp-content\/uploads\/2026\/08\/toskansko-clanky-toskanska-kuchyne-15-1536x1152.jpg 1536w, https:\/\/loudavymkrokem.cz\/wp-content\/uploads\/2026\/08\/toskansko-clanky-toskanska-kuchyne-15-80x60.jpg 80w, https:\/\/loudavymkrokem.cz\/wp-content\/uploads\/2026\/08\/toskansko-clanky-toskanska-kuchyne-15-160x120.jpg 160w, https:\/\/loudavymkrokem.cz\/wp-content\/uploads\/2026\/08\/toskansko-clanky-toskanska-kuchyne-15-696x522.jpg 696w, https:\/\/loudavymkrokem.cz\/wp-content\/uploads\/2026\/08\/toskansko-clanky-toskanska-kuchyne-15-1392x1044.jpg 1392w\" sizes=\"(max-width: 1800px) 100vw, 1800px\" \/><button\n\t\t\tclass=\"lightbox-trigger\"\n\t\t\ttype=\"button\"\n\t\t\taria-haspopup=\"dialog\"\n\t\t\tdata-wp-bind--aria-label=\"state.thisImage.triggerButtonAriaLabel\"\n\t\t\tdata-wp-init=\"callbacks.initTriggerButton\"\n\t\t\tdata-wp-on--click=\"actions.showLightbox\"\n\t\t\tdata-wp-style--right=\"state.thisImage.buttonRight\"\n\t\t\tdata-wp-style--top=\"state.thisImage.buttonTop\"\n\t\t>\n\t\t\t<svg xmlns=\"http:\/\/www.w3.org\/2000\/svg\" width=\"12\" height=\"12\" fill=\"none\" viewBox=\"0 0 12 12\">\n\t\t\t\t<path fill=\"#fff\" d=\"M2 0a2 2 0 0 0-2 2v2h1.5V2a.5.5 0 0 1 .5-.5h2V0H2Zm2 10.5H2a.5.5 0 0 1-.5-.5V8H0v2a2 2 0 0 0 2 2h2v-1.5ZM8 12v-1.5h2a.5.5 0 0 0 .5-.5V8H12v2a2 2 0 0 1-2 2H8Zm2-12a2 2 0 0 1 2 2v2h-1.5V2a.5.5 0 0 0-.5-.5H8V0h2Z\" \/>\n\t\t\t<\/svg>\n\t\t<\/button><figcaption class=\"wp-element-caption\">Bijltjespad \/ Wikimedia Commons, CC BY-SA 3.0<\/figcaption><\/figure>\n\n\n\n<h3 class=\"wp-block-heading\"><span class=\"ez-toc-section\" id=\"11_Pecorino_toscano\"><\/span>11. Pecorino toscano<span class=\"ez-toc-section-end\"><\/span><\/h3>\n\n\n\n<p class=\"wp-block-paragraph\">Toscana \u00e4r visserligen v\u00e4rldsber\u00f6mt f\u00f6r sina uts\u00f6kta viner, men de regionala ostarna ligger absolut inte efter v\u00e4rldstoppen. <strong>Huvudstj\u00e4rnan \u00e4r utan tvekan pecorino, en fantastisk ost av ren f\u00e5rmj\u00f6lk<\/strong>, som tillverkas i hela regionen. Men de allra mest ber\u00f6mda och doftande ostkakorna kommer fr\u00e5n den pittoreska lilla staden Pienza och det vilda s\u00f6dra omr\u00e5det Maremma.<\/p>\n\n\n\n<p class=\"wp-block-paragraph\">Denna ost <strong>kan du smaka i m\u00e5nga lagringsstadier<\/strong>, fr\u00e5n mjuk, kr\u00e4mig och s\u00f6taktig fresco (som bara lagras n\u00e5gra veckor) till h\u00e5rd, pikant och smulig stagionato, som vilat i k\u00e4llaren i \u00f6ver ett \u00e5r. Priset f\u00f6r en bra ostbricka ligger runt tolv till arton euro och den ers\u00e4tter enkelt en l\u00e4tt middag.<\/p>\n\n\n\n<p class=\"wp-block-paragraph\">Best\u00e4ll en <strong>bricka lagrad pecorino<\/strong> p\u00e5 n\u00e5gon mysig enoteca och prova den med en <strong>sked lokal honung<\/strong>, s\u00f6t l\u00f6kmarmelad eller en skiva f\u00e4rskt p\u00e4ron. Det \u00e4r en kombination som ser misst\u00e4nkt enkel ut, men vid f\u00f6rsta tuggan f\u00f6rst\u00e5r du varf\u00f6r den \u00e4r s\u00e5 omtyckt.<\/p>\n\n\n\n<p class=\"wp-block-paragraph\">\ud83d\udca1 <strong>TIPS:<\/strong> I den lilla staden Pienza hittar du dussintals sm\u00e5 butiker d\u00e4r ostmakarna l\u00e5ter dig smaka pecorino som lagrats i valn\u00f6tsblad, i aska eller till och med i resterna efter vinpressning.<\/p>\n\n\n\n<figure data-wp-context=\"{&quot;imageId&quot;:&quot;6a9c3a7469cae&quot;}\" data-wp-interactive=\"core\/image\" data-wp-key=\"6a9c3a7469cae\" class=\"wp-block-image size-full wp-lightbox-container\"><img decoding=\"async\" width=\"1800\" height=\"1200\" data-wp-class--hide=\"state.isContentHidden\" data-wp-class--show=\"state.isContentVisible\" data-wp-init=\"callbacks.setButtonStyles\" data-wp-on--click=\"actions.showLightbox\" data-wp-on--load=\"callbacks.setButtonStyles\" data-wp-on--pointerdown=\"actions.preloadImage\" data-wp-on--pointerenter=\"actions.preloadImageWithDelay\" data-wp-on--pointerleave=\"actions.cancelPreload\" data-wp-on-window--resize=\"callbacks.setButtonStyles\" src=\"https:\/\/loudavymkrokem.cz\/wp-content\/uploads\/2026\/08\/toskansko-clanky-toskanska-kuchyne-16.jpg\" alt=\"Ny olivolja\" class=\"wp-image-394035\" title=\"\" srcset=\"https:\/\/loudavymkrokem.cz\/wp-content\/uploads\/2026\/08\/toskansko-clanky-toskanska-kuchyne-16.jpg 1800w, https:\/\/loudavymkrokem.cz\/wp-content\/uploads\/2026\/08\/toskansko-clanky-toskanska-kuchyne-16-300x200.jpg 300w, https:\/\/loudavymkrokem.cz\/wp-content\/uploads\/2026\/08\/toskansko-clanky-toskanska-kuchyne-16-700x467.jpg 700w, https:\/\/loudavymkrokem.cz\/wp-content\/uploads\/2026\/08\/toskansko-clanky-toskanska-kuchyne-16-768x512.jpg 768w, https:\/\/loudavymkrokem.cz\/wp-content\/uploads\/2026\/08\/toskansko-clanky-toskanska-kuchyne-16-1536x1024.jpg 1536w, https:\/\/loudavymkrokem.cz\/wp-content\/uploads\/2026\/08\/toskansko-clanky-toskanska-kuchyne-16-696x464.jpg 696w, https:\/\/loudavymkrokem.cz\/wp-content\/uploads\/2026\/08\/toskansko-clanky-toskanska-kuchyne-16-1392x928.jpg 1392w\" sizes=\"(max-width: 1800px) 100vw, 1800px\" \/><button\n\t\t\tclass=\"lightbox-trigger\"\n\t\t\ttype=\"button\"\n\t\t\taria-haspopup=\"dialog\"\n\t\t\tdata-wp-bind--aria-label=\"state.thisImage.triggerButtonAriaLabel\"\n\t\t\tdata-wp-init=\"callbacks.initTriggerButton\"\n\t\t\tdata-wp-on--click=\"actions.showLightbox\"\n\t\t\tdata-wp-style--right=\"state.thisImage.buttonRight\"\n\t\t\tdata-wp-style--top=\"state.thisImage.buttonTop\"\n\t\t>\n\t\t\t<svg xmlns=\"http:\/\/www.w3.org\/2000\/svg\" width=\"12\" height=\"12\" fill=\"none\" viewBox=\"0 0 12 12\">\n\t\t\t\t<path fill=\"#fff\" d=\"M2 0a2 2 0 0 0-2 2v2h1.5V2a.5.5 0 0 1 .5-.5h2V0H2Zm2 10.5H2a.5.5 0 0 1-.5-.5V8H0v2a2 2 0 0 0 2 2h2v-1.5ZM8 12v-1.5h2a.5.5 0 0 0 .5-.5V8H12v2a2 2 0 0 1-2 2H8Zm2-12a2 2 0 0 1 2 2v2h-1.5V2a.5.5 0 0 0-.5-.5H8V0h2Z\" \/>\n\t\t\t<\/svg>\n\t\t<\/button><\/figure>\n\n\n\n<h3 class=\"wp-block-heading\"><span class=\"ez-toc-section\" id=\"12_Olio_nuovo\"><\/span>12. Olio nuovo<span class=\"ez-toc-section-end\"><\/span><\/h3>\n\n\n\n<p class=\"wp-block-paragraph\">Olivolja \u00e4r i Toscana inte bara en vanlig r\u00e5vara att laga mat med, det \u00e4r helt enkelt flytande guld och ett f\u00f6rem\u00e5l f\u00f6r stor familje- och lokalstolthet. <strong>Den st\u00f6rsta h\u00f6gtiden infaller vid \u00f6verg\u00e5ngen mellan oktober och november, n\u00e4r pressarna b\u00f6rjar bearbeta olio nuovo, allts\u00e5 den nya oljan.<\/strong> Denna extra jungfruolivolja fr\u00e5n den allra f\u00f6rsta pressningen har en lysande gr\u00f6n, ogenomskinlig f\u00e4rg, \u00e4r helt ofiltrerad och stoltserar med en otroligt stark, stickig och l\u00e4tt pepprig smak som behagligt skrapar i halsen.<\/p>\n\n\n\n<p class=\"wp-block-paragraph\">De lokala b\u00f6nderna v\u00e4rdes\u00e4tter den s\u00e5 mycket att de under dessa ruggiga h\u00f6stm\u00e5nader <strong>n\u00e4stan dricker den som vin ur sm\u00e5 glas, eller h\u00e4ller den gener\u00f6st p\u00e5 en nyrostad skiva osaltat br\u00f6d<\/strong>. Denna enkla r\u00e4tt kallas fettunta och \u00e4r h\u00f6stfestandets absoluta h\u00f6jdpunkt.<\/p>\n\n\n\n<p class=\"wp-block-paragraph\">Det \u00e4r en helt unik s\u00e4songsupplevelse som det verkligen l\u00f6nar sig att planera in en h\u00f6stresa f\u00f6r, utanf\u00f6r den stora turists\u00e4songen. <strong>En flaska av detta mirakel direkt fr\u00e5n g\u00e5rden landar p\u00e5 ungef\u00e4r femton till tjugo euro<\/strong>, men dess smak g\u00e5r inte alls att j\u00e4mf\u00f6ra med den fr\u00e5n snabbk\u00f6pet.<\/p>\n\n\n\n<p class=\"wp-block-paragraph\">\ud83d\udca1 <strong>TIPS:<\/strong> Olio nuovo f\u00f6rlorar snabbt sin specifika sk\u00e4rpa och lysande f\u00e4rg. K\u00f6p d\u00e4rf\u00f6r inte p\u00e5 lager f\u00f6r ett helt \u00e5r, utan f\u00f6rbruka den helst inom tv\u00e5 till tre m\u00e5nader.<\/p>\n\n\n\n<figure data-wp-context=\"{&quot;imageId&quot;:&quot;6a9c3a746a4fd&quot;}\" data-wp-interactive=\"core\/image\" data-wp-key=\"6a9c3a746a4fd\" class=\"wp-block-image size-full wp-lightbox-container\"><img decoding=\"async\" width=\"1800\" height=\"1350\" data-wp-class--hide=\"state.isContentHidden\" data-wp-class--show=\"state.isContentVisible\" data-wp-init=\"callbacks.setButtonStyles\" data-wp-on--click=\"actions.showLightbox\" data-wp-on--load=\"callbacks.setButtonStyles\" data-wp-on--pointerdown=\"actions.preloadImage\" data-wp-on--pointerenter=\"actions.preloadImageWithDelay\" data-wp-on--pointerleave=\"actions.cancelPreload\" data-wp-on-window--resize=\"callbacks.setButtonStyles\" src=\"https:\/\/loudavymkrokem.cz\/wp-content\/uploads\/2026\/08\/toskansko-clanky-toskanska-kuchyne-17.jpg\" alt=\"Vit tryffel fr\u00e5n San Miniato\" class=\"wp-image-394036\" title=\"\" srcset=\"https:\/\/loudavymkrokem.cz\/wp-content\/uploads\/2026\/08\/toskansko-clanky-toskanska-kuchyne-17.jpg 1800w, https:\/\/loudavymkrokem.cz\/wp-content\/uploads\/2026\/08\/toskansko-clanky-toskanska-kuchyne-17-300x225.jpg 300w, https:\/\/loudavymkrokem.cz\/wp-content\/uploads\/2026\/08\/toskansko-clanky-toskanska-kuchyne-17-700x525.jpg 700w, https:\/\/loudavymkrokem.cz\/wp-content\/uploads\/2026\/08\/toskansko-clanky-toskanska-kuchyne-17-768x576.jpg 768w, https:\/\/loudavymkrokem.cz\/wp-content\/uploads\/2026\/08\/toskansko-clanky-toskanska-kuchyne-17-1536x1152.jpg 1536w, https:\/\/loudavymkrokem.cz\/wp-content\/uploads\/2026\/08\/toskansko-clanky-toskanska-kuchyne-17-80x60.jpg 80w, https:\/\/loudavymkrokem.cz\/wp-content\/uploads\/2026\/08\/toskansko-clanky-toskanska-kuchyne-17-160x120.jpg 160w, https:\/\/loudavymkrokem.cz\/wp-content\/uploads\/2026\/08\/toskansko-clanky-toskanska-kuchyne-17-696x522.jpg 696w, https:\/\/loudavymkrokem.cz\/wp-content\/uploads\/2026\/08\/toskansko-clanky-toskanska-kuchyne-17-1392x1044.jpg 1392w\" sizes=\"(max-width: 1800px) 100vw, 1800px\" \/><button\n\t\t\tclass=\"lightbox-trigger\"\n\t\t\ttype=\"button\"\n\t\t\taria-haspopup=\"dialog\"\n\t\t\tdata-wp-bind--aria-label=\"state.thisImage.triggerButtonAriaLabel\"\n\t\t\tdata-wp-init=\"callbacks.initTriggerButton\"\n\t\t\tdata-wp-on--click=\"actions.showLightbox\"\n\t\t\tdata-wp-style--right=\"state.thisImage.buttonRight\"\n\t\t\tdata-wp-style--top=\"state.thisImage.buttonTop\"\n\t\t>\n\t\t\t<svg xmlns=\"http:\/\/www.w3.org\/2000\/svg\" width=\"12\" height=\"12\" fill=\"none\" viewBox=\"0 0 12 12\">\n\t\t\t\t<path fill=\"#fff\" d=\"M2 0a2 2 0 0 0-2 2v2h1.5V2a.5.5 0 0 1 .5-.5h2V0H2Zm2 10.5H2a.5.5 0 0 1-.5-.5V8H0v2a2 2 0 0 0 2 2h2v-1.5ZM8 12v-1.5h2a.5.5 0 0 0 .5-.5V8H12v2a2 2 0 0 1-2 2H8Zm2-12a2 2 0 0 1 2 2v2h-1.5V2a.5.5 0 0 0-.5-.5H8V0h2Z\" \/>\n\t\t\t<\/svg>\n\t\t<\/button><\/figure>\n\n\n\n<h3 class=\"wp-block-heading\"><span class=\"ez-toc-section\" id=\"13_Vit_tryffel_fran_San_Miniato\"><\/span>13. Vit tryffel fr\u00e5n San Miniato<span class=\"ez-toc-section-end\"><\/span><\/h3>\n\n\n\n<p class=\"wp-block-paragraph\">H\u00f6stens Toscana g\u00f6mmer djupt nere i marken \u00e4nnu en oerh\u00f6rt s\u00e4llsynt och doftande skatt, som gourmeter fr\u00e5n hela v\u00e4rlden reser till. <strong>Den lilla historiska staden San Miniato, som ligger halvv\u00e4gs mellan Florens och Pisa, \u00e4r ett av de viktigaste fyndomr\u00e5dena f\u00f6r vit tryffel i hela Italien.<\/strong> Dessa otroligt aromatiska svampar g\u00e5r inte att odla p\u00e5 konstlad v\u00e4g och m\u00e5ste s\u00f6kas i de fuktiga skogarna av speciellt tr\u00e4nade hundar, vilket g\u00f6r dem till en av planetens dyraste r\u00e5varor.<\/p>\n\n\n\n<p class=\"wp-block-paragraph\">I november h\u00e5lls de ber\u00f6mda tryffelmarknaderna i San Miniatos smala gr\u00e4nder, d\u00e4r <strong>du kan smaka tunna skivor av denna delikatess rivna \u00f6ver enkel hemgjord pasta eller en kr\u00e4mig risotto med sm\u00f6r<\/strong>. En portion pasta med vit tryffel landar visserligen enkelt p\u00e5 trettio till femtio euro, men den intensiva och jordiga doften \u00e4r s\u00e5 specifik att den \u00e4r v\u00e4rd varenda cent.<\/p>\n\n\n\n<p class=\"wp-block-paragraph\"><strong>Om du \u00e4r vegetarian<\/strong> \u00e4r tryffel f\u00f6r dig det mest lyxiga s\u00e4ttet att njuta av <strong>italiensk gastronomi i toppklass<\/strong> utan en droppe k\u00f6ttbuljong.<\/p>\n\n\n\n<p class=\"wp-block-paragraph\">\ud83d\udca1 <strong>TIPS:<\/strong> Se upp f\u00f6r billiga st\u00e4llen som erbjuder r\u00e4tter med s\u00e5 kallad tryffelolja. Oftast handlar det om ren artificiell kemi utan en bit riktig svamp, som snarare f\u00f6rst\u00f6r den \u00e4kta upplevelsen f\u00f6r dig.<\/p>\n\n\n\n<figure data-wp-context=\"{&quot;imageId&quot;:&quot;6a9c3a746ad64&quot;}\" data-wp-interactive=\"core\/image\" data-wp-key=\"6a9c3a746ad64\" class=\"wp-block-image size-full wp-lightbox-container\"><img decoding=\"async\" width=\"1800\" height=\"1394\" data-wp-class--hide=\"state.isContentHidden\" data-wp-class--show=\"state.isContentVisible\" data-wp-init=\"callbacks.setButtonStyles\" data-wp-on--click=\"actions.showLightbox\" data-wp-on--load=\"callbacks.setButtonStyles\" data-wp-on--pointerdown=\"actions.preloadImage\" data-wp-on--pointerenter=\"actions.preloadImageWithDelay\" data-wp-on--pointerleave=\"actions.cancelPreload\" data-wp-on-window--resize=\"callbacks.setButtonStyles\" src=\"https:\/\/loudavymkrokem.cz\/wp-content\/uploads\/2026\/08\/toskansko-clanky-toskanska-kuchyne-18.jpg\" alt=\"Bistecca alla fiorentina, florentinsk biff\" class=\"wp-image-394037\" title=\"\" srcset=\"https:\/\/loudavymkrokem.cz\/wp-content\/uploads\/2026\/08\/toskansko-clanky-toskanska-kuchyne-18.jpg 1800w, https:\/\/loudavymkrokem.cz\/wp-content\/uploads\/2026\/08\/toskansko-clanky-toskanska-kuchyne-18-300x232.jpg 300w, https:\/\/loudavymkrokem.cz\/wp-content\/uploads\/2026\/08\/toskansko-clanky-toskanska-kuchyne-18-700x542.jpg 700w, https:\/\/loudavymkrokem.cz\/wp-content\/uploads\/2026\/08\/toskansko-clanky-toskanska-kuchyne-18-768x595.jpg 768w, https:\/\/loudavymkrokem.cz\/wp-content\/uploads\/2026\/08\/toskansko-clanky-toskanska-kuchyne-18-1536x1190.jpg 1536w, https:\/\/loudavymkrokem.cz\/wp-content\/uploads\/2026\/08\/toskansko-clanky-toskanska-kuchyne-18-696x539.jpg 696w, https:\/\/loudavymkrokem.cz\/wp-content\/uploads\/2026\/08\/toskansko-clanky-toskanska-kuchyne-18-1392x1078.jpg 1392w\" sizes=\"(max-width: 1800px) 100vw, 1800px\" \/><button\n\t\t\tclass=\"lightbox-trigger\"\n\t\t\ttype=\"button\"\n\t\t\taria-haspopup=\"dialog\"\n\t\t\tdata-wp-bind--aria-label=\"state.thisImage.triggerButtonAriaLabel\"\n\t\t\tdata-wp-init=\"callbacks.initTriggerButton\"\n\t\t\tdata-wp-on--click=\"actions.showLightbox\"\n\t\t\tdata-wp-style--right=\"state.thisImage.buttonRight\"\n\t\t\tdata-wp-style--top=\"state.thisImage.buttonTop\"\n\t\t>\n\t\t\t<svg xmlns=\"http:\/\/www.w3.org\/2000\/svg\" width=\"12\" height=\"12\" fill=\"none\" viewBox=\"0 0 12 12\">\n\t\t\t\t<path fill=\"#fff\" d=\"M2 0a2 2 0 0 0-2 2v2h1.5V2a.5.5 0 0 1 .5-.5h2V0H2Zm2 10.5H2a.5.5 0 0 1-.5-.5V8H0v2a2 2 0 0 0 2 2h2v-1.5ZM8 12v-1.5h2a.5.5 0 0 0 .5-.5V8H12v2a2 2 0 0 1-2 2H8Zm2-12a2 2 0 0 1 2 2v2h-1.5V2a.5.5 0 0 0-.5-.5H8V0h2Z\" \/>\n\t\t\t<\/svg>\n\t\t<\/button><figcaption class=\"wp-element-caption\">mike packard \/ Wikimedia Commons, CC BY-SA 2.0<\/figcaption><\/figure>\n\n\n\n<h3 class=\"wp-block-heading\"><span class=\"ez-toc-section\" id=\"14_Bistecca_alla_fiorentina\"><\/span>14. Bistecca alla fiorentina<span class=\"ez-toc-section-end\"><\/span><\/h3>\n\n\n\n<p class=\"wp-block-paragraph\">\u00c4ven om det toskanska lantk\u00f6ket huvudsakligen \u00e4r k\u00f6ttfritt, \u00e4r Florens v\u00e4rldsber\u00f6mt f\u00f6r sin ikoniska j\u00e4ttebiff. <strong>Bistecca alla fiorentina tillagas uteslutande av den lokala rasen av enorma vita n\u00f6tkreatur som kallas chianina<\/strong>. Den sk\u00e4rs i mycket tjocka skivor, flera centimeter breda, med det massiva T-benet kvar, och grillas verkligen bara mycket snabbt \u00f6ver gl\u00f6dande tr\u00e4kol.<\/p>\n\n\n\n<p class=\"wp-block-paragraph\">Det handlar om en enorm k\u00f6ttportion som vanligtvis v\u00e4ger \u00f6ver ett kilogram och \u00e4r om\u00f6jlig att klara f\u00f6r en person. D\u00e4rf\u00f6r serveras den traditionellt <strong>uteslutande blodig och delas mitt p\u00e5 bordet mellan flera g\u00e4ster samtidigt<\/strong>. P\u00e5 restaurangerna anges priset vanligtvis inte per portion, utan r\u00e4knas per vikt, d\u00e4r hundra gram landar p\u00e5 ungef\u00e4r sex till nio euro.<\/p>\n\n\n\n<p class=\"wp-block-paragraph\">F\u00f6r k\u00f6tt\u00e4lskare handlar det om <strong>en av hela regionens st\u00f6rsta gastronomiska symboler och en stor h\u00e4ndelse vid varje festmiddag<\/strong>. De lokala kockarna \u00e4r extremt stolta \u00f6ver denna r\u00e4tt och v\u00e4grar totalt att steka k\u00f6ttet helt genomstekt, s\u00e5 att be om &#8221;well done&#8221; betraktas i Toscana som en liten synd.<\/p>\n\n\n\n<p class=\"wp-block-paragraph\">\ud83d\udca1 <strong>TIPS:<\/strong> Boka bord f\u00f6r denna upplevelse p\u00e5 de traditionella st\u00e4llen som kallas bisteccaria, d\u00e4r kockarna \u00e4r specialiserade uteslutande p\u00e5 den perfekta tillagningen av denna ber\u00f6mda styckdel och egentligen inte lagar n\u00e5got annat.<\/p>\n\n\n\n<figure data-wp-context=\"{&quot;imageId&quot;:&quot;6a9c3a746b781&quot;}\" data-wp-interactive=\"core\/image\" data-wp-key=\"6a9c3a746b781\" class=\"wp-block-image size-full wp-lightbox-container\"><img decoding=\"async\" width=\"1800\" height=\"1200\" data-wp-class--hide=\"state.isContentHidden\" data-wp-class--show=\"state.isContentVisible\" data-wp-init=\"callbacks.setButtonStyles\" data-wp-on--click=\"actions.showLightbox\" data-wp-on--load=\"callbacks.setButtonStyles\" data-wp-on--pointerdown=\"actions.preloadImage\" data-wp-on--pointerenter=\"actions.preloadImageWithDelay\" data-wp-on--pointerleave=\"actions.cancelPreload\" data-wp-on-window--resize=\"callbacks.setButtonStyles\" src=\"https:\/\/loudavymkrokem.cz\/wp-content\/uploads\/2026\/08\/toskansko-clanky-toskanska-kuchyne-19.jpg\" alt=\"Vildsvinsragu som lokal specialitet\" class=\"wp-image-394038\" title=\"\" srcset=\"https:\/\/loudavymkrokem.cz\/wp-content\/uploads\/2026\/08\/toskansko-clanky-toskanska-kuchyne-19.jpg 1800w, https:\/\/loudavymkrokem.cz\/wp-content\/uploads\/2026\/08\/toskansko-clanky-toskanska-kuchyne-19-300x200.jpg 300w, https:\/\/loudavymkrokem.cz\/wp-content\/uploads\/2026\/08\/toskansko-clanky-toskanska-kuchyne-19-700x467.jpg 700w, https:\/\/loudavymkrokem.cz\/wp-content\/uploads\/2026\/08\/toskansko-clanky-toskanska-kuchyne-19-768x512.jpg 768w, https:\/\/loudavymkrokem.cz\/wp-content\/uploads\/2026\/08\/toskansko-clanky-toskanska-kuchyne-19-1536x1024.jpg 1536w, https:\/\/loudavymkrokem.cz\/wp-content\/uploads\/2026\/08\/toskansko-clanky-toskanska-kuchyne-19-696x464.jpg 696w, https:\/\/loudavymkrokem.cz\/wp-content\/uploads\/2026\/08\/toskansko-clanky-toskanska-kuchyne-19-1392x928.jpg 1392w\" sizes=\"(max-width: 1800px) 100vw, 1800px\" \/><button\n\t\t\tclass=\"lightbox-trigger\"\n\t\t\ttype=\"button\"\n\t\t\taria-haspopup=\"dialog\"\n\t\t\tdata-wp-bind--aria-label=\"state.thisImage.triggerButtonAriaLabel\"\n\t\t\tdata-wp-init=\"callbacks.initTriggerButton\"\n\t\t\tdata-wp-on--click=\"actions.showLightbox\"\n\t\t\tdata-wp-style--right=\"state.thisImage.buttonRight\"\n\t\t\tdata-wp-style--top=\"state.thisImage.buttonTop\"\n\t\t>\n\t\t\t<svg xmlns=\"http:\/\/www.w3.org\/2000\/svg\" width=\"12\" height=\"12\" fill=\"none\" viewBox=\"0 0 12 12\">\n\t\t\t\t<path fill=\"#fff\" d=\"M2 0a2 2 0 0 0-2 2v2h1.5V2a.5.5 0 0 1 .5-.5h2V0H2Zm2 10.5H2a.5.5 0 0 1-.5-.5V8H0v2a2 2 0 0 0 2 2h2v-1.5ZM8 12v-1.5h2a.5.5 0 0 0 .5-.5V8H12v2a2 2 0 0 1-2 2H8Zm2-12a2 2 0 0 1 2 2v2h-1.5V2a.5.5 0 0 0-.5-.5H8V0h2Z\" \/>\n\t\t\t<\/svg>\n\t\t<\/button><\/figure>\n\n\n\n<h3 class=\"wp-block-heading\"><span class=\"ez-toc-section\" id=\"15_Cinghiale_vildsvin\"><\/span>15. Cinghiale (vildsvin)<span class=\"ez-toc-section-end\"><\/span><\/h3>\n\n\n\n<p class=\"wp-block-paragraph\">De djupa och ogenomtr\u00e4ngliga skogarna i toskanska Maremma i s\u00f6dra delen av regionen \u00e4r den naturliga hemvisten f\u00f6r vildsvin, som kallas cinghiale. Just de utg\u00f6r basen i m\u00e5nga traditionella k\u00f6ttr\u00e4tter som lagas framf\u00f6r allt under h\u00f6st- och vinterm\u00e5naderna. <strong>Deras k\u00f6tt har en mycket utpr\u00e4glad, jordig och vild smak<\/strong> som \u00e4r betydligt intensivare och m\u00f6rkare \u00e4n vanligt fl\u00e4skk\u00f6tt fr\u00e5n tamdjur.<\/p>\n\n\n\n<p class=\"wp-block-paragraph\">Oftast st\u00f6ter du p\u00e5 det p\u00e5 de lokala restaurangerna <strong>i form av en rik och l\u00e5ngkokt ragu, som serveras med breda pappardelle-nudlar<\/strong>. Denna r\u00e4tt \u00e4r otroligt m\u00e4ttande och en portion landar p\u00e5 ungef\u00e4r tolv till sexton euro. Vildsvin bearbetas ocks\u00e5 ofta till kraftigt kryddade h\u00e5rda salamikorvar som h\u00e4nger fr\u00e5n taket i n\u00e4stan varje lokal lantslakteri.<\/p>\n\n\n\n<p class=\"wp-block-paragraph\">Om du h\u00f6r till k\u00f6tt\u00e4tarna och vill smaka n\u00e5got riktigt <strong>specifikt f\u00f6r den toskanska landsbygden<\/strong>, \u00e4r <strong>cinghiale definitivt r\u00e4tt val<\/strong>. F\u00f6r vegetarianer \u00e4r det d\u00e4remot ett tydligt stopptecken, s\u00e5 l\u00e4s menyn noga vid pastar\u00e4tterna.<\/p>\n\n\n\n<p class=\"wp-block-paragraph\">\ud83d\udca1 <strong>TIPS:<\/strong> Till den tunga vildsvinsragun passar kraftigare och mer lagrade r\u00f6dviner perfekt, till exempel Brunello di Montalcino eller Vino Nobile di Montepulciano, som mildrar k\u00f6ttets starka smak.<\/p>\n\n\n\n<figure data-wp-context=\"{&quot;imageId&quot;:&quot;6a9c3a746bc18&quot;}\" data-wp-interactive=\"core\/image\" data-wp-key=\"6a9c3a746bc18\" class=\"wp-block-image size-full wp-lightbox-container\"><img decoding=\"async\" width=\"1800\" height=\"1191\" data-wp-class--hide=\"state.isContentHidden\" data-wp-class--show=\"state.isContentVisible\" data-wp-init=\"callbacks.setButtonStyles\" data-wp-on--click=\"actions.showLightbox\" data-wp-on--load=\"callbacks.setButtonStyles\" data-wp-on--pointerdown=\"actions.preloadImage\" data-wp-on--pointerenter=\"actions.preloadImageWithDelay\" data-wp-on--pointerleave=\"actions.cancelPreload\" data-wp-on-window--resize=\"callbacks.setButtonStyles\" src=\"https:\/\/loudavymkrokem.cz\/wp-content\/uploads\/2026\/08\/toskansko-clanky-toskanska-kuchyne-20.jpg\" alt=\"Florentinsk gatumat av in\u00e4lvor\" class=\"wp-image-394039\" title=\"\" srcset=\"https:\/\/loudavymkrokem.cz\/wp-content\/uploads\/2026\/08\/toskansko-clanky-toskanska-kuchyne-20.jpg 1800w, https:\/\/loudavymkrokem.cz\/wp-content\/uploads\/2026\/08\/toskansko-clanky-toskanska-kuchyne-20-300x199.jpg 300w, https:\/\/loudavymkrokem.cz\/wp-content\/uploads\/2026\/08\/toskansko-clanky-toskanska-kuchyne-20-700x463.jpg 700w, https:\/\/loudavymkrokem.cz\/wp-content\/uploads\/2026\/08\/toskansko-clanky-toskanska-kuchyne-20-768x508.jpg 768w, https:\/\/loudavymkrokem.cz\/wp-content\/uploads\/2026\/08\/toskansko-clanky-toskanska-kuchyne-20-1536x1016.jpg 1536w, https:\/\/loudavymkrokem.cz\/wp-content\/uploads\/2026\/08\/toskansko-clanky-toskanska-kuchyne-20-696x461.jpg 696w, https:\/\/loudavymkrokem.cz\/wp-content\/uploads\/2026\/08\/toskansko-clanky-toskanska-kuchyne-20-1392x921.jpg 1392w\" sizes=\"(max-width: 1800px) 100vw, 1800px\" \/><button\n\t\t\tclass=\"lightbox-trigger\"\n\t\t\ttype=\"button\"\n\t\t\taria-haspopup=\"dialog\"\n\t\t\tdata-wp-bind--aria-label=\"state.thisImage.triggerButtonAriaLabel\"\n\t\t\tdata-wp-init=\"callbacks.initTriggerButton\"\n\t\t\tdata-wp-on--click=\"actions.showLightbox\"\n\t\t\tdata-wp-style--right=\"state.thisImage.buttonRight\"\n\t\t\tdata-wp-style--top=\"state.thisImage.buttonTop\"\n\t\t>\n\t\t\t<svg xmlns=\"http:\/\/www.w3.org\/2000\/svg\" width=\"12\" height=\"12\" fill=\"none\" viewBox=\"0 0 12 12\">\n\t\t\t\t<path fill=\"#fff\" d=\"M2 0a2 2 0 0 0-2 2v2h1.5V2a.5.5 0 0 1 .5-.5h2V0H2Zm2 10.5H2a.5.5 0 0 1-.5-.5V8H0v2a2 2 0 0 0 2 2h2v-1.5ZM8 12v-1.5h2a.5.5 0 0 0 .5-.5V8H12v2a2 2 0 0 1-2 2H8Zm2-12a2 2 0 0 1 2 2v2h-1.5V2a.5.5 0 0 0-.5-.5H8V0h2Z\" \/>\n\t\t\t<\/svg>\n\t\t<\/button><\/figure>\n\n\n\n<!-- LKM_GYG_CARD start q=\"tuscany\" lang=\"sv\" rendered=\"2026-09-05T14:35:00+00:00\" v=\"1\" -->\n<style id=\"lk-gyg-styles\">\n@import url(\"https:\/\/fonts.googleapis.com\/css2?family=Playfair+Display:wght@700&family=DM+Sans:wght@300;400;500;600&display=swap\");\n\/* === LK GYG karty \u2014 CRO redesign 2026-05 (namespace .lkx-) ===\n   C\u00edl: vy\u0161\u0161\u00ed CTR (hero + v\u00fdrazn\u00fd social proof + ak\u010dn\u00ed CTA, m\u00e9n\u011b \"reklamn\u00ed\").\n   Injektuje se inline do prvn\u00edho markeru postu (refresh_cards.py --inline-css). *\/\n.lkx-module, .lkx-module *{box-sizing:border-box;margin:0;padding:0}\n.lkx-module{\n  font-family:'DM Sans',-apple-system,Segoe UI,Roboto,Georgia,sans-serif;\n  max-width:860px;margin:2.5rem auto;color:#1f2328;\n}\n\n\/* HEADER \u2014 lehk\u00fd editorsk\u00fd, \u017e\u00e1dn\u00fd bannerov\u00fd blok; nadpis + popisek pod n\u00edm *\/\n.lkx-head{margin-bottom:16px}\n.lkx-head-main{display:flex;align-items:center;gap:10px}\n.lkx-head-accent{width:26px;height:3px;border-radius:2px;background:#c39f76;flex-shrink:0}\n.lkx-head-title{font-family:'Playfair Display',Georgia,serif;font-size:21px;font-weight:700;color:#1a1a1a;line-height:1.25}\n.lkx-head-meta{display:block;font-size:11px;letter-spacing:.3px;color:#9aa0a6;margin-top:4px;margin-left:36px}\n\n\/* HERO *\/\n.lkx-hero{display:grid;grid-template-columns:300px 1fr;background:#fff;border:1px solid #ece7df;border-radius:14px;overflow:hidden;text-decoration:none!important;color:inherit;box-shadow:0 6px 20px rgba(0,0,0,.06);transition:box-shadow .2s,transform .2s;margin-bottom:14px}\n.lkx-hero:hover{box-shadow:0 12px 30px rgba(0,0,0,.12);transform:translateY(-2px)}\n.lkx-hero-img{position:relative;min-height:230px;background-size:cover;background-position:center;background-color:#eee}\n.lkx-hero-body{padding:22px 24px;display:flex;flex-direction:column}\n.lkx-pick{position:absolute;top:12px;left:12px;background:#1a1a1a;color:#fff;font-size:11px;font-weight:700;letter-spacing:.5px;padding:5px 11px;border-radius:20px}\n\n\/* TITLE *\/\n.lkx-title{font-size:19px;font-weight:700;color:#161616;line-height:1.3}\n.lkx-title-sm{font-size:14.5px;line-height:1.35;display:-webkit-box;-webkit-line-clamp:2;-webkit-box-orient:vertical;overflow:hidden}\n\n\/* SOCIAL PROOF \u2014 v\u00fdrazn\u011b, naho\u0159e *\/\n.lkx-proof{display:flex;align-items:center;gap:7px;margin-top:12px;font-size:15px;color:#3a3a3a}\n.lkx-proof b{font-size:16px;color:#161616}\n.lkx-stars{color:#f5a623;letter-spacing:1px}\n.lkx-proof-sm{font-size:12.5px;margin-top:8px;gap:5px}\n.lkx-proof-sm b{font-size:13px}\n.lkx-proof-new{color:#3685fc;font-weight:600}\n\n\/* PRICE \u2014 n\u00edzk\u00e1 kotva *\/\n.lkx-price{font-size:14px;color:#6b7280}\n.lkx-price b{font-size:20px;color:#161616;font-weight:700}\n.lkx-price-sm b{font-size:15px}\n\n\/* CTA \u2014 tepl\u00e9 ak\u010dn\u00ed tla\u010d\u00edtko *\/\n.lkx-cta{display:inline-flex;align-items:center;justify-content:center;text-decoration:none!important;font-weight:700;color:#fff!important;background:linear-gradient(135deg,#f6743f,#e8552a);border-radius:10px;box-shadow:0 6px 16px rgba(232,85,42,.32);transition:box-shadow .2s}\n.lkx-cta-hero{font-size:15px;padding:13px 22px}\n.lkx-hero:hover .lkx-cta-hero{box-shadow:0 8px 22px rgba(232,85,42,.45)}\n.lkx-cta-sm{font-size:12.5px;padding:9px 14px;width:100%;margin-top:2px}\n.lkx-hero-bottom{margin-top:auto;padding-top:18px;display:flex;align-items:center;justify-content:space-between;gap:14px;flex-wrap:wrap}\n\n\/* BADGE \u2014 jeden v\u00fdrazn\u00fd na fotce *\/\n.lkx-badge{position:absolute;top:12px;right:12px;font-size:10.5px;font-weight:700;letter-spacing:.3px;padding:5px 10px;border-radius:16px;color:#fff}\n.lkx-badge.badge-urgency{background:rgba(214,40,40,.92)}\n.lkx-badge.badge-new{background:rgba(54,133,252,.92)}\n.lkx-badge.badge-top{background:rgba(195,159,118,.95)}\n.lkx-badge.badge-info{background:rgba(40,40,40,.78)}\n\n\/* SECONDARY GRID *\/\n.lkx-grid{display:grid;grid-template-columns:1fr 1fr;gap:14px}\n.lkx-card{background:#fff;border:1px solid #ece7df;border-radius:14px;overflow:hidden;text-decoration:none!important;color:inherit;box-shadow:0 4px 14px rgba(0,0,0,.05);display:flex;flex-direction:column;transition:box-shadow .2s,transform .2s}\n.lkx-card:hover{box-shadow:0 10px 24px rgba(0,0,0,.1);transform:translateY(-2px)}\n.lkx-card-img{position:relative;aspect-ratio:16\/10;background-size:cover;background-position:center;background-color:#eee}\n.lkx-card-body{padding:14px 16px 16px;display:flex;flex-direction:column;gap:7px;flex:1}\n.lkx-card-bottom{margin-top:auto;padding-top:10px;display:flex;align-items:center;justify-content:space-between;gap:8px}\n\n\/* DISCLOSURE \u2014 drobn\u00e1, kv\u016fli d\u016fv\u011b\u0159e\/z\u00e1konu *\/\n.lkx-disclosure{font-size:11px;color:#a7adb3;text-align:center;margin-top:14px;line-height:1.6}\n.lkx-disclosure a{color:#c39f76;text-decoration:none}\n\n@media(max-width:680px){\n  .lkx-hero{grid-template-columns:1fr}\n  .lkx-hero-img{min-height:180px}\n  .lkx-grid{grid-template-columns:1fr}\n  .lkx-head-meta{margin-left:0;width:100%}\n  .lkx-head-title{font-size:19px}\n}\n\n<\/style>\n<div class=\"lkx-module\" data-query=\"tuscany\">\n  <div class=\"lkx-head\">\n    <div class=\"lkx-head-main\">\n      <span class=\"lkx-head-accent\"><\/span>\n      <span class=\"lkx-head-title\">Upplevelser &amp; biljetter<\/span>\n    <\/div>\n    <span class=\"lkx-head-meta\">betygsatt av resen\u00e4rer \u00b7 GetYourGuide<\/span>\n  <\/div><a class=\"lkx-hero\" href=\"https:\/\/www.getyourguide.com\/sv-se\/florens-l32\/florens-tur-till-chiantis-vingardar-med-vinprovning-t400983\/?partner_id=MKZ64IS&amp;utm_medium=online_publisher&amp;cmp=toscana-italien-mat\" target=\"_blank\" rel=\"sponsored noopener nofollow\">\n    <div class=\"lkx-hero-img\" style=\"background-image:url('https:\/\/cdn.getyourguide.com\/img\/tour\/c0b675d7a2b2be97132bdecc0cfa31c6399c53ff71a9d2e8d71091926234fb8f.jpg\/132.jpg')\" role=\"img\" aria-label=\"Florens: Tur till Chiantis ving\u00e5rdar med vinprovning\">\n      <span class=\"lkx-pick\">\u2605 V\u00e5rt val<\/span><\/div>\n    <div class=\"lkx-hero-body\">\n      <div class=\"lkx-title\">Florens: Tur till Chiantis ving\u00e5rdar med vinprovning<\/div>\n      <div class=\"lkx-proof\">\n      <span class=\"lkx-stars\">\u2605\u2605\u2605\u2605\u2605<\/span>\n      <b>4.5<\/b> \u00b7 11 429 omd\u00f6men\n    <\/div>\n      <div class=\"lkx-hero-bottom\"><div class=\"lkx-price\">fr\u00e5n <b>55\u00a0EUR<\/b><\/div><span class=\"lkx-cta lkx-cta-hero\">Det h\u00e4r vill jag uppleva \u2192<\/span>\n      <\/div>\n    <\/div>\n  <\/a><div class=\"lkx-grid\"><a class=\"lkx-card\" href=\"https:\/\/www.getyourguide.com\/sv-se\/florens-l32\/san-gimignano-vintur-med-helikopter-i-chianti-regionen-t175170\/?partner_id=MKZ64IS&amp;utm_medium=online_publisher&amp;cmp=toscana-italien-mat\" target=\"_blank\" rel=\"sponsored noopener nofollow\">\n      <div class=\"lkx-card-img\" style=\"background-image:url('https:\/\/cdn.getyourguide.com\/img\/tour\/5b602ffc83778.jpeg\/132.jpg')\" role=\"img\" aria-label=\"San Gimignano: Helikoptervinresa i Chianti-regionen\"><\/div>\n      <div class=\"lkx-card-body\">\n        <div class=\"lkx-title lkx-title-sm\">San Gimignano: Helikoptervinresa i Chianti-regionen<\/div>\n        <div class=\"lkx-proof lkx-proof-sm\">\n      <span class=\"lkx-stars\">\u2605<\/span>\n      <b>4.7<\/b> \u00b7 20\n    <\/div>\n        <div class=\"lkx-card-bottom\"><span class=\"lkx-price lkx-price-sm\">fr\u00e5n <b>260\u00a0EUR<\/b><\/span><span class=\"lkx-cta lkx-cta-sm\">Visa datum \u2192<\/span>\n        <\/div>\n      <\/div>\n    <\/a><a class=\"lkx-card\" href=\"https:\/\/www.getyourguide.com\/sv-se\/florens-l32\/florens-en-liten-grupp-vinprovningsupplevelse-i-liten-grupp-i-toscana-t92928\/?partner_id=MKZ64IS&amp;utm_medium=online_publisher&amp;cmp=toscana-italien-mat\" target=\"_blank\" rel=\"sponsored noopener nofollow\">\n      <div class=\"lkx-card-img\" style=\"background-image:url('https:\/\/cdn.getyourguide.com\/img\/tour\/4bf11684792c22c8.jpeg\/132.jpg')\" role=\"img\" aria-label=\"Fr\u00e5n Florens: Vinprovningstur i liten grupp till Toscana\"><\/div>\n      <div class=\"lkx-card-body\">\n        <div class=\"lkx-title lkx-title-sm\">Fr\u00e5n Florens: Vinprovningstur i liten grupp till Toscana<\/div>\n        <div class=\"lkx-proof lkx-proof-sm\">\n      <span class=\"lkx-stars\">\u2605<\/span>\n      <b>4.9<\/b> \u00b7 4 480\n    <\/div>\n        <div class=\"lkx-card-bottom\"><span class=\"lkx-price lkx-price-sm\">fr\u00e5n <b>89\u00a0EUR<\/b><\/span><span class=\"lkx-cta lkx-cta-sm\">Visa datum \u2192<\/span>\n        <\/div>\n      <\/div>\n    <\/a><\/div><div class=\"lkx-disclosure\">\ud83d\udd17 Affiliate-l\u00e4nkar \u2014 p\u00e5verkar inte ditt pris och hj\u00e4lper oss att skapa inneh\u00e5ll. \u00b7 <a href=\"https:\/\/www.getyourguide.com\/sv-se\/s\/?q=tuscany&amp;partner_id=MKZ64IS&amp;utm_medium=online_publisher\" target=\"_blank\" rel=\"sponsored noopener nofollow\">Alla upplevelser \u2192<\/a><\/div>\n<\/div>\n<!-- LKM_GYG_CARD end -->\n\n\n\n\n<div class=\"lk-stays-module\">\n<style>\n\/* \u2500\u2500\u2500 RESET PRO GUTENBERG \u2500\u2500\u2500 *\/\n.lk-stays-module * { box-sizing: border-box; margin: 0; padding: 0; }\n\n\/* \u2500\u2500\u2500 WRAPPER \u2500\u2500\u2500 *\/\n.lk-stays-module {\n  font-family: 'DM Sans', Georgia, sans-serif;\n  max-width: 100%;\n  margin: 2.5rem auto;\n  background: linear-gradient(135deg, #fdfaf5 0%, #fcf8f0 100%);\n  border: 1px solid #e8dfd4;\n  border-radius: 16px;\n  overflow: hidden;\n  box-shadow: 0 16px 48px rgba(195, 159, 118, 0.25), 0 4px 12px rgba(0,0,0,0.08);\n}\n\n\/* \u2500\u2500\u2500 HEADER \u2500\u2500\u2500 *\/\n.lk-stays-header {\n  position: relative;\n  padding: 24px 36px 24px;\n  background: linear-gradient(135deg, #c39f76 0%, #d4b188 60%, #c39f76 100%);\n  border-bottom: 1px solid rgba(255,255,255,.15);\n  display: flex;\n  align-items: center;\n  gap: 18px;\n}\n.lk-stays-header::before {\n  content: '';\n  position: absolute;\n  inset: 0;\n  background: url(\"data:image\/svg+xml,%3Csvg width='60' height='60' viewBox='0 0 60 60' xmlns='http:\/\/www.w3.org\/2000\/svg'%3E%3Cg fill='none' fill-rule='evenodd'%3E%3Cg fill='%23ffffff' fill-opacity='0.05'%3E%3Cpath d='M36 34v-4h-2v4h-4v2h4v4h2v-4h4v-2h-4zm0-30V0h-2v4h-4v2h4v4h2V6h4V4h-4zM6 34v-4H4v4H0v2h4v4h2v-4h4v-2H6zM6 4V0H4v4H0v2h4v4h2V6h4V4H6z'\/%3E%3C\/g%3E%3C\/g%3E%3C\/svg%3E\") repeat;\n  pointer-events: none;\n}\n.lk-stays-icon {\n  flex-shrink: 0;\n  width: 68px;\n  height: 68px;\n  border-radius: 14px;\n  background: linear-gradient(135deg, #fff 0%, #f9f6f0 100%);\n  display: flex;\n  align-items: center;\n  justify-content: center;\n  font-size: 26px;\n  box-shadow: 0 4px 12px rgba(0,0,0,0.15);\n}\n.lk-stays-eyebrow {\n  font-size: 10px;\n  font-weight: 500;\n  letter-spacing: 2.5px;\n  text-transform: uppercase;\n  color: rgba(255,255,255,.85);\n  margin: 0 0 5px 0;\n}\n.lk-stays-title {\n  font-family: 'Playfair Display', Georgia, serif;\n  font-size: 24px;\n  font-weight: 700;\n  color: #fff;\n  line-height: 1.2;\n  text-shadow: 0 1px 2px rgba(0,0,0,0.1);\n  margin: 0;\n}\n.lk-stays-subtitle {\n  font-size: 13px;\n  color: rgba(255,255,255,.75);\n  margin: 4px 0 0 0;\n  font-weight: 300;\n}\n\n\/* \u2500\u2500\u2500 CARDS GRID \u2500\u2500\u2500 *\/\n.lk-stays-grid {\n  display: grid;\n  grid-template-columns: 1fr 1fr;\n  gap: 1px;\n  background: rgba(195, 159, 118, 0.12);\n}\n\n\/* \u2500\u2500\u2500 SINGLE CARD \u2500\u2500\u2500 *\/\n.lk-stay-card {\n  background: #ffffff;\n  padding: 26px;\n  display: flex;\n  flex-direction: column;\n  gap: 11px;\n  transition: all 0.3s ease;\n  text-decoration: none;\n  color: inherit;\n  position: relative;\n}\n.lk-stay-card:hover {\n  background: #fffbf5;\n  transform: translateY(-2px);\n  box-shadow: 0 8px 24px rgba(195, 159, 118, 0.18);\n  z-index: 1;\n}\n.lk-stay-card.featured {\n  background: linear-gradient(135deg, #fffdf9 0%, #fff9f0 100%);\n  box-shadow: 0 4px 16px rgba(195, 159, 118, 0.15), inset 0 1px 0 rgba(195, 159, 118, 0.1);\n}\n.lk-stay-card.featured:hover {\n  background: linear-gradient(135deg, #fffbf5 0%, #fff8ed 100%);\n  box-shadow: 0 8px 24px rgba(195, 159, 118, 0.25), inset 0 1px 0 rgba(195, 159, 118, 0.15);\n}\n\n.lk-stay-badge {\n  display: inline-flex;\n  align-items: center;\n  gap: 5px;\n  font-size: 10px;\n  font-weight: 500;\n  letter-spacing: 1.5px;\n  text-transform: uppercase;\n  padding: 5px 11px;\n  border-radius: 20px;\n  width: fit-content;\n}\n.badge-top     { background: linear-gradient(135deg, #c39f76 0%, #d4b188 100%); color: #fff; border: 1px solid #c39f76; font-weight: 600; box-shadow: 0 2px 8px rgba(195,159,118,0.3); }\n.badge-luxury  { background: rgba(195,159,118,.12); color: #c39f76; border: 1px solid rgba(195,159,118,.25); }\n.badge-boutique{ background: rgba(54,133,252,.08); color: #3685fc; border: 1px solid rgba(54,133,252,.2); }\n.badge-nature  { background: rgba(130,190,100,.1); color: #6b9c4a; border: 1px solid rgba(130,190,100,.2); }\n.badge-remote  { background: rgba(195,159,118,.12); color: #a67e50; border: 1px solid rgba(195,159,118,.25); }\n\n.lk-stay-name {\n  font-family: 'Playfair Display', Georgia, serif;\n  font-size: 18px;\n  font-weight: 700;\n  color: #111827;\n  line-height: 1.3;\n}\n.lk-stay-desc {\n  font-size: 13.5px;\n  color: #525252;\n  line-height: 1.65;\n  font-weight: 300;\n  flex: 1;\n}\n\n.lk-stay-meta {\n  display: flex;\n  align-items: center;\n  gap: 12px;\n  flex-wrap: wrap;\n  margin-top: 4px;\n}\n.lk-stay-price {\n  font-size: 13px;\n  color: #6b7280;\n}\n.lk-stay-price strong {\n  color: #c39f76;\n  font-weight: 500;\n}\n.lk-stay-stars {\n  color: #c39f76;\n  font-size: 11px;\n  letter-spacing: 1px;\n}\n\n\/* \u2500\u2500\u2500 CTA BUTTON \u2500\u2500\u2500 *\/\n.lk-stay-cta {\n  display: inline-flex;\n  align-items: center;\n  justify-content: center;\n  gap: 7px;\n  margin-top: 8px;\n  padding: 11px 20px;\n  border-radius: 8px;\n  background: linear-gradient(135deg, #3685fc 0%, #2a6fd9 100%);\n  color: #fff;\n  font-size: 13px;\n  font-weight: 500;\n  text-decoration: none;\n  letter-spacing: .3px;\n  transition: all .2s ease;\n  cursor: pointer;\n  border: none;\n  text-align: center;\n  box-shadow: 0 4px 12px rgba(54, 133, 252, 0.25);\n}\n.lk-stay-cta:hover {\n  background: linear-gradient(135deg, #2a6fd9 0%, #1e5bc4 100%);\n  transform: translateY(-1px);\n  box-shadow: 0 6px 16px rgba(54, 133, 252, 0.35);\n}\n.lk-stay-cta svg { flex-shrink: 0; }\n\n\/* \u2500\u2500\u2500 FOOTER \u2500\u2500\u2500 *\/\n.lk-stays-footer {\n  padding: 18px 36px;\n  background: linear-gradient(to bottom, #fdfaf5 0%, #f9f4ed 100%);\n  border-top: 1px solid rgba(195, 159, 118, 0.15);\n  display: flex;\n  align-items: center;\n  justify-content: space-between;\n  flex-wrap: wrap;\n  gap: 12px;\n}\n.lk-stays-footer-note {\n  font-size: 11.5px;\n  color: #6b7280;\n  font-weight: 300;\n  line-height: 1.5;\n}\n.lk-stays-footer-note a {\n  color: #c39f76;\n  text-decoration: none;\n  font-weight: 400;\n}\n.lk-stays-footer-note a:hover {\n  text-decoration: underline;\n}\n.lk-stays-all-btn {\n  display: inline-flex;\n  align-items: center;\n  gap: 6px;\n  font-size: 12.5px;\n  font-weight: 500;\n  color: #c39f76;\n  text-decoration: none;\n  border: 1px solid rgba(195, 159, 118, 0.35);\n  padding: 8px 18px;\n  border-radius: 8px;\n  transition: all .2s ease;\n}\n.lk-stays-all-btn:hover {\n  background: rgba(195, 159, 118, 0.08);\n  border-color: rgba(195, 159, 118, 0.5);\n}\n\n\/* \u2500\u2500\u2500 RESPONSIVE \u2500\u2500\u2500 *\/\n@media (max-width: 600px) {\n  .lk-stays-grid { grid-template-columns: 1fr; }\n  .lk-stays-header { padding: 24px 20px; }\n  .lk-stays-footer { padding: 16px 20px; }\n  .lk-stay-card { padding: 22px; }\n  .lk-stays-title { font-size: 20px; }\n}\n<\/style>\n\n  <!-- HEADER -->\n  <div class=\"lk-stays-header\">\n    <img decoding=\"async\" src=\"https:\/\/loudavymkrokem.cz\/wp-content\/uploads\/2026\/02\/lukas-a-lucka.jpg\" alt=\"\" style=\"width: 75px; height: 75px; border-radius: 8px; flex-shrink: 0; object-fit: cover; display: block; margin: 4px 0;\" title=\"\">\n    <div class=\"lk-stays-header-text\">\n      <div class=\"lk-stays-eyebrow\">Luk\u00e1\u0161 och Lucie rekommenderar<\/div>\n      <div class=\"lk-stays-title\">Var man kan bo i Toscana<\/div>\n      <div class=\"lk-stays-subtitle\">4 boenden \u2014 wellnesshotell, resorter och andra boendem\u00f6jligheter<\/div>\n    <\/div>\n  <\/div>\n\n  <!-- CARDS -->\n  <div class=\"lk-stays-grid\">\n\n    <a class=\"lk-stay-card featured\" href=\"https:\/\/www.stay22.com\/allez\/roam?aid=lukaskonecny&#038;campaign=loudavymkrokemcz&#038;campaign=sv&#038;campaign=toskanska-kuchyne&#038;hotelname=Fattoria%20Poggio%20Alloro&#038;address=San%20Gimignano,%20Italy\" target=\"_blank\" rel=\"nofollow noopener\">\n      <span class=\"lk-stay-badge badge-top\">\u2b50 TOPPVAL<\/span>\n      <span class=\"lk-stay-badge badge-nature\">\ud83c\udf32 Agriturismo<\/span>\n      <div class=\"lk-stay-name\">Fattoria Poggio Alloro<\/div>\n      <div class=\"lk-stay-desc\">Familje\u00e4gd g\u00e5rd med utsikt \u00f6ver San Gimignano. De odlar egen saffran, g\u00f6r Vernaccia och har egen restaurang.<\/div>\n      <div class=\"lk-stay-meta\">\n        <span class=\"lk-stay-stars\">\u2605\u2605\u2605\u2605<\/span>\n        <span class=\"lk-stay-price\">Kontrollera priser<\/span>\n      <\/div>\n      <span class=\"lk-stay-cta\">\n        <svg width=\"14\" height=\"14\" viewBox=\"0 0 24 24\" fill=\"none\" stroke=\"currentColor\" stroke-width=\"2\"><path d=\"M18 13v6a2 2 0 0 1-2 2H5a2 2 0 0 1-2-2V8a2 2 0 0 1 2-2h6\"\/><polyline points=\"15 3 21 3 21 9\"\/><line x1=\"10\" y1=\"14\" x2=\"21\" y2=\"3\"\/><\/svg>\n        Kontrollera tillg\u00e4nglighet\n      <\/span>\n    <\/a>\n\n    <a class=\"lk-stay-card\" href=\"https:\/\/www.stay22.com\/allez\/roam?aid=lukaskonecny&#038;campaign=loudavymkrokemcz&#038;campaign=sv&#038;campaign=toskanska-kuchyne&#038;hotelname=Agriturismo%20Il%20Rigo&#038;address=San%20Quirico%20d&#039;Orcia,%20Italy\" target=\"_blank\" rel=\"nofollow noopener\">\n      <span class=\"lk-stay-badge badge-nature\">\ud83c\udf32 Agriturismo<\/span>\n      <div class=\"lk-stay-name\">Agriturismo Il Rigo<\/div>\n      <div class=\"lk-stay-desc\">F\u00f6rtrollande plats i dalen Val d&#8217;Orcia, k\u00e4nd f\u00f6r sina kulinariska f\u00e4rdigheter. Egna kakor och traditionella soppor till middag.<\/div>\n      <div class=\"lk-stay-meta\">\n        <span class=\"lk-stay-stars\">\u2605\u2605\u2605\u2605<\/span>\n        <span class=\"lk-stay-price\">Kontrollera priser<\/span>\n      <\/div>\n      <span class=\"lk-stay-cta\">\n        <svg width=\"14\" height=\"14\" viewBox=\"0 0 24 24\" fill=\"none\" stroke=\"currentColor\" stroke-width=\"2\"><path d=\"M18 13v6a2 2 0 0 1-2 2H5a2 2 0 0 1-2-2V8a2 2 0 0 1 2-2h6\"\/><polyline points=\"15 3 21 3 21 9\"\/><line x1=\"10\" y1=\"14\" x2=\"21\" y2=\"3\"\/><\/svg>\n        Kontrollera tillg\u00e4nglighet\n      <\/span>\n    <\/a>\n\n    <a class=\"lk-stay-card\" href=\"https:\/\/www.stay22.com\/allez\/roam?aid=lukaskonecny&#038;campaign=loudavymkrokemcz&#038;campaign=sv&#038;campaign=toskanska-kuchyne&#038;hotelname=Borgo%20Santo%20Pietro&#038;address=Palazzetto,%20Chiusdino,%20It%C3%A1lie\" target=\"_blank\" rel=\"nofollow noopener\">\n      <span class=\"lk-stay-badge badge-nature\">\u2b50 Luxury<\/span>\n      <div class=\"lk-stay-name\">Borgo Santo Pietro<\/div>\n      <div class=\"lk-stay-desc\">Boutiqueg\u00e5rd n\u00e4ra Chiusdina med omfattande \u00f6rtag\u00e5rdar och egen gastronomi p\u00e5 h\u00f6g niv\u00e5.<\/div>\n      <div class=\"lk-stay-meta\">\n        <span class=\"lk-stay-stars\">\u2605\u2605\u2605\u2605\u2606<\/span>\n        <span class=\"lk-stay-price\">Kontrollera priser<\/span>\n      <\/div>\n      <span class=\"lk-stay-cta\">\n        <svg width=\"14\" height=\"14\" viewBox=\"0 0 24 24\" fill=\"none\" stroke=\"currentColor\" stroke-width=\"2\"><path d=\"M18 13v6a2 2 0 0 1-2 2H5a2 2 0 0 1-2-2V8a2 2 0 0 1 2-2h6\"\/><polyline points=\"15 3 21 3 21 9\"\/><line x1=\"10\" y1=\"14\" x2=\"21\" y2=\"3\"\/><\/svg>\n        Kontrollera tillg\u00e4nglighet\n      <\/span>\n    <\/a>\n\n    <a class=\"lk-stay-card\" href=\"https:\/\/www.stay22.com\/allez\/roam?aid=lukaskonecny&#038;campaign=loudavymkrokemcz&#038;campaign=sv&#038;campaign=toskanskakuchyne&#038;address=tosk\u00e1nsko\" target=\"_blank\" rel=\"nofollow noopener\">\n      <span class=\"lk-stay-badge badge-nature\">\ud83d\udd0d S\u00f6k<\/span>\n      <div class=\"lk-stay-name\">Visa alla boenden i Toscana<\/div>\n      <div class=\"lk-stay-desc\">Utforska alla tillg\u00e4ngliga boendem\u00f6jligheter i Toscana och hitta det b\u00e4sta enligt dina preferenser och budget.<\/div>\n      <div class=\"lk-stay-meta\">\n        <span class=\"lk-stay-stars\">\u2605\u2605\u2605\u2605<\/span>\n        <span class=\"lk-stay-price\">J\u00e4mf\u00f6r priser<\/span>\n      <\/div>\n      <span class=\"lk-stay-cta\">\n        <svg width=\"14\" height=\"14\" viewBox=\"0 0 24 24\" fill=\"none\" stroke=\"currentColor\" stroke-width=\"2\"><path d=\"M18 13v6a2 2 0 0 1-2 2H5a2 2 0 0 1-2-2V8a2 2 0 0 1 2-2h6\"\/><polyline points=\"15 3 21 3 21 9\"\/><line x1=\"10\" y1=\"14\" x2=\"21\" y2=\"3\"\/><\/svg>\n        Kontrollera tillg\u00e4nglighet\n      <\/span>\n    <\/a>\n\n  <\/div>\n\n  \n<\/div>\n\n\n\n\n<h3 class=\"wp-block-heading\"><span class=\"ez-toc-section\" id=\"16_Lampredotto_och_trippa\"><\/span>16. Lampredotto och trippa<span class=\"ez-toc-section-end\"><\/span><\/h3>\n\n\n\n<p class=\"wp-block-paragraph\">Om du beger dig till de livliga florentinska marknaderna st\u00f6ter du garanterat p\u00e5 sm\u00e5 st\u00e5nd med l\u00e5nga k\u00f6er av lokalbor, som erbjuder typisk gatumat av in\u00e4lvor. <strong>Lampredotto \u00e4r en speciell sorts n\u00f6tf\u00f6rd\u00e4g fr\u00e5n den fj\u00e4rde magen<\/strong>, som f\u00e5r koka l\u00e5ngsamt i timmar i en kryddad gr\u00f6nsaksbuljong. Den serveras finhackad i en knaprig fralla som f\u00f6rst doppas l\u00e4tt i den heta buljongen, och allt h\u00e4lls rikligt \u00f6ver med en pikant gr\u00f6n \u00f6rts\u00e5s, salsa verde.<\/p>\n\n\n\n<p class=\"wp-block-paragraph\">Lika popul\u00e4r \u00e4r <strong>trippa alla fiorentina, som \u00e4r klassisk ljus komage br\u00e4serad i en tjock tomats\u00e5s med massor av parmesan<\/strong>. Dessa mycket specifika r\u00e4tter uppstod historiskt som typisk kost f\u00f6r fattiga arbetare, som inte hade r\u00e5d med dyra styckdelar och fick ta tillvara p\u00e5 \u00e4ven de billigaste resterna fr\u00e5n slakteriet.<\/p>\n\n\n\n<p class=\"wp-block-paragraph\">Idag handlar det om en otroligt billig historia, <strong>en fralla med lampredotto<\/strong> landar p\u00e5 <strong>ungef\u00e4r fem euro<\/strong> och m\u00e4ttar dig tillf\u00f6rlitligt en halv dag. Det \u00e4r en absolut kult och en symbol f\u00f6r de florentinska arbetarna, \u00e4ven om det f\u00f6r turister ibland inneb\u00e4r en liten visuell utmaning.<\/p>\n\n\n\n<p class=\"wp-block-paragraph\">\ud83d\udca1 <strong>TIPS:<\/strong> Den b\u00e4sta lampredotton hittar du kring den ber\u00f6mda marknaden <a href=\"https:\/\/www.mercatocentrale.com\/florence\/\" target=\"_blank\" rel=\"nofollow noopener\">Mercato Centrale<\/a>. Leta efter sm\u00e5 vita sk\u00e5pbilar (trippai) parkerade p\u00e5 torgen, kring vilka klungor av italienare st\u00e5r med en fralla i handen.<\/p>\n\n\n\n<figure data-wp-context=\"{&quot;imageId&quot;:&quot;6a9c3a746c1fb&quot;}\" data-wp-interactive=\"core\/image\" data-wp-key=\"6a9c3a746c1fb\" class=\"wp-block-image size-full wp-lightbox-container\"><img decoding=\"async\" width=\"1800\" height=\"1172\" data-wp-class--hide=\"state.isContentHidden\" data-wp-class--show=\"state.isContentVisible\" data-wp-init=\"callbacks.setButtonStyles\" data-wp-on--click=\"actions.showLightbox\" data-wp-on--load=\"callbacks.setButtonStyles\" data-wp-on--pointerdown=\"actions.preloadImage\" data-wp-on--pointerenter=\"actions.preloadImageWithDelay\" data-wp-on--pointerleave=\"actions.cancelPreload\" data-wp-on-window--resize=\"callbacks.setButtonStyles\" src=\"https:\/\/loudavymkrokem.cz\/wp-content\/uploads\/2026\/08\/toskansko-clanky-toskanska-kuchyne-21.jpg\" alt=\"Cantucci, mandelkakor\" class=\"wp-image-394040\" title=\"\" srcset=\"https:\/\/loudavymkrokem.cz\/wp-content\/uploads\/2026\/08\/toskansko-clanky-toskanska-kuchyne-21.jpg 1800w, https:\/\/loudavymkrokem.cz\/wp-content\/uploads\/2026\/08\/toskansko-clanky-toskanska-kuchyne-21-300x195.jpg 300w, https:\/\/loudavymkrokem.cz\/wp-content\/uploads\/2026\/08\/toskansko-clanky-toskanska-kuchyne-21-700x456.jpg 700w, https:\/\/loudavymkrokem.cz\/wp-content\/uploads\/2026\/08\/toskansko-clanky-toskanska-kuchyne-21-768x500.jpg 768w, https:\/\/loudavymkrokem.cz\/wp-content\/uploads\/2026\/08\/toskansko-clanky-toskanska-kuchyne-21-1536x1000.jpg 1536w, https:\/\/loudavymkrokem.cz\/wp-content\/uploads\/2026\/08\/toskansko-clanky-toskanska-kuchyne-21-696x453.jpg 696w, https:\/\/loudavymkrokem.cz\/wp-content\/uploads\/2026\/08\/toskansko-clanky-toskanska-kuchyne-21-1392x906.jpg 1392w\" sizes=\"(max-width: 1800px) 100vw, 1800px\" \/><button\n\t\t\tclass=\"lightbox-trigger\"\n\t\t\ttype=\"button\"\n\t\t\taria-haspopup=\"dialog\"\n\t\t\tdata-wp-bind--aria-label=\"state.thisImage.triggerButtonAriaLabel\"\n\t\t\tdata-wp-init=\"callbacks.initTriggerButton\"\n\t\t\tdata-wp-on--click=\"actions.showLightbox\"\n\t\t\tdata-wp-style--right=\"state.thisImage.buttonRight\"\n\t\t\tdata-wp-style--top=\"state.thisImage.buttonTop\"\n\t\t>\n\t\t\t<svg xmlns=\"http:\/\/www.w3.org\/2000\/svg\" width=\"12\" height=\"12\" fill=\"none\" viewBox=\"0 0 12 12\">\n\t\t\t\t<path fill=\"#fff\" d=\"M2 0a2 2 0 0 0-2 2v2h1.5V2a.5.5 0 0 1 .5-.5h2V0H2Zm2 10.5H2a.5.5 0 0 1-.5-.5V8H0v2a2 2 0 0 0 2 2h2v-1.5ZM8 12v-1.5h2a.5.5 0 0 0 .5-.5V8H12v2a2 2 0 0 1-2 2H8Zm2-12a2 2 0 0 1 2 2v2h-1.5V2a.5.5 0 0 0-.5-.5H8V0h2Z\" \/>\n\t\t\t<\/svg>\n\t\t<\/button><figcaption class=\"wp-element-caption\">Matteo Bertini \/ Wikimedia Commons, CC BY-SA 2.0<\/figcaption><\/figure>\n\n\n\n<h3 class=\"wp-block-heading\"><span class=\"ez-toc-section\" id=\"17_Cantucci\"><\/span>17. Cantucci<span class=\"ez-toc-section-end\"><\/span><\/h3>\n\n\n\n<p class=\"wp-block-paragraph\">En s\u00f6t, knaprig och helt perfekt avslutning p\u00e5 varje toskansk lunch eller middag \u00e4r utan tvekan cantucci, \u00e4ven k\u00e4nda som cantuccini. <strong>Dessa h\u00e5rda rustika mandelkakor i form av sm\u00e5 m\u00e5nar gr\u00e4ddas i tv\u00e5 omg\u00e5ngar<\/strong>, vilket ger dem deras karakteristiska extrema knaprighet och mycket l\u00e5nga h\u00e5llbarhet. I sig sj\u00e4lva \u00e4r de s\u00e5 h\u00e5rda och torra att du f\u00f6rmodligen skulle bryta t\u00e4nderna p\u00e5 dem utan hj\u00e4lp.<\/p>\n\n\n\n<p class=\"wp-block-paragraph\">Hela tricket ligger i att <strong>de p\u00e5 restaurangerna serveras uteslutande tillsammans med ett glas s\u00f6tt b\u00e4rnstensf\u00e4rgat dessertvin, Vin Santo<\/strong>. Kakorna doppas kort direkt i vinet f\u00f6re varje tugga, vilket mjukar upp dem fint och ger dem en underbar honungssmak med en l\u00e4tt ton av russin. En portion av denna efterr\u00e4tt landar vanligtvis p\u00e5 sex till nio euro.<\/p>\n\n\n\n<p class=\"wp-block-paragraph\">Det \u00e4r en otroligt social ritual, d\u00e4r man sitter l\u00e4nge in p\u00e5 natten och pratar. <strong>F\u00f6r oss vegetarianer \u00e4r det ett helt s\u00e4kert val<\/strong>, f\u00f6r kakorna bakas bara av mj\u00f6l, \u00e4gg, socker och en h\u00f6g med oskalade mandlar.<\/p>\n\n\n\n<p class=\"wp-block-paragraph\">\ud83d\udca1 <strong>TIPS:<\/strong> Cantucci \u00e4r en helt idealisk present fr\u00e5n resan. Du k\u00f6per dem i varje bageri, vackert inslagna i genomskinlig cellofan med ett band, och hemma i skafferiet h\u00e5ller de sig utan problem i flera m\u00e5nader.<\/p>\n\n\n\n<figure data-wp-context=\"{&quot;imageId&quot;:&quot;6a9c3a746c65f&quot;}\" data-wp-interactive=\"core\/image\" data-wp-key=\"6a9c3a746c65f\" class=\"wp-block-image size-full wp-lightbox-container\"><img decoding=\"async\" width=\"1800\" height=\"1350\" data-wp-class--hide=\"state.isContentHidden\" data-wp-class--show=\"state.isContentVisible\" data-wp-init=\"callbacks.setButtonStyles\" data-wp-on--click=\"actions.showLightbox\" data-wp-on--load=\"callbacks.setButtonStyles\" data-wp-on--pointerdown=\"actions.preloadImage\" data-wp-on--pointerenter=\"actions.preloadImageWithDelay\" data-wp-on--pointerleave=\"actions.cancelPreload\" data-wp-on-window--resize=\"callbacks.setButtonStyles\" src=\"https:\/\/loudavymkrokem.cz\/wp-content\/uploads\/2026\/08\/toskansko-clanky-toskanska-kuchyne-22.jpg\" alt=\"Panforte di Siena\" class=\"wp-image-394041\" title=\"\" srcset=\"https:\/\/loudavymkrokem.cz\/wp-content\/uploads\/2026\/08\/toskansko-clanky-toskanska-kuchyne-22.jpg 1800w, https:\/\/loudavymkrokem.cz\/wp-content\/uploads\/2026\/08\/toskansko-clanky-toskanska-kuchyne-22-300x225.jpg 300w, https:\/\/loudavymkrokem.cz\/wp-content\/uploads\/2026\/08\/toskansko-clanky-toskanska-kuchyne-22-700x525.jpg 700w, https:\/\/loudavymkrokem.cz\/wp-content\/uploads\/2026\/08\/toskansko-clanky-toskanska-kuchyne-22-768x576.jpg 768w, https:\/\/loudavymkrokem.cz\/wp-content\/uploads\/2026\/08\/toskansko-clanky-toskanska-kuchyne-22-1536x1152.jpg 1536w, https:\/\/loudavymkrokem.cz\/wp-content\/uploads\/2026\/08\/toskansko-clanky-toskanska-kuchyne-22-80x60.jpg 80w, https:\/\/loudavymkrokem.cz\/wp-content\/uploads\/2026\/08\/toskansko-clanky-toskanska-kuchyne-22-160x120.jpg 160w, https:\/\/loudavymkrokem.cz\/wp-content\/uploads\/2026\/08\/toskansko-clanky-toskanska-kuchyne-22-696x522.jpg 696w, https:\/\/loudavymkrokem.cz\/wp-content\/uploads\/2026\/08\/toskansko-clanky-toskanska-kuchyne-22-1392x1044.jpg 1392w\" sizes=\"(max-width: 1800px) 100vw, 1800px\" \/><button\n\t\t\tclass=\"lightbox-trigger\"\n\t\t\ttype=\"button\"\n\t\t\taria-haspopup=\"dialog\"\n\t\t\tdata-wp-bind--aria-label=\"state.thisImage.triggerButtonAriaLabel\"\n\t\t\tdata-wp-init=\"callbacks.initTriggerButton\"\n\t\t\tdata-wp-on--click=\"actions.showLightbox\"\n\t\t\tdata-wp-style--right=\"state.thisImage.buttonRight\"\n\t\t\tdata-wp-style--top=\"state.thisImage.buttonTop\"\n\t\t>\n\t\t\t<svg xmlns=\"http:\/\/www.w3.org\/2000\/svg\" width=\"12\" height=\"12\" fill=\"none\" viewBox=\"0 0 12 12\">\n\t\t\t\t<path fill=\"#fff\" d=\"M2 0a2 2 0 0 0-2 2v2h1.5V2a.5.5 0 0 1 .5-.5h2V0H2Zm2 10.5H2a.5.5 0 0 1-.5-.5V8H0v2a2 2 0 0 0 2 2h2v-1.5ZM8 12v-1.5h2a.5.5 0 0 0 .5-.5V8H12v2a2 2 0 0 1-2 2H8Zm2-12a2 2 0 0 1 2 2v2h-1.5V2a.5.5 0 0 0-.5-.5H8V0h2Z\" \/>\n\t\t\t<\/svg>\n\t\t<\/button><figcaption class=\"wp-element-caption\">Ellen  Forsyth \/ Wikimedia Commons, CC BY-SA 2.0<\/figcaption><\/figure>\n\n\n\n<h3 class=\"wp-block-heading\"><span class=\"ez-toc-section\" id=\"18_Panforte_di_Siena\"><\/span>18. Panforte di Siena<span class=\"ez-toc-section-end\"><\/span><\/h3>\n\n\n\n<p class=\"wp-block-paragraph\">Den underbara medeltida staden Siena, som vi beskriver i detalj i artikeln <a href=\"https:\/\/loudavymkrokem.cz\/sv\/toscana-italien-medeltid\/\">Siena och San Gimignano: 8 tips p\u00e5 vad du b\u00f6r se<\/a>, \u00e4r hemvist f\u00f6r en av de allra \u00e4ldsta italienska efterr\u00e4tterna. <strong>Panforte di Siena IGP \u00e4r en t\u00e4t, l\u00e5g och kraftigt kryddad kaka full av grovhackade mandlar, s\u00f6ta kanderade frukter, honung och en ov\u00e4ntad nypa svartpeppar<\/strong>. Dess exakta recept finns dokumenterat i historiska k\u00e4llor \u00e4nda sedan 1200-talet.<\/p>\n\n\n\n<p class=\"wp-block-paragraph\">F\u00f6rr handlade det om en oerh\u00f6rt <strong>lyxig vara<\/strong> avsedd snarare f\u00f6r adeln och pr\u00e4sterskapet, eftersom bara de rikaste stadsborna hade r\u00e5d med exotiska kryddor och socker. Och om du beger dig till Pienza i december kanske du st\u00f6ter p\u00e5 <strong>Il gioco del Panforte<\/strong>, en lokal turnering d\u00e4r t\u00e4vlande lag kastar en hel kaka l\u00e4ngs ett tr\u00e4bord och f\u00f6rs\u00f6ker f\u00e5 den att landa s\u00e5 l\u00e5ngt bort som m\u00f6jligt utan att falla i golvet. Ja, p\u00e5 riktigt.<\/p>\n\n\n\n<p class=\"wp-block-paragraph\">Panforte \u00e4r <strong>extremt m\u00e4ttande och s\u00f6t<\/strong>, s\u00e5 den sk\u00e4rs bara i mycket tunna skivor till kaffet. Ett litet paket i Sienas bagerier f\u00e5r du f\u00f6r ungef\u00e4r <strong>tio till femton euro<\/strong> beroende p\u00e5 n\u00f6tinneh\u00e5llet.<\/p>\n\n\n\n<p class=\"wp-block-paragraph\">\ud83d\udca1 <strong>TIPS:<\/strong> Det finns \u00e4ven en finare version som kallas Panforte Margherita, som uppstod p\u00e5 1800-talet till drottning Margheritas \u00e4ra och \u00e4r gener\u00f6st bestr\u00f6dd med ett tjockt lager florsocker.<\/p>\n\n\n\n<figure data-wp-context=\"{&quot;imageId&quot;:&quot;6a9c3a746cba7&quot;}\" data-wp-interactive=\"core\/image\" data-wp-key=\"6a9c3a746cba7\" class=\"wp-block-image size-full wp-lightbox-container\"><img decoding=\"async\" width=\"1800\" height=\"1200\" data-wp-class--hide=\"state.isContentHidden\" data-wp-class--show=\"state.isContentVisible\" data-wp-init=\"callbacks.setButtonStyles\" data-wp-on--click=\"actions.showLightbox\" data-wp-on--load=\"callbacks.setButtonStyles\" data-wp-on--pointerdown=\"actions.preloadImage\" data-wp-on--pointerenter=\"actions.preloadImageWithDelay\" data-wp-on--pointerleave=\"actions.cancelPreload\" data-wp-on-window--resize=\"callbacks.setButtonStyles\" src=\"https:\/\/loudavymkrokem.cz\/wp-content\/uploads\/2026\/08\/toskansko-clanky-toskanska-kuchyne-23.jpg\" alt=\"Ricciarelli fr\u00e5n Siena\" class=\"wp-image-394042\" title=\"\" srcset=\"https:\/\/loudavymkrokem.cz\/wp-content\/uploads\/2026\/08\/toskansko-clanky-toskanska-kuchyne-23.jpg 1800w, https:\/\/loudavymkrokem.cz\/wp-content\/uploads\/2026\/08\/toskansko-clanky-toskanska-kuchyne-23-300x200.jpg 300w, https:\/\/loudavymkrokem.cz\/wp-content\/uploads\/2026\/08\/toskansko-clanky-toskanska-kuchyne-23-700x467.jpg 700w, https:\/\/loudavymkrokem.cz\/wp-content\/uploads\/2026\/08\/toskansko-clanky-toskanska-kuchyne-23-768x512.jpg 768w, https:\/\/loudavymkrokem.cz\/wp-content\/uploads\/2026\/08\/toskansko-clanky-toskanska-kuchyne-23-1536x1024.jpg 1536w, https:\/\/loudavymkrokem.cz\/wp-content\/uploads\/2026\/08\/toskansko-clanky-toskanska-kuchyne-23-696x464.jpg 696w, https:\/\/loudavymkrokem.cz\/wp-content\/uploads\/2026\/08\/toskansko-clanky-toskanska-kuchyne-23-1392x928.jpg 1392w\" sizes=\"(max-width: 1800px) 100vw, 1800px\" \/><button\n\t\t\tclass=\"lightbox-trigger\"\n\t\t\ttype=\"button\"\n\t\t\taria-haspopup=\"dialog\"\n\t\t\tdata-wp-bind--aria-label=\"state.thisImage.triggerButtonAriaLabel\"\n\t\t\tdata-wp-init=\"callbacks.initTriggerButton\"\n\t\t\tdata-wp-on--click=\"actions.showLightbox\"\n\t\t\tdata-wp-style--right=\"state.thisImage.buttonRight\"\n\t\t\tdata-wp-style--top=\"state.thisImage.buttonTop\"\n\t\t>\n\t\t\t<svg xmlns=\"http:\/\/www.w3.org\/2000\/svg\" width=\"12\" height=\"12\" fill=\"none\" viewBox=\"0 0 12 12\">\n\t\t\t\t<path fill=\"#fff\" d=\"M2 0a2 2 0 0 0-2 2v2h1.5V2a.5.5 0 0 1 .5-.5h2V0H2Zm2 10.5H2a.5.5 0 0 1-.5-.5V8H0v2a2 2 0 0 0 2 2h2v-1.5ZM8 12v-1.5h2a.5.5 0 0 0 .5-.5V8H12v2a2 2 0 0 1-2 2H8Zm2-12a2 2 0 0 1 2 2v2h-1.5V2a.5.5 0 0 0-.5-.5H8V0h2Z\" \/>\n\t\t\t<\/svg>\n\t\t<\/button><figcaption class=\"wp-element-caption\">Ricciarelli_from_Siena.jpg: Shaw from Shanghai %u4E0A%u6D77, \/ Wikimedia Commons, CC BY-SA 2.0<\/figcaption><\/figure>\n\n\n\n<h3 class=\"wp-block-heading\"><span class=\"ez-toc-section\" id=\"19_Ricciarelli\"><\/span>19. Ricciarelli<span class=\"ez-toc-section-end\"><\/span><\/h3>\n\n\n\n<p class=\"wp-block-paragraph\">En annan ber\u00f6md s\u00f6tsak som kommer direkt fr\u00e5n Sienas gr\u00e4nder \u00e4r ricciarelli, som utg\u00f6r den perfekta motsatsen till de h\u00e5rda mandel-cantucci p\u00e5 bordet. <strong>Det handlar om fantastiskt mjuka mandelkakor med en vackert spr\u00f6d yta i oval eller romboidal form<\/strong>, som sm\u00e4lter direkt p\u00e5 tungan och \u00e4r verkligen rikligt bestr\u00f6dda med fint florsocker.<\/p>\n\n\n\n<p class=\"wp-block-paragraph\">En intressant legend s\u00e4ger att <strong>inspirationen till deras tillverkning kom till Siena \u00e4nda fr\u00e5n fj\u00e4rran Mellan\u00f6stern under medeltidens korst\u00e5g<\/strong>. Riddarna tog d\u00e5 med sig recept p\u00e5 ok\u00e4nda fina orientaliska s\u00f6tsaker av mandelpasta, och de lokala bagarna omformade dem s\u00e5 sm\u00e5ningom till dagens form. De tillverkas huvudsakligen av mandelmj\u00f6l, socker och \u00e4ggvita, s\u00e5 de \u00e4r dessutom naturligt glutenfria.<\/p>\n\n\n\n<p class=\"wp-block-paragraph\">Idag \u00e4r de en absolut n\u00f6dv\u00e4ndighet p\u00e5 varje toskanskt julbord, men i Sienas konditorier (pasticcerie) kan du njuta av dem f\u00e4rska \u00e5ret runt. <strong>Priset ligger vanligtvis runt tv\u00e5 euro per styck<\/strong> och de passar utm\u00e4rkt till en eftermiddagsespresso.<\/p>\n\n\n\n<p class=\"wp-block-paragraph\">\ud83d\udca1 <strong>TIPS:<\/strong> F\u00e4rska ricciarelli b\u00f6r vara l\u00e4tt tuggiga och fuktiga inuti, aldrig helt uttorkade. K\u00f6p d\u00e4rf\u00f6r inte de i l\u00e5dor fr\u00e5n snabbk\u00f6pet, utan g\u00e5 till ett riktigt lokalt bageri f\u00f6r dem.<\/p>\n\n\n\n<figure data-wp-context=\"{&quot;imageId&quot;:&quot;6a9c3a746d04d&quot;}\" data-wp-interactive=\"core\/image\" data-wp-key=\"6a9c3a746d04d\" class=\"wp-block-image size-full wp-lightbox-container\"><img decoding=\"async\" width=\"1800\" height=\"1350\" data-wp-class--hide=\"state.isContentHidden\" data-wp-class--show=\"state.isContentVisible\" data-wp-init=\"callbacks.setButtonStyles\" data-wp-on--click=\"actions.showLightbox\" data-wp-on--load=\"callbacks.setButtonStyles\" data-wp-on--pointerdown=\"actions.preloadImage\" data-wp-on--pointerenter=\"actions.preloadImageWithDelay\" data-wp-on--pointerleave=\"actions.cancelPreload\" data-wp-on-window--resize=\"callbacks.setButtonStyles\" src=\"https:\/\/loudavymkrokem.cz\/wp-content\/uploads\/2026\/08\/toskansko-clanky-toskanska-kuchyne-24.jpg\" alt=\"Castagnaccio, kastanjekaka\" class=\"wp-image-394043\" title=\"\" srcset=\"https:\/\/loudavymkrokem.cz\/wp-content\/uploads\/2026\/08\/toskansko-clanky-toskanska-kuchyne-24.jpg 1800w, https:\/\/loudavymkrokem.cz\/wp-content\/uploads\/2026\/08\/toskansko-clanky-toskanska-kuchyne-24-300x225.jpg 300w, https:\/\/loudavymkrokem.cz\/wp-content\/uploads\/2026\/08\/toskansko-clanky-toskanska-kuchyne-24-700x525.jpg 700w, https:\/\/loudavymkrokem.cz\/wp-content\/uploads\/2026\/08\/toskansko-clanky-toskanska-kuchyne-24-768x576.jpg 768w, https:\/\/loudavymkrokem.cz\/wp-content\/uploads\/2026\/08\/toskansko-clanky-toskanska-kuchyne-24-1536x1152.jpg 1536w, https:\/\/loudavymkrokem.cz\/wp-content\/uploads\/2026\/08\/toskansko-clanky-toskanska-kuchyne-24-80x60.jpg 80w, https:\/\/loudavymkrokem.cz\/wp-content\/uploads\/2026\/08\/toskansko-clanky-toskanska-kuchyne-24-160x120.jpg 160w, https:\/\/loudavymkrokem.cz\/wp-content\/uploads\/2026\/08\/toskansko-clanky-toskanska-kuchyne-24-696x522.jpg 696w, https:\/\/loudavymkrokem.cz\/wp-content\/uploads\/2026\/08\/toskansko-clanky-toskanska-kuchyne-24-1392x1044.jpg 1392w\" sizes=\"(max-width: 1800px) 100vw, 1800px\" \/><button\n\t\t\tclass=\"lightbox-trigger\"\n\t\t\ttype=\"button\"\n\t\t\taria-haspopup=\"dialog\"\n\t\t\tdata-wp-bind--aria-label=\"state.thisImage.triggerButtonAriaLabel\"\n\t\t\tdata-wp-init=\"callbacks.initTriggerButton\"\n\t\t\tdata-wp-on--click=\"actions.showLightbox\"\n\t\t\tdata-wp-style--right=\"state.thisImage.buttonRight\"\n\t\t\tdata-wp-style--top=\"state.thisImage.buttonTop\"\n\t\t>\n\t\t\t<svg xmlns=\"http:\/\/www.w3.org\/2000\/svg\" width=\"12\" height=\"12\" fill=\"none\" viewBox=\"0 0 12 12\">\n\t\t\t\t<path fill=\"#fff\" d=\"M2 0a2 2 0 0 0-2 2v2h1.5V2a.5.5 0 0 1 .5-.5h2V0H2Zm2 10.5H2a.5.5 0 0 1-.5-.5V8H0v2a2 2 0 0 0 2 2h2v-1.5ZM8 12v-1.5h2a.5.5 0 0 0 .5-.5V8H12v2a2 2 0 0 1-2 2H8Zm2-12a2 2 0 0 1 2 2v2h-1.5V2a.5.5 0 0 0-.5-.5H8V0h2Z\" \/>\n\t\t\t<\/svg>\n\t\t<\/button><figcaption class=\"wp-element-caption\">Lemone \/ Wikimedia Commons, CC BY-SA 4.0<\/figcaption><\/figure>\n\n\n\n<h3 class=\"wp-block-heading\"><span class=\"ez-toc-section\" id=\"20_Castagnaccio\"><\/span>20. Castagnaccio<span class=\"ez-toc-section-end\"><\/span><\/h3>\n\n\n\n<p class=\"wp-block-paragraph\">N\u00e4r det p\u00e5 h\u00f6sten b\u00f6rjar bli kallare i de toskanska skogarna och l\u00f6ven faller, \u00e4r det r\u00e4tt tid f\u00f6r castagnaccio. <strong>Denna vid f\u00f6rsta anblick ovanliga och mycket platta kaka gr\u00e4ddas av finmalet kastanjemj\u00f6l, god olivolja och vatten<\/strong>. Ytan bestr\u00f6s rikligt med kvistar av f\u00e4rsk rosmarin, pinjen\u00f6tter och s\u00f6ta russin.<\/p>\n\n\n\n<p class=\"wp-block-paragraph\">Det intressanta och f\u00f6r turister ofta \u00f6verraskande med den \u00e4r att <strong>man traditionellt inte tills\u00e4tter n\u00e5got raffinerat socker alls<\/strong>. All s\u00f6tma kommer bara fr\u00e5n kastanjerna och russinen sj\u00e4lva, s\u00e5 med dagens m\u00e5tt av \u00f6vers\u00f6tade efterr\u00e4tter verkar den mycket blygsam. Tack vare kombinationen av f\u00e4rsk rosmarin och stark olivolja har den en mycket specifik, jordig och l\u00e4tt \u00f6rtig smak som <strong>balanserar n\u00e5gonstans p\u00e5 gr\u00e4nsen mellan s\u00f6t efterr\u00e4tt och salt bakverk<\/strong>.<\/p>\n\n\n\n<p class=\"wp-block-paragraph\">Det \u00e4r ett perfekt exempel p\u00e5 hur <strong>cucina povera<\/strong> kunde trolla fram underbara och m\u00e4ttande saker ur vanliga skogsfrukter. En bit i bageriet landar p\u00e5 ungef\u00e4r <strong>tre till fyra euro<\/strong>, men du f\u00e5r r\u00e4kna med att dess smak verkligen \u00e4r v\u00e4ldigt specifik och inte passar alla.<\/p>\n\n\n\n<p class=\"wp-block-paragraph\">\ud83d\udca1 <strong>TIPS:<\/strong> Castagnaccio smakar helt fantastiskt om du tar en klick f\u00e4rsk os\u00f6tad f\u00e5rricotta eller ett glas s\u00f6tt Vin Santo-vin till, som balanserar dess jordighet.<\/p>\n\n\n\n<figure data-wp-context=\"{&quot;imageId&quot;:&quot;6a9c3a746d532&quot;}\" data-wp-interactive=\"core\/image\" data-wp-key=\"6a9c3a746d532\" class=\"wp-block-image size-full wp-lightbox-container\"><img decoding=\"async\" width=\"1800\" height=\"1200\" data-wp-class--hide=\"state.isContentHidden\" data-wp-class--show=\"state.isContentVisible\" data-wp-init=\"callbacks.setButtonStyles\" data-wp-on--click=\"actions.showLightbox\" data-wp-on--load=\"callbacks.setButtonStyles\" data-wp-on--pointerdown=\"actions.preloadImage\" data-wp-on--pointerenter=\"actions.preloadImageWithDelay\" data-wp-on--pointerleave=\"actions.cancelPreload\" data-wp-on-window--resize=\"callbacks.setButtonStyles\" src=\"https:\/\/loudavymkrokem.cz\/wp-content\/uploads\/2026\/08\/toskansko-clanky-toskanska-kuchyne-25.jpg\" alt=\"S\u00f6t kaka som bakas med druvor i september\" class=\"wp-image-394044\" title=\"\" srcset=\"https:\/\/loudavymkrokem.cz\/wp-content\/uploads\/2026\/08\/toskansko-clanky-toskanska-kuchyne-25.jpg 1800w, https:\/\/loudavymkrokem.cz\/wp-content\/uploads\/2026\/08\/toskansko-clanky-toskanska-kuchyne-25-300x200.jpg 300w, https:\/\/loudavymkrokem.cz\/wp-content\/uploads\/2026\/08\/toskansko-clanky-toskanska-kuchyne-25-700x467.jpg 700w, https:\/\/loudavymkrokem.cz\/wp-content\/uploads\/2026\/08\/toskansko-clanky-toskanska-kuchyne-25-768x512.jpg 768w, https:\/\/loudavymkrokem.cz\/wp-content\/uploads\/2026\/08\/toskansko-clanky-toskanska-kuchyne-25-1536x1024.jpg 1536w, https:\/\/loudavymkrokem.cz\/wp-content\/uploads\/2026\/08\/toskansko-clanky-toskanska-kuchyne-25-696x464.jpg 696w, https:\/\/loudavymkrokem.cz\/wp-content\/uploads\/2026\/08\/toskansko-clanky-toskanska-kuchyne-25-1392x928.jpg 1392w\" sizes=\"(max-width: 1800px) 100vw, 1800px\" \/><button\n\t\t\tclass=\"lightbox-trigger\"\n\t\t\ttype=\"button\"\n\t\t\taria-haspopup=\"dialog\"\n\t\t\tdata-wp-bind--aria-label=\"state.thisImage.triggerButtonAriaLabel\"\n\t\t\tdata-wp-init=\"callbacks.initTriggerButton\"\n\t\t\tdata-wp-on--click=\"actions.showLightbox\"\n\t\t\tdata-wp-style--right=\"state.thisImage.buttonRight\"\n\t\t\tdata-wp-style--top=\"state.thisImage.buttonTop\"\n\t\t>\n\t\t\t<svg xmlns=\"http:\/\/www.w3.org\/2000\/svg\" width=\"12\" height=\"12\" fill=\"none\" viewBox=\"0 0 12 12\">\n\t\t\t\t<path fill=\"#fff\" d=\"M2 0a2 2 0 0 0-2 2v2h1.5V2a.5.5 0 0 1 .5-.5h2V0H2Zm2 10.5H2a.5.5 0 0 1-.5-.5V8H0v2a2 2 0 0 0 2 2h2v-1.5ZM8 12v-1.5h2a.5.5 0 0 0 .5-.5V8H12v2a2 2 0 0 1-2 2H8Zm2-12a2 2 0 0 1 2 2v2h-1.5V2a.5.5 0 0 0-.5-.5H8V0h2Z\" \/>\n\t\t\t<\/svg>\n\t\t<\/button><\/figure>\n\n\n\n<h3 class=\"wp-block-heading\"><span class=\"ez-toc-section\" id=\"21_Schiacciata_con_luva\"><\/span>21. Schiacciata con l&#8217;uva<span class=\"ez-toc-section-end\"><\/span><\/h3>\n\n\n\n<p class=\"wp-block-paragraph\">Om du har den enorma turen att bes\u00f6ka Toscana i b\u00f6rjan av h\u00f6sten under septembers vinsk\u00f6rd m\u00e5ste du n\u00f6dv\u00e4ndigtvis b\u00f6rja leta i de lokala bagerierna efter denna exklusiva godsak. <strong>Schiacciata con l&#8217;uva \u00e4r en tunn s\u00f6t kaka av j\u00e4st deg, i vilken f\u00e4rska vindruvor \u00e4r djupt intryckta<\/strong>, ofta med sina sm\u00e5 k\u00e4rnor, och allt \u00e4r rikligt bestr\u00f6tt med str\u00f6socker och droppat med olivolja.<\/p>\n\n\n\n<p class=\"wp-block-paragraph\">Under gr\u00e4ddningen i den heta ugnen spricker druvorna, sl\u00e4pper ut sin otroligt s\u00f6ta lila saft i degen och skapar en klibbig, l\u00e4tt karamelliserad skorpa p\u00e5 ytan, som garanterat g\u00f6r dina fingrar smutsiga. <strong>Den finns strikt bara i september under n\u00e5gra f\u00e5 veckor<\/strong>, s\u00e5 l\u00e4nge druvsk\u00f6rden p\u00e5g\u00e5r i ving\u00e5rdarna, vilket g\u00f6r den till en oerh\u00f6rt s\u00e4llsynt och eftertraktad s\u00e4songsrarit\u00e4t.<\/p>\n\n\n\n<p class=\"wp-block-paragraph\">F\u00f6r en stor bit av denna klibbiga underbarhet betalar du i ett vanligt byabageri <strong>runt tre euro<\/strong>. Det \u00e4r kanske det b\u00e4sta s\u00e4ttet att verkligen smaka p\u00e5 <strong>firandet av den toskanska vinsk\u00f6rden<\/strong>.<\/p>\n\n\n\n<p class=\"wp-block-paragraph\">\ud83d\udca1 <strong>TIPS:<\/strong> Traditionellt anv\u00e4nds speciella sorter av sm\u00e5 bl\u00e5 druvor med k\u00e4rnor. N\u00e4r man \u00e4ter knastrar det allts\u00e5 lite mellan t\u00e4nderna, men lokalborna h\u00e4vdar att det \u00e4r just k\u00e4rnorna som ger kakan den r\u00e4tta rustika finessen.<\/p>\n\n\n\n<figure data-wp-context=\"{&quot;imageId&quot;:&quot;6a9c3a746dacd&quot;}\" data-wp-interactive=\"core\/image\" data-wp-key=\"6a9c3a746dacd\" class=\"wp-block-image size-full wp-lightbox-container\"><img decoding=\"async\" width=\"1800\" height=\"1011\" data-wp-class--hide=\"state.isContentHidden\" data-wp-class--show=\"state.isContentVisible\" data-wp-init=\"callbacks.setButtonStyles\" data-wp-on--click=\"actions.showLightbox\" data-wp-on--load=\"callbacks.setButtonStyles\" data-wp-on--pointerdown=\"actions.preloadImage\" data-wp-on--pointerenter=\"actions.preloadImageWithDelay\" data-wp-on--pointerleave=\"actions.cancelPreload\" data-wp-on-window--resize=\"callbacks.setButtonStyles\" src=\"https:\/\/loudavymkrokem.cz\/wp-content\/uploads\/2026\/08\/toskansko-clanky-toskanska-kuchyne-26.jpg\" alt=\"Buccellato fr\u00e5n Lucca\" class=\"wp-image-394045\" title=\"\" srcset=\"https:\/\/loudavymkrokem.cz\/wp-content\/uploads\/2026\/08\/toskansko-clanky-toskanska-kuchyne-26.jpg 1800w, https:\/\/loudavymkrokem.cz\/wp-content\/uploads\/2026\/08\/toskansko-clanky-toskanska-kuchyne-26-300x169.jpg 300w, https:\/\/loudavymkrokem.cz\/wp-content\/uploads\/2026\/08\/toskansko-clanky-toskanska-kuchyne-26-700x393.jpg 700w, https:\/\/loudavymkrokem.cz\/wp-content\/uploads\/2026\/08\/toskansko-clanky-toskanska-kuchyne-26-768x431.jpg 768w, https:\/\/loudavymkrokem.cz\/wp-content\/uploads\/2026\/08\/toskansko-clanky-toskanska-kuchyne-26-1536x863.jpg 1536w, https:\/\/loudavymkrokem.cz\/wp-content\/uploads\/2026\/08\/toskansko-clanky-toskanska-kuchyne-26-696x391.jpg 696w, https:\/\/loudavymkrokem.cz\/wp-content\/uploads\/2026\/08\/toskansko-clanky-toskanska-kuchyne-26-1392x782.jpg 1392w\" sizes=\"(max-width: 1800px) 100vw, 1800px\" \/><button\n\t\t\tclass=\"lightbox-trigger\"\n\t\t\ttype=\"button\"\n\t\t\taria-haspopup=\"dialog\"\n\t\t\tdata-wp-bind--aria-label=\"state.thisImage.triggerButtonAriaLabel\"\n\t\t\tdata-wp-init=\"callbacks.initTriggerButton\"\n\t\t\tdata-wp-on--click=\"actions.showLightbox\"\n\t\t\tdata-wp-style--right=\"state.thisImage.buttonRight\"\n\t\t\tdata-wp-style--top=\"state.thisImage.buttonTop\"\n\t\t>\n\t\t\t<svg xmlns=\"http:\/\/www.w3.org\/2000\/svg\" width=\"12\" height=\"12\" fill=\"none\" viewBox=\"0 0 12 12\">\n\t\t\t\t<path fill=\"#fff\" d=\"M2 0a2 2 0 0 0-2 2v2h1.5V2a.5.5 0 0 1 .5-.5h2V0H2Zm2 10.5H2a.5.5 0 0 1-.5-.5V8H0v2a2 2 0 0 0 2 2h2v-1.5ZM8 12v-1.5h2a.5.5 0 0 0 .5-.5V8H12v2a2 2 0 0 1-2 2H8Zm2-12a2 2 0 0 1 2 2v2h-1.5V2a.5.5 0 0 0-.5-.5H8V0h2Z\" \/>\n\t\t\t<\/svg>\n\t\t<\/button><figcaption class=\"wp-element-caption\">Camelia.boban \/ Wikimedia Commons, CC BY-SA 4.0<\/figcaption><\/figure>\n\n\n\n<h3 class=\"wp-block-heading\"><span class=\"ez-toc-section\" id=\"22_Buccellato_fran_Lucca\"><\/span>22. Buccellato fr\u00e5n Lucca<span class=\"ez-toc-section-end\"><\/span><\/h3>\n\n\n\n<p class=\"wp-block-paragraph\">Vi avslutar v\u00e5r l\u00e5nga lista \u00f6ver toskanska specialiteter i den underbara staden Lucca, som gav den kulinariska v\u00e4rlden det s\u00f6ta buccellato. <strong>Detta rustika s\u00f6ta br\u00f6d i form av en rund krans eller en l\u00e5ng limpa \u00e4r rikligt genomv\u00e4vt av anisfr\u00f6n och s\u00f6ta russin<\/strong>. Skorpan penslas precis f\u00f6re gr\u00e4ddningen med en sockersirap med lite \u00e4gg, f\u00f6r att f\u00e5 en vackert blank och m\u00f6rkbrun f\u00e4rg i ugnen.<\/p>\n\n\n\n<p class=\"wp-block-paragraph\">De stolta lokalborna h\u00e4vdar till och med g\u00e4rna att <strong>den som bes\u00f6kt Lucca utan att ha smakat buccellato liksom egentligen aldrig varit d\u00e4r<\/strong>. Br\u00f6det har en mycket t\u00e4t, till och med l\u00e4tt torr struktur, tack vare vilken det h\u00e5ller sig f\u00e4rskt i flera dagar, och det doftar milt av lakrits tack vare den gener\u00f6sa dosen anis. En limpa i bageriet landar p\u00e5 ungef\u00e4r fem till \u00e5tta euro.<\/p>\n\n\n\n<p class=\"wp-block-paragraph\">Det passar utm\u00e4rkt till en <strong>snabb frukost eller eftermiddagskaffe<\/strong>. De \u00e4ldre generationerna p\u00e5 landsbygden doppar det dock \u00e4n idag g\u00e4rna i ett glas kraftigt r\u00f6dvin som avslutning p\u00e5 en l\u00e5ng s\u00f6ndagslunch. I Lucca hittar du det i varje historiskt bageri, men det allra mest ber\u00f6mda bakas sedan 1881 i den lilla familjeverksamheten <a href=\"https:\/\/www.pasticceriataddeucci.com\/\" target=\"_blank\" rel=\"nofollow noopener\">Pasticceria Taddeucci<\/a> direkt vid huvudtorget <strong>Piazza San Michele<\/strong>. Att k\u00f6pa en bit av detta s\u00f6ta br\u00f6d och \u00e4ta det p\u00e5 en b\u00e4nk med utsikt \u00f6ver den n\u00e4rliggande kyrkans fantastiska marmorfasad \u00e4r en autentisk upplevelse som helt enkelt oskiljaktigt h\u00f6r till ett bes\u00f6k i staden.<\/p>\n\n\n\n<p class=\"wp-block-paragraph\">\ud83d\udca1 <strong>TIPS:<\/strong> Om din limpa blir h\u00e5rd efter n\u00e5gra dagar p\u00e5 hotellet, sl\u00e4ng den absolut inte. Lokalborna rostar g\u00e4rna \u00e4ldre skivor l\u00e4tt i sm\u00f6r till frukost, eller g\u00f6r till och med en s\u00f6t variant av br\u00f6dsallad av dem med f\u00e4rsk frukt och en droppe dessertvin.<\/p>\n\n\n\n<figure data-wp-context=\"{&quot;imageId&quot;:&quot;6a9c3a746e04b&quot;}\" data-wp-interactive=\"core\/image\" data-wp-key=\"6a9c3a746e04b\" class=\"wp-block-image size-full wp-lightbox-container\"><img decoding=\"async\" width=\"1800\" height=\"1350\" data-wp-class--hide=\"state.isContentHidden\" data-wp-class--show=\"state.isContentVisible\" data-wp-init=\"callbacks.setButtonStyles\" data-wp-on--click=\"actions.showLightbox\" data-wp-on--load=\"callbacks.setButtonStyles\" data-wp-on--pointerdown=\"actions.preloadImage\" data-wp-on--pointerenter=\"actions.preloadImageWithDelay\" data-wp-on--pointerleave=\"actions.cancelPreload\" data-wp-on-window--resize=\"callbacks.setButtonStyles\" src=\"https:\/\/loudavymkrokem.cz\/wp-content\/uploads\/2026\/08\/toskansko-clanky-toskanska-kuchyne-27.jpg\" alt=\"Toskanska viner och provsmakning\" class=\"wp-image-394046\" title=\"\" srcset=\"https:\/\/loudavymkrokem.cz\/wp-content\/uploads\/2026\/08\/toskansko-clanky-toskanska-kuchyne-27.jpg 1800w, https:\/\/loudavymkrokem.cz\/wp-content\/uploads\/2026\/08\/toskansko-clanky-toskanska-kuchyne-27-300x225.jpg 300w, https:\/\/loudavymkrokem.cz\/wp-content\/uploads\/2026\/08\/toskansko-clanky-toskanska-kuchyne-27-700x525.jpg 700w, https:\/\/loudavymkrokem.cz\/wp-content\/uploads\/2026\/08\/toskansko-clanky-toskanska-kuchyne-27-768x576.jpg 768w, https:\/\/loudavymkrokem.cz\/wp-content\/uploads\/2026\/08\/toskansko-clanky-toskanska-kuchyne-27-1536x1152.jpg 1536w, https:\/\/loudavymkrokem.cz\/wp-content\/uploads\/2026\/08\/toskansko-clanky-toskanska-kuchyne-27-80x60.jpg 80w, https:\/\/loudavymkrokem.cz\/wp-content\/uploads\/2026\/08\/toskansko-clanky-toskanska-kuchyne-27-160x120.jpg 160w, https:\/\/loudavymkrokem.cz\/wp-content\/uploads\/2026\/08\/toskansko-clanky-toskanska-kuchyne-27-696x522.jpg 696w, https:\/\/loudavymkrokem.cz\/wp-content\/uploads\/2026\/08\/toskansko-clanky-toskanska-kuchyne-27-1392x1044.jpg 1392w\" sizes=\"(max-width: 1800px) 100vw, 1800px\" \/><button\n\t\t\tclass=\"lightbox-trigger\"\n\t\t\ttype=\"button\"\n\t\t\taria-haspopup=\"dialog\"\n\t\t\tdata-wp-bind--aria-label=\"state.thisImage.triggerButtonAriaLabel\"\n\t\t\tdata-wp-init=\"callbacks.initTriggerButton\"\n\t\t\tdata-wp-on--click=\"actions.showLightbox\"\n\t\t\tdata-wp-style--right=\"state.thisImage.buttonRight\"\n\t\t\tdata-wp-style--top=\"state.thisImage.buttonTop\"\n\t\t>\n\t\t\t<svg xmlns=\"http:\/\/www.w3.org\/2000\/svg\" width=\"12\" height=\"12\" fill=\"none\" viewBox=\"0 0 12 12\">\n\t\t\t\t<path fill=\"#fff\" d=\"M2 0a2 2 0 0 0-2 2v2h1.5V2a.5.5 0 0 1 .5-.5h2V0H2Zm2 10.5H2a.5.5 0 0 1-.5-.5V8H0v2a2 2 0 0 0 2 2h2v-1.5ZM8 12v-1.5h2a.5.5 0 0 0 .5-.5V8H12v2a2 2 0 0 1-2 2H8Zm2-12a2 2 0 0 1 2 2v2h-1.5V2a.5.5 0 0 0-.5-.5H8V0h2Z\" \/>\n\t\t\t<\/svg>\n\t\t<\/button><\/figure>\n\n\n\n<h2 class=\"wp-block-heading\"><span class=\"ez-toc-section\" id=\"Toskanska_viner_vad_du_bor_dricka_till_vilken_ratt\"><\/span>Toskanska viner: vad du b\u00f6r dricka till vilken r\u00e4tt<span class=\"ez-toc-section-end\"><\/span><\/h2>\n\n\n\n<p class=\"wp-block-paragraph\">Toscana och vin \u00e4r begrepp som helt enkelt h\u00f6r ihop. De b\u00f6ljande kullarna ser ut som om n\u00e5gon planterat ving\u00e5rdarna med flit f\u00f6r fotona. Men bakom den vykortsvackra kulissen d\u00f6ljer sig flaskor som man skulle kunna prata om en hel kv\u00e4ll. <strong>\u00c4ven om regionen framf\u00f6r allt \u00e4r k\u00e4nd f\u00f6r sina tunga och fylliga r\u00f6dviner av druvsorten Sangiovese, hittar du h\u00e4r \u00e4ven rena v\u00e4rldsunika bland de vita och de s\u00f6ta vinerna.<\/strong> De flesta turister k\u00e4nner till det ber\u00f6mda Chianti, men det \u00e4r bara toppen av ett isberg.<\/p>\n\n\n\n<p class=\"wp-block-paragraph\">Om du inte vet dig r\u00e5d p\u00e5 restaurangen rekommenderar de lokala servit\u00f6rerna alltid g\u00e4rna en matchning till den valda r\u00e4tten. Kom ih\u00e5g att till tunga tomats\u00e5ser och mustiga b\u00f6nor passar snarare <strong>tanninrika r\u00f6dviner<\/strong>, medan till v\u00e5rgr\u00f6nsaker eller fin f\u00e5rost kommer snarare ett <strong>kylt vitt<\/strong> till sin r\u00e4tt. F\u00f6r att underl\u00e4tta din orientering i vinlistorna har jag f\u00f6rberett en \u00f6versiktlig tabell \u00f6ver de allra viktigaste flaskorna du kan st\u00f6ta p\u00e5 under dina resor.<\/p>\n\n\n\n<figure class=\"wp-block-table\"><table><thead><tr><th>vin<\/th><th>omr\u00e5de<\/th><th>anm\u00e4rkning<\/th><\/tr><\/thead>\n<tbody><tr><td><strong>Vernaccia di San Gimignano<\/strong><\/td><td>San Gimignano<\/td><td>\u2b50 <strong>det f\u00f6rsta italienska vin som 1966 fick DOC-status<\/strong>; sedan <strong>9.7.1993 DOCG<\/strong>. <strong>Det enda toskanska vita med DOCG.<\/strong> Anses vara ett av de \u00e4ldsta och \u00e4dlaste italienska vinerna, \u00e4nda sedan ren\u00e4ssansen.<\/td><\/tr>\n<tr><td><strong>Chianti Classico DOCG<\/strong><\/td><td>mellan Florens och Siena<\/td><td>k\u00e4nnetecken <strong>gallo nero<\/strong> (svarta tuppen)<\/td><\/tr>\n<tr><td><strong>Brunello di Montalcino DOCG<\/strong><\/td><td>Montalcino<\/td><td>l\u00e5nglagrad sangiovese, regionens toppklass<\/td><\/tr>\n<tr><td><strong>Vino Nobile di Montepulciano DOCG<\/strong><\/td><td>Montepulciano<\/td><\/tr>\n<tr><td><strong>Bolgheri \/ supertuscans<\/strong><\/td><td>kusten vid Bolgheri<\/td><td>bordeauxsorter, internationell ber\u00f6mmelse<\/td><\/tr>\n<tr><td><strong>Aleatico Passito dell&#8217;Elba DOCG<\/strong><\/td><td>Elba<\/td><td>s\u00f6tt, <strong>Toskanska arkipelagens f\u00f6rsta DOCG<\/strong>; Napoleons favorit<\/td><\/tr>\n<tr><td><strong>Vin Santo<\/strong><\/td><td>hela regionen<\/td><td>b\u00e4rnstensf\u00e4rgat dessertvin av <strong>sent sk\u00f6rdad trebbiano och malvasia<\/strong>, druvorna torkas <strong>3\u20134 m\u00e5nader<\/strong> och vinet lagras <strong>3+ \u00e5r i sm\u00e5 fat, caratelli<\/strong><\/td><\/tr>\n<\/tbody><\/table><\/figure>\n\n\n\n<figure data-wp-context=\"{&quot;imageId&quot;:&quot;6a9c3a746e4cb&quot;}\" data-wp-interactive=\"core\/image\" data-wp-key=\"6a9c3a746e4cb\" class=\"wp-block-image size-full wp-lightbox-container\"><img decoding=\"async\" width=\"1800\" height=\"1200\" data-wp-class--hide=\"state.isContentHidden\" data-wp-class--show=\"state.isContentVisible\" data-wp-init=\"callbacks.setButtonStyles\" data-wp-on--click=\"actions.showLightbox\" data-wp-on--load=\"callbacks.setButtonStyles\" data-wp-on--pointerdown=\"actions.preloadImage\" data-wp-on--pointerenter=\"actions.preloadImageWithDelay\" data-wp-on--pointerleave=\"actions.cancelPreload\" data-wp-on-window--resize=\"callbacks.setButtonStyles\" src=\"https:\/\/loudavymkrokem.cz\/wp-content\/uploads\/2026\/08\/toskansko-clanky-toskanska-kuchyne-28.jpg\" alt=\"S\u00e4songsr\u00e5varor p\u00e5 marknaden\" class=\"wp-image-394047\" title=\"\" srcset=\"https:\/\/loudavymkrokem.cz\/wp-content\/uploads\/2026\/08\/toskansko-clanky-toskanska-kuchyne-28.jpg 1800w, https:\/\/loudavymkrokem.cz\/wp-content\/uploads\/2026\/08\/toskansko-clanky-toskanska-kuchyne-28-300x200.jpg 300w, https:\/\/loudavymkrokem.cz\/wp-content\/uploads\/2026\/08\/toskansko-clanky-toskanska-kuchyne-28-700x467.jpg 700w, https:\/\/loudavymkrokem.cz\/wp-content\/uploads\/2026\/08\/toskansko-clanky-toskanska-kuchyne-28-768x512.jpg 768w, https:\/\/loudavymkrokem.cz\/wp-content\/uploads\/2026\/08\/toskansko-clanky-toskanska-kuchyne-28-1536x1024.jpg 1536w, https:\/\/loudavymkrokem.cz\/wp-content\/uploads\/2026\/08\/toskansko-clanky-toskanska-kuchyne-28-696x464.jpg 696w, https:\/\/loudavymkrokem.cz\/wp-content\/uploads\/2026\/08\/toskansko-clanky-toskanska-kuchyne-28-1392x928.jpg 1392w\" sizes=\"(max-width: 1800px) 100vw, 1800px\" \/><button\n\t\t\tclass=\"lightbox-trigger\"\n\t\t\ttype=\"button\"\n\t\t\taria-haspopup=\"dialog\"\n\t\t\tdata-wp-bind--aria-label=\"state.thisImage.triggerButtonAriaLabel\"\n\t\t\tdata-wp-init=\"callbacks.initTriggerButton\"\n\t\t\tdata-wp-on--click=\"actions.showLightbox\"\n\t\t\tdata-wp-style--right=\"state.thisImage.buttonRight\"\n\t\t\tdata-wp-style--top=\"state.thisImage.buttonTop\"\n\t\t>\n\t\t\t<svg xmlns=\"http:\/\/www.w3.org\/2000\/svg\" width=\"12\" height=\"12\" fill=\"none\" viewBox=\"0 0 12 12\">\n\t\t\t\t<path fill=\"#fff\" d=\"M2 0a2 2 0 0 0-2 2v2h1.5V2a.5.5 0 0 1 .5-.5h2V0H2Zm2 10.5H2a.5.5 0 0 1-.5-.5V8H0v2a2 2 0 0 0 2 2h2v-1.5ZM8 12v-1.5h2a.5.5 0 0 0 .5-.5V8H12v2a2 2 0 0 1-2 2H8Zm2-12a2 2 0 0 1 2 2v2h-1.5V2a.5.5 0 0 0-.5-.5H8V0h2Z\" \/>\n\t\t\t<\/svg>\n\t\t<\/button><\/figure>\n\n\n\n<h2 class=\"wp-block-heading\"><span class=\"ez-toc-section\" id=\"Nar_du_bor_ata_vad_en_sasongskalender\"><\/span>N\u00e4r du b\u00f6r \u00e4ta vad: en s\u00e4songskalender<span class=\"ez-toc-section-end\"><\/span><\/h2>\n\n\n\n<p class=\"wp-block-paragraph\">En av de vackraste och mest autentiska sakerna med hela den italienska gastronomin \u00e4r dess helt strikta h\u00e4nsyn till s\u00e4songer. <strong>I Toscana existerar det helt enkelt inte att man tar en tomat-panzanella i januari eller tv\u00e4rtom en h\u00f6stlig kastanjekaka i maj.<\/strong> Maten lagas h\u00e4r uteslutande av det som just vuxit upp p\u00e5 f\u00e4ltet eller mognat i frukttr\u00e4dg\u00e5rdarna, vilket garanterar g\u00e4sterna den mest intensiva m\u00f6jliga smaken utan anv\u00e4ndning av kemi.<\/p>\n\n\n\n<p class=\"wp-block-paragraph\">Om du planerar din resa efter v\u00e5r artikel <a href=\"https:\/\/loudavymkrokem.cz\/sv\/vader-toscana-italien\/\">V\u00e4dret i Toscana: temperaturer m\u00e5nad f\u00f6r m\u00e5nad och n\u00e4r du b\u00f6r \u00e5ka<\/a>, titta absolut i f\u00f6rv\u00e4g p\u00e5 vad du kan se fram emot under en viss period. V\u00e5ren tillh\u00f6r de <strong>\u00f6mt\u00e5liga gr\u00f6nsakerna<\/strong>, sommaren firar tomaterna och h\u00f6sten st\u00e5r i tecken av <strong>tyngre, jordiga smaker fr\u00e5n skogen<\/strong> och den nya oljan. H\u00e4r \u00e4r ett litet fusklapp p\u00e5 vad du b\u00f6r h\u00e5lla utkik efter p\u00e5 menyn:<\/p>\n\n\n\n<figure class=\"wp-block-table\"><table><thead><tr><th>period<\/th><th>vad som \u00e4r f\u00e4rskt<\/th><\/tr><\/thead>\n<tbody><tr><td><strong>v\u00e5r<\/strong><\/td><td>garmugia, kron\u00e4rtskockor, sparris, ung pecorino<\/td><\/tr>\n<tr><td><strong>sommar<\/strong><\/td><td>panzanella, tomater, cecina p\u00e5 stranden<\/td><\/tr>\n<tr><td><strong>september<\/strong><\/td><td>\u2b50 <strong>schiacciata con l&#8217;uva<\/strong> (bara nu), vinsk\u00f6rd<\/td><\/tr>\n<tr><td><strong>oktober\u2013november<\/strong><\/td><td>\u2b50 <strong>olio nuovo<\/strong>, castagnaccio, kastanje- och svampfester, tryffel<\/td><\/tr>\n<tr><td><strong>vinter<\/strong><\/td><td>ribollita, fagioli all&#8217;uccelletto, panforte och ricciarelli till jul<\/td><\/tr>\n<\/tbody><\/table><\/figure>\n\n\n\n<figure data-wp-context=\"{&quot;imageId&quot;:&quot;6a9c3a746e99e&quot;}\" data-wp-interactive=\"core\/image\" data-wp-key=\"6a9c3a746e99e\" class=\"wp-block-image size-full wp-lightbox-container\"><img decoding=\"async\" width=\"1800\" height=\"1200\" data-wp-class--hide=\"state.isContentHidden\" data-wp-class--show=\"state.isContentVisible\" data-wp-init=\"callbacks.setButtonStyles\" data-wp-on--click=\"actions.showLightbox\" data-wp-on--load=\"callbacks.setButtonStyles\" data-wp-on--pointerdown=\"actions.preloadImage\" data-wp-on--pointerenter=\"actions.preloadImageWithDelay\" data-wp-on--pointerleave=\"actions.cancelPreload\" data-wp-on-window--resize=\"callbacks.setButtonStyles\" src=\"https:\/\/loudavymkrokem.cz\/wp-content\/uploads\/2026\/08\/toskansko-clanky-toskanska-kuchyne-29.jpg\" alt=\"Dukat bord p\u00e5 en italiensk restaurang\" class=\"wp-image-394048\" title=\"\" srcset=\"https:\/\/loudavymkrokem.cz\/wp-content\/uploads\/2026\/08\/toskansko-clanky-toskanska-kuchyne-29.jpg 1800w, https:\/\/loudavymkrokem.cz\/wp-content\/uploads\/2026\/08\/toskansko-clanky-toskanska-kuchyne-29-300x200.jpg 300w, https:\/\/loudavymkrokem.cz\/wp-content\/uploads\/2026\/08\/toskansko-clanky-toskanska-kuchyne-29-700x467.jpg 700w, https:\/\/loudavymkrokem.cz\/wp-content\/uploads\/2026\/08\/toskansko-clanky-toskanska-kuchyne-29-768x512.jpg 768w, https:\/\/loudavymkrokem.cz\/wp-content\/uploads\/2026\/08\/toskansko-clanky-toskanska-kuchyne-29-1536x1024.jpg 1536w, https:\/\/loudavymkrokem.cz\/wp-content\/uploads\/2026\/08\/toskansko-clanky-toskanska-kuchyne-29-696x464.jpg 696w, https:\/\/loudavymkrokem.cz\/wp-content\/uploads\/2026\/08\/toskansko-clanky-toskanska-kuchyne-29-1392x928.jpg 1392w\" sizes=\"(max-width: 1800px) 100vw, 1800px\" \/><button\n\t\t\tclass=\"lightbox-trigger\"\n\t\t\ttype=\"button\"\n\t\t\taria-haspopup=\"dialog\"\n\t\t\tdata-wp-bind--aria-label=\"state.thisImage.triggerButtonAriaLabel\"\n\t\t\tdata-wp-init=\"callbacks.initTriggerButton\"\n\t\t\tdata-wp-on--click=\"actions.showLightbox\"\n\t\t\tdata-wp-style--right=\"state.thisImage.buttonRight\"\n\t\t\tdata-wp-style--top=\"state.thisImage.buttonTop\"\n\t\t>\n\t\t\t<svg xmlns=\"http:\/\/www.w3.org\/2000\/svg\" width=\"12\" height=\"12\" fill=\"none\" viewBox=\"0 0 12 12\">\n\t\t\t\t<path fill=\"#fff\" d=\"M2 0a2 2 0 0 0-2 2v2h1.5V2a.5.5 0 0 1 .5-.5h2V0H2Zm2 10.5H2a.5.5 0 0 1-.5-.5V8H0v2a2 2 0 0 0 2 2h2v-1.5ZM8 12v-1.5h2a.5.5 0 0 0 .5-.5V8H12v2a2 2 0 0 1-2 2H8Zm2-12a2 2 0 0 1 2 2v2h-1.5V2a.5.5 0 0 0-.5-.5H8V0h2Z\" \/>\n\t\t\t<\/svg>\n\t\t<\/button><\/figure>\n\n\n\n<h2 class=\"wp-block-heading\"><span class=\"ez-toc-section\" id=\"Sa_fungerar_maten_pa_en_italiensk_restaurang\"><\/span>S\u00e5 fungerar maten p\u00e5 en italiensk restaurang<span class=\"ez-toc-section-end\"><\/span><\/h2>\n\n\n\n<p class=\"wp-block-paragraph\">Om du inte \u00e4r van att regelbundet g\u00e5 p\u00e5 restaurang i Italien kanske flera lokala sedv\u00e4njor \u00f6verraskar dig, s\u00e5dant som skiljer sig en hel del fr\u00e5n hemma i Sverige. <strong>Grundregeln \u00e4r att en varm lunch h\u00e4r ofta \u00e4r dagens viktigaste m\u00e5ltid<\/strong>, som lokalborna avs\u00e4tter till och med tv\u00e5 timmar f\u00f6r. Middagen serveras d\u00e4remot mycket sent med v\u00e5ra m\u00e5tt m\u00e4tt. De flesta bra restauranger \u00f6ppnar sina d\u00f6rrar f\u00f6rst runt halv \u00e5tta eller \u00e5tta p\u00e5 kv\u00e4llen, och f\u00f6re nio \u00e4r det \u00e4nnu halvtomt d\u00e4r.<\/p>\n\n\n\n<p class=\"wp-block-paragraph\">Vid betalningen f\u00e5r du inte bli \u00f6verraskad av att <strong>du p\u00e5 notan alltid hittar en post som kallas coperto<\/strong>. Det \u00e4r en helt laglig och historiskt f\u00f6rankrad couvertavgift, som ligger p\u00e5 ett v\u00e4rde av tv\u00e5 till fyra euro per person. I detta belopp ing\u00e5r vanligtvis servicen, en linnedduk och en korg med f\u00e4rskt osaltat br\u00f6d som du f\u00e5r direkt i b\u00f6rjan. Br\u00f6det best\u00e4lls allts\u00e5 inte separat h\u00e4r, men r\u00e4kna absolut inte med sm\u00f6r till.<\/p>\n\n\n\n<p class=\"wp-block-paragraph\">Och ett stort tips p\u00e5 slutet: undvik st\u00e4llen med skrikiga skyltar och turistmeny p\u00e5 sex spr\u00e5k. De b\u00e4sta trattoriorna har ofta bara en kritad tavla lutad mot v\u00e4ggen, vars inneh\u00e5ll \u00e4ndras varje dag beroende p\u00e5 vad kocken hittade p\u00e5 marknaden p\u00e5 morgonen. Om du bara vill smaka vin i glas utan att beh\u00f6va best\u00e4lla en stor middag, <strong>leta efter skylten enoteca \u00f6ver d\u00f6rren<\/strong>. Det handlar om mysiga vinbarer d\u00e4r du f\u00e5r fantastiska lokala ostar och charkuterier till vinet, och en s\u00e5dan kv\u00e4ll landar ofta betydligt billigare \u00e4n en klassisk provsmakning direkt p\u00e5 en stor ving\u00e5rd.<\/p>\n\n\n\n<figure data-wp-context=\"{&quot;imageId&quot;:&quot;6a9c3a746eed7&quot;}\" data-wp-interactive=\"core\/image\" data-wp-key=\"6a9c3a746eed7\" class=\"wp-block-image size-full wp-lightbox-container\"><img decoding=\"async\" width=\"1800\" height=\"1200\" data-wp-class--hide=\"state.isContentHidden\" data-wp-class--show=\"state.isContentVisible\" data-wp-init=\"callbacks.setButtonStyles\" data-wp-on--click=\"actions.showLightbox\" data-wp-on--load=\"callbacks.setButtonStyles\" data-wp-on--pointerdown=\"actions.preloadImage\" data-wp-on--pointerenter=\"actions.preloadImageWithDelay\" data-wp-on--pointerleave=\"actions.cancelPreload\" data-wp-on-window--resize=\"callbacks.setButtonStyles\" src=\"https:\/\/loudavymkrokem.cz\/wp-content\/uploads\/2026\/08\/toskansko-clanky-toskanska-kuchyne-30.jpg\" alt=\"Vegetarisk r\u00e4tt av f\u00e4rska gr\u00f6nsaker\" class=\"wp-image-394049\" title=\"\" srcset=\"https:\/\/loudavymkrokem.cz\/wp-content\/uploads\/2026\/08\/toskansko-clanky-toskanska-kuchyne-30.jpg 1800w, https:\/\/loudavymkrokem.cz\/wp-content\/uploads\/2026\/08\/toskansko-clanky-toskanska-kuchyne-30-300x200.jpg 300w, https:\/\/loudavymkrokem.cz\/wp-content\/uploads\/2026\/08\/toskansko-clanky-toskanska-kuchyne-30-700x467.jpg 700w, https:\/\/loudavymkrokem.cz\/wp-content\/uploads\/2026\/08\/toskansko-clanky-toskanska-kuchyne-30-768x512.jpg 768w, https:\/\/loudavymkrokem.cz\/wp-content\/uploads\/2026\/08\/toskansko-clanky-toskanska-kuchyne-30-1536x1024.jpg 1536w, https:\/\/loudavymkrokem.cz\/wp-content\/uploads\/2026\/08\/toskansko-clanky-toskanska-kuchyne-30-696x464.jpg 696w, https:\/\/loudavymkrokem.cz\/wp-content\/uploads\/2026\/08\/toskansko-clanky-toskanska-kuchyne-30-1392x928.jpg 1392w\" sizes=\"(max-width: 1800px) 100vw, 1800px\" \/><button\n\t\t\tclass=\"lightbox-trigger\"\n\t\t\ttype=\"button\"\n\t\t\taria-haspopup=\"dialog\"\n\t\t\tdata-wp-bind--aria-label=\"state.thisImage.triggerButtonAriaLabel\"\n\t\t\tdata-wp-init=\"callbacks.initTriggerButton\"\n\t\t\tdata-wp-on--click=\"actions.showLightbox\"\n\t\t\tdata-wp-style--right=\"state.thisImage.buttonRight\"\n\t\t\tdata-wp-style--top=\"state.thisImage.buttonTop\"\n\t\t>\n\t\t\t<svg xmlns=\"http:\/\/www.w3.org\/2000\/svg\" width=\"12\" height=\"12\" fill=\"none\" viewBox=\"0 0 12 12\">\n\t\t\t\t<path fill=\"#fff\" d=\"M2 0a2 2 0 0 0-2 2v2h1.5V2a.5.5 0 0 1 .5-.5h2V0H2Zm2 10.5H2a.5.5 0 0 1-.5-.5V8H0v2a2 2 0 0 0 2 2h2v-1.5ZM8 12v-1.5h2a.5.5 0 0 0 .5-.5V8H12v2a2 2 0 0 1-2 2H8Zm2-12a2 2 0 0 1 2 2v2h-1.5V2a.5.5 0 0 0-.5-.5H8V0h2Z\" \/>\n\t\t\t<\/svg>\n\t\t<\/button><\/figure>\n\n\n\n<h2 class=\"wp-block-heading\"><span class=\"ez-toc-section\" id=\"Tips_for_vegetarianer\"><\/span>Tips f\u00f6r vegetarianer<span class=\"ez-toc-section-end\"><\/span><\/h2>\n\n\n\n<p class=\"wp-block-paragraph\">Som redan n\u00e4mndes direkt i inledningen \u00e4r Toscana ett rent paradis f\u00f6r vegetarianer och en av de mest v\u00e4nliga italienska regionerna, men det \u00e4r \u00e4nd\u00e5 n\u00f6dv\u00e4ndigt att f\u00f6lja n\u00e5gra grundl\u00e4ggande f\u00f6rsiktighetsregler. <strong>F\u00f6rr\u00e4disk kan framf\u00f6r allt vintergr\u00f6nsakssoppan ribollita eller sp\u00e4ltsoppan zuppa di farro vara<\/strong>, d\u00e4r man p\u00e5 landsbygden ganska ofta tills\u00e4tter sv\u00e5l fr\u00e5n pancetta i b\u00f6rjan av tillagningen f\u00f6r b\u00e4ttre och fylligare smak.<\/p>\n\n\n\n<p class=\"wp-block-paragraph\"><strong>Var d\u00e4rf\u00f6r inte r\u00e4dd att alltid tydligt fr\u00e5ga vid best\u00e4llningen om de tillsatt k\u00f6ttbuljong eller fl\u00e4sk i soppan.<\/strong> Den magiska frasen du b\u00f6r l\u00e4gga p\u00e5 minnet lyder &#8221;senza carne&#8221; (utan k\u00f6tt). Italienarna \u00e4r vana vid dessa fr\u00e5gor, det f\u00f6rol\u00e4mpar dem inte alls, och de ger dig g\u00e4rna r\u00e5d eller rekommenderar direkt ett annat s\u00e4kert alternativ p\u00e5 menyn. M\u00e5nga traditionella r\u00e4tter \u00e4r n\u00e4mligen naturligt veganska \u00e4nda sedan medeltiden, s\u00e5 du beh\u00f6ver inte g\u00f6ra n\u00e5gra kompromisser med smaken.<\/p>\n\n\n\n<p class=\"wp-block-paragraph\">Om du best\u00e4mmer dig f\u00f6r boende p\u00e5 en g\u00e5rd, vilket vi varmt rekommenderar i v\u00e5r omfattande guide <a href=\"https:\/\/loudavymkrokem.cz\/sv\/agriturismo-toscana-italien\/\">Agriturismo i Toscana: 20 tips, priser och hur du v\u00e4ljer<\/a>, <strong>ange alltid att du \u00e4r vegetarian redan vid sj\u00e4lva onlinebokningen av vistelsen<\/strong>. Dessa sm\u00e5 familjeg\u00e5rdar fungerar n\u00e4mligen ofta s\u00e5 att husets fru varje kv\u00e4ll lagar bara en enda gemensam fast meny f\u00f6r alla g\u00e4ster, av det de just sk\u00f6rdat i tr\u00e4dg\u00e5rden den dagen. V\u00e4rdinnan beh\u00f6ver d\u00e4rf\u00f6r n\u00f6dv\u00e4ndigtvis veta i f\u00f6rv\u00e4g att hon ska f\u00f6rbereda en k\u00f6ttfri variant speciellt f\u00f6r dig, s\u00e5 att du inte blir besviken.<\/p>\n\n\n\n<figure data-wp-context=\"{&quot;imageId&quot;:&quot;6a9c3a746f47b&quot;}\" data-wp-interactive=\"core\/image\" data-wp-key=\"6a9c3a746f47b\" class=\"wp-block-image size-full wp-lightbox-container\"><img decoding=\"async\" width=\"1800\" height=\"1080\" data-wp-class--hide=\"state.isContentHidden\" data-wp-class--show=\"state.isContentVisible\" data-wp-init=\"callbacks.setButtonStyles\" data-wp-on--click=\"actions.showLightbox\" data-wp-on--load=\"callbacks.setButtonStyles\" data-wp-on--pointerdown=\"actions.preloadImage\" data-wp-on--pointerenter=\"actions.preloadImageWithDelay\" data-wp-on--pointerleave=\"actions.cancelPreload\" data-wp-on-window--resize=\"callbacks.setButtonStyles\" src=\"https:\/\/loudavymkrokem.cz\/wp-content\/uploads\/2026\/08\/toskansko-clanky-toskanska-kuchyne-31.jpg\" alt=\"Osterior och marknader d\u00e4r man \u00e4ter gott\" class=\"wp-image-394050\" title=\"\" srcset=\"https:\/\/loudavymkrokem.cz\/wp-content\/uploads\/2026\/08\/toskansko-clanky-toskanska-kuchyne-31.jpg 1800w, https:\/\/loudavymkrokem.cz\/wp-content\/uploads\/2026\/08\/toskansko-clanky-toskanska-kuchyne-31-300x180.jpg 300w, https:\/\/loudavymkrokem.cz\/wp-content\/uploads\/2026\/08\/toskansko-clanky-toskanska-kuchyne-31-700x420.jpg 700w, https:\/\/loudavymkrokem.cz\/wp-content\/uploads\/2026\/08\/toskansko-clanky-toskanska-kuchyne-31-768x461.jpg 768w, https:\/\/loudavymkrokem.cz\/wp-content\/uploads\/2026\/08\/toskansko-clanky-toskanska-kuchyne-31-1536x922.jpg 1536w, https:\/\/loudavymkrokem.cz\/wp-content\/uploads\/2026\/08\/toskansko-clanky-toskanska-kuchyne-31-696x418.jpg 696w, https:\/\/loudavymkrokem.cz\/wp-content\/uploads\/2026\/08\/toskansko-clanky-toskanska-kuchyne-31-1392x835.jpg 1392w\" sizes=\"(max-width: 1800px) 100vw, 1800px\" \/><button\n\t\t\tclass=\"lightbox-trigger\"\n\t\t\ttype=\"button\"\n\t\t\taria-haspopup=\"dialog\"\n\t\t\tdata-wp-bind--aria-label=\"state.thisImage.triggerButtonAriaLabel\"\n\t\t\tdata-wp-init=\"callbacks.initTriggerButton\"\n\t\t\tdata-wp-on--click=\"actions.showLightbox\"\n\t\t\tdata-wp-style--right=\"state.thisImage.buttonRight\"\n\t\t\tdata-wp-style--top=\"state.thisImage.buttonTop\"\n\t\t>\n\t\t\t<svg xmlns=\"http:\/\/www.w3.org\/2000\/svg\" width=\"12\" height=\"12\" fill=\"none\" viewBox=\"0 0 12 12\">\n\t\t\t\t<path fill=\"#fff\" d=\"M2 0a2 2 0 0 0-2 2v2h1.5V2a.5.5 0 0 1 .5-.5h2V0H2Zm2 10.5H2a.5.5 0 0 1-.5-.5V8H0v2a2 2 0 0 0 2 2h2v-1.5ZM8 12v-1.5h2a.5.5 0 0 0 .5-.5V8H12v2a2 2 0 0 1-2 2H8Zm2-12a2 2 0 0 1 2 2v2h-1.5V2a.5.5 0 0 0-.5-.5H8V0h2Z\" \/>\n\t\t\t<\/svg>\n\t\t<\/button><\/figure>\n\n\n\n<h2 class=\"wp-block-heading\"><span class=\"ez-toc-section\" id=\"Var_du_kan_ata\"><\/span>Var du kan \u00e4ta<span class=\"ez-toc-section-end\"><\/span><\/h2>\n\n\n\n<p class=\"wp-block-paragraph\">De b\u00e4sta kulinariska upplevelserna i Toscana hittar du oftast inte p\u00e5 lyxiga, st\u00e4rkta restauranger med vita dukar, utan p\u00e5 livliga st\u00e4llen d\u00e4r lokalborna vanligtvis samlas sj\u00e4lva. Bege dig tidigt p\u00e5 morgonen till de <strong>historiska saluhallarna<\/strong>, som den ber\u00f6mda <a href=\"https:\/\/www.mercatocentrale.com\/florence\/\" target=\"_blank\" rel=\"nofollow noopener\">Mercato Centrale<\/a> i Florens, d\u00e4r du kan k\u00f6pa f\u00e4rska f\u00e5rostar, s\u00e4songsfrukt, doftande tryffel och knaprigt br\u00f6d direkt fr\u00e5n b\u00f6nderna. F\u00f6r en snabb och billig lunch, leta efter <strong>sm\u00e5 familjeosterior<\/strong> i sidogr\u00e4nderna, d\u00e4r arbetare i overall och tj\u00e4nstem\u00e4n i kostym sitter \u00f6ver en tallrik het pasta.<\/p>\n\n\n\n<p class=\"wp-block-paragraph\">Om du letar efter <strong>konkreta bepr\u00f6vade st\u00e4llen<\/strong>, missa i Florens inte den legendariska <a href=\"https:\/\/trattoria-mario.com\/\" target=\"_blank\" rel=\"nofollow noopener\">Trattoria Mario<\/a> n\u00e4ra marknaden, d\u00e4r man lagar mat av de b\u00e4sta lokala r\u00e5varorna. I Siena l\u00f6nar det sig att boka bord p\u00e5 den omtyckta <a href=\"https:\/\/www.osterialelogge.it\/\" target=\"_blank\" rel=\"nofollow noopener\">Osteria Le Logge<\/a>. F\u00f6r mer inspiration inf\u00f6r resan kan du ocks\u00e5 utforska den officiella <a href=\"https:\/\/www.visittuscany.com\/\" target=\"_blank\" rel=\"nofollow noopener\">turistwebbplatsen f\u00f6r Toscana<\/a>, d\u00e4r du hittar massor av aktuella tips p\u00e5 <strong>matfestivaler och lokala marknader<\/strong>.<\/p>\n\n\n\n<figure data-wp-context=\"{&quot;imageId&quot;:&quot;6a9c3a746fd59&quot;}\" data-wp-interactive=\"core\/image\" data-wp-key=\"6a9c3a746fd59\" class=\"wp-block-image size-full wp-lightbox-container\"><img decoding=\"async\" width=\"1800\" height=\"1350\" data-wp-class--hide=\"state.isContentHidden\" data-wp-class--show=\"state.isContentVisible\" data-wp-init=\"callbacks.setButtonStyles\" data-wp-on--click=\"actions.showLightbox\" data-wp-on--load=\"callbacks.setButtonStyles\" data-wp-on--pointerdown=\"actions.preloadImage\" data-wp-on--pointerenter=\"actions.preloadImageWithDelay\" data-wp-on--pointerleave=\"actions.cancelPreload\" data-wp-on-window--resize=\"callbacks.setButtonStyles\" src=\"https:\/\/loudavymkrokem.cz\/wp-content\/uploads\/2026\/08\/toskansko-clanky-toskanska-kuchyne-32.jpg\" alt=\"Agriturismo d\u00e4r man lagar mat av egen produktion\" class=\"wp-image-394051\" title=\"\" srcset=\"https:\/\/loudavymkrokem.cz\/wp-content\/uploads\/2026\/08\/toskansko-clanky-toskanska-kuchyne-32.jpg 1800w, https:\/\/loudavymkrokem.cz\/wp-content\/uploads\/2026\/08\/toskansko-clanky-toskanska-kuchyne-32-300x225.jpg 300w, https:\/\/loudavymkrokem.cz\/wp-content\/uploads\/2026\/08\/toskansko-clanky-toskanska-kuchyne-32-700x525.jpg 700w, https:\/\/loudavymkrokem.cz\/wp-content\/uploads\/2026\/08\/toskansko-clanky-toskanska-kuchyne-32-768x576.jpg 768w, https:\/\/loudavymkrokem.cz\/wp-content\/uploads\/2026\/08\/toskansko-clanky-toskanska-kuchyne-32-1536x1152.jpg 1536w, https:\/\/loudavymkrokem.cz\/wp-content\/uploads\/2026\/08\/toskansko-clanky-toskanska-kuchyne-32-80x60.jpg 80w, https:\/\/loudavymkrokem.cz\/wp-content\/uploads\/2026\/08\/toskansko-clanky-toskanska-kuchyne-32-160x120.jpg 160w, https:\/\/loudavymkrokem.cz\/wp-content\/uploads\/2026\/08\/toskansko-clanky-toskanska-kuchyne-32-696x522.jpg 696w, https:\/\/loudavymkrokem.cz\/wp-content\/uploads\/2026\/08\/toskansko-clanky-toskanska-kuchyne-32-1392x1044.jpg 1392w\" sizes=\"(max-width: 1800px) 100vw, 1800px\" \/><button\n\t\t\tclass=\"lightbox-trigger\"\n\t\t\ttype=\"button\"\n\t\t\taria-haspopup=\"dialog\"\n\t\t\tdata-wp-bind--aria-label=\"state.thisImage.triggerButtonAriaLabel\"\n\t\t\tdata-wp-init=\"callbacks.initTriggerButton\"\n\t\t\tdata-wp-on--click=\"actions.showLightbox\"\n\t\t\tdata-wp-style--right=\"state.thisImage.buttonRight\"\n\t\t\tdata-wp-style--top=\"state.thisImage.buttonTop\"\n\t\t>\n\t\t\t<svg xmlns=\"http:\/\/www.w3.org\/2000\/svg\" width=\"12\" height=\"12\" fill=\"none\" viewBox=\"0 0 12 12\">\n\t\t\t\t<path fill=\"#fff\" d=\"M2 0a2 2 0 0 0-2 2v2h1.5V2a.5.5 0 0 1 .5-.5h2V0H2Zm2 10.5H2a.5.5 0 0 1-.5-.5V8H0v2a2 2 0 0 0 2 2h2v-1.5ZM8 12v-1.5h2a.5.5 0 0 0 .5-.5V8H12v2a2 2 0 0 1-2 2H8Zm2-12a2 2 0 0 1 2 2v2h-1.5V2a.5.5 0 0 0-.5-.5H8V0h2Z\" \/>\n\t\t\t<\/svg>\n\t\t<\/button><\/figure>\n\n\n\n<h2 class=\"wp-block-heading\"><span class=\"ez-toc-section\" id=\"Var_du_kan_bo\"><\/span>Var du kan bo<span class=\"ez-toc-section-end\"><\/span><\/h2>\n\n\n\n<p class=\"wp-block-paragraph\"><em>\ud83d\udca1 Tips p\u00e5 boende och upplevelser: Vi f\u00f6redrar att leta boende p\u00e5 <a class=\"thirstylink\" rel=\"nofollow\" target=\"_blank\" title=\"Booking.com\" href=\"https:\/\/loudavymkrokem.cz\/doporucujeme\/booking-com\/\" data-shortcode=\"true\">Booking.com<\/a>, d\u00e4r det brukar finnas <strong>de b\u00e4sta avbokningsvillkoren<\/strong>. Biljetter, utflykter och aktiviteter l\u00f6nar det sig sedan att <strong>j\u00e4mf\u00f6ra och k\u00f6pa<\/strong> via <a class=\"thirstylink\" rel=\"nofollow\" target=\"_blank\" title=\"GetYourGuide\" href=\"https:\/\/loudavymkrokem.cz\/doporucujeme\/getyourguide\/\" data-shortcode=\"true\">GetYourGuide<\/a>.<\/em><\/p>\n\n\n\n<p class=\"wp-block-paragraph\">Och f\u00f6r den allra mest autentiska upplevelsen rekommenderar jag att bege sig direkt ut p\u00e5 landsbygden och <strong>bo direkt i en agriturismo<\/strong> omgiven av ving\u00e5rdar och olivlundar. D\u00e4r smakar du n\u00e4mligen precis den <strong>\u00e4kta, gedigna cucina povera<\/strong> som vi pratat om genom hela den h\u00e4r artikeln, tillagad med k\u00e4rlek och av f\u00e4rska r\u00e5varor direkt fr\u00e5n f\u00e4ltet intill.<\/p>\n\n\n\n<p class=\"wp-block-paragraph\">F\u00f6r att underl\u00e4tta ditt s\u00f6kande har jag valt ut <strong>tre bepr\u00f6vade g\u00e5rdar<\/strong> d\u00e4r maten \u00e4r en del av upplevelsen och d\u00e4r <strong>vegetarianer hittar n\u00e5got<\/strong>:<\/p>\n\n\n\n<ul class=\"wp-block-list\">\n\n<li>  <strong><a href=\"https:\/\/www.stay22.com\/allez\/roam?aid=lukaskonecny&#038;campaign=loudavymkrokemcz&#038;campaign=toskanska-kuchyne&#038;hotelname=Fattoria%20Poggio%20Alloro&#038;address=San%20Gimignano,%20Italy\" target=\"_blank\" rel=\"noopener nofollow sponsored\">Fattoria Poggio Alloro<\/a>:<\/strong> Familjeg\u00e5rd med utsikt \u00f6ver San Gimignanos torn (betyg 4,8 av 5 fr\u00e5n 1 926 g\u00e4ster). De odlar egen saffran, g\u00f6r Vernaccia och har egen restaurang med hemgjord pici och f\u00e4rska ostar.<\/li>\n\n\n\n<li>  <strong><a href=\"https:\/\/www.stay22.com\/allez\/roam?aid=lukaskonecny&#038;campaign=loudavymkrokemcz&#038;campaign=toskanska-kuchyne&#038;hotelname=Agriturismo%20Il%20Rigo&#038;address=San%20Quirico%20d&#039;Orcia,%20Italy\" target=\"_blank\" rel=\"noopener nofollow sponsored\">Agriturismo Il Rigo<\/a>:<\/strong> Ett f\u00f6rtrollande st\u00e4lle i dalen Val d&#8217;Orcia, k\u00e4nt f\u00f6r sina kulinariska f\u00e4rdigheter. Till frukost bakar de egna kakor och till middag serverar de traditionella soppor och gr\u00f6nsaksr\u00e4tter fulla av \u00f6rter.<\/li>\n\n\n\n<li>  <strong><a href=\"https:\/\/www.stay22.com\/allez\/roam?aid=lukaskonecny&#038;campaign=loudavymkrokemcz&#038;campaign=toskanska-kuchyne&#038;hotelname=Borgo%20Santo%20Pietro&#038;address=Palazzetto,%20Chiusdino,%20It%C3%A1lie\" target=\"_blank\" rel=\"noopener nofollow sponsored\">Borgo Santo Pietro<\/a>:<\/strong> En boutiqueg\u00e5rd n\u00e4ra Chiusdino (betyg 4,5 av 5 fr\u00e5n 206 g\u00e4ster) med omfattande \u00f6rttr\u00e4dg\u00e5rdar och egen gastronomi. Det dyraste valet av dessa tre, men den som vill kombinera vistelsen med mat p\u00e5 h\u00f6g niv\u00e5 blir n\u00f6jd.<\/li>\n\n\n<\/ul>\n\n\n\n<h2 class=\"wp-block-heading\"><span class=\"ez-toc-section\" id=\"Vart_du_kan_aka_vidare\"><\/span>Vart du kan \u00e5ka vidare<span class=\"ez-toc-section-end\"><\/span><\/h2>\n\n\n\n<ul class=\"wp-block-list\">\n\n<li>  <a href=\"https:\/\/loudavymkrokem.cz\/sv\/toskana-vackraste-platser\/\">Toscana: 30 vackraste platserna och en 7-dagars reseplan<\/a><\/li>\n\n\n\n<li>  <a href=\"https:\/\/loudavymkrokem.cz\/sv\/toscana-italien-med-bil\/\">Toscana med bil: reseplan f\u00f6r 7 dagar<\/a><\/li>\n\n\n\n<li>  <a href=\"https:\/\/loudavymkrokem.cz\/sv\/toscana-italien-medeltid\/\">Siena och San Gimignano: 8 tips p\u00e5 vad du b\u00f6r se<\/a><\/li>\n\n\n\n<li>  <a href=\"https:\/\/loudavymkrokem.cz\/sv\/vackraste-smastader-toscana\/\">Toscanas vackraste sm\u00e5st\u00e4der<\/a><\/li>\n\n\n<\/ul>\n\n\n\n<h2 class=\"wp-block-heading\"><span class=\"ez-toc-section\" id=\"Vanliga_fragor\"><\/span>Vanliga fr\u00e5gor<span class=\"ez-toc-section-end\"><\/span><\/h2>\n\n\n<div id=\"rank-math-faq\" class=\"rank-math-block\">\n<div class=\"rank-math-list \">\n<div id=\"faq-question-1787322643000\" class=\"rank-math-list-item\">\n<h3 class=\"rank-math-question \"><span class=\"ez-toc-section\" id=\"Varfor_ar_toskanskt_brod_utan_salt\"><\/span>Varf\u00f6r \u00e4r toskanskt br\u00f6d utan salt?<span class=\"ez-toc-section-end\"><\/span><\/h3>\n<div class=\"rank-math-answer \">\n\n<p>Det toskanska br\u00f6det som kallas pane sciocco bakas helt utan salt p\u00e5 grund av en fascinerande historisk h\u00e4ndelse fr\u00e5n 1100-talet, d\u00e5 den m\u00e4ktiga sj\u00f6fartsrepubliken Pisa inf\u00f6rde en extremt h\u00f6g skatt p\u00e5 saltimport till inlandet. De stolta florentinarna b\u00f6rjade i protest baka osaltat br\u00f6d. Denna vana slog verkligen rot, eftersom det neutrala br\u00f6det passar utm\u00e4rkt f\u00f6r att balansera mycket salta lokala charkuterier, det kraftiga f\u00e5rosten pecorino och den pikanta olivoljan.<\/p>\n\n<\/div>\n<\/div>\n<div id=\"faq-question-1787322643001\" class=\"rank-math-list-item\">\n<h3 class=\"rank-math-question \"><span class=\"ez-toc-section\" id=\"Vad_ska_man_smaka_pa_i_Toskana\"><\/span>Vad ska man smaka p\u00e5 i Toskana?<span class=\"ez-toc-section-end\"><\/span><\/h3>\n<div class=\"rank-math-answer \">\n\n<p>Grunden i det lokala k\u00f6ket \u00e4r rej\u00e4la br\u00f6dbaserade soppor som den vintriga ribollitan eller pappa al pomodoro. Missa absolut inte de handv\u00e4ltade tjocka pastarna pici med vitl\u00f6kss\u00e5s, den utm\u00e4rkta lagrade f\u00e5rosten pecorino fr\u00e5n Pienza och f\u00e4rsk olivolja. Som s\u00f6t avslutning v\u00e4lj de h\u00e5rda mandelbiskvierna cantucci, som traditionellt doppas i det s\u00f6ta dessertvinet Vin Santo.<\/p>\n\n<\/div>\n<\/div>\n<div id=\"faq-question-1787322643002\" class=\"rank-math-list-item\">\n<h3 class=\"rank-math-question \"><span class=\"ez-toc-section\" id=\"Ar_det_toskanska_koket_lampligt_for_vegetarianer\"><\/span>\u00c4r det toskanska k\u00f6ket l\u00e4mpligt f\u00f6r vegetarianer?<span class=\"ez-toc-section-end\"><\/span><\/h3>\n<div class=\"rank-math-answer \">\n\n<p>Ja, Toskana \u00e4r en helt idealisk destination f\u00f6r vegetarianer. Tack vare den historiska traditionen av det fattiga bondk\u00f6ket (cucina povera) \u00e4r den \u00f6verv\u00e4ldigande majoriteten av traditionella f\u00f6rr\u00e4tter, m\u00e4ttande soppor och br\u00f6dsallader baserade uteslutande p\u00e5 baljv\u00e4xter, f\u00e4rska s\u00e4songsgr\u00f6nsaker och h\u00f6gkvalitativ olivolja. De popul\u00e4ra florentinska biffarna och k\u00f6ttrag\u00f9erna utg\u00f6r bara en br\u00e5kdel av den lokala menyn.<\/p>\n\n<\/div>\n<\/div>\n<div id=\"faq-question-1787322643003\" class=\"rank-math-list-item\">\n<h3 class=\"rank-math-question \"><span class=\"ez-toc-section\" id=\"Vad_ar_cucina_povera\"><\/span>Vad \u00e4r cucina povera?<span class=\"ez-toc-section-end\"><\/span><\/h3>\n<div class=\"rank-math-answer \">\n\n<p>Cucina povera eller det fattiga k\u00f6ket \u00e4r ett historiskt f\u00f6rh\u00e5llningss\u00e4tt till matlagning som uppstod ur ren n\u00f6dv\u00e4ndighet p\u00e5 den fattiga italienska landsbygden. Dess k\u00e4rna \u00e4r inte att skapa komplicerade och dyra r\u00e4tter, utan att maximalt utnyttja tillg\u00e4ngliga och s\u00e4songsbundna r\u00e5varor. P\u00e5 s\u00e5 s\u00e4tt f\u00f6rvandlar den genialiskt vanliga rester, som h\u00e4rdat br\u00f6d, vilda \u00f6rter och vanliga b\u00f6nor, till perfekta och oerh\u00f6rt m\u00e4ttande r\u00e4tter fulla av smak.<\/p>\n\n<\/div>\n<\/div>\n<div id=\"faq-question-1787322643004\" class=\"rank-math-list-item\">\n<h3 class=\"rank-math-question \"><span class=\"ez-toc-section\" id=\"Vilket_ar_det_basta_toskanska_vinet\"><\/span>Vilket \u00e4r det b\u00e4sta toskanska vinet?<span class=\"ez-toc-section-end\"><\/span><\/h3>\n<div class=\"rank-math-answer \">\n\n<p>Bland r\u00f6dviner regerar utan tvekan det ber\u00f6mda Chianti Classico med sin typiska logotyp med den svarta tuppen och det prestigefyllda, l\u00e5nglagrade Brunello di Montalcino. Om du f\u00f6redrar vita sorter, leta definitivt efter Vernaccia di San Gimignano. Det \u00e4r en absolut v\u00e4rldsunik sort, eftersom det var det allra f\u00f6rsta italienska vinet som n\u00e5gonsin erh\u00f6ll den strikt skyddade DOC-statusen.<\/p>\n\n<\/div>\n<\/div>\n<div id=\"faq-question-1787322643005\" class=\"rank-math-list-item\">\n<h3 class=\"rank-math-question \"><span class=\"ez-toc-section\" id=\"Vad_ar_Vin_Santo_och_hur_dricker_man_det\"><\/span>Vad \u00e4r Vin Santo och hur dricker man det?<span class=\"ez-toc-section-end\"><\/span><\/h3>\n<div class=\"rank-math-answer \">\n\n<p>Vin Santo \u00e4r ett traditionellt toskanskt b\u00e4rnstensfarkat dessertvin som tillverkas av sensk\u00f6rdade druvor av sorterna Trebbiano och Malvasia. Dessa torkas i flera m\u00e5nader och vinet mognar sedan i m\u00e5nga \u00e5r i sm\u00e5 tr\u00e4fat. Traditionellt dricks det allra sist efter m\u00e5ltiden och man doppar g\u00e4rna de h\u00e5rda mandelbiskvierna cantucci i det.<\/p>\n\n<\/div>\n<\/div>\n<div id=\"faq-question-1787322643006\" class=\"rank-math-list-item\">\n<h3 class=\"rank-math-question \"><span class=\"ez-toc-section\" id=\"Nar_kan_man_kopa_schiacciata_con_luva\"><\/span>N\u00e4r kan man k\u00f6pa schiacciata con l&#8217;uva?<span class=\"ez-toc-section-end\"><\/span><\/h3>\n<div class=\"rank-math-answer \">\n\n<p>Denna traditionella och mycket popul\u00e4ra s\u00f6ta kaka, d\u00e4r f\u00e4rska vindruvor \u00e4r intryckta, \u00e4r ett typiskt exempel p\u00e5 det toskanska k\u00f6kets strikta s\u00e4songsanpassning. Du hittar den i lokala bagerier strikt endast i september, under ungef\u00e4r tre till fyra veckor, n\u00e4r vinodlingss\u00e4songen p\u00e5g\u00e5r och mogna bl\u00e5 druvor sk\u00f6rdas i ving\u00e5rdarna.<\/p>\n\n<\/div>\n<\/div>\n<div id=\"faq-question-1787322643007\" class=\"rank-math-list-item\">\n<h3 class=\"rank-math-question \"><span class=\"ez-toc-section\" id=\"Vad_betyder_posten_coperto_pa_notan\"><\/span>Vad betyder posten coperto p\u00e5 notan?<span class=\"ez-toc-section-end\"><\/span><\/h3>\n<div class=\"rank-math-answer \">\n\n<p>Coperto \u00e4r en helt vanlig och laglig avgift f\u00f6r kuvertering som p\u00e5 italienska restauranger automatiskt debiteras per sittande person vid bordet. Den ligger vanligtvis p\u00e5 tv\u00e5 till fyra euro och inkluderar kostnaderna f\u00f6r service, duk, diskning och ofta \u00e4ven en korg med f\u00e4rskt br\u00f6d som du f\u00e5r f\u00f6re m\u00e5ltiden.<\/p>\n\n<\/div>\n<\/div>\n<\/div>\n<\/div>","protected":false},"excerpt":{"rendered":"<p>Det toskanska k\u00f6ket vilar p\u00e5 br\u00f6d, b\u00f6nor och gr\u00f6nsaker. Uppt\u00e4ck 22 r\u00e4tter i Toscana i Italien som verkligen definierar den h\u00e4r regionen.<\/p>\n","protected":false},"author":3,"featured_media":394056,"comment_status":"open","ping_status":"open","sticky":false,"template":"","format":"standard","meta":{"_acf_changed":false,"footnotes":"","rank_math_title":"Toscana i Italien: 22 r\u00e4tter du m\u00e5ste smaka p\u00e5","rank_math_description":"Uppt\u00e4ck maten i Toscana i Italien: 22 autentiska r\u00e4tter, viner och tips f\u00f6r vegetarianer. L\u00e4s v\u00e5r kompletta guide och planera din smakresa redan idag!","rank_math_focus_keyword":"toscana italien","rank_math_seo_score":""},"categories":[1178,1193,1162],"tags":[],"class_list":["post-417576","post","type-post","status-publish","format-standard","has-post-thumbnail","category-europa","category-italien","category-resor"],"acf":[],"featured_image_src":"https:\/\/loudavymkrokem.cz\/wp-content\/uploads\/2026\/08\/kuchyne-featured.jpg","author_info":{"display_name":"Lucie Kone\u010dn\u00e1","author_link":"https:\/\/loudavymkrokem.cz\/sv\/author\/lucie-konecna\/"},"_links":{"self":[{"href":"https:\/\/loudavymkrokem.cz\/sv\/wp-json\/wp\/v2\/posts\/417576","targetHints":{"allow":["GET"]}}],"collection":[{"href":"https:\/\/loudavymkrokem.cz\/sv\/wp-json\/wp\/v2\/posts"}],"about":[{"href":"https:\/\/loudavymkrokem.cz\/sv\/wp-json\/wp\/v2\/types\/post"}],"author":[{"embeddable":true,"href":"https:\/\/loudavymkrokem.cz\/sv\/wp-json\/wp\/v2\/users\/3"}],"replies":[{"embeddable":true,"href":"https:\/\/loudavymkrokem.cz\/sv\/wp-json\/wp\/v2\/comments?post=417576"}],"version-history":[{"count":2,"href":"https:\/\/loudavymkrokem.cz\/sv\/wp-json\/wp\/v2\/posts\/417576\/revisions"}],"predecessor-version":[{"id":417578,"href":"https:\/\/loudavymkrokem.cz\/sv\/wp-json\/wp\/v2\/posts\/417576\/revisions\/417578"}],"wp:featuredmedia":[{"embeddable":true,"href":"https:\/\/loudavymkrokem.cz\/sv\/wp-json\/wp\/v2\/media\/394056"}],"wp:attachment":[{"href":"https:\/\/loudavymkrokem.cz\/sv\/wp-json\/wp\/v2\/media?parent=417576"}],"wp:term":[{"taxonomy":"category","embeddable":true,"href":"https:\/\/loudavymkrokem.cz\/sv\/wp-json\/wp\/v2\/categories?post=417576"},{"taxonomy":"post_tag","embeddable":true,"href":"https:\/\/loudavymkrokem.cz\/sv\/wp-json\/wp\/v2\/tags?post=417576"}],"curies":[{"name":"wp","href":"https:\/\/api.w.org\/{rel}","templated":true}]}}