{"id":409909,"date":"2026-08-29T20:24:18","date_gmt":"2026-08-29T18:24:18","guid":{"rendered":"https:\/\/loudavymkrokem.cz\/tartu-estland-sevardheter\/"},"modified":"2026-08-31T12:21:25","modified_gmt":"2026-08-31T10:21:25","slug":"tartu-estland-sevardheter","status":"publish","type":"post","link":"https:\/\/loudavymkrokem.cz\/sv\/tartu-estland-sevardheter\/","title":{"rendered":"Tartu i Estland: 12 tips p\u00e5 vad du ska se i studentstaden 2026"},"content":{"rendered":"\n<p class=\"wp-block-paragraph\">Medan Tallinn ofta fylls av turistmassor fr\u00e5n kryssningsfartyg under dagen, lever Tartu i Estland i ett helt annat tempo. Den h\u00e4r <strong>n\u00e4st st\u00f6rsta staden i Estland<\/strong> ligger ungef\u00e4r tv\u00e5 timmar s\u00f6derut och tillh\u00f6r framf\u00f6r allt studenterna. H\u00e4r hittar du en betydligt mer avslappnad atmosf\u00e4r som direkt drar in dig i sin lugna rytm.<\/p>\n\n\n\n<p class=\"wp-block-paragraph\">Staden kallas f\u00f6r de goda id\u00e9ernas stad, och det lokala universitetet, <strong>grundat redan 1632<\/strong>, g\u00f6r den till landets verkliga intellektuella hj\u00e4rta. Turister styr visserligen inte hit i lika stor utstr\u00e4ckning, men enligt m\u00e5nga resen\u00e4rer v\u00e4ntar just d\u00e4rf\u00f6r en desto mer autentisk upplevelse. Det r\u00e5der n\u00e4mligen ingen brist p\u00e5 fantastiska kaf\u00e9er, vackra parker och or\u00f6rd arkitektur.<\/p>\n\n\n\n<p class=\"wp-block-paragraph\">Jag ger dig <strong>12 tips<\/strong> p\u00e5 vad du absolut inte f\u00e5r missa i staden \u2014 fr\u00e5n sm\u00e5 kaf\u00e9er p\u00e5 kreativa innerg\u00e5rdar till ett museum som knockar dig fullst\u00e4ndigt. Jag ber\u00e4ttar ocks\u00e5 hur du b\u00e4st tar dig hit, <strong>hur mycket tid du b\u00f6r avs\u00e4tta<\/strong> och var du ska bo strategiskt f\u00f6r att ha allt inom r\u00e4ckh\u00e5ll.<\/p>\n\n\n\n<figure data-wp-context=\"{&quot;imageId&quot;:&quot;6a95731989984&quot;}\" data-wp-interactive=\"core\/image\" data-wp-key=\"6a95731989984\" class=\"wp-block-image size-full wp-lightbox-container\"><img decoding=\"async\" width=\"1800\" height=\"872\" data-wp-class--hide=\"state.isContentHidden\" data-wp-class--show=\"state.isContentVisible\" data-wp-init=\"callbacks.setButtonStyles\" data-wp-on--click=\"actions.showLightbox\" data-wp-on--load=\"callbacks.setButtonStyles\" data-wp-on--pointerdown=\"actions.preloadImage\" data-wp-on--pointerenter=\"actions.preloadImageWithDelay\" data-wp-on--pointerleave=\"actions.cancelPreload\" data-wp-on-window--resize=\"callbacks.setButtonStyles\" src=\"https:\/\/loudavymkrokem.cz\/wp-content\/uploads\/2026\/07\/estonsko-clanky-tartu-co-videt-01.jpg\" alt=\"R\u00e5dhustorget i Tartu\" class=\"wp-image-350586\" title=\"\" srcset=\"https:\/\/loudavymkrokem.cz\/wp-content\/uploads\/2026\/07\/estonsko-clanky-tartu-co-videt-01.jpg 1800w, https:\/\/loudavymkrokem.cz\/wp-content\/uploads\/2026\/07\/estonsko-clanky-tartu-co-videt-01-300x145.jpg 300w, https:\/\/loudavymkrokem.cz\/wp-content\/uploads\/2026\/07\/estonsko-clanky-tartu-co-videt-01-700x339.jpg 700w, https:\/\/loudavymkrokem.cz\/wp-content\/uploads\/2026\/07\/estonsko-clanky-tartu-co-videt-01-768x372.jpg 768w, https:\/\/loudavymkrokem.cz\/wp-content\/uploads\/2026\/07\/estonsko-clanky-tartu-co-videt-01-1536x744.jpg 1536w, https:\/\/loudavymkrokem.cz\/wp-content\/uploads\/2026\/07\/estonsko-clanky-tartu-co-videt-01-696x337.jpg 696w, https:\/\/loudavymkrokem.cz\/wp-content\/uploads\/2026\/07\/estonsko-clanky-tartu-co-videt-01-1392x674.jpg 1392w\" sizes=\"(max-width: 1800px) 100vw, 1800px\" \/><button\n\t\t\tclass=\"lightbox-trigger\"\n\t\t\ttype=\"button\"\n\t\t\taria-haspopup=\"dialog\"\n\t\t\tdata-wp-bind--aria-label=\"state.thisImage.triggerButtonAriaLabel\"\n\t\t\tdata-wp-init=\"callbacks.initTriggerButton\"\n\t\t\tdata-wp-on--click=\"actions.showLightbox\"\n\t\t\tdata-wp-style--right=\"state.thisImage.buttonRight\"\n\t\t\tdata-wp-style--top=\"state.thisImage.buttonTop\"\n\t\t>\n\t\t\t<svg xmlns=\"http:\/\/www.w3.org\/2000\/svg\" width=\"12\" height=\"12\" fill=\"none\" viewBox=\"0 0 12 12\">\n\t\t\t\t<path fill=\"#fff\" d=\"M2 0a2 2 0 0 0-2 2v2h1.5V2a.5.5 0 0 1 .5-.5h2V0H2Zm2 10.5H2a.5.5 0 0 1-.5-.5V8H0v2a2 2 0 0 0 2 2h2v-1.5ZM8 12v-1.5h2a.5.5 0 0 0 .5-.5V8H12v2a2 2 0 0 1-2 2H8Zm2-12a2 2 0 0 1 2 2v2h-1.5V2a.5.5 0 0 0-.5-.5H8V0h2Z\" \/>\n\t\t\t<\/svg>\n\t\t<\/button><figcaption class=\"wp-element-caption\">Foto: Cayambe \/ Wikimedia Commons, CC BY-SA 4.0<\/figcaption><\/figure>\n\n\n\n<div id=\"ez-toc-container\" class=\"ez-toc-v2_0_86 ez-toc-wrap-left counter-hierarchy ez-toc-counter ez-toc-grey ez-toc-container-direction\">\n<div class=\"ez-toc-title-container\">\n<p class=\"ez-toc-title\" style=\"cursor:inherit\">Artikelns inneh\u00e5ll<\/p>\n<span class=\"ez-toc-title-toggle\"><a href=\"#\" class=\"ez-toc-pull-right ez-toc-btn ez-toc-btn-xs ez-toc-btn-default ez-toc-toggle\" aria-label=\"Toggle Table of Content\"><span class=\"ez-toc-js-icon-con\"><span class=\"\"><span class=\"eztoc-hide\" style=\"display:none;\">Toggle<\/span><span class=\"ez-toc-icon-toggle-span\"><svg style=\"fill: #999;color:#999\" xmlns=\"http:\/\/www.w3.org\/2000\/svg\" class=\"list-377408\" width=\"20px\" height=\"20px\" viewBox=\"0 0 24 24\" fill=\"none\"><path d=\"M6 6H4v2h2V6zm14 0H8v2h12V6zM4 11h2v2H4v-2zm16 0H8v2h12v-2zM4 16h2v2H4v-2zm16 0H8v2h12v-2z\" fill=\"currentColor\"><\/path><\/svg><svg style=\"fill: #999;color:#999\" class=\"arrow-unsorted-368013\" xmlns=\"http:\/\/www.w3.org\/2000\/svg\" width=\"10px\" height=\"10px\" viewBox=\"0 0 24 24\" version=\"1.2\" baseProfile=\"tiny\"><path d=\"M18.2 9.3l-6.2-6.3-6.2 6.3c-.2.2-.3.4-.3.7s.1.5.3.7c.2.2.4.3.7.3h11c.3 0 .5-.1.7-.3.2-.2.3-.5.3-.7s-.1-.5-.3-.7zM5.8 14.7l6.2 6.3 6.2-6.3c.2-.2.3-.5.3-.7s-.1-.5-.3-.7c-.2-.2-.4-.3-.7-.3h-11c-.3 0-.5.1-.7.3-.2.2-.3.5-.3.7s.1.5.3.7z\"\/><\/svg><\/span><\/span><\/span><\/a><\/span><\/div>\n<nav><ul class='ez-toc-list ez-toc-list-level-1 ' ><ul class='ez-toc-list-level-3' ><li class='ez-toc-heading-level-3'><a class=\"ez-toc-link ez-toc-heading-1\" href=\"https:\/\/loudavymkrokem.cz\/sv\/tartu-estland-sevardheter\/#Sammanfattning\" >Sammanfattning<\/a><\/li><\/ul><\/li><li class='ez-toc-page-1 ez-toc-heading-level-2'><a class=\"ez-toc-link ez-toc-heading-2\" href=\"https:\/\/loudavymkrokem.cz\/sv\/tartu-estland-sevardheter\/#Nar_du_ska_aka_till_Tartu\" >N\u00e4r du ska \u00e5ka till Tartu<\/a><\/li><li class='ez-toc-page-1 ez-toc-heading-level-2'><a class=\"ez-toc-link ez-toc-heading-3\" href=\"https:\/\/loudavymkrokem.cz\/sv\/tartu-estland-sevardheter\/#Hur_du_tar_dig_till_Tartu\" >Hur du tar dig till Tartu<\/a><\/li><li class='ez-toc-page-1 ez-toc-heading-level-2'><a class=\"ez-toc-link ez-toc-heading-4\" href=\"https:\/\/loudavymkrokem.cz\/sv\/tartu-estland-sevardheter\/#Var_du_ska_bo_i_Tartu\" >Var du ska bo i Tartu<\/a><\/li><li class='ez-toc-page-1 ez-toc-heading-level-2'><a class=\"ez-toc-link ez-toc-heading-5\" href=\"https:\/\/loudavymkrokem.cz\/sv\/tartu-estland-sevardheter\/#12_tips_pa_vad_du_ska_se_och_uppleva_i_Tartu\" >12 tips p\u00e5 vad du ska se och uppleva i Tartu<\/a><ul class='ez-toc-list-level-3' ><li class='ez-toc-heading-level-3'><a class=\"ez-toc-link ez-toc-heading-6\" href=\"https:\/\/loudavymkrokem.cz\/sv\/tartu-estland-sevardheter\/#1_Radhustorget_och_fontanen_med_de_kyssande_studenterna\" >1. R\u00e5dhustorget och font\u00e4nen med de kyssande studenterna<\/a><\/li><li class='ez-toc-page-1 ez-toc-heading-level-3'><a class=\"ez-toc-link ez-toc-heading-7\" href=\"https:\/\/loudavymkrokem.cz\/sv\/tartu-estland-sevardheter\/#2_Universitetets_huvudbyggnad_och_den_historiska_karcern\" >2. Universitetets huvudbyggnad och den historiska karcern<\/a><\/li><li class='ez-toc-page-1 ez-toc-heading-level-3'><a class=\"ez-toc-link ez-toc-heading-8\" href=\"https:\/\/loudavymkrokem.cz\/sv\/tartu-estland-sevardheter\/#3_Kullen_Toomemagi_och_ruinerna_av_den_gotiska_katedralen\" >3. Kullen Toomem\u00e4gi och ruinerna av den gotiska katedralen<\/a><\/li><li class='ez-toc-page-1 ez-toc-heading-level-3'><a class=\"ez-toc-link ez-toc-heading-9\" href=\"https:\/\/loudavymkrokem.cz\/sv\/tartu-estland-sevardheter\/#4_Angelbron_och_Djavulsbron_fulla_av_vidskepelse\" >4. \u00c4ngelbron och Dj\u00e4vulsbron fulla av vidskepelse<\/a><\/li><li class='ez-toc-page-1 ez-toc-heading-level-3'><a class=\"ez-toc-link ez-toc-heading-10\" href=\"https:\/\/loudavymkrokem.cz\/sv\/tartu-estland-sevardheter\/#5_Vetenskapscentret_AHHAA\" >5. Vetenskapscentret AHHAA<\/a><\/li><li class='ez-toc-page-1 ez-toc-heading-level-3'><a class=\"ez-toc-link ez-toc-heading-11\" href=\"https:\/\/loudavymkrokem.cz\/sv\/tartu-estland-sevardheter\/#6_Estlands_nationalmuseum_ERM\" >6. Estlands nationalmuseum (ERM)<\/a><\/li><li class='ez-toc-page-1 ez-toc-heading-level-3'><a class=\"ez-toc-link ez-toc-heading-12\" href=\"https:\/\/loudavymkrokem.cz\/sv\/tartu-estland-sevardheter\/#7_Trastadsdelen_Supilinn_Soppstaden\" >7. Tr\u00e4stadsdelen Supilinn (Soppstaden)<\/a><\/li><li class='ez-toc-page-1 ez-toc-heading-level-3'><a class=\"ez-toc-link ez-toc-heading-13\" href=\"https:\/\/loudavymkrokem.cz\/sv\/tartu-estland-sevardheter\/#8_Kreativa_centret_Aparaaditehas\" >8. Kreativa centret Aparaaditehas<\/a><\/li><li class='ez-toc-page-1 ez-toc-heading-level-3'><a class=\"ez-toc-link ez-toc-heading-14\" href=\"https:\/\/loudavymkrokem.cz\/sv\/tartu-estland-sevardheter\/#9_Floden_Emajogi_och_bagbron_Kaarsild\" >9. Floden Emaj\u00f5gi och b\u00e5gbron Kaarsild<\/a><\/li><li class='ez-toc-page-1 ez-toc-heading-level-3'><a class=\"ez-toc-link ez-toc-heading-15\" href=\"https:\/\/loudavymkrokem.cz\/sv\/tartu-estland-sevardheter\/#10_Universitetets_botaniska_tradgard\" >10. Universitetets botaniska tr\u00e4dg\u00e5rd<\/a><\/li><li class='ez-toc-page-1 ez-toc-heading-level-3'><a class=\"ez-toc-link ez-toc-heading-16\" href=\"https:\/\/loudavymkrokem.cz\/sv\/tartu-estland-sevardheter\/#11_Tartu_observatorium_pa_UNESCO_s_varldsarvslista\" >11. Tartu observatorium p\u00e5 UNESCO:s v\u00e4rldsarvslista<\/a><\/li><li class='ez-toc-page-1 ez-toc-heading-level-3'><a class=\"ez-toc-link ez-toc-heading-17\" href=\"https:\/\/loudavymkrokem.cz\/sv\/tartu-estland-sevardheter\/#12_Pussirohukelder_Krutkallaren_med_rekordtaket\" >12. P\u00fcssirohukelder (Krutk\u00e4llaren) med rekordtaket<\/a><\/li><\/ul><\/li><li class='ez-toc-page-1 ez-toc-heading-level-2'><a class=\"ez-toc-link ez-toc-heading-18\" href=\"https:\/\/loudavymkrokem.cz\/sv\/tartu-estland-sevardheter\/#Vad_som_blev_kvar_efter_Europas_kulturhuvudstad\" >Vad som blev kvar efter Europas kulturhuvudstad<\/a><\/li><li class='ez-toc-page-1 ez-toc-heading-level-2'><a class=\"ez-toc-link ez-toc-heading-19\" href=\"https:\/\/loudavymkrokem.cz\/sv\/tartu-estland-sevardheter\/#Utflykter_fran_Tartu\" >Utflykter fr\u00e5n Tartu<\/a><\/li><li class='ez-toc-page-1 ez-toc-heading-level-2'><a class=\"ez-toc-link ez-toc-heading-20\" href=\"https:\/\/loudavymkrokem.cz\/sv\/tartu-estland-sevardheter\/#Var_du_ska_ata\" >Var du ska \u00e4ta<\/a><\/li><li class='ez-toc-page-1 ez-toc-heading-level-2'><a class=\"ez-toc-link ez-toc-heading-21\" href=\"https:\/\/loudavymkrokem.cz\/sv\/tartu-estland-sevardheter\/#Vart_harnast\" >Vart h\u00e4rn\u00e4st<\/a><\/li><li class='ez-toc-page-1 ez-toc-heading-level-2'><a class=\"ez-toc-link ez-toc-heading-22\" href=\"https:\/\/loudavymkrokem.cz\/sv\/tartu-estland-sevardheter\/#Vanliga_fragor\" >Vanliga fr\u00e5gor<\/a><ul class='ez-toc-list-level-3' ><li class='ez-toc-heading-level-3'><a class=\"ez-toc-link ez-toc-heading-23\" href=\"https:\/\/loudavymkrokem.cz\/sv\/tartu-estland-sevardheter\/#Ar_det_vart_att_besoka_Tartu\" >\u00c4r det v\u00e4rt att bes\u00f6ka Tartu?<\/a><\/li><li class='ez-toc-page-1 ez-toc-heading-level-3'><a class=\"ez-toc-link ez-toc-heading-24\" href=\"https:\/\/loudavymkrokem.cz\/sv\/tartu-estland-sevardheter\/#Vad_ar_det_basta_sattet_att_ta_sig_fran_Tallinn_till_Tartu\" >Vad \u00e4r det b\u00e4sta s\u00e4ttet att ta sig fr\u00e5n Tallinn till Tartu?<\/a><\/li><li class='ez-toc-page-1 ez-toc-heading-level-3'><a class=\"ez-toc-link ez-toc-heading-25\" href=\"https:\/\/loudavymkrokem.cz\/sv\/tartu-estland-sevardheter\/#Hur_manga_dagar_behover_jag_for_att_se_allt\" >Hur m\u00e5nga dagar beh\u00f6ver jag f\u00f6r att se allt?<\/a><\/li><li class='ez-toc-page-1 ez-toc-heading-level-3'><a class=\"ez-toc-link ez-toc-heading-26\" href=\"https:\/\/loudavymkrokem.cz\/sv\/tartu-estland-sevardheter\/#Vad_bor_jag_absolut_se_i_Tartu\" >Vad b\u00f6r jag absolut se i Tartu?<\/a><\/li><li class='ez-toc-page-1 ez-toc-heading-level-3'><a class=\"ez-toc-link ez-toc-heading-27\" href=\"https:\/\/loudavymkrokem.cz\/sv\/tartu-estland-sevardheter\/#Ar_vetenskapscentret_AHHAA_lampligt_for_barn\" >\u00c4r vetenskapscentret AHHAA l\u00e4mpligt f\u00f6r barn?<\/a><\/li><li class='ez-toc-page-1 ez-toc-heading-level-3'><a class=\"ez-toc-link ez-toc-heading-28\" href=\"https:\/\/loudavymkrokem.cz\/sv\/tartu-estland-sevardheter\/#Hur_mycket_kostar_intradet_till_de_viktigaste_museerna_ungefar\" >Hur mycket kostar intr\u00e4det till de viktigaste museerna ungef\u00e4r?<\/a><\/li><li class='ez-toc-page-1 ez-toc-heading-level-3'><a class=\"ez-toc-link ez-toc-heading-29\" href=\"https:\/\/loudavymkrokem.cz\/sv\/tartu-estland-sevardheter\/#Nar_ar_den_basta_tiden_att_besoka\" >N\u00e4r \u00e4r den b\u00e4sta tiden att bes\u00f6ka?<\/a><\/li><li class='ez-toc-page-1 ez-toc-heading-level-3'><a class=\"ez-toc-link ez-toc-heading-30\" href=\"https:\/\/loudavymkrokem.cz\/sv\/tartu-estland-sevardheter\/#Vad_finns_kvar_i_staden_fran_titeln_Europeisk_kulturhuvudstad\" >Vad finns kvar i staden fr\u00e5n titeln Europeisk kulturhuvudstad?<\/a><\/li><li class='ez-toc-page-1 ez-toc-heading-level-3'><a class=\"ez-toc-link ez-toc-heading-31\" href=\"https:\/\/loudavymkrokem.cz\/sv\/tartu-estland-sevardheter\/#Var_kan_man_ata_bra_och_billigt\" >Var kan man \u00e4ta bra och billigt?<\/a><\/li><\/ul><\/li><\/ul><\/nav><\/div>\n<h3 class=\"wp-block-heading\"><span class=\"ez-toc-section\" id=\"Sammanfattning\"><\/span>Sammanfattning<span class=\"ez-toc-section-end\"><\/span><\/h3>\n\n\n\n<ul class=\"wp-block-list\">\n\n<li>  <strong>Varf\u00f6r \u00e5ka till Tartu:<\/strong> Det \u00e4r en universitetsstad med en otroligt avslappnad atmosf\u00e4r som inte \u00e4r \u00f6verfull av turister.<\/li>\n\n\n\n<li>  <strong>Hur m\u00e5nga dagar du b\u00f6r avs\u00e4tta:<\/strong> F\u00f6r sj\u00e4lva sev\u00e4rdheterna i staden r\u00e4cker en till tv\u00e5 dagar gott och v\u00e4l, men med utflykter i omgivningen kan du l\u00e4tt stanna i tre dagar.<\/li>\n\n\n\n<li>  <strong>Hur du tar dig hit:<\/strong> Fr\u00e5n Tallinn g\u00e5r mycket bekv\u00e4ma Elron-t\u00e5g och Lux Express-bussar, och resan tar ungef\u00e4r tv\u00e5 timmar.<\/li>\n\n\n\n<li>  <strong>Vad du absolut inte f\u00e5r missa:<\/strong> Vetenskapscentret AHHAA, Estlands nationalmuseum (ERM) och den romantiska kullen Toomem\u00e4gi.<\/li>\n\n\n\n<li>  <strong>Vad det kostar:<\/strong> Priserna \u00e4r n\u00e5got v\u00e4nligare \u00e4n i huvudstaden \u2013 f\u00f6r en lunchmeny betalar du oftast runt 5 till 8 euro.<\/li>\n\n\n\n<li>  <strong>N\u00e4r du ska \u00e5ka:<\/strong> Du upplever den b\u00e4sta st\u00e4mningen under l\u00e4s\u00e5ret p\u00e5 v\u00e5ren eller h\u00f6sten, n\u00e4r staden pulserar av studentliv.<\/li>\n\n\n<\/ul>\n\n\n\n<figure data-wp-context=\"{&quot;imageId&quot;:&quot;6a9573198a057&quot;}\" data-wp-interactive=\"core\/image\" data-wp-key=\"6a9573198a057\" class=\"wp-block-image size-full wp-lightbox-container\"><img decoding=\"async\" width=\"1800\" height=\"1200\" data-wp-class--hide=\"state.isContentHidden\" data-wp-class--show=\"state.isContentVisible\" data-wp-init=\"callbacks.setButtonStyles\" data-wp-on--click=\"actions.showLightbox\" data-wp-on--load=\"callbacks.setButtonStyles\" data-wp-on--pointerdown=\"actions.preloadImage\" data-wp-on--pointerenter=\"actions.preloadImageWithDelay\" data-wp-on--pointerleave=\"actions.cancelPreload\" data-wp-on-window--resize=\"callbacks.setButtonStyles\" src=\"https:\/\/loudavymkrokem.cz\/wp-content\/uploads\/2026\/07\/estonsko-clanky-tartu-co-videt-02.jpg\" alt=\"Tartu p\u00e5 h\u00f6sten\" class=\"wp-image-350592\" title=\"\" srcset=\"https:\/\/loudavymkrokem.cz\/wp-content\/uploads\/2026\/07\/estonsko-clanky-tartu-co-videt-02.jpg 1800w, https:\/\/loudavymkrokem.cz\/wp-content\/uploads\/2026\/07\/estonsko-clanky-tartu-co-videt-02-300x200.jpg 300w, https:\/\/loudavymkrokem.cz\/wp-content\/uploads\/2026\/07\/estonsko-clanky-tartu-co-videt-02-700x467.jpg 700w, https:\/\/loudavymkrokem.cz\/wp-content\/uploads\/2026\/07\/estonsko-clanky-tartu-co-videt-02-768x512.jpg 768w, https:\/\/loudavymkrokem.cz\/wp-content\/uploads\/2026\/07\/estonsko-clanky-tartu-co-videt-02-1536x1024.jpg 1536w, https:\/\/loudavymkrokem.cz\/wp-content\/uploads\/2026\/07\/estonsko-clanky-tartu-co-videt-02-696x464.jpg 696w, https:\/\/loudavymkrokem.cz\/wp-content\/uploads\/2026\/07\/estonsko-clanky-tartu-co-videt-02-1392x928.jpg 1392w\" sizes=\"(max-width: 1800px) 100vw, 1800px\" \/><button\n\t\t\tclass=\"lightbox-trigger\"\n\t\t\ttype=\"button\"\n\t\t\taria-haspopup=\"dialog\"\n\t\t\tdata-wp-bind--aria-label=\"state.thisImage.triggerButtonAriaLabel\"\n\t\t\tdata-wp-init=\"callbacks.initTriggerButton\"\n\t\t\tdata-wp-on--click=\"actions.showLightbox\"\n\t\t\tdata-wp-style--right=\"state.thisImage.buttonRight\"\n\t\t\tdata-wp-style--top=\"state.thisImage.buttonTop\"\n\t\t>\n\t\t\t<svg xmlns=\"http:\/\/www.w3.org\/2000\/svg\" width=\"12\" height=\"12\" fill=\"none\" viewBox=\"0 0 12 12\">\n\t\t\t\t<path fill=\"#fff\" d=\"M2 0a2 2 0 0 0-2 2v2h1.5V2a.5.5 0 0 1 .5-.5h2V0H2Zm2 10.5H2a.5.5 0 0 1-.5-.5V8H0v2a2 2 0 0 0 2 2h2v-1.5ZM8 12v-1.5h2a.5.5 0 0 0 .5-.5V8H12v2a2 2 0 0 1-2 2H8Zm2-12a2 2 0 0 1 2 2v2h-1.5V2a.5.5 0 0 0-.5-.5H8V0h2Z\" \/>\n\t\t\t<\/svg>\n\t\t<\/button><figcaption class=\"wp-element-caption\">Foto: Aira Evard \/ Pexels<\/figcaption><\/figure>\n\n\n\n<h2 class=\"wp-block-heading\"><span class=\"ez-toc-section\" id=\"Nar_du_ska_aka_till_Tartu\"><\/span>N\u00e4r du ska \u00e5ka till Tartu<span class=\"ez-toc-section-end\"><\/span><\/h2>\n\n\n\n<p class=\"wp-block-paragraph\">N\u00e4r du planerar resan \u00e4r det bra att komma ih\u00e5g att Tartu <strong>i f\u00f6rsta hand \u00e4r en studentstad<\/strong>. St\u00e4mningen f\u00f6r\u00e4ndras d\u00e4rf\u00f6r radikalt beroende p\u00e5 det akademiska kalendariet.<\/p>\n\n\n\n<p class=\"wp-block-paragraph\">Kommer du under semesterm\u00e5naden augusti \u00e4r staden visserligen <strong>h\u00e4rligt tom och lugn<\/strong>, men den saknar d\u00e5 sin riktiga energi. Den b\u00e4sta tiden att bes\u00f6ka \u00e4r d\u00e4rf\u00f6r sen v\u00e5r eller tidig h\u00f6st, n\u00e4r gatorna fylls av unga m\u00e4nniskor och allt lever.<\/p>\n\n\n\n<p class=\"wp-block-paragraph\">P\u00e5 v\u00e5ren kan du dessutom uppleva de ber\u00f6mda <strong>studentfestivalerna<\/strong>, som f\u00f6rvandlar hela centrum till ett enda stort firande. V\u00e4dret i Estland kan vara ganska nyckfullt, s\u00e5 packa definitivt kl\u00e4der i lager p\u00e5 lager \u00e4ven f\u00f6r sommarm\u00e5naderna. Vintrarna \u00e4r d\u00e4remot iskalla och sn\u00f6rika, vilket har sin alldeles egna charm \u2013 s\u00e4rskilt n\u00e4r du promenerar genom sn\u00f6t\u00e4ckta parker och sedan v\u00e4rmer dig p\u00e5 n\u00e5got av de mysiga lokala kaf\u00e9erna.<\/p>\n\n\n\n<p class=\"wp-block-paragraph\">Hur m\u00e5nga dagar b\u00f6r du avs\u00e4tta f\u00f6r bes\u00f6ket? F\u00f6r sj\u00e4lva centrum och de viktigaste museerna <strong>r\u00e4cker en till tv\u00e5 dagar<\/strong>. Men om du ocks\u00e5 vill utforska naturen och sj\u00f6arna i omgivningen rekommenderar jag att du direkt planerar in tre dagar.<\/p>\n\n\n\n<figure data-wp-context=\"{&quot;imageId&quot;:&quot;6a9573198a80e&quot;}\" data-wp-interactive=\"core\/image\" data-wp-key=\"6a9573198a80e\" class=\"wp-block-image size-full wp-lightbox-container\"><img decoding=\"async\" width=\"1800\" height=\"1350\" data-wp-class--hide=\"state.isContentHidden\" data-wp-class--show=\"state.isContentVisible\" data-wp-init=\"callbacks.setButtonStyles\" data-wp-on--click=\"actions.showLightbox\" data-wp-on--load=\"callbacks.setButtonStyles\" data-wp-on--pointerdown=\"actions.preloadImage\" data-wp-on--pointerenter=\"actions.preloadImageWithDelay\" data-wp-on--pointerleave=\"actions.cancelPreload\" data-wp-on-window--resize=\"callbacks.setButtonStyles\" src=\"https:\/\/loudavymkrokem.cz\/wp-content\/uploads\/2026\/07\/estonsko-clanky-tartu-co-videt-03.jpg\" alt=\"Elron-t\u00e5get som g\u00e5r fr\u00e5n Tallinn till Tartu\" class=\"wp-image-350602\" title=\"\" srcset=\"https:\/\/loudavymkrokem.cz\/wp-content\/uploads\/2026\/07\/estonsko-clanky-tartu-co-videt-03.jpg 1800w, https:\/\/loudavymkrokem.cz\/wp-content\/uploads\/2026\/07\/estonsko-clanky-tartu-co-videt-03-300x225.jpg 300w, https:\/\/loudavymkrokem.cz\/wp-content\/uploads\/2026\/07\/estonsko-clanky-tartu-co-videt-03-700x525.jpg 700w, https:\/\/loudavymkrokem.cz\/wp-content\/uploads\/2026\/07\/estonsko-clanky-tartu-co-videt-03-768x576.jpg 768w, https:\/\/loudavymkrokem.cz\/wp-content\/uploads\/2026\/07\/estonsko-clanky-tartu-co-videt-03-1536x1152.jpg 1536w, https:\/\/loudavymkrokem.cz\/wp-content\/uploads\/2026\/07\/estonsko-clanky-tartu-co-videt-03-80x60.jpg 80w, https:\/\/loudavymkrokem.cz\/wp-content\/uploads\/2026\/07\/estonsko-clanky-tartu-co-videt-03-160x120.jpg 160w, https:\/\/loudavymkrokem.cz\/wp-content\/uploads\/2026\/07\/estonsko-clanky-tartu-co-videt-03-696x522.jpg 696w, https:\/\/loudavymkrokem.cz\/wp-content\/uploads\/2026\/07\/estonsko-clanky-tartu-co-videt-03-1392x1044.jpg 1392w\" sizes=\"(max-width: 1800px) 100vw, 1800px\" \/><button\n\t\t\tclass=\"lightbox-trigger\"\n\t\t\ttype=\"button\"\n\t\t\taria-haspopup=\"dialog\"\n\t\t\tdata-wp-bind--aria-label=\"state.thisImage.triggerButtonAriaLabel\"\n\t\t\tdata-wp-init=\"callbacks.initTriggerButton\"\n\t\t\tdata-wp-on--click=\"actions.showLightbox\"\n\t\t\tdata-wp-style--right=\"state.thisImage.buttonRight\"\n\t\t\tdata-wp-style--top=\"state.thisImage.buttonTop\"\n\t\t>\n\t\t\t<svg xmlns=\"http:\/\/www.w3.org\/2000\/svg\" width=\"12\" height=\"12\" fill=\"none\" viewBox=\"0 0 12 12\">\n\t\t\t\t<path fill=\"#fff\" d=\"M2 0a2 2 0 0 0-2 2v2h1.5V2a.5.5 0 0 1 .5-.5h2V0H2Zm2 10.5H2a.5.5 0 0 1-.5-.5V8H0v2a2 2 0 0 0 2 2h2v-1.5ZM8 12v-1.5h2a.5.5 0 0 0 .5-.5V8H12v2a2 2 0 0 1-2 2H8Zm2-12a2 2 0 0 1 2 2v2h-1.5V2a.5.5 0 0 0-.5-.5H8V0h2Z\" \/>\n\t\t\t<\/svg>\n\t\t<\/button><figcaption class=\"wp-element-caption\">Foto: Leonid Malikov \/ Wikimedia Commons, CC BY-SA 4.0<\/figcaption><\/figure>\n\n\n\n<h2 class=\"wp-block-heading\"><span class=\"ez-toc-section\" id=\"Hur_du_tar_dig_till_Tartu\"><\/span>Hur du tar dig till Tartu<span class=\"ez-toc-section-end\"><\/span><\/h2>\n\n\n\n<p class=\"wp-block-paragraph\">Resan fr\u00e5n norr till s\u00f6der \u00e4r otroligt enkel och bekv\u00e4m i Estland. Fr\u00e5n Tallinn till Tartu tar dig b\u00e4st <a href=\"https:\/\/elron.ee\/\" rel=\"nofollow noopener\" target=\"_blank\"><strong>de orangea t\u00e5gen fr\u00e5n Elron<\/strong><\/a>, som g\u00e5r mycket ofta och p\u00e5litligt.<\/p>\n\n\n\n<p class=\"wp-block-paragraph\">T\u00e5gresan tar ungef\u00e4r tv\u00e5 till tv\u00e5 och en halv timme och biljetterna kostar <strong>ungef\u00e4r 10 euro<\/strong> (cirka 110 kr). T\u00e5gen \u00e4r rena, rymliga och erbjuder gratis wifi, s\u00e5 du kan lugnt planera din rutt under resan. Om du k\u00f6per biljetten i f\u00f6rv\u00e4g online p\u00e5 deras webbplats f\u00e5r du dessutom en trevlig rabatt, \u00e4ven om det g\u00e5r utm\u00e4rkt att betala med kort direkt hos kondukt\u00f6ren.<\/p>\n\n\n\n<p class=\"wp-block-paragraph\">Ett annat utm\u00e4rkt alternativ \u00e4r <a href=\"https:\/\/luxexpress.eu\/\" rel=\"nofollow noopener\" target=\"_blank\"><strong>Lux Express-bussarna<\/strong><\/a>, som erbjuder enorm komfort med sk\u00e4rmar i s\u00e4tena och gratis kaffeautomat. De k\u00f6r dig direkt till centrum av Tartu och prism\u00e4ssigt ligger de mycket n\u00e4ra t\u00e5gen.<\/p>\n\n\n\n<p class=\"wp-block-paragraph\">Om du planerar en st\u00f6rre roadtrip genom Baltikum \u00e4r det vettigt att <strong>hyra en bil<\/strong>. V\u00e4garna i Estland \u00e4r i utm\u00e4rkt skick, och Tartu har till och med en liten flygplats, \u00e4ven om de flesta internationella flyg g\u00e5r just till Tallinn.<\/p>\n\n\n\n<figure data-wp-context=\"{&quot;imageId&quot;:&quot;6a9573198b0ac&quot;}\" data-wp-interactive=\"core\/image\" data-wp-key=\"6a9573198b0ac\" class=\"wp-block-image size-full wp-lightbox-container\"><img decoding=\"async\" width=\"1800\" height=\"1201\" data-wp-class--hide=\"state.isContentHidden\" data-wp-class--show=\"state.isContentVisible\" data-wp-init=\"callbacks.setButtonStyles\" data-wp-on--click=\"actions.showLightbox\" data-wp-on--load=\"callbacks.setButtonStyles\" data-wp-on--pointerdown=\"actions.preloadImage\" data-wp-on--pointerenter=\"actions.preloadImageWithDelay\" data-wp-on--pointerleave=\"actions.cancelPreload\" data-wp-on-window--resize=\"callbacks.setButtonStyles\" src=\"https:\/\/loudavymkrokem.cz\/wp-content\/uploads\/2026\/07\/estonsko-clanky-tartu-co-videt-04.jpg\" alt=\"Hotellrum i Tartu\" class=\"wp-image-350609\" title=\"\" srcset=\"https:\/\/loudavymkrokem.cz\/wp-content\/uploads\/2026\/07\/estonsko-clanky-tartu-co-videt-04.jpg 1800w, https:\/\/loudavymkrokem.cz\/wp-content\/uploads\/2026\/07\/estonsko-clanky-tartu-co-videt-04-300x200.jpg 300w, https:\/\/loudavymkrokem.cz\/wp-content\/uploads\/2026\/07\/estonsko-clanky-tartu-co-videt-04-700x467.jpg 700w, https:\/\/loudavymkrokem.cz\/wp-content\/uploads\/2026\/07\/estonsko-clanky-tartu-co-videt-04-768x512.jpg 768w, https:\/\/loudavymkrokem.cz\/wp-content\/uploads\/2026\/07\/estonsko-clanky-tartu-co-videt-04-1536x1025.jpg 1536w, https:\/\/loudavymkrokem.cz\/wp-content\/uploads\/2026\/07\/estonsko-clanky-tartu-co-videt-04-696x464.jpg 696w, https:\/\/loudavymkrokem.cz\/wp-content\/uploads\/2026\/07\/estonsko-clanky-tartu-co-videt-04-1392x929.jpg 1392w\" sizes=\"(max-width: 1800px) 100vw, 1800px\" \/><button\n\t\t\tclass=\"lightbox-trigger\"\n\t\t\ttype=\"button\"\n\t\t\taria-haspopup=\"dialog\"\n\t\t\tdata-wp-bind--aria-label=\"state.thisImage.triggerButtonAriaLabel\"\n\t\t\tdata-wp-init=\"callbacks.initTriggerButton\"\n\t\t\tdata-wp-on--click=\"actions.showLightbox\"\n\t\t\tdata-wp-style--right=\"state.thisImage.buttonRight\"\n\t\t\tdata-wp-style--top=\"state.thisImage.buttonTop\"\n\t\t>\n\t\t\t<svg xmlns=\"http:\/\/www.w3.org\/2000\/svg\" width=\"12\" height=\"12\" fill=\"none\" viewBox=\"0 0 12 12\">\n\t\t\t\t<path fill=\"#fff\" d=\"M2 0a2 2 0 0 0-2 2v2h1.5V2a.5.5 0 0 1 .5-.5h2V0H2Zm2 10.5H2a.5.5 0 0 1-.5-.5V8H0v2a2 2 0 0 0 2 2h2v-1.5ZM8 12v-1.5h2a.5.5 0 0 0 .5-.5V8H12v2a2 2 0 0 1-2 2H8Zm2-12a2 2 0 0 1 2 2v2h-1.5V2a.5.5 0 0 0-.5-.5H8V0h2Z\" \/>\n\t\t\t<\/svg>\n\t\t<\/button><figcaption class=\"wp-element-caption\">Foto: Max Vakhtbovych \/ Pexels<\/figcaption><\/figure>\n\n\n\n<h2 class=\"wp-block-heading\"><span class=\"ez-toc-section\" id=\"Var_du_ska_bo_i_Tartu\"><\/span>Var du ska bo i Tartu<span class=\"ez-toc-section-end\"><\/span><\/h2>\n\n\n\n<p class=\"wp-block-paragraph\"><em>\ud83d\udca1 Tips p\u00e5 boende och upplevelser: Vi f\u00f6redrar att leta boende p\u00e5 <a class=\"thirstylink\" rel=\"nofollow\" target=\"_blank\" title=\"Booking.com\" href=\"https:\/\/loudavymkrokem.cz\/doporucujeme\/booking-com\/\" data-shortcode=\"true\">Booking.com<\/a>, d\u00e4r det oftast finns <strong>b\u00e4st avbokningsvillkor<\/strong>. <strong>Biljetter, utflykter och aktiviteter<\/strong> l\u00f6nar det sig sedan att j\u00e4mf\u00f6ra och boka via <a class=\"thirstylink\" rel=\"nofollow\" target=\"_blank\" title=\"GetYourGuide\" href=\"https:\/\/loudavymkrokem.cz\/doporucujeme\/getyourguide\/\" data-shortcode=\"true\">GetYourGuide<\/a>.<\/em><\/p>\n\n\n\n<p class=\"wp-block-paragraph\">Utbudet av boende i universitetsstaden \u00e4r mycket varierat och tillfredsst\u00e4ller b\u00e5de ryggs\u00e4cksresen\u00e4rer och lyx\u00e4lskare. De flesta intressanta platserna ligger inom g\u00e5ngavst\u00e5nd fr\u00e5n centrum, s\u00e5 <strong>l\u00e4get kring Gamla stan<\/strong> \u00e4r helt idealiskt.<\/p>\n\n\n\n<p class=\"wp-block-paragraph\"><a href=\"https:\/\/www.stay22.com\/allez\/roam?aid=lukaskonecny&#038;campaign=loudavymkrokemcz&#038;campaign=tartu-co-videt&#038;hotelname=Lydia%20Hotel&#038;address=Tartu%2C%20Estonsko\" rel=\"nofollow noopener\" target=\"_blank\"><strong>Lydia Hotel<\/strong><\/a> p\u00e5 \u00dclikooli 14 \u00e4r en av de b\u00e4st betygsatta adresserna mitt i stadens hj\u00e4rta, dessutom med pool och bastu, s\u00e5 efter en hel dag p\u00e5 stan \u00e4r det en riktig r\u00e4ddning.<\/p>\n\n\n\n<p class=\"wp-block-paragraph\">Om du letar efter en wellnessupplevelse snarare \u00e4n ett basl\u00e4ger ber\u00f6mmer resen\u00e4rer <a href=\"https:\/\/www.stay22.com\/allez\/roam?aid=lukaskonecny&#038;campaign=loudavymkrokemcz&#038;campaign=tartu-co-videt&#038;hotelname=V%20Spa%20Hotel%20and%20Conference%20centre&#038;address=Tartu%2C%20Estonsko\" rel=\"nofollow noopener\" target=\"_blank\"><strong>V Spa &#038; Conference Hotel<\/strong><\/a>, d\u00e4r du till rummet f\u00e5r ett rej\u00e4lt spakomplex p\u00e5 k\u00f6pet. F\u00f6r dig som \u00e4lskar historisk atmosf\u00e4r \u00e4r det charmiga <strong><a href=\"https:\/\/www.stay22.com\/allez\/roam?aid=lukaskonecny&#038;campaign=loudavymkrokemcz&#038;campaign=tartu-co-videt&#038;hotelname=Hotel%20Antonius&#038;address=Tartu%2C%20Estonsko\" target=\"_blank\" rel=\"noopener nofollow sponsored\">Hotel Antonius<\/a><\/strong> med underbara antika interi\u00f6rer ett utm\u00e4rkt val.<\/p>\n\n\n\n<p class=\"wp-block-paragraph\">F\u00f6r resen\u00e4rer med begr\u00e4nsad budget finns stilfulla <strong><a href=\"https:\/\/www.stay22.com\/allez\/roam?aid=lukaskonecny&#038;campaign=loudavymkrokemcz&#038;campaign=tartu-co-videt&#038;hotelname=Hektor%20Design%20Hostel&#038;address=Tartu%2C%20Estonsko\" target=\"_blank\" rel=\"noopener nofollow sponsored\">Hektor Design Hostel<\/a><\/strong>, som kombinerar prisv\u00e4rdhet med fantastisk nordisk design. Ett annat p\u00e5litligt mellanklassval \u00e4r <strong><a href=\"https:\/\/www.stay22.com\/allez\/roam?aid=lukaskonecny&#038;campaign=loudavymkrokemcz&#038;campaign=tartu-co-videt&#038;hotelname=Dorpat%20Hotel&#038;address=Tartu%2C%20Estonsko\" target=\"_blank\" rel=\"noopener nofollow sponsored\">Dorpat Hotel<\/a><\/strong>, som ligger direkt vid stranden av floden Emaj\u00f5gi.<\/p>\n\n\n\n<p class=\"wp-block-paragraph\">\ud83d\udca1 Tips: Oavsett vilken typ av boende du v\u00e4ljer l\u00f6ser du enkelt bokningen p\u00e5 klassiska Booking, d\u00e4r du hittar <strong>massor av andra l\u00e4genheter<\/strong> som passar en studentbudget.<\/p>\n\n\n\n<figure data-wp-context=\"{&quot;imageId&quot;:&quot;6a9573198b9ab&quot;}\" data-wp-interactive=\"core\/image\" data-wp-key=\"6a9573198b9ab\" class=\"wp-block-image size-full wp-lightbox-container\"><img decoding=\"async\" width=\"1800\" height=\"1348\" data-wp-class--hide=\"state.isContentHidden\" data-wp-class--show=\"state.isContentVisible\" data-wp-init=\"callbacks.setButtonStyles\" data-wp-on--click=\"actions.showLightbox\" data-wp-on--load=\"callbacks.setButtonStyles\" data-wp-on--pointerdown=\"actions.preloadImage\" data-wp-on--pointerenter=\"actions.preloadImageWithDelay\" data-wp-on--pointerleave=\"actions.cancelPreload\" data-wp-on-window--resize=\"callbacks.setButtonStyles\" src=\"https:\/\/loudavymkrokem.cz\/wp-content\/uploads\/2026\/07\/estonsko-clanky-tartu-co-videt-05.jpg\" alt=\"Tartu och floden Emaj\u00f5gi\" class=\"wp-image-350616\" title=\"\" srcset=\"https:\/\/loudavymkrokem.cz\/wp-content\/uploads\/2026\/07\/estonsko-clanky-tartu-co-videt-05.jpg 1800w, https:\/\/loudavymkrokem.cz\/wp-content\/uploads\/2026\/07\/estonsko-clanky-tartu-co-videt-05-300x225.jpg 300w, https:\/\/loudavymkrokem.cz\/wp-content\/uploads\/2026\/07\/estonsko-clanky-tartu-co-videt-05-700x524.jpg 700w, https:\/\/loudavymkrokem.cz\/wp-content\/uploads\/2026\/07\/estonsko-clanky-tartu-co-videt-05-768x575.jpg 768w, https:\/\/loudavymkrokem.cz\/wp-content\/uploads\/2026\/07\/estonsko-clanky-tartu-co-videt-05-1536x1150.jpg 1536w, https:\/\/loudavymkrokem.cz\/wp-content\/uploads\/2026\/07\/estonsko-clanky-tartu-co-videt-05-80x60.jpg 80w, https:\/\/loudavymkrokem.cz\/wp-content\/uploads\/2026\/07\/estonsko-clanky-tartu-co-videt-05-160x120.jpg 160w, https:\/\/loudavymkrokem.cz\/wp-content\/uploads\/2026\/07\/estonsko-clanky-tartu-co-videt-05-696x521.jpg 696w, https:\/\/loudavymkrokem.cz\/wp-content\/uploads\/2026\/07\/estonsko-clanky-tartu-co-videt-05-1392x1042.jpg 1392w\" sizes=\"(max-width: 1800px) 100vw, 1800px\" \/><button\n\t\t\tclass=\"lightbox-trigger\"\n\t\t\ttype=\"button\"\n\t\t\taria-haspopup=\"dialog\"\n\t\t\tdata-wp-bind--aria-label=\"state.thisImage.triggerButtonAriaLabel\"\n\t\t\tdata-wp-init=\"callbacks.initTriggerButton\"\n\t\t\tdata-wp-on--click=\"actions.showLightbox\"\n\t\t\tdata-wp-style--right=\"state.thisImage.buttonRight\"\n\t\t\tdata-wp-style--top=\"state.thisImage.buttonTop\"\n\t\t>\n\t\t\t<svg xmlns=\"http:\/\/www.w3.org\/2000\/svg\" width=\"12\" height=\"12\" fill=\"none\" viewBox=\"0 0 12 12\">\n\t\t\t\t<path fill=\"#fff\" d=\"M2 0a2 2 0 0 0-2 2v2h1.5V2a.5.5 0 0 1 .5-.5h2V0H2Zm2 10.5H2a.5.5 0 0 1-.5-.5V8H0v2a2 2 0 0 0 2 2h2v-1.5ZM8 12v-1.5h2a.5.5 0 0 0 .5-.5V8H12v2a2 2 0 0 1-2 2H8Zm2-12a2 2 0 0 1 2 2v2h-1.5V2a.5.5 0 0 0-.5-.5H8V0h2Z\" \/>\n\t\t\t<\/svg>\n\t\t<\/button><figcaption class=\"wp-element-caption\">Foto: Sergei Gussev \/ Wikimedia Commons, CC BY 4.0<\/figcaption><\/figure>\n\n\n\n<h2 class=\"wp-block-heading\"><span class=\"ez-toc-section\" id=\"12_tips_pa_vad_du_ska_se_och_uppleva_i_Tartu\"><\/span>12 tips p\u00e5 vad du ska se och uppleva i Tartu<span class=\"ez-toc-section-end\"><\/span><\/h2>\n\n\n\n<p class=\"wp-block-paragraph\">L\u00e5t oss tillsammans titta p\u00e5 det mest intressanta som den h\u00e4r sympatiska staden kan erbjuda. Fr\u00e5n historiska gr\u00e4nder via moderna museer till <strong>kreativa centrum fulla av gott kaffe<\/strong> \u2013 kort sagt, n\u00e5got f\u00f6r alla.<\/p>\n\n\n\n<figure data-wp-context=\"{&quot;imageId&quot;:&quot;6a9573198bf52&quot;}\" data-wp-interactive=\"core\/image\" data-wp-key=\"6a9573198bf52\" class=\"wp-block-image size-full wp-lightbox-container\"><img decoding=\"async\" width=\"1800\" height=\"1350\" data-wp-class--hide=\"state.isContentHidden\" data-wp-class--show=\"state.isContentVisible\" data-wp-init=\"callbacks.setButtonStyles\" data-wp-on--click=\"actions.showLightbox\" data-wp-on--load=\"callbacks.setButtonStyles\" data-wp-on--pointerdown=\"actions.preloadImage\" data-wp-on--pointerenter=\"actions.preloadImageWithDelay\" data-wp-on--pointerleave=\"actions.cancelPreload\" data-wp-on-window--resize=\"callbacks.setButtonStyles\" src=\"https:\/\/loudavymkrokem.cz\/wp-content\/uploads\/2026\/07\/estonsko-clanky-tartu-co-videt-06.jpg\" alt=\"Font\u00e4nen med de kyssande studenterna\" class=\"wp-image-350623\" title=\"\" srcset=\"https:\/\/loudavymkrokem.cz\/wp-content\/uploads\/2026\/07\/estonsko-clanky-tartu-co-videt-06.jpg 1800w, https:\/\/loudavymkrokem.cz\/wp-content\/uploads\/2026\/07\/estonsko-clanky-tartu-co-videt-06-300x225.jpg 300w, https:\/\/loudavymkrokem.cz\/wp-content\/uploads\/2026\/07\/estonsko-clanky-tartu-co-videt-06-700x525.jpg 700w, https:\/\/loudavymkrokem.cz\/wp-content\/uploads\/2026\/07\/estonsko-clanky-tartu-co-videt-06-768x576.jpg 768w, https:\/\/loudavymkrokem.cz\/wp-content\/uploads\/2026\/07\/estonsko-clanky-tartu-co-videt-06-1536x1152.jpg 1536w, https:\/\/loudavymkrokem.cz\/wp-content\/uploads\/2026\/07\/estonsko-clanky-tartu-co-videt-06-80x60.jpg 80w, https:\/\/loudavymkrokem.cz\/wp-content\/uploads\/2026\/07\/estonsko-clanky-tartu-co-videt-06-160x120.jpg 160w, https:\/\/loudavymkrokem.cz\/wp-content\/uploads\/2026\/07\/estonsko-clanky-tartu-co-videt-06-696x522.jpg 696w, https:\/\/loudavymkrokem.cz\/wp-content\/uploads\/2026\/07\/estonsko-clanky-tartu-co-videt-06-1392x1044.jpg 1392w\" sizes=\"(max-width: 1800px) 100vw, 1800px\" \/><button\n\t\t\tclass=\"lightbox-trigger\"\n\t\t\ttype=\"button\"\n\t\t\taria-haspopup=\"dialog\"\n\t\t\tdata-wp-bind--aria-label=\"state.thisImage.triggerButtonAriaLabel\"\n\t\t\tdata-wp-init=\"callbacks.initTriggerButton\"\n\t\t\tdata-wp-on--click=\"actions.showLightbox\"\n\t\t\tdata-wp-style--right=\"state.thisImage.buttonRight\"\n\t\t\tdata-wp-style--top=\"state.thisImage.buttonTop\"\n\t\t>\n\t\t\t<svg xmlns=\"http:\/\/www.w3.org\/2000\/svg\" width=\"12\" height=\"12\" fill=\"none\" viewBox=\"0 0 12 12\">\n\t\t\t\t<path fill=\"#fff\" d=\"M2 0a2 2 0 0 0-2 2v2h1.5V2a.5.5 0 0 1 .5-.5h2V0H2Zm2 10.5H2a.5.5 0 0 1-.5-.5V8H0v2a2 2 0 0 0 2 2h2v-1.5ZM8 12v-1.5h2a.5.5 0 0 0 .5-.5V8H12v2a2 2 0 0 1-2 2H8Zm2-12a2 2 0 0 1 2 2v2h-1.5V2a.5.5 0 0 0-.5-.5H8V0h2Z\" \/>\n\t\t\t<\/svg>\n\t\t<\/button><figcaption class=\"wp-element-caption\">Foto: HendrixEesti \/ Wikimedia Commons, Public domain<\/figcaption><\/figure>\n\n\n\n<h3 class=\"wp-block-heading\"><span class=\"ez-toc-section\" id=\"1_Radhustorget_och_fontanen_med_de_kyssande_studenterna\"><\/span>1. R\u00e5dhustorget och font\u00e4nen med de kyssande studenterna<span class=\"ez-toc-section-end\"><\/span><\/h3>\n\n\n\n<p class=\"wp-block-paragraph\">Jag rekommenderar att du b\u00f6rjar rundturen mitt i stadens hj\u00e4rta p\u00e5 <strong>R\u00e5dhustorget<\/strong> (Raekoja plats). Det h\u00e4r avl\u00e5nga torget sluttar svagt ner mot floden och omges av vackra klassicistiska byggnader i pastellf\u00e4rger.<\/p>\n\n\n\n<p class=\"wp-block-paragraph\">Torgets landm\u00e4rke \u00e4r den <strong>majest\u00e4tiska r\u00e5dhusbyggnaden<\/strong>, och strax framf\u00f6r den st\u00e5r <strong>statyn av de kyssande studenterna<\/strong>. Det \u00e4r stadens mest fotograferade symbol och \u00e4rligt talat sm\u00e4lter den lilla skulpturen ditt hj\u00e4rta \u2013 tv\u00e5 studenter, ett paraply, hela v\u00e4rlden omkring dem bl\u00f6t.<\/p>\n\n\n\n<p class=\"wp-block-paragraph\">Runt torget hittar du massor av uteserveringar d\u00e4r du kan ta en kaffe och suga \u00e5t dig den lokala st\u00e4mningen. Att titta p\u00e5 den h\u00e4r platsen <strong>tar ungef\u00e4r 30 minuter<\/strong> och tilltr\u00e4det \u00e4r f\u00f6rst\u00e5s helt gratis.<\/p>\n\n\n\n<p class=\"wp-block-paragraph\">\ud83d\udca1 Tips: Under vinterm\u00e5naderna h\u00e5lls just p\u00e5 det h\u00e4r torget <strong>f\u00f6rtrollande julmarknader<\/strong>, som resen\u00e4rer rankar bland de finaste i Baltikum.<\/p>\n\n\n\n<figure data-wp-context=\"{&quot;imageId&quot;:&quot;6a9573198c8bb&quot;}\" data-wp-interactive=\"core\/image\" data-wp-key=\"6a9573198c8bb\" class=\"wp-block-image size-full wp-lightbox-container\"><img decoding=\"async\" width=\"1800\" height=\"1125\" data-wp-class--hide=\"state.isContentHidden\" data-wp-class--show=\"state.isContentVisible\" data-wp-init=\"callbacks.setButtonStyles\" data-wp-on--click=\"actions.showLightbox\" data-wp-on--load=\"callbacks.setButtonStyles\" data-wp-on--pointerdown=\"actions.preloadImage\" data-wp-on--pointerenter=\"actions.preloadImageWithDelay\" data-wp-on--pointerleave=\"actions.cancelPreload\" data-wp-on-window--resize=\"callbacks.setButtonStyles\" src=\"https:\/\/loudavymkrokem.cz\/wp-content\/uploads\/2026\/07\/estonsko-clanky-tartu-co-videt-07.jpg\" alt=\"Universitetets huvudbyggnad i Tartu\" class=\"wp-image-350629\" title=\"\" srcset=\"https:\/\/loudavymkrokem.cz\/wp-content\/uploads\/2026\/07\/estonsko-clanky-tartu-co-videt-07.jpg 1800w, https:\/\/loudavymkrokem.cz\/wp-content\/uploads\/2026\/07\/estonsko-clanky-tartu-co-videt-07-300x188.jpg 300w, https:\/\/loudavymkrokem.cz\/wp-content\/uploads\/2026\/07\/estonsko-clanky-tartu-co-videt-07-700x438.jpg 700w, https:\/\/loudavymkrokem.cz\/wp-content\/uploads\/2026\/07\/estonsko-clanky-tartu-co-videt-07-768x480.jpg 768w, https:\/\/loudavymkrokem.cz\/wp-content\/uploads\/2026\/07\/estonsko-clanky-tartu-co-videt-07-1536x960.jpg 1536w, https:\/\/loudavymkrokem.cz\/wp-content\/uploads\/2026\/07\/estonsko-clanky-tartu-co-videt-07-696x435.jpg 696w, https:\/\/loudavymkrokem.cz\/wp-content\/uploads\/2026\/07\/estonsko-clanky-tartu-co-videt-07-1392x870.jpg 1392w\" sizes=\"(max-width: 1800px) 100vw, 1800px\" \/><button\n\t\t\tclass=\"lightbox-trigger\"\n\t\t\ttype=\"button\"\n\t\t\taria-haspopup=\"dialog\"\n\t\t\tdata-wp-bind--aria-label=\"state.thisImage.triggerButtonAriaLabel\"\n\t\t\tdata-wp-init=\"callbacks.initTriggerButton\"\n\t\t\tdata-wp-on--click=\"actions.showLightbox\"\n\t\t\tdata-wp-style--right=\"state.thisImage.buttonRight\"\n\t\t\tdata-wp-style--top=\"state.thisImage.buttonTop\"\n\t\t>\n\t\t\t<svg xmlns=\"http:\/\/www.w3.org\/2000\/svg\" width=\"12\" height=\"12\" fill=\"none\" viewBox=\"0 0 12 12\">\n\t\t\t\t<path fill=\"#fff\" d=\"M2 0a2 2 0 0 0-2 2v2h1.5V2a.5.5 0 0 1 .5-.5h2V0H2Zm2 10.5H2a.5.5 0 0 1-.5-.5V8H0v2a2 2 0 0 0 2 2h2v-1.5ZM8 12v-1.5h2a.5.5 0 0 0 .5-.5V8H12v2a2 2 0 0 1-2 2H8Zm2-12a2 2 0 0 1 2 2v2h-1.5V2a.5.5 0 0 0-.5-.5H8V0h2Z\" \/>\n\t\t\t<\/svg>\n\t\t<\/button><figcaption class=\"wp-element-caption\">Foto: A.Savin \/ Wikimedia Commons, FAL<\/figcaption><\/figure>\n\n\n\n<h3 class=\"wp-block-heading\"><span class=\"ez-toc-section\" id=\"2_Universitetets_huvudbyggnad_och_den_historiska_karcern\"><\/span>2. Universitetets huvudbyggnad och den historiska karcern<span class=\"ez-toc-section-end\"><\/span><\/h3>\n\n\n\n<p class=\"wp-block-paragraph\">Bara n\u00e5gra steg fr\u00e5n r\u00e5dhuset st\u00f6ter du p\u00e5 Tartu universitets huvudbyggnad, som st\u00e5tar med en <strong>imponerande klassicistisk fasad<\/strong> med sex m\u00e4ktiga pelare. Denna institution \u00e4r helt avg\u00f6rande f\u00f6r staden, eftersom den grundades av den svenske kungen Gustav II Adolf redan 1632.<\/p>\n\n\n\n<p class=\"wp-block-paragraph\">En kuriositet \u00e4r att det p\u00e5 byggnadens vind d\u00f6ljer sig den s\u00e5 kallade <strong>studentkarcern<\/strong>, som var en historisk cell f\u00f6r olydiga studenter. H\u00e4r sp\u00e4rrades de in f\u00f6r f\u00f6rseelser som slagsm\u00e5l, f\u00f6rol\u00e4mpningar av damer eller att inte l\u00e4mna tillbaka b\u00f6cker till biblioteket.<\/p>\n\n\n\n<p class=\"wp-block-paragraph\">Karcerns v\u00e4ggar \u00e4r \u00e4n idag <strong>t\u00e4ckta av tidstypiska inskriptioner och teckningar<\/strong> som de straffade studenterna l\u00e4mnade efter sig av leda. D\u00e4r hittar du dikter, karikatyrer av professorer och f\u00f6rtvivlade suckar. Det \u00e4r en fascinerande inblick i studentlivets historia.<\/p>\n\n\n\n<p class=\"wp-block-paragraph\">\ud83d\udca1 Tips: Ett bes\u00f6k i huvudbyggnaden och karcern tar <strong>ungef\u00e4r en timme<\/strong>. Intr\u00e4det ligger runt 2 euro (cirka 20 kr).<\/p>\n\n\n\n<figure data-wp-context=\"{&quot;imageId&quot;:&quot;6a9573198cdd1&quot;}\" data-wp-interactive=\"core\/image\" data-wp-key=\"6a9573198cdd1\" class=\"wp-block-image size-full wp-lightbox-container\"><img decoding=\"async\" width=\"1800\" height=\"1350\" data-wp-class--hide=\"state.isContentHidden\" data-wp-class--show=\"state.isContentVisible\" data-wp-init=\"callbacks.setButtonStyles\" data-wp-on--click=\"actions.showLightbox\" data-wp-on--load=\"callbacks.setButtonStyles\" data-wp-on--pointerdown=\"actions.preloadImage\" data-wp-on--pointerenter=\"actions.preloadImageWithDelay\" data-wp-on--pointerleave=\"actions.cancelPreload\" data-wp-on-window--resize=\"callbacks.setButtonStyles\" src=\"https:\/\/loudavymkrokem.cz\/wp-content\/uploads\/2026\/07\/estonsko-clanky-tartu-co-videt-08.jpg\" alt=\"Ruinerna av den gotiska katedralen p\u00e5 Toomem\u00e4gi\" class=\"wp-image-350635\" title=\"\" srcset=\"https:\/\/loudavymkrokem.cz\/wp-content\/uploads\/2026\/07\/estonsko-clanky-tartu-co-videt-08.jpg 1800w, https:\/\/loudavymkrokem.cz\/wp-content\/uploads\/2026\/07\/estonsko-clanky-tartu-co-videt-08-300x225.jpg 300w, https:\/\/loudavymkrokem.cz\/wp-content\/uploads\/2026\/07\/estonsko-clanky-tartu-co-videt-08-700x525.jpg 700w, https:\/\/loudavymkrokem.cz\/wp-content\/uploads\/2026\/07\/estonsko-clanky-tartu-co-videt-08-768x576.jpg 768w, https:\/\/loudavymkrokem.cz\/wp-content\/uploads\/2026\/07\/estonsko-clanky-tartu-co-videt-08-1536x1152.jpg 1536w, https:\/\/loudavymkrokem.cz\/wp-content\/uploads\/2026\/07\/estonsko-clanky-tartu-co-videt-08-80x60.jpg 80w, https:\/\/loudavymkrokem.cz\/wp-content\/uploads\/2026\/07\/estonsko-clanky-tartu-co-videt-08-160x120.jpg 160w, https:\/\/loudavymkrokem.cz\/wp-content\/uploads\/2026\/07\/estonsko-clanky-tartu-co-videt-08-696x522.jpg 696w, https:\/\/loudavymkrokem.cz\/wp-content\/uploads\/2026\/07\/estonsko-clanky-tartu-co-videt-08-1392x1044.jpg 1392w\" sizes=\"(max-width: 1800px) 100vw, 1800px\" \/><button\n\t\t\tclass=\"lightbox-trigger\"\n\t\t\ttype=\"button\"\n\t\t\taria-haspopup=\"dialog\"\n\t\t\tdata-wp-bind--aria-label=\"state.thisImage.triggerButtonAriaLabel\"\n\t\t\tdata-wp-init=\"callbacks.initTriggerButton\"\n\t\t\tdata-wp-on--click=\"actions.showLightbox\"\n\t\t\tdata-wp-style--right=\"state.thisImage.buttonRight\"\n\t\t\tdata-wp-style--top=\"state.thisImage.buttonTop\"\n\t\t>\n\t\t\t<svg xmlns=\"http:\/\/www.w3.org\/2000\/svg\" width=\"12\" height=\"12\" fill=\"none\" viewBox=\"0 0 12 12\">\n\t\t\t\t<path fill=\"#fff\" d=\"M2 0a2 2 0 0 0-2 2v2h1.5V2a.5.5 0 0 1 .5-.5h2V0H2Zm2 10.5H2a.5.5 0 0 1-.5-.5V8H0v2a2 2 0 0 0 2 2h2v-1.5ZM8 12v-1.5h2a.5.5 0 0 0 .5-.5V8H12v2a2 2 0 0 1-2 2H8Zm2-12a2 2 0 0 1 2 2v2h-1.5V2a.5.5 0 0 0-.5-.5H8V0h2Z\" \/>\n\t\t\t<\/svg>\n\t\t<\/button><figcaption class=\"wp-element-caption\">Foto: Adam Jones \/ Wikimedia Commons, CC BY-SA 2.0<\/figcaption><\/figure>\n\n\n\n<h3 class=\"wp-block-heading\"><span class=\"ez-toc-section\" id=\"3_Kullen_Toomemagi_och_ruinerna_av_den_gotiska_katedralen\"><\/span>3. Kullen Toomem\u00e4gi och ruinerna av den gotiska katedralen<span class=\"ez-toc-section-end\"><\/span><\/h3>\n\n\n\n<p class=\"wp-block-paragraph\">Precis bakom r\u00e5dhuset reser sig den vidstr\u00e4ckta skogskl\u00e4dda kullen Toomem\u00e4gi, som fungerar som hela stadens gr\u00f6na lunga. Den enorma parken \u00e4r full av gamla tr\u00e4d och b\u00e4nkar, s\u00e5 studenterna <strong>anv\u00e4nder den g\u00e4rna som utomhusl\u00e4sesal<\/strong> inf\u00f6r tentorna.<\/p>\n\n\n\n<p class=\"wp-block-paragraph\">P\u00e5 sj\u00e4lva kullens topp reser sig <strong>monumentala tegelruiner<\/strong> av en gotisk katedral fr\u00e5n 1200-talet. De blottade valven som str\u00e4cker sig mot himlen har en otroligt mystisk atmosf\u00e4r och h\u00f6r till de vackraste platserna i Tartu.<\/p>\n\n\n\n<p class=\"wp-block-paragraph\">En del av katedralen byggdes om p\u00e5 1800-talet och idag inrymmer den <strong>universitetsmuseet<\/strong>, varifr\u00e5n du efter att ha bestigit de bevarade tornen f\u00e5r en <strong>underbar utsikt \u00f6ver hela staden<\/strong>.<\/p>\n\n\n\n<p class=\"wp-block-paragraph\">\ud83d\udca1 Tips: Promenaden i parken \u00e4r gratis och <strong>avs\u00e4tt g\u00e4rna tv\u00e5 timmar<\/strong> f\u00f6r den. Intr\u00e4de till tornen och museet kostar ungef\u00e4r 7 euro (cirka 80 kr).<\/p>\n\n\n\n<figure data-wp-context=\"{&quot;imageId&quot;:&quot;6a9573198d2a6&quot;}\" data-wp-interactive=\"core\/image\" data-wp-key=\"6a9573198d2a6\" class=\"wp-block-image size-full wp-lightbox-container\"><img decoding=\"async\" width=\"1800\" height=\"1350\" data-wp-class--hide=\"state.isContentHidden\" data-wp-class--show=\"state.isContentVisible\" data-wp-init=\"callbacks.setButtonStyles\" data-wp-on--click=\"actions.showLightbox\" data-wp-on--load=\"callbacks.setButtonStyles\" data-wp-on--pointerdown=\"actions.preloadImage\" data-wp-on--pointerenter=\"actions.preloadImageWithDelay\" data-wp-on--pointerleave=\"actions.cancelPreload\" data-wp-on-window--resize=\"callbacks.setButtonStyles\" src=\"https:\/\/loudavymkrokem.cz\/wp-content\/uploads\/2026\/07\/estonsko-clanky-tartu-co-videt-09.jpg\" alt=\"\u00c4ngelbron p\u00e5 Toomem\u00e4gi\" class=\"wp-image-350644\" title=\"\" srcset=\"https:\/\/loudavymkrokem.cz\/wp-content\/uploads\/2026\/07\/estonsko-clanky-tartu-co-videt-09.jpg 1800w, https:\/\/loudavymkrokem.cz\/wp-content\/uploads\/2026\/07\/estonsko-clanky-tartu-co-videt-09-300x225.jpg 300w, https:\/\/loudavymkrokem.cz\/wp-content\/uploads\/2026\/07\/estonsko-clanky-tartu-co-videt-09-700x525.jpg 700w, https:\/\/loudavymkrokem.cz\/wp-content\/uploads\/2026\/07\/estonsko-clanky-tartu-co-videt-09-768x576.jpg 768w, https:\/\/loudavymkrokem.cz\/wp-content\/uploads\/2026\/07\/estonsko-clanky-tartu-co-videt-09-1536x1152.jpg 1536w, https:\/\/loudavymkrokem.cz\/wp-content\/uploads\/2026\/07\/estonsko-clanky-tartu-co-videt-09-80x60.jpg 80w, https:\/\/loudavymkrokem.cz\/wp-content\/uploads\/2026\/07\/estonsko-clanky-tartu-co-videt-09-160x120.jpg 160w, https:\/\/loudavymkrokem.cz\/wp-content\/uploads\/2026\/07\/estonsko-clanky-tartu-co-videt-09-696x522.jpg 696w, https:\/\/loudavymkrokem.cz\/wp-content\/uploads\/2026\/07\/estonsko-clanky-tartu-co-videt-09-1392x1044.jpg 1392w\" sizes=\"(max-width: 1800px) 100vw, 1800px\" \/><button\n\t\t\tclass=\"lightbox-trigger\"\n\t\t\ttype=\"button\"\n\t\t\taria-haspopup=\"dialog\"\n\t\t\tdata-wp-bind--aria-label=\"state.thisImage.triggerButtonAriaLabel\"\n\t\t\tdata-wp-init=\"callbacks.initTriggerButton\"\n\t\t\tdata-wp-on--click=\"actions.showLightbox\"\n\t\t\tdata-wp-style--right=\"state.thisImage.buttonRight\"\n\t\t\tdata-wp-style--top=\"state.thisImage.buttonTop\"\n\t\t>\n\t\t\t<svg xmlns=\"http:\/\/www.w3.org\/2000\/svg\" width=\"12\" height=\"12\" fill=\"none\" viewBox=\"0 0 12 12\">\n\t\t\t\t<path fill=\"#fff\" d=\"M2 0a2 2 0 0 0-2 2v2h1.5V2a.5.5 0 0 1 .5-.5h2V0H2Zm2 10.5H2a.5.5 0 0 1-.5-.5V8H0v2a2 2 0 0 0 2 2h2v-1.5ZM8 12v-1.5h2a.5.5 0 0 0 .5-.5V8H12v2a2 2 0 0 1-2 2H8Zm2-12a2 2 0 0 1 2 2v2h-1.5V2a.5.5 0 0 0-.5-.5H8V0h2Z\" \/>\n\t\t\t<\/svg>\n\t\t<\/button><figcaption class=\"wp-element-caption\">Foto: Tusklikupreili \/ Wikimedia Commons, CC BY-SA 4.0<\/figcaption><\/figure>\n\n\n\n<h3 class=\"wp-block-heading\"><span class=\"ez-toc-section\" id=\"4_Angelbron_och_Djavulsbron_fulla_av_vidskepelse\"><\/span>4. \u00c4ngelbron och Dj\u00e4vulsbron fulla av vidskepelse<span class=\"ez-toc-section-end\"><\/span><\/h3>\n\n\n\n<p class=\"wp-block-paragraph\">N\u00e4r du promenerar p\u00e5 kullen Toomem\u00e4gi kommer du definitivt att st\u00f6ta p\u00e5 tv\u00e5 ber\u00f6mda broar. Den ljusare heter <strong>\u00c4ngelbron<\/strong> (Inglisild) och byggdes till \u00e4ra av det \u00e5teruppr\u00e4ttade universitetets f\u00f6rste rektor.<\/p>\n\n\n\n<p class=\"wp-block-paragraph\">Till den h\u00e4r bron knyts en fin studentmyt. Det s\u00e4gs att n\u00e4r du g\u00e5r \u00f6ver den f\u00f6r f\u00f6rsta g\u00e5ngen <strong>m\u00e5ste du h\u00e5lla andan<\/strong> och \u00f6nska dig n\u00e5got. Om du klarar dig hela v\u00e4gen till andra sidan g\u00e5r din \u00f6nskan garanterat i uppfyllelse. F\u00f6rs\u00f6k dock \u00f6nska dig n\u00e5got som andan r\u00e4cker till f\u00f6r, eftersom bron inte \u00e4r den kortaste.<\/p>\n\n\n\n<p class=\"wp-block-paragraph\">En bit bort st\u00e5r den m\u00f6rkare <strong>Dj\u00e4vulsbron<\/strong> (Kuradisild), som byggdes till minne av Romanov-dynastins jubileum. Kontrasten mellan de tv\u00e5 byggnadsverken understryker vackert hela kullens historiska m\u00e5ngfald.<\/p>\n\n\n\n<p class=\"wp-block-paragraph\">\ud83d\udca1 Tips: Att titta p\u00e5 b\u00e5da broarna och pr\u00f6va lyckan med andan tillbakah\u00e5llen <strong>tar ungef\u00e4r 30 minuter<\/strong> och \u00e4r f\u00f6rst\u00e5s gratis.<\/p>\n\n\n\n<figure data-wp-context=\"{&quot;imageId&quot;:&quot;6a9573198d71a&quot;}\" data-wp-interactive=\"core\/image\" data-wp-key=\"6a9573198d71a\" class=\"wp-block-image size-full wp-lightbox-container\"><img decoding=\"async\" width=\"1800\" height=\"1200\" data-wp-class--hide=\"state.isContentHidden\" data-wp-class--show=\"state.isContentVisible\" data-wp-init=\"callbacks.setButtonStyles\" data-wp-on--click=\"actions.showLightbox\" data-wp-on--load=\"callbacks.setButtonStyles\" data-wp-on--pointerdown=\"actions.preloadImage\" data-wp-on--pointerenter=\"actions.preloadImageWithDelay\" data-wp-on--pointerleave=\"actions.cancelPreload\" data-wp-on-window--resize=\"callbacks.setButtonStyles\" src=\"https:\/\/loudavymkrokem.cz\/wp-content\/uploads\/2026\/07\/estonsko-clanky-tartu-co-videt-10.jpg\" alt=\"Vetenskapscentret AHHAA\" class=\"wp-image-350651\" title=\"\" srcset=\"https:\/\/loudavymkrokem.cz\/wp-content\/uploads\/2026\/07\/estonsko-clanky-tartu-co-videt-10.jpg 1800w, https:\/\/loudavymkrokem.cz\/wp-content\/uploads\/2026\/07\/estonsko-clanky-tartu-co-videt-10-300x200.jpg 300w, https:\/\/loudavymkrokem.cz\/wp-content\/uploads\/2026\/07\/estonsko-clanky-tartu-co-videt-10-700x467.jpg 700w, https:\/\/loudavymkrokem.cz\/wp-content\/uploads\/2026\/07\/estonsko-clanky-tartu-co-videt-10-768x512.jpg 768w, https:\/\/loudavymkrokem.cz\/wp-content\/uploads\/2026\/07\/estonsko-clanky-tartu-co-videt-10-1536x1024.jpg 1536w, https:\/\/loudavymkrokem.cz\/wp-content\/uploads\/2026\/07\/estonsko-clanky-tartu-co-videt-10-696x464.jpg 696w, https:\/\/loudavymkrokem.cz\/wp-content\/uploads\/2026\/07\/estonsko-clanky-tartu-co-videt-10-1392x928.jpg 1392w\" sizes=\"(max-width: 1800px) 100vw, 1800px\" \/><button\n\t\t\tclass=\"lightbox-trigger\"\n\t\t\ttype=\"button\"\n\t\t\taria-haspopup=\"dialog\"\n\t\t\tdata-wp-bind--aria-label=\"state.thisImage.triggerButtonAriaLabel\"\n\t\t\tdata-wp-init=\"callbacks.initTriggerButton\"\n\t\t\tdata-wp-on--click=\"actions.showLightbox\"\n\t\t\tdata-wp-style--right=\"state.thisImage.buttonRight\"\n\t\t\tdata-wp-style--top=\"state.thisImage.buttonTop\"\n\t\t>\n\t\t\t<svg xmlns=\"http:\/\/www.w3.org\/2000\/svg\" width=\"12\" height=\"12\" fill=\"none\" viewBox=\"0 0 12 12\">\n\t\t\t\t<path fill=\"#fff\" d=\"M2 0a2 2 0 0 0-2 2v2h1.5V2a.5.5 0 0 1 .5-.5h2V0H2Zm2 10.5H2a.5.5 0 0 1-.5-.5V8H0v2a2 2 0 0 0 2 2h2v-1.5ZM8 12v-1.5h2a.5.5 0 0 0 .5-.5V8H12v2a2 2 0 0 1-2 2H8Zm2-12a2 2 0 0 1 2 2v2h-1.5V2a.5.5 0 0 0-.5-.5H8V0h2Z\" \/>\n\t\t\t<\/svg>\n\t\t<\/button><figcaption class=\"wp-element-caption\">Foto: M\u00e4rt Kose \/ Wikimedia Commons, CC BY 4.0<\/figcaption><\/figure>\n\n\n\n<h3 class=\"wp-block-heading\"><span class=\"ez-toc-section\" id=\"5_Vetenskapscentret_AHHAA\"><\/span>5. Vetenskapscentret AHHAA<span class=\"ez-toc-section-end\"><\/span><\/h3>\n\n\n\n<p class=\"wp-block-paragraph\">Om du \u00e4r intresserad av vetenskap eller reser med barn f\u00e5r du inte missa den h\u00e4r platsen. AHHAA \u00e4r <a href=\"https:\/\/ahhaa.ee\/\" rel=\"nofollow noopener\" target=\"_blank\"><strong>Baltikums st\u00f6rsta vetenskapscenter<\/strong><\/a> och utg\u00f6r ett rent paradis f\u00f6r nyfikna sj\u00e4lar.<\/p>\n\n\n\n<p class=\"wp-block-paragraph\">V\u00e4nta dig inga tr\u00e5kiga montrar \u2013 h\u00e4r m\u00e5ste du <strong>r\u00f6ra vid och prova allt<\/strong>. Du kan cykla p\u00e5 en lina sp\u00e4nd h\u00f6gt uppe under taket, g\u00e5 vilse i en spegellabyrint eller utforska vattnets v\u00e4rld.<\/p>\n\n\n\n<p class=\"wp-block-paragraph\">Det \u00e4r ocks\u00e5 en helt idealisk tillflyktsort ifall v\u00e4dret i Estland skulle svika dig och det b\u00f6rjar regna. Biljetter till liknande attraktioner kan du ibland ordna \u00e4ven <strong>online via portaler som GetYourGuide<\/strong>.<\/p>\n\n\n\n<p class=\"wp-block-paragraph\">\ud83d\udca1 Tips: Ett bes\u00f6k h\u00e5ller dig sysselsatt i <strong>tre till fyra timmar<\/strong> utan problem. Intr\u00e4det f\u00f6r en familj ligger runt 45 euro (cirka 500 kr), en vuxen betalar 20 euro (cirka 230 kr).<\/p>\n\n\n\n<figure data-wp-context=\"{&quot;imageId&quot;:&quot;6a9573198dd12&quot;}\" data-wp-interactive=\"core\/image\" data-wp-key=\"6a9573198dd12\" class=\"wp-block-image size-full wp-lightbox-container\"><img decoding=\"async\" width=\"1800\" height=\"1200\" data-wp-class--hide=\"state.isContentHidden\" data-wp-class--show=\"state.isContentVisible\" data-wp-init=\"callbacks.setButtonStyles\" data-wp-on--click=\"actions.showLightbox\" data-wp-on--load=\"callbacks.setButtonStyles\" data-wp-on--pointerdown=\"actions.preloadImage\" data-wp-on--pointerenter=\"actions.preloadImageWithDelay\" data-wp-on--pointerleave=\"actions.cancelPreload\" data-wp-on-window--resize=\"callbacks.setButtonStyles\" src=\"https:\/\/loudavymkrokem.cz\/wp-content\/uploads\/2026\/07\/estonsko-clanky-tartu-co-videt-11.jpg\" alt=\"Estlands nationalmuseum p\u00e5 den gamla flygplatsen\" class=\"wp-image-350661\" title=\"\" srcset=\"https:\/\/loudavymkrokem.cz\/wp-content\/uploads\/2026\/07\/estonsko-clanky-tartu-co-videt-11.jpg 1800w, https:\/\/loudavymkrokem.cz\/wp-content\/uploads\/2026\/07\/estonsko-clanky-tartu-co-videt-11-300x200.jpg 300w, https:\/\/loudavymkrokem.cz\/wp-content\/uploads\/2026\/07\/estonsko-clanky-tartu-co-videt-11-700x467.jpg 700w, https:\/\/loudavymkrokem.cz\/wp-content\/uploads\/2026\/07\/estonsko-clanky-tartu-co-videt-11-768x512.jpg 768w, https:\/\/loudavymkrokem.cz\/wp-content\/uploads\/2026\/07\/estonsko-clanky-tartu-co-videt-11-1536x1024.jpg 1536w, https:\/\/loudavymkrokem.cz\/wp-content\/uploads\/2026\/07\/estonsko-clanky-tartu-co-videt-11-696x464.jpg 696w, https:\/\/loudavymkrokem.cz\/wp-content\/uploads\/2026\/07\/estonsko-clanky-tartu-co-videt-11-1392x928.jpg 1392w\" sizes=\"(max-width: 1800px) 100vw, 1800px\" \/><button\n\t\t\tclass=\"lightbox-trigger\"\n\t\t\ttype=\"button\"\n\t\t\taria-haspopup=\"dialog\"\n\t\t\tdata-wp-bind--aria-label=\"state.thisImage.triggerButtonAriaLabel\"\n\t\t\tdata-wp-init=\"callbacks.initTriggerButton\"\n\t\t\tdata-wp-on--click=\"actions.showLightbox\"\n\t\t\tdata-wp-style--right=\"state.thisImage.buttonRight\"\n\t\t\tdata-wp-style--top=\"state.thisImage.buttonTop\"\n\t\t>\n\t\t\t<svg xmlns=\"http:\/\/www.w3.org\/2000\/svg\" width=\"12\" height=\"12\" fill=\"none\" viewBox=\"0 0 12 12\">\n\t\t\t\t<path fill=\"#fff\" d=\"M2 0a2 2 0 0 0-2 2v2h1.5V2a.5.5 0 0 1 .5-.5h2V0H2Zm2 10.5H2a.5.5 0 0 1-.5-.5V8H0v2a2 2 0 0 0 2 2h2v-1.5ZM8 12v-1.5h2a.5.5 0 0 0 .5-.5V8H12v2a2 2 0 0 1-2 2H8Zm2-12a2 2 0 0 1 2 2v2h-1.5V2a.5.5 0 0 0-.5-.5H8V0h2Z\" \/>\n\t\t\t<\/svg>\n\t\t<\/button><figcaption class=\"wp-element-caption\">Foto: WanderingTrad \/ Wikimedia Commons, CC BY-SA 4.0<\/figcaption><\/figure>\n\n\n\n<h3 class=\"wp-block-heading\"><span class=\"ez-toc-section\" id=\"6_Estlands_nationalmuseum_ERM\"><\/span>6. Estlands nationalmuseum (ERM)<span class=\"ez-toc-section-end\"><\/span><\/h3>\n\n\n\n<p class=\"wp-block-paragraph\">\u00c4ven om du normalt inte s\u00f6ker upp museer kommer det h\u00e4r troligen att knocka dig. <a href=\"https:\/\/www.erm.ee\/\" rel=\"nofollow noopener\" target=\"_blank\"><strong>Estlands nationalmuseum (ERM)<\/strong><\/a> ligger i utkanten av staden i stadsdelen Raadi och st\u00e5r p\u00e5 platsen f\u00f6r en f\u00f6re detta sovjetisk milit\u00e4rflygplats.<\/p>\n\n\n\n<p class=\"wp-block-paragraph\">Sj\u00e4lva byggnaden \u00e4r en <strong>enorm arkitektonisk triumf<\/strong>, en v\u00e4ldig <strong>350 meter l\u00e5ng glaskil<\/strong> som glider mjukt \u00f6ver i den gamla landningsbanan.<\/p>\n\n\n\n<p class=\"wp-block-paragraph\">Inuti hittar du f\u00f6rstklassigt genomf\u00f6rda och interaktiva utst\u00e4llningar som kartl\u00e4gger Estlands och de finsk-ugriska folkens historia. Alla texter finns dessutom p\u00e5 speciella smarta kort som du vid entr\u00e9n st\u00e4ller in p\u00e5 ditt eget spr\u00e5k, vilket \u00e4r otroligt praktiskt. S\u00e4rskilt stark \u00e4r delen som \u00e4gnas \u00e5t <strong>vardagslivet under den sovjetiska ockupationen<\/strong>, som f\u00f6rklarar mycket om den lokala mentaliteten.<\/p>\n\n\n\n<p class=\"wp-block-paragraph\">\ud83d\udca1 Tips: Avs\u00e4tt <strong>minst tre timmar<\/strong> f\u00f6r den h\u00e4r h\u00e4nf\u00f6rande platsen. Intr\u00e4det ligger runt 15 euro (cirka 170 kr).<\/p>\n\n\n\n<figure data-wp-context=\"{&quot;imageId&quot;:&quot;6a9573198e593&quot;}\" data-wp-interactive=\"core\/image\" data-wp-key=\"6a9573198e593\" class=\"wp-block-image size-full wp-lightbox-container\"><img decoding=\"async\" width=\"1800\" height=\"1224\" data-wp-class--hide=\"state.isContentHidden\" data-wp-class--show=\"state.isContentVisible\" data-wp-init=\"callbacks.setButtonStyles\" data-wp-on--click=\"actions.showLightbox\" data-wp-on--load=\"callbacks.setButtonStyles\" data-wp-on--pointerdown=\"actions.preloadImage\" data-wp-on--pointerenter=\"actions.preloadImageWithDelay\" data-wp-on--pointerleave=\"actions.cancelPreload\" data-wp-on-window--resize=\"callbacks.setButtonStyles\" src=\"https:\/\/loudavymkrokem.cz\/wp-content\/uploads\/2026\/07\/estonsko-clanky-tartu-co-videt-12.jpg\" alt=\"Tr\u00e4hus i stadsdelen Supilinn\" class=\"wp-image-350671\" title=\"\" srcset=\"https:\/\/loudavymkrokem.cz\/wp-content\/uploads\/2026\/07\/estonsko-clanky-tartu-co-videt-12.jpg 1800w, https:\/\/loudavymkrokem.cz\/wp-content\/uploads\/2026\/07\/estonsko-clanky-tartu-co-videt-12-300x204.jpg 300w, https:\/\/loudavymkrokem.cz\/wp-content\/uploads\/2026\/07\/estonsko-clanky-tartu-co-videt-12-700x476.jpg 700w, https:\/\/loudavymkrokem.cz\/wp-content\/uploads\/2026\/07\/estonsko-clanky-tartu-co-videt-12-768x522.jpg 768w, https:\/\/loudavymkrokem.cz\/wp-content\/uploads\/2026\/07\/estonsko-clanky-tartu-co-videt-12-1536x1044.jpg 1536w, https:\/\/loudavymkrokem.cz\/wp-content\/uploads\/2026\/07\/estonsko-clanky-tartu-co-videt-12-696x473.jpg 696w, https:\/\/loudavymkrokem.cz\/wp-content\/uploads\/2026\/07\/estonsko-clanky-tartu-co-videt-12-1392x947.jpg 1392w\" sizes=\"(max-width: 1800px) 100vw, 1800px\" \/><button\n\t\t\tclass=\"lightbox-trigger\"\n\t\t\ttype=\"button\"\n\t\t\taria-haspopup=\"dialog\"\n\t\t\tdata-wp-bind--aria-label=\"state.thisImage.triggerButtonAriaLabel\"\n\t\t\tdata-wp-init=\"callbacks.initTriggerButton\"\n\t\t\tdata-wp-on--click=\"actions.showLightbox\"\n\t\t\tdata-wp-style--right=\"state.thisImage.buttonRight\"\n\t\t\tdata-wp-style--top=\"state.thisImage.buttonTop\"\n\t\t>\n\t\t\t<svg xmlns=\"http:\/\/www.w3.org\/2000\/svg\" width=\"12\" height=\"12\" fill=\"none\" viewBox=\"0 0 12 12\">\n\t\t\t\t<path fill=\"#fff\" d=\"M2 0a2 2 0 0 0-2 2v2h1.5V2a.5.5 0 0 1 .5-.5h2V0H2Zm2 10.5H2a.5.5 0 0 1-.5-.5V8H0v2a2 2 0 0 0 2 2h2v-1.5ZM8 12v-1.5h2a.5.5 0 0 0 .5-.5V8H12v2a2 2 0 0 1-2 2H8Zm2-12a2 2 0 0 1 2 2v2h-1.5V2a.5.5 0 0 0-.5-.5H8V0h2Z\" \/>\n\t\t\t<\/svg>\n\t\t<\/button><figcaption class=\"wp-element-caption\">Foto: Kurt Smith \/ Pexels<\/figcaption><\/figure>\n\n\n\n<!-- LKM_GYG_CARD start q=\"tartu\" lang=\"sv\" rendered=\"2026-08-31T10:21:03+00:00\" v=\"1\" -->\n<style id=\"lk-gyg-styles\">\n@import url(\"https:\/\/fonts.googleapis.com\/css2?family=Playfair+Display:wght@700&family=DM+Sans:wght@300;400;500;600&display=swap\");\n\/* === LK GYG karty \u2014 CRO redesign 2026-05 (namespace .lkx-) ===\n   C\u00edl: vy\u0161\u0161\u00ed CTR (hero + v\u00fdrazn\u00fd social proof + ak\u010dn\u00ed CTA, m\u00e9n\u011b \"reklamn\u00ed\").\n   Injektuje se inline do prvn\u00edho markeru postu (refresh_cards.py --inline-css). *\/\n.lkx-module, .lkx-module *{box-sizing:border-box;margin:0;padding:0}\n.lkx-module{\n  font-family:'DM Sans',-apple-system,Segoe UI,Roboto,Georgia,sans-serif;\n  max-width:860px;margin:2.5rem auto;color:#1f2328;\n}\n\n\/* HEADER \u2014 lehk\u00fd editorsk\u00fd, \u017e\u00e1dn\u00fd bannerov\u00fd blok; nadpis + popisek pod n\u00edm *\/\n.lkx-head{margin-bottom:16px}\n.lkx-head-main{display:flex;align-items:center;gap:10px}\n.lkx-head-accent{width:26px;height:3px;border-radius:2px;background:#c39f76;flex-shrink:0}\n.lkx-head-title{font-family:'Playfair Display',Georgia,serif;font-size:21px;font-weight:700;color:#1a1a1a;line-height:1.25}\n.lkx-head-meta{display:block;font-size:11px;letter-spacing:.3px;color:#9aa0a6;margin-top:4px;margin-left:36px}\n\n\/* HERO *\/\n.lkx-hero{display:grid;grid-template-columns:300px 1fr;background:#fff;border:1px solid #ece7df;border-radius:14px;overflow:hidden;text-decoration:none!important;color:inherit;box-shadow:0 6px 20px rgba(0,0,0,.06);transition:box-shadow .2s,transform .2s;margin-bottom:14px}\n.lkx-hero:hover{box-shadow:0 12px 30px rgba(0,0,0,.12);transform:translateY(-2px)}\n.lkx-hero-img{position:relative;min-height:230px;background-size:cover;background-position:center;background-color:#eee}\n.lkx-hero-body{padding:22px 24px;display:flex;flex-direction:column}\n.lkx-pick{position:absolute;top:12px;left:12px;background:#1a1a1a;color:#fff;font-size:11px;font-weight:700;letter-spacing:.5px;padding:5px 11px;border-radius:20px}\n\n\/* TITLE *\/\n.lkx-title{font-size:19px;font-weight:700;color:#161616;line-height:1.3}\n.lkx-title-sm{font-size:14.5px;line-height:1.35;display:-webkit-box;-webkit-line-clamp:2;-webkit-box-orient:vertical;overflow:hidden}\n\n\/* SOCIAL PROOF \u2014 v\u00fdrazn\u011b, naho\u0159e *\/\n.lkx-proof{display:flex;align-items:center;gap:7px;margin-top:12px;font-size:15px;color:#3a3a3a}\n.lkx-proof b{font-size:16px;color:#161616}\n.lkx-stars{color:#f5a623;letter-spacing:1px}\n.lkx-proof-sm{font-size:12.5px;margin-top:8px;gap:5px}\n.lkx-proof-sm b{font-size:13px}\n.lkx-proof-new{color:#3685fc;font-weight:600}\n\n\/* PRICE \u2014 n\u00edzk\u00e1 kotva *\/\n.lkx-price{font-size:14px;color:#6b7280}\n.lkx-price b{font-size:20px;color:#161616;font-weight:700}\n.lkx-price-sm b{font-size:15px}\n\n\/* CTA \u2014 tepl\u00e9 ak\u010dn\u00ed tla\u010d\u00edtko *\/\n.lkx-cta{display:inline-flex;align-items:center;justify-content:center;text-decoration:none!important;font-weight:700;color:#fff!important;background:linear-gradient(135deg,#f6743f,#e8552a);border-radius:10px;box-shadow:0 6px 16px rgba(232,85,42,.32);transition:box-shadow .2s}\n.lkx-cta-hero{font-size:15px;padding:13px 22px}\n.lkx-hero:hover .lkx-cta-hero{box-shadow:0 8px 22px rgba(232,85,42,.45)}\n.lkx-cta-sm{font-size:12.5px;padding:9px 14px;width:100%;margin-top:2px}\n.lkx-hero-bottom{margin-top:auto;padding-top:18px;display:flex;align-items:center;justify-content:space-between;gap:14px;flex-wrap:wrap}\n\n\/* BADGE \u2014 jeden v\u00fdrazn\u00fd na fotce *\/\n.lkx-badge{position:absolute;top:12px;right:12px;font-size:10.5px;font-weight:700;letter-spacing:.3px;padding:5px 10px;border-radius:16px;color:#fff}\n.lkx-badge.badge-urgency{background:rgba(214,40,40,.92)}\n.lkx-badge.badge-new{background:rgba(54,133,252,.92)}\n.lkx-badge.badge-top{background:rgba(195,159,118,.95)}\n.lkx-badge.badge-info{background:rgba(40,40,40,.78)}\n\n\/* SECONDARY GRID *\/\n.lkx-grid{display:grid;grid-template-columns:1fr 1fr;gap:14px}\n.lkx-card{background:#fff;border:1px solid #ece7df;border-radius:14px;overflow:hidden;text-decoration:none!important;color:inherit;box-shadow:0 4px 14px rgba(0,0,0,.05);display:flex;flex-direction:column;transition:box-shadow .2s,transform .2s}\n.lkx-card:hover{box-shadow:0 10px 24px rgba(0,0,0,.1);transform:translateY(-2px)}\n.lkx-card-img{position:relative;aspect-ratio:16\/10;background-size:cover;background-position:center;background-color:#eee}\n.lkx-card-body{padding:14px 16px 16px;display:flex;flex-direction:column;gap:7px;flex:1}\n.lkx-card-bottom{margin-top:auto;padding-top:10px;display:flex;align-items:center;justify-content:space-between;gap:8px}\n\n\/* DISCLOSURE \u2014 drobn\u00e1, kv\u016fli d\u016fv\u011b\u0159e\/z\u00e1konu *\/\n.lkx-disclosure{font-size:11px;color:#a7adb3;text-align:center;margin-top:14px;line-height:1.6}\n.lkx-disclosure a{color:#c39f76;text-decoration:none}\n\n@media(max-width:680px){\n  .lkx-hero{grid-template-columns:1fr}\n  .lkx-hero-img{min-height:180px}\n  .lkx-grid{grid-template-columns:1fr}\n  .lkx-head-meta{margin-left:0;width:100%}\n  .lkx-head-title{font-size:19px}\n}\n\n<\/style>\n<div class=\"lkx-module\" data-query=\"tartu\">\n  <div class=\"lkx-head\">\n    <div class=\"lkx-head-main\">\n      <span class=\"lkx-head-accent\"><\/span>\n      <span class=\"lkx-head-title\">Upplevelser &amp; biljetter<\/span>\n    <\/div>\n    <span class=\"lkx-head-meta\">betygsatt av resen\u00e4rer \u00b7 GetYourGuide<\/span>\n  <\/div><a class=\"lkx-hero\" href=\"https:\/\/www.getyourguide.com\/sv-se\/tartu-l1996\/vana-lugu-tartus-historia-smaker-och-berattelser-t1309634\/?partner_id=MKZ64IS&amp;utm_medium=online_publisher&amp;cmp=tartu-estland-sevardheter\" target=\"_blank\" rel=\"sponsored noopener nofollow\">\n    <div class=\"lkx-hero-img\" style=\"background-image:url('https:\/\/cdn.getyourguide.com\/img\/tour\/2ebc002e7a10bd7e957508b61175b85938e9f3adfe617a00b910a2f0763ae5f2.png\/132.jpg')\" role=\"img\" aria-label=\"Vana Lugu: Tartus historia \u2013 smaker och ber\u00e4ttelser\">\n      <span class=\"lkx-pick\">\u2605 V\u00e5rt val<\/span><\/div>\n    <div class=\"lkx-hero-body\">\n      <div class=\"lkx-title\">Vana Lugu: Tartus historia \u2013 smaker och ber\u00e4ttelser<\/div>\n      <div class=\"lkx-proof\">\n      <span class=\"lkx-stars\">\u2605\u2605\u2605\u2605\u2605<\/span>\n      <b>5.0<\/b> \u00b7 15 omd\u00f6men\n    <\/div>\n      <div class=\"lkx-hero-bottom\"><div class=\"lkx-price\">fr\u00e5n <b>30\u00a0EUR<\/b><\/div><span class=\"lkx-cta lkx-cta-hero\">Det h\u00e4r vill jag uppleva \u2192<\/span>\n      <\/div>\n    <\/div>\n  <\/a><div class=\"lkx-grid\"><a class=\"lkx-card\" href=\"https:\/\/www.getyourguide.com\/sv-se\/tartu-l1996\/tartu-privat-cykeltur-med-en-landskapsarkitekt-t1301964\/?partner_id=MKZ64IS&amp;utm_medium=online_publisher&amp;cmp=tartu-estland-sevardheter\" target=\"_blank\" rel=\"sponsored noopener nofollow\">\n      <div class=\"lkx-card-img\" style=\"background-image:url('https:\/\/cdn.getyourguide.com\/img\/tour\/60f534c78fcc3958a38e9e3b7208a42a362b36d76f7c897d2943b10164d46fce.jpeg\/132.jpg')\" role=\"img\" aria-label=\"Tartu: Privat cykeltur med en landskapsarkitekt\"><\/div>\n      <div class=\"lkx-card-body\">\n        <div class=\"lkx-title lkx-title-sm\">Tartu: Privat cykeltur med en landskapsarkitekt<\/div>\n        <div class=\"lkx-proof lkx-proof-sm\">\n      <span class=\"lkx-stars\">\u2605<\/span>\n      <b>5.0<\/b> \u00b7 1\n    <\/div>\n        <div class=\"lkx-card-bottom\"><span class=\"lkx-price lkx-price-sm\">fr\u00e5n <b>30\u00a0EUR<\/b><\/span><span class=\"lkx-cta lkx-cta-sm\">Visa datum \u2192<\/span>\n        <\/div>\n      <\/div>\n    <\/a><a class=\"lkx-card\" href=\"https:\/\/www.getyourguide.com\/sv-se\/tartu-l1996\/vana-lugu-tartu-alternativ-rundvandring-med-gatukonst-t1309678\/?partner_id=MKZ64IS&amp;utm_medium=online_publisher&amp;cmp=tartu-estland-sevardheter\" target=\"_blank\" rel=\"sponsored noopener nofollow\">\n      <div class=\"lkx-card-img\" style=\"background-image:url('https:\/\/cdn.getyourguide.com\/img\/tour\/ee2c73ea5e2ea41f307785cb5431484f13591a6e82f0bd9549ae1ca617130c12.jpg\/132.jpg')\" role=\"img\" aria-label=\"Vana Lugu: Tartu: Alternativ rundvandring med gatukonst\"><\/div>\n      <div class=\"lkx-card-body\">\n        <div class=\"lkx-title lkx-title-sm\">Vana Lugu: Tartu: Alternativ rundvandring med gatukonst<\/div>\n        <div class=\"lkx-proof lkx-proof-sm\">\n      <span class=\"lkx-stars\">\u2605<\/span>\n      <b>0.0<\/b> \u00b7 0\n    <\/div>\n        <div class=\"lkx-card-bottom\"><span class=\"lkx-price lkx-price-sm\">fr\u00e5n <b>20\u00a0EUR<\/b><\/span><span class=\"lkx-cta lkx-cta-sm\">Visa datum \u2192<\/span>\n        <\/div>\n      <\/div>\n    <\/a><\/div><div class=\"lkx-disclosure\">\ud83d\udd17 Affiliate-l\u00e4nkar \u2014 p\u00e5verkar inte ditt pris och hj\u00e4lper oss att skapa inneh\u00e5ll. \u00b7 <a href=\"https:\/\/www.getyourguide.com\/sv-se\/s\/?q=tartu&amp;partner_id=MKZ64IS&amp;utm_medium=online_publisher\" target=\"_blank\" rel=\"sponsored noopener nofollow\">Alla upplevelser \u2192<\/a><\/div>\n<\/div>\n<!-- LKM_GYG_CARD end -->\n\n\n\n\n<div class=\"lk-stays-module\">\n<style>\n\/* \u2500\u2500\u2500 RESET PRO GUTENBERG \u2500\u2500\u2500 *\/\n.lk-stays-module * { box-sizing: border-box; margin: 0; padding: 0; }\n\n\/* \u2500\u2500\u2500 WRAPPER \u2500\u2500\u2500 *\/\n.lk-stays-module {\n  font-family: 'DM Sans', Georgia, sans-serif;\n  max-width: 100%;\n  margin: 2.5rem auto;\n  background: linear-gradient(135deg, #fdfaf5 0%, #fcf8f0 100%);\n  border: 1px solid #e8dfd4;\n  border-radius: 16px;\n  overflow: hidden;\n  box-shadow: 0 16px 48px rgba(195, 159, 118, 0.25), 0 4px 12px rgba(0,0,0,0.08);\n}\n\n\/* \u2500\u2500\u2500 HEADER \u2500\u2500\u2500 *\/\n.lk-stays-header {\n  position: relative;\n  padding: 24px 36px 24px;\n  background: linear-gradient(135deg, #c39f76 0%, #d4b188 60%, #c39f76 100%);\n  border-bottom: 1px solid rgba(255,255,255,.15);\n  display: flex;\n  align-items: center;\n  gap: 18px;\n}\n.lk-stays-header::before {\n  content: '';\n  position: absolute;\n  inset: 0;\n  background: url(\"data:image\/svg+xml,%3Csvg width='60' height='60' viewBox='0 0 60 60' xmlns='http:\/\/www.w3.org\/2000\/svg'%3E%3Cg fill='none' fill-rule='evenodd'%3E%3Cg fill='%23ffffff' fill-opacity='0.05'%3E%3Cpath d='M36 34v-4h-2v4h-4v2h4v4h2v-4h4v-2h-4zm0-30V0h-2v4h-4v2h4v4h2V6h4V4h-4zM6 34v-4H4v4H0v2h4v4h2v-4h4v-2H6zM6 4V0H4v4H0v2h4v4h2V6h4V4H6z'\/%3E%3C\/g%3E%3C\/g%3E%3C\/svg%3E\") repeat;\n  pointer-events: none;\n}\n.lk-stays-icon {\n  flex-shrink: 0;\n  width: 68px;\n  height: 68px;\n  border-radius: 14px;\n  background: linear-gradient(135deg, #fff 0%, #f9f6f0 100%);\n  display: flex;\n  align-items: center;\n  justify-content: center;\n  font-size: 26px;\n  box-shadow: 0 4px 12px rgba(0,0,0,0.15);\n}\n.lk-stays-eyebrow {\n  font-size: 10px;\n  font-weight: 500;\n  letter-spacing: 2.5px;\n  text-transform: uppercase;\n  color: rgba(255,255,255,.85);\n  margin: 0 0 5px 0;\n}\n.lk-stays-title {\n  font-family: 'Playfair Display', Georgia, serif;\n  font-size: 24px;\n  font-weight: 700;\n  color: #fff;\n  line-height: 1.2;\n  text-shadow: 0 1px 2px rgba(0,0,0,0.1);\n  margin: 0;\n}\n.lk-stays-subtitle {\n  font-size: 13px;\n  color: rgba(255,255,255,.75);\n  margin: 4px 0 0 0;\n  font-weight: 300;\n}\n\n\/* \u2500\u2500\u2500 CARDS GRID \u2500\u2500\u2500 *\/\n.lk-stays-grid {\n  display: grid;\n  grid-template-columns: 1fr 1fr;\n  gap: 1px;\n  background: rgba(195, 159, 118, 0.12);\n}\n\n\/* \u2500\u2500\u2500 SINGLE CARD \u2500\u2500\u2500 *\/\n.lk-stay-card {\n  background: #ffffff;\n  padding: 26px;\n  display: flex;\n  flex-direction: column;\n  gap: 11px;\n  transition: all 0.3s ease;\n  text-decoration: none;\n  color: inherit;\n  position: relative;\n}\n.lk-stay-card:hover {\n  background: #fffbf5;\n  transform: translateY(-2px);\n  box-shadow: 0 8px 24px rgba(195, 159, 118, 0.18);\n  z-index: 1;\n}\n.lk-stay-card.featured {\n  background: linear-gradient(135deg, #fffdf9 0%, #fff9f0 100%);\n  box-shadow: 0 4px 16px rgba(195, 159, 118, 0.15), inset 0 1px 0 rgba(195, 159, 118, 0.1);\n}\n.lk-stay-card.featured:hover {\n  background: linear-gradient(135deg, #fffbf5 0%, #fff8ed 100%);\n  box-shadow: 0 8px 24px rgba(195, 159, 118, 0.25), inset 0 1px 0 rgba(195, 159, 118, 0.15);\n}\n\n.lk-stay-badge {\n  display: inline-flex;\n  align-items: center;\n  gap: 5px;\n  font-size: 10px;\n  font-weight: 500;\n  letter-spacing: 1.5px;\n  text-transform: uppercase;\n  padding: 5px 11px;\n  border-radius: 20px;\n  width: fit-content;\n}\n.badge-top     { background: linear-gradient(135deg, #c39f76 0%, #d4b188 100%); color: #fff; border: 1px solid #c39f76; font-weight: 600; box-shadow: 0 2px 8px rgba(195,159,118,0.3); }\n.badge-luxury  { background: rgba(195,159,118,.12); color: #c39f76; border: 1px solid rgba(195,159,118,.25); }\n.badge-boutique{ background: rgba(54,133,252,.08); color: #3685fc; border: 1px solid rgba(54,133,252,.2); }\n.badge-nature  { background: rgba(130,190,100,.1); color: #6b9c4a; border: 1px solid rgba(130,190,100,.2); }\n.badge-remote  { background: rgba(195,159,118,.12); color: #a67e50; border: 1px solid rgba(195,159,118,.25); }\n\n.lk-stay-name {\n  font-family: 'Playfair Display', Georgia, serif;\n  font-size: 18px;\n  font-weight: 700;\n  color: #111827;\n  line-height: 1.3;\n}\n.lk-stay-desc {\n  font-size: 13.5px;\n  color: #525252;\n  line-height: 1.65;\n  font-weight: 300;\n  flex: 1;\n}\n\n.lk-stay-meta {\n  display: flex;\n  align-items: center;\n  gap: 12px;\n  flex-wrap: wrap;\n  margin-top: 4px;\n}\n.lk-stay-price {\n  font-size: 13px;\n  color: #6b7280;\n}\n.lk-stay-price strong {\n  color: #c39f76;\n  font-weight: 500;\n}\n.lk-stay-stars {\n  color: #c39f76;\n  font-size: 11px;\n  letter-spacing: 1px;\n}\n\n\/* \u2500\u2500\u2500 CTA BUTTON \u2500\u2500\u2500 *\/\n.lk-stay-cta {\n  display: inline-flex;\n  align-items: center;\n  justify-content: center;\n  gap: 7px;\n  margin-top: 8px;\n  padding: 11px 20px;\n  border-radius: 8px;\n  background: linear-gradient(135deg, #3685fc 0%, #2a6fd9 100%);\n  color: #fff;\n  font-size: 13px;\n  font-weight: 500;\n  text-decoration: none;\n  letter-spacing: .3px;\n  transition: all .2s ease;\n  cursor: pointer;\n  border: none;\n  text-align: center;\n  box-shadow: 0 4px 12px rgba(54, 133, 252, 0.25);\n}\n.lk-stay-cta:hover {\n  background: linear-gradient(135deg, #2a6fd9 0%, #1e5bc4 100%);\n  transform: translateY(-1px);\n  box-shadow: 0 6px 16px rgba(54, 133, 252, 0.35);\n}\n.lk-stay-cta svg { flex-shrink: 0; }\n\n\/* \u2500\u2500\u2500 FOOTER \u2500\u2500\u2500 *\/\n.lk-stays-footer {\n  padding: 18px 36px;\n  background: linear-gradient(to bottom, #fdfaf5 0%, #f9f4ed 100%);\n  border-top: 1px solid rgba(195, 159, 118, 0.15);\n  display: flex;\n  align-items: center;\n  justify-content: space-between;\n  flex-wrap: wrap;\n  gap: 12px;\n}\n.lk-stays-footer-note {\n  font-size: 11.5px;\n  color: #6b7280;\n  font-weight: 300;\n  line-height: 1.5;\n}\n.lk-stays-footer-note a {\n  color: #c39f76;\n  text-decoration: none;\n  font-weight: 400;\n}\n.lk-stays-footer-note a:hover {\n  text-decoration: underline;\n}\n.lk-stays-all-btn {\n  display: inline-flex;\n  align-items: center;\n  gap: 6px;\n  font-size: 12.5px;\n  font-weight: 500;\n  color: #c39f76;\n  text-decoration: none;\n  border: 1px solid rgba(195, 159, 118, 0.35);\n  padding: 8px 18px;\n  border-radius: 8px;\n  transition: all .2s ease;\n}\n.lk-stays-all-btn:hover {\n  background: rgba(195, 159, 118, 0.08);\n  border-color: rgba(195, 159, 118, 0.5);\n}\n\n\/* \u2500\u2500\u2500 RESPONSIVE \u2500\u2500\u2500 *\/\n@media (max-width: 600px) {\n  .lk-stays-grid { grid-template-columns: 1fr; }\n  .lk-stays-header { padding: 24px 20px; }\n  .lk-stays-footer { padding: 16px 20px; }\n  .lk-stay-card { padding: 22px; }\n  .lk-stays-title { font-size: 20px; }\n}\n<\/style>\n\n  <!-- HEADER -->\n  <div class=\"lk-stays-header\">\n    <img decoding=\"async\" src=\"https:\/\/loudavymkrokem.cz\/wp-content\/uploads\/2026\/02\/lukas-a-lucka.jpg\" alt=\"\" style=\"width: 75px; height: 75px; border-radius: 8px; flex-shrink: 0; object-fit: cover; display: block; margin: 4px 0;\" title=\"\">\n    <div class=\"lk-stays-header-text\">\n      <div class=\"lk-stays-eyebrow\">Luk\u00e1\u0161 och Lucie rekommenderar<\/div>\n      <div class=\"lk-stays-title\">Var man kan bo i Tartu<\/div>\n      <div class=\"lk-stays-subtitle\">6 boenden \u2014 hotell, wellnesshotell och andra boendem\u00f6jligheter<\/div>\n    <\/div>\n  <\/div>\n\n  <!-- CARDS -->\n  <div class=\"lk-stays-grid\">\n\n    <a class=\"lk-stay-card featured\" href=\"https:\/\/www.stay22.com\/allez\/roam?aid=lukaskonecny&#038;campaign=loudavymkrokemcz&#038;campaign=sv&#038;campaign=tartu-co-videt&#038;hotelname=Lydia%20Hotel&#038;address=Tartu%2C%20Estonsko\" target=\"_blank\" rel=\"nofollow noopener\">\n      <span class=\"lk-stay-badge badge-top\">\u2b50 TOPPVAL<\/span>\n      <span class=\"lk-stay-badge badge-nature\">\ud83c\udfe8 Hotell<\/span>\n      <div class=\"lk-stay-name\">Lydia Hotel<\/div>\n      <div class=\"lk-stay-desc\">En av de b\u00e4st rankade adresserna mitt i hj\u00e4rtat av staden, med pool och bastu.<\/div>\n      <div class=\"lk-stay-meta\">\n        <span class=\"lk-stay-stars\">\u2605\u2605\u2605\u2605<\/span>\n        <span class=\"lk-stay-price\">Kontrollera priser<\/span>\n      <\/div>\n      <span class=\"lk-stay-cta\">\n        <svg width=\"14\" height=\"14\" viewBox=\"0 0 24 24\" fill=\"none\" stroke=\"currentColor\" stroke-width=\"2\"><path d=\"M18 13v6a2 2 0 0 1-2 2H5a2 2 0 0 1-2-2V8a2 2 0 0 1 2-2h6\"\/><polyline points=\"15 3 21 3 21 9\"\/><line x1=\"10\" y1=\"14\" x2=\"21\" y2=\"3\"\/><\/svg>\n        Kontrollera tillg\u00e4nglighet\n      <\/span>\n    <\/a>\n\n    <a class=\"lk-stay-card\" href=\"https:\/\/www.stay22.com\/allez\/roam?aid=lukaskonecny&#038;campaign=loudavymkrokemcz&#038;campaign=sv&#038;campaign=tartu-co-videt&#038;hotelname=V%20Spa%20Hotel%20and%20Conference%20centre&#038;address=Tartu%2C%20Estonsko\" target=\"_blank\" rel=\"nofollow noopener\">\n      <span class=\"lk-stay-badge badge-nature\">\u2b50 Luxury<\/span>\n      <div class=\"lk-stay-name\">V Spa Hotel and Conference centre<\/div>\n      <div class=\"lk-stay-desc\">Wellnessupplevelse med ett riktigt spacomplex direkt i hotellet.<\/div>\n      <div class=\"lk-stay-meta\">\n        <span class=\"lk-stay-stars\">\u2605\u2605\u2605\u2605<\/span>\n        <span class=\"lk-stay-price\">Kontrollera priser<\/span>\n      <\/div>\n      <span class=\"lk-stay-cta\">\n        <svg width=\"14\" height=\"14\" viewBox=\"0 0 24 24\" fill=\"none\" stroke=\"currentColor\" stroke-width=\"2\"><path d=\"M18 13v6a2 2 0 0 1-2 2H5a2 2 0 0 1-2-2V8a2 2 0 0 1 2-2h6\"\/><polyline points=\"15 3 21 3 21 9\"\/><line x1=\"10\" y1=\"14\" x2=\"21\" y2=\"3\"\/><\/svg>\n        Kontrollera tillg\u00e4nglighet\n      <\/span>\n    <\/a>\n\n    <a class=\"lk-stay-card\" href=\"https:\/\/www.stay22.com\/allez\/roam?aid=lukaskonecny&#038;campaign=loudavymkrokemcz&#038;campaign=sv&#038;campaign=tartu-co-videt&#038;hotelname=Hotel%20Antonius&#038;address=Tartu%2C%20Estonsko\" target=\"_blank\" rel=\"nofollow noopener\">\n      <span class=\"lk-stay-badge badge-nature\">\ud83c\udfe8 Hotell<\/span>\n      <div class=\"lk-stay-name\">Hotel Antonius<\/div>\n      <div class=\"lk-stay-desc\">Boutique-hotell med historisk atmosf\u00e4r och fantastiska antika interi\u00f6rer.<\/div>\n      <div class=\"lk-stay-meta\">\n        <span class=\"lk-stay-stars\">\u2605\u2605\u2605\u2605<\/span>\n        <span class=\"lk-stay-price\">Kontrollera priser<\/span>\n      <\/div>\n      <span class=\"lk-stay-cta\">\n        <svg width=\"14\" height=\"14\" viewBox=\"0 0 24 24\" fill=\"none\" stroke=\"currentColor\" stroke-width=\"2\"><path d=\"M18 13v6a2 2 0 0 1-2 2H5a2 2 0 0 1-2-2V8a2 2 0 0 1 2-2h6\"\/><polyline points=\"15 3 21 3 21 9\"\/><line x1=\"10\" y1=\"14\" x2=\"21\" y2=\"3\"\/><\/svg>\n        Kontrollera tillg\u00e4nglighet\n      <\/span>\n    <\/a>\n\n    <a class=\"lk-stay-card\" href=\"https:\/\/www.stay22.com\/allez\/roam?aid=lukaskonecny&#038;campaign=loudavymkrokemcz&#038;campaign=sv&#038;campaign=tartu-co-videt&#038;hotelname=Hektor%20Design%20Hostel&#038;address=Tartu%2C%20Estonsko\" target=\"_blank\" rel=\"nofollow noopener\">\n      <span class=\"lk-stay-badge badge-nature\">\ud83c\udfe1 Pension\/B&#038;B<\/span>\n      <div class=\"lk-stay-name\">Hektor Design Hostel<\/div>\n      <div class=\"lk-stay-desc\">Stilfullt vandrarhem som kombinerar prisv\u00e4rdhet med fantastisk nordisk design f\u00f6r budgetresen\u00e4rer.<\/div>\n      <div class=\"lk-stay-meta\">\n        <span class=\"lk-stay-stars\">\u2605\u2605\u2605\u2605<\/span>\n        <span class=\"lk-stay-price\">Kontrollera priser<\/span>\n      <\/div>\n      <span class=\"lk-stay-cta\">\n        <svg width=\"14\" height=\"14\" viewBox=\"0 0 24 24\" fill=\"none\" stroke=\"currentColor\" stroke-width=\"2\"><path d=\"M18 13v6a2 2 0 0 1-2 2H5a2 2 0 0 1-2-2V8a2 2 0 0 1 2-2h6\"\/><polyline points=\"15 3 21 3 21 9\"\/><line x1=\"10\" y1=\"14\" x2=\"21\" y2=\"3\"\/><\/svg>\n        Kontrollera tillg\u00e4nglighet\n      <\/span>\n    <\/a>\n\n    <a class=\"lk-stay-card\" href=\"https:\/\/www.stay22.com\/allez\/roam?aid=lukaskonecny&#038;campaign=loudavymkrokemcz&#038;campaign=sv&#038;campaign=tartu-co-videt&#038;hotelname=Dorpat%20Hotel&#038;address=Tartu%2C%20Estonsko\" target=\"_blank\" rel=\"nofollow noopener\">\n      <span class=\"lk-stay-badge badge-nature\">\ud83c\udfe8 Hotell<\/span>\n      <div class=\"lk-stay-name\">Dorpat Hotel<\/div>\n      <div class=\"lk-stay-desc\">P\u00e5litligt mellanklassval bel\u00e4get direkt vid stranden av floden Emaj\u00f5gi.<\/div>\n      <div class=\"lk-stay-meta\">\n        <span class=\"lk-stay-stars\">\u2605\u2605\u2605\u2605<\/span>\n        <span class=\"lk-stay-price\">Kontrollera priser<\/span>\n      <\/div>\n      <span class=\"lk-stay-cta\">\n        <svg width=\"14\" height=\"14\" viewBox=\"0 0 24 24\" fill=\"none\" stroke=\"currentColor\" stroke-width=\"2\"><path d=\"M18 13v6a2 2 0 0 1-2 2H5a2 2 0 0 1-2-2V8a2 2 0 0 1 2-2h6\"\/><polyline points=\"15 3 21 3 21 9\"\/><line x1=\"10\" y1=\"14\" x2=\"21\" y2=\"3\"\/><\/svg>\n        Kontrollera tillg\u00e4nglighet\n      <\/span>\n    <\/a>\n\n    <a class=\"lk-stay-card\" href=\"https:\/\/www.stay22.com\/allez\/roam?aid=lukaskonecny&#038;campaign=loudavymkrokemcz&#038;campaign=sv&#038;campaign=tartucovidet&#038;address=tartu\" target=\"_blank\" rel=\"nofollow noopener\">\n      <span class=\"lk-stay-badge badge-nature\">\ud83d\udd0d S\u00f6k<\/span>\n      <div class=\"lk-stay-name\">Visa alla boenden i Tartu<\/div>\n      <div class=\"lk-stay-desc\">Utforska alla tillg\u00e4ngliga boendem\u00f6jligheter i Tartu och hitta det b\u00e4sta enligt dina preferenser och budget.<\/div>\n      <div class=\"lk-stay-meta\">\n        <span class=\"lk-stay-stars\">\u2605\u2605\u2605\u2605<\/span>\n        <span class=\"lk-stay-price\">J\u00e4mf\u00f6r priser<\/span>\n      <\/div>\n      <span class=\"lk-stay-cta\">\n        <svg width=\"14\" height=\"14\" viewBox=\"0 0 24 24\" fill=\"none\" stroke=\"currentColor\" stroke-width=\"2\"><path d=\"M18 13v6a2 2 0 0 1-2 2H5a2 2 0 0 1-2-2V8a2 2 0 0 1 2-2h6\"\/><polyline points=\"15 3 21 3 21 9\"\/><line x1=\"10\" y1=\"14\" x2=\"21\" y2=\"3\"\/><\/svg>\n        Kontrollera tillg\u00e4nglighet\n      <\/span>\n    <\/a>\n\n  <\/div>\n\n  \n<\/div>\n\n\n\n\n<h3 class=\"wp-block-heading\"><span class=\"ez-toc-section\" id=\"7_Trastadsdelen_Supilinn_Soppstaden\"><\/span>7. Tr\u00e4stadsdelen Supilinn (Soppstaden)<span class=\"ez-toc-section-end\"><\/span><\/h3>\n\n\n\n<p class=\"wp-block-paragraph\">En kort bit fr\u00e5n centrum, i riktning mot floden, ligger en stadsdel som ser ut att ha fallit ur f\u00f6rra seklet. Supilinn bildar en <strong>labyrint av gamla, f\u00e4rgglada tr\u00e4hus<\/strong> med en otrolig charm.<\/p>\n\n\n\n<p class=\"wp-block-paragraph\">Namnet betyder i \u00f6vers\u00e4ttning Soppstaden och kommer av att de lokala gatorna \u00e4r <strong>uppkallade efter olika sorters gr\u00f6nsaker<\/strong>. H\u00e4r st\u00f6ter du p\u00e5 \u00c4rtgatan, Potatisgatan, B\u00f6ngatan och Melongatan.<\/p>\n\n\n\n<p class=\"wp-block-paragraph\">F\u00f6rr var det en f\u00f6rfallen arbetarkoloni, men idag \u00e4r det en <strong>eftertraktad bohemisk adress<\/strong> full av gemensamma tr\u00e4dg\u00e5rdar och gatukonst, d\u00e4r du lugnt kan g\u00e5 vilse med kameran i en timme.<\/p>\n\n\n\n<p class=\"wp-block-paragraph\">\ud83d\udca1 Tips: G\u00e5 vilse i gr\u00e4nderna med kameran i hand \u2013 promenaden <strong>tar ungef\u00e4r en timme<\/strong> och kostar inte ett \u00f6re.<\/p>\n\n\n\n<figure data-wp-context=\"{&quot;imageId&quot;:&quot;6a9573198ee9c&quot;}\" data-wp-interactive=\"core\/image\" data-wp-key=\"6a9573198ee9c\" class=\"wp-block-image size-full wp-lightbox-container\"><img decoding=\"async\" width=\"1800\" height=\"1200\" data-wp-class--hide=\"state.isContentHidden\" data-wp-class--show=\"state.isContentVisible\" data-wp-init=\"callbacks.setButtonStyles\" data-wp-on--click=\"actions.showLightbox\" data-wp-on--load=\"callbacks.setButtonStyles\" data-wp-on--pointerdown=\"actions.preloadImage\" data-wp-on--pointerenter=\"actions.preloadImageWithDelay\" data-wp-on--pointerleave=\"actions.cancelPreload\" data-wp-on-window--resize=\"callbacks.setButtonStyles\" src=\"https:\/\/loudavymkrokem.cz\/wp-content\/uploads\/2026\/07\/estonsko-clanky-tartu-co-videt-13.jpg\" alt=\"Kreativa centret Aparaaditehas\" class=\"wp-image-350682\" title=\"\" srcset=\"https:\/\/loudavymkrokem.cz\/wp-content\/uploads\/2026\/07\/estonsko-clanky-tartu-co-videt-13.jpg 1800w, https:\/\/loudavymkrokem.cz\/wp-content\/uploads\/2026\/07\/estonsko-clanky-tartu-co-videt-13-300x200.jpg 300w, https:\/\/loudavymkrokem.cz\/wp-content\/uploads\/2026\/07\/estonsko-clanky-tartu-co-videt-13-700x467.jpg 700w, https:\/\/loudavymkrokem.cz\/wp-content\/uploads\/2026\/07\/estonsko-clanky-tartu-co-videt-13-768x512.jpg 768w, https:\/\/loudavymkrokem.cz\/wp-content\/uploads\/2026\/07\/estonsko-clanky-tartu-co-videt-13-1536x1024.jpg 1536w, https:\/\/loudavymkrokem.cz\/wp-content\/uploads\/2026\/07\/estonsko-clanky-tartu-co-videt-13-696x464.jpg 696w, https:\/\/loudavymkrokem.cz\/wp-content\/uploads\/2026\/07\/estonsko-clanky-tartu-co-videt-13-1392x928.jpg 1392w\" sizes=\"(max-width: 1800px) 100vw, 1800px\" \/><button\n\t\t\tclass=\"lightbox-trigger\"\n\t\t\ttype=\"button\"\n\t\t\taria-haspopup=\"dialog\"\n\t\t\tdata-wp-bind--aria-label=\"state.thisImage.triggerButtonAriaLabel\"\n\t\t\tdata-wp-init=\"callbacks.initTriggerButton\"\n\t\t\tdata-wp-on--click=\"actions.showLightbox\"\n\t\t\tdata-wp-style--right=\"state.thisImage.buttonRight\"\n\t\t\tdata-wp-style--top=\"state.thisImage.buttonTop\"\n\t\t>\n\t\t\t<svg xmlns=\"http:\/\/www.w3.org\/2000\/svg\" width=\"12\" height=\"12\" fill=\"none\" viewBox=\"0 0 12 12\">\n\t\t\t\t<path fill=\"#fff\" d=\"M2 0a2 2 0 0 0-2 2v2h1.5V2a.5.5 0 0 1 .5-.5h2V0H2Zm2 10.5H2a.5.5 0 0 1-.5-.5V8H0v2a2 2 0 0 0 2 2h2v-1.5ZM8 12v-1.5h2a.5.5 0 0 0 .5-.5V8H12v2a2 2 0 0 1-2 2H8Zm2-12a2 2 0 0 1 2 2v2h-1.5V2a.5.5 0 0 0-.5-.5H8V0h2Z\" \/>\n\t\t\t<\/svg>\n\t\t<\/button><figcaption class=\"wp-element-caption\">Foto: Ivo Kruusam\u00e4gi \/ Wikimedia Commons, CC BY-SA 4.0<\/figcaption><\/figure>\n\n\n\n<h3 class=\"wp-block-heading\"><span class=\"ez-toc-section\" id=\"8_Kreativa_centret_Aparaaditehas\"><\/span>8. Kreativa centret Aparaaditehas<span class=\"ez-toc-section-end\"><\/span><\/h3>\n\n\n\n<p class=\"wp-block-paragraph\">En liknande hipsterf\u00f6rvandling har \u00e4ven den f\u00f6re detta sovjetiska fabriken Aparaaditehas genomg\u00e5tt. H\u00e4r tillverkades f\u00f6rr kylanl\u00e4ggningar och hemliga ub\u00e5tsdelar \u2013 idag \u00e4r det <strong>Tartus svar p\u00e5 Tallinns Telliskivi<\/strong>.<\/p>\n\n\n\n<p class=\"wp-block-paragraph\">Det enorma industrikomplexet har f\u00f6rvandlats till ett kreativt centrum. Innerg\u00e5rden \u00e4r full av solstolar, och h\u00e4r hittar du <strong>frist\u00e5ende butiker, konstatelj\u00e9er<\/strong> och helt fantastiska kaf\u00e9er med specialkaffe. Du uppt\u00e4cker till och med antikvariat och sm\u00e5 butiker med lokal, h\u00e5llbar design.<\/p>\n\n\n\n<p class=\"wp-block-paragraph\">Det \u00e4r precis den plats dit studenterna g\u00e5r p\u00e5 l\u00f6rdagsf\u00f6rmiddagen f\u00f6r att <strong>s\u00e4tta sig ner p\u00e5 brunch<\/strong> eller jobba med laptopen i kn\u00e4t.<\/p>\n\n\n\n<p class=\"wp-block-paragraph\">\ud83d\udca1 Tips: Intr\u00e4det till omr\u00e5det \u00e4r gratis, men avs\u00e4tt definitivt <strong>en till tv\u00e5 timmar<\/strong> f\u00f6r att utforska butikerna och sitta ner med god mat.<\/p>\n\n\n\n<figure data-wp-context=\"{&quot;imageId&quot;:&quot;6a9573198f5b2&quot;}\" data-wp-interactive=\"core\/image\" data-wp-key=\"6a9573198f5b2\" class=\"wp-block-image size-full wp-lightbox-container\"><img decoding=\"async\" width=\"1800\" height=\"970\" data-wp-class--hide=\"state.isContentHidden\" data-wp-class--show=\"state.isContentVisible\" data-wp-init=\"callbacks.setButtonStyles\" data-wp-on--click=\"actions.showLightbox\" data-wp-on--load=\"callbacks.setButtonStyles\" data-wp-on--pointerdown=\"actions.preloadImage\" data-wp-on--pointerenter=\"actions.preloadImageWithDelay\" data-wp-on--pointerleave=\"actions.cancelPreload\" data-wp-on-window--resize=\"callbacks.setButtonStyles\" src=\"https:\/\/loudavymkrokem.cz\/wp-content\/uploads\/2026\/07\/estonsko-clanky-tartu-co-videt-14.jpg\" alt=\"B\u00e5gbron Kaarsild \u00f6ver Emaj\u00f5gi\" class=\"wp-image-350689\" title=\"\" srcset=\"https:\/\/loudavymkrokem.cz\/wp-content\/uploads\/2026\/07\/estonsko-clanky-tartu-co-videt-14.jpg 1800w, https:\/\/loudavymkrokem.cz\/wp-content\/uploads\/2026\/07\/estonsko-clanky-tartu-co-videt-14-300x162.jpg 300w, https:\/\/loudavymkrokem.cz\/wp-content\/uploads\/2026\/07\/estonsko-clanky-tartu-co-videt-14-700x377.jpg 700w, https:\/\/loudavymkrokem.cz\/wp-content\/uploads\/2026\/07\/estonsko-clanky-tartu-co-videt-14-768x414.jpg 768w, https:\/\/loudavymkrokem.cz\/wp-content\/uploads\/2026\/07\/estonsko-clanky-tartu-co-videt-14-1536x828.jpg 1536w, https:\/\/loudavymkrokem.cz\/wp-content\/uploads\/2026\/07\/estonsko-clanky-tartu-co-videt-14-696x375.jpg 696w, https:\/\/loudavymkrokem.cz\/wp-content\/uploads\/2026\/07\/estonsko-clanky-tartu-co-videt-14-1392x750.jpg 1392w\" sizes=\"(max-width: 1800px) 100vw, 1800px\" \/><button\n\t\t\tclass=\"lightbox-trigger\"\n\t\t\ttype=\"button\"\n\t\t\taria-haspopup=\"dialog\"\n\t\t\tdata-wp-bind--aria-label=\"state.thisImage.triggerButtonAriaLabel\"\n\t\t\tdata-wp-init=\"callbacks.initTriggerButton\"\n\t\t\tdata-wp-on--click=\"actions.showLightbox\"\n\t\t\tdata-wp-style--right=\"state.thisImage.buttonRight\"\n\t\t\tdata-wp-style--top=\"state.thisImage.buttonTop\"\n\t\t>\n\t\t\t<svg xmlns=\"http:\/\/www.w3.org\/2000\/svg\" width=\"12\" height=\"12\" fill=\"none\" viewBox=\"0 0 12 12\">\n\t\t\t\t<path fill=\"#fff\" d=\"M2 0a2 2 0 0 0-2 2v2h1.5V2a.5.5 0 0 1 .5-.5h2V0H2Zm2 10.5H2a.5.5 0 0 1-.5-.5V8H0v2a2 2 0 0 0 2 2h2v-1.5ZM8 12v-1.5h2a.5.5 0 0 0 .5-.5V8H12v2a2 2 0 0 1-2 2H8Zm2-12a2 2 0 0 1 2 2v2h-1.5V2a.5.5 0 0 0-.5-.5H8V0h2Z\" \/>\n\t\t\t<\/svg>\n\t\t<\/button><figcaption class=\"wp-element-caption\">Foto: Cayambe \/ Wikimedia Commons, CC BY-SA 4.0<\/figcaption><\/figure>\n\n\n\n<h3 class=\"wp-block-heading\"><span class=\"ez-toc-section\" id=\"9_Floden_Emajogi_och_bagbron_Kaarsild\"><\/span>9. Floden Emaj\u00f5gi och b\u00e5gbron Kaarsild<span class=\"ez-toc-section-end\"><\/span><\/h3>\n\n\n\n<p class=\"wp-block-paragraph\">Genom Tartu rinner den breda floden Emaj\u00f5gi, vars strandpromenad utg\u00f6r \u00e4nnu en popul\u00e4r avkopplingszon. P\u00e5 sommaren finns h\u00e4r <strong>uteserveringar och barer<\/strong> d\u00e4r det lever l\u00e5ngt in p\u00e5 natten.<\/p>\n\n\n\n<p class=\"wp-block-paragraph\">De b\u00e5da str\u00e4nderna f\u00f6rbinds av den om\u00f6jliga att missa <strong>b\u00e5gbron Kaarsild<\/strong>, som byggdes p\u00e5 platsen f\u00f6r den ursprungliga stenbron som f\u00f6rst\u00f6rdes under kriget. Bron \u00e4r enbart g\u00e5gata, s\u00e5 du kan lugnt promenera \u00f6ver den.<\/p>\n\n\n\n<p class=\"wp-block-paragraph\">Enligt lokala traditioner <strong>f\u00f6rs\u00f6ker vissa v\u00e5gade studenter d\u00e5 och d\u00e5 korsa bron direkt l\u00e4ngs dess h\u00f6ga b\u00e5ge<\/strong>, vilket visserligen \u00e4r str\u00e4ngt f\u00f6rbjudet men ger platsen en legendarisk touch.<\/p>\n\n\n\n<p class=\"wp-block-paragraph\">\ud83d\udca1 Tips: En lugn promenad l\u00e4ngs strandpromenaden med utsikt \u00f6ver bron <strong>tar ungef\u00e4r 45 minuter<\/strong>. P\u00e5 natten \u00e4r bron dessutom vackert upplyst.<\/p>\n\n\n\n<figure data-wp-context=\"{&quot;imageId&quot;:&quot;6a9573198fc86&quot;}\" data-wp-interactive=\"core\/image\" data-wp-key=\"6a9573198fc86\" class=\"wp-block-image size-full wp-lightbox-container\"><img decoding=\"async\" width=\"1800\" height=\"1012\" data-wp-class--hide=\"state.isContentHidden\" data-wp-class--show=\"state.isContentVisible\" data-wp-init=\"callbacks.setButtonStyles\" data-wp-on--click=\"actions.showLightbox\" data-wp-on--load=\"callbacks.setButtonStyles\" data-wp-on--pointerdown=\"actions.preloadImage\" data-wp-on--pointerenter=\"actions.preloadImageWithDelay\" data-wp-on--pointerleave=\"actions.cancelPreload\" data-wp-on-window--resize=\"callbacks.setButtonStyles\" src=\"https:\/\/loudavymkrokem.cz\/wp-content\/uploads\/2026\/07\/estonsko-clanky-tartu-co-videt-15.jpg\" alt=\"Universitetets botaniska tr\u00e4dg\u00e5rd\" class=\"wp-image-350695\" title=\"\" srcset=\"https:\/\/loudavymkrokem.cz\/wp-content\/uploads\/2026\/07\/estonsko-clanky-tartu-co-videt-15.jpg 1800w, https:\/\/loudavymkrokem.cz\/wp-content\/uploads\/2026\/07\/estonsko-clanky-tartu-co-videt-15-300x169.jpg 300w, https:\/\/loudavymkrokem.cz\/wp-content\/uploads\/2026\/07\/estonsko-clanky-tartu-co-videt-15-700x394.jpg 700w, https:\/\/loudavymkrokem.cz\/wp-content\/uploads\/2026\/07\/estonsko-clanky-tartu-co-videt-15-768x432.jpg 768w, https:\/\/loudavymkrokem.cz\/wp-content\/uploads\/2026\/07\/estonsko-clanky-tartu-co-videt-15-1536x864.jpg 1536w, https:\/\/loudavymkrokem.cz\/wp-content\/uploads\/2026\/07\/estonsko-clanky-tartu-co-videt-15-696x391.jpg 696w, https:\/\/loudavymkrokem.cz\/wp-content\/uploads\/2026\/07\/estonsko-clanky-tartu-co-videt-15-1392x783.jpg 1392w\" sizes=\"(max-width: 1800px) 100vw, 1800px\" \/><button\n\t\t\tclass=\"lightbox-trigger\"\n\t\t\ttype=\"button\"\n\t\t\taria-haspopup=\"dialog\"\n\t\t\tdata-wp-bind--aria-label=\"state.thisImage.triggerButtonAriaLabel\"\n\t\t\tdata-wp-init=\"callbacks.initTriggerButton\"\n\t\t\tdata-wp-on--click=\"actions.showLightbox\"\n\t\t\tdata-wp-style--right=\"state.thisImage.buttonRight\"\n\t\t\tdata-wp-style--top=\"state.thisImage.buttonTop\"\n\t\t>\n\t\t\t<svg xmlns=\"http:\/\/www.w3.org\/2000\/svg\" width=\"12\" height=\"12\" fill=\"none\" viewBox=\"0 0 12 12\">\n\t\t\t\t<path fill=\"#fff\" d=\"M2 0a2 2 0 0 0-2 2v2h1.5V2a.5.5 0 0 1 .5-.5h2V0H2Zm2 10.5H2a.5.5 0 0 1-.5-.5V8H0v2a2 2 0 0 0 2 2h2v-1.5ZM8 12v-1.5h2a.5.5 0 0 0 .5-.5V8H12v2a2 2 0 0 1-2 2H8Zm2-12a2 2 0 0 1 2 2v2h-1.5V2a.5.5 0 0 0-.5-.5H8V0h2Z\" \/>\n\t\t\t<\/svg>\n\t\t<\/button><figcaption class=\"wp-element-caption\">Foto: Sillerkiil \/ Wikimedia Commons, CC BY-SA 4.0<\/figcaption><\/figure>\n\n\n\n<h3 class=\"wp-block-heading\"><span class=\"ez-toc-section\" id=\"10_Universitetets_botaniska_tradgard\"><\/span>10. Universitetets botaniska tr\u00e4dg\u00e5rd<span class=\"ez-toc-section-end\"><\/span><\/h3>\n\n\n\n<p class=\"wp-block-paragraph\">Natur\u00e4lskare borde absolut inte missa universitetets botaniska tr\u00e4dg\u00e5rd, som ligger <strong>bara en kort bit fr\u00e5n de gamla stadsmurarna<\/strong>. Det \u00e4r en av de \u00e4ldsta botaniska tr\u00e4dg\u00e5rdarna i Baltikum och erbjuder en underbar oas av lugn.<\/p>\n\n\n\n<p class=\"wp-block-paragraph\">H\u00e4r hittar du minuti\u00f6st sk\u00f6tta utomhusutst\u00e4llningar, dammar och hundratals v\u00e4xtarter. Det \u00e4r en <strong>idealisk plats f\u00f6r en eftermiddagspicknick<\/strong> eller bara tyst l\u00e4sning p\u00e5 en b\u00e4nk.<\/p>\n\n\n\n<p class=\"wp-block-paragraph\">Mot en liten avgift kan du sedan \u00e4ven titta in i de <strong>stora palmv\u00e4xthusen<\/strong>, som direkt f\u00f6rflyttar dig till ett tropiskt klimat.<\/p>\n\n\n\n<p class=\"wp-block-paragraph\">\ud83d\udca1 Tips: Utomhusomr\u00e5det \u00e4r tillg\u00e4ngligt gratis, intr\u00e4de till v\u00e4xthusen kostar <strong>ungef\u00e4r 3 euro<\/strong> (cirka 35 kr). Rundturen tar ungef\u00e4r en timme till en och en halv timme.<\/p>\n\n\n\n<figure data-wp-context=\"{&quot;imageId&quot;:&quot;6a957319903f3&quot;}\" data-wp-interactive=\"core\/image\" data-wp-key=\"6a957319903f3\" class=\"wp-block-image size-full wp-lightbox-container\"><img decoding=\"async\" width=\"1800\" height=\"1350\" data-wp-class--hide=\"state.isContentHidden\" data-wp-class--show=\"state.isContentVisible\" data-wp-init=\"callbacks.setButtonStyles\" data-wp-on--click=\"actions.showLightbox\" data-wp-on--load=\"callbacks.setButtonStyles\" data-wp-on--pointerdown=\"actions.preloadImage\" data-wp-on--pointerenter=\"actions.preloadImageWithDelay\" data-wp-on--pointerleave=\"actions.cancelPreload\" data-wp-on-window--resize=\"callbacks.setButtonStyles\" src=\"https:\/\/loudavymkrokem.cz\/wp-content\/uploads\/2026\/07\/estonsko-clanky-tartu-co-videt-16.jpg\" alt=\"Tartu observatorium som \u00e4r upptaget p\u00e5 UNESCO:s lista\" class=\"wp-image-350703\" title=\"\" srcset=\"https:\/\/loudavymkrokem.cz\/wp-content\/uploads\/2026\/07\/estonsko-clanky-tartu-co-videt-16.jpg 1800w, https:\/\/loudavymkrokem.cz\/wp-content\/uploads\/2026\/07\/estonsko-clanky-tartu-co-videt-16-300x225.jpg 300w, https:\/\/loudavymkrokem.cz\/wp-content\/uploads\/2026\/07\/estonsko-clanky-tartu-co-videt-16-700x525.jpg 700w, https:\/\/loudavymkrokem.cz\/wp-content\/uploads\/2026\/07\/estonsko-clanky-tartu-co-videt-16-768x576.jpg 768w, https:\/\/loudavymkrokem.cz\/wp-content\/uploads\/2026\/07\/estonsko-clanky-tartu-co-videt-16-1536x1152.jpg 1536w, https:\/\/loudavymkrokem.cz\/wp-content\/uploads\/2026\/07\/estonsko-clanky-tartu-co-videt-16-80x60.jpg 80w, https:\/\/loudavymkrokem.cz\/wp-content\/uploads\/2026\/07\/estonsko-clanky-tartu-co-videt-16-160x120.jpg 160w, https:\/\/loudavymkrokem.cz\/wp-content\/uploads\/2026\/07\/estonsko-clanky-tartu-co-videt-16-696x522.jpg 696w, https:\/\/loudavymkrokem.cz\/wp-content\/uploads\/2026\/07\/estonsko-clanky-tartu-co-videt-16-1392x1044.jpg 1392w\" sizes=\"(max-width: 1800px) 100vw, 1800px\" \/><button\n\t\t\tclass=\"lightbox-trigger\"\n\t\t\ttype=\"button\"\n\t\t\taria-haspopup=\"dialog\"\n\t\t\tdata-wp-bind--aria-label=\"state.thisImage.triggerButtonAriaLabel\"\n\t\t\tdata-wp-init=\"callbacks.initTriggerButton\"\n\t\t\tdata-wp-on--click=\"actions.showLightbox\"\n\t\t\tdata-wp-style--right=\"state.thisImage.buttonRight\"\n\t\t\tdata-wp-style--top=\"state.thisImage.buttonTop\"\n\t\t>\n\t\t\t<svg xmlns=\"http:\/\/www.w3.org\/2000\/svg\" width=\"12\" height=\"12\" fill=\"none\" viewBox=\"0 0 12 12\">\n\t\t\t\t<path fill=\"#fff\" d=\"M2 0a2 2 0 0 0-2 2v2h1.5V2a.5.5 0 0 1 .5-.5h2V0H2Zm2 10.5H2a.5.5 0 0 1-.5-.5V8H0v2a2 2 0 0 0 2 2h2v-1.5ZM8 12v-1.5h2a.5.5 0 0 0 .5-.5V8H12v2a2 2 0 0 1-2 2H8Zm2-12a2 2 0 0 1 2 2v2h-1.5V2a.5.5 0 0 0-.5-.5H8V0h2Z\" \/>\n\t\t\t<\/svg>\n\t\t<\/button><figcaption class=\"wp-element-caption\">Foto: Oth \/ Wikimedia Commons, CC BY-SA 3.0<\/figcaption><\/figure>\n\n\n\n<h3 class=\"wp-block-heading\"><span class=\"ez-toc-section\" id=\"11_Tartu_observatorium_pa_UNESCO_s_varldsarvslista\"><\/span>11. Tartu observatorium p\u00e5 UNESCO:s v\u00e4rldsarvslista<span class=\"ez-toc-section-end\"><\/span><\/h3>\n\n\n\n<p class=\"wp-block-paragraph\">Precis p\u00e5 kullen Toomem\u00e4gi hittar du \u00e4nnu en unik plats, n\u00e4mligen det historiska universitetsobservatoriet. Den oansenliga byggnaden spelade en <strong>enorm roll i den globala astronomins historia<\/strong>.<\/p>\n\n\n\n<p class=\"wp-block-paragraph\">Just h\u00e4rifr\u00e5n ledde n\u00e4mligen astronomen Friedrich Georg Wilhelm von Struve p\u00e5 1800-talet sina ber\u00f6mda m\u00e4tningar av jordens form och storlek. Tack vare den s\u00e5 kallade Struves meridianb\u00e5ge <strong>kom observatoriet \u00e4nda upp p\u00e5 UNESCO:s v\u00e4rldsarvslista<\/strong>.<\/p>\n\n\n\n<p class=\"wp-block-paragraph\">Inuti kan du titta p\u00e5 <strong>historiska teleskop och gamla stj\u00e4rnkartor<\/strong>, vilket h\u00e4nf\u00f6r inte bara vetenskapsfans utan alla som gillar gamla instrument.<\/p>\n\n\n\n<p class=\"wp-block-paragraph\">\ud83d\udca1 Tips: Rundturen i museet inuti observatoriet <strong>tar ungef\u00e4r en timme<\/strong>. Intr\u00e4det ligger runt 5 euro (cirka 55 kr).<\/p>\n\n\n\n<figure data-wp-context=\"{&quot;imageId&quot;:&quot;6a95731990de2&quot;}\" data-wp-interactive=\"core\/image\" data-wp-key=\"6a95731990de2\" class=\"wp-block-image size-full wp-lightbox-container\"><img decoding=\"async\" width=\"1800\" height=\"1036\" data-wp-class--hide=\"state.isContentHidden\" data-wp-class--show=\"state.isContentVisible\" data-wp-init=\"callbacks.setButtonStyles\" data-wp-on--click=\"actions.showLightbox\" data-wp-on--load=\"callbacks.setButtonStyles\" data-wp-on--pointerdown=\"actions.preloadImage\" data-wp-on--pointerenter=\"actions.preloadImageWithDelay\" data-wp-on--pointerleave=\"actions.cancelPreload\" data-wp-on-window--resize=\"callbacks.setButtonStyles\" src=\"https:\/\/loudavymkrokem.cz\/wp-content\/uploads\/2026\/07\/estonsko-clanky-tartu-co-videt-17.jpg\" alt=\"Krutk\u00e4llaren P\u00fcssirohukelder\" class=\"wp-image-350709\" title=\"\" srcset=\"https:\/\/loudavymkrokem.cz\/wp-content\/uploads\/2026\/07\/estonsko-clanky-tartu-co-videt-17.jpg 1800w, https:\/\/loudavymkrokem.cz\/wp-content\/uploads\/2026\/07\/estonsko-clanky-tartu-co-videt-17-300x173.jpg 300w, https:\/\/loudavymkrokem.cz\/wp-content\/uploads\/2026\/07\/estonsko-clanky-tartu-co-videt-17-700x403.jpg 700w, https:\/\/loudavymkrokem.cz\/wp-content\/uploads\/2026\/07\/estonsko-clanky-tartu-co-videt-17-768x442.jpg 768w, https:\/\/loudavymkrokem.cz\/wp-content\/uploads\/2026\/07\/estonsko-clanky-tartu-co-videt-17-1536x884.jpg 1536w, https:\/\/loudavymkrokem.cz\/wp-content\/uploads\/2026\/07\/estonsko-clanky-tartu-co-videt-17-696x401.jpg 696w, https:\/\/loudavymkrokem.cz\/wp-content\/uploads\/2026\/07\/estonsko-clanky-tartu-co-videt-17-1392x801.jpg 1392w\" sizes=\"(max-width: 1800px) 100vw, 1800px\" \/><button\n\t\t\tclass=\"lightbox-trigger\"\n\t\t\ttype=\"button\"\n\t\t\taria-haspopup=\"dialog\"\n\t\t\tdata-wp-bind--aria-label=\"state.thisImage.triggerButtonAriaLabel\"\n\t\t\tdata-wp-init=\"callbacks.initTriggerButton\"\n\t\t\tdata-wp-on--click=\"actions.showLightbox\"\n\t\t\tdata-wp-style--right=\"state.thisImage.buttonRight\"\n\t\t\tdata-wp-style--top=\"state.thisImage.buttonTop\"\n\t\t>\n\t\t\t<svg xmlns=\"http:\/\/www.w3.org\/2000\/svg\" width=\"12\" height=\"12\" fill=\"none\" viewBox=\"0 0 12 12\">\n\t\t\t\t<path fill=\"#fff\" d=\"M2 0a2 2 0 0 0-2 2v2h1.5V2a.5.5 0 0 1 .5-.5h2V0H2Zm2 10.5H2a.5.5 0 0 1-.5-.5V8H0v2a2 2 0 0 0 2 2h2v-1.5ZM8 12v-1.5h2a.5.5 0 0 0 .5-.5V8H12v2a2 2 0 0 1-2 2H8Zm2-12a2 2 0 0 1 2 2v2h-1.5V2a.5.5 0 0 0-.5-.5H8V0h2Z\" \/>\n\t\t\t<\/svg>\n\t\t<\/button><figcaption class=\"wp-element-caption\">Foto: Lauri Veerde \/ Wikimedia Commons, CC BY-SA 4.0<\/figcaption><\/figure>\n\n\n\n<h3 class=\"wp-block-heading\"><span class=\"ez-toc-section\" id=\"12_Pussirohukelder_Krutkallaren_med_rekordtaket\"><\/span>12. P\u00fcssirohukelder (Krutk\u00e4llaren) med rekordtaket<span class=\"ez-toc-section-end\"><\/span><\/h3>\n\n\n\n<p class=\"wp-block-paragraph\">N\u00e4r du g\u00e5r ner fr\u00e5n kullen Toomem\u00e4gi f\u00e5r du inte missa den legendariska puben P\u00fcssirohukelder. St\u00e4llet ligger n\u00e4mligen i ett <strong>f\u00f6re detta krutf\u00f6rr\u00e5d<\/strong> som gr\u00e4vdes ut direkt i kullens branta sluttning.<\/p>\n\n\n\n<p class=\"wp-block-paragraph\">Puben st\u00e5tar dessutom med ett helt unikt rekord \u2013 den har n\u00e4mligen <strong>enligt uppgift Europas h\u00f6gsta pubtak<\/strong>. Enligt lokalborna m\u00e4ter det \u00f6ver 10 meter och ger hela lokalen atmosf\u00e4ren av en enorm grotta.<\/p>\n\n\n\n<p class=\"wp-block-paragraph\">\u00c4ven om folk mest kommer hit f\u00f6r att sl\u00e5 sig ner p\u00e5 kv\u00e4llen rekommenderar jag att du kikar in redan under dagen, eftersom <strong>sj\u00e4lva interi\u00f6ren av r\u00f6tt tegel<\/strong> verkligen \u00e4r v\u00e4rd att se.<\/p>\n\n\n\n<p class=\"wp-block-paragraph\">\ud83d\udca1 Tips: Du kan kombinera bes\u00f6ket med lunch \u2013 att sitta h\u00e4r <strong>tar ungef\u00e4r en timme<\/strong>. Intr\u00e4det \u00e4r f\u00f6rst\u00e5s gratis, du betalar bara f\u00f6r din nota.<\/p>\n\n\n\n<figure data-wp-context=\"{&quot;imageId&quot;:&quot;6a9573199141e&quot;}\" data-wp-interactive=\"core\/image\" data-wp-key=\"6a9573199141e\" class=\"wp-block-image size-full wp-lightbox-container\"><img decoding=\"async\" width=\"1800\" height=\"1350\" data-wp-class--hide=\"state.isContentHidden\" data-wp-class--show=\"state.isContentVisible\" data-wp-init=\"callbacks.setButtonStyles\" data-wp-on--click=\"actions.showLightbox\" data-wp-on--load=\"callbacks.setButtonStyles\" data-wp-on--pointerdown=\"actions.preloadImage\" data-wp-on--pointerenter=\"actions.preloadImageWithDelay\" data-wp-on--pointerleave=\"actions.cancelPreload\" data-wp-on-window--resize=\"callbacks.setButtonStyles\" src=\"https:\/\/loudavymkrokem.cz\/wp-content\/uploads\/2026\/07\/estonsko-clanky-tartu-co-videt-18.jpg\" alt=\"Tartu som Europas kulturhuvudstad\" class=\"wp-image-350715\" title=\"\" srcset=\"https:\/\/loudavymkrokem.cz\/wp-content\/uploads\/2026\/07\/estonsko-clanky-tartu-co-videt-18.jpg 1800w, https:\/\/loudavymkrokem.cz\/wp-content\/uploads\/2026\/07\/estonsko-clanky-tartu-co-videt-18-300x225.jpg 300w, https:\/\/loudavymkrokem.cz\/wp-content\/uploads\/2026\/07\/estonsko-clanky-tartu-co-videt-18-700x525.jpg 700w, https:\/\/loudavymkrokem.cz\/wp-content\/uploads\/2026\/07\/estonsko-clanky-tartu-co-videt-18-768x576.jpg 768w, https:\/\/loudavymkrokem.cz\/wp-content\/uploads\/2026\/07\/estonsko-clanky-tartu-co-videt-18-1536x1152.jpg 1536w, https:\/\/loudavymkrokem.cz\/wp-content\/uploads\/2026\/07\/estonsko-clanky-tartu-co-videt-18-80x60.jpg 80w, https:\/\/loudavymkrokem.cz\/wp-content\/uploads\/2026\/07\/estonsko-clanky-tartu-co-videt-18-160x120.jpg 160w, https:\/\/loudavymkrokem.cz\/wp-content\/uploads\/2026\/07\/estonsko-clanky-tartu-co-videt-18-696x522.jpg 696w, https:\/\/loudavymkrokem.cz\/wp-content\/uploads\/2026\/07\/estonsko-clanky-tartu-co-videt-18-1392x1044.jpg 1392w\" sizes=\"(max-width: 1800px) 100vw, 1800px\" \/><button\n\t\t\tclass=\"lightbox-trigger\"\n\t\t\ttype=\"button\"\n\t\t\taria-haspopup=\"dialog\"\n\t\t\tdata-wp-bind--aria-label=\"state.thisImage.triggerButtonAriaLabel\"\n\t\t\tdata-wp-init=\"callbacks.initTriggerButton\"\n\t\t\tdata-wp-on--click=\"actions.showLightbox\"\n\t\t\tdata-wp-style--right=\"state.thisImage.buttonRight\"\n\t\t\tdata-wp-style--top=\"state.thisImage.buttonTop\"\n\t\t>\n\t\t\t<svg xmlns=\"http:\/\/www.w3.org\/2000\/svg\" width=\"12\" height=\"12\" fill=\"none\" viewBox=\"0 0 12 12\">\n\t\t\t\t<path fill=\"#fff\" d=\"M2 0a2 2 0 0 0-2 2v2h1.5V2a.5.5 0 0 1 .5-.5h2V0H2Zm2 10.5H2a.5.5 0 0 1-.5-.5V8H0v2a2 2 0 0 0 2 2h2v-1.5ZM8 12v-1.5h2a.5.5 0 0 0 .5-.5V8H12v2a2 2 0 0 1-2 2H8Zm2-12a2 2 0 0 1 2 2v2h-1.5V2a.5.5 0 0 0-.5-.5H8V0h2Z\" \/>\n\t\t\t<\/svg>\n\t\t<\/button><figcaption class=\"wp-element-caption\">Foto: Loode-Boreaallane \/ Wikimedia Commons, CC BY-SA 4.0<\/figcaption><\/figure>\n\n\n\n<h2 class=\"wp-block-heading\"><span class=\"ez-toc-section\" id=\"Vad_som_blev_kvar_efter_Europas_kulturhuvudstad\"><\/span>Vad som blev kvar efter Europas kulturhuvudstad<span class=\"ez-toc-section-end\"><\/span><\/h2>\n\n\n\n<p class=\"wp-block-paragraph\">\u00c5r 2024 var helt avg\u00f6rande f\u00f6r staden, eftersom den stolt bar titeln <strong>Europas kulturhuvudstad<\/strong>. Till skillnad fr\u00e5n andra st\u00e4der d\u00e4r det efter fyrverkerierna bara blir skulder kvar, lyckades det h\u00e4r med bravur och de positiva effekterna h\u00e5ller i sig \u00e4n idag.<\/p>\n\n\n\n<p class=\"wp-block-paragraph\">Enligt officiella siffror lockade programmet \u00f6ver <strong>1,34 miljoner bes\u00f6kare<\/strong>, vilket helt \u00f6vertr\u00e4ffade alla f\u00f6rv\u00e4ntningar. Staden har vant sig vid att arrangera fantastiska evenemang och turisterna har vant sig vid att komma, s\u00e5 \u00e4nnu 2025 \u00f6kade antalet \u00f6vernattningar med 15 % \u2013 och det \u00e4r inte lite.<\/p>\n\n\n\n<p class=\"wp-block-paragraph\">Tartu drar fortsatt nytta av den h\u00e4r kulturella injektionen. Kvar finns <strong>vackert renoverade parker, nya gemensamma tr\u00e4dg\u00e5rdar<\/strong> och massor av sm\u00e5 konstinstallationer i det offentliga rummet. De kreativa centren i de gamla fabrikerna g\u00e5r f\u00f6r fullt och staden h\u00e5ller kvar en fantastisk kulturell vibb.<\/p>\n\n\n\n<figure data-wp-context=\"{&quot;imageId&quot;:&quot;6a95731991b6a&quot;}\" data-wp-interactive=\"core\/image\" data-wp-key=\"6a95731991b6a\" class=\"wp-block-image size-full wp-lightbox-container\"><img decoding=\"async\" width=\"1800\" height=\"1350\" data-wp-class--hide=\"state.isContentHidden\" data-wp-class--show=\"state.isContentVisible\" data-wp-init=\"callbacks.setButtonStyles\" data-wp-on--click=\"actions.showLightbox\" data-wp-on--load=\"callbacks.setButtonStyles\" data-wp-on--pointerdown=\"actions.preloadImage\" data-wp-on--pointerenter=\"actions.preloadImageWithDelay\" data-wp-on--pointerleave=\"actions.cancelPreload\" data-wp-on-window--resize=\"callbacks.setButtonStyles\" src=\"https:\/\/loudavymkrokem.cz\/wp-content\/uploads\/2026\/07\/estonsko-clanky-tartu-co-videt-19.jpg\" alt=\"Peipussj\u00f6n n\u00e4ra Tartu\" class=\"wp-image-350720\" title=\"\" srcset=\"https:\/\/loudavymkrokem.cz\/wp-content\/uploads\/2026\/07\/estonsko-clanky-tartu-co-videt-19.jpg 1800w, https:\/\/loudavymkrokem.cz\/wp-content\/uploads\/2026\/07\/estonsko-clanky-tartu-co-videt-19-300x225.jpg 300w, https:\/\/loudavymkrokem.cz\/wp-content\/uploads\/2026\/07\/estonsko-clanky-tartu-co-videt-19-700x525.jpg 700w, https:\/\/loudavymkrokem.cz\/wp-content\/uploads\/2026\/07\/estonsko-clanky-tartu-co-videt-19-768x576.jpg 768w, https:\/\/loudavymkrokem.cz\/wp-content\/uploads\/2026\/07\/estonsko-clanky-tartu-co-videt-19-1536x1152.jpg 1536w, https:\/\/loudavymkrokem.cz\/wp-content\/uploads\/2026\/07\/estonsko-clanky-tartu-co-videt-19-80x60.jpg 80w, https:\/\/loudavymkrokem.cz\/wp-content\/uploads\/2026\/07\/estonsko-clanky-tartu-co-videt-19-160x120.jpg 160w, https:\/\/loudavymkrokem.cz\/wp-content\/uploads\/2026\/07\/estonsko-clanky-tartu-co-videt-19-696x522.jpg 696w, https:\/\/loudavymkrokem.cz\/wp-content\/uploads\/2026\/07\/estonsko-clanky-tartu-co-videt-19-1392x1044.jpg 1392w\" sizes=\"(max-width: 1800px) 100vw, 1800px\" \/><button\n\t\t\tclass=\"lightbox-trigger\"\n\t\t\ttype=\"button\"\n\t\t\taria-haspopup=\"dialog\"\n\t\t\tdata-wp-bind--aria-label=\"state.thisImage.triggerButtonAriaLabel\"\n\t\t\tdata-wp-init=\"callbacks.initTriggerButton\"\n\t\t\tdata-wp-on--click=\"actions.showLightbox\"\n\t\t\tdata-wp-style--right=\"state.thisImage.buttonRight\"\n\t\t\tdata-wp-style--top=\"state.thisImage.buttonTop\"\n\t\t>\n\t\t\t<svg xmlns=\"http:\/\/www.w3.org\/2000\/svg\" width=\"12\" height=\"12\" fill=\"none\" viewBox=\"0 0 12 12\">\n\t\t\t\t<path fill=\"#fff\" d=\"M2 0a2 2 0 0 0-2 2v2h1.5V2a.5.5 0 0 1 .5-.5h2V0H2Zm2 10.5H2a.5.5 0 0 1-.5-.5V8H0v2a2 2 0 0 0 2 2h2v-1.5ZM8 12v-1.5h2a.5.5 0 0 0 .5-.5V8H12v2a2 2 0 0 1-2 2H8Zm2-12a2 2 0 0 1 2 2v2h-1.5V2a.5.5 0 0 0-.5-.5H8V0h2Z\" \/>\n\t\t\t<\/svg>\n\t\t<\/button><figcaption class=\"wp-element-caption\">Foto: Shi Annan \/ Wikimedia Commons, CC BY-SA 4.0<\/figcaption><\/figure>\n\n\n\n<h2 class=\"wp-block-heading\"><span class=\"ez-toc-section\" id=\"Utflykter_fran_Tartu\"><\/span>Utflykter fr\u00e5n Tartu<span class=\"ez-toc-section-end\"><\/span><\/h2>\n\n\n\n<p class=\"wp-block-paragraph\">N\u00e4r du v\u00e4l \u00e4r i s\u00f6dra Estland vore det synd att inte ta sig utanf\u00f6r stadens gr\u00e4nser. Ungef\u00e4r en timmes resa \u00e5t nordost ligger den <strong>enorma Peipussj\u00f6n<\/strong> (Peipsi j\u00e4rv), som bildar en naturlig gr\u00e4ns mot Ryssland.<\/p>\n\n\n\n<p class=\"wp-block-paragraph\">L\u00e4ngs dess str\u00e4nder str\u00e4cker sig den s\u00e5 kallade <strong>L\u00f6kv\u00e4gen<\/strong>, d\u00e4r en gammaltroende rysk gemenskap bor. Lokalborna s\u00e4ljer h\u00e4r framf\u00f6r sina tr\u00e4hus j\u00e4ttelika fl\u00e4tor av egenodlad l\u00f6k, och det \u00e4r verkligen v\u00e4rt att stanna till p\u00e5 n\u00e5got av tehusen, d\u00e4r de kokar te \u00e5t dig i en historisk samovar (atmosf\u00e4ren k\u00e4nns som fr\u00e5n en annan v\u00e4rld).<\/p>\n\n\n\n<p class=\"wp-block-paragraph\">S\u00f6der om Tartu blir landskapet ov\u00e4ntat kuperat. I regionen Otep\u00e4\u00e4, som fungerar som en <strong>ber\u00f6md vintersportort<\/strong>, hittar du djupa dalar och hundratals sj\u00f6ar. \u00c4nnu djupare in i sydost ligger regionen V\u00f5romaa, hemvist f\u00f6r de ber\u00f6mda r\u00f6ksaunorna som \u00e4r upptagna p\u00e5 UNESCO:s lista. F\u00f6r dessa utflykter \u00e4r det dock idealiskt att ha en hyrbil till hands, eftersom landsbygdsbussarna g\u00e5r ganska sporadiskt.<\/p>\n\n\n\n<figure data-wp-context=\"{&quot;imageId&quot;:&quot;6a95731992462&quot;}\" data-wp-interactive=\"core\/image\" data-wp-key=\"6a95731992462\" class=\"wp-block-image size-full wp-lightbox-container\"><img decoding=\"async\" width=\"1800\" height=\"1013\" data-wp-class--hide=\"state.isContentHidden\" data-wp-class--show=\"state.isContentVisible\" data-wp-init=\"callbacks.setButtonStyles\" data-wp-on--click=\"actions.showLightbox\" data-wp-on--load=\"callbacks.setButtonStyles\" data-wp-on--pointerdown=\"actions.preloadImage\" data-wp-on--pointerenter=\"actions.preloadImageWithDelay\" data-wp-on--pointerleave=\"actions.cancelPreload\" data-wp-on-window--resize=\"callbacks.setButtonStyles\" src=\"https:\/\/loudavymkrokem.cz\/wp-content\/uploads\/2026\/07\/estonsko-clanky-tartu-co-videt-20.jpg\" alt=\"K\u00f6ttfri lunch p\u00e5 ett studentkaf\u00e9\" class=\"wp-image-350725\" title=\"\" srcset=\"https:\/\/loudavymkrokem.cz\/wp-content\/uploads\/2026\/07\/estonsko-clanky-tartu-co-videt-20.jpg 1800w, https:\/\/loudavymkrokem.cz\/wp-content\/uploads\/2026\/07\/estonsko-clanky-tartu-co-videt-20-300x169.jpg 300w, https:\/\/loudavymkrokem.cz\/wp-content\/uploads\/2026\/07\/estonsko-clanky-tartu-co-videt-20-700x394.jpg 700w, https:\/\/loudavymkrokem.cz\/wp-content\/uploads\/2026\/07\/estonsko-clanky-tartu-co-videt-20-768x432.jpg 768w, https:\/\/loudavymkrokem.cz\/wp-content\/uploads\/2026\/07\/estonsko-clanky-tartu-co-videt-20-1536x864.jpg 1536w, https:\/\/loudavymkrokem.cz\/wp-content\/uploads\/2026\/07\/estonsko-clanky-tartu-co-videt-20-696x392.jpg 696w, https:\/\/loudavymkrokem.cz\/wp-content\/uploads\/2026\/07\/estonsko-clanky-tartu-co-videt-20-1392x783.jpg 1392w\" sizes=\"(max-width: 1800px) 100vw, 1800px\" \/><button\n\t\t\tclass=\"lightbox-trigger\"\n\t\t\ttype=\"button\"\n\t\t\taria-haspopup=\"dialog\"\n\t\t\tdata-wp-bind--aria-label=\"state.thisImage.triggerButtonAriaLabel\"\n\t\t\tdata-wp-init=\"callbacks.initTriggerButton\"\n\t\t\tdata-wp-on--click=\"actions.showLightbox\"\n\t\t\tdata-wp-style--right=\"state.thisImage.buttonRight\"\n\t\t\tdata-wp-style--top=\"state.thisImage.buttonTop\"\n\t\t>\n\t\t\t<svg xmlns=\"http:\/\/www.w3.org\/2000\/svg\" width=\"12\" height=\"12\" fill=\"none\" viewBox=\"0 0 12 12\">\n\t\t\t\t<path fill=\"#fff\" d=\"M2 0a2 2 0 0 0-2 2v2h1.5V2a.5.5 0 0 1 .5-.5h2V0H2Zm2 10.5H2a.5.5 0 0 1-.5-.5V8H0v2a2 2 0 0 0 2 2h2v-1.5ZM8 12v-1.5h2a.5.5 0 0 0 .5-.5V8H12v2a2 2 0 0 1-2 2H8Zm2-12a2 2 0 0 1 2 2v2h-1.5V2a.5.5 0 0 0-.5-.5H8V0h2Z\" \/>\n\t\t\t<\/svg>\n\t\t<\/button><figcaption class=\"wp-element-caption\">Foto: thecactusena \u200e \/ Pexels<\/figcaption><\/figure>\n\n\n\n<h2 class=\"wp-block-heading\"><span class=\"ez-toc-section\" id=\"Var_du_ska_ata\"><\/span>Var du ska \u00e4ta<span class=\"ez-toc-section-end\"><\/span><\/h2>\n\n\n\n<p class=\"wp-block-paragraph\">Den estniska gastronomin \u00f6verraskar dig mycket positivt, men var beredd p\u00e5 att priserna sedan l\u00e4nge inte \u00e4r s\u00e5 l\u00e5ga som f\u00f6rr. Den hemliga nyckeln till billig mat \u00e4r <strong>det magiska ordet p\u00e4evapraad<\/strong> (dagens lunchmeny).<\/p>\n\n\n\n<p class=\"wp-block-paragraph\">Varje vardag runt lunch erbjuder lokala bistros och kaf\u00e9er en komplett meny som <strong>g\u00e5r p\u00e5 ungef\u00e4r 5 till 8 euro<\/strong> (cirka 55 till 90 kr). Du \u00e4ter allts\u00e5 sida vid sida med de lokala studenterna till ett mycket rimligt pris. Massor av s\u00e5dana st\u00e4llen hittar du just kring universitetet eller i den kreativa stadsdelen Aparaaditehas. Ett utm\u00e4rkt val f\u00f6r dagens meny \u00e4r till exempel <strong>Kolm Tilli<\/strong> mitt i Aparaaditehas eller det v\u00e4lk\u00e4nda kaf\u00e9et <strong>Werner Caf\u00e9<\/strong> en kort bit fr\u00e5n universitetet, d\u00e4r de f\u00f6rresten har stadens b\u00e4sta t\u00e5rtor.<\/p>\n\n\n\n<p class=\"wp-block-paragraph\">De lokala restaurangerna vid kusten lockar visserligen med fiskspecialiteter och <strong>r\u00f6kt k\u00f6tt fr\u00e5n r\u00f6ksaunan<\/strong> (och jo, den d\u00e4r saunak\u00f6ket \u00e4r verkligen en stor grej h\u00e4r), men sl\u00e5 dig g\u00e4rna ner \u00e4ven f\u00f6r <strong>vegetariska pelmeni<\/strong> eller en kr\u00e4mig gr\u00f6nsakssoppa \u2013 det \u00e4r inte v\u00e4rt att f\u00f6rbise dem.<\/p>\n\n\n\n<h2 class=\"wp-block-heading\"><span class=\"ez-toc-section\" id=\"Vart_harnast\"><\/span>Vart h\u00e4rn\u00e4st<span class=\"ez-toc-section-end\"><\/span><\/h2>\n\n\n\n<p class=\"wp-block-paragraph\">Om Baltikum lockar dig och du planerar en l\u00e4ngre resa har vi f\u00f6rberett <strong>massor av andra anv\u00e4ndbara artiklar<\/strong> \u00e5t dig.<\/p>\n\n\n\n<ul class=\"wp-block-list\">\n\n<li>  Undrar du vad resten av landet erbjuder? L\u00e4s artikeln <a href=\"https:\/\/loudavymkrokem.cz\/sv\/estland-tips-se-uppleva\/\">Estland: 25 tips p\u00e5 vad du ska se och uppleva<\/a>.<\/li>\n\n\n\n<li>  Eller styr direkt mot huvudstaden med guiden <a href=\"https:\/\/loudavymkrokem.cz\/sv\/tallinn-estland-tips\/\">Tallinn: 20 tips p\u00e5 vad du ska se och g\u00f6ra i Estlands metropol<\/a>.<\/li>\n\n\n\n<li>  F\u00f6r att v\u00e4dret inte ska \u00f6verraska dig, kika p\u00e5 <a href=\"https:\/\/loudavymkrokem.cz\/sv\/nar-aka-till-estland\/\">N\u00e4r du ska \u00e5ka till Estland: v\u00e4der m\u00e5nad f\u00f6r m\u00e5nad<\/a>.<\/li>\n\n\n\n<li>  Lockas du av en rej\u00e4l roadtrip? G\u00e5 igenom v\u00e5r <a href=\"https:\/\/loudavymkrokem.cz\/sv\/baltikum-reserutt-10-dagar\/\">Baltikum p\u00e5 10 dagar: reserutt genom Estland, Lettland och Litauen<\/a>.<\/li>\n\n\n\n<li>  Och om du \u00e4lskar wellness f\u00e5r du inte missa texten <a href=\"https:\/\/loudavymkrokem.cz\/sv\/bastu-estland-basta-platser\/\">Estniska spa och saunor: 200 \u00e5r av tradition<\/a>.<\/li>\n\n\n\n<li>  Praktiska r\u00e5d inf\u00f6r resan hittar du i artikeln <a href=\"https:\/\/loudavymkrokem.cz\/sv\/ta-sig-till-estland\/\">Hur du tar dig till Estland: flyg, f\u00e4rja och bil<\/a>.<\/li>\n\n\n<\/ul>\n\n\n\n<h2 class=\"wp-block-heading\"><span class=\"ez-toc-section\" id=\"Vanliga_fragor\"><\/span>Vanliga fr\u00e5gor<span class=\"ez-toc-section-end\"><\/span><\/h2>\n\n\n<div id=\"rank-math-faq\" class=\"rank-math-block\">\n<div class=\"rank-math-list \">\n<div id=\"faq-question-1785261104000\" class=\"rank-math-list-item\">\n<h3 class=\"rank-math-question \"><span class=\"ez-toc-section\" id=\"Ar_det_vart_att_besoka_Tartu\"><\/span>\u00c4r det v\u00e4rt att bes\u00f6ka Tartu?<span class=\"ez-toc-section-end\"><\/span><\/h3>\n<div class=\"rank-math-answer \">\n\n<p>Absolut. Medan huvudstaden brukar vara full av turister under dagen, erbjuder Tartu dig en mycket <strong>mer autentisk och lugnare inblick<\/strong> i det estniska livet med en otroligt avslappnad studentatmosf\u00e4r.<\/p>\n\n<\/div>\n<\/div>\n<div id=\"faq-question-1785261104001\" class=\"rank-math-list-item\">\n<h3 class=\"rank-math-question \"><span class=\"ez-toc-section\" id=\"Vad_ar_det_basta_sattet_att_ta_sig_fran_Tallinn_till_Tartu\"><\/span>Vad \u00e4r det b\u00e4sta s\u00e4ttet att ta sig fr\u00e5n Tallinn till Tartu?<span class=\"ez-toc-section-end\"><\/span><\/h3>\n<div class=\"rank-math-answer \">\n\n<p>Det bekv\u00e4maste och snabbaste alternativet \u00e4r de <strong>orangea t\u00e5gen fr\u00e5n Elron<\/strong>, som g\u00e5r mycket frekvent. Resan tar lite drygt tv\u00e5 timmar och biljetten kostar ungef\u00e4r 10 euro (cirka 120 kr). Ett annat utm\u00e4rkt alternativ \u00e4r lyxbussarna fr\u00e5n Lux Express.<\/p>\n\n<\/div>\n<\/div>\n<div id=\"faq-question-1785261104002\" class=\"rank-math-list-item\">\n<h3 class=\"rank-math-question \"><span class=\"ez-toc-section\" id=\"Hur_manga_dagar_behover_jag_for_att_se_allt\"><\/span>Hur m\u00e5nga dagar beh\u00f6ver jag f\u00f6r att se allt?<span class=\"ez-toc-section-end\"><\/span><\/h3>\n<div class=\"rank-math-answer \">\n\n<p>Om du bara vill se de viktigaste sev\u00e4rdheterna i centrum och bes\u00f6ka ett museum, <strong>kan du klara det p\u00e5 en intensiv dag<\/strong>. Idealiskt \u00e4r dock att avs\u00e4tta tv\u00e5 dagar, och om du vill \u00e5ka ut till Peipussj\u00f6n b\u00f6r du planera in tre dagar.<\/p>\n\n<\/div>\n<\/div>\n<div id=\"faq-question-1785261104003\" class=\"rank-math-list-item\">\n<h3 class=\"rank-math-question \"><span class=\"ez-toc-section\" id=\"Vad_bor_jag_absolut_se_i_Tartu\"><\/span>Vad b\u00f6r jag absolut se i Tartu?<span class=\"ez-toc-section-end\"><\/span><\/h3>\n<div class=\"rank-math-answer \">\n\n<p>Missa inte den romantiska kullen Toomem\u00e4gi med ruinerna av den gotiska katedralen, R\u00e5dhustorget med statyn av de kyssande studenterna och <strong>den kreativa stadsdelen Aparaaditehas<\/strong>. Estniska nationalmuseet (ERM) \u00e4r ocks\u00e5 v\u00e4l v\u00e4rt ett bes\u00f6k.<\/p>\n\n<\/div>\n<\/div>\n<div id=\"faq-question-1785261104004\" class=\"rank-math-list-item\">\n<h3 class=\"rank-math-question \"><span class=\"ez-toc-section\" id=\"Ar_vetenskapscentret_AHHAA_lampligt_for_barn\"><\/span>\u00c4r vetenskapscentret AHHAA l\u00e4mpligt f\u00f6r barn?<span class=\"ez-toc-section-end\"><\/span><\/h3>\n<div class=\"rank-math-answer \">\n\n<p>Det \u00e4r ett rent paradis f\u00f6r dem. Det \u00e4r <strong>det st\u00f6rsta interaktiva museet i Baltikum<\/strong>, d\u00e4r barn (och vuxna) kan r\u00f6ra vid allt, prova p\u00e5 och utforska. Du kan l\u00e4tt tillbringa en halv dag h\u00e4r.<\/p>\n\n<\/div>\n<\/div>\n<div id=\"faq-question-1785261104005\" class=\"rank-math-list-item\">\n<h3 class=\"rank-math-question \"><span class=\"ez-toc-section\" id=\"Hur_mycket_kostar_intradet_till_de_viktigaste_museerna_ungefar\"><\/span>Hur mycket kostar intr\u00e4det till de viktigaste museerna ungef\u00e4r?<span class=\"ez-toc-section-end\"><\/span><\/h3>\n<div class=\"rank-math-answer \">\n\n<p>Priserna varierar mycket. De flesta parker och utomhusmonument \u00e4r gratis. Intr\u00e4de till Estniska nationalmuseet (ERM) kostar <strong>omkring 15 euro (180 kr)<\/strong>, familjebiljett till AHHAA-centret kostar ungef\u00e4r 45 euro (540 kr).<\/p>\n\n<\/div>\n<\/div>\n<div id=\"faq-question-1785261104006\" class=\"rank-math-list-item\">\n<h3 class=\"rank-math-question \"><span class=\"ez-toc-section\" id=\"Nar_ar_den_basta_tiden_att_besoka\"><\/span>N\u00e4r \u00e4r den b\u00e4sta tiden att bes\u00f6ka?<span class=\"ez-toc-section-end\"><\/span><\/h3>\n<div class=\"rank-math-answer \">\n\n<p>Du kommer att njuta mest av staden <strong>p\u00e5 v\u00e5ren eller i b\u00f6rjan av h\u00f6sten<\/strong>, n\u00e4r den verkliga akademiska atmosf\u00e4ren r\u00e5der och gatorna \u00e4r fulla av studenter. I augusti \u00e4r staden visserligen vacker, men betydligt tommare.<\/p>\n\n<\/div>\n<\/div>\n<div id=\"faq-question-1785261104007\" class=\"rank-math-list-item\">\n<h3 class=\"rank-math-question \"><span class=\"ez-toc-section\" id=\"Vad_finns_kvar_i_staden_fran_titeln_Europeisk_kulturhuvudstad\"><\/span>Vad finns kvar i staden fr\u00e5n titeln Europeisk kulturhuvudstad?<span class=\"ez-toc-section-end\"><\/span><\/h3>\n<div class=\"rank-math-answer \">\n\n<p>Staden drar fortfarande nytta av denna titel fr\u00e5n 2024. H\u00e4r finns kvar <strong>renoverade gemenskapsparker, ny\u00f6ppnade kaf\u00e9er<\/strong> och massor av sm\u00e5 konstinstallationer som ger gatorna en modern pr\u00e4gel.<\/p>\n\n<\/div>\n<\/div>\n<div id=\"faq-question-1785261104008\" class=\"rank-math-list-item\">\n<h3 class=\"rank-math-question \"><span class=\"ez-toc-section\" id=\"Var_kan_man_ata_bra_och_billigt\"><\/span>Var kan man \u00e4ta bra och billigt?<span class=\"ez-toc-section-end\"><\/span><\/h3>\n<div class=\"rank-math-answer \">\n\n<p>Leta efter skyltar med texten <strong>p\u00e4evapraad<\/strong>, vilket betyder dagens lunchmeny. P\u00e5 dessa bistroer och kaf\u00e9er kan du \u00e4ta mycket v\u00e4llagad lunch p\u00e5 vardagar f\u00f6r ungef\u00e4r 5 till 8 euro (60 till 95 kr).<\/p>\n\n<\/div>\n<\/div>\n<\/div>\n<\/div>","protected":false},"excerpt":{"rendered":"<p>Uppt\u00e4ck Estlands universitetshj\u00e4rta fullt av kaf\u00e9er, romantiska parker och interaktiva museer dit turistmassorna \u00e4nnu inte hittat. Fr\u00e5n Tallinn tar du dig dessutom hit p\u00e5 bara tv\u00e5 timmar.<\/p>\n","protected":false},"author":3,"featured_media":351025,"comment_status":"open","ping_status":"open","sticky":false,"template":"","format":"standard","meta":{"_acf_changed":false,"footnotes":"","rank_math_title":"Tartu i Estland: 12 tips p\u00e5 vad du ska se 2026","rank_math_description":"Uppt\u00e4ck Tartu i Estland \u2013 12 tips p\u00e5 sev\u00e4rdheter, kaf\u00e9er och museer i studentstaden. L\u00e4s guiden och planera din resa till Estlands kulturella hj\u00e4rta redan idag!","rank_math_focus_keyword":"tartu estland","rank_math_seo_score":""},"categories":[1178,1162],"tags":[],"class_list":["post-409909","post","type-post","status-publish","format-standard","has-post-thumbnail","category-europa","category-resor"],"acf":[],"featured_image_src":"https:\/\/loudavymkrokem.cz\/wp-content\/uploads\/2026\/07\/tartu-co-videt-hero.jpg","author_info":{"display_name":"Lucie Kone\u010dn\u00e1","author_link":"https:\/\/loudavymkrokem.cz\/sv\/author\/lucie-konecna\/"},"_links":{"self":[{"href":"https:\/\/loudavymkrokem.cz\/sv\/wp-json\/wp\/v2\/posts\/409909","targetHints":{"allow":["GET"]}}],"collection":[{"href":"https:\/\/loudavymkrokem.cz\/sv\/wp-json\/wp\/v2\/posts"}],"about":[{"href":"https:\/\/loudavymkrokem.cz\/sv\/wp-json\/wp\/v2\/types\/post"}],"author":[{"embeddable":true,"href":"https:\/\/loudavymkrokem.cz\/sv\/wp-json\/wp\/v2\/users\/3"}],"replies":[{"embeddable":true,"href":"https:\/\/loudavymkrokem.cz\/sv\/wp-json\/wp\/v2\/comments?post=409909"}],"version-history":[{"count":2,"href":"https:\/\/loudavymkrokem.cz\/sv\/wp-json\/wp\/v2\/posts\/409909\/revisions"}],"predecessor-version":[{"id":409914,"href":"https:\/\/loudavymkrokem.cz\/sv\/wp-json\/wp\/v2\/posts\/409909\/revisions\/409914"}],"wp:featuredmedia":[{"embeddable":true,"href":"https:\/\/loudavymkrokem.cz\/sv\/wp-json\/wp\/v2\/media\/351025"}],"wp:attachment":[{"href":"https:\/\/loudavymkrokem.cz\/sv\/wp-json\/wp\/v2\/media?parent=409909"}],"wp:term":[{"taxonomy":"category","embeddable":true,"href":"https:\/\/loudavymkrokem.cz\/sv\/wp-json\/wp\/v2\/categories?post=409909"},{"taxonomy":"post_tag","embeddable":true,"href":"https:\/\/loudavymkrokem.cz\/sv\/wp-json\/wp\/v2\/tags?post=409909"}],"curies":[{"name":"wp","href":"https:\/\/api.w.org\/{rel}","templated":true}]}}