{"id":409835,"date":"2026-08-30T09:00:18","date_gmt":"2026-08-30T07:00:18","guid":{"rendered":"https:\/\/loudavymkrokem.cz\/bonigen-brienzsjon-tips\/"},"modified":"2026-08-31T12:02:42","modified_gmt":"2026-08-31T10:02:42","slug":"bonigen-brienzsjon-tips","status":"publish","type":"post","link":"https:\/\/loudavymkrokem.cz\/sv\/bonigen-brienzsjon-tips\/","title":{"rendered":"B\u00f6nigen: 24 tips vid Brienzsj\u00f6n 2026"},"content":{"rendered":"\n<p class=\"wp-block-paragraph\">Schweiziska Berner Oberland kan vara vilt och fullt av turister, men du beh\u00f6ver bara ta dig lite l\u00e4ngre bort s\u00e5 hamnar du i en fullst\u00e4ndig oas av lugn. Precis s\u00e5 \u00e4r <strong>B\u00f6nigen<\/strong> (uttalas b\u00e9ningen), en underbar liten by som ligger direkt vid stranden av en glaci\u00e4rsj\u00f6. Medan grannbyn Interlaken spricker i s\u00f6mmarna har tiden h\u00e4r stannat mellan <strong>rikt utsnidade tr\u00e4hus<\/strong> och en h\u00e4nf\u00f6rande natur. \u263a\ufe0f<\/p>\n\n\n\n<p class=\"wp-block-paragraph\">Vattnet har en helt <strong>otrolig smaragdgr\u00f6n turkos f\u00e4rg<\/strong> och bergstopparna speglar sig i det som i en perfekt spegel. Just <strong>Brienzsj\u00f6n<\/strong> \u00e4r sj\u00e4lva h\u00f6jdpunkten i hela omr\u00e5det och erbjuder o\u00e4ndliga m\u00f6jligheter till <strong>saker att g\u00f6ra<\/strong> fr\u00e5n v\u00e5ren \u00e4nda in i den sena h\u00f6sten. H\u00e4r kan du hoppa p\u00e5 en historisk hjul\u00e5ngare, hyra kajak eller helt enkelt bara lata dig p\u00e5 stranden.<\/p>\n\n\n\n<p class=\"wp-block-paragraph\">F\u00f6r att din semester ska bli s\u00e5 bra planerad som m\u00f6jligt har jag satt ihop en detaljerad guide \u00e5t dig. I artikeln hittar du <strong>24 tips p\u00e5 vad du ska se och g\u00f6ra, var du ska bo, vilka leder du ska vandra, vart du ska \u00e5ka linbana och vad du kan hitta p\u00e5 med barnen<\/strong>. Schweiz \u00e4r n\u00e4mligen en k\u00e4rlek f\u00f6r livet, och jag gissar att du efter ett bes\u00f6k i den h\u00e4r regionen kommer att fundera varje sommar p\u00e5 hur du ska ta dig hit igen. \u263a\ufe0f<\/p>\n\n\n\n<figure data-wp-context=\"{&quot;imageId&quot;:&quot;6a95670046d22&quot;}\" data-wp-interactive=\"core\/image\" data-wp-key=\"6a95670046d22\" class=\"wp-block-image size-full wp-lightbox-container\"><img decoding=\"async\" width=\"1800\" height=\"1012\" data-wp-class--hide=\"state.isContentHidden\" data-wp-class--show=\"state.isContentVisible\" data-wp-init=\"callbacks.setButtonStyles\" data-wp-on--click=\"actions.showLightbox\" data-wp-on--load=\"callbacks.setButtonStyles\" data-wp-on--pointerdown=\"actions.preloadImage\" data-wp-on--pointerenter=\"actions.preloadImageWithDelay\" data-wp-on--pointerleave=\"actions.cancelPreload\" data-wp-on-window--resize=\"callbacks.setButtonStyles\" src=\"https:\/\/loudavymkrokem.cz\/wp-content\/uploads\/2026\/08\/articles-bonigen-01.jpg\" alt=\"B\u00f6nigen och Brienzsj\u00f6n ovanifr\u00e5n\" class=\"wp-image-404460\" title=\"\" srcset=\"https:\/\/loudavymkrokem.cz\/wp-content\/uploads\/2026\/08\/articles-bonigen-01.jpg 1800w, https:\/\/loudavymkrokem.cz\/wp-content\/uploads\/2026\/08\/articles-bonigen-01-300x169.jpg 300w, https:\/\/loudavymkrokem.cz\/wp-content\/uploads\/2026\/08\/articles-bonigen-01-700x394.jpg 700w, https:\/\/loudavymkrokem.cz\/wp-content\/uploads\/2026\/08\/articles-bonigen-01-768x432.jpg 768w, https:\/\/loudavymkrokem.cz\/wp-content\/uploads\/2026\/08\/articles-bonigen-01-1536x864.jpg 1536w, https:\/\/loudavymkrokem.cz\/wp-content\/uploads\/2026\/08\/articles-bonigen-01-696x391.jpg 696w, https:\/\/loudavymkrokem.cz\/wp-content\/uploads\/2026\/08\/articles-bonigen-01-1392x783.jpg 1392w\" sizes=\"(max-width: 1800px) 100vw, 1800px\" \/><button\n\t\t\tclass=\"lightbox-trigger\"\n\t\t\ttype=\"button\"\n\t\t\taria-haspopup=\"dialog\"\n\t\t\tdata-wp-bind--aria-label=\"state.thisImage.triggerButtonAriaLabel\"\n\t\t\tdata-wp-init=\"callbacks.initTriggerButton\"\n\t\t\tdata-wp-on--click=\"actions.showLightbox\"\n\t\t\tdata-wp-style--right=\"state.thisImage.buttonRight\"\n\t\t\tdata-wp-style--top=\"state.thisImage.buttonTop\"\n\t\t>\n\t\t\t<svg xmlns=\"http:\/\/www.w3.org\/2000\/svg\" width=\"12\" height=\"12\" fill=\"none\" viewBox=\"0 0 12 12\">\n\t\t\t\t<path fill=\"#fff\" d=\"M2 0a2 2 0 0 0-2 2v2h1.5V2a.5.5 0 0 1 .5-.5h2V0H2Zm2 10.5H2a.5.5 0 0 1-.5-.5V8H0v2a2 2 0 0 0 2 2h2v-1.5ZM8 12v-1.5h2a.5.5 0 0 0 .5-.5V8H12v2a2 2 0 0 1-2 2H8Zm2-12a2 2 0 0 1 2 2v2h-1.5V2a.5.5 0 0 0-.5-.5H8V0h2Z\" \/>\n\t\t\t<\/svg>\n\t\t<\/button><figcaption class=\"wp-element-caption\">Foto: Christian David \/ Wikimedia Commons, CC BY-SA 4.0<\/figcaption><\/figure>\n\n\n\n<div id=\"ez-toc-container\" class=\"ez-toc-v2_0_86 ez-toc-wrap-left counter-hierarchy ez-toc-counter ez-toc-grey ez-toc-container-direction\">\n<div class=\"ez-toc-title-container\">\n<p class=\"ez-toc-title\" style=\"cursor:inherit\">Artikelns inneh\u00e5ll<\/p>\n<span class=\"ez-toc-title-toggle\"><a href=\"#\" class=\"ez-toc-pull-right ez-toc-btn ez-toc-btn-xs ez-toc-btn-default ez-toc-toggle\" aria-label=\"Toggle Table of Content\"><span class=\"ez-toc-js-icon-con\"><span class=\"\"><span class=\"eztoc-hide\" style=\"display:none;\">Toggle<\/span><span class=\"ez-toc-icon-toggle-span\"><svg style=\"fill: #999;color:#999\" xmlns=\"http:\/\/www.w3.org\/2000\/svg\" class=\"list-377408\" width=\"20px\" height=\"20px\" viewBox=\"0 0 24 24\" fill=\"none\"><path d=\"M6 6H4v2h2V6zm14 0H8v2h12V6zM4 11h2v2H4v-2zm16 0H8v2h12v-2zM4 16h2v2H4v-2zm16 0H8v2h12v-2z\" fill=\"currentColor\"><\/path><\/svg><svg style=\"fill: #999;color:#999\" class=\"arrow-unsorted-368013\" xmlns=\"http:\/\/www.w3.org\/2000\/svg\" width=\"10px\" height=\"10px\" viewBox=\"0 0 24 24\" version=\"1.2\" baseProfile=\"tiny\"><path d=\"M18.2 9.3l-6.2-6.3-6.2 6.3c-.2.2-.3.4-.3.7s.1.5.3.7c.2.2.4.3.7.3h11c.3 0 .5-.1.7-.3.2-.2.3-.5.3-.7s-.1-.5-.3-.7zM5.8 14.7l6.2 6.3 6.2-6.3c.2-.2.3-.5.3-.7s-.1-.5-.3-.7c-.2-.2-.4-.3-.7-.3h-11c-.3 0-.5.1-.7.3-.2.2-.3.5-.3.7s.1.5.3.7z\"\/><\/svg><\/span><\/span><\/span><\/a><\/span><\/div>\n<nav><ul class='ez-toc-list ez-toc-list-level-1 ' ><ul class='ez-toc-list-level-3' ><li class='ez-toc-heading-level-3'><a class=\"ez-toc-link ez-toc-heading-1\" href=\"https:\/\/loudavymkrokem.cz\/sv\/bonigen-brienzsjon-tips\/#Sammanfattning_for_dig_som_inte_har_tid_att_lasa_hela_artikeln\" >Sammanfattning f\u00f6r dig som inte har tid att l\u00e4sa hela artikeln<\/a><\/li><\/ul><\/li><li class='ez-toc-page-1 ez-toc-heading-level-2'><a class=\"ez-toc-link ez-toc-heading-2\" href=\"https:\/\/loudavymkrokem.cz\/sv\/bonigen-brienzsjon-tips\/#Nar_du_ska_aka_till_Bonigen_och_hur_du_tar_dig_hit\" >N\u00e4r du ska \u00e5ka till B\u00f6nigen och hur du tar dig hit<\/a><\/li><li class='ez-toc-page-1 ez-toc-heading-level-2'><a class=\"ez-toc-link ez-toc-heading-3\" href=\"https:\/\/loudavymkrokem.cz\/sv\/bonigen-brienzsjon-tips\/#Var_du_ska_bo_i_Bonigen_och_vad_det_kostar\" >Var du ska bo i B\u00f6nigen och vad det kostar<\/a><\/li><li class='ez-toc-page-1 ez-toc-heading-level-2'><a class=\"ez-toc-link ez-toc-heading-4\" href=\"https:\/\/loudavymkrokem.cz\/sv\/bonigen-brienzsjon-tips\/#Direkt_i_Bonigen_6_tips_pa_vad_du_ska_se_och_gora_vid_vattnet\" >Direkt i B\u00f6nigen: 6 tips p\u00e5 vad du ska se och g\u00f6ra vid vattnet<\/a><ul class='ez-toc-list-level-3' ><li class='ez-toc-heading-level-3'><a class=\"ez-toc-link ez-toc-heading-5\" href=\"https:\/\/loudavymkrokem.cz\/sv\/bonigen-brienzsjon-tips\/#1_Historiska_trahus_och_Hauserweg\" >1. Historiska tr\u00e4hus och H\u00e4userweg<\/a><\/li><li class='ez-toc-page-1 ez-toc-heading-level-3'><a class=\"ez-toc-link ez-toc-heading-6\" href=\"https:\/\/loudavymkrokem.cz\/sv\/bonigen-brienzsjon-tips\/#2_Byns_museum_Dorfmuseum_%E2%80%9Dalte_Pinte%E2%80%9D\" >2. Byns museum Dorfmuseum &#8221;alte Pinte&#8221;<\/a><\/li><li class='ez-toc-page-1 ez-toc-heading-level-3'><a class=\"ez-toc-link ez-toc-heading-7\" href=\"https:\/\/loudavymkrokem.cz\/sv\/bonigen-brienzsjon-tips\/#3_Strandpromenaden_bryggan_och_Brienzersee_Lakewalk\" >3. Strandpromenaden, bryggan och Brienzersee Lakewalk<\/a><\/li><li class='ez-toc-page-1 ez-toc-heading-level-3'><a class=\"ez-toc-link ez-toc-heading-8\" href=\"https:\/\/loudavymkrokem.cz\/sv\/bonigen-brienzsjon-tips\/#4_Stranden_och_badet_The_Beach\" >4. Stranden och badet The Beach<\/a><\/li><li class='ez-toc-page-1 ez-toc-heading-level-3'><a class=\"ez-toc-link ez-toc-heading-9\" href=\"https:\/\/loudavymkrokem.cz\/sv\/bonigen-brienzsjon-tips\/#5_Kajak_och_SUP_pa_sjon\" >5. Kajak och SUP p\u00e5 sj\u00f6n<\/a><\/li><li class='ez-toc-page-1 ez-toc-heading-level-3'><a class=\"ez-toc-link ez-toc-heading-10\" href=\"https:\/\/loudavymkrokem.cz\/sv\/bonigen-brienzsjon-tips\/#6_Kryssning_med_den_historiska_angaren_Lotschberg\" >6. Kryssning med den historiska \u00e5ngaren L\u00f6tschberg<\/a><\/li><\/ul><\/li><li class='ez-toc-page-1 ez-toc-heading-level-2'><a class=\"ez-toc-link ez-toc-heading-11\" href=\"https:\/\/loudavymkrokem.cz\/sv\/bonigen-brienzsjon-tips\/#Vandring_fran_Bonigen_6_leder_som_ar_varda_modan\" >Vandring fr\u00e5n B\u00f6nigen: 6 leder som \u00e4r v\u00e4rda m\u00f6dan<\/a><ul class='ez-toc-list-level-3' ><li class='ez-toc-heading-level-3'><a class=\"ez-toc-link ez-toc-heading-12\" href=\"https:\/\/loudavymkrokem.cz\/sv\/bonigen-brienzsjon-tips\/#7_De_tre_vattenfallens_vag_i_etapper\" >7. De tre vattenfallens v\u00e4g i etapper<\/a><\/li><li class='ez-toc-page-1 ez-toc-heading-level-3'><a class=\"ez-toc-link ez-toc-heading-13\" href=\"https:\/\/loudavymkrokem.cz\/sv\/bonigen-brienzsjon-tips\/#8_Rundslingan_till_Sytiberg_55_km_aven_med_terrangvagn\" >8. Rundslingan till Sytiberg: 5,5 km \u00e4ven med terr\u00e4ngvagn<\/a><\/li><li class='ez-toc-page-1 ez-toc-heading-level-3'><a class=\"ez-toc-link ez-toc-heading-14\" href=\"https:\/\/loudavymkrokem.cz\/sv\/bonigen-brienzsjon-tips\/#9_Rundslingan_Haslerenegg_854_m_med_toppbok\" >9. Rundslingan Haslerenegg (854 m) med toppbok<\/a><\/li><li class='ez-toc-page-1 ez-toc-heading-level-3'><a class=\"ez-toc-link ez-toc-heading-15\" href=\"https:\/\/loudavymkrokem.cz\/sv\/bonigen-brienzsjon-tips\/#10_Rundslingan_till_vattenfallet_Erschwandenbach\" >10. Rundslingan till vattenfallet Erschwandenbach<\/a><\/li><li class='ez-toc-page-1 ez-toc-heading-level-3'><a class=\"ez-toc-link ez-toc-heading-16\" href=\"https:\/\/loudavymkrokem.cz\/sv\/bonigen-brienzsjon-tips\/#11_Strandstigen_Uferweg_fran_Iseltwald_till_Giessbach\" >11. Strandstigen Uferweg fr\u00e5n Iseltwald till Giessbach<\/a><\/li><li class='ez-toc-page-1 ez-toc-heading-level-3'><a class=\"ez-toc-link ez-toc-heading-17\" href=\"https:\/\/loudavymkrokem.cz\/sv\/bonigen-brienzsjon-tips\/#12_En_vandringsutmaning_uppstigningen_till_Harder_Kulm\" >12. En vandringsutmaning: uppstigningen till Harder Kulm<\/a><\/li><\/ul><\/li><li class='ez-toc-page-1 ez-toc-heading-level-2'><a class=\"ez-toc-link ez-toc-heading-18\" href=\"https:\/\/loudavymkrokem.cz\/sv\/bonigen-brienzsjon-tips\/#Vandringar_dit_linbanan_tar_dig_6_leder_ovanfor_dalen\" >Vandringar dit linbanan tar dig: 6 leder ovanf\u00f6r dalen<\/a><ul class='ez-toc-list-level-3' ><li class='ez-toc-heading-level-3'><a class=\"ez-toc-link ez-toc-heading-19\" href=\"https:\/\/loudavymkrokem.cz\/sv\/bonigen-brienzsjon-tips\/#13_Fran_First_till_sjon_Bachalpsee\" >13. Fr\u00e5n First till sj\u00f6n Bachalpsee<\/a><\/li><li class='ez-toc-page-1 ez-toc-heading-level-3'><a class=\"ez-toc-link ez-toc-heading-20\" href=\"https:\/\/loudavymkrokem.cz\/sv\/bonigen-brienzsjon-tips\/#14_Den_kungliga_asvandringen_Schynige_Platte_%E2%80%93_Faulhorn_%E2%80%93_First\" >14. Den kungliga \u00e5svandringen Schynige Platte \u2013 Faulhorn \u2013 First<\/a><\/li><li class='ez-toc-page-1 ez-toc-heading-level-3'><a class=\"ez-toc-link ez-toc-heading-21\" href=\"https:\/\/loudavymkrokem.cz\/sv\/bonigen-brienzsjon-tips\/#15_Mannlichen_och_panoramavagen_till_Kleine_Scheidegg\" >15. M\u00e4nnlichen och panoramav\u00e4gen till Kleine Scheidegg<\/a><\/li><li class='ez-toc-page-1 ez-toc-heading-level-3'><a class=\"ez-toc-link ez-toc-heading-22\" href=\"https:\/\/loudavymkrokem.cz\/sv\/bonigen-brienzsjon-tips\/#16_Eiger_Trail_direkt_under_nordvaggen\" >16. Eiger Trail direkt under nordv\u00e4ggen<\/a><\/li><li class='ez-toc-page-1 ez-toc-heading-level-3'><a class=\"ez-toc-link ez-toc-heading-23\" href=\"https:\/\/loudavymkrokem.cz\/sv\/bonigen-brienzsjon-tips\/#17_Niederhorn_och_stenbockar_ovanfor_Thunsjon\" >17. Niederhorn och stenbockar ovanf\u00f6r Thunsj\u00f6n<\/a><\/li><li class='ez-toc-page-1 ez-toc-heading-level-3'><a class=\"ez-toc-link ez-toc-heading-24\" href=\"https:\/\/loudavymkrokem.cz\/sv\/bonigen-brienzsjon-tips\/#18_Med_angkuggbana_till_Brienzer_Rothorn\" >18. Med \u00e5ngkuggbana till Brienzer Rothorn<\/a><\/li><\/ul><\/li><li class='ez-toc-page-1 ez-toc-heading-level-2'><a class=\"ez-toc-link ez-toc-heading-25\" href=\"https:\/\/loudavymkrokem.cz\/sv\/bonigen-brienzsjon-tips\/#Utflykter_fran_Bonigen_6_tips_pa_omgivningen\" >Utflykter fr\u00e5n B\u00f6nigen: 6 tips p\u00e5 omgivningen<\/a><ul class='ez-toc-list-level-3' ><li class='ez-toc-heading-level-3'><a class=\"ez-toc-link ez-toc-heading-26\" href=\"https:\/\/loudavymkrokem.cz\/sv\/bonigen-brienzsjon-tips\/#19_Harder_Kulm_Interlakens_husberg\" >19. Harder Kulm: Interlakens husberg<\/a><\/li><li class='ez-toc-page-1 ez-toc-heading-level-3'><a class=\"ez-toc-link ez-toc-heading-27\" href=\"https:\/\/loudavymkrokem.cz\/sv\/bonigen-brienzsjon-tips\/#20_Giessbach-vattenfallen_och_passagen_bakom_vattnet\" >20. Giessbach-vattenfallen och passagen bakom vattnet<\/a><\/li><li class='ez-toc-page-1 ez-toc-heading-level-3'><a class=\"ez-toc-link ez-toc-heading-28\" href=\"https:\/\/loudavymkrokem.cz\/sv\/bonigen-brienzsjon-tips\/#21_Schweiz_aldsta_turistbergbana_och_Grandhotellet\" >21. Schweiz \u00e4ldsta turistbergbana och Grandhotellet<\/a><\/li><li class='ez-toc-page-1 ez-toc-heading-level-3'><a class=\"ez-toc-link ez-toc-heading-29\" href=\"https:\/\/loudavymkrokem.cz\/sv\/bonigen-brienzsjon-tips\/#22_Iseltwald_och_den_ikoniska_bryggan_fran_tv-serien\" >22. Iseltwald och den ikoniska bryggan fr\u00e5n tv-serien<\/a><\/li><li class='ez-toc-page-1 ez-toc-heading-level-3'><a class=\"ez-toc-link ez-toc-heading-30\" href=\"https:\/\/loudavymkrokem.cz\/sv\/bonigen-brienzsjon-tips\/#23_Schynige_Platte_kuggbana_och_alpin_tradgard\" >23. Schynige Platte: kuggbana och alpin tr\u00e4dg\u00e5rd<\/a><\/li><li class='ez-toc-page-1 ez-toc-heading-level-3'><a class=\"ez-toc-link ez-toc-heading-31\" href=\"https:\/\/loudavymkrokem.cz\/sv\/bonigen-brienzsjon-tips\/#24_Interlaken_turistbasen_bredvid\" >24. Interlaken: turistbasen bredvid<\/a><\/li><\/ul><\/li><li class='ez-toc-page-1 ez-toc-heading-level-2'><a class=\"ez-toc-link ez-toc-heading-32\" href=\"https:\/\/loudavymkrokem.cz\/sv\/bonigen-brienzsjon-tips\/#Bonigen_med_barn_vad_du_kan_hitta_pa_med_familjen\" >B\u00f6nigen med barn: vad du kan hitta p\u00e5 med familjen<\/a><ul class='ez-toc-list-level-3' ><li class='ez-toc-heading-level-3'><a class=\"ez-toc-link ez-toc-heading-33\" href=\"https:\/\/loudavymkrokem.cz\/sv\/bonigen-brienzsjon-tips\/#Stranden_The_Beach_och_den_generosa_lekplatsen\" >Stranden The Beach och den gener\u00f6sa lekplatsen<\/a><\/li><li class='ez-toc-page-1 ez-toc-heading-level-3'><a class=\"ez-toc-link ez-toc-heading-34\" href=\"https:\/\/loudavymkrokem.cz\/sv\/bonigen-brienzsjon-tips\/#Skattjakt_och_deckarspel_i_Iseltwald\" >Skattjakt och deckarspel i Iseltwald<\/a><\/li><li class='ez-toc-page-1 ez-toc-heading-level-3'><a class=\"ez-toc-link ez-toc-heading-35\" href=\"https:\/\/loudavymkrokem.cz\/sv\/bonigen-brienzsjon-tips\/#Campingen_TCS_fantastiskt_lage_men_med_ett_stort_forbehall\" >Campingen TCS: fantastiskt l\u00e4ge, men med ett stort f\u00f6rbeh\u00e5ll<\/a><\/li><li class='ez-toc-page-1 ez-toc-heading-level-3'><a class=\"ez-toc-link ez-toc-heading-36\" href=\"https:\/\/loudavymkrokem.cz\/sv\/bonigen-brienzsjon-tips\/#Lilys_Alpenspielplatz_och_Panoramaweg_pa_Schynige_Platte\" >Lily&#8217;s Alpenspielplatz och Panoramaweg p\u00e5 Schynige Platte<\/a><\/li><li class='ez-toc-page-1 ez-toc-heading-level-3'><a class=\"ez-toc-link ez-toc-heading-37\" href=\"https:\/\/loudavymkrokem.cz\/sv\/bonigen-brienzsjon-tips\/#Bat_och_tillganglig_promenad_med_barnvagn\" >B\u00e5t och tillg\u00e4nglig promenad med barnvagn<\/a><\/li><\/ul><\/li><li class='ez-toc-page-1 ez-toc-heading-level-2'><a class=\"ez-toc-link ez-toc-heading-38\" href=\"https:\/\/loudavymkrokem.cz\/sv\/bonigen-brienzsjon-tips\/#Var_du_kan_ata_i_Bonigen\" >Var du kan \u00e4ta i B\u00f6nigen<\/a><ul class='ez-toc-list-level-3' ><li class='ez-toc-heading-level-3'><a class=\"ez-toc-link ez-toc-heading-39\" href=\"https:\/\/loudavymkrokem.cz\/sv\/bonigen-brienzsjon-tips\/#Pizzeria_La_Boheme\" >Pizzeria La Boh\u00e8me<\/a><\/li><li class='ez-toc-page-1 ez-toc-heading-level-3'><a class=\"ez-toc-link ez-toc-heading-40\" href=\"https:\/\/loudavymkrokem.cz\/sv\/bonigen-brienzsjon-tips\/#Sweet_Ride\" >Sweet Ride<\/a><\/li><li class='ez-toc-page-1 ez-toc-heading-level-3'><a class=\"ez-toc-link ez-toc-heading-41\" href=\"https:\/\/loudavymkrokem.cz\/sv\/bonigen-brienzsjon-tips\/#Restaurant_Baren_Bonigen\" >Restaurant B\u00e4ren B\u00f6nigen<\/a><\/li><\/ul><\/li><li class='ez-toc-page-1 ez-toc-heading-level-2'><a class=\"ez-toc-link ez-toc-heading-42\" href=\"https:\/\/loudavymkrokem.cz\/sv\/bonigen-brienzsjon-tips\/#Vart_du_kan_aka_vidare_fran_Bonigen\" >Vart du kan \u00e5ka vidare fr\u00e5n B\u00f6nigen<\/a><\/li><li class='ez-toc-page-1 ez-toc-heading-level-2'><a class=\"ez-toc-link ez-toc-heading-43\" href=\"https:\/\/loudavymkrokem.cz\/sv\/bonigen-brienzsjon-tips\/#Vanliga_fragor\" >Vanliga fr\u00e5gor<\/a><ul class='ez-toc-list-level-3' ><li class='ez-toc-heading-level-3'><a class=\"ez-toc-link ez-toc-heading-44\" href=\"https:\/\/loudavymkrokem.cz\/sv\/bonigen-brienzsjon-tips\/#Lonar_det_sig_att_bo_i_Bonigen_istallet_for_Interlaken\" >L\u00f6nar det sig att bo i B\u00f6nigen ist\u00e4llet f\u00f6r Interlaken?<\/a><\/li><li class='ez-toc-page-1 ez-toc-heading-level-3'><a class=\"ez-toc-link ez-toc-heading-45\" href=\"https:\/\/loudavymkrokem.cz\/sv\/bonigen-brienzsjon-tips\/#Hur_tar_man_sig_dit_fran_Interlaken\" >Hur tar man sig dit fr\u00e5n Interlaken?<\/a><\/li><li class='ez-toc-page-1 ez-toc-heading-level-3'><a class=\"ez-toc-link ez-toc-heading-46\" href=\"https:\/\/loudavymkrokem.cz\/sv\/bonigen-brienzsjon-tips\/#Kan_man_bada_i_Brienzsjon\" >Kan man bada i Brienzsj\u00f6n?<\/a><\/li><li class='ez-toc-page-1 ez-toc-heading-level-3'><a class=\"ez-toc-link ez-toc-heading-47\" href=\"https:\/\/loudavymkrokem.cz\/sv\/bonigen-brienzsjon-tips\/#Hur_manga_dagar_racker_for_ett_besok\" >Hur m\u00e5nga dagar r\u00e4cker f\u00f6r ett bes\u00f6k?<\/a><\/li><li class='ez-toc-page-1 ez-toc-heading-level-3'><a class=\"ez-toc-link ez-toc-heading-48\" href=\"https:\/\/loudavymkrokem.cz\/sv\/bonigen-brienzsjon-tips\/#Vad_gor_man_nar_det_regnar\" >Vad g\u00f6r man n\u00e4r det regnar?<\/a><\/li><li class='ez-toc-page-1 ez-toc-heading-level-3'><a class=\"ez-toc-link ez-toc-heading-49\" href=\"https:\/\/loudavymkrokem.cz\/sv\/bonigen-brienzsjon-tips\/#Ar_det_lampligt_for_barn\" >\u00c4r det l\u00e4mpligt f\u00f6r barn?<\/a><\/li><li class='ez-toc-page-1 ez-toc-heading-level-3'><a class=\"ez-toc-link ez-toc-heading-50\" href=\"https:\/\/loudavymkrokem.cz\/sv\/bonigen-brienzsjon-tips\/#Hur_mycket_kostar_utflykten_till_Harder_Kulm\" >Hur mycket kostar utflykten till Harder Kulm?<\/a><\/li><li class='ez-toc-page-1 ez-toc-heading-level-3'><a class=\"ez-toc-link ez-toc-heading-51\" href=\"https:\/\/loudavymkrokem.cz\/sv\/bonigen-brienzsjon-tips\/#Kostar_bryggan_i_Iseltwald_pengar\" >Kostar bryggan i Iseltwald pengar?<\/a><\/li><\/ul><\/li><\/ul><\/nav><\/div>\n<h3 class=\"wp-block-heading\"><span class=\"ez-toc-section\" id=\"Sammanfattning_for_dig_som_inte_har_tid_att_lasa_hela_artikeln\"><\/span>Sammanfattning f\u00f6r dig som inte har tid att l\u00e4sa hela artikeln<span class=\"ez-toc-section-end\"><\/span><\/h3>\n\n\n\n<ul class=\"wp-block-list\">\n<li><strong>B\u00f6nigen ligger vid Brienzsj\u00f6n<\/strong> och \u00e4r en perfekt, lugn bas f\u00f6r att utforska Berner Oberland.<\/li>\n\n\n\n<li><strong>Interlaken Guest Card<\/strong> f\u00e5r du till ditt boende och den ger dig gratis bussresor i omr\u00e5det.<\/li>\n\n\n\n<li><strong>Den historiska byk\u00e4rnan<\/strong> \u00e4r full av skyddade tr\u00e4hus fr\u00e5n 1500- till 1700-talet.<\/li>\n\n\n\n<li><strong>Att bada i sj\u00f6n \u00e4r bara f\u00f6r de h\u00e4rdade<\/strong> \u2014 vattnet ligger p\u00e5 cirka 20 \u00b0C p\u00e5 sommaren, men den lokala stranden har en uppv\u00e4rmd pool.<\/li>\n\n\n\n<li><strong>Vandringen h\u00e4r \u00e4r fenomenal<\/strong> \u2014 direkt fr\u00e5n byn kan du ge dig av p\u00e5 De tre vattenfallens v\u00e4g eller p\u00e5 rundslingan till Sytiberg.<\/li>\n\n\n\n<li>Till <strong>de vackraste vandringarna tar du dig med linbana<\/strong> \u2014 till sj\u00f6n Bachalpsee, till M\u00e4nnlichen eller med \u00e5ngkuggbana till Brienzer Rothorn.<\/li>\n\n\n\n<li><strong>Boende med pentry<\/strong> sparar dig enorma summor i det dyra Schweiz med sina restauranger.<\/li>\n\n\n\n<li><strong>De b\u00e4sta utflykterna i omgivningen<\/strong> \u00e4r linbanan upp till Harder Kulm, Giessbach-vattenfallen och fotogeniska Iseltwald.<\/li>\n<\/ul>\n\n\n\n<figure data-wp-context=\"{&quot;imageId&quot;:&quot;6a95670047459&quot;}\" data-wp-interactive=\"core\/image\" data-wp-key=\"6a95670047459\" class=\"wp-block-image size-full wp-lightbox-container\"><img decoding=\"async\" width=\"1800\" height=\"785\" data-wp-class--hide=\"state.isContentHidden\" data-wp-class--show=\"state.isContentVisible\" data-wp-init=\"callbacks.setButtonStyles\" data-wp-on--click=\"actions.showLightbox\" data-wp-on--load=\"callbacks.setButtonStyles\" data-wp-on--pointerdown=\"actions.preloadImage\" data-wp-on--pointerenter=\"actions.preloadImageWithDelay\" data-wp-on--pointerleave=\"actions.cancelPreload\" data-wp-on-window--resize=\"callbacks.setButtonStyles\" src=\"https:\/\/loudavymkrokem.cz\/wp-content\/uploads\/2026\/08\/articles-bonigen-02.jpg\" alt=\"Brienzsj\u00f6n med bergstoppar\" class=\"wp-image-404462\" title=\"\" srcset=\"https:\/\/loudavymkrokem.cz\/wp-content\/uploads\/2026\/08\/articles-bonigen-02.jpg 1800w, https:\/\/loudavymkrokem.cz\/wp-content\/uploads\/2026\/08\/articles-bonigen-02-300x131.jpg 300w, https:\/\/loudavymkrokem.cz\/wp-content\/uploads\/2026\/08\/articles-bonigen-02-700x305.jpg 700w, https:\/\/loudavymkrokem.cz\/wp-content\/uploads\/2026\/08\/articles-bonigen-02-768x335.jpg 768w, https:\/\/loudavymkrokem.cz\/wp-content\/uploads\/2026\/08\/articles-bonigen-02-1536x670.jpg 1536w, https:\/\/loudavymkrokem.cz\/wp-content\/uploads\/2026\/08\/articles-bonigen-02-696x304.jpg 696w, https:\/\/loudavymkrokem.cz\/wp-content\/uploads\/2026\/08\/articles-bonigen-02-1392x607.jpg 1392w\" sizes=\"(max-width: 1800px) 100vw, 1800px\" \/><button\n\t\t\tclass=\"lightbox-trigger\"\n\t\t\ttype=\"button\"\n\t\t\taria-haspopup=\"dialog\"\n\t\t\tdata-wp-bind--aria-label=\"state.thisImage.triggerButtonAriaLabel\"\n\t\t\tdata-wp-init=\"callbacks.initTriggerButton\"\n\t\t\tdata-wp-on--click=\"actions.showLightbox\"\n\t\t\tdata-wp-style--right=\"state.thisImage.buttonRight\"\n\t\t\tdata-wp-style--top=\"state.thisImage.buttonTop\"\n\t\t>\n\t\t\t<svg xmlns=\"http:\/\/www.w3.org\/2000\/svg\" width=\"12\" height=\"12\" fill=\"none\" viewBox=\"0 0 12 12\">\n\t\t\t\t<path fill=\"#fff\" d=\"M2 0a2 2 0 0 0-2 2v2h1.5V2a.5.5 0 0 1 .5-.5h2V0H2Zm2 10.5H2a.5.5 0 0 1-.5-.5V8H0v2a2 2 0 0 0 2 2h2v-1.5ZM8 12v-1.5h2a.5.5 0 0 0 .5-.5V8H12v2a2 2 0 0 1-2 2H8Zm2-12a2 2 0 0 1 2 2v2h-1.5V2a.5.5 0 0 0-.5-.5H8V0h2Z\" \/>\n\t\t\t<\/svg>\n\t\t<\/button><figcaption class=\"wp-element-caption\">Foto: Adrian Farwell \/ Wikimedia Commons, CC BY 3.0<\/figcaption><\/figure>\n\n\n\n<h2 class=\"wp-block-heading\"><span class=\"ez-toc-section\" id=\"Nar_du_ska_aka_till_Bonigen_och_hur_du_tar_dig_hit\"><\/span>N\u00e4r du ska \u00e5ka till B\u00f6nigen och hur du tar dig hit<span class=\"ez-toc-section-end\"><\/span><\/h2>\n\n\n\n<p class=\"wp-block-paragraph\">H\u00f6gs\u00e4songen i Berner Oberland p\u00e5g\u00e5r fr\u00e5n <strong>maj till september<\/strong>, d\u00e5 dagstemperaturen i dalen kl\u00e4ttrar upp till behagliga <strong>24 \u00b0C<\/strong>. Du m\u00e5ste dock r\u00e4kna med att du \u00e4r i bergen, s\u00e5 \u00e4ven mitt i sommaren faller n\u00e5gra regndroppar. Statistiskt sett regnar det h\u00e4r ungef\u00e4r <strong>9 till 12 dagar i m\u00e5naden<\/strong>, s\u00e5 det l\u00f6nar sig att alltid ha en regnjacka redo i ryggs\u00e4cken.<\/p>\n\n\n\n<p class=\"wp-block-paragraph\">Om du ser fram emot att bada kan <strong>vattentemperaturen i Brienzsj\u00f6n<\/strong> kanske chocka dig lite. Sj\u00f6n \u00e4r av glaci\u00e4rt ursprung, v\u00e4ldigt djup, och \u00e4ven i den varmaste augusti h\u00e5ller vattnet oftast bara <strong>18 till 22 \u00b0C<\/strong>. September \u00e4r sedan med sina 15 till 19 \u00b0C mer l\u00e4mplig f\u00f6r de h\u00e4rdade. Strandbadet The Beach har som tur \u00e4r \u00f6ppet fr\u00e5n mitten av maj till mitten av september och erbjuder \u00e4ven ett uppv\u00e4rmt alternativ.<\/p>\n\n\n\n<p class=\"wp-block-paragraph\">Att ta sig till byn \u00e4r otroligt enkelt tack vare schweizisk precision. Med t\u00e5g kommer du fr\u00e5n Z\u00fcrich (p\u00e5 knappt tv\u00e5 timmar) eller fr\u00e5n Bern direkt till stationen <strong>Interlaken Ost<\/strong>. D\u00e4rifr\u00e5n g\u00e5r <strong>busslinje 103<\/strong>, som tar dig till B\u00f6nigens centrum p\u00e5 bara 9 minuter. Bussarna g\u00e5r varje halvtimme och stannar direkt vid kajen och i byns centrum.<\/p>\n\n\n\n<p class=\"wp-block-paragraph\">Och nu den b\u00e4sta nyheten: <strong>Interlaken Guest Card<\/strong>, som du f\u00e5r till ditt boende, ger dig helt <strong>gratis resor i den lokala kollektivtrafiken<\/strong>, inklusive den n\u00e4mnda buss nummer 103. Den som bor i B\u00f6nigen \u00e5ker allts\u00e5 till Interlaken eller till grannbyn Iseltwald helt utan att betala.<\/p>\n\n\n\n<figure data-wp-context=\"{&quot;imageId&quot;:&quot;6a95670047ca1&quot;}\" data-wp-interactive=\"core\/image\" data-wp-key=\"6a95670047ca1\" class=\"wp-block-image size-full wp-lightbox-container\"><img decoding=\"async\" width=\"1800\" height=\"1125\" data-wp-class--hide=\"state.isContentHidden\" data-wp-class--show=\"state.isContentVisible\" data-wp-init=\"callbacks.setButtonStyles\" data-wp-on--click=\"actions.showLightbox\" data-wp-on--load=\"callbacks.setButtonStyles\" data-wp-on--pointerdown=\"actions.preloadImage\" data-wp-on--pointerenter=\"actions.preloadImageWithDelay\" data-wp-on--pointerleave=\"actions.cancelPreload\" data-wp-on-window--resize=\"callbacks.setButtonStyles\" src=\"https:\/\/loudavymkrokem.cz\/wp-content\/uploads\/2026\/08\/articles-bonigen-03.jpg\" alt=\"Strandpromenaden i B\u00f6nigen vid Brienzsj\u00f6n\" class=\"wp-image-404464\" title=\"\" srcset=\"https:\/\/loudavymkrokem.cz\/wp-content\/uploads\/2026\/08\/articles-bonigen-03.jpg 1800w, https:\/\/loudavymkrokem.cz\/wp-content\/uploads\/2026\/08\/articles-bonigen-03-300x188.jpg 300w, https:\/\/loudavymkrokem.cz\/wp-content\/uploads\/2026\/08\/articles-bonigen-03-700x438.jpg 700w, https:\/\/loudavymkrokem.cz\/wp-content\/uploads\/2026\/08\/articles-bonigen-03-768x480.jpg 768w, https:\/\/loudavymkrokem.cz\/wp-content\/uploads\/2026\/08\/articles-bonigen-03-1536x960.jpg 1536w, https:\/\/loudavymkrokem.cz\/wp-content\/uploads\/2026\/08\/articles-bonigen-03-696x435.jpg 696w, https:\/\/loudavymkrokem.cz\/wp-content\/uploads\/2026\/08\/articles-bonigen-03-1392x870.jpg 1392w\" sizes=\"(max-width: 1800px) 100vw, 1800px\" \/><button\n\t\t\tclass=\"lightbox-trigger\"\n\t\t\ttype=\"button\"\n\t\t\taria-haspopup=\"dialog\"\n\t\t\tdata-wp-bind--aria-label=\"state.thisImage.triggerButtonAriaLabel\"\n\t\t\tdata-wp-init=\"callbacks.initTriggerButton\"\n\t\t\tdata-wp-on--click=\"actions.showLightbox\"\n\t\t\tdata-wp-style--right=\"state.thisImage.buttonRight\"\n\t\t\tdata-wp-style--top=\"state.thisImage.buttonTop\"\n\t\t>\n\t\t\t<svg xmlns=\"http:\/\/www.w3.org\/2000\/svg\" width=\"12\" height=\"12\" fill=\"none\" viewBox=\"0 0 12 12\">\n\t\t\t\t<path fill=\"#fff\" d=\"M2 0a2 2 0 0 0-2 2v2h1.5V2a.5.5 0 0 1 .5-.5h2V0H2Zm2 10.5H2a.5.5 0 0 1-.5-.5V8H0v2a2 2 0 0 0 2 2h2v-1.5ZM8 12v-1.5h2a.5.5 0 0 0 .5-.5V8H12v2a2 2 0 0 1-2 2H8Zm2-12a2 2 0 0 1 2 2v2h-1.5V2a.5.5 0 0 0-.5-.5H8V0h2Z\" \/>\n\t\t\t<\/svg>\n\t\t<\/button><figcaption class=\"wp-element-caption\">Foto: JoachimKohler-HB \/ Wikimedia Commons, CC BY-SA 4.0<\/figcaption><\/figure>\n\n\n\n<h2 class=\"wp-block-heading\"><span class=\"ez-toc-section\" id=\"Var_du_ska_bo_i_Bonigen_och_vad_det_kostar\"><\/span>Var du ska bo i B\u00f6nigen och vad det kostar<span class=\"ez-toc-section-end\"><\/span><\/h2>\n\n\n\n<p class=\"wp-block-paragraph\"><em>\ud83d\udca1 Tips p\u00e5 boende och upplevelser: Boende p\u00e5 platsen <a href=\"https:\/\/www.stay22.com\/allez\/roam?aid=lukaskonecny&amp;campaign=loudavymkrokemcz&amp;address=Bonigen\" target=\"_blank\" rel=\"nofollow noopener sponsored\">j\u00e4mf\u00f6r vi h\u00e4r<\/a>, s\u00e5 att du ser vad som \u00e4r ledigt och till vilket pris. Vi f\u00f6redrar att leta efter det p\u00e5 <a href=\"https:\/\/www.booking.com\/searchresults.html?ss=Bonigen&amp;aid=2397601\" target=\"_blank\" rel=\"nofollow noopener sponsored\">Booking.com<\/a>, d\u00e4r avbokningsvillkoren brukar vara b\u00e4st. Biljetter, utflykter och aktiviteter l\u00f6nar det sig sedan att j\u00e4mf\u00f6ra och k\u00f6pa via <a href=\"https:\/\/www.getyourguide.com\/s\/?q=Bonigen&amp;partner_id=MKZ64IS\" target=\"_blank\" rel=\"nofollow noopener sponsored\">GetYourGuide<\/a>.<\/em><\/p>\n\n\n\n<p class=\"wp-block-paragraph\">Att bo direkt i B\u00f6nigen \u00e4r det smartaste draget du kan g\u00f6ra n\u00e4r du planerar en semester i Schweiz. Medan grannbyn Interlaken ofta \u00e4r \u00f6verprissatt och full av h\u00f6gljudda turistgrupper hittar du h\u00e4r <strong>autentiskt lugn och betydligt v\u00e4nligare priser<\/strong>. Med buss \u00e4r du dessutom mitt i h\u00e4ndelsernas centrum p\u00e5 knappt tio minuter.<\/p>\n\n\n\n<p class=\"wp-block-paragraph\">I Schweiz l\u00f6nar det sig ocks\u00e5 otroligt mycket med ett <strong>boende med eget pentry<\/strong>. Priserna p\u00e5 restaurangerna \u00e4r astronomiska, s\u00e5 m\u00f6jligheten att laga sin egen middag eller g\u00f6ra i ordning mats\u00e4ck till en vandring kan s\u00e4nka din budget med flera tusenlappar. Gl\u00f6m dock inte att <strong>boka i v\u00e4ldigt god tid<\/strong>, f\u00f6r under sommars\u00e4songen \u00e4r de b\u00e4sta boendena sluts\u00e5lda flera m\u00e5nader i f\u00f6rv\u00e4g.<\/p>\n\n\n\n<p class=\"wp-block-paragraph\">H\u00e4r \u00e4r konkreta tips p\u00e5 riktigt bra boenden enligt resen\u00e4rernas recensioner:<\/p>\n\n\n\n<ul class=\"wp-block-list\">\n<li><strong><a href=\"https:\/\/www.stay22.com\/allez\/roam?aid=lukaskonecny&amp;campaign=loudavymkrokemcz&amp;campaign=bonigen&amp;hotelname=Hotel%20Seiler%20au%20Lac&amp;address=B%C3%B6nigen%2C%20%C5%A0v%C3%BDcarsko\" target=\"_blank\" rel=\"noopener nofollow sponsored\">Hotel Seiler au Lac<\/a>:<\/strong> Hotel Seiler au Lac ligger direkt vid stranden och \u00e5ngaren stannar precis utanf\u00f6r d\u00f6rren, s\u00e5 du beh\u00f6ver inte ens fundera p\u00e5 hur du ska ta dig till b\u00e5ten. Fyrtio rum, utsikt \u00f6ver bergen och vattnet \u2014 det \u00e4r r\u00e4tt adress om du vill vara mitt i h\u00e4ndelsernas centrum.<\/li>\n\n\n\n<li><strong><a href=\"https:\/\/www.stay22.com\/allez\/roam?aid=lukaskonecny&amp;campaign=loudavymkrokemcz&amp;campaign=bonigen&amp;hotelname=Seehotel%20B%C3%B6nigen&amp;address=B%C3%B6nigen%2C%20%C5%A0v%C3%BDcarsko\" target=\"_blank\" rel=\"noopener nofollow sponsored\">Seehotel B\u00f6nigen<\/a>:<\/strong> Ett utm\u00e4rkt <strong>familjeval med panoramautsikt<\/strong> som erbjuder en lugnare atmosf\u00e4r och en egen v\u00e4lrenommerad restaurang. G\u00e4sterna ber\u00f6mmer verkligen \u00e4garnas personliga bem\u00f6tande och de rikliga frukostarna.<\/li>\n\n\n\n<li><strong><a href=\"https:\/\/www.stay22.com\/allez\/roam?aid=lukaskonecny&amp;campaign=loudavymkrokemcz&amp;campaign=bonigen&amp;hotelname=TCS%20Camping%20B%C3%B6nigen%20Brienzersee&amp;address=B%C3%B6nigen%2C%20%C5%A0v%C3%BDcarsko\" target=\"_blank\" rel=\"noopener nofollow sponsored\">TCS Camping B\u00f6nigen Brienzersee<\/a>:<\/strong> Ett perfekt <strong>budgetalternativ med det b\u00e4sta l\u00e4get i byn<\/strong> \u2014 direkt vid sj\u00f6n och 200 meter fr\u00e5n stranden. Var dock uppm\u00e4rksam p\u00e5 tv\u00e5 saker: <strong>p\u00e5 campingen finns varken pool eller vattenrutschbana<\/strong> (bara en plaskdamm) och vi har egen d\u00e5lig erfarenhet av personalens bem\u00f6tande av familjer med sm\u00e5barn, som jag beskriver l\u00e4ngre ner.<\/li>\n\n\n\n<li><strong><a href=\"https:\/\/www.stay22.com\/allez\/roam?aid=lukaskonecny&amp;campaign=loudavymkrokemcz&amp;campaign=bonigen&amp;hotelname=Mountain%20and%20Lake&amp;address=B%C3%B6nigen%2C%20%C5%A0v%C3%BDcarsko\" target=\"_blank\" rel=\"noopener nofollow sponsored\">Mountain and Lake<\/a>:<\/strong> En fantastiskt betygsatt <strong>privat l\u00e4genhet med fullt utrustat k\u00f6k<\/strong> som ger dig maximal frihet. Den har en fin terrass och enligt recensionerna \u00e4r det en idealisk plats f\u00f6r en l\u00e4ngre vistelse med egen matlagning.<\/li>\n\n\n\n<li><strong><a href=\"https:\/\/www.stay22.com\/allez\/roam?aid=lukaskonecny&amp;campaign=loudavymkrokemcz&amp;campaign=bonigen&amp;hotelname=Walida&amp;address=B%C3%B6nigen%2C%20%C5%A0v%C3%BDcarsko\" target=\"_blank\" rel=\"noopener nofollow sponsored\">Walida<\/a>:<\/strong> Ett enklare men v\u00e4ldigt <strong>trevligt hotell till ett rimligt pris<\/strong>, d\u00e4r du blir glad av balkongerna med utsikt \u00f6ver alptopparna. G\u00e4sterna uppskattar renligheten och den mysiga hemtrevliga atmosf\u00e4ren.<\/li>\n<\/ul>\n\n\n\n<figure data-wp-context=\"{&quot;imageId&quot;:&quot;6a956700485d0&quot;}\" data-wp-interactive=\"core\/image\" data-wp-key=\"6a956700485d0\" class=\"wp-block-image size-full wp-lightbox-container\"><img decoding=\"async\" width=\"1800\" height=\"1350\" data-wp-class--hide=\"state.isContentHidden\" data-wp-class--show=\"state.isContentVisible\" data-wp-init=\"callbacks.setButtonStyles\" data-wp-on--click=\"actions.showLightbox\" data-wp-on--load=\"callbacks.setButtonStyles\" data-wp-on--pointerdown=\"actions.preloadImage\" data-wp-on--pointerenter=\"actions.preloadImageWithDelay\" data-wp-on--pointerleave=\"actions.cancelPreload\" data-wp-on-window--resize=\"callbacks.setButtonStyles\" src=\"https:\/\/loudavymkrokem.cz\/wp-content\/uploads\/2026\/08\/articles-bonigen-04.jpg\" alt=\"B\u00f6nigen och dess strandpromenad vid Brienzsj\u00f6n\" class=\"wp-image-404465\" title=\"\" srcset=\"https:\/\/loudavymkrokem.cz\/wp-content\/uploads\/2026\/08\/articles-bonigen-04.jpg 1800w, https:\/\/loudavymkrokem.cz\/wp-content\/uploads\/2026\/08\/articles-bonigen-04-300x225.jpg 300w, https:\/\/loudavymkrokem.cz\/wp-content\/uploads\/2026\/08\/articles-bonigen-04-700x525.jpg 700w, https:\/\/loudavymkrokem.cz\/wp-content\/uploads\/2026\/08\/articles-bonigen-04-768x576.jpg 768w, https:\/\/loudavymkrokem.cz\/wp-content\/uploads\/2026\/08\/articles-bonigen-04-1536x1152.jpg 1536w, https:\/\/loudavymkrokem.cz\/wp-content\/uploads\/2026\/08\/articles-bonigen-04-80x60.jpg 80w, https:\/\/loudavymkrokem.cz\/wp-content\/uploads\/2026\/08\/articles-bonigen-04-160x120.jpg 160w, https:\/\/loudavymkrokem.cz\/wp-content\/uploads\/2026\/08\/articles-bonigen-04-696x522.jpg 696w, https:\/\/loudavymkrokem.cz\/wp-content\/uploads\/2026\/08\/articles-bonigen-04-1392x1044.jpg 1392w\" sizes=\"(max-width: 1800px) 100vw, 1800px\" \/><button\n\t\t\tclass=\"lightbox-trigger\"\n\t\t\ttype=\"button\"\n\t\t\taria-haspopup=\"dialog\"\n\t\t\tdata-wp-bind--aria-label=\"state.thisImage.triggerButtonAriaLabel\"\n\t\t\tdata-wp-init=\"callbacks.initTriggerButton\"\n\t\t\tdata-wp-on--click=\"actions.showLightbox\"\n\t\t\tdata-wp-style--right=\"state.thisImage.buttonRight\"\n\t\t\tdata-wp-style--top=\"state.thisImage.buttonTop\"\n\t\t>\n\t\t\t<svg xmlns=\"http:\/\/www.w3.org\/2000\/svg\" width=\"12\" height=\"12\" fill=\"none\" viewBox=\"0 0 12 12\">\n\t\t\t\t<path fill=\"#fff\" d=\"M2 0a2 2 0 0 0-2 2v2h1.5V2a.5.5 0 0 1 .5-.5h2V0H2Zm2 10.5H2a.5.5 0 0 1-.5-.5V8H0v2a2 2 0 0 0 2 2h2v-1.5ZM8 12v-1.5h2a.5.5 0 0 0 .5-.5V8H12v2a2 2 0 0 1-2 2H8Zm2-12a2 2 0 0 1 2 2v2h-1.5V2a.5.5 0 0 0-.5-.5H8V0h2Z\" \/>\n\t\t\t<\/svg>\n\t\t<\/button><figcaption class=\"wp-element-caption\">Foto: Sven Huls \/ Pexels<\/figcaption><\/figure>\n\n\n\n<h2 class=\"wp-block-heading\"><span class=\"ez-toc-section\" id=\"Direkt_i_Bonigen_6_tips_pa_vad_du_ska_se_och_gora_vid_vattnet\"><\/span>Direkt i B\u00f6nigen: 6 tips p\u00e5 vad du ska se och g\u00f6ra vid vattnet<span class=\"ez-toc-section-end\"><\/span><\/h2>\n\n\n\n<p class=\"wp-block-paragraph\">Sj\u00e4lva byn \u00e4r den perfekta <strong>platsen f\u00f6r l\u00e5ngsamma dagar<\/strong>, n\u00e4r du inte k\u00e4nner f\u00f6r att kl\u00e4ttra upp i de h\u00f6ga bergen. H\u00e4r kan du bara strosa runt i de smala gr\u00e4nderna, beundra de gamla timmerm\u00e4starnas hantverksskicklighet eller tillbringa tiden direkt vid <strong>den turkosa sj\u00f6ns strand<\/strong>.<\/p>\n\n\n\n<p class=\"wp-block-paragraph\">H\u00e4r hittar du en perfekt mix av historia och vattenaktiviteter som syssels\u00e4tter dig i minst en hel helg. Allt ligger dessutom <strong>fint n\u00e4ra och inom g\u00e5ngavst\u00e5nd<\/strong>, s\u00e5 bilen kan du med gott samvete l\u00e4mna parkerad vid hotellet.<\/p>\n\n\n\n<p class=\"wp-block-paragraph\">\ud83d\udca1 Tips: De flesta upplevelser i omr\u00e5det (sj\u00f6kryssningar, kajakturer, jetb\u00e5tsturer och utflykter till Jungfraujoch) kan du boka i f\u00f6rv\u00e4g p\u00e5 <a href=\"https:\/\/www.getyourguide.com\/s\/?q=Interlaken%20Lake%20Brienz&amp;partner_id=MKZ64IS\" target=\"_blank\" rel=\"nofollow noopener sponsored\">GetYourGuide<\/a>. I h\u00f6gs\u00e4song fylls de popul\u00e4ra tiderna flera dagar i f\u00f6rv\u00e4g.<\/p>\n\n\n\n<figure data-wp-context=\"{&quot;imageId&quot;:&quot;6a95670048d43&quot;}\" data-wp-interactive=\"core\/image\" data-wp-key=\"6a95670048d43\" class=\"wp-block-image size-full wp-lightbox-container\"><img decoding=\"async\" width=\"1800\" height=\"1350\" data-wp-class--hide=\"state.isContentHidden\" data-wp-class--show=\"state.isContentVisible\" data-wp-init=\"callbacks.setButtonStyles\" data-wp-on--click=\"actions.showLightbox\" data-wp-on--load=\"callbacks.setButtonStyles\" data-wp-on--pointerdown=\"actions.preloadImage\" data-wp-on--pointerenter=\"actions.preloadImageWithDelay\" data-wp-on--pointerleave=\"actions.cancelPreload\" data-wp-on-window--resize=\"callbacks.setButtonStyles\" src=\"https:\/\/loudavymkrokem.cz\/wp-content\/uploads\/2026\/08\/articles-bonigen-05.jpg\" alt=\"Historiskt utsnidat tr\u00e4hus i B\u00f6nigen\" class=\"wp-image-404467\" title=\"\" srcset=\"https:\/\/loudavymkrokem.cz\/wp-content\/uploads\/2026\/08\/articles-bonigen-05.jpg 1800w, https:\/\/loudavymkrokem.cz\/wp-content\/uploads\/2026\/08\/articles-bonigen-05-300x225.jpg 300w, https:\/\/loudavymkrokem.cz\/wp-content\/uploads\/2026\/08\/articles-bonigen-05-700x525.jpg 700w, https:\/\/loudavymkrokem.cz\/wp-content\/uploads\/2026\/08\/articles-bonigen-05-768x576.jpg 768w, https:\/\/loudavymkrokem.cz\/wp-content\/uploads\/2026\/08\/articles-bonigen-05-1536x1152.jpg 1536w, https:\/\/loudavymkrokem.cz\/wp-content\/uploads\/2026\/08\/articles-bonigen-05-80x60.jpg 80w, https:\/\/loudavymkrokem.cz\/wp-content\/uploads\/2026\/08\/articles-bonigen-05-160x120.jpg 160w, https:\/\/loudavymkrokem.cz\/wp-content\/uploads\/2026\/08\/articles-bonigen-05-696x522.jpg 696w, https:\/\/loudavymkrokem.cz\/wp-content\/uploads\/2026\/08\/articles-bonigen-05-1392x1044.jpg 1392w\" sizes=\"(max-width: 1800px) 100vw, 1800px\" \/><button\n\t\t\tclass=\"lightbox-trigger\"\n\t\t\ttype=\"button\"\n\t\t\taria-haspopup=\"dialog\"\n\t\t\tdata-wp-bind--aria-label=\"state.thisImage.triggerButtonAriaLabel\"\n\t\t\tdata-wp-init=\"callbacks.initTriggerButton\"\n\t\t\tdata-wp-on--click=\"actions.showLightbox\"\n\t\t\tdata-wp-style--right=\"state.thisImage.buttonRight\"\n\t\t\tdata-wp-style--top=\"state.thisImage.buttonTop\"\n\t\t>\n\t\t\t<svg xmlns=\"http:\/\/www.w3.org\/2000\/svg\" width=\"12\" height=\"12\" fill=\"none\" viewBox=\"0 0 12 12\">\n\t\t\t\t<path fill=\"#fff\" d=\"M2 0a2 2 0 0 0-2 2v2h1.5V2a.5.5 0 0 1 .5-.5h2V0H2Zm2 10.5H2a.5.5 0 0 1-.5-.5V8H0v2a2 2 0 0 0 2 2h2v-1.5ZM8 12v-1.5h2a.5.5 0 0 0 .5-.5V8H12v2a2 2 0 0 1-2 2H8Zm2-12a2 2 0 0 1 2 2v2h-1.5V2a.5.5 0 0 0-.5-.5H8V0h2Z\" \/>\n\t\t\t<\/svg>\n\t\t<\/button><figcaption class=\"wp-element-caption\">Foto: Freek Wolsink \/ Pexels<\/figcaption><\/figure>\n\n\n\n<h3 class=\"wp-block-heading\"><span class=\"ez-toc-section\" id=\"1_Historiska_trahus_och_Hauserweg\"><\/span>1. Historiska tr\u00e4hus och H\u00e4userweg<span class=\"ez-toc-section-end\"><\/span><\/h3>\n\n\n\n<p class=\"wp-block-paragraph\">Byns k\u00e4rna utg\u00f6rs av en unik samling <strong>utsnidade tr\u00e4hus fr\u00e5n 1500- till 1800-talet<\/strong>. B\u00f6nigen hade en enorm tur genom historien att den aldrig drabbades av en stor f\u00f6r\u00f6dande brand. Tack vare det har en sammanh\u00e4ngande bebyggelse fr\u00e5n varje byggperiod sedan 1549 bevarats h\u00e4r, vilket \u00e4r en enorm s\u00e4llsynthet i Schweiz.<\/p>\n\n\n\n<p class=\"wp-block-paragraph\">P\u00e5 en promenad l\u00e4ngs kulturstigen <strong>Historischer H\u00e4userweg<\/strong> imponeras du av det detaljerade snickeriarbetet p\u00e5 fasaderna. Du ser komplicerade ornament, gamla inskriptioner och precist formade balkonger. Till leden finns en interaktiv SmartTrail-guide som du enkelt laddar ner till telefonen och som avsl\u00f6jar de enskilda familjernas historier.<\/p>\n\n\n\n<p class=\"wp-block-paragraph\">Den mest k\u00e4nda byggnaden \u00e4r det s\u00e5 kallade <strong>Housihuus fr\u00e5n 1757<\/strong>, som fungerade som byns f\u00f6rsta v\u00e4rdshus. Det har till och med en kunglig historia, eftersom kung Friedrich av W\u00fcrttemberg \u00f6vernattade h\u00e4r 1808. V\u00e4rt uppm\u00e4rksamhet \u00e4r \u00e4ven den gamla s\u00e4desboden Christi&#8217;s Spycher fr\u00e5n 1746, som visar hur man f\u00f6rr f\u00f6rvarade v\u00e4rdefulla matf\u00f6rr\u00e5d.<\/p>\n\n\n\n<p class=\"wp-block-paragraph\">\ud83d\udca1 Tips: Varje morgon kl. 9.15 h\u00e5lls <strong>guidade byvandringar<\/strong> utanf\u00f6r <a href=\"https:\/\/www.boenigen-iseltwald.ch\" target=\"_blank\" rel=\"nofollow noopener\">turistinformationen<\/a>. Det \u00e4r ett utm\u00e4rkt tillf\u00e4lle att f\u00e5 h\u00f6ra pikanta detaljer fr\u00e5n de lokala som du inte hittar i n\u00e5gon tryckt guidebok.<\/p>\n\n\n\n<figure data-wp-context=\"{&quot;imageId&quot;:&quot;6a956700494c3&quot;}\" data-wp-interactive=\"core\/image\" data-wp-key=\"6a956700494c3\" class=\"wp-block-image size-full wp-lightbox-container\"><img decoding=\"async\" width=\"1800\" height=\"1341\" data-wp-class--hide=\"state.isContentHidden\" data-wp-class--show=\"state.isContentVisible\" data-wp-init=\"callbacks.setButtonStyles\" data-wp-on--click=\"actions.showLightbox\" data-wp-on--load=\"callbacks.setButtonStyles\" data-wp-on--pointerdown=\"actions.preloadImage\" data-wp-on--pointerenter=\"actions.preloadImageWithDelay\" data-wp-on--pointerleave=\"actions.cancelPreload\" data-wp-on-window--resize=\"callbacks.setButtonStyles\" src=\"https:\/\/loudavymkrokem.cz\/wp-content\/uploads\/2026\/08\/articles-bonigen-06.jpg\" alt=\"Interi\u00f6r i ett traditionellt Oberland-hus\" class=\"wp-image-404469\" title=\"\" srcset=\"https:\/\/loudavymkrokem.cz\/wp-content\/uploads\/2026\/08\/articles-bonigen-06.jpg 1800w, https:\/\/loudavymkrokem.cz\/wp-content\/uploads\/2026\/08\/articles-bonigen-06-300x224.jpg 300w, https:\/\/loudavymkrokem.cz\/wp-content\/uploads\/2026\/08\/articles-bonigen-06-700x522.jpg 700w, https:\/\/loudavymkrokem.cz\/wp-content\/uploads\/2026\/08\/articles-bonigen-06-768x572.jpg 768w, https:\/\/loudavymkrokem.cz\/wp-content\/uploads\/2026\/08\/articles-bonigen-06-1536x1144.jpg 1536w, https:\/\/loudavymkrokem.cz\/wp-content\/uploads\/2026\/08\/articles-bonigen-06-80x60.jpg 80w, https:\/\/loudavymkrokem.cz\/wp-content\/uploads\/2026\/08\/articles-bonigen-06-160x120.jpg 160w, https:\/\/loudavymkrokem.cz\/wp-content\/uploads\/2026\/08\/articles-bonigen-06-696x519.jpg 696w, https:\/\/loudavymkrokem.cz\/wp-content\/uploads\/2026\/08\/articles-bonigen-06-1392x1037.jpg 1392w\" sizes=\"(max-width: 1800px) 100vw, 1800px\" \/><button\n\t\t\tclass=\"lightbox-trigger\"\n\t\t\ttype=\"button\"\n\t\t\taria-haspopup=\"dialog\"\n\t\t\tdata-wp-bind--aria-label=\"state.thisImage.triggerButtonAriaLabel\"\n\t\t\tdata-wp-init=\"callbacks.initTriggerButton\"\n\t\t\tdata-wp-on--click=\"actions.showLightbox\"\n\t\t\tdata-wp-style--right=\"state.thisImage.buttonRight\"\n\t\t\tdata-wp-style--top=\"state.thisImage.buttonTop\"\n\t\t>\n\t\t\t<svg xmlns=\"http:\/\/www.w3.org\/2000\/svg\" width=\"12\" height=\"12\" fill=\"none\" viewBox=\"0 0 12 12\">\n\t\t\t\t<path fill=\"#fff\" d=\"M2 0a2 2 0 0 0-2 2v2h1.5V2a.5.5 0 0 1 .5-.5h2V0H2Zm2 10.5H2a.5.5 0 0 1-.5-.5V8H0v2a2 2 0 0 0 2 2h2v-1.5ZM8 12v-1.5h2a.5.5 0 0 0 .5-.5V8H12v2a2 2 0 0 1-2 2H8Zm2-12a2 2 0 0 1 2 2v2h-1.5V2a.5.5 0 0 0-.5-.5H8V0h2Z\" \/>\n\t\t\t<\/svg>\n\t\t<\/button><figcaption class=\"wp-element-caption\">Foto: Abhishek  Navlakha \/ Pexels<\/figcaption><\/figure>\n\n\n\n<h3 class=\"wp-block-heading\"><span class=\"ez-toc-section\" id=\"2_Byns_museum_Dorfmuseum_%E2%80%9Dalte_Pinte%E2%80%9D\"><\/span>2. Byns museum Dorfmuseum &#8221;alte Pinte&#8221;<span class=\"ez-toc-section-end\"><\/span><\/h3>\n\n\n\n<p class=\"wp-block-paragraph\">Om du vill se hur man faktiskt levde i s\u00e5dana h\u00e4r tr\u00e4hus m\u00e5ste du bes\u00f6ka det lokala museet. Det ligger i ett vackert bevarat <strong>hus fr\u00e5n 1772<\/strong> och andas atmosf\u00e4r fr\u00e5n gamla tider, d\u00e5 livet i bergen var mycket h\u00e5rdare \u00e4n idag.<\/p>\n\n\n\n<p class=\"wp-block-paragraph\">Utst\u00e4llningen visar en typisk Oberland-bostad in i minsta detalj. Du hittar h\u00e4r <strong>historiska m\u00f6bler och f\u00f6rem\u00e5l fr\u00e5n \u00e5ren 1730 till 1920<\/strong>, fr\u00e5n gamla spinnrockar till handm\u00e5lade brudkistor. Det \u00e4r fascinerande att se hur m\u00e4sterligt de lokala hantverkarna kunde arbeta med tr\u00e4.<\/p>\n\n\n\n<p class=\"wp-block-paragraph\">Rundvandringen tar inte mer \u00e4n en timme, men den ger dig en enorm <strong>respekt f\u00f6r den lokala kulturen och traditionerna<\/strong>. Du f\u00e5r veta hur man f\u00f6rr eldade, hur man bearbetade mj\u00f6lken fr\u00e5n bergsbetena och hur en vanlig schweizisk familjs vardagsrutin s\u00e5g ut.<\/p>\n\n\n\n<p class=\"wp-block-paragraph\">\ud83d\udca1 Tips: <strong>Museets \u00f6ppettider<\/strong> brukar vara <strong>ganska begr\u00e4nsade utanf\u00f6r s\u00e4song<\/strong>, s\u00e5 kolla i f\u00f6rv\u00e4g p\u00e5 webben vilka dagar de har \u00f6ppet s\u00e5 att du inte st\u00e5r framf\u00f6r en l\u00e5st d\u00f6rr.<\/p>\n\n\n\n<figure data-wp-context=\"{&quot;imageId&quot;:&quot;6a95670049d68&quot;}\" data-wp-interactive=\"core\/image\" data-wp-key=\"6a95670049d68\" class=\"wp-block-image size-full wp-lightbox-container\"><img decoding=\"async\" width=\"1800\" height=\"1350\" data-wp-class--hide=\"state.isContentHidden\" data-wp-class--show=\"state.isContentVisible\" data-wp-init=\"callbacks.setButtonStyles\" data-wp-on--click=\"actions.showLightbox\" data-wp-on--load=\"callbacks.setButtonStyles\" data-wp-on--pointerdown=\"actions.preloadImage\" data-wp-on--pointerenter=\"actions.preloadImageWithDelay\" data-wp-on--pointerleave=\"actions.cancelPreload\" data-wp-on-window--resize=\"callbacks.setButtonStyles\" src=\"https:\/\/loudavymkrokem.cz\/wp-content\/uploads\/2026\/08\/articles-bonigen-07.jpg\" alt=\"B\u00f6nigen sett fr\u00e5n ett b\u00e5td\u00e4ck p\u00e5 Brienzsj\u00f6n\" class=\"wp-image-404470\" title=\"\" srcset=\"https:\/\/loudavymkrokem.cz\/wp-content\/uploads\/2026\/08\/articles-bonigen-07.jpg 1800w, https:\/\/loudavymkrokem.cz\/wp-content\/uploads\/2026\/08\/articles-bonigen-07-300x225.jpg 300w, https:\/\/loudavymkrokem.cz\/wp-content\/uploads\/2026\/08\/articles-bonigen-07-700x525.jpg 700w, https:\/\/loudavymkrokem.cz\/wp-content\/uploads\/2026\/08\/articles-bonigen-07-768x576.jpg 768w, https:\/\/loudavymkrokem.cz\/wp-content\/uploads\/2026\/08\/articles-bonigen-07-1536x1152.jpg 1536w, https:\/\/loudavymkrokem.cz\/wp-content\/uploads\/2026\/08\/articles-bonigen-07-80x60.jpg 80w, https:\/\/loudavymkrokem.cz\/wp-content\/uploads\/2026\/08\/articles-bonigen-07-160x120.jpg 160w, https:\/\/loudavymkrokem.cz\/wp-content\/uploads\/2026\/08\/articles-bonigen-07-696x522.jpg 696w, https:\/\/loudavymkrokem.cz\/wp-content\/uploads\/2026\/08\/articles-bonigen-07-1392x1044.jpg 1392w\" sizes=\"(max-width: 1800px) 100vw, 1800px\" \/><button\n\t\t\tclass=\"lightbox-trigger\"\n\t\t\ttype=\"button\"\n\t\t\taria-haspopup=\"dialog\"\n\t\t\tdata-wp-bind--aria-label=\"state.thisImage.triggerButtonAriaLabel\"\n\t\t\tdata-wp-init=\"callbacks.initTriggerButton\"\n\t\t\tdata-wp-on--click=\"actions.showLightbox\"\n\t\t\tdata-wp-style--right=\"state.thisImage.buttonRight\"\n\t\t\tdata-wp-style--top=\"state.thisImage.buttonTop\"\n\t\t>\n\t\t\t<svg xmlns=\"http:\/\/www.w3.org\/2000\/svg\" width=\"12\" height=\"12\" fill=\"none\" viewBox=\"0 0 12 12\">\n\t\t\t\t<path fill=\"#fff\" d=\"M2 0a2 2 0 0 0-2 2v2h1.5V2a.5.5 0 0 1 .5-.5h2V0H2Zm2 10.5H2a.5.5 0 0 1-.5-.5V8H0v2a2 2 0 0 0 2 2h2v-1.5ZM8 12v-1.5h2a.5.5 0 0 0 .5-.5V8H12v2a2 2 0 0 1-2 2H8Zm2-12a2 2 0 0 1 2 2v2h-1.5V2a.5.5 0 0 0-.5-.5H8V0h2Z\" \/>\n\t\t\t<\/svg>\n\t\t<\/button><figcaption class=\"wp-element-caption\">Foto: Andrew Bossi \/ Wikimedia Commons, CC BY-SA 2.5<\/figcaption><\/figure>\n\n\n\n<h3 class=\"wp-block-heading\"><span class=\"ez-toc-section\" id=\"3_Strandpromenaden_bryggan_och_Brienzersee_Lakewalk\"><\/span>3. Strandpromenaden, bryggan och Brienzersee Lakewalk<span class=\"ez-toc-section-end\"><\/span><\/h3>\n\n\n\n<p class=\"wp-block-paragraph\">Hela B\u00f6nigens hj\u00e4rta \u00e4r utan tvekan dess strandpromenad. Den lokala <strong>Brienzersee Lakewalk<\/strong> har ett fantastiskt betyg p\u00e5 Google, 4,8 av n\u00e4stan tusen recensioner, och det \u00e4r den f\u00f6rsta plats dit dina steg b\u00f6r leda efter ankomsten. Utsikten fr\u00e5n bryggan \u00f6ver de omgivande topparna och den turkosa vattenytan \u00e4r helt enkelt ikonisk.<\/p>\n\n\n\n<p class=\"wp-block-paragraph\">Hela promenaden \u00e4r utformad som en <strong>tillg\u00e4nglig v\u00e4g l\u00e4ngs sj\u00f6n och floden Aare<\/strong>. Den \u00e4r helt idealisk f\u00f6r familjer med barnvagn, rullstolsburna eller f\u00f6r en l\u00e5ngsam kv\u00e4llspromenad n\u00e4r f\u00f6tterna redan v\u00e4rker efter en heldagsvandring. Vattnet har en otrolig f\u00e4rg som orsakas av det s\u00e5 kallade glaci\u00e4rmj\u00f6let som spolats ner fr\u00e5n de omgivande massiven.<\/p>\n\n\n\n<p class=\"wp-block-paragraph\">Under sommars\u00e4songen fylls strandpromenaden av kultur. Precis vid huvudbryggan h\u00e5lls regelbundet <strong>traditionella folkloristiska konserter<\/strong>, d\u00e4r du kan h\u00f6ra alphorn spelas live och se lokalbefolkningen i sina vackra historiska folkdr\u00e4kter. Det \u00e4r en upplevelse som oskiljaktigt h\u00f6r till en vistelse i Berner Oberland.<\/p>\n\n\n\n<p class=\"wp-block-paragraph\">\ud83d\udca1 Tips: En kort bit fr\u00e5n promenaden ligger <strong>den lilla dammen Depotseeli<\/strong>, som intressant nog uppstod p\u00e5 konstgjord v\u00e4g under den historiska j\u00e4rnv\u00e4gsbyggnationen. Idag anv\u00e4nds den fr\u00e4mst av lokala fiskare, men det \u00e4r en fin och tyst plats f\u00f6r ett kort stopp.<\/p>\n\n\n\n<figure data-wp-context=\"{&quot;imageId&quot;:&quot;6a9567004a4e9&quot;}\" data-wp-interactive=\"core\/image\" data-wp-key=\"6a9567004a4e9\" class=\"wp-block-image size-full wp-lightbox-container\"><img decoding=\"async\" width=\"1800\" height=\"1199\" data-wp-class--hide=\"state.isContentHidden\" data-wp-class--show=\"state.isContentVisible\" data-wp-init=\"callbacks.setButtonStyles\" data-wp-on--click=\"actions.showLightbox\" data-wp-on--load=\"callbacks.setButtonStyles\" data-wp-on--pointerdown=\"actions.preloadImage\" data-wp-on--pointerenter=\"actions.preloadImageWithDelay\" data-wp-on--pointerleave=\"actions.cancelPreload\" data-wp-on-window--resize=\"callbacks.setButtonStyles\" src=\"https:\/\/loudavymkrokem.cz\/wp-content\/uploads\/2026\/08\/articles-bonigen-08.jpg\" alt=\"Strandbad vid sj\u00f6n med pool\" class=\"wp-image-404472\" title=\"\" srcset=\"https:\/\/loudavymkrokem.cz\/wp-content\/uploads\/2026\/08\/articles-bonigen-08.jpg 1800w, https:\/\/loudavymkrokem.cz\/wp-content\/uploads\/2026\/08\/articles-bonigen-08-300x200.jpg 300w, https:\/\/loudavymkrokem.cz\/wp-content\/uploads\/2026\/08\/articles-bonigen-08-700x466.jpg 700w, https:\/\/loudavymkrokem.cz\/wp-content\/uploads\/2026\/08\/articles-bonigen-08-768x512.jpg 768w, https:\/\/loudavymkrokem.cz\/wp-content\/uploads\/2026\/08\/articles-bonigen-08-1536x1023.jpg 1536w, https:\/\/loudavymkrokem.cz\/wp-content\/uploads\/2026\/08\/articles-bonigen-08-696x464.jpg 696w, https:\/\/loudavymkrokem.cz\/wp-content\/uploads\/2026\/08\/articles-bonigen-08-1392x927.jpg 1392w\" sizes=\"(max-width: 1800px) 100vw, 1800px\" \/><button\n\t\t\tclass=\"lightbox-trigger\"\n\t\t\ttype=\"button\"\n\t\t\taria-haspopup=\"dialog\"\n\t\t\tdata-wp-bind--aria-label=\"state.thisImage.triggerButtonAriaLabel\"\n\t\t\tdata-wp-init=\"callbacks.initTriggerButton\"\n\t\t\tdata-wp-on--click=\"actions.showLightbox\"\n\t\t\tdata-wp-style--right=\"state.thisImage.buttonRight\"\n\t\t\tdata-wp-style--top=\"state.thisImage.buttonTop\"\n\t\t>\n\t\t\t<svg xmlns=\"http:\/\/www.w3.org\/2000\/svg\" width=\"12\" height=\"12\" fill=\"none\" viewBox=\"0 0 12 12\">\n\t\t\t\t<path fill=\"#fff\" d=\"M2 0a2 2 0 0 0-2 2v2h1.5V2a.5.5 0 0 1 .5-.5h2V0H2Zm2 10.5H2a.5.5 0 0 1-.5-.5V8H0v2a2 2 0 0 0 2 2h2v-1.5ZM8 12v-1.5h2a.5.5 0 0 0 .5-.5V8H12v2a2 2 0 0 1-2 2H8Zm2-12a2 2 0 0 1 2 2v2h-1.5V2a.5.5 0 0 0-.5-.5H8V0h2Z\" \/>\n\t\t\t<\/svg>\n\t\t<\/button><figcaption class=\"wp-element-caption\">Foto: Jean-Paul Wettstein \/ Pexels<\/figcaption><\/figure>\n\n\n\n<h3 class=\"wp-block-heading\"><span class=\"ez-toc-section\" id=\"4_Stranden_och_badet_The_Beach\"><\/span>4. Stranden och badet The Beach<span class=\"ez-toc-section-end\"><\/span><\/h3>\n\n\n\n<p class=\"wp-block-paragraph\">\u00c4ven om sj\u00f6n \u00e4r kall har B\u00f6nigen en perfekt reservplan redo f\u00f6r vatten\u00e4lskarna. Det lokala badet The Beach (Strandbad B\u00f6nigen) h\u00e5ller \u00f6ppet ungef\u00e4r fr\u00e5n mitten av maj till mitten av september och intr\u00e4det f\u00f6r 2026 kostar <strong>v\u00e4ldigt behagliga 6 CHF f\u00f6r en vuxen<\/strong>.<\/p>\n\n\n\n<p class=\"wp-block-paragraph\">Anl\u00e4ggningen erbjuder f\u00f6rutom tillg\u00e5ng till sj\u00f6n \u00e4ven en <strong>uppv\u00e4rmd 25-metersbass\u00e4ng<\/strong>, vilket du uppskattar de dagar d\u00e5 du verkligen inte k\u00e4nner f\u00f6r glaci\u00e4rvattnet. F\u00f6r simmare finns ett avgr\u00e4nsat omr\u00e5de i sj\u00f6n och runt omkring breder en vidstr\u00e4ckt gr\u00e4smatta ut sig med stora tr\u00e4d som ger gott om naturlig skugga.<\/p>\n\n\n\n<p class=\"wp-block-paragraph\">Faciliteterna \u00e4r \u00f6ver genomsnittet med schweiziska m\u00e5tt. Du hittar omkl\u00e4dningsrum, rena toaletter, en bouleplan och en trevlig restaurang. Hela anl\u00e4ggningen \u00e4r dessutom <strong>fullt tillg\u00e4nglig med b\u00e5de barnvagn och rullstol<\/strong>, s\u00e5 h\u00e4r kan absolut alla sl\u00e5 sig ner bekv\u00e4mt. Fr\u00e5n kl. 17.00 g\u00e4ller ett rabatterat kv\u00e4llsintr\u00e4de.<\/p>\n\n\n\n<p class=\"wp-block-paragraph\">\ud83d\udca1 Tips: <strong>Aktuella \u00f6ppettider<\/strong>, som \u00e4ndras efter m\u00e5nad och v\u00e4der, hittar du alltid p\u00e5 den officiella webbplatsen <a href=\"https:\/\/www.strandbadboenigen.ch\" target=\"_blank\" rel=\"nofollow noopener\">The Beach<\/a>. Vid kraftigt regn brukar anl\u00e4ggningen vara <strong>st\u00e4ngd av s\u00e4kerhetssk\u00e4l<\/strong>.<\/p>\n\n\n\n<figure data-wp-context=\"{&quot;imageId&quot;:&quot;6a9567004acdd&quot;}\" data-wp-interactive=\"core\/image\" data-wp-key=\"6a9567004acdd\" class=\"wp-block-image size-full wp-lightbox-container\"><img decoding=\"async\" width=\"1800\" height=\"1011\" data-wp-class--hide=\"state.isContentHidden\" data-wp-class--show=\"state.isContentVisible\" data-wp-init=\"callbacks.setButtonStyles\" data-wp-on--click=\"actions.showLightbox\" data-wp-on--load=\"callbacks.setButtonStyles\" data-wp-on--pointerdown=\"actions.preloadImage\" data-wp-on--pointerenter=\"actions.preloadImageWithDelay\" data-wp-on--pointerleave=\"actions.cancelPreload\" data-wp-on-window--resize=\"callbacks.setButtonStyles\" src=\"https:\/\/loudavymkrokem.cz\/wp-content\/uploads\/2026\/08\/articles-bonigen-09.jpg\" alt=\"Kajak p\u00e5 en bergssj\u00f6\" class=\"wp-image-404475\" title=\"\" srcset=\"https:\/\/loudavymkrokem.cz\/wp-content\/uploads\/2026\/08\/articles-bonigen-09.jpg 1800w, https:\/\/loudavymkrokem.cz\/wp-content\/uploads\/2026\/08\/articles-bonigen-09-300x169.jpg 300w, https:\/\/loudavymkrokem.cz\/wp-content\/uploads\/2026\/08\/articles-bonigen-09-700x393.jpg 700w, https:\/\/loudavymkrokem.cz\/wp-content\/uploads\/2026\/08\/articles-bonigen-09-768x431.jpg 768w, https:\/\/loudavymkrokem.cz\/wp-content\/uploads\/2026\/08\/articles-bonigen-09-1536x863.jpg 1536w, https:\/\/loudavymkrokem.cz\/wp-content\/uploads\/2026\/08\/articles-bonigen-09-696x391.jpg 696w, https:\/\/loudavymkrokem.cz\/wp-content\/uploads\/2026\/08\/articles-bonigen-09-1392x782.jpg 1392w\" sizes=\"(max-width: 1800px) 100vw, 1800px\" \/><button\n\t\t\tclass=\"lightbox-trigger\"\n\t\t\ttype=\"button\"\n\t\t\taria-haspopup=\"dialog\"\n\t\t\tdata-wp-bind--aria-label=\"state.thisImage.triggerButtonAriaLabel\"\n\t\t\tdata-wp-init=\"callbacks.initTriggerButton\"\n\t\t\tdata-wp-on--click=\"actions.showLightbox\"\n\t\t\tdata-wp-style--right=\"state.thisImage.buttonRight\"\n\t\t\tdata-wp-style--top=\"state.thisImage.buttonTop\"\n\t\t>\n\t\t\t<svg xmlns=\"http:\/\/www.w3.org\/2000\/svg\" width=\"12\" height=\"12\" fill=\"none\" viewBox=\"0 0 12 12\">\n\t\t\t\t<path fill=\"#fff\" d=\"M2 0a2 2 0 0 0-2 2v2h1.5V2a.5.5 0 0 1 .5-.5h2V0H2Zm2 10.5H2a.5.5 0 0 1-.5-.5V8H0v2a2 2 0 0 0 2 2h2v-1.5ZM8 12v-1.5h2a.5.5 0 0 0 .5-.5V8H12v2a2 2 0 0 1-2 2H8Zm2-12a2 2 0 0 1 2 2v2h-1.5V2a.5.5 0 0 0-.5-.5H8V0h2Z\" \/>\n\t\t\t<\/svg>\n\t\t<\/button><figcaption class=\"wp-element-caption\">Foto: K \/ Pexels<\/figcaption><\/figure>\n\n\n\n<h3 class=\"wp-block-heading\"><span class=\"ez-toc-section\" id=\"5_Kajak_och_SUP_pa_sjon\"><\/span>5. Kajak och SUP p\u00e5 sj\u00f6n<span class=\"ez-toc-section-end\"><\/span><\/h3>\n\n\n\n<p class=\"wp-block-paragraph\">Det b\u00e4sta s\u00e4ttet att suga in Brienzsj\u00f6ns atmosf\u00e4r \u00e4r att ge sig ut direkt p\u00e5 dess yta. Precis vid stranden (mittemot bussh\u00e5llplatsen f\u00f6r linje 103) hittar du basen f\u00f6r <strong>Hightide Kayak School<\/strong>, som fr\u00e5n maj till oktober hyr ut f\u00f6rstklassig utrustning f\u00f6r vattensport.<\/p>\n\n\n\n<p class=\"wp-block-paragraph\">Priserna f\u00f6r 2026 \u00e4r rimligt satta. F\u00f6r en <strong>enmanskajak betalar du fr\u00e5n 30 CHF i timmen<\/strong>, en tv\u00e5mansvariant g\u00e5r p\u00e5 45 CHF. Om du v\u00e5gar dig p\u00e5 en l\u00e4ngre expedition kan du hyra en rej\u00e4l havskajak i hela sju timmar f\u00f6r 70 CHF och utforska de mer avl\u00e4gsna vikarna. Det finns givetvis \u00e4ven de popul\u00e4ra paddleboardsen (SUP).<\/p>\n\n\n\n<p class=\"wp-block-paragraph\">Om du inte har n\u00e5gon erfarenhet av paddling rekommenderar jag att du betalar f\u00f6r en <strong>organiserad kajaktur med instrukt\u00f6r<\/strong>. De visar dig de vackraste g\u00f6mda vikarna, l\u00e4r dig r\u00e4tt teknik och tar hand om din s\u00e4kerhet, eftersom v\u00e4dret p\u00e5 sj\u00f6n kan sl\u00e5 om ov\u00e4ntat snabbt i bergen.<\/p>\n\n\n\n<p class=\"wp-block-paragraph\">\ud83d\udca1 Tips: Bland paddlarna \u00e4r den absoluta favoriten <strong>rutten fr\u00e5n B\u00f6nigen l\u00e4ngs den s\u00f6dra stranden \u00e4nda till Giessbach-vattenfallen<\/strong>. Boka hellre utrustning i f\u00f6rv\u00e4g via webbplatsen <a href=\"https:\/\/www.hightide.ch\" target=\"_blank\" rel=\"nofollow noopener\">Hightide<\/a>, i juli och augusti \u00e4r det ofta sluts\u00e5lt.<\/p>\n\n\n\n<figure data-wp-context=\"{&quot;imageId&quot;:&quot;6a9567004b4d7&quot;}\" data-wp-interactive=\"core\/image\" data-wp-key=\"6a9567004b4d7\" class=\"wp-block-image size-full wp-lightbox-container\"><img decoding=\"async\" width=\"1800\" height=\"1200\" data-wp-class--hide=\"state.isContentHidden\" data-wp-class--show=\"state.isContentVisible\" data-wp-init=\"callbacks.setButtonStyles\" data-wp-on--click=\"actions.showLightbox\" data-wp-on--load=\"callbacks.setButtonStyles\" data-wp-on--pointerdown=\"actions.preloadImage\" data-wp-on--pointerenter=\"actions.preloadImageWithDelay\" data-wp-on--pointerleave=\"actions.cancelPreload\" data-wp-on-window--resize=\"callbacks.setButtonStyles\" src=\"https:\/\/loudavymkrokem.cz\/wp-content\/uploads\/2026\/08\/articles-bonigen-10.jpg\" alt=\"Den historiska hjul\u00e5ngaren L\u00f6tschberg\" class=\"wp-image-404478\" title=\"\" srcset=\"https:\/\/loudavymkrokem.cz\/wp-content\/uploads\/2026\/08\/articles-bonigen-10.jpg 1800w, https:\/\/loudavymkrokem.cz\/wp-content\/uploads\/2026\/08\/articles-bonigen-10-300x200.jpg 300w, https:\/\/loudavymkrokem.cz\/wp-content\/uploads\/2026\/08\/articles-bonigen-10-700x467.jpg 700w, https:\/\/loudavymkrokem.cz\/wp-content\/uploads\/2026\/08\/articles-bonigen-10-768x512.jpg 768w, https:\/\/loudavymkrokem.cz\/wp-content\/uploads\/2026\/08\/articles-bonigen-10-1536x1024.jpg 1536w, https:\/\/loudavymkrokem.cz\/wp-content\/uploads\/2026\/08\/articles-bonigen-10-696x464.jpg 696w, https:\/\/loudavymkrokem.cz\/wp-content\/uploads\/2026\/08\/articles-bonigen-10-1392x928.jpg 1392w\" sizes=\"(max-width: 1800px) 100vw, 1800px\" \/><button\n\t\t\tclass=\"lightbox-trigger\"\n\t\t\ttype=\"button\"\n\t\t\taria-haspopup=\"dialog\"\n\t\t\tdata-wp-bind--aria-label=\"state.thisImage.triggerButtonAriaLabel\"\n\t\t\tdata-wp-init=\"callbacks.initTriggerButton\"\n\t\t\tdata-wp-on--click=\"actions.showLightbox\"\n\t\t\tdata-wp-style--right=\"state.thisImage.buttonRight\"\n\t\t\tdata-wp-style--top=\"state.thisImage.buttonTop\"\n\t\t>\n\t\t\t<svg xmlns=\"http:\/\/www.w3.org\/2000\/svg\" width=\"12\" height=\"12\" fill=\"none\" viewBox=\"0 0 12 12\">\n\t\t\t\t<path fill=\"#fff\" d=\"M2 0a2 2 0 0 0-2 2v2h1.5V2a.5.5 0 0 1 .5-.5h2V0H2Zm2 10.5H2a.5.5 0 0 1-.5-.5V8H0v2a2 2 0 0 0 2 2h2v-1.5ZM8 12v-1.5h2a.5.5 0 0 0 .5-.5V8H12v2a2 2 0 0 1-2 2H8Zm2-12a2 2 0 0 1 2 2v2h-1.5V2a.5.5 0 0 0-.5-.5H8V0h2Z\" \/>\n\t\t\t<\/svg>\n\t\t<\/button><figcaption class=\"wp-element-caption\">Foto: Martin Abegglen from Bern, Switzerland \/ Wikimedia Commons, CC BY-SA 2.0<\/figcaption><\/figure>\n\n\n\n<h3 class=\"wp-block-heading\"><span class=\"ez-toc-section\" id=\"6_Kryssning_med_den_historiska_angaren_Lotschberg\"><\/span>6. Kryssning med den historiska \u00e5ngaren L\u00f6tschberg<span class=\"ez-toc-section-end\"><\/span><\/h3>\n\n\n\n<p class=\"wp-block-paragraph\">Om du f\u00f6redrar bekv\u00e4mlighet framf\u00f6r fysisk anstr\u00e4ngning m\u00e5ste du \u00e5ka b\u00e5t. P\u00e5 sj\u00f6n trafikerar bolaget BLS en flotta vars st\u00f6rsta stolthet \u00e4r <strong>hjul\u00e5ngaren DS L\u00f6tschberg fr\u00e5n 1914<\/strong>. En kryssning p\u00e5 detta underbart restaurerade fartyg f\u00f6rflyttar dig omedelbart till den bekymmersfria Belle \u00c9poque.<\/p>\n\n\n\n<p class=\"wp-block-paragraph\">Flottan korsar sj\u00f6n fr\u00e5n b\u00f6rjan av april till b\u00f6rjan av december 2026. Den vanliga rutten g\u00e5r fr\u00e5n Interlaken via B\u00f6nigen, Iseltwald och Giessbach \u00e4nda till staden Brienz. <strong>En grundbiljett g\u00e5r p\u00e5 39 CHF<\/strong>, men om du har ett Berner Oberland Pass eller Swiss Travel Pass \u00e5ker du helt gratis. Barn mellan 6 och 15 \u00e5r reser till halva priset.<\/p>\n\n\n\n<p class=\"wp-block-paragraph\">F\u00f6rutom de vanliga dagsturerna anordnas i juli och augusti \u00e4ven <strong>speciella kv\u00e4llskryssningar p\u00e5 l\u00f6rdagar<\/strong>. Att se solnedg\u00e5ngen fr\u00e5n d\u00e4cket p\u00e5 en historisk \u00e5ngare, medan dramatiska bergssluttningar drar f\u00f6rbi runt omkring dig \u2014 det \u00e4r den mest romantiska upplevelse du kan unna dig h\u00e4r.<\/p>\n\n\n\n<p class=\"wp-block-paragraph\">\ud83d\udca1 Tips: <strong>Tidtabeller och biljettk\u00f6p<\/strong> l\u00f6ser du i f\u00f6rv\u00e4g p\u00e5 portalen <a href=\"https:\/\/www.bls-schiff.ch\" target=\"_blank\" rel=\"nofollow noopener\">BLS b\u00e5tar<\/a>. Jag rekommenderar att du <strong>g\u00e5r ombord redan i Interlaken<\/strong>, s\u00e5 att du s\u00e4kert f\u00e5r de b\u00e4sta platserna p\u00e5 \u00f6vre d\u00e4ck innan b\u00e5ten n\u00e5r B\u00f6nigen.<\/p>\n\n\n\n<figure data-wp-context=\"{&quot;imageId&quot;:&quot;6a9567004bd48&quot;}\" data-wp-interactive=\"core\/image\" data-wp-key=\"6a9567004bd48\" class=\"wp-block-image size-full wp-lightbox-container\"><img decoding=\"async\" width=\"1800\" height=\"1013\" data-wp-class--hide=\"state.isContentHidden\" data-wp-class--show=\"state.isContentVisible\" data-wp-init=\"callbacks.setButtonStyles\" data-wp-on--click=\"actions.showLightbox\" data-wp-on--load=\"callbacks.setButtonStyles\" data-wp-on--pointerdown=\"actions.preloadImage\" data-wp-on--pointerenter=\"actions.preloadImageWithDelay\" data-wp-on--pointerleave=\"actions.cancelPreload\" data-wp-on-window--resize=\"callbacks.setButtonStyles\" src=\"https:\/\/loudavymkrokem.cz\/wp-content\/uploads\/2026\/08\/articles-bonigen-11.jpg\" alt=\"Markerad vandringsled ovanf\u00f6r sj\u00f6n\" class=\"wp-image-404479\" title=\"\" srcset=\"https:\/\/loudavymkrokem.cz\/wp-content\/uploads\/2026\/08\/articles-bonigen-11.jpg 1800w, https:\/\/loudavymkrokem.cz\/wp-content\/uploads\/2026\/08\/articles-bonigen-11-300x169.jpg 300w, https:\/\/loudavymkrokem.cz\/wp-content\/uploads\/2026\/08\/articles-bonigen-11-700x394.jpg 700w, https:\/\/loudavymkrokem.cz\/wp-content\/uploads\/2026\/08\/articles-bonigen-11-768x432.jpg 768w, https:\/\/loudavymkrokem.cz\/wp-content\/uploads\/2026\/08\/articles-bonigen-11-1536x864.jpg 1536w, https:\/\/loudavymkrokem.cz\/wp-content\/uploads\/2026\/08\/articles-bonigen-11-696x392.jpg 696w, https:\/\/loudavymkrokem.cz\/wp-content\/uploads\/2026\/08\/articles-bonigen-11-1392x783.jpg 1392w\" sizes=\"(max-width: 1800px) 100vw, 1800px\" \/><button\n\t\t\tclass=\"lightbox-trigger\"\n\t\t\ttype=\"button\"\n\t\t\taria-haspopup=\"dialog\"\n\t\t\tdata-wp-bind--aria-label=\"state.thisImage.triggerButtonAriaLabel\"\n\t\t\tdata-wp-init=\"callbacks.initTriggerButton\"\n\t\t\tdata-wp-on--click=\"actions.showLightbox\"\n\t\t\tdata-wp-style--right=\"state.thisImage.buttonRight\"\n\t\t\tdata-wp-style--top=\"state.thisImage.buttonTop\"\n\t\t>\n\t\t\t<svg xmlns=\"http:\/\/www.w3.org\/2000\/svg\" width=\"12\" height=\"12\" fill=\"none\" viewBox=\"0 0 12 12\">\n\t\t\t\t<path fill=\"#fff\" d=\"M2 0a2 2 0 0 0-2 2v2h1.5V2a.5.5 0 0 1 .5-.5h2V0H2Zm2 10.5H2a.5.5 0 0 1-.5-.5V8H0v2a2 2 0 0 0 2 2h2v-1.5ZM8 12v-1.5h2a.5.5 0 0 0 .5-.5V8H12v2a2 2 0 0 1-2 2H8Zm2-12a2 2 0 0 1 2 2v2h-1.5V2a.5.5 0 0 0-.5-.5H8V0h2Z\" \/>\n\t\t\t<\/svg>\n\t\t<\/button><figcaption class=\"wp-element-caption\">Foto: Tina P. \/ Pexels<\/figcaption><\/figure>\n\n\n\n<h2 class=\"wp-block-heading\"><span class=\"ez-toc-section\" id=\"Vandring_fran_Bonigen_6_leder_som_ar_varda_modan\"><\/span>Vandring fr\u00e5n B\u00f6nigen: 6 leder som \u00e4r v\u00e4rda m\u00f6dan<span class=\"ez-toc-section-end\"><\/span><\/h2>\n\n\n\n<p class=\"wp-block-paragraph\">Om du h\u00f6r till dem som g\u00e4rna vandrar iv\u00e4g direkt fr\u00e5n hotellet utan att beh\u00f6va ta sig n\u00e5gonstans f\u00f6rst, d\u00e5 \u00e4r B\u00f6nigen din plats. Tiotals kilometer <strong>perfekt markerade stigar<\/strong> b\u00f6rjar direkt utanf\u00f6r d\u00f6rren. Regionen erbjuder allt fr\u00e5n l\u00e4tta strandpromenader till <strong>heldagsvandringar med brutal h\u00f6jdskillnad<\/strong>.<\/p>\n\n\n\n<p class=\"wp-block-paragraph\">Den schweiziska ledmarkeringen \u00e4r precis, men gl\u00f6m inte att du \u00e4r i Alperna. Ha alltid med dig <strong>tillr\u00e4ckligt med vatten<\/strong>, en bra karta i telefonen (till exempel appen Komoot eller Google Maps) och <strong>ordentliga skor<\/strong>. V\u00e4dret h\u00e4r kan visa sin r\u00e5are sida v\u00e4ldigt ov\u00e4ntat.<\/p>\n\n\n\n<figure data-wp-context=\"{&quot;imageId&quot;:&quot;6a9567004c659&quot;}\" data-wp-interactive=\"core\/image\" data-wp-key=\"6a9567004c659\" class=\"wp-block-image size-full wp-lightbox-container\"><img decoding=\"async\" width=\"1800\" height=\"1200\" data-wp-class--hide=\"state.isContentHidden\" data-wp-class--show=\"state.isContentVisible\" data-wp-init=\"callbacks.setButtonStyles\" data-wp-on--click=\"actions.showLightbox\" data-wp-on--load=\"callbacks.setButtonStyles\" data-wp-on--pointerdown=\"actions.preloadImage\" data-wp-on--pointerenter=\"actions.preloadImageWithDelay\" data-wp-on--pointerleave=\"actions.cancelPreload\" data-wp-on-window--resize=\"callbacks.setButtonStyles\" src=\"https:\/\/loudavymkrokem.cz\/wp-content\/uploads\/2026\/08\/articles-bonigen-12.jpg\" alt=\"Vattenfall som faller mot Brienzsj\u00f6n\" class=\"wp-image-404480\" title=\"\" srcset=\"https:\/\/loudavymkrokem.cz\/wp-content\/uploads\/2026\/08\/articles-bonigen-12.jpg 1800w, https:\/\/loudavymkrokem.cz\/wp-content\/uploads\/2026\/08\/articles-bonigen-12-300x200.jpg 300w, https:\/\/loudavymkrokem.cz\/wp-content\/uploads\/2026\/08\/articles-bonigen-12-700x467.jpg 700w, https:\/\/loudavymkrokem.cz\/wp-content\/uploads\/2026\/08\/articles-bonigen-12-768x512.jpg 768w, https:\/\/loudavymkrokem.cz\/wp-content\/uploads\/2026\/08\/articles-bonigen-12-1536x1024.jpg 1536w, https:\/\/loudavymkrokem.cz\/wp-content\/uploads\/2026\/08\/articles-bonigen-12-696x464.jpg 696w, https:\/\/loudavymkrokem.cz\/wp-content\/uploads\/2026\/08\/articles-bonigen-12-1392x928.jpg 1392w\" sizes=\"(max-width: 1800px) 100vw, 1800px\" \/><button\n\t\t\tclass=\"lightbox-trigger\"\n\t\t\ttype=\"button\"\n\t\t\taria-haspopup=\"dialog\"\n\t\t\tdata-wp-bind--aria-label=\"state.thisImage.triggerButtonAriaLabel\"\n\t\t\tdata-wp-init=\"callbacks.initTriggerButton\"\n\t\t\tdata-wp-on--click=\"actions.showLightbox\"\n\t\t\tdata-wp-style--right=\"state.thisImage.buttonRight\"\n\t\t\tdata-wp-style--top=\"state.thisImage.buttonTop\"\n\t\t>\n\t\t\t<svg xmlns=\"http:\/\/www.w3.org\/2000\/svg\" width=\"12\" height=\"12\" fill=\"none\" viewBox=\"0 0 12 12\">\n\t\t\t\t<path fill=\"#fff\" d=\"M2 0a2 2 0 0 0-2 2v2h1.5V2a.5.5 0 0 1 .5-.5h2V0H2Zm2 10.5H2a.5.5 0 0 1-.5-.5V8H0v2a2 2 0 0 0 2 2h2v-1.5ZM8 12v-1.5h2a.5.5 0 0 0 .5-.5V8H12v2a2 2 0 0 1-2 2H8Zm2-12a2 2 0 0 1 2 2v2h-1.5V2a.5.5 0 0 0-.5-.5H8V0h2Z\" \/>\n\t\t\t<\/svg>\n\t\t<\/button><figcaption class=\"wp-element-caption\">Foto: Tommes Frites \/ Pexels<\/figcaption><\/figure>\n\n\n\n<h3 class=\"wp-block-heading\"><span class=\"ez-toc-section\" id=\"7_De_tre_vattenfallens_vag_i_etapper\"><\/span>7. De tre vattenfallens v\u00e4g i etapper<span class=\"ez-toc-section-end\"><\/span><\/h3>\n\n\n\n<p class=\"wp-block-paragraph\">Det h\u00e4r \u00e4r helt klart <strong>hela omr\u00e5dets mest ber\u00f6mda led<\/strong>, som g\u00e5r direkt l\u00e4ngs Brienzsj\u00f6ns strand fr\u00e5n B\u00f6nigen via Iseltwald \u00e4nda till Brienz. P\u00e5 v\u00e4gen v\u00e4ntar <strong>tre h\u00e4nf\u00f6rande vattenfall<\/strong>: Erschwandenbachfall, M\u00fclibachfall och till sist de mest k\u00e4nda Giessbachf\u00e4lle.<\/p>\n\n\n\n<p class=\"wp-block-paragraph\">Ledens data inger respekt. Den m\u00e4ter <strong>18,2 kilometer med en h\u00f6jdskillnad p\u00e5 466 meter<\/strong> och tar dig cirka 5 timmar och 15 minuter ren g\u00e5ngtid. Stigen b\u00f6ljar upp och ner l\u00e4ngs stranden mellan 565 och 775 meter och bjuder p\u00e5 fantastiska glimtar av den turkosa vattenytan genom t\u00e4ta skogar.<\/p>\n\n\n\n<p class=\"wp-block-paragraph\">Det geniala med den h\u00e4r v\u00e4gen \u00e4r att den <strong>enkelt kan delas upp i mindre etapper<\/strong>: fr\u00e5n B\u00f6nigen till Iseltwald 1 timme 50 minuter, till vattenfallet M\u00fclibach ytterligare 35 minuter, d\u00e4rifr\u00e5n till Giessbach knappt 2 timmar och till Brienz den sista timmen och 20 minuterna. Det b\u00e4sta knepet \u00e4r att g\u00e5 till fots fram till det f\u00f6rsta eller andra vattenfallet och sedan hoppa p\u00e5 b\u00e5ten eller bussen tillbaka.<\/p>\n\n\n\n<p class=\"wp-block-paragraph\">\ud83d\udca1 Tips: Om du letar efter en perfekt halvdagsutflykt, testa <strong>den f\u00f6rsta etappen fr\u00e5n bryggan i B\u00f6nigen till vattenfallet Erschwandenbach och vidare till Iseltwald<\/strong>. Var dock uppm\u00e4rksam efter Iseltwald: <strong>markeringen mot &#8221;Isch&#8221; saknas h\u00e4r<\/strong> och det \u00e4r l\u00e4tt att missa de sista tv\u00e5 vattenfallen.<\/p>\n\n\n\n<figure data-wp-context=\"{&quot;imageId&quot;:&quot;6a9567004ce09&quot;}\" data-wp-interactive=\"core\/image\" data-wp-key=\"6a9567004ce09\" class=\"wp-block-image size-full wp-lightbox-container\"><img decoding=\"async\" width=\"1800\" height=\"1350\" data-wp-class--hide=\"state.isContentHidden\" data-wp-class--show=\"state.isContentVisible\" data-wp-init=\"callbacks.setButtonStyles\" data-wp-on--click=\"actions.showLightbox\" data-wp-on--load=\"callbacks.setButtonStyles\" data-wp-on--pointerdown=\"actions.preloadImage\" data-wp-on--pointerenter=\"actions.preloadImageWithDelay\" data-wp-on--pointerleave=\"actions.cancelPreload\" data-wp-on-window--resize=\"callbacks.setButtonStyles\" src=\"https:\/\/loudavymkrokem.cz\/wp-content\/uploads\/2026\/08\/articles-bonigen-13.jpg\" alt=\"Utsikt \u00f6ver B\u00f6nigen och sj\u00f6n fr\u00e5n de omgivande kullarna\" class=\"wp-image-404482\" title=\"\" srcset=\"https:\/\/loudavymkrokem.cz\/wp-content\/uploads\/2026\/08\/articles-bonigen-13.jpg 1800w, https:\/\/loudavymkrokem.cz\/wp-content\/uploads\/2026\/08\/articles-bonigen-13-300x225.jpg 300w, https:\/\/loudavymkrokem.cz\/wp-content\/uploads\/2026\/08\/articles-bonigen-13-700x525.jpg 700w, https:\/\/loudavymkrokem.cz\/wp-content\/uploads\/2026\/08\/articles-bonigen-13-768x576.jpg 768w, https:\/\/loudavymkrokem.cz\/wp-content\/uploads\/2026\/08\/articles-bonigen-13-1536x1152.jpg 1536w, https:\/\/loudavymkrokem.cz\/wp-content\/uploads\/2026\/08\/articles-bonigen-13-80x60.jpg 80w, https:\/\/loudavymkrokem.cz\/wp-content\/uploads\/2026\/08\/articles-bonigen-13-160x120.jpg 160w, https:\/\/loudavymkrokem.cz\/wp-content\/uploads\/2026\/08\/articles-bonigen-13-696x522.jpg 696w, https:\/\/loudavymkrokem.cz\/wp-content\/uploads\/2026\/08\/articles-bonigen-13-1392x1044.jpg 1392w\" sizes=\"(max-width: 1800px) 100vw, 1800px\" \/><button\n\t\t\tclass=\"lightbox-trigger\"\n\t\t\ttype=\"button\"\n\t\t\taria-haspopup=\"dialog\"\n\t\t\tdata-wp-bind--aria-label=\"state.thisImage.triggerButtonAriaLabel\"\n\t\t\tdata-wp-init=\"callbacks.initTriggerButton\"\n\t\t\tdata-wp-on--click=\"actions.showLightbox\"\n\t\t\tdata-wp-style--right=\"state.thisImage.buttonRight\"\n\t\t\tdata-wp-style--top=\"state.thisImage.buttonTop\"\n\t\t>\n\t\t\t<svg xmlns=\"http:\/\/www.w3.org\/2000\/svg\" width=\"12\" height=\"12\" fill=\"none\" viewBox=\"0 0 12 12\">\n\t\t\t\t<path fill=\"#fff\" d=\"M2 0a2 2 0 0 0-2 2v2h1.5V2a.5.5 0 0 1 .5-.5h2V0H2Zm2 10.5H2a.5.5 0 0 1-.5-.5V8H0v2a2 2 0 0 0 2 2h2v-1.5ZM8 12v-1.5h2a.5.5 0 0 0 .5-.5V8H12v2a2 2 0 0 1-2 2H8Zm2-12a2 2 0 0 1 2 2v2h-1.5V2a.5.5 0 0 0-.5-.5H8V0h2Z\" \/>\n\t\t\t<\/svg>\n\t\t<\/button><figcaption class=\"wp-element-caption\">Foto: Diacius \/ Wikimedia Commons, CC BY 4.0<\/figcaption><\/figure>\n\n\n\n<h3 class=\"wp-block-heading\"><span class=\"ez-toc-section\" id=\"8_Rundslingan_till_Sytiberg_55_km_aven_med_terrangvagn\"><\/span>8. Rundslingan till Sytiberg: 5,5 km \u00e4ven med terr\u00e4ngvagn<span class=\"ez-toc-section-end\"><\/span><\/h3>\n\n\n\n<p class=\"wp-block-paragraph\">N\u00e4r du vill komma bort fr\u00e5n vattnet h\u00f6gre upp i kullarna och inte k\u00e4nner f\u00f6r att resa l\u00e5ngt, testa den h\u00e4r <strong>lokala rundslingan (Rundwanderung Sytiberg)<\/strong>. Den startar <strong>direkt vid turistbyr\u00e5n<\/strong> och tar dig genom den \u00f6vre delen av byn, d\u00e4r du p\u00e5 k\u00f6pet f\u00e5r se fler historiska hus.<\/p>\n\n\n\n<p class=\"wp-block-paragraph\">Enligt regionens officiella data m\u00e4ter slingan <strong>5,5 kilometer, tar en och en halv timme och stiger 146 meter<\/strong>. Den h\u00f6gsta punkten ligger p\u00e5 712 meter, s\u00e5 det handlar inte om n\u00e5gon h\u00f6galpin terr\u00e4ng. V\u00e4gen tar dig genom t\u00e4t skog och \u00f6ver fotogeniska bergs\u00e4ngar.<\/p>\n\n\n\n<p class=\"wp-block-paragraph\">P\u00e5 v\u00e4gen passerar du <strong>grillplatsen Oberallmi med utsikt<\/strong> och g\u00e5r \u00f6ver den t\u00e4ckta tr\u00e4bron Aenderbergbr\u00fcgg, en av de mest fotogeniska platserna i omgivningen. Tillbaka g\u00e5r du l\u00e4ngs floden L\u00fctschine. Det \u00e4r en <strong>perfekt led f\u00f6r en f\u00f6rmiddag<\/strong>, n\u00e4r du inte vill tillbringa hela dagen p\u00e5 benen.<\/p>\n\n\n\n<p class=\"wp-block-paragraph\">\ud83d\udca1 Tips: Det h\u00e4r \u00e4r <strong>den enda leden i B\u00f6nigen som officiellt \u00e4r m\u00e4rkt som farbar med terr\u00e4ngvagn<\/strong>, s\u00e5 det \u00e4r ett sj\u00e4lvklart val n\u00e4r du har med dig de allra minsta barnen. Underlaget i skogen brukar vara halt efter regn, s\u00e5 ta hellre p\u00e5 dig k\u00e4ngor med ordentlig sula.<\/p>\n\n\n\n<figure data-wp-context=\"{&quot;imageId&quot;:&quot;6a9567004d333&quot;}\" data-wp-interactive=\"core\/image\" data-wp-key=\"6a9567004d333\" class=\"wp-block-image size-full wp-lightbox-container\"><img decoding=\"async\" width=\"1800\" height=\"1013\" data-wp-class--hide=\"state.isContentHidden\" data-wp-class--show=\"state.isContentVisible\" data-wp-init=\"callbacks.setButtonStyles\" data-wp-on--click=\"actions.showLightbox\" data-wp-on--load=\"callbacks.setButtonStyles\" data-wp-on--pointerdown=\"actions.preloadImage\" data-wp-on--pointerenter=\"actions.preloadImageWithDelay\" data-wp-on--pointerleave=\"actions.cancelPreload\" data-wp-on-window--resize=\"callbacks.setButtonStyles\" src=\"https:\/\/loudavymkrokem.cz\/wp-content\/uploads\/2026\/08\/articles-bonigen-14.jpg\" alt=\"Panoramautsikt fr\u00e5n toppen ovanf\u00f6r sj\u00f6n\" class=\"wp-image-404484\" title=\"\" srcset=\"https:\/\/loudavymkrokem.cz\/wp-content\/uploads\/2026\/08\/articles-bonigen-14.jpg 1800w, https:\/\/loudavymkrokem.cz\/wp-content\/uploads\/2026\/08\/articles-bonigen-14-300x169.jpg 300w, https:\/\/loudavymkrokem.cz\/wp-content\/uploads\/2026\/08\/articles-bonigen-14-700x394.jpg 700w, https:\/\/loudavymkrokem.cz\/wp-content\/uploads\/2026\/08\/articles-bonigen-14-768x432.jpg 768w, https:\/\/loudavymkrokem.cz\/wp-content\/uploads\/2026\/08\/articles-bonigen-14-1536x864.jpg 1536w, https:\/\/loudavymkrokem.cz\/wp-content\/uploads\/2026\/08\/articles-bonigen-14-696x392.jpg 696w, https:\/\/loudavymkrokem.cz\/wp-content\/uploads\/2026\/08\/articles-bonigen-14-1392x783.jpg 1392w\" sizes=\"(max-width: 1800px) 100vw, 1800px\" \/><button\n\t\t\tclass=\"lightbox-trigger\"\n\t\t\ttype=\"button\"\n\t\t\taria-haspopup=\"dialog\"\n\t\t\tdata-wp-bind--aria-label=\"state.thisImage.triggerButtonAriaLabel\"\n\t\t\tdata-wp-init=\"callbacks.initTriggerButton\"\n\t\t\tdata-wp-on--click=\"actions.showLightbox\"\n\t\t\tdata-wp-style--right=\"state.thisImage.buttonRight\"\n\t\t\tdata-wp-style--top=\"state.thisImage.buttonTop\"\n\t\t>\n\t\t\t<svg xmlns=\"http:\/\/www.w3.org\/2000\/svg\" width=\"12\" height=\"12\" fill=\"none\" viewBox=\"0 0 12 12\">\n\t\t\t\t<path fill=\"#fff\" d=\"M2 0a2 2 0 0 0-2 2v2h1.5V2a.5.5 0 0 1 .5-.5h2V0H2Zm2 10.5H2a.5.5 0 0 1-.5-.5V8H0v2a2 2 0 0 0 2 2h2v-1.5ZM8 12v-1.5h2a.5.5 0 0 0 .5-.5V8H12v2a2 2 0 0 1-2 2H8Zm2-12a2 2 0 0 1 2 2v2h-1.5V2a.5.5 0 0 0-.5-.5H8V0h2Z\" \/>\n\t\t\t<\/svg>\n\t\t<\/button><figcaption class=\"wp-element-caption\">Foto: Sam Teano \/ Pexels<\/figcaption><\/figure>\n\n\n\n<h3 class=\"wp-block-heading\"><span class=\"ez-toc-section\" id=\"9_Rundslingan_Haslerenegg_854_m_med_toppbok\"><\/span>9. Rundslingan Haslerenegg (854 m) med toppbok<span class=\"ez-toc-section-end\"><\/span><\/h3>\n\n\n\n<p class=\"wp-block-paragraph\">En annan fin rundslinga b\u00f6rjar \u00e5terigen vid turistbyr\u00e5n och g\u00e5r genom byarna Ried och Stockeren \u00e4nda till den mystiska skogen Bannwald. M\u00e5let \u00e4r <strong>den skogskl\u00e4dda \u00e5sen Haslerenegg p\u00e5 854 meters h\u00f6jd<\/strong>. Leden m\u00e4ter <strong>6 kilometer, stiger 287 meter och tar dig tv\u00e5 timmar<\/strong>.<\/p>\n\n\n\n<p class=\"wp-block-paragraph\">Kullen d\u00f6ljer ocks\u00e5 en bit h\u00e5rd historia. P\u00e5 <strong>1330-talet<\/strong> drabbade bergsb\u00f6nderna fr\u00e5n Hasli samman med herrarna av Weissenburg-Unspunnens arm\u00e9 och f\u00f6rlorade striden. De stupades gravar pekas \u00e4n idag ut av ortnamnet &#8221;in den Grebinen&#8221;, och 1924 hittades ett spjut av j\u00e4rn h\u00e4r. Idag r\u00e5der lugn och p\u00e5 \u00e5sen hittar du en <strong>toppbok<\/strong> som du kan skriva ditt namn i.<\/p>\n\n\n\n<p class=\"wp-block-paragraph\">V\u00e4gen tillbaka tar dig via Sytiberg och f\u00f6rbi grillplatsen Oberallmi tillbaka ner till sj\u00f6n. Leden kombinerar <strong>skuggiga skogsstigar<\/strong> med soliga partier och det \u00e4r en av de d\u00e4r v\u00e4garna d\u00e4r du <strong>i st\u00e4llet f\u00f6r turistmassor<\/strong> bara m\u00f6ter lokalbor p\u00e5 s\u00f6ndagens promenad med hunden.<\/p>\n\n\n\n<p class=\"wp-block-paragraph\">\ud83d\udca1 Tips: Ta med en egen penna s\u00e5 att du kan l\u00e4mna en h\u00e4lsning p\u00e5 svenska i toppboken. Och ta <strong>den officiella varningen om att inte g\u00e5 hit i regn eller vid frusen mark<\/strong> p\u00e5 allvar \u2014 uppstigningen till \u00e5sen \u00e4r brant och en fj\u00e4rdedel av leden g\u00e5r l\u00e4ngs en smal stig.<\/p>\n\n\n\n<figure data-wp-context=\"{&quot;imageId&quot;:&quot;6a9567004d928&quot;}\" data-wp-interactive=\"core\/image\" data-wp-key=\"6a9567004d928\" class=\"wp-block-image size-full wp-lightbox-container\"><img decoding=\"async\" width=\"1800\" height=\"1200\" data-wp-class--hide=\"state.isContentHidden\" data-wp-class--show=\"state.isContentVisible\" data-wp-init=\"callbacks.setButtonStyles\" data-wp-on--click=\"actions.showLightbox\" data-wp-on--load=\"callbacks.setButtonStyles\" data-wp-on--pointerdown=\"actions.preloadImage\" data-wp-on--pointerenter=\"actions.preloadImageWithDelay\" data-wp-on--pointerleave=\"actions.cancelPreload\" data-wp-on-window--resize=\"callbacks.setButtonStyles\" src=\"https:\/\/loudavymkrokem.cz\/wp-content\/uploads\/2026\/08\/articles-bonigen-15.jpg\" alt=\"Vattenfall g\u00f6mt i skogen ovanf\u00f6r B\u00f6nigen\" class=\"wp-image-404489\" title=\"\" srcset=\"https:\/\/loudavymkrokem.cz\/wp-content\/uploads\/2026\/08\/articles-bonigen-15.jpg 1800w, https:\/\/loudavymkrokem.cz\/wp-content\/uploads\/2026\/08\/articles-bonigen-15-300x200.jpg 300w, https:\/\/loudavymkrokem.cz\/wp-content\/uploads\/2026\/08\/articles-bonigen-15-700x467.jpg 700w, https:\/\/loudavymkrokem.cz\/wp-content\/uploads\/2026\/08\/articles-bonigen-15-768x512.jpg 768w, https:\/\/loudavymkrokem.cz\/wp-content\/uploads\/2026\/08\/articles-bonigen-15-1536x1024.jpg 1536w, https:\/\/loudavymkrokem.cz\/wp-content\/uploads\/2026\/08\/articles-bonigen-15-696x464.jpg 696w, https:\/\/loudavymkrokem.cz\/wp-content\/uploads\/2026\/08\/articles-bonigen-15-1392x928.jpg 1392w\" sizes=\"(max-width: 1800px) 100vw, 1800px\" \/><button\n\t\t\tclass=\"lightbox-trigger\"\n\t\t\ttype=\"button\"\n\t\t\taria-haspopup=\"dialog\"\n\t\t\tdata-wp-bind--aria-label=\"state.thisImage.triggerButtonAriaLabel\"\n\t\t\tdata-wp-init=\"callbacks.initTriggerButton\"\n\t\t\tdata-wp-on--click=\"actions.showLightbox\"\n\t\t\tdata-wp-style--right=\"state.thisImage.buttonRight\"\n\t\t\tdata-wp-style--top=\"state.thisImage.buttonTop\"\n\t\t>\n\t\t\t<svg xmlns=\"http:\/\/www.w3.org\/2000\/svg\" width=\"12\" height=\"12\" fill=\"none\" viewBox=\"0 0 12 12\">\n\t\t\t\t<path fill=\"#fff\" d=\"M2 0a2 2 0 0 0-2 2v2h1.5V2a.5.5 0 0 1 .5-.5h2V0H2Zm2 10.5H2a.5.5 0 0 1-.5-.5V8H0v2a2 2 0 0 0 2 2h2v-1.5ZM8 12v-1.5h2a.5.5 0 0 0 .5-.5V8H12v2a2 2 0 0 1-2 2H8Zm2-12a2 2 0 0 1 2 2v2h-1.5V2a.5.5 0 0 0-.5-.5H8V0h2Z\" \/>\n\t\t\t<\/svg>\n\t\t<\/button><figcaption class=\"wp-element-caption\">Foto: Fez Brook \/ Pexels<\/figcaption><\/figure>\n\n\n\n<h3 class=\"wp-block-heading\"><span class=\"ez-toc-section\" id=\"10_Rundslingan_till_vattenfallet_Erschwandenbach\"><\/span>10. Rundslingan till vattenfallet Erschwandenbach<span class=\"ez-toc-section-end\"><\/span><\/h3>\n\n\n\n<p class=\"wp-block-paragraph\">Om du inte vill ge dig ut p\u00e5 hela De tre vattenfallens v\u00e4g kan du g\u00f6ra en fin sluten rundslinga bara till det f\u00f6rsta av dem. Den officiella <strong>Rundwanderung Erschwandenfall m\u00e4ter 8,7 kilometer och tar dig cirka 2 timmar och 35 minuter<\/strong> i normal g\u00e5ngtakt.<\/p>\n\n\n\n<p class=\"wp-block-paragraph\">P\u00e5 v\u00e4gen stiger du bara <strong>211 meter och leden \u00e4r officiellt m\u00e4rkt som l\u00e4tt<\/strong>, s\u00e5 du beh\u00f6ver inte vara r\u00e4dd f\u00f6r den ens med st\u00f6rre barn. Vattenfallet Erschwandenbach ligger vackert g\u00f6mt i den djupa skogen och vattnet faller h\u00e4r \u00f6ver klippavsatser. En het sommardag fungerar omr\u00e5det runt vattenfallet som en perfekt naturlig luftkonditionering.<\/p>\n\n\n\n<p class=\"wp-block-paragraph\">Det fina med den h\u00e4r slingan \u00e4r att den tar dig genom <strong>olika typer av landskap<\/strong>. En stund g\u00e5r du l\u00e4ngs stranden, sedan b\u00f6rjar du stiga upp i kullarna och till sist \u00e5terv\u00e4nder du p\u00e5 skogsv\u00e4gar med <strong>glimtar av glaci\u00e4rsj\u00f6n<\/strong> djupt under dig. P\u00e5 v\u00e4gen passerar du en g\u00e5rd med en liten butik, annars kan du inte k\u00f6pa n\u00e5got l\u00e4ngs leden.<\/p>\n\n\n\n<p class=\"wp-block-paragraph\">\ud83d\udca1 Tips: Upp till sj\u00e4lva vattenfallet stiger man l\u00e4ngs en <strong>smal skogsstig<\/strong>, s\u00e5 <strong>vandringsstavar kommer v\u00e4l till pass<\/strong> och avlastar dina kn\u00e4n p\u00e5 v\u00e4gen ner tillbaka till byn.<\/p>\n\n\n\n<figure data-wp-context=\"{&quot;imageId&quot;:&quot;6a9567004de45&quot;}\" data-wp-interactive=\"core\/image\" data-wp-key=\"6a9567004de45\" class=\"wp-block-image size-full wp-lightbox-container\"><img decoding=\"async\" width=\"1800\" height=\"1199\" data-wp-class--hide=\"state.isContentHidden\" data-wp-class--show=\"state.isContentVisible\" data-wp-init=\"callbacks.setButtonStyles\" data-wp-on--click=\"actions.showLightbox\" data-wp-on--load=\"callbacks.setButtonStyles\" data-wp-on--pointerdown=\"actions.preloadImage\" data-wp-on--pointerenter=\"actions.preloadImageWithDelay\" data-wp-on--pointerleave=\"actions.cancelPreload\" data-wp-on-window--resize=\"callbacks.setButtonStyles\" src=\"https:\/\/loudavymkrokem.cz\/wp-content\/uploads\/2026\/08\/articles-bonigen-16.jpg\" alt=\"Strandstigen vid Iseltwald\" class=\"wp-image-404490\" title=\"\" srcset=\"https:\/\/loudavymkrokem.cz\/wp-content\/uploads\/2026\/08\/articles-bonigen-16.jpg 1800w, https:\/\/loudavymkrokem.cz\/wp-content\/uploads\/2026\/08\/articles-bonigen-16-300x200.jpg 300w, https:\/\/loudavymkrokem.cz\/wp-content\/uploads\/2026\/08\/articles-bonigen-16-700x466.jpg 700w, https:\/\/loudavymkrokem.cz\/wp-content\/uploads\/2026\/08\/articles-bonigen-16-768x512.jpg 768w, https:\/\/loudavymkrokem.cz\/wp-content\/uploads\/2026\/08\/articles-bonigen-16-1536x1023.jpg 1536w, https:\/\/loudavymkrokem.cz\/wp-content\/uploads\/2026\/08\/articles-bonigen-16-696x464.jpg 696w, https:\/\/loudavymkrokem.cz\/wp-content\/uploads\/2026\/08\/articles-bonigen-16-1392x927.jpg 1392w\" sizes=\"(max-width: 1800px) 100vw, 1800px\" \/><button\n\t\t\tclass=\"lightbox-trigger\"\n\t\t\ttype=\"button\"\n\t\t\taria-haspopup=\"dialog\"\n\t\t\tdata-wp-bind--aria-label=\"state.thisImage.triggerButtonAriaLabel\"\n\t\t\tdata-wp-init=\"callbacks.initTriggerButton\"\n\t\t\tdata-wp-on--click=\"actions.showLightbox\"\n\t\t\tdata-wp-style--right=\"state.thisImage.buttonRight\"\n\t\t\tdata-wp-style--top=\"state.thisImage.buttonTop\"\n\t\t>\n\t\t\t<svg xmlns=\"http:\/\/www.w3.org\/2000\/svg\" width=\"12\" height=\"12\" fill=\"none\" viewBox=\"0 0 12 12\">\n\t\t\t\t<path fill=\"#fff\" d=\"M2 0a2 2 0 0 0-2 2v2h1.5V2a.5.5 0 0 1 .5-.5h2V0H2Zm2 10.5H2a.5.5 0 0 1-.5-.5V8H0v2a2 2 0 0 0 2 2h2v-1.5ZM8 12v-1.5h2a.5.5 0 0 0 .5-.5V8H12v2a2 2 0 0 1-2 2H8Zm2-12a2 2 0 0 1 2 2v2h-1.5V2a.5.5 0 0 0-.5-.5H8V0h2Z\" \/>\n\t\t\t<\/svg>\n\t\t<\/button><figcaption class=\"wp-element-caption\">Foto: Jean-Paul Wettstein \/ Pexels<\/figcaption><\/figure>\n\n\n\n<h3 class=\"wp-block-heading\"><span class=\"ez-toc-section\" id=\"11_Strandstigen_Uferweg_fran_Iseltwald_till_Giessbach\"><\/span>11. Strandstigen Uferweg fr\u00e5n Iseltwald till Giessbach<span class=\"ez-toc-section-end\"><\/span><\/h3>\n\n\n\n<p class=\"wp-block-paragraph\">Den h\u00e4r leden b\u00f6rjar visserligen inte direkt i B\u00f6nigen, men det \u00e4r en av de vackraste promenaderna i hela Schweiz som det vore synd att hoppa \u00f6ver. P\u00e5 morgonen hoppar du helt enkelt p\u00e5 <strong>buss 103 (som du \u00e5ker gratis med Guest Card)<\/strong> eller p\u00e5 b\u00e5ten och l\u00e5ter dig transporteras till grannbyn Iseltwald, d\u00e4r stigen startar.<\/p>\n\n\n\n<p class=\"wp-block-paragraph\">D\u00e4rifr\u00e5n g\u00e5r den s\u00e5 kallade <strong>Uferweg direkt l\u00e4ngs den klippiga stranden \u00e4nda till Giessbach-vattenfallen<\/strong>. <strong>V\u00e4nta dig dock ingen j\u00e4mn promenad<\/strong> \u2014 redan under den f\u00f6rsta kilometern stiger du hundrafemtio meter, v\u00e4gen smalnar av p\u00e5 sina st\u00e4llen och vissa partier \u00e4r uthuggna i berget. Bel\u00f6ningen \u00e4r romantiska vikar d\u00e4r du kan svalka f\u00f6tterna p\u00e5 sommaren.<\/p>\n\n\n\n<p class=\"wp-block-paragraph\">Leden m\u00e4ter <strong>ungef\u00e4r 5,3 kilometer och tar en och en halv timme<\/strong>, men serpentinv\u00e4garna vid vattenfallen \u00e4r rej\u00e4lt branta och utan stavar \u00e4r det obekv\u00e4mt att ta sig ner. P\u00e5 v\u00e4gen kan du inte k\u00f6pa n\u00e5got att \u00e4ta, s\u00e5 ta med mats\u00e4ck. Bel\u00f6na dig sedan med en kaffe p\u00e5 det historiska hotellets terrass och ta eftermiddags\u00e5ngaren tillbaka till B\u00f6nigen.<\/p>\n\n\n\n<p class=\"wp-block-paragraph\">\ud83d\udca1 Tips: <strong>Stigen brukar vara st\u00e4ngd \u00f6ver vintern p\u00e5 grund av stenras<\/strong> och \u00f6ppnar vanligtvis i slutet av mars \u2014 under s\u00e4songen 2026 \u00e4r den framkomlig, men kontrollera hellre aktuellt l\u00e4ge p\u00e5 webbplatsen f\u00f6r byarna Iseltwald eller Brienz f\u00f6re utflykten. Och ge dig av <strong>s\u00e5 tidigt p\u00e5 morgonen som m\u00f6jligt<\/strong>, p\u00e5 eftermiddagen brukar det vara fullt h\u00e4r.<\/p>\n\n\n\n<figure data-wp-context=\"{&quot;imageId&quot;:&quot;6a9567004e320&quot;}\" data-wp-interactive=\"core\/image\" data-wp-key=\"6a9567004e320\" class=\"wp-block-image size-full wp-lightbox-container\"><img decoding=\"async\" width=\"1800\" height=\"1200\" data-wp-class--hide=\"state.isContentHidden\" data-wp-class--show=\"state.isContentVisible\" data-wp-init=\"callbacks.setButtonStyles\" data-wp-on--click=\"actions.showLightbox\" data-wp-on--load=\"callbacks.setButtonStyles\" data-wp-on--pointerdown=\"actions.preloadImage\" data-wp-on--pointerenter=\"actions.preloadImageWithDelay\" data-wp-on--pointerleave=\"actions.cancelPreload\" data-wp-on-window--resize=\"callbacks.setButtonStyles\" src=\"https:\/\/loudavymkrokem.cz\/wp-content\/uploads\/2026\/08\/articles-bonigen-17.jpg\" alt=\"Skogsstig som stiger upp till Harder Kulm\" class=\"wp-image-404495\" title=\"\" srcset=\"https:\/\/loudavymkrokem.cz\/wp-content\/uploads\/2026\/08\/articles-bonigen-17.jpg 1800w, https:\/\/loudavymkrokem.cz\/wp-content\/uploads\/2026\/08\/articles-bonigen-17-300x200.jpg 300w, https:\/\/loudavymkrokem.cz\/wp-content\/uploads\/2026\/08\/articles-bonigen-17-700x467.jpg 700w, https:\/\/loudavymkrokem.cz\/wp-content\/uploads\/2026\/08\/articles-bonigen-17-768x512.jpg 768w, https:\/\/loudavymkrokem.cz\/wp-content\/uploads\/2026\/08\/articles-bonigen-17-1536x1024.jpg 1536w, https:\/\/loudavymkrokem.cz\/wp-content\/uploads\/2026\/08\/articles-bonigen-17-696x464.jpg 696w, https:\/\/loudavymkrokem.cz\/wp-content\/uploads\/2026\/08\/articles-bonigen-17-1392x928.jpg 1392w\" sizes=\"(max-width: 1800px) 100vw, 1800px\" \/><button\n\t\t\tclass=\"lightbox-trigger\"\n\t\t\ttype=\"button\"\n\t\t\taria-haspopup=\"dialog\"\n\t\t\tdata-wp-bind--aria-label=\"state.thisImage.triggerButtonAriaLabel\"\n\t\t\tdata-wp-init=\"callbacks.initTriggerButton\"\n\t\t\tdata-wp-on--click=\"actions.showLightbox\"\n\t\t\tdata-wp-style--right=\"state.thisImage.buttonRight\"\n\t\t\tdata-wp-style--top=\"state.thisImage.buttonTop\"\n\t\t>\n\t\t\t<svg xmlns=\"http:\/\/www.w3.org\/2000\/svg\" width=\"12\" height=\"12\" fill=\"none\" viewBox=\"0 0 12 12\">\n\t\t\t\t<path fill=\"#fff\" d=\"M2 0a2 2 0 0 0-2 2v2h1.5V2a.5.5 0 0 1 .5-.5h2V0H2Zm2 10.5H2a.5.5 0 0 1-.5-.5V8H0v2a2 2 0 0 0 2 2h2v-1.5ZM8 12v-1.5h2a.5.5 0 0 0 .5-.5V8H12v2a2 2 0 0 1-2 2H8Zm2-12a2 2 0 0 1 2 2v2h-1.5V2a.5.5 0 0 0-.5-.5H8V0h2Z\" \/>\n\t\t\t<\/svg>\n\t\t<\/button><figcaption class=\"wp-element-caption\">Foto: \u041f\u0430\u0432\u0435\u043b \u0413\u0430\u0432\u0440\u0438\u043a\u043e\u0432 \/ Pexels<\/figcaption><\/figure>\n\n\n\n<h3 class=\"wp-block-heading\"><span class=\"ez-toc-section\" id=\"12_En_vandringsutmaning_uppstigningen_till_Harder_Kulm\"><\/span>12. En vandringsutmaning: uppstigningen till Harder Kulm<span class=\"ez-toc-section-end\"><\/span><\/h3>\n\n\n\n<p class=\"wp-block-paragraph\">De flesta turister tar sig bekv\u00e4mt upp till <strong>utsiktspunkten Harder Kulm<\/strong> med linbana, men f\u00f6r duktiga vandrare finns h\u00e4r en mycket st\u00f6rre utmaning. Fr\u00e5n B\u00f6nigen kan du g\u00e5 hela v\u00e4gen upp till toppen \u00e4rligt till fots. F\u00f6rbered dig dock p\u00e5 att det blir en <strong>rej\u00e4l m\u00f6rdare f\u00f6r dina vader<\/strong>.<\/p>\n\n\n\n<p class=\"wp-block-paragraph\">Enligt uppgifter fr\u00e5n Komoot m\u00e4ter den h\u00e4r heldagsslingan <strong>13,5 kilometer och den rena g\u00e5ngtiden \u00e4r 5 timmar och 16 minuter<\/strong>. P\u00e5 v\u00e4gen m\u00e5ste du \u00f6vervinna en tuff <strong>h\u00f6jdskillnad p\u00e5 750 meter<\/strong>, vilket tydligt placerar leden i kategorin kr\u00e4vande. Stigningen \u00e4r visserligen s\u00e4ker, men v\u00e4ldigt brant och \u00e4ndl\u00f6s.<\/p>\n\n\n\n<p class=\"wp-block-paragraph\">Bel\u00f6ningen f\u00f6r m\u00f6dan \u00e4r dock s\u00f6t. Du f\u00e5r en of\u00f6rliknelig k\u00e4nsla av tillfredsst\u00e4llelse n\u00e4r du <strong>anl\u00e4nder till utsiktsplattformen<\/strong> bland turister som just klivit ur linbanan. P\u00e5 v\u00e4gen upp <strong>m\u00f6ter du dessutom bara ett f\u00e5tal m\u00e4nniskor<\/strong> och njuter av skogens tystnad, som du definitivt inte hittar p\u00e5 sj\u00e4lva toppen.<\/p>\n\n\n\n<p class=\"wp-block-paragraph\">\ud83d\udca1 Tips: Om krafterna tar slut d\u00e4r uppe g\u00f6r det ingenting. Du kan k\u00f6pa en <strong>enkelbiljett f\u00f6r linbanan<\/strong> ner till Interlaken i restaurangen och <strong>ta bussen resten av v\u00e4gen<\/strong>.<\/p>\n\n\n\n<figure data-wp-context=\"{&quot;imageId&quot;:&quot;6a9567004e817&quot;}\" data-wp-interactive=\"core\/image\" data-wp-key=\"6a9567004e817\" class=\"wp-block-image size-full wp-lightbox-container\"><img decoding=\"async\" width=\"1920\" height=\"1280\" data-wp-class--hide=\"state.isContentHidden\" data-wp-class--show=\"state.isContentVisible\" data-wp-init=\"callbacks.setButtonStyles\" data-wp-on--click=\"actions.showLightbox\" data-wp-on--load=\"callbacks.setButtonStyles\" data-wp-on--pointerdown=\"actions.preloadImage\" data-wp-on--pointerenter=\"actions.preloadImageWithDelay\" data-wp-on--pointerleave=\"actions.cancelPreload\" data-wp-on-window--resize=\"callbacks.setButtonStyles\" src=\"https:\/\/loudavymkrokem.cz\/wp-content\/uploads\/2026\/08\/bonigen-lanovka-grindelwald-first.jpg\" alt=\"Gondolbana fr\u00e5n Grindelwald till First ovanf\u00f6r alp\u00e4ngarna\" class=\"wp-image-407333\" title=\"\" srcset=\"https:\/\/loudavymkrokem.cz\/wp-content\/uploads\/2026\/08\/bonigen-lanovka-grindelwald-first.jpg 1920w, https:\/\/loudavymkrokem.cz\/wp-content\/uploads\/2026\/08\/bonigen-lanovka-grindelwald-first-300x200.jpg 300w, https:\/\/loudavymkrokem.cz\/wp-content\/uploads\/2026\/08\/bonigen-lanovka-grindelwald-first-700x467.jpg 700w, https:\/\/loudavymkrokem.cz\/wp-content\/uploads\/2026\/08\/bonigen-lanovka-grindelwald-first-768x512.jpg 768w, https:\/\/loudavymkrokem.cz\/wp-content\/uploads\/2026\/08\/bonigen-lanovka-grindelwald-first-1536x1024.jpg 1536w, https:\/\/loudavymkrokem.cz\/wp-content\/uploads\/2026\/08\/bonigen-lanovka-grindelwald-first-696x464.jpg 696w, https:\/\/loudavymkrokem.cz\/wp-content\/uploads\/2026\/08\/bonigen-lanovka-grindelwald-first-1392x928.jpg 1392w\" sizes=\"(max-width: 1920px) 100vw, 1920px\" \/><button\n\t\t\tclass=\"lightbox-trigger\"\n\t\t\ttype=\"button\"\n\t\t\taria-haspopup=\"dialog\"\n\t\t\tdata-wp-bind--aria-label=\"state.thisImage.triggerButtonAriaLabel\"\n\t\t\tdata-wp-init=\"callbacks.initTriggerButton\"\n\t\t\tdata-wp-on--click=\"actions.showLightbox\"\n\t\t\tdata-wp-style--right=\"state.thisImage.buttonRight\"\n\t\t\tdata-wp-style--top=\"state.thisImage.buttonTop\"\n\t\t>\n\t\t\t<svg xmlns=\"http:\/\/www.w3.org\/2000\/svg\" width=\"12\" height=\"12\" fill=\"none\" viewBox=\"0 0 12 12\">\n\t\t\t\t<path fill=\"#fff\" d=\"M2 0a2 2 0 0 0-2 2v2h1.5V2a.5.5 0 0 1 .5-.5h2V0H2Zm2 10.5H2a.5.5 0 0 1-.5-.5V8H0v2a2 2 0 0 0 2 2h2v-1.5ZM8 12v-1.5h2a.5.5 0 0 0 .5-.5V8H12v2a2 2 0 0 1-2 2H8Zm2-12a2 2 0 0 1 2 2v2h-1.5V2a.5.5 0 0 0-.5-.5H8V0h2Z\" \/>\n\t\t\t<\/svg>\n\t\t<\/button><figcaption class=\"wp-element-caption\">Foto: W. Bulach \/ Wikimedia Commons, CC BY-SA 4.0<\/figcaption><\/figure>\n\n\n\n<h2 class=\"wp-block-heading\"><span class=\"ez-toc-section\" id=\"Vandringar_dit_linbanan_tar_dig_6_leder_ovanfor_dalen\"><\/span>Vandringar dit linbanan tar dig: 6 leder ovanf\u00f6r dalen<span class=\"ez-toc-section-end\"><\/span><\/h2>\n\n\n\n<p class=\"wp-block-paragraph\">Det h\u00e4r \u00e4r en sak jag sj\u00e4lv f\u00f6rstod f\u00f6rst p\u00e5 plats: <strong>i Berner Oberland g\u00e5r man n\u00e4stan aldrig underifr\u00e5n<\/strong>. Klassikern \u00e4r att ta linbanan eller kuggbanan ovanf\u00f6r tr\u00e4dgr\u00e4nsen och f\u00f6rst d\u00e4r b\u00f6rja g\u00e5. Du besparar dig tusen h\u00f6jdmeter slit och hamnar direkt i det landskap du kom hit f\u00f6r.<\/p>\n\n\n\n<p class=\"wp-block-paragraph\">R\u00e4kna dock med att <strong>de schweiziska linbanorna \u00e4r brutalt dyra<\/strong>. Om du planerar mer \u00e4n tv\u00e5 s\u00e5dana utflykter, r\u00e4kna p\u00e5 ett <strong>Berner Oberland Pass<\/strong> \u2014 tre dagar kostar 240 franc och m\u00e5nga banor \u00e5ker du gratis eller till halva priset med det. Och \u00e5k bara till de dyra utsiktspunkterna i klart v\u00e4der, annars betalar du tiotals franc f\u00f6r en anblick av dimma.<\/p>\n\n\n\n<figure data-wp-context=\"{&quot;imageId&quot;:&quot;6a9567004ec9f&quot;}\" data-wp-interactive=\"core\/image\" data-wp-key=\"6a9567004ec9f\" class=\"wp-block-image size-full wp-lightbox-container\"><img decoding=\"async\" width=\"1920\" height=\"1080\" data-wp-class--hide=\"state.isContentHidden\" data-wp-class--show=\"state.isContentVisible\" data-wp-init=\"callbacks.setButtonStyles\" data-wp-on--click=\"actions.showLightbox\" data-wp-on--load=\"callbacks.setButtonStyles\" data-wp-on--pointerdown=\"actions.preloadImage\" data-wp-on--pointerenter=\"actions.preloadImageWithDelay\" data-wp-on--pointerleave=\"actions.cancelPreload\" data-wp-on-window--resize=\"callbacks.setButtonStyles\" src=\"https:\/\/loudavymkrokem.cz\/wp-content\/uploads\/2026\/08\/bonigen-bachalpsee-jezero-first-1.jpg\" alt=\"Bergssj\u00f6n Bachalpsee ovanf\u00f6r Grindelwald med spegling av glaci\u00e4rtoppar\" class=\"wp-image-407122\" title=\"\" srcset=\"https:\/\/loudavymkrokem.cz\/wp-content\/uploads\/2026\/08\/bonigen-bachalpsee-jezero-first-1.jpg 1920w, https:\/\/loudavymkrokem.cz\/wp-content\/uploads\/2026\/08\/bonigen-bachalpsee-jezero-first-1-300x169.jpg 300w, https:\/\/loudavymkrokem.cz\/wp-content\/uploads\/2026\/08\/bonigen-bachalpsee-jezero-first-1-700x394.jpg 700w, https:\/\/loudavymkrokem.cz\/wp-content\/uploads\/2026\/08\/bonigen-bachalpsee-jezero-first-1-768x432.jpg 768w, https:\/\/loudavymkrokem.cz\/wp-content\/uploads\/2026\/08\/bonigen-bachalpsee-jezero-first-1-1536x864.jpg 1536w, https:\/\/loudavymkrokem.cz\/wp-content\/uploads\/2026\/08\/bonigen-bachalpsee-jezero-first-1-696x392.jpg 696w, https:\/\/loudavymkrokem.cz\/wp-content\/uploads\/2026\/08\/bonigen-bachalpsee-jezero-first-1-1392x783.jpg 1392w\" sizes=\"(max-width: 1920px) 100vw, 1920px\" \/><button\n\t\t\tclass=\"lightbox-trigger\"\n\t\t\ttype=\"button\"\n\t\t\taria-haspopup=\"dialog\"\n\t\t\tdata-wp-bind--aria-label=\"state.thisImage.triggerButtonAriaLabel\"\n\t\t\tdata-wp-init=\"callbacks.initTriggerButton\"\n\t\t\tdata-wp-on--click=\"actions.showLightbox\"\n\t\t\tdata-wp-style--right=\"state.thisImage.buttonRight\"\n\t\t\tdata-wp-style--top=\"state.thisImage.buttonTop\"\n\t\t>\n\t\t\t<svg xmlns=\"http:\/\/www.w3.org\/2000\/svg\" width=\"12\" height=\"12\" fill=\"none\" viewBox=\"0 0 12 12\">\n\t\t\t\t<path fill=\"#fff\" d=\"M2 0a2 2 0 0 0-2 2v2h1.5V2a.5.5 0 0 1 .5-.5h2V0H2Zm2 10.5H2a.5.5 0 0 1-.5-.5V8H0v2a2 2 0 0 0 2 2h2v-1.5ZM8 12v-1.5h2a.5.5 0 0 0 .5-.5V8H12v2a2 2 0 0 1-2 2H8Zm2-12a2 2 0 0 1 2 2v2h-1.5V2a.5.5 0 0 0-.5-.5H8V0h2Z\" \/>\n\t\t\t<\/svg>\n\t\t<\/button><figcaption class=\"wp-element-caption\">Foto: Chnebelh\u00e4x \/ Wikimedia Commons, CC BY-SA 4.0<\/figcaption><\/figure>\n\n\n\n<h3 class=\"wp-block-heading\"><span class=\"ez-toc-section\" id=\"13_Fran_First_till_sjon_Bachalpsee\"><\/span>13. Fr\u00e5n First till sj\u00f6n Bachalpsee<span class=\"ez-toc-section-end\"><\/span><\/h3>\n\n\n\n<p class=\"wp-block-paragraph\">Om du bara har tid f\u00f6r en enda bergsvandring i omr\u00e5det, l\u00e5t det bli den h\u00e4r. Fr\u00e5n Grindelwald tar gondolen dig upp till <strong>First p\u00e5 2 167 meters h\u00f6jd<\/strong> och d\u00e4rifr\u00e5n g\u00e5r man l\u00e4ngs en bred underh\u00e5llen v\u00e4g till <strong>sj\u00f6n Bachalpsee p\u00e5 2 265 meter<\/strong>. Tur och retur tar det <strong>knappt tv\u00e5 timmar och du stiger bara drygt 200 meter<\/strong>.<\/p>\n\n\n\n<p class=\"wp-block-paragraph\">Sj\u00f6n \u00e4r anledningen till att man g\u00e5r hit. I vindstilla v\u00e4der speglar sig <strong>Wetterhorn, Schreckhorn och Finsteraarhorn<\/strong> i den, allts\u00e5 glaci\u00e4rkl\u00e4dda fyratusenmeterstoppar som du pl\u00f6tsligt har hela p\u00e5 vattenytan under dig. Det \u00e4r en av de mest fotograferade scenerierna i de schweiziska Alperna och i verkligheten fungerar den \u00e4nnu b\u00e4ttre \u00e4n p\u00e5 bilder.<\/p>\n\n\n\n<p class=\"wp-block-paragraph\">Fr\u00e5n Interlaken kommer du hit med t\u00e5g till Grindelwald p\u00e5 ungef\u00e4r 35 minuter och sedan med gondol ytterligare 25 minuter. <strong>Returbiljetten till First kostar 76 franc i h\u00f6gs\u00e4song<\/strong>, med halva biljettpriset eller Swiss Travel Pass betalar du 38.<\/p>\n\n\n\n<p class=\"wp-block-paragraph\">\ud83d\udca1 Tips: Ge dig av med den allra f\u00f6rsta morgonavg\u00e5ngen \u2014 vid tiotiden f\u00f6rvandlas v\u00e4gen till sj\u00f6n till en krypande k\u00f6 och <strong>vattenytan brukar vara krusad av vinden efter middagstid<\/strong>, s\u00e5 d\u00e5 f\u00e5ngar du inte l\u00e4ngre bergens spegling. Och i t\u00e5get fr\u00e5n Interlaken, <strong>s\u00e4tt dig i den bakre delen av t\u00e5gs\u00e4ttet<\/strong>: i Zweil\u00fctschinen delas t\u00e5get och den fr\u00e4mre halvan g\u00e5r till Lauterbrunnen.<\/p>\n\n\n\n<figure data-wp-context=\"{&quot;imageId&quot;:&quot;6a9567004f1d5&quot;}\" data-wp-interactive=\"core\/image\" data-wp-key=\"6a9567004f1d5\" class=\"wp-block-image size-full wp-lightbox-container\"><img decoding=\"async\" width=\"1920\" height=\"1440\" data-wp-class--hide=\"state.isContentHidden\" data-wp-class--show=\"state.isContentVisible\" data-wp-init=\"callbacks.setButtonStyles\" data-wp-on--click=\"actions.showLightbox\" data-wp-on--load=\"callbacks.setButtonStyles\" data-wp-on--pointerdown=\"actions.preloadImage\" data-wp-on--pointerenter=\"actions.preloadImageWithDelay\" data-wp-on--pointerleave=\"actions.cancelPreload\" data-wp-on-window--resize=\"callbacks.setButtonStyles\" src=\"https:\/\/loudavymkrokem.cz\/wp-content\/uploads\/2026\/08\/bonigen-faulhorn-horsky-hotel-1.jpg\" alt=\"Faulhorns topp med ett historiskt bergshotell fr\u00e5n 1832\" class=\"wp-image-407129\" title=\"\" srcset=\"https:\/\/loudavymkrokem.cz\/wp-content\/uploads\/2026\/08\/bonigen-faulhorn-horsky-hotel-1.jpg 1920w, https:\/\/loudavymkrokem.cz\/wp-content\/uploads\/2026\/08\/bonigen-faulhorn-horsky-hotel-1-300x225.jpg 300w, https:\/\/loudavymkrokem.cz\/wp-content\/uploads\/2026\/08\/bonigen-faulhorn-horsky-hotel-1-700x525.jpg 700w, https:\/\/loudavymkrokem.cz\/wp-content\/uploads\/2026\/08\/bonigen-faulhorn-horsky-hotel-1-768x576.jpg 768w, https:\/\/loudavymkrokem.cz\/wp-content\/uploads\/2026\/08\/bonigen-faulhorn-horsky-hotel-1-1536x1152.jpg 1536w, https:\/\/loudavymkrokem.cz\/wp-content\/uploads\/2026\/08\/bonigen-faulhorn-horsky-hotel-1-80x60.jpg 80w, https:\/\/loudavymkrokem.cz\/wp-content\/uploads\/2026\/08\/bonigen-faulhorn-horsky-hotel-1-160x120.jpg 160w, https:\/\/loudavymkrokem.cz\/wp-content\/uploads\/2026\/08\/bonigen-faulhorn-horsky-hotel-1-696x522.jpg 696w, https:\/\/loudavymkrokem.cz\/wp-content\/uploads\/2026\/08\/bonigen-faulhorn-horsky-hotel-1-1392x1044.jpg 1392w\" sizes=\"(max-width: 1920px) 100vw, 1920px\" \/><button\n\t\t\tclass=\"lightbox-trigger\"\n\t\t\ttype=\"button\"\n\t\t\taria-haspopup=\"dialog\"\n\t\t\tdata-wp-bind--aria-label=\"state.thisImage.triggerButtonAriaLabel\"\n\t\t\tdata-wp-init=\"callbacks.initTriggerButton\"\n\t\t\tdata-wp-on--click=\"actions.showLightbox\"\n\t\t\tdata-wp-style--right=\"state.thisImage.buttonRight\"\n\t\t\tdata-wp-style--top=\"state.thisImage.buttonTop\"\n\t\t>\n\t\t\t<svg xmlns=\"http:\/\/www.w3.org\/2000\/svg\" width=\"12\" height=\"12\" fill=\"none\" viewBox=\"0 0 12 12\">\n\t\t\t\t<path fill=\"#fff\" d=\"M2 0a2 2 0 0 0-2 2v2h1.5V2a.5.5 0 0 1 .5-.5h2V0H2Zm2 10.5H2a.5.5 0 0 1-.5-.5V8H0v2a2 2 0 0 0 2 2h2v-1.5ZM8 12v-1.5h2a.5.5 0 0 0 .5-.5V8H12v2a2 2 0 0 1-2 2H8Zm2-12a2 2 0 0 1 2 2v2h-1.5V2a.5.5 0 0 0-.5-.5H8V0h2Z\" \/>\n\t\t\t<\/svg>\n\t\t<\/button><figcaption class=\"wp-element-caption\">Foto: Whgler \/ Wikimedia Commons, CC BY-SA 3.0<\/figcaption><\/figure>\n\n\n\n<h3 class=\"wp-block-heading\"><span class=\"ez-toc-section\" id=\"14_Den_kungliga_asvandringen_Schynige_Platte_%E2%80%93_Faulhorn_%E2%80%93_First\"><\/span>14. Den kungliga \u00e5svandringen Schynige Platte \u2013 Faulhorn \u2013 First<span class=\"ez-toc-section-end\"><\/span><\/h3>\n\n\n\n<p class=\"wp-block-paragraph\">Det h\u00e4r \u00e4r hela regionens mest ber\u00f6mda dagsvandring och b\u00e5de franska och engelska k\u00e4llor placerar den samst\u00e4mmigt bland de vackraste i Schweiz. Du tar kuggbanan upp till <strong>Schynige Platte<\/strong>, g\u00e5r hela dagen l\u00e4ngs \u00e5sen med b\u00e5de Thunsj\u00f6n och Brienzsj\u00f6n p\u00e5 den ena sidan och Eiger, M\u00f6nch och Jungfrau p\u00e5 den andra, och \u00e5ker gondol ner fr\u00e5n First.<\/p>\n\n\n\n<p class=\"wp-block-paragraph\">Det \u00e4r <strong>ungef\u00e4r 16 till 17 kilometer och r\u00e4kna med sex till \u00e5tta timmar<\/strong> beroende p\u00e5 hur ofta du stannar. Den h\u00f6gsta punkten \u00e4r <strong>Faulhorn p\u00e5 2 681 meter<\/strong>, dit du stiger upp fr\u00e5n Schynige Platte p\u00e5 4 timmar och 10 minuter. P\u00e5 v\u00e4gen passerar du sj\u00f6n S\u00e4gistalsee och i slutet stiger du ner f\u00f6rbi Bachalpsee.<\/p>\n\n\n\n<p class=\"wp-block-paragraph\">P\u00e5 Faulhorns topp st\u00e5r ett <strong>bergshotell fr\u00e5n 1832<\/strong> \u2014 bara tv\u00e5 \u00e4r \u00e4ldre i Schweiz. Man kan \u00f6vernatta i det och det \u00e4r ett alternativ jag skulle rekommendera var och en som inte vill g\u00e5 hela leden i ett svep. Du delar upp den p\u00e5 tv\u00e5 sk\u00f6na dagar och f\u00e5r en soluppg\u00e5ng \u00f6ver glaci\u00e4rerna p\u00e5 k\u00f6pet.<\/p>\n\n\n\n<p class=\"wp-block-paragraph\">\ud83d\udca1 Tips: H\u00e5ll koll p\u00e5 tidtabellen \u2014 <strong>kuggbanan till Schynige Platte g\u00e5r bara fr\u00e5n 13 juni till 25 oktober<\/strong> och den sista gondolen fr\u00e5n First avg\u00e5r p\u00e5 eftermiddagen. \u00d6vernattningen p\u00e5 Faulhorn g\u00e5r p\u00e5 <strong>fr\u00e5n 80 franc inklusive halvpension<\/strong>, men r\u00e4kna med att det d\u00e4r uppe <strong>inte finns vare sig dusch eller dricksvatten<\/strong> och att det \u00e4r obligatoriskt med lakansp\u00e5se i sovsalen.<\/p>\n\n\n\n<figure data-wp-context=\"{&quot;imageId&quot;:&quot;6a9567004fa47&quot;}\" data-wp-interactive=\"core\/image\" data-wp-key=\"6a9567004fa47\" class=\"wp-block-image size-full wp-lightbox-container\"><img decoding=\"async\" width=\"1600\" height=\"1200\" data-wp-class--hide=\"state.isContentHidden\" data-wp-class--show=\"state.isContentVisible\" data-wp-init=\"callbacks.setButtonStyles\" data-wp-on--click=\"actions.showLightbox\" data-wp-on--load=\"callbacks.setButtonStyles\" data-wp-on--pointerdown=\"actions.preloadImage\" data-wp-on--pointerenter=\"actions.preloadImageWithDelay\" data-wp-on--pointerleave=\"actions.cancelPreload\" data-wp-on-window--resize=\"callbacks.setButtonStyles\" src=\"https:\/\/loudavymkrokem.cz\/wp-content\/uploads\/2026\/08\/bonigen-mannlichen-kleine-scheidegg-1.jpg\" alt=\"Panoramav\u00e4gen fr\u00e5n M\u00e4nnlichen till Kleine Scheidegg med Jungfraumassivet\" class=\"wp-image-407132\" title=\"\" srcset=\"https:\/\/loudavymkrokem.cz\/wp-content\/uploads\/2026\/08\/bonigen-mannlichen-kleine-scheidegg-1.jpg 1600w, https:\/\/loudavymkrokem.cz\/wp-content\/uploads\/2026\/08\/bonigen-mannlichen-kleine-scheidegg-1-300x225.jpg 300w, https:\/\/loudavymkrokem.cz\/wp-content\/uploads\/2026\/08\/bonigen-mannlichen-kleine-scheidegg-1-700x525.jpg 700w, https:\/\/loudavymkrokem.cz\/wp-content\/uploads\/2026\/08\/bonigen-mannlichen-kleine-scheidegg-1-768x576.jpg 768w, https:\/\/loudavymkrokem.cz\/wp-content\/uploads\/2026\/08\/bonigen-mannlichen-kleine-scheidegg-1-1536x1152.jpg 1536w, https:\/\/loudavymkrokem.cz\/wp-content\/uploads\/2026\/08\/bonigen-mannlichen-kleine-scheidegg-1-80x60.jpg 80w, https:\/\/loudavymkrokem.cz\/wp-content\/uploads\/2026\/08\/bonigen-mannlichen-kleine-scheidegg-1-160x120.jpg 160w, https:\/\/loudavymkrokem.cz\/wp-content\/uploads\/2026\/08\/bonigen-mannlichen-kleine-scheidegg-1-696x522.jpg 696w, https:\/\/loudavymkrokem.cz\/wp-content\/uploads\/2026\/08\/bonigen-mannlichen-kleine-scheidegg-1-1392x1044.jpg 1392w\" sizes=\"(max-width: 1600px) 100vw, 1600px\" \/><button\n\t\t\tclass=\"lightbox-trigger\"\n\t\t\ttype=\"button\"\n\t\t\taria-haspopup=\"dialog\"\n\t\t\tdata-wp-bind--aria-label=\"state.thisImage.triggerButtonAriaLabel\"\n\t\t\tdata-wp-init=\"callbacks.initTriggerButton\"\n\t\t\tdata-wp-on--click=\"actions.showLightbox\"\n\t\t\tdata-wp-style--right=\"state.thisImage.buttonRight\"\n\t\t\tdata-wp-style--top=\"state.thisImage.buttonTop\"\n\t\t>\n\t\t\t<svg xmlns=\"http:\/\/www.w3.org\/2000\/svg\" width=\"12\" height=\"12\" fill=\"none\" viewBox=\"0 0 12 12\">\n\t\t\t\t<path fill=\"#fff\" d=\"M2 0a2 2 0 0 0-2 2v2h1.5V2a.5.5 0 0 1 .5-.5h2V0H2Zm2 10.5H2a.5.5 0 0 1-.5-.5V8H0v2a2 2 0 0 0 2 2h2v-1.5ZM8 12v-1.5h2a.5.5 0 0 0 .5-.5V8H12v2a2 2 0 0 1-2 2H8Zm2-12a2 2 0 0 1 2 2v2h-1.5V2a.5.5 0 0 0-.5-.5H8V0h2Z\" \/>\n\t\t\t<\/svg>\n\t\t<\/button><figcaption class=\"wp-element-caption\">Foto: Timo Newton-Syms \/ Wikimedia Commons, CC BY-SA 2.0<\/figcaption><\/figure>\n\n\n\n<!-- LKM_GYG_CARD start q=\"bonigen\" lang=\"sv\" rendered=\"2026-08-31T10:02:18+00:00\" v=\"1\" -->\n\n<!-- LKM_GYG_CARD end -->\n\n\n\n\n<div class=\"lk-stays-module\">\n<style>\n\/* \u2500\u2500\u2500 RESET PRO GUTENBERG \u2500\u2500\u2500 *\/\n.lk-stays-module * { box-sizing: border-box; margin: 0; padding: 0; }\n\n\/* \u2500\u2500\u2500 WRAPPER \u2500\u2500\u2500 *\/\n.lk-stays-module {\n  font-family: 'DM Sans', Georgia, sans-serif;\n  max-width: 100%;\n  margin: 2.5rem auto;\n  background: linear-gradient(135deg, #fdfaf5 0%, #fcf8f0 100%);\n  border: 1px solid #e8dfd4;\n  border-radius: 16px;\n  overflow: hidden;\n  box-shadow: 0 16px 48px rgba(195, 159, 118, 0.25), 0 4px 12px rgba(0,0,0,0.08);\n}\n\n\/* \u2500\u2500\u2500 HEADER \u2500\u2500\u2500 *\/\n.lk-stays-header {\n  position: relative;\n  padding: 24px 36px 24px;\n  background: linear-gradient(135deg, #c39f76 0%, #d4b188 60%, #c39f76 100%);\n  border-bottom: 1px solid rgba(255,255,255,.15);\n  display: flex;\n  align-items: center;\n  gap: 18px;\n}\n.lk-stays-header::before {\n  content: '';\n  position: absolute;\n  inset: 0;\n  background: url(\"data:image\/svg+xml,%3Csvg width='60' height='60' viewBox='0 0 60 60' xmlns='http:\/\/www.w3.org\/2000\/svg'%3E%3Cg fill='none' fill-rule='evenodd'%3E%3Cg fill='%23ffffff' fill-opacity='0.05'%3E%3Cpath d='M36 34v-4h-2v4h-4v2h4v4h2v-4h4v-2h-4zm0-30V0h-2v4h-4v2h4v4h2V6h4V4h-4zM6 34v-4H4v4H0v2h4v4h2v-4h4v-2H6zM6 4V0H4v4H0v2h4v4h2V6h4V4H6z'\/%3E%3C\/g%3E%3C\/g%3E%3C\/svg%3E\") repeat;\n  pointer-events: none;\n}\n.lk-stays-icon {\n  flex-shrink: 0;\n  width: 68px;\n  height: 68px;\n  border-radius: 14px;\n  background: linear-gradient(135deg, #fff 0%, #f9f6f0 100%);\n  display: flex;\n  align-items: center;\n  justify-content: center;\n  font-size: 26px;\n  box-shadow: 0 4px 12px rgba(0,0,0,0.15);\n}\n.lk-stays-eyebrow {\n  font-size: 10px;\n  font-weight: 500;\n  letter-spacing: 2.5px;\n  text-transform: uppercase;\n  color: rgba(255,255,255,.85);\n  margin: 0 0 5px 0;\n}\n.lk-stays-title {\n  font-family: 'Playfair Display', Georgia, serif;\n  font-size: 24px;\n  font-weight: 700;\n  color: #fff;\n  line-height: 1.2;\n  text-shadow: 0 1px 2px rgba(0,0,0,0.1);\n  margin: 0;\n}\n.lk-stays-subtitle {\n  font-size: 13px;\n  color: rgba(255,255,255,.75);\n  margin: 4px 0 0 0;\n  font-weight: 300;\n}\n\n\/* \u2500\u2500\u2500 CARDS GRID \u2500\u2500\u2500 *\/\n.lk-stays-grid {\n  display: grid;\n  grid-template-columns: 1fr 1fr;\n  gap: 1px;\n  background: rgba(195, 159, 118, 0.12);\n}\n\n\/* \u2500\u2500\u2500 SINGLE CARD \u2500\u2500\u2500 *\/\n.lk-stay-card {\n  background: #ffffff;\n  padding: 26px;\n  display: flex;\n  flex-direction: column;\n  gap: 11px;\n  transition: all 0.3s ease;\n  text-decoration: none;\n  color: inherit;\n  position: relative;\n}\n.lk-stay-card:hover {\n  background: #fffbf5;\n  transform: translateY(-2px);\n  box-shadow: 0 8px 24px rgba(195, 159, 118, 0.18);\n  z-index: 1;\n}\n.lk-stay-card.featured {\n  background: linear-gradient(135deg, #fffdf9 0%, #fff9f0 100%);\n  box-shadow: 0 4px 16px rgba(195, 159, 118, 0.15), inset 0 1px 0 rgba(195, 159, 118, 0.1);\n}\n.lk-stay-card.featured:hover {\n  background: linear-gradient(135deg, #fffbf5 0%, #fff8ed 100%);\n  box-shadow: 0 8px 24px rgba(195, 159, 118, 0.25), inset 0 1px 0 rgba(195, 159, 118, 0.15);\n}\n\n.lk-stay-badge {\n  display: inline-flex;\n  align-items: center;\n  gap: 5px;\n  font-size: 10px;\n  font-weight: 500;\n  letter-spacing: 1.5px;\n  text-transform: uppercase;\n  padding: 5px 11px;\n  border-radius: 20px;\n  width: fit-content;\n}\n.badge-top     { background: linear-gradient(135deg, #c39f76 0%, #d4b188 100%); color: #fff; border: 1px solid #c39f76; font-weight: 600; box-shadow: 0 2px 8px rgba(195,159,118,0.3); }\n.badge-luxury  { background: rgba(195,159,118,.12); color: #c39f76; border: 1px solid rgba(195,159,118,.25); }\n.badge-boutique{ background: rgba(54,133,252,.08); color: #3685fc; border: 1px solid rgba(54,133,252,.2); }\n.badge-nature  { background: rgba(130,190,100,.1); color: #6b9c4a; border: 1px solid rgba(130,190,100,.2); }\n.badge-remote  { background: rgba(195,159,118,.12); color: #a67e50; border: 1px solid rgba(195,159,118,.25); }\n\n.lk-stay-name {\n  font-family: 'Playfair Display', Georgia, serif;\n  font-size: 18px;\n  font-weight: 700;\n  color: #111827;\n  line-height: 1.3;\n}\n.lk-stay-desc {\n  font-size: 13.5px;\n  color: #525252;\n  line-height: 1.65;\n  font-weight: 300;\n  flex: 1;\n}\n\n.lk-stay-meta {\n  display: flex;\n  align-items: center;\n  gap: 12px;\n  flex-wrap: wrap;\n  margin-top: 4px;\n}\n.lk-stay-price {\n  font-size: 13px;\n  color: #6b7280;\n}\n.lk-stay-price strong {\n  color: #c39f76;\n  font-weight: 500;\n}\n.lk-stay-stars {\n  color: #c39f76;\n  font-size: 11px;\n  letter-spacing: 1px;\n}\n\n\/* \u2500\u2500\u2500 CTA BUTTON \u2500\u2500\u2500 *\/\n.lk-stay-cta {\n  display: inline-flex;\n  align-items: center;\n  justify-content: center;\n  gap: 7px;\n  margin-top: 8px;\n  padding: 11px 20px;\n  border-radius: 8px;\n  background: linear-gradient(135deg, #3685fc 0%, #2a6fd9 100%);\n  color: #fff;\n  font-size: 13px;\n  font-weight: 500;\n  text-decoration: none;\n  letter-spacing: .3px;\n  transition: all .2s ease;\n  cursor: pointer;\n  border: none;\n  text-align: center;\n  box-shadow: 0 4px 12px rgba(54, 133, 252, 0.25);\n}\n.lk-stay-cta:hover {\n  background: linear-gradient(135deg, #2a6fd9 0%, #1e5bc4 100%);\n  transform: translateY(-1px);\n  box-shadow: 0 6px 16px rgba(54, 133, 252, 0.35);\n}\n.lk-stay-cta svg { flex-shrink: 0; }\n\n\/* \u2500\u2500\u2500 FOOTER \u2500\u2500\u2500 *\/\n.lk-stays-footer {\n  padding: 18px 36px;\n  background: linear-gradient(to bottom, #fdfaf5 0%, #f9f4ed 100%);\n  border-top: 1px solid rgba(195, 159, 118, 0.15);\n  display: flex;\n  align-items: center;\n  justify-content: space-between;\n  flex-wrap: wrap;\n  gap: 12px;\n}\n.lk-stays-footer-note {\n  font-size: 11.5px;\n  color: #6b7280;\n  font-weight: 300;\n  line-height: 1.5;\n}\n.lk-stays-footer-note a {\n  color: #c39f76;\n  text-decoration: none;\n  font-weight: 400;\n}\n.lk-stays-footer-note a:hover {\n  text-decoration: underline;\n}\n.lk-stays-all-btn {\n  display: inline-flex;\n  align-items: center;\n  gap: 6px;\n  font-size: 12.5px;\n  font-weight: 500;\n  color: #c39f76;\n  text-decoration: none;\n  border: 1px solid rgba(195, 159, 118, 0.35);\n  padding: 8px 18px;\n  border-radius: 8px;\n  transition: all .2s ease;\n}\n.lk-stays-all-btn:hover {\n  background: rgba(195, 159, 118, 0.08);\n  border-color: rgba(195, 159, 118, 0.5);\n}\n\n\/* \u2500\u2500\u2500 RESPONSIVE \u2500\u2500\u2500 *\/\n@media (max-width: 600px) {\n  .lk-stays-grid { grid-template-columns: 1fr; }\n  .lk-stays-header { padding: 24px 20px; }\n  .lk-stays-footer { padding: 16px 20px; }\n  .lk-stay-card { padding: 22px; }\n  .lk-stays-title { font-size: 20px; }\n}\n<\/style>\n\n  <!-- HEADER -->\n  <div class=\"lk-stays-header\">\n    <img decoding=\"async\" src=\"https:\/\/loudavymkrokem.cz\/wp-content\/uploads\/2026\/02\/lukas-a-lucka.jpg\" alt=\"\" style=\"width: 75px; height: 75px; border-radius: 8px; flex-shrink: 0; object-fit: cover; display: block; margin: 4px 0;\" title=\"\">\n    <div class=\"lk-stays-header-text\">\n      <div class=\"lk-stays-eyebrow\">Luk\u00e1\u0161 och Lucie rekommenderar<\/div>\n      <div class=\"lk-stays-title\">Var man kan bo i B\u00f6nigen<\/div>\n      <div class=\"lk-stays-subtitle\">6 boenden \u2014 hotell, campingplatser och andra boendealternativ<\/div>\n    <\/div>\n  <\/div>\n\n  <!-- CARDS -->\n  <div class=\"lk-stays-grid\">\n\n    <a class=\"lk-stay-card featured\" href=\"https:\/\/www.stay22.com\/allez\/roam?aid=lukaskonecny&#038;campaign=loudavymkrokemcz&#038;campaign=sv&#038;campaign=bonigen&#038;hotelname=Hotel%20Seiler%20au%20Lac&#038;address=B%C3%B6nigen%2C%20%C5%A0v%C3%BDcarsko\" target=\"_blank\" rel=\"nofollow noopener\">\n      <span class=\"lk-stay-badge badge-top\">\u2b50 TOPPVAL<\/span>\n      <span class=\"lk-stay-badge badge-nature\">\ud83c\udfe8 Hotell<\/span>\n      <div class=\"lk-stay-name\">Hotel Seiler au Lac<\/div>\n      <div class=\"lk-stay-desc\">Ligger direkt vid stranden och \u00e5ngb\u00e5ten stannar precis utanf\u00f6r d\u00f6rren. Fyrtio rum, utsikt \u00f6ver bergen och vattnet.<\/div>\n      <div class=\"lk-stay-meta\">\n        <span class=\"lk-stay-stars\">\u2605\u2605\u2605\u2605<\/span>\n        <span class=\"lk-stay-price\">Kontrollera priser<\/span>\n      <\/div>\n      <span class=\"lk-stay-cta\">\n        <svg width=\"14\" height=\"14\" viewBox=\"0 0 24 24\" fill=\"none\" stroke=\"currentColor\" stroke-width=\"2\"><path d=\"M18 13v6a2 2 0 0 1-2 2H5a2 2 0 0 1-2-2V8a2 2 0 0 1 2-2h6\"\/><polyline points=\"15 3 21 3 21 9\"\/><line x1=\"10\" y1=\"14\" x2=\"21\" y2=\"3\"\/><\/svg>\n        Kontrollera tillg\u00e4nglighet\n      <\/span>\n    <\/a>\n\n    <a class=\"lk-stay-card\" href=\"https:\/\/www.stay22.com\/allez\/roam?aid=lukaskonecny&#038;campaign=loudavymkrokemcz&#038;campaign=sv&#038;campaign=bonigen&#038;hotelname=Seehotel%20B%C3%B6nigen&#038;address=B%C3%B6nigen%2C%20%C5%A0v%C3%BDcarsko\" target=\"_blank\" rel=\"nofollow noopener\">\n      <span class=\"lk-stay-badge badge-nature\">\ud83c\udfe8 Hotell<\/span>\n      <div class=\"lk-stay-name\">Seehotel B\u00f6nigen<\/div>\n      <div class=\"lk-stay-desc\">Utm\u00e4rkt familjev\u00e4nligt alternativ med panoramautsikt, egen prisbel\u00f6nt restaurang och riklig frukost.<\/div>\n      <div class=\"lk-stay-meta\">\n        <span class=\"lk-stay-stars\">\u2605\u2605\u2605\u2605<\/span>\n        <span class=\"lk-stay-price\">Kontrollera priser<\/span>\n      <\/div>\n      <span class=\"lk-stay-cta\">\n        <svg width=\"14\" height=\"14\" viewBox=\"0 0 24 24\" fill=\"none\" stroke=\"currentColor\" stroke-width=\"2\"><path d=\"M18 13v6a2 2 0 0 1-2 2H5a2 2 0 0 1-2-2V8a2 2 0 0 1 2-2h6\"\/><polyline points=\"15 3 21 3 21 9\"\/><line x1=\"10\" y1=\"14\" x2=\"21\" y2=\"3\"\/><\/svg>\n        Kontrollera tillg\u00e4nglighet\n      <\/span>\n    <\/a>\n\n    <a class=\"lk-stay-card\" href=\"https:\/\/www.stay22.com\/allez\/roam?aid=lukaskonecny&#038;campaign=loudavymkrokemcz&#038;campaign=sv&#038;campaign=bonigen&#038;hotelname=TCS%20Camping%20B%C3%B6nigen%20Brienzersee&#038;address=B%C3%B6nigen%2C%20%C5%A0v%C3%BDcarsko\" target=\"_blank\" rel=\"nofollow noopener\">\n      <span class=\"lk-stay-badge badge-nature\">\u26fa Camping<\/span>\n      <div class=\"lk-stay-name\">TCS Camping B\u00f6nigen Brienzersee<\/div>\n      <div class=\"lk-stay-desc\">Perfekt budgetalternativ direkt vid sj\u00f6n 200 m fr\u00e5n stranden. Ingen pool, bara plaskdamm.<\/div>\n      <div class=\"lk-stay-meta\">\n        <span class=\"lk-stay-stars\">\u2605\u2605\u2605\u2605<\/span>\n        <span class=\"lk-stay-price\">fr\u00e5n 72-80 EUR\/natt<\/span>\n      <\/div>\n      <span class=\"lk-stay-cta\">\n        <svg width=\"14\" height=\"14\" viewBox=\"0 0 24 24\" fill=\"none\" stroke=\"currentColor\" stroke-width=\"2\"><path d=\"M18 13v6a2 2 0 0 1-2 2H5a2 2 0 0 1-2-2V8a2 2 0 0 1 2-2h6\"\/><polyline points=\"15 3 21 3 21 9\"\/><line x1=\"10\" y1=\"14\" x2=\"21\" y2=\"3\"\/><\/svg>\n        Kontrollera tillg\u00e4nglighet\n      <\/span>\n    <\/a>\n\n    <a class=\"lk-stay-card\" href=\"https:\/\/www.stay22.com\/allez\/roam?aid=lukaskonecny&#038;campaign=loudavymkrokemcz&#038;campaign=sv&#038;campaign=bonigen&#038;hotelname=Mountain%20and%20Lake&#038;address=B%C3%B6nigen%2C%20%C5%A0v%C3%BDcarsko\" target=\"_blank\" rel=\"nofollow noopener\">\n      <span class=\"lk-stay-badge badge-nature\">\ud83c\udfe1 L\u00e4genhet<\/span>\n      <div class=\"lk-stay-name\">Mountain and Lake<\/div>\n      <div class=\"lk-stay-desc\">Fantastiskt betygsatt privat l\u00e4genhet med fullt utrustat k\u00f6k och vacker terrass f\u00f6r l\u00e4ngre vistelse.<\/div>\n      <div class=\"lk-stay-meta\">\n        <span class=\"lk-stay-stars\">\u2605\u2605\u2605\u2605<\/span>\n        <span class=\"lk-stay-price\">Kontrollera priser<\/span>\n      <\/div>\n      <span class=\"lk-stay-cta\">\n        <svg width=\"14\" height=\"14\" viewBox=\"0 0 24 24\" fill=\"none\" stroke=\"currentColor\" stroke-width=\"2\"><path d=\"M18 13v6a2 2 0 0 1-2 2H5a2 2 0 0 1-2-2V8a2 2 0 0 1 2-2h6\"\/><polyline points=\"15 3 21 3 21 9\"\/><line x1=\"10\" y1=\"14\" x2=\"21\" y2=\"3\"\/><\/svg>\n        Kontrollera tillg\u00e4nglighet\n      <\/span>\n    <\/a>\n\n    <a class=\"lk-stay-card\" href=\"https:\/\/www.stay22.com\/allez\/roam?aid=lukaskonecny&#038;campaign=loudavymkrokemcz&#038;campaign=sv&#038;campaign=bonigen&#038;hotelname=Walida&#038;address=B%C3%B6nigen%2C%20%C5%A0v%C3%BDcarsko\" target=\"_blank\" rel=\"nofollow noopener\">\n      <span class=\"lk-stay-badge badge-nature\">\ud83c\udfe8 Hotell<\/span>\n      <div class=\"lk-stay-name\">Walida<\/div>\n      <div class=\"lk-stay-desc\">Enklare men trevligt hotell till rimligt pris, balkonger med utsikt \u00f6ver alpiska toppar.<\/div>\n      <div class=\"lk-stay-meta\">\n        <span class=\"lk-stay-stars\">\u2605\u2605\u2605\u2605<\/span>\n        <span class=\"lk-stay-price\">Kontrollera priser<\/span>\n      <\/div>\n      <span class=\"lk-stay-cta\">\n        <svg width=\"14\" height=\"14\" viewBox=\"0 0 24 24\" fill=\"none\" stroke=\"currentColor\" stroke-width=\"2\"><path d=\"M18 13v6a2 2 0 0 1-2 2H5a2 2 0 0 1-2-2V8a2 2 0 0 1 2-2h6\"\/><polyline points=\"15 3 21 3 21 9\"\/><line x1=\"10\" y1=\"14\" x2=\"21\" y2=\"3\"\/><\/svg>\n        Kontrollera tillg\u00e4nglighet\n      <\/span>\n    <\/a>\n\n    <a class=\"lk-stay-card\" href=\"https:\/\/www.stay22.com\/allez\/roam?aid=lukaskonecny&#038;campaign=loudavymkrokemcz&#038;campaign=sv&#038;campaign=bonigen&#038;address=B%C3%B6nigen&#038;hotelname=Grandhotel+Giessbach&#038;search=Grandhotel+Giessbach&#038;category=accommodation\" target=\"_blank\" rel=\"nofollow noopener\">\n      <span class=\"lk-stay-badge badge-nature\">\u2b50 Lyx<\/span>\n      <div class=\"lk-stay-name\">Grandhotel Giessbach<\/div>\n      <div class=\"lk-stay-desc\">Lyxigt palats fr\u00e5n 1800-talet ovanf\u00f6r Giessbachfallen med 22 hektar park och utsiktsterrass.<\/div>\n      <div class=\"lk-stay-meta\">\n        <span class=\"lk-stay-stars\">\u2605\u2605\u2605\u2605<\/span>\n        <span class=\"lk-stay-price\">Kontrollera priser<\/span>\n      <\/div>\n      <span class=\"lk-stay-cta\">\n        <svg width=\"14\" height=\"14\" viewBox=\"0 0 24 24\" fill=\"none\" stroke=\"currentColor\" stroke-width=\"2\"><path d=\"M18 13v6a2 2 0 0 1-2 2H5a2 2 0 0 1-2-2V8a2 2 0 0 1 2-2h6\"\/><polyline points=\"15 3 21 3 21 9\"\/><line x1=\"10\" y1=\"14\" x2=\"21\" y2=\"3\"\/><\/svg>\n        Kontrollera tillg\u00e4nglighet\n      <\/span>\n    <\/a>\n\n  <\/div>\n\n  \n<\/div>\n\n\n\n\n<h3 class=\"wp-block-heading\"><span class=\"ez-toc-section\" id=\"15_Mannlichen_och_panoramavagen_till_Kleine_Scheidegg\"><\/span>15. M\u00e4nnlichen och panoramav\u00e4gen till Kleine Scheidegg<span class=\"ez-toc-section-end\"><\/span><\/h3>\n\n\n\n<p class=\"wp-block-paragraph\">Det h\u00e4r \u00e4r mitt sj\u00e4lvklara val n\u00e4r du g\u00e5r till bergs med sm\u00e5 barn. Linbanan tar dig upp till <strong>M\u00e4nnlichen p\u00e5 2 222 meter<\/strong> och d\u00e4rifr\u00e5n g\u00e5r en <strong>4,5 kilometer l\u00e5ng panoramav\u00e4g<\/strong> till Kleine Scheidegg, som tar en timme till en och en halv. N\u00e4stan hela v\u00e4gen g\u00e5r det nedf\u00f6r och <strong>det \u00e4r en bred grusv\u00e4g som \u00e4r farbar \u00e4ven med terr\u00e4ngvagn<\/strong>.<\/p>\n\n\n\n<p class=\"wp-block-paragraph\">Hela tiden har du <strong>Eiger, M\u00f6nch och Jungfrau<\/strong> rakt framf\u00f6r dig, s\u00e5 det \u00e4r det b\u00e4sta f\u00f6rh\u00e5llandet mellan utsikt och anstr\u00e4ngning du hittar i regionen. Vid m\u00e5let p\u00e5 <strong>Kleine Scheidegg p\u00e5 2 061 meter<\/strong> hoppar du p\u00e5 t\u00e5get och l\u00e5ter dig k\u00f6ras tillbaka ner.<\/p>\n\n\n\n<p class=\"wp-block-paragraph\">Innan du ger dig av, g\u00f6r dessutom <strong>Royal Walk<\/strong> \u2014 det \u00e4r en avstickare fr\u00e5n den \u00f6vre stationen till sj\u00e4lva M\u00e4nnlichens topp p\u00e5 2 345 meter. Du stiger bara drygt hundra meter och det tar <strong>en halvtimme<\/strong>, men utsikten d\u00e4r uppe \u00e4r i en helt annan klass \u00e4n fr\u00e5n stationen.<\/p>\n\n\n\n<p class=\"wp-block-paragraph\">\ud83d\udca1 Tips: Linbanorna till M\u00e4nnlichen g\u00e5r <strong>fr\u00e5n 23 maj till 25 oktober<\/strong>. Fr\u00e5n Wengen kan du f\u00f6r en femfranctill\u00e4gg k\u00f6pa till en &#8221;Royal Ride&#8221; och \u00e5ka <strong>p\u00e5 en \u00f6ppen balkong p\u00e5 taket av kabinen<\/strong> \u2014 barnen blir alldeles till sig av det.<\/p>\n\n\n\n<figure data-wp-context=\"{&quot;imageId&quot;:&quot;6a9567005031c&quot;}\" data-wp-interactive=\"core\/image\" data-wp-key=\"6a9567005031c\" class=\"wp-block-image size-full wp-lightbox-container\"><img decoding=\"async\" width=\"1920\" height=\"1289\" data-wp-class--hide=\"state.isContentHidden\" data-wp-class--show=\"state.isContentVisible\" data-wp-init=\"callbacks.setButtonStyles\" data-wp-on--click=\"actions.showLightbox\" data-wp-on--load=\"callbacks.setButtonStyles\" data-wp-on--pointerdown=\"actions.preloadImage\" data-wp-on--pointerenter=\"actions.preloadImageWithDelay\" data-wp-on--pointerleave=\"actions.cancelPreload\" data-wp-on-window--resize=\"callbacks.setButtonStyles\" src=\"https:\/\/loudavymkrokem.cz\/wp-content\/uploads\/2026\/08\/bonigen-eiger-severni-stena-1.jpg\" alt=\"Eigers nordv\u00e4gg, under vilken Eiger Trail l\u00f6per\" class=\"wp-image-407136\" title=\"\" srcset=\"https:\/\/loudavymkrokem.cz\/wp-content\/uploads\/2026\/08\/bonigen-eiger-severni-stena-1.jpg 1920w, https:\/\/loudavymkrokem.cz\/wp-content\/uploads\/2026\/08\/bonigen-eiger-severni-stena-1-300x201.jpg 300w, https:\/\/loudavymkrokem.cz\/wp-content\/uploads\/2026\/08\/bonigen-eiger-severni-stena-1-700x470.jpg 700w, https:\/\/loudavymkrokem.cz\/wp-content\/uploads\/2026\/08\/bonigen-eiger-severni-stena-1-768x516.jpg 768w, https:\/\/loudavymkrokem.cz\/wp-content\/uploads\/2026\/08\/bonigen-eiger-severni-stena-1-1536x1031.jpg 1536w, https:\/\/loudavymkrokem.cz\/wp-content\/uploads\/2026\/08\/bonigen-eiger-severni-stena-1-696x467.jpg 696w, https:\/\/loudavymkrokem.cz\/wp-content\/uploads\/2026\/08\/bonigen-eiger-severni-stena-1-1392x935.jpg 1392w\" sizes=\"(max-width: 1920px) 100vw, 1920px\" \/><button\n\t\t\tclass=\"lightbox-trigger\"\n\t\t\ttype=\"button\"\n\t\t\taria-haspopup=\"dialog\"\n\t\t\tdata-wp-bind--aria-label=\"state.thisImage.triggerButtonAriaLabel\"\n\t\t\tdata-wp-init=\"callbacks.initTriggerButton\"\n\t\t\tdata-wp-on--click=\"actions.showLightbox\"\n\t\t\tdata-wp-style--right=\"state.thisImage.buttonRight\"\n\t\t\tdata-wp-style--top=\"state.thisImage.buttonTop\"\n\t\t>\n\t\t\t<svg xmlns=\"http:\/\/www.w3.org\/2000\/svg\" width=\"12\" height=\"12\" fill=\"none\" viewBox=\"0 0 12 12\">\n\t\t\t\t<path fill=\"#fff\" d=\"M2 0a2 2 0 0 0-2 2v2h1.5V2a.5.5 0 0 1 .5-.5h2V0H2Zm2 10.5H2a.5.5 0 0 1-.5-.5V8H0v2a2 2 0 0 0 2 2h2v-1.5ZM8 12v-1.5h2a.5.5 0 0 0 .5-.5V8H12v2a2 2 0 0 1-2 2H8Zm2-12a2 2 0 0 1 2 2v2h-1.5V2a.5.5 0 0 0-.5-.5H8V0h2Z\" \/>\n\t\t\t<\/svg>\n\t\t<\/button><figcaption class=\"wp-element-caption\">Foto: Kurt Ritschard \/ Wikimedia Commons, CC BY-SA 2.0<\/figcaption><\/figure>\n\n\n\n<h3 class=\"wp-block-heading\"><span class=\"ez-toc-section\" id=\"16_Eiger_Trail_direkt_under_nordvaggen\"><\/span>16. Eiger Trail direkt under nordv\u00e4ggen<span class=\"ez-toc-section-end\"><\/span><\/h3>\n\n\n\n<p class=\"wp-block-paragraph\">Om du intresserar dig f\u00f6r bergen \u00e4ven som ber\u00e4ttelse \u00e4r det h\u00e4r leden. Du tar dig upp till <strong>Eigergletscher p\u00e5 2 348 meter<\/strong> och d\u00e4rifr\u00e5n g\u00e5r du <strong>ungef\u00e4r sex kilometer ner till Alpiglen p\u00e5 1 616 meter<\/strong>. Under hela tv\u00e5 timmar r\u00f6r du dig direkt under <strong>Eigers nordv\u00e4gg<\/strong>, som reser sig \u00f6ver 1 600 meter ovanf\u00f6r dig.<\/p>\n\n\n\n<p class=\"wp-block-paragraph\">Det \u00e4r en plats d\u00e4r bergskl\u00e4ttrares \u00f6den skrevs och slutade, och p\u00e5 leden hittar du \u00e4ven en tavla med minnesplaketter. V\u00e4gen \u00e4r m\u00e4rkt som <strong>medelsv\u00e5r, du sjunker cirka 780 meter<\/strong> och i de mer exponerade partierna finns s\u00e4kringslinor sp\u00e4nda. Man kan \u00e4ta och dricka i b\u00f6rjan och i slutet.<\/p>\n\n\n\n<p class=\"wp-block-paragraph\">Var uppm\u00e4rksam p\u00e5 s\u00e4songen, eftersom den h\u00e4r stigen \u00f6ppnar senast av alla. <strong>Sn\u00f6n h\u00e5ller den ofta st\u00e4ngd \u00e4nda till b\u00f6rjan av juli<\/strong> och den brukar vara framkomlig till ungef\u00e4r mitten av oktober. Kontrollera alltid det aktuella l\u00e4get f\u00f6re utflykten \u2014 det kan \u00e4ndras fr\u00e5n en dag till en annan.<\/p>\n\n\n\n<p class=\"wp-block-paragraph\">\ud83d\udca1 Tips: <strong>Med barnvagn kommer du inte hit<\/strong> och mindre barn beh\u00f6ver hj\u00e4lp i de stenigare partierna. Tillbaka fr\u00e5n Alpiglen g\u00e5r t\u00e5get till Grindelwald, men det \u00e4r en <strong>station p\u00e5 beg\u00e4ran<\/strong>, s\u00e5 gl\u00f6m inte att signalera till f\u00f6raren.<\/p>\n\n\n\n<figure data-wp-context=\"{&quot;imageId&quot;:&quot;6a9567005081e&quot;}\" data-wp-interactive=\"core\/image\" data-wp-key=\"6a9567005081e\" class=\"wp-block-image size-full wp-lightbox-container\"><img decoding=\"async\" width=\"1920\" height=\"1282\" data-wp-class--hide=\"state.isContentHidden\" data-wp-class--show=\"state.isContentVisible\" data-wp-init=\"callbacks.setButtonStyles\" data-wp-on--click=\"actions.showLightbox\" data-wp-on--load=\"callbacks.setButtonStyles\" data-wp-on--pointerdown=\"actions.preloadImage\" data-wp-on--pointerenter=\"actions.preloadImageWithDelay\" data-wp-on--pointerleave=\"actions.cancelPreload\" data-wp-on-window--resize=\"callbacks.setButtonStyles\" src=\"https:\/\/loudavymkrokem.cz\/wp-content\/uploads\/2026\/08\/bonigen-niederhorn-kozorozec-1.jpg\" alt=\"Unga stenbockar p\u00e5 Niederhorns \u00e5s i skymningen\" class=\"wp-image-407139\" title=\"\" srcset=\"https:\/\/loudavymkrokem.cz\/wp-content\/uploads\/2026\/08\/bonigen-niederhorn-kozorozec-1.jpg 1920w, https:\/\/loudavymkrokem.cz\/wp-content\/uploads\/2026\/08\/bonigen-niederhorn-kozorozec-1-300x200.jpg 300w, https:\/\/loudavymkrokem.cz\/wp-content\/uploads\/2026\/08\/bonigen-niederhorn-kozorozec-1-700x467.jpg 700w, https:\/\/loudavymkrokem.cz\/wp-content\/uploads\/2026\/08\/bonigen-niederhorn-kozorozec-1-768x513.jpg 768w, https:\/\/loudavymkrokem.cz\/wp-content\/uploads\/2026\/08\/bonigen-niederhorn-kozorozec-1-1536x1026.jpg 1536w, https:\/\/loudavymkrokem.cz\/wp-content\/uploads\/2026\/08\/bonigen-niederhorn-kozorozec-1-696x465.jpg 696w, https:\/\/loudavymkrokem.cz\/wp-content\/uploads\/2026\/08\/bonigen-niederhorn-kozorozec-1-1392x929.jpg 1392w\" sizes=\"(max-width: 1920px) 100vw, 1920px\" \/><button\n\t\t\tclass=\"lightbox-trigger\"\n\t\t\ttype=\"button\"\n\t\t\taria-haspopup=\"dialog\"\n\t\t\tdata-wp-bind--aria-label=\"state.thisImage.triggerButtonAriaLabel\"\n\t\t\tdata-wp-init=\"callbacks.initTriggerButton\"\n\t\t\tdata-wp-on--click=\"actions.showLightbox\"\n\t\t\tdata-wp-style--right=\"state.thisImage.buttonRight\"\n\t\t\tdata-wp-style--top=\"state.thisImage.buttonTop\"\n\t\t>\n\t\t\t<svg xmlns=\"http:\/\/www.w3.org\/2000\/svg\" width=\"12\" height=\"12\" fill=\"none\" viewBox=\"0 0 12 12\">\n\t\t\t\t<path fill=\"#fff\" d=\"M2 0a2 2 0 0 0-2 2v2h1.5V2a.5.5 0 0 1 .5-.5h2V0H2Zm2 10.5H2a.5.5 0 0 1-.5-.5V8H0v2a2 2 0 0 0 2 2h2v-1.5ZM8 12v-1.5h2a.5.5 0 0 0 .5-.5V8H12v2a2 2 0 0 1-2 2H8Zm2-12a2 2 0 0 1 2 2v2h-1.5V2a.5.5 0 0 0-.5-.5H8V0h2Z\" \/>\n\t\t\t<\/svg>\n\t\t<\/button><figcaption class=\"wp-element-caption\">Foto: Ostaehli \/ Wikimedia Commons, CC BY-SA 4.0<\/figcaption><\/figure>\n\n\n\n<h3 class=\"wp-block-heading\"><span class=\"ez-toc-section\" id=\"17_Niederhorn_och_stenbockar_ovanfor_Thunsjon\"><\/span>17. Niederhorn och stenbockar ovanf\u00f6r Thunsj\u00f6n<span class=\"ez-toc-section-end\"><\/span><\/h3>\n\n\n\n<p class=\"wp-block-paragraph\">Medan alla \u00e5ker till Grindelwald ligger p\u00e5 andra sidan Interlaken <strong>Niederhorn p\u00e5 1 950 meter<\/strong> och d\u00e4r \u00e4r det betydligt lugnare. Upp tar du dig fr\u00e5n Thunsj\u00f6ns strand med bergbana och sedan gondol, det tar totalt <strong>ungef\u00e4r en halvtimme<\/strong>.<\/p>\n\n\n\n<p class=\"wp-block-paragraph\">Den stora attraktionen h\u00e4r \u00e4r <strong>stenbockarna<\/strong>. Den lokala kolonin grundades 1949 genom att man sl\u00e4ppte ut tre bockar och idag lever h\u00e4r <strong>sjuttiofem till hundra<\/strong> stycken. Fr\u00e5n juli till september ger sig dessutom varje torsdag f\u00f6rmiddag en guidad expedition med en lokal expert iv\u00e4g direkt till hjordarna.<\/p>\n\n\n\n<p class=\"wp-block-paragraph\">\u00c5svandringen h\u00e4rifr\u00e5n till <strong>Gemmenalphorn p\u00e5 2 061 meter<\/strong> fick guldmedalj f\u00f6r Schweiz vackraste vandringsled, men det \u00e4r en heldagsaff\u00e4r f\u00f6r duktiga. Med barn r\u00e4cker det med en <strong>sexhundrameters rundslinga direkt vid stationen<\/strong>, som du klarar p\u00e5 en halvtimme och d\u00e4r uppe finns en restaurang med lekplats.<\/p>\n\n\n\n<p class=\"wp-block-paragraph\">\ud83d\udca1 Tips: Linbanorna g\u00e5r <strong>fr\u00e5n 1 maj till 15 november<\/strong>. Returbiljetten fr\u00e5n sj\u00f6n g\u00e5r p\u00e5 65 franc, men om du \u00e5ker buss \u00e4nda upp till Beatenberg och stiger p\u00e5 d\u00e4r <strong>betalar du bara 49<\/strong>. Niederhorn ger dessutom <strong>familjerabatt \u2014 du betalar bara f\u00f6r det f\u00f6rsta barnet<\/strong>.<\/p>\n\n\n\n<figure data-wp-context=\"{&quot;imageId&quot;:&quot;6a95670050d4b&quot;}\" data-wp-interactive=\"core\/image\" data-wp-key=\"6a95670050d4b\" class=\"wp-block-image size-full wp-lightbox-container\"><img decoding=\"async\" width=\"1920\" height=\"1280\" data-wp-class--hide=\"state.isContentHidden\" data-wp-class--show=\"state.isContentVisible\" data-wp-init=\"callbacks.setButtonStyles\" data-wp-on--click=\"actions.showLightbox\" data-wp-on--load=\"callbacks.setButtonStyles\" data-wp-on--pointerdown=\"actions.preloadImage\" data-wp-on--pointerenter=\"actions.preloadImageWithDelay\" data-wp-on--pointerleave=\"actions.cancelPreload\" data-wp-on-window--resize=\"callbacks.setButtonStyles\" src=\"https:\/\/loudavymkrokem.cz\/wp-content\/uploads\/2026\/08\/bonigen-brienzer-rothorn-parni-lokomotiva.jpg\" alt=\"\u00c5nglok p\u00e5 kuggbanan vid toppstationen Brienzer Rothorn\" class=\"wp-image-407156\" title=\"\" srcset=\"https:\/\/loudavymkrokem.cz\/wp-content\/uploads\/2026\/08\/bonigen-brienzer-rothorn-parni-lokomotiva.jpg 1920w, https:\/\/loudavymkrokem.cz\/wp-content\/uploads\/2026\/08\/bonigen-brienzer-rothorn-parni-lokomotiva-300x200.jpg 300w, https:\/\/loudavymkrokem.cz\/wp-content\/uploads\/2026\/08\/bonigen-brienzer-rothorn-parni-lokomotiva-700x467.jpg 700w, https:\/\/loudavymkrokem.cz\/wp-content\/uploads\/2026\/08\/bonigen-brienzer-rothorn-parni-lokomotiva-768x512.jpg 768w, https:\/\/loudavymkrokem.cz\/wp-content\/uploads\/2026\/08\/bonigen-brienzer-rothorn-parni-lokomotiva-1536x1024.jpg 1536w, https:\/\/loudavymkrokem.cz\/wp-content\/uploads\/2026\/08\/bonigen-brienzer-rothorn-parni-lokomotiva-696x464.jpg 696w, https:\/\/loudavymkrokem.cz\/wp-content\/uploads\/2026\/08\/bonigen-brienzer-rothorn-parni-lokomotiva-1392x928.jpg 1392w\" sizes=\"(max-width: 1920px) 100vw, 1920px\" \/><button\n\t\t\tclass=\"lightbox-trigger\"\n\t\t\ttype=\"button\"\n\t\t\taria-haspopup=\"dialog\"\n\t\t\tdata-wp-bind--aria-label=\"state.thisImage.triggerButtonAriaLabel\"\n\t\t\tdata-wp-init=\"callbacks.initTriggerButton\"\n\t\t\tdata-wp-on--click=\"actions.showLightbox\"\n\t\t\tdata-wp-style--right=\"state.thisImage.buttonRight\"\n\t\t\tdata-wp-style--top=\"state.thisImage.buttonTop\"\n\t\t>\n\t\t\t<svg xmlns=\"http:\/\/www.w3.org\/2000\/svg\" width=\"12\" height=\"12\" fill=\"none\" viewBox=\"0 0 12 12\">\n\t\t\t\t<path fill=\"#fff\" d=\"M2 0a2 2 0 0 0-2 2v2h1.5V2a.5.5 0 0 1 .5-.5h2V0H2Zm2 10.5H2a.5.5 0 0 1-.5-.5V8H0v2a2 2 0 0 0 2 2h2v-1.5ZM8 12v-1.5h2a.5.5 0 0 0 .5-.5V8H12v2a2 2 0 0 1-2 2H8Zm2-12a2 2 0 0 1 2 2v2h-1.5V2a.5.5 0 0 0-.5-.5H8V0h2Z\" \/>\n\t\t\t<\/svg>\n\t\t<\/button><figcaption class=\"wp-element-caption\">Foto: Uwelino \/ Wikimedia Commons, CC BY-SA 4.0<\/figcaption><\/figure>\n\n\n\n<h3 class=\"wp-block-heading\"><span class=\"ez-toc-section\" id=\"18_Med_angkuggbana_till_Brienzer_Rothorn\"><\/span>18. Med \u00e5ngkuggbana till Brienzer Rothorn<span class=\"ez-toc-section-end\"><\/span><\/h3>\n\n\n\n<p class=\"wp-block-paragraph\">Den h\u00e4r utflykten \u00e4r en upplevelse redan i sig genom sj\u00e4lva resan. Fr\u00e5n Brienz i andra \u00e4nden av sj\u00f6n avg\u00e5r en <strong>kuggbana med \u00e5nglok fr\u00e5n 1892<\/strong>, som tillsammans med Furka-banan \u00e4r <strong>den enda regelbundet \u00e5ngdrivna j\u00e4rnv\u00e4gen i Schweiz<\/strong>. P\u00e5 en timme kl\u00e4ttrar den l\u00e4ngs sju och en halv kilometer r\u00e4ls upp <strong>1 678 h\u00f6jdmeter<\/strong>.<\/p>\n\n\n\n<p class=\"wp-block-paragraph\">Toppstationen ligger p\u00e5 <strong>2 244 meter<\/strong> och till sj\u00e4lva toppen av Brienzer Rothorn p\u00e5 2 350 meter g\u00e5r du <strong>p\u00e5 femton minuter<\/strong>. Utsikten h\u00e4rifr\u00e5n \u00e4r enast\u00e5ende \u2014 det s\u00e4gs att man h\u00e4rifr\u00e5n kan se <strong>693 toppar<\/strong>. D\u00e4r uppe finns tv\u00e5 restauranger och man kan \u00e4ven \u00f6vernatta p\u00e5 bergshotellet.<\/p>\n\n\n\n<p class=\"wp-block-paragraph\">Den som vill g\u00e5 till fots kan stiga ner till mellanstationen <strong>Planalp p\u00e5 tv\u00e5 och en halv timme<\/strong> och d\u00e4rifr\u00e5n \u00e5ka t\u00e5g. Man sjunker d\u00e5 cirka tusen meter, s\u00e5 det tar p\u00e5 kn\u00e4na. Fr\u00e5n B\u00f6nigen kommer du hit via Interlaken Ost, varifr\u00e5n det \u00e4r <strong>knappt tjugo minuter<\/strong> med t\u00e5g till Brienz.<\/p>\n\n\n\n<p class=\"wp-block-paragraph\">\ud83d\udca1 Tips: \u00c4nda upp till toppen \u00e5ker man <strong>bara fr\u00e5n 6 juni till 25 oktober<\/strong>, dessf\u00f6rinnan slutar banan vid Planalp. Returbiljetten kostar 98 franc, men <strong>barn mellan sex och femton \u00e5r \u00e5ker f\u00f6r tio franc<\/strong> och med Berner Oberland Pass \u00e5ker du gratis. F\u00f6r \u00e5tta franc kan du boka en specifik plats.<\/p>\n\n\n\n<figure data-wp-context=\"{&quot;imageId&quot;:&quot;6a95670051228&quot;}\" data-wp-interactive=\"core\/image\" data-wp-key=\"6a95670051228\" class=\"wp-block-image size-full wp-lightbox-container\"><img decoding=\"async\" width=\"1800\" height=\"1224\" data-wp-class--hide=\"state.isContentHidden\" data-wp-class--show=\"state.isContentVisible\" data-wp-init=\"callbacks.setButtonStyles\" data-wp-on--click=\"actions.showLightbox\" data-wp-on--load=\"callbacks.setButtonStyles\" data-wp-on--pointerdown=\"actions.preloadImage\" data-wp-on--pointerenter=\"actions.preloadImageWithDelay\" data-wp-on--pointerleave=\"actions.cancelPreload\" data-wp-on-window--resize=\"callbacks.setButtonStyles\" src=\"https:\/\/loudavymkrokem.cz\/wp-content\/uploads\/2026\/08\/articles-bonigen-18.jpg\" alt=\"Brienzsj\u00f6n ur f\u00e5gelperspektiv\" class=\"wp-image-404497\" title=\"\" srcset=\"https:\/\/loudavymkrokem.cz\/wp-content\/uploads\/2026\/08\/articles-bonigen-18.jpg 1800w, https:\/\/loudavymkrokem.cz\/wp-content\/uploads\/2026\/08\/articles-bonigen-18-300x204.jpg 300w, https:\/\/loudavymkrokem.cz\/wp-content\/uploads\/2026\/08\/articles-bonigen-18-700x476.jpg 700w, https:\/\/loudavymkrokem.cz\/wp-content\/uploads\/2026\/08\/articles-bonigen-18-768x522.jpg 768w, https:\/\/loudavymkrokem.cz\/wp-content\/uploads\/2026\/08\/articles-bonigen-18-1536x1044.jpg 1536w, https:\/\/loudavymkrokem.cz\/wp-content\/uploads\/2026\/08\/articles-bonigen-18-696x473.jpg 696w, https:\/\/loudavymkrokem.cz\/wp-content\/uploads\/2026\/08\/articles-bonigen-18-1392x947.jpg 1392w\" sizes=\"(max-width: 1800px) 100vw, 1800px\" \/><button\n\t\t\tclass=\"lightbox-trigger\"\n\t\t\ttype=\"button\"\n\t\t\taria-haspopup=\"dialog\"\n\t\t\tdata-wp-bind--aria-label=\"state.thisImage.triggerButtonAriaLabel\"\n\t\t\tdata-wp-init=\"callbacks.initTriggerButton\"\n\t\t\tdata-wp-on--click=\"actions.showLightbox\"\n\t\t\tdata-wp-style--right=\"state.thisImage.buttonRight\"\n\t\t\tdata-wp-style--top=\"state.thisImage.buttonTop\"\n\t\t>\n\t\t\t<svg xmlns=\"http:\/\/www.w3.org\/2000\/svg\" width=\"12\" height=\"12\" fill=\"none\" viewBox=\"0 0 12 12\">\n\t\t\t\t<path fill=\"#fff\" d=\"M2 0a2 2 0 0 0-2 2v2h1.5V2a.5.5 0 0 1 .5-.5h2V0H2Zm2 10.5H2a.5.5 0 0 1-.5-.5V8H0v2a2 2 0 0 0 2 2h2v-1.5ZM8 12v-1.5h2a.5.5 0 0 0 .5-.5V8H12v2a2 2 0 0 1-2 2H8Zm2-12a2 2 0 0 1 2 2v2h-1.5V2a.5.5 0 0 0-.5-.5H8V0h2Z\" \/>\n\t\t\t<\/svg>\n\t\t<\/button><figcaption class=\"wp-element-caption\">Foto: Carsten Steger \/ Wikimedia Commons, CC BY-SA 4.0<\/figcaption><\/figure>\n\n\n\n<h2 class=\"wp-block-heading\"><span class=\"ez-toc-section\" id=\"Utflykter_fran_Bonigen_6_tips_pa_omgivningen\"><\/span>Utflykter fr\u00e5n B\u00f6nigen: 6 tips p\u00e5 omgivningen<span class=\"ez-toc-section-end\"><\/span><\/h2>\n\n\n\n<p class=\"wp-block-paragraph\">Om du har B\u00f6nigen som din hemmabas \u00f6ppnar sig <strong>hela Berner Oberland<\/strong> f\u00f6r dig som p\u00e5 en karta. H\u00e4r beh\u00f6ver du redan <strong>lite st\u00f6rre budget<\/strong>, eftersom de schweiziska linbanorna och bergst\u00e5gen inte \u00e4r n\u00e5gon billig historia, men upplevelserna fr\u00e5n dem stannar kvar i minnet f\u00f6r resten av livet.<\/p>\n\n\n\n<p class=\"wp-block-paragraph\">Jag rekommenderar att du planerar utflykterna efter <strong>den aktuella v\u00e4derprognosen<\/strong>. Det \u00e4r bara meningsfullt att \u00e5ka till de dyra bergsutsikterna de dagar d\u00e5 himlen \u00e4r <strong>helt klar<\/strong>, annars betalar du tiotals franc f\u00f6r en anblick av ogenomtr\u00e4ngligt gr\u00e5 dimma.<\/p>\n\n\n\n<figure data-wp-context=\"{&quot;imageId&quot;:&quot;6a95670051693&quot;}\" data-wp-interactive=\"core\/image\" data-wp-key=\"6a95670051693\" class=\"wp-block-image size-full wp-lightbox-container\"><img decoding=\"async\" width=\"1800\" height=\"1011\" data-wp-class--hide=\"state.isContentHidden\" data-wp-class--show=\"state.isContentVisible\" data-wp-init=\"callbacks.setButtonStyles\" data-wp-on--click=\"actions.showLightbox\" data-wp-on--load=\"callbacks.setButtonStyles\" data-wp-on--pointerdown=\"actions.preloadImage\" data-wp-on--pointerenter=\"actions.preloadImageWithDelay\" data-wp-on--pointerleave=\"actions.cancelPreload\" data-wp-on-window--resize=\"callbacks.setButtonStyles\" src=\"https:\/\/loudavymkrokem.cz\/wp-content\/uploads\/2026\/08\/articles-bonigen-19.jpg\" alt=\"Utsiktspunkten Harder Kulm ovanf\u00f6r Interlaken\" class=\"wp-image-404500\" title=\"\" srcset=\"https:\/\/loudavymkrokem.cz\/wp-content\/uploads\/2026\/08\/articles-bonigen-19.jpg 1800w, https:\/\/loudavymkrokem.cz\/wp-content\/uploads\/2026\/08\/articles-bonigen-19-300x169.jpg 300w, https:\/\/loudavymkrokem.cz\/wp-content\/uploads\/2026\/08\/articles-bonigen-19-700x393.jpg 700w, https:\/\/loudavymkrokem.cz\/wp-content\/uploads\/2026\/08\/articles-bonigen-19-768x431.jpg 768w, https:\/\/loudavymkrokem.cz\/wp-content\/uploads\/2026\/08\/articles-bonigen-19-1536x863.jpg 1536w, https:\/\/loudavymkrokem.cz\/wp-content\/uploads\/2026\/08\/articles-bonigen-19-696x391.jpg 696w, https:\/\/loudavymkrokem.cz\/wp-content\/uploads\/2026\/08\/articles-bonigen-19-1392x782.jpg 1392w\" sizes=\"(max-width: 1800px) 100vw, 1800px\" \/><button\n\t\t\tclass=\"lightbox-trigger\"\n\t\t\ttype=\"button\"\n\t\t\taria-haspopup=\"dialog\"\n\t\t\tdata-wp-bind--aria-label=\"state.thisImage.triggerButtonAriaLabel\"\n\t\t\tdata-wp-init=\"callbacks.initTriggerButton\"\n\t\t\tdata-wp-on--click=\"actions.showLightbox\"\n\t\t\tdata-wp-style--right=\"state.thisImage.buttonRight\"\n\t\t\tdata-wp-style--top=\"state.thisImage.buttonTop\"\n\t\t>\n\t\t\t<svg xmlns=\"http:\/\/www.w3.org\/2000\/svg\" width=\"12\" height=\"12\" fill=\"none\" viewBox=\"0 0 12 12\">\n\t\t\t\t<path fill=\"#fff\" d=\"M2 0a2 2 0 0 0-2 2v2h1.5V2a.5.5 0 0 1 .5-.5h2V0H2Zm2 10.5H2a.5.5 0 0 1-.5-.5V8H0v2a2 2 0 0 0 2 2h2v-1.5ZM8 12v-1.5h2a.5.5 0 0 0 .5-.5V8H12v2a2 2 0 0 1-2 2H8Zm2-12a2 2 0 0 1 2 2v2h-1.5V2a.5.5 0 0 0-.5-.5H8V0h2Z\" \/>\n\t\t\t<\/svg>\n\t\t<\/button><figcaption class=\"wp-element-caption\">Foto: Ollie Craig \/ Pexels<\/figcaption><\/figure>\n\n\n\n<h3 class=\"wp-block-heading\"><span class=\"ez-toc-section\" id=\"19_Harder_Kulm_Interlakens_husberg\"><\/span>19. Harder Kulm: Interlakens husberg<span class=\"ez-toc-section-end\"><\/span><\/h3>\n\n\n\n<p class=\"wp-block-paragraph\">Det h\u00e4r \u00e4r en absolut m\u00e5steupplevelse. <strong>Harder Kulm p\u00e5 1 322 meters h\u00f6jd<\/strong> \u00e4r k\u00e4nt som Interlakens husberg och bjuder p\u00e5 den mest ikoniska utsikten i hela omr\u00e5det. Den historiska bergbanan (funikul\u00e4ren) tar dig upp fr\u00e5n dalen p\u00e5 bara 10 minuter, under vilka den \u00f6vervinner 755 h\u00f6jdmeter p\u00e5 en bara 1,4 kilometer l\u00e5ng bana.<\/p>\n\n\n\n<p class=\"wp-block-paragraph\">F\u00f6r 2026 kostar en <strong>returbiljett f\u00f6r en vuxen 44 CHF<\/strong>. Om du har Swiss Travel Pass eller Berner Oberland Pass f\u00e5r du 50 % rabatt. Linbanan g\u00e5r fr\u00e5n 3 april till 29 november varje halvtimme, varvid du p\u00e5 sommaren kan \u00e5ka ner \u00e4nda till sent p\u00e5 natten.<\/p>\n\n\n\n<p class=\"wp-block-paragraph\">D\u00e4r uppe v\u00e4ntar den ber\u00f6mda <strong>utsiktsplattformen Two Lakes Bridge<\/strong>, som dramatiskt sticker ut \u00f6ver en djup avgrund. Du st\u00e5r p\u00e5 den och ser samtidigt b\u00e5da sj\u00f6arna (Thunersee och Brienzersee) under dig, och rakt framf\u00f6r dig har du den majest\u00e4tiska alptrion Eiger, M\u00f6nch och Jungfrau. Det ser verkligen ut som fr\u00e5n en filmkuliss.<\/p>\n\n\n\n<p class=\"wp-block-paragraph\">\ud83d\udca1 Tips: <strong>Undvik k\u00f6erna<\/strong> och k\u00f6p din <strong>biljett i f\u00f6rv\u00e4g online<\/strong> direkt p\u00e5 webbplatsen <a href=\"https:\/\/www.harder-kulm.com\" target=\"_blank\" rel=\"nofollow noopener\">Harder Kulm<\/a>. Du f\u00e5r en QR-kod till telefonen och g\u00e5r rakt fram till sp\u00e4rrarna.<\/p>\n\n\n\n<figure data-wp-context=\"{&quot;imageId&quot;:&quot;6a95670051b1f&quot;}\" data-wp-interactive=\"core\/image\" data-wp-key=\"6a95670051b1f\" class=\"wp-block-image size-full wp-lightbox-container\"><img decoding=\"async\" width=\"1800\" height=\"1350\" data-wp-class--hide=\"state.isContentHidden\" data-wp-class--show=\"state.isContentVisible\" data-wp-init=\"callbacks.setButtonStyles\" data-wp-on--click=\"actions.showLightbox\" data-wp-on--load=\"callbacks.setButtonStyles\" data-wp-on--pointerdown=\"actions.preloadImage\" data-wp-on--pointerenter=\"actions.preloadImageWithDelay\" data-wp-on--pointerleave=\"actions.cancelPreload\" data-wp-on-window--resize=\"callbacks.setButtonStyles\" src=\"https:\/\/loudavymkrokem.cz\/wp-content\/uploads\/2026\/08\/articles-bonigen-20.jpg\" alt=\"Giessbach-vattenfallens kaskader\" class=\"wp-image-404502\" title=\"\" srcset=\"https:\/\/loudavymkrokem.cz\/wp-content\/uploads\/2026\/08\/articles-bonigen-20.jpg 1800w, https:\/\/loudavymkrokem.cz\/wp-content\/uploads\/2026\/08\/articles-bonigen-20-300x225.jpg 300w, https:\/\/loudavymkrokem.cz\/wp-content\/uploads\/2026\/08\/articles-bonigen-20-700x525.jpg 700w, https:\/\/loudavymkrokem.cz\/wp-content\/uploads\/2026\/08\/articles-bonigen-20-768x576.jpg 768w, https:\/\/loudavymkrokem.cz\/wp-content\/uploads\/2026\/08\/articles-bonigen-20-1536x1152.jpg 1536w, https:\/\/loudavymkrokem.cz\/wp-content\/uploads\/2026\/08\/articles-bonigen-20-80x60.jpg 80w, https:\/\/loudavymkrokem.cz\/wp-content\/uploads\/2026\/08\/articles-bonigen-20-160x120.jpg 160w, https:\/\/loudavymkrokem.cz\/wp-content\/uploads\/2026\/08\/articles-bonigen-20-696x522.jpg 696w, https:\/\/loudavymkrokem.cz\/wp-content\/uploads\/2026\/08\/articles-bonigen-20-1392x1044.jpg 1392w\" sizes=\"(max-width: 1800px) 100vw, 1800px\" \/><button\n\t\t\tclass=\"lightbox-trigger\"\n\t\t\ttype=\"button\"\n\t\t\taria-haspopup=\"dialog\"\n\t\t\tdata-wp-bind--aria-label=\"state.thisImage.triggerButtonAriaLabel\"\n\t\t\tdata-wp-init=\"callbacks.initTriggerButton\"\n\t\t\tdata-wp-on--click=\"actions.showLightbox\"\n\t\t\tdata-wp-style--right=\"state.thisImage.buttonRight\"\n\t\t\tdata-wp-style--top=\"state.thisImage.buttonTop\"\n\t\t>\n\t\t\t<svg xmlns=\"http:\/\/www.w3.org\/2000\/svg\" width=\"12\" height=\"12\" fill=\"none\" viewBox=\"0 0 12 12\">\n\t\t\t\t<path fill=\"#fff\" d=\"M2 0a2 2 0 0 0-2 2v2h1.5V2a.5.5 0 0 1 .5-.5h2V0H2Zm2 10.5H2a.5.5 0 0 1-.5-.5V8H0v2a2 2 0 0 0 2 2h2v-1.5ZM8 12v-1.5h2a.5.5 0 0 0 .5-.5V8H12v2a2 2 0 0 1-2 2H8Zm2-12a2 2 0 0 1 2 2v2h-1.5V2a.5.5 0 0 0-.5-.5H8V0h2Z\" \/>\n\t\t\t<\/svg>\n\t\t<\/button><figcaption class=\"wp-element-caption\">Foto: Metehan \u015eeker \/ Pexels<\/figcaption><\/figure>\n\n\n\n<h3 class=\"wp-block-heading\"><span class=\"ez-toc-section\" id=\"20_Giessbach-vattenfallen_och_passagen_bakom_vattnet\"><\/span>20. Giessbach-vattenfallen och passagen bakom vattnet<span class=\"ez-toc-section-end\"><\/span><\/h3>\n\n\n\n<p class=\"wp-block-paragraph\">Vattnet faller h\u00e4r <strong>i 14 kaskader<\/strong> fr\u00e5n cirka 400 meter direkt ner i sj\u00f6n, och innan du b\u00f6rjar t\u00e4nka att du redan sett vattenfall n\u00e5gon annanstans, v\u00e4nta bara p\u00e5 vad som kommer sedan. Runt vattenfallen l\u00f6per ett <strong>n\u00e4t av perfekt underh\u00e5llna stigar<\/strong> som tar dig \u00e4nda fram till de mest d\u00e5nande och vildaste partierna.<\/p>\n\n\n\n<p class=\"wp-block-paragraph\">Den st\u00f6rsta attraktionen \u00e4r <strong>stigen som g\u00e5r direkt BAKOM ett av vattenfallen<\/strong>. Du kan g\u00e5 under en m\u00e4ktig klippavsats och titta genom den fallande vattenv\u00e4ggen ner mot den turkosa sj\u00f6n och de omgivande bergen. Det \u00e4r en s\u00e4ker, ungef\u00e4r 20-minuters rundslinga som helt kommer att f\u00e4ngsla dig.<\/p>\n\n\n\n<p class=\"wp-block-paragraph\">Hit kan du ta dig med bil (<strong>parkering g\u00e5r p\u00e5 15 CHF<\/strong> per dag i h\u00f6gs\u00e4song), men mycket stiligare \u00e4r det att <strong>komma med b\u00e5t till stoppet<\/strong> Giessbach See. D\u00e4rifr\u00e5n g\u00e5r v\u00e4gen antingen till fots eller med den historiska bergbanan direkt till stigarnas b\u00f6rjan.<\/p>\n\n\n\n<p class=\"wp-block-paragraph\">\ud83d\udca1 Tips: Om du t\u00e4nker dig hit p\u00e5 v\u00e5ren under sn\u00f6sm\u00e4ltningen eller efter kraftiga regn, r\u00e4kna med att du f\u00e5r dig en rej\u00e4l <strong>dusch<\/strong> p\u00e5 stigen bakom vattenfallet. <strong>En regnjacka \u00e4r ett m\u00e5ste<\/strong>.<\/p>\n\n\n\n<figure data-wp-context=\"{&quot;imageId&quot;:&quot;6a95670051f93&quot;}\" data-wp-interactive=\"core\/image\" data-wp-key=\"6a95670051f93\" class=\"wp-block-image size-full wp-lightbox-container\"><img decoding=\"async\" width=\"1800\" height=\"1350\" data-wp-class--hide=\"state.isContentHidden\" data-wp-class--show=\"state.isContentVisible\" data-wp-init=\"callbacks.setButtonStyles\" data-wp-on--click=\"actions.showLightbox\" data-wp-on--load=\"callbacks.setButtonStyles\" data-wp-on--pointerdown=\"actions.preloadImage\" data-wp-on--pointerenter=\"actions.preloadImageWithDelay\" data-wp-on--pointerleave=\"actions.cancelPreload\" data-wp-on-window--resize=\"callbacks.setButtonStyles\" src=\"https:\/\/loudavymkrokem.cz\/wp-content\/uploads\/2026\/08\/articles-bonigen-21.jpg\" alt=\"Grandhotel Giessbach och den historiska bergbanan\" class=\"wp-image-404504\" title=\"\" srcset=\"https:\/\/loudavymkrokem.cz\/wp-content\/uploads\/2026\/08\/articles-bonigen-21.jpg 1800w, https:\/\/loudavymkrokem.cz\/wp-content\/uploads\/2026\/08\/articles-bonigen-21-300x225.jpg 300w, https:\/\/loudavymkrokem.cz\/wp-content\/uploads\/2026\/08\/articles-bonigen-21-700x525.jpg 700w, https:\/\/loudavymkrokem.cz\/wp-content\/uploads\/2026\/08\/articles-bonigen-21-768x576.jpg 768w, https:\/\/loudavymkrokem.cz\/wp-content\/uploads\/2026\/08\/articles-bonigen-21-1536x1152.jpg 1536w, https:\/\/loudavymkrokem.cz\/wp-content\/uploads\/2026\/08\/articles-bonigen-21-80x60.jpg 80w, https:\/\/loudavymkrokem.cz\/wp-content\/uploads\/2026\/08\/articles-bonigen-21-160x120.jpg 160w, https:\/\/loudavymkrokem.cz\/wp-content\/uploads\/2026\/08\/articles-bonigen-21-696x522.jpg 696w, https:\/\/loudavymkrokem.cz\/wp-content\/uploads\/2026\/08\/articles-bonigen-21-1392x1044.jpg 1392w\" sizes=\"(max-width: 1800px) 100vw, 1800px\" \/><button\n\t\t\tclass=\"lightbox-trigger\"\n\t\t\ttype=\"button\"\n\t\t\taria-haspopup=\"dialog\"\n\t\t\tdata-wp-bind--aria-label=\"state.thisImage.triggerButtonAriaLabel\"\n\t\t\tdata-wp-init=\"callbacks.initTriggerButton\"\n\t\t\tdata-wp-on--click=\"actions.showLightbox\"\n\t\t\tdata-wp-style--right=\"state.thisImage.buttonRight\"\n\t\t\tdata-wp-style--top=\"state.thisImage.buttonTop\"\n\t\t>\n\t\t\t<svg xmlns=\"http:\/\/www.w3.org\/2000\/svg\" width=\"12\" height=\"12\" fill=\"none\" viewBox=\"0 0 12 12\">\n\t\t\t\t<path fill=\"#fff\" d=\"M2 0a2 2 0 0 0-2 2v2h1.5V2a.5.5 0 0 1 .5-.5h2V0H2Zm2 10.5H2a.5.5 0 0 1-.5-.5V8H0v2a2 2 0 0 0 2 2h2v-1.5ZM8 12v-1.5h2a.5.5 0 0 0 .5-.5V8H12v2a2 2 0 0 1-2 2H8Zm2-12a2 2 0 0 1 2 2v2h-1.5V2a.5.5 0 0 0-.5-.5H8V0h2Z\" \/>\n\t\t\t<\/svg>\n\t\t<\/button><figcaption class=\"wp-element-caption\">Foto: JoachimKohler-HB \/ Wikimedia Commons, CC BY-SA 4.0<\/figcaption><\/figure>\n\n\n\n<h3 class=\"wp-block-heading\"><span class=\"ez-toc-section\" id=\"21_Schweiz_aldsta_turistbergbana_och_Grandhotellet\"><\/span>21. Schweiz \u00e4ldsta turistbergbana och Grandhotellet<span class=\"ez-toc-section-end\"><\/span><\/h3>\n\n\n\n<p class=\"wp-block-paragraph\">N\u00e4r du \u00e4nd\u00e5 kommer med b\u00e5t nedanf\u00f6r Giessbach-vattenfallen, l\u00e5t inte den tekniska rariteten g\u00e5 dig f\u00f6rbi. Fr\u00e5n bryggan upp till hotellet g\u00e5r <strong>Giessbachbahn \u2014 den \u00e4ldsta bergbanan i Schweiz som fortfarande \u00e4r i drift<\/strong>. Den har g\u00e5tt sedan 1879 och var \u00f6verhuvudtaget den f\u00f6rsta schweiziska bergbanan byggd rent f\u00f6r turister. Dess historiska r\u00f6da vagnar \u00e4r otroligt fotogeniska.<\/p>\n\n\n\n<p class=\"wp-block-paragraph\">Den \u00f6vre stationen spottar ut dig precis framf\u00f6r portarna till det h\u00e4nf\u00f6rande <strong>Grandhotel Giessbach<\/strong>. Detta lyxpalats fr\u00e5n 1800-talet g\u00e4stade societeten fr\u00e5n hela v\u00e4rlden och har \u00e4nnu idag bevarat sin aristokratiska atmosf\u00e4r. Runt hotellet breder en omsorgsfullt sk\u00f6tt <strong>park p\u00e5 otroliga 22 hektar<\/strong> ut sig, som du fritt kan promenera genom.<\/p>\n\n\n\n<p class=\"wp-block-paragraph\">\u00c4ven om du inte bor p\u00e5 hotellet rekommenderar jag verkligen att du s\u00e4tter dig p\u00e5 deras <strong>enorma utsiktsterrass<\/strong>. <strong>Kaffet kostar visserligen en f\u00f6rm\u00f6genhet h\u00e4r<\/strong>, men med vattenfallen i bakgrunden och den aristokratiska atmosf\u00e4ren k\u00e4nner du dig som i en roman av Agatha Christie, och det \u00e4r helt enkelt v\u00e4rt det. \u263a\ufe0f<\/p>\n\n\n\n<p class=\"wp-block-paragraph\">\ud83d\udca1 Tips: Mer om <strong>hotellets historia<\/strong> och <strong>bergbanans aktuella tidtabeller<\/strong> kan du l\u00e4sa p\u00e5 den vackra webbplatsen <a href=\"https:\/\/www.giessbach.ch\" target=\"_blank\" rel=\"nofollow noopener\">Grandhotel Giessbach<\/a>.<\/p>\n\n\n\n<figure data-wp-context=\"{&quot;imageId&quot;:&quot;6a95670052415&quot;}\" data-wp-interactive=\"core\/image\" data-wp-key=\"6a95670052415\" class=\"wp-block-image size-full wp-lightbox-container\"><img decoding=\"async\" width=\"1800\" height=\"1350\" data-wp-class--hide=\"state.isContentHidden\" data-wp-class--show=\"state.isContentVisible\" data-wp-init=\"callbacks.setButtonStyles\" data-wp-on--click=\"actions.showLightbox\" data-wp-on--load=\"callbacks.setButtonStyles\" data-wp-on--pointerdown=\"actions.preloadImage\" data-wp-on--pointerenter=\"actions.preloadImageWithDelay\" data-wp-on--pointerleave=\"actions.cancelPreload\" data-wp-on-window--resize=\"callbacks.setButtonStyles\" src=\"https:\/\/loudavymkrokem.cz\/wp-content\/uploads\/2026\/08\/articles-bonigen-22.jpg\" alt=\"Byn Iseltwald p\u00e5 en halv\u00f6 i sj\u00f6n\" class=\"wp-image-404505\" title=\"\" srcset=\"https:\/\/loudavymkrokem.cz\/wp-content\/uploads\/2026\/08\/articles-bonigen-22.jpg 1800w, https:\/\/loudavymkrokem.cz\/wp-content\/uploads\/2026\/08\/articles-bonigen-22-300x225.jpg 300w, https:\/\/loudavymkrokem.cz\/wp-content\/uploads\/2026\/08\/articles-bonigen-22-700x525.jpg 700w, https:\/\/loudavymkrokem.cz\/wp-content\/uploads\/2026\/08\/articles-bonigen-22-768x576.jpg 768w, https:\/\/loudavymkrokem.cz\/wp-content\/uploads\/2026\/08\/articles-bonigen-22-1536x1152.jpg 1536w, https:\/\/loudavymkrokem.cz\/wp-content\/uploads\/2026\/08\/articles-bonigen-22-80x60.jpg 80w, https:\/\/loudavymkrokem.cz\/wp-content\/uploads\/2026\/08\/articles-bonigen-22-160x120.jpg 160w, https:\/\/loudavymkrokem.cz\/wp-content\/uploads\/2026\/08\/articles-bonigen-22-696x522.jpg 696w, https:\/\/loudavymkrokem.cz\/wp-content\/uploads\/2026\/08\/articles-bonigen-22-1392x1044.jpg 1392w\" sizes=\"(max-width: 1800px) 100vw, 1800px\" \/><button\n\t\t\tclass=\"lightbox-trigger\"\n\t\t\ttype=\"button\"\n\t\t\taria-haspopup=\"dialog\"\n\t\t\tdata-wp-bind--aria-label=\"state.thisImage.triggerButtonAriaLabel\"\n\t\t\tdata-wp-init=\"callbacks.initTriggerButton\"\n\t\t\tdata-wp-on--click=\"actions.showLightbox\"\n\t\t\tdata-wp-style--right=\"state.thisImage.buttonRight\"\n\t\t\tdata-wp-style--top=\"state.thisImage.buttonTop\"\n\t\t>\n\t\t\t<svg xmlns=\"http:\/\/www.w3.org\/2000\/svg\" width=\"12\" height=\"12\" fill=\"none\" viewBox=\"0 0 12 12\">\n\t\t\t\t<path fill=\"#fff\" d=\"M2 0a2 2 0 0 0-2 2v2h1.5V2a.5.5 0 0 1 .5-.5h2V0H2Zm2 10.5H2a.5.5 0 0 1-.5-.5V8H0v2a2 2 0 0 0 2 2h2v-1.5ZM8 12v-1.5h2a.5.5 0 0 0 .5-.5V8H12v2a2 2 0 0 1-2 2H8Zm2-12a2 2 0 0 1 2 2v2h-1.5V2a.5.5 0 0 0-.5-.5H8V0h2Z\" \/>\n\t\t\t<\/svg>\n\t\t<\/button><figcaption class=\"wp-element-caption\">Foto: PKurmannCH \/ Wikimedia Commons, CC BY-SA 4.0<\/figcaption><\/figure>\n\n\n\n<h3 class=\"wp-block-heading\"><span class=\"ez-toc-section\" id=\"22_Iseltwald_och_den_ikoniska_bryggan_fran_tv-serien\"><\/span>22. Iseltwald och den ikoniska bryggan fr\u00e5n tv-serien<span class=\"ez-toc-section-end\"><\/span><\/h3>\n\n\n\n<p class=\"wp-block-paragraph\">Grannbyn Iseltwald \u00e4r en pittoresk liten by som ligger p\u00e5 en liten halv\u00f6, dit du fr\u00e5n B\u00f6nigen kommer med b\u00e5t eller buss 103. Den lokala tr\u00e4bryggan har dock nyligen blivit en viral sensation, eftersom en nyckelscen f\u00f6r <strong>den ber\u00f6mda koreanska Netflix-serien Crash Landing on You<\/strong> spelades in h\u00e4r.<\/p>\n\n\n\n<p class=\"wp-block-paragraph\">Sedan dess str\u00f6mmar skaror av asiatiska turister hit f\u00f6r att ta en bild p\u00e5 samma plats som sina seriehj\u00e4ltar. Byn l\u00f6ste situationen smart och <strong>installerade en sp\u00e4rr framf\u00f6r bryggan som tar ut en &#8221;selfieavgift&#8221; p\u00e5 5 CHF<\/strong>. Int\u00e4kterna g\u00e5r till att st\u00e4da byn och forsla bort avfall efter turistmassorna. Bara 2024 gick n\u00e4stan 50 000 personer genom sp\u00e4rren och byn drog in ungef\u00e4r 245 000 franc p\u00e5 den. De offentliga toaletterna f\u00f6r en franc gav ytterligare 58 000.<\/p>\n\n\n\n<p class=\"wp-block-paragraph\">F\u00f6rutom bryggan ser du h\u00e4r \u00e4ven det <strong>vackra lilla slottet Seeburg fr\u00e5n 1907<\/strong>, som fungerar som byns symbol (tyv\u00e4rr \u00e4r det i privat \u00e4go och du ser det bara utifr\u00e5n). En kort bit fr\u00e5n stranden i sj\u00f6n ligger sedan Schn\u00e4ggeninseli, den enda \u00f6n i Brienzsj\u00f6n, d\u00e4r munkar enligt s\u00e4gnen f\u00f6dde upp sniglar.<\/p>\n\n\n\n<p class=\"wp-block-paragraph\">\ud83d\udca1 Tips: Om du vill <strong>undvika folkmassorna vid sp\u00e4rren<\/strong> och f\u00e5 vara ifred f\u00f6r att titta runt i byn, kolla informationen p\u00e5 <a href=\"https:\/\/www.boenigen-iseltwald.ch\" target=\"_blank\" rel=\"nofollow noopener\">turistwebbplatsen<\/a> och planera ditt bes\u00f6k i Iseltwald till <strong>tidig morgon<\/strong>.<\/p>\n\n\n\n<figure data-wp-context=\"{&quot;imageId&quot;:&quot;6a95670052915&quot;}\" data-wp-interactive=\"core\/image\" data-wp-key=\"6a95670052915\" class=\"wp-block-image size-full wp-lightbox-container\"><img decoding=\"async\" width=\"1800\" height=\"1221\" data-wp-class--hide=\"state.isContentHidden\" data-wp-class--show=\"state.isContentVisible\" data-wp-init=\"callbacks.setButtonStyles\" data-wp-on--click=\"actions.showLightbox\" data-wp-on--load=\"callbacks.setButtonStyles\" data-wp-on--pointerdown=\"actions.preloadImage\" data-wp-on--pointerenter=\"actions.preloadImageWithDelay\" data-wp-on--pointerleave=\"actions.cancelPreload\" data-wp-on-window--resize=\"callbacks.setButtonStyles\" src=\"https:\/\/loudavymkrokem.cz\/wp-content\/uploads\/2026\/08\/articles-bonigen-23.jpg\" alt=\"Kuggbanan till Schynige Platte\" class=\"wp-image-404508\" title=\"\" srcset=\"https:\/\/loudavymkrokem.cz\/wp-content\/uploads\/2026\/08\/articles-bonigen-23.jpg 1800w, https:\/\/loudavymkrokem.cz\/wp-content\/uploads\/2026\/08\/articles-bonigen-23-300x204.jpg 300w, https:\/\/loudavymkrokem.cz\/wp-content\/uploads\/2026\/08\/articles-bonigen-23-700x475.jpg 700w, https:\/\/loudavymkrokem.cz\/wp-content\/uploads\/2026\/08\/articles-bonigen-23-768x521.jpg 768w, https:\/\/loudavymkrokem.cz\/wp-content\/uploads\/2026\/08\/articles-bonigen-23-1536x1042.jpg 1536w, https:\/\/loudavymkrokem.cz\/wp-content\/uploads\/2026\/08\/articles-bonigen-23-696x472.jpg 696w, https:\/\/loudavymkrokem.cz\/wp-content\/uploads\/2026\/08\/articles-bonigen-23-1392x944.jpg 1392w\" sizes=\"(max-width: 1800px) 100vw, 1800px\" \/><button\n\t\t\tclass=\"lightbox-trigger\"\n\t\t\ttype=\"button\"\n\t\t\taria-haspopup=\"dialog\"\n\t\t\tdata-wp-bind--aria-label=\"state.thisImage.triggerButtonAriaLabel\"\n\t\t\tdata-wp-init=\"callbacks.initTriggerButton\"\n\t\t\tdata-wp-on--click=\"actions.showLightbox\"\n\t\t\tdata-wp-style--right=\"state.thisImage.buttonRight\"\n\t\t\tdata-wp-style--top=\"state.thisImage.buttonTop\"\n\t\t>\n\t\t\t<svg xmlns=\"http:\/\/www.w3.org\/2000\/svg\" width=\"12\" height=\"12\" fill=\"none\" viewBox=\"0 0 12 12\">\n\t\t\t\t<path fill=\"#fff\" d=\"M2 0a2 2 0 0 0-2 2v2h1.5V2a.5.5 0 0 1 .5-.5h2V0H2Zm2 10.5H2a.5.5 0 0 1-.5-.5V8H0v2a2 2 0 0 0 2 2h2v-1.5ZM8 12v-1.5h2a.5.5 0 0 0 .5-.5V8H12v2a2 2 0 0 1-2 2H8Zm2-12a2 2 0 0 1 2 2v2h-1.5V2a.5.5 0 0 0-.5-.5H8V0h2Z\" \/>\n\t\t\t<\/svg>\n\t\t<\/button><figcaption class=\"wp-element-caption\">Foto: JoachimKohler-HB \/ Wikimedia Commons, CC BY-SA 4.0<\/figcaption><\/figure>\n\n\n\n<h3 class=\"wp-block-heading\"><span class=\"ez-toc-section\" id=\"23_Schynige_Platte_kuggbana_och_alpin_tradgard\"><\/span>23. Schynige Platte: kuggbana och alpin tr\u00e4dg\u00e5rd<span class=\"ez-toc-section-end\"><\/span><\/h3>\n\n\n\n<p class=\"wp-block-paragraph\">F\u00f6r den h\u00e4r utflykten beh\u00f6ver du bara ta dig till n\u00e4rliggande Wilderswil, varifr\u00e5n den historiska kuggbanan avg\u00e5r upp till <strong>Schynige Platte p\u00e5 1 967 meters h\u00f6jd<\/strong>. F\u00e4rden i de gamla tr\u00e4vagnarna tar n\u00e4stan en timme och det \u00e4r ren romantik. Returbiljetten g\u00e5r 2026 p\u00e5 <strong>68 CHF f\u00f6r en vuxen<\/strong>, med halva biljettpriset eller Swiss Travel Pass p\u00e5 34 CHF och <strong>med Berner Oberland Pass \u00e5ker du gratis<\/strong>. Kuggbanan g\u00e5r fr\u00e5n 13 juni till 25 oktober.<\/p>\n\n\n\n<p class=\"wp-block-paragraph\">D\u00e4r uppe v\u00e4lkomnas du av en h\u00e4nf\u00f6rande <strong>botanisk alpin tr\u00e4dg\u00e5rd<\/strong>, d\u00e4r det l\u00e4ngs en omsorgsfullt sk\u00f6tt rundslinga v\u00e4xer omkring <strong>800 arter av h\u00f6galpina v\u00e4xter<\/strong>, inklusive s\u00e4llsynta edelweiss. Allt \u00e4r fint skyltat och sorterat efter naturliga biotoper.<\/p>\n\n\n\n<p class=\"wp-block-paragraph\">Den b\u00e4sta upplevelsen \u00e4r dock rundslingan <strong>Panoramaweg<\/strong>. Det \u00e4r en sk\u00f6n vandring p\u00e5 ungef\u00e4r 2,5 timme, som tar dig till tv\u00e5 fantastiska utsiktspunkter p\u00e5 klipporna Daube och Oberberghorn. Det \u00e4r en led l\u00e4mplig f\u00f6r hela familjen som inte kr\u00e4ver n\u00e5gra bergskl\u00e4ttringsf\u00e4rdigheter, men som bjuder p\u00e5 utsikter som f\u00f6r proffs.<\/p>\n\n\n\n<p class=\"wp-block-paragraph\">\ud83d\udca1 Tips: 2026 g\u00e4ller vid vissa datum (oftast fr\u00e5n mitten av juni till oktober) <strong>olika specialrabatter<\/strong>, s\u00e5 gl\u00f6m inte att kontrollera vid k\u00f6pet i kassan om du inte har <strong>r\u00e4tt till en billigare biljett<\/strong>.<\/p>\n\n\n\n<figure data-wp-context=\"{&quot;imageId&quot;:&quot;6a95670052e6f&quot;}\" data-wp-interactive=\"core\/image\" data-wp-key=\"6a95670052e6f\" class=\"wp-block-image size-full wp-lightbox-container\"><img decoding=\"async\" width=\"1800\" height=\"1350\" data-wp-class--hide=\"state.isContentHidden\" data-wp-class--show=\"state.isContentVisible\" data-wp-init=\"callbacks.setButtonStyles\" data-wp-on--click=\"actions.showLightbox\" data-wp-on--load=\"callbacks.setButtonStyles\" data-wp-on--pointerdown=\"actions.preloadImage\" data-wp-on--pointerenter=\"actions.preloadImageWithDelay\" data-wp-on--pointerleave=\"actions.cancelPreload\" data-wp-on-window--resize=\"callbacks.setButtonStyles\" src=\"https:\/\/loudavymkrokem.cz\/wp-content\/uploads\/2026\/08\/articles-bonigen-24.jpg\" alt=\"Interlaken med utsikt \u00f6ver Jungfrau\" class=\"wp-image-404509\" title=\"\" srcset=\"https:\/\/loudavymkrokem.cz\/wp-content\/uploads\/2026\/08\/articles-bonigen-24.jpg 1800w, https:\/\/loudavymkrokem.cz\/wp-content\/uploads\/2026\/08\/articles-bonigen-24-300x225.jpg 300w, https:\/\/loudavymkrokem.cz\/wp-content\/uploads\/2026\/08\/articles-bonigen-24-700x525.jpg 700w, https:\/\/loudavymkrokem.cz\/wp-content\/uploads\/2026\/08\/articles-bonigen-24-768x576.jpg 768w, https:\/\/loudavymkrokem.cz\/wp-content\/uploads\/2026\/08\/articles-bonigen-24-1536x1152.jpg 1536w, https:\/\/loudavymkrokem.cz\/wp-content\/uploads\/2026\/08\/articles-bonigen-24-80x60.jpg 80w, https:\/\/loudavymkrokem.cz\/wp-content\/uploads\/2026\/08\/articles-bonigen-24-160x120.jpg 160w, https:\/\/loudavymkrokem.cz\/wp-content\/uploads\/2026\/08\/articles-bonigen-24-696x522.jpg 696w, https:\/\/loudavymkrokem.cz\/wp-content\/uploads\/2026\/08\/articles-bonigen-24-1392x1044.jpg 1392w\" sizes=\"(max-width: 1800px) 100vw, 1800px\" \/><button\n\t\t\tclass=\"lightbox-trigger\"\n\t\t\ttype=\"button\"\n\t\t\taria-haspopup=\"dialog\"\n\t\t\tdata-wp-bind--aria-label=\"state.thisImage.triggerButtonAriaLabel\"\n\t\t\tdata-wp-init=\"callbacks.initTriggerButton\"\n\t\t\tdata-wp-on--click=\"actions.showLightbox\"\n\t\t\tdata-wp-style--right=\"state.thisImage.buttonRight\"\n\t\t\tdata-wp-style--top=\"state.thisImage.buttonTop\"\n\t\t>\n\t\t\t<svg xmlns=\"http:\/\/www.w3.org\/2000\/svg\" width=\"12\" height=\"12\" fill=\"none\" viewBox=\"0 0 12 12\">\n\t\t\t\t<path fill=\"#fff\" d=\"M2 0a2 2 0 0 0-2 2v2h1.5V2a.5.5 0 0 1 .5-.5h2V0H2Zm2 10.5H2a.5.5 0 0 1-.5-.5V8H0v2a2 2 0 0 0 2 2h2v-1.5ZM8 12v-1.5h2a.5.5 0 0 0 .5-.5V8H12v2a2 2 0 0 1-2 2H8Zm2-12a2 2 0 0 1 2 2v2h-1.5V2a.5.5 0 0 0-.5-.5H8V0h2Z\" \/>\n\t\t\t<\/svg>\n\t\t<\/button><figcaption class=\"wp-element-caption\">Foto: Paebi \/ Wikimedia Commons, CC BY-SA 4.0<\/figcaption><\/figure>\n\n\n\n<h3 class=\"wp-block-heading\"><span class=\"ez-toc-section\" id=\"24_Interlaken_turistbasen_bredvid\"><\/span>24. Interlaken: turistbasen bredvid<span class=\"ez-toc-section-end\"><\/span><\/h3>\n\n\n\n<p class=\"wp-block-paragraph\">N\u00e4r du tr\u00f6ttnar p\u00e5 B\u00f6nigens lugn r\u00e4cker det att hoppa p\u00e5 buss 103 och p\u00e5 knappt 10 minuter \u00e4r du i Interlakens centrum. Den h\u00e4r staden \u00e4r raka motsatsen. Den \u00e4r <strong>livlig, full av souvenirbutiker, exklusiva klockbutiker<\/strong> och st\u00e4ndigt kretsar tiotals paraglidare \u00f6ver huvudet, som landar p\u00e5 den stora gr\u00e4smattan H\u00f6hematte mitt i centrum.<\/p>\n\n\n\n<p class=\"wp-block-paragraph\">H\u00e4r hittar du de b\u00e4sta mataff\u00e4rerna f\u00f6r att handla f\u00f6rn\u00f6denheter, massor av restauranger fr\u00e5n hela v\u00e4rlden och ett enormt kasino. Interlaken fungerar dessutom som den <strong>huvudsakliga trafikknutpunkten<\/strong> f\u00f6r de st\u00f6rsta utflykterna i regionen, inklusive <strong>den extremt dyra kuggbanan till Jungfraujoch<\/strong> (Top of Europe).<\/p>\n\n\n\n<p class=\"wp-block-paragraph\">Det \u00e4r trevligt att g\u00e5 runt i staden, k\u00f6pa choklad och suga in den internationella atmosf\u00e4ren, men du kommer att m\u00e4rka att du p\u00e5 kv\u00e4llen med enorm gl\u00e4dje \u00e5terv\u00e4nder <strong>tillbaka till den tysta byn<\/strong> vid sj\u00f6n. Interlaken \u00e4r en utm\u00e4rkt tj\u00e4nare, men som bas att bo p\u00e5 \u00e4r den lite f\u00f6r <strong>kaotisk f\u00f6r min smak<\/strong>.<\/p>\n\n\n\n<p class=\"wp-block-paragraph\">\ud83d\udca1 Tips: All <strong>information om aktuella evenemang<\/strong>, festivaler och linbanor i det vidare omr\u00e5det hittar du b\u00e4st sammanst\u00e4lld p\u00e5 portalen <a href=\"https:\/\/www.interlaken.swiss\" target=\"_blank\" rel=\"nofollow noopener\">Interlaken<\/a>, som du b\u00f6r <strong>spara i bokm\u00e4rkena<\/strong>.<\/p>\n\n\n\n<figure data-wp-context=\"{&quot;imageId&quot;:&quot;6a95670053394&quot;}\" data-wp-interactive=\"core\/image\" data-wp-key=\"6a95670053394\" class=\"wp-block-image size-full wp-lightbox-container\"><img decoding=\"async\" width=\"1800\" height=\"1200\" data-wp-class--hide=\"state.isContentHidden\" data-wp-class--show=\"state.isContentVisible\" data-wp-init=\"callbacks.setButtonStyles\" data-wp-on--click=\"actions.showLightbox\" data-wp-on--load=\"callbacks.setButtonStyles\" data-wp-on--pointerdown=\"actions.preloadImage\" data-wp-on--pointerenter=\"actions.preloadImageWithDelay\" data-wp-on--pointerleave=\"actions.cancelPreload\" data-wp-on-window--resize=\"callbacks.setButtonStyles\" src=\"https:\/\/loudavymkrokem.cz\/wp-content\/uploads\/2026\/08\/articles-bonigen-25.jpg\" alt=\"Familjeutflykt till Brienzsj\u00f6n\" class=\"wp-image-404513\" title=\"\" srcset=\"https:\/\/loudavymkrokem.cz\/wp-content\/uploads\/2026\/08\/articles-bonigen-25.jpg 1800w, https:\/\/loudavymkrokem.cz\/wp-content\/uploads\/2026\/08\/articles-bonigen-25-300x200.jpg 300w, https:\/\/loudavymkrokem.cz\/wp-content\/uploads\/2026\/08\/articles-bonigen-25-700x467.jpg 700w, https:\/\/loudavymkrokem.cz\/wp-content\/uploads\/2026\/08\/articles-bonigen-25-768x512.jpg 768w, https:\/\/loudavymkrokem.cz\/wp-content\/uploads\/2026\/08\/articles-bonigen-25-1536x1024.jpg 1536w, https:\/\/loudavymkrokem.cz\/wp-content\/uploads\/2026\/08\/articles-bonigen-25-696x464.jpg 696w, https:\/\/loudavymkrokem.cz\/wp-content\/uploads\/2026\/08\/articles-bonigen-25-1392x928.jpg 1392w\" sizes=\"(max-width: 1800px) 100vw, 1800px\" \/><button\n\t\t\tclass=\"lightbox-trigger\"\n\t\t\ttype=\"button\"\n\t\t\taria-haspopup=\"dialog\"\n\t\t\tdata-wp-bind--aria-label=\"state.thisImage.triggerButtonAriaLabel\"\n\t\t\tdata-wp-init=\"callbacks.initTriggerButton\"\n\t\t\tdata-wp-on--click=\"actions.showLightbox\"\n\t\t\tdata-wp-style--right=\"state.thisImage.buttonRight\"\n\t\t\tdata-wp-style--top=\"state.thisImage.buttonTop\"\n\t\t>\n\t\t\t<svg xmlns=\"http:\/\/www.w3.org\/2000\/svg\" width=\"12\" height=\"12\" fill=\"none\" viewBox=\"0 0 12 12\">\n\t\t\t\t<path fill=\"#fff\" d=\"M2 0a2 2 0 0 0-2 2v2h1.5V2a.5.5 0 0 1 .5-.5h2V0H2Zm2 10.5H2a.5.5 0 0 1-.5-.5V8H0v2a2 2 0 0 0 2 2h2v-1.5ZM8 12v-1.5h2a.5.5 0 0 0 .5-.5V8H12v2a2 2 0 0 1-2 2H8Zm2-12a2 2 0 0 1 2 2v2h-1.5V2a.5.5 0 0 0-.5-.5H8V0h2Z\" \/>\n\t\t\t<\/svg>\n\t\t<\/button><figcaption class=\"wp-element-caption\">Foto: Nicojonesgodel \/ Wikimedia Commons, CC BY-SA 4.0<\/figcaption><\/figure>\n\n\n\n<h2 class=\"wp-block-heading\"><span class=\"ez-toc-section\" id=\"Bonigen_med_barn_vad_du_kan_hitta_pa_med_familjen\"><\/span>B\u00f6nigen med barn: vad du kan hitta p\u00e5 med familjen<span class=\"ez-toc-section-end\"><\/span><\/h2>\n\n\n\n<p class=\"wp-block-paragraph\">Berner Oberland kan vara ganska obarmh\u00e4rtigt mot familjens pl\u00e5nbok, men B\u00f6nigen \u00e4r i det avseendet \u00f6verraskande v\u00e4nligt och har en enorm f\u00f6rdel. M\u00e5nga aktiviteter kan man g\u00f6ra direkt runt vattnet <strong>utan att beh\u00f6va betala f\u00f6r dyra linbanor<\/strong>, och terr\u00e4ngen h\u00e4r \u00e4r tillr\u00e4ckligt platt f\u00f6r att <strong>\u00e4ven mindre barn ska klara den<\/strong> utan on\u00f6digt gn\u00e4ll.<\/p>\n\n\n\n<p class=\"wp-block-paragraph\">Den lokala turistbyr\u00e5n vet dessutom mycket v\u00e4l att familjer utg\u00f6r en v\u00e4sentlig del av bes\u00f6karna, s\u00e5 h\u00e4r hittar du <strong>massor av smarta attraktioner<\/strong> som h\u00e5ller barnen i r\u00f6relse utan att de blir uttr\u00e5kade. H\u00e4r \u00e4r <strong>fem bepr\u00f6vade tips<\/strong> p\u00e5 vad du kan hitta p\u00e5 med barnen:<\/p>\n\n\n\n<figure data-wp-context=\"{&quot;imageId&quot;:&quot;6a95670053af5&quot;}\" data-wp-interactive=\"core\/image\" data-wp-key=\"6a95670053af5\" class=\"wp-block-image size-full wp-lightbox-container\"><img decoding=\"async\" width=\"1800\" height=\"1321\" data-wp-class--hide=\"state.isContentHidden\" data-wp-class--show=\"state.isContentVisible\" data-wp-init=\"callbacks.setButtonStyles\" data-wp-on--click=\"actions.showLightbox\" data-wp-on--load=\"callbacks.setButtonStyles\" data-wp-on--pointerdown=\"actions.preloadImage\" data-wp-on--pointerenter=\"actions.preloadImageWithDelay\" data-wp-on--pointerleave=\"actions.cancelPreload\" data-wp-on-window--resize=\"callbacks.setButtonStyles\" src=\"https:\/\/loudavymkrokem.cz\/wp-content\/uploads\/2026\/08\/articles-bonigen-26.jpg\" alt=\"Strandbad vid sj\u00f6n med barnfaciliteter\" class=\"wp-image-404514\" title=\"\" srcset=\"https:\/\/loudavymkrokem.cz\/wp-content\/uploads\/2026\/08\/articles-bonigen-26.jpg 1800w, https:\/\/loudavymkrokem.cz\/wp-content\/uploads\/2026\/08\/articles-bonigen-26-300x220.jpg 300w, https:\/\/loudavymkrokem.cz\/wp-content\/uploads\/2026\/08\/articles-bonigen-26-700x514.jpg 700w, https:\/\/loudavymkrokem.cz\/wp-content\/uploads\/2026\/08\/articles-bonigen-26-768x564.jpg 768w, https:\/\/loudavymkrokem.cz\/wp-content\/uploads\/2026\/08\/articles-bonigen-26-1536x1127.jpg 1536w, https:\/\/loudavymkrokem.cz\/wp-content\/uploads\/2026\/08\/articles-bonigen-26-80x60.jpg 80w, https:\/\/loudavymkrokem.cz\/wp-content\/uploads\/2026\/08\/articles-bonigen-26-696x511.jpg 696w, https:\/\/loudavymkrokem.cz\/wp-content\/uploads\/2026\/08\/articles-bonigen-26-1392x1022.jpg 1392w\" sizes=\"(max-width: 1800px) 100vw, 1800px\" \/><button\n\t\t\tclass=\"lightbox-trigger\"\n\t\t\ttype=\"button\"\n\t\t\taria-haspopup=\"dialog\"\n\t\t\tdata-wp-bind--aria-label=\"state.thisImage.triggerButtonAriaLabel\"\n\t\t\tdata-wp-init=\"callbacks.initTriggerButton\"\n\t\t\tdata-wp-on--click=\"actions.showLightbox\"\n\t\t\tdata-wp-style--right=\"state.thisImage.buttonRight\"\n\t\t\tdata-wp-style--top=\"state.thisImage.buttonTop\"\n\t\t>\n\t\t\t<svg xmlns=\"http:\/\/www.w3.org\/2000\/svg\" width=\"12\" height=\"12\" fill=\"none\" viewBox=\"0 0 12 12\">\n\t\t\t\t<path fill=\"#fff\" d=\"M2 0a2 2 0 0 0-2 2v2h1.5V2a.5.5 0 0 1 .5-.5h2V0H2Zm2 10.5H2a.5.5 0 0 1-.5-.5V8H0v2a2 2 0 0 0 2 2h2v-1.5ZM8 12v-1.5h2a.5.5 0 0 0 .5-.5V8H12v2a2 2 0 0 1-2 2H8Zm2-12a2 2 0 0 1 2 2v2h-1.5V2a.5.5 0 0 0-.5-.5H8V0h2Z\" \/>\n\t\t\t<\/svg>\n\t\t<\/button><figcaption class=\"wp-element-caption\">Foto: Patrick Nouhailler \/ Wikimedia Commons, CC BY-SA 3.0<\/figcaption><\/figure>\n\n\n\n<h3 class=\"wp-block-heading\"><span class=\"ez-toc-section\" id=\"Stranden_The_Beach_och_den_generosa_lekplatsen\"><\/span>Stranden The Beach och den gener\u00f6sa lekplatsen<span class=\"ez-toc-section-end\"><\/span><\/h3>\n\n\n\n<p class=\"wp-block-paragraph\">N\u00e4r det \u00e4r varmt ute \u00e4r det h\u00e4r en absolut s\u00e4kerhet. <strong>Ett intr\u00e4de p\u00e5 4 CHF per barn<\/strong> (upp till 15 \u00e5r) \u00e4r med schweiziska m\u00e5tt en l\u00f6jlig summa. Barnen kan busa i den <strong>uppv\u00e4rmda poolen med ett djup idealiskt f\u00f6r lek<\/strong>, eller i den s\u00e4kra plaskdammen f\u00f6r barn.<\/p>\n\n\n\n<p class=\"wp-block-paragraph\">En del av anl\u00e4ggningen \u00e4r en <strong>stor lekplats med vattenattraktioner<\/strong>, d\u00e4r barnen utan problem sprutar vatten p\u00e5 varandra och bygger sandslott. Hela omr\u00e5det \u00e4r dessutom <strong>utan problem tillg\u00e4ngligt med barnvagn<\/strong>, s\u00e5 du tar dig hit l\u00e4tt \u00e4ven med de allra minsta utflyktarna.<\/p>\n\n\n\n<figure data-wp-context=\"{&quot;imageId&quot;:&quot;6a956700541f9&quot;}\" data-wp-interactive=\"core\/image\" data-wp-key=\"6a956700541f9\" class=\"wp-block-image size-full wp-lightbox-container\"><img decoding=\"async\" width=\"1800\" height=\"1199\" data-wp-class--hide=\"state.isContentHidden\" data-wp-class--show=\"state.isContentVisible\" data-wp-init=\"callbacks.setButtonStyles\" data-wp-on--click=\"actions.showLightbox\" data-wp-on--load=\"callbacks.setButtonStyles\" data-wp-on--pointerdown=\"actions.preloadImage\" data-wp-on--pointerenter=\"actions.preloadImageWithDelay\" data-wp-on--pointerleave=\"actions.cancelPreload\" data-wp-on-window--resize=\"callbacks.setButtonStyles\" src=\"https:\/\/loudavymkrokem.cz\/wp-content\/uploads\/2026\/08\/articles-bonigen-27.jpg\" alt=\"Gr\u00e4nderna i byn Iseltwald\" class=\"wp-image-404516\" title=\"\" srcset=\"https:\/\/loudavymkrokem.cz\/wp-content\/uploads\/2026\/08\/articles-bonigen-27.jpg 1800w, https:\/\/loudavymkrokem.cz\/wp-content\/uploads\/2026\/08\/articles-bonigen-27-300x200.jpg 300w, https:\/\/loudavymkrokem.cz\/wp-content\/uploads\/2026\/08\/articles-bonigen-27-700x466.jpg 700w, https:\/\/loudavymkrokem.cz\/wp-content\/uploads\/2026\/08\/articles-bonigen-27-768x512.jpg 768w, https:\/\/loudavymkrokem.cz\/wp-content\/uploads\/2026\/08\/articles-bonigen-27-1536x1023.jpg 1536w, https:\/\/loudavymkrokem.cz\/wp-content\/uploads\/2026\/08\/articles-bonigen-27-696x464.jpg 696w, https:\/\/loudavymkrokem.cz\/wp-content\/uploads\/2026\/08\/articles-bonigen-27-1392x927.jpg 1392w\" sizes=\"(max-width: 1800px) 100vw, 1800px\" \/><button\n\t\t\tclass=\"lightbox-trigger\"\n\t\t\ttype=\"button\"\n\t\t\taria-haspopup=\"dialog\"\n\t\t\tdata-wp-bind--aria-label=\"state.thisImage.triggerButtonAriaLabel\"\n\t\t\tdata-wp-init=\"callbacks.initTriggerButton\"\n\t\t\tdata-wp-on--click=\"actions.showLightbox\"\n\t\t\tdata-wp-style--right=\"state.thisImage.buttonRight\"\n\t\t\tdata-wp-style--top=\"state.thisImage.buttonTop\"\n\t\t>\n\t\t\t<svg xmlns=\"http:\/\/www.w3.org\/2000\/svg\" width=\"12\" height=\"12\" fill=\"none\" viewBox=\"0 0 12 12\">\n\t\t\t\t<path fill=\"#fff\" d=\"M2 0a2 2 0 0 0-2 2v2h1.5V2a.5.5 0 0 1 .5-.5h2V0H2Zm2 10.5H2a.5.5 0 0 1-.5-.5V8H0v2a2 2 0 0 0 2 2h2v-1.5ZM8 12v-1.5h2a.5.5 0 0 0 .5-.5V8H12v2a2 2 0 0 1-2 2H8Zm2-12a2 2 0 0 1 2 2v2h-1.5V2a.5.5 0 0 0-.5-.5H8V0h2Z\" \/>\n\t\t\t<\/svg>\n\t\t<\/button><figcaption class=\"wp-element-caption\">Foto: Jean-Paul Wettstein \/ Pexels<\/figcaption><\/figure>\n\n\n\n<h3 class=\"wp-block-heading\"><span class=\"ez-toc-section\" id=\"Skattjakt_och_deckarspel_i_Iseltwald\"><\/span>Skattjakt och deckarspel i Iseltwald<span class=\"ez-toc-section-end\"><\/span><\/h3>\n\n\n\n<p class=\"wp-block-paragraph\">Hur f\u00e5r man barn att g\u00e5 utan att gn\u00e4lla? Genom lek! Direkt i B\u00f6nigen kan du med barnen ge dig ut p\u00e5 <strong>Schatzsuche B\u00f6nigen (skattjakt f\u00f6r familjer)<\/strong>, vilket \u00e4r en lekfull form av byrundvandring med uppdrag att l\u00f6sa. Stoppen \u00e4r smart utt\u00e4nkta s\u00e5 att de underh\u00e5ller alla generationer.<\/p>\n\n\n\n<p class=\"wp-block-paragraph\">I grannbyn Iseltwald finns i sin tur <strong>KrimiSpass Iseltwald<\/strong>, ett digitalt deckarspel f\u00f6r smartphones, d\u00e4r barnen l\u00f6ser ett mystiskt fall under en promenad i omgivningen. Det tar precis lagom l\u00e5ng tid f\u00f6r att h\u00e5lla deras uppm\u00e4rksamhet utan att n\u00e5gons sm\u00e5 ben blir tr\u00f6tta.<\/p>\n\n\n\n<figure data-wp-context=\"{&quot;imageId&quot;:&quot;6a9567005490d&quot;}\" data-wp-interactive=\"core\/image\" data-wp-key=\"6a9567005490d\" class=\"wp-block-image size-full wp-lightbox-container\"><img decoding=\"async\" width=\"1800\" height=\"1073\" data-wp-class--hide=\"state.isContentHidden\" data-wp-class--show=\"state.isContentVisible\" data-wp-init=\"callbacks.setButtonStyles\" data-wp-on--click=\"actions.showLightbox\" data-wp-on--load=\"callbacks.setButtonStyles\" data-wp-on--pointerdown=\"actions.preloadImage\" data-wp-on--pointerenter=\"actions.preloadImageWithDelay\" data-wp-on--pointerleave=\"actions.cancelPreload\" data-wp-on-window--resize=\"callbacks.setButtonStyles\" src=\"https:\/\/loudavymkrokem.cz\/wp-content\/uploads\/2026\/08\/articles-bonigen-28.jpg\" alt=\"Camping vid sj\u00f6n i bergen\" class=\"wp-image-404519\" title=\"\" srcset=\"https:\/\/loudavymkrokem.cz\/wp-content\/uploads\/2026\/08\/articles-bonigen-28.jpg 1800w, https:\/\/loudavymkrokem.cz\/wp-content\/uploads\/2026\/08\/articles-bonigen-28-300x179.jpg 300w, https:\/\/loudavymkrokem.cz\/wp-content\/uploads\/2026\/08\/articles-bonigen-28-700x417.jpg 700w, https:\/\/loudavymkrokem.cz\/wp-content\/uploads\/2026\/08\/articles-bonigen-28-768x458.jpg 768w, https:\/\/loudavymkrokem.cz\/wp-content\/uploads\/2026\/08\/articles-bonigen-28-1536x916.jpg 1536w, https:\/\/loudavymkrokem.cz\/wp-content\/uploads\/2026\/08\/articles-bonigen-28-696x415.jpg 696w, https:\/\/loudavymkrokem.cz\/wp-content\/uploads\/2026\/08\/articles-bonigen-28-1392x830.jpg 1392w\" sizes=\"(max-width: 1800px) 100vw, 1800px\" \/><button\n\t\t\tclass=\"lightbox-trigger\"\n\t\t\ttype=\"button\"\n\t\t\taria-haspopup=\"dialog\"\n\t\t\tdata-wp-bind--aria-label=\"state.thisImage.triggerButtonAriaLabel\"\n\t\t\tdata-wp-init=\"callbacks.initTriggerButton\"\n\t\t\tdata-wp-on--click=\"actions.showLightbox\"\n\t\t\tdata-wp-style--right=\"state.thisImage.buttonRight\"\n\t\t\tdata-wp-style--top=\"state.thisImage.buttonTop\"\n\t\t>\n\t\t\t<svg xmlns=\"http:\/\/www.w3.org\/2000\/svg\" width=\"12\" height=\"12\" fill=\"none\" viewBox=\"0 0 12 12\">\n\t\t\t\t<path fill=\"#fff\" d=\"M2 0a2 2 0 0 0-2 2v2h1.5V2a.5.5 0 0 1 .5-.5h2V0H2Zm2 10.5H2a.5.5 0 0 1-.5-.5V8H0v2a2 2 0 0 0 2 2h2v-1.5ZM8 12v-1.5h2a.5.5 0 0 0 .5-.5V8H12v2a2 2 0 0 1-2 2H8Zm2-12a2 2 0 0 1 2 2v2h-1.5V2a.5.5 0 0 0-.5-.5H8V0h2Z\" \/>\n\t\t\t<\/svg>\n\t\t<\/button><figcaption class=\"wp-element-caption\">Foto: Syed Qaarif Andrabi \/ Pexels<\/figcaption><\/figure>\n\n\n\n<h3 class=\"wp-block-heading\"><span class=\"ez-toc-section\" id=\"Campingen_TCS_fantastiskt_lage_men_med_ett_stort_forbehall\"><\/span>Campingen TCS: fantastiskt l\u00e4ge, men med ett stort f\u00f6rbeh\u00e5ll<span class=\"ez-toc-section-end\"><\/span><\/h3>\n\n\n\n<p class=\"wp-block-paragraph\"><strong>TCS Camping B\u00f6nigen Brienzersee<\/strong> p\u00e5 Campingstrasse 14 ligger direkt vid sj\u00f6n och tv\u00e5hundra meter fr\u00e5n stranden. L\u00e4get \u00e4r verkligen fantastiskt och det \u00e4r en sak ingen kan ta ifr\u00e5n den. S\u00e4songen p\u00e5g\u00e5r <strong>fr\u00e5n 2 april till 18 oktober<\/strong> och p\u00e5 sommaren betalar du ungef\u00e4r 72 till 80 euro per natt.<\/p>\n\n\n\n<p class=\"wp-block-paragraph\">Redan i b\u00f6rjan m\u00e5ste jag dock reda ut en sak som en massa svenska och utl\u00e4ndska webbplatser skriver av: <strong>p\u00e5 campingen finns varken pool med rutschbana eller ridning<\/strong>. H\u00e4r finns bara en plaskdamm f\u00f6r barn, en lekplats och en hage med kaniner och h\u00f6ns. Den uppv\u00e4rmda poolen och rutschbanorna finns p\u00e5 <strong>grannbadet The Beach, dit campingg\u00e4sterna g\u00e5r gratis<\/strong> \u2014 men det har bara \u00f6ppet fr\u00e5n mitten av maj till mitten av september, s\u00e5 under en del av campingens s\u00e4song \u00e4r det st\u00e4ngt.<\/p>\n\n\n\n<p class=\"wp-block-paragraph\">Och nu det obehagliga. Vi var h\u00e4r <strong>med v\u00e5r tv\u00e5\u00e5riga son, som just h\u00f6ll p\u00e5 att tr\u00e4na p\u00e5 pottan<\/strong>, och redan f\u00f6rsta dagen h\u00e4nde honom en olycka. Vi tog av honom de bl\u00f6ta byxorna och satte honom p\u00e5 gr\u00e4set ifall han beh\u00f6vde avsluta det han b\u00f6rjat. Inom kort stod en anst\u00e4lld p\u00e5 campingen bredvid oss och kallade det &#8221;disgusting&#8221; med orden att man inte f\u00e5r kissa p\u00e5 gr\u00e4set n\u00e4r det finns toaletter.<\/p>\n\n\n\n<p class=\"wp-block-paragraph\">Fem minuter senare kom en annan anst\u00e4lld och sa att chefen anm\u00e4lt det, och f\u00f6rklarade \u00e5terigen f\u00f6r oss att <strong>varje barn v\u00e4l kan anv\u00e4nda toaletten<\/strong> och att n\u00e5got s\u00e5dant aldrig hade h\u00e4nt h\u00e4r. Ett tv\u00e5\u00e5rigt barn som tr\u00e4nar pottan har helt enkelt ibland olyckor, och vi var d\u00e4r och tog hand om det direkt. Vi hade inget emot en p\u00e5minnelse om reglerna, men <strong>den fientliga och f\u00f6rnedrande tonen<\/strong>.<\/p>\n\n\n\n<p class=\"wp-block-paragraph\">Resten av vistelsen k\u00e4nde vi oss ov\u00e4lkomna d\u00e4r. Personalen skulle jag ge <strong>en etta av fem, l\u00e4get en femma av fem<\/strong>. Och vi \u00e4r inte ensamma om det: p\u00e5 TripAdvisor h\u00e5ller campingen bara 3,9 av 5 och po\u00e4ngen f\u00f6r servicen \u00e4r den l\u00e4gsta av hela betyget. I april 2026 rubricerade en annan familj sin recension rakt av med &#8221;Familien nicht willkommen&#8221; efter att personalen reagerat oproportionerligt p\u00e5 smulor fr\u00e5n deras ett- och fyra\u00e5riga barn.<\/p>\n\n\n\n<p class=\"wp-block-paragraph\">\ud83d\udca1 Tips: Om du vill campa i B\u00f6nigen och har med dig ett litet barn, r\u00e4kna med hur det fungerar h\u00e4r \u2014 <strong>efter egen erfarenhet rekommenderar jag inte den h\u00e4r campingen f\u00f6r familjer med de allra minsta barnen<\/strong>. \u00d6verv\u00e4g hellre en l\u00e4genhet med pentry, som i Schweiz \u00e4nd\u00e5 blir billigare \u00e4n mat p\u00e5 restaurang. Den som \u00e4nd\u00e5 \u00e5ker, be om <strong>plats nummer 22<\/strong> \u2014 det \u00e4r den enda d\u00e4r h\u00e4cken l\u00e4mnar en \u00f6ppning med utsikt \u00f6ver sj\u00f6n.<\/p>\n\n\n\n<figure data-wp-context=\"{&quot;imageId&quot;:&quot;6a95670055115&quot;}\" data-wp-interactive=\"core\/image\" data-wp-key=\"6a95670055115\" class=\"wp-block-image size-full wp-lightbox-container\"><img decoding=\"async\" width=\"1800\" height=\"1275\" data-wp-class--hide=\"state.isContentHidden\" data-wp-class--show=\"state.isContentVisible\" data-wp-init=\"callbacks.setButtonStyles\" data-wp-on--click=\"actions.showLightbox\" data-wp-on--load=\"callbacks.setButtonStyles\" data-wp-on--pointerdown=\"actions.preloadImage\" data-wp-on--pointerenter=\"actions.preloadImageWithDelay\" data-wp-on--pointerleave=\"actions.cancelPreload\" data-wp-on-window--resize=\"callbacks.setButtonStyles\" src=\"https:\/\/loudavymkrokem.cz\/wp-content\/uploads\/2026\/08\/articles-bonigen-29.jpg\" alt=\"Alpin tr\u00e4dg\u00e5rd p\u00e5 Schynige Platte\" class=\"wp-image-404524\" title=\"\" srcset=\"https:\/\/loudavymkrokem.cz\/wp-content\/uploads\/2026\/08\/articles-bonigen-29.jpg 1800w, https:\/\/loudavymkrokem.cz\/wp-content\/uploads\/2026\/08\/articles-bonigen-29-300x213.jpg 300w, https:\/\/loudavymkrokem.cz\/wp-content\/uploads\/2026\/08\/articles-bonigen-29-700x496.jpg 700w, https:\/\/loudavymkrokem.cz\/wp-content\/uploads\/2026\/08\/articles-bonigen-29-768x544.jpg 768w, https:\/\/loudavymkrokem.cz\/wp-content\/uploads\/2026\/08\/articles-bonigen-29-1536x1088.jpg 1536w, https:\/\/loudavymkrokem.cz\/wp-content\/uploads\/2026\/08\/articles-bonigen-29-696x493.jpg 696w, https:\/\/loudavymkrokem.cz\/wp-content\/uploads\/2026\/08\/articles-bonigen-29-1392x986.jpg 1392w\" sizes=\"(max-width: 1800px) 100vw, 1800px\" \/><button\n\t\t\tclass=\"lightbox-trigger\"\n\t\t\ttype=\"button\"\n\t\t\taria-haspopup=\"dialog\"\n\t\t\tdata-wp-bind--aria-label=\"state.thisImage.triggerButtonAriaLabel\"\n\t\t\tdata-wp-init=\"callbacks.initTriggerButton\"\n\t\t\tdata-wp-on--click=\"actions.showLightbox\"\n\t\t\tdata-wp-style--right=\"state.thisImage.buttonRight\"\n\t\t\tdata-wp-style--top=\"state.thisImage.buttonTop\"\n\t\t>\n\t\t\t<svg xmlns=\"http:\/\/www.w3.org\/2000\/svg\" width=\"12\" height=\"12\" fill=\"none\" viewBox=\"0 0 12 12\">\n\t\t\t\t<path fill=\"#fff\" d=\"M2 0a2 2 0 0 0-2 2v2h1.5V2a.5.5 0 0 1 .5-.5h2V0H2Zm2 10.5H2a.5.5 0 0 1-.5-.5V8H0v2a2 2 0 0 0 2 2h2v-1.5ZM8 12v-1.5h2a.5.5 0 0 0 .5-.5V8H12v2a2 2 0 0 1-2 2H8Zm2-12a2 2 0 0 1 2 2v2h-1.5V2a.5.5 0 0 0-.5-.5H8V0h2Z\" \/>\n\t\t\t<\/svg>\n\t\t<\/button><figcaption class=\"wp-element-caption\">Foto: Murray Foubister \/ Wikimedia Commons, CC BY-SA 2.0<\/figcaption><\/figure>\n\n\n\n<h3 class=\"wp-block-heading\"><span class=\"ez-toc-section\" id=\"Lilys_Alpenspielplatz_och_Panoramaweg_pa_Schynige_Platte\"><\/span>Lily&#8217;s Alpenspielplatz och Panoramaweg p\u00e5 Schynige Platte<span class=\"ez-toc-section-end\"><\/span><\/h3>\n\n\n\n<p class=\"wp-block-paragraph\">N\u00e4r du \u00e5ker kuggbana till Schynige Platte blir barnen begeistrade av den lokala alpina lekplatsen Lily&#8217;s Alpenspielplatz. D\u00e4r hittar de en <strong>\u00e4ventyrlig balansled, en enorm rutschbana och en kl\u00e4tterst\u00e4llning i form av ett \u00f6rnbo<\/strong> med utsikt \u00f6ver de majest\u00e4tiska sn\u00f6kl\u00e4dda bergen.<\/p>\n\n\n\n<p class=\"wp-block-paragraph\">Den efterf\u00f6ljande vandringen l\u00e4ngs rundslingan Panoramaweg <strong>tar ungef\u00e4r 2,5 timme<\/strong> och terr\u00e4ngen \u00e4r s\u00e5 pass v\u00e4nlig att <strong>\u00e4ven f\u00f6rskolebarn klarar den<\/strong> med lite hj\u00e4lp. V\u00e4gen \u00e4r bred, s\u00e4ker och full av b\u00e4nkar d\u00e4r man n\u00e4r som helst kan stanna f\u00f6r mats\u00e4ck.<\/p>\n\n\n\n<figure data-wp-context=\"{&quot;imageId&quot;:&quot;6a956700557eb&quot;}\" data-wp-interactive=\"core\/image\" data-wp-key=\"6a956700557eb\" class=\"wp-block-image size-full wp-lightbox-container\"><img decoding=\"async\" width=\"1800\" height=\"1800\" data-wp-class--hide=\"state.isContentHidden\" data-wp-class--show=\"state.isContentVisible\" data-wp-init=\"callbacks.setButtonStyles\" data-wp-on--click=\"actions.showLightbox\" data-wp-on--load=\"callbacks.setButtonStyles\" data-wp-on--pointerdown=\"actions.preloadImage\" data-wp-on--pointerenter=\"actions.preloadImageWithDelay\" data-wp-on--pointerleave=\"actions.cancelPreload\" data-wp-on-window--resize=\"callbacks.setButtonStyles\" src=\"https:\/\/loudavymkrokem.cz\/wp-content\/uploads\/2026\/08\/articles-bonigen-30.jpg\" alt=\"BLS-b\u00e5t p\u00e5 Brienzsj\u00f6n\" class=\"wp-image-404528\" title=\"\" srcset=\"https:\/\/loudavymkrokem.cz\/wp-content\/uploads\/2026\/08\/articles-bonigen-30.jpg 1800w, https:\/\/loudavymkrokem.cz\/wp-content\/uploads\/2026\/08\/articles-bonigen-30-300x300.jpg 300w, https:\/\/loudavymkrokem.cz\/wp-content\/uploads\/2026\/08\/articles-bonigen-30-700x700.jpg 700w, https:\/\/loudavymkrokem.cz\/wp-content\/uploads\/2026\/08\/articles-bonigen-30-150x150.jpg 150w, https:\/\/loudavymkrokem.cz\/wp-content\/uploads\/2026\/08\/articles-bonigen-30-768x768.jpg 768w, https:\/\/loudavymkrokem.cz\/wp-content\/uploads\/2026\/08\/articles-bonigen-30-1536x1536.jpg 1536w, https:\/\/loudavymkrokem.cz\/wp-content\/uploads\/2026\/08\/articles-bonigen-30-696x696.jpg 696w, https:\/\/loudavymkrokem.cz\/wp-content\/uploads\/2026\/08\/articles-bonigen-30-1392x1392.jpg 1392w\" sizes=\"(max-width: 1800px) 100vw, 1800px\" \/><button\n\t\t\tclass=\"lightbox-trigger\"\n\t\t\ttype=\"button\"\n\t\t\taria-haspopup=\"dialog\"\n\t\t\tdata-wp-bind--aria-label=\"state.thisImage.triggerButtonAriaLabel\"\n\t\t\tdata-wp-init=\"callbacks.initTriggerButton\"\n\t\t\tdata-wp-on--click=\"actions.showLightbox\"\n\t\t\tdata-wp-style--right=\"state.thisImage.buttonRight\"\n\t\t\tdata-wp-style--top=\"state.thisImage.buttonTop\"\n\t\t>\n\t\t\t<svg xmlns=\"http:\/\/www.w3.org\/2000\/svg\" width=\"12\" height=\"12\" fill=\"none\" viewBox=\"0 0 12 12\">\n\t\t\t\t<path fill=\"#fff\" d=\"M2 0a2 2 0 0 0-2 2v2h1.5V2a.5.5 0 0 1 .5-.5h2V0H2Zm2 10.5H2a.5.5 0 0 1-.5-.5V8H0v2a2 2 0 0 0 2 2h2v-1.5ZM8 12v-1.5h2a.5.5 0 0 0 .5-.5V8H12v2a2 2 0 0 1-2 2H8Zm2-12a2 2 0 0 1 2 2v2h-1.5V2a.5.5 0 0 0-.5-.5H8V0h2Z\" \/>\n\t\t\t<\/svg>\n\t\t<\/button><figcaption class=\"wp-element-caption\">Foto: JoachimKohler-HB \/ Wikimedia Commons, CC BY-SA 4.0<\/figcaption><\/figure>\n\n\n\n<h3 class=\"wp-block-heading\"><span class=\"ez-toc-section\" id=\"Bat_och_tillganglig_promenad_med_barnvagn\"><\/span>B\u00e5t och tillg\u00e4nglig promenad med barnvagn<span class=\"ez-toc-section-end\"><\/span><\/h3>\n\n\n\n<p class=\"wp-block-paragraph\">Sj\u00e4lva f\u00e4rden med den historiska \u00e5ngaren \u00e4r en enorm upplevelse f\u00f6r barnen (och kom ih\u00e5g att <strong>barn under 6 \u00e5r \u00e5ker helt gratis p\u00e5 BLS b\u00e5tar<\/strong>, \u00e4ldre upp till 15 \u00e5r har halva biljettpriset). Ombord kan de titta p\u00e5 det enorma skovelhjulet i r\u00f6relse, vilket tillf\u00f6rlitligt syssels\u00e4tter dem en god halvtimme.<\/p>\n\n\n\n<p class=\"wp-block-paragraph\">Med barnvagn kan du dessutom ge dig ut p\u00e5 <strong>Seepromenadeweg<\/strong>, en vacker, bred och helt tillg\u00e4nglig promenad l\u00e4ngs sj\u00f6n och floden Aare i riktning mot Interlaken. Ingenstans l\u00e4ngs v\u00e4gen st\u00f6ter du p\u00e5 irriterande trappor och underlaget \u00e4r fint och j\u00e4mnt.<\/p>\n\n\n\n<figure data-wp-context=\"{&quot;imageId&quot;:&quot;6a95670055e8c&quot;}\" data-wp-interactive=\"core\/image\" data-wp-key=\"6a95670055e8c\" class=\"wp-block-image size-full wp-lightbox-container\"><img decoding=\"async\" width=\"1800\" height=\"1200\" data-wp-class--hide=\"state.isContentHidden\" data-wp-class--show=\"state.isContentVisible\" data-wp-init=\"callbacks.setButtonStyles\" data-wp-on--click=\"actions.showLightbox\" data-wp-on--load=\"callbacks.setButtonStyles\" data-wp-on--pointerdown=\"actions.preloadImage\" data-wp-on--pointerenter=\"actions.preloadImageWithDelay\" data-wp-on--pointerleave=\"actions.cancelPreload\" data-wp-on-window--resize=\"callbacks.setButtonStyles\" src=\"https:\/\/loudavymkrokem.cz\/wp-content\/uploads\/2026\/08\/articles-bonigen-31.jpg\" alt=\"Byn B\u00f6nigen och dess restauranger\" class=\"wp-image-404530\" title=\"\" srcset=\"https:\/\/loudavymkrokem.cz\/wp-content\/uploads\/2026\/08\/articles-bonigen-31.jpg 1800w, https:\/\/loudavymkrokem.cz\/wp-content\/uploads\/2026\/08\/articles-bonigen-31-300x200.jpg 300w, https:\/\/loudavymkrokem.cz\/wp-content\/uploads\/2026\/08\/articles-bonigen-31-700x467.jpg 700w, https:\/\/loudavymkrokem.cz\/wp-content\/uploads\/2026\/08\/articles-bonigen-31-768x512.jpg 768w, https:\/\/loudavymkrokem.cz\/wp-content\/uploads\/2026\/08\/articles-bonigen-31-1536x1024.jpg 1536w, https:\/\/loudavymkrokem.cz\/wp-content\/uploads\/2026\/08\/articles-bonigen-31-696x464.jpg 696w, https:\/\/loudavymkrokem.cz\/wp-content\/uploads\/2026\/08\/articles-bonigen-31-1392x928.jpg 1392w\" sizes=\"(max-width: 1800px) 100vw, 1800px\" \/><button\n\t\t\tclass=\"lightbox-trigger\"\n\t\t\ttype=\"button\"\n\t\t\taria-haspopup=\"dialog\"\n\t\t\tdata-wp-bind--aria-label=\"state.thisImage.triggerButtonAriaLabel\"\n\t\t\tdata-wp-init=\"callbacks.initTriggerButton\"\n\t\t\tdata-wp-on--click=\"actions.showLightbox\"\n\t\t\tdata-wp-style--right=\"state.thisImage.buttonRight\"\n\t\t\tdata-wp-style--top=\"state.thisImage.buttonTop\"\n\t\t>\n\t\t\t<svg xmlns=\"http:\/\/www.w3.org\/2000\/svg\" width=\"12\" height=\"12\" fill=\"none\" viewBox=\"0 0 12 12\">\n\t\t\t\t<path fill=\"#fff\" d=\"M2 0a2 2 0 0 0-2 2v2h1.5V2a.5.5 0 0 1 .5-.5h2V0H2Zm2 10.5H2a.5.5 0 0 1-.5-.5V8H0v2a2 2 0 0 0 2 2h2v-1.5ZM8 12v-1.5h2a.5.5 0 0 0 .5-.5V8H12v2a2 2 0 0 1-2 2H8Zm2-12a2 2 0 0 1 2 2v2h-1.5V2a.5.5 0 0 0-.5-.5H8V0h2Z\" \/>\n\t\t\t<\/svg>\n\t\t<\/button><figcaption class=\"wp-element-caption\">Foto: Freek Wolsink \/ Pexels<\/figcaption><\/figure>\n\n\n\n<h2 class=\"wp-block-heading\"><span class=\"ez-toc-section\" id=\"Var_du_kan_ata_i_Bonigen\"><\/span>Var du kan \u00e4ta i B\u00f6nigen<span class=\"ez-toc-section-end\"><\/span><\/h2>\n\n\n\n<p class=\"wp-block-paragraph\">Matscenen direkt i byn \u00e4r snarare intim, det \u00e4r trots allt ingen storstad. De flesta \u00e5ker buss till n\u00e4rliggande Interlaken f\u00f6r det stora utbudet av k\u00f6k, men \u00e4ven direkt vid sj\u00f6n hittar du ett par v\u00e4ldigt trevliga st\u00e4llen d\u00e4r du kan vila upp dig efter en vandring. De lokala restaurangerna serverar ofta <strong>f\u00e4rsk fisk fr\u00e5n Brienzsj\u00f6n<\/strong>, vilket \u00e4r en <strong>ber\u00f6md lokal specialitet<\/strong> som resen\u00e4rer fr\u00e5n vida omkring kommer resande f\u00f6r.<\/p>\n\n\n\n<p class=\"wp-block-paragraph\">Om du letar efter en s\u00e4ker kort efter en kr\u00e4vande dag, h\u00e4r \u00e4r st\u00e4llena med utm\u00e4rkt betyg:<\/p>\n\n\n\n<figure data-wp-context=\"{&quot;imageId&quot;:&quot;6a95670056533&quot;}\" data-wp-interactive=\"core\/image\" data-wp-key=\"6a95670056533\" class=\"wp-block-image size-full wp-lightbox-container\"><img decoding=\"async\" width=\"1800\" height=\"1200\" data-wp-class--hide=\"state.isContentHidden\" data-wp-class--show=\"state.isContentVisible\" data-wp-init=\"callbacks.setButtonStyles\" data-wp-on--click=\"actions.showLightbox\" data-wp-on--load=\"callbacks.setButtonStyles\" data-wp-on--pointerdown=\"actions.preloadImage\" data-wp-on--pointerenter=\"actions.preloadImageWithDelay\" data-wp-on--pointerleave=\"actions.cancelPreload\" data-wp-on-window--resize=\"callbacks.setButtonStyles\" src=\"https:\/\/loudavymkrokem.cz\/wp-content\/uploads\/2026\/08\/articles-bonigen-32.jpg\" alt=\"Pizza p\u00e5 en restaurang vid sj\u00f6n\" class=\"wp-image-404535\" title=\"\" srcset=\"https:\/\/loudavymkrokem.cz\/wp-content\/uploads\/2026\/08\/articles-bonigen-32.jpg 1800w, https:\/\/loudavymkrokem.cz\/wp-content\/uploads\/2026\/08\/articles-bonigen-32-300x200.jpg 300w, https:\/\/loudavymkrokem.cz\/wp-content\/uploads\/2026\/08\/articles-bonigen-32-700x467.jpg 700w, https:\/\/loudavymkrokem.cz\/wp-content\/uploads\/2026\/08\/articles-bonigen-32-768x512.jpg 768w, https:\/\/loudavymkrokem.cz\/wp-content\/uploads\/2026\/08\/articles-bonigen-32-1536x1024.jpg 1536w, https:\/\/loudavymkrokem.cz\/wp-content\/uploads\/2026\/08\/articles-bonigen-32-696x464.jpg 696w, https:\/\/loudavymkrokem.cz\/wp-content\/uploads\/2026\/08\/articles-bonigen-32-1392x928.jpg 1392w\" sizes=\"(max-width: 1800px) 100vw, 1800px\" \/><button\n\t\t\tclass=\"lightbox-trigger\"\n\t\t\ttype=\"button\"\n\t\t\taria-haspopup=\"dialog\"\n\t\t\tdata-wp-bind--aria-label=\"state.thisImage.triggerButtonAriaLabel\"\n\t\t\tdata-wp-init=\"callbacks.initTriggerButton\"\n\t\t\tdata-wp-on--click=\"actions.showLightbox\"\n\t\t\tdata-wp-style--right=\"state.thisImage.buttonRight\"\n\t\t\tdata-wp-style--top=\"state.thisImage.buttonTop\"\n\t\t>\n\t\t\t<svg xmlns=\"http:\/\/www.w3.org\/2000\/svg\" width=\"12\" height=\"12\" fill=\"none\" viewBox=\"0 0 12 12\">\n\t\t\t\t<path fill=\"#fff\" d=\"M2 0a2 2 0 0 0-2 2v2h1.5V2a.5.5 0 0 1 .5-.5h2V0H2Zm2 10.5H2a.5.5 0 0 1-.5-.5V8H0v2a2 2 0 0 0 2 2h2v-1.5ZM8 12v-1.5h2a.5.5 0 0 0 .5-.5V8H12v2a2 2 0 0 1-2 2H8Zm2-12a2 2 0 0 1 2 2v2h-1.5V2a.5.5 0 0 0-.5-.5H8V0h2Z\" \/>\n\t\t\t<\/svg>\n\t\t<\/button><figcaption class=\"wp-element-caption\">Foto: Cup of  Couple \/ Pexels<\/figcaption><\/figure>\n\n\n\n<h3 class=\"wp-block-heading\"><span class=\"ez-toc-section\" id=\"Pizzeria_La_Boheme\"><\/span>Pizzeria La Boh\u00e8me<span class=\"ez-toc-section-end\"><\/span><\/h3>\n\n\n\n<p class=\"wp-block-paragraph\">Du hittar den direkt i hotell Seiler au Lac-byggnaden vid kajen (Am Quai 3). P\u00e5 Google h\u00e5ller den ett v\u00e4ldigt solitt betyg p\u00e5 4,4 och det \u00e4r ett <strong>absolut s\u00e4kert och m\u00e4ttande val om du just inte k\u00e4nner f\u00f6r att l\u00e5ngt experimentera<\/strong> med menyn efter en kr\u00e4vande dag.<\/p>\n\n\n\n<p class=\"wp-block-paragraph\">Missa definitivt inte deras <strong>utm\u00e4rkta pizza Margherita<\/strong> med extra ost eller den uts\u00f6kta pastan. H\u00e4r sitter man <strong>vackert n\u00e4ra vattnet<\/strong>, atmosf\u00e4ren \u00e4r behagligt avslappnad och personalen \u00e4r helt van vid svettiga turister i tunga vandringsk\u00e4ngor.<\/p>\n\n\n\n<figure data-wp-context=\"{&quot;imageId&quot;:&quot;6a95670056c0b&quot;}\" data-wp-interactive=\"core\/image\" data-wp-key=\"6a95670056c0b\" class=\"wp-block-image size-full wp-lightbox-container\"><img decoding=\"async\" width=\"1800\" height=\"1200\" data-wp-class--hide=\"state.isContentHidden\" data-wp-class--show=\"state.isContentVisible\" data-wp-init=\"callbacks.setButtonStyles\" data-wp-on--click=\"actions.showLightbox\" data-wp-on--load=\"callbacks.setButtonStyles\" data-wp-on--pointerdown=\"actions.preloadImage\" data-wp-on--pointerenter=\"actions.preloadImageWithDelay\" data-wp-on--pointerleave=\"actions.cancelPreload\" data-wp-on-window--resize=\"callbacks.setButtonStyles\" src=\"https:\/\/loudavymkrokem.cz\/wp-content\/uploads\/2026\/08\/articles-bonigen-33.jpg\" alt=\"Glass efter en vandring vid sj\u00f6n\" class=\"wp-image-404537\" title=\"\" srcset=\"https:\/\/loudavymkrokem.cz\/wp-content\/uploads\/2026\/08\/articles-bonigen-33.jpg 1800w, https:\/\/loudavymkrokem.cz\/wp-content\/uploads\/2026\/08\/articles-bonigen-33-300x200.jpg 300w, https:\/\/loudavymkrokem.cz\/wp-content\/uploads\/2026\/08\/articles-bonigen-33-700x467.jpg 700w, https:\/\/loudavymkrokem.cz\/wp-content\/uploads\/2026\/08\/articles-bonigen-33-768x512.jpg 768w, https:\/\/loudavymkrokem.cz\/wp-content\/uploads\/2026\/08\/articles-bonigen-33-1536x1024.jpg 1536w, https:\/\/loudavymkrokem.cz\/wp-content\/uploads\/2026\/08\/articles-bonigen-33-696x464.jpg 696w, https:\/\/loudavymkrokem.cz\/wp-content\/uploads\/2026\/08\/articles-bonigen-33-1392x928.jpg 1392w\" sizes=\"(max-width: 1800px) 100vw, 1800px\" \/><button\n\t\t\tclass=\"lightbox-trigger\"\n\t\t\ttype=\"button\"\n\t\t\taria-haspopup=\"dialog\"\n\t\t\tdata-wp-bind--aria-label=\"state.thisImage.triggerButtonAriaLabel\"\n\t\t\tdata-wp-init=\"callbacks.initTriggerButton\"\n\t\t\tdata-wp-on--click=\"actions.showLightbox\"\n\t\t\tdata-wp-style--right=\"state.thisImage.buttonRight\"\n\t\t\tdata-wp-style--top=\"state.thisImage.buttonTop\"\n\t\t>\n\t\t\t<svg xmlns=\"http:\/\/www.w3.org\/2000\/svg\" width=\"12\" height=\"12\" fill=\"none\" viewBox=\"0 0 12 12\">\n\t\t\t\t<path fill=\"#fff\" d=\"M2 0a2 2 0 0 0-2 2v2h1.5V2a.5.5 0 0 1 .5-.5h2V0H2Zm2 10.5H2a.5.5 0 0 1-.5-.5V8H0v2a2 2 0 0 0 2 2h2v-1.5ZM8 12v-1.5h2a.5.5 0 0 0 .5-.5V8H12v2a2 2 0 0 1-2 2H8Zm2-12a2 2 0 0 1 2 2v2h-1.5V2a.5.5 0 0 0-.5-.5H8V0h2Z\" \/>\n\t\t\t<\/svg>\n\t\t<\/button><figcaption class=\"wp-element-caption\">Foto: Maria Orlova \/ Pexels<\/figcaption><\/figure>\n\n\n\n<h3 class=\"wp-block-heading\"><span class=\"ez-toc-section\" id=\"Sweet_Ride\"><\/span>Sweet Ride<span class=\"ez-toc-section-end\"><\/span><\/h3>\n\n\n\n<p class=\"wp-block-paragraph\">Det h\u00e4r \u00e4r <strong>det h\u00f6gst betygsatta st\u00e4llet i hela byn<\/strong> (4,9 av n\u00e4stan tv\u00e5hundra recensioner). Det \u00e4r ett mindre, oerh\u00f6rt sympatiskt caf\u00e9 och glassbar vid vattnet, dit du helt enkelt m\u00e5ste g\u00e5 f\u00f6r en s\u00f6t eftermiddagsbel\u00f6ning f\u00f6r de tillryggalagda kilometrarna.<\/p>\n\n\n\n<p class=\"wp-block-paragraph\">Testa deras specialkaffe och framf\u00f6r allt <strong>den fantastiska hantverksglassen<\/strong>, som b\u00e5de lokalbor och utl\u00e4ndska turister \u00e4lskar. Det \u00e4r precis den plats d\u00e4r du vill s\u00e4tta dig i lugn och ro efter en heldagsutflykt i solen och bara <strong>betrakta sj\u00f6ns yta<\/strong>.<\/p>\n\n\n\n<figure data-wp-context=\"{&quot;imageId&quot;:&quot;6a95670057283&quot;}\" data-wp-interactive=\"core\/image\" data-wp-key=\"6a95670057283\" class=\"wp-block-image size-full wp-lightbox-container\"><img decoding=\"async\" width=\"1800\" height=\"1185\" data-wp-class--hide=\"state.isContentHidden\" data-wp-class--show=\"state.isContentVisible\" data-wp-init=\"callbacks.setButtonStyles\" data-wp-on--click=\"actions.showLightbox\" data-wp-on--load=\"callbacks.setButtonStyles\" data-wp-on--pointerdown=\"actions.preloadImage\" data-wp-on--pointerenter=\"actions.preloadImageWithDelay\" data-wp-on--pointerleave=\"actions.cancelPreload\" data-wp-on-window--resize=\"callbacks.setButtonStyles\" src=\"https:\/\/loudavymkrokem.cz\/wp-content\/uploads\/2026\/08\/articles-bonigen-34.jpg\" alt=\"Mysig schweizisk restaurang\" class=\"wp-image-404541\" title=\"\" srcset=\"https:\/\/loudavymkrokem.cz\/wp-content\/uploads\/2026\/08\/articles-bonigen-34.jpg 1800w, https:\/\/loudavymkrokem.cz\/wp-content\/uploads\/2026\/08\/articles-bonigen-34-300x198.jpg 300w, https:\/\/loudavymkrokem.cz\/wp-content\/uploads\/2026\/08\/articles-bonigen-34-700x461.jpg 700w, https:\/\/loudavymkrokem.cz\/wp-content\/uploads\/2026\/08\/articles-bonigen-34-768x506.jpg 768w, https:\/\/loudavymkrokem.cz\/wp-content\/uploads\/2026\/08\/articles-bonigen-34-1536x1011.jpg 1536w, https:\/\/loudavymkrokem.cz\/wp-content\/uploads\/2026\/08\/articles-bonigen-34-696x458.jpg 696w, https:\/\/loudavymkrokem.cz\/wp-content\/uploads\/2026\/08\/articles-bonigen-34-1392x916.jpg 1392w\" sizes=\"(max-width: 1800px) 100vw, 1800px\" \/><button\n\t\t\tclass=\"lightbox-trigger\"\n\t\t\ttype=\"button\"\n\t\t\taria-haspopup=\"dialog\"\n\t\t\tdata-wp-bind--aria-label=\"state.thisImage.triggerButtonAriaLabel\"\n\t\t\tdata-wp-init=\"callbacks.initTriggerButton\"\n\t\t\tdata-wp-on--click=\"actions.showLightbox\"\n\t\t\tdata-wp-style--right=\"state.thisImage.buttonRight\"\n\t\t\tdata-wp-style--top=\"state.thisImage.buttonTop\"\n\t\t>\n\t\t\t<svg xmlns=\"http:\/\/www.w3.org\/2000\/svg\" width=\"12\" height=\"12\" fill=\"none\" viewBox=\"0 0 12 12\">\n\t\t\t\t<path fill=\"#fff\" d=\"M2 0a2 2 0 0 0-2 2v2h1.5V2a.5.5 0 0 1 .5-.5h2V0H2Zm2 10.5H2a.5.5 0 0 1-.5-.5V8H0v2a2 2 0 0 0 2 2h2v-1.5ZM8 12v-1.5h2a.5.5 0 0 0 .5-.5V8H12v2a2 2 0 0 1-2 2H8Zm2-12a2 2 0 0 1 2 2v2h-1.5V2a.5.5 0 0 0-.5-.5H8V0h2Z\" \/>\n\t\t\t<\/svg>\n\t\t<\/button><figcaption class=\"wp-element-caption\">Foto: Lucia Barreiros  Silva \/ Pexels<\/figcaption><\/figure>\n\n\n\n<h3 class=\"wp-block-heading\"><span class=\"ez-toc-section\" id=\"Restaurant_Baren_Bonigen\"><\/span>Restaurant B\u00e4ren B\u00f6nigen<span class=\"ez-toc-section-end\"><\/span><\/h3>\n\n\n\n<p class=\"wp-block-paragraph\">Det traditionella schweiziska st\u00e4llet p\u00e5 huvudgatan Hauptstrasse f\u00e4ngslar dig med sin of\u00f6rfalskade lokala atmosf\u00e4r och typiska arkitektur. G\u00e4sterna n\u00e4mner ofta i recensionerna att de skickades hit direkt av sina v\u00e4rdar som ett <strong>insatt tips p\u00e5 garanterat god mat<\/strong>.<\/p>\n\n\n\n<p class=\"wp-block-paragraph\">De har en v\u00e4ldigt v\u00e4nlig och tillm\u00f6tesg\u00e5ende personal, en <strong>medelh\u00f6g prisniv\u00e5<\/strong> och p\u00e5 menyn massor av <strong>\u00e4rliga schweiziska klassiker<\/strong>, som ostspecialiteter och rej\u00e4la hemlagade soppor. Ett idealiskt val f\u00f6r att v\u00e4rma upp sig n\u00e4r det pl\u00f6tsligt regnar.<\/p>\n\n\n\n<h2 class=\"wp-block-heading\"><span class=\"ez-toc-section\" id=\"Vart_du_kan_aka_vidare_fran_Bonigen\"><\/span>Vart du kan \u00e5ka vidare fr\u00e5n B\u00f6nigen<span class=\"ez-toc-section-end\"><\/span><\/h2>\n\n\n\n<p class=\"wp-block-paragraph\">Schweiz \u00e4r en enorm lekplats och fr\u00e5n Berner Oberland har du <strong>n\u00e4ra till fler fantastiska m\u00e5l<\/strong>. Om du har ett par lediga dagar kvar i resplanen, ta definitivt en titt p\u00e5 mina andra guider:<\/p>\n\n\n\n<ul class=\"wp-block-list\">\n<li><a href=\"https:\/\/loudavymkrokem.cz\/sv\/interlaken-schweiz-tips\/\">Interlaken och Jungfraujoch<\/a>: en detaljerad guide till den livliga grannen och utflykten till Europas tak.<\/li>\n\n\n\n<li><a href=\"https:\/\/loudavymkrokem.cz\/sv\/grindelwald-schweiz-tips\/\">Grindelwald<\/a>: glaci\u00e4rbyn insvept under Eigers nordv\u00e4gg, dit du kommer med t\u00e5g p\u00e5 ett kick.<\/li>\n\n\n\n<li><a href=\"https:\/\/loudavymkrokem.cz\/sv\/lauterbrunnen-schweiz-sevardheter\/\">Lauterbrunnen<\/a>: dalen med 72 vattenfall, som l\u00e4r ha inspirerat Tolkien n\u00e4r han skrev Sagan om ringen.<\/li>\n\n\n\n<li><a href=\"https:\/\/loudavymkrokem.cz\/sv\/semester-schweiz-tips\/\">Semester i Schweiz<\/a>: en gigantisk sammanfattande artikel full av praktiska tips f\u00f6r resor i hela landet.<\/li>\n<\/ul>\n\n\n\n<h2 class=\"wp-block-heading\"><span class=\"ez-toc-section\" id=\"Vanliga_fragor\"><\/span>Vanliga fr\u00e5gor<span class=\"ez-toc-section-end\"><\/span><\/h2>\n\n\n<div id=\"rank-math-faq\" class=\"rank-math-block\">\n<div class=\"rank-math-list \">\n<div id=\"faq-question-1787934924000\" class=\"rank-math-list-item\">\n<h3 class=\"rank-math-question \"><span class=\"ez-toc-section\" id=\"Lonar_det_sig_att_bo_i_Bonigen_istallet_for_Interlaken\"><\/span>L\u00f6nar det sig att bo i B\u00f6nigen ist\u00e4llet f\u00f6r Interlaken?<span class=\"ez-toc-section-end\"><\/span><\/h3>\n<div class=\"rank-math-answer \">\n\n<p>Definitivt ja. <strong>B\u00f6nigen erbjuder mycket st\u00f6rre lugn<\/strong>, en autentisk atmosf\u00e4r av en traditionell by och boende h\u00e4r \u00e4r m\u00e4rkbart billigare \u00e4n i Interlakens livliga centrum. Samtidigt kan du \u00e5ka till stan gratis med Guest Card och resan tar bara 9 minuter.<\/p>\n\n<\/div>\n<\/div>\n<div id=\"faq-question-1787934924001\" class=\"rank-math-list-item\">\n<h3 class=\"rank-math-question \"><span class=\"ez-toc-section\" id=\"Hur_tar_man_sig_dit_fran_Interlaken\"><\/span>Hur tar man sig dit fr\u00e5n Interlaken?<span class=\"ez-toc-section-end\"><\/span><\/h3>\n<div class=\"rank-math-answer \">\n\n<p>Enklast \u00e4r att hoppa p\u00e5 <strong>busslinje 103<\/strong> direkt utanf\u00f6r Interlaken Ost-stationen. Den g\u00e5r varje halvtimme. Ett annat vackert alternativ \u00e4r att \u00e5ka med den historiska \u00e5ngb\u00e5ten \u00f6ver sj\u00f6n (ca 10 minuters f\u00e4rd), eller ta en l\u00e4tt 40-minuters promenad l\u00e4ngs stranden.<\/p>\n\n<\/div>\n<\/div>\n<div id=\"faq-question-1787934924002\" class=\"rank-math-list-item\">\n<h3 class=\"rank-math-question \"><span class=\"ez-toc-section\" id=\"Kan_man_bada_i_Brienzsjon\"><\/span>Kan man bada i Brienzsj\u00f6n?<span class=\"ez-toc-section-end\"><\/span><\/h3>\n<div class=\"rank-math-answer \">\n\n<p>Ja, men det \u00e4r snarare <strong>f\u00f6r h\u00e4rdade sj\u00e4lar<\/strong>. Sj\u00f6n \u00e4r av glaci\u00e4rt ursprung, s\u00e5 \u00e4ven under den varmaste augusti \u00e4r vattnet vanligtvis bara 18 till 22 \u00b0C. Om du inte gillar kallt vatten erbjuder det lokala badet The Beach lyckligtvis en h\u00e4rlig uppv\u00e4rmd pool.<\/p>\n\n<\/div>\n<\/div>\n<div id=\"faq-question-1787934924003\" class=\"rank-math-list-item\">\n<h3 class=\"rank-math-question \"><span class=\"ez-toc-section\" id=\"Hur_manga_dagar_racker_for_ett_besok\"><\/span>Hur m\u00e5nga dagar r\u00e4cker f\u00f6r ett bes\u00f6k?<span class=\"ez-toc-section-end\"><\/span><\/h3>\n<div class=\"rank-math-answer \">\n\n<p>Sj\u00e4lva byn g\u00e5r att se p\u00e5 en eftermiddag, men som <strong>bas f\u00f6r utflykter \u00e4r den idealisk i 3 till 5 dagar<\/strong>. D\u00e5 hinner du \u00e5ka upp till Harder Kulm, vandra De tre vattenfalens v\u00e4g till Giessbach, hyra kajak och \u00e5ka med kugghjulst\u00e5get upp till Schynige Platte.<\/p>\n\n<\/div>\n<\/div>\n<div id=\"faq-question-1787934924004\" class=\"rank-math-list-item\">\n<h3 class=\"rank-math-question \"><span class=\"ez-toc-section\" id=\"Vad_gor_man_nar_det_regnar\"><\/span>Vad g\u00f6r man n\u00e4r det regnar?<span class=\"ez-toc-section-end\"><\/span><\/h3>\n<div class=\"rank-math-answer \">\n\n<p>Under regniga dagar (det \u00e4r runt 10 om m\u00e5naden \u00e4ven p\u00e5 sommaren) l\u00f6nar det sig att bes\u00f6ka <strong>bymuseet &#8221;alte Pinte&#8221;<\/strong>, eller \u00e5ka buss till Interlaken d\u00e4r det finns massor av inomhusattraktioner, butiker, kaf\u00e9er och \u00e4ven ett stort badkomplex och kasino.<\/p>\n\n<\/div>\n<\/div>\n<div id=\"faq-question-1787934924005\" class=\"rank-math-list-item\">\n<h3 class=\"rank-math-question \"><span class=\"ez-toc-section\" id=\"Ar_det_lampligt_for_barn\"><\/span>\u00c4r det l\u00e4mpligt f\u00f6r barn?<span class=\"ez-toc-section-end\"><\/span><\/h3>\n<div class=\"rank-math-answer \">\n\n<p>B\u00f6nigen \u00e4r <strong>helt fantastiskt f\u00f6r familjer<\/strong>. Det finns utm\u00e4rkta lekplatser vid stranden, familjecampingar med pool, platta tillg\u00e4ngliga stigar f\u00f6r barnvagnar l\u00e4ngs floden och barn \u00e4lskar f\u00e4rden med den historiska \u00e5ngb\u00e5ten. Den interaktiva skattjakten h\u00e5ller dem underh\u00e5llna hela eftermiddagen.<\/p>\n\n<\/div>\n<\/div>\n<div id=\"faq-question-1787934924006\" class=\"rank-math-list-item\">\n<h3 class=\"rank-math-question \"><span class=\"ez-toc-section\" id=\"Hur_mycket_kostar_utflykten_till_Harder_Kulm\"><\/span>Hur mycket kostar utflykten till Harder Kulm?<span class=\"ez-toc-section-end\"><\/span><\/h3>\n<div class=\"rank-math-answer \">\n\n<p>Under s\u00e4songen 2026 kostar <strong>en returtur med linbanan f\u00f6r vuxen 44 CHF<\/strong>. Om du har barn mellan 6 och 15 \u00e5r betalar de bara h\u00e4lften (under 6 \u00e5r gratis). Med kort som Swiss Travel Pass eller Bernese Oberland Pass f\u00e5r du en mycket trevlig rabatt p\u00e5 50 %.<\/p>\n\n<\/div>\n<\/div>\n<div id=\"faq-question-1787934924007\" class=\"rank-math-list-item\">\n<h3 class=\"rank-math-question \"><span class=\"ez-toc-section\" id=\"Kostar_bryggan_i_Iseltwald_pengar\"><\/span>Kostar bryggan i Iseltwald pengar?<span class=\"ez-toc-section-end\"><\/span><\/h3>\n<div class=\"rank-math-answer \">\n\n<p>Ja, p\u00e5 grund av den enorma tillstr\u00f6mningen av asiatiska turister efter framg\u00e5ngen med serien Crash Landing on You har byn installerat en <strong>v\u00e4ndkors<\/strong> framf\u00f6r bryggan. F\u00f6r att ta den ber\u00f6mda &#8221;selfien&#8221; p\u00e5 den tr\u00e4bryggan betalar man nu en avgift p\u00e5 5 CHF, som g\u00e5r till underh\u00e5ll av byn.<\/p>\n\n<\/div>\n<\/div>\n<\/div>\n<\/div>","protected":false},"excerpt":{"rendered":"<p>Uppt\u00e4ck den dolda p\u00e4rlan vid Brienzsj\u00f6n, d\u00e4r underbara tr\u00e4hus, turkost vatten och fantastiska bergsvandringar v\u00e4ntar bortom de st\u00f6rsta turistmassorna.<\/p>\n","protected":false},"author":3,"featured_media":404497,"comment_status":"open","ping_status":"open","sticky":false,"template":"","format":"standard","meta":{"_acf_changed":false,"footnotes":"","rank_math_title":"B\u00f6nigen vid Brienzsj\u00f6n: 24 tips 2026","rank_math_description":"Uppt\u00e4ck B\u00f6nigen vid Brienzsj\u00f6n i Schweiz \u2014 24 tips p\u00e5 vandringar, linbanor, boende och utflykter med barn. Planera din dr\u00f6msemester i Berner Oberland nu!","rank_math_focus_keyword":"B\u00f6nigen Brienzsj\u00f6n","rank_math_seo_score":""},"categories":[1178,1162,1214],"tags":[],"class_list":["post-409835","post","type-post","status-publish","format-standard","has-post-thumbnail","category-europa","category-resor","category-schweiz"],"acf":[],"featured_image_src":"https:\/\/loudavymkrokem.cz\/wp-content\/uploads\/2026\/08\/articles-bonigen-18.jpg","author_info":{"display_name":"Lucie Kone\u010dn\u00e1","author_link":"https:\/\/loudavymkrokem.cz\/sv\/author\/lucie-konecna\/"},"_links":{"self":[{"href":"https:\/\/loudavymkrokem.cz\/sv\/wp-json\/wp\/v2\/posts\/409835","targetHints":{"allow":["GET"]}}],"collection":[{"href":"https:\/\/loudavymkrokem.cz\/sv\/wp-json\/wp\/v2\/posts"}],"about":[{"href":"https:\/\/loudavymkrokem.cz\/sv\/wp-json\/wp\/v2\/types\/post"}],"author":[{"embeddable":true,"href":"https:\/\/loudavymkrokem.cz\/sv\/wp-json\/wp\/v2\/users\/3"}],"replies":[{"embeddable":true,"href":"https:\/\/loudavymkrokem.cz\/sv\/wp-json\/wp\/v2\/comments?post=409835"}],"version-history":[{"count":3,"href":"https:\/\/loudavymkrokem.cz\/sv\/wp-json\/wp\/v2\/posts\/409835\/revisions"}],"predecessor-version":[{"id":409838,"href":"https:\/\/loudavymkrokem.cz\/sv\/wp-json\/wp\/v2\/posts\/409835\/revisions\/409838"}],"wp:featuredmedia":[{"embeddable":true,"href":"https:\/\/loudavymkrokem.cz\/sv\/wp-json\/wp\/v2\/media\/404497"}],"wp:attachment":[{"href":"https:\/\/loudavymkrokem.cz\/sv\/wp-json\/wp\/v2\/media?parent=409835"}],"wp:term":[{"taxonomy":"category","embeddable":true,"href":"https:\/\/loudavymkrokem.cz\/sv\/wp-json\/wp\/v2\/categories?post=409835"},{"taxonomy":"post_tag","embeddable":true,"href":"https:\/\/loudavymkrokem.cz\/sv\/wp-json\/wp\/v2\/tags?post=409835"}],"curies":[{"name":"wp","href":"https:\/\/api.w.org\/{rel}","templated":true}]}}