{"id":409814,"date":"2026-08-28T14:08:28","date_gmt":"2026-08-28T12:08:28","guid":{"rendered":"https:\/\/loudavymkrokem.cz\/?p=409814"},"modified":"2026-09-02T04:09:44","modified_gmt":"2026-09-02T02:09:44","slug":"utflykter-runt-pisek","status":"publish","type":"post","link":"https:\/\/loudavymkrokem.cz\/sv\/utflykter-runt-pisek\/","title":{"rendered":"Utflykter runt P\u00edsek: 30 tips p\u00e5 slott, badplatser och utsiktstorn"},"content":{"rendered":"\n<p class=\"wp-block-paragraph\">Jag \u00e4r f\u00f6dd i P\u00edsek, och \u00e4ven om jag sedan bodde m\u00e5nga \u00e5r i Prag, \u00e4r jag numera tillbaka h\u00e4r igen tillsammans med Luk\u00e1\u0161 och v\u00e5r tv\u00e5\u00e5ring Jon\u00e1\u0161ek. Eftersom vi g\u00e4rna letar efter de allra b\u00e4sta <strong>utflykterna runt P\u00edsek<\/strong> med familjen m\u00e5ste jag \u00e4rligt s\u00e4ga att den h\u00e4r staden \u00e4r en helt idealisk bas f\u00f6r att uppt\u00e4cka s\u00f6dra B\u00f6hmen, och jag har inget ont att s\u00e4ga om den.<\/p>\n\n\n\n<p class=\"wp-block-paragraph\">Tack vare det utm\u00e4rkta l\u00e4get och anslutningen till motorv\u00e4gen D4 <strong>n\u00e5r du de flesta sev\u00e4rdheterna i s\u00f6dra B\u00f6hmen inom en timme med bil<\/strong>, oavsett om du lockas av djup historia, vidstr\u00e4ckta dammar eller t\u00e4ta skogar i \u0160umava. P\u00edsek ligger helt enkelt mitt i det allra b\u00e4sta och du har alltid tiotals m\u00f6jligheter att v\u00e4lja mellan.<\/p>\n\n\n\n<p class=\"wp-block-paragraph\">F\u00f6lj med mig runt P\u00edsek-trakten \u2013 h\u00e4r \u00e4r 30 platser vi \u00e4lskar, sorterade fr\u00e5n de som ligger precis runt h\u00f6rnet till heldags\u00e4ventyr. Vi tittar n\u00e4rmare p\u00e5 vart du ska \u00e5ka f\u00f6r att se djur, bes\u00f6ka borgar, komma till vattnet eller njuta av h\u00e4rliga vyer \u00f6ver landskapet.<\/p>\n\n\n\n<figure data-wp-context=\"{&quot;imageId&quot;:&quot;6a97b18e015b1&quot;}\" data-wp-interactive=\"core\/image\" data-wp-key=\"6a97b18e015b1\" class=\"wp-block-image size-full wp-lightbox-container\"><img decoding=\"async\" width=\"2200\" height=\"1467\" data-wp-class--hide=\"state.isContentHidden\" data-wp-class--show=\"state.isContentVisible\" data-wp-init=\"callbacks.setButtonStyles\" data-wp-on--click=\"actions.showLightbox\" data-wp-on--load=\"callbacks.setButtonStyles\" data-wp-on--pointerdown=\"actions.preloadImage\" data-wp-on--pointerenter=\"actions.preloadImageWithDelay\" data-wp-on--pointerleave=\"actions.cancelPreload\" data-wp-on-window--resize=\"callbacks.setButtonStyles\" src=\"https:\/\/loudavymkrokem.cz\/wp-content\/uploads\/2026\/08\/zvikov-nad-orlickou-prehradou.jpg\" alt=\"Borgen Zv\u00edkov ovanf\u00f6r Orl\u00edk-dammens vattenyta\" class=\"wp-image-404434\" title=\"\" srcset=\"https:\/\/loudavymkrokem.cz\/wp-content\/uploads\/2026\/08\/zvikov-nad-orlickou-prehradou.jpg 2200w, https:\/\/loudavymkrokem.cz\/wp-content\/uploads\/2026\/08\/zvikov-nad-orlickou-prehradou-300x200.jpg 300w, https:\/\/loudavymkrokem.cz\/wp-content\/uploads\/2026\/08\/zvikov-nad-orlickou-prehradou-700x467.jpg 700w, https:\/\/loudavymkrokem.cz\/wp-content\/uploads\/2026\/08\/zvikov-nad-orlickou-prehradou-768x512.jpg 768w, https:\/\/loudavymkrokem.cz\/wp-content\/uploads\/2026\/08\/zvikov-nad-orlickou-prehradou-1536x1024.jpg 1536w, https:\/\/loudavymkrokem.cz\/wp-content\/uploads\/2026\/08\/zvikov-nad-orlickou-prehradou-2048x1366.jpg 2048w, https:\/\/loudavymkrokem.cz\/wp-content\/uploads\/2026\/08\/zvikov-nad-orlickou-prehradou-696x464.jpg 696w, https:\/\/loudavymkrokem.cz\/wp-content\/uploads\/2026\/08\/zvikov-nad-orlickou-prehradou-1392x928.jpg 1392w, https:\/\/loudavymkrokem.cz\/wp-content\/uploads\/2026\/08\/zvikov-nad-orlickou-prehradou-1920x1280.jpg 1920w\" sizes=\"(max-width: 2200px) 100vw, 2200px\" \/><button\n\t\t\tclass=\"lightbox-trigger\"\n\t\t\ttype=\"button\"\n\t\t\taria-haspopup=\"dialog\"\n\t\t\tdata-wp-bind--aria-label=\"state.thisImage.triggerButtonAriaLabel\"\n\t\t\tdata-wp-init=\"callbacks.initTriggerButton\"\n\t\t\tdata-wp-on--click=\"actions.showLightbox\"\n\t\t\tdata-wp-style--right=\"state.thisImage.buttonRight\"\n\t\t\tdata-wp-style--top=\"state.thisImage.buttonTop\"\n\t\t>\n\t\t\t<svg xmlns=\"http:\/\/www.w3.org\/2000\/svg\" width=\"12\" height=\"12\" fill=\"none\" viewBox=\"0 0 12 12\">\n\t\t\t\t<path fill=\"#fff\" d=\"M2 0a2 2 0 0 0-2 2v2h1.5V2a.5.5 0 0 1 .5-.5h2V0H2Zm2 10.5H2a.5.5 0 0 1-.5-.5V8H0v2a2 2 0 0 0 2 2h2v-1.5ZM8 12v-1.5h2a.5.5 0 0 0 .5-.5V8H12v2a2 2 0 0 1-2 2H8Zm2-12a2 2 0 0 1 2 2v2h-1.5V2a.5.5 0 0 0-.5-.5H8V0h2Z\" \/>\n\t\t\t<\/svg>\n\t\t<\/button><\/figure>\n\n\n\n<div id=\"ez-toc-container\" class=\"ez-toc-v2_0_87 ez-toc-wrap-left counter-hierarchy ez-toc-counter ez-toc-grey ez-toc-container-direction\">\n<div class=\"ez-toc-title-container\">\n<p class=\"ez-toc-title\" style=\"cursor:inherit\">Artikelns inneh\u00e5ll<\/p>\n<span class=\"ez-toc-title-toggle\"><a href=\"#\" class=\"ez-toc-pull-right ez-toc-btn ez-toc-btn-xs ez-toc-btn-default ez-toc-toggle\" aria-label=\"Toggle Table of Content\"><span class=\"ez-toc-js-icon-con\"><span class=\"\"><span class=\"eztoc-hide\" style=\"display:none;\">Toggle<\/span><span class=\"ez-toc-icon-toggle-span\"><svg style=\"fill: #999;color:#999\" xmlns=\"http:\/\/www.w3.org\/2000\/svg\" class=\"list-377408\" width=\"20px\" height=\"20px\" viewBox=\"0 0 24 24\" fill=\"none\"><path d=\"M6 6H4v2h2V6zm14 0H8v2h12V6zM4 11h2v2H4v-2zm16 0H8v2h12v-2zM4 16h2v2H4v-2zm16 0H8v2h12v-2z\" fill=\"currentColor\"><\/path><\/svg><svg style=\"fill: #999;color:#999\" class=\"arrow-unsorted-368013\" xmlns=\"http:\/\/www.w3.org\/2000\/svg\" width=\"10px\" height=\"10px\" viewBox=\"0 0 24 24\" version=\"1.2\" baseProfile=\"tiny\"><path d=\"M18.2 9.3l-6.2-6.3-6.2 6.3c-.2.2-.3.4-.3.7s.1.5.3.7c.2.2.4.3.7.3h11c.3 0 .5-.1.7-.3.2-.2.3-.5.3-.7s-.1-.5-.3-.7zM5.8 14.7l6.2 6.3 6.2-6.3c.2-.2.3-.5.3-.7s-.1-.5-.3-.7c-.2-.2-.4-.3-.7-.3h-11c-.3 0-.5.1-.7.3-.2.2-.3.5-.3.7s.1.5.3.7z\"\/><\/svg><\/span><\/span><\/span><\/a><\/span><\/div>\n<nav><ul class='ez-toc-list ez-toc-list-level-1 ' ><ul class='ez-toc-list-level-3' ><li class='ez-toc-heading-level-3'><a class=\"ez-toc-link ez-toc-heading-1\" href=\"https:\/\/loudavymkrokem.cz\/sv\/utflykter-runt-pisek\/#Sammanfattning\" >Sammanfattning<\/a><\/li><\/ul><\/li><li class='ez-toc-page-1 ez-toc-heading-level-2'><a class=\"ez-toc-link ez-toc-heading-2\" href=\"https:\/\/loudavymkrokem.cz\/sv\/utflykter-runt-pisek\/#Sa_planerar_du_utflykter_fran_Pisek\" >S\u00e5 planerar du utflykter fr\u00e5n P\u00edsek<\/a><\/li><li class='ez-toc-page-1 ez-toc-heading-level-2'><a class=\"ez-toc-link ez-toc-heading-3\" href=\"https:\/\/loudavymkrokem.cz\/sv\/utflykter-runt-pisek\/#Var_du_bor_nar_du_vill_utforska_omgivningen\" >Var du bor n\u00e4r du vill utforska omgivningen<\/a><\/li><li class='ez-toc-page-1 ez-toc-heading-level-2'><a class=\"ez-toc-link ez-toc-heading-4\" href=\"https:\/\/loudavymkrokem.cz\/sv\/utflykter-runt-pisek\/#Utflykter_inom_15_kilometer_pa_en_halvdag_eller_med_cykel\" >Utflykter inom 15 kilometer: p\u00e5 en halvdag eller med cykel<\/a><ul class='ez-toc-list-level-3' ><li class='ez-toc-heading-level-3'><a class=\"ez-toc-link ez-toc-heading-5\" href=\"https:\/\/loudavymkrokem.cz\/sv\/utflykter-runt-pisek\/#1_Utsiktstornet_Jarnik\" >1. Utsiktstornet Jarn\u00edk<\/a><\/li><li class='ez-toc-page-1 ez-toc-heading-level-3'><a class=\"ez-toc-link ez-toc-heading-6\" href=\"https:\/\/loudavymkrokem.cz\/sv\/utflykter-runt-pisek\/#2_Pisecke_hory\" >2. P\u00edseck\u00e9 hory<\/a><\/li><li class='ez-toc-page-1 ez-toc-heading-level-3'><a class=\"ez-toc-link ez-toc-heading-7\" href=\"https:\/\/loudavymkrokem.cz\/sv\/utflykter-runt-pisek\/#3_Putim_Nase_zviratka\" >3. Putim: Na\u0161e zv\u00ed\u0159\u00e1tka<\/a><\/li><li class='ez-toc-page-1 ez-toc-heading-level-3'><a class=\"ez-toc-link ez-toc-heading-8\" href=\"https:\/\/loudavymkrokem.cz\/sv\/utflykter-runt-pisek\/#4_Selibov_Sagosmedjan\" >4. Selibov: Sagosmedjan<\/a><\/li><li class='ez-toc-page-1 ez-toc-heading-level-3'><a class=\"ez-toc-link ez-toc-heading-9\" href=\"https:\/\/loudavymkrokem.cz\/sv\/utflykter-runt-pisek\/#5_Kestrany_Ovre_och_nedre_fastet\" >5. Kest\u0159any: \u00d6vre och nedre f\u00e4stet<\/a><\/li><li class='ez-toc-page-1 ez-toc-heading-level-3'><a class=\"ez-toc-link ez-toc-heading-10\" href=\"https:\/\/loudavymkrokem.cz\/sv\/utflykter-runt-pisek\/#6_Maletice_Farmapark\" >6. Maletice: Farmapark<\/a><\/li><li class='ez-toc-page-1 ez-toc-heading-level-3'><a class=\"ez-toc-link ez-toc-heading-11\" href=\"https:\/\/loudavymkrokem.cz\/sv\/utflykter-runt-pisek\/#7_Rezabinec_och_Rezabinecke_tune\" >7. \u0158e\u017eabinec och \u0158e\u017eabineck\u00e9 t\u016fn\u011b<\/a><\/li><li class='ez-toc-page-1 ez-toc-heading-level-3'><a class=\"ez-toc-link ez-toc-heading-12\" href=\"https:\/\/loudavymkrokem.cz\/sv\/utflykter-runt-pisek\/#8_Podolsky-bron\" >8. Podolsk\u00fd-bron<\/a><\/li><li class='ez-toc-page-1 ez-toc-heading-level-3'><a class=\"ez-toc-link ez-toc-heading-13\" href=\"https:\/\/loudavymkrokem.cz\/sv\/utflykter-runt-pisek\/#9_Sudomer_Zizkas_gravhog\" >9. Sudom\u011b\u0159: \u017di\u017ekas gravh\u00f6g<\/a><\/li><li class='ez-toc-page-1 ez-toc-heading-level-3'><a class=\"ez-toc-link ez-toc-heading-14\" href=\"https:\/\/loudavymkrokem.cz\/sv\/utflykter-runt-pisek\/#10_Protivin\" >10. Protiv\u00edn<\/a><\/li><\/ul><\/li><li class='ez-toc-page-1 ez-toc-heading-level-2'><a class=\"ez-toc-link ez-toc-heading-15\" href=\"https:\/\/loudavymkrokem.cz\/sv\/utflykter-runt-pisek\/#Borgar_slott_och_kloster_runt_Pisek\" >Borgar, slott och kloster runt P\u00edsek<\/a><ul class='ez-toc-list-level-3' ><li class='ez-toc-heading-level-3'><a class=\"ez-toc-link ez-toc-heading-16\" href=\"https:\/\/loudavymkrokem.cz\/sv\/utflykter-runt-pisek\/#11_Borgen_Zvikov_%E2%80%9Dde_bohmiska_borgarnas_kung%E2%80%9D\" >11. Borgen Zv\u00edkov: \u201dde b\u00f6hmiska borgarnas kung\u201d<\/a><\/li><li class='ez-toc-page-1 ez-toc-heading-level-3'><a class=\"ez-toc-link ez-toc-heading-17\" href=\"https:\/\/loudavymkrokem.cz\/sv\/utflykter-runt-pisek\/#12_Slottet_Orlik_nad_Vltavou\" >12. Slottet Orl\u00edk nad Vltavou<\/a><\/li><li class='ez-toc-page-1 ez-toc-heading-level-3'><a class=\"ez-toc-link ez-toc-heading-18\" href=\"https:\/\/loudavymkrokem.cz\/sv\/utflykter-runt-pisek\/#13_Slottet_Blatna\" >13. Slottet Blatn\u00e1<\/a><\/li><li class='ez-toc-page-1 ez-toc-heading-level-3'><a class=\"ez-toc-link ez-toc-heading-19\" href=\"https:\/\/loudavymkrokem.cz\/sv\/utflykter-runt-pisek\/#14_Klostret_Milevsko\" >14. Klostret Milevsko<\/a><\/li><li class='ez-toc-page-1 ez-toc-heading-level-3'><a class=\"ez-toc-link ez-toc-heading-20\" href=\"https:\/\/loudavymkrokem.cz\/sv\/utflykter-runt-pisek\/#15_Borgen_Strakonice\" >15. Borgen Strakonice<\/a><\/li><li class='ez-toc-page-1 ez-toc-heading-level-3'><a class=\"ez-toc-link ez-toc-heading-21\" href=\"https:\/\/loudavymkrokem.cz\/sv\/utflykter-runt-pisek\/#16_Slottet_Bechyne_och_bron_Duha\" >16. Slottet Bechyn\u011b och bron Duha<\/a><\/li><li class='ez-toc-page-1 ez-toc-heading-level-3'><a class=\"ez-toc-link ez-toc-heading-22\" href=\"https:\/\/loudavymkrokem.cz\/sv\/utflykter-runt-pisek\/#17_Slottet_Kratochvile_Netolice\" >17. Slottet Kratochv\u00edle (Netolice)<\/a><\/li><li class='ez-toc-page-1 ez-toc-heading-level-3'><a class=\"ez-toc-link ez-toc-heading-23\" href=\"https:\/\/loudavymkrokem.cz\/sv\/utflykter-runt-pisek\/#18_Benhuset_och_kyrkogarden_i_Albrechtice_nad_Vltavou\" >18. Benhuset och kyrkog\u00e5rden i Albrechtice nad Vltavou<\/a><\/li><\/ul><\/li><li class='ez-toc-page-1 ez-toc-heading-level-2'><a class=\"ez-toc-link ez-toc-heading-24\" href=\"https:\/\/loudavymkrokem.cz\/sv\/utflykter-runt-pisek\/#Vatten_Orlik-dammen_Vltava_och_Otava\" >Vatten: Orl\u00edk-dammen, Vltava och Otava<\/a><ul class='ez-toc-list-level-3' ><li class='ez-toc-heading-level-3'><a class=\"ez-toc-link ez-toc-heading-25\" href=\"https:\/\/loudavymkrokem.cz\/sv\/utflykter-runt-pisek\/#19_Battur_Zvikov_%E2%86%94_Orlik\" >19. B\u00e5ttur Zv\u00edkov \u2194 Orl\u00edk<\/a><\/li><li class='ez-toc-page-1 ez-toc-heading-level-3'><a class=\"ez-toc-link ez-toc-heading-26\" href=\"https:\/\/loudavymkrokem.cz\/sv\/utflykter-runt-pisek\/#20_Orlik-dammen_strander_och_campingar\" >20. Orl\u00edk-dammen: str\u00e4nder och campingar<\/a><\/li><li class='ez-toc-page-1 ez-toc-heading-level-3'><a class=\"ez-toc-link ez-toc-heading-27\" href=\"https:\/\/loudavymkrokem.cz\/sv\/utflykter-runt-pisek\/#21_Cervena_nad_Vltavou\" >21. \u010cerven\u00e1 nad Vltavou<\/a><\/li><li class='ez-toc-page-1 ez-toc-heading-level-3'><a class=\"ez-toc-link ez-toc-heading-28\" href=\"https:\/\/loudavymkrokem.cz\/sv\/utflykter-runt-pisek\/#22_Vodnany_och_dammarna\" >22. Vod\u0148any och dammarna<\/a><\/li><\/ul><\/li><li class='ez-toc-page-1 ez-toc-heading-level-2'><a class=\"ez-toc-link ez-toc-heading-29\" href=\"https:\/\/loudavymkrokem.cz\/sv\/utflykter-runt-pisek\/#Sydbohmiska_stader_och_heldagsmal\" >Sydb\u00f6hmiska st\u00e4der och heldagsm\u00e5l<\/a><ul class='ez-toc-list-level-3' ><li class='ez-toc-heading-level-3'><a class=\"ez-toc-link ez-toc-heading-30\" href=\"https:\/\/loudavymkrokem.cz\/sv\/utflykter-runt-pisek\/#23_Hluboka_nad_Vltavou\" >23. Hlubok\u00e1 nad Vltavou<\/a><\/li><li class='ez-toc-page-1 ez-toc-heading-level-3'><a class=\"ez-toc-link ez-toc-heading-31\" href=\"https:\/\/loudavymkrokem.cz\/sv\/utflykter-runt-pisek\/#24_Tabor\" >24. T\u00e1bor<\/a><\/li><li class='ez-toc-page-1 ez-toc-heading-level-3'><a class=\"ez-toc-link ez-toc-heading-32\" href=\"https:\/\/loudavymkrokem.cz\/sv\/utflykter-runt-pisek\/#25_Holasovice\" >25. Hola\u0161ovice<\/a><\/li><li class='ez-toc-page-1 ez-toc-heading-level-3'><a class=\"ez-toc-link ez-toc-heading-33\" href=\"https:\/\/loudavymkrokem.cz\/sv\/utflykter-runt-pisek\/#26_Ceske_Budejovice\" >26. \u010cesk\u00e9 Bud\u011bjovice<\/a><\/li><li class='ez-toc-page-1 ez-toc-heading-level-3'><a class=\"ez-toc-link ez-toc-heading-34\" href=\"https:\/\/loudavymkrokem.cz\/sv\/utflykter-runt-pisek\/#27_Chynov-grottan\" >27. Ch\u00fdnov-grottan<\/a><\/li><li class='ez-toc-page-1 ez-toc-heading-level-3'><a class=\"ez-toc-link ez-toc-heading-35\" href=\"https:\/\/loudavymkrokem.cz\/sv\/utflykter-runt-pisek\/#28_Cesky_Krumlov\" >28. \u010cesk\u00fd Krumlov<\/a><\/li><li class='ez-toc-page-1 ez-toc-heading-level-3'><a class=\"ez-toc-link ez-toc-heading-36\" href=\"https:\/\/loudavymkrokem.cz\/sv\/utflykter-runt-pisek\/#29_Trebon_och_dammlandskapet\" >29. T\u0159ebo\u0148 och dammlandskapet<\/a><\/li><li class='ez-toc-page-1 ez-toc-heading-level-3'><a class=\"ez-toc-link ez-toc-heading-37\" href=\"https:\/\/loudavymkrokem.cz\/sv\/utflykter-runt-pisek\/#30_Sumava\" >30. \u0160umava<\/a><\/li><\/ul><\/li><li class='ez-toc-page-1 ez-toc-heading-level-2'><a class=\"ez-toc-link ez-toc-heading-38\" href=\"https:\/\/loudavymkrokem.cz\/sv\/utflykter-runt-pisek\/#Vad_som_ar_oppet_runt_Pisek_aven_off-season\" >Vad som \u00e4r \u00f6ppet runt P\u00edsek \u00e4ven off-season<\/a><\/li><li class='ez-toc-page-1 ez-toc-heading-level-2'><a class=\"ez-toc-link ez-toc-heading-39\" href=\"https:\/\/loudavymkrokem.cz\/sv\/utflykter-runt-pisek\/#Vart_du_kan_ge_dig_av_fran_Pisek_utan_bil\" >Vart du kan ge dig av fr\u00e5n P\u00edsek utan bil<\/a><\/li><li class='ez-toc-page-1 ez-toc-heading-level-2'><a class=\"ez-toc-link ez-toc-heading-40\" href=\"https:\/\/loudavymkrokem.cz\/sv\/utflykter-runt-pisek\/#Vart_du_kan_ga_vidare\" >Vart du kan g\u00e5 vidare<\/a><\/li><li class='ez-toc-page-1 ez-toc-heading-level-2'><a class=\"ez-toc-link ez-toc-heading-41\" href=\"https:\/\/loudavymkrokem.cz\/sv\/utflykter-runt-pisek\/#Vanliga_fragor\" >Vanliga fr\u00e5gor<\/a><ul class='ez-toc-list-level-3' ><li class='ez-toc-heading-level-3'><a class=\"ez-toc-link ez-toc-heading-42\" href=\"https:\/\/loudavymkrokem.cz\/sv\/utflykter-runt-pisek\/#Vart_kan_man_aka_pa_en_dagsutflykt_fran_Pisek\" >Vart kan man \u00e5ka p\u00e5 en dagsutflykt fr\u00e5n P\u00edsek?<\/a><\/li><li class='ez-toc-page-1 ez-toc-heading-level-3'><a class=\"ez-toc-link ez-toc-heading-43\" href=\"https:\/\/loudavymkrokem.cz\/sv\/utflykter-runt-pisek\/#Vart_kan_man_aka_pa_helgen_i_Pisek-regionen\" >Vart kan man \u00e5ka p\u00e5 helgen i P\u00edsek-regionen?<\/a><\/li><li class='ez-toc-page-1 ez-toc-heading-level-3'><a class=\"ez-toc-link ez-toc-heading-44\" href=\"https:\/\/loudavymkrokem.cz\/sv\/utflykter-runt-pisek\/#Vad_kan_man_gora_med_barn_i_narheten_av_Pisek\" >Vad kan man g\u00f6ra med barn i n\u00e4rheten av P\u00edsek?<\/a><\/li><li class='ez-toc-page-1 ez-toc-heading-level-3'><a class=\"ez-toc-link ez-toc-heading-45\" href=\"https:\/\/loudavymkrokem.cz\/sv\/utflykter-runt-pisek\/#Hur_langt_ar_det_till_Zvikov_fran_Pisek\" >Hur l\u00e5ngt \u00e4r det till Zv\u00edkov fr\u00e5n P\u00edsek?<\/a><\/li><li class='ez-toc-page-1 ez-toc-heading-level-3'><a class=\"ez-toc-link ez-toc-heading-46\" href=\"https:\/\/loudavymkrokem.cz\/sv\/utflykter-runt-pisek\/#Gar_det_bat_fran_Zvikov_till_Orlik\" >G\u00e5r det b\u00e5t fr\u00e5n Zv\u00edkov till Orl\u00edk?<\/a><\/li><li class='ez-toc-page-1 ez-toc-heading-level-3'><a class=\"ez-toc-link ez-toc-heading-47\" href=\"https:\/\/loudavymkrokem.cz\/sv\/utflykter-runt-pisek\/#Vilken_ar_den_basta_utflykten_inom_15_minuter_fran_staden\" >Vilken \u00e4r den b\u00e4sta utflykten inom 15 minuter fr\u00e5n staden?<\/a><\/li><li class='ez-toc-page-1 ez-toc-heading-level-3'><a class=\"ez-toc-link ez-toc-heading-48\" href=\"https:\/\/loudavymkrokem.cz\/sv\/utflykter-runt-pisek\/#Vart_i_narheten_av_Pisek_kan_man_aka_gratis\" >Vart i n\u00e4rheten av P\u00edsek kan man \u00e5ka gratis?<\/a><\/li><li class='ez-toc-page-1 ez-toc-heading-level-3'><a class=\"ez-toc-link ez-toc-heading-49\" href=\"https:\/\/loudavymkrokem.cz\/sv\/utflykter-runt-pisek\/#Vad_ar_oppet_i_narheten_pa_vintern\" >Vad \u00e4r \u00f6ppet i n\u00e4rheten p\u00e5 vintern?<\/a><\/li><\/ul><\/li><\/ul><\/nav><\/div>\n<h3 class=\"wp-block-heading\"><span class=\"ez-toc-section\" id=\"Sammanfattning\"><\/span>Sammanfattning<span class=\"ez-toc-section-end\"><\/span><\/h3>\n\n\n\n<ul class=\"wp-block-list\">\n<li><strong>B\u00e4sta utflykten totalt:<\/strong> Ett bes\u00f6k p\u00e5 den majest\u00e4tiska borgen Zv\u00edkov kombinerat med en sightseeingtur med b\u00e5t till det n\u00e4rbel\u00e4gna slottet Orl\u00edk.<\/li>\n\n\n\n<li><strong>N\u00e4rmaste m\u00e5let:<\/strong> Utsiktstornet Jarn\u00edk och angr\u00e4nsande P\u00edseck\u00e9 hory, dit du enkelt tar dig fr\u00e5n centrum med en trevlig promenad.<\/li>\n\n\n\n<li><strong>B\u00e4st f\u00f6r barnfamiljer:<\/strong> Sagosmedjan i Selibov och den ny\u00f6ppnade Farmapark Maletice full av djur och attraktioner.<\/li>\n\n\n\n<li><strong>F\u00f6r en regnig dag:<\/strong> Krokodil-zoot i Protiv\u00edn, som garanterat underh\u00e5ller inomhus, eller intressanta museer i grannst\u00e4derna.<\/li>\n\n\n\n<li><strong>Tips p\u00e5 ett UNESCO-arv:<\/strong> Byn Hola\u0161ovice, som stoltserar med en helt unik och v\u00e4lbevarad bondebarock.<\/li>\n\n\n\n<li><strong>Mest bes\u00f6kta m\u00e5let:<\/strong> Statsslottet Hlubok\u00e1 nad Vltavou, som tack vare sin sagolika arkitektur lockar turister fr\u00e5n hela v\u00e4rlden.<\/li>\n\n\n\n<li><strong>Off-season:<\/strong> Medan borgarna sover p\u00e5 vintern fungerar utsiktstorn, djurparker och str\u00f6vt\u00e5g i P\u00edseck\u00e9 hory utan begr\u00e4nsningar \u00e5ret runt.<\/li>\n<\/ul>\n\n\n\n<figure data-wp-context=\"{&quot;imageId&quot;:&quot;6a97b18e0207b&quot;}\" data-wp-interactive=\"core\/image\" data-wp-key=\"6a97b18e0207b\" class=\"wp-block-image size-full wp-lightbox-container\"><img decoding=\"async\" width=\"2200\" height=\"1467\" data-wp-class--hide=\"state.isContentHidden\" data-wp-class--show=\"state.isContentVisible\" data-wp-init=\"callbacks.setButtonStyles\" data-wp-on--click=\"actions.showLightbox\" data-wp-on--load=\"callbacks.setButtonStyles\" data-wp-on--pointerdown=\"actions.preloadImage\" data-wp-on--pointerenter=\"actions.preloadImageWithDelay\" data-wp-on--pointerleave=\"actions.cancelPreload\" data-wp-on-window--resize=\"callbacks.setButtonStyles\" src=\"https:\/\/loudavymkrokem.cz\/wp-content\/uploads\/2026\/08\/reka-otava-kamenny-most-pisek.jpg\" alt=\"Floden Otava och stenbron i P\u00edsek i skymningen\" class=\"wp-image-404438\" title=\"\" srcset=\"https:\/\/loudavymkrokem.cz\/wp-content\/uploads\/2026\/08\/reka-otava-kamenny-most-pisek.jpg 2200w, https:\/\/loudavymkrokem.cz\/wp-content\/uploads\/2026\/08\/reka-otava-kamenny-most-pisek-300x200.jpg 300w, https:\/\/loudavymkrokem.cz\/wp-content\/uploads\/2026\/08\/reka-otava-kamenny-most-pisek-700x467.jpg 700w, https:\/\/loudavymkrokem.cz\/wp-content\/uploads\/2026\/08\/reka-otava-kamenny-most-pisek-768x512.jpg 768w, https:\/\/loudavymkrokem.cz\/wp-content\/uploads\/2026\/08\/reka-otava-kamenny-most-pisek-1536x1024.jpg 1536w, https:\/\/loudavymkrokem.cz\/wp-content\/uploads\/2026\/08\/reka-otava-kamenny-most-pisek-2048x1366.jpg 2048w, https:\/\/loudavymkrokem.cz\/wp-content\/uploads\/2026\/08\/reka-otava-kamenny-most-pisek-696x464.jpg 696w, https:\/\/loudavymkrokem.cz\/wp-content\/uploads\/2026\/08\/reka-otava-kamenny-most-pisek-1392x928.jpg 1392w, https:\/\/loudavymkrokem.cz\/wp-content\/uploads\/2026\/08\/reka-otava-kamenny-most-pisek-1920x1280.jpg 1920w\" sizes=\"(max-width: 2200px) 100vw, 2200px\" \/><button\n\t\t\tclass=\"lightbox-trigger\"\n\t\t\ttype=\"button\"\n\t\t\taria-haspopup=\"dialog\"\n\t\t\tdata-wp-bind--aria-label=\"state.thisImage.triggerButtonAriaLabel\"\n\t\t\tdata-wp-init=\"callbacks.initTriggerButton\"\n\t\t\tdata-wp-on--click=\"actions.showLightbox\"\n\t\t\tdata-wp-style--right=\"state.thisImage.buttonRight\"\n\t\t\tdata-wp-style--top=\"state.thisImage.buttonTop\"\n\t\t>\n\t\t\t<svg xmlns=\"http:\/\/www.w3.org\/2000\/svg\" width=\"12\" height=\"12\" fill=\"none\" viewBox=\"0 0 12 12\">\n\t\t\t\t<path fill=\"#fff\" d=\"M2 0a2 2 0 0 0-2 2v2h1.5V2a.5.5 0 0 1 .5-.5h2V0H2Zm2 10.5H2a.5.5 0 0 1-.5-.5V8H0v2a2 2 0 0 0 2 2h2v-1.5ZM8 12v-1.5h2a.5.5 0 0 0 .5-.5V8H12v2a2 2 0 0 1-2 2H8Zm2-12a2 2 0 0 1 2 2v2h-1.5V2a.5.5 0 0 0-.5-.5H8V0h2Z\" \/>\n\t\t\t<\/svg>\n\t\t<\/button><\/figure>\n\n\n\n<h2 class=\"wp-block-heading\"><span class=\"ez-toc-section\" id=\"Sa_planerar_du_utflykter_fran_Pisek\"><\/span>S\u00e5 planerar du utflykter fr\u00e5n P\u00edsek<span class=\"ez-toc-section-end\"><\/span><\/h2>\n\n\n\n<p class=\"wp-block-paragraph\">P\u00edsek har ett ovanligt strategiskt l\u00e4ge n\u00e4ra motorv\u00e4gen D4, vilket i praktiken betyder att <strong>f\u00f6rflyttningar mot Prag och djupare s\u00f6derut \u00e4r mycket snabba och bekv\u00e4ma<\/strong>. F\u00f6r en b\u00e4ttre \u00f6versikt delar jag in utflykterna i kortare halvdagsturer som ligger inom ungef\u00e4r trettio kilometer fr\u00e5n staden, och de l\u00e4ngre heldagsturerna \u00f6ver fyrtio kilometer som vi hellre avs\u00e4tter en hel ledig dag f\u00f6r.<\/p>\n\n\n\n<p class=\"wp-block-paragraph\">N\u00e4r du planerar bes\u00f6k p\u00e5 borgar och slott som h\u00f6r under den nationella kulturminnesf\u00f6rvaltningen <strong>ska du r\u00e4kna med att de oftast h\u00e5ller st\u00e4ngt p\u00e5 m\u00e5ndagar<\/strong>. Den h\u00e4r tysta \u00f6verenskommelsen g\u00e4ller \u00e4ven de st\u00f6rsta dragpl\u00e5stren i omr\u00e5det, s\u00e5 planera hellre in natur, utsiktstorn eller djurparker i b\u00f6rjan av veckan \u2013 d\u00e4r brukar \u00f6ppettiderna vara mycket mer flexibla.<\/p>\n\n\n\n<p class=\"wp-block-paragraph\">S\u00f6dra B\u00f6hmen \u00e4r dessutom oerh\u00f6rt popul\u00e4rt bland cyklister och <strong>ett t\u00e4tt n\u00e4t av cykelv\u00e4gar tar dig tryggt till m\u00e5nga m\u00e5l l\u00e4ngs floden Otava<\/strong>. F\u00f6rlitar du dig p\u00e5 kollektivtrafiken tar du dig fint till grannst\u00e4derna med t\u00e5g, men till vissa mer avl\u00e4gsna sev\u00e4rdheter \u00e4r det ofta mycket b\u00e4ttre och snabbare att anv\u00e4nda regionala busslinjer.<\/p>\n\n\n\n<figure data-wp-context=\"{&quot;imageId&quot;:&quot;6a97b18e02cee&quot;}\" data-wp-interactive=\"core\/image\" data-wp-key=\"6a97b18e02cee\" class=\"wp-block-image size-full wp-lightbox-container\"><img decoding=\"async\" width=\"2528\" height=\"1696\" data-wp-class--hide=\"state.isContentHidden\" data-wp-class--show=\"state.isContentVisible\" data-wp-init=\"callbacks.setButtonStyles\" data-wp-on--click=\"actions.showLightbox\" data-wp-on--load=\"callbacks.setButtonStyles\" data-wp-on--pointerdown=\"actions.preloadImage\" data-wp-on--pointerenter=\"actions.preloadImageWithDelay\" data-wp-on--pointerleave=\"actions.cancelPreload\" data-wp-on-window--resize=\"callbacks.setButtonStyles\" src=\"https:\/\/loudavymkrokem.cz\/wp-content\/uploads\/2026\/08\/lk-03.jpg\" alt=\"Utsikt \u00f6ver landskapet fr\u00e5n P\u00edseck\u00e9 hory\" class=\"wp-image-403972\" title=\"\" srcset=\"https:\/\/loudavymkrokem.cz\/wp-content\/uploads\/2026\/08\/lk-03.jpg 2528w, https:\/\/loudavymkrokem.cz\/wp-content\/uploads\/2026\/08\/lk-03-300x201.jpg 300w, https:\/\/loudavymkrokem.cz\/wp-content\/uploads\/2026\/08\/lk-03-700x470.jpg 700w, https:\/\/loudavymkrokem.cz\/wp-content\/uploads\/2026\/08\/lk-03-768x515.jpg 768w, https:\/\/loudavymkrokem.cz\/wp-content\/uploads\/2026\/08\/lk-03-1536x1030.jpg 1536w, https:\/\/loudavymkrokem.cz\/wp-content\/uploads\/2026\/08\/lk-03-2048x1374.jpg 2048w, https:\/\/loudavymkrokem.cz\/wp-content\/uploads\/2026\/08\/lk-03-696x467.jpg 696w, https:\/\/loudavymkrokem.cz\/wp-content\/uploads\/2026\/08\/lk-03-1392x934.jpg 1392w, https:\/\/loudavymkrokem.cz\/wp-content\/uploads\/2026\/08\/lk-03-1920x1288.jpg 1920w\" sizes=\"(max-width: 2528px) 100vw, 2528px\" \/><button\n\t\t\tclass=\"lightbox-trigger\"\n\t\t\ttype=\"button\"\n\t\t\taria-haspopup=\"dialog\"\n\t\t\tdata-wp-bind--aria-label=\"state.thisImage.triggerButtonAriaLabel\"\n\t\t\tdata-wp-init=\"callbacks.initTriggerButton\"\n\t\t\tdata-wp-on--click=\"actions.showLightbox\"\n\t\t\tdata-wp-style--right=\"state.thisImage.buttonRight\"\n\t\t\tdata-wp-style--top=\"state.thisImage.buttonTop\"\n\t\t>\n\t\t\t<svg xmlns=\"http:\/\/www.w3.org\/2000\/svg\" width=\"12\" height=\"12\" fill=\"none\" viewBox=\"0 0 12 12\">\n\t\t\t\t<path fill=\"#fff\" d=\"M2 0a2 2 0 0 0-2 2v2h1.5V2a.5.5 0 0 1 .5-.5h2V0H2Zm2 10.5H2a.5.5 0 0 1-.5-.5V8H0v2a2 2 0 0 0 2 2h2v-1.5ZM8 12v-1.5h2a.5.5 0 0 0 .5-.5V8H12v2a2 2 0 0 1-2 2H8Zm2-12a2 2 0 0 1 2 2v2h-1.5V2a.5.5 0 0 0-.5-.5H8V0h2Z\" \/>\n\t\t\t<\/svg>\n\t\t<\/button><figcaption class=\"wp-element-caption\">Efter foto: Chmee2 \/ Wikimedia Commons, CC BY-SA 3.0 \u00b7 f\u00e4rgjusterat<\/figcaption><\/figure>\n\n\n\n<h2 class=\"wp-block-heading\"><span class=\"ez-toc-section\" id=\"Var_du_bor_nar_du_vill_utforska_omgivningen\"><\/span>Var du bor n\u00e4r du vill utforska omgivningen<span class=\"ez-toc-section-end\"><\/span><\/h2>\n\n\n\n<p class=\"wp-block-paragraph\">Om du \u00e5ker till P\u00edsek-trakten \u00f6ver en helg eller en vecka <strong>l\u00f6nar det sig att bo direkt i P\u00edsek<\/strong> och g\u00f6ra utflykter d\u00e4rifr\u00e5n. De flesta m\u00e5len i den h\u00e4r artikeln ligger inom en halvtimmes k\u00f6rning och p\u00e5 kv\u00e4llen \u00e4r du tillbaka i staden, d\u00e4r det finns gott om parkering, mat och en fin promenad l\u00e4ngs strandpromenaden.<\/p>\n\n\n\n<p class=\"wp-block-paragraph\">B\u00e4st l\u00e4ge har <strong><a href=\"https:\/\/www.stay22.com\/allez\/roam?aid=lukaskonecny&amp;campaign=loudavymkrokemcz&amp;campaign=vylety-v-okoli-pisku&amp;hotelname=Hotel%20Biograf&amp;address=P%C3%ADsek%2C%20%C4%8Cesko\" target=\"_blank\" rel=\"nofollow sponsored noopener\">Hotel Biograf<\/a><\/strong> n\u00e4ra Velk\u00e9 n\u00e1m\u011bst\u00ed \u2013 det \u00e4r renoverat och h\u00f6r sedan l\u00e4nge till de b\u00e4st betygsatta i P\u00edsek. Ett lugnare alternativ \u00e4r <strong><a href=\"https:\/\/www.stay22.com\/allez\/roam?aid=lukaskonecny&amp;campaign=loudavymkrokemcz&amp;campaign=vylety-v-okoli-pisku&amp;hotelname=Hotel%20U%20Kapli%C4%8Dky&amp;address=P%C3%ADsek%2C%20%C4%8Cesko\" target=\"_blank\" rel=\"nofollow sponsored noopener\">Hotel U Kapli\u010dky<\/a><\/strong> med egen restaurang och parkering, vilket du uppskattar n\u00e4r du kommer sent tillbaka fr\u00e5n en utflykt.<\/p>\n\n\n\n<p class=\"wp-block-paragraph\">Billigare blir det p\u00e5 <strong><a href=\"https:\/\/www.stay22.com\/allez\/roam?aid=lukaskonecny&amp;campaign=loudavymkrokemcz&amp;campaign=vylety-v-okoli-pisku&amp;hotelname=Penzion%20Sport&amp;address=P%C3%ADsek%2C%20%C4%8Cesko\" target=\"_blank\" rel=\"nofollow sponsored noopener\">Penzion Sport<\/a><\/strong>, d\u00e4r du har bara n\u00e5gra minuters promenad till idrottsanl\u00e4ggningen och badet. Och vill du bo mitt i den historiska stadsk\u00e4rnan, testa <strong><a href=\"https:\/\/www.stay22.com\/allez\/roam?aid=lukaskonecny&amp;campaign=loudavymkrokemcz&amp;campaign=vylety-v-okoli-pisku&amp;hotelname=Hotel%20Otava&amp;address=P%C3%ADsek%2C%20%C4%8Cesko\" target=\"_blank\" rel=\"nofollow sponsored noopener\">Hotel Otava<\/a><\/strong> i en byggnad fr\u00e5n mellankrigstiden med m\u00e5lningar av Ale\u0161 \u2013 rummen \u00e4r sv\u00e5rare att f\u00e5 tag p\u00e5, s\u00e5 boka i god tid.<\/p>\n\n\n\n<p class=\"wp-block-paragraph\">\ud83d\udca1 <strong>Tips:<\/strong> Kolla hela utbudet av boenden i P\u00edsek med aktuella priser <a href=\"https:\/\/www.stay22.com\/allez\/roam?aid=lukaskonecny&amp;campaign=loudavymkrokemcz&amp;campaign=vylety-v-okoli-pisku&amp;address=P%C3%ADsek%2C%20%C4%8Cesko\" target=\"_blank\" rel=\"nofollow sponsored noopener\">p\u00e5 kartan \u00f6ver boenden i P\u00edsek<\/a> \u2014 i h\u00f6gs\u00e4song och under l\u00e5nghelger fylls kapaciteten snabbt.<\/p>\n\n\n\n<h2 class=\"wp-block-heading\"><span class=\"ez-toc-section\" id=\"Utflykter_inom_15_kilometer_pa_en_halvdag_eller_med_cykel\"><\/span>Utflykter inom 15 kilometer: p\u00e5 en halvdag eller med cykel<span class=\"ez-toc-section-end\"><\/span><\/h2>\n\n\n\n<p class=\"wp-block-paragraph\">De h\u00e4r n\u00e4rmaste m\u00e5len ligger verkligen bara ett stenkast bort och P\u00edsek-familjer \u00e5ker hit framf\u00f6r allt p\u00e5 helgerna, n\u00e4r de inte vill l\u00e4gga f\u00f6r mycket tid i bilen. Du klarar dem enkelt under en eftermiddag eller som ett trevligt m\u00e5l f\u00f6r en cykeltur.<\/p>\n\n\n\n<figure data-wp-context=\"{&quot;imageId&quot;:&quot;6a97b18e03472&quot;}\" data-wp-interactive=\"core\/image\" data-wp-key=\"6a97b18e03472\" class=\"wp-block-image size-full wp-lightbox-container\"><img decoding=\"async\" width=\"2528\" height=\"1696\" data-wp-class--hide=\"state.isContentHidden\" data-wp-class--show=\"state.isContentVisible\" data-wp-init=\"callbacks.setButtonStyles\" data-wp-on--click=\"actions.showLightbox\" data-wp-on--load=\"callbacks.setButtonStyles\" data-wp-on--pointerdown=\"actions.preloadImage\" data-wp-on--pointerenter=\"actions.preloadImageWithDelay\" data-wp-on--pointerleave=\"actions.cancelPreload\" data-wp-on-window--resize=\"callbacks.setButtonStyles\" src=\"https:\/\/loudavymkrokem.cz\/wp-content\/uploads\/2026\/08\/lk-04.jpg\" alt=\"Utsiktstornet Jarn\u00edk i P\u00edseck\u00e9 hory\" class=\"wp-image-403974\" title=\"\" srcset=\"https:\/\/loudavymkrokem.cz\/wp-content\/uploads\/2026\/08\/lk-04.jpg 2528w, https:\/\/loudavymkrokem.cz\/wp-content\/uploads\/2026\/08\/lk-04-300x201.jpg 300w, https:\/\/loudavymkrokem.cz\/wp-content\/uploads\/2026\/08\/lk-04-700x470.jpg 700w, https:\/\/loudavymkrokem.cz\/wp-content\/uploads\/2026\/08\/lk-04-768x515.jpg 768w, https:\/\/loudavymkrokem.cz\/wp-content\/uploads\/2026\/08\/lk-04-1536x1030.jpg 1536w, https:\/\/loudavymkrokem.cz\/wp-content\/uploads\/2026\/08\/lk-04-2048x1374.jpg 2048w, https:\/\/loudavymkrokem.cz\/wp-content\/uploads\/2026\/08\/lk-04-696x467.jpg 696w, https:\/\/loudavymkrokem.cz\/wp-content\/uploads\/2026\/08\/lk-04-1392x934.jpg 1392w, https:\/\/loudavymkrokem.cz\/wp-content\/uploads\/2026\/08\/lk-04-1920x1288.jpg 1920w\" sizes=\"(max-width: 2528px) 100vw, 2528px\" \/><button\n\t\t\tclass=\"lightbox-trigger\"\n\t\t\ttype=\"button\"\n\t\t\taria-haspopup=\"dialog\"\n\t\t\tdata-wp-bind--aria-label=\"state.thisImage.triggerButtonAriaLabel\"\n\t\t\tdata-wp-init=\"callbacks.initTriggerButton\"\n\t\t\tdata-wp-on--click=\"actions.showLightbox\"\n\t\t\tdata-wp-style--right=\"state.thisImage.buttonRight\"\n\t\t\tdata-wp-style--top=\"state.thisImage.buttonTop\"\n\t\t>\n\t\t\t<svg xmlns=\"http:\/\/www.w3.org\/2000\/svg\" width=\"12\" height=\"12\" fill=\"none\" viewBox=\"0 0 12 12\">\n\t\t\t\t<path fill=\"#fff\" d=\"M2 0a2 2 0 0 0-2 2v2h1.5V2a.5.5 0 0 1 .5-.5h2V0H2Zm2 10.5H2a.5.5 0 0 1-.5-.5V8H0v2a2 2 0 0 0 2 2h2v-1.5ZM8 12v-1.5h2a.5.5 0 0 0 .5-.5V8H12v2a2 2 0 0 1-2 2H8Zm2-12a2 2 0 0 1 2 2v2h-1.5V2a.5.5 0 0 0-.5-.5H8V0h2Z\" \/>\n\t\t\t<\/svg>\n\t\t<\/button><figcaption class=\"wp-element-caption\">Efter foto: Chmee2 \/ Wikimedia Commons, CC BY 3.0 \u00b7 f\u00e4rgjusterat<\/figcaption><\/figure>\n\n\n\n<h3 class=\"wp-block-heading\"><span class=\"ez-toc-section\" id=\"1_Utsiktstornet_Jarnik\"><\/span>1. Utsiktstornet Jarn\u00edk<span class=\"ez-toc-section-end\"><\/span><\/h3>\n\n\n\n<p class=\"wp-block-paragraph\">Fr\u00e5n P\u00edseks centrum \u00e4r det bara <strong>5,1 kilometer till utsiktstornet, vilket tar ungef\u00e4r 21 minuter med bil<\/strong> fram till infartsparkeringen. Det ligger mitt i P\u00edseck\u00e9 hory ovanf\u00f6r staden och fr\u00e5n den gratis parkeringen U Vod\u00e1ka \u00e4r det ytterligare cirka 1,7 kilometer till fots genom vacker skog fram till sj\u00e4lva tornet.<\/p>\n\n\n\n<p class=\"wp-block-paragraph\">Uppstigningen \u00e4r gratis och \u00f6ppen dygnet runt, n\u00e4stan tusen personer ger tornet i snitt fyra och en halv stj\u00e4rna, och \u00e4ven om det tekniskt sett \u00e4r ett telekommunikationstorn bjuder utsiktsplattformen p\u00e5 en fin panoramavy \u00f6ver staden och omgivningen \u2013 om det inte just d\u00e5 ligger dimma.<\/p>\n\n\n\n<p class=\"wp-block-paragraph\">Den h\u00e4r utflykten <strong>kombineras dessutom idealiskt med den n\u00e4rbel\u00e4gna h\u00e4gnaden U Vod\u00e1ka<\/strong>, d\u00e4r du kan titta p\u00e5 dovhjortar och mufflonf\u00e5r. En bit d\u00e4rifr\u00e5n vid stugan \u017divec finns den popul\u00e4ra 3D-labyrinten i tr\u00e4dkronorna, vilket g\u00f6r platsen till ett perfekt halvdagsm\u00e5l f\u00f6r alla \u00e5ldrar.<\/p>\n\n\n\n<figure data-wp-context=\"{&quot;imageId&quot;:&quot;6a97b18e03a20&quot;}\" data-wp-interactive=\"core\/image\" data-wp-key=\"6a97b18e03a20\" class=\"wp-block-image size-full wp-lightbox-container\"><img decoding=\"async\" width=\"2528\" height=\"1696\" data-wp-class--hide=\"state.isContentHidden\" data-wp-class--show=\"state.isContentVisible\" data-wp-init=\"callbacks.setButtonStyles\" data-wp-on--click=\"actions.showLightbox\" data-wp-on--load=\"callbacks.setButtonStyles\" data-wp-on--pointerdown=\"actions.preloadImage\" data-wp-on--pointerenter=\"actions.preloadImageWithDelay\" data-wp-on--pointerleave=\"actions.cancelPreload\" data-wp-on-window--resize=\"callbacks.setButtonStyles\" src=\"https:\/\/loudavymkrokem.cz\/wp-content\/uploads\/2026\/08\/lk-05.jpg\" alt=\"Utsikt \u00f6ver P\u00edsek fr\u00e5n P\u00edseck\u00e9 hory\" class=\"wp-image-403977\" title=\"\" srcset=\"https:\/\/loudavymkrokem.cz\/wp-content\/uploads\/2026\/08\/lk-05.jpg 2528w, https:\/\/loudavymkrokem.cz\/wp-content\/uploads\/2026\/08\/lk-05-300x201.jpg 300w, https:\/\/loudavymkrokem.cz\/wp-content\/uploads\/2026\/08\/lk-05-700x470.jpg 700w, https:\/\/loudavymkrokem.cz\/wp-content\/uploads\/2026\/08\/lk-05-768x515.jpg 768w, https:\/\/loudavymkrokem.cz\/wp-content\/uploads\/2026\/08\/lk-05-1536x1030.jpg 1536w, https:\/\/loudavymkrokem.cz\/wp-content\/uploads\/2026\/08\/lk-05-2048x1374.jpg 2048w, https:\/\/loudavymkrokem.cz\/wp-content\/uploads\/2026\/08\/lk-05-696x467.jpg 696w, https:\/\/loudavymkrokem.cz\/wp-content\/uploads\/2026\/08\/lk-05-1392x934.jpg 1392w, https:\/\/loudavymkrokem.cz\/wp-content\/uploads\/2026\/08\/lk-05-1920x1288.jpg 1920w\" sizes=\"(max-width: 2528px) 100vw, 2528px\" \/><button\n\t\t\tclass=\"lightbox-trigger\"\n\t\t\ttype=\"button\"\n\t\t\taria-haspopup=\"dialog\"\n\t\t\tdata-wp-bind--aria-label=\"state.thisImage.triggerButtonAriaLabel\"\n\t\t\tdata-wp-init=\"callbacks.initTriggerButton\"\n\t\t\tdata-wp-on--click=\"actions.showLightbox\"\n\t\t\tdata-wp-style--right=\"state.thisImage.buttonRight\"\n\t\t\tdata-wp-style--top=\"state.thisImage.buttonTop\"\n\t\t>\n\t\t\t<svg xmlns=\"http:\/\/www.w3.org\/2000\/svg\" width=\"12\" height=\"12\" fill=\"none\" viewBox=\"0 0 12 12\">\n\t\t\t\t<path fill=\"#fff\" d=\"M2 0a2 2 0 0 0-2 2v2h1.5V2a.5.5 0 0 1 .5-.5h2V0H2Zm2 10.5H2a.5.5 0 0 1-.5-.5V8H0v2a2 2 0 0 0 2 2h2v-1.5ZM8 12v-1.5h2a.5.5 0 0 0 .5-.5V8H12v2a2 2 0 0 1-2 2H8Zm2-12a2 2 0 0 1 2 2v2h-1.5V2a.5.5 0 0 0-.5-.5H8V0h2Z\" \/>\n\t\t\t<\/svg>\n\t\t<\/button><figcaption class=\"wp-element-caption\">Efter foto: Chmee2 \/ Wikimedia Commons, CC BY-SA 3.0 \u00b7 f\u00e4rgjusterat<\/figcaption><\/figure>\n\n\n\n<h3 class=\"wp-block-heading\"><span class=\"ez-toc-section\" id=\"2_Pisecke_hory\"><\/span>2. P\u00edseck\u00e9 hory<span class=\"ez-toc-section-end\"><\/span><\/h3>\n\n\n\n<p class=\"wp-block-paragraph\">Till kanten av det h\u00e4r vidstr\u00e4ckta skogsomr\u00e5det \u00e4r det <strong>ungef\u00e4r 9,4 kilometer, vilket motsvarar 24 minuters k\u00f6rning<\/strong> fr\u00e5n centrum. P\u00edseck\u00e9 hory \u00e4r egentligen inga riktiga berg i ordets r\u00e4tta bem\u00e4rkelse, utan snarare ett vackert skogsbekl\u00e4tt kuperat landskap som utg\u00f6r hela P\u00edsek-traktens gr\u00f6na lungor.<\/p>\n\n\n\n<p class=\"wp-block-paragraph\">H\u00e4r hittar du <strong>ett enormt n\u00e4t av perfekt skyltade stigar och stilla dammar<\/strong> som direkt lockar till l\u00e5nga promenader. Jag rekommenderar verkligen ett bes\u00f6k p\u00e5 Vyhl\u00eddka p\u00edseck\u00fdch lesn\u00edk\u016f, d\u00e4r det finns sittplatser, en beskrivning av det lokala skogsbrukets historia och en lugn utsikt ner i dalen. Oavsett om du ger dig av till fots fr\u00e5n centrum eller k\u00f6r bit bilen till stugan \u017divec v\u00e4ntar alltid en otrolig ro p\u00e5 dig.<\/p>\n\n\n\n<p class=\"wp-block-paragraph\">Stigarna \u00e4r h\u00e5rdgjorda och barnvagnen rullar utan problem. \u00c4nd\u00e5 hittar du enkelt \u00e4ven i h\u00f6gs\u00e4song en vr\u00e5 d\u00e4r du inte m\u00f6ter en levande sj\u00e4l under hela dagen, oavsett om du plockar svamp, joggar eller bara str\u00f6var omkring.<\/p>\n\n\n\n<figure data-wp-context=\"{&quot;imageId&quot;:&quot;6a97b18e03ece&quot;}\" data-wp-interactive=\"core\/image\" data-wp-key=\"6a97b18e03ece\" class=\"wp-block-image size-full wp-lightbox-container\"><img decoding=\"async\" width=\"2200\" height=\"1467\" data-wp-class--hide=\"state.isContentHidden\" data-wp-class--show=\"state.isContentVisible\" data-wp-init=\"callbacks.setButtonStyles\" data-wp-on--click=\"actions.showLightbox\" data-wp-on--load=\"callbacks.setButtonStyles\" data-wp-on--pointerdown=\"actions.preloadImage\" data-wp-on--pointerenter=\"actions.preloadImageWithDelay\" data-wp-on--pointerleave=\"actions.cancelPreload\" data-wp-on-window--resize=\"callbacks.setButtonStyles\" src=\"https:\/\/loudavymkrokem.cz\/wp-content\/uploads\/2026\/08\/putim-nase-zviratka.jpg\" alt=\"Djurh\u00f6rnan Na\u0161e zv\u00ed\u0159\u00e1tka i Putim\" class=\"wp-image-404439\" title=\"\" srcset=\"https:\/\/loudavymkrokem.cz\/wp-content\/uploads\/2026\/08\/putim-nase-zviratka.jpg 2200w, https:\/\/loudavymkrokem.cz\/wp-content\/uploads\/2026\/08\/putim-nase-zviratka-300x200.jpg 300w, https:\/\/loudavymkrokem.cz\/wp-content\/uploads\/2026\/08\/putim-nase-zviratka-700x467.jpg 700w, https:\/\/loudavymkrokem.cz\/wp-content\/uploads\/2026\/08\/putim-nase-zviratka-768x512.jpg 768w, https:\/\/loudavymkrokem.cz\/wp-content\/uploads\/2026\/08\/putim-nase-zviratka-1536x1024.jpg 1536w, https:\/\/loudavymkrokem.cz\/wp-content\/uploads\/2026\/08\/putim-nase-zviratka-2048x1366.jpg 2048w, https:\/\/loudavymkrokem.cz\/wp-content\/uploads\/2026\/08\/putim-nase-zviratka-696x464.jpg 696w, https:\/\/loudavymkrokem.cz\/wp-content\/uploads\/2026\/08\/putim-nase-zviratka-1392x928.jpg 1392w, https:\/\/loudavymkrokem.cz\/wp-content\/uploads\/2026\/08\/putim-nase-zviratka-1920x1280.jpg 1920w\" sizes=\"(max-width: 2200px) 100vw, 2200px\" \/><button\n\t\t\tclass=\"lightbox-trigger\"\n\t\t\ttype=\"button\"\n\t\t\taria-haspopup=\"dialog\"\n\t\t\tdata-wp-bind--aria-label=\"state.thisImage.triggerButtonAriaLabel\"\n\t\t\tdata-wp-init=\"callbacks.initTriggerButton\"\n\t\t\tdata-wp-on--click=\"actions.showLightbox\"\n\t\t\tdata-wp-style--right=\"state.thisImage.buttonRight\"\n\t\t\tdata-wp-style--top=\"state.thisImage.buttonTop\"\n\t\t>\n\t\t\t<svg xmlns=\"http:\/\/www.w3.org\/2000\/svg\" width=\"12\" height=\"12\" fill=\"none\" viewBox=\"0 0 12 12\">\n\t\t\t\t<path fill=\"#fff\" d=\"M2 0a2 2 0 0 0-2 2v2h1.5V2a.5.5 0 0 1 .5-.5h2V0H2Zm2 10.5H2a.5.5 0 0 1-.5-.5V8H0v2a2 2 0 0 0 2 2h2v-1.5ZM8 12v-1.5h2a.5.5 0 0 0 .5-.5V8H12v2a2 2 0 0 1-2 2H8Zm2-12a2 2 0 0 1 2 2v2h-1.5V2a.5.5 0 0 0-.5-.5H8V0h2Z\" \/>\n\t\t\t<\/svg>\n\t\t<\/button><\/figure>\n\n\n\n<h3 class=\"wp-block-heading\"><span class=\"ez-toc-section\" id=\"3_Putim_Nase_zviratka\"><\/span>3. Putim: Na\u0161e zv\u00ed\u0159\u00e1tka<span class=\"ez-toc-section-end\"><\/span><\/h3>\n\n\n\n<p class=\"wp-block-paragraph\">Till den ber\u00f6mda lilla byn Putim \u00e4r det bara <strong>6,5 kilometer och bilresan tar hela 9 minuter<\/strong>. Byn \u00e4r vida k\u00e4nd framf\u00f6r allt tack vare den ber\u00f6mda romanen om den tappre soldaten \u0160vejk, men f\u00f6r lokala familjer \u00e4r den stora attraktionen den fina djurh\u00f6rnan Na\u0161e zv\u00ed\u0159\u00e1tka.<\/p>\n\n\n\n<p class=\"wp-block-paragraph\">Den h\u00e4r lilla anl\u00e4ggningen <strong>har helt gratis entr\u00e9 och h\u00e4r ser du b\u00e5de k\u00e4ngurur och busiga surikater<\/strong>. Djuren \u00e4r vana vid m\u00e4nniskor och omr\u00e5det sk\u00f6ts omsorgsfullt, s\u00e5 du stannar s\u00e4kert l\u00e4ngre \u00e4n du kanske trodde vid f\u00f6rsta anblicken. Aktuella \u00f6ppettider hittar du p\u00e5 <a href=\"https:\/\/nasezviratkaputim.cz\" rel=\"nofollow noopener\" target=\"_blank\">nasezviratkaputim.cz<\/a>.<\/p>\n\n\n\n<p class=\"wp-block-paragraph\">N\u00e4r du f\u00e5tt nog av djuren, g\u00e5 g\u00e4rna \u00e4nnu en bit till den gamla stenbron \u00f6ver Blanice och till kyrkan Sankt Vav\u0159inec \u2013 den d\u00e4r byk\u00e4nslan f\u00e5ngar dig helt enkelt i hj\u00e4rtat, \u00e4ven om du bara \u00e5ker dit i en halvtimme.<\/p>\n\n\n\n<figure data-wp-context=\"{&quot;imageId&quot;:&quot;6a97b18e0439b&quot;}\" data-wp-interactive=\"core\/image\" data-wp-key=\"6a97b18e0439b\" class=\"wp-block-image size-full wp-lightbox-container\"><img decoding=\"async\" width=\"2200\" height=\"1467\" data-wp-class--hide=\"state.isContentHidden\" data-wp-class--show=\"state.isContentVisible\" data-wp-init=\"callbacks.setButtonStyles\" data-wp-on--click=\"actions.showLightbox\" data-wp-on--load=\"callbacks.setButtonStyles\" data-wp-on--pointerdown=\"actions.preloadImage\" data-wp-on--pointerenter=\"actions.preloadImageWithDelay\" data-wp-on--pointerleave=\"actions.cancelPreload\" data-wp-on-window--resize=\"callbacks.setButtonStyles\" src=\"https:\/\/loudavymkrokem.cz\/wp-content\/uploads\/2026\/08\/selibov-pohadkova-kovarna.jpg\" alt=\"Sagosmedjan i Selibov\" class=\"wp-image-404443\" title=\"\" srcset=\"https:\/\/loudavymkrokem.cz\/wp-content\/uploads\/2026\/08\/selibov-pohadkova-kovarna.jpg 2200w, https:\/\/loudavymkrokem.cz\/wp-content\/uploads\/2026\/08\/selibov-pohadkova-kovarna-300x200.jpg 300w, https:\/\/loudavymkrokem.cz\/wp-content\/uploads\/2026\/08\/selibov-pohadkova-kovarna-700x467.jpg 700w, https:\/\/loudavymkrokem.cz\/wp-content\/uploads\/2026\/08\/selibov-pohadkova-kovarna-768x512.jpg 768w, https:\/\/loudavymkrokem.cz\/wp-content\/uploads\/2026\/08\/selibov-pohadkova-kovarna-1536x1024.jpg 1536w, https:\/\/loudavymkrokem.cz\/wp-content\/uploads\/2026\/08\/selibov-pohadkova-kovarna-2048x1366.jpg 2048w, https:\/\/loudavymkrokem.cz\/wp-content\/uploads\/2026\/08\/selibov-pohadkova-kovarna-696x464.jpg 696w, https:\/\/loudavymkrokem.cz\/wp-content\/uploads\/2026\/08\/selibov-pohadkova-kovarna-1392x928.jpg 1392w, https:\/\/loudavymkrokem.cz\/wp-content\/uploads\/2026\/08\/selibov-pohadkova-kovarna-1920x1280.jpg 1920w\" sizes=\"(max-width: 2200px) 100vw, 2200px\" \/><button\n\t\t\tclass=\"lightbox-trigger\"\n\t\t\ttype=\"button\"\n\t\t\taria-haspopup=\"dialog\"\n\t\t\tdata-wp-bind--aria-label=\"state.thisImage.triggerButtonAriaLabel\"\n\t\t\tdata-wp-init=\"callbacks.initTriggerButton\"\n\t\t\tdata-wp-on--click=\"actions.showLightbox\"\n\t\t\tdata-wp-style--right=\"state.thisImage.buttonRight\"\n\t\t\tdata-wp-style--top=\"state.thisImage.buttonTop\"\n\t\t>\n\t\t\t<svg xmlns=\"http:\/\/www.w3.org\/2000\/svg\" width=\"12\" height=\"12\" fill=\"none\" viewBox=\"0 0 12 12\">\n\t\t\t\t<path fill=\"#fff\" d=\"M2 0a2 2 0 0 0-2 2v2h1.5V2a.5.5 0 0 1 .5-.5h2V0H2Zm2 10.5H2a.5.5 0 0 1-.5-.5V8H0v2a2 2 0 0 0 2 2h2v-1.5ZM8 12v-1.5h2a.5.5 0 0 0 .5-.5V8H12v2a2 2 0 0 1-2 2H8Zm2-12a2 2 0 0 1 2 2v2h-1.5V2a.5.5 0 0 0-.5-.5H8V0h2Z\" \/>\n\t\t\t<\/svg>\n\t\t<\/button><\/figure>\n\n\n\n<h3 class=\"wp-block-heading\"><span class=\"ez-toc-section\" id=\"4_Selibov_Sagosmedjan\"><\/span>4. Selibov: Sagosmedjan<span class=\"ez-toc-section-end\"><\/span><\/h3>\n\n\n\n<p class=\"wp-block-paragraph\">Resan till Selibov \u00e4r <strong>8,2 kilometer och tar dig ungef\u00e4r 9 minuters k\u00f6rning<\/strong> fr\u00e5n P\u00edseks torg. H\u00e4r ligger den fantastiska Sagosmedjan (Poh\u00e1dkov\u00e1 kov\u00e1rna), som h\u00f6r till de allra mest popul\u00e4ra familjem\u00e5len i hela den vida omgivningen och stoltserar med betyget 4,7 stj\u00e4rnor fr\u00e5n tusentals bes\u00f6kare.<\/p>\n\n\n\n<p class=\"wp-block-paragraph\">Inne i den historiska byggnaden v\u00e4ntar dj\u00e4vlar, n\u00e4ckar och s\u00f6ta \u00e4lvor, fr\u00e4mst f\u00f6r de mindre barnen \u2013 men \u00e4rligt talat blir \u00e4ven de vuxna st\u00e5ende med \u00f6ppen mun. Figurerna \u00e4r otroligt detaljrika och den lite hemlighetsfulla st\u00e4mningen fr\u00e5n gamla b\u00f6hmiska s\u00e4gner sitter helt enkelt perfekt.<\/p>\n\n\n\n<p class=\"wp-block-paragraph\">I anl\u00e4ggningen finns ocks\u00e5 <strong>en kreativ verkstad f\u00f6r h\u00e4ndiga och p\u00e5 g\u00e5rden h\u00e5ller de levande \u00e5snor<\/strong> som liva upp bes\u00f6ket rej\u00e4lt. \u00d6ppettider och aktuell entr\u00e9 b\u00f6r du f\u00f6r s\u00e4kerhets skull alltid kolla p\u00e5 deras webb <a href=\"https:\/\/pohadkovakovarna.cz\" rel=\"nofollow noopener\" target=\"_blank\">pohadkovakovarna.cz<\/a>, eftersom driften kan \u00e4ndras n\u00e5got utanf\u00f6r den varma sommars\u00e4songen.<\/p>\n\n\n\n<figure data-wp-context=\"{&quot;imageId&quot;:&quot;6a97b18e049c8&quot;}\" data-wp-interactive=\"core\/image\" data-wp-key=\"6a97b18e049c8\" class=\"wp-block-image size-full wp-lightbox-container\"><img decoding=\"async\" width=\"2528\" height=\"1696\" data-wp-class--hide=\"state.isContentHidden\" data-wp-class--show=\"state.isContentVisible\" data-wp-init=\"callbacks.setButtonStyles\" data-wp-on--click=\"actions.showLightbox\" data-wp-on--load=\"callbacks.setButtonStyles\" data-wp-on--pointerdown=\"actions.preloadImage\" data-wp-on--pointerenter=\"actions.preloadImageWithDelay\" data-wp-on--pointerleave=\"actions.cancelPreload\" data-wp-on-window--resize=\"callbacks.setButtonStyles\" src=\"https:\/\/loudavymkrokem.cz\/wp-content\/uploads\/2026\/08\/lk-08.jpg\" alt=\"\u00d6vre f\u00e4stet i Kest\u0159any\" class=\"wp-image-403988\" title=\"\" srcset=\"https:\/\/loudavymkrokem.cz\/wp-content\/uploads\/2026\/08\/lk-08.jpg 2528w, https:\/\/loudavymkrokem.cz\/wp-content\/uploads\/2026\/08\/lk-08-300x201.jpg 300w, https:\/\/loudavymkrokem.cz\/wp-content\/uploads\/2026\/08\/lk-08-700x470.jpg 700w, https:\/\/loudavymkrokem.cz\/wp-content\/uploads\/2026\/08\/lk-08-768x515.jpg 768w, https:\/\/loudavymkrokem.cz\/wp-content\/uploads\/2026\/08\/lk-08-1536x1030.jpg 1536w, https:\/\/loudavymkrokem.cz\/wp-content\/uploads\/2026\/08\/lk-08-2048x1374.jpg 2048w, https:\/\/loudavymkrokem.cz\/wp-content\/uploads\/2026\/08\/lk-08-696x467.jpg 696w, https:\/\/loudavymkrokem.cz\/wp-content\/uploads\/2026\/08\/lk-08-1392x934.jpg 1392w, https:\/\/loudavymkrokem.cz\/wp-content\/uploads\/2026\/08\/lk-08-1920x1288.jpg 1920w\" sizes=\"(max-width: 2528px) 100vw, 2528px\" \/><button\n\t\t\tclass=\"lightbox-trigger\"\n\t\t\ttype=\"button\"\n\t\t\taria-haspopup=\"dialog\"\n\t\t\tdata-wp-bind--aria-label=\"state.thisImage.triggerButtonAriaLabel\"\n\t\t\tdata-wp-init=\"callbacks.initTriggerButton\"\n\t\t\tdata-wp-on--click=\"actions.showLightbox\"\n\t\t\tdata-wp-style--right=\"state.thisImage.buttonRight\"\n\t\t\tdata-wp-style--top=\"state.thisImage.buttonTop\"\n\t\t>\n\t\t\t<svg xmlns=\"http:\/\/www.w3.org\/2000\/svg\" width=\"12\" height=\"12\" fill=\"none\" viewBox=\"0 0 12 12\">\n\t\t\t\t<path fill=\"#fff\" d=\"M2 0a2 2 0 0 0-2 2v2h1.5V2a.5.5 0 0 1 .5-.5h2V0H2Zm2 10.5H2a.5.5 0 0 1-.5-.5V8H0v2a2 2 0 0 0 2 2h2v-1.5ZM8 12v-1.5h2a.5.5 0 0 0 .5-.5V8H12v2a2 2 0 0 1-2 2H8Zm2-12a2 2 0 0 1 2 2v2h-1.5V2a.5.5 0 0 0-.5-.5H8V0h2Z\" \/>\n\t\t\t<\/svg>\n\t\t<\/button><figcaption class=\"wp-element-caption\">Efter foto: donald judge \/ Wikimedia Commons, CC BY 2.0 \u00b7 f\u00e4rgjusterat<\/figcaption><\/figure>\n\n\n\n<h3 class=\"wp-block-heading\"><span class=\"ez-toc-section\" id=\"5_Kestrany_Ovre_och_nedre_fastet\"><\/span>5. Kest\u0159any: \u00d6vre och nedre f\u00e4stet<span class=\"ez-toc-section-end\"><\/span><\/h3>\n\n\n\n<p class=\"wp-block-paragraph\">Den h\u00e4r historiska p\u00e4rlan ligger <strong>8,9 kilometer fr\u00e5n P\u00edsek och du \u00e4r framme p\u00e5 13 minuter med bil<\/strong>. Kest\u0159any \u00e4r ett stort begrepp bland historie\u00e4lskare, f\u00f6r h\u00e4r finns en helt unik samling av tv\u00e5 medeltida f\u00e4sten som st\u00e5r t\u00e4tt intill varandra \u2013 n\u00e5got du knappast ser n\u00e5gon annanstans i Tjeckien.<\/p>\n\n\n\n<p class=\"wp-block-paragraph\">Omr\u00e5det kring det \u00f6vre f\u00e4stet brukar <strong>vara \u00f6ppet under sommars\u00e4songen mellan 9 och 19 och verkar som en genuin romantisk ruin<\/strong>. B\u00e5da f\u00e4stena har beh\u00e5llit sin r\u00e5a medeltida karakt\u00e4r utan on\u00f6diga moderna ingrepp, s\u00e5 du k\u00e4nner dig som om du kommit hit direkt ur en hj\u00e4lteroman och gl\u00f6mt v\u00e4gen tillbaka.<\/p>\n\n\n\n<p class=\"wp-block-paragraph\">En stor f\u00f6rdel med platsen \u00e4r att <strong>hit str\u00f6mmar inga turistmassor och det r\u00e5der en underbar ro<\/strong>, s\u00e5 du kan njuta av fotografering och utforskning av murarna fullt ut. Detaljerad information om visningarna och aktuella \u00f6ppettider hittar du p\u00e5 webben <a href=\"https:\/\/kestrany.cz\" rel=\"nofollow noopener\" target=\"_blank\">kestrany.cz<\/a>.<\/p>\n\n\n\n<figure data-wp-context=\"{&quot;imageId&quot;:&quot;6a97b18e05527&quot;}\" data-wp-interactive=\"core\/image\" data-wp-key=\"6a97b18e05527\" class=\"wp-block-image size-full wp-lightbox-container\"><img decoding=\"async\" width=\"2200\" height=\"1467\" data-wp-class--hide=\"state.isContentHidden\" data-wp-class--show=\"state.isContentVisible\" data-wp-init=\"callbacks.setButtonStyles\" data-wp-on--click=\"actions.showLightbox\" data-wp-on--load=\"callbacks.setButtonStyles\" data-wp-on--pointerdown=\"actions.preloadImage\" data-wp-on--pointerenter=\"actions.preloadImageWithDelay\" data-wp-on--pointerleave=\"actions.cancelPreload\" data-wp-on-window--resize=\"callbacks.setButtonStyles\" src=\"https:\/\/loudavymkrokem.cz\/wp-content\/uploads\/2026\/08\/maletice-farmapark-zviratka.jpg\" alt=\"Kontaktdjur i Farmapark Maletice\" class=\"wp-image-404445\" title=\"\" srcset=\"https:\/\/loudavymkrokem.cz\/wp-content\/uploads\/2026\/08\/maletice-farmapark-zviratka.jpg 2200w, https:\/\/loudavymkrokem.cz\/wp-content\/uploads\/2026\/08\/maletice-farmapark-zviratka-300x200.jpg 300w, https:\/\/loudavymkrokem.cz\/wp-content\/uploads\/2026\/08\/maletice-farmapark-zviratka-700x467.jpg 700w, https:\/\/loudavymkrokem.cz\/wp-content\/uploads\/2026\/08\/maletice-farmapark-zviratka-768x512.jpg 768w, https:\/\/loudavymkrokem.cz\/wp-content\/uploads\/2026\/08\/maletice-farmapark-zviratka-1536x1024.jpg 1536w, https:\/\/loudavymkrokem.cz\/wp-content\/uploads\/2026\/08\/maletice-farmapark-zviratka-2048x1366.jpg 2048w, https:\/\/loudavymkrokem.cz\/wp-content\/uploads\/2026\/08\/maletice-farmapark-zviratka-696x464.jpg 696w, https:\/\/loudavymkrokem.cz\/wp-content\/uploads\/2026\/08\/maletice-farmapark-zviratka-1392x928.jpg 1392w, https:\/\/loudavymkrokem.cz\/wp-content\/uploads\/2026\/08\/maletice-farmapark-zviratka-1920x1280.jpg 1920w\" sizes=\"(max-width: 2200px) 100vw, 2200px\" \/><button\n\t\t\tclass=\"lightbox-trigger\"\n\t\t\ttype=\"button\"\n\t\t\taria-haspopup=\"dialog\"\n\t\t\tdata-wp-bind--aria-label=\"state.thisImage.triggerButtonAriaLabel\"\n\t\t\tdata-wp-init=\"callbacks.initTriggerButton\"\n\t\t\tdata-wp-on--click=\"actions.showLightbox\"\n\t\t\tdata-wp-style--right=\"state.thisImage.buttonRight\"\n\t\t\tdata-wp-style--top=\"state.thisImage.buttonTop\"\n\t\t>\n\t\t\t<svg xmlns=\"http:\/\/www.w3.org\/2000\/svg\" width=\"12\" height=\"12\" fill=\"none\" viewBox=\"0 0 12 12\">\n\t\t\t\t<path fill=\"#fff\" d=\"M2 0a2 2 0 0 0-2 2v2h1.5V2a.5.5 0 0 1 .5-.5h2V0H2Zm2 10.5H2a.5.5 0 0 1-.5-.5V8H0v2a2 2 0 0 0 2 2h2v-1.5ZM8 12v-1.5h2a.5.5 0 0 0 .5-.5V8H12v2a2 2 0 0 1-2 2H8Zm2-12a2 2 0 0 1 2 2v2h-1.5V2a.5.5 0 0 0-.5-.5H8V0h2Z\" \/>\n\t\t\t<\/svg>\n\t\t<\/button><\/figure>\n\n\n\n<h3 class=\"wp-block-heading\"><span class=\"ez-toc-section\" id=\"6_Maletice_Farmapark\"><\/span>6. Maletice: Farmapark<span class=\"ez-toc-section-end\"><\/span><\/h3>\n\n\n\n<p class=\"wp-block-paragraph\">Till den nybyggda farmaparken i Maletice k\u00f6r du <strong>11,2 kilometer, vilket inneb\u00e4r sk\u00f6na 12 minuter i bilen<\/strong>. Det \u00e4r ett relativt nytt projekt som \u00e4nd\u00e5 otroligt snabbt vann de lokala familjernas hj\u00e4rtan och som idag h\u00f6r till de mest popul\u00e4ra familjem\u00e5len inom r\u00e4ckh\u00e5ll f\u00f6r staden.<\/p>\n\n\n\n<p class=\"wp-block-paragraph\">Omr\u00e5det \u00e4r enormt och <strong>erbjuder massor av kontaktdjur tillsammans med j\u00e4ttestora studsmattor<\/strong> d\u00e4r barnen kan busa av sig helt tryggt. Allt \u00e4r utformat s\u00e5 att f\u00f6r\u00e4ldrarna i lugn och ro kan dricka sitt kaffe medan barnen \u00e4r inom synh\u00e5ll och har roligt p\u00e5 de vidstr\u00e4ckta lekattraktionerna. Farmaparken \u00e4r otroligt smart gjord och blev p\u00e5 nolltid en favorit bland P\u00edsek-familjerna. Kolla entr\u00e9 och \u00f6ppettider p\u00e5 <a href=\"https:\/\/farmaparkmaletice.cz\" rel=\"nofollow noopener\" target=\"_blank\">farmaparkmaletice.cz<\/a>.<\/p>\n\n\n\n<p class=\"wp-block-paragraph\">Det h\u00e4r m\u00e5let \u00e4r <strong>ett absolut m\u00e5ste framf\u00f6r allt f\u00f6r familjer och du kan enkelt tillbringa en hel eftermiddag h\u00e4r<\/strong>. Letar du efter fler liknande id\u00e9er, titta g\u00e4rna p\u00e5 v\u00e5r artikel <a href=\"https:\/\/loudavymkrokem.cz\/sv\/pisek-med-barn\/\">P\u00edsek med barn: 40 tips fr\u00e5n en lokal mamma<\/a>, d\u00e4r du hittar en h\u00f6g med fler bepr\u00f6vade platser i trakten.<\/p>\n\n\n\n<figure data-wp-context=\"{&quot;imageId&quot;:&quot;6a97b18e05bdb&quot;}\" data-wp-interactive=\"core\/image\" data-wp-key=\"6a97b18e05bdb\" class=\"wp-block-image size-full wp-lightbox-container\"><img decoding=\"async\" width=\"2528\" height=\"1696\" data-wp-class--hide=\"state.isContentHidden\" data-wp-class--show=\"state.isContentVisible\" data-wp-init=\"callbacks.setButtonStyles\" data-wp-on--click=\"actions.showLightbox\" data-wp-on--load=\"callbacks.setButtonStyles\" data-wp-on--pointerdown=\"actions.preloadImage\" data-wp-on--pointerenter=\"actions.preloadImageWithDelay\" data-wp-on--pointerleave=\"actions.cancelPreload\" data-wp-on-window--resize=\"callbacks.setButtonStyles\" src=\"https:\/\/loudavymkrokem.cz\/wp-content\/uploads\/2026\/08\/lk-10.jpg\" alt=\"Dammen \u0158e\u017eabinec vid Ra\u017eice\" class=\"wp-image-404016\" title=\"\" srcset=\"https:\/\/loudavymkrokem.cz\/wp-content\/uploads\/2026\/08\/lk-10.jpg 2528w, https:\/\/loudavymkrokem.cz\/wp-content\/uploads\/2026\/08\/lk-10-300x201.jpg 300w, https:\/\/loudavymkrokem.cz\/wp-content\/uploads\/2026\/08\/lk-10-700x470.jpg 700w, https:\/\/loudavymkrokem.cz\/wp-content\/uploads\/2026\/08\/lk-10-768x515.jpg 768w, https:\/\/loudavymkrokem.cz\/wp-content\/uploads\/2026\/08\/lk-10-1536x1030.jpg 1536w, https:\/\/loudavymkrokem.cz\/wp-content\/uploads\/2026\/08\/lk-10-2048x1374.jpg 2048w, https:\/\/loudavymkrokem.cz\/wp-content\/uploads\/2026\/08\/lk-10-696x467.jpg 696w, https:\/\/loudavymkrokem.cz\/wp-content\/uploads\/2026\/08\/lk-10-1392x934.jpg 1392w, https:\/\/loudavymkrokem.cz\/wp-content\/uploads\/2026\/08\/lk-10-1920x1288.jpg 1920w\" sizes=\"(max-width: 2528px) 100vw, 2528px\" \/><button\n\t\t\tclass=\"lightbox-trigger\"\n\t\t\ttype=\"button\"\n\t\t\taria-haspopup=\"dialog\"\n\t\t\tdata-wp-bind--aria-label=\"state.thisImage.triggerButtonAriaLabel\"\n\t\t\tdata-wp-init=\"callbacks.initTriggerButton\"\n\t\t\tdata-wp-on--click=\"actions.showLightbox\"\n\t\t\tdata-wp-style--right=\"state.thisImage.buttonRight\"\n\t\t\tdata-wp-style--top=\"state.thisImage.buttonTop\"\n\t\t>\n\t\t\t<svg xmlns=\"http:\/\/www.w3.org\/2000\/svg\" width=\"12\" height=\"12\" fill=\"none\" viewBox=\"0 0 12 12\">\n\t\t\t\t<path fill=\"#fff\" d=\"M2 0a2 2 0 0 0-2 2v2h1.5V2a.5.5 0 0 1 .5-.5h2V0H2Zm2 10.5H2a.5.5 0 0 1-.5-.5V8H0v2a2 2 0 0 0 2 2h2v-1.5ZM8 12v-1.5h2a.5.5 0 0 0 .5-.5V8H12v2a2 2 0 0 1-2 2H8Zm2-12a2 2 0 0 1 2 2v2h-1.5V2a.5.5 0 0 0-.5-.5H8V0h2Z\" \/>\n\t\t\t<\/svg>\n\t\t<\/button><figcaption class=\"wp-element-caption\">Efter foto: Chmee2 \/ Wikimedia Commons, CC BY 3.0 \u00b7 f\u00e4rgjusterat<\/figcaption><\/figure>\n\n\n\n<h3 class=\"wp-block-heading\"><span class=\"ez-toc-section\" id=\"7_Rezabinec_och_Rezabinecke_tune\"><\/span>7. \u0158e\u017eabinec och \u0158e\u017eabineck\u00e9 t\u016fn\u011b<span class=\"ez-toc-section-end\"><\/span><\/h3>\n\n\n\n<p class=\"wp-block-paragraph\">Till det h\u00e4r underbara naturreservatet vid byn Ra\u017eice k\u00f6r du <strong>11,3 kilometer och det tar ungef\u00e4r 25 minuter<\/strong>. Dammen \u0158e\u017eabinec \u00e4r en av de allra viktigaste ornitologiska platserna i hela s\u00f6dra B\u00f6hmen och hela omr\u00e5det \u00e4r str\u00e4ngt skyddat som ett nationellt naturreservat.<\/p>\n\n\n\n<p class=\"wp-block-paragraph\">Runt vattenytan <strong>l\u00f6per en fin naturstig kompletterad med ett f\u00e5geltorn i tr\u00e4<\/strong>, varifr\u00e5n du ost\u00f6rt kan f\u00f6lja livet p\u00e5 vattenytan. Jag rekommenderar att du packar med en kikare, f\u00f6r m\u00e4ngden f\u00e5glar som h\u00e4ckar h\u00e4r eller stannar under flytten \u00e4r verkligen fascinerande.<\/p>\n\n\n\n<p class=\"wp-block-paragraph\">Den h\u00e4r platsen \u00e4r <strong>idealisk f\u00f6r alla som s\u00f6ker tystnad och en total flykt fr\u00e5n civilisationen<\/strong>, eftersom det fr\u00e4mst \u00e4r natur\u00e4lskare snarare \u00e4n massturister som hittar hit. Stigen \u00e4r dessutom l\u00e4ttg\u00e5ngen och plan, s\u00e5 den klaras enkelt \u00e4ven av \u00e4ldre eller s\u00f6ndagsutflyktare.<\/p>\n\n\n\n<figure data-wp-context=\"{&quot;imageId&quot;:&quot;6a97b18e06208&quot;}\" data-wp-interactive=\"core\/image\" data-wp-key=\"6a97b18e06208\" class=\"wp-block-image size-full wp-lightbox-container\"><img decoding=\"async\" width=\"2528\" height=\"1696\" data-wp-class--hide=\"state.isContentHidden\" data-wp-class--show=\"state.isContentVisible\" data-wp-init=\"callbacks.setButtonStyles\" data-wp-on--click=\"actions.showLightbox\" data-wp-on--load=\"callbacks.setButtonStyles\" data-wp-on--pointerdown=\"actions.preloadImage\" data-wp-on--pointerenter=\"actions.preloadImageWithDelay\" data-wp-on--pointerleave=\"actions.cancelPreload\" data-wp-on-window--resize=\"callbacks.setButtonStyles\" src=\"https:\/\/loudavymkrokem.cz\/wp-content\/uploads\/2026\/08\/lk-11.jpg\" alt=\"Podolsk\u00fd-bron \u00f6ver Orl\u00edk-dammen\" class=\"wp-image-404022\" title=\"\" srcset=\"https:\/\/loudavymkrokem.cz\/wp-content\/uploads\/2026\/08\/lk-11.jpg 2528w, https:\/\/loudavymkrokem.cz\/wp-content\/uploads\/2026\/08\/lk-11-300x201.jpg 300w, https:\/\/loudavymkrokem.cz\/wp-content\/uploads\/2026\/08\/lk-11-700x470.jpg 700w, https:\/\/loudavymkrokem.cz\/wp-content\/uploads\/2026\/08\/lk-11-768x515.jpg 768w, https:\/\/loudavymkrokem.cz\/wp-content\/uploads\/2026\/08\/lk-11-1536x1030.jpg 1536w, https:\/\/loudavymkrokem.cz\/wp-content\/uploads\/2026\/08\/lk-11-2048x1374.jpg 2048w, https:\/\/loudavymkrokem.cz\/wp-content\/uploads\/2026\/08\/lk-11-696x467.jpg 696w, https:\/\/loudavymkrokem.cz\/wp-content\/uploads\/2026\/08\/lk-11-1392x934.jpg 1392w, https:\/\/loudavymkrokem.cz\/wp-content\/uploads\/2026\/08\/lk-11-1920x1288.jpg 1920w\" sizes=\"(max-width: 2528px) 100vw, 2528px\" \/><button\n\t\t\tclass=\"lightbox-trigger\"\n\t\t\ttype=\"button\"\n\t\t\taria-haspopup=\"dialog\"\n\t\t\tdata-wp-bind--aria-label=\"state.thisImage.triggerButtonAriaLabel\"\n\t\t\tdata-wp-init=\"callbacks.initTriggerButton\"\n\t\t\tdata-wp-on--click=\"actions.showLightbox\"\n\t\t\tdata-wp-style--right=\"state.thisImage.buttonRight\"\n\t\t\tdata-wp-style--top=\"state.thisImage.buttonTop\"\n\t\t>\n\t\t\t<svg xmlns=\"http:\/\/www.w3.org\/2000\/svg\" width=\"12\" height=\"12\" fill=\"none\" viewBox=\"0 0 12 12\">\n\t\t\t\t<path fill=\"#fff\" d=\"M2 0a2 2 0 0 0-2 2v2h1.5V2a.5.5 0 0 1 .5-.5h2V0H2Zm2 10.5H2a.5.5 0 0 1-.5-.5V8H0v2a2 2 0 0 0 2 2h2v-1.5ZM8 12v-1.5h2a.5.5 0 0 0 .5-.5V8H12v2a2 2 0 0 1-2 2H8Zm2-12a2 2 0 0 1 2 2v2h-1.5V2a.5.5 0 0 0-.5-.5H8V0h2Z\" \/>\n\t\t\t<\/svg>\n\t\t<\/button><figcaption class=\"wp-element-caption\">Efter foto: Honza and Ivana Ebr \/ Wikimedia Commons, CC BY 3.0 \u00b7 f\u00e4rgjusterat<\/figcaption><\/figure>\n\n\n\n<h3 class=\"wp-block-heading\"><span class=\"ez-toc-section\" id=\"8_Podolsky-bron\"><\/span>8. Podolsk\u00fd-bron<span class=\"ez-toc-section-end\"><\/span><\/h3>\n\n\n\n<p class=\"wp-block-paragraph\">Till den h\u00e4r tekniska p\u00e4rlan \u00e4r det fr\u00e5n P\u00edsek <strong>12,1 kilometer och resan tar bara 13 minuter<\/strong>. Podolsk\u00fd-bron, som v\u00e4lver sig \u00f6ver Orl\u00edk-dammen, \u00e4r en oerh\u00f6rt elegant b\u00e5gkonstruktion byggd mellan 1938 och 1942, och den \u00e4r \u00e4n idag ett h\u00e4nf\u00f6rande exempel p\u00e5 d\u00e5tidens ingenj\u00f6rskonst.<\/p>\n\n\n\n<p class=\"wp-block-paragraph\">Brobanan stoltserar med <strong>ett huvudspann p\u00e5 150 meter och bjuder p\u00e5 en andl\u00f6s utsikt rakt ner mot vattenytan<\/strong> djupt under dig. P\u00e5 avsedda platser kan du tryggt stanna, njuta av utsikten och ta vackra bilder av dalen som bron s\u00e5 elegant korsar.<\/p>\n\n\n\n<p class=\"wp-block-paragraph\">Vid bron finns dessutom <strong>ofta ett litet kiosk \u00f6ppet d\u00e4r du kan ta en kaffe<\/strong>, och det hela kombineras utm\u00e4rkt med ett bes\u00f6k p\u00e5 den n\u00e4rbel\u00e4gna borgen Zv\u00edkov. P\u00e5 Google Maps har bron ett fantastiskt betyg p\u00e5 4,7 stj\u00e4rnor fr\u00e5n mer \u00e4n tv\u00e5tusen personer, vilket bevisar att stoppet verkligen \u00e4r v\u00e4rt det.<\/p>\n\n\n\n<figure data-wp-context=\"{&quot;imageId&quot;:&quot;6a97b18e06963&quot;}\" data-wp-interactive=\"core\/image\" data-wp-key=\"6a97b18e06963\" class=\"wp-block-image size-full wp-lightbox-container\"><img decoding=\"async\" width=\"2528\" height=\"1696\" data-wp-class--hide=\"state.isContentHidden\" data-wp-class--show=\"state.isContentVisible\" data-wp-init=\"callbacks.setButtonStyles\" data-wp-on--click=\"actions.showLightbox\" data-wp-on--load=\"callbacks.setButtonStyles\" data-wp-on--pointerdown=\"actions.preloadImage\" data-wp-on--pointerenter=\"actions.preloadImageWithDelay\" data-wp-on--pointerleave=\"actions.cancelPreload\" data-wp-on-window--resize=\"callbacks.setButtonStyles\" src=\"https:\/\/loudavymkrokem.cz\/wp-content\/uploads\/2026\/08\/lk-12.jpg\" alt=\"\u017di\u017ekas gravh\u00f6g vid Sudom\u011b\u0159\" class=\"wp-image-404027\" title=\"\" srcset=\"https:\/\/loudavymkrokem.cz\/wp-content\/uploads\/2026\/08\/lk-12.jpg 2528w, https:\/\/loudavymkrokem.cz\/wp-content\/uploads\/2026\/08\/lk-12-300x201.jpg 300w, https:\/\/loudavymkrokem.cz\/wp-content\/uploads\/2026\/08\/lk-12-700x470.jpg 700w, https:\/\/loudavymkrokem.cz\/wp-content\/uploads\/2026\/08\/lk-12-768x515.jpg 768w, https:\/\/loudavymkrokem.cz\/wp-content\/uploads\/2026\/08\/lk-12-1536x1030.jpg 1536w, https:\/\/loudavymkrokem.cz\/wp-content\/uploads\/2026\/08\/lk-12-2048x1374.jpg 2048w, https:\/\/loudavymkrokem.cz\/wp-content\/uploads\/2026\/08\/lk-12-696x467.jpg 696w, https:\/\/loudavymkrokem.cz\/wp-content\/uploads\/2026\/08\/lk-12-1392x934.jpg 1392w, https:\/\/loudavymkrokem.cz\/wp-content\/uploads\/2026\/08\/lk-12-1920x1288.jpg 1920w\" sizes=\"(max-width: 2528px) 100vw, 2528px\" \/><button\n\t\t\tclass=\"lightbox-trigger\"\n\t\t\ttype=\"button\"\n\t\t\taria-haspopup=\"dialog\"\n\t\t\tdata-wp-bind--aria-label=\"state.thisImage.triggerButtonAriaLabel\"\n\t\t\tdata-wp-init=\"callbacks.initTriggerButton\"\n\t\t\tdata-wp-on--click=\"actions.showLightbox\"\n\t\t\tdata-wp-style--right=\"state.thisImage.buttonRight\"\n\t\t\tdata-wp-style--top=\"state.thisImage.buttonTop\"\n\t\t>\n\t\t\t<svg xmlns=\"http:\/\/www.w3.org\/2000\/svg\" width=\"12\" height=\"12\" fill=\"none\" viewBox=\"0 0 12 12\">\n\t\t\t\t<path fill=\"#fff\" d=\"M2 0a2 2 0 0 0-2 2v2h1.5V2a.5.5 0 0 1 .5-.5h2V0H2Zm2 10.5H2a.5.5 0 0 1-.5-.5V8H0v2a2 2 0 0 0 2 2h2v-1.5ZM8 12v-1.5h2a.5.5 0 0 0 .5-.5V8H12v2a2 2 0 0 1-2 2H8Zm2-12a2 2 0 0 1 2 2v2h-1.5V2a.5.5 0 0 0-.5-.5H8V0h2Z\" \/>\n\t\t\t<\/svg>\n\t\t<\/button><\/figure>\n\n\n\n<h3 class=\"wp-block-heading\"><span class=\"ez-toc-section\" id=\"9_Sudomer_Zizkas_gravhog\"><\/span>9. Sudom\u011b\u0159: \u017di\u017ekas gravh\u00f6g<span class=\"ez-toc-section-end\"><\/span><\/h3>\n\n\n\n<p class=\"wp-block-paragraph\">Till platsen f\u00f6r det ber\u00f6mda slaget k\u00f6r du <strong>13,7 kilometer och du \u00e4r framme p\u00e5 bara 18 minuter<\/strong> fr\u00e5n staden. Just h\u00e4r, i landskapet mellan dammarna, utspelade sig \u00e5r 1420 det legendariska slaget vid Sudom\u011b\u0159, d\u00e4r den husitiska h\u00e4ren under Jan \u017di\u017eka fr\u00e5n Trocnov \u00e4rorikt besegrade korsfararna.<\/p>\n\n\n\n<p class=\"wp-block-paragraph\">Idag st\u00e5r h\u00e4r <strong>ett monumentalt stenmonument i form av en husitisk krigare<\/strong>, som \u00e4r fritt tillg\u00e4ngligt och naturligtvis helt gratis. Platsen har en stark genius loci och p\u00e5 informationstavlorna kan du i detalj l\u00e4sa in dig p\u00e5 hur d\u00e5tidens milit\u00e4ra taktik med utnyttjande av de leriga dammarna fungerade.<\/p>\n\n\n\n<p class=\"wp-block-paragraph\">Runt gravh\u00f6gen <strong>l\u00f6per en trevlig stig mellan vattenytorna, som \u00e4r som skapt f\u00f6r en eftermiddagspromenad<\/strong>, och folk ger platsen fina 4,7 stj\u00e4rnor. Det \u00e4r en bit historia inb\u00e4ddad i det typiskt lugna sydb\u00f6hmiska landskapet som du helt enkelt kommer att \u00e4lska.<\/p>\n\n\n\n<figure data-wp-context=\"{&quot;imageId&quot;:&quot;6a97b18e07111&quot;}\" data-wp-interactive=\"core\/image\" data-wp-key=\"6a97b18e07111\" class=\"wp-block-image size-full wp-lightbox-container\"><img decoding=\"async\" width=\"2528\" height=\"1696\" data-wp-class--hide=\"state.isContentHidden\" data-wp-class--show=\"state.isContentVisible\" data-wp-init=\"callbacks.setButtonStyles\" data-wp-on--click=\"actions.showLightbox\" data-wp-on--load=\"callbacks.setButtonStyles\" data-wp-on--pointerdown=\"actions.preloadImage\" data-wp-on--pointerenter=\"actions.preloadImageWithDelay\" data-wp-on--pointerleave=\"actions.cancelPreload\" data-wp-on-window--resize=\"callbacks.setButtonStyles\" src=\"https:\/\/loudavymkrokem.cz\/wp-content\/uploads\/2026\/08\/lk-13.jpg\" alt=\"Krokodil-zoot i Protiv\u00edn\" class=\"wp-image-404033\" title=\"\" srcset=\"https:\/\/loudavymkrokem.cz\/wp-content\/uploads\/2026\/08\/lk-13.jpg 2528w, https:\/\/loudavymkrokem.cz\/wp-content\/uploads\/2026\/08\/lk-13-300x201.jpg 300w, https:\/\/loudavymkrokem.cz\/wp-content\/uploads\/2026\/08\/lk-13-700x470.jpg 700w, https:\/\/loudavymkrokem.cz\/wp-content\/uploads\/2026\/08\/lk-13-768x515.jpg 768w, https:\/\/loudavymkrokem.cz\/wp-content\/uploads\/2026\/08\/lk-13-1536x1030.jpg 1536w, https:\/\/loudavymkrokem.cz\/wp-content\/uploads\/2026\/08\/lk-13-2048x1374.jpg 2048w, https:\/\/loudavymkrokem.cz\/wp-content\/uploads\/2026\/08\/lk-13-696x467.jpg 696w, https:\/\/loudavymkrokem.cz\/wp-content\/uploads\/2026\/08\/lk-13-1392x934.jpg 1392w, https:\/\/loudavymkrokem.cz\/wp-content\/uploads\/2026\/08\/lk-13-1920x1288.jpg 1920w\" sizes=\"(max-width: 2528px) 100vw, 2528px\" \/><button\n\t\t\tclass=\"lightbox-trigger\"\n\t\t\ttype=\"button\"\n\t\t\taria-haspopup=\"dialog\"\n\t\t\tdata-wp-bind--aria-label=\"state.thisImage.triggerButtonAriaLabel\"\n\t\t\tdata-wp-init=\"callbacks.initTriggerButton\"\n\t\t\tdata-wp-on--click=\"actions.showLightbox\"\n\t\t\tdata-wp-style--right=\"state.thisImage.buttonRight\"\n\t\t\tdata-wp-style--top=\"state.thisImage.buttonTop\"\n\t\t>\n\t\t\t<svg xmlns=\"http:\/\/www.w3.org\/2000\/svg\" width=\"12\" height=\"12\" fill=\"none\" viewBox=\"0 0 12 12\">\n\t\t\t\t<path fill=\"#fff\" d=\"M2 0a2 2 0 0 0-2 2v2h1.5V2a.5.5 0 0 1 .5-.5h2V0H2Zm2 10.5H2a.5.5 0 0 1-.5-.5V8H0v2a2 2 0 0 0 2 2h2v-1.5ZM8 12v-1.5h2a.5.5 0 0 0 .5-.5V8H12v2a2 2 0 0 1-2 2H8Zm2-12a2 2 0 0 1 2 2v2h-1.5V2a.5.5 0 0 0-.5-.5H8V0h2Z\" \/>\n\t\t\t<\/svg>\n\t\t<\/button><\/figure>\n\n\n\n<h3 class=\"wp-block-heading\"><span class=\"ez-toc-section\" id=\"10_Protivin\"><\/span>10. Protiv\u00edn<span class=\"ez-toc-section-end\"><\/span><\/h3>\n\n\n\n<p class=\"wp-block-paragraph\">Den lilla staden Protiv\u00edn ligger <strong>14,1 kilometer bort och du \u00e4r framme mycket snabbt p\u00e5 14 minuter<\/strong>. Den h\u00e4r staden \u00e4r ett otroligt popul\u00e4rt m\u00e5l och g\u00f6mmer s\u00e5 m\u00e5nga attraktioner att man skulle kunna tillbringa en hel helg h\u00e4r, med start i det ber\u00f6mda krokodil-zoot med betyget 4,5 stj\u00e4rnor fr\u00e5n mer \u00e4n femtusen recensioner.<\/p>\n\n\n\n<p class=\"wp-block-paragraph\">Den h\u00e4r djurparken <strong>driver den st\u00f6rsta specialiserade krokodiluppf\u00f6dningen i Europa<\/strong> och h\u00e5ller under sommars\u00e4songen vanligen \u00f6ppet dagligen mellan 10 och 17. Dessutom hittar du h\u00e4r det h\u00e4nf\u00f6rande Tidens rike, en jugendvilla som g\u00f6mmer ett urmuseum, dit det \u00e4ven h\u00f6r en inomhuslekh\u00f6rna och en tr\u00e4dg\u00e5rd.<\/p>\n\n\n\n<p class=\"wp-block-paragraph\">V\u00e4l v\u00e4rt <strong>ett bes\u00f6k \u00e4r ocks\u00e5 en rundvandring i det historiska bryggeriet Platan<\/strong>, och har du mindre barn kan kanske det inomhusn\u00f6jescentret Fiziland r\u00e4dda dagen. Entr\u00e9n till de olika attraktionerna b\u00f6r du hellre kolla i f\u00f6rv\u00e4g p\u00e5 webbplatserna <a href=\"https:\/\/krokodylizoo.cz\" rel=\"nofollow noopener\" target=\"_blank\">krokodylizoo.cz<\/a> och \u00f6vriga, s\u00e5 att inget \u00f6verraskar dig p\u00e5 plats.<\/p>\n\n\n\n<figure data-wp-context=\"{&quot;imageId&quot;:&quot;6a97b18e079ec&quot;}\" data-wp-interactive=\"core\/image\" data-wp-key=\"6a97b18e079ec\" class=\"wp-block-image size-full wp-lightbox-container\"><img decoding=\"async\" width=\"1152\" height=\"768\" data-wp-class--hide=\"state.isContentHidden\" data-wp-class--show=\"state.isContentVisible\" data-wp-init=\"callbacks.setButtonStyles\" data-wp-on--click=\"actions.showLightbox\" data-wp-on--load=\"callbacks.setButtonStyles\" data-wp-on--pointerdown=\"actions.preloadImage\" data-wp-on--pointerenter=\"actions.preloadImageWithDelay\" data-wp-on--pointerleave=\"actions.cancelPreload\" data-wp-on-window--resize=\"callbacks.setButtonStyles\" src=\"https:\/\/loudavymkrokem.cz\/wp-content\/uploads\/2026\/08\/hrad-zvikov-v-zime.jpg\" alt=\"Borgen Zv\u00edkov med sn\u00f6t\u00e4ckt v\u00e4g mot porten p\u00e5 vintern\" class=\"wp-image-404450\" title=\"\" srcset=\"https:\/\/loudavymkrokem.cz\/wp-content\/uploads\/2026\/08\/hrad-zvikov-v-zime.jpg 1152w, https:\/\/loudavymkrokem.cz\/wp-content\/uploads\/2026\/08\/hrad-zvikov-v-zime-300x200.jpg 300w, https:\/\/loudavymkrokem.cz\/wp-content\/uploads\/2026\/08\/hrad-zvikov-v-zime-700x467.jpg 700w, https:\/\/loudavymkrokem.cz\/wp-content\/uploads\/2026\/08\/hrad-zvikov-v-zime-768x512.jpg 768w, https:\/\/loudavymkrokem.cz\/wp-content\/uploads\/2026\/08\/hrad-zvikov-v-zime-696x464.jpg 696w\" sizes=\"(max-width: 1152px) 100vw, 1152px\" \/><button\n\t\t\tclass=\"lightbox-trigger\"\n\t\t\ttype=\"button\"\n\t\t\taria-haspopup=\"dialog\"\n\t\t\tdata-wp-bind--aria-label=\"state.thisImage.triggerButtonAriaLabel\"\n\t\t\tdata-wp-init=\"callbacks.initTriggerButton\"\n\t\t\tdata-wp-on--click=\"actions.showLightbox\"\n\t\t\tdata-wp-style--right=\"state.thisImage.buttonRight\"\n\t\t\tdata-wp-style--top=\"state.thisImage.buttonTop\"\n\t\t>\n\t\t\t<svg xmlns=\"http:\/\/www.w3.org\/2000\/svg\" width=\"12\" height=\"12\" fill=\"none\" viewBox=\"0 0 12 12\">\n\t\t\t\t<path fill=\"#fff\" d=\"M2 0a2 2 0 0 0-2 2v2h1.5V2a.5.5 0 0 1 .5-.5h2V0H2Zm2 10.5H2a.5.5 0 0 1-.5-.5V8H0v2a2 2 0 0 0 2 2h2v-1.5ZM8 12v-1.5h2a.5.5 0 0 0 .5-.5V8H12v2a2 2 0 0 1-2 2H8Zm2-12a2 2 0 0 1 2 2v2h-1.5V2a.5.5 0 0 0-.5-.5H8V0h2Z\" \/>\n\t\t\t<\/svg>\n\t\t<\/button><\/figure>\n\n\n\n<h2 class=\"wp-block-heading\"><span class=\"ez-toc-section\" id=\"Borgar_slott_och_kloster_runt_Pisek\"><\/span>Borgar, slott och kloster runt P\u00edsek<span class=\"ez-toc-section-end\"><\/span><\/h2>\n\n\n\n<p class=\"wp-block-paragraph\">Den h\u00e4r delen av utflykterna tar redan lite mer tid, eftersom de historiska objekten ligger p\u00e5 ett avst\u00e5nd av ungef\u00e4r 15 till 40 kilometer. Men alla h\u00f6r till det absolut b\u00e4sta du kan se i v\u00e5r region.<\/p>\n\n\n\n<figure data-wp-context=\"{&quot;imageId&quot;:&quot;6a97b18e08586&quot;}\" data-wp-interactive=\"core\/image\" data-wp-key=\"6a97b18e08586\" class=\"wp-block-image size-full wp-lightbox-container\"><img decoding=\"async\" width=\"2528\" height=\"1696\" data-wp-class--hide=\"state.isContentHidden\" data-wp-class--show=\"state.isContentVisible\" data-wp-init=\"callbacks.setButtonStyles\" data-wp-on--click=\"actions.showLightbox\" data-wp-on--load=\"callbacks.setButtonStyles\" data-wp-on--pointerdown=\"actions.preloadImage\" data-wp-on--pointerenter=\"actions.preloadImageWithDelay\" data-wp-on--pointerleave=\"actions.cancelPreload\" data-wp-on-window--resize=\"callbacks.setButtonStyles\" src=\"https:\/\/loudavymkrokem.cz\/wp-content\/uploads\/2026\/08\/lk-15.jpg\" alt=\"Gotiska arkader p\u00e5 borgen Zv\u00edkov\" class=\"wp-image-404047\" title=\"\" srcset=\"https:\/\/loudavymkrokem.cz\/wp-content\/uploads\/2026\/08\/lk-15.jpg 2528w, https:\/\/loudavymkrokem.cz\/wp-content\/uploads\/2026\/08\/lk-15-300x201.jpg 300w, https:\/\/loudavymkrokem.cz\/wp-content\/uploads\/2026\/08\/lk-15-700x470.jpg 700w, https:\/\/loudavymkrokem.cz\/wp-content\/uploads\/2026\/08\/lk-15-768x515.jpg 768w, https:\/\/loudavymkrokem.cz\/wp-content\/uploads\/2026\/08\/lk-15-1536x1030.jpg 1536w, https:\/\/loudavymkrokem.cz\/wp-content\/uploads\/2026\/08\/lk-15-2048x1374.jpg 2048w, https:\/\/loudavymkrokem.cz\/wp-content\/uploads\/2026\/08\/lk-15-696x467.jpg 696w, https:\/\/loudavymkrokem.cz\/wp-content\/uploads\/2026\/08\/lk-15-1392x934.jpg 1392w, https:\/\/loudavymkrokem.cz\/wp-content\/uploads\/2026\/08\/lk-15-1920x1288.jpg 1920w\" sizes=\"(max-width: 2528px) 100vw, 2528px\" \/><button\n\t\t\tclass=\"lightbox-trigger\"\n\t\t\ttype=\"button\"\n\t\t\taria-haspopup=\"dialog\"\n\t\t\tdata-wp-bind--aria-label=\"state.thisImage.triggerButtonAriaLabel\"\n\t\t\tdata-wp-init=\"callbacks.initTriggerButton\"\n\t\t\tdata-wp-on--click=\"actions.showLightbox\"\n\t\t\tdata-wp-style--right=\"state.thisImage.buttonRight\"\n\t\t\tdata-wp-style--top=\"state.thisImage.buttonTop\"\n\t\t>\n\t\t\t<svg xmlns=\"http:\/\/www.w3.org\/2000\/svg\" width=\"12\" height=\"12\" fill=\"none\" viewBox=\"0 0 12 12\">\n\t\t\t\t<path fill=\"#fff\" d=\"M2 0a2 2 0 0 0-2 2v2h1.5V2a.5.5 0 0 1 .5-.5h2V0H2Zm2 10.5H2a.5.5 0 0 1-.5-.5V8H0v2a2 2 0 0 0 2 2h2v-1.5ZM8 12v-1.5h2a.5.5 0 0 0 .5-.5V8H12v2a2 2 0 0 1-2 2H8Zm2-12a2 2 0 0 1 2 2v2h-1.5V2a.5.5 0 0 0-.5-.5H8V0h2Z\" \/>\n\t\t\t<\/svg>\n\t\t<\/button><figcaption class=\"wp-element-caption\">Efter foto: Klaus Kettner \/ Wikimedia Commons, CC BY 2.5 \u00b7 f\u00e4rgjusterat<\/figcaption><\/figure>\n\n\n\n<h3 class=\"wp-block-heading\"><span class=\"ez-toc-section\" id=\"11_Borgen_Zvikov_%E2%80%9Dde_bohmiska_borgarnas_kung%E2%80%9D\"><\/span>11. Borgen Zv\u00edkov: \u201dde b\u00f6hmiska borgarnas kung\u201d<span class=\"ez-toc-section-end\"><\/span><\/h3>\n\n\n\n<p class=\"wp-block-paragraph\">Till den h\u00e4r majest\u00e4tiska borgen k\u00f6r du <strong>26,4 kilometer och resan tar ungef\u00e4r 32 minuter<\/strong> med bil. Zv\u00edkov kallas med r\u00e4tta f\u00f6r de b\u00f6hmiska borgarnas kung och dess l\u00e4ge p\u00e5 en klippig udde ovanf\u00f6r sammanfl\u00f6det av Vltava och Otava \u2013 som idag h\u00f6jts av Orl\u00edk-dammens vattenyta \u2013 \u00e4r helt ikoniskt.<\/p>\n\n\n\n<p class=\"wp-block-paragraph\">Enligt den bekr\u00e4ftade prislistan f\u00f6r 2026 <strong>kostar grundrundan Kungliga palatset 180 K\u010d (cirka 85 kr) f\u00f6r vuxna<\/strong>, rabatterad entr\u00e9 f\u00f6r seniorer och ungdomar \u00e4r 140 K\u010d (cirka 65 kr) och barn betalar 50 K\u010d (cirka 25 kr). Du g\u00e5r runt sj\u00e4lv i din egen takt och p\u00e5 ungef\u00e4r en timme hinner du med de gotiska arkaderna och det underbara romanska Hl\u00edzov\u00e1-tornet, d\u00e4r du helt enkelt m\u00e5ste stanna till.<\/p>\n\n\n\n<p class=\"wp-block-paragraph\">I juli och augusti <strong>h\u00e5ller de \u00f6ppet fr\u00e5n tisdag till s\u00f6ndag mellan 9 och 17, p\u00e5 m\u00e5ndagar \u00e4r det st\u00e4ngt<\/strong>, och r\u00e4kna med att kapaciteten ofta s\u00e4ljer slut under s\u00e4song. Utanf\u00f6r sommarlovet, se upp f\u00f6r lunchpausen d\u00e5 kassan \u00e4r st\u00e4ngd mellan 12 och 13. Aktuell prislista och \u00f6ppettider hittar du p\u00e5 <a href=\"https:\/\/hrad-zvikov.cz\" rel=\"nofollow noopener\" target=\"_blank\">hrad-zvikov.cz<\/a>.<\/p>\n\n\n\n<figure data-wp-context=\"{&quot;imageId&quot;:&quot;6a97b18e08d1d&quot;}\" data-wp-interactive=\"core\/image\" data-wp-key=\"6a97b18e08d1d\" class=\"wp-block-image size-full wp-lightbox-container\"><img decoding=\"async\" width=\"2528\" height=\"1696\" data-wp-class--hide=\"state.isContentHidden\" data-wp-class--show=\"state.isContentVisible\" data-wp-init=\"callbacks.setButtonStyles\" data-wp-on--click=\"actions.showLightbox\" data-wp-on--load=\"callbacks.setButtonStyles\" data-wp-on--pointerdown=\"actions.preloadImage\" data-wp-on--pointerenter=\"actions.preloadImageWithDelay\" data-wp-on--pointerleave=\"actions.cancelPreload\" data-wp-on-window--resize=\"callbacks.setButtonStyles\" src=\"https:\/\/loudavymkrokem.cz\/wp-content\/uploads\/2026\/08\/lk-16.jpg\" alt=\"Slottet Orl\u00edk ovanf\u00f6r Orl\u00edk-dammens vattenyta\" class=\"wp-image-404051\" title=\"\" srcset=\"https:\/\/loudavymkrokem.cz\/wp-content\/uploads\/2026\/08\/lk-16.jpg 2528w, https:\/\/loudavymkrokem.cz\/wp-content\/uploads\/2026\/08\/lk-16-300x201.jpg 300w, https:\/\/loudavymkrokem.cz\/wp-content\/uploads\/2026\/08\/lk-16-700x470.jpg 700w, https:\/\/loudavymkrokem.cz\/wp-content\/uploads\/2026\/08\/lk-16-768x515.jpg 768w, https:\/\/loudavymkrokem.cz\/wp-content\/uploads\/2026\/08\/lk-16-1536x1030.jpg 1536w, https:\/\/loudavymkrokem.cz\/wp-content\/uploads\/2026\/08\/lk-16-2048x1374.jpg 2048w, https:\/\/loudavymkrokem.cz\/wp-content\/uploads\/2026\/08\/lk-16-696x467.jpg 696w, https:\/\/loudavymkrokem.cz\/wp-content\/uploads\/2026\/08\/lk-16-1392x934.jpg 1392w, https:\/\/loudavymkrokem.cz\/wp-content\/uploads\/2026\/08\/lk-16-1920x1288.jpg 1920w\" sizes=\"(max-width: 2528px) 100vw, 2528px\" \/><button\n\t\t\tclass=\"lightbox-trigger\"\n\t\t\ttype=\"button\"\n\t\t\taria-haspopup=\"dialog\"\n\t\t\tdata-wp-bind--aria-label=\"state.thisImage.triggerButtonAriaLabel\"\n\t\t\tdata-wp-init=\"callbacks.initTriggerButton\"\n\t\t\tdata-wp-on--click=\"actions.showLightbox\"\n\t\t\tdata-wp-style--right=\"state.thisImage.buttonRight\"\n\t\t\tdata-wp-style--top=\"state.thisImage.buttonTop\"\n\t\t>\n\t\t\t<svg xmlns=\"http:\/\/www.w3.org\/2000\/svg\" width=\"12\" height=\"12\" fill=\"none\" viewBox=\"0 0 12 12\">\n\t\t\t\t<path fill=\"#fff\" d=\"M2 0a2 2 0 0 0-2 2v2h1.5V2a.5.5 0 0 1 .5-.5h2V0H2Zm2 10.5H2a.5.5 0 0 1-.5-.5V8H0v2a2 2 0 0 0 2 2h2v-1.5ZM8 12v-1.5h2a.5.5 0 0 0 .5-.5V8H12v2a2 2 0 0 1-2 2H8Zm2-12a2 2 0 0 1 2 2v2h-1.5V2a.5.5 0 0 0-.5-.5H8V0h2Z\" \/>\n\t\t\t<\/svg>\n\t\t<\/button><figcaption class=\"wp-element-caption\">Efter foto: Bjalek Michal \/ Wikimedia Commons, CC BY-SA 3.0 \u00b7 f\u00e4rgjusterat<\/figcaption><\/figure>\n\n\n\n<h3 class=\"wp-block-heading\"><span class=\"ez-toc-section\" id=\"12_Slottet_Orlik_nad_Vltavou\"><\/span>12. Slottet Orl\u00edk nad Vltavou<span class=\"ez-toc-section-end\"><\/span><\/h3>\n\n\n\n<p class=\"wp-block-paragraph\">Resan till Orl\u00edk \u00e4r <strong>40,1 kilometer och fr\u00e5n P\u00edsek tar du dig bekv\u00e4mt dit p\u00e5 36 minuter<\/strong>. Det h\u00e4r underbara Lobkowicz-slottet reser sig direkt ovanf\u00f6r Orl\u00edk-dammens vattenyta och h\u00f6r till de mest fotogeniska adelsresidensen i hela landet.<\/p>\n\n\n\n<p class=\"wp-block-paragraph\">Under sommars\u00e4songen <strong>brukar slottet vara \u00f6ppet fr\u00e5n tisdag till s\u00f6ndag mellan 9 och 17<\/strong>, medan m\u00e5ndagarna traditionellt f\u00f6rblir st\u00e4ngda. Efter visningen av de rikt inredda interi\u00f6rerna rekommenderar jag verkligen att du g\u00e5r runt i den vidstr\u00e4ckta slottsparken, d\u00e4r \u00e4ven r\u00e4tten Schwarzenbergs monumentala gravmonument g\u00f6mmer sig.<\/p>\n\n\n\n<p class=\"wp-block-paragraph\">Entr\u00e9priserna \u00e4r inte generellt angivna, s\u00e5 <strong>kolla den aktuella entr\u00e9n p\u00e5 den officiella webben <a href=\"https:\/\/zamekorlik.cz\" rel=\"nofollow noopener\" target=\"_blank\">zamekorlik.cz<\/a><\/strong>, och se noga upp s\u00e5 du inte blandar ihop den med webben zamek-orlik.cz, som \u00e4r en helt annan ruin vid Humpolec. Eventuella fr\u00e5gor kan du \u00e4ven st\u00e4lla p\u00e5 deras telefon 382 275 101.<\/p>\n\n\n\n<figure data-wp-context=\"{&quot;imageId&quot;:&quot;6a97b18e09406&quot;}\" data-wp-interactive=\"core\/image\" data-wp-key=\"6a97b18e09406\" class=\"wp-block-image size-full wp-lightbox-container\"><img decoding=\"async\" width=\"2528\" height=\"1696\" data-wp-class--hide=\"state.isContentHidden\" data-wp-class--show=\"state.isContentVisible\" data-wp-init=\"callbacks.setButtonStyles\" data-wp-on--click=\"actions.showLightbox\" data-wp-on--load=\"callbacks.setButtonStyles\" data-wp-on--pointerdown=\"actions.preloadImage\" data-wp-on--pointerenter=\"actions.preloadImageWithDelay\" data-wp-on--pointerleave=\"actions.cancelPreload\" data-wp-on-window--resize=\"callbacks.setButtonStyles\" src=\"https:\/\/loudavymkrokem.cz\/wp-content\/uploads\/2026\/08\/lk-17.jpg\" alt=\"Vattenslottet Blatn\u00e1\" class=\"wp-image-404055\" title=\"\" srcset=\"https:\/\/loudavymkrokem.cz\/wp-content\/uploads\/2026\/08\/lk-17.jpg 2528w, https:\/\/loudavymkrokem.cz\/wp-content\/uploads\/2026\/08\/lk-17-300x201.jpg 300w, https:\/\/loudavymkrokem.cz\/wp-content\/uploads\/2026\/08\/lk-17-700x470.jpg 700w, https:\/\/loudavymkrokem.cz\/wp-content\/uploads\/2026\/08\/lk-17-768x515.jpg 768w, https:\/\/loudavymkrokem.cz\/wp-content\/uploads\/2026\/08\/lk-17-1536x1030.jpg 1536w, https:\/\/loudavymkrokem.cz\/wp-content\/uploads\/2026\/08\/lk-17-2048x1374.jpg 2048w, https:\/\/loudavymkrokem.cz\/wp-content\/uploads\/2026\/08\/lk-17-696x467.jpg 696w, https:\/\/loudavymkrokem.cz\/wp-content\/uploads\/2026\/08\/lk-17-1392x934.jpg 1392w, https:\/\/loudavymkrokem.cz\/wp-content\/uploads\/2026\/08\/lk-17-1920x1288.jpg 1920w\" sizes=\"(max-width: 2528px) 100vw, 2528px\" \/><button\n\t\t\tclass=\"lightbox-trigger\"\n\t\t\ttype=\"button\"\n\t\t\taria-haspopup=\"dialog\"\n\t\t\tdata-wp-bind--aria-label=\"state.thisImage.triggerButtonAriaLabel\"\n\t\t\tdata-wp-init=\"callbacks.initTriggerButton\"\n\t\t\tdata-wp-on--click=\"actions.showLightbox\"\n\t\t\tdata-wp-style--right=\"state.thisImage.buttonRight\"\n\t\t\tdata-wp-style--top=\"state.thisImage.buttonTop\"\n\t\t>\n\t\t\t<svg xmlns=\"http:\/\/www.w3.org\/2000\/svg\" width=\"12\" height=\"12\" fill=\"none\" viewBox=\"0 0 12 12\">\n\t\t\t\t<path fill=\"#fff\" d=\"M2 0a2 2 0 0 0-2 2v2h1.5V2a.5.5 0 0 1 .5-.5h2V0H2Zm2 10.5H2a.5.5 0 0 1-.5-.5V8H0v2a2 2 0 0 0 2 2h2v-1.5ZM8 12v-1.5h2a.5.5 0 0 0 .5-.5V8H12v2a2 2 0 0 1-2 2H8Zm2-12a2 2 0 0 1 2 2v2h-1.5V2a.5.5 0 0 0-.5-.5H8V0h2Z\" \/>\n\t\t\t<\/svg>\n\t\t<\/button><figcaption class=\"wp-element-caption\">Efter foto: Ludmila Zellner Rotbauerov\u00e1 \/ Wikimedia Commons, CC BY-SA 4.0 \u00b7 f\u00e4rgjusterat<\/figcaption><\/figure>\n\n\n\n<h3 class=\"wp-block-heading\"><span class=\"ez-toc-section\" id=\"13_Slottet_Blatna\"><\/span>13. Slottet Blatn\u00e1<span class=\"ez-toc-section-end\"><\/span><\/h3>\n\n\n\n<p class=\"wp-block-paragraph\">Till slottet i Blatn\u00e1 \u00e4r det <strong>27,1 kilometer och resan tar sk\u00f6na 27 minuter<\/strong>. Det \u00e4r ett av de b\u00e4st bevarade vattenslotten i landet. En vattengrav omger det p\u00e5 alla sidor och hela den romantiska kulissen har r\u00f6tter n\u00e5gonstans i 1200-talet.<\/p>\n\n\n\n<p class=\"wp-block-paragraph\">Det st\u00f6rsta dragpl\u00e5stret h\u00e4r \u00e4r dock <strong>den vidstr\u00e4ckta slottsparken med frig\u00e5ende dovhjortar som f\u00e5r matas<\/strong>, och nyligen h\u00e5ller de h\u00e4r till och med s\u00f6ta alpackor. Parken \u00e4r enorm, full av gamla ekar och genomkorsad av vattenkanaler, s\u00e5 du tillbringar utan \u00f6verdrift en halv dag h\u00e4r bara med att strosa omkring. Det h\u00e4r \u00e4r precis den utflykt vi g\u00e4rna tar med g\u00e4ster fr\u00e5n Prag p\u00e5, f\u00f6r att mata dovhjortar ur handen tar alla p\u00e5 s\u00e4ngen. K\u00f6p direkt tv\u00e5 p\u00e5sar foder i kassan \u2013 tro mig, en r\u00e4cker inte.<\/p>\n\n\n\n<p class=\"wp-block-paragraph\">Under s\u00e4song <strong>brukar omr\u00e5det vara \u00f6ppet mellan 9 och 18 och inuti finns \u00e4ven det utm\u00e4rkta caf\u00e9et Oh My Deer Caf\u00e9<\/strong>, d\u00e4r du kan vila. Entr\u00e9n till slottet och parken b\u00f6r du kolla i f\u00f6rv\u00e4g p\u00e5 webben <a href=\"https:\/\/zamek-blatna.cz\" rel=\"nofollow noopener\" target=\"_blank\">zamek-blatna.cz<\/a>, eftersom den kan variera beroende p\u00e5 p\u00e5g\u00e5ende evenemang.<\/p>\n\n\n\n<figure data-wp-context=\"{&quot;imageId&quot;:&quot;6a97b18e09b00&quot;}\" data-wp-interactive=\"core\/image\" data-wp-key=\"6a97b18e09b00\" class=\"wp-block-image size-full wp-lightbox-container\"><img decoding=\"async\" width=\"2528\" height=\"1696\" data-wp-class--hide=\"state.isContentHidden\" data-wp-class--show=\"state.isContentVisible\" data-wp-init=\"callbacks.setButtonStyles\" data-wp-on--click=\"actions.showLightbox\" data-wp-on--load=\"callbacks.setButtonStyles\" data-wp-on--pointerdown=\"actions.preloadImage\" data-wp-on--pointerenter=\"actions.preloadImageWithDelay\" data-wp-on--pointerleave=\"actions.cancelPreload\" data-wp-on-window--resize=\"callbacks.setButtonStyles\" src=\"https:\/\/loudavymkrokem.cz\/wp-content\/uploads\/2026\/08\/lk-18.jpg\" alt=\"Klostret Milevsko\" class=\"wp-image-404063\" title=\"\" srcset=\"https:\/\/loudavymkrokem.cz\/wp-content\/uploads\/2026\/08\/lk-18.jpg 2528w, https:\/\/loudavymkrokem.cz\/wp-content\/uploads\/2026\/08\/lk-18-300x201.jpg 300w, https:\/\/loudavymkrokem.cz\/wp-content\/uploads\/2026\/08\/lk-18-700x470.jpg 700w, https:\/\/loudavymkrokem.cz\/wp-content\/uploads\/2026\/08\/lk-18-768x515.jpg 768w, https:\/\/loudavymkrokem.cz\/wp-content\/uploads\/2026\/08\/lk-18-1536x1030.jpg 1536w, https:\/\/loudavymkrokem.cz\/wp-content\/uploads\/2026\/08\/lk-18-2048x1374.jpg 2048w, https:\/\/loudavymkrokem.cz\/wp-content\/uploads\/2026\/08\/lk-18-696x467.jpg 696w, https:\/\/loudavymkrokem.cz\/wp-content\/uploads\/2026\/08\/lk-18-1392x934.jpg 1392w, https:\/\/loudavymkrokem.cz\/wp-content\/uploads\/2026\/08\/lk-18-1920x1288.jpg 1920w\" sizes=\"(max-width: 2528px) 100vw, 2528px\" \/><button\n\t\t\tclass=\"lightbox-trigger\"\n\t\t\ttype=\"button\"\n\t\t\taria-haspopup=\"dialog\"\n\t\t\tdata-wp-bind--aria-label=\"state.thisImage.triggerButtonAriaLabel\"\n\t\t\tdata-wp-init=\"callbacks.initTriggerButton\"\n\t\t\tdata-wp-on--click=\"actions.showLightbox\"\n\t\t\tdata-wp-style--right=\"state.thisImage.buttonRight\"\n\t\t\tdata-wp-style--top=\"state.thisImage.buttonTop\"\n\t\t>\n\t\t\t<svg xmlns=\"http:\/\/www.w3.org\/2000\/svg\" width=\"12\" height=\"12\" fill=\"none\" viewBox=\"0 0 12 12\">\n\t\t\t\t<path fill=\"#fff\" d=\"M2 0a2 2 0 0 0-2 2v2h1.5V2a.5.5 0 0 1 .5-.5h2V0H2Zm2 10.5H2a.5.5 0 0 1-.5-.5V8H0v2a2 2 0 0 0 2 2h2v-1.5ZM8 12v-1.5h2a.5.5 0 0 0 .5-.5V8H12v2a2 2 0 0 1-2 2H8Zm2-12a2 2 0 0 1 2 2v2h-1.5V2a.5.5 0 0 0-.5-.5H8V0h2Z\" \/>\n\t\t\t<\/svg>\n\t\t<\/button><figcaption class=\"wp-element-caption\">Efter foto: VitVit \/ Wikimedia Commons, CC BY-SA 4.0 \u00b7 f\u00e4rgjusterat<\/figcaption><\/figure>\n\n\n\n<h3 class=\"wp-block-heading\"><span class=\"ez-toc-section\" id=\"14_Klostret_Milevsko\"><\/span>14. Klostret Milevsko<span class=\"ez-toc-section-end\"><\/span><\/h3>\n\n\n\n<p class=\"wp-block-paragraph\">Till Milevsko k\u00f6r du exakt <strong>28,8 kilometer, vilket tidsm\u00e4ssigt blir 32 minuters resa<\/strong>. Det lokala premonstratenserklostret grundades redan \u00e5r 1187, vilket g\u00f6r det till den allra \u00e4ldsta klosterinstitutionen i s\u00f6dra B\u00f6hmen, och \u00e4n idag \u00e4r det en underbart lugn plats f\u00f6r eftertanke.<\/p>\n\n\n\n<p class=\"wp-block-paragraph\">Under bes\u00f6ksh\u00f6gs\u00e4songen <strong>\u00e4r omr\u00e5det \u00f6ppet fr\u00e5n 9:30 till 17 och erbjuder flera visningsrundor<\/strong> som g\u00f6r dig bekant med regionens rika andliga historia. Den konkreta entr\u00e9n till utst\u00e4llningarna ber jag dig kolla direkt p\u00e5 deras sida <a href=\"https:\/\/klastermilevsko.cz\" rel=\"nofollow noopener\" target=\"_blank\">klastermilevsko.cz<\/a>.<\/p>\n\n\n\n<p class=\"wp-block-paragraph\">Vid bes\u00f6ket i staden <strong>ska du absolut inte missa det utm\u00e4rkta Museet f\u00f6r Milevsko-maskerna<\/strong>, som skildrar den ber\u00f6mda fastlagstraditionen som aspirerar p\u00e5 att skrivas in p\u00e5 UNESCO:s lista. Det \u00e4r en mycket lekfull och f\u00e4rgstark utst\u00e4llning som fint kompletterar den allvarligare st\u00e4mningen i det n\u00e4rbel\u00e4gna klostret.<\/p>\n\n\n\n<figure data-wp-context=\"{&quot;imageId&quot;:&quot;6a97b18e0a21a&quot;}\" data-wp-interactive=\"core\/image\" data-wp-key=\"6a97b18e0a21a\" class=\"wp-block-image size-full wp-lightbox-container\"><img decoding=\"async\" width=\"2528\" height=\"1696\" data-wp-class--hide=\"state.isContentHidden\" data-wp-class--show=\"state.isContentVisible\" data-wp-init=\"callbacks.setButtonStyles\" data-wp-on--click=\"actions.showLightbox\" data-wp-on--load=\"callbacks.setButtonStyles\" data-wp-on--pointerdown=\"actions.preloadImage\" data-wp-on--pointerenter=\"actions.preloadImageWithDelay\" data-wp-on--pointerleave=\"actions.cancelPreload\" data-wp-on-window--resize=\"callbacks.setButtonStyles\" src=\"https:\/\/loudavymkrokem.cz\/wp-content\/uploads\/2026\/08\/lk-19.jpg\" alt=\"Borgen Strakonice ovanf\u00f6r sammanfl\u00f6det av Otava och Voly\u0148ka\" class=\"wp-image-404070\" title=\"\" srcset=\"https:\/\/loudavymkrokem.cz\/wp-content\/uploads\/2026\/08\/lk-19.jpg 2528w, https:\/\/loudavymkrokem.cz\/wp-content\/uploads\/2026\/08\/lk-19-300x201.jpg 300w, https:\/\/loudavymkrokem.cz\/wp-content\/uploads\/2026\/08\/lk-19-700x470.jpg 700w, https:\/\/loudavymkrokem.cz\/wp-content\/uploads\/2026\/08\/lk-19-768x515.jpg 768w, https:\/\/loudavymkrokem.cz\/wp-content\/uploads\/2026\/08\/lk-19-1536x1030.jpg 1536w, https:\/\/loudavymkrokem.cz\/wp-content\/uploads\/2026\/08\/lk-19-2048x1374.jpg 2048w, https:\/\/loudavymkrokem.cz\/wp-content\/uploads\/2026\/08\/lk-19-696x467.jpg 696w, https:\/\/loudavymkrokem.cz\/wp-content\/uploads\/2026\/08\/lk-19-1392x934.jpg 1392w, https:\/\/loudavymkrokem.cz\/wp-content\/uploads\/2026\/08\/lk-19-1920x1288.jpg 1920w\" sizes=\"(max-width: 2528px) 100vw, 2528px\" \/><button\n\t\t\tclass=\"lightbox-trigger\"\n\t\t\ttype=\"button\"\n\t\t\taria-haspopup=\"dialog\"\n\t\t\tdata-wp-bind--aria-label=\"state.thisImage.triggerButtonAriaLabel\"\n\t\t\tdata-wp-init=\"callbacks.initTriggerButton\"\n\t\t\tdata-wp-on--click=\"actions.showLightbox\"\n\t\t\tdata-wp-style--right=\"state.thisImage.buttonRight\"\n\t\t\tdata-wp-style--top=\"state.thisImage.buttonTop\"\n\t\t>\n\t\t\t<svg xmlns=\"http:\/\/www.w3.org\/2000\/svg\" width=\"12\" height=\"12\" fill=\"none\" viewBox=\"0 0 12 12\">\n\t\t\t\t<path fill=\"#fff\" d=\"M2 0a2 2 0 0 0-2 2v2h1.5V2a.5.5 0 0 1 .5-.5h2V0H2Zm2 10.5H2a.5.5 0 0 1-.5-.5V8H0v2a2 2 0 0 0 2 2h2v-1.5ZM8 12v-1.5h2a.5.5 0 0 0 .5-.5V8H12v2a2 2 0 0 1-2 2H8Zm2-12a2 2 0 0 1 2 2v2h-1.5V2a.5.5 0 0 0-.5-.5H8V0h2Z\" \/>\n\t\t\t<\/svg>\n\t\t<\/button><figcaption class=\"wp-element-caption\">Efter foto: Michielverbeek \/ Wikimedia Commons, CC BY-SA 4.0 \u00b7 f\u00e4rgjusterat<\/figcaption><\/figure>\n\n\n\n<h3 class=\"wp-block-heading\"><span class=\"ez-toc-section\" id=\"15_Borgen_Strakonice\"><\/span>15. Borgen Strakonice<span class=\"ez-toc-section-end\"><\/span><\/h3>\n\n\n\n<p class=\"wp-block-paragraph\">Borgen i Strakonice ligger p\u00e5 ett avst\u00e5nd av <strong>25,6 kilometer och du \u00e4r framme fr\u00e5n staden p\u00e5 snabba 24 minuter<\/strong>. Det h\u00e4r vidstr\u00e4ckta borgkomplexet reser sig direkt ovanf\u00f6r sammanfl\u00f6det av Otava och Voly\u0148ka och har de senaste \u00e5ren genomg\u00e5tt en mycket omfattande och lyckad renovering.<\/p>\n\n\n\n<p class=\"wp-block-paragraph\">Idag <strong>huserar i dess lokaler det fantastiska Museet f\u00f6r mellersta Pootav\u00ed med en enorm samling s\u00e4ckpipor<\/strong>, som perfekt skildrar den lokala ber\u00f6mda s\u00e4ckpipetraditionen, och motorfans blir f\u00f6rtjusta i utst\u00e4llningen med motorcyklar av m\u00e4rket \u010cZ. Detaljer om bes\u00f6ket och evenemangsprogrammet hittar du p\u00e5 <a href=\"https:\/\/hradstrakonice.cz\" rel=\"nofollow noopener\" target=\"_blank\">hradstrakonice.cz<\/a>. Strakonice har dessutom nyligen gjort om omr\u00e5det kring floden, s\u00e5 efter borgsvisningen rekommenderar jag att bara sitta en stund p\u00e5 stranden med en god kaffe och njuta av utsikten mot de historiska murarna.<\/p>\n\n\n\n<p class=\"wp-block-paragraph\">\u00c5ker du till Strakonice med barn <strong>kan du \u00e4ven testa det n\u00e4rbel\u00e4gna Bagr\u00e1rium avsett f\u00f6r barn fr\u00e5n 6 \u00e5r<\/strong>, d\u00e4r du f\u00e5r prova p\u00e5 att styra riktiga maskiner. Det \u00e4r visserligen ett mindre st\u00e4lle med bara tio recensioner, men f\u00f6r sm\u00e5 byggare \u00e4r upplevelsen helt of\u00f6rgl\u00f6mlig.<\/p>\n\n\n\n<figure data-wp-context=\"{&quot;imageId&quot;:&quot;6a97b18e0a8ed&quot;}\" data-wp-interactive=\"core\/image\" data-wp-key=\"6a97b18e0a8ed\" class=\"wp-block-image size-full wp-lightbox-container\"><img decoding=\"async\" width=\"2048\" height=\"1365\" data-wp-class--hide=\"state.isContentHidden\" data-wp-class--show=\"state.isContentVisible\" data-wp-init=\"callbacks.setButtonStyles\" data-wp-on--click=\"actions.showLightbox\" data-wp-on--load=\"callbacks.setButtonStyles\" data-wp-on--pointerdown=\"actions.preloadImage\" data-wp-on--pointerenter=\"actions.preloadImageWithDelay\" data-wp-on--pointerleave=\"actions.cancelPreload\" data-wp-on-window--resize=\"callbacks.setButtonStyles\" src=\"https:\/\/loudavymkrokem.cz\/wp-content\/uploads\/2026\/08\/bechyne-zamek.jpg\" alt=\"Slottet Bechyn\u011b ovanf\u00f6r floden Lu\u017enices dal\" class=\"wp-image-403571\" title=\"\" srcset=\"https:\/\/loudavymkrokem.cz\/wp-content\/uploads\/2026\/08\/bechyne-zamek.jpg 2048w, https:\/\/loudavymkrokem.cz\/wp-content\/uploads\/2026\/08\/bechyne-zamek-300x200.jpg 300w, https:\/\/loudavymkrokem.cz\/wp-content\/uploads\/2026\/08\/bechyne-zamek-700x467.jpg 700w, https:\/\/loudavymkrokem.cz\/wp-content\/uploads\/2026\/08\/bechyne-zamek-768x512.jpg 768w, https:\/\/loudavymkrokem.cz\/wp-content\/uploads\/2026\/08\/bechyne-zamek-1536x1024.jpg 1536w, https:\/\/loudavymkrokem.cz\/wp-content\/uploads\/2026\/08\/bechyne-zamek-696x464.jpg 696w, https:\/\/loudavymkrokem.cz\/wp-content\/uploads\/2026\/08\/bechyne-zamek-1392x928.jpg 1392w, https:\/\/loudavymkrokem.cz\/wp-content\/uploads\/2026\/08\/bechyne-zamek-1920x1280.jpg 1920w\" sizes=\"(max-width: 2048px) 100vw, 2048px\" \/><button\n\t\t\tclass=\"lightbox-trigger\"\n\t\t\ttype=\"button\"\n\t\t\taria-haspopup=\"dialog\"\n\t\t\tdata-wp-bind--aria-label=\"state.thisImage.triggerButtonAriaLabel\"\n\t\t\tdata-wp-init=\"callbacks.initTriggerButton\"\n\t\t\tdata-wp-on--click=\"actions.showLightbox\"\n\t\t\tdata-wp-style--right=\"state.thisImage.buttonRight\"\n\t\t\tdata-wp-style--top=\"state.thisImage.buttonTop\"\n\t\t>\n\t\t\t<svg xmlns=\"http:\/\/www.w3.org\/2000\/svg\" width=\"12\" height=\"12\" fill=\"none\" viewBox=\"0 0 12 12\">\n\t\t\t\t<path fill=\"#fff\" d=\"M2 0a2 2 0 0 0-2 2v2h1.5V2a.5.5 0 0 1 .5-.5h2V0H2Zm2 10.5H2a.5.5 0 0 1-.5-.5V8H0v2a2 2 0 0 0 2 2h2v-1.5ZM8 12v-1.5h2a.5.5 0 0 0 .5-.5V8H12v2a2 2 0 0 1-2 2H8Zm2-12a2 2 0 0 1 2 2v2h-1.5V2a.5.5 0 0 0-.5-.5H8V0h2Z\" \/>\n\t\t\t<\/svg>\n\t\t<\/button><\/figure>\n\n\n\n<h3 class=\"wp-block-heading\"><span class=\"ez-toc-section\" id=\"16_Slottet_Bechyne_och_bron_Duha\"><\/span>16. Slottet Bechyn\u011b och bron Duha<span class=\"ez-toc-section-end\"><\/span><\/h3>\n\n\n\n<p class=\"wp-block-paragraph\">Till kurorten Bechyn\u011b k\u00f6r du <strong>31,9 kilometer och resan p\u00e5 landsv\u00e4garna tar ungef\u00e4r 39 minuter<\/strong>. Det lokala ren\u00e4ssansslottet, som f\u00f6rvaltas av <a href=\"https:\/\/panstvi-bechyne.cz\" rel=\"nofollow noopener\" target=\"_blank\">Panstv\u00ed Bechyn\u011b<\/a>, bjuder p\u00e5 vackra vyer ner i floden Lu\u017enices djupa dal.<\/p>\n\n\n\n<p class=\"wp-block-paragraph\">Staden \u00e4r dock fr\u00e4mst ber\u00f6md tack vare <strong>Bechyn\u011b-bron Duha fr\u00e5n \u00e5ren 1926 till 1928, en teknisk raritet<\/strong>, eftersom den som enda bro i Tjeckien f\u00f6renar v\u00e4g och j\u00e4rnv\u00e4g i en enda b\u00e5ge hela 50 meter \u00f6ver floden. Direkt in i staden g\u00e5r dessutom den historiska elektriska banan Elinka fr\u00e5n T\u00e1bor, som var K\u0159i\u017e\u00edks f\u00f6rsta verk av sitt slag i monarkin.<\/p>\n\n\n\n<p class=\"wp-block-paragraph\">Ett kul faktum \u00e4r att <strong>den h\u00e4r banan har en direkt historisk koppling till P\u00edseks K\u0159i\u017e\u00edk-kraftverk<\/strong>, s\u00e5 h\u00e4r fl\u00e4tas den tekniska historien fint samman. Under bes\u00f6ket kan du \u00e4ven titta in p\u00e5 Internationella keramikmuseet under Ale\u0161 sydb\u00f6hmiska galleri.<\/p>\n\n\n\n<p class=\"wp-block-paragraph\">N\u00e4r vi var i Bechyn\u011b <strong>tog vyn av slottet fr\u00e5n andra sidan dalen oss mest p\u00e5 s\u00e4ngen<\/strong> \u2014 det \u00e4r f\u00f6rst d\u00e4rifr\u00e5n du f\u00f6rst\u00e5r hur h\u00f6gt \u00f6ver Lu\u017enice det st\u00e5r. Det l\u00f6nar sig att g\u00e5 till bron till fots och g\u00e5 \u00f6ver hela, f\u00f6r bilderna nerifr\u00e5n och ovanifr\u00e5n ser helt olika ut varje g\u00e5ng.<\/p>\n\n\n\n<p class=\"wp-block-paragraph\">\ud83d\udca1 <strong>Tips:<\/strong> Bechyn\u011b kan du kombinera med <strong>vattenslottet \u010cerven\u00e1 Lhota<\/strong>, som ligger l\u00e4ngre \u00f6sterut (fr\u00e5n P\u00edsek \u00e4r det 82 kilometer, allts\u00e5 n\u00e4stan en och en halv timme). Vi hann med b\u00e5da platserna p\u00e5 en dag och den kombinationen \u00e4r logisk.<\/p>\n\n\n\n<figure data-wp-context=\"{&quot;imageId&quot;:&quot;6a97b18e0b05d&quot;}\" data-wp-interactive=\"core\/image\" data-wp-key=\"6a97b18e0b05d\" class=\"wp-block-image size-full wp-lightbox-container\"><img decoding=\"async\" width=\"2528\" height=\"1696\" data-wp-class--hide=\"state.isContentHidden\" data-wp-class--show=\"state.isContentVisible\" data-wp-init=\"callbacks.setButtonStyles\" data-wp-on--click=\"actions.showLightbox\" data-wp-on--load=\"callbacks.setButtonStyles\" data-wp-on--pointerdown=\"actions.preloadImage\" data-wp-on--pointerenter=\"actions.preloadImageWithDelay\" data-wp-on--pointerleave=\"actions.cancelPreload\" data-wp-on-window--resize=\"callbacks.setButtonStyles\" src=\"https:\/\/loudavymkrokem.cz\/wp-content\/uploads\/2026\/08\/lk-21.jpg\" alt=\"Ren\u00e4ssansslottet Kratochv\u00edle vid Netolice\" class=\"wp-image-404074\" title=\"\" srcset=\"https:\/\/loudavymkrokem.cz\/wp-content\/uploads\/2026\/08\/lk-21.jpg 2528w, https:\/\/loudavymkrokem.cz\/wp-content\/uploads\/2026\/08\/lk-21-300x201.jpg 300w, https:\/\/loudavymkrokem.cz\/wp-content\/uploads\/2026\/08\/lk-21-700x470.jpg 700w, https:\/\/loudavymkrokem.cz\/wp-content\/uploads\/2026\/08\/lk-21-768x515.jpg 768w, https:\/\/loudavymkrokem.cz\/wp-content\/uploads\/2026\/08\/lk-21-1536x1030.jpg 1536w, https:\/\/loudavymkrokem.cz\/wp-content\/uploads\/2026\/08\/lk-21-2048x1374.jpg 2048w, https:\/\/loudavymkrokem.cz\/wp-content\/uploads\/2026\/08\/lk-21-696x467.jpg 696w, https:\/\/loudavymkrokem.cz\/wp-content\/uploads\/2026\/08\/lk-21-1392x934.jpg 1392w, https:\/\/loudavymkrokem.cz\/wp-content\/uploads\/2026\/08\/lk-21-1920x1288.jpg 1920w\" sizes=\"(max-width: 2528px) 100vw, 2528px\" \/><button\n\t\t\tclass=\"lightbox-trigger\"\n\t\t\ttype=\"button\"\n\t\t\taria-haspopup=\"dialog\"\n\t\t\tdata-wp-bind--aria-label=\"state.thisImage.triggerButtonAriaLabel\"\n\t\t\tdata-wp-init=\"callbacks.initTriggerButton\"\n\t\t\tdata-wp-on--click=\"actions.showLightbox\"\n\t\t\tdata-wp-style--right=\"state.thisImage.buttonRight\"\n\t\t\tdata-wp-style--top=\"state.thisImage.buttonTop\"\n\t\t>\n\t\t\t<svg xmlns=\"http:\/\/www.w3.org\/2000\/svg\" width=\"12\" height=\"12\" fill=\"none\" viewBox=\"0 0 12 12\">\n\t\t\t\t<path fill=\"#fff\" d=\"M2 0a2 2 0 0 0-2 2v2h1.5V2a.5.5 0 0 1 .5-.5h2V0H2Zm2 10.5H2a.5.5 0 0 1-.5-.5V8H0v2a2 2 0 0 0 2 2h2v-1.5ZM8 12v-1.5h2a.5.5 0 0 0 .5-.5V8H12v2a2 2 0 0 1-2 2H8Zm2-12a2 2 0 0 1 2 2v2h-1.5V2a.5.5 0 0 0-.5-.5H8V0h2Z\" \/>\n\t\t\t<\/svg>\n\t\t<\/button><figcaption class=\"wp-element-caption\">Efter foto: Palickap \/ Wikimedia Commons, CC BY-SA 4.0 \u00b7 f\u00e4rgjusterat<\/figcaption><\/figure>\n\n\n\n<!-- LKM_GYG_CARD start q=\"okoli pisku\" lang=\"sv\" --><!-- LKM_GYG_CARD end -->\n\n\n\n\n<div class=\"lk-stays-module\">\n<style>\n\/* \u2500\u2500\u2500 RESET PRO GUTENBERG \u2500\u2500\u2500 *\/\n.lk-stays-module * { box-sizing: border-box; margin: 0; padding: 0; }\n\n\/* \u2500\u2500\u2500 WRAPPER \u2500\u2500\u2500 *\/\n.lk-stays-module {\n  font-family: 'DM Sans', Georgia, sans-serif;\n  max-width: 100%;\n  margin: 2.5rem auto;\n  background: linear-gradient(135deg, #fdfaf5 0%, #fcf8f0 100%);\n  border: 1px solid #e8dfd4;\n  border-radius: 16px;\n  overflow: hidden;\n  box-shadow: 0 16px 48px rgba(195, 159, 118, 0.25), 0 4px 12px rgba(0,0,0,0.08);\n}\n\n\/* \u2500\u2500\u2500 HEADER \u2500\u2500\u2500 *\/\n.lk-stays-header {\n  position: relative;\n  padding: 24px 36px 24px;\n  background: linear-gradient(135deg, #c39f76 0%, #d4b188 60%, #c39f76 100%);\n  border-bottom: 1px solid rgba(255,255,255,.15);\n  display: flex;\n  align-items: center;\n  gap: 18px;\n}\n.lk-stays-header::before {\n  content: '';\n  position: absolute;\n  inset: 0;\n  background: url(\"data:image\/svg+xml,%3Csvg width='60' height='60' viewBox='0 0 60 60' xmlns='http:\/\/www.w3.org\/2000\/svg'%3E%3Cg fill='none' fill-rule='evenodd'%3E%3Cg fill='%23ffffff' fill-opacity='0.05'%3E%3Cpath d='M36 34v-4h-2v4h-4v2h4v4h2v-4h4v-2h-4zm0-30V0h-2v4h-4v2h4v4h2V6h4V4h-4zM6 34v-4H4v4H0v2h4v4h2v-4h4v-2H6zM6 4V0H4v4H0v2h4v4h2V6h4V4H6z'\/%3E%3C\/g%3E%3C\/g%3E%3C\/svg%3E\") repeat;\n  pointer-events: none;\n}\n.lk-stays-icon {\n  flex-shrink: 0;\n  width: 68px;\n  height: 68px;\n  border-radius: 14px;\n  background: linear-gradient(135deg, #fff 0%, #f9f6f0 100%);\n  display: flex;\n  align-items: center;\n  justify-content: center;\n  font-size: 26px;\n  box-shadow: 0 4px 12px rgba(0,0,0,0.15);\n}\n.lk-stays-eyebrow {\n  font-size: 10px;\n  font-weight: 500;\n  letter-spacing: 2.5px;\n  text-transform: uppercase;\n  color: rgba(255,255,255,.85);\n  margin: 0 0 5px 0;\n}\n.lk-stays-title {\n  font-family: 'Playfair Display', Georgia, serif;\n  font-size: 24px;\n  font-weight: 700;\n  color: #fff;\n  line-height: 1.2;\n  text-shadow: 0 1px 2px rgba(0,0,0,0.1);\n  margin: 0;\n}\n.lk-stays-subtitle {\n  font-size: 13px;\n  color: rgba(255,255,255,.75);\n  margin: 4px 0 0 0;\n  font-weight: 300;\n}\n\n\/* \u2500\u2500\u2500 CARDS GRID \u2500\u2500\u2500 *\/\n.lk-stays-grid {\n  display: grid;\n  grid-template-columns: 1fr 1fr;\n  gap: 1px;\n  background: rgba(195, 159, 118, 0.12);\n}\n\n\/* \u2500\u2500\u2500 SINGLE CARD \u2500\u2500\u2500 *\/\n.lk-stay-card {\n  background: #ffffff;\n  padding: 26px;\n  display: flex;\n  flex-direction: column;\n  gap: 11px;\n  transition: all 0.3s ease;\n  text-decoration: none;\n  color: inherit;\n  position: relative;\n}\n.lk-stay-card:hover {\n  background: #fffbf5;\n  transform: translateY(-2px);\n  box-shadow: 0 8px 24px rgba(195, 159, 118, 0.18);\n  z-index: 1;\n}\n.lk-stay-card.featured {\n  background: linear-gradient(135deg, #fffdf9 0%, #fff9f0 100%);\n  box-shadow: 0 4px 16px rgba(195, 159, 118, 0.15), inset 0 1px 0 rgba(195, 159, 118, 0.1);\n}\n.lk-stay-card.featured:hover {\n  background: linear-gradient(135deg, #fffbf5 0%, #fff8ed 100%);\n  box-shadow: 0 8px 24px rgba(195, 159, 118, 0.25), inset 0 1px 0 rgba(195, 159, 118, 0.15);\n}\n\n.lk-stay-badge {\n  display: inline-flex;\n  align-items: center;\n  gap: 5px;\n  font-size: 10px;\n  font-weight: 500;\n  letter-spacing: 1.5px;\n  text-transform: uppercase;\n  padding: 5px 11px;\n  border-radius: 20px;\n  width: fit-content;\n}\n.badge-top     { background: linear-gradient(135deg, #c39f76 0%, #d4b188 100%); color: #fff; border: 1px solid #c39f76; font-weight: 600; box-shadow: 0 2px 8px rgba(195,159,118,0.3); }\n.badge-luxury  { background: rgba(195,159,118,.12); color: #c39f76; border: 1px solid rgba(195,159,118,.25); }\n.badge-boutique{ background: rgba(54,133,252,.08); color: #3685fc; border: 1px solid rgba(54,133,252,.2); }\n.badge-nature  { background: rgba(130,190,100,.1); color: #6b9c4a; border: 1px solid rgba(130,190,100,.2); }\n.badge-remote  { background: rgba(195,159,118,.12); color: #a67e50; border: 1px solid rgba(195,159,118,.25); }\n\n.lk-stay-name {\n  font-family: 'Playfair Display', Georgia, serif;\n  font-size: 18px;\n  font-weight: 700;\n  color: #111827;\n  line-height: 1.3;\n}\n.lk-stay-desc {\n  font-size: 13.5px;\n  color: #525252;\n  line-height: 1.65;\n  font-weight: 300;\n  flex: 1;\n}\n\n.lk-stay-meta {\n  display: flex;\n  align-items: center;\n  gap: 12px;\n  flex-wrap: wrap;\n  margin-top: 4px;\n}\n.lk-stay-price {\n  font-size: 13px;\n  color: #6b7280;\n}\n.lk-stay-price strong {\n  color: #c39f76;\n  font-weight: 500;\n}\n.lk-stay-stars {\n  color: #c39f76;\n  font-size: 11px;\n  letter-spacing: 1px;\n}\n\n\/* \u2500\u2500\u2500 CTA BUTTON \u2500\u2500\u2500 *\/\n.lk-stay-cta {\n  display: inline-flex;\n  align-items: center;\n  justify-content: center;\n  gap: 7px;\n  margin-top: 8px;\n  padding: 11px 20px;\n  border-radius: 8px;\n  background: linear-gradient(135deg, #3685fc 0%, #2a6fd9 100%);\n  color: #fff;\n  font-size: 13px;\n  font-weight: 500;\n  text-decoration: none;\n  letter-spacing: .3px;\n  transition: all .2s ease;\n  cursor: pointer;\n  border: none;\n  text-align: center;\n  box-shadow: 0 4px 12px rgba(54, 133, 252, 0.25);\n}\n.lk-stay-cta:hover {\n  background: linear-gradient(135deg, #2a6fd9 0%, #1e5bc4 100%);\n  transform: translateY(-1px);\n  box-shadow: 0 6px 16px rgba(54, 133, 252, 0.35);\n}\n.lk-stay-cta svg { flex-shrink: 0; }\n\n\/* \u2500\u2500\u2500 FOOTER \u2500\u2500\u2500 *\/\n.lk-stays-footer {\n  padding: 18px 36px;\n  background: linear-gradient(to bottom, #fdfaf5 0%, #f9f4ed 100%);\n  border-top: 1px solid rgba(195, 159, 118, 0.15);\n  display: flex;\n  align-items: center;\n  justify-content: space-between;\n  flex-wrap: wrap;\n  gap: 12px;\n}\n.lk-stays-footer-note {\n  font-size: 11.5px;\n  color: #6b7280;\n  font-weight: 300;\n  line-height: 1.5;\n}\n.lk-stays-footer-note a {\n  color: #c39f76;\n  text-decoration: none;\n  font-weight: 400;\n}\n.lk-stays-footer-note a:hover {\n  text-decoration: underline;\n}\n.lk-stays-all-btn {\n  display: inline-flex;\n  align-items: center;\n  gap: 6px;\n  font-size: 12.5px;\n  font-weight: 500;\n  color: #c39f76;\n  text-decoration: none;\n  border: 1px solid rgba(195, 159, 118, 0.35);\n  padding: 8px 18px;\n  border-radius: 8px;\n  transition: all .2s ease;\n}\n.lk-stays-all-btn:hover {\n  background: rgba(195, 159, 118, 0.08);\n  border-color: rgba(195, 159, 118, 0.5);\n}\n\n\/* \u2500\u2500\u2500 RESPONSIVE \u2500\u2500\u2500 *\/\n@media (max-width: 600px) {\n  .lk-stays-grid { grid-template-columns: 1fr; }\n  .lk-stays-header { padding: 24px 20px; }\n  .lk-stays-footer { padding: 16px 20px; }\n  .lk-stay-card { padding: 22px; }\n  .lk-stays-title { font-size: 20px; }\n}\n<\/style>\n\n  <!-- HEADER -->\n  <div class=\"lk-stays-header\">\n    <img decoding=\"async\" src=\"https:\/\/loudavymkrokem.cz\/wp-content\/uploads\/2026\/02\/lukas-a-lucka.jpg\" alt=\"\" style=\"width: 75px; height: 75px; border-radius: 8px; flex-shrink: 0; object-fit: cover; display: block; margin: 4px 0;\" title=\"\">\n    <div class=\"lk-stays-header-text\">\n      <div class=\"lk-stays-eyebrow\">Luk\u00e1\u0161 och Lucie rekommenderar<\/div>\n      <div class=\"lk-stays-title\">Var du kan bo i P\u00edsek<\/div>\n      <div class=\"lk-stays-subtitle\">5 boenden \u2014 hotell och andra boendealternativ<\/div>\n    <\/div>\n  <\/div>\n\n  <!-- CARDS -->\n  <div class=\"lk-stays-grid\">\n\n    <a class=\"lk-stay-card featured\" href=\"https:\/\/www.stay22.com\/allez\/roam?aid=lukaskonecny&#038;campaign=loudavymkrokemcz&#038;campaign=sv&#038;campaign=vylety-v-okoli-pisku&#038;hotelname=Hotel%20Biograf&#038;address=P%C3%ADsek%2C%20%C4%8Cesko\" target=\"_blank\" rel=\"nofollow noopener\">\n      <span class=\"lk-stay-badge badge-top\">\u2b50 TOPPVAL<\/span>\n      <span class=\"lk-stay-badge badge-nature\">\ud83c\udfe8 Hotell<\/span>\n      <div class=\"lk-stay-name\">Hotel Biograf<\/div>\n      <div class=\"lk-stay-desc\">Detta renoverade hotell har det b\u00e4sta l\u00e4get, bara ett stenkast fr\u00e5n Stora torget, och \u00e4r sedan l\u00e4nge det h\u00f6gst rankade hotellet i P\u00edsek.<\/div>\n      <div class=\"lk-stay-meta\">\n        <span class=\"lk-stay-stars\">\u2605\u2605\u2605\u2605<\/span>\n        <span class=\"lk-stay-price\">Kontrollera priser<\/span>\n      <\/div>\n      <span class=\"lk-stay-cta\">\n        <svg width=\"14\" height=\"14\" viewBox=\"0 0 24 24\" fill=\"none\" stroke=\"currentColor\" stroke-width=\"2\"><path d=\"M18 13v6a2 2 0 0 1-2 2H5a2 2 0 0 1-2-2V8a2 2 0 0 1 2-2h6\"\/><polyline points=\"15 3 21 3 21 9\"\/><line x1=\"10\" y1=\"14\" x2=\"21\" y2=\"3\"\/><\/svg>\n        Kontrollera tillg\u00e4nglighet\n      <\/span>\n    <\/a>\n\n    <a class=\"lk-stay-card\" href=\"https:\/\/www.stay22.com\/allez\/roam?aid=lukaskonecny&#038;campaign=loudavymkrokemcz&#038;campaign=sv&#038;campaign=vylety-v-okoli-pisku&#038;hotelname=Hotel%20U%20Kapli%C4%8Dky&#038;address=P%C3%ADsek%2C%20%C4%8Cesko\" target=\"_blank\" rel=\"nofollow noopener\">\n      <span class=\"lk-stay-badge badge-nature\">\ud83c\udfe8 Hotell<\/span>\n      <div class=\"lk-stay-name\">Hotel U Kapli\u010dky<\/div>\n      <div class=\"lk-stay-desc\">Ett lugnare alternativ med egen restaurang och parkering, uppskattas vid sena \u00e5terkomster fr\u00e5n utflykter.<\/div>\n      <div class=\"lk-stay-meta\">\n        <span class=\"lk-stay-stars\">\u2605\u2605\u2605\u2605<\/span>\n        <span class=\"lk-stay-price\">Kontrollera priser<\/span>\n      <\/div>\n      <span class=\"lk-stay-cta\">\n        <svg width=\"14\" height=\"14\" viewBox=\"0 0 24 24\" fill=\"none\" stroke=\"currentColor\" stroke-width=\"2\"><path d=\"M18 13v6a2 2 0 0 1-2 2H5a2 2 0 0 1-2-2V8a2 2 0 0 1 2-2h6\"\/><polyline points=\"15 3 21 3 21 9\"\/><line x1=\"10\" y1=\"14\" x2=\"21\" y2=\"3\"\/><\/svg>\n        Kontrollera tillg\u00e4nglighet\n      <\/span>\n    <\/a>\n\n    <a class=\"lk-stay-card\" href=\"https:\/\/www.stay22.com\/allez\/roam?aid=lukaskonecny&#038;campaign=loudavymkrokemcz&#038;campaign=sv&#038;campaign=vylety-v-okoli-pisku&#038;hotelname=Penzion%20Sport&#038;address=P%C3%ADsek%2C%20%C4%8Cesko\" target=\"_blank\" rel=\"nofollow noopener\">\n      <span class=\"lk-stay-badge badge-nature\">\ud83c\udfe1 Pensionat<\/span>\n      <div class=\"lk-stay-name\">Penzion Sport<\/div>\n      <div class=\"lk-stay-desc\">Billigare boende n\u00e4ra sportanl\u00e4ggning och utomhusbad, n\u00e5gra minuters promenad.<\/div>\n      <div class=\"lk-stay-meta\">\n        <span class=\"lk-stay-stars\">\u2605\u2605\u2605\u2605<\/span>\n        <span class=\"lk-stay-price\">Kontrollera priser<\/span>\n      <\/div>\n      <span class=\"lk-stay-cta\">\n        <svg width=\"14\" height=\"14\" viewBox=\"0 0 24 24\" fill=\"none\" stroke=\"currentColor\" stroke-width=\"2\"><path d=\"M18 13v6a2 2 0 0 1-2 2H5a2 2 0 0 1-2-2V8a2 2 0 0 1 2-2h6\"\/><polyline points=\"15 3 21 3 21 9\"\/><line x1=\"10\" y1=\"14\" x2=\"21\" y2=\"3\"\/><\/svg>\n        Kontrollera tillg\u00e4nglighet\n      <\/span>\n    <\/a>\n\n    <a class=\"lk-stay-card\" href=\"https:\/\/www.stay22.com\/allez\/roam?aid=lukaskonecny&#038;campaign=loudavymkrokemcz&#038;campaign=sv&#038;campaign=vylety-v-okoli-pisku&#038;hotelname=Hotel%20Otava&#038;address=P%C3%ADsek%2C%20%C4%8Cesko\" target=\"_blank\" rel=\"nofollow noopener\">\n      <span class=\"lk-stay-badge badge-nature\">\ud83c\udfe8 Hotell<\/span>\n      <div class=\"lk-stay-name\">Hotel Otava<\/div>\n      <div class=\"lk-stay-desc\">Direkt i den historiska stadsk\u00e4rnan, en byggnad fr\u00e5n f\u00f6rkrigstidens republik med Al\u0161as m\u00e5lningar, rummen \u00e4r sv\u00e5ra att f\u00e5 tag p\u00e5, boka i f\u00f6rv\u00e4g.<\/div>\n      <div class=\"lk-stay-meta\">\n        <span class=\"lk-stay-stars\">\u2605\u2605\u2605\u2605<\/span>\n        <span class=\"lk-stay-price\">Kontrollera priser<\/span>\n      <\/div>\n      <span class=\"lk-stay-cta\">\n        <svg width=\"14\" height=\"14\" viewBox=\"0 0 24 24\" fill=\"none\" stroke=\"currentColor\" stroke-width=\"2\"><path d=\"M18 13v6a2 2 0 0 1-2 2H5a2 2 0 0 1-2-2V8a2 2 0 0 1 2-2h6\"\/><polyline points=\"15 3 21 3 21 9\"\/><line x1=\"10\" y1=\"14\" x2=\"21\" y2=\"3\"\/><\/svg>\n        Kontrollera tillg\u00e4nglighet\n      <\/span>\n    <\/a>\n\n    <a class=\"lk-stay-card\" href=\"https:\/\/www.stay22.com\/allez\/roam?aid=lukaskonecny&#038;campaign=loudavymkrokemcz&#038;campaign=sv&#038;campaign=vyletyvokolipisku&#038;address=p\u00edsek\" target=\"_blank\" rel=\"nofollow noopener\">\n      <span class=\"lk-stay-badge badge-nature\">\ud83d\udd0d S\u00f6k<\/span>\n      <div class=\"lk-stay-name\">Visa alla boenden i P\u00edsek<\/div>\n      <div class=\"lk-stay-desc\">Utforska alla tillg\u00e4ngliga boendealternativ i P\u00edsek och hitta det b\u00e4sta enligt dina preferenser och budget.<\/div>\n      <div class=\"lk-stay-meta\">\n        <span class=\"lk-stay-stars\">\u2605\u2605\u2605\u2605<\/span>\n        <span class=\"lk-stay-price\">J\u00e4mf\u00f6r priser<\/span>\n      <\/div>\n      <span class=\"lk-stay-cta\">\n        <svg width=\"14\" height=\"14\" viewBox=\"0 0 24 24\" fill=\"none\" stroke=\"currentColor\" stroke-width=\"2\"><path d=\"M18 13v6a2 2 0 0 1-2 2H5a2 2 0 0 1-2-2V8a2 2 0 0 1 2-2h6\"\/><polyline points=\"15 3 21 3 21 9\"\/><line x1=\"10\" y1=\"14\" x2=\"21\" y2=\"3\"\/><\/svg>\n        Kontrollera tillg\u00e4nglighet\n      <\/span>\n    <\/a>\n\n  <\/div>\n\n  \n<\/div>\n\n\n\n\n<h3 class=\"wp-block-heading\"><span class=\"ez-toc-section\" id=\"17_Slottet_Kratochvile_Netolice\"><\/span>17. Slottet Kratochv\u00edle (Netolice)<span class=\"ez-toc-section-end\"><\/span><\/h3>\n\n\n\n<p class=\"wp-block-paragraph\">Den h\u00e4r ren\u00e4ssansp\u00e4rlan ligger <strong>36,1 kilometer bort och med bil \u00e4r du framme p\u00e5 34 minuter<\/strong>. Kratochv\u00edle \u00e4r en underbar italiensk ren\u00e4ssansvilla omgiven av en perfekt vattengrav, som den ber\u00f6mde Vil\u00e9m fr\u00e5n Ro\u017emberk l\u00e4t bygga som sitt sommarlusthus.<\/p>\n\n\n\n<p class=\"wp-block-paragraph\">F\u00f6r \u00e5r 2026 g\u00e4ller den bekr\u00e4ftade entr\u00e9n, d\u00e4r <strong>visningen av villan kostar 220 K\u010d (cirka 100 kr) f\u00f6r vuxna, 180 K\u010d (cirka 85 kr) f\u00f6r seniorer och 70 K\u010d (cirka 30 kr) f\u00f6r barn<\/strong>, medan den stora rundan Grand g\u00e5r p\u00e5 280 K\u010d (cirka 130 kr). Vill du bara promenera kostar intr\u00e4det till den geometriskt exakta slottstr\u00e4dg\u00e5rden 60 K\u010d (cirka 30 kr).<\/p>\n\n\n\n<p class=\"wp-block-paragraph\">St\u00e4mningen h\u00e4r \u00e4r <strong>otroligt fotogenisk och hela platsen verkar som h\u00e4mtad ur en saga<\/strong>, framf\u00f6r allt tack vare vattengraven som omger villan p\u00e5 alla sidor. Aktuella \u00f6ppettider hittar du p\u00e5 den officiella webben <a href=\"https:\/\/zamek-kratochvile.cz\" rel=\"nofollow noopener\" target=\"_blank\">zamek-kratochvile.cz<\/a>.<\/p>\n\n\n\n<figure data-wp-context=\"{&quot;imageId&quot;:&quot;6a97b18e0b6c6&quot;}\" data-wp-interactive=\"core\/image\" data-wp-key=\"6a97b18e0b6c6\" class=\"wp-block-image size-full wp-lightbox-container\"><img decoding=\"async\" width=\"2528\" height=\"1696\" data-wp-class--hide=\"state.isContentHidden\" data-wp-class--show=\"state.isContentVisible\" data-wp-init=\"callbacks.setButtonStyles\" data-wp-on--click=\"actions.showLightbox\" data-wp-on--load=\"callbacks.setButtonStyles\" data-wp-on--pointerdown=\"actions.preloadImage\" data-wp-on--pointerenter=\"actions.preloadImageWithDelay\" data-wp-on--pointerleave=\"actions.cancelPreload\" data-wp-on-window--resize=\"callbacks.setButtonStyles\" src=\"https:\/\/loudavymkrokem.cz\/wp-content\/uploads\/2026\/08\/lk-22.jpg\" alt=\"Kyrkan Sankt Petrus och Paulus i Albrechtice nad Vltavou\" class=\"wp-image-404078\" title=\"\" srcset=\"https:\/\/loudavymkrokem.cz\/wp-content\/uploads\/2026\/08\/lk-22.jpg 2528w, https:\/\/loudavymkrokem.cz\/wp-content\/uploads\/2026\/08\/lk-22-300x201.jpg 300w, https:\/\/loudavymkrokem.cz\/wp-content\/uploads\/2026\/08\/lk-22-700x470.jpg 700w, https:\/\/loudavymkrokem.cz\/wp-content\/uploads\/2026\/08\/lk-22-768x515.jpg 768w, https:\/\/loudavymkrokem.cz\/wp-content\/uploads\/2026\/08\/lk-22-1536x1030.jpg 1536w, https:\/\/loudavymkrokem.cz\/wp-content\/uploads\/2026\/08\/lk-22-2048x1374.jpg 2048w, https:\/\/loudavymkrokem.cz\/wp-content\/uploads\/2026\/08\/lk-22-696x467.jpg 696w, https:\/\/loudavymkrokem.cz\/wp-content\/uploads\/2026\/08\/lk-22-1392x934.jpg 1392w, https:\/\/loudavymkrokem.cz\/wp-content\/uploads\/2026\/08\/lk-22-1920x1288.jpg 1920w\" sizes=\"(max-width: 2528px) 100vw, 2528px\" \/><button\n\t\t\tclass=\"lightbox-trigger\"\n\t\t\ttype=\"button\"\n\t\t\taria-haspopup=\"dialog\"\n\t\t\tdata-wp-bind--aria-label=\"state.thisImage.triggerButtonAriaLabel\"\n\t\t\tdata-wp-init=\"callbacks.initTriggerButton\"\n\t\t\tdata-wp-on--click=\"actions.showLightbox\"\n\t\t\tdata-wp-style--right=\"state.thisImage.buttonRight\"\n\t\t\tdata-wp-style--top=\"state.thisImage.buttonTop\"\n\t\t>\n\t\t\t<svg xmlns=\"http:\/\/www.w3.org\/2000\/svg\" width=\"12\" height=\"12\" fill=\"none\" viewBox=\"0 0 12 12\">\n\t\t\t\t<path fill=\"#fff\" d=\"M2 0a2 2 0 0 0-2 2v2h1.5V2a.5.5 0 0 1 .5-.5h2V0H2Zm2 10.5H2a.5.5 0 0 1-.5-.5V8H0v2a2 2 0 0 0 2 2h2v-1.5ZM8 12v-1.5h2a.5.5 0 0 0 .5-.5V8H12v2a2 2 0 0 1-2 2H8Zm2-12a2 2 0 0 1 2 2v2h-1.5V2a.5.5 0 0 0-.5-.5H8V0h2Z\" \/>\n\t\t\t<\/svg>\n\t\t<\/button><figcaption class=\"wp-element-caption\">Efter foto: Manka \/ Wikimedia Commons, CC BY 3.0 \u00b7 f\u00e4rgjusterat<\/figcaption><\/figure>\n\n\n\n<h3 class=\"wp-block-heading\"><span class=\"ez-toc-section\" id=\"18_Benhuset_och_kyrkogarden_i_Albrechtice_nad_Vltavou\"><\/span>18. Benhuset och kyrkog\u00e5rden i Albrechtice nad Vltavou<span class=\"ez-toc-section-end\"><\/span><\/h3>\n\n\n\n<p class=\"wp-block-paragraph\">Till den h\u00e4r oansenliga men unika utflykten k\u00f6r du <strong>16,4 kilometer och det tar bara 18 minuter<\/strong>. I Albrechtice nad Vltavou hittar du kyrkan Sankt Petrus och Paulus med en angr\u00e4nsande kyrkog\u00e5rd, som omges av en helt unik mur med m\u00e5lade nischkapell som fungerar som miniatyrbenhus.<\/p>\n\n\n\n<p class=\"wp-block-paragraph\">Det \u00e4r <strong>en mycket lite k\u00e4nd plats med en underbar och stilla atmosf\u00e4r, som \u00e4r fritt tillg\u00e4nglig gratis<\/strong>. Den har bara ett f\u00e5tal recensioner p\u00e5 kartorna, men den som hittar hit g\u00e5r d\u00e4rifr\u00e5n h\u00e4nf\u00f6rd. M\u00e5lningarna i kapellen ber\u00e4ttar historier och b\u00e4r moraliserande texter fr\u00e5n 1800-talet, vilket g\u00f6r platsen till en fantastisk dold skatt i regionen.<\/p>\n\n\n\n<p class=\"wp-block-paragraph\">Se dock noga upp s\u00e5 att du <strong>inte blandar ihop det h\u00e4r lilla benhuset med det ber\u00f6mda benhuset i Sedlec vid Kutn\u00e1 Hora<\/strong>, eftersom s\u00f6kmotorer ofta r\u00f6r ihop dem. Den lokala Albrechtice-versionen \u00e4r mycket mer intim, tystare och turistm\u00e4ssigt s\u00e5 gott som ouppt\u00e4ckt. Praktisk information om platsen hittar du p\u00e5 kommunens webb <a href=\"https:\/\/albrechticenadvltavou.cz\" rel=\"nofollow noopener\" target=\"_blank\">albrechticenadvltavou.cz<\/a>.<\/p>\n\n\n\n<figure data-wp-context=\"{&quot;imageId&quot;:&quot;6a97b18e0bbd1&quot;}\" data-wp-interactive=\"core\/image\" data-wp-key=\"6a97b18e0bbd1\" class=\"wp-block-image size-full wp-lightbox-container\"><img decoding=\"async\" width=\"2200\" height=\"1467\" data-wp-class--hide=\"state.isContentHidden\" data-wp-class--show=\"state.isContentVisible\" data-wp-init=\"callbacks.setButtonStyles\" data-wp-on--click=\"actions.showLightbox\" data-wp-on--load=\"callbacks.setButtonStyles\" data-wp-on--pointerdown=\"actions.preloadImage\" data-wp-on--pointerenter=\"actions.preloadImageWithDelay\" data-wp-on--pointerleave=\"actions.cancelPreload\" data-wp-on-window--resize=\"callbacks.setButtonStyles\" src=\"https:\/\/loudavymkrokem.cz\/wp-content\/uploads\/2026\/08\/orlicka-prehrada-lod-pod-zvikovem.jpg\" alt=\"Motorb\u00e5t p\u00e5 Orl\u00edk-dammen under borgen Zv\u00edkov\" class=\"wp-image-404454\" title=\"\" srcset=\"https:\/\/loudavymkrokem.cz\/wp-content\/uploads\/2026\/08\/orlicka-prehrada-lod-pod-zvikovem.jpg 2200w, https:\/\/loudavymkrokem.cz\/wp-content\/uploads\/2026\/08\/orlicka-prehrada-lod-pod-zvikovem-300x200.jpg 300w, https:\/\/loudavymkrokem.cz\/wp-content\/uploads\/2026\/08\/orlicka-prehrada-lod-pod-zvikovem-700x467.jpg 700w, https:\/\/loudavymkrokem.cz\/wp-content\/uploads\/2026\/08\/orlicka-prehrada-lod-pod-zvikovem-768x512.jpg 768w, https:\/\/loudavymkrokem.cz\/wp-content\/uploads\/2026\/08\/orlicka-prehrada-lod-pod-zvikovem-1536x1024.jpg 1536w, https:\/\/loudavymkrokem.cz\/wp-content\/uploads\/2026\/08\/orlicka-prehrada-lod-pod-zvikovem-2048x1366.jpg 2048w, https:\/\/loudavymkrokem.cz\/wp-content\/uploads\/2026\/08\/orlicka-prehrada-lod-pod-zvikovem-696x464.jpg 696w, https:\/\/loudavymkrokem.cz\/wp-content\/uploads\/2026\/08\/orlicka-prehrada-lod-pod-zvikovem-1392x928.jpg 1392w, https:\/\/loudavymkrokem.cz\/wp-content\/uploads\/2026\/08\/orlicka-prehrada-lod-pod-zvikovem-1920x1280.jpg 1920w\" sizes=\"(max-width: 2200px) 100vw, 2200px\" \/><button\n\t\t\tclass=\"lightbox-trigger\"\n\t\t\ttype=\"button\"\n\t\t\taria-haspopup=\"dialog\"\n\t\t\tdata-wp-bind--aria-label=\"state.thisImage.triggerButtonAriaLabel\"\n\t\t\tdata-wp-init=\"callbacks.initTriggerButton\"\n\t\t\tdata-wp-on--click=\"actions.showLightbox\"\n\t\t\tdata-wp-style--right=\"state.thisImage.buttonRight\"\n\t\t\tdata-wp-style--top=\"state.thisImage.buttonTop\"\n\t\t>\n\t\t\t<svg xmlns=\"http:\/\/www.w3.org\/2000\/svg\" width=\"12\" height=\"12\" fill=\"none\" viewBox=\"0 0 12 12\">\n\t\t\t\t<path fill=\"#fff\" d=\"M2 0a2 2 0 0 0-2 2v2h1.5V2a.5.5 0 0 1 .5-.5h2V0H2Zm2 10.5H2a.5.5 0 0 1-.5-.5V8H0v2a2 2 0 0 0 2 2h2v-1.5ZM8 12v-1.5h2a.5.5 0 0 0 .5-.5V8H12v2a2 2 0 0 1-2 2H8Zm2-12a2 2 0 0 1 2 2v2h-1.5V2a.5.5 0 0 0-.5-.5H8V0h2Z\" \/>\n\t\t\t<\/svg>\n\t\t<\/button><\/figure>\n\n\n\n<h2 class=\"wp-block-heading\"><span class=\"ez-toc-section\" id=\"Vatten_Orlik-dammen_Vltava_och_Otava\"><\/span>Vatten: Orl\u00edk-dammen, Vltava och Otava<span class=\"ez-toc-section-end\"><\/span><\/h2>\n\n\n\n<p class=\"wp-block-paragraph\">De sydb\u00f6hmiska floderna och dammarna \u00e4r ett kapitel f\u00f6r sig. P\u00e5 sommaren bjuder de p\u00e5 h\u00e4rligt bad, p\u00e5 v\u00e5ren och h\u00f6sten p\u00e5 h\u00e4nf\u00f6rande vyer av nedskurna kanjoner. De h\u00e4r utflykterna rekommenderar jag att du planerar framf\u00f6r allt till dagar med fint v\u00e4der.<\/p>\n\n\n\n<figure data-wp-context=\"{&quot;imageId&quot;:&quot;6a97b18e0c10c&quot;}\" data-wp-interactive=\"core\/image\" data-wp-key=\"6a97b18e0c10c\" class=\"wp-block-image size-full wp-lightbox-container\"><img decoding=\"async\" width=\"2528\" height=\"1696\" data-wp-class--hide=\"state.isContentHidden\" data-wp-class--show=\"state.isContentVisible\" data-wp-init=\"callbacks.setButtonStyles\" data-wp-on--click=\"actions.showLightbox\" data-wp-on--load=\"callbacks.setButtonStyles\" data-wp-on--pointerdown=\"actions.preloadImage\" data-wp-on--pointerenter=\"actions.preloadImageWithDelay\" data-wp-on--pointerleave=\"actions.cancelPreload\" data-wp-on-window--resize=\"callbacks.setButtonStyles\" src=\"https:\/\/loudavymkrokem.cz\/wp-content\/uploads\/2026\/08\/lk-24.jpg\" alt=\"Utflyktsb\u00e5t p\u00e5 Orl\u00edk-dammen\" class=\"wp-image-404086\" title=\"\" srcset=\"https:\/\/loudavymkrokem.cz\/wp-content\/uploads\/2026\/08\/lk-24.jpg 2528w, https:\/\/loudavymkrokem.cz\/wp-content\/uploads\/2026\/08\/lk-24-300x201.jpg 300w, https:\/\/loudavymkrokem.cz\/wp-content\/uploads\/2026\/08\/lk-24-700x470.jpg 700w, https:\/\/loudavymkrokem.cz\/wp-content\/uploads\/2026\/08\/lk-24-768x515.jpg 768w, https:\/\/loudavymkrokem.cz\/wp-content\/uploads\/2026\/08\/lk-24-1536x1030.jpg 1536w, https:\/\/loudavymkrokem.cz\/wp-content\/uploads\/2026\/08\/lk-24-2048x1374.jpg 2048w, https:\/\/loudavymkrokem.cz\/wp-content\/uploads\/2026\/08\/lk-24-696x467.jpg 696w, https:\/\/loudavymkrokem.cz\/wp-content\/uploads\/2026\/08\/lk-24-1392x934.jpg 1392w, https:\/\/loudavymkrokem.cz\/wp-content\/uploads\/2026\/08\/lk-24-1920x1288.jpg 1920w\" sizes=\"(max-width: 2528px) 100vw, 2528px\" \/><button\n\t\t\tclass=\"lightbox-trigger\"\n\t\t\ttype=\"button\"\n\t\t\taria-haspopup=\"dialog\"\n\t\t\tdata-wp-bind--aria-label=\"state.thisImage.triggerButtonAriaLabel\"\n\t\t\tdata-wp-init=\"callbacks.initTriggerButton\"\n\t\t\tdata-wp-on--click=\"actions.showLightbox\"\n\t\t\tdata-wp-style--right=\"state.thisImage.buttonRight\"\n\t\t\tdata-wp-style--top=\"state.thisImage.buttonTop\"\n\t\t>\n\t\t\t<svg xmlns=\"http:\/\/www.w3.org\/2000\/svg\" width=\"12\" height=\"12\" fill=\"none\" viewBox=\"0 0 12 12\">\n\t\t\t\t<path fill=\"#fff\" d=\"M2 0a2 2 0 0 0-2 2v2h1.5V2a.5.5 0 0 1 .5-.5h2V0H2Zm2 10.5H2a.5.5 0 0 1-.5-.5V8H0v2a2 2 0 0 0 2 2h2v-1.5ZM8 12v-1.5h2a.5.5 0 0 0 .5-.5V8H12v2a2 2 0 0 1-2 2H8Zm2-12a2 2 0 0 1 2 2v2h-1.5V2a.5.5 0 0 0-.5-.5H8V0h2Z\" \/>\n\t\t\t<\/svg>\n\t\t<\/button><figcaption class=\"wp-element-caption\">Efter foto: Ji\u0159\u00ed Sedl\u00e1\u010dek \/ Wikimedia Commons, CC BY-SA 4.0 \u00b7 f\u00e4rgjusterat<\/figcaption><\/figure>\n\n\n\n<h3 class=\"wp-block-heading\"><span class=\"ez-toc-section\" id=\"19_Battur_Zvikov_%E2%86%94_Orlik\"><\/span>19. B\u00e5ttur Zv\u00edkov \u2194 Orl\u00edk<span class=\"ez-toc-section-end\"><\/span><\/h3>\n\n\n\n<p class=\"wp-block-paragraph\">Till bryggan under Zv\u00edkov-borgen \u00e4r det <strong>26 kilometer och resan tar ungef\u00e4r 32 minuter<\/strong> med bil. Just h\u00e4rifr\u00e5n avg\u00e5r n\u00e4mligen Orl\u00edks b\u00e5ttrafik, vilket enligt mig \u00e4r den allra finaste utflyktskombinationen i hela P\u00edsek-trakten, eftersom den f\u00f6rbinder tv\u00e5 h\u00e4nf\u00f6rande borgar med avkoppling p\u00e5 vattnet.<\/p>\n\n\n\n<p class=\"wp-block-paragraph\">B\u00e5tarna <strong>trafikerar i \u00e5r en regulj\u00e4r rutt mellan slottet Orl\u00edk och borgen Zv\u00edkov i b\u00e5da riktningar<\/strong>, med drift fr\u00e5n tisdag till s\u00f6ndag och ledigt p\u00e5 m\u00e5ndagar. Se upp f\u00f6r att den popul\u00e4ra rutten \u00e4nda fram till sj\u00e4lva dammvallen just nu inte alls g\u00e5r p\u00e5 grund av riskabel tillg\u00e4nglighet.<\/p>\n\n\n\n<p class=\"wp-block-paragraph\">Biljettpris och exakt tidtabell \u00e4r tyv\u00e4rr inte fast angivna, s\u00e5 <strong>kolla all information hellre per telefon eller p\u00e5 webben <a href=\"https:\/\/lodnidopravanaorliku.cz\" rel=\"nofollow noopener\" target=\"_blank\">lodnidopravanaorliku.cz<\/a><\/strong>. \ud83d\udca1 Tips: Under sommarlovet brukar b\u00e5tarna vara fulla, s\u00e5 jag rekommenderar att komma till bryggan i god tid.<\/p>\n\n\n\n<figure data-wp-context=\"{&quot;imageId&quot;:&quot;6a97b18e0c732&quot;}\" data-wp-interactive=\"core\/image\" data-wp-key=\"6a97b18e0c732\" class=\"wp-block-image size-full wp-lightbox-container\"><img decoding=\"async\" width=\"2200\" height=\"1467\" data-wp-class--hide=\"state.isContentHidden\" data-wp-class--show=\"state.isContentVisible\" data-wp-init=\"callbacks.setButtonStyles\" data-wp-on--click=\"actions.showLightbox\" data-wp-on--load=\"callbacks.setButtonStyles\" data-wp-on--pointerdown=\"actions.preloadImage\" data-wp-on--pointerenter=\"actions.preloadImageWithDelay\" data-wp-on--pointerleave=\"actions.cancelPreload\" data-wp-on-window--resize=\"callbacks.setButtonStyles\" src=\"https:\/\/loudavymkrokem.cz\/wp-content\/uploads\/2026\/08\/orlicka-prehrada-prirodni-plaz.jpg\" alt=\"Naturstrand i en vik vid Orl\u00edk-dammen\" class=\"wp-image-404455\" title=\"\" srcset=\"https:\/\/loudavymkrokem.cz\/wp-content\/uploads\/2026\/08\/orlicka-prehrada-prirodni-plaz.jpg 2200w, https:\/\/loudavymkrokem.cz\/wp-content\/uploads\/2026\/08\/orlicka-prehrada-prirodni-plaz-300x200.jpg 300w, https:\/\/loudavymkrokem.cz\/wp-content\/uploads\/2026\/08\/orlicka-prehrada-prirodni-plaz-700x467.jpg 700w, https:\/\/loudavymkrokem.cz\/wp-content\/uploads\/2026\/08\/orlicka-prehrada-prirodni-plaz-768x512.jpg 768w, https:\/\/loudavymkrokem.cz\/wp-content\/uploads\/2026\/08\/orlicka-prehrada-prirodni-plaz-1536x1024.jpg 1536w, https:\/\/loudavymkrokem.cz\/wp-content\/uploads\/2026\/08\/orlicka-prehrada-prirodni-plaz-2048x1366.jpg 2048w, https:\/\/loudavymkrokem.cz\/wp-content\/uploads\/2026\/08\/orlicka-prehrada-prirodni-plaz-696x464.jpg 696w, https:\/\/loudavymkrokem.cz\/wp-content\/uploads\/2026\/08\/orlicka-prehrada-prirodni-plaz-1392x928.jpg 1392w, https:\/\/loudavymkrokem.cz\/wp-content\/uploads\/2026\/08\/orlicka-prehrada-prirodni-plaz-1920x1280.jpg 1920w\" sizes=\"(max-width: 2200px) 100vw, 2200px\" \/><button\n\t\t\tclass=\"lightbox-trigger\"\n\t\t\ttype=\"button\"\n\t\t\taria-haspopup=\"dialog\"\n\t\t\tdata-wp-bind--aria-label=\"state.thisImage.triggerButtonAriaLabel\"\n\t\t\tdata-wp-init=\"callbacks.initTriggerButton\"\n\t\t\tdata-wp-on--click=\"actions.showLightbox\"\n\t\t\tdata-wp-style--right=\"state.thisImage.buttonRight\"\n\t\t\tdata-wp-style--top=\"state.thisImage.buttonTop\"\n\t\t>\n\t\t\t<svg xmlns=\"http:\/\/www.w3.org\/2000\/svg\" width=\"12\" height=\"12\" fill=\"none\" viewBox=\"0 0 12 12\">\n\t\t\t\t<path fill=\"#fff\" d=\"M2 0a2 2 0 0 0-2 2v2h1.5V2a.5.5 0 0 1 .5-.5h2V0H2Zm2 10.5H2a.5.5 0 0 1-.5-.5V8H0v2a2 2 0 0 0 2 2h2v-1.5ZM8 12v-1.5h2a.5.5 0 0 0 .5-.5V8H12v2a2 2 0 0 1-2 2H8Zm2-12a2 2 0 0 1 2 2v2h-1.5V2a.5.5 0 0 0-.5-.5H8V0h2Z\" \/>\n\t\t\t<\/svg>\n\t\t<\/button><\/figure>\n\n\n\n<h3 class=\"wp-block-heading\"><span class=\"ez-toc-section\" id=\"20_Orlik-dammen_strander_och_campingar\"><\/span>20. Orl\u00edk-dammen: str\u00e4nder och campingar<span class=\"ez-toc-section-end\"><\/span><\/h3>\n\n\n\n<p class=\"wp-block-paragraph\">Till str\u00e4nderna vid den h\u00e4r enorma vattenreservoaren k\u00f6r du <strong>ungef\u00e4r 26 till 40 kilometer beroende p\u00e5 vilken strand du v\u00e4ljer<\/strong>. Orl\u00edk \u00e4r den mest volymrika dammen p\u00e5 Vltava och dess djupt \u00f6versv\u00e4mmade kanjoner har en riktigt overklig st\u00e4mning. Den h\u00f6jda vattenytan slukade dalen och fr\u00e5n b\u00e5ten ser det ut som om du seglade n\u00e5gonstans i Skandinavien, inte en bit fr\u00e5n P\u00edsek.<\/p>\n\n\n\n<p class=\"wp-block-paragraph\">H\u00e4r hittar du <strong>en enorm m\u00e4ngd naturstr\u00e4nder, v\u00e4lutrustade campingar och b\u00e5tuthyrningar<\/strong>, s\u00e5 h\u00e4r kan du enkelt tillbringa en hel sommarsemester. Vattnet brukar under de heta m\u00e5naderna vara sk\u00f6nt uppv\u00e4rmt, \u00e4ven om kvaliteten beroende p\u00e5 den specifika viken ibland kan f\u00f6rs\u00e4mras under augusti.<\/p>\n\n\n\n<p class=\"wp-block-paragraph\">S\u00f6ker du lugnare platser, <strong>undvik de st\u00f6rsta campingarna och leta i de mindre vikarna<\/strong>, dit du ofta bara kan ta dig till fots genom skogen. Det \u00e4r ett idealiskt m\u00e5l f\u00f6r alla som \u00e4lskar paddleboards eller vill hyra en liten motorb\u00e5t och utforska klipporna p\u00e5 n\u00e4ra h\u00e5ll. Vi \u00e5ker g\u00e4rna hit f\u00f6r eftermiddags-paddleboarding \u2013 det r\u00e4cker att hitta en vik d\u00e4r det inte \u00e4r s\u00e5 m\u00e5nga b\u00e5tar.<\/p>\n\n\n\n<figure data-wp-context=\"{&quot;imageId&quot;:&quot;6a97b18e0cd18&quot;}\" data-wp-interactive=\"core\/image\" data-wp-key=\"6a97b18e0cd18\" class=\"wp-block-image size-full wp-lightbox-container\"><img decoding=\"async\" width=\"2528\" height=\"1696\" data-wp-class--hide=\"state.isContentHidden\" data-wp-class--show=\"state.isContentVisible\" data-wp-init=\"callbacks.setButtonStyles\" data-wp-on--click=\"actions.showLightbox\" data-wp-on--load=\"callbacks.setButtonStyles\" data-wp-on--pointerdown=\"actions.preloadImage\" data-wp-on--pointerenter=\"actions.preloadImageWithDelay\" data-wp-on--pointerleave=\"actions.cancelPreload\" data-wp-on-window--resize=\"callbacks.setButtonStyles\" src=\"https:\/\/loudavymkrokem.cz\/wp-content\/uploads\/2026\/08\/lk-26.jpg\" alt=\"Bron vid \u010cerven\u00e1 nad Vltavou\" class=\"wp-image-404094\" title=\"\" srcset=\"https:\/\/loudavymkrokem.cz\/wp-content\/uploads\/2026\/08\/lk-26.jpg 2528w, https:\/\/loudavymkrokem.cz\/wp-content\/uploads\/2026\/08\/lk-26-300x201.jpg 300w, https:\/\/loudavymkrokem.cz\/wp-content\/uploads\/2026\/08\/lk-26-700x470.jpg 700w, https:\/\/loudavymkrokem.cz\/wp-content\/uploads\/2026\/08\/lk-26-768x515.jpg 768w, https:\/\/loudavymkrokem.cz\/wp-content\/uploads\/2026\/08\/lk-26-1536x1030.jpg 1536w, https:\/\/loudavymkrokem.cz\/wp-content\/uploads\/2026\/08\/lk-26-2048x1374.jpg 2048w, https:\/\/loudavymkrokem.cz\/wp-content\/uploads\/2026\/08\/lk-26-696x467.jpg 696w, https:\/\/loudavymkrokem.cz\/wp-content\/uploads\/2026\/08\/lk-26-1392x934.jpg 1392w, https:\/\/loudavymkrokem.cz\/wp-content\/uploads\/2026\/08\/lk-26-1920x1288.jpg 1920w\" sizes=\"(max-width: 2528px) 100vw, 2528px\" \/><button\n\t\t\tclass=\"lightbox-trigger\"\n\t\t\ttype=\"button\"\n\t\t\taria-haspopup=\"dialog\"\n\t\t\tdata-wp-bind--aria-label=\"state.thisImage.triggerButtonAriaLabel\"\n\t\t\tdata-wp-init=\"callbacks.initTriggerButton\"\n\t\t\tdata-wp-on--click=\"actions.showLightbox\"\n\t\t\tdata-wp-style--right=\"state.thisImage.buttonRight\"\n\t\t\tdata-wp-style--top=\"state.thisImage.buttonTop\"\n\t\t>\n\t\t\t<svg xmlns=\"http:\/\/www.w3.org\/2000\/svg\" width=\"12\" height=\"12\" fill=\"none\" viewBox=\"0 0 12 12\">\n\t\t\t\t<path fill=\"#fff\" d=\"M2 0a2 2 0 0 0-2 2v2h1.5V2a.5.5 0 0 1 .5-.5h2V0H2Zm2 10.5H2a.5.5 0 0 1-.5-.5V8H0v2a2 2 0 0 0 2 2h2v-1.5ZM8 12v-1.5h2a.5.5 0 0 0 .5-.5V8H12v2a2 2 0 0 1-2 2H8Zm2-12a2 2 0 0 1 2 2v2h-1.5V2a.5.5 0 0 0-.5-.5H8V0h2Z\" \/>\n\t\t\t<\/svg>\n\t\t<\/button><figcaption class=\"wp-element-caption\">Efter foto: Jan Tichavsk\u00fd \/ Wikimedia Commons, CC BY-SA 4.0 \u00b7 f\u00e4rgjusterat<\/figcaption><\/figure>\n\n\n\n<h3 class=\"wp-block-heading\"><span class=\"ez-toc-section\" id=\"21_Cervena_nad_Vltavou\"><\/span>21. \u010cerven\u00e1 nad Vltavou<span class=\"ez-toc-section-end\"><\/span><\/h3>\n\n\n\n<p class=\"wp-block-paragraph\">Till den h\u00e4r intressanta platsen k\u00f6r du <strong>18,8 kilometer och du \u00e4r framme p\u00e5 22 minuter<\/strong>. \u010cerven\u00e1 nad Vltavou \u00e4r en historiskt mycket betydelsefull punkt, f\u00f6r det \u00e4r just h\u00e4r Vltava g\u00e5r in i sin djupa kanjon, och h\u00e4r finns en imponerande f\u00f6re detta j\u00e4rnv\u00e4gsbro som v\u00e4lver sig h\u00f6gt \u00f6ver vattenytan.<\/p>\n\n\n\n<p class=\"wp-block-paragraph\">Platsen <strong>fungerade under m\u00e5nga \u00e5r som en viktig f\u00e4rja och har \u00e4n idag en fri-frilufts-st\u00e4mning<\/strong>, som stugbyar p\u00e5 b\u00e5da str\u00e4nderna uppr\u00e4tth\u00e5ller. Broens konstruktion \u00e4r verkligen fotogenisk och vyn av den fr\u00e5n vattenytans niv\u00e5 \u00e4r v\u00e4rd ett stopp.<\/p>\n\n\n\n<p class=\"wp-block-paragraph\">Idag \u00e4r det <strong>ett mycket popul\u00e4rt stopp f\u00f6r cyklister och fotvandrare<\/strong> som r\u00f6r sig l\u00e4ngs floden. H\u00e4r kan du sitta fint, vila och bara f\u00f6lja det rinnande vattnet och b\u00e5tarna som styr vidare p\u00e5 dammen.<\/p>\n\n\n\n<figure data-wp-context=\"{&quot;imageId&quot;:&quot;6a97b18e0d26e&quot;}\" data-wp-interactive=\"core\/image\" data-wp-key=\"6a97b18e0d26e\" class=\"wp-block-image size-full wp-lightbox-container\"><img decoding=\"async\" width=\"2528\" height=\"1696\" data-wp-class--hide=\"state.isContentHidden\" data-wp-class--show=\"state.isContentVisible\" data-wp-init=\"callbacks.setButtonStyles\" data-wp-on--click=\"actions.showLightbox\" data-wp-on--load=\"callbacks.setButtonStyles\" data-wp-on--pointerdown=\"actions.preloadImage\" data-wp-on--pointerenter=\"actions.preloadImageWithDelay\" data-wp-on--pointerleave=\"actions.cancelPreload\" data-wp-on-window--resize=\"callbacks.setButtonStyles\" src=\"https:\/\/loudavymkrokem.cz\/wp-content\/uploads\/2026\/08\/lk-27.jpg\" alt=\"Torget i Vod\u0148any\" class=\"wp-image-404102\" title=\"\" srcset=\"https:\/\/loudavymkrokem.cz\/wp-content\/uploads\/2026\/08\/lk-27.jpg 2528w, https:\/\/loudavymkrokem.cz\/wp-content\/uploads\/2026\/08\/lk-27-300x201.jpg 300w, https:\/\/loudavymkrokem.cz\/wp-content\/uploads\/2026\/08\/lk-27-700x470.jpg 700w, https:\/\/loudavymkrokem.cz\/wp-content\/uploads\/2026\/08\/lk-27-768x515.jpg 768w, https:\/\/loudavymkrokem.cz\/wp-content\/uploads\/2026\/08\/lk-27-1536x1030.jpg 1536w, https:\/\/loudavymkrokem.cz\/wp-content\/uploads\/2026\/08\/lk-27-2048x1374.jpg 2048w, https:\/\/loudavymkrokem.cz\/wp-content\/uploads\/2026\/08\/lk-27-696x467.jpg 696w, https:\/\/loudavymkrokem.cz\/wp-content\/uploads\/2026\/08\/lk-27-1392x934.jpg 1392w, https:\/\/loudavymkrokem.cz\/wp-content\/uploads\/2026\/08\/lk-27-1920x1288.jpg 1920w\" sizes=\"(max-width: 2528px) 100vw, 2528px\" \/><button\n\t\t\tclass=\"lightbox-trigger\"\n\t\t\ttype=\"button\"\n\t\t\taria-haspopup=\"dialog\"\n\t\t\tdata-wp-bind--aria-label=\"state.thisImage.triggerButtonAriaLabel\"\n\t\t\tdata-wp-init=\"callbacks.initTriggerButton\"\n\t\t\tdata-wp-on--click=\"actions.showLightbox\"\n\t\t\tdata-wp-style--right=\"state.thisImage.buttonRight\"\n\t\t\tdata-wp-style--top=\"state.thisImage.buttonTop\"\n\t\t>\n\t\t\t<svg xmlns=\"http:\/\/www.w3.org\/2000\/svg\" width=\"12\" height=\"12\" fill=\"none\" viewBox=\"0 0 12 12\">\n\t\t\t\t<path fill=\"#fff\" d=\"M2 0a2 2 0 0 0-2 2v2h1.5V2a.5.5 0 0 1 .5-.5h2V0H2Zm2 10.5H2a.5.5 0 0 1-.5-.5V8H0v2a2 2 0 0 0 2 2h2v-1.5ZM8 12v-1.5h2a.5.5 0 0 0 .5-.5V8H12v2a2 2 0 0 1-2 2H8Zm2-12a2 2 0 0 1 2 2v2h-1.5V2a.5.5 0 0 0-.5-.5H8V0h2Z\" \/>\n\t\t\t<\/svg>\n\t\t<\/button><\/figure>\n\n\n\n<h3 class=\"wp-block-heading\"><span class=\"ez-toc-section\" id=\"22_Vodnany_och_dammarna\"><\/span>22. Vod\u0148any och dammarna<span class=\"ez-toc-section-end\"><\/span><\/h3>\n\n\n\n<p class=\"wp-block-paragraph\">Till den h\u00e4r staden \u00e4gnad \u00e5t fiskodlare \u00e4r det <strong>22,3 kilometer och resan tar exakt 22 minuter<\/strong>. Vod\u0148any \u00e4r egentligen synonymt med fiskodlingstraditionen, h\u00e4r ligger den ber\u00f6mda Fiskeriskolan och hela omgivningen \u00e4r genomkorsad av ett t\u00e4tt n\u00e4t av underbara dammar.<\/p>\n\n\n\n<p class=\"wp-block-paragraph\">I centrum ska du absolut <strong>inte missa Vod\u0148anys stadsmuseum och galleri, som brukar ha \u00f6ppet fr\u00e5n tisdag till s\u00f6ndag<\/strong>, och entr\u00e9n b\u00f6r du f\u00f6r s\u00e4kerhets skull kolla p\u00e5 webben <a href=\"https:\/\/muzeumvodnany.cz\" rel=\"nofollow noopener\" target=\"_blank\">muzeumvodnany.cz<\/a>. Det lokala museet skildrar utm\u00e4rkt dammfiskets historia, som formade hela det lokala landskapet till dess nuvarande skepnad.<\/p>\n\n\n\n<p class=\"wp-block-paragraph\">F\u00f6r en familjepromenad <strong>kan jag varmt rekommendera naturstigen V Z\u00e1ti\u0161\u00ed runt de lokala dammarna<\/strong>, som \u00e4r mycket lugn och v\u00e4lsk\u00f6tt. Vod\u0148any \u00e4r ber\u00f6mt f\u00f6r sin fisketradition och den lokala karpen \u00e4r ett begrepp som man talar vitt och brett om p\u00e5 de allra b\u00e4sta restaurangerna.<\/p>\n\n\n\n<figure data-wp-context=\"{&quot;imageId&quot;:&quot;6a97b18e0d7d6&quot;}\" data-wp-interactive=\"core\/image\" data-wp-key=\"6a97b18e0d7d6\" class=\"wp-block-image size-full wp-lightbox-container\"><img decoding=\"async\" width=\"2528\" height=\"1696\" data-wp-class--hide=\"state.isContentHidden\" data-wp-class--show=\"state.isContentVisible\" data-wp-init=\"callbacks.setButtonStyles\" data-wp-on--click=\"actions.showLightbox\" data-wp-on--load=\"callbacks.setButtonStyles\" data-wp-on--pointerdown=\"actions.preloadImage\" data-wp-on--pointerenter=\"actions.preloadImageWithDelay\" data-wp-on--pointerleave=\"actions.cancelPreload\" data-wp-on-window--resize=\"callbacks.setButtonStyles\" src=\"https:\/\/loudavymkrokem.cz\/wp-content\/uploads\/2026\/08\/lk-28.jpg\" alt=\"Slottet Hlubok\u00e1 nad Vltavou\" class=\"wp-image-404105\" title=\"\" srcset=\"https:\/\/loudavymkrokem.cz\/wp-content\/uploads\/2026\/08\/lk-28.jpg 2528w, https:\/\/loudavymkrokem.cz\/wp-content\/uploads\/2026\/08\/lk-28-300x201.jpg 300w, https:\/\/loudavymkrokem.cz\/wp-content\/uploads\/2026\/08\/lk-28-700x470.jpg 700w, https:\/\/loudavymkrokem.cz\/wp-content\/uploads\/2026\/08\/lk-28-768x515.jpg 768w, https:\/\/loudavymkrokem.cz\/wp-content\/uploads\/2026\/08\/lk-28-1536x1030.jpg 1536w, https:\/\/loudavymkrokem.cz\/wp-content\/uploads\/2026\/08\/lk-28-2048x1374.jpg 2048w, https:\/\/loudavymkrokem.cz\/wp-content\/uploads\/2026\/08\/lk-28-696x467.jpg 696w, https:\/\/loudavymkrokem.cz\/wp-content\/uploads\/2026\/08\/lk-28-1392x934.jpg 1392w, https:\/\/loudavymkrokem.cz\/wp-content\/uploads\/2026\/08\/lk-28-1920x1288.jpg 1920w\" sizes=\"(max-width: 2528px) 100vw, 2528px\" \/><button\n\t\t\tclass=\"lightbox-trigger\"\n\t\t\ttype=\"button\"\n\t\t\taria-haspopup=\"dialog\"\n\t\t\tdata-wp-bind--aria-label=\"state.thisImage.triggerButtonAriaLabel\"\n\t\t\tdata-wp-init=\"callbacks.initTriggerButton\"\n\t\t\tdata-wp-on--click=\"actions.showLightbox\"\n\t\t\tdata-wp-style--right=\"state.thisImage.buttonRight\"\n\t\t\tdata-wp-style--top=\"state.thisImage.buttonTop\"\n\t\t>\n\t\t\t<svg xmlns=\"http:\/\/www.w3.org\/2000\/svg\" width=\"12\" height=\"12\" fill=\"none\" viewBox=\"0 0 12 12\">\n\t\t\t\t<path fill=\"#fff\" d=\"M2 0a2 2 0 0 0-2 2v2h1.5V2a.5.5 0 0 1 .5-.5h2V0H2Zm2 10.5H2a.5.5 0 0 1-.5-.5V8H0v2a2 2 0 0 0 2 2h2v-1.5ZM8 12v-1.5h2a.5.5 0 0 0 .5-.5V8H12v2a2 2 0 0 1-2 2H8Zm2-12a2 2 0 0 1 2 2v2h-1.5V2a.5.5 0 0 0-.5-.5H8V0h2Z\" \/>\n\t\t\t<\/svg>\n\t\t<\/button><figcaption class=\"wp-element-caption\">Efter foto: Michal Klajban \/ Wikimedia Commons, CC BY 4.0 \u00b7 f\u00e4rgjusterat<\/figcaption><\/figure>\n\n\n\n<h2 class=\"wp-block-heading\"><span class=\"ez-toc-section\" id=\"Sydbohmiska_stader_och_heldagsmal\"><\/span>Sydb\u00f6hmiska st\u00e4der och heldagsm\u00e5l<span class=\"ez-toc-section-end\"><\/span><\/h2>\n\n\n\n<p class=\"wp-block-paragraph\">Om du inte har n\u00e5got emot att tillbringa ungef\u00e4r en trekvart i bilen \u00f6ppnar sig fr\u00e5n P\u00edsek m\u00f6jligheten att bes\u00f6ka de allra mest ber\u00f6mda platserna i hela s\u00f6dra B\u00f6hmen. H\u00e4r talar vi redan om fullv\u00e4rdiga heldagsutflykter.<\/p>\n\n\n\n<figure data-wp-context=\"{&quot;imageId&quot;:&quot;6a97b18e0dcd8&quot;}\" data-wp-interactive=\"core\/image\" data-wp-key=\"6a97b18e0dcd8\" class=\"wp-block-image size-full wp-lightbox-container\"><img decoding=\"async\" width=\"2528\" height=\"1696\" data-wp-class--hide=\"state.isContentHidden\" data-wp-class--show=\"state.isContentVisible\" data-wp-init=\"callbacks.setButtonStyles\" data-wp-on--click=\"actions.showLightbox\" data-wp-on--load=\"callbacks.setButtonStyles\" data-wp-on--pointerdown=\"actions.preloadImage\" data-wp-on--pointerenter=\"actions.preloadImageWithDelay\" data-wp-on--pointerleave=\"actions.cancelPreload\" data-wp-on-window--resize=\"callbacks.setButtonStyles\" src=\"https:\/\/loudavymkrokem.cz\/wp-content\/uploads\/2026\/08\/lk-29.jpg\" alt=\"Tudorfasaden p\u00e5 slottet Hlubok\u00e1\" class=\"wp-image-404109\" title=\"\" srcset=\"https:\/\/loudavymkrokem.cz\/wp-content\/uploads\/2026\/08\/lk-29.jpg 2528w, https:\/\/loudavymkrokem.cz\/wp-content\/uploads\/2026\/08\/lk-29-300x201.jpg 300w, https:\/\/loudavymkrokem.cz\/wp-content\/uploads\/2026\/08\/lk-29-700x470.jpg 700w, https:\/\/loudavymkrokem.cz\/wp-content\/uploads\/2026\/08\/lk-29-768x515.jpg 768w, https:\/\/loudavymkrokem.cz\/wp-content\/uploads\/2026\/08\/lk-29-1536x1030.jpg 1536w, https:\/\/loudavymkrokem.cz\/wp-content\/uploads\/2026\/08\/lk-29-2048x1374.jpg 2048w, https:\/\/loudavymkrokem.cz\/wp-content\/uploads\/2026\/08\/lk-29-696x467.jpg 696w, https:\/\/loudavymkrokem.cz\/wp-content\/uploads\/2026\/08\/lk-29-1392x934.jpg 1392w, https:\/\/loudavymkrokem.cz\/wp-content\/uploads\/2026\/08\/lk-29-1920x1288.jpg 1920w\" sizes=\"(max-width: 2528px) 100vw, 2528px\" \/><button\n\t\t\tclass=\"lightbox-trigger\"\n\t\t\ttype=\"button\"\n\t\t\taria-haspopup=\"dialog\"\n\t\t\tdata-wp-bind--aria-label=\"state.thisImage.triggerButtonAriaLabel\"\n\t\t\tdata-wp-init=\"callbacks.initTriggerButton\"\n\t\t\tdata-wp-on--click=\"actions.showLightbox\"\n\t\t\tdata-wp-style--right=\"state.thisImage.buttonRight\"\n\t\t\tdata-wp-style--top=\"state.thisImage.buttonTop\"\n\t\t>\n\t\t\t<svg xmlns=\"http:\/\/www.w3.org\/2000\/svg\" width=\"12\" height=\"12\" fill=\"none\" viewBox=\"0 0 12 12\">\n\t\t\t\t<path fill=\"#fff\" d=\"M2 0a2 2 0 0 0-2 2v2h1.5V2a.5.5 0 0 1 .5-.5h2V0H2Zm2 10.5H2a.5.5 0 0 1-.5-.5V8H0v2a2 2 0 0 0 2 2h2v-1.5ZM8 12v-1.5h2a.5.5 0 0 0 .5-.5V8H12v2a2 2 0 0 1-2 2H8Zm2-12a2 2 0 0 1 2 2v2h-1.5V2a.5.5 0 0 0-.5-.5H8V0h2Z\" \/>\n\t\t\t<\/svg>\n\t\t<\/button><\/figure>\n\n\n\n<h3 class=\"wp-block-heading\"><span class=\"ez-toc-section\" id=\"23_Hluboka_nad_Vltavou\"><\/span>23. Hlubok\u00e1 nad Vltavou<span class=\"ez-toc-section-end\"><\/span><\/h3>\n\n\n\n<p class=\"wp-block-paragraph\">Till v\u00e5rt mest ber\u00f6mda slott k\u00f6r du <strong>45,1 kilometer och resan tar ungef\u00e4r 42 minuter<\/strong>. Hlubok\u00e1 \u00e4r ett absolut fenomen \u2013 med mer \u00e4n 28 tusen recensioner \u00e4r det \u00f6verl\u00e4gset det mest bes\u00f6kta m\u00e5let i den vida omgivningen och dess tudorgotik lockar turister som en magnet.<\/p>\n\n\n\n<p class=\"wp-block-paragraph\">Den bekr\u00e4ftade entr\u00e9n f\u00f6r \u00e5r 2026 <strong>till grundrundan Representationsrummen \u00e4r 300 K\u010d (cirka 140 kr) f\u00f6r vuxna<\/strong>, seniorer och ungdomar betalar 240 K\u010d (cirka 110 kr) och barn 90 K\u010d (cirka 40 kr). Slottet erbjuder \u00e4ven andra rutter, som de privata sviterna f\u00f6r 220 K\u010d (cirka 100 kr), utsiktstornet f\u00f6r 180 K\u010d (cirka 85 kr) eller till och med en speciell vinterrutt som fungerar \u00e4ven utanf\u00f6r h\u00f6gs\u00e4song. Bokning av visning och aktuell prislista hittar du p\u00e5 <a href=\"https:\/\/zamek-hluboka.cz\" rel=\"nofollow noopener\" target=\"_blank\">zamek-hluboka.cz<\/a>.<\/p>\n\n\n\n<p class=\"wp-block-paragraph\">Hela omr\u00e5det <strong>kompletteras av det underbara Ale\u0161 sydb\u00f6hmiska galleri inrymt i den f\u00f6re detta slottsridhuset<\/strong>, och nedanf\u00f6r slottet hittar du den utm\u00e4rkta ZOO Ohrada. Avs\u00e4tt g\u00e4rna en hel dag \u00e5t Hlubok\u00e1, f\u00f6r sj\u00e4lva slottsvisningen \u00e4r bara en del av programmet och parken runtom kan du promenera i l\u00e4nge. Nedanf\u00f6r slottet finns sedan gott om caf\u00e9er d\u00e4r du kan ta en paus innan du ger dig av tillbaka.<\/p>\n\n\n\n<figure data-wp-context=\"{&quot;imageId&quot;:&quot;6a97b18e0e31f&quot;}\" data-wp-interactive=\"core\/image\" data-wp-key=\"6a97b18e0e31f\" class=\"wp-block-image size-full wp-lightbox-container\"><img decoding=\"async\" width=\"2528\" height=\"1696\" data-wp-class--hide=\"state.isContentHidden\" data-wp-class--show=\"state.isContentVisible\" data-wp-init=\"callbacks.setButtonStyles\" data-wp-on--click=\"actions.showLightbox\" data-wp-on--load=\"callbacks.setButtonStyles\" data-wp-on--pointerdown=\"actions.preloadImage\" data-wp-on--pointerenter=\"actions.preloadImageWithDelay\" data-wp-on--pointerleave=\"actions.cancelPreload\" data-wp-on-window--resize=\"callbacks.setButtonStyles\" src=\"https:\/\/loudavymkrokem.cz\/wp-content\/uploads\/2026\/08\/lk-30.jpg\" alt=\"\u017di\u017ekovo n\u00e1m\u011bst\u00ed i T\u00e1bor\" class=\"wp-image-404112\" title=\"\" srcset=\"https:\/\/loudavymkrokem.cz\/wp-content\/uploads\/2026\/08\/lk-30.jpg 2528w, https:\/\/loudavymkrokem.cz\/wp-content\/uploads\/2026\/08\/lk-30-300x201.jpg 300w, https:\/\/loudavymkrokem.cz\/wp-content\/uploads\/2026\/08\/lk-30-700x470.jpg 700w, https:\/\/loudavymkrokem.cz\/wp-content\/uploads\/2026\/08\/lk-30-768x515.jpg 768w, https:\/\/loudavymkrokem.cz\/wp-content\/uploads\/2026\/08\/lk-30-1536x1030.jpg 1536w, https:\/\/loudavymkrokem.cz\/wp-content\/uploads\/2026\/08\/lk-30-2048x1374.jpg 2048w, https:\/\/loudavymkrokem.cz\/wp-content\/uploads\/2026\/08\/lk-30-696x467.jpg 696w, https:\/\/loudavymkrokem.cz\/wp-content\/uploads\/2026\/08\/lk-30-1392x934.jpg 1392w, https:\/\/loudavymkrokem.cz\/wp-content\/uploads\/2026\/08\/lk-30-1920x1288.jpg 1920w\" sizes=\"(max-width: 2528px) 100vw, 2528px\" \/><button\n\t\t\tclass=\"lightbox-trigger\"\n\t\t\ttype=\"button\"\n\t\t\taria-haspopup=\"dialog\"\n\t\t\tdata-wp-bind--aria-label=\"state.thisImage.triggerButtonAriaLabel\"\n\t\t\tdata-wp-init=\"callbacks.initTriggerButton\"\n\t\t\tdata-wp-on--click=\"actions.showLightbox\"\n\t\t\tdata-wp-style--right=\"state.thisImage.buttonRight\"\n\t\t\tdata-wp-style--top=\"state.thisImage.buttonTop\"\n\t\t>\n\t\t\t<svg xmlns=\"http:\/\/www.w3.org\/2000\/svg\" width=\"12\" height=\"12\" fill=\"none\" viewBox=\"0 0 12 12\">\n\t\t\t\t<path fill=\"#fff\" d=\"M2 0a2 2 0 0 0-2 2v2h1.5V2a.5.5 0 0 1 .5-.5h2V0H2Zm2 10.5H2a.5.5 0 0 1-.5-.5V8H0v2a2 2 0 0 0 2 2h2v-1.5ZM8 12v-1.5h2a.5.5 0 0 0 .5-.5V8H12v2a2 2 0 0 1-2 2H8Zm2-12a2 2 0 0 1 2 2v2h-1.5V2a.5.5 0 0 0-.5-.5H8V0h2Z\" \/>\n\t\t\t<\/svg>\n\t\t<\/button><figcaption class=\"wp-element-caption\">Efter foto: VitVit \/ Wikimedia Commons, CC BY-SA 4.0 \u00b7 f\u00e4rgjusterat<\/figcaption><\/figure>\n\n\n\n<h3 class=\"wp-block-heading\"><span class=\"ez-toc-section\" id=\"24_Tabor\"><\/span>24. T\u00e1bor<span class=\"ez-toc-section-end\"><\/span><\/h3>\n\n\n\n<p class=\"wp-block-paragraph\">Till historiska T\u00e1bor \u00e4r det <strong>46,6 kilometer och fr\u00e5n P\u00edsek \u00e4r du framme p\u00e5 48 minuter<\/strong>. Den h\u00e4r staden \u00e4r ber\u00f6md f\u00f6r sin husitiska historia och dess slingrande gr\u00e4nder kring det massiva \u017di\u017ekovo n\u00e1m\u011bst\u00ed har en oefterh\u00e4rmlig charm som du helt enkelt kommer att \u00e4lska.<\/p>\n\n\n\n<p class=\"wp-block-paragraph\">Under bes\u00f6ket <strong>styr absolut till det utm\u00e4rkta <a href=\"https:\/\/husitskemuzeum.cz\" rel=\"nofollow noopener\" target=\"_blank\">Husitmuseet<\/a> och gl\u00f6m inte att utforska T\u00e1bors mystiska underjord<\/strong>, som str\u00e4cker sig direkt under de medeltida husen. Ett stort dragpl\u00e5ster \u00e4r ocks\u00e5 den moderna utst\u00e4llningen T\u00e1borsk\u00e1 skatten, som visar v\u00e4rdefulla historiska fynd fr\u00e5n regionen.<\/p>\n\n\n\n<p class=\"wp-block-paragraph\">Staden <strong>lever dessutom av utm\u00e4rkt gastronomi, h\u00e4r hittar du uts\u00f6kta caf\u00e9er och vegetariska bistros<\/strong> d\u00e4r de g\u00f6r fantastisk hummus och f\u00e4rska sallader. Luk\u00e1\u0161 och jag \u00e4r dessutom v\u00e4ldigt f\u00f6rtjusta i de lokala gr\u00e4nderna som slingrar upp och ner, och vi uppt\u00e4cker varje g\u00e5ng n\u00e5gon ny liten butik eller stilfullt bistro. Om staden lockar dig mer p\u00e5 djupet har vi skrivit en separat artikel med tips p\u00e5 <a href=\"https:\/\/loudavymkrokem.cz\/sv\/tabor-tjeckien-sevardigheter\/\">vad du kan se i T\u00e1bor<\/a>.<\/p>\n\n\n\n<figure data-wp-context=\"{&quot;imageId&quot;:&quot;6a97b18e0e923&quot;}\" data-wp-interactive=\"core\/image\" data-wp-key=\"6a97b18e0e923\" class=\"wp-block-image size-full wp-lightbox-container\"><img decoding=\"async\" width=\"2048\" height=\"1366\" data-wp-class--hide=\"state.isContentHidden\" data-wp-class--show=\"state.isContentVisible\" data-wp-init=\"callbacks.setButtonStyles\" data-wp-on--click=\"actions.showLightbox\" data-wp-on--load=\"callbacks.setButtonStyles\" data-wp-on--pointerdown=\"actions.preloadImage\" data-wp-on--pointerenter=\"actions.preloadImageWithDelay\" data-wp-on--pointerleave=\"actions.cancelPreload\" data-wp-on-window--resize=\"callbacks.setButtonStyles\" src=\"https:\/\/loudavymkrokem.cz\/wp-content\/uploads\/2026\/08\/holasovice-naves.jpg\" alt=\"Bondebarock p\u00e5 byplatsen i Hola\u0161ovice\" class=\"wp-image-403572\" title=\"\" srcset=\"https:\/\/loudavymkrokem.cz\/wp-content\/uploads\/2026\/08\/holasovice-naves.jpg 2048w, https:\/\/loudavymkrokem.cz\/wp-content\/uploads\/2026\/08\/holasovice-naves-300x200.jpg 300w, https:\/\/loudavymkrokem.cz\/wp-content\/uploads\/2026\/08\/holasovice-naves-700x467.jpg 700w, https:\/\/loudavymkrokem.cz\/wp-content\/uploads\/2026\/08\/holasovice-naves-768x512.jpg 768w, https:\/\/loudavymkrokem.cz\/wp-content\/uploads\/2026\/08\/holasovice-naves-1536x1025.jpg 1536w, https:\/\/loudavymkrokem.cz\/wp-content\/uploads\/2026\/08\/holasovice-naves-696x464.jpg 696w, https:\/\/loudavymkrokem.cz\/wp-content\/uploads\/2026\/08\/holasovice-naves-1392x928.jpg 1392w, https:\/\/loudavymkrokem.cz\/wp-content\/uploads\/2026\/08\/holasovice-naves-1920x1281.jpg 1920w\" sizes=\"(max-width: 2048px) 100vw, 2048px\" \/><button\n\t\t\tclass=\"lightbox-trigger\"\n\t\t\ttype=\"button\"\n\t\t\taria-haspopup=\"dialog\"\n\t\t\tdata-wp-bind--aria-label=\"state.thisImage.triggerButtonAriaLabel\"\n\t\t\tdata-wp-init=\"callbacks.initTriggerButton\"\n\t\t\tdata-wp-on--click=\"actions.showLightbox\"\n\t\t\tdata-wp-style--right=\"state.thisImage.buttonRight\"\n\t\t\tdata-wp-style--top=\"state.thisImage.buttonTop\"\n\t\t>\n\t\t\t<svg xmlns=\"http:\/\/www.w3.org\/2000\/svg\" width=\"12\" height=\"12\" fill=\"none\" viewBox=\"0 0 12 12\">\n\t\t\t\t<path fill=\"#fff\" d=\"M2 0a2 2 0 0 0-2 2v2h1.5V2a.5.5 0 0 1 .5-.5h2V0H2Zm2 10.5H2a.5.5 0 0 1-.5-.5V8H0v2a2 2 0 0 0 2 2h2v-1.5ZM8 12v-1.5h2a.5.5 0 0 0 .5-.5V8H12v2a2 2 0 0 1-2 2H8Zm2-12a2 2 0 0 1 2 2v2h-1.5V2a.5.5 0 0 0-.5-.5H8V0h2Z\" \/>\n\t\t\t<\/svg>\n\t\t<\/button><\/figure>\n\n\n\n<figure data-wp-context=\"{&quot;imageId&quot;:&quot;6a97b18e0ecbc&quot;}\" data-wp-interactive=\"core\/image\" data-wp-key=\"6a97b18e0ecbc\" class=\"wp-block-image size-full wp-lightbox-container\"><img decoding=\"async\" width=\"2048\" height=\"1366\" data-wp-class--hide=\"state.isContentHidden\" data-wp-class--show=\"state.isContentVisible\" data-wp-init=\"callbacks.setButtonStyles\" data-wp-on--click=\"actions.showLightbox\" data-wp-on--load=\"callbacks.setButtonStyles\" data-wp-on--pointerdown=\"actions.preloadImage\" data-wp-on--pointerenter=\"actions.preloadImageWithDelay\" data-wp-on--pointerleave=\"actions.cancelPreload\" data-wp-on-window--resize=\"callbacks.setButtonStyles\" src=\"https:\/\/loudavymkrokem.cz\/wp-content\/uploads\/2026\/08\/holasovice-selske-baroko.jpg\" alt=\"M\u00e5lade gavlar av bondebarock i Hola\u0161ovice\" class=\"wp-image-403573\" title=\"\" srcset=\"https:\/\/loudavymkrokem.cz\/wp-content\/uploads\/2026\/08\/holasovice-selske-baroko.jpg 2048w, https:\/\/loudavymkrokem.cz\/wp-content\/uploads\/2026\/08\/holasovice-selske-baroko-300x200.jpg 300w, https:\/\/loudavymkrokem.cz\/wp-content\/uploads\/2026\/08\/holasovice-selske-baroko-700x467.jpg 700w, https:\/\/loudavymkrokem.cz\/wp-content\/uploads\/2026\/08\/holasovice-selske-baroko-768x512.jpg 768w, https:\/\/loudavymkrokem.cz\/wp-content\/uploads\/2026\/08\/holasovice-selske-baroko-1536x1025.jpg 1536w, https:\/\/loudavymkrokem.cz\/wp-content\/uploads\/2026\/08\/holasovice-selske-baroko-696x464.jpg 696w, https:\/\/loudavymkrokem.cz\/wp-content\/uploads\/2026\/08\/holasovice-selske-baroko-1392x928.jpg 1392w, https:\/\/loudavymkrokem.cz\/wp-content\/uploads\/2026\/08\/holasovice-selske-baroko-1920x1281.jpg 1920w\" sizes=\"(max-width: 2048px) 100vw, 2048px\" \/><button\n\t\t\tclass=\"lightbox-trigger\"\n\t\t\ttype=\"button\"\n\t\t\taria-haspopup=\"dialog\"\n\t\t\tdata-wp-bind--aria-label=\"state.thisImage.triggerButtonAriaLabel\"\n\t\t\tdata-wp-init=\"callbacks.initTriggerButton\"\n\t\t\tdata-wp-on--click=\"actions.showLightbox\"\n\t\t\tdata-wp-style--right=\"state.thisImage.buttonRight\"\n\t\t\tdata-wp-style--top=\"state.thisImage.buttonTop\"\n\t\t>\n\t\t\t<svg xmlns=\"http:\/\/www.w3.org\/2000\/svg\" width=\"12\" height=\"12\" fill=\"none\" viewBox=\"0 0 12 12\">\n\t\t\t\t<path fill=\"#fff\" d=\"M2 0a2 2 0 0 0-2 2v2h1.5V2a.5.5 0 0 1 .5-.5h2V0H2Zm2 10.5H2a.5.5 0 0 1-.5-.5V8H0v2a2 2 0 0 0 2 2h2v-1.5ZM8 12v-1.5h2a.5.5 0 0 0 .5-.5V8H12v2a2 2 0 0 1-2 2H8Zm2-12a2 2 0 0 1 2 2v2h-1.5V2a.5.5 0 0 0-.5-.5H8V0h2Z\" \/>\n\t\t\t<\/svg>\n\t\t<\/button><\/figure>\n\n\n\n<h3 class=\"wp-block-heading\"><span class=\"ez-toc-section\" id=\"25_Holasovice\"><\/span>25. Hola\u0161ovice<span class=\"ez-toc-section-end\"><\/span><\/h3>\n\n\n\n<p class=\"wp-block-paragraph\">Till bondebarocken k\u00f6r du <strong>48,7 kilometer, vilket tidsm\u00e4ssigt blir 46 minuters resa<\/strong>. Hola\u0161ovice \u00e4r med r\u00e4tta inskrivet p\u00e5 UNESCO:s v\u00e4rldsarvslista och dess enorma rektangul\u00e4ra byplats kantad av sagolikt utsmyckade g\u00e5rdar h\u00f6r till det vackraste i v\u00e5rt land.<\/p>\n\n\n\n<p class=\"wp-block-paragraph\">Den lokala <strong>arkitekturen i sydb\u00f6hmisk bondebarock \u00e4r bevarad i en helt unik helhet<\/strong>, och dessutom \u00e4r det ingen d\u00f6d friluftsmuseum utan en normalt levande by. Du kan strosa fritt h\u00e4r, beundra stuckaturen p\u00e5 husens gavlar och suga in den otroligt fridfulla st\u00e4mningen fr\u00e5n gamla tider.<\/p>\n\n\n\n<p class=\"wp-block-paragraph\">Vid bes\u00f6ket <strong>rekommenderar jag att stanna p\u00e5 det lokala caf\u00e9et eller g\u00e5 runt det n\u00e4rbel\u00e4gna Hola\u0161ovice-Stonehenge<\/strong>, en nutida megalitisk konstruktion p\u00e5 kullen bakom byn. Intr\u00e4de till byn tas naturligtvis inte ut, det \u00e4r en offentlig plats \u00f6ppen f\u00f6r alla schysta bes\u00f6kare. Information om byn och evenemangen hittar du p\u00e5 <a href=\"https:\/\/holasovice.eu\" rel=\"nofollow noopener\" target=\"_blank\">holasovice.eu<\/a>.<\/p>\n\n\n\n<p class=\"wp-block-paragraph\">Under promenaden l\u00e4ngs byplatsen tyckte vi mest om <strong>att j\u00e4mf\u00f6ra de olika g\u00e5rdarnas gavlar<\/strong> \u2014 var och en har en annan kombination av b\u00e5gar, voluter och m\u00e5lade detaljer, \u00e4ven om hela byplatsen vid f\u00f6rsta anblicken verkar enhetlig. R\u00e4kna med en till tv\u00e5 timmar s\u00e5 att du inte beh\u00f6ver stressa igenom det.<\/p>\n\n\n\n<figure data-wp-context=\"{&quot;imageId&quot;:&quot;6a97b18e0f2da&quot;}\" data-wp-interactive=\"core\/image\" data-wp-key=\"6a97b18e0f2da\" class=\"wp-block-image size-full wp-lightbox-container\"><img decoding=\"async\" width=\"2528\" height=\"1696\" data-wp-class--hide=\"state.isContentHidden\" data-wp-class--show=\"state.isContentVisible\" data-wp-init=\"callbacks.setButtonStyles\" data-wp-on--click=\"actions.showLightbox\" data-wp-on--load=\"callbacks.setButtonStyles\" data-wp-on--pointerdown=\"actions.preloadImage\" data-wp-on--pointerenter=\"actions.preloadImageWithDelay\" data-wp-on--pointerleave=\"actions.cancelPreload\" data-wp-on-window--resize=\"callbacks.setButtonStyles\" src=\"https:\/\/loudavymkrokem.cz\/wp-content\/uploads\/2026\/08\/lk-32.jpg\" alt=\"P\u0159emysl Otakar II-torget i \u010cesk\u00e9 Bud\u011bjovice\" class=\"wp-image-404113\" title=\"\" srcset=\"https:\/\/loudavymkrokem.cz\/wp-content\/uploads\/2026\/08\/lk-32.jpg 2528w, https:\/\/loudavymkrokem.cz\/wp-content\/uploads\/2026\/08\/lk-32-300x201.jpg 300w, https:\/\/loudavymkrokem.cz\/wp-content\/uploads\/2026\/08\/lk-32-700x470.jpg 700w, https:\/\/loudavymkrokem.cz\/wp-content\/uploads\/2026\/08\/lk-32-768x515.jpg 768w, https:\/\/loudavymkrokem.cz\/wp-content\/uploads\/2026\/08\/lk-32-1536x1030.jpg 1536w, https:\/\/loudavymkrokem.cz\/wp-content\/uploads\/2026\/08\/lk-32-2048x1374.jpg 2048w, https:\/\/loudavymkrokem.cz\/wp-content\/uploads\/2026\/08\/lk-32-696x467.jpg 696w, https:\/\/loudavymkrokem.cz\/wp-content\/uploads\/2026\/08\/lk-32-1392x934.jpg 1392w, https:\/\/loudavymkrokem.cz\/wp-content\/uploads\/2026\/08\/lk-32-1920x1288.jpg 1920w\" sizes=\"(max-width: 2528px) 100vw, 2528px\" \/><button\n\t\t\tclass=\"lightbox-trigger\"\n\t\t\ttype=\"button\"\n\t\t\taria-haspopup=\"dialog\"\n\t\t\tdata-wp-bind--aria-label=\"state.thisImage.triggerButtonAriaLabel\"\n\t\t\tdata-wp-init=\"callbacks.initTriggerButton\"\n\t\t\tdata-wp-on--click=\"actions.showLightbox\"\n\t\t\tdata-wp-style--right=\"state.thisImage.buttonRight\"\n\t\t\tdata-wp-style--top=\"state.thisImage.buttonTop\"\n\t\t>\n\t\t\t<svg xmlns=\"http:\/\/www.w3.org\/2000\/svg\" width=\"12\" height=\"12\" fill=\"none\" viewBox=\"0 0 12 12\">\n\t\t\t\t<path fill=\"#fff\" d=\"M2 0a2 2 0 0 0-2 2v2h1.5V2a.5.5 0 0 1 .5-.5h2V0H2Zm2 10.5H2a.5.5 0 0 1-.5-.5V8H0v2a2 2 0 0 0 2 2h2v-1.5ZM8 12v-1.5h2a.5.5 0 0 0 .5-.5V8H12v2a2 2 0 0 1-2 2H8Zm2-12a2 2 0 0 1 2 2v2h-1.5V2a.5.5 0 0 0-.5-.5H8V0h2Z\" \/>\n\t\t\t<\/svg>\n\t\t<\/button><figcaption class=\"wp-element-caption\">Efter foto: Jakub Ha\u0142un \/ Wikimedia Commons, CC BY 4.0 \u00b7 f\u00e4rgjusterat<\/figcaption><\/figure>\n\n\n\n<h3 class=\"wp-block-heading\"><span class=\"ez-toc-section\" id=\"26_Ceske_Budejovice\"><\/span>26. \u010cesk\u00e9 Bud\u011bjovice<span class=\"ez-toc-section-end\"><\/span><\/h3>\n\n\n\n<p class=\"wp-block-paragraph\">Till den sydb\u00f6hmiska metropolen \u00e4r det <strong>51,1 kilometer och med bil \u00e4r du d\u00e4r p\u00e5 49 minuter<\/strong>. Bud\u011bjovice \u00e4r en pulserande stad som domineras av det ikoniska P\u0159emysl Otakar II-torget, som h\u00f6r till de allra st\u00f6rsta kvadratiska torgen i hela landet och kantas av underbara arkader. Det fina med Bud\u011bjovice \u00e4r att man h\u00e4r kan f\u00f6rena historia med shopping och utm\u00e4rkt mat. Stanna p\u00e5 torget f\u00f6r den ber\u00f6mda kaffen och sug in den \u00e4kta sydb\u00f6hmiska storstadsst\u00e4mningen.<\/p>\n\n\n\n<p class=\"wp-block-paragraph\">Dina steg <strong>b\u00f6r styra till toppen av det ber\u00f6mda Svarta tornet, varifr\u00e5n det \u00e4r en fantastisk utsikt \u00f6ver hela staden<\/strong> och \u00e4ven mot \u0160umavas avl\u00e4gsna toppar. Staden \u00e4r ocks\u00e5 k\u00e4nd tack vare bryggeriet Budvar och de utm\u00e4rkta cykelv\u00e4garna som slingrar sig l\u00e4ngs floderna Vltava och Mal\u0161e mitt i centrum. Svarta tornets \u00f6ppettider och tips p\u00e5 evenemang hittar du p\u00e5 turistportalen <a href=\"https:\/\/budejce.cz\" rel=\"nofollow noopener\" target=\"_blank\">budejce.cz<\/a>.<\/p>\n\n\n\n<p class=\"wp-block-paragraph\">Vill du utforska staden mer i detalj och s\u00f6ker tips p\u00e5 god mat eller dolda caf\u00e9er, <strong>\u00f6ppna absolut v\u00e5r detaljerade guide till<\/strong> <a href=\"https:\/\/loudavymkrokem.cz\/sv\/ceske-budejovice-saker-att-gora\/\">\u010cesk\u00e9 Bud\u011bjovice<\/a>, d\u00e4r du hittar allt du beh\u00f6ver.<\/p>\n\n\n\n<figure data-wp-context=\"{&quot;imageId&quot;:&quot;6a97b18e0f810&quot;}\" data-wp-interactive=\"core\/image\" data-wp-key=\"6a97b18e0f810\" class=\"wp-block-image size-full wp-lightbox-container\"><img decoding=\"async\" width=\"2528\" height=\"1696\" data-wp-class--hide=\"state.isContentHidden\" data-wp-class--show=\"state.isContentVisible\" data-wp-init=\"callbacks.setButtonStyles\" data-wp-on--click=\"actions.showLightbox\" data-wp-on--load=\"callbacks.setButtonStyles\" data-wp-on--pointerdown=\"actions.preloadImage\" data-wp-on--pointerenter=\"actions.preloadImageWithDelay\" data-wp-on--pointerleave=\"actions.cancelPreload\" data-wp-on-window--resize=\"callbacks.setButtonStyles\" src=\"https:\/\/loudavymkrokem.cz\/wp-content\/uploads\/2026\/08\/lk-33.jpg\" alt=\"Ch\u00fdnov-grottan\" class=\"wp-image-404114\" title=\"\" srcset=\"https:\/\/loudavymkrokem.cz\/wp-content\/uploads\/2026\/08\/lk-33.jpg 2528w, https:\/\/loudavymkrokem.cz\/wp-content\/uploads\/2026\/08\/lk-33-300x201.jpg 300w, https:\/\/loudavymkrokem.cz\/wp-content\/uploads\/2026\/08\/lk-33-700x470.jpg 700w, https:\/\/loudavymkrokem.cz\/wp-content\/uploads\/2026\/08\/lk-33-768x515.jpg 768w, https:\/\/loudavymkrokem.cz\/wp-content\/uploads\/2026\/08\/lk-33-1536x1030.jpg 1536w, https:\/\/loudavymkrokem.cz\/wp-content\/uploads\/2026\/08\/lk-33-2048x1374.jpg 2048w, https:\/\/loudavymkrokem.cz\/wp-content\/uploads\/2026\/08\/lk-33-696x467.jpg 696w, https:\/\/loudavymkrokem.cz\/wp-content\/uploads\/2026\/08\/lk-33-1392x934.jpg 1392w, https:\/\/loudavymkrokem.cz\/wp-content\/uploads\/2026\/08\/lk-33-1920x1288.jpg 1920w\" sizes=\"(max-width: 2528px) 100vw, 2528px\" \/><button\n\t\t\tclass=\"lightbox-trigger\"\n\t\t\ttype=\"button\"\n\t\t\taria-haspopup=\"dialog\"\n\t\t\tdata-wp-bind--aria-label=\"state.thisImage.triggerButtonAriaLabel\"\n\t\t\tdata-wp-init=\"callbacks.initTriggerButton\"\n\t\t\tdata-wp-on--click=\"actions.showLightbox\"\n\t\t\tdata-wp-style--right=\"state.thisImage.buttonRight\"\n\t\t\tdata-wp-style--top=\"state.thisImage.buttonTop\"\n\t\t>\n\t\t\t<svg xmlns=\"http:\/\/www.w3.org\/2000\/svg\" width=\"12\" height=\"12\" fill=\"none\" viewBox=\"0 0 12 12\">\n\t\t\t\t<path fill=\"#fff\" d=\"M2 0a2 2 0 0 0-2 2v2h1.5V2a.5.5 0 0 1 .5-.5h2V0H2Zm2 10.5H2a.5.5 0 0 1-.5-.5V8H0v2a2 2 0 0 0 2 2h2v-1.5ZM8 12v-1.5h2a.5.5 0 0 0 .5-.5V8H12v2a2 2 0 0 1-2 2H8Zm2-12a2 2 0 0 1 2 2v2h-1.5V2a.5.5 0 0 0-.5-.5H8V0h2Z\" \/>\n\t\t\t<\/svg>\n\t\t<\/button><figcaption class=\"wp-element-caption\">Efter foto: Chmee2 \/ Wikimedia Commons, CC BY-SA 3.0 \u00b7 f\u00e4rgjusterat<\/figcaption><\/figure>\n\n\n\n<h3 class=\"wp-block-heading\"><span class=\"ez-toc-section\" id=\"27_Chynov-grottan\"><\/span>27. Ch\u00fdnov-grottan<span class=\"ez-toc-section-end\"><\/span><\/h3>\n\n\n\n<p class=\"wp-block-paragraph\">Till den h\u00e4r underjordiska p\u00e4rlan k\u00f6r du <strong>62 kilometer och resan tar ungef\u00e4r 63 minuter<\/strong>. Ch\u00fdnov-grottan \u00e4r historiskt sett den allra f\u00f6rsta grottan som \u00f6ppnades f\u00f6r allm\u00e4nheten i Tjeckien, redan \u00e5r 1863, och till skillnad fr\u00e5n M\u00e4hrens karst ser du h\u00e4r inga klassiska droppstenar.<\/p>\n\n\n\n<p class=\"wp-block-paragraph\">Den h\u00e4r grottan <strong>fascinerar med sina branta g\u00e5ngar och otroligt f\u00e4rgade marmorv\u00e4ggar<\/strong>, som spelar i alla nyanser fr\u00e5n vitt via gult till m\u00f6rkbrunt. Visningen \u00e4r fysiskt lite mer kr\u00e4vande p\u00e5 grund av det stora antalet trappor, men upplevelsen \u00e4r den definitivt v\u00e4rd.<\/p>\n\n\n\n<p class=\"wp-block-paragraph\">Eftersom det \u00e4r en skyddad naturformation b\u00f6r du <strong>alltid kolla den aktuella prislistan och \u00f6ppettiderna p\u00e5 webben <a href=\"https:\/\/chynovska.caves.cz\" rel=\"nofollow noopener\" target=\"_blank\">chynovska.caves.cz<\/a><\/strong>, eftersom grottan under vinterm\u00e5naderna traditionellt \u00e4r st\u00e4ngd p\u00e5 grund av de skyddade fladderm\u00f6ssens \u00f6vervintring.<\/p>\n\n\n\n<figure data-wp-context=\"{&quot;imageId&quot;:&quot;6a97b18e0fef9&quot;}\" data-wp-interactive=\"core\/image\" data-wp-key=\"6a97b18e0fef9\" class=\"wp-block-image size-full wp-lightbox-container\"><img decoding=\"async\" width=\"2528\" height=\"1696\" data-wp-class--hide=\"state.isContentHidden\" data-wp-class--show=\"state.isContentVisible\" data-wp-init=\"callbacks.setButtonStyles\" data-wp-on--click=\"actions.showLightbox\" data-wp-on--load=\"callbacks.setButtonStyles\" data-wp-on--pointerdown=\"actions.preloadImage\" data-wp-on--pointerenter=\"actions.preloadImageWithDelay\" data-wp-on--pointerleave=\"actions.cancelPreload\" data-wp-on-window--resize=\"callbacks.setButtonStyles\" src=\"https:\/\/loudavymkrokem.cz\/wp-content\/uploads\/2026\/08\/lk-34.jpg\" alt=\"Historiska centrum i \u010cesk\u00fd Krumlov\" class=\"wp-image-404117\" title=\"\" srcset=\"https:\/\/loudavymkrokem.cz\/wp-content\/uploads\/2026\/08\/lk-34.jpg 2528w, https:\/\/loudavymkrokem.cz\/wp-content\/uploads\/2026\/08\/lk-34-300x201.jpg 300w, https:\/\/loudavymkrokem.cz\/wp-content\/uploads\/2026\/08\/lk-34-700x470.jpg 700w, https:\/\/loudavymkrokem.cz\/wp-content\/uploads\/2026\/08\/lk-34-768x515.jpg 768w, https:\/\/loudavymkrokem.cz\/wp-content\/uploads\/2026\/08\/lk-34-1536x1030.jpg 1536w, https:\/\/loudavymkrokem.cz\/wp-content\/uploads\/2026\/08\/lk-34-2048x1374.jpg 2048w, https:\/\/loudavymkrokem.cz\/wp-content\/uploads\/2026\/08\/lk-34-696x467.jpg 696w, https:\/\/loudavymkrokem.cz\/wp-content\/uploads\/2026\/08\/lk-34-1392x934.jpg 1392w, https:\/\/loudavymkrokem.cz\/wp-content\/uploads\/2026\/08\/lk-34-1920x1288.jpg 1920w\" sizes=\"(max-width: 2528px) 100vw, 2528px\" \/><button\n\t\t\tclass=\"lightbox-trigger\"\n\t\t\ttype=\"button\"\n\t\t\taria-haspopup=\"dialog\"\n\t\t\tdata-wp-bind--aria-label=\"state.thisImage.triggerButtonAriaLabel\"\n\t\t\tdata-wp-init=\"callbacks.initTriggerButton\"\n\t\t\tdata-wp-on--click=\"actions.showLightbox\"\n\t\t\tdata-wp-style--right=\"state.thisImage.buttonRight\"\n\t\t\tdata-wp-style--top=\"state.thisImage.buttonTop\"\n\t\t>\n\t\t\t<svg xmlns=\"http:\/\/www.w3.org\/2000\/svg\" width=\"12\" height=\"12\" fill=\"none\" viewBox=\"0 0 12 12\">\n\t\t\t\t<path fill=\"#fff\" d=\"M2 0a2 2 0 0 0-2 2v2h1.5V2a.5.5 0 0 1 .5-.5h2V0H2Zm2 10.5H2a.5.5 0 0 1-.5-.5V8H0v2a2 2 0 0 0 2 2h2v-1.5ZM8 12v-1.5h2a.5.5 0 0 0 .5-.5V8H12v2a2 2 0 0 1-2 2H8Zm2-12a2 2 0 0 1 2 2v2h-1.5V2a.5.5 0 0 0-.5-.5H8V0h2Z\" \/>\n\t\t\t<\/svg>\n\t\t<\/button><figcaption class=\"wp-element-caption\">Efter foto: Jakub Ha\u0142un \/ Wikimedia Commons, CC BY 4.0 \u00b7 f\u00e4rgjusterat<\/figcaption><\/figure>\n\n\n\n<h3 class=\"wp-block-heading\"><span class=\"ez-toc-section\" id=\"28_Cesky_Krumlov\"><\/span>28. \u010cesk\u00fd Krumlov<span class=\"ez-toc-section-end\"><\/span><\/h3>\n\n\n\n<p class=\"wp-block-paragraph\">Till v\u00e5r vackraste stad k\u00f6r du <strong>69,9 kilometer och fr\u00e5n P\u00edsek \u00e4r du framme p\u00e5 68 minuter<\/strong>. \u010cesk\u00fd Krumlov, inskrivet p\u00e5 UNESCO:s lista, beh\u00f6ver knappast n\u00e5gon l\u00e5ng presentation \u2013 dess ren\u00e4ssansslott som reser sig \u00f6ver Vltavas meander k\u00e4nner nog alla till och ett bes\u00f6k \u00e4r helt enkelt ett m\u00e5ste.<\/p>\n\n\n\n<p class=\"wp-block-paragraph\">Staden <strong>\u00e4r full av slingrande gr\u00e4nder, historiska hus och romantiska vyer fr\u00e5n varje h\u00f6rn<\/strong>, s\u00e5 h\u00e4r kan du utan problem vandra vilse en hel dag. Utanf\u00f6r sommarlovet \u00e4r det ocks\u00e5 lite f\u00e4rre m\u00e4nniskor h\u00e4r, vilket den medeltida stadens st\u00e4mning enormt m\u00e5r bra av. \u00c4ven om Krumlov ibland \u00e4r fullt av turister har det helt enkelt n\u00e5got speciellt. Vi g\u00e5r hellre upp lite tidigare och g\u00e5r runt i centrum tidigt p\u00e5 morgonen, medan de flesta \u00e4nnu sover p\u00e5 sina hotell. Slottets visningsrundor och entr\u00e9 hittar du p\u00e5 <a href=\"https:\/\/zamek-ceskykrumlov.cz\" rel=\"nofollow noopener\" target=\"_blank\">zamek-ceskykrumlov.cz<\/a>.<\/p>\n\n\n\n<p class=\"wp-block-paragraph\">F\u00f6r en komplett planering av utflykten, inklusive parkering och de b\u00e4sta utsiktsplatserna, <strong>titta p\u00e5 v\u00e5r separata artikel om vad som g\u00f6mmer sig i<\/strong> <a href=\"https:\/\/loudavymkrokem.cz\/sv\/cesky-krumlov-sevardheter-tips\/\">\u010cesk\u00fd Krumlov<\/a>, d\u00e4r vi skrivit ner allt i detalj.<\/p>\n\n\n\n<figure data-wp-context=\"{&quot;imageId&quot;:&quot;6a97b18e104e9&quot;}\" data-wp-interactive=\"core\/image\" data-wp-key=\"6a97b18e104e9\" class=\"wp-block-image size-full wp-lightbox-container\"><img decoding=\"async\" width=\"2528\" height=\"1696\" data-wp-class--hide=\"state.isContentHidden\" data-wp-class--show=\"state.isContentVisible\" data-wp-init=\"callbacks.setButtonStyles\" data-wp-on--click=\"actions.showLightbox\" data-wp-on--load=\"callbacks.setButtonStyles\" data-wp-on--pointerdown=\"actions.preloadImage\" data-wp-on--pointerenter=\"actions.preloadImageWithDelay\" data-wp-on--pointerleave=\"actions.cancelPreload\" data-wp-on-window--resize=\"callbacks.setButtonStyles\" src=\"https:\/\/loudavymkrokem.cz\/wp-content\/uploads\/2026\/08\/lk-35.jpg\" alt=\"Dammen Sv\u011bt vid T\u0159ebo\u0148\" class=\"wp-image-404118\" title=\"\" srcset=\"https:\/\/loudavymkrokem.cz\/wp-content\/uploads\/2026\/08\/lk-35.jpg 2528w, https:\/\/loudavymkrokem.cz\/wp-content\/uploads\/2026\/08\/lk-35-300x201.jpg 300w, https:\/\/loudavymkrokem.cz\/wp-content\/uploads\/2026\/08\/lk-35-700x470.jpg 700w, https:\/\/loudavymkrokem.cz\/wp-content\/uploads\/2026\/08\/lk-35-768x515.jpg 768w, https:\/\/loudavymkrokem.cz\/wp-content\/uploads\/2026\/08\/lk-35-1536x1030.jpg 1536w, https:\/\/loudavymkrokem.cz\/wp-content\/uploads\/2026\/08\/lk-35-2048x1374.jpg 2048w, https:\/\/loudavymkrokem.cz\/wp-content\/uploads\/2026\/08\/lk-35-696x467.jpg 696w, https:\/\/loudavymkrokem.cz\/wp-content\/uploads\/2026\/08\/lk-35-1392x934.jpg 1392w, https:\/\/loudavymkrokem.cz\/wp-content\/uploads\/2026\/08\/lk-35-1920x1288.jpg 1920w\" sizes=\"(max-width: 2528px) 100vw, 2528px\" \/><button\n\t\t\tclass=\"lightbox-trigger\"\n\t\t\ttype=\"button\"\n\t\t\taria-haspopup=\"dialog\"\n\t\t\tdata-wp-bind--aria-label=\"state.thisImage.triggerButtonAriaLabel\"\n\t\t\tdata-wp-init=\"callbacks.initTriggerButton\"\n\t\t\tdata-wp-on--click=\"actions.showLightbox\"\n\t\t\tdata-wp-style--right=\"state.thisImage.buttonRight\"\n\t\t\tdata-wp-style--top=\"state.thisImage.buttonTop\"\n\t\t>\n\t\t\t<svg xmlns=\"http:\/\/www.w3.org\/2000\/svg\" width=\"12\" height=\"12\" fill=\"none\" viewBox=\"0 0 12 12\">\n\t\t\t\t<path fill=\"#fff\" d=\"M2 0a2 2 0 0 0-2 2v2h1.5V2a.5.5 0 0 1 .5-.5h2V0H2Zm2 10.5H2a.5.5 0 0 1-.5-.5V8H0v2a2 2 0 0 0 2 2h2v-1.5ZM8 12v-1.5h2a.5.5 0 0 0 .5-.5V8H12v2a2 2 0 0 1-2 2H8Zm2-12a2 2 0 0 1 2 2v2h-1.5V2a.5.5 0 0 0-.5-.5H8V0h2Z\" \/>\n\t\t\t<\/svg>\n\t\t<\/button><\/figure>\n\n\n\n<h3 class=\"wp-block-heading\"><span class=\"ez-toc-section\" id=\"29_Trebon_och_dammlandskapet\"><\/span>29. T\u0159ebo\u0148 och dammlandskapet<span class=\"ez-toc-section-end\"><\/span><\/h3>\n\n\n\n<p class=\"wp-block-paragraph\">Till fiskodlarnas hj\u00e4rta \u00e4r det <strong>73,7 kilometer, vilket motsvarar ungef\u00e4r 68 minuters resa<\/strong>. T\u0159ebo\u0148 \u00e4r en otroligt pittoresk kurort med ett ren\u00e4ssansslott och ett historiskt centrum, som fr\u00e5n alla sidor omges av vallarna kring de ber\u00f6mda dammarna med den enorma dammen Sv\u011bt i spetsen.<\/p>\n\n\n\n<p class=\"wp-block-paragraph\">Det lokala <strong>plana landskapet \u00e4r ett absolut paradis f\u00f6r bekv\u00e4ma cyklister och kurg\u00e4ster<\/strong>, och till de obligatoriska stoppen h\u00f6r \u00e4ven Schwarzenbergs monumentala gravmonument g\u00f6mt i en engelsk park. Planera utflykten f\u00f6r en hel dag, f\u00f6r tempot h\u00e4r \u00e4r smittande l\u00e5ngsamt och avslappnat. Slottets visningsrundor och entr\u00e9 hittar du p\u00e5 <a href=\"https:\/\/zamek-trebon.cz\" rel=\"nofollow noopener\" target=\"_blank\">zamek-trebon.cz<\/a>.<\/p>\n\n\n\n<p class=\"wp-block-paragraph\">Caf\u00e9erna p\u00e5 torget \u00e4r precis den typ av st\u00e4lle d\u00e4r du best\u00e4ller ett te och sitter kvar en timme. Och vet du vad? Det \u00e4r helt okej, f\u00f6r T\u0159ebo\u0148 st\u00e4ller helt enkelt in dig p\u00e5 det tempot.<\/p>\n\n\n\n<figure data-wp-context=\"{&quot;imageId&quot;:&quot;6a97b18e10a23&quot;}\" data-wp-interactive=\"core\/image\" data-wp-key=\"6a97b18e10a23\" class=\"wp-block-image size-full wp-lightbox-container\"><img decoding=\"async\" width=\"2528\" height=\"1696\" data-wp-class--hide=\"state.isContentHidden\" data-wp-class--show=\"state.isContentVisible\" data-wp-init=\"callbacks.setButtonStyles\" data-wp-on--click=\"actions.showLightbox\" data-wp-on--load=\"callbacks.setButtonStyles\" data-wp-on--pointerdown=\"actions.preloadImage\" data-wp-on--pointerenter=\"actions.preloadImageWithDelay\" data-wp-on--pointerleave=\"actions.cancelPreload\" data-wp-on-window--resize=\"callbacks.setButtonStyles\" src=\"https:\/\/loudavymkrokem.cz\/wp-content\/uploads\/2026\/08\/lk-36.jpg\" alt=\"Borgen Ka\u0161perk i \u0160umava\" class=\"wp-image-404119\" title=\"\" srcset=\"https:\/\/loudavymkrokem.cz\/wp-content\/uploads\/2026\/08\/lk-36.jpg 2528w, https:\/\/loudavymkrokem.cz\/wp-content\/uploads\/2026\/08\/lk-36-300x201.jpg 300w, https:\/\/loudavymkrokem.cz\/wp-content\/uploads\/2026\/08\/lk-36-700x470.jpg 700w, https:\/\/loudavymkrokem.cz\/wp-content\/uploads\/2026\/08\/lk-36-768x515.jpg 768w, https:\/\/loudavymkrokem.cz\/wp-content\/uploads\/2026\/08\/lk-36-1536x1030.jpg 1536w, https:\/\/loudavymkrokem.cz\/wp-content\/uploads\/2026\/08\/lk-36-2048x1374.jpg 2048w, https:\/\/loudavymkrokem.cz\/wp-content\/uploads\/2026\/08\/lk-36-696x467.jpg 696w, https:\/\/loudavymkrokem.cz\/wp-content\/uploads\/2026\/08\/lk-36-1392x934.jpg 1392w, https:\/\/loudavymkrokem.cz\/wp-content\/uploads\/2026\/08\/lk-36-1920x1288.jpg 1920w\" sizes=\"(max-width: 2528px) 100vw, 2528px\" \/><button\n\t\t\tclass=\"lightbox-trigger\"\n\t\t\ttype=\"button\"\n\t\t\taria-haspopup=\"dialog\"\n\t\t\tdata-wp-bind--aria-label=\"state.thisImage.triggerButtonAriaLabel\"\n\t\t\tdata-wp-init=\"callbacks.initTriggerButton\"\n\t\t\tdata-wp-on--click=\"actions.showLightbox\"\n\t\t\tdata-wp-style--right=\"state.thisImage.buttonRight\"\n\t\t\tdata-wp-style--top=\"state.thisImage.buttonTop\"\n\t\t>\n\t\t\t<svg xmlns=\"http:\/\/www.w3.org\/2000\/svg\" width=\"12\" height=\"12\" fill=\"none\" viewBox=\"0 0 12 12\">\n\t\t\t\t<path fill=\"#fff\" d=\"M2 0a2 2 0 0 0-2 2v2h1.5V2a.5.5 0 0 1 .5-.5h2V0H2Zm2 10.5H2a.5.5 0 0 1-.5-.5V8H0v2a2 2 0 0 0 2 2h2v-1.5ZM8 12v-1.5h2a.5.5 0 0 0 .5-.5V8H12v2a2 2 0 0 1-2 2H8Zm2-12a2 2 0 0 1 2 2v2h-1.5V2a.5.5 0 0 0-.5-.5H8V0h2Z\" \/>\n\t\t\t<\/svg>\n\t\t<\/button><figcaption class=\"wp-element-caption\">Efter foto: Huhulenik \/ Wikimedia Commons, CC BY 3.0 \u00b7 f\u00e4rgjusterat<\/figcaption><\/figure>\n\n\n\n<h3 class=\"wp-block-heading\"><span class=\"ez-toc-section\" id=\"30_Sumava\"><\/span>30. \u0160umava<span class=\"ez-toc-section-end\"><\/span><\/h3>\n\n\n\n<p class=\"wp-block-paragraph\">Till \u0160umavas n\u00e4rmaste kant k\u00f6r du <strong>runt 40 till 60 kilometer, till exempel till Prachatice \u00e4r du framme p\u00e5 44 minuter<\/strong>. <a href=\"https:\/\/npsumava.cz\" rel=\"nofollow noopener\" target=\"_blank\">Nationalparken \u0160umava<\/a> erbjuder o\u00e4ndliga m\u00f6jligheter f\u00f6r vandring, oavsett om du styr mot den mystiska borgen Ka\u0161perk, in i den vilda urskogen Boub\u00edn eller \u00e4nda fram till vattenreservoaren Lipno.<\/p>\n\n\n\n<p class=\"wp-block-paragraph\">Borgen Ka\u0161perk <strong>h\u00f6r till de h\u00f6gst bel\u00e4gna kungliga borgarna i B\u00f6hmen och betyget fr\u00e5n \u00f6ver niotusen personer talar sitt tydliga spr\u00e5k<\/strong>. Och ger du dig av \u00e4nnu en bit l\u00e4ngre till Lipno, g\u00f6r direkt en helg av det \u2013 attraktioner finns det gott om f\u00f6r tv\u00e5 dagar.<\/p>\n\n\n\n<p class=\"wp-block-paragraph\">F\u00f6r familjer som planerar att ge sig av till bergen \u00e4ven med de allra minsta <strong>har vi f\u00f6rberett en mycket praktisk artikel<\/strong> <a href=\"https:\/\/loudavymkrokem.cz\/sv\/sumava-med-barnvagn-utflykter\/\">\u0160umava med barnvagn<\/a>, d\u00e4r du hittar exakta rutter som du utan st\u00f6rre problem k\u00f6r \u00f6ver \u00e4ven p\u00e5 sm\u00e5 hjul.<\/p>\n\n\n\n<figure data-wp-context=\"{&quot;imageId&quot;:&quot;6a97b18e10f04&quot;}\" data-wp-interactive=\"core\/image\" data-wp-key=\"6a97b18e10f04\" class=\"wp-block-image size-full wp-lightbox-container\"><img decoding=\"async\" width=\"2528\" height=\"1696\" data-wp-class--hide=\"state.isContentHidden\" data-wp-class--show=\"state.isContentVisible\" data-wp-init=\"callbacks.setButtonStyles\" data-wp-on--click=\"actions.showLightbox\" data-wp-on--load=\"callbacks.setButtonStyles\" data-wp-on--pointerdown=\"actions.preloadImage\" data-wp-on--pointerenter=\"actions.preloadImageWithDelay\" data-wp-on--pointerleave=\"actions.cancelPreload\" data-wp-on-window--resize=\"callbacks.setButtonStyles\" src=\"https:\/\/loudavymkrokem.cz\/wp-content\/uploads\/2026\/08\/lk-37.jpg\" alt=\"P\u00edseck\u00e9 hory p\u00e5 vintern\" class=\"wp-image-404121\" title=\"\" srcset=\"https:\/\/loudavymkrokem.cz\/wp-content\/uploads\/2026\/08\/lk-37.jpg 2528w, https:\/\/loudavymkrokem.cz\/wp-content\/uploads\/2026\/08\/lk-37-300x201.jpg 300w, https:\/\/loudavymkrokem.cz\/wp-content\/uploads\/2026\/08\/lk-37-700x470.jpg 700w, https:\/\/loudavymkrokem.cz\/wp-content\/uploads\/2026\/08\/lk-37-768x515.jpg 768w, https:\/\/loudavymkrokem.cz\/wp-content\/uploads\/2026\/08\/lk-37-1536x1030.jpg 1536w, https:\/\/loudavymkrokem.cz\/wp-content\/uploads\/2026\/08\/lk-37-2048x1374.jpg 2048w, https:\/\/loudavymkrokem.cz\/wp-content\/uploads\/2026\/08\/lk-37-696x467.jpg 696w, https:\/\/loudavymkrokem.cz\/wp-content\/uploads\/2026\/08\/lk-37-1392x934.jpg 1392w, https:\/\/loudavymkrokem.cz\/wp-content\/uploads\/2026\/08\/lk-37-1920x1288.jpg 1920w\" sizes=\"(max-width: 2528px) 100vw, 2528px\" \/><button\n\t\t\tclass=\"lightbox-trigger\"\n\t\t\ttype=\"button\"\n\t\t\taria-haspopup=\"dialog\"\n\t\t\tdata-wp-bind--aria-label=\"state.thisImage.triggerButtonAriaLabel\"\n\t\t\tdata-wp-init=\"callbacks.initTriggerButton\"\n\t\t\tdata-wp-on--click=\"actions.showLightbox\"\n\t\t\tdata-wp-style--right=\"state.thisImage.buttonRight\"\n\t\t\tdata-wp-style--top=\"state.thisImage.buttonTop\"\n\t\t>\n\t\t\t<svg xmlns=\"http:\/\/www.w3.org\/2000\/svg\" width=\"12\" height=\"12\" fill=\"none\" viewBox=\"0 0 12 12\">\n\t\t\t\t<path fill=\"#fff\" d=\"M2 0a2 2 0 0 0-2 2v2h1.5V2a.5.5 0 0 1 .5-.5h2V0H2Zm2 10.5H2a.5.5 0 0 1-.5-.5V8H0v2a2 2 0 0 0 2 2h2v-1.5ZM8 12v-1.5h2a.5.5 0 0 0 .5-.5V8H12v2a2 2 0 0 1-2 2H8Zm2-12a2 2 0 0 1 2 2v2h-1.5V2a.5.5 0 0 0-.5-.5H8V0h2Z\" \/>\n\t\t\t<\/svg>\n\t\t<\/button><figcaption class=\"wp-element-caption\">Efter foto: \u0160J\u016f (cs:\u0160J\u016f) \/ Wikimedia Commons, CC BY-SA 3.0 \u00b7 f\u00e4rgjusterat<\/figcaption><\/figure>\n\n\n\n<h2 class=\"wp-block-heading\"><span class=\"ez-toc-section\" id=\"Vad_som_ar_oppet_runt_Pisek_aven_off-season\"><\/span>Vad som \u00e4r \u00f6ppet runt P\u00edsek \u00e4ven off-season<span class=\"ez-toc-section-end\"><\/span><\/h2>\n\n\n\n<p class=\"wp-block-paragraph\">Medan de flesta borgar och slott under statlig f\u00f6rvaltning sover i djup vinters\u00f6mn fr\u00e5n november till mars, hittar du runt P\u00edsek massor av platser dit du fint kan ge dig av \u00e4ven under de kallare m\u00e5naderna.<\/p>\n\n\n\n<ul class=\"wp-block-list\">\n<li><strong>P\u00edseck\u00e9 hory och utsiktstornen:<\/strong> Naturen st\u00e4nger aldrig. Promenader p\u00e5 h\u00e5rdgjorda stigar och uppstigningen p\u00e5 det fritt tillg\u00e4ngliga utsiktstornet Jarn\u00edk \u00e4r h\u00e4rliga \u00e4ven i frost.<\/li>\n\n\n\n<li><strong>Krokodil-zoot i Protiv\u00edn:<\/strong> De inomhusuppv\u00e4rmda paviljongerna fulla av kr\u00e4ldjur fungerar \u00e5ret runt och \u00e4r ett idealiskt g\u00f6mst\u00e4lle undan sn\u00f6slasket.<\/li>\n\n\n\n<li><strong>Stadsmuseer och gallerier:<\/strong> Utst\u00e4llningarna i P\u00edsek, T\u00e1bor eller Vod\u0148any brukar vara \u00f6ppna oberoende av turistsommars\u00e4songen.<\/li>\n\n\n\n<li><strong>De stora sydb\u00f6hmiska st\u00e4derna:<\/strong> Ett bes\u00f6k i \u010cesk\u00e9 Bud\u011bjovice, \u010cesk\u00fd Krumlov eller T\u00e1bor \u00e4r utanf\u00f6r sommaren kanske \u00e4nnu mer magiskt, eftersom du undviker de st\u00f6rsta folkmassorna p\u00e5 torgen.<\/li>\n\n\n\n<li><strong>Vintervisningar av Hlubok\u00e1:<\/strong> Slottet Hlubok\u00e1 nad Vltavou erbjuder som ett av f\u00e5 en speciell tempererad vinterrutt, s\u00e5 du missar inte adelsinteri\u00f6rerna ens i januari.<\/li>\n<\/ul>\n\n\n\n<figure data-wp-context=\"{&quot;imageId&quot;:&quot;6a97b18e11406&quot;}\" data-wp-interactive=\"core\/image\" data-wp-key=\"6a97b18e11406\" class=\"wp-block-image size-full wp-lightbox-container\"><img decoding=\"async\" width=\"2200\" height=\"1467\" data-wp-class--hide=\"state.isContentHidden\" data-wp-class--show=\"state.isContentVisible\" data-wp-init=\"callbacks.setButtonStyles\" data-wp-on--click=\"actions.showLightbox\" data-wp-on--load=\"callbacks.setButtonStyles\" data-wp-on--pointerdown=\"actions.preloadImage\" data-wp-on--pointerenter=\"actions.preloadImageWithDelay\" data-wp-on--pointerleave=\"actions.cancelPreload\" data-wp-on-window--resize=\"callbacks.setButtonStyles\" src=\"https:\/\/loudavymkrokem.cz\/wp-content\/uploads\/2026\/08\/otava-breh-pod-kamennym-mostem.jpg\" alt=\"Sittplats p\u00e5 Otavas strand under stenbron i P\u00edsek\" class=\"wp-image-404458\" title=\"\" srcset=\"https:\/\/loudavymkrokem.cz\/wp-content\/uploads\/2026\/08\/otava-breh-pod-kamennym-mostem.jpg 2200w, https:\/\/loudavymkrokem.cz\/wp-content\/uploads\/2026\/08\/otava-breh-pod-kamennym-mostem-300x200.jpg 300w, https:\/\/loudavymkrokem.cz\/wp-content\/uploads\/2026\/08\/otava-breh-pod-kamennym-mostem-700x467.jpg 700w, https:\/\/loudavymkrokem.cz\/wp-content\/uploads\/2026\/08\/otava-breh-pod-kamennym-mostem-768x512.jpg 768w, https:\/\/loudavymkrokem.cz\/wp-content\/uploads\/2026\/08\/otava-breh-pod-kamennym-mostem-1536x1024.jpg 1536w, https:\/\/loudavymkrokem.cz\/wp-content\/uploads\/2026\/08\/otava-breh-pod-kamennym-mostem-2048x1366.jpg 2048w, https:\/\/loudavymkrokem.cz\/wp-content\/uploads\/2026\/08\/otava-breh-pod-kamennym-mostem-696x464.jpg 696w, https:\/\/loudavymkrokem.cz\/wp-content\/uploads\/2026\/08\/otava-breh-pod-kamennym-mostem-1392x928.jpg 1392w, https:\/\/loudavymkrokem.cz\/wp-content\/uploads\/2026\/08\/otava-breh-pod-kamennym-mostem-1920x1280.jpg 1920w\" sizes=\"(max-width: 2200px) 100vw, 2200px\" \/><button\n\t\t\tclass=\"lightbox-trigger\"\n\t\t\ttype=\"button\"\n\t\t\taria-haspopup=\"dialog\"\n\t\t\tdata-wp-bind--aria-label=\"state.thisImage.triggerButtonAriaLabel\"\n\t\t\tdata-wp-init=\"callbacks.initTriggerButton\"\n\t\t\tdata-wp-on--click=\"actions.showLightbox\"\n\t\t\tdata-wp-style--right=\"state.thisImage.buttonRight\"\n\t\t\tdata-wp-style--top=\"state.thisImage.buttonTop\"\n\t\t>\n\t\t\t<svg xmlns=\"http:\/\/www.w3.org\/2000\/svg\" width=\"12\" height=\"12\" fill=\"none\" viewBox=\"0 0 12 12\">\n\t\t\t\t<path fill=\"#fff\" d=\"M2 0a2 2 0 0 0-2 2v2h1.5V2a.5.5 0 0 1 .5-.5h2V0H2Zm2 10.5H2a.5.5 0 0 1-.5-.5V8H0v2a2 2 0 0 0 2 2h2v-1.5ZM8 12v-1.5h2a.5.5 0 0 0 .5-.5V8H12v2a2 2 0 0 1-2 2H8Zm2-12a2 2 0 0 1 2 2v2h-1.5V2a.5.5 0 0 0-.5-.5H8V0h2Z\" \/>\n\t\t\t<\/svg>\n\t\t<\/button><\/figure>\n\n\n\n<h2 class=\"wp-block-heading\"><span class=\"ez-toc-section\" id=\"Vart_du_kan_ge_dig_av_fran_Pisek_utan_bil\"><\/span>Vart du kan ge dig av fr\u00e5n P\u00edsek utan bil<span class=\"ez-toc-section-end\"><\/span><\/h2>\n\n\n\n<p class=\"wp-block-paragraph\">\u00c4ven om bilen \u00e4r en obestridlig f\u00f6rdel f\u00f6r att uppt\u00e4cka de mindre byarna, g\u00e5r det att g\u00f6ra massor av h\u00e4rliga utflykter fr\u00e5n P\u00edsek \u00e4ven utan den. R\u00e4kna bara <strong>med att du inte kommer till de popul\u00e4ra borgarna Zv\u00edkov och Orl\u00edk med t\u00e5g<\/strong>, eftersom sp\u00e5ren inte g\u00e5r dit och du m\u00e5ste f\u00f6rlita dig p\u00e5 bussar som inte g\u00e5r allra oftast p\u00e5 helgerna.<\/p>\n\n\n\n<p class=\"wp-block-paragraph\">T\u00e5gf\u00f6rbindelsen fr\u00e5n P\u00edsek \u00e4r d\u00e4remot <strong>helt fantastisk f\u00f6r utflykter till de st\u00f6rre st\u00e4derna som Strakonice, Vod\u0148any, T\u00e1bor eller \u010cesk\u00e9 Bud\u011bjovice<\/strong>, dit du tar dig mycket bekv\u00e4mt och snabbt. Den lokala stationen har renoverats och f\u00f6rbindelserna ansluter ganska tillf\u00f6rlitligt, s\u00e5 heldags-stadsturism med hj\u00e4lp av t\u00e5get \u00e4r mycket logisk.<\/p>\n\n\n\n<p class=\"wp-block-paragraph\">F\u00f6r cykel\u00e4lskare <strong>finns en vacker och l\u00e4ttg\u00e5ngen cykelv\u00e4g som g\u00e5r direkt fr\u00e5n staden l\u00e4ngs floden Otava<\/strong>, l\u00e4ngs vilken du n\u00e5r m\u00e5nga intressanta m\u00e5l helt utan motor. Vill du underl\u00e4tta utflykten erbjuder dessutom m\u00e5nga regionala bussar under sommars\u00e4songen transport av cyklar p\u00e5 speciella sl\u00e4p.<\/p>\n\n\n\n<h2 class=\"wp-block-heading\"><span class=\"ez-toc-section\" id=\"Vart_du_kan_ga_vidare\"><\/span>Vart du kan g\u00e5 vidare<span class=\"ez-toc-section-end\"><\/span><\/h2>\n\n\n\n<p class=\"wp-block-paragraph\">Om du \u00e4r intresserad av fler tips p\u00e5 resor i v\u00e5rt hemland eller vill utforska P\u00edsek p\u00e5 riktigt djup, titta p\u00e5 de h\u00e4r bepr\u00f6vade guiderna:<\/p>\n\n\n\n<ul class=\"wp-block-list\">\n<li><a href=\"https:\/\/loudavymkrokem.cz\/sv\/?p=409784\">Vad du kan se i P\u00edsek: 39 tips fr\u00e5n en inf\u00f6dd<\/a><\/li>\n\n\n\n<li><a href=\"https:\/\/loudavymkrokem.cz\/sv\/semester-sodra-bohmen\/\">Vart du kan \u00e5ka p\u00e5 semester i s\u00f6dra B\u00f6hmen<\/a><\/li>\n\n\n\n<li><a href=\"https:\/\/loudavymkrokem.cz\/sv\/sodra-bohmen-vackraste-stader\/\">8 utflykter i s\u00f6dra B\u00f6hmen<\/a><\/li>\n\n\n\n<li><a href=\"https:\/\/loudavymkrokem.cz\/sv\/semester-tjeckien-tips\/\">Vart du kan \u00e5ka p\u00e5 semester i Tjeckien<\/a><\/li>\n<\/ul>\n\n\n\n<h2 class=\"wp-block-heading\"><span class=\"ez-toc-section\" id=\"Vanliga_fragor\"><\/span>Vanliga fr\u00e5gor<span class=\"ez-toc-section-end\"><\/span><\/h2>\n\n\n<div id=\"rank-math-faq\" class=\"rank-math-block\">\n<div class=\"rank-math-list \">\n<div id=\"faq-question-1787814183000\" class=\"rank-math-list-item\">\n<h3 class=\"rank-math-question \"><span class=\"ez-toc-section\" id=\"Vart_kan_man_aka_pa_en_dagsutflykt_fran_Pisek\"><\/span>Vart kan man \u00e5ka p\u00e5 en dagsutflykt fr\u00e5n P\u00edsek?<span class=\"ez-toc-section-end\"><\/span><\/h3>\n<div class=\"rank-math-answer \">\n\n<p>Det b\u00e4sta valet f\u00f6r en dagsutflykt \u00e4r att kombinera ett bes\u00f6k p\u00e5 borgen Zv\u00edkov med en b\u00e5ttur till det n\u00e4rbel\u00e4gna slottet Orl\u00edk. Om du letar efter mer stadssightseeing rekommenderar jag verkligen ett bes\u00f6k i historiska T\u00e1bor med sina fantastiska underjordiska g\u00e5ngar, eller det romantiska slottet Hlubok\u00e1 nad Vltavou med tillh\u00f6rande djurpark.<\/p>\n\n<\/div>\n<\/div>\n<div id=\"faq-question-1787814183001\" class=\"rank-math-list-item\">\n<h3 class=\"rank-math-question \"><span class=\"ez-toc-section\" id=\"Vart_kan_man_aka_pa_helgen_i_Pisek-regionen\"><\/span>Vart kan man \u00e5ka p\u00e5 helgen i P\u00edsek-regionen?<span class=\"ez-toc-section-end\"><\/span><\/h3>\n<div class=\"rank-math-answer \">\n\n<p>P\u00e5 helger \u00e4r kortare utflykter till de n\u00e4rliggande P\u00edseck\u00fdbergen mycket popul\u00e4ra, i kombination med en uppstigning till utsiktstornet Jarn\u00edk och ett bes\u00f6k vid hjorth\u00e4gnet U Vod\u00e1ka. Ett vackert stopp \u00e4r ocks\u00e5 Putim med sitt djurh\u00f6rn, eller den monumentala Podolsk\u00fd-bron, varifr\u00e5n det finns en fascinerande utsikt \u00f6ver Orl\u00edk-dammen.<\/p>\n\n<\/div>\n<\/div>\n<div id=\"faq-question-1787814183002\" class=\"rank-math-list-item\">\n<h3 class=\"rank-math-question \"><span class=\"ez-toc-section\" id=\"Vad_kan_man_gora_med_barn_i_narheten_av_Pisek\"><\/span>Vad kan man g\u00f6ra med barn i n\u00e4rheten av P\u00edsek?<span class=\"ez-toc-section-end\"><\/span><\/h3>\n<div class=\"rank-math-answer \">\n\n<p>Familjer med barn \u00e4lskar verkligen Sagosmedjan i Selibov, d\u00e4r man kan se j\u00e4ttar och vattenv\u00e4sen, eller det nybyggda Farmapark Maletice med j\u00e4ttestora trampoliner. Ett utm\u00e4rkt val \u00e4r ocks\u00e5 Krokodil-ZOO i Protiv\u00edn, som \u00e4r \u00f6ppet \u00e5ret runt och som barnen brukar vara helt h\u00e4nf\u00f6rda av.<\/p>\n\n<\/div>\n<\/div>\n<div id=\"faq-question-1787814183003\" class=\"rank-math-list-item\">\n<h3 class=\"rank-math-question \"><span class=\"ez-toc-section\" id=\"Hur_langt_ar_det_till_Zvikov_fran_Pisek\"><\/span>Hur l\u00e5ngt \u00e4r det till Zv\u00edkov fr\u00e5n P\u00edsek?<span class=\"ez-toc-section-end\"><\/span><\/h3>\n<div class=\"rank-math-answer \">\n\n<p>Den majest\u00e4tiska borgen Zv\u00edkov ligger ungef\u00e4r 26 kilometer fr\u00e5n P\u00edsek och resan med bil tar cirka 32 minuter med lugn k\u00f6rning. Borgen tronar p\u00e5 en klippig udde vid sammanfl\u00f6det av Vltava och Otava och \u00e4r ett av de absolut popul\u00e4raste och vackraste turistm\u00e5len i hela s\u00f6dra B\u00f6hmen.<\/p>\n\n<\/div>\n<\/div>\n<div id=\"faq-question-1787814183004\" class=\"rank-math-list-item\">\n<h3 class=\"rank-math-question \"><span class=\"ez-toc-section\" id=\"Gar_det_bat_fran_Zvikov_till_Orlik\"><\/span>G\u00e5r det b\u00e5t fr\u00e5n Zv\u00edkov till Orl\u00edk?<span class=\"ez-toc-section-end\"><\/span><\/h3>\n<div class=\"rank-math-answer \">\n\n<p>Ja, det finns regulj\u00e4r b\u00e5ttrafik mellan borgen Zv\u00edkov och slottet Orl\u00edk, och b\u00e5tarna g\u00e5r i b\u00e5da riktningarna fr\u00e5n tisdag till s\u00f6ndag. Men observera att b\u00e5tarna brukar vara lediga p\u00e5 m\u00e5ndagar och jag rekommenderar att du i f\u00f6rv\u00e4g kontrollerar den exakta tidtabellen och aktuella priser p\u00e5 transport\u00f6rens officiella webbplats.<\/p>\n\n<\/div>\n<\/div>\n<div id=\"faq-question-1787814183005\" class=\"rank-math-list-item\">\n<h3 class=\"rank-math-question \"><span class=\"ez-toc-section\" id=\"Vilken_ar_den_basta_utflykten_inom_15_minuter_fran_staden\"><\/span>Vilken \u00e4r den b\u00e4sta utflykten inom 15 minuter fr\u00e5n staden?<span class=\"ez-toc-section-end\"><\/span><\/h3>\n<div class=\"rank-math-answer \">\n\n<p>P\u00e5 bara femton minuter n\u00e5r du den vackra byn Putim med sitt popul\u00e4ra djurh\u00f6rn eller Kest\u0159any, d\u00e4r du hittar en absolut unik plats med tv\u00e5 v\u00e4lbevarade medeltida f\u00e4sten som st\u00e5r t\u00e4tt intill varandra. Ett annat snabbt alternativ \u00e4r Protiv\u00edn med ett klockmuseum och en ber\u00f6md djurpark.<\/p>\n\n<\/div>\n<\/div>\n<div id=\"faq-question-1787814183006\" class=\"rank-math-list-item\">\n<h3 class=\"rank-math-question \"><span class=\"ez-toc-section\" id=\"Vart_i_narheten_av_Pisek_kan_man_aka_gratis\"><\/span>Vart i n\u00e4rheten av P\u00edsek kan man \u00e5ka gratis?<span class=\"ez-toc-section-end\"><\/span><\/h3>\n<div class=\"rank-math-answer \">\n\n<p>Helt gratis kan du bes\u00f6ka utsiktstornet Jarn\u00edk i P\u00edseck\u00fdbergen, det fritt tillg\u00e4ngliga djurh\u00f6rnet Na\u0161e zv\u00ed\u0159\u00e1tka i Putim eller minnesm\u00e4rket \u00f6ver hussitslaget vid dammarna i Sudom\u011b\u0159. Det \u00e4r ingen entr\u00e9avgift heller till det unika friluftsbenhuset med m\u00e5lade kapell, som ligger i Albrechtice nad Vltavou.<\/p>\n\n<\/div>\n<\/div>\n<div id=\"faq-question-1787814183007\" class=\"rank-math-list-item\">\n<h3 class=\"rank-math-question \"><span class=\"ez-toc-section\" id=\"Vad_ar_oppet_i_narheten_pa_vintern\"><\/span>Vad \u00e4r \u00f6ppet i n\u00e4rheten p\u00e5 vintern?<span class=\"ez-toc-section-end\"><\/span><\/h3>\n<div class=\"rank-math-answer \">\n\n<p>Medan de flesta statliga borgar och slott st\u00e4nger utanf\u00f6r sommars\u00e4songen kan du \u00e5ret runt bes\u00f6ka Krokodil-ZOO i Protiv\u00edn, stadsmuseerna i T\u00e1bor eller Strakonice och naturligtvis P\u00edseck\u00fdbergen. Ett undantag bland slotten \u00e4r Hlubok\u00e1 nad Vltavou, som erbjuder en speciell vintersightseeing-rundtur.<\/p>\n\n<\/div>\n<\/div>\n<\/div>\n<\/div>","protected":false},"excerpt":{"rendered":"<p>Uppt\u00e4ck 30 av de b\u00e4sta utflykterna runt P\u00edsek! Fr\u00e5n utsiktstornet Jarn\u00edk via den majest\u00e4tiska borgen Zv\u00edkov och de s\u00f6ta djuren i Maletice till ber\u00f6mda Hlubok\u00e1.<\/p>\n","protected":false},"author":3,"featured_media":404086,"comment_status":"open","ping_status":"open","sticky":false,"template":"","format":"standard","meta":{"_acf_changed":false,"footnotes":"","rank_math_title":"Utflykter runt P\u00edsek: 30 b\u00e4sta tips i s\u00f6dra B\u00f6hmen","rank_math_description":"Uppt\u00e4ck 30 av de b\u00e4sta utflykterna runt P\u00edsek \u2013 borgar, badplatser och utsiktstorn i s\u00f6dra B\u00f6hmen. Planera din resa och hitta perfekta m\u00e5l f\u00f6r hela familjen!","rank_math_focus_keyword":"utflykter runt P\u00edsek","rank_math_seo_score":""},"categories":[1178,1162,1211],"tags":[],"class_list":["post-409814","post","type-post","status-publish","format-standard","has-post-thumbnail","category-europa","category-resor","category-tjeckien"],"acf":[],"featured_image_src":"https:\/\/loudavymkrokem.cz\/wp-content\/uploads\/2026\/08\/lk-24.jpg","author_info":{"display_name":"Lucie Kone\u010dn\u00e1","author_link":"https:\/\/loudavymkrokem.cz\/sv\/author\/lucie-konecna\/"},"_links":{"self":[{"href":"https:\/\/loudavymkrokem.cz\/sv\/wp-json\/wp\/v2\/posts\/409814","targetHints":{"allow":["GET"]}}],"collection":[{"href":"https:\/\/loudavymkrokem.cz\/sv\/wp-json\/wp\/v2\/posts"}],"about":[{"href":"https:\/\/loudavymkrokem.cz\/sv\/wp-json\/wp\/v2\/types\/post"}],"author":[{"embeddable":true,"href":"https:\/\/loudavymkrokem.cz\/sv\/wp-json\/wp\/v2\/users\/3"}],"replies":[{"embeddable":true,"href":"https:\/\/loudavymkrokem.cz\/sv\/wp-json\/wp\/v2\/comments?post=409814"}],"version-history":[{"count":0,"href":"https:\/\/loudavymkrokem.cz\/sv\/wp-json\/wp\/v2\/posts\/409814\/revisions"}],"wp:featuredmedia":[{"embeddable":true,"href":"https:\/\/loudavymkrokem.cz\/sv\/wp-json\/wp\/v2\/media\/404086"}],"wp:attachment":[{"href":"https:\/\/loudavymkrokem.cz\/sv\/wp-json\/wp\/v2\/media?parent=409814"}],"wp:term":[{"taxonomy":"category","embeddable":true,"href":"https:\/\/loudavymkrokem.cz\/sv\/wp-json\/wp\/v2\/categories?post=409814"},{"taxonomy":"post_tag","embeddable":true,"href":"https:\/\/loudavymkrokem.cz\/sv\/wp-json\/wp\/v2\/tags?post=409814"}],"curies":[{"name":"wp","href":"https:\/\/api.w.org\/{rel}","templated":true}]}}