{"id":409812,"date":"2026-08-27T11:40:20","date_gmt":"2026-08-27T09:40:20","guid":{"rendered":"https:\/\/loudavymkrokem.cz\/?p=409812"},"modified":"2026-09-02T04:09:38","modified_gmt":"2026-09-02T02:09:38","slug":"olomouc-tjeckien-med-barn","status":"publish","type":"post","link":"https:\/\/loudavymkrokem.cz\/sv\/olomouc-tjeckien-med-barn\/","title":{"rendered":"Olomouc i Tjeckien med barn: 34 tips p\u00e5 vad du kan g\u00f6ra 2026"},"content":{"rendered":"\n<p class=\"wp-block-paragraph\"><strong>Olomouc i Tjeckien<\/strong> med barn l\u00e5ter vid f\u00f6rsta anblicken som en ganska riskabel plan. N\u00e4r man s\u00e4ger Tjeckiens n\u00e4st st\u00f6rsta bevarade stadsk\u00e4rna f\u00f6rest\u00e4ller sig m\u00e5nga f\u00f6r\u00e4ldrar direkt uttr\u00e5kade barn som motvilligt sl\u00e4par sig fram \u00f6ver kullerstenarna och var femte minut fr\u00e5gar n\u00e4r de \u00e4ntligen ska f\u00e5 g\u00e5 till lekplatsen. Men Olomouc bedrar. Det \u00e4r en otroligt kompakt stad d\u00e4r du har allt viktigt inom promenadavst\u00e5nd, den historiska k\u00e4rnan fungerar som en stor g\u00e5gata och framf\u00f6r allt erbjuder den s\u00e5 mycket interaktivt skoj att du inte vet var du ska b\u00f6rja. Om du funderar p\u00e5 <strong>vart du ska ta v\u00e4gen i Olomouc med barn<\/strong> b\u00f6r du vara beredd p\u00e5 att en helg troligtvis inte r\u00e4cker till.<\/p>\n\n\n\n<p class=\"wp-block-paragraph\">V\u00e5r familj blev totalt f\u00f6r\u00e4lskad i den h\u00e4r staden, f\u00f6r ur en f\u00f6r\u00e4lders perspektiv \u00e4r det helt enkelt en idealisk destination. Du beh\u00f6ver inte st\u00e4ndigt f\u00f6rflytta dig med \u00f6verfull kollektivtrafik, det g\u00e5r f\u00f6rv\u00e5nansv\u00e4rt bra att ta sig fram med barnvagn och den lokala kaf\u00e9kulturen \u00e4r ber\u00f6md. D\u00e4rf\u00f6r har jag samlat mina tips p\u00e5 <strong>Olomouc med barn<\/strong> s\u00e5 att de fungerar i alla v\u00e4der: vad du kan g\u00f6ra utomhus n\u00e4r solen skiner, vart du kan s\u00f6ka skydd n\u00e4r det b\u00f6rjar regna, och vart du kan \u00e5ka om du f\u00e5r en extra dag \u00f6ver i staden.<\/p>\n\n\n\n<p class=\"wp-block-paragraph\">Oavsett om du har en liten toddler hemma som mest beh\u00f6ver ett tryggt utrymme att springa runt i, eller ett \u00e4ldre skolbarn som hellre uppskattar adrenalin och vetenskapliga experiment, hittar ni n\u00e5got som passar. H\u00e4r finns de b\u00e4sta attraktionerna, popul\u00e4ra lekhallar, en djurpark p\u00e5 en kulle ovanf\u00f6r staden och tips p\u00e5 st\u00e4llen d\u00e4r ni kan \u00e4ta utan stress med hela familjen.<\/p>\n\n\n\n<figure data-wp-context=\"{&quot;imageId&quot;:&quot;6a979f268ac58&quot;}\" data-wp-interactive=\"core\/image\" data-wp-key=\"6a979f268ac58\" class=\"wp-block-image size-full wp-lightbox-container\"><img decoding=\"async\" width=\"1650\" height=\"2200\" data-wp-class--hide=\"state.isContentHidden\" data-wp-class--show=\"state.isContentVisible\" data-wp-init=\"callbacks.setButtonStyles\" data-wp-on--click=\"actions.showLightbox\" data-wp-on--load=\"callbacks.setButtonStyles\" data-wp-on--pointerdown=\"actions.preloadImage\" data-wp-on--pointerenter=\"actions.preloadImageWithDelay\" data-wp-on--pointerleave=\"actions.cancelPreload\" data-wp-on-window--resize=\"callbacks.setButtonStyles\" src=\"https:\/\/loudavymkrokem.cz\/wp-content\/uploads\/2026\/08\/olomouc-s-detmi-hernicka-drevene-hracky.jpg\" alt=\"Barnlekhall i centrala Olomouc med tr\u00e4leksaker och ett litet hus\" class=\"wp-image-401018\" title=\"\" srcset=\"https:\/\/loudavymkrokem.cz\/wp-content\/uploads\/2026\/08\/olomouc-s-detmi-hernicka-drevene-hracky.jpg 1650w, https:\/\/loudavymkrokem.cz\/wp-content\/uploads\/2026\/08\/olomouc-s-detmi-hernicka-drevene-hracky-225x300.jpg 225w, https:\/\/loudavymkrokem.cz\/wp-content\/uploads\/2026\/08\/olomouc-s-detmi-hernicka-drevene-hracky-700x933.jpg 700w, https:\/\/loudavymkrokem.cz\/wp-content\/uploads\/2026\/08\/olomouc-s-detmi-hernicka-drevene-hracky-768x1024.jpg 768w, https:\/\/loudavymkrokem.cz\/wp-content\/uploads\/2026\/08\/olomouc-s-detmi-hernicka-drevene-hracky-1152x1536.jpg 1152w, https:\/\/loudavymkrokem.cz\/wp-content\/uploads\/2026\/08\/olomouc-s-detmi-hernicka-drevene-hracky-1536x2048.jpg 1536w, https:\/\/loudavymkrokem.cz\/wp-content\/uploads\/2026\/08\/olomouc-s-detmi-hernicka-drevene-hracky-696x928.jpg 696w, https:\/\/loudavymkrokem.cz\/wp-content\/uploads\/2026\/08\/olomouc-s-detmi-hernicka-drevene-hracky-1392x1856.jpg 1392w\" sizes=\"(max-width: 1650px) 100vw, 1650px\" \/><button\n\t\t\tclass=\"lightbox-trigger\"\n\t\t\ttype=\"button\"\n\t\t\taria-haspopup=\"dialog\"\n\t\t\tdata-wp-bind--aria-label=\"state.thisImage.triggerButtonAriaLabel\"\n\t\t\tdata-wp-init=\"callbacks.initTriggerButton\"\n\t\t\tdata-wp-on--click=\"actions.showLightbox\"\n\t\t\tdata-wp-style--right=\"state.thisImage.buttonRight\"\n\t\t\tdata-wp-style--top=\"state.thisImage.buttonTop\"\n\t\t>\n\t\t\t<svg xmlns=\"http:\/\/www.w3.org\/2000\/svg\" width=\"12\" height=\"12\" fill=\"none\" viewBox=\"0 0 12 12\">\n\t\t\t\t<path fill=\"#fff\" d=\"M2 0a2 2 0 0 0-2 2v2h1.5V2a.5.5 0 0 1 .5-.5h2V0H2Zm2 10.5H2a.5.5 0 0 1-.5-.5V8H0v2a2 2 0 0 0 2 2h2v-1.5ZM8 12v-1.5h2a.5.5 0 0 0 .5-.5V8H12v2a2 2 0 0 1-2 2H8Zm2-12a2 2 0 0 1 2 2v2h-1.5V2a.5.5 0 0 0-.5-.5H8V0h2Z\" \/>\n\t\t\t<\/svg>\n\t\t<\/button><figcaption class=\"wp-element-caption\">Olomoucs lekhallar i centrum r\u00e4ddar varje regnig dag<\/figcaption><\/figure>\n\n\n\n<div id=\"ez-toc-container\" class=\"ez-toc-v2_0_87 ez-toc-wrap-left counter-hierarchy ez-toc-counter ez-toc-grey ez-toc-container-direction\">\n<div class=\"ez-toc-title-container\">\n<p class=\"ez-toc-title\" style=\"cursor:inherit\">Artikelns inneh\u00e5ll<\/p>\n<span class=\"ez-toc-title-toggle\"><a href=\"#\" class=\"ez-toc-pull-right ez-toc-btn ez-toc-btn-xs ez-toc-btn-default ez-toc-toggle\" aria-label=\"Toggle Table of Content\"><span class=\"ez-toc-js-icon-con\"><span class=\"\"><span class=\"eztoc-hide\" style=\"display:none;\">Toggle<\/span><span class=\"ez-toc-icon-toggle-span\"><svg style=\"fill: #999;color:#999\" xmlns=\"http:\/\/www.w3.org\/2000\/svg\" class=\"list-377408\" width=\"20px\" height=\"20px\" viewBox=\"0 0 24 24\" fill=\"none\"><path d=\"M6 6H4v2h2V6zm14 0H8v2h12V6zM4 11h2v2H4v-2zm16 0H8v2h12v-2zM4 16h2v2H4v-2zm16 0H8v2h12v-2z\" fill=\"currentColor\"><\/path><\/svg><svg style=\"fill: #999;color:#999\" class=\"arrow-unsorted-368013\" xmlns=\"http:\/\/www.w3.org\/2000\/svg\" width=\"10px\" height=\"10px\" viewBox=\"0 0 24 24\" version=\"1.2\" baseProfile=\"tiny\"><path d=\"M18.2 9.3l-6.2-6.3-6.2 6.3c-.2.2-.3.4-.3.7s.1.5.3.7c.2.2.4.3.7.3h11c.3 0 .5-.1.7-.3.2-.2.3-.5.3-.7s-.1-.5-.3-.7zM5.8 14.7l6.2 6.3 6.2-6.3c.2-.2.3-.5.3-.7s-.1-.5-.3-.7c-.2-.2-.4-.3-.7-.3h-11c-.3 0-.5.1-.7.3-.2.2-.3.5-.3.7s.1.5.3.7z\"\/><\/svg><\/span><\/span><\/span><\/a><\/span><\/div>\n<nav><ul class='ez-toc-list ez-toc-list-level-1 ' ><ul class='ez-toc-list-level-3' ><li class='ez-toc-heading-level-3'><a class=\"ez-toc-link ez-toc-heading-1\" href=\"https:\/\/loudavymkrokem.cz\/sv\/olomouc-tjeckien-med-barn\/#Sammanfattning_Olomouc_med_barn_i_korthet\" >Sammanfattning: Olomouc med barn i korthet<\/a><\/li><\/ul><\/li><li class='ez-toc-page-1 ez-toc-heading-level-2'><a class=\"ez-toc-link ez-toc-heading-2\" href=\"https:\/\/loudavymkrokem.cz\/sv\/olomouc-tjeckien-med-barn\/#Nar_du_ska_aka_till_Olomouc_med_barn\" >N\u00e4r du ska \u00e5ka till Olomouc med barn<\/a><\/li><li class='ez-toc-page-1 ez-toc-heading-level-2'><a class=\"ez-toc-link ez-toc-heading-3\" href=\"https:\/\/loudavymkrokem.cz\/sv\/olomouc-tjeckien-med-barn\/#Var_du_kan_bo_i_Olomouc_med_barn\" >Var du kan bo i Olomouc med barn<\/a><\/li><li class='ez-toc-page-1 ez-toc-heading-level-2'><a class=\"ez-toc-link ez-toc-heading-4\" href=\"https:\/\/loudavymkrokem.cz\/sv\/olomouc-tjeckien-med-barn\/#Vad_du_kan_gora_utomhus_i_Olomouc_med_barn\" >Vad du kan g\u00f6ra utomhus i Olomouc med barn<\/a><ul class='ez-toc-list-level-3' ><li class='ez-toc-heading-level-3'><a class=\"ez-toc-link ez-toc-heading-5\" href=\"https:\/\/loudavymkrokem.cz\/sv\/olomouc-tjeckien-med-barn\/#1_Olomoucs_astronomiska_ur\" >1. Olomoucs astronomiska ur<\/a><\/li><li class='ez-toc-page-1 ez-toc-heading-level-3'><a class=\"ez-toc-link ez-toc-heading-6\" href=\"https:\/\/loudavymkrokem.cz\/sv\/olomouc-tjeckien-med-barn\/#2_Heliga_treenighetens_pelare\" >2. Heliga treenighetens pelare<\/a><\/li><li class='ez-toc-page-1 ez-toc-heading-level-3'><a class=\"ez-toc-link ez-toc-heading-7\" href=\"https:\/\/loudavymkrokem.cz\/sv\/olomouc-tjeckien-med-barn\/#3_Skattjakt_bland_barockfontanerna\" >3. Skattjakt bland barockfont\u00e4nerna<\/a><\/li><li class='ez-toc-page-1 ez-toc-heading-level-3'><a class=\"ez-toc-link ez-toc-heading-8\" href=\"https:\/\/loudavymkrokem.cz\/sv\/olomouc-tjeckien-med-barn\/#4_Radhustornet\" >4. R\u00e5dhustornet<\/a><\/li><li class='ez-toc-page-1 ez-toc-heading-level-3'><a class=\"ez-toc-link ez-toc-heading-9\" href=\"https:\/\/loudavymkrokem.cz\/sv\/olomouc-tjeckien-med-barn\/#5_S_t_Mauritius_kyrka_och_tornbestigningen\" >5. S:t Mauritius kyrka och tornbestigningen<\/a><\/li><li class='ez-toc-page-1 ez-toc-heading-level-3'><a class=\"ez-toc-link ez-toc-heading-10\" href=\"https:\/\/loudavymkrokem.cz\/sv\/olomouc-tjeckien-med-barn\/#6_Smetanaparkerna\" >6. Smetanaparkerna<\/a><\/li><li class='ez-toc-page-1 ez-toc-heading-level-3'><a class=\"ez-toc-link ez-toc-heading-11\" href=\"https:\/\/loudavymkrokem.cz\/sv\/olomouc-tjeckien-med-barn\/#7_Bezrucparken_och_stadsmurarna\" >7. Bezru\u010dparken och stadsmurarna<\/a><\/li><li class='ez-toc-page-1 ez-toc-heading-level-3'><a class=\"ez-toc-link ez-toc-heading-12\" href=\"https:\/\/loudavymkrokem.cz\/sv\/olomouc-tjeckien-med-barn\/#8_Rosariet\" >8. Rosariet<\/a><\/li><li class='ez-toc-page-1 ez-toc-heading-level-3'><a class=\"ez-toc-link ez-toc-heading-13\" href=\"https:\/\/loudavymkrokem.cz\/sv\/olomouc-tjeckien-med-barn\/#9_Kronfastningen\" >9. Kronf\u00e4stningen<\/a><\/li><li class='ez-toc-page-1 ez-toc-heading-level-3'><a class=\"ez-toc-link ez-toc-heading-14\" href=\"https:\/\/loudavymkrokem.cz\/sv\/olomouc-tjeckien-med-barn\/#10_Muraler_och_gatukonst_i_portgangarna\" >10. Muraler och gatukonst i portg\u00e5ngarna<\/a><\/li><\/ul><\/li><li class='ez-toc-page-1 ez-toc-heading-level-2'><a class=\"ez-toc-link ez-toc-heading-15\" href=\"https:\/\/loudavymkrokem.cz\/sv\/olomouc-tjeckien-med-barn\/#Nar_det_regnar_lekhallar_museer_och_nojescentrum\" >N\u00e4r det regnar: lekhallar, museer och n\u00f6jescentrum<\/a><ul class='ez-toc-list-level-3' ><li class='ez-toc-heading-level-3'><a class=\"ez-toc-link ez-toc-heading-16\" href=\"https:\/\/loudavymkrokem.cz\/sv\/olomouc-tjeckien-med-barn\/#11_Kunskapsfastet_Pevnost_poznani\" >11. Kunskapsf\u00e4stet (Pevnost pozn\u00e1n\u00ed)<\/a><\/li><li class='ez-toc-page-1 ez-toc-heading-level-3'><a class=\"ez-toc-link ez-toc-heading-17\" href=\"https:\/\/loudavymkrokem.cz\/sv\/olomouc-tjeckien-med-barn\/#12_JaSam\" >12. J\u00e1S\u00e1m<\/a><\/li><li class='ez-toc-page-1 ez-toc-heading-level-3'><a class=\"ez-toc-link ez-toc-heading-18\" href=\"https:\/\/loudavymkrokem.cz\/sv\/olomouc-tjeckien-med-barn\/#13_V_lese\" >13. V lese<\/a><\/li><li class='ez-toc-page-1 ez-toc-heading-level-3'><a class=\"ez-toc-link ez-toc-heading-19\" href=\"https:\/\/loudavymkrokem.cz\/sv\/olomouc-tjeckien-med-barn\/#14_Clovickov\" >14. \u010clov\u00ed\u010dkov<\/a><\/li><li class='ez-toc-page-1 ez-toc-heading-level-3'><a class=\"ez-toc-link ez-toc-heading-20\" href=\"https:\/\/loudavymkrokem.cz\/sv\/olomouc-tjeckien-med-barn\/#15_Snoezelen_Olomouc\" >15. Snoezelen Olomouc<\/a><\/li><li class='ez-toc-page-1 ez-toc-heading-level-3'><a class=\"ez-toc-link ez-toc-heading-21\" href=\"https:\/\/loudavymkrokem.cz\/sv\/olomouc-tjeckien-med-barn\/#16_Familjenojesparken_Krokodylek\" >16. Familjen\u00f6jesparken Krokod\u00fdlek<\/a><\/li><li class='ez-toc-page-1 ez-toc-heading-level-3'><a class=\"ez-toc-link ez-toc-heading-22\" href=\"https:\/\/loudavymkrokem.cz\/sv\/olomouc-tjeckien-med-barn\/#17_Amazonie_Olomouc\" >17. Amazonie Olomouc<\/a><\/li><li class='ez-toc-page-1 ez-toc-heading-level-3'><a class=\"ez-toc-link ez-toc-heading-23\" href=\"https:\/\/loudavymkrokem.cz\/sv\/olomouc-tjeckien-med-barn\/#18_Rep-_och_aventyrsparken_PROUD\" >18. Rep- och \u00e4ventyrsparken PROUD<\/a><\/li><li class='ez-toc-page-1 ez-toc-heading-level-3'><a class=\"ez-toc-link ez-toc-heading-24\" href=\"https:\/\/loudavymkrokem.cz\/sv\/olomouc-tjeckien-med-barn\/#19_Regionalmuseet_i_Olomouc\" >19. Regionalmuseet i Olomouc<\/a><\/li><li class='ez-toc-page-1 ez-toc-heading-level-3'><a class=\"ez-toc-link ez-toc-heading-25\" href=\"https:\/\/loudavymkrokem.cz\/sv\/olomouc-tjeckien-med-barn\/#20_Spokhuset\" >20. Sp\u00f6khuset<\/a><\/li><\/ul><\/li><li class='ez-toc-page-1 ez-toc-heading-level-2'><a class=\"ez-toc-link ez-toc-heading-26\" href=\"https:\/\/loudavymkrokem.cz\/sv\/olomouc-tjeckien-med-barn\/#Vatten_sport_och_bus\" >Vatten, sport och bus<\/a><ul class='ez-toc-list-level-3' ><li class='ez-toc-heading-level-3'><a class=\"ez-toc-link ez-toc-heading-27\" href=\"https:\/\/loudavymkrokem.cz\/sv\/olomouc-tjeckien-med-barn\/#21_Badhuset_i_Olomouc\" >21. Badhuset i Olomouc<\/a><\/li><li class='ez-toc-page-1 ez-toc-heading-level-3'><a class=\"ez-toc-link ez-toc-heading-28\" href=\"https:\/\/loudavymkrokem.cz\/sv\/olomouc-tjeckien-med-barn\/#22_Centrum_Semafor\" >22. Centrum Semafor<\/a><\/li><li class='ez-toc-page-1 ez-toc-heading-level-3'><a class=\"ez-toc-link ez-toc-heading-29\" href=\"https:\/\/loudavymkrokem.cz\/sv\/olomouc-tjeckien-med-barn\/#23_Reppark_Veverak\" >23. Reppark Vever\u00e1k<\/a><\/li><li class='ez-toc-page-1 ez-toc-heading-level-3'><a class=\"ez-toc-link ez-toc-heading-30\" href=\"https:\/\/loudavymkrokem.cz\/sv\/olomouc-tjeckien-med-barn\/#24_Lekplatser_i_parkerna\" >24. Lekplatser i parkerna<\/a><\/li><\/ul><\/li><li class='ez-toc-page-1 ez-toc-heading-level-2'><a class=\"ez-toc-link ez-toc-heading-31\" href=\"https:\/\/loudavymkrokem.cz\/sv\/olomouc-tjeckien-med-barn\/#Svaty_Kopecek_djurpark_och_en_hel_dag_ovanfor_staden\" >Svat\u00fd Kope\u010dek: djurpark och en hel dag ovanf\u00f6r staden<\/a><ul class='ez-toc-list-level-3' ><li class='ez-toc-heading-level-3'><a class=\"ez-toc-link ez-toc-heading-32\" href=\"https:\/\/loudavymkrokem.cz\/sv\/olomouc-tjeckien-med-barn\/#25_Djurparken_i_Olomouc_pa_Svaty_Kopecek\" >25. Djurparken i Olomouc p\u00e5 Svat\u00fd Kope\u010dek<\/a><\/li><li class='ez-toc-page-1 ez-toc-heading-level-3'><a class=\"ez-toc-link ez-toc-heading-33\" href=\"https:\/\/loudavymkrokem.cz\/sv\/olomouc-tjeckien-med-barn\/#26_Utsiktstornet_i_djurparken\" >26. Utsiktstornet i djurparken<\/a><\/li><li class='ez-toc-page-1 ez-toc-heading-level-3'><a class=\"ez-toc-link ez-toc-heading-34\" href=\"https:\/\/loudavymkrokem.cz\/sv\/olomouc-tjeckien-med-barn\/#27_Jungfru_Marie_besokelsebasilika\" >27. Jungfru Marie bes\u00f6kelsebasilika<\/a><\/li><\/ul><\/li><li class='ez-toc-page-1 ez-toc-heading-level-2'><a class=\"ez-toc-link ez-toc-heading-35\" href=\"https:\/\/loudavymkrokem.cz\/sv\/olomouc-tjeckien-med-barn\/#Utflykter_fran_Olomouc_med_barn\" >Utflykter fr\u00e5n Olomouc med barn<\/a><ul class='ez-toc-list-level-3' ><li class='ez-toc-heading-level-3'><a class=\"ez-toc-link ez-toc-heading-36\" href=\"https:\/\/loudavymkrokem.cz\/sv\/olomouc-tjeckien-med-barn\/#28_DinoPark_och_ZOO_Park_Vyskov\" >28. DinoPark och ZOO Park Vy\u0161kov<\/a><\/li><li class='ez-toc-page-1 ez-toc-heading-level-3'><a class=\"ez-toc-link ez-toc-heading-37\" href=\"https:\/\/loudavymkrokem.cz\/sv\/olomouc-tjeckien-med-barn\/#29_Borgen_Bouzov\" >29. Borgen Bouzov<\/a><\/li><li class='ez-toc-page-1 ez-toc-heading-level-3'><a class=\"ez-toc-link ez-toc-heading-38\" href=\"https:\/\/loudavymkrokem.cz\/sv\/olomouc-tjeckien-med-barn\/#30_Mladecgrottorna\" >30. Mlade\u010dgrottorna<\/a><\/li><li class='ez-toc-page-1 ez-toc-heading-level-3'><a class=\"ez-toc-link ez-toc-heading-39\" href=\"https:\/\/loudavymkrokem.cz\/sv\/olomouc-tjeckien-med-barn\/#31_Javorickogrottorna\" >31. Javo\u0159\u00ed\u010dkogrottorna<\/a><\/li><li class='ez-toc-page-1 ez-toc-heading-level-3'><a class=\"ez-toc-link ez-toc-heading-40\" href=\"https:\/\/loudavymkrokem.cz\/sv\/olomouc-tjeckien-med-barn\/#32_Museet_for_olomoucostar_i_Lostice\" >32. Museet f\u00f6r olomoucostar i Lo\u0161tice<\/a><\/li><li class='ez-toc-page-1 ez-toc-heading-level-3'><a class=\"ez-toc-link ez-toc-heading-41\" href=\"https:\/\/loudavymkrokem.cz\/sv\/olomouc-tjeckien-med-barn\/#33_Farfars_barnmuseum_i_Bludov\" >33. Farfars barnmuseum i Bludov<\/a><\/li><li class='ez-toc-page-1 ez-toc-heading-level-3'><a class=\"ez-toc-link ez-toc-heading-42\" href=\"https:\/\/loudavymkrokem.cz\/sv\/olomouc-tjeckien-med-barn\/#34_Fort_Radikov\" >34. Fort Rad\u00edkov<\/a><\/li><\/ul><\/li><li class='ez-toc-page-1 ez-toc-heading-level-2'><a class=\"ez-toc-link ez-toc-heading-43\" href=\"https:\/\/loudavymkrokem.cz\/sv\/olomouc-tjeckien-med-barn\/#Var_ni_kan_ata_med_barn\" >Var ni kan \u00e4ta med barn<\/a><\/li><li class='ez-toc-page-1 ez-toc-heading-level-2'><a class=\"ez-toc-link ez-toc-heading-44\" href=\"https:\/\/loudavymkrokem.cz\/sv\/olomouc-tjeckien-med-barn\/#Praktisk_information\" >Praktisk information<\/a><\/li><li class='ez-toc-page-1 ez-toc-heading-level-2'><a class=\"ez-toc-link ez-toc-heading-45\" href=\"https:\/\/loudavymkrokem.cz\/sv\/olomouc-tjeckien-med-barn\/#Vart_du_kan_aka_vidare\" >Vart du kan \u00e5ka vidare<\/a><\/li><li class='ez-toc-page-1 ez-toc-heading-level-2'><a class=\"ez-toc-link ez-toc-heading-46\" href=\"https:\/\/loudavymkrokem.cz\/sv\/olomouc-tjeckien-med-barn\/#Vanliga_fragor\" >Vanliga fr\u00e5gor<\/a><ul class='ez-toc-list-level-3' ><li class='ez-toc-heading-level-3'><a class=\"ez-toc-link ez-toc-heading-47\" href=\"https:\/\/loudavymkrokem.cz\/sv\/olomouc-tjeckien-med-barn\/#Vart_kan_man_ga_i_Olomouc_med_barn_nar_det_regnar\" >Vart kan man g\u00e5 i Olomouc med barn n\u00e4r det regnar?<\/a><\/li><li class='ez-toc-page-1 ez-toc-heading-level-3'><a class=\"ez-toc-link ez-toc-heading-48\" href=\"https:\/\/loudavymkrokem.cz\/sv\/olomouc-tjeckien-med-barn\/#Vad_kostar_ZOO_Olomouc\" >Vad kostar ZOO Olomouc?<\/a><\/li><li class='ez-toc-page-1 ez-toc-heading-level-3'><a class=\"ez-toc-link ez-toc-heading-49\" href=\"https:\/\/loudavymkrokem.cz\/sv\/olomouc-tjeckien-med-barn\/#Hur_tar_man_sig_till_Svaty_Kopecek\" >Hur tar man sig till Svat\u00fd Kope\u010dek?<\/a><\/li><li class='ez-toc-page-1 ez-toc-heading-level-3'><a class=\"ez-toc-link ez-toc-heading-50\" href=\"https:\/\/loudavymkrokem.cz\/sv\/olomouc-tjeckien-med-barn\/#Ar_Olomouc_lamplig_med_barnvagn\" >\u00c4r Olomouc l\u00e4mplig med barnvagn?<\/a><\/li><li class='ez-toc-page-1 ez-toc-heading-level-3'><a class=\"ez-toc-link ez-toc-heading-51\" href=\"https:\/\/loudavymkrokem.cz\/sv\/olomouc-tjeckien-med-barn\/#Vart_kan_man_ga_med_barn_i_Olomouc_gratis\" >Vart kan man g\u00e5 med barn i Olomouc gratis?<\/a><\/li><li class='ez-toc-page-1 ez-toc-heading-level-3'><a class=\"ez-toc-link ez-toc-heading-52\" href=\"https:\/\/loudavymkrokem.cz\/sv\/olomouc-tjeckien-med-barn\/#Hur_manga_dagar_behover_vi_for_Olomouc_med_barn\" >Hur m\u00e5nga dagar beh\u00f6ver vi f\u00f6r Olomouc med barn?<\/a><\/li><li class='ez-toc-page-1 ez-toc-heading-level-3'><a class=\"ez-toc-link ez-toc-heading-53\" href=\"https:\/\/loudavymkrokem.cz\/sv\/olomouc-tjeckien-med-barn\/#Vart_kan_man_aka_pa_utflykt_fran_Olomouc_med_barn\" >Vart kan man \u00e5ka p\u00e5 utflykt fr\u00e5n Olomouc med barn?<\/a><\/li><li class='ez-toc-page-1 ez-toc-heading-level-3'><a class=\"ez-toc-link ez-toc-heading-54\" href=\"https:\/\/loudavymkrokem.cz\/sv\/olomouc-tjeckien-med-barn\/#Hur_langt_ar_det_till_DinoPark_Vyskov_fran_Olomouc\" >Hur l\u00e5ngt \u00e4r det till DinoPark Vy\u0161kov fr\u00e5n Olomouc?<\/a><\/li><\/ul><\/li><\/ul><\/nav><\/div>\n<h3 class=\"wp-block-heading\"><span class=\"ez-toc-section\" id=\"Sammanfattning_Olomouc_med_barn_i_korthet\"><\/span>Sammanfattning: Olomouc med barn i korthet<span class=\"ez-toc-section-end\"><\/span><\/h3>\n\n\n\n<ul class=\"wp-block-list\">\n\n<li><strong>I fint v\u00e4der:<\/strong> Ge er ut p\u00e5 en skattjakt bland barockfont\u00e4nerna i centrum, v\u00e4nta in det ovanliga astronomiska urets middagsklockspel, ta er till de vidstr\u00e4ckta Smetanaparkerna eller utforska Kronf\u00e4stningen.<\/li>\n\n\n\n<li><strong>N\u00e4r det regnar:<\/strong> Olomouc \u00e4r ett paradis f\u00f6r regniga dagar. H\u00e4r v\u00e4ntar det enorma Kunskapsf\u00e4stet fullt av vetenskap, den j\u00e4ttelika n\u00f6jesparken Krokod\u00fdlek och en helt osedvanlig koncentration av underbara barnlekhallar mitt i centrum, med specialkaffe f\u00f6r f\u00f6r\u00e4ldrarna.<\/li>\n\n\n\n<li><strong>Vart du kan g\u00f6ra en utflykt:<\/strong> Svat\u00fd Kope\u010dek med sin djurpark \u00e4r ett absolut m\u00e5ste, men om du har bil b\u00f6r du absolut \u00f6verv\u00e4ga den fantastiska DinoParken i Vy\u0161kov eller sagoborgen Bouzov.<\/li>\n\n\n\n<li><strong>Var du kan bo:<\/strong> Ett utm\u00e4rkt val i centrum \u00e4r OREA Hotel Arigone, d\u00e4r barn upp till 5,99 \u00e5r bor gratis och f\u00f6r\u00e4ldrarna kan hoppa ner i bubbelpoolen p\u00e5 rummet n\u00e4r barnen somnat.<\/li>\n\n\n\n<li><strong>Hur m\u00e5nga dagar du beh\u00f6ver:<\/strong> Den historiska k\u00e4rnan hinner du med p\u00e5 en dag, men om du vill hinna se djurparken och njuta av lekhallarna eller badhuset \u00e4r 2 till 3 dagar idealiskt.<\/li>\n\n\n<\/ul>\n\n\n\n<h2 class=\"wp-block-heading\"><span class=\"ez-toc-section\" id=\"Nar_du_ska_aka_till_Olomouc_med_barn\"><\/span>N\u00e4r du ska \u00e5ka till Olomouc med barn<span class=\"ez-toc-section-end\"><\/span><\/h2>\n\n\n\n<figure data-wp-context=\"{&quot;imageId&quot;:&quot;6a979f268b39c&quot;}\" data-wp-interactive=\"core\/image\" data-wp-key=\"6a979f268b39c\" class=\"wp-block-image size-full wp-lightbox-container\"><img decoding=\"async\" width=\"2200\" height=\"1467\" data-wp-class--hide=\"state.isContentHidden\" data-wp-class--show=\"state.isContentVisible\" data-wp-init=\"callbacks.setButtonStyles\" data-wp-on--click=\"actions.showLightbox\" data-wp-on--load=\"callbacks.setButtonStyles\" data-wp-on--pointerdown=\"actions.preloadImage\" data-wp-on--pointerenter=\"actions.preloadImageWithDelay\" data-wp-on--pointerleave=\"actions.cancelPreload\" data-wp-on-window--resize=\"callbacks.setButtonStyles\" src=\"https:\/\/loudavymkrokem.cz\/wp-content\/uploads\/2026\/08\/olomouc-s-detmi-namesti-se-stromy.jpg\" alt=\"Barockhus och staty p\u00e5 Olomoucs torg med tr\u00e4d\" class=\"wp-image-401042\" title=\"\" srcset=\"https:\/\/loudavymkrokem.cz\/wp-content\/uploads\/2026\/08\/olomouc-s-detmi-namesti-se-stromy.jpg 2200w, https:\/\/loudavymkrokem.cz\/wp-content\/uploads\/2026\/08\/olomouc-s-detmi-namesti-se-stromy-300x200.jpg 300w, https:\/\/loudavymkrokem.cz\/wp-content\/uploads\/2026\/08\/olomouc-s-detmi-namesti-se-stromy-700x467.jpg 700w, https:\/\/loudavymkrokem.cz\/wp-content\/uploads\/2026\/08\/olomouc-s-detmi-namesti-se-stromy-768x512.jpg 768w, https:\/\/loudavymkrokem.cz\/wp-content\/uploads\/2026\/08\/olomouc-s-detmi-namesti-se-stromy-1536x1024.jpg 1536w, https:\/\/loudavymkrokem.cz\/wp-content\/uploads\/2026\/08\/olomouc-s-detmi-namesti-se-stromy-2048x1366.jpg 2048w, https:\/\/loudavymkrokem.cz\/wp-content\/uploads\/2026\/08\/olomouc-s-detmi-namesti-se-stromy-696x464.jpg 696w, https:\/\/loudavymkrokem.cz\/wp-content\/uploads\/2026\/08\/olomouc-s-detmi-namesti-se-stromy-1392x928.jpg 1392w, https:\/\/loudavymkrokem.cz\/wp-content\/uploads\/2026\/08\/olomouc-s-detmi-namesti-se-stromy-1920x1280.jpg 1920w\" sizes=\"(max-width: 2200px) 100vw, 2200px\" \/><button\n\t\t\tclass=\"lightbox-trigger\"\n\t\t\ttype=\"button\"\n\t\t\taria-haspopup=\"dialog\"\n\t\t\tdata-wp-bind--aria-label=\"state.thisImage.triggerButtonAriaLabel\"\n\t\t\tdata-wp-init=\"callbacks.initTriggerButton\"\n\t\t\tdata-wp-on--click=\"actions.showLightbox\"\n\t\t\tdata-wp-style--right=\"state.thisImage.buttonRight\"\n\t\t\tdata-wp-style--top=\"state.thisImage.buttonTop\"\n\t\t>\n\t\t\t<svg xmlns=\"http:\/\/www.w3.org\/2000\/svg\" width=\"12\" height=\"12\" fill=\"none\" viewBox=\"0 0 12 12\">\n\t\t\t\t<path fill=\"#fff\" d=\"M2 0a2 2 0 0 0-2 2v2h1.5V2a.5.5 0 0 1 .5-.5h2V0H2Zm2 10.5H2a.5.5 0 0 1-.5-.5V8H0v2a2 2 0 0 0 2 2h2v-1.5ZM8 12v-1.5h2a.5.5 0 0 0 .5-.5V8H12v2a2 2 0 0 1-2 2H8Zm2-12a2 2 0 0 1 2 2v2h-1.5V2a.5.5 0 0 0-.5-.5H8V0h2Z\" \/>\n\t\t\t<\/svg>\n\t\t<\/button><figcaption class=\"wp-element-caption\">Olomoucs lugna torg med tr\u00e4d, d\u00e4r man kan pusta ut med barnen<\/figcaption><\/figure>\n\n\n\n<p class=\"wp-block-paragraph\">Olomouc har den stora f\u00f6rdelen att det \u00e4r en \u00e5retruntdestination som inte st\u00e4nger portarna s\u00e5 fort sommarlovet \u00e4r slut. S\u00e5 n\u00e4r l\u00f6nar det sig mest att \u00e5ka hit? Det beror framf\u00f6r allt p\u00e5 vad du f\u00f6rv\u00e4ntar dig av resan och hur gamla barn du har med dig. Det handlar helt enkelt om vilka aktiviteter du f\u00f6redrar som familj och hur gamla barnen \u00e4r.<\/p>\n\n\n\n<p class=\"wp-block-paragraph\">V\u00e5ren \u00e4r rent magisk i Olomouc, s\u00e4rskilt april och maj. Om du prickar in r\u00e4tt vecka f\u00e5r du uppleva blommande magnolior i Bezru\u010dparken under stadsmurarna, en syn som imponerar \u00e4ven p\u00e5 inbitna romantikmotst\u00e5ndare, och en bit bort b\u00f6rjar det underbara Rosariet sakta vakna till liv. Sommaren erbjuder i sin tur m\u00f6jligheten att svalka sig i det lokala badhuset, tillbringa l\u00e5nga dagar i djurparken p\u00e5 Svat\u00fd Kope\u010dek och njuta av kv\u00e4llspromenader i det folktomma centrumet med en mjukglass i handen.<\/p>\n\n\n\n<p class=\"wp-block-paragraph\">H\u00f6sten f\u00e4rgar Olomoucs vidstr\u00e4ckta parker gyllengula och det \u00e4r den perfekta tiden f\u00f6r att kryssa runt bland museer och inomhuslekhallar, som det finns gott om h\u00e4r. Och jag f\u00e5r inte gl\u00f6mma vintern, n\u00e4rmare best\u00e4mt advent. Olomoucs julmarknader p\u00e5 \u00d6vre och Nedre torget rankas regelbundet bland de allra vackraste i hela landet \u2013 det doftar gl\u00f6gg, dekorationerna t\u00e4nds upp och f\u00f6r barnen \u00e4r det en ren saga. F\u00f6r det viktigaste, allts\u00e5 centrum och djurparken, r\u00e4cker det med tv\u00e5 dagar, men om du vill l\u00e4gga till utflykter i omgivningarna kan du gott planera in en f\u00f6rl\u00e4ngd helg.<\/p>\n\n\n\n<h2 class=\"wp-block-heading\"><span class=\"ez-toc-section\" id=\"Var_du_kan_bo_i_Olomouc_med_barn\"><\/span>Var du kan bo i Olomouc med barn<span class=\"ez-toc-section-end\"><\/span><\/h2>\n\n\n\n<figure data-wp-context=\"{&quot;imageId&quot;:&quot;6a979f268b928&quot;}\" data-wp-interactive=\"core\/image\" data-wp-key=\"6a979f268b928\" class=\"wp-block-image size-full wp-lightbox-container\"><img decoding=\"async\" width=\"2200\" height=\"1467\" data-wp-class--hide=\"state.isContentHidden\" data-wp-class--show=\"state.isContentVisible\" data-wp-init=\"callbacks.setButtonStyles\" data-wp-on--click=\"actions.showLightbox\" data-wp-on--load=\"callbacks.setButtonStyles\" data-wp-on--pointerdown=\"actions.preloadImage\" data-wp-on--pointerenter=\"actions.preloadImageWithDelay\" data-wp-on--pointerleave=\"actions.cancelPreload\" data-wp-on-window--resize=\"callbacks.setButtonStyles\" src=\"https:\/\/loudavymkrokem.cz\/wp-content\/uploads\/2026\/08\/olomouc-s-detmi-hotel-arigone-wellness.jpg\" alt=\"Barn p\u00e5 en solstol i ett wellnessrum p\u00e5 hotell Arigone i Olomouc\" class=\"wp-image-401101\" title=\"\" srcset=\"https:\/\/loudavymkrokem.cz\/wp-content\/uploads\/2026\/08\/olomouc-s-detmi-hotel-arigone-wellness.jpg 2200w, https:\/\/loudavymkrokem.cz\/wp-content\/uploads\/2026\/08\/olomouc-s-detmi-hotel-arigone-wellness-300x200.jpg 300w, https:\/\/loudavymkrokem.cz\/wp-content\/uploads\/2026\/08\/olomouc-s-detmi-hotel-arigone-wellness-700x467.jpg 700w, https:\/\/loudavymkrokem.cz\/wp-content\/uploads\/2026\/08\/olomouc-s-detmi-hotel-arigone-wellness-768x512.jpg 768w, https:\/\/loudavymkrokem.cz\/wp-content\/uploads\/2026\/08\/olomouc-s-detmi-hotel-arigone-wellness-1536x1024.jpg 1536w, https:\/\/loudavymkrokem.cz\/wp-content\/uploads\/2026\/08\/olomouc-s-detmi-hotel-arigone-wellness-2048x1366.jpg 2048w, https:\/\/loudavymkrokem.cz\/wp-content\/uploads\/2026\/08\/olomouc-s-detmi-hotel-arigone-wellness-696x464.jpg 696w, https:\/\/loudavymkrokem.cz\/wp-content\/uploads\/2026\/08\/olomouc-s-detmi-hotel-arigone-wellness-1392x928.jpg 1392w, https:\/\/loudavymkrokem.cz\/wp-content\/uploads\/2026\/08\/olomouc-s-detmi-hotel-arigone-wellness-1920x1280.jpg 1920w\" sizes=\"(max-width: 2200px) 100vw, 2200px\" \/><button\n\t\t\tclass=\"lightbox-trigger\"\n\t\t\ttype=\"button\"\n\t\t\taria-haspopup=\"dialog\"\n\t\t\tdata-wp-bind--aria-label=\"state.thisImage.triggerButtonAriaLabel\"\n\t\t\tdata-wp-init=\"callbacks.initTriggerButton\"\n\t\t\tdata-wp-on--click=\"actions.showLightbox\"\n\t\t\tdata-wp-style--right=\"state.thisImage.buttonRight\"\n\t\t\tdata-wp-style--top=\"state.thisImage.buttonTop\"\n\t\t>\n\t\t\t<svg xmlns=\"http:\/\/www.w3.org\/2000\/svg\" width=\"12\" height=\"12\" fill=\"none\" viewBox=\"0 0 12 12\">\n\t\t\t\t<path fill=\"#fff\" d=\"M2 0a2 2 0 0 0-2 2v2h1.5V2a.5.5 0 0 1 .5-.5h2V0H2Zm2 10.5H2a.5.5 0 0 1-.5-.5V8H0v2a2 2 0 0 0 2 2h2v-1.5ZM8 12v-1.5h2a.5.5 0 0 0 .5-.5V8H12v2a2 2 0 0 1-2 2H8Zm2-12a2 2 0 0 1 2 2v2h-1.5V2a.5.5 0 0 0-.5-.5H8V0h2Z\" \/>\n\t\t\t<\/svg>\n\t\t<\/button><figcaption class=\"wp-element-caption\">Wellnessrum p\u00e5 hotell Arigone: barnet somnar och f\u00f6r\u00e4ldrarna f\u00e5r \u00e4ntligen en stund f\u00f6r sig sj\u00e4lva<\/figcaption><\/figure>\n\n\n\n<p class=\"wp-block-paragraph\">Att bo med barn i historiska st\u00e4der kan ibland vara en utmaning, eftersom du beh\u00f6ver kombinera n\u00e4rhet till sev\u00e4rdheterna med bekv\u00e4mlighet, bra parkering och om m\u00f6jligt lite f\u00f6r\u00e4ldralyx. Under v\u00e5rt bes\u00f6k hade vi enorm tur med hotellvalet och jag m\u00e5ste s\u00e4ga att det gjorde vistelsen otroligt mycket trevligare.<\/p>\n\n\n\n<p class=\"wp-block-paragraph\">Vi bodde p\u00e5 <strong>OREA Hotel Arigone<\/strong> mitt i den historiska k\u00e4rnan och det var en fulltr\u00e4ff. Det \u00e4r visserligen inte ett typiskt hotell med h\u00f6gljutt aktivitetsprogram och maskotar vid frukosten, men f\u00f6r oss f\u00f6r\u00e4ldrar fungerade det som perfekt terapi. Vi hade n\u00e4mligen ett wellnessrum med egen bubbelpool och bastu. Du kan s\u00e4kert f\u00f6rest\u00e4lla dig l\u00e4ttnaden n\u00e4r vi p\u00e5 kv\u00e4llen \u00e4ntligen f\u00e5tt lille Jon\u00e1\u0161 att somna och Luk\u00e1\u0161 och jag kunde sjunka ner i bubblorna utan att beh\u00f6va s\u00e4tta en fot utanf\u00f6r rummet. Dessutom har de en helt fantastisk frukost, barn upp till 5,99 \u00e5r bor helt gratis och de b\u00e4sta barnlekhallarna och kaf\u00e9erna n\u00e5r du p\u00e5 bara n\u00e5gra minuters lugn promenad.<\/p>\n\n\n\n<p class=\"wp-block-paragraph\">\ud83d\udc49 <strong><a href=\"https:\/\/www.stay22.com\/allez\/roam?aid=lukaskonecny&#038;campaign=loudavymkrokemcz&#038;campaign=olomoucsdetmi&#038;hotelname=OREA%20Hotel%20Arigone%20Olomouc&#038;address=Olomouc%2C%20Cesko&#038;category=accommodation\" target=\"_blank\" rel=\"nofollow sponsored noopener\">Kolla priser och tillg\u00e4nglighet f\u00f6r hotell Arigone<\/a><\/strong> \u00b7 vi beskriver det i detalj i <a href=\"https:\/\/loudavymkrokem.cz\/sv\/orea-hotel-arigone-olomouc-tjeckien\/\">v\u00e5r recension av OREA Hotel Arigone<\/a>.<\/p>\n\n\n\n<p class=\"wp-block-paragraph\">Om det h\u00e4r hotellet skulle vara fullbokat, <strong><a href=\"https:\/\/www.stay22.com\/allez\/roam?aid=lukaskonecny&amp;campaign=loudavymkrokemcz&amp;campaign=olomouc-s-detmi&amp;address=Olomouc%2C%20Cesko\" target=\"_blank\" rel=\"nofollow sponsored noopener\">titta p\u00e5 annat boende i Olomouc<\/a><\/strong> \u2013 det finns gott om alternativ. F\u00f6r\u00e4ldrar ber\u00f6mmer ofta i recensionerna de olika familjel\u00e4genheterna utspridda i centrum, som ger dig m\u00f6jlighet att laga egen mat, vilket alltid \u00e4r praktiskt med mindre barn. N\u00e4r du bokar boende i sj\u00e4lva stadsk\u00e4rnan b\u00f6r du dock alltid noga kolla hur det ligger till med parkeringen, eftersom g\u00e5gatan har str\u00e4nga regler och de offentliga parkeringarna i n\u00e4rheten kan gr\u00f6pa ur familjebudgeten rej\u00e4lt.<\/p>\n\n\n\n<h2 class=\"wp-block-heading\"><span class=\"ez-toc-section\" id=\"Vad_du_kan_gora_utomhus_i_Olomouc_med_barn\"><\/span>Vad du kan g\u00f6ra utomhus i Olomouc med barn<span class=\"ez-toc-section-end\"><\/span><\/h2>\n\n\n\n<p class=\"wp-block-paragraph\">N\u00e4r solen tittar fram och v\u00e4dret \u00e4r p\u00e5 din sida f\u00f6rvandlas Olomoucs historiska centrum till en enda stor utomhuslekplats full av \u00f6verraskningar. Det handlar inte bara om att torrt betrakta gamla fasader \u2013 staden har en lekfull sj\u00e4l och massor av vr\u00e5r som roar \u00e4ven de allra minsta resen\u00e4rerna. Jag har sammanst\u00e4llt tio tips p\u00e5 utomhusaktiviteter som g\u00f6r <strong>Olomouc f\u00f6r barn<\/strong> till en upplevelse och inte ett straff.<\/p>\n\n\n\n<h3 class=\"wp-block-heading\"><span class=\"ez-toc-section\" id=\"1_Olomoucs_astronomiska_ur\"><\/span>1. Olomoucs astronomiska ur<span class=\"ez-toc-section-end\"><\/span><\/h3>\n\n\n\n<figure data-wp-context=\"{&quot;imageId&quot;:&quot;6a979f268bed6&quot;}\" data-wp-interactive=\"core\/image\" data-wp-key=\"6a979f268bed6\" class=\"wp-block-image size-full wp-lightbox-container\"><img decoding=\"async\" width=\"2200\" height=\"1467\" data-wp-class--hide=\"state.isContentHidden\" data-wp-class--show=\"state.isContentVisible\" data-wp-init=\"callbacks.setButtonStyles\" data-wp-on--click=\"actions.showLightbox\" data-wp-on--load=\"callbacks.setButtonStyles\" data-wp-on--pointerdown=\"actions.preloadImage\" data-wp-on--pointerenter=\"actions.preloadImageWithDelay\" data-wp-on--pointerleave=\"actions.cancelPreload\" data-wp-on-window--resize=\"callbacks.setButtonStyles\" src=\"https:\/\/loudavymkrokem.cz\/wp-content\/uploads\/2026\/08\/olomouc-s-detmi-orloj-detail.jpg\" alt=\"N\u00e4rbild av Olomoucs astronomiska ur med figurer av arbetare och urtavlor\" class=\"wp-image-401020\" title=\"\" srcset=\"https:\/\/loudavymkrokem.cz\/wp-content\/uploads\/2026\/08\/olomouc-s-detmi-orloj-detail.jpg 2200w, https:\/\/loudavymkrokem.cz\/wp-content\/uploads\/2026\/08\/olomouc-s-detmi-orloj-detail-300x200.jpg 300w, https:\/\/loudavymkrokem.cz\/wp-content\/uploads\/2026\/08\/olomouc-s-detmi-orloj-detail-700x467.jpg 700w, https:\/\/loudavymkrokem.cz\/wp-content\/uploads\/2026\/08\/olomouc-s-detmi-orloj-detail-768x512.jpg 768w, https:\/\/loudavymkrokem.cz\/wp-content\/uploads\/2026\/08\/olomouc-s-detmi-orloj-detail-1536x1024.jpg 1536w, https:\/\/loudavymkrokem.cz\/wp-content\/uploads\/2026\/08\/olomouc-s-detmi-orloj-detail-2048x1366.jpg 2048w, https:\/\/loudavymkrokem.cz\/wp-content\/uploads\/2026\/08\/olomouc-s-detmi-orloj-detail-696x464.jpg 696w, https:\/\/loudavymkrokem.cz\/wp-content\/uploads\/2026\/08\/olomouc-s-detmi-orloj-detail-1392x928.jpg 1392w, https:\/\/loudavymkrokem.cz\/wp-content\/uploads\/2026\/08\/olomouc-s-detmi-orloj-detail-1920x1280.jpg 1920w\" sizes=\"(max-width: 2200px) 100vw, 2200px\" \/><button\n\t\t\tclass=\"lightbox-trigger\"\n\t\t\ttype=\"button\"\n\t\t\taria-haspopup=\"dialog\"\n\t\t\tdata-wp-bind--aria-label=\"state.thisImage.triggerButtonAriaLabel\"\n\t\t\tdata-wp-init=\"callbacks.initTriggerButton\"\n\t\t\tdata-wp-on--click=\"actions.showLightbox\"\n\t\t\tdata-wp-style--right=\"state.thisImage.buttonRight\"\n\t\t\tdata-wp-style--top=\"state.thisImage.buttonTop\"\n\t\t>\n\t\t\t<svg xmlns=\"http:\/\/www.w3.org\/2000\/svg\" width=\"12\" height=\"12\" fill=\"none\" viewBox=\"0 0 12 12\">\n\t\t\t\t<path fill=\"#fff\" d=\"M2 0a2 2 0 0 0-2 2v2h1.5V2a.5.5 0 0 1 .5-.5h2V0H2Zm2 10.5H2a.5.5 0 0 1-.5-.5V8H0v2a2 2 0 0 0 2 2h2v-1.5ZM8 12v-1.5h2a.5.5 0 0 0 .5-.5V8H12v2a2 2 0 0 1-2 2H8Zm2-12a2 2 0 0 1 2 2v2h-1.5V2a.5.5 0 0 0-.5-.5H8V0h2Z\" \/>\n\t\t\t<\/svg>\n\t\t<\/button><figcaption class=\"wp-element-caption\">P\u00e5 uret defilerar arbetare i st\u00e4llet f\u00f6r apostlar. Det brukar roa barnen.<\/figcaption><\/figure>\n\n\n\n<p class=\"wp-block-paragraph\">Medan Prags astronomiska ur visar apostlarna h\u00f6gt ovanf\u00f6r folkmassornas huvuden har Olomoucs ur p\u00e5 \u00d6vre torget, direkt p\u00e5 r\u00e5dhusets fasad, tv\u00e5 stora f\u00f6rdelar f\u00f6r barnfamiljer. F\u00f6r det f\u00f6rsta sitter det fint i \u00f6gonh\u00f6jd, s\u00e5 att \u00e4ven mindre barn utan problem ser alla de r\u00f6rliga figurerna, och f\u00f6r det andra \u00e4r det helt enkelt unikt i v\u00e4rlden. Det \u00e4r n\u00e4mligen ett av f\u00e5 astronomiska ur i v\u00e4rlden som efter att ha f\u00f6rst\u00f6rts i slutet av kriget byggdes om \u00e5ren 1947 till 1955 i socialrealismens anda efter ritningar av Karel Svolinsk\u00fd.<\/p>\n\n\n\n<p class=\"wp-block-paragraph\">I st\u00e4llet f\u00f6r helgon ser du h\u00e4r smeder, bagare, en kemist och andra hederliga arbetare defilera, vilket barnen oftast tycker \u00e4r v\u00e4ldigt roligt, eftersom de f\u00f6rst\u00e5r sig p\u00e5 de yrkena b\u00e4ttre \u00e4n p\u00e5 historiska gestalter. Hela h\u00e4rligheten s\u00e4tts i r\u00f6relse varje dag <strong>exakt vid middagstid<\/strong>, s\u00e5 planera din stadspromenad s\u00e5 att ni st\u00e5r redo h\u00e4r innan klockan tolv.<\/p>\n\n\n\n<h3 class=\"wp-block-heading\"><span class=\"ez-toc-section\" id=\"2_Heliga_treenighetens_pelare\"><\/span>2. Heliga treenighetens pelare<span class=\"ez-toc-section-end\"><\/span><\/h3>\n\n\n\n<figure data-wp-context=\"{&quot;imageId&quot;:&quot;6a979f268c507&quot;}\" data-wp-interactive=\"core\/image\" data-wp-key=\"6a979f268c507\" class=\"wp-block-image size-full wp-lightbox-container\"><img decoding=\"async\" width=\"1800\" height=\"1208\" data-wp-class--hide=\"state.isContentHidden\" data-wp-class--show=\"state.isContentVisible\" data-wp-init=\"callbacks.setButtonStyles\" data-wp-on--click=\"actions.showLightbox\" data-wp-on--load=\"callbacks.setButtonStyles\" data-wp-on--pointerdown=\"actions.preloadImage\" data-wp-on--pointerenter=\"actions.preloadImageWithDelay\" data-wp-on--pointerleave=\"actions.cancelPreload\" data-wp-on-window--resize=\"callbacks.setButtonStyles\" src=\"https:\/\/loudavymkrokem.cz\/wp-content\/uploads\/2026\/08\/olomouc-s-detmi-sloup-horni-namesti.jpg\" alt=\"Heliga treenighetens pelare p\u00e5 \u00d6vre torget i Olomouc\" class=\"wp-image-401195\" title=\"\" srcset=\"https:\/\/loudavymkrokem.cz\/wp-content\/uploads\/2026\/08\/olomouc-s-detmi-sloup-horni-namesti.jpg 1800w, https:\/\/loudavymkrokem.cz\/wp-content\/uploads\/2026\/08\/olomouc-s-detmi-sloup-horni-namesti-300x201.jpg 300w, https:\/\/loudavymkrokem.cz\/wp-content\/uploads\/2026\/08\/olomouc-s-detmi-sloup-horni-namesti-700x470.jpg 700w, https:\/\/loudavymkrokem.cz\/wp-content\/uploads\/2026\/08\/olomouc-s-detmi-sloup-horni-namesti-768x515.jpg 768w, https:\/\/loudavymkrokem.cz\/wp-content\/uploads\/2026\/08\/olomouc-s-detmi-sloup-horni-namesti-1536x1031.jpg 1536w, https:\/\/loudavymkrokem.cz\/wp-content\/uploads\/2026\/08\/olomouc-s-detmi-sloup-horni-namesti-696x467.jpg 696w, https:\/\/loudavymkrokem.cz\/wp-content\/uploads\/2026\/08\/olomouc-s-detmi-sloup-horni-namesti-1392x934.jpg 1392w\" sizes=\"(max-width: 1800px) 100vw, 1800px\" \/><button\n\t\t\tclass=\"lightbox-trigger\"\n\t\t\ttype=\"button\"\n\t\t\taria-haspopup=\"dialog\"\n\t\t\tdata-wp-bind--aria-label=\"state.thisImage.triggerButtonAriaLabel\"\n\t\t\tdata-wp-init=\"callbacks.initTriggerButton\"\n\t\t\tdata-wp-on--click=\"actions.showLightbox\"\n\t\t\tdata-wp-style--right=\"state.thisImage.buttonRight\"\n\t\t\tdata-wp-style--top=\"state.thisImage.buttonTop\"\n\t\t>\n\t\t\t<svg xmlns=\"http:\/\/www.w3.org\/2000\/svg\" width=\"12\" height=\"12\" fill=\"none\" viewBox=\"0 0 12 12\">\n\t\t\t\t<path fill=\"#fff\" d=\"M2 0a2 2 0 0 0-2 2v2h1.5V2a.5.5 0 0 1 .5-.5h2V0H2Zm2 10.5H2a.5.5 0 0 1-.5-.5V8H0v2a2 2 0 0 0 2 2h2v-1.5ZM8 12v-1.5h2a.5.5 0 0 0 .5-.5V8H12v2a2 2 0 0 1-2 2H8Zm2-12a2 2 0 0 1 2 2v2h-1.5V2a.5.5 0 0 0-.5-.5H8V0h2Z\" \/>\n\t\t\t<\/svg>\n\t\t<\/button><figcaption class=\"wp-element-caption\">Heliga treenighetens pelare \u00e4r den st\u00f6rsta barockskulpturgruppen i Centraleuropa<\/figcaption><\/figure>\n\n\n\n<p class=\"wp-block-paragraph\">Alldeles i n\u00e4rheten av det astronomiska uret p\u00e5 \u00d6vre torget tronar ett monument som vore en synd att missa, f\u00f6r det finns med p\u00e5 <strong>Unescos v\u00e4rldsarvslista sedan \u00e5r 2000<\/strong>. Det handlar om en v\u00e4ldig, cirka 32 meter h\u00f6g pestpelare, som \u00e4r den allra st\u00f6rsta barockskulpturgruppen i en enda skulptur i hela Centraleuropa.<\/p>\n\n\n\n<p class=\"wp-block-paragraph\">Bara pelarens storlek g\u00f6r ett \u00f6verv\u00e4ldigande intryck p\u00e5 barn, och vad mer \u00e4r, i dess m\u00e4ktiga sockel g\u00f6mmer sig ett litet kapell. \u00c4ven om man inte alltid kan g\u00e5 in d\u00e4r s\u00e5 fungerar bara vetskapen om att det &#8221;g\u00f6mmer sig ett litet hus i den stora pelaren&#8221; alldeles utm\u00e4rkt p\u00e5 barnfantasin.<\/p>\n\n\n\n<h3 class=\"wp-block-heading\"><span class=\"ez-toc-section\" id=\"3_Skattjakt_bland_barockfontanerna\"><\/span>3. Skattjakt bland barockfont\u00e4nerna<span class=\"ez-toc-section-end\"><\/span><\/h3>\n\n\n\n<figure data-wp-context=\"{&quot;imageId&quot;:&quot;6a979f268c95e&quot;}\" data-wp-interactive=\"core\/image\" data-wp-key=\"6a979f268c95e\" class=\"wp-block-image size-full wp-lightbox-container\"><img decoding=\"async\" width=\"2200\" height=\"1467\" data-wp-class--hide=\"state.isContentHidden\" data-wp-class--show=\"state.isContentVisible\" data-wp-init=\"callbacks.setButtonStyles\" data-wp-on--click=\"actions.showLightbox\" data-wp-on--load=\"callbacks.setButtonStyles\" data-wp-on--pointerdown=\"actions.preloadImage\" data-wp-on--pointerenter=\"actions.preloadImageWithDelay\" data-wp-on--pointerleave=\"actions.cancelPreload\" data-wp-on-window--resize=\"callbacks.setButtonStyles\" src=\"https:\/\/loudavymkrokem.cz\/wp-content\/uploads\/2026\/08\/olomouc-s-detmi-caesarova-kasna.jpg\" alt=\"Caesarfont\u00e4nen p\u00e5 \u00d6vre torget i Olomouc\" class=\"wp-image-401030\" title=\"\" srcset=\"https:\/\/loudavymkrokem.cz\/wp-content\/uploads\/2026\/08\/olomouc-s-detmi-caesarova-kasna.jpg 2200w, https:\/\/loudavymkrokem.cz\/wp-content\/uploads\/2026\/08\/olomouc-s-detmi-caesarova-kasna-300x200.jpg 300w, https:\/\/loudavymkrokem.cz\/wp-content\/uploads\/2026\/08\/olomouc-s-detmi-caesarova-kasna-700x467.jpg 700w, https:\/\/loudavymkrokem.cz\/wp-content\/uploads\/2026\/08\/olomouc-s-detmi-caesarova-kasna-768x512.jpg 768w, https:\/\/loudavymkrokem.cz\/wp-content\/uploads\/2026\/08\/olomouc-s-detmi-caesarova-kasna-1536x1024.jpg 1536w, https:\/\/loudavymkrokem.cz\/wp-content\/uploads\/2026\/08\/olomouc-s-detmi-caesarova-kasna-2048x1366.jpg 2048w, https:\/\/loudavymkrokem.cz\/wp-content\/uploads\/2026\/08\/olomouc-s-detmi-caesarova-kasna-696x464.jpg 696w, https:\/\/loudavymkrokem.cz\/wp-content\/uploads\/2026\/08\/olomouc-s-detmi-caesarova-kasna-1392x928.jpg 1392w, https:\/\/loudavymkrokem.cz\/wp-content\/uploads\/2026\/08\/olomouc-s-detmi-caesarova-kasna-1920x1280.jpg 1920w\" sizes=\"(max-width: 2200px) 100vw, 2200px\" \/><button\n\t\t\tclass=\"lightbox-trigger\"\n\t\t\ttype=\"button\"\n\t\t\taria-haspopup=\"dialog\"\n\t\t\tdata-wp-bind--aria-label=\"state.thisImage.triggerButtonAriaLabel\"\n\t\t\tdata-wp-init=\"callbacks.initTriggerButton\"\n\t\t\tdata-wp-on--click=\"actions.showLightbox\"\n\t\t\tdata-wp-style--right=\"state.thisImage.buttonRight\"\n\t\t\tdata-wp-style--top=\"state.thisImage.buttonTop\"\n\t\t>\n\t\t\t<svg xmlns=\"http:\/\/www.w3.org\/2000\/svg\" width=\"12\" height=\"12\" fill=\"none\" viewBox=\"0 0 12 12\">\n\t\t\t\t<path fill=\"#fff\" d=\"M2 0a2 2 0 0 0-2 2v2h1.5V2a.5.5 0 0 1 .5-.5h2V0H2Zm2 10.5H2a.5.5 0 0 1-.5-.5V8H0v2a2 2 0 0 0 2 2h2v-1.5ZM8 12v-1.5h2a.5.5 0 0 0 .5-.5V8H12v2a2 2 0 0 1-2 2H8Zm2-12a2 2 0 0 1 2 2v2h-1.5V2a.5.5 0 0 0-.5-.5H8V0h2Z\" \/>\n\t\t\t<\/svg>\n\t\t<\/button><figcaption class=\"wp-element-caption\">Caesarfont\u00e4nen p\u00e5 \u00d6vre torget. Leta efter hunden under h\u00e4sten, stadens symbol f\u00f6r trohet.<\/figcaption><\/figure>\n\n\n\n<p class=\"wp-block-paragraph\">Det h\u00e4r \u00e4r enligt mig det allra b\u00e4sta s\u00e4ttet att lotsa barnen genom hela den historiska k\u00e4rnan utan att de ens m\u00e4rker att de &#8221;g\u00e5r runt bland sev\u00e4rdheter&#8221;. Olomouc har n\u00e4mligen den enda s\u00e5 pass omfattande bevarade samlingen av barockfont\u00e4ner i Tjeckien, och du kan g\u00f6ra en riktigt kul familjelek av det.<\/p>\n\n\n\n<p class=\"wp-block-paragraph\">Ge barnen en karta och l\u00e5t dem leta efter Neptunusfont\u00e4nen fr\u00e5n 1683, som \u00e4r den allra \u00e4ldsta, Herkules-, Jupiter- och Merkuriusfont\u00e4nerna, Tritonernas font\u00e4n och den majest\u00e4tiska <strong>Caesarfont\u00e4nen<\/strong>, d\u00e4r de ska hitta hunden under h\u00e4sten som symboliserar stadens trohet mot regenten. Den allra st\u00f6rsta hiten f\u00f6r barnen \u00e4r dock den moderna <strong>Arionfont\u00e4nen<\/strong> fr\u00e5n 2002 av skulpt\u00f6ren Ivan Theimer. Den har n\u00e4mligen en stor sk\u00f6ldpadda i brons som knappt n\u00e5got barn g\u00e5r f\u00f6rbi utan att stanna till vid.<\/p>\n\n\n\n<h3 class=\"wp-block-heading\"><span class=\"ez-toc-section\" id=\"4_Radhustornet\"><\/span>4. R\u00e5dhustornet<span class=\"ez-toc-section-end\"><\/span><\/h3>\n\n\n\n<figure data-wp-context=\"{&quot;imageId&quot;:&quot;6a979f268cde9&quot;}\" data-wp-interactive=\"core\/image\" data-wp-key=\"6a979f268cde9\" class=\"wp-block-image size-full wp-lightbox-container\"><img decoding=\"async\" width=\"2200\" height=\"1467\" data-wp-class--hide=\"state.isContentHidden\" data-wp-class--show=\"state.isContentVisible\" data-wp-init=\"callbacks.setButtonStyles\" data-wp-on--click=\"actions.showLightbox\" data-wp-on--load=\"callbacks.setButtonStyles\" data-wp-on--pointerdown=\"actions.preloadImage\" data-wp-on--pointerenter=\"actions.preloadImageWithDelay\" data-wp-on--pointerleave=\"actions.cancelPreload\" data-wp-on-window--resize=\"callbacks.setButtonStyles\" src=\"https:\/\/loudavymkrokem.cz\/wp-content\/uploads\/2026\/08\/olomouc-s-detmi-radnice-orloj.jpg\" alt=\"Olomoucs r\u00e5dhus med astronomiskt ur p\u00e5 \u00d6vre torget\" class=\"wp-image-401026\" title=\"\" srcset=\"https:\/\/loudavymkrokem.cz\/wp-content\/uploads\/2026\/08\/olomouc-s-detmi-radnice-orloj.jpg 2200w, https:\/\/loudavymkrokem.cz\/wp-content\/uploads\/2026\/08\/olomouc-s-detmi-radnice-orloj-300x200.jpg 300w, https:\/\/loudavymkrokem.cz\/wp-content\/uploads\/2026\/08\/olomouc-s-detmi-radnice-orloj-700x467.jpg 700w, https:\/\/loudavymkrokem.cz\/wp-content\/uploads\/2026\/08\/olomouc-s-detmi-radnice-orloj-768x512.jpg 768w, https:\/\/loudavymkrokem.cz\/wp-content\/uploads\/2026\/08\/olomouc-s-detmi-radnice-orloj-1536x1024.jpg 1536w, https:\/\/loudavymkrokem.cz\/wp-content\/uploads\/2026\/08\/olomouc-s-detmi-radnice-orloj-2048x1366.jpg 2048w, https:\/\/loudavymkrokem.cz\/wp-content\/uploads\/2026\/08\/olomouc-s-detmi-radnice-orloj-696x464.jpg 696w, https:\/\/loudavymkrokem.cz\/wp-content\/uploads\/2026\/08\/olomouc-s-detmi-radnice-orloj-1392x928.jpg 1392w, https:\/\/loudavymkrokem.cz\/wp-content\/uploads\/2026\/08\/olomouc-s-detmi-radnice-orloj-1920x1280.jpg 1920w\" sizes=\"(max-width: 2200px) 100vw, 2200px\" \/><button\n\t\t\tclass=\"lightbox-trigger\"\n\t\t\ttype=\"button\"\n\t\t\taria-haspopup=\"dialog\"\n\t\t\tdata-wp-bind--aria-label=\"state.thisImage.triggerButtonAriaLabel\"\n\t\t\tdata-wp-init=\"callbacks.initTriggerButton\"\n\t\t\tdata-wp-on--click=\"actions.showLightbox\"\n\t\t\tdata-wp-style--right=\"state.thisImage.buttonRight\"\n\t\t\tdata-wp-style--top=\"state.thisImage.buttonTop\"\n\t\t>\n\t\t\t<svg xmlns=\"http:\/\/www.w3.org\/2000\/svg\" width=\"12\" height=\"12\" fill=\"none\" viewBox=\"0 0 12 12\">\n\t\t\t\t<path fill=\"#fff\" d=\"M2 0a2 2 0 0 0-2 2v2h1.5V2a.5.5 0 0 1 .5-.5h2V0H2Zm2 10.5H2a.5.5 0 0 1-.5-.5V8H0v2a2 2 0 0 0 2 2h2v-1.5ZM8 12v-1.5h2a.5.5 0 0 0 .5-.5V8H12v2a2 2 0 0 1-2 2H8Zm2-12a2 2 0 0 1 2 2v2h-1.5V2a.5.5 0 0 0-.5-.5H8V0h2Z\" \/>\n\t\t\t<\/svg>\n\t\t<\/button><figcaption class=\"wp-element-caption\">R\u00e5dhuset med det astronomiska uret och tornet man kan bestiga med guide<\/figcaption><\/figure>\n\n\n\n<p class=\"wp-block-paragraph\">Om du har lite st\u00f6rre barn med dig som redan klarar av att g\u00e5 uppf\u00f6r en del trappor b\u00f6r du absolut inte missa utsikten \u00f6ver staden fr\u00e5n f\u00e5gelperspektiv. R\u00e5dhustornet \u00e4r hela 75 meter h\u00f6gt och reser sig direkt \u00f6ver \u00d6vre torget, precis bredvid det ber\u00f6mda uret.<\/p>\n\n\n\n<p class=\"wp-block-paragraph\">Uppstigningen sker s\u00e4songsvis och alltid med guide, s\u00e5 du f\u00e5r \u00e4ven h\u00f6ra intressanta saker om historien. Utsikten fr\u00e5n balustraden \u00e4r helt h\u00e4nf\u00f6rande \u2013 h\u00e4rifr\u00e5n ser du alla de r\u00f6da taken, de slingriga gr\u00e4nderna och de omgivande kullarna, vilket definitivt \u00e4r v\u00e4rt anstr\u00e4ngningen i benen.<\/p>\n\n\n\n<h3 class=\"wp-block-heading\"><span class=\"ez-toc-section\" id=\"5_S_t_Mauritius_kyrka_och_tornbestigningen\"><\/span>5. S:t Mauritius kyrka och tornbestigningen<span class=\"ez-toc-section-end\"><\/span><\/h3>\n\n\n\n<figure data-wp-context=\"{&quot;imageId&quot;:&quot;6a979f268d2a2&quot;}\" data-wp-interactive=\"core\/image\" data-wp-key=\"6a979f268d2a2\" class=\"wp-block-image size-full wp-lightbox-container\"><img decoding=\"async\" width=\"1467\" height=\"2200\" data-wp-class--hide=\"state.isContentHidden\" data-wp-class--show=\"state.isContentVisible\" data-wp-init=\"callbacks.setButtonStyles\" data-wp-on--click=\"actions.showLightbox\" data-wp-on--load=\"callbacks.setButtonStyles\" data-wp-on--pointerdown=\"actions.preloadImage\" data-wp-on--pointerenter=\"actions.preloadImageWithDelay\" data-wp-on--pointerleave=\"actions.cancelPreload\" data-wp-on-window--resize=\"callbacks.setButtonStyles\" src=\"https:\/\/loudavymkrokem.cz\/wp-content\/uploads\/2026\/08\/olomouc-s-detmi-ulicka-s-vezi.jpg\" alt=\"Olomoucgr\u00e4nd med ett kyrktorn i bakgrunden\" class=\"wp-image-401159\" title=\"\" srcset=\"https:\/\/loudavymkrokem.cz\/wp-content\/uploads\/2026\/08\/olomouc-s-detmi-ulicka-s-vezi.jpg 1467w, https:\/\/loudavymkrokem.cz\/wp-content\/uploads\/2026\/08\/olomouc-s-detmi-ulicka-s-vezi-200x300.jpg 200w, https:\/\/loudavymkrokem.cz\/wp-content\/uploads\/2026\/08\/olomouc-s-detmi-ulicka-s-vezi-700x1050.jpg 700w, https:\/\/loudavymkrokem.cz\/wp-content\/uploads\/2026\/08\/olomouc-s-detmi-ulicka-s-vezi-768x1152.jpg 768w, https:\/\/loudavymkrokem.cz\/wp-content\/uploads\/2026\/08\/olomouc-s-detmi-ulicka-s-vezi-1024x1536.jpg 1024w, https:\/\/loudavymkrokem.cz\/wp-content\/uploads\/2026\/08\/olomouc-s-detmi-ulicka-s-vezi-1366x2048.jpg 1366w, https:\/\/loudavymkrokem.cz\/wp-content\/uploads\/2026\/08\/olomouc-s-detmi-ulicka-s-vezi-696x1044.jpg 696w, https:\/\/loudavymkrokem.cz\/wp-content\/uploads\/2026\/08\/olomouc-s-detmi-ulicka-s-vezi-1392x2088.jpg 1392w\" sizes=\"(max-width: 1467px) 100vw, 1467px\" \/><button\n\t\t\tclass=\"lightbox-trigger\"\n\t\t\ttype=\"button\"\n\t\t\taria-haspopup=\"dialog\"\n\t\t\tdata-wp-bind--aria-label=\"state.thisImage.triggerButtonAriaLabel\"\n\t\t\tdata-wp-init=\"callbacks.initTriggerButton\"\n\t\t\tdata-wp-on--click=\"actions.showLightbox\"\n\t\t\tdata-wp-style--right=\"state.thisImage.buttonRight\"\n\t\t\tdata-wp-style--top=\"state.thisImage.buttonTop\"\n\t\t>\n\t\t\t<svg xmlns=\"http:\/\/www.w3.org\/2000\/svg\" width=\"12\" height=\"12\" fill=\"none\" viewBox=\"0 0 12 12\">\n\t\t\t\t<path fill=\"#fff\" d=\"M2 0a2 2 0 0 0-2 2v2h1.5V2a.5.5 0 0 1 .5-.5h2V0H2Zm2 10.5H2a.5.5 0 0 1-.5-.5V8H0v2a2 2 0 0 0 2 2h2v-1.5ZM8 12v-1.5h2a.5.5 0 0 0 .5-.5V8H12v2a2 2 0 0 1-2 2H8Zm2-12a2 2 0 0 1 2 2v2h-1.5V2a.5.5 0 0 0-.5-.5H8V0h2Z\" \/>\n\t\t\t<\/svg>\n\t\t<\/button><figcaption class=\"wp-element-caption\">Kyrktorn tittar fram \u00f6ver Olomoucs gr\u00e4nder i n\u00e4stan varje h\u00f6rn<\/figcaption><\/figure>\n\n\n\n<p class=\"wp-block-paragraph\">En \u00e4nnu b\u00e4ttre utsikt s\u00e4gs bjudas fr\u00e5n tornet p\u00e5 S:t Mauritius kyrka, som \u00e4r 46 meter h\u00f6gt och n\u00e5s via en vacker gammal spiraltrappa som i sig k\u00e4nns lite som ur en \u00e4ventyrsfilm. H\u00e4r brukar det vara \u00f6ppet ungef\u00e4r fr\u00e5n maj till september och bara i fint v\u00e4der, av s\u00e4kerhetssk\u00e4l.<\/p>\n\n\n\n<p class=\"wp-block-paragraph\">F\u00f6rutom den fantastiska utsikten har den h\u00e4r kyrkan ytterligare ett stort dragpl\u00e5ster. H\u00e4r g\u00f6mmer sig n\u00e4mligen <strong>Centraleuropas st\u00f6rsta orgel<\/strong>. Om du har tur och n\u00e5gon just \u00f6var eller det h\u00e5lls en konsert kommer det majest\u00e4tiska ljudet som ekar genom det enorma kyrkskeppet garanterat att fj\u00e4ttra dig p\u00e5 plats.<\/p>\n\n\n\n<h3 class=\"wp-block-heading\"><span class=\"ez-toc-section\" id=\"6_Smetanaparkerna\"><\/span>6. Smetanaparkerna<span class=\"ez-toc-section-end\"><\/span><\/h3>\n\n\n\n<figure data-wp-context=\"{&quot;imageId&quot;:&quot;6a979f268d71d&quot;}\" data-wp-interactive=\"core\/image\" data-wp-key=\"6a979f268d71d\" class=\"wp-block-image size-full wp-lightbox-container\"><img decoding=\"async\" width=\"1350\" height=\"1800\" data-wp-class--hide=\"state.isContentHidden\" data-wp-class--show=\"state.isContentVisible\" data-wp-init=\"callbacks.setButtonStyles\" data-wp-on--click=\"actions.showLightbox\" data-wp-on--load=\"callbacks.setButtonStyles\" data-wp-on--pointerdown=\"actions.preloadImage\" data-wp-on--pointerenter=\"actions.preloadImageWithDelay\" data-wp-on--pointerleave=\"actions.cancelPreload\" data-wp-on-window--resize=\"callbacks.setButtonStyles\" src=\"https:\/\/loudavymkrokem.cz\/wp-content\/uploads\/2026\/08\/olomouc-s-detmi-smetanovy-sady.jpg\" alt=\"All\u00e9 och rabatter i Smetanaparkerna i Olomouc\" class=\"wp-image-401155\" title=\"\" srcset=\"https:\/\/loudavymkrokem.cz\/wp-content\/uploads\/2026\/08\/olomouc-s-detmi-smetanovy-sady.jpg 1350w, https:\/\/loudavymkrokem.cz\/wp-content\/uploads\/2026\/08\/olomouc-s-detmi-smetanovy-sady-225x300.jpg 225w, https:\/\/loudavymkrokem.cz\/wp-content\/uploads\/2026\/08\/olomouc-s-detmi-smetanovy-sady-700x933.jpg 700w, https:\/\/loudavymkrokem.cz\/wp-content\/uploads\/2026\/08\/olomouc-s-detmi-smetanovy-sady-768x1024.jpg 768w, https:\/\/loudavymkrokem.cz\/wp-content\/uploads\/2026\/08\/olomouc-s-detmi-smetanovy-sady-1152x1536.jpg 1152w, https:\/\/loudavymkrokem.cz\/wp-content\/uploads\/2026\/08\/olomouc-s-detmi-smetanovy-sady-696x928.jpg 696w\" sizes=\"(max-width: 1350px) 100vw, 1350px\" \/><button\n\t\t\tclass=\"lightbox-trigger\"\n\t\t\ttype=\"button\"\n\t\t\taria-haspopup=\"dialog\"\n\t\t\tdata-wp-bind--aria-label=\"state.thisImage.triggerButtonAriaLabel\"\n\t\t\tdata-wp-init=\"callbacks.initTriggerButton\"\n\t\t\tdata-wp-on--click=\"actions.showLightbox\"\n\t\t\tdata-wp-style--right=\"state.thisImage.buttonRight\"\n\t\t\tdata-wp-style--top=\"state.thisImage.buttonTop\"\n\t\t>\n\t\t\t<svg xmlns=\"http:\/\/www.w3.org\/2000\/svg\" width=\"12\" height=\"12\" fill=\"none\" viewBox=\"0 0 12 12\">\n\t\t\t\t<path fill=\"#fff\" d=\"M2 0a2 2 0 0 0-2 2v2h1.5V2a.5.5 0 0 1 .5-.5h2V0H2Zm2 10.5H2a.5.5 0 0 1-.5-.5V8H0v2a2 2 0 0 0 2 2h2v-1.5ZM8 12v-1.5h2a.5.5 0 0 0 .5-.5V8H12v2a2 2 0 0 1-2 2H8Zm2-12a2 2 0 0 1 2 2v2h-1.5V2a.5.5 0 0 0-.5-.5H8V0h2Z\" \/>\n\t\t\t<\/svg>\n\t\t<\/button><figcaption class=\"wp-element-caption\">De breda all\u00e9erna i Smetanaparkerna \u00e4r perfekta f\u00f6r b\u00e5de sparkcykel och barnvagn<\/figcaption><\/figure>\n\n\n\n<p class=\"wp-block-paragraph\">N\u00e4r alla f\u00e5tt nog av kullersten och du beh\u00f6ver l\u00e5ta barnen springa av sig lite, sikta d\u00e5 mot Smetanaparkerna. Det \u00e4r en vidstr\u00e4ckt och underbart v\u00e4lsk\u00f6tt park bara ett stenkast fr\u00e5n sj\u00e4lva centrum, som p\u00e5 kartorna kan skryta med ett fint betyg p\u00e5 4,6 stj\u00e4rnor. H\u00e4r finns massor av stora tr\u00e4d som ger v\u00e4lg\u00f6rande skugga varma sommardagar och o\u00e4ndliga asfaltsg\u00e5ngar som \u00e4r perfekta f\u00f6r springcyklar.<\/p>\n\n\n\n<p class=\"wp-block-paragraph\">H\u00e4r \u00e4r det enormt lugnt och gott om plats f\u00f6r picknick p\u00e5 gr\u00e4set. F\u00f6r\u00e4ldrar p\u00e5pekar dock ofta \u00e4rligt i recensionerna en liten nackdel: f\u00f6r en s\u00e5 pass stor park finns bara en enda lekplats, s\u00e5 under de mest popul\u00e4ra tiderna kan det bli ganska tr\u00e5ngt d\u00e4r.<\/p>\n\n\n\n<h3 class=\"wp-block-heading\"><span class=\"ez-toc-section\" id=\"7_Bezrucparken_och_stadsmurarna\"><\/span>7. Bezru\u010dparken och stadsmurarna<span class=\"ez-toc-section-end\"><\/span><\/h3>\n\n\n\n<figure data-wp-context=\"{&quot;imageId&quot;:&quot;6a979f268db85&quot;}\" data-wp-interactive=\"core\/image\" data-wp-key=\"6a979f268db85\" class=\"wp-block-image size-full wp-lightbox-container\"><img decoding=\"async\" width=\"1800\" height=\"1350\" data-wp-class--hide=\"state.isContentHidden\" data-wp-class--show=\"state.isContentVisible\" data-wp-init=\"callbacks.setButtonStyles\" data-wp-on--click=\"actions.showLightbox\" data-wp-on--load=\"callbacks.setButtonStyles\" data-wp-on--pointerdown=\"actions.preloadImage\" data-wp-on--pointerenter=\"actions.preloadImageWithDelay\" data-wp-on--pointerleave=\"actions.cancelPreload\" data-wp-on-window--resize=\"callbacks.setButtonStyles\" src=\"https:\/\/loudavymkrokem.cz\/wp-content\/uploads\/2026\/08\/olomouc-s-detmi-bezrucovy-sady.jpg\" alt=\"Stadsmurar med litet torn i Bezru\u010dparken i Olomouc\" class=\"wp-image-401121\" title=\"\" srcset=\"https:\/\/loudavymkrokem.cz\/wp-content\/uploads\/2026\/08\/olomouc-s-detmi-bezrucovy-sady.jpg 1800w, https:\/\/loudavymkrokem.cz\/wp-content\/uploads\/2026\/08\/olomouc-s-detmi-bezrucovy-sady-300x225.jpg 300w, https:\/\/loudavymkrokem.cz\/wp-content\/uploads\/2026\/08\/olomouc-s-detmi-bezrucovy-sady-700x525.jpg 700w, https:\/\/loudavymkrokem.cz\/wp-content\/uploads\/2026\/08\/olomouc-s-detmi-bezrucovy-sady-768x576.jpg 768w, https:\/\/loudavymkrokem.cz\/wp-content\/uploads\/2026\/08\/olomouc-s-detmi-bezrucovy-sady-1536x1152.jpg 1536w, https:\/\/loudavymkrokem.cz\/wp-content\/uploads\/2026\/08\/olomouc-s-detmi-bezrucovy-sady-80x60.jpg 80w, https:\/\/loudavymkrokem.cz\/wp-content\/uploads\/2026\/08\/olomouc-s-detmi-bezrucovy-sady-160x120.jpg 160w, https:\/\/loudavymkrokem.cz\/wp-content\/uploads\/2026\/08\/olomouc-s-detmi-bezrucovy-sady-696x522.jpg 696w, https:\/\/loudavymkrokem.cz\/wp-content\/uploads\/2026\/08\/olomouc-s-detmi-bezrucovy-sady-1392x1044.jpg 1392w\" sizes=\"(max-width: 1800px) 100vw, 1800px\" \/><button\n\t\t\tclass=\"lightbox-trigger\"\n\t\t\ttype=\"button\"\n\t\t\taria-haspopup=\"dialog\"\n\t\t\tdata-wp-bind--aria-label=\"state.thisImage.triggerButtonAriaLabel\"\n\t\t\tdata-wp-init=\"callbacks.initTriggerButton\"\n\t\t\tdata-wp-on--click=\"actions.showLightbox\"\n\t\t\tdata-wp-style--right=\"state.thisImage.buttonRight\"\n\t\t\tdata-wp-style--top=\"state.thisImage.buttonTop\"\n\t\t>\n\t\t\t<svg xmlns=\"http:\/\/www.w3.org\/2000\/svg\" width=\"12\" height=\"12\" fill=\"none\" viewBox=\"0 0 12 12\">\n\t\t\t\t<path fill=\"#fff\" d=\"M2 0a2 2 0 0 0-2 2v2h1.5V2a.5.5 0 0 1 .5-.5h2V0H2Zm2 10.5H2a.5.5 0 0 1-.5-.5V8H0v2a2 2 0 0 0 2 2h2v-1.5ZM8 12v-1.5h2a.5.5 0 0 0 .5-.5V8H12v2a2 2 0 0 1-2 2H8Zm2-12a2 2 0 0 1 2 2v2h-1.5V2a.5.5 0 0 0-.5-.5H8V0h2Z\" \/>\n\t\t\t<\/svg>\n\t\t<\/button><figcaption class=\"wp-element-caption\">Murarna med tornet i Bezru\u010dparken, en perfekt kuliss f\u00f6r riddarlekar<\/figcaption><\/figure>\n\n\n\n<p class=\"wp-block-paragraph\">Alldeles i sikte fr\u00e5n Smetanaparkerna, utstr\u00e4ckt under de gamla stadsmurarna, ligger Bezru\u010dparken. Om du beger dig hit p\u00e5 v\u00e5ren f\u00e5r du uppleva en otrolig syn, f\u00f6r hela parken lyser upp av vackert blommande magnolior, under vilka i princip varje bes\u00f6kare i staden fotograferar sig.<\/p>\n\n\n\n<p class=\"wp-block-paragraph\">F\u00f6r barnen finns h\u00e4r en superattraktion i form av en naturstig l\u00e4ngs de gamla barockf\u00e4stningarna. H\u00e4r andas det historia fr\u00e5n den gamla bef\u00e4sta staden, och f\u00f6r de barn som \u00e4lskar riddare och borgar \u00e4r dessa m\u00e4ktiga tegelmurar som gjorda f\u00f6r alla m\u00f6jliga fantasifulla stridslekar.<\/p>\n\n\n\n<h3 class=\"wp-block-heading\"><span class=\"ez-toc-section\" id=\"8_Rosariet\"><\/span>8. Rosariet<span class=\"ez-toc-section-end\"><\/span><\/h3>\n\n\n\n<figure data-wp-context=\"{&quot;imageId&quot;:&quot;6a979f268e184&quot;}\" data-wp-interactive=\"core\/image\" data-wp-key=\"6a979f268e184\" class=\"wp-block-image size-full wp-lightbox-container\"><img decoding=\"async\" width=\"1800\" height=\"1347\" data-wp-class--hide=\"state.isContentHidden\" data-wp-class--show=\"state.isContentVisible\" data-wp-init=\"callbacks.setButtonStyles\" data-wp-on--click=\"actions.showLightbox\" data-wp-on--load=\"callbacks.setButtonStyles\" data-wp-on--pointerdown=\"actions.preloadImage\" data-wp-on--pointerenter=\"actions.preloadImageWithDelay\" data-wp-on--pointerleave=\"actions.cancelPreload\" data-wp-on-window--resize=\"callbacks.setButtonStyles\" src=\"https:\/\/loudavymkrokem.cz\/wp-content\/uploads\/2026\/08\/olomouc-s-detmi-rozarium.jpg\" alt=\"Rosariet i Olomouc med blommande rosenrabatter\" class=\"wp-image-401109\" title=\"\" srcset=\"https:\/\/loudavymkrokem.cz\/wp-content\/uploads\/2026\/08\/olomouc-s-detmi-rozarium.jpg 1800w, https:\/\/loudavymkrokem.cz\/wp-content\/uploads\/2026\/08\/olomouc-s-detmi-rozarium-300x225.jpg 300w, https:\/\/loudavymkrokem.cz\/wp-content\/uploads\/2026\/08\/olomouc-s-detmi-rozarium-700x524.jpg 700w, https:\/\/loudavymkrokem.cz\/wp-content\/uploads\/2026\/08\/olomouc-s-detmi-rozarium-768x575.jpg 768w, https:\/\/loudavymkrokem.cz\/wp-content\/uploads\/2026\/08\/olomouc-s-detmi-rozarium-1536x1149.jpg 1536w, https:\/\/loudavymkrokem.cz\/wp-content\/uploads\/2026\/08\/olomouc-s-detmi-rozarium-80x60.jpg 80w, https:\/\/loudavymkrokem.cz\/wp-content\/uploads\/2026\/08\/olomouc-s-detmi-rozarium-160x120.jpg 160w, https:\/\/loudavymkrokem.cz\/wp-content\/uploads\/2026\/08\/olomouc-s-detmi-rozarium-696x521.jpg 696w, https:\/\/loudavymkrokem.cz\/wp-content\/uploads\/2026\/08\/olomouc-s-detmi-rozarium-1392x1042.jpg 1392w\" sizes=\"(max-width: 1800px) 100vw, 1800px\" \/><button\n\t\t\tclass=\"lightbox-trigger\"\n\t\t\ttype=\"button\"\n\t\t\taria-haspopup=\"dialog\"\n\t\t\tdata-wp-bind--aria-label=\"state.thisImage.triggerButtonAriaLabel\"\n\t\t\tdata-wp-init=\"callbacks.initTriggerButton\"\n\t\t\tdata-wp-on--click=\"actions.showLightbox\"\n\t\t\tdata-wp-style--right=\"state.thisImage.buttonRight\"\n\t\t\tdata-wp-style--top=\"state.thisImage.buttonTop\"\n\t\t>\n\t\t\t<svg xmlns=\"http:\/\/www.w3.org\/2000\/svg\" width=\"12\" height=\"12\" fill=\"none\" viewBox=\"0 0 12 12\">\n\t\t\t\t<path fill=\"#fff\" d=\"M2 0a2 2 0 0 0-2 2v2h1.5V2a.5.5 0 0 1 .5-.5h2V0H2Zm2 10.5H2a.5.5 0 0 1-.5-.5V8H0v2a2 2 0 0 0 2 2h2v-1.5ZM8 12v-1.5h2a.5.5 0 0 0 .5-.5V8H12v2a2 2 0 0 1-2 2H8Zm2-12a2 2 0 0 1 2 2v2h-1.5V2a.5.5 0 0 0-.5-.5H8V0h2Z\" \/>\n\t\t\t<\/svg>\n\t\t<\/button><figcaption class=\"wp-element-caption\">Rosariet har breda, raka g\u00e5ngar, s\u00e5 det g\u00e5r bra att ta sig fram med barnvagn<\/figcaption><\/figure>\n\n\n\n<p class=\"wp-block-paragraph\">P\u00e5 gatan 17. listopadu hittar du ytterligare en gr\u00f6n oas \u2013 Olomoucs Rosarium, som fungerar som en botanisk tr\u00e4dg\u00e5rd och roseng\u00e5rd i ett. Det \u00e4r ett enormt popul\u00e4rt st\u00e4lle, vilket bevisas av betyget <strong>4,7 av 1 877 recensioner<\/strong>, och lokalborna kommer g\u00e4rna hit p\u00e5 helgpromenader.<\/p>\n\n\n\n<p class=\"wp-block-paragraph\">En stor f\u00f6rdel f\u00f6r familjer \u00e4r att omr\u00e5det \u00e4r delvis tillg\u00e4nglighetsanpassat och kan skryta med breda, j\u00e4mna g\u00e5ngar, s\u00e5 det \u00e4r helt underbart om du \u00e4r ute <strong>med barnvagn<\/strong>. Under rosornas blomningstid \u00e4r det dessutom en s\u00e5dan doft h\u00e4r att du inte alls vill l\u00e4mna platsen.<\/p>\n\n\n\n<h3 class=\"wp-block-heading\"><span class=\"ez-toc-section\" id=\"9_Kronfastningen\"><\/span>9. Kronf\u00e4stningen<span class=\"ez-toc-section-end\"><\/span><\/h3>\n\n\n\n<figure data-wp-context=\"{&quot;imageId&quot;:&quot;6a979f268e7fa&quot;}\" data-wp-interactive=\"core\/image\" data-wp-key=\"6a979f268e7fa\" class=\"wp-block-image size-full wp-lightbox-container\"><img decoding=\"async\" width=\"1800\" height=\"1350\" data-wp-class--hide=\"state.isContentHidden\" data-wp-class--show=\"state.isContentVisible\" data-wp-init=\"callbacks.setButtonStyles\" data-wp-on--click=\"actions.showLightbox\" data-wp-on--load=\"callbacks.setButtonStyles\" data-wp-on--pointerdown=\"actions.preloadImage\" data-wp-on--pointerenter=\"actions.preloadImageWithDelay\" data-wp-on--pointerleave=\"actions.cancelPreload\" data-wp-on-window--resize=\"callbacks.setButtonStyles\" src=\"https:\/\/loudavymkrokem.cz\/wp-content\/uploads\/2026\/08\/olomouc-s-detmi-korunni-pevnustka.jpg\" alt=\"Murarna kring Kronf\u00e4stningen i Olomouc\" class=\"wp-image-401103\" title=\"\" srcset=\"https:\/\/loudavymkrokem.cz\/wp-content\/uploads\/2026\/08\/olomouc-s-detmi-korunni-pevnustka.jpg 1800w, https:\/\/loudavymkrokem.cz\/wp-content\/uploads\/2026\/08\/olomouc-s-detmi-korunni-pevnustka-300x225.jpg 300w, https:\/\/loudavymkrokem.cz\/wp-content\/uploads\/2026\/08\/olomouc-s-detmi-korunni-pevnustka-700x525.jpg 700w, https:\/\/loudavymkrokem.cz\/wp-content\/uploads\/2026\/08\/olomouc-s-detmi-korunni-pevnustka-768x576.jpg 768w, https:\/\/loudavymkrokem.cz\/wp-content\/uploads\/2026\/08\/olomouc-s-detmi-korunni-pevnustka-1536x1152.jpg 1536w, https:\/\/loudavymkrokem.cz\/wp-content\/uploads\/2026\/08\/olomouc-s-detmi-korunni-pevnustka-80x60.jpg 80w, https:\/\/loudavymkrokem.cz\/wp-content\/uploads\/2026\/08\/olomouc-s-detmi-korunni-pevnustka-160x120.jpg 160w, https:\/\/loudavymkrokem.cz\/wp-content\/uploads\/2026\/08\/olomouc-s-detmi-korunni-pevnustka-696x522.jpg 696w, https:\/\/loudavymkrokem.cz\/wp-content\/uploads\/2026\/08\/olomouc-s-detmi-korunni-pevnustka-1392x1044.jpg 1392w\" sizes=\"(max-width: 1800px) 100vw, 1800px\" \/><button\n\t\t\tclass=\"lightbox-trigger\"\n\t\t\ttype=\"button\"\n\t\t\taria-haspopup=\"dialog\"\n\t\t\tdata-wp-bind--aria-label=\"state.thisImage.triggerButtonAriaLabel\"\n\t\t\tdata-wp-init=\"callbacks.initTriggerButton\"\n\t\t\tdata-wp-on--click=\"actions.showLightbox\"\n\t\t\tdata-wp-style--right=\"state.thisImage.buttonRight\"\n\t\t\tdata-wp-style--top=\"state.thisImage.buttonTop\"\n\t\t>\n\t\t\t<svg xmlns=\"http:\/\/www.w3.org\/2000\/svg\" width=\"12\" height=\"12\" fill=\"none\" viewBox=\"0 0 12 12\">\n\t\t\t\t<path fill=\"#fff\" d=\"M2 0a2 2 0 0 0-2 2v2h1.5V2a.5.5 0 0 1 .5-.5h2V0H2Zm2 10.5H2a.5.5 0 0 1-.5-.5V8H0v2a2 2 0 0 0 2 2h2v-1.5ZM8 12v-1.5h2a.5.5 0 0 0 .5-.5V8H12v2a2 2 0 0 1-2 2H8Zm2-12a2 2 0 0 1 2 2v2h-1.5V2a.5.5 0 0 0-.5-.5H8V0h2Z\" \/>\n\t\t\t<\/svg>\n\t\t<\/button><figcaption class=\"wp-element-caption\">Murarna kring Kronf\u00e4stningen, d\u00e4r \u00e4ven Kunskapsf\u00e4stet h\u00e5ller till<\/figcaption><\/figure>\n\n\n\n<p class=\"wp-block-paragraph\">Olomouc var en g\u00e5ng en m\u00e4ktig f\u00e4stning, och en bit av den milit\u00e4ra historien kan du ta p\u00e5 i omr\u00e5det vid Kronf\u00e4stningen p\u00e5 adressen Michalsk\u00e1 8. H\u00e4r finns en bevarad del av den terezianska barockf\u00e4stningen, och i det gamla krutmagasinet ligger idag ett museum d\u00e4r du kan se en enorm gipsmodell av stadens ursprungliga bef\u00e4stningar. Folk gillar den h\u00e4r platsen v\u00e4ldigt mycket och ger den ett fint betyg p\u00e5 <strong>4,6 av 733 recensioner<\/strong>.<\/p>\n\n\n\n<p class=\"wp-block-paragraph\">Omr\u00e5det \u00e4r \u00f6ppet fr\u00e5n april till oktober (st\u00e4ngt p\u00e5 m\u00e5ndagar, annars tisdag till fredag 9\u201317, helger 10\u201317) med sista m\u00f6jliga visning kl. 16:30. Intr\u00e4det \u00e4r v\u00e4ldigt v\u00e4nligt \u2013 vuxna betalar cirka <strong>30 kr (60 K\u010d)<\/strong>, barn mellan 6 och 15 \u00e5r <strong>15 kr (30 K\u010d)<\/strong>, medan de allra minsta upp till 6 \u00e5r g\u00e5r in helt gratis. Det finns \u00e4ven f\u00f6rm\u00e5nliga familjebiljetter f\u00f6r cirka 55 kr (120 K\u010d, 2+1) eller 70 kr (150 K\u010d) f\u00f6r st\u00f6rre familjer.<\/p>\n\n\n\n<h3 class=\"wp-block-heading\"><span class=\"ez-toc-section\" id=\"10_Muraler_och_gatukonst_i_portgangarna\"><\/span>10. Muraler och gatukonst i portg\u00e5ngarna<span class=\"ez-toc-section-end\"><\/span><\/h3>\n\n\n\n<figure data-wp-context=\"{&quot;imageId&quot;:&quot;6a979f268ed49&quot;}\" data-wp-interactive=\"core\/image\" data-wp-key=\"6a979f268ed49\" class=\"wp-block-image size-full wp-lightbox-container\"><img decoding=\"async\" width=\"2200\" height=\"1467\" data-wp-class--hide=\"state.isContentHidden\" data-wp-class--show=\"state.isContentVisible\" data-wp-init=\"callbacks.setButtonStyles\" data-wp-on--click=\"actions.showLightbox\" data-wp-on--load=\"callbacks.setButtonStyles\" data-wp-on--pointerdown=\"actions.preloadImage\" data-wp-on--pointerenter=\"actions.preloadImageWithDelay\" data-wp-on--pointerleave=\"actions.cancelPreload\" data-wp-on-window--resize=\"callbacks.setButtonStyles\" src=\"https:\/\/loudavymkrokem.cz\/wp-content\/uploads\/2026\/08\/olomouc-s-detmi-mural-detail-klenba.jpg\" alt=\"Bl\u00e5 m\u00e5lning i valvet p\u00e5 en portg\u00e5ng i centrala Olomouc\" class=\"wp-image-401048\" title=\"\" srcset=\"https:\/\/loudavymkrokem.cz\/wp-content\/uploads\/2026\/08\/olomouc-s-detmi-mural-detail-klenba.jpg 2200w, https:\/\/loudavymkrokem.cz\/wp-content\/uploads\/2026\/08\/olomouc-s-detmi-mural-detail-klenba-300x200.jpg 300w, https:\/\/loudavymkrokem.cz\/wp-content\/uploads\/2026\/08\/olomouc-s-detmi-mural-detail-klenba-700x467.jpg 700w, https:\/\/loudavymkrokem.cz\/wp-content\/uploads\/2026\/08\/olomouc-s-detmi-mural-detail-klenba-768x512.jpg 768w, https:\/\/loudavymkrokem.cz\/wp-content\/uploads\/2026\/08\/olomouc-s-detmi-mural-detail-klenba-1536x1024.jpg 1536w, https:\/\/loudavymkrokem.cz\/wp-content\/uploads\/2026\/08\/olomouc-s-detmi-mural-detail-klenba-2048x1366.jpg 2048w, https:\/\/loudavymkrokem.cz\/wp-content\/uploads\/2026\/08\/olomouc-s-detmi-mural-detail-klenba-696x464.jpg 696w, https:\/\/loudavymkrokem.cz\/wp-content\/uploads\/2026\/08\/olomouc-s-detmi-mural-detail-klenba-1392x928.jpg 1392w, https:\/\/loudavymkrokem.cz\/wp-content\/uploads\/2026\/08\/olomouc-s-detmi-mural-detail-klenba-1920x1280.jpg 1920w\" sizes=\"(max-width: 2200px) 100vw, 2200px\" \/><button\n\t\t\tclass=\"lightbox-trigger\"\n\t\t\ttype=\"button\"\n\t\t\taria-haspopup=\"dialog\"\n\t\t\tdata-wp-bind--aria-label=\"state.thisImage.triggerButtonAriaLabel\"\n\t\t\tdata-wp-init=\"callbacks.initTriggerButton\"\n\t\t\tdata-wp-on--click=\"actions.showLightbox\"\n\t\t\tdata-wp-style--right=\"state.thisImage.buttonRight\"\n\t\t\tdata-wp-style--top=\"state.thisImage.buttonTop\"\n\t\t>\n\t\t\t<svg xmlns=\"http:\/\/www.w3.org\/2000\/svg\" width=\"12\" height=\"12\" fill=\"none\" viewBox=\"0 0 12 12\">\n\t\t\t\t<path fill=\"#fff\" d=\"M2 0a2 2 0 0 0-2 2v2h1.5V2a.5.5 0 0 1 .5-.5h2V0H2Zm2 10.5H2a.5.5 0 0 1-.5-.5V8H0v2a2 2 0 0 0 2 2h2v-1.5ZM8 12v-1.5h2a.5.5 0 0 0 .5-.5V8H12v2a2 2 0 0 1-2 2H8Zm2-12a2 2 0 0 1 2 2v2h-1.5V2a.5.5 0 0 0-.5-.5H8V0h2Z\" \/>\n\t\t\t<\/svg>\n\t\t<\/button><figcaption class=\"wp-element-caption\">Portg\u00e5ngarna med m\u00e5lningar \u00e4r f\u00f6r barnen den b\u00e4sta delen av centrumpromenaden<\/figcaption><\/figure>\n\n\n\n<figure data-wp-context=\"{&quot;imageId&quot;:&quot;6a979f268f0fb&quot;}\" data-wp-interactive=\"core\/image\" data-wp-key=\"6a979f268f0fb\" class=\"wp-block-image size-full wp-lightbox-container\"><img decoding=\"async\" width=\"2200\" height=\"1467\" data-wp-class--hide=\"state.isContentHidden\" data-wp-class--show=\"state.isContentVisible\" data-wp-init=\"callbacks.setButtonStyles\" data-wp-on--click=\"actions.showLightbox\" data-wp-on--load=\"callbacks.setButtonStyles\" data-wp-on--pointerdown=\"actions.preloadImage\" data-wp-on--pointerenter=\"actions.preloadImageWithDelay\" data-wp-on--pointerleave=\"actions.cancelPreload\" data-wp-on-window--resize=\"callbacks.setButtonStyles\" src=\"https:\/\/loudavymkrokem.cz\/wp-content\/uploads\/2026\/08\/olomouc-s-detmi-mural-stit-domu.jpg\" alt=\"Storformatsm\u00e5lning p\u00e5 en husgavel i Olomouc\" class=\"wp-image-401040\" title=\"\" srcset=\"https:\/\/loudavymkrokem.cz\/wp-content\/uploads\/2026\/08\/olomouc-s-detmi-mural-stit-domu.jpg 2200w, https:\/\/loudavymkrokem.cz\/wp-content\/uploads\/2026\/08\/olomouc-s-detmi-mural-stit-domu-300x200.jpg 300w, https:\/\/loudavymkrokem.cz\/wp-content\/uploads\/2026\/08\/olomouc-s-detmi-mural-stit-domu-700x467.jpg 700w, https:\/\/loudavymkrokem.cz\/wp-content\/uploads\/2026\/08\/olomouc-s-detmi-mural-stit-domu-768x512.jpg 768w, https:\/\/loudavymkrokem.cz\/wp-content\/uploads\/2026\/08\/olomouc-s-detmi-mural-stit-domu-1536x1024.jpg 1536w, https:\/\/loudavymkrokem.cz\/wp-content\/uploads\/2026\/08\/olomouc-s-detmi-mural-stit-domu-2048x1366.jpg 2048w, https:\/\/loudavymkrokem.cz\/wp-content\/uploads\/2026\/08\/olomouc-s-detmi-mural-stit-domu-696x464.jpg 696w, https:\/\/loudavymkrokem.cz\/wp-content\/uploads\/2026\/08\/olomouc-s-detmi-mural-stit-domu-1392x928.jpg 1392w, https:\/\/loudavymkrokem.cz\/wp-content\/uploads\/2026\/08\/olomouc-s-detmi-mural-stit-domu-1920x1280.jpg 1920w\" sizes=\"(max-width: 2200px) 100vw, 2200px\" \/><button\n\t\t\tclass=\"lightbox-trigger\"\n\t\t\ttype=\"button\"\n\t\t\taria-haspopup=\"dialog\"\n\t\t\tdata-wp-bind--aria-label=\"state.thisImage.triggerButtonAriaLabel\"\n\t\t\tdata-wp-init=\"callbacks.initTriggerButton\"\n\t\t\tdata-wp-on--click=\"actions.showLightbox\"\n\t\t\tdata-wp-style--right=\"state.thisImage.buttonRight\"\n\t\t\tdata-wp-style--top=\"state.thisImage.buttonTop\"\n\t\t>\n\t\t\t<svg xmlns=\"http:\/\/www.w3.org\/2000\/svg\" width=\"12\" height=\"12\" fill=\"none\" viewBox=\"0 0 12 12\">\n\t\t\t\t<path fill=\"#fff\" d=\"M2 0a2 2 0 0 0-2 2v2h1.5V2a.5.5 0 0 1 .5-.5h2V0H2Zm2 10.5H2a.5.5 0 0 1-.5-.5V8H0v2a2 2 0 0 0 2 2h2v-1.5ZM8 12v-1.5h2a.5.5 0 0 0 .5-.5V8H12v2a2 2 0 0 1-2 2H8Zm2-12a2 2 0 0 1 2 2v2h-1.5V2a.5.5 0 0 0-.5-.5H8V0h2Z\" \/>\n\t\t\t<\/svg>\n\t\t<\/button><figcaption class=\"wp-element-caption\">Storformatsm\u00e5lningar hittar du \u00e4ven p\u00e5 gavlarna till helt vanliga hus<\/figcaption><\/figure>\n\n\n\n<p class=\"wp-block-paragraph\">Det sista tipset p\u00e5 utomhusaktiviteter \u00e4r en sorts stadsdetektivjakt. Olomouc andas visserligen historia, men den \u00e4r inte r\u00e4dd f\u00f6r modern konst heller. Mitt i centrum, ofta g\u00f6mda i portg\u00e5ngar, arkader eller p\u00e5 h\u00f6ga gavlar av gamla hus, finns flera h\u00e4nf\u00f6rande storformatsm\u00e5lningar, s\u00e5 kallade muraler.<\/p>\n\n\n\n<p class=\"wp-block-paragraph\">F\u00f6rs\u00f6k leta upp deras platser i f\u00f6rv\u00e4g och g\u00f6r stadspromenaden till en sp\u00e5rningslek. Barnen uppt\u00e4cker oftast dessa j\u00e4ttelika f\u00e4rgglada bilder med enorm entusiasm, och det g\u00e5r alldeles utm\u00e4rkt att kombinera med till exempel den redan n\u00e4mnda jakten p\u00e5 barockfont\u00e4nerna.<\/p>\n\n\n\n<h2 class=\"wp-block-heading\"><span class=\"ez-toc-section\" id=\"Nar_det_regnar_lekhallar_museer_och_nojescentrum\"><\/span>N\u00e4r det regnar: lekhallar, museer och n\u00f6jescentrum<span class=\"ez-toc-section-end\"><\/span><\/h2>\n\n\n\n<p class=\"wp-block-paragraph\">Om du undrar <strong>vart du kan ta v\u00e4gen i Olomouc med barn n\u00e4r det regnar<\/strong> har jag goda nyheter. Den h\u00e4r staden \u00e4r utrustad f\u00f6r regniga dagar som kanske ingen annan i landet. Koncentrationen av bra inomhuslekhallar och interaktiva utst\u00e4llningar \u00e4r helt osedvanlig, och en av de underbara lekhallarna i centrum r\u00e4ddade en hel eftermiddag f\u00f6r oss. L\u00e5t oss titta p\u00e5 de b\u00e4sta alternativen.<\/p>\n\n\n\n<h3 class=\"wp-block-heading\"><span class=\"ez-toc-section\" id=\"11_Kunskapsfastet_Pevnost_poznani\"><\/span>11. Kunskapsf\u00e4stet (Pevnost pozn\u00e1n\u00ed)<span class=\"ez-toc-section-end\"><\/span><\/h3>\n\n\n\n<figure data-wp-context=\"{&quot;imageId&quot;:&quot;6a979f268f610&quot;}\" data-wp-interactive=\"core\/image\" data-wp-key=\"6a979f268f610\" class=\"wp-block-image size-full wp-lightbox-container\"><img decoding=\"async\" width=\"1800\" height=\"1347\" data-wp-class--hide=\"state.isContentHidden\" data-wp-class--show=\"state.isContentVisible\" data-wp-init=\"callbacks.setButtonStyles\" data-wp-on--click=\"actions.showLightbox\" data-wp-on--load=\"callbacks.setButtonStyles\" data-wp-on--pointerdown=\"actions.preloadImage\" data-wp-on--pointerenter=\"actions.preloadImageWithDelay\" data-wp-on--pointerleave=\"actions.cancelPreload\" data-wp-on-window--resize=\"callbacks.setButtonStyles\" src=\"https:\/\/loudavymkrokem.cz\/wp-content\/uploads\/2026\/08\/olomouc-s-detmi-pevnost-poznani.jpg\" alt=\"Interaktiv utst\u00e4llning i Kunskapsf\u00e4stet i Olomouc\" class=\"wp-image-401123\" title=\"\" srcset=\"https:\/\/loudavymkrokem.cz\/wp-content\/uploads\/2026\/08\/olomouc-s-detmi-pevnost-poznani.jpg 1800w, https:\/\/loudavymkrokem.cz\/wp-content\/uploads\/2026\/08\/olomouc-s-detmi-pevnost-poznani-300x225.jpg 300w, https:\/\/loudavymkrokem.cz\/wp-content\/uploads\/2026\/08\/olomouc-s-detmi-pevnost-poznani-700x524.jpg 700w, https:\/\/loudavymkrokem.cz\/wp-content\/uploads\/2026\/08\/olomouc-s-detmi-pevnost-poznani-768x575.jpg 768w, https:\/\/loudavymkrokem.cz\/wp-content\/uploads\/2026\/08\/olomouc-s-detmi-pevnost-poznani-1536x1149.jpg 1536w, https:\/\/loudavymkrokem.cz\/wp-content\/uploads\/2026\/08\/olomouc-s-detmi-pevnost-poznani-80x60.jpg 80w, https:\/\/loudavymkrokem.cz\/wp-content\/uploads\/2026\/08\/olomouc-s-detmi-pevnost-poznani-160x120.jpg 160w, https:\/\/loudavymkrokem.cz\/wp-content\/uploads\/2026\/08\/olomouc-s-detmi-pevnost-poznani-696x521.jpg 696w, https:\/\/loudavymkrokem.cz\/wp-content\/uploads\/2026\/08\/olomouc-s-detmi-pevnost-poznani-1392x1042.jpg 1392w\" sizes=\"(max-width: 1800px) 100vw, 1800px\" \/><button\n\t\t\tclass=\"lightbox-trigger\"\n\t\t\ttype=\"button\"\n\t\t\taria-haspopup=\"dialog\"\n\t\t\tdata-wp-bind--aria-label=\"state.thisImage.triggerButtonAriaLabel\"\n\t\t\tdata-wp-init=\"callbacks.initTriggerButton\"\n\t\t\tdata-wp-on--click=\"actions.showLightbox\"\n\t\t\tdata-wp-style--right=\"state.thisImage.buttonRight\"\n\t\t\tdata-wp-style--top=\"state.thisImage.buttonTop\"\n\t\t>\n\t\t\t<svg xmlns=\"http:\/\/www.w3.org\/2000\/svg\" width=\"12\" height=\"12\" fill=\"none\" viewBox=\"0 0 12 12\">\n\t\t\t\t<path fill=\"#fff\" d=\"M2 0a2 2 0 0 0-2 2v2h1.5V2a.5.5 0 0 1 .5-.5h2V0H2Zm2 10.5H2a.5.5 0 0 1-.5-.5V8H0v2a2 2 0 0 0 2 2h2v-1.5ZM8 12v-1.5h2a.5.5 0 0 0 .5-.5V8H12v2a2 2 0 0 1-2 2H8Zm2-12a2 2 0 0 1 2 2v2h-1.5V2a.5.5 0 0 0-.5-.5H8V0h2Z\" \/>\n\t\t\t<\/svg>\n\t\t<\/button><figcaption class=\"wp-element-caption\">\u00d6ver hundra interaktiva utst\u00e4llningsf\u00f6rem\u00e5l som barnen kan ta p\u00e5 och testa<\/figcaption><\/figure>\n\n\n\n<p class=\"wp-block-paragraph\">Om du letar efter en aktivitet f\u00f6r en hel regnig eftermiddag \u00e4r Palack\u00fd-universitetets interaktiva science center <a href=\"https:\/\/www.pevnostpoznani.cz\/\" target=\"_blank\" rel=\"nofollow noopener\">Pevnost pozn\u00e1n\u00ed<\/a> (Kunskapsf\u00e4stet), bel\u00e4get i Kronf\u00e4stningens omr\u00e5de (17. listopadu 939), den absoluta ettan. Kunskapsf\u00e4stet har ett otroligt betyg p\u00e5 <strong>4,7 av n\u00e4stan tre tusen recensioner<\/strong> och i den gamla milit\u00e4rbyggnaden breder fyra huvudutst\u00e4llningar ut sig: In i historien!, Levande vatten, F\u00f6rst\u00e5nd i handen samt Ljus och m\u00f6rker.<\/p>\n\n\n\n<p class=\"wp-block-paragraph\">Totalt v\u00e4ntar h\u00e4r \u00f6ver <strong>100 interaktiva utst\u00e4llningsf\u00f6rem\u00e5l<\/strong> som barnen kan ta p\u00e5, testa och utforska, plus ett fantastiskt <strong>digitalt planetarium<\/strong>. \u00d6ppet \u00e4r det vardagar kl. 9\u201317 och helger kl. 10\u201318 (obs, fr\u00e5n september till maj \u00e4r det st\u00e4ngt p\u00e5 m\u00e5ndagar). En vuxen betalar cirka <strong>90 kr (190 K\u010d)<\/strong>, reducerat intr\u00e4de f\u00f6r barn, studenter och pension\u00e4rer \u00e4r cirka <strong>75 kr (160 K\u010d)<\/strong>, medan familjebiljetter kostar mellan cirka 210 och 355 kr (460\u2013775 K\u010d) beroende p\u00e5 antal medlemmar. Vill du bara in p\u00e5 en enda utst\u00e4llning kostar det cirka 30 kr (70 K\u010d).<\/p>\n\n\n\n<h3 class=\"wp-block-heading\"><span class=\"ez-toc-section\" id=\"12_JaSam\"><\/span>12. J\u00e1S\u00e1m<span class=\"ez-toc-section-end\"><\/span><\/h3>\n\n\n\n<p class=\"wp-block-paragraph\">Mitt i stadens hj\u00e4rta p\u00e5 <strong>\u00d6vre torget 7<\/strong>, n\u00e5gra steg mitt emot det astronomiska uret, g\u00f6mmer sig \u2013 mellan en lavendelbistro och en butik som s\u00e4ljer olomoucostar \u2013 barnlekhallen med kaf\u00e9 J\u00e1S\u00e1m. Det h\u00e4r st\u00e4llet \u00e4r f\u00f6rkroppsligandet av varje f\u00f6r\u00e4lders dr\u00f6m som vill dricka en varm kaffe i lugn och ro medan barnet leker tryggt. Betyget <strong>4,7 av 219 bes\u00f6kare<\/strong> talar sitt tydliga spr\u00e5k.<\/p>\n\n\n\n<p class=\"wp-block-paragraph\">H\u00e4r \u00e4r det enormt mysigt och fullt av tr\u00e4leksaker av god kvalitet. Barnen hittar ett litet lekk\u00f6k, en butik, doktorsutrustning, en fin arbetsb\u00e4nk f\u00f6r sm\u00e5 pysslare och stora kl\u00e4tterst\u00e4llningar med ribbstolar och rutschkanor. F\u00f6r\u00e4ldrarna kan under tiden njuta av specialkaffe fr\u00e5n det lokala rosteriet eller goda hembakade t\u00e5rtor och frukostmenyer. \u00d6ppet \u00e4r det varje vardag 8:00\u201319:00 och helger 9:00\u201319:00. Ett stort plus \u00e4r att intr\u00e4de bara betalas f\u00f6r de barn som leker \u2013 vuxna som f\u00f6ljer med betalar ingenting.<\/p>\n\n\n\n<h3 class=\"wp-block-heading\"><span class=\"ez-toc-section\" id=\"13_V_lese\"><\/span>13. V lese<span class=\"ez-toc-section-end\"><\/span><\/h3>\n\n\n\n<figure data-wp-context=\"{&quot;imageId&quot;:&quot;6a979f268fc7a&quot;}\" data-wp-interactive=\"core\/image\" data-wp-key=\"6a979f268fc7a\" class=\"wp-block-image size-full wp-lightbox-container\"><img decoding=\"async\" width=\"2200\" height=\"1467\" data-wp-class--hide=\"state.isContentHidden\" data-wp-class--show=\"state.isContentVisible\" data-wp-init=\"callbacks.setButtonStyles\" data-wp-on--click=\"actions.showLightbox\" data-wp-on--load=\"callbacks.setButtonStyles\" data-wp-on--pointerdown=\"actions.preloadImage\" data-wp-on--pointerenter=\"actions.preloadImageWithDelay\" data-wp-on--pointerleave=\"actions.cancelPreload\" data-wp-on-window--resize=\"callbacks.setButtonStyles\" src=\"https:\/\/loudavymkrokem.cz\/wp-content\/uploads\/2026\/08\/olomouc-s-detmi-zerotinovo-namesti.jpg\" alt=\"Hus p\u00e5 \u017derot\u00edntorget i Olomouc\" class=\"wp-image-401044\" title=\"\" srcset=\"https:\/\/loudavymkrokem.cz\/wp-content\/uploads\/2026\/08\/olomouc-s-detmi-zerotinovo-namesti.jpg 2200w, https:\/\/loudavymkrokem.cz\/wp-content\/uploads\/2026\/08\/olomouc-s-detmi-zerotinovo-namesti-300x200.jpg 300w, https:\/\/loudavymkrokem.cz\/wp-content\/uploads\/2026\/08\/olomouc-s-detmi-zerotinovo-namesti-700x467.jpg 700w, https:\/\/loudavymkrokem.cz\/wp-content\/uploads\/2026\/08\/olomouc-s-detmi-zerotinovo-namesti-768x512.jpg 768w, https:\/\/loudavymkrokem.cz\/wp-content\/uploads\/2026\/08\/olomouc-s-detmi-zerotinovo-namesti-1536x1024.jpg 1536w, https:\/\/loudavymkrokem.cz\/wp-content\/uploads\/2026\/08\/olomouc-s-detmi-zerotinovo-namesti-2048x1366.jpg 2048w, https:\/\/loudavymkrokem.cz\/wp-content\/uploads\/2026\/08\/olomouc-s-detmi-zerotinovo-namesti-696x464.jpg 696w, https:\/\/loudavymkrokem.cz\/wp-content\/uploads\/2026\/08\/olomouc-s-detmi-zerotinovo-namesti-1392x928.jpg 1392w, https:\/\/loudavymkrokem.cz\/wp-content\/uploads\/2026\/08\/olomouc-s-detmi-zerotinovo-namesti-1920x1280.jpg 1920w\" sizes=\"(max-width: 2200px) 100vw, 2200px\" \/><button\n\t\t\tclass=\"lightbox-trigger\"\n\t\t\ttype=\"button\"\n\t\t\taria-haspopup=\"dialog\"\n\t\t\tdata-wp-bind--aria-label=\"state.thisImage.triggerButtonAriaLabel\"\n\t\t\tdata-wp-init=\"callbacks.initTriggerButton\"\n\t\t\tdata-wp-on--click=\"actions.showLightbox\"\n\t\t\tdata-wp-style--right=\"state.thisImage.buttonRight\"\n\t\t\tdata-wp-style--top=\"state.thisImage.buttonTop\"\n\t\t>\n\t\t\t<svg xmlns=\"http:\/\/www.w3.org\/2000\/svg\" width=\"12\" height=\"12\" fill=\"none\" viewBox=\"0 0 12 12\">\n\t\t\t\t<path fill=\"#fff\" d=\"M2 0a2 2 0 0 0-2 2v2h1.5V2a.5.5 0 0 1 .5-.5h2V0H2Zm2 10.5H2a.5.5 0 0 1-.5-.5V8H0v2a2 2 0 0 0 2 2h2v-1.5ZM8 12v-1.5h2a.5.5 0 0 0 .5-.5V8H12v2a2 2 0 0 1-2 2H8Zm2-12a2 2 0 0 1 2 2v2h-1.5V2a.5.5 0 0 0-.5-.5H8V0h2Z\" \/>\n\t\t\t<\/svg>\n\t\t<\/button><figcaption class=\"wp-element-caption\">\u017derot\u00edntorget, d\u00e4r du hittar ett kaf\u00e9 med montessorilekhall<\/figcaption><\/figure>\n\n\n\n<figure data-wp-context=\"{&quot;imageId&quot;:&quot;6a979f2690231&quot;}\" data-wp-interactive=\"core\/image\" data-wp-key=\"6a979f2690231\" class=\"wp-block-image size-full wp-lightbox-container\"><img decoding=\"async\" width=\"2200\" height=\"1467\" data-wp-class--hide=\"state.isContentHidden\" data-wp-class--show=\"state.isContentVisible\" data-wp-init=\"callbacks.setButtonStyles\" data-wp-on--click=\"actions.showLightbox\" data-wp-on--load=\"callbacks.setButtonStyles\" data-wp-on--pointerdown=\"actions.preloadImage\" data-wp-on--pointerenter=\"actions.preloadImageWithDelay\" data-wp-on--pointerleave=\"actions.cancelPreload\" data-wp-on-window--resize=\"callbacks.setButtonStyles\" src=\"https:\/\/loudavymkrokem.cz\/wp-content\/uploads\/2026\/08\/olomouc-s-detmi-kavarna-interier.jpg\" alt=\"Interi\u00f6r i ett kaf\u00e9 i Olomouc med naturlig design\" class=\"wp-image-401023\" title=\"\" srcset=\"https:\/\/loudavymkrokem.cz\/wp-content\/uploads\/2026\/08\/olomouc-s-detmi-kavarna-interier.jpg 2200w, https:\/\/loudavymkrokem.cz\/wp-content\/uploads\/2026\/08\/olomouc-s-detmi-kavarna-interier-300x200.jpg 300w, https:\/\/loudavymkrokem.cz\/wp-content\/uploads\/2026\/08\/olomouc-s-detmi-kavarna-interier-700x467.jpg 700w, https:\/\/loudavymkrokem.cz\/wp-content\/uploads\/2026\/08\/olomouc-s-detmi-kavarna-interier-768x512.jpg 768w, https:\/\/loudavymkrokem.cz\/wp-content\/uploads\/2026\/08\/olomouc-s-detmi-kavarna-interier-1536x1024.jpg 1536w, https:\/\/loudavymkrokem.cz\/wp-content\/uploads\/2026\/08\/olomouc-s-detmi-kavarna-interier-2048x1366.jpg 2048w, https:\/\/loudavymkrokem.cz\/wp-content\/uploads\/2026\/08\/olomouc-s-detmi-kavarna-interier-696x464.jpg 696w, https:\/\/loudavymkrokem.cz\/wp-content\/uploads\/2026\/08\/olomouc-s-detmi-kavarna-interier-1392x928.jpg 1392w, https:\/\/loudavymkrokem.cz\/wp-content\/uploads\/2026\/08\/olomouc-s-detmi-kavarna-interier-1920x1280.jpg 1920w\" sizes=\"(max-width: 2200px) 100vw, 2200px\" \/><button\n\t\t\tclass=\"lightbox-trigger\"\n\t\t\ttype=\"button\"\n\t\t\taria-haspopup=\"dialog\"\n\t\t\tdata-wp-bind--aria-label=\"state.thisImage.triggerButtonAriaLabel\"\n\t\t\tdata-wp-init=\"callbacks.initTriggerButton\"\n\t\t\tdata-wp-on--click=\"actions.showLightbox\"\n\t\t\tdata-wp-style--right=\"state.thisImage.buttonRight\"\n\t\t\tdata-wp-style--top=\"state.thisImage.buttonTop\"\n\t\t>\n\t\t\t<svg xmlns=\"http:\/\/www.w3.org\/2000\/svg\" width=\"12\" height=\"12\" fill=\"none\" viewBox=\"0 0 12 12\">\n\t\t\t\t<path fill=\"#fff\" d=\"M2 0a2 2 0 0 0-2 2v2h1.5V2a.5.5 0 0 1 .5-.5h2V0H2Zm2 10.5H2a.5.5 0 0 1-.5-.5V8H0v2a2 2 0 0 0 2 2h2v-1.5ZM8 12v-1.5h2a.5.5 0 0 0 .5-.5V8H12v2a2 2 0 0 1-2 2H8Zm2-12a2 2 0 0 1 2 2v2h-1.5V2a.5.5 0 0 0-.5-.5H8V0h2Z\" \/>\n\t\t\t<\/svg>\n\t\t<\/button><figcaption class=\"wp-element-caption\">Kaf\u00e9erna i centrala Olomouc t\u00e4nker p\u00e5 b\u00e5de barn och f\u00f6r\u00e4ldrar<\/figcaption><\/figure>\n\n\n\n<p class=\"wp-block-paragraph\">Ett stenkast bort p\u00e5 \u017derot\u00edntorget 3 hittar du \u00e4nnu en p\u00e4rla bland kaf\u00e9er med barnlekhall. St\u00e4llet V lese har en sympatisk montessori- och zero waste-inriktning och av recensionerna med snittet <strong>4,7 fr\u00e5n \u00f6ver femhundra personer<\/strong> \u00e4r det tydligt att de g\u00f6r det bra. I st\u00e4llet f\u00f6r h\u00f6gljudda plastleksaker r\u00e5der h\u00e4r lugn och en massa gedigna <strong>tjeckiska tr\u00e4leksaker<\/strong>.<\/p>\n\n\n\n<p class=\"wp-block-paragraph\">Barnen kan busa p\u00e5 en gunga, uppt\u00e4cka ett ljudtr\u00e4d, leka med en tr\u00e4regnb\u00e5ge, utforska en j\u00e4ttelik aktivitetstavla eller ett taktilt memory. Heldagsintr\u00e4det kostar folkligt cirka <strong>30 kr (60 K\u010d)<\/strong> (reducerat cirka 15 kr \/ 30 K\u010d), och en stor f\u00f6rdel \u00e4r att du med ett armband kan g\u00e5 ut under dagen och komma tillbaka igen. P\u00e5 grund av populariteten kan det dock ibland vara fullt h\u00e4r. \u00d6ppet \u00e4r det m\u00e5ndag till fredag 9:00\u201319:00 och helger 10:00\u201319:00.<\/p>\n\n\n\n<h3 class=\"wp-block-heading\"><span class=\"ez-toc-section\" id=\"14_Clovickov\"><\/span>14. \u010clov\u00ed\u010dkov<span class=\"ez-toc-section-end\"><\/span><\/h3>\n\n\n\n<p class=\"wp-block-paragraph\">Om du beh\u00f6ver en riktigt stor yta f\u00f6r att barnen ska br\u00e4nna av uppsamlad energi hittar du p\u00e5 gatan 8. kv\u011btna 24 den popul\u00e4ra lekhallen \u010clov\u00ed\u010dkov (betyg 4,1). Det \u00e4r en klassisk stor lekyta med kl\u00e4tterst\u00e4llningar, d\u00e4r mindre barn tillf\u00f6rlitligt underh\u00e5lls i flera timmar.<\/p>\n\n\n\n<p class=\"wp-block-paragraph\">F\u00f6r\u00e4ldrarna har h\u00e4r sittplatser med utbud av kaffe och te, och ett stort dragpl\u00e5ster \u00e4r utan tvekan priset. Intr\u00e4det \u00e4r n\u00e4mligen fina <strong>cirka 30 kr (59 K\u010d) per barn utan tidsbegr\u00e4nsning<\/strong>, vilket nuf\u00f6rtiden \u00e4r en verkligt trevlig summa f\u00f6r att r\u00e4dda en regnig eftermiddag.<\/p>\n\n\n\n<h3 class=\"wp-block-heading\"><span class=\"ez-toc-section\" id=\"15_Snoezelen_Olomouc\"><\/span>15. Snoezelen Olomouc<span class=\"ez-toc-section-end\"><\/span><\/h3>\n\n\n\n<figure data-wp-context=\"{&quot;imageId&quot;:&quot;6a979f2690a09&quot;}\" data-wp-interactive=\"core\/image\" data-wp-key=\"6a979f2690a09\" class=\"wp-block-image size-full wp-lightbox-container\"><img decoding=\"async\" width=\"1200\" height=\"800\" data-wp-class--hide=\"state.isContentHidden\" data-wp-class--show=\"state.isContentVisible\" data-wp-init=\"callbacks.setButtonStyles\" data-wp-on--click=\"actions.showLightbox\" data-wp-on--load=\"callbacks.setButtonStyles\" data-wp-on--pointerdown=\"actions.preloadImage\" data-wp-on--pointerenter=\"actions.preloadImageWithDelay\" data-wp-on--pointerleave=\"actions.cancelPreload\" data-wp-on-window--resize=\"callbacks.setButtonStyles\" src=\"https:\/\/loudavymkrokem.cz\/wp-content\/uploads\/2026\/08\/olomouc-s-detmi-snoezelen.jpg\" alt=\"Multisensorisk lekhall Snoezelen Olomouc med f\u00e4rgglad belysning\" class=\"wp-image-403598\" title=\"\" srcset=\"https:\/\/loudavymkrokem.cz\/wp-content\/uploads\/2026\/08\/olomouc-s-detmi-snoezelen.jpg 1200w, https:\/\/loudavymkrokem.cz\/wp-content\/uploads\/2026\/08\/olomouc-s-detmi-snoezelen-300x200.jpg 300w, https:\/\/loudavymkrokem.cz\/wp-content\/uploads\/2026\/08\/olomouc-s-detmi-snoezelen-700x467.jpg 700w, https:\/\/loudavymkrokem.cz\/wp-content\/uploads\/2026\/08\/olomouc-s-detmi-snoezelen-768x512.jpg 768w, https:\/\/loudavymkrokem.cz\/wp-content\/uploads\/2026\/08\/olomouc-s-detmi-snoezelen-696x464.jpg 696w\" sizes=\"(max-width: 1200px) 100vw, 1200px\" \/><button\n\t\t\tclass=\"lightbox-trigger\"\n\t\t\ttype=\"button\"\n\t\t\taria-haspopup=\"dialog\"\n\t\t\tdata-wp-bind--aria-label=\"state.thisImage.triggerButtonAriaLabel\"\n\t\t\tdata-wp-init=\"callbacks.initTriggerButton\"\n\t\t\tdata-wp-on--click=\"actions.showLightbox\"\n\t\t\tdata-wp-style--right=\"state.thisImage.buttonRight\"\n\t\t\tdata-wp-style--top=\"state.thisImage.buttonTop\"\n\t\t>\n\t\t\t<svg xmlns=\"http:\/\/www.w3.org\/2000\/svg\" width=\"12\" height=\"12\" fill=\"none\" viewBox=\"0 0 12 12\">\n\t\t\t\t<path fill=\"#fff\" d=\"M2 0a2 2 0 0 0-2 2v2h1.5V2a.5.5 0 0 1 .5-.5h2V0H2Zm2 10.5H2a.5.5 0 0 1-.5-.5V8H0v2a2 2 0 0 0 2 2h2v-1.5ZM8 12v-1.5h2a.5.5 0 0 0 .5-.5V8H12v2a2 2 0 0 1-2 2H8Zm2-12a2 2 0 0 1 2 2v2h-1.5V2a.5.5 0 0 0-.5-.5H8V0h2Z\" \/>\n\t\t\t<\/svg>\n\t\t<\/button><figcaption class=\"wp-element-caption\">Den multisensoriska lekhallen Snoezelen fungerar i ett helt annat tempo \u00e4n vanliga lekhallar | Foto: Snoezelen Olomouc<\/figcaption><\/figure>\n\n\n\n<p class=\"wp-block-paragraph\">P\u00e5 Mari\u00e1nsk\u00e1 7 g\u00f6mmer sig en lite annorlunda typ av lekhall som du uppskattar s\u00e4rskilt om du har v\u00e4ldigt sm\u00e5 barn eller barn med s\u00e4rskilda behov som inte klarar det vanliga ov\u00e4sendet i stora lekhallar. Snoezelen \u00e4r n\u00e4mligen en avslappnande multisensorisk lekhall som \u00e4r utformad f\u00f6r att lugna och varsamt stimulera sinnena (betyg 4,5).<\/p>\n\n\n\n<p class=\"wp-block-paragraph\">H\u00e4r finns alla m\u00f6jliga ljuselement, bubbelr\u00f6r, avslappnande musik och behagliga taktila material. Det \u00e4r en oas av lugn mitt i staden, dit man verkligen g\u00e5r f\u00f6r att koppla av och uppleva v\u00e4rlden i ett lite annat, l\u00e5ngsammare tempo.<\/p>\n\n\n\n<h3 class=\"wp-block-heading\"><span class=\"ez-toc-section\" id=\"16_Familjenojesparken_Krokodylek\"><\/span>16. Familjen\u00f6jesparken Krokod\u00fdlek<span class=\"ez-toc-section-end\"><\/span><\/h3>\n\n\n\n<figure data-wp-context=\"{&quot;imageId&quot;:&quot;6a979f26911be&quot;}\" data-wp-interactive=\"core\/image\" data-wp-key=\"6a979f26911be\" class=\"wp-block-image size-full wp-lightbox-container\"><img decoding=\"async\" width=\"1498\" height=\"1000\" data-wp-class--hide=\"state.isContentHidden\" data-wp-class--show=\"state.isContentVisible\" data-wp-init=\"callbacks.setButtonStyles\" data-wp-on--click=\"actions.showLightbox\" data-wp-on--load=\"callbacks.setButtonStyles\" data-wp-on--pointerdown=\"actions.preloadImage\" data-wp-on--pointerenter=\"actions.preloadImageWithDelay\" data-wp-on--pointerleave=\"actions.cancelPreload\" data-wp-on-window--resize=\"callbacks.setButtonStyles\" src=\"https:\/\/loudavymkrokem.cz\/wp-content\/uploads\/2026\/08\/olomouc-s-detmi-krokodylek.jpg\" alt=\"Barn p\u00e5 en uppbl\u00e5sbar attraktion i n\u00f6jesparken Krokod\u00fdlek i Olomouc\" class=\"wp-image-403596\" title=\"\" srcset=\"https:\/\/loudavymkrokem.cz\/wp-content\/uploads\/2026\/08\/olomouc-s-detmi-krokodylek.jpg 1498w, https:\/\/loudavymkrokem.cz\/wp-content\/uploads\/2026\/08\/olomouc-s-detmi-krokodylek-300x200.jpg 300w, https:\/\/loudavymkrokem.cz\/wp-content\/uploads\/2026\/08\/olomouc-s-detmi-krokodylek-700x467.jpg 700w, https:\/\/loudavymkrokem.cz\/wp-content\/uploads\/2026\/08\/olomouc-s-detmi-krokodylek-768x513.jpg 768w, https:\/\/loudavymkrokem.cz\/wp-content\/uploads\/2026\/08\/olomouc-s-detmi-krokodylek-696x465.jpg 696w, https:\/\/loudavymkrokem.cz\/wp-content\/uploads\/2026\/08\/olomouc-s-detmi-krokodylek-1392x929.jpg 1392w\" sizes=\"(max-width: 1498px) 100vw, 1498px\" \/><button\n\t\t\tclass=\"lightbox-trigger\"\n\t\t\ttype=\"button\"\n\t\t\taria-haspopup=\"dialog\"\n\t\t\tdata-wp-bind--aria-label=\"state.thisImage.triggerButtonAriaLabel\"\n\t\t\tdata-wp-init=\"callbacks.initTriggerButton\"\n\t\t\tdata-wp-on--click=\"actions.showLightbox\"\n\t\t\tdata-wp-style--right=\"state.thisImage.buttonRight\"\n\t\t\tdata-wp-style--top=\"state.thisImage.buttonTop\"\n\t\t>\n\t\t\t<svg xmlns=\"http:\/\/www.w3.org\/2000\/svg\" width=\"12\" height=\"12\" fill=\"none\" viewBox=\"0 0 12 12\">\n\t\t\t\t<path fill=\"#fff\" d=\"M2 0a2 2 0 0 0-2 2v2h1.5V2a.5.5 0 0 1 .5-.5h2V0H2Zm2 10.5H2a.5.5 0 0 1-.5-.5V8H0v2a2 2 0 0 0 2 2h2v-1.5ZM8 12v-1.5h2a.5.5 0 0 0 .5-.5V8H12v2a2 2 0 0 1-2 2H8Zm2-12a2 2 0 0 1 2 2v2h-1.5V2a.5.5 0 0 0-.5-.5H8V0h2Z\" \/>\n\t\t\t<\/svg>\n\t\t<\/button><figcaption class=\"wp-element-caption\">Krokod\u00fdlek har 25 attraktioner p\u00e5 en yta av 3 000 m\u00b2 | Foto: Krokod\u00fdlek Olomouc<\/figcaption><\/figure>\n\n\n\n<p class=\"wp-block-paragraph\">N\u00e4r du beh\u00f6ver ta till de tyngsta vapnen mot barntristess m\u00e5ste du ta dig till stadsdelen Lazce p\u00e5 gatan Florykova 556. H\u00e4r ligger n\u00e4mligen <a href=\"https:\/\/www.krokodylek-olomouc.cz\/\" target=\"_blank\" rel=\"nofollow noopener\">Krokod\u00fdlek<\/a>, en av de st\u00f6rsta barnn\u00f6jesparkerna i hela M\u00e4hren, som kan skryta med ett imponerande betyg p\u00e5 <strong>4,5 av 1 659 recensioner<\/strong>. P\u00e5 en yta av \u00f6ver <strong>3 000 kvadratmeter<\/strong> breder otroliga <strong>25 j\u00e4tteattraktioner<\/strong> ut sig.<\/p>\n\n\n\n<p class=\"wp-block-paragraph\">Barnen kommer inte veta var de ska b\u00f6rja. H\u00e4r finns ett m\u00e4ktigt piratskepp i tr\u00e4, kl\u00e4tterst\u00e4llningar i tre v\u00e5ningar med rutschkanor, studsmattor, en kl\u00e4tterv\u00e4gg, en liten sj\u00f6 med attraktioner, en kanonarena f\u00f6r strider med skumbollar, en motorcykelbana och en unik pin-art-panel med 40 000 stift f\u00f6r att avbilda kroppen. H\u00e4r finns \u00e4ven en restaurang och en lugnare vr\u00e5 med s\u00e4llskapsspel. Heldagsintr\u00e4de fredag till s\u00f6ndag kostar cirka <strong>156 kr (339 K\u010d) per barn och 64 kr (139 K\u010d) per vuxen<\/strong> (familj cirka 400 kr \/ 879 K\u010d), m\u00e5ndag till torsdag \u00e4r det billigare: cirka <strong>119 kr (259 K\u010d) per barn och 55 kr (119 K\u010d) per vuxen<\/strong> (familj cirka 320 kr \/ 699 K\u010d). Du kan \u00e4ven v\u00e4lja timintr\u00e4de fr\u00e5n cirka 50 kr (109 K\u010d) per barn.<\/p>\n\n\n\n<h3 class=\"wp-block-heading\"><span class=\"ez-toc-section\" id=\"17_Amazonie_Olomouc\"><\/span>17. Amazonie Olomouc<span class=\"ez-toc-section-end\"><\/span><\/h3>\n\n\n\n<p class=\"wp-block-paragraph\">Ytterligare en popul\u00e4r h\u00e5llpunkt p\u00e5 de regniga dagarnas karta \u00e4r barncentret Amazonie p\u00e5 adressen Pra\u017esk\u00e1 255\/41 (betyg 4,3). Det \u00e4r en klassisk men mycket v\u00e4lutrustad inomhuslekhall som \u00e4r idealisk f\u00f6r de dagar n\u00e4r barnen helt enkelt beh\u00f6ver kl\u00e4ttra, hoppa och \u00e5ka rutschkana.<\/p>\n\n\n\n<p class=\"wp-block-paragraph\">Inne v\u00e4ntar en j\u00e4ttestor kl\u00e4tterst\u00e4llning som str\u00e4cker sig \u00f6ver flera v\u00e5ningar, en hoppborg f\u00f6r studsfantaster, massor av s\u00e4kert stoppade gungor, snabba rutschkanor och f\u00f6rst\u00e5s den s\u00e5 omtyckta j\u00e4ttebass\u00e4ngen full av f\u00e4rgglada plastbollar, som barnen oftast \u00e4r om\u00f6jliga att f\u00e5 ur.<\/p>\n\n\n\n<h3 class=\"wp-block-heading\"><span class=\"ez-toc-section\" id=\"18_Rep-_och_aventyrsparken_PROUD\"><\/span>18. Rep- och \u00e4ventyrsparken PROUD<span class=\"ez-toc-section-end\"><\/span><\/h3>\n\n\n\n<p class=\"wp-block-paragraph\">Du kanske t\u00e4nker att en repbana inte \u00e4r n\u00e5gon vits med sm\u00e5 barn, men filialen PROUD p\u00e5 Lazeck\u00e1 50\/49 visar att du har fel (utm\u00e4rkt betyg p\u00e5 <strong>4,6 av 347 recensioner<\/strong>). De har n\u00e4mligen utformat aktiviteterna s\u00e5 att alla \u00e5ldrar ska hitta n\u00e5got som passar.<\/p>\n\n\n\n<p class=\"wp-block-paragraph\">F\u00f6rutom h\u00f6ga hinder f\u00f6r \u00e4ldre barn och vuxna hittar du h\u00e4r olika gungor, j\u00e4ttestora luftstudsmattor inf\u00e4llda i marken, vattenkuddar och framf\u00f6r allt l\u00e5ga rephinder n\u00e4ra marken, som \u00e4r s\u00e4kra och <strong>l\u00e4mpliga redan f\u00f6r barn fr\u00e5n 1 \u00e5rs \u00e5lder<\/strong>. Det \u00e4r ett utm\u00e4rkt st\u00e4lle f\u00f6r att tr\u00e4na grovmotorik och balans.<\/p>\n\n\n\n<h3 class=\"wp-block-heading\"><span class=\"ez-toc-section\" id=\"19_Regionalmuseet_i_Olomouc\"><\/span>19. Regionalmuseet i Olomouc<span class=\"ez-toc-section-end\"><\/span><\/h3>\n\n\n\n<figure data-wp-context=\"{&quot;imageId&quot;:&quot;6a979f2691c65&quot;}\" data-wp-interactive=\"core\/image\" data-wp-key=\"6a979f2691c65\" class=\"wp-block-image size-full wp-lightbox-container\"><img decoding=\"async\" width=\"2200\" height=\"1467\" data-wp-class--hide=\"state.isContentHidden\" data-wp-class--show=\"state.isContentVisible\" data-wp-init=\"callbacks.setButtonStyles\" data-wp-on--click=\"actions.showLightbox\" data-wp-on--load=\"callbacks.setButtonStyles\" data-wp-on--pointerdown=\"actions.preloadImage\" data-wp-on--pointerenter=\"actions.preloadImageWithDelay\" data-wp-on--pointerleave=\"actions.cancelPreload\" data-wp-on-window--resize=\"callbacks.setButtonStyles\" src=\"https:\/\/loudavymkrokem.cz\/wp-content\/uploads\/2026\/08\/olomouc-s-detmi-muzeum-umeni.jpg\" alt=\"Byggnaden till Konstmuseet i Olomouc\" class=\"wp-image-401036\" title=\"\" srcset=\"https:\/\/loudavymkrokem.cz\/wp-content\/uploads\/2026\/08\/olomouc-s-detmi-muzeum-umeni.jpg 2200w, https:\/\/loudavymkrokem.cz\/wp-content\/uploads\/2026\/08\/olomouc-s-detmi-muzeum-umeni-300x200.jpg 300w, https:\/\/loudavymkrokem.cz\/wp-content\/uploads\/2026\/08\/olomouc-s-detmi-muzeum-umeni-700x467.jpg 700w, https:\/\/loudavymkrokem.cz\/wp-content\/uploads\/2026\/08\/olomouc-s-detmi-muzeum-umeni-768x512.jpg 768w, https:\/\/loudavymkrokem.cz\/wp-content\/uploads\/2026\/08\/olomouc-s-detmi-muzeum-umeni-1536x1024.jpg 1536w, https:\/\/loudavymkrokem.cz\/wp-content\/uploads\/2026\/08\/olomouc-s-detmi-muzeum-umeni-2048x1366.jpg 2048w, https:\/\/loudavymkrokem.cz\/wp-content\/uploads\/2026\/08\/olomouc-s-detmi-muzeum-umeni-696x464.jpg 696w, https:\/\/loudavymkrokem.cz\/wp-content\/uploads\/2026\/08\/olomouc-s-detmi-muzeum-umeni-1392x928.jpg 1392w, https:\/\/loudavymkrokem.cz\/wp-content\/uploads\/2026\/08\/olomouc-s-detmi-muzeum-umeni-1920x1280.jpg 1920w\" sizes=\"(max-width: 2200px) 100vw, 2200px\" \/><button\n\t\t\tclass=\"lightbox-trigger\"\n\t\t\ttype=\"button\"\n\t\t\taria-haspopup=\"dialog\"\n\t\t\tdata-wp-bind--aria-label=\"state.thisImage.triggerButtonAriaLabel\"\n\t\t\tdata-wp-init=\"callbacks.initTriggerButton\"\n\t\t\tdata-wp-on--click=\"actions.showLightbox\"\n\t\t\tdata-wp-style--right=\"state.thisImage.buttonRight\"\n\t\t\tdata-wp-style--top=\"state.thisImage.buttonTop\"\n\t\t>\n\t\t\t<svg xmlns=\"http:\/\/www.w3.org\/2000\/svg\" width=\"12\" height=\"12\" fill=\"none\" viewBox=\"0 0 12 12\">\n\t\t\t\t<path fill=\"#fff\" d=\"M2 0a2 2 0 0 0-2 2v2h1.5V2a.5.5 0 0 1 .5-.5h2V0H2Zm2 10.5H2a.5.5 0 0 1-.5-.5V8H0v2a2 2 0 0 0 2 2h2v-1.5ZM8 12v-1.5h2a.5.5 0 0 0 .5-.5V8H12v2a2 2 0 0 1-2 2H8Zm2-12a2 2 0 0 1 2 2v2h-1.5V2a.5.5 0 0 0-.5-.5H8V0h2Z\" \/>\n\t\t\t<\/svg>\n\t\t<\/button><figcaption class=\"wp-element-caption\">Olomoucs museer ligger i historiska byggnader mitt i centrum<\/figcaption><\/figure>\n\n\n\n<p class=\"wp-block-paragraph\">Om du hellre vill ha lite kultur och bildning p\u00e5 torra land \u00e4r Regionalmuseet p\u00e5 n\u00e1m\u011bst\u00ed Republiky 5 ett utm\u00e4rkt val, som ber\u00f6mms av \u00f6ver 900 bes\u00f6kare med snittbetyget 4,5. Det \u00e4r ingen dammig tr\u00e5kighet full av f\u00f6rbud mot att ta p\u00e5 montrarna.<\/p>\n\n\n\n<p class=\"wp-block-paragraph\">Museet kartl\u00e4gger p\u00e5 ett mycket fint och f\u00e4ngslande s\u00e4tt stadens och hela regionens historia och har en vacker naturutst\u00e4llning. Utst\u00e4llningarna f\u00f6rs\u00f6ker g\u00e5 i takt med tiden, s\u00e5 i dem hittar du massor av interaktiva element, peksk\u00e4rmar och demonstrationer som utan problem lyckas h\u00e5lla barnens uppm\u00e4rksamhet.<\/p>\n\n\n\n<h3 class=\"wp-block-heading\"><span class=\"ez-toc-section\" id=\"20_Spokhuset\"><\/span>20. Sp\u00f6khuset<span class=\"ez-toc-section-end\"><\/span><\/h3>\n\n\n\n<figure data-wp-context=\"{&quot;imageId&quot;:&quot;6a979f269235c&quot;}\" data-wp-interactive=\"core\/image\" data-wp-key=\"6a979f269235c\" class=\"wp-block-image size-full wp-lightbox-container\"><img decoding=\"async\" width=\"1024\" height=\"1536\" data-wp-class--hide=\"state.isContentHidden\" data-wp-class--show=\"state.isContentVisible\" data-wp-init=\"callbacks.setButtonStyles\" data-wp-on--click=\"actions.showLightbox\" data-wp-on--load=\"callbacks.setButtonStyles\" data-wp-on--pointerdown=\"actions.preloadImage\" data-wp-on--pointerenter=\"actions.preloadImageWithDelay\" data-wp-on--pointerleave=\"actions.cancelPreload\" data-wp-on-window--resize=\"callbacks.setButtonStyles\" src=\"https:\/\/loudavymkrokem.cz\/wp-content\/uploads\/2026\/08\/olomouc-s-detmi-strasidelny-dum.jpg\" alt=\"Sp\u00f6klik figur i Olomoucs sp\u00f6khus\" class=\"wp-image-403603\" title=\"\" srcset=\"https:\/\/loudavymkrokem.cz\/wp-content\/uploads\/2026\/08\/olomouc-s-detmi-strasidelny-dum.jpg 1024w, https:\/\/loudavymkrokem.cz\/wp-content\/uploads\/2026\/08\/olomouc-s-detmi-strasidelny-dum-200x300.jpg 200w, https:\/\/loudavymkrokem.cz\/wp-content\/uploads\/2026\/08\/olomouc-s-detmi-strasidelny-dum-700x1050.jpg 700w, https:\/\/loudavymkrokem.cz\/wp-content\/uploads\/2026\/08\/olomouc-s-detmi-strasidelny-dum-768x1152.jpg 768w, https:\/\/loudavymkrokem.cz\/wp-content\/uploads\/2026\/08\/olomouc-s-detmi-strasidelny-dum-696x1044.jpg 696w\" sizes=\"(max-width: 1024px) 100vw, 1024px\" \/><button\n\t\t\tclass=\"lightbox-trigger\"\n\t\t\ttype=\"button\"\n\t\t\taria-haspopup=\"dialog\"\n\t\t\tdata-wp-bind--aria-label=\"state.thisImage.triggerButtonAriaLabel\"\n\t\t\tdata-wp-init=\"callbacks.initTriggerButton\"\n\t\t\tdata-wp-on--click=\"actions.showLightbox\"\n\t\t\tdata-wp-style--right=\"state.thisImage.buttonRight\"\n\t\t\tdata-wp-style--top=\"state.thisImage.buttonTop\"\n\t\t>\n\t\t\t<svg xmlns=\"http:\/\/www.w3.org\/2000\/svg\" width=\"12\" height=\"12\" fill=\"none\" viewBox=\"0 0 12 12\">\n\t\t\t\t<path fill=\"#fff\" d=\"M2 0a2 2 0 0 0-2 2v2h1.5V2a.5.5 0 0 1 .5-.5h2V0H2Zm2 10.5H2a.5.5 0 0 1-.5-.5V8H0v2a2 2 0 0 0 2 2h2v-1.5ZM8 12v-1.5h2a.5.5 0 0 0 .5-.5V8H12v2a2 2 0 0 1-2 2H8Zm2-12a2 2 0 0 1 2 2v2h-1.5V2a.5.5 0 0 0-.5-.5H8V0h2Z\" \/>\n\t\t\t<\/svg>\n\t\t<\/button><figcaption class=\"wp-element-caption\">Sp\u00f6khuset \u00e4r verkligen bara f\u00f6r st\u00f6rre barn | Foto: Sp\u00f6khuset i Olomouc<\/figcaption><\/figure>\n\n\n\n<p class=\"wp-block-paragraph\">Har du lite st\u00f6rre barn hemma som tycker att klassiska lekhallar \u00e4r tr\u00e5kiga och hellre s\u00f6ker adrenalin? Ta er d\u00e5 till gatan Komensk\u00e9ho 865, d\u00e4r du hittar Sp\u00f6khuset med ett helt otroligt betyg p\u00e5 <strong>4,9 av \u00f6ver 400 recensioner<\/strong>. Men jag varnar \u00e4rligt igen \u2013 det h\u00e4r \u00e4r <strong>verkligen bara f\u00f6r st\u00f6rre och modigare barn<\/strong>, de sm\u00e5 skulle det garanterat skr\u00e4mma till gr\u00e5t.<\/p>\n\n\n\n<p class=\"wp-block-paragraph\">Det handlar om en m\u00f6rk adrenalinvisning med en genomarbetad skr\u00e4ckhistoria, vars tema dessutom f\u00f6rnyas och byts varje \u00e5r, s\u00e5 det tr\u00f6ttnar man inte p\u00e5. Om du letar efter \u00e4nnu mer n\u00f6je f\u00f6r ton\u00e5ringar finns en bit bort i staden \u00e4ven det perfekt betygsatta escape room-spelet <strong>Mistr \u00faniku<\/strong>, d\u00e4r de m\u00e5ste anv\u00e4nda huvudet f\u00f6r att ta sig ut inom tidsgr\u00e4nsen.<\/p>\n\n\n\n<!-- LKM_GYG_CARD start q=\"olomouc detmi\" lang=\"sv\" --><!-- LKM_GYG_CARD end -->\n\n\n\n\n<div class=\"lk-stays-module\">\n<style>\n\/* \u2500\u2500\u2500 RESET PRO GUTENBERG \u2500\u2500\u2500 *\/\n.lk-stays-module * { box-sizing: border-box; margin: 0; padding: 0; }\n\n\/* \u2500\u2500\u2500 WRAPPER \u2500\u2500\u2500 *\/\n.lk-stays-module {\n  font-family: 'DM Sans', Georgia, sans-serif;\n  max-width: 100%;\n  margin: 2.5rem auto;\n  background: linear-gradient(135deg, #fdfaf5 0%, #fcf8f0 100%);\n  border: 1px solid #e8dfd4;\n  border-radius: 16px;\n  overflow: hidden;\n  box-shadow: 0 16px 48px rgba(195, 159, 118, 0.25), 0 4px 12px rgba(0,0,0,0.08);\n}\n\n\/* \u2500\u2500\u2500 HEADER \u2500\u2500\u2500 *\/\n.lk-stays-header {\n  position: relative;\n  padding: 24px 36px 24px;\n  background: linear-gradient(135deg, #c39f76 0%, #d4b188 60%, #c39f76 100%);\n  border-bottom: 1px solid rgba(255,255,255,.15);\n  display: flex;\n  align-items: center;\n  gap: 18px;\n}\n.lk-stays-header::before {\n  content: '';\n  position: absolute;\n  inset: 0;\n  background: url(\"data:image\/svg+xml,%3Csvg width='60' height='60' viewBox='0 0 60 60' xmlns='http:\/\/www.w3.org\/2000\/svg'%3E%3Cg fill='none' fill-rule='evenodd'%3E%3Cg fill='%23ffffff' fill-opacity='0.05'%3E%3Cpath d='M36 34v-4h-2v4h-4v2h4v4h2v-4h4v-2h-4zm0-30V0h-2v4h-4v2h4v4h2V6h4V4h-4zM6 34v-4H4v4H0v2h4v4h2v-4h4v-2H6zM6 4V0H4v4H0v2h4v4h2V6h4V4H6z'\/%3E%3C\/g%3E%3C\/g%3E%3C\/svg%3E\") repeat;\n  pointer-events: none;\n}\n.lk-stays-icon {\n  flex-shrink: 0;\n  width: 68px;\n  height: 68px;\n  border-radius: 14px;\n  background: linear-gradient(135deg, #fff 0%, #f9f6f0 100%);\n  display: flex;\n  align-items: center;\n  justify-content: center;\n  font-size: 26px;\n  box-shadow: 0 4px 12px rgba(0,0,0,0.15);\n}\n.lk-stays-eyebrow {\n  font-size: 10px;\n  font-weight: 500;\n  letter-spacing: 2.5px;\n  text-transform: uppercase;\n  color: rgba(255,255,255,.85);\n  margin: 0 0 5px 0;\n}\n.lk-stays-title {\n  font-family: 'Playfair Display', Georgia, serif;\n  font-size: 24px;\n  font-weight: 700;\n  color: #fff;\n  line-height: 1.2;\n  text-shadow: 0 1px 2px rgba(0,0,0,0.1);\n  margin: 0;\n}\n.lk-stays-subtitle {\n  font-size: 13px;\n  color: rgba(255,255,255,.75);\n  margin: 4px 0 0 0;\n  font-weight: 300;\n}\n\n\/* \u2500\u2500\u2500 CARDS GRID \u2500\u2500\u2500 *\/\n.lk-stays-grid {\n  display: grid;\n  grid-template-columns: 1fr 1fr;\n  gap: 1px;\n  background: rgba(195, 159, 118, 0.12);\n}\n\n\/* \u2500\u2500\u2500 SINGLE CARD \u2500\u2500\u2500 *\/\n.lk-stay-card {\n  background: #ffffff;\n  padding: 26px;\n  display: flex;\n  flex-direction: column;\n  gap: 11px;\n  transition: all 0.3s ease;\n  text-decoration: none;\n  color: inherit;\n  position: relative;\n}\n.lk-stay-card:hover {\n  background: #fffbf5;\n  transform: translateY(-2px);\n  box-shadow: 0 8px 24px rgba(195, 159, 118, 0.18);\n  z-index: 1;\n}\n.lk-stay-card.featured {\n  background: linear-gradient(135deg, #fffdf9 0%, #fff9f0 100%);\n  box-shadow: 0 4px 16px rgba(195, 159, 118, 0.15), inset 0 1px 0 rgba(195, 159, 118, 0.1);\n}\n.lk-stay-card.featured:hover {\n  background: linear-gradient(135deg, #fffbf5 0%, #fff8ed 100%);\n  box-shadow: 0 8px 24px rgba(195, 159, 118, 0.25), inset 0 1px 0 rgba(195, 159, 118, 0.15);\n}\n\n.lk-stay-badge {\n  display: inline-flex;\n  align-items: center;\n  gap: 5px;\n  font-size: 10px;\n  font-weight: 500;\n  letter-spacing: 1.5px;\n  text-transform: uppercase;\n  padding: 5px 11px;\n  border-radius: 20px;\n  width: fit-content;\n}\n.badge-top     { background: linear-gradient(135deg, #c39f76 0%, #d4b188 100%); color: #fff; border: 1px solid #c39f76; font-weight: 600; box-shadow: 0 2px 8px rgba(195,159,118,0.3); }\n.badge-luxury  { background: rgba(195,159,118,.12); color: #c39f76; border: 1px solid rgba(195,159,118,.25); }\n.badge-boutique{ background: rgba(54,133,252,.08); color: #3685fc; border: 1px solid rgba(54,133,252,.2); }\n.badge-nature  { background: rgba(130,190,100,.1); color: #6b9c4a; border: 1px solid rgba(130,190,100,.2); }\n.badge-remote  { background: rgba(195,159,118,.12); color: #a67e50; border: 1px solid rgba(195,159,118,.25); }\n\n.lk-stay-name {\n  font-family: 'Playfair Display', Georgia, serif;\n  font-size: 18px;\n  font-weight: 700;\n  color: #111827;\n  line-height: 1.3;\n}\n.lk-stay-desc {\n  font-size: 13.5px;\n  color: #525252;\n  line-height: 1.65;\n  font-weight: 300;\n  flex: 1;\n}\n\n.lk-stay-meta {\n  display: flex;\n  align-items: center;\n  gap: 12px;\n  flex-wrap: wrap;\n  margin-top: 4px;\n}\n.lk-stay-price {\n  font-size: 13px;\n  color: #6b7280;\n}\n.lk-stay-price strong {\n  color: #c39f76;\n  font-weight: 500;\n}\n.lk-stay-stars {\n  color: #c39f76;\n  font-size: 11px;\n  letter-spacing: 1px;\n}\n\n\/* \u2500\u2500\u2500 CTA BUTTON \u2500\u2500\u2500 *\/\n.lk-stay-cta {\n  display: inline-flex;\n  align-items: center;\n  justify-content: center;\n  gap: 7px;\n  margin-top: 8px;\n  padding: 11px 20px;\n  border-radius: 8px;\n  background: linear-gradient(135deg, #3685fc 0%, #2a6fd9 100%);\n  color: #fff;\n  font-size: 13px;\n  font-weight: 500;\n  text-decoration: none;\n  letter-spacing: .3px;\n  transition: all .2s ease;\n  cursor: pointer;\n  border: none;\n  text-align: center;\n  box-shadow: 0 4px 12px rgba(54, 133, 252, 0.25);\n}\n.lk-stay-cta:hover {\n  background: linear-gradient(135deg, #2a6fd9 0%, #1e5bc4 100%);\n  transform: translateY(-1px);\n  box-shadow: 0 6px 16px rgba(54, 133, 252, 0.35);\n}\n.lk-stay-cta svg { flex-shrink: 0; }\n\n\/* \u2500\u2500\u2500 FOOTER \u2500\u2500\u2500 *\/\n.lk-stays-footer {\n  padding: 18px 36px;\n  background: linear-gradient(to bottom, #fdfaf5 0%, #f9f4ed 100%);\n  border-top: 1px solid rgba(195, 159, 118, 0.15);\n  display: flex;\n  align-items: center;\n  justify-content: space-between;\n  flex-wrap: wrap;\n  gap: 12px;\n}\n.lk-stays-footer-note {\n  font-size: 11.5px;\n  color: #6b7280;\n  font-weight: 300;\n  line-height: 1.5;\n}\n.lk-stays-footer-note a {\n  color: #c39f76;\n  text-decoration: none;\n  font-weight: 400;\n}\n.lk-stays-footer-note a:hover {\n  text-decoration: underline;\n}\n.lk-stays-all-btn {\n  display: inline-flex;\n  align-items: center;\n  gap: 6px;\n  font-size: 12.5px;\n  font-weight: 500;\n  color: #c39f76;\n  text-decoration: none;\n  border: 1px solid rgba(195, 159, 118, 0.35);\n  padding: 8px 18px;\n  border-radius: 8px;\n  transition: all .2s ease;\n}\n.lk-stays-all-btn:hover {\n  background: rgba(195, 159, 118, 0.08);\n  border-color: rgba(195, 159, 118, 0.5);\n}\n\n\/* \u2500\u2500\u2500 RESPONSIVE \u2500\u2500\u2500 *\/\n@media (max-width: 600px) {\n  .lk-stays-grid { grid-template-columns: 1fr; }\n  .lk-stays-header { padding: 24px 20px; }\n  .lk-stays-footer { padding: 16px 20px; }\n  .lk-stay-card { padding: 22px; }\n  .lk-stays-title { font-size: 20px; }\n}\n<\/style>\n\n  <!-- HEADER -->\n  <div class=\"lk-stays-header\">\n    <img decoding=\"async\" src=\"https:\/\/loudavymkrokem.cz\/wp-content\/uploads\/2026\/02\/lukas-a-lucka.jpg\" alt=\"\" style=\"width: 75px; height: 75px; border-radius: 8px; flex-shrink: 0; object-fit: cover; display: block; margin: 4px 0;\" title=\"\">\n    <div class=\"lk-stays-header-text\">\n      <div class=\"lk-stays-eyebrow\">Luk\u00e1\u0161 och Lucie rekommenderar<\/div>\n      <div class=\"lk-stays-title\">Var man kan bo i Olomouc<\/div>\n      <div class=\"lk-stays-subtitle\">2 boenden \u2014 wellnesshotell och andra boendealternativ<\/div>\n    <\/div>\n  <\/div>\n\n  <!-- CARDS -->\n  <div class=\"lk-stays-grid\">\n\n    <a class=\"lk-stay-card featured\" href=\"https:\/\/www.stay22.com\/allez\/roam?aid=lukaskonecny&#038;campaign=loudavymkrokemcz&#038;campaign=sv&#038;campaign=olomoucsdetmi&#038;hotelname=OREA%20Hotel%20Arigone%20Olomouc&#038;address=Olomouc%2C%20Cesko&#038;category=accommodation\" target=\"_blank\" rel=\"nofollow noopener\">\n      <span class=\"lk-stay-badge badge-top\">\u2b50 TOPPVAL<\/span>\n      <span class=\"lk-stay-badge badge-nature\">\u2b50 Lyx<\/span>\n      <div class=\"lk-stay-name\">OREA Hotel Arigone<\/div>\n      <div class=\"lk-stay-desc\">Hotell i historiska centrum med wellnessrum, egen jacuzzi och bastu. Barn upp till 5,99 \u00e5r gratis, fantastisk frukost.<\/div>\n      <div class=\"lk-stay-meta\">\n        <span class=\"lk-stay-stars\">\u2605\u2605\u2605\u2605<\/span>\n        <span class=\"lk-stay-price\">Kontrollera priser<\/span>\n      <\/div>\n      <span class=\"lk-stay-cta\">\n        <svg width=\"14\" height=\"14\" viewBox=\"0 0 24 24\" fill=\"none\" stroke=\"currentColor\" stroke-width=\"2\"><path d=\"M18 13v6a2 2 0 0 1-2 2H5a2 2 0 0 1-2-2V8a2 2 0 0 1 2-2h6\"\/><polyline points=\"15 3 21 3 21 9\"\/><line x1=\"10\" y1=\"14\" x2=\"21\" y2=\"3\"\/><\/svg>\n        Kontrollera tillg\u00e4nglighet\n      <\/span>\n    <\/a>\n\n    <a class=\"lk-stay-card\" href=\"https:\/\/www.stay22.com\/allez\/roam?aid=lukaskonecny&#038;campaign=loudavymkrokemcz&#038;campaign=sv&#038;campaign=olomouc-s-detmi&#038;address=Olomouc%2C%20Cesko\" target=\"_blank\" rel=\"nofollow noopener\">\n      <span class=\"lk-stay-badge badge-nature\">\ud83c\udfe1 Pensionat\/B&#038;B<\/span>\n      <div class=\"lk-stay-name\">Annat boende i Olomouc<\/div>\n      <div class=\"lk-stay-desc\">Familjel\u00e4genheter i centrum med tillg\u00e5ng till eget k\u00f6k. L\u00e4mpligt f\u00f6r familjer med sm\u00e5 barn.<\/div>\n      <div class=\"lk-stay-meta\">\n        <span class=\"lk-stay-stars\">\u2605\u2605\u2605\u2605<\/span>\n        <span class=\"lk-stay-price\">Kontrollera priser<\/span>\n      <\/div>\n      <span class=\"lk-stay-cta\">\n        <svg width=\"14\" height=\"14\" viewBox=\"0 0 24 24\" fill=\"none\" stroke=\"currentColor\" stroke-width=\"2\"><path d=\"M18 13v6a2 2 0 0 1-2 2H5a2 2 0 0 1-2-2V8a2 2 0 0 1 2-2h6\"\/><polyline points=\"15 3 21 3 21 9\"\/><line x1=\"10\" y1=\"14\" x2=\"21\" y2=\"3\"\/><\/svg>\n        Kontrollera tillg\u00e4nglighet\n      <\/span>\n    <\/a>\n\n  <\/div>\n\n  \n<\/div>\n\n\n\n\n<h2 class=\"wp-block-heading\"><span class=\"ez-toc-section\" id=\"Vatten_sport_och_bus\"><\/span>Vatten, sport och bus<span class=\"ez-toc-section-end\"><\/span><\/h2>\n\n\n\n<p class=\"wp-block-paragraph\">N\u00e4r kvicksilvret i termometern kl\u00e4ttrar h\u00f6gt, eller n\u00e4r du tv\u00e4rtom beh\u00f6ver tr\u00f6tta ut barnen med aktiv sport, erbjuder Olomouc fina m\u00f6jligheter att f\u00e5 utlopp f\u00f6r energin. Oavsett om du \u00e4r en toboggan\u00e4lskare eller hellre f\u00f6redrar cyklar och kl\u00e4tterst\u00e4llningar kommer du definitivt inte att ha tr\u00e5kigt h\u00e4r.<\/p>\n\n\n\n<h3 class=\"wp-block-heading\"><span class=\"ez-toc-section\" id=\"21_Badhuset_i_Olomouc\"><\/span>21. Badhuset i Olomouc<span class=\"ez-toc-section-end\"><\/span><\/h3>\n\n\n\n<figure data-wp-context=\"{&quot;imageId&quot;:&quot;6a979f2692c96&quot;}\" data-wp-interactive=\"core\/image\" data-wp-key=\"6a979f2692c96\" class=\"wp-block-image size-full wp-lightbox-container\"><img decoding=\"async\" width=\"1800\" height=\"1013\" data-wp-class--hide=\"state.isContentHidden\" data-wp-class--show=\"state.isContentVisible\" data-wp-init=\"callbacks.setButtonStyles\" data-wp-on--click=\"actions.showLightbox\" data-wp-on--load=\"callbacks.setButtonStyles\" data-wp-on--pointerdown=\"actions.preloadImage\" data-wp-on--pointerenter=\"actions.preloadImageWithDelay\" data-wp-on--pointerleave=\"actions.cancelPreload\" data-wp-on-window--resize=\"callbacks.setButtonStyles\" src=\"https:\/\/loudavymkrokem.cz\/wp-content\/uploads\/2026\/08\/olomouc-s-detmi-aquapark.jpg\" alt=\"Byggnaden till Badhuset i Olomouc i stadsdelen Slavon\u00edn\" class=\"wp-image-401126\" title=\"\" srcset=\"https:\/\/loudavymkrokem.cz\/wp-content\/uploads\/2026\/08\/olomouc-s-detmi-aquapark.jpg 1800w, https:\/\/loudavymkrokem.cz\/wp-content\/uploads\/2026\/08\/olomouc-s-detmi-aquapark-300x169.jpg 300w, https:\/\/loudavymkrokem.cz\/wp-content\/uploads\/2026\/08\/olomouc-s-detmi-aquapark-700x394.jpg 700w, https:\/\/loudavymkrokem.cz\/wp-content\/uploads\/2026\/08\/olomouc-s-detmi-aquapark-768x432.jpg 768w, https:\/\/loudavymkrokem.cz\/wp-content\/uploads\/2026\/08\/olomouc-s-detmi-aquapark-1536x864.jpg 1536w, https:\/\/loudavymkrokem.cz\/wp-content\/uploads\/2026\/08\/olomouc-s-detmi-aquapark-696x392.jpg 696w, https:\/\/loudavymkrokem.cz\/wp-content\/uploads\/2026\/08\/olomouc-s-detmi-aquapark-1392x783.jpg 1392w\" sizes=\"(max-width: 1800px) 100vw, 1800px\" \/><button\n\t\t\tclass=\"lightbox-trigger\"\n\t\t\ttype=\"button\"\n\t\t\taria-haspopup=\"dialog\"\n\t\t\tdata-wp-bind--aria-label=\"state.thisImage.triggerButtonAriaLabel\"\n\t\t\tdata-wp-init=\"callbacks.initTriggerButton\"\n\t\t\tdata-wp-on--click=\"actions.showLightbox\"\n\t\t\tdata-wp-style--right=\"state.thisImage.buttonRight\"\n\t\t\tdata-wp-style--top=\"state.thisImage.buttonTop\"\n\t\t>\n\t\t\t<svg xmlns=\"http:\/\/www.w3.org\/2000\/svg\" width=\"12\" height=\"12\" fill=\"none\" viewBox=\"0 0 12 12\">\n\t\t\t\t<path fill=\"#fff\" d=\"M2 0a2 2 0 0 0-2 2v2h1.5V2a.5.5 0 0 1 .5-.5h2V0H2Zm2 10.5H2a.5.5 0 0 1-.5-.5V8H0v2a2 2 0 0 0 2 2h2v-1.5ZM8 12v-1.5h2a.5.5 0 0 0 .5-.5V8H12v2a2 2 0 0 1-2 2H8Zm2-12a2 2 0 0 1 2 2v2h-1.5V2a.5.5 0 0 0-.5-.5H8V0h2Z\" \/>\n\t\t\t<\/svg>\n\t\t<\/button><figcaption class=\"wp-element-caption\">Badhuset i Slavon\u00edn har b\u00e5de inomhus- och utomhusdel och barnv\u00e4rlden Akv\u00e1rko<\/figcaption><\/figure>\n\n\n\n<p class=\"wp-block-paragraph\">Olomoucs stora <a href=\"https:\/\/www.aqua-olomouc.cz\/\" target=\"_blank\" rel=\"nofollow noopener\">vattenv\u00e4rld<\/a> hittar du p\u00e5 adressen Kafkova 526\/21 i stadsdelen Slavon\u00edn. Det \u00e4r ett enormt komplex med betyg 4,2 fr\u00e5n n\u00e4stan fyra tusen personer, som kombinerar en vidstr\u00e4ckt inomhusdel f\u00f6r vintern och ett fint utomhusomr\u00e5de f\u00f6r sommaren. H\u00e4r finns rej\u00e4la tobogganer, massor av snabba rutschkanor, en bastuzon f\u00f6r vuxna, en aktivitetspark och en restaurang d\u00e4r du l\u00e4tt stillar den vargahunger som infinner sig efter simturen.<\/p>\n\n\n\n<p class=\"wp-block-paragraph\">F\u00f6r de minsta finns en s\u00e4rskild barnv\u00e4rld, <strong>Akv\u00e1rko<\/strong>. Vad g\u00e4ller vattentemperaturen har <strong>barnbass\u00e4ngen fina 32 \u00b0C<\/strong>, massagebass\u00e4ngen ocks\u00e5 32 \u00b0C och bubbelpoolerna v\u00e4rmer upp till 34\u201336 \u00b0C. Av f\u00f6r\u00e4ldrarnas recensioner framg\u00e5r dock en viktig varning: den stora rekreationsbass\u00e4ngen h\u00e5ller bara 28 \u00b0C, vilket kan k\u00e4nnas svalt efter en stund f\u00f6r mindre barn, s\u00e5 med de allra minsta \u00e4r det b\u00e4ttre att tillbringa tiden fr\u00e4mst i det avskilda Akv\u00e1rko. Badhuset har en praktisk f\u00f6rdel som du med barn i bilen uppskattar: du k\u00f6r rakt av motorv\u00e4gen till det och parkerar utan att leta plats.<\/p>\n\n\n\n<h3 class=\"wp-block-heading\"><span class=\"ez-toc-section\" id=\"22_Centrum_Semafor\"><\/span>22. Centrum Semafor<span class=\"ez-toc-section-end\"><\/span><\/h3>\n\n\n\n<figure data-wp-context=\"{&quot;imageId&quot;:&quot;6a979f2693198&quot;}\" data-wp-interactive=\"core\/image\" data-wp-key=\"6a979f2693198\" class=\"wp-block-image size-full wp-lightbox-container\"><img decoding=\"async\" width=\"1216\" height=\"913\" data-wp-class--hide=\"state.isContentHidden\" data-wp-class--show=\"state.isContentVisible\" data-wp-init=\"callbacks.setButtonStyles\" data-wp-on--click=\"actions.showLightbox\" data-wp-on--load=\"callbacks.setButtonStyles\" data-wp-on--pointerdown=\"actions.preloadImage\" data-wp-on--pointerenter=\"actions.preloadImageWithDelay\" data-wp-on--pointerleave=\"actions.cancelPreload\" data-wp-on-window--resize=\"callbacks.setButtonStyles\" src=\"https:\/\/loudavymkrokem.cz\/wp-content\/uploads\/2026\/08\/olomouc-s-detmi-centrum-semafor.jpg\" alt=\"Trafiklekplatsen Centrum Semafor i Olomouc med trafikljus och skyltar\" class=\"wp-image-403597\" title=\"\" srcset=\"https:\/\/loudavymkrokem.cz\/wp-content\/uploads\/2026\/08\/olomouc-s-detmi-centrum-semafor.jpg 1216w, https:\/\/loudavymkrokem.cz\/wp-content\/uploads\/2026\/08\/olomouc-s-detmi-centrum-semafor-300x225.jpg 300w, https:\/\/loudavymkrokem.cz\/wp-content\/uploads\/2026\/08\/olomouc-s-detmi-centrum-semafor-700x526.jpg 700w, https:\/\/loudavymkrokem.cz\/wp-content\/uploads\/2026\/08\/olomouc-s-detmi-centrum-semafor-768x577.jpg 768w, https:\/\/loudavymkrokem.cz\/wp-content\/uploads\/2026\/08\/olomouc-s-detmi-centrum-semafor-80x60.jpg 80w, https:\/\/loudavymkrokem.cz\/wp-content\/uploads\/2026\/08\/olomouc-s-detmi-centrum-semafor-160x120.jpg 160w, https:\/\/loudavymkrokem.cz\/wp-content\/uploads\/2026\/08\/olomouc-s-detmi-centrum-semafor-696x523.jpg 696w\" sizes=\"(max-width: 1216px) 100vw, 1216px\" \/><button\n\t\t\tclass=\"lightbox-trigger\"\n\t\t\ttype=\"button\"\n\t\t\taria-haspopup=\"dialog\"\n\t\t\tdata-wp-bind--aria-label=\"state.thisImage.triggerButtonAriaLabel\"\n\t\t\tdata-wp-init=\"callbacks.initTriggerButton\"\n\t\t\tdata-wp-on--click=\"actions.showLightbox\"\n\t\t\tdata-wp-style--right=\"state.thisImage.buttonRight\"\n\t\t\tdata-wp-style--top=\"state.thisImage.buttonTop\"\n\t\t>\n\t\t\t<svg xmlns=\"http:\/\/www.w3.org\/2000\/svg\" width=\"12\" height=\"12\" fill=\"none\" viewBox=\"0 0 12 12\">\n\t\t\t\t<path fill=\"#fff\" d=\"M2 0a2 2 0 0 0-2 2v2h1.5V2a.5.5 0 0 1 .5-.5h2V0H2Zm2 10.5H2a.5.5 0 0 1-.5-.5V8H0v2a2 2 0 0 0 2 2h2v-1.5ZM8 12v-1.5h2a.5.5 0 0 0 .5-.5V8H12v2a2 2 0 0 1-2 2H8Zm2-12a2 2 0 0 1 2 2v2h-1.5V2a.5.5 0 0 0-.5-.5H8V0h2Z\" \/>\n\t\t\t<\/svg>\n\t\t<\/button><figcaption class=\"wp-element-caption\">Olomoucs enda trafiklekplats har fungerande trafikljus och j\u00e4rnv\u00e4gs\u00f6verg\u00e5ng | Foto: Centrum Semafor Olomouc<\/figcaption><\/figure>\n\n\n\n<p class=\"wp-block-paragraph\">Om dina barn \u00e4lskar att \u00e5ka p\u00e5 allt som har hjul f\u00e5r du inte missa Centrum Semafor p\u00e5 Legion\u00e1\u0159sk\u00e1 15 (fantastiskt betyg p\u00e5 <strong>4,8 av 140 recensioner<\/strong>). Det \u00e4r <strong>den enda specialiserade trafiklekplatsen i hela Olomouc<\/strong> och den h\u00e5ller verkligen h\u00f6g klass. V\u00e4garna kantas av riktiga skyltar, i korsningarna blinkar fungerande trafikljus, och det finns b\u00e5de \u00f6verg\u00e5ngsst\u00e4llen och en j\u00e4rnv\u00e4gs\u00f6verg\u00e5ng med ljud- och ljuseffekter.<\/p>\n\n\n\n<p class=\"wp-block-paragraph\">Om du inte har egen fordonspark med dig g\u00f6r det ingenting. H\u00e4r finns en toppenbra <strong>uthyrning f\u00f6r cirka 25 kr (50 K\u010d) i timmen eller 90 kr (200 K\u010d) f\u00f6r hela dagen<\/strong>. Att hyra barncyklar upp till 24 tum kostar rentav halva priset, och de har omkring 50 cyklar, dessutom sparkcyklar, popul\u00e4ra trampgokarter och till och med handbikes. \u00d6ppet har de fr\u00e5n april till juni och p\u00e5 h\u00f6sten i september och oktober (vardagar 14\u201318, helger och helgdagar 10\u201312 och 14\u201318), under sommarlovsm\u00e5naderna skiljer sig \u00f6ppettiderna n\u00e5got, s\u00e5 kolla dem hellre i f\u00f6rv\u00e4g.<\/p>\n\n\n\n<h3 class=\"wp-block-heading\"><span class=\"ez-toc-section\" id=\"23_Reppark_Veverak\"><\/span>23. Reppark Vever\u00e1k<span class=\"ez-toc-section-end\"><\/span><\/h3>\n\n\n\n<figure data-wp-context=\"{&quot;imageId&quot;:&quot;6a979f26936e7&quot;}\" data-wp-interactive=\"core\/image\" data-wp-key=\"6a979f26936e7\" class=\"wp-block-image size-full wp-lightbox-container\"><img decoding=\"async\" width=\"1800\" height=\"1013\" data-wp-class--hide=\"state.isContentHidden\" data-wp-class--show=\"state.isContentVisible\" data-wp-init=\"callbacks.setButtonStyles\" data-wp-on--click=\"actions.showLightbox\" data-wp-on--load=\"callbacks.setButtonStyles\" data-wp-on--pointerdown=\"actions.preloadImage\" data-wp-on--pointerenter=\"actions.preloadImageWithDelay\" data-wp-on--pointerleave=\"actions.cancelPreload\" data-wp-on-window--resize=\"callbacks.setButtonStyles\" src=\"https:\/\/loudavymkrokem.cz\/wp-content\/uploads\/2026\/08\/olomouc-s-detmi-lanovy-park-veverak.jpg\" alt=\"Barn p\u00e5 ett rephinder i repparken Vever\u00e1k p\u00e5 Svat\u00fd Kope\u010dek\" class=\"wp-image-403608\" title=\"\" srcset=\"https:\/\/loudavymkrokem.cz\/wp-content\/uploads\/2026\/08\/olomouc-s-detmi-lanovy-park-veverak.jpg 1800w, https:\/\/loudavymkrokem.cz\/wp-content\/uploads\/2026\/08\/olomouc-s-detmi-lanovy-park-veverak-300x169.jpg 300w, https:\/\/loudavymkrokem.cz\/wp-content\/uploads\/2026\/08\/olomouc-s-detmi-lanovy-park-veverak-700x394.jpg 700w, https:\/\/loudavymkrokem.cz\/wp-content\/uploads\/2026\/08\/olomouc-s-detmi-lanovy-park-veverak-768x432.jpg 768w, https:\/\/loudavymkrokem.cz\/wp-content\/uploads\/2026\/08\/olomouc-s-detmi-lanovy-park-veverak-1536x864.jpg 1536w, https:\/\/loudavymkrokem.cz\/wp-content\/uploads\/2026\/08\/olomouc-s-detmi-lanovy-park-veverak-696x392.jpg 696w, https:\/\/loudavymkrokem.cz\/wp-content\/uploads\/2026\/08\/olomouc-s-detmi-lanovy-park-veverak-1392x783.jpg 1392w\" sizes=\"(max-width: 1800px) 100vw, 1800px\" \/><button\n\t\t\tclass=\"lightbox-trigger\"\n\t\t\ttype=\"button\"\n\t\t\taria-haspopup=\"dialog\"\n\t\t\tdata-wp-bind--aria-label=\"state.thisImage.triggerButtonAriaLabel\"\n\t\t\tdata-wp-init=\"callbacks.initTriggerButton\"\n\t\t\tdata-wp-on--click=\"actions.showLightbox\"\n\t\t\tdata-wp-style--right=\"state.thisImage.buttonRight\"\n\t\t\tdata-wp-style--top=\"state.thisImage.buttonTop\"\n\t\t>\n\t\t\t<svg xmlns=\"http:\/\/www.w3.org\/2000\/svg\" width=\"12\" height=\"12\" fill=\"none\" viewBox=\"0 0 12 12\">\n\t\t\t\t<path fill=\"#fff\" d=\"M2 0a2 2 0 0 0-2 2v2h1.5V2a.5.5 0 0 1 .5-.5h2V0H2Zm2 10.5H2a.5.5 0 0 1-.5-.5V8H0v2a2 2 0 0 0 2 2h2v-1.5ZM8 12v-1.5h2a.5.5 0 0 0 .5-.5V8H12v2a2 2 0 0 1-2 2H8Zm2-12a2 2 0 0 1 2 2v2h-1.5V2a.5.5 0 0 0-.5-.5H8V0h2Z\" \/>\n\t\t\t<\/svg>\n\t\t<\/button><figcaption class=\"wp-element-caption\">Repparken Vever\u00e1k g\u00e5r utm\u00e4rkt att kombinera med ett bes\u00f6k i djurparken | Foto: Reppark Vever\u00e1k<\/figcaption><\/figure>\n\n\n\n<p class=\"wp-block-paragraph\">Ytterligare en fin dos r\u00f6relse kan du unna dig i repparken Vever\u00e1k, som ligger vid gatan Darwinova direkt p\u00e5 Svat\u00fd Kope\u010dek. F\u00f6r\u00e4ldrar ber\u00f6mmer den med ett mycket h\u00f6gt betyg p\u00e5 <strong>4,7<\/strong>, eftersom den erbjuder banor uppdelade efter sv\u00e5righetsgrad s\u00e5 att b\u00e5de mindre barn och vuxna som s\u00f6ker lite adrenalin p\u00e5 h\u00f6jden ska hitta n\u00e5got som passar.<\/p>\n\n\n\n<p class=\"wp-block-paragraph\">Dessutom vakar proffsiga instrukt\u00f6rer \u00f6ver allt \u2013 de f\u00f6rklarar s\u00e4kringen och hj\u00e4lper till om n\u00e5gon just fastnat vid ett sv\u00e5rare hinder. En stor f\u00f6rdel med parken \u00e4r dess l\u00e4ge, f\u00f6r bes\u00f6ket g\u00e5r att kombinera helt genialt med en heldagsutflykt till den n\u00e4rbel\u00e4gna djurparken.<\/p>\n\n\n\n<h3 class=\"wp-block-heading\"><span class=\"ez-toc-section\" id=\"24_Lekplatser_i_parkerna\"><\/span>24. Lekplatser i parkerna<span class=\"ez-toc-section-end\"><\/span><\/h3>\n\n\n\n<p class=\"wp-block-paragraph\">N\u00e4r du inte beh\u00f6ver n\u00e5gra stora organiserade aktiviteter och bara vill sitta en stund p\u00e5 en b\u00e4nk medan barnen gungar, erbjuder Olomouc en rad klassiska offentliga lekplatser. De mest popul\u00e4ra och b\u00e4st sk\u00f6tta hittar du i de redan n\u00e4mnda Smetana- och Bezru\u010dparkerna, men mindre kl\u00e4tterst\u00e4llningar och sandl\u00e5dor \u00e4r utspridda \u00e4ven i andra delar av centrum och de n\u00e4rmaste omgivningarna, s\u00e5 du st\u00f6ter f\u00f6rr eller senare tillf\u00f6rlitligt p\u00e5 dem under dina str\u00f6vt\u00e5g i staden.<\/p>\n\n\n\n<h2 class=\"wp-block-heading\"><span class=\"ez-toc-section\" id=\"Svaty_Kopecek_djurpark_och_en_hel_dag_ovanfor_staden\"><\/span>Svat\u00fd Kope\u010dek: djurpark och en hel dag ovanf\u00f6r staden<span class=\"ez-toc-section-end\"><\/span><\/h2>\n\n\n\n<p class=\"wp-block-paragraph\">Om du planerar att stanna i Olomouc mer \u00e4n en dag m\u00e5ste du helt enkelt ha med Svat\u00fd Kope\u010dek i din reseplan. Denna skogkl\u00e4dda stadsdel som reser sig ovanf\u00f6r staden \u00e4r n\u00e4mligen synonym med en perfekt familjedag full av djur, vackra utsikter och promenader i naturen.<\/p>\n\n\n\n<h3 class=\"wp-block-heading\"><span class=\"ez-toc-section\" id=\"25_Djurparken_i_Olomouc_pa_Svaty_Kopecek\"><\/span>25. Djurparken i Olomouc p\u00e5 Svat\u00fd Kope\u010dek<span class=\"ez-toc-section-end\"><\/span><\/h3>\n\n\n\n<figure data-wp-context=\"{&quot;imageId&quot;:&quot;6a979f2693d40&quot;}\" data-wp-interactive=\"core\/image\" data-wp-key=\"6a979f2693d40\" class=\"wp-block-image size-full wp-lightbox-container\"><img decoding=\"async\" width=\"1800\" height=\"1350\" data-wp-class--hide=\"state.isContentHidden\" data-wp-class--show=\"state.isContentVisible\" data-wp-init=\"callbacks.setButtonStyles\" data-wp-on--click=\"actions.showLightbox\" data-wp-on--load=\"callbacks.setButtonStyles\" data-wp-on--pointerdown=\"actions.preloadImage\" data-wp-on--pointerenter=\"actions.preloadImageWithDelay\" data-wp-on--pointerleave=\"actions.cancelPreload\" data-wp-on-window--resize=\"callbacks.setButtonStyles\" src=\"https:\/\/loudavymkrokem.cz\/wp-content\/uploads\/2026\/08\/olomouc-s-detmi-zoo-voliera.jpg\" alt=\"Tranor i en volj\u00e4r i djurparken i Olomouc p\u00e5 Svat\u00fd Kope\u010dek\" class=\"wp-image-401082\" title=\"\" srcset=\"https:\/\/loudavymkrokem.cz\/wp-content\/uploads\/2026\/08\/olomouc-s-detmi-zoo-voliera.jpg 1800w, https:\/\/loudavymkrokem.cz\/wp-content\/uploads\/2026\/08\/olomouc-s-detmi-zoo-voliera-300x225.jpg 300w, https:\/\/loudavymkrokem.cz\/wp-content\/uploads\/2026\/08\/olomouc-s-detmi-zoo-voliera-700x525.jpg 700w, https:\/\/loudavymkrokem.cz\/wp-content\/uploads\/2026\/08\/olomouc-s-detmi-zoo-voliera-768x576.jpg 768w, https:\/\/loudavymkrokem.cz\/wp-content\/uploads\/2026\/08\/olomouc-s-detmi-zoo-voliera-1536x1152.jpg 1536w, https:\/\/loudavymkrokem.cz\/wp-content\/uploads\/2026\/08\/olomouc-s-detmi-zoo-voliera-80x60.jpg 80w, https:\/\/loudavymkrokem.cz\/wp-content\/uploads\/2026\/08\/olomouc-s-detmi-zoo-voliera-160x120.jpg 160w, https:\/\/loudavymkrokem.cz\/wp-content\/uploads\/2026\/08\/olomouc-s-detmi-zoo-voliera-696x522.jpg 696w, https:\/\/loudavymkrokem.cz\/wp-content\/uploads\/2026\/08\/olomouc-s-detmi-zoo-voliera-1392x1044.jpg 1392w\" sizes=\"(max-width: 1800px) 100vw, 1800px\" \/><button\n\t\t\tclass=\"lightbox-trigger\"\n\t\t\ttype=\"button\"\n\t\t\taria-haspopup=\"dialog\"\n\t\t\tdata-wp-bind--aria-label=\"state.thisImage.triggerButtonAriaLabel\"\n\t\t\tdata-wp-init=\"callbacks.initTriggerButton\"\n\t\t\tdata-wp-on--click=\"actions.showLightbox\"\n\t\t\tdata-wp-style--right=\"state.thisImage.buttonRight\"\n\t\t\tdata-wp-style--top=\"state.thisImage.buttonTop\"\n\t\t>\n\t\t\t<svg xmlns=\"http:\/\/www.w3.org\/2000\/svg\" width=\"12\" height=\"12\" fill=\"none\" viewBox=\"0 0 12 12\">\n\t\t\t\t<path fill=\"#fff\" d=\"M2 0a2 2 0 0 0-2 2v2h1.5V2a.5.5 0 0 1 .5-.5h2V0H2Zm2 10.5H2a.5.5 0 0 1-.5-.5V8H0v2a2 2 0 0 0 2 2h2v-1.5ZM8 12v-1.5h2a.5.5 0 0 0 .5-.5V8H12v2a2 2 0 0 1-2 2H8Zm2-12a2 2 0 0 1 2 2v2h-1.5V2a.5.5 0 0 0-.5-.5H8V0h2Z\" \/>\n\t\t\t<\/svg>\n\t\t<\/button><figcaption class=\"wp-element-caption\">H\u00e4gnen \u00e4r insatta direkt i skogsterr\u00e4ngen<\/figcaption><\/figure>\n\n\n\n<figure data-wp-context=\"{&quot;imageId&quot;:&quot;6a979f2694092&quot;}\" data-wp-interactive=\"core\/image\" data-wp-key=\"6a979f2694092\" class=\"wp-block-image size-full wp-lightbox-container\"><img decoding=\"async\" width=\"1800\" height=\"1195\" data-wp-class--hide=\"state.isContentHidden\" data-wp-class--show=\"state.isContentVisible\" data-wp-init=\"callbacks.setButtonStyles\" data-wp-on--click=\"actions.showLightbox\" data-wp-on--load=\"callbacks.setButtonStyles\" data-wp-on--pointerdown=\"actions.preloadImage\" data-wp-on--pointerenter=\"actions.preloadImageWithDelay\" data-wp-on--pointerleave=\"actions.cancelPreload\" data-wp-on-window--resize=\"callbacks.setButtonStyles\" src=\"https:\/\/loudavymkrokem.cz\/wp-content\/uploads\/2026\/08\/olomouc-s-detmi-zoo-vstup.jpg\" alt=\"Entr\u00e9byggnaden till djurparken i Olomouc p\u00e5 Svat\u00fd Kope\u010dek\" class=\"wp-image-401078\" title=\"\" srcset=\"https:\/\/loudavymkrokem.cz\/wp-content\/uploads\/2026\/08\/olomouc-s-detmi-zoo-vstup.jpg 1800w, https:\/\/loudavymkrokem.cz\/wp-content\/uploads\/2026\/08\/olomouc-s-detmi-zoo-vstup-300x199.jpg 300w, https:\/\/loudavymkrokem.cz\/wp-content\/uploads\/2026\/08\/olomouc-s-detmi-zoo-vstup-700x465.jpg 700w, https:\/\/loudavymkrokem.cz\/wp-content\/uploads\/2026\/08\/olomouc-s-detmi-zoo-vstup-768x510.jpg 768w, https:\/\/loudavymkrokem.cz\/wp-content\/uploads\/2026\/08\/olomouc-s-detmi-zoo-vstup-1536x1020.jpg 1536w, https:\/\/loudavymkrokem.cz\/wp-content\/uploads\/2026\/08\/olomouc-s-detmi-zoo-vstup-696x462.jpg 696w, https:\/\/loudavymkrokem.cz\/wp-content\/uploads\/2026\/08\/olomouc-s-detmi-zoo-vstup-1392x924.jpg 1392w\" sizes=\"(max-width: 1800px) 100vw, 1800px\" \/><button\n\t\t\tclass=\"lightbox-trigger\"\n\t\t\ttype=\"button\"\n\t\t\taria-haspopup=\"dialog\"\n\t\t\tdata-wp-bind--aria-label=\"state.thisImage.triggerButtonAriaLabel\"\n\t\t\tdata-wp-init=\"callbacks.initTriggerButton\"\n\t\t\tdata-wp-on--click=\"actions.showLightbox\"\n\t\t\tdata-wp-style--right=\"state.thisImage.buttonRight\"\n\t\t\tdata-wp-style--top=\"state.thisImage.buttonTop\"\n\t\t>\n\t\t\t<svg xmlns=\"http:\/\/www.w3.org\/2000\/svg\" width=\"12\" height=\"12\" fill=\"none\" viewBox=\"0 0 12 12\">\n\t\t\t\t<path fill=\"#fff\" d=\"M2 0a2 2 0 0 0-2 2v2h1.5V2a.5.5 0 0 1 .5-.5h2V0H2Zm2 10.5H2a.5.5 0 0 1-.5-.5V8H0v2a2 2 0 0 0 2 2h2v-1.5ZM8 12v-1.5h2a.5.5 0 0 0 .5-.5V8H12v2a2 2 0 0 1-2 2H8Zm2-12a2 2 0 0 1 2 2v2h-1.5V2a.5.5 0 0 0-.5-.5H8V0h2Z\" \/>\n\t\t\t<\/svg>\n\t\t<\/button><figcaption class=\"wp-element-caption\">Ing\u00e5ngen till djurparken i Olomouc, g\u00f6md i skogen ovanf\u00f6r staden<\/figcaption><\/figure>\n\n\n\n<p class=\"wp-block-paragraph\">Det h\u00e4r \u00e4r utan diskussion regionens fr\u00e4msta familjedragpl\u00e5ster. <a href=\"https:\/\/www.zoo-olomouc.cz\/\" target=\"_blank\" rel=\"nofollow noopener\">Olomoucs djurpark<\/a>, g\u00f6md i en vacker barrskog, samlar entusiastiska omd\u00f6men, och dess betyg p\u00e5 <strong>4,4 av \u00f6ver 16 500 recensioner<\/strong> visar hur omtyckt den \u00e4r. Djuren har h\u00e4r vidstr\u00e4ckta h\u00e4gn insatta direkt i den sluttande skogsterr\u00e4ngen, s\u00e5 bes\u00f6ket \u00e4r samtidigt en trevlig promenad bland tr\u00e4den, d\u00e4r det \u00e4ven p\u00e5 sommaren \u00e4r behagligt skuggigt.<\/p>\n\n\n\n<p class=\"wp-block-paragraph\">Intr\u00e4despriserna varierar med s\u00e4songen. Under h\u00f6gs\u00e4songen (fr\u00e5n mars till oktober) betalar en vuxen cirka <strong>83 kr (180 K\u010d)<\/strong> och barn, studenter eller pension\u00e4rer cirka <strong>64 kr (140 K\u010d)<\/strong>. Utanf\u00f6r s\u00e4song under vinterm\u00e5naderna (november till februari) \u00e4r priserna v\u00e4nligare: cirka 69 kr (150 K\u010d) f\u00f6r en vuxen och 55 kr (120 K\u010d) reducerat. De allra minsta barnen upp till 3 \u00e5r g\u00e5r in helt gratis och en familjebiljett (2+2) kostar rimliga <strong>cirka 275 kr (600 K\u010d)<\/strong>. \u00d6ppettiderna \u00e4ndras ocks\u00e5 med \u00e5rstiden. I januari och februari \u00e4r det \u00f6ppet 9\u201316, i mars och september 9\u201317, fr\u00e5n april till augusti f\u00f6rl\u00e4ngs det till 9\u201318 och fr\u00e5n oktober till december st\u00e4nger portarna \u00e5ter kl. 16.<\/p>\n\n\n\n<p class=\"wp-block-paragraph\">Och hur tar du dig hit om du inte vill betala f\u00f6r parkering vid djurparken? Alldeles enkelt. Fr\u00e5n centralstationen (h\u00e5llplats D) g\u00e5r regelbundet <strong>buss nr 11<\/strong>. Turerna g\u00e5r i fina 10\u201315-minutersintervall, sj\u00e4lva resan tar cirka 20 minuter och fr\u00e5n h\u00e5llplatsen v\u00e4ntar bara en kort 5\u201310-minuterspromenad uppf\u00f6r en l\u00e4tt backe direkt fram till entr\u00e9n.<\/p>\n\n\n\n<h3 class=\"wp-block-heading\"><span class=\"ez-toc-section\" id=\"26_Utsiktstornet_i_djurparken\"><\/span>26. Utsiktstornet i djurparken<span class=\"ez-toc-section-end\"><\/span><\/h3>\n\n\n\n<figure data-wp-context=\"{&quot;imageId&quot;:&quot;6a979f2694605&quot;}\" data-wp-interactive=\"core\/image\" data-wp-key=\"6a979f2694605\" class=\"wp-block-image size-full wp-lightbox-container\"><img decoding=\"async\" width=\"1800\" height=\"1202\" data-wp-class--hide=\"state.isContentHidden\" data-wp-class--show=\"state.isContentVisible\" data-wp-init=\"callbacks.setButtonStyles\" data-wp-on--click=\"actions.showLightbox\" data-wp-on--load=\"callbacks.setButtonStyles\" data-wp-on--pointerdown=\"actions.preloadImage\" data-wp-on--pointerenter=\"actions.preloadImageWithDelay\" data-wp-on--pointerleave=\"actions.cancelPreload\" data-wp-on-window--resize=\"callbacks.setButtonStyles\" src=\"https:\/\/loudavymkrokem.cz\/wp-content\/uploads\/2026\/08\/olomouc-s-detmi-vyhlidkova-vez-zoo.jpg\" alt=\"Utsiktstorn i djurparken i Olomouc p\u00e5 Svat\u00fd Kope\u010dek\" class=\"wp-image-403612\" title=\"\" srcset=\"https:\/\/loudavymkrokem.cz\/wp-content\/uploads\/2026\/08\/olomouc-s-detmi-vyhlidkova-vez-zoo.jpg 1800w, https:\/\/loudavymkrokem.cz\/wp-content\/uploads\/2026\/08\/olomouc-s-detmi-vyhlidkova-vez-zoo-300x200.jpg 300w, https:\/\/loudavymkrokem.cz\/wp-content\/uploads\/2026\/08\/olomouc-s-detmi-vyhlidkova-vez-zoo-700x467.jpg 700w, https:\/\/loudavymkrokem.cz\/wp-content\/uploads\/2026\/08\/olomouc-s-detmi-vyhlidkova-vez-zoo-768x513.jpg 768w, https:\/\/loudavymkrokem.cz\/wp-content\/uploads\/2026\/08\/olomouc-s-detmi-vyhlidkova-vez-zoo-1536x1026.jpg 1536w, https:\/\/loudavymkrokem.cz\/wp-content\/uploads\/2026\/08\/olomouc-s-detmi-vyhlidkova-vez-zoo-696x465.jpg 696w, https:\/\/loudavymkrokem.cz\/wp-content\/uploads\/2026\/08\/olomouc-s-detmi-vyhlidkova-vez-zoo-1392x930.jpg 1392w\" sizes=\"(max-width: 1800px) 100vw, 1800px\" \/><button\n\t\t\tclass=\"lightbox-trigger\"\n\t\t\ttype=\"button\"\n\t\t\taria-haspopup=\"dialog\"\n\t\t\tdata-wp-bind--aria-label=\"state.thisImage.triggerButtonAriaLabel\"\n\t\t\tdata-wp-init=\"callbacks.initTriggerButton\"\n\t\t\tdata-wp-on--click=\"actions.showLightbox\"\n\t\t\tdata-wp-style--right=\"state.thisImage.buttonRight\"\n\t\t\tdata-wp-style--top=\"state.thisImage.buttonTop\"\n\t\t>\n\t\t\t<svg xmlns=\"http:\/\/www.w3.org\/2000\/svg\" width=\"12\" height=\"12\" fill=\"none\" viewBox=\"0 0 12 12\">\n\t\t\t\t<path fill=\"#fff\" d=\"M2 0a2 2 0 0 0-2 2v2h1.5V2a.5.5 0 0 1 .5-.5h2V0H2Zm2 10.5H2a.5.5 0 0 1-.5-.5V8H0v2a2 2 0 0 0 2 2h2v-1.5ZM8 12v-1.5h2a.5.5 0 0 0 .5-.5V8H12v2a2 2 0 0 1-2 2H8Zm2-12a2 2 0 0 1 2 2v2h-1.5V2a.5.5 0 0 0-.5-.5H8V0h2Z\" \/>\n\t\t\t<\/svg>\n\t\t<\/button><figcaption class=\"wp-element-caption\">Fr\u00e5n utsiktstornet ser du vid god sikt \u00e4nda till bergen Jesen\u00edky | Foto: Zoo Olomouc<\/figcaption><\/figure>\n\n\n\n<p class=\"wp-block-paragraph\">Direkt i djurparksomr\u00e5det st\u00e5r ett enormt utsiktstorn i st\u00e5l (betyg 4,6), som du definitivt inte b\u00f6r missa om du inte lider av h\u00f6jdr\u00e4dsla. Uppstigningen p\u00e5 gallertrapporna \u00e4r visserligen lite anstr\u00e4ngande, men uppe v\u00e4ntar en bel\u00f6ning i form av en utsikt du inte ser n\u00e5gon annanstans.<\/p>\n\n\n\n<p class=\"wp-block-paragraph\">Vid god sikt \u00f6ppnar sig ett h\u00e4nf\u00f6rande panorama \u00f6ver hela Olomouc som breder ut sig nere i l\u00e5gsl\u00e4tten, och n\u00e4r du v\u00e4nder dig \u00e5t andra h\u00e5llet ser du \u00e4nda till de majest\u00e4tiska Jesen\u00edkybergens kammar. Och f\u00f6r dem som beh\u00f6ver \u00e5terh\u00e4mta sig efter prestationen finns ett trevligt kaf\u00e9 direkt under tornet.<\/p>\n\n\n\n<h3 class=\"wp-block-heading\"><span class=\"ez-toc-section\" id=\"27_Jungfru_Marie_besokelsebasilika\"><\/span>27. Jungfru Marie bes\u00f6kelsebasilika<span class=\"ez-toc-section-end\"><\/span><\/h3>\n\n\n\n<figure data-wp-context=\"{&quot;imageId&quot;:&quot;6a979f2694c36&quot;}\" data-wp-interactive=\"core\/image\" data-wp-key=\"6a979f2694c36\" class=\"wp-block-image size-full wp-lightbox-container\"><img decoding=\"async\" width=\"1800\" height=\"1350\" data-wp-class--hide=\"state.isContentHidden\" data-wp-class--show=\"state.isContentVisible\" data-wp-init=\"callbacks.setButtonStyles\" data-wp-on--click=\"actions.showLightbox\" data-wp-on--load=\"callbacks.setButtonStyles\" data-wp-on--pointerdown=\"actions.preloadImage\" data-wp-on--pointerenter=\"actions.preloadImageWithDelay\" data-wp-on--pointerleave=\"actions.cancelPreload\" data-wp-on-window--resize=\"callbacks.setButtonStyles\" src=\"https:\/\/loudavymkrokem.cz\/wp-content\/uploads\/2026\/08\/olomouc-s-detmi-bazilika-svaty-kopecek.jpg\" alt=\"Jungfru Marie bes\u00f6kelsebasilika p\u00e5 Svat\u00fd Kope\u010dek vid Olomouc\" class=\"wp-image-401087\" title=\"\" srcset=\"https:\/\/loudavymkrokem.cz\/wp-content\/uploads\/2026\/08\/olomouc-s-detmi-bazilika-svaty-kopecek.jpg 1800w, https:\/\/loudavymkrokem.cz\/wp-content\/uploads\/2026\/08\/olomouc-s-detmi-bazilika-svaty-kopecek-300x225.jpg 300w, https:\/\/loudavymkrokem.cz\/wp-content\/uploads\/2026\/08\/olomouc-s-detmi-bazilika-svaty-kopecek-700x525.jpg 700w, https:\/\/loudavymkrokem.cz\/wp-content\/uploads\/2026\/08\/olomouc-s-detmi-bazilika-svaty-kopecek-768x576.jpg 768w, https:\/\/loudavymkrokem.cz\/wp-content\/uploads\/2026\/08\/olomouc-s-detmi-bazilika-svaty-kopecek-1536x1152.jpg 1536w, https:\/\/loudavymkrokem.cz\/wp-content\/uploads\/2026\/08\/olomouc-s-detmi-bazilika-svaty-kopecek-80x60.jpg 80w, https:\/\/loudavymkrokem.cz\/wp-content\/uploads\/2026\/08\/olomouc-s-detmi-bazilika-svaty-kopecek-160x120.jpg 160w, https:\/\/loudavymkrokem.cz\/wp-content\/uploads\/2026\/08\/olomouc-s-detmi-bazilika-svaty-kopecek-696x522.jpg 696w, https:\/\/loudavymkrokem.cz\/wp-content\/uploads\/2026\/08\/olomouc-s-detmi-bazilika-svaty-kopecek-1392x1044.jpg 1392w\" sizes=\"(max-width: 1800px) 100vw, 1800px\" \/><button\n\t\t\tclass=\"lightbox-trigger\"\n\t\t\ttype=\"button\"\n\t\t\taria-haspopup=\"dialog\"\n\t\t\tdata-wp-bind--aria-label=\"state.thisImage.triggerButtonAriaLabel\"\n\t\t\tdata-wp-init=\"callbacks.initTriggerButton\"\n\t\t\tdata-wp-on--click=\"actions.showLightbox\"\n\t\t\tdata-wp-style--right=\"state.thisImage.buttonRight\"\n\t\t\tdata-wp-style--top=\"state.thisImage.buttonTop\"\n\t\t>\n\t\t\t<svg xmlns=\"http:\/\/www.w3.org\/2000\/svg\" width=\"12\" height=\"12\" fill=\"none\" viewBox=\"0 0 12 12\">\n\t\t\t\t<path fill=\"#fff\" d=\"M2 0a2 2 0 0 0-2 2v2h1.5V2a.5.5 0 0 1 .5-.5h2V0H2Zm2 10.5H2a.5.5 0 0 1-.5-.5V8H0v2a2 2 0 0 0 2 2h2v-1.5ZM8 12v-1.5h2a.5.5 0 0 0 .5-.5V8H12v2a2 2 0 0 1-2 2H8Zm2-12a2 2 0 0 1 2 2v2h-1.5V2a.5.5 0 0 0-.5-.5H8V0h2Z\" \/>\n\t\t\t<\/svg>\n\t\t<\/button><figcaption class=\"wp-element-caption\">Pilgrimsbasilikan p\u00e5 Svat\u00fd Kope\u010dek syns redan n\u00e4r man k\u00f6r mot Olomouc<\/figcaption><\/figure>\n\n\n\n<p class=\"wp-block-paragraph\">N\u00e4r du \u00e4nd\u00e5 \u00e4r p\u00e5 Svat\u00fd Kope\u010dek, g\u00e5 en bit bort till torget Sadov\u00e9 1, d\u00e4r den h\u00e4nf\u00f6rande pilgrimsbasilikan Jungfru Marie bes\u00f6kelsebasilika ligger (fantastiskt betyg p\u00e5 <strong>4,8 av 2 572 recensioner<\/strong>). Det \u00e4r ett landm\u00e4rke som du ser lysa \u00f6ver landskapet redan n\u00e4r du k\u00f6r mot Olomouc.<\/p>\n\n\n\n<p class=\"wp-block-paragraph\">Denna underbara barockbyggnad bes\u00f6ktes f\u00f6rresten av p\u00e5ven Johannes Paulus II sj\u00e4lv. \u00c4ven om det vid f\u00f6rsta anblicken kanske inte l\u00e5ter som en typisk barnattraktion \u00e4r byggnaden s\u00e5 enorm och majest\u00e4tisk att den lyckas f\u00e5nga \u00e4ven sm\u00e5 uppt\u00e4ckare, och dessutom kan man g\u00f6ra mycket fina och lugna promenader i den intilliggande omgivningen.<\/p>\n\n\n\n<h2 class=\"wp-block-heading\"><span class=\"ez-toc-section\" id=\"Utflykter_fran_Olomouc_med_barn\"><\/span>Utflykter fr\u00e5n Olomouc med barn<span class=\"ez-toc-section-end\"><\/span><\/h2>\n\n\n\n<p class=\"wp-block-paragraph\">Olomouc ligger strategiskt i hj\u00e4rtat av M\u00e4hren, vilket inneb\u00e4r att om du har tillg\u00e5ng till bil \u00f6ppnar sig ett otroligt antal andra sev\u00e4rda m\u00e5l inom en timmes k\u00f6rning. Om du allts\u00e5 f\u00e5r tid \u00f6ver och vill ta dig en bit utanf\u00f6r stadens gr\u00e4nser, h\u00e4r \u00e4r de b\u00e4sta tipsen p\u00e5 halv- eller heldagsutflykter.<\/p>\n\n\n\n<h3 class=\"wp-block-heading\"><span class=\"ez-toc-section\" id=\"28_DinoPark_och_ZOO_Park_Vyskov\"><\/span>28. DinoPark och ZOO Park Vy\u0161kov<span class=\"ez-toc-section-end\"><\/span><\/h3>\n\n\n\n<figure data-wp-context=\"{&quot;imageId&quot;:&quot;6a979f2695212&quot;}\" data-wp-interactive=\"core\/image\" data-wp-key=\"6a979f2695212\" class=\"wp-block-image size-full wp-lightbox-container\"><img decoding=\"async\" width=\"1800\" height=\"1209\" data-wp-class--hide=\"state.isContentHidden\" data-wp-class--show=\"state.isContentVisible\" data-wp-init=\"callbacks.setButtonStyles\" data-wp-on--click=\"actions.showLightbox\" data-wp-on--load=\"callbacks.setButtonStyles\" data-wp-on--pointerdown=\"actions.preloadImage\" data-wp-on--pointerenter=\"actions.preloadImageWithDelay\" data-wp-on--pointerleave=\"actions.cancelPreload\" data-wp-on-window--resize=\"callbacks.setButtonStyles\" src=\"https:\/\/loudavymkrokem.cz\/wp-content\/uploads\/2026\/08\/olomouc-s-detmi-zoopark-vyskov.jpg\" alt=\"Enpucklig kamel i ZOO Park Vy\u0161kov\" class=\"wp-image-401131\" title=\"\" srcset=\"https:\/\/loudavymkrokem.cz\/wp-content\/uploads\/2026\/08\/olomouc-s-detmi-zoopark-vyskov.jpg 1800w, https:\/\/loudavymkrokem.cz\/wp-content\/uploads\/2026\/08\/olomouc-s-detmi-zoopark-vyskov-300x202.jpg 300w, https:\/\/loudavymkrokem.cz\/wp-content\/uploads\/2026\/08\/olomouc-s-detmi-zoopark-vyskov-700x470.jpg 700w, https:\/\/loudavymkrokem.cz\/wp-content\/uploads\/2026\/08\/olomouc-s-detmi-zoopark-vyskov-768x516.jpg 768w, https:\/\/loudavymkrokem.cz\/wp-content\/uploads\/2026\/08\/olomouc-s-detmi-zoopark-vyskov-1536x1032.jpg 1536w, https:\/\/loudavymkrokem.cz\/wp-content\/uploads\/2026\/08\/olomouc-s-detmi-zoopark-vyskov-696x467.jpg 696w, https:\/\/loudavymkrokem.cz\/wp-content\/uploads\/2026\/08\/olomouc-s-detmi-zoopark-vyskov-1392x935.jpg 1392w\" sizes=\"(max-width: 1800px) 100vw, 1800px\" \/><button\n\t\t\tclass=\"lightbox-trigger\"\n\t\t\ttype=\"button\"\n\t\t\taria-haspopup=\"dialog\"\n\t\t\tdata-wp-bind--aria-label=\"state.thisImage.triggerButtonAriaLabel\"\n\t\t\tdata-wp-init=\"callbacks.initTriggerButton\"\n\t\t\tdata-wp-on--click=\"actions.showLightbox\"\n\t\t\tdata-wp-style--right=\"state.thisImage.buttonRight\"\n\t\t\tdata-wp-style--top=\"state.thisImage.buttonTop\"\n\t\t>\n\t\t\t<svg xmlns=\"http:\/\/www.w3.org\/2000\/svg\" width=\"12\" height=\"12\" fill=\"none\" viewBox=\"0 0 12 12\">\n\t\t\t\t<path fill=\"#fff\" d=\"M2 0a2 2 0 0 0-2 2v2h1.5V2a.5.5 0 0 1 .5-.5h2V0H2Zm2 10.5H2a.5.5 0 0 1-.5-.5V8H0v2a2 2 0 0 0 2 2h2v-1.5ZM8 12v-1.5h2a.5.5 0 0 0 .5-.5V8H12v2a2 2 0 0 1-2 2H8Zm2-12a2 2 0 0 1 2 2v2h-1.5V2a.5.5 0 0 0-.5-.5H8V0h2Z\" \/>\n\t\t\t<\/svg>\n\t\t<\/button><figcaption class=\"wp-element-caption\">P\u00e5 samma biljett ing\u00e5r \u00e4ven ZOO Park Vy\u0161kov med kameler och husdjur<\/figcaption><\/figure>\n\n\n\n<figure data-wp-context=\"{&quot;imageId&quot;:&quot;6a979f26957cb&quot;}\" data-wp-interactive=\"core\/image\" data-wp-key=\"6a979f26957cb\" class=\"wp-block-image size-full wp-lightbox-container\"><img decoding=\"async\" width=\"1800\" height=\"1350\" data-wp-class--hide=\"state.isContentHidden\" data-wp-class--show=\"state.isContentVisible\" data-wp-init=\"callbacks.setButtonStyles\" data-wp-on--click=\"actions.showLightbox\" data-wp-on--load=\"callbacks.setButtonStyles\" data-wp-on--pointerdown=\"actions.preloadImage\" data-wp-on--pointerenter=\"actions.preloadImageWithDelay\" data-wp-on--pointerleave=\"actions.cancelPreload\" data-wp-on-window--resize=\"callbacks.setButtonStyles\" src=\"https:\/\/loudavymkrokem.cz\/wp-content\/uploads\/2026\/08\/olomouc-s-detmi-dinopark-vyskov.jpg\" alt=\"Dinosauriemodell i DinoParken i Vy\u0161kov\" class=\"wp-image-401129\" title=\"\" srcset=\"https:\/\/loudavymkrokem.cz\/wp-content\/uploads\/2026\/08\/olomouc-s-detmi-dinopark-vyskov.jpg 1800w, https:\/\/loudavymkrokem.cz\/wp-content\/uploads\/2026\/08\/olomouc-s-detmi-dinopark-vyskov-300x225.jpg 300w, https:\/\/loudavymkrokem.cz\/wp-content\/uploads\/2026\/08\/olomouc-s-detmi-dinopark-vyskov-700x525.jpg 700w, https:\/\/loudavymkrokem.cz\/wp-content\/uploads\/2026\/08\/olomouc-s-detmi-dinopark-vyskov-768x576.jpg 768w, https:\/\/loudavymkrokem.cz\/wp-content\/uploads\/2026\/08\/olomouc-s-detmi-dinopark-vyskov-1536x1152.jpg 1536w, https:\/\/loudavymkrokem.cz\/wp-content\/uploads\/2026\/08\/olomouc-s-detmi-dinopark-vyskov-80x60.jpg 80w, https:\/\/loudavymkrokem.cz\/wp-content\/uploads\/2026\/08\/olomouc-s-detmi-dinopark-vyskov-160x120.jpg 160w, https:\/\/loudavymkrokem.cz\/wp-content\/uploads\/2026\/08\/olomouc-s-detmi-dinopark-vyskov-696x522.jpg 696w, https:\/\/loudavymkrokem.cz\/wp-content\/uploads\/2026\/08\/olomouc-s-detmi-dinopark-vyskov-1392x1044.jpg 1392w\" sizes=\"(max-width: 1800px) 100vw, 1800px\" \/><button\n\t\t\tclass=\"lightbox-trigger\"\n\t\t\ttype=\"button\"\n\t\t\taria-haspopup=\"dialog\"\n\t\t\tdata-wp-bind--aria-label=\"state.thisImage.triggerButtonAriaLabel\"\n\t\t\tdata-wp-init=\"callbacks.initTriggerButton\"\n\t\t\tdata-wp-on--click=\"actions.showLightbox\"\n\t\t\tdata-wp-style--right=\"state.thisImage.buttonRight\"\n\t\t\tdata-wp-style--top=\"state.thisImage.buttonTop\"\n\t\t>\n\t\t\t<svg xmlns=\"http:\/\/www.w3.org\/2000\/svg\" width=\"12\" height=\"12\" fill=\"none\" viewBox=\"0 0 12 12\">\n\t\t\t\t<path fill=\"#fff\" d=\"M2 0a2 2 0 0 0-2 2v2h1.5V2a.5.5 0 0 1 .5-.5h2V0H2Zm2 10.5H2a.5.5 0 0 1-.5-.5V8H0v2a2 2 0 0 0 2 2h2v-1.5ZM8 12v-1.5h2a.5.5 0 0 0 .5-.5V8H12v2a2 2 0 0 1-2 2H8Zm2-12a2 2 0 0 1 2 2v2h-1.5V2a.5.5 0 0 0-.5-.5H8V0h2Z\" \/>\n\t\t\t<\/svg>\n\t\t<\/button><figcaption class=\"wp-element-caption\">I DinoParken i Vy\u0161kov finns \u00f6ver hundra dinosaurier, en del av dem r\u00f6r sig och ryter<\/figcaption><\/figure>\n\n\n\n<p class=\"wp-block-paragraph\">Den h\u00e4r utflykten till <a href=\"https:\/\/www.dinopark.cz\/vyskov\" target=\"_blank\" rel=\"nofollow noopener\">DinoParken i Vy\u0161kov<\/a>, cirka 45 kilometer fr\u00e5n Olomouc (Cukrovarsk\u00e1 9, Vy\u0161kov), m\u00e5ste jag helt enkelt rekommendera med hull och h\u00e5r, f\u00f6r hit \u00e5kte vi personligen med Luk\u00e1\u0161 och Jon\u00e1\u0161 och det var en total fulltr\u00e4ff. Du k\u00e4nner v\u00e4l till de d\u00e4r stunderna n\u00e4r barnets \u00f6gon lyser av h\u00e4pnad? Precis det h\u00e4nde n\u00e4r vi uppt\u00e4ckte en enorm g\u00e5ende robotstegosaurus. I hela omr\u00e5det finns n\u00e4mligen \u00f6ver <strong>100 dinosaurier<\/strong>, en del av dem \u00e4r statiska men m\u00e5nga \u00e4r fantastiskt ljudsatta och r\u00f6rliga. H\u00e4r finns \u00e4ven en <strong>4D-biograf<\/strong>, en vindig DinoOrkan, en fin paleontologisk lekplats f\u00f6r sm\u00e5 uppt\u00e4ckare, en genomarbetad scen med ett kraschat flygplan och dimtr\u00e4d som svalkar sk\u00f6nt p\u00e5 sommaren.<\/p>\n\n\n\n<p class=\"wp-block-paragraph\">Kul att veta \u00e4r att biljetten \u00e4ven g\u00e4ller f\u00f6r intilliggande <strong>ZOO Park Vy\u0161kov<\/strong>, som visserligen \u00e4r mindre och fr\u00e4mst inriktar sig p\u00e5 djur fr\u00e5n bondg\u00e5rdar och husdjur, men du st\u00f6ter \u00e4ven p\u00e5 kameler, nyfikna apor eller strutsar. Mellan dinosaurierna och djurparken pendlar ett s\u00e4rskilt litet t\u00e5g vid namn <strong>DinoExpres<\/strong>, som \u00e4r en attraktion i sig f\u00f6r barnen. Folk \u00e4lskar omr\u00e5dena, DinoParken har betyg <strong>4,5 av n\u00e4stan 7 tusen recensioner<\/strong> och ZOO Park rentav <strong>4,5 av \u00f6ver 7 700 omd\u00f6men<\/strong>. \ud83d\udca1 Ur praktisk synvinkel m\u00e5ste jag dock bekr\u00e4fta en sak som recensionerna ofta p\u00e5pekar: utbudet av mat och dryck i sj\u00e4lva omr\u00e5det \u00e4r ganska klent, och p\u00e5 vissa st\u00e4llen i ZOO Park g\u00e5r det inte att betala med kort. Packa allts\u00e5 definitivt ner ett rej\u00e4lt eget mellanm\u00e5l i v\u00e4skan och gl\u00f6m inte kontanter, s\u00e5 att ni inte blir tagna p\u00e5 s\u00e4ngen av ett sug efter glass.<\/p>\n\n\n\n<h3 class=\"wp-block-heading\"><span class=\"ez-toc-section\" id=\"29_Borgen_Bouzov\"><\/span>29. Borgen Bouzov<span class=\"ez-toc-section-end\"><\/span><\/h3>\n\n\n\n<figure data-wp-context=\"{&quot;imageId&quot;:&quot;6a979f2695de0&quot;}\" data-wp-interactive=\"core\/image\" data-wp-key=\"6a979f2695de0\" class=\"wp-block-image size-full wp-lightbox-container\"><img decoding=\"async\" width=\"1800\" height=\"1056\" data-wp-class--hide=\"state.isContentHidden\" data-wp-class--show=\"state.isContentVisible\" data-wp-init=\"callbacks.setButtonStyles\" data-wp-on--click=\"actions.showLightbox\" data-wp-on--load=\"callbacks.setButtonStyles\" data-wp-on--pointerdown=\"actions.preloadImage\" data-wp-on--pointerenter=\"actions.preloadImageWithDelay\" data-wp-on--pointerleave=\"actions.cancelPreload\" data-wp-on-window--resize=\"callbacks.setButtonStyles\" src=\"https:\/\/loudavymkrokem.cz\/wp-content\/uploads\/2026\/08\/olomouc-s-detmi-hrad-bouzov.jpg\" alt=\"Sagoborgen Bouzov \u00f6ver landskapet n\u00e4ra Olomouc\" class=\"wp-image-401093\" title=\"\" srcset=\"https:\/\/loudavymkrokem.cz\/wp-content\/uploads\/2026\/08\/olomouc-s-detmi-hrad-bouzov.jpg 1800w, https:\/\/loudavymkrokem.cz\/wp-content\/uploads\/2026\/08\/olomouc-s-detmi-hrad-bouzov-300x176.jpg 300w, https:\/\/loudavymkrokem.cz\/wp-content\/uploads\/2026\/08\/olomouc-s-detmi-hrad-bouzov-700x411.jpg 700w, https:\/\/loudavymkrokem.cz\/wp-content\/uploads\/2026\/08\/olomouc-s-detmi-hrad-bouzov-768x451.jpg 768w, https:\/\/loudavymkrokem.cz\/wp-content\/uploads\/2026\/08\/olomouc-s-detmi-hrad-bouzov-1536x901.jpg 1536w, https:\/\/loudavymkrokem.cz\/wp-content\/uploads\/2026\/08\/olomouc-s-detmi-hrad-bouzov-696x408.jpg 696w, https:\/\/loudavymkrokem.cz\/wp-content\/uploads\/2026\/08\/olomouc-s-detmi-hrad-bouzov-1392x817.jpg 1392w\" sizes=\"(max-width: 1800px) 100vw, 1800px\" \/><button\n\t\t\tclass=\"lightbox-trigger\"\n\t\t\ttype=\"button\"\n\t\t\taria-haspopup=\"dialog\"\n\t\t\tdata-wp-bind--aria-label=\"state.thisImage.triggerButtonAriaLabel\"\n\t\t\tdata-wp-init=\"callbacks.initTriggerButton\"\n\t\t\tdata-wp-on--click=\"actions.showLightbox\"\n\t\t\tdata-wp-style--right=\"state.thisImage.buttonRight\"\n\t\t\tdata-wp-style--top=\"state.thisImage.buttonTop\"\n\t\t>\n\t\t\t<svg xmlns=\"http:\/\/www.w3.org\/2000\/svg\" width=\"12\" height=\"12\" fill=\"none\" viewBox=\"0 0 12 12\">\n\t\t\t\t<path fill=\"#fff\" d=\"M2 0a2 2 0 0 0-2 2v2h1.5V2a.5.5 0 0 1 .5-.5h2V0H2Zm2 10.5H2a.5.5 0 0 1-.5-.5V8H0v2a2 2 0 0 0 2 2h2v-1.5ZM8 12v-1.5h2a.5.5 0 0 0 .5-.5V8H12v2a2 2 0 0 1-2 2H8Zm2-12a2 2 0 0 1 2 2v2h-1.5V2a.5.5 0 0 0-.5-.5H8V0h2Z\" \/>\n\t\t\t<\/svg>\n\t\t<\/button><figcaption class=\"wp-element-caption\">Bouzov ser ut som ur en saga. M\u00e5nga har f\u00f6rresten spelats in h\u00e4r.<\/figcaption><\/figure>\n\n\n\n<p class=\"wp-block-paragraph\">Cirka 30 kilometer fr\u00e5n Olomouc st\u00e5r en borg som ser ut som om n\u00e5gon klippt ut den direkt ur en sagobok. Inte konstigt att en enorm m\u00e4ngd tjeckiska sagofilmer spelats in p\u00e5 sagoborgen Bouzov (till exempel den legendariska &#8221;Om prinsessan Jasn\u011bnka och den flygande skomakaren&#8221;). Bes\u00f6karna \u00e4lskar den och har gett den ett otroligt betyg p\u00e5 <strong>4,8 av n\u00e4stan 12 000 recensioner<\/strong>.<\/p>\n\n\n\n<p class=\"wp-block-paragraph\">Med sm\u00e5 barn, som en l\u00e5ng guideber\u00e4ttelse inte skulle roa, \u00e4r den goda nyheten att du kommer in p\u00e5 borgens f\u00f6rsta borgg\u00e5rd helt fritt \u00e4ven utan att k\u00f6pa biljett. Du kan allts\u00e5 titta p\u00e5 borgen, suga in den magiska riddaratmosf\u00e4ren, fota dig vid vindbryggan och sedan i lugn och ro forts\u00e4tta vidare.<\/p>\n\n\n\n<h3 class=\"wp-block-heading\"><span class=\"ez-toc-section\" id=\"30_Mladecgrottorna\"><\/span>30. Mlade\u010dgrottorna<span class=\"ez-toc-section-end\"><\/span><\/h3>\n\n\n\n<figure data-wp-context=\"{&quot;imageId&quot;:&quot;6a979f26962a1&quot;}\" data-wp-interactive=\"core\/image\" data-wp-key=\"6a979f26962a1\" class=\"wp-block-image size-full wp-lightbox-container\"><img decoding=\"async\" width=\"1350\" height=\"1800\" data-wp-class--hide=\"state.isContentHidden\" data-wp-class--show=\"state.isContentVisible\" data-wp-init=\"callbacks.setButtonStyles\" data-wp-on--click=\"actions.showLightbox\" data-wp-on--load=\"callbacks.setButtonStyles\" data-wp-on--pointerdown=\"actions.preloadImage\" data-wp-on--pointerenter=\"actions.preloadImageWithDelay\" data-wp-on--pointerleave=\"actions.cancelPreload\" data-wp-on-window--resize=\"callbacks.setButtonStyles\" src=\"https:\/\/loudavymkrokem.cz\/wp-content\/uploads\/2026\/08\/olomouc-s-detmi-mladecske-jeskyne.jpg\" alt=\"Upplyst droppsten i Mlade\u010dgrottorna\" class=\"wp-image-401100\" title=\"\" srcset=\"https:\/\/loudavymkrokem.cz\/wp-content\/uploads\/2026\/08\/olomouc-s-detmi-mladecske-jeskyne.jpg 1350w, https:\/\/loudavymkrokem.cz\/wp-content\/uploads\/2026\/08\/olomouc-s-detmi-mladecske-jeskyne-225x300.jpg 225w, https:\/\/loudavymkrokem.cz\/wp-content\/uploads\/2026\/08\/olomouc-s-detmi-mladecske-jeskyne-700x933.jpg 700w, https:\/\/loudavymkrokem.cz\/wp-content\/uploads\/2026\/08\/olomouc-s-detmi-mladecske-jeskyne-768x1024.jpg 768w, https:\/\/loudavymkrokem.cz\/wp-content\/uploads\/2026\/08\/olomouc-s-detmi-mladecske-jeskyne-1152x1536.jpg 1152w, https:\/\/loudavymkrokem.cz\/wp-content\/uploads\/2026\/08\/olomouc-s-detmi-mladecske-jeskyne-696x928.jpg 696w\" sizes=\"(max-width: 1350px) 100vw, 1350px\" \/><button\n\t\t\tclass=\"lightbox-trigger\"\n\t\t\ttype=\"button\"\n\t\t\taria-haspopup=\"dialog\"\n\t\t\tdata-wp-bind--aria-label=\"state.thisImage.triggerButtonAriaLabel\"\n\t\t\tdata-wp-init=\"callbacks.initTriggerButton\"\n\t\t\tdata-wp-on--click=\"actions.showLightbox\"\n\t\t\tdata-wp-style--right=\"state.thisImage.buttonRight\"\n\t\t\tdata-wp-style--top=\"state.thisImage.buttonTop\"\n\t\t>\n\t\t\t<svg xmlns=\"http:\/\/www.w3.org\/2000\/svg\" width=\"12\" height=\"12\" fill=\"none\" viewBox=\"0 0 12 12\">\n\t\t\t\t<path fill=\"#fff\" d=\"M2 0a2 2 0 0 0-2 2v2h1.5V2a.5.5 0 0 1 .5-.5h2V0H2Zm2 10.5H2a.5.5 0 0 1-.5-.5V8H0v2a2 2 0 0 0 2 2h2v-1.5ZM8 12v-1.5h2a.5.5 0 0 0 .5-.5V8H12v2a2 2 0 0 1-2 2H8Zm2-12a2 2 0 0 1 2 2v2h-1.5V2a.5.5 0 0 0-.5-.5H8V0h2Z\" \/>\n\t\t\t<\/svg>\n\t\t<\/button><figcaption class=\"wp-element-caption\">Rundturen i Mlade\u010dgrottorna tar knappt en timme och klaras \u00e4ven av mindre barn<\/figcaption><\/figure>\n\n\n\n<p class=\"wp-block-paragraph\">Om du letar efter ett kortare underjordiskt \u00e4ventyr ligger cirka 25 kilometer bort i byn Mlade\u010d vackra karstgrottor med betyg <strong>4,7<\/strong>. De \u00e4r k\u00e4nda bland annat f\u00f6r arkeologiska fynd av ben fr\u00e5n f\u00f6rhistoriska m\u00e4nniskor.<\/p>\n\n\n\n<p class=\"wp-block-paragraph\">Men varf\u00f6r \u00e4r de s\u00e5 bra f\u00f6r familjer? Sj\u00e4lva rundturen tar bara knappt en timme, \u00e4r inte alls fysiskt extremt kr\u00e4vande och enligt m\u00e5nga bes\u00f6kares erfarenhet \u00e4r den <strong>mycket l\u00e4mplig \u00e4ven f\u00f6r sm\u00e5 barn<\/strong>, som inte skulle st\u00e5 ut lika bra med en l\u00e4ngre vistelse i det kalla underjordiska.<\/p>\n\n\n\n<h3 class=\"wp-block-heading\"><span class=\"ez-toc-section\" id=\"31_Javorickogrottorna\"><\/span>31. Javo\u0159\u00ed\u010dkogrottorna<span class=\"ez-toc-section-end\"><\/span><\/h3>\n\n\n\n<figure data-wp-context=\"{&quot;imageId&quot;:&quot;6a979f26967e5&quot;}\" data-wp-interactive=\"core\/image\" data-wp-key=\"6a979f26967e5\" class=\"wp-block-image size-full wp-lightbox-container\"><img decoding=\"async\" width=\"1350\" height=\"1800\" data-wp-class--hide=\"state.isContentHidden\" data-wp-class--show=\"state.isContentVisible\" data-wp-init=\"callbacks.setButtonStyles\" data-wp-on--click=\"actions.showLightbox\" data-wp-on--load=\"callbacks.setButtonStyles\" data-wp-on--pointerdown=\"actions.preloadImage\" data-wp-on--pointerenter=\"actions.preloadImageWithDelay\" data-wp-on--pointerleave=\"actions.cancelPreload\" data-wp-on-window--resize=\"callbacks.setButtonStyles\" src=\"https:\/\/loudavymkrokem.cz\/wp-content\/uploads\/2026\/08\/olomouc-s-detmi-javoricske-jeskyne.jpg\" alt=\"Droppstensutsmyckning i Javo\u0159\u00ed\u010dkogrottorna\" class=\"wp-image-401096\" title=\"\" srcset=\"https:\/\/loudavymkrokem.cz\/wp-content\/uploads\/2026\/08\/olomouc-s-detmi-javoricske-jeskyne.jpg 1350w, https:\/\/loudavymkrokem.cz\/wp-content\/uploads\/2026\/08\/olomouc-s-detmi-javoricske-jeskyne-225x300.jpg 225w, https:\/\/loudavymkrokem.cz\/wp-content\/uploads\/2026\/08\/olomouc-s-detmi-javoricske-jeskyne-700x933.jpg 700w, https:\/\/loudavymkrokem.cz\/wp-content\/uploads\/2026\/08\/olomouc-s-detmi-javoricske-jeskyne-768x1024.jpg 768w, https:\/\/loudavymkrokem.cz\/wp-content\/uploads\/2026\/08\/olomouc-s-detmi-javoricske-jeskyne-1152x1536.jpg 1152w, https:\/\/loudavymkrokem.cz\/wp-content\/uploads\/2026\/08\/olomouc-s-detmi-javoricske-jeskyne-696x928.jpg 696w\" sizes=\"(max-width: 1350px) 100vw, 1350px\" \/><button\n\t\t\tclass=\"lightbox-trigger\"\n\t\t\ttype=\"button\"\n\t\t\taria-haspopup=\"dialog\"\n\t\t\tdata-wp-bind--aria-label=\"state.thisImage.triggerButtonAriaLabel\"\n\t\t\tdata-wp-init=\"callbacks.initTriggerButton\"\n\t\t\tdata-wp-on--click=\"actions.showLightbox\"\n\t\t\tdata-wp-style--right=\"state.thisImage.buttonRight\"\n\t\t\tdata-wp-style--top=\"state.thisImage.buttonTop\"\n\t\t>\n\t\t\t<svg xmlns=\"http:\/\/www.w3.org\/2000\/svg\" width=\"12\" height=\"12\" fill=\"none\" viewBox=\"0 0 12 12\">\n\t\t\t\t<path fill=\"#fff\" d=\"M2 0a2 2 0 0 0-2 2v2h1.5V2a.5.5 0 0 1 .5-.5h2V0H2Zm2 10.5H2a.5.5 0 0 1-.5-.5V8H0v2a2 2 0 0 0 2 2h2v-1.5ZM8 12v-1.5h2a.5.5 0 0 0 .5-.5V8H12v2a2 2 0 0 1-2 2H8Zm2-12a2 2 0 0 1 2 2v2h-1.5V2a.5.5 0 0 0-.5-.5H8V0h2Z\" \/>\n\t\t\t<\/svg>\n\t\t<\/button><figcaption class=\"wp-element-caption\">Javo\u0159\u00ed\u010dkogrottorna har en underbar droppstensutsmyckning, men ocks\u00e5 250 trappsteg<\/figcaption><\/figure>\n\n\n\n<p class=\"wp-block-paragraph\">Lite l\u00e4ngre bort, cirka 35 kilometer fr\u00e5n staden, g\u00f6mmer sig \u00e4nnu en och \u00e4nnu st\u00f6rre underjordisk juvel, Javo\u0159\u00ed\u010dkogrottorna med sin h\u00e4nf\u00f6rande droppstensutsmyckning (utm\u00e4rkt betyg p\u00e5 <strong>4,8 av n\u00e4stan 3 tusen recensioner<\/strong>). Ett bes\u00f6k h\u00e4r \u00e4r en enorm upplevelse, men jag varnar \u00e4rligt f\u00f6r att det \u00e4r en utflykt som l\u00e4mpar sig mer f\u00f6r st\u00f6rre och fysiskt starkare barn.<\/p>\n\n\n\n<p class=\"wp-block-paragraph\">Om du ger dig ut p\u00e5 den of\u00f6rkortade knappt 800 meter l\u00e5nga banan tillbringar du \u00f6ver en timme i grottan, st\u00e4llvis f\u00e5r du tr\u00e4nga dig fram genom ganska smala g\u00e5ngar och framf\u00f6r allt m\u00e5ste du under rundturen ta dig an cirka <strong>250 trappsteg<\/strong>. Med en toddler i famnen vore det verkligen ett rent sk\u00e4rseld.<\/p>\n\n\n\n<h3 class=\"wp-block-heading\"><span class=\"ez-toc-section\" id=\"32_Museet_for_olomoucostar_i_Lostice\"><\/span>32. Museet f\u00f6r olomoucostar i Lo\u0161tice<span class=\"ez-toc-section-end\"><\/span><\/h3>\n\n\n\n<figure data-wp-context=\"{&quot;imageId&quot;:&quot;6a979f2696f68&quot;}\" data-wp-interactive=\"core\/image\" data-wp-key=\"6a979f2696f68\" class=\"wp-block-image size-full wp-lightbox-container\"><img decoding=\"async\" width=\"1800\" height=\"1246\" data-wp-class--hide=\"state.isContentHidden\" data-wp-class--show=\"state.isContentVisible\" data-wp-init=\"callbacks.setButtonStyles\" data-wp-on--click=\"actions.showLightbox\" data-wp-on--load=\"callbacks.setButtonStyles\" data-wp-on--pointerdown=\"actions.preloadImage\" data-wp-on--pointerenter=\"actions.preloadImageWithDelay\" data-wp-on--pointerleave=\"actions.cancelPreload\" data-wp-on-window--resize=\"callbacks.setButtonStyles\" src=\"https:\/\/loudavymkrokem.cz\/wp-content\/uploads\/2026\/08\/olomouc-s-detmi-muzeum-tvaruzku.jpg\" alt=\"Utst\u00e4llning i Museet f\u00f6r olomoucostar i Lo\u0161tice\" class=\"wp-image-401116\" title=\"\" srcset=\"https:\/\/loudavymkrokem.cz\/wp-content\/uploads\/2026\/08\/olomouc-s-detmi-muzeum-tvaruzku.jpg 1800w, https:\/\/loudavymkrokem.cz\/wp-content\/uploads\/2026\/08\/olomouc-s-detmi-muzeum-tvaruzku-300x208.jpg 300w, https:\/\/loudavymkrokem.cz\/wp-content\/uploads\/2026\/08\/olomouc-s-detmi-muzeum-tvaruzku-700x485.jpg 700w, https:\/\/loudavymkrokem.cz\/wp-content\/uploads\/2026\/08\/olomouc-s-detmi-muzeum-tvaruzku-768x532.jpg 768w, https:\/\/loudavymkrokem.cz\/wp-content\/uploads\/2026\/08\/olomouc-s-detmi-muzeum-tvaruzku-1536x1063.jpg 1536w, https:\/\/loudavymkrokem.cz\/wp-content\/uploads\/2026\/08\/olomouc-s-detmi-muzeum-tvaruzku-696x482.jpg 696w, https:\/\/loudavymkrokem.cz\/wp-content\/uploads\/2026\/08\/olomouc-s-detmi-muzeum-tvaruzku-1392x964.jpg 1392w\" sizes=\"(max-width: 1800px) 100vw, 1800px\" \/><button\n\t\t\tclass=\"lightbox-trigger\"\n\t\t\ttype=\"button\"\n\t\t\taria-haspopup=\"dialog\"\n\t\t\tdata-wp-bind--aria-label=\"state.thisImage.triggerButtonAriaLabel\"\n\t\t\tdata-wp-init=\"callbacks.initTriggerButton\"\n\t\t\tdata-wp-on--click=\"actions.showLightbox\"\n\t\t\tdata-wp-style--right=\"state.thisImage.buttonRight\"\n\t\t\tdata-wp-style--top=\"state.thisImage.buttonTop\"\n\t\t>\n\t\t\t<svg xmlns=\"http:\/\/www.w3.org\/2000\/svg\" width=\"12\" height=\"12\" fill=\"none\" viewBox=\"0 0 12 12\">\n\t\t\t\t<path fill=\"#fff\" d=\"M2 0a2 2 0 0 0-2 2v2h1.5V2a.5.5 0 0 1 .5-.5h2V0H2Zm2 10.5H2a.5.5 0 0 1-.5-.5V8H0v2a2 2 0 0 0 2 2h2v-1.5ZM8 12v-1.5h2a.5.5 0 0 0 .5-.5V8H12v2a2 2 0 0 1-2 2H8Zm2-12a2 2 0 0 1 2 2v2h-1.5V2a.5.5 0 0 0-.5-.5H8V0h2Z\" \/>\n\t\t\t<\/svg>\n\t\t<\/button><figcaption class=\"wp-element-caption\">I Lo\u0161tice ser du hur ostarna tillverkats i \u00f6ver 400 \u00e5r<\/figcaption><\/figure>\n\n\n\n<p class=\"wp-block-paragraph\">Olomoucostarna h\u00f6r helt enkelt till den h\u00e4r regionen, och om du vill se hur den doftande (f\u00f6r vissa snarare stinkande) skatten tillverkas ska du ta dig cirka 35 kilometer till Lo\u0161tice p\u00e5 gatan Palack\u00e9ho nummer 56. Det lokala museet (betyg <strong>4,8<\/strong>) \u00e4r \u00e4gnat \u00e5t den enda ursprungliga tjeckiska ost som h\u00e4r tillverkats oavbrutet i hela 400 \u00e5r.<\/p>\n\n\n\n<p class=\"wp-block-paragraph\">\u00c4ven om det l\u00e5ter tr\u00e5kigt f\u00f6r vuxna tycker barnen oftast att den h\u00e4r utflykten \u00e4r v\u00e4ldigt rolig, framf\u00f6r allt tack vare den speciella och allest\u00e4des n\u00e4rvarande mognadsdoften, som de kan knuffas och skratta \u00e5t. \ud83d\ude05 Osten \u00e4r f\u00f6rst\u00e5s ur r\u00e5varusynvinkel helt vegetarisk, s\u00e5 du kan utan d\u00e5ligt samvete k\u00f6pa med den hem efter rundturen.<\/p>\n\n\n\n<h3 class=\"wp-block-heading\"><span class=\"ez-toc-section\" id=\"33_Farfars_barnmuseum_i_Bludov\"><\/span>33. Farfars barnmuseum i Bludov<span class=\"ez-toc-section-end\"><\/span><\/h3>\n\n\n\n<figure data-wp-context=\"{&quot;imageId&quot;:&quot;6a979f26973ea&quot;}\" data-wp-interactive=\"core\/image\" data-wp-key=\"6a979f26973ea\" class=\"wp-block-image size-full wp-lightbox-container\"><img decoding=\"async\" width=\"800\" height=\"533\" data-wp-class--hide=\"state.isContentHidden\" data-wp-class--show=\"state.isContentVisible\" data-wp-init=\"callbacks.setButtonStyles\" data-wp-on--click=\"actions.showLightbox\" data-wp-on--load=\"callbacks.setButtonStyles\" data-wp-on--pointerdown=\"actions.preloadImage\" data-wp-on--pointerenter=\"actions.preloadImageWithDelay\" data-wp-on--pointerleave=\"actions.cancelPreload\" data-wp-on-window--resize=\"callbacks.setButtonStyles\" src=\"https:\/\/loudavymkrokem.cz\/wp-content\/uploads\/2026\/08\/olomouc-s-detmi-pradedovo-muzeum.jpg\" alt=\"Litet tr\u00e4hus i Farfars barnmuseum i Bludov\" class=\"wp-image-403605\" title=\"\" srcset=\"https:\/\/loudavymkrokem.cz\/wp-content\/uploads\/2026\/08\/olomouc-s-detmi-pradedovo-muzeum.jpg 800w, https:\/\/loudavymkrokem.cz\/wp-content\/uploads\/2026\/08\/olomouc-s-detmi-pradedovo-muzeum-300x200.jpg 300w, https:\/\/loudavymkrokem.cz\/wp-content\/uploads\/2026\/08\/olomouc-s-detmi-pradedovo-muzeum-700x466.jpg 700w, https:\/\/loudavymkrokem.cz\/wp-content\/uploads\/2026\/08\/olomouc-s-detmi-pradedovo-muzeum-768x512.jpg 768w, https:\/\/loudavymkrokem.cz\/wp-content\/uploads\/2026\/08\/olomouc-s-detmi-pradedovo-muzeum-696x464.jpg 696w\" sizes=\"(max-width: 800px) 100vw, 800px\" \/><button\n\t\t\tclass=\"lightbox-trigger\"\n\t\t\ttype=\"button\"\n\t\t\taria-haspopup=\"dialog\"\n\t\t\tdata-wp-bind--aria-label=\"state.thisImage.triggerButtonAriaLabel\"\n\t\t\tdata-wp-init=\"callbacks.initTriggerButton\"\n\t\t\tdata-wp-on--click=\"actions.showLightbox\"\n\t\t\tdata-wp-style--right=\"state.thisImage.buttonRight\"\n\t\t\tdata-wp-style--top=\"state.thisImage.buttonTop\"\n\t\t>\n\t\t\t<svg xmlns=\"http:\/\/www.w3.org\/2000\/svg\" width=\"12\" height=\"12\" fill=\"none\" viewBox=\"0 0 12 12\">\n\t\t\t\t<path fill=\"#fff\" d=\"M2 0a2 2 0 0 0-2 2v2h1.5V2a.5.5 0 0 1 .5-.5h2V0H2Zm2 10.5H2a.5.5 0 0 1-.5-.5V8H0v2a2 2 0 0 0 2 2h2v-1.5ZM8 12v-1.5h2a.5.5 0 0 0 .5-.5V8H12v2a2 2 0 0 1-2 2H8Zm2-12a2 2 0 0 1 2 2v2h-1.5V2a.5.5 0 0 0-.5-.5H8V0h2Z\" \/>\n\t\t\t<\/svg>\n\t\t<\/button><figcaption class=\"wp-element-caption\">Farfars museum \u00e4r byggt s\u00e5 att barnen f\u00e5r leka med allt | Foto: Farfars barnmuseum<\/figcaption><\/figure>\n\n\n\n<p class=\"wp-block-paragraph\">Om du g\u00f6r en lite l\u00e4ngre utflykt, cirka 45 kilometer norrut till Bludov, st\u00f6ter du p\u00e5 ett paradis skapat helt och h\u00e5llet f\u00f6r de allra minsta. Farfars barnmuseum h\u00e5ller ett fint betyg p\u00e5 <strong>4,7 av n\u00e4stan tusen recensioner<\/strong> och det \u00e4r en plats d\u00e4r man verkligen t\u00e4nkt p\u00e5 varje barnligt infall.<\/p>\n\n\n\n<p class=\"wp-block-paragraph\">Hela utst\u00e4llningen och det intilliggande utomhusomr\u00e5det \u00e4r byggda s\u00e5 att barnen f\u00e5r leka med allt, utforska Jesen\u00edkybergens natur p\u00e5 ett lekfullt s\u00e4tt, springa och njuta av friheten utan att st\u00e4ndigt f\u00f6rmanas om att man inte f\u00e5r ta p\u00e5 sakerna i museet.<\/p>\n\n\n\n<h3 class=\"wp-block-heading\"><span class=\"ez-toc-section\" id=\"34_Fort_Radikov\"><\/span>34. Fort Rad\u00edkov<span class=\"ez-toc-section-end\"><\/span><\/h3>\n\n\n\n<figure data-wp-context=\"{&quot;imageId&quot;:&quot;6a979f2697b84&quot;}\" data-wp-interactive=\"core\/image\" data-wp-key=\"6a979f2697b84\" class=\"wp-block-image size-full wp-lightbox-container\"><img decoding=\"async\" width=\"1800\" height=\"1350\" data-wp-class--hide=\"state.isContentHidden\" data-wp-class--show=\"state.isContentVisible\" data-wp-init=\"callbacks.setButtonStyles\" data-wp-on--click=\"actions.showLightbox\" data-wp-on--load=\"callbacks.setButtonStyles\" data-wp-on--pointerdown=\"actions.preloadImage\" data-wp-on--pointerenter=\"actions.preloadImageWithDelay\" data-wp-on--pointerleave=\"actions.cancelPreload\" data-wp-on-window--resize=\"callbacks.setButtonStyles\" src=\"https:\/\/loudavymkrokem.cz\/wp-content\/uploads\/2026\/08\/olomouc-s-detmi-fort-radikov.jpg\" alt=\"Ing\u00e5ngen till Fort Rad\u00edkov i utkanten av Olomouc\" class=\"wp-image-401112\" title=\"\" srcset=\"https:\/\/loudavymkrokem.cz\/wp-content\/uploads\/2026\/08\/olomouc-s-detmi-fort-radikov.jpg 1800w, https:\/\/loudavymkrokem.cz\/wp-content\/uploads\/2026\/08\/olomouc-s-detmi-fort-radikov-300x225.jpg 300w, https:\/\/loudavymkrokem.cz\/wp-content\/uploads\/2026\/08\/olomouc-s-detmi-fort-radikov-700x525.jpg 700w, https:\/\/loudavymkrokem.cz\/wp-content\/uploads\/2026\/08\/olomouc-s-detmi-fort-radikov-768x576.jpg 768w, https:\/\/loudavymkrokem.cz\/wp-content\/uploads\/2026\/08\/olomouc-s-detmi-fort-radikov-1536x1152.jpg 1536w, https:\/\/loudavymkrokem.cz\/wp-content\/uploads\/2026\/08\/olomouc-s-detmi-fort-radikov-80x60.jpg 80w, https:\/\/loudavymkrokem.cz\/wp-content\/uploads\/2026\/08\/olomouc-s-detmi-fort-radikov-160x120.jpg 160w, https:\/\/loudavymkrokem.cz\/wp-content\/uploads\/2026\/08\/olomouc-s-detmi-fort-radikov-696x522.jpg 696w, https:\/\/loudavymkrokem.cz\/wp-content\/uploads\/2026\/08\/olomouc-s-detmi-fort-radikov-1392x1044.jpg 1392w\" sizes=\"(max-width: 1800px) 100vw, 1800px\" \/><button\n\t\t\tclass=\"lightbox-trigger\"\n\t\t\ttype=\"button\"\n\t\t\taria-haspopup=\"dialog\"\n\t\t\tdata-wp-bind--aria-label=\"state.thisImage.triggerButtonAriaLabel\"\n\t\t\tdata-wp-init=\"callbacks.initTriggerButton\"\n\t\t\tdata-wp-on--click=\"actions.showLightbox\"\n\t\t\tdata-wp-style--right=\"state.thisImage.buttonRight\"\n\t\t\tdata-wp-style--top=\"state.thisImage.buttonTop\"\n\t\t>\n\t\t\t<svg xmlns=\"http:\/\/www.w3.org\/2000\/svg\" width=\"12\" height=\"12\" fill=\"none\" viewBox=\"0 0 12 12\">\n\t\t\t\t<path fill=\"#fff\" d=\"M2 0a2 2 0 0 0-2 2v2h1.5V2a.5.5 0 0 1 .5-.5h2V0H2Zm2 10.5H2a.5.5 0 0 1-.5-.5V8H0v2a2 2 0 0 0 2 2h2v-1.5ZM8 12v-1.5h2a.5.5 0 0 0 .5-.5V8H12v2a2 2 0 0 1-2 2H8Zm2-12a2 2 0 0 1 2 2v2h-1.5V2a.5.5 0 0 0-.5-.5H8V0h2Z\" \/>\n\t\t\t<\/svg>\n\t\t<\/button><figcaption class=\"wp-element-caption\">Fort Rad\u00edkov i stadens utkant, runt vilket det g\u00e5r en fin skogspromenad<\/figcaption><\/figure>\n\n\n\n<p class=\"wp-block-paragraph\">Och det sista tipset tar dig tillbaka till sj\u00e4lva utkanten av Olomouc. Om Kronf\u00e4stningen i centrum f\u00e5ngade ditt intresse b\u00f6r du absolut \u00e4ven \u00e5ka och titta p\u00e5 Fort Rad\u00edkov (betyg 4,3), som \u00e4r en av de andra bevarade f\u00e4stningarna som en g\u00e5ng bildade en genialisk f\u00f6rsvarsring runt staden.<\/p>\n\n\n\n<p class=\"wp-block-paragraph\">F\u00f6rutom sj\u00e4lva den intressanta milit\u00e4rbyggnaden \u00e4r det fr\u00e4msta dragpl\u00e5stret h\u00e4r den vackra naturen. Runt bef\u00e4stningen g\u00e5r en mycket fin, l\u00e4tt skogspromenad d\u00e4r ni kan samla kottar, bygga ett litet troll-hus och njuta av en stund lugn l\u00e5ngt fr\u00e5n stadens brus.<\/p>\n\n\n\n<h2 class=\"wp-block-heading\"><span class=\"ez-toc-section\" id=\"Var_ni_kan_ata_med_barn\"><\/span>Var ni kan \u00e4ta med barn<span class=\"ez-toc-section-end\"><\/span><\/h2>\n\n\n\n<p class=\"wp-block-paragraph\">Som vegetarianer med en toddler har vi ganska specifika krav p\u00e5 restauranger, och i Olomouc hade vi inte det minsta problem med dem. Som en familj som inte \u00e4ter k\u00f6tt har jag tips p\u00e5 st\u00e4llen som lokala matg\u00e4ster, och s\u00e4rskilt de vegetariska, lovprisar upp i skyn i recensionerna. Och med pizza kan du aldrig g\u00e5 fel med barn.<\/p>\n\n\n\n<ul class=\"wp-block-list\">\n\n<li><strong>Koza z\u016fstala cel\u00e1<\/strong> (Ml\u00fdnsk\u00e1 952): En helt fantastisk och ber\u00f6md vegetarisk restaurang som h\u00e5ller ett toppbetyg p\u00e5 <strong>4,8 av 517 recensioner<\/strong>. Matg\u00e4sterna ber\u00f6mmer den enorma kreativiteten p\u00e5 tallriken, och p\u00e5 sommaren kan du dessutom sitta p\u00e5 en vacker och lugn terrass d\u00e4r barnen inte \u00e4r i v\u00e4gen f\u00f6r n\u00e5gon.<\/li>\n\n\n\n<li><strong>Bistro ROZMAR\u00ddNY<\/strong> (Masarykova t\u0159. 61): Ytterligare ett renodlat vegetariskt st\u00e4lle (betyg <strong>4,8 av 184<\/strong>) som fungerar som bistro. Det \u00e4r ett idealiskt val n\u00e4r du beh\u00f6ver f\u00e5 i barnen en snabb men n\u00e4ringsrik och h\u00e4lsosam lunch full av gr\u00f6nsaker och baljv\u00e4xter.<\/li>\n\n\n\n<li><strong>GREEN BAR<\/strong> (Ztracen\u00e1 3): Om hungern \u00f6verfaller dig mitt under f\u00f6rmiddagens str\u00f6vt\u00e5g i centrum r\u00e4ddar det h\u00e4r st\u00e4llet dig (betyg 4,6 av 379). De har \u00f6ppet redan fr\u00e5n kl. 10 och erbjuder utm\u00e4rkt och framf\u00f6r allt snabb vegetarisk mat i buff\u00e9form, s\u00e5 du ser precis vad du l\u00e4gger p\u00e5 tallriken.<\/li>\n\n\n\n<li><strong>Kathmandu<\/strong> (Doln\u00ed n\u00e1m. 25): Gillar du lite exotik? Den h\u00e4r nepalesiska restaurangen \u00e4r en enorm hit i Olomouc (fantastiska <strong>4,7 av 1 789 omd\u00f6men<\/strong>). F\u00f6r\u00e4ldrar n\u00e4mner mycket ofta den oerh\u00f6rt tillm\u00f6tesg\u00e5ende personalen, som g\u00e4rna och t\u00e5lmodigt hj\u00e4lper dig att v\u00e4lja de b\u00e4sta vegetariska varianterna s\u00e5 att de inte \u00e4r f\u00f6r starka och smakar \u00e4ven sm\u00e5 matg\u00e4ster.<\/li>\n\n\n\n<li><strong>Pizza Hradlo<\/strong> (Mr\u0161t\u00edkovo n\u00e1m. 6): Betyget 4,7 av \u00f6ver tusen recensioner talar sitt tydliga spr\u00e5k. Med barn \u00e4r pizza helt enkelt alltid ett s\u00e4kert kort, och om du tar en klassisk Margherita blir alla n\u00f6jda.<\/li>\n\n\n\n<li><strong>Buon Gusto<\/strong> (Velkomoravsk\u00e1 8) och <strong>La Scala<\/strong> (Masarykova t\u0159. 15): Ytterligare tv\u00e5 underbara pizzerior med utm\u00e4rkta betyg (4,9 och 4,7). De erbjuder massor av god pasta och k\u00f6ttfria pizzor som doftar \u00e4kta Italien.<\/li>\n\n\n\n<li><strong>Zmrzlin\u00e1rium Caf\u00e9 Centro<\/strong> (Na St\u0159elnici 37): Ingen familjeutflykt \u00e4r komplett utan en s\u00f6t avslutning. Det h\u00e4r st\u00e4llet har betyg 4,7 av n\u00e4stan 1 700 omd\u00f6men och enligt lokalborna g\u00f6r de de b\u00e4sta desserterna och glassen vida omkring.<\/li>\n\n\n\n<li><strong>Olomoucostar<\/strong>: Avslutningsvis f\u00e5r jag inte gl\u00f6mma den lokala stoltheten. Den enda ursprungliga tjeckiska osten med skyddad EU-beteckning \u00e4r f\u00f6rst\u00e5s k\u00f6ttfri, s\u00e5 du kan lugnt smaka p\u00e5 den. Direkt i centrum hittar du en specialiserad butik. Om de \u00e4r f\u00f6r aromatiska f\u00f6r dig kalla, prova dem stekta eller sm\u00e4lta i en varm vitl\u00f6kssoppa p\u00e5 n\u00e5gon krog, de s\u00e4gs smaka betydligt mildare d\u00e5.<\/li>\n\n\n<\/ul>\n\n\n\n<h2 class=\"wp-block-heading\"><span class=\"ez-toc-section\" id=\"Praktisk_information\"><\/span>Praktisk information<span class=\"ez-toc-section-end\"><\/span><\/h2>\n\n\n\n<figure data-wp-context=\"{&quot;imageId&quot;:&quot;6a979f26981be&quot;}\" data-wp-interactive=\"core\/image\" data-wp-key=\"6a979f26981be\" class=\"wp-block-image size-full wp-lightbox-container\"><img decoding=\"async\" width=\"2200\" height=\"1467\" data-wp-class--hide=\"state.isContentHidden\" data-wp-class--show=\"state.isContentVisible\" data-wp-init=\"callbacks.setButtonStyles\" data-wp-on--click=\"actions.showLightbox\" data-wp-on--load=\"callbacks.setButtonStyles\" data-wp-on--pointerdown=\"actions.preloadImage\" data-wp-on--pointerenter=\"actions.preloadImageWithDelay\" data-wp-on--pointerleave=\"actions.cancelPreload\" data-wp-on-window--resize=\"callbacks.setButtonStyles\" src=\"https:\/\/loudavymkrokem.cz\/wp-content\/uploads\/2026\/08\/olomouc-s-detmi-ulice-tramvaj.jpg\" alt=\"Gata i Olomouc med sp\u00e5rvagnssp\u00e5r i stadens centrum\" class=\"wp-image-401032\" title=\"\" srcset=\"https:\/\/loudavymkrokem.cz\/wp-content\/uploads\/2026\/08\/olomouc-s-detmi-ulice-tramvaj.jpg 2200w, https:\/\/loudavymkrokem.cz\/wp-content\/uploads\/2026\/08\/olomouc-s-detmi-ulice-tramvaj-300x200.jpg 300w, https:\/\/loudavymkrokem.cz\/wp-content\/uploads\/2026\/08\/olomouc-s-detmi-ulice-tramvaj-700x467.jpg 700w, https:\/\/loudavymkrokem.cz\/wp-content\/uploads\/2026\/08\/olomouc-s-detmi-ulice-tramvaj-768x512.jpg 768w, https:\/\/loudavymkrokem.cz\/wp-content\/uploads\/2026\/08\/olomouc-s-detmi-ulice-tramvaj-1536x1024.jpg 1536w, https:\/\/loudavymkrokem.cz\/wp-content\/uploads\/2026\/08\/olomouc-s-detmi-ulice-tramvaj-2048x1366.jpg 2048w, https:\/\/loudavymkrokem.cz\/wp-content\/uploads\/2026\/08\/olomouc-s-detmi-ulice-tramvaj-696x464.jpg 696w, https:\/\/loudavymkrokem.cz\/wp-content\/uploads\/2026\/08\/olomouc-s-detmi-ulice-tramvaj-1392x928.jpg 1392w, https:\/\/loudavymkrokem.cz\/wp-content\/uploads\/2026\/08\/olomouc-s-detmi-ulice-tramvaj-1920x1280.jpg 1920w\" sizes=\"(max-width: 2200px) 100vw, 2200px\" \/><button\n\t\t\tclass=\"lightbox-trigger\"\n\t\t\ttype=\"button\"\n\t\t\taria-haspopup=\"dialog\"\n\t\t\tdata-wp-bind--aria-label=\"state.thisImage.triggerButtonAriaLabel\"\n\t\t\tdata-wp-init=\"callbacks.initTriggerButton\"\n\t\t\tdata-wp-on--click=\"actions.showLightbox\"\n\t\t\tdata-wp-style--right=\"state.thisImage.buttonRight\"\n\t\t\tdata-wp-style--top=\"state.thisImage.buttonTop\"\n\t\t>\n\t\t\t<svg xmlns=\"http:\/\/www.w3.org\/2000\/svg\" width=\"12\" height=\"12\" fill=\"none\" viewBox=\"0 0 12 12\">\n\t\t\t\t<path fill=\"#fff\" d=\"M2 0a2 2 0 0 0-2 2v2h1.5V2a.5.5 0 0 1 .5-.5h2V0H2Zm2 10.5H2a.5.5 0 0 1-.5-.5V8H0v2a2 2 0 0 0 2 2h2v-1.5ZM8 12v-1.5h2a.5.5 0 0 0 .5-.5V8H12v2a2 2 0 0 1-2 2H8Zm2-12a2 2 0 0 1 2 2v2h-1.5V2a.5.5 0 0 0-.5-.5H8V0h2Z\" \/>\n\t\t\t<\/svg>\n\t\t<\/button><figcaption class=\"wp-element-caption\">Centrum \u00e4r g\u00e5gata, s\u00e5 det g\u00e5r bra att ta sig fram med barnvagn<\/figcaption><\/figure>\n\n\n\n<p class=\"wp-block-paragraph\">Innan du ger dig av \u00e4r det bra att k\u00e4nna till n\u00e5gra praktiska detaljer som sparar dig mycket nerver och pengar direkt vid ankomsten. Olomouc \u00e4r utm\u00e4rkt l\u00e4ttillg\u00e4ngligt, s\u00e4rskilt om du best\u00e4mmer dig f\u00f6r att l\u00e4mna bilen hemma och v\u00e4ljer t\u00e5g. Reser du fr\u00e5n Sverige flyger du enklast med SAS, Norwegian eller Ryanair fr\u00e5n Stockholm, G\u00f6teborg eller Malm\u00f6 \u2013 de flesta rutter g\u00e5r via Prag eller Wien och d\u00e4rifr\u00e5n \u00e4r det bara ett par timmar med t\u00e5g vidare. Fr\u00e5n Prag tar du dig hit med ett bekv\u00e4mt expresst\u00e5g p\u00e5 cirka <strong>2 timmar och 15 minuter<\/strong>, fr\u00e5n Brno tar resan bara <strong>1,5 timme<\/strong>. En t\u00e5gresa med barn \u00e4r dessutom i sig mycket lugnare \u00e4n att stressa i k\u00f6er p\u00e5 motorv\u00e4gen.<\/p>\n\n\n\n<p class=\"wp-block-paragraph\">Vad g\u00e4ller att ta sig runt i staden fungerar den historiska k\u00e4rnan som en enda stor g\u00e5gata och \u00e4r till ytan mycket kompakt, s\u00e5 du tar dig utan problem fram till fots \u00f6verallt. Med barnvagn g\u00e5r det ganska bra och bekv\u00e4mt att ta sig runt, du m\u00e5ste bara akta dig lite f\u00f6r de skumpiga kullerstenarna som t\u00e4cker huvudtorgen, vilket dock f\u00f6r de minsta bebisarna kan fungera som ett utm\u00e4rkt insomningsmedel. \u263a\ufe0f<\/p>\n\n\n\n<p class=\"wp-block-paragraph\">Om du \u00e4nd\u00e5 reser med bil ska du vara beredd p\u00e5 att parkering direkt i den historiska k\u00e4rnan \u00e4r mycket dyr och att det r\u00e5der en desperat brist p\u00e5 parkeringsplatser. Det l\u00f6nar sig definitivt att hellre leta upp n\u00e5got av parkeringshusen i centrums utkant, eller \u00e4nnu hellre boka ett hotell som erbjuder egen parkering f\u00f6r g\u00e4ster. Till mer avl\u00e4gsna platser fungerar sedan den p\u00e5litliga lokala kollektivtrafiken utm\u00e4rkt, ett n\u00e4tverk av sp\u00e5rvagnar och bussar, och till popul\u00e4ra Svat\u00fd Kope\u010dek tar dig den redan n\u00e4mnda <strong>bussen nr 11<\/strong> tillf\u00f6rlitligt fr\u00e5n centralstationen.<\/p>\n\n\n\n<h2 class=\"wp-block-heading\"><span class=\"ez-toc-section\" id=\"Vart_du_kan_aka_vidare\"><\/span>Vart du kan \u00e5ka vidare<span class=\"ez-toc-section-end\"><\/span><\/h2>\n\n\n\n<p class=\"wp-block-paragraph\">\u00c4r du p\u00e5 v\u00e4g till M\u00e4hren eller letar du efter fler tips p\u00e5 utflykter med barn? Titta p\u00e5 v\u00e5ra andra artiklar:<\/p>\n\n\n\n<ul class=\"wp-block-list\">\n\n<li><a href=\"https:\/\/loudavymkrokem.cz\/sv\/olomouc-tjeckien-tips\/\">Vad du kan se i Olomouc<\/a>: 14 tips p\u00e5 sev\u00e4rdheter som \u00e4r v\u00e4rda ett bes\u00f6k \u00e4ven utan barn.<\/li>\n\n\n\n<li><a href=\"https:\/\/loudavymkrokem.cz\/sv\/orea-hotel-arigone-olomouc-tjeckien\/\">Recension av OREA Hotel Arigone<\/a>: hotell i centrum med bubbelpool och bastu direkt p\u00e5 rummet.<\/li>\n\n\n\n<li><a href=\"https:\/\/loudavymkrokem.cz\/sv\/vattenparker-tjeckien\/\">De b\u00e4sta badhusen i Tjeckien<\/a>: 13 tips p\u00e5 vart du kan \u00e5ka med barn f\u00f6r vattenskoj.<\/li>\n\n\n\n<li><a href=\"https:\/\/loudavymkrokem.cz\/sv\/semester-mellersta-mahren-tjeckien\/\">Vart du kan resa p\u00e5 semester i centrala M\u00e4hren<\/a>: 15 tips p\u00e5 Han\u00e1 och Vala\u0161sko.<\/li>\n\n\n\n<li><a href=\"https:\/\/loudavymkrokem.cz\/sv\/pisek-med-barn\/\">P\u00edsek med barn<\/a>: \u00e4nnu en kompakt tjeckisk stad d\u00e4r barnen inte har tr\u00e5kigt.<\/li>\n\n\n<\/ul>\n\n\n\n<h2 class=\"wp-block-heading\"><span class=\"ez-toc-section\" id=\"Vanliga_fragor\"><\/span>Vanliga fr\u00e5gor<span class=\"ez-toc-section-end\"><\/span><\/h2>\n\n\n\n<p class=\"wp-block-paragraph\">Avslutningsvis har jag samlat de fr\u00e5gor som f\u00f6r\u00e4ldrar oftast funderar \u00f6ver inf\u00f6r resan till Olomouc. <strong>Priser och \u00f6ppettider \u00e4ndras dock, s\u00e5 kontrollera dem hellre en g\u00e5ng till innan utflykten.<\/strong><\/p>\n\n\n<div id=\"rank-math-faq\" class=\"rank-math-block\">\n<div class=\"rank-math-list \">\n<div id=\"faq-question-1787773774000\" class=\"rank-math-list-item\">\n<h3 class=\"rank-math-question \"><span class=\"ez-toc-section\" id=\"Vart_kan_man_ga_i_Olomouc_med_barn_nar_det_regnar\"><\/span>Vart kan man g\u00e5 i Olomouc med barn n\u00e4r det regnar?<span class=\"ez-toc-section-end\"><\/span><\/h3>\n<div class=\"rank-math-answer \">\n\n<p>Olomouc \u00e4r perfekt f\u00f6rberedd f\u00f6r regn. Den st\u00f6rsta succ\u00e9n \u00e4r det interaktiva science-centret Pevnost pozn\u00e1n\u00ed i Korunn\u00ed pevn\u016fstka, f\u00f6r mindre barn rekommenderar jag underbara kaf\u00e9er med lekrum direkt i centrum (J\u00e1S\u00e1m eller montessori-lekrummet V lese). \u00c4ldre barn kan roa sig i flera timmar i den enorma n\u00f6jesparken Krokod\u00fdlek eller i Amazonia.<\/p>\n\n<\/div>\n<\/div>\n<div id=\"faq-question-1787773774001\" class=\"rank-math-list-item\">\n<h3 class=\"rank-math-question \"><span class=\"ez-toc-section\" id=\"Vad_kostar_ZOO_Olomouc\"><\/span>Vad kostar ZOO Olomouc?<span class=\"ez-toc-section-end\"><\/span><\/h3>\n<div class=\"rank-math-answer \">\n\n<p>Priserna p\u00e5 ZOO p\u00e5 Svat\u00fd Kope\u010dek varierar beroende p\u00e5 s\u00e4song. Under h\u00f6gs\u00e4songen (fr\u00e5n mars till oktober) betalar vuxna 75 kr, reducerat pris f\u00f6r barn och studenter \u00e4r 60 kr. Utanf\u00f6r s\u00e4songen (fr\u00e5n november till februari) \u00e4r priserna 65 kr och 50 kr. Barn under 3 \u00e5r har alltid fri entr\u00e9 och en familjebiljett f\u00f6r tv\u00e5 vuxna och tv\u00e5 barn kostar f\u00f6rm\u00e5nliga 260 kr.<\/p>\n\n<\/div>\n<\/div>\n<div id=\"faq-question-1787773774002\" class=\"rank-math-list-item\">\n<h3 class=\"rank-math-question \"><span class=\"ez-toc-section\" id=\"Hur_tar_man_sig_till_Svaty_Kopecek\"><\/span>Hur tar man sig till Svat\u00fd Kope\u010dek?<span class=\"ez-toc-section-end\"><\/span><\/h3>\n<div class=\"rank-math-answer \">\n\n<p>Det enklaste och bekv\u00e4maste s\u00e4ttet \u00e4r att \u00e5ka med kollektivtrafiken. Fr\u00e5n Olomoucs centralstation (specifikt fr\u00e5n h\u00e5llplats D) g\u00e5r buss nummer 11 regelbundet. Bussen g\u00e5r med perfekta 10 till 15 minuters intervall, sj\u00e4lva resan tar ungef\u00e4r 20 minuter och fr\u00e5n h\u00e5llplatsen p\u00e5 kullen g\u00e5r du till ZOO p\u00e5 knappt tio minuter.<\/p>\n\n<\/div>\n<\/div>\n<div id=\"faq-question-1787773774003\" class=\"rank-math-list-item\">\n<h3 class=\"rank-math-question \"><span class=\"ez-toc-section\" id=\"Ar_Olomouc_lamplig_med_barnvagn\"><\/span>\u00c4r Olomouc l\u00e4mplig med barnvagn?<span class=\"ez-toc-section-end\"><\/span><\/h3>\n<div class=\"rank-math-answer \">\n\n<p>Ja, absolut. Hela den historiska stadsk\u00e4rnan \u00e4r i princip en stor kompakt g\u00e5gata, s\u00e5 du beh\u00f6ver inte st\u00e4ndigt undvika bilar. Det enda problemet f\u00f6r sm\u00e5 hjul kan vara kullerstenarna p\u00e5 de stora torgen. Promenader med barnvagn \u00e4r sedan helt perfekta i de vidstr\u00e4ckta och plana stadsparkerna, som Smetanovy sady eller det vackra Rozarium.<\/p>\n\n<\/div>\n<\/div>\n<div id=\"faq-question-1787773774004\" class=\"rank-math-list-item\">\n<h3 class=\"rank-math-question \"><span class=\"ez-toc-section\" id=\"Vart_kan_man_ga_med_barn_i_Olomouc_gratis\"><\/span>Vart kan man g\u00e5 med barn i Olomouc gratis?<span class=\"ez-toc-section-end\"><\/span><\/h3>\n<div class=\"rank-math-answer \">\n\n<p>Helt utan kostnad kan du njuta av att leta efter alla barocka font\u00e4ner i stadens centrum, v\u00e4nta p\u00e5 den k\u00e4nda astronomiska klockan p\u00e5 r\u00e5dhuset som sl\u00e5r klockan tolv, eller leta efter gigantiska f\u00e4rgglada muraler och street art p\u00e5 husfasaderna. Alla vidstr\u00e4ckta stadsparker inklusive det vackra Rozarium och Bezru\u010dovy sady under stadsmurarna \u00e4r ocks\u00e5 fritt tillg\u00e4ngliga.<\/p>\n\n<\/div>\n<\/div>\n<div id=\"faq-question-1787773774005\" class=\"rank-math-list-item\">\n<h3 class=\"rank-math-question \"><span class=\"ez-toc-section\" id=\"Hur_manga_dagar_behover_vi_for_Olomouc_med_barn\"><\/span>Hur m\u00e5nga dagar beh\u00f6ver vi f\u00f6r Olomouc med barn?<span class=\"ez-toc-section-end\"><\/span><\/h3>\n<div class=\"rank-math-answer \">\n\n<p>Den historiska stadsk\u00e4rnan med alla font\u00e4ner och den astronomiska klockan kan du utan stress utforska p\u00e5 en dag. Men om du vill kombinera bes\u00f6ket med en halvdagsutflykt till Svat\u00fd Kope\u010dek och ZOO, ett bes\u00f6k p\u00e5 Pevnost pozn\u00e1n\u00ed eller bad i vattenparken, \u00e4r den ideala tiden f\u00f6r bes\u00f6ket 2 till 3 dagar, allts\u00e5 en perfekt l\u00e5nghelg.<\/p>\n\n<\/div>\n<\/div>\n<div id=\"faq-question-1787773774006\" class=\"rank-math-list-item\">\n<h3 class=\"rank-math-question \"><span class=\"ez-toc-section\" id=\"Vart_kan_man_aka_pa_utflykt_fran_Olomouc_med_barn\"><\/span>Vart kan man \u00e5ka p\u00e5 utflykt fr\u00e5n Olomouc med barn?<span class=\"ez-toc-section-end\"><\/span><\/h3>\n<div class=\"rank-math-answer \">\n\n<p>Om du har bil finns det massor av vackra platser ungef\u00e4r 45 minuters k\u00f6rning fr\u00e5n Olomouc. En enorm succ\u00e9 \u00e4r DinoPark och ZOO Park Vy\u0161kov, f\u00f6r historia kan du \u00e5ka till det sagoliknande slottet Bouzov och f\u00f6r att utforska underjorden finns de kortare och mindre kr\u00e4vande Mlade\u010dsk\u00e9-grottorna. F\u00f6r mindre barn \u00e4r \u00e4ven Prad\u011bdovo d\u011btsk\u00e9 muzeum i Bludov fantastiskt.<\/p>\n\n<\/div>\n<\/div>\n<div id=\"faq-question-1787773774007\" class=\"rank-math-list-item\">\n<h3 class=\"rank-math-question \"><span class=\"ez-toc-section\" id=\"Hur_langt_ar_det_till_DinoPark_Vyskov_fran_Olomouc\"><\/span>Hur l\u00e5ngt \u00e4r det till DinoPark Vy\u0161kov fr\u00e5n Olomouc?<span class=\"ez-toc-section-end\"><\/span><\/h3>\n<div class=\"rank-math-answer \">\n\n<p>DinoPark och ZOO Park i Vy\u0161kov ligger ungef\u00e4r 45 kilometer fr\u00e5n Olomouc. Resan med bil p\u00e5 motorv\u00e4gen tar ungef\u00e4r en halvtimme, s\u00e5 det \u00e4r ett helt perfekt och l\u00e4ttillg\u00e4ngligt m\u00e5l f\u00f6r en underbar halvdagsutflykt med familjen.<\/p>\n\n<\/div>\n<\/div>\n<\/div>\n<\/div>","protected":false},"excerpt":{"rendered":"<p>Lekhallar direkt p\u00e5 \u00d6vre torget, Kunskapsf\u00e4stet, djurparken p\u00e5 Svat\u00fd Kope\u010dek och DinoParken i Vy\u0161kov. 34 tips p\u00e5 vad du kan g\u00f6ra i Olomouc med barn i b\u00e5de sol och regn, med priser och \u00f6ppettider.<\/p>\n","protected":false},"author":3,"featured_media":401014,"comment_status":"open","ping_status":"open","sticky":false,"template":"","format":"standard","meta":{"_acf_changed":false,"footnotes":"","rank_math_title":"Olomouc i Tjeckien med barn: 34 tips 2026","rank_math_description":"Olomouc i Tjeckien med barn: 34 tips p\u00e5 vad du kan g\u00f6ra i sol och regn \u2013 lekhallar, djurpark, badhus och utflykter, med priser och \u00f6ppettider.","rank_math_focus_keyword":"olomouc tjeckien","rank_math_seo_score":""},"categories":[1178,1162,1211],"tags":[],"class_list":["post-409812","post","type-post","status-publish","format-standard","has-post-thumbnail","category-europa","category-resor","category-tjeckien"],"acf":[],"featured_image_src":"https:\/\/loudavymkrokem.cz\/wp-content\/uploads\/2026\/08\/olomouc-s-detmi-mural-prujezd.jpg","author_info":{"display_name":"Lucie Kone\u010dn\u00e1","author_link":"https:\/\/loudavymkrokem.cz\/sv\/author\/lucie-konecna\/"},"_links":{"self":[{"href":"https:\/\/loudavymkrokem.cz\/sv\/wp-json\/wp\/v2\/posts\/409812","targetHints":{"allow":["GET"]}}],"collection":[{"href":"https:\/\/loudavymkrokem.cz\/sv\/wp-json\/wp\/v2\/posts"}],"about":[{"href":"https:\/\/loudavymkrokem.cz\/sv\/wp-json\/wp\/v2\/types\/post"}],"author":[{"embeddable":true,"href":"https:\/\/loudavymkrokem.cz\/sv\/wp-json\/wp\/v2\/users\/3"}],"replies":[{"embeddable":true,"href":"https:\/\/loudavymkrokem.cz\/sv\/wp-json\/wp\/v2\/comments?post=409812"}],"version-history":[{"count":1,"href":"https:\/\/loudavymkrokem.cz\/sv\/wp-json\/wp\/v2\/posts\/409812\/revisions"}],"predecessor-version":[{"id":414374,"href":"https:\/\/loudavymkrokem.cz\/sv\/wp-json\/wp\/v2\/posts\/409812\/revisions\/414374"}],"wp:featuredmedia":[{"embeddable":true,"href":"https:\/\/loudavymkrokem.cz\/sv\/wp-json\/wp\/v2\/media\/401014"}],"wp:attachment":[{"href":"https:\/\/loudavymkrokem.cz\/sv\/wp-json\/wp\/v2\/media?parent=409812"}],"wp:term":[{"taxonomy":"category","embeddable":true,"href":"https:\/\/loudavymkrokem.cz\/sv\/wp-json\/wp\/v2\/categories?post=409812"},{"taxonomy":"post_tag","embeddable":true,"href":"https:\/\/loudavymkrokem.cz\/sv\/wp-json\/wp\/v2\/tags?post=409812"}],"curies":[{"name":"wp","href":"https:\/\/api.w.org\/{rel}","templated":true}]}}