{"id":409804,"date":"2026-08-26T17:25:43","date_gmt":"2026-08-26T15:25:43","guid":{"rendered":"https:\/\/loudavymkrokem.cz\/?p=409804"},"modified":"2026-09-02T04:09:14","modified_gmt":"2026-09-02T02:09:14","slug":"resa-till-cypern-tips","status":"publish","type":"post","link":"https:\/\/loudavymkrokem.cz\/sv\/resa-till-cypern-tips\/","title":{"rendered":"Resa till Cypern: 24 tips p\u00e5 vad du ska se och var du badar 2026"},"content":{"rendered":"\n<!-- lk-tldr -->\n<div class=\"lk-tldr\" style=\"background:#f7f5f0;border-left:4px solid #c39f76;border-radius:0 10px 10px 0;padding:14px 18px;margin:0 0 26px;font-size:15px;line-height:1.65;\"><strong style=\"display:block;font-size:12px;text-transform:uppercase;letter-spacing:.06em;color:#a9885a;margin-bottom:5px;\">TL;DR<\/strong>Cypern har <strong>den l\u00e4ngsta bads\u00e4songen i Europa<\/strong>: i juni \u00e4r havet i Ayia Napa 25,7 \u00b0C och \u00e4nnu i november 24,5 \u00b0C. I juli och augusti \u00e4r det \u00f6ver 32 \u00b0C och det regnar 0,1 dag i m\u00e5naden. <strong>Paphos<\/strong> \u00e4r antik historia och UNESCO, <strong>Ayia Napa<\/strong> str\u00e4nder och fest, <strong>Protaras<\/strong> lugn f\u00f6r barnfamiljer och <strong>Troodosbergen<\/strong> \u00e4r 8\u201310 grader svalare \u2013 p\u00e5 vintern \u00e5ker man skidor d\u00e4r. \u26a0\ufe0f \u00d6n \u00e4r delad, du kan ta dig norrut via officiella gr\u00e4ns\u00f6verg\u00e5ngar men du <strong>beh\u00f6ver pass<\/strong> och med hyrbil endast med uthyrarens godk\u00e4nnande och en extra f\u00f6rs\u00e4kring. Man k\u00f6r p\u00e5 v\u00e4nster sida, betalar med euro och halloumi kommer just h\u00e4rifr\u00e5n.<\/div>\n<!-- \/lk-tldr -->\n\n\n\n<!-- lk-navbar -->\n<div class=\"lk-navbar\" style=\"margin:0 0 28px;\"><div style=\"font-size:12px;text-transform:uppercase;letter-spacing:.06em;color:#a9885a;font-weight:700;margin-bottom:9px;\">Snabbl\u00e4nkar<\/div><div style=\"display:flex;flex-wrap:wrap;gap:9px;\"><a href=\"#Nar_ska_man_resa_till_Cypern_vader_manad_for_manad\" style=\"background:#c39f76;color:#fff;border:1px solid #c39f76;font-weight:700;padding:9px 15px;border-radius:22px;font-size:14px;text-decoration:none;display:inline-block;line-height:1;\">\ud83c\udf21\ufe0f N\u00e4r \u00e5ka<\/a><a href=\"#Vad_ska_man_se_pa_Cypern_24_tips_fran_antika_mosaiker_till_berg\" style=\"background:#fff;color:#6b5a44;border:1px solid #e2d6c1;font-weight:600;padding:9px 15px;border-radius:22px;font-size:14px;text-decoration:none;display:inline-block;line-height:1;\">\ud83d\udccd 24 tips<\/a><a href=\"#Var_ska_man_bo_pa_Cypern_vilket_omrade_passar_vem\" style=\"background:#fff;color:#6b5a44;border:1px solid #e2d6c1;font-weight:600;padding:9px 15px;border-radius:22px;font-size:14px;text-decoration:none;display:inline-block;line-height:1;\">\ud83c\udfe8 Var bo<\/a><a href=\"#Vad_man_ater_pa_Cypern_paradis_for_vegetarianer\" style=\"background:#fff;color:#6b5a44;border:1px solid #e2d6c1;font-weight:600;padding:9px 15px;border-radius:22px;font-size:14px;text-decoration:none;display:inline-block;line-height:1;\">\ud83c\udf7d\ufe0f Vad \u00e4ta<\/a><a href=\"#Transport_pa_Cypern_bil_bussar_och_att_ta_sig_norrut\" style=\"background:#fff;color:#6b5a44;border:1px solid #e2d6c1;font-weight:600;padding:9px 15px;border-radius:22px;font-size:14px;text-decoration:none;display:inline-block;line-height:1;\">\ud83d\ude97 Transport<\/a><a href=\"#Vad_kostar_en_resa_till_Cypern\" style=\"background:#fff;color:#6b5a44;border:1px solid #e2d6c1;font-weight:600;padding:9px 15px;border-radius:22px;font-size:14px;text-decoration:none;display:inline-block;line-height:1;\">\ud83d\udcb0 Priser<\/a><a href=\"#Vanliga_fragor\" style=\"background:#fff;color:#6b5a44;border:1px solid #e2d6c1;font-weight:600;padding:9px 15px;border-radius:22px;font-size:14px;text-decoration:none;display:inline-block;line-height:1;\">\u2753 FAQ<\/a><\/div><\/div>\n<!-- \/lk-navbar -->\n\n\n\n<p class=\"wp-block-paragraph\">Visste du att den h\u00e4r medelhavs\u00f6n har den absolut <strong>l\u00e4ngsta bads\u00e4songen i hela Europa<\/strong>, s\u00e5 att du kan doppa dig i v\u00e5gorna redan i maj och att havet \u00e4nnu i november h\u00e5ller otroliga 23 \u00b0C? Just detta sommarparadis \u00e4r samtidigt en plats med djupa kontraster, f\u00f6r \u00e4n idag l\u00f6per det taggtr\u00e5d tv\u00e4rs igenom och \u00f6n rymmer <strong>Europas sista delade huvudstad<\/strong>. Att sola p\u00e5 stranden blandas h\u00e4r helt naturligt med att utforska en komplicerad modern historia, vilket g\u00f6r destinationen till ett fascinerande m\u00e5l f\u00f6r varje nyfiken resen\u00e4r.<\/p>\n\n\n\n<p class=\"wp-block-paragraph\">Om du just nu lockas av en <strong>resa till Cypern<\/strong> kommer du garanterat inte att \u00e5ngra dig, f\u00f6r den h\u00e4r platsen tillfredsst\u00e4ller tillf\u00f6rlitligt b\u00e5de \u00e4lskare av sev\u00e4rdheter, bergsvandringar och o\u00e4ndligt latmask p\u00e5 stranden. N\u00e4r du planerar din resv\u00e4g och letar information om vad du ska se blir du kanske lite \u00f6verraskad av \u00f6ns storlek, f\u00f6r att k\u00f6ra fr\u00e5n ena \u00e4nden till den andra kan l\u00e4tt ta flera timmar. Resen\u00e4rer fr\u00e5gar sig ofta hur det egentligen fungerar med gr\u00e4nsen mellan norr och s\u00f6der, och just d\u00e4rf\u00f6r best\u00e4mde jag mig f\u00f6r att s\u00e4tta ihop en komplett guide som svarar p\u00e5 alla praktiska fr\u00e5gor.<\/p>\n\n\n\n<p class=\"wp-block-paragraph\">I den h\u00e4r artikeln v\u00e4ntar hela <strong>24 konkreta tips<\/strong> p\u00e5 var du ska bege dig och vad du absolut inte f\u00e5r missa. Jag har f\u00f6rberett <strong>detaljerade v\u00e4dertabeller m\u00e5nad f\u00f6r m\u00e5nad<\/strong> som bygger p\u00e5 verkliga tio\u00e5riga data, och vi tittar n\u00e4rmare p\u00e5 b\u00e5de \u00f6ns s\u00f6dra och norra del. Du f\u00e5r ocks\u00e5 veta var det \u00e4r b\u00e4st att bo, att det g\u00e5r direktflyg fr\u00e5n Stockholm till Larnaka och Paphos med en flygtid p\u00e5 ungef\u00e4r 4 timmar, och hur den lokala transporten fungerar. Republiken Cypern \u00e4r en fullv\u00e4rdig EU-medlem och man betalar med euro, s\u00e5 du f\u00e5r en tydlig bild av vilka priser du kan r\u00e4kna med och var du hittar den b\u00e4sta maten f\u00f6r vegetarianer. \u263a\ufe0f<\/p>\n\n\n\n<figure data-wp-context=\"{&quot;imageId&quot;:&quot;6a9944e4862ba&quot;}\" data-wp-interactive=\"core\/image\" data-wp-key=\"6a9944e4862ba\" class=\"wp-block-image size-full wp-lightbox-container\"><img decoding=\"async\" width=\"1500\" height=\"1124\" data-wp-class--hide=\"state.isContentHidden\" data-wp-class--show=\"state.isContentVisible\" data-wp-init=\"callbacks.setButtonStyles\" data-wp-on--click=\"actions.showLightbox\" data-wp-on--load=\"callbacks.setButtonStyles\" data-wp-on--pointerdown=\"actions.preloadImage\" data-wp-on--pointerenter=\"actions.preloadImageWithDelay\" data-wp-on--pointerleave=\"actions.cancelPreload\" data-wp-on-window--resize=\"callbacks.setButtonStyles\" src=\"https:\/\/loudavymkrokem.cz\/wp-content\/uploads\/2026\/08\/dovolena-kypr-uvod.jpg\" alt=\"Turkost hav vid Ayia Napa\" class=\"wp-image-399836\" title=\"\" srcset=\"https:\/\/loudavymkrokem.cz\/wp-content\/uploads\/2026\/08\/dovolena-kypr-uvod.jpg 1500w, https:\/\/loudavymkrokem.cz\/wp-content\/uploads\/2026\/08\/dovolena-kypr-uvod-300x225.jpg 300w, https:\/\/loudavymkrokem.cz\/wp-content\/uploads\/2026\/08\/dovolena-kypr-uvod-700x525.jpg 700w, https:\/\/loudavymkrokem.cz\/wp-content\/uploads\/2026\/08\/dovolena-kypr-uvod-768x575.jpg 768w, https:\/\/loudavymkrokem.cz\/wp-content\/uploads\/2026\/08\/dovolena-kypr-uvod-80x60.jpg 80w, https:\/\/loudavymkrokem.cz\/wp-content\/uploads\/2026\/08\/dovolena-kypr-uvod-160x120.jpg 160w, https:\/\/loudavymkrokem.cz\/wp-content\/uploads\/2026\/08\/dovolena-kypr-uvod-696x522.jpg 696w, https:\/\/loudavymkrokem.cz\/wp-content\/uploads\/2026\/08\/dovolena-kypr-uvod-1392x1043.jpg 1392w\" sizes=\"(max-width: 1500px) 100vw, 1500px\" \/><button\n\t\t\tclass=\"lightbox-trigger\"\n\t\t\ttype=\"button\"\n\t\t\taria-haspopup=\"dialog\"\n\t\t\tdata-wp-bind--aria-label=\"state.thisImage.triggerButtonAriaLabel\"\n\t\t\tdata-wp-init=\"callbacks.initTriggerButton\"\n\t\t\tdata-wp-on--click=\"actions.showLightbox\"\n\t\t\tdata-wp-style--right=\"state.thisImage.buttonRight\"\n\t\t\tdata-wp-style--top=\"state.thisImage.buttonTop\"\n\t\t>\n\t\t\t<svg xmlns=\"http:\/\/www.w3.org\/2000\/svg\" width=\"12\" height=\"12\" fill=\"none\" viewBox=\"0 0 12 12\">\n\t\t\t\t<path fill=\"#fff\" d=\"M2 0a2 2 0 0 0-2 2v2h1.5V2a.5.5 0 0 1 .5-.5h2V0H2Zm2 10.5H2a.5.5 0 0 1-.5-.5V8H0v2a2 2 0 0 0 2 2h2v-1.5ZM8 12v-1.5h2a.5.5 0 0 0 .5-.5V8H12v2a2 2 0 0 1-2 2H8Zm2-12a2 2 0 0 1 2 2v2h-1.5V2a.5.5 0 0 0-.5-.5H8V0h2Z\" \/>\n\t\t\t<\/svg>\n\t\t<\/button><figcaption class=\"wp-element-caption\">Turkost hav vid Ayia Napa (Foto: Gerda Arendt \/ Wikimedia Commons, CC0)<\/figcaption><\/figure>\n\n\n\n<div id=\"ez-toc-container\" class=\"ez-toc-v2_0_87 ez-toc-wrap-left counter-hierarchy ez-toc-counter ez-toc-grey ez-toc-container-direction\">\n<div class=\"ez-toc-title-container\">\n<p class=\"ez-toc-title\" style=\"cursor:inherit\">Artikelns inneh\u00e5ll<\/p>\n<span class=\"ez-toc-title-toggle\"><a href=\"#\" class=\"ez-toc-pull-right ez-toc-btn ez-toc-btn-xs ez-toc-btn-default ez-toc-toggle\" aria-label=\"Toggle Table of Content\"><span class=\"ez-toc-js-icon-con\"><span class=\"\"><span class=\"eztoc-hide\" style=\"display:none;\">Toggle<\/span><span class=\"ez-toc-icon-toggle-span\"><svg style=\"fill: #999;color:#999\" xmlns=\"http:\/\/www.w3.org\/2000\/svg\" class=\"list-377408\" width=\"20px\" height=\"20px\" viewBox=\"0 0 24 24\" fill=\"none\"><path d=\"M6 6H4v2h2V6zm14 0H8v2h12V6zM4 11h2v2H4v-2zm16 0H8v2h12v-2zM4 16h2v2H4v-2zm16 0H8v2h12v-2z\" fill=\"currentColor\"><\/path><\/svg><svg style=\"fill: #999;color:#999\" class=\"arrow-unsorted-368013\" xmlns=\"http:\/\/www.w3.org\/2000\/svg\" width=\"10px\" height=\"10px\" viewBox=\"0 0 24 24\" version=\"1.2\" baseProfile=\"tiny\"><path d=\"M18.2 9.3l-6.2-6.3-6.2 6.3c-.2.2-.3.4-.3.7s.1.5.3.7c.2.2.4.3.7.3h11c.3 0 .5-.1.7-.3.2-.2.3-.5.3-.7s-.1-.5-.3-.7zM5.8 14.7l6.2 6.3 6.2-6.3c.2-.2.3-.5.3-.7s-.1-.5-.3-.7c-.2-.2-.4-.3-.7-.3h-11c-.3 0-.5.1-.7.3-.2.2-.3.5-.3.7s.1.5.3.7z\"\/><\/svg><\/span><\/span><\/span><\/a><\/span><\/div>\n<nav><ul class='ez-toc-list ez-toc-list-level-1 ' ><li class='ez-toc-page-1 ez-toc-heading-level-2'><a class=\"ez-toc-link ez-toc-heading-1\" href=\"https:\/\/loudavymkrokem.cz\/sv\/resa-till-cypern-tips\/#Sammanfattning\" >Sammanfattning<\/a><\/li><li class='ez-toc-page-1 ez-toc-heading-level-2'><a class=\"ez-toc-link ez-toc-heading-2\" href=\"https:\/\/loudavymkrokem.cz\/sv\/resa-till-cypern-tips\/#Varfor_resa_till_Cypern_och_for_vem_passar_det_inte\" >Varf\u00f6r resa till Cypern (och f\u00f6r vem passar det inte)<\/a><ul class='ez-toc-list-level-3' ><li class='ez-toc-heading-level-3'><a class=\"ez-toc-link ez-toc-heading-3\" href=\"https:\/\/loudavymkrokem.cz\/sv\/resa-till-cypern-tips\/#6_skal_att_resa_till_Cypern\" >6 sk\u00e4l att resa till Cypern<\/a><\/li><li class='ez-toc-page-1 ez-toc-heading-level-3'><a class=\"ez-toc-link ez-toc-heading-4\" href=\"https:\/\/loudavymkrokem.cz\/sv\/resa-till-cypern-tips\/#For_vem_passar_Cypern_inte\" >F\u00f6r vem passar Cypern inte<\/a><\/li><\/ul><\/li><li class='ez-toc-page-1 ez-toc-heading-level-2'><a class=\"ez-toc-link ez-toc-heading-5\" href=\"https:\/\/loudavymkrokem.cz\/sv\/resa-till-cypern-tips\/#Nar_ska_man_resa_till_Cypern_vader_manad_for_manad\" >N\u00e4r ska man resa till Cypern: v\u00e4der m\u00e5nad f\u00f6r m\u00e5nad<\/a><ul class='ez-toc-list-level-3' ><li class='ez-toc-heading-level-3'><a class=\"ez-toc-link ez-toc-heading-6\" href=\"https:\/\/loudavymkrokem.cz\/sv\/resa-till-cypern-tips\/#Paphos_ons_vastra_del_ar_nagot_mildare\" >Paphos: \u00f6ns v\u00e4stra del \u00e4r n\u00e5got mildare<\/a><\/li><li class='ez-toc-page-1 ez-toc-heading-level-3'><a class=\"ez-toc-link ez-toc-heading-7\" href=\"https:\/\/loudavymkrokem.cz\/sv\/resa-till-cypern-tips\/#Troodosbergen_en_helt_annan_o\" >Troodosbergen: en helt annan \u00f6<\/a><\/li><li class='ez-toc-page-1 ez-toc-heading-level-3'><a class=\"ez-toc-link ez-toc-heading-8\" href=\"https:\/\/loudavymkrokem.cz\/sv\/resa-till-cypern-tips\/#Basta_manaderna_efter_typ_av_semester\" >B\u00e4sta m\u00e5naderna efter typ av semester<\/a><\/li><\/ul><\/li><li class='ez-toc-page-1 ez-toc-heading-level-2'><a class=\"ez-toc-link ez-toc-heading-9\" href=\"https:\/\/loudavymkrokem.cz\/sv\/resa-till-cypern-tips\/#Vad_ska_man_se_pa_Cypern_24_tips_fran_antika_mosaiker_till_berg\" >Vad ska man se p\u00e5 Cypern: 24 tips fr\u00e5n antika mosaiker till berg<\/a><ul class='ez-toc-list-level-3' ><li class='ez-toc-heading-level-3'><a class=\"ez-toc-link ez-toc-heading-10\" href=\"https:\/\/loudavymkrokem.cz\/sv\/resa-till-cypern-tips\/#1_Arkeologiska_parken_i_Paphos_mosaikerna_som_folk_kommer_for\" >1. Arkeologiska parken i Paphos: mosaikerna som folk kommer f\u00f6r<\/a><\/li><li class='ez-toc-page-1 ez-toc-heading-level-3'><a class=\"ez-toc-link ez-toc-heading-11\" href=\"https:\/\/loudavymkrokem.cz\/sv\/resa-till-cypern-tips\/#2_Kungagravarna_Tombs_of_the_Kings\" >2. Kungagravarna (Tombs of the Kings)<\/a><\/li><li class='ez-toc-page-1 ez-toc-heading-level-3'><a class=\"ez-toc-link ez-toc-heading-12\" href=\"https:\/\/loudavymkrokem.cz\/sv\/resa-till-cypern-tips\/#3_Petra_tou_Romiou_klippan_dar_Afrodite_enligt_myten_foddes\" >3. Petra tou Romiou: klippan d\u00e4r Afrodite enligt myten f\u00f6ddes<\/a><\/li><li class='ez-toc-page-1 ez-toc-heading-level-3'><a class=\"ez-toc-link ez-toc-heading-13\" href=\"https:\/\/loudavymkrokem.cz\/sv\/resa-till-cypern-tips\/#4_Akamashalvon_och_Bla_lagunen\" >4. Akamashalv\u00f6n och Bl\u00e5 lagunen<\/a><\/li><li class='ez-toc-page-1 ez-toc-heading-level-3'><a class=\"ez-toc-link ez-toc-heading-14\" href=\"https:\/\/loudavymkrokem.cz\/sv\/resa-till-cypern-tips\/#5_Avakasravinen\" >5. Avakasravinen<\/a><\/li><li class='ez-toc-page-1 ez-toc-heading-level-3'><a class=\"ez-toc-link ez-toc-heading-15\" href=\"https:\/\/loudavymkrokem.cz\/sv\/resa-till-cypern-tips\/#6_Lara_Bay_och_havsskoldpaddor\" >6. Lara Bay och havssk\u00f6ldpaddor<\/a><\/li><li class='ez-toc-page-1 ez-toc-heading-level-3'><a class=\"ez-toc-link ez-toc-heading-16\" href=\"https:\/\/loudavymkrokem.cz\/sv\/resa-till-cypern-tips\/#7_Havsgrottorna_vid_Peyia_och_Coral_Bay\" >7. Havsgrottorna vid Peyia och Coral Bay<\/a><\/li><li class='ez-toc-page-1 ez-toc-heading-level-3'><a class=\"ez-toc-link ez-toc-heading-17\" href=\"https:\/\/loudavymkrokem.cz\/sv\/resa-till-cypern-tips\/#8_Limassol_strandpromenad_slott_och_soderns_livligaste_stad\" >8. Limassol: strandpromenad, slott och s\u00f6derns livligaste stad<\/a><\/li><li class='ez-toc-page-1 ez-toc-heading-level-3'><a class=\"ez-toc-link ez-toc-heading-18\" href=\"https:\/\/loudavymkrokem.cz\/sv\/resa-till-cypern-tips\/#9_Kourion_antik_teater_over_havet\" >9. Kourion: antik teater \u00f6ver havet<\/a><\/li><li class='ez-toc-page-1 ez-toc-heading-level-3'><a class=\"ez-toc-link ez-toc-heading-19\" href=\"https:\/\/loudavymkrokem.cz\/sv\/resa-till-cypern-tips\/#10_Kolossiborgen\" >10. Kolossiborgen<\/a><\/li><li class='ez-toc-page-1 ez-toc-heading-level-3'><a class=\"ez-toc-link ez-toc-heading-20\" href=\"https:\/\/loudavymkrokem.cz\/sv\/resa-till-cypern-tips\/#11_Udden_Cape_Greco_och_Kamara_tou_Koraka\" >11. Udden Cape Greco och Kamara tou Koraka<\/a><\/li><li class='ez-toc-page-1 ez-toc-heading-level-3'><a class=\"ez-toc-link ez-toc-heading-21\" href=\"https:\/\/loudavymkrokem.cz\/sv\/resa-till-cypern-tips\/#12_Larnaka_Saltsjon_och_flamingor\" >12. Larnaka: Saltsj\u00f6n och flamingor<\/a><\/li><li class='ez-toc-page-1 ez-toc-heading-level-3'><a class=\"ez-toc-link ez-toc-heading-22\" href=\"https:\/\/loudavymkrokem.cz\/sv\/resa-till-cypern-tips\/#13_Nissi_Beach_Cyperns_mest_beromda_strand\" >13. Nissi Beach: Cyperns mest ber\u00f6mda strand<\/a><\/li><li class='ez-toc-page-1 ez-toc-heading-level-3'><a class=\"ez-toc-link ez-toc-heading-23\" href=\"https:\/\/loudavymkrokem.cz\/sv\/resa-till-cypern-tips\/#14_Ayia_Napa_fest_men_ocksa_kloster_och_havsgrottor\" >14. Ayia Napa: fest, men ocks\u00e5 kloster och havsgrottor<\/a><\/li><li class='ez-toc-page-1 ez-toc-heading-level-3'><a class=\"ez-toc-link ez-toc-heading-24\" href=\"https:\/\/loudavymkrokem.cz\/sv\/resa-till-cypern-tips\/#15_Protaras_och_Fig_Tree_Bay\" >15. Protaras och Fig Tree Bay<\/a><\/li><li class='ez-toc-page-1 ez-toc-heading-level-3'><a class=\"ez-toc-link ez-toc-heading-25\" href=\"https:\/\/loudavymkrokem.cz\/sv\/resa-till-cypern-tips\/#16_Ayia_Napa_Sculpture_Park_och_Cape_Greco-lederna\" >16. Ayia Napa Sculpture Park och Cape Greco-lederna<\/a><\/li><li class='ez-toc-page-1 ez-toc-heading-level-3'><a class=\"ez-toc-link ez-toc-heading-26\" href=\"https:\/\/loudavymkrokem.cz\/sv\/resa-till-cypern-tips\/#17_Vattenparken_WaterWorld_i_Ayia_Napa\" >17. Vattenparken WaterWorld i Ayia Napa<\/a><\/li><li class='ez-toc-page-1 ez-toc-heading-level-3'><a class=\"ez-toc-link ez-toc-heading-27\" href=\"https:\/\/loudavymkrokem.cz\/sv\/resa-till-cypern-tips\/#18_Troodos_byar_Omodos_Lefkara_och_Kakopetria\" >18. Troodos byar: Omodos, Lefkara och Kakopetria<\/a><\/li><li class='ez-toc-page-1 ez-toc-heading-level-3'><a class=\"ez-toc-link ez-toc-heading-28\" href=\"https:\/\/loudavymkrokem.cz\/sv\/resa-till-cypern-tips\/#19_Bysantinska_kyrkor_pa_UNESCO-listan\" >19. Bysantinska kyrkor p\u00e5 UNESCO-listan<\/a><\/li><li class='ez-toc-page-1 ez-toc-heading-level-3'><a class=\"ez-toc-link ez-toc-heading-29\" href=\"https:\/\/loudavymkrokem.cz\/sv\/resa-till-cypern-tips\/#20_Kalidoniavattenfallen_och_Mount_Olympus\" >20. Kalidoniavattenfallen och Mount Olympus<\/a><\/li><li class='ez-toc-page-1 ez-toc-heading-level-3'><a class=\"ez-toc-link ez-toc-heading-30\" href=\"https:\/\/loudavymkrokem.cz\/sv\/resa-till-cypern-tips\/#21_Cypriotiska_vingardar_och_vinvagar\" >21. Cypriotiska ving\u00e5rdar och vinv\u00e4gar<\/a><\/li><li class='ez-toc-page-1 ez-toc-heading-level-3'><a class=\"ez-toc-link ez-toc-heading-31\" href=\"https:\/\/loudavymkrokem.cz\/sv\/resa-till-cypern-tips\/#22_Nicosia_Europas_sista_delade_huvudstad\" >22. Nicosia: Europas sista delade huvudstad<\/a><\/li><li class='ez-toc-page-1 ez-toc-heading-level-3'><a class=\"ez-toc-link ez-toc-heading-32\" href=\"https:\/\/loudavymkrokem.cz\/sv\/resa-till-cypern-tips\/#23_Kyrenia_Girne_och_borgen_over_hamnen\" >23. Kyrenia (Girne) och borgen \u00f6ver hamnen<\/a><\/li><li class='ez-toc-page-1 ez-toc-heading-level-3'><a class=\"ez-toc-link ez-toc-heading-33\" href=\"https:\/\/loudavymkrokem.cz\/sv\/resa-till-cypern-tips\/#24_Famagusta_och_spokstaden_Varosha\" >24. Famagusta och sp\u00f6kstaden Varosha<\/a><\/li><\/ul><\/li><li class='ez-toc-page-1 ez-toc-heading-level-2'><a class=\"ez-toc-link ez-toc-heading-34\" href=\"https:\/\/loudavymkrokem.cz\/sv\/resa-till-cypern-tips\/#Var_ska_man_bo_pa_Cypern_vilket_omrade_passar_vem\" >Var ska man bo p\u00e5 Cypern: vilket omr\u00e5de passar vem<\/a><ul class='ez-toc-list-level-3' ><li class='ez-toc-heading-level-3'><a class=\"ez-toc-link ez-toc-heading-35\" href=\"https:\/\/loudavymkrokem.cz\/sv\/resa-till-cypern-tips\/#Oversikt_over_omradena\" >\u00d6versikt \u00f6ver omr\u00e5dena<\/a><\/li><li class='ez-toc-page-1 ez-toc-heading-level-3'><a class=\"ez-toc-link ez-toc-heading-36\" href=\"https:\/\/loudavymkrokem.cz\/sv\/resa-till-cypern-tips\/#Konkreta_tips_pa_boende\" >Konkreta tips p\u00e5 boende<\/a><\/li><\/ul><\/li><li class='ez-toc-page-1 ez-toc-heading-level-2'><a class=\"ez-toc-link ez-toc-heading-37\" href=\"https:\/\/loudavymkrokem.cz\/sv\/resa-till-cypern-tips\/#Vad_man_ater_pa_Cypern_paradis_for_vegetarianer\" >Vad man \u00e4ter p\u00e5 Cypern: paradis f\u00f6r vegetarianer<\/a><\/li><li class='ez-toc-page-1 ez-toc-heading-level-2'><a class=\"ez-toc-link ez-toc-heading-38\" href=\"https:\/\/loudavymkrokem.cz\/sv\/resa-till-cypern-tips\/#Transport_pa_Cypern_bil_bussar_och_att_ta_sig_norrut\" >Transport p\u00e5 Cypern: bil, bussar och att ta sig norrut<\/a><ul class='ez-toc-list-level-3' ><li class='ez-toc-heading-level-3'><a class=\"ez-toc-link ez-toc-heading-39\" href=\"https:\/\/loudavymkrokem.cz\/sv\/resa-till-cypern-tips\/#Man_kor_pa_vanster_sida\" >Man k\u00f6r p\u00e5 v\u00e4nster sida<\/a><\/li><li class='ez-toc-page-1 ez-toc-heading-level-3'><a class=\"ez-toc-link ez-toc-heading-40\" href=\"https:\/\/loudavymkrokem.cz\/sv\/resa-till-cypern-tips\/#Bussar_kontra_hyrbil\" >Bussar kontra hyrbil<\/a><\/li><li class='ez-toc-page-1 ez-toc-heading-level-3'><a class=\"ez-toc-link ez-toc-heading-41\" href=\"https:\/\/loudavymkrokem.cz\/sv\/resa-till-cypern-tips\/#Hur_du_korsar_den_grona_linjen_norrut\" >Hur du korsar den gr\u00f6na linjen norrut<\/a><\/li><\/ul><\/li><li class='ez-toc-page-1 ez-toc-heading-level-2'><a class=\"ez-toc-link ez-toc-heading-42\" href=\"https:\/\/loudavymkrokem.cz\/sv\/resa-till-cypern-tips\/#Vad_kostar_en_resa_till_Cypern\" >Vad kostar en resa till Cypern<\/a><\/li><li class='ez-toc-page-1 ez-toc-heading-level-2'><a class=\"ez-toc-link ez-toc-heading-43\" href=\"https:\/\/loudavymkrokem.cz\/sv\/resa-till-cypern-tips\/#Vad_du_ska_se_upp_med_pa_Cypern\" >Vad du ska se upp med p\u00e5 Cypern<\/a><\/li><li class='ez-toc-page-1 ez-toc-heading-level-2'><a class=\"ez-toc-link ez-toc-heading-44\" href=\"https:\/\/loudavymkrokem.cz\/sv\/resa-till-cypern-tips\/#Cypern_med_barn\" >Cypern med barn<\/a><\/li><li class='ez-toc-page-1 ez-toc-heading-level-2'><a class=\"ez-toc-link ez-toc-heading-45\" href=\"https:\/\/loudavymkrokem.cz\/sv\/resa-till-cypern-tips\/#Vart_harnast_fler_tips_pa_semester_vid_havet\" >Vart h\u00e4rn\u00e4st: fler tips p\u00e5 semester vid havet<\/a><\/li><li class='ez-toc-page-1 ez-toc-heading-level-2'><a class=\"ez-toc-link ez-toc-heading-46\" href=\"https:\/\/loudavymkrokem.cz\/sv\/resa-till-cypern-tips\/#Vanliga_fragor\" >Vanliga fr\u00e5gor<\/a><ul class='ez-toc-list-level-3' ><li class='ez-toc-heading-level-3'><a class=\"ez-toc-link ez-toc-heading-47\" href=\"https:\/\/loudavymkrokem.cz\/sv\/resa-till-cypern-tips\/#Nar_ar_den_basta_tiden_att_aka_till_Cypern\" >N\u00e4r \u00e4r den b\u00e4sta tiden att \u00e5ka till Cypern?<\/a><\/li><li class='ez-toc-page-1 ez-toc-heading-level-3'><a class=\"ez-toc-link ez-toc-heading-48\" href=\"https:\/\/loudavymkrokem.cz\/sv\/resa-till-cypern-tips\/#Hur_lange_behover_du_pa_Cypern\" >Hur l\u00e4nge beh\u00f6ver du p\u00e5 Cypern?<\/a><\/li><li class='ez-toc-page-1 ez-toc-heading-level-3'><a class=\"ez-toc-link ez-toc-heading-49\" href=\"https:\/\/loudavymkrokem.cz\/sv\/resa-till-cypern-tips\/#Kan_man_bada_pa_Cypern_i_oktober_och_november\" >Kan man bada p\u00e5 Cypern i oktober och november?<\/a><\/li><li class='ez-toc-page-1 ez-toc-heading-level-3'><a class=\"ez-toc-link ez-toc-heading-50\" href=\"https:\/\/loudavymkrokem.cz\/sv\/resa-till-cypern-tips\/#Behover_jag_bil_pa_Cypern\" >Beh\u00f6ver jag bil p\u00e5 Cypern?<\/a><\/li><li class='ez-toc-page-1 ez-toc-heading-level-3'><a class=\"ez-toc-link ez-toc-heading-51\" href=\"https:\/\/loudavymkrokem.cz\/sv\/resa-till-cypern-tips\/#Kan_jag_ta_mig_fran_sodra_till_norra_Cypern\" >Kan jag ta mig fr\u00e5n s\u00f6dra till norra Cypern?<\/a><\/li><li class='ez-toc-page-1 ez-toc-heading-level-3'><a class=\"ez-toc-link ez-toc-heading-52\" href=\"https:\/\/loudavymkrokem.cz\/sv\/resa-till-cypern-tips\/#Ar_Cypern_dyrt\" >\u00c4r Cypern dyrt?<\/a><\/li><li class='ez-toc-page-1 ez-toc-heading-level-3'><a class=\"ez-toc-link ez-toc-heading-53\" href=\"https:\/\/loudavymkrokem.cz\/sv\/resa-till-cypern-tips\/#Hur_ar_maten_pa_Cypern_for_vegetarianer\" >Hur \u00e4r maten p\u00e5 Cypern f\u00f6r vegetarianer?<\/a><\/li><li class='ez-toc-page-1 ez-toc-heading-level-3'><a class=\"ez-toc-link ez-toc-heading-54\" href=\"https:\/\/loudavymkrokem.cz\/sv\/resa-till-cypern-tips\/#Ar_Cypern_sakert\" >\u00c4r Cypern s\u00e4kert?<\/a><\/li><\/ul><\/li><\/ul><\/nav><\/div>\n<h2 id=\"Sammanfattning\" class=\"wp-block-heading\"><span class=\"ez-toc-section\" id=\"Sammanfattning\"><\/span>Sammanfattning<span class=\"ez-toc-section-end\"><\/span><\/h2>\n\n\n\n<p class=\"wp-block-paragraph\">Om du inte hinner l\u00e4sa hela den detaljerade guiden har jag f\u00f6rberett ett snabbt sammandrag av det viktigaste. H\u00e4r \u00e4r de grundl\u00e4ggande fakta du absolut b\u00f6r k\u00e4nna till innan resan:<\/p>\n\n\n\n<ul class=\"wp-block-list\">\n<li>\u00d6n kan skryta med <strong>den l\u00e4ngsta bads\u00e4songen i Europa<\/strong>, d\u00e4r havet i popul\u00e4ra Ayia Napa h\u00e5ller sk\u00f6na 24,5 \u00b0C \u00e4nnu i november.<\/li>\n\n\n\n<li>Om du \u00e5ker hit i juli och augusti v\u00e4ntar temperaturer p\u00e5 <strong>32,1 och 32,4 \u00b0C<\/strong> i Ayia Napa och det regnar i snitt bara 0,1 dag i m\u00e5naden.<\/li>\n\n\n\n<li>Absolut vackrast \u00e4r enligt lokalborna <strong>v\u00e5ren (april, maj)<\/strong>, d\u00e5 hela \u00f6n \u00e4r underbart gr\u00f6n och full av blommande v\u00e4xter.<\/li>\n\n\n\n<li>\u00d6n \u00e4r politiskt delad och den gr\u00f6na linjen g\u00e5r visserligen att korsa, men du <strong>BEH\u00d6VER ALLTID PASS<\/strong>, eftersom man inte kan lita p\u00e5 ID-kortet.<\/li>\n\n\n\n<li>Tack vare det brittiska koloniala f\u00f6rflutna <strong>k\u00f6r man p\u00e5 v\u00e4nster sida<\/strong>, vilket \u00f6verraskar m\u00e5nga of\u00f6rberedda turister rej\u00e4lt efter att de hyrt bil p\u00e5 flygplatsen.<\/li>\n\n\n\n<li>Troodosbergen i inlandet \u00e4r vanligtvis <strong>8 till 10 grader svalare<\/strong> \u00e4n kusten och p\u00e5 vintern \u00e5ker man till och med skidor d\u00e4r p\u00e5 naturlig sn\u00f6.<\/li>\n\n\n\n<li>Medan <strong>Paphos \u00e4r fullt av arkeologi<\/strong> och UNESCO-minnesm\u00e4rken lockar Ayia Napa med str\u00e4nder och fest, och Protaras erbjuder lugn f\u00f6r barnfamiljer.<\/li>\n\n\n\n<li>Den ber\u00f6mda osten <strong>halloumi kommer just fr\u00e5n Cypern<\/strong> och vegetariska meze fulla av sm\u00e5 k\u00f6ttfria godsaker \u00e4r h\u00e4r en helt vardaglig sak.<\/li>\n<\/ul>\n\n\n\n<h2 id=\"Varfor_resa_till_Cypern_och_for_vem_passar_det_inte\" class=\"wp-block-heading\"><span class=\"ez-toc-section\" id=\"Varfor_resa_till_Cypern_och_for_vem_passar_det_inte\"><\/span>Varf\u00f6r resa till Cypern (och f\u00f6r vem passar det inte)<span class=\"ez-toc-section-end\"><\/span><\/h2>\n\n\n\n<p class=\"wp-block-paragraph\">Om du fortfarande tvekar om den h\u00e4r soliga \u00f6n i Medelhavet \u00e4r r\u00e4tt val f\u00f6r dina lediga dagar i \u00e5r, s\u00e5 l\u00e5t oss reda ut det lite. Destinationen erbjuder <strong>en verkligt unik mix av upplevelser<\/strong> som tillfredsst\u00e4ller b\u00e5de aktiva turister och de som bara vill l\u00e4gga sig p\u00e5 en solstol med en bra bok. Samtidigt \u00e4r det bra att k\u00e4nna till n\u00e5gra s\u00e4rdrag som f\u00f6r vissa snarare skulle kunna f\u00f6rst\u00f6ra semestern.<\/p>\n\n\n\n<h3 id=\"6_skal_att_resa_till_Cypern\" class=\"wp-block-heading\"><span class=\"ez-toc-section\" id=\"6_skal_att_resa_till_Cypern\"><\/span>6 sk\u00e4l att resa till Cypern<span class=\"ez-toc-section-end\"><\/span><\/h3>\n\n\n\n<p class=\"wp-block-paragraph\"><strong>Den l\u00e4ngsta bads\u00e4songen:<\/strong> Enligt l\u00e5ngsiktiga m\u00e4tningar r\u00e5der h\u00e4r stabil v\u00e4rme fr\u00e5n tidig v\u00e5r \u00e4nda till sen h\u00f6st, vilket \u00e4r en enorm f\u00f6rdel inom Europa. Medan du i Grekland eller Spanien ofta redan i oktober plockar fram tr\u00f6jorna badar b\u00e5de lokalbor och turister h\u00e4r fortfarande <strong>i det uppv\u00e4rmda havet<\/strong>.<\/p>\n\n\n\n<p class=\"wp-block-paragraph\"><strong>Antika minnesm\u00e4rken p\u00e5 UNESCO:s lista:<\/strong> Om du gillar historia kommer du att trivas som fisken i vattnet, f\u00f6r hela \u00f6n fungerar som ett enormt museum under bar himmel. Republiken Cypern kan skryta med <strong>underbara arkeologiska parker<\/strong>, v\u00e4lbevarade mosaiker och forntida gravar som gl\u00e4der nog varje \u00e4lskare av gamla ber\u00e4ttelser.<\/p>\n\n\n\n<p class=\"wp-block-paragraph\"><strong>Berg och hav p\u00e5 en och samma dag:<\/strong> P\u00e5 morgonen kan du vandra i djupa tallskogar, uppt\u00e4cka dolda vattenfall och andas in frisk bergsluft. P\u00e5 eftermiddagen k\u00f6r du sedan ner till kusten och <strong>hoppar i de turkosa v\u00e5gorna<\/strong>, vilket skapar en otroligt uppfriskande kontrast som man inte tr\u00f6ttnar p\u00e5 i f\u00f6rsta taget.<\/p>\n\n\n\n<p class=\"wp-block-paragraph\"><strong>Engelska och v\u00e4nstertrafik:<\/strong> \u00d6n l\u00e5g l\u00e4nge under brittiskt styre, s\u00e5 du klarar dig alldeles utm\u00e4rkt p\u00e5 engelska \u00e4ven i den mest bortgl\u00f6mda lilla byn. Det brittiska arvet inneb\u00e4r ocks\u00e5 v\u00e4nstertrafik och traditionella eluttag av typ G med tre stift, som du <strong>ovillkorligen beh\u00f6ver en adapter till<\/strong>, och kom ih\u00e5g att \u00e4ven om kollektivtrafiken f\u00f6rbinder de st\u00f6rre st\u00e4derna tar du dig i praktiken bara med bil till Troodosbergen, till Akamashalv\u00f6n och till de flesta vandringsleder.<\/p>\n\n\n\n<p class=\"wp-block-paragraph\"><strong>Utm\u00e4rkt vegetariskt k\u00f6k och halloumi:<\/strong> Maten \u00e4r helt enkelt fantastisk och gl\u00e4der \u00e4ven de som inte \u00e4ter k\u00f6tt, f\u00f6r traditionella tavernor erbjuder en enorm m\u00e4ngd k\u00f6ttfria varianter. Du kommer garanterat att bli f\u00f6rtjust i <strong>den grillade osten halloumi<\/strong>, som \u00e4r en lokal skatt och i kombination med f\u00e4rska gr\u00f6nsaker och olivolja smakar helt gudomligt.<\/p>\n\n\n\n<p class=\"wp-block-paragraph\"><strong>Tv\u00e5 kulturer p\u00e5 en \u00f6:<\/strong> Att korsa den gr\u00f6na linjen till \u00f6ns norra del f\u00f6rflyttar dig till en helt annan v\u00e4rld full av mosk\u00e9er, turkiskt te och basarer, d\u00e4r man f\u00f6r \u00f6vrigt <strong>vanligtvis betalar med turkiska lira<\/strong>, \u00e4ven om euro accepteras p\u00e5 m\u00e5nga st\u00e4llen. Att kunna utforska b\u00e5de grekisk och turkisk kultur under en och samma semester \u00e4r en enorm bonus, men kom ih\u00e5g att man med hyrbil fr\u00e5n s\u00f6der bara f\u00e5r \u00e5ka norrut med uthyrarens godk\u00e4nnande, och att du m\u00e5ste <strong>k\u00f6pa en tillf\u00e4llig turkisk f\u00f6rs\u00e4kring vid gr\u00e4nsen<\/strong>, eftersom den s\u00f6dra f\u00f6rs\u00e4kringen inte g\u00e4ller d\u00e4r (och med en bil som hyrts i norr f\u00e5r man inte \u00e5ka s\u00f6derut alls).<\/p>\n\n\n\n<h3 id=\"For_vem_passar_Cypern_inte\" class=\"wp-block-heading\"><span class=\"ez-toc-section\" id=\"For_vem_passar_Cypern_inte\"><\/span>F\u00f6r vem passar Cypern inte<span class=\"ez-toc-section-end\"><\/span><\/h3>\n\n\n\n<p class=\"wp-block-paragraph\">\u00c4ven om \u00f6n \u00e4r underbar \u00e4r den definitivt inget universellt paradis f\u00f6r absolut alla och har sina tydliga fallgropar. Om du k\u00e4nner igen dig i n\u00e5gon av f\u00f6ljande punkter b\u00f6r du kanske \u00f6verv\u00e4ga en annan destination f\u00f6r att <strong>undvika on\u00f6dig besvikelse<\/strong>.<\/p>\n\n\n\n<ul class=\"wp-block-list\">\n<li>Den som <strong>inte t\u00e5l stark hetta<\/strong>, f\u00f6r p\u00e5 sommaren kl\u00e4ttrar temperaturerna h\u00e4r ofta \u00f6ver 32 \u00b0C och i Larnaka n\u00e5r de till och med 33,4 \u00b0C.<\/li>\n\n\n\n<li>Den som s\u00f6ker <strong>frodigt gr\u00f6n natur \u00e4ven p\u00e5 sommaren<\/strong>, eftersom \u00f6n under den starka solens tryck \u00e4r mycket f\u00f6rtorkad och gul fr\u00e5n juni till h\u00f6sten.<\/li>\n\n\n\n<li>Den som har <strong>panisk skr\u00e4ck f\u00f6r att k\u00f6ra p\u00e5 v\u00e4nster sida<\/strong> och inte vill f\u00f6rlita sig enbart p\u00e5 fj\u00e4rrbussar, som inte g\u00e5r ut i naturen.<\/li>\n\n\n\n<li>Den som s\u00f6ker <strong>en uteslutande billig semester<\/strong>, f\u00f6r den h\u00e4r destinationen h\u00f6r inom Medelhavet snarare till de dyrare och prisniv\u00e5n p\u00e5 tj\u00e4nster speglar det tydligt.<\/li>\n\n\n\n<li>Den som vill ha <strong>absolut lugn i Ayia Napa<\/strong> under h\u00f6gs\u00e4songen p\u00e5 sommaren, d\u00e5 omr\u00e5det f\u00f6rvandlas till ett enda enormt och h\u00f6gljutt festcentrum.<\/li>\n<\/ul>\n\n\n\n<h2 id=\"Nar_ska_man_resa_till_Cypern_vader_manad_for_manad\" class=\"wp-block-heading\"><span class=\"ez-toc-section\" id=\"Nar_ska_man_resa_till_Cypern_vader_manad_for_manad\"><\/span>N\u00e4r ska man resa till Cypern: v\u00e4der m\u00e5nad f\u00f6r m\u00e5nad<span class=\"ez-toc-section-end\"><\/span><\/h2>\n\n\n\n<p class=\"wp-block-paragraph\">Att planera r\u00e4tt tidpunkt \u00e4r avg\u00f6rande, f\u00f6r v\u00e4dret p\u00e5 Cypern f\u00f6r\u00e4ndras verkligen mycket under \u00e5ret och avg\u00f6r vilka aktiviteter du realistiskt kan \u00e4gna dig \u00e5t. F\u00f6r att ge dig den mest exakta informationen har vi satt ihop data som <strong>inte bygger p\u00e5 n\u00e5gra k\u00e4nslor<\/strong>, utan p\u00e5 h\u00e5rda meteorologiska m\u00e4tningar.<\/p>\n\n\n\n<p class=\"wp-block-paragraph\">Alla lufttemperaturer i f\u00f6ljande \u00f6versikter \u00e4r <strong>tio\u00e5riga snitt fr\u00e5n \u00e5ren 2015 till 2024<\/strong> h\u00e4mtade ur den exakta klimatanalysen ERA5. N\u00e4r det g\u00e4ller havstemperaturen bygger den p\u00e5 en modern havsmodell f\u00f6r \u00e5ren 2019 till 2024, s\u00e5 du har framf\u00f6r dig de mest aktuella och tillf\u00f6rlitliga v\u00e4rden som \u00f6ver huvud taget g\u00e5r att f\u00e5 tag p\u00e5.<\/p>\n\n\n\n<figure class=\"wp-block-table is-style-stripes\" style=\"overflow-x:auto\"><table><thead><tr><th>M\u00e5nad<\/th><th>Dagtid<\/th><th>Nattetid<\/th><th>Hav<\/th><th>Regndagar<\/th><th>Sol\/dag<\/th><\/tr><\/thead><tbody><tr><td><strong>januari<\/strong><\/td><td>16 \u00b0C<\/td><td>10 \u00b0C<\/td><td>19 \u00b0C<\/td><td>8,8<\/td><td>8,6 h<\/td><\/tr><tr><td><strong>februari<\/strong><\/td><td>17 \u00b0C<\/td><td>10 \u00b0C<\/td><td>18 \u00b0C<\/td><td>5,6<\/td><td>9,0 h<\/td><\/tr><tr><td><strong>mars<\/strong><\/td><td>19 \u00b0C<\/td><td>12 \u00b0C<\/td><td>18 \u00b0C<\/td><td>5,1<\/td><td>10,4 h<\/td><\/tr><tr><td><strong>april<\/strong><\/td><td>22 \u00b0C<\/td><td>14 \u00b0C<\/td><td>19 \u00b0C<\/td><td>3,8<\/td><td>11,6 h<\/td><\/tr><tr><td><strong>maj<\/strong><\/td><td>26 \u00b0C<\/td><td>18 \u00b0C<\/td><td>21 \u00b0C<\/td><td>2,8<\/td><td>12,7 h<\/td><\/tr><tr><td><strong>juni<\/strong><\/td><td>29 \u00b0C<\/td><td>22 \u00b0C<\/td><td>26 \u00b0C<\/td><td>1,1<\/td><td>13,7 h<\/td><\/tr><tr><td><strong>juli<\/strong><\/td><td>32 \u00b0C<\/td><td>24 \u00b0C<\/td><td>29 \u00b0C<\/td><td>0,0<\/td><td>13,8 h<\/td><\/tr><tr><td><strong>augusti<\/strong><\/td><td>32 \u00b0C<\/td><td>25 \u00b0C<\/td><td>30 \u00b0C<\/td><td>0,3<\/td><td>12,8 h<\/td><\/tr><tr><td><strong>september<\/strong><\/td><td>31 \u00b0C<\/td><td>23 \u00b0C<\/td><td>29 \u00b0C<\/td><td>1,1<\/td><td>11,6 h<\/td><\/tr><tr><td><strong>oktober<\/strong><\/td><td>27 \u00b0C<\/td><td>20 \u00b0C<\/td><td>27 \u00b0C<\/td><td>3,6<\/td><td>10,6 h<\/td><\/tr><tr><td><strong>november<\/strong><\/td><td>22 \u00b0C<\/td><td>16 \u00b0C<\/td><td>24 \u00b0C<\/td><td>6,7<\/td><td>8,9 h<\/td><\/tr><tr><td><strong>december<\/strong><\/td><td>18 \u00b0C<\/td><td>12 \u00b0C<\/td><td>21 \u00b0C<\/td><td>9,5<\/td><td>8,0 h<\/td><\/tr><\/tbody><\/table><figcaption class=\"wp-element-caption\">Genomsnittliga temperaturer i Ayia Napa m\u00e5nad f\u00f6r m\u00e5nad. Luft och nederb\u00f6rd \u00e4r tio\u00e5riga snitt 2015\u20132024 fr\u00e5n reanalysen ERA5, havstemperaturen fr\u00e5n en havsmodell 2019\u20132024.<\/figcaption><\/figure>\n\n\n\n<p class=\"wp-block-paragraph\">F\u00f6r en b\u00e4ttre bild ska vi titta p\u00e5 konkreta siffror f\u00f6r badorten Ayia Napa, som ligger p\u00e5 den popul\u00e4ra \u00f6stkusten och lockar med de vackraste str\u00e4nderna. <strong>H\u00e4r \u00e4r de exakta genomsnittsv\u00e4rdena<\/strong> f\u00f6r de enskilda m\u00e5naderna:<\/p>\n\n\n\n<ul class=\"wp-block-list\">\n<li><strong>Januari:<\/strong> dag 15,9 \u00b0C, natt 10,3 \u00b0C, hav 18,8 \u00b0C, regndagar 8,8, sol 8,6 h\/dag.<\/li>\n\n\n\n<li><strong>Februari:<\/strong> dag 16,7 \u00b0C, natt 10,3 \u00b0C, hav 18,0 \u00b0C, regndagar 5,6, sol 9,0 h\/dag.<\/li>\n\n\n\n<li><strong>Mars:<\/strong> dag 18,6 \u00b0C, natt 11,6 \u00b0C, hav 18,0 \u00b0C, regndagar 5,1, sol 10,4 h\/dag.<\/li>\n\n\n\n<li><strong>April:<\/strong> dag 22,1 \u00b0C, natt 14,0 \u00b0C, hav 19,3 \u00b0C, regndagar 3,8, sol 11,6 h\/dag.<\/li>\n\n\n\n<li><strong>Maj:<\/strong> dag 25,8 \u00b0C, natt 17,9 \u00b0C, hav 21,4 \u00b0C, regndagar 2,8, sol 12,7 h\/dag.<\/li>\n\n\n\n<li><strong>Juni:<\/strong> dag 29,1 \u00b0C, natt 21,5 \u00b0C, hav 25,5 \u00b0C, regndagar 1,1, sol 13,7 h\/dag.<\/li>\n\n\n\n<li><strong>Juli:<\/strong> dag 32,1 \u00b0C, natt 24,4 \u00b0C, hav 28,6 \u00b0C, regndagar 0,0, sol 13,8 h\/dag.<\/li>\n\n\n\n<li><strong>Augusti:<\/strong> dag 32,2 \u00b0C, natt 24,9 \u00b0C, hav 29,8 \u00b0C, regndagar 0,3, sol 12,8 h\/dag.<\/li>\n\n\n\n<li><strong>September:<\/strong> dag 30,7 \u00b0C, natt 23,0 \u00b0C, hav 28,7 \u00b0C, regndagar 1,1, sol 11,6 h\/dag.<\/li>\n\n\n\n<li><strong>Oktober:<\/strong> dag 27,3 \u00b0C, natt 20,0 \u00b0C, hav 26,8 \u00b0C, regndagar 3,6, sol 10,6 h\/dag.<\/li>\n\n\n\n<li><strong>November:<\/strong> dag 22,2 \u00b0C, natt 16,3 \u00b0C, hav 23,8 \u00b0C, regndagar 6,7, sol 8,9 h\/dag.<\/li>\n\n\n\n<li><strong>December:<\/strong> dag 18,1 \u00b0C, natt 12,4 \u00b0C, hav 20,6 \u00b0C, regndagar 9,5, sol 8,0 h\/dag.<\/li>\n<\/ul>\n\n\n\n<h3 id=\"Paphos_oarns_vastra_del_ar_nagot_mildare\" class=\"wp-block-heading\"><span class=\"ez-toc-section\" id=\"Paphos_ons_vastra_del_ar_nagot_mildare\"><\/span>Paphos: \u00f6ns v\u00e4stra del \u00e4r n\u00e5got mildare<span class=\"ez-toc-section-end\"><\/span><\/h3>\n\n\n\n<p class=\"wp-block-paragraph\">V\u00e4stkusten har ett lite annat mikroklimat, s\u00e5 i Paphosomr\u00e5det \u00e4r det en aning svalare och det regnar ocks\u00e5 n\u00e5got oftare, vilket \u00e5 andra sidan betyder att <strong>landskapet h\u00e5ller sig gr\u00f6nt l\u00e4ngre<\/strong>. Som j\u00e4mf\u00f6relse m\u00e4ter du i januari 15,6 \u00b0C dagtid (natt 9,4 \u00b0C, hav 19,4 \u00b0C, regn 13,6 dagar, sol 8,5 h\/dag) och i februari 16,5 \u00b0C (natt 9,5 \u00b0C, hav 18,1 \u00b0C, regn 8,2 dagar, sol 9,1 h\/dag). V\u00e5rm\u00e5naden mars bjuder p\u00e5 17,9 \u00b0C dagtid (natt 10,9 \u00b0C, hav 17,8 \u00b0C, regn 9,6 dagar, sol 10,6 h\/dag) och april redan mycket behagliga 21,3 \u00b0C (natt 13,3 \u00b0C, hav 18,9 \u00b0C, regn 4,8 dagar, sol 11,6 h\/dag). Majdagarna v\u00e4rms upp till 24,8 \u00b0C (natt 17,0 \u00b0C, hav 20,8 \u00b0C, regn 4,4 dagar, sol 12,8 h\/dag) och junidagarna till 27,8 \u00b0C (natt 20,6 \u00b0C, hav 24,8 \u00b0C, regn 1,4 dagar, sol 13,9 h\/dag). I heta juli kan du r\u00e4kna med 31,0 \u00b0C (natt 23,4 \u00b0C, hav 27,4 \u00b0C, regn 0,4 dagar, sol 13,9 h\/dag) och i augusti med 30,7 \u00b0C (natt 23,8 \u00b0C, hav 28,8 \u00b0C, regn 0,7 dagar, sol 12,7 h\/dag). September lovar fortfarande sommarvarma 29,2 \u00b0C (natt 22,0 \u00b0C, hav 27,7 \u00b0C, regn 1,5 dagar, sol 11,7 h\/dag) och oktober sjunker till 26,3 \u00b0C (natt 18,5 \u00b0C, hav 26,0 \u00b0C, regn 4,0 dagar, sol 10,6 h\/dag). November erbjuder sedan 22,3 \u00b0C (natt 14,7 \u00b0C, hav 23,3 \u00b0C, regn 5,9 dagar, sol 9,2 h\/dag) och \u00e5ret avslutas av december med 17,9 \u00b0C (natt 11,4 \u00b0C, hav 20,8 \u00b0C, regn 10,9 dagar, sol 8,3 h\/dag).<\/p>\n\n\n\n<h3 id=\"Troodosbergen_en_helt_annan_o\" class=\"wp-block-heading\"><span class=\"ez-toc-section\" id=\"Troodosbergen_en_helt_annan_o\"><\/span>Troodosbergen: en helt annan \u00f6<span class=\"ez-toc-section-end\"><\/span><\/h3>\n\n\n\n<p class=\"wp-block-paragraph\">N\u00e4r du beger dig fr\u00e5n den heta kusten in i inlandet hamnar du i en helt annorlunda klimatzon som garanterat \u00f6verraskar dig med sin ov\u00e4ntade svalka. M\u00e4tningar fr\u00e5n en h\u00f6jd p\u00e5 omkring 1 830 meter visar tydligt att medan folk nere vid havet promenerar i t-shirt vid 15 \u00b0C, ligger det <strong>vanligtvis sn\u00f6 uppe i bergen<\/strong>. I januari \u00e4r den genomsnittliga dagsh\u00f6gsta d\u00e4r bara 4,0 \u00b0C och det finns till och med en fungerande skidanl\u00e4ggning, vilket \u00e4r r\u00e4tt kuri\u00f6st f\u00f6r en medelhavs\u00f6.<\/p>\n\n\n\n<figure class=\"wp-block-table is-style-stripes\"><table class=\"has-fixed-layout\"><thead><tr><th>M\u00e5nad<\/th><th>Dagtid<\/th><th>Nattetid<\/th><th>Regndagar<\/th><th>Sol\/dag<\/th><\/tr><\/thead><tbody><tr><td><strong>januari<\/strong><\/td><td>4 \u00b0C<\/td><td>-3 \u00b0C<\/td><td>12,9<\/td><td>7,9 h<\/td><\/tr><tr><td><strong>februari<\/strong><\/td><td>6 \u00b0C<\/td><td>-2 \u00b0C<\/td><td>10,7<\/td><td>8,6 h<\/td><\/tr><tr><td><strong>mars<\/strong><\/td><td>8 \u00b0C<\/td><td>-0 \u00b0C<\/td><td>10,4<\/td><td>10,2 h<\/td><\/tr><tr><td><strong>april<\/strong><\/td><td>13 \u00b0C<\/td><td>4 \u00b0C<\/td><td>6,9<\/td><td>11,5 h<\/td><\/tr><tr><td><strong>maj<\/strong><\/td><td>18 \u00b0C<\/td><td>8 \u00b0C<\/td><td>6,4<\/td><td>12,8 h<\/td><\/tr><tr><td><strong>juni<\/strong><\/td><td>22 \u00b0C<\/td><td>11 \u00b0C<\/td><td>3,8<\/td><td>13,8 h<\/td><\/tr><tr><td><strong>juli<\/strong><\/td><td>26 \u00b0C<\/td><td>15 \u00b0C<\/td><td>0,8<\/td><td>13,9 h<\/td><\/tr><tr><td><strong>augusti<\/strong><\/td><td>26 \u00b0C<\/td><td>15 \u00b0C<\/td><td>1,1<\/td><td>12,9 h<\/td><\/tr><tr><td><strong>september<\/strong><\/td><td>23 \u00b0C<\/td><td>12 \u00b0C<\/td><td>3,3<\/td><td>11,7 h<\/td><\/tr><tr><td><strong>oktober<\/strong><\/td><td>18 \u00b0C<\/td><td>8 \u00b0C<\/td><td>5,4<\/td><td>10,6 h<\/td><\/tr><tr><td><strong>november<\/strong><\/td><td>12 \u00b0C<\/td><td>3 \u00b0C<\/td><td>6,7<\/td><td>9,1 h<\/td><\/tr><tr><td><strong>december<\/strong><\/td><td>7 \u00b0C<\/td><td>-0 \u00b0C<\/td><td>11,1<\/td><td>7,9 h<\/td><\/tr><\/tbody><\/table><figcaption class=\"wp-element-caption\">Troodosbergen p\u00e5 cirka 1 830 m h\u00f6jd. B\u00e5de september- och vinterv\u00e4rdena visar hur mycket svalare det \u00e4r d\u00e4r uppe \u00e4n vid kusten (snitt 2015\u20132024, ERA5).<\/figcaption><\/figure>\n\n\n\n<p class=\"wp-block-paragraph\">H\u00e4r \u00e4r exakta data f\u00f6r bergsomr\u00e5dena, s\u00e5 att du vet <strong>vilka kl\u00e4der du ska packa med dig<\/strong>:<\/p>\n\n\n\n<ul class=\"wp-block-list\">\n<li><strong>Januari:<\/strong> dag 4,0 \u00b0C, natt -2,9 \u00b0C, regndagar 12,9, sol 7,9 h\/dag.<\/li>\n\n\n\n<li><strong>Februari:<\/strong> dag 5,9 \u00b0C, natt -2,1 \u00b0C, regndagar 10,7, sol 8,6 h\/dag.<\/li>\n\n\n\n<li><strong>Mars:<\/strong> dag 8,2 \u00b0C, natt -0,5 \u00b0C, regndagar 10,4, sol 10,2 h\/dag.<\/li>\n\n\n\n<li><strong>April:<\/strong> dag 13,4 \u00b0C, natt 3,6 \u00b0C, regndagar 6,9, sol 11,5 h\/dag.<\/li>\n\n\n\n<li><strong>Maj:<\/strong> dag 18,1 \u00b0C, natt 7,7 \u00b0C, regndagar 6,4, sol 12,8 h\/dag.<\/li>\n\n\n\n<li><strong>Juni:<\/strong> dag 22,1 \u00b0C, natt 11,3 \u00b0C, regndagar 3,8, sol 13,8 h\/dag.<\/li>\n\n\n\n<li><strong>Juli:<\/strong> dag 26,1 \u00b0C, natt 14,8 \u00b0C, regndagar 0,8, sol 13,9 h\/dag.<\/li>\n\n\n\n<li><strong>Augusti:<\/strong> dag 25,7 \u00b0C, natt 14,8 \u00b0C, regndagar 1,1, sol 12,9 h\/dag.<\/li>\n\n\n\n<li><strong>September:<\/strong> dag 22,6 \u00b0C, natt 12,0 \u00b0C, regndagar 3,3, sol 11,7 h\/dag.<\/li>\n\n\n\n<li><strong>Oktober:<\/strong> dag 17,6 \u00b0C, natt 7,9 \u00b0C, regndagar 5,4, sol 10,6 h\/dag.<\/li>\n\n\n\n<li><strong>November:<\/strong> dag 11,6 \u00b0C, natt 3,1 \u00b0C, regndagar 6,7, sol 9,1 h\/dag.<\/li>\n\n\n\n<li><strong>December:<\/strong> dag 6,7 \u00b0C, natt -0,5 \u00b0C, regndagar 11,1, sol 7,9 h\/dag.<\/li>\n<\/ul>\n\n\n\n<h3 id=\"Basta_manaderna_efter_typ_av_semester\" class=\"wp-block-heading\"><span class=\"ez-toc-section\" id=\"Basta_manaderna_efter_typ_av_semester\"><\/span>B\u00e4sta m\u00e5naderna efter typ av semester<span class=\"ez-toc-section-end\"><\/span><\/h3>\n\n\n\n<ul class=\"wp-block-list\">\n<li><strong>F\u00f6r perfekt bad:<\/strong> Idealiskt \u00e4r att \u00e5ka fr\u00e5n juni \u00e4nda till november, d\u00e5 havet h\u00e5ller otroliga 25 till 29 \u00b0C och vattnet \u00e4r h\u00e4rligt uppv\u00e4rmt.<\/li>\n\n\n\n<li><strong>F\u00f6r sightseeing och vandringar:<\/strong> Turism njuter du mest av i april, maj eller oktober, f\u00f6r temperaturerna \u00e4r uth\u00e4rdliga och v\u00e5rnaturen blommar dessutom vackert.<\/li>\n\n\n\n<li><strong>F\u00f6r de billigaste perioderna:<\/strong> Om du vill spara rej\u00e4lt, planera resan till perioden november till mars, d\u00e5 priserna p\u00e5 b\u00e5de flyg och boende sjunker.<\/li>\n\n\n\n<li><strong>N\u00e4r du hellre b\u00f6r undvika:<\/strong> Augusti \u00e4r m\u00e5naden d\u00e5 \u00f6n \u00e4r spr\u00e4ngfylld, d\u00e5 det r\u00e5der br\u00e4nnande hetta och priserna p\u00e5 tj\u00e4nster skjuter i h\u00f6jden.<\/li>\n<\/ul>\n\n\n\n<h2 id=\"Vad_ska_man_se_pa_Cypern_24_tips_fran_antika_mosaiker_till_berg\" class=\"wp-block-heading\"><span class=\"ez-toc-section\" id=\"Vad_ska_man_se_pa_Cypern_24_tips_fran_antika_mosaiker_till_berg\"><\/span>Vad ska man se p\u00e5 Cypern: 24 tips fr\u00e5n antika mosaiker till berg<span class=\"ez-toc-section-end\"><\/span><\/h2>\n\n\n\n<p class=\"wp-block-paragraph\">Republiken Cypern erbjuder en enorm m\u00e5ngfald och \u00f6ns indelning underl\u00e4ttar planeringen av hela resan. Den v\u00e4stra delen kring Paphos lockar med antika minnesm\u00e4rken och vild natur, medan s\u00f6dern med Limassol utg\u00f6r ett livligare kultur- och historiecentrum. P\u00e5 \u00f6stkusten kring badorten Ayia Napa hittar du de vackraste sandstr\u00e4nderna och inlandet d\u00f6ljer de gr\u00f6na Troodosbergen. \u00d6n \u00e4r sedan 1974 delad av en FN-buffertzon i den s\u00f6dra Republiken Cypern, som \u00e4r medlem i EU och euroomr\u00e5det, och Nordcypern, som <strong>bara erk\u00e4nns som stat av Turkiet<\/strong>. Hela \u00f6n g\u00e5r som tur \u00e4r att k\u00f6ra runt p\u00e5 n\u00e5gra dagar, vilket enligt m\u00e5nga resen\u00e4rer \u00e4r det \u00f6verl\u00e4gset b\u00e4sta s\u00e4ttet att resa.<\/p>\n\n\n\n<p class=\"wp-block-paragraph\">\u00c4ven om det g\u00e5r tillf\u00f6rlitlig kollektivtrafik mellan de st\u00f6rre st\u00e4derna tar du dig utan egen bil i praktiken inte till Troodosbergen eller den avl\u00e4gsna Akamashalv\u00f6n. Fr\u00e5n Stockholm g\u00e5r direktflyg till flygplatserna i Larnaka och Paphos, och resan tar behagliga fyra timmar, s\u00e5 om du funderar p\u00e5 <a href=\"https:\/\/loudavymkrokem.cz\/sv\/hitta-billiga-flyg-tips\/\">hur du hittar billiga flygbiljetter<\/a> \u00e4r Cypern en mycket l\u00e4ttillg\u00e4nglig destination. Kom dock ih\u00e5g att <strong>man k\u00f6r p\u00e5 v\u00e4nster sida p\u00e5 Cypern<\/strong>, du beh\u00f6ver brittiska eluttag av typ G med tre stift och man betalar vanligtvis med euro.<\/p>\n\n\n\n<h3 id=\"1_Arkeologiska_parken_i_Paphos_mosaikerna_folk_kommer_for\" class=\"wp-block-heading\"><span class=\"ez-toc-section\" id=\"1_Arkeologiska_parken_i_Paphos_mosaikerna_som_folk_kommer_for\"><\/span>1. Arkeologiska parken i Paphos: mosaikerna som folk kommer f\u00f6r<span class=\"ez-toc-section-end\"><\/span><\/h3>\n\n\n\n<p class=\"wp-block-paragraph\">Arkeologiska parken i Paphos finns p\u00e5 UNESCO:s v\u00e4rldsarvslista och \u00e4r ett absolut m\u00e5ste f\u00f6r historie\u00e4lskare. Det fr\u00e4msta dragpl\u00e5stret \u00e4r <strong>romerska villor med otroligt v\u00e4lbevarade golvmosaiker<\/strong> som skildrar scener ur den grekiska mytologin. Mest k\u00e4nt \u00e4r det s\u00e5 kallade Dionysoshuset, d\u00e4r du kan besk\u00e5da detaljerade konstverk som \u00e4r tusentals \u00e5r gamla, men \u00e4ven den storslagna antika teatern Odeon \u00e4r v\u00e4rd att utforska. Hela omr\u00e5det \u00e4r mycket vidstr\u00e4ckt och bjuder p\u00e5 vackra utsikter \u00f6ver Medelhavets bl\u00e5 yta.<\/p>\n\n\n\n<figure data-wp-context=\"{&quot;imageId&quot;:&quot;6a9944e487a62&quot;}\" data-wp-interactive=\"core\/image\" data-wp-key=\"6a9944e487a62\" class=\"wp-block-image size-full wp-lightbox-container\"><img decoding=\"async\" width=\"1500\" height=\"1023\" data-wp-class--hide=\"state.isContentHidden\" data-wp-class--show=\"state.isContentVisible\" data-wp-init=\"callbacks.setButtonStyles\" data-wp-on--click=\"actions.showLightbox\" data-wp-on--load=\"callbacks.setButtonStyles\" data-wp-on--pointerdown=\"actions.preloadImage\" data-wp-on--pointerenter=\"actions.preloadImageWithDelay\" data-wp-on--pointerleave=\"actions.cancelPreload\" data-wp-on-window--resize=\"callbacks.setButtonStyles\" src=\"https:\/\/loudavymkrokem.cz\/wp-content\/uploads\/2026\/08\/dovolena-kypr-t01.jpg\" alt=\"Antika mosaiker i arkeologiska parken i Paphos\" class=\"wp-image-399841\" title=\"\" srcset=\"https:\/\/loudavymkrokem.cz\/wp-content\/uploads\/2026\/08\/dovolena-kypr-t01.jpg 1500w, https:\/\/loudavymkrokem.cz\/wp-content\/uploads\/2026\/08\/dovolena-kypr-t01-300x205.jpg 300w, https:\/\/loudavymkrokem.cz\/wp-content\/uploads\/2026\/08\/dovolena-kypr-t01-700x477.jpg 700w, https:\/\/loudavymkrokem.cz\/wp-content\/uploads\/2026\/08\/dovolena-kypr-t01-768x524.jpg 768w, https:\/\/loudavymkrokem.cz\/wp-content\/uploads\/2026\/08\/dovolena-kypr-t01-696x475.jpg 696w, https:\/\/loudavymkrokem.cz\/wp-content\/uploads\/2026\/08\/dovolena-kypr-t01-1392x949.jpg 1392w\" sizes=\"(max-width: 1500px) 100vw, 1500px\" \/><button\n\t\t\tclass=\"lightbox-trigger\"\n\t\t\ttype=\"button\"\n\t\t\taria-haspopup=\"dialog\"\n\t\t\tdata-wp-bind--aria-label=\"state.thisImage.triggerButtonAriaLabel\"\n\t\t\tdata-wp-init=\"callbacks.initTriggerButton\"\n\t\t\tdata-wp-on--click=\"actions.showLightbox\"\n\t\t\tdata-wp-style--right=\"state.thisImage.buttonRight\"\n\t\t\tdata-wp-style--top=\"state.thisImage.buttonTop\"\n\t\t>\n\t\t\t<svg xmlns=\"http:\/\/www.w3.org\/2000\/svg\" width=\"12\" height=\"12\" fill=\"none\" viewBox=\"0 0 12 12\">\n\t\t\t\t<path fill=\"#fff\" d=\"M2 0a2 2 0 0 0-2 2v2h1.5V2a.5.5 0 0 1 .5-.5h2V0H2Zm2 10.5H2a.5.5 0 0 1-.5-.5V8H0v2a2 2 0 0 0 2 2h2v-1.5ZM8 12v-1.5h2a.5.5 0 0 0 .5-.5V8H12v2a2 2 0 0 1-2 2H8Zm2-12a2 2 0 0 1 2 2v2h-1.5V2a.5.5 0 0 0-.5-.5H8V0h2Z\" \/>\n\t\t\t<\/svg>\n\t\t<\/button><figcaption class=\"wp-element-caption\">Antika mosaiker i arkeologiska parken i Paphos (Foto: Institute for the Study of the Ancient World from New York,  \/ Wikimedia Commons, CC BY 2.0)<\/figcaption><\/figure>\n\n\n\n<p class=\"wp-block-paragraph\">Enligt resen\u00e4rers recensioner \u00e4r det b\u00e4st att bege sig p\u00e5 rundtur tidigt p\u00e5 morgonen eller tv\u00e4rtom sent p\u00e5 eftermiddagen. Inne p\u00e5 det vidstr\u00e4ckta omr\u00e5det <strong>hittar du n\u00e4mligen n\u00e4stan ingen skugga alls<\/strong> och mitt p\u00e5 dagen f\u00f6rvandlas promenaden mellan de heta stenarna till en ganska kr\u00e4vande fysisk prestation. Ta absolut med dig gott om dricksvatten, bekv\u00e4ma skor och en stark solkr\u00e4m s\u00e5 att du njuter av bes\u00f6ket i st\u00f6rsta m\u00f6jliga komfort.<\/p>\n\n\n\n<h3 id=\"2_Kungagravarna_Tombs_of_the_Kings\" class=\"wp-block-heading\"><span class=\"ez-toc-section\" id=\"2_Kungagravarna_Tombs_of_the_Kings\"><\/span>2. Kungagravarna (Tombs of the Kings)<span class=\"ez-toc-section-end\"><\/span><\/h3>\n\n\n\n<p class=\"wp-block-paragraph\">Kungagravarna \u00e4r ett fascinerande underjordiskt komplex uthugget direkt i den fasta klippan n\u00e4ra Paphos centrum. \u00c4ven om namnet l\u00e5ter mycket f\u00f6rn\u00e4mt begravdes h\u00e4r i sj\u00e4lva verket <strong>aldrig n\u00e5gra kungar<\/strong> \u2013 platsen tj\u00e4nade som sista viloplats f\u00f6r h\u00f6ga \u00e4mbetsm\u00e4n och den lokala aristokratin. Det pampiga namnet fick minnesm\u00e4rket snarare tack vare den storslagna arkitekturen, och h\u00e4r kan du fritt vandra mellan m\u00e4ktiga doriska pelare och ta dig ner i hemlighetsfulla underjordiska atrium.<\/p>\n\n\n\n<figure data-wp-context=\"{&quot;imageId&quot;:&quot;6a9944e487e86&quot;}\" data-wp-interactive=\"core\/image\" data-wp-key=\"6a9944e487e86\" class=\"wp-block-image size-full wp-lightbox-container\"><img decoding=\"async\" width=\"1500\" height=\"894\" data-wp-class--hide=\"state.isContentHidden\" data-wp-class--show=\"state.isContentVisible\" data-wp-init=\"callbacks.setButtonStyles\" data-wp-on--click=\"actions.showLightbox\" data-wp-on--load=\"callbacks.setButtonStyles\" data-wp-on--pointerdown=\"actions.preloadImage\" data-wp-on--pointerenter=\"actions.preloadImageWithDelay\" data-wp-on--pointerleave=\"actions.cancelPreload\" data-wp-on-window--resize=\"callbacks.setButtonStyles\" src=\"https:\/\/loudavymkrokem.cz\/wp-content\/uploads\/2026\/08\/dovolena-kypr-t02.jpg\" alt=\"Kungagravarna i Paphos\" class=\"wp-image-399844\" title=\"\" srcset=\"https:\/\/loudavymkrokem.cz\/wp-content\/uploads\/2026\/08\/dovolena-kypr-t02.jpg 1500w, https:\/\/loudavymkrokem.cz\/wp-content\/uploads\/2026\/08\/dovolena-kypr-t02-300x179.jpg 300w, https:\/\/loudavymkrokem.cz\/wp-content\/uploads\/2026\/08\/dovolena-kypr-t02-700x417.jpg 700w, https:\/\/loudavymkrokem.cz\/wp-content\/uploads\/2026\/08\/dovolena-kypr-t02-768x458.jpg 768w, https:\/\/loudavymkrokem.cz\/wp-content\/uploads\/2026\/08\/dovolena-kypr-t02-696x415.jpg 696w, https:\/\/loudavymkrokem.cz\/wp-content\/uploads\/2026\/08\/dovolena-kypr-t02-1392x830.jpg 1392w\" sizes=\"(max-width: 1500px) 100vw, 1500px\" \/><button\n\t\t\tclass=\"lightbox-trigger\"\n\t\t\ttype=\"button\"\n\t\t\taria-haspopup=\"dialog\"\n\t\t\tdata-wp-bind--aria-label=\"state.thisImage.triggerButtonAriaLabel\"\n\t\t\tdata-wp-init=\"callbacks.initTriggerButton\"\n\t\t\tdata-wp-on--click=\"actions.showLightbox\"\n\t\t\tdata-wp-style--right=\"state.thisImage.buttonRight\"\n\t\t\tdata-wp-style--top=\"state.thisImage.buttonTop\"\n\t\t>\n\t\t\t<svg xmlns=\"http:\/\/www.w3.org\/2000\/svg\" width=\"12\" height=\"12\" fill=\"none\" viewBox=\"0 0 12 12\">\n\t\t\t\t<path fill=\"#fff\" d=\"M2 0a2 2 0 0 0-2 2v2h1.5V2a.5.5 0 0 1 .5-.5h2V0H2Zm2 10.5H2a.5.5 0 0 1-.5-.5V8H0v2a2 2 0 0 0 2 2h2v-1.5ZM8 12v-1.5h2a.5.5 0 0 0 .5-.5V8H12v2a2 2 0 0 1-2 2H8Zm2-12a2 2 0 0 1 2 2v2h-1.5V2a.5.5 0 0 0-.5-.5H8V0h2Z\" \/>\n\t\t\t<\/svg>\n\t\t<\/button><figcaption class=\"wp-element-caption\">Kungagravarna i Paphos (Foto: Nikodem Nijaki \/ Wikimedia Commons, CC BY-SA 3.0)<\/figcaption><\/figure>\n\n\n\n<p class=\"wp-block-paragraph\">Denna arkeologiska plats \u00e4r f\u00f6rv\u00e5nansv\u00e4rt vidstr\u00e4ckt och att utforska de invecklade underjordiska g\u00e5ngarna tar minst en till tv\u00e5 timmar. Lokala guider rekommenderar att <strong>kombinera bes\u00f6ket vid gravarna med den n\u00e4rbel\u00e4gna arkeologiska parken<\/strong>, eftersom de ligger v\u00e4ldigt n\u00e4ra varandra. Den vackraste st\u00e4mningen upplever du i skymningen, n\u00e4r den nedg\u00e5ende solen f\u00e4rgar sandstensklipporna i gyllene toner och skapar underbara skuggor mellan pelarna.<\/p>\n\n\n\n<h3 id=\"3_Petra_tou_Romiou_klippan_dar_Afrodite_enligt_myten_foddes\" class=\"wp-block-heading\"><span class=\"ez-toc-section\" id=\"3_Petra_tou_Romiou_klippan_dar_Afrodite_enligt_myten_foddes\"><\/span>3. Petra tou Romiou: klippan d\u00e4r Afrodite enligt myten f\u00f6ddes<span class=\"ez-toc-section-end\"><\/span><\/h3>\n\n\n\n<p class=\"wp-block-paragraph\">Petra tou Romiou \u00e4r en ikonisk stenig strand med klippformationer, d\u00e4r k\u00e4rlekens och sk\u00f6nhetens gudinna Afrodite enligt en ur\u00e5ldrig myt f\u00f6ddes ur havsskummet. Platsen s\u00e4gs ha en magisk atmosf\u00e4r och legenden s\u00e4ger att den som simmar tre varv runt huvudklippan f\u00e5r evig ungdom och sk\u00f6nhet. Du beh\u00f6ver f\u00f6rst\u00e5s inte tro p\u00e5 legenderna, men <strong>utsikten \u00f6ver de m\u00e4ktiga kalkstensklipporna som reser sig ur det turkosa vattnet<\/strong> h\u00f6r till de mest fotograferade motiven p\u00e5 hela \u00f6n.<\/p>\n\n\n\n<figure data-wp-context=\"{&quot;imageId&quot;:&quot;6a9944e4884e9&quot;}\" data-wp-interactive=\"core\/image\" data-wp-key=\"6a9944e4884e9\" class=\"wp-block-image size-full wp-lightbox-container\"><img decoding=\"async\" width=\"1500\" height=\"999\" data-wp-class--hide=\"state.isContentHidden\" data-wp-class--show=\"state.isContentVisible\" data-wp-init=\"callbacks.setButtonStyles\" data-wp-on--click=\"actions.showLightbox\" data-wp-on--load=\"callbacks.setButtonStyles\" data-wp-on--pointerdown=\"actions.preloadImage\" data-wp-on--pointerenter=\"actions.preloadImageWithDelay\" data-wp-on--pointerleave=\"actions.cancelPreload\" data-wp-on-window--resize=\"callbacks.setButtonStyles\" src=\"https:\/\/loudavymkrokem.cz\/wp-content\/uploads\/2026\/08\/dovolena-kypr-t03.jpg\" alt=\"Klippan Petra tou Romiou, Afrodites f\u00f6delseplats\" class=\"wp-image-399849\" title=\"\" srcset=\"https:\/\/loudavymkrokem.cz\/wp-content\/uploads\/2026\/08\/dovolena-kypr-t03.jpg 1500w, https:\/\/loudavymkrokem.cz\/wp-content\/uploads\/2026\/08\/dovolena-kypr-t03-300x200.jpg 300w, https:\/\/loudavymkrokem.cz\/wp-content\/uploads\/2026\/08\/dovolena-kypr-t03-700x466.jpg 700w, https:\/\/loudavymkrokem.cz\/wp-content\/uploads\/2026\/08\/dovolena-kypr-t03-768x511.jpg 768w, https:\/\/loudavymkrokem.cz\/wp-content\/uploads\/2026\/08\/dovolena-kypr-t03-696x464.jpg 696w, https:\/\/loudavymkrokem.cz\/wp-content\/uploads\/2026\/08\/dovolena-kypr-t03-1392x927.jpg 1392w\" sizes=\"(max-width: 1500px) 100vw, 1500px\" \/><button\n\t\t\tclass=\"lightbox-trigger\"\n\t\t\ttype=\"button\"\n\t\t\taria-haspopup=\"dialog\"\n\t\t\tdata-wp-bind--aria-label=\"state.thisImage.triggerButtonAriaLabel\"\n\t\t\tdata-wp-init=\"callbacks.initTriggerButton\"\n\t\t\tdata-wp-on--click=\"actions.showLightbox\"\n\t\t\tdata-wp-style--right=\"state.thisImage.buttonRight\"\n\t\t\tdata-wp-style--top=\"state.thisImage.buttonTop\"\n\t\t>\n\t\t\t<svg xmlns=\"http:\/\/www.w3.org\/2000\/svg\" width=\"12\" height=\"12\" fill=\"none\" viewBox=\"0 0 12 12\">\n\t\t\t\t<path fill=\"#fff\" d=\"M2 0a2 2 0 0 0-2 2v2h1.5V2a.5.5 0 0 1 .5-.5h2V0H2Zm2 10.5H2a.5.5 0 0 1-.5-.5V8H0v2a2 2 0 0 0 2 2h2v-1.5ZM8 12v-1.5h2a.5.5 0 0 0 .5-.5V8H12v2a2 2 0 0 1-2 2H8Zm2-12a2 2 0 0 1 2 2v2h-1.5V2a.5.5 0 0 0-.5-.5H8V0h2Z\" \/>\n\t\t\t<\/svg>\n\t\t<\/button><figcaption class=\"wp-element-caption\">Klippan Petra tou Romiou, Afrodites f\u00f6delseplats (Foto: This photo was taken by Anton Zelenov.\nPlease credit this wi \/ Wikimedia Commons, CC BY-SA 4.0)<\/figcaption><\/figure>\n\n\n\n<p class=\"wp-block-paragraph\">Att bada h\u00e4r kan ibland vara lite besv\u00e4rligt p\u00e5 grund av starkare str\u00f6mmar och st\u00f6rre v\u00e5gor, s\u00e5 det \u00e4r oftast inte helt idealiskt f\u00f6r lugnt familjebad. Idealiskt \u00e4r att <strong>komma till den h\u00e4r stranden vid solnedg\u00e5ngen<\/strong>, d\u00e5 folkmassorna fr\u00e5n utflyktsbussarna skingras lite och hela scenen f\u00e5r en fantastisk romantisk pr\u00e4gel. Resen\u00e4rer ber\u00f6mmer \u00e4ven den n\u00e4rbel\u00e4gna utsiktspunkten p\u00e5 klippan ovanf\u00f6r stranden, varifr\u00e5n du tar de b\u00e4sta panoramabilderna.<\/p>\n\n\n\n<h3 id=\"4_Akamashalvon_och_Bla_lagunen\" class=\"wp-block-heading\"><span class=\"ez-toc-section\" id=\"4_Akamashalvon_och_Bla_lagunen\"><\/span>4. Akamashalv\u00f6n och Bl\u00e5 lagunen<span class=\"ez-toc-section-end\"><\/span><\/h3>\n\n\n\n<p class=\"wp-block-paragraph\">Akamashalv\u00f6n och Bl\u00e5 lagunen utg\u00f6r det vildaste och mest or\u00f6rda naturskyddsomr\u00e5det p\u00e5 \u00f6ns v\u00e4stra spets. H\u00e4r hittar du t\u00e4ta skogar, tomma vikar och framf\u00f6r allt den popul\u00e4ra Bl\u00e5 lagunen med s\u00e5 <strong>genomskinligt och kristallklart vatten<\/strong> att du snarare k\u00e4nner dig som n\u00e5gonstans i det exotiska Karibien. Naturen h\u00e4r \u00e4r skyddad fr\u00e5n massiv bebyggelse, s\u00e5 v\u00e4nta dig inga stora hotellresorter utan snarare grusv\u00e4gar och total tystnad.<\/p>\n\n\n\n<figure data-wp-context=\"{&quot;imageId&quot;:&quot;6a9944e488a76&quot;}\" data-wp-interactive=\"core\/image\" data-wp-key=\"6a9944e488a76\" class=\"wp-block-image size-full wp-lightbox-container\"><img decoding=\"async\" width=\"1500\" height=\"959\" data-wp-class--hide=\"state.isContentHidden\" data-wp-class--show=\"state.isContentVisible\" data-wp-init=\"callbacks.setButtonStyles\" data-wp-on--click=\"actions.showLightbox\" data-wp-on--load=\"callbacks.setButtonStyles\" data-wp-on--pointerdown=\"actions.preloadImage\" data-wp-on--pointerenter=\"actions.preloadImageWithDelay\" data-wp-on--pointerleave=\"actions.cancelPreload\" data-wp-on-window--resize=\"callbacks.setButtonStyles\" src=\"https:\/\/loudavymkrokem.cz\/wp-content\/uploads\/2026\/08\/dovolena-kypr-t04.jpg\" alt=\"Bl\u00e5 lagunen p\u00e5 Akamashalv\u00f6n\" class=\"wp-image-399854\" title=\"\" srcset=\"https:\/\/loudavymkrokem.cz\/wp-content\/uploads\/2026\/08\/dovolena-kypr-t04.jpg 1500w, https:\/\/loudavymkrokem.cz\/wp-content\/uploads\/2026\/08\/dovolena-kypr-t04-300x192.jpg 300w, https:\/\/loudavymkrokem.cz\/wp-content\/uploads\/2026\/08\/dovolena-kypr-t04-700x448.jpg 700w, https:\/\/loudavymkrokem.cz\/wp-content\/uploads\/2026\/08\/dovolena-kypr-t04-768x491.jpg 768w, https:\/\/loudavymkrokem.cz\/wp-content\/uploads\/2026\/08\/dovolena-kypr-t04-696x445.jpg 696w, https:\/\/loudavymkrokem.cz\/wp-content\/uploads\/2026\/08\/dovolena-kypr-t04-1392x890.jpg 1392w\" sizes=\"(max-width: 1500px) 100vw, 1500px\" \/><button\n\t\t\tclass=\"lightbox-trigger\"\n\t\t\ttype=\"button\"\n\t\t\taria-haspopup=\"dialog\"\n\t\t\tdata-wp-bind--aria-label=\"state.thisImage.triggerButtonAriaLabel\"\n\t\t\tdata-wp-init=\"callbacks.initTriggerButton\"\n\t\t\tdata-wp-on--click=\"actions.showLightbox\"\n\t\t\tdata-wp-style--right=\"state.thisImage.buttonRight\"\n\t\t\tdata-wp-style--top=\"state.thisImage.buttonTop\"\n\t\t>\n\t\t\t<svg xmlns=\"http:\/\/www.w3.org\/2000\/svg\" width=\"12\" height=\"12\" fill=\"none\" viewBox=\"0 0 12 12\">\n\t\t\t\t<path fill=\"#fff\" d=\"M2 0a2 2 0 0 0-2 2v2h1.5V2a.5.5 0 0 1 .5-.5h2V0H2Zm2 10.5H2a.5.5 0 0 1-.5-.5V8H0v2a2 2 0 0 0 2 2h2v-1.5ZM8 12v-1.5h2a.5.5 0 0 0 .5-.5V8H12v2a2 2 0 0 1-2 2H8Zm2-12a2 2 0 0 1 2 2v2h-1.5V2a.5.5 0 0 0-.5-.5H8V0h2Z\" \/>\n\t\t\t<\/svg>\n\t\t<\/button><figcaption class=\"wp-element-caption\">Bl\u00e5 lagunen p\u00e5 Akamashalv\u00f6n (Foto: Michal Klajban \/ Wikimedia Commons, CC BY-SA 4.0)<\/figcaption><\/figure>\n\n\n\n<p class=\"wp-block-paragraph\">Till Bl\u00e5 lagunen tar du dig tyv\u00e4rr inte med en vanlig hyrbil, f\u00f6r de obelagda v\u00e4garna \u00e4r fulla av djupa h\u00e5lor och vassa stenar. En praktisk l\u00f6sning \u00e4r att <strong>hyra en terr\u00e4ngbil eller ta en bekv\u00e4m b\u00e5ttur<\/strong> fr\u00e5n den n\u00e4rbel\u00e4gna hamnen Latchi. B\u00e5tturerna inneh\u00e5ller ofta ett l\u00e4ngre badstopp direkt i lagunen, vilket enligt m\u00e5nga bes\u00f6kare \u00e4r det allra trevligaste s\u00e4ttet att uppt\u00e4cka den h\u00e4r trakten.<\/p>\n\n\n\n<h3 id=\"5_Avakasravinen\" class=\"wp-block-heading\"><span class=\"ez-toc-section\" id=\"5_Avakasravinen\"><\/span>5. Avakasravinen<span class=\"ez-toc-section-end\"><\/span><\/h3>\n\n\n\n<p class=\"wp-block-paragraph\">Avakasravinen \u00e4r ett fantastiskt naturfenomen och en smal kanjon uthuggen i kalkstensklippan som lockar \u00e4lskare av friluftsliv och natur. Ravinens v\u00e4ggar n\u00e5r upp till trettio meters h\u00f6jd och p\u00e5 de smalaste st\u00e4llena kommer de s\u00e5 n\u00e4ra varandra att du kan r\u00f6ra dem med b\u00e5da h\u00e4nderna samtidigt. Sj\u00e4lva <strong>vandringen genom kanjonen tar ungef\u00e4r tv\u00e5 timmar<\/strong> och bjuder p\u00e5 sk\u00f6n svalka \u00e4ven de hetaste sommardagarna, eftersom den skarpa solen bara s\u00e4llan tr\u00e4nger in hit.<\/p>\n\n\n\n<figure data-wp-context=\"{&quot;imageId&quot;:&quot;6a9944e48903c&quot;}\" data-wp-interactive=\"core\/image\" data-wp-key=\"6a9944e48903c\" class=\"wp-block-image size-full wp-lightbox-container\"><img decoding=\"async\" width=\"1500\" height=\"1000\" data-wp-class--hide=\"state.isContentHidden\" data-wp-class--show=\"state.isContentVisible\" data-wp-init=\"callbacks.setButtonStyles\" data-wp-on--click=\"actions.showLightbox\" data-wp-on--load=\"callbacks.setButtonStyles\" data-wp-on--pointerdown=\"actions.preloadImage\" data-wp-on--pointerenter=\"actions.preloadImageWithDelay\" data-wp-on--pointerleave=\"actions.cancelPreload\" data-wp-on-window--resize=\"callbacks.setButtonStyles\" src=\"https:\/\/loudavymkrokem.cz\/wp-content\/uploads\/2026\/08\/dovolena-kypr-t05.jpg\" alt=\"Avakasravinen p\u00e5 v\u00e4stra Cypern\" class=\"wp-image-399859\" title=\"\" srcset=\"https:\/\/loudavymkrokem.cz\/wp-content\/uploads\/2026\/08\/dovolena-kypr-t05.jpg 1500w, https:\/\/loudavymkrokem.cz\/wp-content\/uploads\/2026\/08\/dovolena-kypr-t05-300x200.jpg 300w, https:\/\/loudavymkrokem.cz\/wp-content\/uploads\/2026\/08\/dovolena-kypr-t05-700x467.jpg 700w, https:\/\/loudavymkrokem.cz\/wp-content\/uploads\/2026\/08\/dovolena-kypr-t05-768x512.jpg 768w, https:\/\/loudavymkrokem.cz\/wp-content\/uploads\/2026\/08\/dovolena-kypr-t05-696x464.jpg 696w, https:\/\/loudavymkrokem.cz\/wp-content\/uploads\/2026\/08\/dovolena-kypr-t05-1392x928.jpg 1392w\" sizes=\"(max-width: 1500px) 100vw, 1500px\" \/><button\n\t\t\tclass=\"lightbox-trigger\"\n\t\t\ttype=\"button\"\n\t\t\taria-haspopup=\"dialog\"\n\t\t\tdata-wp-bind--aria-label=\"state.thisImage.triggerButtonAriaLabel\"\n\t\t\tdata-wp-init=\"callbacks.initTriggerButton\"\n\t\t\tdata-wp-on--click=\"actions.showLightbox\"\n\t\t\tdata-wp-style--right=\"state.thisImage.buttonRight\"\n\t\t\tdata-wp-style--top=\"state.thisImage.buttonTop\"\n\t\t>\n\t\t\t<svg xmlns=\"http:\/\/www.w3.org\/2000\/svg\" width=\"12\" height=\"12\" fill=\"none\" viewBox=\"0 0 12 12\">\n\t\t\t\t<path fill=\"#fff\" d=\"M2 0a2 2 0 0 0-2 2v2h1.5V2a.5.5 0 0 1 .5-.5h2V0H2Zm2 10.5H2a.5.5 0 0 1-.5-.5V8H0v2a2 2 0 0 0 2 2h2v-1.5ZM8 12v-1.5h2a.5.5 0 0 0 .5-.5V8H12v2a2 2 0 0 1-2 2H8Zm2-12a2 2 0 0 1 2 2v2h-1.5V2a.5.5 0 0 0-.5-.5H8V0h2Z\" \/>\n\t\t\t<\/svg>\n\t\t<\/button><figcaption class=\"wp-element-caption\">Avakasravinen p\u00e5 v\u00e4stra Cypern (Foto: Krzysztof Ziarnek, Kenraiz \/ Wikimedia Commons, CC BY-SA 4.0)<\/figcaption><\/figure>\n\n\n\n<p class=\"wp-block-paragraph\">Kontrollera alltid den aktuella v\u00e4derprognosen mycket noga f\u00f6re turen, eftersom ravinen efter kraftigare regn brukar vara avst\u00e4ngd p\u00e5 grund av risken f\u00f6r fallande stenar och pl\u00f6tsliga \u00f6versv\u00e4mningar. Leden g\u00e5r till stor del i b\u00e4ckens f\u00e5ra p\u00e5 bl\u00f6ta och hala stenar, s\u00e5 en v\u00e4l anpassad <a href=\"https:\/\/loudavymkrokem.cz\/jak-vybrat-cestovni-pojisteni-na-dovolenou\/\">resef\u00f6rs\u00e4kring<\/a> kommer v\u00e4l till pass, eftersom det finns risk f\u00f6r att halka n\u00e4stan hela tiden.<\/p>\n\n\n\n<h3 id=\"6_Lara_Bay_och_havssk\u00f6ldpaddor\" class=\"wp-block-heading\"><span class=\"ez-toc-section\" id=\"6_Lara_Bay_och_havsskoldpaddor\"><\/span>6. Lara Bay och havssk\u00f6ldpaddor<span class=\"ez-toc-section-end\"><\/span><\/h3>\n\n\n\n<p class=\"wp-block-paragraph\">Lara Bay \u00e4r en vacker och str\u00e4ngt skyddad strand som blivit k\u00e4nd som en trygg tillflykt f\u00f6r hotade havssk\u00f6ldpaddor. Fr\u00e5n juni till oktober kommer <strong>enorma o\u00e4kta karettsk\u00f6ldpaddor och soppsk\u00f6ldpaddor<\/strong> hit f\u00f6r att l\u00e4gga \u00e4gg, vilket g\u00f6r platsen till en s\u00e4rskilt viktig ekologisk lokal i hela Medelhavet. Volont\u00e4rer markerar noggrant bona i sanden med speciella metallburar f\u00f6r att skydda dem fr\u00e5n rovdjur och oaktsamma turister.<\/p>\n\n\n\n<figure data-wp-context=\"{&quot;imageId&quot;:&quot;6a9944e4898ee&quot;}\" data-wp-interactive=\"core\/image\" data-wp-key=\"6a9944e4898ee\" class=\"wp-block-image size-full wp-lightbox-container\"><img decoding=\"async\" width=\"1500\" height=\"1000\" data-wp-class--hide=\"state.isContentHidden\" data-wp-class--show=\"state.isContentVisible\" data-wp-init=\"callbacks.setButtonStyles\" data-wp-on--click=\"actions.showLightbox\" data-wp-on--load=\"callbacks.setButtonStyles\" data-wp-on--pointerdown=\"actions.preloadImage\" data-wp-on--pointerenter=\"actions.preloadImageWithDelay\" data-wp-on--pointerleave=\"actions.cancelPreload\" data-wp-on-window--resize=\"callbacks.setButtonStyles\" src=\"https:\/\/loudavymkrokem.cz\/wp-content\/uploads\/2026\/08\/dovolena-kypr-t06.jpg\" alt=\"Skyddade stranden Lara Bay\" class=\"wp-image-399863\" title=\"\" srcset=\"https:\/\/loudavymkrokem.cz\/wp-content\/uploads\/2026\/08\/dovolena-kypr-t06.jpg 1500w, https:\/\/loudavymkrokem.cz\/wp-content\/uploads\/2026\/08\/dovolena-kypr-t06-300x200.jpg 300w, https:\/\/loudavymkrokem.cz\/wp-content\/uploads\/2026\/08\/dovolena-kypr-t06-700x467.jpg 700w, https:\/\/loudavymkrokem.cz\/wp-content\/uploads\/2026\/08\/dovolena-kypr-t06-768x512.jpg 768w, https:\/\/loudavymkrokem.cz\/wp-content\/uploads\/2026\/08\/dovolena-kypr-t06-696x464.jpg 696w, https:\/\/loudavymkrokem.cz\/wp-content\/uploads\/2026\/08\/dovolena-kypr-t06-1392x928.jpg 1392w\" sizes=\"(max-width: 1500px) 100vw, 1500px\" \/><button\n\t\t\tclass=\"lightbox-trigger\"\n\t\t\ttype=\"button\"\n\t\t\taria-haspopup=\"dialog\"\n\t\t\tdata-wp-bind--aria-label=\"state.thisImage.triggerButtonAriaLabel\"\n\t\t\tdata-wp-init=\"callbacks.initTriggerButton\"\n\t\t\tdata-wp-on--click=\"actions.showLightbox\"\n\t\t\tdata-wp-style--right=\"state.thisImage.buttonRight\"\n\t\t\tdata-wp-style--top=\"state.thisImage.buttonTop\"\n\t\t>\n\t\t\t<svg xmlns=\"http:\/\/www.w3.org\/2000\/svg\" width=\"12\" height=\"12\" fill=\"none\" viewBox=\"0 0 12 12\">\n\t\t\t\t<path fill=\"#fff\" d=\"M2 0a2 2 0 0 0-2 2v2h1.5V2a.5.5 0 0 1 .5-.5h2V0H2Zm2 10.5H2a.5.5 0 0 1-.5-.5V8H0v2a2 2 0 0 0 2 2h2v-1.5ZM8 12v-1.5h2a.5.5 0 0 0 .5-.5V8H12v2a2 2 0 0 1-2 2H8Zm2-12a2 2 0 0 1 2 2v2h-1.5V2a.5.5 0 0 0-.5-.5H8V0h2Z\" \/>\n\t\t\t<\/svg>\n\t\t<\/button><figcaption class=\"wp-element-caption\">Skyddade stranden Lara Bay (Foto: Dm Bsg \/ Wikimedia Commons, CC BY 3.0)<\/figcaption><\/figure>\n\n\n\n<p class=\"wp-block-paragraph\">Reglerna f\u00f6r bes\u00f6k \u00e4r p\u00e5 den h\u00e4r platsen ganska str\u00e4nga och det \u00e4r absolut n\u00f6dv\u00e4ndigt att respektera dem utan undantag. P\u00e5 stranden f\u00e5r man <strong>inte g\u00e5 in nattetid och det r\u00e5der strikt f\u00f6rbud mot att lysa<\/strong>, eftersom artificiellt ljus f\u00f6rvirrar de nykl\u00e4ckta sm\u00e5 sk\u00f6ldpaddorna, som d\u00e5 inte hittar v\u00e4gen ut i havet. Gl\u00f6m ocks\u00e5 att sticka ner parasoller i sanden, eftersom du oavsiktligt skulle kunna f\u00f6rst\u00f6ra sk\u00f6ldpadds\u00e4gg som ligger g\u00f6mda djupt under ytan.<\/p>\n\n\n\n<h3 id=\"7_Havsgrottorna_vid_Peyia_och_Coral_Bay\" class=\"wp-block-heading\"><span class=\"ez-toc-section\" id=\"7_Havsgrottorna_vid_Peyia_och_Coral_Bay\"><\/span>7. Havsgrottorna vid Peyia och Coral Bay<span class=\"ez-toc-section-end\"><\/span><\/h3>\n\n\n\n<p class=\"wp-block-paragraph\">Havsgrottorna vid Peyia och grannbadorten Coral Bay utg\u00f6r en fantastisk kontrast mellan vild klippkust och bekv\u00e4mt bad. Omr\u00e5det med s\u00e5 kallade sea caves \u00e4r fullt av bisarra klippformationer, b\u00e5gar och grottor, i vilka havsv\u00e5gorna of\u00f6rtr\u00f6ttligt sl\u00e5r och skapar ett dramatiskt sk\u00e5despel. Alldeles intill ligger sedan Coral Bay, som \u00e4r <strong>en av de f\u00e5 verkligt vackra sandstr\u00e4nderna<\/strong> p\u00e5 den annars mestadels steniga v\u00e4stkusten.<\/p>\n\n\n\n<figure data-wp-context=\"{&quot;imageId&quot;:&quot;6a9944e489e8d&quot;}\" data-wp-interactive=\"core\/image\" data-wp-key=\"6a9944e489e8d\" class=\"wp-block-image size-full wp-lightbox-container\"><img decoding=\"async\" width=\"1500\" height=\"1125\" data-wp-class--hide=\"state.isContentHidden\" data-wp-class--show=\"state.isContentVisible\" data-wp-init=\"callbacks.setButtonStyles\" data-wp-on--click=\"actions.showLightbox\" data-wp-on--load=\"callbacks.setButtonStyles\" data-wp-on--pointerdown=\"actions.preloadImage\" data-wp-on--pointerenter=\"actions.preloadImageWithDelay\" data-wp-on--pointerleave=\"actions.cancelPreload\" data-wp-on-window--resize=\"callbacks.setButtonStyles\" src=\"https:\/\/loudavymkrokem.cz\/wp-content\/uploads\/2026\/08\/dovolena-kypr-t07.jpg\" alt=\"Stranden Coral Bay vid Paphos\" class=\"wp-image-399867\" title=\"\" srcset=\"https:\/\/loudavymkrokem.cz\/wp-content\/uploads\/2026\/08\/dovolena-kypr-t07.jpg 1500w, https:\/\/loudavymkrokem.cz\/wp-content\/uploads\/2026\/08\/dovolena-kypr-t07-300x225.jpg 300w, https:\/\/loudavymkrokem.cz\/wp-content\/uploads\/2026\/08\/dovolena-kypr-t07-700x525.jpg 700w, https:\/\/loudavymkrokem.cz\/wp-content\/uploads\/2026\/08\/dovolena-kypr-t07-768x576.jpg 768w, https:\/\/loudavymkrokem.cz\/wp-content\/uploads\/2026\/08\/dovolena-kypr-t07-80x60.jpg 80w, https:\/\/loudavymkrokem.cz\/wp-content\/uploads\/2026\/08\/dovolena-kypr-t07-160x120.jpg 160w, https:\/\/loudavymkrokem.cz\/wp-content\/uploads\/2026\/08\/dovolena-kypr-t07-696x522.jpg 696w, https:\/\/loudavymkrokem.cz\/wp-content\/uploads\/2026\/08\/dovolena-kypr-t07-1392x1044.jpg 1392w\" sizes=\"(max-width: 1500px) 100vw, 1500px\" \/><button\n\t\t\tclass=\"lightbox-trigger\"\n\t\t\ttype=\"button\"\n\t\t\taria-haspopup=\"dialog\"\n\t\t\tdata-wp-bind--aria-label=\"state.thisImage.triggerButtonAriaLabel\"\n\t\t\tdata-wp-init=\"callbacks.initTriggerButton\"\n\t\t\tdata-wp-on--click=\"actions.showLightbox\"\n\t\t\tdata-wp-style--right=\"state.thisImage.buttonRight\"\n\t\t\tdata-wp-style--top=\"state.thisImage.buttonTop\"\n\t\t>\n\t\t\t<svg xmlns=\"http:\/\/www.w3.org\/2000\/svg\" width=\"12\" height=\"12\" fill=\"none\" viewBox=\"0 0 12 12\">\n\t\t\t\t<path fill=\"#fff\" d=\"M2 0a2 2 0 0 0-2 2v2h1.5V2a.5.5 0 0 1 .5-.5h2V0H2Zm2 10.5H2a.5.5 0 0 1-.5-.5V8H0v2a2 2 0 0 0 2 2h2v-1.5ZM8 12v-1.5h2a.5.5 0 0 0 .5-.5V8H12v2a2 2 0 0 1-2 2H8Zm2-12a2 2 0 0 1 2 2v2h-1.5V2a.5.5 0 0 0-.5-.5H8V0h2Z\" \/>\n\t\t\t<\/svg>\n\t\t<\/button><figcaption class=\"wp-element-caption\">Stranden Coral Bay vid Paphos (Foto: TomasNY (talk) \/ Wikimedia Commons, CC BY-SA 3.0)<\/figcaption><\/figure>\n\n\n\n<p class=\"wp-block-paragraph\">Medan havsgrottorna framf\u00f6r allt beundras av fotografer uppe p\u00e5 klipporna erbjuder Coral Bay perfekt service med solstolar, ren sand och en mycket flack ing\u00e5ng till havet. Lokalborna rekommenderar att smart kombinera de tv\u00e5 platserna, s\u00e5 att du kan <strong>f\u00f6rst bada bekv\u00e4mt p\u00e5 sandstranden<\/strong> och sedan k\u00f6ra n\u00e5gra kilometer till grottorna, d\u00e4r en fantastisk solnedg\u00e5ng v\u00e4ntar.<\/p>\n\n\n\n<h3 id=\"8_Limassol_strandpromenad_slott_och_soderns_livligaste_stad\" class=\"wp-block-heading\"><span class=\"ez-toc-section\" id=\"8_Limassol_strandpromenad_slott_och_soderns_livligaste_stad\"><\/span>8. Limassol: strandpromenad, slott och s\u00f6derns livligaste stad<span class=\"ez-toc-section-end\"><\/span><\/h3>\n\n\n\n<p class=\"wp-block-paragraph\">Limassol \u00e4r utan tvekan den livligaste och mest kosmopolitiska staden i hela den grekiska s\u00f6dern, som perfekt blandar historia med modernt liv. Dess hj\u00e4rta \u00e4r den popul\u00e4ra l\u00e5nga strandpromenaden Molos, som kantar kusten och bjuder p\u00e5 mycket gr\u00f6nska, b\u00e4nkar, moderna skulpturer och mysiga sm\u00e5 kaf\u00e9er med havsutsikt. Stadens historiska centrum \u00e4r sedan det gamla medeltida slottet, d\u00e4r <strong>den ber\u00f6mde kung Rikard Lejonhj\u00e4rta enligt tidens k\u00e4llor l\u00e4r ha gift sig<\/strong> med sin f\u00e4stm\u00f6 Berengaria av Navarra.<\/p>\n\n\n\n<figure data-wp-context=\"{&quot;imageId&quot;:&quot;6a9944e48a582&quot;}\" data-wp-interactive=\"core\/image\" data-wp-key=\"6a9944e48a582\" class=\"wp-block-image size-full wp-lightbox-container\"><img decoding=\"async\" width=\"1500\" height=\"1125\" data-wp-class--hide=\"state.isContentHidden\" data-wp-class--show=\"state.isContentVisible\" data-wp-init=\"callbacks.setButtonStyles\" data-wp-on--click=\"actions.showLightbox\" data-wp-on--load=\"callbacks.setButtonStyles\" data-wp-on--pointerdown=\"actions.preloadImage\" data-wp-on--pointerenter=\"actions.preloadImageWithDelay\" data-wp-on--pointerleave=\"actions.cancelPreload\" data-wp-on-window--resize=\"callbacks.setButtonStyles\" src=\"https:\/\/loudavymkrokem.cz\/wp-content\/uploads\/2026\/08\/dovolena-kypr-t08.jpg\" alt=\"Strandpromenaden Molos i Limassol\" class=\"wp-image-399872\" title=\"\" srcset=\"https:\/\/loudavymkrokem.cz\/wp-content\/uploads\/2026\/08\/dovolena-kypr-t08.jpg 1500w, https:\/\/loudavymkrokem.cz\/wp-content\/uploads\/2026\/08\/dovolena-kypr-t08-300x225.jpg 300w, https:\/\/loudavymkrokem.cz\/wp-content\/uploads\/2026\/08\/dovolena-kypr-t08-700x525.jpg 700w, https:\/\/loudavymkrokem.cz\/wp-content\/uploads\/2026\/08\/dovolena-kypr-t08-768x576.jpg 768w, https:\/\/loudavymkrokem.cz\/wp-content\/uploads\/2026\/08\/dovolena-kypr-t08-80x60.jpg 80w, https:\/\/loudavymkrokem.cz\/wp-content\/uploads\/2026\/08\/dovolena-kypr-t08-160x120.jpg 160w, https:\/\/loudavymkrokem.cz\/wp-content\/uploads\/2026\/08\/dovolena-kypr-t08-696x522.jpg 696w, https:\/\/loudavymkrokem.cz\/wp-content\/uploads\/2026\/08\/dovolena-kypr-t08-1392x1044.jpg 1392w\" sizes=\"(max-width: 1500px) 100vw, 1500px\" \/><button\n\t\t\tclass=\"lightbox-trigger\"\n\t\t\ttype=\"button\"\n\t\t\taria-haspopup=\"dialog\"\n\t\t\tdata-wp-bind--aria-label=\"state.thisImage.triggerButtonAriaLabel\"\n\t\t\tdata-wp-init=\"callbacks.initTriggerButton\"\n\t\t\tdata-wp-on--click=\"actions.showLightbox\"\n\t\t\tdata-wp-style--right=\"state.thisImage.buttonRight\"\n\t\t\tdata-wp-style--top=\"state.thisImage.buttonTop\"\n\t\t>\n\t\t\t<svg xmlns=\"http:\/\/www.w3.org\/2000\/svg\" width=\"12\" height=\"12\" fill=\"none\" viewBox=\"0 0 12 12\">\n\t\t\t\t<path fill=\"#fff\" d=\"M2 0a2 2 0 0 0-2 2v2h1.5V2a.5.5 0 0 1 .5-.5h2V0H2Zm2 10.5H2a.5.5 0 0 1-.5-.5V8H0v2a2 2 0 0 0 2 2h2v-1.5ZM8 12v-1.5h2a.5.5 0 0 0 .5-.5V8H12v2a2 2 0 0 1-2 2H8Zm2-12a2 2 0 0 1 2 2v2h-1.5V2a.5.5 0 0 0-.5-.5H8V0h2Z\" \/>\n\t\t\t<\/svg>\n\t\t<\/button><figcaption class=\"wp-element-caption\">Strandpromenaden Molos i Limassol (Foto: A.Savin \/ Wikimedia Commons, FAL)<\/figcaption><\/figure>\n\n\n\n<p class=\"wp-block-paragraph\">Runt slottet breder ett n\u00e4t av smala gr\u00e4nder ut sig, fulla av traditionella restauranger, sm\u00e5 hantverksbutiker och barer som vaknar till liv framf\u00f6r allt efter m\u00f6rkrets inbrott. Limassol fungerar som en utm\u00e4rkt utg\u00e5ngspunkt f\u00f6r att utforska \u00f6n, eftersom staden ligger strategiskt precis mitt p\u00e5 sydkusten. Om du s\u00f6ker en <strong>kombination av livligt stadsliv, god mat och historia<\/strong> kommer den h\u00e4r staden garanterat inte att svika dig.<\/p>\n\n\n\n<h3 id=\"9_Kourion_antik_teater_over_havet\" class=\"wp-block-heading\"><span class=\"ez-toc-section\" id=\"9_Kourion_antik_teater_over_havet\"><\/span>9. Kourion: antik teater \u00f6ver havet<span class=\"ez-toc-section-end\"><\/span><\/h3>\n\n\n\n<p class=\"wp-block-paragraph\">Kourion \u00e4r en vidstr\u00e4ckt grekisk-romersk antik stad som reser sig fullst\u00e4ndigt dramatiskt p\u00e5 en h\u00f6g klippa direkt ovanf\u00f6r det uppr\u00f6riga havet. Den mest ber\u00f6mda byggnaden i hela komplexet \u00e4r den vackert restaurerade antika teatern, som tack vare sin perfekta akustik \u00e4n idag anv\u00e4nds f\u00f6r sommarkonserter under bar himmel. Under rundturen kan du vandra bland resterna av offentliga bad och <strong>studera de v\u00e4lbevarade golvmosaikerna i f\u00f6rm\u00f6gna medborgares hus<\/strong>, som h\u00f6r till de b\u00e4sta p\u00e5 \u00f6n.<\/p>\n\n\n\n<figure data-wp-context=\"{&quot;imageId&quot;:&quot;6a9944e48aa7f&quot;}\" data-wp-interactive=\"core\/image\" data-wp-key=\"6a9944e48aa7f\" class=\"wp-block-image size-full wp-lightbox-container\"><img decoding=\"async\" width=\"1500\" height=\"937\" data-wp-class--hide=\"state.isContentHidden\" data-wp-class--show=\"state.isContentVisible\" data-wp-init=\"callbacks.setButtonStyles\" data-wp-on--click=\"actions.showLightbox\" data-wp-on--load=\"callbacks.setButtonStyles\" data-wp-on--pointerdown=\"actions.preloadImage\" data-wp-on--pointerenter=\"actions.preloadImageWithDelay\" data-wp-on--pointerleave=\"actions.cancelPreload\" data-wp-on-window--resize=\"callbacks.setButtonStyles\" src=\"https:\/\/loudavymkrokem.cz\/wp-content\/uploads\/2026\/08\/dovolena-kypr-t09.jpg\" alt=\"Antik teater i Kourion\" class=\"wp-image-399874\" title=\"\" srcset=\"https:\/\/loudavymkrokem.cz\/wp-content\/uploads\/2026\/08\/dovolena-kypr-t09.jpg 1500w, https:\/\/loudavymkrokem.cz\/wp-content\/uploads\/2026\/08\/dovolena-kypr-t09-300x187.jpg 300w, https:\/\/loudavymkrokem.cz\/wp-content\/uploads\/2026\/08\/dovolena-kypr-t09-700x437.jpg 700w, https:\/\/loudavymkrokem.cz\/wp-content\/uploads\/2026\/08\/dovolena-kypr-t09-768x480.jpg 768w, https:\/\/loudavymkrokem.cz\/wp-content\/uploads\/2026\/08\/dovolena-kypr-t09-696x435.jpg 696w, https:\/\/loudavymkrokem.cz\/wp-content\/uploads\/2026\/08\/dovolena-kypr-t09-1392x870.jpg 1392w\" sizes=\"(max-width: 1500px) 100vw, 1500px\" \/><button\n\t\t\tclass=\"lightbox-trigger\"\n\t\t\ttype=\"button\"\n\t\t\taria-haspopup=\"dialog\"\n\t\t\tdata-wp-bind--aria-label=\"state.thisImage.triggerButtonAriaLabel\"\n\t\t\tdata-wp-init=\"callbacks.initTriggerButton\"\n\t\t\tdata-wp-on--click=\"actions.showLightbox\"\n\t\t\tdata-wp-style--right=\"state.thisImage.buttonRight\"\n\t\t\tdata-wp-style--top=\"state.thisImage.buttonTop\"\n\t\t>\n\t\t\t<svg xmlns=\"http:\/\/www.w3.org\/2000\/svg\" width=\"12\" height=\"12\" fill=\"none\" viewBox=\"0 0 12 12\">\n\t\t\t\t<path fill=\"#fff\" d=\"M2 0a2 2 0 0 0-2 2v2h1.5V2a.5.5 0 0 1 .5-.5h2V0H2Zm2 10.5H2a.5.5 0 0 1-.5-.5V8H0v2a2 2 0 0 0 2 2h2v-1.5ZM8 12v-1.5h2a.5.5 0 0 0 .5-.5V8H12v2a2 2 0 0 1-2 2H8Zm2-12a2 2 0 0 1 2 2v2h-1.5V2a.5.5 0 0 0-.5-.5H8V0h2Z\" \/>\n\t\t\t<\/svg>\n\t\t<\/button><figcaption class=\"wp-element-caption\">Antik teater i Kourion (Foto: A.Savin \/ Wikimedia Commons, FAL)<\/figcaption><\/figure>\n\n\n\n<p class=\"wp-block-paragraph\">Det arkeologiska omr\u00e5det \u00e4r ganska stort och utspritt p\u00e5 en vidstr\u00e4ckt kulle, s\u00e5 r\u00e4kna definitivt med en l\u00e4ngre promenad i direkt sol. \u00c4ven h\u00e4r g\u00e4ller den bepr\u00f6vade regeln om att komma tidigt p\u00e5 morgonen, d\u00e5 du undviker den v\u00e4rsta hettan och de stora folkmassorna fr\u00e5n utflyktsbussarna. Fr\u00e5n klippan kan du sedan <strong>g\u00e5 raka v\u00e4gen ner till den likanamnade stranden Kourion<\/strong>, som \u00e4r mycket popul\u00e4r bland lokalborna och erbjuder utm\u00e4rkta f\u00f6rh\u00e5llanden f\u00f6r en eftermiddagssvalka i havet.<\/p>\n\n\n\n<h3 id=\"10_Kolossiborgen\" class=\"wp-block-heading\"><span class=\"ez-toc-section\" id=\"10_Kolossiborgen\"><\/span>10. Kolossiborgen<span class=\"ez-toc-section-end\"><\/span><\/h3>\n\n\n\n<p class=\"wp-block-paragraph\">Kolossiborgen \u00e4r en massiv korsfararf\u00e4stning fr\u00e5n 1200-talet som vid f\u00f6rsta anblicken verkar som en ointaglig stenkub omgiven av frukttr\u00e4dg\u00e5rdar och ving\u00e5rdar. Byggnaden tj\u00e4nade en g\u00e5ng som ett viktigt kommandocentrum f\u00f6r de m\u00e4ktiga johanniterna och tempelriddarna, som h\u00e4rifr\u00e5n f\u00f6rvaltade sina enorma egendomar p\u00e5 \u00f6n. Platsen \u00e4r ber\u00f6md framf\u00f6r allt tack vare att <strong>historien om det legendariska s\u00f6ta vinet Commandaria<\/strong> b\u00f6rjade skrivas h\u00e4r, som riddarna tillverkade och g\u00e4rna exporterade till de europeiska kungahoven.<\/p>\n\n\n\n<figure data-wp-context=\"{&quot;imageId&quot;:&quot;6a9944e48b422&quot;}\" data-wp-interactive=\"core\/image\" data-wp-key=\"6a9944e48b422\" class=\"wp-block-image size-full wp-lightbox-container\"><img decoding=\"async\" width=\"1500\" height=\"1000\" data-wp-class--hide=\"state.isContentHidden\" data-wp-class--show=\"state.isContentVisible\" data-wp-init=\"callbacks.setButtonStyles\" data-wp-on--click=\"actions.showLightbox\" data-wp-on--load=\"callbacks.setButtonStyles\" data-wp-on--pointerdown=\"actions.preloadImage\" data-wp-on--pointerenter=\"actions.preloadImageWithDelay\" data-wp-on--pointerleave=\"actions.cancelPreload\" data-wp-on-window--resize=\"callbacks.setButtonStyles\" src=\"https:\/\/loudavymkrokem.cz\/wp-content\/uploads\/2026\/08\/dovolena-kypr-t10.jpg\" alt=\"Korsfararf\u00e4stningen Kolossi\" class=\"wp-image-399877\" title=\"\" srcset=\"https:\/\/loudavymkrokem.cz\/wp-content\/uploads\/2026\/08\/dovolena-kypr-t10.jpg 1500w, https:\/\/loudavymkrokem.cz\/wp-content\/uploads\/2026\/08\/dovolena-kypr-t10-300x200.jpg 300w, https:\/\/loudavymkrokem.cz\/wp-content\/uploads\/2026\/08\/dovolena-kypr-t10-700x467.jpg 700w, https:\/\/loudavymkrokem.cz\/wp-content\/uploads\/2026\/08\/dovolena-kypr-t10-768x512.jpg 768w, https:\/\/loudavymkrokem.cz\/wp-content\/uploads\/2026\/08\/dovolena-kypr-t10-696x464.jpg 696w, https:\/\/loudavymkrokem.cz\/wp-content\/uploads\/2026\/08\/dovolena-kypr-t10-1392x928.jpg 1392w\" sizes=\"(max-width: 1500px) 100vw, 1500px\" \/><button\n\t\t\tclass=\"lightbox-trigger\"\n\t\t\ttype=\"button\"\n\t\t\taria-haspopup=\"dialog\"\n\t\t\tdata-wp-bind--aria-label=\"state.thisImage.triggerButtonAriaLabel\"\n\t\t\tdata-wp-init=\"callbacks.initTriggerButton\"\n\t\t\tdata-wp-on--click=\"actions.showLightbox\"\n\t\t\tdata-wp-style--right=\"state.thisImage.buttonRight\"\n\t\t\tdata-wp-style--top=\"state.thisImage.buttonTop\"\n\t\t>\n\t\t\t<svg xmlns=\"http:\/\/www.w3.org\/2000\/svg\" width=\"12\" height=\"12\" fill=\"none\" viewBox=\"0 0 12 12\">\n\t\t\t\t<path fill=\"#fff\" d=\"M2 0a2 2 0 0 0-2 2v2h1.5V2a.5.5 0 0 1 .5-.5h2V0H2Zm2 10.5H2a.5.5 0 0 1-.5-.5V8H0v2a2 2 0 0 0 2 2h2v-1.5ZM8 12v-1.5h2a.5.5 0 0 0 .5-.5V8H12v2a2 2 0 0 1-2 2H8Zm2-12a2 2 0 0 1 2 2v2h-1.5V2a.5.5 0 0 0-.5-.5H8V0h2Z\" \/>\n\t\t\t<\/svg>\n\t\t<\/button><figcaption class=\"wp-element-caption\">Korsfararf\u00e4stningen Kolossi (Foto: Diego Delso \/ Wikimedia Commons, CC BY-SA 4.0)<\/figcaption><\/figure>\n\n\n\n<p class=\"wp-block-paragraph\">Inne i f\u00e4stningen ser du enorma gamla eldst\u00e4der, v\u00e4lbevarade fresker och du kan tryggt kl\u00e4ttra uppf\u00f6r den snirklande stentrappan \u00e4nda upp till sj\u00e4lva taket. H\u00e4rifr\u00e5n bjuds en <strong>vacker utsikt \u00f6ver de omkringliggande citrusplantagerna<\/strong> och ruinerna av det gamla medeltida sockerbruket, som ligger alldeles intill borgen. Ett bes\u00f6k p\u00e5 den h\u00e4r platsen tar inte alltf\u00f6r mycket tid, s\u00e5 det passar idealiskt som ett kort historiskt stopp under en l\u00e4ngre resa l\u00e4ngs kusten.<\/p>\n\n\n\n<h3 id=\"11_Udden_Cape_Greco_och_Kamara_tou_Koraka\" class=\"wp-block-heading\"><span class=\"ez-toc-section\" id=\"11_Udden_Cape_Greco_och_Kamara_tou_Koraka\"><\/span>11. Udden Cape Greco och Kamara tou Koraka<span class=\"ez-toc-section-end\"><\/span><\/h3>\n\n\n\n<p class=\"wp-block-paragraph\">Udden Cape Greco bildar en t\u00e4nkt stenig gr\u00e4ns mellan syd- och \u00f6stkusten och h\u00e4r hittar du n\u00e5gra av de mest dramatiska klipporna p\u00e5 hela \u00f6n. Naturparken d\u00f6ljer massor av sev\u00e4rdheter, av vilka den \u00f6verl\u00e4gset mest k\u00e4nda \u00e4r den enorma stenb\u00e5gen Kamara tou Koraka, som balanserar direkt \u00f6ver en brant avgrund. Vattnet runt hela halv\u00f6n har en otrolig turkos f\u00e4rg och <strong>djupa havsgrottor lockar till utforskning<\/strong>, s\u00e4rskilt om du ger dig ut till dem med en mindre utflyktsb\u00e5t eller under snorkling.<\/p>\n\n\n\n<figure data-wp-context=\"{&quot;imageId&quot;:&quot;6a9944e48b867&quot;}\" data-wp-interactive=\"core\/image\" data-wp-key=\"6a9944e48b867\" class=\"wp-block-image size-full wp-lightbox-container\"><img decoding=\"async\" width=\"1500\" height=\"1125\" data-wp-class--hide=\"state.isContentHidden\" data-wp-class--show=\"state.isContentVisible\" data-wp-init=\"callbacks.setButtonStyles\" data-wp-on--click=\"actions.showLightbox\" data-wp-on--load=\"callbacks.setButtonStyles\" data-wp-on--pointerdown=\"actions.preloadImage\" data-wp-on--pointerenter=\"actions.preloadImageWithDelay\" data-wp-on--pointerleave=\"actions.cancelPreload\" data-wp-on-window--resize=\"callbacks.setButtonStyles\" src=\"https:\/\/loudavymkrokem.cz\/wp-content\/uploads\/2026\/08\/dovolena-kypr-t11.jpg\" alt=\"Stenb\u00e5ge p\u00e5 udden Cape Greco\" class=\"wp-image-399881\" title=\"\" srcset=\"https:\/\/loudavymkrokem.cz\/wp-content\/uploads\/2026\/08\/dovolena-kypr-t11.jpg 1500w, https:\/\/loudavymkrokem.cz\/wp-content\/uploads\/2026\/08\/dovolena-kypr-t11-300x225.jpg 300w, https:\/\/loudavymkrokem.cz\/wp-content\/uploads\/2026\/08\/dovolena-kypr-t11-700x525.jpg 700w, https:\/\/loudavymkrokem.cz\/wp-content\/uploads\/2026\/08\/dovolena-kypr-t11-768x576.jpg 768w, https:\/\/loudavymkrokem.cz\/wp-content\/uploads\/2026\/08\/dovolena-kypr-t11-80x60.jpg 80w, https:\/\/loudavymkrokem.cz\/wp-content\/uploads\/2026\/08\/dovolena-kypr-t11-160x120.jpg 160w, https:\/\/loudavymkrokem.cz\/wp-content\/uploads\/2026\/08\/dovolena-kypr-t11-696x522.jpg 696w, https:\/\/loudavymkrokem.cz\/wp-content\/uploads\/2026\/08\/dovolena-kypr-t11-1392x1044.jpg 1392w\" sizes=\"(max-width: 1500px) 100vw, 1500px\" \/><button\n\t\t\tclass=\"lightbox-trigger\"\n\t\t\ttype=\"button\"\n\t\t\taria-haspopup=\"dialog\"\n\t\t\tdata-wp-bind--aria-label=\"state.thisImage.triggerButtonAriaLabel\"\n\t\t\tdata-wp-init=\"callbacks.initTriggerButton\"\n\t\t\tdata-wp-on--click=\"actions.showLightbox\"\n\t\t\tdata-wp-style--right=\"state.thisImage.buttonRight\"\n\t\t\tdata-wp-style--top=\"state.thisImage.buttonTop\"\n\t\t>\n\t\t\t<svg xmlns=\"http:\/\/www.w3.org\/2000\/svg\" width=\"12\" height=\"12\" fill=\"none\" viewBox=\"0 0 12 12\">\n\t\t\t\t<path fill=\"#fff\" d=\"M2 0a2 2 0 0 0-2 2v2h1.5V2a.5.5 0 0 1 .5-.5h2V0H2Zm2 10.5H2a.5.5 0 0 1-.5-.5V8H0v2a2 2 0 0 0 2 2h2v-1.5ZM8 12v-1.5h2a.5.5 0 0 0 .5-.5V8H12v2a2 2 0 0 1-2 2H8Zm2-12a2 2 0 0 1 2 2v2h-1.5V2a.5.5 0 0 0-.5-.5H8V0h2Z\" \/>\n\t\t\t<\/svg>\n\t\t<\/button><figcaption class=\"wp-element-caption\">Stenb\u00e5ge p\u00e5 udden Cape Greco (Foto: Knowledge2need \/ Wikimedia Commons, CC BY-SA 4.0)<\/figcaption><\/figure>\n\n\n\n<p class=\"wp-block-paragraph\">Den h\u00e4r platsen \u00e4r helt fantastisk f\u00f6r \u00e4lskare av undervattensv\u00e4rlden, f\u00f6r sikten under ytan brukar vara utm\u00e4rkt \u00e5ret runt. P\u00e5 Cape Greco leder massor av v\u00e4lsk\u00f6tta vandringsleder med b\u00e4nkar, som \u00e4r perfekta f\u00f6r kv\u00e4llspromenader ut i naturen. Resen\u00e4rer \u00e4r \u00f6verens om att just klipporna p\u00e5 den h\u00e4r udden bjuder p\u00e5 <strong>n\u00e5gra av de b\u00e4sta utsikterna \u00f6ver en magisk solnedg\u00e5ng<\/strong> p\u00e5 hela \u00f6stra Cypern.<\/p>\n\n\n\n<h3 id=\"12_Larnaka_Saltsjon_och_flamingor\" class=\"wp-block-heading\"><span class=\"ez-toc-section\" id=\"12_Larnaka_Saltsjon_och_flamingor\"><\/span>12. Larnaka: Saltsj\u00f6n och flamingor<span class=\"ez-toc-section-end\"><\/span><\/h3>\n\n\n\n<p class=\"wp-block-paragraph\">Larnaka f\u00f6renar en avslappnad badortsatmosf\u00e4r med rik historia och intressanta naturfenomen i den n\u00e4rmaste omgivningen. Precis utanf\u00f6r staden breder den vidstr\u00e4ckta Saltsj\u00f6n ut sig, d\u00e4r <strong>enorma flockar av underbara rosa flamingor<\/strong> stannar till under vinter- och v\u00e5rm\u00e5naderna, vilket \u00e4r ett otroligt fotogeniskt sk\u00e5despel. Vid stranden av sj\u00f6n kryper den viktiga islamiska helgedomen Hala Sultan Tekke-mosk\u00e9n, och i sj\u00e4lva stadsk\u00e4rnan f\u00e5r du inte missa den underbara stenkyrkan Sankt Lasaros fr\u00e5n 800-talet.<\/p>\n\n\n\n<figure data-wp-context=\"{&quot;imageId&quot;:&quot;6a9944e48bd01&quot;}\" data-wp-interactive=\"core\/image\" data-wp-key=\"6a9944e48bd01\" class=\"wp-block-image size-full wp-lightbox-container\"><img decoding=\"async\" width=\"1500\" height=\"1124\" data-wp-class--hide=\"state.isContentHidden\" data-wp-class--show=\"state.isContentVisible\" data-wp-init=\"callbacks.setButtonStyles\" data-wp-on--click=\"actions.showLightbox\" data-wp-on--load=\"callbacks.setButtonStyles\" data-wp-on--pointerdown=\"actions.preloadImage\" data-wp-on--pointerenter=\"actions.preloadImageWithDelay\" data-wp-on--pointerleave=\"actions.cancelPreload\" data-wp-on-window--resize=\"callbacks.setButtonStyles\" src=\"https:\/\/loudavymkrokem.cz\/wp-content\/uploads\/2026\/08\/dovolena-kypr-t12.jpg\" alt=\"Saltsj\u00f6n vid Larnaka\" class=\"wp-image-399885\" title=\"\" srcset=\"https:\/\/loudavymkrokem.cz\/wp-content\/uploads\/2026\/08\/dovolena-kypr-t12.jpg 1500w, https:\/\/loudavymkrokem.cz\/wp-content\/uploads\/2026\/08\/dovolena-kypr-t12-300x225.jpg 300w, https:\/\/loudavymkrokem.cz\/wp-content\/uploads\/2026\/08\/dovolena-kypr-t12-700x525.jpg 700w, https:\/\/loudavymkrokem.cz\/wp-content\/uploads\/2026\/08\/dovolena-kypr-t12-768x575.jpg 768w, https:\/\/loudavymkrokem.cz\/wp-content\/uploads\/2026\/08\/dovolena-kypr-t12-80x60.jpg 80w, https:\/\/loudavymkrokem.cz\/wp-content\/uploads\/2026\/08\/dovolena-kypr-t12-160x120.jpg 160w, https:\/\/loudavymkrokem.cz\/wp-content\/uploads\/2026\/08\/dovolena-kypr-t12-696x522.jpg 696w, https:\/\/loudavymkrokem.cz\/wp-content\/uploads\/2026\/08\/dovolena-kypr-t12-1392x1043.jpg 1392w\" sizes=\"(max-width: 1500px) 100vw, 1500px\" \/><button\n\t\t\tclass=\"lightbox-trigger\"\n\t\t\ttype=\"button\"\n\t\t\taria-haspopup=\"dialog\"\n\t\t\tdata-wp-bind--aria-label=\"state.thisImage.triggerButtonAriaLabel\"\n\t\t\tdata-wp-init=\"callbacks.initTriggerButton\"\n\t\t\tdata-wp-on--click=\"actions.showLightbox\"\n\t\t\tdata-wp-style--right=\"state.thisImage.buttonRight\"\n\t\t\tdata-wp-style--top=\"state.thisImage.buttonTop\"\n\t\t>\n\t\t\t<svg xmlns=\"http:\/\/www.w3.org\/2000\/svg\" width=\"12\" height=\"12\" fill=\"none\" viewBox=\"0 0 12 12\">\n\t\t\t\t<path fill=\"#fff\" d=\"M2 0a2 2 0 0 0-2 2v2h1.5V2a.5.5 0 0 1 .5-.5h2V0H2Zm2 10.5H2a.5.5 0 0 1-.5-.5V8H0v2a2 2 0 0 0 2 2h2v-1.5ZM8 12v-1.5h2a.5.5 0 0 0 .5-.5V8H12v2a2 2 0 0 1-2 2H8Zm2-12a2 2 0 0 1 2 2v2h-1.5V2a.5.5 0 0 0-.5-.5H8V0h2Z\" \/>\n\t\t\t<\/svg>\n\t\t<\/button><figcaption class=\"wp-element-caption\">Saltsj\u00f6n vid Larnaka (Foto: Gerda Arendt \/ Wikimedia Commons, CC0)<\/figcaption><\/figure>\n\n\n\n<p class=\"wp-block-paragraph\">Om du just nu funderar p\u00e5 <a href=\"https:\/\/loudavymkrokem.cz\/sv\/semester-i-september-resmaal\/\">vart du ska \u00e5ka p\u00e5 semester i september<\/a>, \u00e4r trakten kring Larnaka ett utm\u00e4rkt val med idealiska temperaturer och ett hav som fortfarande \u00e4r h\u00e4rligt uppv\u00e4rmt. De flesta turister k\u00f6r bara snabbt igenom staden efter ankomst till flygplatsen, men <strong>Larnaka f\u00f6rtj\u00e4nar definitivt \u00e5tminstone ett halvdagsstopp<\/strong>. Du kan i lugn och ro promenera l\u00e4ngs palmstranspromenaden Finikoudes, sitta p\u00e5 de lokala kaf\u00e9erna och suga in den r\u00e4tta cypriotiska st\u00e4mningen.<\/p>\n\n\n\n<h3 id=\"13_Nissi_Beach_Cyperns_mest_beromda_strand\" class=\"wp-block-heading\"><span class=\"ez-toc-section\" id=\"13_Nissi_Beach_Cyperns_mest_beromda_strand\"><\/span>13. Nissi Beach: Cyperns mest ber\u00f6mda strand<span class=\"ez-toc-section-end\"><\/span><\/h3>\n\n\n\n<p class=\"wp-block-paragraph\">Nissi Beach \u00e4r f\u00f6rmodligen den allra mest ber\u00f6mda och mest fotograferade stranden p\u00e5 hela Cypern, som helt regelbundet vinner sk\u00f6nhetsrankningarna. Den lockar med bl\u00e4ndande vit fin sand, otroligt grunt vatten och en typisk sandbank som du kan g\u00e5 torrskodd p\u00e5 ut till en liten holme en bit fr\u00e5n stranden. Vattnet \u00e4r h\u00e4r <strong>behagligt uppv\u00e4rmt och f\u00f6r det mesta mycket lugnt<\/strong>, vilket vid f\u00f6rsta anblicken g\u00f6r det till ett perfekt karibiskt paradis f\u00f6r alla bad\u00e4lskare.<\/p>\n\n\n\n<figure data-wp-context=\"{&quot;imageId&quot;:&quot;6a9944e48c28a&quot;}\" data-wp-interactive=\"core\/image\" data-wp-key=\"6a9944e48c28a\" class=\"wp-block-image size-full wp-lightbox-container\"><img decoding=\"async\" width=\"1500\" height=\"1000\" data-wp-class--hide=\"state.isContentHidden\" data-wp-class--show=\"state.isContentVisible\" data-wp-init=\"callbacks.setButtonStyles\" data-wp-on--click=\"actions.showLightbox\" data-wp-on--load=\"callbacks.setButtonStyles\" data-wp-on--pointerdown=\"actions.preloadImage\" data-wp-on--pointerenter=\"actions.preloadImageWithDelay\" data-wp-on--pointerleave=\"actions.cancelPreload\" data-wp-on-window--resize=\"callbacks.setButtonStyles\" src=\"https:\/\/loudavymkrokem.cz\/wp-content\/uploads\/2026\/08\/dovolena-kypr-t13.jpg\" alt=\"Stranden Nissi Beach i Ayia Napa\" class=\"wp-image-399888\" title=\"\" srcset=\"https:\/\/loudavymkrokem.cz\/wp-content\/uploads\/2026\/08\/dovolena-kypr-t13.jpg 1500w, https:\/\/loudavymkrokem.cz\/wp-content\/uploads\/2026\/08\/dovolena-kypr-t13-300x200.jpg 300w, https:\/\/loudavymkrokem.cz\/wp-content\/uploads\/2026\/08\/dovolena-kypr-t13-700x467.jpg 700w, https:\/\/loudavymkrokem.cz\/wp-content\/uploads\/2026\/08\/dovolena-kypr-t13-768x512.jpg 768w, https:\/\/loudavymkrokem.cz\/wp-content\/uploads\/2026\/08\/dovolena-kypr-t13-696x464.jpg 696w, https:\/\/loudavymkrokem.cz\/wp-content\/uploads\/2026\/08\/dovolena-kypr-t13-1392x928.jpg 1392w\" sizes=\"(max-width: 1500px) 100vw, 1500px\" \/><button\n\t\t\tclass=\"lightbox-trigger\"\n\t\t\ttype=\"button\"\n\t\t\taria-haspopup=\"dialog\"\n\t\t\tdata-wp-bind--aria-label=\"state.thisImage.triggerButtonAriaLabel\"\n\t\t\tdata-wp-init=\"callbacks.initTriggerButton\"\n\t\t\tdata-wp-on--click=\"actions.showLightbox\"\n\t\t\tdata-wp-style--right=\"state.thisImage.buttonRight\"\n\t\t\tdata-wp-style--top=\"state.thisImage.buttonTop\"\n\t\t>\n\t\t\t<svg xmlns=\"http:\/\/www.w3.org\/2000\/svg\" width=\"12\" height=\"12\" fill=\"none\" viewBox=\"0 0 12 12\">\n\t\t\t\t<path fill=\"#fff\" d=\"M2 0a2 2 0 0 0-2 2v2h1.5V2a.5.5 0 0 1 .5-.5h2V0H2Zm2 10.5H2a.5.5 0 0 1-.5-.5V8H0v2a2 2 0 0 0 2 2h2v-1.5ZM8 12v-1.5h2a.5.5 0 0 0 .5-.5V8H12v2a2 2 0 0 1-2 2H8Zm2-12a2 2 0 0 1 2 2v2h-1.5V2a.5.5 0 0 0-.5-.5H8V0h2Z\" \/>\n\t\t\t<\/svg>\n\t\t<\/button><figcaption class=\"wp-element-caption\">Stranden Nissi Beach i Ayia Napa (Foto: Dmitry Panov \/ Wikimedia Commons, CC BY 3.0)<\/figcaption><\/figure>\n\n\n\n<p class=\"wp-block-paragraph\">Jag m\u00e5ste dock varna dig \u00e4rligt f\u00f6r att det under sommarens h\u00f6gs\u00e4song \u00e4r en av de mest \u00f6verfulla str\u00e4nderna p\u00e5 hela \u00f6n, s\u00e5 leta verkligen inte efter lugn d\u00e4r. Dagtid spelas h\u00e4r <strong>ofta v\u00e4ldigt h\u00f6gljudd musik fr\u00e5n strandklubbarna<\/strong>, det h\u00e5lls vilda fester och att hitta en ledig solstol efter klockan tio p\u00e5 f\u00f6rmiddagen brukar vara en \u00f6verm\u00e4nsklig uppgift. Om du vill njuta av dess sk\u00f6nhet i relativt lugn, kom hellre riktigt tidigt p\u00e5 morgonen, d\u00e5 stranden precis vaknar till liv.<\/p>\n\n\n\n<h3 id=\"14_Ayia_Napa_fest_men_ocksa_kloster_och_havsgrottor\" class=\"wp-block-heading\"><span class=\"ez-toc-section\" id=\"14_Ayia_Napa_fest_men_ocksa_kloster_och_havsgrottor\"><\/span>14. Ayia Napa: fest, men ocks\u00e5 kloster och havsgrottor<span class=\"ez-toc-section-end\"><\/span><\/h3>\n\n\n\n<p class=\"wp-block-paragraph\">Ayia Napa har f\u00f6rtj\u00e4nat ett internationellt rykte som en vild feststad som aldrig sover och som p\u00e5 sommaren f\u00f6rvandlas till en enda enorm dansparkering f\u00f6r unga fr\u00e5n hela Europa. Epicentrum f\u00f6r allt nattliv \u00e4r den ryktbara gatan Nissi Avenue, d\u00e4r du hittar dussintals temabarer och gigantiska diskotek. \u00c4nd\u00e5 erbjuder staden ocks\u00e5 en mycket lugn sida, f\u00f6r mitt i all denna moderna galenskap <strong>st\u00e5r ett gammalt venetianskt kloster fr\u00e5n 1400-talet<\/strong> som verkar som en ov\u00e4ntad oas av total tystnad.<\/p>\n\n\n\n<figure data-wp-context=\"{&quot;imageId&quot;:&quot;6a9944e48c9c1&quot;}\" data-wp-interactive=\"core\/image\" data-wp-key=\"6a9944e48c9c1\" class=\"wp-block-image size-full wp-lightbox-container\"><img decoding=\"async\" width=\"1500\" height=\"1086\" data-wp-class--hide=\"state.isContentHidden\" data-wp-class--show=\"state.isContentVisible\" data-wp-init=\"callbacks.setButtonStyles\" data-wp-on--click=\"actions.showLightbox\" data-wp-on--load=\"callbacks.setButtonStyles\" data-wp-on--pointerdown=\"actions.preloadImage\" data-wp-on--pointerenter=\"actions.preloadImageWithDelay\" data-wp-on--pointerleave=\"actions.cancelPreload\" data-wp-on-window--resize=\"callbacks.setButtonStyles\" src=\"https:\/\/loudavymkrokem.cz\/wp-content\/uploads\/2026\/08\/dovolena-kypr-t14.jpg\" alt=\"Klostret i Ayia Napa\" class=\"wp-image-399893\" title=\"\" srcset=\"https:\/\/loudavymkrokem.cz\/wp-content\/uploads\/2026\/08\/dovolena-kypr-t14.jpg 1500w, https:\/\/loudavymkrokem.cz\/wp-content\/uploads\/2026\/08\/dovolena-kypr-t14-300x217.jpg 300w, https:\/\/loudavymkrokem.cz\/wp-content\/uploads\/2026\/08\/dovolena-kypr-t14-700x507.jpg 700w, https:\/\/loudavymkrokem.cz\/wp-content\/uploads\/2026\/08\/dovolena-kypr-t14-768x556.jpg 768w, https:\/\/loudavymkrokem.cz\/wp-content\/uploads\/2026\/08\/dovolena-kypr-t14-696x504.jpg 696w, https:\/\/loudavymkrokem.cz\/wp-content\/uploads\/2026\/08\/dovolena-kypr-t14-1392x1008.jpg 1392w\" sizes=\"(max-width: 1500px) 100vw, 1500px\" \/><button\n\t\t\tclass=\"lightbox-trigger\"\n\t\t\ttype=\"button\"\n\t\t\taria-haspopup=\"dialog\"\n\t\t\tdata-wp-bind--aria-label=\"state.thisImage.triggerButtonAriaLabel\"\n\t\t\tdata-wp-init=\"callbacks.initTriggerButton\"\n\t\t\tdata-wp-on--click=\"actions.showLightbox\"\n\t\t\tdata-wp-style--right=\"state.thisImage.buttonRight\"\n\t\t\tdata-wp-style--top=\"state.thisImage.buttonTop\"\n\t\t>\n\t\t\t<svg xmlns=\"http:\/\/www.w3.org\/2000\/svg\" width=\"12\" height=\"12\" fill=\"none\" viewBox=\"0 0 12 12\">\n\t\t\t\t<path fill=\"#fff\" d=\"M2 0a2 2 0 0 0-2 2v2h1.5V2a.5.5 0 0 1 .5-.5h2V0H2Zm2 10.5H2a.5.5 0 0 1-.5-.5V8H0v2a2 2 0 0 0 2 2h2v-1.5ZM8 12v-1.5h2a.5.5 0 0 0 .5-.5V8H12v2a2 2 0 0 1-2 2H8Zm2-12a2 2 0 0 1 2 2v2h-1.5V2a.5.5 0 0 0-.5-.5H8V0h2Z\" \/>\n\t\t\t<\/svg>\n\t\t<\/button><figcaption class=\"wp-element-caption\">Klostret i Ayia Napa (Foto: Zairon \/ Wikimedia Commons, CC BY-SA 4.0)<\/figcaption><\/figure>\n\n\n\n<p class=\"wp-block-paragraph\">F\u00f6rutom nattlivet kan Ayia Napa skryta med en utm\u00e4rkt tillg\u00e5ng till havet och massor av underbara vikar med kristallklart vatten. Fr\u00e5n den livliga hamnen <strong>avg\u00e5r dagligen mindre utflyktsb\u00e5tar till havsgrottorna<\/strong> och l\u00e4ngs kusten g\u00e5r massor av fina vandringsleder. Staden fungerar allts\u00e5 f\u00f6rv\u00e5nansv\u00e4rt bra b\u00e5de f\u00f6r \u00e4lskare av o\u00e4ndliga fester och f\u00f6r resen\u00e4rer som vill utforska fina naturfenomen dagtid.<\/p>\n\n\n\n<!-- LKM_GYG_CARD start q=\"kypr\" lang=\"sv\" --><!-- LKM_GYG_CARD end -->\n\n\n\n\n<div class=\"lk-stays-module\">\n<style>\n\/* \u2500\u2500\u2500 RESET PRO GUTENBERG \u2500\u2500\u2500 *\/\n.lk-stays-module * { box-sizing: border-box; margin: 0; padding: 0; }\n\n\/* \u2500\u2500\u2500 WRAPPER \u2500\u2500\u2500 *\/\n.lk-stays-module {\n  font-family: 'DM Sans', Georgia, sans-serif;\n  max-width: 100%;\n  margin: 2.5rem auto;\n  background: linear-gradient(135deg, #fdfaf5 0%, #fcf8f0 100%);\n  border: 1px solid #e8dfd4;\n  border-radius: 16px;\n  overflow: hidden;\n  box-shadow: 0 16px 48px rgba(195, 159, 118, 0.25), 0 4px 12px rgba(0,0,0,0.08);\n}\n\n\/* \u2500\u2500\u2500 HEADER \u2500\u2500\u2500 *\/\n.lk-stays-header {\n  position: relative;\n  padding: 24px 36px 24px;\n  background: linear-gradient(135deg, #c39f76 0%, #d4b188 60%, #c39f76 100%);\n  border-bottom: 1px solid rgba(255,255,255,.15);\n  display: flex;\n  align-items: center;\n  gap: 18px;\n}\n.lk-stays-header::before {\n  content: '';\n  position: absolute;\n  inset: 0;\n  background: url(\"data:image\/svg+xml,%3Csvg width='60' height='60' viewBox='0 0 60 60' xmlns='http:\/\/www.w3.org\/2000\/svg'%3E%3Cg fill='none' fill-rule='evenodd'%3E%3Cg fill='%23ffffff' fill-opacity='0.05'%3E%3Cpath d='M36 34v-4h-2v4h-4v2h4v4h2v-4h4v-2h-4zm0-30V0h-2v4h-4v2h4v4h2V6h4V4h-4zM6 34v-4H4v4H0v2h4v4h2v-4h4v-2H6zM6 4V0H4v4H0v2h4v4h2V6h4V4H6z'\/%3E%3C\/g%3E%3C\/g%3E%3C\/svg%3E\") repeat;\n  pointer-events: none;\n}\n.lk-stays-icon {\n  flex-shrink: 0;\n  width: 68px;\n  height: 68px;\n  border-radius: 14px;\n  background: linear-gradient(135deg, #fff 0%, #f9f6f0 100%);\n  display: flex;\n  align-items: center;\n  justify-content: center;\n  font-size: 26px;\n  box-shadow: 0 4px 12px rgba(0,0,0,0.15);\n}\n.lk-stays-eyebrow {\n  font-size: 10px;\n  font-weight: 500;\n  letter-spacing: 2.5px;\n  text-transform: uppercase;\n  color: rgba(255,255,255,.85);\n  margin: 0 0 5px 0;\n}\n.lk-stays-title {\n  font-family: 'Playfair Display', Georgia, serif;\n  font-size: 24px;\n  font-weight: 700;\n  color: #fff;\n  line-height: 1.2;\n  text-shadow: 0 1px 2px rgba(0,0,0,0.1);\n  margin: 0;\n}\n.lk-stays-subtitle {\n  font-size: 13px;\n  color: rgba(255,255,255,.75);\n  margin: 4px 0 0 0;\n  font-weight: 300;\n}\n\n\/* \u2500\u2500\u2500 CARDS GRID \u2500\u2500\u2500 *\/\n.lk-stays-grid {\n  display: grid;\n  grid-template-columns: 1fr 1fr;\n  gap: 1px;\n  background: rgba(195, 159, 118, 0.12);\n}\n\n\/* \u2500\u2500\u2500 SINGLE CARD \u2500\u2500\u2500 *\/\n.lk-stay-card {\n  background: #ffffff;\n  padding: 26px;\n  display: flex;\n  flex-direction: column;\n  gap: 11px;\n  transition: all 0.3s ease;\n  text-decoration: none;\n  color: inherit;\n  position: relative;\n}\n.lk-stay-card:hover {\n  background: #fffbf5;\n  transform: translateY(-2px);\n  box-shadow: 0 8px 24px rgba(195, 159, 118, 0.18);\n  z-index: 1;\n}\n.lk-stay-card.featured {\n  background: linear-gradient(135deg, #fffdf9 0%, #fff9f0 100%);\n  box-shadow: 0 4px 16px rgba(195, 159, 118, 0.15), inset 0 1px 0 rgba(195, 159, 118, 0.1);\n}\n.lk-stay-card.featured:hover {\n  background: linear-gradient(135deg, #fffbf5 0%, #fff8ed 100%);\n  box-shadow: 0 8px 24px rgba(195, 159, 118, 0.25), inset 0 1px 0 rgba(195, 159, 118, 0.15);\n}\n\n.lk-stay-badge {\n  display: inline-flex;\n  align-items: center;\n  gap: 5px;\n  font-size: 10px;\n  font-weight: 500;\n  letter-spacing: 1.5px;\n  text-transform: uppercase;\n  padding: 5px 11px;\n  border-radius: 20px;\n  width: fit-content;\n}\n.badge-top     { background: linear-gradient(135deg, #c39f76 0%, #d4b188 100%); color: #fff; border: 1px solid #c39f76; font-weight: 600; box-shadow: 0 2px 8px rgba(195,159,118,0.3); }\n.badge-luxury  { background: rgba(195,159,118,.12); color: #c39f76; border: 1px solid rgba(195,159,118,.25); }\n.badge-boutique{ background: rgba(54,133,252,.08); color: #3685fc; border: 1px solid rgba(54,133,252,.2); }\n.badge-nature  { background: rgba(130,190,100,.1); color: #6b9c4a; border: 1px solid rgba(130,190,100,.2); }\n.badge-remote  { background: rgba(195,159,118,.12); color: #a67e50; border: 1px solid rgba(195,159,118,.25); }\n\n.lk-stay-name {\n  font-family: 'Playfair Display', Georgia, serif;\n  font-size: 18px;\n  font-weight: 700;\n  color: #111827;\n  line-height: 1.3;\n}\n.lk-stay-desc {\n  font-size: 13.5px;\n  color: #525252;\n  line-height: 1.65;\n  font-weight: 300;\n  flex: 1;\n}\n\n.lk-stay-meta {\n  display: flex;\n  align-items: center;\n  gap: 12px;\n  flex-wrap: wrap;\n  margin-top: 4px;\n}\n.lk-stay-price {\n  font-size: 13px;\n  color: #6b7280;\n}\n.lk-stay-price strong {\n  color: #c39f76;\n  font-weight: 500;\n}\n.lk-stay-stars {\n  color: #c39f76;\n  font-size: 11px;\n  letter-spacing: 1px;\n}\n\n\/* \u2500\u2500\u2500 CTA BUTTON \u2500\u2500\u2500 *\/\n.lk-stay-cta {\n  display: inline-flex;\n  align-items: center;\n  justify-content: center;\n  gap: 7px;\n  margin-top: 8px;\n  padding: 11px 20px;\n  border-radius: 8px;\n  background: linear-gradient(135deg, #3685fc 0%, #2a6fd9 100%);\n  color: #fff;\n  font-size: 13px;\n  font-weight: 500;\n  text-decoration: none;\n  letter-spacing: .3px;\n  transition: all .2s ease;\n  cursor: pointer;\n  border: none;\n  text-align: center;\n  box-shadow: 0 4px 12px rgba(54, 133, 252, 0.25);\n}\n.lk-stay-cta:hover {\n  background: linear-gradient(135deg, #2a6fd9 0%, #1e5bc4 100%);\n  transform: translateY(-1px);\n  box-shadow: 0 6px 16px rgba(54, 133, 252, 0.35);\n}\n.lk-stay-cta svg { flex-shrink: 0; }\n\n\/* \u2500\u2500\u2500 FOOTER \u2500\u2500\u2500 *\/\n.lk-stays-footer {\n  padding: 18px 36px;\n  background: linear-gradient(to bottom, #fdfaf5 0%, #f9f4ed 100%);\n  border-top: 1px solid rgba(195, 159, 118, 0.15);\n  display: flex;\n  align-items: center;\n  justify-content: space-between;\n  flex-wrap: wrap;\n  gap: 12px;\n}\n.lk-stays-footer-note {\n  font-size: 11.5px;\n  color: #6b7280;\n  font-weight: 300;\n  line-height: 1.5;\n}\n.lk-stays-footer-note a {\n  color: #c39f76;\n  text-decoration: none;\n  font-weight: 400;\n}\n.lk-stays-footer-note a:hover {\n  text-decoration: underline;\n}\n.lk-stays-all-btn {\n  display: inline-flex;\n  align-items: center;\n  gap: 6px;\n  font-size: 12.5px;\n  font-weight: 500;\n  color: #c39f76;\n  text-decoration: none;\n  border: 1px solid rgba(195, 159, 118, 0.35);\n  padding: 8px 18px;\n  border-radius: 8px;\n  transition: all .2s ease;\n}\n.lk-stays-all-btn:hover {\n  background: rgba(195, 159, 118, 0.08);\n  border-color: rgba(195, 159, 118, 0.5);\n}\n\n\/* \u2500\u2500\u2500 RESPONSIVE \u2500\u2500\u2500 *\/\n@media (max-width: 600px) {\n  .lk-stays-grid { grid-template-columns: 1fr; }\n  .lk-stays-header { padding: 24px 20px; }\n  .lk-stays-footer { padding: 16px 20px; }\n  .lk-stay-card { padding: 22px; }\n  .lk-stays-title { font-size: 20px; }\n}\n<\/style>\n\n  <!-- HEADER -->\n  <div class=\"lk-stays-header\">\n    <img decoding=\"async\" src=\"https:\/\/loudavymkrokem.cz\/wp-content\/uploads\/2026\/02\/lukas-a-lucka.jpg\" alt=\"\" style=\"width: 75px; height: 75px; border-radius: 8px; flex-shrink: 0; object-fit: cover; display: block; margin: 4px 0;\" title=\"\">\n    <div class=\"lk-stays-header-text\">\n      <div class=\"lk-stays-eyebrow\">Luk\u00e1\u0161 och Lucie rekommenderar<\/div>\n      <div class=\"lk-stays-title\">Var man kan bo p\u00e5 Cypern<\/div>\n      <div class=\"lk-stays-subtitle\">6 boenden \u2014 resorts, hotell och andra alternativ<\/div>\n    <\/div>\n  <\/div>\n\n  <!-- CARDS -->\n  <div class=\"lk-stays-grid\">\n\n    <a class=\"lk-stay-card featured\" href=\"https:\/\/www.stay22.com\/allez\/roam?aid=lukaskonecny&#038;campaign=loudavymkrokemcz&#038;campaign=sv&#038;campaign=dovolena-kypr&#038;hotelname=Almyra%20Hotel&#038;address=Paphos%2C%20Kypr\" target=\"_blank\" rel=\"nofollow noopener\">\n      <span class=\"lk-stay-badge badge-top\">\u2b50 TOPPVAL<\/span>\n      <span class=\"lk-stay-badge badge-nature\">\ud83c\udfe8 Hotell<\/span>\n      <div class=\"lk-stay-name\">Almyra Hotel<\/div>\n      <div class=\"lk-stay-desc\">Vackert designhotell vid havet, popul\u00e4rt bland par som s\u00f6ker romantik och f\u00f6rstklassig service.<\/div>\n      <div class=\"lk-stay-meta\">\n        <span class=\"lk-stay-stars\">\u2605\u2605\u2605\u2605<\/span>\n        <span class=\"lk-stay-price\">Kontrollera priser<\/span>\n      <\/div>\n      <span class=\"lk-stay-cta\">\n        <svg width=\"14\" height=\"14\" viewBox=\"0 0 24 24\" fill=\"none\" stroke=\"currentColor\" stroke-width=\"2\"><path d=\"M18 13v6a2 2 0 0 1-2 2H5a2 2 0 0 1-2-2V8a2 2 0 0 1 2-2h6\"\/><polyline points=\"15 3 21 3 21 9\"\/><line x1=\"10\" y1=\"14\" x2=\"21\" y2=\"3\"\/><\/svg>\n        Kontrollera tillg\u00e4nglighet\n      <\/span>\n    <\/a>\n\n    <a class=\"lk-stay-card\" href=\"https:\/\/www.stay22.com\/allez\/roam?aid=lukaskonecny&#038;campaign=loudavymkrokemcz&#038;campaign=sv&#038;campaign=dovolena-kypr&#038;hotelname=Elysium%20Hotel&#038;address=Paphos%2C%20Kypr\" target=\"_blank\" rel=\"nofollow noopener\">\n      <span class=\"lk-stay-badge badge-nature\">\u2b50 Luxury<\/span>\n      <div class=\"lk-stay-name\">Elysium Hotel<\/div>\n      <div class=\"lk-stay-desc\">Lyxig resort byggd bredvid de Kungliga gravarna, d\u00e4r du k\u00e4nner dig som i ett riktigt palats.<\/div>\n      <div class=\"lk-stay-meta\">\n        <span class=\"lk-stay-stars\">\u2605\u2605\u2605\u2605<\/span>\n        <span class=\"lk-stay-price\">Kontrollera priser<\/span>\n      <\/div>\n      <span class=\"lk-stay-cta\">\n        <svg width=\"14\" height=\"14\" viewBox=\"0 0 24 24\" fill=\"none\" stroke=\"currentColor\" stroke-width=\"2\"><path d=\"M18 13v6a2 2 0 0 1-2 2H5a2 2 0 0 1-2-2V8a2 2 0 0 1 2-2h6\"\/><polyline points=\"15 3 21 3 21 9\"\/><line x1=\"10\" y1=\"14\" x2=\"21\" y2=\"3\"\/><\/svg>\n        Kontrollera tillg\u00e4nglighet\n      <\/span>\n    <\/a>\n\n    <a class=\"lk-stay-card\" href=\"https:\/\/www.stay22.com\/allez\/roam?aid=lukaskonecny&#038;campaign=loudavymkrokemcz&#038;campaign=sv&#038;campaign=dovolena-kypr&#038;hotelname=Olympic%20Lagoon%20Resort%20Paphos&#038;address=Paphos%2C%20Kypr\" target=\"_blank\" rel=\"nofollow noopener\">\n      <span class=\"lk-stay-badge badge-nature\">\ud83c\udf32 Resort<\/span>\n      <div class=\"lk-stay-name\">Olympic Lagoon Resort Paphos<\/div>\n      <div class=\"lk-stay-desc\">Enormt komplex med all inclusive-program, perfekt f\u00f6r familjer med barn.<\/div>\n      <div class=\"lk-stay-meta\">\n        <span class=\"lk-stay-stars\">\u2605\u2605\u2605\u2605<\/span>\n        <span class=\"lk-stay-price\">Kontrollera priser<\/span>\n      <\/div>\n      <span class=\"lk-stay-cta\">\n        <svg width=\"14\" height=\"14\" viewBox=\"0 0 24 24\" fill=\"none\" stroke=\"currentColor\" stroke-width=\"2\"><path d=\"M18 13v6a2 2 0 0 1-2 2H5a2 2 0 0 1-2-2V8a2 2 0 0 1 2-2h6\"\/><polyline points=\"15 3 21 3 21 9\"\/><line x1=\"10\" y1=\"14\" x2=\"21\" y2=\"3\"\/><\/svg>\n        Kontrollera tillg\u00e4nglighet\n      <\/span>\n    <\/a>\n\n    <a class=\"lk-stay-card\" href=\"https:\/\/www.stay22.com\/allez\/roam?aid=lukaskonecny&#038;campaign=loudavymkrokemcz&#038;campaign=sv&#038;campaign=dovolena-kypr&#038;hotelname=Nissiblu%20Beach%20Resort&#038;address=Ayia%20Napa%2C%20Kypr\" target=\"_blank\" rel=\"nofollow noopener\">\n      <span class=\"lk-stay-badge badge-nature\">\ud83c\udfd6\ufe0f Beach<\/span>\n      <div class=\"lk-stay-name\">Nissiblu Beach Resort<\/div>\n      <div class=\"lk-stay-desc\">Modernt femstj\u00e4rnigt hotell direkt vid den ber\u00f6mda Nissi Beach, n\u00e5gra steg till vattnet.<\/div>\n      <div class=\"lk-stay-meta\">\n        <span class=\"lk-stay-stars\">\u2605\u2605\u2605\u2605\u2605<\/span>\n        <span class=\"lk-stay-price\">Kontrollera priser<\/span>\n      <\/div>\n      <span class=\"lk-stay-cta\">\n        <svg width=\"14\" height=\"14\" viewBox=\"0 0 24 24\" fill=\"none\" stroke=\"currentColor\" stroke-width=\"2\"><path d=\"M18 13v6a2 2 0 0 1-2 2H5a2 2 0 0 1-2-2V8a2 2 0 0 1 2-2h6\"\/><polyline points=\"15 3 21 3 21 9\"\/><line x1=\"10\" y1=\"14\" x2=\"21\" y2=\"3\"\/><\/svg>\n        Kontrollera tillg\u00e4nglighet\n      <\/span>\n    <\/a>\n\n    <a class=\"lk-stay-card\" href=\"https:\/\/www.stay22.com\/allez\/roam?aid=lukaskonecny&#038;campaign=loudavymkrokemcz&#038;campaign=sv&#038;campaign=dovolena-kypr&#038;hotelname=Adams%20Beach%20Hotel%20%26%20Spa&#038;address=Ayia%20Napa%2C%20Kypr\" target=\"_blank\" rel=\"nofollow noopener\">\n      <span class=\"lk-stay-badge badge-nature\">\ud83c\udf32 Resort<\/span>\n      <div class=\"lk-stay-name\">Adams Beach Hotel &#038; Spa<\/div>\n      <div class=\"lk-stay-desc\">Vidstr\u00e4ckt resort med egen privat strand, idealisk tillflyktsort fr\u00e5n sommarfolkmassorna.<\/div>\n      <div class=\"lk-stay-meta\">\n        <span class=\"lk-stay-stars\">\u2605\u2605\u2605\u2605<\/span>\n        <span class=\"lk-stay-price\">Kontrollera priser<\/span>\n      <\/div>\n      <span class=\"lk-stay-cta\">\n        <svg width=\"14\" height=\"14\" viewBox=\"0 0 24 24\" fill=\"none\" stroke=\"currentColor\" stroke-width=\"2\"><path d=\"M18 13v6a2 2 0 0 1-2 2H5a2 2 0 0 1-2-2V8a2 2 0 0 1 2-2h6\"\/><polyline points=\"15 3 21 3 21 9\"\/><line x1=\"10\" y1=\"14\" x2=\"21\" y2=\"3\"\/><\/svg>\n        Kontrollera tillg\u00e4nglighet\n      <\/span>\n    <\/a>\n\n    <a class=\"lk-stay-card\" href=\"https:\/\/www.stay22.com\/allez\/roam?aid=lukaskonecny&#038;campaign=loudavymkrokemcz&#038;campaign=sv&#038;campaign=dovolena-kypr&#038;hotelname=Parklane%2C%20a%20Luxury%20Collection%20Resort%20%26%20Spa&#038;address=Limassol%2C%20Kypr\" target=\"_blank\" rel=\"nofollow noopener\">\n      <span class=\"lk-stay-badge badge-nature\">\u2b50 Luxury<\/span>\n      <div class=\"lk-stay-name\">Parklane, a Luxury Collection Resort &#038; Spa<\/div>\n      <div class=\"lk-stay-desc\">F\u00f6rstklassig elegant resort med underbar lagun f\u00f6r de mest kr\u00e4vande g\u00e4sterna.<\/div>\n      <div class=\"lk-stay-meta\">\n        <span class=\"lk-stay-stars\">\u2605\u2605\u2605\u2605<\/span>\n        <span class=\"lk-stay-price\">Kontrollera priser<\/span>\n      <\/div>\n      <span class=\"lk-stay-cta\">\n        <svg width=\"14\" height=\"14\" viewBox=\"0 0 24 24\" fill=\"none\" stroke=\"currentColor\" stroke-width=\"2\"><path d=\"M18 13v6a2 2 0 0 1-2 2H5a2 2 0 0 1-2-2V8a2 2 0 0 1 2-2h6\"\/><polyline points=\"15 3 21 3 21 9\"\/><line x1=\"10\" y1=\"14\" x2=\"21\" y2=\"3\"\/><\/svg>\n        Kontrollera tillg\u00e4nglighet\n      <\/span>\n    <\/a>\n\n  <\/div>\n\n  \n<\/div>\n\n\n\n\n<h3 id=\"15_Protaras_och_Fig_Tree_Bay\" class=\"wp-block-heading\"><span class=\"ez-toc-section\" id=\"15_Protaras_och_Fig_Tree_Bay\"><\/span>15. Protaras och Fig Tree Bay<span class=\"ez-toc-section-end\"><\/span><\/h3>\n\n\n\n<p class=\"wp-block-paragraph\">Protaras \u00e4r en popul\u00e4r familjebadort p\u00e5 \u00f6stkusten som \u00e4r mycket lugnare och mer avslappnad \u00e4n det h\u00f6gljudda grannl\u00e4get Ayia Napa. Dess st\u00f6rsta p\u00e4rla \u00e4r den fantastiska stranden Fig Tree Bay, uppkallad efter de gamla fikontr\u00e4den, som bjuder p\u00e5 en underbart grund vik och perfekt gyllene sand. Ungef\u00e4r hundra meter fr\u00e5n stranden reser sig en liten stenig holme, som du <strong>l\u00e4tt kan simma ut till och snorkla ost\u00f6rt<\/strong> i dess omedelbara n\u00e4rhet.<\/p>\n\n\n\n<figure data-wp-context=\"{&quot;imageId&quot;:&quot;6a9944e48d296&quot;}\" data-wp-interactive=\"core\/image\" data-wp-key=\"6a9944e48d296\" class=\"wp-block-image size-full wp-lightbox-container\"><img decoding=\"async\" width=\"1500\" height=\"1124\" data-wp-class--hide=\"state.isContentHidden\" data-wp-class--show=\"state.isContentVisible\" data-wp-init=\"callbacks.setButtonStyles\" data-wp-on--click=\"actions.showLightbox\" data-wp-on--load=\"callbacks.setButtonStyles\" data-wp-on--pointerdown=\"actions.preloadImage\" data-wp-on--pointerenter=\"actions.preloadImageWithDelay\" data-wp-on--pointerleave=\"actions.cancelPreload\" data-wp-on-window--resize=\"callbacks.setButtonStyles\" src=\"https:\/\/loudavymkrokem.cz\/wp-content\/uploads\/2026\/08\/dovolena-kypr-t15.jpg\" alt=\"Viken Fig Tree Bay i Protaras\" class=\"wp-image-399898\" title=\"\" srcset=\"https:\/\/loudavymkrokem.cz\/wp-content\/uploads\/2026\/08\/dovolena-kypr-t15.jpg 1500w, https:\/\/loudavymkrokem.cz\/wp-content\/uploads\/2026\/08\/dovolena-kypr-t15-300x225.jpg 300w, https:\/\/loudavymkrokem.cz\/wp-content\/uploads\/2026\/08\/dovolena-kypr-t15-700x525.jpg 700w, https:\/\/loudavymkrokem.cz\/wp-content\/uploads\/2026\/08\/dovolena-kypr-t15-768x575.jpg 768w, https:\/\/loudavymkrokem.cz\/wp-content\/uploads\/2026\/08\/dovolena-kypr-t15-80x60.jpg 80w, https:\/\/loudavymkrokem.cz\/wp-content\/uploads\/2026\/08\/dovolena-kypr-t15-160x120.jpg 160w, https:\/\/loudavymkrokem.cz\/wp-content\/uploads\/2026\/08\/dovolena-kypr-t15-696x522.jpg 696w, https:\/\/loudavymkrokem.cz\/wp-content\/uploads\/2026\/08\/dovolena-kypr-t15-1392x1043.jpg 1392w\" sizes=\"(max-width: 1500px) 100vw, 1500px\" \/><button\n\t\t\tclass=\"lightbox-trigger\"\n\t\t\ttype=\"button\"\n\t\t\taria-haspopup=\"dialog\"\n\t\t\tdata-wp-bind--aria-label=\"state.thisImage.triggerButtonAriaLabel\"\n\t\t\tdata-wp-init=\"callbacks.initTriggerButton\"\n\t\t\tdata-wp-on--click=\"actions.showLightbox\"\n\t\t\tdata-wp-style--right=\"state.thisImage.buttonRight\"\n\t\t\tdata-wp-style--top=\"state.thisImage.buttonTop\"\n\t\t>\n\t\t\t<svg xmlns=\"http:\/\/www.w3.org\/2000\/svg\" width=\"12\" height=\"12\" fill=\"none\" viewBox=\"0 0 12 12\">\n\t\t\t\t<path fill=\"#fff\" d=\"M2 0a2 2 0 0 0-2 2v2h1.5V2a.5.5 0 0 1 .5-.5h2V0H2Zm2 10.5H2a.5.5 0 0 1-.5-.5V8H0v2a2 2 0 0 0 2 2h2v-1.5ZM8 12v-1.5h2a.5.5 0 0 0 .5-.5V8H12v2a2 2 0 0 1-2 2H8Zm2-12a2 2 0 0 1 2 2v2h-1.5V2a.5.5 0 0 0-.5-.5H8V0h2Z\" \/>\n\t\t\t<\/svg>\n\t\t<\/button><figcaption class=\"wp-element-caption\">Viken Fig Tree Bay i Protaras (Foto: Gerda Arendt \/ Wikimedia Commons, CC0)<\/figcaption><\/figure>\n\n\n\n<p class=\"wp-block-paragraph\">Ovanf\u00f6r hela badorten tronar den pittoreska lilla kyrkan Profitis Ilias p\u00e5 en brant stenig kulle, till vilken en ganska l\u00e5ng och brant trappa leder. Kl\u00e4ttringen upp tar en del kraft p\u00e5 heta sommardagar, men <strong>panoramautsikten \u00f6ver hela kusten och det glittrande havet<\/strong> \u00e4r definitivt v\u00e4rd den fysiska anstr\u00e4ngningen. Lokalborna rekommenderar att ge sig upp hit i skymningen, d\u00e5 ljuset \u00e4r mjukast och tr\u00e4den runt kyrkan romantiskt \u00e4r beh\u00e4ngda med hundratals band med \u00f6nskningar.<\/p>\n\n\n\n<h3 id=\"16_Ayia_Napa_Sculpture_Park_och_Cape_Greco_leder\" class=\"wp-block-heading\"><span class=\"ez-toc-section\" id=\"16_Ayia_Napa_Sculpture_Park_och_Cape_Greco-lederna\"><\/span>16. Ayia Napa Sculpture Park och Cape Greco-lederna<span class=\"ez-toc-section-end\"><\/span><\/h3>\n\n\n\n<p class=\"wp-block-paragraph\">Ayia Napa Sculpture Park \u00e4r ett unikt utomhusgalleri konstf\u00e4rdigt placerat p\u00e5 en mild sluttning, varifr\u00e5n en fantastisk utsikt \u00f6ver havets bl\u00e5 yta \u00f6ppnar sig. H\u00e4r hittar du dussintals moderna skulpturer och intressanta installationer av konstn\u00e4rer fr\u00e5n hela v\u00e4rlden, som <strong>vackert kontrasterar mot det karga steniga landskapet<\/strong> och de l\u00e5ga buskarna. Alldeles intill finns dessutom en v\u00e4lsk\u00f6tt park med kaktusar och suckulenter, s\u00e5 kombinationen av konst och m\u00e4rklig torkt\u00e5lig flora skapar en mycket fotogenisk milj\u00f6.<\/p>\n\n\n\n<figure data-wp-context=\"{&quot;imageId&quot;:&quot;6a9944e48d741&quot;}\" data-wp-interactive=\"core\/image\" data-wp-key=\"6a9944e48d741\" class=\"wp-block-image size-full wp-lightbox-container\"><img decoding=\"async\" width=\"1500\" height=\"843\" data-wp-class--hide=\"state.isContentHidden\" data-wp-class--show=\"state.isContentVisible\" data-wp-init=\"callbacks.setButtonStyles\" data-wp-on--click=\"actions.showLightbox\" data-wp-on--load=\"callbacks.setButtonStyles\" data-wp-on--pointerdown=\"actions.preloadImage\" data-wp-on--pointerenter=\"actions.preloadImageWithDelay\" data-wp-on--pointerleave=\"actions.cancelPreload\" data-wp-on-window--resize=\"callbacks.setButtonStyles\" src=\"https:\/\/loudavymkrokem.cz\/wp-content\/uploads\/2026\/08\/dovolena-kypr-t16.jpg\" alt=\"Skulpturpark \u00f6ver havet i Ayia Napa\" class=\"wp-image-399902\" title=\"\" srcset=\"https:\/\/loudavymkrokem.cz\/wp-content\/uploads\/2026\/08\/dovolena-kypr-t16.jpg 1500w, https:\/\/loudavymkrokem.cz\/wp-content\/uploads\/2026\/08\/dovolena-kypr-t16-300x169.jpg 300w, https:\/\/loudavymkrokem.cz\/wp-content\/uploads\/2026\/08\/dovolena-kypr-t16-700x393.jpg 700w, https:\/\/loudavymkrokem.cz\/wp-content\/uploads\/2026\/08\/dovolena-kypr-t16-768x432.jpg 768w, https:\/\/loudavymkrokem.cz\/wp-content\/uploads\/2026\/08\/dovolena-kypr-t16-696x391.jpg 696w, https:\/\/loudavymkrokem.cz\/wp-content\/uploads\/2026\/08\/dovolena-kypr-t16-1392x782.jpg 1392w\" sizes=\"(max-width: 1500px) 100vw, 1500px\" \/><button\n\t\t\tclass=\"lightbox-trigger\"\n\t\t\ttype=\"button\"\n\t\t\taria-haspopup=\"dialog\"\n\t\t\tdata-wp-bind--aria-label=\"state.thisImage.triggerButtonAriaLabel\"\n\t\t\tdata-wp-init=\"callbacks.initTriggerButton\"\n\t\t\tdata-wp-on--click=\"actions.showLightbox\"\n\t\t\tdata-wp-style--right=\"state.thisImage.buttonRight\"\n\t\t\tdata-wp-style--top=\"state.thisImage.buttonTop\"\n\t\t>\n\t\t\t<svg xmlns=\"http:\/\/www.w3.org\/2000\/svg\" width=\"12\" height=\"12\" fill=\"none\" viewBox=\"0 0 12 12\">\n\t\t\t\t<path fill=\"#fff\" d=\"M2 0a2 2 0 0 0-2 2v2h1.5V2a.5.5 0 0 1 .5-.5h2V0H2Zm2 10.5H2a.5.5 0 0 1-.5-.5V8H0v2a2 2 0 0 0 2 2h2v-1.5ZM8 12v-1.5h2a.5.5 0 0 0 .5-.5V8H12v2a2 2 0 0 1-2 2H8Zm2-12a2 2 0 0 1 2 2v2h-1.5V2a.5.5 0 0 0-.5-.5H8V0h2Z\" \/>\n\t\t\t<\/svg>\n\t\t<\/button><figcaption class=\"wp-element-caption\">Skulpturpark \u00f6ver havet i Ayia Napa (Foto: Qasinka \/ Wikimedia Commons, CC0)<\/figcaption><\/figure>\n\n\n\n<p class=\"wp-block-paragraph\">Fr\u00e5n parken ansluter sedan iordningst\u00e4llda kustleder som bekv\u00e4mt tar dig \u00e4nda fram till nationalparken Cape Greco. Intr\u00e4det till detta enorma skulpturmuseum under bar himmel \u00e4r helt gratis och omr\u00e5det har inga begr\u00e4nsande \u00f6ppettider. Den b\u00e4sta konstupplevelsen f\u00e5r du <strong>n\u00e4r du bes\u00f6ker parken strax f\u00f6re solnedg\u00e5ngen<\/strong>, d\u00e5 sten- och metallskulpturerna kastar l\u00e5nga skuggor.<\/p>\n\n\n\n<h3 id=\"17_Vattenparken_WaterWorld_i_Ayia_Napa\" class=\"wp-block-heading\"><span class=\"ez-toc-section\" id=\"17_Vattenparken_WaterWorld_i_Ayia_Napa\"><\/span>17. Vattenparken WaterWorld i Ayia Napa<span class=\"ez-toc-section-end\"><\/span><\/h3>\n\n\n\n<p class=\"wp-block-paragraph\">Vattenparken WaterWorld i Ayia Napa r\u00e4knas sedan l\u00e4nge till de allra st\u00f6rsta och h\u00f6gst rankade \u00e4ventyrsbaden i hela Europa. Hela det vidstr\u00e4ckta omr\u00e5det \u00e4r v\u00e4ldigt roligt insatt i det antika Greklands tematik, s\u00e5 du kan se fram emot rutschbanor uppkallade efter gudarna, m\u00e4ktiga pelare och pooler stiliserade som romerska bad. H\u00e4r hittar du <strong>allt fr\u00e5n adrenalinstinna rutschbanor med fritt fall till en j\u00e4ttelik v\u00e5gpool<\/strong> och en l\u00e5ng lat flod, d\u00e4r du njuter h\u00e4rligt p\u00e5 en uppbl\u00e5sbar ring.<\/p>\n\n\n\n<figure data-wp-context=\"{&quot;imageId&quot;:&quot;6a9944e48dbf4&quot;}\" data-wp-interactive=\"core\/image\" data-wp-key=\"6a9944e48dbf4\" class=\"wp-block-image size-full wp-lightbox-container\"><img decoding=\"async\" width=\"1500\" height=\"1125\" data-wp-class--hide=\"state.isContentHidden\" data-wp-class--show=\"state.isContentVisible\" data-wp-init=\"callbacks.setButtonStyles\" data-wp-on--click=\"actions.showLightbox\" data-wp-on--load=\"callbacks.setButtonStyles\" data-wp-on--pointerdown=\"actions.preloadImage\" data-wp-on--pointerenter=\"actions.preloadImageWithDelay\" data-wp-on--pointerleave=\"actions.cancelPreload\" data-wp-on-window--resize=\"callbacks.setButtonStyles\" src=\"https:\/\/loudavymkrokem.cz\/wp-content\/uploads\/2026\/08\/dovolena-kypr-t17.jpg\" alt=\"\u00c4ventyrsbad i Ayia Napa\" class=\"wp-image-399905\" title=\"\" srcset=\"https:\/\/loudavymkrokem.cz\/wp-content\/uploads\/2026\/08\/dovolena-kypr-t17.jpg 1500w, https:\/\/loudavymkrokem.cz\/wp-content\/uploads\/2026\/08\/dovolena-kypr-t17-300x225.jpg 300w, https:\/\/loudavymkrokem.cz\/wp-content\/uploads\/2026\/08\/dovolena-kypr-t17-700x525.jpg 700w, https:\/\/loudavymkrokem.cz\/wp-content\/uploads\/2026\/08\/dovolena-kypr-t17-768x576.jpg 768w, https:\/\/loudavymkrokem.cz\/wp-content\/uploads\/2026\/08\/dovolena-kypr-t17-80x60.jpg 80w, https:\/\/loudavymkrokem.cz\/wp-content\/uploads\/2026\/08\/dovolena-kypr-t17-160x120.jpg 160w, https:\/\/loudavymkrokem.cz\/wp-content\/uploads\/2026\/08\/dovolena-kypr-t17-696x522.jpg 696w, https:\/\/loudavymkrokem.cz\/wp-content\/uploads\/2026\/08\/dovolena-kypr-t17-1392x1044.jpg 1392w\" sizes=\"(max-width: 1500px) 100vw, 1500px\" \/><button\n\t\t\tclass=\"lightbox-trigger\"\n\t\t\ttype=\"button\"\n\t\t\taria-haspopup=\"dialog\"\n\t\t\tdata-wp-bind--aria-label=\"state.thisImage.triggerButtonAriaLabel\"\n\t\t\tdata-wp-init=\"callbacks.initTriggerButton\"\n\t\t\tdata-wp-on--click=\"actions.showLightbox\"\n\t\t\tdata-wp-style--right=\"state.thisImage.buttonRight\"\n\t\t\tdata-wp-style--top=\"state.thisImage.buttonTop\"\n\t\t>\n\t\t\t<svg xmlns=\"http:\/\/www.w3.org\/2000\/svg\" width=\"12\" height=\"12\" fill=\"none\" viewBox=\"0 0 12 12\">\n\t\t\t\t<path fill=\"#fff\" d=\"M2 0a2 2 0 0 0-2 2v2h1.5V2a.5.5 0 0 1 .5-.5h2V0H2Zm2 10.5H2a.5.5 0 0 1-.5-.5V8H0v2a2 2 0 0 0 2 2h2v-1.5ZM8 12v-1.5h2a.5.5 0 0 0 .5-.5V8H12v2a2 2 0 0 1-2 2H8Zm2-12a2 2 0 0 1 2 2v2h-1.5V2a.5.5 0 0 0-.5-.5H8V0h2Z\" \/>\n\t\t\t<\/svg>\n\t\t<\/button><figcaption class=\"wp-element-caption\">\u00c4ventyrsbad i Ayia Napa (Foto: Vsatinet \/ Wikimedia Commons, CC BY-SA 4.0)<\/figcaption><\/figure>\n\n\n\n<p class=\"wp-block-paragraph\">Enligt resen\u00e4rers recensioner \u00e4r det en helt fantastisk plats f\u00f6r barnfamiljer, men \u00e4ven vuxna som gillar lite vattenadrenalin roar sig storartat h\u00e4r. P\u00e5 omr\u00e5det g\u00e5r det utan problem att tillbringa en hel l\u00e5ng dag, eftersom det erbjuder massor av bra restauranger, skuggiga viloplatser och gratis solstolar. Biljetterna <strong>l\u00f6nar sig definitivt att k\u00f6pa i f\u00f6rv\u00e4g online<\/strong>, f\u00f6r de brukar vara lite billigare och du slipper de utmattande k\u00f6erna vid kassorna.<\/p>\n\n\n\n<h3 id=\"18_Troodos_byar_Omodos_Lefkara_och_Kakopetria\" class=\"wp-block-heading\"><span class=\"ez-toc-section\" id=\"18_Troodos_byar_Omodos_Lefkara_och_Kakopetria\"><\/span>18. Troodos byar: Omodos, Lefkara och Kakopetria<span class=\"ez-toc-section-end\"><\/span><\/h3>\n\n\n\n<p class=\"wp-block-paragraph\">Troodos byar representerar ett helt annat Cypern \u00e4n det du k\u00e4nner fr\u00e5n den varma kusten full av hotellkomplex och parasoller. De pittoreska stenbyarna ligger h\u00f6gt upp i de gr\u00f6na kullarna och k\u00e4nnetecknas av smala gr\u00e4nder, hus med r\u00f6da tak och otrolig frid. V\u00e4l v\u00e4rd ett bes\u00f6k \u00e4r byn Lefkara, som \u00e4r <strong>v\u00e4rldsber\u00f6md f\u00f6r sitt traditionella spetsknyppleri<\/strong> och silversmide, eller den historiska Kakopetria med bevarade gamla hus l\u00e4ngs en bergsflod.<\/p>\n\n\n\n<figure data-wp-context=\"{&quot;imageId&quot;:&quot;6a9944e48e1a0&quot;}\" data-wp-interactive=\"core\/image\" data-wp-key=\"6a9944e48e1a0\" class=\"wp-block-image size-full wp-lightbox-container\"><img decoding=\"async\" width=\"1500\" height=\"1000\" data-wp-class--hide=\"state.isContentHidden\" data-wp-class--show=\"state.isContentVisible\" data-wp-init=\"callbacks.setButtonStyles\" data-wp-on--click=\"actions.showLightbox\" data-wp-on--load=\"callbacks.setButtonStyles\" data-wp-on--pointerdown=\"actions.preloadImage\" data-wp-on--pointerenter=\"actions.preloadImageWithDelay\" data-wp-on--pointerleave=\"actions.cancelPreload\" data-wp-on-window--resize=\"callbacks.setButtonStyles\" src=\"https:\/\/loudavymkrokem.cz\/wp-content\/uploads\/2026\/08\/dovolena-kypr-t18.jpg\" alt=\"Bergsby i Troodosbergen\" class=\"wp-image-399910\" title=\"\" srcset=\"https:\/\/loudavymkrokem.cz\/wp-content\/uploads\/2026\/08\/dovolena-kypr-t18.jpg 1500w, https:\/\/loudavymkrokem.cz\/wp-content\/uploads\/2026\/08\/dovolena-kypr-t18-300x200.jpg 300w, https:\/\/loudavymkrokem.cz\/wp-content\/uploads\/2026\/08\/dovolena-kypr-t18-700x467.jpg 700w, https:\/\/loudavymkrokem.cz\/wp-content\/uploads\/2026\/08\/dovolena-kypr-t18-768x512.jpg 768w, https:\/\/loudavymkrokem.cz\/wp-content\/uploads\/2026\/08\/dovolena-kypr-t18-696x464.jpg 696w, https:\/\/loudavymkrokem.cz\/wp-content\/uploads\/2026\/08\/dovolena-kypr-t18-1392x928.jpg 1392w\" sizes=\"(max-width: 1500px) 100vw, 1500px\" \/><button\n\t\t\tclass=\"lightbox-trigger\"\n\t\t\ttype=\"button\"\n\t\t\taria-haspopup=\"dialog\"\n\t\t\tdata-wp-bind--aria-label=\"state.thisImage.triggerButtonAriaLabel\"\n\t\t\tdata-wp-init=\"callbacks.initTriggerButton\"\n\t\t\tdata-wp-on--click=\"actions.showLightbox\"\n\t\t\tdata-wp-style--right=\"state.thisImage.buttonRight\"\n\t\t\tdata-wp-style--top=\"state.thisImage.buttonTop\"\n\t\t>\n\t\t\t<svg xmlns=\"http:\/\/www.w3.org\/2000\/svg\" width=\"12\" height=\"12\" fill=\"none\" viewBox=\"0 0 12 12\">\n\t\t\t\t<path fill=\"#fff\" d=\"M2 0a2 2 0 0 0-2 2v2h1.5V2a.5.5 0 0 1 .5-.5h2V0H2Zm2 10.5H2a.5.5 0 0 1-.5-.5V8H0v2a2 2 0 0 0 2 2h2v-1.5ZM8 12v-1.5h2a.5.5 0 0 0 .5-.5V8H12v2a2 2 0 0 1-2 2H8Zm2-12a2 2 0 0 1 2 2v2h-1.5V2a.5.5 0 0 0-.5-.5H8V0h2Z\" \/>\n\t\t\t<\/svg>\n\t\t<\/button><figcaption class=\"wp-element-caption\">Bergsby i Troodosbergen (Foto: Hagai Agmon-Snir \u062d\u0686\u0627\u064a \u0627\u0686\u0645\u0648\u0646-\u0633\u0646\u064a\u0631 \u05d7\u05d2\u05d9 \u05d0\u05d2\u05de\u05d5\u05df-\u05e9\u05e0\u05d9\u05e8 \/ Wikimedia Commons, CC BY-SA 4.0)<\/figcaption><\/figure>\n\n\n\n<p class=\"wp-block-paragraph\">Du f\u00e5r absolut inte hoppa \u00f6ver den lilla staden Omodos, som fungerar som ett traditionellt centrum f\u00f6r den lokala vinodlingen och d\u00e4r du hittar massor av sm\u00e5 familjek\u00e4llare med enorma tunnor. I bergsbyarna \u00e4r det \u00e5ret runt m\u00e4rkbart svalare \u00e4n p\u00e5 str\u00e4nderna, s\u00e5 <strong>gl\u00f6m inte att packa med dig en l\u00e4tt tr\u00f6ja mitt i den heta sommaren<\/strong>. Folk ber\u00f6mmer h\u00e4r den fantastiska g\u00e4stfriheten och de utm\u00e4rkta familjetavernorna.<\/p>\n\n\n\n<h3 id=\"19_Bysantinska_kyrkor_pa_UNESCO_listan\" class=\"wp-block-heading\"><span class=\"ez-toc-section\" id=\"19_Bysantinska_kyrkor_pa_UNESCO-listan\"><\/span>19. Bysantinska kyrkor p\u00e5 UNESCO-listan<span class=\"ez-toc-section-end\"><\/span><\/h3>\n\n\n\n<p class=\"wp-block-paragraph\">De bysantinska kyrkorna som \u00e4r g\u00f6mda djupt i Troodosbergen h\u00f6r till de viktigaste kulturminnesm\u00e4rkena p\u00e5 \u00f6n och hela nio av dem kan skryta med en betydelsefull plats p\u00e5 UNESCO:s lista. Utifr\u00e5n ser de ofta ut som helt vanliga stenlador med branta tr\u00e4tak, som ska skydda dem mot vintersn\u00f6n i bergen. Men inuti <strong>d\u00f6ljer de helt fantastiska och utm\u00e4rkt bevarade fresker<\/strong>, av vilka m\u00e5nga h\u00e4rstammar redan fr\u00e5n 1000-talet och ber\u00e4ttar bibliska historier i lysande f\u00e4rger.<\/p>\n\n\n\n<figure data-wp-context=\"{&quot;imageId&quot;:&quot;6a9944e48e8e6&quot;}\" data-wp-interactive=\"core\/image\" data-wp-key=\"6a9944e48e8e6\" class=\"wp-block-image size-full wp-lightbox-container\"><img decoding=\"async\" width=\"1500\" height=\"751\" data-wp-class--hide=\"state.isContentHidden\" data-wp-class--show=\"state.isContentVisible\" data-wp-init=\"callbacks.setButtonStyles\" data-wp-on--click=\"actions.showLightbox\" data-wp-on--load=\"callbacks.setButtonStyles\" data-wp-on--pointerdown=\"actions.preloadImage\" data-wp-on--pointerenter=\"actions.preloadImageWithDelay\" data-wp-on--pointerleave=\"actions.cancelPreload\" data-wp-on-window--resize=\"callbacks.setButtonStyles\" src=\"https:\/\/loudavymkrokem.cz\/wp-content\/uploads\/2026\/08\/dovolena-kypr-t19.jpg\" alt=\"Bysantinsk liten kyrka i Troodosbergen\" class=\"wp-image-399914\" title=\"\" srcset=\"https:\/\/loudavymkrokem.cz\/wp-content\/uploads\/2026\/08\/dovolena-kypr-t19.jpg 1500w, https:\/\/loudavymkrokem.cz\/wp-content\/uploads\/2026\/08\/dovolena-kypr-t19-300x150.jpg 300w, https:\/\/loudavymkrokem.cz\/wp-content\/uploads\/2026\/08\/dovolena-kypr-t19-700x350.jpg 700w, https:\/\/loudavymkrokem.cz\/wp-content\/uploads\/2026\/08\/dovolena-kypr-t19-768x385.jpg 768w, https:\/\/loudavymkrokem.cz\/wp-content\/uploads\/2026\/08\/dovolena-kypr-t19-696x348.jpg 696w, https:\/\/loudavymkrokem.cz\/wp-content\/uploads\/2026\/08\/dovolena-kypr-t19-1392x697.jpg 1392w\" sizes=\"(max-width: 1500px) 100vw, 1500px\" \/><button\n\t\t\tclass=\"lightbox-trigger\"\n\t\t\ttype=\"button\"\n\t\t\taria-haspopup=\"dialog\"\n\t\t\tdata-wp-bind--aria-label=\"state.thisImage.triggerButtonAriaLabel\"\n\t\t\tdata-wp-init=\"callbacks.initTriggerButton\"\n\t\t\tdata-wp-on--click=\"actions.showLightbox\"\n\t\t\tdata-wp-style--right=\"state.thisImage.buttonRight\"\n\t\t\tdata-wp-style--top=\"state.thisImage.buttonTop\"\n\t\t>\n\t\t\t<svg xmlns=\"http:\/\/www.w3.org\/2000\/svg\" width=\"12\" height=\"12\" fill=\"none\" viewBox=\"0 0 12 12\">\n\t\t\t\t<path fill=\"#fff\" d=\"M2 0a2 2 0 0 0-2 2v2h1.5V2a.5.5 0 0 1 .5-.5h2V0H2Zm2 10.5H2a.5.5 0 0 1-.5-.5V8H0v2a2 2 0 0 0 2 2h2v-1.5ZM8 12v-1.5h2a.5.5 0 0 0 .5-.5V8H12v2a2 2 0 0 1-2 2H8Zm2-12a2 2 0 0 1 2 2v2h-1.5V2a.5.5 0 0 0-.5-.5H8V0h2Z\" \/>\n\t\t\t<\/svg>\n\t\t<\/button><figcaption class=\"wp-element-caption\">Bysantinsk liten kyrka i Troodosbergen (Foto: Zairon \/ Wikimedia Commons, CC BY-SA 4.0)<\/figcaption><\/figure>\n\n\n\n<p class=\"wp-block-paragraph\">Bland de allra mest intressanta h\u00f6r den lilla kyrkan Asinou eller det avl\u00e4gsna klostret Panagia tou Araka, som ligger p\u00e5 vackra platser mitt i doftande tallskogar. De flesta av dessa religi\u00f6sa minnesm\u00e4rken \u00e4r ganska sm\u00e5 och vaktas noga av lokala f\u00f6rvaltare med nycklar, som du ofta bara kommer \u00f6verens med genom ett leende och gester. Inuti kyrkorna <strong>r\u00e5der strikt f\u00f6rbud mot att fotografera med blixt<\/strong> och man kr\u00e4ver l\u00e4mpliga kl\u00e4der som t\u00e4cker axlar och kn\u00e4n.<\/p>\n\n\n\n<h3 id=\"20_Kalidoniavattenfallen_och_Mount_Olympus\" class=\"wp-block-heading\"><span class=\"ez-toc-section\" id=\"20_Kalidoniavattenfallen_och_Mount_Olympus\"><\/span>20. Kalidoniavattenfallen och Mount Olympus<span class=\"ez-toc-section-end\"><\/span><\/h3>\n\n\n\n<p class=\"wp-block-paragraph\">Kalidoniavattenfallen och den n\u00e4rbel\u00e4gna toppen Mount Olympus bevisar tydligt att Cypern inte bara \u00e4r ett uttorkat land med str\u00e4nder, utan \u00e4ven bjuder p\u00e5 frisk och gr\u00f6n bergsnatur med behagligt klimat. Vandringen till vattenfallen g\u00e5r genom en t\u00e4t tallskog l\u00e4ngs en svalkande b\u00e4ck, och sj\u00e4lva leden m\u00e4ter knappt tre kilometer, vilket du klarar i bekv\u00e4mt tempo p\u00e5 knappt en timme. \u00d6ns h\u00f6gsta berg, Olympos, <strong>m\u00e4ter respektingivande 1 952 meter<\/strong> och bjuder p\u00e5 vacker panoramautsikt djupt ner i den gr\u00f6na dalen.<\/p>\n\n\n\n<figure data-wp-context=\"{&quot;imageId&quot;:&quot;6a9944e48ef02&quot;}\" data-wp-interactive=\"core\/image\" data-wp-key=\"6a9944e48ef02\" class=\"wp-block-image size-full wp-lightbox-container\"><img decoding=\"async\" width=\"1500\" height=\"1000\" data-wp-class--hide=\"state.isContentHidden\" data-wp-class--show=\"state.isContentVisible\" data-wp-init=\"callbacks.setButtonStyles\" data-wp-on--click=\"actions.showLightbox\" data-wp-on--load=\"callbacks.setButtonStyles\" data-wp-on--pointerdown=\"actions.preloadImage\" data-wp-on--pointerenter=\"actions.preloadImageWithDelay\" data-wp-on--pointerleave=\"actions.cancelPreload\" data-wp-on-window--resize=\"callbacks.setButtonStyles\" src=\"https:\/\/loudavymkrokem.cz\/wp-content\/uploads\/2026\/08\/dovolena-kypr-t20.jpg\" alt=\"Troodosbergen med tallskogar\" class=\"wp-image-399933\" title=\"\" srcset=\"https:\/\/loudavymkrokem.cz\/wp-content\/uploads\/2026\/08\/dovolena-kypr-t20.jpg 1500w, https:\/\/loudavymkrokem.cz\/wp-content\/uploads\/2026\/08\/dovolena-kypr-t20-300x200.jpg 300w, https:\/\/loudavymkrokem.cz\/wp-content\/uploads\/2026\/08\/dovolena-kypr-t20-700x467.jpg 700w, https:\/\/loudavymkrokem.cz\/wp-content\/uploads\/2026\/08\/dovolena-kypr-t20-768x512.jpg 768w, https:\/\/loudavymkrokem.cz\/wp-content\/uploads\/2026\/08\/dovolena-kypr-t20-696x464.jpg 696w, https:\/\/loudavymkrokem.cz\/wp-content\/uploads\/2026\/08\/dovolena-kypr-t20-1392x928.jpg 1392w\" sizes=\"(max-width: 1500px) 100vw, 1500px\" \/><button\n\t\t\tclass=\"lightbox-trigger\"\n\t\t\ttype=\"button\"\n\t\t\taria-haspopup=\"dialog\"\n\t\t\tdata-wp-bind--aria-label=\"state.thisImage.triggerButtonAriaLabel\"\n\t\t\tdata-wp-init=\"callbacks.initTriggerButton\"\n\t\t\tdata-wp-on--click=\"actions.showLightbox\"\n\t\t\tdata-wp-style--right=\"state.thisImage.buttonRight\"\n\t\t\tdata-wp-style--top=\"state.thisImage.buttonTop\"\n\t\t>\n\t\t\t<svg xmlns=\"http:\/\/www.w3.org\/2000\/svg\" width=\"12\" height=\"12\" fill=\"none\" viewBox=\"0 0 12 12\">\n\t\t\t\t<path fill=\"#fff\" d=\"M2 0a2 2 0 0 0-2 2v2h1.5V2a.5.5 0 0 1 .5-.5h2V0H2Zm2 10.5H2a.5.5 0 0 1-.5-.5V8H0v2a2 2 0 0 0 2 2h2v-1.5ZM8 12v-1.5h2a.5.5 0 0 0 .5-.5V8H12v2a2 2 0 0 1-2 2H8Zm2-12a2 2 0 0 1 2 2v2h-1.5V2a.5.5 0 0 0-.5-.5H8V0h2Z\" \/>\n\t\t\t<\/svg>\n\t\t<\/button><figcaption class=\"wp-element-caption\">Troodosbergen med tallskogar (Foto: Michal Klajban \/ Wikimedia Commons, CC BY-SA 4.0)<\/figcaption><\/figure>\n\n\n\n<p class=\"wp-block-paragraph\">Intressant \u00e4r att det p\u00e5 Olympos sluttningar i januari och februari ganska ofta ligger kvar sn\u00f6 och det finns till och med mindre skidliftar f\u00f6r lokala entusiaster. Under en enda v\u00e5rdag kan du allts\u00e5 teoretiskt <strong>\u00e5ka skidor i bergen p\u00e5 f\u00f6rmiddagen och bada i det uppv\u00e4rmda havet p\u00e5 eftermiddagen<\/strong> nere vid kusten. V\u00e4gen upp i bergen \u00e4r ganska slingrig och brant, s\u00e5 om du ibland lider av bilsjuka \u00e4r det bra att f\u00f6rbereda dig lite p\u00e5 dessa o\u00e4ndliga serpentiner.<\/p>\n\n\n\n<h3 id=\"21_Cypriotiska_vingardar_och_vinvagar\" class=\"wp-block-heading\"><span class=\"ez-toc-section\" id=\"21_Cypriotiska_vingardar_och_vinvagar\"><\/span>21. Cypriotiska ving\u00e5rdar och vinv\u00e4gar<span class=\"ez-toc-section-end\"><\/span><\/h3>\n\n\n\n<p class=\"wp-block-paragraph\">Cypriotiska ving\u00e5rdar och s\u00e5 kallade vinv\u00e4gar \u00e4r ett enormt dragpl\u00e5ster f\u00f6r alla resen\u00e4rer som g\u00e4rna uppt\u00e4cker lokal gastronomi och jordbrukstraditioner. Hela den b\u00f6rdiga foten av Troodos \u00e4r t\u00e4tt genomkorsad av markerade vinleder som tar dig till b\u00e5de sm\u00e5 familjef\u00f6retag och stora traditionella producenter. Huvudstj\u00e4rnan \u00e4r det s\u00f6ta dessertvinet Commandaria, som det s\u00e4gs vara <strong>det \u00f6verl\u00e4gset \u00e4ldsta fortfarande tillverkade vinet i v\u00e4rlden<\/strong> med samma namn och ursprungliga recept.<\/p>\n\n\n\n<figure data-wp-context=\"{&quot;imageId&quot;:&quot;6a9944e48f601&quot;}\" data-wp-interactive=\"core\/image\" data-wp-key=\"6a9944e48f601\" class=\"wp-block-image size-full wp-lightbox-container\"><img decoding=\"async\" width=\"1500\" height=\"993\" data-wp-class--hide=\"state.isContentHidden\" data-wp-class--show=\"state.isContentVisible\" data-wp-init=\"callbacks.setButtonStyles\" data-wp-on--click=\"actions.showLightbox\" data-wp-on--load=\"callbacks.setButtonStyles\" data-wp-on--pointerdown=\"actions.preloadImage\" data-wp-on--pointerenter=\"actions.preloadImageWithDelay\" data-wp-on--pointerleave=\"actions.cancelPreload\" data-wp-on-window--resize=\"callbacks.setButtonStyles\" src=\"https:\/\/loudavymkrokem.cz\/wp-content\/uploads\/2026\/08\/dovolena-kypr-t21.jpg\" alt=\"Ving\u00e5rd vid foten av Troodosbergen\" class=\"wp-image-399927\" title=\"\" srcset=\"https:\/\/loudavymkrokem.cz\/wp-content\/uploads\/2026\/08\/dovolena-kypr-t21.jpg 1500w, https:\/\/loudavymkrokem.cz\/wp-content\/uploads\/2026\/08\/dovolena-kypr-t21-300x199.jpg 300w, https:\/\/loudavymkrokem.cz\/wp-content\/uploads\/2026\/08\/dovolena-kypr-t21-700x463.jpg 700w, https:\/\/loudavymkrokem.cz\/wp-content\/uploads\/2026\/08\/dovolena-kypr-t21-768x508.jpg 768w, https:\/\/loudavymkrokem.cz\/wp-content\/uploads\/2026\/08\/dovolena-kypr-t21-696x461.jpg 696w, https:\/\/loudavymkrokem.cz\/wp-content\/uploads\/2026\/08\/dovolena-kypr-t21-1392x922.jpg 1392w\" sizes=\"(max-width: 1500px) 100vw, 1500px\" \/><button\n\t\t\tclass=\"lightbox-trigger\"\n\t\t\ttype=\"button\"\n\t\t\taria-haspopup=\"dialog\"\n\t\t\tdata-wp-bind--aria-label=\"state.thisImage.triggerButtonAriaLabel\"\n\t\t\tdata-wp-init=\"callbacks.initTriggerButton\"\n\t\t\tdata-wp-on--click=\"actions.showLightbox\"\n\t\t\tdata-wp-style--right=\"state.thisImage.buttonRight\"\n\t\t\tdata-wp-style--top=\"state.thisImage.buttonTop\"\n\t\t>\n\t\t\t<svg xmlns=\"http:\/\/www.w3.org\/2000\/svg\" width=\"12\" height=\"12\" fill=\"none\" viewBox=\"0 0 12 12\">\n\t\t\t\t<path fill=\"#fff\" d=\"M2 0a2 2 0 0 0-2 2v2h1.5V2a.5.5 0 0 1 .5-.5h2V0H2Zm2 10.5H2a.5.5 0 0 1-.5-.5V8H0v2a2 2 0 0 0 2 2h2v-1.5ZM8 12v-1.5h2a.5.5 0 0 0 .5-.5V8H12v2a2 2 0 0 1-2 2H8Zm2-12a2 2 0 0 1 2 2v2h-1.5V2a.5.5 0 0 0-.5-.5H8V0h2Z\" \/>\n\t\t\t<\/svg>\n\t\t<\/button><figcaption class=\"wp-element-caption\">Ving\u00e5rd vid foten av Troodosbergen (Foto: Serhio Magpie \/ Wikimedia Commons, CC BY 4.0)<\/figcaption><\/figure>\n\n\n\n<p class=\"wp-block-paragraph\">De flesta familjeving\u00e5rdar erbjuder efter \u00f6verenskommelse rundturer i sina k\u00e4llare med provningar, d\u00e4r de lokala vinmakarna g\u00e4rna f\u00f6rklarar hela den kr\u00e4vande processen med odling och bearbetning av druvorna. Erfarna resen\u00e4rer rekommenderar att ge sig ut p\u00e5 en vinled idealiskt med en organiserad utflykt eller att ordna en p\u00e5litlig chauff\u00f6r, eftersom <strong>polisen p\u00e5 Cypern mycket str\u00e4ngt kontrollerar alkohol bakom ratten<\/strong>. De lokala vinerna \u00e4r f\u00f6rv\u00e5nansv\u00e4rt bra och en flaska \u00e4kta Commandaria fungerar som en perfekt souvenir fr\u00e5n semestern.<\/p>\n\n\n\n<h3 id=\"22_Nicosia_Europas_sista_delade_huvudstad\" class=\"wp-block-heading\"><span class=\"ez-toc-section\" id=\"22_Nicosia_Europas_sista_delade_huvudstad\"><\/span>22. Nicosia: Europas sista delade huvudstad<span class=\"ez-toc-section-end\"><\/span><\/h3>\n\n\n\n<p class=\"wp-block-paragraph\">Nicosia \u00e4r en otroligt fascinerande metropol och innehar ett v\u00e4ldigt sorgligt rekord, eftersom den fungerar som <strong>Europas sista milit\u00e4rt delade huvudstad<\/strong>. Den viktigaste shoppinggatan Ledra Street sk\u00e4rs kompromissl\u00f6st av den skarpt bevakade gr\u00f6na linjen under FN:s kontroll, som delar staden i det grekiska s\u00f6der och det turkiska norr. Du kan fritt promenera l\u00e4ngs de m\u00e4ktiga venetianska stadsmurarna i form av en regelbunden stj\u00e4rna, beundra gamla staden och uppleva den enorma kulturella kontrasten p\u00e5 n\u00e4ra h\u00e5ll.<\/p>\n\n\n\n<figure data-wp-context=\"{&quot;imageId&quot;:&quot;6a9944e48fc57&quot;}\" data-wp-interactive=\"core\/image\" data-wp-key=\"6a9944e48fc57\" class=\"wp-block-image size-full wp-lightbox-container\"><img decoding=\"async\" width=\"1500\" height=\"937\" data-wp-class--hide=\"state.isContentHidden\" data-wp-class--show=\"state.isContentVisible\" data-wp-init=\"callbacks.setButtonStyles\" data-wp-on--click=\"actions.showLightbox\" data-wp-on--load=\"callbacks.setButtonStyles\" data-wp-on--pointerdown=\"actions.preloadImage\" data-wp-on--pointerenter=\"actions.preloadImageWithDelay\" data-wp-on--pointerleave=\"actions.cancelPreload\" data-wp-on-window--resize=\"callbacks.setButtonStyles\" src=\"https:\/\/loudavymkrokem.cz\/wp-content\/uploads\/2026\/08\/dovolena-kypr-t22.jpg\" alt=\"Ledra Street i delade Nicosia\" class=\"wp-image-399918\" title=\"\" srcset=\"https:\/\/loudavymkrokem.cz\/wp-content\/uploads\/2026\/08\/dovolena-kypr-t22.jpg 1500w, https:\/\/loudavymkrokem.cz\/wp-content\/uploads\/2026\/08\/dovolena-kypr-t22-300x187.jpg 300w, https:\/\/loudavymkrokem.cz\/wp-content\/uploads\/2026\/08\/dovolena-kypr-t22-700x437.jpg 700w, https:\/\/loudavymkrokem.cz\/wp-content\/uploads\/2026\/08\/dovolena-kypr-t22-768x480.jpg 768w, https:\/\/loudavymkrokem.cz\/wp-content\/uploads\/2026\/08\/dovolena-kypr-t22-696x435.jpg 696w, https:\/\/loudavymkrokem.cz\/wp-content\/uploads\/2026\/08\/dovolena-kypr-t22-1392x870.jpg 1392w\" sizes=\"(max-width: 1500px) 100vw, 1500px\" \/><button\n\t\t\tclass=\"lightbox-trigger\"\n\t\t\ttype=\"button\"\n\t\t\taria-haspopup=\"dialog\"\n\t\t\tdata-wp-bind--aria-label=\"state.thisImage.triggerButtonAriaLabel\"\n\t\t\tdata-wp-init=\"callbacks.initTriggerButton\"\n\t\t\tdata-wp-on--click=\"actions.showLightbox\"\n\t\t\tdata-wp-style--right=\"state.thisImage.buttonRight\"\n\t\t\tdata-wp-style--top=\"state.thisImage.buttonTop\"\n\t\t>\n\t\t\t<svg xmlns=\"http:\/\/www.w3.org\/2000\/svg\" width=\"12\" height=\"12\" fill=\"none\" viewBox=\"0 0 12 12\">\n\t\t\t\t<path fill=\"#fff\" d=\"M2 0a2 2 0 0 0-2 2v2h1.5V2a.5.5 0 0 1 .5-.5h2V0H2Zm2 10.5H2a.5.5 0 0 1-.5-.5V8H0v2a2 2 0 0 0 2 2h2v-1.5ZM8 12v-1.5h2a.5.5 0 0 0 .5-.5V8H12v2a2 2 0 0 1-2 2H8Zm2-12a2 2 0 0 1 2 2v2h-1.5V2a.5.5 0 0 0-.5-.5H8V0h2Z\" \/>\n\t\t\t<\/svg>\n\t\t<\/button><figcaption class=\"wp-element-caption\">Ledra Street i delade Nicosia (Foto: A.Savin \/ Wikimedia Commons, FAL)<\/figcaption><\/figure>\n\n\n\n<p class=\"wp-block-paragraph\">F\u00f6r att ta dig \u00f6ver till den norra delen av Nicosia m\u00e5ste du passera en officiell gr\u00e4ns\u00f6verg\u00e5ng f\u00f6r fotg\u00e4ngare och du <strong>beh\u00f6ver ovillkorligen ett giltigt pass<\/strong>, eftersom ett ID-kort inte r\u00e4cker p\u00e5 ett tillf\u00f6rlitligt s\u00e4tt. Hela kontrollen \u00e4r oftast snabb och problemfri, men det \u00e4r en verkligt stark upplevelse f\u00f6r en centraleurop\u00e9. N\u00e4r du korsar gr\u00e4nsen befinner du dig pl\u00f6tsligt i en milj\u00f6 av orientaliska basarer, mosk\u00e9er och dofter av kryddor, d\u00e4r en helt annan livsstil \u00e4r tydlig redan vid f\u00f6rsta anblicken.<\/p>\n\n\n\n<h3 id=\"23_Kyrenia_Girne_och_borgen_over_hamnen\" class=\"wp-block-heading\"><span class=\"ez-toc-section\" id=\"23_Kyrenia_Girne_och_borgen_over_hamnen\"><\/span>23. Kyrenia (Girne) och borgen \u00f6ver hamnen<span class=\"ez-toc-section-end\"><\/span><\/h3>\n\n\n\n<p class=\"wp-block-paragraph\">Kyrenia ligger p\u00e5 nordkusten och m\u00e5nga resen\u00e4rer betraktar den med r\u00e4tta som den \u00f6verl\u00e4gset mest fotogeniska hamnen p\u00e5 hela den delade \u00f6n. Den h\u00e4stskoformade viken kantas av gamla stenhus, i den ligger ur\u00e5ldrigt utseende tr\u00e4b\u00e5tar f\u00f6r ankar och \u00f6ver allt detta <strong>reser sig majest\u00e4tiskt en enorm bysantinsk borg<\/strong>, som tidigare skyddade staden mot anfall. En bit ovanf\u00f6r staden d\u00f6ljer sig sedan i kullarna de underbara gotiska ruinerna av abbotsklostret Bellapais med en f\u00f6rtjusande havsutsikt.<\/p>\n\n\n\n<figure data-wp-context=\"{&quot;imageId&quot;:&quot;6a9944e4901af&quot;}\" data-wp-interactive=\"core\/image\" data-wp-key=\"6a9944e4901af\" class=\"wp-block-image size-full wp-lightbox-container\"><img decoding=\"async\" width=\"1500\" height=\"937\" data-wp-class--hide=\"state.isContentHidden\" data-wp-class--show=\"state.isContentVisible\" data-wp-init=\"callbacks.setButtonStyles\" data-wp-on--click=\"actions.showLightbox\" data-wp-on--load=\"callbacks.setButtonStyles\" data-wp-on--pointerdown=\"actions.preloadImage\" data-wp-on--pointerenter=\"actions.preloadImageWithDelay\" data-wp-on--pointerleave=\"actions.cancelPreload\" data-wp-on-window--resize=\"callbacks.setButtonStyles\" src=\"https:\/\/loudavymkrokem.cz\/wp-content\/uploads\/2026\/08\/dovolena-kypr-t23.jpg\" alt=\"Hamnen och borgen i Kyrenia\" class=\"wp-image-399919\" title=\"\" srcset=\"https:\/\/loudavymkrokem.cz\/wp-content\/uploads\/2026\/08\/dovolena-kypr-t23.jpg 1500w, https:\/\/loudavymkrokem.cz\/wp-content\/uploads\/2026\/08\/dovolena-kypr-t23-300x187.jpg 300w, https:\/\/loudavymkrokem.cz\/wp-content\/uploads\/2026\/08\/dovolena-kypr-t23-700x437.jpg 700w, https:\/\/loudavymkrokem.cz\/wp-content\/uploads\/2026\/08\/dovolena-kypr-t23-768x480.jpg 768w, https:\/\/loudavymkrokem.cz\/wp-content\/uploads\/2026\/08\/dovolena-kypr-t23-696x435.jpg 696w, https:\/\/loudavymkrokem.cz\/wp-content\/uploads\/2026\/08\/dovolena-kypr-t23-1392x870.jpg 1392w\" sizes=\"(max-width: 1500px) 100vw, 1500px\" \/><button\n\t\t\tclass=\"lightbox-trigger\"\n\t\t\ttype=\"button\"\n\t\t\taria-haspopup=\"dialog\"\n\t\t\tdata-wp-bind--aria-label=\"state.thisImage.triggerButtonAriaLabel\"\n\t\t\tdata-wp-init=\"callbacks.initTriggerButton\"\n\t\t\tdata-wp-on--click=\"actions.showLightbox\"\n\t\t\tdata-wp-style--right=\"state.thisImage.buttonRight\"\n\t\t\tdata-wp-style--top=\"state.thisImage.buttonTop\"\n\t\t>\n\t\t\t<svg xmlns=\"http:\/\/www.w3.org\/2000\/svg\" width=\"12\" height=\"12\" fill=\"none\" viewBox=\"0 0 12 12\">\n\t\t\t\t<path fill=\"#fff\" d=\"M2 0a2 2 0 0 0-2 2v2h1.5V2a.5.5 0 0 1 .5-.5h2V0H2Zm2 10.5H2a.5.5 0 0 1-.5-.5V8H0v2a2 2 0 0 0 2 2h2v-1.5ZM8 12v-1.5h2a.5.5 0 0 0 .5-.5V8H12v2a2 2 0 0 1-2 2H8Zm2-12a2 2 0 0 1 2 2v2h-1.5V2a.5.5 0 0 0-.5-.5H8V0h2Z\" \/>\n\t\t\t<\/svg>\n\t\t<\/button><figcaption class=\"wp-element-caption\">Hamnen och borgen i Kyrenia (Foto: A.Savin \/ Wikimedia Commons, FAL)<\/figcaption><\/figure>\n\n\n\n<p class=\"wp-block-paragraph\">Eftersom det h\u00e4r historiska minnesm\u00e4rket ligger i Nordcypern m\u00e5ste du bege dig till det via en officiell gr\u00e4ns\u00f6verg\u00e5ng med ett giltigt pass i handen. Jag vill uppm\u00e4rksamma dig p\u00e5 en mycket viktig sak: norrut f\u00e5r man <strong>med hyrbil fr\u00e5n s\u00f6der bara \u00e5ka med uthyrarens uttryckliga godk\u00e4nnande<\/strong> och med skyldigheten att k\u00f6pa en tillf\u00e4llig turkisk f\u00f6rs\u00e4kring direkt vid gr\u00e4nsen. Skulle du d\u00e4remot naivt hyra bil i norr f\u00e5r du inte k\u00f6ra in p\u00e5 s\u00f6dra sidan med den \u00f6ver huvud taget, vilket enligt lokalborna \u00e4r det vanligaste miss\u00f6det f\u00f6r oinformerade turister.<\/p>\n\n\n\n<h3 id=\"24_Famagusta_och_spokstaden_Varosha\" class=\"wp-block-heading\"><span class=\"ez-toc-section\" id=\"24_Famagusta_och_spokstaden_Varosha\"><\/span>24. Famagusta och sp\u00f6kstaden Varosha<span class=\"ez-toc-section-end\"><\/span><\/h3>\n\n\n\n<p class=\"wp-block-paragraph\">Famagusta och den sp\u00f6klikt \u00f6vergivna badorten Varosha utg\u00f6r en av de starkaste och mest bisarra upplevelserna du kan ha under din vandring i den norra delen av \u00f6n. I Famagustas historiska centrum \u00f6verraskar dig garanterat den enorma gotiska katedralen som f\u00f6rvandlats till en mosk\u00e9 genom till\u00e4gg av en sm\u00e4cker minaret och m\u00e4ktiga forntida murar. Alldeles intill ligger dock stadsdelen Varosha, som en g\u00e5ng var en lyxig badort f\u00f6r filmstj\u00e4rnor, som \u00e4r <strong>fullst\u00e4ndigt \u00f6vergiven sedan kriget 1974<\/strong> och f\u00f6rfaller bakom taggtr\u00e5d.<\/p>\n\n\n\n<figure data-wp-context=\"{&quot;imageId&quot;:&quot;6a9944e490819&quot;}\" data-wp-interactive=\"core\/image\" data-wp-key=\"6a9944e490819\" class=\"wp-block-image size-full wp-lightbox-container\"><img decoding=\"async\" width=\"1500\" height=\"999\" data-wp-class--hide=\"state.isContentHidden\" data-wp-class--show=\"state.isContentVisible\" data-wp-init=\"callbacks.setButtonStyles\" data-wp-on--click=\"actions.showLightbox\" data-wp-on--load=\"callbacks.setButtonStyles\" data-wp-on--pointerdown=\"actions.preloadImage\" data-wp-on--pointerenter=\"actions.preloadImageWithDelay\" data-wp-on--pointerleave=\"actions.cancelPreload\" data-wp-on-window--resize=\"callbacks.setButtonStyles\" src=\"https:\/\/loudavymkrokem.cz\/wp-content\/uploads\/2026\/08\/dovolena-kypr-t24.jpg\" alt=\"Gotisk katedral i Famagusta\" class=\"wp-image-399923\" title=\"\" srcset=\"https:\/\/loudavymkrokem.cz\/wp-content\/uploads\/2026\/08\/dovolena-kypr-t24.jpg 1500w, https:\/\/loudavymkrokem.cz\/wp-content\/uploads\/2026\/08\/dovolena-kypr-t24-300x200.jpg 300w, https:\/\/loudavymkrokem.cz\/wp-content\/uploads\/2026\/08\/dovolena-kypr-t24-700x466.jpg 700w, https:\/\/loudavymkrokem.cz\/wp-content\/uploads\/2026\/08\/dovolena-kypr-t24-768x511.jpg 768w, https:\/\/loudavymkrokem.cz\/wp-content\/uploads\/2026\/08\/dovolena-kypr-t24-696x464.jpg 696w, https:\/\/loudavymkrokem.cz\/wp-content\/uploads\/2026\/08\/dovolena-kypr-t24-1392x927.jpg 1392w\" sizes=\"(max-width: 1500px) 100vw, 1500px\" \/><button\n\t\t\tclass=\"lightbox-trigger\"\n\t\t\ttype=\"button\"\n\t\t\taria-haspopup=\"dialog\"\n\t\t\tdata-wp-bind--aria-label=\"state.thisImage.triggerButtonAriaLabel\"\n\t\t\tdata-wp-init=\"callbacks.initTriggerButton\"\n\t\t\tdata-wp-on--click=\"actions.showLightbox\"\n\t\t\tdata-wp-style--right=\"state.thisImage.buttonRight\"\n\t\t\tdata-wp-style--top=\"state.thisImage.buttonTop\"\n\t\t>\n\t\t\t<svg xmlns=\"http:\/\/www.w3.org\/2000\/svg\" width=\"12\" height=\"12\" fill=\"none\" viewBox=\"0 0 12 12\">\n\t\t\t\t<path fill=\"#fff\" d=\"M2 0a2 2 0 0 0-2 2v2h1.5V2a.5.5 0 0 1 .5-.5h2V0H2Zm2 10.5H2a.5.5 0 0 1-.5-.5V8H0v2a2 2 0 0 0 2 2h2v-1.5ZM8 12v-1.5h2a.5.5 0 0 0 .5-.5V8H12v2a2 2 0 0 1-2 2H8Zm2-12a2 2 0 0 1 2 2v2h-1.5V2a.5.5 0 0 0-.5-.5H8V0h2Z\" \/>\n\t\t\t<\/svg>\n\t\t<\/button><figcaption class=\"wp-element-caption\">Gotisk katedral i Famagusta (Foto: A.Savin \/ Wikimedia Commons, FAL)<\/figcaption><\/figure>\n\n\n\n<p class=\"wp-block-paragraph\">Det h\u00e4r s\u00e5 kallade sp\u00f6komr\u00e5det \u00f6ppnades nyligen delvis f\u00f6r bes\u00f6kare, s\u00e5 du kan promenera l\u00e4ngs asfalterade v\u00e4gar direkt mellan de f\u00f6rfallande hotellen och de igenvuxna villorna. Precis som i fallet med Kyrenia m\u00e5ste du passera en officiell gr\u00e4ns\u00f6verg\u00e5ng, s\u00e5 <strong>gl\u00f6m inte passet och var mycket f\u00f6rsiktig med f\u00f6rs\u00e4kringen<\/strong> f\u00f6r din hyrbil. Euro accepteras h\u00e4r visserligen p\u00e5 m\u00e5nga turistplatser, men officiellt betalar man med turkiska lira, s\u00e5 f\u00f6rbered dig v\u00e4l p\u00e5 det inf\u00f6r utflykten \u00f6ver gr\u00e4nsen.<\/p>\n\n\n\n<h2 id=\"Var_ska_man_bo_pa_Cypern_vilket_omrade_passar_vem\" class=\"wp-block-heading\"><span class=\"ez-toc-section\" id=\"Var_ska_man_bo_pa_Cypern_vilket_omrade_passar_vem\"><\/span>Var ska man bo p\u00e5 Cypern: vilket omr\u00e5de passar vem<span class=\"ez-toc-section-end\"><\/span><\/h2>\n\n\n\n<p class=\"wp-block-paragraph\">Att v\u00e4lja r\u00e4tt bas \u00e4r helt avg\u00f6rande f\u00f6r att din resa till Cypern ska bli en fulltr\u00e4ff. \u00d6n \u00e4r ganska stor och varje kust erbjuder en helt annan atmosf\u00e4r, s\u00e5 det l\u00f6nar sig att fundera en stund p\u00e5 vad du egentligen f\u00f6rv\u00e4ntar dig av resan. Medan den v\u00e4stra delen lockar med historia och lite lugnare vikar pulserar \u00f6ns \u00f6stra del av nattliv och kan skryta med de mest k\u00e4nda str\u00e4nderna med vit sand.<\/p>\n\n\n\n<p class=\"wp-block-paragraph\"><strong>De flesta resen\u00e4rer rekommenderar att v\u00e4lja en strategisk plats<\/strong>, fr\u00e5n vilken du sedan kan g\u00f6ra utflykter, eller att dela upp vistelsen i tv\u00e5 halvor. Att k\u00f6ra tv\u00e4rs \u00f6ver hela \u00f6n skulle n\u00e4mligen i on\u00f6dan ber\u00f6va dig tid, som du annars skulle kunna tillbringa med ett glas vin i n\u00e5gon undanskymd taverna.<\/p>\n\n\n\n<p class=\"wp-block-paragraph\">\ud83d\udca1 <strong>Tips:<\/strong> Innan du best\u00e4mmer dig f\u00f6r ett konkret hotell, g\u00e5 igenom <a href=\"https:\/\/www.stay22.com\/allez\/roam?aid=lukaskonecny&amp;campaign=loudavymkrokemcz&amp;campaign=dovolena-kypr&amp;address=Kypr\" target=\"_blank\" rel=\"nofollow noopener sponsored\">det aktuella utbudet av boende p\u00e5 Cypern<\/a> och filtrera efter fri avbokning. P\u00e5 Cypern skiljer sig priserna mellan h\u00f6g- och l\u00e5gs\u00e4song med upp till h\u00e4lften.<\/p>\n\n\n\n<h3 id=\"Oversikt_over_omradena\" class=\"wp-block-heading\"><span class=\"ez-toc-section\" id=\"Oversikt_over_omradena\"><\/span>\u00d6versikt \u00f6ver omr\u00e5dena<span class=\"ez-toc-section-end\"><\/span><\/h3>\n\n\n\n<ul class=\"wp-block-list\">\n<li><strong>Paphos<\/strong> anses vara ett idealiskt val f\u00f6r par och sightseeing\u00e4lskare, f\u00f6r h\u00e4r hittar du otroliga arkeologiska UNESCO-minnesm\u00e4rken och det r\u00e5der en n\u00e5got lugnare atmosf\u00e4r.<\/li>\n\n\n\n<li><strong>Coral Bay<\/strong> ligger bara en bit fr\u00e5n Paphos och bjuder p\u00e5 en vacker sandstrand, vilket g\u00f6r den till ett enormt dragpl\u00e5ster framf\u00f6r allt f\u00f6r barnfamiljer.<\/li>\n\n\n\n<li><strong>Limassol<\/strong> \u00e4r s\u00f6derns st\u00f6rsta stad med en underbar strandpromenad och massor av restauranger, d\u00e4r det lever \u00e5ret runt, men du f\u00e5r r\u00e4kna med att det \u00e4r ett dyrare l\u00e4ge.<\/li>\n\n\n\n<li><strong>Ayia Napa<\/strong> stoltserar med de absolut b\u00e4sta str\u00e4nderna och ett stormigt nattliv, s\u00e5 h\u00e4r \u00e4r det under sommarens h\u00f6gs\u00e4song ganska h\u00f6gljutt och v\u00e4ldigt livligt.<\/li>\n\n\n\n<li><strong>Protaras<\/strong> ligger en bit fr\u00e5n Ayia Napa men erbjuder mycket mer familjelugn och h\u00e4r hittar du den ber\u00f6mda viken Fig Tree Bay med h\u00e4rligt grunt vatten.<\/li>\n\n\n\n<li><strong>Larnaka<\/strong> \u00e4r en utm\u00e4rkt bas f\u00f6r utflykter, h\u00e4r ligger b\u00e5de en internationell flygplats och den ber\u00f6mda Saltsj\u00f6n, och den \u00e4r generellt det billigaste alternativet f\u00f6r boende.<\/li>\n<\/ul>\n\n\n\n<h3 id=\"Konkreta_tips_pa_boende\" class=\"wp-block-heading\"><span class=\"ez-toc-section\" id=\"Konkreta_tips_pa_boende\"><\/span>Konkreta tips p\u00e5 boende<span class=\"ez-toc-section-end\"><\/span><\/h3>\n\n\n\n<ul class=\"wp-block-list\">\n<li><strong><a href=\"https:\/\/www.stay22.com\/allez\/roam?aid=lukaskonecny&amp;campaign=loudavymkrokemcz&amp;campaign=dovolena-kypr&amp;hotelname=Almyra%20Hotel&amp;address=Paphos%2C%20Kypr\" target=\"_blank\" rel=\"noopener nofollow sponsored\">Almyra Hotel<\/a><\/strong> (Paphos): Ett vackert designhotell precis vid havet, som \u00e4r oerh\u00f6rt popul\u00e4rt bland par som s\u00f6ker romantik och f\u00f6rstklassig service.<\/li>\n\n\n\n<li><strong><a href=\"https:\/\/www.stay22.com\/allez\/roam?aid=lukaskonecny&amp;campaign=loudavymkrokemcz&amp;campaign=dovolena-kypr&amp;hotelname=Elysium%20Hotel&amp;address=Paphos%2C%20Kypr\" target=\"_blank\" rel=\"noopener nofollow sponsored\">Elysium Hotel<\/a><\/strong> (Paphos): En lyxig resort byggd alldeles intill Kungagravarna, d\u00e4r du k\u00e4nner dig som i ett riktigt palats.<\/li>\n\n\n\n<li><strong><a href=\"https:\/\/www.stay22.com\/allez\/roam?aid=lukaskonecny&amp;campaign=loudavymkrokemcz&amp;campaign=dovolena-kypr&amp;hotelname=Olympic%20Lagoon%20Resort%20Paphos&amp;address=Paphos%2C%20Kypr\" target=\"_blank\" rel=\"noopener nofollow sponsored\">Olympic Lagoon Resort Paphos<\/a><\/strong> (Paphos): Ett enormt komplex med all inclusive-program, som resen\u00e4rer bed\u00f6mer som helt perfekt f\u00f6r barnfamiljer.<\/li>\n\n\n\n<li><strong><a href=\"https:\/\/www.stay22.com\/allez\/roam?aid=lukaskonecny&amp;campaign=loudavymkrokemcz&amp;campaign=dovolena-kypr&amp;hotelname=Nissiblu%20Beach%20Resort&amp;address=Ayia%20Napa%2C%20Kypr\" target=\"_blank\" rel=\"noopener nofollow sponsored\">Nissiblu Beach Resort<\/a><\/strong> (Ayia Napa): En modern femstj\u00e4rnig p\u00e4rla som ligger direkt vid den ber\u00f6mda stranden Nissi Beach, s\u00e5 du har bokstavligen n\u00e5gra steg till vattnet.<\/li>\n\n\n\n<li><strong><a href=\"https:\/\/www.stay22.com\/allez\/roam?aid=lukaskonecny&amp;campaign=loudavymkrokemcz&amp;campaign=dovolena-kypr&amp;hotelname=Adams%20Beach%20Hotel%20%26%20Spa&amp;address=Ayia%20Napa%2C%20Kypr\" target=\"_blank\" rel=\"noopener nofollow sponsored\">Adams Beach Hotel &amp; Spa<\/a><\/strong> (Ayia Napa): En mycket vidstr\u00e4ckt resort med egen privat strand, d\u00e4r du utm\u00e4rkt g\u00f6mmer dig undan sommarens folkmassor.<\/li>\n\n\n\n<li><strong><a href=\"https:\/\/www.stay22.com\/allez\/roam?aid=lukaskonecny&amp;campaign=loudavymkrokemcz&amp;campaign=dovolena-kypr&amp;hotelname=Parklane%2C%20a%20Luxury%20Collection%20Resort%20%26%20Spa&amp;address=Limassol%2C%20Kypr\" target=\"_blank\" rel=\"noopener nofollow sponsored\">Parklane, a Luxury Collection Resort &amp; Spa<\/a><\/strong> (Limassol): En f\u00f6rstklassig och mycket elegant resort med en underbar lagun som tillfredsst\u00e4ller \u00e4ven de mest kr\u00e4vande g\u00e4sterna.<\/li>\n<\/ul>\n\n\n\n<h2 id=\"Vad_man_ater_pa_Cypern_paradis_for_vegetarianer\" class=\"wp-block-heading\"><span class=\"ez-toc-section\" id=\"Vad_man_ater_pa_Cypern_paradis_for_vegetarianer\"><\/span>Vad man \u00e4ter p\u00e5 Cypern: paradis f\u00f6r vegetarianer<span class=\"ez-toc-section-end\"><\/span><\/h2>\n\n\n\n<p class=\"wp-block-paragraph\">Det cypriotiska k\u00f6ket kombinerar lekfullt de b\u00e4sta grekiska och mellan\u00f6sternska influenserna, s\u00e5 p\u00e5 tallriken f\u00e5r du alltid massor av sol och f\u00e4rska \u00f6rter. <strong>En enorm f\u00f6rdel \u00e4r den stora betoningen p\u00e5 lokala gr\u00f6nsaker och ostar<\/strong>, vilket g\u00f6r \u00f6n till en helt fantastisk destination f\u00f6r alla som inte \u00e4ter k\u00f6tt. Sj\u00e4lvklart \u00e4r \u00f6n \u00e4ven ber\u00f6md f\u00f6r k\u00f6ttspecialiteter som det l\u00e5ngsamt bakade lammet kleftiko eller de traditionella korvarna sheftalia, som l\u00e4r dofta i varje gath\u00f6rn, men vi fokuserar p\u00e5 det som gl\u00e4der vegetarianer.<\/p>\n\n\n\n<figure data-wp-context=\"{&quot;imageId&quot;:&quot;6a9944e491224&quot;}\" data-wp-interactive=\"core\/image\" data-wp-key=\"6a9944e491224\" class=\"wp-block-image size-full wp-lightbox-container\"><img decoding=\"async\" width=\"1500\" height=\"1125\" data-wp-class--hide=\"state.isContentHidden\" data-wp-class--show=\"state.isContentVisible\" data-wp-init=\"callbacks.setButtonStyles\" data-wp-on--click=\"actions.showLightbox\" data-wp-on--load=\"callbacks.setButtonStyles\" data-wp-on--pointerdown=\"actions.preloadImage\" data-wp-on--pointerenter=\"actions.preloadImageWithDelay\" data-wp-on--pointerleave=\"actions.cancelPreload\" data-wp-on-window--resize=\"callbacks.setButtonStyles\" src=\"https:\/\/loudavymkrokem.cz\/wp-content\/uploads\/2026\/08\/dovolena-kypr-food.jpg\" alt=\"Halloumi, osten som kommer fr\u00e5n Cypern\" class=\"wp-image-399930\" title=\"\" srcset=\"https:\/\/loudavymkrokem.cz\/wp-content\/uploads\/2026\/08\/dovolena-kypr-food.jpg 1500w, https:\/\/loudavymkrokem.cz\/wp-content\/uploads\/2026\/08\/dovolena-kypr-food-300x225.jpg 300w, https:\/\/loudavymkrokem.cz\/wp-content\/uploads\/2026\/08\/dovolena-kypr-food-700x525.jpg 700w, https:\/\/loudavymkrokem.cz\/wp-content\/uploads\/2026\/08\/dovolena-kypr-food-768x576.jpg 768w, https:\/\/loudavymkrokem.cz\/wp-content\/uploads\/2026\/08\/dovolena-kypr-food-80x60.jpg 80w, https:\/\/loudavymkrokem.cz\/wp-content\/uploads\/2026\/08\/dovolena-kypr-food-160x120.jpg 160w, https:\/\/loudavymkrokem.cz\/wp-content\/uploads\/2026\/08\/dovolena-kypr-food-696x522.jpg 696w, https:\/\/loudavymkrokem.cz\/wp-content\/uploads\/2026\/08\/dovolena-kypr-food-1392x1044.jpg 1392w\" sizes=\"(max-width: 1500px) 100vw, 1500px\" \/><button\n\t\t\tclass=\"lightbox-trigger\"\n\t\t\ttype=\"button\"\n\t\t\taria-haspopup=\"dialog\"\n\t\t\tdata-wp-bind--aria-label=\"state.thisImage.triggerButtonAriaLabel\"\n\t\t\tdata-wp-init=\"callbacks.initTriggerButton\"\n\t\t\tdata-wp-on--click=\"actions.showLightbox\"\n\t\t\tdata-wp-style--right=\"state.thisImage.buttonRight\"\n\t\t\tdata-wp-style--top=\"state.thisImage.buttonTop\"\n\t\t>\n\t\t\t<svg xmlns=\"http:\/\/www.w3.org\/2000\/svg\" width=\"12\" height=\"12\" fill=\"none\" viewBox=\"0 0 12 12\">\n\t\t\t\t<path fill=\"#fff\" d=\"M2 0a2 2 0 0 0-2 2v2h1.5V2a.5.5 0 0 1 .5-.5h2V0H2Zm2 10.5H2a.5.5 0 0 1-.5-.5V8H0v2a2 2 0 0 0 2 2h2v-1.5ZM8 12v-1.5h2a.5.5 0 0 0 .5-.5V8H12v2a2 2 0 0 1-2 2H8Zm2-12a2 2 0 0 1 2 2v2h-1.5V2a.5.5 0 0 0-.5-.5H8V0h2Z\" \/>\n\t\t\t<\/svg>\n\t\t<\/button><figcaption class=\"wp-element-caption\">Halloumi, osten som kommer fr\u00e5n Cypern (Foto: Hmioannou \/ Wikimedia Commons, CC BY 3.0)<\/figcaption><\/figure>\n\n\n\n<p class=\"wp-block-paragraph\">Vid bes\u00f6k p\u00e5 de lokala tavernorna g\u00f6r du absolut inget fel om du provar olika sm\u00e5 f\u00f6rr\u00e4tter och delar dem med v\u00e4nner vid bordet. <strong>G\u00e4stfrihet tas h\u00e4r p\u00e5 stort allvar<\/strong>, s\u00e5 portionerna brukar vara riktigt gener\u00f6sa och ofta f\u00e5r du dessutom n\u00e5gon liten uppm\u00e4rksamhet fr\u00e5n st\u00e4llet.<\/p>\n\n\n\n<ul class=\"wp-block-list\">\n<li><strong>halloumi<\/strong>: Denna ber\u00f6mda ost av f\u00e5r- och getmj\u00f6lk kommer direkt fr\u00e5n Cypern, den grillas vackert, sm\u00e4lter inte alls och smakar helt gudomligt.<\/li>\n\n\n\n<li><strong>meze<\/strong>: En traditionell festm\u00e5ltid som best\u00e5r av tjugo eller fler sm\u00e5 tallrikar, och m\u00e5nga tavernor erbjuder \u00e4ven en komplett vegetarisk meze full av dippar och ostar.<\/li>\n\n\n\n<li><strong>kolokotes<\/strong>: Traditionella och helt vegetariska piroger som fylls med s\u00f6t pumpa, russin och vete, vilket skapar en v\u00e4ldigt intressant smakkombination.<\/li>\n\n\n\n<li><strong>louvi<\/strong>: En h\u00e4lsosam och rej\u00e4l r\u00e4tt av svart\u00f6gda b\u00f6nor kokta med f\u00e4rsk bladgr\u00f6nsak, som rikligt v\u00e4nds med citron och olivolja.<\/li>\n\n\n\n<li><strong>gemista<\/strong>: Mjukbakade gr\u00f6nsaker fyllda med ris och \u00f6rter, oftast \u00e4r det stora tomater, paprika eller zucchini.<\/li>\n\n\n\n<li><strong>kolokythokeftedes<\/strong>: Uts\u00f6kta friterade zucchinibiffar med fetaost och f\u00e4rsk mynta, som smakar perfekt med en yoghurtdipp.<\/li>\n\n\n\n<li><strong>anari med johannesbr\u00f6dsirap<\/strong>: En f\u00e4rsk vassleost med mild smak, som h\u00e4lls \u00f6ver med sirap av johannesbr\u00f6d och serveras som en typisk l\u00e4tt dessert.<\/li>\n\n\n\n<li><strong>Commandaria<\/strong>: Ett s\u00f6tt dessertvin i b\u00e4rnstensf\u00e4rg, om vilket det g\u00e4rna s\u00e4gs att det \u00e4r det \u00e4ldsta fortfarande tillverkade vinet i hela v\u00e4rlden.<\/li>\n<\/ul>\n\n\n\n<p class=\"wp-block-paragraph\">\ud83d\udca1 TIPS: Om du best\u00e4ller en vegetarisk meze p\u00e5 restaurangen serveras den alltid f\u00f6r hela bordet och det \u00e4r en helt enorm m\u00e4ngd. Best\u00e4ll absolut inte en huvudr\u00e4tt till, f\u00f6r du skulle garanterat inte orka \u00e4ta upp det. \ud83d\ude05<\/p>\n\n\n\n<h2 id=\"Transport_pa_Cypern_bil_bussar_och_att_ta_sig_norrut\" class=\"wp-block-heading\"><span class=\"ez-toc-section\" id=\"Transport_pa_Cypern_bil_bussar_och_att_ta_sig_norrut\"><\/span>Transport p\u00e5 Cypern: bil, bussar och att ta sig norrut<span class=\"ez-toc-section-end\"><\/span><\/h2>\n\n\n\n<p class=\"wp-block-paragraph\">Att r\u00f6ra sig p\u00e5 \u00f6n har sina s\u00e4rdrag och det \u00e4r bra att f\u00f6rbereda sig p\u00e5 dem i f\u00f6rv\u00e4g, s\u00e5 att du inte blir on\u00f6digt \u00f6verraskad p\u00e5 plats. <strong>Den st\u00f6rsta utmaningen f\u00f6r oss brukar vara k\u00f6rningen<\/strong>, f\u00f6r Cypern har fr\u00e5n tiden under brittiskt styre beh\u00e5llit massor av vanor som pr\u00e4glar vardagslivet. Direkt efter ankomsten uppt\u00e4cker du ocks\u00e5 att du beh\u00f6ver en adapter till elektroniken, f\u00f6r h\u00e4r fungerar klassiska brittiska eluttag av typ G med tre stift.<\/p>\n\n\n\n<h3 id=\"Man_kor_pa_vanster_sida\" class=\"wp-block-heading\"><span class=\"ez-toc-section\" id=\"Man_kor_pa_vanster_sida\"><\/span>Man k\u00f6r p\u00e5 v\u00e4nster sida<span class=\"ez-toc-section-end\"><\/span><\/h3>\n\n\n\n<p class=\"wp-block-paragraph\">Som ett arv efter britterna k\u00f6r man p\u00e5 hela \u00f6n strikt p\u00e5 v\u00e4nster sida, vilket man m\u00e5ste r\u00e4kna med redan vid \u00f6vertagandet av bilen i uthyrningen. Alla bilar har ratten p\u00e5 h\u00f6ger sida och v\u00e4xelspaken sk\u00f6ter du med v\u00e4nster hand, s\u00e5 resen\u00e4rer rekommenderar ofta att betala extra f\u00f6r automatl\u00e5da, vilket besparar dig mycket stress. <strong>\u00c4gna s\u00e4rskild uppm\u00e4rksamhet \u00e5t rondellerna<\/strong>, i vilka man k\u00f6r medurs, vilket hj\u00e4rnan i b\u00f6rjan har lite sv\u00e5rt att ta till sig.<\/p>\n\n\n\n<h3 id=\"Bussar_kontra_hyrbil\" class=\"wp-block-heading\"><span class=\"ez-toc-section\" id=\"Bussar_kontra_hyrbil\"><\/span>Bussar kontra hyrbil<span class=\"ez-toc-section-end\"><\/span><\/h3>\n\n\n\n<p class=\"wp-block-paragraph\">Intercitybussarna fungerar p\u00e5 \u00f6ns s\u00f6dra del ganska tillf\u00f6rlitligt och relativt billigt, och med dem f\u00f6rbinder du alla de stora huvudst\u00e4derna l\u00e4ngs kusten. Men om du planerar att bege dig till de svalkande Troodosbergen, till den vilda Akamashalv\u00f6n eller till startpunkterna f\u00f6r de b\u00e4sta vandringarna, <strong>tar du dig dit i praktiken bara med hyrbil<\/strong>. Kollektivtrafiken till mer avl\u00e4gsna platser g\u00e5r antingen inte alls eller bara en g\u00e5ng om dagen, s\u00e5 utan egen bil missar du de vackraste naturscenerierna.<\/p>\n\n\n\n<h3 id=\"Hur_du_korsar_den_grona_linjen_norrut\" class=\"wp-block-heading\"><span class=\"ez-toc-section\" id=\"Hur_du_korsar_den_grona_linjen_norrut\"><\/span>Hur du korsar den gr\u00f6na linjen norrut<span class=\"ez-toc-section-end\"><\/span><\/h3>\n\n\n\n<p class=\"wp-block-paragraph\">\u00d6n \u00e4r sedan 1974 delad av en FN-buffertzon i den s\u00f6dra Republiken Cypern och Nordcypern, varvid Nicosia fungerar som Europas sista delade huvudstad. Denna gr\u00f6na linje g\u00e5r att korsa vid officiella gr\u00e4ns\u00f6verg\u00e5ngar, men du <strong>beh\u00f6ver alltid ha ett giltigt pass med dig<\/strong>, eftersom ett vanligt ID-kort ibland inte r\u00e4cker f\u00f6r tj\u00e4nstem\u00e4nnen och de skulle kunna skicka tillbaka dig. I norr betalar man ocks\u00e5 med turkiska lira, och \u00e4ven om euro accepteras p\u00e5 m\u00e5nga st\u00e4llen brukar v\u00e4xelkursen vara mycket of\u00f6rdelaktig.<\/p>\n\n\n\n<p class=\"wp-block-paragraph\">Det st\u00f6rsta miss\u00f6det f\u00f6r turister uppst\u00e5r med hyrbilar, f\u00f6r med en bil hyrd i s\u00f6der f\u00e5r du \u00e5ka norrut endast med din uthyrares uttryckliga godk\u00e4nnande. Dessutom g\u00e4ller din s\u00f6dra f\u00f6rs\u00e4kring p\u00e5 inga villkor i norr och du <strong>m\u00e5ste k\u00f6pa en tillf\u00e4llig turkisk f\u00f6rs\u00e4kring direkt vid gr\u00e4ns\u00f6verg\u00e5ngen<\/strong>. Med en bil hyrd i norr f\u00e5r man sedan inte k\u00f6ra s\u00f6derut alls, s\u00e5 var mycket f\u00f6rsiktig med det.<\/p>\n\n\n\n<h2 id=\"Vad_kostar_en_resa_till_Cypern\" class=\"wp-block-heading\"><span class=\"ez-toc-section\" id=\"Vad_kostar_en_resa_till_Cypern\"><\/span>Vad kostar en resa till Cypern<span class=\"ez-toc-section-end\"><\/span><\/h2>\n\n\n\n<p class=\"wp-block-paragraph\">Budgeten f\u00f6r resan beror fr\u00e4mst p\u00e5 vilken m\u00e5nad du best\u00e4mmer dig f\u00f6r att \u00e5ka, f\u00f6r i juli och augusti skjuter priserna p\u00e5 boende brant i h\u00f6jden. <strong>Cypern \u00e4r generellt dyrare \u00e4n fastlandsgrekland<\/strong> och kostar prism\u00e4ssigt betydligt mer \u00e4n det popul\u00e4ra Bulgarien, men utanf\u00f6r h\u00f6gs\u00e4songen kan priserna sjunka behagligt. Alla tj\u00e4nster betalar man i s\u00f6der med euro och i turistomr\u00e5den klarar du dig utan problem med betalkort.<\/p>\n\n\n\n<p class=\"wp-block-paragraph\">Nedan anger jag en ungef\u00e4rlig uppskattning av kostnaderna f\u00f6r tv\u00e5 personer under en vecka, s\u00e5 att du f\u00e5r en b\u00e4ttre bild av den totala budgeten. Ta beloppen med en nypa salt, f\u00f6r mycket beror p\u00e5 din resestil.<\/p>\n\n\n\n<ul class=\"wp-block-list\">\n<li><strong>Flygbiljetter:<\/strong> Fr\u00e5n Stockholm g\u00e5r direktflyg till Larnaka och Paphos p\u00e5 ungef\u00e4r 4 timmar, en tur-och-retur-biljett kostar oftast 100 till 250 \u20ac (1150 till 2900 kr) per person.<\/li>\n\n\n\n<li><strong>Boende:<\/strong> F\u00f6r ett hyfsat dubbelrum betalar du fr\u00e5n 60 \u20ac till 150 \u20ac per natt (700 till 1700 kr), lyxresorter kostar l\u00e4tt tredubbelt.<\/li>\n\n\n\n<li><strong>Mat:<\/strong> Lunch eller middag p\u00e5 en genomsnittlig taverna g\u00e5r p\u00e5 15 till 25 \u20ac (170 till 290 kr) per person, s\u00e5 under en vecka \u00e4ter du upp ungef\u00e4r 350 till 500 \u20ac (4000 till 5750 kr).<\/li>\n\n\n\n<li><strong>Hyrbil:<\/strong> En liten bil med f\u00f6rs\u00e4kring kostar runt 30 till 50 \u20ac per dag (350 till 575 kr), en veckas hyra inklusive bensin sv\u00e4ljer ungef\u00e4r 300 \u20ac (3450 kr).<\/li>\n\n\n\n<li><strong>Intr\u00e4den och aktiviteter:<\/strong> Intr\u00e4det till arkeologiska parker brukar vara mycket billigt, oftast 4 till 5 \u20ac (45 till 60 kr), s\u00e5 under en vecka r\u00e4cker en budget p\u00e5 runt 40 \u20ac (460 kr).<\/li>\n<\/ul>\n\n\n\n<p class=\"wp-block-paragraph\">\ud83d\udca1 TIPS: Om du vill spara en rej\u00e4l del av budgeten direkt fr\u00e5n start, kika p\u00e5 v\u00e5r detaljerade guide om <a href=\"https:\/\/loudavymkrokem.cz\/sv\/hitta-billiga-flyg-tips\/\">hur du hittar billiga flygbiljetter<\/a>, d\u00e4r du hittar massor av anv\u00e4ndbara r\u00e5d.<\/p>\n\n\n\n<h2 id=\"Vad_du_ska_se_upp_med_pa_Cypern\" class=\"wp-block-heading\"><span class=\"ez-toc-section\" id=\"Vad_du_ska_se_upp_med_pa_Cypern\"><\/span>Vad du ska se upp med p\u00e5 Cypern<span class=\"ez-toc-section-end\"><\/span><\/h2>\n\n\n\n<p class=\"wp-block-paragraph\">Varje land har sina sm\u00e5 fallgropar och det \u00e4r b\u00e4ttre att k\u00e4nna till dem i f\u00f6rv\u00e4g \u00e4n att l\u00e5ta dem f\u00f6rst\u00f6ra sina v\u00e4lf\u00f6rtj\u00e4nta lediga dagar. <strong>De st\u00f6rsta riskerna h\u00e4r h\u00e4rr\u00f6r inte fr\u00e5n kriminalitet<\/strong>, f\u00f6r \u00f6n h\u00f6r till de allra s\u00e4kraste platserna, utan snarare fr\u00e5n lokala regler och det kompromissl\u00f6sa klimatet. Officiella spr\u00e5k \u00e4r grekiska och turkiska, men tack vare den starka brittiska historien klarar du dig med engelska helt vardagligt och \u00f6verallt.<\/p>\n\n\n\n<ul class=\"wp-block-list\">\n<li><strong>V\u00e4nstertrafik:<\/strong> Hj\u00e4rnan gl\u00f6mmer ibland att du k\u00f6r p\u00e5 v\u00e4nster sida, s\u00e5 det l\u00f6nar sig med maximal f\u00f6rsiktighet framf\u00f6r allt vid infart i rondeller och vid gatukorsning till fots.<\/li>\n\n\n\n<li><strong>F\u00f6rs\u00e4kring och bil i norr:<\/strong> K\u00f6r aldrig med hyrbil norrut utan uthyrarens godk\u00e4nnande och k\u00f6p alltid en turkisk f\u00f6rs\u00e4kring vid gr\u00e4nsen, annars betalar du allt ur egen ficka vid en olycka.<\/li>\n\n\n\n<li><strong>Pass f\u00f6r att korsa den gr\u00f6na linjen:<\/strong> F\u00f6r att bes\u00f6ka \u00f6ns norra del beh\u00f6ver du pass, enbart ett ID-kort r\u00e4cker ofta inte och tullarna skickar tillbaka dig vid kontrollen.<\/li>\n\n\n\n<li><strong>Extrem hetta p\u00e5 sommaren:<\/strong> I juli och augusti r\u00e5der verkligt br\u00e4nnande temperaturer, till exempel Larnaka har vanligtvis ett snitt p\u00e5 33,4 \u00b0C, vilket kan vara outh\u00e4rdligt f\u00f6r k\u00e4nsligare naturer.<\/li>\n\n\n\n<li><strong>Stark sol vid minnesm\u00e4rkena:<\/strong> Arkeologiska platser som Paphos eller Kourion har n\u00e4stan ingen skugga, s\u00e5 bege dig dit tidigt p\u00e5 morgonen med gott om vatten och en huvudbonad.<\/li>\n\n\n\n<li><strong>Maneter och sj\u00f6borrar:<\/strong> Kring de steniga uddarna st\u00f6ter du ibland p\u00e5 sj\u00f6borrar, s\u00e5 badskor g\u00f6r verkligen nytta, och p\u00e5 sommaren kan maneter i undantagsfall dyka upp vid kusten.<\/li>\n\n\n\n<li><strong>Avst\u00e4ngningar av Avakasravinen:<\/strong> Om det regnar brukar den popul\u00e4ra Avakasravinen kompromissl\u00f6st st\u00e4ngas av f\u00f6r alla turister p\u00e5 grund av risken f\u00f6r fallande sten och pl\u00f6tsliga \u00f6versv\u00e4mningar.<\/li>\n<\/ul>\n\n\n\n<h2 id=\"Cypern_med_barn\" class=\"wp-block-heading\"><span class=\"ez-toc-section\" id=\"Cypern_med_barn\"><\/span>Cypern med barn<span class=\"ez-toc-section-end\"><\/span><\/h2>\n\n\n\n<p class=\"wp-block-paragraph\">Lokalborna \u00e4lskar barnfamiljer och p\u00e5 restaurangerna kommer de aldrig att se snett p\u00e5 dig n\u00e4r ditt barn just inte har sin b\u00e4sta dag. <strong>\u00d6n erbjuder utm\u00e4rkt infrastruktur f\u00f6r sm\u00e5 resen\u00e4rer<\/strong>, fr\u00e5n trygga resorter till intressanta attraktioner d\u00e4r hela familjen roar sig. Tack vare att du \u00f6verallt f\u00e5r tag p\u00e5 grundl\u00e4ggande barnprodukter och bl\u00f6jor beh\u00f6ver du inte sl\u00e4pa med dig on\u00f6digt \u00f6verfulla v\u00e4skor hemifr\u00e5n.<\/p>\n\n\n\n<ul class=\"wp-block-list\">\n<li><strong>Fig Tree Bay och Nissi Beach:<\/strong> Dessa tv\u00e5 ryktbara str\u00e4nder har underbart grunt vatten och fin sand, s\u00e5 barnen kan leka tryggt h\u00e4r i timmar.<\/li>\n\n\n\n<li><strong>WaterWorld i Ayia Napa:<\/strong> Det enorma \u00e4ventyrsbadet med tema fr\u00e5n det antika Grekland l\u00e4r h\u00f6ra till de b\u00e4sta i Europa och kan utan problem underh\u00e5lla b\u00e5de \u00e4ldre och yngre barn en hel dag.<\/li>\n\n\n\n<li><strong>Havssk\u00f6ldpaddor i Lara Bay:<\/strong> Under kl\u00e4ckningss\u00e4songen kan du p\u00e5 den halvvilda stranden Lara Bay f\u00f6rsiktigt observera skyddade sk\u00f6ldpaddsbon, vilket brukar vara en enorm upplevelse f\u00f6r barn.<\/li>\n\n\n\n<li><strong>Korta avst\u00e5nd och engelska:<\/strong> Barnen blir inte uttr\u00e5kade av l\u00e5nga bilf\u00e4rder och ett eventuellt problem hos l\u00e4karen l\u00f6ser du enkelt med flytande engelska.<\/li>\n\n\n\n<li><strong>Troodosbergen som flykt fr\u00e5n hettan:<\/strong> N\u00e4r det \u00e4r f\u00f6r hett vid havet \u00e4r det alltid n\u00e5gra grader svalare i de skogkl\u00e4dda bergen och du hittar d\u00e4r massor av l\u00e4tta promenader.<\/li>\n<\/ul>\n\n\n\n<h2 id=\"Vart_ska_du_akta_dig_fler_tips_pa_semester_vid_havet\" class=\"wp-block-heading\"><span class=\"ez-toc-section\" id=\"Vart_harnast_fler_tips_pa_semester_vid_havet\"><\/span>Vart h\u00e4rn\u00e4st: fler tips p\u00e5 semester vid havet<span class=\"ez-toc-section-end\"><\/span><\/h2>\n\n\n\n<p class=\"wp-block-paragraph\">Om du fortfarande inte riktigt vet vart du ska \u00e5ka i \u00e5r och \u00f6verv\u00e4ger flera alternativ, har vi f\u00f6rberett massor av andra guider \u00e5t dig. <strong>Medelhavet erbjuder or\u00e4kneliga vackra \u00f6ar<\/strong>, s\u00e5 du v\u00e4ljer garanterat r\u00e4tt bit strand precis efter din smak. Kika p\u00e5 v\u00e5ra favoritartiklar, som hj\u00e4lper dig med planeringen och besparar dig timmar av letande p\u00e5 internet.<\/p>\n\n\n\n<ul class=\"wp-block-list\">\n<li><a href=\"https:\/\/loudavymkrokem.cz\/sv\/semester-i-september-resmaal\/\">Vart p\u00e5 semester i september<\/a><\/li>\n\n\n\n<li><a href=\"https:\/\/loudavymkrokem.cz\/sv\/nar-aka-till-grekland-vader\/\">N\u00e4r \u00e5ka till Grekland<\/a><\/li>\n\n\n\n<li><a href=\"https:\/\/loudavymkrokem.cz\/sv\/semester-rhodos-basta-tips\/\">Semester p\u00e5 Rhodos<\/a><\/li>\n\n\n\n<li><a href=\"https:\/\/loudavymkrokem.cz\/sv\/hitta-billiga-flyg-tips\/\">Hur du hittar billiga flygbiljetter<\/a><\/li>\n\n\n\n<li><a href=\"https:\/\/loudavymkrokem.cz\/jak-vybrat-cestovni-pojisteni-na-dovolenou\/\">Resef\u00f6rs\u00e4kring<\/a><\/li>\n<\/ul>\n\n\n\n<h2 id=\"Vanliga_fragor\" class=\"wp-block-heading\"><span class=\"ez-toc-section\" id=\"Vanliga_fragor\"><\/span>Vanliga fr\u00e5gor<span class=\"ez-toc-section-end\"><\/span><\/h2>\n\n\n\n<p class=\"wp-block-paragraph\">Ibland dyker det upp massor av sm\u00e5 fr\u00e5gor n\u00e4r man planerar en resa, som du beh\u00f6ver reda ut snabbt. Vi har d\u00e4rf\u00f6r satt ihop de vanligaste sakerna folk fr\u00e5gar om f\u00f6re avresan, s\u00e5 att du har all viktig information samlad p\u00e5 ett st\u00e4lle och inte sl\u00f6sar tid p\u00e5 att leta i forum.<\/p>\n\n\n<div id=\"rank-math-faq\" class=\"rank-math-block\">\n<div class=\"rank-math-list \">\n<div id=\"faq-question-1787756940000\" class=\"rank-math-list-item\">\n<h3 class=\"rank-math-question \"><span class=\"ez-toc-section\" id=\"Nar_ar_den_basta_tiden_att_aka_till_Cypern\"><\/span>N\u00e4r \u00e4r den b\u00e4sta tiden att \u00e5ka till Cypern?<span class=\"ez-toc-section-end\"><\/span><\/h3>\n<div class=\"rank-math-answer \">\n\n<p>Den idealiska tiden att bes\u00f6ka \u00f6n \u00e4r fr\u00e5n april till juni och sedan fr\u00e5n september till november, d\u00e5 undviker du de v\u00e4rsta sommarextremerna. Enligt l\u00e5ngtidsstatistik r\u00e5der det verkligen kv\u00e4vande hetta i augusti, d\u00e5 medeltemperaturerna stiger till 32,4 \u00b0C, vilket g\u00f6r det mycket sv\u00e5rt att bes\u00f6ka sev\u00e4rdheter. D\u00e4remot kan resen\u00e4rer inte f\u00e5 nog av h\u00f6stm\u00e5naderna, eftersom havet \u00e4r h\u00e4rligt uppv\u00e4rmt efter hela sommaren. Faktiskt har vattnet behagliga 24,5 \u00b0C \u00e4ven i november, s\u00e5 du kan utan problem v\u00e4rma dig och njuta av bad utan folkmassor.<\/p>\n\n<\/div>\n<\/div>\n<div id=\"faq-question-1787756940001\" class=\"rank-math-list-item\">\n<h3 class=\"rank-math-question \"><span class=\"ez-toc-section\" id=\"Hur_lange_behover_du_pa_Cypern\"><\/span>Hur l\u00e4nge beh\u00f6ver du p\u00e5 Cypern?<span class=\"ez-toc-section-end\"><\/span><\/h3>\n<div class=\"rank-math-answer \">\n\n<p>Om du bara vill koppla av i ett omr\u00e5de och utforska dess n\u00e4rmaste omgivning r\u00e4cker fem dagar mer \u00e4n v\u00e4l. F\u00f6r en klassisk semester, n\u00e4r du planerar att \u00e5ka genom hela s\u00f6dra delen av \u00f6n fr\u00e5n Paphos till Ayia Napa, b\u00f6r du idealt reservera en hel vecka s\u00e5 att du inte beh\u00f6ver stressa i on\u00f6dan. Resen\u00e4rer som vill inkludera pittoreska bergsbyar i Troodosbergen och dessutom g\u00f6ra en utflykt till den norra delen v\u00e4ljer oftast en tiodagarsrutt. Under tio dagar hinner du suga i dig den lokala atmosf\u00e4ren och bes\u00f6ka de mest intressanta historiska sev\u00e4rdheterna helt i lugn och ro.<\/p>\n\n<\/div>\n<\/div>\n<div id=\"faq-question-1787756940002\" class=\"rank-math-list-item\">\n<h3 class=\"rank-math-question \"><span class=\"ez-toc-section\" id=\"Kan_man_bada_pa_Cypern_i_oktober_och_november\"><\/span>Kan man bada p\u00e5 Cypern i oktober och november?<span class=\"ez-toc-section-end\"><\/span><\/h3>\n<div class=\"rank-math-answer \">\n\n<p>Ja, \u00f6n har f\u00f6rmodligen den absolut l\u00e4ngsta bads\u00e4songen i hela Europa och h\u00f6stbad \u00e4r helt fantastiskt h\u00e4r. I oktober har havet h\u00e4rliga 26,7 \u00b0C, vilket f\u00f6r m\u00e5nga \u00e4r mycket behagligare \u00e4n ett uppv\u00e4rmt badkar mitt i sommaren. I november sjunker vattentemperaturen n\u00e5got, men h\u00e5ller sig fortfarande p\u00e5 behagliga 24,5 \u00b0C, s\u00e5 h\u00e4rdade natur kastar sig i v\u00e5gorna med enorm gl\u00e4dje. Luften \u00e4r visserligen inte lika varm l\u00e4ngre, men solen v\u00e4rmer fortfarande sk\u00f6nt och str\u00e4nderna lyser med behaglig tomhet.<\/p>\n\n<\/div>\n<\/div>\n<div id=\"faq-question-1787756940003\" class=\"rank-math-list-item\">\n<h3 class=\"rank-math-question \"><span class=\"ez-toc-section\" id=\"Behover_jag_bil_pa_Cypern\"><\/span>Beh\u00f6ver jag bil p\u00e5 Cypern?<span class=\"ez-toc-section-end\"><\/span><\/h3>\n<div class=\"rank-math-answer \">\n\n<p>Det beror fr\u00e4mst p\u00e5 vilken typ av semester du planerar. Om du t\u00e4nker stanna bara vid kusten och ibland \u00e5ka mellan de stora st\u00e4derna beh\u00f6ver du inte n\u00f6dv\u00e4ndigtvis bil, eftersom bussarna fungerar ganska bra. Men om du vill \u00e5ka upp i Troodosbergen, utforska den avl\u00e4gsna Akamas-halv\u00f6n eller uppt\u00e4cka avl\u00e4gsna str\u00e4nder kommer du verkligen inte klara dig utan en hyrbil. Gl\u00f6m dock inte att man h\u00e4r k\u00f6r strikt v\u00e4nster, vilket kan vara lite stressande i b\u00f6rjan f\u00f6r vissa f\u00f6rare.<\/p>\n\n<\/div>\n<\/div>\n<div id=\"faq-question-1787756940004\" class=\"rank-math-list-item\">\n<h3 class=\"rank-math-question \"><span class=\"ez-toc-section\" id=\"Kan_jag_ta_mig_fran_sodra_till_norra_Cypern\"><\/span>Kan jag ta mig fr\u00e5n s\u00f6dra till norra Cypern?<span class=\"ez-toc-section-end\"><\/span><\/h3>\n<div class=\"rank-math-answer \">\n\n<p>Korsning av den Gr\u00f6na linjen \u00e4r m\u00f6jlig via officiella gr\u00e4ns\u00f6verg\u00e5ngar, men du beh\u00f6ver alltid ett giltigt pass, eftersom du med ID-kort kan st\u00f6ta p\u00e5 problem. Med en bil hyrd i s\u00f6der f\u00e5r du \u00e5ka till norr endast med uttryckligt godk\u00e4nnande fr\u00e5n ditt hyresbolag och du m\u00e5ste p\u00e5 gr\u00e4nsen k\u00f6pa tillf\u00e4llig turkisk f\u00f6rs\u00e4kring. \u00c5t andra h\u00e5llet fungerar det dock inte alls, med en bil hyrd i norr f\u00e5r du under inga omst\u00e4ndigheter \u00e5ka till s\u00f6der, s\u00e5 var verkligen extremt f\u00f6rsiktig med det.<\/p>\n\n<\/div>\n<\/div>\n<div id=\"faq-question-1787756940005\" class=\"rank-math-list-item\">\n<h3 class=\"rank-math-question \"><span class=\"ez-toc-section\" id=\"Ar_Cypern_dyrt\"><\/span>\u00c4r Cypern dyrt?<span class=\"ez-toc-section-end\"><\/span><\/h3>\n<div class=\"rank-math-answer \">\n\n<p>Generellt kan man s\u00e4ga att \u00f6n \u00e4r n\u00e5got dyrare \u00e4n fastlandsGrekland och betydligt dyrare \u00e4n popul\u00e4ra Bulgarien. Den st\u00f6rsta budgetposten \u00e4r vanligtvis boende under h\u00f6gs\u00e4songen p\u00e5 sommaren, d\u00e5 hotellpriser stiger till svindlande h\u00f6jder, och bilhyran \u00e4ter ocks\u00e5 upp en hel del pengar. Men om du \u00e5ker utanf\u00f6r de mest belastade m\u00e5naderna faller priserna p\u00e5 boende behagligt och semestern kan skaffas f\u00f6r mycket rimliga pengar. Mat p\u00e5 tavernor h\u00e5ller sig mer eller mindre stabilt i pris och kvaliteten p\u00e5 portionerna \u00e4r garanterat v\u00e4rd pengarna.<\/p>\n\n<\/div>\n<\/div>\n<div id=\"faq-question-1787756940006\" class=\"rank-math-list-item\">\n<h3 class=\"rank-math-question \"><span class=\"ez-toc-section\" id=\"Hur_ar_maten_pa_Cypern_for_vegetarianer\"><\/span>Hur \u00e4r maten p\u00e5 Cypern f\u00f6r vegetarianer?<span class=\"ez-toc-section-end\"><\/span><\/h3>\n<div class=\"rank-math-answer \">\n\n<p>Det lokala k\u00f6ket \u00e4r helt fantastiskt f\u00f6r personer utan k\u00f6tt och du kommer definitivt inte att sv\u00e4lta h\u00e4r. \u00d6n \u00e4r hem f\u00f6r den ber\u00f6mda halloumiost, som \u00e4r utm\u00e4rkt grillad, och varje bra taverna tillagar g\u00e4rna gener\u00f6sa vegetariska meze fulla med dippar och sallader. Du b\u00f6r tydligen ocks\u00e5 smaka traditionella kolokotes fyllda med pumpa, den rej\u00e4la r\u00e4tten louvi fr\u00e5n svart\u00f6gda \u00e4rtor eller popul\u00e4ra gemistu, vilket \u00e4r gr\u00f6nsaker fyllda med ris. Utbudet av k\u00f6ttfria r\u00e4tter \u00e4r s\u00e5 brett att du inte kommer att veta vad du ska v\u00e4lja f\u00f6rst fr\u00e5n menyn.<\/p>\n\n<\/div>\n<\/div>\n<div id=\"faq-question-1787756940007\" class=\"rank-math-list-item\">\n<h3 class=\"rank-math-question \"><span class=\"ez-toc-section\" id=\"Ar_Cypern_sakert\"><\/span>\u00c4r Cypern s\u00e4kert?<span class=\"ez-toc-section-end\"><\/span><\/h3>\n<div class=\"rank-math-answer \">\n\n<p>\u00d6n h\u00f6r stabilt till de absolut s\u00e4kraste l\u00e4nderna i hela Europa och n\u00e4r det g\u00e4ller vanlig brottslighet beh\u00f6ver du verkligen inte vara r\u00e4dd f\u00f6r n\u00e5gonting h\u00e4r. De st\u00f6rsta riskerna f\u00f6r turister \u00e4r paradoxalt nog sj\u00e4lva trafiken, eftersom v\u00e4nstertrafiken kan \u00f6verraska of\u00f6rberedda fotg\u00e4ngare obehagligt n\u00e4r de korsar gatan. En annan stor skr\u00e4ck \u00e4r den f\u00f6rr\u00e4diska sommarsolen, som har otrolig kraft, s\u00e5 du b\u00f6r absolut inte g\u00e5 ut utan ordentlig solkr\u00e4m och hatt. Om du \u00e4r uppm\u00e4rksam p\u00e5 dessa tv\u00e5 saker kommer du att f\u00e5 en helt avslappnad och ost\u00f6rd vistelse.<\/p>\n\n<\/div>\n<\/div>\n<\/div>\n<\/div>","protected":false},"excerpt":{"rendered":"<p>Planerar du en resa till Medelhavet och undrar vad en resa till Cypern kostar, vad du m\u00e5ste se och vilka fallgropar du ska akta dig f\u00f6r vid planeringen?<\/p>\n","protected":false},"author":3,"featured_media":399834,"comment_status":"open","ping_status":"open","sticky":false,"template":"","format":"standard","meta":{"_acf_changed":false,"footnotes":"","rank_math_title":"Resa till Cypern: 24 tips p\u00e5 vad du ska se 2026","rank_math_description":"Planerar du en resa till Cypern? H\u00e4r \u00e4r 24 tips p\u00e5 vad du ska se, v\u00e4der m\u00e5nad f\u00f6r m\u00e5nad, var du bor b\u00e4st och vad allt kostar. L\u00e4s guiden och b\u00f6rja planera!","rank_math_focus_keyword":"resa till cypern","rank_math_seo_score":""},"categories":[1178,1162],"tags":[],"class_list":["post-409804","post","type-post","status-publish","format-standard","has-post-thumbnail","category-europa","category-resor"],"acf":[],"featured_image_src":"https:\/\/loudavymkrokem.cz\/wp-content\/uploads\/2026\/08\/dovolena-kypr-hero.jpg","author_info":{"display_name":"Lucie Kone\u010dn\u00e1","author_link":"https:\/\/loudavymkrokem.cz\/sv\/author\/lucie-konecna\/"},"_links":{"self":[{"href":"https:\/\/loudavymkrokem.cz\/sv\/wp-json\/wp\/v2\/posts\/409804","targetHints":{"allow":["GET"]}}],"collection":[{"href":"https:\/\/loudavymkrokem.cz\/sv\/wp-json\/wp\/v2\/posts"}],"about":[{"href":"https:\/\/loudavymkrokem.cz\/sv\/wp-json\/wp\/v2\/types\/post"}],"author":[{"embeddable":true,"href":"https:\/\/loudavymkrokem.cz\/sv\/wp-json\/wp\/v2\/users\/3"}],"replies":[{"embeddable":true,"href":"https:\/\/loudavymkrokem.cz\/sv\/wp-json\/wp\/v2\/comments?post=409804"}],"version-history":[{"count":0,"href":"https:\/\/loudavymkrokem.cz\/sv\/wp-json\/wp\/v2\/posts\/409804\/revisions"}],"wp:featuredmedia":[{"embeddable":true,"href":"https:\/\/loudavymkrokem.cz\/sv\/wp-json\/wp\/v2\/media\/399834"}],"wp:attachment":[{"href":"https:\/\/loudavymkrokem.cz\/sv\/wp-json\/wp\/v2\/media?parent=409804"}],"wp:term":[{"taxonomy":"category","embeddable":true,"href":"https:\/\/loudavymkrokem.cz\/sv\/wp-json\/wp\/v2\/categories?post=409804"},{"taxonomy":"post_tag","embeddable":true,"href":"https:\/\/loudavymkrokem.cz\/sv\/wp-json\/wp\/v2\/tags?post=409804"}],"curies":[{"name":"wp","href":"https:\/\/api.w.org\/{rel}","templated":true}]}}