{"id":409800,"date":"2026-08-26T17:25:52","date_gmt":"2026-08-26T15:25:52","guid":{"rendered":"https:\/\/loudavymkrokem.cz\/?p=409800"},"modified":"2026-09-02T04:09:01","modified_gmt":"2026-09-02T02:09:01","slug":"pisek-med-barn","status":"publish","type":"post","link":"https:\/\/loudavymkrokem.cz\/sv\/pisek-med-barn\/","title":{"rendered":"P\u00edsek med barn: 44 tips fr\u00e5n en lokal mamma p\u00e5 lekplatser, lekland och utflykter 2026"},"content":{"rendered":"\n<p class=\"wp-block-paragraph\">Planerar du att bes\u00f6ka P\u00edsek med barn? Det h\u00e4r \u00e4r en hj\u00e4rtefr\u00e5ga f\u00f6r mig, eftersom jag f\u00f6ddes i den h\u00e4r vackra sydb\u00f6hmiska staden och tillbringade min barndom h\u00e4r. Trots att jag sedan bodde m\u00e5nga \u00e5r i Prag best\u00e4mde Luk\u00e1\u0161 och jag nyligen att <strong>flytta tillbaka s\u00f6derut<\/strong>, s\u00e5 nu bor vi h\u00e4r med v\u00e5r tv\u00e5\u00e5rige son Jon\u00e1\u0161. Som lokal mamma kan jag d\u00e4rf\u00f6r med gott samvete s\u00e4ga att <strong>P\u00edsek med barn \u00e4r en helt perfekt destination f\u00f6r familjer<\/strong>, d\u00e4r du har allt n\u00e4ra till hands.<\/p>\n\n\n\n<p class=\"wp-block-paragraph\">Eftersom jag r\u00f6r mig genom staden varje dag med barnvagn och en energisk pyssling vet jag mycket v\u00e4l hur sv\u00e5rt det ibland kan vara att hitta p\u00e5 program som roar hela familjen. D\u00e4rf\u00f6r best\u00e4mde jag mig f\u00f6r att skriva den h\u00e4r utf\u00f6rliga guiden, d\u00e4r du hittar <strong>de b\u00e4sta leklanden, utomhuslekplatserna och tipsen p\u00e5 utflykter<\/strong>, s\u00e5 att din familjesemester blir s\u00e5 lugn som m\u00f6jligt. P\u00edsek handlar n\u00e4mligen l\u00e5ngt ifr\u00e5n bara om den \u00e4ldsta Stenbron, utan erbjuder fantastiska m\u00f6jligheter f\u00f6r barn i alla \u00e5ldrar.<\/p>\n\n\n\n<p class=\"wp-block-paragraph\">Jag har f\u00f6rberett 44 tips som vi lokala mammor st\u00e4ndigt skickar till varandra i olika grupper och vidarebefordrar till v\u00e4ninnor som just ska komma hit. Jag har lagt till praktisk information om priser och \u00f6ppettider f\u00f6r 2026. Oavsett om du kommer till oss \u00f6ver en l\u00e5ng helg eller f\u00f6r hela sommarlovet, <strong>tror jag att du enkelt kan s\u00e4tta ihop ett program<\/strong> fr\u00e5n den h\u00e4r listan som du kommer att minnas l\u00e4nge.<\/p>\n\n\n\n<figure data-wp-context=\"{&quot;imageId&quot;:&quot;6a97aa5e16acd&quot;}\" data-wp-interactive=\"core\/image\" data-wp-key=\"6a97aa5e16acd\" class=\"wp-block-image size-full wp-lightbox-container\"><img decoding=\"async\" width=\"2200\" height=\"1467\" data-wp-class--hide=\"state.isContentHidden\" data-wp-class--show=\"state.isContentVisible\" data-wp-init=\"callbacks.setButtonStyles\" data-wp-on--click=\"actions.showLightbox\" data-wp-on--load=\"callbacks.setButtonStyles\" data-wp-on--pointerdown=\"actions.preloadImage\" data-wp-on--pointerenter=\"actions.preloadImageWithDelay\" data-wp-on--pointerleave=\"actions.cancelPreload\" data-wp-on-window--resize=\"callbacks.setButtonStyles\" src=\"https:\/\/loudavymkrokem.cz\/wp-content\/uploads\/2026\/08\/pisek-kamenny-most-den.jpg\" alt=\"Stenbron i P\u00edsek en sommardag\" class=\"wp-image-399336\" title=\"\" srcset=\"https:\/\/loudavymkrokem.cz\/wp-content\/uploads\/2026\/08\/pisek-kamenny-most-den.jpg 2200w, https:\/\/loudavymkrokem.cz\/wp-content\/uploads\/2026\/08\/pisek-kamenny-most-den-300x200.jpg 300w, https:\/\/loudavymkrokem.cz\/wp-content\/uploads\/2026\/08\/pisek-kamenny-most-den-700x467.jpg 700w, https:\/\/loudavymkrokem.cz\/wp-content\/uploads\/2026\/08\/pisek-kamenny-most-den-768x512.jpg 768w, https:\/\/loudavymkrokem.cz\/wp-content\/uploads\/2026\/08\/pisek-kamenny-most-den-1536x1024.jpg 1536w, https:\/\/loudavymkrokem.cz\/wp-content\/uploads\/2026\/08\/pisek-kamenny-most-den-2048x1366.jpg 2048w, https:\/\/loudavymkrokem.cz\/wp-content\/uploads\/2026\/08\/pisek-kamenny-most-den-696x464.jpg 696w, https:\/\/loudavymkrokem.cz\/wp-content\/uploads\/2026\/08\/pisek-kamenny-most-den-1392x928.jpg 1392w, https:\/\/loudavymkrokem.cz\/wp-content\/uploads\/2026\/08\/pisek-kamenny-most-den-1920x1280.jpg 1920w\" sizes=\"(max-width: 2200px) 100vw, 2200px\" \/><button\n\t\t\tclass=\"lightbox-trigger\"\n\t\t\ttype=\"button\"\n\t\t\taria-haspopup=\"dialog\"\n\t\t\tdata-wp-bind--aria-label=\"state.thisImage.triggerButtonAriaLabel\"\n\t\t\tdata-wp-init=\"callbacks.initTriggerButton\"\n\t\t\tdata-wp-on--click=\"actions.showLightbox\"\n\t\t\tdata-wp-style--right=\"state.thisImage.buttonRight\"\n\t\t\tdata-wp-style--top=\"state.thisImage.buttonTop\"\n\t\t>\n\t\t\t<svg xmlns=\"http:\/\/www.w3.org\/2000\/svg\" width=\"12\" height=\"12\" fill=\"none\" viewBox=\"0 0 12 12\">\n\t\t\t\t<path fill=\"#fff\" d=\"M2 0a2 2 0 0 0-2 2v2h1.5V2a.5.5 0 0 1 .5-.5h2V0H2Zm2 10.5H2a.5.5 0 0 1-.5-.5V8H0v2a2 2 0 0 0 2 2h2v-1.5ZM8 12v-1.5h2a.5.5 0 0 0 .5-.5V8H12v2a2 2 0 0 1-2 2H8Zm2-12a2 2 0 0 1 2 2v2h-1.5V2a.5.5 0 0 0-.5-.5H8V0h2Z\" \/>\n\t\t\t<\/svg>\n\t\t<\/button><\/figure>\n\n\n\n<div id=\"ez-toc-container\" class=\"ez-toc-v2_0_87 ez-toc-wrap-left counter-hierarchy ez-toc-counter ez-toc-grey ez-toc-container-direction\">\n<div class=\"ez-toc-title-container\">\n<p class=\"ez-toc-title\" style=\"cursor:inherit\">Artikelns inneh\u00e5ll<\/p>\n<span class=\"ez-toc-title-toggle\"><a href=\"#\" class=\"ez-toc-pull-right ez-toc-btn ez-toc-btn-xs ez-toc-btn-default ez-toc-toggle\" aria-label=\"Toggle Table of Content\"><span class=\"ez-toc-js-icon-con\"><span class=\"\"><span class=\"eztoc-hide\" style=\"display:none;\">Toggle<\/span><span class=\"ez-toc-icon-toggle-span\"><svg style=\"fill: #999;color:#999\" xmlns=\"http:\/\/www.w3.org\/2000\/svg\" class=\"list-377408\" width=\"20px\" height=\"20px\" viewBox=\"0 0 24 24\" fill=\"none\"><path d=\"M6 6H4v2h2V6zm14 0H8v2h12V6zM4 11h2v2H4v-2zm16 0H8v2h12v-2zM4 16h2v2H4v-2zm16 0H8v2h12v-2z\" fill=\"currentColor\"><\/path><\/svg><svg style=\"fill: #999;color:#999\" class=\"arrow-unsorted-368013\" xmlns=\"http:\/\/www.w3.org\/2000\/svg\" width=\"10px\" height=\"10px\" viewBox=\"0 0 24 24\" version=\"1.2\" baseProfile=\"tiny\"><path d=\"M18.2 9.3l-6.2-6.3-6.2 6.3c-.2.2-.3.4-.3.7s.1.5.3.7c.2.2.4.3.7.3h11c.3 0 .5-.1.7-.3.2-.2.3-.5.3-.7s-.1-.5-.3-.7zM5.8 14.7l6.2 6.3 6.2-6.3c.2-.2.3-.5.3-.7s-.1-.5-.3-.7c-.2-.2-.4-.3-.7-.3h-11c-.3 0-.5.1-.7.3-.2.2-.3.5-.3.7s.1.5.3.7z\"\/><\/svg><\/span><\/span><\/span><\/a><\/span><\/div>\n<nav><ul class='ez-toc-list ez-toc-list-level-1 ' ><ul class='ez-toc-list-level-3' ><li class='ez-toc-heading-level-3'><a class=\"ez-toc-link ez-toc-heading-1\" href=\"https:\/\/loudavymkrokem.cz\/sv\/pisek-med-barn\/#Sammanfattning_for_dig_som_inte_hinner_lasa_hela_artikeln\" >Sammanfattning f\u00f6r dig som inte hinner l\u00e4sa hela artikeln<\/a><\/li><\/ul><\/li><li class='ez-toc-page-1 ez-toc-heading-level-2'><a class=\"ez-toc-link ez-toc-heading-2\" href=\"https:\/\/loudavymkrokem.cz\/sv\/pisek-med-barn\/#Nar_ska_du_aka_till_Pisek_med_barn\" >N\u00e4r ska du \u00e5ka till P\u00edsek med barn<\/a><\/li><li class='ez-toc-page-1 ez-toc-heading-level-2'><a class=\"ez-toc-link ez-toc-heading-3\" href=\"https:\/\/loudavymkrokem.cz\/sv\/pisek-med-barn\/#Var_du_kan_bo_i_Pisek_med_barn\" >Var du kan bo i P\u00edsek med barn<\/a><\/li><li class='ez-toc-page-1 ez-toc-heading-level-2'><a class=\"ez-toc-link ez-toc-heading-4\" href=\"https:\/\/loudavymkrokem.cz\/sv\/pisek-med-barn\/#Lekland_och_inomhusnoje_i_Pisek\" >Lekland och inomhusn\u00f6je i P\u00edsek<\/a><ul class='ez-toc-list-level-3' ><li class='ez-toc-heading-level-3'><a class=\"ez-toc-link ez-toc-heading-5\" href=\"https:\/\/loudavymkrokem.cz\/sv\/pisek-med-barn\/#1_Myska_herna\" >1. My\u0161ka herna<\/a><\/li><li class='ez-toc-page-1 ez-toc-heading-level-3'><a class=\"ez-toc-link ez-toc-heading-6\" href=\"https:\/\/loudavymkrokem.cz\/sv\/pisek-med-barn\/#2_Sladovna_%E2%80%93_utstallningen_Pilariste\" >2. Sladovna \u2013 utst\u00e4llningen Pila\u0159i\u0161t\u011b<\/a><\/li><li class='ez-toc-page-1 ez-toc-heading-level-3'><a class=\"ez-toc-link ez-toc-heading-7\" href=\"https:\/\/loudavymkrokem.cz\/sv\/pisek-med-barn\/#3_Sladovna_%E2%80%93_utstallningen_Mraveniste\" >3. Sladovna \u2013 utst\u00e4llningen Mraveni\u0161t\u011b<\/a><\/li><li class='ez-toc-page-1 ez-toc-heading-level-3'><a class=\"ez-toc-link ez-toc-heading-8\" href=\"https:\/\/loudavymkrokem.cz\/sv\/pisek-med-barn\/#4_Fazole_%E2%80%93_Montessoriverkstader\" >4. Fazole \u2013 Montessoriverkst\u00e4der<\/a><\/li><li class='ez-toc-page-1 ez-toc-heading-level-3'><a class=\"ez-toc-link ez-toc-heading-9\" href=\"https:\/\/loudavymkrokem.cz\/sv\/pisek-med-barn\/#5_Hernajs\" >5. Hernajs<\/a><\/li><li class='ez-toc-page-1 ez-toc-heading-level-3'><a class=\"ez-toc-link ez-toc-heading-10\" href=\"https:\/\/loudavymkrokem.cz\/sv\/pisek-med-barn\/#6_Mini_Academy_Pisek\" >6. Mini Academy P\u00edsek<\/a><\/li><li class='ez-toc-page-1 ez-toc-heading-level-3'><a class=\"ez-toc-link ez-toc-heading-11\" href=\"https:\/\/loudavymkrokem.cz\/sv\/pisek-med-barn\/#7_Laser_Arena_Pisek_Game_Cafe_Bar\" >7. Laser Ar\u00e9na P\u00edsek &amp; Game Caf\u00e9 Bar<\/a><\/li><li class='ez-toc-page-1 ez-toc-heading-level-3'><a class=\"ez-toc-link ez-toc-heading-12\" href=\"https:\/\/loudavymkrokem.cz\/sv\/pisek-med-barn\/#8_LezeTop_%E2%80%93_Klattercentrum_Pisek\" >8. LezeTop \u2013 Kl\u00e4ttercentrum P\u00edsek<\/a><\/li><li class='ez-toc-page-1 ez-toc-heading-level-3'><a class=\"ez-toc-link ez-toc-heading-13\" href=\"https:\/\/loudavymkrokem.cz\/sv\/pisek-med-barn\/#9_Badhuset\" >9. Badhuset<\/a><\/li><li class='ez-toc-page-1 ez-toc-heading-level-3'><a class=\"ez-toc-link ez-toc-heading-14\" href=\"https:\/\/loudavymkrokem.cz\/sv\/pisek-med-barn\/#10_Centrum_for_mor_och_barn\" >10. Centrum f\u00f6r mor och barn<\/a><\/li><li class='ez-toc-page-1 ez-toc-heading-level-3'><a class=\"ez-toc-link ez-toc-heading-15\" href=\"https:\/\/loudavymkrokem.cz\/sv\/pisek-med-barn\/#11_Stadsbiblioteket_och_kafeet_Upekla\" >11. Stadsbiblioteket och kaf\u00e9et Upekla<\/a><\/li><\/ul><\/li><li class='ez-toc-page-1 ez-toc-heading-level-2'><a class=\"ez-toc-link ez-toc-heading-16\" href=\"https:\/\/loudavymkrokem.cz\/sv\/pisek-med-barn\/#Lekplatser_park_och_flod_Pisek_med_barn_utomhus\" >Lekplatser, park och flod: P\u00edsek med barn utomhus<\/a><ul class='ez-toc-list-level-3' ><li class='ez-toc-heading-level-3'><a class=\"ez-toc-link ez-toc-heading-17\" href=\"https:\/\/loudavymkrokem.cz\/sv\/pisek-med-barn\/#12_Sandskulpturer_pa_kajen\" >12. Sandskulpturer p\u00e5 kajen<\/a><\/li><li class='ez-toc-page-1 ez-toc-heading-level-3'><a class=\"ez-toc-link ez-toc-heading-18\" href=\"https:\/\/loudavymkrokem.cz\/sv\/pisek-med-barn\/#13_Stenbron_och_kajen\" >13. Stenbron och kajen<\/a><\/li><li class='ez-toc-page-1 ez-toc-heading-level-3'><a class=\"ez-toc-link ez-toc-heading-19\" href=\"https:\/\/loudavymkrokem.cz\/sv\/pisek-med-barn\/#14_Stadson\" >14. Stads\u00f6n<\/a><\/li><li class='ez-toc-page-1 ez-toc-heading-level-3'><a class=\"ez-toc-link ez-toc-heading-20\" href=\"https:\/\/loudavymkrokem.cz\/sv\/pisek-med-barn\/#15_Trafiklekplats_vid_Sankt_Vaclav\" >15. Trafiklekplats vid Sankt V\u00e1clav<\/a><\/li><li class='ez-toc-page-1 ez-toc-heading-level-3'><a class=\"ez-toc-link ez-toc-heading-21\" href=\"https:\/\/loudavymkrokem.cz\/sv\/pisek-med-barn\/#16_Jiraskkajen_och_kulbanelekplatsen\" >16. Jir\u00e1skkajen och kulbanelekplatsen<\/a><\/li><li class='ez-toc-page-1 ez-toc-heading-level-3'><a class=\"ez-toc-link ez-toc-heading-22\" href=\"https:\/\/loudavymkrokem.cz\/sv\/pisek-med-barn\/#17_Lekplatsen_med_hjorten_Na_Trubach\" >17. Lekplatsen med hjorten Na Trub\u00e1ch<\/a><\/li><li class='ez-toc-page-1 ez-toc-heading-level-3'><a class=\"ez-toc-link ez-toc-heading-23\" href=\"https:\/\/loudavymkrokem.cz\/sv\/pisek-med-barn\/#18_Palackyparken\" >18. Palack\u00fdparken<\/a><\/li><li class='ez-toc-page-1 ez-toc-heading-level-3'><a class=\"ez-toc-link ez-toc-heading-24\" href=\"https:\/\/loudavymkrokem.cz\/sv\/pisek-med-barn\/#19_Badplatsen_vid_Vaclav\" >19. Badplatsen vid V\u00e1clav<\/a><\/li><li class='ez-toc-page-1 ez-toc-heading-level-3'><a class=\"ez-toc-link ez-toc-heading-25\" href=\"https:\/\/loudavymkrokem.cz\/sv\/pisek-med-barn\/#20_Batar_och_paddling_pa_Otava\" >20. B\u00e5tar och paddling p\u00e5 Otava<\/a><\/li><li class='ez-toc-page-1 ez-toc-heading-level-3'><a class=\"ez-toc-link ez-toc-heading-26\" href=\"https:\/\/loudavymkrokem.cz\/sv\/pisek-med-barn\/#21_Hagnet_U_Vodaka\" >21. H\u00e4gnet U Vod\u00e1ka<\/a><\/li><li class='ez-toc-page-1 ez-toc-heading-level-3'><a class=\"ez-toc-link ez-toc-heading-27\" href=\"https:\/\/loudavymkrokem.cz\/sv\/pisek-med-barn\/#22_3D-labyrinten_Zivec\" >22. 3D-labyrinten \u017divec<\/a><\/li><li class='ez-toc-page-1 ez-toc-heading-level-3'><a class=\"ez-toc-link ez-toc-heading-28\" href=\"https:\/\/loudavymkrokem.cz\/sv\/pisek-med-barn\/#23_Utsiktstornet_Jarnik\" >23. Utsiktstornet Jarn\u00edk<\/a><\/li><li class='ez-toc-page-1 ez-toc-heading-level-3'><a class=\"ez-toc-link ez-toc-heading-29\" href=\"https:\/\/loudavymkrokem.cz\/sv\/pisek-med-barn\/#24_Kulbanan_Hradiste\" >24. Kulbanan Hradi\u0161t\u011b<\/a><\/li><li class='ez-toc-page-1 ez-toc-heading-level-3'><a class=\"ez-toc-link ez-toc-heading-30\" href=\"https:\/\/loudavymkrokem.cz\/sv\/pisek-med-barn\/#25_Jattesandladan_vid_Vystaviste\" >25. J\u00e4ttesandl\u00e5dan vid V\u00fdstavi\u0161t\u011b<\/a><\/li><\/ul><\/li><li class='ez-toc-page-1 ez-toc-heading-level-2'><a class=\"ez-toc-link ez-toc-heading-31\" href=\"https:\/\/loudavymkrokem.cz\/sv\/pisek-med-barn\/#Utflykter_med_barn_i_Piseks_omgivning\" >Utflykter med barn i P\u00edseks omgivning<\/a><ul class='ez-toc-list-level-3' ><li class='ez-toc-heading-level-3'><a class=\"ez-toc-link ez-toc-heading-32\" href=\"https:\/\/loudavymkrokem.cz\/sv\/pisek-med-barn\/#26_Farmapark_Maletice\" >26. Farmapark Maletice<\/a><\/li><li class='ez-toc-page-1 ez-toc-heading-level-3'><a class=\"ez-toc-link ez-toc-heading-33\" href=\"https:\/\/loudavymkrokem.cz\/sv\/pisek-med-barn\/#27_Nase_zviratka_i_Putim\" >27. Na\u0161e zv\u00ed\u0159\u00e1tka i Putim<\/a><\/li><li class='ez-toc-page-1 ez-toc-heading-level-3'><a class=\"ez-toc-link ez-toc-heading-34\" href=\"https:\/\/loudavymkrokem.cz\/sv\/pisek-med-barn\/#28_Kozlgarden_i_Predotice\" >28. Kozlg\u00e5rden i P\u0159edotice<\/a><\/li><li class='ez-toc-page-1 ez-toc-heading-level-3'><a class=\"ez-toc-link ez-toc-heading-35\" href=\"https:\/\/loudavymkrokem.cz\/sv\/pisek-med-barn\/#29_Farmen_Stary_Bor_vid_Sedlice\" >29. Farmen Star\u00fd Bor vid Sedlice<\/a><\/li><li class='ez-toc-page-1 ez-toc-heading-level-3'><a class=\"ez-toc-link ez-toc-heading-36\" href=\"https:\/\/loudavymkrokem.cz\/sv\/pisek-med-barn\/#30_Stallet_Stetice\" >30. Stallet \u0160t\u011btice<\/a><\/li><li class='ez-toc-page-1 ez-toc-heading-level-3'><a class=\"ez-toc-link ez-toc-heading-37\" href=\"https:\/\/loudavymkrokem.cz\/sv\/pisek-med-barn\/#31_Ranch_Calamity_Jane_i_Probulov\" >31. Ranch Calamity Jane i Probulov<\/a><\/li><li class='ez-toc-page-1 ez-toc-heading-level-3'><a class=\"ez-toc-link ez-toc-heading-38\" href=\"https:\/\/loudavymkrokem.cz\/sv\/pisek-med-barn\/#32_Fiziland_Protivin\" >32. Fiziland Protiv\u00edn<\/a><\/li><li class='ez-toc-page-1 ez-toc-heading-level-3'><a class=\"ez-toc-link ez-toc-heading-39\" href=\"https:\/\/loudavymkrokem.cz\/sv\/pisek-med-barn\/#33_Tidens_rike_i_Protivin\" >33. Tidens rike i Protiv\u00edn<\/a><\/li><li class='ez-toc-page-1 ez-toc-heading-level-3'><a class=\"ez-toc-link ez-toc-heading-40\" href=\"https:\/\/loudavymkrokem.cz\/sv\/pisek-med-barn\/#34_Krokodil-ZOO_Protivin\" >34. Krokodil-ZOO Protiv\u00edn<\/a><\/li><li class='ez-toc-page-1 ez-toc-heading-level-3'><a class=\"ez-toc-link ez-toc-heading-41\" href=\"https:\/\/loudavymkrokem.cz\/sv\/pisek-med-barn\/#35_Sagosmedjan_Selibov\" >35. Sagosmedjan Selibov<\/a><\/li><li class='ez-toc-page-1 ez-toc-heading-level-3'><a class=\"ez-toc-link ez-toc-heading-42\" href=\"https:\/\/loudavymkrokem.cz\/sv\/pisek-med-barn\/#36_Zemeraj_Kovarov\" >36. Zem\u011br\u00e1j Kov\u00e1\u0159ov<\/a><\/li><li class='ez-toc-page-1 ez-toc-heading-level-3'><a class=\"ez-toc-link ez-toc-heading-43\" href=\"https:\/\/loudavymkrokem.cz\/sv\/pisek-med-barn\/#37_Bagrarium_Strakonice\" >37. Bagr\u00e1rium Strakonice<\/a><\/li><li class='ez-toc-page-1 ez-toc-heading-level-3'><a class=\"ez-toc-link ez-toc-heading-44\" href=\"https:\/\/loudavymkrokem.cz\/sv\/pisek-med-barn\/#38_Zvikov_och_bat_till_Orlik\" >38. Zv\u00edkov och b\u00e5t till Orl\u00edk<\/a><\/li><li class='ez-toc-page-1 ez-toc-heading-level-3'><a class=\"ez-toc-link ez-toc-heading-45\" href=\"https:\/\/loudavymkrokem.cz\/sv\/pisek-med-barn\/#39_Slottet_Blatna_och_dovhjortarna\" >39. Slottet Blatn\u00e1 och dovhjortarna<\/a><\/li><li class='ez-toc-page-1 ez-toc-heading-level-3'><a class=\"ez-toc-link ez-toc-heading-46\" href=\"https:\/\/loudavymkrokem.cz\/sv\/pisek-med-barn\/#40_ZOO_Hluboka\" >40. ZOO Hlubok\u00e1<\/a><\/li><li class='ez-toc-page-1 ez-toc-heading-level-3'><a class=\"ez-toc-link ez-toc-heading-47\" href=\"https:\/\/loudavymkrokem.cz\/sv\/pisek-med-barn\/#41_Tabor_och_stadens_museer\" >41. T\u00e1bor och stadens museer<\/a><\/li><li class='ez-toc-page-1 ez-toc-heading-level-3'><a class=\"ez-toc-link ez-toc-heading-48\" href=\"https:\/\/loudavymkrokem.cz\/sv\/pisek-med-barn\/#42_Museet_over_Milevsks_maskeradfigurer\" >42. Museet \u00f6ver Milevsks maskeradfigurer<\/a><\/li><li class='ez-toc-page-1 ez-toc-heading-level-3'><a class=\"ez-toc-link ez-toc-heading-49\" href=\"https:\/\/loudavymkrokem.cz\/sv\/pisek-med-barn\/#43_Aquapark_Horazdovice\" >43. Aquapark Hora\u017e\u010fovice<\/a><\/li><li class='ez-toc-page-1 ez-toc-heading-level-3'><a class=\"ez-toc-link ez-toc-heading-50\" href=\"https:\/\/loudavymkrokem.cz\/sv\/pisek-med-barn\/#44_Vodnany_och_fiskerimuseet\" >44. Vod\u0148any och fiskerimuseet<\/a><\/li><\/ul><\/li><li class='ez-toc-page-1 ez-toc-heading-level-2'><a class=\"ez-toc-link ez-toc-heading-51\" href=\"https:\/\/loudavymkrokem.cz\/sv\/pisek-med-barn\/#Var_du_kan_ata_i_Pisek_med_barn\" >Var du kan \u00e4ta i P\u00edsek med barn<\/a><\/li><li class='ez-toc-page-1 ez-toc-heading-level-2'><a class=\"ez-toc-link ez-toc-heading-52\" href=\"https:\/\/loudavymkrokem.cz\/sv\/pisek-med-barn\/#Vad_du_kan_gora_i_Pisek_med_barn_nar_det_regnar\" >Vad du kan g\u00f6ra i P\u00edsek med barn n\u00e4r det regnar<\/a><\/li><li class='ez-toc-page-1 ez-toc-heading-level-2'><a class=\"ez-toc-link ez-toc-heading-53\" href=\"https:\/\/loudavymkrokem.cz\/sv\/pisek-med-barn\/#Praktiska_tips_for_familjer_parkering_barnvagn_blojbyte\" >Praktiska tips f\u00f6r familjer: parkering, barnvagn, bl\u00f6jbyte<\/a><\/li><li class='ez-toc-page-1 ez-toc-heading-level-2'><a class=\"ez-toc-link ez-toc-heading-54\" href=\"https:\/\/loudavymkrokem.cz\/sv\/pisek-med-barn\/#Vart_du_kan_ga_vidare\" >Vart du kan g\u00e5 vidare<\/a><\/li><li class='ez-toc-page-1 ez-toc-heading-level-2'><a class=\"ez-toc-link ez-toc-heading-55\" href=\"https:\/\/loudavymkrokem.cz\/sv\/pisek-med-barn\/#Vanliga_fragor\" >Vanliga fr\u00e5gor<\/a><ul class='ez-toc-list-level-3' ><li class='ez-toc-heading-level-3'><a class=\"ez-toc-link ez-toc-heading-56\" href=\"https:\/\/loudavymkrokem.cz\/sv\/pisek-med-barn\/#Vad_kan_man_gora_med_barn_i_Pisek_nar_det_regnar\" >Vad kan man g\u00f6ra med barn i P\u00edsek n\u00e4r det regnar?<\/a><\/li><li class='ez-toc-page-1 ez-toc-heading-level-3'><a class=\"ez-toc-link ez-toc-heading-57\" href=\"https:\/\/loudavymkrokem.cz\/sv\/pisek-med-barn\/#Hur_mycket_kostar_Sladovna\" >Hur mycket kostar Sladovna?<\/a><\/li><li class='ez-toc-page-1 ez-toc-heading-level-3'><a class=\"ez-toc-link ez-toc-heading-58\" href=\"https:\/\/loudavymkrokem.cz\/sv\/pisek-med-barn\/#Vart_kan_man_aka_i_Pisek_med_smabarn\" >Vart kan man \u00e5ka i P\u00edsek med sm\u00e5barn?<\/a><\/li><li class='ez-toc-page-1 ez-toc-heading-level-3'><a class=\"ez-toc-link ez-toc-heading-59\" href=\"https:\/\/loudavymkrokem.cz\/sv\/pisek-med-barn\/#Vilken_ar_den_basta_leklanden_i_Pisek\" >Vilken \u00e4r den b\u00e4sta leklanden i P\u00edsek?<\/a><\/li><li class='ez-toc-page-1 ez-toc-heading-level-3'><a class=\"ez-toc-link ez-toc-heading-60\" href=\"https:\/\/loudavymkrokem.cz\/sv\/pisek-med-barn\/#Vilka_ar_de_basta_utflykterna_inom_20_minuter\" >Vilka \u00e4r de b\u00e4sta utflykterna inom 20 minuter?<\/a><\/li><li class='ez-toc-page-1 ez-toc-heading-level-3'><a class=\"ez-toc-link ez-toc-heading-61\" href=\"https:\/\/loudavymkrokem.cz\/sv\/pisek-med-barn\/#Ar_Pisek_lamplig_med_barnvagn\" >\u00c4r P\u00edsek l\u00e4mplig med barnvagn?<\/a><\/li><li class='ez-toc-page-1 ez-toc-heading-level-3'><a class=\"ez-toc-link ez-toc-heading-62\" href=\"https:\/\/loudavymkrokem.cz\/sv\/pisek-med-barn\/#Var_kan_man_bada_med_barn_i_Pisek\" >Var kan man bada med barn i P\u00edsek?<\/a><\/li><li class='ez-toc-page-1 ez-toc-heading-level-3'><a class=\"ez-toc-link ez-toc-heading-63\" href=\"https:\/\/loudavymkrokem.cz\/sv\/pisek-med-barn\/#Vart_kan_man_aka_med_barn_gratis\" >Vart kan man \u00e5ka med barn gratis?<\/a><\/li><\/ul><\/li><\/ul><\/nav><\/div>\n<h3 class=\"wp-block-heading\"><span class=\"ez-toc-section\" id=\"Sammanfattning_for_dig_som_inte_hinner_lasa_hela_artikeln\"><\/span>Sammanfattning f\u00f6r dig som inte hinner l\u00e4sa hela artikeln<span class=\"ez-toc-section-end\"><\/span><\/h3>\n\n\n\n<ul class=\"wp-block-list\">\n<li><strong>St\u00f6rsta inomhusleklandet:<\/strong> My\u0161ka herna i Porty\u010d har visserligen ganska f\u00f6r\u00e5ldrad utrustning, men det \u00e4r fortfarande det st\u00f6rsta leklandet i P\u00edsek, s\u00e5 dit g\u00e5r vi.<\/li>\n\n\n\n<li><strong>Kultur f\u00f6r barn:<\/strong> Sladovna med utst\u00e4llningarna Pila\u0159i\u0161t\u011b och Mraveni\u0161t\u011b \u00e4r ett absolut m\u00e5ste, gl\u00f6m bara inte att k\u00f6pa biljetterna online i f\u00f6rv\u00e4g.<\/li>\n\n\n\n<li><strong>Popul\u00e4raste lekplatsen:<\/strong> Den nya lekplatsen med den j\u00e4ttelika tr\u00e4hjorten Na Trub\u00e1ch och kulbanorna p\u00e5 Jir\u00e1skkajen underh\u00e5ller barnen en hel eftermiddag.<\/li>\n\n\n\n<li><strong>Kaf\u00e9 med lekh\u00f6rna:<\/strong> V\u00e5rt favoritst\u00e4lle Travel Cafe har en tr\u00e4dg\u00e5rd p\u00e5 innerg\u00e5rden med en toppen sandl\u00e5da och lekstuga.<\/li>\n\n\n\n<li><strong>Topp 3 utflykter i n\u00e4rheten:<\/strong> Farmapark Maletice, Tidens rike i Protiv\u00edn och Sagosmedjan i Selibov \u00e4r s\u00e4kra kort.<\/li>\n\n\n\n<li><strong>Om det regnar:<\/strong> D\u00e5 r\u00e4ddar Sladovna, My\u0161ka herna, badhuset, det lilla leklandet Hernajs eller biografen Porty\u010d dig.<\/li>\n<\/ul>\n\n\n\n<h2 class=\"wp-block-heading\"><span class=\"ez-toc-section\" id=\"Nar_ska_du_aka_till_Pisek_med_barn\"><\/span>N\u00e4r ska du \u00e5ka till P\u00edsek med barn<span class=\"ez-toc-section-end\"><\/span><\/h2>\n\n\n\n<figure data-wp-context=\"{&quot;imageId&quot;:&quot;6a97aa5e17040&quot;}\" data-wp-interactive=\"core\/image\" data-wp-key=\"6a97aa5e17040\" class=\"wp-block-image size-full wp-lightbox-container\"><img decoding=\"async\" width=\"2200\" height=\"1467\" data-wp-class--hide=\"state.isContentHidden\" data-wp-class--show=\"state.isContentVisible\" data-wp-init=\"callbacks.setButtonStyles\" data-wp-on--click=\"actions.showLightbox\" data-wp-on--load=\"callbacks.setButtonStyles\" data-wp-on--pointerdown=\"actions.preloadImage\" data-wp-on--pointerenter=\"actions.preloadImageWithDelay\" data-wp-on--pointerleave=\"actions.cancelPreload\" data-wp-on-window--resize=\"callbacks.setButtonStyles\" src=\"https:\/\/loudavymkrokem.cz\/wp-content\/uploads\/2026\/08\/pisek-mestanske-domy-velke-namesti.jpg\" alt=\"F\u00e4rgglada borgarhus p\u00e5 Stora torget i P\u00edsek\" class=\"wp-image-399373\" title=\"\" srcset=\"https:\/\/loudavymkrokem.cz\/wp-content\/uploads\/2026\/08\/pisek-mestanske-domy-velke-namesti.jpg 2200w, https:\/\/loudavymkrokem.cz\/wp-content\/uploads\/2026\/08\/pisek-mestanske-domy-velke-namesti-300x200.jpg 300w, https:\/\/loudavymkrokem.cz\/wp-content\/uploads\/2026\/08\/pisek-mestanske-domy-velke-namesti-700x467.jpg 700w, https:\/\/loudavymkrokem.cz\/wp-content\/uploads\/2026\/08\/pisek-mestanske-domy-velke-namesti-768x512.jpg 768w, https:\/\/loudavymkrokem.cz\/wp-content\/uploads\/2026\/08\/pisek-mestanske-domy-velke-namesti-1536x1024.jpg 1536w, https:\/\/loudavymkrokem.cz\/wp-content\/uploads\/2026\/08\/pisek-mestanske-domy-velke-namesti-2048x1366.jpg 2048w, https:\/\/loudavymkrokem.cz\/wp-content\/uploads\/2026\/08\/pisek-mestanske-domy-velke-namesti-696x464.jpg 696w, https:\/\/loudavymkrokem.cz\/wp-content\/uploads\/2026\/08\/pisek-mestanske-domy-velke-namesti-1392x928.jpg 1392w, https:\/\/loudavymkrokem.cz\/wp-content\/uploads\/2026\/08\/pisek-mestanske-domy-velke-namesti-1920x1280.jpg 1920w\" sizes=\"(max-width: 2200px) 100vw, 2200px\" \/><button\n\t\t\tclass=\"lightbox-trigger\"\n\t\t\ttype=\"button\"\n\t\t\taria-haspopup=\"dialog\"\n\t\t\tdata-wp-bind--aria-label=\"state.thisImage.triggerButtonAriaLabel\"\n\t\t\tdata-wp-init=\"callbacks.initTriggerButton\"\n\t\t\tdata-wp-on--click=\"actions.showLightbox\"\n\t\t\tdata-wp-style--right=\"state.thisImage.buttonRight\"\n\t\t\tdata-wp-style--top=\"state.thisImage.buttonTop\"\n\t\t>\n\t\t\t<svg xmlns=\"http:\/\/www.w3.org\/2000\/svg\" width=\"12\" height=\"12\" fill=\"none\" viewBox=\"0 0 12 12\">\n\t\t\t\t<path fill=\"#fff\" d=\"M2 0a2 2 0 0 0-2 2v2h1.5V2a.5.5 0 0 1 .5-.5h2V0H2Zm2 10.5H2a.5.5 0 0 1-.5-.5V8H0v2a2 2 0 0 0 2 2h2v-1.5ZM8 12v-1.5h2a.5.5 0 0 0 .5-.5V8H12v2a2 2 0 0 1-2 2H8Zm2-12a2 2 0 0 1 2 2v2h-1.5V2a.5.5 0 0 0-.5-.5H8V0h2Z\" \/>\n\t\t\t<\/svg>\n\t\t<\/button><\/figure>\n\n\n\n<p class=\"wp-block-paragraph\">P\u00edsek \u00e4r vackert \u00e5ret runt, men om du vill njuta av staden fullt ut \u00e4ven med utomhusaktiviteter \u00e4r <strong>den b\u00e4sta tiden att bes\u00f6ka fr\u00e5n slutet av maj till september<\/strong>. Fr\u00e5n slutet av maj v\u00e4xer n\u00e4mligen j\u00e4ttelika sandskulpturer regelbundet fram p\u00e5 kajen vid Stenbron, vilket \u00e4r en stor attraktion, och sommarm\u00e5naderna lockar direkt till ett bes\u00f6k p\u00e5 den vackra flodbadplatsen vid Sankt V\u00e1clav.<\/p>\n\n\n\n<p class=\"wp-block-paragraph\">Om du kommer hit p\u00e5 vintern eller h\u00f6sten kommer du <strong>absolut inte att ha tr\u00e5kigt<\/strong>, f\u00f6r staden har fantastiska inomhusalternativ med Sladovna i spetsen och flera lekland, s\u00e5 programmet \u00e4r s\u00e4krat \u00e4ven om det \u00f6ser ner. F\u00f6r ett bes\u00f6k med barn rekommenderar jag att avs\u00e4tta <strong>minst en l\u00e5ng helg<\/strong>, men om du \u00e4ven vill hinna med utflykter i omgivningen kan du g\u00e4rna tillbringa en hel vecka full av upplevelser h\u00e4r.<\/p>\n\n\n\n<h2 class=\"wp-block-heading\"><span class=\"ez-toc-section\" id=\"Var_du_kan_bo_i_Pisek_med_barn\"><\/span>Var du kan bo i P\u00edsek med barn<span class=\"ez-toc-section-end\"><\/span><\/h2>\n\n\n\n<figure data-wp-context=\"{&quot;imageId&quot;:&quot;6a97aa5e17579&quot;}\" data-wp-interactive=\"core\/image\" data-wp-key=\"6a97aa5e17579\" class=\"wp-block-image size-full wp-lightbox-container\"><img decoding=\"async\" width=\"2200\" height=\"1467\" data-wp-class--hide=\"state.isContentHidden\" data-wp-class--show=\"state.isContentVisible\" data-wp-init=\"callbacks.setButtonStyles\" data-wp-on--click=\"actions.showLightbox\" data-wp-on--load=\"callbacks.setButtonStyles\" data-wp-on--pointerdown=\"actions.preloadImage\" data-wp-on--pointerenter=\"actions.preloadImageWithDelay\" data-wp-on--pointerleave=\"actions.cancelPreload\" data-wp-on-window--resize=\"callbacks.setButtonStyles\" src=\"https:\/\/loudavymkrokem.cz\/wp-content\/uploads\/2026\/08\/pisek-fontana-hotel-otava.jpg\" alt=\"Font\u00e4n i centrala P\u00edsek med Hotel Otava i bakgrunden\" class=\"wp-image-399365\" title=\"\" srcset=\"https:\/\/loudavymkrokem.cz\/wp-content\/uploads\/2026\/08\/pisek-fontana-hotel-otava.jpg 2200w, https:\/\/loudavymkrokem.cz\/wp-content\/uploads\/2026\/08\/pisek-fontana-hotel-otava-300x200.jpg 300w, https:\/\/loudavymkrokem.cz\/wp-content\/uploads\/2026\/08\/pisek-fontana-hotel-otava-700x467.jpg 700w, https:\/\/loudavymkrokem.cz\/wp-content\/uploads\/2026\/08\/pisek-fontana-hotel-otava-768x512.jpg 768w, https:\/\/loudavymkrokem.cz\/wp-content\/uploads\/2026\/08\/pisek-fontana-hotel-otava-1536x1024.jpg 1536w, https:\/\/loudavymkrokem.cz\/wp-content\/uploads\/2026\/08\/pisek-fontana-hotel-otava-2048x1366.jpg 2048w, https:\/\/loudavymkrokem.cz\/wp-content\/uploads\/2026\/08\/pisek-fontana-hotel-otava-696x464.jpg 696w, https:\/\/loudavymkrokem.cz\/wp-content\/uploads\/2026\/08\/pisek-fontana-hotel-otava-1392x928.jpg 1392w, https:\/\/loudavymkrokem.cz\/wp-content\/uploads\/2026\/08\/pisek-fontana-hotel-otava-1920x1280.jpg 1920w\" sizes=\"(max-width: 2200px) 100vw, 2200px\" \/><button\n\t\t\tclass=\"lightbox-trigger\"\n\t\t\ttype=\"button\"\n\t\t\taria-haspopup=\"dialog\"\n\t\t\tdata-wp-bind--aria-label=\"state.thisImage.triggerButtonAriaLabel\"\n\t\t\tdata-wp-init=\"callbacks.initTriggerButton\"\n\t\t\tdata-wp-on--click=\"actions.showLightbox\"\n\t\t\tdata-wp-style--right=\"state.thisImage.buttonRight\"\n\t\t\tdata-wp-style--top=\"state.thisImage.buttonTop\"\n\t\t>\n\t\t\t<svg xmlns=\"http:\/\/www.w3.org\/2000\/svg\" width=\"12\" height=\"12\" fill=\"none\" viewBox=\"0 0 12 12\">\n\t\t\t\t<path fill=\"#fff\" d=\"M2 0a2 2 0 0 0-2 2v2h1.5V2a.5.5 0 0 1 .5-.5h2V0H2Zm2 10.5H2a.5.5 0 0 1-.5-.5V8H0v2a2 2 0 0 0 2 2h2v-1.5ZM8 12v-1.5h2a.5.5 0 0 0 .5-.5V8H12v2a2 2 0 0 1-2 2H8Zm2-12a2 2 0 0 1 2 2v2h-1.5V2a.5.5 0 0 0-.5-.5H8V0h2Z\" \/>\n\t\t\t<\/svg>\n\t\t<\/button><\/figure>\n\n\n\n<p class=\"wp-block-paragraph\">Valet av boende \u00e4r avg\u00f6rande f\u00f6r familjer med barn, och i P\u00edsek hittar du flera fina alternativ mitt i centrum. <strong><a href=\"https:\/\/www.stay22.com\/allez\/roam?aid=lukaskonecny&amp;campaign=loudavymkrokemcz&amp;campaign=pisek-s-detmi&amp;hotelname=Hotel%20Biograf&amp;address=P%C3%ADsek%2C%20%C4%8Cesko\" target=\"_blank\" rel=\"noopener nofollow sponsored\">Hotel Biograf<\/a><\/strong> \u00e4r ett vackert fyrstj\u00e4rnigt hotell en kort bit fr\u00e5n centrum, som har ett toppenbetyg p\u00e5 8,6 p\u00e5 Booking och d\u00e4r f\u00f6r\u00e4ldrar s\u00e4kert uppskattar m\u00f6jligheten till en avkopplande kv\u00e4ll i bastun.<\/p>\n\n\n\n<p class=\"wp-block-paragraph\">Det historiska <strong>Hotel Otava<\/strong> med Ale\u0161m\u00e5lningar p\u00e5 fasaden har efter renoveringen f\u00e5tt ett nytt <strong>Caf\u00e9 Otava<\/strong> p\u00e5 bottenv\u00e5ningen (frukost fr\u00e5n 7:30, lunchmeny, hemgjorda desserter), och f\u00f6r frukost med barn \u00e4r det en toppenadress. Rum hittar du dock f\u00f6r tillf\u00e4llet inte p\u00e5 Booking, s\u00e5 ordna hellre boende p\u00e5 Biograf eller U Kapli\u010dky. Om du snarare s\u00f6ker en modern gastronomisk upplevelse i kombination med boende, kolla in <strong><a href=\"https:\/\/www.stay22.com\/allez\/roam?aid=lukaskonecny&amp;campaign=loudavymkrokemcz&amp;campaign=pisek-s-detmi&amp;hotelname=Hotel%20U%20Kapli%C4%8Dky&amp;address=P%C3%ADsek%2C%20%C4%8Cesko\" target=\"_blank\" rel=\"noopener nofollow sponsored\">Hotel U Kapli\u010dky<\/a><\/strong>, vars restaurang Chapelle till och med kom med i Michelin Guide.<\/p>\n\n\n\n<p class=\"wp-block-paragraph\">F\u00f6r familjer som \u00e5ker hit fr\u00e4mst p\u00e5 sommaren f\u00f6r bad och sport \u00e4r <strong><a href=\"https:\/\/www.stay22.com\/allez\/roam?aid=lukaskonecny&amp;campaign=loudavymkrokemcz&amp;campaign=pisek-s-detmi&amp;hotelname=Penzion%20Sport&amp;address=P%C3%ADsek%2C%20%C4%8Cesko\" target=\"_blank\" rel=\"noopener nofollow sponsored\">Penzion Sport<\/a><\/strong> helt perfekt, det ligger direkt vid floden p\u00e5 stadens badplatsomr\u00e5de. F\u00f6rdelen \u00e4r att restaurangen med terrass ligger direkt i badplatsomr\u00e5det, s\u00e5 du har bara ett par steg till bass\u00e4ngerna och plaskdammen. Alla dessa boenden bokar du enkelt via Booking, d\u00e4r du ibland kan hitta intressanta rabatter.<\/p>\n\n\n\n<h2 class=\"wp-block-heading\"><span class=\"ez-toc-section\" id=\"Lekland_och_inomhusnoje_i_Pisek\"><\/span>Lekland och inomhusn\u00f6je i P\u00edsek<span class=\"ez-toc-section-end\"><\/span><\/h2>\n\n\n\n<p class=\"wp-block-paragraph\">N\u00e4r v\u00e4dret inte till\u00e5ter eller n\u00e4r du helt enkelt beh\u00f6ver g\u00f6mma dig i ett par timmar fr\u00e5n sommarsolen erbjuder P\u00edsek massor av inomhusalternativ. En l\u00f6pande uppdaterad \u00f6versikt \u00f6ver lekland, kaf\u00e9er med lekh\u00f6rna och lekplatser med verifierade \u00f6ppettider hittar du p\u00e5 <a href=\"https:\/\/pisek.info\/deti\/hernicky\" target=\"_blank\" rel=\"noopener\">pisek.info\/deti\/hernicky<\/a>. De h\u00e4r st\u00e4llena har varje P\u00edsek-mamma i telefonen.<\/p>\n\n\n\n<h3 class=\"wp-block-heading\"><span class=\"ez-toc-section\" id=\"1_Myska_herna\"><\/span>1. My\u0161ka herna<span class=\"ez-toc-section-end\"><\/span><\/h3>\n\n\n\n<figure data-wp-context=\"{&quot;imageId&quot;:&quot;6a97aa5e17ad6&quot;}\" data-wp-interactive=\"core\/image\" data-wp-key=\"6a97aa5e17ad6\" class=\"wp-block-image size-full wp-lightbox-container\"><img decoding=\"async\" width=\"2200\" height=\"1467\" data-wp-class--hide=\"state.isContentHidden\" data-wp-class--show=\"state.isContentVisible\" data-wp-init=\"callbacks.setButtonStyles\" data-wp-on--click=\"actions.showLightbox\" data-wp-on--load=\"callbacks.setButtonStyles\" data-wp-on--pointerdown=\"actions.preloadImage\" data-wp-on--pointerenter=\"actions.preloadImageWithDelay\" data-wp-on--pointerleave=\"actions.cancelPreload\" data-wp-on-window--resize=\"callbacks.setButtonStyles\" src=\"https:\/\/loudavymkrokem.cz\/wp-content\/uploads\/2026\/08\/pisek-myska-herna-bazenek-s-micky.jpg\" alt=\"Bollhav i My\u0161ka herna i P\u00edsek\" class=\"wp-image-399531\" title=\"\" srcset=\"https:\/\/loudavymkrokem.cz\/wp-content\/uploads\/2026\/08\/pisek-myska-herna-bazenek-s-micky.jpg 2200w, https:\/\/loudavymkrokem.cz\/wp-content\/uploads\/2026\/08\/pisek-myska-herna-bazenek-s-micky-300x200.jpg 300w, https:\/\/loudavymkrokem.cz\/wp-content\/uploads\/2026\/08\/pisek-myska-herna-bazenek-s-micky-700x467.jpg 700w, https:\/\/loudavymkrokem.cz\/wp-content\/uploads\/2026\/08\/pisek-myska-herna-bazenek-s-micky-768x512.jpg 768w, https:\/\/loudavymkrokem.cz\/wp-content\/uploads\/2026\/08\/pisek-myska-herna-bazenek-s-micky-1536x1024.jpg 1536w, https:\/\/loudavymkrokem.cz\/wp-content\/uploads\/2026\/08\/pisek-myska-herna-bazenek-s-micky-2048x1366.jpg 2048w, https:\/\/loudavymkrokem.cz\/wp-content\/uploads\/2026\/08\/pisek-myska-herna-bazenek-s-micky-696x464.jpg 696w, https:\/\/loudavymkrokem.cz\/wp-content\/uploads\/2026\/08\/pisek-myska-herna-bazenek-s-micky-1392x928.jpg 1392w, https:\/\/loudavymkrokem.cz\/wp-content\/uploads\/2026\/08\/pisek-myska-herna-bazenek-s-micky-1920x1280.jpg 1920w\" sizes=\"(max-width: 2200px) 100vw, 2200px\" \/><button\n\t\t\tclass=\"lightbox-trigger\"\n\t\t\ttype=\"button\"\n\t\t\taria-haspopup=\"dialog\"\n\t\t\tdata-wp-bind--aria-label=\"state.thisImage.triggerButtonAriaLabel\"\n\t\t\tdata-wp-init=\"callbacks.initTriggerButton\"\n\t\t\tdata-wp-on--click=\"actions.showLightbox\"\n\t\t\tdata-wp-style--right=\"state.thisImage.buttonRight\"\n\t\t\tdata-wp-style--top=\"state.thisImage.buttonTop\"\n\t\t>\n\t\t\t<svg xmlns=\"http:\/\/www.w3.org\/2000\/svg\" width=\"12\" height=\"12\" fill=\"none\" viewBox=\"0 0 12 12\">\n\t\t\t\t<path fill=\"#fff\" d=\"M2 0a2 2 0 0 0-2 2v2h1.5V2a.5.5 0 0 1 .5-.5h2V0H2Zm2 10.5H2a.5.5 0 0 1-.5-.5V8H0v2a2 2 0 0 0 2 2h2v-1.5ZM8 12v-1.5h2a.5.5 0 0 0 .5-.5V8H12v2a2 2 0 0 1-2 2H8Zm2-12a2 2 0 0 1 2 2v2h-1.5V2a.5.5 0 0 0-.5-.5H8V0h2Z\" \/>\n\t\t\t<\/svg>\n\t\t<\/button><\/figure>\n\n\n\n<p class=\"wp-block-paragraph\">Detta \u00e4r utan tvekan <strong>det st\u00f6rsta inomhusleklandet i P\u00edsek<\/strong>, som du hittar p\u00e5 gatan V Porty\u010di (nr 450), och vi lokala familjer styr hit riktigt ofta, framf\u00f6r allt n\u00e4r det \u00f6ser ner ute. I lokalen finns enorma kl\u00e4tterst\u00e4llningar, rutschkanor, en stor studsmatta och massor av byggklossar i mjukt skum som barnen bygger kojor av.<\/p>\n\n\n\n<p class=\"wp-block-paragraph\">Leklandet \u00e4r fr\u00e4mst <strong>avsett f\u00f6r barn upp till 10 \u00e5r<\/strong>, men tack vare s\u00e4rskilda lekelement har \u00e4ven de allra minsta pysslingarna roligt h\u00e4r i en trygg milj\u00f6. F\u00f6r\u00e4ldrarna kan under tiden sl\u00e5 sig ner i kaf\u00e9delen, ta en kaffe och samtidigt ha barnen inom synh\u00e5ll.<\/p>\n\n\n\n<p class=\"wp-block-paragraph\">Intr\u00e4det beror p\u00e5 hur l\u00e5ng tid man tillbringar i leklandet \u2014 en timme f\u00f6r ett barn kostar cirka 40 kr (84 K\u010d), men f\u00f6r cirka 60 kr (129 K\u010d) kan du vara h\u00e4r hela dagen. Bebisar under ett \u00e5r betalar bara cirka 25 kr (49 K\u010d) och vuxet s\u00e4llskap symboliska cirka 25 kr (50 K\u010d), vilket g\u00f6r My\u0161ka till en mycket prisv\u00e4rd underh\u00e5llning.<\/p>\n\n\n\n<p class=\"wp-block-paragraph\">L\u00e5t oss vara \u00e4rliga: <strong>utrustningen \u00e4r r\u00e4tt f\u00f6r\u00e5ldrad<\/strong> och det doftar inte precis nytt h\u00e4r. Men det \u00e4r fortfarande det st\u00f6rsta leklandet i P\u00edsek, och just d\u00e4rf\u00f6r forts\u00e4tter vi att g\u00e5 hit. Ingen annanstans i staden har barnen ett s\u00e5dant utrymme att springa av sig p\u00e5.<\/p>\n\n\n\n<h3 class=\"wp-block-heading\"><span class=\"ez-toc-section\" id=\"2_Sladovna_%E2%80%93_utstallningen_Pilariste\"><\/span>2. Sladovna \u2013 utst\u00e4llningen Pila\u0159i\u0161t\u011b<span class=\"ez-toc-section-end\"><\/span><\/h3>\n\n\n\n<figure data-wp-context=\"{&quot;imageId&quot;:&quot;6a97aa5e17fdb&quot;}\" data-wp-interactive=\"core\/image\" data-wp-key=\"6a97aa5e17fdb\" class=\"wp-block-image size-full wp-lightbox-container\"><img decoding=\"async\" width=\"2200\" height=\"1457\" data-wp-class--hide=\"state.isContentHidden\" data-wp-class--show=\"state.isContentVisible\" data-wp-init=\"callbacks.setButtonStyles\" data-wp-on--click=\"actions.showLightbox\" data-wp-on--load=\"callbacks.setButtonStyles\" data-wp-on--pointerdown=\"actions.preloadImage\" data-wp-on--pointerenter=\"actions.preloadImageWithDelay\" data-wp-on--pointerleave=\"actions.cancelPreload\" data-wp-on-window--resize=\"callbacks.setButtonStyles\" src=\"https:\/\/loudavymkrokem.cz\/wp-content\/uploads\/2026\/08\/sladovna-pisek-pilariste-expozice.jpg\" alt=\"Utst\u00e4llningen Pila\u0159i\u0161t\u011b i Sladovna i P\u00edsek\" class=\"wp-image-399622\" title=\"\" srcset=\"https:\/\/loudavymkrokem.cz\/wp-content\/uploads\/2026\/08\/sladovna-pisek-pilariste-expozice.jpg 2200w, https:\/\/loudavymkrokem.cz\/wp-content\/uploads\/2026\/08\/sladovna-pisek-pilariste-expozice-300x199.jpg 300w, https:\/\/loudavymkrokem.cz\/wp-content\/uploads\/2026\/08\/sladovna-pisek-pilariste-expozice-700x464.jpg 700w, https:\/\/loudavymkrokem.cz\/wp-content\/uploads\/2026\/08\/sladovna-pisek-pilariste-expozice-768x509.jpg 768w, https:\/\/loudavymkrokem.cz\/wp-content\/uploads\/2026\/08\/sladovna-pisek-pilariste-expozice-1536x1017.jpg 1536w, https:\/\/loudavymkrokem.cz\/wp-content\/uploads\/2026\/08\/sladovna-pisek-pilariste-expozice-2048x1356.jpg 2048w, https:\/\/loudavymkrokem.cz\/wp-content\/uploads\/2026\/08\/sladovna-pisek-pilariste-expozice-696x461.jpg 696w, https:\/\/loudavymkrokem.cz\/wp-content\/uploads\/2026\/08\/sladovna-pisek-pilariste-expozice-1392x922.jpg 1392w, https:\/\/loudavymkrokem.cz\/wp-content\/uploads\/2026\/08\/sladovna-pisek-pilariste-expozice-1920x1272.jpg 1920w\" sizes=\"(max-width: 2200px) 100vw, 2200px\" \/><button\n\t\t\tclass=\"lightbox-trigger\"\n\t\t\ttype=\"button\"\n\t\t\taria-haspopup=\"dialog\"\n\t\t\tdata-wp-bind--aria-label=\"state.thisImage.triggerButtonAriaLabel\"\n\t\t\tdata-wp-init=\"callbacks.initTriggerButton\"\n\t\t\tdata-wp-on--click=\"actions.showLightbox\"\n\t\t\tdata-wp-style--right=\"state.thisImage.buttonRight\"\n\t\t\tdata-wp-style--top=\"state.thisImage.buttonTop\"\n\t\t>\n\t\t\t<svg xmlns=\"http:\/\/www.w3.org\/2000\/svg\" width=\"12\" height=\"12\" fill=\"none\" viewBox=\"0 0 12 12\">\n\t\t\t\t<path fill=\"#fff\" d=\"M2 0a2 2 0 0 0-2 2v2h1.5V2a.5.5 0 0 1 .5-.5h2V0H2Zm2 10.5H2a.5.5 0 0 1-.5-.5V8H0v2a2 2 0 0 0 2 2h2v-1.5ZM8 12v-1.5h2a.5.5 0 0 0 .5-.5V8H12v2a2 2 0 0 1-2 2H8Zm2-12a2 2 0 0 1 2 2v2h-1.5V2a.5.5 0 0 0-.5-.5H8V0h2Z\" \/>\n\t\t\t<\/svg>\n\t\t<\/button><\/figure>\n\n\n\n<figure data-wp-context=\"{&quot;imageId&quot;:&quot;6a97aa5e183ea&quot;}\" data-wp-interactive=\"core\/image\" data-wp-key=\"6a97aa5e183ea\" class=\"wp-block-image size-full wp-lightbox-container\"><img decoding=\"async\" width=\"2200\" height=\"1467\" data-wp-class--hide=\"state.isContentHidden\" data-wp-class--show=\"state.isContentVisible\" data-wp-init=\"callbacks.setButtonStyles\" data-wp-on--click=\"actions.showLightbox\" data-wp-on--load=\"callbacks.setButtonStyles\" data-wp-on--pointerdown=\"actions.preloadImage\" data-wp-on--pointerenter=\"actions.preloadImageWithDelay\" data-wp-on--pointerleave=\"actions.cancelPreload\" data-wp-on-window--resize=\"callbacks.setButtonStyles\" src=\"https:\/\/loudavymkrokem.cz\/wp-content\/uploads\/2026\/08\/pisek-sladovna.jpg\" alt=\"Sladovna i P\u00edsek, ett galleri f\u00f6r barn d\u00e4r man leker sig till konst\" class=\"wp-image-399379\" title=\"\" srcset=\"https:\/\/loudavymkrokem.cz\/wp-content\/uploads\/2026\/08\/pisek-sladovna.jpg 2200w, https:\/\/loudavymkrokem.cz\/wp-content\/uploads\/2026\/08\/pisek-sladovna-300x200.jpg 300w, https:\/\/loudavymkrokem.cz\/wp-content\/uploads\/2026\/08\/pisek-sladovna-700x467.jpg 700w, https:\/\/loudavymkrokem.cz\/wp-content\/uploads\/2026\/08\/pisek-sladovna-768x512.jpg 768w, https:\/\/loudavymkrokem.cz\/wp-content\/uploads\/2026\/08\/pisek-sladovna-1536x1024.jpg 1536w, https:\/\/loudavymkrokem.cz\/wp-content\/uploads\/2026\/08\/pisek-sladovna-2048x1366.jpg 2048w, https:\/\/loudavymkrokem.cz\/wp-content\/uploads\/2026\/08\/pisek-sladovna-696x464.jpg 696w, https:\/\/loudavymkrokem.cz\/wp-content\/uploads\/2026\/08\/pisek-sladovna-1392x928.jpg 1392w, https:\/\/loudavymkrokem.cz\/wp-content\/uploads\/2026\/08\/pisek-sladovna-1920x1280.jpg 1920w\" sizes=\"(max-width: 2200px) 100vw, 2200px\" \/><button\n\t\t\tclass=\"lightbox-trigger\"\n\t\t\ttype=\"button\"\n\t\t\taria-haspopup=\"dialog\"\n\t\t\tdata-wp-bind--aria-label=\"state.thisImage.triggerButtonAriaLabel\"\n\t\t\tdata-wp-init=\"callbacks.initTriggerButton\"\n\t\t\tdata-wp-on--click=\"actions.showLightbox\"\n\t\t\tdata-wp-style--right=\"state.thisImage.buttonRight\"\n\t\t\tdata-wp-style--top=\"state.thisImage.buttonTop\"\n\t\t>\n\t\t\t<svg xmlns=\"http:\/\/www.w3.org\/2000\/svg\" width=\"12\" height=\"12\" fill=\"none\" viewBox=\"0 0 12 12\">\n\t\t\t\t<path fill=\"#fff\" d=\"M2 0a2 2 0 0 0-2 2v2h1.5V2a.5.5 0 0 1 .5-.5h2V0H2Zm2 10.5H2a.5.5 0 0 1-.5-.5V8H0v2a2 2 0 0 0 2 2h2v-1.5ZM8 12v-1.5h2a.5.5 0 0 0 .5-.5V8H12v2a2 2 0 0 1-2 2H8Zm2-12a2 2 0 0 1 2 2v2h-1.5V2a.5.5 0 0 0-.5-.5H8V0h2Z\" \/>\n\t\t\t<\/svg>\n\t\t<\/button><\/figure>\n\n\n\n<p class=\"wp-block-paragraph\"><a href=\"https:\/\/www.sladovna.cz\" target=\"_blank\" rel=\"nofollow noopener\">Sladovna<\/a>, som fungerar som ett enormt galleri d\u00e4r man leker sig till konst, \u00e4r <strong>en absolut unik p\u00e4rla och P\u00edseks stolthet<\/strong> som du inte f\u00e5r missa. Dess del som kallas Pila\u0159i\u0161t\u011b \u00e4r skapad s\u00e4rskilt f\u00f6r de allra minsta barnen fr\u00e5n nyf\u00f6dda till sex \u00e5r, som h\u00e4r tryggt kan uppt\u00e4cka v\u00e4rlden genom f\u00e4rger, ljud och k\u00e4nselintryck.<\/p>\n\n\n\n<p class=\"wp-block-paragraph\">Utrymmet \u00e4r inspirerat av illustrat\u00f6ren Radek Pila\u0159, och <strong>barnen kan krypa, kl\u00e4ttra in i mjuka g\u00f6mst\u00e4llen<\/strong> och leka med interaktiva element. Med tanke p\u00e5 Sladovnas enorma popularitet bland turister rekommenderar jag att kolla lediga tider och k\u00f6pa biljetter online i f\u00f6rv\u00e4g.<\/p>\n\n\n\n<p class=\"wp-block-paragraph\">Insl\u00e4ppen till Pila\u0159i\u0161t\u011b sker <strong>i reserverade tidsblock p\u00e5 90 minuter<\/strong>, s\u00e5 att det inte blir \u00f6verfullt inne, och grundintr\u00e4det f\u00f6r 2026 \u00e4r cirka 55 kr (120 K\u010d) per person. Barn upp till ett \u00e5r g\u00e5r in gratis och barnvagnar parkerar du utan problem i den stora garderoben p\u00e5 bottenv\u00e5ningen.<\/p>\n\n\n\n<h3 class=\"wp-block-heading\"><span class=\"ez-toc-section\" id=\"3_Sladovna_%E2%80%93_utstallningen_Mraveniste\"><\/span>3. Sladovna \u2013 utst\u00e4llningen Mraveni\u0161t\u011b<span class=\"ez-toc-section-end\"><\/span><\/h3>\n\n\n\n<p class=\"wp-block-paragraph\">Medan Pila\u0159i\u0161t\u011b \u00e4r f\u00f6r de minsta blir \u00e4ldre barn fr\u00e5n tre \u00e5r <strong>helt h\u00e4nf\u00f6rda av den enorma Myrstacken (Mraveni\u0161t\u011b)<\/strong>, som ligger p\u00e5 en h\u00f6gre v\u00e5ning i Sladovna. Det \u00e4r en j\u00e4ttelik tr\u00e4labyrint full av tunnlar, broar och kl\u00e4tterst\u00e4llningar, d\u00e4r barnen f\u00f6r en stund blir sm\u00e5 myror och utforskar det invecklade systemet av g\u00e5ngar.<\/p>\n\n\n\n<p class=\"wp-block-paragraph\">Bes\u00f6kare sl\u00e4pps in i Mraveni\u0161t\u011b <strong>med halvtimmesintervaller<\/strong>, s\u00e5 att det inte bildas k\u00f6er i de tr\u00e5nga tunnlarna, och intr\u00e4det ing\u00e5r i biljetten till huvudutst\u00e4llningarna (cirka 70 kr \/ 150 K\u010d, barn upp till 3 \u00e5r gratis). Dessa byts regelbundet ut, s\u00e5 \u00e4ven om du kommer till P\u00edsek flera g\u00e5nger st\u00f6ter du alltid p\u00e5 n\u00e5got nytt.<\/p>\n\n\n\n<p class=\"wp-block-paragraph\">Om du vill vila lite under bes\u00f6ket <strong>finns en kaffeautomat i foaj\u00e9n<\/strong>, eller s\u00e5 kan du direkt g\u00e5 till det n\u00e4rliggande kaf\u00e9et Balz\u00e1m Caf\u00e9. Familjeintr\u00e4det till huvudutst\u00e4llningarna kostar ungef\u00e4r 230 till 275 kr (500\u2013600 K\u010d), vilket verkligen \u00e4r v\u00e4rt det f\u00f6r alla dessa timmar av kvalitetsunderh\u00e5llning.<\/p>\n\n\n\n<h3 class=\"wp-block-heading\"><span class=\"ez-toc-section\" id=\"4_Fazole_%E2%80%93_Montessoriverkstader\"><\/span>4. Fazole \u2013 Montessoriverkst\u00e4der<span class=\"ez-toc-section-end\"><\/span><\/h3>\n\n\n\n<figure data-wp-context=\"{&quot;imageId&quot;:&quot;6a97aa5e18c67&quot;}\" data-wp-interactive=\"core\/image\" data-wp-key=\"6a97aa5e18c67\" class=\"wp-block-image size-full wp-lightbox-container\"><img decoding=\"async\" width=\"1600\" height=\"1067\" data-wp-class--hide=\"state.isContentHidden\" data-wp-class--show=\"state.isContentVisible\" data-wp-init=\"callbacks.setButtonStyles\" data-wp-on--click=\"actions.showLightbox\" data-wp-on--load=\"callbacks.setButtonStyles\" data-wp-on--pointerdown=\"actions.preloadImage\" data-wp-on--pointerenter=\"actions.preloadImageWithDelay\" data-wp-on--pointerleave=\"actions.cancelPreload\" data-wp-on-window--resize=\"callbacks.setButtonStyles\" src=\"https:\/\/loudavymkrokem.cz\/wp-content\/uploads\/2026\/08\/fazole-montessori-pomucky-pisek.jpg\" alt=\"Montessorimaterial i verkst\u00e4derna Fazole i P\u00edsek\" class=\"wp-image-399691\" title=\"\" srcset=\"https:\/\/loudavymkrokem.cz\/wp-content\/uploads\/2026\/08\/fazole-montessori-pomucky-pisek.jpg 1600w, https:\/\/loudavymkrokem.cz\/wp-content\/uploads\/2026\/08\/fazole-montessori-pomucky-pisek-300x200.jpg 300w, https:\/\/loudavymkrokem.cz\/wp-content\/uploads\/2026\/08\/fazole-montessori-pomucky-pisek-700x467.jpg 700w, https:\/\/loudavymkrokem.cz\/wp-content\/uploads\/2026\/08\/fazole-montessori-pomucky-pisek-768x512.jpg 768w, https:\/\/loudavymkrokem.cz\/wp-content\/uploads\/2026\/08\/fazole-montessori-pomucky-pisek-1536x1024.jpg 1536w, https:\/\/loudavymkrokem.cz\/wp-content\/uploads\/2026\/08\/fazole-montessori-pomucky-pisek-696x464.jpg 696w, https:\/\/loudavymkrokem.cz\/wp-content\/uploads\/2026\/08\/fazole-montessori-pomucky-pisek-1392x928.jpg 1392w\" sizes=\"(max-width: 1600px) 100vw, 1600px\" \/><button\n\t\t\tclass=\"lightbox-trigger\"\n\t\t\ttype=\"button\"\n\t\t\taria-haspopup=\"dialog\"\n\t\t\tdata-wp-bind--aria-label=\"state.thisImage.triggerButtonAriaLabel\"\n\t\t\tdata-wp-init=\"callbacks.initTriggerButton\"\n\t\t\tdata-wp-on--click=\"actions.showLightbox\"\n\t\t\tdata-wp-style--right=\"state.thisImage.buttonRight\"\n\t\t\tdata-wp-style--top=\"state.thisImage.buttonTop\"\n\t\t>\n\t\t\t<svg xmlns=\"http:\/\/www.w3.org\/2000\/svg\" width=\"12\" height=\"12\" fill=\"none\" viewBox=\"0 0 12 12\">\n\t\t\t\t<path fill=\"#fff\" d=\"M2 0a2 2 0 0 0-2 2v2h1.5V2a.5.5 0 0 1 .5-.5h2V0H2Zm2 10.5H2a.5.5 0 0 1-.5-.5V8H0v2a2 2 0 0 0 2 2h2v-1.5ZM8 12v-1.5h2a.5.5 0 0 0 .5-.5V8H12v2a2 2 0 0 1-2 2H8Zm2-12a2 2 0 0 1 2 2v2h-1.5V2a.5.5 0 0 0-.5-.5H8V0h2Z\" \/>\n\t\t\t<\/svg>\n\t\t<\/button><\/figure>\n\n\n\n<p class=\"wp-block-paragraph\">F\u00f6r f\u00f6r\u00e4ldrar till pysslingar mellan ett och tre \u00e5r finns i P\u00edsek <strong>de vackra Montessoriverkst\u00e4derna Fazole<\/strong>, som leds av pedagoger med fokus p\u00e5 ett respektfullt f\u00f6rh\u00e5llningss\u00e4tt. Barnen kan h\u00e4r i en specialanpassad milj\u00f6 prova att arbeta med Montessorimaterial, tr\u00e4na finmotorik och l\u00e4ra sig sj\u00e4lvst\u00e4ndighet.<\/p>\n\n\n\n<p class=\"wp-block-paragraph\">Verkst\u00e4derna f\u00f6r allm\u00e4nheten h\u00e5lls <strong>vanligtvis p\u00e5 torsdagsf\u00f6rmiddagar<\/strong>, men eftersom kapaciteten \u00e4r begr\u00e4nsad till h\u00f6gst sex barn m\u00e5ste du alltid boka din plats i f\u00f6rv\u00e4g. Intr\u00e4det kostar cirka 90 kr (200 K\u010d) per f\u00f6rmiddag, och i priset ing\u00e5r \u00e4ven ett nyttigt barnmellanm\u00e5l.<\/p>\n\n\n\n<p class=\"wp-block-paragraph\">Var bara noga med r\u00e4tt adress, f\u00f6r <strong>vissa \u00e4ldre webbplatser anger gatan Sedl\u00e1\u010dkova<\/strong>, men f\u00f6r n\u00e4rvarande ska verkst\u00e4derna f\u00f6r allm\u00e4nheten h\u00e5llas p\u00e5 Karlova. Dubbelkolla d\u00e4rf\u00f6r hellre p\u00e5 deras webbplats innan du \u00e5ker.<\/p>\n\n\n\n<h3 class=\"wp-block-heading\"><span class=\"ez-toc-section\" id=\"5_Hernajs\"><\/span>5. Hernajs<span class=\"ez-toc-section-end\"><\/span><\/h3>\n\n\n\n<figure data-wp-context=\"{&quot;imageId&quot;:&quot;6a97aa5e1915f&quot;}\" data-wp-interactive=\"core\/image\" data-wp-key=\"6a97aa5e1915f\" class=\"wp-block-image size-full wp-lightbox-container\"><img decoding=\"async\" width=\"2200\" height=\"1455\" data-wp-class--hide=\"state.isContentHidden\" data-wp-class--show=\"state.isContentVisible\" data-wp-init=\"callbacks.setButtonStyles\" data-wp-on--click=\"actions.showLightbox\" data-wp-on--load=\"callbacks.setButtonStyles\" data-wp-on--pointerdown=\"actions.preloadImage\" data-wp-on--pointerenter=\"actions.preloadImageWithDelay\" data-wp-on--pointerleave=\"actions.cancelPreload\" data-wp-on-window--resize=\"callbacks.setButtonStyles\" src=\"https:\/\/loudavymkrokem.cz\/wp-content\/uploads\/2026\/08\/pisek-hernajs-hernicka-az-na-pudu.jpg\" alt=\"Leklandet Hernajs i P\u00edsek\" class=\"wp-image-399527\" title=\"\" srcset=\"https:\/\/loudavymkrokem.cz\/wp-content\/uploads\/2026\/08\/pisek-hernajs-hernicka-az-na-pudu.jpg 2200w, https:\/\/loudavymkrokem.cz\/wp-content\/uploads\/2026\/08\/pisek-hernajs-hernicka-az-na-pudu-300x198.jpg 300w, https:\/\/loudavymkrokem.cz\/wp-content\/uploads\/2026\/08\/pisek-hernajs-hernicka-az-na-pudu-700x463.jpg 700w, https:\/\/loudavymkrokem.cz\/wp-content\/uploads\/2026\/08\/pisek-hernajs-hernicka-az-na-pudu-768x508.jpg 768w, https:\/\/loudavymkrokem.cz\/wp-content\/uploads\/2026\/08\/pisek-hernajs-hernicka-az-na-pudu-1536x1016.jpg 1536w, https:\/\/loudavymkrokem.cz\/wp-content\/uploads\/2026\/08\/pisek-hernajs-hernicka-az-na-pudu-2048x1354.jpg 2048w, https:\/\/loudavymkrokem.cz\/wp-content\/uploads\/2026\/08\/pisek-hernajs-hernicka-az-na-pudu-696x460.jpg 696w, https:\/\/loudavymkrokem.cz\/wp-content\/uploads\/2026\/08\/pisek-hernajs-hernicka-az-na-pudu-1392x921.jpg 1392w, https:\/\/loudavymkrokem.cz\/wp-content\/uploads\/2026\/08\/pisek-hernajs-hernicka-az-na-pudu-1920x1270.jpg 1920w\" sizes=\"(max-width: 2200px) 100vw, 2200px\" \/><button\n\t\t\tclass=\"lightbox-trigger\"\n\t\t\ttype=\"button\"\n\t\t\taria-haspopup=\"dialog\"\n\t\t\tdata-wp-bind--aria-label=\"state.thisImage.triggerButtonAriaLabel\"\n\t\t\tdata-wp-init=\"callbacks.initTriggerButton\"\n\t\t\tdata-wp-on--click=\"actions.showLightbox\"\n\t\t\tdata-wp-style--right=\"state.thisImage.buttonRight\"\n\t\t\tdata-wp-style--top=\"state.thisImage.buttonTop\"\n\t\t>\n\t\t\t<svg xmlns=\"http:\/\/www.w3.org\/2000\/svg\" width=\"12\" height=\"12\" fill=\"none\" viewBox=\"0 0 12 12\">\n\t\t\t\t<path fill=\"#fff\" d=\"M2 0a2 2 0 0 0-2 2v2h1.5V2a.5.5 0 0 1 .5-.5h2V0H2Zm2 10.5H2a.5.5 0 0 1-.5-.5V8H0v2a2 2 0 0 0 2 2h2v-1.5ZM8 12v-1.5h2a.5.5 0 0 0 .5-.5V8H12v2a2 2 0 0 1-2 2H8Zm2-12a2 2 0 0 1 2 2v2h-1.5V2a.5.5 0 0 0-.5-.5H8V0h2Z\" \/>\n\t\t\t<\/svg>\n\t\t<\/button><\/figure>\n\n\n\n<p class=\"wp-block-paragraph\">Hernajs hittar du p\u00e5 Jungmannova, i samma hus som kaf\u00e9et A\u017e na p\u016fdu. <strong>Leklandet tillh\u00f6r dock inte kaf\u00e9et<\/strong>, det \u00e4r en frist\u00e5ende verksamhet \u2014 de har bara gemensam ing\u00e5ng, och kaffet fr\u00e5n kaf\u00e9et f\u00e5r du ta med dig upp till barnen.<\/p>\n\n\n\n<p class=\"wp-block-paragraph\">Det \u00e4r ett <strong>litet lekland p\u00e5 en \u00f6verv\u00e5ning<\/strong> med tr\u00e4leksaker \u2014 k\u00f6ksavdelning, docksk\u00e5p, musikinstrument f\u00f6r de minsta. Vi gick hit med Jon\u00e1\u0161 framf\u00f6r allt mellan f\u00f6rsta och andra \u00e5ret. S\u00e5 fort han b\u00f6rjade r\u00f6ra p\u00e5 sig mer g\u00e5r vi mindre, f\u00f6r h\u00e4r finns helt enkelt inte utrymme att springa p\u00e5.<\/p>\n\n\n\n<p class=\"wp-block-paragraph\">P\u00e5 <a href=\"https:\/\/www.instagram.com\/her.najs\/\" target=\"_blank\" rel=\"nofollow noopener\">Instagram @her.najs<\/a> hittar du information om aktiviteter, pysselverkst\u00e4der och sinnes\u00f6vningar. Programmet \u00e4ndras dock v\u00e4ldigt mycket och h\u00e5lls ofta inte just d\u00e5, s\u00e5 dubbelkolla hellre tiden i f\u00f6rv\u00e4g. De har ingen offentlig prislista.<\/p>\n\n\n\n<h3 class=\"wp-block-heading\"><span class=\"ez-toc-section\" id=\"6_Mini_Academy_Pisek\"><\/span>6. Mini Academy P\u00edsek<span class=\"ez-toc-section-end\"><\/span><\/h3>\n\n\n\n<p class=\"wp-block-paragraph\">Ett annat intressant st\u00e4lle f\u00f6r familjer \u00e4r Mini Academy p\u00e5 Pra\u017esk\u00e1, som <strong>framf\u00f6r allt fokuserar p\u00e5 barnaktiviteter<\/strong> och organiserade kurser. De erbjuder verkligen mycket (en komplett \u00f6versikt \u00f6ver P\u00edseks aktiviteter efter \u00e5lder har <a href=\"https:\/\/pisek.info\/deti\/krouzky\" target=\"_blank\" rel=\"noopener\">pisek.info<\/a>), fr\u00e5n de popul\u00e4ra Mimihr\u00e1tky f\u00f6r barn upp till tv\u00e5 \u00e5r, via sinnes\u00f6vningar till moderna aktiviteter som Hobby Horse eller gymnastik.<\/p>\n\n\n\n<p class=\"wp-block-paragraph\">Det handlar fr\u00e4mst om regelbundna kurser, inte om fri lek, s\u00e5 konkreta tider och priser b\u00f6r du dubbelkolla direkt med dem via telefon eller webb \u2014 och f\u00f6rresten kan du \u00e4ven hyra lokalerna f\u00f6r ett f\u00f6delsedagskalas.<\/p>\n\n\n\n<p class=\"wp-block-paragraph\">\ud83d\udca1 <strong>Tips:<\/strong> Dagl\u00e4ger under loven anordnas av Laser Ar\u00e9na (se n\u00e4sta tips), hos Mini Academy kan du fr\u00e5ga om aktuellt utbud.<\/p>\n\n\n\n<h3 class=\"wp-block-heading\"><span class=\"ez-toc-section\" id=\"7_Laser_Arena_Pisek_Game_Cafe_Bar\"><\/span>7. Laser Ar\u00e9na P\u00edsek &amp; Game Caf\u00e9 Bar<span class=\"ez-toc-section-end\"><\/span><\/h3>\n\n\n\n<figure data-wp-context=\"{&quot;imageId&quot;:&quot;6a97aa5e19734&quot;}\" data-wp-interactive=\"core\/image\" data-wp-key=\"6a97aa5e19734\" class=\"wp-block-image size-full wp-lightbox-container\"><img decoding=\"async\" width=\"2000\" height=\"1333\" data-wp-class--hide=\"state.isContentHidden\" data-wp-class--show=\"state.isContentVisible\" data-wp-init=\"callbacks.setButtonStyles\" data-wp-on--click=\"actions.showLightbox\" data-wp-on--load=\"callbacks.setButtonStyles\" data-wp-on--pointerdown=\"actions.preloadImage\" data-wp-on--pointerenter=\"actions.preloadImageWithDelay\" data-wp-on--pointerleave=\"actions.cancelPreload\" data-wp-on-window--resize=\"callbacks.setButtonStyles\" src=\"https:\/\/loudavymkrokem.cz\/wp-content\/uploads\/2026\/08\/laser-arena-pisek.jpg\" alt=\"Lasergame i Laser Ar\u00e9na P\u00edsek\" class=\"wp-image-399679\" title=\"\" srcset=\"https:\/\/loudavymkrokem.cz\/wp-content\/uploads\/2026\/08\/laser-arena-pisek.jpg 2000w, https:\/\/loudavymkrokem.cz\/wp-content\/uploads\/2026\/08\/laser-arena-pisek-300x200.jpg 300w, https:\/\/loudavymkrokem.cz\/wp-content\/uploads\/2026\/08\/laser-arena-pisek-700x467.jpg 700w, https:\/\/loudavymkrokem.cz\/wp-content\/uploads\/2026\/08\/laser-arena-pisek-768x512.jpg 768w, https:\/\/loudavymkrokem.cz\/wp-content\/uploads\/2026\/08\/laser-arena-pisek-1536x1024.jpg 1536w, https:\/\/loudavymkrokem.cz\/wp-content\/uploads\/2026\/08\/laser-arena-pisek-696x464.jpg 696w, https:\/\/loudavymkrokem.cz\/wp-content\/uploads\/2026\/08\/laser-arena-pisek-1392x928.jpg 1392w, https:\/\/loudavymkrokem.cz\/wp-content\/uploads\/2026\/08\/laser-arena-pisek-1920x1280.jpg 1920w\" sizes=\"(max-width: 2000px) 100vw, 2000px\" \/><button\n\t\t\tclass=\"lightbox-trigger\"\n\t\t\ttype=\"button\"\n\t\t\taria-haspopup=\"dialog\"\n\t\t\tdata-wp-bind--aria-label=\"state.thisImage.triggerButtonAriaLabel\"\n\t\t\tdata-wp-init=\"callbacks.initTriggerButton\"\n\t\t\tdata-wp-on--click=\"actions.showLightbox\"\n\t\t\tdata-wp-style--right=\"state.thisImage.buttonRight\"\n\t\t\tdata-wp-style--top=\"state.thisImage.buttonTop\"\n\t\t>\n\t\t\t<svg xmlns=\"http:\/\/www.w3.org\/2000\/svg\" width=\"12\" height=\"12\" fill=\"none\" viewBox=\"0 0 12 12\">\n\t\t\t\t<path fill=\"#fff\" d=\"M2 0a2 2 0 0 0-2 2v2h1.5V2a.5.5 0 0 1 .5-.5h2V0H2Zm2 10.5H2a.5.5 0 0 1-.5-.5V8H0v2a2 2 0 0 0 2 2h2v-1.5ZM8 12v-1.5h2a.5.5 0 0 0 .5-.5V8H12v2a2 2 0 0 1-2 2H8Zm2-12a2 2 0 0 1 2 2v2h-1.5V2a.5.5 0 0 0-.5-.5H8V0h2Z\" \/>\n\t\t\t<\/svg>\n\t\t<\/button><\/figure>\n\n\n\n<p class=\"wp-block-paragraph\">Om du har \u00e4ldre barn eller ton\u00e5ringar i familjen, ta dem absolut till varuhuset Luna p\u00e5 Stora torget, d\u00e4r en <strong>riktigt bra Laser Ar\u00e9na<\/strong> g\u00f6mmer sig p\u00e5 tredje v\u00e5ningen. F\u00f6r sm\u00e5 barn fr\u00e5n ungef\u00e4r sex \u00e5r g\u00e4ller regeln att alla som orkar b\u00e4ra den lysande spelv\u00e4sten f\u00e5r spela.<\/p>\n\n\n\n<p class=\"wp-block-paragraph\">Medan de \u00e4ldre barnen springer i den m\u00f6rklagda arenan kan du sl\u00e5 dig ner i den intilliggande Game Caf\u00e9 Bar, d\u00e4r man dessutom <strong>t\u00e4nkt p\u00e5 bebisarna och utrustat lokalen med en barnh\u00f6rna<\/strong> med sk\u00f6tbord. F\u00f6rutom lasergame hittar du h\u00e4r \u00e4ven biljard, bordsfotboll, en racingsimulator och VR-glas\u00f6gon.<\/p>\n\n\n\n<p class=\"wp-block-paragraph\">Grundintr\u00e4det f\u00f6r ett <strong>lasergame-spel kostar cirka 50 kr (110 K\u010d)<\/strong>, men p\u00e5 helger och lov \u00e4r det ofta v\u00e4ldigt fullt, s\u00e5 jag rekommenderar att boka i f\u00f6rv\u00e4g. Vanligtvis har de \u00f6ppet fredag till s\u00f6ndag, p\u00e5 vardagar beror det p\u00e5 \u00f6verenskommelse.<\/p>\n\n\n\n<h3 class=\"wp-block-heading\"><span class=\"ez-toc-section\" id=\"8_LezeTop_%E2%80%93_Klattercentrum_Pisek\"><\/span>8. LezeTop \u2013 Kl\u00e4ttercentrum P\u00edsek<span class=\"ez-toc-section-end\"><\/span><\/h3>\n\n\n\n<figure data-wp-context=\"{&quot;imageId&quot;:&quot;6a97aa5e19bf0&quot;}\" data-wp-interactive=\"core\/image\" data-wp-key=\"6a97aa5e19bf0\" class=\"wp-block-image size-full wp-lightbox-container\"><img decoding=\"async\" width=\"1280\" height=\"721\" data-wp-class--hide=\"state.isContentHidden\" data-wp-class--show=\"state.isContentVisible\" data-wp-init=\"callbacks.setButtonStyles\" data-wp-on--click=\"actions.showLightbox\" data-wp-on--load=\"callbacks.setButtonStyles\" data-wp-on--pointerdown=\"actions.preloadImage\" data-wp-on--pointerenter=\"actions.preloadImageWithDelay\" data-wp-on--pointerleave=\"actions.cancelPreload\" data-wp-on-window--resize=\"callbacks.setButtonStyles\" src=\"https:\/\/loudavymkrokem.cz\/wp-content\/uploads\/2026\/08\/lezetop-lezecke-centrum-pisek.jpg\" alt=\"Kl\u00e4tterv\u00e4gg i centret LezeTop i P\u00edsek\" class=\"wp-image-399686\" title=\"\" srcset=\"https:\/\/loudavymkrokem.cz\/wp-content\/uploads\/2026\/08\/lezetop-lezecke-centrum-pisek.jpg 1280w, https:\/\/loudavymkrokem.cz\/wp-content\/uploads\/2026\/08\/lezetop-lezecke-centrum-pisek-300x169.jpg 300w, https:\/\/loudavymkrokem.cz\/wp-content\/uploads\/2026\/08\/lezetop-lezecke-centrum-pisek-700x394.jpg 700w, https:\/\/loudavymkrokem.cz\/wp-content\/uploads\/2026\/08\/lezetop-lezecke-centrum-pisek-768x433.jpg 768w, https:\/\/loudavymkrokem.cz\/wp-content\/uploads\/2026\/08\/lezetop-lezecke-centrum-pisek-696x392.jpg 696w\" sizes=\"(max-width: 1280px) 100vw, 1280px\" \/><button\n\t\t\tclass=\"lightbox-trigger\"\n\t\t\ttype=\"button\"\n\t\t\taria-haspopup=\"dialog\"\n\t\t\tdata-wp-bind--aria-label=\"state.thisImage.triggerButtonAriaLabel\"\n\t\t\tdata-wp-init=\"callbacks.initTriggerButton\"\n\t\t\tdata-wp-on--click=\"actions.showLightbox\"\n\t\t\tdata-wp-style--right=\"state.thisImage.buttonRight\"\n\t\t\tdata-wp-style--top=\"state.thisImage.buttonTop\"\n\t\t>\n\t\t\t<svg xmlns=\"http:\/\/www.w3.org\/2000\/svg\" width=\"12\" height=\"12\" fill=\"none\" viewBox=\"0 0 12 12\">\n\t\t\t\t<path fill=\"#fff\" d=\"M2 0a2 2 0 0 0-2 2v2h1.5V2a.5.5 0 0 1 .5-.5h2V0H2Zm2 10.5H2a.5.5 0 0 1-.5-.5V8H0v2a2 2 0 0 0 2 2h2v-1.5ZM8 12v-1.5h2a.5.5 0 0 0 .5-.5V8H12v2a2 2 0 0 1-2 2H8Zm2-12a2 2 0 0 1 2 2v2h-1.5V2a.5.5 0 0 0-.5-.5H8V0h2Z\" \/>\n\t\t\t<\/svg>\n\t\t<\/button><\/figure>\n\n\n\n<p class=\"wp-block-paragraph\">F\u00f6r alla sm\u00e5 apor som kl\u00e4ttrar p\u00e5 m\u00f6blerna hemma \u00e4r ett bes\u00f6k p\u00e5 <strong><a href=\"https:\/\/lezetop.cz\" target=\"_blank\" rel=\"nofollow noopener\">kl\u00e4ttercentret LezeTop<\/a><\/strong> p\u00e5 gatan U Vod\u00e1rny helt perfekt. De har en enorm yta p\u00e5 \u00f6ver 1500 kvadratmeter och mer \u00e4n 150 kl\u00e4tterleder med olika sv\u00e5righetsgrader.<\/p>\n\n\n\n<p class=\"wp-block-paragraph\">Du beh\u00f6ver inte tveka att komma hit ens med rena nyb\u00f6rjare, f\u00f6r de har <strong>en s\u00e4rskild barnv\u00e4gg och boulder<\/strong>, d\u00e4r \u00e4ven de allra minsta tryggt kan prova p\u00e5 kl\u00e4ttring utan komplicerad s\u00e4kring. All utrustning inklusive sm\u00e5 kl\u00e4tterskor l\u00e5nar de g\u00e4rna ut direkt i receptionen.<\/p>\n\n\n\n<p class=\"wp-block-paragraph\">Hela lokalen \u00e4r helt tillg\u00e4nglighetsanpassad, s\u00e5 du tar dig in \u00e4ven med barnvagn, och n\u00e4r du \u00e4r utpumpad av kl\u00e4ttringen kan du sl\u00e5 dig ner i baren, d\u00e4r det inte heller saknas en liten barnh\u00f6rna. De har \u00f6ppet varje dag fr\u00e5n tio p\u00e5 morgonen \u00e4nda till kv\u00e4llen.<\/p>\n\n\n\n<h3 class=\"wp-block-heading\"><span class=\"ez-toc-section\" id=\"9_Badhuset\"><\/span>9. Badhuset<span class=\"ez-toc-section-end\"><\/span><\/h3>\n\n\n\n<p class=\"wp-block-paragraph\">N\u00e4r det \u00e4r ruskigt ute r\u00e4ddar P\u00edseks badhus p\u00e5 Ostrovn\u00ed dig, dit <strong>lokala familjer g\u00e5r f\u00f6r helgbad<\/strong>. F\u00f6r barnen finns en barnbass\u00e4ng p\u00e5 nio g\u00e5nger sex meter med ett maxdjup p\u00e5 nittio centimeter, s\u00e5 de n\u00e5r enkelt botten.<\/p>\n\n\n\n<p class=\"wp-block-paragraph\">Medan barnen plaskar i det varma vattnet kan <strong>de vuxna avl\u00f6sa varandra i \u00e5ngbastun<\/strong>, som finns direkt vid bass\u00e4ngen. P\u00e5 sommarm\u00e5naderna kan man dessutom g\u00e5 ut p\u00e5 uteterrassen och sola p\u00e5 solstolarna.<\/p>\n\n\n\n<p class=\"wp-block-paragraph\">Priserna \u00e4ndras ofta och <strong>p\u00e5 webben har de en gammal prislista fr\u00e5n 2022<\/strong>, enligt vilken vuxna betalar cirka 45 kr (100 K\u010d) och barn upp till 140 centimeter cirka 30 kr (60 K\u010d) f\u00f6r tv\u00e5 timmar, s\u00e5 r\u00e4kna hellre med att beloppen i kassan kan vara n\u00e5got h\u00f6gre. \u00d6ppet \u00e4r det varje dag, men p\u00e5 helger f\u00f6rst p\u00e5 eftermiddagen.<\/p>\n\n\n\n<h3 class=\"wp-block-heading\"><span class=\"ez-toc-section\" id=\"10_Centrum_for_mor_och_barn\"><\/span>10. Centrum f\u00f6r mor och barn<span class=\"ez-toc-section-end\"><\/span><\/h3>\n\n\n\n<p class=\"wp-block-paragraph\">Om du har en riktigt liten bebis och vill njuta av vattnet i en mer intim milj\u00f6, titta p\u00e5 utbudet hos Centrum f\u00f6r mor och barn p\u00e5 Erbenova. De har <strong>en s\u00e4rskild uppv\u00e4rmd barnbass\u00e4ng<\/strong>, d\u00e4r det h\u00e5lls simkurser f\u00f6r sp\u00e4dbarn och pysslingar upp till sex \u00e5rs \u00e5lder.<\/p>\n\n\n\n<p class=\"wp-block-paragraph\">F\u00f6rutom bass\u00e4ngen finns i centret \u00e4ven <strong>en trevlig barnh\u00f6rna<\/strong>, d\u00e4r barnen efter simningen kan leka och acklimatisera sig innan de g\u00e5r ut. Centret fokuserar fr\u00e4mst p\u00e5 regelbundna kurser och fysioterapi, s\u00e5 enstaka bes\u00f6k m\u00e5ste alltid st\u00e4mmas av per telefon.<\/p>\n\n\n\n<p class=\"wp-block-paragraph\">\u00d6ppettiderna \u00e4r <strong>m\u00e5ndag till fredag<\/strong> (m\u00e5\u2013to 8\u201318, fre 8\u201316), men f\u00f6r exakt information om lediga platser och aktuella priser rekommenderar jag att ringa, eftersom denna information tyv\u00e4rr saknas p\u00e5 webben.<\/p>\n\n\n\n<h3 class=\"wp-block-heading\"><span class=\"ez-toc-section\" id=\"11_Stadsbiblioteket_och_kafeet_Upekla\"><\/span>11. Stadsbiblioteket och kaf\u00e9et Upekla<span class=\"ez-toc-section-end\"><\/span><\/h3>\n\n\n\n<figure data-wp-context=\"{&quot;imageId&quot;:&quot;6a97aa5e1a321&quot;}\" data-wp-interactive=\"core\/image\" data-wp-key=\"6a97aa5e1a321\" class=\"wp-block-image size-full wp-lightbox-container\"><img decoding=\"async\" width=\"2200\" height=\"1650\" data-wp-class--hide=\"state.isContentHidden\" data-wp-class--show=\"state.isContentVisible\" data-wp-init=\"callbacks.setButtonStyles\" data-wp-on--click=\"actions.showLightbox\" data-wp-on--load=\"callbacks.setButtonStyles\" data-wp-on--pointerdown=\"actions.preloadImage\" data-wp-on--pointerenter=\"actions.preloadImageWithDelay\" data-wp-on--pointerleave=\"actions.cancelPreload\" data-wp-on-window--resize=\"callbacks.setButtonStyles\" src=\"https:\/\/loudavymkrokem.cz\/wp-content\/uploads\/2026\/08\/pisek-knihovna-vnitroblok-piskoviste-upekla.jpg\" alt=\"Innerg\u00e5rden till Stadsbiblioteket i P\u00edsek med sandl\u00e5da vid kaf\u00e9et Upekla\" class=\"wp-image-399544\" title=\"\" srcset=\"https:\/\/loudavymkrokem.cz\/wp-content\/uploads\/2026\/08\/pisek-knihovna-vnitroblok-piskoviste-upekla.jpg 2200w, https:\/\/loudavymkrokem.cz\/wp-content\/uploads\/2026\/08\/pisek-knihovna-vnitroblok-piskoviste-upekla-300x225.jpg 300w, https:\/\/loudavymkrokem.cz\/wp-content\/uploads\/2026\/08\/pisek-knihovna-vnitroblok-piskoviste-upekla-700x525.jpg 700w, https:\/\/loudavymkrokem.cz\/wp-content\/uploads\/2026\/08\/pisek-knihovna-vnitroblok-piskoviste-upekla-768x576.jpg 768w, https:\/\/loudavymkrokem.cz\/wp-content\/uploads\/2026\/08\/pisek-knihovna-vnitroblok-piskoviste-upekla-1536x1152.jpg 1536w, https:\/\/loudavymkrokem.cz\/wp-content\/uploads\/2026\/08\/pisek-knihovna-vnitroblok-piskoviste-upekla-2048x1536.jpg 2048w, https:\/\/loudavymkrokem.cz\/wp-content\/uploads\/2026\/08\/pisek-knihovna-vnitroblok-piskoviste-upekla-80x60.jpg 80w, https:\/\/loudavymkrokem.cz\/wp-content\/uploads\/2026\/08\/pisek-knihovna-vnitroblok-piskoviste-upekla-160x120.jpg 160w, https:\/\/loudavymkrokem.cz\/wp-content\/uploads\/2026\/08\/pisek-knihovna-vnitroblok-piskoviste-upekla-696x522.jpg 696w, https:\/\/loudavymkrokem.cz\/wp-content\/uploads\/2026\/08\/pisek-knihovna-vnitroblok-piskoviste-upekla-1392x1044.jpg 1392w, https:\/\/loudavymkrokem.cz\/wp-content\/uploads\/2026\/08\/pisek-knihovna-vnitroblok-piskoviste-upekla-1920x1440.jpg 1920w\" sizes=\"(max-width: 2200px) 100vw, 2200px\" \/><button\n\t\t\tclass=\"lightbox-trigger\"\n\t\t\ttype=\"button\"\n\t\t\taria-haspopup=\"dialog\"\n\t\t\tdata-wp-bind--aria-label=\"state.thisImage.triggerButtonAriaLabel\"\n\t\t\tdata-wp-init=\"callbacks.initTriggerButton\"\n\t\t\tdata-wp-on--click=\"actions.showLightbox\"\n\t\t\tdata-wp-style--right=\"state.thisImage.buttonRight\"\n\t\t\tdata-wp-style--top=\"state.thisImage.buttonTop\"\n\t\t>\n\t\t\t<svg xmlns=\"http:\/\/www.w3.org\/2000\/svg\" width=\"12\" height=\"12\" fill=\"none\" viewBox=\"0 0 12 12\">\n\t\t\t\t<path fill=\"#fff\" d=\"M2 0a2 2 0 0 0-2 2v2h1.5V2a.5.5 0 0 1 .5-.5h2V0H2Zm2 10.5H2a.5.5 0 0 1-.5-.5V8H0v2a2 2 0 0 0 2 2h2v-1.5ZM8 12v-1.5h2a.5.5 0 0 0 .5-.5V8H12v2a2 2 0 0 1-2 2H8Zm2-12a2 2 0 0 1 2 2v2h-1.5V2a.5.5 0 0 0-.5-.5H8V0h2Z\" \/>\n\t\t\t<\/svg>\n\t\t<\/button><\/figure>\n\n\n\n<figure data-wp-context=\"{&quot;imageId&quot;:&quot;6a97aa5e1a733&quot;}\" data-wp-interactive=\"core\/image\" data-wp-key=\"6a97aa5e1a733\" class=\"wp-block-image size-full wp-lightbox-container\"><img decoding=\"async\" width=\"2200\" height=\"1467\" data-wp-class--hide=\"state.isContentHidden\" data-wp-class--show=\"state.isContentVisible\" data-wp-init=\"callbacks.setButtonStyles\" data-wp-on--click=\"actions.showLightbox\" data-wp-on--load=\"callbacks.setButtonStyles\" data-wp-on--pointerdown=\"actions.preloadImage\" data-wp-on--pointerenter=\"actions.preloadImageWithDelay\" data-wp-on--pointerleave=\"actions.cancelPreload\" data-wp-on-window--resize=\"callbacks.setButtonStyles\" src=\"https:\/\/loudavymkrokem.cz\/wp-content\/uploads\/2026\/08\/pisek-mestska-knihovna.jpg\" alt=\"Stadsbibliotekets byggnad i P\u00edsek p\u00e5 Ale\u0161torget\" class=\"wp-image-399360\" title=\"\" srcset=\"https:\/\/loudavymkrokem.cz\/wp-content\/uploads\/2026\/08\/pisek-mestska-knihovna.jpg 2200w, https:\/\/loudavymkrokem.cz\/wp-content\/uploads\/2026\/08\/pisek-mestska-knihovna-300x200.jpg 300w, https:\/\/loudavymkrokem.cz\/wp-content\/uploads\/2026\/08\/pisek-mestska-knihovna-700x467.jpg 700w, https:\/\/loudavymkrokem.cz\/wp-content\/uploads\/2026\/08\/pisek-mestska-knihovna-768x512.jpg 768w, https:\/\/loudavymkrokem.cz\/wp-content\/uploads\/2026\/08\/pisek-mestska-knihovna-1536x1024.jpg 1536w, https:\/\/loudavymkrokem.cz\/wp-content\/uploads\/2026\/08\/pisek-mestska-knihovna-2048x1366.jpg 2048w, https:\/\/loudavymkrokem.cz\/wp-content\/uploads\/2026\/08\/pisek-mestska-knihovna-696x464.jpg 696w, https:\/\/loudavymkrokem.cz\/wp-content\/uploads\/2026\/08\/pisek-mestska-knihovna-1392x928.jpg 1392w, https:\/\/loudavymkrokem.cz\/wp-content\/uploads\/2026\/08\/pisek-mestska-knihovna-1920x1280.jpg 1920w\" sizes=\"(max-width: 2200px) 100vw, 2200px\" \/><button\n\t\t\tclass=\"lightbox-trigger\"\n\t\t\ttype=\"button\"\n\t\t\taria-haspopup=\"dialog\"\n\t\t\tdata-wp-bind--aria-label=\"state.thisImage.triggerButtonAriaLabel\"\n\t\t\tdata-wp-init=\"callbacks.initTriggerButton\"\n\t\t\tdata-wp-on--click=\"actions.showLightbox\"\n\t\t\tdata-wp-style--right=\"state.thisImage.buttonRight\"\n\t\t\tdata-wp-style--top=\"state.thisImage.buttonTop\"\n\t\t>\n\t\t\t<svg xmlns=\"http:\/\/www.w3.org\/2000\/svg\" width=\"12\" height=\"12\" fill=\"none\" viewBox=\"0 0 12 12\">\n\t\t\t\t<path fill=\"#fff\" d=\"M2 0a2 2 0 0 0-2 2v2h1.5V2a.5.5 0 0 1 .5-.5h2V0H2Zm2 10.5H2a.5.5 0 0 1-.5-.5V8H0v2a2 2 0 0 0 2 2h2v-1.5ZM8 12v-1.5h2a.5.5 0 0 0 .5-.5V8H12v2a2 2 0 0 1-2 2H8Zm2-12a2 2 0 0 1 2 2v2h-1.5V2a.5.5 0 0 0-.5-.5H8V0h2Z\" \/>\n\t\t\t<\/svg>\n\t\t<\/button><\/figure>\n\n\n\n<p class=\"wp-block-paragraph\">Stadsbiblioteket p\u00e5 Ale\u0161torget \u00e4r inte bara ett tr\u00e5kigt utl\u00e5ningsst\u00e4lle f\u00f6r b\u00f6cker, utan <strong>P\u00edseks barnavdelning \u00e4r helt enkelt en fr\u00f6jd f\u00f6r \u00f6gat<\/strong>. Utrymmet \u00e4r underbart m\u00e5lat i undervattenstil, i v\u00e4ggarna finns tv\u00e5 stora levande akvarier med fiskar och det saknas inte heller en riktig barnrutschkana.<\/p>\n\n\n\n<p class=\"wp-block-paragraph\">I samma byggnad ligger konditoriet och kaf\u00e9et <strong>Upekla<\/strong>, till vilket det \u00e4ven h\u00f6r en g\u00e5rd p\u00e5 innerg\u00e5rden. Och just d\u00e4r g\u00f6mmer sig <strong>en sandl\u00e5da och ett ganska stort utrymme<\/strong>, d\u00e4r barnen kan leka av sig i lugn och ro medan du dricker upp ditt kaffe. Fr\u00e5n barnavdelningen \u00e4r det bara att g\u00e5 \u00f6ver g\u00e5rden, s\u00e5 l\u00e4sning och lek g\u00e5r att kombinera under en och samma f\u00f6rmiddag.<\/p>\n\n\n\n<p class=\"wp-block-paragraph\">\ud83d\udca1 <strong>Tips:<\/strong> P\u00e5 Upekla t\u00e4nker de \u00e4ven p\u00e5 glutenfri kost, s\u00e5 ett barn med celiaki kan ocks\u00e5 ta en t\u00e5rtbit h\u00e4r.<\/p>\n\n\n\n<h2 class=\"wp-block-heading\"><span class=\"ez-toc-section\" id=\"Lekplatser_park_och_flod_Pisek_med_barn_utomhus\"><\/span>Lekplatser, park och flod: P\u00edsek med barn utomhus<span class=\"ez-toc-section-end\"><\/span><\/h2>\n\n\n\n<p class=\"wp-block-paragraph\">S\u00e5 fort solen tittar fram vaknar P\u00edsek till liv och alla familjer flyttar ut till floden och parkerna. H\u00e4r \u00e4r en \u00f6versikt \u00f6ver st\u00e4llen d\u00e4r barnen garanterat underh\u00e5lls i friska luften.<\/p>\n\n\n\n<h3 class=\"wp-block-heading\"><span class=\"ez-toc-section\" id=\"12_Sandskulpturer_pa_kajen\"><\/span>12. Sandskulpturer p\u00e5 kajen<span class=\"ez-toc-section-end\"><\/span><\/h3>\n\n\n\n<figure data-wp-context=\"{&quot;imageId&quot;:&quot;6a97aa5e1ac62&quot;}\" data-wp-interactive=\"core\/image\" data-wp-key=\"6a97aa5e1ac62\" class=\"wp-block-image size-full wp-lightbox-container\"><img decoding=\"async\" width=\"2000\" height=\"1333\" data-wp-class--hide=\"state.isContentHidden\" data-wp-class--show=\"state.isContentVisible\" data-wp-init=\"callbacks.setButtonStyles\" data-wp-on--click=\"actions.showLightbox\" data-wp-on--load=\"callbacks.setButtonStyles\" data-wp-on--pointerdown=\"actions.preloadImage\" data-wp-on--pointerenter=\"actions.preloadImageWithDelay\" data-wp-on--pointerleave=\"actions.cancelPreload\" data-wp-on-window--resize=\"callbacks.setButtonStyles\" src=\"https:\/\/loudavymkrokem.cz\/wp-content\/uploads\/2026\/08\/sochy-z-pisku-naplavka-kamenny-most.jpg\" alt=\"Sandskulpturer p\u00e5 Otavakajen vid Stenbron i P\u00edsek\" class=\"wp-image-399607\" title=\"\" srcset=\"https:\/\/loudavymkrokem.cz\/wp-content\/uploads\/2026\/08\/sochy-z-pisku-naplavka-kamenny-most.jpg 2000w, https:\/\/loudavymkrokem.cz\/wp-content\/uploads\/2026\/08\/sochy-z-pisku-naplavka-kamenny-most-300x200.jpg 300w, https:\/\/loudavymkrokem.cz\/wp-content\/uploads\/2026\/08\/sochy-z-pisku-naplavka-kamenny-most-700x467.jpg 700w, https:\/\/loudavymkrokem.cz\/wp-content\/uploads\/2026\/08\/sochy-z-pisku-naplavka-kamenny-most-768x512.jpg 768w, https:\/\/loudavymkrokem.cz\/wp-content\/uploads\/2026\/08\/sochy-z-pisku-naplavka-kamenny-most-1536x1024.jpg 1536w, https:\/\/loudavymkrokem.cz\/wp-content\/uploads\/2026\/08\/sochy-z-pisku-naplavka-kamenny-most-696x464.jpg 696w, https:\/\/loudavymkrokem.cz\/wp-content\/uploads\/2026\/08\/sochy-z-pisku-naplavka-kamenny-most-1392x928.jpg 1392w, https:\/\/loudavymkrokem.cz\/wp-content\/uploads\/2026\/08\/sochy-z-pisku-naplavka-kamenny-most-1920x1280.jpg 1920w\" sizes=\"(max-width: 2000px) 100vw, 2000px\" \/><button\n\t\t\tclass=\"lightbox-trigger\"\n\t\t\ttype=\"button\"\n\t\t\taria-haspopup=\"dialog\"\n\t\t\tdata-wp-bind--aria-label=\"state.thisImage.triggerButtonAriaLabel\"\n\t\t\tdata-wp-init=\"callbacks.initTriggerButton\"\n\t\t\tdata-wp-on--click=\"actions.showLightbox\"\n\t\t\tdata-wp-style--right=\"state.thisImage.buttonRight\"\n\t\t\tdata-wp-style--top=\"state.thisImage.buttonTop\"\n\t\t>\n\t\t\t<svg xmlns=\"http:\/\/www.w3.org\/2000\/svg\" width=\"12\" height=\"12\" fill=\"none\" viewBox=\"0 0 12 12\">\n\t\t\t\t<path fill=\"#fff\" d=\"M2 0a2 2 0 0 0-2 2v2h1.5V2a.5.5 0 0 1 .5-.5h2V0H2Zm2 10.5H2a.5.5 0 0 1-.5-.5V8H0v2a2 2 0 0 0 2 2h2v-1.5ZM8 12v-1.5h2a.5.5 0 0 0 .5-.5V8H12v2a2 2 0 0 1-2 2H8Zm2-12a2 2 0 0 1 2 2v2h-1.5V2a.5.5 0 0 0-.5-.5H8V0h2Z\" \/>\n\t\t\t<\/svg>\n\t\t<\/button><\/figure>\n\n\n\n<figure data-wp-context=\"{&quot;imageId&quot;:&quot;6a97aa5e1afcc&quot;}\" data-wp-interactive=\"core\/image\" data-wp-key=\"6a97aa5e1afcc\" class=\"wp-block-image size-full wp-lightbox-container\"><img decoding=\"async\" width=\"2200\" height=\"1467\" data-wp-class--hide=\"state.isContentHidden\" data-wp-class--show=\"state.isContentVisible\" data-wp-init=\"callbacks.setButtonStyles\" data-wp-on--click=\"actions.showLightbox\" data-wp-on--load=\"callbacks.setButtonStyles\" data-wp-on--pointerdown=\"actions.preloadImage\" data-wp-on--pointerenter=\"actions.preloadImageWithDelay\" data-wp-on--pointerleave=\"actions.cancelPreload\" data-wp-on-window--resize=\"callbacks.setButtonStyles\" src=\"https:\/\/loudavymkrokem.cz\/wp-content\/uploads\/2026\/08\/pisek-otava-naplavka-most.jpg\" alt=\"Otavakajen vid Stenbron i P\u00edsek\" class=\"wp-image-399329\" title=\"\" srcset=\"https:\/\/loudavymkrokem.cz\/wp-content\/uploads\/2026\/08\/pisek-otava-naplavka-most.jpg 2200w, https:\/\/loudavymkrokem.cz\/wp-content\/uploads\/2026\/08\/pisek-otava-naplavka-most-300x200.jpg 300w, https:\/\/loudavymkrokem.cz\/wp-content\/uploads\/2026\/08\/pisek-otava-naplavka-most-700x467.jpg 700w, https:\/\/loudavymkrokem.cz\/wp-content\/uploads\/2026\/08\/pisek-otava-naplavka-most-768x512.jpg 768w, https:\/\/loudavymkrokem.cz\/wp-content\/uploads\/2026\/08\/pisek-otava-naplavka-most-1536x1024.jpg 1536w, https:\/\/loudavymkrokem.cz\/wp-content\/uploads\/2026\/08\/pisek-otava-naplavka-most-2048x1366.jpg 2048w, https:\/\/loudavymkrokem.cz\/wp-content\/uploads\/2026\/08\/pisek-otava-naplavka-most-696x464.jpg 696w, https:\/\/loudavymkrokem.cz\/wp-content\/uploads\/2026\/08\/pisek-otava-naplavka-most-1392x928.jpg 1392w, https:\/\/loudavymkrokem.cz\/wp-content\/uploads\/2026\/08\/pisek-otava-naplavka-most-1920x1280.jpg 1920w\" sizes=\"(max-width: 2200px) 100vw, 2200px\" \/><button\n\t\t\tclass=\"lightbox-trigger\"\n\t\t\ttype=\"button\"\n\t\t\taria-haspopup=\"dialog\"\n\t\t\tdata-wp-bind--aria-label=\"state.thisImage.triggerButtonAriaLabel\"\n\t\t\tdata-wp-init=\"callbacks.initTriggerButton\"\n\t\t\tdata-wp-on--click=\"actions.showLightbox\"\n\t\t\tdata-wp-style--right=\"state.thisImage.buttonRight\"\n\t\t\tdata-wp-style--top=\"state.thisImage.buttonTop\"\n\t\t>\n\t\t\t<svg xmlns=\"http:\/\/www.w3.org\/2000\/svg\" width=\"12\" height=\"12\" fill=\"none\" viewBox=\"0 0 12 12\">\n\t\t\t\t<path fill=\"#fff\" d=\"M2 0a2 2 0 0 0-2 2v2h1.5V2a.5.5 0 0 1 .5-.5h2V0H2Zm2 10.5H2a.5.5 0 0 1-.5-.5V8H0v2a2 2 0 0 0 2 2h2v-1.5ZM8 12v-1.5h2a.5.5 0 0 0 .5-.5V8H12v2a2 2 0 0 1-2 2H8Zm2-12a2 2 0 0 1 2 2v2h-1.5V2a.5.5 0 0 0-.5-.5H8V0h2Z\" \/>\n\t\t\t<\/svg>\n\t\t<\/button><\/figure>\n\n\n\n<p class=\"wp-block-paragraph\">Detta \u00e4r <strong>den absoluta symbolen f\u00f6r sommarens P\u00edsek<\/strong>, som lockar bes\u00f6kare fr\u00e5n hela landet. Varje \u00e5r fr\u00e5n slutet av maj b\u00f6rjar enorma sandskulpturer v\u00e4xa fram p\u00e5 kajen vid Stenbron, skapade av erfarna skulpt\u00f6rer, och varje \u00e5r har de ett helt nytt tema.<\/p>\n\n\n\n<p class=\"wp-block-paragraph\">Tidigare kallades detta evenemang Cip\u00edskovi\u0161t\u011b, i dag hittar du det under namnet Sochy z p\u00edsku v P\u00edsku (Sandskulpturer i P\u00edsek), och <strong>hela utst\u00e4llningen \u00e4r helt gratis<\/strong> hela sommaren, tills h\u00f6stens regn f\u00f6rst\u00f6r skulpturerna. Det finns alltid \u00e4ven en tillh\u00f6rande festival, P\u00edskovi\u0161t\u011b, med program f\u00f6r familjer.<\/p>\n\n\n\n<p class=\"wp-block-paragraph\">F\u00f6r pysslingar \u00e4r det fascinerande att <strong>titta p\u00e5 de enorma sandslotten<\/strong>, och dessutom kan du under tiden promenera l\u00e4ngs floden och g\u00e5 p\u00e5 glass hos Pomodoro vid kyrkan eller p\u00e5 n\u00e5got av kaf\u00e9erna vid bron.<\/p>\n\n\n\n<h3 class=\"wp-block-heading\"><span class=\"ez-toc-section\" id=\"13_Stenbron_och_kajen\"><\/span>13. Stenbron och kajen<span class=\"ez-toc-section-end\"><\/span><\/h3>\n\n\n\n<figure data-wp-context=\"{&quot;imageId&quot;:&quot;6a97aa5e1b478&quot;}\" data-wp-interactive=\"core\/image\" data-wp-key=\"6a97aa5e1b478\" class=\"wp-block-image size-full wp-lightbox-container\"><img decoding=\"async\" width=\"2200\" height=\"1467\" data-wp-class--hide=\"state.isContentHidden\" data-wp-class--show=\"state.isContentVisible\" data-wp-init=\"callbacks.setButtonStyles\" data-wp-on--click=\"actions.showLightbox\" data-wp-on--load=\"callbacks.setButtonStyles\" data-wp-on--pointerdown=\"actions.preloadImage\" data-wp-on--pointerenter=\"actions.preloadImageWithDelay\" data-wp-on--pointerleave=\"actions.cancelPreload\" data-wp-on-window--resize=\"callbacks.setButtonStyles\" src=\"https:\/\/loudavymkrokem.cz\/wp-content\/uploads\/2026\/08\/pisek-kamenny-most-sochy.jpg\" alt=\"Stenbron i P\u00edsek med barockstatyer av helgon\" class=\"wp-image-399324\" title=\"\" srcset=\"https:\/\/loudavymkrokem.cz\/wp-content\/uploads\/2026\/08\/pisek-kamenny-most-sochy.jpg 2200w, https:\/\/loudavymkrokem.cz\/wp-content\/uploads\/2026\/08\/pisek-kamenny-most-sochy-300x200.jpg 300w, https:\/\/loudavymkrokem.cz\/wp-content\/uploads\/2026\/08\/pisek-kamenny-most-sochy-700x467.jpg 700w, https:\/\/loudavymkrokem.cz\/wp-content\/uploads\/2026\/08\/pisek-kamenny-most-sochy-768x512.jpg 768w, https:\/\/loudavymkrokem.cz\/wp-content\/uploads\/2026\/08\/pisek-kamenny-most-sochy-1536x1024.jpg 1536w, https:\/\/loudavymkrokem.cz\/wp-content\/uploads\/2026\/08\/pisek-kamenny-most-sochy-2048x1366.jpg 2048w, https:\/\/loudavymkrokem.cz\/wp-content\/uploads\/2026\/08\/pisek-kamenny-most-sochy-696x464.jpg 696w, https:\/\/loudavymkrokem.cz\/wp-content\/uploads\/2026\/08\/pisek-kamenny-most-sochy-1392x928.jpg 1392w, https:\/\/loudavymkrokem.cz\/wp-content\/uploads\/2026\/08\/pisek-kamenny-most-sochy-1920x1280.jpg 1920w\" sizes=\"(max-width: 2200px) 100vw, 2200px\" \/><button\n\t\t\tclass=\"lightbox-trigger\"\n\t\t\ttype=\"button\"\n\t\t\taria-haspopup=\"dialog\"\n\t\t\tdata-wp-bind--aria-label=\"state.thisImage.triggerButtonAriaLabel\"\n\t\t\tdata-wp-init=\"callbacks.initTriggerButton\"\n\t\t\tdata-wp-on--click=\"actions.showLightbox\"\n\t\t\tdata-wp-style--right=\"state.thisImage.buttonRight\"\n\t\t\tdata-wp-style--top=\"state.thisImage.buttonTop\"\n\t\t>\n\t\t\t<svg xmlns=\"http:\/\/www.w3.org\/2000\/svg\" width=\"12\" height=\"12\" fill=\"none\" viewBox=\"0 0 12 12\">\n\t\t\t\t<path fill=\"#fff\" d=\"M2 0a2 2 0 0 0-2 2v2h1.5V2a.5.5 0 0 1 .5-.5h2V0H2Zm2 10.5H2a.5.5 0 0 1-.5-.5V8H0v2a2 2 0 0 0 2 2h2v-1.5ZM8 12v-1.5h2a.5.5 0 0 0 .5-.5V8H12v2a2 2 0 0 1-2 2H8Zm2-12a2 2 0 0 1 2 2v2h-1.5V2a.5.5 0 0 0-.5-.5H8V0h2Z\" \/>\n\t\t\t<\/svg>\n\t\t<\/button><\/figure>\n\n\n\n<p class=\"wp-block-paragraph\">N\u00e4r du \u00e4nd\u00e5 \u00e4r vid skulpturerna f\u00e5r du inte missa en promenad \u00f6ver sj\u00e4lva Stenbron, som \u00e4r <strong>den \u00e4ldsta bevarade bron i Tjeckien<\/strong> och h\u00e4rr\u00f6r redan fr\u00e5n 1200-talet. F\u00f6r barnen \u00e4r bron intressant med sina nischer och statyer, mellan vilka de kan springa omkring, eftersom biltrafik \u00e4r f\u00f6rbjuden h\u00e4r.<\/p>\n\n\n\n<p class=\"wp-block-paragraph\">Under bron l\u00f6per en vackert iordningst\u00e4lld kaj, dit <strong>lokala familjer regelbundet g\u00e5r f\u00f6r att mata \u00e4nder och svanar<\/strong>. Kom bara ih\u00e5g att br\u00f6d \u00e4r skadligt f\u00f6r f\u00e5glarna, s\u00e5 ta hellre med lite majs, \u00e4rtor eller s\u00e4rskilt foder f\u00f6r sj\u00f6f\u00e5glar.<\/p>\n\n\n\n<p class=\"wp-block-paragraph\">Fr\u00e5n kajen har du ocks\u00e5 <strong>en vacker utsikt \u00f6ver P\u00edseks borg<\/strong>, och hela panoramat kan du fota till familjealbumet. Promenaden l\u00e4ngs vattnet \u00e4r dessutom helt tillg\u00e4nglighetsanpassad, s\u00e5 barnvagnar och sparkcyklar tar sig fram utan minsta problem.<\/p>\n\n\n\n<h3 class=\"wp-block-heading\"><span class=\"ez-toc-section\" id=\"14_Stadson\"><\/span>14. Stads\u00f6n<span class=\"ez-toc-section-end\"><\/span><\/h3>\n\n\n\n<figure data-wp-context=\"{&quot;imageId&quot;:&quot;6a97aa5e1b9ab&quot;}\" data-wp-interactive=\"core\/image\" data-wp-key=\"6a97aa5e1b9ab\" class=\"wp-block-image size-full wp-lightbox-container\"><img decoding=\"async\" width=\"1200\" height=\"800\" data-wp-class--hide=\"state.isContentHidden\" data-wp-class--show=\"state.isContentVisible\" data-wp-init=\"callbacks.setButtonStyles\" data-wp-on--click=\"actions.showLightbox\" data-wp-on--load=\"callbacks.setButtonStyles\" data-wp-on--pointerdown=\"actions.preloadImage\" data-wp-on--pointerenter=\"actions.preloadImageWithDelay\" data-wp-on--pointerleave=\"actions.cancelPreload\" data-wp-on-window--resize=\"callbacks.setButtonStyles\" src=\"https:\/\/loudavymkrokem.cz\/wp-content\/uploads\/2026\/08\/mestsky-ostrov-pisek-zahradka.jpg\" alt=\"Sommarservering p\u00e5 Stads\u00f6n i P\u00edsek\" class=\"wp-image-399671\" title=\"\" srcset=\"https:\/\/loudavymkrokem.cz\/wp-content\/uploads\/2026\/08\/mestsky-ostrov-pisek-zahradka.jpg 1200w, https:\/\/loudavymkrokem.cz\/wp-content\/uploads\/2026\/08\/mestsky-ostrov-pisek-zahradka-300x200.jpg 300w, https:\/\/loudavymkrokem.cz\/wp-content\/uploads\/2026\/08\/mestsky-ostrov-pisek-zahradka-700x467.jpg 700w, https:\/\/loudavymkrokem.cz\/wp-content\/uploads\/2026\/08\/mestsky-ostrov-pisek-zahradka-768x512.jpg 768w, https:\/\/loudavymkrokem.cz\/wp-content\/uploads\/2026\/08\/mestsky-ostrov-pisek-zahradka-696x464.jpg 696w\" sizes=\"(max-width: 1200px) 100vw, 1200px\" \/><button\n\t\t\tclass=\"lightbox-trigger\"\n\t\t\ttype=\"button\"\n\t\t\taria-haspopup=\"dialog\"\n\t\t\tdata-wp-bind--aria-label=\"state.thisImage.triggerButtonAriaLabel\"\n\t\t\tdata-wp-init=\"callbacks.initTriggerButton\"\n\t\t\tdata-wp-on--click=\"actions.showLightbox\"\n\t\t\tdata-wp-style--right=\"state.thisImage.buttonRight\"\n\t\t\tdata-wp-style--top=\"state.thisImage.buttonTop\"\n\t\t>\n\t\t\t<svg xmlns=\"http:\/\/www.w3.org\/2000\/svg\" width=\"12\" height=\"12\" fill=\"none\" viewBox=\"0 0 12 12\">\n\t\t\t\t<path fill=\"#fff\" d=\"M2 0a2 2 0 0 0-2 2v2h1.5V2a.5.5 0 0 1 .5-.5h2V0H2Zm2 10.5H2a.5.5 0 0 1-.5-.5V8H0v2a2 2 0 0 0 2 2h2v-1.5ZM8 12v-1.5h2a.5.5 0 0 0 .5-.5V8H12v2a2 2 0 0 1-2 2H8Zm2-12a2 2 0 0 1 2 2v2h-1.5V2a.5.5 0 0 0-.5-.5H8V0h2Z\" \/>\n\t\t\t<\/svg>\n\t\t<\/button><\/figure>\n\n\n\n<p class=\"wp-block-paragraph\">Stads\u00f6n, omflutten av floden Otava, \u00e4r <strong>en lugn gr\u00f6n oas mitt i staden<\/strong>, dit du tar dig via en g\u00e5ngbro. H\u00e4r finns en stor park med vackra fullvuxna tr\u00e4d, som ger s\u00e5 v\u00e4lbeh\u00f6vlig skugga under den heta sommaren.<\/p>\n\n\n\n<p class=\"wp-block-paragraph\">F\u00f6r barnen finns h\u00e4r <strong>en stor inh\u00e4gnad lekplats med moderna lekelement<\/strong>, d\u00e4r du inte beh\u00f6ver oroa dig f\u00f6r att pysslingen springer iv\u00e4g n\u00e5gonstans. Precis intill lekplatsen kan dessutom \u00e4ldre barn och vuxna spela minigolf p\u00e5 den lokala v\u00e4lsk\u00f6tta banan.<\/p>\n\n\n\n<p class=\"wp-block-paragraph\">N\u00e4r barnen blir hungriga <strong>finns den traditionella Restaurace Ostrov p\u00e5 \u00f6n<\/strong>, som har en egen mindre lekplats vid sommarserveringen, s\u00e5 du kan \u00e4ta upp din lunch i lugn och ro medan barnen leker en bit bort.<\/p>\n\n\n\n<h3 class=\"wp-block-heading\"><span class=\"ez-toc-section\" id=\"15_Trafiklekplats_vid_Sankt_Vaclav\"><\/span>15. Trafiklekplats vid Sankt V\u00e1clav<span class=\"ez-toc-section-end\"><\/span><\/h3>\n\n\n\n<figure data-wp-context=\"{&quot;imageId&quot;:&quot;6a97aa5e1be3e&quot;}\" data-wp-interactive=\"core\/image\" data-wp-key=\"6a97aa5e1be3e\" class=\"wp-block-image size-full wp-lightbox-container\"><img decoding=\"async\" width=\"1024\" height=\"461\" data-wp-class--hide=\"state.isContentHidden\" data-wp-class--show=\"state.isContentVisible\" data-wp-init=\"callbacks.setButtonStyles\" data-wp-on--click=\"actions.showLightbox\" data-wp-on--load=\"callbacks.setButtonStyles\" data-wp-on--pointerdown=\"actions.preloadImage\" data-wp-on--pointerenter=\"actions.preloadImageWithDelay\" data-wp-on--pointerleave=\"actions.cancelPreload\" data-wp-on-window--resize=\"callbacks.setButtonStyles\" src=\"https:\/\/loudavymkrokem.cz\/wp-content\/uploads\/2026\/08\/dopravni-hriste-u-sv-vaclava-pisek.jpg\" alt=\"Barnens trafiklekplats vid Sankt V\u00e1clav i P\u00edsek efter renovering\" class=\"wp-image-399632\" title=\"\" srcset=\"https:\/\/loudavymkrokem.cz\/wp-content\/uploads\/2026\/08\/dopravni-hriste-u-sv-vaclava-pisek.jpg 1024w, https:\/\/loudavymkrokem.cz\/wp-content\/uploads\/2026\/08\/dopravni-hriste-u-sv-vaclava-pisek-300x135.jpg 300w, https:\/\/loudavymkrokem.cz\/wp-content\/uploads\/2026\/08\/dopravni-hriste-u-sv-vaclava-pisek-700x315.jpg 700w, https:\/\/loudavymkrokem.cz\/wp-content\/uploads\/2026\/08\/dopravni-hriste-u-sv-vaclava-pisek-768x346.jpg 768w, https:\/\/loudavymkrokem.cz\/wp-content\/uploads\/2026\/08\/dopravni-hriste-u-sv-vaclava-pisek-696x313.jpg 696w\" sizes=\"(max-width: 1024px) 100vw, 1024px\" \/><button\n\t\t\tclass=\"lightbox-trigger\"\n\t\t\ttype=\"button\"\n\t\t\taria-haspopup=\"dialog\"\n\t\t\tdata-wp-bind--aria-label=\"state.thisImage.triggerButtonAriaLabel\"\n\t\t\tdata-wp-init=\"callbacks.initTriggerButton\"\n\t\t\tdata-wp-on--click=\"actions.showLightbox\"\n\t\t\tdata-wp-style--right=\"state.thisImage.buttonRight\"\n\t\t\tdata-wp-style--top=\"state.thisImage.buttonTop\"\n\t\t>\n\t\t\t<svg xmlns=\"http:\/\/www.w3.org\/2000\/svg\" width=\"12\" height=\"12\" fill=\"none\" viewBox=\"0 0 12 12\">\n\t\t\t\t<path fill=\"#fff\" d=\"M2 0a2 2 0 0 0-2 2v2h1.5V2a.5.5 0 0 1 .5-.5h2V0H2Zm2 10.5H2a.5.5 0 0 1-.5-.5V8H0v2a2 2 0 0 0 2 2h2v-1.5ZM8 12v-1.5h2a.5.5 0 0 0 .5-.5V8H12v2a2 2 0 0 1-2 2H8Zm2-12a2 2 0 0 1 2 2v2h-1.5V2a.5.5 0 0 0-.5-.5H8V0h2Z\" \/>\n\t\t\t<\/svg>\n\t\t<\/button><\/figure>\n\n\n\n<p class=\"wp-block-paragraph\">Trafiklekplatsen p\u00e5 Z\u00e1tavkajen genomgick nyligen en stor renovering och sedan maj 2025 \u00e4r den <strong>\u00e5ter \u00f6ppen i full prakt<\/strong>. Det \u00e4r ett rent paradis f\u00f6r alla sm\u00e5 bilentusiaster, sparkcykel- och trampbils\u00e4lskare, som h\u00e4r kan tr\u00e4na p\u00e5 att k\u00f6ra enligt reglerna.<\/p>\n\n\n\n<p class=\"wp-block-paragraph\">P\u00e5 lekplatsen saknas inte <strong>riktiga fungerande trafikljus, en rondell, \u00f6verg\u00e5ngsst\u00e4llen<\/strong> och olika trafikskyltar. Om du inte har ett eget fordon med dig kan du hyra en toppen trampbil h\u00e4r f\u00f6r cirka 25 kr (50 K\u010d) per halvtimme, vilket roar framf\u00f6r allt f\u00f6rskolebarn och yngre skolbarn.<\/p>\n\n\n\n<p class=\"wp-block-paragraph\">Under sommarloven har de <strong>\u00f6ppet varje dag b\u00e5de f\u00f6r- och eftermiddag<\/strong>, p\u00e5 v\u00e5ren och h\u00f6sten fungerar de snarare p\u00e5 eftermiddagar och helger. Intr\u00e4det till omr\u00e5det med egen cykel eller sparkcykel \u00e4r helt gratis.<\/p>\n\n\n\n<p class=\"wp-block-paragraph\">Direkt vid lekplatsen finns dessutom <strong>YEZ Caf\u00e9<\/strong>, s\u00e5 du har n\u00e5gonstans att sl\u00e5 dig ner f\u00f6r en kaffe och n\u00e5got att \u00e4ta. Och eftersom det \u00e4ven finns en <strong>sandl\u00e5da f\u00f6r de minsta<\/strong> underh\u00e5lls \u00e4ven syskon som \u00e4nnu inte n\u00e5r trampbilarna.<\/p>\n\n\n\n<h3 class=\"wp-block-heading\"><span class=\"ez-toc-section\" id=\"16_Jiraskkajen_och_kulbanelekplatsen\"><\/span>16. Jir\u00e1skkajen och kulbanelekplatsen<span class=\"ez-toc-section-end\"><\/span><\/h3>\n\n\n\n<p class=\"wp-block-paragraph\">Jir\u00e1skkajen \u00e4r ytterligare ett fint iordningst\u00e4llt utrymme vid floden, d\u00e4r det finns en <strong>unik kulbanelekplats p\u00e5 186 kvadratmeter<\/strong>. H\u00e4r hittar du nio olika banor och till och med en s\u00e4rskild rutschkana f\u00f6r kulor, vilket kan h\u00e5lla barnen sysselsatta otroligt l\u00e4nge.<\/p>\n\n\n\n<p class=\"wp-block-paragraph\">Om du inte har egna kulor, misstr\u00f6sta inte, <strong>du kan k\u00f6pa kulor f\u00f6r cirka 10 kr (20 K\u010d)<\/strong> i det n\u00e4rliggande turistkontoret eller direkt i en automat vid banan. Hela omr\u00e5det \u00e4r fantastiskt interaktivt och lekfullt, \u00e4ven om den popul\u00e4ra pumptrackbanan tyv\u00e4rr togs bort i maj 2026.<\/p>\n\n\n\n<p class=\"wp-block-paragraph\">F\u00f6rutom kulorna hittar du h\u00e4r \u00e4ven <strong>en lekplats av levande pilfl\u00e4tning<\/strong>, en stig f\u00f6r barfotavandring d\u00e4r barnen kan prova olika underlag, och parkourlekplatsen Flux f\u00f6r \u00e4ldre sportentusiaster, s\u00e5 h\u00e4r blandas aktiviteter f\u00f6r alla \u00e5ldersgrupper.<\/p>\n\n\n\n<h3 class=\"wp-block-heading\"><span class=\"ez-toc-section\" id=\"17_Lekplatsen_med_hjorten_Na_Trubach\"><\/span>17. Lekplatsen med hjorten Na Trub\u00e1ch<span class=\"ez-toc-section-end\"><\/span><\/h3>\n\n\n\n<figure data-wp-context=\"{&quot;imageId&quot;:&quot;6a97aa5e1c4f6&quot;}\" data-wp-interactive=\"core\/image\" data-wp-key=\"6a97aa5e1c4f6\" class=\"wp-block-image size-full wp-lightbox-container\"><img decoding=\"async\" width=\"1920\" height=\"1440\" data-wp-class--hide=\"state.isContentHidden\" data-wp-class--show=\"state.isContentVisible\" data-wp-init=\"callbacks.setButtonStyles\" data-wp-on--click=\"actions.showLightbox\" data-wp-on--load=\"callbacks.setButtonStyles\" data-wp-on--pointerdown=\"actions.preloadImage\" data-wp-on--pointerenter=\"actions.preloadImageWithDelay\" data-wp-on--pointerleave=\"actions.cancelPreload\" data-wp-on-window--resize=\"callbacks.setButtonStyles\" src=\"https:\/\/loudavymkrokem.cz\/wp-content\/uploads\/2026\/08\/hriste-jelen-na-trubach-pisek.jpg\" alt=\"Tr\u00e4hjort med rutschkana p\u00e5 lekplatsen Na Trub\u00e1ch i P\u00edsek\" class=\"wp-image-399616\" title=\"\" srcset=\"https:\/\/loudavymkrokem.cz\/wp-content\/uploads\/2026\/08\/hriste-jelen-na-trubach-pisek.jpg 1920w, https:\/\/loudavymkrokem.cz\/wp-content\/uploads\/2026\/08\/hriste-jelen-na-trubach-pisek-300x225.jpg 300w, https:\/\/loudavymkrokem.cz\/wp-content\/uploads\/2026\/08\/hriste-jelen-na-trubach-pisek-700x525.jpg 700w, https:\/\/loudavymkrokem.cz\/wp-content\/uploads\/2026\/08\/hriste-jelen-na-trubach-pisek-768x576.jpg 768w, https:\/\/loudavymkrokem.cz\/wp-content\/uploads\/2026\/08\/hriste-jelen-na-trubach-pisek-1536x1152.jpg 1536w, https:\/\/loudavymkrokem.cz\/wp-content\/uploads\/2026\/08\/hriste-jelen-na-trubach-pisek-80x60.jpg 80w, https:\/\/loudavymkrokem.cz\/wp-content\/uploads\/2026\/08\/hriste-jelen-na-trubach-pisek-160x120.jpg 160w, https:\/\/loudavymkrokem.cz\/wp-content\/uploads\/2026\/08\/hriste-jelen-na-trubach-pisek-696x522.jpg 696w, https:\/\/loudavymkrokem.cz\/wp-content\/uploads\/2026\/08\/hriste-jelen-na-trubach-pisek-1392x1044.jpg 1392w\" sizes=\"(max-width: 1920px) 100vw, 1920px\" \/><button\n\t\t\tclass=\"lightbox-trigger\"\n\t\t\ttype=\"button\"\n\t\t\taria-haspopup=\"dialog\"\n\t\t\tdata-wp-bind--aria-label=\"state.thisImage.triggerButtonAriaLabel\"\n\t\t\tdata-wp-init=\"callbacks.initTriggerButton\"\n\t\t\tdata-wp-on--click=\"actions.showLightbox\"\n\t\t\tdata-wp-style--right=\"state.thisImage.buttonRight\"\n\t\t\tdata-wp-style--top=\"state.thisImage.buttonTop\"\n\t\t>\n\t\t\t<svg xmlns=\"http:\/\/www.w3.org\/2000\/svg\" width=\"12\" height=\"12\" fill=\"none\" viewBox=\"0 0 12 12\">\n\t\t\t\t<path fill=\"#fff\" d=\"M2 0a2 2 0 0 0-2 2v2h1.5V2a.5.5 0 0 1 .5-.5h2V0H2Zm2 10.5H2a.5.5 0 0 1-.5-.5V8H0v2a2 2 0 0 0 2 2h2v-1.5ZM8 12v-1.5h2a.5.5 0 0 0 .5-.5V8H12v2a2 2 0 0 1-2 2H8Zm2-12a2 2 0 0 1 2 2v2h-1.5V2a.5.5 0 0 0-.5-.5H8V0h2Z\" \/>\n\t\t\t<\/svg>\n\t\t<\/button><\/figure>\n\n\n\n<p class=\"wp-block-paragraph\">Detta \u00e4r <strong>2026 \u00e5rs absoluta h\u00f6jdare<\/strong>, som alla barn i P\u00edsek \u00e4r helt eld och l\u00e5gor \u00f6ver. Blickf\u00e5nget p\u00e5 den nya skogslekplatsen Na Trub\u00e1ch \u00e4r en enorm, \u00e5tta meter h\u00f6g tr\u00e4hjort, som fungerar dels som utsiktspunkt, men framf\u00f6r allt som en invecklad kl\u00e4tterst\u00e4llning med rutschkana.<\/p>\n\n\n\n<p class=\"wp-block-paragraph\">Runt hjorten breder <strong>ett vackert utrymme med gungor, tr\u00e4bj\u00e4lkar att balansera p\u00e5<\/strong> och en stor sandl\u00e5da f\u00f6r pysslingar ut sig. Lekplatsen \u00e4r utformad i naturstil f\u00f6r att passa in i den omgivande milj\u00f6n, och planen \u00e4r att successivt l\u00e4gga till statyer av en myra, en uggla och en ekorre.<\/p>\n\n\n\n<p class=\"wp-block-paragraph\">Med tanke p\u00e5 att lekplatsen \u00e4r helt ny, <strong>r\u00e4kna med att det \u00e4r fullt p\u00e5 helger<\/strong>, s\u00e5 med mindre barn rekommenderar jag att \u00e5ka dit snarare p\u00e5 vardagsf\u00f6rmiddagar.<\/p>\n\n\n\n<h3 class=\"wp-block-heading\"><span class=\"ez-toc-section\" id=\"18_Palackyparken\"><\/span>18. Palack\u00fdparken<span class=\"ez-toc-section-end\"><\/span><\/h3>\n\n\n\n<figure data-wp-context=\"{&quot;imageId&quot;:&quot;6a97aa5e1cb1a&quot;}\" data-wp-interactive=\"core\/image\" data-wp-key=\"6a97aa5e1cb1a\" class=\"wp-block-image size-full wp-lightbox-container\"><img decoding=\"async\" width=\"1200\" height=\"800\" data-wp-class--hide=\"state.isContentHidden\" data-wp-class--show=\"state.isContentVisible\" data-wp-init=\"callbacks.setButtonStyles\" data-wp-on--click=\"actions.showLightbox\" data-wp-on--load=\"callbacks.setButtonStyles\" data-wp-on--pointerdown=\"actions.preloadImage\" data-wp-on--pointerenter=\"actions.preloadImageWithDelay\" data-wp-on--pointerleave=\"actions.cancelPreload\" data-wp-on-window--resize=\"callbacks.setButtonStyles\" src=\"https:\/\/loudavymkrokem.cz\/wp-content\/uploads\/2026\/08\/palackeho-sady-pisek-jaro.jpg\" alt=\"Palack\u00fdparken i P\u00edsek p\u00e5 v\u00e5ren med monumentet \u00f6ver Franti\u0161ek Palack\u00fd\" class=\"wp-image-399648\" title=\"\" srcset=\"https:\/\/loudavymkrokem.cz\/wp-content\/uploads\/2026\/08\/palackeho-sady-pisek-jaro.jpg 1200w, https:\/\/loudavymkrokem.cz\/wp-content\/uploads\/2026\/08\/palackeho-sady-pisek-jaro-300x200.jpg 300w, https:\/\/loudavymkrokem.cz\/wp-content\/uploads\/2026\/08\/palackeho-sady-pisek-jaro-700x467.jpg 700w, https:\/\/loudavymkrokem.cz\/wp-content\/uploads\/2026\/08\/palackeho-sady-pisek-jaro-768x512.jpg 768w, https:\/\/loudavymkrokem.cz\/wp-content\/uploads\/2026\/08\/palackeho-sady-pisek-jaro-696x464.jpg 696w\" sizes=\"(max-width: 1200px) 100vw, 1200px\" \/><button\n\t\t\tclass=\"lightbox-trigger\"\n\t\t\ttype=\"button\"\n\t\t\taria-haspopup=\"dialog\"\n\t\t\tdata-wp-bind--aria-label=\"state.thisImage.triggerButtonAriaLabel\"\n\t\t\tdata-wp-init=\"callbacks.initTriggerButton\"\n\t\t\tdata-wp-on--click=\"actions.showLightbox\"\n\t\t\tdata-wp-style--right=\"state.thisImage.buttonRight\"\n\t\t\tdata-wp-style--top=\"state.thisImage.buttonTop\"\n\t\t>\n\t\t\t<svg xmlns=\"http:\/\/www.w3.org\/2000\/svg\" width=\"12\" height=\"12\" fill=\"none\" viewBox=\"0 0 12 12\">\n\t\t\t\t<path fill=\"#fff\" d=\"M2 0a2 2 0 0 0-2 2v2h1.5V2a.5.5 0 0 1 .5-.5h2V0H2Zm2 10.5H2a.5.5 0 0 1-.5-.5V8H0v2a2 2 0 0 0 2 2h2v-1.5ZM8 12v-1.5h2a.5.5 0 0 0 .5-.5V8H12v2a2 2 0 0 1-2 2H8Zm2-12a2 2 0 0 1 2 2v2h-1.5V2a.5.5 0 0 0-.5-.5H8V0h2Z\" \/>\n\t\t\t<\/svg>\n\t\t<\/button><\/figure>\n\n\n\n<figure data-wp-context=\"{&quot;imageId&quot;:&quot;6a97aa5e1cf4b&quot;}\" data-wp-interactive=\"core\/image\" data-wp-key=\"6a97aa5e1cf4b\" class=\"wp-block-image size-full wp-lightbox-container\"><img decoding=\"async\" width=\"2200\" height=\"1467\" data-wp-class--hide=\"state.isContentHidden\" data-wp-class--show=\"state.isContentVisible\" data-wp-init=\"callbacks.setButtonStyles\" data-wp-on--click=\"actions.showLightbox\" data-wp-on--load=\"callbacks.setButtonStyles\" data-wp-on--pointerdown=\"actions.preloadImage\" data-wp-on--pointerenter=\"actions.preloadImageWithDelay\" data-wp-on--pointerleave=\"actions.cancelPreload\" data-wp-on-window--resize=\"callbacks.setButtonStyles\" src=\"https:\/\/loudavymkrokem.cz\/wp-content\/uploads\/2026\/08\/pisek-fontana-centrum.jpg\" alt=\"Font\u00e4n i P\u00edseks historiska centrum\" class=\"wp-image-399366\" title=\"\" srcset=\"https:\/\/loudavymkrokem.cz\/wp-content\/uploads\/2026\/08\/pisek-fontana-centrum.jpg 2200w, https:\/\/loudavymkrokem.cz\/wp-content\/uploads\/2026\/08\/pisek-fontana-centrum-300x200.jpg 300w, https:\/\/loudavymkrokem.cz\/wp-content\/uploads\/2026\/08\/pisek-fontana-centrum-700x467.jpg 700w, https:\/\/loudavymkrokem.cz\/wp-content\/uploads\/2026\/08\/pisek-fontana-centrum-768x512.jpg 768w, https:\/\/loudavymkrokem.cz\/wp-content\/uploads\/2026\/08\/pisek-fontana-centrum-1536x1024.jpg 1536w, https:\/\/loudavymkrokem.cz\/wp-content\/uploads\/2026\/08\/pisek-fontana-centrum-2048x1366.jpg 2048w, https:\/\/loudavymkrokem.cz\/wp-content\/uploads\/2026\/08\/pisek-fontana-centrum-696x464.jpg 696w, https:\/\/loudavymkrokem.cz\/wp-content\/uploads\/2026\/08\/pisek-fontana-centrum-1392x928.jpg 1392w, https:\/\/loudavymkrokem.cz\/wp-content\/uploads\/2026\/08\/pisek-fontana-centrum-1920x1280.jpg 1920w\" sizes=\"(max-width: 2200px) 100vw, 2200px\" \/><button\n\t\t\tclass=\"lightbox-trigger\"\n\t\t\ttype=\"button\"\n\t\t\taria-haspopup=\"dialog\"\n\t\t\tdata-wp-bind--aria-label=\"state.thisImage.triggerButtonAriaLabel\"\n\t\t\tdata-wp-init=\"callbacks.initTriggerButton\"\n\t\t\tdata-wp-on--click=\"actions.showLightbox\"\n\t\t\tdata-wp-style--right=\"state.thisImage.buttonRight\"\n\t\t\tdata-wp-style--top=\"state.thisImage.buttonTop\"\n\t\t>\n\t\t\t<svg xmlns=\"http:\/\/www.w3.org\/2000\/svg\" width=\"12\" height=\"12\" fill=\"none\" viewBox=\"0 0 12 12\">\n\t\t\t\t<path fill=\"#fff\" d=\"M2 0a2 2 0 0 0-2 2v2h1.5V2a.5.5 0 0 1 .5-.5h2V0H2Zm2 10.5H2a.5.5 0 0 1-.5-.5V8H0v2a2 2 0 0 0 2 2h2v-1.5ZM8 12v-1.5h2a.5.5 0 0 0 .5-.5V8H12v2a2 2 0 0 1-2 2H8Zm2-12a2 2 0 0 1 2 2v2h-1.5V2a.5.5 0 0 0-.5-.5H8V0h2Z\" \/>\n\t\t\t<\/svg>\n\t\t<\/button><\/figure>\n\n\n\n<p class=\"wp-block-paragraph\">Palack\u00fdparken \u00e4r <strong>den st\u00f6rsta parken i P\u00edseks centrum<\/strong>, som anlades p\u00e5 platsen f\u00f6r de forna vallgravarna. Det \u00e4r ett perfekt st\u00e4lle f\u00f6r en lugn promenad med barnvagn under gamla tr\u00e4dkronor, och p\u00e5 sommaren h\u00e5lls h\u00e4r ofta olika promenadkonserter.<\/p>\n\n\n\n<p class=\"wp-block-paragraph\">I parkens v\u00e4stra utkant finns <strong>en mindre lekplats med grusunderlag<\/strong>, som domineras av en vacker tr\u00e4kl\u00e4tterst\u00e4llning i form av en fisk. H\u00e4r hittar du \u00e4ven fj\u00e4dergungor f\u00f6r pysslingar och en popul\u00e4r h\u00e4nggunga.<\/p>\n\n\n\n<p class=\"wp-block-paragraph\">Den enda nackdelen med lekplatsen \u00e4r att <strong>det saknas b\u00e4nkar direkt vid lekelementen<\/strong> f\u00f6r f\u00f6r\u00e4ldrarna, s\u00e5 f\u00f6r det mesta f\u00e5r du st\u00e5 en bit bort eller s\u00e4tta dig p\u00e5 kanten av tr\u00e4kantstenarna. \u00c4nd\u00e5 \u00e4r det ett toppenstopp n\u00e4r du str\u00f6var omkring i staden.<\/p>\n\n\n\n<h3 class=\"wp-block-heading\"><span class=\"ez-toc-section\" id=\"19_Badplatsen_vid_Vaclav\"><\/span>19. Badplatsen vid V\u00e1clav<span class=\"ez-toc-section-end\"><\/span><\/h3>\n\n\n\n<p class=\"wp-block-paragraph\">N\u00e4r sommarhettan sl\u00e5r till flyttar hela staden till badplatsen vid V\u00e1clav, som ligger p\u00e5 Z\u00e1tavkajen. Detta omr\u00e5de kombinerar <strong>klassiskt bad i floden Otava med moderna bass\u00e4nger<\/strong>, s\u00e5 h\u00e4r hittar verkligen alla n\u00e5got.<\/p>\n\n\n\n<p class=\"wp-block-paragraph\">F\u00f6r familjer med barn finns h\u00e4r <strong>en grund barnbass\u00e4ng med rutschkana och en separat plaskdamm<\/strong> f\u00f6r de allra minsta pysslingarna. Runt bass\u00e4ngerna finns gr\u00e4sytor f\u00f6r filtar och det saknas inte heller fullvuxna tr\u00e4d som du kan s\u00f6ka skugga under med barnvagnen.<\/p>\n\n\n\n<p class=\"wp-block-paragraph\">Badplatsen \u00e4r <strong>\u00f6ppen fr\u00e5n maj till september varje dag till halv \u00e5tta p\u00e5 kv\u00e4llen<\/strong>, vuxna betalar cirka 40 kr (90 K\u010d) f\u00f6r intr\u00e4de och barn upp till 140 centimeter cirka 30 kr (60 K\u010d). F\u00f6rdelen \u00e4r att det direkt i omr\u00e5det finns en restaurang som tillh\u00f6r Penzion Sport, s\u00e5 du har lunchen ordnad.<\/p>\n\n\n\n<h3 class=\"wp-block-heading\"><span class=\"ez-toc-section\" id=\"20_Batar_och_paddling_pa_Otava\"><\/span>20. B\u00e5tar och paddling p\u00e5 Otava<span class=\"ez-toc-section-end\"><\/span><\/h3>\n\n\n\n<p class=\"wp-block-paragraph\">Floden Otava rinner inte bara genom P\u00edsek, utan lockar direkt till olika vattenn\u00f6jen som du klarar \u00e4ven med mindre barn. <strong>Direkt vid Stads\u00f6n finns en uthyrning<\/strong>, d\u00e4r du under s\u00e4songen kan hyra klassiska roddb\u00e5tar eller trampb\u00e5tar.<\/p>\n\n\n\n<p class=\"wp-block-paragraph\">Barnen \u00e4lskar att kunna <strong>betrakta staden fr\u00e5n ett helt annat perspektiv<\/strong> fr\u00e5n b\u00e5ten och p\u00e5 n\u00e4ra h\u00e5ll se \u00e4nderna som simmar p\u00e5 ytan. Vid badplatsen vid V\u00e1clav kan du hyra en b\u00e5t f\u00f6r cirka 45 kr (100 K\u010d) i timmen och paddla en bit p\u00e5 Otava.<\/p>\n\n\n\n<p class=\"wp-block-paragraph\">Om du gillar l\u00e4ngre utflykter \u00e4r <strong>Otava en v\u00e4lk\u00e4nd paddlingsflod<\/strong>, s\u00e5 du kan planera en familjetur p\u00e5 n\u00e5gon av de lugnare str\u00e4ckorna, det finns flera b\u00e5t- och raftinguthyrningar i P\u00edseks omgivning.<\/p>\n\n\n\n<h3 class=\"wp-block-heading\"><span class=\"ez-toc-section\" id=\"21_Hagnet_U_Vodaka\"><\/span>21. H\u00e4gnet U Vod\u00e1ka<span class=\"ez-toc-section-end\"><\/span><\/h3>\n\n\n\n<figure data-wp-context=\"{&quot;imageId&quot;:&quot;6a97aa5e1d826&quot;}\" data-wp-interactive=\"core\/image\" data-wp-key=\"6a97aa5e1d826\" class=\"wp-block-image size-full wp-lightbox-container\"><img decoding=\"async\" width=\"960\" height=\"640\" data-wp-class--hide=\"state.isContentHidden\" data-wp-class--show=\"state.isContentVisible\" data-wp-init=\"callbacks.setButtonStyles\" data-wp-on--click=\"actions.showLightbox\" data-wp-on--load=\"callbacks.setButtonStyles\" data-wp-on--pointerdown=\"actions.preloadImage\" data-wp-on--pointerenter=\"actions.preloadImageWithDelay\" data-wp-on--pointerleave=\"actions.cancelPreload\" data-wp-on-window--resize=\"callbacks.setButtonStyles\" src=\"https:\/\/loudavymkrokem.cz\/wp-content\/uploads\/2026\/08\/oburka-u-vodaka-danci.jpg\" alt=\"Dovhjortar i h\u00e4gnet U Vod\u00e1ka i P\u00edseks berg\" class=\"wp-image-399639\" title=\"\" srcset=\"https:\/\/loudavymkrokem.cz\/wp-content\/uploads\/2026\/08\/oburka-u-vodaka-danci.jpg 960w, https:\/\/loudavymkrokem.cz\/wp-content\/uploads\/2026\/08\/oburka-u-vodaka-danci-300x200.jpg 300w, https:\/\/loudavymkrokem.cz\/wp-content\/uploads\/2026\/08\/oburka-u-vodaka-danci-700x467.jpg 700w, https:\/\/loudavymkrokem.cz\/wp-content\/uploads\/2026\/08\/oburka-u-vodaka-danci-768x512.jpg 768w, https:\/\/loudavymkrokem.cz\/wp-content\/uploads\/2026\/08\/oburka-u-vodaka-danci-696x464.jpg 696w\" sizes=\"(max-width: 960px) 100vw, 960px\" \/><button\n\t\t\tclass=\"lightbox-trigger\"\n\t\t\ttype=\"button\"\n\t\t\taria-haspopup=\"dialog\"\n\t\t\tdata-wp-bind--aria-label=\"state.thisImage.triggerButtonAriaLabel\"\n\t\t\tdata-wp-init=\"callbacks.initTriggerButton\"\n\t\t\tdata-wp-on--click=\"actions.showLightbox\"\n\t\t\tdata-wp-style--right=\"state.thisImage.buttonRight\"\n\t\t\tdata-wp-style--top=\"state.thisImage.buttonTop\"\n\t\t>\n\t\t\t<svg xmlns=\"http:\/\/www.w3.org\/2000\/svg\" width=\"12\" height=\"12\" fill=\"none\" viewBox=\"0 0 12 12\">\n\t\t\t\t<path fill=\"#fff\" d=\"M2 0a2 2 0 0 0-2 2v2h1.5V2a.5.5 0 0 1 .5-.5h2V0H2Zm2 10.5H2a.5.5 0 0 1-.5-.5V8H0v2a2 2 0 0 0 2 2h2v-1.5ZM8 12v-1.5h2a.5.5 0 0 0 .5-.5V8H12v2a2 2 0 0 1-2 2H8Zm2-12a2 2 0 0 1 2 2v2h-1.5V2a.5.5 0 0 0-.5-.5H8V0h2Z\" \/>\n\t\t\t<\/svg>\n\t\t<\/button><\/figure>\n\n\n\n<p class=\"wp-block-paragraph\">F\u00f6r familjer som \u00e4lskar djur och natur \u00e4r <strong>skogsh\u00e4gnet U Vod\u00e1ka ett vackert utflyktsm\u00e5l<\/strong>, som ligger i utkanten av P\u00edseks berg. Det \u00e4r bara en kort bit fr\u00e5n staden, men \u00e4nd\u00e5 hamnar du i skogens fullst\u00e4ndiga lugn.<\/p>\n\n\n\n<p class=\"wp-block-paragraph\">Fr\u00e5n utsiktsplattformen och l\u00e4ngs staketet kan du <strong>betrakta dovhjortar och mufflonf\u00e5r<\/strong>, som \u00e4r vana vid m\u00e4nniskor, vilket p\u00e5litligt underh\u00e5ller barnen l\u00e4nge. Till h\u00e4gnet leder en l\u00e4tt skogsstig som klaras \u00e4ven av sm\u00e5 ben, med barnvagn f\u00e5r du r\u00e4kna med terr\u00e4ng.<\/p>\n\n\n\n<p class=\"wp-block-paragraph\">Det b\u00e4sta med den h\u00e4r utflykten \u00e4r att <strong>den \u00e4r tillg\u00e4nglig \u00e5ret runt och helt gratis<\/strong>, s\u00e5 lokala familjer styr hit g\u00e4rna \u00e4ven p\u00e5 vintern med en termos te, n\u00e4r sn\u00f6n faller och djuren syns fint i den sn\u00f6t\u00e4ckta skogen.<\/p>\n\n\n\n<h3 class=\"wp-block-heading\"><span class=\"ez-toc-section\" id=\"22_3D-labyrinten_Zivec\"><\/span>22. 3D-labyrinten \u017divec<span class=\"ez-toc-section-end\"><\/span><\/h3>\n\n\n\n<figure data-wp-context=\"{&quot;imageId&quot;:&quot;6a97aa5e1dd52&quot;}\" data-wp-interactive=\"core\/image\" data-wp-key=\"6a97aa5e1dd52\" class=\"wp-block-image size-full wp-lightbox-container\"><img decoding=\"async\" width=\"1200\" height=\"600\" data-wp-class--hide=\"state.isContentHidden\" data-wp-class--show=\"state.isContentVisible\" data-wp-init=\"callbacks.setButtonStyles\" data-wp-on--click=\"actions.showLightbox\" data-wp-on--load=\"callbacks.setButtonStyles\" data-wp-on--pointerdown=\"actions.preloadImage\" data-wp-on--pointerenter=\"actions.preloadImageWithDelay\" data-wp-on--pointerleave=\"actions.cancelPreload\" data-wp-on-window--resize=\"callbacks.setButtonStyles\" src=\"https:\/\/loudavymkrokem.cz\/wp-content\/uploads\/2026\/08\/chata-zivec-3d-bludiste-pisecke-hory.jpg\" alt=\"Rep-lekplats och 3D-labyrint vid stugan \u017divec i P\u00edseks berg\" class=\"wp-image-399626\" title=\"\" srcset=\"https:\/\/loudavymkrokem.cz\/wp-content\/uploads\/2026\/08\/chata-zivec-3d-bludiste-pisecke-hory.jpg 1200w, https:\/\/loudavymkrokem.cz\/wp-content\/uploads\/2026\/08\/chata-zivec-3d-bludiste-pisecke-hory-300x150.jpg 300w, https:\/\/loudavymkrokem.cz\/wp-content\/uploads\/2026\/08\/chata-zivec-3d-bludiste-pisecke-hory-700x350.jpg 700w, https:\/\/loudavymkrokem.cz\/wp-content\/uploads\/2026\/08\/chata-zivec-3d-bludiste-pisecke-hory-768x384.jpg 768w, https:\/\/loudavymkrokem.cz\/wp-content\/uploads\/2026\/08\/chata-zivec-3d-bludiste-pisecke-hory-696x348.jpg 696w\" sizes=\"(max-width: 1200px) 100vw, 1200px\" \/><button\n\t\t\tclass=\"lightbox-trigger\"\n\t\t\ttype=\"button\"\n\t\t\taria-haspopup=\"dialog\"\n\t\t\tdata-wp-bind--aria-label=\"state.thisImage.triggerButtonAriaLabel\"\n\t\t\tdata-wp-init=\"callbacks.initTriggerButton\"\n\t\t\tdata-wp-on--click=\"actions.showLightbox\"\n\t\t\tdata-wp-style--right=\"state.thisImage.buttonRight\"\n\t\t\tdata-wp-style--top=\"state.thisImage.buttonTop\"\n\t\t>\n\t\t\t<svg xmlns=\"http:\/\/www.w3.org\/2000\/svg\" width=\"12\" height=\"12\" fill=\"none\" viewBox=\"0 0 12 12\">\n\t\t\t\t<path fill=\"#fff\" d=\"M2 0a2 2 0 0 0-2 2v2h1.5V2a.5.5 0 0 1 .5-.5h2V0H2Zm2 10.5H2a.5.5 0 0 1-.5-.5V8H0v2a2 2 0 0 0 2 2h2v-1.5ZM8 12v-1.5h2a.5.5 0 0 0 .5-.5V8H12v2a2 2 0 0 1-2 2H8Zm2-12a2 2 0 0 1 2 2v2h-1.5V2a.5.5 0 0 0-.5-.5H8V0h2Z\" \/>\n\t\t\t<\/svg>\n\t\t<\/button><\/figure>\n\n\n\n<p class=\"wp-block-paragraph\">I skogarna ovanf\u00f6r P\u00edsek, precis intill den k\u00e4nda stugan \u017divec, har en <strong>unik 3D-labyrint upph\u00e4ngd mellan tr\u00e4den<\/strong> vuxit fram. Det \u00e4r ett system av h\u00e4ngande sp\u00e4nger och stugor, som \u00e4r helt s\u00e4krade med skyddsn\u00e4t, s\u00e5 du beh\u00f6ver ingen kl\u00e4tterutrustning eller hj\u00e4lm.<\/p>\n\n\n\n<p class=\"wp-block-paragraph\">Attraktionen ligger <strong>p\u00e5 en h\u00f6jd av tre och en halv till sex meter \u00f6ver marken<\/strong>, vilket garanterar en rej\u00e4l dos adrenalin. Barn fr\u00e5n tre till sju \u00e5r f\u00e5r bara g\u00e5 hit i s\u00e4llskap av en vuxen, och f\u00f6r de allra minsta finns nere p\u00e5 marken en mindre rep-lekplats i skogen med ett kristallhus.<\/p>\n\n\n\n<p class=\"wp-block-paragraph\">Labyrinten \u00e4r <strong>en del av l\u00e4rstigen Cesta drahokam\u016f (\u00c4delstensv\u00e4gen) och fritt tillg\u00e4nglig<\/strong>, s\u00e5 du betalar inget intr\u00e4de. Bilen kan du l\u00e4mna p\u00e5 parkeringen U T\u0159\u00ed rybn\u00edk\u016f eller U Honz\u00ed\u010dka och g\u00e5 hit p\u00e5 en behaglig skogspromenad.<\/p>\n\n\n\n<h3 class=\"wp-block-heading\"><span class=\"ez-toc-section\" id=\"23_Utsiktstornet_Jarnik\"><\/span>23. Utsiktstornet Jarn\u00edk<span class=\"ez-toc-section-end\"><\/span><\/h3>\n\n\n\n<figure data-wp-context=\"{&quot;imageId&quot;:&quot;6a97aa5e1e22e&quot;}\" data-wp-interactive=\"core\/image\" data-wp-key=\"6a97aa5e1e22e\" class=\"wp-block-image size-full wp-lightbox-container\"><img decoding=\"async\" width=\"1000\" height=\"562\" data-wp-class--hide=\"state.isContentHidden\" data-wp-class--show=\"state.isContentVisible\" data-wp-init=\"callbacks.setButtonStyles\" data-wp-on--click=\"actions.showLightbox\" data-wp-on--load=\"callbacks.setButtonStyles\" data-wp-on--pointerdown=\"actions.preloadImage\" data-wp-on--pointerenter=\"actions.preloadImageWithDelay\" data-wp-on--pointerleave=\"actions.cancelPreload\" data-wp-on-window--resize=\"callbacks.setButtonStyles\" src=\"https:\/\/loudavymkrokem.cz\/wp-content\/uploads\/2026\/08\/rozhledna-jarnik-pisecke-hory.jpg\" alt=\"Utsiktstornet Jarn\u00edk i P\u00edseks berg fr\u00e5n f\u00e5gelperspektiv\" class=\"wp-image-399674\" title=\"\" srcset=\"https:\/\/loudavymkrokem.cz\/wp-content\/uploads\/2026\/08\/rozhledna-jarnik-pisecke-hory.jpg 1000w, https:\/\/loudavymkrokem.cz\/wp-content\/uploads\/2026\/08\/rozhledna-jarnik-pisecke-hory-300x169.jpg 300w, https:\/\/loudavymkrokem.cz\/wp-content\/uploads\/2026\/08\/rozhledna-jarnik-pisecke-hory-700x393.jpg 700w, https:\/\/loudavymkrokem.cz\/wp-content\/uploads\/2026\/08\/rozhledna-jarnik-pisecke-hory-768x432.jpg 768w, https:\/\/loudavymkrokem.cz\/wp-content\/uploads\/2026\/08\/rozhledna-jarnik-pisecke-hory-696x391.jpg 696w\" sizes=\"(max-width: 1000px) 100vw, 1000px\" \/><button\n\t\t\tclass=\"lightbox-trigger\"\n\t\t\ttype=\"button\"\n\t\t\taria-haspopup=\"dialog\"\n\t\t\tdata-wp-bind--aria-label=\"state.thisImage.triggerButtonAriaLabel\"\n\t\t\tdata-wp-init=\"callbacks.initTriggerButton\"\n\t\t\tdata-wp-on--click=\"actions.showLightbox\"\n\t\t\tdata-wp-style--right=\"state.thisImage.buttonRight\"\n\t\t\tdata-wp-style--top=\"state.thisImage.buttonTop\"\n\t\t>\n\t\t\t<svg xmlns=\"http:\/\/www.w3.org\/2000\/svg\" width=\"12\" height=\"12\" fill=\"none\" viewBox=\"0 0 12 12\">\n\t\t\t\t<path fill=\"#fff\" d=\"M2 0a2 2 0 0 0-2 2v2h1.5V2a.5.5 0 0 1 .5-.5h2V0H2Zm2 10.5H2a.5.5 0 0 1-.5-.5V8H0v2a2 2 0 0 0 2 2h2v-1.5ZM8 12v-1.5h2a.5.5 0 0 0 .5-.5V8H12v2a2 2 0 0 1-2 2H8Zm2-12a2 2 0 0 1 2 2v2h-1.5V2a.5.5 0 0 0-.5-.5H8V0h2Z\" \/>\n\t\t\t<\/svg>\n\t\t<\/button><\/figure>\n\n\n\n<p class=\"wp-block-paragraph\">N\u00e4r du \u00e4nd\u00e5 \u00e4r vid stugan \u017divec, g\u00f6r absolut en cirka sjuhundra meter l\u00e5ng promenad l\u00e4ngs den bl\u00e5a vandringsleden <strong>till j\u00e4rnutsiktstornet Jarn\u00edk<\/strong>, som reser sig till 606 meter \u00f6ver havet. Uppstigningen klaras \u00e4ven av mer aktiva f\u00f6rskolebarn, var bara uppm\u00e4rksam p\u00e5 att det leder 182 ganska genomskinliga trappsteg upp.<\/p>\n\n\n\n<p class=\"wp-block-paragraph\">Fr\u00e5n utsiktsplattformen f\u00e5r du <strong>en underbar utsikt \u00f6ver hela P\u00edsek-omr\u00e5det och \u0160umava<\/strong>, vilket verkligen \u00e4r v\u00e4rt anstr\u00e4ngningen. Intr\u00e4det till tornet \u00e4r gratis, men p\u00e5 vinterm\u00e5naderna och utanf\u00f6r h\u00f6gs\u00e4song \u00e4r det ofta l\u00e5st och nycklarna m\u00e5ste du l\u00e5na just i stugan \u017divec.<\/p>\n\n\n\n<p class=\"wp-block-paragraph\">\ud83d\udca1 <strong>Tips:<\/strong> Om du planerar att kombinera utflykten med lunch, kontrollera \u00f6ppettiderna f\u00f6r restaurangen i stugan \u017divec i f\u00f6rv\u00e4g, f\u00f6r i vinterl\u00e4ge har de ofta \u00f6ppet bara fredag till s\u00f6ndag.<\/p>\n\n\n\n<h3 class=\"wp-block-heading\"><span class=\"ez-toc-section\" id=\"24_Kulbanan_Hradiste\"><\/span>24. Kulbanan Hradi\u0161t\u011b<span class=\"ez-toc-section-end\"><\/span><\/h3>\n\n\n\n<p class=\"wp-block-paragraph\">I f\u00f6rortsskogarna p\u00e5 Hradi\u0161t\u011b, d\u00e4r det f\u00f6rr l\u00e5g en f\u00f6rhistorisk fornborg, byggdes i augusti 2025 en <strong>fantastisk fyrtio meter l\u00e5ng kulbana i skogen<\/strong>. Den \u00e4r underbart insatt i den naturliga terr\u00e4ngen, korsar stubbar och oj\u00e4mnheter, och barnen kan springa upp och ner l\u00e4ngs den i timmar.<\/p>\n\n\n\n<p class=\"wp-block-paragraph\">Till skillnad fr\u00e5n kulbanelekplatsen p\u00e5 kajen finns h\u00e4r <strong>ingen automat, s\u00e5 du m\u00e5ste ta med egna kulor<\/strong> hemifr\u00e5n, helst de st\u00f6rre av tr\u00e4 eller glas. Banan \u00e4r en del av bredare motionsstigar i skogen, s\u00e5 du st\u00f6ter \u00e4ven p\u00e5 olika tr\u00e4ningselement h\u00e4r.<\/p>\n\n\n\n<p class=\"wp-block-paragraph\">Promenaden genom skogen p\u00e5 Hradi\u0161t\u011b \u00e4r <strong>mycket lugnande och du klarar den \u00e4ven med en terr\u00e4ngbarnvagn<\/strong>, r\u00e4kna bara med en l\u00e4tt stigning, eftersom banan \u00e4r byggd i en sluttning s\u00e5 att kulorna f\u00e5r r\u00e4tt fart.<\/p>\n\n\n\n<!-- LKM_GYG_CARD start q=\"pisek detmi\" lang=\"sv\" --><!-- LKM_GYG_CARD end -->\n\n\n\n\n<div class=\"lk-stays-module\">\n<style>\n\/* \u2500\u2500\u2500 RESET PRO GUTENBERG \u2500\u2500\u2500 *\/\n.lk-stays-module * { box-sizing: border-box; margin: 0; padding: 0; }\n\n\/* \u2500\u2500\u2500 WRAPPER \u2500\u2500\u2500 *\/\n.lk-stays-module {\n  font-family: 'DM Sans', Georgia, sans-serif;\n  max-width: 100%;\n  margin: 2.5rem auto;\n  background: linear-gradient(135deg, #fdfaf5 0%, #fcf8f0 100%);\n  border: 1px solid #e8dfd4;\n  border-radius: 16px;\n  overflow: hidden;\n  box-shadow: 0 16px 48px rgba(195, 159, 118, 0.25), 0 4px 12px rgba(0,0,0,0.08);\n}\n\n\/* \u2500\u2500\u2500 HEADER \u2500\u2500\u2500 *\/\n.lk-stays-header {\n  position: relative;\n  padding: 24px 36px 24px;\n  background: linear-gradient(135deg, #c39f76 0%, #d4b188 60%, #c39f76 100%);\n  border-bottom: 1px solid rgba(255,255,255,.15);\n  display: flex;\n  align-items: center;\n  gap: 18px;\n}\n.lk-stays-header::before {\n  content: '';\n  position: absolute;\n  inset: 0;\n  background: url(\"data:image\/svg+xml,%3Csvg width='60' height='60' viewBox='0 0 60 60' xmlns='http:\/\/www.w3.org\/2000\/svg'%3E%3Cg fill='none' fill-rule='evenodd'%3E%3Cg fill='%23ffffff' fill-opacity='0.05'%3E%3Cpath d='M36 34v-4h-2v4h-4v2h4v4h2v-4h4v-2h-4zm0-30V0h-2v4h-4v2h4v4h2V6h4V4h-4zM6 34v-4H4v4H0v2h4v4h2v-4h4v-2H6zM6 4V0H4v4H0v2h4v4h2V6h4V4H6z'\/%3E%3C\/g%3E%3C\/g%3E%3C\/svg%3E\") repeat;\n  pointer-events: none;\n}\n.lk-stays-icon {\n  flex-shrink: 0;\n  width: 68px;\n  height: 68px;\n  border-radius: 14px;\n  background: linear-gradient(135deg, #fff 0%, #f9f6f0 100%);\n  display: flex;\n  align-items: center;\n  justify-content: center;\n  font-size: 26px;\n  box-shadow: 0 4px 12px rgba(0,0,0,0.15);\n}\n.lk-stays-eyebrow {\n  font-size: 10px;\n  font-weight: 500;\n  letter-spacing: 2.5px;\n  text-transform: uppercase;\n  color: rgba(255,255,255,.85);\n  margin: 0 0 5px 0;\n}\n.lk-stays-title {\n  font-family: 'Playfair Display', Georgia, serif;\n  font-size: 24px;\n  font-weight: 700;\n  color: #fff;\n  line-height: 1.2;\n  text-shadow: 0 1px 2px rgba(0,0,0,0.1);\n  margin: 0;\n}\n.lk-stays-subtitle {\n  font-size: 13px;\n  color: rgba(255,255,255,.75);\n  margin: 4px 0 0 0;\n  font-weight: 300;\n}\n\n\/* \u2500\u2500\u2500 CARDS GRID \u2500\u2500\u2500 *\/\n.lk-stays-grid {\n  display: grid;\n  grid-template-columns: 1fr 1fr;\n  gap: 1px;\n  background: rgba(195, 159, 118, 0.12);\n}\n\n\/* \u2500\u2500\u2500 SINGLE CARD \u2500\u2500\u2500 *\/\n.lk-stay-card {\n  background: #ffffff;\n  padding: 26px;\n  display: flex;\n  flex-direction: column;\n  gap: 11px;\n  transition: all 0.3s ease;\n  text-decoration: none;\n  color: inherit;\n  position: relative;\n}\n.lk-stay-card:hover {\n  background: #fffbf5;\n  transform: translateY(-2px);\n  box-shadow: 0 8px 24px rgba(195, 159, 118, 0.18);\n  z-index: 1;\n}\n.lk-stay-card.featured {\n  background: linear-gradient(135deg, #fffdf9 0%, #fff9f0 100%);\n  box-shadow: 0 4px 16px rgba(195, 159, 118, 0.15), inset 0 1px 0 rgba(195, 159, 118, 0.1);\n}\n.lk-stay-card.featured:hover {\n  background: linear-gradient(135deg, #fffbf5 0%, #fff8ed 100%);\n  box-shadow: 0 8px 24px rgba(195, 159, 118, 0.25), inset 0 1px 0 rgba(195, 159, 118, 0.15);\n}\n\n.lk-stay-badge {\n  display: inline-flex;\n  align-items: center;\n  gap: 5px;\n  font-size: 10px;\n  font-weight: 500;\n  letter-spacing: 1.5px;\n  text-transform: uppercase;\n  padding: 5px 11px;\n  border-radius: 20px;\n  width: fit-content;\n}\n.badge-top     { background: linear-gradient(135deg, #c39f76 0%, #d4b188 100%); color: #fff; border: 1px solid #c39f76; font-weight: 600; box-shadow: 0 2px 8px rgba(195,159,118,0.3); }\n.badge-luxury  { background: rgba(195,159,118,.12); color: #c39f76; border: 1px solid rgba(195,159,118,.25); }\n.badge-boutique{ background: rgba(54,133,252,.08); color: #3685fc; border: 1px solid rgba(54,133,252,.2); }\n.badge-nature  { background: rgba(130,190,100,.1); color: #6b9c4a; border: 1px solid rgba(130,190,100,.2); }\n.badge-remote  { background: rgba(195,159,118,.12); color: #a67e50; border: 1px solid rgba(195,159,118,.25); }\n\n.lk-stay-name {\n  font-family: 'Playfair Display', Georgia, serif;\n  font-size: 18px;\n  font-weight: 700;\n  color: #111827;\n  line-height: 1.3;\n}\n.lk-stay-desc {\n  font-size: 13.5px;\n  color: #525252;\n  line-height: 1.65;\n  font-weight: 300;\n  flex: 1;\n}\n\n.lk-stay-meta {\n  display: flex;\n  align-items: center;\n  gap: 12px;\n  flex-wrap: wrap;\n  margin-top: 4px;\n}\n.lk-stay-price {\n  font-size: 13px;\n  color: #6b7280;\n}\n.lk-stay-price strong {\n  color: #c39f76;\n  font-weight: 500;\n}\n.lk-stay-stars {\n  color: #c39f76;\n  font-size: 11px;\n  letter-spacing: 1px;\n}\n\n\/* \u2500\u2500\u2500 CTA BUTTON \u2500\u2500\u2500 *\/\n.lk-stay-cta {\n  display: inline-flex;\n  align-items: center;\n  justify-content: center;\n  gap: 7px;\n  margin-top: 8px;\n  padding: 11px 20px;\n  border-radius: 8px;\n  background: linear-gradient(135deg, #3685fc 0%, #2a6fd9 100%);\n  color: #fff;\n  font-size: 13px;\n  font-weight: 500;\n  text-decoration: none;\n  letter-spacing: .3px;\n  transition: all .2s ease;\n  cursor: pointer;\n  border: none;\n  text-align: center;\n  box-shadow: 0 4px 12px rgba(54, 133, 252, 0.25);\n}\n.lk-stay-cta:hover {\n  background: linear-gradient(135deg, #2a6fd9 0%, #1e5bc4 100%);\n  transform: translateY(-1px);\n  box-shadow: 0 6px 16px rgba(54, 133, 252, 0.35);\n}\n.lk-stay-cta svg { flex-shrink: 0; }\n\n\/* \u2500\u2500\u2500 FOOTER \u2500\u2500\u2500 *\/\n.lk-stays-footer {\n  padding: 18px 36px;\n  background: linear-gradient(to bottom, #fdfaf5 0%, #f9f4ed 100%);\n  border-top: 1px solid rgba(195, 159, 118, 0.15);\n  display: flex;\n  align-items: center;\n  justify-content: space-between;\n  flex-wrap: wrap;\n  gap: 12px;\n}\n.lk-stays-footer-note {\n  font-size: 11.5px;\n  color: #6b7280;\n  font-weight: 300;\n  line-height: 1.5;\n}\n.lk-stays-footer-note a {\n  color: #c39f76;\n  text-decoration: none;\n  font-weight: 400;\n}\n.lk-stays-footer-note a:hover {\n  text-decoration: underline;\n}\n.lk-stays-all-btn {\n  display: inline-flex;\n  align-items: center;\n  gap: 6px;\n  font-size: 12.5px;\n  font-weight: 500;\n  color: #c39f76;\n  text-decoration: none;\n  border: 1px solid rgba(195, 159, 118, 0.35);\n  padding: 8px 18px;\n  border-radius: 8px;\n  transition: all .2s ease;\n}\n.lk-stays-all-btn:hover {\n  background: rgba(195, 159, 118, 0.08);\n  border-color: rgba(195, 159, 118, 0.5);\n}\n\n\/* \u2500\u2500\u2500 RESPONSIVE \u2500\u2500\u2500 *\/\n@media (max-width: 600px) {\n  .lk-stays-grid { grid-template-columns: 1fr; }\n  .lk-stays-header { padding: 24px 20px; }\n  .lk-stays-footer { padding: 16px 20px; }\n  .lk-stay-card { padding: 22px; }\n  .lk-stays-title { font-size: 20px; }\n}\n<\/style>\n\n  <!-- HEADER -->\n  <div class=\"lk-stays-header\">\n    <img decoding=\"async\" src=\"https:\/\/loudavymkrokem.cz\/wp-content\/uploads\/2026\/02\/lukas-a-lucka.jpg\" alt=\"\" style=\"width: 75px; height: 75px; border-radius: 8px; flex-shrink: 0; object-fit: cover; display: block; margin: 4px 0;\" title=\"\">\n    <div class=\"lk-stays-header-text\">\n      <div class=\"lk-stays-eyebrow\">Luk\u00e1\u0161 och Lucie rekommenderar<\/div>\n      <div class=\"lk-stays-title\">Var man kan bo i P\u00edsek<\/div>\n      <div class=\"lk-stays-subtitle\">5 boenden \u2014 hotell och andra alternativ<\/div>\n    <\/div>\n  <\/div>\n\n  <!-- CARDS -->\n  <div class=\"lk-stays-grid\">\n\n    <a class=\"lk-stay-card featured\" href=\"https:\/\/www.stay22.com\/allez\/roam?aid=lukaskonecny&#038;campaign=loudavymkrokemcz&#038;campaign=sv&#038;campaign=pisek-s-detmi&#038;hotelname=Hotel%20Biograf&#038;address=P%C3%ADsek%2C%20%C4%8Cesko\" target=\"_blank\" rel=\"nofollow noopener\">\n      <span class=\"lk-stay-badge badge-top\">\u2b50 TOPPVAL<\/span>\n      <span class=\"lk-stay-badge badge-nature\">\ud83c\udfe8 Hotell<\/span>\n      <div class=\"lk-stay-name\">Hotel Biograf<\/div>\n      <div class=\"lk-stay-desc\">Fyrstj\u00e4rnigt hotell n\u00e4ra centrum med betyg 8,6 p\u00e5 Booking och bastu f\u00f6r kv\u00e4llsavkoppling.<\/div>\n      <div class=\"lk-stay-meta\">\n        <span class=\"lk-stay-stars\">\u2605\u2605\u2605\u2605<\/span>\n        <span class=\"lk-stay-price\">Kontrollera priser<\/span>\n      <\/div>\n      <span class=\"lk-stay-cta\">\n        <svg width=\"14\" height=\"14\" viewBox=\"0 0 24 24\" fill=\"none\" stroke=\"currentColor\" stroke-width=\"2\"><path d=\"M18 13v6a2 2 0 0 1-2 2H5a2 2 0 0 1-2-2V8a2 2 0 0 1 2-2h6\"\/><polyline points=\"15 3 21 3 21 9\"\/><line x1=\"10\" y1=\"14\" x2=\"21\" y2=\"3\"\/><\/svg>\n        Kontrollera tillg\u00e4nglighet\n      <\/span>\n    <\/a>\n\n    <a class=\"lk-stay-card\" href=\"https:\/\/www.stay22.com\/allez\/roam?aid=lukaskonecny&#038;campaign=loudavymkrokemcz&#038;campaign=sv&#038;campaign=piseksdetmi&#038;address=P%C3%ADsek&#038;hotelname=Hotel+Otava&#038;search=Hotel+Otava&#038;category=accommodation\" target=\"_blank\" rel=\"nofollow noopener\">\n      <span class=\"lk-stay-badge badge-nature\">\ud83c\udfe8 Hotell<\/span>\n      <div class=\"lk-stay-name\">Hotel Otava<\/div>\n      <div class=\"lk-stay-desc\">Historiskt hotell med Al\u0161as m\u00e5lningar p\u00e5 fasaden efter renovering, med Caf\u00e9 Otava p\u00e5 bottenv\u00e5ningen.<\/div>\n      <div class=\"lk-stay-meta\">\n        <span class=\"lk-stay-stars\">\u2605\u2605\u2605\u2605<\/span>\n        <span class=\"lk-stay-price\">Kontrollera priser<\/span>\n      <\/div>\n      <span class=\"lk-stay-cta\">\n        <svg width=\"14\" height=\"14\" viewBox=\"0 0 24 24\" fill=\"none\" stroke=\"currentColor\" stroke-width=\"2\"><path d=\"M18 13v6a2 2 0 0 1-2 2H5a2 2 0 0 1-2-2V8a2 2 0 0 1 2-2h6\"\/><polyline points=\"15 3 21 3 21 9\"\/><line x1=\"10\" y1=\"14\" x2=\"21\" y2=\"3\"\/><\/svg>\n        Kontrollera tillg\u00e4nglighet\n      <\/span>\n    <\/a>\n\n    <a class=\"lk-stay-card\" href=\"https:\/\/www.stay22.com\/allez\/roam?aid=lukaskonecny&#038;campaign=loudavymkrokemcz&#038;campaign=sv&#038;campaign=pisek-s-detmi&#038;hotelname=Hotel%20U%20Kapli%C4%8Dky&#038;address=P%C3%ADsek%2C%20%C4%8Cesko\" target=\"_blank\" rel=\"nofollow noopener\">\n      <span class=\"lk-stay-badge badge-nature\">\ud83c\udfe8 Hotell<\/span>\n      <div class=\"lk-stay-name\">Hotel U Kapli\u010dky<\/div>\n      <div class=\"lk-stay-desc\">Modernt hotell med gastronomisk upplevelse, restaurangen Chapelle finns med i Michelin Guide.<\/div>\n      <div class=\"lk-stay-meta\">\n        <span class=\"lk-stay-stars\">\u2605\u2605\u2605\u2605<\/span>\n        <span class=\"lk-stay-price\">Kontrollera priser<\/span>\n      <\/div>\n      <span class=\"lk-stay-cta\">\n        <svg width=\"14\" height=\"14\" viewBox=\"0 0 24 24\" fill=\"none\" stroke=\"currentColor\" stroke-width=\"2\"><path d=\"M18 13v6a2 2 0 0 1-2 2H5a2 2 0 0 1-2-2V8a2 2 0 0 1 2-2h6\"\/><polyline points=\"15 3 21 3 21 9\"\/><line x1=\"10\" y1=\"14\" x2=\"21\" y2=\"3\"\/><\/svg>\n        Kontrollera tillg\u00e4nglighet\n      <\/span>\n    <\/a>\n\n    <a class=\"lk-stay-card\" href=\"https:\/\/www.stay22.com\/allez\/roam?aid=lukaskonecny&#038;campaign=loudavymkrokemcz&#038;campaign=sv&#038;campaign=pisek-s-detmi&#038;hotelname=Penzion%20Sport&#038;address=P%C3%ADsek%2C%20%C4%8Cesko\" target=\"_blank\" rel=\"nofollow noopener\">\n      <span class=\"lk-stay-badge badge-nature\">\ud83c\udfe1 Pensionat\/B&#038;B<\/span>\n      <div class=\"lk-stay-name\">Penzion Sport<\/div>\n      <div class=\"lk-stay-desc\">Pensionat vid floden i badanl\u00e4ggningsomr\u00e5det, perfekt f\u00f6r bad. Restaurang med terrass n\u00e5gra steg fr\u00e5n poolerna.<\/div>\n      <div class=\"lk-stay-meta\">\n        <span class=\"lk-stay-stars\">\u2605\u2605\u2605\u2605<\/span>\n        <span class=\"lk-stay-price\">Kontrollera priser<\/span>\n      <\/div>\n      <span class=\"lk-stay-cta\">\n        <svg width=\"14\" height=\"14\" viewBox=\"0 0 24 24\" fill=\"none\" stroke=\"currentColor\" stroke-width=\"2\"><path d=\"M18 13v6a2 2 0 0 1-2 2H5a2 2 0 0 1-2-2V8a2 2 0 0 1 2-2h6\"\/><polyline points=\"15 3 21 3 21 9\"\/><line x1=\"10\" y1=\"14\" x2=\"21\" y2=\"3\"\/><\/svg>\n        Kontrollera tillg\u00e4nglighet\n      <\/span>\n    <\/a>\n\n    <a class=\"lk-stay-card\" href=\"https:\/\/www.stay22.com\/allez\/roam?aid=lukaskonecny&#038;campaign=loudavymkrokemcz&#038;campaign=sv&#038;campaign=piseksdetmi&#038;address=p\u00edsek\" target=\"_blank\" rel=\"nofollow noopener\">\n      <span class=\"lk-stay-badge badge-nature\">\ud83d\udd0d S\u00f6k<\/span>\n      <div class=\"lk-stay-name\">Visa alla boenden i P\u00edsek<\/div>\n      <div class=\"lk-stay-desc\">Utforska alla tillg\u00e4ngliga boendealternativ i P\u00edsek och hitta det b\u00e4sta enligt dina preferenser och budget.<\/div>\n      <div class=\"lk-stay-meta\">\n        <span class=\"lk-stay-stars\">\u2605\u2605\u2605\u2605<\/span>\n        <span class=\"lk-stay-price\">J\u00e4mf\u00f6r priser<\/span>\n      <\/div>\n      <span class=\"lk-stay-cta\">\n        <svg width=\"14\" height=\"14\" viewBox=\"0 0 24 24\" fill=\"none\" stroke=\"currentColor\" stroke-width=\"2\"><path d=\"M18 13v6a2 2 0 0 1-2 2H5a2 2 0 0 1-2-2V8a2 2 0 0 1 2-2h6\"\/><polyline points=\"15 3 21 3 21 9\"\/><line x1=\"10\" y1=\"14\" x2=\"21\" y2=\"3\"\/><\/svg>\n        Kontrollera tillg\u00e4nglighet\n      <\/span>\n    <\/a>\n\n  <\/div>\n\n  \n<\/div>\n\n\n\n\n<h3 class=\"wp-block-heading\"><span class=\"ez-toc-section\" id=\"25_Jattesandladan_vid_Vystaviste\"><\/span>25. J\u00e4ttesandl\u00e5dan vid V\u00fdstavi\u0161t\u011b<span class=\"ez-toc-section-end\"><\/span><\/h3>\n\n\n\n<p class=\"wp-block-paragraph\">Om du har en ih\u00e4rdig sandslottsbyggare hemma, ta med hen till m\u00e4ssomr\u00e5det V\u00fdstavi\u0161t\u011b i P\u00edsek, d\u00e4r det finns en <strong>helt enorm offentlig sandl\u00e5da<\/strong>. Det \u00e4r en s\u00e5 stor sandyta att dussintals barn leker h\u00e4r samtidigt utan att alls vara i v\u00e4gen f\u00f6r varandra.<\/p>\n\n\n\n<p class=\"wp-block-paragraph\">F\u00f6rdelen med den h\u00e4r platsen \u00e4r <strong>en enorm och mycket billig parkering precis intill<\/strong>, s\u00e5 du beh\u00f6ver inte g\u00e5 n\u00e5gonstans l\u00e5ngt med leksaker, sandformar och sparkcyklar. Sandl\u00e5dan \u00e4r dessutom delvis skuggad av tr\u00e4d, s\u00e5 det g\u00e5r att st\u00e5 ut h\u00e4r \u00e4ven i sommarhettan.<\/p>\n\n\n\n<p class=\"wp-block-paragraph\">Det \u00e4r dessutom <strong>bara ett par minuters promenad fr\u00e5n floden och centrum<\/strong>, s\u00e5 du kan enkelt kombinera det med andra aktiviteter i P\u00edsek.<\/p>\n\n\n\n<h2 class=\"wp-block-heading\"><span class=\"ez-toc-section\" id=\"Utflykter_med_barn_i_Piseks_omgivning\"><\/span>Utflykter med barn i P\u00edseks omgivning<span class=\"ez-toc-section-end\"><\/span><\/h2>\n\n\n\n<p class=\"wp-block-paragraph\">Alla dessa st\u00e4llen ligger som mest 45 minuters bilf\u00e4rd bort, s\u00e5 de g\u00e5r att klara av som dagsutflykter.<\/p>\n\n\n\n<h3 class=\"wp-block-heading\"><span class=\"ez-toc-section\" id=\"26_Farmapark_Maletice\"><\/span>26. Farmapark Maletice<span class=\"ez-toc-section-end\"><\/span><\/h3>\n\n\n\n<figure data-wp-context=\"{&quot;imageId&quot;:&quot;6a97aa5e1ea7a&quot;}\" data-wp-interactive=\"core\/image\" data-wp-key=\"6a97aa5e1ea7a\" class=\"wp-block-image size-full wp-lightbox-container\"><img decoding=\"async\" width=\"2048\" height=\"1365\" data-wp-class--hide=\"state.isContentHidden\" data-wp-class--show=\"state.isContentVisible\" data-wp-init=\"callbacks.setButtonStyles\" data-wp-on--click=\"actions.showLightbox\" data-wp-on--load=\"callbacks.setButtonStyles\" data-wp-on--pointerdown=\"actions.preloadImage\" data-wp-on--pointerenter=\"actions.preloadImageWithDelay\" data-wp-on--pointerleave=\"actions.cancelPreload\" data-wp-on-window--resize=\"callbacks.setButtonStyles\" src=\"https:\/\/loudavymkrokem.cz\/wp-content\/uploads\/2026\/08\/farmapark-maletice-alpaka.jpg\" alt=\"Alpacka i h\u00e4gnet p\u00e5 Farmapark Maletice n\u00e4ra P\u00edsek\" class=\"wp-image-399568\" title=\"\" srcset=\"https:\/\/loudavymkrokem.cz\/wp-content\/uploads\/2026\/08\/farmapark-maletice-alpaka.jpg 2048w, https:\/\/loudavymkrokem.cz\/wp-content\/uploads\/2026\/08\/farmapark-maletice-alpaka-300x200.jpg 300w, https:\/\/loudavymkrokem.cz\/wp-content\/uploads\/2026\/08\/farmapark-maletice-alpaka-700x467.jpg 700w, https:\/\/loudavymkrokem.cz\/wp-content\/uploads\/2026\/08\/farmapark-maletice-alpaka-768x512.jpg 768w, https:\/\/loudavymkrokem.cz\/wp-content\/uploads\/2026\/08\/farmapark-maletice-alpaka-1536x1024.jpg 1536w, https:\/\/loudavymkrokem.cz\/wp-content\/uploads\/2026\/08\/farmapark-maletice-alpaka-696x464.jpg 696w, https:\/\/loudavymkrokem.cz\/wp-content\/uploads\/2026\/08\/farmapark-maletice-alpaka-1392x928.jpg 1392w, https:\/\/loudavymkrokem.cz\/wp-content\/uploads\/2026\/08\/farmapark-maletice-alpaka-1920x1280.jpg 1920w\" sizes=\"(max-width: 2048px) 100vw, 2048px\" \/><button\n\t\t\tclass=\"lightbox-trigger\"\n\t\t\ttype=\"button\"\n\t\t\taria-haspopup=\"dialog\"\n\t\t\tdata-wp-bind--aria-label=\"state.thisImage.triggerButtonAriaLabel\"\n\t\t\tdata-wp-init=\"callbacks.initTriggerButton\"\n\t\t\tdata-wp-on--click=\"actions.showLightbox\"\n\t\t\tdata-wp-style--right=\"state.thisImage.buttonRight\"\n\t\t\tdata-wp-style--top=\"state.thisImage.buttonTop\"\n\t\t>\n\t\t\t<svg xmlns=\"http:\/\/www.w3.org\/2000\/svg\" width=\"12\" height=\"12\" fill=\"none\" viewBox=\"0 0 12 12\">\n\t\t\t\t<path fill=\"#fff\" d=\"M2 0a2 2 0 0 0-2 2v2h1.5V2a.5.5 0 0 1 .5-.5h2V0H2Zm2 10.5H2a.5.5 0 0 1-.5-.5V8H0v2a2 2 0 0 0 2 2h2v-1.5ZM8 12v-1.5h2a.5.5 0 0 0 .5-.5V8H12v2a2 2 0 0 1-2 2H8Zm2-12a2 2 0 0 1 2 2v2h-1.5V2a.5.5 0 0 0-.5-.5H8V0h2Z\" \/>\n\t\t\t<\/svg>\n\t\t<\/button><\/figure>\n\n\n\n<p class=\"wp-block-paragraph\"><a href=\"https:\/\/www.farmaparkmaletice.cz\" target=\"_blank\" rel=\"nofollow noopener\">Denna helt nya djurpark<\/a> \u00f6ppnade f\u00f6rst sommaren 2025 och upplever i \u00e5r sin andra s\u00e4song, den ligger <strong>bara tolv minuters bilf\u00e4rd i riktning mot Protiv\u00edn<\/strong>. Barnen kan h\u00e4r p\u00e5 n\u00e4ra h\u00e5ll se getter, f\u00e5r, alpackor, gulliga grisar och papegojor, och till och med prova ryktning och ponnyridning mot en extra avgift.<\/p>\n\n\n\n<p class=\"wp-block-paragraph\">Den st\u00f6rsta succ\u00e9n \u00e4r dock <strong>de j\u00e4ttelika luftstudsmattorna, som \u00e4garna kallar de st\u00f6rsta i Tjeckien<\/strong>, d\u00e4r barnen kan leka av sig tills de stupar. Dessutom hittar du h\u00e4r en h\u00f6lada-labyrint, vattenkuddar p\u00e5 en sandstrand, linbanor och en t\u00e4ckt sandl\u00e5da, s\u00e5 du har program f\u00f6r minst en halvdag.<\/p>\n\n\n\n<p class=\"wp-block-paragraph\">Intr\u00e4det p\u00e5 plats kostar <strong>cirka 115 kr (250 K\u010d) f\u00f6r barn och cirka 95 kr (210 K\u010d) f\u00f6r vuxna<\/strong>, men om du k\u00f6per biljetterna online i f\u00f6rv\u00e4g sparar du in p\u00e5 familjeintr\u00e4det n\u00e4stan 50 kr. Barn upp till tv\u00e5 \u00e5r g\u00e5r in gratis och inne finns ett bistro d\u00e4r man bara betalar med kort.<\/p>\n\n\n\n<h3 class=\"wp-block-heading\"><span class=\"ez-toc-section\" id=\"27_Nase_zviratka_i_Putim\"><\/span>27. Na\u0161e zv\u00ed\u0159\u00e1tka i Putim<span class=\"ez-toc-section-end\"><\/span><\/h3>\n\n\n\n<figure data-wp-context=\"{&quot;imageId&quot;:&quot;6a97aa5e1ef4c&quot;}\" data-wp-interactive=\"core\/image\" data-wp-key=\"6a97aa5e1ef4c\" class=\"wp-block-image size-full wp-lightbox-container\"><img decoding=\"async\" width=\"1000\" height=\"563\" data-wp-class--hide=\"state.isContentHidden\" data-wp-class--show=\"state.isContentVisible\" data-wp-init=\"callbacks.setButtonStyles\" data-wp-on--click=\"actions.showLightbox\" data-wp-on--load=\"callbacks.setButtonStyles\" data-wp-on--pointerdown=\"actions.preloadImage\" data-wp-on--pointerenter=\"actions.preloadImageWithDelay\" data-wp-on--pointerleave=\"actions.cancelPreload\" data-wp-on-window--resize=\"callbacks.setButtonStyles\" src=\"https:\/\/loudavymkrokem.cz\/wp-content\/uploads\/2026\/08\/nase-zviratka-putim-klokan.jpg\" alt=\"K\u00e4nguru i minizoot Na\u0161e zv\u00ed\u0159\u00e1tka i Putim\" class=\"wp-image-399583\" title=\"\" srcset=\"https:\/\/loudavymkrokem.cz\/wp-content\/uploads\/2026\/08\/nase-zviratka-putim-klokan.jpg 1000w, https:\/\/loudavymkrokem.cz\/wp-content\/uploads\/2026\/08\/nase-zviratka-putim-klokan-300x169.jpg 300w, https:\/\/loudavymkrokem.cz\/wp-content\/uploads\/2026\/08\/nase-zviratka-putim-klokan-700x394.jpg 700w, https:\/\/loudavymkrokem.cz\/wp-content\/uploads\/2026\/08\/nase-zviratka-putim-klokan-768x432.jpg 768w, https:\/\/loudavymkrokem.cz\/wp-content\/uploads\/2026\/08\/nase-zviratka-putim-klokan-696x392.jpg 696w\" sizes=\"(max-width: 1000px) 100vw, 1000px\" \/><button\n\t\t\tclass=\"lightbox-trigger\"\n\t\t\ttype=\"button\"\n\t\t\taria-haspopup=\"dialog\"\n\t\t\tdata-wp-bind--aria-label=\"state.thisImage.triggerButtonAriaLabel\"\n\t\t\tdata-wp-init=\"callbacks.initTriggerButton\"\n\t\t\tdata-wp-on--click=\"actions.showLightbox\"\n\t\t\tdata-wp-style--right=\"state.thisImage.buttonRight\"\n\t\t\tdata-wp-style--top=\"state.thisImage.buttonTop\"\n\t\t>\n\t\t\t<svg xmlns=\"http:\/\/www.w3.org\/2000\/svg\" width=\"12\" height=\"12\" fill=\"none\" viewBox=\"0 0 12 12\">\n\t\t\t\t<path fill=\"#fff\" d=\"M2 0a2 2 0 0 0-2 2v2h1.5V2a.5.5 0 0 1 .5-.5h2V0H2Zm2 10.5H2a.5.5 0 0 1-.5-.5V8H0v2a2 2 0 0 0 2 2h2v-1.5ZM8 12v-1.5h2a.5.5 0 0 0 .5-.5V8H12v2a2 2 0 0 1-2 2H8Zm2-12a2 2 0 0 1 2 2v2h-1.5V2a.5.5 0 0 0-.5-.5H8V0h2Z\" \/>\n\t\t\t<\/svg>\n\t\t<\/button><\/figure>\n\n\n\n<p class=\"wp-block-paragraph\">Till n\u00e4rbel\u00e4gna Putim, som den gode soldaten \u0160vejk gjorde k\u00e4nt, \u00e4r det bara sex kilometer fr\u00e5n P\u00edsek. H\u00e4r finns <strong>ett vackert och k\u00e4rleksfullt uppbyggt djurh\u00f6rn Na\u0161e zv\u00ed\u0159\u00e1tka<\/strong>, som sk\u00f6ts av fru Koz\u00e1kov\u00e1, och du ser h\u00e4r Bennettk\u00e4ngurur, surikater, rovf\u00e5glar och en talande r\u00e5ka.<\/p>\n\n\n\n<p class=\"wp-block-paragraph\">Hela omr\u00e5det \u00e4r utformat v\u00e4ldigt familj\u00e4rt, och f\u00f6rutom djuren hittar barnen \u00e4ven <strong>en trevlig retrolekplats med element f\u00f6r barn fr\u00e5n tv\u00e5 till tolv \u00e5r<\/strong>. Pysslingarna uppskattar s\u00e4kert mest h\u00e4gnen med getter, f\u00e5r och kaniner, som de kan titta p\u00e5 p\u00e5 n\u00e4ra h\u00e5ll.<\/p>\n\n\n\n<p class=\"wp-block-paragraph\">Det b\u00e4sta med den h\u00e4r platsen \u00e4r att <strong>intr\u00e4det \u00e4r helt gratis eller mot en frivillig g\u00e5va<\/strong> i en spargris, och de har \u00f6ppet varje dag fr\u00e5n nio p\u00e5 morgonen \u00e4nda till sju p\u00e5 kv\u00e4llen. Bilen parkerar du gratis cirka en halv kilometer fr\u00e5n omr\u00e5det och inne kan du k\u00f6pa lite fika.<\/p>\n\n\n\n<h3 class=\"wp-block-heading\"><span class=\"ez-toc-section\" id=\"28_Kozlgarden_i_Predotice\"><\/span>28. Kozlg\u00e5rden i P\u0159edotice<span class=\"ez-toc-section-end\"><\/span><\/h3>\n\n\n\n<p class=\"wp-block-paragraph\">Till P\u0159edotice \u00e4r det <strong>knappt 13 kilometer och tolv minuters bilf\u00e4rd<\/strong> fr\u00e5n P\u00edsek, s\u00e5 det \u00e4r en av de allra n\u00e4rmaste djurg\u00e5rdarna vi har. Djuren \u00e4r vana vid barn h\u00e4r, de g\u00e5r att klappa och mata, och hela omr\u00e5det k\u00e4nns mer som en familjeg\u00e5rd \u00e4n en betald attraktion.<\/p>\n\n\n\n<p class=\"wp-block-paragraph\">F\u00f6rutom djuren v\u00e4ntar p\u00e5 barnen <strong>en karusell, leksaker och tipspromenader<\/strong> runt omr\u00e5det, s\u00e5 \u00e4ven de som snabbt tr\u00f6ttnar p\u00e5 att klappa getter underh\u00e5lls. Vid ing\u00e5ngen finns en kiosk med fika, d\u00e4r man kan sitta i lugn och ro.<\/p>\n\n\n\n<p class=\"wp-block-paragraph\">\ud83d\udca1 <strong>Tips:<\/strong> P\u00e5 <strong>onsdagar har de st\u00e4ngt<\/strong>, annars \u00e4r det \u00f6ppet fr\u00e5n tio till sex. Aktuellt intr\u00e4de hittar du p\u00e5 kozluvstatek.cz eller fr\u00e5ga p\u00e5 telefon 775 172 474.<\/p>\n\n\n\n<h3 class=\"wp-block-heading\"><span class=\"ez-toc-section\" id=\"29_Farmen_Stary_Bor_vid_Sedlice\"><\/span>29. Farmen Star\u00fd Bor vid Sedlice<span class=\"ez-toc-section-end\"><\/span><\/h3>\n\n\n\n<p class=\"wp-block-paragraph\">Farmen Star\u00fd Bor ligger vid Sedlice, <strong>16 kilometer och en kvarts bilf\u00e4rd fr\u00e5n P\u00edsek<\/strong>, och det \u00e4r ett av de d\u00e4r st\u00e4llena som \u00e4ven vinner f\u00f6r\u00e4ldrarnas hj\u00e4rtan. De flesta djuren har n\u00e4mligen kommit hit fr\u00e5n \u00e4gare som inte kunde eller ville ta hand om dem, s\u00e5 det \u00e4r h\u00e4lften farm och h\u00e4lften h\u00e4rb\u00e4rge.<\/p>\n\n\n\n<p class=\"wp-block-paragraph\">Du ser h\u00e4r <strong>strutsar, emuer, lamor, getter, f\u00e5r samt exotiska papegojor och p\u00e5f\u00e5glar<\/strong>, djuren g\u00e5r att mata och runt omr\u00e5det finns g\u00e5tor som barnen l\u00f6ser medan de g\u00e5r runt. H\u00e4r finns en lekplats och ett fikast\u00e5nd, d\u00e4r de bland annat har glass inklusive glutenfri.<\/p>\n\n\n\n<p class=\"wp-block-paragraph\">Farmen \u00e4r <strong>\u00f6ppen s\u00e4songsvis ungef\u00e4r fr\u00e5n maj till september, dagligen fr\u00e5n elva till sex<\/strong>. Intr\u00e4det \u00e4r enligt bes\u00f6kare ofta frivilligt, men dubbelkolla hellre i f\u00f6rv\u00e4g p\u00e5 farmastarybor.cz eller p\u00e5 telefon 606 560 993. En terr\u00e4ngbarnvagn klarar omr\u00e5det och bes\u00f6ket kan du f\u00f6rl\u00e4nga med en promenad runt dammen.<\/p>\n\n\n\n<h3 class=\"wp-block-heading\"><span class=\"ez-toc-section\" id=\"30_Stallet_Stetice\"><\/span>30. Stallet \u0160t\u011btice<span class=\"ez-toc-section-end\"><\/span><\/h3>\n\n\n\n<p class=\"wp-block-paragraph\">\u0160t\u011btice vid Ra\u017eice ligger <strong>knappt 12 kilometer, allts\u00e5 en kvart med bil<\/strong> fr\u00e5n P\u00edsek, och det \u00e4r traktens stall med det allra b\u00e4sta betyget. H\u00e4rifr\u00e5n \u00e5ker man p\u00e5 rundturer i omgivningen och de tar \u00e4ven emot rena nyb\u00f6rjare, s\u00e5 det g\u00e5r att \u00e5ka hit \u00e4ven med ett barn som aldrig suttit p\u00e5 en h\u00e4st.<\/p>\n\n\n\n<p class=\"wp-block-paragraph\">Under loven \u00e5ker <strong>P\u00edsek-familjer hit p\u00e5 rundturer regelbundet<\/strong> och i recensionerna lyfts g\u00e5ng p\u00e5 g\u00e5ng bem\u00f6tandet fr\u00e5n de m\u00e4nniskor som sk\u00f6ter h\u00e4starna fram. Tider och villkor f\u00f6r barn st\u00e4mmer du av i f\u00f6rv\u00e4g p\u00e5 stajestetice.cz eller p\u00e5 telefon 724 759 880.<\/p>\n\n\n\n<h3 class=\"wp-block-heading\"><span class=\"ez-toc-section\" id=\"31_Ranch_Calamity_Jane_i_Probulov\"><\/span>31. Ranch Calamity Jane i Probulov<span class=\"ez-toc-section-end\"><\/span><\/h3>\n\n\n\n<p class=\"wp-block-paragraph\">Ranchen vid Probulov ligger lite l\u00e4ngre bort, <strong>32 kilometer och en halvtimmes bilf\u00e4rd<\/strong>, men i geng\u00e4ld n\u00e4rmar sig Orl\u00edk-dammen, s\u00e5 det g\u00e5r att kombinera med en utflykt till vattnet. Omr\u00e5det \u00e4r verkligen vidstr\u00e4ckt: h\u00e4star, farmdjur, betesmarker och westernst\u00e4mning.<\/p>\n\n\n\n<p class=\"wp-block-paragraph\">F\u00f6rutom ridning finns h\u00e4r \u00e4ven <strong>en l\u00e4gerplats med tipis, d\u00e4r man kan \u00f6vernatta<\/strong>, vilket framf\u00f6r allt \u00e4ldre barn uppskattar. De har ofta \u00f6ppet dagligen fr\u00e5n tio till sex, program och priser dubbelkollar du p\u00e5 calamity.cz eller p\u00e5 telefon 775 646 461.<\/p>\n\n\n\n<h3 class=\"wp-block-heading\"><span class=\"ez-toc-section\" id=\"32_Fiziland_Protivin\"><\/span>32. Fiziland Protiv\u00edn<span class=\"ez-toc-section-end\"><\/span><\/h3>\n\n\n\n<figure data-wp-context=\"{&quot;imageId&quot;:&quot;6a97aa5e1f6ba&quot;}\" data-wp-interactive=\"core\/image\" data-wp-key=\"6a97aa5e1f6ba\" class=\"wp-block-image size-full wp-lightbox-container\"><img decoding=\"async\" width=\"2200\" height=\"1467\" data-wp-class--hide=\"state.isContentHidden\" data-wp-class--show=\"state.isContentVisible\" data-wp-init=\"callbacks.setButtonStyles\" data-wp-on--click=\"actions.showLightbox\" data-wp-on--load=\"callbacks.setButtonStyles\" data-wp-on--pointerdown=\"actions.preloadImage\" data-wp-on--pointerenter=\"actions.preloadImageWithDelay\" data-wp-on--pointerleave=\"actions.cancelPreload\" data-wp-on-window--resize=\"callbacks.setButtonStyles\" src=\"https:\/\/loudavymkrokem.cz\/wp-content\/uploads\/2026\/08\/fiziland-protivin-herna.jpg\" alt=\"Inomhusleklandet Fiziland i Protiv\u00edn med skumgummigrop och kl\u00e4tterst\u00e4llningar\" class=\"wp-image-399563\" title=\"\" srcset=\"https:\/\/loudavymkrokem.cz\/wp-content\/uploads\/2026\/08\/fiziland-protivin-herna.jpg 2200w, https:\/\/loudavymkrokem.cz\/wp-content\/uploads\/2026\/08\/fiziland-protivin-herna-300x200.jpg 300w, https:\/\/loudavymkrokem.cz\/wp-content\/uploads\/2026\/08\/fiziland-protivin-herna-700x467.jpg 700w, https:\/\/loudavymkrokem.cz\/wp-content\/uploads\/2026\/08\/fiziland-protivin-herna-768x512.jpg 768w, https:\/\/loudavymkrokem.cz\/wp-content\/uploads\/2026\/08\/fiziland-protivin-herna-1536x1024.jpg 1536w, https:\/\/loudavymkrokem.cz\/wp-content\/uploads\/2026\/08\/fiziland-protivin-herna-2048x1366.jpg 2048w, https:\/\/loudavymkrokem.cz\/wp-content\/uploads\/2026\/08\/fiziland-protivin-herna-696x464.jpg 696w, https:\/\/loudavymkrokem.cz\/wp-content\/uploads\/2026\/08\/fiziland-protivin-herna-1392x928.jpg 1392w, https:\/\/loudavymkrokem.cz\/wp-content\/uploads\/2026\/08\/fiziland-protivin-herna-1920x1280.jpg 1920w\" sizes=\"(max-width: 2200px) 100vw, 2200px\" \/><button\n\t\t\tclass=\"lightbox-trigger\"\n\t\t\ttype=\"button\"\n\t\t\taria-haspopup=\"dialog\"\n\t\t\tdata-wp-bind--aria-label=\"state.thisImage.triggerButtonAriaLabel\"\n\t\t\tdata-wp-init=\"callbacks.initTriggerButton\"\n\t\t\tdata-wp-on--click=\"actions.showLightbox\"\n\t\t\tdata-wp-style--right=\"state.thisImage.buttonRight\"\n\t\t\tdata-wp-style--top=\"state.thisImage.buttonTop\"\n\t\t>\n\t\t\t<svg xmlns=\"http:\/\/www.w3.org\/2000\/svg\" width=\"12\" height=\"12\" fill=\"none\" viewBox=\"0 0 12 12\">\n\t\t\t\t<path fill=\"#fff\" d=\"M2 0a2 2 0 0 0-2 2v2h1.5V2a.5.5 0 0 1 .5-.5h2V0H2Zm2 10.5H2a.5.5 0 0 1-.5-.5V8H0v2a2 2 0 0 0 2 2h2v-1.5ZM8 12v-1.5h2a.5.5 0 0 0 .5-.5V8H12v2a2 2 0 0 1-2 2H8Zm2-12a2 2 0 0 1 2 2v2h-1.5V2a.5.5 0 0 0-.5-.5H8V0h2Z\" \/>\n\t\t\t<\/svg>\n\t\t<\/button><\/figure>\n\n\n\n<p class=\"wp-block-paragraph\">Om du har skolbarn hemma eller f\u00f6ljer barnyoutubers k\u00e4nner du s\u00e4kert till namnet Fizi, som i Protiv\u00edn (cirka 15 minuter fr\u00e5n P\u00edsek) \u00f6ppnade sin <strong>egen enorma n\u00f6jespark <a href=\"https:\/\/fiziland.cz\" target=\"_blank\" rel=\"nofollow noopener\">Fiziland<\/a><\/strong>. I den enorma hallen m\u00e5ste alla r\u00f6ra sig endast i strumpor, och det rekommenderas att ha l\u00e5ngbyxor och l\u00e5nga \u00e4rmar av s\u00e4kerhetssk\u00e4l p\u00e5 attraktionerna.<\/p>\n\n\n\n<p class=\"wp-block-paragraph\">Barnen hittar h\u00e4r <strong>j\u00e4tterutschkanor, racingbanor, skumgummigropar och massor av j\u00e4ttestudsmattor<\/strong>, det saknas inte heller en utomhuslekplats och gott om spelautomater. F\u00f6r de minsta pysslingarna finns en avskild lugn zon, s\u00e5 att de \u00e4ldre barnen inte springer omkull dem under de vildare lekarna.<\/p>\n\n\n\n<p class=\"wp-block-paragraph\">R\u00e4kna med att <strong>ett bes\u00f6k p\u00e5 Fiziland inte precis \u00e4r billigt<\/strong>, en barnbiljett kostar cirka 180 kr (389 K\u010d), vuxet s\u00e4llskap cirka 75 kr (159 K\u010d) och det mest f\u00f6rm\u00e5nliga familjepaketet f\u00f6r tv\u00e5 vuxna och tv\u00e5 barn g\u00e5r p\u00e5 cirka 410 kr (889 K\u010d). Intresset \u00e4r dock s\u00e5 enormt att biljettf\u00f6rs\u00e4ljning p\u00e5 plats inte alls garanteras och du m\u00e5ste boka i webbshopen minst en eller tv\u00e5 dagar i f\u00f6rv\u00e4g. Alla attraktioner, priser och tips p\u00e5 var du kan bo i n\u00e4rheten av parken har jag samlat i en separat artikel <a href=\"https:\/\/loudavymkrokem.cz\/sv\/?p=409816\">om Fiziland i Protiv\u00edn<\/a>.<\/p>\n\n\n\n<h3 class=\"wp-block-heading\"><span class=\"ez-toc-section\" id=\"33_Tidens_rike_i_Protivin\"><\/span>33. Tidens rike i Protiv\u00edn<span class=\"ez-toc-section-end\"><\/span><\/h3>\n\n\n\n<figure data-wp-context=\"{&quot;imageId&quot;:&quot;6a97aa5e1fb33&quot;}\" data-wp-interactive=\"core\/image\" data-wp-key=\"6a97aa5e1fb33\" class=\"wp-block-image size-full wp-lightbox-container\"><img decoding=\"async\" width=\"1440\" height=\"960\" data-wp-class--hide=\"state.isContentHidden\" data-wp-class--show=\"state.isContentVisible\" data-wp-init=\"callbacks.setButtonStyles\" data-wp-on--click=\"actions.showLightbox\" data-wp-on--load=\"callbacks.setButtonStyles\" data-wp-on--pointerdown=\"actions.preloadImage\" data-wp-on--pointerenter=\"actions.preloadImageWithDelay\" data-wp-on--pointerleave=\"actions.cancelPreload\" data-wp-on-window--resize=\"callbacks.setButtonStyles\" src=\"https:\/\/loudavymkrokem.cz\/wp-content\/uploads\/2026\/08\/kralovstvi-casu-protivin-vila.jpg\" alt=\"Jugendvilla Tidens rike i Protiv\u00edn\" class=\"wp-image-399570\" title=\"\" srcset=\"https:\/\/loudavymkrokem.cz\/wp-content\/uploads\/2026\/08\/kralovstvi-casu-protivin-vila.jpg 1440w, https:\/\/loudavymkrokem.cz\/wp-content\/uploads\/2026\/08\/kralovstvi-casu-protivin-vila-300x200.jpg 300w, https:\/\/loudavymkrokem.cz\/wp-content\/uploads\/2026\/08\/kralovstvi-casu-protivin-vila-700x467.jpg 700w, https:\/\/loudavymkrokem.cz\/wp-content\/uploads\/2026\/08\/kralovstvi-casu-protivin-vila-768x512.jpg 768w, https:\/\/loudavymkrokem.cz\/wp-content\/uploads\/2026\/08\/kralovstvi-casu-protivin-vila-696x464.jpg 696w, https:\/\/loudavymkrokem.cz\/wp-content\/uploads\/2026\/08\/kralovstvi-casu-protivin-vila-1392x928.jpg 1392w\" sizes=\"(max-width: 1440px) 100vw, 1440px\" \/><button\n\t\t\tclass=\"lightbox-trigger\"\n\t\t\ttype=\"button\"\n\t\t\taria-haspopup=\"dialog\"\n\t\t\tdata-wp-bind--aria-label=\"state.thisImage.triggerButtonAriaLabel\"\n\t\t\tdata-wp-init=\"callbacks.initTriggerButton\"\n\t\t\tdata-wp-on--click=\"actions.showLightbox\"\n\t\t\tdata-wp-style--right=\"state.thisImage.buttonRight\"\n\t\t\tdata-wp-style--top=\"state.thisImage.buttonTop\"\n\t\t>\n\t\t\t<svg xmlns=\"http:\/\/www.w3.org\/2000\/svg\" width=\"12\" height=\"12\" fill=\"none\" viewBox=\"0 0 12 12\">\n\t\t\t\t<path fill=\"#fff\" d=\"M2 0a2 2 0 0 0-2 2v2h1.5V2a.5.5 0 0 1 .5-.5h2V0H2Zm2 10.5H2a.5.5 0 0 1-.5-.5V8H0v2a2 2 0 0 0 2 2h2v-1.5ZM8 12v-1.5h2a.5.5 0 0 0 .5-.5V8H12v2a2 2 0 0 1-2 2H8Zm2-12a2 2 0 0 1 2 2v2h-1.5V2a.5.5 0 0 0-.5-.5H8V0h2Z\" \/>\n\t\t\t<\/svg>\n\t\t<\/button><\/figure>\n\n\n\n<p class=\"wp-block-paragraph\">N\u00e4r du \u00e4nd\u00e5 \u00e4r i Protiv\u00edn f\u00e5r du absolut inte missa Tidens rike (Kr\u00e1lovstv\u00ed \u010dasu), vilket \u00e4r en <strong>fantastiskt renoverad jugendvilla<\/strong>, som fungerar som ett klockmuseum, men framf\u00f6r allt som ett rent paradis f\u00f6r familjer med barn. Utst\u00e4llningen med historiska klockor och ett tornverk finns visserligen p\u00e5 \u00f6verv\u00e5ningen, men det viktigaste f\u00f6r barnen utspelar sig p\u00e5 bottenv\u00e5ningen och i tr\u00e4dg\u00e5rden.<\/p>\n\n\n\n<p class=\"wp-block-paragraph\">H\u00e4r hittar du <strong>en fin skapande verkstad, d\u00e4r barnen tillverkar v\u00e4ckarklockor eller handdockor<\/strong>, och ett fantastiskt lekland med k\u00f6ksavdelning och sparkcyklar. \u00c4nnu b\u00e4ttre \u00e4r den inh\u00e4gnade tr\u00e4dg\u00e5rden med rutschkana, linbana och massor av kl\u00e4tterst\u00e4llningar, d\u00e4r barnen kan leka av sig medan du sitter med en kaffe.<\/p>\n\n\n\n<p class=\"wp-block-paragraph\">Det b\u00e4sta till sist \u2013 <strong>leklandet och tr\u00e4dg\u00e5rden \u00e4r helt gratis f\u00f6r kaf\u00e9ets bes\u00f6kare<\/strong>, man betalar bara intr\u00e4de till sj\u00e4lva klockmuseet (vuxna cirka 40 kr \/ 90 K\u010d, barn cirka 30 kr \/ 60 K\u010d). F\u00f6r familjer med tv\u00e5\u00e5riga pysslingar \u00e4r det ett perfekt st\u00e4lle som p\u00e5litligt r\u00e4ddar dig \u00e4ven vid regn.<\/p>\n\n\n\n<h3 class=\"wp-block-heading\"><span class=\"ez-toc-section\" id=\"34_Krokodil-ZOO_Protivin\"><\/span>34. Krokodil-ZOO Protiv\u00edn<span class=\"ez-toc-section-end\"><\/span><\/h3>\n\n\n\n<figure data-wp-context=\"{&quot;imageId&quot;:&quot;6a97aa5e2004a&quot;}\" data-wp-interactive=\"core\/image\" data-wp-key=\"6a97aa5e2004a\" class=\"wp-block-image size-full wp-lightbox-container\"><img decoding=\"async\" width=\"1120\" height=\"800\" data-wp-class--hide=\"state.isContentHidden\" data-wp-class--show=\"state.isContentVisible\" data-wp-init=\"callbacks.setButtonStyles\" data-wp-on--click=\"actions.showLightbox\" data-wp-on--load=\"callbacks.setButtonStyles\" data-wp-on--pointerdown=\"actions.preloadImage\" data-wp-on--pointerenter=\"actions.preloadImageWithDelay\" data-wp-on--pointerleave=\"actions.cancelPreload\" data-wp-on-window--resize=\"callbacks.setButtonStyles\" src=\"https:\/\/loudavymkrokem.cz\/wp-content\/uploads\/2026\/08\/krokodyli-zoo-protivin-aligator.jpg\" alt=\"Alligator i Krokodil-ZOO Protiv\u00edn\" class=\"wp-image-399574\" title=\"\" srcset=\"https:\/\/loudavymkrokem.cz\/wp-content\/uploads\/2026\/08\/krokodyli-zoo-protivin-aligator.jpg 1120w, https:\/\/loudavymkrokem.cz\/wp-content\/uploads\/2026\/08\/krokodyli-zoo-protivin-aligator-300x214.jpg 300w, https:\/\/loudavymkrokem.cz\/wp-content\/uploads\/2026\/08\/krokodyli-zoo-protivin-aligator-700x500.jpg 700w, https:\/\/loudavymkrokem.cz\/wp-content\/uploads\/2026\/08\/krokodyli-zoo-protivin-aligator-768x549.jpg 768w, https:\/\/loudavymkrokem.cz\/wp-content\/uploads\/2026\/08\/krokodyli-zoo-protivin-aligator-696x497.jpg 696w\" sizes=\"(max-width: 1120px) 100vw, 1120px\" \/><button\n\t\t\tclass=\"lightbox-trigger\"\n\t\t\ttype=\"button\"\n\t\t\taria-haspopup=\"dialog\"\n\t\t\tdata-wp-bind--aria-label=\"state.thisImage.triggerButtonAriaLabel\"\n\t\t\tdata-wp-init=\"callbacks.initTriggerButton\"\n\t\t\tdata-wp-on--click=\"actions.showLightbox\"\n\t\t\tdata-wp-style--right=\"state.thisImage.buttonRight\"\n\t\t\tdata-wp-style--top=\"state.thisImage.buttonTop\"\n\t\t>\n\t\t\t<svg xmlns=\"http:\/\/www.w3.org\/2000\/svg\" width=\"12\" height=\"12\" fill=\"none\" viewBox=\"0 0 12 12\">\n\t\t\t\t<path fill=\"#fff\" d=\"M2 0a2 2 0 0 0-2 2v2h1.5V2a.5.5 0 0 1 .5-.5h2V0H2Zm2 10.5H2a.5.5 0 0 1-.5-.5V8H0v2a2 2 0 0 0 2 2h2v-1.5ZM8 12v-1.5h2a.5.5 0 0 0 .5-.5V8H12v2a2 2 0 0 1-2 2H8Zm2-12a2 2 0 0 1 2 2v2h-1.5V2a.5.5 0 0 0-.5-.5H8V0h2Z\" \/>\n\t\t\t<\/svg>\n\t\t<\/button><\/figure>\n\n\n\n<p class=\"wp-block-paragraph\">F\u00f6r tredje g\u00e5ngen Protiv\u00edn, den h\u00e4r g\u00e5ngen f\u00f6r kr\u00e4ldjurs\u00e4lskare, f\u00f6r h\u00e4r p\u00e5 sj\u00e4lva torget finns <strong><a href=\"https:\/\/www.krokodylizoo.cz\" target=\"_blank\" rel=\"nofollow noopener\">Krokodil-ZOO, d\u00e4r man h\u00e5ller \u00f6ver hundra av dessa f\u00f6rhistoriska djur<\/a><\/strong>. Hela utst\u00e4llningen \u00e4r dessutom helt tillg\u00e4nglighetsanpassad, s\u00e5 du tar dig enkelt hit \u00e4ven med barnvagn.<\/p>\n\n\n\n<p class=\"wp-block-paragraph\">Krokodilerna kan besk\u00e5das i enorma terrarier och <strong>familjeintr\u00e4det f\u00f6r tv\u00e5 vuxna och tv\u00e5 barn g\u00e5r p\u00e5 cirka 460 kr (1000 K\u010d)<\/strong>, medan barn upp till tv\u00e5 \u00e5r traditionellt g\u00e5r in gratis. De har ofta \u00f6ppet fr\u00e5n september till juni till fyra p\u00e5 eftermiddagen, p\u00e5 sommaren en timme l\u00e4ngre.<\/p>\n\n\n\n<p class=\"wp-block-paragraph\">Var bara uppm\u00e4rksam p\u00e5 att <strong>den popul\u00e4ra guidade krokodilmatningen f\u00f6r n\u00e4rvarande bara ing\u00e5r i en betald exklusiv rundtur<\/strong>, s\u00e5 om du vill se djuren i aktion m\u00e5ste du betala extra f\u00f6r denna upplevelse. Bilen parkerar du enkelt gratis p\u00e5 de omkringliggande gatorna eller vid n\u00e4rbel\u00e4gna Norma.<\/p>\n\n\n\n<h3 class=\"wp-block-heading\"><span class=\"ez-toc-section\" id=\"35_Sagosmedjan_Selibov\"><\/span>35. Sagosmedjan Selibov<span class=\"ez-toc-section-end\"><\/span><\/h3>\n\n\n\n<figure data-wp-context=\"{&quot;imageId&quot;:&quot;6a97aa5e2051e&quot;}\" data-wp-interactive=\"core\/image\" data-wp-key=\"6a97aa5e2051e\" class=\"wp-block-image size-full wp-lightbox-container\"><img decoding=\"async\" width=\"2000\" height=\"1333\" data-wp-class--hide=\"state.isContentHidden\" data-wp-class--show=\"state.isContentVisible\" data-wp-init=\"callbacks.setButtonStyles\" data-wp-on--click=\"actions.showLightbox\" data-wp-on--load=\"callbacks.setButtonStyles\" data-wp-on--pointerdown=\"actions.preloadImage\" data-wp-on--pointerenter=\"actions.preloadImageWithDelay\" data-wp-on--pointerleave=\"actions.cancelPreload\" data-wp-on-window--resize=\"callbacks.setButtonStyles\" src=\"https:\/\/loudavymkrokem.cz\/wp-content\/uploads\/2026\/08\/pohadkova-kovarna-selibov.jpg\" alt=\"Sagosmedjan i Selibov med halmtak\" class=\"wp-image-399577\" title=\"\" srcset=\"https:\/\/loudavymkrokem.cz\/wp-content\/uploads\/2026\/08\/pohadkova-kovarna-selibov.jpg 2000w, https:\/\/loudavymkrokem.cz\/wp-content\/uploads\/2026\/08\/pohadkova-kovarna-selibov-300x200.jpg 300w, https:\/\/loudavymkrokem.cz\/wp-content\/uploads\/2026\/08\/pohadkova-kovarna-selibov-700x467.jpg 700w, https:\/\/loudavymkrokem.cz\/wp-content\/uploads\/2026\/08\/pohadkova-kovarna-selibov-768x512.jpg 768w, https:\/\/loudavymkrokem.cz\/wp-content\/uploads\/2026\/08\/pohadkova-kovarna-selibov-1536x1024.jpg 1536w, https:\/\/loudavymkrokem.cz\/wp-content\/uploads\/2026\/08\/pohadkova-kovarna-selibov-696x464.jpg 696w, https:\/\/loudavymkrokem.cz\/wp-content\/uploads\/2026\/08\/pohadkova-kovarna-selibov-1392x928.jpg 1392w, https:\/\/loudavymkrokem.cz\/wp-content\/uploads\/2026\/08\/pohadkova-kovarna-selibov-1920x1280.jpg 1920w\" sizes=\"(max-width: 2000px) 100vw, 2000px\" \/><button\n\t\t\tclass=\"lightbox-trigger\"\n\t\t\ttype=\"button\"\n\t\t\taria-haspopup=\"dialog\"\n\t\t\tdata-wp-bind--aria-label=\"state.thisImage.triggerButtonAriaLabel\"\n\t\t\tdata-wp-init=\"callbacks.initTriggerButton\"\n\t\t\tdata-wp-on--click=\"actions.showLightbox\"\n\t\t\tdata-wp-style--right=\"state.thisImage.buttonRight\"\n\t\t\tdata-wp-style--top=\"state.thisImage.buttonTop\"\n\t\t>\n\t\t\t<svg xmlns=\"http:\/\/www.w3.org\/2000\/svg\" width=\"12\" height=\"12\" fill=\"none\" viewBox=\"0 0 12 12\">\n\t\t\t\t<path fill=\"#fff\" d=\"M2 0a2 2 0 0 0-2 2v2h1.5V2a.5.5 0 0 1 .5-.5h2V0H2Zm2 10.5H2a.5.5 0 0 1-.5-.5V8H0v2a2 2 0 0 0 2 2h2v-1.5ZM8 12v-1.5h2a.5.5 0 0 0 .5-.5V8H12v2a2 2 0 0 1-2 2H8Zm2-12a2 2 0 0 1 2 2v2h-1.5V2a.5.5 0 0 0-.5-.5H8V0h2Z\" \/>\n\t\t\t<\/svg>\n\t\t<\/button><\/figure>\n\n\n\n<p class=\"wp-block-paragraph\">P\u00e5 v\u00e4gen till Protiv\u00edn, stanna absolut till i den lilla byn Selibov, d\u00e4r den <strong>f\u00f6rtrollande Sagosmedjan (Poh\u00e1dkov\u00e1 kov\u00e1rna) finns, som framf\u00f6r allt h\u00e4nf\u00f6r f\u00f6rskolebarn<\/strong>. Direkt vid entr\u00e9n v\u00e4lkomnas du av de levande \u00e5snorna Aladin och Jasmine, och inne kan barnen kl\u00e4 ut sig till de mest skilda sagofigurer.<\/p>\n\n\n\n<p class=\"wp-block-paragraph\">Hela bes\u00f6ket tar ungef\u00e4r tv\u00e5 timmar, under vilka du <strong>g\u00e5r igenom ett sagostall, provar en skapande verkstad och g\u00e5r vilse i en labyrint<\/strong> med figurer. Runt smedjan l\u00f6per dessutom stigen med storken Ferdinand med tolv roliga stopp.<\/p>\n\n\n\n<p class=\"wp-block-paragraph\">Intr\u00e4det \u00e4r i \u00e5r <strong>enhetligt f\u00f6r alla och kostar cirka 45 kr (95 K\u010d)<\/strong>, de minsta upp till tv\u00e5 \u00e5r betalar inget. Under sommarloven har de \u00f6ppet varje dag, utanf\u00f6r s\u00e4song fungerar de framf\u00f6r allt p\u00e5 helger och anordnar fina evenemang \u00e4ven under advent, d\u00e5 fikat U \u010cerven\u00e9 karkulky (Hos R\u00f6dluvan) doftar.<\/p>\n\n\n\n<h3 class=\"wp-block-heading\"><span class=\"ez-toc-section\" id=\"36_Zemeraj_Kovarov\"><\/span>36. Zem\u011br\u00e1j Kov\u00e1\u0159ov<span class=\"ez-toc-section-end\"><\/span><\/h3>\n\n\n\n<figure data-wp-context=\"{&quot;imageId&quot;:&quot;6a97aa5e20bb0&quot;}\" data-wp-interactive=\"core\/image\" data-wp-key=\"6a97aa5e20bb0\" class=\"wp-block-image size-full wp-lightbox-container\"><img decoding=\"async\" width=\"1400\" height=\"550\" data-wp-class--hide=\"state.isContentHidden\" data-wp-class--show=\"state.isContentVisible\" data-wp-init=\"callbacks.setButtonStyles\" data-wp-on--click=\"actions.showLightbox\" data-wp-on--load=\"callbacks.setButtonStyles\" data-wp-on--pointerdown=\"actions.preloadImage\" data-wp-on--pointerenter=\"actions.preloadImageWithDelay\" data-wp-on--pointerleave=\"actions.cancelPreload\" data-wp-on-window--resize=\"callbacks.setButtonStyles\" src=\"https:\/\/loudavymkrokem.cz\/wp-content\/uploads\/2026\/08\/zemeraj-kovarov-lidova-staveni.jpg\" alt=\"Folkliga byggnader i upplevelseparken Zem\u011br\u00e1j vid Kov\u00e1\u0159ov\" class=\"wp-image-399579\" title=\"\" srcset=\"https:\/\/loudavymkrokem.cz\/wp-content\/uploads\/2026\/08\/zemeraj-kovarov-lidova-staveni.jpg 1400w, https:\/\/loudavymkrokem.cz\/wp-content\/uploads\/2026\/08\/zemeraj-kovarov-lidova-staveni-300x118.jpg 300w, https:\/\/loudavymkrokem.cz\/wp-content\/uploads\/2026\/08\/zemeraj-kovarov-lidova-staveni-700x275.jpg 700w, https:\/\/loudavymkrokem.cz\/wp-content\/uploads\/2026\/08\/zemeraj-kovarov-lidova-staveni-768x302.jpg 768w, https:\/\/loudavymkrokem.cz\/wp-content\/uploads\/2026\/08\/zemeraj-kovarov-lidova-staveni-696x273.jpg 696w, https:\/\/loudavymkrokem.cz\/wp-content\/uploads\/2026\/08\/zemeraj-kovarov-lidova-staveni-1392x547.jpg 1392w\" sizes=\"(max-width: 1400px) 100vw, 1400px\" \/><button\n\t\t\tclass=\"lightbox-trigger\"\n\t\t\ttype=\"button\"\n\t\t\taria-haspopup=\"dialog\"\n\t\t\tdata-wp-bind--aria-label=\"state.thisImage.triggerButtonAriaLabel\"\n\t\t\tdata-wp-init=\"callbacks.initTriggerButton\"\n\t\t\tdata-wp-on--click=\"actions.showLightbox\"\n\t\t\tdata-wp-style--right=\"state.thisImage.buttonRight\"\n\t\t\tdata-wp-style--top=\"state.thisImage.buttonTop\"\n\t\t>\n\t\t\t<svg xmlns=\"http:\/\/www.w3.org\/2000\/svg\" width=\"12\" height=\"12\" fill=\"none\" viewBox=\"0 0 12 12\">\n\t\t\t\t<path fill=\"#fff\" d=\"M2 0a2 2 0 0 0-2 2v2h1.5V2a.5.5 0 0 1 .5-.5h2V0H2Zm2 10.5H2a.5.5 0 0 1-.5-.5V8H0v2a2 2 0 0 0 2 2h2v-1.5ZM8 12v-1.5h2a.5.5 0 0 0 .5-.5V8H12v2a2 2 0 0 1-2 2H8Zm2-12a2 2 0 0 1 2 2v2h-1.5V2a.5.5 0 0 0-.5-.5H8V0h2Z\" \/>\n\t\t\t<\/svg>\n\t\t<\/button><\/figure>\n\n\n\n<p class=\"wp-block-paragraph\">Ungef\u00e4r 35 minuters bilf\u00e4rd fr\u00e5n P\u00edsek ligger <strong><a href=\"https:\/\/www.zemeraj.cz\" target=\"_blank\" rel=\"nofollow noopener\">Zem\u011br\u00e1j<\/a>, som \u00e4r ett enormt naturomr\u00e5de inriktat p\u00e5 tjeckisk historia och traditioner<\/strong>. F\u00f6r de minsta finns en underbar barnby, Hrejkov, d\u00e4r de kan prova gamla hantverk och leka i stiliga tr\u00e4hus.<\/p>\n\n\n\n<p class=\"wp-block-paragraph\">Alla barn som \u00e4lskar att r\u00f6ra sig i naturen kommer till sin r\u00e4tt h\u00e4r \u2013 h\u00e4r finns <strong>en kilometerl\u00e5ng stig f\u00f6r barfotavandring, vattenlekar och en arkeologisk utgr\u00e4vningsplats<\/strong>, och du kan till och med gr\u00e4dda flatbr\u00f6d av deg tillsammans. Med tanke p\u00e5 den naturliga terr\u00e4ngen, l\u00e4mna definitivt de vita gympaskorna hemma och ta med stadiga skor.<\/p>\n\n\n\n<p class=\"wp-block-paragraph\">Intr\u00e4det till Zem\u011br\u00e1j kostar <strong>cirka 85 kr (190 K\u010d) f\u00f6r vuxna och cirka 80 kr (170 K\u010d) f\u00f6r barn fr\u00e5n tv\u00e5 \u00e5r<\/strong>, parkering vid omr\u00e5det \u00e4r gratis. De har \u00f6ppet fr\u00e5n maj till slutet av september, och p\u00e5 sommaren fungerar de varje dag fr\u00e5n halv tio p\u00e5 morgonen till kv\u00e4llen.<\/p>\n\n\n\n<h3 class=\"wp-block-heading\"><span class=\"ez-toc-section\" id=\"37_Bagrarium_Strakonice\"><\/span>37. Bagr\u00e1rium Strakonice<span class=\"ez-toc-section-end\"><\/span><\/h3>\n\n\n\n<p class=\"wp-block-paragraph\">Till Strakonice \u00e4r det ungef\u00e4r en halvtimme fr\u00e5n P\u00edsek och sedan februari 2026 finns h\u00e4r <strong>det f\u00f6rsta t\u00e4ckta Bagr\u00e1rium i Tjeckien<\/strong>, vilket \u00e4r helt unikt. Det \u00e4r ett enormt inomhuslekland med sandl\u00e5da, d\u00e4r barnen styr realistiska och stora RC-modeller av gr\u00e4vmaskiner, lastare och tippbilar.<\/p>\n\n\n\n<p class=\"wp-block-paragraph\">Vid det h\u00e4r tipset m\u00e5ste jag eftertryckligen p\u00e5peka att <strong>attraktionen \u00e4r l\u00e4mplig f\u00f6rst f\u00f6r barn fr\u00e5n sex \u00e5r<\/strong>, eftersom man\u00f6vreringen av maskinerna kr\u00e4ver god finmotorik och koordination av b\u00e5da h\u00e4nderna, s\u00e5 f\u00f6r pysslingar \u00e4r det helt ol\u00e4mpligt. Men om du har ett \u00e4ldre syskon som \u00e4lskar bygge blir det \u00e5rets upplevelse f\u00f6r hen.<\/p>\n\n\n\n<p class=\"wp-block-paragraph\">K\u00f6rningarna sker i halvtimmesluckor och <strong>f\u00f6r en maskin i trettio minuter betalar du cirka 130 kr (279 K\u010d)<\/strong>, och i priset ing\u00e5r \u00e4ven en dryck. P\u00e5 grund av det stora intresset m\u00e5ste du boka online minst en dag i f\u00f6rv\u00e4g, de har \u00f6ppet fr\u00e5n tio till sex p\u00e5 kv\u00e4llen.<\/p>\n\n\n\n<h3 class=\"wp-block-heading\"><span class=\"ez-toc-section\" id=\"38_Zvikov_och_bat_till_Orlik\"><\/span>38. Zv\u00edkov och b\u00e5t till Orl\u00edk<span class=\"ez-toc-section-end\"><\/span><\/h3>\n\n\n\n<figure data-wp-context=\"{&quot;imageId&quot;:&quot;6a97aa5e212f8&quot;}\" data-wp-interactive=\"core\/image\" data-wp-key=\"6a97aa5e212f8\" class=\"wp-block-image size-full wp-lightbox-container\"><img decoding=\"async\" width=\"1600\" height=\"856\" data-wp-class--hide=\"state.isContentHidden\" data-wp-class--show=\"state.isContentVisible\" data-wp-init=\"callbacks.setButtonStyles\" data-wp-on--click=\"actions.showLightbox\" data-wp-on--load=\"callbacks.setButtonStyles\" data-wp-on--pointerdown=\"actions.preloadImage\" data-wp-on--pointerenter=\"actions.preloadImageWithDelay\" data-wp-on--pointerleave=\"actions.cancelPreload\" data-wp-on-window--resize=\"callbacks.setButtonStyles\" src=\"https:\/\/loudavymkrokem.cz\/wp-content\/uploads\/2026\/08\/hrad-zvikov-soutok-otavy-a-vltavy.jpg\" alt=\"Borgen Zv\u00edkov vid sammanfl\u00f6det av Otava och Vltava\" class=\"wp-image-399401\" title=\"\" srcset=\"https:\/\/loudavymkrokem.cz\/wp-content\/uploads\/2026\/08\/hrad-zvikov-soutok-otavy-a-vltavy.jpg 1600w, https:\/\/loudavymkrokem.cz\/wp-content\/uploads\/2026\/08\/hrad-zvikov-soutok-otavy-a-vltavy-300x161.jpg 300w, https:\/\/loudavymkrokem.cz\/wp-content\/uploads\/2026\/08\/hrad-zvikov-soutok-otavy-a-vltavy-700x375.jpg 700w, https:\/\/loudavymkrokem.cz\/wp-content\/uploads\/2026\/08\/hrad-zvikov-soutok-otavy-a-vltavy-768x411.jpg 768w, https:\/\/loudavymkrokem.cz\/wp-content\/uploads\/2026\/08\/hrad-zvikov-soutok-otavy-a-vltavy-1536x822.jpg 1536w, https:\/\/loudavymkrokem.cz\/wp-content\/uploads\/2026\/08\/hrad-zvikov-soutok-otavy-a-vltavy-696x372.jpg 696w, https:\/\/loudavymkrokem.cz\/wp-content\/uploads\/2026\/08\/hrad-zvikov-soutok-otavy-a-vltavy-1392x745.jpg 1392w\" sizes=\"(max-width: 1600px) 100vw, 1600px\" \/><button\n\t\t\tclass=\"lightbox-trigger\"\n\t\t\ttype=\"button\"\n\t\t\taria-haspopup=\"dialog\"\n\t\t\tdata-wp-bind--aria-label=\"state.thisImage.triggerButtonAriaLabel\"\n\t\t\tdata-wp-init=\"callbacks.initTriggerButton\"\n\t\t\tdata-wp-on--click=\"actions.showLightbox\"\n\t\t\tdata-wp-style--right=\"state.thisImage.buttonRight\"\n\t\t\tdata-wp-style--top=\"state.thisImage.buttonTop\"\n\t\t>\n\t\t\t<svg xmlns=\"http:\/\/www.w3.org\/2000\/svg\" width=\"12\" height=\"12\" fill=\"none\" viewBox=\"0 0 12 12\">\n\t\t\t\t<path fill=\"#fff\" d=\"M2 0a2 2 0 0 0-2 2v2h1.5V2a.5.5 0 0 1 .5-.5h2V0H2Zm2 10.5H2a.5.5 0 0 1-.5-.5V8H0v2a2 2 0 0 0 2 2h2v-1.5ZM8 12v-1.5h2a.5.5 0 0 0 .5-.5V8H12v2a2 2 0 0 1-2 2H8Zm2-12a2 2 0 0 1 2 2v2h-1.5V2a.5.5 0 0 0-.5-.5H8V0h2Z\" \/>\n\t\t\t<\/svg>\n\t\t<\/button><\/figure>\n\n\n\n<p class=\"wp-block-paragraph\">Kombinationen av en borg och en b\u00e5ttur l\u00e5ter som en perfekt sommarutflykt, och exakt det erbjuder borgen Zv\u00edkov, som ligger cirka 25 minuter fr\u00e5n P\u00edsek. Denna <strong>majest\u00e4tiska borg vid sammanfl\u00f6det av Vltava och Otava<\/strong> har ett vackert yttre och rundturen i det kungliga palatset sker utan guide, s\u00e5 du kan g\u00e5 igenom den i din egen takt, vilket du uppskattar maximalt med rastl\u00f6sa barn.<\/p>\n\n\n\n<p class=\"wp-block-paragraph\">Precis under borgen finns en brygga, varifr\u00e5n <strong>b\u00e5tar under sommars\u00e4songen avg\u00e5r i riktning mot slottet Orl\u00edk<\/strong>. Sj\u00e4lva turen tar knappt en timme, vilket \u00e4r precis lagom f\u00f6r att barnen ska tycka om det utan att b\u00f6rja tr\u00f6ttna, och f\u00f6r en vuxen betalar du cirka 140 kr (300 K\u010d), medan barn upp till tre \u00e5r \u00e5ker gratis.<\/p>\n\n\n\n<p class=\"wp-block-paragraph\">Om du best\u00e4mmer dig f\u00f6r att bes\u00f6ka \u00e4ven sj\u00e4lva slottet Orl\u00edk, r\u00e4kna med att <strong>slottsrundturen tar n\u00e4stan en timme<\/strong>, vilket redan f\u00f6r en tv\u00e5\u00e5ring kan vara f\u00f6r l\u00e4nge, s\u00e5 med mindre barn rekommenderar jag att hellre n\u00f6ja sig med b\u00e5tturen och en picknick nedanf\u00f6r borgen.<\/p>\n\n\n\n<h3 class=\"wp-block-heading\"><span class=\"ez-toc-section\" id=\"39_Slottet_Blatna_och_dovhjortarna\"><\/span>39. Slottet Blatn\u00e1 och dovhjortarna<span class=\"ez-toc-section-end\"><\/span><\/h3>\n\n\n\n<figure data-wp-context=\"{&quot;imageId&quot;:&quot;6a97aa5e21806&quot;}\" data-wp-interactive=\"core\/image\" data-wp-key=\"6a97aa5e21806\" class=\"wp-block-image size-full wp-lightbox-container\"><img decoding=\"async\" width=\"1920\" height=\"1280\" data-wp-class--hide=\"state.isContentHidden\" data-wp-class--show=\"state.isContentVisible\" data-wp-init=\"callbacks.setButtonStyles\" data-wp-on--click=\"actions.showLightbox\" data-wp-on--load=\"callbacks.setButtonStyles\" data-wp-on--pointerdown=\"actions.preloadImage\" data-wp-on--pointerenter=\"actions.preloadImageWithDelay\" data-wp-on--pointerleave=\"actions.cancelPreload\" data-wp-on-window--resize=\"callbacks.setButtonStyles\" src=\"https:\/\/loudavymkrokem.cz\/wp-content\/uploads\/2026\/08\/zamek-blatna-vodni-zamek-park.jpg\" alt=\"Vattenslottet Blatn\u00e1 med en park full av dovhjortar\" class=\"wp-image-399409\" title=\"\" srcset=\"https:\/\/loudavymkrokem.cz\/wp-content\/uploads\/2026\/08\/zamek-blatna-vodni-zamek-park.jpg 1920w, https:\/\/loudavymkrokem.cz\/wp-content\/uploads\/2026\/08\/zamek-blatna-vodni-zamek-park-300x200.jpg 300w, https:\/\/loudavymkrokem.cz\/wp-content\/uploads\/2026\/08\/zamek-blatna-vodni-zamek-park-700x467.jpg 700w, https:\/\/loudavymkrokem.cz\/wp-content\/uploads\/2026\/08\/zamek-blatna-vodni-zamek-park-768x512.jpg 768w, https:\/\/loudavymkrokem.cz\/wp-content\/uploads\/2026\/08\/zamek-blatna-vodni-zamek-park-1536x1024.jpg 1536w, https:\/\/loudavymkrokem.cz\/wp-content\/uploads\/2026\/08\/zamek-blatna-vodni-zamek-park-696x464.jpg 696w, https:\/\/loudavymkrokem.cz\/wp-content\/uploads\/2026\/08\/zamek-blatna-vodni-zamek-park-1392x928.jpg 1392w\" sizes=\"(max-width: 1920px) 100vw, 1920px\" \/><button\n\t\t\tclass=\"lightbox-trigger\"\n\t\t\ttype=\"button\"\n\t\t\taria-haspopup=\"dialog\"\n\t\t\tdata-wp-bind--aria-label=\"state.thisImage.triggerButtonAriaLabel\"\n\t\t\tdata-wp-init=\"callbacks.initTriggerButton\"\n\t\t\tdata-wp-on--click=\"actions.showLightbox\"\n\t\t\tdata-wp-style--right=\"state.thisImage.buttonRight\"\n\t\t\tdata-wp-style--top=\"state.thisImage.buttonTop\"\n\t\t>\n\t\t\t<svg xmlns=\"http:\/\/www.w3.org\/2000\/svg\" width=\"12\" height=\"12\" fill=\"none\" viewBox=\"0 0 12 12\">\n\t\t\t\t<path fill=\"#fff\" d=\"M2 0a2 2 0 0 0-2 2v2h1.5V2a.5.5 0 0 1 .5-.5h2V0H2Zm2 10.5H2a.5.5 0 0 1-.5-.5V8H0v2a2 2 0 0 0 2 2h2v-1.5ZM8 12v-1.5h2a.5.5 0 0 0 .5-.5V8H12v2a2 2 0 0 1-2 2H8Zm2-12a2 2 0 0 1 2 2v2h-1.5V2a.5.5 0 0 0-.5-.5H8V0h2Z\" \/>\n\t\t\t<\/svg>\n\t\t<\/button><\/figure>\n\n\n\n<p class=\"wp-block-paragraph\">Vattenslottet Blatn\u00e1 ligger cirka en halvtimmes bilf\u00e4rd bort och det \u00e4r <strong>ett av de lokala familjernas favoritst\u00e4llen<\/strong>, tack vare den fantastiska slottsparken. I den str\u00f6var n\u00e4mligen en flock dovhjortar fritt omkring, som \u00e4r vana vid bes\u00f6kare och l\u00e5ter sig betraktas p\u00e5 ett par meters avst\u00e5nd.<\/p>\n\n\n\n<p class=\"wp-block-paragraph\">Intr\u00e4det till parken kostar <strong>bara cirka 25 kr (50 K\u010d) och barn upp till sex \u00e5r g\u00e5r in helt gratis<\/strong>, \u00f6ppet \u00e4r det varje dag fr\u00e5n tidig morgon till kv\u00e4llen. Var bara mycket f\u00f6rsiktig under h\u00f6stens brunst, d\u00e5 det r\u00e5der strikt f\u00f6rbud mot att mata och n\u00e4rma sig djuren.<\/p>\n\n\n\n<p class=\"wp-block-paragraph\">Slottet anordnar p\u00e5 sommaren \u00e4ven <strong>s\u00e4rskilda barnrundturer f\u00f6r barn fr\u00e5n tre \u00e5r<\/strong>, som tar ungef\u00e4r 40 minuter och m\u00e5ste bokas i f\u00f6rv\u00e4g. Efter promenaden b\u00f6r du absolut g\u00e5 in p\u00e5 slottskaf\u00e9et Oh My Deer, d\u00e4r du ibland i h\u00e4gnet \u00e4ven ser gulliga alpackor.<\/p>\n\n\n\n<h3 class=\"wp-block-heading\"><span class=\"ez-toc-section\" id=\"40_ZOO_Hluboka\"><\/span>40. ZOO Hlubok\u00e1<span class=\"ez-toc-section-end\"><\/span><\/h3>\n\n\n\n<figure data-wp-context=\"{&quot;imageId&quot;:&quot;6a97aa5e21e14&quot;}\" data-wp-interactive=\"core\/image\" data-wp-key=\"6a97aa5e21e14\" class=\"wp-block-image size-full wp-lightbox-container\"><img decoding=\"async\" width=\"1600\" height=\"1244\" data-wp-class--hide=\"state.isContentHidden\" data-wp-class--show=\"state.isContentVisible\" data-wp-init=\"callbacks.setButtonStyles\" data-wp-on--click=\"actions.showLightbox\" data-wp-on--load=\"callbacks.setButtonStyles\" data-wp-on--pointerdown=\"actions.preloadImage\" data-wp-on--pointerenter=\"actions.preloadImageWithDelay\" data-wp-on--pointerleave=\"actions.cancelPreload\" data-wp-on-window--resize=\"callbacks.setButtonStyles\" src=\"https:\/\/loudavymkrokem.cz\/wp-content\/uploads\/2026\/08\/zamek-hluboka-nad-vltavou-zapad-slunce.jpg\" alt=\"Slottet Hlubok\u00e1 nad Vltavou vid solnedg\u00e5ng\" class=\"wp-image-399405\" title=\"\" srcset=\"https:\/\/loudavymkrokem.cz\/wp-content\/uploads\/2026\/08\/zamek-hluboka-nad-vltavou-zapad-slunce.jpg 1600w, https:\/\/loudavymkrokem.cz\/wp-content\/uploads\/2026\/08\/zamek-hluboka-nad-vltavou-zapad-slunce-300x233.jpg 300w, https:\/\/loudavymkrokem.cz\/wp-content\/uploads\/2026\/08\/zamek-hluboka-nad-vltavou-zapad-slunce-700x544.jpg 700w, https:\/\/loudavymkrokem.cz\/wp-content\/uploads\/2026\/08\/zamek-hluboka-nad-vltavou-zapad-slunce-768x597.jpg 768w, https:\/\/loudavymkrokem.cz\/wp-content\/uploads\/2026\/08\/zamek-hluboka-nad-vltavou-zapad-slunce-1536x1194.jpg 1536w, https:\/\/loudavymkrokem.cz\/wp-content\/uploads\/2026\/08\/zamek-hluboka-nad-vltavou-zapad-slunce-696x541.jpg 696w, https:\/\/loudavymkrokem.cz\/wp-content\/uploads\/2026\/08\/zamek-hluboka-nad-vltavou-zapad-slunce-1392x1082.jpg 1392w\" sizes=\"(max-width: 1600px) 100vw, 1600px\" \/><button\n\t\t\tclass=\"lightbox-trigger\"\n\t\t\ttype=\"button\"\n\t\t\taria-haspopup=\"dialog\"\n\t\t\tdata-wp-bind--aria-label=\"state.thisImage.triggerButtonAriaLabel\"\n\t\t\tdata-wp-init=\"callbacks.initTriggerButton\"\n\t\t\tdata-wp-on--click=\"actions.showLightbox\"\n\t\t\tdata-wp-style--right=\"state.thisImage.buttonRight\"\n\t\t\tdata-wp-style--top=\"state.thisImage.buttonTop\"\n\t\t>\n\t\t\t<svg xmlns=\"http:\/\/www.w3.org\/2000\/svg\" width=\"12\" height=\"12\" fill=\"none\" viewBox=\"0 0 12 12\">\n\t\t\t\t<path fill=\"#fff\" d=\"M2 0a2 2 0 0 0-2 2v2h1.5V2a.5.5 0 0 1 .5-.5h2V0H2Zm2 10.5H2a.5.5 0 0 1-.5-.5V8H0v2a2 2 0 0 0 2 2h2v-1.5ZM8 12v-1.5h2a.5.5 0 0 0 .5-.5V8H12v2a2 2 0 0 1-2 2H8Zm2-12a2 2 0 0 1 2 2v2h-1.5V2a.5.5 0 0 0-.5-.5H8V0h2Z\" \/>\n\t\t\t<\/svg>\n\t\t<\/button><\/figure>\n\n\n\n<p class=\"wp-block-paragraph\">Sydb\u00f6hmiska djurparken i Hlubok\u00e1 \u00e4r <strong>vacker, kompakt och ligger ungef\u00e4r 40 minuter fr\u00e5n P\u00edsek<\/strong>, s\u00e5 den \u00e4r ett perfekt m\u00e5l f\u00f6r en halvdagsutflykt. H\u00e4r h\u00e5ller man fr\u00e4mst djur fr\u00e5n Europas och Asiens tempererade zon, och tack vare den platta terr\u00e4ngen \u00e4r hela djurparken utm\u00e4rkt att g\u00e5 runt med barnvagn.<\/p>\n\n\n\n<p class=\"wp-block-paragraph\">Grundintr\u00e4det f\u00f6r en vuxen \u00e4r cirka 80 kr (180 K\u010d) och <strong>barn upp till 90 centimeter g\u00e5r in helt gratis<\/strong>. Djurparken har \u00f6ppet \u00e5ret runt, under sommars\u00e4songen fr\u00e5n halv nio p\u00e5 morgonen till sju p\u00e5 kv\u00e4llen, och vid entr\u00e9n betalar man parkeringsavgift p\u00e5 cirka 35 kr (80 K\u010d) per dag.<\/p>\n\n\n\n<p class=\"wp-block-paragraph\">Precis intill djurparken finns <strong>den popul\u00e4ra Park Hlubok\u00e1<\/strong>, d\u00e4r \u00e4ldre barn fr\u00e5n sex \u00e5r kan prova en adrenalinfylld h\u00f6gh\u00f6jdsbana, eller s\u00e5 spelar hela familjen minigolf och studsar p\u00e5 bungeestudsmattor.<\/p>\n\n\n\n<h3 class=\"wp-block-heading\"><span class=\"ez-toc-section\" id=\"41_Tabor_och_stadens_museer\"><\/span>41. T\u00e1bor och stadens museer<span class=\"ez-toc-section-end\"><\/span><\/h3>\n\n\n\n<figure data-wp-context=\"{&quot;imageId&quot;:&quot;6a97aa5e223f5&quot;}\" data-wp-interactive=\"core\/image\" data-wp-key=\"6a97aa5e223f5\" class=\"wp-block-image size-full wp-lightbox-container\"><img decoding=\"async\" width=\"1200\" height=\"800\" data-wp-class--hide=\"state.isContentHidden\" data-wp-class--show=\"state.isContentVisible\" data-wp-init=\"callbacks.setButtonStyles\" data-wp-on--click=\"actions.showLightbox\" data-wp-on--load=\"callbacks.setButtonStyles\" data-wp-on--pointerdown=\"actions.preloadImage\" data-wp-on--pointerenter=\"actions.preloadImageWithDelay\" data-wp-on--pointerleave=\"actions.cancelPreload\" data-wp-on-window--resize=\"callbacks.setButtonStyles\" src=\"https:\/\/loudavymkrokem.cz\/wp-content\/uploads\/2026\/03\/tabor-co-videt-3.jpg\" alt=\"T\u00e1bor\" class=\"wp-image-132729\" title=\"\" srcset=\"https:\/\/loudavymkrokem.cz\/wp-content\/uploads\/2026\/03\/tabor-co-videt-3.jpg 1200w, https:\/\/loudavymkrokem.cz\/wp-content\/uploads\/2026\/03\/tabor-co-videt-3-300x200.jpg 300w, https:\/\/loudavymkrokem.cz\/wp-content\/uploads\/2026\/03\/tabor-co-videt-3-700x467.jpg 700w, https:\/\/loudavymkrokem.cz\/wp-content\/uploads\/2026\/03\/tabor-co-videt-3-768x512.jpg 768w, https:\/\/loudavymkrokem.cz\/wp-content\/uploads\/2026\/03\/tabor-co-videt-3-696x464.jpg 696w\" sizes=\"(max-width: 1200px) 100vw, 1200px\" \/><button\n\t\t\tclass=\"lightbox-trigger\"\n\t\t\ttype=\"button\"\n\t\t\taria-haspopup=\"dialog\"\n\t\t\tdata-wp-bind--aria-label=\"state.thisImage.triggerButtonAriaLabel\"\n\t\t\tdata-wp-init=\"callbacks.initTriggerButton\"\n\t\t\tdata-wp-on--click=\"actions.showLightbox\"\n\t\t\tdata-wp-style--right=\"state.thisImage.buttonRight\"\n\t\t\tdata-wp-style--top=\"state.thisImage.buttonTop\"\n\t\t>\n\t\t\t<svg xmlns=\"http:\/\/www.w3.org\/2000\/svg\" width=\"12\" height=\"12\" fill=\"none\" viewBox=\"0 0 12 12\">\n\t\t\t\t<path fill=\"#fff\" d=\"M2 0a2 2 0 0 0-2 2v2h1.5V2a.5.5 0 0 1 .5-.5h2V0H2Zm2 10.5H2a.5.5 0 0 1-.5-.5V8H0v2a2 2 0 0 0 2 2h2v-1.5ZM8 12v-1.5h2a.5.5 0 0 0 .5-.5V8H12v2a2 2 0 0 1-2 2H8Zm2-12a2 2 0 0 1 2 2v2h-1.5V2a.5.5 0 0 0-.5-.5H8V0h2Z\" \/>\n\t\t\t<\/svg>\n\t\t<\/button><\/figure>\n\n\n\n<p class=\"wp-block-paragraph\">Den historiska staden T\u00e1bor, som ligger knappt en timmes bilf\u00e4rd bort, \u00e4r <strong>en utm\u00e4rkt r\u00e4ddning n\u00e4r det regnar p\u00e5 semestern<\/strong>, f\u00f6r h\u00e4r hittar du hela tv\u00e5 fantastiska museer. Det f\u00f6rsta \u00e4r det v\u00e4lk\u00e4nda Choklad- och marsipanmuseet, d\u00e4r du ser otroliga skulpturer av dessa s\u00f6ta material (intr\u00e4de cirka 130 kr \/ 290 K\u010d, barn cirka 90 kr \/ 200 K\u010d, upp till 100 cm gratis, familj cirka 380 kr \/ 830 K\u010d).<\/p>\n\n\n\n<p class=\"wp-block-paragraph\">Precis i n\u00e4rheten ligger <strong>Legomuseet, som erbjuder ett enormt lekland med klossar<\/strong>, d\u00e4r barnen kan bygga i timmar, medan pysslingar upp till tre \u00e5r g\u00e5r in gratis. Utst\u00e4llningen \u00e4r full av j\u00e4ttemodeller och interaktiva knappar.<\/p>\n\n\n\n<p class=\"wp-block-paragraph\">Om solen tv\u00e4rtom skiner <strong>kan du styra mot den lokala ZOO T\u00e1bor i V\u011btrovy<\/strong>, som \u00e4r mindre men mycket trevlig. Intr\u00e4det g\u00e5r f\u00f6r en vuxen p\u00e5 bara cirka 50 kr (110 K\u010d) och barn upp till tre \u00e5r betalar \u00e5terigen inget.<\/p>\n\n\n\n<h3 class=\"wp-block-heading\"><span class=\"ez-toc-section\" id=\"42_Museet_over_Milevsks_maskeradfigurer\"><\/span>42. Museet \u00f6ver Milevsks maskeradfigurer<span class=\"ez-toc-section-end\"><\/span><\/h3>\n\n\n\n<figure data-wp-context=\"{&quot;imageId&quot;:&quot;6a97aa5e2294b&quot;}\" data-wp-interactive=\"core\/image\" data-wp-key=\"6a97aa5e2294b\" class=\"wp-block-image size-full wp-lightbox-container\"><img decoding=\"async\" width=\"1200\" height=\"800\" data-wp-class--hide=\"state.isContentHidden\" data-wp-class--show=\"state.isContentVisible\" data-wp-init=\"callbacks.setButtonStyles\" data-wp-on--click=\"actions.showLightbox\" data-wp-on--load=\"callbacks.setButtonStyles\" data-wp-on--pointerdown=\"actions.preloadImage\" data-wp-on--pointerenter=\"actions.preloadImageWithDelay\" data-wp-on--pointerleave=\"actions.cancelPreload\" data-wp-on-window--resize=\"callbacks.setButtonStyles\" src=\"https:\/\/loudavymkrokem.cz\/wp-content\/uploads\/2026\/08\/muzeum-milevskych-maskar-expozice.jpg\" alt=\"Fastlagsmasker i Museet \u00f6ver Milevsks maskeradfigurer\" class=\"wp-image-399585\" title=\"\" srcset=\"https:\/\/loudavymkrokem.cz\/wp-content\/uploads\/2026\/08\/muzeum-milevskych-maskar-expozice.jpg 1200w, https:\/\/loudavymkrokem.cz\/wp-content\/uploads\/2026\/08\/muzeum-milevskych-maskar-expozice-300x200.jpg 300w, https:\/\/loudavymkrokem.cz\/wp-content\/uploads\/2026\/08\/muzeum-milevskych-maskar-expozice-700x467.jpg 700w, https:\/\/loudavymkrokem.cz\/wp-content\/uploads\/2026\/08\/muzeum-milevskych-maskar-expozice-768x512.jpg 768w, https:\/\/loudavymkrokem.cz\/wp-content\/uploads\/2026\/08\/muzeum-milevskych-maskar-expozice-696x464.jpg 696w\" sizes=\"(max-width: 1200px) 100vw, 1200px\" \/><button\n\t\t\tclass=\"lightbox-trigger\"\n\t\t\ttype=\"button\"\n\t\t\taria-haspopup=\"dialog\"\n\t\t\tdata-wp-bind--aria-label=\"state.thisImage.triggerButtonAriaLabel\"\n\t\t\tdata-wp-init=\"callbacks.initTriggerButton\"\n\t\t\tdata-wp-on--click=\"actions.showLightbox\"\n\t\t\tdata-wp-style--right=\"state.thisImage.buttonRight\"\n\t\t\tdata-wp-style--top=\"state.thisImage.buttonTop\"\n\t\t>\n\t\t\t<svg xmlns=\"http:\/\/www.w3.org\/2000\/svg\" width=\"12\" height=\"12\" fill=\"none\" viewBox=\"0 0 12 12\">\n\t\t\t\t<path fill=\"#fff\" d=\"M2 0a2 2 0 0 0-2 2v2h1.5V2a.5.5 0 0 1 .5-.5h2V0H2Zm2 10.5H2a.5.5 0 0 1-.5-.5V8H0v2a2 2 0 0 0 2 2h2v-1.5ZM8 12v-1.5h2a.5.5 0 0 0 .5-.5V8H12v2a2 2 0 0 1-2 2H8Zm2-12a2 2 0 0 1 2 2v2h-1.5V2a.5.5 0 0 0-.5-.5H8V0h2Z\" \/>\n\t\t\t<\/svg>\n\t\t<\/button><\/figure>\n\n\n\n<p class=\"wp-block-paragraph\">Staden Milevsko \u00e4r k\u00e4nd f\u00f6r att ha landets \u00e4ldsta fastlagsprocession, och d\u00e4rf\u00f6r uppstod h\u00e4r cirka 25 minuter fr\u00e5n P\u00edsek ett <strong>unikt museum \u00f6ver Milevsks maskeradfigurer<\/strong>. Det \u00e4r ett mindre men mycket visuellt museum fullt av j\u00e4ttelika f\u00e4rgglada masker, som garanterat f\u00e5ngar barnens intresse.<\/p>\n\n\n\n<p class=\"wp-block-paragraph\">Rundturen tar inte on\u00f6digt l\u00e5ng tid, s\u00e5 den <strong>klaras enkelt \u00e4ven av ot\u00e5liga pysslingar<\/strong>, och familjeintr\u00e4det g\u00e5r p\u00e5 bara cirka 65 kr (140 K\u010d). P\u00e5 sommarm\u00e5naderna har de \u00f6ppet fr\u00e5n m\u00e5ndag till l\u00f6rdag, p\u00e5 s\u00f6ndagar f\u00f6rst p\u00e5 eftermiddagen.<\/p>\n\n\n\n<p class=\"wp-block-paragraph\">Efter museibes\u00f6ket kan du <strong>promenera runt det vackra omr\u00e5det vid det n\u00e4rbel\u00e4gna klostret i Milevsko<\/strong>, som \u00e4r omgivet av natur och d\u00e4r barnen fritt kan springa omkring p\u00e5 gr\u00e4sytorna l\u00e5ngt fr\u00e5n v\u00e4gen.<\/p>\n\n\n\n<h3 class=\"wp-block-heading\"><span class=\"ez-toc-section\" id=\"43_Aquapark_Horazdovice\"><\/span>43. Aquapark Hora\u017e\u010fovice<span class=\"ez-toc-section-end\"><\/span><\/h3>\n\n\n\n<figure data-wp-context=\"{&quot;imageId&quot;:&quot;6a97aa5e22dfc&quot;}\" data-wp-interactive=\"core\/image\" data-wp-key=\"6a97aa5e22dfc\" class=\"wp-block-image size-full wp-lightbox-container\"><img decoding=\"async\" width=\"1919\" height=\"1281\" data-wp-class--hide=\"state.isContentHidden\" data-wp-class--show=\"state.isContentVisible\" data-wp-init=\"callbacks.setButtonStyles\" data-wp-on--click=\"actions.showLightbox\" data-wp-on--load=\"callbacks.setButtonStyles\" data-wp-on--pointerdown=\"actions.preloadImage\" data-wp-on--pointerenter=\"actions.preloadImageWithDelay\" data-wp-on--pointerleave=\"actions.cancelPreload\" data-wp-on-window--resize=\"callbacks.setButtonStyles\" src=\"https:\/\/loudavymkrokem.cz\/wp-content\/uploads\/2026\/08\/aquapark-horazdovice-bazen-tobogan.jpg\" alt=\"Bass\u00e4nghallen i Aquapark Hora\u017e\u010fovice med rutschbana\" class=\"wp-image-399591\" title=\"\" srcset=\"https:\/\/loudavymkrokem.cz\/wp-content\/uploads\/2026\/08\/aquapark-horazdovice-bazen-tobogan.jpg 1919w, https:\/\/loudavymkrokem.cz\/wp-content\/uploads\/2026\/08\/aquapark-horazdovice-bazen-tobogan-300x200.jpg 300w, https:\/\/loudavymkrokem.cz\/wp-content\/uploads\/2026\/08\/aquapark-horazdovice-bazen-tobogan-700x467.jpg 700w, https:\/\/loudavymkrokem.cz\/wp-content\/uploads\/2026\/08\/aquapark-horazdovice-bazen-tobogan-768x513.jpg 768w, https:\/\/loudavymkrokem.cz\/wp-content\/uploads\/2026\/08\/aquapark-horazdovice-bazen-tobogan-1536x1025.jpg 1536w, https:\/\/loudavymkrokem.cz\/wp-content\/uploads\/2026\/08\/aquapark-horazdovice-bazen-tobogan-696x465.jpg 696w, https:\/\/loudavymkrokem.cz\/wp-content\/uploads\/2026\/08\/aquapark-horazdovice-bazen-tobogan-1392x929.jpg 1392w\" sizes=\"(max-width: 1919px) 100vw, 1919px\" \/><button\n\t\t\tclass=\"lightbox-trigger\"\n\t\t\ttype=\"button\"\n\t\t\taria-haspopup=\"dialog\"\n\t\t\tdata-wp-bind--aria-label=\"state.thisImage.triggerButtonAriaLabel\"\n\t\t\tdata-wp-init=\"callbacks.initTriggerButton\"\n\t\t\tdata-wp-on--click=\"actions.showLightbox\"\n\t\t\tdata-wp-style--right=\"state.thisImage.buttonRight\"\n\t\t\tdata-wp-style--top=\"state.thisImage.buttonTop\"\n\t\t>\n\t\t\t<svg xmlns=\"http:\/\/www.w3.org\/2000\/svg\" width=\"12\" height=\"12\" fill=\"none\" viewBox=\"0 0 12 12\">\n\t\t\t\t<path fill=\"#fff\" d=\"M2 0a2 2 0 0 0-2 2v2h1.5V2a.5.5 0 0 1 .5-.5h2V0H2Zm2 10.5H2a.5.5 0 0 1-.5-.5V8H0v2a2 2 0 0 0 2 2h2v-1.5ZM8 12v-1.5h2a.5.5 0 0 0 .5-.5V8H12v2a2 2 0 0 1-2 2H8Zm2-12a2 2 0 0 1 2 2v2h-1.5V2a.5.5 0 0 0-.5-.5H8V0h2Z\" \/>\n\t\t\t<\/svg>\n\t\t<\/button><\/figure>\n\n\n\n<p class=\"wp-block-paragraph\">N\u00e4r du vill bada ordentligt och P\u00edseks badhus inte r\u00e4cker till, <strong>\u00e5k till \u00e4ventyrsbadet i Hora\u017e\u010fovice som ligger cirka 45 minuter bort<\/strong>. Till skillnad fr\u00e5n klassiska badhus har de h\u00e4r vattnet uppv\u00e4rmt till sk\u00f6na 28,4 \u00b0C, vilket du uppskattar framf\u00f6r allt med sm\u00e5 frusna barn.<\/p>\n\n\n\n<p class=\"wp-block-paragraph\">F\u00f6r familjer finns h\u00e4r en perfekt utrustad <strong>barnbass\u00e4ng med tv\u00e5 rutschkanor och en vattensvamp<\/strong> i form av en flugsvamp. Intr\u00e4det \u00e4r mycket v\u00e4nligt, en vuxen betalar cirka 75 kr (160 K\u010d) f\u00f6r tv\u00e5 timmar och familjeintr\u00e4det g\u00e5r p\u00e5 fina cirka 225 kr (490 K\u010d).<\/p>\n\n\n\n<p class=\"wp-block-paragraph\">Det enda du m\u00e5ste vara uppm\u00e4rksam p\u00e5 \u00e4r det <strong>regelbundna h\u00f6stunderh\u00e5llet<\/strong>, som 2026 infaller mellan den 31 augusti och 13 september, s\u00e5 under den perioden ska du absolut inte \u00e5ka hit utan hellre v\u00e4lja ett annat program.<\/p>\n\n\n\n<h3 class=\"wp-block-heading\"><span class=\"ez-toc-section\" id=\"44_Vodnany_och_fiskerimuseet\"><\/span>44. Vod\u0148any och fiskerimuseet<span class=\"ez-toc-section-end\"><\/span><\/h3>\n\n\n\n<p class=\"wp-block-paragraph\">Bara drygt tjugo kilometer fr\u00e5n P\u00edsek ligger <strong>dammstaden Vod\u0148any<\/strong>, som erbjuder ett mycket trevligt och lugnt alternativ till mer livliga turistm\u00e5l. Barnen h\u00e4nf\u00f6rs s\u00e4kert av den lokala skogsparken Z\u00e1ti\u0161\u00ed, genom vilken den roliga Storken Vod\u0148ans stig l\u00f6per, som dessutom \u00e4r fritt tillg\u00e4nglig och helt gratis.<\/p>\n\n\n\n<p class=\"wp-block-paragraph\">Efter en promenad i naturen kan du <strong>g\u00e5 vidare till Fiskerimuseet<\/strong>, d\u00e4r man kan se stora akvarier med levande s\u00f6tvattensfiskar, vilket alltid \u00e4r en stor upplevelse f\u00f6r pysslingar. Om du har energi kvar, ta dig en bit utanf\u00f6r staden till det fritt tillg\u00e4ngliga utsiktstornet Haniperk, varifr\u00e5n du har en vacker utsikt \u00f6ver landskapet.<\/p>\n\n\n\n<h2 class=\"wp-block-heading\"><span class=\"ez-toc-section\" id=\"Var_du_kan_ata_i_Pisek_med_barn\"><\/span>Var du kan \u00e4ta i P\u00edsek med barn<span class=\"ez-toc-section-end\"><\/span><\/h2>\n\n\n\n<figure data-wp-context=\"{&quot;imageId&quot;:&quot;6a97aa5e23356&quot;}\" data-wp-interactive=\"core\/image\" data-wp-key=\"6a97aa5e23356\" class=\"wp-block-image size-full wp-lightbox-container\"><img decoding=\"async\" width=\"2200\" height=\"1650\" data-wp-class--hide=\"state.isContentHidden\" data-wp-class--show=\"state.isContentVisible\" data-wp-init=\"callbacks.setButtonStyles\" data-wp-on--click=\"actions.showLightbox\" data-wp-on--load=\"callbacks.setButtonStyles\" data-wp-on--pointerdown=\"actions.preloadImage\" data-wp-on--pointerenter=\"actions.preloadImageWithDelay\" data-wp-on--pointerleave=\"actions.cancelPreload\" data-wp-on-window--resize=\"callbacks.setButtonStyles\" src=\"https:\/\/loudavymkrokem.cz\/wp-content\/uploads\/2026\/08\/pisek-travel-cafe-piskoviste-domecek.jpg\" alt=\"Sandl\u00e5da med lekstuga i tr\u00e4dg\u00e5rden hos Travel Cafe i P\u00edsek\" class=\"wp-image-399550\" title=\"\" srcset=\"https:\/\/loudavymkrokem.cz\/wp-content\/uploads\/2026\/08\/pisek-travel-cafe-piskoviste-domecek.jpg 2200w, https:\/\/loudavymkrokem.cz\/wp-content\/uploads\/2026\/08\/pisek-travel-cafe-piskoviste-domecek-300x225.jpg 300w, https:\/\/loudavymkrokem.cz\/wp-content\/uploads\/2026\/08\/pisek-travel-cafe-piskoviste-domecek-700x525.jpg 700w, https:\/\/loudavymkrokem.cz\/wp-content\/uploads\/2026\/08\/pisek-travel-cafe-piskoviste-domecek-768x576.jpg 768w, https:\/\/loudavymkrokem.cz\/wp-content\/uploads\/2026\/08\/pisek-travel-cafe-piskoviste-domecek-1536x1152.jpg 1536w, https:\/\/loudavymkrokem.cz\/wp-content\/uploads\/2026\/08\/pisek-travel-cafe-piskoviste-domecek-2048x1536.jpg 2048w, https:\/\/loudavymkrokem.cz\/wp-content\/uploads\/2026\/08\/pisek-travel-cafe-piskoviste-domecek-80x60.jpg 80w, https:\/\/loudavymkrokem.cz\/wp-content\/uploads\/2026\/08\/pisek-travel-cafe-piskoviste-domecek-160x120.jpg 160w, https:\/\/loudavymkrokem.cz\/wp-content\/uploads\/2026\/08\/pisek-travel-cafe-piskoviste-domecek-696x522.jpg 696w, https:\/\/loudavymkrokem.cz\/wp-content\/uploads\/2026\/08\/pisek-travel-cafe-piskoviste-domecek-1392x1044.jpg 1392w, https:\/\/loudavymkrokem.cz\/wp-content\/uploads\/2026\/08\/pisek-travel-cafe-piskoviste-domecek-1920x1440.jpg 1920w\" sizes=\"(max-width: 2200px) 100vw, 2200px\" \/><button\n\t\t\tclass=\"lightbox-trigger\"\n\t\t\ttype=\"button\"\n\t\t\taria-haspopup=\"dialog\"\n\t\t\tdata-wp-bind--aria-label=\"state.thisImage.triggerButtonAriaLabel\"\n\t\t\tdata-wp-init=\"callbacks.initTriggerButton\"\n\t\t\tdata-wp-on--click=\"actions.showLightbox\"\n\t\t\tdata-wp-style--right=\"state.thisImage.buttonRight\"\n\t\t\tdata-wp-style--top=\"state.thisImage.buttonTop\"\n\t\t>\n\t\t\t<svg xmlns=\"http:\/\/www.w3.org\/2000\/svg\" width=\"12\" height=\"12\" fill=\"none\" viewBox=\"0 0 12 12\">\n\t\t\t\t<path fill=\"#fff\" d=\"M2 0a2 2 0 0 0-2 2v2h1.5V2a.5.5 0 0 1 .5-.5h2V0H2Zm2 10.5H2a.5.5 0 0 1-.5-.5V8H0v2a2 2 0 0 0 2 2h2v-1.5ZM8 12v-1.5h2a.5.5 0 0 0 .5-.5V8H12v2a2 2 0 0 1-2 2H8Zm2-12a2 2 0 0 1 2 2v2h-1.5V2a.5.5 0 0 0-.5-.5H8V0h2Z\" \/>\n\t\t\t<\/svg>\n\t\t<\/button><\/figure>\n\n\n\n<figure data-wp-context=\"{&quot;imageId&quot;:&quot;6a97aa5e236de&quot;}\" data-wp-interactive=\"core\/image\" data-wp-key=\"6a97aa5e236de\" class=\"wp-block-image size-full wp-lightbox-container\"><img decoding=\"async\" width=\"2200\" height=\"1467\" data-wp-class--hide=\"state.isContentHidden\" data-wp-class--show=\"state.isContentVisible\" data-wp-init=\"callbacks.setButtonStyles\" data-wp-on--click=\"actions.showLightbox\" data-wp-on--load=\"callbacks.setButtonStyles\" data-wp-on--pointerdown=\"actions.preloadImage\" data-wp-on--pointerenter=\"actions.preloadImageWithDelay\" data-wp-on--pointerleave=\"actions.cancelPreload\" data-wp-on-window--resize=\"callbacks.setButtonStyles\" src=\"https:\/\/loudavymkrokem.cz\/wp-content\/uploads\/2026\/08\/pisek-namesticko-zahradky.jpg\" alt=\"Litet torg i centrala P\u00edsek med sommarserveringar\" class=\"wp-image-399382\" title=\"\" srcset=\"https:\/\/loudavymkrokem.cz\/wp-content\/uploads\/2026\/08\/pisek-namesticko-zahradky.jpg 2200w, https:\/\/loudavymkrokem.cz\/wp-content\/uploads\/2026\/08\/pisek-namesticko-zahradky-300x200.jpg 300w, https:\/\/loudavymkrokem.cz\/wp-content\/uploads\/2026\/08\/pisek-namesticko-zahradky-700x467.jpg 700w, https:\/\/loudavymkrokem.cz\/wp-content\/uploads\/2026\/08\/pisek-namesticko-zahradky-768x512.jpg 768w, https:\/\/loudavymkrokem.cz\/wp-content\/uploads\/2026\/08\/pisek-namesticko-zahradky-1536x1024.jpg 1536w, https:\/\/loudavymkrokem.cz\/wp-content\/uploads\/2026\/08\/pisek-namesticko-zahradky-2048x1366.jpg 2048w, https:\/\/loudavymkrokem.cz\/wp-content\/uploads\/2026\/08\/pisek-namesticko-zahradky-696x464.jpg 696w, https:\/\/loudavymkrokem.cz\/wp-content\/uploads\/2026\/08\/pisek-namesticko-zahradky-1392x928.jpg 1392w, https:\/\/loudavymkrokem.cz\/wp-content\/uploads\/2026\/08\/pisek-namesticko-zahradky-1920x1280.jpg 1920w\" sizes=\"(max-width: 2200px) 100vw, 2200px\" \/><button\n\t\t\tclass=\"lightbox-trigger\"\n\t\t\ttype=\"button\"\n\t\t\taria-haspopup=\"dialog\"\n\t\t\tdata-wp-bind--aria-label=\"state.thisImage.triggerButtonAriaLabel\"\n\t\t\tdata-wp-init=\"callbacks.initTriggerButton\"\n\t\t\tdata-wp-on--click=\"actions.showLightbox\"\n\t\t\tdata-wp-style--right=\"state.thisImage.buttonRight\"\n\t\t\tdata-wp-style--top=\"state.thisImage.buttonTop\"\n\t\t>\n\t\t\t<svg xmlns=\"http:\/\/www.w3.org\/2000\/svg\" width=\"12\" height=\"12\" fill=\"none\" viewBox=\"0 0 12 12\">\n\t\t\t\t<path fill=\"#fff\" d=\"M2 0a2 2 0 0 0-2 2v2h1.5V2a.5.5 0 0 1 .5-.5h2V0H2Zm2 10.5H2a.5.5 0 0 1-.5-.5V8H0v2a2 2 0 0 0 2 2h2v-1.5ZM8 12v-1.5h2a.5.5 0 0 0 .5-.5V8H12v2a2 2 0 0 1-2 2H8Zm2-12a2 2 0 0 1 2 2v2h-1.5V2a.5.5 0 0 0-.5-.5H8V0h2Z\" \/>\n\t\t\t<\/svg>\n\t\t<\/button><\/figure>\n\n\n\n<p class=\"wp-block-paragraph\">N\u00e4r det kommer till mat och kaffe s\u00e4ger jag inget ont om <strong>Travel Cafe p\u00e5 Komensk\u00e9ho<\/strong>, dit Jon\u00e1\u0161, Luk\u00e1\u0161 och jag g\u00e5r oftast och n\u00e4stan alltid sitter ute. De har n\u00e4mligen en fantastisk tr\u00e4dg\u00e5rd p\u00e5 innerg\u00e5rden med en toppen sandl\u00e5da och en liten lekstuga, s\u00e5 jag kan dricka mitt specialkaffe i lugn och ro medan lillen leker med sandformarna.<\/p>\n\n\n\n<p class=\"wp-block-paragraph\">Det handlar inte bara om kaffet: de har <strong>perfekta frukostar och l\u00e4tta luncher<\/strong>, s\u00e5 vi blir alla m\u00e4tta h\u00e4r inklusive lillen, som tar sina pl\u00e4ttar. F\u00f6r oss \u00e4r det klart det popul\u00e4raste st\u00e4llet i staden.<\/p>\n\n\n\n<p class=\"wp-block-paragraph\">Om du s\u00f6ker fler barnv\u00e4nliga kaf\u00e9er, prova absolut <strong>SOHO Cafe med inh\u00e4gnad lekh\u00f6rna och utm\u00e4rkta pannkakor<\/strong> eller kaf\u00e9et Sova na V\u011btvi, d\u00e4r de har eget rosteri och en lekh\u00f6rna. Ett toppenval \u00e4r ocks\u00e5 <strong>YEZ Caf\u00e9 direkt vid trafiklekplatsen<\/strong>, d\u00e4r de har en sandl\u00e5da f\u00f6r de minsta, eller konditoriet Upekla (de har \u00e4ven glutenfria desserter), som g\u00f6mmer \u00e4nnu en sandl\u00e5da p\u00e5 sin g\u00e5rd.<\/p>\n\n\n\n<p class=\"wp-block-paragraph\">Om du vill kombinera lunch med tid utomhus <strong>ligger Restaurace Ostrov direkt i parken vid floden<\/strong> och precis vid dess sommarservering hittar du en inh\u00e4gnad barnlekplats. F\u00f6r\u00e4ldrar kan d\u00e4rmed njuta av maten i halvskugga medan de \u00e4ldre barnen leker en bit bort eller tr\u00e4nar p\u00e5 den lokala minigolfen.<\/p>\n\n\n\n<p class=\"wp-block-paragraph\">F\u00f6r en rej\u00e4l lunch eller middag rekommenderar jag varmt <strong>den indiska restaurangen Tandoor<\/strong>, d\u00e4r skickliga nepalesiska kockar lagar den b\u00e4sta vegetariska Palak Paneer, som min man och jag alltid ser fram emot. Alternativt kan du g\u00e5 till restaurangen Do Nebe i Palack\u00fdparken. Det \u00e4r visserligen fr\u00e4mst ett steakhouse och <strong>menyn \u00e4ndras hela tiden d\u00e4r<\/strong>, s\u00e5 jag vet aldrig i f\u00f6rv\u00e4g om vi som vegetarianer blir m\u00e4tta. Men ibland har de n\u00e5got k\u00f6ttfritt, s\u00e5 vi g\u00e5r hit.<\/p>\n\n\n\n<p class=\"wp-block-paragraph\">N\u00e4r du f\u00e5r sug efter klassisk italiensk mat erbjuder <strong>Pizzeria San Marco p\u00e5 Stora torget<\/strong> utm\u00e4rkt pizza fr\u00e5n vedugn och l\u00e4ckra hemgjorda pastar\u00e4tter. Lika bra \u00e4r den italienska restaurangen Pomodoro precis intill kyrkan, d\u00e4r du p\u00e5 sommaren dessutom kan avnjuta deras uts\u00f6kta hemgjorda glass p\u00e5 terrassen.<\/p>\n\n\n\n<p class=\"wp-block-paragraph\">Vad g\u00e4ller mer specialkaffe, styr hellre mot <strong>st\u00e4llet Coffee Dealer p\u00e5 Drl\u00ed\u010dova<\/strong>, d\u00e4r de g\u00f6r ett utm\u00e4rkt bryggkaffe. Ofta rekommenderade Kaf\u00e9rna har visserligen bra kaffe, men personalen kan av ok\u00e4nda sk\u00e4l skrika \u00e5t dig tv\u00e4rs \u00f6ver gatan. Denna kaffebar \u00e4r bland lokalborna k\u00e4nd f\u00f6r sitt obehagliga bem\u00f6tande, och det \u00e4r synd att l\u00e5ta det f\u00f6rst\u00f6ra bes\u00f6ket, s\u00e5 l\u00e4gg hellre dina pengar ett par steg bort p\u00e5 Coffee Dealer.<\/p>\n\n\n\n<h2 class=\"wp-block-heading\"><span class=\"ez-toc-section\" id=\"Vad_du_kan_gora_i_Pisek_med_barn_nar_det_regnar\"><\/span>Vad du kan g\u00f6ra i P\u00edsek med barn n\u00e4r det regnar<span class=\"ez-toc-section-end\"><\/span><\/h2>\n\n\n\n<figure data-wp-context=\"{&quot;imageId&quot;:&quot;6a97aa5e23d47&quot;}\" data-wp-interactive=\"core\/image\" data-wp-key=\"6a97aa5e23d47\" class=\"wp-block-image size-full wp-lightbox-container\"><img decoding=\"async\" width=\"2200\" height=\"1467\" data-wp-class--hide=\"state.isContentHidden\" data-wp-class--show=\"state.isContentVisible\" data-wp-init=\"callbacks.setButtonStyles\" data-wp-on--click=\"actions.showLightbox\" data-wp-on--load=\"callbacks.setButtonStyles\" data-wp-on--pointerdown=\"actions.preloadImage\" data-wp-on--pointerenter=\"actions.preloadImageWithDelay\" data-wp-on--pointerleave=\"actions.cancelPreload\" data-wp-on-window--resize=\"callbacks.setButtonStyles\" src=\"https:\/\/loudavymkrokem.cz\/wp-content\/uploads\/2026\/08\/pisek-prachenske-muzeum-vstup.jpg\" alt=\"Passage in p\u00e5 Pr\u00e1che\u0148-museets innerg\u00e5rd i P\u00edsek\" class=\"wp-image-399345\" title=\"\" srcset=\"https:\/\/loudavymkrokem.cz\/wp-content\/uploads\/2026\/08\/pisek-prachenske-muzeum-vstup.jpg 2200w, https:\/\/loudavymkrokem.cz\/wp-content\/uploads\/2026\/08\/pisek-prachenske-muzeum-vstup-300x200.jpg 300w, https:\/\/loudavymkrokem.cz\/wp-content\/uploads\/2026\/08\/pisek-prachenske-muzeum-vstup-700x467.jpg 700w, https:\/\/loudavymkrokem.cz\/wp-content\/uploads\/2026\/08\/pisek-prachenske-muzeum-vstup-768x512.jpg 768w, https:\/\/loudavymkrokem.cz\/wp-content\/uploads\/2026\/08\/pisek-prachenske-muzeum-vstup-1536x1024.jpg 1536w, https:\/\/loudavymkrokem.cz\/wp-content\/uploads\/2026\/08\/pisek-prachenske-muzeum-vstup-2048x1366.jpg 2048w, https:\/\/loudavymkrokem.cz\/wp-content\/uploads\/2026\/08\/pisek-prachenske-muzeum-vstup-696x464.jpg 696w, https:\/\/loudavymkrokem.cz\/wp-content\/uploads\/2026\/08\/pisek-prachenske-muzeum-vstup-1392x928.jpg 1392w, https:\/\/loudavymkrokem.cz\/wp-content\/uploads\/2026\/08\/pisek-prachenske-muzeum-vstup-1920x1280.jpg 1920w\" sizes=\"(max-width: 2200px) 100vw, 2200px\" \/><button\n\t\t\tclass=\"lightbox-trigger\"\n\t\t\ttype=\"button\"\n\t\t\taria-haspopup=\"dialog\"\n\t\t\tdata-wp-bind--aria-label=\"state.thisImage.triggerButtonAriaLabel\"\n\t\t\tdata-wp-init=\"callbacks.initTriggerButton\"\n\t\t\tdata-wp-on--click=\"actions.showLightbox\"\n\t\t\tdata-wp-style--right=\"state.thisImage.buttonRight\"\n\t\t\tdata-wp-style--top=\"state.thisImage.buttonTop\"\n\t\t>\n\t\t\t<svg xmlns=\"http:\/\/www.w3.org\/2000\/svg\" width=\"12\" height=\"12\" fill=\"none\" viewBox=\"0 0 12 12\">\n\t\t\t\t<path fill=\"#fff\" d=\"M2 0a2 2 0 0 0-2 2v2h1.5V2a.5.5 0 0 1 .5-.5h2V0H2Zm2 10.5H2a.5.5 0 0 1-.5-.5V8H0v2a2 2 0 0 0 2 2h2v-1.5ZM8 12v-1.5h2a.5.5 0 0 0 .5-.5V8H12v2a2 2 0 0 1-2 2H8Zm2-12a2 2 0 0 1 2 2v2h-1.5V2a.5.5 0 0 0-.5-.5H8V0h2Z\" \/>\n\t\t\t<\/svg>\n\t\t<\/button><\/figure>\n\n\n\n<p class=\"wp-block-paragraph\">\u00c4ven om d\u00e5ligt v\u00e4der \u00f6verraskar dig p\u00e5 semestern g\u00f6r det inget alls i P\u00edsek. H\u00e4r \u00e4r en <strong>kort \u00f6versikt \u00f6ver de b\u00e4sta alternativen<\/strong> f\u00f6r var du kan s\u00f6ka skydd med barnen:<\/p>\n\n\n\n<ul class=\"wp-block-list\">\n<li><strong>Sladovna P\u00edsek:<\/strong> Kryp in ett par timmar i Pila\u0159i\u0161t\u011b eller Mraveni\u0161t\u011b, men k\u00f6p biljetterna online.<\/li>\n\n\n\n<li><strong>My\u0161ka herna:<\/strong> J\u00e4ttekl\u00e4tterst\u00e4llningar och studsmattor i Porty\u010d tr\u00f6ttar p\u00e5litligt ut barn upp till tio \u00e5r.<\/li>\n\n\n\n<li><strong>Badhuset:<\/strong> Varmt vatten i barnbass\u00e4ngen v\u00e4rmer dig och kortar av en regnig eftermiddag.<\/li>\n\n\n\n<li><strong>Hernajs:<\/strong> Ett litet lekland p\u00e5 en \u00f6verv\u00e5ning med tr\u00e4leksaker, perfekt f\u00f6r pysslingar upp till ungef\u00e4r tv\u00e5 \u00e5r.<\/li>\n\n\n\n<li><strong>Biografen Porty\u010d:<\/strong> En modern digital biograf p\u00e5 \u010cechova, som visar barnf\u00f6rest\u00e4llningar p\u00e5 eftermiddagarna.<\/li>\n\n\n\n<li><strong>Laser Ar\u00e9na P\u00edsek:<\/strong> Ett toppen actionval f\u00f6r \u00e4ldre barn och skolbarn direkt p\u00e5 torget.<\/li>\n\n\n\n<li><strong>LezeTop:<\/strong> En inomhuskl\u00e4tterv\u00e4gg med trygg barnboulder och en trevlig bar.<\/li>\n<\/ul>\n\n\n\n<h2 class=\"wp-block-heading\"><span class=\"ez-toc-section\" id=\"Praktiska_tips_for_familjer_parkering_barnvagn_blojbyte\"><\/span>Praktiska tips f\u00f6r familjer: parkering, barnvagn, bl\u00f6jbyte<span class=\"ez-toc-section-end\"><\/span><\/h2>\n\n\n\n<figure data-wp-context=\"{&quot;imageId&quot;:&quot;6a97aa5e24265&quot;}\" data-wp-interactive=\"core\/image\" data-wp-key=\"6a97aa5e24265\" class=\"wp-block-image size-full wp-lightbox-container\"><img decoding=\"async\" width=\"2200\" height=\"1467\" data-wp-class--hide=\"state.isContentHidden\" data-wp-class--show=\"state.isContentVisible\" data-wp-init=\"callbacks.setButtonStyles\" data-wp-on--click=\"actions.showLightbox\" data-wp-on--load=\"callbacks.setButtonStyles\" data-wp-on--pointerdown=\"actions.preloadImage\" data-wp-on--pointerenter=\"actions.preloadImageWithDelay\" data-wp-on--pointerleave=\"actions.cancelPreload\" data-wp-on-window--resize=\"callbacks.setButtonStyles\" src=\"https:\/\/loudavymkrokem.cz\/wp-content\/uploads\/2026\/08\/pisek-ulicka-vez-radnice.jpg\" alt=\"Gr\u00e4nd i P\u00edseks historiska centrum med r\u00e5dhusets torn\" class=\"wp-image-399384\" title=\"\" srcset=\"https:\/\/loudavymkrokem.cz\/wp-content\/uploads\/2026\/08\/pisek-ulicka-vez-radnice.jpg 2200w, https:\/\/loudavymkrokem.cz\/wp-content\/uploads\/2026\/08\/pisek-ulicka-vez-radnice-300x200.jpg 300w, https:\/\/loudavymkrokem.cz\/wp-content\/uploads\/2026\/08\/pisek-ulicka-vez-radnice-700x467.jpg 700w, https:\/\/loudavymkrokem.cz\/wp-content\/uploads\/2026\/08\/pisek-ulicka-vez-radnice-768x512.jpg 768w, https:\/\/loudavymkrokem.cz\/wp-content\/uploads\/2026\/08\/pisek-ulicka-vez-radnice-1536x1024.jpg 1536w, https:\/\/loudavymkrokem.cz\/wp-content\/uploads\/2026\/08\/pisek-ulicka-vez-radnice-2048x1366.jpg 2048w, https:\/\/loudavymkrokem.cz\/wp-content\/uploads\/2026\/08\/pisek-ulicka-vez-radnice-696x464.jpg 696w, https:\/\/loudavymkrokem.cz\/wp-content\/uploads\/2026\/08\/pisek-ulicka-vez-radnice-1392x928.jpg 1392w, https:\/\/loudavymkrokem.cz\/wp-content\/uploads\/2026\/08\/pisek-ulicka-vez-radnice-1920x1280.jpg 1920w\" sizes=\"(max-width: 2200px) 100vw, 2200px\" \/><button\n\t\t\tclass=\"lightbox-trigger\"\n\t\t\ttype=\"button\"\n\t\t\taria-haspopup=\"dialog\"\n\t\t\tdata-wp-bind--aria-label=\"state.thisImage.triggerButtonAriaLabel\"\n\t\t\tdata-wp-init=\"callbacks.initTriggerButton\"\n\t\t\tdata-wp-on--click=\"actions.showLightbox\"\n\t\t\tdata-wp-style--right=\"state.thisImage.buttonRight\"\n\t\t\tdata-wp-style--top=\"state.thisImage.buttonTop\"\n\t\t>\n\t\t\t<svg xmlns=\"http:\/\/www.w3.org\/2000\/svg\" width=\"12\" height=\"12\" fill=\"none\" viewBox=\"0 0 12 12\">\n\t\t\t\t<path fill=\"#fff\" d=\"M2 0a2 2 0 0 0-2 2v2h1.5V2a.5.5 0 0 1 .5-.5h2V0H2Zm2 10.5H2a.5.5 0 0 1-.5-.5V8H0v2a2 2 0 0 0 2 2h2v-1.5ZM8 12v-1.5h2a.5.5 0 0 0 .5-.5V8H12v2a2 2 0 0 1-2 2H8Zm2-12a2 2 0 0 1 2 2v2h-1.5V2a.5.5 0 0 0-.5-.5H8V0h2Z\" \/>\n\t\t\t<\/svg>\n\t\t<\/button><\/figure>\n\n\n\n<p class=\"wp-block-paragraph\">Att r\u00f6ra sig runt i P\u00edsek \u00e4r ganska enkelt, men f\u00f6r parkering i centrum b\u00f6r du absolut <strong>ladda ner appen MPLA<\/strong>, via vilken du enkelt betalar parkeringsavgiften utan att leta efter v\u00e4xelmynt. Om du vill parkera helt gratis, l\u00e4mna bilen vid idrottshallen Elim, eller s\u00e5 parkerar du mycket billigt p\u00e5 den stora parkeringen vid V\u00fdstavi\u0161t\u011b.<\/p>\n\n\n\n<p class=\"wp-block-paragraph\">Med barnvagn tar du dig n\u00e4stan \u00f6verallt, men kom ih\u00e5g att det <strong>i det historiska centrumet \u00e4r kullersten och stenl\u00e4ggning<\/strong>, s\u00e5 du har nytta av snarare st\u00f6rre luftfyllda hjul. L\u00e4ngs floden och i parkerna \u00e4r stigarna d\u00e4remot fint j\u00e4mna och asfalterade.<\/p>\n\n\n\n<p class=\"wp-block-paragraph\">Vid bes\u00f6ket p\u00e5 den k\u00e4nda Sladovna beh\u00f6ver du inte oroa dig f\u00f6r komplicerad logistik, f\u00f6r <strong>barnvagnarna parkerar du bekv\u00e4mt i den rymliga garderoben p\u00e5 bottenv\u00e5ningen<\/strong>, d\u00e4r det finns en avsatt plats f\u00f6r dem. P\u00e5 samma s\u00e4tt har de flesta kaf\u00e9er och restauranger p\u00e5 min lista barnstolar och m\u00f6jligheter f\u00f6r bekv\u00e4mt bl\u00f6jbyte.<\/p>\n\n\n\n<h2 class=\"wp-block-heading\"><span class=\"ez-toc-section\" id=\"Vart_du_kan_ga_vidare\"><\/span>Vart du kan g\u00e5 vidare<span class=\"ez-toc-section-end\"><\/span><\/h2>\n\n\n\n<p class=\"wp-block-paragraph\">Vad som h\u00e4nder just nu i P\u00edsek f\u00f6ljer du p\u00e5 <a href=\"https:\/\/pisek.info\/akce\" target=\"_blank\" rel=\"noopener\">pisek.info\/akce<\/a>, en \u00f6versikt \u00f6ver platser och sev\u00e4rdheter har <a href=\"https:\/\/pisek.info\/mista\" target=\"_blank\" rel=\"noopener\">pisek.info\/mista<\/a>, och f\u00f6r\u00e4ldrar uppskattar hela sektionen <a href=\"https:\/\/pisek.info\/deti\" target=\"_blank\" rel=\"noopener\">D\u011bti<\/a> med f\u00f6rskolor, barngrupper och aktiviteter.<\/p>\n\n\n\n<p class=\"wp-block-paragraph\">Om P\u00edsek f\u00e5ngade ditt intresse och du vill utforska staden \u00e4nnu mer, l\u00e4s v\u00e5r artikel <a href=\"https:\/\/loudavymkrokem.cz\/sv\/?p=409784\">Vad man kan se i P\u00edsek: 39 tips fr\u00e5n en inf\u00f6dd<\/a>, d\u00e4r du hittar massor av historiska sev\u00e4rdheter. F\u00f6r planering av en l\u00e4ngre semester har du nytta av guiden <a href=\"https:\/\/loudavymkrokem.cz\/sv\/semester-sodra-bohmen\/\">Vart man kan \u00e5ka p\u00e5 semester i Sydb\u00f6hmen<\/a> eller inspiration till <a href=\"https:\/\/loudavymkrokem.cz\/sv\/sodra-bohmen-vackraste-stader\/\">8 utflykter i Sydb\u00f6hmen<\/a>.<\/p>\n\n\n\n<p class=\"wp-block-paragraph\">Om du g\u00e4rna uppt\u00e4cker fler vackra st\u00e4der, kolla in v\u00e5r artikel <a href=\"https:\/\/loudavymkrokem.cz\/sv\/tabor-tjeckien-sevardigheter\/\">Vad man kan se i T\u00e1bor<\/a> och gl\u00f6m inte heller <a href=\"https:\/\/loudavymkrokem.cz\/sv\/ceske-budejovice-saker-att-gora\/\">\u010cesk\u00e9 Bud\u011bjovice<\/a>. Natur\u00e4lskare uppskattar s\u00e4kert tipsen p\u00e5 <a href=\"https:\/\/loudavymkrokem.cz\/sv\/sumava-med-barnvagn-utflykter\/\">\u0160umava med barnvagn<\/a>, och f\u00f6r en bredare \u00f6verblick, titta in p\u00e5 <a href=\"https:\/\/loudavymkrokem.cz\/sv\/semester-tjeckien-tips\/\">Vart man kan \u00e5ka p\u00e5 semester i Tjeckien<\/a>.<\/p>\n\n\n\n<p class=\"wp-block-paragraph\">Och om du planerar utflykter \u00e4ven utanf\u00f6r familjem\u00e5len, kolla in <a href=\"https:\/\/loudavymkrokem.cz\/sv\/utflykter-runt-pisek\/\">Utflykter i P\u00edseks omgivning: 30 tips fr\u00e5n en inf\u00f6dd<\/a>, d\u00e4r du hittar borgar, slott, utsiktstorn och vatten sorterade efter avst\u00e5nd fr\u00e5n P\u00edsek.<\/p>\n\n\n\n<h2 class=\"wp-block-heading\"><span class=\"ez-toc-section\" id=\"Vanliga_fragor\"><\/span>Vanliga fr\u00e5gor<span class=\"ez-toc-section-end\"><\/span><\/h2>\n\n\n<div id=\"rank-math-faq\" class=\"rank-math-block\">\n<div class=\"rank-math-list \">\n<div id=\"faq-question-1787751907000\" class=\"rank-math-list-item\">\n<h3 class=\"rank-math-question \"><span class=\"ez-toc-section\" id=\"Vad_kan_man_gora_med_barn_i_Pisek_nar_det_regnar\"><\/span>Vad kan man g\u00f6ra med barn i P\u00edsek n\u00e4r det regnar?<span class=\"ez-toc-section-end\"><\/span><\/h3>\n<div class=\"rank-math-answer \">\n\n<p>Den b\u00e4sta r\u00e4ddningen vid regn \u00e4r lekgalleriet Sladovna med utst\u00e4llningarna Pila\u0159i\u0161t\u011b och Mraveni\u0161t\u011b. Ett fantastiskt alternativ \u00e4r den gigantiska leklanden My\u0161ka herna i Porty\u010d, poolen p\u00e5 simstadion eller den lilla leklanden Hernajs p\u00e5 Jungmannova-gatan. P\u00e5 en regnig eftermiddag passar ocks\u00e5 bior\u00e5det Porty\u010d med barnf\u00f6rest\u00e4llningar.<\/p>\n\n<\/div>\n<\/div>\n<div id=\"faq-question-1787751907001\" class=\"rank-math-list-item\">\n<h3 class=\"rank-math-question \"><span class=\"ez-toc-section\" id=\"Hur_mycket_kostar_Sladovna\"><\/span>Hur mycket kostar Sladovna?<span class=\"ez-toc-section-end\"><\/span><\/h3>\n<div class=\"rank-math-answer \">\n\n<p>Grundintr\u00e4det till Pila\u0159i\u0161t\u011b kostar 50 kr per person, medan sp\u00e4dbarn under ett \u00e5r har gratis intr\u00e4de. Familjeentr\u00e4det till huvudutst\u00e4llningarna kostar mellan 220 och 265 kr. Boka definitivt dina biljetter i f\u00f6rv\u00e4g online, kapaciteten brukar bli sluts\u00e5ld snabbt.<\/p>\n\n<\/div>\n<\/div>\n<div id=\"faq-question-1787751907002\" class=\"rank-math-list-item\">\n<h3 class=\"rank-math-question \"><span class=\"ez-toc-section\" id=\"Vart_kan_man_aka_i_Pisek_med_smabarn\"><\/span>Vart kan man \u00e5ka i P\u00edsek med sm\u00e5barn?<span class=\"ez-toc-section-end\"><\/span><\/h3>\n<div class=\"rank-math-answer \">\n\n<p>F\u00f6r tv\u00e5\u00e5ringar \u00e4r Pila\u0159i\u0161t\u011b i Sladovna idealiskt, sandl\u00e5dan i Travel Cafe eller den helt nya lekplatsen Na Trub\u00e1ch. Bland utflykterna i omgivningarna uppskattar sm\u00e5barn mest djurh\u00f6rnan Na\u0161e zv\u00ed\u0159\u00e1tka i Putim, som dessutom \u00e4r helt gratis.<\/p>\n\n<\/div>\n<\/div>\n<div id=\"faq-question-1787751907003\" class=\"rank-math-list-item\">\n<h3 class=\"rank-math-question \"><span class=\"ez-toc-section\" id=\"Vilken_ar_den_basta_leklanden_i_Pisek\"><\/span>Vilken \u00e4r den b\u00e4sta leklanden i P\u00edsek?<span class=\"ez-toc-section-end\"><\/span><\/h3>\n<div class=\"rank-math-answer \">\n\n<p>Den st\u00f6rsta och mest bes\u00f6kta \u00e4r My\u0161ka herna p\u00e5 gatan V Porty\u010di. Utrustningen \u00e4r redan f\u00f6r\u00e5ldrad, men det \u00e4r fortfarande det st\u00f6rsta utrymmet i staden: enorma kl\u00e4tterst\u00e4llningar, trampolin och en s\u00e4ker h\u00f6rna f\u00f6r sm\u00e5barn. F\u00f6r en timme betalar du 35 kr, men barnen kan utan problem ha roligt h\u00e4r en hel f\u00f6rmiddag.<\/p>\n\n<\/div>\n<\/div>\n<div id=\"faq-question-1787751907004\" class=\"rank-math-list-item\">\n<h3 class=\"rank-math-question \"><span class=\"ez-toc-section\" id=\"Vilka_ar_de_basta_utflykterna_inom_20_minuter\"><\/span>Vilka \u00e4r de b\u00e4sta utflykterna inom 20 minuter?<span class=\"ez-toc-section-end\"><\/span><\/h3>\n<div class=\"rank-math-answer \">\n\n<p>Missa definitivt inte den nya Farmapark Maletice med gigantiska trampoliner och djur. Ett utm\u00e4rkt val \u00e4r ocks\u00e5 Kr\u00e1lovstv\u00ed \u010dasu i Protiv\u00edn, d\u00e4r det finns en underbar lekland med kaf\u00e9, eller den magiska Poh\u00e1dkov\u00e1 kov\u00e1rna i Selibov med levande \u00e5snor och kreativa verkst\u00e4der.<\/p>\n\n<\/div>\n<\/div>\n<div id=\"faq-question-1787751907005\" class=\"rank-math-list-item\">\n<h3 class=\"rank-math-question \"><span class=\"ez-toc-section\" id=\"Ar_Pisek_lamplig_med_barnvagn\"><\/span>\u00c4r P\u00edsek l\u00e4mplig med barnvagn?<span class=\"ez-toc-section-end\"><\/span><\/h3>\n<div class=\"rank-math-answer \">\n\n<p>Ja, P\u00edsek \u00e4r mycket barnvagnsv\u00e4nlig. Strandpromenaden l\u00e4ngs floden Otava, M\u011bstsk\u00fd ostrov och de omgivande skogarna i P\u00edseck\u00e9 hory har vackra asfalterade eller f\u00f6rst\u00e4rkta v\u00e4gar. Endast i den historiska stadsk\u00e4rnan p\u00e5 torgen ska du r\u00e4kna med klassisk kullerstenbel\u00e4ggning.<\/p>\n\n<\/div>\n<\/div>\n<div id=\"faq-question-1787751907006\" class=\"rank-math-list-item\">\n<h3 class=\"rank-math-question \"><span class=\"ez-toc-section\" id=\"Var_kan_man_bada_med_barn_i_Pisek\"><\/span>Var kan man bada med barn i P\u00edsek?<span class=\"ez-toc-section-end\"><\/span><\/h3>\n<div class=\"rank-math-answer \">\n\n<p>P\u00e5 sommaren \u00e4r utomhusbadplatsen u V\u00e1clava direkt vid floden helt oslagbar, d\u00e4r hittar du ocks\u00e5 en barnpool med rutschkana och plaskdamm. Utanf\u00f6r sommars\u00e4songen kan du med barnen \u00e5ka till stadens simstadion, som erbjuder uppv\u00e4rmd barnpool och \u00e5ngbad.<\/p>\n\n<\/div>\n<\/div>\n<div id=\"faq-question-1787751907007\" class=\"rank-math-list-item\">\n<h3 class=\"rank-math-question \"><span class=\"ez-toc-section\" id=\"Vart_kan_man_aka_med_barn_gratis\"><\/span>Vart kan man \u00e5ka med barn gratis?<span class=\"ez-toc-section-end\"><\/span><\/h3>\n<div class=\"rank-math-answer \">\n\n<p>Helt gratis \u00e4r bes\u00f6ket av de gigantiska sandskulpturerna p\u00e5 strandpromenaden och utfodring av dovhjortar vid skogsinh\u00e4gnaden U Vod\u00e1ka. Gratis \u00e4r ocks\u00e5 intr\u00e4det till den fantastiska kulleklatterlekplatsen p\u00e5 Jir\u00e1skovo-kajen eller den vackra djurh\u00f6rnan med k\u00e4ngurur och surikater i n\u00e4rbel\u00e4gna Putim.<\/p>\n\n<\/div>\n<\/div>\n<\/div>\n<\/div>","protected":false},"excerpt":{"rendered":"<p>Planerar du en familjesemester i s\u00f6dra Tjeckien? En lokal mamma tipsar om de b\u00e4sta leklanden, lekplatserna och utflykterna i P\u00edsek som du och barnen kommer att \u00e4lska.<\/p>\n","protected":false},"author":3,"featured_media":399352,"comment_status":"open","ping_status":"open","sticky":false,"template":"","format":"standard","meta":{"_acf_changed":false,"footnotes":"","rank_math_title":"P\u00edsek med barn: 44 tips p\u00e5 lekland och utflykter 2026","rank_math_description":"P\u00edsek med barn: en lokal mamma delar 44 tips p\u00e5 lekland, lekplatser och utflykter i s\u00f6dra Tjeckien 2026. L\u00e4s guiden och planera din familjesemester nu!","rank_math_focus_keyword":"P\u00edsek med barn","rank_math_seo_score":""},"categories":[1178,1162,1211],"tags":[],"class_list":["post-409800","post","type-post","status-publish","format-standard","has-post-thumbnail","category-europa","category-resor","category-tjeckien"],"acf":[],"featured_image_src":"https:\/\/loudavymkrokem.cz\/wp-content\/uploads\/2026\/08\/pisek-velke-namesti-vez-kostela.jpg","author_info":{"display_name":"Lucie Kone\u010dn\u00e1","author_link":"https:\/\/loudavymkrokem.cz\/sv\/author\/lucie-konecna\/"},"_links":{"self":[{"href":"https:\/\/loudavymkrokem.cz\/sv\/wp-json\/wp\/v2\/posts\/409800","targetHints":{"allow":["GET"]}}],"collection":[{"href":"https:\/\/loudavymkrokem.cz\/sv\/wp-json\/wp\/v2\/posts"}],"about":[{"href":"https:\/\/loudavymkrokem.cz\/sv\/wp-json\/wp\/v2\/types\/post"}],"author":[{"embeddable":true,"href":"https:\/\/loudavymkrokem.cz\/sv\/wp-json\/wp\/v2\/users\/3"}],"replies":[{"embeddable":true,"href":"https:\/\/loudavymkrokem.cz\/sv\/wp-json\/wp\/v2\/comments?post=409800"}],"version-history":[{"count":1,"href":"https:\/\/loudavymkrokem.cz\/sv\/wp-json\/wp\/v2\/posts\/409800\/revisions"}],"predecessor-version":[{"id":414372,"href":"https:\/\/loudavymkrokem.cz\/sv\/wp-json\/wp\/v2\/posts\/409800\/revisions\/414372"}],"wp:featuredmedia":[{"embeddable":true,"href":"https:\/\/loudavymkrokem.cz\/sv\/wp-json\/wp\/v2\/media\/399352"}],"wp:attachment":[{"href":"https:\/\/loudavymkrokem.cz\/sv\/wp-json\/wp\/v2\/media?parent=409800"}],"wp:term":[{"taxonomy":"category","embeddable":true,"href":"https:\/\/loudavymkrokem.cz\/sv\/wp-json\/wp\/v2\/categories?post=409800"},{"taxonomy":"post_tag","embeddable":true,"href":"https:\/\/loudavymkrokem.cz\/sv\/wp-json\/wp\/v2\/tags?post=409800"}],"curies":[{"name":"wp","href":"https:\/\/api.w.org\/{rel}","templated":true}]}}