{"id":409792,"date":"2026-08-29T02:00:00","date_gmt":"2026-08-29T00:00:00","guid":{"rendered":"https:\/\/loudavymkrokem.cz\/?p=409792"},"modified":"2026-09-02T04:08:37","modified_gmt":"2026-09-02T02:08:37","slug":"barcelona-spanien-resa","status":"publish","type":"post","link":"https:\/\/loudavymkrokem.cz\/sv\/barcelona-spanien-resa\/","title":{"rendered":"Barcelona i Spanien: s\u00e5 tar du dig dit 2026 (flyg &#038; t\u00e5g)"},"content":{"rendered":"\n<p class=\"wp-block-paragraph\">N\u00e4r Luk\u00e1\u0161 och jag gav oss iv\u00e4g till Barcelona i Spanien i b\u00f6rjan av mars hade vi en tydlig plan: att utforska stadens h\u00f6jdpunkter helt till fots. Vi bodde p\u00e5 det h\u00e4rliga <strong>Hotel Gaud\u00ed precis intill det ber\u00f6mda Palau G\u00fcell<\/strong>, vilket visade sig vara ett strategiskt smart val f\u00f6r att uppt\u00e4cka centrum till fots. Ursprungligen ville vi ocks\u00e5 ta oss upp till den k\u00e4nda kullen Tibidabo, men p\u00e5 grund av riktigt d\u00e5ligt v\u00e4der och skr\u00e4ckinjagande recensioner om st\u00e4ndigt inbrottsdrabbade bilar hoppade vi till slut \u00f6ver det med gott samvete. Oavsett om du planerar att g\u00e5 runt i de mystiska gotiska gr\u00e4nderna eller bara solbada p\u00e5 stranden, \u00e4r det allra f\u00f6rsta du m\u00e5ste l\u00f6sa sj\u00e4lva <strong>resan fr\u00e5n norra Europa ner till Katalonienkusten<\/strong>. Ditt val av transport avg\u00f6r n\u00e4mligen helt vilket hum\u00f6r och vilken budget din semester \u00f6verhuvudtaget startar med.<\/p>\n\n\n\n<figure data-wp-context=\"{&quot;imageId&quot;:&quot;6a9be89acdc49&quot;}\" data-wp-interactive=\"core\/image\" data-wp-key=\"6a9be89acdc49\" class=\"wp-block-image size-full wp-lightbox-container\"><img decoding=\"async\" width=\"1920\" height=\"1440\" data-wp-class--hide=\"state.isContentHidden\" data-wp-class--show=\"state.isContentVisible\" data-wp-init=\"callbacks.setButtonStyles\" data-wp-on--click=\"actions.showLightbox\" data-wp-on--load=\"callbacks.setButtonStyles\" data-wp-on--pointerdown=\"actions.preloadImage\" data-wp-on--pointerenter=\"actions.preloadImageWithDelay\" data-wp-on--pointerleave=\"actions.cancelPreload\" data-wp-on-window--resize=\"callbacks.setButtonStyles\" src=\"https:\/\/loudavymkrokem.cz\/wp-content\/uploads\/2026\/08\/barcelona-tri-ruzne-systemy-metra-te-zmatou.jpg\" alt=\"Regionbuss Sagal\u00e9s vid en h\u00e5llplats\" class=\"wp-image-376460\" title=\"\" srcset=\"https:\/\/loudavymkrokem.cz\/wp-content\/uploads\/2026\/08\/barcelona-tri-ruzne-systemy-metra-te-zmatou.jpg 1920w, https:\/\/loudavymkrokem.cz\/wp-content\/uploads\/2026\/08\/barcelona-tri-ruzne-systemy-metra-te-zmatou-300x225.jpg 300w, https:\/\/loudavymkrokem.cz\/wp-content\/uploads\/2026\/08\/barcelona-tri-ruzne-systemy-metra-te-zmatou-700x525.jpg 700w, https:\/\/loudavymkrokem.cz\/wp-content\/uploads\/2026\/08\/barcelona-tri-ruzne-systemy-metra-te-zmatou-768x576.jpg 768w, https:\/\/loudavymkrokem.cz\/wp-content\/uploads\/2026\/08\/barcelona-tri-ruzne-systemy-metra-te-zmatou-1536x1152.jpg 1536w, https:\/\/loudavymkrokem.cz\/wp-content\/uploads\/2026\/08\/barcelona-tri-ruzne-systemy-metra-te-zmatou-80x60.jpg 80w, https:\/\/loudavymkrokem.cz\/wp-content\/uploads\/2026\/08\/barcelona-tri-ruzne-systemy-metra-te-zmatou-160x120.jpg 160w, https:\/\/loudavymkrokem.cz\/wp-content\/uploads\/2026\/08\/barcelona-tri-ruzne-systemy-metra-te-zmatou-696x522.jpg 696w, https:\/\/loudavymkrokem.cz\/wp-content\/uploads\/2026\/08\/barcelona-tri-ruzne-systemy-metra-te-zmatou-1392x1044.jpg 1392w\" sizes=\"(max-width: 1920px) 100vw, 1920px\" \/><button\n\t\t\tclass=\"lightbox-trigger\"\n\t\t\ttype=\"button\"\n\t\t\taria-haspopup=\"dialog\"\n\t\t\tdata-wp-bind--aria-label=\"state.thisImage.triggerButtonAriaLabel\"\n\t\t\tdata-wp-init=\"callbacks.initTriggerButton\"\n\t\t\tdata-wp-on--click=\"actions.showLightbox\"\n\t\t\tdata-wp-style--right=\"state.thisImage.buttonRight\"\n\t\t\tdata-wp-style--top=\"state.thisImage.buttonTop\"\n\t\t>\n\t\t\t<svg xmlns=\"http:\/\/www.w3.org\/2000\/svg\" width=\"12\" height=\"12\" fill=\"none\" viewBox=\"0 0 12 12\">\n\t\t\t\t<path fill=\"#fff\" d=\"M2 0a2 2 0 0 0-2 2v2h1.5V2a.5.5 0 0 1 .5-.5h2V0H2Zm2 10.5H2a.5.5 0 0 1-.5-.5V8H0v2a2 2 0 0 0 2 2h2v-1.5ZM8 12v-1.5h2a.5.5 0 0 0 .5-.5V8H12v2a2 2 0 0 1-2 2H8Zm2-12a2 2 0 0 1 2 2v2h-1.5V2a.5.5 0 0 0-.5-.5H8V0h2Z\" \/>\n\t\t\t<\/svg>\n\t\t<\/button><\/figure>\n\n\n\n<div id=\"ez-toc-container\" class=\"ez-toc-v2_0_87 ez-toc-wrap-left counter-hierarchy ez-toc-counter ez-toc-grey ez-toc-container-direction\">\n<div class=\"ez-toc-title-container\">\n<p class=\"ez-toc-title\" style=\"cursor:inherit\">Artikelns inneh\u00e5ll<\/p>\n<span class=\"ez-toc-title-toggle\"><a href=\"#\" class=\"ez-toc-pull-right ez-toc-btn ez-toc-btn-xs ez-toc-btn-default ez-toc-toggle\" aria-label=\"Toggle Table of Content\"><span class=\"ez-toc-js-icon-con\"><span class=\"\"><span class=\"eztoc-hide\" style=\"display:none;\">Toggle<\/span><span class=\"ez-toc-icon-toggle-span\"><svg style=\"fill: #999;color:#999\" xmlns=\"http:\/\/www.w3.org\/2000\/svg\" class=\"list-377408\" width=\"20px\" height=\"20px\" viewBox=\"0 0 24 24\" fill=\"none\"><path d=\"M6 6H4v2h2V6zm14 0H8v2h12V6zM4 11h2v2H4v-2zm16 0H8v2h12v-2zM4 16h2v2H4v-2zm16 0H8v2h12v-2z\" fill=\"currentColor\"><\/path><\/svg><svg style=\"fill: #999;color:#999\" class=\"arrow-unsorted-368013\" xmlns=\"http:\/\/www.w3.org\/2000\/svg\" width=\"10px\" height=\"10px\" viewBox=\"0 0 24 24\" version=\"1.2\" baseProfile=\"tiny\"><path d=\"M18.2 9.3l-6.2-6.3-6.2 6.3c-.2.2-.3.4-.3.7s.1.5.3.7c.2.2.4.3.7.3h11c.3 0 .5-.1.7-.3.2-.2.3-.5.3-.7s-.1-.5-.3-.7zM5.8 14.7l6.2 6.3 6.2-6.3c.2-.2.3-.5.3-.7s-.1-.5-.3-.7c-.2-.2-.4-.3-.7-.3h-11c-.3 0-.5.1-.7.3-.2.2-.3.5-.3.7s.1.5.3.7z\"\/><\/svg><\/span><\/span><\/span><\/a><\/span><\/div>\n<nav><ul class='ez-toc-list ez-toc-list-level-1 ' ><ul class='ez-toc-list-level-3' ><li class='ez-toc-heading-level-3'><a class=\"ez-toc-link ez-toc-heading-1\" href=\"https:\/\/loudavymkrokem.cz\/sv\/barcelona-spanien-resa\/#Sammanfattning_for_dig_som_inte_hinner_lasa_hela_artikeln\" >Sammanfattning f\u00f6r dig som inte hinner l\u00e4sa hela artikeln<\/a><\/li><\/ul><\/li><li class='ez-toc-page-1 ez-toc-heading-level-2'><a class=\"ez-toc-link ez-toc-heading-2\" href=\"https:\/\/loudavymkrokem.cz\/sv\/barcelona-spanien-resa\/#Var_ska_du_bo_i_Barcelona_och_vad_kostar_turistskatten\" >Var ska du bo i Barcelona och vad kostar turistskatten<\/a><\/li><li class='ez-toc-page-1 ez-toc-heading-level-2'><a class=\"ez-toc-link ez-toc-heading-3\" href=\"https:\/\/loudavymkrokem.cz\/sv\/barcelona-spanien-resa\/#11_saker_du_maste_veta_om_resan_till_Barcelona_i_Spanien\" >11 saker du m\u00e5ste veta om resan till Barcelona i Spanien<\/a><ul class='ez-toc-list-level-3' ><li class='ez-toc-heading-level-3'><a class=\"ez-toc-link ez-toc-heading-4\" href=\"https:\/\/loudavymkrokem.cz\/sv\/barcelona-spanien-resa\/#1_Flyg_till_Barcelona_och_vilka_bolag_som_trafikerar_rutten\" >1. Flyg till Barcelona och vilka bolag som trafikerar rutten<\/a><\/li><li class='ez-toc-page-1 ez-toc-heading-level-3'><a class=\"ez-toc-link ez-toc-heading-5\" href=\"https:\/\/loudavymkrokem.cz\/sv\/barcelona-spanien-resa\/#2_Ungefarliga_biljettpriser_och_nar_du_ska_kopa\" >2. Ungef\u00e4rliga biljettpriser och n\u00e4r du ska k\u00f6pa<\/a><\/li><li class='ez-toc-page-1 ez-toc-heading-level-3'><a class=\"ez-toc-link ez-toc-heading-6\" href=\"https:\/\/loudavymkrokem.cz\/sv\/barcelona-spanien-resa\/#3_Ryanair_och_lagprisbolagens_bagagefallor\" >3. Ryanair och l\u00e5gprisbolagens bagagef\u00e4llor<\/a><\/li><li class='ez-toc-page-1 ez-toc-heading-level-3'><a class=\"ez-toc-link ez-toc-heading-7\" href=\"https:\/\/loudavymkrokem.cz\/sv\/barcelona-spanien-resa\/#4_Vueling_och_deras_graderade_kilon\" >4. Vueling och deras graderade kilon<\/a><\/li><li class='ez-toc-page-1 ez-toc-heading-level-3'><a class=\"ez-toc-link ez-toc-heading-8\" href=\"https:\/\/loudavymkrokem.cz\/sv\/barcelona-spanien-resa\/#5_Se_upp_for_nedskarningar_under_sommaren\" >5. Se upp f\u00f6r nedsk\u00e4rningar under sommaren<\/a><\/li><li class='ez-toc-page-1 ez-toc-heading-level-3'><a class=\"ez-toc-link ez-toc-heading-9\" href=\"https:\/\/loudavymkrokem.cz\/sv\/barcelona-spanien-resa\/#6_De_falska_flygplatserna_Girona_och_Reus\" >6. De falska flygplatserna Girona och Reus<\/a><\/li><li class='ez-toc-page-1 ez-toc-heading-level-3'><a class=\"ez-toc-link ez-toc-heading-10\" href=\"https:\/\/loudavymkrokem.cz\/sv\/barcelona-spanien-resa\/#7_Med_tag_for_gravida_och_de_som_inte_flyger\" >7. Med t\u00e5g: f\u00f6r gravida och de som inte flyger<\/a><\/li><li class='ez-toc-page-1 ez-toc-heading-level-3'><a class=\"ez-toc-link ez-toc-heading-11\" href=\"https:\/\/loudavymkrokem.cz\/sv\/barcelona-spanien-resa\/#8_Alternativ_tagrutt_via_Paris\" >8. Alternativ t\u00e5grutt via Paris<\/a><\/li><li class='ez-toc-page-1 ez-toc-heading-level-3'><a class=\"ez-toc-link ez-toc-heading-12\" href=\"https:\/\/loudavymkrokem.cz\/sv\/barcelona-spanien-resa\/#9_Med_bil_till_Barcelona_Forbered_dig_pa_ZBE-zonen\" >9. Med bil till Barcelona? F\u00f6rbered dig p\u00e5 ZBE-zonen<\/a><\/li><li class='ez-toc-page-1 ez-toc-heading-level-3'><a class=\"ez-toc-link ez-toc-heading-13\" href=\"https:\/\/loudavymkrokem.cz\/sv\/barcelona-spanien-resa\/#10_Sa_tar_du_dig_fran_flygplatsen_El_Prat_till_centrum\" >10. S\u00e5 tar du dig fr\u00e5n flygplatsen El Prat till centrum<\/a><\/li><li class='ez-toc-page-1 ez-toc-heading-level-3'><a class=\"ez-toc-link ez-toc-heading-14\" href=\"https:\/\/loudavymkrokem.cz\/sv\/barcelona-spanien-resa\/#11_Paketresa_med_researrangor_kontra_pa_egen_hand\" >11. Paketresa med researrang\u00f6r kontra p\u00e5 egen hand<\/a><\/li><\/ul><\/li><li class='ez-toc-page-1 ez-toc-heading-level-2'><a class=\"ez-toc-link ez-toc-heading-15\" href=\"https:\/\/loudavymkrokem.cz\/sv\/barcelona-spanien-resa\/#Praktisk_sammanfattning_och_ungefarliga_priser\" >Praktisk sammanfattning och ungef\u00e4rliga priser<\/a><\/li><li class='ez-toc-page-1 ez-toc-heading-level-2'><a class=\"ez-toc-link ez-toc-heading-16\" href=\"https:\/\/loudavymkrokem.cz\/sv\/barcelona-spanien-resa\/#Vart_harnast\" >Vart h\u00e4rn\u00e4st<\/a><\/li><li class='ez-toc-page-1 ez-toc-heading-level-2'><a class=\"ez-toc-link ez-toc-heading-17\" href=\"https:\/\/loudavymkrokem.cz\/sv\/barcelona-spanien-resa\/#Vanliga_fragor\" >Vanliga fr\u00e5gor<\/a><ul class='ez-toc-list-level-3' ><li class='ez-toc-heading-level-3'><a class=\"ez-toc-link ez-toc-heading-18\" href=\"https:\/\/loudavymkrokem.cz\/sv\/barcelona-spanien-resa\/#Hur_lang_ar_flygtiden_till_Barcelona_fran_Stockholm\" >Hur l\u00e5ng \u00e4r flygtiden till Barcelona fr\u00e5n Stockholm?<\/a><\/li><li class='ez-toc-page-1 ez-toc-heading-level-3'><a class=\"ez-toc-link ez-toc-heading-19\" href=\"https:\/\/loudavymkrokem.cz\/sv\/barcelona-spanien-resa\/#Vad_kostar_en_flygbiljett_ungefar\" >Vad kostar en flygbiljett ungef\u00e4r?<\/a><\/li><li class='ez-toc-page-1 ez-toc-heading-level-3'><a class=\"ez-toc-link ez-toc-heading-20\" href=\"https:\/\/loudavymkrokem.cz\/sv\/barcelona-spanien-resa\/#Galler_vanlig_tunnelbanebiljett_fran_flygplatsen\" >G\u00e4ller vanlig tunnelbanebiljett fr\u00e5n flygplatsen?<\/a><\/li><li class='ez-toc-page-1 ez-toc-heading-level-3'><a class=\"ez-toc-link ez-toc-heading-21\" href=\"https:\/\/loudavymkrokem.cz\/sv\/barcelona-spanien-resa\/#Kan_jag_aka_in_till_Barcelonas_centrum_med_bil\" >Kan jag \u00e5ka in till Barcelonas centrum med bil?<\/a><\/li><li class='ez-toc-page-1 ez-toc-heading-level-3'><a class=\"ez-toc-link ez-toc-heading-22\" href=\"https:\/\/loudavymkrokem.cz\/sv\/barcelona-spanien-resa\/#Gar_det_att_aka_bekvamt_till_Barcelona_med_tag\" >G\u00e5r det att \u00e5ka bekv\u00e4mt till Barcelona med t\u00e5g?<\/a><\/li><li class='ez-toc-page-1 ez-toc-heading-level-3'><a class=\"ez-toc-link ez-toc-heading-23\" href=\"https:\/\/loudavymkrokem.cz\/sv\/barcelona-spanien-resa\/#Vad_ska_man_vara_uppmarksam_pa_med_lagprisbolag_som_Ryanair\" >Vad ska man vara uppm\u00e4rksam p\u00e5 med l\u00e5gprisbolag som Ryanair?<\/a><\/li><li class='ez-toc-page-1 ez-toc-heading-level-3'><a class=\"ez-toc-link ez-toc-heading-24\" href=\"https:\/\/loudavymkrokem.cz\/sv\/barcelona-spanien-resa\/#Lonar_det_sig_att_flyga_till_de_mer_avlagsna_flygplatserna_Girona_eller_Reus\" >L\u00f6nar det sig att flyga till de mer avl\u00e4gsna flygplatserna Girona eller Reus?<\/a><\/li><\/ul><\/li><\/ul><\/nav><\/div>\n<h3 class=\"wp-block-heading\"><span class=\"ez-toc-section\" id=\"Sammanfattning_for_dig_som_inte_hinner_lasa_hela_artikeln\"><\/span>Sammanfattning f\u00f6r dig som inte hinner l\u00e4sa hela artikeln<span class=\"ez-toc-section-end\"><\/span><\/h3>\n\n\n\n<ul class=\"wp-block-list\">\n\n<li>  <strong>Fr\u00e5n Stockholm flyger du till Barcelona med byte eller direkt<\/strong> och under h\u00f6gs\u00e4songen 2026 finns det flera dagliga avg\u00e5ngar via de stora knutpunkterna.<\/li>\n\n\n\n<li>  <strong>Ett direktflyg tar runt 3 timmar<\/strong>, och p\u00e5 rutterna konkurrerar bolag som SAS, Norwegian, Vueling och Ryanair.<\/li>\n\n\n\n<li>  <strong>Flygbiljetter b\u00f6rjar ungef\u00e4r runt 600 kr<\/strong>, men p\u00e5 sommaren med incheckad v\u00e4ska b\u00f6r du snarare r\u00e4kna med \u00f6ver 1 200 kr per enkel resa.<\/li>\n\n\n\n<li>  <strong>Fr\u00e5n flygplatsen El Prat g\u00e5r Aerob\u00fas in till centrum f\u00f6r 7,45 \u20ac (cirka 85 kr)<\/strong>, medan det vanliga T-casual-kortet inte g\u00e4ller p\u00e5 flygplatstunnelbanan.<\/li>\n\n\n\n<li>  <strong>Att resa med t\u00e5g \u00e4r riktigt smart<\/strong> om du inte kan flyga av h\u00e4lsosk\u00e4l eller v\u00e4ntar barn.<\/li>\n\n\n\n<li>  <strong>K\u00f6r hellre inte in till Barcelonas centrum med bil<\/strong>, eftersom staden bevakar en str\u00e4ng l\u00e5gutsl\u00e4ppszon (ZBE) med b\u00f6ter p\u00e5 200 \u20ac (cirka 2 300 kr).<\/li>\n\n\n\n<li>  <strong>Undvik flygplatserna Girona och Reus<\/strong>, som inneb\u00e4r en l\u00e5ng och dyr bussresa om du inte \u00e4r p\u00e5 v\u00e4g direkt till kringliggande kust.<\/li>\n\n\n<\/ul>\n\n\n\n<figure data-wp-context=\"{&quot;imageId&quot;:&quot;6a9be89ace540&quot;}\" data-wp-interactive=\"core\/image\" data-wp-key=\"6a9be89ace540\" class=\"wp-block-image size-full wp-lightbox-container\"><img decoding=\"async\" width=\"1034\" height=\"2560\" data-wp-class--hide=\"state.isContentHidden\" data-wp-class--show=\"state.isContentVisible\" data-wp-init=\"callbacks.setButtonStyles\" data-wp-on--click=\"actions.showLightbox\" data-wp-on--load=\"callbacks.setButtonStyles\" data-wp-on--pointerdown=\"actions.preloadImage\" data-wp-on--pointerenter=\"actions.preloadImageWithDelay\" data-wp-on--pointerleave=\"actions.cancelPreload\" data-wp-on-window--resize=\"callbacks.setButtonStyles\" src=\"https:\/\/loudavymkrokem.cz\/wp-content\/uploads\/2026\/08\/barcelona-kde-se-ubytovat-v-barcelone-a-kolik--scaled.jpg\" alt=\"Tornet Torre Gl\u00f2ries i Barcelona\" class=\"wp-image-376472\" title=\"\" srcset=\"https:\/\/loudavymkrokem.cz\/wp-content\/uploads\/2026\/08\/barcelona-kde-se-ubytovat-v-barcelone-a-kolik--scaled.jpg 1034w, https:\/\/loudavymkrokem.cz\/wp-content\/uploads\/2026\/08\/barcelona-kde-se-ubytovat-v-barcelone-a-kolik--121x300.jpg 121w, https:\/\/loudavymkrokem.cz\/wp-content\/uploads\/2026\/08\/barcelona-kde-se-ubytovat-v-barcelone-a-kolik--700x1733.jpg 700w, https:\/\/loudavymkrokem.cz\/wp-content\/uploads\/2026\/08\/barcelona-kde-se-ubytovat-v-barcelone-a-kolik--768x1902.jpg 768w, https:\/\/loudavymkrokem.cz\/wp-content\/uploads\/2026\/08\/barcelona-kde-se-ubytovat-v-barcelone-a-kolik--620x1536.jpg 620w, https:\/\/loudavymkrokem.cz\/wp-content\/uploads\/2026\/08\/barcelona-kde-se-ubytovat-v-barcelone-a-kolik--827x2048.jpg 827w, https:\/\/loudavymkrokem.cz\/wp-content\/uploads\/2026\/08\/barcelona-kde-se-ubytovat-v-barcelone-a-kolik--696x1723.jpg 696w, https:\/\/loudavymkrokem.cz\/wp-content\/uploads\/2026\/08\/barcelona-kde-se-ubytovat-v-barcelone-a-kolik--1392x3447.jpg 1392w\" sizes=\"(max-width: 1034px) 100vw, 1034px\" \/><button\n\t\t\tclass=\"lightbox-trigger\"\n\t\t\ttype=\"button\"\n\t\t\taria-haspopup=\"dialog\"\n\t\t\tdata-wp-bind--aria-label=\"state.thisImage.triggerButtonAriaLabel\"\n\t\t\tdata-wp-init=\"callbacks.initTriggerButton\"\n\t\t\tdata-wp-on--click=\"actions.showLightbox\"\n\t\t\tdata-wp-style--right=\"state.thisImage.buttonRight\"\n\t\t\tdata-wp-style--top=\"state.thisImage.buttonTop\"\n\t\t>\n\t\t\t<svg xmlns=\"http:\/\/www.w3.org\/2000\/svg\" width=\"12\" height=\"12\" fill=\"none\" viewBox=\"0 0 12 12\">\n\t\t\t\t<path fill=\"#fff\" d=\"M2 0a2 2 0 0 0-2 2v2h1.5V2a.5.5 0 0 1 .5-.5h2V0H2Zm2 10.5H2a.5.5 0 0 1-.5-.5V8H0v2a2 2 0 0 0 2 2h2v-1.5ZM8 12v-1.5h2a.5.5 0 0 0 .5-.5V8H12v2a2 2 0 0 1-2 2H8Zm2-12a2 2 0 0 1 2 2v2h-1.5V2a.5.5 0 0 0-.5-.5H8V0h2Z\" \/>\n\t\t\t<\/svg>\n\t\t<\/button><figcaption class=\"wp-element-caption\">Foto: Diliff \/ Wikimedia Commons, CC BY 2.5<\/figcaption><\/figure>\n\n\n\n<h2 class=\"wp-block-heading\"><span class=\"ez-toc-section\" id=\"Var_ska_du_bo_i_Barcelona_och_vad_kostar_turistskatten\"><\/span>Var ska du bo i Barcelona och vad kostar turistskatten<span class=\"ez-toc-section-end\"><\/span><\/h2>\n\n\n\n<p class=\"wp-block-paragraph\"><em>\ud83d\udca1 <strong>Tips p\u00e5 boende och upplevelser<\/strong>: Vi f\u00f6redrar att leta boende p\u00e5 <a class=\"thirstylink\" rel=\"nofollow\" target=\"_blank\" title=\"Booking.com\" href=\"https:\/\/loudavymkrokem.cz\/doporucujeme\/booking-com\/\" data-shortcode=\"true\">Booking.com<\/a>, d\u00e4r det ofta finns <strong>b\u00e4st avbokningsvillkor<\/strong>. Biljetter, utflykter och aktiviteter l\u00f6nar det sig sedan att j\u00e4mf\u00f6ra och k\u00f6pa via <a class=\"thirstylink\" rel=\"nofollow\" target=\"_blank\" title=\"GetYourGuide\" href=\"https:\/\/loudavymkrokem.cz\/doporucujeme\/getyourguide\/\" data-shortcode=\"true\">GetYourGuide<\/a>.<\/em><\/p>\n\n\n\n<p class=\"wp-block-paragraph\">Att v\u00e4lja boende i den katalanska metropolen har p\u00e5 sistone blivit en riktig utmaning, eftersom staden planerar att fram till 2028 <strong>helt dra in alla licenser f\u00f6r turistl\u00e4genheter<\/strong>. Priserna p\u00e5 vanliga hotell rusar d\u00e4rf\u00f6r logiskt upp\u00e5t och utbudet av prisv\u00e4rt boende krymper obehagligt. Till budgeten m\u00e5ste du dessutom l\u00e4gga en ny turistskatt som g\u00e4ller fr\u00e5n april 2026 och som kan g\u00f6ra vistelsen r\u00e4tt dyr. P\u00e5 femstj\u00e4rnig lyx betalar du 12 \u20ac (cirka 140 kr) per person och natt, p\u00e5 ett vanligt fyrstj\u00e4rnigt hotell \u00e4r det 8,40 \u20ac och <strong>i de popul\u00e4ra turistl\u00e4genheterna debiteras du 9,50 \u20ac per natt<\/strong>. Den betalas maximalt f\u00f6r de sju f\u00f6rsta n\u00e4tterna, men \u00e4ven s\u00e5 blir det en rej\u00e4l summa vid en l\u00e4ngre semester.<\/p>\n\n\n\n<p class=\"wp-block-paragraph\">Under v\u00e5rt bes\u00f6k satsade vi p\u00e5 <strong>Hotel Gaud\u00ed<\/strong>, som ligger bara n\u00e5gra steg fr\u00e5n det ber\u00f6mda Palau G\u00fcell och n\u00e4ra den livliga aveny La Rambla. Det var ett helt strategiskt val f\u00f6r att uppt\u00e4cka staden till fots, och dessutom har de en fantastisk takterrass med pool d\u00e4r du har en vacker utsikt \u00f6ver skorstenarna p\u00e5 Gaud\u00eds palats.<\/p>\n\n\n\n<p class=\"wp-block-paragraph\">Letar du efter n\u00e5got visuellt sl\u00e5ende, kika absolut p\u00e5 <strong>Hotel Ayre Rosell\u00f3n<\/strong>, som skryter med en helt h\u00e4nf\u00f6rande utsikt rakt mot \u00e4nnu of\u00e4rdiga Sagrada Fam\u00edlia fr\u00e5n deras takbar. F\u00f6r resen\u00e4rer med mindre budget passar <strong>Motel One Barcelona-Ciutadella<\/strong> utm\u00e4rkt, d\u00e4r du f\u00e5r ett fint modernt rum precis bredvid en enorm park och p\u00e5 g\u00e5ngavst\u00e5nd till stranden. Vill du uppleva absolut lyx och vakna till v\u00e5gornas brus, titta p\u00e5 ikoniska <strong>W Barcelona<\/strong> \u2013 den ber\u00f6mda segelformade byggnaden som dominerar hela kusten. F\u00f6r ryggs\u00e4cksresen\u00e4rer och soloresen\u00e4rer fungerar enligt recensionerna <strong>Hostel One Paralelo<\/strong> utm\u00e4rkt, d\u00e4r det r\u00e5der en underbar v\u00e4nlig st\u00e4mning och man ordnar gemensamma kv\u00e4llar.<\/p>\n\n\n\n<figure data-wp-context=\"{&quot;imageId&quot;:&quot;6a9be89aceb63&quot;}\" data-wp-interactive=\"core\/image\" data-wp-key=\"6a9be89aceb63\" class=\"wp-block-image size-full wp-lightbox-container\"><img decoding=\"async\" width=\"1600\" height=\"1067\" data-wp-class--hide=\"state.isContentHidden\" data-wp-class--show=\"state.isContentVisible\" data-wp-init=\"callbacks.setButtonStyles\" data-wp-on--click=\"actions.showLightbox\" data-wp-on--load=\"callbacks.setButtonStyles\" data-wp-on--pointerdown=\"actions.preloadImage\" data-wp-on--pointerenter=\"actions.preloadImageWithDelay\" data-wp-on--pointerleave=\"actions.cancelPreload\" data-wp-on-window--resize=\"callbacks.setButtonStyles\" src=\"https:\/\/loudavymkrokem.cz\/wp-content\/uploads\/2026\/08\/barcelona-uber-a-bolt-tady-radeji-ani-nezapine-px.jpg\" alt=\"Gulsvart taxi i Barcelona\" class=\"wp-image-376459\" title=\"\" srcset=\"https:\/\/loudavymkrokem.cz\/wp-content\/uploads\/2026\/08\/barcelona-uber-a-bolt-tady-radeji-ani-nezapine-px.jpg 1600w, https:\/\/loudavymkrokem.cz\/wp-content\/uploads\/2026\/08\/barcelona-uber-a-bolt-tady-radeji-ani-nezapine-px-300x200.jpg 300w, https:\/\/loudavymkrokem.cz\/wp-content\/uploads\/2026\/08\/barcelona-uber-a-bolt-tady-radeji-ani-nezapine-px-700x467.jpg 700w, https:\/\/loudavymkrokem.cz\/wp-content\/uploads\/2026\/08\/barcelona-uber-a-bolt-tady-radeji-ani-nezapine-px-768x512.jpg 768w, https:\/\/loudavymkrokem.cz\/wp-content\/uploads\/2026\/08\/barcelona-uber-a-bolt-tady-radeji-ani-nezapine-px-1536x1024.jpg 1536w, https:\/\/loudavymkrokem.cz\/wp-content\/uploads\/2026\/08\/barcelona-uber-a-bolt-tady-radeji-ani-nezapine-px-696x464.jpg 696w, https:\/\/loudavymkrokem.cz\/wp-content\/uploads\/2026\/08\/barcelona-uber-a-bolt-tady-radeji-ani-nezapine-px-1392x928.jpg 1392w\" sizes=\"(max-width: 1600px) 100vw, 1600px\" \/><button\n\t\t\tclass=\"lightbox-trigger\"\n\t\t\ttype=\"button\"\n\t\t\taria-haspopup=\"dialog\"\n\t\t\tdata-wp-bind--aria-label=\"state.thisImage.triggerButtonAriaLabel\"\n\t\t\tdata-wp-init=\"callbacks.initTriggerButton\"\n\t\t\tdata-wp-on--click=\"actions.showLightbox\"\n\t\t\tdata-wp-style--right=\"state.thisImage.buttonRight\"\n\t\t\tdata-wp-style--top=\"state.thisImage.buttonTop\"\n\t\t>\n\t\t\t<svg xmlns=\"http:\/\/www.w3.org\/2000\/svg\" width=\"12\" height=\"12\" fill=\"none\" viewBox=\"0 0 12 12\">\n\t\t\t\t<path fill=\"#fff\" d=\"M2 0a2 2 0 0 0-2 2v2h1.5V2a.5.5 0 0 1 .5-.5h2V0H2Zm2 10.5H2a.5.5 0 0 1-.5-.5V8H0v2a2 2 0 0 0 2 2h2v-1.5ZM8 12v-1.5h2a.5.5 0 0 0 .5-.5V8H12v2a2 2 0 0 1-2 2H8Zm2-12a2 2 0 0 1 2 2v2h-1.5V2a.5.5 0 0 0-.5-.5H8V0h2Z\" \/>\n\t\t\t<\/svg>\n\t\t<\/button><\/figure>\n\n\n\n<h2 class=\"wp-block-heading\"><span class=\"ez-toc-section\" id=\"11_saker_du_maste_veta_om_resan_till_Barcelona_i_Spanien\"><\/span>11 saker du m\u00e5ste veta om resan till Barcelona i Spanien<span class=\"ez-toc-section-end\"><\/span><\/h2>\n\n\n\n<figure data-wp-context=\"{&quot;imageId&quot;:&quot;6a9be89acef4a&quot;}\" data-wp-interactive=\"core\/image\" data-wp-key=\"6a9be89acef4a\" class=\"wp-block-image size-full wp-lightbox-container\"><img decoding=\"async\" width=\"1920\" height=\"1252\" data-wp-class--hide=\"state.isContentHidden\" data-wp-class--show=\"state.isContentVisible\" data-wp-init=\"callbacks.setButtonStyles\" data-wp-on--click=\"actions.showLightbox\" data-wp-on--load=\"callbacks.setButtonStyles\" data-wp-on--pointerdown=\"actions.preloadImage\" data-wp-on--pointerenter=\"actions.preloadImageWithDelay\" data-wp-on--pointerleave=\"actions.cancelPreload\" data-wp-on-window--resize=\"callbacks.setButtonStyles\" src=\"https:\/\/loudavymkrokem.cz\/wp-content\/uploads\/2026\/08\/barcelona-aerobus-je-sice-drazsi-ale-usetri-ne.jpg\" alt=\"Aerob\u00fas-bussar vid en h\u00e5llplats i Barcelona\" class=\"wp-image-376457\" title=\"\" srcset=\"https:\/\/loudavymkrokem.cz\/wp-content\/uploads\/2026\/08\/barcelona-aerobus-je-sice-drazsi-ale-usetri-ne.jpg 1920w, https:\/\/loudavymkrokem.cz\/wp-content\/uploads\/2026\/08\/barcelona-aerobus-je-sice-drazsi-ale-usetri-ne-300x196.jpg 300w, https:\/\/loudavymkrokem.cz\/wp-content\/uploads\/2026\/08\/barcelona-aerobus-je-sice-drazsi-ale-usetri-ne-700x456.jpg 700w, https:\/\/loudavymkrokem.cz\/wp-content\/uploads\/2026\/08\/barcelona-aerobus-je-sice-drazsi-ale-usetri-ne-768x501.jpg 768w, https:\/\/loudavymkrokem.cz\/wp-content\/uploads\/2026\/08\/barcelona-aerobus-je-sice-drazsi-ale-usetri-ne-1536x1002.jpg 1536w, https:\/\/loudavymkrokem.cz\/wp-content\/uploads\/2026\/08\/barcelona-aerobus-je-sice-drazsi-ale-usetri-ne-696x454.jpg 696w, https:\/\/loudavymkrokem.cz\/wp-content\/uploads\/2026\/08\/barcelona-aerobus-je-sice-drazsi-ale-usetri-ne-1392x908.jpg 1392w\" sizes=\"(max-width: 1920px) 100vw, 1920px\" \/><button\n\t\t\tclass=\"lightbox-trigger\"\n\t\t\ttype=\"button\"\n\t\t\taria-haspopup=\"dialog\"\n\t\t\tdata-wp-bind--aria-label=\"state.thisImage.triggerButtonAriaLabel\"\n\t\t\tdata-wp-init=\"callbacks.initTriggerButton\"\n\t\t\tdata-wp-on--click=\"actions.showLightbox\"\n\t\t\tdata-wp-style--right=\"state.thisImage.buttonRight\"\n\t\t\tdata-wp-style--top=\"state.thisImage.buttonTop\"\n\t\t>\n\t\t\t<svg xmlns=\"http:\/\/www.w3.org\/2000\/svg\" width=\"12\" height=\"12\" fill=\"none\" viewBox=\"0 0 12 12\">\n\t\t\t\t<path fill=\"#fff\" d=\"M2 0a2 2 0 0 0-2 2v2h1.5V2a.5.5 0 0 1 .5-.5h2V0H2Zm2 10.5H2a.5.5 0 0 1-.5-.5V8H0v2a2 2 0 0 0 2 2h2v-1.5ZM8 12v-1.5h2a.5.5 0 0 0 .5-.5V8H12v2a2 2 0 0 1-2 2H8Zm2-12a2 2 0 0 1 2 2v2h-1.5V2a.5.5 0 0 0-.5-.5H8V0h2Z\" \/>\n\t\t\t<\/svg>\n\t\t<\/button><\/figure>\n\n\n\n<h3 class=\"wp-block-heading\"><span class=\"ez-toc-section\" id=\"1_Flyg_till_Barcelona_och_vilka_bolag_som_trafikerar_rutten\"><\/span>1. Flyg till Barcelona och vilka bolag som trafikerar rutten<span class=\"ez-toc-section-end\"><\/span><\/h3>\n\n\n\n<p class=\"wp-block-paragraph\">Att ta sig fr\u00e5n Sverige till den katalanska metropolen har aldrig varit enklare, eftersom flygtrafiken p\u00e5 rutten g\u00e5r f\u00f6r fullt 2026. Fr\u00e5n Stockholm n\u00e5r du Barcelona antingen med direktflyg under sommaren eller smidigt med ett byte via en av de stora knutpunkterna. Barcelonas flygplats El Prat \u00e4r en av Europas st\u00f6rsta och trafikeras av en m\u00e4ngd bolag, s\u00e5 du har i regel flera olika avg\u00e5ngar att v\u00e4lja mellan varje dag i veckan.<\/p>\n\n\n\n<p class=\"wp-block-paragraph\">Marknaden delas f\u00f6r n\u00e4rvarande mellan flera stora akt\u00f6rer som sl\u00e5ss h\u00e5rt om varje passagerare. Fr\u00e5n Sverige flyger du bland annat med <strong>SAS och Norwegian<\/strong>, medan l\u00e5gprisbolaget <strong>Ryanair<\/strong> och spanska <strong>Vueling<\/strong> ofta erbjuder de billigaste biljetterna. De f\u00f6rsta morgonplanen lyfter tidigt, vilket \u00e4r helt idealiskt f\u00f6r resen\u00e4rer som vill hinna med eftermiddagskaffet direkt p\u00e5 stranden. F\u00f6redrar du att resa efter jobbet startar de sista kv\u00e4llslinjerna p\u00e5 kv\u00e4llen och du \u00e4r i s\u00e4ngen strax efter midnatt.<\/p>\n\n\n\n<p class=\"wp-block-paragraph\">Konkurrensen pressar lyckligtvis priserna ned\u00e5t och ger dig enorm frihet i planeringen, men den kr\u00e4ver samtidigt stor vaksamhet vid valet av just din operat\u00f6r. Varje flygbolag har n\u00e4mligen <strong>helt olika regler f\u00f6r bagage och dolda avgifter<\/strong> som kan g\u00f6ra biljetten obehagligt dyrare.<\/p>\n\n\n\n<p class=\"wp-block-paragraph\">\ud83d\udca1 Tips: J\u00e4mf\u00f6r alltid noga fr\u00e5n vilken terminal du faktiskt flyger, eftersom <strong>l\u00e5gprisbolagen ofta checkar in fr\u00e5n olika st\u00e4llen<\/strong> och f\u00f6rvirring p\u00e5 flygplatsen kan kosta dig b\u00e5de nerver och pengar p\u00e5 taxi.<\/p>\n\n\n\n<figure data-wp-context=\"{&quot;imageId&quot;:&quot;6a9be89acf4f8&quot;}\" data-wp-interactive=\"core\/image\" data-wp-key=\"6a9be89acf4f8\" class=\"wp-block-image size-full wp-lightbox-container\"><img decoding=\"async\" width=\"1600\" height=\"1067\" data-wp-class--hide=\"state.isContentHidden\" data-wp-class--show=\"state.isContentVisible\" data-wp-init=\"callbacks.setButtonStyles\" data-wp-on--click=\"actions.showLightbox\" data-wp-on--load=\"callbacks.setButtonStyles\" data-wp-on--pointerdown=\"actions.preloadImage\" data-wp-on--pointerenter=\"actions.preloadImageWithDelay\" data-wp-on--pointerleave=\"actions.cancelPreload\" data-wp-on-window--resize=\"callbacks.setButtonStyles\" src=\"https:\/\/loudavymkrokem.cz\/wp-content\/uploads\/2026\/08\/barcelona-vlak-r2-nord-je-nejlevnejsi-zachrana-px.jpg\" alt=\"Historisk stationsbyggnad i Spanien\" class=\"wp-image-376455\" title=\"\" srcset=\"https:\/\/loudavymkrokem.cz\/wp-content\/uploads\/2026\/08\/barcelona-vlak-r2-nord-je-nejlevnejsi-zachrana-px.jpg 1600w, https:\/\/loudavymkrokem.cz\/wp-content\/uploads\/2026\/08\/barcelona-vlak-r2-nord-je-nejlevnejsi-zachrana-px-300x200.jpg 300w, https:\/\/loudavymkrokem.cz\/wp-content\/uploads\/2026\/08\/barcelona-vlak-r2-nord-je-nejlevnejsi-zachrana-px-700x467.jpg 700w, https:\/\/loudavymkrokem.cz\/wp-content\/uploads\/2026\/08\/barcelona-vlak-r2-nord-je-nejlevnejsi-zachrana-px-768x512.jpg 768w, https:\/\/loudavymkrokem.cz\/wp-content\/uploads\/2026\/08\/barcelona-vlak-r2-nord-je-nejlevnejsi-zachrana-px-1536x1024.jpg 1536w, https:\/\/loudavymkrokem.cz\/wp-content\/uploads\/2026\/08\/barcelona-vlak-r2-nord-je-nejlevnejsi-zachrana-px-696x464.jpg 696w, https:\/\/loudavymkrokem.cz\/wp-content\/uploads\/2026\/08\/barcelona-vlak-r2-nord-je-nejlevnejsi-zachrana-px-1392x928.jpg 1392w\" sizes=\"(max-width: 1600px) 100vw, 1600px\" \/><button\n\t\t\tclass=\"lightbox-trigger\"\n\t\t\ttype=\"button\"\n\t\t\taria-haspopup=\"dialog\"\n\t\t\tdata-wp-bind--aria-label=\"state.thisImage.triggerButtonAriaLabel\"\n\t\t\tdata-wp-init=\"callbacks.initTriggerButton\"\n\t\t\tdata-wp-on--click=\"actions.showLightbox\"\n\t\t\tdata-wp-style--right=\"state.thisImage.buttonRight\"\n\t\t\tdata-wp-style--top=\"state.thisImage.buttonTop\"\n\t\t>\n\t\t\t<svg xmlns=\"http:\/\/www.w3.org\/2000\/svg\" width=\"12\" height=\"12\" fill=\"none\" viewBox=\"0 0 12 12\">\n\t\t\t\t<path fill=\"#fff\" d=\"M2 0a2 2 0 0 0-2 2v2h1.5V2a.5.5 0 0 1 .5-.5h2V0H2Zm2 10.5H2a.5.5 0 0 1-.5-.5V8H0v2a2 2 0 0 0 2 2h2v-1.5ZM8 12v-1.5h2a.5.5 0 0 0 .5-.5V8H12v2a2 2 0 0 1-2 2H8Zm2-12a2 2 0 0 1 2 2v2h-1.5V2a.5.5 0 0 0-.5-.5H8V0h2Z\" \/>\n\t\t\t<\/svg>\n\t\t<\/button><\/figure>\n\n\n\n<h3 class=\"wp-block-heading\"><span class=\"ez-toc-section\" id=\"2_Ungefarliga_biljettpriser_och_nar_du_ska_kopa\"><\/span>2. Ungef\u00e4rliga biljettpriser och n\u00e4r du ska k\u00f6pa<span class=\"ez-toc-section-end\"><\/span><\/h3>\n\n\n\n<p class=\"wp-block-paragraph\">N\u00e4r du b\u00f6rjar leta efter flygbiljetter till Barcelona kommer s\u00f6kmotorerna troligen att spotta ut otroligt lockande siffror som du helt enkelt m\u00e5ste vara mycket f\u00f6rsiktig med. K\u00e4nda prisj\u00e4mf\u00f6rare kan visa <strong>de billigaste biljetterna fr\u00e5n runt 600 kr<\/strong>, medan de regulj\u00e4ra bolagen annonserar linjer med prislappar fr\u00e5n drygt 1 100 kr. Det l\u00e5ter som en uppfylld dr\u00f6m om billig semester, men verkligheten under h\u00f6gs\u00e4song ligger tyv\u00e4rr helt annorlunda.<\/p>\n\n\n\n<p class=\"wp-block-paragraph\">L\u00e5t dig inte luras av marknadsf\u00f6ringens fina siffror, f\u00f6r dessa magiska belopp g\u00e4ller oftast bara f\u00f6r de minst attraktiva datumen mitt i den r\u00e5kalla november. R\u00e4knar man p\u00e5 ett snitt landar en enkel biljett fr\u00e5n Sverige till Barcelona ofta runt <strong>1 100 kr<\/strong>, och d\u00e5 pratar vi fortfarande bara om en riktning och helt utan bagage. S\u00e5 fort du i juli eller augusti l\u00e4gger till en vanlig kabinv\u00e4ska och vill sitta bredvid din partner, r\u00e4kna hellre med ett belopp p\u00e5 \u00f6ver 1 600 kr per resa.<\/p>\n\n\n\n<p class=\"wp-block-paragraph\">Det v\u00e4rsta misstaget \u00e4r att k\u00f6pa biljetter i sista stund, d\u00e5 l\u00e5gprisbolagens priser l\u00e4tt kan skjuta i h\u00f6jden till tre g\u00e5nger sitt normala v\u00e4rde. <strong>Den idealiska tidpunkten f\u00f6r k\u00f6p \u00e4r ungef\u00e4r tv\u00e5 till tre m\u00e5nader f\u00f6re avresa<\/strong>, d\u00e5 flygbolagen \u00e4nnu inte har fyllt sin kapacitet och erbjuder rimliga priser f\u00f6r vanliga d\u00f6dliga.<\/p>\n\n\n\n<p class=\"wp-block-paragraph\">\ud83d\udca1 Tips: \u00c4r du flexibel med semesterdatumet, prova att flyga mitt i veckan ist\u00e4llet f\u00f6r fredag kv\u00e4ll, eftersom <strong>tisdags- och onsdagsflyg statistiskt sett brukar vara billigast<\/strong> under hela veckan och du sparar \u00e4ven p\u00e5 boendet.<\/p>\n\n\n\n<figure data-wp-context=\"{&quot;imageId&quot;:&quot;6a9be89acfb6c&quot;}\" data-wp-interactive=\"core\/image\" data-wp-key=\"6a9be89acfb6c\" class=\"wp-block-image size-full wp-lightbox-container\"><img decoding=\"async\" width=\"1600\" height=\"900\" data-wp-class--hide=\"state.isContentHidden\" data-wp-class--show=\"state.isContentVisible\" data-wp-init=\"callbacks.setButtonStyles\" data-wp-on--click=\"actions.showLightbox\" data-wp-on--load=\"callbacks.setButtonStyles\" data-wp-on--pointerdown=\"actions.preloadImage\" data-wp-on--pointerenter=\"actions.preloadImageWithDelay\" data-wp-on--pointerleave=\"actions.cancelPreload\" data-wp-on-window--resize=\"callbacks.setButtonStyles\" src=\"https:\/\/loudavymkrokem.cz\/wp-content\/uploads\/2026\/08\/barcelona-ryanair-a-nizkonakladove-pasti-se-za-px.jpg\" alt=\"Ryanair-plan under start\" class=\"wp-image-376473\" title=\"\" srcset=\"https:\/\/loudavymkrokem.cz\/wp-content\/uploads\/2026\/08\/barcelona-ryanair-a-nizkonakladove-pasti-se-za-px.jpg 1600w, https:\/\/loudavymkrokem.cz\/wp-content\/uploads\/2026\/08\/barcelona-ryanair-a-nizkonakladove-pasti-se-za-px-300x169.jpg 300w, https:\/\/loudavymkrokem.cz\/wp-content\/uploads\/2026\/08\/barcelona-ryanair-a-nizkonakladove-pasti-se-za-px-700x394.jpg 700w, https:\/\/loudavymkrokem.cz\/wp-content\/uploads\/2026\/08\/barcelona-ryanair-a-nizkonakladove-pasti-se-za-px-768x432.jpg 768w, https:\/\/loudavymkrokem.cz\/wp-content\/uploads\/2026\/08\/barcelona-ryanair-a-nizkonakladove-pasti-se-za-px-1536x864.jpg 1536w, https:\/\/loudavymkrokem.cz\/wp-content\/uploads\/2026\/08\/barcelona-ryanair-a-nizkonakladove-pasti-se-za-px-696x392.jpg 696w, https:\/\/loudavymkrokem.cz\/wp-content\/uploads\/2026\/08\/barcelona-ryanair-a-nizkonakladove-pasti-se-za-px-1392x783.jpg 1392w\" sizes=\"(max-width: 1600px) 100vw, 1600px\" \/><button\n\t\t\tclass=\"lightbox-trigger\"\n\t\t\ttype=\"button\"\n\t\t\taria-haspopup=\"dialog\"\n\t\t\tdata-wp-bind--aria-label=\"state.thisImage.triggerButtonAriaLabel\"\n\t\t\tdata-wp-init=\"callbacks.initTriggerButton\"\n\t\t\tdata-wp-on--click=\"actions.showLightbox\"\n\t\t\tdata-wp-style--right=\"state.thisImage.buttonRight\"\n\t\t\tdata-wp-style--top=\"state.thisImage.buttonTop\"\n\t\t>\n\t\t\t<svg xmlns=\"http:\/\/www.w3.org\/2000\/svg\" width=\"12\" height=\"12\" fill=\"none\" viewBox=\"0 0 12 12\">\n\t\t\t\t<path fill=\"#fff\" d=\"M2 0a2 2 0 0 0-2 2v2h1.5V2a.5.5 0 0 1 .5-.5h2V0H2Zm2 10.5H2a.5.5 0 0 1-.5-.5V8H0v2a2 2 0 0 0 2 2h2v-1.5ZM8 12v-1.5h2a.5.5 0 0 0 .5-.5V8H12v2a2 2 0 0 1-2 2H8Zm2-12a2 2 0 0 1 2 2v2h-1.5V2a.5.5 0 0 0-.5-.5H8V0h2Z\" \/>\n\t\t\t<\/svg>\n\t\t<\/button><figcaption class=\"wp-element-caption\">Foto: Grzegorz  Lewandowski \/ Pexels<\/figcaption><\/figure>\n\n\n\n<h3 class=\"wp-block-heading\"><span class=\"ez-toc-section\" id=\"3_Ryanair_och_lagprisbolagens_bagagefallor\"><\/span>3. Ryanair och l\u00e5gprisbolagens bagagef\u00e4llor<span class=\"ez-toc-section-end\"><\/span><\/h3>\n\n\n\n<p class=\"wp-block-paragraph\">Du k\u00f6per en biljett f\u00f6r n\u00e5gra hundralappar och k\u00e4nner dig fantastisk \u00f6ver att \u00e4ntligen ha lurat hela flygsystemet. Sedan kommer du fram till gaten och det irl\u00e4ndska bolaget skriver ut en r\u00e4kning som f\u00e5r \u00f6gonen att snurra. S\u00e4rskilt hos Ryanair <strong>\u00e4r bagagepolicyn ett h\u00e5rt spel<\/strong> som medvetet riktas mot minsta m\u00f6jliga misstag hos ouppm\u00e4rksamma resen\u00e4rer.<\/p>\n\n\n\n<p class=\"wp-block-paragraph\">I grundpriset ing\u00e5r n\u00e4mligen bara en liten personlig v\u00e4ska vars <strong>m\u00e5tt \u00e4r strikt begr\u00e4nsade till 40 \u00d7 20 \u00d7 25 centimeter<\/strong>. Den lilla ryggs\u00e4cken m\u00e5ste ovillkorligen f\u00e5 plats under s\u00e4tet framf\u00f6r dig, och flygplatspersonalen m\u00e4ter det ofta helt kompromissl\u00f6st vid gaten. Vill du ta med en vanlig kabinv\u00e4ska upp till tio kilo med m\u00e5tten 55 \u00d7 40 \u00d7 20 centimeter, m\u00e5ste du redan vid k\u00f6pet betala extra f\u00f6r tj\u00e4nsten Priority.<\/p>\n\n\n\n<p class=\"wp-block-paragraph\">H\u00e4r sl\u00e5r f\u00e4llan oftast igen mot alla som inte l\u00e4ser reglerna \u00e4nda till slutet. Den som inte k\u00f6per Priority i tid och kommer med en st\u00f6rre v\u00e4ska \u00e4nda fram till gaten <strong>betalar en h\u00e5rd straffavgift p\u00e5 35 \u20ac (cirka 400 kr)<\/strong> f\u00f6r det icke godk\u00e4nda bagaget. \u00c4r din v\u00e4ska till och med st\u00f6rre \u00e4n till\u00e5tna gr\u00e4nser skjuter b\u00f6terna omedelbart upp till otroliga 69,99 \u20ac (cirka 800 kr).<\/p>\n\n\n\n<p class=\"wp-block-paragraph\">\ud83d\udca1 Tips: M\u00e4t alltid ryggs\u00e4cken med m\u00e5ttband redan hemma och lita inte p\u00e5 att <strong>du p\u00e5 n\u00e5got s\u00e4tt smugglar in den obem\u00e4rkt vid gaten<\/strong>, eftersom stickprovskontroller av m\u00e5tt \u00e4r extremt vanliga p\u00e5 flyg till Spanien.<\/p>\n\n\n\n<figure data-wp-context=\"{&quot;imageId&quot;:&quot;6a9be89ad0167&quot;}\" data-wp-interactive=\"core\/image\" data-wp-key=\"6a9be89ad0167\" class=\"wp-block-image size-full wp-lightbox-container\"><img decoding=\"async\" width=\"1600\" height=\"1067\" data-wp-class--hide=\"state.isContentHidden\" data-wp-class--show=\"state.isContentVisible\" data-wp-init=\"callbacks.setButtonStyles\" data-wp-on--click=\"actions.showLightbox\" data-wp-on--load=\"callbacks.setButtonStyles\" data-wp-on--pointerdown=\"actions.preloadImage\" data-wp-on--pointerenter=\"actions.preloadImageWithDelay\" data-wp-on--pointerleave=\"actions.cancelPreload\" data-wp-on-window--resize=\"callbacks.setButtonStyles\" src=\"https:\/\/loudavymkrokem.cz\/wp-content\/uploads\/2026\/08\/barcelona-vueling-a-jejich-odstupnovana-kila-px.jpg\" alt=\"Flygplan p\u00e5 plattan vid Barcelona El Prat flygplats\" class=\"wp-image-376474\" title=\"\" srcset=\"https:\/\/loudavymkrokem.cz\/wp-content\/uploads\/2026\/08\/barcelona-vueling-a-jejich-odstupnovana-kila-px.jpg 1600w, https:\/\/loudavymkrokem.cz\/wp-content\/uploads\/2026\/08\/barcelona-vueling-a-jejich-odstupnovana-kila-px-300x200.jpg 300w, https:\/\/loudavymkrokem.cz\/wp-content\/uploads\/2026\/08\/barcelona-vueling-a-jejich-odstupnovana-kila-px-700x467.jpg 700w, https:\/\/loudavymkrokem.cz\/wp-content\/uploads\/2026\/08\/barcelona-vueling-a-jejich-odstupnovana-kila-px-768x512.jpg 768w, https:\/\/loudavymkrokem.cz\/wp-content\/uploads\/2026\/08\/barcelona-vueling-a-jejich-odstupnovana-kila-px-1536x1024.jpg 1536w, https:\/\/loudavymkrokem.cz\/wp-content\/uploads\/2026\/08\/barcelona-vueling-a-jejich-odstupnovana-kila-px-696x464.jpg 696w, https:\/\/loudavymkrokem.cz\/wp-content\/uploads\/2026\/08\/barcelona-vueling-a-jejich-odstupnovana-kila-px-1392x928.jpg 1392w\" sizes=\"(max-width: 1600px) 100vw, 1600px\" \/><button\n\t\t\tclass=\"lightbox-trigger\"\n\t\t\ttype=\"button\"\n\t\t\taria-haspopup=\"dialog\"\n\t\t\tdata-wp-bind--aria-label=\"state.thisImage.triggerButtonAriaLabel\"\n\t\t\tdata-wp-init=\"callbacks.initTriggerButton\"\n\t\t\tdata-wp-on--click=\"actions.showLightbox\"\n\t\t\tdata-wp-style--right=\"state.thisImage.buttonRight\"\n\t\t\tdata-wp-style--top=\"state.thisImage.buttonTop\"\n\t\t>\n\t\t\t<svg xmlns=\"http:\/\/www.w3.org\/2000\/svg\" width=\"12\" height=\"12\" fill=\"none\" viewBox=\"0 0 12 12\">\n\t\t\t\t<path fill=\"#fff\" d=\"M2 0a2 2 0 0 0-2 2v2h1.5V2a.5.5 0 0 1 .5-.5h2V0H2Zm2 10.5H2a.5.5 0 0 1-.5-.5V8H0v2a2 2 0 0 0 2 2h2v-1.5ZM8 12v-1.5h2a.5.5 0 0 0 .5-.5V8H12v2a2 2 0 0 1-2 2H8Zm2-12a2 2 0 0 1 2 2v2h-1.5V2a.5.5 0 0 0-.5-.5H8V0h2Z\" \/>\n\t\t\t<\/svg>\n\t\t<\/button><figcaption class=\"wp-element-caption\">Foto: Noland Live \/ Pexels<\/figcaption><\/figure>\n\n\n\n<h3 class=\"wp-block-heading\"><span class=\"ez-toc-section\" id=\"4_Vueling_och_deras_graderade_kilon\"><\/span>4. Vueling och deras graderade kilon<span class=\"ez-toc-section-end\"><\/span><\/h3>\n\n\n\n<p class=\"wp-block-paragraph\">Det spanska l\u00e5gprisbolaget Vueling, som har sin st\u00f6rsta huvudbas direkt i Barcelona, spelar ett lite annorlunda och vid f\u00f6rsta anblicken v\u00e4nligare spel med passagerarna. Det fokuserar n\u00e4mligen p\u00e5 <strong>en mycket detaljerad gradering av vikten p\u00e5 incheckat bagage<\/strong>, vilket teoretiskt ger dig en utm\u00e4rkt m\u00f6jlighet att betala exakt f\u00f6r det du faktiskt beh\u00f6ver och anv\u00e4nder.<\/p>\n\n\n\n<p class=\"wp-block-paragraph\">Reser du l\u00e4tt och inte beh\u00f6ver sl\u00e4pa p\u00e5 on\u00f6digheter, <strong>f\u00e5r du en femtonkilos v\u00e4ska i f\u00f6rk\u00f6p fr\u00e5n cirka 90 kr<\/strong>. Ett st\u00f6rre tjugokilos bagage kostar dig ungef\u00e4r 110 kr och f\u00f6r en v\u00e4ska p\u00e5 tjugofem kilo betalar du fr\u00e5n cirka 160 kr. Det l\u00e5ter helt schysst och transparent \u00e4nda tills du p\u00e5 flygplatsen \u00f6verskrider din k\u00f6pta gr\u00e4ns med bara ett enda kilo.<\/p>\n\n\n\n<p class=\"wp-block-paragraph\">S\u00e5 fort v\u00e5gen vid incheckningsdisken visar mer \u00e4n du officiellt betalat f\u00f6r, f\u00f6rsvinner flygplatspersonalens leenden snabbt och <strong>tjocka \u00f6vervikt\u00adsavgifter f\u00f6ljer, debiterade per kilogram<\/strong>. D\u00e4rf\u00f6r l\u00f6nar det sig verkligen att v\u00e4ga den fulla v\u00e4skan redan hemma p\u00e5 en personv\u00e5g och hellre k\u00f6pa en marginal p\u00e5 fem kilo extra f\u00f6r ett par kronor.<\/p>\n\n\n\n<p class=\"wp-block-paragraph\">\ud83d\udca1 Tips: Vueling erbjuder i sina dyrare tariffer m\u00f6jlighet till gratis ombokning, vilket <strong>kan komma v\u00e4l till pass vid of\u00f6ruts\u00e4gbar planering av sommarsemestern<\/strong>, n\u00e4r familjeplanerna \u00e4ndras bokstavligen fr\u00e5n dag till dag.<\/p>\n\n\n\n<figure data-wp-context=\"{&quot;imageId&quot;:&quot;6a9be89ad074d&quot;}\" data-wp-interactive=\"core\/image\" data-wp-key=\"6a9be89ad074d\" class=\"wp-block-image size-full wp-lightbox-container\"><img decoding=\"async\" width=\"1600\" height=\"900\" data-wp-class--hide=\"state.isContentHidden\" data-wp-class--show=\"state.isContentVisible\" data-wp-init=\"callbacks.setButtonStyles\" data-wp-on--click=\"actions.showLightbox\" data-wp-on--load=\"callbacks.setButtonStyles\" data-wp-on--pointerdown=\"actions.preloadImage\" data-wp-on--pointerenter=\"actions.preloadImageWithDelay\" data-wp-on--pointerleave=\"actions.cancelPreload\" data-wp-on-window--resize=\"callbacks.setButtonStyles\" src=\"https:\/\/loudavymkrokem.cz\/wp-content\/uploads\/2026\/08\/barcelona-pozor-na-letni-skrty-u-smartwings-px.jpg\" alt=\"Flygplan p\u00e5 plattan\" class=\"wp-image-376475\" title=\"\" srcset=\"https:\/\/loudavymkrokem.cz\/wp-content\/uploads\/2026\/08\/barcelona-pozor-na-letni-skrty-u-smartwings-px.jpg 1600w, https:\/\/loudavymkrokem.cz\/wp-content\/uploads\/2026\/08\/barcelona-pozor-na-letni-skrty-u-smartwings-px-300x169.jpg 300w, https:\/\/loudavymkrokem.cz\/wp-content\/uploads\/2026\/08\/barcelona-pozor-na-letni-skrty-u-smartwings-px-700x394.jpg 700w, https:\/\/loudavymkrokem.cz\/wp-content\/uploads\/2026\/08\/barcelona-pozor-na-letni-skrty-u-smartwings-px-768x432.jpg 768w, https:\/\/loudavymkrokem.cz\/wp-content\/uploads\/2026\/08\/barcelona-pozor-na-letni-skrty-u-smartwings-px-1536x864.jpg 1536w, https:\/\/loudavymkrokem.cz\/wp-content\/uploads\/2026\/08\/barcelona-pozor-na-letni-skrty-u-smartwings-px-696x392.jpg 696w, https:\/\/loudavymkrokem.cz\/wp-content\/uploads\/2026\/08\/barcelona-pozor-na-letni-skrty-u-smartwings-px-1392x783.jpg 1392w\" sizes=\"(max-width: 1600px) 100vw, 1600px\" \/><button\n\t\t\tclass=\"lightbox-trigger\"\n\t\t\ttype=\"button\"\n\t\t\taria-haspopup=\"dialog\"\n\t\t\tdata-wp-bind--aria-label=\"state.thisImage.triggerButtonAriaLabel\"\n\t\t\tdata-wp-init=\"callbacks.initTriggerButton\"\n\t\t\tdata-wp-on--click=\"actions.showLightbox\"\n\t\t\tdata-wp-style--right=\"state.thisImage.buttonRight\"\n\t\t\tdata-wp-style--top=\"state.thisImage.buttonTop\"\n\t\t>\n\t\t\t<svg xmlns=\"http:\/\/www.w3.org\/2000\/svg\" width=\"12\" height=\"12\" fill=\"none\" viewBox=\"0 0 12 12\">\n\t\t\t\t<path fill=\"#fff\" d=\"M2 0a2 2 0 0 0-2 2v2h1.5V2a.5.5 0 0 1 .5-.5h2V0H2Zm2 10.5H2a.5.5 0 0 1-.5-.5V8H0v2a2 2 0 0 0 2 2h2v-1.5ZM8 12v-1.5h2a.5.5 0 0 0 .5-.5V8H12v2a2 2 0 0 1-2 2H8Zm2-12a2 2 0 0 1 2 2v2h-1.5V2a.5.5 0 0 0-.5-.5H8V0h2Z\" \/>\n\t\t\t<\/svg>\n\t\t<\/button><figcaption class=\"wp-element-caption\">Foto: Dan Wright \/ Pexels<\/figcaption><\/figure>\n\n\n\n<h3 class=\"wp-block-heading\"><span class=\"ez-toc-section\" id=\"5_Se_upp_for_nedskarningar_under_sommaren\"><\/span>5. Se upp f\u00f6r nedsk\u00e4rningar under sommaren<span class=\"ez-toc-section-end\"><\/span><\/h3>\n\n\n\n<p class=\"wp-block-paragraph\">M\u00e5nga bolag brukar vara en s\u00e4ker satsning f\u00f6r svenska resen\u00e4rer, men 2026 m\u00e5ste du vara extra vaksam n\u00e4r du bokar semester. Enligt officiell information har flera bolag under sommars\u00e4songen <strong>kraftigt dragit ner frekvensen p\u00e5 en del popul\u00e4ra linjer<\/strong> och till och med helt slopat vissa f\u00f6rbindelser till st\u00e4der runtom i Europa.<\/p>\n\n\n\n<p class=\"wp-block-paragraph\">\u00c4ven om Barcelona lyckligtvis inte fanns bland de officiellt slopade f\u00f6rbindelserna och bolagen forts\u00e4tter att flyga dit, \u00e4r det en tydlig signal om att <strong>sommartidtabellerna kan \u00e4ndras mycket dynamiskt<\/strong> beroende p\u00e5 aktuell bel\u00e4ggning. Det finns inget v\u00e4rre \u00e4n att boka ett dyrt hotell vid stranden och n\u00e5gra veckor f\u00f6re avresa uppt\u00e4cka att ditt tisdagsflyg pl\u00f6tsligt flyttats till torsdag morgon.<\/p>\n\n\n\n<p class=\"wp-block-paragraph\">Alla ungef\u00e4rliga tider och konkreta avg\u00e5ngsdagar b\u00f6r du d\u00e4rf\u00f6r <strong>alltid kontrollera noga direkt p\u00e5 operat\u00f6rens officiella webbplats<\/strong> precis innan det slutliga biljettk\u00f6pet. Lita aldrig bara p\u00e5 \u00e4ldre data fr\u00e5n de stora s\u00f6kmotorerna, som kan ha en liten f\u00f6rdr\u00f6jning i uppdateringen av sina system och erbjuda flyg som inte finns.<\/p>\n\n\n\n<p class=\"wp-block-paragraph\">\ud83d\udca1 Tips: Om flygbolaget st\u00e4ller in ditt flyg mindre \u00e4n fjorton dagar f\u00f6re avresa <strong>har du enligt EU-regler r\u00e4tt till en gener\u00f6s ekonomisk kompensation<\/strong>, s\u00e5 h\u00e5ll definitivt koll p\u00e5 dina r\u00e4ttigheter.<\/p>\n\n\n\n<figure data-wp-context=\"{&quot;imageId&quot;:&quot;6a9be89ad0dd0&quot;}\" data-wp-interactive=\"core\/image\" data-wp-key=\"6a9be89ad0dd0\" class=\"wp-block-image size-full wp-lightbox-container\"><img decoding=\"async\" width=\"2000\" height=\"1333\" data-wp-class--hide=\"state.isContentHidden\" data-wp-class--show=\"state.isContentVisible\" data-wp-init=\"callbacks.setButtonStyles\" data-wp-on--click=\"actions.showLightbox\" data-wp-on--load=\"callbacks.setButtonStyles\" data-wp-on--pointerdown=\"actions.preloadImage\" data-wp-on--pointerenter=\"actions.preloadImageWithDelay\" data-wp-on--pointerleave=\"actions.cancelPreload\" data-wp-on-window--resize=\"callbacks.setButtonStyles\" src=\"https:\/\/loudavymkrokem.cz\/wp-content\/uploads\/2026\/08\/barcelona-strecha-vyhled.jpg\" alt=\"Utsikt \u00f6ver gamla stadens tak i Barcelona fr\u00e5n en takterrass\" class=\"wp-image-376351\" title=\"\" srcset=\"https:\/\/loudavymkrokem.cz\/wp-content\/uploads\/2026\/08\/barcelona-strecha-vyhled.jpg 2000w, https:\/\/loudavymkrokem.cz\/wp-content\/uploads\/2026\/08\/barcelona-strecha-vyhled-300x200.jpg 300w, https:\/\/loudavymkrokem.cz\/wp-content\/uploads\/2026\/08\/barcelona-strecha-vyhled-700x467.jpg 700w, https:\/\/loudavymkrokem.cz\/wp-content\/uploads\/2026\/08\/barcelona-strecha-vyhled-768x512.jpg 768w, https:\/\/loudavymkrokem.cz\/wp-content\/uploads\/2026\/08\/barcelona-strecha-vyhled-1536x1024.jpg 1536w, https:\/\/loudavymkrokem.cz\/wp-content\/uploads\/2026\/08\/barcelona-strecha-vyhled-696x464.jpg 696w, https:\/\/loudavymkrokem.cz\/wp-content\/uploads\/2026\/08\/barcelona-strecha-vyhled-1392x928.jpg 1392w, https:\/\/loudavymkrokem.cz\/wp-content\/uploads\/2026\/08\/barcelona-strecha-vyhled-1920x1280.jpg 1920w\" sizes=\"(max-width: 2000px) 100vw, 2000px\" \/><button\n\t\t\tclass=\"lightbox-trigger\"\n\t\t\ttype=\"button\"\n\t\t\taria-haspopup=\"dialog\"\n\t\t\tdata-wp-bind--aria-label=\"state.thisImage.triggerButtonAriaLabel\"\n\t\t\tdata-wp-init=\"callbacks.initTriggerButton\"\n\t\t\tdata-wp-on--click=\"actions.showLightbox\"\n\t\t\tdata-wp-style--right=\"state.thisImage.buttonRight\"\n\t\t\tdata-wp-style--top=\"state.thisImage.buttonTop\"\n\t\t>\n\t\t\t<svg xmlns=\"http:\/\/www.w3.org\/2000\/svg\" width=\"12\" height=\"12\" fill=\"none\" viewBox=\"0 0 12 12\">\n\t\t\t\t<path fill=\"#fff\" d=\"M2 0a2 2 0 0 0-2 2v2h1.5V2a.5.5 0 0 1 .5-.5h2V0H2Zm2 10.5H2a.5.5 0 0 1-.5-.5V8H0v2a2 2 0 0 0 2 2h2v-1.5ZM8 12v-1.5h2a.5.5 0 0 0 .5-.5V8H12v2a2 2 0 0 1-2 2H8Zm2-12a2 2 0 0 1 2 2v2h-1.5V2a.5.5 0 0 0-.5-.5H8V0h2Z\" \/>\n\t\t\t<\/svg>\n\t\t<\/button><\/figure>\n\n\n\n<h3 class=\"wp-block-heading\"><span class=\"ez-toc-section\" id=\"6_De_falska_flygplatserna_Girona_och_Reus\"><\/span>6. De falska flygplatserna Girona och Reus<span class=\"ez-toc-section-end\"><\/span><\/h3>\n\n\n\n<p class=\"wp-block-paragraph\">I m\u00e5nga \u00e5r g\u00e4llde en riktigt l\u00f6msk regel: de billigaste biljetterna med den enorma texten \u201dBarcelona\u201d tog dig i sj\u00e4lva verket inte alls till Barcelona. L\u00e5gprisbolagen gillar n\u00e4mligen att anv\u00e4nda <strong>flygplatsen Girona\u2013Costa Brava i norr och flygplatsen Reus i s\u00f6der<\/strong>, som b\u00e5da ligger runt hundra kilometer fr\u00e5n sj\u00e4lva den katalanska metropolen och kr\u00e4ver vidare transport.<\/p>\n\n\n\n<p class=\"wp-block-paragraph\">Den viktigaste varningen f\u00f6r 2026 \u00e4r att <strong>direktflyg till Girona eller Reus knappt f\u00f6rekommer i sommartidtabellerna<\/strong>. S\u00f6kmotorer kan visserligen visa f\u00f6rbindelser med priser fr\u00e5n 90 till 135 dollar, men n\u00e4r du klickar upp dem uppt\u00e4cker du att det alltid r\u00f6r sig om mycket l\u00e5ngdragna flyg med byte som inte ger n\u00e5gon mening f\u00f6r en kort semester.<\/p>\n\n\n\n<p class=\"wp-block-paragraph\">\u00c4ven om du skulle hitta ett s\u00e5dant flyg via en annan stad, r\u00e4kna noga p\u00e5 den brutala transferf\u00e4llan i f\u00f6rv\u00e4g. Bussarna p\u00e5 linje 604 fr\u00e5n bolaget Sagal\u00e9s fr\u00e5n Girona till stationen Estaci\u00f3 del Nord <strong>kostar 22 \u20ac (cirka 250 kr) per enkel resa<\/strong> och resan tar \u00f6ver en och en kvarts timme. Fr\u00e5n Reus g\u00e5r bolaget Hispano Igualadina f\u00f6r ungef\u00e4r 15 \u20ac enkel v\u00e4g och resan drar ut p\u00e5 en timme och tjugo minuter. Dessa bussar v\u00e4ntar visserligen p\u00e5 ankomster, men p\u00e5 v\u00e4gen tillbaka m\u00e5ste du h\u00e5lla koll p\u00e5 avg\u00e5ngen sj\u00e4lv.<\/p>\n\n\n\n<p class=\"wp-block-paragraph\">\ud83d\udca1 Tips: Dessa avl\u00e4gsna flygplatser \u00e4r logiska bara om <strong>din semester prim\u00e4rt \u00e4r p\u00e5 v\u00e4g till str\u00e4nderna vid Costa Brava eller n\u00f6jesparken PortAventura<\/strong>, annars g\u00f6r du b\u00e4st i att undvika dem helt.<\/p>\n\n\n\n<figure data-wp-context=\"{&quot;imageId&quot;:&quot;6a9be89ad1328&quot;}\" data-wp-interactive=\"core\/image\" data-wp-key=\"6a9be89ad1328\" class=\"wp-block-image size-full wp-lightbox-container\"><img decoding=\"async\" width=\"1600\" height=\"1065\" data-wp-class--hide=\"state.isContentHidden\" data-wp-class--show=\"state.isContentVisible\" data-wp-init=\"callbacks.setButtonStyles\" data-wp-on--click=\"actions.showLightbox\" data-wp-on--load=\"callbacks.setButtonStyles\" data-wp-on--pointerdown=\"actions.preloadImage\" data-wp-on--pointerenter=\"actions.preloadImageWithDelay\" data-wp-on--pointerleave=\"actions.cancelPreload\" data-wp-on-window--resize=\"callbacks.setButtonStyles\" src=\"https:\/\/loudavymkrokem.cz\/wp-content\/uploads\/2026\/08\/barcelona-den-1-a-2-to-nejdulezitejsi-z-metrop-px.jpg\" alt=\"Perrong i Barcelonas tunnelbana\" class=\"wp-image-376542\" title=\"\" srcset=\"https:\/\/loudavymkrokem.cz\/wp-content\/uploads\/2026\/08\/barcelona-den-1-a-2-to-nejdulezitejsi-z-metrop-px.jpg 1600w, https:\/\/loudavymkrokem.cz\/wp-content\/uploads\/2026\/08\/barcelona-den-1-a-2-to-nejdulezitejsi-z-metrop-px-300x200.jpg 300w, https:\/\/loudavymkrokem.cz\/wp-content\/uploads\/2026\/08\/barcelona-den-1-a-2-to-nejdulezitejsi-z-metrop-px-700x466.jpg 700w, https:\/\/loudavymkrokem.cz\/wp-content\/uploads\/2026\/08\/barcelona-den-1-a-2-to-nejdulezitejsi-z-metrop-px-768x511.jpg 768w, https:\/\/loudavymkrokem.cz\/wp-content\/uploads\/2026\/08\/barcelona-den-1-a-2-to-nejdulezitejsi-z-metrop-px-1536x1022.jpg 1536w, https:\/\/loudavymkrokem.cz\/wp-content\/uploads\/2026\/08\/barcelona-den-1-a-2-to-nejdulezitejsi-z-metrop-px-696x463.jpg 696w, https:\/\/loudavymkrokem.cz\/wp-content\/uploads\/2026\/08\/barcelona-den-1-a-2-to-nejdulezitejsi-z-metrop-px-1392x927.jpg 1392w\" sizes=\"(max-width: 1600px) 100vw, 1600px\" \/><button\n\t\t\tclass=\"lightbox-trigger\"\n\t\t\ttype=\"button\"\n\t\t\taria-haspopup=\"dialog\"\n\t\t\tdata-wp-bind--aria-label=\"state.thisImage.triggerButtonAriaLabel\"\n\t\t\tdata-wp-init=\"callbacks.initTriggerButton\"\n\t\t\tdata-wp-on--click=\"actions.showLightbox\"\n\t\t\tdata-wp-style--right=\"state.thisImage.buttonRight\"\n\t\t\tdata-wp-style--top=\"state.thisImage.buttonTop\"\n\t\t>\n\t\t\t<svg xmlns=\"http:\/\/www.w3.org\/2000\/svg\" width=\"12\" height=\"12\" fill=\"none\" viewBox=\"0 0 12 12\">\n\t\t\t\t<path fill=\"#fff\" d=\"M2 0a2 2 0 0 0-2 2v2h1.5V2a.5.5 0 0 1 .5-.5h2V0H2Zm2 10.5H2a.5.5 0 0 1-.5-.5V8H0v2a2 2 0 0 0 2 2h2v-1.5ZM8 12v-1.5h2a.5.5 0 0 0 .5-.5V8H12v2a2 2 0 0 1-2 2H8Zm2-12a2 2 0 0 1 2 2v2h-1.5V2a.5.5 0 0 0-.5-.5H8V0h2Z\" \/>\n\t\t\t<\/svg>\n\t\t<\/button><\/figure>\n\n\n\n<!-- LKM_GYG_CARD start q=\"letenky barcelona\" lang=\"sv\" --><!-- LKM_GYG_CARD end -->\n\n\n\n\n<div class=\"lk-stays-module\">\n<style>\n\/* \u2500\u2500\u2500 RESET PRO GUTENBERG \u2500\u2500\u2500 *\/\n.lk-stays-module * { box-sizing: border-box; margin: 0; padding: 0; }\n\n\/* \u2500\u2500\u2500 WRAPPER \u2500\u2500\u2500 *\/\n.lk-stays-module {\n  font-family: 'DM Sans', Georgia, sans-serif;\n  max-width: 100%;\n  margin: 2.5rem auto;\n  background: linear-gradient(135deg, #fdfaf5 0%, #fcf8f0 100%);\n  border: 1px solid #e8dfd4;\n  border-radius: 16px;\n  overflow: hidden;\n  box-shadow: 0 16px 48px rgba(195, 159, 118, 0.25), 0 4px 12px rgba(0,0,0,0.08);\n}\n\n\/* \u2500\u2500\u2500 HEADER \u2500\u2500\u2500 *\/\n.lk-stays-header {\n  position: relative;\n  padding: 24px 36px 24px;\n  background: linear-gradient(135deg, #c39f76 0%, #d4b188 60%, #c39f76 100%);\n  border-bottom: 1px solid rgba(255,255,255,.15);\n  display: flex;\n  align-items: center;\n  gap: 18px;\n}\n.lk-stays-header::before {\n  content: '';\n  position: absolute;\n  inset: 0;\n  background: url(\"data:image\/svg+xml,%3Csvg width='60' height='60' viewBox='0 0 60 60' xmlns='http:\/\/www.w3.org\/2000\/svg'%3E%3Cg fill='none' fill-rule='evenodd'%3E%3Cg fill='%23ffffff' fill-opacity='0.05'%3E%3Cpath d='M36 34v-4h-2v4h-4v2h4v4h2v-4h4v-2h-4zm0-30V0h-2v4h-4v2h4v4h2V6h4V4h-4zM6 34v-4H4v4H0v2h4v4h2v-4h4v-2H6zM6 4V0H4v4H0v2h4v4h2V6h4V4H6z'\/%3E%3C\/g%3E%3C\/g%3E%3C\/svg%3E\") repeat;\n  pointer-events: none;\n}\n.lk-stays-icon {\n  flex-shrink: 0;\n  width: 68px;\n  height: 68px;\n  border-radius: 14px;\n  background: linear-gradient(135deg, #fff 0%, #f9f6f0 100%);\n  display: flex;\n  align-items: center;\n  justify-content: center;\n  font-size: 26px;\n  box-shadow: 0 4px 12px rgba(0,0,0,0.15);\n}\n.lk-stays-eyebrow {\n  font-size: 10px;\n  font-weight: 500;\n  letter-spacing: 2.5px;\n  text-transform: uppercase;\n  color: rgba(255,255,255,.85);\n  margin: 0 0 5px 0;\n}\n.lk-stays-title {\n  font-family: 'Playfair Display', Georgia, serif;\n  font-size: 24px;\n  font-weight: 700;\n  color: #fff;\n  line-height: 1.2;\n  text-shadow: 0 1px 2px rgba(0,0,0,0.1);\n  margin: 0;\n}\n.lk-stays-subtitle {\n  font-size: 13px;\n  color: rgba(255,255,255,.75);\n  margin: 4px 0 0 0;\n  font-weight: 300;\n}\n\n\/* \u2500\u2500\u2500 CARDS GRID \u2500\u2500\u2500 *\/\n.lk-stays-grid {\n  display: grid;\n  grid-template-columns: 1fr 1fr;\n  gap: 1px;\n  background: rgba(195, 159, 118, 0.12);\n}\n\n\/* \u2500\u2500\u2500 SINGLE CARD \u2500\u2500\u2500 *\/\n.lk-stay-card {\n  background: #ffffff;\n  padding: 26px;\n  display: flex;\n  flex-direction: column;\n  gap: 11px;\n  transition: all 0.3s ease;\n  text-decoration: none;\n  color: inherit;\n  position: relative;\n}\n.lk-stay-card:hover {\n  background: #fffbf5;\n  transform: translateY(-2px);\n  box-shadow: 0 8px 24px rgba(195, 159, 118, 0.18);\n  z-index: 1;\n}\n.lk-stay-card.featured {\n  background: linear-gradient(135deg, #fffdf9 0%, #fff9f0 100%);\n  box-shadow: 0 4px 16px rgba(195, 159, 118, 0.15), inset 0 1px 0 rgba(195, 159, 118, 0.1);\n}\n.lk-stay-card.featured:hover {\n  background: linear-gradient(135deg, #fffbf5 0%, #fff8ed 100%);\n  box-shadow: 0 8px 24px rgba(195, 159, 118, 0.25), inset 0 1px 0 rgba(195, 159, 118, 0.15);\n}\n\n.lk-stay-badge {\n  display: inline-flex;\n  align-items: center;\n  gap: 5px;\n  font-size: 10px;\n  font-weight: 500;\n  letter-spacing: 1.5px;\n  text-transform: uppercase;\n  padding: 5px 11px;\n  border-radius: 20px;\n  width: fit-content;\n}\n.badge-top     { background: linear-gradient(135deg, #c39f76 0%, #d4b188 100%); color: #fff; border: 1px solid #c39f76; font-weight: 600; box-shadow: 0 2px 8px rgba(195,159,118,0.3); }\n.badge-luxury  { background: rgba(195,159,118,.12); color: #c39f76; border: 1px solid rgba(195,159,118,.25); }\n.badge-boutique{ background: rgba(54,133,252,.08); color: #3685fc; border: 1px solid rgba(54,133,252,.2); }\n.badge-nature  { background: rgba(130,190,100,.1); color: #6b9c4a; border: 1px solid rgba(130,190,100,.2); }\n.badge-remote  { background: rgba(195,159,118,.12); color: #a67e50; border: 1px solid rgba(195,159,118,.25); }\n\n.lk-stay-name {\n  font-family: 'Playfair Display', Georgia, serif;\n  font-size: 18px;\n  font-weight: 700;\n  color: #111827;\n  line-height: 1.3;\n}\n.lk-stay-desc {\n  font-size: 13.5px;\n  color: #525252;\n  line-height: 1.65;\n  font-weight: 300;\n  flex: 1;\n}\n\n.lk-stay-meta {\n  display: flex;\n  align-items: center;\n  gap: 12px;\n  flex-wrap: wrap;\n  margin-top: 4px;\n}\n.lk-stay-price {\n  font-size: 13px;\n  color: #6b7280;\n}\n.lk-stay-price strong {\n  color: #c39f76;\n  font-weight: 500;\n}\n.lk-stay-stars {\n  color: #c39f76;\n  font-size: 11px;\n  letter-spacing: 1px;\n}\n\n\/* \u2500\u2500\u2500 CTA BUTTON \u2500\u2500\u2500 *\/\n.lk-stay-cta {\n  display: inline-flex;\n  align-items: center;\n  justify-content: center;\n  gap: 7px;\n  margin-top: 8px;\n  padding: 11px 20px;\n  border-radius: 8px;\n  background: linear-gradient(135deg, #3685fc 0%, #2a6fd9 100%);\n  color: #fff;\n  font-size: 13px;\n  font-weight: 500;\n  text-decoration: none;\n  letter-spacing: .3px;\n  transition: all .2s ease;\n  cursor: pointer;\n  border: none;\n  text-align: center;\n  box-shadow: 0 4px 12px rgba(54, 133, 252, 0.25);\n}\n.lk-stay-cta:hover {\n  background: linear-gradient(135deg, #2a6fd9 0%, #1e5bc4 100%);\n  transform: translateY(-1px);\n  box-shadow: 0 6px 16px rgba(54, 133, 252, 0.35);\n}\n.lk-stay-cta svg { flex-shrink: 0; }\n\n\/* \u2500\u2500\u2500 FOOTER \u2500\u2500\u2500 *\/\n.lk-stays-footer {\n  padding: 18px 36px;\n  background: linear-gradient(to bottom, #fdfaf5 0%, #f9f4ed 100%);\n  border-top: 1px solid rgba(195, 159, 118, 0.15);\n  display: flex;\n  align-items: center;\n  justify-content: space-between;\n  flex-wrap: wrap;\n  gap: 12px;\n}\n.lk-stays-footer-note {\n  font-size: 11.5px;\n  color: #6b7280;\n  font-weight: 300;\n  line-height: 1.5;\n}\n.lk-stays-footer-note a {\n  color: #c39f76;\n  text-decoration: none;\n  font-weight: 400;\n}\n.lk-stays-footer-note a:hover {\n  text-decoration: underline;\n}\n.lk-stays-all-btn {\n  display: inline-flex;\n  align-items: center;\n  gap: 6px;\n  font-size: 12.5px;\n  font-weight: 500;\n  color: #c39f76;\n  text-decoration: none;\n  border: 1px solid rgba(195, 159, 118, 0.35);\n  padding: 8px 18px;\n  border-radius: 8px;\n  transition: all .2s ease;\n}\n.lk-stays-all-btn:hover {\n  background: rgba(195, 159, 118, 0.08);\n  border-color: rgba(195, 159, 118, 0.5);\n}\n\n\/* \u2500\u2500\u2500 RESPONSIVE \u2500\u2500\u2500 *\/\n@media (max-width: 600px) {\n  .lk-stays-grid { grid-template-columns: 1fr; }\n  .lk-stays-header { padding: 24px 20px; }\n  .lk-stays-footer { padding: 16px 20px; }\n  .lk-stay-card { padding: 22px; }\n  .lk-stays-title { font-size: 20px; }\n}\n<\/style>\n\n  <!-- HEADER -->\n  <div class=\"lk-stays-header\">\n    <img decoding=\"async\" src=\"https:\/\/loudavymkrokem.cz\/wp-content\/uploads\/2026\/02\/lukas-a-lucka.jpg\" alt=\"\" style=\"width: 75px; height: 75px; border-radius: 8px; flex-shrink: 0; object-fit: cover; display: block; margin: 4px 0;\" title=\"\">\n    <div class=\"lk-stays-header-text\">\n      <div class=\"lk-stays-eyebrow\">Luk\u00e1\u0161 och Lucie rekommenderar<\/div>\n      <div class=\"lk-stays-title\">Var man kan bo i Barcelona<\/div>\n      <div class=\"lk-stays-subtitle\">6 boenden \u2014 hotell, wellnesshotell och andra boendem\u00f6jligheter<\/div>\n    <\/div>\n  <\/div>\n\n  <!-- CARDS -->\n  <div class=\"lk-stays-grid\">\n\n    <a class=\"lk-stay-card featured\" href=\"https:\/\/www.stay22.com\/allez\/roam?aid=lukaskonecny&#038;campaign=loudavymkrokemcz&#038;campaign=sv&#038;campaign=letenkydobarcelony&#038;address=Barcelona&#038;hotelname=Hotel+Gaud%C3%AD&#038;search=Hotel+Gaud%C3%AD&#038;category=accommodation\" target=\"_blank\" rel=\"nofollow noopener\">\n      <span class=\"lk-stay-badge badge-top\">\u2b50 TOPPVAL<\/span>\n      <span class=\"lk-stay-badge badge-nature\">\ud83c\udfe8 Hotell<\/span>\n      <div class=\"lk-stay-name\">Hotel Gaud\u00ed<\/div>\n      <div class=\"lk-stay-desc\">Strategiskt l\u00e4ge bara n\u00e5gra steg fr\u00e5n Palau G\u00fcell och La Rambla. Takterrass med pool och utsikt \u00f6ver Gaud\u00eds skorstenar.<\/div>\n      <div class=\"lk-stay-meta\">\n        <span class=\"lk-stay-stars\">\u2605\u2605\u2605\u2605<\/span>\n        <span class=\"lk-stay-price\">Kontrollera priser<\/span>\n      <\/div>\n      <span class=\"lk-stay-cta\">\n        <svg width=\"14\" height=\"14\" viewBox=\"0 0 24 24\" fill=\"none\" stroke=\"currentColor\" stroke-width=\"2\"><path d=\"M18 13v6a2 2 0 0 1-2 2H5a2 2 0 0 1-2-2V8a2 2 0 0 1 2-2h6\"\/><polyline points=\"15 3 21 3 21 9\"\/><line x1=\"10\" y1=\"14\" x2=\"21\" y2=\"3\"\/><\/svg>\n        Kontrollera tillg\u00e4nglighet\n      <\/span>\n    <\/a>\n\n    <a class=\"lk-stay-card\" href=\"https:\/\/www.stay22.com\/allez\/roam?aid=lukaskonecny&#038;campaign=loudavymkrokemcz&#038;campaign=sv&#038;campaign=letenkydobarcelony&#038;address=Barcelona&#038;hotelname=Hotel+Ayre+Rosell%C3%B3n&#038;search=Hotel+Ayre+Rosell%C3%B3n&#038;category=accommodation\" target=\"_blank\" rel=\"nofollow noopener\">\n      <span class=\"lk-stay-badge badge-nature\">\ud83c\udfe8 Hotell<\/span>\n      <div class=\"lk-stay-name\">Hotel Ayre Rosell\u00f3n<\/div>\n      <div class=\"lk-stay-desc\">Hisnande utsikt direkt mot den ofullbordade Sagrada Fam\u00edlia fr\u00e5n takbaren. Ett visuellt sl\u00e5ende val.<\/div>\n      <div class=\"lk-stay-meta\">\n        <span class=\"lk-stay-stars\">\u2605\u2605\u2605\u2605<\/span>\n        <span class=\"lk-stay-price\">Kontrollera priser<\/span>\n      <\/div>\n      <span class=\"lk-stay-cta\">\n        <svg width=\"14\" height=\"14\" viewBox=\"0 0 24 24\" fill=\"none\" stroke=\"currentColor\" stroke-width=\"2\"><path d=\"M18 13v6a2 2 0 0 1-2 2H5a2 2 0 0 1-2-2V8a2 2 0 0 1 2-2h6\"\/><polyline points=\"15 3 21 3 21 9\"\/><line x1=\"10\" y1=\"14\" x2=\"21\" y2=\"3\"\/><\/svg>\n        Kontrollera tillg\u00e4nglighet\n      <\/span>\n    <\/a>\n\n    <a class=\"lk-stay-card\" href=\"https:\/\/www.stay22.com\/allez\/roam?aid=lukaskonecny&#038;campaign=loudavymkrokemcz&#038;campaign=sv&#038;campaign=letenkydobarcelony&#038;address=Barcelona&#038;hotelname=Motel+One+Barcelona-Ciutadella&#038;search=Motel+One+Barcelona-Ciutadella&#038;category=accommodation\" target=\"_blank\" rel=\"nofollow noopener\">\n      <span class=\"lk-stay-badge badge-nature\">\ud83c\udfe8 Hotell<\/span>\n      <div class=\"lk-stay-name\">Motel One Barcelona-Ciutadella<\/div>\n      <div class=\"lk-stay-desc\">Moderna rum bredvid en enorm park p\u00e5 g\u00e5ngavst\u00e5nd till stranden. Utm\u00e4rkt val f\u00f6r mindre budgetar.<\/div>\n      <div class=\"lk-stay-meta\">\n        <span class=\"lk-stay-stars\">\u2605\u2605\u2605\u2605<\/span>\n        <span class=\"lk-stay-price\">Kontrollera priser<\/span>\n      <\/div>\n      <span class=\"lk-stay-cta\">\n        <svg width=\"14\" height=\"14\" viewBox=\"0 0 24 24\" fill=\"none\" stroke=\"currentColor\" stroke-width=\"2\"><path d=\"M18 13v6a2 2 0 0 1-2 2H5a2 2 0 0 1-2-2V8a2 2 0 0 1 2-2h6\"\/><polyline points=\"15 3 21 3 21 9\"\/><line x1=\"10\" y1=\"14\" x2=\"21\" y2=\"3\"\/><\/svg>\n        Kontrollera tillg\u00e4nglighet\n      <\/span>\n    <\/a>\n\n    <a class=\"lk-stay-card\" href=\"https:\/\/www.stay22.com\/allez\/roam?aid=lukaskonecny&#038;campaign=loudavymkrokemcz&#038;campaign=sv&#038;campaign=letenkydobarcelony&#038;address=Barcelona&#038;hotelname=W+Barcelona&#038;search=W+Barcelona&#038;category=accommodation\" target=\"_blank\" rel=\"nofollow noopener\">\n      <span class=\"lk-stay-badge badge-nature\">\u2b50 Luxury<\/span>\n      <div class=\"lk-stay-name\">W Barcelona<\/div>\n      <div class=\"lk-stay-desc\">Ikonisk segelformad byggnad som dominerar kusten. Absolut lyx med uppvaknande till v\u00e5gors brus.<\/div>\n      <div class=\"lk-stay-meta\">\n        <span class=\"lk-stay-stars\">\u2605\u2605\u2605\u2605<\/span>\n        <span class=\"lk-stay-price\">Kontrollera priser<\/span>\n      <\/div>\n      <span class=\"lk-stay-cta\">\n        <svg width=\"14\" height=\"14\" viewBox=\"0 0 24 24\" fill=\"none\" stroke=\"currentColor\" stroke-width=\"2\"><path d=\"M18 13v6a2 2 0 0 1-2 2H5a2 2 0 0 1-2-2V8a2 2 0 0 1 2-2h6\"\/><polyline points=\"15 3 21 3 21 9\"\/><line x1=\"10\" y1=\"14\" x2=\"21\" y2=\"3\"\/><\/svg>\n        Kontrollera tillg\u00e4nglighet\n      <\/span>\n    <\/a>\n\n    <a class=\"lk-stay-card\" href=\"https:\/\/www.stay22.com\/allez\/roam?aid=lukaskonecny&#038;campaign=loudavymkrokemcz&#038;campaign=sv&#038;campaign=letenkydobarcelony&#038;address=Barcelona&#038;hotelname=Hostel+One+Paralelo&#038;search=Hostel+One+Paralelo&#038;category=accommodation\" target=\"_blank\" rel=\"nofollow noopener\">\n      <span class=\"lk-stay-badge badge-nature\">\ud83c\udfe1 Vandrarhem<\/span>\n      <div class=\"lk-stay-name\">Hostel One Paralelo<\/div>\n      <div class=\"lk-stay-desc\">Fantastisk v\u00e4nlig atmosf\u00e4r och gemensamma kv\u00e4llar. Idealiskt f\u00f6r backpackers och solorese enligt recensioner.<\/div>\n      <div class=\"lk-stay-meta\">\n        <span class=\"lk-stay-stars\">\u2605\u2605\u2605\u2605<\/span>\n        <span class=\"lk-stay-price\">Kontrollera priser<\/span>\n      <\/div>\n      <span class=\"lk-stay-cta\">\n        <svg width=\"14\" height=\"14\" viewBox=\"0 0 24 24\" fill=\"none\" stroke=\"currentColor\" stroke-width=\"2\"><path d=\"M18 13v6a2 2 0 0 1-2 2H5a2 2 0 0 1-2-2V8a2 2 0 0 1 2-2h6\"\/><polyline points=\"15 3 21 3 21 9\"\/><line x1=\"10\" y1=\"14\" x2=\"21\" y2=\"3\"\/><\/svg>\n        Kontrollera tillg\u00e4nglighet\n      <\/span>\n    <\/a>\n\n    <a class=\"lk-stay-card\" href=\"https:\/\/www.stay22.com\/allez\/roam?aid=lukaskonecny&#038;campaign=loudavymkrokemcz&#038;campaign=sv&#038;campaign=letenkydobarcelony&#038;address=barcelona\" target=\"_blank\" rel=\"nofollow noopener\">\n      <span class=\"lk-stay-badge badge-nature\">\ud83d\udd0d S\u00f6k<\/span>\n      <div class=\"lk-stay-name\">Visa alla boenden i Barcelona<\/div>\n      <div class=\"lk-stay-desc\">Utforska alla tillg\u00e4ngliga boendem\u00f6jligheter i Barcelona och hitta det b\u00e4sta enligt dina preferenser och budget.<\/div>\n      <div class=\"lk-stay-meta\">\n        <span class=\"lk-stay-stars\">\u2605\u2605\u2605\u2605<\/span>\n        <span class=\"lk-stay-price\">J\u00e4mf\u00f6r priser<\/span>\n      <\/div>\n      <span class=\"lk-stay-cta\">\n        <svg width=\"14\" height=\"14\" viewBox=\"0 0 24 24\" fill=\"none\" stroke=\"currentColor\" stroke-width=\"2\"><path d=\"M18 13v6a2 2 0 0 1-2 2H5a2 2 0 0 1-2-2V8a2 2 0 0 1 2-2h6\"\/><polyline points=\"15 3 21 3 21 9\"\/><line x1=\"10\" y1=\"14\" x2=\"21\" y2=\"3\"\/><\/svg>\n        Kontrollera tillg\u00e4nglighet\n      <\/span>\n    <\/a>\n\n  <\/div>\n\n  \n<\/div>\n\n\n\n\n<h3 class=\"wp-block-heading\"><span class=\"ez-toc-section\" id=\"7_Med_tag_for_gravida_och_de_som_inte_flyger\"><\/span>7. Med t\u00e5g: f\u00f6r gravida och de som inte flyger<span class=\"ez-toc-section-end\"><\/span><\/h3>\n\n\n\n<p class=\"wp-block-paragraph\">Detta fascinerande \u00e4mne ignorerar de flesta reseguider helt, trots att det finns en enorm grupp resen\u00e4rer som helt enkelt inte kan eller inte vill upp i luften. Orsaken \u00e4r mycket ofta <strong>l\u00e5ngt framskriden graviditet, panikartad flygr\u00e4dsla eller kanske resande med st\u00f6rre husdjur<\/strong>. F\u00f6r dem f\u00f6rvandlas hela semestern ofta till ett stort och utmattande logistiskt pussel.<\/p>\n\n\n\n<p class=\"wp-block-paragraph\">Att ta sig ner till havet bekv\u00e4mt p\u00e5 r\u00e4ls g\u00e5r verkligen \u2013 det kr\u00e4ver bara r\u00e4tt planering. Att resa l\u00e5ngsamt p\u00e5 t\u00e5g genom Europa erbjuder dessutom en helt annan upplevelse \u00e4n flyget, med vackra utsikter och minimal stress.<\/p>\n\n\n\n<p class=\"wp-block-paragraph\">Hur ser en s\u00e5dan l\u00e5ng resa ut i verkligheten? Det handlar inte om n\u00e5got du g\u00f6r i ett svep, om du inte vill slita ut dig helt fysiskt. <strong>Den vanligaste rutten fr\u00e5n Sverige g\u00e5r via K\u00f6penhamn och vidare genom Tyskland till Frankfurt am Main<\/strong>, varifr\u00e5n du bekv\u00e4mt tar dig till franska Strasbourg. Just Strasbourg fungerar som en helt idealisk punkt f\u00f6r en lugn \u00f6vernattning p\u00e5 hotell och att samla krafter.<\/p>\n\n\n\n<p class=\"wp-block-paragraph\">N\u00e4sta dag p\u00e5 morgonen s\u00e4tter du dig helt enkelt p\u00e5 de snabba franska t\u00e5gen som <strong>via Lyon smidigt tar dig \u00e4nda till Barcelonas centralstation Sants<\/strong>. Det \u00e4r l\u00e5ngsamt resande i sin renaste form som visserligen kr\u00e4ver mer tid, men bjuder p\u00e5 vackra vyer \u00f6ver landskapet och absolut minimal stress.<\/p>\n\n\n\n<p class=\"wp-block-paragraph\">\ud83d\udca1 Tips: Biljetter till alla europeiska t\u00e5g <strong>k\u00f6per du helst via de tyska eller franska j\u00e4rnv\u00e4garnas officiella webbplatser<\/strong>, d\u00e4r du f\u00e5r de mest f\u00f6rdelaktiga tidiga biljetterna utan stora p\u00e5slag fr\u00e5n mellanh\u00e4nder.<\/p>\n\n\n\n<figure data-wp-context=\"{&quot;imageId&quot;:&quot;6a9be89ad1c1e&quot;}\" data-wp-interactive=\"core\/image\" data-wp-key=\"6a9be89ad1c1e\" class=\"wp-block-image size-full wp-lightbox-container\"><img decoding=\"async\" width=\"1600\" height=\"1067\" data-wp-class--hide=\"state.isContentHidden\" data-wp-class--show=\"state.isContentVisible\" data-wp-init=\"callbacks.setButtonStyles\" data-wp-on--click=\"actions.showLightbox\" data-wp-on--load=\"callbacks.setButtonStyles\" data-wp-on--pointerdown=\"actions.preloadImage\" data-wp-on--pointerenter=\"actions.preloadImageWithDelay\" data-wp-on--pointerleave=\"actions.cancelPreload\" data-wp-on-window--resize=\"callbacks.setButtonStyles\" src=\"https:\/\/loudavymkrokem.cz\/wp-content\/uploads\/2026\/08\/barcelona-sant-andreu-px.jpg\" alt=\"Barcelonas panorama med tornet Torre Gl\u00f2ries\" class=\"wp-image-376450\" title=\"\" srcset=\"https:\/\/loudavymkrokem.cz\/wp-content\/uploads\/2026\/08\/barcelona-sant-andreu-px.jpg 1600w, https:\/\/loudavymkrokem.cz\/wp-content\/uploads\/2026\/08\/barcelona-sant-andreu-px-300x200.jpg 300w, https:\/\/loudavymkrokem.cz\/wp-content\/uploads\/2026\/08\/barcelona-sant-andreu-px-700x467.jpg 700w, https:\/\/loudavymkrokem.cz\/wp-content\/uploads\/2026\/08\/barcelona-sant-andreu-px-768x512.jpg 768w, https:\/\/loudavymkrokem.cz\/wp-content\/uploads\/2026\/08\/barcelona-sant-andreu-px-1536x1024.jpg 1536w, https:\/\/loudavymkrokem.cz\/wp-content\/uploads\/2026\/08\/barcelona-sant-andreu-px-696x464.jpg 696w, https:\/\/loudavymkrokem.cz\/wp-content\/uploads\/2026\/08\/barcelona-sant-andreu-px-1392x928.jpg 1392w\" sizes=\"(max-width: 1600px) 100vw, 1600px\" \/><button\n\t\t\tclass=\"lightbox-trigger\"\n\t\t\ttype=\"button\"\n\t\t\taria-haspopup=\"dialog\"\n\t\t\tdata-wp-bind--aria-label=\"state.thisImage.triggerButtonAriaLabel\"\n\t\t\tdata-wp-init=\"callbacks.initTriggerButton\"\n\t\t\tdata-wp-on--click=\"actions.showLightbox\"\n\t\t\tdata-wp-style--right=\"state.thisImage.buttonRight\"\n\t\t\tdata-wp-style--top=\"state.thisImage.buttonTop\"\n\t\t>\n\t\t\t<svg xmlns=\"http:\/\/www.w3.org\/2000\/svg\" width=\"12\" height=\"12\" fill=\"none\" viewBox=\"0 0 12 12\">\n\t\t\t\t<path fill=\"#fff\" d=\"M2 0a2 2 0 0 0-2 2v2h1.5V2a.5.5 0 0 1 .5-.5h2V0H2Zm2 10.5H2a.5.5 0 0 1-.5-.5V8H0v2a2 2 0 0 0 2 2h2v-1.5ZM8 12v-1.5h2a.5.5 0 0 0 .5-.5V8H12v2a2 2 0 0 1-2 2H8Zm2-12a2 2 0 0 1 2 2v2h-1.5V2a.5.5 0 0 0-.5-.5H8V0h2Z\" \/>\n\t\t\t<\/svg>\n\t\t<\/button><\/figure>\n\n\n\n<h3 class=\"wp-block-heading\"><span class=\"ez-toc-section\" id=\"8_Alternativ_tagrutt_via_Paris\"><\/span>8. Alternativ t\u00e5grutt via Paris<span class=\"ez-toc-section-end\"><\/span><\/h3>\n\n\n\n<p class=\"wp-block-paragraph\">Om du inte gillar tanken p\u00e5 en l\u00e5ngdragen resa genom hela Tyskland finns \u00e4nnu ett mycket elegant t\u00e5galternativ med fransk charm. Fr\u00e5n Sverige kan du ta dig med natt\u00e5g eller dagsnabbt\u00e5g vidare till den franska huvudstaden, varifr\u00e5n det <strong>startar en direkt h\u00f6ghastighetsf\u00f6rbindelse \u00e4nda ner till den soliga spanska kusten<\/strong>.<\/p>\n\n\n\n<p class=\"wp-block-paragraph\">Fr\u00e5n den livliga Parisstationen Gare de Lyon avg\u00e5r n\u00e4mligen regelbundet direkta TGV, som drivs av det framg\u00e5ngsrika samarbetet mellan de spanska och franska bolagen Renfe och SNCF. Detta fantastiska aerodynamiska snabbt\u00e5g <strong>klarar rutten Paris\u2013Barcelona p\u00e5 otroliga 6 timmar och 15 minuter<\/strong>, vilket f\u00f6r ett s\u00e5 enormt avst\u00e5nd \u00e4r en helt str\u00e5lande tid.<\/p>\n\n\n\n<p class=\"wp-block-paragraph\">Denna direkta f\u00f6rbindelse g\u00e5r f\u00f6r n\u00e4rvarande tv\u00e5 g\u00e5nger om dagen, oftast tidig morgon och tidig eftermiddag, men kom ih\u00e5g att det klassiska natt\u00e5get med sovvagn p\u00e5 rutten just nu inte finns. Detta alternativ \u00e4r helt perfekt om du planerar en l\u00e4ngre tv\u00e5veckorssemester och <strong>vill g\u00f6ra ett romantiskt kaffestopp under Eiffeltornet p\u00e5 v\u00e4gen<\/strong>.<\/p>\n\n\n\n<p class=\"wp-block-paragraph\">\ud83d\udca1 Tips: Platsbokningar p\u00e5 de franska snabbt\u00e5gen TGV brukar under sommarm\u00e5naderna vara blixtsnabbt sluts\u00e5lda, s\u00e5 <strong>g\u00f6r bokningen s\u00e5 snart operat\u00f6ren \u00f6ppnar f\u00f6rk\u00f6pet<\/strong>, vilket brukar vara ungef\u00e4r tre m\u00e5nader i f\u00f6rv\u00e4g.<\/p>\n\n\n\n<figure data-wp-context=\"{&quot;imageId&quot;:&quot;6a9be89ad233b&quot;}\" data-wp-interactive=\"core\/image\" data-wp-key=\"6a9be89ad233b\" class=\"wp-block-image size-full wp-lightbox-container\"><img decoding=\"async\" width=\"1600\" height=\"2060\" data-wp-class--hide=\"state.isContentHidden\" data-wp-class--show=\"state.isContentVisible\" data-wp-init=\"callbacks.setButtonStyles\" data-wp-on--click=\"actions.showLightbox\" data-wp-on--load=\"callbacks.setButtonStyles\" data-wp-on--pointerdown=\"actions.preloadImage\" data-wp-on--pointerenter=\"actions.preloadImageWithDelay\" data-wp-on--pointerleave=\"actions.cancelPreload\" data-wp-on-window--resize=\"callbacks.setButtonStyles\" src=\"https:\/\/loudavymkrokem.cz\/wp-content\/uploads\/2026\/08\/barcelona-kdy-jet-do-barcelony-podle-typu-dovo.jpg\" alt=\"Katedralen i Barcelona p\u00e5 torget Pla de la Seu\" class=\"wp-image-376378\" title=\"\" srcset=\"https:\/\/loudavymkrokem.cz\/wp-content\/uploads\/2026\/08\/barcelona-kdy-jet-do-barcelony-podle-typu-dovo.jpg 1600w, https:\/\/loudavymkrokem.cz\/wp-content\/uploads\/2026\/08\/barcelona-kdy-jet-do-barcelony-podle-typu-dovo-233x300.jpg 233w, https:\/\/loudavymkrokem.cz\/wp-content\/uploads\/2026\/08\/barcelona-kdy-jet-do-barcelony-podle-typu-dovo-700x901.jpg 700w, https:\/\/loudavymkrokem.cz\/wp-content\/uploads\/2026\/08\/barcelona-kdy-jet-do-barcelony-podle-typu-dovo-768x989.jpg 768w, https:\/\/loudavymkrokem.cz\/wp-content\/uploads\/2026\/08\/barcelona-kdy-jet-do-barcelony-podle-typu-dovo-1193x1536.jpg 1193w, https:\/\/loudavymkrokem.cz\/wp-content\/uploads\/2026\/08\/barcelona-kdy-jet-do-barcelony-podle-typu-dovo-1591x2048.jpg 1591w, https:\/\/loudavymkrokem.cz\/wp-content\/uploads\/2026\/08\/barcelona-kdy-jet-do-barcelony-podle-typu-dovo-696x896.jpg 696w, https:\/\/loudavymkrokem.cz\/wp-content\/uploads\/2026\/08\/barcelona-kdy-jet-do-barcelony-podle-typu-dovo-1392x1792.jpg 1392w\" sizes=\"(max-width: 1600px) 100vw, 1600px\" \/><button\n\t\t\tclass=\"lightbox-trigger\"\n\t\t\ttype=\"button\"\n\t\t\taria-haspopup=\"dialog\"\n\t\t\tdata-wp-bind--aria-label=\"state.thisImage.triggerButtonAriaLabel\"\n\t\t\tdata-wp-init=\"callbacks.initTriggerButton\"\n\t\t\tdata-wp-on--click=\"actions.showLightbox\"\n\t\t\tdata-wp-style--right=\"state.thisImage.buttonRight\"\n\t\t\tdata-wp-style--top=\"state.thisImage.buttonTop\"\n\t\t>\n\t\t\t<svg xmlns=\"http:\/\/www.w3.org\/2000\/svg\" width=\"12\" height=\"12\" fill=\"none\" viewBox=\"0 0 12 12\">\n\t\t\t\t<path fill=\"#fff\" d=\"M2 0a2 2 0 0 0-2 2v2h1.5V2a.5.5 0 0 1 .5-.5h2V0H2Zm2 10.5H2a.5.5 0 0 1-.5-.5V8H0v2a2 2 0 0 0 2 2h2v-1.5ZM8 12v-1.5h2a.5.5 0 0 0 .5-.5V8H12v2a2 2 0 0 1-2 2H8Zm2-12a2 2 0 0 1 2 2v2h-1.5V2a.5.5 0 0 0-.5-.5H8V0h2Z\" \/>\n\t\t\t<\/svg>\n\t\t<\/button><\/figure>\n\n\n\n<h3 class=\"wp-block-heading\"><span class=\"ez-toc-section\" id=\"9_Med_bil_till_Barcelona_Forbered_dig_pa_ZBE-zonen\"><\/span>9. Med bil till Barcelona? F\u00f6rbered dig p\u00e5 ZBE-zonen<span class=\"ez-toc-section-end\"><\/span><\/h3>\n\n\n\n<p class=\"wp-block-paragraph\">Tanken p\u00e5 att lasta bilen upp till taket och k\u00f6ra ner till havet p\u00e5 egen hand l\u00e5ter otroligt lockande, s\u00e4rskilt om du planerar att campa n\u00e5gonstans p\u00e5 klipporna vid Costa Brava p\u00e5 v\u00e4gen. Men om du \u00e4r p\u00e5 v\u00e4g direkt in till sj\u00e4lva stadens centrum och har bokat ett dyrt hotell d\u00e4r, <strong>l\u00e4mna hellre bilen hemma eller parkerad l\u00e5ngt ute i f\u00f6rorten<\/strong>.<\/p>\n\n\n\n<p class=\"wp-block-paragraph\">Barcelona har n\u00e4mligen inf\u00f6rt helt brutala restriktioner mot utsl\u00e4pp och centrum har f\u00f6r en vanlig f\u00f6rare blivit ett rent minf\u00e4lt. Hela staden innanf\u00f6r de enorma ringlederna Ronda de Dalt och Ronda Litoral tillh\u00f6r <strong>en l\u00e5gutsl\u00e4ppszon kallad ZBE Rondes Barcelona<\/strong>, dit vakterna sl\u00e4pper in dig bara om din bil uppfyller minst Euro 3 f\u00f6r bensin eller Euro 4 f\u00f6r diesel.<\/p>\n\n\n\n<p class=\"wp-block-paragraph\">H\u00e4r kommer dock den st\u00f6rsta byr\u00e5kratiska haken f\u00f6r alla utl\u00e4ndska f\u00f6rare. Lita inte p\u00e5 att en gr\u00f6n milj\u00f6dekal p\u00e5 rutan garanterar dig ink\u00f6rning i sig. Fordon med utl\u00e4ndsk registreringsskylt <strong>m\u00e5ste i f\u00f6rv\u00e4g registrera sig gratis online i AMB-registret<\/strong>, som f\u00f6rvaltas direkt av den katalanska metropolen.<\/p>\n\n\n\n<p class=\"wp-block-paragraph\">\u00d6ver v\u00e4garna h\u00e4nger n\u00e4mligen smarta kameror som automatiskt skannar alla passerande bilars skyltar. K\u00f6r du in i zonen utan att finnas i registret <strong>ger systemet dig helt kompromissl\u00f6st b\u00f6ter p\u00e5 200 \u20ac (cirka 2 300 kr)<\/strong>. Hinner du betala inom tjugo dagar s\u00e4nks de visserligen till hundra euro, men det svider \u00e4nd\u00e5 i on\u00f6dan.<\/p>\n\n\n\n<p class=\"wp-block-paragraph\">\ud83d\udca1 Tips: Parkering i centrum \u00e4r dessutom extremt dyr och gatuplatser hittar du ytterst f\u00e5 av, d\u00e4rf\u00f6r <strong>\u00e4r det b\u00e4st att st\u00e4lla bilen p\u00e5 infartsparkeringar<\/strong> och forts\u00e4tta med den utm\u00e4rkt fungerande tunnelbanan.<\/p>\n\n\n\n<figure data-wp-context=\"{&quot;imageId&quot;:&quot;6a9be89ad2be0&quot;}\" data-wp-interactive=\"core\/image\" data-wp-key=\"6a9be89ad2be0\" class=\"wp-block-image size-full wp-lightbox-container\"><img decoding=\"async\" width=\"1920\" height=\"1717\" data-wp-class--hide=\"state.isContentHidden\" data-wp-class--show=\"state.isContentVisible\" data-wp-init=\"callbacks.setButtonStyles\" data-wp-on--click=\"actions.showLightbox\" data-wp-on--load=\"callbacks.setButtonStyles\" data-wp-on--pointerdown=\"actions.preloadImage\" data-wp-on--pointerenter=\"actions.preloadImageWithDelay\" data-wp-on--pointerleave=\"actions.cancelPreload\" data-wp-on-window--resize=\"callbacks.setButtonStyles\" src=\"https:\/\/loudavymkrokem.cz\/wp-content\/uploads\/2026\/08\/barcelona-jak-se-dostat-z-letiste-el-prat-do-c.jpg\" alt=\"S\u00e5 tar du dig fr\u00e5n flygplatsen El Prat till centrum\" class=\"wp-image-376476\" title=\"\" srcset=\"https:\/\/loudavymkrokem.cz\/wp-content\/uploads\/2026\/08\/barcelona-jak-se-dostat-z-letiste-el-prat-do-c.jpg 1920w, https:\/\/loudavymkrokem.cz\/wp-content\/uploads\/2026\/08\/barcelona-jak-se-dostat-z-letiste-el-prat-do-c-300x268.jpg 300w, https:\/\/loudavymkrokem.cz\/wp-content\/uploads\/2026\/08\/barcelona-jak-se-dostat-z-letiste-el-prat-do-c-700x626.jpg 700w, https:\/\/loudavymkrokem.cz\/wp-content\/uploads\/2026\/08\/barcelona-jak-se-dostat-z-letiste-el-prat-do-c-768x687.jpg 768w, https:\/\/loudavymkrokem.cz\/wp-content\/uploads\/2026\/08\/barcelona-jak-se-dostat-z-letiste-el-prat-do-c-1536x1374.jpg 1536w, https:\/\/loudavymkrokem.cz\/wp-content\/uploads\/2026\/08\/barcelona-jak-se-dostat-z-letiste-el-prat-do-c-696x622.jpg 696w, https:\/\/loudavymkrokem.cz\/wp-content\/uploads\/2026\/08\/barcelona-jak-se-dostat-z-letiste-el-prat-do-c-1392x1245.jpg 1392w\" sizes=\"(max-width: 1920px) 100vw, 1920px\" \/><button\n\t\t\tclass=\"lightbox-trigger\"\n\t\t\ttype=\"button\"\n\t\t\taria-haspopup=\"dialog\"\n\t\t\tdata-wp-bind--aria-label=\"state.thisImage.triggerButtonAriaLabel\"\n\t\t\tdata-wp-init=\"callbacks.initTriggerButton\"\n\t\t\tdata-wp-on--click=\"actions.showLightbox\"\n\t\t\tdata-wp-style--right=\"state.thisImage.buttonRight\"\n\t\t\tdata-wp-style--top=\"state.thisImage.buttonTop\"\n\t\t>\n\t\t\t<svg xmlns=\"http:\/\/www.w3.org\/2000\/svg\" width=\"12\" height=\"12\" fill=\"none\" viewBox=\"0 0 12 12\">\n\t\t\t\t<path fill=\"#fff\" d=\"M2 0a2 2 0 0 0-2 2v2h1.5V2a.5.5 0 0 1 .5-.5h2V0H2Zm2 10.5H2a.5.5 0 0 1-.5-.5V8H0v2a2 2 0 0 0 2 2h2v-1.5ZM8 12v-1.5h2a.5.5 0 0 0 .5-.5V8H12v2a2 2 0 0 1-2 2H8Zm2-12a2 2 0 0 1 2 2v2h-1.5V2a.5.5 0 0 0-.5-.5H8V0h2Z\" \/>\n\t\t\t<\/svg>\n\t\t<\/button><figcaption class=\"wp-element-caption\">Foto: Didier Descouens \/ Wikimedia Commons, Public domain<\/figcaption><\/figure>\n\n\n\n<h3 class=\"wp-block-heading\"><span class=\"ez-toc-section\" id=\"10_Sa_tar_du_dig_fran_flygplatsen_El_Prat_till_centrum\"><\/span>10. S\u00e5 tar du dig fr\u00e5n flygplatsen El Prat till centrum<span class=\"ez-toc-section-end\"><\/span><\/h3>\n\n\n\n<p class=\"wp-block-paragraph\">N\u00e4r du \u00e4ntligen landar p\u00e5 den heta flygplatsen El Prat i Barcelona v\u00e4ntar den sista logistiska utmaningen som skiljer dig fr\u00e5n de efterl\u00e4ngtade promenaderna i den gamla gotiska stadsdelen. Det snabbaste och bekv\u00e4maste alternativet \u00e4r utan tvekan <strong>den bl\u00e5 flygplatsbussen Aerob\u00fas<\/strong>, som tar dig direkt till det centrala torget Pla\u00e7a de Catalunya utan on\u00f6diga stopp.<\/p>\n\n\n\n<p class=\"wp-block-paragraph\">Denna biljett kostar dig efter den senaste prish\u00f6jningen <strong>7,45 \u20ac (cirka 85 kr) per enkel resa<\/strong>, och bussarna g\u00e5r fr\u00e5n b\u00e5da terminalerna T1 och T2 med j\u00e4rnh\u00e5rd regelbundenhet. Det \u00e4r visserligen n\u00e5got dyrare \u00e4n vanlig kollektivtrafik, men du slipper sl\u00e4pa tunga v\u00e4skor i o\u00e4ndliga trappor i den m\u00f6rka underjorden.<\/p>\n\n\n\n<p class=\"wp-block-paragraph\">F\u00f6redrar du att resa under jord kan du anv\u00e4nda den moderna tunnelbanelinjen L9 Sud. Men se h\u00e4r upp ordentligt, eftersom <strong>det popul\u00e4ra T-casual-kortet inte alls g\u00e4ller p\u00e5 flygplatstunnelbanan<\/strong> och de moderna sp\u00e4rrarna helt enkelt inte sl\u00e4pper igenom dig med det. F\u00f6r resan fr\u00e5n flygplatsen m\u00e5ste du i automaten k\u00f6pa en s\u00e4rskild Bitllet Aeroport, som just nu kostar 5,90 \u20ac (cirka 70 kr). F\u00f6r par l\u00f6nar det sig sedan mycket mer att k\u00f6pa biljetten T-familiar, som till skillnad fr\u00e5n T-casual kan \u00f6verf\u00f6ras till flera personer.<\/p>\n\n\n\n<p class=\"wp-block-paragraph\">\ud83d\udca1 Tips: Fr\u00e5n terminal T2 g\u00e5r \u00e4ven ett klassiskt pendelt\u00e5g med RENFE in till centrum, d\u00e4r du <strong>d\u00e4remot kan anv\u00e4nda en vanlig biljett utan problem<\/strong>, vilket g\u00f6r det till det suver\u00e4nt billigaste transports\u00e4ttet.<\/p>\n\n\n\n<figure data-wp-context=\"{&quot;imageId&quot;:&quot;6a9be89ad3509&quot;}\" data-wp-interactive=\"core\/image\" data-wp-key=\"6a9be89ad3509\" class=\"wp-block-image size-full wp-lightbox-container\"><img decoding=\"async\" width=\"1600\" height=\"900\" data-wp-class--hide=\"state.isContentHidden\" data-wp-class--show=\"state.isContentVisible\" data-wp-init=\"callbacks.setButtonStyles\" data-wp-on--click=\"actions.showLightbox\" data-wp-on--load=\"callbacks.setButtonStyles\" data-wp-on--pointerdown=\"actions.preloadImage\" data-wp-on--pointerenter=\"actions.preloadImageWithDelay\" data-wp-on--pointerleave=\"actions.cancelPreload\" data-wp-on-window--resize=\"callbacks.setButtonStyles\" src=\"https:\/\/loudavymkrokem.cz\/wp-content\/uploads\/2026\/08\/barcelona-sarria-sant-gervasi-px.jpg\" alt=\"Gata i Barcelona med station f\u00f6r l\u00e5necyklar\" class=\"wp-image-376449\" title=\"\" srcset=\"https:\/\/loudavymkrokem.cz\/wp-content\/uploads\/2026\/08\/barcelona-sarria-sant-gervasi-px.jpg 1600w, https:\/\/loudavymkrokem.cz\/wp-content\/uploads\/2026\/08\/barcelona-sarria-sant-gervasi-px-300x169.jpg 300w, https:\/\/loudavymkrokem.cz\/wp-content\/uploads\/2026\/08\/barcelona-sarria-sant-gervasi-px-700x394.jpg 700w, https:\/\/loudavymkrokem.cz\/wp-content\/uploads\/2026\/08\/barcelona-sarria-sant-gervasi-px-768x432.jpg 768w, https:\/\/loudavymkrokem.cz\/wp-content\/uploads\/2026\/08\/barcelona-sarria-sant-gervasi-px-1536x864.jpg 1536w, https:\/\/loudavymkrokem.cz\/wp-content\/uploads\/2026\/08\/barcelona-sarria-sant-gervasi-px-696x392.jpg 696w, https:\/\/loudavymkrokem.cz\/wp-content\/uploads\/2026\/08\/barcelona-sarria-sant-gervasi-px-1392x783.jpg 1392w\" sizes=\"(max-width: 1600px) 100vw, 1600px\" \/><button\n\t\t\tclass=\"lightbox-trigger\"\n\t\t\ttype=\"button\"\n\t\t\taria-haspopup=\"dialog\"\n\t\t\tdata-wp-bind--aria-label=\"state.thisImage.triggerButtonAriaLabel\"\n\t\t\tdata-wp-init=\"callbacks.initTriggerButton\"\n\t\t\tdata-wp-on--click=\"actions.showLightbox\"\n\t\t\tdata-wp-style--right=\"state.thisImage.buttonRight\"\n\t\t\tdata-wp-style--top=\"state.thisImage.buttonTop\"\n\t\t>\n\t\t\t<svg xmlns=\"http:\/\/www.w3.org\/2000\/svg\" width=\"12\" height=\"12\" fill=\"none\" viewBox=\"0 0 12 12\">\n\t\t\t\t<path fill=\"#fff\" d=\"M2 0a2 2 0 0 0-2 2v2h1.5V2a.5.5 0 0 1 .5-.5h2V0H2Zm2 10.5H2a.5.5 0 0 1-.5-.5V8H0v2a2 2 0 0 0 2 2h2v-1.5ZM8 12v-1.5h2a.5.5 0 0 0 .5-.5V8H12v2a2 2 0 0 1-2 2H8Zm2-12a2 2 0 0 1 2 2v2h-1.5V2a.5.5 0 0 0-.5-.5H8V0h2Z\" \/>\n\t\t\t<\/svg>\n\t\t<\/button><\/figure>\n\n\n\n<h3 class=\"wp-block-heading\"><span class=\"ez-toc-section\" id=\"11_Paketresa_med_researrangor_kontra_pa_egen_hand\"><\/span>11. Paketresa med researrang\u00f6r kontra p\u00e5 egen hand<span class=\"ez-toc-section-end\"><\/span><\/h3>\n\n\n\n<p class=\"wp-block-paragraph\">N\u00e4r det g\u00e4ller resande i s\u00f6dra Europa har m\u00e5nga av oss sedan l\u00e4nge vant oss vid att individuell turism alltid sl\u00e5r researrang\u00f6ren i totalpris. En erfaren l\u00e5gbudgetresen\u00e4r klarar tre dagar i Barcelona l\u00e4tt f\u00f6r runt 3 000 kr, en genomsnittlig turist ryms inom 7 000 kr, medan <strong>en researrang\u00f6r s\u00e4ljer en f\u00f6rl\u00e4ngd helg fr\u00e5n ungef\u00e4r 8 700 kr<\/strong> per person. En komplett semester f\u00f6r tv\u00e5 landar med researrang\u00f6r l\u00e4tt p\u00e5 18 000 kr.<\/p>\n\n\n\n<p class=\"wp-block-paragraph\">Betyder det att folk inte kan hitta billiga flygbiljetter p\u00e5 n\u00e4tet? Inte alls. Researrang\u00f6rens fr\u00e4msta s\u00e4ljargument f\u00f6r Barcelona \u00e4r n\u00e4mligen inte bara priset, utan snarare <strong>att helt slippa hela beslutsb\u00f6rdan<\/strong>. Staden \u00e4r n\u00e4mligen vid planeringen en av de mest utmattande platserna i Europa, d\u00e4r du st\u00e4ndigt m\u00e5ste h\u00e5lla koll p\u00e5 en enorm m\u00e4ngd detaljer och bokningssystem.<\/p>\n\n\n\n<p class=\"wp-block-paragraph\">Du m\u00e5ste i f\u00f6rv\u00e4g l\u00f6sa att biljetterna till Sagrada Fam\u00edlia ofta \u00e4r sluts\u00e5lda tv\u00e5 veckor i f\u00f6rv\u00e4g, att popul\u00e4ra Park G\u00fcell har strikt tidsbest\u00e4mda slottar med noll tolerans f\u00f6r f\u00f6rseningar, och <strong>att hotellet \u00f6verraskar dig vid betalningen med en turistskatt p\u00e5 l\u00e4tt 12 \u20ac (cirka 140 kr) per person och natt<\/strong>, som du inte alls s\u00e5g p\u00e5 Booking tidigare.<\/p>\n\n\n\n<p class=\"wp-block-paragraph\">K\u00e4nslan av att du inte beh\u00f6ver bry dig om n\u00e5got av det och att din guide redan har alla dyra biljetter tryggt i fickan \u00e4r f\u00f6r en tr\u00f6tt arbetande m\u00e4nniska helt enkelt ov\u00e4rderlig. <strong>S\u00f6ker du absolut frihet, planera det sj\u00e4lv<\/strong>, men vill du bara koppla av och njuta av tapas \u00e4r en paketresa oerh\u00f6rt rimlig.<\/p>\n\n\n\n<p class=\"wp-block-paragraph\">\ud83d\udca1 Tips: Ta reda p\u00e5 den exakta turistskatten f\u00f6r din typ av boende i f\u00f6rv\u00e4g, eftersom femstj\u00e4rniga hotell betalar de n\u00e4mnda 12 \u20ac, medan <strong>du i en vanlig turistl\u00e4genhet betalar 9,50 \u20ac per natt<\/strong>.<\/p>\n\n\n\n<figure data-wp-context=\"{&quot;imageId&quot;:&quot;6a9be89ad3ae1&quot;}\" data-wp-interactive=\"core\/image\" data-wp-key=\"6a9be89ad3ae1\" class=\"wp-block-image size-full wp-lightbox-container\"><img decoding=\"async\" width=\"1333\" height=\"2000\" data-wp-class--hide=\"state.isContentHidden\" data-wp-class--show=\"state.isContentVisible\" data-wp-init=\"callbacks.setButtonStyles\" data-wp-on--click=\"actions.showLightbox\" data-wp-on--load=\"callbacks.setButtonStyles\" data-wp-on--pointerdown=\"actions.preloadImage\" data-wp-on--pointerenter=\"actions.preloadImageWithDelay\" data-wp-on--pointerleave=\"actions.cancelPreload\" data-wp-on-window--resize=\"callbacks.setButtonStyles\" src=\"https:\/\/loudavymkrokem.cz\/wp-content\/uploads\/2026\/08\/barcelona-rooftop-panorama.jpg\" alt=\"Barcelonas panorama fr\u00e5n en hotelltakterrass\" class=\"wp-image-376354\" title=\"\" srcset=\"https:\/\/loudavymkrokem.cz\/wp-content\/uploads\/2026\/08\/barcelona-rooftop-panorama.jpg 1333w, https:\/\/loudavymkrokem.cz\/wp-content\/uploads\/2026\/08\/barcelona-rooftop-panorama-200x300.jpg 200w, https:\/\/loudavymkrokem.cz\/wp-content\/uploads\/2026\/08\/barcelona-rooftop-panorama-700x1050.jpg 700w, https:\/\/loudavymkrokem.cz\/wp-content\/uploads\/2026\/08\/barcelona-rooftop-panorama-768x1152.jpg 768w, https:\/\/loudavymkrokem.cz\/wp-content\/uploads\/2026\/08\/barcelona-rooftop-panorama-1024x1536.jpg 1024w, https:\/\/loudavymkrokem.cz\/wp-content\/uploads\/2026\/08\/barcelona-rooftop-panorama-696x1044.jpg 696w\" sizes=\"(max-width: 1333px) 100vw, 1333px\" \/><button\n\t\t\tclass=\"lightbox-trigger\"\n\t\t\ttype=\"button\"\n\t\t\taria-haspopup=\"dialog\"\n\t\t\tdata-wp-bind--aria-label=\"state.thisImage.triggerButtonAriaLabel\"\n\t\t\tdata-wp-init=\"callbacks.initTriggerButton\"\n\t\t\tdata-wp-on--click=\"actions.showLightbox\"\n\t\t\tdata-wp-style--right=\"state.thisImage.buttonRight\"\n\t\t\tdata-wp-style--top=\"state.thisImage.buttonTop\"\n\t\t>\n\t\t\t<svg xmlns=\"http:\/\/www.w3.org\/2000\/svg\" width=\"12\" height=\"12\" fill=\"none\" viewBox=\"0 0 12 12\">\n\t\t\t\t<path fill=\"#fff\" d=\"M2 0a2 2 0 0 0-2 2v2h1.5V2a.5.5 0 0 1 .5-.5h2V0H2Zm2 10.5H2a.5.5 0 0 1-.5-.5V8H0v2a2 2 0 0 0 2 2h2v-1.5ZM8 12v-1.5h2a.5.5 0 0 0 .5-.5V8H12v2a2 2 0 0 1-2 2H8Zm2-12a2 2 0 0 1 2 2v2h-1.5V2a.5.5 0 0 0-.5-.5H8V0h2Z\" \/>\n\t\t\t<\/svg>\n\t\t<\/button><\/figure>\n\n\n\n<h2 class=\"wp-block-heading\"><span class=\"ez-toc-section\" id=\"Praktisk_sammanfattning_och_ungefarliga_priser\"><\/span>Praktisk sammanfattning och ungef\u00e4rliga priser<span class=\"ez-toc-section-end\"><\/span><\/h2>\n\n\n\n<p class=\"wp-block-paragraph\"><strong>Budgetplanering<\/strong> \u00e4r grunden f\u00f6r framg\u00e5ng, d\u00e4rf\u00f6r har vi sammanst\u00e4llt de <strong>viktigaste beloppen<\/strong> som du realistiskt m\u00e5ste r\u00e4kna med 2026.<\/p>\n\n\n\n<ul class=\"wp-block-list\">\n\n<li>  <strong>Genomsnittlig enkel flygbiljett (p\u00e5 sommaren):<\/strong> runt 1 100 kr<\/li>\n\n\n\n<li>  <strong>Ryanairs b\u00f6ter f\u00f6r stor v\u00e4ska:<\/strong> 35 \u20ac till 69,99 \u20ac (400 kr \u2013 800 kr)<\/li>\n\n\n\n<li>  <strong>Buss fr\u00e5n flygplatsen Girona till centrum:<\/strong> 22 \u20ac (250 kr)<\/li>\n\n\n\n<li>  <strong>Biljett till Aerob\u00fas (flygplatsen El Prat):<\/strong> 7,45 \u20ac (85 kr)<\/li>\n\n\n\n<li>  <strong>Specialbiljett till flygplatstunnelbanan L9 Sud:<\/strong> 5,90 \u20ac (70 kr)<\/li>\n\n\n\n<li>  <strong>B\u00f6ter f\u00f6r ink\u00f6rning med bil i ZBE-zonen utan registrering:<\/strong> 200 \u20ac (2 300 kr)<\/li>\n\n\n\n<li>  <strong>Turistskatt p\u00e5 5-stj\u00e4rnigt hotell:<\/strong> 12 \u20ac \/ person \/ natt (140 kr)<\/li>\n\n\n\n<li>  <strong>Turistskatt i l\u00e4genhet:<\/strong> 9,50 \u20ac \/ person \/ natt (110 kr)<\/li>\n\n\n<\/ul>\n\n\n\n<figure data-wp-context=\"{&quot;imageId&quot;:&quot;6a9be89ad40fc&quot;}\" data-wp-interactive=\"core\/image\" data-wp-key=\"6a9be89ad40fc\" class=\"wp-block-image size-full wp-lightbox-container\"><img decoding=\"async\" width=\"1333\" height=\"2000\" data-wp-class--hide=\"state.isContentHidden\" data-wp-class--show=\"state.isContentVisible\" data-wp-init=\"callbacks.setButtonStyles\" data-wp-on--click=\"actions.showLightbox\" data-wp-on--load=\"callbacks.setButtonStyles\" data-wp-on--pointerdown=\"actions.preloadImage\" data-wp-on--pointerenter=\"actions.preloadImageWithDelay\" data-wp-on--pointerleave=\"actions.cancelPreload\" data-wp-on-window--resize=\"callbacks.setButtonStyles\" src=\"https:\/\/loudavymkrokem.cz\/wp-content\/uploads\/2026\/08\/park-guell-panorama-domky.jpg\" alt=\"Park G\u00fcell, hus och Barcelonas panorama\" class=\"wp-image-376305\" title=\"\" srcset=\"https:\/\/loudavymkrokem.cz\/wp-content\/uploads\/2026\/08\/park-guell-panorama-domky.jpg 1333w, https:\/\/loudavymkrokem.cz\/wp-content\/uploads\/2026\/08\/park-guell-panorama-domky-200x300.jpg 200w, https:\/\/loudavymkrokem.cz\/wp-content\/uploads\/2026\/08\/park-guell-panorama-domky-700x1050.jpg 700w, https:\/\/loudavymkrokem.cz\/wp-content\/uploads\/2026\/08\/park-guell-panorama-domky-768x1152.jpg 768w, https:\/\/loudavymkrokem.cz\/wp-content\/uploads\/2026\/08\/park-guell-panorama-domky-1024x1536.jpg 1024w, https:\/\/loudavymkrokem.cz\/wp-content\/uploads\/2026\/08\/park-guell-panorama-domky-696x1044.jpg 696w\" sizes=\"(max-width: 1333px) 100vw, 1333px\" \/><button\n\t\t\tclass=\"lightbox-trigger\"\n\t\t\ttype=\"button\"\n\t\t\taria-haspopup=\"dialog\"\n\t\t\tdata-wp-bind--aria-label=\"state.thisImage.triggerButtonAriaLabel\"\n\t\t\tdata-wp-init=\"callbacks.initTriggerButton\"\n\t\t\tdata-wp-on--click=\"actions.showLightbox\"\n\t\t\tdata-wp-style--right=\"state.thisImage.buttonRight\"\n\t\t\tdata-wp-style--top=\"state.thisImage.buttonTop\"\n\t\t>\n\t\t\t<svg xmlns=\"http:\/\/www.w3.org\/2000\/svg\" width=\"12\" height=\"12\" fill=\"none\" viewBox=\"0 0 12 12\">\n\t\t\t\t<path fill=\"#fff\" d=\"M2 0a2 2 0 0 0-2 2v2h1.5V2a.5.5 0 0 1 .5-.5h2V0H2Zm2 10.5H2a.5.5 0 0 1-.5-.5V8H0v2a2 2 0 0 0 2 2h2v-1.5ZM8 12v-1.5h2a.5.5 0 0 0 .5-.5V8H12v2a2 2 0 0 1-2 2H8Zm2-12a2 2 0 0 1 2 2v2h-1.5V2a.5.5 0 0 0-.5-.5H8V0h2Z\" \/>\n\t\t\t<\/svg>\n\t\t<\/button><\/figure>\n\n\n\n<h2 class=\"wp-block-heading\"><span class=\"ez-toc-section\" id=\"Vart_harnast\"><\/span>Vart h\u00e4rn\u00e4st<span class=\"ez-toc-section-end\"><\/span><\/h2>\n\n\n\n<p class=\"wp-block-paragraph\">Om Barcelona har vi \u00e4ven dessa utf\u00f6rliga guider:<\/p>\n\n\n\n<ul class=\"wp-block-list\">\n\n<li><a href=\"https:\/\/loudavymkrokem.cz\/?p=376361\">Priser i Barcelona: budget och turistskatt<\/a><\/li>\n\n\n<\/ul>\n\n\n\n<p class=\"wp-block-paragraph\">\u00c4r du intresserad av fler detaljer f\u00f6r den perfekta semestern i Spanien, kika absolut p\u00e5 v\u00e5ra andra artiklar d\u00e4r vi g\u00e5r igenom allt fr\u00e5n boende till de b\u00e4sta sev\u00e4rdheterna.<\/p>\n\n\n\n<ul class=\"wp-block-list\">\n\n<li>  <a href=\"https:\/\/loudavymkrokem.cz\/sv\/se-i-barcelona-tips\/\">Vad du ska se i Barcelona: 25+ tips<\/a><\/li>\n\n\n\n<li>  <a href=\"https:\/\/loudavymkrokem.cz\/?p=376277\">V\u00e4dret i Barcelona: temperaturer m\u00e5nad f\u00f6r m\u00e5nad och n\u00e4r du ska \u00e5ka<\/a><\/li>\n\n\n\n<li>  <a href=\"https:\/\/loudavymkrokem.cz\/?p=376352\">Transport i Barcelona: tunnelbana, biljetter och flygplats<\/a><\/li>\n\n\n\n<li>  <a href=\"https:\/\/loudavymkrokem.cz\/sv\/var-bo-barcelona-spanien\/\">Var du ska bo i Barcelona: 10 stadsdelar<\/a><\/li>\n\n\n\n<li>  <a href=\"https:\/\/loudavymkrokem.cz\/sv\/girona-spanien-sevardheter\/\">Girona, Spanien: 16 tips p\u00e5 vad du ska se<\/a><\/li>\n\n\n\n<li>  <a href=\"https:\/\/loudavymkrokem.cz\/sv\/semester-spanien-basta-resmalen\/\">Semester i Spanien: 17 tips p\u00e5 vart du ska \u00e5ka<\/a><\/li>\n\n\n<\/ul>\n\n\n\n<figure data-wp-context=\"{&quot;imageId&quot;:&quot;6a9be89ad4ea9&quot;}\" data-wp-interactive=\"core\/image\" data-wp-key=\"6a9be89ad4ea9\" class=\"wp-block-image size-full wp-lightbox-container\"><img decoding=\"async\" width=\"2000\" height=\"1333\" data-wp-class--hide=\"state.isContentHidden\" data-wp-class--show=\"state.isContentVisible\" data-wp-init=\"callbacks.setButtonStyles\" data-wp-on--click=\"actions.showLightbox\" data-wp-on--load=\"callbacks.setButtonStyles\" data-wp-on--pointerdown=\"actions.preloadImage\" data-wp-on--pointerenter=\"actions.preloadImageWithDelay\" data-wp-on--pointerleave=\"actions.cancelPreload\" data-wp-on-window--resize=\"callbacks.setButtonStyles\" src=\"https:\/\/loudavymkrokem.cz\/wp-content\/uploads\/2026\/08\/arc-de-triomf-palmy.jpg\" alt=\"Arc de Triomf i Barcelona mellan palmer\" class=\"wp-image-376340\" title=\"\" srcset=\"https:\/\/loudavymkrokem.cz\/wp-content\/uploads\/2026\/08\/arc-de-triomf-palmy.jpg 2000w, https:\/\/loudavymkrokem.cz\/wp-content\/uploads\/2026\/08\/arc-de-triomf-palmy-300x200.jpg 300w, https:\/\/loudavymkrokem.cz\/wp-content\/uploads\/2026\/08\/arc-de-triomf-palmy-700x467.jpg 700w, https:\/\/loudavymkrokem.cz\/wp-content\/uploads\/2026\/08\/arc-de-triomf-palmy-768x512.jpg 768w, https:\/\/loudavymkrokem.cz\/wp-content\/uploads\/2026\/08\/arc-de-triomf-palmy-1536x1024.jpg 1536w, https:\/\/loudavymkrokem.cz\/wp-content\/uploads\/2026\/08\/arc-de-triomf-palmy-696x464.jpg 696w, https:\/\/loudavymkrokem.cz\/wp-content\/uploads\/2026\/08\/arc-de-triomf-palmy-1392x928.jpg 1392w, https:\/\/loudavymkrokem.cz\/wp-content\/uploads\/2026\/08\/arc-de-triomf-palmy-1920x1280.jpg 1920w\" sizes=\"(max-width: 2000px) 100vw, 2000px\" \/><button\n\t\t\tclass=\"lightbox-trigger\"\n\t\t\ttype=\"button\"\n\t\t\taria-haspopup=\"dialog\"\n\t\t\tdata-wp-bind--aria-label=\"state.thisImage.triggerButtonAriaLabel\"\n\t\t\tdata-wp-init=\"callbacks.initTriggerButton\"\n\t\t\tdata-wp-on--click=\"actions.showLightbox\"\n\t\t\tdata-wp-style--right=\"state.thisImage.buttonRight\"\n\t\t\tdata-wp-style--top=\"state.thisImage.buttonTop\"\n\t\t>\n\t\t\t<svg xmlns=\"http:\/\/www.w3.org\/2000\/svg\" width=\"12\" height=\"12\" fill=\"none\" viewBox=\"0 0 12 12\">\n\t\t\t\t<path fill=\"#fff\" d=\"M2 0a2 2 0 0 0-2 2v2h1.5V2a.5.5 0 0 1 .5-.5h2V0H2Zm2 10.5H2a.5.5 0 0 1-.5-.5V8H0v2a2 2 0 0 0 2 2h2v-1.5ZM8 12v-1.5h2a.5.5 0 0 0 .5-.5V8H12v2a2 2 0 0 1-2 2H8Zm2-12a2 2 0 0 1 2 2v2h-1.5V2a.5.5 0 0 0-.5-.5H8V0h2Z\" \/>\n\t\t\t<\/svg>\n\t\t<\/button><\/figure>\n\n\n\n<h2 class=\"wp-block-heading\"><span class=\"ez-toc-section\" id=\"Vanliga_fragor\"><\/span>Vanliga fr\u00e5gor<span class=\"ez-toc-section-end\"><\/span><\/h2>\n\n\n<div id=\"rank-math-faq\" class=\"rank-math-block\">\n<div class=\"rank-math-list \">\n<div id=\"faq-question-1785837102000\" class=\"rank-math-list-item\">\n<h3 class=\"rank-math-question \"><span class=\"ez-toc-section\" id=\"Hur_lang_ar_flygtiden_till_Barcelona_fran_Stockholm\"><\/span>Hur l\u00e5ng \u00e4r flygtiden till Barcelona fr\u00e5n Stockholm?<span class=\"ez-toc-section-end\"><\/span><\/h3>\n<div class=\"rank-math-answer \">\n\n<p>En direktflygning fr\u00e5n Stockholm till Barcelonas flygplats El Prat tar cirka 3 timmar och 15 minuter, under vilka du tillryggal\u00e4gger en distans p\u00e5 ungef\u00e4r 2 300 kilometer. Under h\u00f6gs\u00e4songen kan du dessutom v\u00e4lja mellan flera olika avg\u00e5ngar per dag, vilket ger enorm flexibilitet vid planering av din resa.<\/p>\n\n<\/div>\n<\/div>\n<div id=\"faq-question-1785837102001\" class=\"rank-math-list-item\">\n<h3 class=\"rank-math-question \"><span class=\"ez-toc-section\" id=\"Vad_kostar_en_flygbiljett_ungefar\"><\/span>Vad kostar en flygbiljett ungef\u00e4r?<span class=\"ez-toc-section-end\"><\/span><\/h3>\n<div class=\"rank-math-answer \">\n\n<p>Priserna varierar mycket beroende p\u00e5 hur l\u00e5ngt i f\u00f6rv\u00e4g du bokar och vilken s\u00e4song det \u00e4r, men p\u00e5 sommaren kan du r\u00e4kna med ett genomsnittspris p\u00e5 omkring 2 400 kr f\u00f6r en enkel resa helt utan bagage. \u00c4ven om s\u00f6kmotorer kan visa biljetter fr\u00e5n 1 350 kr brukar dessa priser vara tillg\u00e4ngliga fr\u00e4mst utanf\u00f6r h\u00f6gs\u00e4songen och p\u00e5 mindre attraktiva veckodagar.<\/p>\n\n<\/div>\n<\/div>\n<div id=\"faq-question-1785837102002\" class=\"rank-math-list-item\">\n<h3 class=\"rank-math-question \"><span class=\"ez-toc-section\" id=\"Galler_vanlig_tunnelbanebiljett_fran_flygplatsen\"><\/span>G\u00e4ller vanlig tunnelbanebiljett fr\u00e5n flygplatsen?<span class=\"ez-toc-section-end\"><\/span><\/h3>\n<div class=\"rank-math-answer \">\n\n<p>Tyv\u00e4rr inte, den vanliga biljetten T-casual sl\u00e4pper dig inte alls genom sp\u00e4rrarna till den moderna flygplatslinjen L9 Sud. Du m\u00e5ste k\u00f6pa den speciella Bitllet Aeroport, som just nu kostar 5,90 \u20ac. Om du vill spara pengar kan du ta pendelt\u00e5get RENFE fr\u00e5n terminal T2, d\u00e4r vanliga biljetter g\u00e4ller normalt.<\/p>\n\n<\/div>\n<\/div>\n<div id=\"faq-question-1785837102003\" class=\"rank-math-list-item\">\n<h3 class=\"rank-math-question \"><span class=\"ez-toc-section\" id=\"Kan_jag_aka_in_till_Barcelonas_centrum_med_bil\"><\/span>Kan jag \u00e5ka in till Barcelonas centrum med bil?<span class=\"ez-toc-section-end\"><\/span><\/h3>\n<div class=\"rank-math-answer \">\n\n<p>Teoretiskt kan du det, men i praktiken avr\u00e5der vi starkt fr\u00e5n det p\u00e5 grund av den strikta l\u00e5gmissionszonen ZBE som t\u00e4cker hela centrum. Utl\u00e4ndska bilar m\u00e5ste f\u00f6rhandregistreras gratis online i AMB-systemet och uppfylla utsl\u00e4ppsnormer, annars riskerar du automatiska b\u00f6ter p\u00e5 200 \u20ac fr\u00e5n det smarta kamerasystemet.<\/p>\n\n<\/div>\n<\/div>\n<div id=\"faq-question-1785837102004\" class=\"rank-math-list-item\">\n<h3 class=\"rank-math-question \"><span class=\"ez-toc-section\" id=\"Gar_det_att_aka_bekvamt_till_Barcelona_med_tag\"><\/span>G\u00e5r det att \u00e5ka bekv\u00e4mt till Barcelona med t\u00e5g?<span class=\"ez-toc-section-end\"><\/span><\/h3>\n<div class=\"rank-math-answer \">\n\n<p>Absolut, och det \u00e4r ett utm\u00e4rkt alternativ om du av h\u00e4lsosk\u00e4l inte kan flyga. Den vanligaste rutten g\u00e5r via K\u00f6penhamn och Hamburg, sedan vidare genom Tyskland till Frankfurt och Strasbourg d\u00e4r du kan \u00f6vernatta, och d\u00e4refter via Lyon ner till Spanien. Ett annat alternativ \u00e4r direkta TGV fr\u00e5n Paris, som klarar resan till havet p\u00e5 6 timmar och 15 minuter.<\/p>\n\n<\/div>\n<\/div>\n<div id=\"faq-question-1785837102005\" class=\"rank-math-list-item\">\n<h3 class=\"rank-math-question \"><span class=\"ez-toc-section\" id=\"Vad_ska_man_vara_uppmarksam_pa_med_lagprisbolag_som_Ryanair\"><\/span>Vad ska man vara uppm\u00e4rksam p\u00e5 med l\u00e5gprisbolag som Ryanair?<span class=\"ez-toc-section-end\"><\/span><\/h3>\n<div class=\"rank-math-answer \">\n\n<p>Det st\u00f6rsta problemet \u00e4r dolda avgifter f\u00f6r bagage direkt vid avg\u00e5ngsgrinden. Om du inte k\u00f6pt Priority-service och kommer med en stor handbagsv\u00e4ska som inte f\u00e5r plats inom gr\u00e4nsen 40 \u00d7 20 \u00d7 25 centimeter betalar du ett h\u00e5rt straffpris p\u00e5 35 \u20ac, som f\u00f6r \u00e4nnu st\u00f6rre bagage kan skjuta i h\u00f6jden till 70 \u20ac.<\/p>\n\n<\/div>\n<\/div>\n<div id=\"faq-question-1785837102006\" class=\"rank-math-list-item\">\n<h3 class=\"rank-math-question \"><span class=\"ez-toc-section\" id=\"Lonar_det_sig_att_flyga_till_de_mer_avlagsna_flygplatserna_Girona_eller_Reus\"><\/span>L\u00f6nar det sig att flyga till de mer avl\u00e4gsna flygplatserna Girona eller Reus?<span class=\"ez-toc-section-end\"><\/span><\/h3>\n<div class=\"rank-math-answer \">\n\n<p>Om du ska direkt till Barcelona l\u00f6nar det sig oftast inte alls. Transfer med buss fr\u00e5n dessa flygplatser kostar ytterligare 15 till 22 \u20ac per enkel resa och tar \u00f6ver en timme och kvart, s\u00e5 de pengar du sparade p\u00e5 en billigare biljett spenderar du i slut\u00e4ndan p\u00e5 tidskr\u00e4vande transport in till centrum och f\u00f6rlorar massor av tid.<\/p>\n\n<\/div>\n<\/div>\n<\/div>\n<\/div>","protected":false},"excerpt":{"rendered":"<p>Planerar du en resa till Barcelona i Spanien? Vi tipsar om vilka flygbiljetter du ska v\u00e4lja, vad du ska se upp med n\u00e4r det g\u00e4ller bagage och hur du tar dig dit med t\u00e5g om du inte flyger.<\/p>\n","protected":false},"author":3,"featured_media":376474,"comment_status":"open","ping_status":"open","sticky":false,"template":"","format":"standard","meta":{"_acf_changed":false,"footnotes":"","rank_math_title":"Barcelona i Spanien: s\u00e5 reser du dit 2026","rank_math_description":"Ska du till Barcelona i Spanien? Guide till flyg, biljettpriser, bagagef\u00e4llor, t\u00e5g och tips om ZBE-zonen f\u00f6r 2026. L\u00e4s allt du beh\u00f6ver veta innan du bokar!","rank_math_focus_keyword":"barcelona spanien","rank_math_seo_score":""},"categories":[1178,1484,1162,1213],"tags":[],"class_list":["post-409792","post","type-post","status-publish","format-standard","has-post-thumbnail","category-europa","category-katalonien","category-spanien"],"acf":[],"featured_image_src":"https:\/\/loudavymkrokem.cz\/wp-content\/uploads\/2026\/08\/barcelona-vueling-a-jejich-odstupnovana-kila-px.jpg","author_info":{"display_name":"Lucie Kone\u010dn\u00e1","author_link":"https:\/\/loudavymkrokem.cz\/sv\/author\/lucie-konecna\/"},"_links":{"self":[{"href":"https:\/\/loudavymkrokem.cz\/sv\/wp-json\/wp\/v2\/posts\/409792","targetHints":{"allow":["GET"]}}],"collection":[{"href":"https:\/\/loudavymkrokem.cz\/sv\/wp-json\/wp\/v2\/posts"}],"about":[{"href":"https:\/\/loudavymkrokem.cz\/sv\/wp-json\/wp\/v2\/types\/post"}],"author":[{"embeddable":true,"href":"https:\/\/loudavymkrokem.cz\/sv\/wp-json\/wp\/v2\/users\/3"}],"replies":[{"embeddable":true,"href":"https:\/\/loudavymkrokem.cz\/sv\/wp-json\/wp\/v2\/comments?post=409792"}],"version-history":[{"count":1,"href":"https:\/\/loudavymkrokem.cz\/sv\/wp-json\/wp\/v2\/posts\/409792\/revisions"}],"predecessor-version":[{"id":416372,"href":"https:\/\/loudavymkrokem.cz\/sv\/wp-json\/wp\/v2\/posts\/409792\/revisions\/416372"}],"wp:featuredmedia":[{"embeddable":true,"href":"https:\/\/loudavymkrokem.cz\/sv\/wp-json\/wp\/v2\/media\/376474"}],"wp:attachment":[{"href":"https:\/\/loudavymkrokem.cz\/sv\/wp-json\/wp\/v2\/media?parent=409792"}],"wp:term":[{"taxonomy":"category","embeddable":true,"href":"https:\/\/loudavymkrokem.cz\/sv\/wp-json\/wp\/v2\/categories?post=409792"},{"taxonomy":"post_tag","embeddable":true,"href":"https:\/\/loudavymkrokem.cz\/sv\/wp-json\/wp\/v2\/tags?post=409792"}],"curies":[{"name":"wp","href":"https:\/\/api.w.org\/{rel}","templated":true}]}}