{"id":409786,"date":"2026-08-27T20:49:13","date_gmt":"2026-08-27T18:49:13","guid":{"rendered":"https:\/\/loudavymkrokem.cz\/?p=409786"},"modified":"2026-09-02T04:08:17","modified_gmt":"2026-09-02T02:08:17","slug":"salzburg-osterrike-sound-of-music-2","status":"publish","type":"post","link":"https:\/\/loudavymkrokem.cz\/sv\/salzburg-osterrike-sound-of-music-2\/","title":{"rendered":"Sound of Music: 11 filminspelningsplatser i Salzburg, \u00d6sterrike 2026"},"content":{"rendered":"\n<p class=\"wp-block-paragraph\">Om du planerar att uppt\u00e4cka Salzburg i \u00d6sterrike och ser fram emot platserna fr\u00e5n den legendariska filmen Sound of Music m\u00e5ste jag genast \u00f6verraska dig lite. <strong>Den ber\u00f6mda von Trapp-villan fr\u00e5n filmen existerar n\u00e4mligen inte alls<\/strong>. Filmskaparna satte ihop det h\u00e4r st\u00e5tliga huset av tv\u00e5 helt olika slott, och dessutom filmades alla inomhusscener i Hollywoods studior. \u00c4nd\u00e5 kommer jakten p\u00e5 dessa fragment runt om i staden att sluka dig helt.<\/p>\n\n\n\n<p class=\"wp-block-paragraph\">En \u00e4nnu st\u00f6rre chock kommer dock vid sj\u00e4lva slutet av ber\u00e4ttelsen. Kommer du ih\u00e5g den dramatiska <strong>flykten d\u00e4r familjen tar sig \u00f6ver de alpina bergsryggarna till Schweiz<\/strong>? Det var ren Hollywood-fantasi, f\u00f6r i verkligheten skulle den rutten ha lett dem rakt in i Nazityskland. Den verkliga familjen von Trapp packade helt enkelt sina v\u00e4skor, gick till den n\u00e4rliggande j\u00e4rnv\u00e4gsstationen i Aigen och <strong>reste bekv\u00e4mt med t\u00e5g till s\u00e4kerheten<\/strong>.<\/p>\n\n\n\n<p class=\"wp-block-paragraph\">Salzburg \u00e4r kort sagt en stad d\u00e4r <strong>den historiska verkligheten st\u00e4ndigt v\u00e4vs samman med filmmagi<\/strong>. Och s\u00e5 snart du b\u00f6rjar vandra p\u00e5 gatstenarna och leta efter r\u00e4tt hus, portar och paviljonger inser du att sp\u00e4nningen mellan myt och sanning faktiskt \u00e4r det b\u00e4sta staden har att erbjuda.<\/p>\n\n\n\n<figure data-wp-context=\"{&quot;imageId&quot;:&quot;6a9afcab078b9&quot;}\" data-wp-interactive=\"core\/image\" data-wp-key=\"6a9afcab078b9\" class=\"wp-block-image size-full wp-lightbox-container\"><img decoding=\"async\" width=\"1200\" height=\"800\" data-wp-class--hide=\"state.isContentHidden\" data-wp-class--show=\"state.isContentVisible\" data-wp-init=\"callbacks.setButtonStyles\" data-wp-on--click=\"actions.showLightbox\" data-wp-on--load=\"callbacks.setButtonStyles\" data-wp-on--pointerdown=\"actions.preloadImage\" data-wp-on--pointerenter=\"actions.preloadImageWithDelay\" data-wp-on--pointerleave=\"actions.cancelPreload\" data-wp-on-window--resize=\"callbacks.setButtonStyles\" src=\"https:\/\/loudavymkrokem.cz\/wp-content\/uploads\/2025\/05\/co-videt-v-salzburgu-54.jpg\" alt=\"Gamla stan i Salzburg under f\u00e4stningen Hohensalzburg\" class=\"wp-image-96659\" title=\"\" srcset=\"https:\/\/loudavymkrokem.cz\/wp-content\/uploads\/2025\/05\/co-videt-v-salzburgu-54.jpg 1200w, https:\/\/loudavymkrokem.cz\/wp-content\/uploads\/2025\/05\/co-videt-v-salzburgu-54-300x200.jpg 300w, https:\/\/loudavymkrokem.cz\/wp-content\/uploads\/2025\/05\/co-videt-v-salzburgu-54-700x467.jpg 700w, https:\/\/loudavymkrokem.cz\/wp-content\/uploads\/2025\/05\/co-videt-v-salzburgu-54-768x512.jpg 768w, https:\/\/loudavymkrokem.cz\/wp-content\/uploads\/2025\/05\/co-videt-v-salzburgu-54-696x464.jpg 696w\" sizes=\"(max-width: 1200px) 100vw, 1200px\" \/><button\n\t\t\tclass=\"lightbox-trigger\"\n\t\t\ttype=\"button\"\n\t\t\taria-haspopup=\"dialog\"\n\t\t\tdata-wp-bind--aria-label=\"state.thisImage.triggerButtonAriaLabel\"\n\t\t\tdata-wp-init=\"callbacks.initTriggerButton\"\n\t\t\tdata-wp-on--click=\"actions.showLightbox\"\n\t\t\tdata-wp-style--right=\"state.thisImage.buttonRight\"\n\t\t\tdata-wp-style--top=\"state.thisImage.buttonTop\"\n\t\t>\n\t\t\t<svg xmlns=\"http:\/\/www.w3.org\/2000\/svg\" width=\"12\" height=\"12\" fill=\"none\" viewBox=\"0 0 12 12\">\n\t\t\t\t<path fill=\"#fff\" d=\"M2 0a2 2 0 0 0-2 2v2h1.5V2a.5.5 0 0 1 .5-.5h2V0H2Zm2 10.5H2a.5.5 0 0 1-.5-.5V8H0v2a2 2 0 0 0 2 2h2v-1.5ZM8 12v-1.5h2a.5.5 0 0 0 .5-.5V8H12v2a2 2 0 0 1-2 2H8Zm2-12a2 2 0 0 1 2 2v2h-1.5V2a.5.5 0 0 0-.5-.5H8V0h2Z\" \/>\n\t\t\t<\/svg>\n\t\t<\/button><\/figure>\n\n\n\n<div id=\"ez-toc-container\" class=\"ez-toc-v2_0_87 ez-toc-wrap-left counter-hierarchy ez-toc-counter ez-toc-grey ez-toc-container-direction\">\n<div class=\"ez-toc-title-container\">\n<p class=\"ez-toc-title\" style=\"cursor:inherit\">Artikelns inneh\u00e5ll<\/p>\n<span class=\"ez-toc-title-toggle\"><a href=\"#\" class=\"ez-toc-pull-right ez-toc-btn ez-toc-btn-xs ez-toc-btn-default ez-toc-toggle\" aria-label=\"Toggle Table of Content\"><span class=\"ez-toc-js-icon-con\"><span class=\"\"><span class=\"eztoc-hide\" style=\"display:none;\">Toggle<\/span><span class=\"ez-toc-icon-toggle-span\"><svg style=\"fill: #999;color:#999\" xmlns=\"http:\/\/www.w3.org\/2000\/svg\" class=\"list-377408\" width=\"20px\" height=\"20px\" viewBox=\"0 0 24 24\" fill=\"none\"><path d=\"M6 6H4v2h2V6zm14 0H8v2h12V6zM4 11h2v2H4v-2zm16 0H8v2h12v-2zM4 16h2v2H4v-2zm16 0H8v2h12v-2z\" fill=\"currentColor\"><\/path><\/svg><svg style=\"fill: #999;color:#999\" class=\"arrow-unsorted-368013\" xmlns=\"http:\/\/www.w3.org\/2000\/svg\" width=\"10px\" height=\"10px\" viewBox=\"0 0 24 24\" version=\"1.2\" baseProfile=\"tiny\"><path d=\"M18.2 9.3l-6.2-6.3-6.2 6.3c-.2.2-.3.4-.3.7s.1.5.3.7c.2.2.4.3.7.3h11c.3 0 .5-.1.7-.3.2-.2.3-.5.3-.7s-.1-.5-.3-.7zM5.8 14.7l6.2 6.3 6.2-6.3c.2-.2.3-.5.3-.7s-.1-.5-.3-.7c-.2-.2-.4-.3-.7-.3h-11c-.3 0-.5.1-.7.3-.2.2-.3.5-.3.7s.1.5.3.7z\"\/><\/svg><\/span><\/span><\/span><\/a><\/span><\/div>\n<nav><ul class='ez-toc-list ez-toc-list-level-1 ' ><ul class='ez-toc-list-level-3' ><li class='ez-toc-heading-level-3'><a class=\"ez-toc-link ez-toc-heading-1\" href=\"https:\/\/loudavymkrokem.cz\/sv\/salzburg-osterrike-sound-of-music-2\/#Sammanfattning_for_dig_som_inte_hinner_lasa_hela_artikeln\" >Sammanfattning f\u00f6r dig som inte hinner l\u00e4sa hela artikeln<\/a><\/li><\/ul><\/li><li class='ez-toc-page-1 ez-toc-heading-level-2'><a class=\"ez-toc-link ez-toc-heading-2\" href=\"https:\/\/loudavymkrokem.cz\/sv\/salzburg-osterrike-sound-of-music-2\/#Salzburg_i_Osterrike_praktiskt_hur_du_tar_dig_dit_och_nar_du_bor_aka\" >Salzburg i \u00d6sterrike praktiskt: hur du tar dig dit och n\u00e4r du b\u00f6r \u00e5ka<\/a><\/li><li class='ez-toc-page-1 ez-toc-heading-level-2'><a class=\"ez-toc-link ez-toc-heading-3\" href=\"https:\/\/loudavymkrokem.cz\/sv\/salzburg-osterrike-sound-of-music-2\/#11_filminspelningsplatser_i_Salzburg_och_omgivningarna\" >11 filminspelningsplatser i Salzburg och omgivningarna<\/a><ul class='ez-toc-list-level-3' ><li class='ez-toc-heading-level-3'><a class=\"ez-toc-link ez-toc-heading-4\" href=\"https:\/\/loudavymkrokem.cz\/sv\/salzburg-osterrike-sound-of-music-2\/#1_Mirabelltradgardarna_och_trappan_fran_Do-Re-Mi\" >1. Mirabelltr\u00e4dg\u00e5rdarna och trappan fr\u00e5n Do-Re-Mi<\/a><\/li><li class='ez-toc-page-1 ez-toc-heading-level-3'><a class=\"ez-toc-link ez-toc-heading-5\" href=\"https:\/\/loudavymkrokem.cz\/sv\/salzburg-osterrike-sound-of-music-2\/#2_Klostret_Nonnberg_och_Marias_verkliga_liv\" >2. Klostret Nonnberg och Marias verkliga liv<\/a><\/li><li class='ez-toc-page-1 ez-toc-heading-level-3'><a class=\"ez-toc-link ez-toc-heading-6\" href=\"https:\/\/loudavymkrokem.cz\/sv\/salzburg-osterrike-sound-of-music-2\/#3_Paviljongen_fran_laten_Sixteen_Going_on_Seventeen\" >3. Paviljongen fr\u00e5n l\u00e5ten Sixteen Going on Seventeen<\/a><\/li><li class='ez-toc-page-1 ez-toc-heading-level-3'><a class=\"ez-toc-link ez-toc-heading-7\" href=\"https:\/\/loudavymkrokem.cz\/sv\/salzburg-osterrike-sound-of-music-2\/#4_Slottet_Hellbrunn_och_dess_trickfontaner\" >4. Slottet Hellbrunn och dess trickfont\u00e4ner<\/a><\/li><li class='ez-toc-page-1 ez-toc-heading-level-3'><a class=\"ez-toc-link ez-toc-heading-8\" href=\"https:\/\/loudavymkrokem.cz\/sv\/salzburg-osterrike-sound-of-music-2\/#5_Schloss_Leopoldskron_och_scenerna_vid_sjon\" >5. Schloss Leopoldskron och scenerna vid sj\u00f6n<\/a><\/li><li class='ez-toc-page-1 ez-toc-heading-level-3'><a class=\"ez-toc-link ez-toc-heading-9\" href=\"https:\/\/loudavymkrokem.cz\/sv\/salzburg-osterrike-sound-of-music-2\/#6_Schloss_Frohnburg_och_villans_filmfasad\" >6. Schloss Frohnburg och villans filmfasad<\/a><\/li><li class='ez-toc-page-1 ez-toc-heading-level-3'><a class=\"ez-toc-link ez-toc-heading-10\" href=\"https:\/\/loudavymkrokem.cz\/sv\/salzburg-osterrike-sound-of-music-2\/#7_Villa_Trapp_i_Aigen_familjens_verkliga_hem\" >7. Villa Trapp i Aigen: familjens verkliga hem<\/a><\/li><li class='ez-toc-page-1 ez-toc-heading-level-3'><a class=\"ez-toc-link ez-toc-heading-11\" href=\"https:\/\/loudavymkrokem.cz\/sv\/salzburg-osterrike-sound-of-music-2\/#8_Basilikan_i_Mondsee_och_det_beromda_brollopet\" >8. Basilikan i Mondsee och det ber\u00f6mda br\u00f6llopet<\/a><\/li><li class='ez-toc-page-1 ez-toc-heading-level-3'><a class=\"ez-toc-link ez-toc-heading-12\" href=\"https:\/\/loudavymkrokem.cz\/sv\/salzburg-osterrike-sound-of-music-2\/#9_Felsenreitschule_och_den_dramatiska_konserten\" >9. Felsenreitschule och den dramatiska konserten<\/a><\/li><li class='ez-toc-page-1 ez-toc-heading-level-3'><a class=\"ez-toc-link ez-toc-heading-13\" href=\"https:\/\/loudavymkrokem.cz\/sv\/salzburg-osterrike-sound-of-music-2\/#10_Residenzplatz_och_fontanen_full_av_sjalvfortroende\" >10. Residenzplatz och font\u00e4nen full av sj\u00e4lvf\u00f6rtroende<\/a><\/li><li class='ez-toc-page-1 ez-toc-heading-level-3'><a class=\"ez-toc-link ez-toc-heading-14\" href=\"https:\/\/loudavymkrokem.cz\/sv\/salzburg-osterrike-sound-of-music-2\/#11_Utflykt_till_Werfen_och_bergsangarna\" >11. Utflykt till Werfen och bergs\u00e4ngarna<\/a><\/li><\/ul><\/li><li class='ez-toc-page-1 ez-toc-heading-level-2'><a class=\"ez-toc-link ez-toc-heading-15\" href=\"https:\/\/loudavymkrokem.cz\/sv\/salzburg-osterrike-sound-of-music-2\/#Sound_of_Music_vad_ar_sant_och_vad_ar_Hollywood\" >Sound of Music: vad \u00e4r sant och vad \u00e4r Hollywood<\/a><\/li><li class='ez-toc-page-1 ez-toc-heading-level-2'><a class=\"ez-toc-link ez-toc-heading-16\" href=\"https:\/\/loudavymkrokem.cz\/sv\/salzburg-osterrike-sound-of-music-2\/#Hotell_i_Salzburg_Osterrike_%E2%80%93_var_du_bor_bo\" >Hotell i Salzburg, \u00d6sterrike \u2013 var du b\u00f6r bo<\/a><\/li><li class='ez-toc-page-1 ez-toc-heading-level-2'><a class=\"ez-toc-link ez-toc-heading-17\" href=\"https:\/\/loudavymkrokem.cz\/sv\/salzburg-osterrike-sound-of-music-2\/#Var_du_bor_ata\" >Var du b\u00f6r \u00e4ta<\/a><\/li><li class='ez-toc-page-1 ez-toc-heading-level-2'><a class=\"ez-toc-link ez-toc-heading-18\" href=\"https:\/\/loudavymkrokem.cz\/sv\/salzburg-osterrike-sound-of-music-2\/#Snabbguide_filmplatserna_i_Salzburg_och_omgivningarna\" >Snabbguide: filmplatserna i Salzburg och omgivningarna<\/a><\/li><li class='ez-toc-page-1 ez-toc-heading-level-2'><a class=\"ez-toc-link ez-toc-heading-19\" href=\"https:\/\/loudavymkrokem.cz\/sv\/salzburg-osterrike-sound-of-music-2\/#Vart_harnast\" >Vart h\u00e4rn\u00e4st<\/a><\/li><li class='ez-toc-page-1 ez-toc-heading-level-2'><a class=\"ez-toc-link ez-toc-heading-20\" href=\"https:\/\/loudavymkrokem.cz\/sv\/salzburg-osterrike-sound-of-music-2\/#Vanliga_fragor\" >Vanliga fr\u00e5gor<\/a><ul class='ez-toc-list-level-3' ><li class='ez-toc-heading-level-3'><a class=\"ez-toc-link ez-toc-heading-21\" href=\"https:\/\/loudavymkrokem.cz\/sv\/salzburg-osterrike-sound-of-music-2\/#Gar_det_att_ga_in_i_det_beromda_filmlustuset\" >G\u00e5r det att g\u00e5 in i det ber\u00f6mda filmlustuset?<\/a><\/li><li class='ez-toc-page-1 ez-toc-heading-level-3'><a class=\"ez-toc-link ez-toc-heading-22\" href=\"https:\/\/loudavymkrokem.cz\/sv\/salzburg-osterrike-sound-of-music-2\/#Var_stod_den_verkliga_villan_som_tillhorde_familjen_von_Trapp\" >Var stod den verkliga villan som tillh\u00f6rde familjen von Trapp?<\/a><\/li><li class='ez-toc-page-1 ez-toc-heading-level-3'><a class=\"ez-toc-link ez-toc-heading-23\" href=\"https:\/\/loudavymkrokem.cz\/sv\/salzburg-osterrike-sound-of-music-2\/#Vad_kostar_en_organiserad_Sound_of_Music-turne\" >Vad kostar en organiserad Sound of Music-turn\u00e9?<\/a><\/li><li class='ez-toc-page-1 ez-toc-heading-level-3'><a class=\"ez-toc-link ez-toc-heading-24\" href=\"https:\/\/loudavymkrokem.cz\/sv\/salzburg-osterrike-sound-of-music-2\/#Behover_jag_motorvagsvinjett_till_Osterrike\" >Beh\u00f6ver jag motorv\u00e4gsvinjett till \u00d6sterrike?<\/a><\/li><li class='ez-toc-page-1 ez-toc-heading-level-3'><a class=\"ez-toc-link ez-toc-heading-25\" href=\"https:\/\/loudavymkrokem.cz\/sv\/salzburg-osterrike-sound-of-music-2\/#Ar_klostret_Nonnberg_en_vanlig_turistattraktion\" >\u00c4r klostret Nonnberg en vanlig turistattraktion?<\/a><\/li><li class='ez-toc-page-1 ez-toc-heading-level-3'><a class=\"ez-toc-link ez-toc-heading-26\" href=\"https:\/\/loudavymkrokem.cz\/sv\/salzburg-osterrike-sound-of-music-2\/#Kan_jag_besoka_slottet_Leopoldskron\" >Kan jag bes\u00f6ka slottet Leopoldskron?<\/a><\/li><li class='ez-toc-page-1 ez-toc-heading-level-3'><a class=\"ez-toc-link ez-toc-heading-27\" href=\"https:\/\/loudavymkrokem.cz\/sv\/salzburg-osterrike-sound-of-music-2\/#Vart_flydde_familjen_i_verkligheten\" >Vart flydde familjen i verkligheten?<\/a><\/li><li class='ez-toc-page-1 ez-toc-heading-level-3'><a class=\"ez-toc-link ez-toc-heading-28\" href=\"https:\/\/loudavymkrokem.cz\/sv\/salzburg-osterrike-sound-of-music-2\/#Nar_ar_basta_tiden_att_besoka_Salzburg\" >N\u00e4r \u00e4r b\u00e4sta tiden att bes\u00f6ka Salzburg?<\/a><\/li><\/ul><\/li><\/ul><\/nav><\/div>\n<h3 class=\"wp-block-heading\"><span class=\"ez-toc-section\" id=\"Sammanfattning_for_dig_som_inte_hinner_lasa_hela_artikeln\"><\/span>Sammanfattning f\u00f6r dig som inte hinner l\u00e4sa hela artikeln<span class=\"ez-toc-section-end\"><\/span><\/h3>\n\n\n\n<ul class=\"wp-block-list\">\n\n<li>  <strong>Filmvillan \u00e4r en illusion:<\/strong> Den best\u00e5r av fasaden p\u00e5 slottet Schloss Frohnburg och den bakre sj\u00f6terrassen vid slottet Schloss Leopoldskron.<\/li>\n\n\n\n<li>  <strong>Den ber\u00f6mda paviljongen har flyttats:<\/strong> Idag st\u00e5r den inte l\u00e4ngre vid sj\u00f6n, utan du hittar den i parken vid slottet Hellbrunn \u2013 och av s\u00e4kerhetssk\u00e4l f\u00e5r man inte g\u00e5 in i den.<\/li>\n\n\n\n<li>  <strong>Familjens verkliga hem:<\/strong> Den riktiga Villa Trapp ligger i stadsdelen Aigen och fungerar idag som hotell, d\u00e4r du kan \u00f6vernatta direkt i Marias rum.<\/li>\n\n\n\n<li>  <strong>Organiserade turer:<\/strong> Den klassiska Sound of Music-turen med buss tar cirka 4 timmar och kostar ungef\u00e4r 900 kr.<\/li>\n\n\n\n<li>  <strong>N\u00e4r du b\u00f6r \u00e5ka hit:<\/strong> B\u00e4st v\u00e4der f\u00f6r utflykter erbjuder perioden fr\u00e5n maj till september. \u00c4ven adventstiden \u00e4r f\u00f6rtrollande, men r\u00e4kna med folkmassor.<\/li>\n\n\n\n<li>  <strong>Att se upp med:<\/strong> Under sommarfestivalen Salzburger Festspiele (juli och augusti) spr\u00e4ngs staden i s\u00f6mmarna och boendepriserna skjuter i h\u00f6jden.<\/li>\n\n\n\n<li>  <strong>Huvudtips f\u00f6r bes\u00f6ket:<\/strong> Klostret Nonnberg \u00e4r fortfarande ett aktivt hem f\u00f6r nunnor, d\u00e4rf\u00f6r kr\u00e4vs absolut tystnad och respekt n\u00e4r du bes\u00f6ker g\u00e5rden och kapellet.<\/li>\n\n\n<\/ul>\n\n\n\n<figure data-wp-context=\"{&quot;imageId&quot;:&quot;6a9afcab0807b&quot;}\" data-wp-interactive=\"core\/image\" data-wp-key=\"6a9afcab0807b\" class=\"wp-block-image size-full wp-lightbox-container\"><img decoding=\"async\" width=\"1200\" height=\"630\" data-wp-class--hide=\"state.isContentHidden\" data-wp-class--show=\"state.isContentVisible\" data-wp-init=\"callbacks.setButtonStyles\" data-wp-on--click=\"actions.showLightbox\" data-wp-on--load=\"callbacks.setButtonStyles\" data-wp-on--pointerdown=\"actions.preloadImage\" data-wp-on--pointerenter=\"actions.preloadImageWithDelay\" data-wp-on--pointerleave=\"actions.cancelPreload\" data-wp-on-window--resize=\"callbacks.setButtonStyles\" src=\"https:\/\/loudavymkrokem.cz\/wp-content\/uploads\/2025\/05\/salzburg.jpg\" alt=\"Vy \u00f6ver Salzburg med f\u00e4stningen Hohensalzburg\" class=\"wp-image-96716\" title=\"\" srcset=\"https:\/\/loudavymkrokem.cz\/wp-content\/uploads\/2025\/05\/salzburg.jpg 1200w, https:\/\/loudavymkrokem.cz\/wp-content\/uploads\/2025\/05\/salzburg-300x158.jpg 300w, https:\/\/loudavymkrokem.cz\/wp-content\/uploads\/2025\/05\/salzburg-700x368.jpg 700w, https:\/\/loudavymkrokem.cz\/wp-content\/uploads\/2025\/05\/salzburg-768x403.jpg 768w, https:\/\/loudavymkrokem.cz\/wp-content\/uploads\/2025\/05\/salzburg-696x365.jpg 696w\" sizes=\"(max-width: 1200px) 100vw, 1200px\" \/><button\n\t\t\tclass=\"lightbox-trigger\"\n\t\t\ttype=\"button\"\n\t\t\taria-haspopup=\"dialog\"\n\t\t\tdata-wp-bind--aria-label=\"state.thisImage.triggerButtonAriaLabel\"\n\t\t\tdata-wp-init=\"callbacks.initTriggerButton\"\n\t\t\tdata-wp-on--click=\"actions.showLightbox\"\n\t\t\tdata-wp-style--right=\"state.thisImage.buttonRight\"\n\t\t\tdata-wp-style--top=\"state.thisImage.buttonTop\"\n\t\t>\n\t\t\t<svg xmlns=\"http:\/\/www.w3.org\/2000\/svg\" width=\"12\" height=\"12\" fill=\"none\" viewBox=\"0 0 12 12\">\n\t\t\t\t<path fill=\"#fff\" d=\"M2 0a2 2 0 0 0-2 2v2h1.5V2a.5.5 0 0 1 .5-.5h2V0H2Zm2 10.5H2a.5.5 0 0 1-.5-.5V8H0v2a2 2 0 0 0 2 2h2v-1.5ZM8 12v-1.5h2a.5.5 0 0 0 .5-.5V8H12v2a2 2 0 0 1-2 2H8Zm2-12a2 2 0 0 1 2 2v2h-1.5V2a.5.5 0 0 0-.5-.5H8V0h2Z\" \/>\n\t\t\t<\/svg>\n\t\t<\/button><\/figure>\n\n\n\n<h2 class=\"wp-block-heading\"><span class=\"ez-toc-section\" id=\"Salzburg_i_Osterrike_praktiskt_hur_du_tar_dig_dit_och_nar_du_bor_aka\"><\/span>Salzburg i \u00d6sterrike praktiskt: hur du tar dig dit och n\u00e4r du b\u00f6r \u00e5ka<span class=\"ez-toc-section-end\"><\/span><\/h2>\n\n\n\n<p class=\"wp-block-paragraph\">F\u00f6r de flesta svenskar \u00e4r det smidigast att flyga. <strong>SAS och Norwegian flyger fr\u00e5n Stockholm till M\u00fcnchen<\/strong>, varifr\u00e5n du tar dig till Mozarts stad med bil eller t\u00e5g p\u00e5 knappt tv\u00e5 timmar. Salzburg har \u00e4ven en egen internationell flygplats, och under vissa perioder finns direktflyg dit fr\u00e5n Sverige. Vill du hellre resa med t\u00e5g fungerar t\u00e5gf\u00f6rbindelserna via M\u00fcnchen eller Wien alldeles utm\u00e4rkt och tar dig \u00e4nda in i centrum.<\/p>\n\n\n\n<p class=\"wp-block-paragraph\">K\u00f6r du bil ner genom Europa ska du inte gl\u00f6mma att skaffa en <strong>motorv\u00e4gsvinjett (\u00d6sterrike\/Schweiz)<\/strong> innan du passerar gr\u00e4nsen \u2013 den k\u00f6per du enkelt online idag. Sj\u00e4lva staden \u00e4r ganska kompakt och en stor del av sev\u00e4rdheterna klarar du att g\u00e5 runt till fots. F\u00f6r l\u00e4ngre avst\u00e5nd till slotten i utkanten av staden <strong>fungerar de lokala tr\u00e5dbussarna och bussarna utm\u00e4rkt<\/strong> \u2013 de g\u00e5r v\u00e4ldigt ofta och punktligt.<\/p>\n\n\n\n<p class=\"wp-block-paragraph\">N\u00e4r det g\u00e4ller den perfekta tidpunkten f\u00f6r bes\u00f6ket <strong>beror det fr\u00e4mst p\u00e5 dina f\u00f6rv\u00e4ntningar och din budget<\/strong>. Fr\u00e5n maj till september r\u00e5der det b\u00e4sta v\u00e4dret f\u00f6r promenader i tr\u00e4dg\u00e5rdarna och utflykter till sj\u00f6arna. Extremt popul\u00e4r \u00e4r adventstiden, d\u00e5 Salzburgs marknader h\u00f6r till de mest f\u00f6rtrollande i hela Europa, men du m\u00e5ste vara beredd p\u00e5 h\u00f6ga priser och turistmassor. D\u00e4remot \u00e4r <strong>juli och augusti de dyraste m\u00e5naderna<\/strong>, d\u00e5 den ber\u00f6mda sommarfestivalen p\u00e5g\u00e5r och boendet ofta \u00e4r uts\u00e5lt l\u00e5ngt i f\u00f6rv\u00e4g.<\/p>\n\n\n\n<h2 class=\"wp-block-heading\"><span class=\"ez-toc-section\" id=\"11_filminspelningsplatser_i_Salzburg_och_omgivningarna\"><\/span>11 filminspelningsplatser i Salzburg och omgivningarna<span class=\"ez-toc-section-end\"><\/span><\/h2>\n\n\n\n<p class=\"wp-block-paragraph\">Filmplatserna \u00e4r f\u00f6rv\u00e5nansv\u00e4rt m\u00e5nga och utspridda \u00f6ver hela staden. H\u00e4r \u00e4r de som verkligen g\u00f6r utflykten v\u00e4rd besv\u00e4ret \u2013 och \u00e4ven de som jag \u00e4rligt varnar dig f\u00f6r att f\u00f6rv\u00e4nta dig mirakel av.<\/p>\n\n\n\n<figure data-wp-context=\"{&quot;imageId&quot;:&quot;6a9afcab08664&quot;}\" data-wp-interactive=\"core\/image\" data-wp-key=\"6a9afcab08664\" class=\"wp-block-image size-full wp-lightbox-container\"><img decoding=\"async\" width=\"1280\" height=\"1920\" data-wp-class--hide=\"state.isContentHidden\" data-wp-class--show=\"state.isContentVisible\" data-wp-init=\"callbacks.setButtonStyles\" data-wp-on--click=\"actions.showLightbox\" data-wp-on--load=\"callbacks.setButtonStyles\" data-wp-on--pointerdown=\"actions.preloadImage\" data-wp-on--pointerenter=\"actions.preloadImageWithDelay\" data-wp-on--pointerleave=\"actions.cancelPreload\" data-wp-on-window--resize=\"callbacks.setButtonStyles\" src=\"https:\/\/loudavymkrokem.cz\/wp-content\/uploads\/2026\/07\/mirabell-0.jpg\" alt=\"Mirabelltr\u00e4dg\u00e5rdarna med utsikt mot f\u00e4stningen Hohensalzburg\" class=\"wp-image-350700\" title=\"\" srcset=\"https:\/\/loudavymkrokem.cz\/wp-content\/uploads\/2026\/07\/mirabell-0.jpg 1280w, https:\/\/loudavymkrokem.cz\/wp-content\/uploads\/2026\/07\/mirabell-0-200x300.jpg 200w, https:\/\/loudavymkrokem.cz\/wp-content\/uploads\/2026\/07\/mirabell-0-700x1050.jpg 700w, https:\/\/loudavymkrokem.cz\/wp-content\/uploads\/2026\/07\/mirabell-0-768x1152.jpg 768w, https:\/\/loudavymkrokem.cz\/wp-content\/uploads\/2026\/07\/mirabell-0-1024x1536.jpg 1024w, https:\/\/loudavymkrokem.cz\/wp-content\/uploads\/2026\/07\/mirabell-0-696x1044.jpg 696w\" sizes=\"(max-width: 1280px) 100vw, 1280px\" \/><button\n\t\t\tclass=\"lightbox-trigger\"\n\t\t\ttype=\"button\"\n\t\t\taria-haspopup=\"dialog\"\n\t\t\tdata-wp-bind--aria-label=\"state.thisImage.triggerButtonAriaLabel\"\n\t\t\tdata-wp-init=\"callbacks.initTriggerButton\"\n\t\t\tdata-wp-on--click=\"actions.showLightbox\"\n\t\t\tdata-wp-style--right=\"state.thisImage.buttonRight\"\n\t\t\tdata-wp-style--top=\"state.thisImage.buttonTop\"\n\t\t>\n\t\t\t<svg xmlns=\"http:\/\/www.w3.org\/2000\/svg\" width=\"12\" height=\"12\" fill=\"none\" viewBox=\"0 0 12 12\">\n\t\t\t\t<path fill=\"#fff\" d=\"M2 0a2 2 0 0 0-2 2v2h1.5V2a.5.5 0 0 1 .5-.5h2V0H2Zm2 10.5H2a.5.5 0 0 1-.5-.5V8H0v2a2 2 0 0 0 2 2h2v-1.5ZM8 12v-1.5h2a.5.5 0 0 0 .5-.5V8H12v2a2 2 0 0 1-2 2H8Zm2-12a2 2 0 0 1 2 2v2h-1.5V2a.5.5 0 0 0-.5-.5H8V0h2Z\" \/>\n\t\t\t<\/svg>\n\t\t<\/button><figcaption class=\"wp-element-caption\">Foto: Raimond Spekking, CC BY-SA 4.0, Wikimedia Commons<\/figcaption><\/figure>\n\n\n\n<h3 class=\"wp-block-heading\"><span class=\"ez-toc-section\" id=\"1_Mirabelltradgardarna_och_trappan_fran_Do-Re-Mi\"><\/span>1. Mirabelltr\u00e4dg\u00e5rdarna och trappan fr\u00e5n Do-Re-Mi<span class=\"ez-toc-section-end\"><\/span><\/h3>\n\n\n\n<p class=\"wp-block-paragraph\">N\u00e4r man s\u00e4ger Salzburg och filmen Sound of Music t\u00e4nker de flesta genast p\u00e5 just <strong>Mirabelltr\u00e4dg\u00e5rdarna med den ikoniska trappan<\/strong>. Dessa barocktr\u00e4dg\u00e5rdar ligger mitt i stadens hj\u00e4rta och \u00e4r en av de vackraste rekreationszonerna i hela \u00d6sterrike. Du kan promenera bland perfekt klippta h\u00e4ckar, beundra f\u00e4rgglada blomsterornament och njuta av <strong>den fantastiska utsikten mot f\u00e4stningen Hohensalzburg<\/strong>, som reser sig h\u00f6gt \u00f6ver staden.<\/p>\n\n\n\n<p class=\"wp-block-paragraph\">F\u00f6r filmfans \u00e4r det ett absolut m\u00e5ste, f\u00f6r det var just h\u00e4r som <strong>det storslagna finalet av den ber\u00f6mda l\u00e5ten Do-Re-Mi<\/strong> filmades. Maria och barnen hoppar i den scenen l\u00e4ngs stentrappan, som du hittar i tr\u00e4dg\u00e5rdarnas nordv\u00e4stra h\u00f6rn, och anv\u00e4nder trappstegen som gigantiska tangenter. En del av detta lekfulla filmmontage \u00e4r ocks\u00e5 den n\u00e4rliggande <strong>Pegasusfont\u00e4nen<\/strong>, som figurerna glatt springer runt. Alla dessa platser ser ut precis som du minns dem fr\u00e5n filmduken.<\/p>\n\n\n\n<p class=\"wp-block-paragraph\">Ur praktisk synvinkel blir du s\u00e4kert glad att veta att <strong>tr\u00e4dg\u00e5rdarna \u00e4r fritt tillg\u00e4ngliga och helt gratis<\/strong>, s\u00e5 du kan komma hit flera g\u00e5nger om dagen. Det b\u00e4sta ljuset f\u00f6r foto r\u00e5der tidigt p\u00e5 morgonen, d\u00e5 du undviker de st\u00f6rsta turistmassorna fr\u00e5n utflyktsbussarna. Om du redan har tr\u00f6tta ben av allt g\u00e5ende \u00e4r tr\u00e4dg\u00e5rdarna ett fint st\u00e4lle att s\u00e4tta sig p\u00e5 en b\u00e4nk, packa upp en sm\u00f6rg\u00e5s och bara titta p\u00e5 f\u00e4stningen en stund.<\/p>\n\n\n\n<p class=\"wp-block-paragraph\">\ud83d\udca1 Tips: Om du \u00e5ker till Salzburg p\u00e5 vintern, r\u00e4kna med att <strong>Mirabelltr\u00e4dg\u00e5rdarna tappar en del av sin charm<\/strong>, eftersom statyerna brukar t\u00e4ckas mot frosten och blomsterrabatterna st\u00e5r tomma. \u00c4nd\u00e5 \u00e4r det v\u00e4rt att titta hit \u00e5tminstone f\u00f6r den lugna atmosf\u00e4ren i den frusna staden.<\/p>\n\n\n\n<figure data-wp-context=\"{&quot;imageId&quot;:&quot;6a9afcab08b27&quot;}\" data-wp-interactive=\"core\/image\" data-wp-key=\"6a9afcab08b27\" class=\"wp-block-image size-full wp-lightbox-container\"><img decoding=\"async\" width=\"1280\" height=\"1924\" data-wp-class--hide=\"state.isContentHidden\" data-wp-class--show=\"state.isContentVisible\" data-wp-init=\"callbacks.setButtonStyles\" data-wp-on--click=\"actions.showLightbox\" data-wp-on--load=\"callbacks.setButtonStyles\" data-wp-on--pointerdown=\"actions.preloadImage\" data-wp-on--pointerenter=\"actions.preloadImageWithDelay\" data-wp-on--pointerleave=\"actions.cancelPreload\" data-wp-on-window--resize=\"callbacks.setButtonStyles\" src=\"https:\/\/loudavymkrokem.cz\/wp-content\/uploads\/2026\/07\/nonnberg-0.jpg\" alt=\"Benediktinerklostret Nonnberg ovanf\u00f6r Salzburgs gamla stan\" class=\"wp-image-350708\" title=\"\" srcset=\"https:\/\/loudavymkrokem.cz\/wp-content\/uploads\/2026\/07\/nonnberg-0.jpg 1280w, https:\/\/loudavymkrokem.cz\/wp-content\/uploads\/2026\/07\/nonnberg-0-200x300.jpg 200w, https:\/\/loudavymkrokem.cz\/wp-content\/uploads\/2026\/07\/nonnberg-0-700x1052.jpg 700w, https:\/\/loudavymkrokem.cz\/wp-content\/uploads\/2026\/07\/nonnberg-0-768x1154.jpg 768w, https:\/\/loudavymkrokem.cz\/wp-content\/uploads\/2026\/07\/nonnberg-0-1022x1536.jpg 1022w, https:\/\/loudavymkrokem.cz\/wp-content\/uploads\/2026\/07\/nonnberg-0-696x1046.jpg 696w\" sizes=\"(max-width: 1280px) 100vw, 1280px\" \/><button\n\t\t\tclass=\"lightbox-trigger\"\n\t\t\ttype=\"button\"\n\t\t\taria-haspopup=\"dialog\"\n\t\t\tdata-wp-bind--aria-label=\"state.thisImage.triggerButtonAriaLabel\"\n\t\t\tdata-wp-init=\"callbacks.initTriggerButton\"\n\t\t\tdata-wp-on--click=\"actions.showLightbox\"\n\t\t\tdata-wp-style--right=\"state.thisImage.buttonRight\"\n\t\t\tdata-wp-style--top=\"state.thisImage.buttonTop\"\n\t\t>\n\t\t\t<svg xmlns=\"http:\/\/www.w3.org\/2000\/svg\" width=\"12\" height=\"12\" fill=\"none\" viewBox=\"0 0 12 12\">\n\t\t\t\t<path fill=\"#fff\" d=\"M2 0a2 2 0 0 0-2 2v2h1.5V2a.5.5 0 0 1 .5-.5h2V0H2Zm2 10.5H2a.5.5 0 0 1-.5-.5V8H0v2a2 2 0 0 0 2 2h2v-1.5ZM8 12v-1.5h2a.5.5 0 0 0 .5-.5V8H12v2a2 2 0 0 1-2 2H8Zm2-12a2 2 0 0 1 2 2v2h-1.5V2a.5.5 0 0 0-.5-.5H8V0h2Z\" \/>\n\t\t\t<\/svg>\n\t\t<\/button><figcaption class=\"wp-element-caption\">Foto: Isiwal, CC BY-SA 4.0, Wikimedia Commons<\/figcaption><\/figure>\n\n\n\n<h3 class=\"wp-block-heading\"><span class=\"ez-toc-section\" id=\"2_Klostret_Nonnberg_och_Marias_verkliga_liv\"><\/span>2. Klostret Nonnberg och Marias verkliga liv<span class=\"ez-toc-section-end\"><\/span><\/h3>\n\n\n\n<p class=\"wp-block-paragraph\">Benediktinerklostret p\u00e5 klippan ovanf\u00f6r gamla stan \u00e4r <strong>det \u00e4ldsta kvinnoklostret i det tyskspr\u00e5kiga omr\u00e5det<\/strong>. Det var hit den unga Maria kom som kandidat till nunna, och h\u00e4rifr\u00e5n skickades hon till familjen von Trapp f\u00f6r att ta hand om barnen. Atmosf\u00e4ren p\u00e5 den h\u00e4r platsen \u00e4r fullst\u00e4ndigt f\u00e4ngslande och du kan k\u00e4nna sekler av historia. Om du kommer hit tidigt p\u00e5 morgonen har du chansen att uppleva morgonm\u00e4ssan, d\u00e4r man h\u00f6r s\u00e5ngen fr\u00e5n de lokala nunnorna \u2013 en upplevelse som inte gl\u00f6ms s\u00e5 l\u00e4tt.<\/p>\n\n\n\n<p class=\"wp-block-paragraph\">Vid bes\u00f6ket \u00e4r det oerh\u00f6rt viktigt att komma ih\u00e5g att det <strong>inte \u00e4r n\u00e5gon filmattraktion, utan ett verkligt hem f\u00f6r nunnor<\/strong>. Endast den pittoreska g\u00e5rden och det vackra gamla kapellet \u00e4r tillg\u00e4ngliga, medan resten av det vidstr\u00e4ckta komplexet f\u00f6rblir bakom st\u00e4ngda d\u00f6rrar. Officiell information om gudstj\u00e4nsterna hittar du p\u00e5 <a href=\"https:\/\/www.stiftnonnberg.at\" target=\"_blank\" rel=\"nofollow noopener\">klostret Nonnbergs officiella webbplats<\/a>, som jag rekommenderar att du kollar innan bes\u00f6ket.<\/p>\n\n\n\n<p class=\"wp-block-paragraph\">V\u00e4gen upp till portarna \u00e4r r\u00e4tt anstr\u00e4ngande, eftersom du m\u00e5ste <strong>ta dig till fots uppf\u00f6r de branta trapporna fr\u00e5n gamla stan<\/strong>. Men utsikten fr\u00e5n terrassen framf\u00f6r klostret \u00f6ver den s\u00f6dra delen av Salzburg och de sn\u00f6t\u00e4ckta alptopparna bel\u00f6nar dig rikligt f\u00f6r m\u00f6dan. H\u00e4r betalas ingen entr\u00e9, men desto mer respekt f\u00f6r platsens helighet f\u00f6rv\u00e4ntas.<\/p>\n\n\n\n<p class=\"wp-block-paragraph\">\ud83d\udca1 Tips: T\u00e4nk p\u00e5 l\u00e4mplig kl\u00e4dsel, eftersom <strong>du inte sl\u00e4pps in i kapellet med bara axlar eller alltf\u00f6r korta byxor<\/strong>. Det \u00e4r alltid bra att ha med en sjal som du kan svepa om dig innan du g\u00e5r in, s\u00e5 att du inte st\u00f6r den lokala gemenskapens lugn.<\/p>\n\n\n\n<figure data-wp-context=\"{&quot;imageId&quot;:&quot;6a9afcab08fcc&quot;}\" data-wp-interactive=\"core\/image\" data-wp-key=\"6a9afcab08fcc\" class=\"wp-block-image size-full wp-lightbox-container\"><img decoding=\"async\" width=\"1280\" height=\"853\" data-wp-class--hide=\"state.isContentHidden\" data-wp-class--show=\"state.isContentVisible\" data-wp-init=\"callbacks.setButtonStyles\" data-wp-on--click=\"actions.showLightbox\" data-wp-on--load=\"callbacks.setButtonStyles\" data-wp-on--pointerdown=\"actions.preloadImage\" data-wp-on--pointerenter=\"actions.preloadImageWithDelay\" data-wp-on--pointerleave=\"actions.cancelPreload\" data-wp-on-window--resize=\"callbacks.setButtonStyles\" src=\"https:\/\/loudavymkrokem.cz\/wp-content\/uploads\/2026\/07\/gazebo-0.jpg\" alt=\"Glaspaviljongen fr\u00e5n filmen Sound of Music i parken Hellbrunn\" class=\"wp-image-350714\" title=\"\" srcset=\"https:\/\/loudavymkrokem.cz\/wp-content\/uploads\/2026\/07\/gazebo-0.jpg 1280w, https:\/\/loudavymkrokem.cz\/wp-content\/uploads\/2026\/07\/gazebo-0-300x200.jpg 300w, https:\/\/loudavymkrokem.cz\/wp-content\/uploads\/2026\/07\/gazebo-0-700x466.jpg 700w, https:\/\/loudavymkrokem.cz\/wp-content\/uploads\/2026\/07\/gazebo-0-768x512.jpg 768w, https:\/\/loudavymkrokem.cz\/wp-content\/uploads\/2026\/07\/gazebo-0-696x464.jpg 696w\" sizes=\"(max-width: 1280px) 100vw, 1280px\" \/><button\n\t\t\tclass=\"lightbox-trigger\"\n\t\t\ttype=\"button\"\n\t\t\taria-haspopup=\"dialog\"\n\t\t\tdata-wp-bind--aria-label=\"state.thisImage.triggerButtonAriaLabel\"\n\t\t\tdata-wp-init=\"callbacks.initTriggerButton\"\n\t\t\tdata-wp-on--click=\"actions.showLightbox\"\n\t\t\tdata-wp-style--right=\"state.thisImage.buttonRight\"\n\t\t\tdata-wp-style--top=\"state.thisImage.buttonTop\"\n\t\t>\n\t\t\t<svg xmlns=\"http:\/\/www.w3.org\/2000\/svg\" width=\"12\" height=\"12\" fill=\"none\" viewBox=\"0 0 12 12\">\n\t\t\t\t<path fill=\"#fff\" d=\"M2 0a2 2 0 0 0-2 2v2h1.5V2a.5.5 0 0 1 .5-.5h2V0H2Zm2 10.5H2a.5.5 0 0 1-.5-.5V8H0v2a2 2 0 0 0 2 2h2v-1.5ZM8 12v-1.5h2a.5.5 0 0 0 .5-.5V8H12v2a2 2 0 0 1-2 2H8Zm2-12a2 2 0 0 1 2 2v2h-1.5V2a.5.5 0 0 0-.5-.5H8V0h2Z\" \/>\n\t\t\t<\/svg>\n\t\t<\/button><figcaption class=\"wp-element-caption\">Foto: Bede735, CC BY-SA 4.0, Wikimedia Commons<\/figcaption><\/figure>\n\n\n\n<h3 class=\"wp-block-heading\"><span class=\"ez-toc-section\" id=\"3_Paviljongen_fran_laten_Sixteen_Going_on_Seventeen\"><\/span>3. Paviljongen fr\u00e5n l\u00e5ten Sixteen Going on Seventeen<span class=\"ez-toc-section-end\"><\/span><\/h3>\n\n\n\n<p class=\"wp-block-paragraph\">Den ber\u00f6mda glaspaviljongen, d\u00e4r Liesl och Rolf dansade i regnet, \u00e4r f\u00f6r m\u00e5nga fans bes\u00f6kets absoluta h\u00f6jdpunkt. Ursprungligen stod den vid sj\u00f6n p\u00e5 slottet Leopoldskrons mark, men p\u00e5 grund av den enorma turisttillstr\u00f6mningen <strong>fick den flyttas till en lugnare plats<\/strong>. Idag hittar du den i den vidstr\u00e4ckta offentliga parken alldeles intill slottet Hellbrunn i stadens s\u00f6dra utkant. Omgivningen kring paviljongen \u00e4r omg\u00e4rdad av gr\u00f6nska och erbjuder en perfekt komposition f\u00f6r dina foton.<\/p>\n\n\n\n<p class=\"wp-block-paragraph\">Alldeles intill denna ikoniska paviljong har nyligen ett <strong>nytt multimediemuseum till\u00e4gnat filminspelningen<\/strong> \u00f6ppnats. D\u00e4r finns massor av intressanta rekvisita, interaktiva utst\u00e4llningar och historier bakom kulisserna som gl\u00e4der varje entusiast. Det \u00e4r fascinerande att se hur mycket arbete som kr\u00e4vdes f\u00f6r att skapa illusionen av en regnig natt, n\u00e4r det i verkligheten filmades under en varm sommardag.<\/p>\n\n\n\n<p class=\"wp-block-paragraph\">Tyv\u00e4rr m\u00e5ste jag l\u00e4gga till en trist nyhet: man f\u00e5r inte g\u00e5 in i paviljongen av s\u00e4kerhetssk\u00e4l, f\u00f6r f\u00f6r n\u00e5gra \u00e5r sedan f\u00f6rs\u00f6kte en bes\u00f6kare h\u00e4rma danshoppet \u00f6ver b\u00e4nkarna, skadade sig illa och staden valde att l\u00e5sa den. Idag kan du allts\u00e5 bara titta p\u00e5 och fotografera den utifr\u00e5n.<\/p>\n\n\n\n<p class=\"wp-block-paragraph\">\ud83d\udca1 Tips: \u00c4ven om du inte kan g\u00e5 in \u00e4r <strong>parken vid Hellbrunn tillg\u00e4nglig gratis<\/strong> och erbjuder gott om utrymme att ta fina bilder vid paviljongen utan skaror av fr\u00e4mlingar i bild. Det \u00e4r idealiskt att kombinera bes\u00f6ket med en visning av de n\u00e4rliggande vattenspelen.<\/p>\n\n\n\n<figure data-wp-context=\"{&quot;imageId&quot;:&quot;6a9afcab094e2&quot;}\" data-wp-interactive=\"core\/image\" data-wp-key=\"6a9afcab094e2\" class=\"wp-block-image size-full wp-lightbox-container\"><img decoding=\"async\" width=\"1280\" height=\"933\" data-wp-class--hide=\"state.isContentHidden\" data-wp-class--show=\"state.isContentVisible\" data-wp-init=\"callbacks.setButtonStyles\" data-wp-on--click=\"actions.showLightbox\" data-wp-on--load=\"callbacks.setButtonStyles\" data-wp-on--pointerdown=\"actions.preloadImage\" data-wp-on--pointerenter=\"actions.preloadImageWithDelay\" data-wp-on--pointerleave=\"actions.cancelPreload\" data-wp-on-window--resize=\"callbacks.setButtonStyles\" src=\"https:\/\/loudavymkrokem.cz\/wp-content\/uploads\/2026\/07\/hellbrunn-2.jpg\" alt=\"Trickfont\u00e4nerna i slottsparken Hellbrunn\" class=\"wp-image-350719\" title=\"\" srcset=\"https:\/\/loudavymkrokem.cz\/wp-content\/uploads\/2026\/07\/hellbrunn-2.jpg 1280w, https:\/\/loudavymkrokem.cz\/wp-content\/uploads\/2026\/07\/hellbrunn-2-300x219.jpg 300w, https:\/\/loudavymkrokem.cz\/wp-content\/uploads\/2026\/07\/hellbrunn-2-700x510.jpg 700w, https:\/\/loudavymkrokem.cz\/wp-content\/uploads\/2026\/07\/hellbrunn-2-768x560.jpg 768w, https:\/\/loudavymkrokem.cz\/wp-content\/uploads\/2026\/07\/hellbrunn-2-696x507.jpg 696w\" sizes=\"(max-width: 1280px) 100vw, 1280px\" \/><button\n\t\t\tclass=\"lightbox-trigger\"\n\t\t\ttype=\"button\"\n\t\t\taria-haspopup=\"dialog\"\n\t\t\tdata-wp-bind--aria-label=\"state.thisImage.triggerButtonAriaLabel\"\n\t\t\tdata-wp-init=\"callbacks.initTriggerButton\"\n\t\t\tdata-wp-on--click=\"actions.showLightbox\"\n\t\t\tdata-wp-style--right=\"state.thisImage.buttonRight\"\n\t\t\tdata-wp-style--top=\"state.thisImage.buttonTop\"\n\t\t>\n\t\t\t<svg xmlns=\"http:\/\/www.w3.org\/2000\/svg\" width=\"12\" height=\"12\" fill=\"none\" viewBox=\"0 0 12 12\">\n\t\t\t\t<path fill=\"#fff\" d=\"M2 0a2 2 0 0 0-2 2v2h1.5V2a.5.5 0 0 1 .5-.5h2V0H2Zm2 10.5H2a.5.5 0 0 1-.5-.5V8H0v2a2 2 0 0 0 2 2h2v-1.5ZM8 12v-1.5h2a.5.5 0 0 0 .5-.5V8H12v2a2 2 0 0 1-2 2H8Zm2-12a2 2 0 0 1 2 2v2h-1.5V2a.5.5 0 0 0-.5-.5H8V0h2Z\" \/>\n\t\t\t<\/svg>\n\t\t<\/button><figcaption class=\"wp-element-caption\">Foto: Zairon, CC BY-SA 4.0, Wikimedia Commons<\/figcaption><\/figure>\n\n\n\n<h3 class=\"wp-block-heading\"><span class=\"ez-toc-section\" id=\"4_Slottet_Hellbrunn_och_dess_trickfontaner\"><\/span>4. Slottet Hellbrunn och dess trickfont\u00e4ner<span class=\"ez-toc-section-end\"><\/span><\/h3>\n\n\n\n<p class=\"wp-block-paragraph\">N\u00e4r du \u00e4nd\u00e5 \u00e4r vid paviljongen ska du absolut inte missa sj\u00e4lva <strong>barockslottet Hellbrunn och dess ber\u00f6mda vattenspel<\/strong>. Detta sommarpalats l\u00e4t Salzburgs \u00e4rkebiskop bygga med ett tydligt m\u00e5l: han ville roa och \u00f6verraska sina g\u00e4ster. Under filminspelningen tillbringade barnsk\u00e5despelarna mycket tid h\u00e4r och enligt de som var med h\u00e4rjade de rej\u00e4lt bland font\u00e4nerna.<\/p>\n\n\n\n<p class=\"wp-block-paragraph\">Den st\u00f6rsta dragningskraften \u00e4r utan tvekan <strong>trickfont\u00e4nerna, som p\u00e5litligt har fungerat i \u00f6ver 400 \u00e5r<\/strong>. Under en guidad visning tar guiden dig med genom en tr\u00e4dg\u00e5rd full av dolda munstycken, mekaniska teatrar och vattenlekar. Vatten sprutar h\u00e4r ur stenhjortar, ur trappstegen och ur oansenliga h\u00e5l i g\u00e5ngen. Visningen tar knappt en timme och \u00e4r otroligt roligt f\u00f6r b\u00e5de vuxna och barn.<\/p>\n\n\n\n<p class=\"wp-block-paragraph\">Aktuella \u00f6ppettider och biljettpriser kan du kontrollera direkt p\u00e5 <a href=\"https:\/\/www.hellbrunn.at\" target=\"_blank\" rel=\"nofollow noopener\">slottet Hellbrunns webbplats<\/a>. Biljetten inkluderar b\u00e5de vattenspelen och en visning av sj\u00e4lva palatset och den enorma parken. R\u00e4kna med att vattenspelen bara fungerar <strong>s\u00e4songsvis fr\u00e5n april till b\u00f6rjan av november<\/strong>.<\/p>\n\n\n\n<p class=\"wp-block-paragraph\">\ud83d\udca1 Tips: Om du inte vill bli helt bl\u00f6t under visningen av font\u00e4nerna, <strong>h\u00e5ll noga koll p\u00e5 var guiden g\u00e5r<\/strong>. Guiden vet exakt var de dolda munstyckena \u00e4r och st\u00e4ller sig alltid p\u00e5 den enda s\u00e4kra platsen. \u00c4nd\u00e5 \u00e4r det b\u00e4st att stoppa undan kameror och telefoner.<\/p>\n\n\n\n<figure data-wp-context=\"{&quot;imageId&quot;:&quot;6a9afcab09a20&quot;}\" data-wp-interactive=\"core\/image\" data-wp-key=\"6a9afcab09a20\" class=\"wp-block-image size-full wp-lightbox-container\"><img decoding=\"async\" width=\"1280\" height=\"853\" data-wp-class--hide=\"state.isContentHidden\" data-wp-class--show=\"state.isContentVisible\" data-wp-init=\"callbacks.setButtonStyles\" data-wp-on--click=\"actions.showLightbox\" data-wp-on--load=\"callbacks.setButtonStyles\" data-wp-on--pointerdown=\"actions.preloadImage\" data-wp-on--pointerenter=\"actions.preloadImageWithDelay\" data-wp-on--pointerleave=\"actions.cancelPreload\" data-wp-on-window--resize=\"callbacks.setButtonStyles\" src=\"https:\/\/loudavymkrokem.cz\/wp-content\/uploads\/2026\/07\/leopoldskron-2.jpg\" alt=\"Slottet Leopoldskron vid sj\u00f6n Leopoldskroner Weiher\" class=\"wp-image-350726\" title=\"\" srcset=\"https:\/\/loudavymkrokem.cz\/wp-content\/uploads\/2026\/07\/leopoldskron-2.jpg 1280w, https:\/\/loudavymkrokem.cz\/wp-content\/uploads\/2026\/07\/leopoldskron-2-300x200.jpg 300w, https:\/\/loudavymkrokem.cz\/wp-content\/uploads\/2026\/07\/leopoldskron-2-700x466.jpg 700w, https:\/\/loudavymkrokem.cz\/wp-content\/uploads\/2026\/07\/leopoldskron-2-768x512.jpg 768w, https:\/\/loudavymkrokem.cz\/wp-content\/uploads\/2026\/07\/leopoldskron-2-696x464.jpg 696w\" sizes=\"(max-width: 1280px) 100vw, 1280px\" \/><button\n\t\t\tclass=\"lightbox-trigger\"\n\t\t\ttype=\"button\"\n\t\t\taria-haspopup=\"dialog\"\n\t\t\tdata-wp-bind--aria-label=\"state.thisImage.triggerButtonAriaLabel\"\n\t\t\tdata-wp-init=\"callbacks.initTriggerButton\"\n\t\t\tdata-wp-on--click=\"actions.showLightbox\"\n\t\t\tdata-wp-style--right=\"state.thisImage.buttonRight\"\n\t\t\tdata-wp-style--top=\"state.thisImage.buttonTop\"\n\t\t>\n\t\t\t<svg xmlns=\"http:\/\/www.w3.org\/2000\/svg\" width=\"12\" height=\"12\" fill=\"none\" viewBox=\"0 0 12 12\">\n\t\t\t\t<path fill=\"#fff\" d=\"M2 0a2 2 0 0 0-2 2v2h1.5V2a.5.5 0 0 1 .5-.5h2V0H2Zm2 10.5H2a.5.5 0 0 1-.5-.5V8H0v2a2 2 0 0 0 2 2h2v-1.5ZM8 12v-1.5h2a.5.5 0 0 0 .5-.5V8H12v2a2 2 0 0 1-2 2H8Zm2-12a2 2 0 0 1 2 2v2h-1.5V2a.5.5 0 0 0-.5-.5H8V0h2Z\" \/>\n\t\t\t<\/svg>\n\t\t<\/button><figcaption class=\"wp-element-caption\">Foto: ManfredK, CC BY-SA 4.0, Wikimedia Commons<\/figcaption><\/figure>\n\n\n\n<h3 class=\"wp-block-heading\"><span class=\"ez-toc-section\" id=\"5_Schloss_Leopoldskron_och_scenerna_vid_sjon\"><\/span>5. Schloss Leopoldskron och scenerna vid sj\u00f6n<span class=\"ez-toc-section-end\"><\/span><\/h3>\n\n\n\n<p class=\"wp-block-paragraph\">Detta majest\u00e4tiska slott tj\u00e4nade filmskaparna som <strong>baksidan av familjen von Trapps villa<\/strong>. Det \u00e4r just h\u00e4r som den ber\u00f6mda terrassen finns, den som barnen och Maria f\u00f6ll av b\u00e5ten ner i vattnet fr\u00e5n n\u00e4r de f\u00f6rs\u00f6kte v\u00e4lkomna baronen. Ursprungligen stod den ber\u00f6mda paviljongen ocks\u00e5 vid den h\u00e4r sj\u00f6n, innan staden valde att flytta bort den. Utsikten \u00f6ver slottet med sj\u00f6ns lugna yta och alptopparna i bakgrunden \u00e4r fullst\u00e4ndigt h\u00e4nf\u00f6rande.<\/p>\n\n\n\n<p class=\"wp-block-paragraph\">Slottet \u00e4r idag ett <strong>lyxhotell och konferenscenter<\/strong>. Det erbjuder dussintals rum i den intilliggande tillbyggnaden Meierhof och tolv exklusiva sviter direkt i det historiska palatset. Ungef\u00e4rliga priser ligger p\u00e5 fr\u00e5n 399 euro f\u00f6r ett dubbelrum l\u00e5gs\u00e4song, medan du f\u00f6r en natt direkt i palatset betalar runt 600 euro. Om du bor h\u00e4r f\u00e5r du tillg\u00e5ng till det vackra Max Reinhardt-biblioteket, som starkt inspirerade interi\u00f6rerna i filmen.<\/p>\n\n\n\n<p class=\"wp-block-paragraph\">Den viktigaste informationen f\u00f6r alla resen\u00e4rer lyder att <strong>du inte kommer in utan giltig bokning av boende eller betalt evenemang<\/strong>. Slottet \u00e4r helt enkelt ingen vanlig offentlig attraktion. Detaljer om boendem\u00f6jligheterna hittar du p\u00e5 <a href=\"https:\/\/www.schloss-leopoldskron.com\" target=\"_blank\" rel=\"nofollow noopener\">Schloss Leopoldskrons webbplats<\/a>. Om du inte \u00f6vernattar h\u00e4r f\u00e5r du n\u00f6ja dig med utsikten fr\u00e5n den motsatta stranden av sj\u00f6n.<\/p>\n\n\n\n<p class=\"wp-block-paragraph\">\ud83d\udca1 Tips: \u00c4ven om du inte \u00e4r hotellg\u00e4st kan du promenera l\u00e4ngs den offentliga stigen runt sj\u00f6n Leopoldskroner Weiher. <strong>Fr\u00e5n den motsatta stranden tar du de allra b\u00e4sta fotona av slottet<\/strong> med bergen i bakgrunden, och det helt gratis.<\/p>\n\n\n\n<figure data-wp-context=\"{&quot;imageId&quot;:&quot;6a9afcab09ef8&quot;}\" data-wp-interactive=\"core\/image\" data-wp-key=\"6a9afcab09ef8\" class=\"wp-block-image size-full wp-lightbox-container\"><img decoding=\"async\" width=\"1280\" height=\"1071\" data-wp-class--hide=\"state.isContentHidden\" data-wp-class--show=\"state.isContentVisible\" data-wp-init=\"callbacks.setButtonStyles\" data-wp-on--click=\"actions.showLightbox\" data-wp-on--load=\"callbacks.setButtonStyles\" data-wp-on--pointerdown=\"actions.preloadImage\" data-wp-on--pointerenter=\"actions.preloadImageWithDelay\" data-wp-on--pointerleave=\"actions.cancelPreload\" data-wp-on-window--resize=\"callbacks.setButtonStyles\" src=\"https:\/\/loudavymkrokem.cz\/wp-content\/uploads\/2026\/07\/frohnburg-1.jpg\" alt=\"Fasaden p\u00e5 slottet Frohnburg, filmfasaden till von Trapp-villan\" class=\"wp-image-350731\" title=\"\" srcset=\"https:\/\/loudavymkrokem.cz\/wp-content\/uploads\/2026\/07\/frohnburg-1.jpg 1280w, https:\/\/loudavymkrokem.cz\/wp-content\/uploads\/2026\/07\/frohnburg-1-300x251.jpg 300w, https:\/\/loudavymkrokem.cz\/wp-content\/uploads\/2026\/07\/frohnburg-1-700x586.jpg 700w, https:\/\/loudavymkrokem.cz\/wp-content\/uploads\/2026\/07\/frohnburg-1-768x643.jpg 768w, https:\/\/loudavymkrokem.cz\/wp-content\/uploads\/2026\/07\/frohnburg-1-696x582.jpg 696w\" sizes=\"(max-width: 1280px) 100vw, 1280px\" \/><button\n\t\t\tclass=\"lightbox-trigger\"\n\t\t\ttype=\"button\"\n\t\t\taria-haspopup=\"dialog\"\n\t\t\tdata-wp-bind--aria-label=\"state.thisImage.triggerButtonAriaLabel\"\n\t\t\tdata-wp-init=\"callbacks.initTriggerButton\"\n\t\t\tdata-wp-on--click=\"actions.showLightbox\"\n\t\t\tdata-wp-style--right=\"state.thisImage.buttonRight\"\n\t\t\tdata-wp-style--top=\"state.thisImage.buttonTop\"\n\t\t>\n\t\t\t<svg xmlns=\"http:\/\/www.w3.org\/2000\/svg\" width=\"12\" height=\"12\" fill=\"none\" viewBox=\"0 0 12 12\">\n\t\t\t\t<path fill=\"#fff\" d=\"M2 0a2 2 0 0 0-2 2v2h1.5V2a.5.5 0 0 1 .5-.5h2V0H2Zm2 10.5H2a.5.5 0 0 1-.5-.5V8H0v2a2 2 0 0 0 2 2h2v-1.5ZM8 12v-1.5h2a.5.5 0 0 0 .5-.5V8H12v2a2 2 0 0 1-2 2H8Zm2-12a2 2 0 0 1 2 2v2h-1.5V2a.5.5 0 0 0-.5-.5H8V0h2Z\" \/>\n\t\t\t<\/svg>\n\t\t<\/button><figcaption class=\"wp-element-caption\">Foto: Erge123 (talk), CC BY-SA 3.0 at, Wikimedia Commons<\/figcaption><\/figure>\n\n\n\n<h3 class=\"wp-block-heading\"><span class=\"ez-toc-section\" id=\"6_Schloss_Frohnburg_och_villans_filmfasad\"><\/span>6. Schloss Frohnburg och villans filmfasad<span class=\"ez-toc-section-end\"><\/span><\/h3>\n\n\n\n<p class=\"wp-block-paragraph\">Om Leopoldskron utgjorde husets baksida, s\u00e5 tj\u00e4nade <strong>1600-talsslottet Schloss Frohnburg som framsida<\/strong>. H\u00e4r filmades scenerna med den stora smidesporten, som Maria f\u00f6rst kommer fram till med gitarren i handen och sjunger l\u00e5ten I Have Confidence. H\u00e4r knuffar familjen ocks\u00e5 i smyg bilen n\u00e4r de f\u00f6rs\u00f6ker fly undan nazisterna under den sp\u00e4nnande flykten p\u00e5 kv\u00e4llen.<\/p>\n\n\n\n<p class=\"wp-block-paragraph\">Det h\u00e4r lilla slottet ligger i ett lugnt bostadsomr\u00e5de n\u00e4ra centrum. Idag <strong>huserar musikuniversitetet Mozarteum i lokalerna och det fungerar som studentbost\u00e4der<\/strong>. Av den anledningen \u00e4r byggnadens interi\u00f6r och den intilliggande tr\u00e4dg\u00e5rden normalt helt otillg\u00e4ngliga f\u00f6r allm\u00e4nheten. Du f\u00e5r allts\u00e5 n\u00f6ja dig med utsikten fr\u00e5n huvudgatan.<\/p>\n\n\n\n<p class=\"wp-block-paragraph\">V\u00e4gen till slottet \u00e4r mycket behaglig, hit leder en <strong>vacker kastanjeall\u00e9 vid namn Hellbrunner Allee<\/strong>. Du kan ta dig hit till fots eller p\u00e5 cykel p\u00e5 v\u00e4gen fr\u00e5n centrum mot slottet Hellbrunn. Det \u00e4r ett utm\u00e4rkt st\u00e4lle f\u00f6r ett snabbt stopp och f\u00f6r att fota den ber\u00f6mda porten.<\/p>\n\n\n\n<p class=\"wp-block-paragraph\">\ud83d\udca1 Tips: F\u00f6rs\u00f6k pricka in en tid d\u00e5 studenterna har f\u00f6nstren \u00f6ppna. Ofta <strong>h\u00f6r du blivande operas\u00e5ngare eller violinister \u00f6va<\/strong>, vilket ger bes\u00f6ket p\u00e5 filmplatsen ytterligare en underbar musikalisk dimension.<\/p>\n\n\n\n<figure data-wp-context=\"{&quot;imageId&quot;:&quot;6a9afcab0a587&quot;}\" data-wp-interactive=\"core\/image\" data-wp-key=\"6a9afcab0a587\" class=\"wp-block-image size-full wp-lightbox-container\"><img decoding=\"async\" width=\"1280\" height=\"719\" data-wp-class--hide=\"state.isContentHidden\" data-wp-class--show=\"state.isContentVisible\" data-wp-init=\"callbacks.setButtonStyles\" data-wp-on--click=\"actions.showLightbox\" data-wp-on--load=\"callbacks.setButtonStyles\" data-wp-on--pointerdown=\"actions.preloadImage\" data-wp-on--pointerenter=\"actions.preloadImageWithDelay\" data-wp-on--pointerleave=\"actions.cancelPreload\" data-wp-on-window--resize=\"callbacks.setButtonStyles\" src=\"https:\/\/loudavymkrokem.cz\/wp-content\/uploads\/2026\/07\/leopoldskron-1.jpg\" alt=\"Salzburg med alppanorama i bakgrunden\" class=\"wp-image-350739\" title=\"\" srcset=\"https:\/\/loudavymkrokem.cz\/wp-content\/uploads\/2026\/07\/leopoldskron-1.jpg 1280w, https:\/\/loudavymkrokem.cz\/wp-content\/uploads\/2026\/07\/leopoldskron-1-300x169.jpg 300w, https:\/\/loudavymkrokem.cz\/wp-content\/uploads\/2026\/07\/leopoldskron-1-700x393.jpg 700w, https:\/\/loudavymkrokem.cz\/wp-content\/uploads\/2026\/07\/leopoldskron-1-768x431.jpg 768w, https:\/\/loudavymkrokem.cz\/wp-content\/uploads\/2026\/07\/leopoldskron-1-696x391.jpg 696w\" sizes=\"(max-width: 1280px) 100vw, 1280px\" \/><button\n\t\t\tclass=\"lightbox-trigger\"\n\t\t\ttype=\"button\"\n\t\t\taria-haspopup=\"dialog\"\n\t\t\tdata-wp-bind--aria-label=\"state.thisImage.triggerButtonAriaLabel\"\n\t\t\tdata-wp-init=\"callbacks.initTriggerButton\"\n\t\t\tdata-wp-on--click=\"actions.showLightbox\"\n\t\t\tdata-wp-style--right=\"state.thisImage.buttonRight\"\n\t\t\tdata-wp-style--top=\"state.thisImage.buttonTop\"\n\t\t>\n\t\t\t<svg xmlns=\"http:\/\/www.w3.org\/2000\/svg\" width=\"12\" height=\"12\" fill=\"none\" viewBox=\"0 0 12 12\">\n\t\t\t\t<path fill=\"#fff\" d=\"M2 0a2 2 0 0 0-2 2v2h1.5V2a.5.5 0 0 1 .5-.5h2V0H2Zm2 10.5H2a.5.5 0 0 1-.5-.5V8H0v2a2 2 0 0 0 2 2h2v-1.5ZM8 12v-1.5h2a.5.5 0 0 0 .5-.5V8H12v2a2 2 0 0 1-2 2H8Zm2-12a2 2 0 0 1 2 2v2h-1.5V2a.5.5 0 0 0-.5-.5H8V0h2Z\" \/>\n\t\t\t<\/svg>\n\t\t<\/button><figcaption class=\"wp-element-caption\">Foto: Arne M\u00fcseler, CC BY-SA 3.0 de, Wikimedia Commons<\/figcaption><\/figure>\n\n\n\n<h3 class=\"wp-block-heading\"><span class=\"ez-toc-section\" id=\"7_Villa_Trapp_i_Aigen_familjens_verkliga_hem\"><\/span>7. Villa Trapp i Aigen: familjens verkliga hem<span class=\"ez-toc-section-end\"><\/span><\/h3>\n\n\n\n<p class=\"wp-block-paragraph\">Medan filmvillan \u00e4r en Hollywood-illusion, <strong>existerar den verkliga Villa Trapp faktiskt och st\u00e5r i stadsdelen Aigen<\/strong>. I det h\u00e4r rymliga huset med stor park bodde den verkliga familjen von Trapp \u00e5ren 1923 till 1938. Byggnaden har en fascinerande och samtidigt m\u00f6rk historia, f\u00f6r efter att familjen flytt till Amerika beslagtogs villan av naziledaren Heinrich Himmler, som gjorde den till sitt sommarresidens.<\/p>\n\n\n\n<p class=\"wp-block-paragraph\">Fr\u00e5n krigsslutet \u00e4nda till 2008 var villan str\u00e4ngt st\u00e4ngd f\u00f6r allm\u00e4nheten. Sedan blev den ett <strong>boutiquehotell<\/strong>, d\u00e4r man kunde \u00f6vernatta i familjens ursprungliga rum, till och med i sviten d\u00e4r Maria Augusta von Trapp sj\u00e4lv bodde n\u00e4r hon kom till huset som ung guvernant.<\/p>\n\n\n\n<p class=\"wp-block-paragraph\">\u26a0\ufe0f <strong>Kontrollera driften f\u00f6re resan.<\/strong> Informationen skiljer sig just nu: bokningsportaler erbjuder fortfarande villan, medan andra k\u00e4llor anger den som st\u00e4ngd f\u00f6r allm\u00e4nheten. Om du planerar en resa p\u00e5 grund av den, skriv i f\u00f6rv\u00e4g direkt till \u00e4garna och f\u00f6rlita dig inte p\u00e5 portalerna.<\/p>\n\n\n\n<p class=\"wp-block-paragraph\">Till villan tar du dig mycket enkelt, du beh\u00f6ver bara stiga p\u00e5 det lokala t\u00e5get och kliva av vid h\u00e5llplatsen Aigen, som ligger alldeles intill parken. Det var just fr\u00e5n denna lilla h\u00e5llplats som <strong>den verkliga familjen reste med t\u00e5g till Italien<\/strong>, vilket helt raserar filmmyten om den dramatiska nattliga vandringen \u00f6ver de sn\u00f6t\u00e4ckta bergen.<\/p>\n\n\n\n<p class=\"wp-block-paragraph\">\ud83d\udca1 Tips: Om du inte vill bo direkt p\u00e5 hotellet kan <strong>du betala f\u00f6r en guidad visning av huset och parken<\/strong>. Dessa visningar h\u00e5lls regelbundet och d\u00e4r f\u00e5r du veta otroliga detaljer om familjens verkliga liv som aldrig kom med i filmen.<\/p>\n\n\n\n<figure data-wp-context=\"{&quot;imageId&quot;:&quot;6a9afcab0acb3&quot;}\" data-wp-interactive=\"core\/image\" data-wp-key=\"6a9afcab0acb3\" class=\"wp-block-image size-full wp-lightbox-container\"><img decoding=\"async\" width=\"1280\" height=\"853\" data-wp-class--hide=\"state.isContentHidden\" data-wp-class--show=\"state.isContentVisible\" data-wp-init=\"callbacks.setButtonStyles\" data-wp-on--click=\"actions.showLightbox\" data-wp-on--load=\"callbacks.setButtonStyles\" data-wp-on--pointerdown=\"actions.preloadImage\" data-wp-on--pointerenter=\"actions.preloadImageWithDelay\" data-wp-on--pointerleave=\"actions.cancelPreload\" data-wp-on-window--resize=\"callbacks.setButtonStyles\" src=\"https:\/\/loudavymkrokem.cz\/wp-content\/uploads\/2026\/07\/mondsee-0.jpg\" alt=\"Sankt Mikaels basilika i Mondsee, d\u00e4r filmbr\u00f6llopet filmades\" class=\"wp-image-350749\" title=\"\" srcset=\"https:\/\/loudavymkrokem.cz\/wp-content\/uploads\/2026\/07\/mondsee-0.jpg 1280w, https:\/\/loudavymkrokem.cz\/wp-content\/uploads\/2026\/07\/mondsee-0-300x200.jpg 300w, https:\/\/loudavymkrokem.cz\/wp-content\/uploads\/2026\/07\/mondsee-0-700x466.jpg 700w, https:\/\/loudavymkrokem.cz\/wp-content\/uploads\/2026\/07\/mondsee-0-768x512.jpg 768w, https:\/\/loudavymkrokem.cz\/wp-content\/uploads\/2026\/07\/mondsee-0-696x464.jpg 696w\" sizes=\"(max-width: 1280px) 100vw, 1280px\" \/><button\n\t\t\tclass=\"lightbox-trigger\"\n\t\t\ttype=\"button\"\n\t\t\taria-haspopup=\"dialog\"\n\t\t\tdata-wp-bind--aria-label=\"state.thisImage.triggerButtonAriaLabel\"\n\t\t\tdata-wp-init=\"callbacks.initTriggerButton\"\n\t\t\tdata-wp-on--click=\"actions.showLightbox\"\n\t\t\tdata-wp-style--right=\"state.thisImage.buttonRight\"\n\t\t\tdata-wp-style--top=\"state.thisImage.buttonTop\"\n\t\t>\n\t\t\t<svg xmlns=\"http:\/\/www.w3.org\/2000\/svg\" width=\"12\" height=\"12\" fill=\"none\" viewBox=\"0 0 12 12\">\n\t\t\t\t<path fill=\"#fff\" d=\"M2 0a2 2 0 0 0-2 2v2h1.5V2a.5.5 0 0 1 .5-.5h2V0H2Zm2 10.5H2a.5.5 0 0 1-.5-.5V8H0v2a2 2 0 0 0 2 2h2v-1.5ZM8 12v-1.5h2a.5.5 0 0 0 .5-.5V8H12v2a2 2 0 0 1-2 2H8Zm2-12a2 2 0 0 1 2 2v2h-1.5V2a.5.5 0 0 0-.5-.5H8V0h2Z\" \/>\n\t\t\t<\/svg>\n\t\t<\/button><figcaption class=\"wp-element-caption\">Foto: Thomas Ledl, CC BY-SA 4.0, Wikimedia Commons<\/figcaption><\/figure>\n\n\n\n<h3 class=\"wp-block-heading\"><span class=\"ez-toc-section\" id=\"8_Basilikan_i_Mondsee_och_det_beromda_brollopet\"><\/span>8. Basilikan i Mondsee och det ber\u00f6mda br\u00f6llopet<span class=\"ez-toc-section-end\"><\/span><\/h3>\n\n\n\n<p class=\"wp-block-paragraph\">\u00c4ven om st\u00f6rre delen av handlingen utspelar sig direkt i Salzburg, gav sig filmskaparna iv\u00e4g ungef\u00e4r trettio kilometer \u00f6sterut f\u00f6r att filma den romantiska br\u00f6llopsscenen. I den pittoreska lilla staden vid sj\u00f6n med samma namn st\u00e5r den <strong>vackra Sankt Mikaels basilika i Mondsee<\/strong>, vars gula fasad och rikt utsmyckade interi\u00f6r du s\u00e4kert minns fr\u00e5n den storslagna scenen d\u00e4r Maria g\u00e5r fram l\u00e4ngs mittg\u00e5ngen mot baronen.<\/p>\n\n\n\n<p class=\"wp-block-paragraph\">Kyrkan \u00e4r mycket v\u00e4lsk\u00f6tt och \u00e4r <strong>\u00e5ret runt gratis tillg\u00e4nglig f\u00f6r allm\u00e4nheten<\/strong>. Inuti kan du beundra de storslagna altarena och g\u00e5 precis p\u00e5 de platser d\u00e4r filmhj\u00e4ltinnan gick. Den lilla staden Mondsee \u00e4r i sig oerh\u00f6rt charmig och erbjuder gott om trevliga kaf\u00e9er d\u00e4r du kan njuta av kaffe och den ber\u00f6mda \u00f6sterrikiska \u00e4ppelstruteln.<\/p>\n\n\n\n<p class=\"wp-block-paragraph\">Om du kommer under sommarm\u00e5naderna ska du <strong>absolut packa med badkl\u00e4der<\/strong>. Sj\u00f6n Mondsee h\u00f6r till de varmaste i hela regionen och att bada i det kristallklara vattnet med utsikt mot det majest\u00e4tiska berget Schafberg \u00e4r en upplevelse du inte b\u00f6r missa.<\/p>\n\n\n\n<p class=\"wp-block-paragraph\">\ud83d\udca1 Tips: Till basilikan tar du dig med bil p\u00e5 motorv\u00e4gen p\u00e5 ungef\u00e4r en halvtimme. Om du inte har bil g\u00e5r det <strong>regelbundna busslinjer direkt fr\u00e5n Salzburgs centralstation<\/strong>. Bussresan tar knappt en timme och bjuder p\u00e5 vacker utsikt \u00f6ver landskapet.<\/p>\n\n\n\n<figure data-wp-context=\"{&quot;imageId&quot;:&quot;6a9afcab0b2b7&quot;}\" data-wp-interactive=\"core\/image\" data-wp-key=\"6a9afcab0b2b7\" class=\"wp-block-image size-full wp-lightbox-container\"><img decoding=\"async\" width=\"1280\" height=\"431\" data-wp-class--hide=\"state.isContentHidden\" data-wp-class--show=\"state.isContentVisible\" data-wp-init=\"callbacks.setButtonStyles\" data-wp-on--click=\"actions.showLightbox\" data-wp-on--load=\"callbacks.setButtonStyles\" data-wp-on--pointerdown=\"actions.preloadImage\" data-wp-on--pointerenter=\"actions.preloadImageWithDelay\" data-wp-on--pointerleave=\"actions.cancelPreload\" data-wp-on-window--resize=\"callbacks.setButtonStyles\" src=\"https:\/\/loudavymkrokem.cz\/wp-content\/uploads\/2026\/07\/felsenb-1.jpg\" alt=\"Salzburgs festspelhus vid Hofstallgasse\" class=\"wp-image-350759\" title=\"\" srcset=\"https:\/\/loudavymkrokem.cz\/wp-content\/uploads\/2026\/07\/felsenb-1.jpg 1280w, https:\/\/loudavymkrokem.cz\/wp-content\/uploads\/2026\/07\/felsenb-1-300x101.jpg 300w, https:\/\/loudavymkrokem.cz\/wp-content\/uploads\/2026\/07\/felsenb-1-700x236.jpg 700w, https:\/\/loudavymkrokem.cz\/wp-content\/uploads\/2026\/07\/felsenb-1-768x259.jpg 768w, https:\/\/loudavymkrokem.cz\/wp-content\/uploads\/2026\/07\/felsenb-1-696x234.jpg 696w\" sizes=\"(max-width: 1280px) 100vw, 1280px\" \/><button\n\t\t\tclass=\"lightbox-trigger\"\n\t\t\ttype=\"button\"\n\t\t\taria-haspopup=\"dialog\"\n\t\t\tdata-wp-bind--aria-label=\"state.thisImage.triggerButtonAriaLabel\"\n\t\t\tdata-wp-init=\"callbacks.initTriggerButton\"\n\t\t\tdata-wp-on--click=\"actions.showLightbox\"\n\t\t\tdata-wp-style--right=\"state.thisImage.buttonRight\"\n\t\t\tdata-wp-style--top=\"state.thisImage.buttonTop\"\n\t\t>\n\t\t\t<svg xmlns=\"http:\/\/www.w3.org\/2000\/svg\" width=\"12\" height=\"12\" fill=\"none\" viewBox=\"0 0 12 12\">\n\t\t\t\t<path fill=\"#fff\" d=\"M2 0a2 2 0 0 0-2 2v2h1.5V2a.5.5 0 0 1 .5-.5h2V0H2Zm2 10.5H2a.5.5 0 0 1-.5-.5V8H0v2a2 2 0 0 0 2 2h2v-1.5ZM8 12v-1.5h2a.5.5 0 0 0 .5-.5V8H12v2a2 2 0 0 1-2 2H8Zm2-12a2 2 0 0 1 2 2v2h-1.5V2a.5.5 0 0 0-.5-.5H8V0h2Z\" \/>\n\t\t\t<\/svg>\n\t\t<\/button><figcaption class=\"wp-element-caption\">Foto: User:Mateus2019, CC BY-SA 4.0, Wikimedia Commons<\/figcaption><\/figure>\n\n\n\n<!-- LKM_GYG_CARD start q=\"music lokace\" lang=\"sv\" --><!-- LKM_GYG_CARD end -->\n\n\n\n\n<div class=\"lk-stays-module\">\n<style>\n\/* \u2500\u2500\u2500 RESET PRO GUTENBERG \u2500\u2500\u2500 *\/\n.lk-stays-module * { box-sizing: border-box; margin: 0; padding: 0; }\n\n\/* \u2500\u2500\u2500 WRAPPER \u2500\u2500\u2500 *\/\n.lk-stays-module {\n  font-family: 'DM Sans', Georgia, sans-serif;\n  max-width: 100%;\n  margin: 2.5rem auto;\n  background: linear-gradient(135deg, #fdfaf5 0%, #fcf8f0 100%);\n  border: 1px solid #e8dfd4;\n  border-radius: 16px;\n  overflow: hidden;\n  box-shadow: 0 16px 48px rgba(195, 159, 118, 0.25), 0 4px 12px rgba(0,0,0,0.08);\n}\n\n\/* \u2500\u2500\u2500 HEADER \u2500\u2500\u2500 *\/\n.lk-stays-header {\n  position: relative;\n  padding: 24px 36px 24px;\n  background: linear-gradient(135deg, #c39f76 0%, #d4b188 60%, #c39f76 100%);\n  border-bottom: 1px solid rgba(255,255,255,.15);\n  display: flex;\n  align-items: center;\n  gap: 18px;\n}\n.lk-stays-header::before {\n  content: '';\n  position: absolute;\n  inset: 0;\n  background: url(\"data:image\/svg+xml,%3Csvg width='60' height='60' viewBox='0 0 60 60' xmlns='http:\/\/www.w3.org\/2000\/svg'%3E%3Cg fill='none' fill-rule='evenodd'%3E%3Cg fill='%23ffffff' fill-opacity='0.05'%3E%3Cpath d='M36 34v-4h-2v4h-4v2h4v4h2v-4h4v-2h-4zm0-30V0h-2v4h-4v2h4v4h2V6h4V4h-4zM6 34v-4H4v4H0v2h4v4h2v-4h4v-2H6zM6 4V0H4v4H0v2h4v4h2V6h4V4H6z'\/%3E%3C\/g%3E%3C\/g%3E%3C\/svg%3E\") repeat;\n  pointer-events: none;\n}\n.lk-stays-icon {\n  flex-shrink: 0;\n  width: 68px;\n  height: 68px;\n  border-radius: 14px;\n  background: linear-gradient(135deg, #fff 0%, #f9f6f0 100%);\n  display: flex;\n  align-items: center;\n  justify-content: center;\n  font-size: 26px;\n  box-shadow: 0 4px 12px rgba(0,0,0,0.15);\n}\n.lk-stays-eyebrow {\n  font-size: 10px;\n  font-weight: 500;\n  letter-spacing: 2.5px;\n  text-transform: uppercase;\n  color: rgba(255,255,255,.85);\n  margin: 0 0 5px 0;\n}\n.lk-stays-title {\n  font-family: 'Playfair Display', Georgia, serif;\n  font-size: 24px;\n  font-weight: 700;\n  color: #fff;\n  line-height: 1.2;\n  text-shadow: 0 1px 2px rgba(0,0,0,0.1);\n  margin: 0;\n}\n.lk-stays-subtitle {\n  font-size: 13px;\n  color: rgba(255,255,255,.75);\n  margin: 4px 0 0 0;\n  font-weight: 300;\n}\n\n\/* \u2500\u2500\u2500 CARDS GRID \u2500\u2500\u2500 *\/\n.lk-stays-grid {\n  display: grid;\n  grid-template-columns: 1fr 1fr;\n  gap: 1px;\n  background: rgba(195, 159, 118, 0.12);\n}\n\n\/* \u2500\u2500\u2500 SINGLE CARD \u2500\u2500\u2500 *\/\n.lk-stay-card {\n  background: #ffffff;\n  padding: 26px;\n  display: flex;\n  flex-direction: column;\n  gap: 11px;\n  transition: all 0.3s ease;\n  text-decoration: none;\n  color: inherit;\n  position: relative;\n}\n.lk-stay-card:hover {\n  background: #fffbf5;\n  transform: translateY(-2px);\n  box-shadow: 0 8px 24px rgba(195, 159, 118, 0.18);\n  z-index: 1;\n}\n.lk-stay-card.featured {\n  background: linear-gradient(135deg, #fffdf9 0%, #fff9f0 100%);\n  box-shadow: 0 4px 16px rgba(195, 159, 118, 0.15), inset 0 1px 0 rgba(195, 159, 118, 0.1);\n}\n.lk-stay-card.featured:hover {\n  background: linear-gradient(135deg, #fffbf5 0%, #fff8ed 100%);\n  box-shadow: 0 8px 24px rgba(195, 159, 118, 0.25), inset 0 1px 0 rgba(195, 159, 118, 0.15);\n}\n\n.lk-stay-badge {\n  display: inline-flex;\n  align-items: center;\n  gap: 5px;\n  font-size: 10px;\n  font-weight: 500;\n  letter-spacing: 1.5px;\n  text-transform: uppercase;\n  padding: 5px 11px;\n  border-radius: 20px;\n  width: fit-content;\n}\n.badge-top     { background: linear-gradient(135deg, #c39f76 0%, #d4b188 100%); color: #fff; border: 1px solid #c39f76; font-weight: 600; box-shadow: 0 2px 8px rgba(195,159,118,0.3); }\n.badge-luxury  { background: rgba(195,159,118,.12); color: #c39f76; border: 1px solid rgba(195,159,118,.25); }\n.badge-boutique{ background: rgba(54,133,252,.08); color: #3685fc; border: 1px solid rgba(54,133,252,.2); }\n.badge-nature  { background: rgba(130,190,100,.1); color: #6b9c4a; border: 1px solid rgba(130,190,100,.2); }\n.badge-remote  { background: rgba(195,159,118,.12); color: #a67e50; border: 1px solid rgba(195,159,118,.25); }\n\n.lk-stay-name {\n  font-family: 'Playfair Display', Georgia, serif;\n  font-size: 18px;\n  font-weight: 700;\n  color: #111827;\n  line-height: 1.3;\n}\n.lk-stay-desc {\n  font-size: 13.5px;\n  color: #525252;\n  line-height: 1.65;\n  font-weight: 300;\n  flex: 1;\n}\n\n.lk-stay-meta {\n  display: flex;\n  align-items: center;\n  gap: 12px;\n  flex-wrap: wrap;\n  margin-top: 4px;\n}\n.lk-stay-price {\n  font-size: 13px;\n  color: #6b7280;\n}\n.lk-stay-price strong {\n  color: #c39f76;\n  font-weight: 500;\n}\n.lk-stay-stars {\n  color: #c39f76;\n  font-size: 11px;\n  letter-spacing: 1px;\n}\n\n\/* \u2500\u2500\u2500 CTA BUTTON \u2500\u2500\u2500 *\/\n.lk-stay-cta {\n  display: inline-flex;\n  align-items: center;\n  justify-content: center;\n  gap: 7px;\n  margin-top: 8px;\n  padding: 11px 20px;\n  border-radius: 8px;\n  background: linear-gradient(135deg, #3685fc 0%, #2a6fd9 100%);\n  color: #fff;\n  font-size: 13px;\n  font-weight: 500;\n  text-decoration: none;\n  letter-spacing: .3px;\n  transition: all .2s ease;\n  cursor: pointer;\n  border: none;\n  text-align: center;\n  box-shadow: 0 4px 12px rgba(54, 133, 252, 0.25);\n}\n.lk-stay-cta:hover {\n  background: linear-gradient(135deg, #2a6fd9 0%, #1e5bc4 100%);\n  transform: translateY(-1px);\n  box-shadow: 0 6px 16px rgba(54, 133, 252, 0.35);\n}\n.lk-stay-cta svg { flex-shrink: 0; }\n\n\/* \u2500\u2500\u2500 FOOTER \u2500\u2500\u2500 *\/\n.lk-stays-footer {\n  padding: 18px 36px;\n  background: linear-gradient(to bottom, #fdfaf5 0%, #f9f4ed 100%);\n  border-top: 1px solid rgba(195, 159, 118, 0.15);\n  display: flex;\n  align-items: center;\n  justify-content: space-between;\n  flex-wrap: wrap;\n  gap: 12px;\n}\n.lk-stays-footer-note {\n  font-size: 11.5px;\n  color: #6b7280;\n  font-weight: 300;\n  line-height: 1.5;\n}\n.lk-stays-footer-note a {\n  color: #c39f76;\n  text-decoration: none;\n  font-weight: 400;\n}\n.lk-stays-footer-note a:hover {\n  text-decoration: underline;\n}\n.lk-stays-all-btn {\n  display: inline-flex;\n  align-items: center;\n  gap: 6px;\n  font-size: 12.5px;\n  font-weight: 500;\n  color: #c39f76;\n  text-decoration: none;\n  border: 1px solid rgba(195, 159, 118, 0.35);\n  padding: 8px 18px;\n  border-radius: 8px;\n  transition: all .2s ease;\n}\n.lk-stays-all-btn:hover {\n  background: rgba(195, 159, 118, 0.08);\n  border-color: rgba(195, 159, 118, 0.5);\n}\n\n\/* \u2500\u2500\u2500 RESPONSIVE \u2500\u2500\u2500 *\/\n@media (max-width: 600px) {\n  .lk-stays-grid { grid-template-columns: 1fr; }\n  .lk-stays-header { padding: 24px 20px; }\n  .lk-stays-footer { padding: 16px 20px; }\n  .lk-stay-card { padding: 22px; }\n  .lk-stays-title { font-size: 20px; }\n}\n<\/style>\n\n  <!-- HEADER -->\n  <div class=\"lk-stays-header\">\n    <img decoding=\"async\" src=\"https:\/\/loudavymkrokem.cz\/wp-content\/uploads\/2026\/02\/lukas-a-lucka.jpg\" alt=\"\" style=\"width: 75px; height: 75px; border-radius: 8px; flex-shrink: 0; object-fit: cover; display: block; margin: 4px 0;\" title=\"\">\n    <div class=\"lk-stays-header-text\">\n      <div class=\"lk-stays-eyebrow\">Luk\u00e1\u0161 och Lucie rekommenderar<\/div>\n      <div class=\"lk-stays-title\">Var man kan bo i Salzburg<\/div>\n      <div class=\"lk-stays-subtitle\">6 boenden \u2014 hotell, wellnesshotell och andra boendealternativ<\/div>\n    <\/div>\n  <\/div>\n\n  <!-- CARDS -->\n  <div class=\"lk-stays-grid\">\n\n    <a class=\"lk-stay-card featured\" href=\"https:\/\/www.stay22.com\/allez\/roam?aid=lukaskonecny&#038;campaign=loudavymkrokemcz&#038;campaign=sv&#038;campaign=soundofmusiclokace&#038;address=Salcburk&#038;hotelname=Schloss+Leopoldskron&#038;search=Schloss+Leopoldskron&#038;category=accommodation\" target=\"_blank\" rel=\"nofollow noopener\">\n      <span class=\"lk-stay-badge badge-top\">\u2b50 TOPPVAL<\/span>\n      <span class=\"lk-stay-badge badge-nature\">\u2b50 Luxury<\/span>\n      <div class=\"lk-stay-name\">Schloss Leopoldskron<\/div>\n      <div class=\"lk-stay-desc\">Lyxhotell i ett slott som anv\u00e4nts som filmkuliss. Frukost i dekorerade salar, tillg\u00e5ng till Max Reinhardts bibliotek.<\/div>\n      <div class=\"lk-stay-meta\">\n        <span class=\"lk-stay-stars\">\u2605\u2605\u2605\u2605<\/span>\n        <span class=\"lk-stay-price\">fr\u00e5n 399 EUR\/natt<\/span>\n      <\/div>\n      <span class=\"lk-stay-cta\">\n        <svg width=\"14\" height=\"14\" viewBox=\"0 0 24 24\" fill=\"none\" stroke=\"currentColor\" stroke-width=\"2\"><path d=\"M18 13v6a2 2 0 0 1-2 2H5a2 2 0 0 1-2-2V8a2 2 0 0 1 2-2h6\"\/><polyline points=\"15 3 21 3 21 9\"\/><line x1=\"10\" y1=\"14\" x2=\"21\" y2=\"3\"\/><\/svg>\n        Kontrollera tillg\u00e4nglighet\n      <\/span>\n    <\/a>\n\n    <a class=\"lk-stay-card\" href=\"https:\/\/www.stay22.com\/allez\/roam?aid=lukaskonecny&#038;campaign=loudavymkrokemcz&#038;campaign=sv&#038;campaign=soundofmusiclokace&#038;address=Salcburk&#038;hotelname=Villa+Trapp&#038;search=Villa+Trapp&#038;category=accommodation\" target=\"_blank\" rel=\"nofollow noopener\">\n      <span class=\"lk-stay-badge badge-nature\">\ud83c\udfe8 Hotell<\/span>\n      <div class=\"lk-stay-name\">Villa Trapp<\/div>\n      <div class=\"lk-stay-desc\">Boutiquehotell i von Trapp-familjens verkliga hem. \u00d6vernattning i originalrum inklusive Marias svit.<\/div>\n      <div class=\"lk-stay-meta\">\n        <span class=\"lk-stay-stars\">\u2605\u2605\u2605\u2605<\/span>\n        <span class=\"lk-stay-price\">Kontrollera priser<\/span>\n      <\/div>\n      <span class=\"lk-stay-cta\">\n        <svg width=\"14\" height=\"14\" viewBox=\"0 0 24 24\" fill=\"none\" stroke=\"currentColor\" stroke-width=\"2\"><path d=\"M18 13v6a2 2 0 0 1-2 2H5a2 2 0 0 1-2-2V8a2 2 0 0 1 2-2h6\"\/><polyline points=\"15 3 21 3 21 9\"\/><line x1=\"10\" y1=\"14\" x2=\"21\" y2=\"3\"\/><\/svg>\n        Kontrollera tillg\u00e4nglighet\n      <\/span>\n    <\/a>\n\n    <a class=\"lk-stay-card\" href=\"https:\/\/www.stay22.com\/allez\/roam?aid=lukaskonecny&#038;campaign=loudavymkrokemcz&#038;campaign=sv&#038;campaign=soundofmusiclokace&#038;address=Salcburk&#038;hotelname=Hotel+Sacher+Salzburg&#038;search=Hotel+Sacher+Salzburg&#038;category=accommodation\" target=\"_blank\" rel=\"nofollow noopener\">\n      <span class=\"lk-stay-badge badge-nature\">\u2b50 Luxury<\/span>\n      <div class=\"lk-stay-name\">Hotel Sacher Salzburg<\/div>\n      <div class=\"lk-stay-desc\">Ikoniskt femstj\u00e4rnigt hotell vid floden Salzach med ber\u00f6mt kaf\u00e9 och utsikt \u00f6ver Gamla stan.<\/div>\n      <div class=\"lk-stay-meta\">\n        <span class=\"lk-stay-stars\">\u2605\u2605\u2605\u2605\u2605<\/span>\n        <span class=\"lk-stay-price\">Kontrollera priser<\/span>\n      <\/div>\n      <span class=\"lk-stay-cta\">\n        <svg width=\"14\" height=\"14\" viewBox=\"0 0 24 24\" fill=\"none\" stroke=\"currentColor\" stroke-width=\"2\"><path d=\"M18 13v6a2 2 0 0 1-2 2H5a2 2 0 0 1-2-2V8a2 2 0 0 1 2-2h6\"\/><polyline points=\"15 3 21 3 21 9\"\/><line x1=\"10\" y1=\"14\" x2=\"21\" y2=\"3\"\/><\/svg>\n        Kontrollera tillg\u00e4nglighet\n      <\/span>\n    <\/a>\n\n    <a class=\"lk-stay-card\" href=\"https:\/\/www.stay22.com\/allez\/roam?aid=lukaskonecny&#038;campaign=loudavymkrokemcz&#038;campaign=sv&#038;campaign=soundofmusiclokace&#038;address=Salcburk&#038;hotelname=Boutiquehotel+Am+Dom&#038;search=Boutiquehotel+Am+Dom&#038;category=accommodation\" target=\"_blank\" rel=\"nofollow noopener\">\n      <span class=\"lk-stay-badge badge-nature\">\ud83c\udfe8 Hotell<\/span>\n      <div class=\"lk-stay-name\">Boutiquehotel Am Dom<\/div>\n      <div class=\"lk-stay-desc\">Designhotell i hj\u00e4rtat av den historiska stadsk\u00e4rnan. K\u00e4nslig blandning av historiska bj\u00e4lkar och modern italiensk design.<\/div>\n      <div class=\"lk-stay-meta\">\n        <span class=\"lk-stay-stars\">\u2605\u2605\u2605\u2605<\/span>\n        <span class=\"lk-stay-price\">Kontrollera priser<\/span>\n      <\/div>\n      <span class=\"lk-stay-cta\">\n        <svg width=\"14\" height=\"14\" viewBox=\"0 0 24 24\" fill=\"none\" stroke=\"currentColor\" stroke-width=\"2\"><path d=\"M18 13v6a2 2 0 0 1-2 2H5a2 2 0 0 1-2-2V8a2 2 0 0 1 2-2h6\"\/><polyline points=\"15 3 21 3 21 9\"\/><line x1=\"10\" y1=\"14\" x2=\"21\" y2=\"3\"\/><\/svg>\n        Kontrollera tillg\u00e4nglighet\n      <\/span>\n    <\/a>\n\n    <a class=\"lk-stay-card\" href=\"https:\/\/www.stay22.com\/allez\/roam?aid=lukaskonecny&#038;campaign=loudavymkrokemcz&#038;campaign=sv&#038;campaign=soundofmusiclokace&#038;address=Salcburk&#038;hotelname=Hotel+Goldgasse&#038;search=Hotel+Goldgasse&#038;category=accommodation\" target=\"_blank\" rel=\"nofollow noopener\">\n      <span class=\"lk-stay-badge badge-nature\">\ud83c\udfe8 Hotell<\/span>\n      <div class=\"lk-stay-name\">Hotel Goldgasse<\/div>\n      <div class=\"lk-stay-desc\">Litet boutiquehotell i historisk gr\u00e4nd. Varje rum har olika motiv, utm\u00e4rker sig genom omsorg om detaljer.<\/div>\n      <div class=\"lk-stay-meta\">\n        <span class=\"lk-stay-stars\">\u2605\u2605\u2605\u2605<\/span>\n        <span class=\"lk-stay-price\">Kontrollera priser<\/span>\n      <\/div>\n      <span class=\"lk-stay-cta\">\n        <svg width=\"14\" height=\"14\" viewBox=\"0 0 24 24\" fill=\"none\" stroke=\"currentColor\" stroke-width=\"2\"><path d=\"M18 13v6a2 2 0 0 1-2 2H5a2 2 0 0 1-2-2V8a2 2 0 0 1 2-2h6\"\/><polyline points=\"15 3 21 3 21 9\"\/><line x1=\"10\" y1=\"14\" x2=\"21\" y2=\"3\"\/><\/svg>\n        Kontrollera tillg\u00e4nglighet\n      <\/span>\n    <\/a>\n\n    <a class=\"lk-stay-card\" href=\"https:\/\/www.stay22.com\/allez\/roam?aid=lukaskonecny&#038;campaign=loudavymkrokemcz&#038;campaign=sv&#038;campaign=soundofmusiclokace&#038;address=Salcburk&#038;hotelname=IMLAUER+Hotel+Pitter&#038;search=IMLAUER+Hotel+Pitter&#038;category=accommodation\" target=\"_blank\" rel=\"nofollow noopener\">\n      <span class=\"lk-stay-badge badge-nature\">\ud83c\udfe8 Hotell<\/span>\n      <div class=\"lk-stay-name\">IMLAUER Hotel Pitter<\/div>\n      <div class=\"lk-stay-desc\">Modernt hotell vid Mirabelltr\u00e4dg\u00e5rdarna med fantastisk takbar och panoramautsikt \u00f6ver staden.<\/div>\n      <div class=\"lk-stay-meta\">\n        <span class=\"lk-stay-stars\">\u2605\u2605\u2605\u2605<\/span>\n        <span class=\"lk-stay-price\">Kontrollera priser<\/span>\n      <\/div>\n      <span class=\"lk-stay-cta\">\n        <svg width=\"14\" height=\"14\" viewBox=\"0 0 24 24\" fill=\"none\" stroke=\"currentColor\" stroke-width=\"2\"><path d=\"M18 13v6a2 2 0 0 1-2 2H5a2 2 0 0 1-2-2V8a2 2 0 0 1 2-2h6\"\/><polyline points=\"15 3 21 3 21 9\"\/><line x1=\"10\" y1=\"14\" x2=\"21\" y2=\"3\"\/><\/svg>\n        Kontrollera tillg\u00e4nglighet\n      <\/span>\n    <\/a>\n\n  <\/div>\n\n  \n<\/div>\n\n\n\n\n<h3 class=\"wp-block-heading\"><span class=\"ez-toc-section\" id=\"9_Felsenreitschule_och_den_dramatiska_konserten\"><\/span>9. Felsenreitschule och den dramatiska konserten<span class=\"ez-toc-section-end\"><\/span><\/h3>\n\n\n\n<p class=\"wp-block-paragraph\">Klippridskolan \u00e4r en av v\u00e4rldens mest anm\u00e4rkningsv\u00e4rda teaterlokaler. Dessa <strong>fascinerande arkader som huggits direkt in i berget M\u00f6nchsberg<\/strong> tj\u00e4nade ursprungligen till att tr\u00e4na Salzburgs \u00e4rkebiskopars h\u00e4star. I filmen utspelar sig h\u00e4r den extremt sp\u00e4nnande scenen med den avslutande festivalkonserten, varefter familjen von Trapp f\u00f6rsvinner bakom kulisserna och p\u00e5b\u00f6rjar sin flykt.<\/p>\n\n\n\n<p class=\"wp-block-paragraph\">Till skillnad fr\u00e5n m\u00e5nga andra platser \u00e4r Felsenreitschule en <strong>verklig och mycket prestigefylld festivalscen<\/strong>. Varje sommar h\u00e5lls h\u00e4r de viktigaste opera- och teaterpremi\u00e4rerna inom Salzburgfestivalen. Att f\u00e5 biljetter till en f\u00f6rest\u00e4llning kr\u00e4ver planering m\u00e5nga m\u00e5nader i f\u00f6rv\u00e4g och ett ganska v\u00e4lfyllt bankkonto.<\/p>\n\n\n\n<p class=\"wp-block-paragraph\">Som tur \u00e4r kan du titta in \u00e4ven utan en dyr operabiljett: staden ordnar dagliga guidade visningar av festspelbyggnaderna, s\u00e5 du kan i lugn och ro se b\u00e5de Klippridskolan och det enorma Stora festspelhuset med guide. Visningarna f\u00e5r du enkelt p\u00e5 plats eller s\u00e5 kan du boka dem i f\u00f6rv\u00e4g online, \u00e4ven via portaler som GetYourGuide.<\/p>\n\n\n\n<p class=\"wp-block-paragraph\">\ud83d\udca1 Tips: Visningarna h\u00e5lls p\u00e5 flera spr\u00e5k och tar ungef\u00e4r femtio minuter. <strong>Jag rekommenderar att du kollar tidsschemat i informationscentret redan p\u00e5 morgonen<\/strong>, eftersom visningsrutterna ibland \u00e4ndras eller begr\u00e4nsas under p\u00e5g\u00e5ende repetitioner.<\/p>\n\n\n\n<figure data-wp-context=\"{&quot;imageId&quot;:&quot;6a9afcab0b869&quot;}\" data-wp-interactive=\"core\/image\" data-wp-key=\"6a9afcab0b869\" class=\"wp-block-image size-full wp-lightbox-container\"><img decoding=\"async\" width=\"1280\" height=\"853\" data-wp-class--hide=\"state.isContentHidden\" data-wp-class--show=\"state.isContentVisible\" data-wp-init=\"callbacks.setButtonStyles\" data-wp-on--click=\"actions.showLightbox\" data-wp-on--load=\"callbacks.setButtonStyles\" data-wp-on--pointerdown=\"actions.preloadImage\" data-wp-on--pointerenter=\"actions.preloadImageWithDelay\" data-wp-on--pointerleave=\"actions.cancelPreload\" data-wp-on-window--resize=\"callbacks.setButtonStyles\" src=\"https:\/\/loudavymkrokem.cz\/wp-content\/uploads\/2026\/07\/residenz-1.jpg\" alt=\"Den barocka Residenzbrunnen p\u00e5 torget Residenzplatz\" class=\"wp-image-350766\" title=\"\" srcset=\"https:\/\/loudavymkrokem.cz\/wp-content\/uploads\/2026\/07\/residenz-1.jpg 1280w, https:\/\/loudavymkrokem.cz\/wp-content\/uploads\/2026\/07\/residenz-1-300x200.jpg 300w, https:\/\/loudavymkrokem.cz\/wp-content\/uploads\/2026\/07\/residenz-1-700x466.jpg 700w, https:\/\/loudavymkrokem.cz\/wp-content\/uploads\/2026\/07\/residenz-1-768x512.jpg 768w, https:\/\/loudavymkrokem.cz\/wp-content\/uploads\/2026\/07\/residenz-1-696x464.jpg 696w\" sizes=\"(max-width: 1280px) 100vw, 1280px\" \/><button\n\t\t\tclass=\"lightbox-trigger\"\n\t\t\ttype=\"button\"\n\t\t\taria-haspopup=\"dialog\"\n\t\t\tdata-wp-bind--aria-label=\"state.thisImage.triggerButtonAriaLabel\"\n\t\t\tdata-wp-init=\"callbacks.initTriggerButton\"\n\t\t\tdata-wp-on--click=\"actions.showLightbox\"\n\t\t\tdata-wp-style--right=\"state.thisImage.buttonRight\"\n\t\t\tdata-wp-style--top=\"state.thisImage.buttonTop\"\n\t\t>\n\t\t\t<svg xmlns=\"http:\/\/www.w3.org\/2000\/svg\" width=\"12\" height=\"12\" fill=\"none\" viewBox=\"0 0 12 12\">\n\t\t\t\t<path fill=\"#fff\" d=\"M2 0a2 2 0 0 0-2 2v2h1.5V2a.5.5 0 0 1 .5-.5h2V0H2Zm2 10.5H2a.5.5 0 0 1-.5-.5V8H0v2a2 2 0 0 0 2 2h2v-1.5ZM8 12v-1.5h2a.5.5 0 0 0 .5-.5V8H12v2a2 2 0 0 1-2 2H8Zm2-12a2 2 0 0 1 2 2v2h-1.5V2a.5.5 0 0 0-.5-.5H8V0h2Z\" \/>\n\t\t\t<\/svg>\n\t\t<\/button><figcaption class=\"wp-element-caption\">Foto: Ank Kumar, CC BY-SA 4.0, Wikimedia Commons<\/figcaption><\/figure>\n\n\n\n<h3 class=\"wp-block-heading\"><span class=\"ez-toc-section\" id=\"10_Residenzplatz_och_fontanen_full_av_sjalvfortroende\"><\/span>10. Residenzplatz och font\u00e4nen full av sj\u00e4lvf\u00f6rtroende<span class=\"ez-toc-section-end\"><\/span><\/h3>\n\n\n\n<p class=\"wp-block-paragraph\">Mitt i det historiska stadsk\u00e4rnan, omgivet av palats och museum, ligger det vidstr\u00e4ckta torget Residenzplatz. Mitt p\u00e5 det st\u00e5r en <strong>m\u00e4ktig barockfont\u00e4n med stegrande h\u00e4star<\/strong>, som Maria med v\u00e4skan i handen glatt hoppar runt och st\u00e4nker vatten vid, n\u00e4r hon sjunger I Have Confidence p\u00e5 v\u00e4gen fr\u00e5n klostret till sitt nya jobb.<\/p>\n\n\n\n<p class=\"wp-block-paragraph\">Torget \u00e4r Salzburgs absoluta medelpunkt och \u00e4r <strong>helt fritt tillg\u00e4ngligt n\u00e4r som helst under dagen<\/strong>. Ut\u00f6ver den ber\u00f6mda font\u00e4nen ser du h\u00e4r ocks\u00e5 en uppst\u00e4llningsplats f\u00f6r traditionella h\u00e4stvagnar som kallas Fiaker, vilka ger platsen en fantastisk historisk atmosf\u00e4r. Det omgivande klockspelet spelar dessutom regelbundet melodier, inklusive Mozarts.<\/p>\n\n\n\n<p class=\"wp-block-paragraph\">Under december f\u00f6rvandlas det h\u00e4r torget till oigenk\u00e4nnlighet. <strong>H\u00e4r h\u00e5lls Salzburgs st\u00f6rsta adventsmarknader<\/strong>, som doftar av gl\u00f6gg, pepparkakor och rostade kastanjer. Det \u00e4r ett underbart sk\u00e5despel, men p\u00e5 grund av tr\u00e4st\u00e5ndens skymmande l\u00e4ge ser du knappt sj\u00e4lva font\u00e4nen.<\/p>\n\n\n\n<p class=\"wp-block-paragraph\">\ud83d\udca1 Tips: F\u00f6rs\u00f6k stanna till p\u00e5 torget tidigt p\u00e5 morgonen, innan de f\u00f6rsta turistvagnarna b\u00f6rjar k\u00f6ra och innan de omgivande museerna \u00f6ppnar. <strong>D\u00e5 njuter du av den fantastiska atmosf\u00e4ren i en tom stad<\/strong> och tar utm\u00e4rkta foton av den enorma font\u00e4nen utan folkmassor.<\/p>\n\n\n\n<figure data-wp-context=\"{&quot;imageId&quot;:&quot;6a9afcab0be80&quot;}\" data-wp-interactive=\"core\/image\" data-wp-key=\"6a9afcab0be80\" class=\"wp-block-image size-full wp-lightbox-container\"><img decoding=\"async\" width=\"1280\" height=\"846\" data-wp-class--hide=\"state.isContentHidden\" data-wp-class--show=\"state.isContentVisible\" data-wp-init=\"callbacks.setButtonStyles\" data-wp-on--click=\"actions.showLightbox\" data-wp-on--load=\"callbacks.setButtonStyles\" data-wp-on--pointerdown=\"actions.preloadImage\" data-wp-on--pointerenter=\"actions.preloadImageWithDelay\" data-wp-on--pointerleave=\"actions.cancelPreload\" data-wp-on-window--resize=\"callbacks.setButtonStyles\" src=\"https:\/\/loudavymkrokem.cz\/wp-content\/uploads\/2026\/07\/werfen-2.jpg\" alt=\"Borgen Hohenwerfen ovanf\u00f6r dalen i bergen vid Werfen\" class=\"wp-image-350791\" title=\"\" srcset=\"https:\/\/loudavymkrokem.cz\/wp-content\/uploads\/2026\/07\/werfen-2.jpg 1280w, https:\/\/loudavymkrokem.cz\/wp-content\/uploads\/2026\/07\/werfen-2-300x198.jpg 300w, https:\/\/loudavymkrokem.cz\/wp-content\/uploads\/2026\/07\/werfen-2-700x463.jpg 700w, https:\/\/loudavymkrokem.cz\/wp-content\/uploads\/2026\/07\/werfen-2-768x508.jpg 768w, https:\/\/loudavymkrokem.cz\/wp-content\/uploads\/2026\/07\/werfen-2-696x460.jpg 696w\" sizes=\"(max-width: 1280px) 100vw, 1280px\" \/><button\n\t\t\tclass=\"lightbox-trigger\"\n\t\t\ttype=\"button\"\n\t\t\taria-haspopup=\"dialog\"\n\t\t\tdata-wp-bind--aria-label=\"state.thisImage.triggerButtonAriaLabel\"\n\t\t\tdata-wp-init=\"callbacks.initTriggerButton\"\n\t\t\tdata-wp-on--click=\"actions.showLightbox\"\n\t\t\tdata-wp-style--right=\"state.thisImage.buttonRight\"\n\t\t\tdata-wp-style--top=\"state.thisImage.buttonTop\"\n\t\t>\n\t\t\t<svg xmlns=\"http:\/\/www.w3.org\/2000\/svg\" width=\"12\" height=\"12\" fill=\"none\" viewBox=\"0 0 12 12\">\n\t\t\t\t<path fill=\"#fff\" d=\"M2 0a2 2 0 0 0-2 2v2h1.5V2a.5.5 0 0 1 .5-.5h2V0H2Zm2 10.5H2a.5.5 0 0 1-.5-.5V8H0v2a2 2 0 0 0 2 2h2v-1.5ZM8 12v-1.5h2a.5.5 0 0 0 .5-.5V8H12v2a2 2 0 0 1-2 2H8Zm2-12a2 2 0 0 1 2 2v2h-1.5V2a.5.5 0 0 0-.5-.5H8V0h2Z\" \/>\n\t\t\t<\/svg>\n\t\t<\/button><figcaption class=\"wp-element-caption\">Foto: Diego Delso, CC BY-SA 4.0, Wikimedia Commons<\/figcaption><\/figure>\n\n\n\n<h3 class=\"wp-block-heading\"><span class=\"ez-toc-section\" id=\"11_Utflykt_till_Werfen_och_bergsangarna\"><\/span>11. Utflykt till Werfen och bergs\u00e4ngarna<span class=\"ez-toc-section-end\"><\/span><\/h3>\n\n\n\n<p class=\"wp-block-paragraph\">Om du har tillg\u00e5ng till bil och vill uppleva den verkliga h\u00f6galpina atmosf\u00e4ren fr\u00e5n filmens inledning m\u00e5ste du ge dig iv\u00e4g s\u00f6derut. Ungef\u00e4r fyrtio kilometer fr\u00e5n Salzburg vid den lilla staden Werfen ligger den ber\u00f6mda The Sound of Music Trail. Det \u00e4r exakt det omr\u00e5det d\u00e4r <strong>Maria p\u00e5 bergs\u00e4ngen sjunger hela musikalens titell\u00e5t<\/strong> och snurrar med utstr\u00e4ckta armar.<\/p>\n\n\n\n<p class=\"wp-block-paragraph\">Vandringen tar dig f\u00f6rbi vackra utsiktspunkter \u00f6ver alpdalen och den <strong>m\u00e4ktiga borgen Hohenwerfen, som reser sig p\u00e5 en klippa mitt i dalen<\/strong>. Sj\u00e4lva \u00e4ngen med filmb\u00e4nken \u00e4r v\u00e4l skyltad och dit leder en l\u00e4ttsam vandringsled. Det \u00e4r en helt perfekt plats f\u00f6r picknick med utsikt mot massivet Tennengebirge.<\/p>\n\n\n\n<p class=\"wp-block-paragraph\">N\u00e4r du \u00e4nd\u00e5 \u00e4r i Werfen ska du absolut inte heller missa ett bes\u00f6k i <strong>v\u00e4rldens st\u00f6rsta isgrotta Eisriesenwelt<\/strong>. Den ligger h\u00f6gt uppe i bergen och du m\u00e5ste ta dig upp med linbana och sedan g\u00e5 en bit till fots, men isformationerna inuti \u00e4r otroliga.<\/p>\n\n\n\n<p class=\"wp-block-paragraph\">\ud83d\udca1 Tips: Kl\u00e4 dig varmt. \u00c4ven om det \u00e4r varm sommar nere i Salzburg <strong>fryser det inuti isgrottan \u00e5ret runt<\/strong> och p\u00e5 bergs\u00e4ngarna bl\u00e5ser ofta en kall vind. Stadiga skor \u00e4r en absolut n\u00f6dv\u00e4ndighet f\u00f6r den h\u00e4r utflykten.<\/p>\n\n\n\n<figure data-wp-context=\"{&quot;imageId&quot;:&quot;6a9afcab0c5a8&quot;}\" data-wp-interactive=\"core\/image\" data-wp-key=\"6a9afcab0c5a8\" class=\"wp-block-image size-full wp-lightbox-container\"><img decoding=\"async\" width=\"640\" height=\"480\" data-wp-class--hide=\"state.isContentHidden\" data-wp-class--show=\"state.isContentVisible\" data-wp-init=\"callbacks.setButtonStyles\" data-wp-on--click=\"actions.showLightbox\" data-wp-on--load=\"callbacks.setButtonStyles\" data-wp-on--pointerdown=\"actions.preloadImage\" data-wp-on--pointerenter=\"actions.preloadImageWithDelay\" data-wp-on--pointerleave=\"actions.cancelPreload\" data-wp-on-window--resize=\"callbacks.setButtonStyles\" src=\"https:\/\/loudavymkrokem.cz\/wp-content\/uploads\/2026\/07\/frohnburg-0.jpg\" alt=\"Slottet Frohnburg mellan tr\u00e4den i utkanten av Salzburg\" class=\"wp-image-350825\" title=\"\" srcset=\"https:\/\/loudavymkrokem.cz\/wp-content\/uploads\/2026\/07\/frohnburg-0.jpg 640w, https:\/\/loudavymkrokem.cz\/wp-content\/uploads\/2026\/07\/frohnburg-0-300x225.jpg 300w, https:\/\/loudavymkrokem.cz\/wp-content\/uploads\/2026\/07\/frohnburg-0-80x60.jpg 80w, https:\/\/loudavymkrokem.cz\/wp-content\/uploads\/2026\/07\/frohnburg-0-160x120.jpg 160w\" sizes=\"(max-width: 640px) 100vw, 640px\" \/><button\n\t\t\tclass=\"lightbox-trigger\"\n\t\t\ttype=\"button\"\n\t\t\taria-haspopup=\"dialog\"\n\t\t\tdata-wp-bind--aria-label=\"state.thisImage.triggerButtonAriaLabel\"\n\t\t\tdata-wp-init=\"callbacks.initTriggerButton\"\n\t\t\tdata-wp-on--click=\"actions.showLightbox\"\n\t\t\tdata-wp-style--right=\"state.thisImage.buttonRight\"\n\t\t\tdata-wp-style--top=\"state.thisImage.buttonTop\"\n\t\t>\n\t\t\t<svg xmlns=\"http:\/\/www.w3.org\/2000\/svg\" width=\"12\" height=\"12\" fill=\"none\" viewBox=\"0 0 12 12\">\n\t\t\t\t<path fill=\"#fff\" d=\"M2 0a2 2 0 0 0-2 2v2h1.5V2a.5.5 0 0 1 .5-.5h2V0H2Zm2 10.5H2a.5.5 0 0 1-.5-.5V8H0v2a2 2 0 0 0 2 2h2v-1.5ZM8 12v-1.5h2a.5.5 0 0 0 .5-.5V8H12v2a2 2 0 0 1-2 2H8Zm2-12a2 2 0 0 1 2 2v2h-1.5V2a.5.5 0 0 0-.5-.5H8V0h2Z\" \/>\n\t\t\t<\/svg>\n\t\t<\/button><figcaption class=\"wp-element-caption\">Foto: Luckyprof (talk), CC BY-SA 3.0 at, Wikimedia Commons<\/figcaption><\/figure>\n\n\n\n<h2 class=\"wp-block-heading\"><span class=\"ez-toc-section\" id=\"Sound_of_Music_vad_ar_sant_och_vad_ar_Hollywood\"><\/span>Sound of Music: vad \u00e4r sant och vad \u00e4r Hollywood<span class=\"ez-toc-section-end\"><\/span><\/h2>\n\n\n\n<p class=\"wp-block-paragraph\">N\u00e4r du b\u00f6rjar gr\u00e4va i den verkliga ber\u00e4ttelsen inser du att filmskaparna verkligen lekte grundligt med verkligheten. Den st\u00f6rsta illusionen \u00e4r sj\u00e4lva familjen von Trapps villa. Som jag redan n\u00e4mnde i inledningen <strong>existerar huset fr\u00e5n filmduken inte i verkligheten<\/strong>. Framsidan med smidesporten tillh\u00f6r slottet Frohnburg, den bakre terrassen med sj\u00f6n \u00e4r en del av slottet Leopoldskron och alla de rymliga interi\u00f6rerna med den enorma trappan byggde snickare i Hollywoods studior.<\/p>\n\n\n\n<p class=\"wp-block-paragraph\">\u00c4nnu mer intressant \u00e4r det med den ber\u00f6mda flykten. I filmen tar sig familjen dramatiskt \u00f6ver de sn\u00f6t\u00e4ckta bergen Untersberg med ryggs\u00e4ckar mot Schweiz. Det l\u00e5ter fantastiskt, men det har en stor geografisk hake. <strong>V\u00e4gen \u00f6ver just dessa berg skulle ha lett dem rakt in i Tyskland<\/strong>, bara n\u00e5gra kilometer fr\u00e5n Hitlers bergsresidens Obersalzberg i Berchtesgaden. Den verkliga familjen l\u00e5ste helt enkelt d\u00f6rren till sitt hus i stadsdelen Aigen, gick till den n\u00e4rliggande j\u00e4rnv\u00e4gsstationen och reste i lugn och ro till Italien och d\u00e4refter till Amerika.<\/p>\n\n\n\n<p class=\"wp-block-paragraph\">Ett annat exempel p\u00e5 filmlogistik \u00e4r den ber\u00f6mda glaspaviljongen. Den stod under inspelningen verkligen vid slottet Leopoldskrons sj\u00f6. Men efter premi\u00e4ren b\u00f6rjade tusentals fans komma dit och mark\u00e4garna var inte alls f\u00f6rtjusta i det. <strong>Staden flyttade d\u00e4rf\u00f6r paviljongen<\/strong> till den offentliga parken vid slottet Hellbrunn, d\u00e4r den st\u00e5r \u00e4n idag, om \u00e4n l\u00e5st av h\u00e4nsyn till s\u00e4kerheten f\u00f6r de turister som f\u00f6rs\u00f6kte h\u00e4rma dansstegen i den.<\/p>\n\n\n\n<p class=\"wp-block-paragraph\">En intressant paradox \u00e4r hur stadens egna inv\u00e5nare ser p\u00e5 filmen. Medan hundratusentals amerikaner och britter varje \u00e5r styr mot Salzburg enbart p\u00e5 grund av denna musikal, <strong>har de flesta lokala \u00f6sterrikare faktiskt aldrig sett filmen<\/strong>. F\u00f6r dem \u00e4r Salzburg fortfarande fr\u00e4mst Mozarts stad och den klassiska musikens stad. F\u00f6rst p\u00e5 senare \u00e5r har staden till fullo insett den enorma turistpotentialen och b\u00f6rjat marknadsf\u00f6ra och skydda filmarvet mer.<\/p>\n\n\n\n<figure data-wp-context=\"{&quot;imageId&quot;:&quot;6a9afcab0cabf&quot;}\" data-wp-interactive=\"core\/image\" data-wp-key=\"6a9afcab0cabf\" class=\"wp-block-image size-full wp-lightbox-container\"><img decoding=\"async\" width=\"1280\" height=\"853\" data-wp-class--hide=\"state.isContentHidden\" data-wp-class--show=\"state.isContentVisible\" data-wp-init=\"callbacks.setButtonStyles\" data-wp-on--click=\"actions.showLightbox\" data-wp-on--load=\"callbacks.setButtonStyles\" data-wp-on--pointerdown=\"actions.preloadImage\" data-wp-on--pointerenter=\"actions.preloadImageWithDelay\" data-wp-on--pointerleave=\"actions.cancelPreload\" data-wp-on-window--resize=\"callbacks.setButtonStyles\" src=\"https:\/\/loudavymkrokem.cz\/wp-content\/uploads\/2024\/11\/ubytovani-salzburg.jpg\" alt=\"Boende i Salzburgs historiska centrum\" class=\"wp-image-90026\" title=\"\" srcset=\"https:\/\/loudavymkrokem.cz\/wp-content\/uploads\/2024\/11\/ubytovani-salzburg.jpg 1280w, https:\/\/loudavymkrokem.cz\/wp-content\/uploads\/2024\/11\/ubytovani-salzburg-300x200.jpg 300w, https:\/\/loudavymkrokem.cz\/wp-content\/uploads\/2024\/11\/ubytovani-salzburg-700x466.jpg 700w, https:\/\/loudavymkrokem.cz\/wp-content\/uploads\/2024\/11\/ubytovani-salzburg-768x512.jpg 768w, https:\/\/loudavymkrokem.cz\/wp-content\/uploads\/2024\/11\/ubytovani-salzburg-696x464.jpg 696w\" sizes=\"(max-width: 1280px) 100vw, 1280px\" \/><button\n\t\t\tclass=\"lightbox-trigger\"\n\t\t\ttype=\"button\"\n\t\t\taria-haspopup=\"dialog\"\n\t\t\tdata-wp-bind--aria-label=\"state.thisImage.triggerButtonAriaLabel\"\n\t\t\tdata-wp-init=\"callbacks.initTriggerButton\"\n\t\t\tdata-wp-on--click=\"actions.showLightbox\"\n\t\t\tdata-wp-style--right=\"state.thisImage.buttonRight\"\n\t\t\tdata-wp-style--top=\"state.thisImage.buttonTop\"\n\t\t>\n\t\t\t<svg xmlns=\"http:\/\/www.w3.org\/2000\/svg\" width=\"12\" height=\"12\" fill=\"none\" viewBox=\"0 0 12 12\">\n\t\t\t\t<path fill=\"#fff\" d=\"M2 0a2 2 0 0 0-2 2v2h1.5V2a.5.5 0 0 1 .5-.5h2V0H2Zm2 10.5H2a.5.5 0 0 1-.5-.5V8H0v2a2 2 0 0 0 2 2h2v-1.5ZM8 12v-1.5h2a.5.5 0 0 0 .5-.5V8H12v2a2 2 0 0 1-2 2H8Zm2-12a2 2 0 0 1 2 2v2h-1.5V2a.5.5 0 0 0-.5-.5H8V0h2Z\" \/>\n\t\t\t<\/svg>\n\t\t<\/button><\/figure>\n\n\n\n<h2 class=\"wp-block-heading\"><span class=\"ez-toc-section\" id=\"Hotell_i_Salzburg_Osterrike_%E2%80%93_var_du_bor_bo\"><\/span>Hotell i Salzburg, \u00d6sterrike \u2013 var du b\u00f6r bo<span class=\"ez-toc-section-end\"><\/span><\/h2>\n\n\n\n<p class=\"wp-block-paragraph\">Boende i Salzburg kan verkligen s\u00e4tta h\u00e5rt \u00e5t budgeten, s\u00e4rskilt p\u00e5 sommaren och under advent. Men om du vill f\u00e5 ut maximalt av bes\u00f6ket l\u00f6nar det sig att betala lite f\u00f6r l\u00e4get, f\u00f6r du g\u00e5r verkligen mycket till fots. Gamla stan erbjuder de vackraste historiska hotellen, men r\u00e4kna med h\u00f6gre priser och begr\u00e4nsad parkering. S\u00f6ker du billigare alternativ, titta i stadsdelarna kring centralstationen eller mot Mirabelltr\u00e4dg\u00e5rdarna. <strong>En helt unik upplevelse \u00e4r att \u00f6vernatta direkt p\u00e5 filmplatserna<\/strong>.<\/p>\n\n\n\n<p class=\"wp-block-paragraph\">H\u00e4r \u00e4r en lista med konkreta och toppbetygsatta hotell som jag kan rekommendera f\u00f6r ditt bes\u00f6k:<\/p>\n\n\n\n<ul class=\"wp-block-list\">\n\n<li>  <strong>Schloss Leopoldskron:<\/strong> Du kan bo direkt i slottet som utgjorde filmkulissen vid sj\u00f6n. Det \u00e4r en lyxupplevelse f\u00f6r de mest kr\u00e4sna, med fantastiska frukostar i utsmyckade salar.<\/li>\n\n\n\n<li>  <strong>Villa Trapp:<\/strong> Detta boutiquehotell ligger i den lugna stadsdelen Aigen och l\u00e5ter dig \u00f6vernatta direkt i den verkliga familjen von Trapps ursprungliga rum, inklusive Marias svit.<\/li>\n\n\n\n<li>  <strong>Hotel Sacher Salzburg:<\/strong> Detta ikoniska femstj\u00e4rniga hotell ligger direkt vid floden Salzachs strand och \u00e4r ut\u00f6ver den lyxiga servicen ber\u00f6mt f\u00f6r sitt helt perfekta kaf\u00e9 och utsikten \u00f6ver gamla stan.<\/li>\n\n\n\n<li>  <strong>Boutiquehotel Am Dom:<\/strong> Ett vackert designhotell hittar du direkt i det historiska centrumets hj\u00e4rta bredvid katedralen. Det \u00e4r exceptionellt tack vare sin varsamma blandning av historiska bj\u00e4lkar och modern italiensk design.<\/li>\n\n\n\n<li>  <strong>Hotel Goldgasse:<\/strong> Ett litet boutiquehotell g\u00f6mmer sig p\u00e5 den gr\u00e4nd med samma namn. Varje rum har olika motiv och de utm\u00e4rker sig framf\u00f6r allt genom perfekt omsorg om detaljerna och toppmodern renlighet.<\/li>\n\n\n\n<li>  <strong>IMLAUER Hotel Pitter:<\/strong> Ett st\u00f6rre modernt hotell ligger ett stenkast fr\u00e5n Mirabelltr\u00e4dg\u00e5rdarna. Det f\u00e5ngar dig framf\u00f6r allt med sin fantastiska takbar och restaurang med panoramautsikt \u00f6ver staden.<\/li>\n\n\n\n<li>  <strong>Motel One Salzburg-Mirabell:<\/strong> Ett p\u00e5litligt och prisv\u00e4rdare val ett stenkast fr\u00e5n floden. Det erbjuder moderna, om \u00e4n mindre rum, och fungerar utm\u00e4rkt som bas f\u00f6r att uppt\u00e4cka staden till fots.<\/li>\n\n\n<\/ul>\n\n\n\n<p class=\"wp-block-paragraph\">F\u00f6r att enkelt j\u00e4mf\u00f6ra aktuella priser och tillg\u00e4nglighet f\u00f6r alla dessa hotell <strong>rekommenderar jag att du anv\u00e4nder <a class=\"thirstylink\" rel=\"nofollow\" target=\"_blank\" title=\"Booking.com\" href=\"https:\/\/loudavymkrokem.cz\/doporucujeme\/booking-com\/\" data-shortcode=\"true\">Booking.com<\/a><\/strong>, d\u00e4r du \u00e4ven hittar detaljerade recensioner fr\u00e5n tidigare g\u00e4ster.<\/p>\n\n\n\n\n<figure data-wp-context=\"{&quot;imageId&quot;:&quot;6a9afcab0d048&quot;}\" data-wp-interactive=\"core\/image\" data-wp-key=\"6a9afcab0d048\" class=\"wp-block-image size-full wp-lightbox-container\"><img decoding=\"async\" width=\"1200\" height=\"800\" data-wp-class--hide=\"state.isContentHidden\" data-wp-class--show=\"state.isContentVisible\" data-wp-init=\"callbacks.setButtonStyles\" data-wp-on--click=\"actions.showLightbox\" data-wp-on--load=\"callbacks.setButtonStyles\" data-wp-on--pointerdown=\"actions.preloadImage\" data-wp-on--pointerenter=\"actions.preloadImageWithDelay\" data-wp-on--pointerleave=\"actions.cancelPreload\" data-wp-on-window--resize=\"callbacks.setButtonStyles\" src=\"https:\/\/loudavymkrokem.cz\/wp-content\/uploads\/2025\/05\/co-videt-v-salzburgu-72.jpg\" alt=\"Gr\u00e4nder i Salzburgs gamla stan\" class=\"wp-image-96634\" title=\"\" srcset=\"https:\/\/loudavymkrokem.cz\/wp-content\/uploads\/2025\/05\/co-videt-v-salzburgu-72.jpg 1200w, https:\/\/loudavymkrokem.cz\/wp-content\/uploads\/2025\/05\/co-videt-v-salzburgu-72-300x200.jpg 300w, https:\/\/loudavymkrokem.cz\/wp-content\/uploads\/2025\/05\/co-videt-v-salzburgu-72-700x467.jpg 700w, https:\/\/loudavymkrokem.cz\/wp-content\/uploads\/2025\/05\/co-videt-v-salzburgu-72-768x512.jpg 768w, https:\/\/loudavymkrokem.cz\/wp-content\/uploads\/2025\/05\/co-videt-v-salzburgu-72-696x464.jpg 696w\" sizes=\"(max-width: 1200px) 100vw, 1200px\" \/><button\n\t\t\tclass=\"lightbox-trigger\"\n\t\t\ttype=\"button\"\n\t\t\taria-haspopup=\"dialog\"\n\t\t\tdata-wp-bind--aria-label=\"state.thisImage.triggerButtonAriaLabel\"\n\t\t\tdata-wp-init=\"callbacks.initTriggerButton\"\n\t\t\tdata-wp-on--click=\"actions.showLightbox\"\n\t\t\tdata-wp-style--right=\"state.thisImage.buttonRight\"\n\t\t\tdata-wp-style--top=\"state.thisImage.buttonTop\"\n\t\t>\n\t\t\t<svg xmlns=\"http:\/\/www.w3.org\/2000\/svg\" width=\"12\" height=\"12\" fill=\"none\" viewBox=\"0 0 12 12\">\n\t\t\t\t<path fill=\"#fff\" d=\"M2 0a2 2 0 0 0-2 2v2h1.5V2a.5.5 0 0 1 .5-.5h2V0H2Zm2 10.5H2a.5.5 0 0 1-.5-.5V8H0v2a2 2 0 0 0 2 2h2v-1.5ZM8 12v-1.5h2a.5.5 0 0 0 .5-.5V8H12v2a2 2 0 0 1-2 2H8Zm2-12a2 2 0 0 1 2 2v2h-1.5V2a.5.5 0 0 0-.5-.5H8V0h2Z\" \/>\n\t\t\t<\/svg>\n\t\t<\/button><\/figure>\n\n\n\n<h2 class=\"wp-block-heading\"><span class=\"ez-toc-section\" id=\"Var_du_bor_ata\"><\/span>Var du b\u00f6r \u00e4ta<span class=\"ez-toc-section-end\"><\/span><\/h2>\n\n\n\n<p class=\"wp-block-paragraph\">Varning f\u00f6r alla som anl\u00e4nder i l\u00e4tta kl\u00e4der: det \u00f6sterrikiska k\u00f6ket sn\u00e5lar inte med portionerna. <strong>K\u00e4sesp\u00e4tzle<\/strong> (underbart tr\u00e5diga ostsp\u00e4tzle bestr\u00f6dda med stekt l\u00f6k) \u00e4r precis s\u00e5 osten och m\u00e4ktig som namnet antyder och m\u00e4ttar dig p\u00e5litligt f\u00f6r hela dagen. Och n\u00e4r det g\u00e4ller dessert \u00e4r den legendariska <strong>Salzburger Nockerl<\/strong> s\u00e5 stor att den l\u00e4tt skr\u00e4mmer dig redan innan f\u00f6rsta tuggan (dessutom bakas den i form av tre alptoppar). Utm\u00e4rkt \u00e4r ocks\u00e5 den traditionella pannkakssmulan Kaiserschmarrn med \u00e4ppelmos eller den klassiska \u00e4ppelstruteln.<\/p>\n\n\n\n<p class=\"wp-block-paragraph\">K\u00f6tt\u00e4lskare s\u00f6ker sig i de lokala restaurangerna vanligtvis efter den gigantiska <strong>wienerschnitzeln (Wiener Schnitzel) med potatissallad<\/strong> eller den traditionella bondekalaset Bauernschmaus, som \u00e4r en tallrik full av olika stekt och r\u00f6kt k\u00f6tt med surk\u00e5l och kn\u00f6del. Alla dessa lokala specialiteter serveras p\u00e5 den ber\u00f6mda restaurangen <strong>B\u00e4renwirt<\/strong>, som \u00e4r en av stadens \u00e4ldsta krogar och lagar otroligt hederlig mat.<\/p>\n\n\n\n<p class=\"wp-block-paragraph\">Om du s\u00f6ker en exceptionell upplevelse, f\u00f6rs\u00f6k boka bord p\u00e5 <strong>St. Peter Stiftskulinarium<\/strong>. Det p\u00e5st\u00e5s vara Europas allra \u00e4ldsta fungerande restaurang, den ligger direkt i klippk\u00e4llare och dess ur\u00e5ldriga atmosf\u00e4r har verkligen enorm charm. F\u00f6r eftermiddagskaffe och den ber\u00f6mda t\u00e5rtan ska du sedan bege dig till det historiska kaf\u00e9et <strong>Cafe Tomaselli<\/strong> p\u00e5 torget Alter Markt, dit Mozart sj\u00e4lv gick och drack kaffe. F\u00f6r en klassisk middag med utm\u00e4rkt lokalt \u00f6l och fantastisk atmosf\u00e4r rekommenderar jag det stora komplexet <strong>Sternbr\u00e4u<\/strong>, som erbjuder ett enormt urval av r\u00e4tter och en trevlig uteservering.<\/p>\n\n\n\n<h2 class=\"wp-block-heading\"><span class=\"ez-toc-section\" id=\"Snabbguide_filmplatserna_i_Salzburg_och_omgivningarna\"><\/span>Snabbguide: filmplatserna i Salzburg och omgivningarna<span class=\"ez-toc-section-end\"><\/span><\/h2>\n\n\n\n<p class=\"wp-block-paragraph\">F\u00f6r att du l\u00e4ttare ska hitta r\u00e4tt bland alla dessa platser har jag f\u00f6rberett en \u00f6versk\u00e5dlig tabell med de viktigaste filmplatserna.<\/p>\n\n\n\n<figure class=\"wp-block-table\"><table><thead><tr><th>Scen eller l\u00e5t<\/th><th>Verklig plats<\/th><th>Var det ligger<\/th><th>Tillg\u00e4nglighet<\/th><\/tr><\/thead>\n<tbody><tr><td>L\u00e5ten Do-Re-Mi (final)<\/td><td>Mirabelltr\u00e4dg\u00e5rdarna<\/td><td>Centrum, vid floden<\/td><td>Gratis, offentligt tillg\u00e4ngligt<\/td><\/tr>\n<tr><td>Maria l\u00e4mnar klostret<\/td><td>Klostret Nonnberg<\/td><td>P\u00e5 klippan ovanf\u00f6r gamla stan<\/td><td>G\u00e5rd och kapell gratis, resten st\u00e4ngt<\/td><\/tr>\n<tr><td>Sixteen Going on Seventeen<\/td><td>Glaspaviljongen<\/td><td>Parken vid slottet Hellbrunn<\/td><td>Park gratis, paviljong l\u00e5st<\/td><\/tr>\n<tr><td>Barnen faller av b\u00e5ten<\/td><td>Schloss Leopoldskron<\/td><td>S\u00f6dra utkanten av Salzburg<\/td><td>Endast tillg\u00e4ngligt f\u00f6r hotellg\u00e4ster<\/td><\/tr>\n<tr><td>Ankomsten till villan (porten)<\/td><td>Schloss Frohnburg<\/td><td>Vid Hellbrunner Allee<\/td><td>Otillg\u00e4ngligt (musikuniversitet)<\/td><\/tr>\n<tr><td>G\u00f6mst\u00e4lle f\u00f6re flykten<\/td><td>Felsenreitschule<\/td><td>Stadens centrum<\/td><td>Guidade visningar med guide<\/td><\/tr>\n<tr><td>L\u00e5ten I Have Confidence<\/td><td>Residenzplatz och font\u00e4nen<\/td><td>Hj\u00e4rtat av gamla stan<\/td><td>Gratis, offentligt tillg\u00e4ngligt<\/td><\/tr>\n<tr><td>Br\u00f6llopsceremonin<\/td><td>Sankt Mikaels basilika<\/td><td>Lilla staden Mondsee (30 km)<\/td><td>Gratis, offentligt tillg\u00e4ngligt<\/td><\/tr>\n<tr><td>Inledningsl\u00e5ten p\u00e5 \u00e4ngen<\/td><td>The Sound of Music Trail<\/td><td>Lilla staden Werfen (40 km)<\/td><td>Gratis l\u00e4ngs vandringsleden<\/td><\/tr>\n<\/tbody><\/table><\/figure>\n\n\n\n<h2 class=\"wp-block-heading\"><span class=\"ez-toc-section\" id=\"Vart_harnast\"><\/span>Vart h\u00e4rn\u00e4st<span class=\"ez-toc-section-end\"><\/span><\/h2>\n\n\n\n<p class=\"wp-block-paragraph\">Om de \u00f6sterrikiska sceneriena f\u00e4ngslade dig beh\u00f6ver du absolut inte stanna kvar bara i Salzburg. Hela Salzkammergut-omr\u00e5det, till vilket Salzburg utg\u00f6r den symboliska ing\u00e5ngsporten, erbjuder ett o\u00e4ndligt antal underbara utflykter. De kristallklara <a href=\"https:\/\/loudavymkrokem.cz\/sv\/osterrikes-sjoar-basta-platser\/\">\u00f6sterrikiska sj\u00f6arna<\/a> ligger bara n\u00e5gra tiotals minuters bilf\u00e4rd bort och erbjuder perfekt sommarsvalka och h\u00e4nf\u00f6rande bergspanoraman.<\/p>\n\n\n\n<p class=\"wp-block-paragraph\">Om du planerar en l\u00e4ngre semester och vill l\u00e4ra k\u00e4nna landet p\u00e5 riktigt, titta p\u00e5 v\u00e5r detaljerade <a href=\"https:\/\/loudavymkrokem.cz\/sv\/roadtrip-osterrike-14-dagar\/\">roadtrip genom \u00d6sterrike: 14-dagars resplan<\/a>, som tar dig fr\u00e5n Wien \u00f6ver Alperna \u00e4nda till de vackraste h\u00f6galpina passen. \u00d6sterrike \u00e4r kort sagt ett land som erbjuder mycket mer \u00e4n de flesta tror innan avresan.<\/p>\n\n\n\n\n<p class=\"wp-block-paragraph\">Den h\u00e4r artikeln fokuserar p\u00e5 filmplatserna. Om du s\u00f6ker en klassisk stadsguide med f\u00e4stningen, Mozarts f\u00f6delsehus, katedralen och tips p\u00e5 utflykter i omgivningarna, kika p\u00e5 <a href=\"https:\/\/loudavymkrokem.cz\/sv\/salzburg-sevardheter-tips\/\">Salzburg: 23 tips p\u00e5 vad du b\u00f6r se<\/a>.<\/p>\n\n\n\n<h2 class=\"wp-block-heading\"><span class=\"ez-toc-section\" id=\"Vanliga_fragor\"><\/span>Vanliga fr\u00e5gor<span class=\"ez-toc-section-end\"><\/span><\/h2>\n\n\n\n<p class=\"wp-block-paragraph\">N\u00e4r man planerar en s\u00e5dan h\u00e4r resa dyker det alltid upp massor av praktiska fr\u00e5gor. D\u00e4rf\u00f6r har jag f\u00f6rberett snabba svar p\u00e5 de vanligaste fr\u00e5gorna, oavsett om det handlar om intr\u00e4den till sev\u00e4rdheterna eller om att resa runt i omgivningarna.<\/p>\n\n\n<div id=\"rank-math-faq\" class=\"rank-math-block\">\n<div class=\"rank-math-list \">\n<div id=\"faq-question-1785261183000\" class=\"rank-math-list-item\">\n<h3 class=\"rank-math-question \"><span class=\"ez-toc-section\" id=\"Gar_det_att_ga_in_i_det_beromda_filmlustuset\"><\/span>G\u00e5r det att g\u00e5 in i det ber\u00f6mda filmlustuset?<span class=\"ez-toc-section-end\"><\/span><\/h3>\n<div class=\"rank-math-answer \">\n\n<p>Tyv\u00e4rr \u00e4r det inte l\u00e4ngre m\u00f6jligt. Av s\u00e4kerhetssk\u00e4l har staden l\u00e5st lustuset permanent, eftersom en turist skadade sig vid f\u00f6rs\u00f6k att efterlikna dansr\u00f6relserna fr\u00e5n filmen. Du kan dock se det n\u00e4ra h\u00e5ll och fotografera det i parken vid slottet Hellbrunn.<\/p>\n\n<\/div>\n<\/div>\n<div id=\"faq-question-1785261183001\" class=\"rank-math-list-item\">\n<h3 class=\"rank-math-question \"><span class=\"ez-toc-section\" id=\"Var_stod_den_verkliga_villan_som_tillhorde_familjen_von_Trapp\"><\/span>Var stod den verkliga villan som tillh\u00f6rde familjen von Trapp?<span class=\"ez-toc-section-end\"><\/span><\/h3>\n<div class=\"rank-math-answer \">\n\n<p>Den verkliga Villa Trapp ligger i stadsdelen Aigen (Traunstra\u00dfe 34). Idag fungerar den som ett underbart boutiquehotell, d\u00e4r du kan boka en vistelse och sova i familjens ursprungliga rum, inklusive Marias l\u00e4genhet.<\/p>\n\n<\/div>\n<\/div>\n<div id=\"faq-question-1785261183002\" class=\"rank-math-list-item\">\n<h3 class=\"rank-math-question \"><span class=\"ez-toc-section\" id=\"Vad_kostar_en_organiserad_Sound_of_Music-turne\"><\/span>Vad kostar en organiserad Sound of Music-turn\u00e9?<span class=\"ez-toc-section-end\"><\/span><\/h3>\n<div class=\"rank-math-answer \">\n\n<p>Den klassiska bussturen, som tar dig till de viktigaste platserna i Salzburg och till sj\u00f6omr\u00e5det, varar cirka fyra timmar. Priset ligger fr\u00e5n 87 amerikanska dollar, vilket motsvarar drygt 950 kr per person.<\/p>\n\n<\/div>\n<\/div>\n<div id=\"faq-question-1785261183003\" class=\"rank-math-list-item\">\n<h3 class=\"rank-math-question \"><span class=\"ez-toc-section\" id=\"Behover_jag_motorvagsvinjett_till_Osterrike\"><\/span>Beh\u00f6ver jag motorv\u00e4gsvinjett till \u00d6sterrike?<span class=\"ez-toc-section-end\"><\/span><\/h3>\n<div class=\"rank-math-answer \">\n\n<p>Ja, \u00f6sterrikisk motorv\u00e4gsvinjett \u00e4r absolut obligatorisk f\u00f6r k\u00f6rning p\u00e5 motorv\u00e4gar. Om du planerar att k\u00f6ra fr\u00e5n Sverige via Tyskland eller direkt fr\u00e5n s\u00f6dra Sverige genom Europa, gl\u00f6m inte att k\u00f6pa den helst i f\u00f6rv\u00e4g online p\u00e5 ASFINAGs officiella webbplats.<\/p>\n\n<\/div>\n<\/div>\n<div id=\"faq-question-1785261183004\" class=\"rank-math-list-item\">\n<h3 class=\"rank-math-question \"><span class=\"ez-toc-section\" id=\"Ar_klostret_Nonnberg_en_vanlig_turistattraktion\"><\/span>\u00c4r klostret Nonnberg en vanlig turistattraktion?<span class=\"ez-toc-section-end\"><\/span><\/h3>\n<div class=\"rank-math-answer \">\n\n<p>Nej, det \u00e4r fortfarande ett fungerande hem f\u00f6r benediktinska nunnor. Endast den yttre pittoreska g\u00e5rden och det historiska kapellet \u00e4r fritt tillg\u00e4ngliga. Vid bes\u00f6k kr\u00e4vs strikt tyst beteende och l\u00e4mplig kl\u00e4dsel som t\u00e4cker axlarna.<\/p>\n\n<\/div>\n<\/div>\n<div id=\"faq-question-1785261183005\" class=\"rank-math-list-item\">\n<h3 class=\"rank-math-question \"><span class=\"ez-toc-section\" id=\"Kan_jag_besoka_slottet_Leopoldskron\"><\/span>Kan jag bes\u00f6ka slottet Leopoldskron?<span class=\"ez-toc-section-end\"><\/span><\/h3>\n<div class=\"rank-math-answer \">\n\n<p>F\u00f6r allm\u00e4nheten \u00e4r slottet och dess tr\u00e4dg\u00e5rd st\u00e4ngda. Inuti fungerar ett privat lyxhotell och konferenscenter. F\u00f6r att komma in och se den ber\u00f6mda terrassen vid sj\u00f6n m\u00e5ste du boka boende h\u00e4r eller delta i ett betalt evenemang.<\/p>\n\n<\/div>\n<\/div>\n<div id=\"faq-question-1785261183006\" class=\"rank-math-list-item\">\n<h3 class=\"rank-math-question \"><span class=\"ez-toc-section\" id=\"Vart_flydde_familjen_i_verkligheten\"><\/span>Vart flydde familjen i verkligheten?<span class=\"ez-toc-section-end\"><\/span><\/h3>\n<div class=\"rank-math-answer \">\n\n<p>Till skillnad fr\u00e5n filmen flydde de inte dramatiskt till fots \u00f6ver h\u00f6ga berg, eftersom det skulle ha lett dem rakt in i nazistiska Tyskland. Den verkliga familjen l\u00e5ste helt enkelt sitt hus, gick till h\u00e5llplatsen Aigen och \u00e5kte t\u00e5g mot Italien.<\/p>\n\n<\/div>\n<\/div>\n<div id=\"faq-question-1785261183007\" class=\"rank-math-list-item\">\n<h3 class=\"rank-math-question \"><span class=\"ez-toc-section\" id=\"Nar_ar_basta_tiden_att_besoka_Salzburg\"><\/span>N\u00e4r \u00e4r b\u00e4sta tiden att bes\u00f6ka Salzburg?<span class=\"ez-toc-section-end\"><\/span><\/h3>\n<div class=\"rank-math-answer \">\n\n<p>F\u00f6r att bes\u00f6ka filmplatser och tr\u00e4dg\u00e5rdar \u00e4r den idealiska perioden fr\u00e5n maj till september. Adventstiden \u00e4r ocks\u00e5 mycket popul\u00e4r tack vare de vackra marknaderna. Undvik d\u00e4remot juli och augusti, n\u00e4r staden \u00e4r v\u00e4rd f\u00f6r en enorm festival och priserna p\u00e5 boende \u00e4r extremt h\u00f6ga.<\/p>\n\n<\/div>\n<\/div>\n<\/div>\n<\/div>","protected":false},"excerpt":{"rendered":"<p>F\u00f6lj med oss till Salzburg i \u00d6sterrike i musikalen Sound of Musics fotsp\u00e5r och uppt\u00e4ck platserna d\u00e4r filmillusionen slutar och den fascinerande verkligheten b\u00f6rjar.<\/p>\n","protected":false},"author":3,"featured_media":350851,"comment_status":"open","ping_status":"open","sticky":false,"template":"","format":"standard","meta":{"_acf_changed":false,"footnotes":"","rank_math_title":"Salzburg \u00d6sterrike: 11 Sound of Music-platser 2026","rank_math_description":"Uppt\u00e4ck 11 filmplatser fr\u00e5n Sound of Music i Salzburg, \u00d6sterrike. Se var filmen m\u00f6ter verkligheten och planera din resa redan idag \u2013 f\u00f6lj med oss!","rank_math_focus_keyword":"salzburg \u00f6sterrike","rank_math_seo_score":""},"categories":[1178,1201,1162],"tags":[],"class_list":["post-409786","post","type-post","status-publish","format-standard","has-post-thumbnail","category-europa","category-osterrike","category-resor"],"acf":[],"featured_image_src":"https:\/\/loudavymkrokem.cz\/wp-content\/uploads\/2026\/07\/pevnost-1.jpg","author_info":{"display_name":"Lucie Kone\u010dn\u00e1","author_link":"https:\/\/loudavymkrokem.cz\/sv\/author\/lucie-konecna\/"},"_links":{"self":[{"href":"https:\/\/loudavymkrokem.cz\/sv\/wp-json\/wp\/v2\/posts\/409786","targetHints":{"allow":["GET"]}}],"collection":[{"href":"https:\/\/loudavymkrokem.cz\/sv\/wp-json\/wp\/v2\/posts"}],"about":[{"href":"https:\/\/loudavymkrokem.cz\/sv\/wp-json\/wp\/v2\/types\/post"}],"author":[{"embeddable":true,"href":"https:\/\/loudavymkrokem.cz\/sv\/wp-json\/wp\/v2\/users\/3"}],"replies":[{"embeddable":true,"href":"https:\/\/loudavymkrokem.cz\/sv\/wp-json\/wp\/v2\/comments?post=409786"}],"version-history":[{"count":0,"href":"https:\/\/loudavymkrokem.cz\/sv\/wp-json\/wp\/v2\/posts\/409786\/revisions"}],"wp:featuredmedia":[{"embeddable":true,"href":"https:\/\/loudavymkrokem.cz\/sv\/wp-json\/wp\/v2\/media\/350851"}],"wp:attachment":[{"href":"https:\/\/loudavymkrokem.cz\/sv\/wp-json\/wp\/v2\/media?parent=409786"}],"wp:term":[{"taxonomy":"category","embeddable":true,"href":"https:\/\/loudavymkrokem.cz\/sv\/wp-json\/wp\/v2\/categories?post=409786"},{"taxonomy":"post_tag","embeddable":true,"href":"https:\/\/loudavymkrokem.cz\/sv\/wp-json\/wp\/v2\/tags?post=409786"}],"curies":[{"name":"wp","href":"https:\/\/api.w.org\/{rel}","templated":true}]}}