{"id":277011,"date":"2026-06-30T02:00:00","date_gmt":"2026-06-30T00:00:00","guid":{"rendered":"https:\/\/loudavymkrokem.cz\/?p=277011"},"modified":"2026-09-02T06:36:13","modified_gmt":"2026-09-02T04:36:13","slug":"skidorter-franska-alperna","status":"publish","type":"post","link":"https:\/\/loudavymkrokem.cz\/sv\/skidorter-franska-alperna\/","title":{"rendered":"Skidorter i franska alperna: 12 b\u00e4sta f\u00f6r 2026"},"content":{"rendered":"\n<!-- lk-tldr -->\n<div class=\"lk-tldr\" style=\"background:#f7f5f0;border-left:4px solid #c39f76;border-radius:0 10px 10px 0;padding:14px 18px;margin:0 0 26px;font-size:15px;line-height:1.65;\"><strong style=\"display:block;font-size:12px;text-transform:uppercase;letter-spacing:.06em;color:#a9885a;margin-bottom:5px;\">TL;DR<\/strong>De b\u00e4sta skidorterna i franska alperna f\u00f6r 2026 samlas i tolv tips, d\u00e4r omr\u00e5det <strong>Les Trois Vall\u00e9es<\/strong> med 600 kilometer sammanl\u00e4nkade pister leder som v\u00e4rldens st\u00f6rsta skidomr\u00e5de och <strong>Val Thorens<\/strong> som Europas h\u00f6gst bel\u00e4gna ort p\u00e5 2300 meter med s\u00e4song fr\u00e5n 6 december till 17 april 2025\/2026. Bland \u00f6vriga tips finns lyxiga <strong>Courchevel<\/strong>, romantiska M\u00e9ribel, freerideparadiset Espace Killy (Tignes och Val d&#x27;Is\u00e8re, 300 km pister) samt Chamonix-Mont-Blanc med linbanan upp till Aiguille du Midi (3842 m, tur och retur 81\u201383 euro, terrassen st\u00e4ngd fr\u00e5n 25 maj 2026 i 4\u20135 veckor). Ett sexdagars skidpass i Trois Vall\u00e9es kostar 368 euro, den b\u00e4sta m\u00e5naden f\u00f6r skid\u00e5kning \u00e4r mars och f\u00f6r sommarvandringar september, och leden Tour du Mont Blanc \u00e4r 170 kilometer l\u00e5ng med hyttbokningar som m\u00e5ste g\u00f6ras ett \u00e5r i f\u00f6rv\u00e4g.<\/div>\n<!-- \/lk-tldr -->\n\n\n\n<!-- lk-navbar -->\n<div class=\"lk-navbar\" style=\"margin:0 0 28px;\"><div style=\"font-size:12px;text-transform:uppercase;letter-spacing:.06em;color:#a9885a;font-weight:700;margin-bottom:9px;\">Snabbl\u00e4nkar<\/div><div style=\"display:flex;flex-wrap:wrap;gap:9px;\"><a href=\"#Var_du_bor_i_franska_alperna\" style=\"background:#c39f76;color:#fff;border:1px solid #c39f76;padding:9px 15px;border-radius:22px;font-size:14px;font-weight:700;text-decoration:none;display:inline-block;line-height:1;\">\ud83d\udccd Var du bor<\/a><a href=\"#12_tips_pa_saker_att_se_och_gora_i_franska_alperna\" style=\"background:#c39f76;color:#fff;border:1px solid #c39f76;padding:9px 15px;border-radius:22px;font-size:14px;font-weight:700;text-decoration:none;display:inline-block;line-height:1;\">\u2b50 Att se<\/a><a href=\"#Nar_du_ska_aka_till_franska_alperna\" style=\"background:#fff;color:#6b5a44;border:1px solid #e2d6c1;padding:9px 15px;border-radius:22px;font-size:14px;font-weight:600;text-decoration:none;display:inline-block;line-height:1;\">\u2600\ufe0f N\u00e4r du ska \u00e5ka<\/a><a href=\"#Vidare_fran_franska_alperna\" style=\"background:#fff;color:#6b5a44;border:1px solid #e2d6c1;padding:9px 15px;border-radius:22px;font-size:14px;font-weight:600;text-decoration:none;display:inline-block;line-height:1;\">\ud83e\udded Omgivningen<\/a><a href=\"#Vanliga_fragor\" style=\"background:#fff;color:#6b5a44;border:1px solid #e2d6c1;padding:9px 15px;border-radius:22px;font-size:14px;font-weight:600;text-decoration:none;display:inline-block;line-height:1;\">\u2753 FAQ<\/a><\/div><\/div>\n<!-- \/lk-navbar -->\n\n\n\n\n<p class=\"wp-block-paragraph\"><strong>Franska alperna \u00e4r ingen vanlig kuliss<\/strong> f\u00f6r vinterlekar, utan en egen och lite k\u00e4rv v\u00e4rld som helt slukar dig med sin kompromissl\u00f6sa sk\u00f6nhet. H\u00e4r st\u00e5r du p\u00e5 tr\u00f6skeln till V\u00e4steuropas h\u00f6gsta berg, d\u00e4r du p\u00e5 morgonen kan st\u00e5 p\u00e5 en klipptopp n\u00e4stan fyra tusen meter upp och p\u00e5 eftermiddagen fascinerat <strong>se de sm\u00e4ltande glaci\u00e4rerna dala ner i dalen<\/strong>.<\/p>\n\n\n\n<p class=\"wp-block-paragraph\">Det h\u00e4r \u00e4r helt enkelt en region av ytterligheter, och fransm\u00e4nnen tar sig an bergen med en ingenj\u00f6rsm\u00e4ssig fr\u00e4ckhet som \u00e4r typisk f\u00f6r dem. D\u00e4r man p\u00e5 andra st\u00e4llen skulle bygga en liten tr\u00e4stuga bygger man i Frankrike ett <strong>gigantiskt n\u00e4tverk av linbanor som binder samman hela dalar<\/strong>. Resultatet \u00e4r v\u00e4rldens st\u00f6rsta skid\u00e5kningsomr\u00e5de, legendariska l\u00e5ngvandringar och v\u00e4gar d\u00e4r v\u00e4rldscyklingens historia skrivs varje sommar. Jag har f\u00f6rberett <strong>12 tips p\u00e5 saker att se och g\u00f6ra i franska alperna<\/strong> s\u00e5 att du kan njuta av den h\u00e4r majest\u00e4tiska destinationen till hundra procent. Du f\u00e5r veta var du bor strategiskt, vad skidpassen kostar f\u00f6r 2026 och vad du b\u00f6r se upp mest med n\u00e4r du planerar resan.<\/p>\n\n\n\n<div id=\"ez-toc-container\" class=\"ez-toc-v2_0_87 ez-toc-wrap-left counter-hierarchy ez-toc-counter ez-toc-grey ez-toc-container-direction\">\n<div class=\"ez-toc-title-container\">\n<p class=\"ez-toc-title\" style=\"cursor:inherit\">Artikelns inneh\u00e5ll<\/p>\n<span class=\"ez-toc-title-toggle\"><a href=\"#\" class=\"ez-toc-pull-right ez-toc-btn ez-toc-btn-xs ez-toc-btn-default ez-toc-toggle\" aria-label=\"Toggle Table of Content\"><span class=\"ez-toc-js-icon-con\"><span class=\"\"><span class=\"eztoc-hide\" style=\"display:none;\">Toggle<\/span><span class=\"ez-toc-icon-toggle-span\"><svg style=\"fill: #999;color:#999\" xmlns=\"http:\/\/www.w3.org\/2000\/svg\" class=\"list-377408\" width=\"20px\" height=\"20px\" viewBox=\"0 0 24 24\" fill=\"none\"><path d=\"M6 6H4v2h2V6zm14 0H8v2h12V6zM4 11h2v2H4v-2zm16 0H8v2h12v-2zM4 16h2v2H4v-2zm16 0H8v2h12v-2z\" fill=\"currentColor\"><\/path><\/svg><svg style=\"fill: #999;color:#999\" class=\"arrow-unsorted-368013\" xmlns=\"http:\/\/www.w3.org\/2000\/svg\" width=\"10px\" height=\"10px\" viewBox=\"0 0 24 24\" version=\"1.2\" baseProfile=\"tiny\"><path d=\"M18.2 9.3l-6.2-6.3-6.2 6.3c-.2.2-.3.4-.3.7s.1.5.3.7c.2.2.4.3.7.3h11c.3 0 .5-.1.7-.3.2-.2.3-.5.3-.7s-.1-.5-.3-.7zM5.8 14.7l6.2 6.3 6.2-6.3c.2-.2.3-.5.3-.7s-.1-.5-.3-.7c-.2-.2-.4-.3-.7-.3h-11c-.3 0-.5.1-.7.3-.2.2-.3.5-.3.7s.1.5.3.7z\"\/><\/svg><\/span><\/span><\/span><\/a><\/span><\/div>\n<nav><ul class='ez-toc-list ez-toc-list-level-1 ' ><ul class='ez-toc-list-level-3' ><li class='ez-toc-heading-level-3'><a class=\"ez-toc-link ez-toc-heading-1\" href=\"https:\/\/loudavymkrokem.cz\/sv\/skidorter-franska-alperna\/#Sammanfattning_for_dig_som_inte_hinner_lasa_hela_artikeln\" >Sammanfattning f\u00f6r dig som inte hinner l\u00e4sa hela artikeln<\/a><\/li><\/ul><\/li><li class='ez-toc-page-1 ez-toc-heading-level-2'><a class=\"ez-toc-link ez-toc-heading-2\" href=\"https:\/\/loudavymkrokem.cz\/sv\/skidorter-franska-alperna\/#Nar_du_ska_aka_till_franska_alperna\" >N\u00e4r du ska \u00e5ka till franska alperna<\/a><\/li><li class='ez-toc-page-1 ez-toc-heading-level-2'><a class=\"ez-toc-link ez-toc-heading-3\" href=\"https:\/\/loudavymkrokem.cz\/sv\/skidorter-franska-alperna\/#Var_du_bor_i_franska_alperna\" >Var du bor i franska alperna<\/a><\/li><li class='ez-toc-page-1 ez-toc-heading-level-2'><a class=\"ez-toc-link ez-toc-heading-4\" href=\"https:\/\/loudavymkrokem.cz\/sv\/skidorter-franska-alperna\/#12_tips_pa_saker_att_se_och_gora_i_franska_alperna\" >12 tips p\u00e5 saker att se och g\u00f6ra i franska alperna<\/a><ul class='ez-toc-list-level-3' ><li class='ez-toc-heading-level-3'><a class=\"ez-toc-link ez-toc-heading-5\" href=\"https:\/\/loudavymkrokem.cz\/sv\/skidorter-franska-alperna\/#1_Val_Thorens_som_Europas_hogst_belagna_skidort\" >1. Val Thorens som Europas h\u00f6gst bel\u00e4gna skidort<\/a><\/li><li class='ez-toc-page-1 ez-toc-heading-level-3'><a class=\"ez-toc-link ez-toc-heading-6\" href=\"https:\/\/loudavymkrokem.cz\/sv\/skidorter-franska-alperna\/#2_Les_Trois_Vallees_%E2%80%93_ak_igenom_varldens_storsta_skidomrade\" >2. Les Trois Vall\u00e9es \u2013 \u00e5k igenom v\u00e4rldens st\u00f6rsta skidomr\u00e5de<\/a><\/li><li class='ez-toc-page-1 ez-toc-heading-level-3'><a class=\"ez-toc-link ez-toc-heading-7\" href=\"https:\/\/loudavymkrokem.cz\/sv\/skidorter-franska-alperna\/#3_Courchevel_och_en_inblick_i_den_absoluta_lyxens_varld\" >3. Courchevel och en inblick i den absoluta lyxens v\u00e4rld<\/a><\/li><li class='ez-toc-page-1 ez-toc-heading-level-3'><a class=\"ez-toc-link ez-toc-heading-8\" href=\"https:\/\/loudavymkrokem.cz\/sv\/skidorter-franska-alperna\/#4_Meribel_bjuder_pa_romantik_i_tra_mitt_i_bergen\" >4. M\u00e9ribel bjuder p\u00e5 romantik i tr\u00e4 mitt i bergen<\/a><\/li><li class='ez-toc-page-1 ez-toc-heading-level-3'><a class=\"ez-toc-link ez-toc-heading-9\" href=\"https:\/\/loudavymkrokem.cz\/sv\/skidorter-franska-alperna\/#5_Tignes_och_Val_dIsere_gommer_freerideparadiset_Espace_Killy\" >5. Tignes och Val d&#8217;Is\u00e8re g\u00f6mmer freerideparadiset Espace Killy<\/a><\/li><li class='ez-toc-page-1 ez-toc-heading-level-3'><a class=\"ez-toc-link ez-toc-heading-10\" href=\"https:\/\/loudavymkrokem.cz\/sv\/skidorter-franska-alperna\/#6_Alpe_dHuez_och_de_legendariska_21_cykelkurvorna\" >6. Alpe d&#8217;Huez och de legendariska 21 cykelkurvorna<\/a><\/li><li class='ez-toc-page-1 ez-toc-heading-level-3'><a class=\"ez-toc-link ez-toc-heading-11\" href=\"https:\/\/loudavymkrokem.cz\/sv\/skidorter-franska-alperna\/#7_Les_Deux_Alpes_och_dess_upp-och-nedvanda_glaciar\" >7. Les Deux Alpes och dess upp-och-nedv\u00e4nda glaci\u00e4r<\/a><\/li><li class='ez-toc-page-1 ez-toc-heading-level-3'><a class=\"ez-toc-link ez-toc-heading-12\" href=\"https:\/\/loudavymkrokem.cz\/sv\/skidorter-franska-alperna\/#8_La_Plagne_och_Les_Arcs_sammanslagna_i_jattelika_Paradiski\" >8. La Plagne och Les Arcs sammanslagna i j\u00e4ttelika Paradiski<\/a><\/li><li class='ez-toc-page-1 ez-toc-heading-level-3'><a class=\"ez-toc-link ez-toc-heading-13\" href=\"https:\/\/loudavymkrokem.cz\/sv\/skidorter-franska-alperna\/#9_Chamonix-Mont-Blanc_som_ett_pulserande_mecka_for_alpinism\" >9. Chamonix-Mont-Blanc som ett pulserande mecka f\u00f6r alpinism<\/a><\/li><li class='ez-toc-page-1 ez-toc-heading-level-3'><a class=\"ez-toc-link ez-toc-heading-14\" href=\"https:\/\/loudavymkrokem.cz\/sv\/skidorter-franska-alperna\/#10_Aiguille_du_Midi_ar_biljetten_till_stratosfaren\" >10. Aiguille du Midi \u00e4r biljetten till stratosf\u00e4ren<\/a><\/li><li class='ez-toc-page-1 ez-toc-heading-level-3'><a class=\"ez-toc-link ez-toc-heading-15\" href=\"https:\/\/loudavymkrokem.cz\/sv\/skidorter-franska-alperna\/#11_Mer_de_Glace_berattar_den_sorgliga_historien_om_en_smaltande_glaciar\" >11. Mer de Glace ber\u00e4ttar den sorgliga historien om en sm\u00e4ltande glaci\u00e4r<\/a><\/li><li class='ez-toc-page-1 ez-toc-heading-level-3'><a class=\"ez-toc-link ez-toc-heading-16\" href=\"https:\/\/loudavymkrokem.cz\/sv\/skidorter-franska-alperna\/#12_Tour_du_Mont_Blanc_ar_den_ultimata_kungen_bland_langvandringar\" >12. Tour du Mont Blanc \u00e4r den ultimata kungen bland l\u00e5ngvandringar<\/a><\/li><\/ul><\/li><li class='ez-toc-page-1 ez-toc-heading-level-2'><a class=\"ez-toc-link ez-toc-heading-17\" href=\"https:\/\/loudavymkrokem.cz\/sv\/skidorter-franska-alperna\/#Vidare_fran_franska_alperna\" >Vidare fr\u00e5n franska alperna<\/a><\/li><li class='ez-toc-page-1 ez-toc-heading-level-2'><a class=\"ez-toc-link ez-toc-heading-18\" href=\"https:\/\/loudavymkrokem.cz\/sv\/skidorter-franska-alperna\/#Vanliga_fragor\" >Vanliga fr\u00e5gor<\/a><ul class='ez-toc-list-level-3' ><li class='ez-toc-heading-level-3'><a class=\"ez-toc-link ez-toc-heading-19\" href=\"https:\/\/loudavymkrokem.cz\/sv\/skidorter-franska-alperna\/#Hur_mycket_kostar_ett_skidpass_i_Franska_Alperna\" >Hur mycket kostar ett skidpass i Franska Alperna?<\/a><\/li><li class='ez-toc-page-1 ez-toc-heading-level-3'><a class=\"ez-toc-link ez-toc-heading-20\" href=\"https:\/\/loudavymkrokem.cz\/sv\/skidorter-franska-alperna\/#Vad_ar_den_basta_vagen_med_bil_fran_Sverige\" >Vad \u00e4r den b\u00e4sta v\u00e4gen med bil fr\u00e5n Sverige?<\/a><\/li><li class='ez-toc-page-1 ez-toc-heading-level-3'><a class=\"ez-toc-link ez-toc-heading-21\" href=\"https:\/\/loudavymkrokem.cz\/sv\/skidorter-franska-alperna\/#Nar_ar_snon_bast_for_skidakning\" >N\u00e4r \u00e4r sn\u00f6n b\u00e4st f\u00f6r skid\u00e5kning?<\/a><\/li><li class='ez-toc-page-1 ez-toc-heading-level-3'><a class=\"ez-toc-link ez-toc-heading-22\" href=\"https:\/\/loudavymkrokem.cz\/sv\/skidorter-franska-alperna\/#Nar_oppnar_bokningarna_for_sommarvandringen_Tour_du_Mont_Blanc\" >N\u00e4r \u00f6ppnar bokningarna f\u00f6r sommarvandringen Tour du Mont Blanc?<\/a><\/li><li class='ez-toc-page-1 ez-toc-heading-level-3'><a class=\"ez-toc-link ez-toc-heading-23\" href=\"https:\/\/loudavymkrokem.cz\/sv\/skidorter-franska-alperna\/#Behover_jag_en_miljomarkning_for_bilen_i_de_franska_bergen\" >Beh\u00f6ver jag en milj\u00f6m\u00e4rkning f\u00f6r bilen i de franska bergen?<\/a><\/li><li class='ez-toc-page-1 ez-toc-heading-level-3'><a class=\"ez-toc-link ez-toc-heading-24\" href=\"https:\/\/loudavymkrokem.cz\/sv\/skidorter-franska-alperna\/#Kommer_utsiktsplatsen_Aiguille_du_Midi_att_vara_oppen_hela_2026\" >Kommer utsiktsplatsen Aiguille du Midi att vara \u00f6ppen hela 2026?<\/a><\/li><li class='ez-toc-page-1 ez-toc-heading-level-3'><a class=\"ez-toc-link ez-toc-heading-25\" href=\"https:\/\/loudavymkrokem.cz\/sv\/skidorter-franska-alperna\/#Nar_aker_Tour_de_France_2026_genom_Alperna\" >N\u00e4r \u00e5ker Tour de France 2026 genom Alperna?<\/a><\/li><li class='ez-toc-page-1 ez-toc-heading-level-3'><a class=\"ez-toc-link ez-toc-heading-26\" href=\"https:\/\/loudavymkrokem.cz\/sv\/skidorter-franska-alperna\/#Gar_det_att_aka_skidor_i_Frankrike_aven_pa_sommaren\" >G\u00e5r det att \u00e5ka skidor i Frankrike \u00e4ven p\u00e5 sommaren?<\/a><\/li><\/ul><\/li><\/ul><\/nav><\/div>\n<h3 class=\"wp-block-heading\"><span class=\"ez-toc-section\" id=\"Sammanfattning_for_dig_som_inte_hinner_lasa_hela_artikeln\"><\/span>Sammanfattning f\u00f6r dig som inte hinner l\u00e4sa hela artikeln<span class=\"ez-toc-section-end\"><\/span><\/h3>\n\n\n\n<ul class=\"wp-block-list\">\n<li><strong>Planetens st\u00f6rsta skidomr\u00e5de:<\/strong> Omr\u00e5det Les Trois Vall\u00e9es erbjuder otroliga 600 kilometer sammanl\u00e4nkade pister p\u00e5 ett enda skidpass.<\/li>\n\n\n\n<li><strong>Europas h\u00f6gsta ort:<\/strong> I Val Thorens ligger sn\u00f6n fr\u00e5n november till maj och det \u00e4r en enorm favorit f\u00f6r v\u00e5rskid\u00e5kning.<\/li>\n\n\n\n<li><strong>Alpinismens mecka:<\/strong> Chamonix \u00e4r ingen typisk skidort utan ett pulserande basl\u00e4ger f\u00f6r bergskl\u00e4ttrare precis under Mont Blanc.<\/li>\n\n\n\n<li><strong>Utflykt till stratosf\u00e4ren:<\/strong> Linbanan upp till Aiguille du Midi tar dig till 3842 meter, men i maj och juni 2026 renoveras huvudterrassen.<\/li>\n\n\n\n<li><strong>Sommarextrem:<\/strong> Om du \u00e4lskar cykling ska du anteckna juli 2026 i kalendern, d\u00e5 Tour de France-pelotonen hela tv\u00e5 g\u00e5nger tar sig upp f\u00f6r de legendariska 21 kurvorna p\u00e5 Alpe d&#8217;Huez.<\/li>\n\n\n\n<li><strong>Kungen bland vandringsleder:<\/strong> Tour du Mont Blanc \u00e4r 170 kilometer l\u00e5ng och du m\u00e5ste boka bergshyttorna redan ett \u00e5r i f\u00f6rv\u00e4g.<\/li>\n<\/ul>\n\n\n\n<figure data-wp-context=\"{&quot;imageId&quot;:&quot;6a9adae7a1b0b&quot;}\" data-wp-interactive=\"core\/image\" data-wp-key=\"6a9adae7a1b0b\" class=\"wp-block-image size-full wp-lightbox-container\"><img decoding=\"async\" width=\"1920\" height=\"444\" data-wp-class--hide=\"state.isContentHidden\" data-wp-class--show=\"state.isContentVisible\" data-wp-init=\"callbacks.setButtonStyles\" data-wp-on--click=\"actions.showLightbox\" data-wp-on--load=\"callbacks.setButtonStyles\" data-wp-on--pointerdown=\"actions.preloadImage\" data-wp-on--pointerenter=\"actions.preloadImageWithDelay\" data-wp-on--pointerleave=\"actions.cancelPreload\" data-wp-on-window--resize=\"callbacks.setButtonStyles\" src=\"https:\/\/loudavymkrokem.cz\/wp-content\/uploads\/2026\/06\/val-thorens-ski-resort-a729f27c.jpg\" alt=\"N\u00e4r du ska \u00e5ka till franska alperna\" class=\"wp-image-210021\" title=\"\" srcset=\"https:\/\/loudavymkrokem.cz\/wp-content\/uploads\/2026\/06\/val-thorens-ski-resort-a729f27c.jpg 1920w, https:\/\/loudavymkrokem.cz\/wp-content\/uploads\/2026\/06\/val-thorens-ski-resort-a729f27c-300x69.jpg 300w, https:\/\/loudavymkrokem.cz\/wp-content\/uploads\/2026\/06\/val-thorens-ski-resort-a729f27c-700x162.jpg 700w, https:\/\/loudavymkrokem.cz\/wp-content\/uploads\/2026\/06\/val-thorens-ski-resort-a729f27c-768x178.jpg 768w, https:\/\/loudavymkrokem.cz\/wp-content\/uploads\/2026\/06\/val-thorens-ski-resort-a729f27c-1536x355.jpg 1536w, https:\/\/loudavymkrokem.cz\/wp-content\/uploads\/2026\/06\/val-thorens-ski-resort-a729f27c-696x161.jpg 696w, https:\/\/loudavymkrokem.cz\/wp-content\/uploads\/2026\/06\/val-thorens-ski-resort-a729f27c-1392x322.jpg 1392w\" sizes=\"(max-width: 1920px) 100vw, 1920px\" \/><button\n\t\t\tclass=\"lightbox-trigger\"\n\t\t\ttype=\"button\"\n\t\t\taria-haspopup=\"dialog\"\n\t\t\tdata-wp-bind--aria-label=\"state.thisImage.triggerButtonAriaLabel\"\n\t\t\tdata-wp-init=\"callbacks.initTriggerButton\"\n\t\t\tdata-wp-on--click=\"actions.showLightbox\"\n\t\t\tdata-wp-style--right=\"state.thisImage.buttonRight\"\n\t\t\tdata-wp-style--top=\"state.thisImage.buttonTop\"\n\t\t>\n\t\t\t<svg xmlns=\"http:\/\/www.w3.org\/2000\/svg\" width=\"12\" height=\"12\" fill=\"none\" viewBox=\"0 0 12 12\">\n\t\t\t\t<path fill=\"#fff\" d=\"M2 0a2 2 0 0 0-2 2v2h1.5V2a.5.5 0 0 1 .5-.5h2V0H2Zm2 10.5H2a.5.5 0 0 1-.5-.5V8H0v2a2 2 0 0 0 2 2h2v-1.5ZM8 12v-1.5h2a.5.5 0 0 0 .5-.5V8H12v2a2 2 0 0 1-2 2H8Zm2-12a2 2 0 0 1 2 2v2h-1.5V2a.5.5 0 0 0-.5-.5H8V0h2Z\" \/>\n\t\t\t<\/svg>\n\t\t<\/button><figcaption class=\"wp-element-caption\">Foto: Henrik \/ Wikimedia Commons, CC BY-SA 3.0<\/figcaption><\/figure>\n\n\n\n<h2 class=\"wp-block-heading\"><span class=\"ez-toc-section\" id=\"Nar_du_ska_aka_till_franska_alperna\"><\/span><span class=\"ez-toc-section\" id=\"Nar_du_ska_aka_till_franska_alperna\"><\/span>N\u00e4r du ska \u00e5ka till franska alperna<span class=\"ez-toc-section-end\"><\/span><\/h2>\n\n\n\n<p class=\"wp-block-paragraph\">Alperna f\u00f6rl\u00e5ter inga planeringsmisstag och att v\u00e4lja r\u00e4tt tidpunkt \u00e4r helt avg\u00f6rande. <strong>Skids\u00e4songen b\u00f6rjar i december<\/strong>, men de allra b\u00e4sta sn\u00f6f\u00f6rh\u00e5llandena och l\u00e4ngre soliga dagar v\u00e4ntar f\u00f6rst i mars. Undvik d\u00e4remot februari som pesten, eftersom hela Frankrike successivt har sportlov och <strong>orterna bokstavligen spr\u00e4ngfylls<\/strong>. F\u00f6r dig som \u00e4lskar v\u00e5rens firnsn\u00f6 \u00e4r april idealisk, d\u00e5 de h\u00f6gre bel\u00e4gna orterna fortfarande har fina f\u00f6rh\u00e5llanden men priserna p\u00e5 boende redan sjunkit m\u00e4rkbart.<\/p>\n\n\n\n<p class=\"wp-block-paragraph\">Om du \u00e5ker hit p\u00e5 sommaren f\u00f6r h\u00f6gfj\u00e4llsvandring \u00e4r <strong>tidsf\u00f6nstret ganska smalt<\/strong>. De flesta bergshyttor \u00f6ppnar f\u00f6rst i mitten av juni och st\u00e4nger i slutet av september. \u00c4nnu i juni kan det ligga mycket farlig sn\u00f6 p\u00e5 de h\u00f6ga passen, medan augusti \u00e4r \u00f6verfullt och pr\u00e4glat av eftermiddags\u00e5ska fr\u00e5n v\u00e4rmen. Den <strong>allra b\u00e4sta m\u00e5naden f\u00f6r sommarberg \u00e4r september<\/strong>, som bjuder p\u00e5 stabilt v\u00e4der, skarpt h\u00f6stljus och betydligt f\u00e4rre turister p\u00e5 lederna.<\/p>\n\n\n\n<p class=\"wp-block-paragraph\">N\u00e4r du planerar en bilresa fr\u00e5n Sverige ska du vara beredd p\u00e5 en l\u00e5ng str\u00e4cka. <strong>Den klassiska rutten g\u00e5r s\u00f6derut genom Tyskland ner mot Gen\u00e8ve<\/strong>, och sj\u00e4lva restiden blir l\u00e4tt \u00f6ver tjugo timmar fr\u00e5n Malm\u00f6. Ett smidigare alternativ \u00e4r att flyga. <strong>Det snabbaste \u00e4r att flyga till schweiziska Gen\u00e8ve<\/strong> med l\u00e5gprisbolag som SAS, Norwegian eller easyJet fr\u00e5n Stockholm, varifr\u00e5n p\u00e5litliga shuttlebussar st\u00e4ndigt pendlar till bergsorter som Chamonix. K\u00f6r du p\u00e5 egen hand genom Frankrike ska du ha pengar redo till de dyra franska motorv\u00e4gstullarna, som betalas per k\u00f6rd str\u00e4cka och kostar tiotals euro. Se ocks\u00e5 upp n\u00e4r du k\u00f6r genom stora st\u00e4der i dalen, som Lyon eller Grenoble, eftersom <strong>Frankrike har str\u00e4nga l\u00e5gutsl\u00e4ppszoner<\/strong>. Du beh\u00f6ver en Crit&#8217;Air-milj\u00f6dekal f\u00f6r cirka 5 euro, annars riskerar du saftiga b\u00f6ter p\u00e5 68 euro.<\/p>\n\n\n\n<h2 class=\"wp-block-heading\"><span class=\"ez-toc-section\" id=\"Var_du_bor_i_franska_alperna\"><\/span><span class=\"ez-toc-section\" id=\"Var_du_bor_i_franska_alperna\"><\/span>Var du bor i franska alperna<span class=\"ez-toc-section-end\"><\/span><\/h2>\n\n\n\n<p class=\"wp-block-paragraph\"><em>\ud83d\udca1 Tips p\u00e5 boende och upplevelser: Vi f\u00f6redrar att leta boende p\u00e5 <a href=\"https:\/\/www.booking.com\/searchresults.html?ss=Val%20Thorens%20Three%20Valleys%20ski&amp;aid=2397601\" target=\"_blank\" rel=\"nofollow noopener sponsored\">Booking.com<\/a>, d\u00e4r avbokningsvillkoren brukar vara b\u00e4st. Biljetter, utflykter och aktiviteter l\u00f6nar det sig sedan att j\u00e4mf\u00f6ra och k\u00f6pa via <a href=\"https:\/\/www.getyourguide.com\/s\/?q=Val%20Thorens%20Three%20Valleys%20ski&amp;partner_id=MKZ64IS\" target=\"_blank\" rel=\"nofollow noopener sponsored\">GetYourGuide<\/a>.<\/em><\/p>\n\n\n\n<p class=\"wp-block-paragraph\">Den franska synen p\u00e5 bergsarkitektur fr\u00e5n sextio- och sjuttiotalet \u00e4r ofta r\u00e4tt brutal. Leta inte efter romantiska tr\u00e4stugor g\u00f6mda i skogen som i grannlandet \u00d6sterrike. Fransm\u00e4nnen byggde rent funktionellt inom den s\u00e5 kallade plan neige och <strong>ville f\u00e5 plats med s\u00e5 m\u00e5nga m\u00e4nniskor som m\u00f6jligt s\u00e5 n\u00e4ra pisterna som m\u00f6jligt<\/strong>. Konceptet ski-in ski-out g\u00e4ller h\u00e4r bokstavligen, s\u00e5 vanligtvis sp\u00e4nner du p\u00e5 dig skidorna direkt vid liften i ett j\u00e4ttelikt betongkomplex och \u00e5ker rakt ut p\u00e5 pisten. Om du letar boende l\u00f6nar det sig att unders\u00f6ka utbudet via Booking.com, d\u00e4r du hittar allt fr\u00e5n enkla l\u00e4genheter till lyxiga bergshotell.<\/p>\n\n\n\n<p class=\"wp-block-paragraph\">F\u00f6r skid\u00e5kning i det enorma omr\u00e5det Trois Vall\u00e9es \u00e4r <strong>orten Les Menuires en utm\u00e4rkt kompromiss<\/strong>, h\u00e4rifr\u00e5n tar du dig snabbt \u00e5t alla h\u00e5ll och priserna \u00e4r m\u00e4rkbart l\u00e4gre \u00e4n i lyxiga grannen Courchevel. Om du vill vara s\u00e4ker p\u00e5 pudersn\u00f6 och inte har n\u00e5got emot tunnare luft ska du v\u00e4lja h\u00f6gst bel\u00e4gna Val Thorens. F\u00f6r att utforska trakterna kring Mont Blanc beh\u00f6ver du inte alls bo direkt i \u00f6verprissatta Chamonix, utan betydligt mer lugn och <strong>rimligare priser hittar du i byarna Les Houches eller Argenti\u00e8re<\/strong>. Dessa mindre orter \u00e4r dessutom fint sammankopplade med huvudcentrumet via gratis t\u00e5g om du har det inbokade boendets turistkort.<\/p>\n\n\n\n<p class=\"wp-block-paragraph\">F\u00f6r konkreta tips kan du till exempel titta p\u00e5 <strong>det v\u00e4lbetygsatta <strong><a href=\"https:\/\/www.stay22.com\/allez\/roam?aid=lukaskonecny&#038;campaign=loudavymkrokemcz&#038;campaign=lyzovani-francouzske-alpy&#038;hotelname=Hotel%20Le%20Chablis&#038;address=Ly%C5%BEov%C3%A1n%C3%AD%20ve%20francouzsk%C3%BDch%20Alp%C3%A1ch%2C%20Francie\" target=\"_blank\" rel=\"noopener nofollow sponsored\">Hotel Le Chablis<\/a><\/strong> i Les Houches<\/strong>, som erbjuder mysiga rum, fantastiska frukostar och ligger bara en kort bit fr\u00e5n huvudlinbanan. Om du s\u00f6ker absolut lyx direkt vid pisten i Val Thorens ska du <strong>boka rum p\u00e5 Hotel Pashmina Le Refuge<\/strong>, d\u00e4r de har en underbar spa och hisnande utsikt \u00f6ver de sn\u00f6t\u00e4ckta topparna. I Chamonix-dalen \u00e4r det designade <strong>H\u00e9liopic Hotel &amp; Spa<\/strong> mycket popul\u00e4rt, det ligger strategiskt precis vid nedre stationen av linbanan upp till Aiguille du Midi. Efter en kr\u00e4vande dag kan du sedan smaka p\u00e5 h\u00e4rlig ostfondue direkt p\u00e5 hotellet eller i restaurangerna runtomkring, en r\u00e4tt som garanterat gl\u00e4der alla vegetarianer.<\/p>\n\n\n\n<h2 class=\"wp-block-heading\"><span class=\"ez-toc-section\" id=\"12_tips_pa_saker_att_se_och_gora_i_franska_alperna\"><\/span><span class=\"ez-toc-section\" id=\"12_tips_pa_saker_att_se_och_gora_i_franska_alperna\"><\/span>12 tips p\u00e5 saker att se och g\u00f6ra i franska alperna<span class=\"ez-toc-section-end\"><\/span><\/h2>\n\n\n\n<p class=\"wp-block-paragraph\">L\u00e5t oss titta p\u00e5 det b\u00e4sta som de franska bergen kan erbjuda dig. H\u00e4r v\u00e4ntar otroliga skidterr\u00e4nger, utsikter fr\u00e5n f\u00e5gelperspektiv och enorma glaci\u00e4rer som tyv\u00e4rr sakta f\u00f6rsvinner inf\u00f6r v\u00e5ra \u00f6gon.<\/p>\n\n\n\n<figure data-wp-context=\"{&quot;imageId&quot;:&quot;6a9adae7a25ec&quot;}\" data-wp-interactive=\"core\/image\" data-wp-key=\"6a9adae7a25ec\" class=\"wp-block-image size-full wp-lightbox-container\"><img decoding=\"async\" width=\"1396\" height=\"2048\" data-wp-class--hide=\"state.isContentHidden\" data-wp-class--show=\"state.isContentVisible\" data-wp-init=\"callbacks.setButtonStyles\" data-wp-on--click=\"actions.showLightbox\" data-wp-on--load=\"callbacks.setButtonStyles\" data-wp-on--pointerdown=\"actions.preloadImage\" data-wp-on--pointerenter=\"actions.preloadImageWithDelay\" data-wp-on--pointerleave=\"actions.cancelPreload\" data-wp-on-window--resize=\"callbacks.setButtonStyles\" src=\"https:\/\/loudavymkrokem.cz\/wp-content\/uploads\/2026\/06\/val-thorens-jako-nejvyse-polozene-stredi-541b8eb8-scaled.jpg\" alt=\"Val Thorens som Europas h\u00f6gst bel\u00e4gna skidort\" class=\"wp-image-209782\" title=\"\" srcset=\"https:\/\/loudavymkrokem.cz\/wp-content\/uploads\/2026\/06\/val-thorens-jako-nejvyse-polozene-stredi-541b8eb8-scaled.jpg 1396w, https:\/\/loudavymkrokem.cz\/wp-content\/uploads\/2026\/06\/val-thorens-jako-nejvyse-polozene-stredi-541b8eb8-204x300.jpg 204w, https:\/\/loudavymkrokem.cz\/wp-content\/uploads\/2026\/06\/val-thorens-jako-nejvyse-polozene-stredi-541b8eb8-700x1027.jpg 700w, https:\/\/loudavymkrokem.cz\/wp-content\/uploads\/2026\/06\/val-thorens-jako-nejvyse-polozene-stredi-541b8eb8-768x1127.jpg 768w, https:\/\/loudavymkrokem.cz\/wp-content\/uploads\/2026\/06\/val-thorens-jako-nejvyse-polozene-stredi-541b8eb8-1047x1536.jpg 1047w, https:\/\/loudavymkrokem.cz\/wp-content\/uploads\/2026\/06\/val-thorens-jako-nejvyse-polozene-stredi-541b8eb8-696x1021.jpg 696w, https:\/\/loudavymkrokem.cz\/wp-content\/uploads\/2026\/06\/val-thorens-jako-nejvyse-polozene-stredi-541b8eb8-1392x2042.jpg 1392w\" sizes=\"(max-width: 1396px) 100vw, 1396px\" \/><button\n\t\t\tclass=\"lightbox-trigger\"\n\t\t\ttype=\"button\"\n\t\t\taria-haspopup=\"dialog\"\n\t\t\tdata-wp-bind--aria-label=\"state.thisImage.triggerButtonAriaLabel\"\n\t\t\tdata-wp-init=\"callbacks.initTriggerButton\"\n\t\t\tdata-wp-on--click=\"actions.showLightbox\"\n\t\t\tdata-wp-style--right=\"state.thisImage.buttonRight\"\n\t\t\tdata-wp-style--top=\"state.thisImage.buttonTop\"\n\t\t>\n\t\t\t<svg xmlns=\"http:\/\/www.w3.org\/2000\/svg\" width=\"12\" height=\"12\" fill=\"none\" viewBox=\"0 0 12 12\">\n\t\t\t\t<path fill=\"#fff\" d=\"M2 0a2 2 0 0 0-2 2v2h1.5V2a.5.5 0 0 1 .5-.5h2V0H2Zm2 10.5H2a.5.5 0 0 1-.5-.5V8H0v2a2 2 0 0 0 2 2h2v-1.5ZM8 12v-1.5h2a.5.5 0 0 0 .5-.5V8H12v2a2 2 0 0 1-2 2H8Zm2-12a2 2 0 0 1 2 2v2h-1.5V2a.5.5 0 0 0-.5-.5H8V0h2Z\" \/>\n\t\t\t<\/svg>\n\t\t<\/button><figcaption class=\"wp-element-caption\">Foto: Krzysztof Golik \/ Wikimedia Commons, CC BY-SA 4.0<\/figcaption><\/figure>\n\n\n\n<h3 class=\"wp-block-heading\"><span class=\"ez-toc-section\" id=\"1_Val_Thorens_som_Europas_hogst_belagna_skidort\"><\/span>1. Val Thorens som Europas h\u00f6gst bel\u00e4gna skidort<span class=\"ez-toc-section-end\"><\/span><\/h3>\n\n\n\n<p class=\"wp-block-paragraph\">Fransm\u00e4nnen har aldrig varit r\u00e4dda f\u00f6r extrema projekt och Val Thorens \u00e4r det b\u00e4sta beviset p\u00e5 det. Det \u00e4r <strong>den \u00f6verl\u00e4gset h\u00f6gst bel\u00e4gna skidorten i Europa<\/strong>, d\u00e4r sj\u00e4lva boendebyn ligger p\u00e5 en respektingivande h\u00f6jd av 2300 meter. Det ger dig en hundraprocentig garanti f\u00f6r fin sn\u00f6 fr\u00e5n slutet av november djupt in i maj, och under s\u00e4songen 2025\/2026 \u00e5ker man skidor h\u00e4r fr\u00e5n 6 december till 17 april. H\u00f6jdpunkten i hela det lokala omr\u00e5det \u00e4r toppen Cime de Caron p\u00e5 3195 meter, varifr\u00e5n det \u00f6ppnar sig en <strong>hisnande panoramautsikt \u00f6ver mer \u00e4n tusen alptoppar<\/strong>.<\/p>\n\n\n\n<p class=\"wp-block-paragraph\">Det \u00e4r en v\u00e4ldigt popul\u00e4r plats bland skid\u00e5kare och varje vinter m\u00f6ter du tusentals av dem h\u00e4r. Bilresan hit via Gen\u00e8ve, Albertville och Mo\u00fbtiers tar visserligen tolv jobbiga timmar och de sista trettio kilometrarna med sina k\u00e4rva serpentiner <strong>kan verkligen pl\u00e5ga bilens koppling<\/strong>, men resultatet \u00e4r det definitivt v\u00e4rt. Skidterr\u00e4ngerna \u00e4r enorma och det sportsliga v\u00e4rdet p\u00e5 pisterna tillfredsst\u00e4ller \u00e4ven de mest kr\u00e4vande \u00e5karna, oavsett om du f\u00f6redrar morgonpistad sn\u00f6 eller djup puder.<\/p>\n\n\n\n<p class=\"wp-block-paragraph\">\ud83d\udca1 Tips: Om du vill spara pengar och slippa folkmassorna ska du <strong>\u00e5ka hit i utkanten av s\u00e4songen, som i december eller april<\/strong>. Du kan ocks\u00e5 k\u00f6pa ett billigare skidpass bara f\u00f6r de lokala dalarna Val Thorens och Orelle, \u00e4ven om jag f\u00f6r den fulla upplevelsen rekommenderar att betala lite extra f\u00f6r hela det sammanl\u00e4nkade Trois Vall\u00e9es.<\/p>\n\n\n\n<figure data-wp-context=\"{&quot;imageId&quot;:&quot;6a9adae7a2c05&quot;}\" data-wp-interactive=\"core\/image\" data-wp-key=\"6a9adae7a2c05\" class=\"wp-block-image size-full wp-lightbox-container\"><img decoding=\"async\" width=\"1920\" height=\"1280\" data-wp-class--hide=\"state.isContentHidden\" data-wp-class--show=\"state.isContentVisible\" data-wp-init=\"callbacks.setButtonStyles\" data-wp-on--click=\"actions.showLightbox\" data-wp-on--load=\"callbacks.setButtonStyles\" data-wp-on--pointerdown=\"actions.preloadImage\" data-wp-on--pointerenter=\"actions.preloadImageWithDelay\" data-wp-on--pointerleave=\"actions.cancelPreload\" data-wp-on-window--resize=\"callbacks.setButtonStyles\" src=\"https:\/\/loudavymkrokem.cz\/wp-content\/uploads\/2026\/06\/les-trois-vallees-aneb-projezdete-nejvet-6efe2f95.jpg\" alt=\"Les Trois Vall\u00e9es \u2013 \u00e5k igenom v\u00e4rldens st\u00f6rsta skidomr\u00e5de\" class=\"wp-image-209786\" title=\"\" srcset=\"https:\/\/loudavymkrokem.cz\/wp-content\/uploads\/2026\/06\/les-trois-vallees-aneb-projezdete-nejvet-6efe2f95.jpg 1920w, https:\/\/loudavymkrokem.cz\/wp-content\/uploads\/2026\/06\/les-trois-vallees-aneb-projezdete-nejvet-6efe2f95-300x200.jpg 300w, https:\/\/loudavymkrokem.cz\/wp-content\/uploads\/2026\/06\/les-trois-vallees-aneb-projezdete-nejvet-6efe2f95-700x467.jpg 700w, https:\/\/loudavymkrokem.cz\/wp-content\/uploads\/2026\/06\/les-trois-vallees-aneb-projezdete-nejvet-6efe2f95-768x512.jpg 768w, https:\/\/loudavymkrokem.cz\/wp-content\/uploads\/2026\/06\/les-trois-vallees-aneb-projezdete-nejvet-6efe2f95-1536x1024.jpg 1536w, https:\/\/loudavymkrokem.cz\/wp-content\/uploads\/2026\/06\/les-trois-vallees-aneb-projezdete-nejvet-6efe2f95-696x464.jpg 696w, https:\/\/loudavymkrokem.cz\/wp-content\/uploads\/2026\/06\/les-trois-vallees-aneb-projezdete-nejvet-6efe2f95-1392x928.jpg 1392w\" sizes=\"(max-width: 1920px) 100vw, 1920px\" \/><button\n\t\t\tclass=\"lightbox-trigger\"\n\t\t\ttype=\"button\"\n\t\t\taria-haspopup=\"dialog\"\n\t\t\tdata-wp-bind--aria-label=\"state.thisImage.triggerButtonAriaLabel\"\n\t\t\tdata-wp-init=\"callbacks.initTriggerButton\"\n\t\t\tdata-wp-on--click=\"actions.showLightbox\"\n\t\t\tdata-wp-style--right=\"state.thisImage.buttonRight\"\n\t\t\tdata-wp-style--top=\"state.thisImage.buttonTop\"\n\t\t>\n\t\t\t<svg xmlns=\"http:\/\/www.w3.org\/2000\/svg\" width=\"12\" height=\"12\" fill=\"none\" viewBox=\"0 0 12 12\">\n\t\t\t\t<path fill=\"#fff\" d=\"M2 0a2 2 0 0 0-2 2v2h1.5V2a.5.5 0 0 1 .5-.5h2V0H2Zm2 10.5H2a.5.5 0 0 1-.5-.5V8H0v2a2 2 0 0 0 2 2h2v-1.5ZM8 12v-1.5h2a.5.5 0 0 0 .5-.5V8H12v2a2 2 0 0 1-2 2H8Zm2-12a2 2 0 0 1 2 2v2h-1.5V2a.5.5 0 0 0-.5-.5H8V0h2Z\" \/>\n\t\t\t<\/svg>\n\t\t<\/button><figcaption class=\"wp-element-caption\">Foto: Willtron \/ Wikimedia Commons, CC BY-SA 3.0<\/figcaption><\/figure>\n\n\n\n<h3 class=\"wp-block-heading\"><span class=\"ez-toc-section\" id=\"2_Les_Trois_Vallees_%E2%80%93_ak_igenom_varldens_storsta_skidomrade\"><\/span>2. Les Trois Vall\u00e9es \u2013 \u00e5k igenom v\u00e4rldens st\u00f6rsta skidomr\u00e5de<span class=\"ez-toc-section-end\"><\/span><\/h3>\n\n\n\n<p class=\"wp-block-paragraph\">Trois Vall\u00e9es bildar tillsammans en absolut skid\u00e5kningens superliga som mycket sv\u00e5rt hittar n\u00e5gon konkurrent i Europa. De erbjuder <strong>otroliga 600 kilometer sammanl\u00e4nkade pister<\/strong>, vilket officiellt g\u00f6r dem till v\u00e4rldens st\u00f6rsta skidomr\u00e5de. Du kan \u00e5ka h\u00e4r en hel vecka fr\u00e5n morgon till kv\u00e4ll och aldrig k\u00f6ra samma nedfart tv\u00e5 g\u00e5nger. Liftsystemet \u00e4r s\u00e5 genomt\u00e4nkt och snabbt att f\u00f6rflyttningarna mellan de olika backarna flyter helt smidigt och du tillbringar maximalt med tid p\u00e5 sn\u00f6n ist\u00e4llet f\u00f6r att st\u00e5 i \u00e4ndl\u00f6sa k\u00f6er.<\/p>\n\n\n\n<p class=\"wp-block-paragraph\">F\u00f6r den h\u00e4r \u00e4ndl\u00f6sa lyxen tar fransm\u00e4nnen dock r\u00e4tt bra betalt och skidpassen tar en rej\u00e4l del av din budget. S\u00e4songen 2025\/2026 kostar ett <strong>sexdagars skidpass f\u00f6r hela det sammanl\u00e4nkade omr\u00e5det 368 euro<\/strong>, medan en dagsbiljett kostar 73,60 euro. Skid\u00e5kningen b\u00f6rjar i b\u00f6rjan av december och liftarna stannar definitivt f\u00f6rst i mitten av april, s\u00e5 du har gott om tid att planera din vintersemester och jaga de b\u00e4sta sn\u00f6f\u00f6rh\u00e5llandena.<\/p>\n\n\n\n<p class=\"wp-block-paragraph\">\ud83d\udca1 Tips: N\u00e4r du \u00e5ker mellan dalarna ska du <strong>alltid h\u00e5lla noga koll p\u00e5 \u00e5terresetiden<\/strong>. Om du inte hinner med den sista f\u00f6rbindelselinbanan \u00f6ver \u00e5sen v\u00e4ntar en galet dyr taxiresa den l\u00e5nga v\u00e4gen genom nedre dalen, som kan kosta flera tusen kronor.<\/p>\n\n\n\n<figure data-wp-context=\"{&quot;imageId&quot;:&quot;6a9adae7a328a&quot;}\" data-wp-interactive=\"core\/image\" data-wp-key=\"6a9adae7a328a\" class=\"wp-block-image size-full wp-lightbox-container\"><img decoding=\"async\" width=\"1920\" height=\"1440\" data-wp-class--hide=\"state.isContentHidden\" data-wp-class--show=\"state.isContentVisible\" data-wp-init=\"callbacks.setButtonStyles\" data-wp-on--click=\"actions.showLightbox\" data-wp-on--load=\"callbacks.setButtonStyles\" data-wp-on--pointerdown=\"actions.preloadImage\" data-wp-on--pointerenter=\"actions.preloadImageWithDelay\" data-wp-on--pointerleave=\"actions.cancelPreload\" data-wp-on-window--resize=\"callbacks.setButtonStyles\" src=\"https:\/\/loudavymkrokem.cz\/wp-content\/uploads\/2026\/06\/courchevel-a-nahlednuti-do-sveta-absolut-63eb7882.jpg\" alt=\"Courchevel och en inblick i den absoluta lyxens v\u00e4rld\" class=\"wp-image-209790\" title=\"\" srcset=\"https:\/\/loudavymkrokem.cz\/wp-content\/uploads\/2026\/06\/courchevel-a-nahlednuti-do-sveta-absolut-63eb7882.jpg 1920w, https:\/\/loudavymkrokem.cz\/wp-content\/uploads\/2026\/06\/courchevel-a-nahlednuti-do-sveta-absolut-63eb7882-300x225.jpg 300w, https:\/\/loudavymkrokem.cz\/wp-content\/uploads\/2026\/06\/courchevel-a-nahlednuti-do-sveta-absolut-63eb7882-700x525.jpg 700w, https:\/\/loudavymkrokem.cz\/wp-content\/uploads\/2026\/06\/courchevel-a-nahlednuti-do-sveta-absolut-63eb7882-768x576.jpg 768w, https:\/\/loudavymkrokem.cz\/wp-content\/uploads\/2026\/06\/courchevel-a-nahlednuti-do-sveta-absolut-63eb7882-1536x1152.jpg 1536w, https:\/\/loudavymkrokem.cz\/wp-content\/uploads\/2026\/06\/courchevel-a-nahlednuti-do-sveta-absolut-63eb7882-80x60.jpg 80w, https:\/\/loudavymkrokem.cz\/wp-content\/uploads\/2026\/06\/courchevel-a-nahlednuti-do-sveta-absolut-63eb7882-160x120.jpg 160w, https:\/\/loudavymkrokem.cz\/wp-content\/uploads\/2026\/06\/courchevel-a-nahlednuti-do-sveta-absolut-63eb7882-696x522.jpg 696w, https:\/\/loudavymkrokem.cz\/wp-content\/uploads\/2026\/06\/courchevel-a-nahlednuti-do-sveta-absolut-63eb7882-1392x1044.jpg 1392w\" sizes=\"(max-width: 1920px) 100vw, 1920px\" \/><button\n\t\t\tclass=\"lightbox-trigger\"\n\t\t\ttype=\"button\"\n\t\t\taria-haspopup=\"dialog\"\n\t\t\tdata-wp-bind--aria-label=\"state.thisImage.triggerButtonAriaLabel\"\n\t\t\tdata-wp-init=\"callbacks.initTriggerButton\"\n\t\t\tdata-wp-on--click=\"actions.showLightbox\"\n\t\t\tdata-wp-style--right=\"state.thisImage.buttonRight\"\n\t\t\tdata-wp-style--top=\"state.thisImage.buttonTop\"\n\t\t>\n\t\t\t<svg xmlns=\"http:\/\/www.w3.org\/2000\/svg\" width=\"12\" height=\"12\" fill=\"none\" viewBox=\"0 0 12 12\">\n\t\t\t\t<path fill=\"#fff\" d=\"M2 0a2 2 0 0 0-2 2v2h1.5V2a.5.5 0 0 1 .5-.5h2V0H2Zm2 10.5H2a.5.5 0 0 1-.5-.5V8H0v2a2 2 0 0 0 2 2h2v-1.5ZM8 12v-1.5h2a.5.5 0 0 0 .5-.5V8H12v2a2 2 0 0 1-2 2H8Zm2-12a2 2 0 0 1 2 2v2h-1.5V2a.5.5 0 0 0-.5-.5H8V0h2Z\" \/>\n\t\t\t<\/svg>\n\t\t<\/button><figcaption class=\"wp-element-caption\">Foto: Florian P\u00e9pellin \/ Wikimedia Commons, CC BY-SA 4.0<\/figcaption><\/figure>\n\n\n\n<h3 class=\"wp-block-heading\"><span class=\"ez-toc-section\" id=\"3_Courchevel_och_en_inblick_i_den_absoluta_lyxens_varld\"><\/span>3. Courchevel och en inblick i den absoluta lyxens v\u00e4rld<span class=\"ez-toc-section-end\"><\/span><\/h3>\n\n\n\n<p class=\"wp-block-paragraph\">Vid sj\u00e4lva kanten av Trois Vall\u00e9es ligger Courchevel, en exklusiv lekplats reserverad f\u00f6r miljard\u00e4rer, v\u00e4rldsk\u00e4ndisar och den rika gr\u00e4ddan. Orten \u00e4r uppdelad i flera h\u00f6jdniv\u00e5er och den h\u00f6gsta av dem, ikoniska Courchevel 1850, \u00e4r en <strong>uppvisning av v\u00e4rldens lyxigaste bergsstugor och femstj\u00e4rniga hotell<\/strong>. H\u00e4r hittar du dyra butiker fr\u00e5n globala modem\u00e4rken placerade direkt i sn\u00f6n och opulenta restauranger prydda med flera Michelinstj\u00e4rnor, d\u00e4r du f\u00e5r v\u00e4nta flera m\u00e5nader p\u00e5 ett bord.<\/p>\n\n\n\n<p class=\"wp-block-paragraph\">\u00c4ven om du f\u00f6rmodligen inte kommer att bo h\u00e4r ska du absolut ta dig hit \u00e5tminstone en dag p\u00e5 skidorna inom ramen f\u00f6r ditt ut\u00f6kade skidpass. Det \u00e4r v\u00e4rt det, eftersom <strong>de lokala pisterna \u00e4r perfekt preparerade och ofta helt tomma<\/strong>. Den rika klientelen h\u00e4r tillbringar n\u00e4mligen mycket mer tid p\u00e5 eftermiddagsfester med en flaska champagne \u00e4n att svinga sv\u00e4ngar p\u00e5 morgonens pistade sn\u00f6. Var dock beredd p\u00e5 en rej\u00e4l prisk\u00e4nga n\u00e4r du stannar f\u00f6r en kaffe, f\u00f6r till och med en vanlig espresso kan kosta dig runt tio euro h\u00e4r.<\/p>\n\n\n\n<p class=\"wp-block-paragraph\">\ud83d\udca1 Tips: Ge dig absolut ut p\u00e5 den <strong>vackra r\u00f6da pisten Combe de la Saulire<\/strong>, som b\u00f6rjar p\u00e5 toppen med samma namn. Den bjuder p\u00e5 en underbar och otroligt flytande sportig nedfart med en h\u00f6jdskillnad p\u00e5 n\u00e4stan tusen meter \u00e4nda ner i dalen.<\/p>\n\n\n\n<figure data-wp-context=\"{&quot;imageId&quot;:&quot;6a9adae7a3825&quot;}\" data-wp-interactive=\"core\/image\" data-wp-key=\"6a9adae7a3825\" class=\"wp-block-image size-full wp-lightbox-container\"><img decoding=\"async\" width=\"1920\" height=\"1277\" data-wp-class--hide=\"state.isContentHidden\" data-wp-class--show=\"state.isContentVisible\" data-wp-init=\"callbacks.setButtonStyles\" data-wp-on--click=\"actions.showLightbox\" data-wp-on--load=\"callbacks.setButtonStyles\" data-wp-on--pointerdown=\"actions.preloadImage\" data-wp-on--pointerenter=\"actions.preloadImageWithDelay\" data-wp-on--pointerleave=\"actions.cancelPreload\" data-wp-on-window--resize=\"callbacks.setButtonStyles\" src=\"https:\/\/loudavymkrokem.cz\/wp-content\/uploads\/2026\/06\/meribel-nabidne-drevenou-romantiku-v-srd-4bf78d0d.jpg\" alt=\"M\u00e9ribel bjuder p\u00e5 romantik i tr\u00e4 mitt i bergen\" class=\"wp-image-209796\" title=\"\" srcset=\"https:\/\/loudavymkrokem.cz\/wp-content\/uploads\/2026\/06\/meribel-nabidne-drevenou-romantiku-v-srd-4bf78d0d.jpg 1920w, https:\/\/loudavymkrokem.cz\/wp-content\/uploads\/2026\/06\/meribel-nabidne-drevenou-romantiku-v-srd-4bf78d0d-300x200.jpg 300w, https:\/\/loudavymkrokem.cz\/wp-content\/uploads\/2026\/06\/meribel-nabidne-drevenou-romantiku-v-srd-4bf78d0d-700x466.jpg 700w, https:\/\/loudavymkrokem.cz\/wp-content\/uploads\/2026\/06\/meribel-nabidne-drevenou-romantiku-v-srd-4bf78d0d-768x511.jpg 768w, https:\/\/loudavymkrokem.cz\/wp-content\/uploads\/2026\/06\/meribel-nabidne-drevenou-romantiku-v-srd-4bf78d0d-1536x1022.jpg 1536w, https:\/\/loudavymkrokem.cz\/wp-content\/uploads\/2026\/06\/meribel-nabidne-drevenou-romantiku-v-srd-4bf78d0d-696x463.jpg 696w, https:\/\/loudavymkrokem.cz\/wp-content\/uploads\/2026\/06\/meribel-nabidne-drevenou-romantiku-v-srd-4bf78d0d-1392x926.jpg 1392w\" sizes=\"(max-width: 1920px) 100vw, 1920px\" \/><button\n\t\t\tclass=\"lightbox-trigger\"\n\t\t\ttype=\"button\"\n\t\t\taria-haspopup=\"dialog\"\n\t\t\tdata-wp-bind--aria-label=\"state.thisImage.triggerButtonAriaLabel\"\n\t\t\tdata-wp-init=\"callbacks.initTriggerButton\"\n\t\t\tdata-wp-on--click=\"actions.showLightbox\"\n\t\t\tdata-wp-style--right=\"state.thisImage.buttonRight\"\n\t\t\tdata-wp-style--top=\"state.thisImage.buttonTop\"\n\t\t>\n\t\t\t<svg xmlns=\"http:\/\/www.w3.org\/2000\/svg\" width=\"12\" height=\"12\" fill=\"none\" viewBox=\"0 0 12 12\">\n\t\t\t\t<path fill=\"#fff\" d=\"M2 0a2 2 0 0 0-2 2v2h1.5V2a.5.5 0 0 1 .5-.5h2V0H2Zm2 10.5H2a.5.5 0 0 1-.5-.5V8H0v2a2 2 0 0 0 2 2h2v-1.5ZM8 12v-1.5h2a.5.5 0 0 0 .5-.5V8H12v2a2 2 0 0 1-2 2H8Zm2-12a2 2 0 0 1 2 2v2h-1.5V2a.5.5 0 0 0-.5-.5H8V0h2Z\" \/>\n\t\t\t<\/svg>\n\t\t<\/button><figcaption class=\"wp-element-caption\">Foto: DimiTalen \/ Wikimedia Commons, CC0<\/figcaption><\/figure>\n\n\n\n<h3 class=\"wp-block-heading\"><span class=\"ez-toc-section\" id=\"4_Meribel_bjuder_pa_romantik_i_tra_mitt_i_bergen\"><\/span>4. M\u00e9ribel bjuder p\u00e5 romantik i tr\u00e4 mitt i bergen<span class=\"ez-toc-section-end\"><\/span><\/h3>\n\n\n\n<p class=\"wp-block-paragraph\">Precis mitt i det gigantiska komplexet Trois Vall\u00e9es ligger M\u00e9ribel, som utg\u00f6r den perfekta motsatsen till betonghusen i de andra franska orterna. Bebyggelsen har f\u00f6ljt mycket str\u00e4nga regler h\u00e4r, s\u00e5 <strong>alla byggnader m\u00e5ste respektera den traditionella alpstilen<\/strong> och \u00e4r obligatoriskt kl\u00e4dda med tr\u00e4 och lokal sten. Tack vare det har orten beh\u00e5llit en underbart romantisk och varm atmosf\u00e4r som du ofta saknar p\u00e5 andra st\u00e4llen i Frankrike, och du k\u00e4nner dig snarare som i grannlandet \u00d6sterrike eller Schweiz.<\/p>\n\n\n\n<p class=\"wp-block-paragraph\">F\u00f6rutom den vackra och smakfulla arkitekturen \u00e4r M\u00e9ribels enorma f\u00f6rdel dess <strong>helt o\u00f6vertr\u00e4ffade strategiska l\u00e4ge p\u00e5 skidkartan<\/strong>. Den ligger exakt mitt i hela pistspindeln, s\u00e5 h\u00e4rifr\u00e5n kan du varje morgon fritt best\u00e4mma om du ska ge dig ut och utforska lyxiga Courchevel p\u00e5 ena sidan, eller det sportiga och h\u00f6gre bel\u00e4gna Val Thorens p\u00e5 den andra. Ur logistisk synvinkel \u00e4r det helt enkelt den b\u00e4sta utg\u00e5ngspunkten f\u00f6r att utforska hela regionen.<\/p>\n\n\n\n<p class=\"wp-block-paragraph\">\ud83d\udca1 Tips: Om du \u00e4lskar l\u00e5nga och varierade nedfarter ska du ta den allra f\u00f6rsta morgonlinbanan upp till toppen Mont Vallon p\u00e5 2952 meters h\u00f6jd. H\u00e4rifr\u00e5n g\u00e5r <strong>en av de vackraste r\u00f6da pisterna i hela omr\u00e5det<\/strong>, som dessutom omges av helt vild h\u00f6gfj\u00e4llsnatur utan n\u00e5gon vidare infrastruktur.<\/p>\n\n\n\n<figure data-wp-context=\"{&quot;imageId&quot;:&quot;6a9adae7a3ded&quot;}\" data-wp-interactive=\"core\/image\" data-wp-key=\"6a9adae7a3ded\" class=\"wp-block-image size-full wp-lightbox-container\"><img decoding=\"async\" width=\"1920\" height=\"1139\" data-wp-class--hide=\"state.isContentHidden\" data-wp-class--show=\"state.isContentVisible\" data-wp-init=\"callbacks.setButtonStyles\" data-wp-on--click=\"actions.showLightbox\" data-wp-on--load=\"callbacks.setButtonStyles\" data-wp-on--pointerdown=\"actions.preloadImage\" data-wp-on--pointerenter=\"actions.preloadImageWithDelay\" data-wp-on--pointerleave=\"actions.cancelPreload\" data-wp-on-window--resize=\"callbacks.setButtonStyles\" src=\"https:\/\/loudavymkrokem.cz\/wp-content\/uploads\/2026\/06\/tignes-a-val-d-isere-skryvaji-freeridovy-c67b879d.jpg\" alt=\"Tignes och Val d&#039;Is\u00e8re g\u00f6mmer freerideparadiset Espace Killy\" class=\"wp-image-209803\" title=\"\" srcset=\"https:\/\/loudavymkrokem.cz\/wp-content\/uploads\/2026\/06\/tignes-a-val-d-isere-skryvaji-freeridovy-c67b879d.jpg 1920w, https:\/\/loudavymkrokem.cz\/wp-content\/uploads\/2026\/06\/tignes-a-val-d-isere-skryvaji-freeridovy-c67b879d-300x178.jpg 300w, https:\/\/loudavymkrokem.cz\/wp-content\/uploads\/2026\/06\/tignes-a-val-d-isere-skryvaji-freeridovy-c67b879d-700x415.jpg 700w, https:\/\/loudavymkrokem.cz\/wp-content\/uploads\/2026\/06\/tignes-a-val-d-isere-skryvaji-freeridovy-c67b879d-768x456.jpg 768w, https:\/\/loudavymkrokem.cz\/wp-content\/uploads\/2026\/06\/tignes-a-val-d-isere-skryvaji-freeridovy-c67b879d-1536x911.jpg 1536w, https:\/\/loudavymkrokem.cz\/wp-content\/uploads\/2026\/06\/tignes-a-val-d-isere-skryvaji-freeridovy-c67b879d-696x413.jpg 696w, https:\/\/loudavymkrokem.cz\/wp-content\/uploads\/2026\/06\/tignes-a-val-d-isere-skryvaji-freeridovy-c67b879d-1392x826.jpg 1392w\" sizes=\"(max-width: 1920px) 100vw, 1920px\" \/><button\n\t\t\tclass=\"lightbox-trigger\"\n\t\t\ttype=\"button\"\n\t\t\taria-haspopup=\"dialog\"\n\t\t\tdata-wp-bind--aria-label=\"state.thisImage.triggerButtonAriaLabel\"\n\t\t\tdata-wp-init=\"callbacks.initTriggerButton\"\n\t\t\tdata-wp-on--click=\"actions.showLightbox\"\n\t\t\tdata-wp-style--right=\"state.thisImage.buttonRight\"\n\t\t\tdata-wp-style--top=\"state.thisImage.buttonTop\"\n\t\t>\n\t\t\t<svg xmlns=\"http:\/\/www.w3.org\/2000\/svg\" width=\"12\" height=\"12\" fill=\"none\" viewBox=\"0 0 12 12\">\n\t\t\t\t<path fill=\"#fff\" d=\"M2 0a2 2 0 0 0-2 2v2h1.5V2a.5.5 0 0 1 .5-.5h2V0H2Zm2 10.5H2a.5.5 0 0 1-.5-.5V8H0v2a2 2 0 0 0 2 2h2v-1.5ZM8 12v-1.5h2a.5.5 0 0 0 .5-.5V8H12v2a2 2 0 0 1-2 2H8Zm2-12a2 2 0 0 1 2 2v2h-1.5V2a.5.5 0 0 0-.5-.5H8V0h2Z\" \/>\n\t\t\t<\/svg>\n\t\t<\/button><figcaption class=\"wp-element-caption\">Foto: Didier Descouens \/ Wikimedia Commons, CC BY-SA 4.0<\/figcaption><\/figure>\n\n\n\n<h3 class=\"wp-block-heading\"><span class=\"ez-toc-section\" id=\"5_Tignes_och_Val_dIsere_gommer_freerideparadiset_Espace_Killy\"><\/span>5. Tignes och Val d&#8217;Is\u00e8re g\u00f6mmer freerideparadiset Espace Killy<span class=\"ez-toc-section-end\"><\/span><\/h3>\n\n\n\n<p class=\"wp-block-paragraph\">Om Trois Vall\u00e9es k\u00e4nns f\u00f6r mainstream och tillr\u00e4ttalagt f\u00f6r dig r\u00e4cker det att f\u00f6rflytta sig en dal bort till hisnande Espace Killy, som \u00e4r uppkallat efter den legendariska franska st\u00f6rtlopps\u00e5karen. Det binder samman orterna Tignes och Val d&#8217;Is\u00e8re och erbjuder totalt 300 kilometer f\u00f6rstklassiga pister. Terr\u00e4ngerna h\u00e4r \u00e4r dock <strong>m\u00e4rkbart sportigare, mycket brantare och freeridem\u00f6jligheterna \u00e4r praktiskt taget \u00e4ndl\u00f6sa<\/strong>. Det \u00e4r en ber\u00f6md plats dit man \u00e5ker f\u00f6r riktigt \u00e4rlig, fysiskt kr\u00e4vande skid\u00e5kning och perfekt puder.<\/p>\n\n\n\n<p class=\"wp-block-paragraph\">Tignes \u00e4r dessutom en av f\u00e5 platser i Frankrike d\u00e4r du <strong>utan problem kan \u00e5ka skidor \u00e4ven under sommarlovet<\/strong>. Tack vare glaci\u00e4ren Grande Motte slutar vinters\u00e4songen h\u00e4r f\u00f6rst den 3 maj, och sedan s\u00e4tts liftarna ig\u00e5ng igen i juni och juli f\u00f6r sommarens tr\u00e4ningsl\u00e4ger. Att \u00e5ka skidor i juli i kort\u00e4rmat p\u00e5 nysm\u00e4lt sn\u00f6 och p\u00e5 eftermiddagen bada i en glasklar bergssj\u00f6 nere i dalen \u00e4r en otroligt bisarr, men helt fantastisk upplevelse som du kommer att \u00e4lska.<\/p>\n\n\n\n<p class=\"wp-block-paragraph\">\ud83d\udca1 Tips: Efter en kr\u00e4vande dag i Espace Killys backar ska du absolut unna dig en v\u00e4lf\u00f6rtj\u00e4nt kv\u00e4ll p\u00e5 de lokala restaurangerna. Jag rekommenderar varmt att smaka p\u00e5 <strong>traditionell ostfondue eller doftande raclette<\/strong>, en perfekt vegetarisk l\u00e4ckerhet som garanterat v\u00e4rmer dig efter en frostig dag och ger tillbaka f\u00f6rlorad energi.<\/p>\n\n\n\n<figure data-wp-context=\"{&quot;imageId&quot;:&quot;6a9adae7a44ec&quot;}\" data-wp-interactive=\"core\/image\" data-wp-key=\"6a9adae7a44ec\" class=\"wp-block-image size-full wp-lightbox-container\"><img decoding=\"async\" width=\"1920\" height=\"1280\" data-wp-class--hide=\"state.isContentHidden\" data-wp-class--show=\"state.isContentVisible\" data-wp-init=\"callbacks.setButtonStyles\" data-wp-on--click=\"actions.showLightbox\" data-wp-on--load=\"callbacks.setButtonStyles\" data-wp-on--pointerdown=\"actions.preloadImage\" data-wp-on--pointerenter=\"actions.preloadImageWithDelay\" data-wp-on--pointerleave=\"actions.cancelPreload\" data-wp-on-window--resize=\"callbacks.setButtonStyles\" src=\"https:\/\/loudavymkrokem.cz\/wp-content\/uploads\/2026\/06\/alpe-d-huez-a-legendarnich-21-cyklistick-2ec58a7e.jpg\" alt=\"Alpe d&#039;Huez och de legendariska 21 cykelkurvorna\" class=\"wp-image-209807\" title=\"\" srcset=\"https:\/\/loudavymkrokem.cz\/wp-content\/uploads\/2026\/06\/alpe-d-huez-a-legendarnich-21-cyklistick-2ec58a7e.jpg 1920w, https:\/\/loudavymkrokem.cz\/wp-content\/uploads\/2026\/06\/alpe-d-huez-a-legendarnich-21-cyklistick-2ec58a7e-300x200.jpg 300w, https:\/\/loudavymkrokem.cz\/wp-content\/uploads\/2026\/06\/alpe-d-huez-a-legendarnich-21-cyklistick-2ec58a7e-700x467.jpg 700w, https:\/\/loudavymkrokem.cz\/wp-content\/uploads\/2026\/06\/alpe-d-huez-a-legendarnich-21-cyklistick-2ec58a7e-768x512.jpg 768w, https:\/\/loudavymkrokem.cz\/wp-content\/uploads\/2026\/06\/alpe-d-huez-a-legendarnich-21-cyklistick-2ec58a7e-1536x1024.jpg 1536w, https:\/\/loudavymkrokem.cz\/wp-content\/uploads\/2026\/06\/alpe-d-huez-a-legendarnich-21-cyklistick-2ec58a7e-696x464.jpg 696w, https:\/\/loudavymkrokem.cz\/wp-content\/uploads\/2026\/06\/alpe-d-huez-a-legendarnich-21-cyklistick-2ec58a7e-1392x928.jpg 1392w\" sizes=\"(max-width: 1920px) 100vw, 1920px\" \/><button\n\t\t\tclass=\"lightbox-trigger\"\n\t\t\ttype=\"button\"\n\t\t\taria-haspopup=\"dialog\"\n\t\t\tdata-wp-bind--aria-label=\"state.thisImage.triggerButtonAriaLabel\"\n\t\t\tdata-wp-init=\"callbacks.initTriggerButton\"\n\t\t\tdata-wp-on--click=\"actions.showLightbox\"\n\t\t\tdata-wp-style--right=\"state.thisImage.buttonRight\"\n\t\t\tdata-wp-style--top=\"state.thisImage.buttonTop\"\n\t\t>\n\t\t\t<svg xmlns=\"http:\/\/www.w3.org\/2000\/svg\" width=\"12\" height=\"12\" fill=\"none\" viewBox=\"0 0 12 12\">\n\t\t\t\t<path fill=\"#fff\" d=\"M2 0a2 2 0 0 0-2 2v2h1.5V2a.5.5 0 0 1 .5-.5h2V0H2Zm2 10.5H2a.5.5 0 0 1-.5-.5V8H0v2a2 2 0 0 0 2 2h2v-1.5ZM8 12v-1.5h2a.5.5 0 0 0 .5-.5V8H12v2a2 2 0 0 1-2 2H8Zm2-12a2 2 0 0 1 2 2v2h-1.5V2a.5.5 0 0 0-.5-.5H8V0h2Z\" \/>\n\t\t\t<\/svg>\n\t\t<\/button><figcaption class=\"wp-element-caption\">Foto: Nathalie \/ Wikimedia Commons, CC BY 2.0<\/figcaption><\/figure>\n\n\n\n<h3 class=\"wp-block-heading\"><span class=\"ez-toc-section\" id=\"6_Alpe_dHuez_och_de_legendariska_21_cykelkurvorna\"><\/span>6. Alpe d&#8217;Huez och de legendariska 21 cykelkurvorna<span class=\"ez-toc-section-end\"><\/span><\/h3>\n\n\n\n<p class=\"wp-block-paragraph\">Alpe d&#8217;Huez \u00e4r en fantastisk vinterort som stoltserar med <strong>Europas l\u00e4ngsta svarta pist<\/strong>, k\u00e4nd som La Sarenne, som m\u00e4ter otroliga 16 kilometer. Helt \u00e4rligt m\u00e5ste jag dock s\u00e4ga att det h\u00e4r namnet ekar mycket starkare i sportv\u00e4rlden p\u00e5 grund av den heta sommarasfalten. V\u00e4gen som stiger fr\u00e5n byn Bourg d&#8217;Oisans i dalen upp till orten \u00e4r knappt 14 kilometer l\u00e5ng och har en genomsnittlig, mycket kr\u00e4vande lutning p\u00e5 \u00f6ver \u00e5tta procent.<\/p>\n\n\n\n<p class=\"wp-block-paragraph\">Men det allra viktigaste \u00e4r de <strong>exakt 21 numrerade serpentinerna<\/strong>, som bildar en av planetens mest ikoniska stigningar. Varje sommardag m\u00f6ter du hundratals amat\u00f6rcyklister som svettandes f\u00f6rs\u00f6ker \u00f6vertr\u00e4ffa sig sj\u00e4lva och ta sig \u00e4nda upp till toppen. Varje kurva b\u00e4r dessutom namnet p\u00e5 n\u00e5gon av de historiska etappsegrarna i det ber\u00f6mda Tour de France. S\u00e4rskilt ber\u00f6md \u00e4r den sjunde kurvan, kallad den holl\u00e4ndska, d\u00e4r fansen i orange samlas under loppen och skapar ett rent inferno.<\/p>\n\n\n\n<p class=\"wp-block-paragraph\">\ud83d\udca1 Tips: 2026 blir i det avseendet helt extremt, eftersom <strong>Tour de France-pelotonen kommer hit hela tv\u00e5 g\u00e5nger<\/strong>. Om du vill se m\u00e5lg\u00e5ngen p\u00e5 etapp 19 och 20 live den 24 och 25 juli 2026 m\u00e5ste du komma till platsen med god framf\u00f6rh\u00e5llning, f\u00f6r p\u00e5 t\u00e4vlingsdagen st\u00e4ngs v\u00e4gen kompromissl\u00f6st av.<\/p>\n\n\n\n<figure data-wp-context=\"{&quot;imageId&quot;:&quot;6a9adae7a4ac1&quot;}\" data-wp-interactive=\"core\/image\" data-wp-key=\"6a9adae7a4ac1\" class=\"wp-block-image size-full wp-lightbox-container\"><img decoding=\"async\" width=\"1366\" height=\"2048\" data-wp-class--hide=\"state.isContentHidden\" data-wp-class--show=\"state.isContentVisible\" data-wp-init=\"callbacks.setButtonStyles\" data-wp-on--click=\"actions.showLightbox\" data-wp-on--load=\"callbacks.setButtonStyles\" data-wp-on--pointerdown=\"actions.preloadImage\" data-wp-on--pointerenter=\"actions.preloadImageWithDelay\" data-wp-on--pointerleave=\"actions.cancelPreload\" data-wp-on-window--resize=\"callbacks.setButtonStyles\" src=\"https:\/\/loudavymkrokem.cz\/wp-content\/uploads\/2026\/06\/les-deux-alpes-a-jeho-naruby-prevraceny-3fc56896-scaled.jpg\" alt=\"Les Deux Alpes och dess upp-och-nedv\u00e4nda glaci\u00e4r\" class=\"wp-image-209812\" title=\"\" srcset=\"https:\/\/loudavymkrokem.cz\/wp-content\/uploads\/2026\/06\/les-deux-alpes-a-jeho-naruby-prevraceny-3fc56896-scaled.jpg 1366w, https:\/\/loudavymkrokem.cz\/wp-content\/uploads\/2026\/06\/les-deux-alpes-a-jeho-naruby-prevraceny-3fc56896-200x300.jpg 200w, https:\/\/loudavymkrokem.cz\/wp-content\/uploads\/2026\/06\/les-deux-alpes-a-jeho-naruby-prevraceny-3fc56896-700x1050.jpg 700w, https:\/\/loudavymkrokem.cz\/wp-content\/uploads\/2026\/06\/les-deux-alpes-a-jeho-naruby-prevraceny-3fc56896-768x1152.jpg 768w, https:\/\/loudavymkrokem.cz\/wp-content\/uploads\/2026\/06\/les-deux-alpes-a-jeho-naruby-prevraceny-3fc56896-1024x1536.jpg 1024w, https:\/\/loudavymkrokem.cz\/wp-content\/uploads\/2026\/06\/les-deux-alpes-a-jeho-naruby-prevraceny-3fc56896-1392x2088.jpg 1365w, https:\/\/loudavymkrokem.cz\/wp-content\/uploads\/2026\/06\/les-deux-alpes-a-jeho-naruby-prevraceny-3fc56896-696x1044.jpg 696w\" sizes=\"(max-width: 1366px) 100vw, 1366px\" \/><button\n\t\t\tclass=\"lightbox-trigger\"\n\t\t\ttype=\"button\"\n\t\t\taria-haspopup=\"dialog\"\n\t\t\tdata-wp-bind--aria-label=\"state.thisImage.triggerButtonAriaLabel\"\n\t\t\tdata-wp-init=\"callbacks.initTriggerButton\"\n\t\t\tdata-wp-on--click=\"actions.showLightbox\"\n\t\t\tdata-wp-style--right=\"state.thisImage.buttonRight\"\n\t\t\tdata-wp-style--top=\"state.thisImage.buttonTop\"\n\t\t>\n\t\t\t<svg xmlns=\"http:\/\/www.w3.org\/2000\/svg\" width=\"12\" height=\"12\" fill=\"none\" viewBox=\"0 0 12 12\">\n\t\t\t\t<path fill=\"#fff\" d=\"M2 0a2 2 0 0 0-2 2v2h1.5V2a.5.5 0 0 1 .5-.5h2V0H2Zm2 10.5H2a.5.5 0 0 1-.5-.5V8H0v2a2 2 0 0 0 2 2h2v-1.5ZM8 12v-1.5h2a.5.5 0 0 0 .5-.5V8H12v2a2 2 0 0 1-2 2H8Zm2-12a2 2 0 0 1 2 2v2h-1.5V2a.5.5 0 0 0-.5-.5H8V0h2Z\" \/>\n\t\t\t<\/svg>\n\t\t<\/button><figcaption class=\"wp-element-caption\">Foto: Pline \/ Wikimedia Commons, CC BY-SA 4.0<\/figcaption><\/figure>\n\n\n\n<!-- LKM_GYG_CARD start q=\"francouzske alpy\" lang=\"sv\" --><!-- LKM_GYG_CARD end -->\n\n\n\n\n<div class=\"lk-stays-module\">\n<style>\n\/* \u2500\u2500\u2500 RESET PRO GUTENBERG \u2500\u2500\u2500 *\/\n.lk-stays-module * { box-sizing: border-box; margin: 0; padding: 0; }\n\n\/* \u2500\u2500\u2500 WRAPPER \u2500\u2500\u2500 *\/\n.lk-stays-module {\n  font-family: 'DM Sans', Georgia, sans-serif;\n  max-width: 100%;\n  margin: 2.5rem auto;\n  background: linear-gradient(135deg, #fdfaf5 0%, #fcf8f0 100%);\n  border: 1px solid #e8dfd4;\n  border-radius: 16px;\n  overflow: hidden;\n  box-shadow: 0 16px 48px rgba(195, 159, 118, 0.25), 0 4px 12px rgba(0,0,0,0.08);\n}\n\n\/* \u2500\u2500\u2500 HEADER \u2500\u2500\u2500 *\/\n.lk-stays-header {\n  position: relative;\n  padding: 24px 36px 24px;\n  background: linear-gradient(135deg, #c39f76 0%, #d4b188 60%, #c39f76 100%);\n  border-bottom: 1px solid rgba(255,255,255,.15);\n  display: flex;\n  align-items: center;\n  gap: 18px;\n}\n.lk-stays-header::before {\n  content: '';\n  position: absolute;\n  inset: 0;\n  background: url(\"data:image\/svg+xml,%3Csvg width='60' height='60' viewBox='0 0 60 60' xmlns='http:\/\/www.w3.org\/2000\/svg'%3E%3Cg fill='none' fill-rule='evenodd'%3E%3Cg fill='%23ffffff' fill-opacity='0.05'%3E%3Cpath d='M36 34v-4h-2v4h-4v2h4v4h2v-4h4v-2h-4zm0-30V0h-2v4h-4v2h4v4h2V6h4V4h-4zM6 34v-4H4v4H0v2h4v4h2v-4h4v-2H6zM6 4V0H4v4H0v2h4v4h2V6h4V4H6z'\/%3E%3C\/g%3E%3C\/g%3E%3C\/svg%3E\") repeat;\n  pointer-events: none;\n}\n.lk-stays-icon {\n  flex-shrink: 0;\n  width: 68px;\n  height: 68px;\n  border-radius: 14px;\n  background: linear-gradient(135deg, #fff 0%, #f9f6f0 100%);\n  display: flex;\n  align-items: center;\n  justify-content: center;\n  font-size: 26px;\n  box-shadow: 0 4px 12px rgba(0,0,0,0.15);\n}\n.lk-stays-eyebrow {\n  font-size: 10px;\n  font-weight: 500;\n  letter-spacing: 2.5px;\n  text-transform: uppercase;\n  color: rgba(255,255,255,.85);\n  margin: 0 0 5px 0;\n}\n.lk-stays-title {\n  font-family: 'Playfair Display', Georgia, serif;\n  font-size: 24px;\n  font-weight: 700;\n  color: #fff;\n  line-height: 1.2;\n  text-shadow: 0 1px 2px rgba(0,0,0,0.1);\n  margin: 0;\n}\n.lk-stays-subtitle {\n  font-size: 13px;\n  color: rgba(255,255,255,.75);\n  margin: 4px 0 0 0;\n  font-weight: 300;\n}\n\n\/* \u2500\u2500\u2500 CARDS GRID \u2500\u2500\u2500 *\/\n.lk-stays-grid {\n  display: grid;\n  grid-template-columns: 1fr 1fr;\n  gap: 1px;\n  background: rgba(195, 159, 118, 0.12);\n}\n\n\/* \u2500\u2500\u2500 SINGLE CARD \u2500\u2500\u2500 *\/\n.lk-stay-card {\n  background: #ffffff;\n  padding: 26px;\n  display: flex;\n  flex-direction: column;\n  gap: 11px;\n  transition: all 0.3s ease;\n  text-decoration: none;\n  color: inherit;\n  position: relative;\n}\n.lk-stay-card:hover {\n  background: #fffbf5;\n  transform: translateY(-2px);\n  box-shadow: 0 8px 24px rgba(195, 159, 118, 0.18);\n  z-index: 1;\n}\n.lk-stay-card.featured {\n  background: linear-gradient(135deg, #fffdf9 0%, #fff9f0 100%);\n  box-shadow: 0 4px 16px rgba(195, 159, 118, 0.15), inset 0 1px 0 rgba(195, 159, 118, 0.1);\n}\n.lk-stay-card.featured:hover {\n  background: linear-gradient(135deg, #fffbf5 0%, #fff8ed 100%);\n  box-shadow: 0 8px 24px rgba(195, 159, 118, 0.25), inset 0 1px 0 rgba(195, 159, 118, 0.15);\n}\n\n.lk-stay-badge {\n  display: inline-flex;\n  align-items: center;\n  gap: 5px;\n  font-size: 10px;\n  font-weight: 500;\n  letter-spacing: 1.5px;\n  text-transform: uppercase;\n  padding: 5px 11px;\n  border-radius: 20px;\n  width: fit-content;\n}\n.badge-top     { background: linear-gradient(135deg, #c39f76 0%, #d4b188 100%); color: #fff; border: 1px solid #c39f76; font-weight: 600; box-shadow: 0 2px 8px rgba(195,159,118,0.3); }\n.badge-luxury  { background: rgba(195,159,118,.12); color: #c39f76; border: 1px solid rgba(195,159,118,.25); }\n.badge-boutique{ background: rgba(54,133,252,.08); color: #3685fc; border: 1px solid rgba(54,133,252,.2); }\n.badge-nature  { background: rgba(130,190,100,.1); color: #6b9c4a; border: 1px solid rgba(130,190,100,.2); }\n.badge-remote  { background: rgba(195,159,118,.12); color: #a67e50; border: 1px solid rgba(195,159,118,.25); }\n\n.lk-stay-name {\n  font-family: 'Playfair Display', Georgia, serif;\n  font-size: 18px;\n  font-weight: 700;\n  color: #111827;\n  line-height: 1.3;\n}\n.lk-stay-desc {\n  font-size: 13.5px;\n  color: #525252;\n  line-height: 1.65;\n  font-weight: 300;\n  flex: 1;\n}\n\n.lk-stay-meta {\n  display: flex;\n  align-items: center;\n  gap: 12px;\n  flex-wrap: wrap;\n  margin-top: 4px;\n}\n.lk-stay-price {\n  font-size: 13px;\n  color: #6b7280;\n}\n.lk-stay-price strong {\n  color: #c39f76;\n  font-weight: 500;\n}\n.lk-stay-stars {\n  color: #c39f76;\n  font-size: 11px;\n  letter-spacing: 1px;\n}\n\n\/* \u2500\u2500\u2500 CTA BUTTON \u2500\u2500\u2500 *\/\n.lk-stay-cta {\n  display: inline-flex;\n  align-items: center;\n  justify-content: center;\n  gap: 7px;\n  margin-top: 8px;\n  padding: 11px 20px;\n  border-radius: 8px;\n  background: linear-gradient(135deg, #3685fc 0%, #2a6fd9 100%);\n  color: #fff;\n  font-size: 13px;\n  font-weight: 500;\n  text-decoration: none;\n  letter-spacing: .3px;\n  transition: all .2s ease;\n  cursor: pointer;\n  border: none;\n  text-align: center;\n  box-shadow: 0 4px 12px rgba(54, 133, 252, 0.25);\n}\n.lk-stay-cta:hover {\n  background: linear-gradient(135deg, #2a6fd9 0%, #1e5bc4 100%);\n  transform: translateY(-1px);\n  box-shadow: 0 6px 16px rgba(54, 133, 252, 0.35);\n}\n.lk-stay-cta svg { flex-shrink: 0; }\n\n\/* \u2500\u2500\u2500 FOOTER \u2500\u2500\u2500 *\/\n.lk-stays-footer {\n  padding: 18px 36px;\n  background: linear-gradient(to bottom, #fdfaf5 0%, #f9f4ed 100%);\n  border-top: 1px solid rgba(195, 159, 118, 0.15);\n  display: flex;\n  align-items: center;\n  justify-content: space-between;\n  flex-wrap: wrap;\n  gap: 12px;\n}\n.lk-stays-footer-note {\n  font-size: 11.5px;\n  color: #6b7280;\n  font-weight: 300;\n  line-height: 1.5;\n}\n.lk-stays-footer-note a {\n  color: #c39f76;\n  text-decoration: none;\n  font-weight: 400;\n}\n.lk-stays-footer-note a:hover {\n  text-decoration: underline;\n}\n.lk-stays-all-btn {\n  display: inline-flex;\n  align-items: center;\n  gap: 6px;\n  font-size: 12.5px;\n  font-weight: 500;\n  color: #c39f76;\n  text-decoration: none;\n  border: 1px solid rgba(195, 159, 118, 0.35);\n  padding: 8px 18px;\n  border-radius: 8px;\n  transition: all .2s ease;\n}\n.lk-stays-all-btn:hover {\n  background: rgba(195, 159, 118, 0.08);\n  border-color: rgba(195, 159, 118, 0.5);\n}\n\n\/* \u2500\u2500\u2500 RESPONSIVE \u2500\u2500\u2500 *\/\n@media (max-width: 600px) {\n  .lk-stays-grid { grid-template-columns: 1fr; }\n  .lk-stays-header { padding: 24px 20px; }\n  .lk-stays-footer { padding: 16px 20px; }\n  .lk-stay-card { padding: 22px; }\n  .lk-stays-title { font-size: 20px; }\n}\n<\/style>\n\n  <!-- HEADER -->\n  <div class=\"lk-stays-header\">\n    <img decoding=\"async\" src=\"https:\/\/loudavymkrokem.cz\/wp-content\/uploads\/2026\/02\/lukas-a-lucka.jpg\" alt=\"\" style=\"width: 75px; height: 75px; border-radius: 8px; flex-shrink: 0; object-fit: cover; display: block; margin: 4px 0;\" title=\"\">\n    <div class=\"lk-stays-header-text\">\n      <div class=\"lk-stays-eyebrow\">Luk\u00e1\u0161 och Lucie rekommenderar<\/div>\n      <div class=\"lk-stays-title\">Var man kan bo i de franska Alperna<\/div>\n      <div class=\"lk-stays-subtitle\">4 boenden \u2014 wellnesshotell, hotell och andra boendealternativ<\/div>\n    <\/div>\n  <\/div>\n\n  <!-- CARDS -->\n  <div class=\"lk-stays-grid\">\n\n    <a class=\"lk-stay-card featured\" href=\"https:\/\/www.stay22.com\/allez\/roam?aid=lukaskonecny&#038;campaign=loudavymkrokemcz&#038;campaign=sv&#038;campaign=lyzovani-francouzske-alpy&#038;hotelname=Hotel%20Le%20Chablis&#038;address=Ly%C5%BEov%C3%A1n%C3%AD%20ve%20francouzsk%C3%BDch%20Alp%C3%A1ch%2C%20Francie\" target=\"_blank\" rel=\"nofollow noopener\">\n      <span class=\"lk-stay-badge badge-top\">\u2b50 TOPPVAL<\/span>\n      <span class=\"lk-stay-badge badge-nature\">\ud83c\udfe8 Hotell<\/span>\n      <div class=\"lk-stay-name\">Hotel Le Chablis<\/div>\n      <div class=\"lk-stay-desc\">H\u00f6gt betygsatt hotell i Les Houches som erbjuder mysiga rum, fantastiska frukoster och ligger bara ett stenkast fr\u00e5n huvudlinbanan.<\/div>\n      <div class=\"lk-stay-meta\">\n        <span class=\"lk-stay-stars\">\u2605\u2605\u2605\u2605<\/span>\n        <span class=\"lk-stay-price\">Kontrollera priser<\/span>\n      <\/div>\n      <span class=\"lk-stay-cta\">\n        <svg width=\"14\" height=\"14\" viewBox=\"0 0 24 24\" fill=\"none\" stroke=\"currentColor\" stroke-width=\"2\"><path d=\"M18 13v6a2 2 0 0 1-2 2H5a2 2 0 0 1-2-2V8a2 2 0 0 1 2-2h6\"\/><polyline points=\"15 3 21 3 21 9\"\/><line x1=\"10\" y1=\"14\" x2=\"21\" y2=\"3\"\/><\/svg>\n        Kontrollera tillg\u00e4nglighet\n      <\/span>\n    <\/a>\n\n    <a class=\"lk-stay-card\" href=\"https:\/\/www.stay22.com\/allez\/roam?aid=lukaskonecny&#038;campaign=loudavymkrokemcz&#038;campaign=sv&#038;campaign=lyzovanifrancouzskealpy&#038;address=francouzsk%C3%A9+Alpy&#038;hotelname=Hotel+Pashmina+Le+Refuge&#038;search=Hotel+Pashmina+Le+Refuge&#038;category=accommodation\" target=\"_blank\" rel=\"nofollow noopener\">\n      <span class=\"lk-stay-badge badge-nature\">\u2b50 Luxury<\/span>\n      <div class=\"lk-stay-name\">Hotel Pashmina Le Refuge<\/div>\n      <div class=\"lk-stay-desc\">Lyxigt hotell direkt vid pisten i Val Thorens med underbart spa och hisnande utsikt \u00f6ver sn\u00f6t\u00e4ckta toppar.<\/div>\n      <div class=\"lk-stay-meta\">\n        <span class=\"lk-stay-stars\">\u2605\u2605\u2605\u2605<\/span>\n        <span class=\"lk-stay-price\">Kontrollera priser<\/span>\n      <\/div>\n      <span class=\"lk-stay-cta\">\n        <svg width=\"14\" height=\"14\" viewBox=\"0 0 24 24\" fill=\"none\" stroke=\"currentColor\" stroke-width=\"2\"><path d=\"M18 13v6a2 2 0 0 1-2 2H5a2 2 0 0 1-2-2V8a2 2 0 0 1 2-2h6\"\/><polyline points=\"15 3 21 3 21 9\"\/><line x1=\"10\" y1=\"14\" x2=\"21\" y2=\"3\"\/><\/svg>\n        Kontrollera tillg\u00e4nglighet\n      <\/span>\n    <\/a>\n\n    <a class=\"lk-stay-card\" href=\"https:\/\/www.stay22.com\/allez\/roam?aid=lukaskonecny&#038;campaign=loudavymkrokemcz&#038;campaign=sv&#038;campaign=lyzovanifrancouzskealpy&#038;address=francouzsk%C3%A9+Alpy&#038;hotelname=H%C3%A9liopic+Hotel+%26+Spa&#038;search=H%C3%A9liopic+Hotel+%26+Spa&#038;category=accommodation\" target=\"_blank\" rel=\"nofollow noopener\">\n      <span class=\"lk-stay-badge badge-nature\">\u2b50 Luxury<\/span>\n      <div class=\"lk-stay-name\">H\u00e9liopic Hotel &#038; Spa<\/div>\n      <div class=\"lk-stay-desc\">Mycket popul\u00e4rt designhotell i Chamonix-dalen, som ligger strategiskt direkt vid linbanans nedre station till Aiguille du Midi. Efter en kr\u00e4vande dag kan du koppla av i spaet.<\/div>\n      <div class=\"lk-stay-meta\">\n        <span class=\"lk-stay-stars\">\u2605\u2605\u2605\u2605<\/span>\n        <span class=\"lk-stay-price\">Kontrollera priser<\/span>\n      <\/div>\n      <span class=\"lk-stay-cta\">\n        <svg width=\"14\" height=\"14\" viewBox=\"0 0 24 24\" fill=\"none\" stroke=\"currentColor\" stroke-width=\"2\"><path d=\"M18 13v6a2 2 0 0 1-2 2H5a2 2 0 0 1-2-2V8a2 2 0 0 1 2-2h6\"\/><polyline points=\"15 3 21 3 21 9\"\/><line x1=\"10\" y1=\"14\" x2=\"21\" y2=\"3\"\/><\/svg>\n        Kontrollera tillg\u00e4nglighet\n      <\/span>\n    <\/a>\n\n    <a class=\"lk-stay-card\" href=\"https:\/\/www.stay22.com\/allez\/roam?aid=lukaskonecny&#038;campaign=loudavymkrokemcz&#038;campaign=sv&#038;campaign=lyzovanifrancouzskealpy&#038;address=francouzsk\u00e9%20alpy\" target=\"_blank\" rel=\"nofollow noopener\">\n      <span class=\"lk-stay-badge badge-nature\">\ud83d\udd0d S\u00f6k<\/span>\n      <div class=\"lk-stay-name\">Visa alla boenden i de franska Alperna<\/div>\n      <div class=\"lk-stay-desc\">Utforska alla tillg\u00e4ngliga boendealternativ i de franska Alperna och hitta det b\u00e4sta enligt dina preferenser och budget.<\/div>\n      <div class=\"lk-stay-meta\">\n        <span class=\"lk-stay-stars\">\u2605\u2605\u2605\u2605<\/span>\n        <span class=\"lk-stay-price\">J\u00e4mf\u00f6r priser<\/span>\n      <\/div>\n      <span class=\"lk-stay-cta\">\n        <svg width=\"14\" height=\"14\" viewBox=\"0 0 24 24\" fill=\"none\" stroke=\"currentColor\" stroke-width=\"2\"><path d=\"M18 13v6a2 2 0 0 1-2 2H5a2 2 0 0 1-2-2V8a2 2 0 0 1 2-2h6\"\/><polyline points=\"15 3 21 3 21 9\"\/><line x1=\"10\" y1=\"14\" x2=\"21\" y2=\"3\"\/><\/svg>\n        Kontrollera tillg\u00e4nglighet\n      <\/span>\n    <\/a>\n\n  <\/div>\n\n  \n<\/div>\n\n\n\n\n<h3 class=\"wp-block-heading\"><span class=\"ez-toc-section\" id=\"7_Les_Deux_Alpes_och_dess_upp-och-nedvanda_glaciar\"><\/span>7. Les Deux Alpes och dess upp-och-nedv\u00e4nda glaci\u00e4r<span class=\"ez-toc-section-end\"><\/span><\/h3>\n\n\n\n<p class=\"wp-block-paragraph\">Orten Les Deux Alpes \u00e4r i m\u00e5nga avseenden helt unik och trotsar lite grann de vanliga bergens fysiska lagar. Den har n\u00e4mligen en <strong>helt omv\u00e4nd topografi j\u00e4mf\u00f6rt med de flesta andra skidomr\u00e5den<\/strong> i Europa. De brantaste och mest kr\u00e4vande svarta pisterna hittar du l\u00e4ngst ner precis ovanf\u00f6r byn, medan plat\u00e5erna blir plattare och \u00f6verlag mildare ju h\u00f6gre upp du \u00e5ker med linbanan. Toppen av hela omr\u00e5det utg\u00f6rs n\u00e4mligen av den enorma och l\u00e5ngsluttande glaci\u00e4ren Mantel, d\u00e4r du hittar de allra enklaste bl\u00e5 motorv\u00e4garna f\u00f6r nyb\u00f6rjare.<\/p>\n\n\n\n<p class=\"wp-block-paragraph\">Den vidstr\u00e4ckta glaci\u00e4ren, som ligger p\u00e5 en respektingivande h\u00f6jd av 3600 meter, \u00e4r ocks\u00e5 <strong>en enorm dragpl\u00e5ster f\u00f6r freestyle\u00e5kare och entusiastiska snowboard\u00e5kare<\/strong>. Varje sommar byggs n\u00e4mligen en av Europas st\u00f6rsta och h\u00f6gst rankade snowparks h\u00e4r, dit proffs fr\u00e5n hela v\u00e4rlden samlas f\u00f6r att tr\u00e4na sv\u00e5ra hopp ner i j\u00e4ttelika luftkuddar och \u00e5ka i perfekt fr\u00e4sta halfpipes under sommarsolen.<\/p>\n\n\n\n<p class=\"wp-block-paragraph\">\ud83d\udca1 Tips: Var alltid mycket f\u00f6rsiktig n\u00e4r du \u00e5ker ner fr\u00e5n glaci\u00e4ren tillbaka till dalen p\u00e5 eftermiddagen. P\u00e5 grund av den omv\u00e4nda topografin m\u00e5ste du allra sist p\u00e5 dagen <strong>ta dig f\u00f6rbi mycket branta och ofta obehagligt isiga partier<\/strong>, d\u00e4r hundratals tr\u00f6tta skid\u00e5kare p\u00e5 v\u00e4g mot hotellen tr\u00e4ngs i de smala flaskhalsarna.<\/p>\n\n\n\n<figure data-wp-context=\"{&quot;imageId&quot;:&quot;6a9adae7a5246&quot;}\" data-wp-interactive=\"core\/image\" data-wp-key=\"6a9adae7a5246\" class=\"wp-block-image size-full wp-lightbox-container\"><img decoding=\"async\" width=\"1920\" height=\"1081\" data-wp-class--hide=\"state.isContentHidden\" data-wp-class--show=\"state.isContentVisible\" data-wp-init=\"callbacks.setButtonStyles\" data-wp-on--click=\"actions.showLightbox\" data-wp-on--load=\"callbacks.setButtonStyles\" data-wp-on--pointerdown=\"actions.preloadImage\" data-wp-on--pointerenter=\"actions.preloadImageWithDelay\" data-wp-on--pointerleave=\"actions.cancelPreload\" data-wp-on-window--resize=\"callbacks.setButtonStyles\" src=\"https:\/\/loudavymkrokem.cz\/wp-content\/uploads\/2026\/06\/la-plagne-a-les-arcs-spojene-v-obrim-par-69b7b752.jpg\" alt=\"La Plagne och Les Arcs sammanslagna i j\u00e4ttelika Paradiski\" class=\"wp-image-209816\" title=\"\" srcset=\"https:\/\/loudavymkrokem.cz\/wp-content\/uploads\/2026\/06\/la-plagne-a-les-arcs-spojene-v-obrim-par-69b7b752.jpg 1920w, https:\/\/loudavymkrokem.cz\/wp-content\/uploads\/2026\/06\/la-plagne-a-les-arcs-spojene-v-obrim-par-69b7b752-300x169.jpg 300w, https:\/\/loudavymkrokem.cz\/wp-content\/uploads\/2026\/06\/la-plagne-a-les-arcs-spojene-v-obrim-par-69b7b752-700x394.jpg 700w, https:\/\/loudavymkrokem.cz\/wp-content\/uploads\/2026\/06\/la-plagne-a-les-arcs-spojene-v-obrim-par-69b7b752-768x432.jpg 768w, https:\/\/loudavymkrokem.cz\/wp-content\/uploads\/2026\/06\/la-plagne-a-les-arcs-spojene-v-obrim-par-69b7b752-1536x865.jpg 1536w, https:\/\/loudavymkrokem.cz\/wp-content\/uploads\/2026\/06\/la-plagne-a-les-arcs-spojene-v-obrim-par-69b7b752-696x392.jpg 696w, https:\/\/loudavymkrokem.cz\/wp-content\/uploads\/2026\/06\/la-plagne-a-les-arcs-spojene-v-obrim-par-69b7b752-1392x784.jpg 1392w\" sizes=\"(max-width: 1920px) 100vw, 1920px\" \/><button\n\t\t\tclass=\"lightbox-trigger\"\n\t\t\ttype=\"button\"\n\t\t\taria-haspopup=\"dialog\"\n\t\t\tdata-wp-bind--aria-label=\"state.thisImage.triggerButtonAriaLabel\"\n\t\t\tdata-wp-init=\"callbacks.initTriggerButton\"\n\t\t\tdata-wp-on--click=\"actions.showLightbox\"\n\t\t\tdata-wp-style--right=\"state.thisImage.buttonRight\"\n\t\t\tdata-wp-style--top=\"state.thisImage.buttonTop\"\n\t\t>\n\t\t\t<svg xmlns=\"http:\/\/www.w3.org\/2000\/svg\" width=\"12\" height=\"12\" fill=\"none\" viewBox=\"0 0 12 12\">\n\t\t\t\t<path fill=\"#fff\" d=\"M2 0a2 2 0 0 0-2 2v2h1.5V2a.5.5 0 0 1 .5-.5h2V0H2Zm2 10.5H2a.5.5 0 0 1-.5-.5V8H0v2a2 2 0 0 0 2 2h2v-1.5ZM8 12v-1.5h2a.5.5 0 0 0 .5-.5V8H12v2a2 2 0 0 1-2 2H8Zm2-12a2 2 0 0 1 2 2v2h-1.5V2a.5.5 0 0 0-.5-.5H8V0h2Z\" \/>\n\t\t\t<\/svg>\n\t\t<\/button><figcaption class=\"wp-element-caption\">Foto: Andreas Eichler \/ Wikimedia Commons, CC BY-SA 4.0<\/figcaption><\/figure>\n\n\n\n<h3 class=\"wp-block-heading\"><span class=\"ez-toc-section\" id=\"8_La_Plagne_och_Les_Arcs_sammanslagna_i_jattelika_Paradiski\"><\/span>8. La Plagne och Les Arcs sammanslagna i j\u00e4ttelika Paradiski<span class=\"ez-toc-section-end\"><\/span><\/h3>\n\n\n\n<p class=\"wp-block-paragraph\">De tv\u00e5 enorma och mycket popul\u00e4ra orterna La Plagne och Les Arcs best\u00e4mde sig vid millennieskiftet f\u00f6r att sl\u00e5 ihop sina krafter och skapade ett gigantiskt omr\u00e5de vid namn Paradiski, som erbjuder skid\u00e5kare hela 425 kilometer str\u00e5lande pister. F\u00f6r att binda samman dem fick fransm\u00e4nnen bygga ett riktigt ingenj\u00f6rsunder. Linbanan Vanoise Express \u00e4r en <strong>enorm tv\u00e5v\u00e5ningskabin som rymmer respektingivande 200 personer samtidigt<\/strong> och tar sig \u00f6ver den djupa och branta dalen helt utan en enda st\u00f6dpelare, vilket \u00e4r en upplevelse i sig.<\/p>\n\n\n\n<p class=\"wp-block-paragraph\">Medan La Plagne till sin karakt\u00e4r \u00e4r snarare mildare och inriktat p\u00e5 avslappnad familjeskid\u00e5kning med mycket breda bl\u00e5 motorv\u00e4gar, <strong>erbjuder Les Arcs betydligt sportigare och brantare terr\u00e4nger<\/strong> smart g\u00f6mda i skogen. B\u00e5da orterna driver \u00e5terigen kompromissl\u00f6st den popul\u00e4ra ski-in ski-out-filosofin, s\u00e5 h\u00e4r hittar du massor av enorma l\u00e4genhetskomplex som arkitektoniskt visserligen inte vinner n\u00e5got sk\u00f6nhetspris, men som \u00e4r oerh\u00f6rt praktiska f\u00f6r en vintersemester.<\/p>\n\n\n\n<p class=\"wp-block-paragraph\">\ud83d\udca1 Tips: Om du bes\u00f6ker Les Arcs f\u00e5r du absolut inte missa <strong>den legendariska pisten Aiguille Rouge<\/strong>, som kompromissl\u00f6st faller fr\u00e5n \u00f6ver tre tusen meters h\u00f6jd \u00e4nda ner till den pittoreska byn Villaroger. Den h\u00e4r \u00e4ndl\u00f6sa nedfarten har en h\u00f6jdskillnad p\u00e5 \u00f6ver tv\u00e5 kilometer och br\u00e4nner garanterat dina l\u00e5r.<\/p>\n\n\n\n<figure data-wp-context=\"{&quot;imageId&quot;:&quot;6a9adae7a5785&quot;}\" data-wp-interactive=\"core\/image\" data-wp-key=\"6a9adae7a5785\" class=\"wp-block-image size-full wp-lightbox-container\"><img decoding=\"async\" width=\"1920\" height=\"1280\" data-wp-class--hide=\"state.isContentHidden\" data-wp-class--show=\"state.isContentVisible\" data-wp-init=\"callbacks.setButtonStyles\" data-wp-on--click=\"actions.showLightbox\" data-wp-on--load=\"callbacks.setButtonStyles\" data-wp-on--pointerdown=\"actions.preloadImage\" data-wp-on--pointerenter=\"actions.preloadImageWithDelay\" data-wp-on--pointerleave=\"actions.cancelPreload\" data-wp-on-window--resize=\"callbacks.setButtonStyles\" src=\"https:\/\/loudavymkrokem.cz\/wp-content\/uploads\/2026\/06\/chamonix-mont-blanc-jako-pulzujici-mekka-76573f13.jpg\" alt=\"Chamonix-Mont-Blanc som ett pulserande mecka f\u00f6r alpinism\" class=\"wp-image-209821\" title=\"\" srcset=\"https:\/\/loudavymkrokem.cz\/wp-content\/uploads\/2026\/06\/chamonix-mont-blanc-jako-pulzujici-mekka-76573f13.jpg 1920w, https:\/\/loudavymkrokem.cz\/wp-content\/uploads\/2026\/06\/chamonix-mont-blanc-jako-pulzujici-mekka-76573f13-300x200.jpg 300w, https:\/\/loudavymkrokem.cz\/wp-content\/uploads\/2026\/06\/chamonix-mont-blanc-jako-pulzujici-mekka-76573f13-700x467.jpg 700w, https:\/\/loudavymkrokem.cz\/wp-content\/uploads\/2026\/06\/chamonix-mont-blanc-jako-pulzujici-mekka-76573f13-768x512.jpg 768w, https:\/\/loudavymkrokem.cz\/wp-content\/uploads\/2026\/06\/chamonix-mont-blanc-jako-pulzujici-mekka-76573f13-1536x1024.jpg 1536w, https:\/\/loudavymkrokem.cz\/wp-content\/uploads\/2026\/06\/chamonix-mont-blanc-jako-pulzujici-mekka-76573f13-696x464.jpg 696w, https:\/\/loudavymkrokem.cz\/wp-content\/uploads\/2026\/06\/chamonix-mont-blanc-jako-pulzujici-mekka-76573f13-1392x928.jpg 1392w\" sizes=\"(max-width: 1920px) 100vw, 1920px\" \/><button\n\t\t\tclass=\"lightbox-trigger\"\n\t\t\ttype=\"button\"\n\t\t\taria-haspopup=\"dialog\"\n\t\t\tdata-wp-bind--aria-label=\"state.thisImage.triggerButtonAriaLabel\"\n\t\t\tdata-wp-init=\"callbacks.initTriggerButton\"\n\t\t\tdata-wp-on--click=\"actions.showLightbox\"\n\t\t\tdata-wp-style--right=\"state.thisImage.buttonRight\"\n\t\t\tdata-wp-style--top=\"state.thisImage.buttonTop\"\n\t\t>\n\t\t\t<svg xmlns=\"http:\/\/www.w3.org\/2000\/svg\" width=\"12\" height=\"12\" fill=\"none\" viewBox=\"0 0 12 12\">\n\t\t\t\t<path fill=\"#fff\" d=\"M2 0a2 2 0 0 0-2 2v2h1.5V2a.5.5 0 0 1 .5-.5h2V0H2Zm2 10.5H2a.5.5 0 0 1-.5-.5V8H0v2a2 2 0 0 0 2 2h2v-1.5ZM8 12v-1.5h2a.5.5 0 0 0 .5-.5V8H12v2a2 2 0 0 1-2 2H8Zm2-12a2 2 0 0 1 2 2v2h-1.5V2a.5.5 0 0 0-.5-.5H8V0h2Z\" \/>\n\t\t\t<\/svg>\n\t\t<\/button><figcaption class=\"wp-element-caption\">Foto: Ximonic, Simo R\u00e4s\u00e4nen \/ Wikimedia Commons, CC BY-SA 3.0<\/figcaption><\/figure>\n\n\n\n<h3 class=\"wp-block-heading\"><span class=\"ez-toc-section\" id=\"9_Chamonix-Mont-Blanc_som_ett_pulserande_mecka_for_alpinism\"><\/span>9. Chamonix-Mont-Blanc som ett pulserande mecka f\u00f6r alpinism<span class=\"ez-toc-section-end\"><\/span><\/h3>\n\n\n\n<p class=\"wp-block-paragraph\">Chamonix \u00e4r definitivt ingen vanlig lugn bergsstad med mysiga l\u00e4genheter f\u00f6r barnfamiljer, det \u00e4r ett riktigt h\u00f6gfj\u00e4llsmecka. Det h\u00e4r <strong>pulserande basl\u00e4gret f\u00f6r europeisk alpinism<\/strong> har en helt otrolig atmosf\u00e4r, d\u00e4r du p\u00e5 gatorna m\u00f6ter en m\u00e4rklig blandning av japanska turister med enorma kameror, bronsbruna bergskl\u00e4ttrare beh\u00e4ngda med karbinhakar och tuffa freeriders som redan tidigt p\u00e5 morgonen ot\u00e5ligt v\u00e4ntar p\u00e5 den f\u00f6rsta djupa pudern.<\/p>\n\n\n\n<p class=\"wp-block-paragraph\">Staden ligger fast inkl\u00e4md i en djup dal och direkt ovanf\u00f6r den <strong>reser sig Mont Blanc-massivet som en ogenomtr\u00e4nglig och majest\u00e4tisk vit mur<\/strong>. Varje g\u00e5ng du lyfter blicken mot himlen ser du s\u00f6nderslitna glaci\u00e4rer som likt o\u00e4ndliga frusna floder kryper nedf\u00f6r de branta sluttningarna mot staden. Chamonix har \u00f6verlag ett mycket k\u00e4rvare och sportigare hum\u00f6r \u00e4n de tillr\u00e4ttalagda \u00f6sterrikiska orterna, och i de lokala barerna diskuteras det p\u00e5 kv\u00e4llarna snarare lavinfara och aktuella f\u00f6rh\u00e5llanden i glaci\u00e4rsprickorna \u00e4n lyxigt mode.<\/p>\n\n\n<p><!-- GYG:Chamonix --><\/p>\n\n\n<p class=\"wp-block-paragraph\">\ud83d\udca1 Tips: Om du vill ta med dig n\u00e5got riktigt of\u00f6rgl\u00f6mligt fr\u00e5n bergen ska du kolla in tandemflygningar med sk\u00e4rm. Dessa <strong>hisnande paraglidingflygningar \u00f6ver Chamonix-dalen<\/strong> kan du enkelt boka i f\u00f6rv\u00e4g till exempel via plattformen GetYourGuide, och det \u00e4r en helt fantastisk upplevelse f\u00f6r livet.<\/p>\n\n\n\n<figure data-wp-context=\"{&quot;imageId&quot;:&quot;6a9adae7a5d10&quot;}\" data-wp-interactive=\"core\/image\" data-wp-key=\"6a9adae7a5d10\" class=\"wp-block-image size-full wp-lightbox-container\"><img decoding=\"async\" width=\"1782\" height=\"2048\" data-wp-class--hide=\"state.isContentHidden\" data-wp-class--show=\"state.isContentVisible\" data-wp-init=\"callbacks.setButtonStyles\" data-wp-on--click=\"actions.showLightbox\" data-wp-on--load=\"callbacks.setButtonStyles\" data-wp-on--pointerdown=\"actions.preloadImage\" data-wp-on--pointerenter=\"actions.preloadImageWithDelay\" data-wp-on--pointerleave=\"actions.cancelPreload\" data-wp-on-window--resize=\"callbacks.setButtonStyles\" src=\"https:\/\/loudavymkrokem.cz\/wp-content\/uploads\/2026\/06\/aiguille-du-midi-predstavuje-listek-do-s-6d10b142.jpg\" alt=\"Aiguille du Midi \u00e4r biljetten till stratosf\u00e4ren\" class=\"wp-image-209826\" title=\"\" srcset=\"https:\/\/loudavymkrokem.cz\/wp-content\/uploads\/2026\/06\/aiguille-du-midi-predstavuje-listek-do-s-6d10b142.jpg 1782w, https:\/\/loudavymkrokem.cz\/wp-content\/uploads\/2026\/06\/aiguille-du-midi-predstavuje-listek-do-s-6d10b142-261x300.jpg 261w, https:\/\/loudavymkrokem.cz\/wp-content\/uploads\/2026\/06\/aiguille-du-midi-predstavuje-listek-do-s-6d10b142-700x804.jpg 700w, https:\/\/loudavymkrokem.cz\/wp-content\/uploads\/2026\/06\/aiguille-du-midi-predstavuje-listek-do-s-6d10b142-768x882.jpg 768w, https:\/\/loudavymkrokem.cz\/wp-content\/uploads\/2026\/06\/aiguille-du-midi-predstavuje-listek-do-s-6d10b142-1337x1536.jpg 1337w, https:\/\/loudavymkrokem.cz\/wp-content\/uploads\/2026\/06\/aiguille-du-midi-predstavuje-listek-do-s-6d10b142-696x800.jpg 696w, https:\/\/loudavymkrokem.cz\/wp-content\/uploads\/2026\/06\/aiguille-du-midi-predstavuje-listek-do-s-6d10b142-1392x1599.jpg 1392w\" sizes=\"(max-width: 1782px) 100vw, 1782px\" \/><button\n\t\t\tclass=\"lightbox-trigger\"\n\t\t\ttype=\"button\"\n\t\t\taria-haspopup=\"dialog\"\n\t\t\tdata-wp-bind--aria-label=\"state.thisImage.triggerButtonAriaLabel\"\n\t\t\tdata-wp-init=\"callbacks.initTriggerButton\"\n\t\t\tdata-wp-on--click=\"actions.showLightbox\"\n\t\t\tdata-wp-style--right=\"state.thisImage.buttonRight\"\n\t\t\tdata-wp-style--top=\"state.thisImage.buttonTop\"\n\t\t>\n\t\t\t<svg xmlns=\"http:\/\/www.w3.org\/2000\/svg\" width=\"12\" height=\"12\" fill=\"none\" viewBox=\"0 0 12 12\">\n\t\t\t\t<path fill=\"#fff\" d=\"M2 0a2 2 0 0 0-2 2v2h1.5V2a.5.5 0 0 1 .5-.5h2V0H2Zm2 10.5H2a.5.5 0 0 1-.5-.5V8H0v2a2 2 0 0 0 2 2h2v-1.5ZM8 12v-1.5h2a.5.5 0 0 0 .5-.5V8H12v2a2 2 0 0 1-2 2H8Zm2-12a2 2 0 0 1 2 2v2h-1.5V2a.5.5 0 0 0-.5-.5H8V0h2Z\" \/>\n\t\t\t<\/svg>\n\t\t<\/button><figcaption class=\"wp-element-caption\">Foto: Benh LIEU SONG \/ Wikimedia Commons, CC BY-SA 3.0<\/figcaption><\/figure>\n\n\n\n<h3 class=\"wp-block-heading\"><span class=\"ez-toc-section\" id=\"10_Aiguille_du_Midi_ar_biljetten_till_stratosfaren\"><\/span>10. Aiguille du Midi \u00e4r biljetten till stratosf\u00e4ren<span class=\"ez-toc-section-end\"><\/span><\/h3>\n\n\n\n<p class=\"wp-block-paragraph\">Om du bara har tid f\u00f6r en enda stor attraktion i Chamonix m\u00e5ste det utan diskussion vara den h\u00e4r otroliga linbanan. Aiguille du Midi med toppen p\u00e5 3842 meter \u00e4r en tandad klipptopp, p\u00e5 vars kr\u00f6n ett komplicerat komplex av terrasser och utsiktsplatser balanserar, <strong>som vid f\u00f6rsta anblicken ser ut som en hemlig bas ur en Bondfilm<\/strong>. Sj\u00e4lva resan upp \u00e4r en stark fysisk upplevelse, eftersom linbanan tar sig \u00f6ver en enorm h\u00f6jdskillnad utan en enda st\u00f6dpelare, och n\u00e4r den gungar \u00f6ver klippkanten \u00f6ver en kilometerdjup avgrund tappar folk i kabinen garanterat andan.<\/p>\n\n\n\n<p class=\"wp-block-paragraph\">Uppe v\u00e4ntar en h\u00e5rd sm\u00e4ll i form av mycket tunn luft, d\u00e4r det finns ungef\u00e4r 40 procent mindre syre \u00e4n vid havet. Bel\u00f6ningen blir dock en <strong>absolut och o\u00f6vertr\u00e4ffad utsikt \u00f6ver Mont Blanc-massivet<\/strong> och m\u00f6jligheten att prova det s\u00e5 kallade Steget ut i tomrummet, en glasbur upph\u00e4ngd direkt \u00f6ver avgrunden. En tur och retur-biljett kostar dig 81 euro under vinter- och v\u00e5rs\u00e4songen och fr\u00e5n juni stiger priset till 83 euro, och en tidsbokning \u00e4r helt n\u00f6dv\u00e4ndig.<\/p>\n\n\n\n<p class=\"wp-block-paragraph\">\ud83d\udca1 Tips: Jag har en mycket kritisk varning till dig f\u00f6r 2026. Fr\u00e5n den 25 maj <strong>st\u00e4ngs huvudterrassen med utsikt helt i fyra till fem veckor<\/strong> p\u00e5 grund av en komplicerad renovering. Komplexet blir delvis tillg\u00e4ngligt, men den mest ikoniska utsikten blir tyv\u00e4rr kraftigt begr\u00e4nsad.<\/p>\n\n\n\n<figure data-wp-context=\"{&quot;imageId&quot;:&quot;6a9adae7a63eb&quot;}\" data-wp-interactive=\"core\/image\" data-wp-key=\"6a9adae7a63eb\" class=\"wp-block-image size-full wp-lightbox-container\"><img decoding=\"async\" width=\"1920\" height=\"1440\" data-wp-class--hide=\"state.isContentHidden\" data-wp-class--show=\"state.isContentVisible\" data-wp-init=\"callbacks.setButtonStyles\" data-wp-on--click=\"actions.showLightbox\" data-wp-on--load=\"callbacks.setButtonStyles\" data-wp-on--pointerdown=\"actions.preloadImage\" data-wp-on--pointerenter=\"actions.preloadImageWithDelay\" data-wp-on--pointerleave=\"actions.cancelPreload\" data-wp-on-window--resize=\"callbacks.setButtonStyles\" src=\"https:\/\/loudavymkrokem.cz\/wp-content\/uploads\/2026\/06\/mer-de-glace-vypravi-smutny-pribeh-mizej-0fbce509.jpg\" alt=\"Mer de Glace ber\u00e4ttar den sorgliga historien om en sm\u00e4ltande glaci\u00e4r\" class=\"wp-image-209831\" title=\"\" srcset=\"https:\/\/loudavymkrokem.cz\/wp-content\/uploads\/2026\/06\/mer-de-glace-vypravi-smutny-pribeh-mizej-0fbce509.jpg 1920w, https:\/\/loudavymkrokem.cz\/wp-content\/uploads\/2026\/06\/mer-de-glace-vypravi-smutny-pribeh-mizej-0fbce509-300x225.jpg 300w, https:\/\/loudavymkrokem.cz\/wp-content\/uploads\/2026\/06\/mer-de-glace-vypravi-smutny-pribeh-mizej-0fbce509-700x525.jpg 700w, https:\/\/loudavymkrokem.cz\/wp-content\/uploads\/2026\/06\/mer-de-glace-vypravi-smutny-pribeh-mizej-0fbce509-768x576.jpg 768w, https:\/\/loudavymkrokem.cz\/wp-content\/uploads\/2026\/06\/mer-de-glace-vypravi-smutny-pribeh-mizej-0fbce509-1536x1152.jpg 1536w, https:\/\/loudavymkrokem.cz\/wp-content\/uploads\/2026\/06\/mer-de-glace-vypravi-smutny-pribeh-mizej-0fbce509-80x60.jpg 80w, https:\/\/loudavymkrokem.cz\/wp-content\/uploads\/2026\/06\/mer-de-glace-vypravi-smutny-pribeh-mizej-0fbce509-160x120.jpg 160w, https:\/\/loudavymkrokem.cz\/wp-content\/uploads\/2026\/06\/mer-de-glace-vypravi-smutny-pribeh-mizej-0fbce509-696x522.jpg 696w, https:\/\/loudavymkrokem.cz\/wp-content\/uploads\/2026\/06\/mer-de-glace-vypravi-smutny-pribeh-mizej-0fbce509-1392x1044.jpg 1392w\" sizes=\"(max-width: 1920px) 100vw, 1920px\" \/><button\n\t\t\tclass=\"lightbox-trigger\"\n\t\t\ttype=\"button\"\n\t\t\taria-haspopup=\"dialog\"\n\t\t\tdata-wp-bind--aria-label=\"state.thisImage.triggerButtonAriaLabel\"\n\t\t\tdata-wp-init=\"callbacks.initTriggerButton\"\n\t\t\tdata-wp-on--click=\"actions.showLightbox\"\n\t\t\tdata-wp-style--right=\"state.thisImage.buttonRight\"\n\t\t\tdata-wp-style--top=\"state.thisImage.buttonTop\"\n\t\t>\n\t\t\t<svg xmlns=\"http:\/\/www.w3.org\/2000\/svg\" width=\"12\" height=\"12\" fill=\"none\" viewBox=\"0 0 12 12\">\n\t\t\t\t<path fill=\"#fff\" d=\"M2 0a2 2 0 0 0-2 2v2h1.5V2a.5.5 0 0 1 .5-.5h2V0H2Zm2 10.5H2a.5.5 0 0 1-.5-.5V8H0v2a2 2 0 0 0 2 2h2v-1.5ZM8 12v-1.5h2a.5.5 0 0 0 .5-.5V8H12v2a2 2 0 0 1-2 2H8Zm2-12a2 2 0 0 1 2 2v2h-1.5V2a.5.5 0 0 0-.5-.5H8V0h2Z\" \/>\n\t\t\t<\/svg>\n\t\t<\/button><figcaption class=\"wp-element-caption\">Foto: SNappa2006 (https:\/\/www.flickr.com\/people\/snappa2006\/) \/ Wikimedia Commons, CC BY 2.0<\/figcaption><\/figure>\n\n\n\n<h3 class=\"wp-block-heading\"><span class=\"ez-toc-section\" id=\"11_Mer_de_Glace_berattar_den_sorgliga_historien_om_en_smaltande_glaciar\"><\/span>11. Mer de Glace ber\u00e4ttar den sorgliga historien om en sm\u00e4ltande glaci\u00e4r<span class=\"ez-toc-section-end\"><\/span><\/h3>\n\n\n\n<p class=\"wp-block-paragraph\">Den andra b\u00e4rande pelaren i Chamonix turism \u00e4r fascinerande Mer de Glace, som i \u00f6vers\u00e4ttning passande betyder Ishavet. Dit tar dig dock ingen vanlig linbana, utan <strong>det historiska kuggt\u00e5get Tramway de Montenvers<\/strong>, som redan sedan 1908 tr\u00e4get kl\u00e4ttrar genom t\u00e4ta tallskogar fr\u00e5n Chamonix upp till knappt tv\u00e5 tusen meters h\u00f6jd. F\u00e4rden i de ikoniska r\u00f6da historiska vagnarna \u00e4r otroligt romantisk och hela v\u00e4gen upp bjuder p\u00e5 fina utsikter \u00f6ver den gr\u00f6na dalen.<\/p>\n\n\n\n<p class=\"wp-block-paragraph\">V\u00e4l p\u00e5 plats v\u00e4ntar dock en snarare h\u00e5rd och p\u00e5taglig l\u00e4xa om den p\u00e5g\u00e5ende klimatf\u00f6r\u00e4ndringen, f\u00f6r <strong>denna en g\u00e5ng m\u00e4ktiga glaci\u00e4r drar sig tillbaka i verkligt skr\u00e4mmande takt<\/strong>. F\u00f6rr n\u00e5dde den \u00e4nda fram till sj\u00e4lva t\u00e5gstationen, idag m\u00e5ste du djupt ner i dalen f\u00f6r att komma till den. Sedan 2024 finns h\u00e4r lyckligtvis en helt ny modern gondol som ersatte den gamla linbanan och avsev\u00e4rt f\u00f6rkortade turisternas v\u00e4g till den vikande isen och den konstgjort uthuggna isgrottan, som du kan titta in i.<\/p>\n\n\n\n<p class=\"wp-block-paragraph\">\ud83d\udca1 Tips: K\u00f6p direkt en <strong>kombinerad biljett f\u00f6r b\u00e5de kuggt\u00e5get och den nya gondolen<\/strong>, det l\u00f6nar sig mycket mer, om du f\u00f6rst\u00e5s inte reser med det f\u00f6rm\u00e5nliga passet Mont Blanc Natural Resort. En rundtur inuti isgrottan med det h\u00e4ftiga bl\u00e5 ljuset \u00e4r en upplevelse du absolut inte ska missa under bes\u00f6ket.<\/p>\n\n\n\n<figure data-wp-context=\"{&quot;imageId&quot;:&quot;6a9adae7a6a19&quot;}\" data-wp-interactive=\"core\/image\" data-wp-key=\"6a9adae7a6a19\" class=\"wp-block-image size-full wp-lightbox-container\"><img decoding=\"async\" width=\"1920\" height=\"1080\" data-wp-class--hide=\"state.isContentHidden\" data-wp-class--show=\"state.isContentVisible\" data-wp-init=\"callbacks.setButtonStyles\" data-wp-on--click=\"actions.showLightbox\" data-wp-on--load=\"callbacks.setButtonStyles\" data-wp-on--pointerdown=\"actions.preloadImage\" data-wp-on--pointerenter=\"actions.preloadImageWithDelay\" data-wp-on--pointerleave=\"actions.cancelPreload\" data-wp-on-window--resize=\"callbacks.setButtonStyles\" src=\"https:\/\/loudavymkrokem.cz\/wp-content\/uploads\/2026\/06\/tour-du-mont-blanc-je-ultimatnim-kralem-25adcd28.jpg\" alt=\"Tour du Mont Blanc \u00e4r den ultimata kungen bland l\u00e5ngvandringar\" class=\"wp-image-209837\" title=\"\" srcset=\"https:\/\/loudavymkrokem.cz\/wp-content\/uploads\/2026\/06\/tour-du-mont-blanc-je-ultimatnim-kralem-25adcd28.jpg 1920w, https:\/\/loudavymkrokem.cz\/wp-content\/uploads\/2026\/06\/tour-du-mont-blanc-je-ultimatnim-kralem-25adcd28-300x169.jpg 300w, https:\/\/loudavymkrokem.cz\/wp-content\/uploads\/2026\/06\/tour-du-mont-blanc-je-ultimatnim-kralem-25adcd28-700x394.jpg 700w, https:\/\/loudavymkrokem.cz\/wp-content\/uploads\/2026\/06\/tour-du-mont-blanc-je-ultimatnim-kralem-25adcd28-768x432.jpg 768w, https:\/\/loudavymkrokem.cz\/wp-content\/uploads\/2026\/06\/tour-du-mont-blanc-je-ultimatnim-kralem-25adcd28-1536x864.jpg 1536w, https:\/\/loudavymkrokem.cz\/wp-content\/uploads\/2026\/06\/tour-du-mont-blanc-je-ultimatnim-kralem-25adcd28-696x392.jpg 696w, https:\/\/loudavymkrokem.cz\/wp-content\/uploads\/2026\/06\/tour-du-mont-blanc-je-ultimatnim-kralem-25adcd28-1392x783.jpg 1392w\" sizes=\"(max-width: 1920px) 100vw, 1920px\" \/><button\n\t\t\tclass=\"lightbox-trigger\"\n\t\t\ttype=\"button\"\n\t\t\taria-haspopup=\"dialog\"\n\t\t\tdata-wp-bind--aria-label=\"state.thisImage.triggerButtonAriaLabel\"\n\t\t\tdata-wp-init=\"callbacks.initTriggerButton\"\n\t\t\tdata-wp-on--click=\"actions.showLightbox\"\n\t\t\tdata-wp-style--right=\"state.thisImage.buttonRight\"\n\t\t\tdata-wp-style--top=\"state.thisImage.buttonTop\"\n\t\t>\n\t\t\t<svg xmlns=\"http:\/\/www.w3.org\/2000\/svg\" width=\"12\" height=\"12\" fill=\"none\" viewBox=\"0 0 12 12\">\n\t\t\t\t<path fill=\"#fff\" d=\"M2 0a2 2 0 0 0-2 2v2h1.5V2a.5.5 0 0 1 .5-.5h2V0H2Zm2 10.5H2a.5.5 0 0 1-.5-.5V8H0v2a2 2 0 0 0 2 2h2v-1.5ZM8 12v-1.5h2a.5.5 0 0 0 .5-.5V8H12v2a2 2 0 0 1-2 2H8Zm2-12a2 2 0 0 1 2 2v2h-1.5V2a.5.5 0 0 0-.5-.5H8V0h2Z\" \/>\n\t\t\t<\/svg>\n\t\t<\/button><figcaption class=\"wp-element-caption\">Foto: Dmitry A. Mottl \/ Wikimedia Commons, CC BY-SA 4.0<\/figcaption><\/figure>\n\n\n\n<h3 class=\"wp-block-heading\"><span class=\"ez-toc-section\" id=\"12_Tour_du_Mont_Blanc_ar_den_ultimata_kungen_bland_langvandringar\"><\/span>12. Tour du Mont Blanc \u00e4r den ultimata kungen bland l\u00e5ngvandringar<span class=\"ez-toc-section-end\"><\/span><\/h3>\n\n\n\n<p class=\"wp-block-paragraph\">V\u00e4nd ryggen mot linbanorna, ta p\u00e5 dig ett par bra k\u00e4ngor och ge dig ut i bergen p\u00e5 egna ben. Tour du Mont Blanc \u00e4r bokstavligen den heliga graalen f\u00f6r alla l\u00e5ngvandrare och utg\u00f6r en <strong>170 kilometer l\u00e5ng runda som successivt korsar Frankrike, Italien och Schweiz<\/strong>. Under de vanliga sju till tio vandringsdagarna serverar dig den h\u00e4r leden ungef\u00e4r 10 600 meter sammanlagd h\u00f6jdskillnad, vilket \u00e4r samma sak som om du kl\u00e4ttrade fr\u00e5n havet \u00e4nda upp till toppen av Mount Everest och till och med lade p\u00e5 lite till. Leden tar dig genom underbara alp\u00e4ngar och bjuder p\u00e5 utsikt \u00f6ver det vita berget fr\u00e5n alla vinklar.<\/p>\n\n\n\n<p class=\"wp-block-paragraph\">St\u00f6testenen i hela f\u00f6retaget \u00e4r dock inte den brutala fysiska h\u00f6jdskillnaden, utan den ganska komplicerade logistiken. Leden \u00e4r ett offer f\u00f6r sin egen enorma framg\u00e5ng och <strong>kapaciteten i bergshyttorna, s\u00e5 kallade refuges, \u00e4r strikt begr\u00e4nsad<\/strong>. Vildcampning \u00e4r f\u00f6rbjuden l\u00e4ngs leden under hot om saftiga b\u00f6ter, s\u00e5 du \u00e4r helt beroende av det officiella boendet, d\u00e4r en natt med obligatorisk halvpension kostar dig ungef\u00e4r 80 till 90 euro per person.<\/p>\n\n\n\n<p class=\"wp-block-paragraph\">\ud83d\udca1 Tips: L\u00e4gg p\u00e5 minnet att bokningarna av bergshyttor <strong>\u00f6ppnar varje \u00e5r redan den 15 oktober f\u00f6r hela n\u00e4sta sommar<\/strong>. Om du vill g\u00e5 den h\u00e4r leden i augusti m\u00e5ste du sitta vid datorn redan p\u00e5 h\u00f6sten \u00e5ret innan och klicka frenetiskt p\u00e5 den officiella portalen, f\u00f6r de b\u00e4sta platserna f\u00f6rsvinner direkt.<\/p>\n\n\n\n<h2 class=\"wp-block-heading\"><span class=\"ez-toc-section\" id=\"Vidare_fran_franska_alperna\"><\/span><span class=\"ez-toc-section\" id=\"Vidare_fran_franska_alperna\"><\/span>Vidare fr\u00e5n franska alperna<span class=\"ez-toc-section-end\"><\/span><\/h2>\n\n\n\n<p class=\"wp-block-paragraph\">Om alptopparna f\u00e5ngade dig och du vill forts\u00e4tta utforska den h\u00e4r regionen har du flera fina alternativ. Stanna till i staden <a href=\"https:\/\/loudavymkrokem.cz\/sv\/annecy-frankrike-tips\/\">Annecy<\/a>, som tack vare sina f\u00e4ngslande vattenkanaler kallas f\u00f6r Frankrikes Venedig, och d\u00e4r du hittar en av hela Europas renaste sj\u00f6ar.<\/p>\n\n\n\n<p class=\"wp-block-paragraph\">Om du vill tr\u00e4nga \u00e4nnu djupare in i den europeiska alpinismens hemligheter och f\u00e5 veta mer om historien bakom er\u00f6vringen av den gamla kontinentens h\u00f6gsta berg, ska du absolut l\u00e4sa v\u00e5r detaljerade guide till <a href=\"https:\/\/loudavymkrokem.cz\/sv\/chamonix-frankrike-tips\/\">Chamonix och Mont Blanc<\/a>, d\u00e4r du f\u00e5r massor av fler praktiska tips f\u00f6r just det h\u00e4r h\u00f6rnet av Frankrike.<\/p>\n\n\n\n<h2 class=\"wp-block-heading\"><span class=\"ez-toc-section\" id=\"Vanliga_fragor\"><\/span><span class=\"ez-toc-section\" id=\"Vanliga_fragor\"><\/span>Vanliga fr\u00e5gor<span class=\"ez-toc-section-end\"><\/span><\/h2>\n\n\n<div id=\"rank-math-faq\" class=\"rank-math-block\">\n<div class=\"rank-math-list \">\n<div id=\"faq-question-1780568174000\" class=\"rank-math-list-item\">\n<h3 class=\"rank-math-question \"><span class=\"ez-toc-section\" id=\"Hur_mycket_kostar_ett_skidpass_i_Franska_Alperna\"><\/span>Hur mycket kostar ett skidpass i Franska Alperna?<span class=\"ez-toc-section-end\"><\/span><\/h3>\n<div class=\"rank-math-answer \">\n\n<p>I de stora sammanl\u00e4nkade omr\u00e5dena \u00e4r skidpassen ganska dyra. Till exempel kostar ett sexdagarskort f\u00f6r hela omr\u00e5det Les Trois Vall\u00e9es s\u00e4songen 2025\/2026 cirka 4 300 kr (368 euro). Men du kan spara mycket pengar om du k\u00f6per ett skidpass bara f\u00f6r den lokala dalen d\u00e4r du bor.<\/p>\n\n<\/div>\n<\/div>\n<div id=\"faq-question-1780568174001\" class=\"rank-math-list-item\">\n<h3 class=\"rank-math-question \"><span class=\"ez-toc-section\" id=\"Vad_ar_den_basta_vagen_med_bil_fran_Sverige\"><\/span>Vad \u00e4r den b\u00e4sta v\u00e4gen med bil fr\u00e5n Sverige?<span class=\"ez-toc-section-end\"><\/span><\/h3>\n<div class=\"rank-math-answer \">\n\n<p>Den snabbaste och bekv\u00e4maste rutten till de norra savoyska skidorterna g\u00e5r fr\u00e5n Stockholm genom tyska N\u00fcrnberg, schweiziska Gen\u00e8ve och franska Annecy. Den rena k\u00f6rtiden ligger mellan 10 och 12 timmar. Men du beh\u00f6ver ha pengar f\u00f6r schweizisk motorv\u00e4gsvinjett och ganska dyra franska v\u00e4gtullar.<\/p>\n\n<\/div>\n<\/div>\n<div id=\"faq-question-1780568174002\" class=\"rank-math-list-item\">\n<h3 class=\"rank-math-question \"><span class=\"ez-toc-section\" id=\"Nar_ar_snon_bast_for_skidakning\"><\/span>N\u00e4r \u00e4r sn\u00f6n b\u00e4st f\u00f6r skid\u00e5kning?<span class=\"ez-toc-section-end\"><\/span><\/h3>\n<div class=\"rank-math-answer \">\n\n<p>De allra b\u00e4sta skidf\u00f6rh\u00e5llandena r\u00e5der i de franska skidorterna under mars, n\u00e4r det redan finns gott om sn\u00f6 fr\u00e5n hela vintern, men dagarna \u00e4r l\u00e4ngre och solen skiner oftare. Januari \u00e4r ocks\u00e5 mycket bra, d\u00e4remot brukar februari vara otroligt \u00f6verbefolkad p\u00e5 grund av de p\u00e5g\u00e5ende franska v\u00e5rloven.<\/p>\n\n<\/div>\n<\/div>\n<div id=\"faq-question-1780568174003\" class=\"rank-math-list-item\">\n<h3 class=\"rank-math-question \"><span class=\"ez-toc-section\" id=\"Nar_oppnar_bokningarna_for_sommarvandringen_Tour_du_Mont_Blanc\"><\/span>N\u00e4r \u00f6ppnar bokningarna f\u00f6r sommarvandringen Tour du Mont Blanc?<span class=\"ez-toc-section-end\"><\/span><\/h3>\n<div class=\"rank-math-answer \">\n\n<p>Detta \u00e4r helt avg\u00f6rande information, eftersom bokningar av bergstugor (refuges) alltid \u00f6ppnar den 15 oktober f\u00f6reg\u00e5ende \u00e5r. Om du vill ge dig ut p\u00e5 vandringen under sommarm\u00e5naderna m\u00e5ste du boka boende p\u00e5 den officiella portalen n\u00e4stan tre kvartal i f\u00f6rv\u00e4g. Kapaciteten p\u00e5 den popul\u00e4ra leden \u00e4r n\u00e4mligen strikt begr\u00e4nsad och de allra b\u00e4sta platserna f\u00f6rsvinner vanligtvis blixtsnabbt under de f\u00f6rsta dagarna.<\/p>\n\n<\/div>\n<\/div>\n<div id=\"faq-question-1780568174004\" class=\"rank-math-list-item\">\n<h3 class=\"rank-math-question \"><span class=\"ez-toc-section\" id=\"Behover_jag_en_miljomarkning_for_bilen_i_de_franska_bergen\"><\/span>Beh\u00f6ver jag en milj\u00f6m\u00e4rkning f\u00f6r bilen i de franska bergen?<span class=\"ez-toc-section-end\"><\/span><\/h3>\n<div class=\"rank-math-answer \">\n\n<p>Direkt till de h\u00f6galpina skidorterna beh\u00f6ver du vanligtvis inte milj\u00f6m\u00e4rkningen Crit&#8217;Air, men var extra f\u00f6rsiktig n\u00e4r du k\u00f6r genom stora st\u00e4der i dalen, som till exempel Grenoble eller Lyon. Dessa l\u00e5gutsl\u00e4ppszoner fungerar \u00e4ven 2026 och f\u00f6r inresa utan m\u00e4rkningen, som kostar bara drygt 60 kr (5 euro) och k\u00f6ps online i f\u00f6rv\u00e4g, riskerar du b\u00f6ter p\u00e5 hela 790 kr (68 euro).<\/p>\n\n<\/div>\n<\/div>\n<div id=\"faq-question-1780568174005\" class=\"rank-math-list-item\">\n<h3 class=\"rank-math-question \"><span class=\"ez-toc-section\" id=\"Kommer_utsiktsplatsen_Aiguille_du_Midi_att_vara_oppen_hela_2026\"><\/span>Kommer utsiktsplatsen Aiguille du Midi att vara \u00f6ppen hela 2026?<span class=\"ez-toc-section-end\"><\/span><\/h3>\n<div class=\"rank-math-answer \">\n\n<p>Tyv\u00e4rr inte, och var verkligen uppm\u00e4rksam p\u00e5 detta n\u00e4r du planerar din semester. Fr\u00e5n den 25 maj 2026 st\u00e4ngs den huvudsakliga utsiktsterrassen p\u00e5 sj\u00e4lva toppen helt under fyra till fem veckor p\u00e5 grund av en omfattande och kr\u00e4vande renovering. Linbanan kommer visserligen att g\u00e5 och en del av hela komplexet blir tillg\u00e4nglig, men den allra b\u00e4sta utsikten kommer tillf\u00e4lligt att vara kraftigt begr\u00e4nsad.<\/p>\n\n<\/div>\n<\/div>\n<div id=\"faq-question-1780568174006\" class=\"rank-math-list-item\">\n<h3 class=\"rank-math-question \"><span class=\"ez-toc-section\" id=\"Nar_aker_Tour_de_France_2026_genom_Alperna\"><\/span>N\u00e4r \u00e5ker Tour de France 2026 genom Alperna?<span class=\"ez-toc-section-end\"><\/span><\/h3>\n<div class=\"rank-math-answer \">\n\n<p>Om du \u00e4r en passionerad cykelfantast, anteckna den tredje juliveckan 2026 i kalendern. Hela loppet kommer till Alperna p\u00e5 den 15:e etappen, som k\u00f6rs den 19 juli. D\u00e4refter tar pelotonen sig upp f\u00f6r den legendariska stigningen till Alpe d&#8217;Huez tv\u00e5 g\u00e5nger i rad under den 19:e och 20:e etappen, n\u00e4mligen den 24 och 25 juli.<\/p>\n\n<\/div>\n<\/div>\n<div id=\"faq-question-1780568174007\" class=\"rank-math-list-item\">\n<h3 class=\"rank-math-question \"><span class=\"ez-toc-section\" id=\"Gar_det_att_aka_skidor_i_Frankrike_aven_pa_sommaren\"><\/span>G\u00e5r det att \u00e5ka skidor i Frankrike \u00e4ven p\u00e5 sommaren?<span class=\"ez-toc-section-end\"><\/span><\/h3>\n<div class=\"rank-math-answer \">\n\n<p>Ja, sommarskid\u00e5kning \u00e4r lyckligtvis fortfarande m\u00f6jlig p\u00e5 de stora glaci\u00e4rerna i skidorterna Tignes, d\u00e4r du hittar den vidstr\u00e4ckta glaci\u00e4ren Grande Motte, och \u00e4ven i Les Deux Alpes. Liftarna s\u00e4tts i g\u00e5ng h\u00e4r efter en kort v\u00e5rpaus vanligtvis i slutet av juni och b\u00f6rjan av juli. Men p\u00e5 grund av de h\u00f6ga temperaturerna \u00e5ker man bara p\u00e5 f\u00f6rmiddagen, innan sn\u00f6n mjuknar f\u00f6r mycket i den starka sommarsolen.<\/p>\n\n<\/div>\n<\/div>\n<\/div>\n<\/div>","protected":false},"excerpt":{"rendered":"<p>Ge dig ut och uppt\u00e4ck v\u00e4rldens st\u00f6rsta skidorter, sm\u00e4ltande glaci\u00e4rer och legendariska cykelstigningar g\u00f6mda i hj\u00e4rtat av de majest\u00e4tiska franska alperna.<\/p>\n","protected":false},"author":3,"featured_media":210021,"comment_status":"open","ping_status":"open","sticky":false,"template":"","format":"standard","meta":{"_acf_changed":false,"footnotes":"","rank_math_title":"Skidorter i franska alperna: 12 b\u00e4sta 2026","rank_math_description":"Uppt\u00e4ck de 12 b\u00e4sta skidorterna i franska alperna f\u00f6r 2026 \u2013 priser, s\u00e4songer och praktiska tips. L\u00e4s guiden och planera din dr\u00f6mresa redan idag!","rank_math_focus_keyword":"skidorter franska alperna","rank_math_seo_score":""},"categories":[1178,1189,1162],"tags":[],"class_list":["post-277011","post","type-post","status-publish","format-standard","has-post-thumbnail","category-europa","category-frankrike","category-resor"],"acf":[],"featured_image_src":"https:\/\/loudavymkrokem.cz\/wp-content\/uploads\/2026\/06\/val-thorens-ski-resort-a729f27c.jpg","author_info":{"display_name":"Lucie Kone\u010dn\u00e1","author_link":"https:\/\/loudavymkrokem.cz\/sv\/author\/lucie-konecna\/"},"_links":{"self":[{"href":"https:\/\/loudavymkrokem.cz\/sv\/wp-json\/wp\/v2\/posts\/277011","targetHints":{"allow":["GET"]}}],"collection":[{"href":"https:\/\/loudavymkrokem.cz\/sv\/wp-json\/wp\/v2\/posts"}],"about":[{"href":"https:\/\/loudavymkrokem.cz\/sv\/wp-json\/wp\/v2\/types\/post"}],"author":[{"embeddable":true,"href":"https:\/\/loudavymkrokem.cz\/sv\/wp-json\/wp\/v2\/users\/3"}],"replies":[{"embeddable":true,"href":"https:\/\/loudavymkrokem.cz\/sv\/wp-json\/wp\/v2\/comments?post=277011"}],"version-history":[{"count":0,"href":"https:\/\/loudavymkrokem.cz\/sv\/wp-json\/wp\/v2\/posts\/277011\/revisions"}],"wp:featuredmedia":[{"embeddable":true,"href":"https:\/\/loudavymkrokem.cz\/sv\/wp-json\/wp\/v2\/media\/210021"}],"wp:attachment":[{"href":"https:\/\/loudavymkrokem.cz\/sv\/wp-json\/wp\/v2\/media?parent=277011"}],"wp:term":[{"taxonomy":"category","embeddable":true,"href":"https:\/\/loudavymkrokem.cz\/sv\/wp-json\/wp\/v2\/categories?post=277011"},{"taxonomy":"post_tag","embeddable":true,"href":"https:\/\/loudavymkrokem.cz\/sv\/wp-json\/wp\/v2\/tags?post=277011"}],"curies":[{"name":"wp","href":"https:\/\/api.w.org\/{rel}","templated":true}]}}