{"id":201896,"date":"2026-05-29T19:56:12","date_gmt":"2026-05-29T17:56:12","guid":{"rendered":"https:\/\/loudavymkrokem.cz\/?p=201896"},"modified":"2026-09-02T06:50:02","modified_gmt":"2026-09-02T04:50:02","slug":"alpe-di-siusi-seiser-alm-dolomiterna-italien","status":"publish","type":"post","link":"https:\/\/loudavymkrokem.cz\/sv\/alpe-di-siusi-seiser-alm-dolomiterna-italien\/","title":{"rendered":"Seiser Alm Italien (Alpe di Siusi), Dolomiterna: 12 tips"},"content":{"rendered":"\n<!-- lk-tldr -->\n<div class=\"lk-tldr\" style=\"background:#f7f5f0;border-left:4px solid #c39f76;border-radius:0 10px 10px 0;padding:14px 18px;margin:0 0 26px;font-size:15px;line-height:1.65;\"><strong style=\"display:block;font-size:12px;text-transform:uppercase;letter-spacing:.06em;color:#a9885a;margin-bottom:5px;\">TL;DR<\/strong><strong>Seiser Alm i Italien (Alpe di Siusi)<\/strong> \u00e4r med sina 56 km\u00b2 Europas st\u00f6rsta h\u00f6gfj\u00e4lls\u00e4ng, ligger i de italienska Dolomiterna p\u00e5 1680\u20132350 meters h\u00f6jd \u00f6ver havet och bjuder p\u00e5 panoramautsikt \u00f6ver bergsmassiven Sasso Lungo, Sasso Piatto och Sciliar. B\u00e4sta tiden att bes\u00f6ka platsen \u00e4r m\u00e5naderna maj till september, alternativt mitten av oktober f\u00f6r h\u00f6stens gyllene f\u00e4rger. Upp kommer du med linbana fr\u00e5n Ortisei eller Compatsch, eftersom det under s\u00e4song r\u00e5der strikt bilf\u00f6rbud mellan 09.00 och 17.00. Parkering uppe kostar runt 25 EUR per dag och en linbanebiljett 35\u201350 EUR. Artikeln ger dig 12 konkreta tips p\u00e5 vad du kan se och g\u00f6ra \u2013 fr\u00e5n en promenad l\u00e4ngs Hans und Paula Steger Weg och en vandring upp till Sasso Piatto till sj\u00f6n Lago di Fie och fj\u00e4llstugorna Tirler och Mahlknecht \u2013 och passar \u00e4ven familjer med barnvagn och hund\u00e4gare, eftersom terr\u00e4ngen mestadels \u00e4r platt och tillg\u00e4nglig.<\/div>\n<!-- \/lk-tldr -->\n\n\n\n<!-- lk-navbar -->\n<div class=\"lk-navbar\" style=\"margin:0 0 28px;\"><div style=\"font-size:12px;text-transform:uppercase;letter-spacing:.06em;color:#a9885a;font-weight:700;margin-bottom:9px;\">Snabbl\u00e4nkar<\/div><div style=\"display:flex;flex-wrap:wrap;gap:9px;\"><a href=\"#Kde_se_ubytovat_a_kolik_to_stoji\" style=\"background:#c39f76;color:#fff;border:1px solid #c39f76;padding:9px 15px;border-radius:22px;font-size:14px;font-weight:700;text-decoration:none;display:inline-block;line-height:1;\">\ud83d\udccd Var du bor<\/a><a href=\"#Alpe_di_Siusi_12_mist_ktera_musite_navstivit_a_co_tu_delat\" style=\"background:#c39f76;color:#fff;border:1px solid #c39f76;padding:9px 15px;border-radius:22px;font-size:14px;font-weight:700;text-decoration:none;display:inline-block;line-height:1;\">\u2b50 Vad du ser<\/a><a href=\"#Kdy_vyrazit_a_jake_vas_ceka_pocasi\" style=\"background:#fff;color:#6b5a44;border:1px solid #e2d6c1;padding:9px 15px;border-radius:22px;font-size:14px;font-weight:600;text-decoration:none;display:inline-block;line-height:1;\">\u2600\ufe0f N\u00e4r du \u00e5ker<\/a><a href=\"#Jak_se_dostat_nahoru_Pozor_na_zakaz_aut\" style=\"background:#fff;color:#6b5a44;border:1px solid #e2d6c1;padding:9px 15px;border-radius:22px;font-size:14px;font-weight:600;text-decoration:none;display:inline-block;line-height:1;\">\u2708\ufe0f Transport<\/a><a href=\"#Kde_se_najist_a_co_ochutnat\" style=\"background:#fff;color:#6b5a44;border:1px solid #e2d6c1;padding:9px 15px;border-radius:22px;font-size:14px;font-weight:600;text-decoration:none;display:inline-block;line-height:1;\">\ud83c\udf7d\ufe0f Mat<\/a><a href=\"#Kam_dal_Nechte_se_inspirovat\" style=\"background:#fff;color:#6b5a44;border:1px solid #e2d6c1;padding:9px 15px;border-radius:22px;font-size:14px;font-weight:600;text-decoration:none;display:inline-block;line-height:1;\">\ud83e\udded Omgivningar<\/a><\/div><\/div>\n<!-- \/lk-navbar -->\n\n\n\n\n<p class=\"wp-block-paragraph\">Jag minns hur Luk\u00e1\u0161 och jag f\u00f6rsta g\u00e5ngen tog fram var sin telefon och visade varandra exakt samma sparade bild fr\u00e5n samma alps\u00e4ng (ja, den d\u00e4r med de tv\u00e5 t\u00e4nderna som sticker upp mot himlen). <strong>D\u00e5 visste vi \u00e4nnu inte att vi n\u00e5gra \u00e5r senare skulle st\u00e5 d\u00e4r med barnvagn och tv\u00e5 hundar.<\/strong> Seiser Alm i Italien, eller Alpe di Siusi, \u00e4r en plats som dyker upp i s\u00e5 gott som varje guidebok \u00f6ver norra Italien, och jag lovar dig att verkligheten \u00e4r \u00e4nnu mycket vackrare \u00e4n de tillr\u00e4ttalagda bilderna p\u00e5 Instagram. N\u00e4r du \u00e5ker upp med linbanan \u00e4r utsikten helt betagande, och du f\u00f6rst\u00e5r genast varf\u00f6r folk fr\u00e5n hela v\u00e4rlden vallf\u00e4rdar hit. \u263a\ufe0f<\/p>\n\n\n\n<p class=\"wp-block-paragraph\">Vi blev f\u00f6r\u00e4lskade i Dolomiterna redan f\u00f6r flera \u00e5r sedan, men i \u00e5r fick det en helt ny dimension f\u00f6r oss. <strong>Med tv\u00e5\u00e5riga Jon\u00e1\u0161 letade vi n\u00e4mligen efter platser som \u00e4r s\u00e5 kallat barnvagnsv\u00e4nliga, och Seiser Alm visade sig vara en helt idealisk destination.<\/strong> Ytan h\u00e4r \u00e4r \u00f6verv\u00e4gande platt, \u00f6verallt g\u00e5r det tillg\u00e4nglighetsanpassade linbanor och bussar, och du kan allts\u00e5 njuta av h\u00f6gfj\u00e4llslandskapet utan att beh\u00f6va kl\u00e4ttra p\u00e5 lodr\u00e4ta klippor med barnet p\u00e5 ryggen. S\u00e4llskap hade vi f\u00f6rst\u00e5s \u00e4ven av v\u00e5ra tv\u00e5 hundar K\u00e1ja och Baby, f\u00f6r vilka de vidstr\u00e4ckta gr\u00e4skl\u00e4dda vidderna var ett rent paradis. Och det \u00e4r just detta jag vill ge dig i dag \u2013 vad du kan g\u00f6ra, var du kan \u00e4ta och hur du \u00f6verhuvudtaget tar dig dit utan att spendera f\u00f6rsta dagen p\u00e5 en parkering.<\/p>\n\n\n\n<figure data-wp-context=\"{&quot;imageId&quot;:&quot;6a99319b8e801&quot;}\" data-wp-interactive=\"core\/image\" data-wp-key=\"6a99319b8e801\" class=\"wp-block-image size-large wp-lightbox-container\"><img decoding=\"async\" width=\"2048\" height=\"1365\" data-wp-class--hide=\"state.isContentHidden\" data-wp-class--show=\"state.isContentVisible\" data-wp-init=\"callbacks.setButtonStyles\" data-wp-on--click=\"actions.showLightbox\" data-wp-on--load=\"callbacks.setButtonStyles\" data-wp-on--pointerdown=\"actions.preloadImage\" data-wp-on--pointerenter=\"actions.preloadImageWithDelay\" data-wp-on--pointerleave=\"actions.cancelPreload\" data-wp-on-window--resize=\"callbacks.setButtonStyles\" src=\"https:\/\/loudavymkrokem.cz\/wp-content\/uploads\/2026\/05\/alpe-di-siusi-rodina-pes-pastvina.jpg\" alt=\"Familj med hund vilar p\u00e5 \u00e4ngen med utsikt \u00f6ver Sassolungo\" class=\"wp-image-173509\" title=\"\" srcset=\"https:\/\/loudavymkrokem.cz\/wp-content\/uploads\/2026\/05\/alpe-di-siusi-rodina-pes-pastvina.jpg 2048w, https:\/\/loudavymkrokem.cz\/wp-content\/uploads\/2026\/05\/alpe-di-siusi-rodina-pes-pastvina-300x200.jpg 300w, https:\/\/loudavymkrokem.cz\/wp-content\/uploads\/2026\/05\/alpe-di-siusi-rodina-pes-pastvina-700x467.jpg 700w, https:\/\/loudavymkrokem.cz\/wp-content\/uploads\/2026\/05\/alpe-di-siusi-rodina-pes-pastvina-768x512.jpg 768w, https:\/\/loudavymkrokem.cz\/wp-content\/uploads\/2026\/05\/alpe-di-siusi-rodina-pes-pastvina-1536x1024.jpg 1536w, https:\/\/loudavymkrokem.cz\/wp-content\/uploads\/2026\/05\/alpe-di-siusi-rodina-pes-pastvina-696x464.jpg 696w, https:\/\/loudavymkrokem.cz\/wp-content\/uploads\/2026\/05\/alpe-di-siusi-rodina-pes-pastvina-1392x928.jpg 1392w, https:\/\/loudavymkrokem.cz\/wp-content\/uploads\/2026\/05\/alpe-di-siusi-rodina-pes-pastvina-1920x1280.jpg 1920w\" sizes=\"(max-width: 2048px) 100vw, 2048px\" \/><button\n\t\t\tclass=\"lightbox-trigger\"\n\t\t\ttype=\"button\"\n\t\t\taria-haspopup=\"dialog\"\n\t\t\tdata-wp-bind--aria-label=\"state.thisImage.triggerButtonAriaLabel\"\n\t\t\tdata-wp-init=\"callbacks.initTriggerButton\"\n\t\t\tdata-wp-on--click=\"actions.showLightbox\"\n\t\t\tdata-wp-style--right=\"state.thisImage.buttonRight\"\n\t\t\tdata-wp-style--top=\"state.thisImage.buttonTop\"\n\t\t>\n\t\t\t<svg xmlns=\"http:\/\/www.w3.org\/2000\/svg\" width=\"12\" height=\"12\" fill=\"none\" viewBox=\"0 0 12 12\">\n\t\t\t\t<path fill=\"#fff\" d=\"M2 0a2 2 0 0 0-2 2v2h1.5V2a.5.5 0 0 1 .5-.5h2V0H2Zm2 10.5H2a.5.5 0 0 1-.5-.5V8H0v2a2 2 0 0 0 2 2h2v-1.5ZM8 12v-1.5h2a.5.5 0 0 0 .5-.5V8H12v2a2 2 0 0 1-2 2H8Zm2-12a2 2 0 0 1 2 2v2h-1.5V2a.5.5 0 0 0-.5-.5H8V0h2Z\" \/>\n\t\t\t<\/svg>\n\t\t<\/button><figcaption class=\"wp-element-caption\">Familj med hund vilar p\u00e5 \u00e4ngen med utsikt \u00f6ver Sassolungo<\/figcaption><\/figure>\n\n\n\n<div id=\"ez-toc-container\" class=\"ez-toc-v2_0_87 ez-toc-wrap-left counter-hierarchy ez-toc-counter ez-toc-grey ez-toc-container-direction\">\n<div class=\"ez-toc-title-container\">\n<p class=\"ez-toc-title\" style=\"cursor:inherit\">Artikelns inneh\u00e5ll<\/p>\n<span class=\"ez-toc-title-toggle\"><a href=\"#\" class=\"ez-toc-pull-right ez-toc-btn ez-toc-btn-xs ez-toc-btn-default ez-toc-toggle\" aria-label=\"Toggle Table of Content\"><span class=\"ez-toc-js-icon-con\"><span class=\"\"><span class=\"eztoc-hide\" style=\"display:none;\">Toggle<\/span><span class=\"ez-toc-icon-toggle-span\"><svg style=\"fill: #999;color:#999\" xmlns=\"http:\/\/www.w3.org\/2000\/svg\" class=\"list-377408\" width=\"20px\" height=\"20px\" viewBox=\"0 0 24 24\" fill=\"none\"><path d=\"M6 6H4v2h2V6zm14 0H8v2h12V6zM4 11h2v2H4v-2zm16 0H8v2h12v-2zM4 16h2v2H4v-2zm16 0H8v2h12v-2z\" fill=\"currentColor\"><\/path><\/svg><svg style=\"fill: #999;color:#999\" class=\"arrow-unsorted-368013\" xmlns=\"http:\/\/www.w3.org\/2000\/svg\" width=\"10px\" height=\"10px\" viewBox=\"0 0 24 24\" version=\"1.2\" baseProfile=\"tiny\"><path d=\"M18.2 9.3l-6.2-6.3-6.2 6.3c-.2.2-.3.4-.3.7s.1.5.3.7c.2.2.4.3.7.3h11c.3 0 .5-.1.7-.3.2-.2.3-.5.3-.7s-.1-.5-.3-.7zM5.8 14.7l6.2 6.3 6.2-6.3c.2-.2.3-.5.3-.7s-.1-.5-.3-.7c-.2-.2-.4-.3-.7-.3h-11c-.3 0-.5.1-.7.3-.2.2-.3.5-.3.7s.1.5.3.7z\"\/><\/svg><\/span><\/span><\/span><\/a><\/span><\/div>\n<nav><ul class='ez-toc-list ez-toc-list-level-1 ' ><li class='ez-toc-page-1 ez-toc-heading-level-2'><a class=\"ez-toc-link ez-toc-heading-1\" href=\"https:\/\/loudavymkrokem.cz\/sv\/alpe-di-siusi-seiser-alm-dolomiterna-italien\/#Sammanfattning\" >Sammanfattning<\/a><\/li><li class='ez-toc-page-1 ez-toc-heading-level-2'><a class=\"ez-toc-link ez-toc-heading-2\" href=\"https:\/\/loudavymkrokem.cz\/sv\/alpe-di-siusi-seiser-alm-dolomiterna-italien\/#Vad_ar_egentligen_Seiser_Alm_Alpe_di_Siusi\" >Vad \u00e4r egentligen Seiser Alm (Alpe di Siusi)<\/a><\/li><li class='ez-toc-page-1 ez-toc-heading-level-2'><a class=\"ez-toc-link ez-toc-heading-3\" href=\"https:\/\/loudavymkrokem.cz\/sv\/alpe-di-siusi-seiser-alm-dolomiterna-italien\/#Nar_du_ska_aka_och_vilket_vader_som_vantar\" >N\u00e4r du ska \u00e5ka och vilket v\u00e4der som v\u00e4ntar<\/a><\/li><li class='ez-toc-page-1 ez-toc-heading-level-2'><a class=\"ez-toc-link ez-toc-heading-4\" href=\"https:\/\/loudavymkrokem.cz\/sv\/alpe-di-siusi-seiser-alm-dolomiterna-italien\/#Hur_du_tar_dig_upp_se_upp_med_bilforbudet\" >Hur du tar dig upp: se upp med bilf\u00f6rbudet!<\/a><\/li><li class='ez-toc-page-1 ez-toc-heading-level-2'><a class=\"ez-toc-link ez-toc-heading-5\" href=\"https:\/\/loudavymkrokem.cz\/sv\/alpe-di-siusi-seiser-alm-dolomiterna-italien\/#Var_du_bor_och_vad_det_kostar\" >Var du bor och vad det kostar<\/a><\/li><li class='ez-toc-page-1 ez-toc-heading-level-2'><a class=\"ez-toc-link ez-toc-heading-6\" href=\"https:\/\/loudavymkrokem.cz\/sv\/alpe-di-siusi-seiser-alm-dolomiterna-italien\/#Seiser_Alm_12_platser_du_maste_besoka_och_vad_du_kan_gora_har\" >Seiser Alm: 12 platser du m\u00e5ste bes\u00f6ka, och vad du kan g\u00f6ra h\u00e4r<\/a><ul class='ez-toc-list-level-3' ><li class='ez-toc-heading-level-3'><a class=\"ez-toc-link ez-toc-heading-7\" href=\"https:\/\/loudavymkrokem.cz\/sv\/alpe-di-siusi-seiser-alm-dolomiterna-italien\/#1_Betagande_vy_over_Sasso_Lungo_och_Sasso_Piatto_fran_angen\" >1. Betagande vy \u00f6ver Sasso Lungo och Sasso Piatto fr\u00e5n \u00e4ngen<\/a><\/li><li class='ez-toc-page-1 ez-toc-heading-level-3'><a class=\"ez-toc-link ez-toc-heading-8\" href=\"https:\/\/loudavymkrokem.cz\/sv\/alpe-di-siusi-seiser-alm-dolomiterna-italien\/#2_Romantisk_promenad_langs_Hans_und_Paula_Steger_Weg\" >2. Romantisk promenad l\u00e4ngs Hans und Paula Steger Weg<\/a><\/li><li class='ez-toc-page-1 ez-toc-heading-level-3'><a class=\"ez-toc-link ez-toc-heading-9\" href=\"https:\/\/loudavymkrokem.cz\/sv\/alpe-di-siusi-seiser-alm-dolomiterna-italien\/#3_Heldagsvandring_till_Plattkofel_Sasso_Piatto\" >3. Heldagsvandring till Plattkofel \/ Sasso Piatto<\/a><\/li><li class='ez-toc-page-1 ez-toc-heading-level-3'><a class=\"ez-toc-link ez-toc-heading-10\" href=\"https:\/\/loudavymkrokem.cz\/sv\/alpe-di-siusi-seiser-alm-dolomiterna-italien\/#4_Centrum_i_Compatsch_och_den_lokala_Almstation\" >4. Centrum i Compatsch och den lokala Almstation<\/a><\/li><li class='ez-toc-page-1 ez-toc-heading-level-3'><a class=\"ez-toc-link ez-toc-heading-11\" href=\"https:\/\/loudavymkrokem.cz\/sv\/alpe-di-siusi-seiser-alm-dolomiterna-italien\/#5_Skihotel_Saltria_och_rundan_kring_Saltria\" >5. Skihotel Saltria och rundan kring Saltria<\/a><\/li><li class='ez-toc-page-1 ez-toc-heading-level-3'><a class=\"ez-toc-link ez-toc-heading-12\" href=\"https:\/\/loudavymkrokem.cz\/sv\/alpe-di-siusi-seiser-alm-dolomiterna-italien\/#6_Utflykt_till_den_sagolika_sjon_Lago_di_Fie\" >6. Utflykt till den sagolika sj\u00f6n Lago di Fie<\/a><\/li><li class='ez-toc-page-1 ez-toc-heading-level-3'><a class=\"ez-toc-link ez-toc-heading-13\" href=\"https:\/\/loudavymkrokem.cz\/sv\/alpe-di-siusi-seiser-alm-dolomiterna-italien\/#7_Den_magiska_platsen_Witches_Benches_Lavon_dles_Streghes\" >7. Den magiska platsen Witches Benches (Lavon dles Streghes)<\/a><\/li><li class='ez-toc-page-1 ez-toc-heading-level-3'><a class=\"ez-toc-link ez-toc-heading-14\" href=\"https:\/\/loudavymkrokem.cz\/sv\/alpe-di-siusi-seiser-alm-dolomiterna-italien\/#8_Ak_med_panoramalinbanan_Mont_Seuc\" >8. \u00c5k med panoramalinbanan Mont S\u00ebuc<\/a><\/li><li class='ez-toc-page-1 ez-toc-heading-level-3'><a class=\"ez-toc-link ez-toc-heading-15\" href=\"https:\/\/loudavymkrokem.cz\/sv\/alpe-di-siusi-seiser-alm-dolomiterna-italien\/#9_Ridning_och_hastdragna_vagnar\" >9. Ridning och h\u00e4stdragna vagnar<\/a><\/li><li class='ez-toc-page-1 ez-toc-heading-level-3'><a class=\"ez-toc-link ez-toc-heading-16\" href=\"https:\/\/loudavymkrokem.cz\/sv\/alpe-di-siusi-seiser-alm-dolomiterna-italien\/#10_Hostens_tradition_Almabtrieb_boskapens_hemkomst\" >10. H\u00f6stens tradition Almabtrieb (boskapens hemkomst)<\/a><\/li><li class='ez-toc-page-1 ez-toc-heading-level-3'><a class=\"ez-toc-link ez-toc-heading-17\" href=\"https:\/\/loudavymkrokem.cz\/sv\/alpe-di-siusi-seiser-alm-dolomiterna-italien\/#11_Vintersport_toppturer_och_snoskovandring\" >11. Vintersport, toppturer och sn\u00f6skovandring<\/a><\/li><li class='ez-toc-page-1 ez-toc-heading-level-3'><a class=\"ez-toc-link ez-toc-heading-18\" href=\"https:\/\/loudavymkrokem.cz\/sv\/alpe-di-siusi-seiser-alm-dolomiterna-italien\/#12_Att_sitta_ner_i_vara_favoritfjallstugor_Rifugi\" >12. Att sitta ner i v\u00e5ra favoritfj\u00e4llstugor (Rifugi)<\/a><\/li><\/ul><\/li><li class='ez-toc-page-1 ez-toc-heading-level-2'><a class=\"ez-toc-link ez-toc-heading-19\" href=\"https:\/\/loudavymkrokem.cz\/sv\/alpe-di-siusi-seiser-alm-dolomiterna-italien\/#Seiser_Alm_med_barn_ur_tvaariga_Jonas_perspektiv\" >Seiser Alm med barn: ur tv\u00e5\u00e5riga Jon\u00e1\u0161 perspektiv<\/a><\/li><li class='ez-toc-page-1 ez-toc-heading-level-2'><a class=\"ez-toc-link ez-toc-heading-20\" href=\"https:\/\/loudavymkrokem.cz\/sv\/alpe-di-siusi-seiser-alm-dolomiterna-italien\/#Vi_reser_med_hundar_ett_hundparadis_med_en_enda_regel\" >Vi reser med hundar: ett hundparadis med en enda regel<\/a><\/li><li class='ez-toc-page-1 ez-toc-heading-level-2'><a class=\"ez-toc-link ez-toc-heading-21\" href=\"https:\/\/loudavymkrokem.cz\/sv\/alpe-di-siusi-seiser-alm-dolomiterna-italien\/#Var_du_ater_och_vad_du_bor_smaka_pa\" >Var du \u00e4ter och vad du b\u00f6r smaka p\u00e5<\/a><\/li><li class='ez-toc-page-1 ez-toc-heading-level-2'><a class=\"ez-toc-link ez-toc-heading-22\" href=\"https:\/\/loudavymkrokem.cz\/sv\/alpe-di-siusi-seiser-alm-dolomiterna-italien\/#Innan_du_packar_vaskan_saker_jag_onskar_att_jag_vetat_i_forvag\" >Innan du packar v\u00e4skan: saker jag \u00f6nskar att jag vetat i f\u00f6rv\u00e4g<\/a><ul class='ez-toc-list-level-3' ><li class='ez-toc-heading-level-3'><a class=\"ez-toc-link ez-toc-heading-23\" href=\"https:\/\/loudavymkrokem.cz\/sv\/alpe-di-siusi-seiser-alm-dolomiterna-italien\/#Vad_du_ska_packa\" >Vad du ska packa<\/a><\/li><li class='ez-toc-page-1 ez-toc-heading-level-3'><a class=\"ez-toc-link ez-toc-heading-24\" href=\"https:\/\/loudavymkrokem.cz\/sv\/alpe-di-siusi-seiser-alm-dolomiterna-italien\/#Var_du_hittar_flygbiljetter\" >Var du hittar flygbiljetter<\/a><\/li><li class='ez-toc-page-1 ez-toc-heading-level-3'><a class=\"ez-toc-link ez-toc-heading-25\" href=\"https:\/\/loudavymkrokem.cz\/sv\/alpe-di-siusi-seiser-alm-dolomiterna-italien\/#Hyrbil\" >Hyrbil<\/a><\/li><li class='ez-toc-page-1 ez-toc-heading-level-3'><a class=\"ez-toc-link ez-toc-heading-26\" href=\"https:\/\/loudavymkrokem.cz\/sv\/alpe-di-siusi-seiser-alm-dolomiterna-italien\/#Glom_inte_reseforsakring_och_internetuppkoppling\" >Gl\u00f6m inte resef\u00f6rs\u00e4kring och internetuppkoppling<\/a><\/li><\/ul><\/li><li class='ez-toc-page-1 ez-toc-heading-level-2'><a class=\"ez-toc-link ez-toc-heading-27\" href=\"https:\/\/loudavymkrokem.cz\/sv\/alpe-di-siusi-seiser-alm-dolomiterna-italien\/#Vart_du_aker_vidare_lat_dig_inspireras\" >Vart du \u00e5ker vidare: l\u00e5t dig inspireras<\/a><\/li><li class='ez-toc-page-1 ez-toc-heading-level-2'><a class=\"ez-toc-link ez-toc-heading-28\" href=\"https:\/\/loudavymkrokem.cz\/sv\/alpe-di-siusi-seiser-alm-dolomiterna-italien\/#FAQ_vanligaste_fragorna_som_ni_staller\" >FAQ: vanligaste fr\u00e5gorna som ni st\u00e4ller<\/a><ul class='ez-toc-list-level-3' ><li class='ez-toc-heading-level-3'><a class=\"ez-toc-link ez-toc-heading-29\" href=\"https:\/\/loudavymkrokem.cz\/sv\/alpe-di-siusi-seiser-alm-dolomiterna-italien\/#Hur_tar_man_sig_till_Alpe_di_Siusi\" >Hur tar man sig till Alpe di Siusi?<\/a><\/li><li class='ez-toc-page-1 ez-toc-heading-level-3'><a class=\"ez-toc-link ez-toc-heading-30\" href=\"https:\/\/loudavymkrokem.cz\/sv\/alpe-di-siusi-seiser-alm-dolomiterna-italien\/#Var_ligger_Alpe_di_Siusi\" >Var ligger Alpe di Siusi?<\/a><\/li><li class='ez-toc-page-1 ez-toc-heading-level-3'><a class=\"ez-toc-link ez-toc-heading-31\" href=\"https:\/\/loudavymkrokem.cz\/sv\/alpe-di-siusi-seiser-alm-dolomiterna-italien\/#Kan_jag_aka_dit_med_sma_barn_och_barnvagn\" >Kan jag \u00e5ka dit med sm\u00e5 barn och barnvagn?<\/a><\/li><li class='ez-toc-page-1 ez-toc-heading-level-3'><a class=\"ez-toc-link ez-toc-heading-32\" href=\"https:\/\/loudavymkrokem.cz\/sv\/alpe-di-siusi-seiser-alm-dolomiterna-italien\/#Ar_Alpe_di_Siusi_lampligt_for_hundagare\" >\u00c4r Alpe di Siusi l\u00e4mpligt f\u00f6r hund\u00e4gare?<\/a><\/li><li class='ez-toc-page-1 ez-toc-heading-level-3'><a class=\"ez-toc-link ez-toc-heading-33\" href=\"https:\/\/loudavymkrokem.cz\/sv\/alpe-di-siusi-seiser-alm-dolomiterna-italien\/#Vad_kostar_parkering_uppe_pa_platan\" >Vad kostar parkering uppe p\u00e5 plat\u00e5n?<\/a><\/li><li class='ez-toc-page-1 ez-toc-heading-level-3'><a class=\"ez-toc-link ez-toc-heading-34\" href=\"https:\/\/loudavymkrokem.cz\/sv\/alpe-di-siusi-seiser-alm-dolomiterna-italien\/#Finns_det_nagra_restauranger_uppe_eller_maste_jag_ta_med_mat\" >Finns det n\u00e5gra restauranger uppe eller m\u00e5ste jag ta med mat?<\/a><\/li><li class='ez-toc-page-1 ez-toc-heading-level-3'><a class=\"ez-toc-link ez-toc-heading-35\" href=\"https:\/\/loudavymkrokem.cz\/sv\/alpe-di-siusi-seiser-alm-dolomiterna-italien\/#Kan_jag_flyga_med_dronare_pa_angen\" >Kan jag flyga med dr\u00f6nare p\u00e5 \u00e4ngen?<\/a><\/li><\/ul><\/li><\/ul><\/nav><\/div>\n<h2 class=\"wp-block-heading\"><span class=\"ez-toc-section\" id=\"Sammanfattning\"><\/span>Sammanfattning<span class=\"ez-toc-section-end\"><\/span><\/h2>\n\n\n\n<ul class=\"wp-block-list\">\n<li><strong>Var det ligger:<\/strong> Europas st\u00f6rsta h\u00f6gfj\u00e4lls\u00e4ng ligger i de italienska Dolomiterna (regionen Trentino-Alto Adige) p\u00e5 1680 till 2350 meters h\u00f6jd \u00f6ver havet.<\/li>\n\n\n\n<li><strong>Huvudattraktion:<\/strong> Panoramautsikt \u00f6ver bergsmassiven Sasso Lungo, Sasso Piatto och Sciliar-gruppen.<\/li>\n\n\n\n<li><strong>Transport:<\/strong> Under s\u00e4song r\u00e5der strikt bilf\u00f6rbud mellan 09.00 och 17.00. Ta linbanan upp fr\u00e5n Ortisei eller Compatsch.<\/li>\n\n\n\n<li><strong>F\u00f6r vem platsen passar:<\/strong> F\u00f6r barnfamiljer, barnvagnar, hund\u00e4gare och alla som \u00e4lskar avslappnade promenader och panoramavandringar.<\/li>\n\n\n\n<li><strong>Att se upp med:<\/strong> Att flyga dr\u00f6nare \u00e4r str\u00e4ngt f\u00f6rbjudet, med b\u00f6ter p\u00e5 upp till 3000 EUR.<\/li>\n<\/ul>\n\n\n\n<h2 class=\"wp-block-heading\"><span class=\"ez-toc-section\" id=\"Vad_ar_egentligen_Seiser_Alm_Alpe_di_Siusi\"><\/span>Vad \u00e4r egentligen Seiser Alm (Alpe di Siusi)<span class=\"ez-toc-section-end\"><\/span><\/h2>\n\n\n\n<p class=\"wp-block-paragraph\">Om du k\u00e4nner dig lite vilse bland de italienska och tyska namnen \u00e4r du inte ensam. Hela regionen Sydtyrolen (S\u00fcdtirol) \u00e4r n\u00e4mligen tv\u00e5spr\u00e5kig, och d\u00e4rf\u00f6r ser du alltid det italienska namnet Alpe di Siusi j\u00e4mte det tyska Seiser Alm, ibland till och med kompletterat med det lokala ladinska namnet Mont S\u00ebuc. Vad du \u00e4n v\u00e4ljer att kalla det s\u00e5 har jag det sparat i telefonen under \u201dden d\u00e4r \u00e4ngen som fick mig att gr\u00e5ta vid solnedg\u00e5ngen\u201d.<\/p>\n\n\n\n<figure data-wp-context=\"{&quot;imageId&quot;:&quot;6a99319b8f392&quot;}\" data-wp-interactive=\"core\/image\" data-wp-key=\"6a99319b8f392\" class=\"wp-block-image size-large wp-lightbox-container\"><img decoding=\"async\" width=\"2048\" height=\"1365\" data-wp-class--hide=\"state.isContentHidden\" data-wp-class--show=\"state.isContentVisible\" data-wp-init=\"callbacks.setButtonStyles\" data-wp-on--click=\"actions.showLightbox\" data-wp-on--load=\"callbacks.setButtonStyles\" data-wp-on--pointerdown=\"actions.preloadImage\" data-wp-on--pointerenter=\"actions.preloadImageWithDelay\" data-wp-on--pointerleave=\"actions.cancelPreload\" data-wp-on-window--resize=\"callbacks.setButtonStyles\" src=\"https:\/\/loudavymkrokem.cz\/wp-content\/uploads\/2026\/05\/alpe-di-siusi-zvlnena-plosina-panorama.jpg\" alt=\"B\u00f6ljande gr\u00e4skl\u00e4dd h\u00f6gplat\u00e5 p\u00e5 Seiser Alm med utspridda h\u00f6ladug\u00e5rdar\" class=\"wp-image-173510\" title=\"\" srcset=\"https:\/\/loudavymkrokem.cz\/wp-content\/uploads\/2026\/05\/alpe-di-siusi-zvlnena-plosina-panorama.jpg 2048w, https:\/\/loudavymkrokem.cz\/wp-content\/uploads\/2026\/05\/alpe-di-siusi-zvlnena-plosina-panorama-300x200.jpg 300w, https:\/\/loudavymkrokem.cz\/wp-content\/uploads\/2026\/05\/alpe-di-siusi-zvlnena-plosina-panorama-700x467.jpg 700w, https:\/\/loudavymkrokem.cz\/wp-content\/uploads\/2026\/05\/alpe-di-siusi-zvlnena-plosina-panorama-768x512.jpg 768w, https:\/\/loudavymkrokem.cz\/wp-content\/uploads\/2026\/05\/alpe-di-siusi-zvlnena-plosina-panorama-1536x1024.jpg 1536w, https:\/\/loudavymkrokem.cz\/wp-content\/uploads\/2026\/05\/alpe-di-siusi-zvlnena-plosina-panorama-696x464.jpg 696w, https:\/\/loudavymkrokem.cz\/wp-content\/uploads\/2026\/05\/alpe-di-siusi-zvlnena-plosina-panorama-1392x928.jpg 1392w, https:\/\/loudavymkrokem.cz\/wp-content\/uploads\/2026\/05\/alpe-di-siusi-zvlnena-plosina-panorama-1920x1280.jpg 1920w\" sizes=\"(max-width: 2048px) 100vw, 2048px\" \/><button\n\t\t\tclass=\"lightbox-trigger\"\n\t\t\ttype=\"button\"\n\t\t\taria-haspopup=\"dialog\"\n\t\t\tdata-wp-bind--aria-label=\"state.thisImage.triggerButtonAriaLabel\"\n\t\t\tdata-wp-init=\"callbacks.initTriggerButton\"\n\t\t\tdata-wp-on--click=\"actions.showLightbox\"\n\t\t\tdata-wp-style--right=\"state.thisImage.buttonRight\"\n\t\t\tdata-wp-style--top=\"state.thisImage.buttonTop\"\n\t\t>\n\t\t\t<svg xmlns=\"http:\/\/www.w3.org\/2000\/svg\" width=\"12\" height=\"12\" fill=\"none\" viewBox=\"0 0 12 12\">\n\t\t\t\t<path fill=\"#fff\" d=\"M2 0a2 2 0 0 0-2 2v2h1.5V2a.5.5 0 0 1 .5-.5h2V0H2Zm2 10.5H2a.5.5 0 0 1-.5-.5V8H0v2a2 2 0 0 0 2 2h2v-1.5ZM8 12v-1.5h2a.5.5 0 0 0 .5-.5V8H12v2a2 2 0 0 1-2 2H8Zm2-12a2 2 0 0 1 2 2v2h-1.5V2a.5.5 0 0 0-.5-.5H8V0h2Z\" \/>\n\t\t\t<\/svg>\n\t\t<\/button><figcaption class=\"wp-element-caption\">B\u00f6ljande gr\u00e4skl\u00e4dd h\u00f6gplat\u00e5 p\u00e5 Seiser Alm med utspridda h\u00f6ladug\u00e5rdar<\/figcaption><\/figure>\n\n\n\n<p class=\"wp-block-paragraph\">Det handlar om den allra st\u00f6rsta h\u00f6gfj\u00e4lls\u00e4ngen i hela Europa, som t\u00e4cker en enorm yta p\u00e5 56 km\u00b2 och med r\u00e4tta finns med p\u00e5 UNESCO:s v\u00e4rldsarvslista som en del av Dolomiterna. \u00c4ngen ligger som en gr\u00f6n \u00e4delsten inb\u00e4ddad mellan dramatiska kalkstenstoppar, av vilka de mest framtr\u00e4dande \u00e4r de spetsiga t\u00e4nderna i Sasso Lungo-gruppen (Langkofel) och det massiva, platta berget Sciliar (Schlern). Till skillnad fr\u00e5n de omgivande s\u00f6nderslitna och branta bergen \u00e4r den h\u00e4r h\u00f6gplat\u00e5n otroligt v\u00e4nlig, b\u00f6ljande och full av tr\u00e4stugor, vilket ger den en of\u00f6rv\u00e4xlingsbar romantisk atmosf\u00e4r.<\/p>\n\n\n\n<h2 class=\"wp-block-heading\"><span class=\"ez-toc-section\" id=\"Nar_du_ska_aka_och_vilket_vader_som_vantar\"><\/span>N\u00e4r du ska \u00e5ka och vilket v\u00e4der som v\u00e4ntar<span class=\"ez-toc-section-end\"><\/span><\/h2>\n\n\n\n<p class=\"wp-block-paragraph\">Att v\u00e4lja r\u00e4tt tidpunkt f\u00f6r ett bes\u00f6k p\u00e5 Seiser Alm \u00e4r avg\u00f6rande, eftersom varje \u00e5rstid bjuder p\u00e5 en helt annan upplevelse, och jag kan faktiskt inte s\u00e4ga vilken som \u00e4r allra b\u00e4st. Det beror helt p\u00e5 vad du f\u00f6rv\u00e4ntar dig av din semester.<\/p>\n\n\n\n<figure data-wp-context=\"{&quot;imageId&quot;:&quot;6a99319b8fb68&quot;}\" data-wp-interactive=\"core\/image\" data-wp-key=\"6a99319b8fb68\" class=\"wp-block-image size-large wp-lightbox-container\"><img decoding=\"async\" width=\"2048\" height=\"1365\" data-wp-class--hide=\"state.isContentHidden\" data-wp-class--show=\"state.isContentVisible\" data-wp-init=\"callbacks.setButtonStyles\" data-wp-on--click=\"actions.showLightbox\" data-wp-on--load=\"callbacks.setButtonStyles\" data-wp-on--pointerdown=\"actions.preloadImage\" data-wp-on--pointerenter=\"actions.preloadImageWithDelay\" data-wp-on--pointerleave=\"actions.cancelPreload\" data-wp-on-window--resize=\"callbacks.setButtonStyles\" src=\"https:\/\/loudavymkrokem.cz\/wp-content\/uploads\/2026\/05\/alpe-di-siusi-jaro-snih-senik.jpg\" alt=\"H\u00f6ladug\u00e5rd av tr\u00e4 p\u00e5 \u00e4ngen och en sn\u00f6t\u00e4ckt bergsrygg i sensommaren\" class=\"wp-image-173511\" title=\"\" srcset=\"https:\/\/loudavymkrokem.cz\/wp-content\/uploads\/2026\/05\/alpe-di-siusi-jaro-snih-senik.jpg 2048w, https:\/\/loudavymkrokem.cz\/wp-content\/uploads\/2026\/05\/alpe-di-siusi-jaro-snih-senik-300x200.jpg 300w, https:\/\/loudavymkrokem.cz\/wp-content\/uploads\/2026\/05\/alpe-di-siusi-jaro-snih-senik-700x467.jpg 700w, https:\/\/loudavymkrokem.cz\/wp-content\/uploads\/2026\/05\/alpe-di-siusi-jaro-snih-senik-768x512.jpg 768w, https:\/\/loudavymkrokem.cz\/wp-content\/uploads\/2026\/05\/alpe-di-siusi-jaro-snih-senik-1536x1024.jpg 1536w, https:\/\/loudavymkrokem.cz\/wp-content\/uploads\/2026\/05\/alpe-di-siusi-jaro-snih-senik-696x464.jpg 696w, https:\/\/loudavymkrokem.cz\/wp-content\/uploads\/2026\/05\/alpe-di-siusi-jaro-snih-senik-1392x928.jpg 1392w, https:\/\/loudavymkrokem.cz\/wp-content\/uploads\/2026\/05\/alpe-di-siusi-jaro-snih-senik-1920x1280.jpg 1920w\" sizes=\"(max-width: 2048px) 100vw, 2048px\" \/><button\n\t\t\tclass=\"lightbox-trigger\"\n\t\t\ttype=\"button\"\n\t\t\taria-haspopup=\"dialog\"\n\t\t\tdata-wp-bind--aria-label=\"state.thisImage.triggerButtonAriaLabel\"\n\t\t\tdata-wp-init=\"callbacks.initTriggerButton\"\n\t\t\tdata-wp-on--click=\"actions.showLightbox\"\n\t\t\tdata-wp-style--right=\"state.thisImage.buttonRight\"\n\t\t\tdata-wp-style--top=\"state.thisImage.buttonTop\"\n\t\t>\n\t\t\t<svg xmlns=\"http:\/\/www.w3.org\/2000\/svg\" width=\"12\" height=\"12\" fill=\"none\" viewBox=\"0 0 12 12\">\n\t\t\t\t<path fill=\"#fff\" d=\"M2 0a2 2 0 0 0-2 2v2h1.5V2a.5.5 0 0 1 .5-.5h2V0H2Zm2 10.5H2a.5.5 0 0 1-.5-.5V8H0v2a2 2 0 0 0 2 2h2v-1.5ZM8 12v-1.5h2a.5.5 0 0 0 .5-.5V8H12v2a2 2 0 0 1-2 2H8Zm2-12a2 2 0 0 1 2 2v2h-1.5V2a.5.5 0 0 0-.5-.5H8V0h2Z\" \/>\n\t\t\t<\/svg>\n\t\t<\/button><figcaption class=\"wp-element-caption\">H\u00f6ladug\u00e5rd av tr\u00e4 p\u00e5 \u00e4ngen och en sn\u00f6t\u00e4ckt bergsrygg i sen v\u00e5r<\/figcaption><\/figure>\n\n\n\n<p class=\"wp-block-paragraph\">F\u00f6r klassisk fotvandring och utflykter med barnvagn \u00e4r m\u00e5naderna maj till september helt idealiska. Dagarna \u00e4r l\u00e5nga och temperaturerna behagliga, \u00e4ven om du f\u00e5r r\u00e4kna med att det p\u00e5 en h\u00f6jd av omkring tv\u00e5 tusen meter kan bl\u00e5sa en kylig vind \u00e4ven p\u00e5 sommaren. Om du \u00e4lskar blommor b\u00f6r du \u00e5ka hit vid \u00f6verg\u00e5ngen mellan v\u00e5r och sommar, d\u00e5 hela den enorma halvst\u00e4ppen exploderar i f\u00e4rger och tusentals fj\u00e4llblommor sl\u00e5r ut.<\/p>\n\n\n\n<p class=\"wp-block-paragraph\">P\u00e5 h\u00f6sten, ungef\u00e4r fr\u00e5n mitten av oktober, f\u00e4rgas hela \u00e4ngen i djupt gyllene toner och luften brukar vara otroligt klar, s\u00e5 att du ser riktigt l\u00e5ngt. Och vintern? Det \u00e4r ett kapitel f\u00f6r sig. Plat\u00e5n f\u00f6rvandlas till en perfekt vintersportanl\u00e4ggning som ing\u00e5r i det ber\u00f6mda n\u00e4tverket <a href=\"https:\/\/www.dolomitisuperski.com\/\" target=\"_blank\" rel=\"nofollow noopener\">Dolomiti Superski<\/a>. Innan du ger dig av rekommenderar vi alltid att du kollar det aktuella Seiser Alm v\u00e4der p\u00e5 n\u00e4tet, och g\u00e4rna \u00e4ven n\u00e5gon Seiser Alm webcam, eftersom v\u00e4dret i bergen \u00e4ndras riktigt snabbt.<\/p>\n\n\n\n<h2 class=\"wp-block-heading\"><span class=\"ez-toc-section\" id=\"Hur_du_tar_dig_upp_se_upp_med_bilforbudet\"><\/span>Hur du tar dig upp: se upp med bilf\u00f6rbudet!<span class=\"ez-toc-section-end\"><\/span><\/h2>\n\n\n\n<p class=\"wp-block-paragraph\">Lyssna, det h\u00e4r ska du verkligen inte underskatta, f\u00f6r vi har sett folk st\u00e5 och vrida sig p\u00e5 parkeringen klockan halv tio p\u00e5 morgonen och stirra misstroget p\u00e5 skylten med bilf\u00f6rbudet. Trafiken upp till plat\u00e5n har mycket strikta regler som du m\u00e5ste k\u00e4nna till.<\/p>\n\n\n\n<figure data-wp-context=\"{&quot;imageId&quot;:&quot;6a99319b903e4&quot;}\" data-wp-interactive=\"core\/image\" data-wp-key=\"6a99319b903e4\" class=\"wp-block-image size-large wp-lightbox-container\"><img decoding=\"async\" width=\"2048\" height=\"1365\" data-wp-class--hide=\"state.isContentHidden\" data-wp-class--show=\"state.isContentVisible\" data-wp-init=\"callbacks.setButtonStyles\" data-wp-on--click=\"actions.showLightbox\" data-wp-on--load=\"callbacks.setButtonStyles\" data-wp-on--pointerdown=\"actions.preloadImage\" data-wp-on--pointerenter=\"actions.preloadImageWithDelay\" data-wp-on--pointerleave=\"actions.cancelPreload\" data-wp-on-window--resize=\"callbacks.setButtonStyles\" src=\"https:\/\/loudavymkrokem.cz\/wp-content\/uploads\/2026\/05\/alpe-di-siusi-lanovka-kabinka.jpg\" alt=\"F\u00e4rd med kabinbana upp till Seiser Alm med utsikt ner i dalen\" class=\"wp-image-173512\" title=\"\" srcset=\"https:\/\/loudavymkrokem.cz\/wp-content\/uploads\/2026\/05\/alpe-di-siusi-lanovka-kabinka.jpg 2048w, https:\/\/loudavymkrokem.cz\/wp-content\/uploads\/2026\/05\/alpe-di-siusi-lanovka-kabinka-300x200.jpg 300w, https:\/\/loudavymkrokem.cz\/wp-content\/uploads\/2026\/05\/alpe-di-siusi-lanovka-kabinka-700x467.jpg 700w, https:\/\/loudavymkrokem.cz\/wp-content\/uploads\/2026\/05\/alpe-di-siusi-lanovka-kabinka-768x512.jpg 768w, https:\/\/loudavymkrokem.cz\/wp-content\/uploads\/2026\/05\/alpe-di-siusi-lanovka-kabinka-1536x1024.jpg 1536w, https:\/\/loudavymkrokem.cz\/wp-content\/uploads\/2026\/05\/alpe-di-siusi-lanovka-kabinka-696x464.jpg 696w, https:\/\/loudavymkrokem.cz\/wp-content\/uploads\/2026\/05\/alpe-di-siusi-lanovka-kabinka-1392x928.jpg 1392w, https:\/\/loudavymkrokem.cz\/wp-content\/uploads\/2026\/05\/alpe-di-siusi-lanovka-kabinka-1920x1280.jpg 1920w\" sizes=\"(max-width: 2048px) 100vw, 2048px\" \/><button\n\t\t\tclass=\"lightbox-trigger\"\n\t\t\ttype=\"button\"\n\t\t\taria-haspopup=\"dialog\"\n\t\t\tdata-wp-bind--aria-label=\"state.thisImage.triggerButtonAriaLabel\"\n\t\t\tdata-wp-init=\"callbacks.initTriggerButton\"\n\t\t\tdata-wp-on--click=\"actions.showLightbox\"\n\t\t\tdata-wp-style--right=\"state.thisImage.buttonRight\"\n\t\t\tdata-wp-style--top=\"state.thisImage.buttonTop\"\n\t\t>\n\t\t\t<svg xmlns=\"http:\/\/www.w3.org\/2000\/svg\" width=\"12\" height=\"12\" fill=\"none\" viewBox=\"0 0 12 12\">\n\t\t\t\t<path fill=\"#fff\" d=\"M2 0a2 2 0 0 0-2 2v2h1.5V2a.5.5 0 0 1 .5-.5h2V0H2Zm2 10.5H2a.5.5 0 0 1-.5-.5V8H0v2a2 2 0 0 0 2 2h2v-1.5ZM8 12v-1.5h2a.5.5 0 0 0 .5-.5V8H12v2a2 2 0 0 1-2 2H8Zm2-12a2 2 0 0 1 2 2v2h-1.5V2a.5.5 0 0 0-.5-.5H8V0h2Z\" \/>\n\t\t\t<\/svg>\n\t\t<\/button><figcaption class=\"wp-element-caption\">F\u00e4rd med kabinbana upp till Seiser Alm med utsikt ner i dalen<\/figcaption><\/figure>\n\n\n\n<p class=\"wp-block-paragraph\">Under h\u00f6gs\u00e4song r\u00e5der ett helt kompromissl\u00f6st f\u00f6rbud mot privatbilar p\u00e5 Seiser Alms omr\u00e5de mellan klockan 09.00 och 17.00. Om du f\u00f6rs\u00f6ker bryta mot f\u00f6rbudet v\u00e4ntar kameror l\u00e4ngs v\u00e4gen och kraftiga b\u00f6ter. Vilka alternativ har du d\u00e5?<\/p>\n\n\n\n<ul class=\"wp-block-list\">\n<li><strong>Med bil f\u00f6re 09.00 eller efter 17.00:<\/strong> Om du gillar att g\u00e5 upp tidigt kan du k\u00f6ra upp till byn Compatsch (som \u00e4r den viktigaste ink\u00f6rsporten till \u00e4ngen) f\u00f6re klockan nio p\u00e5 morgonen. V\u00e4gen brukar vara full, s\u00e5 ge dig lite marginal. Uppe parkerar du sedan p\u00e5 en stor parkering mot en avgift p\u00e5 runt 25 EUR per dag. Sedan kan du \u00e5ka d\u00e4rifr\u00e5n n\u00e4r som helst, men du f\u00e5r inte k\u00f6ra runt p\u00e5 sj\u00e4lva plat\u00e5n under dagen. Luk\u00e1\u0161 och jag klarar inte riktigt av tidiga morgnar med lilla Jon\u00e1\u0161, s\u00e5 vi valde andra alternativ. \ud83d\ude05<\/li>\n\n\n\n<li><strong>Med linbana fr\u00e5n Ortisei:<\/strong> Det h\u00e4r \u00e4r v\u00e5r favorit och den bekv\u00e4maste v\u00e4gen. Fr\u00e5n den vackra lilla staden Ortisei g\u00e5r en r\u00f6d kabinbana (Cabinovia Mont S\u00ebuc) direkt upp till kanten av \u00e4ngen. Du kommer utan problem in i kabinen med barnvagn, och hundar f\u00e5r \u00e5ka med dig.<\/li>\n\n\n\n<li><strong>Med linbana fr\u00e5n byn Siusi (Seis) till Compatsch:<\/strong> Ett annat utm\u00e4rkt alternativ \u00e4r Seiser Alm-linbanan som tar dig fr\u00e5n dalen upp till huvudknutpunkten Compatsch. Linbanorna \u00e4r snabba, tysta och utsikten fr\u00e5n dem \u00e4r helt klart v\u00e4rd det.<\/li>\n\n\n\n<li><strong>Med buss:<\/strong> Fr\u00e5n m\u00e5nga av de omkringliggande byarna, bland annat Castelrotto (Kastelruth), g\u00e5r regulj\u00e4ra busslinjer, och p\u00e5 plat\u00e5n fungerar de lokala gula och bl\u00e5 bussarna perfekt (till exempel linje 11 eller 12 till Saltria-omr\u00e5det), som tar dig n\u00e4ra de olika vandringslederna.<\/li>\n<\/ul>\n\n\n\n<h2 class=\"wp-block-heading\"><span class=\"ez-toc-section\" id=\"Var_du_bor_och_vad_det_kostar\"><\/span><span class=\"ez-toc-section\" id=\"Kde_se_ubytovat_a_kolik_to_stoji\"><\/span>Var du bor och vad det kostar<span class=\"ez-toc-section-end\"><\/span><\/h2>\n\n\n\n<p class=\"wp-block-paragraph\">Att hitta r\u00e4tt boende i det h\u00e4r omr\u00e5det kr\u00e4ver lite planering, eftersom l\u00e4get i h\u00f6g grad avg\u00f6r priset. Vill du spara pengar och inte har n\u00e5got emot att pendla lite finns det charmiga dalbyar, men s\u00f6ker du romantik med morgonutsikt rakt ut \u00f6ver betesmarkerna f\u00e5r du betala lite extra.<\/p>\n\n\n\n<figure data-wp-context=\"{&quot;imageId&quot;:&quot;6a99319b90c74&quot;}\" data-wp-interactive=\"core\/image\" data-wp-key=\"6a99319b90c74\" class=\"wp-block-image size-large wp-lightbox-container\"><img decoding=\"async\" width=\"2048\" height=\"1365\" data-wp-class--hide=\"state.isContentHidden\" data-wp-class--show=\"state.isContentVisible\" data-wp-init=\"callbacks.setButtonStyles\" data-wp-on--click=\"actions.showLightbox\" data-wp-on--load=\"callbacks.setButtonStyles\" data-wp-on--pointerdown=\"actions.preloadImage\" data-wp-on--pointerenter=\"actions.preloadImageWithDelay\" data-wp-on--pointerleave=\"actions.cancelPreload\" data-wp-on-window--resize=\"callbacks.setButtonStyles\" src=\"https:\/\/loudavymkrokem.cz\/wp-content\/uploads\/2026\/05\/alpe-di-siusi-vesnice-hotel-pod-horami.jpg\" alt=\"Alpby med traditionell arkitektur under Dolomiternas toppar\" class=\"wp-image-173513\" title=\"\" srcset=\"https:\/\/loudavymkrokem.cz\/wp-content\/uploads\/2026\/05\/alpe-di-siusi-vesnice-hotel-pod-horami.jpg 2048w, https:\/\/loudavymkrokem.cz\/wp-content\/uploads\/2026\/05\/alpe-di-siusi-vesnice-hotel-pod-horami-300x200.jpg 300w, https:\/\/loudavymkrokem.cz\/wp-content\/uploads\/2026\/05\/alpe-di-siusi-vesnice-hotel-pod-horami-700x467.jpg 700w, https:\/\/loudavymkrokem.cz\/wp-content\/uploads\/2026\/05\/alpe-di-siusi-vesnice-hotel-pod-horami-768x512.jpg 768w, https:\/\/loudavymkrokem.cz\/wp-content\/uploads\/2026\/05\/alpe-di-siusi-vesnice-hotel-pod-horami-1536x1024.jpg 1536w, https:\/\/loudavymkrokem.cz\/wp-content\/uploads\/2026\/05\/alpe-di-siusi-vesnice-hotel-pod-horami-696x464.jpg 696w, https:\/\/loudavymkrokem.cz\/wp-content\/uploads\/2026\/05\/alpe-di-siusi-vesnice-hotel-pod-horami-1392x928.jpg 1392w, https:\/\/loudavymkrokem.cz\/wp-content\/uploads\/2026\/05\/alpe-di-siusi-vesnice-hotel-pod-horami-1920x1280.jpg 1920w\" sizes=\"(max-width: 2048px) 100vw, 2048px\" \/><button\n\t\t\tclass=\"lightbox-trigger\"\n\t\t\ttype=\"button\"\n\t\t\taria-haspopup=\"dialog\"\n\t\t\tdata-wp-bind--aria-label=\"state.thisImage.triggerButtonAriaLabel\"\n\t\t\tdata-wp-init=\"callbacks.initTriggerButton\"\n\t\t\tdata-wp-on--click=\"actions.showLightbox\"\n\t\t\tdata-wp-style--right=\"state.thisImage.buttonRight\"\n\t\t\tdata-wp-style--top=\"state.thisImage.buttonTop\"\n\t\t>\n\t\t\t<svg xmlns=\"http:\/\/www.w3.org\/2000\/svg\" width=\"12\" height=\"12\" fill=\"none\" viewBox=\"0 0 12 12\">\n\t\t\t\t<path fill=\"#fff\" d=\"M2 0a2 2 0 0 0-2 2v2h1.5V2a.5.5 0 0 1 .5-.5h2V0H2Zm2 10.5H2a.5.5 0 0 1-.5-.5V8H0v2a2 2 0 0 0 2 2h2v-1.5ZM8 12v-1.5h2a.5.5 0 0 0 .5-.5V8H12v2a2 2 0 0 1-2 2H8Zm2-12a2 2 0 0 1 2 2v2h-1.5V2a.5.5 0 0 0-.5-.5H8V0h2Z\" \/>\n\t\t\t<\/svg>\n\t\t<\/button><figcaption class=\"wp-element-caption\">Alpby med traditionell arkitektur under Dolomiternas toppar<\/figcaption><\/figure>\n\n\n\n<p class=\"wp-block-paragraph\">Direkt p\u00e5 \u00e4ngen Seiser Alm hittar du massor av vackra hotell och fj\u00e4llstugor, men priserna ligger h\u00e4r vanligtvis \u00f6ver 200 EUR per natt f\u00f6r tv\u00e5 personer, och under sommarens och vinterns h\u00f6gs\u00e4song \u00e4r de ofta fullbokade l\u00e5ngt i f\u00f6rv\u00e4g. Strategiskt mest f\u00f6rdelaktigt \u00e4r att bo direkt i byn Compatsch vid \u00e4ngens kant, varifr\u00e5n du har n\u00e4ra till allt.<\/p>\n\n\n\n<p class=\"wp-block-paragraph\">H\u00e4r kan jag rekommendera <a href=\"https:\/\/www.seiseralm.it\/cs\/ubytovani.html\" target=\"_blank\" rel=\"nofollow noopener\">lokala hotell via den officiella turistsajten<\/a>, eller att j\u00e4mf\u00f6ra aktuella priser och tillg\u00e4nglighet p\u00e5 <a href=\"https:\/\/loudavymkrokem.cz\/doporucujeme\/booking-com\/\" target=\"_blank\" rel=\"sponsored noopener\">Booking.com<\/a>. Sj\u00e4lva gillar vi mycket det n\u00e4rliggande Castelrotto (Kastelruth), en underbar traditionell ladinsk by d\u00e4r du hittar fina l\u00e4genheter till mer \u00f6verkomliga priser och d\u00e4r atmosf\u00e4ren \u00e4r helt fantastisk. D\u00e4r finns det fina familje\u00e4gda <a href=\"https:\/\/www.stay22.com\/allez\/roam?aid=lukaskonecny&amp;campaign=loudavymkrokemcz&amp;campaign=alpedisiusi&amp;hotelname=Schgaguler%20Hotel&amp;address=Castelrotto%2C%20Italy\" target=\"_blank\" rel=\"noopener nofollow sponsored\">Schgaguler Hotel<\/a> f\u00f6r dig som vill ha lite lyx, eller det prisv\u00e4nligare <a href=\"https:\/\/www.stay22.com\/allez\/roam?aid=lukaskonecny&amp;campaign=loudavymkrokemcz&amp;campaign=alpedisiusi&amp;hotelname=Aparthotel%20Kastel%20Seiser%20Alm&amp;address=Castelrotto%2C%20Italy\" target=\"_blank\" rel=\"noopener nofollow sponsored\">Aparthotel Kastel Seiser Alm<\/a>. En annan utm\u00e4rkt bas \u00e4r det redan n\u00e4mnda Ortisei, varifr\u00e5n du \u00e4r uppe med linbanan p\u00e5 bara 15 minuter och p\u00e5 kv\u00e4llen kan flanera bland de omtalade kaf\u00e9erna.<\/p>\n\n\n<p><!-- UBYTOVANI:Ortisei --><\/p>\n\n\n\n<div class=\"lk-stays-module\">\n<style>\n\/* \u2500\u2500\u2500 RESET PRO GUTENBERG \u2500\u2500\u2500 *\/\n.lk-stays-module * { box-sizing: border-box; margin: 0; padding: 0; }\n\n\/* \u2500\u2500\u2500 WRAPPER \u2500\u2500\u2500 *\/\n.lk-stays-module {\n  font-family: 'DM Sans', Georgia, sans-serif;\n  max-width: 100%;\n  margin: 2.5rem auto;\n  background: linear-gradient(135deg, #fdfaf5 0%, #fcf8f0 100%);\n  border: 1px solid #e8dfd4;\n  border-radius: 16px;\n  overflow: hidden;\n  box-shadow: 0 16px 48px rgba(195, 159, 118, 0.25), 0 4px 12px rgba(0,0,0,0.08);\n}\n\n\/* \u2500\u2500\u2500 HEADER \u2500\u2500\u2500 *\/\n.lk-stays-header {\n  position: relative;\n  padding: 24px 36px 24px;\n  background: linear-gradient(135deg, #c39f76 0%, #d4b188 60%, #c39f76 100%);\n  border-bottom: 1px solid rgba(255,255,255,.15);\n  display: flex;\n  align-items: center;\n  gap: 18px;\n}\n.lk-stays-header::before {\n  content: '';\n  position: absolute;\n  inset: 0;\n  background: url(\"data:image\/svg+xml,%3Csvg width='60' height='60' viewBox='0 0 60 60' xmlns='http:\/\/www.w3.org\/2000\/svg'%3E%3Cg fill='none' fill-rule='evenodd'%3E%3Cg fill='%23ffffff' fill-opacity='0.05'%3E%3Cpath d='M36 34v-4h-2v4h-4v2h4v4h2v-4h4v-2h-4zm0-30V0h-2v4h-4v2h4v4h2V6h4V4h-4zM6 34v-4H4v4H0v2h4v4h2v-4h4v-2H6zM6 4V0H4v4H0v2h4v4h2V6h4V4H6z'\/%3E%3C\/g%3E%3C\/g%3E%3C\/svg%3E\") repeat;\n  pointer-events: none;\n}\n.lk-stays-icon {\n  flex-shrink: 0;\n  width: 68px;\n  height: 68px;\n  border-radius: 14px;\n  background: linear-gradient(135deg, #fff 0%, #f9f6f0 100%);\n  display: flex;\n  align-items: center;\n  justify-content: center;\n  font-size: 26px;\n  box-shadow: 0 4px 12px rgba(0,0,0,0.15);\n}\n.lk-stays-eyebrow {\n  font-size: 10px;\n  font-weight: 500;\n  letter-spacing: 2.5px;\n  text-transform: uppercase;\n  color: rgba(255,255,255,.85);\n  margin: 0 0 5px 0;\n}\n.lk-stays-title {\n  font-family: 'Playfair Display', Georgia, serif;\n  font-size: 24px;\n  font-weight: 700;\n  color: #fff;\n  line-height: 1.2;\n  text-shadow: 0 1px 2px rgba(0,0,0,0.1);\n  margin: 0;\n}\n.lk-stays-subtitle {\n  font-size: 13px;\n  color: rgba(255,255,255,.75);\n  margin: 4px 0 0 0;\n  font-weight: 300;\n}\n\n\/* \u2500\u2500\u2500 CARDS GRID \u2500\u2500\u2500 *\/\n.lk-stays-grid {\n  display: grid;\n  grid-template-columns: 1fr 1fr;\n  gap: 1px;\n  background: rgba(195, 159, 118, 0.12);\n}\n\n\/* \u2500\u2500\u2500 SINGLE CARD \u2500\u2500\u2500 *\/\n.lk-stay-card {\n  background: #ffffff;\n  padding: 26px;\n  display: flex;\n  flex-direction: column;\n  gap: 11px;\n  transition: all 0.3s ease;\n  text-decoration: none;\n  color: inherit;\n  position: relative;\n}\n.lk-stay-card:hover {\n  background: #fffbf5;\n  transform: translateY(-2px);\n  box-shadow: 0 8px 24px rgba(195, 159, 118, 0.18);\n  z-index: 1;\n}\n.lk-stay-card.featured {\n  background: linear-gradient(135deg, #fffdf9 0%, #fff9f0 100%);\n  box-shadow: 0 4px 16px rgba(195, 159, 118, 0.15), inset 0 1px 0 rgba(195, 159, 118, 0.1);\n}\n.lk-stay-card.featured:hover {\n  background: linear-gradient(135deg, #fffbf5 0%, #fff8ed 100%);\n  box-shadow: 0 8px 24px rgba(195, 159, 118, 0.25), inset 0 1px 0 rgba(195, 159, 118, 0.15);\n}\n\n.lk-stay-badge {\n  display: inline-flex;\n  align-items: center;\n  gap: 5px;\n  font-size: 10px;\n  font-weight: 500;\n  letter-spacing: 1.5px;\n  text-transform: uppercase;\n  padding: 5px 11px;\n  border-radius: 20px;\n  width: fit-content;\n}\n.badge-top     { background: linear-gradient(135deg, #c39f76 0%, #d4b188 100%); color: #fff; border: 1px solid #c39f76; font-weight: 600; box-shadow: 0 2px 8px rgba(195,159,118,0.3); }\n.badge-luxury  { background: rgba(195,159,118,.12); color: #c39f76; border: 1px solid rgba(195,159,118,.25); }\n.badge-boutique{ background: rgba(54,133,252,.08); color: #3685fc; border: 1px solid rgba(54,133,252,.2); }\n.badge-nature  { background: rgba(130,190,100,.1); color: #6b9c4a; border: 1px solid rgba(130,190,100,.2); }\n.badge-remote  { background: rgba(195,159,118,.12); color: #a67e50; border: 1px solid rgba(195,159,118,.25); }\n\n.lk-stay-name {\n  font-family: 'Playfair Display', Georgia, serif;\n  font-size: 18px;\n  font-weight: 700;\n  color: #111827;\n  line-height: 1.3;\n}\n.lk-stay-desc {\n  font-size: 13.5px;\n  color: #525252;\n  line-height: 1.65;\n  font-weight: 300;\n  flex: 1;\n}\n\n.lk-stay-meta {\n  display: flex;\n  align-items: center;\n  gap: 12px;\n  flex-wrap: wrap;\n  margin-top: 4px;\n}\n.lk-stay-price {\n  font-size: 13px;\n  color: #6b7280;\n}\n.lk-stay-price strong {\n  color: #c39f76;\n  font-weight: 500;\n}\n.lk-stay-stars {\n  color: #c39f76;\n  font-size: 11px;\n  letter-spacing: 1px;\n}\n\n\/* \u2500\u2500\u2500 CTA BUTTON \u2500\u2500\u2500 *\/\n.lk-stay-cta {\n  display: inline-flex;\n  align-items: center;\n  justify-content: center;\n  gap: 7px;\n  margin-top: 8px;\n  padding: 11px 20px;\n  border-radius: 8px;\n  background: linear-gradient(135deg, #3685fc 0%, #2a6fd9 100%);\n  color: #fff;\n  font-size: 13px;\n  font-weight: 500;\n  text-decoration: none;\n  letter-spacing: .3px;\n  transition: all .2s ease;\n  cursor: pointer;\n  border: none;\n  text-align: center;\n  box-shadow: 0 4px 12px rgba(54, 133, 252, 0.25);\n}\n.lk-stay-cta:hover {\n  background: linear-gradient(135deg, #2a6fd9 0%, #1e5bc4 100%);\n  transform: translateY(-1px);\n  box-shadow: 0 6px 16px rgba(54, 133, 252, 0.35);\n}\n.lk-stay-cta svg { flex-shrink: 0; }\n\n\/* \u2500\u2500\u2500 FOOTER \u2500\u2500\u2500 *\/\n.lk-stays-footer {\n  padding: 18px 36px;\n  background: linear-gradient(to bottom, #fdfaf5 0%, #f9f4ed 100%);\n  border-top: 1px solid rgba(195, 159, 118, 0.15);\n  display: flex;\n  align-items: center;\n  justify-content: space-between;\n  flex-wrap: wrap;\n  gap: 12px;\n}\n.lk-stays-footer-note {\n  font-size: 11.5px;\n  color: #6b7280;\n  font-weight: 300;\n  line-height: 1.5;\n}\n.lk-stays-footer-note a {\n  color: #c39f76;\n  text-decoration: none;\n  font-weight: 400;\n}\n.lk-stays-footer-note a:hover {\n  text-decoration: underline;\n}\n.lk-stays-all-btn {\n  display: inline-flex;\n  align-items: center;\n  gap: 6px;\n  font-size: 12.5px;\n  font-weight: 500;\n  color: #c39f76;\n  text-decoration: none;\n  border: 1px solid rgba(195, 159, 118, 0.35);\n  padding: 8px 18px;\n  border-radius: 8px;\n  transition: all .2s ease;\n}\n.lk-stays-all-btn:hover {\n  background: rgba(195, 159, 118, 0.08);\n  border-color: rgba(195, 159, 118, 0.5);\n}\n\n\/* \u2500\u2500\u2500 RESPONSIVE \u2500\u2500\u2500 *\/\n@media (max-width: 600px) {\n  .lk-stays-grid { grid-template-columns: 1fr; }\n  .lk-stays-header { padding: 24px 20px; }\n  .lk-stays-footer { padding: 16px 20px; }\n  .lk-stay-card { padding: 22px; }\n  .lk-stays-title { font-size: 20px; }\n}\n<\/style>\n\n  <!-- HEADER -->\n  <div class=\"lk-stays-header\">\n    <img decoding=\"async\" src=\"https:\/\/loudavymkrokem.cz\/wp-content\/uploads\/2026\/02\/lukas-a-lucka.jpg\" alt=\"\" style=\"width: 75px; height: 75px; border-radius: 8px; flex-shrink: 0; object-fit: cover; display: block; margin: 4px 0;\" title=\"\">\n    <div class=\"lk-stays-header-text\">\n      <div class=\"lk-stays-eyebrow\">Luk\u00e1\u0161 och Lucie rekommenderar<\/div>\n      <div class=\"lk-stays-title\">Var ska man bo p\u00e5 Alpe di Siusi<\/div>\n      <div class=\"lk-stays-subtitle\">4 boenden \u2014 wellnesshotell, hotell och andra boendealternativ<\/div>\n    <\/div>\n  <\/div>\n\n  <!-- CARDS -->\n  <div class=\"lk-stays-grid\">\n\n    <a class=\"lk-stay-card featured\" href=\"https:\/\/www.stay22.com\/allez\/roam?aid=lukaskonecny&#038;campaign=loudavymkrokemcz&#038;campaign=sv&#038;campaign=alpedisiusi&#038;hotelname=Schgaguler%20Hotel&#038;address=Castelrotto%2C%20Italy\" target=\"_blank\" rel=\"noopener nofollow sponsored\">\n      <span class=\"lk-stay-badge badge-top\">\u2b50 TOPPVAL<\/span>\n      <span class=\"lk-stay-badge badge-nature\">\u2b50 Luxury<\/span>\n      <div class=\"lk-stay-name\">Schgaguler Hotel<\/div>\n      <div class=\"lk-stay-desc\">Fantastiskt familjehotell f\u00f6r mer kr\u00e4vande g\u00e4ster i den charmiga traditionella ladiniska staden Castelrotto (Kastelruth), varifr\u00e5n det finns bra f\u00f6rbindelser till Alpe di Siusi.<\/div>\n      <div class=\"lk-stay-meta\">\n        <span class=\"lk-stay-stars\">\u2605\u2605\u2605\u2605<\/span>\n        <span class=\"lk-stay-price\">Kontrollera priser<\/span>\n      <\/div>\n      <span class=\"lk-stay-cta\">\n        <svg width=\"14\" height=\"14\" viewBox=\"0 0 24 24\" fill=\"none\" stroke=\"currentColor\" stroke-width=\"2\"><path d=\"M18 13v6a2 2 0 0 1-2 2H5a2 2 0 0 1-2-2V8a2 2 0 0 1 2-2h6\"\/><polyline points=\"15 3 21 3 21 9\"\/><line x1=\"10\" y1=\"14\" x2=\"21\" y2=\"3\"\/><\/svg>\n        Kontrollera tillg\u00e4nglighet\n      <\/span>\n    <\/a>\n\n    <a class=\"lk-stay-card\" href=\"https:\/\/www.stay22.com\/allez\/roam?aid=lukaskonecny&#038;campaign=loudavymkrokemcz&#038;campaign=sv&#038;campaign=alpedisiusi&#038;hotelname=Aparthotel%20Kastel%20Seiser%20Alm&#038;address=Castelrotto%2C%20Italy\" target=\"_blank\" rel=\"noopener nofollow sponsored\">\n      <span class=\"lk-stay-badge badge-nature\">\ud83c\udfe1 L\u00e4genhet<\/span>\n      <div class=\"lk-stay-name\">Aparthotel Kastel Seiser Alm<\/div>\n      <div class=\"lk-stay-desc\">Mer prisv\u00e4rd l\u00e4genhetshotell i Castelrotto, utm\u00e4rkt utg\u00e5ngspunkt f\u00f6r utflykter till Alpe di Siusi med m\u00f6jlighet till egen matlagning.<\/div>\n      <div class=\"lk-stay-meta\">\n        <span class=\"lk-stay-stars\">\u2605\u2605\u2605\u2605<\/span>\n        <span class=\"lk-stay-price\">Kontrollera priser<\/span>\n      <\/div>\n      <span class=\"lk-stay-cta\">\n        <svg width=\"14\" height=\"14\" viewBox=\"0 0 24 24\" fill=\"none\" stroke=\"currentColor\" stroke-width=\"2\"><path d=\"M18 13v6a2 2 0 0 1-2 2H5a2 2 0 0 1-2-2V8a2 2 0 0 1 2-2h6\"\/><polyline points=\"15 3 21 3 21 9\"\/><line x1=\"10\" y1=\"14\" x2=\"21\" y2=\"3\"\/><\/svg>\n        Kontrollera tillg\u00e4nglighet\n      <\/span>\n    <\/a>\n\n    <a class=\"lk-stay-card\" href=\"https:\/\/www.stay22.com\/allez\/roam?aid=lukaskonecny&#038;campaign=loudavymkrokemcz&#038;campaign=sv&#038;campaign=alpedisiusiseiseralm12tipucodelatnanejvetsivysokohorskeloucevevrope&#038;address=Alpe+di+Siusi&#038;hotelname=Skihotel+Saltria&#038;search=Skihotel+Saltria&#038;category=accommodation\" target=\"_blank\" rel=\"nofollow noopener\">\n      <span class=\"lk-stay-badge badge-nature\">\ud83c\udfe8 Hotell<\/span>\n      <div class=\"lk-stay-name\">Skihotel Saltria<\/div>\n      <div class=\"lk-stay-desc\">Hotell i en lugnare del av plat\u00e5n i Saltria-omr\u00e5det, omgivet av djupa skogar och b\u00e4ckar. Utm\u00e4rkt utg\u00e5ngspunkt f\u00f6r kortare vandringsslingor.<\/div>\n      <div class=\"lk-stay-meta\">\n        <span class=\"lk-stay-stars\">\u2605\u2605\u2605\u2605<\/span>\n        <span class=\"lk-stay-price\">Kontrollera priser<\/span>\n      <\/div>\n      <span class=\"lk-stay-cta\">\n        <svg width=\"14\" height=\"14\" viewBox=\"0 0 24 24\" fill=\"none\" stroke=\"currentColor\" stroke-width=\"2\"><path d=\"M18 13v6a2 2 0 0 1-2 2H5a2 2 0 0 1-2-2V8a2 2 0 0 1 2-2h6\"\/><polyline points=\"15 3 21 3 21 9\"\/><line x1=\"10\" y1=\"14\" x2=\"21\" y2=\"3\"\/><\/svg>\n        Kontrollera tillg\u00e4nglighet\n      <\/span>\n    <\/a>\n\n    <a class=\"lk-stay-card\" href=\"https:\/\/www.stay22.com\/allez\/roam?aid=lukaskonecny&#038;campaign=loudavymkrokemcz&#038;campaign=sv&#038;campaign=alpedisiusiseiseralm12tipucodelatnanejvetsivysokohorskeloucevevrope&#038;address=alpe%20di%20siusi\" target=\"_blank\" rel=\"nofollow noopener\">\n      <span class=\"lk-stay-badge badge-nature\">\ud83d\udd0d S\u00f6k<\/span>\n      <div class=\"lk-stay-name\">Visa alla boenden p\u00e5 Alpe di Siusi<\/div>\n      <div class=\"lk-stay-desc\">Utforska alla tillg\u00e4ngliga boendealternativ p\u00e5 Alpe di Siusi och hitta det b\u00e4sta enligt dina preferenser och budget.<\/div>\n      <div class=\"lk-stay-meta\">\n        <span class=\"lk-stay-stars\">\u2605\u2605\u2605\u2605<\/span>\n        <span class=\"lk-stay-price\">J\u00e4mf\u00f6r priser<\/span>\n      <\/div>\n      <span class=\"lk-stay-cta\">\n        <svg width=\"14\" height=\"14\" viewBox=\"0 0 24 24\" fill=\"none\" stroke=\"currentColor\" stroke-width=\"2\"><path d=\"M18 13v6a2 2 0 0 1-2 2H5a2 2 0 0 1-2-2V8a2 2 0 0 1 2-2h6\"\/><polyline points=\"15 3 21 3 21 9\"\/><line x1=\"10\" y1=\"14\" x2=\"21\" y2=\"3\"\/><\/svg>\n        Kontrollera tillg\u00e4nglighet\n      <\/span>\n    <\/a>\n\n  <\/div>\n\n  \n<\/div>\n\n\n\n\n<h2 class=\"wp-block-heading\"><span class=\"ez-toc-section\" id=\"Seiser_Alm_12_platser_du_maste_besoka_och_vad_du_kan_gora_har\"><\/span><span class=\"ez-toc-section\" id=\"Alpe_di_Siusi_12_mist_ktera_musite_navstivit_a_co_tu_delat\"><\/span>Seiser Alm: 12 platser du m\u00e5ste bes\u00f6ka, och vad du kan g\u00f6ra h\u00e4r<span class=\"ez-toc-section-end\"><\/span><\/h2>\n\n\n\n<p class=\"wp-block-paragraph\">P\u00e5 den h\u00e4r enorma ytan kan du l\u00e4tt tillbringa en hel vecka och fortfarande ha nytt att uppt\u00e4cka. H\u00e4r \u00e4r v\u00e5rt urval \u2013 anpassat f\u00f6r familjer, hund\u00e4gare och alla som helt enkelt vill sitta p\u00e5 en uteservering och titta p\u00e5 bergen med en kaffe i handen.<\/p>\n\n\n\n<h3 class=\"wp-block-heading\"><span class=\"ez-toc-section\" id=\"1_Betagande_vy_over_Sasso_Lungo_och_Sasso_Piatto_fran_angen\"><\/span>1. Betagande vy \u00f6ver Sasso Lungo och Sasso Piatto fr\u00e5n \u00e4ngen<span class=\"ez-toc-section-end\"><\/span><\/h3>\n\n\n\n<p class=\"wp-block-paragraph\">Det h\u00e4r \u00e4r precis den utsikt som alla \u00e5ker hit f\u00f6r. De tv\u00e5 majest\u00e4tiska bergen, Sasso Lungo och Sasso Piatto, tornar upp sig \u00f6ver den gr\u00f6na sl\u00e4tten som tv\u00e5 v\u00e4ktare och skapar en perfekt fond f\u00f6r vilken bild som helst.<\/p>\n\n\n\n<figure data-wp-context=\"{&quot;imageId&quot;:&quot;6a99319b917c2&quot;}\" data-wp-interactive=\"core\/image\" data-wp-key=\"6a99319b917c2\" class=\"wp-block-image size-large wp-lightbox-container\"><img decoding=\"async\" width=\"2048\" height=\"1365\" data-wp-class--hide=\"state.isContentHidden\" data-wp-class--show=\"state.isContentVisible\" data-wp-init=\"callbacks.setButtonStyles\" data-wp-on--click=\"actions.showLightbox\" data-wp-on--load=\"callbacks.setButtonStyles\" data-wp-on--pointerdown=\"actions.preloadImage\" data-wp-on--pointerenter=\"actions.preloadImageWithDelay\" data-wp-on--pointerleave=\"actions.cancelPreload\" data-wp-on-window--resize=\"callbacks.setButtonStyles\" src=\"https:\/\/loudavymkrokem.cz\/wp-content\/uploads\/2026\/05\/alpe-di-siusi-sassolungo-louka.jpg\" alt=\"Vy \u00f6ver massivet Sasso Lungo och Sasso Piatto \u00f6ver den vidstr\u00e4ckta \u00e4ngen\" class=\"wp-image-173514\" title=\"\" srcset=\"https:\/\/loudavymkrokem.cz\/wp-content\/uploads\/2026\/05\/alpe-di-siusi-sassolungo-louka.jpg 2048w, https:\/\/loudavymkrokem.cz\/wp-content\/uploads\/2026\/05\/alpe-di-siusi-sassolungo-louka-300x200.jpg 300w, https:\/\/loudavymkrokem.cz\/wp-content\/uploads\/2026\/05\/alpe-di-siusi-sassolungo-louka-700x467.jpg 700w, https:\/\/loudavymkrokem.cz\/wp-content\/uploads\/2026\/05\/alpe-di-siusi-sassolungo-louka-768x512.jpg 768w, https:\/\/loudavymkrokem.cz\/wp-content\/uploads\/2026\/05\/alpe-di-siusi-sassolungo-louka-1536x1024.jpg 1536w, https:\/\/loudavymkrokem.cz\/wp-content\/uploads\/2026\/05\/alpe-di-siusi-sassolungo-louka-696x464.jpg 696w, https:\/\/loudavymkrokem.cz\/wp-content\/uploads\/2026\/05\/alpe-di-siusi-sassolungo-louka-1392x928.jpg 1392w, https:\/\/loudavymkrokem.cz\/wp-content\/uploads\/2026\/05\/alpe-di-siusi-sassolungo-louka-1920x1280.jpg 1920w\" sizes=\"(max-width: 2048px) 100vw, 2048px\" \/><button\n\t\t\tclass=\"lightbox-trigger\"\n\t\t\ttype=\"button\"\n\t\t\taria-haspopup=\"dialog\"\n\t\t\tdata-wp-bind--aria-label=\"state.thisImage.triggerButtonAriaLabel\"\n\t\t\tdata-wp-init=\"callbacks.initTriggerButton\"\n\t\t\tdata-wp-on--click=\"actions.showLightbox\"\n\t\t\tdata-wp-style--right=\"state.thisImage.buttonRight\"\n\t\t\tdata-wp-style--top=\"state.thisImage.buttonTop\"\n\t\t>\n\t\t\t<svg xmlns=\"http:\/\/www.w3.org\/2000\/svg\" width=\"12\" height=\"12\" fill=\"none\" viewBox=\"0 0 12 12\">\n\t\t\t\t<path fill=\"#fff\" d=\"M2 0a2 2 0 0 0-2 2v2h1.5V2a.5.5 0 0 1 .5-.5h2V0H2Zm2 10.5H2a.5.5 0 0 1-.5-.5V8H0v2a2 2 0 0 0 2 2h2v-1.5ZM8 12v-1.5h2a.5.5 0 0 0 .5-.5V8H12v2a2 2 0 0 1-2 2H8Zm2-12a2 2 0 0 1 2 2v2h-1.5V2a.5.5 0 0 0-.5-.5H8V0h2Z\" \/>\n\t\t\t<\/svg>\n\t\t<\/button><figcaption class=\"wp-element-caption\">Vy \u00f6ver massivet Sasso Lungo och Sasso Piatto \u00f6ver den vidstr\u00e4ckta \u00e4ngen<\/figcaption><\/figure>\n\n\n\n<p class=\"wp-block-paragraph\">Och det b\u00e4sta? Du beh\u00f6ver inte ge dig ut p\u00e5 n\u00e5gon komplicerad vandring \u2013 det r\u00e4cker att \u00e5ka upp med linbanan fr\u00e5n Ortisei, g\u00e5 n\u00e5gra tiotal meter fr\u00e5n topstationen Mont S\u00ebuc, s\u00e5 \u00f6ppnar sig vykortspanoramat rakt framf\u00f6r n\u00e4san p\u00e5 dig. S\u00e4rskilt i skymningen, n\u00e4r den nedg\u00e5ende solen f\u00e4rgar klipporna i rosa och lila, \u00e4r det ett sk\u00e5despel som f\u00e5r dig att tappa andan.<\/p>\n\n\n\n<h3 class=\"wp-block-heading\"><span class=\"ez-toc-section\" id=\"2_Romantisk_promenad_langs_Hans_und_Paula_Steger_Weg\"><\/span>2. Romantisk promenad l\u00e4ngs Hans und Paula Steger Weg<span class=\"ez-toc-section-end\"><\/span><\/h3>\n\n\n\n<p class=\"wp-block-paragraph\">Om du s\u00f6ker en l\u00e4ttg\u00e5ngen led full av intressant information och vacker utsikt \u00e4r den h\u00e4r stigen helt idealisk. Den \u00e4r uppkallad efter tv\u00e5 ber\u00f6mda bergsbestigare och pionj\u00e4rer inom den lokala turismen, som f\u00f6r\u00e4lskade sig i omr\u00e5det och \u00e4gnade det sina liv.<\/p>\n\n\n\n<figure data-wp-context=\"{&quot;imageId&quot;:&quot;6a99319b91f19&quot;}\" data-wp-interactive=\"core\/image\" data-wp-key=\"6a99319b91f19\" class=\"wp-block-image size-full wp-lightbox-container\"><img decoding=\"async\" data-wp-class--hide=\"state.isContentHidden\" data-wp-class--show=\"state.isContentVisible\" data-wp-init=\"callbacks.setButtonStyles\" data-wp-on--click=\"actions.showLightbox\" data-wp-on--load=\"callbacks.setButtonStyles\" data-wp-on--pointerdown=\"actions.preloadImage\" data-wp-on--pointerenter=\"actions.preloadImageWithDelay\" data-wp-on--pointerleave=\"actions.cancelPreload\" data-wp-on-window--resize=\"callbacks.setButtonStyles\" src=\"https:\/\/www.loudavymkrokem.cz\/wp-content\/uploads\/2023\/05\/alpe-di-suisi-seiser-alm-2048x1366.jpg\" alt=\"Seiser Alm i Italien med utsikt \u00f6ver Dolomiterna\" class=\"wp-image-74398\" title=\"\"><button\n\t\t\tclass=\"lightbox-trigger\"\n\t\t\ttype=\"button\"\n\t\t\taria-haspopup=\"dialog\"\n\t\t\tdata-wp-bind--aria-label=\"state.thisImage.triggerButtonAriaLabel\"\n\t\t\tdata-wp-init=\"callbacks.initTriggerButton\"\n\t\t\tdata-wp-on--click=\"actions.showLightbox\"\n\t\t\tdata-wp-style--right=\"state.thisImage.buttonRight\"\n\t\t\tdata-wp-style--top=\"state.thisImage.buttonTop\"\n\t\t>\n\t\t\t<svg xmlns=\"http:\/\/www.w3.org\/2000\/svg\" width=\"12\" height=\"12\" fill=\"none\" viewBox=\"0 0 12 12\">\n\t\t\t\t<path fill=\"#fff\" d=\"M2 0a2 2 0 0 0-2 2v2h1.5V2a.5.5 0 0 1 .5-.5h2V0H2Zm2 10.5H2a.5.5 0 0 1-.5-.5V8H0v2a2 2 0 0 0 2 2h2v-1.5ZM8 12v-1.5h2a.5.5 0 0 0 .5-.5V8H12v2a2 2 0 0 1-2 2H8Zm2-12a2 2 0 0 1 2 2v2h-1.5V2a.5.5 0 0 0-.5-.5H8V0h2Z\" \/>\n\t\t\t<\/svg>\n\t\t<\/button><\/figure>\n\n\n\n<p class=\"wp-block-paragraph\">Stigen g\u00e5r fr\u00e5n byn Compatsch \u00e4nda till Saltria-omr\u00e5det, \u00e4r omkring fem kilometer l\u00e5ng och n\u00e4stan helt platt eller svagt sluttande ned\u00e5t. V\u00e4gen \u00e4r bred, h\u00e5rdgjord och helt idealisk f\u00f6r familjer med barnvagn. L\u00e4ngs v\u00e4gen st\u00f6ter du p\u00e5 massor av informationsskyltar om den lokala floran och faunan, och Jon\u00e1\u0161 sov f\u00f6r det mesta bel\u00e5tet i barnvagnen i den friska bergsluften.<\/p>\n\n\n\n<h3 class=\"wp-block-heading\"><span class=\"ez-toc-section\" id=\"3_Heldagsvandring_till_Plattkofel_Sasso_Piatto\"><\/span>3. Heldagsvandring till Plattkofel \/ Sasso Piatto<span class=\"ez-toc-section-end\"><\/span><\/h3>\n\n\n\n<p class=\"wp-block-paragraph\">Det h\u00e4r tipset \u00e4r f\u00f6r dig som gillar lite mer adrenalin och fysisk anstr\u00e4ngning \u2013 Luk\u00e1\u0161 och jag gjorde den innan Jon\u00e1\u0161 f\u00f6ddes. Bestigningen av det vidstr\u00e4ckta, liksom snett avskurna berget Sasso Piatto \u00e4r en upplevelse f\u00f6r en hel dag.<\/p>\n\n\n\n<figure data-wp-context=\"{&quot;imageId&quot;:&quot;6a99319b9265a&quot;}\" data-wp-interactive=\"core\/image\" data-wp-key=\"6a99319b9265a\" class=\"wp-block-image size-large wp-lightbox-container\"><img decoding=\"async\" width=\"2048\" height=\"1365\" data-wp-class--hide=\"state.isContentHidden\" data-wp-class--show=\"state.isContentVisible\" data-wp-init=\"callbacks.setButtonStyles\" data-wp-on--click=\"actions.showLightbox\" data-wp-on--load=\"callbacks.setButtonStyles\" data-wp-on--pointerdown=\"actions.preloadImage\" data-wp-on--pointerenter=\"actions.preloadImageWithDelay\" data-wp-on--pointerleave=\"actions.cancelPreload\" data-wp-on-window--resize=\"callbacks.setButtonStyles\" src=\"https:\/\/loudavymkrokem.cz\/wp-content\/uploads\/2026\/05\/alpe-di-siusi-trek-vrcholy.jpg\" alt=\"Vandrare med barn p\u00e5 \u00e4ngen under Sasso Piattos toppar\" class=\"wp-image-173516\" title=\"\" srcset=\"https:\/\/loudavymkrokem.cz\/wp-content\/uploads\/2026\/05\/alpe-di-siusi-trek-vrcholy.jpg 2048w, https:\/\/loudavymkrokem.cz\/wp-content\/uploads\/2026\/05\/alpe-di-siusi-trek-vrcholy-300x200.jpg 300w, https:\/\/loudavymkrokem.cz\/wp-content\/uploads\/2026\/05\/alpe-di-siusi-trek-vrcholy-700x467.jpg 700w, https:\/\/loudavymkrokem.cz\/wp-content\/uploads\/2026\/05\/alpe-di-siusi-trek-vrcholy-768x512.jpg 768w, https:\/\/loudavymkrokem.cz\/wp-content\/uploads\/2026\/05\/alpe-di-siusi-trek-vrcholy-1536x1024.jpg 1536w, https:\/\/loudavymkrokem.cz\/wp-content\/uploads\/2026\/05\/alpe-di-siusi-trek-vrcholy-696x464.jpg 696w, https:\/\/loudavymkrokem.cz\/wp-content\/uploads\/2026\/05\/alpe-di-siusi-trek-vrcholy-1392x928.jpg 1392w, https:\/\/loudavymkrokem.cz\/wp-content\/uploads\/2026\/05\/alpe-di-siusi-trek-vrcholy-1920x1280.jpg 1920w\" sizes=\"(max-width: 2048px) 100vw, 2048px\" \/><button\n\t\t\tclass=\"lightbox-trigger\"\n\t\t\ttype=\"button\"\n\t\t\taria-haspopup=\"dialog\"\n\t\t\tdata-wp-bind--aria-label=\"state.thisImage.triggerButtonAriaLabel\"\n\t\t\tdata-wp-init=\"callbacks.initTriggerButton\"\n\t\t\tdata-wp-on--click=\"actions.showLightbox\"\n\t\t\tdata-wp-style--right=\"state.thisImage.buttonRight\"\n\t\t\tdata-wp-style--top=\"state.thisImage.buttonTop\"\n\t\t>\n\t\t\t<svg xmlns=\"http:\/\/www.w3.org\/2000\/svg\" width=\"12\" height=\"12\" fill=\"none\" viewBox=\"0 0 12 12\">\n\t\t\t\t<path fill=\"#fff\" d=\"M2 0a2 2 0 0 0-2 2v2h1.5V2a.5.5 0 0 1 .5-.5h2V0H2Zm2 10.5H2a.5.5 0 0 1-.5-.5V8H0v2a2 2 0 0 0 2 2h2v-1.5ZM8 12v-1.5h2a.5.5 0 0 0 .5-.5V8H12v2a2 2 0 0 1-2 2H8Zm2-12a2 2 0 0 1 2 2v2h-1.5V2a.5.5 0 0 0-.5-.5H8V0h2Z\" \/>\n\t\t\t<\/svg>\n\t\t<\/button><figcaption class=\"wp-element-caption\">Vandrare med barn p\u00e5 \u00e4ngen under Sasso Piattos toppar<\/figcaption><\/figure>\n\n\n\n<p class=\"wp-block-paragraph\">Str\u00e4ckan tar dig ungef\u00e4r 4 till 5 timmar och kr\u00e4ver god fysisk kondition och stadiga skor. Som bel\u00f6ning f\u00e5r du fantastisk utsikt inte bara \u00f6ver hela Seiser Alm djupt under dig, utan \u00e4ven mot den mer avl\u00e4gsna glaci\u00e4ren Marmolada och Sella-massivet. Ge dig av tidigt p\u00e5 morgonen innan solen b\u00f6rjar steka, och packa mer vatten \u00e4n du tror att du beh\u00f6ver. Luk\u00e1\u0161 och jag tog varje g\u00e5ng \u201dprecis lagom\u201d, och \u00e5ngrade det varje g\u00e5ng.<\/p>\n\n\n\n<h3 class=\"wp-block-heading\"><span class=\"ez-toc-section\" id=\"4_Centrum_i_Compatsch_och_den_lokala_Almstation\"><\/span>4. Centrum i Compatsch och den lokala Almstation<span class=\"ez-toc-section-end\"><\/span><\/h3>\n\n\n\n<p class=\"wp-block-paragraph\">Compatsch \u00e4r sj\u00e4lva navet f\u00f6r allt som h\u00e4nder p\u00e5 Seiser Alm. H\u00e4r hittar du den st\u00f6rsta koncentrationen av hotell, restauranger, souvenirbutiker och framf\u00f6r allt ett stort informationscenter, d\u00e4r man alltid g\u00e4rna hj\u00e4lper dig att v\u00e4lja led \u2013 och d\u00e4r f\u00e5r du ocks\u00e5 den mest aktuella v\u00e4derprognosen.<\/p>\n\n\n\n<figure data-wp-context=\"{&quot;imageId&quot;:&quot;6a99319b92d3a&quot;}\" data-wp-interactive=\"core\/image\" data-wp-key=\"6a99319b92d3a\" class=\"wp-block-image size-large wp-lightbox-container\"><img decoding=\"async\" width=\"2048\" height=\"1365\" data-wp-class--hide=\"state.isContentHidden\" data-wp-class--show=\"state.isContentVisible\" data-wp-init=\"callbacks.setButtonStyles\" data-wp-on--click=\"actions.showLightbox\" data-wp-on--load=\"callbacks.setButtonStyles\" data-wp-on--pointerdown=\"actions.preloadImage\" data-wp-on--pointerenter=\"actions.preloadImageWithDelay\" data-wp-on--pointerleave=\"actions.cancelPreload\" data-wp-on-window--resize=\"callbacks.setButtonStyles\" src=\"https:\/\/loudavymkrokem.cz\/wp-content\/uploads\/2026\/05\/alpe-di-siusi-terasa-almstation.jpg\" alt=\"Sittplatser p\u00e5 uteserveringen vid fj\u00e4llstationen Almstation med utsikt \u00f6ver bergen\" class=\"wp-image-173517\" title=\"\" srcset=\"https:\/\/loudavymkrokem.cz\/wp-content\/uploads\/2026\/05\/alpe-di-siusi-terasa-almstation.jpg 2048w, https:\/\/loudavymkrokem.cz\/wp-content\/uploads\/2026\/05\/alpe-di-siusi-terasa-almstation-300x200.jpg 300w, https:\/\/loudavymkrokem.cz\/wp-content\/uploads\/2026\/05\/alpe-di-siusi-terasa-almstation-700x467.jpg 700w, https:\/\/loudavymkrokem.cz\/wp-content\/uploads\/2026\/05\/alpe-di-siusi-terasa-almstation-768x512.jpg 768w, https:\/\/loudavymkrokem.cz\/wp-content\/uploads\/2026\/05\/alpe-di-siusi-terasa-almstation-1536x1024.jpg 1536w, https:\/\/loudavymkrokem.cz\/wp-content\/uploads\/2026\/05\/alpe-di-siusi-terasa-almstation-696x464.jpg 696w, https:\/\/loudavymkrokem.cz\/wp-content\/uploads\/2026\/05\/alpe-di-siusi-terasa-almstation-1392x928.jpg 1392w, https:\/\/loudavymkrokem.cz\/wp-content\/uploads\/2026\/05\/alpe-di-siusi-terasa-almstation-1920x1280.jpg 1920w\" sizes=\"(max-width: 2048px) 100vw, 2048px\" \/><button\n\t\t\tclass=\"lightbox-trigger\"\n\t\t\ttype=\"button\"\n\t\t\taria-haspopup=\"dialog\"\n\t\t\tdata-wp-bind--aria-label=\"state.thisImage.triggerButtonAriaLabel\"\n\t\t\tdata-wp-init=\"callbacks.initTriggerButton\"\n\t\t\tdata-wp-on--click=\"actions.showLightbox\"\n\t\t\tdata-wp-style--right=\"state.thisImage.buttonRight\"\n\t\t\tdata-wp-style--top=\"state.thisImage.buttonTop\"\n\t\t>\n\t\t\t<svg xmlns=\"http:\/\/www.w3.org\/2000\/svg\" width=\"12\" height=\"12\" fill=\"none\" viewBox=\"0 0 12 12\">\n\t\t\t\t<path fill=\"#fff\" d=\"M2 0a2 2 0 0 0-2 2v2h1.5V2a.5.5 0 0 1 .5-.5h2V0H2Zm2 10.5H2a.5.5 0 0 1-.5-.5V8H0v2a2 2 0 0 0 2 2h2v-1.5ZM8 12v-1.5h2a.5.5 0 0 0 .5-.5V8H12v2a2 2 0 0 1-2 2H8Zm2-12a2 2 0 0 1 2 2v2h-1.5V2a.5.5 0 0 0-.5-.5H8V0h2Z\" \/>\n\t\t\t<\/svg>\n\t\t<\/button><figcaption class=\"wp-element-caption\">Sittplatser p\u00e5 uteserveringen vid Almstation med utsikt \u00f6ver bergen<\/figcaption><\/figure>\n\n\n\n<p class=\"wp-block-paragraph\">\u00c4ven om det \u00e4r en ganska livlig plats full av turister \u00e4r det v\u00e4rt att stanna en stund. H\u00e4r kan du hyra elcykel, k\u00f6pa lokala ostar och r\u00f6kt fl\u00e4sk (speck) att ta med p\u00e5 v\u00e4gen, eller bara sl\u00e5 dig ner p\u00e5 ett kaf\u00e9s uteservering och betrakta vimlet runt omkring. Fr\u00e5n Compatsch str\u00e5lar dessutom mer eller mindre alla de viktigaste vandringslederna ut \u00f6ver \u00e4ngen.<\/p>\n\n\n\n<h3 class=\"wp-block-heading\"><span class=\"ez-toc-section\" id=\"5_Skihotel_Saltria_och_rundan_kring_Saltria\"><\/span>5. Skihotel Saltria och rundan kring Saltria<span class=\"ez-toc-section-end\"><\/span><\/h3>\n\n\n\n<p class=\"wp-block-paragraph\">Saltria-omr\u00e5det ligger lite nere i dalen p\u00e5 plat\u00e5ns \u00f6stra sida, och du tar dig dit antingen till fots eller mycket bekv\u00e4mt med den lokala bussen fr\u00e5n Compatsch. Det \u00e4r en lugnare del av betesmarken, omgiven av djupa skogar och porlande b\u00e4ckar.<\/p>\n\n\n\n<figure data-wp-context=\"{&quot;imageId&quot;:&quot;6a99319b934dc&quot;}\" data-wp-interactive=\"core\/image\" data-wp-key=\"6a99319b934dc\" class=\"wp-block-image size-large wp-lightbox-container\"><img decoding=\"async\" width=\"2048\" height=\"1365\" data-wp-class--hide=\"state.isContentHidden\" data-wp-class--show=\"state.isContentVisible\" data-wp-init=\"callbacks.setButtonStyles\" data-wp-on--click=\"actions.showLightbox\" data-wp-on--load=\"callbacks.setButtonStyles\" data-wp-on--pointerdown=\"actions.preloadImage\" data-wp-on--pointerenter=\"actions.preloadImageWithDelay\" data-wp-on--pointerleave=\"actions.cancelPreload\" data-wp-on-window--resize=\"callbacks.setButtonStyles\" src=\"https:\/\/loudavymkrokem.cz\/wp-content\/uploads\/2026\/05\/alpe-di-siusi-moderni-chata-saltria.jpg\" alt=\"Modern fj\u00e4llstuga med utsikt \u00f6ver klipptopparna i Saltria-omr\u00e5det\" class=\"wp-image-173518\" title=\"\" srcset=\"https:\/\/loudavymkrokem.cz\/wp-content\/uploads\/2026\/05\/alpe-di-siusi-moderni-chata-saltria.jpg 2048w, https:\/\/loudavymkrokem.cz\/wp-content\/uploads\/2026\/05\/alpe-di-siusi-moderni-chata-saltria-300x200.jpg 300w, https:\/\/loudavymkrokem.cz\/wp-content\/uploads\/2026\/05\/alpe-di-siusi-moderni-chata-saltria-700x467.jpg 700w, https:\/\/loudavymkrokem.cz\/wp-content\/uploads\/2026\/05\/alpe-di-siusi-moderni-chata-saltria-768x512.jpg 768w, https:\/\/loudavymkrokem.cz\/wp-content\/uploads\/2026\/05\/alpe-di-siusi-moderni-chata-saltria-1536x1024.jpg 1536w, https:\/\/loudavymkrokem.cz\/wp-content\/uploads\/2026\/05\/alpe-di-siusi-moderni-chata-saltria-696x464.jpg 696w, https:\/\/loudavymkrokem.cz\/wp-content\/uploads\/2026\/05\/alpe-di-siusi-moderni-chata-saltria-1392x928.jpg 1392w, https:\/\/loudavymkrokem.cz\/wp-content\/uploads\/2026\/05\/alpe-di-siusi-moderni-chata-saltria-1920x1280.jpg 1920w\" sizes=\"(max-width: 2048px) 100vw, 2048px\" \/><button\n\t\t\tclass=\"lightbox-trigger\"\n\t\t\ttype=\"button\"\n\t\t\taria-haspopup=\"dialog\"\n\t\t\tdata-wp-bind--aria-label=\"state.thisImage.triggerButtonAriaLabel\"\n\t\t\tdata-wp-init=\"callbacks.initTriggerButton\"\n\t\t\tdata-wp-on--click=\"actions.showLightbox\"\n\t\t\tdata-wp-style--right=\"state.thisImage.buttonRight\"\n\t\t\tdata-wp-style--top=\"state.thisImage.buttonTop\"\n\t\t>\n\t\t\t<svg xmlns=\"http:\/\/www.w3.org\/2000\/svg\" width=\"12\" height=\"12\" fill=\"none\" viewBox=\"0 0 12 12\">\n\t\t\t\t<path fill=\"#fff\" d=\"M2 0a2 2 0 0 0-2 2v2h1.5V2a.5.5 0 0 1 .5-.5h2V0H2Zm2 10.5H2a.5.5 0 0 1-.5-.5V8H0v2a2 2 0 0 0 2 2h2v-1.5ZM8 12v-1.5h2a.5.5 0 0 0 .5-.5V8H12v2a2 2 0 0 1-2 2H8Zm2-12a2 2 0 0 1 2 2v2h-1.5V2a.5.5 0 0 0-.5-.5H8V0h2Z\" \/>\n\t\t\t<\/svg>\n\t\t<\/button><figcaption class=\"wp-element-caption\">Modern fj\u00e4llstuga med utsikt \u00f6ver klipptopparna i Saltria-omr\u00e5det<\/figcaption><\/figure>\n\n\n\n<p class=\"wp-block-paragraph\">Skihotel Saltria \u00e4r en bra orienteringspunkt, och d\u00e4rifr\u00e5n kan du ge dig ut p\u00e5 kortare promenadrundor som tar dig f\u00f6rbi mindre vattenfall och idylliska tr\u00e4stugor. Det \u00e4r \u00e5terigen en helt avslappnad och trygg promenad, s\u00e5 om du reser med sm\u00e5 barn eller \u00e4ldre f\u00f6r\u00e4ldrar kommer du att trivas riktigt bra h\u00e4r.<\/p>\n\n\n\n<h3 class=\"wp-block-heading\"><span class=\"ez-toc-section\" id=\"6_Utflykt_till_den_sagolika_sjon_Lago_di_Fie\"><\/span>6. Utflykt till den sagolika sj\u00f6n Lago di Fie<span class=\"ez-toc-section-end\"><\/span><\/h3>\n\n\n\n<p class=\"wp-block-paragraph\">\u00c4ven om den h\u00e4r sj\u00f6n inte ligger p\u00e5 sj\u00e4lva h\u00f6gplat\u00e5n, utan en bit l\u00e4ngre ner vid byn Fi\u00e8 allo Sciliar (V\u00f6ls am Schlern), f\u00e5r den inte saknas p\u00e5 v\u00e5r lista. Den h\u00f6r n\u00e4mligen till de allra vackraste naturliga sj\u00f6arna i hela Italien.<\/p>\n\n\n\n<figure data-wp-context=\"{&quot;imageId&quot;:&quot;6a99319b93d8b&quot;}\" data-wp-interactive=\"core\/image\" data-wp-key=\"6a99319b93d8b\" class=\"wp-block-image size-large wp-lightbox-container\"><img decoding=\"async\" width=\"2048\" height=\"1365\" data-wp-class--hide=\"state.isContentHidden\" data-wp-class--show=\"state.isContentVisible\" data-wp-init=\"callbacks.setButtonStyles\" data-wp-on--click=\"actions.showLightbox\" data-wp-on--load=\"callbacks.setButtonStyles\" data-wp-on--pointerdown=\"actions.preloadImage\" data-wp-on--pointerenter=\"actions.preloadImageWithDelay\" data-wp-on--pointerleave=\"actions.cancelPreload\" data-wp-on-window--resize=\"callbacks.setButtonStyles\" src=\"https:\/\/loudavymkrokem.cz\/wp-content\/uploads\/2026\/05\/alpe-di-siusi-jezirko-lago-di-fie.jpg\" alt=\"Bergssj\u00f6n Lago di Fie med hundar p\u00e5 \u00e4ngen\" class=\"wp-image-173519\" title=\"\" srcset=\"https:\/\/loudavymkrokem.cz\/wp-content\/uploads\/2026\/05\/alpe-di-siusi-jezirko-lago-di-fie.jpg 2048w, https:\/\/loudavymkrokem.cz\/wp-content\/uploads\/2026\/05\/alpe-di-siusi-jezirko-lago-di-fie-300x200.jpg 300w, https:\/\/loudavymkrokem.cz\/wp-content\/uploads\/2026\/05\/alpe-di-siusi-jezirko-lago-di-fie-700x467.jpg 700w, https:\/\/loudavymkrokem.cz\/wp-content\/uploads\/2026\/05\/alpe-di-siusi-jezirko-lago-di-fie-768x512.jpg 768w, https:\/\/loudavymkrokem.cz\/wp-content\/uploads\/2026\/05\/alpe-di-siusi-jezirko-lago-di-fie-1536x1024.jpg 1536w, https:\/\/loudavymkrokem.cz\/wp-content\/uploads\/2026\/05\/alpe-di-siusi-jezirko-lago-di-fie-696x464.jpg 696w, https:\/\/loudavymkrokem.cz\/wp-content\/uploads\/2026\/05\/alpe-di-siusi-jezirko-lago-di-fie-1392x928.jpg 1392w, https:\/\/loudavymkrokem.cz\/wp-content\/uploads\/2026\/05\/alpe-di-siusi-jezirko-lago-di-fie-1920x1280.jpg 1920w\" sizes=\"(max-width: 2048px) 100vw, 2048px\" \/><button\n\t\t\tclass=\"lightbox-trigger\"\n\t\t\ttype=\"button\"\n\t\t\taria-haspopup=\"dialog\"\n\t\t\tdata-wp-bind--aria-label=\"state.thisImage.triggerButtonAriaLabel\"\n\t\t\tdata-wp-init=\"callbacks.initTriggerButton\"\n\t\t\tdata-wp-on--click=\"actions.showLightbox\"\n\t\t\tdata-wp-style--right=\"state.thisImage.buttonRight\"\n\t\t\tdata-wp-style--top=\"state.thisImage.buttonTop\"\n\t\t>\n\t\t\t<svg xmlns=\"http:\/\/www.w3.org\/2000\/svg\" width=\"12\" height=\"12\" fill=\"none\" viewBox=\"0 0 12 12\">\n\t\t\t\t<path fill=\"#fff\" d=\"M2 0a2 2 0 0 0-2 2v2h1.5V2a.5.5 0 0 1 .5-.5h2V0H2Zm2 10.5H2a.5.5 0 0 1-.5-.5V8H0v2a2 2 0 0 0 2 2h2v-1.5ZM8 12v-1.5h2a.5.5 0 0 0 .5-.5V8H12v2a2 2 0 0 1-2 2H8Zm2-12a2 2 0 0 1 2 2v2h-1.5V2a.5.5 0 0 0-.5-.5H8V0h2Z\" \/>\n\t\t\t<\/svg>\n\t\t<\/button><figcaption class=\"wp-element-caption\">Bergssj\u00f6n Lago di Fie med hundar p\u00e5 \u00e4ngen<\/figcaption><\/figure>\n\n\n\n<p class=\"wp-block-paragraph\">Sj\u00f6n \u00e4r omgiven av t\u00e4t granskog, och i klart v\u00e4der speglas Sciliar-massivet i dess m\u00f6rka yta. P\u00e5 sommaren \u00e4r vattnet visserligen ganska svalkande, men du kan bada i det, och l\u00e4ngs stranden hittar du fina tr\u00e4bryggor och picknickplatser. Fr\u00e5n Seiser Alm tar du dig hit v\u00e4ldigt enkelt med bil eller buss, och det \u00e4r en perfekt plats att koppla av p\u00e5 efter en heldagsvandring.<\/p>\n\n\n\n<h3 class=\"wp-block-heading\"><span class=\"ez-toc-section\" id=\"7_Den_magiska_platsen_Witches_Benches_Lavon_dles_Streghes\"><\/span>7. Den magiska platsen Witches Benches (Lavon dles Streghes)<span class=\"ez-toc-section-end\"><\/span><\/h3>\n\n\n\n<p class=\"wp-block-paragraph\">Hela Seiser Alm-omr\u00e5det \u00e4r omg\u00e4rdat av m\u00e5nga s\u00e4gner och legender om h\u00e4xor, som under m\u00f6rka n\u00e4tter l\u00e4r ha samlats just p\u00e5 Sciliars sluttningar. Och precis med den legenden \u00e4r platsen som kallas H\u00e4xb\u00e4nkarna f\u00f6rknippad.<\/p>\n\n\n\n<figure data-wp-context=\"{&quot;imageId&quot;:&quot;6a99319b94468&quot;}\" data-wp-interactive=\"core\/image\" data-wp-key=\"6a99319b94468\" class=\"wp-block-image size-large wp-lightbox-container\"><img decoding=\"async\" width=\"2048\" height=\"1365\" data-wp-class--hide=\"state.isContentHidden\" data-wp-class--show=\"state.isContentVisible\" data-wp-init=\"callbacks.setButtonStyles\" data-wp-on--click=\"actions.showLightbox\" data-wp-on--load=\"callbacks.setButtonStyles\" data-wp-on--pointerdown=\"actions.preloadImage\" data-wp-on--pointerenter=\"actions.preloadImageWithDelay\" data-wp-on--pointerleave=\"actions.cancelPreload\" data-wp-on-window--resize=\"callbacks.setButtonStyles\" src=\"https:\/\/loudavymkrokem.cz\/wp-content\/uploads\/2026\/05\/alpe-di-siusi-witches-benches-lavicka.jpg\" alt=\"Par p\u00e5 en b\u00e4nk med utsikt \u00f6ver den vidstr\u00e4ckta alps\u00e4ngen Seiser Alm\" class=\"wp-image-173520\" title=\"\" srcset=\"https:\/\/loudavymkrokem.cz\/wp-content\/uploads\/2026\/05\/alpe-di-siusi-witches-benches-lavicka.jpg 2048w, https:\/\/loudavymkrokem.cz\/wp-content\/uploads\/2026\/05\/alpe-di-siusi-witches-benches-lavicka-300x200.jpg 300w, https:\/\/loudavymkrokem.cz\/wp-content\/uploads\/2026\/05\/alpe-di-siusi-witches-benches-lavicka-700x467.jpg 700w, https:\/\/loudavymkrokem.cz\/wp-content\/uploads\/2026\/05\/alpe-di-siusi-witches-benches-lavicka-768x512.jpg 768w, https:\/\/loudavymkrokem.cz\/wp-content\/uploads\/2026\/05\/alpe-di-siusi-witches-benches-lavicka-1536x1024.jpg 1536w, https:\/\/loudavymkrokem.cz\/wp-content\/uploads\/2026\/05\/alpe-di-siusi-witches-benches-lavicka-696x464.jpg 696w, https:\/\/loudavymkrokem.cz\/wp-content\/uploads\/2026\/05\/alpe-di-siusi-witches-benches-lavicka-1392x928.jpg 1392w, https:\/\/loudavymkrokem.cz\/wp-content\/uploads\/2026\/05\/alpe-di-siusi-witches-benches-lavicka-1920x1280.jpg 1920w\" sizes=\"(max-width: 2048px) 100vw, 2048px\" \/><button\n\t\t\tclass=\"lightbox-trigger\"\n\t\t\ttype=\"button\"\n\t\t\taria-haspopup=\"dialog\"\n\t\t\tdata-wp-bind--aria-label=\"state.thisImage.triggerButtonAriaLabel\"\n\t\t\tdata-wp-init=\"callbacks.initTriggerButton\"\n\t\t\tdata-wp-on--click=\"actions.showLightbox\"\n\t\t\tdata-wp-style--right=\"state.thisImage.buttonRight\"\n\t\t\tdata-wp-style--top=\"state.thisImage.buttonTop\"\n\t\t>\n\t\t\t<svg xmlns=\"http:\/\/www.w3.org\/2000\/svg\" width=\"12\" height=\"12\" fill=\"none\" viewBox=\"0 0 12 12\">\n\t\t\t\t<path fill=\"#fff\" d=\"M2 0a2 2 0 0 0-2 2v2h1.5V2a.5.5 0 0 1 .5-.5h2V0H2Zm2 10.5H2a.5.5 0 0 1-.5-.5V8H0v2a2 2 0 0 0 2 2h2v-1.5ZM8 12v-1.5h2a.5.5 0 0 0 .5-.5V8H12v2a2 2 0 0 1-2 2H8Zm2-12a2 2 0 0 1 2 2v2h-1.5V2a.5.5 0 0 0-.5-.5H8V0h2Z\" \/>\n\t\t\t<\/svg>\n\t\t<\/button><figcaption class=\"wp-element-caption\">Par p\u00e5 en b\u00e4nk med utsikt \u00f6ver den vidstr\u00e4ckta alps\u00e4ngen Seiser Alm<\/figcaption><\/figure>\n\n\n\n<p class=\"wp-block-paragraph\">Det handlar om intressanta klippformationer som verkligen till formen p\u00e5minner om enorma stenf\u00e5t\u00f6ljer med perfekt utsikt ner i dalen. Du tar dig dit via en ganska enkel och l\u00e4ttg\u00e5ngen promenad, och s\u00e4rskilt f\u00f6r \u00e4ldre barn \u00e4r den h\u00e4r magiska platsen med en gnutta mystisk historia en enorm lockelse. Gl\u00f6m inte att ta en rolig bild d\u00e4r du sitter p\u00e5 en j\u00e4ttelik h\u00e4xtron. \ud83d\ude01<\/p>\n\n\n\n<h3 class=\"wp-block-heading\"><span class=\"ez-toc-section\" id=\"8_Ak_med_panoramalinbanan_Mont_Seuc\"><\/span>8. \u00c5k med panoramalinbanan Mont S\u00ebuc<span class=\"ez-toc-section-end\"><\/span><\/h3>\n\n\n\n<p class=\"wp-block-paragraph\">Som jag redan n\u00e4mnde \u00e4r den h\u00e4r i\u00f6gonfallande <a href=\"https:\/\/www.funiviaortisei.eu\/\" target=\"_blank\" rel=\"nofollow noopener\">r\u00f6da linbanan som utg\u00e5r fr\u00e5n Ortisei<\/a> inte bara ett transportmedel \u2013 sj\u00e4lva f\u00e4rden \u00e4r en enorm upplevelse i sig som alla uppskattar.<\/p>\n\n\n\n<figure data-wp-context=\"{&quot;imageId&quot;:&quot;6a99319b94c35&quot;}\" data-wp-interactive=\"core\/image\" data-wp-key=\"6a99319b94c35\" class=\"wp-block-image size-large wp-lightbox-container\"><img decoding=\"async\" width=\"2048\" height=\"1365\" data-wp-class--hide=\"state.isContentHidden\" data-wp-class--show=\"state.isContentVisible\" data-wp-init=\"callbacks.setButtonStyles\" data-wp-on--click=\"actions.showLightbox\" data-wp-on--load=\"callbacks.setButtonStyles\" data-wp-on--pointerdown=\"actions.preloadImage\" data-wp-on--pointerenter=\"actions.preloadImageWithDelay\" data-wp-on--pointerleave=\"actions.cancelPreload\" data-wp-on-window--resize=\"callbacks.setButtonStyles\" src=\"https:\/\/loudavymkrokem.cz\/wp-content\/uploads\/2026\/05\/alpe-di-siusi-lanovka-mont-seuc.jpg\" alt=\"Panoramakabinbanan Mont S\u00ebuc ovanf\u00f6r skogarna\" class=\"wp-image-173521\" title=\"\" srcset=\"https:\/\/loudavymkrokem.cz\/wp-content\/uploads\/2026\/05\/alpe-di-siusi-lanovka-mont-seuc.jpg 2048w, https:\/\/loudavymkrokem.cz\/wp-content\/uploads\/2026\/05\/alpe-di-siusi-lanovka-mont-seuc-300x200.jpg 300w, https:\/\/loudavymkrokem.cz\/wp-content\/uploads\/2026\/05\/alpe-di-siusi-lanovka-mont-seuc-700x467.jpg 700w, https:\/\/loudavymkrokem.cz\/wp-content\/uploads\/2026\/05\/alpe-di-siusi-lanovka-mont-seuc-768x512.jpg 768w, https:\/\/loudavymkrokem.cz\/wp-content\/uploads\/2026\/05\/alpe-di-siusi-lanovka-mont-seuc-1536x1024.jpg 1536w, https:\/\/loudavymkrokem.cz\/wp-content\/uploads\/2026\/05\/alpe-di-siusi-lanovka-mont-seuc-696x464.jpg 696w, https:\/\/loudavymkrokem.cz\/wp-content\/uploads\/2026\/05\/alpe-di-siusi-lanovka-mont-seuc-1392x928.jpg 1392w, https:\/\/loudavymkrokem.cz\/wp-content\/uploads\/2026\/05\/alpe-di-siusi-lanovka-mont-seuc-1920x1280.jpg 1920w\" sizes=\"(max-width: 2048px) 100vw, 2048px\" \/><button\n\t\t\tclass=\"lightbox-trigger\"\n\t\t\ttype=\"button\"\n\t\t\taria-haspopup=\"dialog\"\n\t\t\tdata-wp-bind--aria-label=\"state.thisImage.triggerButtonAriaLabel\"\n\t\t\tdata-wp-init=\"callbacks.initTriggerButton\"\n\t\t\tdata-wp-on--click=\"actions.showLightbox\"\n\t\t\tdata-wp-style--right=\"state.thisImage.buttonRight\"\n\t\t\tdata-wp-style--top=\"state.thisImage.buttonTop\"\n\t\t>\n\t\t\t<svg xmlns=\"http:\/\/www.w3.org\/2000\/svg\" width=\"12\" height=\"12\" fill=\"none\" viewBox=\"0 0 12 12\">\n\t\t\t\t<path fill=\"#fff\" d=\"M2 0a2 2 0 0 0-2 2v2h1.5V2a.5.5 0 0 1 .5-.5h2V0H2Zm2 10.5H2a.5.5 0 0 1-.5-.5V8H0v2a2 2 0 0 0 2 2h2v-1.5ZM8 12v-1.5h2a.5.5 0 0 0 .5-.5V8H12v2a2 2 0 0 1-2 2H8Zm2-12a2 2 0 0 1 2 2v2h-1.5V2a.5.5 0 0 0-.5-.5H8V0h2Z\" \/>\n\t\t\t<\/svg>\n\t\t<\/button><figcaption class=\"wp-element-caption\">Panoramakabinbanan Mont S\u00ebuc ovanf\u00f6r skogarna<\/figcaption><\/figure>\n\n\n\n<p class=\"wp-block-paragraph\">F\u00e4rden tar knappt 15 minuter och du \u00f6vervinner en respektingivande h\u00f6jdskillnad. S\u00e5 snart du l\u00e4mnar dalen b\u00f6rjar allt bredare och andl\u00f6sa vyer \u00f6ver hela \u00e4ngen \u00f6ppna sig framf\u00f6r dig. Uppe vid topstationen finns dessutom en riktigt fin restaurang med panoramaservering, d\u00e4r vi regelbundet tar dagens f\u00f6rsta cappuccino.<\/p>\n\n\n\n<h3 class=\"wp-block-heading\"><span class=\"ez-toc-section\" id=\"9_Ridning_och_hastdragna_vagnar\"><\/span>9. Ridning och h\u00e4stdragna vagnar<span class=\"ez-toc-section-end\"><\/span><\/h3>\n\n\n\n<p class=\"wp-block-paragraph\">N\u00e4r man s\u00e4ger fj\u00e4llbete f\u00e5r djuren inte saknas. Och ut\u00f6ver de allest\u00e4des n\u00e4rvarande korna m\u00f6ter du h\u00e4r \u00e4ven en stor m\u00e4ngd vackra och starka h\u00e4star, som \u00e4r en sj\u00e4lvklar del av den lokala pr\u00e4geln.<\/p>\n\n\n\n<figure data-wp-context=\"{&quot;imageId&quot;:&quot;6a99319b95551&quot;}\" data-wp-interactive=\"core\/image\" data-wp-key=\"6a99319b95551\" class=\"wp-block-image size-large wp-lightbox-container\"><img decoding=\"async\" width=\"2048\" height=\"1365\" data-wp-class--hide=\"state.isContentHidden\" data-wp-class--show=\"state.isContentVisible\" data-wp-init=\"callbacks.setButtonStyles\" data-wp-on--click=\"actions.showLightbox\" data-wp-on--load=\"callbacks.setButtonStyles\" data-wp-on--pointerdown=\"actions.preloadImage\" data-wp-on--pointerenter=\"actions.preloadImageWithDelay\" data-wp-on--pointerleave=\"actions.cancelPreload\" data-wp-on-window--resize=\"callbacks.setButtonStyles\" src=\"https:\/\/loudavymkrokem.cz\/wp-content\/uploads\/2026\/05\/alpe-di-siusi-kone-pastvina.jpg\" alt=\"H\u00e4star p\u00e5 \u00e4ngen med fj\u00e4llstuga och bergsmassiv i bakgrunden\" class=\"wp-image-173522\" title=\"\" srcset=\"https:\/\/loudavymkrokem.cz\/wp-content\/uploads\/2026\/05\/alpe-di-siusi-kone-pastvina.jpg 2048w, https:\/\/loudavymkrokem.cz\/wp-content\/uploads\/2026\/05\/alpe-di-siusi-kone-pastvina-300x200.jpg 300w, https:\/\/loudavymkrokem.cz\/wp-content\/uploads\/2026\/05\/alpe-di-siusi-kone-pastvina-700x467.jpg 700w, https:\/\/loudavymkrokem.cz\/wp-content\/uploads\/2026\/05\/alpe-di-siusi-kone-pastvina-768x512.jpg 768w, https:\/\/loudavymkrokem.cz\/wp-content\/uploads\/2026\/05\/alpe-di-siusi-kone-pastvina-1536x1024.jpg 1536w, https:\/\/loudavymkrokem.cz\/wp-content\/uploads\/2026\/05\/alpe-di-siusi-kone-pastvina-696x464.jpg 696w, https:\/\/loudavymkrokem.cz\/wp-content\/uploads\/2026\/05\/alpe-di-siusi-kone-pastvina-1392x928.jpg 1392w, https:\/\/loudavymkrokem.cz\/wp-content\/uploads\/2026\/05\/alpe-di-siusi-kone-pastvina-1920x1280.jpg 1920w\" sizes=\"(max-width: 2048px) 100vw, 2048px\" \/><button\n\t\t\tclass=\"lightbox-trigger\"\n\t\t\ttype=\"button\"\n\t\t\taria-haspopup=\"dialog\"\n\t\t\tdata-wp-bind--aria-label=\"state.thisImage.triggerButtonAriaLabel\"\n\t\t\tdata-wp-init=\"callbacks.initTriggerButton\"\n\t\t\tdata-wp-on--click=\"actions.showLightbox\"\n\t\t\tdata-wp-style--right=\"state.thisImage.buttonRight\"\n\t\t\tdata-wp-style--top=\"state.thisImage.buttonTop\"\n\t\t>\n\t\t\t<svg xmlns=\"http:\/\/www.w3.org\/2000\/svg\" width=\"12\" height=\"12\" fill=\"none\" viewBox=\"0 0 12 12\">\n\t\t\t\t<path fill=\"#fff\" d=\"M2 0a2 2 0 0 0-2 2v2h1.5V2a.5.5 0 0 1 .5-.5h2V0H2Zm2 10.5H2a.5.5 0 0 1-.5-.5V8H0v2a2 2 0 0 0 2 2h2v-1.5ZM8 12v-1.5h2a.5.5 0 0 0 .5-.5V8H12v2a2 2 0 0 1-2 2H8Zm2-12a2 2 0 0 1 2 2v2h-1.5V2a.5.5 0 0 0-.5-.5H8V0h2Z\" \/>\n\t\t\t<\/svg>\n\t\t<\/button><figcaption class=\"wp-element-caption\">H\u00e4star p\u00e5 \u00e4ngen med fj\u00e4llstuga och bergsmassiv i bakgrunden<\/figcaption><\/figure>\n\n\n\n<p class=\"wp-block-paragraph\">Vill du verkligen imponera p\u00e5 din partner kan du prova att hyra en traditionell tr\u00e4vagn med h\u00e4star. De kraftiga haflingerhingstarna m\u00f6ter du \u00f6verallt h\u00e4r, och en tur i solnedg\u00e5ngen \u00e4r v\u00e4rd varenda extra krona. Men \u00e4ven barnen uppskattar h\u00e4starna \u2013 de kan \u00e5tminstone klappa dem \u00f6ver hagen.<\/p>\n\n\n\n<h3 class=\"wp-block-heading\"><span class=\"ez-toc-section\" id=\"10_Hostens_tradition_Almabtrieb_boskapens_hemkomst\"><\/span>10. H\u00f6stens tradition Almabtrieb (boskapens hemkomst)<span class=\"ez-toc-section-end\"><\/span><\/h3>\n\n\n\n<p class=\"wp-block-paragraph\">Om du planerar din resa till tidig h\u00f6st, till exempel runt den 2 september, kan du f\u00e5 uppleva en av de vackraste och mest autentiska lokala traditionerna. Almabtrieb \u00e4r den h\u00f6gtidliga nedf\u00f6rseln av boskapen fr\u00e5n h\u00f6gfj\u00e4llens sommarbeten tillbaka till dalen inf\u00f6r vinterns ankomst.<\/p>\n\n\n\n<figure data-wp-context=\"{&quot;imageId&quot;:&quot;6a99319b95ce0&quot;}\" data-wp-interactive=\"core\/image\" data-wp-key=\"6a99319b95ce0\" class=\"wp-block-image size-large wp-lightbox-container\"><img decoding=\"async\" width=\"2048\" height=\"905\" data-wp-class--hide=\"state.isContentHidden\" data-wp-class--show=\"state.isContentVisible\" data-wp-init=\"callbacks.setButtonStyles\" data-wp-on--click=\"actions.showLightbox\" data-wp-on--load=\"callbacks.setButtonStyles\" data-wp-on--pointerdown=\"actions.preloadImage\" data-wp-on--pointerenter=\"actions.preloadImageWithDelay\" data-wp-on--pointerleave=\"actions.cancelPreload\" data-wp-on-window--resize=\"callbacks.setButtonStyles\" src=\"https:\/\/loudavymkrokem.cz\/wp-content\/uploads\/2026\/05\/alpe-di-siusi-almabtrieb-dobytek.jpg\" alt=\"H\u00f6stfesten Almabtrieb med h\u00f6gtidligt utsmyckad boskap\" class=\"wp-image-173532\" title=\"\" srcset=\"https:\/\/loudavymkrokem.cz\/wp-content\/uploads\/2026\/05\/alpe-di-siusi-almabtrieb-dobytek.jpg 2048w, https:\/\/loudavymkrokem.cz\/wp-content\/uploads\/2026\/05\/alpe-di-siusi-almabtrieb-dobytek-300x133.jpg 300w, https:\/\/loudavymkrokem.cz\/wp-content\/uploads\/2026\/05\/alpe-di-siusi-almabtrieb-dobytek-700x309.jpg 700w, https:\/\/loudavymkrokem.cz\/wp-content\/uploads\/2026\/05\/alpe-di-siusi-almabtrieb-dobytek-768x339.jpg 768w, https:\/\/loudavymkrokem.cz\/wp-content\/uploads\/2026\/05\/alpe-di-siusi-almabtrieb-dobytek-1536x678.jpg 1536w, https:\/\/loudavymkrokem.cz\/wp-content\/uploads\/2026\/05\/alpe-di-siusi-almabtrieb-dobytek-696x307.jpg 696w, https:\/\/loudavymkrokem.cz\/wp-content\/uploads\/2026\/05\/alpe-di-siusi-almabtrieb-dobytek-1392x615.jpg 1392w, https:\/\/loudavymkrokem.cz\/wp-content\/uploads\/2026\/05\/alpe-di-siusi-almabtrieb-dobytek-1920x848.jpg 1920w\" sizes=\"(max-width: 2048px) 100vw, 2048px\" \/><button\n\t\t\tclass=\"lightbox-trigger\"\n\t\t\ttype=\"button\"\n\t\t\taria-haspopup=\"dialog\"\n\t\t\tdata-wp-bind--aria-label=\"state.thisImage.triggerButtonAriaLabel\"\n\t\t\tdata-wp-init=\"callbacks.initTriggerButton\"\n\t\t\tdata-wp-on--click=\"actions.showLightbox\"\n\t\t\tdata-wp-style--right=\"state.thisImage.buttonRight\"\n\t\t\tdata-wp-style--top=\"state.thisImage.buttonTop\"\n\t\t>\n\t\t\t<svg xmlns=\"http:\/\/www.w3.org\/2000\/svg\" width=\"12\" height=\"12\" fill=\"none\" viewBox=\"0 0 12 12\">\n\t\t\t\t<path fill=\"#fff\" d=\"M2 0a2 2 0 0 0-2 2v2h1.5V2a.5.5 0 0 1 .5-.5h2V0H2Zm2 10.5H2a.5.5 0 0 1-.5-.5V8H0v2a2 2 0 0 0 2 2h2v-1.5ZM8 12v-1.5h2a.5.5 0 0 0 .5-.5V8H12v2a2 2 0 0 1-2 2H8Zm2-12a2 2 0 0 1 2 2v2h-1.5V2a.5.5 0 0 0-.5-.5H8V0h2Z\" \/>\n\t\t\t<\/svg>\n\t\t<\/button><figcaption class=\"wp-element-caption\">H\u00f6stfesten Almabtrieb med h\u00f6gtidligt utsmyckad boskap (Foto: Friedrich B\u00f6hringer, CC BY-SA 4.0, Wikimedia Commons)<\/figcaption><\/figure>\n\n\n\n<p class=\"wp-block-paragraph\">Kor, getter och f\u00e5r \u00e4r underbart utsmyckade med enorma blomsterkransar och stora klockor, och hela evenemanget har en fantastisk atmosf\u00e4r med livemusik, doften av korv och ett st\u00e4ndigt fl\u00f6de av lokalt \u00f6l och vin. Det \u00e4r en stor h\u00f6gtid f\u00f6r de lokala inv\u00e5narna, och jag garanterar att du kommer att njuta av det lika mycket som de.<\/p>\n\n\n\n\n\n<h3 class=\"wp-block-heading\"><span class=\"ez-toc-section\" id=\"11_Vintersport_toppturer_och_snoskovandring\"><\/span>11. Vintersport, toppturer och sn\u00f6skovandring<span class=\"ez-toc-section-end\"><\/span><\/h3>\n\n\n\n<p class=\"wp-block-paragraph\">Vintern f\u00f6rvandlar dessa o\u00e4ndliga gr\u00f6na vidder till ett perfekt sn\u00f6t\u00e4ckt sagorike. Om du ger dig hit p\u00e5 vintern b\u00f6r din f\u00f6rsta v\u00e4g g\u00e5 till att skaffa ett Seiser Alm ski-skipass, f\u00f6r omr\u00e5det erbjuder perfekt preparerade pister som inte \u00e4r s\u00e4rskilt branta och d\u00e4rf\u00f6r \u00e5terigen \u00e4r perfekta f\u00f6r familjer och nyb\u00f6rjare.<\/p>\n\n\n\n<figure data-wp-context=\"{&quot;imageId&quot;:&quot;6a99319b96431&quot;}\" data-wp-interactive=\"core\/image\" data-wp-key=\"6a99319b96431\" class=\"wp-block-image size-large wp-lightbox-container\"><img decoding=\"async\" width=\"2048\" height=\"1027\" data-wp-class--hide=\"state.isContentHidden\" data-wp-class--show=\"state.isContentVisible\" data-wp-init=\"callbacks.setButtonStyles\" data-wp-on--click=\"actions.showLightbox\" data-wp-on--load=\"callbacks.setButtonStyles\" data-wp-on--pointerdown=\"actions.preloadImage\" data-wp-on--pointerenter=\"actions.preloadImageWithDelay\" data-wp-on--pointerleave=\"actions.cancelPreload\" data-wp-on-window--resize=\"callbacks.setButtonStyles\" src=\"https:\/\/loudavymkrokem.cz\/wp-content\/uploads\/2026\/05\/alpe-di-siusi-zima-snih-panorama.jpg\" alt=\"Sn\u00f6t\u00e4ckt h\u00f6gplat\u00e5 p\u00e5 Seiser Alm p\u00e5 vintern under Sciliar-massivet\" class=\"wp-image-173533\" title=\"\" srcset=\"https:\/\/loudavymkrokem.cz\/wp-content\/uploads\/2026\/05\/alpe-di-siusi-zima-snih-panorama.jpg 2048w, https:\/\/loudavymkrokem.cz\/wp-content\/uploads\/2026\/05\/alpe-di-siusi-zima-snih-panorama-300x150.jpg 300w, https:\/\/loudavymkrokem.cz\/wp-content\/uploads\/2026\/05\/alpe-di-siusi-zima-snih-panorama-700x351.jpg 700w, https:\/\/loudavymkrokem.cz\/wp-content\/uploads\/2026\/05\/alpe-di-siusi-zima-snih-panorama-768x385.jpg 768w, https:\/\/loudavymkrokem.cz\/wp-content\/uploads\/2026\/05\/alpe-di-siusi-zima-snih-panorama-1536x770.jpg 1536w, https:\/\/loudavymkrokem.cz\/wp-content\/uploads\/2026\/05\/alpe-di-siusi-zima-snih-panorama-696x349.jpg 696w, https:\/\/loudavymkrokem.cz\/wp-content\/uploads\/2026\/05\/alpe-di-siusi-zima-snih-panorama-1392x698.jpg 1392w, https:\/\/loudavymkrokem.cz\/wp-content\/uploads\/2026\/05\/alpe-di-siusi-zima-snih-panorama-1920x962.jpg 1920w\" sizes=\"(max-width: 2048px) 100vw, 2048px\" \/><button\n\t\t\tclass=\"lightbox-trigger\"\n\t\t\ttype=\"button\"\n\t\t\taria-haspopup=\"dialog\"\n\t\t\tdata-wp-bind--aria-label=\"state.thisImage.triggerButtonAriaLabel\"\n\t\t\tdata-wp-init=\"callbacks.initTriggerButton\"\n\t\t\tdata-wp-on--click=\"actions.showLightbox\"\n\t\t\tdata-wp-style--right=\"state.thisImage.buttonRight\"\n\t\t\tdata-wp-style--top=\"state.thisImage.buttonTop\"\n\t\t>\n\t\t\t<svg xmlns=\"http:\/\/www.w3.org\/2000\/svg\" width=\"12\" height=\"12\" fill=\"none\" viewBox=\"0 0 12 12\">\n\t\t\t\t<path fill=\"#fff\" d=\"M2 0a2 2 0 0 0-2 2v2h1.5V2a.5.5 0 0 1 .5-.5h2V0H2Zm2 10.5H2a.5.5 0 0 1-.5-.5V8H0v2a2 2 0 0 0 2 2h2v-1.5ZM8 12v-1.5h2a.5.5 0 0 0 .5-.5V8H12v2a2 2 0 0 1-2 2H8Zm2-12a2 2 0 0 1 2 2v2h-1.5V2a.5.5 0 0 0-.5-.5H8V0h2Z\" \/>\n\t\t\t<\/svg>\n\t\t<\/button><figcaption class=\"wp-element-caption\">Sn\u00f6t\u00e4ckt h\u00f6gplat\u00e5 p\u00e5 Seiser Alm p\u00e5 vintern under Sciliar-massivet (Foto: Wolfgang Moroder, CC BY-SA 3.0, Wikimedia Commons)<\/figcaption><\/figure>\n\n\n\n<p class=\"wp-block-paragraph\">Ladda definitivt ner en pistkarta till mobilen i f\u00f6rv\u00e4g s\u00e5 att du vet vart du ska, \u00e4ven om anl\u00e4ggningen \u00e4r ganska \u00f6versk\u00e5dlig. Sj\u00e4lva \u00e4lskar vi dock, f\u00f6rutom den klassiska utf\u00f6rs\u00e5kningen, framf\u00f6r allt utflykter p\u00e5 sn\u00f6skor och Seiser Alm l\u00e4ngdskidor, eftersom det h\u00e4r finns \u00f6ver otroliga 80 kilometer preparerade l\u00e4ngdsp\u00e5r. Att slingra sig genom den tysta sn\u00f6t\u00e4ckta skogen under bergen utan att m\u00f6ta en enda m\u00e4nniska \u00e4r helt enkelt underbart.<\/p>\n\n\n\n<h3 class=\"wp-block-heading\"><span class=\"ez-toc-section\" id=\"12_Att_sitta_ner_i_vara_favoritfjallstugor_Rifugi\"><\/span>12. Att sitta ner i v\u00e5ra favoritfj\u00e4llstugor (Rifugi)<span class=\"ez-toc-section-end\"><\/span><\/h3>\n\n\n\n<p class=\"wp-block-paragraph\">De italienska Dolomiterna handlar inte bara om vacker natur, utan \u00e4ven om helt fenomenal gastronomi, och den koncentreras just i fj\u00e4llstugorna, de s\u00e5 kallade rifugi. P\u00e5 Seiser Alm hittar du en enorm m\u00e4ngd av dem, och var och en har n\u00e5got speciellt.<\/p>\n\n\n\n<figure data-wp-context=\"{&quot;imageId&quot;:&quot;6a99319b96c63&quot;}\" data-wp-interactive=\"core\/image\" data-wp-key=\"6a99319b96c63\" class=\"wp-block-image size-large wp-lightbox-container\"><img decoding=\"async\" width=\"2048\" height=\"1365\" data-wp-class--hide=\"state.isContentHidden\" data-wp-class--show=\"state.isContentVisible\" data-wp-init=\"callbacks.setButtonStyles\" data-wp-on--click=\"actions.showLightbox\" data-wp-on--load=\"callbacks.setButtonStyles\" data-wp-on--pointerdown=\"actions.preloadImage\" data-wp-on--pointerenter=\"actions.preloadImageWithDelay\" data-wp-on--pointerleave=\"actions.cancelPreload\" data-wp-on-window--resize=\"callbacks.setButtonStyles\" src=\"https:\/\/loudavymkrokem.cz\/wp-content\/uploads\/2026\/05\/alpe-di-siusi-rifugio-terasa-stul.jpg\" alt=\"Sittplatser vid ett tr\u00e4bord p\u00e5 en fj\u00e4llstugas soliga uteservering\" class=\"wp-image-173523\" title=\"\" srcset=\"https:\/\/loudavymkrokem.cz\/wp-content\/uploads\/2026\/05\/alpe-di-siusi-rifugio-terasa-stul.jpg 2048w, https:\/\/loudavymkrokem.cz\/wp-content\/uploads\/2026\/05\/alpe-di-siusi-rifugio-terasa-stul-300x200.jpg 300w, https:\/\/loudavymkrokem.cz\/wp-content\/uploads\/2026\/05\/alpe-di-siusi-rifugio-terasa-stul-700x467.jpg 700w, https:\/\/loudavymkrokem.cz\/wp-content\/uploads\/2026\/05\/alpe-di-siusi-rifugio-terasa-stul-768x512.jpg 768w, https:\/\/loudavymkrokem.cz\/wp-content\/uploads\/2026\/05\/alpe-di-siusi-rifugio-terasa-stul-1536x1024.jpg 1536w, https:\/\/loudavymkrokem.cz\/wp-content\/uploads\/2026\/05\/alpe-di-siusi-rifugio-terasa-stul-696x464.jpg 696w, https:\/\/loudavymkrokem.cz\/wp-content\/uploads\/2026\/05\/alpe-di-siusi-rifugio-terasa-stul-1392x928.jpg 1392w, https:\/\/loudavymkrokem.cz\/wp-content\/uploads\/2026\/05\/alpe-di-siusi-rifugio-terasa-stul-1920x1280.jpg 1920w\" sizes=\"(max-width: 2048px) 100vw, 2048px\" \/><button\n\t\t\tclass=\"lightbox-trigger\"\n\t\t\ttype=\"button\"\n\t\t\taria-haspopup=\"dialog\"\n\t\t\tdata-wp-bind--aria-label=\"state.thisImage.triggerButtonAriaLabel\"\n\t\t\tdata-wp-init=\"callbacks.initTriggerButton\"\n\t\t\tdata-wp-on--click=\"actions.showLightbox\"\n\t\t\tdata-wp-style--right=\"state.thisImage.buttonRight\"\n\t\t\tdata-wp-style--top=\"state.thisImage.buttonTop\"\n\t\t>\n\t\t\t<svg xmlns=\"http:\/\/www.w3.org\/2000\/svg\" width=\"12\" height=\"12\" fill=\"none\" viewBox=\"0 0 12 12\">\n\t\t\t\t<path fill=\"#fff\" d=\"M2 0a2 2 0 0 0-2 2v2h1.5V2a.5.5 0 0 1 .5-.5h2V0H2Zm2 10.5H2a.5.5 0 0 1-.5-.5V8H0v2a2 2 0 0 0 2 2h2v-1.5ZM8 12v-1.5h2a.5.5 0 0 0 .5-.5V8H12v2a2 2 0 0 1-2 2H8Zm2-12a2 2 0 0 1 2 2v2h-1.5V2a.5.5 0 0 0-.5-.5H8V0h2Z\" \/>\n\t\t\t<\/svg>\n\t\t<\/button><figcaption class=\"wp-element-caption\">Sittplatser vid ett tr\u00e4bord p\u00e5 en fj\u00e4llstugas soliga uteservering<\/figcaption><\/figure>\n\n\n\n<p class=\"wp-block-paragraph\">Luk\u00e1\u0161 och jag har tv\u00e5 riktiga hj\u00e4rtefavoriter. Den f\u00f6rsta \u00e4r den mysiga stugan Tirler, som har en underbar uteservering och en lekplats f\u00f6r barnen ute, s\u00e5 att du i lugn och ro kan dricka din bombardino medan barnen leker. Den andra \u00e4r fj\u00e4llstugan Mahlknecht, som ligger lite avsides fr\u00e5n de mest trafikerade lederna och d\u00e4r de enligt oss g\u00f6r de allra b\u00e4sta hemgjorda klimparna (kn\u00f6del) i hela trakten. Att stanna till p\u00e5 ett rifugio f\u00f6r en god lunch \u00e4r helt enkelt ett m\u00e5ste som du inte f\u00e5r slarva med. \ud83d\ude09<\/p>\n\n\n\n<h2 class=\"wp-block-heading\"><span class=\"ez-toc-section\" id=\"Seiser_Alm_med_barn_ur_tvaariga_Jonas_perspektiv\"><\/span>Seiser Alm med barn: ur tv\u00e5\u00e5riga Jon\u00e1\u0161 perspektiv<span class=\"ez-toc-section-end\"><\/span><\/h2>\n\n\n\n<p class=\"wp-block-paragraph\">Att resa med barn, s\u00e4rskilt sm\u00e5, f\u00f6r\u00e4ndrar helt synen p\u00e5 alla destinationer, det ger du mig s\u00e4kert r\u00e4tt i. Platser som tidigare var enkla blir pl\u00f6tsligt logistiska n\u00f6tter att kn\u00e4cka, men Seiser Alm \u00e4r i det avseendet en absolut enh\u00f6rning.<\/p>\n\n\n\n<figure data-wp-context=\"{&quot;imageId&quot;:&quot;6a99319b9746e&quot;}\" data-wp-interactive=\"core\/image\" data-wp-key=\"6a99319b9746e\" class=\"wp-block-image size-large wp-lightbox-container\"><img decoding=\"async\" width=\"2048\" height=\"1365\" data-wp-class--hide=\"state.isContentHidden\" data-wp-class--show=\"state.isContentVisible\" data-wp-init=\"callbacks.setButtonStyles\" data-wp-on--click=\"actions.showLightbox\" data-wp-on--load=\"callbacks.setButtonStyles\" data-wp-on--pointerdown=\"actions.preloadImage\" data-wp-on--pointerenter=\"actions.preloadImageWithDelay\" data-wp-on--pointerleave=\"actions.cancelPreload\" data-wp-on-window--resize=\"callbacks.setButtonStyles\" src=\"https:\/\/loudavymkrokem.cz\/wp-content\/uploads\/2026\/05\/alpe-di-siusi-deti-jonasek-louka.jpg\" alt=\"Mamma med sin tv\u00e5\u00e5rige son p\u00e5 alps\u00e4ngen med bergen i bakgrunden\" class=\"wp-image-173524\" title=\"\" srcset=\"https:\/\/loudavymkrokem.cz\/wp-content\/uploads\/2026\/05\/alpe-di-siusi-deti-jonasek-louka.jpg 2048w, https:\/\/loudavymkrokem.cz\/wp-content\/uploads\/2026\/05\/alpe-di-siusi-deti-jonasek-louka-300x200.jpg 300w, https:\/\/loudavymkrokem.cz\/wp-content\/uploads\/2026\/05\/alpe-di-siusi-deti-jonasek-louka-700x467.jpg 700w, https:\/\/loudavymkrokem.cz\/wp-content\/uploads\/2026\/05\/alpe-di-siusi-deti-jonasek-louka-768x512.jpg 768w, https:\/\/loudavymkrokem.cz\/wp-content\/uploads\/2026\/05\/alpe-di-siusi-deti-jonasek-louka-1536x1024.jpg 1536w, https:\/\/loudavymkrokem.cz\/wp-content\/uploads\/2026\/05\/alpe-di-siusi-deti-jonasek-louka-696x464.jpg 696w, https:\/\/loudavymkrokem.cz\/wp-content\/uploads\/2026\/05\/alpe-di-siusi-deti-jonasek-louka-1392x928.jpg 1392w, https:\/\/loudavymkrokem.cz\/wp-content\/uploads\/2026\/05\/alpe-di-siusi-deti-jonasek-louka-1920x1280.jpg 1920w\" sizes=\"(max-width: 2048px) 100vw, 2048px\" \/><button\n\t\t\tclass=\"lightbox-trigger\"\n\t\t\ttype=\"button\"\n\t\t\taria-haspopup=\"dialog\"\n\t\t\tdata-wp-bind--aria-label=\"state.thisImage.triggerButtonAriaLabel\"\n\t\t\tdata-wp-init=\"callbacks.initTriggerButton\"\n\t\t\tdata-wp-on--click=\"actions.showLightbox\"\n\t\t\tdata-wp-style--right=\"state.thisImage.buttonRight\"\n\t\t\tdata-wp-style--top=\"state.thisImage.buttonTop\"\n\t\t>\n\t\t\t<svg xmlns=\"http:\/\/www.w3.org\/2000\/svg\" width=\"12\" height=\"12\" fill=\"none\" viewBox=\"0 0 12 12\">\n\t\t\t\t<path fill=\"#fff\" d=\"M2 0a2 2 0 0 0-2 2v2h1.5V2a.5.5 0 0 1 .5-.5h2V0H2Zm2 10.5H2a.5.5 0 0 1-.5-.5V8H0v2a2 2 0 0 0 2 2h2v-1.5ZM8 12v-1.5h2a.5.5 0 0 0 .5-.5V8H12v2a2 2 0 0 1-2 2H8Zm2-12a2 2 0 0 1 2 2v2h-1.5V2a.5.5 0 0 0-.5-.5H8V0h2Z\" \/>\n\t\t\t<\/svg>\n\t\t<\/button><figcaption class=\"wp-element-caption\">Mamma med sin tv\u00e5\u00e5rige son p\u00e5 alps\u00e4ngen med bergen<\/figcaption><\/figure>\n\n\n\n<p class=\"wp-block-paragraph\">Jag ska vara \u00e4rlig: innan vi gav oss av var jag ganska orolig f\u00f6r om vi skulle klara det med barnvagn. Vi klarade det utan ett enda utbrott. Eftersom du befinner dig p\u00e5 en enorm h\u00f6gplat\u00e5 kan du sv\u00e4lja kilometer med barnvagnen utan att beh\u00f6va bestiga branta, steniga sluttningar. De flesta huvudlederna \u00e4r asfalterade eller t\u00e4ckta med fint grus. Dessutom fungerar busstrafiken perfekt, f\u00f6rarna \u00e4r hj\u00e4lpsamma och du kommer helt enkelt in i bussen med barnvagn utan problem. F\u00f6r barnen finns det enorma m\u00e4ngder \u00f6ppen yta att leka och springa s\u00e4kert p\u00e5, och den friska doften av alp\u00f6rter tr\u00f6ttar ut \u00e4ven de st\u00f6rsta s\u00f6mnv\u00e4grarna. Vi minns v\u00e5r gemensamma semester som en av de sk\u00f6naste sedan vi blev tre.<\/p>\n\n\n\n<h2 class=\"wp-block-heading\"><span class=\"ez-toc-section\" id=\"Vi_reser_med_hundar_ett_hundparadis_med_en_enda_regel\"><\/span>Vi reser med hundar: ett hundparadis med en enda regel<span class=\"ez-toc-section-end\"><\/span><\/h2>\n\n\n\n<p class=\"wp-block-paragraph\">Om du har en fyrbent kompis hemma och inte vill l\u00e4mna den hemma, ta med den till Dolomiterna med gott samvete. V\u00e5r K\u00e1ja och den tokiga tiken Baby njuter alltid som galna h\u00e4r, f\u00f6r de enorma doftande \u00e4ngarna \u00e4r ett rent gr\u00e4sparadis f\u00f6r dem.<\/p>\n\n\n<p class=\"wp-block-paragraph\">\ud83d\udca1 <strong>Tips:<\/strong> I n\u00e4stan alla linbanor och bussar vill man att hundarna ska ha munkorg (du k\u00f6per den praktiskt taget \u00f6verallt, \u00e4ven direkt vid nedre stationerna). Oss \u00e4rligt talat st\u00f6rde det ganska mycket \u2013 de ville ha den \u00e4ven n\u00e4r vi \u00e5kte helt ensamma i kabinen. N\u00e4r vi hade flera linbanor p\u00e5 rad framf\u00f6r oss l\u00e4t vi hellre K\u00e1ja och Baby vila p\u00e5 campingen.<\/p>\n\n\n\n\n<figure data-wp-context=\"{&quot;imageId&quot;:&quot;6a99319b97e4f&quot;}\" data-wp-interactive=\"core\/image\" data-wp-key=\"6a99319b97e4f\" class=\"wp-block-image size-large wp-lightbox-container\"><img decoding=\"async\" width=\"2048\" height=\"1365\" data-wp-class--hide=\"state.isContentHidden\" data-wp-class--show=\"state.isContentVisible\" data-wp-init=\"callbacks.setButtonStyles\" data-wp-on--click=\"actions.showLightbox\" data-wp-on--load=\"callbacks.setButtonStyles\" data-wp-on--pointerdown=\"actions.preloadImage\" data-wp-on--pointerenter=\"actions.preloadImageWithDelay\" data-wp-on--pointerleave=\"actions.cancelPreload\" data-wp-on-window--resize=\"callbacks.setButtonStyles\" src=\"https:\/\/loudavymkrokem.cz\/wp-content\/uploads\/2026\/05\/alpe-di-siusi-psi-kocarek-louka.jpg\" alt=\"Pappa med barnvagn och tv\u00e5 hundar p\u00e5 fj\u00e4ll\u00e4ngen under Sassolungo\" class=\"wp-image-173525\" title=\"\" srcset=\"https:\/\/loudavymkrokem.cz\/wp-content\/uploads\/2026\/05\/alpe-di-siusi-psi-kocarek-louka.jpg 2048w, https:\/\/loudavymkrokem.cz\/wp-content\/uploads\/2026\/05\/alpe-di-siusi-psi-kocarek-louka-300x200.jpg 300w, https:\/\/loudavymkrokem.cz\/wp-content\/uploads\/2026\/05\/alpe-di-siusi-psi-kocarek-louka-700x467.jpg 700w, https:\/\/loudavymkrokem.cz\/wp-content\/uploads\/2026\/05\/alpe-di-siusi-psi-kocarek-louka-768x512.jpg 768w, https:\/\/loudavymkrokem.cz\/wp-content\/uploads\/2026\/05\/alpe-di-siusi-psi-kocarek-louka-1536x1024.jpg 1536w, https:\/\/loudavymkrokem.cz\/wp-content\/uploads\/2026\/05\/alpe-di-siusi-psi-kocarek-louka-696x464.jpg 696w, https:\/\/loudavymkrokem.cz\/wp-content\/uploads\/2026\/05\/alpe-di-siusi-psi-kocarek-louka-1392x928.jpg 1392w, https:\/\/loudavymkrokem.cz\/wp-content\/uploads\/2026\/05\/alpe-di-siusi-psi-kocarek-louka-1920x1280.jpg 1920w\" sizes=\"(max-width: 2048px) 100vw, 2048px\" \/><button\n\t\t\tclass=\"lightbox-trigger\"\n\t\t\ttype=\"button\"\n\t\t\taria-haspopup=\"dialog\"\n\t\t\tdata-wp-bind--aria-label=\"state.thisImage.triggerButtonAriaLabel\"\n\t\t\tdata-wp-init=\"callbacks.initTriggerButton\"\n\t\t\tdata-wp-on--click=\"actions.showLightbox\"\n\t\t\tdata-wp-style--right=\"state.thisImage.buttonRight\"\n\t\t\tdata-wp-style--top=\"state.thisImage.buttonTop\"\n\t\t>\n\t\t\t<svg xmlns=\"http:\/\/www.w3.org\/2000\/svg\" width=\"12\" height=\"12\" fill=\"none\" viewBox=\"0 0 12 12\">\n\t\t\t\t<path fill=\"#fff\" d=\"M2 0a2 2 0 0 0-2 2v2h1.5V2a.5.5 0 0 1 .5-.5h2V0H2Zm2 10.5H2a.5.5 0 0 1-.5-.5V8H0v2a2 2 0 0 0 2 2h2v-1.5ZM8 12v-1.5h2a.5.5 0 0 0 .5-.5V8H12v2a2 2 0 0 1-2 2H8Zm2-12a2 2 0 0 1 2 2v2h-1.5V2a.5.5 0 0 0-.5-.5H8V0h2Z\" \/>\n\t\t\t<\/svg>\n\t\t<\/button><figcaption class=\"wp-element-caption\">Pappa med barnvagn och tv\u00e5 hundar p\u00e5 fj\u00e4ll\u00e4ngen under Sassolungo<\/figcaption><\/figure>\n\n\n\n<p class=\"wp-block-paragraph\">Men det finns en mycket viktig sak som du m\u00e5ste respektera, och det \u00e4r de lokala boskapsdjurens fria r\u00f6rlighet. P\u00e5 vidderna r\u00f6r sig flockar av enorma kor och h\u00e4star fritt, och du b\u00f6r alltid ha absolut kontroll \u00f6ver din hund. Koppel \u00e4r visserligen inte dogmatiskt obligatoriskt \u00f6verallt h\u00e4r, men det \u00e4r i h\u00f6gsta grad l\u00e4mpligt och rekommenderat, redan av s\u00e4kerhetssk\u00e4l. Kor kan n\u00e4mligen vara ganska ov\u00e4nliga mot fr\u00e4mmande hundar, s\u00e4rskilt n\u00e4r de har kalvar, och du vill definitivt inte hantera en konflikt med ett halvtonstungt djur. Om du h\u00e5ller koll p\u00e5 det h\u00e4r v\u00e4ntar en dr\u00f6msemester med hundarna.<\/p>\n\n\n\n<h2 class=\"wp-block-heading\"><span class=\"ez-toc-section\" id=\"Var_du_ater_och_vad_du_bor_smaka_pa\"><\/span><span class=\"ez-toc-section\" id=\"Kde_se_najist_a_co_ochutnat\"><\/span>Var du \u00e4ter och vad du b\u00f6r smaka p\u00e5<span class=\"ez-toc-section-end\"><\/span><\/h2>\n\n\n\n<p class=\"wp-block-paragraph\">Sydtyrolen, och s\u00e4rskilt Seiser Alm, f\u00f6renar det b\u00e4sta av tv\u00e5 v\u00e4rldar: rej\u00e4l, m\u00e4ktig mat med tyska\/\u00f6sterrikiska r\u00f6tter och italiensk pondus, vilket i slut\u00e4nden inneb\u00e4r att du g\u00e5r upp i vikt bara av att titta p\u00e5 menyn. \ud83d\ude05<\/p>\n\n\n\n<figure data-wp-context=\"{&quot;imageId&quot;:&quot;6a99319b9874f&quot;}\" data-wp-interactive=\"core\/image\" data-wp-key=\"6a99319b9874f\" class=\"wp-block-image size-large wp-lightbox-container\"><img decoding=\"async\" width=\"2048\" height=\"1365\" data-wp-class--hide=\"state.isContentHidden\" data-wp-class--show=\"state.isContentVisible\" data-wp-init=\"callbacks.setButtonStyles\" data-wp-on--click=\"actions.showLightbox\" data-wp-on--load=\"callbacks.setButtonStyles\" data-wp-on--pointerdown=\"actions.preloadImage\" data-wp-on--pointerenter=\"actions.preloadImageWithDelay\" data-wp-on--pointerleave=\"actions.cancelPreload\" data-wp-on-window--resize=\"callbacks.setButtonStyles\" src=\"https:\/\/loudavymkrokem.cz\/wp-content\/uploads\/2026\/05\/alpe-di-siusi-posezeni-vyhled.jpg\" alt=\"Vila p\u00e5 en solstol med utsikt \u00f6ver massivet Sassolungo\" class=\"wp-image-173526\" title=\"\" srcset=\"https:\/\/loudavymkrokem.cz\/wp-content\/uploads\/2026\/05\/alpe-di-siusi-posezeni-vyhled.jpg 2048w, https:\/\/loudavymkrokem.cz\/wp-content\/uploads\/2026\/05\/alpe-di-siusi-posezeni-vyhled-300x200.jpg 300w, https:\/\/loudavymkrokem.cz\/wp-content\/uploads\/2026\/05\/alpe-di-siusi-posezeni-vyhled-700x467.jpg 700w, https:\/\/loudavymkrokem.cz\/wp-content\/uploads\/2026\/05\/alpe-di-siusi-posezeni-vyhled-768x512.jpg 768w, https:\/\/loudavymkrokem.cz\/wp-content\/uploads\/2026\/05\/alpe-di-siusi-posezeni-vyhled-1536x1024.jpg 1536w, https:\/\/loudavymkrokem.cz\/wp-content\/uploads\/2026\/05\/alpe-di-siusi-posezeni-vyhled-696x464.jpg 696w, https:\/\/loudavymkrokem.cz\/wp-content\/uploads\/2026\/05\/alpe-di-siusi-posezeni-vyhled-1392x928.jpg 1392w, https:\/\/loudavymkrokem.cz\/wp-content\/uploads\/2026\/05\/alpe-di-siusi-posezeni-vyhled-1920x1280.jpg 1920w\" sizes=\"(max-width: 2048px) 100vw, 2048px\" \/><button\n\t\t\tclass=\"lightbox-trigger\"\n\t\t\ttype=\"button\"\n\t\t\taria-haspopup=\"dialog\"\n\t\t\tdata-wp-bind--aria-label=\"state.thisImage.triggerButtonAriaLabel\"\n\t\t\tdata-wp-init=\"callbacks.initTriggerButton\"\n\t\t\tdata-wp-on--click=\"actions.showLightbox\"\n\t\t\tdata-wp-style--right=\"state.thisImage.buttonRight\"\n\t\t\tdata-wp-style--top=\"state.thisImage.buttonTop\"\n\t\t>\n\t\t\t<svg xmlns=\"http:\/\/www.w3.org\/2000\/svg\" width=\"12\" height=\"12\" fill=\"none\" viewBox=\"0 0 12 12\">\n\t\t\t\t<path fill=\"#fff\" d=\"M2 0a2 2 0 0 0-2 2v2h1.5V2a.5.5 0 0 1 .5-.5h2V0H2Zm2 10.5H2a.5.5 0 0 1-.5-.5V8H0v2a2 2 0 0 0 2 2h2v-1.5ZM8 12v-1.5h2a.5.5 0 0 0 .5-.5V8H12v2a2 2 0 0 1-2 2H8Zm2-12a2 2 0 0 1 2 2v2h-1.5V2a.5.5 0 0 0-.5-.5H8V0h2Z\" \/>\n\t\t\t<\/svg>\n\t\t<\/button><figcaption class=\"wp-element-caption\">Vila p\u00e5 en solstol med utsikt \u00f6ver massivet Sassolungo<\/figcaption><\/figure>\n\n\n\n<p class=\"wp-block-paragraph\">Du kan definitivt inte \u00e5ka h\u00e4rifr\u00e5n utan att ha smakat de traditionella klimparna (Kn\u00f6del), som g\u00f6rs h\u00e4r i m\u00e5nga varianter, fr\u00e5n spenat- och ostklimpar till dem med bitar av r\u00f6kt k\u00f6tt. Utm\u00e4rkt \u00e4r \u00e4ven den lokala tunna, torkade sydtyrolska specken, och du f\u00e5r inte missa specialiteten Schlutzkrapfen (som egentligen \u00e4r knyten liknande ravioli, fyllda med spenat och ricotta och \u00f6verh\u00e4llda med brynt sm\u00f6r). En s\u00f6t avslutning p\u00e5 varje vandring \u00e4r den fantastiska Apfelstrudeln (\u00e4ppelstrudel) med gott om vaniljs\u00e5s \u2013 och sk\u00f6lj ner alltihop med ett glas gott, fylligt lokalt vin av sorten Lagrein.<\/p>\n\n\n\n<h2 class=\"wp-block-heading\"><span class=\"ez-toc-section\" id=\"Innan_du_packar_vaskan_saker_jag_onskar_att_jag_vetat_i_forvag\"><\/span>Innan du packar v\u00e4skan: saker jag \u00f6nskar att jag vetat i f\u00f6rv\u00e4g<span class=\"ez-toc-section-end\"><\/span><\/h2>\n\n\n\n<p class=\"wp-block-paragraph\">N\u00e5gra saker jag skulle s\u00e4ga till dig om vi satt \u00f6ver ett glas vin och du fr\u00e5gade mig om Dolomiterna f\u00f6r f\u00f6rsta g\u00e5ngen. Dolomiterna kan n\u00e4mligen ibland vara lite byr\u00e5kratiska och dyra.<\/p>\n\n\n\n<p class=\"wp-block-paragraph\">Priserna p\u00e5 linbanorna \u00e4ndras med varje s\u00e4song, men f\u00f6r 2026 f\u00e5r du r\u00e4kna med runt 35 till 50 EUR per person f\u00f6r en tur- och returbiljett upp och ner. Om du planerar att \u00e5ka linbana ofta b\u00f6r du definitivt skaffa ett f\u00f6rm\u00e5nligt kort redan f\u00f6rsta dagen (ofta kallat Combi Card), med vilket du kan kombinera resor p\u00e5 flera lokala linbanor och \u00e4ven anv\u00e4nda pendeltrafiken. Skulle du \u00e4nd\u00e5 \u00e5ka upp p\u00e5 egen hand utanf\u00f6r de f\u00f6rbjudna timmarna, kom ih\u00e5g att det uppe v\u00e4ntar en parkeringsavgift p\u00e5 runt 25 EUR per dag.<\/p>\n\n\n\n<p class=\"wp-block-paragraph\">Och en sista stor v\u00e4djan och varning p\u00e5 slutet. \u00d6ver hela Seiser Alm-omr\u00e5det r\u00e5der strikt f\u00f6rbud mot att flyga dr\u00f6nare, och jag r\u00e5der dig att inte f\u00f6rs\u00f6ka bryta mot regeln bara f\u00f6r en fin video till Instagram. B\u00f6terna delas n\u00e4mligen ut mycket samvetsgrant och kan kl\u00e4ttra upp till astronomiska 3000 EUR (f\u00f6r vilka du kunde ha ytterligare tv\u00e5 underbara semestrar), s\u00e5 l\u00e5t dr\u00f6naren stanna hemma i lugn och ro.<\/p>\n\n\n\n<h3 class=\"wp-block-heading\"><span class=\"ez-toc-section\" id=\"Vad_du_ska_packa\"><\/span>Vad du ska packa<span class=\"ez-toc-section-end\"><\/span><\/h3>\n\n\n\n<p class=\"wp-block-paragraph\">L\u00e4s definitivt v\u00e5r <a href=\"https:\/\/loudavymkrokem.cz\/sv\/valja-vandringskor\/\">artikel om hur du kl\u00e4r dig r\u00e4tt i bergen och hur du v\u00e4ljer vandringsk\u00e4ngor<\/a>, eftersom v\u00e4dret i bergen \u00e4ndras otroligt snabbt och du m\u00e5ste vara beredd p\u00e5 allt, fr\u00e5n sol till kylig vind.<\/p>\n\n\n\n<h3 class=\"wp-block-heading\"><span class=\"ez-toc-section\" id=\"Var_du_hittar_flygbiljetter\"><\/span>Var du hittar flygbiljetter<span class=\"ez-toc-section-end\"><\/span><\/h3>\n\n\n\n<p class=\"wp-block-paragraph\">Om du inte tar dig till Italien med egen bil letar du efter billiga flygbiljetter p\u00e5 <a class=\"thirstylink\" rel=\"nofollow\" target=\"_blank\" title=\"Kiwi\" href=\"https:\/\/loudavymkrokem.cz\/doporucujeme\/kiwi\/\" data-shortcode=\"true\">Kiwi<\/a>, v\u00e5r favoritsajt d\u00e4r vi ofta hittar biljetter fr\u00e5n Stockholm till n\u00e4rliggande Milano eller Venedig till bra priser. \u00c4ven SAS, Norwegian och Ryanair flyger dessa rutter.<\/p>\n\n\n\n<h3 class=\"wp-block-heading\"><span class=\"ez-toc-section\" id=\"Hyrbil\"><\/span>Hyrbil<span class=\"ez-toc-section-end\"><\/span><\/h3>\n\n\n\n<p class=\"wp-block-paragraph\">Vi anv\u00e4nder vanligtvis och med gott sj\u00e4lvf\u00f6rtroende j\u00e4mf\u00f6relsesajten <a href=\"https:\/\/www.discovercars.com\/?a_aid=lukaskonecny\" target=\"_blank\" rel=\"sponsored nofollow noopener\">DiscoverCars<\/a>, som Luk\u00e1\u0161 och jag har haft goda erfarenheter av under l\u00e5ng tid och som aldrig svikit oss. T\u00e4nk ocks\u00e5 p\u00e5 att du beh\u00f6ver en motorv\u00e4gsvinjett om du k\u00f6r genom \u00d6sterrike eller Schweiz p\u00e5 v\u00e4gen dit.<\/p>\n\n\n\n<h3 class=\"wp-block-heading\"><span class=\"ez-toc-section\" id=\"Glom_inte_reseforsakring_och_internetuppkoppling\"><\/span>Gl\u00f6m inte resef\u00f6rs\u00e4kring och internetuppkoppling<span class=\"ez-toc-section-end\"><\/span><\/h3>\n\n\n\n<p class=\"wp-block-paragraph\">F\u00f6r kortare resor v\u00e4ljer vi alltid en resef\u00f6rs\u00e4kring, och f\u00f6r l\u00e4ngre resor eller om vi planerar mer riskfyllda sporter har vi mycket goda erfarenheter av True Traveller eller <a href=\"https:\/\/loudavymkrokem.cz\/safetywing\/\">SafetyWing<\/a>. Och f\u00f6r att slippa dyr data, s\u00e4rskilt n\u00e4ra den schweiziska gr\u00e4nsen, k\u00f6per vi alltid ett <a class=\"thirstylink\" rel=\"nofollow\" target=\"_blank\" title=\"Holafly\" href=\"https:\/\/loudavymkrokem.cz\/doporucujeme\/holafly\/\" data-shortcode=\"true\">eSIM via Holafly<\/a> i f\u00f6rv\u00e4g.<\/p>\n\n\n<p class=\"wp-block-paragraph\">\u279c Innan du ger dig av, kika p\u00e5 v\u00e5r <a href=\"https:\/\/loudavymkrokem.cz\/cestovni-pojisteni\/\">j\u00e4mf\u00f6relse av resef\u00f6rs\u00e4kringar<\/a>.<\/p>\n\n\n<h2 class=\"wp-block-heading\"><span class=\"ez-toc-section\" id=\"Vart_du_aker_vidare_lat_dig_inspireras\"><\/span><span class=\"ez-toc-section\" id=\"Kam_dal_Nechte_se_inspirovat\"><\/span>Vart du \u00e5ker vidare: l\u00e5t dig inspireras<span class=\"ez-toc-section-end\"><\/span><\/h2>\n\n\n\n<p class=\"wp-block-paragraph\">N\u00e4r du v\u00e4l g\u00e5tt igenom den h\u00e4r gr\u00f6na sl\u00e4tten erbjuder Dolomiterna massor av andra m\u00f6jligheter bara n\u00e5gra kilometer bort. Missa definitivt inte dessa andra favoritartiklar fulla av tips:<\/p>\n\n\n\n<ul class=\"wp-block-list\">\n<li>Om du s\u00f6ker helt betagande klippstup f\u00e5r du inte missa bergsryggen tv\u00e4rs \u00f6ver dalen: <a href=\"https:\/\/loudavymkrokem.cz\/seceda-pruvodce-nejfotogenickejsi-hrebenovkou-dolomit\/\">Seceda: guide till Dolomiternas mest fotogeniska bergsrygg<\/a>.<\/li>\n\n\n\n<li>\u00c4lskar du vykort med ikoniska kyrkor i dalen? D\u00e5 kommer du att bli f\u00f6rtjust i n\u00e4rliggande <a href=\"https:\/\/loudavymkrokem.cz\/val-di-funes-santa-maddalena\/\">Val di Funes och Santa Maddalena<\/a>.<\/li>\n\n\n\n<li>Och om du snarare s\u00f6ker en helhets\u00f6versikt \u00f6ver det b\u00e4sta av bergen, ta en titt p\u00e5 v\u00e5r sammanfattande artikel <a href=\"https:\/\/loudavymkrokem.cz\/sv\/vackraste-platser-dolomiterna\/\">Vad du kan g\u00f6ra i Dolomiterna<\/a>, eller uppt\u00e4ck den \u00f6stra delens tjusning i artikeln om <a href=\"https:\/\/loudavymkrokem.cz\/cortina-dampezzo-nase-hlavni-base-v-dolomitech-a-kompletni-pruvodce\/\">Cortina d&#8217;Ampezzo<\/a>.<\/li>\n<\/ul>\n\n\n\n<!-- LKM_GYG_CARD start q=\"dolomity\" lang=\"sv\" --><!-- LKM_GYG_CARD end -->\n\n\n\n<h2 class=\"wp-block-heading\"><span class=\"ez-toc-section\" id=\"FAQ_vanligaste_fragorna_som_ni_staller\"><\/span>FAQ: vanligaste fr\u00e5gorna som ni st\u00e4ller<span class=\"ez-toc-section-end\"><\/span><\/h2>\n\n\n<div id=\"rank-math-faq\" class=\"rank-math-block\">\n<div class=\"rank-math-list \">\n<div id=\"faq-question-1779780470000\" class=\"rank-math-list-item\">\n<h3 class=\"rank-math-question \"><span class=\"ez-toc-section\" id=\"Hur_tar_man_sig_till_Alpe_di_Siusi\"><\/span>Hur tar man sig till Alpe di Siusi?<span class=\"ez-toc-section-end\"><\/span><\/h3>\n<div class=\"rank-math-answer \">\n\n<p>Det enklaste och mest stressfria s\u00e4ttet att ta sig upp \u00e4r med kabinbanan fr\u00e5n staden Ortisei (Cabinovia Mont S\u00ebuc) eller med linbanan fr\u00e5n staden Siusi till omr\u00e5det Compatsch. Mellan kl. 9:00 och 17:00 \u00e4r intr\u00e4de med privata bilar str\u00e4ngt f\u00f6rbjudet vid hot om h\u00f6ga b\u00f6ter.<\/p>\n\n<\/div>\n<\/div>\n<div id=\"faq-question-1779780470001\" class=\"rank-math-list-item\">\n<h3 class=\"rank-math-question \"><span class=\"ez-toc-section\" id=\"Var_ligger_Alpe_di_Siusi\"><\/span>Var ligger Alpe di Siusi?<span class=\"ez-toc-section-end\"><\/span><\/h3>\n<div class=\"rank-math-answer \">\n\n<p>Det \u00e4r en enorm h\u00f6gplat\u00e5 p\u00e5 56 km\u00b2 som ligger i den italienska delen av Dolomiterna i provinsen Bolzano (regionen Trentino-Alto Adige), n\u00e4ra den \u00f6sterrikiska gr\u00e4nsen. Du kommer ofta st\u00f6ta p\u00e5 den under dess tyska namn Seiser Alm.<\/p>\n\n<\/div>\n<\/div>\n<div id=\"faq-question-1779780470002\" class=\"rank-math-list-item\">\n<h3 class=\"rank-math-question \"><span class=\"ez-toc-section\" id=\"Kan_jag_aka_dit_med_sma_barn_och_barnvagn\"><\/span>Kan jag \u00e5ka dit med sm\u00e5 barn och barnvagn?<span class=\"ez-toc-section-end\"><\/span><\/h3>\n<div class=\"rank-math-answer \">\n\n<p>Absolut ja. Av v\u00e5r egen erfarenhet med tv\u00e5\u00e5rige Jon\u00e1\u0161ek kan vi bekr\u00e4fta att det f\u00f6rmodligen \u00e4r den mest barnvagnsv\u00e4nliga destinationen i Dolomiterna. Stigarna \u00e4r f\u00f6rst\u00e4rkta, mestadels platta och de lokala bussarna och linbanorna fungerar utm\u00e4rkt och \u00e4r tillg\u00e4nglighetsanpassade.<\/p>\n\n<\/div>\n<\/div>\n<div id=\"faq-question-1779780470003\" class=\"rank-math-list-item\">\n<h3 class=\"rank-math-question \"><span class=\"ez-toc-section\" id=\"Ar_Alpe_di_Siusi_lampligt_for_hundagare\"><\/span>\u00c4r Alpe di Siusi l\u00e4mpligt f\u00f6r hund\u00e4gare?<span class=\"ez-toc-section-end\"><\/span><\/h3>\n<div class=\"rank-math-answer \">\n\n<p>Ja, vi reser hit regelbundet med tv\u00e5 hundar. P\u00e5 grund av det stora antalet fritt betande kor, h\u00e4star och f\u00e5r rekommenderas det starkt att ha hunden kopplad f\u00f6r att undvika eventuella konflikter. Dessutom f\u00e5r hundar resa problemfritt med de lokala linbanorna.<\/p>\n\n<\/div>\n<\/div>\n<div id=\"faq-question-1779780470004\" class=\"rank-math-list-item\">\n<h3 class=\"rank-math-question \"><span class=\"ez-toc-section\" id=\"Vad_kostar_parkering_uppe_pa_platan\"><\/span>Vad kostar parkering uppe p\u00e5 plat\u00e5n?<span class=\"ez-toc-section-end\"><\/span><\/h3>\n<div class=\"rank-math-answer \">\n\n<p>Om du best\u00e4mmer dig f\u00f6r att \u00e5ka upp med egen bil tidigt p\u00e5 morgonen (f\u00f6re kl. 9:00) till huvudparkeringen i Compatsch, r\u00e4kna med cirka 25 EUR f\u00f6r heldagsparkering. Man betalar vid infarten och du kan sedan \u00e5ka ner n\u00e4r som helst, men p\u00e5 plat\u00e5n f\u00e5r du inte k\u00f6ra bil n\u00e5gonstans under f\u00f6rbudstiden.<\/p>\n\n<\/div>\n<\/div>\n<div id=\"faq-question-1779780470005\" class=\"rank-math-list-item\">\n<h3 class=\"rank-math-question \"><span class=\"ez-toc-section\" id=\"Finns_det_nagra_restauranger_uppe_eller_maste_jag_ta_med_mat\"><\/span>Finns det n\u00e5gra restauranger uppe eller m\u00e5ste jag ta med mat?<span class=\"ez-toc-section-end\"><\/span><\/h3>\n<div class=\"rank-math-answer \">\n\n<p>Du beh\u00f6ver definitivt inte ta med mat, eftersom plat\u00e5n \u00e4r full av fantastiska bergstugor (s\u00e5 kallade rifugio) som erbjuder utm\u00e4rkt lokalt k\u00f6k, h\u00e4rliga viner samt hemgjorda ostar och bakverk. V\u00e5ra favoriter \u00e4r till exempel stugorna Tirler eller Mahlknecht.<\/p>\n\n<\/div>\n<\/div>\n<div id=\"faq-question-1779780470006\" class=\"rank-math-list-item\">\n<h3 class=\"rank-math-question \"><span class=\"ez-toc-section\" id=\"Kan_jag_flyga_med_dronare_pa_angen\"><\/span>Kan jag flyga med dr\u00f6nare p\u00e5 \u00e4ngen?<span class=\"ez-toc-section-end\"><\/span><\/h3>\n<div class=\"rank-math-answer \">\n\n<p>Absolut inte. I hela omr\u00e5det f\u00f6r den skyddade parken runt massivet Sciliar g\u00e4ller ett absolut och strikt f\u00f6rbud mot anv\u00e4ndning av dr\u00f6nare och b\u00f6terna uppg\u00e5r faktiskt till enorma belopp som kan n\u00e5 upp till 3000 EUR. L\u00e4mna hellre dr\u00f6naren hemma och njut av utsikten med egna \u00f6gon.<\/p>\n\n<\/div>\n<\/div>\n<\/div>\n<\/div>","protected":false},"excerpt":{"rendered":"<p>Seiser Alm i Italien (Alpe di Siusi) \u00e4r Europas st\u00f6rsta h\u00f6gfj\u00e4lls\u00e4ng och v\u00e5r favoritdestination f\u00f6r familjen i Dolomiterna. En guide med 12 tips \u2013 linbanor, platta stigar och barnvagnsv\u00e4nligt: se upp med bilf\u00f6rbudet 09\u201317!<\/p>\n","protected":false},"author":3,"featured_media":173524,"comment_status":"open","ping_status":"open","sticky":false,"template":"","format":"standard","meta":{"_acf_changed":false,"footnotes":"","rank_math_title":"Seiser Alm Italien: 12 tips i Dolomiterna","rank_math_description":"Seiser Alm Italien (Alpe di Siusi) \u00e4r Europas st\u00f6rsta fj\u00e4lls\u00e4ng. Uppt\u00e4ck 12 tips p\u00e5 vad du kan se och g\u00f6ra \u2013 linbanor, vandringar och mat. L\u00e4s guiden nu!","rank_math_focus_keyword":"seiser alm italien","rank_math_seo_score":""},"categories":[1178,1193,1162,1171],"tags":[],"class_list":["post-201896","post","type-post","status-publish","format-standard","has-post-thumbnail","category-europa","category-italien","category-resor","category-road-trips-resrutter"],"acf":[],"featured_image_src":"https:\/\/loudavymkrokem.cz\/wp-content\/uploads\/2026\/05\/alpe-di-siusi-deti-jonasek-louka.jpg","author_info":{"display_name":"Lucie Kone\u010dn\u00e1","author_link":"https:\/\/loudavymkrokem.cz\/sv\/author\/lucie-konecna\/"},"_links":{"self":[{"href":"https:\/\/loudavymkrokem.cz\/sv\/wp-json\/wp\/v2\/posts\/201896","targetHints":{"allow":["GET"]}}],"collection":[{"href":"https:\/\/loudavymkrokem.cz\/sv\/wp-json\/wp\/v2\/posts"}],"about":[{"href":"https:\/\/loudavymkrokem.cz\/sv\/wp-json\/wp\/v2\/types\/post"}],"author":[{"embeddable":true,"href":"https:\/\/loudavymkrokem.cz\/sv\/wp-json\/wp\/v2\/users\/3"}],"replies":[{"embeddable":true,"href":"https:\/\/loudavymkrokem.cz\/sv\/wp-json\/wp\/v2\/comments?post=201896"}],"version-history":[{"count":0,"href":"https:\/\/loudavymkrokem.cz\/sv\/wp-json\/wp\/v2\/posts\/201896\/revisions"}],"wp:featuredmedia":[{"embeddable":true,"href":"https:\/\/loudavymkrokem.cz\/sv\/wp-json\/wp\/v2\/media\/173524"}],"wp:attachment":[{"href":"https:\/\/loudavymkrokem.cz\/sv\/wp-json\/wp\/v2\/media?parent=201896"}],"wp:term":[{"taxonomy":"category","embeddable":true,"href":"https:\/\/loudavymkrokem.cz\/sv\/wp-json\/wp\/v2\/categories?post=201896"},{"taxonomy":"post_tag","embeddable":true,"href":"https:\/\/loudavymkrokem.cz\/sv\/wp-json\/wp\/v2\/tags?post=201896"}],"curies":[{"name":"wp","href":"https:\/\/api.w.org\/{rel}","templated":true}]}}