{"id":151272,"date":"2026-03-25T09:49:13","date_gmt":"2026-03-25T08:49:13","guid":{"rendered":"https:\/\/loudavymkrokem.cz\/?p=151272"},"modified":"2026-04-30T11:09:04","modified_gmt":"2026-04-30T09:09:04","slug":"pragborgen-guide-prag-tjeckien","status":"publish","type":"post","link":"https:\/\/loudavymkrokem.cz\/sv\/pragborgen-guide-prag-tjeckien\/","title":{"rendered":"Pragborgen: Vad du ska se, priser och hur du undviker folkmassorna"},"content":{"rendered":"<p>N\u00e4r jag som sjutton\u00e5ring b\u00f6rjade p\u00e5 gymnasiet i Mal\u00e1 Strana hade jag ingen aning om att Prag skulle ge mig s\u00e5 mycket mer \u00e4n bara en studentexamen. Varje dag klev jag av sp\u00e5rvagnen, passerade Hrad\u010dany-torget och tittade upp mot Vituskatedralen som reste sig \u00f6ver hustaken. D\u00e5 k\u00e4ndes det helt normalt \u2014 bara v\u00e4gen till skolan. <strong>Idag, m\u00e5nga \u00e5r senare, inser jag vilken f\u00f6rm\u00e5n det var att kunna promenera runt p\u00e5 Pragborgen i Prag, Tjeckien, ist\u00e4llet f\u00f6r att sitta inst\u00e4ngd i ett klassrum.<\/strong> \ud83d\ude05<\/p>\n<p>Dessutom finns det ytterligare en anledning till att borgen inte bara \u00e4r en turistattraktion f\u00f6r mig. Det var n\u00e4mligen till Pragborgen som min allra f\u00f6rsta dejt med Luk\u00e1\u0161 gick. <strong>Vi promenerade genom tr\u00e4dg\u00e5rdarna, beundrade Prag b\u00e5de underifr\u00e5n och ovanifr\u00e5n, och jag t\u00e4nkte att den h\u00e4r staden verkligen \u00e4r magisk. Sedan dess \u00e5terv\u00e4nder vi regelbundet till borgen \u2014 och varje g\u00e5ng uppt\u00e4cker vi n\u00e5got nytt.<\/strong><\/p>\n<p>I den h\u00e4r artikeln hittar du en komplett guide till Pragborgen \u2014 fr\u00e5n entr\u00e9avgifter och \u00f6ppettider, via tips om prag sev\u00e4rdheter och vad som \u00e4r gratis, till dolda p\u00e4rlor som Nov\u00fd Sv\u011bt som de flesta turister missar helt. Jag ber\u00e4ttar n\u00e4r du ska komma f\u00f6r att undvika folkmassorna, var du \u00e4ter utan att hamna i turistf\u00e4llor och hur du njuter av borgen \u00e4ven om du bara har tv\u00e5 timmar. Och eftersom jag tillbringade flera \u00e5r h\u00e4r som student och fortfarande kommer tillbaka regelbundet, f\u00e5r du tips fr\u00e5n en lokalbo \u2014 inte fr\u00e5n en resebroschyr.<\/p>\n<figure class=\"wp-block-image size-full\"><img loading=\"lazy\" decoding=\"async\" width=\"1200\" height=\"800\" src=\"https:\/\/loudavymkrokem.cz\/wp-content\/uploads\/2023\/07\/prazsky-hrad-4182.jpg\" alt=\"Pragborgen i Prag, Tjeckien\" class=\"wp-image-151119\" title=\"\" srcset=\"https:\/\/loudavymkrokem.cz\/wp-content\/uploads\/2023\/07\/prazsky-hrad-4182.jpg 1200w, https:\/\/loudavymkrokem.cz\/wp-content\/uploads\/2023\/07\/prazsky-hrad-4182-300x200.jpg 300w, https:\/\/loudavymkrokem.cz\/wp-content\/uploads\/2023\/07\/prazsky-hrad-4182-700x467.jpg 700w, https:\/\/loudavymkrokem.cz\/wp-content\/uploads\/2023\/07\/prazsky-hrad-4182-768x512.jpg 768w, https:\/\/loudavymkrokem.cz\/wp-content\/uploads\/2023\/07\/prazsky-hrad-4182-696x464.jpg 696w\" sizes=\"auto, (max-width: 1200px) 100vw, 1200px\"><\/figure>\n<div id=\"ez-toc-container\" class=\"ez-toc-v2_0_82_2 ez-toc-wrap-left counter-hierarchy ez-toc-counter ez-toc-grey ez-toc-container-direction\">\n<div class=\"ez-toc-title-container\">\n<p class=\"ez-toc-title\" style=\"cursor:inherit\">Obsah \u010dl\u00e1nku<\/p>\n<span class=\"ez-toc-title-toggle\"><a href=\"#\" class=\"ez-toc-pull-right ez-toc-btn ez-toc-btn-xs ez-toc-btn-default ez-toc-toggle\" aria-label=\"Toggle Table of Content\"><span class=\"ez-toc-js-icon-con\"><span class=\"\"><span class=\"eztoc-hide\" style=\"display:none;\">Toggle<\/span><span class=\"ez-toc-icon-toggle-span\"><svg style=\"fill: #999;color:#999\" xmlns=\"http:\/\/www.w3.org\/2000\/svg\" class=\"list-377408\" width=\"20px\" height=\"20px\" viewBox=\"0 0 24 24\" fill=\"none\"><path d=\"M6 6H4v2h2V6zm14 0H8v2h12V6zM4 11h2v2H4v-2zm16 0H8v2h12v-2zM4 16h2v2H4v-2zm16 0H8v2h12v-2z\" fill=\"currentColor\"><\/path><\/svg><svg style=\"fill: #999;color:#999\" class=\"arrow-unsorted-368013\" xmlns=\"http:\/\/www.w3.org\/2000\/svg\" width=\"10px\" height=\"10px\" viewBox=\"0 0 24 24\" version=\"1.2\" baseProfile=\"tiny\"><path d=\"M18.2 9.3l-6.2-6.3-6.2 6.3c-.2.2-.3.4-.3.7s.1.5.3.7c.2.2.4.3.7.3h11c.3 0 .5-.1.7-.3.2-.2.3-.5.3-.7s-.1-.5-.3-.7zM5.8 14.7l6.2 6.3 6.2-6.3c.2-.2.3-.5.3-.7s-.1-.5-.3-.7c-.2-.2-.4-.3-.7-.3h-11c-.3 0-.5.1-.7.3-.2.2-.3.5-.3.7s.1.5.3.7z\"\/><\/svg><\/span><\/span><\/span><\/a><\/span><\/div>\n<nav><ul class='ez-toc-list ez-toc-list-level-1 ' ><ul class='ez-toc-list-level-3' ><li class='ez-toc-heading-level-3'><a class=\"ez-toc-link ez-toc-heading-1\" href=\"https:\/\/loudavymkrokem.cz\/sv\/pragborgen-guide-prag-tjeckien\/#Sammanfattning\" >Sammanfattning<\/a><\/li><\/ul><\/li><li class='ez-toc-page-1 ez-toc-heading-level-2'><a class=\"ez-toc-link ez-toc-heading-2\" href=\"https:\/\/loudavymkrokem.cz\/sv\/pragborgen-guide-prag-tjeckien\/#Nar_ska_du_besoka_Pragborgen_och_hur_du_undviker_folkmassorna\" >N\u00e4r ska du bes\u00f6ka Pragborgen och hur du undviker folkmassorna<\/a><ul class='ez-toc-list-level-3' ><li class='ez-toc-heading-level-3'><a class=\"ez-toc-link ez-toc-heading-3\" href=\"https:\/\/loudavymkrokem.cz\/sv\/pragborgen-guide-prag-tjeckien\/#Basta_tid_pa_dagen\" >B\u00e4sta tid p\u00e5 dagen<\/a><\/li><li class='ez-toc-page-1 ez-toc-heading-level-3'><a class=\"ez-toc-link ez-toc-heading-4\" href=\"https:\/\/loudavymkrokem.cz\/sv\/pragborgen-guide-prag-tjeckien\/#Basta_dag_i_veckan\" >B\u00e4sta dag i veckan<\/a><\/li><li class='ez-toc-page-1 ez-toc-heading-level-3'><a class=\"ez-toc-link ez-toc-heading-5\" href=\"https:\/\/loudavymkrokem.cz\/sv\/pragborgen-guide-prag-tjeckien\/#Sasongsskillnader\" >S\u00e4songsskillnader<\/a><\/li><\/ul><\/li><li class='ez-toc-page-1 ez-toc-heading-level-2'><a class=\"ez-toc-link ez-toc-heading-6\" href=\"https:\/\/loudavymkrokem.cz\/sv\/pragborgen-guide-prag-tjeckien\/#Vad_kostar_Pragborgen_%E2%80%94_entreavgifter_rundturer_och_vad_som_ar_gratis\" >Vad kostar Pragborgen \u2014 entr\u00e9avgifter, rundturer och vad som \u00e4r gratis<\/a><ul class='ez-toc-list-level-3' ><li class='ez-toc-heading-level-3'><a class=\"ez-toc-link ez-toc-heading-7\" href=\"https:\/\/loudavymkrokem.cz\/sv\/pragborgen-guide-prag-tjeckien\/#Rundturer_pa_Pragborgen\" >Rundturer p\u00e5 Pragborgen<\/a><\/li><li class='ez-toc-page-1 ez-toc-heading-level-3'><a class=\"ez-toc-link ez-toc-heading-8\" href=\"https:\/\/loudavymkrokem.cz\/sv\/pragborgen-guide-prag-tjeckien\/#Biljetterna_galler_i_2_dagar\" >Biljetterna g\u00e4ller i 2 dagar!<\/a><\/li><li class='ez-toc-page-1 ez-toc-heading-level-3'><a class=\"ez-toc-link ez-toc-heading-9\" href=\"https:\/\/loudavymkrokem.cz\/sv\/pragborgen-guide-prag-tjeckien\/#Vad_ar_gratis_pa_Pragborgen\" >Vad \u00e4r gratis p\u00e5 Pragborgen<\/a><\/li><li class='ez-toc-page-1 ez-toc-heading-level-3'><a class=\"ez-toc-link ez-toc-heading-10\" href=\"https:\/\/loudavymkrokem.cz\/sv\/pragborgen-guide-prag-tjeckien\/#Var_koper_du_biljetter\" >Var k\u00f6per du biljetter<\/a><\/li><\/ul><\/li><li class='ez-toc-page-1 ez-toc-heading-level-2'><a class=\"ez-toc-link ez-toc-heading-11\" href=\"https:\/\/loudavymkrokem.cz\/sv\/pragborgen-guide-prag-tjeckien\/#Hur_tar_du_dig_till_Pragborgen_%E2%80%94_5_satt\" >Hur tar du dig till Pragborgen \u2014 5 s\u00e4tt<\/a><ul class='ez-toc-list-level-3' ><li class='ez-toc-heading-level-3'><a class=\"ez-toc-link ez-toc-heading-12\" href=\"https:\/\/loudavymkrokem.cz\/sv\/pragborgen-guide-prag-tjeckien\/#1_Sparvagn_22_eller_23_%E2%80%94_bekvamaste_alternativet\" >1. Sp\u00e5rvagn 22 eller 23 \u2014 bekv\u00e4maste alternativet<\/a><\/li><li class='ez-toc-page-1 ez-toc-heading-level-3'><a class=\"ez-toc-link ez-toc-heading-13\" href=\"https:\/\/loudavymkrokem.cz\/sv\/pragborgen-guide-prag-tjeckien\/#2_Tunnelbana_A_till_Malostranska_promenad_uppfor\" >2. Tunnelbana A till Malostransk\u00e1 + promenad uppf\u00f6r<\/a><\/li><li class='ez-toc-page-1 ez-toc-heading-level-3'><a class=\"ez-toc-link ez-toc-heading-14\" href=\"https:\/\/loudavymkrokem.cz\/sv\/pragborgen-guide-prag-tjeckien\/#3_Rekommenderad_kombination_sparvagn_upp_promenad_ner\" >3. Rekommenderad kombination: sp\u00e5rvagn upp, promenad ner<\/a><\/li><li class='ez-toc-page-1 ez-toc-heading-level-3'><a class=\"ez-toc-link ez-toc-heading-15\" href=\"https:\/\/loudavymkrokem.cz\/sv\/pragborgen-guide-prag-tjeckien\/#4_Till_fots_over_Karlsbron_och_Mala_Strana\" >4. Till fots \u00f6ver Karlsbron och Mal\u00e1 Strana<\/a><\/li><li class='ez-toc-page-1 ez-toc-heading-level-3'><a class=\"ez-toc-link ez-toc-heading-16\" href=\"https:\/\/loudavymkrokem.cz\/sv\/pragborgen-guide-prag-tjeckien\/#5_Med_bil_hellre_inte\" >5. Med bil (hellre inte)<\/a><\/li><\/ul><\/li><li class='ez-toc-page-1 ez-toc-heading-level-2'><a class=\"ez-toc-link ez-toc-heading-17\" href=\"https:\/\/loudavymkrokem.cz\/sv\/pragborgen-guide-prag-tjeckien\/#Vad_du_ska_se_pa_Pragborgen_%E2%80%94_komplett_guide\" >Vad du ska se p\u00e5 Pragborgen \u2014 komplett guide<\/a><ul class='ez-toc-list-level-3' ><li class='ez-toc-heading-level-3'><a class=\"ez-toc-link ez-toc-heading-18\" href=\"https:\/\/loudavymkrokem.cz\/sv\/pragborgen-guide-prag-tjeckien\/#1_Vituskatedralen_%E2%80%94_borgens_hjarta\" >1. Vituskatedralen \u2014 borgens hj\u00e4rta<\/a><\/li><li class='ez-toc-page-1 ez-toc-heading-level-3'><a class=\"ez-toc-link ez-toc-heading-19\" href=\"https:\/\/loudavymkrokem.cz\/sv\/pragborgen-guide-prag-tjeckien\/#2_Gamla_kungapalatset_%E2%80%94_defenestrationen_och_Vladislav-salen\" >2. Gamla kungapalatset \u2014 defenestrationen och Vladislav-salen<\/a><\/li><li class='ez-toc-page-1 ez-toc-heading-level-3'><a class=\"ez-toc-link ez-toc-heading-20\" href=\"https:\/\/loudavymkrokem.cz\/sv\/pragborgen-guide-prag-tjeckien\/#3_Sankt_Georgs_basilika_%E2%80%94_den_aldsta_kyrkan_pa_borgen\" >3. Sankt Georgs basilika \u2014 den \u00e4ldsta kyrkan p\u00e5 borgen<\/a><\/li><li class='ez-toc-page-1 ez-toc-heading-level-3'><a class=\"ez-toc-link ez-toc-heading-21\" href=\"https:\/\/loudavymkrokem.cz\/sv\/pragborgen-guide-prag-tjeckien\/#4_Gyllene_granden_%E2%80%94_Kafkas_hus_nr_22\" >4. Gyllene gr\u00e4nden \u2014 Kafkas hus nr 22<\/a><\/li><li class='ez-toc-page-1 ez-toc-heading-level-3'><a class=\"ez-toc-link ez-toc-heading-22\" href=\"https:\/\/loudavymkrokem.cz\/sv\/pragborgen-guide-prag-tjeckien\/#5_Lobkowicz-palatset_%E2%80%94_en_dold_parla_som_de_flesta_turister_missar\" >5. Lobkowicz-palatset \u2014 en dold p\u00e4rla som de flesta turister missar<\/a><\/li><li class='ez-toc-page-1 ez-toc-heading-level-3'><a class=\"ez-toc-link ez-toc-heading-23\" href=\"https:\/\/loudavymkrokem.cz\/sv\/pragborgen-guide-prag-tjeckien\/#6_Vaktavlosningen_%E2%80%94_ar_det_vart_det\" >6. Vaktavl\u00f6sningen \u2014 \u00e4r det v\u00e4rt det?<\/a><\/li><\/ul><\/li><li class='ez-toc-page-1 ez-toc-heading-level-2'><a class=\"ez-toc-link ez-toc-heading-24\" href=\"https:\/\/loudavymkrokem.cz\/sv\/pragborgen-guide-prag-tjeckien\/#Pragborgens_tradgardar_%E2%80%94_den_vackraste_delen_som_turister_forbiser\" >Pragborgens tr\u00e4dg\u00e5rdar \u2014 den vackraste delen som turister f\u00f6rbiser<\/a><ul class='ez-toc-list-level-3' ><li class='ez-toc-heading-level-3'><a class=\"ez-toc-link ez-toc-heading-25\" href=\"https:\/\/loudavymkrokem.cz\/sv\/pragborgen-guide-prag-tjeckien\/#Kungliga_tradgarden_%E2%80%94_36_hektar_skonhet\" >Kungliga tr\u00e4dg\u00e5rden \u2014 3,6 hektar sk\u00f6nhet<\/a><\/li><li class='ez-toc-page-1 ez-toc-heading-level-3'><a class=\"ez-toc-link ez-toc-heading-26\" href=\"https:\/\/loudavymkrokem.cz\/sv\/pragborgen-guide-prag-tjeckien\/#Sodra_tradgardarna_%E2%80%94_Plecniks_design_och_utsikt_over_Prag\" >S\u00f6dra tr\u00e4dg\u00e5rdarna \u2014 Ple\u010dniks design och utsikt \u00f6ver Prag<\/a><\/li><li class='ez-toc-page-1 ez-toc-heading-level-3'><a class=\"ez-toc-link ez-toc-heading-27\" href=\"https:\/\/loudavymkrokem.cz\/sv\/pragborgen-guide-prag-tjeckien\/#Hjortdiket_%E2%80%94_en_lugn_oas_som_nastan_ingen_kanner_till\" >Hjortdiket \u2014 en lugn oas som n\u00e4stan ingen k\u00e4nner till<\/a><\/li><\/ul><\/li><li class='ez-toc-page-1 ez-toc-heading-level-2'><a class=\"ez-toc-link ez-toc-heading-28\" href=\"https:\/\/loudavymkrokem.cz\/sv\/pragborgen-guide-prag-tjeckien\/#Dolda_parlor_vid_Pragborgen_%E2%80%94_dit_turister_inte_gar\" >Dolda p\u00e4rlor vid Pragborgen \u2014 dit turister inte g\u00e5r<\/a><ul class='ez-toc-list-level-3' ><li class='ez-toc-heading-level-3'><a class=\"ez-toc-link ez-toc-heading-29\" href=\"https:\/\/loudavymkrokem.cz\/sv\/pragborgen-guide-prag-tjeckien\/#Novy_Svet_%E2%80%94_en_romantisk_grand_dar_tiden_stod_stilla\" >Nov\u00fd Sv\u011bt \u2014 en romantisk gr\u00e4nd d\u00e4r tiden stod stilla<\/a><\/li><li class='ez-toc-page-1 ez-toc-heading-level-3'><a class=\"ez-toc-link ez-toc-heading-30\" href=\"https:\/\/loudavymkrokem.cz\/sv\/pragborgen-guide-prag-tjeckien\/#Strahov_%E2%80%94_bibliotek_bryggeri_och_utsikter\" >Strahov \u2014 bibliotek, bryggeri och utsikter<\/a><\/li><li class='ez-toc-page-1 ez-toc-heading-level-3'><a class=\"ez-toc-link ez-toc-heading-31\" href=\"https:\/\/loudavymkrokem.cz\/sv\/pragborgen-guide-prag-tjeckien\/#Fotogena_platser_%E2%80%94_var_du_ska_fota\" >Fotogena platser \u2014 var du ska fota<\/a><\/li><\/ul><\/li><li class='ez-toc-page-1 ez-toc-heading-level-2'><a class=\"ez-toc-link ez-toc-heading-32\" href=\"https:\/\/loudavymkrokem.cz\/sv\/pragborgen-guide-prag-tjeckien\/#Var_du_ater_vid_Pragborgen_%E2%80%94_utan_turistfallor\" >Var du \u00e4ter vid Pragborgen \u2014 utan turistf\u00e4llor<\/a><ul class='ez-toc-list-level-3' ><li class='ez-toc-heading-level-3'><a class=\"ez-toc-link ez-toc-heading-33\" href=\"https:\/\/loudavymkrokem.cz\/sv\/pragborgen-guide-prag-tjeckien\/#Kuchyn_Ambiente_%E2%80%94_tjeckiskt_kok_med_utsikt\" >Kuchy\u0148 (Ambiente) \u2014 tjeckiskt k\u00f6k med utsikt<\/a><\/li><li class='ez-toc-page-1 ez-toc-heading-level-3'><a class=\"ez-toc-link ez-toc-heading-34\" href=\"https:\/\/loudavymkrokem.cz\/sv\/pragborgen-guide-prag-tjeckien\/#Vikarka_%E2%80%94_historisk_restaurang_sedan_1347\" >Vik\u00e1rka \u2014 historisk restaurang sedan 1347<\/a><\/li><li class='ez-toc-page-1 ez-toc-heading-level-3'><a class=\"ez-toc-link ez-toc-heading-35\" href=\"https:\/\/loudavymkrokem.cz\/sv\/pragborgen-guide-prag-tjeckien\/#Cafe_Melvin_Bistro_%E2%80%94_vid_Gyllene_granden\" >Caf\u00e9 Melvin Bistro \u2014 vid Gyllene gr\u00e4nden<\/a><\/li><li class='ez-toc-page-1 ez-toc-heading-level-3'><a class=\"ez-toc-link ez-toc-heading-36\" href=\"https:\/\/loudavymkrokem.cz\/sv\/pragborgen-guide-prag-tjeckien\/#Kavarna_Novy_Svet_%E2%80%94_lugnt_och_prisvart\" >Kav\u00e1rna Nov\u00fd Sv\u011bt \u2014 lugnt och prisv\u00e4rt<\/a><\/li><li class='ez-toc-page-1 ez-toc-heading-level-3'><a class=\"ez-toc-link ez-toc-heading-37\" href=\"https:\/\/loudavymkrokem.cz\/sv\/pragborgen-guide-prag-tjeckien\/#Strahov-klosterbryggeriet_%E2%80%94_eget_ol_men_boka\" >Strahov-klosterbryggeriet \u2014 eget \u00f6l, men boka!<\/a><\/li><li class='ez-toc-page-1 ez-toc-heading-level-3'><a class=\"ez-toc-link ez-toc-heading-38\" href=\"https:\/\/loudavymkrokem.cz\/sv\/pragborgen-guide-prag-tjeckien\/#IPPA_Cafe\" >IPPA Caf\u00e9<\/a><\/li><\/ul><\/li><li class='ez-toc-page-1 ez-toc-heading-level-2'><a class=\"ez-toc-link ez-toc-heading-39\" href=\"https:\/\/loudavymkrokem.cz\/sv\/pragborgen-guide-prag-tjeckien\/#3_rutter_beroende_pa_hur_mycket_tid_du_har\" >3 rutter beroende p\u00e5 hur mycket tid du har<\/a><ul class='ez-toc-list-level-3' ><li class='ez-toc-heading-level-3'><a class=\"ez-toc-link ez-toc-heading-40\" href=\"https:\/\/loudavymkrokem.cz\/sv\/pragborgen-guide-prag-tjeckien\/#Pa_2_timmar_%E2%80%94_snabb_rundtur_nar_tiden_ar_knapp\" >P\u00e5 2 timmar \u2014 snabb rundtur n\u00e4r tiden \u00e4r knapp<\/a><\/li><li class='ez-toc-page-1 ez-toc-heading-level-3'><a class=\"ez-toc-link ez-toc-heading-41\" href=\"https:\/\/loudavymkrokem.cz\/sv\/pragborgen-guide-prag-tjeckien\/#Pa_en_halv_dag_%E2%80%94_rekommenderad_rutt_for_de_flesta_besokare\" >P\u00e5 en halv dag \u2014 rekommenderad rutt f\u00f6r de flesta bes\u00f6kare<\/a><\/li><li class='ez-toc-page-1 ez-toc-heading-level-3'><a class=\"ez-toc-link ez-toc-heading-42\" href=\"https:\/\/loudavymkrokem.cz\/sv\/pragborgen-guide-prag-tjeckien\/#Pa_en_hel_dag_%E2%80%94_for_historiealskare_och_slow_travel\" >P\u00e5 en hel dag \u2014 f\u00f6r historie\u00e4lskare och slow travel<\/a><\/li><\/ul><\/li><li class='ez-toc-page-1 ez-toc-heading-level-2'><a class=\"ez-toc-link ez-toc-heading-43\" href=\"https:\/\/loudavymkrokem.cz\/sv\/pragborgen-guide-prag-tjeckien\/#Shakespearefestivalen_och_andra_evenemang_pa_borgen\" >Shakespearefestivalen och andra evenemang p\u00e5 borgen<\/a><ul class='ez-toc-list-level-3' ><li class='ez-toc-heading-level-3'><a class=\"ez-toc-link ez-toc-heading-44\" href=\"https:\/\/loudavymkrokem.cz\/sv\/pragborgen-guide-prag-tjeckien\/#Shakespearefestivalen_%E2%80%94_utomhusteater\" >Shakespearefestivalen \u2014 utomhusteater<\/a><\/li><li class='ez-toc-page-1 ez-toc-heading-level-3'><a class=\"ez-toc-link ez-toc-heading-45\" href=\"https:\/\/loudavymkrokem.cz\/sv\/pragborgen-guide-prag-tjeckien\/#Ovriga_evenemang_pa_borgen\" >\u00d6vriga evenemang p\u00e5 borgen<\/a><\/li><\/ul><\/li><li class='ez-toc-page-1 ez-toc-heading-level-2'><a class=\"ez-toc-link ez-toc-heading-46\" href=\"https:\/\/loudavymkrokem.cz\/sv\/pragborgen-guide-prag-tjeckien\/#Pragborgen_%E2%80%94_kuriosa_du_inte_hittar_nagon_annanstans\" >Pragborgen \u2014 kuriosa du inte hittar n\u00e5gon annanstans<\/a><\/li><li class='ez-toc-page-1 ez-toc-heading-level-2'><a class=\"ez-toc-link ez-toc-heading-47\" href=\"https:\/\/loudavymkrokem.cz\/sv\/pragborgen-guide-prag-tjeckien\/#Vanliga_fragor_om_Pragborgen_FAQ\" >Vanliga fr\u00e5gor om Pragborgen (FAQ)<\/a><\/li><\/ul><\/nav><\/div>\n<h3 class=\"wp-block-heading\"><span class=\"ez-toc-section\" id=\"Sammanfattning\"><\/span><span class=\"ez-toc-section\" id=\"Sammanfattning\"><\/span>Sammanfattning<span class=\"ez-toc-section-end\"><\/span><span class=\"ez-toc-section-end\"><\/span><\/h3>\n<ul class=\"wp-block-list\">\n<li><strong>Pragborgen \u00e4r v\u00e4rldens st\u00f6rsta antika borgkomplex<\/strong> \u2014 \u00f6ver 70 000 m\u00b2, s\u00e5 r\u00e4kna med minst en halv dag f\u00f6r ett ordentligt bes\u00f6k.<\/li>\n<li><strong>Intr\u00e4de till omr\u00e5det \u00e4r helt gratis.<\/strong> Du betalar bara f\u00f6r interi\u00f6rerna (rundtur B fr\u00e5n ca 10 \u20ac, rundtur A fr\u00e5n ca 14 \u20ac). Biljetterna g\u00e4ller i 2 dagar.<\/li>\n<li><strong>Gyllene gr\u00e4nden \u00e4r gratis efter kl. 17:00 p\u00e5 sommaren och efter kl. 16:00 p\u00e5 vintern<\/strong> \u2014 ett av de b\u00e4sta tipsen f\u00f6r att spara pengar.<\/li>\n<li><strong>Tr\u00e4dg\u00e5rdarna \u00e4r gratis och underbara<\/strong> \u2014 Kungliga tr\u00e4dg\u00e5rden, S\u00f6dra tr\u00e4dg\u00e5rdarna och Hjortdiket. \u00d6ppna ca mars till mitten av november.<\/li>\n<li><strong>Du undviker folkmassor genom att komma f\u00f6re kl. 9:00 eller efter kl. 18:00.<\/strong> Lugnaste dagarna \u00e4r tisdag och onsdag. V\u00e4rst \u00e4r fredag till s\u00f6ndag, s\u00e4rskilt i juli och augusti mellan 10:00\u201314:00.<\/li>\n<li><strong>Sp\u00e5rvagn 22\/23 uppf\u00f6r, promenad nedf\u00f6r genom Mal\u00e1 Strana<\/strong> \u2014 den b\u00e4sta strategin f\u00f6r att njuta av v\u00e4gen utan att beh\u00f6va bestiga backen.<\/li>\n<li><strong>Nov\u00fd Sv\u011bt<\/strong> \u00e4r en romantisk gr\u00e4nd alldeles n\u00e4ra borgen dit turister n\u00e4stan aldrig hittar. Ist\u00e4llet f\u00f6r tr\u00e4ngseln p\u00e5 Gyllene gr\u00e4nden \u2014 prova det h\u00e4r.<\/li>\n<li><strong>Lobkowicz-palatset<\/strong> \u00e4r en dold p\u00e4rla med Canaletto, Bruegel och Beethovens manuskript \u2014 plus en terrass med utsikt \u00f6ver Prag.<\/li>\n<li><strong>F\u00f6r mat, boka restaurang Kuchy\u0148 (Ambiente)<\/strong> eller Strahov-klosterbryggeriet \u2014 men reservera i f\u00f6rv\u00e4g.<\/li>\n<li><strong>Shakespearefestivalen<\/strong> (slutet av juni \u2013 b\u00f6rjan av september) \u00e4r en magisk utomhusupplevelse mitt i borgomr\u00e5det.<\/li>\n<\/ul>\n<h2 class=\"wp-block-heading\"><span class=\"ez-toc-section\" id=\"Nar_ska_du_besoka_Pragborgen_och_hur_du_undviker_folkmassorna\"><\/span><span class=\"ez-toc-section\" id=\"Nar_ska_du_besoka_Pragborgen_och_hur_du_undviker_folkmassorna\"><\/span>N\u00e4r ska du bes\u00f6ka Pragborgen och hur du undviker folkmassorna<span class=\"ez-toc-section-end\"><\/span><span class=\"ez-toc-section-end\"><\/span><\/h2>\n<figure class=\"wp-block-image size-full\"><img loading=\"lazy\" decoding=\"async\" width=\"1200\" height=\"800\" src=\"https:\/\/loudavymkrokem.cz\/wp-content\/uploads\/2023\/07\/prazsky-hrad-4173.jpg\" alt=\"Utsikt fr\u00e5n Pragborgen\" class=\"wp-image-151121\" title=\"\" srcset=\"https:\/\/loudavymkrokem.cz\/wp-content\/uploads\/2023\/07\/prazsky-hrad-4173.jpg 1200w, https:\/\/loudavymkrokem.cz\/wp-content\/uploads\/2023\/07\/prazsky-hrad-4173-300x200.jpg 300w, https:\/\/loudavymkrokem.cz\/wp-content\/uploads\/2023\/07\/prazsky-hrad-4173-700x467.jpg 700w, https:\/\/loudavymkrokem.cz\/wp-content\/uploads\/2023\/07\/prazsky-hrad-4173-768x512.jpg 768w, https:\/\/loudavymkrokem.cz\/wp-content\/uploads\/2023\/07\/prazsky-hrad-4173-696x464.jpg 696w\" sizes=\"auto, (max-width: 1200px) 100vw, 1200px\"><\/figure>\n<p>Det h\u00e4r \u00e4r f\u00f6rmodligen den viktigaste delen av hela artikeln, f\u00f6r d\u00e5lig timing kan totalt f\u00f6rst\u00f6ra upplevelsen av Pragborgen. Turistmassorna under h\u00f6gs\u00e4song \u00e4r verkligen extrema \u2014 och sedan l\u00e4ser man recensioner p\u00e5 TripAdvisor i stil med &#8221;besvikelse, k\u00f6er \u00f6verallt, inget speciellt&#8221;, fast det enda felet var att de kom vid allra s\u00e4msta tidpunkt. S\u00e5 l\u00e5t oss g\u00e5 igenom n\u00e4r du b\u00f6r bes\u00f6ka borgen f\u00f6r att verkligen kunna njuta av den.<\/p>\n<h3 class=\"wp-block-heading\"><span class=\"ez-toc-section\" id=\"Basta_tid_pa_dagen\"><\/span><span class=\"ez-toc-section\" id=\"Basta_tid_pa_dagen\"><\/span>B\u00e4sta tid p\u00e5 dagen<span class=\"ez-toc-section-end\"><\/span><span class=\"ez-toc-section-end\"><\/span><\/h3>\n<p>Gyllene regeln: <strong>kom f\u00f6re kl. 9:00 eller efter kl. 18:00.<\/strong> Borgomr\u00e5det \u00e4r \u00f6ppet fr\u00e5n 6:00 till 22:00 \u00e5ret runt och gratis \u2014 s\u00e5 vid dessa tider kan du promenera genom g\u00e5rdarna, tr\u00e4dg\u00e5rdarna och njuta av utsikterna n\u00e4stan helt f\u00f6r dig sj\u00e4lv. Byggnaderna med betald entr\u00e9 (katedralen, Gamla kungapalatset, Gyllene gr\u00e4nden) \u00f6ppnar kl. 9:00 och st\u00e4nger kl. 17:00 p\u00e5 sommaren (april\u2013oktober) respektive kl. 16:00 p\u00e5 vintern (november\u2013mars). Just runt niotiden b\u00f6rjar k\u00f6erna bildas.<\/p>\n<p>Om du vill in i byggnaderna b\u00f6r du vara vid biljettluckan p\u00e5 andra borgg\u00e5rden n\u00e5gra minuter f\u00f6re nio. D\u00e5 \u00e4r du bland de f\u00f6rsta och slipper k\u00f6erna som bildas runt kl. 10. <strong>Allra v\u00e4rst \u00e4r tidsf\u00f6nstret mellan 10:00 och 14:00<\/strong> \u2014 d\u00e5 \u00e4r det p\u00e5 borgen ungef\u00e4r som i Stockholms tunnelbana under rusningstid.<\/p>\n<p>Ett kv\u00e4llsbes\u00f6k har sin helt egna charm. Byggnaderna \u00e4r visserligen st\u00e4ngda, men omr\u00e5det badar i kv\u00e4llsljus och atmosf\u00e4ren \u00e4r magisk. Luk\u00e1\u0161 och jag \u00e4lskar att promenera hit just vid den h\u00e4r tiden \u2014 p\u00e5 borgg\u00e5rdarna m\u00f6ter du mest lokalbor och enstaka romantiska turister. \u263a\ufe0f<\/p>\n<figure class=\"wp-block-image size-full\"><img loading=\"lazy\" decoding=\"async\" width=\"1200\" height=\"800\" src=\"https:\/\/loudavymkrokem.cz\/wp-content\/uploads\/2023\/07\/prazsky-hrad-4181.jpg\" alt=\"Pragborgen p\u00e5 kv\u00e4llen\" class=\"wp-image-151118\" title=\"\" srcset=\"https:\/\/loudavymkrokem.cz\/wp-content\/uploads\/2023\/07\/prazsky-hrad-4181.jpg 1200w, https:\/\/loudavymkrokem.cz\/wp-content\/uploads\/2023\/07\/prazsky-hrad-4181-300x200.jpg 300w, https:\/\/loudavymkrokem.cz\/wp-content\/uploads\/2023\/07\/prazsky-hrad-4181-700x467.jpg 700w, https:\/\/loudavymkrokem.cz\/wp-content\/uploads\/2023\/07\/prazsky-hrad-4181-768x512.jpg 768w, https:\/\/loudavymkrokem.cz\/wp-content\/uploads\/2023\/07\/prazsky-hrad-4181-696x464.jpg 696w\" sizes=\"auto, (max-width: 1200px) 100vw, 1200px\"><\/figure>\n<h3 class=\"wp-block-heading\"><span class=\"ez-toc-section\" id=\"Basta_dag_i_veckan\"><\/span><span class=\"ez-toc-section\" id=\"Basta_dag_i_veckan\"><\/span>B\u00e4sta dag i veckan<span class=\"ez-toc-section-end\"><\/span><span class=\"ez-toc-section-end\"><\/span><\/h3>\n<p><strong>Tisdag och onsdag<\/strong> \u00e4r utan tvekan de lugnaste dagarna. M\u00e5ndag \u00e4r \u00f6verraskande livligt, eftersom m\u00e5nga som haft helgutflykt t\u00e4nker &#8221;vi hinner borgen p\u00e5 m\u00e5ndag ocks\u00e5&#8221;. Fredag till s\u00f6ndag \u00e4r kaos, speciellt fr\u00e5n v\u00e5r till h\u00f6st.<\/p>\n<h3 class=\"wp-block-heading\"><span class=\"ez-toc-section\" id=\"Sasongsskillnader\"><\/span><span class=\"ez-toc-section\" id=\"Sasongsskillnader\"><\/span>S\u00e4songsskillnader<span class=\"ez-toc-section-end\"><\/span><span class=\"ez-toc-section-end\"><\/span><\/h3>\n<p><strong>Juli och augusti<\/strong> \u2014 v\u00e4rsta m\u00e5naderna vad g\u00e4ller folkmassor. Undvik dem om du kan.<\/p>\n<p><strong>Maj, juni, september<\/strong> \u2014 h\u00e4rligt v\u00e4der, tr\u00e4dg\u00e5rdarna blommar, men det \u00e4r fortfarande mycket folk. Taktiken med tidigt morgonbes\u00f6k \/ sent eftermiddagsbes\u00f6k fungerar bra.<\/p>\n<p><strong>Oktober och november<\/strong> \u2014 min favorittid. H\u00f6stf\u00e4rger i tr\u00e4dg\u00e5rdarna, f\u00e4rre m\u00e4nniskor, och om v\u00e4dret \u00e4r med dig \u00e4r det fantastiskt.<\/p>\n<p><strong>December till februari<\/strong> \u2014 minst turister (bortsett fr\u00e5n jul och ny\u00e5r). Tr\u00e4dg\u00e5rdarna \u00e4r dock st\u00e4ngda (ca 13 november till slutet av februari), s\u00e5 du missar en av de finaste delarna. \u00c5 andra sidan \u2014 en sn\u00f6t\u00e4ckt borg har en atmosf\u00e4r du inte hittar n\u00e5gon annanstans.<\/p>\n<p>\ud83d\udca1 <strong>TIPS:<\/strong> Om du reser p\u00e5 sommaren och vill se Gyllene gr\u00e4nden utan att betala och utan folkmassor, kom efter kl. 17:00 \u2014 intr\u00e4det \u00e4r gratis och de flesta organiserade grupperna har redan l\u00e4mnat.<\/p>\n<figure class=\"wp-block-image size-full\"><img loading=\"lazy\" decoding=\"async\" width=\"1200\" height=\"800\" src=\"https:\/\/loudavymkrokem.cz\/wp-content\/uploads\/2023\/07\/prazsky-hrad-4167.jpg\" alt=\"V\u00e4gen fr\u00e5n Pragborgen\" class=\"wp-image-151125\" title=\"\" srcset=\"https:\/\/loudavymkrokem.cz\/wp-content\/uploads\/2023\/07\/prazsky-hrad-4167.jpg 1200w, https:\/\/loudavymkrokem.cz\/wp-content\/uploads\/2023\/07\/prazsky-hrad-4167-300x200.jpg 300w, https:\/\/loudavymkrokem.cz\/wp-content\/uploads\/2023\/07\/prazsky-hrad-4167-700x467.jpg 700w, https:\/\/loudavymkrokem.cz\/wp-content\/uploads\/2023\/07\/prazsky-hrad-4167-768x512.jpg 768w, https:\/\/loudavymkrokem.cz\/wp-content\/uploads\/2023\/07\/prazsky-hrad-4167-696x464.jpg 696w\" sizes=\"auto, (max-width: 1200px) 100vw, 1200px\"><\/figure>\n<h2 class=\"wp-block-heading\"><span class=\"ez-toc-section\" id=\"Vad_kostar_Pragborgen_%E2%80%94_entreavgifter_rundturer_och_vad_som_ar_gratis\"><\/span><span class=\"ez-toc-section\" id=\"Vad_kostar_Pragborgen_entreaavgifter_rundturer_och_vad_som_ar_gratis\"><\/span>Vad kostar Pragborgen \u2014 entr\u00e9avgifter, rundturer och vad som \u00e4r gratis<span class=\"ez-toc-section-end\"><\/span><span class=\"ez-toc-section-end\"><\/span><\/h2>\n<p>Systemet med rundturer och biljetter p\u00e5 Pragborgen \u00e4r \u00e4rligt talat lite f\u00f6rvirrande \u2014 och jag \u00e4r inte ensam om att tycka det. P\u00e5 internet hittar du massor av frustrerade turister som inte f\u00f6rstod vad de egentligen betalade f\u00f6r. S\u00e5 h\u00e4r kommer en tydlig genomg\u00e5ng, s\u00e5 att du vet exakt vad du betalar f\u00f6r och vad du kan njuta av helt gratis.<\/p>\n<h3 class=\"wp-block-heading\"><span class=\"ez-toc-section\" id=\"Rundturer_pa_Pragborgen\"><\/span><span class=\"ez-toc-section\" id=\"Rundturer_pa_Pragborgen\"><\/span>Rundturer p\u00e5 Pragborgen<span class=\"ez-toc-section-end\"><\/span><span class=\"ez-toc-section-end\"><\/span><\/h3>\n<p>Borgen erbjuder tre huvudsakliga rundturer. Var och en inkluderar olika kombinationer av byggnader:<\/p>\n<p><strong>Rundtur A (stora rundturen) \u2014 ca 14 \u20ac<\/strong> (reducerat ca 7 \u20ac, familj ca 28 \u20ac)<\/p>\n<p>Inkluderar: Gamla kungapalatset, Sankt Georgs basilika, Gyllene gr\u00e4nden med Daliborka-tornet, Ro\u017emberk-palatset, utst\u00e4llningen Pragborgens historia och Vituskatedralen. Det h\u00e4r \u00e4r det mest helt\u00e4ckande alternativet \u2014 om du har tid och vill se allt, k\u00f6r p\u00e5 det.<\/p>\n<p><strong>Rundtur B (lilla rundturen) \u2014 ca 10 \u20ac<\/strong> (reducerat ca 5 \u20ac, familj ca 20 \u20ac)<\/p>\n<p>Inkluderar: Gamla kungapalatset, Sankt Georgs basilika, Gyllene gr\u00e4nden med Daliborka-tornet och Vituskatedralen. Utst\u00e4llningen Pragborgens historia ing\u00e5r inte. F\u00f6r de flesta bes\u00f6kare r\u00e4cker det h\u00e4r alternativet gott och v\u00e4l, och du sparar en slant.<\/p>\n<p><strong>Rundtur C \u2014 ca 14 \u20ac<\/strong> (reducerat ca 7 \u20ac, familj ca 28 \u20ac)<\/p>\n<p>Fokuserar p\u00e5 Vituskatedral-skatten och Pragborgens konstgalleri. Det h\u00e4r \u00e4r f\u00f6r konst- och historie\u00e4lskare \u2014 en vanlig turist klarar sig utm\u00e4rkt med rundtur B.<\/p>\n<p><strong>Vituskatedralens torn \u2014 ca 6 \u20ac<\/strong> (separat biljett)<\/p>\n<p>287 trappsteg upp, men utsikten \u00e4r v\u00e4rd varenda steg. S\u00e4ljs separat och ing\u00e5r inte i n\u00e5gon rundtur.<\/p>\n<p><strong>Lobkowicz-palatset \u2014 ca 11 \u20ac<\/strong> (separat biljett)<\/p>\n<p>Ing\u00e5r inte heller i n\u00e5gon rundtur, eftersom det \u00e4r privat\u00e4gt. Men det \u00e4r en av de b\u00e4sta anledningarna att bes\u00f6ka borgen \u2014 mer om det l\u00e4ngre ner.<\/p>\n<figure class=\"wp-block-image size-full\"><img loading=\"lazy\" decoding=\"async\" width=\"1200\" height=\"800\" src=\"https:\/\/loudavymkrokem.cz\/wp-content\/uploads\/2023\/07\/prazsky-hrad-4238.jpg\" alt=\"Vituskatedralen p\u00e5 Pragborgen\" class=\"wp-image-151114\" title=\"\" srcset=\"https:\/\/loudavymkrokem.cz\/wp-content\/uploads\/2023\/07\/prazsky-hrad-4238.jpg 1200w, https:\/\/loudavymkrokem.cz\/wp-content\/uploads\/2023\/07\/prazsky-hrad-4238-300x200.jpg 300w, https:\/\/loudavymkrokem.cz\/wp-content\/uploads\/2023\/07\/prazsky-hrad-4238-700x467.jpg 700w, https:\/\/loudavymkrokem.cz\/wp-content\/uploads\/2023\/07\/prazsky-hrad-4238-768x512.jpg 768w, https:\/\/loudavymkrokem.cz\/wp-content\/uploads\/2023\/07\/prazsky-hrad-4238-696x464.jpg 696w\" sizes=\"auto, (max-width: 1200px) 100vw, 1200px\"><\/figure>\n<h3 class=\"wp-block-heading\"><span class=\"ez-toc-section\" id=\"Biljetterna_galler_i_2_dagar\"><\/span><span class=\"ez-toc-section\" id=\"Biljetterna_galler_i_2_dagar\"><\/span>Biljetterna g\u00e4ller i 2 dagar!<span class=\"ez-toc-section-end\"><\/span><span class=\"ez-toc-section-end\"><\/span><\/h3>\n<p>Det h\u00e4r \u00e4r information som m\u00e5nga inte k\u00e4nner till: <strong>biljetten till vilken rundtur som helst g\u00e4ller i tv\u00e5 p\u00e5 varandra f\u00f6ljande dagar.<\/strong> S\u00e5 du beh\u00f6ver inte trycka in allt i ett enda utmattande maraton. Bes\u00f6k g\u00e4rna katedralen och palatset f\u00f6rsta dagen, och ta Gyllene gr\u00e4nden n\u00e4sta dag. Smidigt, eller hur?<\/p>\n<h3 class=\"wp-block-heading\"><span class=\"ez-toc-section\" id=\"Vad_ar_gratis_pa_Pragborgen\"><\/span><span class=\"ez-toc-section\" id=\"Vad_ar_gratis_pa_Pragborgen\"><\/span>Vad \u00e4r gratis p\u00e5 Pragborgen<span class=\"ez-toc-section-end\"><\/span><span class=\"ez-toc-section-end\"><\/span><\/h3>\n<p>Och nu den b\u00e4sta nyheten \u2014 en enorm del av borgen kan du njuta av utan att \u00f6ppna pl\u00e5nboken:<\/p>\n<ul class=\"wp-block-list\">\n<li><strong>Hela omr\u00e5det<\/strong> \u2014 alla tre borgg\u00e5rdarna, fri promenad<\/li>\n<li><strong>Tr\u00e4dg\u00e5rdarna<\/strong> \u2014 Kungliga tr\u00e4dg\u00e5rden, S\u00f6dra tr\u00e4dg\u00e5rdarna (Na Valech och Paradisparken), Hjortdiket<\/li>\n<li><strong>Gyllene gr\u00e4nden efter st\u00e4ngningstid<\/strong> \u2014 efter kl. 17:00 p\u00e5 sommaren, efter kl. 16:00 p\u00e5 vintern<\/li>\n<li><strong>Intr\u00e4de till Vituskatedralen f\u00f6r gudstj\u00e4nst<\/strong> \u2014 gudstj\u00e4nster h\u00e5lls dagligen (p\u00e5 s\u00f6ndagar \u00f6ppnar katedralen f\u00f6r turister f\u00f6rst kl. 12:00)<\/li>\n<li><strong>Vaktavl\u00f6sningen<\/strong> \u2014 varje hel timme, den ceremonim\u00e4ssiga kl. 12:00<\/li>\n<li><strong>Utsikter \u00f6ver Prag<\/strong> \u2014 fr\u00e5n S\u00f6dra tr\u00e4dg\u00e5rdarna, borgg\u00e5rdarna och omgivningarna<\/li>\n<\/ul>\n<p>Helt \u00e4rligt? Om du har en begr\u00e4nsad budget kan du tillbringa en underbar halvdag p\u00e5 Pragborgen helt gratis. Du promenerar genom omr\u00e5det, beundrar katedralen utifr\u00e5n (och den \u00e4r \u00f6verv\u00e4ldigande \u00e4ven utifr\u00e5n), vandrar genom tr\u00e4dg\u00e5rdarna, tittar f\u00f6rbi Gyllene gr\u00e4nden efter kl. 17:00 och ser vaktavl\u00f6sningen. R\u00e4cker det? F\u00f6r m\u00e5nga bes\u00f6kare absolut.<\/p>\n<h3 class=\"wp-block-heading\"><span class=\"ez-toc-section\" id=\"Var_koper_du_biljetter\"><\/span><span class=\"ez-toc-section\" id=\"Var_koper_du_biljetter\"><\/span>Var k\u00f6per du biljetter<span class=\"ez-toc-section-end\"><\/span><span class=\"ez-toc-section-end\"><\/span><\/h3>\n<p><strong>Biljettluckan vid andra borgg\u00e5rden<\/strong> \u00e4r vanligtvis minst belastad \u2014 de flesta turister k\u00f6per biljetter vid huvuding\u00e5ngen p\u00e5 f\u00f6rsta borgg\u00e5rden. Du kan ocks\u00e5 k\u00f6pa biljetter online p\u00e5 borgens officiella hemsida, men personligen tycker jag att det vid biljettluckan p\u00e5 andra borgg\u00e5rden g\u00e5r precis lika snabbt.<\/p>\n<p>\ud83d\udca1 <strong>TIPS:<\/strong> Barn under 6 \u00e5r har gratis intr\u00e4de. Studenter och seniorer med giltigt ID har r\u00e4tt till reducerat pris. Om du planerar flera aktiviteter i Prag kan du \u00e4ven boka guidade turer via <a class=\"thirstylink\" rel=\"nofollow\" target=\"_blank\" title=\"GetYourGuide\" href=\"https:\/\/loudavymkrokem.cz\/doporucujeme\/getyourguide\/\" data-shortcode=\"true\">GetYourGuide<\/a>, d\u00e4r du ofta hittar kombinationsbiljetter.<\/p>\n<h2 class=\"wp-block-heading\"><span class=\"ez-toc-section\" id=\"Hur_tar_du_dig_till_Pragborgen_%E2%80%94_5_satt\"><\/span><span class=\"ez-toc-section\" id=\"Hur_tar_du_dig_till_Pragborgen_5_satt\"><\/span>Hur tar du dig till Pragborgen \u2014 5 s\u00e4tt<span class=\"ez-toc-section-end\"><\/span><span class=\"ez-toc-section-end\"><\/span><\/h2>\n<p>Det finns gott om v\u00e4gar till borgen \u2014 bokstavligt talat. Men vissa \u00e4r trevligare \u00e4n andra, och framf\u00f6r allt: Pragborgen ligger p\u00e5 en kulle, s\u00e5 du vill planera din v\u00e4g s\u00e5 att du inte beh\u00f6ver bestiga branta trappor med tomma lungor. H\u00e4r \u00e4r en \u00f6versikt.<\/p>\n<h3 class=\"wp-block-heading\"><span class=\"ez-toc-section\" id=\"1_Sparvagn_22_eller_23_%E2%80%94_bekvamaste_alternativet\"><\/span><span class=\"ez-toc-section\" id=\"1_Sparvagn_22_eller_23_bekvamaste_alternativet\"><\/span>1. Sp\u00e5rvagn 22 eller 23 \u2014 bekv\u00e4maste alternativet<span class=\"ez-toc-section-end\"><\/span><span class=\"ez-toc-section-end\"><\/span><\/h3>\n<figure class=\"wp-block-image size-full\"><img loading=\"lazy\" decoding=\"async\" width=\"2528\" height=\"1696\" src=\"https:\/\/loudavymkrokem.cz\/wp-content\/uploads\/2026\/03\/prazsky-hrad-malostranska.jpg\" alt=\"V\u00e4gen till Pragborgen via Malostransk\u00e1\" class=\"wp-image-139617\" title=\"\" srcset=\"https:\/\/loudavymkrokem.cz\/wp-content\/uploads\/2026\/03\/prazsky-hrad-malostranska.jpg 2528w, https:\/\/loudavymkrokem.cz\/wp-content\/uploads\/2026\/03\/prazsky-hrad-malostranska-300x201.jpg 300w, https:\/\/loudavymkrokem.cz\/wp-content\/uploads\/2026\/03\/prazsky-hrad-malostranska-700x470.jpg 700w, https:\/\/loudavymkrokem.cz\/wp-content\/uploads\/2026\/03\/prazsky-hrad-malostranska-768x515.jpg 768w, https:\/\/loudavymkrokem.cz\/wp-content\/uploads\/2026\/03\/prazsky-hrad-malostranska-1536x1030.jpg 1536w, https:\/\/loudavymkrokem.cz\/wp-content\/uploads\/2026\/03\/prazsky-hrad-malostranska-2048x1374.jpg 2048w, https:\/\/loudavymkrokem.cz\/wp-content\/uploads\/2026\/03\/prazsky-hrad-malostranska-696x467.jpg 696w, https:\/\/loudavymkrokem.cz\/wp-content\/uploads\/2026\/03\/prazsky-hrad-malostranska-1392x934.jpg 1392w, https:\/\/loudavymkrokem.cz\/wp-content\/uploads\/2026\/03\/prazsky-hrad-malostranska-1920x1288.jpg 1920w\" sizes=\"auto, (max-width: 2528px) 100vw, 2528px\"><\/figure>\n<p>Sp\u00e5rvagn nummer 22 (eller 23) \u00e4r en klassiker. Du kliver av vid h\u00e5llplatsen <strong>Pra\u017esk\u00fd hrad<\/strong> och \u00e4r direkt uppe \u2014 bara n\u00e5gra steg fr\u00e5n huvuding\u00e5ngen. Inga trappor, ingen kl\u00e4ttring uppf\u00f6r backen. Du kan ocks\u00e5 kliva av en h\u00e5llplats l\u00e4ngre bort vid <strong>Poho\u0159elec<\/strong> och komma till borgen fr\u00e5n Strahov-klostret, vilket \u00e4r ett trevligt alternativ om du vill bes\u00f6ka Strahov p\u00e5 v\u00e4gen.<\/p>\n<h3 class=\"wp-block-heading\"><span class=\"ez-toc-section\" id=\"2_Tunnelbana_A_till_Malostranska_promenad_uppfor\"><\/span><span class=\"ez-toc-section\" id=\"2_Tunnelbana_A_till_Malostranska_promenad_uppfor\"><\/span>2. Tunnelbana A till Malostransk\u00e1 + promenad uppf\u00f6r<span class=\"ez-toc-section-end\"><\/span><span class=\"ez-toc-section-end\"><\/span><\/h3>\n<p>Fr\u00e5n stationen Malostransk\u00e1 g\u00e5r du upp\u00e5t antingen via de gamla Slottstrapporna (branta men st\u00e4mningsfulla \u2014 perfekta f\u00f6r foton) eller genom Nerudova-gatan och Ke Hradu. R\u00e4kna med 15\u201320 minuters promenad uppf\u00f6r. Fint vid bra v\u00e4der, lite mer anstr\u00e4ngande i sommarhettan.<\/p>\n<h3 class=\"wp-block-heading\"><span class=\"ez-toc-section\" id=\"3_Rekommenderad_kombination_sparvagn_upp_promenad_ner\"><\/span><span class=\"ez-toc-section\" id=\"3_Rekommenderad_kombination_sparvagn_upp_promenad_ner\"><\/span>3. Rekommenderad kombination: sp\u00e5rvagn upp, promenad ner<span class=\"ez-toc-section-end\"><\/span><span class=\"ez-toc-section-end\"><\/span><\/h3>\n<figure class=\"wp-block-image size-full\"><img loading=\"lazy\" decoding=\"async\" width=\"2528\" height=\"1696\" src=\"https:\/\/loudavymkrokem.cz\/wp-content\/uploads\/2026\/03\/prazsky-hrad-mala-strana.jpg\" alt=\"Nerudova-gatan i Mal\u00e1 Strana i Prag\" class=\"wp-image-139634\" title=\"\" srcset=\"https:\/\/loudavymkrokem.cz\/wp-content\/uploads\/2026\/03\/prazsky-hrad-mala-strana.jpg 2528w, https:\/\/loudavymkrokem.cz\/wp-content\/uploads\/2026\/03\/prazsky-hrad-mala-strana-300x201.jpg 300w, https:\/\/loudavymkrokem.cz\/wp-content\/uploads\/2026\/03\/prazsky-hrad-mala-strana-700x470.jpg 700w, https:\/\/loudavymkrokem.cz\/wp-content\/uploads\/2026\/03\/prazsky-hrad-mala-strana-768x515.jpg 768w, https:\/\/loudavymkrokem.cz\/wp-content\/uploads\/2026\/03\/prazsky-hrad-mala-strana-1536x1030.jpg 1536w, https:\/\/loudavymkrokem.cz\/wp-content\/uploads\/2026\/03\/prazsky-hrad-mala-strana-2048x1374.jpg 2048w, https:\/\/loudavymkrokem.cz\/wp-content\/uploads\/2026\/03\/prazsky-hrad-mala-strana-696x467.jpg 696w, https:\/\/loudavymkrokem.cz\/wp-content\/uploads\/2026\/03\/prazsky-hrad-mala-strana-1392x934.jpg 1392w, https:\/\/loudavymkrokem.cz\/wp-content\/uploads\/2026\/03\/prazsky-hrad-mala-strana-1920x1288.jpg 1920w\" sizes=\"auto, (max-width: 2528px) 100vw, 2528px\"><\/figure>\n<p><strong>Det h\u00e4r \u00e4r v\u00e5r favoritstrategi och jag rekommenderar den till alla.<\/strong> \u00c5k sp\u00e5rvagn 22 upp\u00e5t, promenera genom borgen och g\u00e5 sedan ner till fots genom Mal\u00e1 Strana. P\u00e5 v\u00e4gen nedf\u00f6r \u00f6ppnar sig fantastiska utsikter \u00f6ver Prag, du passerar Nerudova-gatan och hamnar p\u00e5 Malostransk\u00e9 n\u00e1m\u011bst\u00ed \u2014 och du g\u00e5r nerf\u00f6r, inte uppf\u00f6r. Win-win. \u263a\ufe0f<\/p>\n<h3 class=\"wp-block-heading\"><span class=\"ez-toc-section\" id=\"4_Till_fots_over_Karlsbron_och_Mala_Strana\"><\/span><span class=\"ez-toc-section\" id=\"4_Till_fots_over_Karlsbron_och_Mala_Strana\"><\/span>4. Till fots \u00f6ver Karlsbron och Mal\u00e1 Strana<span class=\"ez-toc-section-end\"><\/span><span class=\"ez-toc-section-end\"><\/span><\/h3>\n<figure class=\"wp-block-image size-full\"><img loading=\"lazy\" decoding=\"async\" width=\"2528\" height=\"1696\" src=\"https:\/\/loudavymkrokem.cz\/wp-content\/uploads\/2026\/03\/prazsky-hrad-karluv-most-1.jpg\" alt=\"Karlsbron med utsikt mot Pragborgen i morgondimma\" class=\"wp-image-139618\" title=\"\" srcset=\"https:\/\/loudavymkrokem.cz\/wp-content\/uploads\/2026\/03\/prazsky-hrad-karluv-most-1.jpg 2528w, https:\/\/loudavymkrokem.cz\/wp-content\/uploads\/2026\/03\/prazsky-hrad-karluv-most-1-300x201.jpg 300w, https:\/\/loudavymkrokem.cz\/wp-content\/uploads\/2026\/03\/prazsky-hrad-karluv-most-1-700x470.jpg 700w, https:\/\/loudavymkrokem.cz\/wp-content\/uploads\/2026\/03\/prazsky-hrad-karluv-most-1-768x515.jpg 768w, https:\/\/loudavymkrokem.cz\/wp-content\/uploads\/2026\/03\/prazsky-hrad-karluv-most-1-1536x1030.jpg 1536w, https:\/\/loudavymkrokem.cz\/wp-content\/uploads\/2026\/03\/prazsky-hrad-karluv-most-1-2048x1374.jpg 2048w, https:\/\/loudavymkrokem.cz\/wp-content\/uploads\/2026\/03\/prazsky-hrad-karluv-most-1-696x467.jpg 696w, https:\/\/loudavymkrokem.cz\/wp-content\/uploads\/2026\/03\/prazsky-hrad-karluv-most-1-1392x934.jpg 1392w, https:\/\/loudavymkrokem.cz\/wp-content\/uploads\/2026\/03\/prazsky-hrad-karluv-most-1-1920x1288.jpg 1920w\" sizes=\"auto, (max-width: 2528px) 100vw, 2528px\"><\/figure>\n<p>Det romantiska alternativet \u2014 \u00f6ver Karlsbron, genom Mosteck\u00e1-gatan till Malostransk\u00e9 n\u00e1m\u011bst\u00ed och sedan upp\u00e5t. Det tar l\u00e4ngre tid och g\u00e5r uppf\u00f6r, men om du har tid och bra skor \u00e4r det en underbar promenad. R\u00e4kna dock med att det \u00e4r fullt p\u00e5 Karlsbron.<\/p>\n<h3 class=\"wp-block-heading\"><span class=\"ez-toc-section\" id=\"5_Med_bil_hellre_inte\"><\/span><span class=\"ez-toc-section\" id=\"5_Med_bil_hellre_inte\"><\/span>5. Med bil (hellre inte)<span class=\"ez-toc-section-end\"><\/span><span class=\"ez-toc-section-end\"><\/span><\/h3>\n<p>Parkeringsm\u00f6jligheterna vid borgen \u00e4r extremt begr\u00e4nsade och dyra. Om du k\u00f6r bil till Prag, l\u00e4mna den vid hotellet eller vid en infartsparkering (P+R) och \u00e5k kollektivt. Det h\u00e4r \u00e4r verkligen inte ett st\u00e4lle d\u00e4r du vill beh\u00f6va oroa dig f\u00f6r parkering.<\/p>\n<p>\ud83d\udca1 <strong>TIPS F\u00d6R RESEN\u00c4RER FR\u00c5N SVERIGE:<\/strong> Fr\u00e5n Stockholm flyger du enkelt till Prag med SAS eller Norwegian, och flygtiden \u00e4r bara drygt tv\u00e5 timmar. Fr\u00e5n G\u00f6teborg och Malm\u00f6 finns det ocks\u00e5 direktf\u00f6rbindelser. V\u00e4l framme i Prag tar du tunnelbanan eller sp\u00e5rvagnen direkt till borgen \u2014 det \u00e4r smidigt och billigt.<\/p>\n<h2 class=\"wp-block-heading\"><span class=\"ez-toc-section\" id=\"Vad_du_ska_se_pa_Pragborgen_%E2%80%94_komplett_guide\"><\/span><span class=\"ez-toc-section\" id=\"Vad_du_ska_se_pa_Pragborgen_komplett_guide\"><\/span>Vad du ska se p\u00e5 Pragborgen \u2014 komplett guide<span class=\"ez-toc-section-end\"><\/span><span class=\"ez-toc-section-end\"><\/span><\/h2>\n<p>Nu till det viktigaste \u2014 vad finns det egentligen att se och bes\u00f6ka p\u00e5 Pragborgen? Borgkomplexet \u00e4r enormt (70 000 m\u00b2, det motsvarar ungef\u00e4r tio fotbollsplaner), s\u00e5 utan en plan kan du l\u00e4tt g\u00e5 vilse eller missa n\u00e5got viktigt. Vi g\u00e5r igenom det viktigaste f\u00f6rst.<\/p>\n<h3 class=\"wp-block-heading\"><span class=\"ez-toc-section\" id=\"1_Vituskatedralen_%E2%80%94_borgens_hjarta\"><\/span><span class=\"ez-toc-section\" id=\"1_Vituskatedralen_borgens_hjarta\"><\/span>1. Vituskatedralen \u2014 borgens hj\u00e4rta<span class=\"ez-toc-section-end\"><\/span><span class=\"ez-toc-section-end\"><\/span><\/h3>\n<figure class=\"wp-block-image size-full\"><img loading=\"lazy\" decoding=\"async\" width=\"1200\" height=\"800\" src=\"https:\/\/loudavymkrokem.cz\/wp-content\/uploads\/2023\/07\/prazsky-hrad-4217.jpg\" alt=\"Vituskatedralen p\u00e5 Pragborgen\" class=\"wp-image-151104\" title=\"\" srcset=\"https:\/\/loudavymkrokem.cz\/wp-content\/uploads\/2023\/07\/prazsky-hrad-4217.jpg 1200w, https:\/\/loudavymkrokem.cz\/wp-content\/uploads\/2023\/07\/prazsky-hrad-4217-300x200.jpg 300w, https:\/\/loudavymkrokem.cz\/wp-content\/uploads\/2023\/07\/prazsky-hrad-4217-700x467.jpg 700w, https:\/\/loudavymkrokem.cz\/wp-content\/uploads\/2023\/07\/prazsky-hrad-4217-768x512.jpg 768w, https:\/\/loudavymkrokem.cz\/wp-content\/uploads\/2023\/07\/prazsky-hrad-4217-696x464.jpg 696w\" sizes=\"auto, (max-width: 1200px) 100vw, 1200px\"><\/figure>\n<p>Vituskatedralen \u00e4r byggnaden som m\u00e5nga bes\u00f6ker borgen enbart f\u00f6r \u2014 och helt ber\u00e4ttigat. N\u00e4r du passerar genom porten till tredje borgg\u00e5rden och den h\u00e4r gotiska kolossen pl\u00f6tsligt uppenbarar sig framf\u00f6r dig, kommer du bara att st\u00e5 och stirra en stund. Det h\u00e4nder mig varje g\u00e5ng, \u00e4ven efter alla dessa \u00e5r.<\/p>\n<p>Den tog <strong>n\u00e4stan 600 \u00e5r att bygga<\/strong> \u2014 grundstenen lades 1344 och den stod inte helt klar f\u00f6rr\u00e4n 1929. Sexhundra \u00e5r! Det \u00e4r en s\u00e5 absurt l\u00e5ng tid att man knappt kan f\u00f6rest\u00e4lla sig det. Under \u00e5ren arbetade byggm\u00e4stare fr\u00e5n Maty\u00e1\u0161 z Arrasu via Peter Parler till arkitekter p\u00e5 1800- och 1900-talet, och \u00e4nd\u00e5 ser den ut som en helhet. Det \u00e4r f\u00f6rmodligen det st\u00f6rsta arkitektoniska undret du hittar i Prag.<\/p>\n<p><strong>Missa inte inuti:<\/strong> Glasm\u00e5lningarna av Alfons Mucha \u2014 de finns i det tredje kapellet till v\u00e4nster om ing\u00e5ngen och \u00e4r fantastiska. Muchas typiska jugendstil i kombination med det sakrala rummet \u00e4r n\u00e5got du inte ser n\u00e5gon annanstans. Sedan har du Sankt Wenceslas-kapellet med v\u00e4ggar av halv\u00e4delstenar (guld och ametister \u2014 det ser otroligt ut), den kungliga kryptan med gravarna f\u00f6r Karl IV och andra h\u00e4rskare, samt klockan Zikmund \u2014 den st\u00f6rsta klockan i Tjeckien som v\u00e4ger \u00f6ver 15 ton.<\/p>\n<p><strong>Katedralens torn<\/strong> (ca 6 \u20ac, 287 trappsteg) bjuder p\u00e5 utsikt \u00f6ver hela Prag. Det \u00e4r ingen dans p\u00e5 rosor, s\u00e4rskilt inte i hettan, men v\u00e4l uppe gl\u00f6mmer du bort \u00f6mma ben. Utsikten \u00e4r helt fenomenal.<\/p>\n<p>\ud83d\udca1 <strong>TIPS:<\/strong> P\u00e5 s\u00f6ndagar \u00f6ppnar katedralen f\u00f6rst kl. 12:00 p\u00e5 grund av gudstj\u00e4nst. Du kan komma till gudstj\u00e4nsten gratis, men du kan inte fritt bes\u00f6ka interi\u00f6ren \u2014 det kr\u00e4ver biljett efter kl. 12:00.<\/p>\n<h3 class=\"wp-block-heading\"><span class=\"ez-toc-section\" id=\"2_Gamla_kungapalatset_%E2%80%94_defenestrationen_och_Vladislav-salen\"><\/span><span class=\"ez-toc-section\" id=\"2_Gamla_kungapalatset_defenestrationen_och_Vladislav-salen\"><\/span>2. Gamla kungapalatset \u2014 defenestrationen och Vladislav-salen<span class=\"ez-toc-section-end\"><\/span><span class=\"ez-toc-section-end\"><\/span><\/h3>\n<figure class=\"wp-block-image size-full\"><img loading=\"lazy\" decoding=\"async\" width=\"2528\" height=\"1696\" src=\"https:\/\/loudavymkrokem.cz\/wp-content\/uploads\/2026\/03\/prazsky-hrad-kralovsky-palac-1.jpg\" alt=\"Gamla kungapalatset p\u00e5 Pragborgen\" class=\"wp-image-139620\" title=\"\" srcset=\"https:\/\/loudavymkrokem.cz\/wp-content\/uploads\/2026\/03\/prazsky-hrad-kralovsky-palac-1.jpg 2528w, https:\/\/loudavymkrokem.cz\/wp-content\/uploads\/2026\/03\/prazsky-hrad-kralovsky-palac-1-300x201.jpg 300w, https:\/\/loudavymkrokem.cz\/wp-content\/uploads\/2026\/03\/prazsky-hrad-kralovsky-palac-1-700x470.jpg 700w, https:\/\/loudavymkrokem.cz\/wp-content\/uploads\/2026\/03\/prazsky-hrad-kralovsky-palac-1-768x515.jpg 768w, https:\/\/loudavymkrokem.cz\/wp-content\/uploads\/2026\/03\/prazsky-hrad-kralovsky-palac-1-1536x1030.jpg 1536w, https:\/\/loudavymkrokem.cz\/wp-content\/uploads\/2026\/03\/prazsky-hrad-kralovsky-palac-1-2048x1374.jpg 2048w, https:\/\/loudavymkrokem.cz\/wp-content\/uploads\/2026\/03\/prazsky-hrad-kralovsky-palac-1-696x467.jpg 696w, https:\/\/loudavymkrokem.cz\/wp-content\/uploads\/2026\/03\/prazsky-hrad-kralovsky-palac-1-1392x934.jpg 1392w, https:\/\/loudavymkrokem.cz\/wp-content\/uploads\/2026\/03\/prazsky-hrad-kralovsky-palac-1-1920x1288.jpg 1920w\" sizes=\"auto, (max-width: 2528px) 100vw, 2528px\"><\/figure>\n<p>Gamla kungapalatset \u00e4r platsen d\u00e4r tjeckisk historia skrevs \u2014 bokstavligen. <strong>Vladislav-salen<\/strong> \u00e4r den st\u00f6rsta sekul\u00e4ra gotiska hallen i Centraleuropa, och n\u00e4r du kliver in f\u00f6rst\u00e5r du varf\u00f6r. Valvet \u00e4r magnifikt. H\u00e4r h\u00f6lls kr\u00f6ningar, turneringar (ja, man red h\u00e4star h\u00e4r \u2014 uppf\u00f6r Riddartrappan som byggdes just f\u00f6r detta \u00e4ndam\u00e5l), banketter och politiska f\u00f6rhandlingar.<\/p>\n<p>Och sedan finns det f\u00f6nstret varifr\u00e5n man \u00e5r 1618 kastade ut tv\u00e5 st\u00e5th\u00e5llare och deras sekreterare \u2014 den ber\u00f6mda <strong>Pragdefenestrationen<\/strong>, som ledde till trettio\u00e5riga kriget. Sj\u00e4lva f\u00f6nstret \u00e4r f\u00f6rv\u00e5nansv\u00e4rt litet och anspr\u00e5ksl\u00f6st. Du st\u00e5r d\u00e4r och t\u00e4nker &#8221;kastade de verkligen ut dem genom DET H\u00c4R?&#8221; \u2014 och \u00e4nd\u00e5 f\u00f6r\u00e4ndrade det Europas historia. Enligt legenden \u00f6verlevde de f\u00f6r att de landade p\u00e5 en h\u00f6g med g\u00f6dsel. Jag vet inte om det st\u00e4mmer, men det \u00e4r en fantastisk historia. \ud83d\ude01<\/p>\n<p>\u00c4rligt talat \u2014 interi\u00f6rerna i palatset \u00e4r ganska spartanska. Om du f\u00f6rv\u00e4ntar dig prakt \u00e0 la Versailles blir du besviken. Det \u00e4r ett gotiskt och ren\u00e4ssanspalats, s\u00e5 det handlar mer om rymd, valv och historia \u00e4n om gyllene ljuskronor. Men Vladislav-salen \u00e4r definitivt v\u00e4rd ett bes\u00f6k.<\/p>\n<h3 class=\"wp-block-heading\"><span class=\"ez-toc-section\" id=\"3_Sankt_Georgs_basilika_%E2%80%94_den_aldsta_kyrkan_pa_borgen\"><\/span><span class=\"ez-toc-section\" id=\"3_Sankt_Georgs_basilika_den_aldsta_kyrkan_pa_borgen\"><\/span>3. Sankt Georgs basilika \u2014 den \u00e4ldsta kyrkan p\u00e5 borgen<span class=\"ez-toc-section-end\"><\/span><span class=\"ez-toc-section-end\"><\/span><\/h3>\n<figure class=\"wp-block-image size-full\"><img loading=\"lazy\" decoding=\"async\" width=\"1200\" height=\"800\" src=\"https:\/\/loudavymkrokem.cz\/wp-content\/uploads\/2023\/07\/prazsky-hrad-4245.jpg\" alt=\"Sankt Georgs basilika p\u00e5 Pragborgen\" class=\"wp-image-151113\" title=\"\" srcset=\"https:\/\/loudavymkrokem.cz\/wp-content\/uploads\/2023\/07\/prazsky-hrad-4245.jpg 1200w, https:\/\/loudavymkrokem.cz\/wp-content\/uploads\/2023\/07\/prazsky-hrad-4245-300x200.jpg 300w, https:\/\/loudavymkrokem.cz\/wp-content\/uploads\/2023\/07\/prazsky-hrad-4245-700x467.jpg 700w, https:\/\/loudavymkrokem.cz\/wp-content\/uploads\/2023\/07\/prazsky-hrad-4245-768x512.jpg 768w, https:\/\/loudavymkrokem.cz\/wp-content\/uploads\/2023\/07\/prazsky-hrad-4245-696x464.jpg 696w\" sizes=\"auto, (max-width: 1200px) 100vw, 1200px\"><\/figure>\n<p>Sankt Georgs basilika \u00e4r ett st\u00e4lle som turister ofta f\u00f6rbiser, trots att det \u00e4r <strong>den \u00e4ldsta bevarade kyrkan p\u00e5 borgen<\/strong> \u2014 grundad \u00e5r 920. Den tegelr\u00f6da romanska fasaden ser annorlunda ut j\u00e4mf\u00f6rt med allt annat i omgivningen, och interi\u00f6ren har den speciella spartanska sk\u00f6nhet som romanska byggnader har \u2014 ingen utsmyckning, bara rent rum och ljus.<\/p>\n<p>Inuti hittar du gravar fr\u00e5n P\u0159emyslid-furstarna och romanska fresker. Bes\u00f6ket \u00e4r snabbt \u2014 p\u00e5 15\u201320 minuter \u00e4r du klar \u2014 men atmosf\u00e4ren g\u00f6r det v\u00e4rt besv\u00e4ret. Det \u00e4r en fin kontrast till katedralen: ist\u00e4llet f\u00f6r vertikal gotisk monumentalitet f\u00e5r du horisontell romansk stillhet.<\/p>\n<h3 class=\"wp-block-heading\"><span class=\"ez-toc-section\" id=\"4_Gyllene_granden_%E2%80%94_Kafkas_hus_nr_22\"><\/span><span class=\"ez-toc-section\" id=\"4_Gyllene_granden_Kafkas_hus_nr_22\"><\/span>4. Gyllene gr\u00e4nden \u2014 Kafkas hus nr 22<span class=\"ez-toc-section-end\"><\/span><span class=\"ez-toc-section-end\"><\/span><\/h3>\n<figure class=\"wp-block-image size-full\"><img loading=\"lazy\" decoding=\"async\" width=\"2528\" height=\"1696\" src=\"https:\/\/loudavymkrokem.cz\/wp-content\/uploads\/2026\/03\/prazsky-hrad-zlata-ulicka-1.jpg\" alt=\"Gyllene gr\u00e4nden p\u00e5 Pragborgen i morgonljus\" class=\"wp-image-139622\" title=\"\" srcset=\"https:\/\/loudavymkrokem.cz\/wp-content\/uploads\/2026\/03\/prazsky-hrad-zlata-ulicka-1.jpg 2528w, https:\/\/loudavymkrokem.cz\/wp-content\/uploads\/2026\/03\/prazsky-hrad-zlata-ulicka-1-300x201.jpg 300w, https:\/\/loudavymkrokem.cz\/wp-content\/uploads\/2026\/03\/prazsky-hrad-zlata-ulicka-1-700x470.jpg 700w, https:\/\/loudavymkrokem.cz\/wp-content\/uploads\/2026\/03\/prazsky-hrad-zlata-ulicka-1-768x515.jpg 768w, https:\/\/loudavymkrokem.cz\/wp-content\/uploads\/2026\/03\/prazsky-hrad-zlata-ulicka-1-1536x1030.jpg 1536w, https:\/\/loudavymkrokem.cz\/wp-content\/uploads\/2026\/03\/prazsky-hrad-zlata-ulicka-1-2048x1374.jpg 2048w, https:\/\/loudavymkrokem.cz\/wp-content\/uploads\/2026\/03\/prazsky-hrad-zlata-ulicka-1-696x467.jpg 696w, https:\/\/loudavymkrokem.cz\/wp-content\/uploads\/2026\/03\/prazsky-hrad-zlata-ulicka-1-1392x934.jpg 1392w, https:\/\/loudavymkrokem.cz\/wp-content\/uploads\/2026\/03\/prazsky-hrad-zlata-ulicka-1-1920x1288.jpg 1920w\" sizes=\"auto, (max-width: 2528px) 100vw, 2528px\"><\/figure>\n<p>Gyllene gr\u00e4nden \u00e4r f\u00f6rmodligen den mest fotograferade platsen p\u00e5 borgen \u2014 pyttelilla f\u00e4rgglada hus kl\u00e4mda mot borgmuren, d\u00e4r det en g\u00e5ng bodde guldsmeder, b\u00e5gskyttar och tj\u00e4nstefolk. I hus nummer 22 ska Franz Kafka ha arbetat en tid. &#8221;Ska ha&#8221;, f\u00f6r historikerna tvistar om huruvida han faktiskt skrev d\u00e4r eller bara hade sin syster boende \u2014 men huset \u00e4r m\u00e4rkt och turisterna str\u00f6mmar till.<\/p>\n<p>Nu till en \u00e4rlig bed\u00f6mning: Gyllene gr\u00e4nden \u00e4r s\u00f6t, det st\u00e4mmer. De miniatyrartade husen, utst\u00e4llningen med historiska dr\u00e4kter och rustningar p\u00e5 \u00f6verv\u00e5ningen, alkemiutst\u00e4llningen \u2014 allt det \u00e4r trevligt. Men om du kommer under rusningstid (10:00\u201314:00 p\u00e5 sommaren) \u00e4r det s\u00e5 fullt att du knappt kan tr\u00e4nga dig fram. Och d\u00e5 undrar du om det verkligen var v\u00e4rt den extra kostnaden p\u00e5 biljetten.<\/p>\n<p><strong>S\u00e5 h\u00e4r g\u00f6r du smart:<\/strong> Kom <strong>efter kl. 17:00 p\u00e5 sommaren eller efter kl. 16:00 p\u00e5 vintern<\/strong> \u2014 intr\u00e4det \u00e4r GRATIS och det \u00e4r bara en br\u00e5kdel av folkm\u00e4ngden. Husen \u00e4r visserligen st\u00e4ngda, men du kan g\u00e5 genom gr\u00e4nden, titta in genom f\u00f6nstren och njuta av atmosf\u00e4ren utan folkmassor och utan att betala. \u00c4rligt talat? S\u00e5 h\u00e4r gillar jag Gyllene gr\u00e4nden b\u00e4st.<\/p>\n<p>Alternativt \u2014 om du s\u00f6ker en liknande atmosf\u00e4r med historiska gr\u00e4nder utan folkmassor, bege dig till <strong>Nov\u00fd Sv\u011bt<\/strong> (mer om det i avsnittet Dolda p\u00e4rlor). Det ligger ett stenkast fr\u00e5n borgen och turister hittar n\u00e4stan aldrig dit.<\/p>\n<div class=\"lk-zazitky-module\">\n<style>\n.lk-zazitky-module * { box-sizing: border-box; margin: 0; padding: 0; }\n.lk-zazitky-module {\n  font-family: 'DM Sans', Georgia, sans-serif;\n  max-width: 100%;\n  margin: 2.5rem auto;\n  background: linear-gradient(135deg, #fdf6f3 0%, #fbede7 100%);\n  border: 1px solid #f0d9cc;\n  border-radius: 16px;\n  overflow: hidden;\n  box-shadow: 0 16px 48px rgba(217, 119, 87, 0.18), 0 4px 12px rgba(0,0,0,0.06);\n}\n.lk-zazitky-header {\n  position: relative;\n  padding: 24px 32px;\n  background: linear-gradient(135deg, #d97757 0%, #c46b4b 60%, #d97757 100%);\n  display: flex;\n  align-items: center;\n  gap: 18px;\n}\n.lk-zazitky-header::before {\n  content: '';\n  position: absolute;\n  inset: 0;\n  background: url(\"data:image\/svg+xml,%3Csvg width='60' height='60' viewBox='0 0 60 60' xmlns='http:\/\/www.w3.org\/2000\/svg'%3E%3Cg fill='none' fill-rule='evenodd'%3E%3Cg fill='%23ffffff' fill-opacity='0.05'%3E%3Cpath d='M36 34v-4h-2v4h-4v2h4v4h2v-4h4v-2h-4zm0-30V0h-2v4h-4v2h4v4h2V6h4V4h-4zM6 34v-4H4v4H0v2h4v4h2v-4h4v-2H6zM6 4V0H4v4H0v2h4v4h2V6h4V4H6z'\/%3E%3C\/g%3E%3C\/g%3E%3C\/svg%3E\") repeat;\n  pointer-events: none;\n}\n.lk-zazitky-header img {\n  width: 64px; height: 64px; border-radius: 12px; flex-shrink: 0;\n  object-fit: cover; box-shadow: 0 4px 12px rgba(0,0,0,0.18); position: relative; z-index: 1;\n}\n.lk-zazitky-header-text { position: relative; z-index: 1; }\n.lk-zazitky-eyebrow {\n  font-size: 10px; font-weight: 600; letter-spacing: 2.5px; text-transform: uppercase;\n  color: rgba(255,255,255,.92); margin-bottom: 5px;\n}\n.lk-zazitky-title {\n  font-family: 'Playfair Display', Georgia, serif;\n  font-size: 24px; font-weight: 700; color: #fff; line-height: 1.2;\n  text-shadow: 0 1px 2px rgba(0,0,0,0.12);\n}\n.lk-zazitky-subtitle {\n  font-size: 13px; color: rgba(255,255,255,.85); margin-top: 4px; font-weight: 300;\n}\n.lk-zazitky-grid {\n  display: grid;\n  grid-template-columns: 1fr 1fr 1fr;\n  gap: 1px;\n  background: rgba(217, 119, 87, 0.12);\n}\n.lk-zazitek-card {\n  background: #ffffff; padding: 22px; display: flex; flex-direction: column; gap: 11px;\n  transition: all 0.3s ease; text-decoration: none; color: inherit; position: relative;\n}\n.lk-zazitek-card:hover {\n  background: #fffaf7; transform: translateY(-2px);\n  box-shadow: 0 8px 24px rgba(217, 119, 87, 0.15); z-index: 1;\n}\n.lk-zazitek-card.is-category {\n  background: linear-gradient(135deg, #fffaf7 0%, #fff3eb 100%);\n  box-shadow: inset 0 1px 0 rgba(217, 119, 87, 0.1);\n}\n.lk-zazitek-card.is-category:hover {\n  background: linear-gradient(135deg, #fff7f2 0%, #ffeee3 100%);\n}\n.lk-zazitek-badge {\n  display: inline-flex; align-items: center; gap: 5px;\n  font-size: 10px; font-weight: 600; letter-spacing: 1.5px; text-transform: uppercase;\n  padding: 5px 11px; border-radius: 20px; width: fit-content;\n  background: rgba(217, 119, 87, 0.10); color: #c46b4b; border: 1px solid rgba(217, 119, 87, 0.22);\n}\n.lk-zazitek-card.is-category .lk-zazitek-badge {\n  background: linear-gradient(135deg, #d97757 0%, #c46b4b 100%); color: #fff;\n  border-color: #c46b4b; box-shadow: 0 2px 8px rgba(217, 119, 87, 0.28);\n}\n.lk-zazitek-name {\n  font-family: 'Playfair Display', Georgia, serif;\n  font-size: 17px; font-weight: 700; color: #111827; line-height: 1.3;\n}\n.lk-zazitek-desc {\n  font-size: 13px; color: #525252; line-height: 1.6; font-weight: 300; flex: 1;\n}\n.lk-zazitek-meta { display: flex; align-items: center; gap: 12px; flex-wrap: wrap; margin-top: 4px; }\n.lk-zazitek-price { font-size: 13px; color: #6b7280; }\n.lk-zazitek-price strong { color: #c46b4b; font-weight: 600; }\n.lk-zazitek-cta {\n  display: inline-flex; align-items: center; justify-content: center; gap: 7px;\n  margin-top: 8px; padding: 11px 16px; border-radius: 8px;\n  background: linear-gradient(135deg, #d97757 0%, #c46b4b 100%);\n  color: #fff; font-size: 13px; font-weight: 500; text-decoration: none;\n  letter-spacing: .3px; transition: all .2s ease; cursor: pointer; border: none;\n  text-align: center; box-shadow: 0 4px 12px rgba(217, 119, 87, 0.28);\n  white-space: nowrap;\n}\n.lk-zazitek-cta:hover {\n  background: linear-gradient(135deg, #c46b4b 0%, #b35e3f 100%);\n  transform: translateY(-1px); box-shadow: 0 6px 16px rgba(217, 119, 87, 0.38);\n}\n.lk-zazitek-card.is-category .lk-zazitek-cta {\n  background: linear-gradient(135deg, #3685fc 0%, #2a6fd9 100%);\n  box-shadow: 0 4px 12px rgba(54, 133, 252, 0.22);\n}\n.lk-zazitek-card.is-category .lk-zazitek-cta:hover {\n  background: linear-gradient(135deg, #2a6fd9 0%, #1e5bc4 100%);\n  box-shadow: 0 6px 16px rgba(54, 133, 252, 0.32);\n}\n.lk-zazitky-footer {\n  padding: 16px 32px;\n  background: linear-gradient(to bottom, #fdf6f3 0%, #f9eae2 100%);\n  border-top: 1px solid rgba(217, 119, 87, 0.18);\n  display: flex; align-items: center; justify-content: center; flex-wrap: wrap; gap: 12px;\n}\n.lk-zazitky-discount {\n  display: inline-flex; align-items: center; gap: 8px;\n  font-size: 13px; color: #6b3a26; font-weight: 500;\n}\n.lk-zazitky-discount-code {\n  font-family: 'Courier New', monospace; font-weight: 700; color: #c46b4b;\n  background: rgba(217, 119, 87, 0.12); padding: 4px 10px; border-radius: 6px;\n  letter-spacing: 1px; font-size: 13px;\n}\n.lk-zazitky-disclaimer {\n  font-size: 11px; color: #8a6e60; font-weight: 300; line-height: 1.5;\n}\n.lk-zazitky-disclaimer a { color: #c46b4b; text-decoration: none; }\n.lk-zazitky-disclaimer a:hover { text-decoration: underline; }\n@media (max-width: 720px) {\n  .lk-zazitky-grid { grid-template-columns: 1fr; }\n  .lk-zazitky-header { padding: 20px 18px; }\n  .lk-zazitky-footer { padding: 14px 18px; }\n  .lk-zazitek-card { padding: 20px; }\n  .lk-zazitky-title { font-size: 20px; }\n}\n<\/style>\n<div class=\"lk-zazitky-header\">\n    <img decoding=\"async\" src=\"https:\/\/loudavymkrokem.cz\/wp-content\/uploads\/2026\/02\/lukas-a-lucka.jpg\" alt=\"Luk\u00e1\u0161 och Lucie\" title=\"\"><\/p>\n<div class=\"lk-zazitky-header-text\">\n<div class=\"lk-zazitky-eyebrow\">Tips fr\u00e5n Luk\u00e1\u0161 och Lucie<\/div>\n<div class=\"lk-zazitky-title\">Upplev Prag p\u00e5 ett annat s\u00e4tt<\/div>\n<div class=\"lk-zazitky-subtitle\">3 bepr\u00f6vade tips med 5 % rabatt fr\u00e5n v\u00e5r partner Firma na z\u00e1\u017eitky<\/div>\n<\/p><\/div>\n<\/p><\/div>\n<div class=\"lk-zazitky-grid\">\n<p>    <a class=\"lk-zazitek-card\" href=\"https:\/\/www.firmanazazitky.cz\/plavba-po-vltave-s-obedem?utm_source=loudavymkrokem&amp;utm_medium=referral&amp;utm_campaign=prazsky-hrad&amp;utm_content=zazitek-1\" target=\"_blank\" rel=\"nofollow noopener sponsored\"><br \/>\n      <span class=\"lk-zazitek-badge\">\ud83d\udee5 B\u00e5ttur<\/span><\/p>\n<div class=\"lk-zazitek-name\">B\u00e5ttur p\u00e5 Vltava med lunch<\/div>\n<div class=\"lk-zazitek-desc\">Romantisk b\u00e5ttur f\u00f6r tv\u00e5 med lunch \u2014 vacker utsikt \u00f6ver Pragborgen, Karlsbron och andra sev\u00e4rdheter fr\u00e5n vattnet.<\/div>\n<div class=\"lk-zazitek-meta\">\n        <span class=\"lk-zazitek-price\">fr\u00e5n <strong>ca 84 \u20ac<\/strong><\/span>\n      <\/div>\n<p>      <span class=\"lk-zazitek-cta\"><br \/>\n        <svg width=\"14\" height=\"14\" viewBox=\"0 0 24 24\" fill=\"none\" stroke=\"currentColor\" stroke-width=\"2\"><path d=\"M18 13v6a2 2 0 0 1-2 2H5a2 2 0 0 1-2-2V8a2 2 0 0 1 2-2h6\"\/><polyline points=\"15 3 21 3 21 9\"\/><line x1=\"10\" y1=\"14\" x2=\"21\" y2=\"3\"\/><\/svg><br \/>\n        Boka med rabatt<br \/>\n      <\/span><br \/>\n    <\/a><\/p>\n<p>    <a class=\"lk-zazitek-card\" href=\"https:\/\/www.firmanazazitky.cz\/4-chodove-obedove-menu-v-tancicim-dome?utm_source=loudavymkrokem&amp;utm_medium=referral&amp;utm_campaign=prazsky-hrad&amp;utm_content=zazitek-2\" target=\"_blank\" rel=\"nofollow noopener sponsored\"><br \/>\n      <span class=\"lk-zazitek-badge\">\ud83c\udf7d Gastro<\/span><\/p>\n<div class=\"lk-zazitek-name\">4-r\u00e4ttersmeny i Dansande huset<\/div>\n<div class=\"lk-zazitek-desc\">Gourmetlunch i en av Prags mest ikoniska byggnader. Ett perfekt s\u00e4tt att g\u00f6ra borgsbes\u00f6ket till en heldagsupplevelse.<\/div>\n<div class=\"lk-zazitek-meta\">\n        <span class=\"lk-zazitek-price\">fr\u00e5n <strong>ca 75 \u20ac<\/strong><\/span>\n      <\/div>\n<p>      <span class=\"lk-zazitek-cta\"><br \/>\n        <svg width=\"14\" height=\"14\" viewBox=\"0 0 24 24\" fill=\"none\" stroke=\"currentColor\" stroke-width=\"2\"><path d=\"M18 13v6a2 2 0 0 1-2 2H5a2 2 0 0 1-2-2V8a2 2 0 0 1 2-2h6\"\/><polyline points=\"15 3 21 3 21 9\"\/><line x1=\"10\" y1=\"14\" x2=\"21\" y2=\"3\"\/><\/svg><br \/>\n        Boka med rabatt<br \/>\n      <\/span><br \/>\n    <\/a><\/p>\n<p>    <a class=\"lk-zazitek-card is-category\" href=\"https:\/\/www.firmanazazitky.cz\/praha\/?utm_source=loudavymkrokem&amp;utm_medium=referral&amp;utm_campaign=prazsky-hrad&amp;utm_content=kategorie\" target=\"_blank\" rel=\"nofollow noopener sponsored\"><br \/>\n      <span class=\"lk-zazitek-badge\">\u2b50 Allt<\/span><\/p>\n<div class=\"lk-zazitek-name\">Alla upplevelser i Prag<\/div>\n<div class=\"lk-zazitek-desc\">Adrenalin, gastro, wellness, flygningar \u00f6ver Prag, matlagningskurser och romantiska vistelser \u2014 hundratals upplevelser i huvudstaden.<\/div>\n<p>      <span class=\"lk-zazitek-cta\"><br \/>\n        Utforska upplevelser<br \/>\n        <svg width=\"12\" height=\"12\" viewBox=\"0 0 24 24\" fill=\"none\" stroke=\"currentColor\" stroke-width=\"2.5\"><polyline points=\"9 18 15 12 9 6\"\/><\/svg><br \/>\n      <\/span><br \/>\n    <\/a><\/p><\/div>\n<div class=\"lk-zazitky-footer\">\n    <span class=\"lk-zazitky-discount\"><br \/>\n      \u2b50 5 % rabatt med koden<br \/>\n      <span class=\"lk-zazitky-discount-code\">LOUDAVYMKROKEM5<\/span><br \/>\n    <\/span>\n  <\/div>\n<\/div>\n<h3 class=\"wp-block-heading\"><span class=\"ez-toc-section\" id=\"5_Lobkowicz-palatset_%E2%80%94_en_dold_parla_som_de_flesta_turister_missar\"><\/span><span class=\"ez-toc-section\" id=\"5_Lobkowicz-palatset_en_dold_parla_som_de_flesta_turister_missar\"><\/span>5. Lobkowicz-palatset \u2014 en dold p\u00e4rla som de flesta turister missar<span class=\"ez-toc-section-end\"><\/span><span class=\"ez-toc-section-end\"><\/span><\/h3>\n<figure class=\"wp-block-image size-full\"><img loading=\"lazy\" decoding=\"async\" width=\"2528\" height=\"1696\" src=\"https:\/\/loudavymkrokem.cz\/wp-content\/uploads\/2026\/03\/prazsky-hrad-lobkovicky-palac-1.jpg\" alt=\"Lobkowicz-palatset p\u00e5 Pragborgen\" class=\"wp-image-139623\" title=\"\" srcset=\"https:\/\/loudavymkrokem.cz\/wp-content\/uploads\/2026\/03\/prazsky-hrad-lobkovicky-palac-1.jpg 2528w, https:\/\/loudavymkrokem.cz\/wp-content\/uploads\/2026\/03\/prazsky-hrad-lobkovicky-palac-1-300x201.jpg 300w, https:\/\/loudavymkrokem.cz\/wp-content\/uploads\/2026\/03\/prazsky-hrad-lobkovicky-palac-1-700x470.jpg 700w, https:\/\/loudavymkrokem.cz\/wp-content\/uploads\/2026\/03\/prazsky-hrad-lobkovicky-palac-1-768x515.jpg 768w, https:\/\/loudavymkrokem.cz\/wp-content\/uploads\/2026\/03\/prazsky-hrad-lobkovicky-palac-1-1536x1030.jpg 1536w, https:\/\/loudavymkrokem.cz\/wp-content\/uploads\/2026\/03\/prazsky-hrad-lobkovicky-palac-1-2048x1374.jpg 2048w, https:\/\/loudavymkrokem.cz\/wp-content\/uploads\/2026\/03\/prazsky-hrad-lobkovicky-palac-1-696x467.jpg 696w, https:\/\/loudavymkrokem.cz\/wp-content\/uploads\/2026\/03\/prazsky-hrad-lobkovicky-palac-1-1392x934.jpg 1392w, https:\/\/loudavymkrokem.cz\/wp-content\/uploads\/2026\/03\/prazsky-hrad-lobkovicky-palac-1-1920x1288.jpg 1920w\" sizes=\"auto, (max-width: 2528px) 100vw, 2528px\"><\/figure>\n<p>Lobkowicz-palatset \u00e4r <strong>den enda privat\u00e4gda fastigheten p\u00e5 Pragborgen<\/strong> och jag skulle s\u00e4ga att det \u00e4r en av de mest underskattade platserna i hela komplexet. De flesta vet inte om det, eftersom det inte ing\u00e5r i borgens rundturer \u2014 det har en egen biljett till ca 11 \u20ac och en egen ing\u00e5ng.<\/p>\n<p>Och \u00e4nd\u00e5 rymmer det en helt h\u00e4nf\u00f6rande samling. <strong>Canaletto, Bruegel den \u00e4ldre, Vel\u00e1zquez<\/strong> \u2014 det \u00e4r namn du skulle f\u00f6rv\u00e4nta dig hitta p\u00e5 Louvre, inte i ett palats p\u00e5 Pragborgen. Dessutom finns originalmanuskript av Beethoven, Mozart och Haydn \u2014 Beethovens 3:e, 4:e och 5:e symfoni i hans egen handstil. F\u00f6r musik\u00e4lskare \u00e4r det som att hitta den heliga Graal.<\/p>\n<p>Palatset anordnar <strong>dagliga konserter med klassisk musik<\/strong> i sin barocksal \u2014 och akustiken \u00e4r fantastisk. Och sedan finns <strong>terrassen med kaf\u00e9<\/strong>, varifr\u00e5n utsikten \u00f6ver Prag matchar den fr\u00e5n katedralens torn, fast utan 287 trappsteg och till priset av en cappuccino.<\/p>\n<p>Om du bara skulle v\u00e4lja ett enda st\u00e4lle med betald entr\u00e9 p\u00e5 borgen, skulle jag \u00e4rligt s\u00e4ga: \u00f6verv\u00e4g Lobkowicz-palatset. Det \u00e4r en kombination av v\u00e4rldskonst, musik och utsikt, och dessutom \u00e4r det inte alls lika fullt som i katedralen.<\/p>\n<h3 class=\"wp-block-heading\"><span class=\"ez-toc-section\" id=\"6_Vaktavlosningen_%E2%80%94_ar_det_vart_det\"><\/span><span class=\"ez-toc-section\" id=\"6_Vaktavlosningen_ar_det_vart_det\"><\/span>6. Vaktavl\u00f6sningen \u2014 \u00e4r det v\u00e4rt det?<span class=\"ez-toc-section-end\"><\/span><span class=\"ez-toc-section-end\"><\/span><\/h3>\n<figure class=\"wp-block-image size-full\"><img loading=\"lazy\" decoding=\"async\" width=\"2528\" height=\"1696\" src=\"https:\/\/loudavymkrokem.cz\/wp-content\/uploads\/2026\/03\/prazsky-hrad-hradni-straz.jpg\" alt=\"Borgvakten vid Pragborgen\" class=\"wp-image-139624\" title=\"\" srcset=\"https:\/\/loudavymkrokem.cz\/wp-content\/uploads\/2026\/03\/prazsky-hrad-hradni-straz.jpg 2528w, https:\/\/loudavymkrokem.cz\/wp-content\/uploads\/2026\/03\/prazsky-hrad-hradni-straz-300x201.jpg 300w, https:\/\/loudavymkrokem.cz\/wp-content\/uploads\/2026\/03\/prazsky-hrad-hradni-straz-700x470.jpg 700w, https:\/\/loudavymkrokem.cz\/wp-content\/uploads\/2026\/03\/prazsky-hrad-hradni-straz-768x515.jpg 768w, https:\/\/loudavymkrokem.cz\/wp-content\/uploads\/2026\/03\/prazsky-hrad-hradni-straz-1536x1030.jpg 1536w, https:\/\/loudavymkrokem.cz\/wp-content\/uploads\/2026\/03\/prazsky-hrad-hradni-straz-2048x1374.jpg 2048w, https:\/\/loudavymkrokem.cz\/wp-content\/uploads\/2026\/03\/prazsky-hrad-hradni-straz-696x467.jpg 696w, https:\/\/loudavymkrokem.cz\/wp-content\/uploads\/2026\/03\/prazsky-hrad-hradni-straz-1392x934.jpg 1392w, https:\/\/loudavymkrokem.cz\/wp-content\/uploads\/2026\/03\/prazsky-hrad-hradni-straz-1920x1288.jpg 1920w\" sizes=\"auto, (max-width: 2528px) 100vw, 2528px\"><\/figure>\n<p>Vaktavl\u00f6sningen p\u00e5 Pragborgen sker <strong>varje hel timme fr\u00e5n kl. 7:00 till 20:00<\/strong> \u2014 men det alla samlas f\u00f6r \u00e4r <strong>den ceremoniella avl\u00f6sningen kl. 12:00<\/strong>. Den genomf\u00f6rs med fanfarer, 25 medlemmar fr\u00e5n borgens milit\u00e4rmusik och ett flaggbyte p\u00e5 f\u00f6rsta borgg\u00e5rden.<\/p>\n<p>\u00c4r det v\u00e4rt det? Det beror p\u00e5 f\u00f6rv\u00e4ntningarna. Om du f\u00f6rv\u00e4ntar dig Buckingham Palace blir du nog lite besviken \u2014 det \u00e4r kortare och mindre pomp\u00f6st. P\u00e5 n\u00e4tet hittar du recensioner fr\u00e5n &#8221;vackert&#8221; till &#8221;underwhelming&#8221;. Men det \u00e4r <strong>gratis<\/strong>, tar bara n\u00e5gra minuter och om du \u00e4nd\u00e5 befinner dig vid borgen runt lunchtid \u2014 varf\u00f6r inte. Var bara beredd p\u00e5 att du beh\u00f6ver komma i god tid f\u00f6r att f\u00e5 en bra plats vid f\u00f6rsta borgg\u00e5rden, f\u00f6r det samlas folkmassor.<\/p>\n<p>Min rekommendation: om du inte har tid att v\u00e4nta, \u00e4ndra inte ditt program f\u00f6r det. Om du r\u00e5kar g\u00e5 f\u00f6rbi runt lunchtid, stanna till. Men res inte dit speciellt bara f\u00f6r vaktavl\u00f6sningen.<\/p>\n<h2 class=\"wp-block-heading\"><span class=\"ez-toc-section\" id=\"Pragborgens_tradgardar_%E2%80%94_den_vackraste_delen_som_turister_forbiser\"><\/span><span class=\"ez-toc-section\" id=\"Pragborgens_tradgardar_den_vackraste_delen_som_turister_forbiser\"><\/span>Pragborgens tr\u00e4dg\u00e5rdar \u2014 den vackraste delen som turister f\u00f6rbiser<span class=\"ez-toc-section-end\"><\/span><span class=\"ez-toc-section-end\"><\/span><\/h2>\n<p>Vet du vad som st\u00f6r mig mest med Pragborgen? Att de flesta turister g\u00e5r igenom katedralen, Gyllene gr\u00e4nden, tar sina bilder och drar \u2014 och helt missar tr\u00e4dg\u00e5rdarna, som enligt mig \u00e4r den allra vackraste delen av hela komplexet. Och de \u00e4r <strong>gratis<\/strong>. S\u00e5 se det h\u00e4r avsnittet som min personliga lobbyverksamhet f\u00f6r att du ska bes\u00f6ka tr\u00e4dg\u00e5rdarna.<\/p>\n<h3 class=\"wp-block-heading\"><span class=\"ez-toc-section\" id=\"Kungliga_tradgarden_%E2%80%94_36_hektar_skonhet\"><\/span><span class=\"ez-toc-section\" id=\"Kungliga_tradgarden_36_hektar_skonhet\"><\/span>Kungliga tr\u00e4dg\u00e5rden \u2014 3,6 hektar sk\u00f6nhet<span class=\"ez-toc-section-end\"><\/span><span class=\"ez-toc-section-end\"><\/span><\/h3>\n<figure class=\"wp-block-image size-full\"><img loading=\"lazy\" decoding=\"async\" width=\"2528\" height=\"1696\" src=\"https:\/\/loudavymkrokem.cz\/wp-content\/uploads\/2026\/03\/prazsky-hrad-kralovska-zahrada-1.jpg\" alt=\"Kungliga lustslottet i Pragborgens kungliga tr\u00e4dg\u00e5rd\" class=\"wp-image-139625\" title=\"\" srcset=\"https:\/\/loudavymkrokem.cz\/wp-content\/uploads\/2026\/03\/prazsky-hrad-kralovska-zahrada-1.jpg 2528w, https:\/\/loudavymkrokem.cz\/wp-content\/uploads\/2026\/03\/prazsky-hrad-kralovska-zahrada-1-300x201.jpg 300w, https:\/\/loudavymkrokem.cz\/wp-content\/uploads\/2026\/03\/prazsky-hrad-kralovska-zahrada-1-700x470.jpg 700w, https:\/\/loudavymkrokem.cz\/wp-content\/uploads\/2026\/03\/prazsky-hrad-kralovska-zahrada-1-768x515.jpg 768w, https:\/\/loudavymkrokem.cz\/wp-content\/uploads\/2026\/03\/prazsky-hrad-kralovska-zahrada-1-1536x1030.jpg 1536w, https:\/\/loudavymkrokem.cz\/wp-content\/uploads\/2026\/03\/prazsky-hrad-kralovska-zahrada-1-2048x1374.jpg 2048w, https:\/\/loudavymkrokem.cz\/wp-content\/uploads\/2026\/03\/prazsky-hrad-kralovska-zahrada-1-696x467.jpg 696w, https:\/\/loudavymkrokem.cz\/wp-content\/uploads\/2026\/03\/prazsky-hrad-kralovska-zahrada-1-1392x934.jpg 1392w, https:\/\/loudavymkrokem.cz\/wp-content\/uploads\/2026\/03\/prazsky-hrad-kralovska-zahrada-1-1920x1288.jpg 1920w\" sizes=\"auto, (max-width: 2528px) 100vw, 2528px\"><\/figure>\n<p>Kungliga tr\u00e4dg\u00e5rden ligger p\u00e5 borgens norra sida och \u00e4r <strong>enorm<\/strong> \u2014 3,6 hektar, n\u00e5got man knappt kan f\u00f6rest\u00e4lla sig mitt i centrala Prag. Den grundades 1534 av Ferdinand I av Habsburg och rymmer en m\u00e4ngd historiska skatter: <strong>Kungliga lustslottet<\/strong> (Belvedere) \u2014 en elegant ren\u00e4ssansbyggnad framf\u00f6r vilken den Sjungande font\u00e4nen st\u00e5r \u2014 och <strong>Bollhuset<\/strong>, en ren\u00e4ssansbyggnad med sgraffitodekor.<\/p>\n<p>Kul fakta: I Kungliga tr\u00e4dg\u00e5rden ska de <strong>f\u00f6rsta tulpanerna i Europa<\/strong> ha odlats \u2014 importerade fr\u00e5n Turkiet. Idag hittar du snarare v\u00e4lsk\u00f6tta rabatter och fullvuxna tr\u00e4d, men p\u00e5 v\u00e5ren \u00e4r det underbart h\u00e4r.<\/p>\n<p>Tr\u00e4dg\u00e5rden \u00e4r perfekt f\u00f6r att vila upp sig efter en rundtur p\u00e5 borgen. B\u00e4nkar, lugn, gr\u00f6nska, inga folkmassor. Luk\u00e1\u0161 och jag kommer hit ofta bara f\u00f6r att s\u00e4tta oss ner, dricka kaffe ur termosen och titta p\u00e5 Belvedere.<\/p>\n<h3 class=\"wp-block-heading\"><span class=\"ez-toc-section\" id=\"Sodra_tradgardarna_%E2%80%94_Plecniks_design_och_utsikt_over_Prag\"><\/span><span class=\"ez-toc-section\" id=\"Sodra_tradgardarna_Plecniks_design_och_utsikt_over_Prag\"><\/span>S\u00f6dra tr\u00e4dg\u00e5rdarna \u2014 Ple\u010dniks design och utsikt \u00f6ver Prag<span class=\"ez-toc-section-end\"><\/span><span class=\"ez-toc-section-end\"><\/span><\/h3>\n<figure class=\"wp-block-image size-full\"><img loading=\"lazy\" decoding=\"async\" width=\"2528\" height=\"1696\" src=\"https:\/\/loudavymkrokem.cz\/wp-content\/uploads\/2026\/03\/prazsky-hrad-jizni-zahrady-1.jpg\" alt=\"Utsikt fr\u00e5n Pragborgens s\u00f6dra tr\u00e4dg\u00e5rdar \u00f6ver Prag\" class=\"wp-image-139626\" title=\"\" srcset=\"https:\/\/loudavymkrokem.cz\/wp-content\/uploads\/2026\/03\/prazsky-hrad-jizni-zahrady-1.jpg 2528w, https:\/\/loudavymkrokem.cz\/wp-content\/uploads\/2026\/03\/prazsky-hrad-jizni-zahrady-1-300x201.jpg 300w, https:\/\/loudavymkrokem.cz\/wp-content\/uploads\/2026\/03\/prazsky-hrad-jizni-zahrady-1-700x470.jpg 700w, https:\/\/loudavymkrokem.cz\/wp-content\/uploads\/2026\/03\/prazsky-hrad-jizni-zahrady-1-768x515.jpg 768w, https:\/\/loudavymkrokem.cz\/wp-content\/uploads\/2026\/03\/prazsky-hrad-jizni-zahrady-1-1536x1030.jpg 1536w, https:\/\/loudavymkrokem.cz\/wp-content\/uploads\/2026\/03\/prazsky-hrad-jizni-zahrady-1-2048x1374.jpg 2048w, https:\/\/loudavymkrokem.cz\/wp-content\/uploads\/2026\/03\/prazsky-hrad-jizni-zahrady-1-696x467.jpg 696w, https:\/\/loudavymkrokem.cz\/wp-content\/uploads\/2026\/03\/prazsky-hrad-jizni-zahrady-1-1392x934.jpg 1392w, https:\/\/loudavymkrokem.cz\/wp-content\/uploads\/2026\/03\/prazsky-hrad-jizni-zahrady-1-1920x1288.jpg 1920w\" sizes=\"auto, (max-width: 2528px) 100vw, 2528px\"><\/figure>\n<p>S\u00f6dra tr\u00e4dg\u00e5rdarna (Na Valech och Paradisparken) str\u00e4cker sig l\u00e4ngs <strong>500 meter under den s\u00f6dra borgmuren<\/strong> och utsikten h\u00e4rifr\u00e5n \u00e4r hisnande. Du ser hela Prag under dig \u2014 Mal\u00e1 Strana, Karlsbron, taken i Gamla stan. Vid fint v\u00e4der \u00e4r det f\u00f6rmodligen den mest fotogena platsen i hela Prag.<\/p>\n<p>Tr\u00e4dg\u00e5rdarna formgavs p\u00e5 1920-talet av den slovenske arkitekten <strong>Josip Ple\u010dn\u00edk<\/strong> \u2014 och hans handlag m\u00e4rks. Terrasser, kolonnader, utsiktspaviljonger \u2014 det \u00e4r en elegant och samtidigt diskret arkitektur som arbetar vackert med den branta sluttningen.<\/p>\n<h3 class=\"wp-block-heading\"><span class=\"ez-toc-section\" id=\"Hjortdiket_%E2%80%94_en_lugn_oas_som_nastan_ingen_kanner_till\"><\/span><span class=\"ez-toc-section\" id=\"Hjortdiket_en_lugn_oas_som_nastan_ingen_kanner_till\"><\/span>Hjortdiket \u2014 en lugn oas som n\u00e4stan ingen k\u00e4nner till<span class=\"ez-toc-section-end\"><\/span><span class=\"ez-toc-section-end\"><\/span><\/h3>\n<figure class=\"wp-block-image size-full\"><img loading=\"lazy\" decoding=\"async\" width=\"2528\" height=\"1696\" src=\"https:\/\/loudavymkrokem.cz\/wp-content\/uploads\/2026\/03\/prazsky-hrad-jeleni-prikop-1.jpg\" alt=\"Hjortdiket vid Pragborgen\" class=\"wp-image-139627\" title=\"\" srcset=\"https:\/\/loudavymkrokem.cz\/wp-content\/uploads\/2026\/03\/prazsky-hrad-jeleni-prikop-1.jpg 2528w, https:\/\/loudavymkrokem.cz\/wp-content\/uploads\/2026\/03\/prazsky-hrad-jeleni-prikop-1-300x201.jpg 300w, https:\/\/loudavymkrokem.cz\/wp-content\/uploads\/2026\/03\/prazsky-hrad-jeleni-prikop-1-700x470.jpg 700w, https:\/\/loudavymkrokem.cz\/wp-content\/uploads\/2026\/03\/prazsky-hrad-jeleni-prikop-1-768x515.jpg 768w, https:\/\/loudavymkrokem.cz\/wp-content\/uploads\/2026\/03\/prazsky-hrad-jeleni-prikop-1-1536x1030.jpg 1536w, https:\/\/loudavymkrokem.cz\/wp-content\/uploads\/2026\/03\/prazsky-hrad-jeleni-prikop-1-2048x1374.jpg 2048w, https:\/\/loudavymkrokem.cz\/wp-content\/uploads\/2026\/03\/prazsky-hrad-jeleni-prikop-1-696x467.jpg 696w, https:\/\/loudavymkrokem.cz\/wp-content\/uploads\/2026\/03\/prazsky-hrad-jeleni-prikop-1-1392x934.jpg 1392w, https:\/\/loudavymkrokem.cz\/wp-content\/uploads\/2026\/03\/prazsky-hrad-jeleni-prikop-1-1920x1288.jpg 1920w\" sizes=\"auto, (max-width: 2528px) 100vw, 2528px\"><\/figure>\n<p>Hjortdiket (Jelen\u00ed p\u0159\u00edkop) \u00e4r ett djupt naturligt dike mellan borgen och Kungliga tr\u00e4dg\u00e5rden, genom vilket b\u00e4cken Brusnice en g\u00e5ng fl\u00f6t (och f\u00f6rresten fortfarande g\u00f6r det). Namnet kommer fr\u00e5n hjortarna som h\u00f6lls h\u00e4r f\u00f6r det kungliga hovet. Idag \u00e4r det en gr\u00f6n oas d\u00e4r du m\u00f6ter lokala l\u00f6pare och en handfull insatta turister.<\/p>\n<p><strong>Intr\u00e4det \u00e4r gratis<\/strong>, men \u00f6ppettiderna varierar beroende p\u00e5 m\u00e5nad \u2014 i mars 10:00\u201317:00, i juni och juli 10:00\u201321:00, i oktober 10:00\u201318:00. P\u00e5 vintern \u00e4r det st\u00e4ngt.<\/p>\n<p>\ud83d\udca1 <strong>TIPS:<\/strong> \u00d6ppettiderna f\u00f6r tr\u00e4dg\u00e5rdarna \u00e4ndras varje \u00e5r \u2014 generellt \u00e4r de st\u00e4ngda fr\u00e5n ca <strong>13 november till slutet av februari<\/strong>. Aktuellt schema hittar du p\u00e5 borgens officiella hemsida. Om du bes\u00f6ker borgen p\u00e5 vintern, r\u00e4kna med att du inte f\u00e5r se tr\u00e4dg\u00e5rdarna.<\/p>\n<h2 class=\"wp-block-heading\"><span class=\"ez-toc-section\" id=\"Dolda_parlor_vid_Pragborgen_%E2%80%94_dit_turister_inte_gar\"><\/span><span class=\"ez-toc-section\" id=\"Dolda_parlor_vid_Pragborgen_dit_turister_inte_gar\"><\/span>Dolda p\u00e4rlor vid Pragborgen \u2014 dit turister inte g\u00e5r<span class=\"ez-toc-section-end\"><\/span><span class=\"ez-toc-section-end\"><\/span><\/h2>\n<figure class=\"wp-block-image size-full\"><img loading=\"lazy\" decoding=\"async\" width=\"2528\" height=\"1696\" src=\"https:\/\/loudavymkrokem.cz\/wp-content\/uploads\/2026\/03\/prazsky-hrad-hradcany.jpg\" alt=\"Hrad\u010dany-torget i Prag\" class=\"wp-image-139635\" title=\"\" srcset=\"https:\/\/loudavymkrokem.cz\/wp-content\/uploads\/2026\/03\/prazsky-hrad-hradcany.jpg 2528w, https:\/\/loudavymkrokem.cz\/wp-content\/uploads\/2026\/03\/prazsky-hrad-hradcany-300x201.jpg 300w, https:\/\/loudavymkrokem.cz\/wp-content\/uploads\/2026\/03\/prazsky-hrad-hradcany-700x470.jpg 700w, https:\/\/loudavymkrokem.cz\/wp-content\/uploads\/2026\/03\/prazsky-hrad-hradcany-768x515.jpg 768w, https:\/\/loudavymkrokem.cz\/wp-content\/uploads\/2026\/03\/prazsky-hrad-hradcany-1536x1030.jpg 1536w, https:\/\/loudavymkrokem.cz\/wp-content\/uploads\/2026\/03\/prazsky-hrad-hradcany-2048x1374.jpg 2048w, https:\/\/loudavymkrokem.cz\/wp-content\/uploads\/2026\/03\/prazsky-hrad-hradcany-696x467.jpg 696w, https:\/\/loudavymkrokem.cz\/wp-content\/uploads\/2026\/03\/prazsky-hrad-hradcany-1392x934.jpg 1392w, https:\/\/loudavymkrokem.cz\/wp-content\/uploads\/2026\/03\/prazsky-hrad-hradcany-1920x1288.jpg 1920w\" sizes=\"auto, (max-width: 2528px) 100vw, 2528px\"><\/figure>\n<p>Omgivningarna runt Pragborgen g\u00f6mmer platser som har det gamla Prags atmosf\u00e4r utan folkmassor och turistf\u00e4llor. Om du har tid, l\u00e4gg till dessa platser i din resplan \u2014 du kommer inte \u00e5ngra dig.<\/p>\n<h3 class=\"wp-block-heading\"><span class=\"ez-toc-section\" id=\"Novy_Svet_%E2%80%94_en_romantisk_grand_dar_tiden_stod_stilla\"><\/span><span class=\"ez-toc-section\" id=\"Novy_Svet_en_romantisk_grand_dar_tiden_stod_stilla\"><\/span>Nov\u00fd Sv\u011bt \u2014 en romantisk gr\u00e4nd d\u00e4r tiden stod stilla<span class=\"ez-toc-section-end\"><\/span><span class=\"ez-toc-section-end\"><\/span><\/h3>\n<figure class=\"wp-block-image size-full\"><img loading=\"lazy\" decoding=\"async\" width=\"2528\" height=\"1696\" src=\"https:\/\/loudavymkrokem.cz\/wp-content\/uploads\/2026\/03\/prazsky-hrad-novy-svet-1.jpg\" alt=\"Gatan Nov\u00fd Sv\u011bt n\u00e4ra Pragborgen\" class=\"wp-image-139628\" title=\"\" srcset=\"https:\/\/loudavymkrokem.cz\/wp-content\/uploads\/2026\/03\/prazsky-hrad-novy-svet-1.jpg 2528w, https:\/\/loudavymkrokem.cz\/wp-content\/uploads\/2026\/03\/prazsky-hrad-novy-svet-1-300x201.jpg 300w, https:\/\/loudavymkrokem.cz\/wp-content\/uploads\/2026\/03\/prazsky-hrad-novy-svet-1-700x470.jpg 700w, https:\/\/loudavymkrokem.cz\/wp-content\/uploads\/2026\/03\/prazsky-hrad-novy-svet-1-768x515.jpg 768w, https:\/\/loudavymkrokem.cz\/wp-content\/uploads\/2026\/03\/prazsky-hrad-novy-svet-1-1536x1030.jpg 1536w, https:\/\/loudavymkrokem.cz\/wp-content\/uploads\/2026\/03\/prazsky-hrad-novy-svet-1-2048x1374.jpg 2048w, https:\/\/loudavymkrokem.cz\/wp-content\/uploads\/2026\/03\/prazsky-hrad-novy-svet-1-696x467.jpg 696w, https:\/\/loudavymkrokem.cz\/wp-content\/uploads\/2026\/03\/prazsky-hrad-novy-svet-1-1392x934.jpg 1392w, https:\/\/loudavymkrokem.cz\/wp-content\/uploads\/2026\/03\/prazsky-hrad-novy-svet-1-1920x1288.jpg 1920w\" sizes=\"auto, (max-width: 2528px) 100vw, 2528px\"><\/figure>\n<p>Nov\u00fd Sv\u011bt \u00e4r en liten gr\u00e4nd med f\u00e4rgglada hus ungef\u00e4r fem minuters promenad fr\u00e5n borgen i riktning mot Loreta \u2014 och det \u00e4r f\u00f6rmodligen min absoluta favoritplats i hela Hrad\u010dany. Den uppstod under 1300-talet som ett kvarter f\u00f6r fattiga och hantverkare, och har \u00e4n idag kvar den karakt\u00e4ren av en liten stad inuti storstaden.<\/p>\n<p>Husen har f\u00f6rtrollande namn \u2014 &#8221;Vid den gyllene foten&#8221;, &#8221;Vid det gyllene p\u00e4ronet&#8221;, &#8221;Vid den gyllene druvan&#8221;, &#8221;Vid den gyllene stj\u00e4rnan&#8221;. H\u00e4r finns <strong>timmerhuset U Raka<\/strong>, som s\u00e4gs vara det enda timmerhuset i Prags historiska centrum. Och den danske astronomen <strong>Tycho Brahe<\/strong> ska ha bott h\u00e4r en period \u2014 historikerna diskuterar det, men det understryker den speciella atmosf\u00e4ren.<\/p>\n<p>I slutet av gr\u00e4nden hittar du <strong>Kav\u00e1rna Nov\u00fd Sv\u011bt<\/strong> \u2014 ett litet, lugnt kaf\u00e9 d\u00e4r du kan sitta utomhus och dricka utm\u00e4rkt kaffe till normala priser (inte borgens turistp\u00e5l\u00e4gg). Ist\u00e4llet f\u00f6r tr\u00e4ngseln p\u00e5 Gyllene gr\u00e4nden \u2014 prova Nov\u00fd Sv\u011bt. Det \u00e4r lika fotogeniskt, kanske mer, och praktiskt taget utan turister.<\/p>\n<h3 class=\"wp-block-heading\"><span class=\"ez-toc-section\" id=\"Strahov_%E2%80%94_bibliotek_bryggeri_och_utsikter\"><\/span><span class=\"ez-toc-section\" id=\"Strahov_bibliotek_bryggeri_och_utsikter\"><\/span>Strahov \u2014 bibliotek, bryggeri och utsikter<span class=\"ez-toc-section-end\"><\/span><span class=\"ez-toc-section-end\"><\/span><\/h3>\n<figure class=\"wp-block-image size-full\"><img loading=\"lazy\" decoding=\"async\" width=\"2528\" height=\"1696\" src=\"https:\/\/loudavymkrokem.cz\/wp-content\/uploads\/2026\/03\/prazsky-hrad-strahov-1.jpg\" alt=\"Strahov-klostret n\u00e4ra Pragborgen\" class=\"wp-image-139629\" title=\"\" srcset=\"https:\/\/loudavymkrokem.cz\/wp-content\/uploads\/2026\/03\/prazsky-hrad-strahov-1.jpg 2528w, https:\/\/loudavymkrokem.cz\/wp-content\/uploads\/2026\/03\/prazsky-hrad-strahov-1-300x201.jpg 300w, https:\/\/loudavymkrokem.cz\/wp-content\/uploads\/2026\/03\/prazsky-hrad-strahov-1-700x470.jpg 700w, https:\/\/loudavymkrokem.cz\/wp-content\/uploads\/2026\/03\/prazsky-hrad-strahov-1-768x515.jpg 768w, https:\/\/loudavymkrokem.cz\/wp-content\/uploads\/2026\/03\/prazsky-hrad-strahov-1-1536x1030.jpg 1536w, https:\/\/loudavymkrokem.cz\/wp-content\/uploads\/2026\/03\/prazsky-hrad-strahov-1-2048x1374.jpg 2048w, https:\/\/loudavymkrokem.cz\/wp-content\/uploads\/2026\/03\/prazsky-hrad-strahov-1-696x467.jpg 696w, https:\/\/loudavymkrokem.cz\/wp-content\/uploads\/2026\/03\/prazsky-hrad-strahov-1-1392x934.jpg 1392w, https:\/\/loudavymkrokem.cz\/wp-content\/uploads\/2026\/03\/prazsky-hrad-strahov-1-1920x1288.jpg 1920w\" sizes=\"auto, (max-width: 2528px) 100vw, 2528px\"><\/figure>\n<p>Strahov-klostret ligger ett stenkast fr\u00e5n borgen (10 minuters promenad fr\u00e5n Poho\u0159elec) och har tv\u00e5 saker som g\u00f6r det v\u00e4rt ett bes\u00f6k.<\/p>\n<p><strong>Strahov-biblioteket<\/strong> (ca 8 \u20ac) \u00e4r ett av v\u00e4rldens vackraste bibliotek \u2014 och det s\u00e4ger jag utan \u00f6verdrift. Teologiska salen med barockfresker och glober och Filosofiska salen med tr\u00e4hyllor fr\u00e5n golv till tak fyllda med gamla b\u00f6cker \u2014 det \u00e4r som att kliva in i en film. Du kan inte g\u00e5 in direkt bland hyllorna (du tittar fr\u00e5n d\u00f6rr\u00f6ppningen), men det \u00e4r \u00e4nd\u00e5 \u00f6verv\u00e4ldigande.<\/p>\n<p><strong>Strahov-klosterbryggeriet<\/strong> brygger sitt eget \u00f6l direkt i klosteromr\u00e5det. Bryggeritraditionen h\u00e4r str\u00e4cker sig tillbaka till 1400-talet, \u00e4ven om det nuvarande mikrobryggeriet har funnits sedan 2001. \u00d6let \u00e4r utm\u00e4rkt, maten gedigen \u2014 men <strong>du m\u00e5ste boka bord<\/strong>, s\u00e4rskilt p\u00e5 helger och under h\u00f6gs\u00e4song. Utan bokning kan det vara sv\u00e5rt att komma in. Vi kom en g\u00e5ng utan bokning p\u00e5 en l\u00f6rdag och fick v\u00e4nta i ungef\u00e4r 40 minuter. Sedan dess ringer vi alltid i f\u00f6rv\u00e4g. \ud83d\ude05<\/p>\n<p>N\u00e4ra klostret ligger ocks\u00e5 <strong>restaurangen Na Pekle<\/strong> med vink\u00e4llare \u2014 ocks\u00e5 trevlig, \u00e4ven om den \u00e4r lite undanskymd.<\/p>\n<h3 class=\"wp-block-heading\"><span class=\"ez-toc-section\" id=\"Fotogena_platser_%E2%80%94_var_du_ska_fota\"><\/span><span class=\"ez-toc-section\" id=\"Fotogena_platser_var_du_ska_fota\"><\/span>Fotogena platser \u2014 var du ska fota<span class=\"ez-toc-section-end\"><\/span><span class=\"ez-toc-section-end\"><\/span><\/h3>\n<figure class=\"wp-block-image size-full\"><img loading=\"lazy\" decoding=\"async\" width=\"2528\" height=\"1696\" src=\"https:\/\/loudavymkrokem.cz\/wp-content\/uploads\/2026\/03\/prazsky-hrad-vyhled.jpg\" alt=\"Utsikt \u00f6ver Prag fr\u00e5n Pragborgens omgivningar\" class=\"wp-image-139630\" title=\"\" srcset=\"https:\/\/loudavymkrokem.cz\/wp-content\/uploads\/2026\/03\/prazsky-hrad-vyhled.jpg 2528w, https:\/\/loudavymkrokem.cz\/wp-content\/uploads\/2026\/03\/prazsky-hrad-vyhled-300x201.jpg 300w, https:\/\/loudavymkrokem.cz\/wp-content\/uploads\/2026\/03\/prazsky-hrad-vyhled-700x470.jpg 700w, https:\/\/loudavymkrokem.cz\/wp-content\/uploads\/2026\/03\/prazsky-hrad-vyhled-768x515.jpg 768w, https:\/\/loudavymkrokem.cz\/wp-content\/uploads\/2026\/03\/prazsky-hrad-vyhled-1536x1030.jpg 1536w, https:\/\/loudavymkrokem.cz\/wp-content\/uploads\/2026\/03\/prazsky-hrad-vyhled-2048x1374.jpg 2048w, https:\/\/loudavymkrokem.cz\/wp-content\/uploads\/2026\/03\/prazsky-hrad-vyhled-696x467.jpg 696w, https:\/\/loudavymkrokem.cz\/wp-content\/uploads\/2026\/03\/prazsky-hrad-vyhled-1392x934.jpg 1392w, https:\/\/loudavymkrokem.cz\/wp-content\/uploads\/2026\/03\/prazsky-hrad-vyhled-1920x1288.jpg 1920w\" sizes=\"auto, (max-width: 2528px) 100vw, 2528px\"><\/figure>\n<p>Om du samlar Instagrambilder eller helt enkelt vill ha vackra minnen:<\/p>\n<ul class=\"wp-block-list\">\n<li><strong>S\u00f6dra tr\u00e4dg\u00e5rdarna<\/strong> \u2014 utsikt \u00f6ver Prag med r\u00f6da tak, b\u00e4st ljus p\u00e5 eftermiddagen<\/li>\n<li><strong>Tredje borgg\u00e5rden<\/strong> \u2014 Vituskatedralen p\u00e5 n\u00e4ra h\u00e5ll, p\u00e5 morgonen utan folk<\/li>\n<li><strong>Nov\u00fd Sv\u011bt<\/strong> \u2014 f\u00e4rgglada hus med lyktor, vackert n\u00e4r som helst<\/li>\n<li><strong>Nerudova-gatan<\/strong> (p\u00e5 v\u00e4gen nerf\u00f6r) \u2014 ikoniska hussymboler och vy mot Sankt Nikolaus-kyrkans kupol<\/li>\n<li><strong>Kungliga lustslottet Belvedere<\/strong> \u2014 den renaste ren\u00e4ssansbyggnaden i Prag, underbar p\u00e5 foto<\/li>\n<li><strong>Utsikt mot borgen nedifr\u00e5n<\/strong> \u2014 fr\u00e5n Karlsbron eller kajerna, b\u00e4st efter solnedg\u00e5ng n\u00e4r borgen \u00e4r upplyst<\/li>\n<\/ul>\n<p>\ud83d\udca1 <strong>TIPS:<\/strong> B\u00e4sta ljuset f\u00f6r att fotografera borgen inifr\u00e5n \u00e4r p\u00e5 morgonen (\u00f6stligt ljus p\u00e5 katedralen). F\u00f6r foto av borgen utifr\u00e5n \u00e4r sen eftermiddag och kv\u00e4ll b\u00e4st, n\u00e4r den \u00e4r upplyst.<\/p>\n<h2 class=\"wp-block-heading\"><span class=\"ez-toc-section\" id=\"Var_du_ater_vid_Pragborgen_%E2%80%94_utan_turistfallor\"><\/span><span class=\"ez-toc-section\" id=\"Var_du_ater_vid_Pragborgen_utan_turistfallor\"><\/span>Var du \u00e4ter vid Pragborgen \u2014 utan turistf\u00e4llor<span class=\"ez-toc-section-end\"><\/span><span class=\"ez-toc-section-end\"><\/span><\/h2>\n<p>Mat i Pragborgens omgivningar \u00e4r lite av ett minf\u00e4lt. Restauranger direkt p\u00e5 turiststr\u00e5ken brukar vara \u00f6verprisade och kvaliteten motsvarar det faktum att g\u00e4sten kommer en g\u00e5ng och aldrig \u00e5terv\u00e4nder. Men det finns undantag \u2014 och n\u00e5gra st\u00e4llen dit \u00e4ven lokalborna g\u00e5r. H\u00e4r \u00e4r mina tips.<\/p>\n<h3 class=\"wp-block-heading\"><span class=\"ez-toc-section\" id=\"Kuchyn_Ambiente_%E2%80%94_tjeckiskt_kok_med_utsikt\"><\/span><span class=\"ez-toc-section\" id=\"Kuchyn_Ambiente_tjeckiskt_kok_med_utsikt\"><\/span>Kuchy\u0148 (Ambiente) \u2014 tjeckiskt k\u00f6k med utsikt<span class=\"ez-toc-section-end\"><\/span><span class=\"ez-toc-section-end\"><\/span><\/h3>\n<figure class=\"wp-block-image size-full\"><img loading=\"lazy\" decoding=\"async\" width=\"2528\" height=\"1696\" src=\"https:\/\/loudavymkrokem.cz\/wp-content\/uploads\/2026\/03\/prazsky-hrad-kuchyn.jpg\" alt=\"Restaurang Kuchy\u0148 vid Pragborgen\" class=\"wp-image-139631\" title=\"\" srcset=\"https:\/\/loudavymkrokem.cz\/wp-content\/uploads\/2026\/03\/prazsky-hrad-kuchyn.jpg 2528w, https:\/\/loudavymkrokem.cz\/wp-content\/uploads\/2026\/03\/prazsky-hrad-kuchyn-300x201.jpg 300w, https:\/\/loudavymkrokem.cz\/wp-content\/uploads\/2026\/03\/prazsky-hrad-kuchyn-700x470.jpg 700w, https:\/\/loudavymkrokem.cz\/wp-content\/uploads\/2026\/03\/prazsky-hrad-kuchyn-768x515.jpg 768w, https:\/\/loudavymkrokem.cz\/wp-content\/uploads\/2026\/03\/prazsky-hrad-kuchyn-1536x1030.jpg 1536w, https:\/\/loudavymkrokem.cz\/wp-content\/uploads\/2026\/03\/prazsky-hrad-kuchyn-2048x1374.jpg 2048w, https:\/\/loudavymkrokem.cz\/wp-content\/uploads\/2026\/03\/prazsky-hrad-kuchyn-696x467.jpg 696w, https:\/\/loudavymkrokem.cz\/wp-content\/uploads\/2026\/03\/prazsky-hrad-kuchyn-1392x934.jpg 1392w, https:\/\/loudavymkrokem.cz\/wp-content\/uploads\/2026\/03\/prazsky-hrad-kuchyn-1920x1288.jpg 1920w\" sizes=\"auto, (max-width: 2528px) 100vw, 2528px\"><\/figure>\n<p>Restaurangen <strong>Kuchy\u0148<\/strong> fr\u00e5n gruppen Ambiente \u00e4r f\u00f6rmodligen den b\u00e4sta restaurangen direkt i borgomr\u00e5det. Konceptet \u00e4r enkelt \u2014 tjeckiskt och centraleuropeiskt k\u00f6k, hederliga r\u00e5varor och framf\u00f6r allt <strong>en terrass med utsikt \u00f6ver Prag<\/strong>. P\u00e5 sommaren \u00e4r uteserveringen helt fantastisk.<\/p>\n<p>Prism\u00e4ssigt ligger det i mellanklass till \u00f6vre mellanklass \u2014 huvudr\u00e4tter kostar runt 12\u201320 \u20ac, men f\u00f6r kvaliteten och l\u00e4get \u00e4r det helt rimligt. Det \u00e4r definitivt ingen turistf\u00e4lla. Jag rekommenderar att boka, s\u00e4rskilt f\u00f6r terrassplats.<\/p>\n<h3 class=\"wp-block-heading\"><span class=\"ez-toc-section\" id=\"Vikarka_%E2%80%94_historisk_restaurang_sedan_1347\"><\/span><span class=\"ez-toc-section\" id=\"Vikarka_historisk_restaurang_sedan_1347\"><\/span>Vik\u00e1rka \u2014 historisk restaurang sedan 1347<span class=\"ez-toc-section-end\"><\/span><span class=\"ez-toc-section-end\"><\/span><\/h3>\n<figure class=\"wp-block-image size-full\"><img loading=\"lazy\" decoding=\"async\" width=\"2528\" height=\"1696\" src=\"https:\/\/loudavymkrokem.cz\/wp-content\/uploads\/2026\/03\/prazsky-hrad-vikarka.jpg\" alt=\"Restaurang Vik\u00e1rka vid Pragborgen\" class=\"wp-image-139632\" title=\"\" srcset=\"https:\/\/loudavymkrokem.cz\/wp-content\/uploads\/2026\/03\/prazsky-hrad-vikarka.jpg 2528w, https:\/\/loudavymkrokem.cz\/wp-content\/uploads\/2026\/03\/prazsky-hrad-vikarka-300x201.jpg 300w, https:\/\/loudavymkrokem.cz\/wp-content\/uploads\/2026\/03\/prazsky-hrad-vikarka-700x470.jpg 700w, https:\/\/loudavymkrokem.cz\/wp-content\/uploads\/2026\/03\/prazsky-hrad-vikarka-768x515.jpg 768w, https:\/\/loudavymkrokem.cz\/wp-content\/uploads\/2026\/03\/prazsky-hrad-vikarka-1536x1030.jpg 1536w, https:\/\/loudavymkrokem.cz\/wp-content\/uploads\/2026\/03\/prazsky-hrad-vikarka-2048x1374.jpg 2048w, https:\/\/loudavymkrokem.cz\/wp-content\/uploads\/2026\/03\/prazsky-hrad-vikarka-696x467.jpg 696w, https:\/\/loudavymkrokem.cz\/wp-content\/uploads\/2026\/03\/prazsky-hrad-vikarka-1392x934.jpg 1392w, https:\/\/loudavymkrokem.cz\/wp-content\/uploads\/2026\/03\/prazsky-hrad-vikarka-1920x1288.jpg 1920w\" sizes=\"auto, (max-width: 2528px) 100vw, 2528px\"><\/figure>\n<p>Vik\u00e1rka \u00e4r en restaurang med en historia som f\u00e5 andra kan matcha \u2014 det har bedrivits servering h\u00e4r sedan 1347, d\u00e5 Karl IV gav tillst\u00e5nd att brygga \u00f6l. Den ligger precis vid borgen och serverar tjeckiskt k\u00f6k. Atmosf\u00e4ren i de historiska lokalerna \u00e4r trevlig, \u00e4ven om maten snarare \u00e4r gedigen \u00e4n enast\u00e5ende. Men var annars \u00e4ter du lunch i en restaurang som \u00e4r n\u00e4stan 700 \u00e5r gammal?<\/p>\n<h3 class=\"wp-block-heading\"><span class=\"ez-toc-section\" id=\"Cafe_Melvin_Bistro_%E2%80%94_vid_Gyllene_granden\"><\/span><span class=\"ez-toc-section\" id=\"Cafe_Melvin_Bistro_vid_Gyllene_granden\"><\/span>Caf\u00e9 Melvin Bistro \u2014 vid Gyllene gr\u00e4nden<span class=\"ez-toc-section-end\"><\/span><span class=\"ez-toc-section-end\"><\/span><\/h3>\n<figure class=\"wp-block-image size-full\"><img loading=\"lazy\" decoding=\"async\" width=\"2528\" height=\"1696\" src=\"https:\/\/loudavymkrokem.cz\/wp-content\/uploads\/2026\/03\/prazsky-hrad-cafe-zlata-ulicka.jpg\" alt=\"Gyllene gr\u00e4nden p\u00e5 Pragborgen\" class=\"wp-image-139636\" title=\"\" srcset=\"https:\/\/loudavymkrokem.cz\/wp-content\/uploads\/2026\/03\/prazsky-hrad-cafe-zlata-ulicka.jpg 2528w, https:\/\/loudavymkrokem.cz\/wp-content\/uploads\/2026\/03\/prazsky-hrad-cafe-zlata-ulicka-300x201.jpg 300w, https:\/\/loudavymkrokem.cz\/wp-content\/uploads\/2026\/03\/prazsky-hrad-cafe-zlata-ulicka-700x470.jpg 700w, https:\/\/loudavymkrokem.cz\/wp-content\/uploads\/2026\/03\/prazsky-hrad-cafe-zlata-ulicka-768x515.jpg 768w, https:\/\/loudavymkrokem.cz\/wp-content\/uploads\/2026\/03\/prazsky-hrad-cafe-zlata-ulicka-1536x1030.jpg 1536w, https:\/\/loudavymkrokem.cz\/wp-content\/uploads\/2026\/03\/prazsky-hrad-cafe-zlata-ulicka-2048x1374.jpg 2048w, https:\/\/loudavymkrokem.cz\/wp-content\/uploads\/2026\/03\/prazsky-hrad-cafe-zlata-ulicka-696x467.jpg 696w, https:\/\/loudavymkrokem.cz\/wp-content\/uploads\/2026\/03\/prazsky-hrad-cafe-zlata-ulicka-1392x934.jpg 1392w, https:\/\/loudavymkrokem.cz\/wp-content\/uploads\/2026\/03\/prazsky-hrad-cafe-zlata-ulicka-1920x1288.jpg 1920w\" sizes=\"auto, (max-width: 2528px) 100vw, 2528px\"><\/figure>\n<p>Ett litet kaf\u00e9 precis vid Gyllene gr\u00e4nden d\u00e4r du kan ta en hyfsat bra kaffe och lite bakverk. Inget omv\u00e4lvande, men f\u00f6r en snabb paus under rundturen duger det utm\u00e4rkt. Priserna motsvarar l\u00e4get \u2014 r\u00e4kna med lite mer \u00e4n p\u00e5 ett vanligt kaf\u00e9 i Prag.<\/p>\n<h3 class=\"wp-block-heading\"><span class=\"ez-toc-section\" id=\"Kavarna_Novy_Svet_%E2%80%94_lugnt_och_prisvart\"><\/span><span class=\"ez-toc-section\" id=\"Kavarna_Novy_Svet_lugnt_och_prisvart\"><\/span>Kav\u00e1rna Nov\u00fd Sv\u011bt \u2014 lugnt och prisv\u00e4rt<span class=\"ez-toc-section-end\"><\/span><span class=\"ez-toc-section-end\"><\/span><\/h3>\n<p>Mitt favoritst\u00e4lle i borgens omgivningar. Ett litet kaf\u00e9 i gr\u00e4nden Nov\u00fd Sv\u011bt, d\u00e4r du i lugn och ro sl\u00e5r dig ner, dricker utm\u00e4rkt kaffe till normala priser och tittar p\u00e5 de f\u00e4rgglada husen. Inga turistmassor, inga p\u00e5l\u00e4gg. Precis en s\u00e5dan plats du inte f\u00f6rv\u00e4ntar dig hitta i Hrad\u010dany.<\/p>\n<figure class=\"wp-block-image size-full\"><img loading=\"lazy\" decoding=\"async\" width=\"2528\" height=\"1696\" src=\"https:\/\/loudavymkrokem.cz\/wp-content\/uploads\/2026\/03\/prazsky-hrad-novy-svet.jpg\" alt=\"Gatan Nov\u00fd Sv\u011bt n\u00e4ra Pragborgen\" class=\"wp-image-139606\" title=\"\" srcset=\"https:\/\/loudavymkrokem.cz\/wp-content\/uploads\/2026\/03\/prazsky-hrad-novy-svet.jpg 2528w, https:\/\/loudavymkrokem.cz\/wp-content\/uploads\/2026\/03\/prazsky-hrad-novy-svet-300x201.jpg 300w, https:\/\/loudavymkrokem.cz\/wp-content\/uploads\/2026\/03\/prazsky-hrad-novy-svet-700x470.jpg 700w, https:\/\/loudavymkrokem.cz\/wp-content\/uploads\/2026\/03\/prazsky-hrad-novy-svet-768x515.jpg 768w, https:\/\/loudavymkrokem.cz\/wp-content\/uploads\/2026\/03\/prazsky-hrad-novy-svet-1536x1030.jpg 1536w, https:\/\/loudavymkrokem.cz\/wp-content\/uploads\/2026\/03\/prazsky-hrad-novy-svet-2048x1374.jpg 2048w, https:\/\/loudavymkrokem.cz\/wp-content\/uploads\/2026\/03\/prazsky-hrad-novy-svet-696x467.jpg 696w, https:\/\/loudavymkrokem.cz\/wp-content\/uploads\/2026\/03\/prazsky-hrad-novy-svet-1392x934.jpg 1392w, https:\/\/loudavymkrokem.cz\/wp-content\/uploads\/2026\/03\/prazsky-hrad-novy-svet-1920x1288.jpg 1920w\" sizes=\"auto, (max-width: 2528px) 100vw, 2528px\"><\/figure>\n<h3 class=\"wp-block-heading\"><span class=\"ez-toc-section\" id=\"Strahov-klosterbryggeriet_%E2%80%94_eget_ol_men_boka\"><\/span><span class=\"ez-toc-section\" id=\"Strahov-klosterbryggeriet_eget_ol_men_boka\"><\/span>Strahov-klosterbryggeriet \u2014 eget \u00f6l, men boka!<span class=\"ez-toc-section-end\"><\/span><span class=\"ez-toc-section-end\"><\/span><\/h3>\n<p>Jag har redan skrivit om bryggeriet ovan \u2014 jag upprepar bara det viktigaste: <strong>boka bord i f\u00f6rv\u00e4g.<\/strong> \u00d6let \u00e4r utm\u00e4rkt (sv. Norbert i flera varianter), maten gedigen tjeckisk, st\u00e4mningen i klosterlokalerna fantastisk. Utan bokning riskerar du att inte komma in.<\/p>\n<h3 class=\"wp-block-heading\"><span class=\"ez-toc-section\" id=\"IPPA_Cafe\"><\/span><span class=\"ez-toc-section\" id=\"IPPA_Cafe\"><\/span>IPPA Caf\u00e9<span class=\"ez-toc-section-end\"><\/span><span class=\"ez-toc-section-end\"><\/span><\/h3>\n<p>Ett trivsamt kaf\u00e9 med konditorivaror och frukost i n\u00e4rheten av borgen. Om du letar efter ett st\u00e4lle f\u00f6r en lugn frukost innan rundturen \u00e4r det ett bra val.<\/p>\n<p>\ud83d\udca1 <strong>TIPS:<\/strong> Generell regel f\u00f6r mat vid borgen \u2014 ju n\u00e4rmare huvudturiststr\u00e5ket (Nerudova \u2192 borgen \u2192 Gyllene gr\u00e4nden), desto s\u00e4mre f\u00f6rh\u00e5llande mellan pris och kvalitet. Sv\u00e4ng in en gr\u00e4nd vid sidan om s\u00e5 blir det genast b\u00e4ttre. Och om du har tid, g\u00e5 ner till Mal\u00e1 Strana d\u00e4r utbudet av restauranger \u00e4r mycket bredare och priserna rimligare.<\/p>\n<h2 class=\"wp-block-heading\"><span class=\"ez-toc-section\" id=\"3_rutter_beroende_pa_hur_mycket_tid_du_har\"><\/span><span class=\"ez-toc-section\" id=\"3_rutter_beroende_pa_hur_mycket_tid_du_har\"><\/span>3 rutter beroende p\u00e5 hur mycket tid du har<span class=\"ez-toc-section-end\"><\/span><span class=\"ez-toc-section-end\"><\/span><\/h2>\n<p>Det h\u00e4r \u00e4r n\u00e5got jag inte hittat p\u00e5 andra webbplatser om Pragborgen \u2014 och \u00e4nd\u00e5 \u00e4r det f\u00f6rmodligen det mest praktiska jag kan ge dig. Tre konkreta rutter med tidsschema, s\u00e5 att du vet exakt vart du ska g\u00e5 och n\u00e4r.<\/p>\n<h3 class=\"wp-block-heading\"><span class=\"ez-toc-section\" id=\"Pa_2_timmar_%E2%80%94_snabb_rundtur_nar_tiden_ar_knapp\"><\/span><span class=\"ez-toc-section\" id=\"Pa_2_timmar_snabb_rundtur_nar_tiden_ar_knapp\"><\/span>P\u00e5 2 timmar \u2014 snabb rundtur n\u00e4r tiden \u00e4r knapp<span class=\"ez-toc-section-end\"><\/span><span class=\"ez-toc-section-end\"><\/span><\/h3>\n<p>Det h\u00e4r \u00e4r &#8221;se det viktigaste utan att dr\u00f6ja&#8221;-varianten. Perfekt om du bara har en dag i Prag och borgen \u00e4r ett av flera stopp.<\/p>\n<p><strong>9:00<\/strong> \u2014 \u00c5k sp\u00e5rvagn 22 till h\u00e5llplatsen Pra\u017esk\u00fd hrad. G\u00e5 till andra borgg\u00e5rden och k\u00f6p biljett till <strong>rundtur B<\/strong> (ca 10 \u20ac) vid biljettluckan \u2014 p\u00e5 morgonen brukar det inte vara k\u00f6.<\/p>\n<p><strong>9:10<\/strong> \u2014 G\u00e5 direkt till <strong>Vituskatedralen<\/strong>. Promenera genom mittskeppet, stanna till vid Muchas glasm\u00e5lningar, titta in i Sankt Wenceslas-kapellet. R\u00e4kna med 20\u201330 minuter.<\/p>\n<p><strong>9:40<\/strong> \u2014 G\u00e5 vidare till <strong>Gamla kungapalatset<\/strong>, promenera genom Vladislav-salen och titta p\u00e5 defenestrationsf\u00f6nstret. 15\u201320 minuter.<\/p>\n<p><strong>10:00<\/strong> \u2014 En snabb titt i <strong>Sankt Georgs basilika<\/strong> \u2014 10 minuter r\u00e4cker f\u00f6r att suga in atmosf\u00e4ren i borgens \u00e4ldsta kyrka.<\/p>\n<p><strong>10:15<\/strong> \u2014 <strong>Gyllene gr\u00e4nden<\/strong> \u2014 g\u00e5 igenom husen, titta in i Kafkas nr 22, kolla utst\u00e4llningen med rustningar p\u00e5 \u00f6verv\u00e5ningen. 15\u201320 minuter.<\/p>\n<p><strong>10:40<\/strong> \u2014 G\u00e5 upp till utsiktsplatsen vid S\u00f6dra tr\u00e4dg\u00e5rdarna (om de \u00e4r \u00f6ppna), fota panoramat \u00f6ver Prag och g\u00e5 ner via de Gamla slottstrapporna till Malostransk\u00e1.<\/p>\n<p><strong>11:00<\/strong> \u2014 Du \u00e4r nere i Mal\u00e1 Strana. Totalt 2 timmar, och du har sett det viktigaste.<\/p>\n<h3 class=\"wp-block-heading\"><span class=\"ez-toc-section\" id=\"Pa_en_halv_dag_%E2%80%94_rekommenderad_rutt_for_de_flesta_besokare\"><\/span><span class=\"ez-toc-section\" id=\"Pa_en_halv_dag_rekommenderad_rutt_for_de_flesta_besokare\"><\/span>P\u00e5 en halv dag \u2014 rekommenderad rutt f\u00f6r de flesta bes\u00f6kare<span class=\"ez-toc-section-end\"><\/span><span class=\"ez-toc-section-end\"><\/span><\/h3>\n<p>Det h\u00e4r \u00e4r mitt f\u00f6rstahandsval om du vill l\u00e4ra k\u00e4nna borgen ordentligt men inte har hela dagen. Avs\u00e4tt ca 4\u20135 timmar.<\/p>\n<p><strong>8:45<\/strong> \u2014 Sp\u00e5rvagn 22 till h\u00e5llplatsen <strong>Poho\u0159elec<\/strong>. B\u00f6rja vid <strong>Strahov<\/strong> \u2014 bes\u00f6k Strahov-biblioteket (ca 8 \u20ac, \u00f6ppnar kl. 9:00, rundtur 20\u201330 minuter). \u00c4r det f\u00f6r tidigt f\u00f6r \u00f6l, ta \u00e5tminstone en titt i klosteromr\u00e5det.<\/p>\n<p><strong>9:30<\/strong> \u2014 G\u00e5 vidare till <strong>Hrad\u010dany-torget<\/strong> och in p\u00e5 borgen. K\u00f6p rundtur B (ca 10 \u20ac) vid biljettluckan p\u00e5 andra borgg\u00e5rden.<\/p>\n<p><strong>9:45<\/strong> \u2014 <strong>Vituskatedralen<\/strong> \u2014 ge den tid, 30\u201340 minuter. Vill du upp i tornet (ca 6 \u20ac), l\u00e4gg till ytterligare 20 minuter.<\/p>\n<p><strong>10:30<\/strong> \u2014 <strong>Gamla kungapalatset<\/strong> \u2014 20 minuter.<\/p>\n<p><strong>10:50<\/strong> \u2014 <strong>Sankt Georgs basilika<\/strong> \u2014 15 minuter.<\/p>\n<p><strong>11:05<\/strong> \u2014 <strong>Lobkowicz-palatset<\/strong> (ca 11 \u20ac) \u2014 det h\u00e4r \u00e4r bonusen som de flesta skippar, men den \u00e4r v\u00e4rd besv\u00e4ret. G\u00e5 igenom galleriet, titta p\u00e5 manuskripten och ta en kaffe p\u00e5 terrassen med utsikt. 45\u201360 minuter.<\/p>\n<p><strong>12:00<\/strong> \u2014 Lunch p\u00e5 <strong>restaurang Kuchy\u0148<\/strong> (boka i f\u00f6rv\u00e4g) eller p\u00e5 <strong>Kav\u00e1rna Nov\u00fd Sv\u011bt<\/strong> (om du vill ha n\u00e5got l\u00e4ttare och billigare).<\/p>\n<p><strong>12:45<\/strong> \u2014 Promenad till <strong>Nov\u00fd Sv\u011bt<\/strong> \u2014 15\u201320 minuters lugn promenad genom den fotogena gr\u00e4nden.<\/p>\n<p><strong>13:00<\/strong> \u2014 Tillbaka genom borgomr\u00e5det, promenad genom <strong>S\u00f6dra tr\u00e4dg\u00e5rdarna<\/strong> (utsikter!) och ner till Mal\u00e1 Strana.<\/p>\n<p><strong>13:30<\/strong> \u2014 Klart. Du har sett det b\u00e4sta av borgen och omgivningarna, och har fortfarande hela eftermiddagen kvar f\u00f6r Mal\u00e1 Strana eller andra delar av Prag.<\/p>\n<h3 class=\"wp-block-heading\"><span class=\"ez-toc-section\" id=\"Pa_en_hel_dag_%E2%80%94_for_historiealskare_och_slow_travel\"><\/span><span class=\"ez-toc-section\" id=\"Pa_en_hel_dag_for_historiealskkare_och_slow_travel\"><\/span>P\u00e5 en hel dag \u2014 f\u00f6r historie\u00e4lskare och slow travel<span class=\"ez-toc-section-end\"><\/span><span class=\"ez-toc-section-end\"><\/span><\/h3>\n<p>Det h\u00e4r \u00e4r varianten f\u00f6r dig som vill f\u00f6rdjupa dig i borgen och omgivningarna ordentligt. R\u00e4kna med 7\u20138 timmar.<\/p>\n<p><strong>8:30<\/strong> \u2014 B\u00f6rja vid <strong>Strahov<\/strong>. Strahov-biblioteket (ca 8 \u20ac), promenad i klosteromr\u00e5det, utsikt \u00f6ver Prag fr\u00e5n terrassen vid klostret.<\/p>\n<p><strong>9:15<\/strong> \u2014 G\u00e5 vidare till borgen. K\u00f6p <strong>rundtur A<\/strong> (ca 14 \u20ac) + biljett till <strong>katedralens torn<\/strong> (ca 6 \u20ac).<\/p>\n<p><strong>9:30<\/strong> \u2014 <strong>Vituskatedralen<\/strong> \u2014 den h\u00e4r g\u00e5ngen tar du god tid p\u00e5 dig. Glasm\u00e5lningarna, Sankt Wenceslas-kapellet, kungakryptan, och sedan 287 trappsteg upp i tornet. 60\u201375 minuter totalt.<\/p>\n<p><strong>10:45<\/strong> \u2014 <strong>Gamla kungapalatset<\/strong> inklusive utst\u00e4llningen Pragborgens historia (ing\u00e5r i rundtur A). 30\u201340 minuter.<\/p>\n<p><strong>11:25<\/strong> \u2014 <strong>Sankt Georgs basilika<\/strong> \u2014 15 minuter.<\/p>\n<p><strong>11:45<\/strong> \u2014 <strong>Gyllene gr\u00e4nden<\/strong> \u2014 nu vid lunchtid \u00e4r det fler m\u00e4nniskor, men med rundtur A har du intr\u00e4de. G\u00e5 igenom i lugn och ro, inklusive \u00f6verv\u00e5ningen. 20\u201330 minuter.<\/p>\n<p><strong>12:15<\/strong> \u2014 <strong>Ceremoniell vaktavl\u00f6sning<\/strong> p\u00e5 f\u00f6rsta borgg\u00e5rden. Kom i god tid f\u00f6r att f\u00e5 en bra plats.<\/p>\n<p><strong>12:30<\/strong> \u2014 Lunch. Antingen <strong>Kuchy\u0148<\/strong> (med bokning) eller g\u00e5 till Strahov och <strong>klosterbryggeriet<\/strong> (med bokning!). En timme f\u00f6r lunch.<\/p>\n<p><strong>13:30<\/strong> \u2014 <strong>Lobkowicz-palatset<\/strong> (ca 11 \u20ac) \u2014 galleri, manuskript, konsert (om det spelas just d\u00e5), terrass. 60 minuter.<\/p>\n<p><strong>14:30<\/strong> \u2014 <strong>Kungliga tr\u00e4dg\u00e5rden<\/strong> \u2014 promenad, Belvedere, Sjungande font\u00e4nen, Bollhuset. 30\u201345 minuter.<\/p>\n<p><strong>15:15<\/strong> \u2014 <strong>Hjortdiket<\/strong> \u2014 lugn promenad i gr\u00f6nskan. 20 minuter.<\/p>\n<p><strong>15:40<\/strong> \u2014 <strong>Nov\u00fd Sv\u011bt<\/strong> \u2014 kaf\u00e9, foton, atmosf\u00e4r. 30 minuter.<\/p>\n<p><strong>16:10<\/strong> \u2014 Promenad genom <strong>S\u00f6dra tr\u00e4dg\u00e5rdarna<\/strong> med utsikt \u00f6ver Prag. 20\u201330 minuter.<\/p>\n<p><strong>16:40<\/strong> \u2014 Ner till Mal\u00e1 Strana via Nerudova-gatan, eventuellt ett stopp f\u00f6r glass eller vin.<\/p>\n<p><strong>17:30<\/strong> \u2014 Klart. Du har tillbringat en hel dag p\u00e5 borgen och i omgivningarna och sett verkligen allt.<\/p>\n<h2 class=\"wp-block-heading\"><span class=\"ez-toc-section\" id=\"Shakespearefestivalen_och_andra_evenemang_pa_borgen\"><\/span><span class=\"ez-toc-section\" id=\"Shakespearefestivalen_och_andra_evenemang_pa_borgen\"><\/span>Shakespearefestivalen och andra evenemang p\u00e5 borgen<span class=\"ez-toc-section-end\"><\/span><span class=\"ez-toc-section-end\"><\/span><\/h2>\n<p>Pragborgen \u00e4r inte bara ett museum \u2014 under \u00e5ret arrangeras massor av evenemang och aktiviteter som kan vara v\u00e4rda att planera resan kring. Och en av dem \u00e4r jag s\u00e4rskilt f\u00f6rtjust i.<\/p>\n<h3 class=\"wp-block-heading\"><span class=\"ez-toc-section\" id=\"Shakespearefestivalen_%E2%80%94_utomhusteater\"><\/span><span class=\"ez-toc-section\" id=\"Shakespearefestivalen_utomhusteater\"><\/span>Shakespearefestivalen \u2014 utomhusteater<span class=\"ez-toc-section-end\"><\/span><span class=\"ez-toc-section-end\"><\/span><\/h3>\n<p><strong>Shakespearefestivalen<\/strong> h\u00e5lls varje sommar vid H\u00f6gsta borgherre\u00e4mbetet direkt i Pragborgens omr\u00e5de (och p\u00e5 andra platser). 2026 p\u00e5g\u00e5r den <strong>fr\u00e5n 24 juni till 5 september<\/strong>, med 8 pj\u00e4ser \u2014 fr\u00e5n komedier som F\u00f6rv\u00e4xlingskomedien och Som ni behagar till tragedier som Othello och Macbeth.<\/p>\n<p>Luk\u00e1\u0161 och jag \u00e5ker dit regelbundet och det \u00e4r en magisk upplevelse varje g\u00e5ng. T\u00e4nk dig: du sitter under bar himmel, bakom dig reser sig Pragborgens murar, solen g\u00e5r ner och p\u00e5 scenen spelas Shakespeare. F\u00f6rest\u00e4llningarna b\u00f6rjar kl. 20:30, precis vid den tidpunkt d\u00e5 det skymmer och atmosf\u00e4ren t\u00e4tnar. Jag f\u00e5r g\u00e5shud bara av att skriva om det. \u263a\ufe0f<\/p>\n<p>Biljetterna kostar <strong>ca 18\u201360 \u20ac<\/strong> (beroende p\u00e5 plats och f\u00f6rest\u00e4llning) och s\u00e4ljs via Ticketmaster. Under s\u00e4songen s\u00e4ljs de slut, s\u00e5 k\u00f6p i god tid.<\/p>\n<p>Och nu den roliga anekdoten som jag m\u00e5ste dela, \u00e4ven om den inte har direkt med borgen att g\u00f6ra. P\u00e5 Shakespearefestivalen tr\u00e4ffade vi en g\u00e5ng en granne fr\u00e5n min barndom \u2014 v\u00e5ra mammor bor bredvid varandra i P\u00edsek (en liten stad i S\u00f6dra B\u00f6hmen). Vi pratade, konstaterade hur liten v\u00e4rlden \u00e4r, och gick var och en till sin plats. N\u00e5gra \u00e5r senare flyttade vi alla tillbaka till P\u00edsek och hans fru och jag blev gravida n\u00e4stan samtidigt \u2014 vi har j\u00e4mn\u00e5riga s\u00f6ner. S\u00e5 Shakespearefestivalen p\u00e5 Pragborgen har inte bara kulturupplevelser p\u00e5 sitt samvete, utan tydligen ocks\u00e5 en slags kosmisk synkronicitet. \ud83d\ude01<\/p>\n<h3 class=\"wp-block-heading\"><span class=\"ez-toc-section\" id=\"Ovriga_evenemang_pa_borgen\"><\/span><span class=\"ez-toc-section\" id=\"Ovriga_evenemang_pa_borgen\"><\/span>\u00d6vriga evenemang p\u00e5 borgen<span class=\"ez-toc-section-end\"><\/span><span class=\"ez-toc-section-end\"><\/span><\/h3>\n<p>Under \u00e5ret anordnas \u00e4ven konserter, utst\u00e4llningar och andra kulturevenemang p\u00e5 borgen. F\u00f6lj borgens officiella hemsida eller sociala medier \u2014 ibland dyker det upp speciella kv\u00e4llsvisningar eller temaevenemang kring jul.<\/p>\n<h2 class=\"wp-block-heading\"><span class=\"ez-toc-section\" id=\"Pragborgen_%E2%80%94_kuriosa_du_inte_hittar_nagon_annanstans\"><\/span><span class=\"ez-toc-section\" id=\"Pragborgen_kuriosa_du_inte_hittar_nagon_annanstans\"><\/span>Pragborgen \u2014 kuriosa du inte hittar n\u00e5gon annanstans<span class=\"ez-toc-section-end\"><\/span><span class=\"ez-toc-section-end\"><\/span><\/h2>\n<p>Avslutningsvis n\u00e5gra intressanta fakta som inte fick plats n\u00e5gon annanstans, men som jag tycker \u00e4r f\u00f6r bra f\u00f6r att utel\u00e4mna:<\/p>\n<ul class=\"wp-block-list\">\n<li><strong>Pragborgen \u00e4r enligt Guinness Rekordbok v\u00e4rldens st\u00f6rsta antika borgkomplex<\/strong> \u2014 \u00f6ver 70 000 m\u00b2. Som j\u00e4mf\u00f6relse: Buckingham Palace har &#8221;bara&#8221; 77 000 m\u00b2 total golvyta, men som borgkomplex \u00e4r Pragborgen unikt.<\/li>\n<li><strong>De tjeckiska kr\u00f6ningsklenoderna<\/strong> f\u00f6rvaras i kr\u00f6ningskammaren i Vituskatedralen bakom sju l\u00e5s. Nycklarna h\u00e5lls av sju personer \u2014 presidenten, premi\u00e4rministern, Prags \u00e4rkebiskop, ordf\u00f6randena i parlamentets b\u00e5da kamrar, domprostarna och Prags borgm\u00e4stare. Alla sju m\u00e5ste samlas f\u00f6r att kammaren ska kunna \u00f6ppnas. Det sker bara vid s\u00e4llsynta tillf\u00e4llen.<\/li>\n<li><strong>Daliborka<\/strong> \u2014 tornet vid Gyllene gr\u00e4nden, d\u00e4r riddaren Dalibor z Kozojed enligt legenden satt f\u00e4ngslad och l\u00e4rde sig spela fiol i f\u00e4ngelset. Den ber\u00f6mde tjeckiske komposit\u00f6ren Bed\u0159ich Smetana (k\u00e4nd f\u00f6r Moldau) komponerade operan Dalibor baserad p\u00e5 denna ber\u00e4ttelse.<\/li>\n<li><strong>S\u00e4kerhetskontrollerna<\/strong> \u2014 sedan 2023, under president Pavel, togs de generella ramb\u00e5gsdetektorerna vid borgens ing\u00e5ngar bort. Kontroller sker nu bara stickprovsm\u00e4ssigt, s\u00e5 inpasseringen \u00e4r snabbare och smidigare. Borgen \u00e4r \u00e5terigen mer &#8221;\u00f6ppen&#8221; f\u00f6r allm\u00e4nheten, som den historiskt sett varit.<\/li>\n<li><strong>Vituskatedralen rymmer glasm\u00e5lningar av Alfons Mucha<\/strong> \u2014 men Mucha designade dem f\u00f6rst 1931, allts\u00e5 vid 71 \u00e5rs \u00e5lder. Det tredje kapellet till v\u00e4nster heter Nya \u00e4rkebiskopskapellet och Muchas jugendstil i en gotisk katedral \u00e4r f\u00f6rv\u00e5nansv\u00e4rt harmonisk.<\/li>\n<\/ul>\n<h2 class=\"wp-block-heading\"><span class=\"ez-toc-section\" id=\"Vanliga_fragor_om_Pragborgen_FAQ\"><\/span><span class=\"ez-toc-section\" id=\"Vanliga_fragor_om_Pragborgen_FAQ\"><\/span>Vanliga fr\u00e5gor om Pragborgen (FAQ)<span class=\"ez-toc-section-end\"><\/span><span class=\"ez-toc-section-end\"><\/span><\/h2>\n<p><!-- LK_FAQ_PLACEHOLDER --><\/p>\n","protected":false},"excerpt":{"rendered":"<p>Komplett guide till Pragborgen fr\u00e5n en lokalbo. Entr\u00e9avgifter, \u00f6ppettider, vad som \u00e4r gratis, dolda p\u00e4rlor som Nov\u00fd Sv\u011bt och tips f\u00f6r att undvika folkmassorna.<\/p>\n","protected":false},"author":3,"featured_media":139615,"comment_status":"open","ping_status":"open","sticky":false,"template":"","format":"standard","meta":{"footnotes":"","rank_math_title":"","rank_math_description":"","rank_math_focus_keyword":"","rank_math_seo_score":""},"categories":[1178,1211],"tags":[],"class_list":{"0":"post-151272","1":"post","2":"type-post","3":"status-publish","4":"format-standard","5":"has-post-thumbnail","7":"category-europa","8":"category-tjeckien"},"featured_image_src":"https:\/\/loudavymkrokem.cz\/wp-content\/uploads\/2026\/03\/prazsky-hrad-panorama-1.jpg","author_info":{"display_name":"Lucie Kone\u010dn\u00e1","author_link":"https:\/\/loudavymkrokem.cz\/sv\/author\/lucie-konecna\/"},"_links":{"self":[{"href":"https:\/\/loudavymkrokem.cz\/sv\/wp-json\/wp\/v2\/posts\/151272","targetHints":{"allow":["GET"]}}],"collection":[{"href":"https:\/\/loudavymkrokem.cz\/sv\/wp-json\/wp\/v2\/posts"}],"about":[{"href":"https:\/\/loudavymkrokem.cz\/sv\/wp-json\/wp\/v2\/types\/post"}],"author":[{"embeddable":true,"href":"https:\/\/loudavymkrokem.cz\/sv\/wp-json\/wp\/v2\/users\/3"}],"replies":[{"embeddable":true,"href":"https:\/\/loudavymkrokem.cz\/sv\/wp-json\/wp\/v2\/comments?post=151272"}],"version-history":[{"count":1,"href":"https:\/\/loudavymkrokem.cz\/sv\/wp-json\/wp\/v2\/posts\/151272\/revisions"}],"predecessor-version":[{"id":151800,"href":"https:\/\/loudavymkrokem.cz\/sv\/wp-json\/wp\/v2\/posts\/151272\/revisions\/151800"}],"wp:featuredmedia":[{"embeddable":true,"href":"https:\/\/loudavymkrokem.cz\/sv\/wp-json\/wp\/v2\/media\/139615"}],"wp:attachment":[{"href":"https:\/\/loudavymkrokem.cz\/sv\/wp-json\/wp\/v2\/media?parent=151272"}],"wp:term":[{"taxonomy":"category","embeddable":true,"href":"https:\/\/loudavymkrokem.cz\/sv\/wp-json\/wp\/v2\/categories?post=151272"},{"taxonomy":"post_tag","embeddable":true,"href":"https:\/\/loudavymkrokem.cz\/sv\/wp-json\/wp\/v2\/tags?post=151272"}],"curies":[{"name":"wp","href":"https:\/\/api.w.org\/{rel}","templated":true}]}}