{"id":151269,"date":"2026-04-24T18:09:14","date_gmt":"2026-04-24T16:09:14","guid":{"rendered":"https:\/\/loudavymkrokem.cz\/?p=151269"},"modified":"2026-04-30T11:08:52","modified_gmt":"2026-04-30T09:08:52","slug":"prag-tjeckien-gamla-stadens-torg","status":"publish","type":"post","link":"https:\/\/loudavymkrokem.cz\/sv\/prag-tjeckien-gamla-stadens-torg\/","title":{"rendered":"Gamla stadens torg och astronomiska klockan: Vad du ska se i hj\u00e4rtat av Prag"},"content":{"rendered":"<p>Under min universitetstid, i en kurs i fotojournalistik d\u00e4r jag letade efter de b\u00e4sta kontrasterna mellan ljus och skugga, tillbringade jag hela vintermorgnar p\u00e5 <strong>Gamla stadens torg<\/strong> i <strong>Prag, Tjeckien<\/strong>. Med en tung spegelreflexkamera runt halsen fr\u00f6s jag vid tomma marknadsst\u00e5nd och v\u00e4ntade p\u00e5 att de f\u00f6rsta solstr\u00e5larna skulle sk\u00e4ra genom dimman ovanf\u00f6r hustaken och falla mot det matta tornet med den astronomiska klockan. I de stunderna, n\u00e4r de enda f\u00f6rbipasserande var ensamma bagare och soparbetare, hade detta historiska epicentrum i Prag en helt annan puls \u00e4n vid lunchtid, n\u00e4r en ogenomtr\u00e4nglig mur av turister med mobiler h\u00f6gt \u00f6ver huvudet v\u00e4llde fram \u00f6ver torget.<\/p>\n<p>Under mina tio \u00e5r i Prag har jag byggt upp en relation full av paradoxer till den h\u00e4r platsen. Som student vid <strong>Malostransk\u00e9 gymnasium<\/strong> sprang jag oftast bara snabbt \u00f6ver torget \u2013 f\u00f6r oss lokalinv\u00e5nare var det mest en hinderbana p\u00e5 v\u00e4gen till tunnelbanan. \u00c5r 2018 s\u00e5g jag hur den ber\u00f6mda <strong>astronomiska klockan i Prag<\/strong> g\u00f6mdes bakom byggnadsst\u00e4llningar och presenningar i l\u00e5nga m\u00e5nader f\u00f6r att genomg\u00e5 sin st\u00f6rsta renovering p\u00e5 \u00e5rtionden, och staden k\u00e4ndes pl\u00f6tsligt konstigt ofullst\u00e4ndig. Och idag? Idag man\u00f6vrerar jag samma kullerstensbelagda torg med en barnvagn d\u00e4r v\u00e5r tv\u00e5\u00e5rige son Jon\u00e1\u0161 sitter, och jag l\u00e4r mig uppleva platsen ur ett helt nytt perspektiv \u2013 d\u00e4r jag letar efter ramper och b\u00e4nkar i skuggan.<\/p>\n<p>Trots den stundtals frustrerande folkmassan och det visuella kaoset \u00e5terv\u00e4nder vi hit med Luk\u00e1\u0161. Det \u00e4r n\u00e4mligen en enorm skillnad mellan att bara strosa f\u00f6rbi p\u00e5 jakt efter en trdeln\u00edk och att faktiskt veta vart man ska titta. N\u00e4r du k\u00e4nner till historien bakom de tjugosju vita korsen i gatstenen, vet vilken portg\u00e5ng som d\u00f6ljer ett lugnt kaf\u00e9 och f\u00f6rst\u00e5r att det kanske \u00e4r lite \u00f6verdrivet att v\u00e4nta en halvtimme i folkmassan f\u00f6r en fyrtiofem sekunder l\u00e5ng apostlaf\u00f6rest\u00e4llning \u2013 men ur historisk synvinkel fullst\u00e4ndigt fascinerande.<\/p>\n<p>S\u00e5 vi k\u00f6r \u2013 rakt p\u00e5 sak, inga omv\u00e4gar, och med alla tips jag samlat p\u00e5 mig genom \u00e5ren.<\/p>\n<figure class=\"wp-block-image size-full\"><img loading=\"lazy\" decoding=\"async\" width=\"2000\" height=\"1333\" src=\"https:\/\/loudavymkrokem.cz\/wp-content\/uploads\/2023\/07\/prazsky-orloj.jpg\" alt=\"Astronomiska klockan i Prag\" class=\"wp-image-62990\" title=\"\" srcset=\"https:\/\/loudavymkrokem.cz\/wp-content\/uploads\/2023\/07\/prazsky-orloj.jpg 2000w, https:\/\/loudavymkrokem.cz\/wp-content\/uploads\/2023\/07\/prazsky-orloj-300x200.jpg 300w, https:\/\/loudavymkrokem.cz\/wp-content\/uploads\/2023\/07\/prazsky-orloj-700x467.jpg 700w, https:\/\/loudavymkrokem.cz\/wp-content\/uploads\/2023\/07\/prazsky-orloj-768x512.jpg 768w, https:\/\/loudavymkrokem.cz\/wp-content\/uploads\/2023\/07\/prazsky-orloj-1536x1024.jpg 1536w, https:\/\/loudavymkrokem.cz\/wp-content\/uploads\/2023\/07\/prazsky-orloj-696x464.jpg 696w, https:\/\/loudavymkrokem.cz\/wp-content\/uploads\/2023\/07\/prazsky-orloj-1392x928.jpg 1392w, https:\/\/loudavymkrokem.cz\/wp-content\/uploads\/2023\/07\/prazsky-orloj-1920x1280.jpg 1920w\" sizes=\"auto, (max-width: 2000px) 100vw, 2000px\"><figcaption class=\"wp-element-caption\">Astronomiska klockan i Prag<\/figcaption><\/figure>\n<div id=\"ez-toc-container\" class=\"ez-toc-v2_0_82_2 ez-toc-wrap-left counter-hierarchy ez-toc-counter ez-toc-grey ez-toc-container-direction\">\n<div class=\"ez-toc-title-container\">\n<p class=\"ez-toc-title\" style=\"cursor:inherit\">Obsah \u010dl\u00e1nku<\/p>\n<span class=\"ez-toc-title-toggle\"><a href=\"#\" class=\"ez-toc-pull-right ez-toc-btn ez-toc-btn-xs ez-toc-btn-default ez-toc-toggle\" aria-label=\"Toggle Table of Content\"><span class=\"ez-toc-js-icon-con\"><span class=\"\"><span class=\"eztoc-hide\" style=\"display:none;\">Toggle<\/span><span class=\"ez-toc-icon-toggle-span\"><svg style=\"fill: #999;color:#999\" xmlns=\"http:\/\/www.w3.org\/2000\/svg\" class=\"list-377408\" width=\"20px\" height=\"20px\" viewBox=\"0 0 24 24\" fill=\"none\"><path d=\"M6 6H4v2h2V6zm14 0H8v2h12V6zM4 11h2v2H4v-2zm16 0H8v2h12v-2zM4 16h2v2H4v-2zm16 0H8v2h12v-2z\" fill=\"currentColor\"><\/path><\/svg><svg style=\"fill: #999;color:#999\" class=\"arrow-unsorted-368013\" xmlns=\"http:\/\/www.w3.org\/2000\/svg\" width=\"10px\" height=\"10px\" viewBox=\"0 0 24 24\" version=\"1.2\" baseProfile=\"tiny\"><path d=\"M18.2 9.3l-6.2-6.3-6.2 6.3c-.2.2-.3.4-.3.7s.1.5.3.7c.2.2.4.3.7.3h11c.3 0 .5-.1.7-.3.2-.2.3-.5.3-.7s-.1-.5-.3-.7zM5.8 14.7l6.2 6.3 6.2-6.3c.2-.2.3-.5.3-.7s-.1-.5-.3-.7c-.2-.2-.4-.3-.7-.3h-11c-.3 0-.5.1-.7.3-.2.2-.3.5-.3.7s.1.5.3.7z\"\/><\/svg><\/span><\/span><\/span><\/a><\/span><\/div>\n<nav><ul class='ez-toc-list ez-toc-list-level-1 ' ><li class='ez-toc-page-1 ez-toc-heading-level-2'><a class=\"ez-toc-link ez-toc-heading-1\" href=\"https:\/\/loudavymkrokem.cz\/sv\/prag-tjeckien-gamla-stadens-torg\/#Sammanfattning\" >Sammanfattning<\/a><\/li><li class='ez-toc-page-1 ez-toc-heading-level-2'><a class=\"ez-toc-link ez-toc-heading-2\" href=\"https:\/\/loudavymkrokem.cz\/sv\/prag-tjeckien-gamla-stadens-torg\/#Nar_ska_man_aka_och_vilken_tid_pa_dygnet\" >N\u00e4r ska man \u00e5ka och vilken tid p\u00e5 dygnet<\/a><ul class='ez-toc-list-level-3' ><li class='ez-toc-heading-level-3'><a class=\"ez-toc-link ez-toc-heading-3\" href=\"https:\/\/loudavymkrokem.cz\/sv\/prag-tjeckien-gamla-stadens-torg\/#Morgondimma_kontra_kvallsljus\" >Morgondimma kontra kv\u00e4llsljus<\/a><\/li><li class='ez-toc-page-1 ez-toc-heading-level-3'><a class=\"ez-toc-link ez-toc-heading-4\" href=\"https:\/\/loudavymkrokem.cz\/sv\/prag-tjeckien-gamla-stadens-torg\/#Jul-_och_paskmarknader\" >Jul- och p\u00e5skmarknader<\/a><\/li><\/ul><\/li><li class='ez-toc-page-1 ez-toc-heading-level-2'><a class=\"ez-toc-link ez-toc-heading-5\" href=\"https:\/\/loudavymkrokem.cz\/sv\/prag-tjeckien-gamla-stadens-torg\/#Var_ska_man_bo\" >Var ska man bo<\/a><ul class='ez-toc-list-level-3' ><li class='ez-toc-heading-level-3'><a class=\"ez-toc-link ez-toc-heading-6\" href=\"https:\/\/loudavymkrokem.cz\/sv\/prag-tjeckien-gamla-stadens-torg\/#Var_testade_favorit_The_Julius_Hotel\" >V\u00e5r testade favorit: The Julius Hotel<\/a><\/li><\/ul><\/li><li class='ez-toc-page-1 ez-toc-heading-level-2'><a class=\"ez-toc-link ez-toc-heading-7\" href=\"https:\/\/loudavymkrokem.cz\/sv\/prag-tjeckien-gamla-stadens-torg\/#Gamla_stadens_radhus_och_dess_hemligheter\" >Gamla stadens r\u00e5dhus och dess hemligheter<\/a><ul class='ez-toc-list-level-3' ><li class='ez-toc-heading-level-3'><a class=\"ez-toc-link ez-toc-heading-8\" href=\"https:\/\/loudavymkrokem.cz\/sv\/prag-tjeckien-gamla-stadens-torg\/#Prags_astronomiska_klocka\" >Prags astronomiska klocka<\/a><\/li><li class='ez-toc-page-1 ez-toc-heading-level-3'><a class=\"ez-toc-link ez-toc-heading-9\" href=\"https:\/\/loudavymkrokem.cz\/sv\/prag-tjeckien-gamla-stadens-torg\/#Utsikt_fran_Gamla_stadens_radhus\" >Utsikt fr\u00e5n Gamla stadens r\u00e5dhus<\/a><\/li><li class='ez-toc-page-1 ez-toc-heading-level-3'><a class=\"ez-toc-link ez-toc-heading-10\" href=\"https:\/\/loudavymkrokem.cz\/sv\/prag-tjeckien-gamla-stadens-torg\/#Radhusets_kallare_och_historiska_salar\" >R\u00e5dhusets k\u00e4llare och historiska salar<\/a><\/li><\/ul><\/li><li class='ez-toc-page-1 ez-toc-heading-level-2'><a class=\"ez-toc-link ez-toc-heading-11\" href=\"https:\/\/loudavymkrokem.cz\/sv\/prag-tjeckien-gamla-stadens-torg\/#Landmarken_som_formar_Gamla_stadens_torg\" >Landm\u00e4rken som formar Gamla stadens torg<\/a><ul class='ez-toc-list-level-3' ><li class='ez-toc-heading-level-3'><a class=\"ez-toc-link ez-toc-heading-12\" href=\"https:\/\/loudavymkrokem.cz\/sv\/prag-tjeckien-gamla-stadens-torg\/#Tynkyrkan_Jungfru_Maria_framfor_Tyn\" >T\u00fdnkyrkan (Jungfru Maria framf\u00f6r T\u00fdn)<\/a><\/li><li class='ez-toc-page-1 ez-toc-heading-level-3'><a class=\"ez-toc-link ez-toc-heading-13\" href=\"https:\/\/loudavymkrokem.cz\/sv\/prag-tjeckien-gamla-stadens-torg\/#Sankt_Nikolaus-kyrkan_Gamla_staden\" >Sankt Nikolaus-kyrkan Gamla staden<\/a><\/li><li class='ez-toc-page-1 ez-toc-heading-level-3'><a class=\"ez-toc-link ez-toc-heading-14\" href=\"https:\/\/loudavymkrokem.cz\/sv\/prag-tjeckien-gamla-stadens-torg\/#Kinskys_palats_och_Huset_vid_Stenklockan\" >Kinsk\u00fds palats och Huset vid Stenklockan<\/a><\/li><\/ul><\/li><li class='ez-toc-page-1 ez-toc-heading-level-2'><a class=\"ez-toc-link ez-toc-heading-15\" href=\"https:\/\/loudavymkrokem.cz\/sv\/prag-tjeckien-gamla-stadens-torg\/#Historiska_detaljer_och_det_forflutnas_skuggor\" >Historiska detaljer och det f\u00f6rflutnas skuggor<\/a><ul class='ez-toc-list-level-3' ><li class='ez-toc-heading-level-3'><a class=\"ez-toc-link ez-toc-heading-16\" href=\"https:\/\/loudavymkrokem.cz\/sv\/prag-tjeckien-gamla-stadens-torg\/#27_kors_i_gatstenen_Avrattningen_1621\" >27 kors i gatstenen (Avr\u00e4ttningen 1621)<\/a><\/li><li class='ez-toc-page-1 ez-toc-heading-level-3'><a class=\"ez-toc-link ez-toc-heading-17\" href=\"https:\/\/loudavymkrokem.cz\/sv\/prag-tjeckien-gamla-stadens-torg\/#Jan_Hus-monumentet\" >Jan Hus-monumentet<\/a><\/li><li class='ez-toc-page-1 ez-toc-heading-level-3'><a class=\"ez-toc-link ez-toc-heading-18\" href=\"https:\/\/loudavymkrokem.cz\/sv\/prag-tjeckien-gamla-stadens-torg\/#Prags_meridian\" >Prags meridian<\/a><\/li><\/ul><\/li><li class='ez-toc-page-1 ez-toc-heading-level-2'><a class=\"ez-toc-link ez-toc-heading-19\" href=\"https:\/\/loudavymkrokem.cz\/sv\/prag-tjeckien-gamla-stadens-torg\/#Sa_overlever_du_Gamla_stan_utan_att_bli_lurad\" >S\u00e5 \u00f6verlever du Gamla stan (utan att bli lurad)<\/a><ul class='ez-toc-list-level-3' ><li class='ez-toc-heading-level-3'><a class=\"ez-toc-link ez-toc-heading-20\" href=\"https:\/\/loudavymkrokem.cz\/sv\/prag-tjeckien-gamla-stadens-torg\/#Var_man_ater_Kaffe_och_mat_utan_turistpalagg\" >Var man \u00e4ter: Kaffe och mat utan turistp\u00e5l\u00e4gg<\/a><\/li><li class='ez-toc-page-1 ez-toc-heading-level-3'><a class=\"ez-toc-link ez-toc-heading-21\" href=\"https:\/\/loudavymkrokem.cz\/sv\/prag-tjeckien-gamla-stadens-torg\/#Turistfallor_och_taxiforare\" >Turistf\u00e4llor och taxif\u00f6rare<\/a><\/li><\/ul><\/li><li class='ez-toc-page-1 ez-toc-heading-level-2'><a class=\"ez-toc-link ez-toc-heading-22\" href=\"https:\/\/loudavymkrokem.cz\/sv\/prag-tjeckien-gamla-stadens-torg\/#Praktisk_information\" >Praktisk information<\/a><ul class='ez-toc-list-level-3' ><li class='ez-toc-heading-level-3'><a class=\"ez-toc-link ez-toc-heading-23\" href=\"https:\/\/loudavymkrokem.cz\/sv\/prag-tjeckien-gamla-stadens-torg\/#Transport_och_tillganglighet\" >Transport och tillg\u00e4nglighet<\/a><\/li><li class='ez-toc-page-1 ez-toc-heading-level-3'><a class=\"ez-toc-link ez-toc-heading-24\" href=\"https:\/\/loudavymkrokem.cz\/sv\/prag-tjeckien-gamla-stadens-torg\/#Intraden_och_praktiska_tjanster\" >Intr\u00e4den och praktiska tj\u00e4nster<\/a><\/li><\/ul><\/li><li class='ez-toc-page-1 ez-toc-heading-level-2'><a class=\"ez-toc-link ez-toc-heading-25\" href=\"https:\/\/loudavymkrokem.cz\/sv\/prag-tjeckien-gamla-stadens-torg\/#Vanliga_fragor\" >Vanliga fr\u00e5gor<\/a><ul class='ez-toc-list-level-3' ><li class='ez-toc-heading-level-3'><a class=\"ez-toc-link ez-toc-heading-26\" href=\"https:\/\/loudavymkrokem.cz\/sv\/prag-tjeckien-gamla-stadens-torg\/#Vilken_tid_slar_Prags_astronomiska_klocka\" >Vilken tid sl\u00e5r Prags astronomiska klocka?<\/a><\/li><li class='ez-toc-page-1 ez-toc-heading-level-3'><a class=\"ez-toc-link ez-toc-heading-27\" href=\"https:\/\/loudavymkrokem.cz\/sv\/prag-tjeckien-gamla-stadens-torg\/#Vad_kostar_intradet_till_radhusets_torn\" >Vad kostar intr\u00e4det till r\u00e5dhusets torn?<\/a><\/li><li class='ez-toc-page-1 ez-toc-heading-level-3'><a class=\"ez-toc-link ez-toc-heading-28\" href=\"https:\/\/loudavymkrokem.cz\/sv\/prag-tjeckien-gamla-stadens-torg\/#Kan_man_ta_hiss_upp_i_tornet\" >Kan man ta hiss upp i tornet?<\/a><\/li><li class='ez-toc-page-1 ez-toc-heading-level-3'><a class=\"ez-toc-link ez-toc-heading-29\" href=\"https:\/\/loudavymkrokem.cz\/sv\/prag-tjeckien-gamla-stadens-torg\/#Ar_trdelnik_ett_traditionellt_pragt_bakverk\" >\u00c4r trdeln\u00edk ett traditionellt pragt bakverk?<\/a><\/li><li class='ez-toc-page-1 ez-toc-heading-level-3'><a class=\"ez-toc-link ez-toc-heading-30\" href=\"https:\/\/loudavymkrokem.cz\/sv\/prag-tjeckien-gamla-stadens-torg\/#Var_hittar_jag_ingangen_till_Tynkyrkan\" >Var hittar jag ing\u00e5ngen till T\u00fdnkyrkan?<\/a><\/li><li class='ez-toc-page-1 ez-toc-heading-level-3'><a class=\"ez-toc-link ez-toc-heading-31\" href=\"https:\/\/loudavymkrokem.cz\/sv\/prag-tjeckien-gamla-stadens-torg\/#Nar_ar_julmarknaderna_pa_Gamla_stadens_torg\" >N\u00e4r \u00e4r julmarknaderna p\u00e5 Gamla stadens torg?<\/a><\/li><\/ul><\/li><\/ul><\/nav><\/div>\n<h2 class=\"wp-block-heading\"><span class=\"ez-toc-section\" id=\"Sammanfattning\"><\/span><span class=\"ez-toc-section\" id=\"Sammanfattning\"><\/span>Sammanfattning<span class=\"ez-toc-section-end\"><\/span><span class=\"ez-toc-section-end\"><\/span><\/h2>\n<p>Jag f\u00f6rst\u00e5r att man ibland bara beh\u00f6ver en snabb sammanfattning. N\u00e4r Luk\u00e1\u0161 och jag senast planerade en weekendresa till Wien letade jag ocks\u00e5 febrillt efter punktlistor s\u00e5 vi inte skulle sl\u00f6sa tid. S\u00e5 om du st\u00e5r redo att ge dig iv\u00e4g \u2013 h\u00e4r \u00e4r det viktigaste du beh\u00f6ver veta.<\/p>\n<p>De h\u00e4r punkterna r\u00e4ddar dig fr\u00e5n den dyraste gl\u00f6ggen i ditt liv och sparar dig besvikelsen av enorma folkmassor. Jag rekommenderar att du \u00e5tminstone snabbt \u00f6gnar igenom listan innan du kastar dig in i Prags virvelvind.<\/p>\n<ul class=\"wp-block-list\">\n<li>Torget \u00e4r som vackrast tidigt p\u00e5 morgonen, helst f\u00f6re <strong>klockan \u00e5tta<\/strong>, d\u00e5 du slipper turisthorderna och kan fotografera det tomma torget i lugn och ro.<\/li>\n<li>Klockan sl\u00e5r varje hel timme fr\u00e5n <strong>9:00 till 23:00<\/strong>, men sj\u00e4lva apostlaf\u00f6rest\u00e4llningen varar knappt en minut, s\u00e5 planera inte en hel halvdag kring den.<\/li>\n<li>Biljetter till <strong>Gamla stadens r\u00e5dhustorn<\/strong> b\u00f6r du alltid k\u00f6pa online i f\u00f6rv\u00e4g \u2013 d\u00e5 slipper du den l\u00e5nga k\u00f6n vid kassan i entr\u00e9plan.<\/li>\n<li>Den b\u00e4sta utsikten beh\u00f6ver inte vara fr\u00e5n r\u00e5dhustornet \u2013 en fantastisk vy erbjuds \u00e4ven fr\u00e5n f\u00f6nstren i kaf\u00e9et p\u00e5 <strong>Skautsk\u00fd institut<\/strong> som ligger direkt vid torget.<\/li>\n<li>Ing\u00e5ngen till T\u00fdnkyrkan \u00e4r listigt g\u00f6md bakom husens arkader \u2013 leta inte efter den direkt fr\u00e5n den \u00f6ppna torgytan.<\/li>\n<li>I gatstenen vid r\u00e5dhuset hittar du 27 vita kors som minner om avr\u00e4ttningen av tjeckiska adelsm\u00e4n \u00e5r <strong>1621<\/strong> \u2013 lokal folktro s\u00e4ger att man inte ska trampa p\u00e5 dem.<\/li>\n<li>Sankt Nikolaus-kyrkan p\u00e5 detta torg \u00e4r en utm\u00e4rkt plats f\u00f6r kv\u00e4llskonserter med klassisk musik tack vare den fantastiska akustiken.<\/li>\n<li>Undvik turistf\u00e4llor som \u00f6verprisade v\u00e4xlingskontor och gatubaserade taxif\u00f6rare \u2013 anv\u00e4nd appar eller <strong>kollektivtrafiken<\/strong> f\u00f6r transport.<\/li>\n<li>Trdeln\u00edk, som s\u00e4ljs \u00f6verallt som &#8221;traditionellt gammaltjeckiskt bakverk&#8221;, \u00e4r i verkligheten en modern marknadsf\u00f6ringsuppfinning \u2013 inte ett historiskt pragt recept. Men Luk\u00e1\u0161 och jag \u00e4ter det \u00e4nd\u00e5, det \u00e4r gott. <\/li>\n<\/ul>\n<figure class=\"wp-block-image size-full\"><img loading=\"lazy\" decoding=\"async\" width=\"2000\" height=\"1333\" src=\"https:\/\/loudavymkrokem.cz\/wp-content\/uploads\/2023\/07\/prazsky-orloj.jpg\" alt=\"Astronomiska klockan i Prag, Tjeckien\" class=\"wp-image-62990\" title=\"\" srcset=\"https:\/\/loudavymkrokem.cz\/wp-content\/uploads\/2023\/07\/prazsky-orloj.jpg 2000w, https:\/\/loudavymkrokem.cz\/wp-content\/uploads\/2023\/07\/prazsky-orloj-300x200.jpg 300w, https:\/\/loudavymkrokem.cz\/wp-content\/uploads\/2023\/07\/prazsky-orloj-700x467.jpg 700w, https:\/\/loudavymkrokem.cz\/wp-content\/uploads\/2023\/07\/prazsky-orloj-768x512.jpg 768w, https:\/\/loudavymkrokem.cz\/wp-content\/uploads\/2023\/07\/prazsky-orloj-1536x1024.jpg 1536w, https:\/\/loudavymkrokem.cz\/wp-content\/uploads\/2023\/07\/prazsky-orloj-696x464.jpg 696w, https:\/\/loudavymkrokem.cz\/wp-content\/uploads\/2023\/07\/prazsky-orloj-1392x928.jpg 1392w, https:\/\/loudavymkrokem.cz\/wp-content\/uploads\/2023\/07\/prazsky-orloj-1920x1280.jpg 1920w\" sizes=\"auto, (max-width: 2000px) 100vw, 2000px\"><figcaption class=\"wp-element-caption\">Astronomiska klockan i Prag<\/figcaption><\/figure>\n<h2 class=\"wp-block-heading\"><span class=\"ez-toc-section\" id=\"Nar_ska_man_aka_och_vilken_tid_pa_dygnet\"><\/span><span class=\"ez-toc-section\" id=\"Nar_ska_man_aka_och_vilken_tid_pa_dygnet\"><\/span>N\u00e4r ska man \u00e5ka och vilken tid p\u00e5 dygnet<span class=\"ez-toc-section-end\"><\/span><span class=\"ez-toc-section-end\"><\/span><\/h2>\n<p>Valet av r\u00e4tt tidpunkt f\u00f6r att bes\u00f6ka det historiska centret avg\u00f6r om du tar med dig en upplevelse \u2013 eller bara en k\u00e4nsla av klaustrofobi. \u00c5r 2026 har Prag inte l\u00e4ngre n\u00e5gon riktig l\u00e5gs\u00e4song, men det finns fortfarande tidsf\u00f6nster d\u00e5 staden andas friare.<\/p>\n<h3 class=\"wp-block-heading\"><span class=\"ez-toc-section\" id=\"Morgondimma_kontra_kvallsljus\"><\/span><span class=\"ez-toc-section\" id=\"Morgondimma_kontra_kvallsljus\"><\/span>Morgondimma kontra kv\u00e4llsljus<span class=\"ez-toc-section-end\"><\/span><span class=\"ez-toc-section-end\"><\/span><\/h3>\n<p>Om du gillar fotografering, st\u00e4ll v\u00e4ckarklockan. Runt <strong>klockan sju p\u00e5 morgonen<\/strong>, s\u00e4rskilt p\u00e5 v\u00e5ren eller h\u00f6sten, \u00e4r torget i princip tomt. Ljuset faller mot T\u00fdnkyrkan och du h\u00f6r bara klappret av dina egna skor mot gatstenen. Det \u00e4r precis den atmosf\u00e4ren jag en g\u00e5ng jagade p\u00e5 filmrulle. Kv\u00e4llsbes\u00f6k har en annan dynamik. Palatsfasaderna \u00e4r upplysta, fragment av klassisk musik sipprar ut genom \u00f6ppna kyrkd\u00f6rrar och torget lever av gatukonst. R\u00e4kna dock med att det samlas flest m\u00e4nniskor p\u00e5 kv\u00e4llen.<\/p>\n<p>Kom g\u00e4rna hit efter regn ocks\u00e5. V\u00e5t gatsten speglar gatulyktorna och T\u00fdnkyrkan utstr\u00e5lar n\u00e5got rent magiskt. Gl\u00f6m bara inte varma kl\u00e4der \u2013 det drar ofta obehagligt kallt fr\u00e5n floden. Och n\u00e4r du sedan med r\u00f6d n\u00e4sa glider in p\u00e5 det f\u00f6rsta \u00f6ppna kaf\u00e9et runt h\u00f6rnet smakar det varma teet hundra g\u00e5nger b\u00e4ttre. F\u00f6r en fotograf \u00e4r det h\u00e4r morgonuppvaknandet helt enkelt en fest \u2013 ett stilla, intimt \u00f6gonblick som ingen rundtur mitt p\u00e5 dagen kan ge dig.<\/p>\n<p><strong>\ud83d\udca1 Tips fr\u00e5n en lokalbo:<\/strong> Om du vill undvika den v\u00e4rsta tr\u00e4ngseln framf\u00f6r klockan, kom ungef\u00e4r <strong>fem minuter<\/strong> efter hel timme. Folk skingras omedelbart efter apostlaf\u00f6rest\u00e4llningen och du f\u00e5r utrymme att studera den astronomiska urtavlan p\u00e5 n\u00e4ra h\u00e5ll.<\/p>\n<div class=\"gyg-iframe-container\" style=\"margin-bottom:1.5em\" class=\"wp-block-cgb-block-gyg-wp-plugin\"><iframe style=\"border:0;height:100%;width:100%\" title=\"GetYourGuide activities widget\" src=\"https:\/\/widget.getyourguide.com\/default\/activities.frame?widget=wp_activities&amp;currency=CSK&amp;locale_code=en-GB&amp;number_of_items=3&amp;partner_id=MKZ64IS&amp;q=old%20prague\"><\/iframe><\/div>\n<h3 class=\"wp-block-heading\"><span class=\"ez-toc-section\" id=\"Jul-_och_paskmarknader\"><\/span><span class=\"ez-toc-section\" id=\"Jul_och_paskmarknader\"><\/span>Jul- och p\u00e5skmarknader<span class=\"ez-toc-section-end\"><\/span><span class=\"ez-toc-section-end\"><\/span><\/h3>\n<p>Marknaderna p\u00e5 Gamla stadens torg \u00e4r ett fenomen som Pragborna b\u00e5de \u00e4lskar och hatar. Julmarknaderna p\u00e5g\u00e5r fr\u00e5n <strong>slutet av november till b\u00f6rjan av januari<\/strong> och p\u00e5skmarknaderna traditionellt i <strong>april<\/strong>. Med Jon\u00e1\u0161 testade vi f\u00f6rra \u00e5ret att suga in st\u00e4mningen under adventen, men med barnvagn kr\u00e4vs starka nerver och strategisk planering. Utrymmet runt st\u00e5nden med keramik och gl\u00f6gg f\u00f6rvandlas till en ogenomtr\u00e4nglig labyrint. Siktar du p\u00e5 den h\u00e4r perioden, g\u00e5 dit en vardag p\u00e5 f\u00f6rmiddagen.<\/p>\n<p>\u00c4rligt talat, jag \u00e4lskar den d\u00e4r doften av barrtr\u00e4d som blandas med rostade kastanjer. Jag tar alltid en gl\u00f6gg och bara njuter av atmosf\u00e4ren en stund. Men man m\u00e5ste verkligen komma innan det m\u00f6rknar och det riktiga kaoset b\u00f6rjar, n\u00e4r man inte kan ta ett enda steg. Och n\u00e4r vi inte orkar mer flyr vi \u00e5tminstone till kanten mot Pa\u0159\u00ed\u017esk\u00e1-gatan. \u00c4ven med barnvagn kr\u00e4vs kort sagt en rej\u00e4l dos zen och bra skor att man\u00f6vrera i.<\/p>\n<p><strong>\ud83d\udca1 Tips fr\u00e5n en lokalbo:<\/strong> Gl\u00f6ggen fr\u00e5n huvudst\u00e5nden direkt under granen brukar vara \u00f6vers\u00f6tad och \u00f6verprissatt. Det r\u00e4cker att sv\u00e4nga in i vilken sidogata som helst mot Ha\u0161talsk\u00e1-kvarteret s\u00e5 f\u00e5r du mycket b\u00e4ttre kvalitet f\u00f6r mindre pengar.<\/p>\n<figure class=\"wp-block-image size-full\"><img loading=\"lazy\" decoding=\"async\" width=\"1200\" height=\"800\" src=\"https:\/\/loudavymkrokem.cz\/wp-content\/uploads\/2024\/11\/vanocni-trhy-praha.jpg\" alt=\"Julgran p\u00e5 Gamla stadens torg i Prag\" class=\"wp-image-89164\" title=\"\" srcset=\"https:\/\/loudavymkrokem.cz\/wp-content\/uploads\/2024\/11\/vanocni-trhy-praha.jpg 1200w, https:\/\/loudavymkrokem.cz\/wp-content\/uploads\/2024\/11\/vanocni-trhy-praha-300x200.jpg 300w, https:\/\/loudavymkrokem.cz\/wp-content\/uploads\/2024\/11\/vanocni-trhy-praha-700x467.jpg 700w, https:\/\/loudavymkrokem.cz\/wp-content\/uploads\/2024\/11\/vanocni-trhy-praha-768x512.jpg 768w, https:\/\/loudavymkrokem.cz\/wp-content\/uploads\/2024\/11\/vanocni-trhy-praha-696x464.jpg 696w\" sizes=\"auto, (max-width: 1200px) 100vw, 1200px\"><figcaption class=\"wp-element-caption\">Julgran p\u00e5 Gamla stadens torg i Prag<\/figcaption><\/figure>\n<h2 class=\"wp-block-heading\"><span class=\"ez-toc-section\" id=\"Var_ska_man_bo\"><\/span><span class=\"ez-toc-section\" id=\"Var_ska_man_bo\"><\/span>Var ska man bo<span class=\"ez-toc-section-end\"><\/span><span class=\"ez-toc-section-end\"><\/span><\/h2>\n<p>Valet av r\u00e4tt hotell kan r\u00e4dda hela semestern, s\u00e4rskilt om man har sm\u00e5 barn med sig. Jag \u00e4r ganska kr\u00e4sen n\u00e4r det g\u00e4ller bekv\u00e4mlighet p\u00e5 resor, men vill samtidigt inte sl\u00f6sa tid p\u00e5 att pendla en timme till centrum.<\/p>\n<h3 class=\"wp-block-heading\"><span class=\"ez-toc-section\" id=\"Var_testade_favorit_The_Julius_Hotel\"><\/span><span class=\"ez-toc-section\" id=\"Var_testad_favorit_The_Julius_Hotel\"><\/span>V\u00e5r testade favorit: The Julius Hotel<span class=\"ez-toc-section-end\"><\/span><span class=\"ez-toc-section-end\"><\/span><\/h3>\n<p>Vill du ha det historiska centret inom r\u00e4ckh\u00e5ll men samtidigt f\u00f6redra en lugnare bas med h\u00f6g standard, rekommenderar jag <strong>The <a class=\"thirstylink\" rel=\"nofollow\" target=\"_blank\" title=\"The Julius Hotel\" href=\"https:\/\/loudavymkrokem.cz\/doporucujeme\/the-julius-hotel\/\" data-shortcode=\"true\">Julius Hotel<\/a><\/strong>, d\u00e4r Luk\u00e1\u0161 och jag nyligen bodde. Hotellet ligger vid <strong>Senov\u00e1\u017en\u00e9 n\u00e1m\u011bst\u00ed<\/strong>, bara <strong>tio minuters<\/strong> sk\u00f6n promenad fr\u00e5n Gamla stadens torg. Vi hade ett <strong>One Bedroom Suite<\/strong> som var otroligt rymligt \u2013 n\u00e5got vi verkligen uppskattade med tanke p\u00e5 Jon\u00e1\u0161 behov av att springa runt. Inredningen \u00e4r f\u00f6rstklassigt designad i jordn\u00e4ra toner och frukosten har gener\u00f6sa vegetariska alternativ, s\u00e5 jag var mer \u00e4n n\u00f6jd. Du kan kolla aktuella priser och tillg\u00e4nglighet och <a href=\"https:\/\/www.booking.com\/hotel\/cz\/julius-meinl-house-prague.html?aid=2397601\" rel=\"nofollow noopener\" target=\"_blank\">boka via Booking.com<\/a>.<\/p>\n<p>Det \u00e4r en otrolig l\u00e4ttnad att efter en heldag av springande mellan sev\u00e4rdheter kunna komma tillbaka till ett tyst rum, \u00f6ppna en flaska vin och bara koppla av. P\u00e5 morgonen kan man sedan med en kopp kaffe i handen planera n\u00e4sta rutt utan att beh\u00f6va stressa sig genom folkmassor redan fr\u00e5n ytterd\u00f6rren. Balansen mellan centrum och avskildhet \u00e4r helt enkelt perfekt h\u00e4r.<\/p>\n<figure class=\"wp-block-image size-full\"><img loading=\"lazy\" decoding=\"async\" width=\"1200\" height=\"800\" src=\"https:\/\/loudavymkrokem.cz\/wp-content\/uploads\/2026\/04\/prazsky-orloj-4055.jpg\" alt=\"Gamla stadens torg i Prag\" class=\"wp-image-151087\" title=\"\" srcset=\"https:\/\/loudavymkrokem.cz\/wp-content\/uploads\/2026\/04\/prazsky-orloj-4055.jpg 1200w, https:\/\/loudavymkrokem.cz\/wp-content\/uploads\/2026\/04\/prazsky-orloj-4055-300x200.jpg 300w, https:\/\/loudavymkrokem.cz\/wp-content\/uploads\/2026\/04\/prazsky-orloj-4055-700x467.jpg 700w, https:\/\/loudavymkrokem.cz\/wp-content\/uploads\/2026\/04\/prazsky-orloj-4055-768x512.jpg 768w, https:\/\/loudavymkrokem.cz\/wp-content\/uploads\/2026\/04\/prazsky-orloj-4055-696x464.jpg 696w\" sizes=\"auto, (max-width: 1200px) 100vw, 1200px\"><figcaption class=\"wp-element-caption\">Vi p\u00e5 Gamla stadens torg<\/figcaption><\/figure>\n<h2 class=\"wp-block-heading\"><span class=\"ez-toc-section\" id=\"Gamla_stadens_radhus_och_dess_hemligheter\"><\/span><span class=\"ez-toc-section\" id=\"Gamla_stadens_radhus_och_dess_hemligheter\"><\/span>Gamla stadens r\u00e5dhus och dess hemligheter<span class=\"ez-toc-section-end\"><\/span><span class=\"ez-toc-section-end\"><\/span><\/h2>\n<p>Det h\u00e4r \u00e4r inte bara en byggnad, utan ett komplex av hus som gradvis vuxit ihop precis som Prags historia sj\u00e4lv \u2013 lite kaotiskt, lite \u00f6verraskande och allt mer intressant med varje nytt lager.<\/p>\n<p>Senast vi var h\u00e4r med Jon\u00e1\u0161 tyckte han det var j\u00e4ttekul att se hur de olika fasaderna ansluter till varandra. F\u00f6r mig \u00e4r platsen ett fascinerande exempel p\u00e5 hur Prag under \u00e5rhundraden har f\u00f6r\u00e4ndrats och anpassat sig utan att f\u00f6rlora sin ursprungliga charm.<\/p>\n<h3 class=\"wp-block-heading\"><span class=\"ez-toc-section\" id=\"Prags_astronomiska_klocka\"><\/span><span class=\"ez-toc-section\" id=\"Prags_astronomiska_klocka\"><\/span>Prags astronomiska klocka<span class=\"ez-toc-section-end\"><\/span><span class=\"ez-toc-section-end\"><\/span><\/h3>\n<p>Det \u00e4r sannolikt det mest fotograferade tekniska minnesm\u00e4rket i hela Tjeckien. <strong>Prags astronomiska klocka<\/strong> h\u00e4rstammar fr\u00e5n \u00e5r <strong>1410<\/strong> och \u00e4r den tredje \u00e4ldsta astronomiska klockan i v\u00e4rlden \u2013 och den enda som fortfarande fungerar. Jag minns hur v\u00e5r historiel\u00e4rare p\u00e5 gymnasiet avlivade den ber\u00f6mda legenden om m\u00e4stare Hanu\u0161, som r\u00e5dm\u00e4nnen p\u00e5stods ha blindat s\u00e5 att han aldrig skulle kunna bygga n\u00e5got vackrare. I verkligheten konstruerades klockan av Mikul\u00e1\u0161 z Kadan\u011b. Den astronomiska urtavlan visar solens och m\u00e5nens position samt zodiakens stj\u00e4rntecken. Den undre kalendertavlan med medaljonger av Josef M\u00e1nes \u00e4r visserligen en kopia (originalet finns p\u00e5 museet), men detaljerna av lantliga arbeten \u00e4r fantastiska. Apostlaf\u00f6rest\u00e4llningen startar varje hel timme fr\u00e5n 9:00 till 23:00.<\/p>\n<p>Jag minns hur jag en g\u00e5ng drog ut med tjejg\u00e4nget med vin i plastmuggar precis n\u00e4r klockan slog midnatt. St\u00e4mningen var helt annorlunda \u00e4n p\u00e5 dagen. Inga selfiepinnar, bara n\u00e5gra vilsna par och det tysta ljudet av kugghjul som p\u00e5minner dig om att den h\u00e4r mekanismen har tickat i hundratals \u00e5r. Det var otroligt romantiskt, och sedan dess s\u00e4ger jag \u00e5t alla att g\u00e5 hit sent p\u00e5 natten ist\u00e4llet.<\/p>\n<p><strong>\ud83d\udca1 Tips fr\u00e5n en lokalbo:<\/strong> F\u00f6rv\u00e4nta dig ingen lasershow. Det \u00e4r en 45 sekunder l\u00e5ng parad av sm\u00e5 tr\u00e4figurer. Vill du ha bra utsikt utan att beh\u00f6va tr\u00e4ngas med armb\u00e5garna, st\u00e4ll dig snett till v\u00e4nster om r\u00e5dhuset redan <strong>en kvart<\/strong> i f\u00f6rv\u00e4g.<\/p>\n<figure class=\"wp-block-image size-full\"><img loading=\"lazy\" decoding=\"async\" width=\"1200\" height=\"800\" src=\"https:\/\/loudavymkrokem.cz\/wp-content\/uploads\/2026\/04\/prazsky-orloj-4046.jpg\" alt=\"Prags astronomiska klocka\" class=\"wp-image-151083\" title=\"\" srcset=\"https:\/\/loudavymkrokem.cz\/wp-content\/uploads\/2026\/04\/prazsky-orloj-4046.jpg 1200w, https:\/\/loudavymkrokem.cz\/wp-content\/uploads\/2026\/04\/prazsky-orloj-4046-300x200.jpg 300w, https:\/\/loudavymkrokem.cz\/wp-content\/uploads\/2026\/04\/prazsky-orloj-4046-700x467.jpg 700w, https:\/\/loudavymkrokem.cz\/wp-content\/uploads\/2026\/04\/prazsky-orloj-4046-768x512.jpg 768w, https:\/\/loudavymkrokem.cz\/wp-content\/uploads\/2026\/04\/prazsky-orloj-4046-696x464.jpg 696w\" sizes=\"auto, (max-width: 1200px) 100vw, 1200px\"><figcaption class=\"wp-element-caption\">Astronomiska klockan<\/figcaption><\/figure>\n<div class=\"lk-zazitky-module\">\n<style>\n.lk-zazitky-module * { box-sizing: border-box; margin: 0; padding: 0; }\n.lk-zazitky-module {\n  font-family: 'DM Sans', Georgia, sans-serif;\n  max-width: 100%;\n  margin: 2.5rem auto;\n  background: linear-gradient(135deg, #fdf6f3 0%, #fbede7 100%);\n  border: 1px solid #f0d9cc;\n  border-radius: 16px;\n  overflow: hidden;\n  box-shadow: 0 16px 48px rgba(217, 119, 87, 0.18), 0 4px 12px rgba(0,0,0,0.06);\n}\n.lk-zazitky-header {\n  position: relative;\n  padding: 24px 32px;\n  background: linear-gradient(135deg, #d97757 0%, #c46b4b 60%, #d97757 100%);\n  display: flex;\n  align-items: center;\n  gap: 18px;\n}\n.lk-zazitky-header::before {\n  content: '';\n  position: absolute;\n  inset: 0;\n  background: url(\"data:image\/svg+xml,%3Csvg width='60' height='60' viewBox='0 0 60 60' xmlns='http:\/\/www.w3.org\/2000\/svg'%3E%3Cg fill='none' fill-rule='evenodd'%3E%3Cg fill='%23ffffff' fill-opacity='0.05'%3E%3Cpath d='M36 34v-4h-2v4h-4v2h4v4h2v-4h4v-2h-4zm0-30V0h-2v4h-4v2h4v4h2V6h4V4h-4zM6 34v-4H4v4H0v2h4v4h2v-4h4v-2H6zM6 4V0H4v4H0v2h4v4h2V6h4V4H6z'\/%3E%3C\/g%3E%3C\/g%3E%3C\/svg%3E\") repeat;\n  pointer-events: none;\n}\n.lk-zazitky-header img {\n  width: 64px; height: 64px; border-radius: 12px; flex-shrink: 0;\n  object-fit: cover; box-shadow: 0 4px 12px rgba(0,0,0,0.18); position: relative; z-index: 1;\n}\n.lk-zazitky-header-text { position: relative; z-index: 1; }\n.lk-zazitky-eyebrow {\n  font-size: 10px; font-weight: 600; letter-spacing: 2.5px; text-transform: uppercase;\n  color: rgba(255,255,255,.92); margin-bottom: 5px;\n}\n.lk-zazitky-title {\n  font-family: 'Playfair Display', Georgia, serif;\n  font-size: 24px; font-weight: 700; color: #fff; line-height: 1.2;\n  text-shadow: 0 1px 2px rgba(0,0,0,0.12);\n}\n.lk-zazitky-subtitle {\n  font-size: 13px; color: rgba(255,255,255,.85); margin-top: 4px; font-weight: 300;\n}\n.lk-zazitky-grid {\n  display: grid;\n  grid-template-columns: 1fr 1fr 1fr;\n  gap: 1px;\n  background: rgba(217, 119, 87, 0.12);\n}\n.lk-zazitek-card {\n  background: #ffffff; padding: 22px; display: flex; flex-direction: column; gap: 11px;\n  transition: all 0.3s ease; text-decoration: none; color: inherit; position: relative;\n}\n.lk-zazitek-card:hover {\n  background: #fffaf7; transform: translateY(-2px);\n  box-shadow: 0 8px 24px rgba(217, 119, 87, 0.15); z-index: 1;\n}\n.lk-zazitek-card.is-category {\n  background: linear-gradient(135deg, #fffaf7 0%, #fff3eb 100%);\n  box-shadow: inset 0 1px 0 rgba(217, 119, 87, 0.1);\n}\n.lk-zazitek-card.is-category:hover {\n  background: linear-gradient(135deg, #fff7f2 0%, #ffeee3 100%);\n}\n.lk-zazitek-badge {\n  display: inline-flex; align-items: center; gap: 5px;\n  font-size: 10px; font-weight: 600; letter-spacing: 1.5px; text-transform: uppercase;\n  padding: 5px 11px; border-radius: 20px; width: fit-content;\n  background: rgba(217, 119, 87, 0.10); color: #c46b4b; border: 1px solid rgba(217, 119, 87, 0.22);\n}\n.lk-zazitek-card.is-category .lk-zazitek-badge {\n  background: linear-gradient(135deg, #d97757 0%, #c46b4b 100%); color: #fff;\n  border-color: #c46b4b; box-shadow: 0 2px 8px rgba(217, 119, 87, 0.28);\n}\n.lk-zazitek-name {\n  font-family: 'Playfair Display', Georgia, serif;\n  font-size: 17px; font-weight: 700; color: #111827; line-height: 1.3;\n}\n.lk-zazitek-desc {\n  font-size: 13px; color: #525252; line-height: 1.6; font-weight: 300; flex: 1;\n}\n.lk-zazitek-meta { display: flex; align-items: center; gap: 12px; flex-wrap: wrap; margin-top: 4px; }\n.lk-zazitek-price { font-size: 13px; color: #6b7280; }\n.lk-zazitek-price strong { color: #c46b4b; font-weight: 600; }\n.lk-zazitek-cta {\n  display: inline-flex; align-items: center; justify-content: center; gap: 7px;\n  margin-top: 8px; padding: 11px 16px; border-radius: 8px;\n  background: linear-gradient(135deg, #d97757 0%, #c46b4b 100%);\n  color: #fff; font-size: 13px; font-weight: 500; text-decoration: none;\n  letter-spacing: .3px; transition: all .2s ease; cursor: pointer; border: none;\n  text-align: center; box-shadow: 0 4px 12px rgba(217, 119, 87, 0.28);\n  white-space: nowrap;\n}\n.lk-zazitek-cta:hover {\n  background: linear-gradient(135deg, #c46b4b 0%, #b35e3f 100%);\n  transform: translateY(-1px); box-shadow: 0 6px 16px rgba(217, 119, 87, 0.38);\n}\n.lk-zazitek-card.is-category .lk-zazitek-cta {\n  background: linear-gradient(135deg, #3685fc 0%, #2a6fd9 100%);\n  box-shadow: 0 4px 12px rgba(54, 133, 252, 0.22);\n}\n.lk-zazitek-card.is-category .lk-zazitek-cta:hover {\n  background: linear-gradient(135deg, #2a6fd9 0%, #1e5bc4 100%);\n  box-shadow: 0 6px 16px rgba(54, 133, 252, 0.32);\n}\n.lk-zazitky-footer {\n  padding: 16px 32px;\n  background: linear-gradient(to bottom, #fdf6f3 0%, #f9eae2 100%);\n  border-top: 1px solid rgba(217, 119, 87, 0.18);\n  display: flex; align-items: center; justify-content: center; flex-wrap: wrap; gap: 12px;\n}\n.lk-zazitky-discount {\n  display: inline-flex; align-items: center; gap: 8px;\n  font-size: 13px; color: #6b3a26; font-weight: 500;\n}\n.lk-zazitky-discount-code {\n  font-family: 'Courier New', monospace; font-weight: 700; color: #c46b4b;\n  background: rgba(217, 119, 87, 0.12); padding: 4px 10px; border-radius: 6px;\n  letter-spacing: 1px; font-size: 13px;\n}\n.lk-zazitky-disclaimer {\n  font-size: 11px; color: #8a6e60; font-weight: 300; line-height: 1.5;\n}\n.lk-zazitky-disclaimer a { color: #c46b4b; text-decoration: none; }\n.lk-zazitky-disclaimer a:hover { text-decoration: underline; }\n@media (max-width: 720px) {\n  .lk-zazitky-grid { grid-template-columns: 1fr; }\n  .lk-zazitky-header { padding: 20px 18px; }\n  .lk-zazitky-footer { padding: 14px 18px; }\n  .lk-zazitek-card { padding: 20px; }\n  .lk-zazitky-title { font-size: 20px; }\n}\n<\/style>\n<div class=\"lk-zazitky-header\">\n    <img decoding=\"async\" src=\"https:\/\/loudavymkrokem.cz\/wp-content\/uploads\/2026\/02\/lukas-a-lucka.jpg\" alt=\"Luk\u00e1\u0161 och Lucie\" title=\"\"><\/p>\n<div class=\"lk-zazitky-header-text\">\n<div class=\"lk-zazitky-eyebrow\">Tips fr\u00e5n Luk\u00e1\u0161 och Lucie<\/div>\n<div class=\"lk-zazitky-title\">Upplev Prag p\u00e5 ett annat s\u00e4tt<\/div>\n<div class=\"lk-zazitky-subtitle\">3 bepr\u00f6vade tips med 5 % rabatt fr\u00e5n v\u00e5r partner Firma na z\u00e1\u017eitky<\/div>\n<\/p><\/div>\n<\/p><\/div>\n<div class=\"lk-zazitky-grid\">\n<p>    <a class=\"lk-zazitek-card\" href=\"https:\/\/www.firmanazazitky.cz\/degustacni-menu-na-kampe?utm_source=loudavymkrokem&amp;utm_medium=referral&amp;utm_campaign=staromestske-namesti-a-orloj-co-videt-v-srdci-prahy&amp;utm_content=zazitek-1\" target=\"_blank\" rel=\"nofollow noopener sponsored\"><br \/>\n      <span class=\"lk-zazitek-badge\">\ud83c\udf77 Provning<\/span><\/p>\n<div class=\"lk-zazitek-name\">Provningsmeny i hj\u00e4rtat av Kampa<\/div>\n<div class=\"lk-zazitek-desc\">N\u00e5gra steg fr\u00e5n Gamla stadens torg, \u00f6ver Karlsbron \u2013 en provningsmeny med st\u00e4mningen fr\u00e5n Prags mest pittoreska h\u00f6rn.<\/div>\n<div class=\"lk-zazitek-meta\">\n        <span class=\"lk-zazitek-price\">fr\u00e5n <strong>170 \u20ac<\/strong><\/span>\n      <\/div>\n<p>      <span class=\"lk-zazitek-cta\"><br \/>\n        <svg width=\"14\" height=\"14\" viewBox=\"0 0 24 24\" fill=\"none\" stroke=\"currentColor\" stroke-width=\"2\"><path d=\"M18 13v6a2 2 0 0 1-2 2H5a2 2 0 0 1-2-2V8a2 2 0 0 1 2-2h6\"\/><polyline points=\"15 3 21 3 21 9\"\/><line x1=\"10\" y1=\"14\" x2=\"21\" y2=\"3\"\/><\/svg><br \/>\n        Boka med rabatt<br \/>\n      <\/span><br \/>\n    <\/a><\/p>\n<p>    <a class=\"lk-zazitek-card\" href=\"https:\/\/www.firmanazazitky.cz\/4chodove-degustacni-menu-v-restauraci-zlaty-kohout?utm_source=loudavymkrokem&amp;utm_medium=referral&amp;utm_campaign=staromestske-namesti-a-orloj-co-videt-v-srdci-prahy&amp;utm_content=zazitek-2\" target=\"_blank\" rel=\"nofollow noopener sponsored\"><br \/>\n      <span class=\"lk-zazitek-badge\">\ud83c\udf7d Gastro<\/span><\/p>\n<div class=\"lk-zazitek-name\">4-r\u00e4tters meny p\u00e5 restaurang Zlat\u00fd Kohout<\/div>\n<div class=\"lk-zazitek-desc\">Ett stilfullt stopp efter bes\u00f6ket vid klockan \u2013 4 r\u00e4tter till ett bra pris i centrala Prag.<\/div>\n<div class=\"lk-zazitek-meta\">\n        <span class=\"lk-zazitek-price\">fr\u00e5n <strong>44 \u20ac<\/strong><\/span>\n      <\/div>\n<p>      <span class=\"lk-zazitek-cta\"><br \/>\n        <svg width=\"14\" height=\"14\" viewBox=\"0 0 24 24\" fill=\"none\" stroke=\"currentColor\" stroke-width=\"2\"><path d=\"M18 13v6a2 2 0 0 1-2 2H5a2 2 0 0 1-2-2V8a2 2 0 0 1 2-2h6\"\/><polyline points=\"15 3 21 3 21 9\"\/><line x1=\"10\" y1=\"14\" x2=\"21\" y2=\"3\"\/><\/svg><br \/>\n        Boka med rabatt<br \/>\n      <\/span><br \/>\n    <\/a><\/p>\n<p>    <a class=\"lk-zazitek-card is-category\" href=\"https:\/\/www.firmanazazitky.cz\/degustacni-menu-praha\/?utm_source=loudavymkrokem&amp;utm_medium=referral&amp;utm_campaign=staromestske-namesti-a-orloj-co-videt-v-srdci-prahy&amp;utm_content=kategorie\" target=\"_blank\" rel=\"nofollow noopener sponsored\"><br \/>\n      <span class=\"lk-zazitek-badge\">\u2b50 Allt<\/span><\/p>\n<div class=\"lk-zazitek-name\">Provningsmenyer i Prag<\/div>\n<div class=\"lk-zazitek-desc\">Fler\u00e4tters provningsmenyer fr\u00e5n Prags kockar \u2013 fr\u00e5n bistro-adresser till \u017di\u017ekov-tornet.<\/div>\n<p>      <span class=\"lk-zazitek-cta\"><br \/>\n        Utforska upplevelser<br \/>\n        <svg width=\"12\" height=\"12\" viewBox=\"0 0 24 24\" fill=\"none\" stroke=\"currentColor\" stroke-width=\"2.5\"><polyline points=\"9 18 15 12 9 6\"\/><\/svg><br \/>\n      <\/span><br \/>\n    <\/a><\/p><\/div>\n<div class=\"lk-zazitky-footer\">\n    <span class=\"lk-zazitky-discount\"><br \/>\n      \u2b50 5 % rabatt med koden<br \/>\n      <span class=\"lk-zazitky-discount-code\">LOUDAVYMKROKEM5<\/span><br \/>\n    <\/span>\n  <\/div>\n<\/div>\n<h3 class=\"wp-block-heading\"><span class=\"ez-toc-section\" id=\"Utsikt_fran_Gamla_stadens_radhus\"><\/span><span class=\"ez-toc-section\" id=\"Utsikt_fran_Gamla_stadens_radhus\"><\/span>Utsikt fr\u00e5n Gamla stadens r\u00e5dhus<span class=\"ez-toc-section-end\"><\/span><span class=\"ez-toc-section-end\"><\/span><\/h3>\n<p>Medan du kan titta p\u00e5 den astronomiska klockan gratis fr\u00e5n gatan, erbjuder Gamla stadens r\u00e5dhus en av de b\u00e4sta utsikterna i Prag \u2013 och den kostar pengar. Det gotiska tornet m\u00e4ter <strong>69,5 meter<\/strong> och till skillnad fr\u00e5n m\u00e5nga andra historiska torn i staden tar du dig bekv\u00e4mt upp med en modern glaslhiss, vilket \u00e4r en enorm l\u00e4ttnad om man b\u00e4r ett barn i b\u00e4rsjal. Fr\u00e5n galleriet har du hela torget som p\u00e5 en handflata, med vacker vy \u00f6ver takstrukturen och Pragborgens silhuett i fj\u00e4rran. Grundpriset f\u00f6r intr\u00e4de \u00e5r 2026 ligger runt <strong>12 \u20ac<\/strong>.<\/p>\n<p>N\u00e4r man \u00e5ker upp hela v\u00e4gen inser man hur kompakt den gamla staden egentligen \u00e4r. Jag \u00e4lskar att st\u00e5 d\u00e4r uppe och studera den enorma labyrinten av gr\u00e4nder och r\u00f6da tak. \ud83d\ude09<\/p>\n<p><strong>\ud83d\udca1 Tips fr\u00e5n en lokalbo:<\/strong> K\u00f6erna vid kassan inne brukar vara \u00e4ndl\u00f6sa. Spara tid och k\u00f6p biljetterna till r\u00e5dhustornet via <strong><a class=\"thirstylink\" rel=\"nofollow\" target=\"_blank\" title=\"GetYourGuide\" href=\"https:\/\/loudavymkrokem.cz\/doporucujeme\/getyourguide\/\" data-shortcode=\"true\">GetYourGuide<\/a><\/strong>, s\u00e5 kan du g\u00e5 direkt till hissarna.<\/p>\n<figure class=\"wp-block-image size-full\"><img loading=\"lazy\" decoding=\"async\" width=\"1200\" height=\"800\" src=\"https:\/\/loudavymkrokem.cz\/wp-content\/uploads\/2026\/04\/prazsky-orloj-4044.jpg\" alt=\"Gamla stadens torg i Prag\" class=\"wp-image-151084\" title=\"\" srcset=\"https:\/\/loudavymkrokem.cz\/wp-content\/uploads\/2026\/04\/prazsky-orloj-4044.jpg 1200w, https:\/\/loudavymkrokem.cz\/wp-content\/uploads\/2026\/04\/prazsky-orloj-4044-300x200.jpg 300w, https:\/\/loudavymkrokem.cz\/wp-content\/uploads\/2026\/04\/prazsky-orloj-4044-700x467.jpg 700w, https:\/\/loudavymkrokem.cz\/wp-content\/uploads\/2026\/04\/prazsky-orloj-4044-768x512.jpg 768w, https:\/\/loudavymkrokem.cz\/wp-content\/uploads\/2026\/04\/prazsky-orloj-4044-696x464.jpg 696w\" sizes=\"auto, (max-width: 1200px) 100vw, 1200px\"><figcaption class=\"wp-element-caption\">Gamla stadens torg i Prag<\/figcaption><\/figure>\n<h3 class=\"wp-block-heading\"><span class=\"ez-toc-section\" id=\"Radhusets_kallare_och_historiska_salar\"><\/span><span class=\"ez-toc-section\" id=\"R\u00e5dhusets_kallare_och_historiska_salar\"><\/span>R\u00e5dhusets k\u00e4llare och historiska salar<span class=\"ez-toc-section-end\"><\/span><span class=\"ez-toc-section-end\"><\/span><\/h3>\n<p>De flesta springer upp, tar en bild och \u00e4r redo att g\u00e5 vidare. Men l\u00e4gg m\u00e4rke till skylten ned\u00e5t \u2013 under r\u00e5dhuset d\u00f6ljer sig n\u00e4mligen ett n\u00e4t av romanska och gotiska k\u00e4llare som \u00e4r \u00e4ldre \u00e4n sj\u00e4lva byggnaden ovanf\u00f6r. Tidigare anv\u00e4ndes dessa utrymmen som f\u00e4ngelse. P\u00e5 \u00f6verv\u00e5ningen hittar du vackra historiska salar, varav Bro\u017e\u00edks sal fungerar som en popul\u00e4r plats f\u00f6r vigslar. Dessa utrymmen \u00e4r tillg\u00e4ngliga via guidade turer som brukar ing\u00e5 i grundbiljetten.<\/p>\n<p>D\u00e4r nere \u00e4r det r\u00e4tt kyligt, s\u00e5 \u00e4ven i h\u00f6g sommar rekommenderar jag att ta med en tr\u00f6ja. Det luktar gammal sten och damm \u2013 precis s\u00e5 som jag gillar det p\u00e5 historiska platser. Det \u00e4r verkligen v\u00e4rt den extra timmen du l\u00e4gger p\u00e5 bes\u00f6ket. F\u00f6r mig personligen \u00e4r kontrasten mellan de gl\u00e4nsande salarna ovanp\u00e5 och de m\u00f6rka k\u00e4llarvalven en av de starkaste upplevelserna p\u00e5 hela Gamla stadens torg.<\/p>\n<p><strong>\ud83d\udca1 Tips fr\u00e5n en lokalbo:<\/strong> Guidade turer i k\u00e4llaren sker vid best\u00e4mda tider. Kolla schemat direkt vid entr\u00e9n s\u00e5 att du kan tidsplanera torn- och k\u00e4llarbes\u00f6ket smidigt.<\/p>\n<figure class=\"wp-block-image size-full\"><img loading=\"lazy\" decoding=\"async\" width=\"1200\" height=\"800\" src=\"https:\/\/loudavymkrokem.cz\/wp-content\/uploads\/2026\/04\/prazsky-orloj-4041.jpg\" alt=\"Gamla stadens torg\" class=\"wp-image-151080\" title=\"\" srcset=\"https:\/\/loudavymkrokem.cz\/wp-content\/uploads\/2026\/04\/prazsky-orloj-4041.jpg 1200w, https:\/\/loudavymkrokem.cz\/wp-content\/uploads\/2026\/04\/prazsky-orloj-4041-300x200.jpg 300w, https:\/\/loudavymkrokem.cz\/wp-content\/uploads\/2026\/04\/prazsky-orloj-4041-700x467.jpg 700w, https:\/\/loudavymkrokem.cz\/wp-content\/uploads\/2026\/04\/prazsky-orloj-4041-768x512.jpg 768w, https:\/\/loudavymkrokem.cz\/wp-content\/uploads\/2026\/04\/prazsky-orloj-4041-696x464.jpg 696w\" sizes=\"auto, (max-width: 1200px) 100vw, 1200px\"><figcaption class=\"wp-element-caption\">Gamla stadens torg<\/figcaption><\/figure>\n<h2 class=\"wp-block-heading\"><span class=\"ez-toc-section\" id=\"Landmarken_som_formar_Gamla_stadens_torg\"><\/span><span class=\"ez-toc-section\" id=\"Landmarken_som_formar_Gamla_stadens_torg\"><\/span>Landm\u00e4rken som formar Gamla stadens torg<span class=\"ez-toc-section-end\"><\/span><span class=\"ez-toc-section-end\"><\/span><\/h2>\n<p>Torget vore inte vad det \u00e4r utan de tv\u00e5 j\u00e4ttarna som stirrar p\u00e5 varandra fr\u00e5n motsatta sidor sedan \u00e5rhundraden \u2013 gotikens str\u00e4nghet hos T\u00fdnkyrkan kontra den vita barockelegansen hos Sankt Nikolaus. Ingen av dem l\u00e4mnar dig ober\u00f6rd.<\/p>\n<p>Det \u00e4r ganska roligt att observera hur de h\u00e4r tv\u00e5 byggnaderna konkurrerar med varandra. Den ena m\u00f6rk och majest\u00e4tisk, den andra ljus och utsmyckad. Jag t\u00e4nker alltid p\u00e5 vad arkitekterna f\u00f6r de b\u00e4gge kyrkorna skulle sagt om de tr\u00e4ffats \u00f6ver en kaffe mitt p\u00e5 torget idag.<\/p>\n<h3 class=\"wp-block-heading\"><span class=\"ez-toc-section\" id=\"Tynkyrkan_Jungfru_Maria_framfor_Tyn\"><\/span><span class=\"ez-toc-section\" id=\"Tynkyrkan_Jungfru_Maria_framfor_Tyn\"><\/span>T\u00fdnkyrkan (Jungfru Maria framf\u00f6r T\u00fdn)<span class=\"ez-toc-section-end\"><\/span><span class=\"ez-toc-section-end\"><\/span><\/h3>\n<p>Dess asymmetriska gotiska torn med dussintals sm\u00e5 spiror ser n\u00e4stan ut som ur en m\u00f6rk saga. T\u00fdnkyrkan \u00e4r den sev\u00e4rdhet som fotograferas fr\u00e5n alla vinklar, men att hitta ing\u00e5ngen \u00e4r f\u00f6r m\u00e5nga bes\u00f6kare en utmaning. Kyrkan d\u00f6ljs n\u00e4mligen delvis av framskjutande historiska hus. Inuti hittar du f\u00f6rutom ett vackert barockaltare \u00e4ven graven till den ber\u00f6mde danske astronomen Tycho Brahe. Intr\u00e4det \u00e4r gratis, men en frivillig donation uppmuntras.<\/p>\n<p>Kyrkan \u00e4r f\u00f6rv\u00e5nansv\u00e4rt rymlig inv\u00e4ndigt och det r\u00e5der en fantastisk stillhet \u2013 en total kontrast till kaoset utanf\u00f6r. Jag s\u00e4tter mig g\u00e4rna i en b\u00e4nk l\u00e4ngst bak och bara funderar en stund.<\/p>\n<p><strong>\ud83d\udca1 Tips fr\u00e5n en lokalbo:<\/strong> Ing\u00e5ngen g\u00f6mmer sig i arkaden vid T\u00fdn-skolan bredvid restaurangerna. G\u00e5 genom den tredje valvb\u00e5gen fr\u00e5n v\u00e4nster och du hittar de tunga tr\u00e4d\u00f6rrarna som leder in till kyrkans tysta interi\u00f6r.<\/p>\n<h3 class=\"wp-block-heading\"><span class=\"ez-toc-section\" id=\"Sankt_Nikolaus-kyrkan_Gamla_staden\"><\/span><span class=\"ez-toc-section\" id=\"Sankt_Nikolaus_kyrkan_Gamla_staden\"><\/span>Sankt Nikolaus-kyrkan Gamla staden<span class=\"ez-toc-section-end\"><\/span><span class=\"ez-toc-section-end\"><\/span><\/h3>\n<p>N\u00e4r man s\u00e4ger Sankt Nikolaus-kyrkan t\u00e4nker de flesta p\u00e5 den p\u00e5 Mal\u00e1 Strana (Lesser Town). Men Sankt Nikolaus-kyrkan p\u00e5 Gamla staden bjuder p\u00e5 sitt eget renodlat vita barocksvar, ritat av Kilian Ignaz Dientzenhofer. Interi\u00f6ren \u00e4r \u00f6verv\u00e4ldigande, full av stuckaturer och fresker, och i mitten h\u00e4nger en kristallkrona sk\u00e4nkt av den ryske tsaren. Idag disponeras kyrkan av Tjeckoslovakiska husitiska kyrkan och h\u00e4r h\u00e5lls konserter med klassisk musik som absolut \u00e4r v\u00e4rda ett bes\u00f6k, \u00e4ven utan speciell anledning.<\/p>\n<figure class=\"wp-block-image size-full\"><img loading=\"lazy\" decoding=\"async\" width=\"1200\" height=\"800\" src=\"https:\/\/loudavymkrokem.cz\/wp-content\/uploads\/2026\/04\/prazsky-orloj-4048.jpg\" alt=\"Sankt Nikolaus-kyrkan p\u00e5 Gamla stadens torg\" class=\"wp-image-151081\" title=\"\" srcset=\"https:\/\/loudavymkrokem.cz\/wp-content\/uploads\/2026\/04\/prazsky-orloj-4048.jpg 1200w, https:\/\/loudavymkrokem.cz\/wp-content\/uploads\/2026\/04\/prazsky-orloj-4048-300x200.jpg 300w, https:\/\/loudavymkrokem.cz\/wp-content\/uploads\/2026\/04\/prazsky-orloj-4048-700x467.jpg 700w, https:\/\/loudavymkrokem.cz\/wp-content\/uploads\/2026\/04\/prazsky-orloj-4048-768x512.jpg 768w, https:\/\/loudavymkrokem.cz\/wp-content\/uploads\/2026\/04\/prazsky-orloj-4048-696x464.jpg 696w\" sizes=\"auto, (max-width: 1200px) 100vw, 1200px\"><figcaption class=\"wp-element-caption\">Gamla stadens torg<\/figcaption><\/figure>\n<h3 class=\"wp-block-heading\"><span class=\"ez-toc-section\" id=\"Kinskys_palats_och_Huset_vid_Stenklockan\"><\/span><span class=\"ez-toc-section\" id=\"Kinskys_palats_och_Huset_vid_Stenklockan\"><\/span>Kinsk\u00fds palats och Huset vid Stenklockan<span class=\"ez-toc-section-end\"><\/span><span class=\"ez-toc-section-end\"><\/span><\/h3>\n<p>P\u00e5 \u00f6stra sidan av torget st\u00e5r tv\u00e5 byggnader som perfekt illustrerar Prags arkitektoniska mosaik. Det rokokostillade <strong>Kinsk\u00fds palats<\/strong> med sin rosa-vita stuckfasad fungerar idag som utst\u00e4llningshall f\u00f6r <a href=\"https:\/\/www.ngprague.cz\/\" rel=\"nofollow noopener\" target=\"_blank\">Nationalgalleriet<\/a>. Alldeles intill st\u00e5r <strong>Huset vid Stenklockan<\/strong>, som under f\u00f6rra seklet noggrant frilagdes fr\u00e5n sin barockputts f\u00f6r att avsl\u00f6ja sitt ursprungliga, r\u00e5a gotiska ansikte. Idag huserar <a href=\"https:\/\/www.ghmp.cz\/\" rel=\"nofollow noopener\" target=\"_blank\">Prags stadsgalleri<\/a> h\u00e4r.<\/p>\n<p>Varje g\u00e5ng jag passerar Huset vid Stenklockan t\u00e4nker jag p\u00e5 mina universitets\u00e5r. Med tjejerna fr\u00e5n kursen gick vi p\u00e5 varje ny utst\u00e4llning och debatterade sedan i timmar \u00f6ver ett glas vitt vin p\u00e5 kaf\u00e9et runt h\u00f6rnet. Programmet h\u00e4r \u00e4r n\u00e4mligen fantastiskt och kan engagera \u00e4ven folk som vanligtvis inte s\u00e4tter sin fot i gallerier.<\/p>\n<p><strong>\ud83d\udca1 Tips fr\u00e5n en lokalbo:<\/strong> Utst\u00e4llningarna i Huset vid Stenklockan h\u00f6r till de b\u00e4st kurerade i Prag \u2013 de fokuserar ofta p\u00e5 modern fotografi eller samtidskonst, n\u00e5got jag som f\u00f6re detta fotojournalistikstudent varmt kan rekommendera.<\/p>\n<h2 class=\"wp-block-heading\"><span class=\"ez-toc-section\" id=\"Historiska_detaljer_och_det_forflutnas_skuggor\"><\/span><span class=\"ez-toc-section\" id=\"Historiska_detaljer_och_det_forflutnas_skuggor\"><\/span>Historiska detaljer och det f\u00f6rflutnas skuggor<span class=\"ez-toc-section-end\"><\/span><span class=\"ez-toc-section-end\"><\/span><\/h2>\n<p>Alla tittar upp\u00e5t mot tornen. Men det mest intressanta \u2013 och \u00e4rligt talat mest deprimerande \u2013 har du hela tiden bokstavligt talat under skosulorna.<\/p>\n<p>Prag kan maskera sina hemligheter oerh\u00f6rt v\u00e4l. Tusentals m\u00e4nniskor dansar dagligen f\u00f6rbi med kameran utan att l\u00e4gga m\u00e4rke till vilka sp\u00e5r av historien som g\u00f6mmer sig rakt i gatstenarna. Och det \u00e4r precis de h\u00e4r detaljerna som enligt mig f\u00f6rvandlar en vanlig promenad till en riktigt minnev\u00e4rd upplevelse.<\/p>\n<h3 class=\"wp-block-heading\"><span class=\"ez-toc-section\" id=\"27_kors_i_gatstenen_Avrattningen_1621\"><\/span><span class=\"ez-toc-section\" id=\"27_kors_i_gatstenen_Avrattningen_1621\"><\/span>27 kors i gatstenen (Avr\u00e4ttningen 1621)<span class=\"ez-toc-section-end\"><\/span><span class=\"ez-toc-section-end\"><\/span><\/h3>\n<p>Alldeles vid r\u00e5dhusets \u00f6stra flygel ser du <strong>27 vita kors<\/strong> inlagda i granitbel\u00e4ggningen. Det \u00e4r ett minnesm\u00e4rke \u00f6ver den tragiska h\u00e4ndelsen den 21 juni 1621, d\u00e5 tjugosju ledare f\u00f6r st\u00e4nderupproret avr\u00e4ttades h\u00e4r efter Slaget vid Vita berget \u2013 bland dem den k\u00e4nde l\u00e4karen Jan Jesenius. St\u00e4mningen p\u00e5 platsen \u00e4r kuslig trots turistmassorna, n\u00e4r man inser vad som faktiskt h\u00e4nde h\u00e4r f\u00f6r \u00e5rhundraden sedan.<\/p>\n<p>Det \u00e4r en oerh\u00f6rt m\u00e4rklig k\u00e4nsla att st\u00e5 p\u00e5 en plats man l\u00e4ste om i skolan under historielektionerna. D\u00e5 var det bara torra \u00e5rtal, men n\u00e4r man st\u00e5r h\u00e4r och ser korsen med egna \u00f6gon f\u00e5r det pl\u00f6tsligt en helt annan dimension. Ibland ser Luk\u00e1\u0161 och jag turister som tar leende selfies h\u00e4r, och vi undrar om de ens vet vad de trampar p\u00e5. F\u00f6r mig \u00e4r det ett litet dagligt test av v\u00e5r uppm\u00e4rksamhet och empati. Jag t\u00e4nker alltid p\u00e5 min mormors ord om hur viktigt det \u00e4r att k\u00e4nna till sina r\u00f6tter, \u00e4ven n\u00e4r de ofta \u00e4r rej\u00e4lt blodiga.<\/p>\n<p><strong>\ud83d\udca1 Tips fr\u00e5n en lokalbo:<\/strong> Bland inf\u00f6dda Pragbor finns en oskriven regel att man av respekt f\u00f6r de avr\u00e4ttade inte trampar p\u00e5 korsen. De flesta turister g\u00e5r obet\u00e4nksamt rakt \u00f6ver dem, men du kan f\u00f6rs\u00f6ka g\u00e5 respektfullt runt.<\/p>\n<figure class=\"wp-block-image size-full\"><img loading=\"lazy\" decoding=\"async\" width=\"1200\" height=\"800\" src=\"https:\/\/loudavymkrokem.cz\/wp-content\/uploads\/2026\/04\/prazsky-orloj-4056.jpg\" alt=\"De 27 vita korsen vid Gamla stadens torg\" class=\"wp-image-151089\" title=\"\" srcset=\"https:\/\/loudavymkrokem.cz\/wp-content\/uploads\/2026\/04\/prazsky-orloj-4056.jpg 1200w, https:\/\/loudavymkrokem.cz\/wp-content\/uploads\/2026\/04\/prazsky-orloj-4056-300x200.jpg 300w, https:\/\/loudavymkrokem.cz\/wp-content\/uploads\/2026\/04\/prazsky-orloj-4056-700x467.jpg 700w, https:\/\/loudavymkrokem.cz\/wp-content\/uploads\/2026\/04\/prazsky-orloj-4056-768x512.jpg 768w, https:\/\/loudavymkrokem.cz\/wp-content\/uploads\/2026\/04\/prazsky-orloj-4056-696x464.jpg 696w\" sizes=\"auto, (max-width: 1200px) 100vw, 1200px\"><figcaption class=\"wp-element-caption\">Gamla stadens torg<\/figcaption><\/figure>\n<h3 class=\"wp-block-heading\"><span class=\"ez-toc-section\" id=\"Jan_Hus-monumentet\"><\/span><span class=\"ez-toc-section\" id=\"Jan_Hus_monumentet\"><\/span>Jan Hus-monumentet<span class=\"ez-toc-section-end\"><\/span><span class=\"ez-toc-section-end\"><\/span><\/h3>\n<p>Den m\u00e4ktiga bronsskulpturgruppen dominerad av den br\u00e4nda reformatorn Jan Hus pryder torgets norra del. Jan Hus kan n\u00e4rmast j\u00e4mf\u00f6ras med Martin Luther \u2013 en kyrklig reformator som utmanade den katolska kyrkans makt och br\u00e4ndes p\u00e5 b\u00e5l f\u00f6r sina id\u00e9er \u00e5r 1415. Monumentet av Ladislav \u0160aloun avt\u00e4cktes \u00e5r <strong>1915<\/strong> och har blivit en av de viktigaste orienteringspunkterna. I Prags vardagsspr\u00e5k best\u00e4mmer man m\u00f6ten &#8221;vid Hus&#8221;, ungef\u00e4r som stockholmare s\u00e4ger &#8221;vid klockan p\u00e5 Centralen&#8221;.<\/p>\n<p>Skulpturgruppen \u00e4r verkligen monumental och jag m\u00e5ste erk\u00e4nna att dess storlek alltid imponerar p\u00e5 mig p\u00e5 nytt. Vill man tr\u00e4ffa n\u00e5gon i centrum \u00e4r m\u00f6te vid Hus en s\u00e4ker satsning. Man missar aldrig varandra, och framf\u00f6r allt har man h\u00e4rifr\u00e5n perfekt \u00f6verblick \u00e5t alla h\u00e5ll, s\u00e5 man kan snabbt kolla om ens b\u00e4ttre h\u00e4lft \u00e4ntligen dykt upp.<\/p>\n<p><strong>\ud83d\udca1 Tips fr\u00e5n en lokalbo:<\/strong> Den breda stenkanten runt monumentet \u00e4r en av f\u00e5 platser p\u00e5 torget d\u00e4r du kan sitta ner gratis utan att beh\u00f6va betala f\u00f6r kaffe p\u00e5 en restaurangterrass.<\/p>\n<h3 class=\"wp-block-heading\"><span class=\"ez-toc-section\" id=\"Prags_meridian\"><\/span><span class=\"ez-toc-section\" id=\"Prags_meridian\"><\/span>Prags meridian<span class=\"ez-toc-section-end\"><\/span><span class=\"ez-toc-section-end\"><\/span><\/h3>\n<p>Om du g\u00e5r fr\u00e5n Hus-monumentet mot r\u00e5dhuset st\u00f6ter du p\u00e5 en diskret m\u00e4ssingsrand inlagd i gatstenen. Det \u00e4r <strong>Prags meridian<\/strong> (<strong>14\u00b025&#8217;17&#8221;<\/strong> \u00f6stlig l\u00e4ngd). F\u00f6rr best\u00e4mde Pragborna den exakta tiden efter denna markering \u2013 n\u00e4r Mariakolonnens skugga f\u00f6ll precis p\u00e5 strecket var det middag.<\/p>\n<p>N\u00e5got s\u00e4ger mig att om dagens stressade tj\u00e4nstem\u00e4n med sina iPhones var tvungna att r\u00e4tta sin tid efter Mariakolonnens skugga, skulle alla komma sent till allt \ud83d\ude01. Hur som helst \u00e4r det en charmig p\u00e5minnelse om en tid d\u00e5 v\u00e4rlden inte snurrade i samma vanvettiga tempo som idag. Jag gillar att hitta den h\u00e4r lilla detaljen varje g\u00e5ng.<\/p>\n<p><strong>\ud83d\udca1 Tips fr\u00e5n en lokalbo:<\/strong> Inskriften p\u00e5 meridianen \u00e4r p\u00e5 latin och engelska, men d\u00f6ljs ofta under f\u00f6tterna p\u00e5 stillast\u00e5ende grupper. Du hittar den ungef\u00e4r halvv\u00e4gs mellan klockan och Jan Hus-monumentet.<\/p>\n<h2 class=\"wp-block-heading\"><span class=\"ez-toc-section\" id=\"Sa_overlever_du_Gamla_stan_utan_att_bli_lurad\"><\/span><span class=\"ez-toc-section\" id=\"Sa_overlever_du_Gamla_stan_utan_att_bli_lurad\"><\/span>S\u00e5 \u00f6verlever du Gamla stan (utan att bli lurad)<span class=\"ez-toc-section-end\"><\/span><span class=\"ez-toc-section-end\"><\/span><\/h2>\n<p>Det historiska centret \u00e4r tyv\u00e4rr en magnet f\u00f6r f\u00e4llor som r\u00e4knar med bes\u00f6karnas okunskap. Jag bodde i Prag tillr\u00e4ckligt l\u00e4nge f\u00f6r att veta vilka st\u00e4llen man b\u00f6r undvika och var man ist\u00e4llet hittar en fristad.<\/p>\n<p>Jag vill inte l\u00e5ta som en bitter lokalbo, men ibland g\u00f6r det ont i hj\u00e4rtat att se hur vissa bes\u00f6kare blir lurade. D\u00e4rf\u00f6r har jag sammanst\u00e4llt de h\u00e4r r\u00e4ddande punkterna. De ska hj\u00e4lpa dig att njuta av platsen utan att g\u00e5 d\u00e4rifr\u00e5n med k\u00e4nslan att n\u00e5gon just plockat din pl\u00e5nbok.<\/p>\n<h3 class=\"wp-block-heading\"><span class=\"ez-toc-section\" id=\"Var_man_ater_Kaffe_och_mat_utan_turistpalagg\"><\/span><span class=\"ez-toc-section\" id=\"Var_man_ater_Kaffe_och_mat_utan_turistpalagg\"><\/span>Var man \u00e4ter: Kaffe och mat utan turistp\u00e5l\u00e4gg<span class=\"ez-toc-section-end\"><\/span><span class=\"ez-toc-section-end\"><\/span><\/h3>\n<p>Restaurangerna som kantar torget har en sak gemensamt: du betalar f\u00f6r utsikten, inte f\u00f6r den gastronomiska upplevelsen. En kaffe kostar h\u00e4r rutinm\u00e4ssigt dubbelt j\u00e4mf\u00f6rt med n\u00e5gra gator bort. Beh\u00f6ver du desperat koffein utan att l\u00e4mna torget, g\u00e5 till <a href=\"https:\/\/www.skautskyinstitut.cz\/\" rel=\"nofollow noopener\" target=\"_blank\">Skautsk\u00fd institut<\/a>. Det ligger p\u00e5 f\u00f6rsta v\u00e5ningen i ett av de historiska husen direkt vid klockan. H\u00e4r har de utm\u00e4rkt kaffe till normala priser och fr\u00e5n f\u00f6nstren \u00e4r utsikten fantastisk. Som vegetarian hoppar jag dessutom aldrig \u00f6ver restaurangen <strong>Maitrea<\/strong> i n\u00e4rbel\u00e4gna T\u00fdnsk\u00e1-gr\u00e4nden, som erbjuder toppklassig vegetarisk meny i en vacker feng shui-inredning.<\/p>\n<p>Med ett litet barn beh\u00f6ver man helt enkelt stanna ibland, mata barnet och vila en stund. Och att betala en f\u00f6rm\u00f6genhet f\u00f6r det lockar mig inte direkt. Skautsk\u00fd institut \u00e4r en riktig skatt f\u00f6r detta, g\u00f6md mitt framf\u00f6r \u00f6gonen. Kaffet doftar hederligt och lugnet p\u00e5 balkongen \u00e4r helt enkelt ov\u00e4rderligt. H\u00e4r kan du ladda batterierna innan du kastar dig ut i de \u00e4ndl\u00f6sa m\u00e4nskliga v\u00e5gorna igen.<\/p>\n<p><strong>\ud83d\udca1 Tips fr\u00e5n en lokalbo:<\/strong> Ing\u00e5ngen till Skautsk\u00fd institut \u00e4r en diskret passage precis bredvid kristallaff\u00e4ren. G\u00e5 genom innerg\u00e5rden och upp f\u00f6r spiraltrappan till f\u00f6rsta v\u00e5ningen, d\u00e4r ett n\u00e4tverk av mysiga rum \u00f6ppnar sig framf\u00f6r dig.<\/p>\n<figure class=\"wp-block-image size-full\"><img loading=\"lazy\" decoding=\"async\" width=\"1200\" height=\"800\" src=\"https:\/\/loudavymkrokem.cz\/wp-content\/uploads\/2026\/04\/prazsky-orloj-4041.jpg\" alt=\"Gamla stadens torg i Prag\" class=\"wp-image-151080\" title=\"\" srcset=\"https:\/\/loudavymkrokem.cz\/wp-content\/uploads\/2026\/04\/prazsky-orloj-4041.jpg 1200w, https:\/\/loudavymkrokem.cz\/wp-content\/uploads\/2026\/04\/prazsky-orloj-4041-300x200.jpg 300w, https:\/\/loudavymkrokem.cz\/wp-content\/uploads\/2026\/04\/prazsky-orloj-4041-700x467.jpg 700w, https:\/\/loudavymkrokem.cz\/wp-content\/uploads\/2026\/04\/prazsky-orloj-4041-768x512.jpg 768w, https:\/\/loudavymkrokem.cz\/wp-content\/uploads\/2026\/04\/prazsky-orloj-4041-696x464.jpg 696w\" sizes=\"auto, (max-width: 1200px) 100vw, 1200px\"><figcaption class=\"wp-element-caption\">Gamla stadens torg i Prag<\/figcaption><\/figure>\n<h3 class=\"wp-block-heading\"><span class=\"ez-toc-section\" id=\"Turistfallor_och_taxiforare\"><\/span><span class=\"ez-toc-section\" id=\"Turistfallor_och_taxiforare\"><\/span>Turistf\u00e4llor och taxif\u00f6rare<span class=\"ez-toc-section-end\"><\/span><span class=\"ez-toc-section-end\"><\/span><\/h3>\n<p>En klassisk pl\u00e5ga \u00e4r v\u00e4xlingskontor med stora skyltar som s\u00e4ger &#8221;0 % commission&#8221; men som ger dig en s\u00e5 d\u00e5lig kurs att du f\u00f6rlorar en tredjedel av pengarna. Ta alltid ut pengar fr\u00e5n vanliga bankautomater \u2013 aldrig fr\u00e5n de frist\u00e5ende Euronet-maskinerna. Och om trdeln\u00edk: den d\u00e4r doften av kanel lockar dig, men var medveten om att det inte har n\u00e5got med Prags historia att g\u00f6ra. Det \u00e4r ett modernt snabbmatsfenomen. Som svensk beh\u00f6ver du f\u00f6rresten inte ens v\u00e4xla \u2013 kortbetalning fungerar i princip \u00f6verallt i Prag.<\/p>\n<p>Pragtaxif\u00f6rare vid stationer och torg har ett rykte som bokstavligt talat \u00e4rvs fr\u00e5n generation till generation \u2013 och definitivt inte i positiv bem\u00e4rkelse. Luk\u00e1\u0161 kallar dem sk\u00e4mtsamt v\u00e4gr\u00f6vare med prislista i euro. Spara verkligen nerverna och pengarna och f\u00f6rlita dig p\u00e5 dina egna ben eller appar ist\u00e4llet. Ingenting \u00e4r v\u00e4rre \u00e4n att l\u00e5ta en obehaglig br\u00e5k om \u00f6verprisad k\u00f6rning f\u00f6rst\u00f6ra en fin dag.<\/p>\n<p><strong>\ud83d\udca1 Tips fr\u00e5n en lokalbo:<\/strong> Ta aldrig en taxi som st\u00e5r parkerad n\u00e4ra torget (ofta vid Pa\u0159\u00ed\u017esk\u00e1-gatan). Beh\u00f6ver du transport, best\u00e4ll alltid <strong>Uber<\/strong> eller <strong>Bolt<\/strong> via appen, d\u00e4r du ser priset i f\u00f6rv\u00e4g.<\/p>\n<h2 class=\"wp-block-heading\"><span class=\"ez-toc-section\" id=\"Praktisk_information\"><\/span><span class=\"ez-toc-section\" id=\"Praktisk_information\"><\/span>Praktisk information<span class=\"ez-toc-section-end\"><\/span><span class=\"ez-toc-section-end\"><\/span><\/h2>\n<p>S\u00e5, nu till den lite tr\u00e5kigare men desto viktigare delen. Det kan verka banalt, men n\u00e4r man sedan springer runt r\u00e5dhuset med full bl\u00e5sa utan att veta vart man ska, inser man pl\u00f6tsligt att de h\u00e4r praktiska punkterna \u00e4r v\u00e4rda sin vikt i guld.<\/p>\n<h3 class=\"wp-block-heading\"><span class=\"ez-toc-section\" id=\"Transport_och_tillganglighet\"><\/span><span class=\"ez-toc-section\" id=\"Transport_och_tillganglighet\"><\/span>Transport och tillg\u00e4nglighet<span class=\"ez-toc-section-end\"><\/span><span class=\"ez-toc-section-end\"><\/span><\/h3>\n<p>Tunnelbana: stationen Starom\u011bstsk\u00e1 p\u00e5 gr\u00f6na linjen A, tre minuters promenad. Sp\u00e5rvagn? Samma h\u00e5llplats vid floden (linje 2, 17, 18) eller N\u00e1m\u011bst\u00ed Republiky om du kommer fr\u00e5n andra h\u00e5llet. Kollektivtrafiken i Prag \u00e4r \u00f6verlag p\u00e5litlig och tar dig ofta till m\u00e5let mycket snabbare \u00e4n att sitta i bilk\u00f6. Fr\u00e5n Stockholm tar du dig smidigt till Prag med flyg \u2013 SAS och andra bolag erbjuder direktflyg p\u00e5 under tv\u00e5 timmar. Fr\u00e5n G\u00f6teborg och Malm\u00f6 finns det ocks\u00e5 bra f\u00f6rbindelser, ofta med ett kort byte.<\/p>\n<p>Vad g\u00e4ller tillg\u00e4nglighet \u00e4r hela torgytan stenbelagd. Ibland st\u00f6ter man p\u00e5 riktigt stora springor mellan kullerstenarna, vilket skramlar ordentligt med barnvagn.<\/p>\n<h3 class=\"wp-block-heading\"><span class=\"ez-toc-section\" id=\"Intraden_och_praktiska_tjanster\"><\/span><span class=\"ez-toc-section\" id=\"Intraden_och_praktiska_tjanster\"><\/span>Intr\u00e4den och praktiska tj\u00e4nster<span class=\"ez-toc-section-end\"><\/span><span class=\"ez-toc-section-end\"><\/span><\/h3>\n<p>Den goda nyheten \u00e4r att intr\u00e4det till sj\u00e4lva torget och de flesta kyrkorna \u00e4r helt gratis. Man betalar i princip bara f\u00f6r att g\u00e5 upp i r\u00e5dhustornet, vilket \u00e5r 2026 ligger runt 12 \u20ac, samt eventuellt f\u00f6r guidade turer i k\u00e4llaren. Men det \u00e4r v\u00e4rt varenda krona, f\u00f6r vyerna d\u00e4rifr\u00e5n \u00e4r helt enkelt utan konkurrens.<\/p>\n<p>Offentliga toaletter finns direkt i r\u00e5dhusets bottenv\u00e5ning, d\u00e4r man utan problem betalar med kort eller mynt. Ett annat alternativ \u00e4r att anv\u00e4nda toaletten p\u00e5 Skautsk\u00fd institut \u2013 f\u00f6rutsatt att du \u00e5tminstone best\u00e4ller en kaffe eller lemonad.<\/p>\n<h2 class=\"wp-block-heading\"><span class=\"ez-toc-section\" id=\"Vanliga_fragor\"><\/span><span class=\"ez-toc-section\" id=\"Vanliga_fragor\"><\/span>Vanliga fr\u00e5gor<span class=\"ez-toc-section-end\"><\/span><span class=\"ez-toc-section-end\"><\/span><\/h2>\n<div id=\"rank-math-faq\" class=\"rank-math-block\">\n<div class=\"rank-math-list \">\n<div id=\"faq-question-1777046652166\" class=\"rank-math-list-item\">\n<h3 class=\"rank-math-question \"><span class=\"ez-toc-section\" id=\"Vilken_tid_slar_Prags_astronomiska_klocka\"><\/span><span class=\"ez-toc-section\" id=\"Vilken_tid_slar_Prags_astronomiska_klocka\"><\/span><strong>Vilken tid sl\u00e5r Prags astronomiska klocka?<\/strong><span class=\"ez-toc-section-end\"><\/span><span class=\"ez-toc-section-end\"><\/span><\/h3>\n<div class=\"rank-math-answer \">\n<p>Apostlarna p\u00e5 klockan visar sig varje hel timme fr\u00e5n 9:00 p\u00e5 morgonen till 23:00 p\u00e5 kv\u00e4llen. F\u00f6rest\u00e4llningen varar ungef\u00e4r 45 sekunder och avslutas med den gyllene tupps galande.<\/p>\n<\/div>\n<\/div>\n<div id=\"faq-question-1777046658386\" class=\"rank-math-list-item\">\n<h3 class=\"rank-math-question \"><span class=\"ez-toc-section\" id=\"Vad_kostar_intradet_till_radhusets_torn\"><\/span><span class=\"ez-toc-section\" id=\"Vad_kostar_intradet_till_radhusets_torn\"><\/span><strong>Vad kostar intr\u00e4det till r\u00e5dhusets torn?<\/strong><span class=\"ez-toc-section-end\"><\/span><span class=\"ez-toc-section-end\"><\/span><\/h3>\n<div class=\"rank-math-answer \">\n<p>Grundpriset f\u00f6r vuxna ligger \u00e5r 2026 runt 12 \u20ac (ca 300 CZK). Jag rekommenderar att k\u00f6pa biljetter online i f\u00f6rv\u00e4g f\u00f6r att slippa k\u00f6erna.<\/p>\n<\/div>\n<\/div>\n<div id=\"faq-question-1777046666600\" class=\"rank-math-list-item\">\n<h3 class=\"rank-math-question \"><span class=\"ez-toc-section\" id=\"Kan_man_ta_hiss_upp_i_tornet\"><\/span><span class=\"ez-toc-section\" id=\"Kan_man_ta_hiss_upp_i_tornet\"><\/span><strong>Kan man ta hiss upp i tornet?<\/strong><span class=\"ez-toc-section-end\"><\/span><span class=\"ez-toc-section-end\"><\/span><\/h3>\n<div class=\"rank-math-answer \">\n<p>Ja, inne i det historiska tornet finns en modern hiss i glas som tar dig hela v\u00e4gen upp till utsiktsbalkongen. Det \u00e4r en fullt tillg\u00e4nglig l\u00f6sning som passar rullstolsburna och barnfamiljer med barnvagn.<\/p>\n<\/div>\n<\/div>\n<div id=\"faq-question-1777046678121\" class=\"rank-math-list-item\">\n<h3 class=\"rank-math-question \"><span class=\"ez-toc-section\" id=\"Ar_trdelnik_ett_traditionellt_pragt_bakverk\"><\/span><span class=\"ez-toc-section\" id=\"Ar_trdelnik_ett_traditionellt_pragt_bakverk\"><\/span><strong>\u00c4r trdeln\u00edk ett traditionellt pragt bakverk?<\/strong><span class=\"ez-toc-section-end\"><\/span><span class=\"ez-toc-section-end\"><\/span><\/h3>\n<div class=\"rank-math-answer \">\n<p>Nej, trdeln\u00edk \u00e4r inte en historisk pragspecialitet. Det \u00e4r ursprungligen ett transsylvanskt s\u00f6tsak som spred sig massivt i Prags gator f\u00f6rst under de senaste tv\u00e5 decennierna som turistattraktion.<\/p>\n<\/div>\n<\/div>\n<div id=\"faq-question-1777046689156\" class=\"rank-math-list-item\">\n<h3 class=\"rank-math-question \"><span class=\"ez-toc-section\" id=\"Var_hittar_jag_ingangen_till_Tynkyrkan\"><\/span><span class=\"ez-toc-section\" id=\"Var_hittar_jag_ingangen_till_Tynkyrkan\"><\/span><strong>Var hittar jag ing\u00e5ngen till T\u00fdnkyrkan?<\/strong><span class=\"ez-toc-section-end\"><\/span><span class=\"ez-toc-section-end\"><\/span><\/h3>\n<div class=\"rank-math-answer \">\n<p>Ing\u00e5ngen \u00e4r inte direkt fr\u00e5n torgytan. Du m\u00e5ste g\u00e5 genom arkaden vid T\u00fdn-skolan (tredje valvb\u00e5gen fr\u00e5n v\u00e4nster sett mot kyrkan), d\u00e4r du hittar entr\u00e9d\u00f6rrarna.<\/p>\n<\/div>\n<\/div>\n<div id=\"faq-question-1777046746803\" class=\"rank-math-list-item\">\n<h3 class=\"rank-math-question \"><span class=\"ez-toc-section\" id=\"Nar_ar_julmarknaderna_pa_Gamla_stadens_torg\"><\/span><span class=\"ez-toc-section\" id=\"Nar_ar_julmarknaderna_pa_Gamla_stadens_torg\"><\/span><strong>N\u00e4r \u00e4r julmarknaderna p\u00e5 Gamla stadens torg?<\/strong><span class=\"ez-toc-section-end\"><\/span><span class=\"ez-toc-section-end\"><\/span><\/h3>\n<div class=\"rank-math-answer \">\n<p>Julmarknaderna b\u00f6rjar vanligtvis f\u00f6rsta advent-helgen (i slutet av november) och p\u00e5g\u00e5r till 6 januari (Trettondedag jul). \u00c5r 2026 f\u00f6ljer de detta standardm\u00e4ssiga tidsintervall.<\/p>\n<\/div>\n<\/div>\n<\/div>\n<\/div>\n","protected":false},"excerpt":{"rendered":"<p>En komplett guide till Gamla stadens torg i Prag, Tjeckien \u2013 fr\u00e5n den astronomiska klockan och dolda kyrkor till lokala tips om hur du undviker turistf\u00e4llor och folkmassor.<\/p>\n","protected":false},"author":3,"featured_media":151087,"comment_status":"open","ping_status":"open","sticky":false,"template":"","format":"standard","meta":{"footnotes":"","rank_math_title":"","rank_math_description":"","rank_math_focus_keyword":"","rank_math_seo_score":""},"categories":[1178,1211],"tags":[],"class_list":{"0":"post-151269","1":"post","2":"type-post","3":"status-publish","4":"format-standard","5":"has-post-thumbnail","7":"category-europa","8":"category-tjeckien"},"featured_image_src":"https:\/\/loudavymkrokem.cz\/wp-content\/uploads\/2026\/04\/prazsky-orloj-4055.jpg","author_info":{"display_name":"Lucie Kone\u010dn\u00e1","author_link":"https:\/\/loudavymkrokem.cz\/sv\/author\/lucie-konecna\/"},"_links":{"self":[{"href":"https:\/\/loudavymkrokem.cz\/sv\/wp-json\/wp\/v2\/posts\/151269","targetHints":{"allow":["GET"]}}],"collection":[{"href":"https:\/\/loudavymkrokem.cz\/sv\/wp-json\/wp\/v2\/posts"}],"about":[{"href":"https:\/\/loudavymkrokem.cz\/sv\/wp-json\/wp\/v2\/types\/post"}],"author":[{"embeddable":true,"href":"https:\/\/loudavymkrokem.cz\/sv\/wp-json\/wp\/v2\/users\/3"}],"replies":[{"embeddable":true,"href":"https:\/\/loudavymkrokem.cz\/sv\/wp-json\/wp\/v2\/comments?post=151269"}],"version-history":[{"count":1,"href":"https:\/\/loudavymkrokem.cz\/sv\/wp-json\/wp\/v2\/posts\/151269\/revisions"}],"predecessor-version":[{"id":151783,"href":"https:\/\/loudavymkrokem.cz\/sv\/wp-json\/wp\/v2\/posts\/151269\/revisions\/151783"}],"wp:featuredmedia":[{"embeddable":true,"href":"https:\/\/loudavymkrokem.cz\/sv\/wp-json\/wp\/v2\/media\/151087"}],"wp:attachment":[{"href":"https:\/\/loudavymkrokem.cz\/sv\/wp-json\/wp\/v2\/media?parent=151269"}],"wp:term":[{"taxonomy":"category","embeddable":true,"href":"https:\/\/loudavymkrokem.cz\/sv\/wp-json\/wp\/v2\/categories?post=151269"},{"taxonomy":"post_tag","embeddable":true,"href":"https:\/\/loudavymkrokem.cz\/sv\/wp-json\/wp\/v2\/tags?post=151269"}],"curies":[{"name":"wp","href":"https:\/\/api.w.org\/{rel}","templated":true}]}}