{"id":151268,"date":"2026-04-24T18:21:09","date_gmt":"2026-04-24T16:21:09","guid":{"rendered":"https:\/\/loudavymkrokem.cz\/?p=151268"},"modified":"2026-04-30T11:08:48","modified_gmt":"2026-04-30T09:08:48","slug":"karlsbron-prag-guide-lokalbo","status":"publish","type":"post","link":"https:\/\/loudavymkrokem.cz\/sv\/karlsbron-prag-guide-lokalbo\/","title":{"rendered":"Karlsbron i Prag: Guide fr\u00e5n en lokalbo (historia, statyer, b\u00e4sta tiden)"},"content":{"rendered":"<p>N\u00e4r jag p\u00e5 morgonen skyndade till min f\u00f6rsta lektion p\u00e5 gymnasiet i Mal\u00e1 Strana tog jag ibland en medveten omv\u00e4g och f\u00f6rl\u00e4ngde min v\u00e4g \u00f6ver Karlsbron i Prag Tjeckien (ofta klev jag helt enkelt p\u00e5 fel sp\u00e5rvagn). <strong>Halv \u00e5tta p\u00e5 morgonen, s\u00e4rskilt i den r\u00e5kalla novemberdimman, r\u00e5dde en alldeles speciell tystnad som bara br\u00f6ts av m\u00e5sarnas skrin och klappret fr\u00e5n mina egna skor mot den fuktiga stenl\u00e4ggningen.<\/strong><\/p>\n<p>Runt de trettio barockstatyerna ringlade dimman upp fr\u00e5n Moldau och jag k\u00e4nde att denna gotiska l\u00e4nk mellan Gamla staden och Mal\u00e1 Strana tillh\u00f6rde bara mig f\u00f6r en stund. N\u00e5gra \u00e5r senare brukade jag g\u00e5 och s\u00e4tta mig p\u00e5 bron klockan tre p\u00e5 natten. T\u00e4nka. Ofta blev jag bortk\u00f6rd av polisen, s\u00e5 g\u00f6r helst inte det.<\/p>\n<p>Med Luk\u00e1\u0161 gick vi efter v\u00e5r f\u00f6rsta dejt p\u00e5 Pragborgen ner f\u00f6r Slottstrappan och hamnade just h\u00e4r, <strong>vid foten av Mal\u00e1 Stranas brotorn.<\/strong> Idag kommer vi tillbaka som f\u00f6r\u00e4ldrar och jag uppt\u00e4cker med fasa hur fruktansv\u00e4rt den f\u00f6rbannade stenl\u00e4ggningen och kantstenarna skakar n\u00e4r man f\u00f6rs\u00f6ker man\u00f6vrera med tv\u00e5\u00e5rige Jon\u00e1\u0161 i barnvagnen. <strong>Sj\u00e4lva platsen har inte f\u00f6r\u00e4ndrats sedan mina student\u00e5r, men mitt s\u00e4tt att uppleva den har gjort det. Jag f\u00f6rs\u00f6ker inte l\u00e4ngre tr\u00e4nga mig genom folkmassan mitt p\u00e5 dagen \u2013 hellre g\u00e5r jag upp tidigt eller kommer sent p\u00e5 kv\u00e4llen, n\u00e4r staden \u00e4ntligen andas ut.<\/strong><\/p>\n<p>Ofta fr\u00e5gar utl\u00e4ndska bes\u00f6kare mig om det ens \u00e4r v\u00e4rt att bes\u00f6ka Prags mest k\u00e4nda sev\u00e4rdhet n\u00e4r den st\u00e4ndigt \u00e4r bel\u00e4grad av turister. Mitt svar \u00e4r entydigt: ja, men du m\u00e5ste veta hur. Det handlar inte bara om att g\u00e5 fr\u00e5n ena sidan till den andra. Det handlar om att l\u00e4gga m\u00e4rke till detaljerna, ha lite sammanhang och v\u00e4lja r\u00e4tt \u00f6gonblick, d\u00e5 den \u00f6verfulla attraktionen \u00e5ter f\u00f6rvandlas till en mystisk plats med djup historia.<\/p>\n<p>Kom p\u00e5 morgonen, kom p\u00e5 natten, kom i regnet \u2013 l\u00e4s bara det jag vill ber\u00e4tta f\u00f6rst, s\u00e5 att hela upplevelsen blir meningsfull.<\/p>\n<figure class=\"wp-block-image size-full\"><img loading=\"lazy\" decoding=\"async\" width=\"1200\" height=\"800\" src=\"https:\/\/loudavymkrokem.cz\/wp-content\/uploads\/2025\/03\/recenze-domus-balthasar-praha-s-batoletem-3.jpg\" alt=\"Karlsbron ligger bara en minut bort\" class=\"wp-image-94712\" title=\"\" srcset=\"https:\/\/loudavymkrokem.cz\/wp-content\/uploads\/2025\/03\/recenze-domus-balthasar-praha-s-batoletem-3.jpg 1200w, https:\/\/loudavymkrokem.cz\/wp-content\/uploads\/2025\/03\/recenze-domus-balthasar-praha-s-batoletem-3-300x200.jpg 300w, https:\/\/loudavymkrokem.cz\/wp-content\/uploads\/2025\/03\/recenze-domus-balthasar-praha-s-batoletem-3-700x467.jpg 700w, https:\/\/loudavymkrokem.cz\/wp-content\/uploads\/2025\/03\/recenze-domus-balthasar-praha-s-batoletem-3-768x512.jpg 768w, https:\/\/loudavymkrokem.cz\/wp-content\/uploads\/2025\/03\/recenze-domus-balthasar-praha-s-batoletem-3-696x464.jpg 696w\" sizes=\"auto, (max-width: 1200px) 100vw, 1200px\"><figcaption class=\"wp-element-caption\">Prag<\/figcaption><\/figure>\n<div id=\"ez-toc-container\" class=\"ez-toc-v2_0_82_2 ez-toc-wrap-left counter-hierarchy ez-toc-counter ez-toc-grey ez-toc-container-direction\">\n<div class=\"ez-toc-title-container\">\n<p class=\"ez-toc-title\" style=\"cursor:inherit\">Obsah \u010dl\u00e1nku<\/p>\n<span class=\"ez-toc-title-toggle\"><a href=\"#\" class=\"ez-toc-pull-right ez-toc-btn ez-toc-btn-xs ez-toc-btn-default ez-toc-toggle\" aria-label=\"Toggle Table of Content\"><span class=\"ez-toc-js-icon-con\"><span class=\"\"><span class=\"eztoc-hide\" style=\"display:none;\">Toggle<\/span><span class=\"ez-toc-icon-toggle-span\"><svg style=\"fill: #999;color:#999\" xmlns=\"http:\/\/www.w3.org\/2000\/svg\" class=\"list-377408\" width=\"20px\" height=\"20px\" viewBox=\"0 0 24 24\" fill=\"none\"><path d=\"M6 6H4v2h2V6zm14 0H8v2h12V6zM4 11h2v2H4v-2zm16 0H8v2h12v-2zM4 16h2v2H4v-2zm16 0H8v2h12v-2z\" fill=\"currentColor\"><\/path><\/svg><svg style=\"fill: #999;color:#999\" class=\"arrow-unsorted-368013\" xmlns=\"http:\/\/www.w3.org\/2000\/svg\" width=\"10px\" height=\"10px\" viewBox=\"0 0 24 24\" version=\"1.2\" baseProfile=\"tiny\"><path d=\"M18.2 9.3l-6.2-6.3-6.2 6.3c-.2.2-.3.4-.3.7s.1.5.3.7c.2.2.4.3.7.3h11c.3 0 .5-.1.7-.3.2-.2.3-.5.3-.7s-.1-.5-.3-.7zM5.8 14.7l6.2 6.3 6.2-6.3c.2-.2.3-.5.3-.7s-.1-.5-.3-.7c-.2-.2-.4-.3-.7-.3h-11c-.3 0-.5.1-.7.3-.2.2-.3.5-.3.7s.1.5.3.7z\"\/><\/svg><\/span><\/span><\/span><\/a><\/span><\/div>\n<nav><ul class='ez-toc-list ez-toc-list-level-1 ' ><ul class='ez-toc-list-level-3' ><li class='ez-toc-heading-level-3'><a class=\"ez-toc-link ez-toc-heading-1\" href=\"https:\/\/loudavymkrokem.cz\/sv\/karlsbron-prag-guide-lokalbo\/#Sammanfattning\" >Sammanfattning<\/a><\/li><\/ul><\/li><li class='ez-toc-page-1 ez-toc-heading-level-2'><a class=\"ez-toc-link ez-toc-heading-2\" href=\"https:\/\/loudavymkrokem.cz\/sv\/karlsbron-prag-guide-lokalbo\/#Nar_ska_man_besoka_Karlsbron\" >N\u00e4r ska man bes\u00f6ka Karlsbron<\/a><ul class='ez-toc-list-level-3' ><li class='ez-toc-heading-level-3'><a class=\"ez-toc-link ez-toc-heading-3\" href=\"https:\/\/loudavymkrokem.cz\/sv\/karlsbron-prag-guide-lokalbo\/#Magin_i_tidig_gryning\" >Magin i tidig gryning<\/a><\/li><li class='ez-toc-page-1 ez-toc-heading-level-3'><a class=\"ez-toc-link ez-toc-heading-4\" href=\"https:\/\/loudavymkrokem.cz\/sv\/karlsbron-prag-guide-lokalbo\/#Eftermiddagsruschen_och_kvallens_lugn\" >Eftermiddagsruschen och kv\u00e4llens lugn<\/a><\/li><\/ul><\/li><li class='ez-toc-page-1 ez-toc-heading-level-2'><a class=\"ez-toc-link ez-toc-heading-5\" href=\"https:\/\/loudavymkrokem.cz\/sv\/karlsbron-prag-guide-lokalbo\/#Var_ska_man_bo\" >Var ska man bo<\/a><\/li><li class='ez-toc-page-1 ez-toc-heading-level-2'><a class=\"ez-toc-link ez-toc-heading-6\" href=\"https:\/\/loudavymkrokem.cz\/sv\/karlsbron-prag-guide-lokalbo\/#Karlsbrons_historia_och_arkitektur\" >Karlsbrons historia och arkitektur<\/a><ul class='ez-toc-list-level-3' ><li class='ez-toc-heading-level-3'><a class=\"ez-toc-link ez-toc-heading-7\" href=\"https:\/\/loudavymkrokem.cz\/sv\/karlsbron-prag-guide-lokalbo\/#Magiskt_datum_och_Petr_Parler\" >Magiskt datum och Petr Parl\u00e9\u0159<\/a><\/li><li class='ez-toc-page-1 ez-toc-heading-level-3'><a class=\"ez-toc-link ez-toc-heading-8\" href=\"https:\/\/loudavymkrokem.cz\/sv\/karlsbron-prag-guide-lokalbo\/#Myten_om_aggen_och_oversvamningarnas_verklighet\" >Myten om \u00e4ggen och \u00f6versv\u00e4mningarnas verklighet<\/a><\/li><li class='ez-toc-page-1 ez-toc-heading-level-3'><a class=\"ez-toc-link ez-toc-heading-9\" href=\"https:\/\/loudavymkrokem.cz\/sv\/karlsbron-prag-guide-lokalbo\/#Bradac_Prags_varningssystem\" >Brad\u00e1\u010d: Prags varningssystem<\/a><\/li><\/ul><\/li><li class='ez-toc-page-1 ez-toc-heading-level-2'><a class=\"ez-toc-link ez-toc-heading-10\" href=\"https:\/\/loudavymkrokem.cz\/sv\/karlsbron-prag-guide-lokalbo\/#Statyer_pa_Karlsbron_Galleri_under_bar_himmel\" >Statyer p\u00e5 Karlsbron: Galleri under bar himmel<\/a><ul class='ez-toc-list-level-3' ><li class='ez-toc-heading-level-3'><a class=\"ez-toc-link ez-toc-heading-11\" href=\"https:\/\/loudavymkrokem.cz\/sv\/karlsbron-prag-guide-lokalbo\/#Johannes_av_Nepomuk_och_lyckoritualen\" >Johannes av Nepomuk och lyckoritualen<\/a><\/li><li class='ez-toc-page-1 ez-toc-heading-level-3'><a class=\"ez-toc-link ez-toc-heading-12\" href=\"https:\/\/loudavymkrokem.cz\/sv\/karlsbron-prag-guide-lokalbo\/#Den_heliga_Luitgards_drom\" >Den heliga Luitgards dr\u00f6m<\/a><\/li><li class='ez-toc-page-1 ez-toc-heading-level-3'><a class=\"ez-toc-link ez-toc-heading-13\" href=\"https:\/\/loudavymkrokem.cz\/sv\/karlsbron-prag-guide-lokalbo\/#Skulpturgruppen_Vincentius_Ferrerius_och_Prokopius\" >Skulpturgruppen Vincentius Ferrerius och Prokopius<\/a><\/li><\/ul><\/li><li class='ez-toc-page-1 ez-toc-heading-level-2'><a class=\"ez-toc-link ez-toc-heading-14\" href=\"https:\/\/loudavymkrokem.cz\/sv\/karlsbron-prag-guide-lokalbo\/#Karlsbrons_torn_Utsikter_ovanifran\" >Karlsbrons torn: Utsikter ovanifr\u00e5n<\/a><ul class='ez-toc-list-level-3' ><li class='ez-toc-heading-level-3'><a class=\"ez-toc-link ez-toc-heading-15\" href=\"https:\/\/loudavymkrokem.cz\/sv\/karlsbron-prag-guide-lokalbo\/#Gamla_stadens_brotorn\" >Gamla stadens brotorn<\/a><\/li><li class='ez-toc-page-1 ez-toc-heading-level-3'><a class=\"ez-toc-link ez-toc-heading-16\" href=\"https:\/\/loudavymkrokem.cz\/sv\/karlsbron-prag-guide-lokalbo\/#Mala_Stranas_brotorn\" >Mal\u00e1 Stranas brotorn<\/a><\/li><\/ul><\/li><li class='ez-toc-page-1 ez-toc-heading-level-2'><a class=\"ez-toc-link ez-toc-heading-17\" href=\"https:\/\/loudavymkrokem.cz\/sv\/karlsbron-prag-guide-lokalbo\/#Praktisk_information\" >Praktisk information<\/a><ul class='ez-toc-list-level-3' ><li class='ez-toc-heading-level-3'><a class=\"ez-toc-link ez-toc-heading-18\" href=\"https:\/\/loudavymkrokem.cz\/sv\/karlsbron-prag-guide-lokalbo\/#Transport_och_hur_du_tar_dig_till_bron\" >Transport och hur du tar dig till bron<\/a><\/li><li class='ez-toc-page-1 ez-toc-heading-level-3'><a class=\"ez-toc-link ez-toc-heading-19\" href=\"https:\/\/loudavymkrokem.cz\/sv\/karlsbron-prag-guide-lokalbo\/#Guidade_turer_och_batresor_pa_Moldau\" >Guidade turer och b\u00e5tresor p\u00e5 Moldau<\/a><\/li><li class='ez-toc-page-1 ez-toc-heading-level-3'><a class=\"ez-toc-link ez-toc-heading-20\" href=\"https:\/\/loudavymkrokem.cz\/sv\/karlsbron-prag-guide-lokalbo\/#Var_ata_och_fika_utan_att_ga_i_turistfallan\" >Var \u00e4ta och fika (utan att g\u00e5 i turistf\u00e4llan)<\/a><\/li><\/ul><\/li><li class='ez-toc-page-1 ez-toc-heading-level-2'><a class=\"ez-toc-link ez-toc-heading-21\" href=\"https:\/\/loudavymkrokem.cz\/sv\/karlsbron-prag-guide-lokalbo\/#Vanliga_fragor\" >Vanliga fr\u00e5gor<\/a><ul class='ez-toc-list-level-3' ><li class='ez-toc-heading-level-3'><a class=\"ez-toc-link ez-toc-heading-22\" href=\"https:\/\/loudavymkrokem.cz\/sv\/karlsbron-prag-guide-lokalbo\/#Kostar_det_att_ga_over_Karlsbron\" >Kostar det att g\u00e5 \u00f6ver Karlsbron?<\/a><\/li><li class='ez-toc-page-1 ez-toc-heading-level-3'><a class=\"ez-toc-link ez-toc-heading-23\" href=\"https:\/\/loudavymkrokem.cz\/sv\/karlsbron-prag-guide-lokalbo\/#Nar_ar_det_minst_folk\" >N\u00e4r \u00e4r det minst folk?<\/a><\/li><li class='ez-toc-page-1 ez-toc-heading-level-3'><a class=\"ez-toc-link ez-toc-heading-24\" href=\"https:\/\/loudavymkrokem.cz\/sv\/karlsbron-prag-guide-lokalbo\/#Kan_man_cykla_eller_aka_elsparkcykel_over\" >Kan man cykla eller \u00e5ka elsparkcykel \u00f6ver?<\/a><\/li><li class='ez-toc-page-1 ez-toc-heading-level-3'><a class=\"ez-toc-link ez-toc-heading-25\" href=\"https:\/\/loudavymkrokem.cz\/sv\/karlsbron-prag-guide-lokalbo\/#Ar_statyerna_original\" >\u00c4r statyerna original?<\/a><\/li><li class='ez-toc-page-1 ez-toc-heading-level-3'><a class=\"ez-toc-link ez-toc-heading-26\" href=\"https:\/\/loudavymkrokem.cz\/sv\/karlsbron-prag-guide-lokalbo\/#Hur_lang_tid_tar_det_att_ga_over\" >Hur l\u00e5ng tid tar det att g\u00e5 \u00f6ver?<\/a><\/li><li class='ez-toc-page-1 ez-toc-heading-level-3'><a class=\"ez-toc-link ez-toc-heading-27\" href=\"https:\/\/loudavymkrokem.cz\/sv\/karlsbron-prag-guide-lokalbo\/#Ar_strackan_tillganglig_for_rullstol\" >\u00c4r str\u00e4ckan tillg\u00e4nglig f\u00f6r rullstol?<\/a><\/li><\/ul><\/li><\/ul><\/nav><\/div>\n<h3 class=\"wp-block-heading\"><span class=\"ez-toc-section\" id=\"Sammanfattning\"><\/span><span class=\"ez-toc-section\" id=\"Sammanfattning\"><\/span>Sammanfattning<span class=\"ez-toc-section-end\"><\/span><span class=\"ez-toc-section-end\"><\/span><\/h3>\n<ul class=\"wp-block-list\">\n<li>B\u00e4sta tiden att bes\u00f6ka \u00e4r i gryningen eller sent p\u00e5 natten (efter <strong>23:00<\/strong>) \u2013 d\u00e5 undviker du de v\u00e4rsta folkmassorna fr\u00e5n organiserade grupper.<\/li>\n<li>Grundstenen lades \u00e5r <strong>1357<\/strong>, exakt den <strong>9 juli klockan 5:31<\/strong> p\u00e5 morgonen, p\u00e5 grund av den magiska sifferf\u00f6ljden 1-3-5-7-9-7-5-3-1.<\/li>\n<li>De flesta av de 30 statyerna p\u00e5 bron \u00e4r idag kopior i sandsten \u2013 originalen finns skyddade i <a href=\"https:\/\/www.nm.cz\/\" target=\"_blank\" rel=\"nofollow noopener\">Nationalmuseets Lapidarium<\/a> och p\u00e5 Vy\u0161ehrad.<\/li>\n<li>Statyn av den helige Johannes av Nepomuk \u00e4r den med de blankpolerade bronsrelieferna. Att r\u00f6ra vid dem ska ge tur och en garanterad \u00e5terkomst till Prag.<\/li>\n<li>B\u00e5de Gamla stadens och Mal\u00e1 Stranas brotorn erbjuder fantastiska utsikter \u00f6ver det historiska centrumet \u2013 grundpriset \u00e4r cirka <strong>8 \u20ac<\/strong>.<\/li>\n<li><strong>Brad\u00e1\u010d<\/strong> \u00e4r en diskret stenrelief av ett huvud vid Gamla stadens torn som i \u00e5rhundraden fungerade som Prags varningssystem f\u00f6r \u00f6versv\u00e4mningar.<\/li>\n<li>F\u00f6r familjer med barnvagn \u00e4r \u00f6verg\u00e5ngen fr\u00e5n strand till strand barri\u00e4rfri, men f\u00f6r att ta sig ner till \u00f6n Kampa m\u00e5ste man klara en brant trappa.<\/li>\n<li>Bron \u00e4r helt bilfri g\u00e5ngzon \u2013 n\u00e4rmaste kollektivtrafikh\u00e5llplatser \u00e4r <strong>Starom\u011bstsk\u00e1<\/strong> p\u00e5 h\u00f6ger strand och <strong>Malostransk\u00e9 n\u00e1m\u011bst\u00ed<\/strong> p\u00e5 den v\u00e4nstra.<\/li>\n<\/ul>\n<h2 class=\"wp-block-heading\"><span class=\"ez-toc-section\" id=\"Nar_ska_man_besoka_Karlsbron\"><\/span><span class=\"ez-toc-section\" id=\"Nar_ska_man_besoka_Karlsbron\"><\/span>N\u00e4r ska man bes\u00f6ka Karlsbron<span class=\"ez-toc-section-end\"><\/span><span class=\"ez-toc-section-end\"><\/span><\/h2>\n<p>Att v\u00e4lja r\u00e4tt tidpunkt \u00e4r helt avg\u00f6rande f\u00f6r denna sev\u00e4rdhet i Prag. Dyker du upp klockan tre p\u00e5 eftermiddagen i mitten av augusti tar du f\u00f6rmodligen bara med dig frustration, sparkade vrister och foton fulla av andras ryggar. Ljusets skiftningar och folkt\u00e4theten g\u00f6r att bron under loppet av tjugofyra timmar f\u00f6rvandlas till flera helt olika platser. Jag bodde i Prag i tio \u00e5r, s\u00e5 jag kan med gott samvete s\u00e4ga att timingen utg\u00f6r halva upplevelsen.<\/p>\n<h3 class=\"wp-block-heading\"><span class=\"ez-toc-section\" id=\"Magin_i_tidig_gryning\"><\/span><span class=\"ez-toc-section\" id=\"Magin_i_tidig_gryning\"><\/span>Magin i tidig gryning<span class=\"ez-toc-section-end\"><\/span><span class=\"ez-toc-section-end\"><\/span><\/h3>\n<p>Den som g\u00e5r upp tidigt f\u00e5r Prag serverat p\u00e5 silverfat. N\u00e4r jag p\u00e5 universitetet l\u00e4rde mig fotografera i morgonljus uppt\u00e4ckte jag att f\u00f6nstret mellan <strong>klockan fem och sju p\u00e5 morgonen<\/strong> \u00e4r heligt h\u00e4r. Du m\u00f6ter bara n\u00e5gra joggar, ensamma fotografer och gatuarbetare. Solen reser sig l\u00e4tt bakom Gamla stadens torn och fr\u00e5n Moldau stiger ofta en tunn inversions\u00addimma som ger statyerna en dramatisk, n\u00e4stan sp\u00f6klik karakt\u00e4r. Ljuset \u00e4r mjukt, stenl\u00e4ggningen gl\u00e4nser och du har utrymme att stanna vid de enskilda skulpturgrupperna utan att n\u00e5gon knuffar in i dig. Det \u00e4r det \u00f6gonblick d\u00e5 staden visar sin r\u00e5a och stilla sida \u2013 en sida du aldrig ser i guideboksfotona.<\/p>\n<p>Att g\u00e5 upp tidigt inneb\u00e4r att anl\u00e4nda helst 30 minuter f\u00f6re den officiella soluppg\u00e5ngen (p\u00e5 sommaren g\u00e4rna runt halv fem, p\u00e5 vintern r\u00e4cker det att komma efter sju). Enklast tar du dig hit med nattsp\u00e5rvagnarna eller de f\u00f6rsta morgonturerna i tunnelbanan, d\u00e5 du har vagnen n\u00e4stan f\u00f6r dig sj\u00e4lv.<\/p>\n<p><strong>\ud83d\udca1 Tips fr\u00e5n en lokalbo:<\/strong> Om du planerar att fotografera, ta med stativ. Tidigt p\u00e5 morgonen kan du faktiskt anv\u00e4nda det utan att en arg folkmassa snubblar \u00f6ver det, till skillnad fr\u00e5n dagtid.<\/p>\n<figure class=\"wp-block-image size-full\"><img loading=\"lazy\" decoding=\"async\" width=\"2528\" height=\"1696\" src=\"https:\/\/loudavymkrokem.cz\/wp-content\/uploads\/2026\/03\/prazsky-hrad-karluv-most.jpg\" alt=\"Karlsbron i gryningsdimma\" class=\"wp-image-139608\" title=\"\" srcset=\"https:\/\/loudavymkrokem.cz\/wp-content\/uploads\/2026\/03\/prazsky-hrad-karluv-most.jpg 2528w, https:\/\/loudavymkrokem.cz\/wp-content\/uploads\/2026\/03\/prazsky-hrad-karluv-most-300x201.jpg 300w, https:\/\/loudavymkrokem.cz\/wp-content\/uploads\/2026\/03\/prazsky-hrad-karluv-most-700x470.jpg 700w, https:\/\/loudavymkrokem.cz\/wp-content\/uploads\/2026\/03\/prazsky-hrad-karluv-most-768x515.jpg 768w, https:\/\/loudavymkrokem.cz\/wp-content\/uploads\/2026\/03\/prazsky-hrad-karluv-most-1536x1030.jpg 1536w, https:\/\/loudavymkrokem.cz\/wp-content\/uploads\/2026\/03\/prazsky-hrad-karluv-most-2048x1374.jpg 2048w, https:\/\/loudavymkrokem.cz\/wp-content\/uploads\/2026\/03\/prazsky-hrad-karluv-most-696x467.jpg 696w, https:\/\/loudavymkrokem.cz\/wp-content\/uploads\/2026\/03\/prazsky-hrad-karluv-most-1392x934.jpg 1392w, https:\/\/loudavymkrokem.cz\/wp-content\/uploads\/2026\/03\/prazsky-hrad-karluv-most-1920x1288.jpg 1920w\" sizes=\"auto, (max-width: 2528px) 100vw, 2528px\"><figcaption class=\"wp-element-caption\">Prag<\/figcaption><\/figure>\n<h3 class=\"wp-block-heading\"><span class=\"ez-toc-section\" id=\"Eftermiddagsruschen_och_kvallens_lugn\"><\/span><span class=\"ez-toc-section\" id=\"Eftermiddagsruschen_och_kvallens_lugn\"><\/span>Eftermiddagsruschen och kv\u00e4llens lugn<span class=\"ez-toc-section-end\"><\/span><span class=\"ez-toc-section-end\"><\/span><\/h3>\n<p><strong>Mellan klockan tio p\u00e5 f\u00f6rmiddagen och nio p\u00e5 kv\u00e4llen \u00e4r bron en pulserande promenad.<\/strong> H\u00e4r passerar karikatyrtecknare, gatumusikanter och dussintals organiserade grupper som f\u00f6ljer guider med uppf\u00e4llda paraplyer. <strong>En promenad med barnvagn vid den h\u00e4r tiden kr\u00e4ver vassa armb\u00e5gar och starka nerver, s\u00e5 vi undviker den med Jon\u00e1\u0161.<\/strong> Sen eftermiddag ger dock ett varmt gyllene ljus som faller mot Hrad\u010dany-fasaderna och f\u00f6rvandlar utsikten \u00f6ver floden till en perfekt tavla. <strong>Verklig ro infinner sig f\u00f6rst efter klockan tio p\u00e5 kv\u00e4llen, n\u00e4r folkmassorna skingras till krogarna och det gula skenet fr\u00e5n gaslyktorna kastar kusiga skuggor p\u00e5 barockhelgonens ansikten i sandsten.<\/strong><\/p>\n<p>Gaslyktorna p\u00e5 bron t\u00e4nds automatiskt tillsammans med den allm\u00e4nna gatubelysningen, men under adventsperioden (slutet av november och december) kan du ibland st\u00f6ta p\u00e5 en riktig lyktt\u00e4ndare i tidsenlig dr\u00e4kt som t\u00e4nder dem med en l\u00e5ng st\u00e5ng.<\/p>\n<p><strong>\ud83d\udca1 Tips fr\u00e5n en lokalbo:<\/strong> G\u00e5 hit p\u00e5 natten i regn. Lyktornas speglingar i den bl\u00f6ta stenl\u00e4ggningen \u00e4r underbara, och eftersom regnet p\u00e5litligt jagar de flesta till barerna har du med st\u00f6rsta sannolikhet bron helt f\u00f6r dig sj\u00e4lv.<\/p>\n<figure class=\"wp-block-image size-full\"><img loading=\"lazy\" decoding=\"async\" width=\"1200\" height=\"800\" src=\"https:\/\/loudavymkrokem.cz\/wp-content\/uploads\/2026\/04\/karluv-most-4142.jpg\" alt=\"Karlsbron i Prag\" class=\"wp-image-151098\" title=\"\" srcset=\"https:\/\/loudavymkrokem.cz\/wp-content\/uploads\/2026\/04\/karluv-most-4142.jpg 1200w, https:\/\/loudavymkrokem.cz\/wp-content\/uploads\/2026\/04\/karluv-most-4142-300x200.jpg 300w, https:\/\/loudavymkrokem.cz\/wp-content\/uploads\/2026\/04\/karluv-most-4142-700x467.jpg 700w, https:\/\/loudavymkrokem.cz\/wp-content\/uploads\/2026\/04\/karluv-most-4142-768x512.jpg 768w, https:\/\/loudavymkrokem.cz\/wp-content\/uploads\/2026\/04\/karluv-most-4142-696x464.jpg 696w\" sizes=\"auto, (max-width: 1200px) 100vw, 1200px\"><\/figure>\n<h2 class=\"wp-block-heading\"><span class=\"ez-toc-section\" id=\"Var_ska_man_bo\"><\/span><span class=\"ez-toc-section\" id=\"Var_ska_man_bo\"><\/span>Var ska man bo<span class=\"ez-toc-section-end\"><\/span><span class=\"ez-toc-section-end\"><\/span><\/h2>\n<p>Boende mitt i centrum l\u00e5ter romantiskt \u2013 tills ett g\u00e4ng festglada turister v\u00e4cker dig klockan tv\u00e5 p\u00e5 natten med s\u00e5ng under f\u00f6nstret. Jag har l\u00e4rt mig att v\u00e4lja en bas som ligger n\u00e4ra centrum men d\u00e4r man faktiskt kan sova p\u00e5 kv\u00e4llen. Senast vi var i Prag fungerade <strong>The <a class=\"thirstylink\" rel=\"nofollow\" target=\"_blank\" title=\"The Julius Hotel\" href=\"https:\/\/loudavymkrokem.cz\/doporucujeme\/the-julius-hotel\/\" data-shortcode=\"true\">Julius Hotel<\/a><\/strong> i Nov\u00e9 M\u011bsto perfekt, bara ett stenkast fr\u00e5n Jind\u0159i\u0161sk\u00e1-tornet. Vi bodde i en One Bedroom Suite, vilket f\u00f6r en familj med tv\u00e5\u00e5rige Jon\u00e1\u0161 var en enorm l\u00e4ttnad: separata utrymmen, fullt utrustat pentry och design som inte k\u00e4nns steril utan snarare som att bo i en lyxig l\u00e4genhet hos n\u00e5gon med exceptionellt god smak. Fr\u00e5n hotellet n\u00e5r du kajen med en trevlig promenad genom Gamla staden p\u00e5 ungef\u00e4r tjugo minuter, s\u00e5 du beh\u00f6ver inte kr\u00e5ngla med morgonens sp\u00e5rvagnar.<\/p>\n<p>Aktuella priser och tillg\u00e4nglighet f\u00f6r 2026 kan du <a href=\"https:\/\/www.booking.com\/hotel\/cz\/julius-meinl-house-prague.html?aid=2397601\" rel=\"nofollow noopener\" target=\"_blank\">boka via Booking.com<\/a>.<\/p>\n<p>Vill du ha fler bepr\u00f6vade tips p\u00e5 var man sover tryggt och bekv\u00e4mt med barn kan du kika p\u00e5 min artikel om <a href=\"https:\/\/loudavymkrokem.cz\/sv\/familjehotell-prag-boende-barn\/\">b\u00e4sta familjehotellen i Prag<\/a>.<\/p>\n<figure class=\"wp-block-image size-full\"><img loading=\"lazy\" decoding=\"async\" width=\"1200\" height=\"800\" src=\"https:\/\/loudavymkrokem.cz\/wp-content\/uploads\/2026\/04\/karluv-most-4090.jpg\" alt=\"\" class=\"wp-image-151092\" title=\"\" srcset=\"https:\/\/loudavymkrokem.cz\/wp-content\/uploads\/2026\/04\/karluv-most-4090.jpg 1200w, https:\/\/loudavymkrokem.cz\/wp-content\/uploads\/2026\/04\/karluv-most-4090-300x200.jpg 300w, https:\/\/loudavymkrokem.cz\/wp-content\/uploads\/2026\/04\/karluv-most-4090-700x467.jpg 700w, https:\/\/loudavymkrokem.cz\/wp-content\/uploads\/2026\/04\/karluv-most-4090-768x512.jpg 768w, https:\/\/loudavymkrokem.cz\/wp-content\/uploads\/2026\/04\/karluv-most-4090-696x464.jpg 696w\" sizes=\"auto, (max-width: 1200px) 100vw, 1200px\"><\/figure>\n<h2 class=\"wp-block-heading\"><span class=\"ez-toc-section\" id=\"Karlsbrons_historia_och_arkitektur\"><\/span><span class=\"ez-toc-section\" id=\"Karlsbrons_historia_och_arkitektur\"><\/span>Karlsbrons historia och arkitektur<span class=\"ez-toc-section-end\"><\/span><span class=\"ez-toc-section-end\"><\/span><\/h2>\n<p>Stenf\u00f6rbindelsen mellan de b\u00e5da str\u00e4nderna fungerade inte alltid bara som en romantisk promenad. Den var en livsviktig trafik\u00e5der d\u00e4r vagnar med varor, h\u00e4star och i b\u00f6rjan av 1900-talet till och med sp\u00e5rvagnar rullade f\u00f6rbi i \u00e5rhundraden. F\u00f6re Karlsbron stod h\u00e4r Judiths bro, men den f\u00f6rst\u00f6rdes av en \u00f6versv\u00e4mning \u2013 och d\u00e5 fick kejsar Karl IV kliva in med en ny, mer h\u00e5llbar plan.<\/p>\n<h3 class=\"wp-block-heading\"><span class=\"ez-toc-section\" id=\"Magiskt_datum_och_Petr_Parler\"><\/span><span class=\"ez-toc-section\" id=\"Magiskt_datum_och_Petr_Parler\"><\/span>Magiskt datum och Petr Parl\u00e9\u0159<span class=\"ez-toc-section-end\"><\/span><span class=\"ez-toc-section-end\"><\/span><\/h3>\n<p>Byggnadens historia \u00e4r ouppl\u00f6sligt knuten till medeltida mystik och astronomi. Karl IV var k\u00e4nd f\u00f6r sin tro p\u00e5 astrologi och l\u00e4t d\u00e4rf\u00f6r grundstenen l\u00e4ggas exakt den <strong>9 juli 1357 klockan 5:31<\/strong> p\u00e5 morgonen. S\u00e4tter du ihop siffrorna f\u00e5r du palindromen 1-3-5-7-9-7-5-3-1, som skulle garantera byggnadens evighet och skydd mot naturkrafter. Huvudarkitekt blev den d\u00e5 blott tjugosju \u00e5r gamla Petr Parl\u00e9\u0159, som \u00e4ven ansvarade f\u00f6r bygget av Vitus-katedralen. Ursprungligen kallades bron helt enkelt Sten- eller Pragbron \u2013 namnet efter sin grundare fick den officiellt f\u00f6rst \u00e5r 1870.<\/p>\n<p>Bron m\u00e4ter 515 meter p\u00e5 l\u00e4ngden och n\u00e4stan 10 meter p\u00e5 bredden. Den vilar p\u00e5 16 massiva sandstens\u00adpelare som m\u00e5ste grundl\u00e4ggas djupt i flodbottnen med hj\u00e4lp av speciella rostverkskonstruktioner i ek.<\/p>\n<p><strong>\ud83d\udca1 Tips fr\u00e5n en lokalbo:<\/strong> \u00c4r du nyfiken p\u00e5 hur medeltida fundament byggdes under vatten b\u00f6r du bes\u00f6ka <strong><a href=\"https:\/\/www.muzeumkarlovamostu.cz\/\" rel=\"nofollow noopener\" target=\"_blank\">Karlsbrons museum<\/a><\/strong> vid K\u0159\u00ed\u017eovnick\u00e9 n\u00e1m\u011bst\u00ed. D\u00e4r finns fantastiska och detaljerade modeller av d\u00e5tidens byggkranar.<\/p>\n<figure class=\"wp-block-image size-full\"><img loading=\"lazy\" decoding=\"async\" width=\"1200\" height=\"800\" src=\"https:\/\/loudavymkrokem.cz\/wp-content\/uploads\/2026\/04\/karluv-most-4092.jpg\" alt=\"\" class=\"wp-image-151094\" title=\"\" srcset=\"https:\/\/loudavymkrokem.cz\/wp-content\/uploads\/2026\/04\/karluv-most-4092.jpg 1200w, https:\/\/loudavymkrokem.cz\/wp-content\/uploads\/2026\/04\/karluv-most-4092-300x200.jpg 300w, https:\/\/loudavymkrokem.cz\/wp-content\/uploads\/2026\/04\/karluv-most-4092-700x467.jpg 700w, https:\/\/loudavymkrokem.cz\/wp-content\/uploads\/2026\/04\/karluv-most-4092-768x512.jpg 768w, https:\/\/loudavymkrokem.cz\/wp-content\/uploads\/2026\/04\/karluv-most-4092-696x464.jpg 696w\" sizes=\"auto, (max-width: 1200px) 100vw, 1200px\"><\/figure>\n<h3 class=\"wp-block-heading\"><span class=\"ez-toc-section\" id=\"Myten_om_aggen_och_oversvamningarnas_verklighet\"><\/span><span class=\"ez-toc-section\" id=\"Myten_om_aggen_och_oversvamningarnas_verklighet\"><\/span>Myten om \u00e4ggen och \u00f6versv\u00e4mningarnas verklighet<span class=\"ez-toc-section-end\"><\/span><span class=\"ez-toc-section-end\"><\/span><\/h3>\n<p>N\u00e4stan varje tjeckiskt skolbarn har h\u00f6rt sagan om hur \u00e4gg blandades i murbruket f\u00f6r att g\u00f6ra konstruktionen starkare \u2013 och hur inv\u00e5narna i staden Velvary av misstag levererade h\u00e5rdkokta \u00e4gg s\u00e5 att de inte skulle g\u00e5 s\u00f6nder under transporten. Moderna kemiska analyser fr\u00e5n b\u00f6rjan av 2000-talet bekr\u00e4ftade f\u00f6rst sp\u00e5r av \u00e4ggproteiner, men nyare studier fr\u00e5n 2010 motbevisade dem. Det visade sig att de medeltida murarna snarare anv\u00e4nde mj\u00f6lk och vindruvsrester. Oavsett byggmaterialet har konstruktionen under sin existens f\u00e5tt utst\u00e5 m\u00e5nga pr\u00f6vningar. De mest kritiska stunderna intr\u00e4ffade under f\u00f6r\u00f6dande \u00f6versv\u00e4mningar, till exempel 1890 d\u00e5 den \u00f6versv\u00e4mmade Moldau slet bort tre av brons valv.<\/p>\n<p>Idag skyddas Karlsbron av moderna barri\u00e4rer uppstr\u00f6ms, och ingenj\u00f6rer \u00f6vervakar regelbundet pelarnas stabilitet med hj\u00e4lp av lasersensorer.<\/p>\n<p><strong>\ud83d\udca1 Tips fr\u00e5n en lokalbo:<\/strong> Under en promenad l\u00e4ngs Moldau p\u00e5 \u00f6n Kampa, h\u00e5ll utkik efter diskreta metallmarkeringar p\u00e5 vissa historiska hus. De visar hur h\u00f6gt vattnet steg under den katastrofala \u00f6versv\u00e4mningen 2002. H\u00f6jden \u00e4r hisnande.<\/p>\n<div class=\"lk-zazitky-module\">\n<style>\n.lk-zazitky-module * { box-sizing: border-box; margin: 0; padding: 0; }\n.lk-zazitky-module {\n  font-family: 'DM Sans', Georgia, sans-serif;\n  max-width: 100%;\n  margin: 2.5rem auto;\n  background: linear-gradient(135deg, #fdf6f3 0%, #fbede7 100%);\n  border: 1px solid #f0d9cc;\n  border-radius: 16px;\n  overflow: hidden;\n  box-shadow: 0 16px 48px rgba(217, 119, 87, 0.18), 0 4px 12px rgba(0,0,0,0.06);\n}\n.lk-zazitky-header {\n  position: relative;\n  padding: 24px 32px;\n  background: linear-gradient(135deg, #d97757 0%, #c46b4b 60%, #d97757 100%);\n  display: flex;\n  align-items: center;\n  gap: 18px;\n}\n.lk-zazitky-header::before {\n  content: '';\n  position: absolute;\n  inset: 0;\n  background: url(\"data:image\/svg+xml,%3Csvg width='60' height='60' viewBox='0 0 60 60' xmlns='http:\/\/www.w3.org\/2000\/svg'%3E%3Cg fill='none' fill-rule='evenodd'%3E%3Cg fill='%23ffffff' fill-opacity='0.05'%3E%3Cpath d='M36 34v-4h-2v4h-4v2h4v4h2v-4h4v-2h-4zm0-30V0h-2v4h-4v2h4v4h2V6h4V4h-4zM6 34v-4H4v4H0v2h4v4h2v-4h4v-2H6zM6 4V0H4v4H0v2h4v4h2V6h4V4H6z'\/%3E%3C\/g%3E%3C\/g%3E%3C\/svg%3E\") repeat;\n  pointer-events: none;\n}\n.lk-zazitky-header img {\n  width: 64px; height: 64px; border-radius: 12px; flex-shrink: 0;\n  object-fit: cover; box-shadow: 0 4px 12px rgba(0,0,0,0.18); position: relative; z-index: 1;\n}\n.lk-zazitky-header-text { position: relative; z-index: 1; }\n.lk-zazitky-eyebrow {\n  font-size: 10px; font-weight: 600; letter-spacing: 2.5px; text-transform: uppercase;\n  color: rgba(255,255,255,.92); margin-bottom: 5px;\n}\n.lk-zazitky-title {\n  font-family: 'Playfair Display', Georgia, serif;\n  font-size: 24px; font-weight: 700; color: #fff; line-height: 1.2;\n  text-shadow: 0 1px 2px rgba(0,0,0,0.12);\n}\n.lk-zazitky-subtitle {\n  font-size: 13px; color: rgba(255,255,255,.85); margin-top: 4px; font-weight: 300;\n}\n.lk-zazitky-grid {\n  display: grid;\n  grid-template-columns: 1fr 1fr 1fr;\n  gap: 1px;\n  background: rgba(217, 119, 87, 0.12);\n}\n.lk-zazitek-card {\n  background: #ffffff; padding: 22px; display: flex; flex-direction: column; gap: 11px;\n  transition: all 0.3s ease; text-decoration: none; color: inherit; position: relative;\n}\n.lk-zazitek-card:hover {\n  background: #fffaf7; transform: translateY(-2px);\n  box-shadow: 0 8px 24px rgba(217, 119, 87, 0.15); z-index: 1;\n}\n.lk-zazitek-card.is-category {\n  background: linear-gradient(135deg, #fffaf7 0%, #fff3eb 100%);\n  box-shadow: inset 0 1px 0 rgba(217, 119, 87, 0.1);\n}\n.lk-zazitek-card.is-category:hover {\n  background: linear-gradient(135deg, #fff7f2 0%, #ffeee3 100%);\n}\n.lk-zazitek-badge {\n  display: inline-flex; align-items: center; gap: 5px;\n  font-size: 10px; font-weight: 600; letter-spacing: 1.5px; text-transform: uppercase;\n  padding: 5px 11px; border-radius: 20px; width: fit-content;\n  background: rgba(217, 119, 87, 0.10); color: #c46b4b; border: 1px solid rgba(217, 119, 87, 0.22);\n}\n.lk-zazitek-card.is-category .lk-zazitek-badge {\n  background: linear-gradient(135deg, #d97757 0%, #c46b4b 100%); color: #fff;\n  border-color: #c46b4b; box-shadow: 0 2px 8px rgba(217, 119, 87, 0.28);\n}\n.lk-zazitek-name {\n  font-family: 'Playfair Display', Georgia, serif;\n  font-size: 17px; font-weight: 700; color: #111827; line-height: 1.3;\n}\n.lk-zazitek-desc {\n  font-size: 13px; color: #525252; line-height: 1.6; font-weight: 300; flex: 1;\n}\n.lk-zazitek-meta { display: flex; align-items: center; gap: 12px; flex-wrap: wrap; margin-top: 4px; }\n.lk-zazitek-price { font-size: 13px; color: #6b7280; }\n.lk-zazitek-price strong { color: #c46b4b; font-weight: 600; }\n.lk-zazitek-cta {\n  display: inline-flex; align-items: center; justify-content: center; gap: 7px;\n  margin-top: 8px; padding: 11px 16px; border-radius: 8px;\n  background: linear-gradient(135deg, #d97757 0%, #c46b4b 100%);\n  color: #fff; font-size: 13px; font-weight: 500; text-decoration: none;\n  letter-spacing: .3px; transition: all .2s ease; cursor: pointer; border: none;\n  text-align: center; box-shadow: 0 4px 12px rgba(217, 119, 87, 0.28);\n  white-space: nowrap;\n}\n.lk-zazitek-cta:hover {\n  background: linear-gradient(135deg, #c46b4b 0%, #b35e3f 100%);\n  transform: translateY(-1px); box-shadow: 0 6px 16px rgba(217, 119, 87, 0.38);\n}\n.lk-zazitek-card.is-category .lk-zazitek-cta {\n  background: linear-gradient(135deg, #3685fc 0%, #2a6fd9 100%);\n  box-shadow: 0 4px 12px rgba(54, 133, 252, 0.22);\n}\n.lk-zazitek-card.is-category .lk-zazitek-cta:hover {\n  background: linear-gradient(135deg, #2a6fd9 0%, #1e5bc4 100%);\n  box-shadow: 0 6px 16px rgba(54, 133, 252, 0.32);\n}\n.lk-zazitky-footer {\n  padding: 16px 32px;\n  background: linear-gradient(to bottom, #fdf6f3 0%, #f9eae2 100%);\n  border-top: 1px solid rgba(217, 119, 87, 0.18);\n  display: flex; align-items: center; justify-content: center; flex-wrap: wrap; gap: 12px;\n}\n.lk-zazitky-discount {\n  display: inline-flex; align-items: center; gap: 8px;\n  font-size: 13px; color: #6b3a26; font-weight: 500;\n}\n.lk-zazitky-discount-code {\n  font-family: 'Courier New', monospace; font-weight: 700; color: #c46b4b;\n  background: rgba(217, 119, 87, 0.12); padding: 4px 10px; border-radius: 6px;\n  letter-spacing: 1px; font-size: 13px;\n}\n.lk-zazitky-disclaimer {\n  font-size: 11px; color: #8a6e60; font-weight: 300; line-height: 1.5;\n}\n.lk-zazitky-disclaimer a { color: #c46b4b; text-decoration: none; }\n.lk-zazitky-disclaimer a:hover { text-decoration: underline; }\n@media (max-width: 720px) {\n  .lk-zazitky-grid { grid-template-columns: 1fr; }\n  .lk-zazitky-header { padding: 20px 18px; }\n  .lk-zazitky-footer { padding: 14px 18px; }\n  .lk-zazitek-card { padding: 20px; }\n  .lk-zazitky-title { font-size: 20px; }\n}\n<\/style>\n<div class=\"lk-zazitky-header\">\n    <img decoding=\"async\" src=\"https:\/\/loudavymkrokem.cz\/wp-content\/uploads\/2026\/02\/lukas-a-lucka.jpg\" alt=\"Luk\u00e1\u0161 och Lucie\" title=\"\"><\/p>\n<div class=\"lk-zazitky-header-text\">\n<div class=\"lk-zazitky-eyebrow\">Tips fr\u00e5n Luk\u00e1\u0161 och Lucie<\/div>\n<div class=\"lk-zazitky-title\">Upplev Prag annorlunda<\/div>\n<div class=\"lk-zazitky-subtitle\">3 bepr\u00f6vade tips med 5 % rabatt fr\u00e5n v\u00e5r partner Firma na z\u00e1\u017eitky<\/div>\n<\/p><\/div>\n<\/p><\/div>\n<div class=\"lk-zazitky-grid\">\n<p>    <a class=\"lk-zazitek-card\" href=\"https:\/\/www.firmanazazitky.cz\/plavba-po-vltave-s-obedem?utm_source=loudavymkrokem&amp;utm_medium=referral&amp;utm_campaign=karluv-most-pruvodce-od-mistni-historie-sochy-nejlepsi-cas&amp;utm_content=zazitek-1\" target=\"_blank\" rel=\"nofollow noopener sponsored\"><br \/>\n      <span class=\"lk-zazitek-badge\">\ud83d\udee5 B\u00e5ttur<\/span><\/p>\n<div class=\"lk-zazitek-name\">B\u00e5ttur p\u00e5 Moldau med lunch<\/div>\n<div class=\"lk-zazitek-desc\">Karlsbron fr\u00e5n ett perspektiv du inte upplever till fots \u2013 en lugn tur under brons valv med lunch f\u00f6r tv\u00e5 inkluderad.<\/div>\n<div class=\"lk-zazitek-meta\">\n        <span class=\"lk-zazitek-price\">fr\u00e5n <strong>84 \u20ac<\/strong><\/span>\n      <\/div>\n<p>      <span class=\"lk-zazitek-cta\"><br \/>\n        <svg width=\"14\" height=\"14\" viewBox=\"0 0 24 24\" fill=\"none\" stroke=\"currentColor\" stroke-width=\"2\"><path d=\"M18 13v6a2 2 0 0 1-2 2H5a2 2 0 0 1-2-2V8a2 2 0 0 1 2-2h6\"\/><polyline points=\"15 3 21 3 21 9\"\/><line x1=\"10\" y1=\"14\" x2=\"21\" y2=\"3\"\/><\/svg><br \/>\n        Boka med rabatt<br \/>\n      <\/span><br \/>\n    <\/a><\/p>\n<p>    <a class=\"lk-zazitek-card\" href=\"https:\/\/www.firmanazazitky.cz\/4-chodove-obedove-menu-v-tancicim-dome?utm_source=loudavymkrokem&amp;utm_medium=referral&amp;utm_campaign=karluv-most-pruvodce-od-mistni-historie-sochy-nejlepsi-cas&amp;utm_content=zazitek-2\" target=\"_blank\" rel=\"nofollow noopener sponsored\"><br \/>\n      <span class=\"lk-zazitek-badge\">\ud83c\udf7d Gastro<\/span><\/p>\n<div class=\"lk-zazitek-name\">4-r\u00e4tters meny i Dansande huset<\/div>\n<div class=\"lk-zazitek-desc\">Bara n\u00e5gra minuters promenad fr\u00e5n Karlsbron l\u00e4ngs floden \u2013 lunch i en ikonisk restaurang med utsikt \u00f6ver Pragborgen.<\/div>\n<div class=\"lk-zazitek-meta\">\n        <span class=\"lk-zazitek-price\">fr\u00e5n <strong>75 \u20ac<\/strong><\/span>\n      <\/div>\n<p>      <span class=\"lk-zazitek-cta\"><br \/>\n        <svg width=\"14\" height=\"14\" viewBox=\"0 0 24 24\" fill=\"none\" stroke=\"currentColor\" stroke-width=\"2\"><path d=\"M18 13v6a2 2 0 0 1-2 2H5a2 2 0 0 1-2-2V8a2 2 0 0 1 2-2h6\"\/><polyline points=\"15 3 21 3 21 9\"\/><line x1=\"10\" y1=\"14\" x2=\"21\" y2=\"3\"\/><\/svg><br \/>\n        Boka med rabatt<br \/>\n      <\/span><br \/>\n    <\/a><\/p>\n<p>    <a class=\"lk-zazitek-card is-category\" href=\"https:\/\/www.firmanazazitky.cz\/gurmanske-zazitky-praha\/?utm_source=loudavymkrokem&amp;utm_medium=referral&amp;utm_campaign=karluv-most-pruvodce-od-mistni-historie-sochy-nejlepsi-cas&amp;utm_content=kategorie\" target=\"_blank\" rel=\"nofollow noopener sponsored\"><br \/>\n      <span class=\"lk-zazitek-badge\">\u2b50 Allt<\/span><\/p>\n<div class=\"lk-zazitek-name\">Gastronomiska upplevelser i Prag<\/div>\n<div class=\"lk-zazitek-desc\">Prags b\u00e4sta restauranger, provningar och gastronomiska upplevelser utvalda f\u00f6r kr\u00e4sna mat\u00e4lskare.<\/div>\n<p>      <span class=\"lk-zazitek-cta\"><br \/>\n        Utforska upplevelser<br \/>\n        <svg width=\"12\" height=\"12\" viewBox=\"0 0 24 24\" fill=\"none\" stroke=\"currentColor\" stroke-width=\"2.5\"><polyline points=\"9 18 15 12 9 6\"\/><\/svg><br \/>\n      <\/span><br \/>\n    <\/a><\/p><\/div>\n<div class=\"lk-zazitky-footer\">\n    <span class=\"lk-zazitky-discount\"><br \/>\n      \u2b50 5 % rabatt med koden<br \/>\n      <span class=\"lk-zazitky-discount-code\">LOUDAVYMKROKEM5<\/span><br \/>\n    <\/span>\n  <\/div>\n<\/div>\n<h3 class=\"wp-block-heading\"><span class=\"ez-toc-section\" id=\"Bradac_Prags_varningssystem\"><\/span><span class=\"ez-toc-section\" id=\"Bradac_Prags_varningssystem\"><\/span>Brad\u00e1\u010d: Prags varningssystem<span class=\"ez-toc-section-end\"><\/span><span class=\"ez-toc-section-end\"><\/span><\/h3>\n<p>N\u00e4r du st\u00e5r vid Gamla stadens brotorn och tittar ner p\u00e5 kajmuren ser du en inmurad stenrelief av ett manshuvud. Det kallas Brad\u00e1\u010d (ungef\u00e4r &#8221;den sk\u00e4ggige&#8221;) och fungerade i \u00e5rhundraden som en enkel men fullst\u00e4ndigt p\u00e5litlig vattenm\u00e4tare. Prags inv\u00e5nare visste att n\u00e4r Moldaus vatten steg s\u00e5 h\u00f6gt att det n\u00e5dde Brad\u00e1\u010ds sk\u00e4gg var det illa st\u00e4llt \u2013 Gamla staden skulle b\u00f6rja \u00f6versv\u00e4mmas. Ursprungligen var relifen en del av den \u00e4ldre Judiths bro, och n\u00e4r den f\u00f6rst\u00f6rdes av floden r\u00e4ddade byggm\u00e4starna den pietetfullt och flyttade den till den nya bron.<\/p>\n<p>Brad\u00e1\u010d syns b\u00e4st fr\u00e5n K\u0159\u00ed\u017eovnick\u00e9 n\u00e1m\u011bst\u00ed, om du lutar dig \u00f6ver stenr\u00e4cket n\u00e4ra Karl IV:s staty och tittar rakt ner mot vattenytan.<\/p>\n<p><strong>\ud83d\udca1 Tips fr\u00e5n en lokalbo:<\/strong> Enligt en gammal stadss\u00e4gen f\u00f6rest\u00e4ller Brad\u00e1\u010ds ansikte den italienske byggm\u00e4staren bakom Prags f\u00f6rsta stenbro, som s\u00e5lunda vakar \u00f6ver staden och floden \u00e4n idag.<\/p>\n<figure class=\"wp-block-image size-full\"><img loading=\"lazy\" decoding=\"async\" width=\"1200\" height=\"800\" src=\"https:\/\/loudavymkrokem.cz\/wp-content\/uploads\/2026\/04\/karluv-most-4144.jpg\" alt=\"\" class=\"wp-image-151100\" title=\"\" srcset=\"https:\/\/loudavymkrokem.cz\/wp-content\/uploads\/2026\/04\/karluv-most-4144.jpg 1200w, https:\/\/loudavymkrokem.cz\/wp-content\/uploads\/2026\/04\/karluv-most-4144-300x200.jpg 300w, https:\/\/loudavymkrokem.cz\/wp-content\/uploads\/2026\/04\/karluv-most-4144-700x467.jpg 700w, https:\/\/loudavymkrokem.cz\/wp-content\/uploads\/2026\/04\/karluv-most-4144-768x512.jpg 768w, https:\/\/loudavymkrokem.cz\/wp-content\/uploads\/2026\/04\/karluv-most-4144-696x464.jpg 696w\" sizes=\"auto, (max-width: 1200px) 100vw, 1200px\"><\/figure>\n<h2 class=\"wp-block-heading\"><span class=\"ez-toc-section\" id=\"Statyer_pa_Karlsbron_Galleri_under_bar_himmel\"><\/span><span class=\"ez-toc-section\" id=\"Statyer_pa_Karlsbron_Galleri_under_bar_himmel\"><\/span>Statyer p\u00e5 Karlsbron: Galleri under bar himmel<span class=\"ez-toc-section-end\"><\/span><span class=\"ez-toc-section-end\"><\/span><\/h2>\n<p>Ursprungligen var v\u00e4gen \u00f6ver floden i l\u00e5nga tider praktiskt taget bar \u2013 den pryddes bara av ett enkelt tr\u00e4kors med Kristus. Det var f\u00f6rst barockperioden under 1600- och 1700-talen som f\u00f6rvandlade den till det storslagna skulpturgalleriet under bar himmel som vi k\u00e4nner idag. Just nu st\u00e5r det exakt trettio statyer och skulpturgrupper p\u00e5 bron. En stor del av dem \u00e4r dock noggrant utf\u00f6rda sandstenskopior. Originalen har staden g\u00f6mt undan f\u00f6r v\u00e4der och smog i <a href=\"https:\/\/www.nm.cz\/\" rel=\"nofollow noopener\" target=\"_blank\">Nationalmuseets Lapidarium<\/a> p\u00e5 V\u00fdstavi\u0161t\u011b och i den m\u00f6rka salen <strong>Gorlice<\/strong> i f\u00e4stningsmurarna p\u00e5 Vy\u0161ehrad.<\/p>\n<h3 class=\"wp-block-heading\"><span class=\"ez-toc-section\" id=\"Johannes_av_Nepomuk_och_lyckoritualen\"><\/span><span class=\"ez-toc-section\" id=\"Johannes_av_Nepomuk_och_lyckoritualen\"><\/span>Johannes av Nepomuk och lyckoritualen<span class=\"ez-toc-section-end\"><\/span><span class=\"ez-toc-section-end\"><\/span><\/h3>\n<p>Det h\u00e4r \u00e4r den absoluta klassikern och f\u00f6rmodligen den mest fotograferade statyn l\u00e4ngs hela str\u00e4ckan, skapad 1683 av <strong>Jan Brokoff<\/strong>. Den st\u00e5r ungef\u00e4r halvv\u00e4gs p\u00e5 h\u00f6ger sida n\u00e4r du g\u00e5r mot Hrad\u010dany. Johannes av Nepomuk kastades enligt legenden i Moldau fr\u00e5n just denna plats, f\u00f6r att han v\u00e4grade avsl\u00f6ja drottningens bikthemlighet f\u00f6r kung V\u00e1clav IV. Under statyn finns tv\u00e5 bronsreliefer som av miljontals turisth\u00e4nder blivit polerade till gl\u00e4nsande guld. Att r\u00f6ra vid den fallande helgonfiguren s\u00e4gs ge tur och garantera att du en dag \u00e5terv\u00e4nder till Prag.<\/p>\n<p>Statyn \u00e4r l\u00e4tt att k\u00e4nna igen p\u00e5 avst\u00e5nd. Den har en karakt\u00e4ristisk gloria med fem stj\u00e4rnor runt huvudet, och det samlas n\u00e4stan alltid en liten grupp m\u00e4nniskor som v\u00e4ntar p\u00e5 att stryka \u00f6ver relifen.<\/p>\n<p><strong>\ud83d\udca1 Tips fr\u00e5n en lokalbo:<\/strong> R\u00f6r inte hunden p\u00e5 den v\u00e4nstra relifen! \u00c4ven om den ocks\u00e5 \u00e4r blankpolerad av turister talar den ursprungliga legenden bara om att r\u00f6ra figuren av den fallande Johannes av Nepomuk, som du hittar p\u00e5 h\u00f6ger sida av sockeln.<\/p>\n<h3 class=\"wp-block-heading\"><span class=\"ez-toc-section\" id=\"Den_heliga_Luitgards_drom\"><\/span><span class=\"ez-toc-section\" id=\"Den_heliga_Luitgards_drom\"><\/span>Den heliga Luitgards dr\u00f6m<span class=\"ez-toc-section-end\"><\/span><span class=\"ez-toc-section-end\"><\/span><\/h3>\n<p>Om jag bara fick v\u00e4lja en enda skulpturgrupp som konstn\u00e4rligt \u00f6vertr\u00e4ffar alla andra, s\u00e5 \u00e4r det <strong>Den heliga Luitgards dr\u00f6m<\/strong> av <strong>Maty\u00e1\u0161 Bernard Braun<\/strong>. Detta m\u00e4sterverk i tjeckisk barock hittar du n\u00e4rmare Mal\u00e1 Strana-sidan. Braun h\u00f6gg det \u00e5r 1710 n\u00e4r han bara var 26 \u00e5r gammal. Kompositionen med den blinda cisterciensiskan till vilken Kristus lutar sig ner fr\u00e5n korset f\u00f6r att hon ska dricka blodet fr\u00e5n hans s\u00e5r \u00e4r otroligt dynamisk och k\u00e4nslosam. \u00c4ven p\u00e5 avst\u00e5nd syns det hur skulpt\u00f6ren lyckades bem\u00e4stra den h\u00e5rda sandstenen och ge den en illusion av l\u00e4tt draperi som fladdrar i vinden.<\/p>\n<p>Det \u00e4r den tolfte statyn p\u00e5 v\u00e4nster sida, r\u00e4knat fr\u00e5n Gamla staden. Originalet fr\u00e5n 1710 \u00e4r idag tryggt f\u00f6rvatat i Lapidarium \u2013 p\u00e5 bron st\u00e5r en kopia.<\/p>\n<p><strong>\ud83d\udca1 Tips fr\u00e5n en lokalbo:<\/strong> F\u00f6rs\u00f6k studera statyn underifr\u00e5n, fr\u00e5n pelaren under bron (du tar dig dit via trappan fr\u00e5n \u00f6n Kampa). D\u00e5 f\u00e5r du ett helt annat perspektiv p\u00e5 Brauns fascinerande arbete med rum och djup.<\/p>\n<figure class=\"wp-block-image size-full\"><img loading=\"lazy\" decoding=\"async\" width=\"1200\" height=\"800\" src=\"https:\/\/loudavymkrokem.cz\/wp-content\/uploads\/2026\/04\/karluv-most-4148.jpg\" alt=\"\" class=\"wp-image-151099\" title=\"\" srcset=\"https:\/\/loudavymkrokem.cz\/wp-content\/uploads\/2026\/04\/karluv-most-4148.jpg 1200w, https:\/\/loudavymkrokem.cz\/wp-content\/uploads\/2026\/04\/karluv-most-4148-300x200.jpg 300w, https:\/\/loudavymkrokem.cz\/wp-content\/uploads\/2026\/04\/karluv-most-4148-700x467.jpg 700w, https:\/\/loudavymkrokem.cz\/wp-content\/uploads\/2026\/04\/karluv-most-4148-768x512.jpg 768w, https:\/\/loudavymkrokem.cz\/wp-content\/uploads\/2026\/04\/karluv-most-4148-696x464.jpg 696w\" sizes=\"auto, (max-width: 1200px) 100vw, 1200px\"><\/figure>\n<h3 class=\"wp-block-heading\"><span class=\"ez-toc-section\" id=\"Skulpturgruppen_Vincentius_Ferrerius_och_Prokopius\"><\/span><span class=\"ez-toc-section\" id=\"Skulpturgruppen_Vincentius_Ferrerius_och_Prokopius\"><\/span>Skulpturgruppen Vincentius Ferrerius och Prokopius<span class=\"ez-toc-section-end\"><\/span><span class=\"ez-toc-section-end\"><\/span><\/h3>\n<p>Denna monumentala och ganska skr\u00e4ckinjagande skulpturgrupp skapades av <strong>Ferdinand Maxmili\u00e1n Brokoff<\/strong> och h\u00f6r till mina personliga favoriter n\u00e4r jag vill visa n\u00e5gon hur m\u00f6rk och vild barocken kunde vara. Den visar den helige Vincentius som \u00e5teruppv\u00e4cker en d\u00f6d till liv och f\u00f6rdriver dj\u00e4vulen, medan den helige Prokopius driver bort ondska med korset. Under deras f\u00f6tter ligger besegrade dj\u00e4vlar och syndare vars krampaktigt vridna kroppar och ansikten fulla av lidande st\u00e5r i skarp kontrast till helgonens lugna ansiktsuttryck. Som student brukade jag komma hit med kameran f\u00f6r att studera detaljerna i de besegrade demonernas anatomi \u2013 p\u00e5 n\u00e4ra h\u00e5ll verkar de n\u00e4stan skr\u00e4mmande realistiska.<\/p>\n<p>Skulpturgruppen st\u00e5r n\u00e4ra Mal\u00e1 Strana-\u00e4nden, som den sj\u00e4tte statyn till v\u00e4nster n\u00e4r du g\u00e5r fr\u00e5n Gamla staden.<\/p>\n<p><strong>\ud83d\udca1 Tips fr\u00e5n en lokalbo:<\/strong> L\u00e4gg m\u00e4rke till figuren av en dyster turk med piska och vakthund vid skulpturen av Johannes av Matha, Felix av Valois och Ivan, som st\u00e5r precis mittemot. Det \u00e4r den popul\u00e4ra &#8221;Pragturken&#8221;, som lokala barn ofta betraktade som en sagofigur och som de fortfarande ser p\u00e5 med respekt.<\/p>\n<h2 class=\"wp-block-heading\"><span class=\"ez-toc-section\" id=\"Karlsbrons_torn_Utsikter_ovanifran\"><\/span><span class=\"ez-toc-section\" id=\"Karlsbrons_torn_Utsikter_ovanifraan\"><\/span>Karlsbrons torn: Utsikter ovanifr\u00e5n<span class=\"ez-toc-section-end\"><\/span><span class=\"ez-toc-section-end\"><\/span><\/h2>\n<p>B\u00e5da tornen \u00e4r \u00f6ppna f\u00f6r allm\u00e4nheten och erbjuder s\u00e5 olika utsikter att du gott kan kl\u00e4ttra upp i b\u00e5da. Sj\u00e4lv har jag en svaghet f\u00f6r Mal\u00e1 Strana-sidan, men mer om det snart.<\/p>\n<h3 class=\"wp-block-heading\"><span class=\"ez-toc-section\" id=\"Gamla_stadens_brotorn\"><\/span><span class=\"ez-toc-section\" id=\"Gamla_stadens_brotorn\"><\/span>Gamla stadens brotorn<span class=\"ez-toc-section-end\"><\/span><span class=\"ez-toc-section-end\"><\/span><\/h3>\n<p>Denna massiva gotiska port ritades av den redan n\u00e4mnda Petr Parl\u00e9\u0159, och arkitekter brukar kalla den ett av de vackraste gotiska tornen i hela Europa. Dess \u00f6stra fasad, v\u00e4nd mot Gamla staden, \u00e4r rikt dekorerad med statyer av Karl IV, V\u00e1clav IV och de tjeckiska skyddshelgonen. Under trettio\u00e5riga kriget skadade dock svensk artillerield den v\u00e4stra sidan sv\u00e5rt, n\u00e4r trupperna f\u00f6rs\u00f6kte inta den h\u00f6gra flodstranden. Inuti v\u00e4ntar 138 trappsteg och en st\u00e4mningsfull utst\u00e4llning, och sedan kl\u00e4ttrar du ut p\u00e5 en utsiktsplattform med vy rakt i linje mot Hrad\u010dany. S\u00e4rskilt p\u00e5 h\u00f6sten, n\u00e4r tr\u00e4den p\u00e5 Kampa gulnar, \u00e4r den h\u00e4r utsikten helt ov\u00e4rderlig.<\/p>\n<p>\u00d6ppet dagligen. Under sommars\u00e4songen fr\u00e5n 9:00 till 21:00, under vinterm\u00e5naderna st\u00e4nger man tidigare, vanligtvis klockan 18:00. Grundpriset f\u00f6r vuxna \u00e4r cirka 8 \u20ac (priser f\u00f6r 2026).<\/p>\n<p><strong>\ud83d\udca1 Tips fr\u00e5n en lokalbo:<\/strong> K\u00f6p direkt i kassan en kombinerad biljett till b\u00e5da brotornen. Det blir billigare totalt och du har flera dagar p\u00e5 dig att anv\u00e4nda den andra biljetten, s\u00e5 du slipper kl\u00e4ttra uppf\u00f6r tv\u00e5 trapplopp direkt efter varandra.<\/p>\n<h3 class=\"wp-block-heading\"><span class=\"ez-toc-section\" id=\"Mala_Stranas_brotorn\"><\/span><span class=\"ez-toc-section\" id=\"Mala_Stranas_brotorn\"><\/span>Mal\u00e1 Stranas brotorn<span class=\"ez-toc-section-end\"><\/span><span class=\"ez-toc-section-end\"><\/span><\/h3>\n<p>P\u00e5 den andra stranden v\u00e4lkomnas du inte av ett torn utan av hela tv\u00e5, f\u00f6rbundna med en genomg\u00e5ngsport med tinnar. <strong>Det l\u00e4gre tornet, kallat Judiths torn, har romanskt ursprung och minns fortfarande Karlsbrons f\u00f6reg\u00e5ngare.<\/strong> Det h\u00f6gre, gotiska, \u00e4r fr\u00e5n 1400-talet och byggdes som en spegelmotsvarighet till Gamla stadens torn, \u00e4ven om dess yttre dekorationer \u00e4r betydligt mer avskalade och gr\u00f6vre. Utst\u00e4llningen inne \u00e4gnas \u00e5t brons historia, och utsikten fr\u00e5n den \u00f6vre plattformen \u00f6ver Mal\u00e1 Stranas tak och den branta Nerudova-gatan upp mot Pragborgen har en helt annan, mer intim och ombonad atmosf\u00e4r j\u00e4mf\u00f6rt med utsikten fr\u00e5n andra sidan.<\/p>\n<p>Intr\u00e4det kostar samma circa 8 \u20ac som f\u00f6r systertornet p\u00e5 andra sidan, och efter att ha k\u00f6pt biljett i bottenv\u00e5ningen v\u00e4ntar 146 tr\u00e4steg.<\/p>\n<p><strong>\ud83d\udca1 Tips fr\u00e5n en lokalbo:<\/strong> Utst\u00e4llningen i Mal\u00e1 Strana-tornet brukar vara m\u00e4rkbart tommare och lugnare. Gillar du inte tr\u00e5nga utrymmen fulla av turister, v\u00e4lj hellre att kl\u00e4ttra upp p\u00e5 den h\u00e4r v\u00e4nstra sidan av floden.<\/p>\n<h2 class=\"wp-block-heading\"><span class=\"ez-toc-section\" id=\"Praktisk_information\"><\/span><span class=\"ez-toc-section\" id=\"Praktisk_information\"><\/span>Praktisk information<span class=\"ez-toc-section-end\"><\/span><span class=\"ez-toc-section-end\"><\/span><\/h2>\n<p>Och nu det tr\u00e5kiga men livr\u00e4ddande: n\u00e5gra saker som en g\u00e5ng \u00f6verraskade mig personligen och som jag hellre ber\u00e4ttar om i f\u00f6rv\u00e4g.<\/p>\n<h3 class=\"wp-block-heading\"><span class=\"ez-toc-section\" id=\"Transport_och_hur_du_tar_dig_till_bron\"><\/span><span class=\"ez-toc-section\" id=\"Transport_och_hur_du_tar_dig_till_bron\"><\/span>Transport och hur du tar dig till bron<span class=\"ez-toc-section-end\"><\/span><span class=\"ez-toc-section-end\"><\/span><\/h3>\n<p>Hela omr\u00e5det \u00e4r strikt g\u00e5ngzon, s\u00e5 du n\u00e5r inte hit med bil. Prags gatutaxif\u00f6rare skjutsar dig visserligen g\u00e4rna s\u00e5 n\u00e4ra kajen som m\u00f6jligt, men var beredd p\u00e5 ett pris som inte har det minsta att g\u00f6ra med den k\u00f6rda str\u00e4ckan. B\u00e4st \u00e4r att anv\u00e4nda <a href=\"https:\/\/pid.cz\/\" rel=\"nofollow noopener\" target=\"_blank\">Prags p\u00e5litliga kollektivtrafik<\/a>. P\u00e5 h\u00f6ger strand kliver du av vid tunnelbanestationen p\u00e5 linje A eller sp\u00e5rvagnslinjerna 17 och 18 vid h\u00e5llplatsen <strong>Starom\u011bstsk\u00e1<\/strong>. D\u00e4rifr\u00e5n \u00e4r det ungef\u00e4r fem minuters promenad genom K\u0159\u00ed\u017eovnick\u00e9 n\u00e1m\u011bst\u00ed. Fr\u00e5n Mal\u00e1 Strana-sidan tar dig den legendariska sp\u00e5rvagn 22 (eller linjerna 12, 15, 20) till h\u00e5llplatsen <strong>Malostransk\u00e9 n\u00e1m\u011bst\u00ed<\/strong>, varifr\u00e5n du bara g\u00e5r en mild backe ner genom Mosteck\u00e1-gatan rakt mot tornen. Fr\u00e5n Sverige tar du dig enklast till Prag med flyg till Prag \u2013 direktflyg finns fr\u00e5n Stockholm med bland annat SAS och Ryanair, med en flygtid p\u00e5 drygt tv\u00e5 timmar.<\/p>\n<p>En grundbiljett p\u00e5 30 minuter kostar cirka <strong>1,20 \u20ac<\/strong> och r\u00e4cker gott f\u00f6r en resa fr\u00e5n de flesta centrala platser som V\u00e1clavsk\u00e9 n\u00e1m\u011bst\u00ed eller centralstationen.<\/p>\n<p><strong>\ud83d\udca1 Tips fr\u00e5n en lokalbo:<\/strong> F\u00f6r familjer med barnvagn: rampen p\u00e5 b\u00e5da sidorna \u00e4r visserligen stenlagd med stora kullerstenar, men helt utan trappsteg. Vill du dock halvv\u00e4gs g\u00e5 ner direkt till \u00f6n Kampa vid \u010certovka-kanalen m\u00e5ste du klara en ganska brant stentrappa. Med barnvagn f\u00e5r du antingen k\u00f6ra runt via Malostransk\u00e9 n\u00e1m\u011bst\u00ed eller f\u00f6rsiktigt b\u00e4ra ner den.<\/p>\n<figure class=\"wp-block-image size-full\"><img loading=\"lazy\" decoding=\"async\" width=\"1200\" height=\"800\" src=\"https:\/\/loudavymkrokem.cz\/wp-content\/uploads\/2025\/03\/recenze-domus-balthasar-praha-s-batoletem-2.jpg\" alt=\"Utsikt fr\u00e5n Domus Balthasar\" class=\"wp-image-94707\" title=\"\" srcset=\"https:\/\/loudavymkrokem.cz\/wp-content\/uploads\/2025\/03\/recenze-domus-balthasar-praha-s-batoletem-2.jpg 1200w, https:\/\/loudavymkrokem.cz\/wp-content\/uploads\/2025\/03\/recenze-domus-balthasar-praha-s-batoletem-2-300x200.jpg 300w, https:\/\/loudavymkrokem.cz\/wp-content\/uploads\/2025\/03\/recenze-domus-balthasar-praha-s-batoletem-2-700x467.jpg 700w, https:\/\/loudavymkrokem.cz\/wp-content\/uploads\/2025\/03\/recenze-domus-balthasar-praha-s-batoletem-2-768x512.jpg 768w, https:\/\/loudavymkrokem.cz\/wp-content\/uploads\/2025\/03\/recenze-domus-balthasar-praha-s-batoletem-2-696x464.jpg 696w\" sizes=\"auto, (max-width: 1200px) 100vw, 1200px\"><figcaption class=\"wp-element-caption\">Utsikt fr\u00e5n <a class=\"thirstylink\" rel=\"nofollow\" target=\"_blank\" title=\"Domus Balthasar Boutique Hotel\" href=\"https:\/\/loudavymkrokem.cz\/doporucujeme\/domus-balthasar-boutique-hotel\/\" data-shortcode=\"true\">Domus Balthasar<\/a><\/figcaption><\/figure>\n<h3 class=\"wp-block-heading\"><span class=\"ez-toc-section\" id=\"Guidade_turer_och_batresor_pa_Moldau\"><\/span><span class=\"ez-toc-section\" id=\"Guidade_turer_och_batresor_pa_Moldau\"><\/span>Guidade turer och b\u00e5tresor p\u00e5 Moldau<span class=\"ez-toc-section-end\"><\/span><span class=\"ez-toc-section-end\"><\/span><\/h3>\n<p>En guide l\u00f6nar sig \u2013 och det s\u00e4ger jag som annars alltid tror att jag klarar mig med Google och en k\u00e4nsla f\u00f6r orientering. Luk\u00e1\u0161 och jag tar ibland en b\u00e5ttur, eftersom utsikten mot de massiva sandstenspelarna fr\u00e5n vattenytan ger en helt annan, mycket mer monumental upplevelse. Lockas du av historiska ber\u00e4ttelser eller en tur p\u00e5 Moldau rakt under valven finns det utm\u00e4rkta m\u00f6jligheter att boka online i f\u00f6rv\u00e4g, s\u00e5 slipper du f\u00f6rhandla med f\u00f6rs\u00e4ljarna p\u00e5 kajen som erbjuder \u00f6verprisade biljetter.<\/p>\n<p>Olika varianter av historiska vandringar, kv\u00e4llspromenader och b\u00e5tturer kan du <a href=\"https:\/\/www.getyourguide.com\/prague-l10\/?partner_id=MKZ64IS\" rel=\"nofollow noopener\" target=\"_blank\">boka via GetYourGuide<\/a>. P\u00e5 sommaren rekommenderar jag att v\u00e4lja kv\u00e4llsturer, n\u00e4r en sk\u00f6n svalka stiger upp fr\u00e5n floden.<\/p>\n<p><strong>\ud83d\udca1 Tips fr\u00e5n en lokalbo:<\/strong> Ist\u00e4llet f\u00f6r de stora inglasade \u00e5ngb\u00e5tarna med h\u00f6g musik, leta efter mindre traditionella tr\u00e4b\u00e5tar (s\u00e5 kallade &#8221;vodou\u0161&#8221;). Tack vare sitt l\u00e5ga djupg\u00e5ende kan de ta sig igenom den smala \u010certovka-kanalen rakt under balkonger p\u00e5 gamla hus.<\/p>\n<h3 class=\"wp-block-heading\"><span class=\"ez-toc-section\" id=\"Var_ata_och_fika_utan_att_ga_i_turistfallan\"><\/span><span class=\"ez-toc-section\" id=\"Var_ata_och_fika_utan_att_ga_i_turistfallan\"><\/span>Var \u00e4ta och fika (utan att g\u00e5 i turistf\u00e4llan)<span class=\"ez-toc-section-end\"><\/span><span class=\"ez-toc-section-end\"><\/span><\/h3>\n<p>L\u00e4ngs huvudstr\u00e5ken \u00e4r det ena turistf\u00e4llan efter den andra. Upptinade trdeln\u00edky till hutl\u00f6sa priser och restauranger som tar betalt f\u00f6r att du andas och l\u00e4gger till en avgift f\u00f6r bestick. Som vegetarian och kaffe\u00e4lskare undviker jag de n\u00e4rliggande huvudgatorna med bred marginal. N\u00e4r vi korsat bron till Mal\u00e1 Strana sv\u00e4nger vi g\u00e4rna in i de mer undanskymda gr\u00e4nderna mot Lennonv\u00e4ggen (som tyv\u00e4rr allt mer f\u00f6rvandlas till bara en f\u00e4rgglad Instagram-kuliss utan sitt ursprungliga budskap), eller g\u00f6mmer oss i den mysiga lokalen Roesel \u2013 beer &amp; cake, som ligger diskret inb\u00e4ddad alldeles vid brotornen. Det hantverksm\u00e4ssiga \u00f6let, rej\u00e4la sopporna och fantastiska t\u00e5rtorna \u00e4r precis vad du beh\u00f6ver efter promenaden. Den lokala kaf\u00e9kulturen utvecklas st\u00e4ndigt och det g\u00e5r alltid att hitta en lugn innerg\u00e5rd d\u00e4r du f\u00e5r en utm\u00e4rkt espresso p\u00e5 specialrostade b\u00f6nor utan att beh\u00f6va s\u00e4lja en njure.<\/p>\n<p>Undvik st\u00e4llen som ligger direkt p\u00e5 K\u0159\u00ed\u017eovnick\u00e9 n\u00e1m\u011bst\u00ed och i Mosteck\u00e1-gatan. Priserna \u00e4r satta prim\u00e4rt f\u00f6r eng\u00e5ngsturister, men kvaliteten p\u00e5 maten motsvarar tyv\u00e4rr ofta inte niv\u00e5n.<\/p>\n<p><strong>\ud83d\udca1 Tips fr\u00e5n en lokalbo:<\/strong> K\u00f6p en take away-kaffe i n\u00e5gon av de undanskymda gr\u00e4nderna i Mal\u00e1 Strana och sl\u00e5 dig ner med muggen p\u00e5 en b\u00e4nk i Vojanovy sady. Det \u00e4r en tyst, muromg\u00e4rdad oas med fritt str\u00f6vande p\u00e5f\u00e5glar, d\u00e4r du knappt st\u00f6ter p\u00e5 en enda turist. Fler av mina favoriter och bepr\u00f6vade st\u00e4llen hittar du i guiden <a href=\"https:\/\/loudavymkrokem.cz\/sv\/kafeer-prag-basta-hipster\/\">kaf\u00e9er i Prag<\/a>.<\/p>\n<h2 class=\"wp-block-heading\"><span class=\"ez-toc-section\" id=\"Vanliga_fragor\"><\/span><span class=\"ez-toc-section\" id=\"Vanliga_fragor\"><\/span>Vanliga fr\u00e5gor<span class=\"ez-toc-section-end\"><\/span><span class=\"ez-toc-section-end\"><\/span><\/h2>\n<div id=\"rank-math-faq\" class=\"rank-math-block\">\n<div class=\"rank-math-list \">\n<div id=\"faq-question-1777047568218\" class=\"rank-math-list-item\">\n<h3 class=\"rank-math-question \"><span class=\"ez-toc-section\" id=\"Kostar_det_att_ga_over_Karlsbron\"><\/span><span class=\"ez-toc-section\" id=\"Kostar_det_att_ga_over_Karlsbron\"><\/span><strong>Kostar det att g\u00e5 \u00f6ver Karlsbron?<\/strong><span class=\"ez-toc-section-end\"><\/span><span class=\"ez-toc-section-end\"><\/span><\/h3>\n<div class=\"rank-math-answer \">\n<p>Nej, att g\u00e5 \u00f6ver bron \u00e4r helt gratis och den \u00e4r \u00f6ppen dygnet runt, 365 dagar om \u00e5ret. Du betalar bara om du vill kl\u00e4ttra upp p\u00e5 brotornens utsiktsplattformar.<\/p>\n<\/div>\n<\/div>\n<div id=\"faq-question-1777047574289\" class=\"rank-math-list-item\">\n<h3 class=\"rank-math-question \"><span class=\"ez-toc-section\" id=\"Nar_ar_det_minst_folk\"><\/span><span class=\"ez-toc-section\" id=\"Nar_ar_det_minst_folk\"><\/span><strong>N\u00e4r \u00e4r det minst folk?<\/strong> <span class=\"ez-toc-section-end\"><\/span><span class=\"ez-toc-section-end\"><\/span><\/h3>\n<div class=\"rank-math-answer \">\n<p>Den b\u00e4sta tiden f\u00f6r en lugn promenad utan tr\u00e4ngsel \u00e4r tidigt p\u00e5 morgonen i gryningen (mellan 5:00 och 7:00) eller sent p\u00e5 natten (efter 23:00). Under dagtid undviker du inte folkmassan oavsett \u00e5rstid.<\/p>\n<\/div>\n<\/div>\n<div id=\"faq-question-1777047582727\" class=\"rank-math-list-item\">\n<h3 class=\"rank-math-question \"><span class=\"ez-toc-section\" id=\"Kan_man_cykla_eller_aka_elsparkcykel_over\"><\/span><span class=\"ez-toc-section\" id=\"Kan_man_cykla_eller_aka_elsparkcykel_over\"><\/span><strong>Kan man cykla eller \u00e5ka elsparkcykel \u00f6ver?<\/strong> <span class=\"ez-toc-section-end\"><\/span><span class=\"ez-toc-section-end\"><\/span><\/h3>\n<div class=\"rank-math-answer \">\n<p>Att cykla och \u00e5ka elsparkcykel \u00e4r str\u00e4ngt f\u00f6rbjudet av s\u00e4kerhetssk\u00e4l. Har du cykel med dig m\u00e5ste du kliva av och leda den bredvid dig hela v\u00e4gen.<\/p>\n<\/div>\n<\/div>\n<div id=\"faq-question-1777047588704\" class=\"rank-math-list-item\">\n<h3 class=\"rank-math-question \"><span class=\"ez-toc-section\" id=\"Ar_statyerna_original\"><\/span><span class=\"ez-toc-section\" id=\"Ar_statyerna_original\"><\/span><strong>\u00c4r statyerna original?<\/strong><span class=\"ez-toc-section-end\"><\/span><span class=\"ez-toc-section-end\"><\/span><\/h3>\n<div class=\"rank-math-answer \">\n<p>De flesta sandstensstatyer du ser utomhus idag \u00e4r noggranna kopior fr\u00e5n 1900-talet. Originalen har flyttats till Nationalmuseets Lapidarium p\u00e5 V\u00fdstavi\u0161t\u011b och till Gorlice-salen p\u00e5 Vy\u0161ehrad, f\u00f6r att skyddas mot surt regn och smog.<\/p>\n<\/div>\n<\/div>\n<div id=\"faq-question-1777047599829\" class=\"rank-math-list-item\">\n<h3 class=\"rank-math-question \"><span class=\"ez-toc-section\" id=\"Hur_lang_tid_tar_det_att_ga_over\"><\/span><span class=\"ez-toc-section\" id=\"Hur_lang_tid_tar_det_att_ga_over\"><\/span><strong>Hur l\u00e5ng tid tar det att g\u00e5 \u00f6ver?<\/strong><span class=\"ez-toc-section-end\"><\/span><span class=\"ez-toc-section-end\"><\/span><\/h3>\n<div class=\"rank-math-answer \">\n<p>Sj\u00e4lva str\u00e4ckan \u00e4r drygt 500 meter, s\u00e5 i rask takt p\u00e5 en tom bro g\u00e5r du \u00f6ver p\u00e5 5 till 7 minuter. Vill du dock i lugn och ro studera statyerna, fotografera utsikterna och dessutom k\u00e4mpa dig genom dagsfolkmassan b\u00f6r du r\u00e4kna med 20 till 30 minuter.<\/p>\n<\/div>\n<\/div>\n<div id=\"faq-question-1777047607776\" class=\"rank-math-list-item\">\n<h3 class=\"rank-math-question \"><span class=\"ez-toc-section\" id=\"Ar_strackan_tillganglig_for_rullstol\"><\/span><span class=\"ez-toc-section\" id=\"Ar_straekan_tillgaenglig_foer_rullstol\"><\/span><strong>\u00c4r str\u00e4ckan tillg\u00e4nglig f\u00f6r rullstol?<\/strong><span class=\"ez-toc-section-end\"><\/span><span class=\"ez-toc-section-end\"><\/span><\/h3>\n<div class=\"rank-math-answer \">\n<p>Ja, huvudstr\u00e4ckan \u00e4r helt barri\u00e4rfri utan trappsteg, s\u00e5 med barnvagn eller rullstol tar du dig \u00f6ver utan problem. Var dock uppm\u00e4rksam p\u00e5 trappan som ungef\u00e4r halvv\u00e4gs leder brant ner till \u00f6n Kampa \u2013 den \u00e4r inte tillg\u00e4nglig.<\/p>\n<\/div>\n<\/div>\n<\/div>\n<\/div>\n","protected":false},"excerpt":{"rendered":"<p>Karlsbron i Prag Tjeckien \u00e4r en av Europas mest ikoniska broar \u2013 men du beh\u00f6ver veta n\u00e4r och hur du bes\u00f6ker den f\u00f6r att verkligen uppleva magin. H\u00e4r \u00e4r v\u00e5r kompletta guide fr\u00e5n en som bott i Prag i tio \u00e5r.<\/p>\n","protected":false},"author":3,"featured_media":151097,"comment_status":"open","ping_status":"open","sticky":false,"template":"","format":"standard","meta":{"footnotes":"","rank_math_title":"","rank_math_description":"","rank_math_focus_keyword":"","rank_math_seo_score":""},"categories":[1178,1211],"tags":[],"class_list":{"0":"post-151268","1":"post","2":"type-post","3":"status-publish","4":"format-standard","5":"has-post-thumbnail","7":"category-europa","8":"category-tjeckien"},"featured_image_src":"https:\/\/loudavymkrokem.cz\/wp-content\/uploads\/2026\/04\/karluv-most-4126.jpg","author_info":{"display_name":"Lucie Kone\u010dn\u00e1","author_link":"https:\/\/loudavymkrokem.cz\/sv\/author\/lucie-konecna\/"},"_links":{"self":[{"href":"https:\/\/loudavymkrokem.cz\/sv\/wp-json\/wp\/v2\/posts\/151268","targetHints":{"allow":["GET"]}}],"collection":[{"href":"https:\/\/loudavymkrokem.cz\/sv\/wp-json\/wp\/v2\/posts"}],"about":[{"href":"https:\/\/loudavymkrokem.cz\/sv\/wp-json\/wp\/v2\/types\/post"}],"author":[{"embeddable":true,"href":"https:\/\/loudavymkrokem.cz\/sv\/wp-json\/wp\/v2\/users\/3"}],"replies":[{"embeddable":true,"href":"https:\/\/loudavymkrokem.cz\/sv\/wp-json\/wp\/v2\/comments?post=151268"}],"version-history":[{"count":1,"href":"https:\/\/loudavymkrokem.cz\/sv\/wp-json\/wp\/v2\/posts\/151268\/revisions"}],"predecessor-version":[{"id":151776,"href":"https:\/\/loudavymkrokem.cz\/sv\/wp-json\/wp\/v2\/posts\/151268\/revisions\/151776"}],"wp:featuredmedia":[{"embeddable":true,"href":"https:\/\/loudavymkrokem.cz\/sv\/wp-json\/wp\/v2\/media\/151097"}],"wp:attachment":[{"href":"https:\/\/loudavymkrokem.cz\/sv\/wp-json\/wp\/v2\/media?parent=151268"}],"wp:term":[{"taxonomy":"category","embeddable":true,"href":"https:\/\/loudavymkrokem.cz\/sv\/wp-json\/wp\/v2\/categories?post=151268"},{"taxonomy":"post_tag","embeddable":true,"href":"https:\/\/loudavymkrokem.cz\/sv\/wp-json\/wp\/v2\/tags?post=151268"}],"curies":[{"name":"wp","href":"https:\/\/api.w.org\/{rel}","templated":true}]}}