{"id":151267,"date":"2026-04-24T19:49:45","date_gmt":"2026-04-24T17:49:45","guid":{"rendered":"https:\/\/loudavymkrokem.cz\/?p=151267"},"modified":"2026-04-30T11:08:44","modified_gmt":"2026-04-30T09:08:44","slug":"prag-sevardheter-20-platser","status":"publish","type":"post","link":"https:\/\/loudavymkrokem.cz\/sv\/prag-sevardheter-20-platser\/","title":{"rendered":"Prags vackraste sev\u00e4rdheter: 20 platser du m\u00e5ste se (2026)"},"content":{"rendered":"<p>N\u00e4r n\u00e5gon s\u00e4ger sev\u00e4rdheter i Prag t\u00e4nker jag direkt p\u00e5 hur fuktiga h\u00f6stl\u00f6v gled \u00f6ver kullerstenen medan Luk\u00e1\u0161 och jag f\u00f6r f\u00f6rsta g\u00e5ngen kl\u00e4ttrade uppf\u00f6r Nerudova-gatan. Vi gick dit p\u00e5 en av v\u00e5ra allra f\u00f6rsta dejter. Det hade en alldeles s\u00e4rskild magi, trots att jag gick p\u00e5 gymnasiet mitt i det historiska centrumet och sedan bara korsade floden till universitetet. <strong>Jag v\u00e4xte upp i centrala Prag och \u00e4nd\u00e5 slutar staden aldrig att fascinera mig. H\u00e4ng med n\u00e4r jag visar dig Prags vackraste sev\u00e4rdheter \u2014 20 platser du inte f\u00e5r missa.<\/strong><\/p>\n<figure class=\"wp-block-image size-full\"><img loading=\"lazy\" decoding=\"async\" width=\"1200\" height=\"800\" src=\"https:\/\/loudavymkrokem.cz\/wp-content\/uploads\/2023\/07\/prazsky-hrad-4179.jpg\" alt=\"Prags sev\u00e4rdheter med utsikt \u00f6ver borgen\" class=\"wp-image-151120\" title=\"\" srcset=\"https:\/\/loudavymkrokem.cz\/wp-content\/uploads\/2023\/07\/prazsky-hrad-4179.jpg 1200w, https:\/\/loudavymkrokem.cz\/wp-content\/uploads\/2023\/07\/prazsky-hrad-4179-300x200.jpg 300w, https:\/\/loudavymkrokem.cz\/wp-content\/uploads\/2023\/07\/prazsky-hrad-4179-700x467.jpg 700w, https:\/\/loudavymkrokem.cz\/wp-content\/uploads\/2023\/07\/prazsky-hrad-4179-768x512.jpg 768w, https:\/\/loudavymkrokem.cz\/wp-content\/uploads\/2023\/07\/prazsky-hrad-4179-696x464.jpg 696w\" sizes=\"auto, (max-width: 1200px) 100vw, 1200px\"><\/figure>\n<div id=\"ez-toc-container\" class=\"ez-toc-v2_0_82_2 ez-toc-wrap-left counter-hierarchy ez-toc-counter ez-toc-grey ez-toc-container-direction\">\n<div class=\"ez-toc-title-container\">\n<p class=\"ez-toc-title\" style=\"cursor:inherit\">Obsah \u010dl\u00e1nku<\/p>\n<span class=\"ez-toc-title-toggle\"><a href=\"#\" class=\"ez-toc-pull-right ez-toc-btn ez-toc-btn-xs ez-toc-btn-default ez-toc-toggle\" aria-label=\"Toggle Table of Content\"><span class=\"ez-toc-js-icon-con\"><span class=\"\"><span class=\"eztoc-hide\" style=\"display:none;\">Toggle<\/span><span class=\"ez-toc-icon-toggle-span\"><svg style=\"fill: #999;color:#999\" xmlns=\"http:\/\/www.w3.org\/2000\/svg\" class=\"list-377408\" width=\"20px\" height=\"20px\" viewBox=\"0 0 24 24\" fill=\"none\"><path d=\"M6 6H4v2h2V6zm14 0H8v2h12V6zM4 11h2v2H4v-2zm16 0H8v2h12v-2zM4 16h2v2H4v-2zm16 0H8v2h12v-2z\" fill=\"currentColor\"><\/path><\/svg><svg style=\"fill: #999;color:#999\" class=\"arrow-unsorted-368013\" xmlns=\"http:\/\/www.w3.org\/2000\/svg\" width=\"10px\" height=\"10px\" viewBox=\"0 0 24 24\" version=\"1.2\" baseProfile=\"tiny\"><path d=\"M18.2 9.3l-6.2-6.3-6.2 6.3c-.2.2-.3.4-.3.7s.1.5.3.7c.2.2.4.3.7.3h11c.3 0 .5-.1.7-.3.2-.2.3-.5.3-.7s-.1-.5-.3-.7zM5.8 14.7l6.2 6.3 6.2-6.3c.2-.2.3-.5.3-.7s-.1-.5-.3-.7c-.2-.2-.4-.3-.7-.3h-11c-.3 0-.5.1-.7.3-.2.2-.3.5-.3.7s.1.5.3.7z\"\/><\/svg><\/span><\/span><\/span><\/a><\/span><\/div>\n<nav><ul class='ez-toc-list ez-toc-list-level-1 ' ><ul class='ez-toc-list-level-3' ><li class='ez-toc-heading-level-3'><a class=\"ez-toc-link ez-toc-heading-1\" href=\"https:\/\/loudavymkrokem.cz\/sv\/prag-sevardheter-20-platser\/#Sammanfattning\" >Sammanfattning<\/a><\/li><\/ul><\/li><li class='ez-toc-page-1 ez-toc-heading-level-2'><a class=\"ez-toc-link ez-toc-heading-2\" href=\"https:\/\/loudavymkrokem.cz\/sv\/prag-sevardheter-20-platser\/#Nar_ska_man_besoka_Prags_sevardheter\" >N\u00e4r ska man bes\u00f6ka Prags sev\u00e4rdheter<\/a><ul class='ez-toc-list-level-3' ><li class='ez-toc-heading-level-3'><a class=\"ez-toc-link ez-toc-heading-3\" href=\"https:\/\/loudavymkrokem.cz\/sv\/prag-sevardheter-20-platser\/#Var_och_sommar_i_full_gang\" >V\u00e5r och sommar i full g\u00e5ng<\/a><\/li><li class='ez-toc-page-1 ez-toc-heading-level-3'><a class=\"ez-toc-link ez-toc-heading-4\" href=\"https:\/\/loudavymkrokem.cz\/sv\/prag-sevardheter-20-platser\/#Hostljus_och_vintermelankoli\" >H\u00f6stljus och vintermelankoli<\/a><\/li><li class='ez-toc-page-1 ez-toc-heading-level-3'><a class=\"ez-toc-link ez-toc-heading-5\" href=\"https:\/\/loudavymkrokem.cz\/sv\/prag-sevardheter-20-platser\/#Hur_mycket_tid_behover_du\" >Hur mycket tid beh\u00f6ver du<\/a><\/li><\/ul><\/li><li class='ez-toc-page-1 ez-toc-heading-level-2'><a class=\"ez-toc-link ez-toc-heading-6\" href=\"https:\/\/loudavymkrokem.cz\/sv\/prag-sevardheter-20-platser\/#Var_ska_man_bo\" >Var ska man bo<\/a><\/li><li class='ez-toc-page-1 ez-toc-heading-level-2'><a class=\"ez-toc-link ez-toc-heading-7\" href=\"https:\/\/loudavymkrokem.cz\/sv\/prag-sevardheter-20-platser\/#Kronjuvelerna_Det_basta_fran_historiska_Prag\" >Kronjuvelerna: Det b\u00e4sta fr\u00e5n historiska Prag<\/a><ul class='ez-toc-list-level-3' ><li class='ez-toc-heading-level-3'><a class=\"ez-toc-link ez-toc-heading-8\" href=\"https:\/\/loudavymkrokem.cz\/sv\/prag-sevardheter-20-platser\/#Pragborgen\" >Pragborgen<\/a><\/li><li class='ez-toc-page-1 ez-toc-heading-level-3'><a class=\"ez-toc-link ez-toc-heading-9\" href=\"https:\/\/loudavymkrokem.cz\/sv\/prag-sevardheter-20-platser\/#Sankt_Vitus-katedralen\" >Sankt Vitus-katedralen<\/a><\/li><li class='ez-toc-page-1 ez-toc-heading-level-3'><a class=\"ez-toc-link ez-toc-heading-10\" href=\"https:\/\/loudavymkrokem.cz\/sv\/prag-sevardheter-20-platser\/#Karlsbron\" >Karlsbron<\/a><\/li><li class='ez-toc-page-1 ez-toc-heading-level-3'><a class=\"ez-toc-link ez-toc-heading-11\" href=\"https:\/\/loudavymkrokem.cz\/sv\/prag-sevardheter-20-platser\/#Gamla_stans_torg_och_det_astronomiska_uret\" >Gamla stans torg och det astronomiska uret<\/a><\/li><li class='ez-toc-page-1 ez-toc-heading-level-3'><a class=\"ez-toc-link ez-toc-heading-12\" href=\"https:\/\/loudavymkrokem.cz\/sv\/prag-sevardheter-20-platser\/#Vysehrad\" >Vy\u0161ehrad<\/a><\/li><li class='ez-toc-page-1 ez-toc-heading-level-3'><a class=\"ez-toc-link ez-toc-heading-13\" href=\"https:\/\/loudavymkrokem.cz\/sv\/prag-sevardheter-20-platser\/#Petrin_och_utsiktstornet\" >Pet\u0159\u00edn och utsiktstornet<\/a><\/li><\/ul><\/li><li class='ez-toc-page-1 ez-toc-heading-level-2'><a class=\"ez-toc-link ez-toc-heading-14\" href=\"https:\/\/loudavymkrokem.cz\/sv\/prag-sevardheter-20-platser\/#Sakrala_skatter_och_andliga_centrum\" >Sakrala skatter och andliga centrum<\/a><ul class='ez-toc-list-level-3' ><li class='ez-toc-heading-level-3'><a class=\"ez-toc-link ez-toc-heading-15\" href=\"https:\/\/loudavymkrokem.cz\/sv\/prag-sevardheter-20-platser\/#Tynkyrkan\" >T\u00fdnkyrkan<\/a><\/li><li class='ez-toc-page-1 ez-toc-heading-level-3'><a class=\"ez-toc-link ez-toc-heading-16\" href=\"https:\/\/loudavymkrokem.cz\/sv\/prag-sevardheter-20-platser\/#Sankt_Nikolaus-kyrkan_pa_Mala_Strana\" >Sankt Nikolaus-kyrkan p\u00e5 Mal\u00e1 Strana<\/a><\/li><li class='ez-toc-page-1 ez-toc-heading-level-3'><a class=\"ez-toc-link ez-toc-heading-17\" href=\"https:\/\/loudavymkrokem.cz\/sv\/prag-sevardheter-20-platser\/#Loreta\" >Loreta<\/a><\/li><li class='ez-toc-page-1 ez-toc-heading-level-3'><a class=\"ez-toc-link ez-toc-heading-18\" href=\"https:\/\/loudavymkrokem.cz\/sv\/prag-sevardheter-20-platser\/#Strahov-klostret\" >Strahov-klostret<\/a><\/li><\/ul><\/li><li class='ez-toc-page-1 ez-toc-heading-level-2'><a class=\"ez-toc-link ez-toc-heading-19\" href=\"https:\/\/loudavymkrokem.cz\/sv\/prag-sevardheter-20-platser\/#Judiska_staden_Josefov\" >Judiska staden: Josefov<\/a><ul class='ez-toc-list-level-3' ><li class='ez-toc-heading-level-3'><a class=\"ez-toc-link ez-toc-heading-20\" href=\"https:\/\/loudavymkrokem.cz\/sv\/prag-sevardheter-20-platser\/#Gammelnya_synagogan\" >Gammelnya synagogan<\/a><\/li><li class='ez-toc-page-1 ez-toc-heading-level-3'><a class=\"ez-toc-link ez-toc-heading-21\" href=\"https:\/\/loudavymkrokem.cz\/sv\/prag-sevardheter-20-platser\/#Gamla_judiska_begravningsplatsen\" >Gamla judiska begravningsplatsen<\/a><\/li><li class='ez-toc-page-1 ez-toc-heading-level-3'><a class=\"ez-toc-link ez-toc-heading-22\" href=\"https:\/\/loudavymkrokem.cz\/sv\/prag-sevardheter-20-platser\/#Spanska_synagogan\" >Spanska synagogan<\/a><\/li><\/ul><\/li><li class='ez-toc-page-1 ez-toc-heading-level-2'><a class=\"ez-toc-link ez-toc-heading-23\" href=\"https:\/\/loudavymkrokem.cz\/sv\/prag-sevardheter-20-platser\/#Moderna_landmarken_och_kontroversiella_byggnader\" >Moderna landm\u00e4rken och kontroversiella byggnader<\/a><ul class='ez-toc-list-level-3' ><li class='ez-toc-heading-level-3'><a class=\"ez-toc-link ez-toc-heading-24\" href=\"https:\/\/loudavymkrokem.cz\/sv\/prag-sevardheter-20-platser\/#Dansande_huset\" >Dansande huset<\/a><\/li><li class='ez-toc-page-1 ez-toc-heading-level-3'><a class=\"ez-toc-link ez-toc-heading-25\" href=\"https:\/\/loudavymkrokem.cz\/sv\/prag-sevardheter-20-platser\/#Zizkos_TV-torn\" >\u017di\u017ekos TV-torn<\/a><\/li><li class='ez-toc-page-1 ez-toc-heading-level-3'><a class=\"ez-toc-link ez-toc-heading-26\" href=\"https:\/\/loudavymkrokem.cz\/sv\/prag-sevardheter-20-platser\/#Franz_Kafkas_roterande_huvud\" >Franz Kafkas roterande huvud<\/a><\/li><\/ul><\/li><li class='ez-toc-page-1 ez-toc-heading-level-2'><a class=\"ez-toc-link ez-toc-heading-27\" href=\"https:\/\/loudavymkrokem.cz\/sv\/prag-sevardheter-20-platser\/#Gomda_parlor_och_flykt_fran_folkmassorna\" >G\u00f6mda p\u00e4rlor och flykt fr\u00e5n folkmassorna<\/a><ul class='ez-toc-list-level-3' ><li class='ez-toc-heading-level-3'><a class=\"ez-toc-link ez-toc-heading-28\" href=\"https:\/\/loudavymkrokem.cz\/sv\/prag-sevardheter-20-platser\/#Vrtbovska-tradgarden\" >Vrtbovsk\u00e1-tr\u00e4dg\u00e5rden<\/a><\/li><li class='ez-toc-page-1 ez-toc-heading-level-3'><a class=\"ez-toc-link ez-toc-heading-29\" href=\"https:\/\/loudavymkrokem.cz\/sv\/prag-sevardheter-20-platser\/#Novy_Svet\" >Nov\u00fd Sv\u011bt<\/a><\/li><li class='ez-toc-page-1 ez-toc-heading-level-3'><a class=\"ez-toc-link ez-toc-heading-30\" href=\"https:\/\/loudavymkrokem.cz\/sv\/prag-sevardheter-20-platser\/#Klementinum_och_barockbiblioteket\" >Klementinum och barockbiblioteket<\/a><\/li><li class='ez-toc-page-1 ez-toc-heading-level-3'><a class=\"ez-toc-link ez-toc-heading-31\" href=\"https:\/\/loudavymkrokem.cz\/sv\/prag-sevardheter-20-platser\/#Valdstejnska-tradgarden\" >Vald\u0161tejnsk\u00e1-tr\u00e4dg\u00e5rden<\/a><\/li><\/ul><\/li><li class='ez-toc-page-1 ez-toc-heading-level-2'><a class=\"ez-toc-link ez-toc-heading-32\" href=\"https:\/\/loudavymkrokem.cz\/sv\/prag-sevardheter-20-platser\/#Var_ska_man_ata\" >Var ska man \u00e4ta<\/a><ul class='ez-toc-list-level-3' ><li class='ez-toc-heading-level-3'><a class=\"ez-toc-link ez-toc-heading-33\" href=\"https:\/\/loudavymkrokem.cz\/sv\/prag-sevardheter-20-platser\/#Eska_i_Karlin_och_mysiga_bistron\" >Eska i Karl\u00edn och mysiga bistron<\/a><\/li><\/ul><\/li><li class='ez-toc-page-1 ez-toc-heading-level-2'><a class=\"ez-toc-link ez-toc-heading-34\" href=\"https:\/\/loudavymkrokem.cz\/sv\/prag-sevardheter-20-platser\/#Praktisk_info\" >Praktisk info<\/a><\/li><li class='ez-toc-page-1 ez-toc-heading-level-2'><a class=\"ez-toc-link ez-toc-heading-35\" href=\"https:\/\/loudavymkrokem.cz\/sv\/prag-sevardheter-20-platser\/#Vanliga_fragor\" >Vanliga fr\u00e5gor<\/a><ul class='ez-toc-list-level-3' ><li class='ez-toc-heading-level-3'><a class=\"ez-toc-link ez-toc-heading-36\" href=\"https:\/\/loudavymkrokem.cz\/sv\/prag-sevardheter-20-platser\/#Vilka_ar_de_viktigaste_sevardheterna_i_Prag\" >Vilka \u00e4r de viktigaste sev\u00e4rdheterna i Prag?<\/a><\/li><li class='ez-toc-page-1 ez-toc-heading-level-3'><a class=\"ez-toc-link ez-toc-heading-37\" href=\"https:\/\/loudavymkrokem.cz\/sv\/prag-sevardheter-20-platser\/#Hur_mycket_tid_behover_jag_for_att_utforska_Prag\" >Hur mycket tid beh\u00f6ver jag f\u00f6r att utforska Prag?<\/a><\/li><li class='ez-toc-page-1 ez-toc-heading-level-3'><a class=\"ez-toc-link ez-toc-heading-38\" href=\"https:\/\/loudavymkrokem.cz\/sv\/prag-sevardheter-20-platser\/#Vilka_sevardheter_i_Prag_ar_gratis\" >Vilka sev\u00e4rdheter i Prag \u00e4r gratis?<\/a><\/li><li class='ez-toc-page-1 ez-toc-heading-level-3'><a class=\"ez-toc-link ez-toc-heading-39\" href=\"https:\/\/loudavymkrokem.cz\/sv\/prag-sevardheter-20-platser\/#Hur_fungerar_kollektivtrafiken_i_Prag\" >Hur fungerar kollektivtrafiken i Prag?<\/a><\/li><\/ul><\/li><\/ul><\/nav><\/div>\n<h3 class=\"wp-block-heading\"><span class=\"ez-toc-section\" id=\"Sammanfattning\"><\/span><span class=\"ez-toc-section\" id=\"Sammanfattning\"><\/span>Sammanfattning<span class=\"ez-toc-section-end\"><\/span><span class=\"ez-toc-section-end\"><\/span><\/h3>\n<ul class=\"wp-block-list\">\n<li>Pragborgen och Sankt Vitus-katedralen utg\u00f6r den absoluta grunden \u2014 avs\u00e4tt minst en halv dag f\u00f6r dem.<\/li>\n<li>Karlsbron upplever du i lugn och ro bara tidigt p\u00e5 morgonen; under dagen p\u00e5minner den om en livlig motorv\u00e4g.<\/li>\n<li>Det astronomiska uret p\u00e5 Gamla stans torg p\u00e5g\u00e5r exakt 45 sekunder \u2014 bygg inte hela dagsprogrammet kring det.<\/li>\n<li>Vy\u0161ehrad \u00e4r ett perfekt alternativ f\u00f6r barnfamiljer, med breda g\u00e5ngv\u00e4gar och fantastisk utsikt utan folkmassor.<\/li>\n<li>Judiska staden (Josefov) rymmer fascinerande historia \u2014 biljetter till synagogorna l\u00f6nar sig att k\u00f6pa som gemensam biljett.<\/li>\n<li><a class=\"thirstylink\" rel=\"nofollow\" target=\"_blank\" title=\"Tan\u010d\u00edc\u00ed d\u016fm\" href=\"https:\/\/loudavymkrokem.cz\/doporucujeme\/tancici-dum\/\" data-shortcode=\"true\">Dansande huset<\/a> beundras b\u00e4st utifr\u00e5n; \u00e5k till kaf\u00e9et p\u00e5 \u00f6versta v\u00e5ningen f\u00f6r utsikten ist\u00e4llet f\u00f6r att betala entr\u00e9 till terrassen.<\/li>\n<li>Vrtbovsk\u00e1-tr\u00e4dg\u00e5rden \u00e4r en absolut p\u00e4rla g\u00f6md n\u00e4ra centrum \u2014 en barock terrasstr\u00e4dg\u00e5rd som n\u00e4stan ingen k\u00e4nner till.<\/li>\n<li>Klementinum rymmer ett av v\u00e4rldens vackraste historiska bibliotek \u2014 biljetterna tar slut snabbt.<\/li>\n<li>Sp\u00e5rvagn 22 \u00e4r v\u00e5rt hemliga tips \u2014 den passerar Borgen, Mal\u00e1 Strana och Vy\u0161ehrad och kostar en br\u00e5kdel av en taxi.<\/li>\n<\/ul>\n<figure class=\"wp-block-image size-full\"><img loading=\"lazy\" decoding=\"async\" width=\"1200\" height=\"800\" src=\"https:\/\/loudavymkrokem.cz\/wp-content\/uploads\/2023\/07\/prazsky-hrad-4238.jpg\" alt=\"Sankt Vitus-katedralen vid Pragborgen\" class=\"wp-image-151114\" title=\"\" srcset=\"https:\/\/loudavymkrokem.cz\/wp-content\/uploads\/2023\/07\/prazsky-hrad-4238.jpg 1200w, https:\/\/loudavymkrokem.cz\/wp-content\/uploads\/2023\/07\/prazsky-hrad-4238-300x200.jpg 300w, https:\/\/loudavymkrokem.cz\/wp-content\/uploads\/2023\/07\/prazsky-hrad-4238-700x467.jpg 700w, https:\/\/loudavymkrokem.cz\/wp-content\/uploads\/2023\/07\/prazsky-hrad-4238-768x512.jpg 768w, https:\/\/loudavymkrokem.cz\/wp-content\/uploads\/2023\/07\/prazsky-hrad-4238-696x464.jpg 696w\" sizes=\"auto, (max-width: 1200px) 100vw, 1200px\"><\/figure>\n<h2 class=\"wp-block-heading\"><span class=\"ez-toc-section\" id=\"Nar_ska_man_besoka_Prags_sevardheter\"><\/span><span class=\"ez-toc-section\" id=\"Nar_ska_man_besoka_Prags_sevardheter\"><\/span>N\u00e4r ska man bes\u00f6ka Prags sev\u00e4rdheter<span class=\"ez-toc-section-end\"><\/span><span class=\"ez-toc-section-end\"><\/span><\/h2>\n<p>Att v\u00e4lja r\u00e4tt tidpunkt f\u00f6r bes\u00f6ket \u00e4r halva vinsten. Staden f\u00f6r\u00e4ndras inte bara med \u00e5rstiderna utan faktiskt med varje timme. N\u00e4r man h\u00f6r &#8221;gyllene Prag&#8221; t\u00e4nker de flesta p\u00e5 sommarsol som badar de r\u00f6da taken, men verkligheten med gl\u00f6dheta gator kan vara ganska utmattande.<\/p>\n<h3 class=\"wp-block-heading\"><span class=\"ez-toc-section\" id=\"Var_och_sommar_i_full_gang\"><\/span><span class=\"ez-toc-section\" id=\"Var_och_sommar_i_full_gang\"><\/span>V\u00e5r och sommar i full g\u00e5ng<span class=\"ez-toc-section-end\"><\/span><span class=\"ez-toc-section-end\"><\/span><\/h3>\n<p>April och maj f\u00e4rgar Pet\u0159\u00edn-kullens sluttningar i rosa och \u00f6ppnar de f\u00f6rsta uteserveringarna. Maj \u00e4r personligen min favoritm\u00e5nad. Dagarna blir l\u00e4ngre och temperaturerna till\u00e5ter l\u00e5nga promenader utan jacka. F\u00f6rs\u00f6k att g\u00e5 upp tidigt och ta dig ner till floden innan resten av staden vaknar.<\/p>\n<p>Med juni till augusti fyller sommarhettan gatorna och det historiska centrumet spr\u00e4ngs i s\u00f6mmarna. N\u00e4r jag beh\u00f6ver fly fr\u00e5n de \u00f6verhettade kullerstensgatorna styr jag stegen mot parken Stromovka eller Riegrovy sady.<\/p>\n<h3 class=\"wp-block-heading\"><span class=\"ez-toc-section\" id=\"Hostljus_och_vintermelankoli\"><\/span><span class=\"ez-toc-section\" id=\"Hostljus_och_vintermelankoli\"><\/span>H\u00f6stljus och vintermelankoli<span class=\"ez-toc-section-end\"><\/span><span class=\"ez-toc-section-end\"><\/span><\/h3>\n<p>September vinner objektivt hos mig. Det gyllene sensommarljuset faller mjukt mot fasaderna och temperaturerna sjunker till behagliga niv\u00e5er. \u00c4lskare av klassisk musik kan bocka av festivalen Dvo\u0159\u00e1ks Prag, som i \u00e5r p\u00e5g\u00e5r <strong>5\u201323 september 2026<\/strong>.<\/p>\n<p>Visuell fest erbjuder Signal Festival den <strong>15\u201318 oktober 2026<\/strong>. Januari och februari avsl\u00f6jar d\u00e4remot stadens r\u00e5a sida. Turisterna f\u00f6rsvinner, gatorna m\u00f6rknar och den genomtr\u00e4ngande kylan driver snart in dig p\u00e5 n\u00e4rmaste restaurang f\u00f6r en rej\u00e4l gulasch.<\/p>\n<h3 class=\"wp-block-heading\"><span class=\"ez-toc-section\" id=\"Hur_mycket_tid_behover_du\"><\/span><span class=\"ez-toc-section\" id=\"Hur_mycket_tid_behover_du\"><\/span>Hur mycket tid beh\u00f6ver du<span class=\"ez-toc-section-end\"><\/span><span class=\"ez-toc-section-end\"><\/span><\/h3>\n<p>En helg r\u00e4cker f\u00f6r den mest grundl\u00e4ggande gyllene triangeln. Under tv\u00e5 dagar hinner du med Borgen, promenerar genom centrum och kikar in p\u00e5 Mal\u00e1 Strana.<\/p>\n<p>Fyra till fem dagar \u00e4r dock den gyllene medelv\u00e4gen. De obligatoriska stoppen klarar du i lugn och ro, tredje dagen kl\u00e4ttrar du upp p\u00e5 Vy\u0161ehrad och resterande tid \u00e4gnar du \u00e5t planl\u00f6st flanerande i Vinohrady eller Karl\u00edn.<\/p>\n<figure class=\"wp-block-image size-full\"><img loading=\"lazy\" decoding=\"async\" width=\"1200\" height=\"800\" src=\"https:\/\/loudavymkrokem.cz\/wp-content\/uploads\/2026\/04\/julius-hotel-praha-3880.jpg\" alt=\"Hotell i Prag n\u00e4ra centrum\" class=\"wp-image-151063\" title=\"\" srcset=\"https:\/\/loudavymkrokem.cz\/wp-content\/uploads\/2026\/04\/julius-hotel-praha-3880.jpg 1200w, https:\/\/loudavymkrokem.cz\/wp-content\/uploads\/2026\/04\/julius-hotel-praha-3880-300x200.jpg 300w, https:\/\/loudavymkrokem.cz\/wp-content\/uploads\/2026\/04\/julius-hotel-praha-3880-700x467.jpg 700w, https:\/\/loudavymkrokem.cz\/wp-content\/uploads\/2026\/04\/julius-hotel-praha-3880-768x512.jpg 768w, https:\/\/loudavymkrokem.cz\/wp-content\/uploads\/2026\/04\/julius-hotel-praha-3880-696x464.jpg 696w\" sizes=\"auto, (max-width: 1200px) 100vw, 1200px\"><\/figure>\n<h2 class=\"wp-block-heading\"><span class=\"ez-toc-section\" id=\"Var_ska_man_bo\"><\/span><span class=\"ez-toc-section\" id=\"Var_ska_man_bo\"><\/span>Var ska man bo<span class=\"ez-toc-section-end\"><\/span><span class=\"ez-toc-section-end\"><\/span><\/h2>\n<p>Om du letar efter en bas varifr\u00e5n du har alla de viktigaste sev\u00e4rdheterna inom r\u00e4ckh\u00e5ll, men samtidigt slipper det v\u00e4rsta nattliga bullret, rekommenderar jag <strong><a href=\"https:\/\/www.stay22.com\/allez\/booking?aid=lukaskonecny&amp;campaign=loudavymkrokemcz-thejuliuspraguerecenze&amp;product=lma&amp;habl=false&amp;isinc=false&amp;sid22=eyOhfbUVRdp25NRC&amp;conmeth=normal&amp;plng=cs-CZ&amp;pageCategory=travel&amp;source=direct&amp;medium=deeplink&amp;address=Prague%2C+Czechia&amp;link=https%3A%2F%2Fwww.booking.com%2Fsearchresults.html%3Faid%3D1607597%26dest_id%3D7310351%26dest_type%3Dhotel%26label%3Dv3.cmod2yxkvb9hy0838yfkjsa3k&amp;ref22=https%3A%2F%2Floudavymkrokem.cz%2Fthe-julius-prague-recenze\">The Julius Hotel<\/a><\/strong> vid Senov\u00e1\u017en\u00e9-torget. Vi bodde h\u00e4r under v\u00e5rt senaste bes\u00f6k i en rymlig One Bedroom Suite som gav oss precis den hemk\u00e4nsla vi beh\u00f6vde med lille Jon\u00e1\u0161. Interi\u00f6ren var s\u00e5 lugn att Jon\u00e1\u0161 somnade innan vi ens hann packa upp v\u00e4skorna, och personalen k\u00e4nde igen oss redan n\u00e4sta dag \u2014 det f\u00e5r mig alltid. \u263a\ufe0f Som vegetarian uppskattade jag dessutom deras rika och fantasifulla frukostbuff\u00e9, d\u00e4r k\u00f6tt definitivt inte spelade huvudrollen. Fr\u00e5n hotellet \u00e4r det tio minuters promenad till V\u00e1clavsk\u00e9 n\u00e1m\u011bst\u00ed eller Kruth\u00e1ret (Pra\u0161n\u00e1 br\u00e1na). Aktuella priser och tillg\u00e4nglighet kan du <a href=\"https:\/\/www.booking.com\/hotel\/cz\/julius-meinl-house-prague.html?aid=2397601\" target=\"_blank\" rel=\"nofollow noopener\">boka via Booking.com<\/a>.<\/p>\n<h2 class=\"wp-block-heading\"><span class=\"ez-toc-section\" id=\"Kronjuvelerna_Det_basta_fran_historiska_Prag\"><\/span><span class=\"ez-toc-section\" id=\"Kronjuvelerna_Det_basta_fran_historiska_Prag\"><\/span>Kronjuvelerna: Det b\u00e4sta fr\u00e5n historiska Prag<span class=\"ez-toc-section-end\"><\/span><span class=\"ez-toc-section-end\"><\/span><\/h2>\n<p>Det h\u00e4r \u00e4r den del av guiden d\u00e4r jag inte har hj\u00e4rta att hoppa \u00f6ver n\u00e5got. \u00c4ven som lokalbo som gick i skolan h\u00e4r k\u00e4nner jag fortfarande n\u00e5got som liknar stolthet \u2014 eller \u00e5tminstone nostalgi \u2014 n\u00e4r jag ser Borgens tak fr\u00e5n floden. \ud83d\ude01 Bes\u00f6ker du Prag f\u00f6r f\u00f6rsta g\u00e5ngen ska du inte missa de h\u00e4r punkterna. Jag rekommenderar att sprida ut dem \u00f6ver flera dagar, s\u00e5 att beundran inte bara blir ett mekaniskt avprickande av en lista.<\/p>\n<h3 class=\"wp-block-heading\"><span class=\"ez-toc-section\" id=\"Pragborgen\"><\/span><span class=\"ez-toc-section\" id=\"Pragborgen\"><\/span>Pragborgen<span class=\"ez-toc-section-end\"><\/span><span class=\"ez-toc-section-end\"><\/span><\/h3>\n<p>Komplexet <a href=\"https:\/\/www.hrad.cz\" rel=\"nofollow noopener\" target=\"_blank\">Pragborgen<\/a> utg\u00f6r i princip en egen stad ovanf\u00f6r staden. Att vandra genom dess borgg\u00e5rdar \u00e4r som att bl\u00e4ddra i en arkitekturens l\u00e4robok \u2014 fr\u00e5n romanska grunder till arkitekten Josip Ple\u010dniks omgestaltningar p\u00e5 1900-talet. Det var just h\u00e4r Luk\u00e1\u0161 och jag hade v\u00e5r f\u00f6rsta dejt, och jag minns fortfarande den speciella stillheten som l\u00e4gger sig kring Gyllene gr\u00e4nden i skymningen, n\u00e4r de st\u00f6rsta folkmassorna har gett sig av.<\/p>\n<p>Grundrundan omfattar Gamla kungapalatset, Sankt Georgs basilika, Gyllene gr\u00e4nden och katedralen. Entr\u00e9biljetten kostar <strong>18 \u20ac<\/strong> och omr\u00e5det \u00f6ppnar klockan <strong>6:00<\/strong>, \u00e4ven om de historiska byggnaderna inte sl\u00e4pper in bes\u00f6kare f\u00f6rr\u00e4n 9:00. Enklaste v\u00e4gen hit \u00e4r med <strong>sp\u00e5rvagn 22<\/strong> till h\u00e5llplatsen Pra\u017esk\u00fd hrad. F\u00f6r en djupare utforskning rekommenderar jag att <a href=\"https:\/\/www.getyourguide.com\/prague-l10\/?partner_id=MKZ64IS\" target=\"_blank\" rel=\"nofollow noopener\">boka via GetYourGuide<\/a> med en lokal guide.<\/p>\n<figure class=\"wp-block-image size-full\"><img loading=\"lazy\" decoding=\"async\" width=\"1200\" height=\"800\" src=\"https:\/\/loudavymkrokem.cz\/wp-content\/uploads\/2023\/07\/prazsky-hrad-4194.jpg\" alt=\"Pragborgen\" class=\"wp-image-151117\" title=\"\" srcset=\"https:\/\/loudavymkrokem.cz\/wp-content\/uploads\/2023\/07\/prazsky-hrad-4194.jpg 1200w, https:\/\/loudavymkrokem.cz\/wp-content\/uploads\/2023\/07\/prazsky-hrad-4194-300x200.jpg 300w, https:\/\/loudavymkrokem.cz\/wp-content\/uploads\/2023\/07\/prazsky-hrad-4194-700x467.jpg 700w, https:\/\/loudavymkrokem.cz\/wp-content\/uploads\/2023\/07\/prazsky-hrad-4194-768x512.jpg 768w, https:\/\/loudavymkrokem.cz\/wp-content\/uploads\/2023\/07\/prazsky-hrad-4194-696x464.jpg 696w\" sizes=\"auto, (max-width: 1200px) 100vw, 1200px\"><\/figure>\n<h3 class=\"wp-block-heading\"><span class=\"ez-toc-section\" id=\"Sankt_Vitus-katedralen\"><\/span><span class=\"ez-toc-section\" id=\"Sankt_Vitus-katedralen\"><\/span>Sankt Vitus-katedralen<span class=\"ez-toc-section-end\"><\/span><span class=\"ez-toc-section-end\"><\/span><\/h3>\n<p><a href=\"https:\/\/www.katedralasvatehovita.cz\/cs\" rel=\"nofollow noopener\" target=\"_blank\">Sankt Vitus-katedralen<\/a> \u00e4r inte bara landets st\u00f6rsta kyrka utan framf\u00f6r allt den suver\u00e4na dominanten i hela borgkomplexet. N\u00e4r jag p\u00e5 universitetet fotograferade gotisk arkitektur tillbringade jag timmar med att betrakta hur morgonljuset br\u00f6t f\u00e4rgerna genom de enorma glasm\u00e5lningsf\u00f6nstren, d\u00e4r \u00e4ven Alfons Mucha hade sin hand med. Bygget p\u00e5gick i n\u00e4stan sex sekler, vilket avspeglas i en perfekt blandning av stilar.<\/p>\n<p>Inne hittar du tjeckiska kungars gravar och den underbara Sankt Wenceslas-kapellet, vars v\u00e4ggar \u00e4r kl\u00e4dda med halv\u00e4delstenar. Bes\u00f6k av den fr\u00e4mre delen av skeppet \u00e4r gratis, men f\u00f6r huvuddelen och kungagravarna beh\u00f6ver du biljett som ing\u00e5r i Pragborgens rundtur. \u00d6ppet dagligen 9:00\u201317:00, p\u00e5 s\u00f6ndagar fr\u00e5n 12:00 p\u00e5 grund av gudstj\u00e4nster. <strong>\ud83d\udca1 Tips fr\u00e5n en lokalbo:<\/strong> Katedralens s\u00f6dra torn erbjuder enligt mig stadens allra b\u00e4sta utsikt. Upp leder 287 tr\u00e5nga spiraltrappsteg, intr\u00e4det kostar separat (8 \u20ac) och kl\u00e4ttringen \u00e4r kr\u00e4vande \u2014 men det \u00e4r v\u00e4rt varenda steg.<\/p>\n<figure class=\"wp-block-image size-full\"><img loading=\"lazy\" decoding=\"async\" width=\"1200\" height=\"800\" src=\"https:\/\/loudavymkrokem.cz\/wp-content\/uploads\/2023\/07\/prazsky-hrad-4215.jpg\" alt=\"Sankt Vitus-katedralen: dominanten vid Pragborgen\" class=\"wp-image-151116\" title=\"\" srcset=\"https:\/\/loudavymkrokem.cz\/wp-content\/uploads\/2023\/07\/prazsky-hrad-4215.jpg 1200w, https:\/\/loudavymkrokem.cz\/wp-content\/uploads\/2023\/07\/prazsky-hrad-4215-300x200.jpg 300w, https:\/\/loudavymkrokem.cz\/wp-content\/uploads\/2023\/07\/prazsky-hrad-4215-700x467.jpg 700w, https:\/\/loudavymkrokem.cz\/wp-content\/uploads\/2023\/07\/prazsky-hrad-4215-768x512.jpg 768w, https:\/\/loudavymkrokem.cz\/wp-content\/uploads\/2023\/07\/prazsky-hrad-4215-696x464.jpg 696w\" sizes=\"auto, (max-width: 1200px) 100vw, 1200px\"><figcaption class=\"wp-element-caption\">Sankt Vitus-katedralen: dominanten vid Pragborgen<\/figcaption><\/figure>\n<h3 class=\"wp-block-heading\"><span class=\"ez-toc-section\" id=\"Karlsbron\"><\/span><span class=\"ez-toc-section\" id=\"Karlsbron\"><\/span>Karlsbron<span class=\"ez-toc-section-end\"><\/span><span class=\"ez-toc-section-end\"><\/span><\/h3>\n<p>Den \u00e4ldsta st\u00e5ende bron \u00f6ver Moldau f\u00f6rbinder Gamla staden med Mal\u00e1 Strana sedan 1300-talet. Dess trettio barockstatyer bildar ett galleri under bar himmel som i morgondimman verkar n\u00e4stan mystiskt. Under dagen f\u00f6rvandlas dock bron till en pulserande \u00e5dra full av karikatyrtecknare, gatumusiker och tusentals bes\u00f6kare.<\/p>\n<p>Att promenera \u00f6ver den \u00e4r givetvis gratis och bron \u00e4r tillg\u00e4nglig dygnet runt. Vill du uppleva en lugnare atmosf\u00e4r l\u00f6nar det sig att <a href=\"https:\/\/www.getyourguide.com\/prague-l10\/?partner_id=MKZ64IS\" rel=\"nofollow noopener\" target=\"_blank\">boka via GetYourGuide<\/a> en guidad morgonvandring eller en b\u00e5ttur p\u00e5 Moldau som passerar rakt under brons valv. Mer information hittar du i v\u00e5r <a href=\"https:\/\/loudavymkrokem.cz\/karluv-most\/\">separata artikel om Karlsbron<\/a>. <strong>\ud83d\udca1 Tips fr\u00e5n en lokalbo:<\/strong> G\u00e5 hit f\u00f6re klockan sju p\u00e5 morgonen. Det \u00e4r det enda s\u00e4ttet att beundra statyerna utan att beh\u00f6va tr\u00e4nga sig genom folkhavet \u2014 och dessutom ser du fotograferna som v\u00e4ntar p\u00e5 det perfekta ljusreflexet p\u00e5 vattenytan.<\/p>\n<figure class=\"wp-block-image size-full\"><img loading=\"lazy\" decoding=\"async\" width=\"1200\" height=\"800\" src=\"https:\/\/loudavymkrokem.cz\/wp-content\/uploads\/2026\/04\/karluv-most-4116.jpg\" alt=\"Karlsbron i Prag\" class=\"wp-image-151096\" title=\"\" srcset=\"https:\/\/loudavymkrokem.cz\/wp-content\/uploads\/2026\/04\/karluv-most-4116.jpg 1200w, https:\/\/loudavymkrokem.cz\/wp-content\/uploads\/2026\/04\/karluv-most-4116-300x200.jpg 300w, https:\/\/loudavymkrokem.cz\/wp-content\/uploads\/2026\/04\/karluv-most-4116-700x467.jpg 700w, https:\/\/loudavymkrokem.cz\/wp-content\/uploads\/2026\/04\/karluv-most-4116-768x512.jpg 768w, https:\/\/loudavymkrokem.cz\/wp-content\/uploads\/2026\/04\/karluv-most-4116-696x464.jpg 696w\" sizes=\"auto, (max-width: 1200px) 100vw, 1200px\"><figcaption class=\"wp-element-caption\">Karlsbron<\/figcaption><\/figure>\n<h3 class=\"wp-block-heading\"><span class=\"ez-toc-section\" id=\"Gamla_stans_torg_och_det_astronomiska_uret\"><\/span><span class=\"ez-toc-section\" id=\"Gamla_stans_torg_och_det_astronomiska_uret\"><\/span>Gamla stans torg och det astronomiska uret<span class=\"ez-toc-section-end\"><\/span><span class=\"ez-toc-section-end\"><\/span><\/h3>\n<p>Det historiska centrumets hj\u00e4rta sl\u00e5r p\u00e5 Gamla stans torg. Det omges av storslagna palats, domineras av monumentet \u00f6ver Jan Hus och det gotiska tornet p\u00e5 Gamla stans r\u00e5dhus med det ber\u00f6mda astronomiska uret. Varje hel timme samlas hundratals m\u00e4nniskor nedanf\u00f6r f\u00f6r att se apostlarnas procession.<\/p>\n<p>Ska jag vara \u00e4rlig \u2014 bygg inte hela dagen kring uret. Det \u00e4r en 45 sekunder l\u00e5ng show som snarare f\u00f6rv\u00e5nar de flesta med sin korthet. D\u00e4remot l\u00f6nar det sig att betala <strong>12 \u20ac<\/strong> f\u00f6r intr\u00e4de till r\u00e5dhusets torn, varifr\u00e5n du har en fantastisk rundvy \u00f6ver torget. \u00d6ppet dagligen 9:00\u201321:00 (m\u00e5ndagar fr\u00e5n 11:00). Fler detaljer hittar du i v\u00e5r text om <a href=\"https:\/\/loudavymkrokem.cz\/staromestske-namesti-orloj\/\">Gamla stans torg<\/a>. <strong>\ud83d\udca1 Tips fr\u00e5n en lokalbo:<\/strong> Ist\u00e4llet f\u00f6r att st\u00e5 i folkmassan framf\u00f6r uret, g\u00e5 p\u00e5 kaffe till f\u00f6rsta v\u00e5ningen i kaf\u00e9et i det mitt emot liggande huset U Minuty. Fr\u00e5n f\u00f6nstret ser du apostlarna rakt i \u00f6gonh\u00f6jd.<\/p>\n<figure class=\"wp-block-image size-full\"><img loading=\"lazy\" decoding=\"async\" width=\"1200\" height=\"800\" src=\"https:\/\/loudavymkrokem.cz\/wp-content\/uploads\/2026\/04\/prazsky-orloj-4046.jpg\" alt=\"Det astronomiska uret i Prag\" class=\"wp-image-151083\" title=\"\" srcset=\"https:\/\/loudavymkrokem.cz\/wp-content\/uploads\/2026\/04\/prazsky-orloj-4046.jpg 1200w, https:\/\/loudavymkrokem.cz\/wp-content\/uploads\/2026\/04\/prazsky-orloj-4046-300x200.jpg 300w, https:\/\/loudavymkrokem.cz\/wp-content\/uploads\/2026\/04\/prazsky-orloj-4046-700x467.jpg 700w, https:\/\/loudavymkrokem.cz\/wp-content\/uploads\/2026\/04\/prazsky-orloj-4046-768x512.jpg 768w, https:\/\/loudavymkrokem.cz\/wp-content\/uploads\/2026\/04\/prazsky-orloj-4046-696x464.jpg 696w\" sizes=\"auto, (max-width: 1200px) 100vw, 1200px\"><figcaption class=\"wp-element-caption\">Det astronomiska uret p\u00e5 Gamla stans torg i Prag<\/figcaption><\/figure>\n<h3 class=\"wp-block-heading\"><span class=\"ez-toc-section\" id=\"Vysehrad\"><\/span><span class=\"ez-toc-section\" id=\"Vysehrad\"><\/span>Vy\u0161ehrad<span class=\"ez-toc-section-end\"><\/span><span class=\"ez-toc-section-end\"><\/span><\/h3>\n<p><a href=\"https:\/\/www.praha-vysehrad.cz\" rel=\"nofollow noopener\" target=\"_blank\">Vy\u0161ehrad<\/a> ligger mig varmt om hj\u00e4rtat och \u00e4r platsen jag regelbundet flyr till fr\u00e5n det \u00f6verfulla centrumet. Enligt legenden var det de tjeckiska furstarnas \u00e4ldsta residens, och idag \u00e4r det en vidstr\u00e4ckt park omgiven av barocka f\u00e4stningsvallar. H\u00e4r hittar du den imponerande basilikan St. Peter och Paulus samt den angr\u00e4nsande kyrkog\u00e5rden Slav\u00edn, d\u00e4r de mest framst\u00e5ende tjeckiska personligheterna vilar \u2014 fr\u00e5n Anton\u00edn Dvo\u0159\u00e1k till Karel \u010capek.<\/p>\n<p>Med Jon\u00e1\u0161 uppskattade vi framf\u00f6r allt de breda asfalterade g\u00e5ngarna som \u00e4r perfekta med barnvagn, och de vidstr\u00e4ckta gr\u00e4smattorna som bjuder in till picknick. Intr\u00e4de till omr\u00e5det \u00e4r gratis, man betalar bara en liten entr\u00e9avgift till basilikan (<strong>5 \u20ac<\/strong>) och kasematterna. Du tar dig hit med <strong>tunnelbana linje C<\/strong> till stationen Vy\u0161ehrad, och efter tio minuters promenad \u00e4r du vid portarna. Detaljerad guide hittar du i artikeln <a href=\"https:\/\/loudavymkrokem.cz\/vysehrad\/\">Vy\u0161ehrad<\/a>. <strong>\ud83d\udca1 Tips fr\u00e5n en lokalbo:<\/strong> F\u00e4stningsvallarna bjuder p\u00e5 en av de b\u00e4sta utsikterna \u00f6ver Moldau och Pragborgen. K\u00f6p en kaffe att ta med fr\u00e5n kaf\u00e9et \u010cek\u00e1rna under Vy\u0161ehrad och njut av den uppe p\u00e5 murarna vid tegelbastionerna.<\/p>\n<figure class=\"wp-block-image size-full\"><img loading=\"lazy\" decoding=\"async\" width=\"1200\" height=\"800\" src=\"https:\/\/loudavymkrokem.cz\/wp-content\/uploads\/2026\/04\/vysehrad-4319.jpg\" alt=\"Utsikt fr\u00e5n Vy\u0161ehrad i Prag\" class=\"wp-image-151146\" title=\"\" srcset=\"https:\/\/loudavymkrokem.cz\/wp-content\/uploads\/2026\/04\/vysehrad-4319.jpg 1200w, https:\/\/loudavymkrokem.cz\/wp-content\/uploads\/2026\/04\/vysehrad-4319-300x200.jpg 300w, https:\/\/loudavymkrokem.cz\/wp-content\/uploads\/2026\/04\/vysehrad-4319-700x467.jpg 700w, https:\/\/loudavymkrokem.cz\/wp-content\/uploads\/2026\/04\/vysehrad-4319-768x512.jpg 768w, https:\/\/loudavymkrokem.cz\/wp-content\/uploads\/2026\/04\/vysehrad-4319-696x464.jpg 696w\" sizes=\"auto, (max-width: 1200px) 100vw, 1200px\"><figcaption class=\"wp-element-caption\">Utsikt fr\u00e5n Vy\u0161ehrad<\/figcaption><\/figure>\n<h3 class=\"wp-block-heading\"><span class=\"ez-toc-section\" id=\"Petrin_och_utsiktstornet\"><\/span><span class=\"ez-toc-section\" id=\"Petrin_och_utsiktstornet\"><\/span>Pet\u0159\u00edn och utsiktstornet<span class=\"ez-toc-section-end\"><\/span><span class=\"ez-toc-section-end\"><\/span><\/h3>\n<p>Den gr\u00f6na kullen som reser sig ovanf\u00f6r Mal\u00e1 Strana \u00e4r en fristad \u00e5ret runt f\u00f6r dig som vill byta kullersten mot jord och tr\u00e4d. P\u00e5 dess topp st\u00e5r <a href=\"https:\/\/www.prague.eu\/cs\/objekt\/mista\/116\/petrinska-rozhledna\" rel=\"nofollow noopener\" target=\"_blank\">Pet\u0159\u00edn-utsiktstornet<\/a>, en f\u00f6rminskad kopia av Eiffeltornet fr\u00e5n 1891, och strax intill det popul\u00e4ra Spegellabyrrinten.<\/p>\n<p>Bergbanan upp till Pet\u0159\u00edn genomg\u00e5r renovering 2026, s\u00e5 det enklaste s\u00e4ttet att ta sig upp \u00e4r med sp\u00e5rvagn 22 till h\u00e5llplatsen Poho\u0159elec och d\u00e4rifr\u00e5n en trevlig promenad ned\u00e5t, eller till fots via Strahov-tr\u00e4dg\u00e5rdarna. Intr\u00e4de till utsiktstornet kostar <strong>9 \u20ac<\/strong> och \u00f6ppettiderna \u00e4r under s\u00e4songen 9:00\u201320:00. L\u00e4s mer i artikeln <a href=\"https:\/\/loudavymkrokem.cz\/petrin-prazska-rozhledna\/\">Pet\u0159\u00edn och utsiktstornet<\/a>. <strong>\ud83d\udca1 Tips fr\u00e5n en lokalbo:<\/strong> Undvik huvudv\u00e4garna och ta en promenad genom Kinsk\u00e9ho-tr\u00e4dg\u00e5rden p\u00e5 Pet\u0159\u00edns s\u00f6dra sluttning. D\u00e4r finns vackra dammar, en liten karpatisk tr\u00e4kyrka och minimalt med folk.<\/p>\n<figure class=\"wp-block-image size-full\"><img loading=\"lazy\" decoding=\"async\" width=\"2000\" height=\"1333\" src=\"https:\/\/loudavymkrokem.cz\/wp-content\/uploads\/2023\/07\/petrinska-rozhledna-praha.jpg\" alt=\"Pet\u0159\u00edn-utsiktstornet i Prag\" class=\"wp-image-62965\" title=\"\" srcset=\"https:\/\/loudavymkrokem.cz\/wp-content\/uploads\/2023\/07\/petrinska-rozhledna-praha.jpg 2000w, https:\/\/loudavymkrokem.cz\/wp-content\/uploads\/2023\/07\/petrinska-rozhledna-praha-300x200.jpg 300w, https:\/\/loudavymkrokem.cz\/wp-content\/uploads\/2023\/07\/petrinska-rozhledna-praha-700x467.jpg 700w, https:\/\/loudavymkrokem.cz\/wp-content\/uploads\/2023\/07\/petrinska-rozhledna-praha-768x512.jpg 768w, https:\/\/loudavymkrokem.cz\/wp-content\/uploads\/2023\/07\/petrinska-rozhledna-praha-1536x1024.jpg 1536w, https:\/\/loudavymkrokem.cz\/wp-content\/uploads\/2023\/07\/petrinska-rozhledna-praha-696x464.jpg 696w, https:\/\/loudavymkrokem.cz\/wp-content\/uploads\/2023\/07\/petrinska-rozhledna-praha-1392x928.jpg 1392w, https:\/\/loudavymkrokem.cz\/wp-content\/uploads\/2023\/07\/petrinska-rozhledna-praha-1920x1280.jpg 1920w\" sizes=\"auto, (max-width: 2000px) 100vw, 2000px\"><figcaption class=\"wp-element-caption\">Pet\u0159\u00edn<\/figcaption><\/figure>\n<div class=\"lk-zazitky-module\">\n<style>\n.lk-zazitky-module * { box-sizing: border-box; margin: 0; padding: 0; }\n.lk-zazitky-module {\n  font-family: 'DM Sans', Georgia, sans-serif;\n  max-width: 100%;\n  margin: 2.5rem auto;\n  background: linear-gradient(135deg, #fdf6f3 0%, #fbede7 100%);\n  border: 1px solid #f0d9cc;\n  border-radius: 16px;\n  overflow: hidden;\n  box-shadow: 0 16px 48px rgba(217, 119, 87, 0.18), 0 4px 12px rgba(0,0,0,0.06);\n}\n.lk-zazitky-header {\n  position: relative;\n  padding: 24px 32px;\n  background: linear-gradient(135deg, #d97757 0%, #c46b4b 60%, #d97757 100%);\n  display: flex;\n  align-items: center;\n  gap: 18px;\n}\n.lk-zazitky-header::before {\n  content: '';\n  position: absolute;\n  inset: 0;\n  background: url(\"data:image\/svg+xml,%3Csvg width='60' height='60' viewBox='0 0 60 60' xmlns='http:\/\/www.w3.org\/2000\/svg'%3E%3Cg fill='none' fill-rule='evenodd'%3E%3Cg fill='%23ffffff' fill-opacity='0.05'%3E%3Cpath d='M36 34v-4h-2v4h-4v2h4v4h2v-4h4v-2h-4zm0-30V0h-2v4h-4v2h4v4h2V6h4V4h-4zM6 34v-4H4v4H0v2h4v4h2v-4h4v-2H6zM6 4V0H4v4H0v2h4v4h2V6h4V4H6z'\/%3E%3C\/g%3E%3C\/g%3E%3C\/svg%3E\") repeat;\n  pointer-events: none;\n}\n.lk-zazitky-header img {\n  width: 64px; height: 64px; border-radius: 12px; flex-shrink: 0;\n  object-fit: cover; box-shadow: 0 4px 12px rgba(0,0,0,0.18); position: relative; z-index: 1;\n}\n.lk-zazitky-header-text { position: relative; z-index: 1; }\n.lk-zazitky-eyebrow {\n  font-size: 10px; font-weight: 600; letter-spacing: 2.5px; text-transform: uppercase;\n  color: rgba(255,255,255,.92); margin-bottom: 5px;\n}\n.lk-zazitky-title {\n  font-family: 'Playfair Display', Georgia, serif;\n  font-size: 24px; font-weight: 700; color: #fff; line-height: 1.2;\n  text-shadow: 0 1px 2px rgba(0,0,0,0.12);\n}\n.lk-zazitky-subtitle {\n  font-size: 13px; color: rgba(255,255,255,.85); margin-top: 4px; font-weight: 300;\n}\n.lk-zazitky-grid {\n  display: grid;\n  grid-template-columns: 1fr 1fr 1fr;\n  gap: 1px;\n  background: rgba(217, 119, 87, 0.12);\n}\n.lk-zazitek-card {\n  background: #ffffff; padding: 22px; display: flex; flex-direction: column; gap: 11px;\n  transition: all 0.3s ease; text-decoration: none; color: inherit; position: relative;\n}\n.lk-zazitek-card:hover {\n  background: #fffaf7; transform: translateY(-2px);\n  box-shadow: 0 8px 24px rgba(217, 119, 87, 0.15); z-index: 1;\n}\n.lk-zazitek-card.is-category {\n  background: linear-gradient(135deg, #fffaf7 0%, #fff3eb 100%);\n  box-shadow: inset 0 1px 0 rgba(217, 119, 87, 0.1);\n}\n.lk-zazitek-card.is-category:hover {\n  background: linear-gradient(135deg, #fff7f2 0%, #ffeee3 100%);\n}\n.lk-zazitek-badge {\n  display: inline-flex; align-items: center; gap: 5px;\n  font-size: 10px; font-weight: 600; letter-spacing: 1.5px; text-transform: uppercase;\n  padding: 5px 11px; border-radius: 20px; width: fit-content;\n  background: rgba(217, 119, 87, 0.10); color: #c46b4b; border: 1px solid rgba(217, 119, 87, 0.22);\n}\n.lk-zazitek-card.is-category .lk-zazitek-badge {\n  background: linear-gradient(135deg, #d97757 0%, #c46b4b 100%); color: #fff;\n  border-color: #c46b4b; box-shadow: 0 2px 8px rgba(217, 119, 87, 0.28);\n}\n.lk-zazitek-name {\n  font-family: 'Playfair Display', Georgia, serif;\n  font-size: 17px; font-weight: 700; color: #111827; line-height: 1.3;\n}\n.lk-zazitek-desc {\n  font-size: 13px; color: #525252; line-height: 1.6; font-weight: 300; flex: 1;\n}\n.lk-zazitek-meta { display: flex; align-items: center; gap: 12px; flex-wrap: wrap; margin-top: 4px; }\n.lk-zazitek-price { font-size: 13px; color: #6b7280; }\n.lk-zazitek-price strong { color: #c46b4b; font-weight: 600; }\n.lk-zazitek-cta {\n  display: inline-flex; align-items: center; justify-content: center; gap: 7px;\n  margin-top: 8px; padding: 11px 16px; border-radius: 8px;\n  background: linear-gradient(135deg, #d97757 0%, #c46b4b 100%);\n  color: #fff; font-size: 13px; font-weight: 500; text-decoration: none;\n  letter-spacing: .3px; transition: all .2s ease; cursor: pointer; border: none;\n  text-align: center; box-shadow: 0 4px 12px rgba(217, 119, 87, 0.28);\n  white-space: nowrap;\n}\n.lk-zazitek-cta:hover {\n  background: linear-gradient(135deg, #c46b4b 0%, #b35e3f 100%);\n  transform: translateY(-1px); box-shadow: 0 6px 16px rgba(217, 119, 87, 0.38);\n}\n.lk-zazitek-card.is-category .lk-zazitek-cta {\n  background: linear-gradient(135deg, #3685fc 0%, #2a6fd9 100%);\n  box-shadow: 0 4px 12px rgba(54, 133, 252, 0.22);\n}\n.lk-zazitek-card.is-category .lk-zazitek-cta:hover {\n  background: linear-gradient(135deg, #2a6fd9 0%, #1e5bc4 100%);\n  box-shadow: 0 6px 16px rgba(54, 133, 252, 0.32);\n}\n.lk-zazitky-footer {\n  padding: 16px 32px;\n  background: linear-gradient(to bottom, #fdf6f3 0%, #f9eae2 100%);\n  border-top: 1px solid rgba(217, 119, 87, 0.18);\n  display: flex; align-items: center; justify-content: center; flex-wrap: wrap; gap: 12px;\n}\n.lk-zazitky-discount {\n  display: inline-flex; align-items: center; gap: 8px;\n  font-size: 13px; color: #6b3a26; font-weight: 500;\n}\n.lk-zazitky-discount-code {\n  font-family: 'Courier New', monospace; font-weight: 700; color: #c46b4b;\n  background: rgba(217, 119, 87, 0.12); padding: 4px 10px; border-radius: 6px;\n  letter-spacing: 1px; font-size: 13px;\n}\n.lk-zazitky-disclaimer {\n  font-size: 11px; color: #8a6e60; font-weight: 300; line-height: 1.5;\n}\n.lk-zazitky-disclaimer a { color: #c46b4b; text-decoration: none; }\n.lk-zazitky-disclaimer a:hover { text-decoration: underline; }\n@media (max-width: 720px) {\n  .lk-zazitky-grid { grid-template-columns: 1fr; }\n  .lk-zazitky-header { padding: 20px 18px; }\n  .lk-zazitky-footer { padding: 14px 18px; }\n  .lk-zazitek-card { padding: 20px; }\n  .lk-zazitky-title { font-size: 20px; }\n}\n<\/style>\n<div class=\"lk-zazitky-header\">\n    <img decoding=\"async\" src=\"https:\/\/loudavymkrokem.cz\/wp-content\/uploads\/2026\/02\/lukas-a-lucka.jpg\" alt=\"Luk\u00e1\u0161 och Lucie\" title=\"\"><\/p>\n<div class=\"lk-zazitky-header-text\">\n<div class=\"lk-zazitky-eyebrow\">Tips fr\u00e5n Luk\u00e1\u0161 och Lucie<\/div>\n<div class=\"lk-zazitky-title\">Upplev Prag p\u00e5 ett annat s\u00e4tt<\/div>\n<div class=\"lk-zazitky-subtitle\">3 bepr\u00f6vade tips med 5 % rabatt fr\u00e5n partnern Firma na z\u00e1\u017eitky<\/div>\n<\/p><\/div>\n<\/p><\/div>\n<div class=\"lk-zazitky-grid\">\n<p>    <a class=\"lk-zazitek-card\" href=\"https:\/\/www.firmanazazitky.cz\/plavba-po-vltave-s-obedem?utm_source=loudavymkrokem&amp;utm_medium=referral&amp;utm_campaign=nejkrasnejsi-pamatky-v-praze-20-mist-ktera-musite-videt-2026&amp;utm_content=zazitek-1\" target=\"_blank\" rel=\"nofollow noopener sponsored\"><br \/>\n      <span class=\"lk-zazitek-badge\">\ud83d\udee5 B\u00e5ttur<\/span><\/p>\n<div class=\"lk-zazitek-name\">B\u00e5ttur p\u00e5 Moldau med lunch<\/div>\n<div class=\"lk-zazitek-desc\">Romantisk utsikt \u00f6ver Prags sev\u00e4rdheter fr\u00e5n d\u00e4ck \u2014 Karlsbron och Hrad\u010dany inom r\u00e4ckh\u00e5ll, lunch f\u00f6r tv\u00e5 ing\u00e5r.<\/div>\n<div class=\"lk-zazitek-meta\">\n        <span class=\"lk-zazitek-price\">fr\u00e5n <strong>84 \u20ac<\/strong><\/span>\n      <\/div>\n<p>      <span class=\"lk-zazitek-cta\"><br \/>\n        <svg width=\"14\" height=\"14\" viewBox=\"0 0 24 24\" fill=\"none\" stroke=\"currentColor\" stroke-width=\"2\"><path d=\"M18 13v6a2 2 0 0 1-2 2H5a2 2 0 0 1-2-2V8a2 2 0 0 1 2-2h6\"\/><polyline points=\"15 3 21 3 21 9\"\/><line x1=\"10\" y1=\"14\" x2=\"21\" y2=\"3\"\/><\/svg><br \/>\n        Boka med rabatt<br \/>\n      <\/span><br \/>\n    <\/a><\/p>\n<p>    <a class=\"lk-zazitek-card\" href=\"https:\/\/www.firmanazazitky.cz\/prazske-vyhlidky-na-elektrokolobezkach?utm_source=loudavymkrokem&amp;utm_medium=referral&amp;utm_campaign=nejkrasnejsi-pamatky-v-praze-20-mist-ktera-musite-videt-2026&amp;utm_content=zazitek-2\" target=\"_blank\" rel=\"nofollow noopener sponsored\"><br \/>\n      <span class=\"lk-zazitek-badge\">\ud83d\udef4 Upplevelse<\/span><\/p>\n<div class=\"lk-zazitek-name\">Prags utsiktspunkter med elsparkcykel<\/div>\n<div class=\"lk-zazitek-desc\">Bes\u00f6k 20 av Prags vackraste platser lekfullt och utan svett \u2014 guiden tar dig till utsiktsplatser som turisterna aldrig hinner till.<\/div>\n<div class=\"lk-zazitek-meta\">\n        <span class=\"lk-zazitek-price\">fr\u00e5n <strong>44 \u20ac<\/strong><\/span>\n      <\/div>\n<p>      <span class=\"lk-zazitek-cta\"><br \/>\n        <svg width=\"14\" height=\"14\" viewBox=\"0 0 24 24\" fill=\"none\" stroke=\"currentColor\" stroke-width=\"2\"><path d=\"M18 13v6a2 2 0 0 1-2 2H5a2 2 0 0 1-2-2V8a2 2 0 0 1 2-2h6\"\/><polyline points=\"15 3 21 3 21 9\"\/><line x1=\"10\" y1=\"14\" x2=\"21\" y2=\"3\"\/><\/svg><br \/>\n        Boka med rabatt<br \/>\n      <\/span><br \/>\n    <\/a><\/p>\n<p>    <a class=\"lk-zazitek-card is-category\" href=\"https:\/\/www.firmanazazitky.cz\/praha\/?utm_source=loudavymkrokem&amp;utm_medium=referral&amp;utm_campaign=nejkrasnejsi-pamatky-v-praze-20-mist-ktera-musite-videt-2026&amp;utm_content=kategorie\" target=\"_blank\" rel=\"nofollow noopener sponsored\"><br \/>\n      <span class=\"lk-zazitek-badge\">\u2b50 Alla<\/span><\/p>\n<div class=\"lk-zazitek-name\">Alla upplevelser i Prag<\/div>\n<div class=\"lk-zazitek-desc\">Hundratals upplevelser i Prag p\u00e5 ett st\u00e4lle \u2014 fr\u00e5n b\u00e5tturer och flyg till gastronomi och wellness.<\/div>\n<p>      <span class=\"lk-zazitek-cta\"><br \/>\n        Bl\u00e4ddra bland upplevelser<br \/>\n        <svg width=\"12\" height=\"12\" viewBox=\"0 0 24 24\" fill=\"none\" stroke=\"currentColor\" stroke-width=\"2.5\"><polyline points=\"9 18 15 12 9 6\"\/><\/svg><br \/>\n      <\/span><br \/>\n    <\/a><\/p><\/div>\n<div class=\"lk-zazitky-footer\">\n    <span class=\"lk-zazitky-discount\"><br \/>\n      \u2b50 5 % rabatt med koden<br \/>\n      <span class=\"lk-zazitky-discount-code\">LOUDAVYMKROKEM5<\/span><br \/>\n    <\/span>\n  <\/div>\n<\/div>\n<h2 class=\"wp-block-heading\"><span class=\"ez-toc-section\" id=\"Sakrala_skatter_och_andliga_centrum\"><\/span><span class=\"ez-toc-section\" id=\"Sakrala_skatter_och_andliga_centrum\"><\/span>Sakrala skatter och andliga centrum<span class=\"ez-toc-section-end\"><\/span><span class=\"ez-toc-section-end\"><\/span><\/h2>\n<p>Kyrkliga byggnader i Prag \u00e4r inte bara f\u00f6r troende. De \u00e4r gallerier av historisk konst, exempel p\u00e5 m\u00e4sterligt ingenj\u00f6rsarbete och ofta platser med otrolig akustik. \u00c4r du intresserad av djupare sammanhang, kolla g\u00e4rna in v\u00e5r \u00f6versikt <a href=\"https:\/\/loudavymkrokem.cz\/prazske-kostely-a-synagogy\/\">Prags kyrkor och synagogor<\/a>.<\/p>\n<h3 class=\"wp-block-heading\"><span class=\"ez-toc-section\" id=\"Tynkyrkan\"><\/span><span class=\"ez-toc-section\" id=\"Tynkyrkan\"><\/span>T\u00fdnkyrkan<span class=\"ez-toc-section-end\"><\/span><span class=\"ez-toc-section-end\"><\/span><\/h3>\n<p>Jungfru Maria-kyrkan framf\u00f6r T\u00fdn, med sina ikoniska asymmetriska torn, dominerar Gamla stans torg precis intill r\u00e5dhuset. Det \u00e4r en fascinerande gotisk byggnad vars interi\u00f6r senare genomgick barocka omgestaltningar. Inuti vilar den danska astronomen Tycho Brahes grav.<\/p>\n<p>Trots att kyrkan \u00e4r enorm \u00e4r det f\u00f6r m\u00e5nga en utmaning att hitta ing\u00e5ngen, eftersom den ligger g\u00f6md bakom husens arkader vid torget. Intr\u00e4det \u00e4r frivilligt (rekommenderat bidrag ca 2 \u20ac) och \u00f6ppet brukar vara tisdag till s\u00f6ndag med lunchpaus. <strong>\ud83d\udca1 Tips fr\u00e5n en lokalbo:<\/strong> L\u00e4gg m\u00e4rke till att det h\u00f6gra tornet (kallat Adam) \u00e4r lite bredare och kraftigare \u00e4n det v\u00e4nstra (Eva). Den medvetna asymmetrin var vanlig i gotiken och symboliserade den manliga och den kvinnliga principen.<\/p>\n<h3 class=\"wp-block-heading\"><span class=\"ez-toc-section\" id=\"Sankt_Nikolaus-kyrkan_pa_Mala_Strana\"><\/span><span class=\"ez-toc-section\" id=\"Sankt_Nikolaus-kyrkan_pa_Mala_Strana\"><\/span>Sankt Nikolaus-kyrkan p\u00e5 Mal\u00e1 Strana<span class=\"ez-toc-section-end\"><\/span><span class=\"ez-toc-section-end\"><\/span><\/h3>\n<p>Far-och-son-duon Dientzenhofers m\u00e4sterverk \u00e4r den absoluta h\u00f6jdpunkten av Prags barock, och om jag ska vara \u00e4rlig s\u00e5 hypnotiserar den enorma kupolen med fresker mig fortfarande lite \u2014 jag stannar alltid upp och stirrar upp\u00e5t, \u00e4ven om jag har varit d\u00e4r hundra g\u00e5nger. Dessutom spelade Mozart sj\u00e4lv p\u00e5 orgeln h\u00e4r, vilket lyfter hela platsen till en annan niv\u00e5. \ud83d\ude01<\/p>\n<p>Interi\u00f6ren \u00e4r underbart ljus och varje detalj i utsmyckningen har sin givna plats. Entr\u00e9n kostar <strong>5 \u20ac<\/strong> och \u00f6ppet \u00e4r dagligen 9:00\u201317:00. Precis framf\u00f6r kyrkan stannar sp\u00e5rvagnar vid h\u00e5llplatsen Malostransk\u00e9 n\u00e1m\u011bst\u00ed, vilket \u00e4r en enorm f\u00f6rdel om benen redan \u00e4r tr\u00f6tta. <strong>\ud83d\udca1 Tips fr\u00e5n en lokalbo:<\/strong> Mot extra avgift kan du kl\u00e4ttra upp i det intilliggande klocktornet. Under kommunistregimen anv\u00e4ndes det som observationspost av s\u00e4kerhetstj\u00e4nsten, som h\u00e4rifr\u00e5n \u00f6vervakade de v\u00e4stliga ambassaderna i n\u00e4rheten.<\/p>\n<figure class=\"wp-block-image size-full\"><img loading=\"lazy\" decoding=\"async\" width=\"1200\" height=\"800\" src=\"https:\/\/loudavymkrokem.cz\/wp-content\/uploads\/2023\/07\/prazsky-hrad-4173.jpg\" alt=\"Utsikt \u00f6ver Mal\u00e1 Strana och Pet\u0159\u00edn i Prag\" class=\"wp-image-151121\" title=\"\" srcset=\"https:\/\/loudavymkrokem.cz\/wp-content\/uploads\/2023\/07\/prazsky-hrad-4173.jpg 1200w, https:\/\/loudavymkrokem.cz\/wp-content\/uploads\/2023\/07\/prazsky-hrad-4173-300x200.jpg 300w, https:\/\/loudavymkrokem.cz\/wp-content\/uploads\/2023\/07\/prazsky-hrad-4173-700x467.jpg 700w, https:\/\/loudavymkrokem.cz\/wp-content\/uploads\/2023\/07\/prazsky-hrad-4173-768x512.jpg 768w, https:\/\/loudavymkrokem.cz\/wp-content\/uploads\/2023\/07\/prazsky-hrad-4173-696x464.jpg 696w\" sizes=\"auto, (max-width: 1200px) 100vw, 1200px\"><figcaption class=\"wp-element-caption\">Pet\u0159\u00edn<\/figcaption><\/figure>\n<h3 class=\"wp-block-heading\"><span class=\"ez-toc-section\" id=\"Loreta\"><\/span><span class=\"ez-toc-section\" id=\"Loreta\"><\/span>Loreta<span class=\"ez-toc-section-end\"><\/span><span class=\"ez-toc-section-end\"><\/span><\/h3>\n<p>Hrad\u010dany-Loreta \u00e4r en pilgrimsort med en unik atmosf\u00e4r, dominerad av det ber\u00f6mda klockspelet. Varje hel timme fyller en Mariahymns melodi borgg\u00e5rden, spelad av 27 klockor fr\u00e5n slutet av 1600-talet. Komplexet omfattar en kopia av det Heliga huset, barockyrkan Kristi f\u00f6delse och en skattkammare d\u00e4r Prags sol visas \u2014 en monstrans besatt med \u00f6ver sex tusen diamanter.<\/p>\n<p>En upplevelse i sig \u00e4r promenaden i den pittoreska omgivningen. Fullt intr\u00e4de kostar <strong>9 \u20ac<\/strong>, \u00f6ppet dagligen utom m\u00e5ndagar 10:00\u201317:00. Vi skriver mer om omgivningarna i artikeln <a href=\"https:\/\/loudavymkrokem.cz\/strahov-loreta-hradcany\/\">Strahov och Loreta<\/a>. <strong>\ud83d\udca1 Tips fr\u00e5n en lokalbo:<\/strong> Skattkammaren \u00e4r sk\u00f6nt sval om sommaren. I borgg\u00e5rden kan du g\u00e5 l\u00e4ngs ambitarna med fresker som ber\u00e4ttar ganska brutala martyrhistorier \u2014 en intressant kontrast till den annars fridfulla platsen.<\/p>\n<figure class=\"wp-block-image size-full\"><img loading=\"lazy\" decoding=\"async\" width=\"2000\" height=\"1500\" src=\"https:\/\/loudavymkrokem.cz\/wp-content\/uploads\/2023\/07\/prazska-loreta-praha.jpg\" alt=\"Loreta i Prag \u2014 barockmonument och pilgrimsort\" class=\"wp-image-62983\" title=\"\" srcset=\"https:\/\/loudavymkrokem.cz\/wp-content\/uploads\/2023\/07\/prazska-loreta-praha.jpg 2000w, https:\/\/loudavymkrokem.cz\/wp-content\/uploads\/2023\/07\/prazska-loreta-praha-300x225.jpg 300w, https:\/\/loudavymkrokem.cz\/wp-content\/uploads\/2023\/07\/prazska-loreta-praha-700x525.jpg 700w, https:\/\/loudavymkrokem.cz\/wp-content\/uploads\/2023\/07\/prazska-loreta-praha-768x576.jpg 768w, https:\/\/loudavymkrokem.cz\/wp-content\/uploads\/2023\/07\/prazska-loreta-praha-1536x1152.jpg 1536w, https:\/\/loudavymkrokem.cz\/wp-content\/uploads\/2023\/07\/prazska-loreta-praha-696x522.jpg 696w, https:\/\/loudavymkrokem.cz\/wp-content\/uploads\/2023\/07\/prazska-loreta-praha-1392x1044.jpg 1392w, https:\/\/loudavymkrokem.cz\/wp-content\/uploads\/2023\/07\/prazska-loreta-praha-1920x1440.jpg 1920w\" sizes=\"auto, (max-width: 2000px) 100vw, 2000px\"><figcaption class=\"wp-element-caption\">Loreta i Prag \u2014 enast\u00e5ende barockt historiskt monument och pilgrimsort med f\u00e4ngslande historia.<\/figcaption><\/figure>\n<h3 class=\"wp-block-heading\"><span class=\"ez-toc-section\" id=\"Strahov-klostret\"><\/span><span class=\"ez-toc-section\" id=\"Strahov-klostret\"><\/span>Strahov-klostret<span class=\"ez-toc-section-end\"><\/span><span class=\"ez-toc-section-end\"><\/span><\/h3>\n<p>Bara ett stenkast fr\u00e5n Loreta hittar du det premonstratensiska Strahov-klostret. Dess st\u00f6rsta dragning \u00e4r det \u00f6verv\u00e4ldigande biblioteket uppdelat i Filosofiska salen och Teologiska salen. Tr\u00e4snidade hyllor, gamla glober och takfresker ser ut som om de hoppat rakt ur en Harry Potter-film.<\/p>\n<p>St\u00e5r du h\u00e4r i kv\u00e4llens stillhet andas platsen genuin historisk atmosf\u00e4r. Biljett till biblioteket kostar <strong>6 \u20ac<\/strong>, \u00f6ppet dagligen 9:00\u201317:00 (med lunchpaus). Du tar dig hit med sp\u00e5rvagn 22 till h\u00e5llplatsen Poho\u0159elec. <strong>\ud83d\udca1 Tips fr\u00e5n en lokalbo:<\/strong> Munkarna har bryggt \u00f6l h\u00e4r i \u00e5rhundraden. Klosterbryggeriet Strahov, precis intill borgg\u00e5rden, erbjuder en utm\u00e4rkt halvm\u00f6rk special\u00f6l St. Norbert. De har \u00e4ven fina vegetariska alternativ, s\u00e5 jag \u00e5terv\u00e4nder g\u00e4rna dit.<\/p>\n<figure class=\"wp-block-image size-full\"><img decoding=\"async\" src=\"https:\/\/loudavymkrokem.cz\/wp-content\/uploads\/2023\/07\/strahovsky-klaster-praha.jpg\" alt=\"Utsikt \u00f6ver Strahov-klostret i Prag med r\u00f6da tak och parker\" class=\"wp-image-73455\" title=\"\"><figcaption class=\"wp-element-caption\">Utsikt \u00f6ver Strahov-klostret i Prag med r\u00f6da tak och parker<\/figcaption><\/figure>\n<h2 class=\"wp-block-heading\"><span class=\"ez-toc-section\" id=\"Judiska_staden_Josefov\"><\/span><span class=\"ez-toc-section\" id=\"Judiska_staden_Josefov\"><\/span>Judiska staden: Josefov<span class=\"ez-toc-section-end\"><\/span><span class=\"ez-toc-section-end\"><\/span><\/h2>\n<p>Josefov \u00e4r en av de stadsdelar som tar andan ur mig vid varje bes\u00f6k \u2014 inte p\u00e5 grund av arkitekturen, utan p\u00e5 grund av vad som utspelade sig h\u00e4r. St\u00f6rre delen av det ursprungliga ghettot revs kring sekelskiftet 1900, men de mest v\u00e4rdefulla minnesm\u00e4rkena bevarades. Jag rekommenderar att k\u00f6pa kombinationsbiljetten till Judiska museet. F\u00f6r en bredare kontext, l\u00e4s guiden <a href=\"https:\/\/loudavymkrokem.cz\/josefov-zidovska-ctvrt-praha\/\">Josefov och den judiska stadsdelen<\/a>.<\/p>\n<h3 class=\"wp-block-heading\"><span class=\"ez-toc-section\" id=\"Gammelnya_synagogan\"><\/span><span class=\"ez-toc-section\" id=\"Gammelnya_synagogan\"><\/span>Gammelnya synagogan<span class=\"ez-toc-section-end\"><\/span><span class=\"ez-toc-section-end\"><\/span><\/h3>\n<p>En av Europas \u00e4ldsta fortfarande aktiva synagogor h\u00e4rstammar fr\u00e5n 1200-talet. Till skillnad fr\u00e5n m\u00e5nga andra byggnader i Prag har den bevarat sin ursprungliga tidigt gotiska karakt\u00e4r. Den \u00e4r omspunnen av legender, varav den mest k\u00e4nda handlar om Golem \u2014 den lerfigur som rabbi L\u00f6w enligt s\u00e4gnen g\u00f6mde p\u00e5 synagogans vind.<\/p>\n<p>Interi\u00f6ren \u00e4r m\u00f6rk, avskalad och djupt gripande. Biljetten k\u00f6ps antingen separat f\u00f6r <strong>11 \u20ac<\/strong> eller som del av den ut\u00f6kade rundturen. \u00d6ppet dagligen utom l\u00f6rdagar och judiska helgdagar. <strong>\ud83d\udca1 Tips fr\u00e5n en lokalbo:<\/strong> L\u00e4gg m\u00e4rke till de sm\u00e5 f\u00f6nstren i v\u00e4ggarna. F\u00f6rr i tiden f\u00f6ljde kvinnorna gudstj\u00e4nsten genom dem, eftersom de var f\u00f6rbjudna att komma in i huvudsalen och satt i tillbyggnader intill.<\/p>\n<figure class=\"wp-block-image size-full\"><img loading=\"lazy\" decoding=\"async\" width=\"1200\" height=\"800\" src=\"https:\/\/loudavymkrokem.cz\/wp-content\/uploads\/2026\/04\/josefov-4070.jpg\" alt=\"Judiska kvarteret i Prag\" class=\"wp-image-151145\" title=\"\" srcset=\"https:\/\/loudavymkrokem.cz\/wp-content\/uploads\/2026\/04\/josefov-4070.jpg 1200w, https:\/\/loudavymkrokem.cz\/wp-content\/uploads\/2026\/04\/josefov-4070-300x200.jpg 300w, https:\/\/loudavymkrokem.cz\/wp-content\/uploads\/2026\/04\/josefov-4070-700x467.jpg 700w, https:\/\/loudavymkrokem.cz\/wp-content\/uploads\/2026\/04\/josefov-4070-768x512.jpg 768w, https:\/\/loudavymkrokem.cz\/wp-content\/uploads\/2026\/04\/josefov-4070-696x464.jpg 696w\" sizes=\"auto, (max-width: 1200px) 100vw, 1200px\"><figcaption class=\"wp-element-caption\">Judiska kvarteret i Prag<\/figcaption><\/figure>\n<h3 class=\"wp-block-heading\"><span class=\"ez-toc-section\" id=\"Gamla_judiska_begravningsplatsen\"><\/span><span class=\"ez-toc-section\" id=\"Gamla_judiska_begravningsplatsen\"><\/span>Gamla judiska begravningsplatsen<span class=\"ez-toc-section-end\"><\/span><span class=\"ez-toc-section-end\"><\/span><\/h3>\n<p>En promenad p\u00e5 denna begravningsplats h\u00f6r till de starkaste upplevelserna. P\u00e5 grund av platsbrist begravdes m\u00e4nniskor h\u00e4r under \u00e5rhundraden i flera lager ovanp\u00e5 varandra \u2014 p\u00e5 sina st\u00e4llen upp till tolv. Resultatet \u00e4r en fascinerande ansamling av mer \u00e4n tolv tusen lutande stengravar \u00f6vervuxna av murgr\u00f6na.<\/p>\n<p>H\u00e4r hittar du \u00e4ven rabbi L\u00f6ws grav, dit m\u00e4nniskor fortfarande l\u00e4gger lappar med sina \u00f6nskningar. Tilltr\u00e4de ing\u00e5r i rundturen hos <a href=\"https:\/\/www.jewishmuseum.cz\" rel=\"nofollow noopener\" target=\"_blank\">Judiska museet<\/a> (biljett <strong>22 \u20ac<\/strong>). Det l\u00f6nar sig att k\u00f6pa biljetter och eventuellt boka en guidad tur i f\u00f6rv\u00e4g, till exempel via <a href=\"https:\/\/www.getyourguide.com\/prague-l10\/?partner_id=MKZ64IS\" rel=\"nofollow noopener\" target=\"_blank\">GetYourGuide<\/a>. <strong>\ud83d\udca1 Tips fr\u00e5n en lokalbo:<\/strong> Ing\u00e5ngen till begravningsplatsen g\u00e5r genom Pinkas-synagogan, som fungerar som minnesm\u00e4rke f\u00f6r f\u00f6rintelseoffren. V\u00e4ggarna t\u00e4ckta med offrens namn tvingar dig till absolut tystnad redan innan du kliver in bland gravstenarna.<\/p>\n<figure class=\"wp-block-image size-full\"><img loading=\"lazy\" decoding=\"async\" width=\"1200\" height=\"800\" src=\"https:\/\/loudavymkrokem.cz\/wp-content\/uploads\/2026\/04\/josefov-4058.jpg\" alt=\"Spanska synagogan i Prag\" class=\"wp-image-151139\" title=\"\" srcset=\"https:\/\/loudavymkrokem.cz\/wp-content\/uploads\/2026\/04\/josefov-4058.jpg 1200w, https:\/\/loudavymkrokem.cz\/wp-content\/uploads\/2026\/04\/josefov-4058-300x200.jpg 300w, https:\/\/loudavymkrokem.cz\/wp-content\/uploads\/2026\/04\/josefov-4058-700x467.jpg 700w, https:\/\/loudavymkrokem.cz\/wp-content\/uploads\/2026\/04\/josefov-4058-768x512.jpg 768w, https:\/\/loudavymkrokem.cz\/wp-content\/uploads\/2026\/04\/josefov-4058-696x464.jpg 696w\" sizes=\"auto, (max-width: 1200px) 100vw, 1200px\"><figcaption class=\"wp-element-caption\">Spanska synagogan i Prag<\/figcaption><\/figure>\n<h3 class=\"wp-block-heading\"><span class=\"ez-toc-section\" id=\"Spanska_synagogan\"><\/span><span class=\"ez-toc-section\" id=\"Spanska_synagogan\"><\/span>Spanska synagogan<span class=\"ez-toc-section-end\"><\/span><span class=\"ez-toc-section-end\"><\/span><\/h3>\n<p>Om Gammelnya synagogan \u00e4r ett exempel p\u00e5 avskalad gotik, \u00e4r Spanska synagogan dess raka motsats. Uppf\u00f6rd i maurisk stil p\u00e5 1800-talet gl\u00e4nser den inuti av guld, intrikata geometriska m\u00f6nster och glasm\u00e5lningar.<\/p>\n<p>Den p\u00e5minner mer om palatsen i Alhambra i Andalusien \u00e4n en centraleuropeisk b\u00f6nsal. \u00c4ven den ing\u00e5r i Judiska museets rundtur och efter en nyligen genomf\u00f6rd renovering ser den helt bed\u00f6vande ut. Personligen rekommenderar jag det h\u00e4r stoppet till alla som gillar detaljrik och rikt smyckad arkitektur. <strong>\ud83d\udca1 Tips fr\u00e5n en lokalbo:<\/strong> P\u00e5 kv\u00e4llarna h\u00e5lls ofta konserter med klassisk musik i synagogan. Akustiken \u00e4r utm\u00e4rkt och den upplysta guldinteri\u00f6ren lyfter musikupplevelsen till en helt ny niv\u00e5.<\/p>\n<h2 class=\"wp-block-heading\"><span class=\"ez-toc-section\" id=\"Moderna_landmarken_och_kontroversiella_byggnader\"><\/span><span class=\"ez-toc-section\" id=\"Moderna_landmarken_och_kontroversiella_byggnader\"><\/span>Moderna landm\u00e4rken och kontroversiella byggnader<span class=\"ez-toc-section-end\"><\/span><span class=\"ez-toc-section-end\"><\/span><\/h2>\n<p>Det \u00e4r inte bara torn och barock som g\u00f6r staden till vad den \u00e4r. Modern arkitektur har ofta tillkommit under h\u00e4ftiga debatter och blivit successivt en naturlig del av stadsbilden.<\/p>\n<h3 class=\"wp-block-heading\"><span class=\"ez-toc-section\" id=\"Dansande_huset\"><\/span><span class=\"ez-toc-section\" id=\"Dansande_huset\"><\/span>Dansande huset<span class=\"ez-toc-section-end\"><\/span><span class=\"ez-toc-section-end\"><\/span><\/h3>\n<p>Frank Gehrys och Vlado Miluni\u0107s verk fr\u00e5n det gyllene 1990-talet delade samh\u00e4llet i tv\u00e5 l\u00e4ger. Idag kan vi inte t\u00e4nka oss kajen vid Jir\u00e1sk\u016fv-bron utan denna dekonstruktivistiska byggnad, inspirerad av dansparet Fred Astaire och Ginger Rogers.<\/p>\n<p>Inuti ryms kontor, ett galleri och p\u00e5 \u00f6versta v\u00e5ningen en restaurang med utsikt. Jag g\u00e5r igenom byggnaden i detalj i artikeln <a href=\"https:\/\/loudavymkrokem.cz\/tancici-dum-moderni-praha\/\">Dansande huset<\/a>. <strong>\ud83d\udca1 Tips fr\u00e5n en lokalbo:<\/strong> K\u00f6p inte den \u00f6verprisade biljetten till utsiktsterrassen. Ta hissen till Glass Bar p\u00e5 \u00f6versta v\u00e5ningen, best\u00e4ll en kaffe eller drink och njut av utsikten \u2014 den ing\u00e5r i priset f\u00f6r drycken.<\/p>\n<figure class=\"wp-block-image size-full\"><img loading=\"lazy\" decoding=\"async\" width=\"2000\" height=\"1333\" src=\"https:\/\/loudavymkrokem.cz\/wp-content\/uploads\/2023\/07\/tancici-dum-praha.jpg\" alt=\"Dansande huset \u2013 hotell och sev\u00e4rdhet i Prag\" class=\"wp-image-63066\" title=\"\" srcset=\"https:\/\/loudavymkrokem.cz\/wp-content\/uploads\/2023\/07\/tancici-dum-praha.jpg 2000w, https:\/\/loudavymkrokem.cz\/wp-content\/uploads\/2023\/07\/tancici-dum-praha-300x200.jpg 300w, https:\/\/loudavymkrokem.cz\/wp-content\/uploads\/2023\/07\/tancici-dum-praha-700x467.jpg 700w, https:\/\/loudavymkrokem.cz\/wp-content\/uploads\/2023\/07\/tancici-dum-praha-768x512.jpg 768w, https:\/\/loudavymkrokem.cz\/wp-content\/uploads\/2023\/07\/tancici-dum-praha-1536x1024.jpg 1536w, https:\/\/loudavymkrokem.cz\/wp-content\/uploads\/2023\/07\/tancici-dum-praha-696x464.jpg 696w, https:\/\/loudavymkrokem.cz\/wp-content\/uploads\/2023\/07\/tancici-dum-praha-1392x928.jpg 1392w, https:\/\/loudavymkrokem.cz\/wp-content\/uploads\/2023\/07\/tancici-dum-praha-1920x1280.jpg 1920w\" sizes=\"auto, (max-width: 2000px) 100vw, 2000px\"><figcaption class=\"wp-element-caption\"><a class=\"thirstylink\" rel=\"nofollow\" target=\"_blank\" title=\"Tan\u010d\u00edc\u00ed d\u016fm\" href=\"https:\/\/loudavymkrokem.cz\/doporucujeme\/tancici-dum\/\" data-shortcode=\"true\">Dansande huset<\/a> \u2013 hotell i Prag<\/figcaption><\/figure>\n<h3 class=\"wp-block-heading\"><span class=\"ez-toc-section\" id=\"Zizkos_TV-torn\"><\/span><span class=\"ez-toc-section\" id=\"Zizkos_TV-torn\"><\/span>\u017di\u017ekos TV-torn<span class=\"ez-toc-section-end\"><\/span><span class=\"ez-toc-section-end\"><\/span><\/h3>\n<p>Stadens h\u00f6gsta byggnad (216 meter) v\u00e4cker fortfarande starka k\u00e4nslor. Den futuristiska s\u00e4ndaren med utsiktskabiner ser ut som ett rymdskepp bland de gamla hyreshusen i \u017di\u017ekov. P\u00e5 avst\u00e5nd syns j\u00e4ttebebisarna som kl\u00e4ttrar uppf\u00f6r tornet \u2014 laminatskulpturer av David \u010cern\u00fd som visuellt l\u00e4ttade upp konstruktionen.<\/p>\n<p>Utsiktsobservatoriet p\u00e5 93 meters h\u00f6jd bjuder p\u00e5 en o\u00f6vertr\u00e4ffad 360-graders vy. Grundintr\u00e4de kostar <strong>12 \u20ac<\/strong> och \u00f6ppettiderna str\u00e4cker sig till midnatt. Den h\u00f6jden ger dig verkligen en f\u00f6rst\u00e5else f\u00f6r hur vidstr\u00e4ckt och fantastiskt kuperat Prag \u00e4r. <strong>\ud83d\udca1 Tips fr\u00e5n en lokalbo:<\/strong> Precis nedanf\u00f6r tornet ligger parken Mahlerovy sady och den utm\u00e4rkta restaurangen Miminoo med uteservering. F\u00f6r barn finns en lekplats, s\u00e5 med Jon\u00e1\u0161 tillbringar vi ganska mycket tid d\u00e4r medan vi beundrar tornet underifr\u00e5n.<\/p>\n<h3 class=\"wp-block-heading\"><span class=\"ez-toc-section\" id=\"Franz_Kafkas_roterande_huvud\"><\/span><span class=\"ez-toc-section\" id=\"Franz_Kafkas_roterande_huvud\"><\/span>Franz Kafkas roterande huvud<span class=\"ez-toc-section-end\"><\/span><span class=\"ez-toc-section-end\"><\/span><\/h3>\n<p>\u00c4nnu ett verk av David \u010cern\u00fd, denna g\u00e5ng placerat p\u00e5 ett livligt torg vid k\u00f6pcentrumet Quadrio ovanf\u00f6r tunnelbanestationen N\u00e1rodn\u00ed t\u0159\u00edda. Den kinetiska skulpturen v\u00e4ger 39 ton och best\u00e5r av 42 r\u00f6rliga skikt som med j\u00e4mna mellanrum roterar och omformar Kafkas ansikte.<\/p>\n<p>Det \u00e4r en modern hyllning till den ber\u00f6mda f\u00f6rfattaren och ett fascinerande prov p\u00e5 ingenj\u00f6rskonst som helt enkelt l\u00f6nar sig att se live. Att betrakta skulpturen \u00e4r f\u00f6rst\u00e5s gratis. <strong>\ud83d\udca1 Tips fr\u00e5n en lokalbo:<\/strong> Skulpturen s\u00e4tts i r\u00f6relse varje hel timme i femton minuter. G\u00e5 hellre p\u00e5 kv\u00e4llen, n\u00e4r den \u00e4r upplyst och den blanka ytan reflekterar stadens ljus runt omkring.<\/p>\n<figure class=\"wp-block-image size-full\"><img decoding=\"async\" src=\"https:\/\/loudavymkrokem.cz\/wp-content\/uploads\/2023\/07\/hlava-franze-kafky.jpg\" alt=\"Franz Kafkas roterande huvud i Prag\" class=\"wp-image-73495\" title=\"\"><figcaption class=\"wp-element-caption\">Franz Kafkas roterande huvud i Prag<\/figcaption><\/figure>\n<h2 class=\"wp-block-heading\"><span class=\"ez-toc-section\" id=\"Gomda_parlor_och_flykt_fran_folkmassorna\"><\/span><span class=\"ez-toc-section\" id=\"Gomda_parlor_och_flykt_fran_folkmassorna\"><\/span>G\u00f6mda p\u00e4rlor och flykt fr\u00e5n folkmassorna<span class=\"ez-toc-section-end\"><\/span><span class=\"ez-toc-section-end\"><\/span><\/h2>\n<p>Ibland beh\u00f6ver man helt enkelt koppla av och g\u00f6mma sig. Under alla de \u00e5r jag bodde i centrum och gick i skolan h\u00e4r samlade jag p\u00e5 mig en lista med platser att fly till n\u00e4r det knappt g\u00e5r att r\u00f6ra sig p\u00e5 Karlsbron.<\/p>\n<h3 class=\"wp-block-heading\"><span class=\"ez-toc-section\" id=\"Vrtbovska-tradgarden\"><\/span><span class=\"ez-toc-section\" id=\"Vrtbovska-tradgarden\"><\/span>Vrtbovsk\u00e1-tr\u00e4dg\u00e5rden<span class=\"ez-toc-section-end\"><\/span><span class=\"ez-toc-section-end\"><\/span><\/h3>\n<p>Det h\u00e4r \u00e4r en absolut p\u00e4rla. En oansenlig ing\u00e5ng fr\u00e5n Karmelitsk\u00e1-gatan leder dig in i en av Europas vackraste barocka terrasstr\u00e4dg\u00e5rdar. Den byggdes p\u00e5 Pet\u0159\u00edns sluttning och erbjuder underbart symmetriska rabatter, skulpturer av Maty\u00e1\u0161 Bernard Braun och en fantastisk utsikt mot Sankt Nikolaus-kyrkan.<\/p>\n<p>Varje g\u00e5ng jag kliver in h\u00e4r k\u00e4nns det som en annan v\u00e4rld, l\u00e5ngt borta fr\u00e5n bilbuller och turistmassor. Tr\u00e4dg\u00e5rden \u00e4r \u00f6ppen april till oktober, intr\u00e4de kostar <strong>5 \u20ac<\/strong>. <strong>\ud83d\udca1 Tips fr\u00e5n en lokalbo:<\/strong> Tr\u00e4dg\u00e5rden \u00e4r popul\u00e4r f\u00f6r br\u00f6llopsfotografering. G\u00e5 dit helst en vardag p\u00e5 f\u00f6rmiddagen \u2014 p\u00e5 helger f\u00e5r du ducka undan brudpar.<\/p>\n<figure class=\"wp-block-image size-full\"><img loading=\"lazy\" decoding=\"async\" width=\"2000\" height=\"1333\" src=\"https:\/\/loudavymkrokem.cz\/wp-content\/uploads\/2023\/07\/vrtbovske-zahrady-praha.jpg\" alt=\"Vrtbovsk\u00e1-tr\u00e4dg\u00e5rden i Prag\" class=\"wp-image-63063\" title=\"\" srcset=\"https:\/\/loudavymkrokem.cz\/wp-content\/uploads\/2023\/07\/vrtbovske-zahrady-praha.jpg 2000w, https:\/\/loudavymkrokem.cz\/wp-content\/uploads\/2023\/07\/vrtbovske-zahrady-praha-300x200.jpg 300w, https:\/\/loudavymkrokem.cz\/wp-content\/uploads\/2023\/07\/vrtbovske-zahrady-praha-700x467.jpg 700w, https:\/\/loudavymkrokem.cz\/wp-content\/uploads\/2023\/07\/vrtbovske-zahrady-praha-768x512.jpg 768w, https:\/\/loudavymkrokem.cz\/wp-content\/uploads\/2023\/07\/vrtbovske-zahrady-praha-1536x1024.jpg 1536w, https:\/\/loudavymkrokem.cz\/wp-content\/uploads\/2023\/07\/vrtbovske-zahrady-praha-696x464.jpg 696w, https:\/\/loudavymkrokem.cz\/wp-content\/uploads\/2023\/07\/vrtbovske-zahrady-praha-1392x928.jpg 1392w, https:\/\/loudavymkrokem.cz\/wp-content\/uploads\/2023\/07\/vrtbovske-zahrady-praha-1920x1280.jpg 1920w\" sizes=\"auto, (max-width: 2000px) 100vw, 2000px\"><figcaption class=\"wp-element-caption\">Vrtbovsk\u00e1-tr\u00e4dg\u00e5rden<\/figcaption><\/figure>\n<h3 class=\"wp-block-heading\"><span class=\"ez-toc-section\" id=\"Novy_Svet\"><\/span><span class=\"ez-toc-section\" id=\"Novy_Svet\"><\/span>Nov\u00fd Sv\u011bt<span class=\"ez-toc-section-end\"><\/span><span class=\"ez-toc-section-end\"><\/span><\/h3>\n<p>Ett litet kvarter g\u00f6mt bakom Pragborgen som k\u00e4nns som fr\u00e5n en annan tids\u00e5lder. Krokiga gr\u00e4nder, sm\u00e5 hus med str\u00e5tak, absolut tystnad. En g\u00e5ng i tiden bodde borgens fattiga h\u00e4r, och idag tycker jag det \u00e4r det renaste exemplet p\u00e5 gamla Prag \u2014 inga museer, inga skyltf\u00f6nster, inga folkmassor.<\/p>\n<p>Det finns egentligen inga officiella turistattraktioner h\u00e4r, och det \u00e4r precis det som g\u00f6r platsen s\u00e5 vacker. Bara lugn, kullersten och en otrolig charm. <strong>\ud83d\udca1 Tips fr\u00e5n en lokalbo:<\/strong> Stanna till p\u00e5 det lilla kaf\u00e9et Kav\u00e1rna Nov\u00fd Sv\u011bt. De har utm\u00e4rkt specialkaffe och en lugn innerg\u00e5rd.<\/p>\n<figure class=\"wp-block-image size-full\"><img loading=\"lazy\" decoding=\"async\" width=\"2000\" height=\"1500\" src=\"https:\/\/loudavymkrokem.cz\/wp-content\/uploads\/2023\/07\/novy-svet-praha.jpg\" alt=\"Nov\u00fd Sv\u011bt i Prag \u2014 medeltida gr\u00e4nd i Hrad\u010dany\" class=\"wp-image-62982\" title=\"\" srcset=\"https:\/\/loudavymkrokem.cz\/wp-content\/uploads\/2023\/07\/novy-svet-praha.jpg 2000w, https:\/\/loudavymkrokem.cz\/wp-content\/uploads\/2023\/07\/novy-svet-praha-300x225.jpg 300w, https:\/\/loudavymkrokem.cz\/wp-content\/uploads\/2023\/07\/novy-svet-praha-700x525.jpg 700w, https:\/\/loudavymkrokem.cz\/wp-content\/uploads\/2023\/07\/novy-svet-praha-768x576.jpg 768w, https:\/\/loudavymkrokem.cz\/wp-content\/uploads\/2023\/07\/novy-svet-praha-1536x1152.jpg 1536w, https:\/\/loudavymkrokem.cz\/wp-content\/uploads\/2023\/07\/novy-svet-praha-696x522.jpg 696w, https:\/\/loudavymkrokem.cz\/wp-content\/uploads\/2023\/07\/novy-svet-praha-1392x1044.jpg 1392w, https:\/\/loudavymkrokem.cz\/wp-content\/uploads\/2023\/07\/novy-svet-praha-1920x1440.jpg 1920w\" sizes=\"auto, (max-width: 2000px) 100vw, 2000px\"><figcaption class=\"wp-element-caption\">Gammal medeltida gr\u00e4nd med kullersten i Nov\u00fd Sv\u011bt, stadsdelen Hrad\u010dany, Prag, Tjeckien.<\/figcaption><\/figure>\n<h3 class=\"wp-block-heading\"><span class=\"ez-toc-section\" id=\"Klementinum_och_barockbiblioteket\"><\/span><span class=\"ez-toc-section\" id=\"Klementinum_och_barockbiblioteket\"><\/span>Klementinum och barockbiblioteket<span class=\"ez-toc-section-end\"><\/span><span class=\"ez-toc-section-end\"><\/span><\/h3>\n<p>Det omfattande komplexet av det forna jesuitkollegiet alldeles intill Karlsbron erbjuder en visning av barockbiblioteket, Meridiansalen och det astronomiska tornet. Biblioteket med historiska glober \u00e4r helt enkelt h\u00e4nf\u00f6rande och str\u00e5lar av majest\u00e4t.<\/p>\n<p>Visningarna sker uteslutande med guide och biljetterna \u00e0 <strong>15 \u20ac<\/strong> \u00e4r ofta sluts\u00e5lda. Gillar du vetenskapshistoria eller gamla b\u00f6cker \u00e4r det h\u00e4r ett bes\u00f6k du absolut inte f\u00e5r missa.<\/p>\n<div class=\"gyg-iframe-container\" style=\"margin-bottom:1.5em\" class=\"wp-block-cgb-block-gyg-wp-plugin\"><iframe style=\"border:0;height:100%;width:100%\" title=\"GetYourGuide activities widget\" src=\"https:\/\/widget.getyourguide.com\/default\/activities.frame?widget=wp_activities&amp;currency=CSK&amp;locale_code=en-GB&amp;number_of_items=3&amp;partner_id=MKZ64IS&amp;q=klementinum\"><\/iframe><\/div>\n<h3 class=\"wp-block-heading\"><span class=\"ez-toc-section\" id=\"Valdstejnska-tradgarden\"><\/span><span class=\"ez-toc-section\" id=\"Valdstejnska-tradgarden\"><\/span>Vald\u0161tejnsk\u00e1-tr\u00e4dg\u00e5rden<span class=\"ez-toc-section-end\"><\/span><span class=\"ez-toc-section-end\"><\/span><\/h3>\n<p>Senatens s\u00e4te i Tjeckiens parlament d\u00f6ljer en fritt tillg\u00e4nglig tr\u00e4dg\u00e5rd full av p\u00e5f\u00e5glar, font\u00e4ner och en enorm konstgjord droppstensv\u00e4gg (grotta), d\u00e4r man vid n\u00e4rmare betraktelse kan se dolda monsteransikten.<\/p>\n<p>Det \u00e4r en perfekt plats att vila p\u00e5 efter att ha utforskat Mal\u00e1 Strana. Gr\u00f6nskan och det porlande vattnet ger en underbar avkoppling. \u00d6ppet april till oktober, intr\u00e4de \u00e4r gratis. <strong>\ud83d\udca1 Tips fr\u00e5n en lokalbo:<\/strong> P\u00e5f\u00e5glarna i tr\u00e4dg\u00e5rden \u00e4r vana vid m\u00e4nniskor, men mata dem inte. S\u00e4tt dig hellre p\u00e5 en b\u00e4nk med utsikt mot Sala terrena och njut av stillheten.<\/p>\n<h2 class=\"wp-block-heading\"><span class=\"ez-toc-section\" id=\"Var_ska_man_ata\"><\/span><span class=\"ez-toc-section\" id=\"Var_ska_man_ata\"><\/span>Var ska man \u00e4ta<span class=\"ez-toc-section-end\"><\/span><span class=\"ez-toc-section-end\"><\/span><\/h2>\n<p>Efter en hel dag av flanerande p\u00e5 kullersten blir man garanterat hungrig. Precis s\u00e5 g\u00e5r det f\u00f6r oss med Luk\u00e1\u0161 varje g\u00e5ng vi vandrar genom hela centrum. Lyckligtvis finns det gott om st\u00e4llen som inte bara handlar om \u00f6verprissatt turist\u00f6l utan ocks\u00e5 om fantastisk mat och den mysiga atmosf\u00e4r vi letar efter.<\/p>\n<p>Som vegetarian har jag dessutom ganska best\u00e4mda \u00e5sikter om vad som \u00e4r en bra lunch, s\u00e5 jag undviker klassiska pubar med tunga s\u00e5ser. Ta en titt p\u00e5 mina favoritst\u00e4llen dit jag g\u00e4rna \u00e5terv\u00e4nder.<\/p>\n<h3 class=\"wp-block-heading\"><span class=\"ez-toc-section\" id=\"Eska_i_Karlin_och_mysiga_bistron\"><\/span><span class=\"ez-toc-section\" id=\"Eska_i_Karlin_och_mysiga_bistron\"><\/span>Eska i Karl\u00edn och mysiga bistron<span class=\"ez-toc-section-end\"><\/span><span class=\"ez-toc-section-end\"><\/span><\/h3>\n<p>N\u00e4r vi beh\u00f6ver byta milj\u00f6 och fly det \u00f6verfulla centrumet hoppar vi g\u00e4rna p\u00e5 sp\u00e5rvagnen och \u00e5ker till Karl\u00edn. H\u00e4r regerar restaurangen Eska, som kombinerar ett fantastiskt bageri med modern tjeckisk gastronomi. R\u00e4tterna tillagas med lokala r\u00e5varor och deras bullar och nybakat br\u00f6d ur ugnen \u00e4r helt enkelt legendariska. Det \u00e4r precis den typen av bistro d\u00e4r man k\u00e4nner sig hemma och avslappnad.<\/p>\n<p>Vill du ha n\u00e5got lyxigare, prova restaurangen p\u00e5 <a class=\"thirstylink\" rel=\"nofollow\" target=\"_blank\" title=\"The Julius Hotel\" href=\"https:\/\/loudavymkrokem.cz\/doporucujeme\/the-julius-hotel\/\" data-shortcode=\"true\">The Julius Hotel<\/a>, som \u00e4ven har ett vegetariskt utbud. Det brukar inte vara st\u00f6kigt d\u00e4r och det ligger n\u00e4ra N\u00e1m\u011bst\u00ed Republiky.<\/p>\n<figure class=\"wp-block-image size-full\"><img loading=\"lazy\" decoding=\"async\" width=\"2048\" height=\"1366\" src=\"https:\/\/loudavymkrokem.cz\/wp-content\/uploads\/2026\/04\/julius-hotel-praha-4281-scaled.jpg\" alt=\"The Julius Hotel \u2013 b\u00e4sta hotellet i Prag\" class=\"wp-image-151070\" title=\"\" srcset=\"https:\/\/loudavymkrokem.cz\/wp-content\/uploads\/2026\/04\/julius-hotel-praha-4281-scaled.jpg 2048w, https:\/\/loudavymkrokem.cz\/wp-content\/uploads\/2026\/04\/julius-hotel-praha-4281-300x200.jpg 300w, https:\/\/loudavymkrokem.cz\/wp-content\/uploads\/2026\/04\/julius-hotel-praha-4281-700x467.jpg 700w, https:\/\/loudavymkrokem.cz\/wp-content\/uploads\/2026\/04\/julius-hotel-praha-4281-768x512.jpg 768w, https:\/\/loudavymkrokem.cz\/wp-content\/uploads\/2026\/04\/julius-hotel-praha-4281-1536x1024.jpg 1536w, https:\/\/loudavymkrokem.cz\/wp-content\/uploads\/2026\/04\/julius-hotel-praha-4281-696x464.jpg 696w, https:\/\/loudavymkrokem.cz\/wp-content\/uploads\/2026\/04\/julius-hotel-praha-4281-1392x928.jpg 1392w, https:\/\/loudavymkrokem.cz\/wp-content\/uploads\/2026\/04\/julius-hotel-praha-4281-1920x1280.jpg 1920w\" sizes=\"auto, (max-width: 2048px) 100vw, 2048px\"><\/figure>\n<p>Ett annat favorittips \u00e4r Maitrea n\u00e4ra Gamla stans torg. Det \u00e4r en fantastisk vegetarisk restaurang g\u00f6md i en sidogata med en underbar interi\u00f6r full av tr\u00e4 och lugnande energi. De erbjuder k\u00f6ttfria versioner av traditionella r\u00e4tter samt asiatisk fusion, vilket har r\u00e4ddat mig vid mer \u00e4n en utmattande promenad genom de historiska gr\u00e4nderna.<\/p>\n<h2 class=\"wp-block-heading\"><span class=\"ez-toc-section\" id=\"Praktisk_info\"><\/span><span class=\"ez-toc-section\" id=\"Praktisk_info\"><\/span>Praktisk info<span class=\"ez-toc-section-end\"><\/span><span class=\"ez-toc-section-end\"><\/span><\/h2>\n<p>Prag \u00e4r lyckligtvis en kompakt stad med utm\u00e4rkt kollektivtrafik, s\u00e5 du beh\u00f6ver verkligen ingen bil. Vi gick med Jon\u00e1\u0161 i barnvagnen genom det mesta av centrum till fots och tog sp\u00e5rvagnen dit backarna blev f\u00f6r jobbiga. \ud83d\ude05 En grundbiljett p\u00e5 30 minuter kostar <strong>1,20 \u20ac<\/strong>, 90 minuter <strong>1,60 \u20ac<\/strong> och en 24-timmarsbiljett <strong>6 \u20ac<\/strong>. Biljetter k\u00f6per du i automater, appen PID L\u00edta\u010dka eller direkt med kontaktl\u00f6st kort i de orangea terminalerna i sp\u00e5rvagnar och bussar.<\/p>\n<p>Fr\u00e5n Sverige tar du dig enklast till Prag med flyg. Direktflyg fr\u00e5n Stockholm Arlanda till Prag opereras av bland annat SAS och Ryanair, och flygtiden \u00e4r bara drygt tv\u00e5 timmar. Fr\u00e5n G\u00f6teborg finns det ocks\u00e5 bra f\u00f6rbindelser, ofta med ett mellanlandning. Vill du j\u00e4mf\u00f6ra priser rekommenderar vi att kolla Skyscanner eller Google Flights.<\/p>\n<p>Om du planerar att bes\u00f6ka flera betalda sev\u00e4rdheter (astronomiska uret, Pet\u0159\u00edn, Judiska staden) kan det vara v\u00e4rt att r\u00e4kna p\u00e5 Prague Visitor Pass. Det fungerar som biljett till kollektivtrafiken och entr\u00e9 till sev\u00e4rdheter i ett, och sparar dig tid i k\u00f6erna.<\/p>\n<h2 class=\"wp-block-heading\"><span class=\"ez-toc-section\" id=\"Vanliga_fragor\"><\/span><span class=\"ez-toc-section\" id=\"Vanliga_fragor\"><\/span>Vanliga fr\u00e5gor<span class=\"ez-toc-section-end\"><\/span><span class=\"ez-toc-section-end\"><\/span><\/h2>\n<div id=\"rank-math-faq\" class=\"rank-math-block\">\n<div class=\"rank-math-list \">\n<div id=\"faq-question-1777052791328\" class=\"rank-math-list-item\">\n<h3 class=\"rank-math-question \"><span class=\"ez-toc-section\" id=\"Vilka_ar_de_viktigaste_sevardheterna_i_Prag\"><\/span><span class=\"ez-toc-section\" id=\"Vilka_ar_de_viktigaste_sevardheterna_i_Prag\"><\/span><strong style=\"white-space: normal\">Vilka \u00e4r de viktigaste sev\u00e4rdheterna i Prag?<\/strong><span class=\"ez-toc-section-end\"><\/span><span class=\"ez-toc-section-end\"><\/span><\/h3>\n<div class=\"rank-math-answer \">\n<p>Till den absoluta grunden h\u00f6r Pragborgen med Sankt Vitus-katedralen, Karlsbron, Gamla stans torg med det astronomiska uret och den historiska stadsdelen Josefov. Dessa platser utg\u00f6r k\u00e4rnan i det UNESCO-skyddade kulturarvet.<\/p>\n<\/div>\n<\/div>\n<div id=\"faq-question-1777052800946\" class=\"rank-math-list-item\">\n<h3 class=\"rank-math-question \"><span class=\"ez-toc-section\" id=\"Hur_mycket_tid_behover_jag_for_att_utforska_Prag\"><\/span><span class=\"ez-toc-section\" id=\"Hur_mycket_tid_behover_jag_for_att_utforska_Prag\"><\/span><strong>Hur mycket tid beh\u00f6ver jag f\u00f6r att utforska Prag?<\/strong><span class=\"ez-toc-section-end\"><\/span><span class=\"ez-toc-section-end\"><\/span><\/h3>\n<div class=\"rank-math-answer \">\n<p>F\u00f6r en grundl\u00e4ggande bekantskap och bes\u00f6k av de viktigaste platserna rekommenderar jag minst tre dagar. Vill du \u00e4ven uppleva atmosf\u00e4ren p\u00e5 kaf\u00e9er, i parker och i de mer perifera stadsdelarna som Karl\u00edn eller Vinohrady, b\u00f6r du avs\u00e4tta fyra till fem dagar.<\/p>\n<\/div>\n<\/div>\n<div id=\"faq-question-1777052808243\" class=\"rank-math-list-item\">\n<h3 class=\"rank-math-question \"><span class=\"ez-toc-section\" id=\"Vilka_sevardheter_i_Prag_ar_gratis\"><\/span><span class=\"ez-toc-section\" id=\"Vilka_sevardheter_i_Prag_ar_gratis\"><\/span><strong>Vilka sev\u00e4rdheter i Prag \u00e4r gratis?<\/strong><span class=\"ez-toc-section-end\"><\/span><span class=\"ez-toc-section-end\"><\/span><\/h3>\n<div class=\"rank-math-answer \">\n<p>Gratis kan du promenera \u00f6ver Karlsbron, genom Pragborgens borgg\u00e5rdar (och den fr\u00e4mre delen av katedralen), runt Vy\u0161ehrad, Vald\u0161tejnsk\u00e1-tr\u00e4dg\u00e5rden, och du kan beundra moderna skulpturer och installationer p\u00e5 offentliga platser.<\/p>\n<\/div>\n<\/div>\n<div id=\"faq-question-1777052819784\" class=\"rank-math-list-item\">\n<h3 class=\"rank-math-question \"><span class=\"ez-toc-section\" id=\"Hur_fungerar_kollektivtrafiken_i_Prag\"><\/span><span class=\"ez-toc-section\" id=\"Hur_fungerar_kollektivtrafiken_i_Prag\"><\/span><strong>Hur fungerar kollektivtrafiken i Prag?<\/strong> <span class=\"ez-toc-section-end\"><\/span><span class=\"ez-toc-section-end\"><\/span><\/h3>\n<div class=\"rank-math-answer \">\n<p>Kollektivtrafiken best\u00e5r av tunnelbana, sp\u00e5rvagnar och bussar. Biljetterna \u00e4r giltiga f\u00f6r byten och baseras p\u00e5 tid (30 minuter, 90 minuter, 24 timmar). Du k\u00f6per dem i appen, automater eller direkt i fordonet med kontaktl\u00f6st kort.<\/p>\n<\/div>\n<\/div>\n<\/div>\n<\/div><\/p>\n","protected":false},"excerpt":{"rendered":"<p>N\u00e4r man s\u00e4ger sev\u00e4rdheter i Prag t\u00e4nker jag p\u00e5 fuktiga h\u00f6stl\u00f6v p\u00e5 kullerstenen och v\u00e5r f\u00f6rsta promenad uppf\u00f6r Nerudova-gatan. H\u00e4ng med p\u00e5 en guide till Prags 20 vackraste platser.<\/p>\n","protected":false},"author":3,"featured_media":151114,"comment_status":"open","ping_status":"open","sticky":false,"template":"","format":"standard","meta":{"footnotes":"","rank_math_title":"","rank_math_description":"","rank_math_focus_keyword":"","rank_math_seo_score":""},"categories":[1178,1211],"tags":[],"class_list":{"0":"post-151267","1":"post","2":"type-post","3":"status-publish","4":"format-standard","5":"has-post-thumbnail","7":"category-europa","8":"category-tjeckien"},"featured_image_src":"https:\/\/loudavymkrokem.cz\/wp-content\/uploads\/2023\/07\/prazsky-hrad-4238.jpg","author_info":{"display_name":"Lucie Kone\u010dn\u00e1","author_link":"https:\/\/loudavymkrokem.cz\/sv\/author\/lucie-konecna\/"},"_links":{"self":[{"href":"https:\/\/loudavymkrokem.cz\/sv\/wp-json\/wp\/v2\/posts\/151267","targetHints":{"allow":["GET"]}}],"collection":[{"href":"https:\/\/loudavymkrokem.cz\/sv\/wp-json\/wp\/v2\/posts"}],"about":[{"href":"https:\/\/loudavymkrokem.cz\/sv\/wp-json\/wp\/v2\/types\/post"}],"author":[{"embeddable":true,"href":"https:\/\/loudavymkrokem.cz\/sv\/wp-json\/wp\/v2\/users\/3"}],"replies":[{"embeddable":true,"href":"https:\/\/loudavymkrokem.cz\/sv\/wp-json\/wp\/v2\/comments?post=151267"}],"version-history":[{"count":1,"href":"https:\/\/loudavymkrokem.cz\/sv\/wp-json\/wp\/v2\/posts\/151267\/revisions"}],"predecessor-version":[{"id":151771,"href":"https:\/\/loudavymkrokem.cz\/sv\/wp-json\/wp\/v2\/posts\/151267\/revisions\/151771"}],"wp:featuredmedia":[{"embeddable":true,"href":"https:\/\/loudavymkrokem.cz\/sv\/wp-json\/wp\/v2\/media\/151114"}],"wp:attachment":[{"href":"https:\/\/loudavymkrokem.cz\/sv\/wp-json\/wp\/v2\/media?parent=151267"}],"wp:term":[{"taxonomy":"category","embeddable":true,"href":"https:\/\/loudavymkrokem.cz\/sv\/wp-json\/wp\/v2\/categories?post=151267"},{"taxonomy":"post_tag","embeddable":true,"href":"https:\/\/loudavymkrokem.cz\/sv\/wp-json\/wp\/v2\/tags?post=151267"}],"curies":[{"name":"wp","href":"https:\/\/api.w.org\/{rel}","templated":true}]}}