{"id":151266,"date":"2026-04-24T20:26:17","date_gmt":"2026-04-24T18:26:17","guid":{"rendered":"https:\/\/loudavymkrokem.cz\/?p=151266"},"modified":"2026-04-30T11:08:39","modified_gmt":"2026-04-30T09:08:39","slug":"vysehrad-guide-prag-tjeckien","status":"publish","type":"post","link":"https:\/\/loudavymkrokem.cz\/sv\/vysehrad-guide-prag-tjeckien\/","title":{"rendered":"Vy\u0161ehrad: Guide till Prags andra borg (basilika, kyrkog\u00e5rd, murar)"},"content":{"rendered":"<p>Varje jul brukade jag g\u00e5 till Vy\u0161ehrad f\u00f6r att l\u00e4sa en dikt vid graven till M\u00e1cha, en av Tjeckiens mest \u00e4lskade poeter. <strong>Det var en tradition jag beh\u00e5llit fr\u00e5n gymnasietiden. Jag \u00e4lskar Vy\u0161ehrad \u2013 vintertid, sommartid, p\u00e5 h\u00f6sten och p\u00e5 v\u00e5ren. N\u00e4r Luk\u00e1\u0161 och jag firade v\u00e5r f\u00f6rsta jul tillsammans var det just Vy\u0161ehrad jag drog honom till p\u00e5 julafton.<\/strong><\/p>\n<p>Vy\u0161ehrad \u00e4r f\u00f6r Pragborna som ett vardagsrum under bar himmel. Medan du p\u00e5 Hrad\u010dany tr\u00e4ngs i folkmassor och k\u00e4mpar om varje kvadratcentimeter, m\u00f6ter du h\u00e4r lokalbor med picknickfiltar, hund\u00e4gare och joggare som slingrar sig mellan de massiva barockmurarna. Numera kommer vi hit \u00e4ven med v\u00e5r tv\u00e5\u00e5rige son Jon\u00e1\u0161. De l\u00e5nga asfalterade v\u00e4garna l\u00e4ngs murarna \u00e4r n\u00e4mligen helt perfekta f\u00f6r barnvagn, och de vidstr\u00e4ckta parkerna under lummiga tr\u00e4d erbjuder h\u00e4rlig skugga under heta sommardagar. Om du planerar en resa till Prag Tjeckien och vill uppleva en lugnare sida av staden \u00e4r Vy\u0161ehrad ett givet stopp. Och som vegetarian uppskattar jag att det nere i Podol\u00ed och vid V\u00fdto\u0148 finns gott om bra bistron som serverar betydligt mer \u00e4n bara stekt ost.<\/p>\n<p>Hela det h\u00e4r omr\u00e5det h\u00f6gt ovanf\u00f6r Moldau har dessutom den enorma f\u00f6rdelen att trots att det \u00e4r en viktig historisk plats, omg\u00e4rdad av legender om furstinnan Libu\u0161e, beh\u00e5ller det en otroligt avslappnad, n\u00e4stan parkliknande atmosf\u00e4r. <strong>Du kan strosa runt i timmar, sitta p\u00e5 murarna med benen dinglande ned\u00e5t och betrakta b\u00e5tarna p\u00e5 floden. Det h\u00e4r \u00e4r helt enkelt inget stelt friluftsmuseum med sp\u00e4rrar \u2013 utan en levande stadsdel dit det verkligen l\u00f6nar sig att fly fr\u00e5n Gamla stadens \u00f6verhettade kullerstensgatorna.<\/strong><\/p>\n<p>I den h\u00e4r artikeln hittar du en komplett guide till <strong>Vy\u0161ehrad<\/strong>, med detaljer om \u00f6ppettider f\u00f6r <strong>basilikan St. Peter och Paul<\/strong>, var exakt <strong>Vy\u0161ehrads kyrkog\u00e5rd<\/strong> och den ber\u00f6mda <strong>Slav\u00edn-graven<\/strong> ligger, och varf\u00f6r du inte b\u00f6r missa den \u00e4ldsta <strong>rotundan St. Martin<\/strong>.<\/p>\n<figure class=\"wp-block-image size-full\"><img loading=\"lazy\" decoding=\"async\" width=\"1200\" height=\"800\" src=\"https:\/\/loudavymkrokem.cz\/wp-content\/uploads\/2026\/04\/vysehrad-4319.jpg\" alt=\"Utsikt fr\u00e5n Vy\u0161ehrad\" class=\"wp-image-151146\" title=\"\" srcset=\"https:\/\/loudavymkrokem.cz\/wp-content\/uploads\/2026\/04\/vysehrad-4319.jpg 1200w, https:\/\/loudavymkrokem.cz\/wp-content\/uploads\/2026\/04\/vysehrad-4319-300x200.jpg 300w, https:\/\/loudavymkrokem.cz\/wp-content\/uploads\/2026\/04\/vysehrad-4319-700x467.jpg 700w, https:\/\/loudavymkrokem.cz\/wp-content\/uploads\/2026\/04\/vysehrad-4319-768x512.jpg 768w, https:\/\/loudavymkrokem.cz\/wp-content\/uploads\/2026\/04\/vysehrad-4319-696x464.jpg 696w\" sizes=\"auto, (max-width: 1200px) 100vw, 1200px\"><figcaption class=\"wp-element-caption\">Utsikt fr\u00e5n Vy\u0161ehrad<\/figcaption><\/figure>\n<div id=\"ez-toc-container\" class=\"ez-toc-v2_0_82_2 ez-toc-wrap-left counter-hierarchy ez-toc-counter ez-toc-grey ez-toc-container-direction\">\n<div class=\"ez-toc-title-container\">\n<p class=\"ez-toc-title\" style=\"cursor:inherit\">Obsah \u010dl\u00e1nku<\/p>\n<span class=\"ez-toc-title-toggle\"><a href=\"#\" class=\"ez-toc-pull-right ez-toc-btn ez-toc-btn-xs ez-toc-btn-default ez-toc-toggle\" aria-label=\"Toggle Table of Content\"><span class=\"ez-toc-js-icon-con\"><span class=\"\"><span class=\"eztoc-hide\" style=\"display:none;\">Toggle<\/span><span class=\"ez-toc-icon-toggle-span\"><svg style=\"fill: #999;color:#999\" xmlns=\"http:\/\/www.w3.org\/2000\/svg\" class=\"list-377408\" width=\"20px\" height=\"20px\" viewBox=\"0 0 24 24\" fill=\"none\"><path d=\"M6 6H4v2h2V6zm14 0H8v2h12V6zM4 11h2v2H4v-2zm16 0H8v2h12v-2zM4 16h2v2H4v-2zm16 0H8v2h12v-2z\" fill=\"currentColor\"><\/path><\/svg><svg style=\"fill: #999;color:#999\" class=\"arrow-unsorted-368013\" xmlns=\"http:\/\/www.w3.org\/2000\/svg\" width=\"10px\" height=\"10px\" viewBox=\"0 0 24 24\" version=\"1.2\" baseProfile=\"tiny\"><path d=\"M18.2 9.3l-6.2-6.3-6.2 6.3c-.2.2-.3.4-.3.7s.1.5.3.7c.2.2.4.3.7.3h11c.3 0 .5-.1.7-.3.2-.2.3-.5.3-.7s-.1-.5-.3-.7zM5.8 14.7l6.2 6.3 6.2-6.3c.2-.2.3-.5.3-.7s-.1-.5-.3-.7c-.2-.2-.4-.3-.7-.3h-11c-.3 0-.5.1-.7.3-.2.2-.3.5-.3.7s.1.5.3.7z\"\/><\/svg><\/span><\/span><\/span><\/a><\/span><\/div>\n<nav><ul class='ez-toc-list ez-toc-list-level-1 ' ><ul class='ez-toc-list-level-3' ><li class='ez-toc-heading-level-3'><a class=\"ez-toc-link ez-toc-heading-1\" href=\"https:\/\/loudavymkrokem.cz\/sv\/vysehrad-guide-prag-tjeckien\/#Sammanfattning\" >Sammanfattning<\/a><\/li><\/ul><\/li><li class='ez-toc-page-1 ez-toc-heading-level-2'><a class=\"ez-toc-link ez-toc-heading-2\" href=\"https:\/\/loudavymkrokem.cz\/sv\/vysehrad-guide-prag-tjeckien\/#Nar_ska_man_besoka_Vysehrad_och_hur_planerar_man\" >N\u00e4r ska man bes\u00f6ka Vy\u0161ehrad och hur planerar man<\/a><ul class='ez-toc-list-level-3' ><li class='ez-toc-heading-level-3'><a class=\"ez-toc-link ez-toc-heading-3\" href=\"https:\/\/loudavymkrokem.cz\/sv\/vysehrad-guide-prag-tjeckien\/#Var_och_host_som_absoluta_favoriter\" >V\u00e5r och h\u00f6st som absoluta favoriter<\/a><\/li><li class='ez-toc-page-1 ez-toc-heading-level-3'><a class=\"ez-toc-link ez-toc-heading-4\" href=\"https:\/\/loudavymkrokem.cz\/sv\/vysehrad-guide-prag-tjeckien\/#Sommarkvallar_och_vintermelankoli\" >Sommarkv\u00e4llar och vintermelankoli<\/a><\/li><li class='ez-toc-page-1 ez-toc-heading-level-3'><a class=\"ez-toc-link ez-toc-heading-5\" href=\"https:\/\/loudavymkrokem.cz\/sv\/vysehrad-guide-prag-tjeckien\/#Hur_mycket_tid_ska_man_rakna_med\" >Hur mycket tid ska man r\u00e4kna med<\/a><\/li><\/ul><\/li><li class='ez-toc-page-1 ez-toc-heading-level-2'><a class=\"ez-toc-link ez-toc-heading-6\" href=\"https:\/\/loudavymkrokem.cz\/sv\/vysehrad-guide-prag-tjeckien\/#Var_ska_man_bo\" >Var ska man bo<\/a><\/li><li class='ez-toc-page-1 ez-toc-heading-level-2'><a class=\"ez-toc-link ez-toc-heading-7\" href=\"https:\/\/loudavymkrokem.cz\/sv\/vysehrad-guide-prag-tjeckien\/#Vad_man_ska_se_och_besoka_pa_Vysehrad\" >Vad man ska se och bes\u00f6ka p\u00e5 Vy\u0161ehrad<\/a><ul class='ez-toc-list-level-3' ><li class='ez-toc-heading-level-3'><a class=\"ez-toc-link ez-toc-heading-8\" href=\"https:\/\/loudavymkrokem.cz\/sv\/vysehrad-guide-prag-tjeckien\/#Basilikan_St_Peter_och_Paul\" >Basilikan St. Peter och Paul<\/a><\/li><li class='ez-toc-page-1 ez-toc-heading-level-3'><a class=\"ez-toc-link ez-toc-heading-9\" href=\"https:\/\/loudavymkrokem.cz\/sv\/vysehrad-guide-prag-tjeckien\/#Vysehrads_kyrkogard_och_Slavin-graven\" >Vy\u0161ehrads kyrkog\u00e5rd och Slav\u00edn-graven<\/a><\/li><li class='ez-toc-page-1 ez-toc-heading-level-3'><a class=\"ez-toc-link ez-toc-heading-10\" href=\"https:\/\/loudavymkrokem.cz\/sv\/vysehrad-guide-prag-tjeckien\/#Rotundan_St_Martin\" >Rotundan St. Martin<\/a><\/li><li class='ez-toc-page-1 ez-toc-heading-level-3'><a class=\"ez-toc-link ez-toc-heading-11\" href=\"https:\/\/loudavymkrokem.cz\/sv\/vysehrad-guide-prag-tjeckien\/#Vysehrads_kasematter_och_Gorlice-salen\" >Vy\u0161ehrads kasematter och Gorlice-salen<\/a><\/li><li class='ez-toc-page-1 ez-toc-heading-level-3'><a class=\"ez-toc-link ez-toc-heading-12\" href=\"https:\/\/loudavymkrokem.cz\/sv\/vysehrad-guide-prag-tjeckien\/#Murar_utsikter_och_legenden_om_Libuse\" >Murar, utsikter och legenden om Libu\u0161e<\/a><\/li><li class='ez-toc-page-1 ez-toc-heading-level-3'><a class=\"ez-toc-link ez-toc-heading-13\" href=\"https:\/\/loudavymkrokem.cz\/sv\/vysehrad-guide-prag-tjeckien\/#Med_barn_pa_Vysehrad_Lekplats_fran_gamla_sagor\" >Med barn p\u00e5 Vy\u0161ehrad: Lekplats fr\u00e5n gamla sagor<\/a><\/li><\/ul><\/li><li class='ez-toc-page-1 ez-toc-heading-level-2'><a class=\"ez-toc-link ez-toc-heading-14\" href=\"https:\/\/loudavymkrokem.cz\/sv\/vysehrad-guide-prag-tjeckien\/#Praktisk_info_for_ditt_besok\" >Praktisk info f\u00f6r ditt bes\u00f6k<\/a><\/li><li class='ez-toc-page-1 ez-toc-heading-level-2'><a class=\"ez-toc-link ez-toc-heading-15\" href=\"https:\/\/loudavymkrokem.cz\/sv\/vysehrad-guide-prag-tjeckien\/#Las_vidare\" >L\u00e4s vidare<\/a><\/li><li class='ez-toc-page-1 ez-toc-heading-level-2'><a class=\"ez-toc-link ez-toc-heading-16\" href=\"https:\/\/loudavymkrokem.cz\/sv\/vysehrad-guide-prag-tjeckien\/#Vanliga_fragor\" >Vanliga fr\u00e5gor<\/a><ul class='ez-toc-list-level-3' ><li class='ez-toc-heading-level-3'><a class=\"ez-toc-link ez-toc-heading-17\" href=\"https:\/\/loudavymkrokem.cz\/sv\/vysehrad-guide-prag-tjeckien\/#Kostar_det_att_komma_in_pa_Vysehrad\" >Kostar det att komma in p\u00e5 Vy\u0161ehrad?<\/a><\/li><li class='ez-toc-page-1 ez-toc-heading-level-3'><a class=\"ez-toc-link ez-toc-heading-18\" href=\"https:\/\/loudavymkrokem.cz\/sv\/vysehrad-guide-prag-tjeckien\/#Kan_jag_ta_med_hund_till_Vysehrad\" >Kan jag ta med hund till Vy\u0161ehrad?<\/a><\/li><li class='ez-toc-page-1 ez-toc-heading-level-3'><a class=\"ez-toc-link ez-toc-heading-19\" href=\"https:\/\/loudavymkrokem.cz\/sv\/vysehrad-guide-prag-tjeckien\/#Ar_Vysehrad_tillgangligt_for_barnvagnar_och_rullstolar\" >\u00c4r Vy\u0161ehrad tillg\u00e4ngligt f\u00f6r barnvagnar och rullstolar?<\/a><\/li><li class='ez-toc-page-1 ez-toc-heading-level-3'><a class=\"ez-toc-link ez-toc-heading-20\" href=\"https:\/\/loudavymkrokem.cz\/sv\/vysehrad-guide-prag-tjeckien\/#Hur_lang_tid_tar_ett_besok_pa_Vysehrad\" >Hur l\u00e5ng tid tar ett bes\u00f6k p\u00e5 Vy\u0161ehrad?<\/a><\/li><li class='ez-toc-page-1 ez-toc-heading-level-3'><a class=\"ez-toc-link ez-toc-heading-21\" href=\"https:\/\/loudavymkrokem.cz\/sv\/vysehrad-guide-prag-tjeckien\/#Var_kan_man_parkera_vid_Vysehrad\" >Var kan man parkera vid Vy\u0161ehrad?<\/a><\/li><li class='ez-toc-page-1 ez-toc-heading-level-3'><a class=\"ez-toc-link ez-toc-heading-22\" href=\"https:\/\/loudavymkrokem.cz\/sv\/vysehrad-guide-prag-tjeckien\/#Ar_rotundan_St_Martin_oppen_for_besokare\" >\u00c4r rotundan St. Martin \u00f6ppen f\u00f6r bes\u00f6kare?<\/a><\/li><\/ul><\/li><\/ul><\/nav><\/div>\n<h3 class=\"wp-block-heading\"><span class=\"ez-toc-section\" id=\"Sammanfattning\"><\/span><span class=\"ez-toc-section\" id=\"Sammanfattning\"><\/span>Sammanfattning<span class=\"ez-toc-section-end\"><\/span><span class=\"ez-toc-section-end\"><\/span><\/h3>\n<ul class=\"wp-block-list\">\n<li>Intr\u00e4de till hela Vy\u0161ehrads omr\u00e5de (parker, murar, g\u00e5ngv\u00e4gar) \u00e4r helt <strong>gratis<\/strong> och \u00f6ppet <strong>dygnet runt<\/strong>.<\/li>\n<li>Huvudattraktionen \u00e4r basilikan St. Peter och Paul med fantastisk jugenddekor \u2013 biljetten kostar cirka <strong>5 \u20ac<\/strong>.<\/li>\n<li>Vy\u0161ehrads kyrkog\u00e5rd och Slav\u00edn-graven \u00e4r den sista viloplatsen f\u00f6r Tjeckiens mest framst\u00e5ende konstn\u00e4rer (Anton\u00edn Dvo\u0159\u00e1k, Bed\u0159ich Smetana, Karel \u010capek).<\/li>\n<li>Fr\u00e5n barockmurarna \u00f6ppnar sig de b\u00e4sta utsikterna \u00f6ver Pragborgen, Moldaudalen och Podol\u00ed.<\/li>\n<li>De underjordiska <strong>kasematterna<\/strong> rymmer salen <strong>Gorlice<\/strong>, d\u00e4r originalbarockskulpturer fr\u00e5n Karlsbron f\u00f6rvaras.<\/li>\n<li>Rotundan St. Martin \u00e4r Prags \u00e4ldsta bevarade rotunda, byggd redan p\u00e5 1000-talet.<\/li>\n<li>Enklaste s\u00e4ttet att ta sig hit \u00e4r med r\u00f6da tunnelbanelinjen C till stationen Vy\u0161ehrad, varifr\u00e5n du g\u00e5r p\u00e5 plan mark.<\/li>\n<li>F\u00f6r familjer med barn finns en fantastisk temalegplats inspirerad av gamla tjeckiska sagor.<\/li>\n<\/ul>\n<figure class=\"wp-block-image size-full\"><img loading=\"lazy\" decoding=\"async\" width=\"1200\" height=\"800\" src=\"https:\/\/loudavymkrokem.cz\/wp-content\/uploads\/2026\/04\/vysehrad-4303.jpg\" alt=\"Vy\u0161ehrad med litet barn\" class=\"wp-image-151149\" title=\"\" srcset=\"https:\/\/loudavymkrokem.cz\/wp-content\/uploads\/2026\/04\/vysehrad-4303.jpg 1200w, https:\/\/loudavymkrokem.cz\/wp-content\/uploads\/2026\/04\/vysehrad-4303-300x200.jpg 300w, https:\/\/loudavymkrokem.cz\/wp-content\/uploads\/2026\/04\/vysehrad-4303-700x467.jpg 700w, https:\/\/loudavymkrokem.cz\/wp-content\/uploads\/2026\/04\/vysehrad-4303-768x512.jpg 768w, https:\/\/loudavymkrokem.cz\/wp-content\/uploads\/2026\/04\/vysehrad-4303-696x464.jpg 696w\" sizes=\"auto, (max-width: 1200px) 100vw, 1200px\"><figcaption class=\"wp-element-caption\">V\u00e5r p\u00e5 Vy\u0161ehrad<\/figcaption><\/figure>\n<h2 class=\"wp-block-heading\"><span class=\"ez-toc-section\" id=\"Nar_ska_man_besoka_Vysehrad_och_hur_planerar_man\"><\/span><span class=\"ez-toc-section\" id=\"Nar_ska_man_besoka_Vysehrad_och_hur_planerar_man\"><\/span>N\u00e4r ska man bes\u00f6ka Vy\u0161ehrad och hur planerar man<span class=\"ez-toc-section-end\"><\/span><span class=\"ez-toc-section-end\"><\/span><\/h2>\n<p>Att planera ett bes\u00f6k p\u00e5 Vy\u0161ehrad \u00e4r betydligt enklare \u00e4n logistiken kring Gamla stans torg. Eftersom en stor del av upplevelsen handlar om att promenera l\u00e4ngs murarna och i parkerna spelar v\u00e4dret en ganska avg\u00f6rande roll. Av egen erfarenhet kan jag s\u00e4ga att jag s\u00e4llan \u00e5ker hit mitt p\u00e5 dagen i augusti, n\u00e4r solen steker mot stenmurarna. Jag f\u00f6redrar tidiga morgnar, sena eftermiddagar eller svalare m\u00e5nader, d\u00e5 platsen har en mycket mer intim k\u00e4nsla och du slipper tr\u00e4ngas mellan dussintals picknickgrupper.<\/p>\n<h3 class=\"wp-block-heading\"><span class=\"ez-toc-section\" id=\"Var_och_host_som_absoluta_favoriter\"><\/span><span class=\"ez-toc-section\" id=\"Var_och_host_som_absoluta_favoriter\"><\/span>V\u00e5r och h\u00f6st som absoluta favoriter<span class=\"ez-toc-section-end\"><\/span><span class=\"ez-toc-section-end\"><\/span><\/h3>\n<p>April, maj och sedan september och oktober \u00e4r objektivt de b\u00e4sta m\u00e5naderna f\u00f6r Vy\u0161ehrad. Det gyllene h\u00f6stljuset, som jag \u00e4lskade under min fotokurs, g\u00f6r underverk med tegelmurarna och basilikans m\u00f6rka torn. P\u00e5 h\u00f6sten, runt tiden f\u00f6r Signal-festivalen (som 2026 h\u00e5lls <strong>15\u201318 oktober<\/strong>), gulnar tr\u00e4den i parken och utsikten \u00f6ver dimman som stiger fr\u00e5n Moldau har en otrolig djup. V\u00e5rm\u00e5naderna bjuder i sin tur p\u00e5 blommande tr\u00e4d l\u00e4ngs murarna mot Podol\u00ed. Under dessa m\u00e5nader \u00e4r temperaturerna dessutom perfekta f\u00f6r l\u00e5nga promenader utan att du efter tio minuter m\u00e5ste s\u00f6ka skugga.<\/p>\n<h3 class=\"wp-block-heading\"><span class=\"ez-toc-section\" id=\"Sommarkvallar_och_vintermelankoli\"><\/span><span class=\"ez-toc-section\" id=\"Sommarkvallar_och_vintermelankoli\"><\/span>Sommarkv\u00e4llar och vintermelankoli<span class=\"ez-toc-section-end\"><\/span><span class=\"ez-toc-section-end\"><\/span><\/h3>\n<p>Sommaren p\u00e5 Vy\u0161ehrad \u00e4r livlig. Caf\u00e9er och utomhusscener \u00e4r fullpackade, folk spelar gitarr i parkerna och det hela p\u00e5minner om en stor festival. Bes\u00f6ker du Vy\u0161ehrad i juli eller augusti rekommenderar jag att komma tidigt p\u00e5 morgonen, eller tv\u00e4rtom vid solnedg\u00e5ngen. Utsikten \u00f6ver solnedg\u00e5ngen bakom Pragborgen fr\u00e5n tegelmurens utsiktsplats \u00e4r s\u00e5 k\u00e4nd att du p\u00e5 kv\u00e4llen m\u00f6ter dussintals fotografer med stativ. Vintern (januari, februari) \u00e4r ett helt annat kapitel. N\u00e4r det sn\u00f6ar \u00e4r Vy\u0161ehrad fullst\u00e4ndigt tyst. Kyrkog\u00e5rden insvept i sn\u00f6 utstr\u00e5lar en oerh\u00f6rd majest\u00e4tisk k\u00e4nsla och man k\u00e4nner sig som om man befann sig mitt i 1800-talet. Var dock beredd p\u00e5 att vinden fr\u00e5n floden kan vara riktigt bitande uppe p\u00e5 murarna.<\/p>\n<h3 class=\"wp-block-heading\"><span class=\"ez-toc-section\" id=\"Hur_mycket_tid_ska_man_rakna_med\"><\/span><span class=\"ez-toc-section\" id=\"Hur_mycket_tid_ska_man_rakna_med\"><\/span>Hur mycket tid ska man r\u00e4kna med<span class=\"ez-toc-section-end\"><\/span><span class=\"ez-toc-section-end\"><\/span><\/h3>\n<p>Vill du bara ta en snabb tur genom omr\u00e5det, fota utsikten och kika in p\u00e5 kyrkog\u00e5rden r\u00e4cker <strong>tv\u00e5 timmar<\/strong>. Men om du vill g\u00e5 in i basilikan, betala f\u00f6r en guidad tur i de underjordiska kasematterna och l\u00e5ta barnen leka p\u00e5 lekplatsen b\u00f6r du avs\u00e4tta en hel <strong>f\u00f6rmiddag<\/strong>. Med Luk\u00e1\u0161 och Jon\u00e1\u0161 tillbringar vi regelbundet hela f\u00f6rmiddagen h\u00e4r, avslutar med en kaffe och promenerar sedan sakta ner mot floden f\u00f6r lunch. Vy\u0161ehrad \u00e4r ingen plats att stressa igenom \u2013 hela dess charm ligger just i det l\u00e5ngsamma tempot.<\/p>\n<figure class=\"wp-block-image size-full\"><img loading=\"lazy\" decoding=\"async\" width=\"1200\" height=\"800\" src=\"https:\/\/loudavymkrokem.cz\/wp-content\/uploads\/2026\/04\/julius-hotel-praha-3880.jpg\" alt=\"Prag sev\u00e4rdhet\" class=\"wp-image-151063\" title=\"\" srcset=\"https:\/\/loudavymkrokem.cz\/wp-content\/uploads\/2026\/04\/julius-hotel-praha-3880.jpg 1200w, https:\/\/loudavymkrokem.cz\/wp-content\/uploads\/2026\/04\/julius-hotel-praha-3880-300x200.jpg 300w, https:\/\/loudavymkrokem.cz\/wp-content\/uploads\/2026\/04\/julius-hotel-praha-3880-700x467.jpg 700w, https:\/\/loudavymkrokem.cz\/wp-content\/uploads\/2026\/04\/julius-hotel-praha-3880-768x512.jpg 768w, https:\/\/loudavymkrokem.cz\/wp-content\/uploads\/2026\/04\/julius-hotel-praha-3880-696x464.jpg 696w\" sizes=\"auto, (max-width: 1200px) 100vw, 1200px\"><figcaption class=\"wp-element-caption\">Utflykt i Prag<\/figcaption><\/figure>\n<h2 class=\"wp-block-heading\"><span class=\"ez-toc-section\" id=\"Var_ska_man_bo\"><\/span><span class=\"ez-toc-section\" id=\"Var_ska_man_bo\"><\/span>Var ska man bo<span class=\"ez-toc-section-end\"><\/span><span class=\"ez-toc-section-end\"><\/span><\/h2>\n<p>N\u00e4r vi senast letade boende i Prag f\u00f6r v\u00e5rt \u00e5rliga bes\u00f6k ville vi ha n\u00e5got strategiskt n\u00e4ra de viktigaste str\u00e5ken men som samtidigt erbj\u00f6d maximal komfort \u2013 att resa med ett tv\u00e5\u00e5rigt barn har sina utmaningar. Vi valde <strong>The <a class=\"thirstylink\" rel=\"nofollow\" target=\"_blank\" title=\"The Julius Hotel\" href=\"https:\/\/loudavymkrokem.cz\/doporucujeme\/the-julius-hotel\/\" data-shortcode=\"true\">Julius Hotel<\/a><\/strong> vid Senov\u00e1\u017en\u00e9 n\u00e1m\u011bst\u00ed och i efterhand var det ett av v\u00e5ra b\u00e4sta beslut. Vi bodde i deras One Bedroom Suite, vilket gav oss tillr\u00e4ckligt med utrymme f\u00f6r kv\u00e4llssitsar efter att Jon\u00e1\u0161 somnat. Designen \u00e4r ren, genomt\u00e4nkt, med subtila referenser till Alfons Muchas f\u00e4rgpalett. Fr\u00e5n hotellet n\u00e5r du Hlavn\u00ed n\u00e1dra\u017e\u00ed (varifr\u00e5n det bara \u00e4r tre stopp med tunnelbanan C till Vy\u0161ehrad) p\u00e5 svaga <strong>fem minuter<\/strong>. Rummen har fullt utrustat pentry, vilket \u00e4r guld v\u00e4rt med barn eller om du g\u00e4rna f\u00f6rbereder din egen frukost. Priser och tillg\u00e4nglighet f\u00f6r dina datum kan du <a href=\"https:\/\/www.booking.com\/hotel\/cz\/julius-meinl-house-prague.html?aid=2397601\" target=\"_blank\" rel=\"noopener nofollow sponsored\">boka via Booking.com<\/a>.<\/p>\n<figure class=\"wp-block-image size-full\"><img loading=\"lazy\" decoding=\"async\" width=\"1200\" height=\"800\" src=\"https:\/\/loudavymkrokem.cz\/wp-content\/uploads\/2026\/04\/vysehrad-4337.jpg\" alt=\"Utsikt fr\u00e5n Vy\u0161ehrad\" class=\"wp-image-151164\" title=\"\" srcset=\"https:\/\/loudavymkrokem.cz\/wp-content\/uploads\/2026\/04\/vysehrad-4337.jpg 1200w, https:\/\/loudavymkrokem.cz\/wp-content\/uploads\/2026\/04\/vysehrad-4337-300x200.jpg 300w, https:\/\/loudavymkrokem.cz\/wp-content\/uploads\/2026\/04\/vysehrad-4337-700x467.jpg 700w, https:\/\/loudavymkrokem.cz\/wp-content\/uploads\/2026\/04\/vysehrad-4337-768x512.jpg 768w, https:\/\/loudavymkrokem.cz\/wp-content\/uploads\/2026\/04\/vysehrad-4337-696x464.jpg 696w\" sizes=\"auto, (max-width: 1200px) 100vw, 1200px\"><figcaption class=\"wp-element-caption\">Utsikt fr\u00e5n Vy\u0161ehrad<\/figcaption><\/figure>\n<h2 class=\"wp-block-heading\"><span class=\"ez-toc-section\" id=\"Vad_man_ska_se_och_besoka_pa_Vysehrad\"><\/span><span class=\"ez-toc-section\" id=\"Vad_man_ska_se_och_besoka_pa_Vysehrad\"><\/span>Vad man ska se och bes\u00f6ka p\u00e5 Vy\u0161ehrad<span class=\"ez-toc-section-end\"><\/span><span class=\"ez-toc-section-end\"><\/span><\/h2>\n<p>Sj\u00e4lva omr\u00e5det rymmer en m\u00e4ngd historiska minnesm\u00e4rken, utsiktsplatser och hemliga vr\u00e5r. L\u00e5t oss titta p\u00e5 de mest intressanta platserna som du inte b\u00f6r missa under din promenad.<\/p>\n<h3 class=\"wp-block-heading\"><span class=\"ez-toc-section\" id=\"Basilikan_St_Peter_och_Paul\"><\/span><span class=\"ez-toc-section\" id=\"Basilikan_St_Peter_och_Paul\"><\/span>Basilikan St. Peter och Paul<span class=\"ez-toc-section-end\"><\/span><span class=\"ez-toc-section-end\"><\/span><\/h3>\n<p>De tv\u00e5 m\u00f6rka nygotiska tornen p\u00e5 basilikan St. Peter och Paul bildar en omissk\u00e4nnlig silhuett i Prags panorama som syns \u00f6verallt ifr\u00e5n. \u00c4ven om den nuvarande formen h\u00e4rr\u00f6r fr\u00e5n sekelskiftet 1800\u20131900 minns grunderna 1000-talet och kung Vratislav II:s styre. Interi\u00f6ren \u00e4r en ren visuell chock \u2013 medan basilikan utifr\u00e5n verkar str\u00e4ng och avskalad, m\u00f6ts du inuti av en otroligt f\u00e4rgglad, rik jugenddekor. V\u00e4ggarna t\u00e4cks av ornament och fresker av paret Urban, som inspirerades av Alfons Muchas stil. Personligen bes\u00f6ker jag s\u00e4llan kyrkor, men den h\u00e4r explosionen av f\u00e4rger, som inte har n\u00e5got gemensamt med klassisk kall gotik, fascinerar mig varje g\u00e5ng.<\/p>\n<p>\u00d6ppet varje dag, men p\u00e5 s\u00f6ndagsf\u00f6rmiddagen h\u00e5lls gudstj\u00e4nster, s\u00e5 f\u00f6r turister \u00e4r det st\u00e4ngt fram till <strong>klockan 12<\/strong>. Grundbiljetten 2026 kostar cirka 5 \u20ac f\u00f6r vuxna, biljetterna k\u00f6per du direkt vid ing\u00e5ngen. Fr\u00e5n tunnelbanestationen Vy\u0161ehrad (linje C) tar du dig hit med en behaglig promenad genom parken p\u00e5 tio minuter. <strong>\ud83d\udca1 Tips fr\u00e5n en lokalbo:<\/strong> Studera detaljerna i freskerna i sidoskeppen \u2013 n\u00e5gra av helgonens ansikten har drag av d\u00e5tida Pragborgare som bidrog ekonomiskt till kyrkans utsmyckning.<\/p>\n<figure class=\"wp-block-image size-full\"><img loading=\"lazy\" decoding=\"async\" width=\"1200\" height=\"800\" src=\"https:\/\/loudavymkrokem.cz\/wp-content\/uploads\/2026\/04\/vysehrad-4305.jpg\" alt=\"Vy\u0161ehrads kyrkog\u00e5rd\" class=\"wp-image-151156\" title=\"\" srcset=\"https:\/\/loudavymkrokem.cz\/wp-content\/uploads\/2026\/04\/vysehrad-4305.jpg 1200w, https:\/\/loudavymkrokem.cz\/wp-content\/uploads\/2026\/04\/vysehrad-4305-300x200.jpg 300w, https:\/\/loudavymkrokem.cz\/wp-content\/uploads\/2026\/04\/vysehrad-4305-700x467.jpg 700w, https:\/\/loudavymkrokem.cz\/wp-content\/uploads\/2026\/04\/vysehrad-4305-768x512.jpg 768w, https:\/\/loudavymkrokem.cz\/wp-content\/uploads\/2026\/04\/vysehrad-4305-696x464.jpg 696w\" sizes=\"auto, (max-width: 1200px) 100vw, 1200px\"><figcaption class=\"wp-element-caption\">Vy\u0161ehrads kyrkog\u00e5rd<\/figcaption><\/figure>\n<div class=\"lk-zazitky-module\">\n<style>\n.lk-zazitky-module * { box-sizing: border-box; margin: 0; padding: 0; }\n.lk-zazitky-module {\n  font-family: 'DM Sans', Georgia, sans-serif;\n  max-width: 100%;\n  margin: 2.5rem auto;\n  background: linear-gradient(135deg, #fdf6f3 0%, #fbede7 100%);\n  border: 1px solid #f0d9cc;\n  border-radius: 16px;\n  overflow: hidden;\n  box-shadow: 0 16px 48px rgba(217, 119, 87, 0.18), 0 4px 12px rgba(0,0,0,0.06);\n}\n.lk-zazitky-header {\n  position: relative;\n  padding: 24px 32px;\n  background: linear-gradient(135deg, #d97757 0%, #c46b4b 60%, #d97757 100%);\n  display: flex;\n  align-items: center;\n  gap: 18px;\n}\n.lk-zazitky-header::before {\n  content: '';\n  position: absolute;\n  inset: 0;\n  background: url(\"data:image\/svg+xml,%3Csvg width='60' height='60' viewBox='0 0 60 60' xmlns='http:\/\/www.w3.org\/2000\/svg'%3E%3Cg fill='none' fill-rule='evenodd'%3E%3Cg fill='%23ffffff' fill-opacity='0.05'%3E%3Cpath d='M36 34v-4h-2v4h-4v2h4v4h2v-4h4v-2h-4zm0-30V0h-2v4h-4v2h4v4h2V6h4V4h-4zM6 34v-4H4v4H0v2h4v4h2v-4h4v-2H6zM6 4V0H4v4H0v2h4v4h2V6h4V4H6z'\/%3E%3C\/g%3E%3C\/g%3E%3C\/svg%3E\") repeat;\n  pointer-events: none;\n}\n.lk-zazitky-header img {\n  width: 64px; height: 64px; border-radius: 12px; flex-shrink: 0;\n  object-fit: cover; box-shadow: 0 4px 12px rgba(0,0,0,0.18); position: relative; z-index: 1;\n}\n.lk-zazitky-header-text { position: relative; z-index: 1; }\n.lk-zazitky-eyebrow {\n  font-size: 10px; font-weight: 600; letter-spacing: 2.5px; text-transform: uppercase;\n  color: rgba(255,255,255,.92); margin-bottom: 5px;\n}\n.lk-zazitky-title {\n  font-family: 'Playfair Display', Georgia, serif;\n  font-size: 24px; font-weight: 700; color: #fff; line-height: 1.2;\n  text-shadow: 0 1px 2px rgba(0,0,0,0.12);\n}\n.lk-zazitky-subtitle {\n  font-size: 13px; color: rgba(255,255,255,.85); margin-top: 4px; font-weight: 300;\n}\n.lk-zazitky-grid {\n  display: grid;\n  grid-template-columns: 1fr 1fr 1fr;\n  gap: 1px;\n  background: rgba(217, 119, 87, 0.12);\n}\n.lk-zazitek-card {\n  background: #ffffff; padding: 22px; display: flex; flex-direction: column; gap: 11px;\n  transition: all 0.3s ease; text-decoration: none; color: inherit; position: relative;\n}\n.lk-zazitek-card:hover {\n  background: #fffaf7; transform: translateY(-2px);\n  box-shadow: 0 8px 24px rgba(217, 119, 87, 0.15); z-index: 1;\n}\n.lk-zazitek-card.is-category {\n  background: linear-gradient(135deg, #fffaf7 0%, #fff3eb 100%);\n  box-shadow: inset 0 1px 0 rgba(217, 119, 87, 0.1);\n}\n.lk-zazitek-card.is-category:hover {\n  background: linear-gradient(135deg, #fff7f2 0%, #ffeee3 100%);\n}\n.lk-zazitek-badge {\n  display: inline-flex; align-items: center; gap: 5px;\n  font-size: 10px; font-weight: 600; letter-spacing: 1.5px; text-transform: uppercase;\n  padding: 5px 11px; border-radius: 20px; width: fit-content;\n  background: rgba(217, 119, 87, 0.10); color: #c46b4b; border: 1px solid rgba(217, 119, 87, 0.22);\n}\n.lk-zazitek-card.is-category .lk-zazitek-badge {\n  background: linear-gradient(135deg, #d97757 0%, #c46b4b 100%); color: #fff;\n  border-color: #c46b4b; box-shadow: 0 2px 8px rgba(217, 119, 87, 0.28);\n}\n.lk-zazitek-name {\n  font-family: 'Playfair Display', Georgia, serif;\n  font-size: 17px; font-weight: 700; color: #111827; line-height: 1.3;\n}\n.lk-zazitek-desc {\n  font-size: 13px; color: #525252; line-height: 1.6; font-weight: 300; flex: 1;\n}\n.lk-zazitek-meta { display: flex; align-items: center; gap: 12px; flex-wrap: wrap; margin-top: 4px; }\n.lk-zazitek-price { font-size: 13px; color: #6b7280; }\n.lk-zazitek-price strong { color: #c46b4b; font-weight: 600; }\n.lk-zazitek-cta {\n  display: inline-flex; align-items: center; justify-content: center; gap: 7px;\n  margin-top: 8px; padding: 11px 16px; border-radius: 8px;\n  background: linear-gradient(135deg, #d97757 0%, #c46b4b 100%);\n  color: #fff; font-size: 13px; font-weight: 500; text-decoration: none;\n  letter-spacing: .3px; transition: all .2s ease; cursor: pointer; border: none;\n  text-align: center; box-shadow: 0 4px 12px rgba(217, 119, 87, 0.28);\n  white-space: nowrap;\n}\n.lk-zazitek-cta:hover {\n  background: linear-gradient(135deg, #c46b4b 0%, #b35e3f 100%);\n  transform: translateY(-1px); box-shadow: 0 6px 16px rgba(217, 119, 87, 0.38);\n}\n.lk-zazitek-card.is-category .lk-zazitek-cta {\n  background: linear-gradient(135deg, #3685fc 0%, #2a6fd9 100%);\n  box-shadow: 0 4px 12px rgba(54, 133, 252, 0.22);\n}\n.lk-zazitek-card.is-category .lk-zazitek-cta:hover {\n  background: linear-gradient(135deg, #2a6fd9 0%, #1e5bc4 100%);\n  box-shadow: 0 6px 16px rgba(54, 133, 252, 0.32);\n}\n.lk-zazitky-footer {\n  padding: 16px 32px;\n  background: linear-gradient(to bottom, #fdf6f3 0%, #f9eae2 100%);\n  border-top: 1px solid rgba(217, 119, 87, 0.18);\n  display: flex; align-items: center; justify-content: center; flex-wrap: wrap; gap: 12px;\n}\n.lk-zazitky-discount {\n  display: inline-flex; align-items: center; gap: 8px;\n  font-size: 13px; color: #6b3a26; font-weight: 500;\n}\n.lk-zazitky-discount-code {\n  font-family: 'Courier New', monospace; font-weight: 700; color: #c46b4b;\n  background: rgba(217, 119, 87, 0.12); padding: 4px 10px; border-radius: 6px;\n  letter-spacing: 1px; font-size: 13px;\n}\n.lk-zazitky-disclaimer {\n  font-size: 11px; color: #8a6e60; font-weight: 300; line-height: 1.5;\n}\n.lk-zazitky-disclaimer a { color: #c46b4b; text-decoration: none; }\n.lk-zazitky-disclaimer a:hover { text-decoration: underline; }\n@media (max-width: 720px) {\n  .lk-zazitky-grid { grid-template-columns: 1fr; }\n  .lk-zazitky-header { padding: 20px 18px; }\n  .lk-zazitky-footer { padding: 14px 18px; }\n  .lk-zazitek-card { padding: 20px; }\n  .lk-zazitky-title { font-size: 20px; }\n}\n<\/style>\n<div class=\"lk-zazitky-header\">\n    <img decoding=\"async\" src=\"https:\/\/loudavymkrokem.cz\/wp-content\/uploads\/2026\/02\/lukas-a-lucka.jpg\" alt=\"Luk\u00e1\u0161 och Lucie\" title=\"\"><\/p>\n<div class=\"lk-zazitky-header-text\">\n<div class=\"lk-zazitky-eyebrow\">Tips fr\u00e5n Luk\u00e1\u0161 och Lucie<\/div>\n<div class=\"lk-zazitky-title\">Upplev Prag annorlunda<\/div>\n<div class=\"lk-zazitky-subtitle\">3 testade tips med 5 % rabatt fr\u00e5n partnern Firma na z\u00e1\u017eitky<\/div>\n<\/p><\/div>\n<\/p><\/div>\n<div class=\"lk-zazitky-grid\">\n<p>    <a class=\"lk-zazitek-card\" href=\"https:\/\/www.firmanazazitky.cz\/plavba-po-vltave-s-obedem?utm_source=loudavymkrokem&amp;utm_medium=referral&amp;utm_campaign=vysehrad-pruvodce-po-druhem-hrade-prahy-bazilika-hrbitov-hradby&amp;utm_content=zazitek-1\" target=\"_blank\" rel=\"nofollow noopener sponsored\"><br \/>\n      <span class=\"lk-zazitek-badge\">\ud83d\udee5 B\u00e5ttur<\/span><\/p>\n<div class=\"lk-zazitek-name\">Kryssning p\u00e5 Moldau med lunch<\/div>\n<div class=\"lk-zazitek-desc\">Vy\u0161ehrads klippor sett fr\u00e5n Moldaus yta \u2013 en lugn kryssning med lunch visar Prags andra borg ur ett perspektiv de flesta turister missar.<\/div>\n<div class=\"lk-zazitek-meta\">\n        <span class=\"lk-zazitek-price\">fr\u00e5n <strong>84 \u20ac<\/strong><\/span>\n      <\/div>\n<p>      <span class=\"lk-zazitek-cta\"><br \/>\n        <svg width=\"14\" height=\"14\" viewBox=\"0 0 24 24\" fill=\"none\" stroke=\"currentColor\" stroke-width=\"2\"><path d=\"M18 13v6a2 2 0 0 1-2 2H5a2 2 0 0 1-2-2V8a2 2 0 0 1 2-2h6\"\/><polyline points=\"15 3 21 3 21 9\"\/><line x1=\"10\" y1=\"14\" x2=\"21\" y2=\"3\"\/><\/svg><br \/>\n        Boka med rabatt<br \/>\n      <\/span><br \/>\n    <\/a><\/p>\n<p>    <a class=\"lk-zazitek-card\" href=\"https:\/\/www.firmanazazitky.cz\/vecere-v-tancicim-dome?utm_source=loudavymkrokem&amp;utm_medium=referral&amp;utm_campaign=vysehrad-pruvodce-po-druhem-hrade-prahy-bazilika-hrbitov-hradby&amp;utm_content=zazitek-2\" target=\"_blank\" rel=\"nofollow noopener sponsored\"><br \/>\n      <span class=\"lk-zazitek-badge\">\ud83c\udf7d Gastro<\/span><\/p>\n<div class=\"lk-zazitek-name\">Middag i Dansande huset<\/div>\n<div class=\"lk-zazitek-desc\">Efter en promenad l\u00e4ngs Vy\u0161ehrads murar, bara n\u00e5gra sp\u00e5rvagnsh\u00e5llplatser bort \u2013 middag med utsikt \u00f6ver Pragborgen fr\u00e5n taket p\u00e5 Dansande huset.<\/div>\n<div class=\"lk-zazitek-meta\">\n        <span class=\"lk-zazitek-price\">fr\u00e5n <strong>116 \u20ac<\/strong><\/span>\n      <\/div>\n<p>      <span class=\"lk-zazitek-cta\"><br \/>\n        <svg width=\"14\" height=\"14\" viewBox=\"0 0 24 24\" fill=\"none\" stroke=\"currentColor\" stroke-width=\"2\"><path d=\"M18 13v6a2 2 0 0 1-2 2H5a2 2 0 0 1-2-2V8a2 2 0 0 1 2-2h6\"\/><polyline points=\"15 3 21 3 21 9\"\/><line x1=\"10\" y1=\"14\" x2=\"21\" y2=\"3\"\/><\/svg><br \/>\n        Boka med rabatt<br \/>\n      <\/span><br \/>\n    <\/a><\/p>\n<p>    <a class=\"lk-zazitek-card is-category\" href=\"https:\/\/www.firmanazazitky.cz\/praha\/?utm_source=loudavymkrokem&amp;utm_medium=referral&amp;utm_campaign=vysehrad-pruvodce-po-druhem-hrade-prahy-bazilika-hrbitov-hradby&amp;utm_content=kategorie\" target=\"_blank\" rel=\"nofollow noopener sponsored\"><br \/>\n      <span class=\"lk-zazitek-badge\">\u2b50 Alla<\/span><\/p>\n<div class=\"lk-zazitek-name\">Alla upplevelser i Prag<\/div>\n<div class=\"lk-zazitek-desc\">Kryssningar, gastronomi, sev\u00e4rdheter och wellness \u2013 komplett utbud av upplevelser i den tjeckiska huvudstaden.<\/div>\n<p>      <span class=\"lk-zazitek-cta\"><br \/>\n        Utforska upplevelser<br \/>\n        <svg width=\"12\" height=\"12\" viewBox=\"0 0 24 24\" fill=\"none\" stroke=\"currentColor\" stroke-width=\"2.5\"><polyline points=\"9 18 15 12 9 6\"\/><\/svg><br \/>\n      <\/span><br \/>\n    <\/a><\/p><\/div>\n<div class=\"lk-zazitky-footer\">\n    <span class=\"lk-zazitky-discount\"><br \/>\n      \u2b50 5 % rabatt med koden<br \/>\n      <span class=\"lk-zazitky-discount-code\">LOUDAVYMKROKEM5<\/span><br \/>\n    <\/span>\n  <\/div>\n<\/div>\n<h3 class=\"wp-block-heading\"><span class=\"ez-toc-section\" id=\"Vysehrads_kyrkogard_och_Slavin-graven\"><\/span><span class=\"ez-toc-section\" id=\"Vysehrads_kyrkogard_och_Slavin-graven\"><\/span>Vy\u0161ehrads kyrkog\u00e5rd och Slav\u00edn-graven<span class=\"ez-toc-section-end\"><\/span><span class=\"ez-toc-section-end\"><\/span><\/h3>\n<p>Alldeles intill basilikan ligger Vy\u0161ehrads kyrkog\u00e5rd, en plats som kan kallas den tjeckiska kulturens panteon. Under den nationella uppvaknandet p\u00e5 1800-talet f\u00f6rvandlades denna vanliga f\u00f6rsamlingskyrkog\u00e5rd till en prestigefylld begravningsplats. Arkitektoniskt mest sl\u00e5ende \u00e4r Slav\u00edn, en enorm gemensam grav som k\u00e4nns igen p\u00e5 statyn av ett bevingat geni p\u00e5 toppen. H\u00e4r vilar Alfons Mucha, Ema Destinnov\u00e1 och skulpt\u00f6ren Josef V\u00e1clav Myslbek. N\u00e4r Luk\u00e1\u0161 och jag promenerar l\u00e4ngs de smala g\u00e5ngarna mellan gravstenarna letar vi ofta efter k\u00e4nda namn \u2013 du hittar Anton\u00edn Dvo\u0159\u00e1ks grav med en vacker byst, Bed\u0159ich Smetanas grav och Karel \u010capeks sista viloplats.<\/p>\n<p>Kyrkog\u00e5rden \u00e4r \u00f6ppen gratis varje dag under \u00e5ret. P\u00e5 sommaren st\u00e4nger grindarna klockan <strong>18:00<\/strong>, under vinterm\u00e5naderna redan klockan <strong>16:00<\/strong> \u2013 t\u00e4nk p\u00e5 det n\u00e4r du planerar din eftermiddagspromenad. Det r\u00e5der alltid absolut tystnad och respekt h\u00e4r, s\u00e5 vi flyr g\u00e4rna hit fr\u00e5n stadens buller. <strong>\ud83d\udca1 Tips fr\u00e5n en lokalbo:<\/strong> Karel \u010capeks grav finns inte direkt vid den centrala Slav\u00edn-graven utan i den bakre delen av kyrkog\u00e5rden (avdelning 12) \u2013 den \u00e4r ofta t\u00e4ckt av sm\u00e5 stenar och pennor som l\u00e4sare l\u00e4mnat efter sig.<\/p>\n<figure class=\"wp-block-image size-full\"><img loading=\"lazy\" decoding=\"async\" width=\"1200\" height=\"800\" src=\"https:\/\/loudavymkrokem.cz\/wp-content\/uploads\/2026\/04\/vysehrad-4311.jpg\" alt=\"Vy\u0161ehrads kyrkog\u00e5rd\" class=\"wp-image-151160\" title=\"\" srcset=\"https:\/\/loudavymkrokem.cz\/wp-content\/uploads\/2026\/04\/vysehrad-4311.jpg 1200w, https:\/\/loudavymkrokem.cz\/wp-content\/uploads\/2026\/04\/vysehrad-4311-300x200.jpg 300w, https:\/\/loudavymkrokem.cz\/wp-content\/uploads\/2026\/04\/vysehrad-4311-700x467.jpg 700w, https:\/\/loudavymkrokem.cz\/wp-content\/uploads\/2026\/04\/vysehrad-4311-768x512.jpg 768w, https:\/\/loudavymkrokem.cz\/wp-content\/uploads\/2026\/04\/vysehrad-4311-696x464.jpg 696w\" sizes=\"auto, (max-width: 1200px) 100vw, 1200px\"><figcaption class=\"wp-element-caption\">Vy\u0161ehrads kyrkog\u00e5rd<\/figcaption><\/figure>\n<h3 class=\"wp-block-heading\"><span class=\"ez-toc-section\" id=\"Rotundan_St_Martin\"><\/span><span class=\"ez-toc-section\" id=\"Rotundan_St_Martin\"><\/span>Rotundan St. Martin<span class=\"ez-toc-section-end\"><\/span><span class=\"ez-toc-section-end\"><\/span><\/h3>\n<p>N\u00e4r du promenerar genom omr\u00e5det fr\u00e5n T\u00e1borsk\u00e1-porten st\u00f6ter du p\u00e5 en liten rund byggnad som ser ut att ha st\u00e5tt d\u00e4r sedan urminnes tider. Rotundan St. Martin \u00e4r Prags \u00e4ldsta bevarade rotunda och h\u00e4rstammar fr\u00e5n andra h\u00e4lften av 1000-talet. Den har \u00f6verlevt otaliga katastrofer, fr\u00e5n plundring under hussitkrigen till perioder d\u00e5 den anv\u00e4ndes som krutmagasin eller lager. Det \u00e4r fascinerande att se en s\u00e5 gammal romansk byggnad i relativt intakt skick, s\u00e4rskilt n\u00e4r man inser att moderna bilar k\u00f6r f\u00f6rbi bara ett stenkast bort.<\/p>\n<p>Rotundan \u00e4r normalt inte \u00f6ppen inv\u00e4ndigt utan \u00f6ppnas bara vid speciella tillf\u00e4llen eller under gudstj\u00e4nster. Runtomkring den l\u00f6per dock huvudv\u00e4gen, s\u00e5 du kan inte missa den. Den st\u00e5r precis vid korsningen av v\u00e4garna mot kasematterna. <strong>\ud83d\udca1 Tips fr\u00e5n en lokalbo:<\/strong> G\u00e5 n\u00e4ra fasaden p\u00e5 h\u00f6ger sida \u2013 ovanf\u00f6r ett av f\u00f6nstren sitter fortfarande en kanonkula inmurad fr\u00e5n 1757, d\u00e5 preussiska trupper bel\u00e4grade Prag.<\/p>\n<figure class=\"wp-block-image size-full\"><img loading=\"lazy\" decoding=\"async\" width=\"1200\" height=\"800\" src=\"https:\/\/loudavymkrokem.cz\/wp-content\/uploads\/2026\/04\/vysehrad-4348.jpg\" alt=\"Rotundan St. Martin p\u00e5 Vy\u0161ehrad\" class=\"wp-image-151168\" title=\"\" srcset=\"https:\/\/loudavymkrokem.cz\/wp-content\/uploads\/2026\/04\/vysehrad-4348.jpg 1200w, https:\/\/loudavymkrokem.cz\/wp-content\/uploads\/2026\/04\/vysehrad-4348-300x200.jpg 300w, https:\/\/loudavymkrokem.cz\/wp-content\/uploads\/2026\/04\/vysehrad-4348-700x467.jpg 700w, https:\/\/loudavymkrokem.cz\/wp-content\/uploads\/2026\/04\/vysehrad-4348-768x512.jpg 768w, https:\/\/loudavymkrokem.cz\/wp-content\/uploads\/2026\/04\/vysehrad-4348-696x464.jpg 696w\" sizes=\"auto, (max-width: 1200px) 100vw, 1200px\"><figcaption class=\"wp-element-caption\">Rotundan St. Martin p\u00e5 Vy\u0161ehrad<\/figcaption><\/figure>\n<h3 class=\"wp-block-heading\"><span class=\"ez-toc-section\" id=\"Vysehrads_kasematter_och_Gorlice-salen\"><\/span><span class=\"ez-toc-section\" id=\"Vysehrads_kasematter_och_Gorlice-salen\"><\/span>Vy\u0161ehrads kasematter och Gorlice-salen<span class=\"ez-toc-section-end\"><\/span><span class=\"ez-toc-section-end\"><\/span><\/h3>\n<p>Under de barocka tegelmurarna som omg\u00e4rdar hela Vy\u0161ehrad g\u00f6mmer sig ett system av hemliga milit\u00e4ra g\u00e5ngar fr\u00e5n 1600-talet. Dessa kasematter anv\u00e4ndes f\u00f6r snabb och obem\u00e4rkt f\u00f6rflyttning av soldater. Rundturen genom de m\u00f6rka, smala och l\u00e4tt fuktiga tegelg\u00e5ngarna slutar i den enorma underjordiska salen kallad Gorlice. Den fungerade ursprungligen som samlingsplats f\u00f6r trupper och matf\u00f6rr\u00e5d, men idag har den en mycket intressantare funktion \u2013 den anv\u00e4nds som f\u00f6rvaringsutrymme f\u00f6r flera originala barockskulpturer fr\u00e5n Karlsbron som fick ers\u00e4ttas med kopior p\u00e5 grund av v\u00e4derslitage. Att se de enorma sandstensskulpturerna i ett upplyst underjordiskt utrymme \u00e4r en ganska intensiv upplevelse.<\/p>\n<p>Ing\u00e5ngen till kasematterna hittar du vid Ciheln\u00e1-porten. Guidade rundturer g\u00e5r varje hel timme och full biljett kostar <strong>6 \u20ac<\/strong>. \u00d6ppet dagligen fr\u00e5n <strong>9:30 till 17:00<\/strong> (p\u00e5 sommaren till 18:00). Inuti r\u00e5der en konstant temperatur runt <strong>15 \u00b0C<\/strong>. <strong>\ud83d\udca1 Tips fr\u00e5n en lokalbo:<\/strong> Ta med en l\u00e4tt tr\u00f6ja ner p\u00e5 sommaren \u2013 \u00e4ven om det \u00e4r trettio grader ute b\u00f6rjar du frysa efter tjugo minuter i den underjordiska fuktigheten.<\/p>\n<figure class=\"wp-block-image size-full\"><img loading=\"lazy\" decoding=\"async\" width=\"1200\" height=\"800\" src=\"https:\/\/loudavymkrokem.cz\/wp-content\/uploads\/2026\/04\/vysehrad-4340.jpg\" alt=\"Murar p\u00e5 Vy\u0161ehrad\" class=\"wp-image-151163\" title=\"\" srcset=\"https:\/\/loudavymkrokem.cz\/wp-content\/uploads\/2026\/04\/vysehrad-4340.jpg 1200w, https:\/\/loudavymkrokem.cz\/wp-content\/uploads\/2026\/04\/vysehrad-4340-300x200.jpg 300w, https:\/\/loudavymkrokem.cz\/wp-content\/uploads\/2026\/04\/vysehrad-4340-700x467.jpg 700w, https:\/\/loudavymkrokem.cz\/wp-content\/uploads\/2026\/04\/vysehrad-4340-768x512.jpg 768w, https:\/\/loudavymkrokem.cz\/wp-content\/uploads\/2026\/04\/vysehrad-4340-696x464.jpg 696w\" sizes=\"auto, (max-width: 1200px) 100vw, 1200px\"><figcaption class=\"wp-element-caption\">Murar p\u00e5 Vy\u0161ehrad<\/figcaption><\/figure>\n<h3 class=\"wp-block-heading\"><span class=\"ez-toc-section\" id=\"Murar_utsikter_och_legenden_om_Libuse\"><\/span><span class=\"ez-toc-section\" id=\"Murar_utsikter_och_legenden_om_Libuse\"><\/span>Murar, utsikter och legenden om Libu\u0161e<span class=\"ez-toc-section-end\"><\/span><span class=\"ez-toc-section-end\"><\/span><\/h3>\n<p>Det som g\u00f6r Vy\u0161ehrad till en s\u00e5 eftertraktad plats \u00e4r de m\u00e4ktiga barockmurarna. De bildar en tv\u00e5 och en halv kilometer l\u00e5ng slinga som man bekv\u00e4mt kan promenera l\u00e4ngs, med utsikter \u00e5t alla v\u00e4derstreck. Den vackraste vyn \u00f6ppnar sig fr\u00e5n den sydv\u00e4stra bastionen mot floden, Podol\u00ed och Zl\u00edchov p\u00e5 andra sidan. Fr\u00e5n utsiktsplatsen vid galleriet bjuds den mest ikoniska vyn av alla \u2013 Pragborgen \u00f6ver Nya stadens tak\u00e5sar. Till Vy\u0161ehrad knyts legender om furstinnan Libu\u0161e, som h\u00e4rifr\u00e5n ska ha f\u00f6rutsp\u00e5tt Prags storhet. Under promenaden ovanf\u00f6r floden kan du l\u00e4gga m\u00e4rke till ruinen av ett gotiskt vakttorn som sticker ut ur klippan \u2013 det kallas Libu\u0161es bad, trots att det historiskt inte har n\u00e5got att g\u00f6ra med den mytiska furstinnan.<\/p>\n<p>P\u00e5 gr\u00e4smattan i parken ligger de s\u00e5 kallade Dj\u00e4vulens pelare, tre delar av en s\u00f6nderslagen granitpelare som enligt s\u00e4gnen kastades hit av dj\u00e4vulen n\u00e4r han f\u00f6rlorade ett vad med en lokal pr\u00e4st. Murarna och parkerna \u00e4r tillg\u00e4ngliga dygnet runt och helt gratis. <strong>\ud83d\udca1 Tips fr\u00e5n en lokalbo:<\/strong> Vill du ha lugn och ro f\u00f6r att fotografera utsikten \u00f6ver Moldau utan fr\u00e4mmande huvuden i bild, kom hit en s\u00f6ndagsmorgon runt \u00e5tta \u2013 d\u00e5 har du murarna praktiskt taget f\u00f6r dig sj\u00e4lv och morgonens hund\u00e4gare.<\/p>\n<figure class=\"wp-block-image size-full\"><img loading=\"lazy\" decoding=\"async\" width=\"1200\" height=\"800\" src=\"https:\/\/loudavymkrokem.cz\/wp-content\/uploads\/2026\/04\/vysehrad-4316.jpg\" alt=\"Utsikt fr\u00e5n Vy\u0161ehrad\" class=\"wp-image-151159\" title=\"\" srcset=\"https:\/\/loudavymkrokem.cz\/wp-content\/uploads\/2026\/04\/vysehrad-4316.jpg 1200w, https:\/\/loudavymkrokem.cz\/wp-content\/uploads\/2026\/04\/vysehrad-4316-300x200.jpg 300w, https:\/\/loudavymkrokem.cz\/wp-content\/uploads\/2026\/04\/vysehrad-4316-700x467.jpg 700w, https:\/\/loudavymkrokem.cz\/wp-content\/uploads\/2026\/04\/vysehrad-4316-768x512.jpg 768w, https:\/\/loudavymkrokem.cz\/wp-content\/uploads\/2026\/04\/vysehrad-4316-696x464.jpg 696w\" sizes=\"auto, (max-width: 1200px) 100vw, 1200px\"><figcaption class=\"wp-element-caption\">Utsikt fr\u00e5n Vy\u0161ehrad<\/figcaption><\/figure>\n<h3 class=\"wp-block-heading\"><span class=\"ez-toc-section\" id=\"Med_barn_pa_Vysehrad_Lekplats_fran_gamla_sagor\"><\/span><span class=\"ez-toc-section\" id=\"Med_barn_pa_Vysehrad_Lekplats_fran_gamla_sagor\"><\/span>Med barn p\u00e5 Vy\u0161ehrad: Lekplats fr\u00e5n gamla sagor<span class=\"ez-toc-section-end\"><\/span><span class=\"ez-toc-section-end\"><\/span><\/h3>\n<p>N\u00e4r vi \u00e4r i Prag med Jon\u00e1\u0161 har lekplatser blivit v\u00e5rt nya stopp mellan sev\u00e4rdheterna. Vy\u0161ehrads lekplats &#8221;Fr\u00e5n gamla tjeckiska sagor&#8221; hittar du i en lugn del av parken n\u00e4ra rotundan St. Martin, och hela platsen \u00e4r byggd av massiv akaciatr\u00e4. H\u00e4r finns tr\u00e4skulpturer av sagofigurer, olika kl\u00e4tterst\u00e4llningar, sm\u00e5 stugor och gungor \u2013 allt k\u00e4nslofullt inpassat i omgivningen under fullvuxna tr\u00e4d.<\/p>\n<p>Lekplatsen \u00e4r inh\u00e4gnad, vilket jag som f\u00f6r\u00e4lder till ett litet barn som g\u00e4rna springer \u00e5t alla h\u00e5ll uppskattar enormt. Marken \u00e4r t\u00e4ckt av mjuk sand och grus och det finns gott om b\u00e4nkar att vila p\u00e5. Intr\u00e4det \u00e4r f\u00f6rst\u00e5s gratis.<\/p>\n<figure class=\"wp-block-image size-full\"><img loading=\"lazy\" decoding=\"async\" width=\"1200\" height=\"800\" src=\"https:\/\/loudavymkrokem.cz\/wp-content\/uploads\/2026\/04\/vysehrad-4346.jpg\" alt=\"Lekplats p\u00e5 Vy\u0161ehrad\" class=\"wp-image-151166\" title=\"\" srcset=\"https:\/\/loudavymkrokem.cz\/wp-content\/uploads\/2026\/04\/vysehrad-4346.jpg 1200w, https:\/\/loudavymkrokem.cz\/wp-content\/uploads\/2026\/04\/vysehrad-4346-300x200.jpg 300w, https:\/\/loudavymkrokem.cz\/wp-content\/uploads\/2026\/04\/vysehrad-4346-700x467.jpg 700w, https:\/\/loudavymkrokem.cz\/wp-content\/uploads\/2026\/04\/vysehrad-4346-768x512.jpg 768w, https:\/\/loudavymkrokem.cz\/wp-content\/uploads\/2026\/04\/vysehrad-4346-696x464.jpg 696w\" sizes=\"auto, (max-width: 1200px) 100vw, 1200px\"><figcaption class=\"wp-element-caption\">Lekplats p\u00e5 Vy\u0161ehrad<\/figcaption><\/figure>\n<h2 class=\"wp-block-heading\"><span class=\"ez-toc-section\" id=\"Praktisk_info_for_ditt_besok\"><\/span><span class=\"ez-toc-section\" id=\"Praktisk_info_for_ditt_besok\"><\/span>Praktisk info f\u00f6r ditt bes\u00f6k<span class=\"ez-toc-section-end\"><\/span><span class=\"ez-toc-section-end\"><\/span><\/h2>\n<p>Innan du beger dig till Vy\u0161ehrad har jag sammanst\u00e4llt lite praktisk information om transport, mat och biljetter.<\/p>\n<p><strong>Transport och hur man tar sig dit:<\/strong> Enklaste v\u00e4gen till Vy\u0161ehrad \u00e4r med r\u00f6da tunnelbanelinjen C till stationen Vy\u0161ehrad. D\u00e4rifr\u00e5n promenerar du cirka 10 minuter p\u00e5 helt plan mark f\u00f6rbi Kongrescentret till T\u00e1borsk\u00e1-porten. Den h\u00e4r v\u00e4gen \u00e4r perfekt f\u00f6r barnvagnar eller personer med nedsatt r\u00f6rlighet. Ett alternativ, som \u00e4r lite mer romantiskt, \u00e4r att ta sp\u00e5rvagnen (linje 2, 3, 17, 21) till h\u00e5llplatsen V\u00fdto\u0148 och sedan g\u00e5 uppf\u00f6r backen l\u00e4ngs murarna. Det \u00e4r visserligen ganska brant, men gradvis \u00f6ppnar sig fantastiska utsikter \u00f6ver floden. Flyger du fr\u00e5n Sverige till Prag? Det finns direktflyg fr\u00e5n Stockholm med SAS och Norwegian samt fr\u00e5n G\u00f6teborg med flera l\u00e5gprisbolag. En enkel <strong>30-minuters<\/strong> biljett f\u00f6r kollektivtrafiken kostar cirka <strong>1,20 \u20ac<\/strong>, dagsbiljetten runt <strong>6 \u20ac<\/strong>.<\/p>\n<p><strong>Mat och dryck:<\/strong> Direkt inne i Vy\u0161ehrads omr\u00e5de finns flera kaf\u00e9er och restauranger dit du kan sticka in. Vi var nyligen och tog t\u00e5rta och kaffe n\u00e4r v\u00e5r son, trettio minuter efter frukosten, absolut beh\u00f6vde en mellanm\u00e5lspaus.<\/p>\n<p><strong>Biljetter och \u00f6ppettider:<\/strong> Som jag redan n\u00e4mnt \u00e4r sj\u00e4lva omr\u00e5det \u2013 parker, g\u00e5ngv\u00e4gar, murar \u2013 \u00f6ppet dygnet runt och gratis. Du betalar bara f\u00f6r att g\u00e5 in i specifika byggnader:<\/p>\n<ul class=\"wp-block-list\">\n<li>Basilikan St. Peter och Paul: ca 5 \u20ac (dagligen, s\u00f6ndagar f\u00f6rst fr\u00e5n kl. 12:00)<\/li>\n<li>Kasematterna och Gorlice: ca 6 \u20ac (dagligen 9:30\u201317:00\/18:00)<\/li>\n<li>Vy\u0161ehrads kyrkog\u00e5rd: gratis (\u00f6ppen dagligen, st\u00e4nger kl. 16:00 eller 18:00 beroende p\u00e5 s\u00e4song).<\/li>\n<\/ul>\n<figure class=\"wp-block-image size-full\"><img loading=\"lazy\" decoding=\"async\" width=\"1200\" height=\"800\" src=\"https:\/\/loudavymkrokem.cz\/wp-content\/uploads\/2026\/04\/vysehrad-4349.jpg\" alt=\"Kaf\u00e9 p\u00e5 Vy\u0161ehrad\" class=\"wp-image-151169\" title=\"\" srcset=\"https:\/\/loudavymkrokem.cz\/wp-content\/uploads\/2026\/04\/vysehrad-4349.jpg 1200w, https:\/\/loudavymkrokem.cz\/wp-content\/uploads\/2026\/04\/vysehrad-4349-300x200.jpg 300w, https:\/\/loudavymkrokem.cz\/wp-content\/uploads\/2026\/04\/vysehrad-4349-700x467.jpg 700w, https:\/\/loudavymkrokem.cz\/wp-content\/uploads\/2026\/04\/vysehrad-4349-768x512.jpg 768w, https:\/\/loudavymkrokem.cz\/wp-content\/uploads\/2026\/04\/vysehrad-4349-696x464.jpg 696w\" sizes=\"auto, (max-width: 1200px) 100vw, 1200px\"><figcaption class=\"wp-element-caption\">Kaf\u00e9 Bystro p\u00e5 Vy\u0161ehrad<\/figcaption><\/figure>\n<h2 class=\"wp-block-heading\"><span class=\"ez-toc-section\" id=\"Las_vidare\"><\/span><span class=\"ez-toc-section\" id=\"Las_vidare\"><\/span>L\u00e4s vidare<span class=\"ez-toc-section-end\"><\/span><span class=\"ez-toc-section-end\"><\/span><\/h2>\n<ul class=\"wp-block-list\">\n<li>Planerar du en hel resa? L\u00e4s min stora guide <a href=\"https:\/\/loudavymkrokem.cz\/sv\/se-gora-besoka-prag\/\">Vad man ska se i Prag<\/a>, d\u00e4r du hittar dussintals fler tips utanf\u00f6r de vanliga turiststr\u00e5ken.<\/li>\n<li>Vill du j\u00e4mf\u00f6ra det lugna Vy\u0161ehrad med dess ber\u00f6mda syskon? Kolla in artikeln om <a href=\"https:\/\/loudavymkrokem.cz\/sv\/?p=151272\">Pragborgen<\/a>.<\/li>\n<li>Reser du med sm\u00e5barn? D\u00e5 har du nytta av v\u00e5r speciella guide <a href=\"https:\/\/loudavymkrokem.cz\/sv\/prag-med-smabarn-tips\/\">Vad man kan g\u00f6ra med sm\u00e5barn i Prag<\/a>, d\u00e4r jag delar med mig av favoritlpekplatser och barnv\u00e4nliga kaf\u00e9er.<\/li>\n<\/ul>\n<h2 class=\"wp-block-heading\"><span class=\"ez-toc-section\" id=\"Vanliga_fragor\"><\/span><span class=\"ez-toc-section\" id=\"Vanliga_fragor\"><\/span>Vanliga fr\u00e5gor<span class=\"ez-toc-section-end\"><\/span><span class=\"ez-toc-section-end\"><\/span><\/h2>\n<div id=\"rank-math-faq\" class=\"rank-math-block\">\n<div class=\"rank-math-list \">\n<div id=\"faq-question-1777055066991\" class=\"rank-math-list-item\">\n<h3 class=\"rank-math-question \"><span class=\"ez-toc-section\" id=\"Kostar_det_att_komma_in_pa_Vysehrad\"><\/span><span class=\"ez-toc-section\" id=\"Kostar_det_att_komma_in_pa_Vysehrad\"><\/span><strong>Kostar det att komma in p\u00e5 Vy\u0161ehrad?<\/strong><span class=\"ez-toc-section-end\"><\/span><span class=\"ez-toc-section-end\"><\/span><\/h3>\n<div class=\"rank-math-answer \">\n<p>Nej, intr\u00e4de till hela utomhusomr\u00e5det, murarna och parkerna \u00e4r helt gratis. Du betalar bara om du vill g\u00e5 in i basilikan, de underjordiska kasematterna eller galleriet.<\/p>\n<\/div>\n<\/div>\n<div id=\"faq-question-1777055079043\" class=\"rank-math-list-item\">\n<h3 class=\"rank-math-question \"><span class=\"ez-toc-section\" id=\"Kan_jag_ta_med_hund_till_Vysehrad\"><\/span><span class=\"ez-toc-section\" id=\"Kan_jag_ta_med_hund_till_Vysehrad\"><\/span><strong>Kan jag ta med hund till Vy\u0161ehrad?<\/strong> <span class=\"ez-toc-section-end\"><\/span><span class=\"ez-toc-section-end\"><\/span><\/h3>\n<div class=\"rank-math-answer \">\n<p>Ja, Vy\u0161ehrad \u00e4r mycket popul\u00e4rt bland lokala hund\u00e4gare. Hundar m\u00e5ste dock vara kopplade inom det nationella kulturminnesomr\u00e5det och f\u00e5r inte komma in p\u00e5 lekplatsen eller kyrkog\u00e5rden.<\/p>\n<\/div>\n<\/div>\n<div id=\"faq-question-1777055083751\" class=\"rank-math-list-item\">\n<h3 class=\"rank-math-question \"><span class=\"ez-toc-section\" id=\"Ar_Vysehrad_tillgangligt_for_barnvagnar_och_rullstolar\"><\/span><span class=\"ez-toc-section\" id=\"Ar_Vysehrad_tillgangligt_for_barnvagnar_och_rullstolar\"><\/span><strong>\u00c4r Vy\u0161ehrad tillg\u00e4ngligt f\u00f6r barnvagnar och rullstolar?<\/strong><span class=\"ez-toc-section-end\"><\/span><span class=\"ez-toc-section-end\"><\/span><\/h3>\n<div class=\"rank-math-answer \">\n<p>Absolut. Kommer du med tunnelbanan C till stationen Vy\u0161ehrad leder hela v\u00e4gen till basilikan och huvudrundan l\u00e4ngs murarna p\u00e5 asfalterade, plana v\u00e4gar utan trappor. Bara vissa sidogr\u00e4nder har kullersten.<\/p>\n<\/div>\n<\/div>\n<div id=\"faq-question-1777055092052\" class=\"rank-math-list-item\">\n<h3 class=\"rank-math-question \"><span class=\"ez-toc-section\" id=\"Hur_lang_tid_tar_ett_besok_pa_Vysehrad\"><\/span><span class=\"ez-toc-section\" id=\"Hur_lang_tid_tar_ett_besok_pa_Vysehrad\"><\/span><strong>Hur l\u00e5ng tid tar ett bes\u00f6k p\u00e5 Vy\u0161ehrad?<\/strong><span class=\"ez-toc-section-end\"><\/span><span class=\"ez-toc-section-end\"><\/span><\/h3>\n<div class=\"rank-math-answer \">\n<p>F\u00f6r en lugn promenad med utsikter fr\u00e5n murarna och bes\u00f6k p\u00e5 kyrkog\u00e5rden rekommenderar jag att avs\u00e4tta 2 till 3 timmar. Med bes\u00f6k inuti byggnaderna och lunch tillbringar du l\u00e4tt en halv dag h\u00e4r.<\/p>\n<\/div>\n<\/div>\n<div id=\"faq-question-1777055100734\" class=\"rank-math-list-item\">\n<h3 class=\"rank-math-question \"><span class=\"ez-toc-section\" id=\"Var_kan_man_parkera_vid_Vysehrad\"><\/span><span class=\"ez-toc-section\" id=\"Var_kan_man_parkera_vid_Vysehrad\"><\/span><strong>Var kan man parkera vid Vy\u0161ehrad?<\/strong> <span class=\"ez-toc-section-end\"><\/span><span class=\"ez-toc-section-end\"><\/span><\/h3>\n<div class=\"rank-math-answer \">\n<p>B\u00e4st \u00e4r att st\u00e4lla bilen i betalzonerna i n\u00e4rheten av tunnelbanestationen Vy\u0161ehrad eller nere i Podol\u00ed och sedan g\u00e5 resten till fots.<\/p>\n<\/div>\n<\/div>\n<div id=\"faq-question-1777055115685\" class=\"rank-math-list-item\">\n<h3 class=\"rank-math-question \"><span class=\"ez-toc-section\" id=\"Ar_rotundan_St_Martin_oppen_for_besokare\"><\/span><span class=\"ez-toc-section\" id=\"Ar_rotundan_St_Martin_oppen_for_besokare\"><\/span><strong>\u00c4r rotundan St. Martin \u00f6ppen f\u00f6r bes\u00f6kare?<\/strong><span class=\"ez-toc-section-end\"><\/span><span class=\"ez-toc-section-end\"><\/span><\/h3>\n<div class=\"rank-math-answer \">\n<p>Nej, rotundan \u00e4r av s\u00e4kerhets- och bevarandesk\u00e4l st\u00e4ngd st\u00f6rre delen av \u00e5ret och du kan bara titta p\u00e5 den utifr\u00e5n. Den \u00f6ppnas bara vid enstaka tillf\u00e4llen, till exempel under Kyrkornas natt eller Europeiska kulturarvsdagarna.<\/p>\n<\/div>\n<\/div>\n<\/div>\n<\/div>\n","protected":false},"excerpt":{"rendered":"<p>Vy\u0161ehrad \u00e4r en av mina favoritplatser i Prag Tjeckien \u2013 h\u00e4r \u00e4r det lugnt, aldrig tr\u00e5ngt, och utsikten \u00f6ver staden \u00e4r helt oslagbar.<\/p>\n","protected":false},"author":3,"featured_media":151159,"comment_status":"open","ping_status":"open","sticky":false,"template":"","format":"standard","meta":{"footnotes":"","rank_math_title":"","rank_math_description":"","rank_math_focus_keyword":"","rank_math_seo_score":""},"categories":[1178,1211],"tags":[],"class_list":{"0":"post-151266","1":"post","2":"type-post","3":"status-publish","4":"format-standard","5":"has-post-thumbnail","7":"category-europa","8":"category-tjeckien"},"featured_image_src":"https:\/\/loudavymkrokem.cz\/wp-content\/uploads\/2026\/04\/vysehrad-4316.jpg","author_info":{"display_name":"Lucie Kone\u010dn\u00e1","author_link":"https:\/\/loudavymkrokem.cz\/sv\/author\/lucie-konecna\/"},"_links":{"self":[{"href":"https:\/\/loudavymkrokem.cz\/sv\/wp-json\/wp\/v2\/posts\/151266","targetHints":{"allow":["GET"]}}],"collection":[{"href":"https:\/\/loudavymkrokem.cz\/sv\/wp-json\/wp\/v2\/posts"}],"about":[{"href":"https:\/\/loudavymkrokem.cz\/sv\/wp-json\/wp\/v2\/types\/post"}],"author":[{"embeddable":true,"href":"https:\/\/loudavymkrokem.cz\/sv\/wp-json\/wp\/v2\/users\/3"}],"replies":[{"embeddable":true,"href":"https:\/\/loudavymkrokem.cz\/sv\/wp-json\/wp\/v2\/comments?post=151266"}],"version-history":[{"count":1,"href":"https:\/\/loudavymkrokem.cz\/sv\/wp-json\/wp\/v2\/posts\/151266\/revisions"}],"predecessor-version":[{"id":151765,"href":"https:\/\/loudavymkrokem.cz\/sv\/wp-json\/wp\/v2\/posts\/151266\/revisions\/151765"}],"wp:featuredmedia":[{"embeddable":true,"href":"https:\/\/loudavymkrokem.cz\/sv\/wp-json\/wp\/v2\/media\/151159"}],"wp:attachment":[{"href":"https:\/\/loudavymkrokem.cz\/sv\/wp-json\/wp\/v2\/media?parent=151266"}],"wp:term":[{"taxonomy":"category","embeddable":true,"href":"https:\/\/loudavymkrokem.cz\/sv\/wp-json\/wp\/v2\/categories?post=151266"},{"taxonomy":"post_tag","embeddable":true,"href":"https:\/\/loudavymkrokem.cz\/sv\/wp-json\/wp\/v2\/tags?post=151266"}],"curies":[{"name":"wp","href":"https:\/\/api.w.org\/{rel}","templated":true}]}}