{"id":147502,"date":"2026-05-31T00:02:06","date_gmt":"2026-05-30T22:02:06","guid":{"rendered":"https:\/\/loudavymkrokem.cz\/?p=147502"},"modified":"2026-09-02T06:55:28","modified_gmt":"2026-09-02T04:55:28","slug":"cascais-portugal-tips","status":"publish","type":"post","link":"https:\/\/loudavymkrokem.cz\/sv\/cascais-portugal-tips\/","title":{"rendered":"Cascais, Portugal: 15 tips p\u00e5 vad du ska se och g\u00f6ra"},"content":{"rendered":"\n<!-- lk-tldr -->\n<div class=\"lk-tldr\" style=\"background:#f7f5f0;border-left:4px solid #c39f76;border-radius:0 10px 10px 0;padding:14px 18px;margin:0 0 26px;font-size:15px;line-height:1.65;\"><strong style=\"display:block;font-size:12px;text-transform:uppercase;letter-spacing:.06em;color:#a9885a;margin-bottom:5px;\">TL;DR<\/strong>Cascais \u00e4r en kosmopolitisk kuststad ungef\u00e4r 45 minuter med t\u00e5g fr\u00e5n Lissabon (fr\u00e5n stationen Cais do Sodr\u00e9), perfekt f\u00f6r ett tv\u00e5dagarsbes\u00f6k, eller fyra till fem dagar om du planerar utflykter h\u00e4rifr\u00e5n till Sintra eller till udden Cabo da Roca. Artikeln bjuder p\u00e5 15 tips, bland annat den historiska stadsk\u00e4rnan med azulejos-kakel, klippklyftan <strong>Boca do Inferno<\/strong>, fyren Santa Marta, museet Casa das Hist\u00f3rias Paula Rego och den vilda surfstranden <strong>Praia do Guincho<\/strong> som \u00e4r f\u00f6rbunden med centrum via en nio kilometer l\u00e5ng cykelbana. De b\u00e4sta m\u00e5naderna att bes\u00f6ka \u00e4r maj, juni, september och oktober med temperaturer runt 22 till 26 grader och f\u00e4rre turister. Rekommenderade boenden inkluderar <strong><a href=\"https:\/\/www.stay22.com\/allez\/roam?aid=lukaskonecny&amp;campaign=loudavymkrokemcz&amp;campaign=cascais&amp;hotelname=Hotel%20Baia&amp;address=Cascais%2C%20Portugal\" target=\"_blank\" rel=\"noopener nofollow sponsored\">Hotel Baia<\/a><\/strong> vid strandpromenaden och lyxiga Hotel Cascais Miragem Health &amp; Spa p\u00e5 en klippa ovanf\u00f6r havet.<\/div>\n<!-- \/lk-tldr -->\n\n\n\n<!-- lk-navbar -->\n<div class=\"lk-navbar\" style=\"margin:0 0 28px;\"><div style=\"font-size:12px;text-transform:uppercase;letter-spacing:.06em;color:#a9885a;font-weight:700;margin-bottom:9px;\">Snabbl\u00e4nkar<\/div><div style=\"display:flex;flex-wrap:wrap;gap:9px;\"><a href=\"#Kde_se_ubytovat_v_Cascais\" style=\"background:#c39f76;color:#fff;border:1px solid #c39f76;padding:9px 15px;border-radius:22px;font-size:14px;font-weight:700;text-decoration:none;display:inline-block;line-height:1;\">\ud83d\udccd Var du ska bo<\/a><a href=\"#15_tipu_co_videt_a_delat_v_Cascais\" style=\"background:#c39f76;color:#fff;border:1px solid #c39f76;padding:9px 15px;border-radius:22px;font-size:14px;font-weight:700;text-decoration:none;display:inline-block;line-height:1;\">\u2b50 Vad du ska se<\/a><a href=\"#Kdy_vyrazit_do_Cascais\" style=\"background:#fff;color:#6b5a44;border:1px solid #e2d6c1;padding:9px 15px;border-radius:22px;font-size:14px;font-weight:600;text-decoration:none;display:inline-block;line-height:1;\">\u2600\ufe0f N\u00e4r du ska \u00e5ka<\/a><a href=\"#Kam_dal_z_Cascais\" style=\"background:#fff;color:#6b5a44;border:1px solid #e2d6c1;padding:9px 15px;border-radius:22px;font-size:14px;font-weight:600;text-decoration:none;display:inline-block;line-height:1;\">\ud83e\udded Omgivningarna<\/a><a href=\"#Casto_kladene_otazky\" style=\"background:#fff;color:#6b5a44;border:1px solid #e2d6c1;padding:9px 15px;border-radius:22px;font-size:14px;font-weight:600;text-decoration:none;display:inline-block;line-height:1;\">\u2753 FAQ<\/a><\/div><\/div>\n<!-- \/lk-navbar -->\n\n\n\n\n<p class=\"wp-block-paragraph\">N\u00e4r Luk\u00e1\u0161 och jag kliver av t\u00e5get som tar oss hit fr\u00e5n Lissabon p\u00e5 bara 45 minuter k\u00e4nner vi genast den d\u00e4r speciella och avslappnade atmosf\u00e4ren. Cascais i Portugal \u00e4r n\u00e4mligen en av de d\u00e4r platserna som f\u00f6rtrollar dig vid f\u00f6rsta \u00f6gonkastet och som du vill \u00e5terv\u00e4nda till g\u00e5ng p\u00e5 g\u00e5ng. Vi \u00e5ker till Portugal regelbundet varje \u00e5r, oftast tillbringar vi tiden nere i s\u00f6der och f\u00e5ngar v\u00e5gor, men kusten runt huvudstaden har helt enkelt sin alldeles egna charm.<\/p>\n\n\n\n<p class=\"wp-block-paragraph\">P\u00e5 1800-talet fattade den portugisiska kungafamiljen tycke f\u00f6r det h\u00e4r ursprungligen anspr\u00e5ksl\u00f6sa fiskel\u00e4get och gjorde det till sin sommarresidens, vilket omedelbart drog hit aristokrater och konstn\u00e4rer fr\u00e5n hela Europa. Under andra v\u00e4rldskriget blev orten sedan en tillflyktsort f\u00f6r exilfolk och spioner, s\u00e5 h\u00e4r skrevs historia i varje gath\u00f6rn. Idag \u00e4r det en underbar kosmopolitisk stad d\u00e4r den historiska k\u00e4rnan full av kakelkl\u00e4dda fasader blandas med moderna gallerier och det vilda havet.<\/p>\n\n\n\n<p class=\"wp-block-paragraph\">Och vet du vad som \u00e4r allra b\u00e4st? Det \u00e4r precis den sortens destination d\u00e4r du kan utforska smala gr\u00e4nder p\u00e5 morgonen, ta cykeln l\u00e4ngs klipporna till vilda surfstr\u00e4nder p\u00e5 eftermiddagen och p\u00e5 kv\u00e4llen sjunka ner p\u00e5 en mysig vinbar. L\u00e5t oss tillsammans titta p\u00e5 allt du kan uppleva h\u00e4r, var du hittar de vackraste str\u00e4nderna och hur du planerar hela resan s\u00e5 att du slipper de st\u00f6rsta turistmassorna. \u263a\ufe0f<\/p>\n\n\n\n<figure data-wp-context=\"{&quot;imageId&quot;:&quot;6a995323067b0&quot;}\" data-wp-interactive=\"core\/image\" data-wp-key=\"6a995323067b0\" class=\"wp-block-image size-full wp-lightbox-container\"><img decoding=\"async\" width=\"1200\" height=\"630\" data-wp-class--hide=\"state.isContentHidden\" data-wp-class--show=\"state.isContentVisible\" data-wp-init=\"callbacks.setButtonStyles\" data-wp-on--click=\"actions.showLightbox\" data-wp-on--load=\"callbacks.setButtonStyles\" data-wp-on--pointerdown=\"actions.preloadImage\" data-wp-on--pointerenter=\"actions.preloadImageWithDelay\" data-wp-on--pointerleave=\"actions.cancelPreload\" data-wp-on-window--resize=\"callbacks.setButtonStyles\" src=\"https:\/\/loudavymkrokem.cz\/wp-content\/uploads\/2026\/01\/cascais-1.jpg\" alt=\"Cascais\" class=\"wp-image-127397\" title=\"\" srcset=\"https:\/\/loudavymkrokem.cz\/wp-content\/uploads\/2026\/01\/cascais-1.jpg 1200w, https:\/\/loudavymkrokem.cz\/wp-content\/uploads\/2026\/01\/cascais-1-300x158.jpg 300w, https:\/\/loudavymkrokem.cz\/wp-content\/uploads\/2026\/01\/cascais-1-700x368.jpg 700w, https:\/\/loudavymkrokem.cz\/wp-content\/uploads\/2026\/01\/cascais-1-768x403.jpg 768w, https:\/\/loudavymkrokem.cz\/wp-content\/uploads\/2026\/01\/cascais-1-696x365.jpg 696w\" sizes=\"(max-width: 1200px) 100vw, 1200px\" \/><button\n\t\t\tclass=\"lightbox-trigger\"\n\t\t\ttype=\"button\"\n\t\t\taria-haspopup=\"dialog\"\n\t\t\tdata-wp-bind--aria-label=\"state.thisImage.triggerButtonAriaLabel\"\n\t\t\tdata-wp-init=\"callbacks.initTriggerButton\"\n\t\t\tdata-wp-on--click=\"actions.showLightbox\"\n\t\t\tdata-wp-style--right=\"state.thisImage.buttonRight\"\n\t\t\tdata-wp-style--top=\"state.thisImage.buttonTop\"\n\t\t>\n\t\t\t<svg xmlns=\"http:\/\/www.w3.org\/2000\/svg\" width=\"12\" height=\"12\" fill=\"none\" viewBox=\"0 0 12 12\">\n\t\t\t\t<path fill=\"#fff\" d=\"M2 0a2 2 0 0 0-2 2v2h1.5V2a.5.5 0 0 1 .5-.5h2V0H2Zm2 10.5H2a.5.5 0 0 1-.5-.5V8H0v2a2 2 0 0 0 2 2h2v-1.5ZM8 12v-1.5h2a.5.5 0 0 0 .5-.5V8H12v2a2 2 0 0 1-2 2H8Zm2-12a2 2 0 0 1 2 2v2h-1.5V2a.5.5 0 0 0-.5-.5H8V0h2Z\" \/>\n\t\t\t<\/svg>\n\t\t<\/button><figcaption class=\"wp-element-caption\">Cascais<\/figcaption><\/figure>\n\n\n\n<div id=\"ez-toc-container\" class=\"ez-toc-v2_0_87 ez-toc-wrap-left counter-hierarchy ez-toc-counter ez-toc-grey ez-toc-container-direction\">\n<div class=\"ez-toc-title-container\">\n<p class=\"ez-toc-title\" style=\"cursor:inherit\">Artikelns inneh\u00e5ll<\/p>\n<span class=\"ez-toc-title-toggle\"><a href=\"#\" class=\"ez-toc-pull-right ez-toc-btn ez-toc-btn-xs ez-toc-btn-default ez-toc-toggle\" aria-label=\"Toggle Table of Content\"><span class=\"ez-toc-js-icon-con\"><span class=\"\"><span class=\"eztoc-hide\" style=\"display:none;\">Toggle<\/span><span class=\"ez-toc-icon-toggle-span\"><svg style=\"fill: #999;color:#999\" xmlns=\"http:\/\/www.w3.org\/2000\/svg\" class=\"list-377408\" width=\"20px\" height=\"20px\" viewBox=\"0 0 24 24\" fill=\"none\"><path d=\"M6 6H4v2h2V6zm14 0H8v2h12V6zM4 11h2v2H4v-2zm16 0H8v2h12v-2zM4 16h2v2H4v-2zm16 0H8v2h12v-2z\" fill=\"currentColor\"><\/path><\/svg><svg style=\"fill: #999;color:#999\" class=\"arrow-unsorted-368013\" xmlns=\"http:\/\/www.w3.org\/2000\/svg\" width=\"10px\" height=\"10px\" viewBox=\"0 0 24 24\" version=\"1.2\" baseProfile=\"tiny\"><path d=\"M18.2 9.3l-6.2-6.3-6.2 6.3c-.2.2-.3.4-.3.7s.1.5.3.7c.2.2.4.3.7.3h11c.3 0 .5-.1.7-.3.2-.2.3-.5.3-.7s-.1-.5-.3-.7zM5.8 14.7l6.2 6.3 6.2-6.3c.2-.2.3-.5.3-.7s-.1-.5-.3-.7c-.2-.2-.4-.3-.7-.3h-11c-.3 0-.5.1-.7.3-.2.2-.3.5-.3.7s.1.5.3.7z\"\/><\/svg><\/span><\/span><\/span><\/a><\/span><\/div>\n<nav><ul class='ez-toc-list ez-toc-list-level-1 ' ><ul class='ez-toc-list-level-3' ><li class='ez-toc-heading-level-3'><a class=\"ez-toc-link ez-toc-heading-1\" href=\"https:\/\/loudavymkrokem.cz\/sv\/cascais-portugal-tips\/#Sammanfattning\" >Sammanfattning<\/a><\/li><\/ul><\/li><li class='ez-toc-page-1 ez-toc-heading-level-2'><a class=\"ez-toc-link ez-toc-heading-2\" href=\"https:\/\/loudavymkrokem.cz\/sv\/cascais-portugal-tips\/#Nar_du_ska_aka_till_Cascais\" >N\u00e4r du ska \u00e5ka till Cascais<\/a><\/li><li class='ez-toc-page-1 ez-toc-heading-level-2'><a class=\"ez-toc-link ez-toc-heading-3\" href=\"https:\/\/loudavymkrokem.cz\/sv\/cascais-portugal-tips\/#Var_du_ska_bo_i_Cascais\" >Var du ska bo i Cascais<\/a><\/li><li class='ez-toc-page-1 ez-toc-heading-level-2'><a class=\"ez-toc-link ez-toc-heading-4\" href=\"https:\/\/loudavymkrokem.cz\/sv\/cascais-portugal-tips\/#15_tips_pa_vad_du_ska_se_och_gora_i_Cascais\" >15 tips p\u00e5 vad du ska se och g\u00f6ra i Cascais<\/a><ul class='ez-toc-list-level-3' ><li class='ez-toc-heading-level-3'><a class=\"ez-toc-link ez-toc-heading-5\" href=\"https:\/\/loudavymkrokem.cz\/sv\/cascais-portugal-tips\/#1_Ga_vilse_i_den_historiska_stadskarnan\" >1. G\u00e5 vilse i den historiska stadsk\u00e4rnan<\/a><\/li><li class='ez-toc-page-1 ez-toc-heading-level-3'><a class=\"ez-toc-link ez-toc-heading-6\" href=\"https:\/\/loudavymkrokem.cz\/sv\/cascais-portugal-tips\/#2_Den_romantiska_viken_Praia_da_Rainha\" >2. Den romantiska viken Praia da Rainha<\/a><\/li><li class='ez-toc-page-1 ez-toc-heading-level-3'><a class=\"ez-toc-link ez-toc-heading-7\" href=\"https:\/\/loudavymkrokem.cz\/sv\/cascais-portugal-tips\/#3_Lyx_och_jakter_i_Marina_de_Cascais\" >3. Lyx och jakter i Marina de Cascais<\/a><\/li><li class='ez-toc-page-1 ez-toc-heading-level-3'><a class=\"ez-toc-link ez-toc-heading-8\" href=\"https:\/\/loudavymkrokem.cz\/sv\/cascais-portugal-tips\/#4_Klippklyftan_Boca_do_Inferno\" >4. Klippklyftan Boca do Inferno<\/a><\/li><li class='ez-toc-page-1 ez-toc-heading-level-3'><a class=\"ez-toc-link ez-toc-heading-9\" href=\"https:\/\/loudavymkrokem.cz\/sv\/cascais-portugal-tips\/#5_Cykling_langs_kustcykelbanan\" >5. Cykling l\u00e4ngs kustcykelbanan<\/a><\/li><li class='ez-toc-page-1 ez-toc-heading-level-3'><a class=\"ez-toc-link ez-toc-heading-10\" href=\"https:\/\/loudavymkrokem.cz\/sv\/cascais-portugal-tips\/#6_Surfarnas_vildmark_pa_Praia_do_Guincho\" >6. Surfarnas vildmark p\u00e5 Praia do Guincho<\/a><\/li><li class='ez-toc-page-1 ez-toc-heading-level-3'><a class=\"ez-toc-link ez-toc-heading-11\" href=\"https:\/\/loudavymkrokem.cz\/sv\/cascais-portugal-tips\/#7_Den_historiska_fastningen_Cidadela_de_Cascais\" >7. Den historiska f\u00e4stningen Cidadela de Cascais<\/a><\/li><li class='ez-toc-page-1 ez-toc-heading-level-3'><a class=\"ez-toc-link ez-toc-heading-12\" href=\"https:\/\/loudavymkrokem.cz\/sv\/cascais-portugal-tips\/#8_Arkitektur_pa_Casa_das_Historias_Paula_Rego\" >8. Arkitektur p\u00e5 Casa das Hist\u00f3rias Paula Rego<\/a><\/li><li class='ez-toc-page-1 ez-toc-heading-level-3'><a class=\"ez-toc-link ez-toc-heading-13\" href=\"https:\/\/loudavymkrokem.cz\/sv\/cascais-portugal-tips\/#9_Det_sagolika_museet_Condes_de_Castro_Guimaraes\" >9. Det sagolika museet Condes de Castro Guimar\u00e3es<\/a><\/li><li class='ez-toc-page-1 ez-toc-heading-level-3'><a class=\"ez-toc-link ez-toc-heading-14\" href=\"https:\/\/loudavymkrokem.cz\/sv\/cascais-portugal-tips\/#10_Vila_i_parken_Marechal_Carmona\" >10. Vila i parken Marechal Carmona<\/a><\/li><li class='ez-toc-page-1 ez-toc-heading-level-3'><a class=\"ez-toc-link ez-toc-heading-15\" href=\"https:\/\/loudavymkrokem.cz\/sv\/cascais-portugal-tips\/#11_Fyren_och_museet_Santa_Marta\" >11. Fyren och museet Santa Marta<\/a><\/li><li class='ez-toc-page-1 ez-toc-heading-level-3'><a class=\"ez-toc-link ez-toc-heading-16\" href=\"https:\/\/loudavymkrokem.cz\/sv\/cascais-portugal-tips\/#12_Kafeer_och_legendariska_Pasteis_de_Nata\" >12. Kaf\u00e9er och legendariska Past\u00e9is de Nata<\/a><\/li><li class='ez-toc-page-1 ez-toc-heading-level-3'><a class=\"ez-toc-link ez-toc-heading-17\" href=\"https:\/\/loudavymkrokem.cz\/sv\/cascais-portugal-tips\/#13_Promenad_till_grannorten_Estoril\" >13. Promenad till grannorten Estoril<\/a><\/li><li class='ez-toc-page-1 ez-toc-heading-level-3'><a class=\"ez-toc-link ez-toc-heading-18\" href=\"https:\/\/loudavymkrokem.cz\/sv\/cascais-portugal-tips\/#14_Till_varldens_ande_vid_udden_Cabo_da_Roca\" >14. Till v\u00e4rldens \u00e4nde vid udden Cabo da Roca<\/a><\/li><li class='ez-toc-page-1 ez-toc-heading-level-3'><a class=\"ez-toc-link ez-toc-heading-19\" href=\"https:\/\/loudavymkrokem.cz\/sv\/cascais-portugal-tips\/#15_Sug_in_atmosfaren_i_Mercado_da_Vila\" >15. Sug in atmosf\u00e4ren i Mercado da Vila<\/a><\/li><\/ul><\/li><li class='ez-toc-page-1 ez-toc-heading-level-2'><a class=\"ez-toc-link ez-toc-heading-20\" href=\"https:\/\/loudavymkrokem.cz\/sv\/cascais-portugal-tips\/#Vart_du_kan_aka_vidare_fran_Cascais\" >Vart du kan \u00e5ka vidare fr\u00e5n Cascais<\/a><\/li><li class='ez-toc-page-1 ez-toc-heading-level-2'><a class=\"ez-toc-link ez-toc-heading-21\" href=\"https:\/\/loudavymkrokem.cz\/sv\/cascais-portugal-tips\/#Vanliga_fragor\" >Vanliga fr\u00e5gor<\/a><ul class='ez-toc-list-level-3' ><li class='ez-toc-heading-level-3'><a class=\"ez-toc-link ez-toc-heading-22\" href=\"https:\/\/loudavymkrokem.cz\/sv\/cascais-portugal-tips\/#Hur_lange_bor_jag_stanna_i_Cascais\" >Hur l\u00e4nge b\u00f6r jag stanna i Cascais?<\/a><\/li><li class='ez-toc-page-1 ez-toc-heading-level-3'><a class=\"ez-toc-link ez-toc-heading-23\" href=\"https:\/\/loudavymkrokem.cz\/sv\/cascais-portugal-tips\/#Ar_det_battre_att_bo_i_Cascais_eller_i_Sintra\" >\u00c4r det b\u00e4ttre att bo i Cascais eller i Sintra?<\/a><\/li><li class='ez-toc-page-1 ez-toc-heading-level-3'><a class=\"ez-toc-link ez-toc-heading-24\" href=\"https:\/\/loudavymkrokem.cz\/sv\/cascais-portugal-tips\/#Hur_mycket_kostar_en_tagbiljett_fran_Lissabon\" >Hur mycket kostar en t\u00e5gbiljett fr\u00e5n Lissabon?<\/a><\/li><li class='ez-toc-page-1 ez-toc-heading-level-3'><a class=\"ez-toc-link ez-toc-heading-25\" href=\"https:\/\/loudavymkrokem.cz\/sv\/cascais-portugal-tips\/#Kan_man_ata_bra_i_Cascais_om_man_ar_vegetarian\" >Kan man \u00e4ta bra i Cascais om man \u00e4r vegetarian?<\/a><\/li><li class='ez-toc-page-1 ez-toc-heading-level-3'><a class=\"ez-toc-link ez-toc-heading-26\" href=\"https:\/\/loudavymkrokem.cz\/sv\/cascais-portugal-tips\/#Ar_de_lokala_stranderna_sandiga\" >\u00c4r de lokala str\u00e4nderna sandiga?<\/a><\/li><li class='ez-toc-page-1 ez-toc-heading-level-3'><a class=\"ez-toc-link ez-toc-heading-27\" href=\"https:\/\/loudavymkrokem.cz\/sv\/cascais-portugal-tips\/#Kan_man_bada_normalt_pa_stranden_Guincho\" >Kan man bada normalt p\u00e5 stranden Guincho?<\/a><\/li><li class='ez-toc-page-1 ez-toc-heading-level-3'><a class=\"ez-toc-link ez-toc-heading-28\" href=\"https:\/\/loudavymkrokem.cz\/sv\/cascais-portugal-tips\/#Behover_jag_hyra_bil_for_utflykten\" >Beh\u00f6ver jag hyra bil f\u00f6r utflykten?<\/a><\/li><li class='ez-toc-page-1 ez-toc-heading-level-3'><a class=\"ez-toc-link ez-toc-heading-29\" href=\"https:\/\/loudavymkrokem.cz\/sv\/cascais-portugal-tips\/#Nar_ar_den_basta_tiden_att_besoka_Pena-palatset_i_Sintra\" >N\u00e4r \u00e4r den b\u00e4sta tiden att bes\u00f6ka Pena-palatset i Sintra?<\/a><\/li><\/ul><\/li><\/ul><\/nav><\/div>\n<h3 class=\"wp-block-heading\"><span class=\"ez-toc-section\" id=\"Sammanfattning\"><\/span>Sammanfattning<span class=\"ez-toc-section-end\"><\/span><\/h3>\n\n\n\n<ul class=\"wp-block-list\">\n<li>  <strong>B\u00e4sta tiden att bes\u00f6ka:<\/strong> V\u00e5r och h\u00f6st (maj, juni, september och oktober) erbjuder idealiska temperaturer runt 22 till 26 grader och betydligt f\u00e4rre m\u00e4nniskor \u00e4n p\u00e5 sommaren.<\/li>\n<li>  <strong>Hur du tar dig dit:<\/strong> Enklaste v\u00e4gen g\u00e5r fr\u00e5n Lissabon med pendelt\u00e5g fr\u00e5n stationen Cais do Sodr\u00e9, resan tar 45 minuter och kostar bara n\u00e5gra euro.<\/li>\n<li>  <strong>Fr\u00e4msta sev\u00e4rdheterna:<\/strong> Den historiska stadsk\u00e4rnan full av traditionella azulejos-kakel, den fascinerande klippklyftan Boca do Inferno och den fotogeniska fyren Santa Marta.<\/li>\n<li>  <strong>F\u00f6r natur\u00e4lskare:<\/strong> Hyr en cykel och ge dig ut l\u00e4ngs kustcykelbanan \u00e4nda till den vilda stranden Guincho, d\u00e4r det bl\u00e5ser kraftigt och de b\u00e4sta surfarna tr\u00e4nar.<\/li>\n<li>  <strong>Perfekt l\u00e4ge f\u00f6r utflykter:<\/strong> Staden fungerar som en utm\u00e4rkt bas f\u00f6r att utforska det n\u00e4rbel\u00e4gna sagolika Sintra eller kontinentala Europas v\u00e4stligaste punkt Cabo da Roca.<\/li>\n<li>  <strong>Var du ska bo:<\/strong> Vi rekommenderar att boka hotell i god tid via Booking, ett utm\u00e4rkt val \u00e4r strandn\u00e4ra Hotel Baia eller rymliga Vila Gale Cascais.<\/li>\n<\/ul>\n\n\n\n<h2 class=\"wp-block-heading\"><span class=\"ez-toc-section\" id=\"Nar_du_ska_aka_till_Cascais\"><\/span><span class=\"ez-toc-section\" id=\"Kdy_vyrazit_do_Cascais\"><\/span>N\u00e4r du ska \u00e5ka till Cascais<span class=\"ez-toc-section-end\"><\/span><\/h2>\n\n\n\n<p class=\"wp-block-paragraph\">Den h\u00e4r f\u00f6rtrollande kuststaden har ett mycket behagligt medelhavsklimat som starkt p\u00e5verkas av det svala Atlanten. Varje \u00e5rstid bjuder p\u00e5 en lite annorlunda atmosf\u00e4r och det l\u00f6nar sig att fundera noga p\u00e5 vad du egentligen f\u00f6rv\u00e4ntar dig av din semester.<\/p>\n\n\n\n<p class=\"wp-block-paragraph\">V\u00e5rm\u00e5naderna fr\u00e5n mars till maj h\u00f6r enligt oss till de allra vackraste perioderna i hela Portugal. <strong>Temperaturerna ligger runt behagliga 18 till 22 grader<\/strong>, vilket skapar helt ideala f\u00f6rh\u00e5llanden f\u00f6r l\u00e5nga promenader i staden och cykelturer l\u00e4ngs kusten. Naturen i den n\u00e4rbel\u00e4gna nationalparken vaknar till liv och allt \u00e4r underbart gr\u00f6nt och blommande. I mars kan du visserligen fortfarande st\u00f6ta p\u00e5 enstaka regnskurar, men fr\u00e5n maj brukar v\u00e4dret vara h\u00e4rligt stabilt.<\/p>\n\n\n\n<p class=\"wp-block-paragraph\">Sommaren fr\u00e5n juni till augusti \u00e4r den period d\u00e5 hela orten sjuder av liv och n\u00e4stan spricker i s\u00f6mmarna. <strong>Dagstemperaturerna stiger vanligtvis till 28 till 32 grader<\/strong>, men tack vare den st\u00e4ndiga havsbrisen \u00e4r det inte lika kvavt som i centrala Lissabon. Havsvattnet n\u00e5r sitt maximum i juli och augusti, vilket inneb\u00e4r ungef\u00e4r 20 till 22 grader. Om du \u00e4lskar livligt strandliv och inte har n\u00e5got emot folkmassor kommer du att njuta av l\u00e5nga varma kv\u00e4llar p\u00e5 restaurangerna och barerna l\u00e4ngs strandpromenaden.<\/p>\n\n\n\n<p class=\"wp-block-paragraph\">H\u00f6stm\u00e5naderna fr\u00e5n september till november ger den efterl\u00e4ngtade lugnet och f\u00f6r oss \u00e4r det nog den allra b\u00e4sta tiden att resa. <strong>I september \u00e4r havet fortfarande relativt varmt efter sommaren<\/strong> och turisterna blir betydligt f\u00e4rre, s\u00e5 priserna p\u00e5 boende b\u00f6rjar sakta sjunka. Oktober \u00e4r sedan idealisk f\u00f6r att utforska sev\u00e4rdheterna, \u00e4ven om du redan f\u00e5r packa ner en l\u00e4tt jacka mot vinden i v\u00e4skan.<\/p>\n\n\n\n<p class=\"wp-block-paragraph\">Vintern har sedan sin alldeles egna och lite r\u00e5a charm vid kusten. <strong>Temperaturerna sjunker p\u00e5 dagen s\u00e4llan under 12 till 15 grader<\/strong>, men fr\u00e5n havet bl\u00e5ser det ofta en isande vind som f\u00f6r med sig dramatiska stormar. Det \u00e4r tiden d\u00e5 erfarna surfare kommer hit f\u00f6r att f\u00e5nga enorma vinterv\u00e5gor och d\u00e5 du kan njuta av helt tomma gr\u00e4nder i den historiska stadsk\u00e4rnan. Vi \u00e5ker g\u00e4rna hit p\u00e5 vintern, f\u00f6r naturens r\u00e5a kraft \u00e4r helt enkelt fascinerande.<\/p>\n\n\n\n<h2 class=\"wp-block-heading\"><span class=\"ez-toc-section\" id=\"Var_du_ska_bo_i_Cascais\"><\/span><span class=\"ez-toc-section\" id=\"Kde_se_ubytovat_v_Cascais\"><\/span>Var du ska bo i Cascais<span class=\"ez-toc-section-end\"><\/span><\/h2>\n\n\n\n<p class=\"wp-block-paragraph\">Att v\u00e4lja r\u00e4tt l\u00e4ge f\u00f6r boendet spelar en helt avg\u00f6rande roll f\u00f6r hur mycket du kommer att njuta av din vistelse. Staden \u00e4r visserligen relativt kompakt och du kommer \u00f6verallt till fots, men varje kvarter har sin egen unika atmosf\u00e4r och prisniv\u00e5.<\/p>\n\n\n\n<p class=\"wp-block-paragraph\">Om du vill vara mitt i h\u00e4ndelsernas centrum, leta efter boende i de slingrande gr\u00e4nderna i den historiska k\u00e4rnan eller alldeles i n\u00e4rheten av hamnen. <strong>D\u00e5 har du bara n\u00e5gra steg till de b\u00e4sta str\u00e4nderna<\/strong> och p\u00e5 kv\u00e4llen beh\u00f6ver du bara kliva ut ur hotellet rakt in i virveln av kaf\u00e9er och restauranger. Vi f\u00f6redrar att leta efter boende p\u00e5 v\u00e5r favoritsajt Booking, d\u00e4r du kan fynda riktigt vackra designl\u00e4genheter och traditionella familjepensionat.<\/p>\n\n\n\n<p class=\"wp-block-paragraph\">Ett av de popul\u00e4raste alternativen \u00e4r definitivt <strong>traditionella <a href=\"https:\/\/www.stay22.com\/allez\/roam?aid=lukaskonecny&amp;campaign=loudavymkrokemcz&amp;campaign=cascais&amp;hotelname=Hotel%20Baia&amp;address=Cascais%2C%20Portugal\" target=\"_blank\" rel=\"noopener nofollow sponsored\">Hotel Baia<\/a><\/strong>, som ligger direkt vid strandpromenaden mitt emot stranden Praia da Concei\u00e7\u00e3o. Det erbjuder vackra moderna rum, varav m\u00e5nga har balkonger med direkt utsikt \u00f6ver det bl\u00e5 havet och de gungande b\u00e5tarna. G\u00e4sterna ber\u00f6mmer regelbundet framf\u00f6r allt den utm\u00e4rkta och rikliga frukosten samt takpoolen d\u00e4r du kan koppla av efter en fullsp\u00e4ckad utflyktsdag.<\/p>\n\n\n\n<p class=\"wp-block-paragraph\">F\u00f6r familjer med barn eller resen\u00e4rer som l\u00e4ngtar efter mer utrymme kan vi varmt rekommendera <strong>det k\u00e4nda komplexet <a href=\"https:\/\/www.stay22.com\/allez\/roam?aid=lukaskonecny&amp;campaign=loudavymkrokemcz&amp;campaign=cascais&amp;hotelname=Vila%20Gale%20Cascais&amp;address=Cascais%2C%20Portugal\" target=\"_blank\" rel=\"noopener nofollow sponsored\">Vila Gale Cascais<\/a><\/strong>. Det h\u00e4r hotellet ligger i ett n\u00e5got lugnare l\u00e4ge en kort bit fr\u00e5n centrum och erbjuder riktigt rymliga l\u00e4genheter med ett praktiskt pentry. Dess st\u00f6rsta dragpl\u00e5ster \u00e4r den enorma utomhuspoolen omgiven av h\u00f6ga palmer samt ett rikt aktivitetsprogram f\u00f6r de minsta bes\u00f6karna.<\/p>\n\n\n\n<p class=\"wp-block-paragraph\">Om du vill unna dig riktig lyx och romantik, ta en titt p\u00e5 <strong>femstj\u00e4rniga <a href=\"https:\/\/www.stay22.com\/allez\/roam?aid=lukaskonecny&amp;campaign=loudavymkrokemcz&amp;campaign=cascais&amp;hotelname=Hotel%20Cascais%20Miragem%20Health%20%26%20Spa&amp;address=Cascais%2C%20Portugal\" target=\"_blank\" rel=\"noopener nofollow sponsored\">Hotel Cascais Miragem Health &#038; Spa<\/a><\/strong>. Den h\u00e4r imposanta byggnaden breder ut sig p\u00e5 en klippa ovanf\u00f6r havet och fr\u00e5n dess infinitypool med terrass vill du aldrig g\u00e5 d\u00e4rifr\u00e5n. Ett f\u00f6rstklassigt wellnesscenter och oklanderlig service som tillfredsst\u00e4ller \u00e4ven de mest kr\u00e4vande g\u00e4sterna \u00e4r f\u00f6rst\u00e5s en sj\u00e4lvklarhet.<\/p>\n\n\n\n\n<div class=\"lk-stays-module\">\n<style>\n\/* \u2500\u2500\u2500 RESET PRO GUTENBERG \u2500\u2500\u2500 *\/\n.lk-stays-module * { box-sizing: border-box; margin: 0; padding: 0; }\n\n\/* \u2500\u2500\u2500 WRAPPER \u2500\u2500\u2500 *\/\n.lk-stays-module {\n  font-family: 'DM Sans', Georgia, sans-serif;\n  max-width: 100%;\n  margin: 2.5rem auto;\n  background: linear-gradient(135deg, #fdfaf5 0%, #fcf8f0 100%);\n  border: 1px solid #e8dfd4;\n  border-radius: 16px;\n  overflow: hidden;\n  box-shadow: 0 16px 48px rgba(195, 159, 118, 0.25), 0 4px 12px rgba(0,0,0,0.08);\n}\n\n\/* \u2500\u2500\u2500 HEADER \u2500\u2500\u2500 *\/\n.lk-stays-header {\n  position: relative;\n  padding: 24px 36px 24px;\n  background: linear-gradient(135deg, #c39f76 0%, #d4b188 60%, #c39f76 100%);\n  border-bottom: 1px solid rgba(255,255,255,.15);\n  display: flex;\n  align-items: center;\n  gap: 18px;\n}\n.lk-stays-header::before {\n  content: '';\n  position: absolute;\n  inset: 0;\n  background: url(\"data:image\/svg+xml,%3Csvg width='60' height='60' viewBox='0 0 60 60' xmlns='http:\/\/www.w3.org\/2000\/svg'%3E%3Cg fill='none' fill-rule='evenodd'%3E%3Cg fill='%23ffffff' fill-opacity='0.05'%3E%3Cpath d='M36 34v-4h-2v4h-4v2h4v4h2v-4h4v-2h-4zm0-30V0h-2v4h-4v2h4v4h2V6h4V4h-4zM6 34v-4H4v4H0v2h4v4h2v-4h4v-2H6zM6 4V0H4v4H0v2h4v4h2V6h4V4H6z'\/%3E%3C\/g%3E%3C\/g%3E%3C\/svg%3E\") repeat;\n  pointer-events: none;\n}\n.lk-stays-icon {\n  flex-shrink: 0;\n  width: 68px;\n  height: 68px;\n  border-radius: 14px;\n  background: linear-gradient(135deg, #fff 0%, #f9f6f0 100%);\n  display: flex;\n  align-items: center;\n  justify-content: center;\n  font-size: 26px;\n  box-shadow: 0 4px 12px rgba(0,0,0,0.15);\n}\n.lk-stays-eyebrow {\n  font-size: 10px;\n  font-weight: 500;\n  letter-spacing: 2.5px;\n  text-transform: uppercase;\n  color: rgba(255,255,255,.85);\n  margin: 0 0 5px 0;\n}\n.lk-stays-title {\n  font-family: 'Playfair Display', Georgia, serif;\n  font-size: 24px;\n  font-weight: 700;\n  color: #fff;\n  line-height: 1.2;\n  text-shadow: 0 1px 2px rgba(0,0,0,0.1);\n  margin: 0;\n}\n.lk-stays-subtitle {\n  font-size: 13px;\n  color: rgba(255,255,255,.75);\n  margin: 4px 0 0 0;\n  font-weight: 300;\n}\n\n\/* \u2500\u2500\u2500 CARDS GRID \u2500\u2500\u2500 *\/\n.lk-stays-grid {\n  display: grid;\n  grid-template-columns: 1fr 1fr;\n  gap: 1px;\n  background: rgba(195, 159, 118, 0.12);\n}\n\n\/* \u2500\u2500\u2500 SINGLE CARD \u2500\u2500\u2500 *\/\n.lk-stay-card {\n  background: #ffffff;\n  padding: 26px;\n  display: flex;\n  flex-direction: column;\n  gap: 11px;\n  transition: all 0.3s ease;\n  text-decoration: none;\n  color: inherit;\n  position: relative;\n}\n.lk-stay-card:hover {\n  background: #fffbf5;\n  transform: translateY(-2px);\n  box-shadow: 0 8px 24px rgba(195, 159, 118, 0.18);\n  z-index: 1;\n}\n.lk-stay-card.featured {\n  background: linear-gradient(135deg, #fffdf9 0%, #fff9f0 100%);\n  box-shadow: 0 4px 16px rgba(195, 159, 118, 0.15), inset 0 1px 0 rgba(195, 159, 118, 0.1);\n}\n.lk-stay-card.featured:hover {\n  background: linear-gradient(135deg, #fffbf5 0%, #fff8ed 100%);\n  box-shadow: 0 8px 24px rgba(195, 159, 118, 0.25), inset 0 1px 0 rgba(195, 159, 118, 0.15);\n}\n\n.lk-stay-badge {\n  display: inline-flex;\n  align-items: center;\n  gap: 5px;\n  font-size: 10px;\n  font-weight: 500;\n  letter-spacing: 1.5px;\n  text-transform: uppercase;\n  padding: 5px 11px;\n  border-radius: 20px;\n  width: fit-content;\n}\n.badge-top     { background: linear-gradient(135deg, #c39f76 0%, #d4b188 100%); color: #fff; border: 1px solid #c39f76; font-weight: 600; box-shadow: 0 2px 8px rgba(195,159,118,0.3); }\n.badge-luxury  { background: rgba(195,159,118,.12); color: #c39f76; border: 1px solid rgba(195,159,118,.25); }\n.badge-boutique{ background: rgba(54,133,252,.08); color: #3685fc; border: 1px solid rgba(54,133,252,.2); }\n.badge-nature  { background: rgba(130,190,100,.1); color: #6b9c4a; border: 1px solid rgba(130,190,100,.2); }\n.badge-remote  { background: rgba(195,159,118,.12); color: #a67e50; border: 1px solid rgba(195,159,118,.25); }\n\n.lk-stay-name {\n  font-family: 'Playfair Display', Georgia, serif;\n  font-size: 18px;\n  font-weight: 700;\n  color: #111827;\n  line-height: 1.3;\n}\n.lk-stay-desc {\n  font-size: 13.5px;\n  color: #525252;\n  line-height: 1.65;\n  font-weight: 300;\n  flex: 1;\n}\n\n.lk-stay-meta {\n  display: flex;\n  align-items: center;\n  gap: 12px;\n  flex-wrap: wrap;\n  margin-top: 4px;\n}\n.lk-stay-price {\n  font-size: 13px;\n  color: #6b7280;\n}\n.lk-stay-price strong {\n  color: #c39f76;\n  font-weight: 500;\n}\n.lk-stay-stars {\n  color: #c39f76;\n  font-size: 11px;\n  letter-spacing: 1px;\n}\n\n\/* \u2500\u2500\u2500 CTA BUTTON \u2500\u2500\u2500 *\/\n.lk-stay-cta {\n  display: inline-flex;\n  align-items: center;\n  justify-content: center;\n  gap: 7px;\n  margin-top: 8px;\n  padding: 11px 20px;\n  border-radius: 8px;\n  background: linear-gradient(135deg, #3685fc 0%, #2a6fd9 100%);\n  color: #fff;\n  font-size: 13px;\n  font-weight: 500;\n  text-decoration: none;\n  letter-spacing: .3px;\n  transition: all .2s ease;\n  cursor: pointer;\n  border: none;\n  text-align: center;\n  box-shadow: 0 4px 12px rgba(54, 133, 252, 0.25);\n}\n.lk-stay-cta:hover {\n  background: linear-gradient(135deg, #2a6fd9 0%, #1e5bc4 100%);\n  transform: translateY(-1px);\n  box-shadow: 0 6px 16px rgba(54, 133, 252, 0.35);\n}\n.lk-stay-cta svg { flex-shrink: 0; }\n\n\/* \u2500\u2500\u2500 FOOTER \u2500\u2500\u2500 *\/\n.lk-stays-footer {\n  padding: 18px 36px;\n  background: linear-gradient(to bottom, #fdfaf5 0%, #f9f4ed 100%);\n  border-top: 1px solid rgba(195, 159, 118, 0.15);\n  display: flex;\n  align-items: center;\n  justify-content: space-between;\n  flex-wrap: wrap;\n  gap: 12px;\n}\n.lk-stays-footer-note {\n  font-size: 11.5px;\n  color: #6b7280;\n  font-weight: 300;\n  line-height: 1.5;\n}\n.lk-stays-footer-note a {\n  color: #c39f76;\n  text-decoration: none;\n  font-weight: 400;\n}\n.lk-stays-footer-note a:hover {\n  text-decoration: underline;\n}\n.lk-stays-all-btn {\n  display: inline-flex;\n  align-items: center;\n  gap: 6px;\n  font-size: 12.5px;\n  font-weight: 500;\n  color: #c39f76;\n  text-decoration: none;\n  border: 1px solid rgba(195, 159, 118, 0.35);\n  padding: 8px 18px;\n  border-radius: 8px;\n  transition: all .2s ease;\n}\n.lk-stays-all-btn:hover {\n  background: rgba(195, 159, 118, 0.08);\n  border-color: rgba(195, 159, 118, 0.5);\n}\n\n\/* \u2500\u2500\u2500 RESPONSIVE \u2500\u2500\u2500 *\/\n@media (max-width: 600px) {\n  .lk-stays-grid { grid-template-columns: 1fr; }\n  .lk-stays-header { padding: 24px 20px; }\n  .lk-stays-footer { padding: 16px 20px; }\n  .lk-stay-card { padding: 22px; }\n  .lk-stays-title { font-size: 20px; }\n}\n<\/style>\n\n  <!-- HEADER -->\n  <div class=\"lk-stays-header\">\n    <img decoding=\"async\" src=\"https:\/\/loudavymkrokem.cz\/wp-content\/uploads\/2026\/02\/lukas-a-lucka.jpg\" alt=\"\" style=\"width: 75px; height: 75px; border-radius: 8px; flex-shrink: 0; object-fit: cover; display: block; margin: 4px 0;\" title=\"\">\n    <div class=\"lk-stays-header-text\">\n      <div class=\"lk-stays-eyebrow\">Luk\u00e1\u0161 och Lucie rekommenderar<\/div>\n      <div class=\"lk-stays-title\">Var att bo i Cascais<\/div>\n      <div class=\"lk-stays-subtitle\">4 boenden \u2014 wellnesshotell, hotell och andra boendealternativ<\/div>\n    <\/div>\n  <\/div>\n\n  <!-- CARDS -->\n  <div class=\"lk-stays-grid\">\n\n    <a class=\"lk-stay-card featured\" href=\"https:\/\/www.stay22.com\/allez\/roam?aid=lukaskonecny&#038;campaign=loudavymkrokemcz&#038;campaign=sv&#038;campaign=cascais&#038;address=Cascais&#038;hotelname=Hotel+Baia&#038;search=Hotel+Baia&#038;category=accommodation\" target=\"_blank\" rel=\"nofollow noopener\">\n      <span class=\"lk-stay-badge badge-top\">\u2b50 TOPPVAL<\/span>\n      <span class=\"lk-stay-badge badge-nature\">\ud83c\udfe8 Hotell<\/span>\n      <div class=\"lk-stay-name\">Hotel Baia<\/div>\n      <div class=\"lk-stay-desc\">Traditionellt hotell direkt vid strandpromenaden mittemot Praia da Concei\u00e7\u00e3o med balkonger med havsutsikt och takpool.<\/div>\n      <div class=\"lk-stay-meta\">\n        <span class=\"lk-stay-stars\">\u2605\u2605\u2605\u2605<\/span>\n        <span class=\"lk-stay-price\">Kontrollera priser<\/span>\n      <\/div>\n      <span class=\"lk-stay-cta\">\n        <svg width=\"14\" height=\"14\" viewBox=\"0 0 24 24\" fill=\"none\" stroke=\"currentColor\" stroke-width=\"2\"><path d=\"M18 13v6a2 2 0 0 1-2 2H5a2 2 0 0 1-2-2V8a2 2 0 0 1 2-2h6\"\/><polyline points=\"15 3 21 3 21 9\"\/><line x1=\"10\" y1=\"14\" x2=\"21\" y2=\"3\"\/><\/svg>\n        Kontrollera tillg\u00e4nglighet\n      <\/span>\n    <\/a>\n\n    <a class=\"lk-stay-card\" href=\"https:\/\/www.stay22.com\/allez\/roam?aid=lukaskonecny&#038;campaign=loudavymkrokemcz&#038;campaign=sv&#038;campaign=cascais&#038;address=Cascais&#038;hotelname=Vila+Gale+Cascais&#038;search=Vila+Gale+Cascais&#038;category=accommodation\" target=\"_blank\" rel=\"nofollow noopener\">\n      <span class=\"lk-stay-badge badge-nature\">\ud83c\udfe8 Hotell<\/span>\n      <div class=\"lk-stay-name\">Vila Gale Cascais<\/div>\n      <div class=\"lk-stay-desc\">Rymliga l\u00e4genheter med pentry, stor utomhuspool med palmer, barnunderh\u00e5llningsprogram, lugnare l\u00e4ge fr\u00e5n centrum.<\/div>\n      <div class=\"lk-stay-meta\">\n        <span class=\"lk-stay-stars\">\u2605\u2605\u2605\u2605<\/span>\n        <span class=\"lk-stay-price\">Kontrollera priser<\/span>\n      <\/div>\n      <span class=\"lk-stay-cta\">\n        <svg width=\"14\" height=\"14\" viewBox=\"0 0 24 24\" fill=\"none\" stroke=\"currentColor\" stroke-width=\"2\"><path d=\"M18 13v6a2 2 0 0 1-2 2H5a2 2 0 0 1-2-2V8a2 2 0 0 1 2-2h6\"\/><polyline points=\"15 3 21 3 21 9\"\/><line x1=\"10\" y1=\"14\" x2=\"21\" y2=\"3\"\/><\/svg>\n        Kontrollera tillg\u00e4nglighet\n      <\/span>\n    <\/a>\n\n    <a class=\"lk-stay-card\" href=\"https:\/\/www.stay22.com\/allez\/roam?aid=lukaskonecny&#038;campaign=loudavymkrokemcz&#038;campaign=sv&#038;campaign=cascais&#038;address=Cascais&#038;hotelname=Hotel+Cascais+Miragem+Health+%26+Spa&#038;search=Hotel+Cascais+Miragem+Health+%26+Spa&#038;category=accommodation\" target=\"_blank\" rel=\"nofollow noopener\">\n      <span class=\"lk-stay-badge badge-nature\">\u2b50 Luxury<\/span>\n      <div class=\"lk-stay-name\">Hotel Cascais Miragem Health &#038; Spa<\/div>\n      <div class=\"lk-stay-desc\">Femstj\u00e4rnigt lyxhotell p\u00e5 en klippig klippa ovanf\u00f6r havet med o\u00e4ndlig terrass med pool och f\u00f6rstklassigt wellnesscenter.<\/div>\n      <div class=\"lk-stay-meta\">\n        <span class=\"lk-stay-stars\">\u2605\u2605\u2605\u2605\u2605<\/span>\n        <span class=\"lk-stay-price\">Kontrollera priser<\/span>\n      <\/div>\n      <span class=\"lk-stay-cta\">\n        <svg width=\"14\" height=\"14\" viewBox=\"0 0 24 24\" fill=\"none\" stroke=\"currentColor\" stroke-width=\"2\"><path d=\"M18 13v6a2 2 0 0 1-2 2H5a2 2 0 0 1-2-2V8a2 2 0 0 1 2-2h6\"\/><polyline points=\"15 3 21 3 21 9\"\/><line x1=\"10\" y1=\"14\" x2=\"21\" y2=\"3\"\/><\/svg>\n        Kontrollera tillg\u00e4nglighet\n      <\/span>\n    <\/a>\n\n    <a class=\"lk-stay-card\" href=\"https:\/\/www.stay22.com\/allez\/roam?aid=lukaskonecny&#038;campaign=loudavymkrokemcz&#038;campaign=sv&#038;campaign=cascais&#038;address=cascais\" target=\"_blank\" rel=\"nofollow noopener\">\n      <span class=\"lk-stay-badge badge-nature\">\ud83d\udd0d S\u00f6k<\/span>\n      <div class=\"lk-stay-name\">Visa alla boenden i Cascais<\/div>\n      <div class=\"lk-stay-desc\">Utforska alla tillg\u00e4ngliga boendealternativ i Cascais och hitta det b\u00e4sta enligt dina preferenser och budget.<\/div>\n      <div class=\"lk-stay-meta\">\n        <span class=\"lk-stay-stars\">\u2605\u2605\u2605\u2605<\/span>\n        <span class=\"lk-stay-price\">J\u00e4mf\u00f6r priser<\/span>\n      <\/div>\n      <span class=\"lk-stay-cta\">\n        <svg width=\"14\" height=\"14\" viewBox=\"0 0 24 24\" fill=\"none\" stroke=\"currentColor\" stroke-width=\"2\"><path d=\"M18 13v6a2 2 0 0 1-2 2H5a2 2 0 0 1-2-2V8a2 2 0 0 1 2-2h6\"\/><polyline points=\"15 3 21 3 21 9\"\/><line x1=\"10\" y1=\"14\" x2=\"21\" y2=\"3\"\/><\/svg>\n        Kontrollera tillg\u00e4nglighet\n      <\/span>\n    <\/a>\n\n  <\/div>\n\n  \n<\/div>\n\n\n\n\n<h2 class=\"wp-block-heading\"><span class=\"ez-toc-section\" id=\"15_tips_pa_vad_du_ska_se_och_gora_i_Cascais\"><\/span><span class=\"ez-toc-section\" id=\"15_tipu_co_videt_a_delat_v_Cascais\"><\/span>15 tips p\u00e5 vad du ska se och g\u00f6ra i Cascais<span class=\"ez-toc-section-end\"><\/span><\/h2>\n\n\n\n<p class=\"wp-block-paragraph\">Den h\u00e4r staden erbjuder en f\u00f6rv\u00e5nansv\u00e4rt varierad blandning av historia, vild natur och avslappnat strandliv. Jag har valt ut femton konkreta platser och upplevelser \u00e5t dig som du absolut inte b\u00f6r missa under ditt bes\u00f6k.<\/p>\n\n\n\n<h3 class=\"wp-block-heading\"><span class=\"ez-toc-section\" id=\"1_Ga_vilse_i_den_historiska_stadskarnan\"><\/span>1. G\u00e5 vilse i den historiska stadsk\u00e4rnan<span class=\"ez-toc-section-end\"><\/span><\/h3>\n\n\n\n<figure data-wp-context=\"{&quot;imageId&quot;:&quot;6a9953230714a&quot;}\" data-wp-interactive=\"core\/image\" data-wp-key=\"6a9953230714a\" class=\"wp-block-image size-full wp-lightbox-container\"><img decoding=\"async\" width=\"1200\" height=\"630\" data-wp-class--hide=\"state.isContentHidden\" data-wp-class--show=\"state.isContentVisible\" data-wp-init=\"callbacks.setButtonStyles\" data-wp-on--click=\"actions.showLightbox\" data-wp-on--load=\"callbacks.setButtonStyles\" data-wp-on--pointerdown=\"actions.preloadImage\" data-wp-on--pointerenter=\"actions.preloadImageWithDelay\" data-wp-on--pointerleave=\"actions.cancelPreload\" data-wp-on-window--resize=\"callbacks.setButtonStyles\" src=\"https:\/\/loudavymkrokem.cz\/wp-content\/uploads\/2026\/01\/cascais-centrum.jpg\" alt=\"Cascais\" class=\"wp-image-127401\" title=\"\" srcset=\"https:\/\/loudavymkrokem.cz\/wp-content\/uploads\/2026\/01\/cascais-centrum.jpg 1200w, https:\/\/loudavymkrokem.cz\/wp-content\/uploads\/2026\/01\/cascais-centrum-300x158.jpg 300w, https:\/\/loudavymkrokem.cz\/wp-content\/uploads\/2026\/01\/cascais-centrum-700x368.jpg 700w, https:\/\/loudavymkrokem.cz\/wp-content\/uploads\/2026\/01\/cascais-centrum-768x403.jpg 768w, https:\/\/loudavymkrokem.cz\/wp-content\/uploads\/2026\/01\/cascais-centrum-696x365.jpg 696w\" sizes=\"(max-width: 1200px) 100vw, 1200px\" \/><button\n\t\t\tclass=\"lightbox-trigger\"\n\t\t\ttype=\"button\"\n\t\t\taria-haspopup=\"dialog\"\n\t\t\tdata-wp-bind--aria-label=\"state.thisImage.triggerButtonAriaLabel\"\n\t\t\tdata-wp-init=\"callbacks.initTriggerButton\"\n\t\t\tdata-wp-on--click=\"actions.showLightbox\"\n\t\t\tdata-wp-style--right=\"state.thisImage.buttonRight\"\n\t\t\tdata-wp-style--top=\"state.thisImage.buttonTop\"\n\t\t>\n\t\t\t<svg xmlns=\"http:\/\/www.w3.org\/2000\/svg\" width=\"12\" height=\"12\" fill=\"none\" viewBox=\"0 0 12 12\">\n\t\t\t\t<path fill=\"#fff\" d=\"M2 0a2 2 0 0 0-2 2v2h1.5V2a.5.5 0 0 1 .5-.5h2V0H2Zm2 10.5H2a.5.5 0 0 1-.5-.5V8H0v2a2 2 0 0 0 2 2h2v-1.5ZM8 12v-1.5h2a.5.5 0 0 0 .5-.5V8H12v2a2 2 0 0 1-2 2H8Zm2-12a2 2 0 0 1 2 2v2h-1.5V2a.5.5 0 0 0-.5-.5H8V0h2Z\" \/>\n\t\t\t<\/svg>\n\t\t<\/button><figcaption class=\"wp-element-caption\">Cascais<\/figcaption><\/figure>\n\n\n\n<p class=\"wp-block-paragraph\">Hj\u00e4rtat i hela orten \u00e4r den pittoreska historiska stadsk\u00e4rnan som genast tar dig tillbaka till gamla goda tider. <strong>De smala kullerstensgr\u00e4nderna kantas av gnistrande vita hus<\/strong> prydda med traditionellt bl\u00e5tt och gult kakel som kallas azulejos. En promenad h\u00e4r \u00e4r som ett bes\u00f6k p\u00e5 ett levande museum under bar himmel och i varje h\u00f6rn uppt\u00e4cker du n\u00e5gon vacker arkitektonisk detalj.<\/p>\n\n\n\n<p class=\"wp-block-paragraph\">Den viktigaste orienteringspunkten \u00e4r det rymliga torget Pra\u00e7a 5 de Outubro, som domineras av den eleganta r\u00e5dhusbyggnaden och majest\u00e4tiska palmer. <strong>Runt torget hittar du massor av sm\u00e5 butiker med handm\u00e5lad keramik<\/strong> och mysiga kaf\u00e9er dit lokalborna g\u00e5r f\u00f6r att l\u00e4sa morgontidningen. Det \u00e4r en idealisk utg\u00e5ngspunkt f\u00f6r alla dina vidare str\u00f6vt\u00e5g i staden.<\/p>\n\n\n\n<p class=\"wp-block-paragraph\">Ta dig definitivt ocks\u00e5 en promenad l\u00e4ngs den livliga puls\u00e5dern Rua Frederico Arouca, som bokstavligen \u00e4r \u00f6vers\u00e5llad med portugisiska designerbutiker och gallerier. <strong>P\u00e5 kv\u00e4llen f\u00f6rvandlas hela det h\u00e4r omr\u00e5det till oigenk\u00e4nnlighet<\/strong>, n\u00e4r de lokala restaurangerna b\u00e4r ut sina bord p\u00e5 gatstenarna och gr\u00e4nderna fylls av skratt och klirrande vinglas. <strong>\ud83d\udca1 Tips:<\/strong> Om du vill uppleva centrum utan folkmassor, g\u00e5 upp tidigt och ge dig ut p\u00e5 gatorna runt \u00e5ttatiden p\u00e5 morgonen. Morgonsolen lyser vackert upp fasaderna och du f\u00e5r de b\u00e4sta bilderna helt utan fr\u00e4mmande m\u00e4nniskor i bild.<\/p>\n\n\n\n<h3 class=\"wp-block-heading\"><span class=\"ez-toc-section\" id=\"2_Den_romantiska_viken_Praia_da_Rainha\"><\/span>2. Den romantiska viken Praia da Rainha<span class=\"ez-toc-section-end\"><\/span><\/h3>\n\n\n\n<figure data-wp-context=\"{&quot;imageId&quot;:&quot;6a99532307667&quot;}\" data-wp-interactive=\"core\/image\" data-wp-key=\"6a99532307667\" class=\"wp-block-image size-full wp-lightbox-container\"><img decoding=\"async\" width=\"1200\" height=\"630\" data-wp-class--hide=\"state.isContentHidden\" data-wp-class--show=\"state.isContentVisible\" data-wp-init=\"callbacks.setButtonStyles\" data-wp-on--click=\"actions.showLightbox\" data-wp-on--load=\"callbacks.setButtonStyles\" data-wp-on--pointerdown=\"actions.preloadImage\" data-wp-on--pointerenter=\"actions.preloadImageWithDelay\" data-wp-on--pointerleave=\"actions.cancelPreload\" data-wp-on-window--resize=\"callbacks.setButtonStyles\" src=\"https:\/\/loudavymkrokem.cz\/wp-content\/uploads\/2026\/01\/cascais-centrum-1.jpg\" alt=\"Historisk stadsk\u00e4rna\" class=\"wp-image-127400\" title=\"\" srcset=\"https:\/\/loudavymkrokem.cz\/wp-content\/uploads\/2026\/01\/cascais-centrum-1.jpg 1200w, https:\/\/loudavymkrokem.cz\/wp-content\/uploads\/2026\/01\/cascais-centrum-1-300x158.jpg 300w, https:\/\/loudavymkrokem.cz\/wp-content\/uploads\/2026\/01\/cascais-centrum-1-700x368.jpg 700w, https:\/\/loudavymkrokem.cz\/wp-content\/uploads\/2026\/01\/cascais-centrum-1-768x403.jpg 768w, https:\/\/loudavymkrokem.cz\/wp-content\/uploads\/2026\/01\/cascais-centrum-1-696x365.jpg 696w\" sizes=\"(max-width: 1200px) 100vw, 1200px\" \/><button\n\t\t\tclass=\"lightbox-trigger\"\n\t\t\ttype=\"button\"\n\t\t\taria-haspopup=\"dialog\"\n\t\t\tdata-wp-bind--aria-label=\"state.thisImage.triggerButtonAriaLabel\"\n\t\t\tdata-wp-init=\"callbacks.initTriggerButton\"\n\t\t\tdata-wp-on--click=\"actions.showLightbox\"\n\t\t\tdata-wp-style--right=\"state.thisImage.buttonRight\"\n\t\t\tdata-wp-style--top=\"state.thisImage.buttonTop\"\n\t\t>\n\t\t\t<svg xmlns=\"http:\/\/www.w3.org\/2000\/svg\" width=\"12\" height=\"12\" fill=\"none\" viewBox=\"0 0 12 12\">\n\t\t\t\t<path fill=\"#fff\" d=\"M2 0a2 2 0 0 0-2 2v2h1.5V2a.5.5 0 0 1 .5-.5h2V0H2Zm2 10.5H2a.5.5 0 0 1-.5-.5V8H0v2a2 2 0 0 0 2 2h2v-1.5ZM8 12v-1.5h2a.5.5 0 0 0 .5-.5V8H12v2a2 2 0 0 1-2 2H8Zm2-12a2 2 0 0 1 2 2v2h-1.5V2a.5.5 0 0 0-.5-.5H8V0h2Z\" \/>\n\t\t\t<\/svg>\n\t\t<\/button><figcaption class=\"wp-element-caption\">Historisk stadsk\u00e4rna<\/figcaption><\/figure>\n\n\n\n<p class=\"wp-block-paragraph\">Mitt i den historiska bebyggelsen d\u00f6ljer sig en liten men helt f\u00f6rtrollande sandvik k\u00e4nd som Kungliga stranden. <strong>Den fick sitt namn efter den sista portugisiska drottningen Am\u00e9lie<\/strong>, som valde denna skyddade plats som sin privata oas av lugn. Stranden omges p\u00e5 tre sidor av h\u00f6ga klippor, vilket ger den en k\u00e4nsla av total avskildhet.<\/p>\n\n\n\n<p class=\"wp-block-paragraph\">Sanden h\u00e4r \u00e4r underbart fin och nedg\u00e5ngen i vattnet mycket flack, s\u00e5 det \u00e4r en utm\u00e4rkt plats \u00e4ven f\u00f6r familjer med mindre barn. <strong>Med tanke p\u00e5 dess ringa storlek fylls den dock mycket snabbt i h\u00f6gs\u00e4song<\/strong>, s\u00e5 du m\u00e5ste skynda dig hit direkt efter frukosten. Vid lunchtid brukar det redan vara sv\u00e5rt att hitta plats ens f\u00f6r en enda liten handduk.<\/p>\n\n\n\n<p class=\"wp-block-paragraph\">Precis ovanf\u00f6r stranden finns en trevlig bar med terrass, varifr\u00e5n du kan iaktta myllret nere p\u00e5 sanden med en kall dryck i handen. <strong>Allra vackrast \u00e4r det dock vid solnedg\u00e5ngen<\/strong>, n\u00e4r de omgivande klipporna f\u00e4rgas i djupt orange toner och du bara kan sitta och lyssna p\u00e5 de sm\u00e5 v\u00e5gornas brus. <strong>\ud83d\udca1 Tips:<\/strong> Bad h\u00e4r brukar vara s\u00e4kert st\u00f6rre delen av \u00e5ret, men Atlantens vatten \u00e4r \u00e4ven i den varmaste augustim\u00e5naden mycket uppfriskande och \u00f6verstiger s\u00e4llan 21 grader.<\/p>\n\n\n\n<h3 class=\"wp-block-heading\"><span class=\"ez-toc-section\" id=\"3_Lyx_och_jakter_i_Marina_de_Cascais\"><\/span>3. Lyx och jakter i Marina de Cascais<span class=\"ez-toc-section-end\"><\/span><\/h3>\n\n\n\n<figure data-wp-context=\"{&quot;imageId&quot;:&quot;6a99532307b75&quot;}\" data-wp-interactive=\"core\/image\" data-wp-key=\"6a99532307b75\" class=\"wp-block-image size-full wp-lightbox-container\"><img decoding=\"async\" width=\"1200\" height=\"630\" data-wp-class--hide=\"state.isContentHidden\" data-wp-class--show=\"state.isContentVisible\" data-wp-init=\"callbacks.setButtonStyles\" data-wp-on--click=\"actions.showLightbox\" data-wp-on--load=\"callbacks.setButtonStyles\" data-wp-on--pointerdown=\"actions.preloadImage\" data-wp-on--pointerenter=\"actions.preloadImageWithDelay\" data-wp-on--pointerleave=\"actions.cancelPreload\" data-wp-on-window--resize=\"callbacks.setButtonStyles\" src=\"https:\/\/loudavymkrokem.cz\/wp-content\/uploads\/2026\/01\/cascais.jpg\" alt=\"Strand\" class=\"wp-image-127404\" title=\"\" srcset=\"https:\/\/loudavymkrokem.cz\/wp-content\/uploads\/2026\/01\/cascais.jpg 1200w, https:\/\/loudavymkrokem.cz\/wp-content\/uploads\/2026\/01\/cascais-300x158.jpg 300w, https:\/\/loudavymkrokem.cz\/wp-content\/uploads\/2026\/01\/cascais-700x368.jpg 700w, https:\/\/loudavymkrokem.cz\/wp-content\/uploads\/2026\/01\/cascais-768x403.jpg 768w, https:\/\/loudavymkrokem.cz\/wp-content\/uploads\/2026\/01\/cascais-696x365.jpg 696w\" sizes=\"(max-width: 1200px) 100vw, 1200px\" \/><button\n\t\t\tclass=\"lightbox-trigger\"\n\t\t\ttype=\"button\"\n\t\t\taria-haspopup=\"dialog\"\n\t\t\tdata-wp-bind--aria-label=\"state.thisImage.triggerButtonAriaLabel\"\n\t\t\tdata-wp-init=\"callbacks.initTriggerButton\"\n\t\t\tdata-wp-on--click=\"actions.showLightbox\"\n\t\t\tdata-wp-style--right=\"state.thisImage.buttonRight\"\n\t\t\tdata-wp-style--top=\"state.thisImage.buttonTop\"\n\t\t>\n\t\t\t<svg xmlns=\"http:\/\/www.w3.org\/2000\/svg\" width=\"12\" height=\"12\" fill=\"none\" viewBox=\"0 0 12 12\">\n\t\t\t\t<path fill=\"#fff\" d=\"M2 0a2 2 0 0 0-2 2v2h1.5V2a.5.5 0 0 1 .5-.5h2V0H2Zm2 10.5H2a.5.5 0 0 1-.5-.5V8H0v2a2 2 0 0 0 2 2h2v-1.5ZM8 12v-1.5h2a.5.5 0 0 0 .5-.5V8H12v2a2 2 0 0 1-2 2H8Zm2-12a2 2 0 0 1 2 2v2h-1.5V2a.5.5 0 0 0-.5-.5H8V0h2Z\" \/>\n\t\t\t<\/svg>\n\t\t<\/button><figcaption class=\"wp-element-caption\">Strand<\/figcaption><\/figure>\n\n\n\n<p class=\"wp-block-paragraph\">Det moderna hamnkomplexet visar upp en helt annan sida av staden, full av elegans, lyx och enorma vita jakter fr\u00e5n hela v\u00e4rlden. <strong>Promenaden l\u00e4ngs marinan \u00e4r en popul\u00e4r plats f\u00f6r promenader i skymningen<\/strong>, d\u00e4r gammal fisketradition blandas med en modern semesterort. H\u00e4r ser du sm\u00e5 tr\u00e4b\u00e5tar tillh\u00f6rande lokala fiskare ligga sida vid sida med flytande palats f\u00f6r flera miljoner.<\/p>\n\n\n\n<p class=\"wp-block-paragraph\">Hela omr\u00e5det kantas av en rad stilfulla restauranger, glasade kaf\u00e9er och butiker med sj\u00f6mansmode. <strong>Du kan sl\u00e5 dig ner p\u00e5 en uteterrass med utsikt \u00f6ver b\u00e5tarnas master<\/strong> och i timmar bara betrakta det fascinerande hamnlivet. P\u00e5 sommaren ordnas h\u00e4r dessutom ofta olika utomhuskonserter och marknader med hantverk.<\/p>\n\n\n\n<p class=\"wp-block-paragraph\">Om du vill uppleva havet p\u00e5 n\u00e4ra h\u00e5ll \u00e4r det just h\u00e4rifr\u00e5n de olika organiserade utflykterna avg\u00e5r. <strong>Du kan boka en romantisk kryssning vid solnedg\u00e5ngen<\/strong> eller ge dig ut p\u00e5 en \u00e4ventyrlig delfinsafari l\u00e4ngs kusten. Det brukar vara en helt of\u00f6rgl\u00f6mlig upplevelse. <strong>\ud83d\udca1 Tips:<\/strong> De b\u00e4sta b\u00e5tturerna brukar p\u00e5 sommaren vara uts\u00e5lda flera dagar i f\u00f6rv\u00e4g. Om du \u00e4r sugen p\u00e5 en kryssning, s\u00e4kra dina platser online direkt n\u00e4r du kommer till Portugal.<\/p>\n\n\n\n<h3 class=\"wp-block-heading\"><span class=\"ez-toc-section\" id=\"4_Klippklyftan_Boca_do_Inferno\"><\/span>4. Klippklyftan Boca do Inferno<span class=\"ez-toc-section-end\"><\/span><\/h3>\n\n\n\n<figure data-wp-context=\"{&quot;imageId&quot;:&quot;6a995323080fe&quot;}\" data-wp-interactive=\"core\/image\" data-wp-key=\"6a995323080fe\" class=\"wp-block-image size-full wp-lightbox-container\"><img decoding=\"async\" width=\"1200\" height=\"630\" data-wp-class--hide=\"state.isContentHidden\" data-wp-class--show=\"state.isContentVisible\" data-wp-init=\"callbacks.setButtonStyles\" data-wp-on--click=\"actions.showLightbox\" data-wp-on--load=\"callbacks.setButtonStyles\" data-wp-on--pointerdown=\"actions.preloadImage\" data-wp-on--pointerenter=\"actions.preloadImageWithDelay\" data-wp-on--pointerleave=\"actions.cancelPreload\" data-wp-on-window--resize=\"callbacks.setButtonStyles\" src=\"https:\/\/loudavymkrokem.cz\/wp-content\/uploads\/2026\/01\/cascais-pristav.jpg\" alt=\"Hamnen i Cascais\" class=\"wp-image-127403\" title=\"\" srcset=\"https:\/\/loudavymkrokem.cz\/wp-content\/uploads\/2026\/01\/cascais-pristav.jpg 1200w, https:\/\/loudavymkrokem.cz\/wp-content\/uploads\/2026\/01\/cascais-pristav-300x158.jpg 300w, https:\/\/loudavymkrokem.cz\/wp-content\/uploads\/2026\/01\/cascais-pristav-700x368.jpg 700w, https:\/\/loudavymkrokem.cz\/wp-content\/uploads\/2026\/01\/cascais-pristav-768x403.jpg 768w, https:\/\/loudavymkrokem.cz\/wp-content\/uploads\/2026\/01\/cascais-pristav-696x365.jpg 696w\" sizes=\"(max-width: 1200px) 100vw, 1200px\" \/><button\n\t\t\tclass=\"lightbox-trigger\"\n\t\t\ttype=\"button\"\n\t\t\taria-haspopup=\"dialog\"\n\t\t\tdata-wp-bind--aria-label=\"state.thisImage.triggerButtonAriaLabel\"\n\t\t\tdata-wp-init=\"callbacks.initTriggerButton\"\n\t\t\tdata-wp-on--click=\"actions.showLightbox\"\n\t\t\tdata-wp-style--right=\"state.thisImage.buttonRight\"\n\t\t\tdata-wp-style--top=\"state.thisImage.buttonTop\"\n\t\t>\n\t\t\t<svg xmlns=\"http:\/\/www.w3.org\/2000\/svg\" width=\"12\" height=\"12\" fill=\"none\" viewBox=\"0 0 12 12\">\n\t\t\t\t<path fill=\"#fff\" d=\"M2 0a2 2 0 0 0-2 2v2h1.5V2a.5.5 0 0 1 .5-.5h2V0H2Zm2 10.5H2a.5.5 0 0 1-.5-.5V8H0v2a2 2 0 0 0 2 2h2v-1.5ZM8 12v-1.5h2a.5.5 0 0 0 .5-.5V8H12v2a2 2 0 0 1-2 2H8Zm2-12a2 2 0 0 1 2 2v2h-1.5V2a.5.5 0 0 0-.5-.5H8V0h2Z\" \/>\n\t\t\t<\/svg>\n\t\t<\/button><figcaption class=\"wp-element-caption\">Hamnen i Cascais<\/figcaption><\/figure>\n\n\n\n<p class=\"wp-block-paragraph\">Ungef\u00e4r tv\u00e5 kilometer v\u00e4ster om centrum st\u00f6ter du p\u00e5 en av de mest fotograferade naturattraktionerna i hela omr\u00e5det. <strong>Denna m\u00e4ktiga kalkstensklyfta b\u00e4r det talande namnet Helvetets gap<\/strong>, och n\u00e4r havet \u00e4r oroligt f\u00f6rst\u00e5r du mycket snabbt varf\u00f6r. V\u00e5gorna sl\u00e5r med ett \u00f6ronbed\u00f6vande d\u00e5n mot de branta klipporna och vattnet st\u00e4nker flera meter upp i luften.<\/p>\n\n\n\n<p class=\"wp-block-paragraph\">Till den h\u00e4r platsen knyts massor av mystiska legender och historier, varav den mest ber\u00f6mda kommer fr\u00e5n \u00e5r 1930. <strong>D\u00e5 fejkade den ber\u00f6mde brittiske ockultisten Aleister Crowley sin egen d\u00f6d h\u00e4r<\/strong>, n\u00e4r han l\u00e4mnade sin rock och ett avskedsbrev p\u00e5 klippan f\u00f6r att n\u00e5gra veckor senare dyka upp n\u00f6jd i Berlin. \u00c4n idag k\u00e4nns det lite mystiskt h\u00e4r.<\/p>\n\n\n\n<p class=\"wp-block-paragraph\">V\u00e4gen till klyftan g\u00e5r l\u00e4ngs en fin kustpromenad och tar ungef\u00e4r trettio minuters bekv\u00e4m promenad fr\u00e5n centrum. <strong>Direkt ovanf\u00f6r klipporna finns en s\u00e4ker utsiktsplattform<\/strong>, varifr\u00e5n du bekymmersfritt kan iaktta detta naturens sk\u00e5despel. H\u00e4r finns \u00e4ven n\u00e5gra souvenirst\u00e5nd och en trevlig restaurang med en fantastisk utsikt. <strong>\ud83d\udca1 Tips:<\/strong> Om du har m\u00f6jlighet, kom hit vid h\u00f6gvatten eller strax efter en storm. D\u00e5 \u00e4r naturens sk\u00e5despel med det brytande vattnet allra mest imponerande.<\/p>\n\n\n\n<h3 class=\"wp-block-heading\"><span class=\"ez-toc-section\" id=\"5_Cykling_langs_kustcykelbanan\"><\/span>5. Cykling l\u00e4ngs kustcykelbanan<span class=\"ez-toc-section-end\"><\/span><\/h3>\n\n\n\n<figure data-wp-context=\"{&quot;imageId&quot;:&quot;6a99532308722&quot;}\" data-wp-interactive=\"core\/image\" data-wp-key=\"6a99532308722\" class=\"wp-block-image size-full wp-lightbox-container\"><img decoding=\"async\" width=\"1200\" height=\"630\" data-wp-class--hide=\"state.isContentHidden\" data-wp-class--show=\"state.isContentVisible\" data-wp-init=\"callbacks.setButtonStyles\" data-wp-on--click=\"actions.showLightbox\" data-wp-on--load=\"callbacks.setButtonStyles\" data-wp-on--pointerdown=\"actions.preloadImage\" data-wp-on--pointerenter=\"actions.preloadImageWithDelay\" data-wp-on--pointerleave=\"actions.cancelPreload\" data-wp-on-window--resize=\"callbacks.setButtonStyles\" src=\"https:\/\/loudavymkrokem.cz\/wp-content\/uploads\/2026\/01\/cascais-boca-do-inferno.jpg\" alt=\"Boca do Inferno\" class=\"wp-image-127405\" title=\"\" srcset=\"https:\/\/loudavymkrokem.cz\/wp-content\/uploads\/2026\/01\/cascais-boca-do-inferno.jpg 1200w, https:\/\/loudavymkrokem.cz\/wp-content\/uploads\/2026\/01\/cascais-boca-do-inferno-300x158.jpg 300w, https:\/\/loudavymkrokem.cz\/wp-content\/uploads\/2026\/01\/cascais-boca-do-inferno-700x368.jpg 700w, https:\/\/loudavymkrokem.cz\/wp-content\/uploads\/2026\/01\/cascais-boca-do-inferno-768x403.jpg 768w, https:\/\/loudavymkrokem.cz\/wp-content\/uploads\/2026\/01\/cascais-boca-do-inferno-696x365.jpg 696w\" sizes=\"(max-width: 1200px) 100vw, 1200px\" \/><button\n\t\t\tclass=\"lightbox-trigger\"\n\t\t\ttype=\"button\"\n\t\t\taria-haspopup=\"dialog\"\n\t\t\tdata-wp-bind--aria-label=\"state.thisImage.triggerButtonAriaLabel\"\n\t\t\tdata-wp-init=\"callbacks.initTriggerButton\"\n\t\t\tdata-wp-on--click=\"actions.showLightbox\"\n\t\t\tdata-wp-style--right=\"state.thisImage.buttonRight\"\n\t\t\tdata-wp-style--top=\"state.thisImage.buttonTop\"\n\t\t>\n\t\t\t<svg xmlns=\"http:\/\/www.w3.org\/2000\/svg\" width=\"12\" height=\"12\" fill=\"none\" viewBox=\"0 0 12 12\">\n\t\t\t\t<path fill=\"#fff\" d=\"M2 0a2 2 0 0 0-2 2v2h1.5V2a.5.5 0 0 1 .5-.5h2V0H2Zm2 10.5H2a.5.5 0 0 1-.5-.5V8H0v2a2 2 0 0 0 2 2h2v-1.5ZM8 12v-1.5h2a.5.5 0 0 0 .5-.5V8H12v2a2 2 0 0 1-2 2H8Zm2-12a2 2 0 0 1 2 2v2h-1.5V2a.5.5 0 0 0-.5-.5H8V0h2Z\" \/>\n\t\t\t<\/svg>\n\t\t<\/button><\/figure>\n\n\n\n<p class=\"wp-block-paragraph\">En av v\u00e5ra favoritupplevelser i det h\u00e4r omr\u00e5det \u00e4r definitivt en cykeltur l\u00e4ngs den vackra asfalterade cykelbanan som f\u00f6ljer de vilda klipporna. <strong>Str\u00e4ckan \u00e4r ungef\u00e4r nio kilometer l\u00e5ng enkel v\u00e4g<\/strong> och f\u00f6rbinder stadens centrum med den underbara vilda stranden Guincho. Den \u00e4r perfekt avskild fr\u00e5n biltrafiken, s\u00e5 du beh\u00f6ver inte vara r\u00e4dd f\u00f6r att ge dig ut \u00e4ven med mindre barn.<\/p>\n\n\n\n<p class=\"wp-block-paragraph\">Du kan hyra cykel p\u00e5 m\u00e5nga platser i staden, m\u00e5nga hotell erbjuder till och med sina g\u00e4ster cykel helt gratis, annars betalar du runt 15 euro per dag. <strong>V\u00e4gen bjuder p\u00e5 en helt h\u00e4nf\u00f6rande utsikt \u00f6ver det bl\u00e5 havet<\/strong>, gamla fyrar och de sakta stigande gr\u00f6na kullarna i nationalparken i bakgrunden. Det \u00e4r rena balsamet f\u00f6r sj\u00e4len.<\/p>\n\n\n\n<p class=\"wp-block-paragraph\">Gl\u00f6m inte att ta med dig gott om dricksvatten och stark solkr\u00e4m, f\u00f6r l\u00e4ngs v\u00e4gen finns inte m\u00e5nga st\u00e4llen att s\u00f6ka skydd fr\u00e5n solen. <strong>P\u00e5 v\u00e4gen tillbaka f\u00e5r du dessutom r\u00e4kna med att du cyklar mot en stark vind<\/strong>, vilket kan t\u00e4ra lite p\u00e5 dig om du inte hyr en elcykel direkt. \ud83d\ude05 <strong>\ud83d\udca1 Tips:<\/strong> Ge dig ut direkt efter frukost p\u00e5 morgonen. Vid lunchtid brukar det redan vara mycket livligt p\u00e5 cykelbanan, eftersom lokalborna flitigt anv\u00e4nder den f\u00f6r l\u00f6pning och inlines\u00e5kning.<\/p>\n\n\n\n<h3 class=\"wp-block-heading\"><span class=\"ez-toc-section\" id=\"6_Surfarnas_vildmark_pa_Praia_do_Guincho\"><\/span>6. Surfarnas vildmark p\u00e5 Praia do Guincho<span class=\"ez-toc-section-end\"><\/span><\/h3>\n\n\n\n<figure data-wp-context=\"{&quot;imageId&quot;:&quot;6a99532308bd7&quot;}\" data-wp-interactive=\"core\/image\" data-wp-key=\"6a99532308bd7\" class=\"wp-block-image size-full wp-lightbox-container\"><img decoding=\"async\" width=\"1200\" height=\"630\" data-wp-class--hide=\"state.isContentHidden\" data-wp-class--show=\"state.isContentVisible\" data-wp-init=\"callbacks.setButtonStyles\" data-wp-on--click=\"actions.showLightbox\" data-wp-on--load=\"callbacks.setButtonStyles\" data-wp-on--pointerdown=\"actions.preloadImage\" data-wp-on--pointerenter=\"actions.preloadImageWithDelay\" data-wp-on--pointerleave=\"actions.cancelPreload\" data-wp-on-window--resize=\"callbacks.setButtonStyles\" src=\"https:\/\/loudavymkrokem.cz\/wp-content\/uploads\/2026\/01\/Condes-de-Castro-Guimaraes.jpg\" alt=\"Condes de Castro Guimar\u00e3es\" class=\"wp-image-127406\" title=\"\" srcset=\"https:\/\/loudavymkrokem.cz\/wp-content\/uploads\/2026\/01\/Condes-de-Castro-Guimaraes.jpg 1200w, https:\/\/loudavymkrokem.cz\/wp-content\/uploads\/2026\/01\/Condes-de-Castro-Guimaraes-300x158.jpg 300w, https:\/\/loudavymkrokem.cz\/wp-content\/uploads\/2026\/01\/Condes-de-Castro-Guimaraes-700x368.jpg 700w, https:\/\/loudavymkrokem.cz\/wp-content\/uploads\/2026\/01\/Condes-de-Castro-Guimaraes-768x403.jpg 768w, https:\/\/loudavymkrokem.cz\/wp-content\/uploads\/2026\/01\/Condes-de-Castro-Guimaraes-696x365.jpg 696w\" sizes=\"(max-width: 1200px) 100vw, 1200px\" \/><button\n\t\t\tclass=\"lightbox-trigger\"\n\t\t\ttype=\"button\"\n\t\t\taria-haspopup=\"dialog\"\n\t\t\tdata-wp-bind--aria-label=\"state.thisImage.triggerButtonAriaLabel\"\n\t\t\tdata-wp-init=\"callbacks.initTriggerButton\"\n\t\t\tdata-wp-on--click=\"actions.showLightbox\"\n\t\t\tdata-wp-style--right=\"state.thisImage.buttonRight\"\n\t\t\tdata-wp-style--top=\"state.thisImage.buttonTop\"\n\t\t>\n\t\t\t<svg xmlns=\"http:\/\/www.w3.org\/2000\/svg\" width=\"12\" height=\"12\" fill=\"none\" viewBox=\"0 0 12 12\">\n\t\t\t\t<path fill=\"#fff\" d=\"M2 0a2 2 0 0 0-2 2v2h1.5V2a.5.5 0 0 1 .5-.5h2V0H2Zm2 10.5H2a.5.5 0 0 1-.5-.5V8H0v2a2 2 0 0 0 2 2h2v-1.5ZM8 12v-1.5h2a.5.5 0 0 0 .5-.5V8H12v2a2 2 0 0 1-2 2H8Zm2-12a2 2 0 0 1 2 2v2h-1.5V2a.5.5 0 0 0-.5-.5H8V0h2Z\" \/>\n\t\t\t<\/svg>\n\t\t<\/button><figcaption class=\"wp-element-caption\">Condes de Castro Guimar\u00e3es<\/figcaption><\/figure>\n\n\n\n<p class=\"wp-block-paragraph\">N\u00e4r du kommer fram till slutet av den n\u00e4mnda cykelbanan \u00f6ppnar sig en vidstr\u00e4ckt sandstrand framf\u00f6r dig som verkar h\u00e4mtad fr\u00e5n en annan v\u00e4rld. <strong>Praia do Guincho \u00e4r ren naturlig vildmark<\/strong>, d\u00e4r en aldrig sinande vind r\u00e5der och Atlantens j\u00e4ttev\u00e5gor sl\u00e5r mot stranden med otrolig kraft. Det \u00e4r verkligen inte en plats f\u00f6r lugnt familjeplask p\u00e5 en uppbl\u00e5sbar madrass.<\/p>\n\n\n\n<p class=\"wp-block-paragraph\">Det h\u00e4r \u00e4r helig mark f\u00f6r alla adrenalin\u00e4lskare, surfare och kitesurfare fr\u00e5n hela v\u00e4rlden. <strong>Vi \u00e5ker hit f\u00f6r att beundra de b\u00e4sta \u00e5karna<\/strong>, som tr\u00e4nar h\u00e4r i f\u00f6rh\u00e5llanden som svagare sj\u00e4lar omedelbart skulle avskr\u00e4ckas av. Sanden h\u00e4r \u00e4r otroligt fin, n\u00e4stan vit, och de omgivande dynerna ger den en n\u00e4stan \u00f6kenaktig karakt\u00e4r.<\/p>\n\n\n\n<p class=\"wp-block-paragraph\">\u00c4ven om du inte t\u00e4nker ge dig i vattnet, \u00e4r det v\u00e4rt att g\u00e5 barfota i sanden, l\u00e5ta den salta vinden bl\u00e5sa genom h\u00e5ret och k\u00e4nna havets enorma energi. <strong>I strandens n\u00e4rhet hittar du flera tr\u00e4restauranger<\/strong>, d\u00e4r du kan s\u00f6ka skydd fr\u00e5n vinden och best\u00e4lla n\u00e5got varmt medan du genom f\u00f6nstret f\u00f6ljer de v\u00e5ghalsiga i v\u00e5gorna. <strong>\ud83d\udca1 Tips:<\/strong> Str\u00f6mmarna h\u00e4r \u00e4r extremt starka och l\u00f6mska hela \u00e5ret. Om du inte \u00e4r en riktigt erfaren och tr\u00e4nad simmare, ge dig hellre inte i vattnet alls utan beundra havet bara fr\u00e5n stranden.<\/p>\n\n\n\n<h3 class=\"wp-block-heading\"><span class=\"ez-toc-section\" id=\"7_Den_historiska_fastningen_Cidadela_de_Cascais\"><\/span>7. Den historiska f\u00e4stningen Cidadela de Cascais<span class=\"ez-toc-section-end\"><\/span><\/h3>\n\n\n\n<figure data-wp-context=\"{&quot;imageId&quot;:&quot;6a99532309063&quot;}\" data-wp-interactive=\"core\/image\" data-wp-key=\"6a99532309063\" class=\"wp-block-image size-full wp-lightbox-container\"><img decoding=\"async\" width=\"1200\" height=\"630\" data-wp-class--hide=\"state.isContentHidden\" data-wp-class--show=\"state.isContentVisible\" data-wp-init=\"callbacks.setButtonStyles\" data-wp-on--click=\"actions.showLightbox\" data-wp-on--load=\"callbacks.setButtonStyles\" data-wp-on--pointerdown=\"actions.preloadImage\" data-wp-on--pointerenter=\"actions.preloadImageWithDelay\" data-wp-on--pointerleave=\"actions.cancelPreload\" data-wp-on-window--resize=\"callbacks.setButtonStyles\" src=\"https:\/\/loudavymkrokem.cz\/wp-content\/uploads\/2026\/01\/cascais-2.jpg\" alt=\"Fyren Santa Marta\" class=\"wp-image-127398\" title=\"\" srcset=\"https:\/\/loudavymkrokem.cz\/wp-content\/uploads\/2026\/01\/cascais-2.jpg 1200w, https:\/\/loudavymkrokem.cz\/wp-content\/uploads\/2026\/01\/cascais-2-300x158.jpg 300w, https:\/\/loudavymkrokem.cz\/wp-content\/uploads\/2026\/01\/cascais-2-700x368.jpg 700w, https:\/\/loudavymkrokem.cz\/wp-content\/uploads\/2026\/01\/cascais-2-768x403.jpg 768w, https:\/\/loudavymkrokem.cz\/wp-content\/uploads\/2026\/01\/cascais-2-696x365.jpg 696w\" sizes=\"(max-width: 1200px) 100vw, 1200px\" \/><button\n\t\t\tclass=\"lightbox-trigger\"\n\t\t\ttype=\"button\"\n\t\t\taria-haspopup=\"dialog\"\n\t\t\tdata-wp-bind--aria-label=\"state.thisImage.triggerButtonAriaLabel\"\n\t\t\tdata-wp-init=\"callbacks.initTriggerButton\"\n\t\t\tdata-wp-on--click=\"actions.showLightbox\"\n\t\t\tdata-wp-style--right=\"state.thisImage.buttonRight\"\n\t\t\tdata-wp-style--top=\"state.thisImage.buttonTop\"\n\t\t>\n\t\t\t<svg xmlns=\"http:\/\/www.w3.org\/2000\/svg\" width=\"12\" height=\"12\" fill=\"none\" viewBox=\"0 0 12 12\">\n\t\t\t\t<path fill=\"#fff\" d=\"M2 0a2 2 0 0 0-2 2v2h1.5V2a.5.5 0 0 1 .5-.5h2V0H2Zm2 10.5H2a.5.5 0 0 1-.5-.5V8H0v2a2 2 0 0 0 2 2h2v-1.5ZM8 12v-1.5h2a.5.5 0 0 0 .5-.5V8H12v2a2 2 0 0 1-2 2H8Zm2-12a2 2 0 0 1 2 2v2h-1.5V2a.5.5 0 0 0-.5-.5H8V0h2Z\" \/>\n\t\t\t<\/svg>\n\t\t<\/button><figcaption class=\"wp-element-caption\">Fyren Santa Marta<\/figcaption><\/figure>\n\n\n\n<p class=\"wp-block-paragraph\">Precis vid hamnen reser sig de m\u00e4ktiga stenmurarna fr\u00e5n den gamla f\u00f6rsvarsf\u00e4stningen, som i \u00e5rhundraden skyddade kusten mot pirater och fientliga skepp. <strong>Denna strategiska byggnad fr\u00e5n 1400-talet har idag genomg\u00e5tt en otrolig f\u00f6rvandling<\/strong> och innanf\u00f6r murarna d\u00f6ljer sig ett levande kulturcentrum och lyxhotellet Pousada. Det \u00e4r ett skolexempel p\u00e5 hur man kan f\u00f6rena det gamla med det nya.<\/p>\n\n\n\n<p class=\"wp-block-paragraph\">N\u00e4r du promenerar \u00f6ver den inre borgg\u00e5rden st\u00f6ter du p\u00e5 ett underbart utomhusgalleri fullt av moderna skulpturer och konstinstallationer. <strong>De ursprungliga milit\u00e4rbarackerna har f\u00f6rvandlats till sm\u00e5 konstn\u00e4rsatelj\u00e9er<\/strong>, dit du kan kika in och se lokala skapare arbeta direkt. Atmosf\u00e4ren h\u00e4r \u00e4r fantastiskt inspirerande och lugn, i skarp kontrast mot vimlet utanf\u00f6r.<\/p>\n\n\n\n<p class=\"wp-block-paragraph\">En del av f\u00e4stningen fungerar fortfarande som sommarresidens f\u00f6r Portugals president, s\u00e5 alla utrymmen \u00e4r inte \u00f6ppna f\u00f6r allm\u00e4nheten. <strong>Missa dock definitivt inte en promenad l\u00e4ngs sj\u00e4lva murarna<\/strong>, varifr\u00e5n du f\u00e5r den b\u00e4sta utsikten \u00f6ver hela den nya marinan och den gamla staden under dig. <strong>\ud83d\udca1 Tips:<\/strong> Intr\u00e4det till f\u00e4stningens huvudsakliga utomhusytor och konstn\u00e4rskvarteret \u00e4r helt gratis, s\u00e5 du kan strosa runt hur du vill och \u00e5terv\u00e4nda hit vid olika tider p\u00e5 dygnet.<\/p>\n\n\n\n<h3 class=\"wp-block-heading\"><span class=\"ez-toc-section\" id=\"8_Arkitektur_pa_Casa_das_Historias_Paula_Rego\"><\/span>8. Arkitektur p\u00e5 Casa das Hist\u00f3rias Paula Rego<span class=\"ez-toc-section-end\"><\/span><\/h3>\n\n\n\n<figure data-wp-context=\"{&quot;imageId&quot;:&quot;6a99532309552&quot;}\" data-wp-interactive=\"core\/image\" data-wp-key=\"6a99532309552\" class=\"wp-block-image size-full wp-lightbox-container\"><img decoding=\"async\" width=\"1200\" height=\"630\" data-wp-class--hide=\"state.isContentHidden\" data-wp-class--show=\"state.isContentVisible\" data-wp-init=\"callbacks.setButtonStyles\" data-wp-on--click=\"actions.showLightbox\" data-wp-on--load=\"callbacks.setButtonStyles\" data-wp-on--pointerdown=\"actions.preloadImage\" data-wp-on--pointerenter=\"actions.preloadImageWithDelay\" data-wp-on--pointerleave=\"actions.cancelPreload\" data-wp-on-window--resize=\"callbacks.setButtonStyles\" src=\"https:\/\/loudavymkrokem.cz\/wp-content\/uploads\/2024\/12\/Cabo-da-roca.jpg\" alt=\"Cabo da Roca\" class=\"wp-image-91117\" title=\"\" srcset=\"https:\/\/loudavymkrokem.cz\/wp-content\/uploads\/2024\/12\/Cabo-da-roca.jpg 1200w, https:\/\/loudavymkrokem.cz\/wp-content\/uploads\/2024\/12\/Cabo-da-roca-300x158.jpg 300w, https:\/\/loudavymkrokem.cz\/wp-content\/uploads\/2024\/12\/Cabo-da-roca-700x368.jpg 700w, https:\/\/loudavymkrokem.cz\/wp-content\/uploads\/2024\/12\/Cabo-da-roca-768x403.jpg 768w, https:\/\/loudavymkrokem.cz\/wp-content\/uploads\/2024\/12\/Cabo-da-roca-696x365.jpg 696w\" sizes=\"(max-width: 1200px) 100vw, 1200px\" \/><button\n\t\t\tclass=\"lightbox-trigger\"\n\t\t\ttype=\"button\"\n\t\t\taria-haspopup=\"dialog\"\n\t\t\tdata-wp-bind--aria-label=\"state.thisImage.triggerButtonAriaLabel\"\n\t\t\tdata-wp-init=\"callbacks.initTriggerButton\"\n\t\t\tdata-wp-on--click=\"actions.showLightbox\"\n\t\t\tdata-wp-style--right=\"state.thisImage.buttonRight\"\n\t\t\tdata-wp-style--top=\"state.thisImage.buttonTop\"\n\t\t>\n\t\t\t<svg xmlns=\"http:\/\/www.w3.org\/2000\/svg\" width=\"12\" height=\"12\" fill=\"none\" viewBox=\"0 0 12 12\">\n\t\t\t\t<path fill=\"#fff\" d=\"M2 0a2 2 0 0 0-2 2v2h1.5V2a.5.5 0 0 1 .5-.5h2V0H2Zm2 10.5H2a.5.5 0 0 1-.5-.5V8H0v2a2 2 0 0 0 2 2h2v-1.5ZM8 12v-1.5h2a.5.5 0 0 0 .5-.5V8H12v2a2 2 0 0 1-2 2H8Zm2-12a2 2 0 0 1 2 2v2h-1.5V2a.5.5 0 0 0-.5-.5H8V0h2Z\" \/>\n\t\t\t<\/svg>\n\t\t<\/button><figcaption class=\"wp-element-caption\">Cabo da Roca<\/figcaption><\/figure>\n\n\n\n<p class=\"wp-block-paragraph\">Precis mitt emot f\u00e4stningen f\u00e5ngas ditt \u00f6ga av en byggnad som du helt enkelt inte kan f\u00f6rbise eller f\u00f6rv\u00e4xla med n\u00e5got annat. <strong>Denna unika byggnad p\u00e5minner om tv\u00e5 enorma djupr\u00f6da pyramider<\/strong> och ritades av den ber\u00f6mde portugisiske arkitekten Eduardo Souto de Moura, vinnare av det prestigefyllda Pritzkerpriset. Redan sj\u00e4lva arkitekturen hos detta museum \u00e4r v\u00e4rd ett l\u00e4ngre stopp.<\/p>\n\n\n\n<p class=\"wp-block-paragraph\">Museet \u00e4r till\u00e4gnat verk av Paula Rego, en av de mest betydande och provocerande portugisiska m\u00e5larinnorna i v\u00e5r tid. <strong>Hennes bilder \u00e4r ofta mycket m\u00f6rka, psykologiskt kr\u00e4vande och fulla av dolda betydelser<\/strong>, s\u00e5 de l\u00e4mnar dig definitivt inte ober\u00f6rd. De flesta verk ber\u00e4ttar komplexa historier inspirerade av portugisisk folklore eller personliga trauman.<\/p>\n\n\n\n<p class=\"wp-block-paragraph\">Hela komplexet omges av en vacker tr\u00e4dg\u00e5rd med gamla tr\u00e4d som ger v\u00e4lbeh\u00f6vlig skugga p\u00e5 sommaren. <strong>En del av museet \u00e4r \u00e4ven ett mycket trevligt glasat kaf\u00e9<\/strong>, d\u00e4r du kan sm\u00e4lta intrycken fr\u00e5n utst\u00e4llningen med en god kaffe och en bit utm\u00e4rkt t\u00e5rta. <strong>\ud83d\udca1 Tips:<\/strong> Intr\u00e4det till museet kostar vanligtvis runt 5 euro, men om du planerar ditt bes\u00f6k till s\u00f6ndag f\u00f6rmiddag f\u00f6re klockan 13 f\u00e5r du fri entr\u00e9 till alla utst\u00e4llningar.<\/p>\n\n\n\n<h3 class=\"wp-block-heading\"><span class=\"ez-toc-section\" id=\"9_Det_sagolika_museet_Condes_de_Castro_Guimaraes\"><\/span>9. Det sagolika museet Condes de Castro Guimar\u00e3es<span class=\"ez-toc-section-end\"><\/span><\/h3>\n\n\n\n<figure data-wp-context=\"{&quot;imageId&quot;:&quot;6a9953230999b&quot;}\" data-wp-interactive=\"core\/image\" data-wp-key=\"6a9953230999b\" class=\"wp-block-image size-full wp-lightbox-container\"><img decoding=\"async\" width=\"1200\" height=\"630\" data-wp-class--hide=\"state.isContentHidden\" data-wp-class--show=\"state.isContentVisible\" data-wp-init=\"callbacks.setButtonStyles\" data-wp-on--click=\"actions.showLightbox\" data-wp-on--load=\"callbacks.setButtonStyles\" data-wp-on--pointerdown=\"actions.preloadImage\" data-wp-on--pointerenter=\"actions.preloadImageWithDelay\" data-wp-on--pointerleave=\"actions.cancelPreload\" data-wp-on-window--resize=\"callbacks.setButtonStyles\" src=\"https:\/\/loudavymkrokem.cz\/wp-content\/uploads\/2026\/01\/Praia-da-Ribeira.jpg\" alt=\"Praia da Ribeira\" class=\"wp-image-127408\" title=\"\" srcset=\"https:\/\/loudavymkrokem.cz\/wp-content\/uploads\/2026\/01\/Praia-da-Ribeira.jpg 1200w, https:\/\/loudavymkrokem.cz\/wp-content\/uploads\/2026\/01\/Praia-da-Ribeira-300x158.jpg 300w, https:\/\/loudavymkrokem.cz\/wp-content\/uploads\/2026\/01\/Praia-da-Ribeira-700x368.jpg 700w, https:\/\/loudavymkrokem.cz\/wp-content\/uploads\/2026\/01\/Praia-da-Ribeira-768x403.jpg 768w, https:\/\/loudavymkrokem.cz\/wp-content\/uploads\/2026\/01\/Praia-da-Ribeira-696x365.jpg 696w\" sizes=\"(max-width: 1200px) 100vw, 1200px\" \/><button\n\t\t\tclass=\"lightbox-trigger\"\n\t\t\ttype=\"button\"\n\t\t\taria-haspopup=\"dialog\"\n\t\t\tdata-wp-bind--aria-label=\"state.thisImage.triggerButtonAriaLabel\"\n\t\t\tdata-wp-init=\"callbacks.initTriggerButton\"\n\t\t\tdata-wp-on--click=\"actions.showLightbox\"\n\t\t\tdata-wp-style--right=\"state.thisImage.buttonRight\"\n\t\t\tdata-wp-style--top=\"state.thisImage.buttonTop\"\n\t\t>\n\t\t\t<svg xmlns=\"http:\/\/www.w3.org\/2000\/svg\" width=\"12\" height=\"12\" fill=\"none\" viewBox=\"0 0 12 12\">\n\t\t\t\t<path fill=\"#fff\" d=\"M2 0a2 2 0 0 0-2 2v2h1.5V2a.5.5 0 0 1 .5-.5h2V0H2Zm2 10.5H2a.5.5 0 0 1-.5-.5V8H0v2a2 2 0 0 0 2 2h2v-1.5ZM8 12v-1.5h2a.5.5 0 0 0 .5-.5V8H12v2a2 2 0 0 1-2 2H8Zm2-12a2 2 0 0 1 2 2v2h-1.5V2a.5.5 0 0 0-.5-.5H8V0h2Z\" \/>\n\t\t\t<\/svg>\n\t\t<\/button><figcaption class=\"wp-element-caption\">Praia da Ribeira<\/figcaption><\/figure>\n\n\n\n<p class=\"wp-block-paragraph\">N\u00e4r du promenerar genom parken Marechal Carmona st\u00f6ter du pl\u00f6tsligt p\u00e5 en byggnad som ser ut som om den fallit ner ur en historisk saga. <strong>Denna praktfulla villa med ett m\u00e4rkligt torn och utsikt \u00f6ver en privat strand<\/strong> byggdes i slutet av 1800-talet och fungerar idag som ett fascinerande museum. Ursprungligen tillh\u00f6rde den en rik adelsman med irl\u00e4ndska r\u00f6tter.<\/p>\n\n\n\n<p class=\"wp-block-paragraph\">Interi\u00f6rerna \u00e4r bevarade precis s\u00e5 som den siste \u00e4garen l\u00e4mnade dem, s\u00e5 du kan bokstavligen promenera genom historien. <strong>Den st\u00f6rsta klenoden \u00e4r det underbara tr\u00e4biblioteket med mer \u00e4n 25 000 s\u00e4llsynta band<\/strong>, som f\u00e5r alla \u00e4lskare av gamla b\u00f6cker att h\u00e5lla andan. H\u00e4r finns \u00e4ven rika samlingar av orientaliskt porslin och antika m\u00f6bler.<\/p>\n\n\n\n<p class=\"wp-block-paragraph\">En kuriositet \u00e4r att villan byggdes s\u00e5 att havsvattnet vid h\u00f6gvatten sk\u00f6ljer direkt mot dess grund. <strong>Fr\u00e5n f\u00f6nstren bjuds d\u00e4rf\u00f6r en helt exklusiv utsikt \u00f6ver en liten vik<\/strong>, d\u00e4r sm\u00e5 b\u00e5tar gungar p\u00e5 v\u00e5gorna. Det \u00e4r en klenod som m\u00e5nga snabba turister helt g\u00e5r miste om, vilket \u00e4r riktigt synd. <strong>\ud83d\udca1 Tips:<\/strong> Byggnaden \u00e4r st\u00e4ngd varje m\u00e5ndag, s\u00e5 ha det i \u00e5tanke n\u00e4r du planerar din resrutt, s\u00e5 att du inte st\u00e5r besviken framf\u00f6r den l\u00e5sta smidesgrinden.<\/p>\n\n\n\n<h3 class=\"wp-block-heading\"><span class=\"ez-toc-section\" id=\"10_Vila_i_parken_Marechal_Carmona\"><\/span>10. Vila i parken Marechal Carmona<span class=\"ez-toc-section-end\"><\/span><\/h3>\n\n\n\n<figure data-wp-context=\"{&quot;imageId&quot;:&quot;6a99532309dd2&quot;}\" data-wp-interactive=\"core\/image\" data-wp-key=\"6a99532309dd2\" class=\"wp-block-image size-full wp-lightbox-container\"><img decoding=\"async\" width=\"1200\" height=\"630\" data-wp-class--hide=\"state.isContentHidden\" data-wp-class--show=\"state.isContentVisible\" data-wp-init=\"callbacks.setButtonStyles\" data-wp-on--click=\"actions.showLightbox\" data-wp-on--load=\"callbacks.setButtonStyles\" data-wp-on--pointerdown=\"actions.preloadImage\" data-wp-on--pointerenter=\"actions.preloadImageWithDelay\" data-wp-on--pointerleave=\"actions.cancelPreload\" data-wp-on-window--resize=\"callbacks.setButtonStyles\" src=\"https:\/\/loudavymkrokem.cz\/wp-content\/uploads\/2026\/01\/Praia-de-Santa-Marta.jpg\" alt=\"Praia de Santa Marta\" class=\"wp-image-127407\" title=\"\" srcset=\"https:\/\/loudavymkrokem.cz\/wp-content\/uploads\/2026\/01\/Praia-de-Santa-Marta.jpg 1200w, https:\/\/loudavymkrokem.cz\/wp-content\/uploads\/2026\/01\/Praia-de-Santa-Marta-300x158.jpg 300w, https:\/\/loudavymkrokem.cz\/wp-content\/uploads\/2026\/01\/Praia-de-Santa-Marta-700x368.jpg 700w, https:\/\/loudavymkrokem.cz\/wp-content\/uploads\/2026\/01\/Praia-de-Santa-Marta-768x403.jpg 768w, https:\/\/loudavymkrokem.cz\/wp-content\/uploads\/2026\/01\/Praia-de-Santa-Marta-696x365.jpg 696w\" sizes=\"(max-width: 1200px) 100vw, 1200px\" \/><button\n\t\t\tclass=\"lightbox-trigger\"\n\t\t\ttype=\"button\"\n\t\t\taria-haspopup=\"dialog\"\n\t\t\tdata-wp-bind--aria-label=\"state.thisImage.triggerButtonAriaLabel\"\n\t\t\tdata-wp-init=\"callbacks.initTriggerButton\"\n\t\t\tdata-wp-on--click=\"actions.showLightbox\"\n\t\t\tdata-wp-style--right=\"state.thisImage.buttonRight\"\n\t\t\tdata-wp-style--top=\"state.thisImage.buttonTop\"\n\t\t>\n\t\t\t<svg xmlns=\"http:\/\/www.w3.org\/2000\/svg\" width=\"12\" height=\"12\" fill=\"none\" viewBox=\"0 0 12 12\">\n\t\t\t\t<path fill=\"#fff\" d=\"M2 0a2 2 0 0 0-2 2v2h1.5V2a.5.5 0 0 1 .5-.5h2V0H2Zm2 10.5H2a.5.5 0 0 1-.5-.5V8H0v2a2 2 0 0 0 2 2h2v-1.5ZM8 12v-1.5h2a.5.5 0 0 0 .5-.5V8H12v2a2 2 0 0 1-2 2H8Zm2-12a2 2 0 0 1 2 2v2h-1.5V2a.5.5 0 0 0-.5-.5H8V0h2Z\" \/>\n\t\t\t<\/svg>\n\t\t<\/button><figcaption class=\"wp-element-caption\">Praia de Santa Marta<\/figcaption><\/figure>\n\n\n\n<p class=\"wp-block-paragraph\">N\u00e4r du f\u00e5tt nog av de heta kullerstensgatorna och den skarpa solen, styr kosan mot den h\u00e4r underbara stadsparken. <strong>Den vidstr\u00e4ckta gr\u00f6na oasen mitt i stadens hj\u00e4rta fungerar som en perfekt tillflyktsort f\u00f6r tr\u00f6tta resen\u00e4rer<\/strong> och lokalborna kommer hit regelbundet p\u00e5 helgpicknick. H\u00e4r hittar du h\u00f6ga tallar, palmer och eukalyptustr\u00e4d som doftar underbart.<\/p>\n\n\n\n<p class=\"wp-block-paragraph\">Den st\u00f6rsta attraktionen, som framf\u00f6r allt barnen kommer att \u00e4lska, \u00e4r dock parkens djurinv\u00e5nare. <strong>\u00d6ver gr\u00e4smattorna paraderar helt fritt dussintals f\u00e4rggranna p\u00e5f\u00e5glar<\/strong>, tuppar och h\u00f6ns, och i de sm\u00e5 dammarna simmar ankor och sk\u00f6ldpaddor. P\u00e5f\u00e5glarna \u00e4r vana vid m\u00e4nniskor och visar ofta upp sig med utbredda stj\u00e4rtar precis vid parkb\u00e4nkarna.<\/p>\n\n\n\n<p class=\"wp-block-paragraph\">F\u00f6r familjer finns h\u00e4r en perfekt utrustad lekplats och \u00e4ven massor av skuggiga vr\u00e5r f\u00f6r att l\u00e4sa en bok. <strong>P\u00e5 sommaren finns h\u00e4r dessutom ett litet sommarbibliotek<\/strong>, d\u00e4r du kan l\u00e5na en tidning eller bok gratis och str\u00e4cka ut dig med den direkt i gr\u00e4set. <strong>\ud83d\udca1 Tips:<\/strong> Om du \u00e4r h\u00e4r en l\u00f6rdag f\u00f6rmiddag st\u00f6ter du i parken p\u00e5 en liten ekologisk marknad, d\u00e4r lokala b\u00f6nder s\u00e4ljer f\u00e4rsk frukt, gr\u00f6nsaker och hemlagade marmelader.<\/p>\n\n\n\n<h3 class=\"wp-block-heading\"><span class=\"ez-toc-section\" id=\"11_Fyren_och_museet_Santa_Marta\"><\/span>11. Fyren och museet Santa Marta<span class=\"ez-toc-section-end\"><\/span><\/h3>\n\n\n\n<figure data-wp-context=\"{&quot;imageId&quot;:&quot;6a9953230a3e5&quot;}\" data-wp-interactive=\"core\/image\" data-wp-key=\"6a9953230a3e5\" class=\"wp-block-image size-full wp-lightbox-container\"><img decoding=\"async\" width=\"1200\" height=\"630\" data-wp-class--hide=\"state.isContentHidden\" data-wp-class--show=\"state.isContentVisible\" data-wp-init=\"callbacks.setButtonStyles\" data-wp-on--click=\"actions.showLightbox\" data-wp-on--load=\"callbacks.setButtonStyles\" data-wp-on--pointerdown=\"actions.preloadImage\" data-wp-on--pointerenter=\"actions.preloadImageWithDelay\" data-wp-on--pointerleave=\"actions.cancelPreload\" data-wp-on-window--resize=\"callbacks.setButtonStyles\" src=\"https:\/\/loudavymkrokem.cz\/wp-content\/uploads\/2026\/01\/cascais-3.jpg\" alt=\"Cascais, Portugal\" class=\"wp-image-127399\" title=\"\" srcset=\"https:\/\/loudavymkrokem.cz\/wp-content\/uploads\/2026\/01\/cascais-3.jpg 1200w, https:\/\/loudavymkrokem.cz\/wp-content\/uploads\/2026\/01\/cascais-3-300x158.jpg 300w, https:\/\/loudavymkrokem.cz\/wp-content\/uploads\/2026\/01\/cascais-3-700x368.jpg 700w, https:\/\/loudavymkrokem.cz\/wp-content\/uploads\/2026\/01\/cascais-3-768x403.jpg 768w, https:\/\/loudavymkrokem.cz\/wp-content\/uploads\/2026\/01\/cascais-3-696x365.jpg 696w\" sizes=\"(max-width: 1200px) 100vw, 1200px\" \/><button\n\t\t\tclass=\"lightbox-trigger\"\n\t\t\ttype=\"button\"\n\t\t\taria-haspopup=\"dialog\"\n\t\t\tdata-wp-bind--aria-label=\"state.thisImage.triggerButtonAriaLabel\"\n\t\t\tdata-wp-init=\"callbacks.initTriggerButton\"\n\t\t\tdata-wp-on--click=\"actions.showLightbox\"\n\t\t\tdata-wp-style--right=\"state.thisImage.buttonRight\"\n\t\t\tdata-wp-style--top=\"state.thisImage.buttonTop\"\n\t\t>\n\t\t\t<svg xmlns=\"http:\/\/www.w3.org\/2000\/svg\" width=\"12\" height=\"12\" fill=\"none\" viewBox=\"0 0 12 12\">\n\t\t\t\t<path fill=\"#fff\" d=\"M2 0a2 2 0 0 0-2 2v2h1.5V2a.5.5 0 0 1 .5-.5h2V0H2Zm2 10.5H2a.5.5 0 0 1-.5-.5V8H0v2a2 2 0 0 0 2 2h2v-1.5ZM8 12v-1.5h2a.5.5 0 0 0 .5-.5V8H12v2a2 2 0 0 1-2 2H8Zm2-12a2 2 0 0 1 2 2v2h-1.5V2a.5.5 0 0 0-.5-.5H8V0h2Z\" \/>\n\t\t\t<\/svg>\n\t\t<\/button><figcaption class=\"wp-element-caption\">Cascais, Portugal<\/figcaption><\/figure>\n\n\n\n<p class=\"wp-block-paragraph\">P\u00e5 en klippig udde i stadens s\u00f6dra utkant reser sig stolt den ikoniska vit-bl\u00e5 fyren, som troligen \u00e4r hela omr\u00e5dets mest k\u00e4nda symbol. <strong>Sedan \u00e5r 1868 har den outtr\u00f6ttligt v\u00e4gvisat fartyg som seglar in i den breda mynningen av floden Tejo<\/strong> och dess ljus \u00e4r \u00e4n idag fullt funktionellt. Hela komplexet har nyligen genomg\u00e5tt en varsam renovering och ser helt enkelt underbart ut.<\/p>\n\n\n\n<p class=\"wp-block-paragraph\">I de intilliggande byggnaderna, d\u00e4r fyrvaktarna en g\u00e5ng bodde, hittar du idag ett interaktivt museum till\u00e4gnat sj\u00f6fartsnavigationens historia. <strong>H\u00e4r f\u00e5r du veta massor av intressanta saker om fyrvaktarnas h\u00e5rda liv<\/strong> och om vilken viktig roll Portugal spelade under de stora uppt\u00e4cktsresornas era. Sj\u00e4lva rundvandringen \u00e4r inte s\u00e4rskilt l\u00e5ng, den tar ungef\u00e4r tre kvart.<\/p>\n\n\n\n<p class=\"wp-block-paragraph\">Jag rekommenderar definitivt att inte missa uppstigningen till sj\u00e4lva fyrtornet, om du inte r\u00e5kar lida av h\u00f6jdr\u00e4dsla. <strong>Fr\u00e5n utsiktsg\u00e5ngen \u00f6ppnar sig ett h\u00e4nf\u00f6rande panorama \u00f6ver hela havsbukten<\/strong>, kustpromenaden och den historiska stadsk\u00e4rnans r\u00f6da tak. S\u00e4rskilt eftermiddagsljuset skapar perfekta f\u00f6rh\u00e5llanden f\u00f6r fotografering h\u00e4r. <strong>\ud83d\udca1 Tips:<\/strong> Under fyren ligger en liten strand med samma namn, Praia de Santa Marta. Den har visserligen ingen service, men vattnet h\u00e4r brukar vara h\u00e4rligt lugnt och utsikten \u00f6ver fyren fr\u00e5n vattenytan \u00e4r o\u00f6vertr\u00e4ffad.<\/p>\n\n\n\n<h3 class=\"wp-block-heading\"><span class=\"ez-toc-section\" id=\"12_Kafeer_och_legendariska_Pasteis_de_Nata\"><\/span>12. Kaf\u00e9er och legendariska Past\u00e9is de Nata<span class=\"ez-toc-section-end\"><\/span><\/h3>\n\n\n\n<figure data-wp-context=\"{&quot;imageId&quot;:&quot;6a9953230a99d&quot;}\" data-wp-interactive=\"core\/image\" data-wp-key=\"6a9953230a99d\" class=\"wp-block-image size-full wp-lightbox-container\"><img decoding=\"async\" width=\"1200\" height=\"630\" data-wp-class--hide=\"state.isContentHidden\" data-wp-class--show=\"state.isContentVisible\" data-wp-init=\"callbacks.setButtonStyles\" data-wp-on--click=\"actions.showLightbox\" data-wp-on--load=\"callbacks.setButtonStyles\" data-wp-on--pointerdown=\"actions.preloadImage\" data-wp-on--pointerenter=\"actions.preloadImageWithDelay\" data-wp-on--pointerleave=\"actions.cancelPreload\" data-wp-on-window--resize=\"callbacks.setButtonStyles\" src=\"https:\/\/loudavymkrokem.cz\/wp-content\/uploads\/2024\/12\/Sintra-portugalsko-1.jpg\" alt=\"Sintra, Portugal\" class=\"wp-image-91082\" title=\"\" srcset=\"https:\/\/loudavymkrokem.cz\/wp-content\/uploads\/2024\/12\/Sintra-portugalsko-1.jpg 1200w, https:\/\/loudavymkrokem.cz\/wp-content\/uploads\/2024\/12\/Sintra-portugalsko-1-300x158.jpg 300w, https:\/\/loudavymkrokem.cz\/wp-content\/uploads\/2024\/12\/Sintra-portugalsko-1-700x368.jpg 700w, https:\/\/loudavymkrokem.cz\/wp-content\/uploads\/2024\/12\/Sintra-portugalsko-1-768x403.jpg 768w, https:\/\/loudavymkrokem.cz\/wp-content\/uploads\/2024\/12\/Sintra-portugalsko-1-696x365.jpg 696w\" sizes=\"(max-width: 1200px) 100vw, 1200px\" \/><button\n\t\t\tclass=\"lightbox-trigger\"\n\t\t\ttype=\"button\"\n\t\t\taria-haspopup=\"dialog\"\n\t\t\tdata-wp-bind--aria-label=\"state.thisImage.triggerButtonAriaLabel\"\n\t\t\tdata-wp-init=\"callbacks.initTriggerButton\"\n\t\t\tdata-wp-on--click=\"actions.showLightbox\"\n\t\t\tdata-wp-style--right=\"state.thisImage.buttonRight\"\n\t\t\tdata-wp-style--top=\"state.thisImage.buttonTop\"\n\t\t>\n\t\t\t<svg xmlns=\"http:\/\/www.w3.org\/2000\/svg\" width=\"12\" height=\"12\" fill=\"none\" viewBox=\"0 0 12 12\">\n\t\t\t\t<path fill=\"#fff\" d=\"M2 0a2 2 0 0 0-2 2v2h1.5V2a.5.5 0 0 1 .5-.5h2V0H2Zm2 10.5H2a.5.5 0 0 1-.5-.5V8H0v2a2 2 0 0 0 2 2h2v-1.5ZM8 12v-1.5h2a.5.5 0 0 0 .5-.5V8H12v2a2 2 0 0 1-2 2H8Zm2-12a2 2 0 0 1 2 2v2h-1.5V2a.5.5 0 0 0-.5-.5H8V0h2Z\" \/>\n\t\t\t<\/svg>\n\t\t<\/button><figcaption class=\"wp-element-caption\">Sintra, Portugal<\/figcaption><\/figure>\n\n\n\n<p class=\"wp-block-paragraph\">Portugal utan att smaka p\u00e5 deras ber\u00f6mda \u00e4ggkr\u00e4msbakelser i sm\u00f6rdeg \u00e4r knappt Portugal, och \u00e4ven h\u00e4r hittar du st\u00e4llen d\u00e4r de g\u00f6r dem helt perfekt. <strong>Den h\u00e4r nationella s\u00f6ta skatten som kallas past\u00e9is de nata doftar fr\u00e5n varannan gata<\/strong>, men det l\u00f6nar sig att veta exakt vart man ska g\u00e5. Vi \u00e4lskar dem allra mest varma, bestr\u00f6dda med ett rikligt lager kanel.<\/p>\n\n\n\n<p class=\"wp-block-paragraph\">Ett av de popul\u00e4raste stoppen \u00e4r konditoriet Casa da Guia, som f\u00f6rutom fantastiska desserter \u00e4ven erbjuder en underbar terrass med havsutsikt. <strong>Om du f\u00f6redrar glass f\u00e5r du inte missa den legendariska italienska gelaterian Santini<\/strong>, som funnits h\u00e4r i \u00e5rtionden och d\u00e4r det p\u00e5 sommaren vanligtvis bildas l\u00e5nga k\u00f6er av ot\u00e5liga v\u00e4ntande.<\/p>\n\n\n\n<p class=\"wp-block-paragraph\">Eftersom Luk\u00e1\u0161 och jag \u00e4r vegetarianer g\u00e5r vi vanligtvis f\u00f6rbi de traditionella portugisiska fiskrestaurangerna, men den lokala gastronomin har mycket att erbjuda \u00e4ven utan k\u00f6tt. <strong>P\u00e5 kv\u00e4llen sjunker vi g\u00e4rna ner p\u00e5 n\u00e5gon liten lokal vinbar (tasca)<\/strong> och best\u00e4ller uts\u00f6kta portugisiska ostar, oliver, f\u00e4rskt br\u00f6d och till det ett l\u00e4ckert r\u00f6dvin fr\u00e5n den n\u00e4rbel\u00e4gna regionen Alentejo. Atmosf\u00e4ren vid dessa sm\u00e5 bord brukar alltid vara j\u00e4ttemysig. <strong>\ud83d\udca1 Tips:<\/strong> N\u00e4r du best\u00e4ller kaffe, kom ih\u00e5g att klassiskt espresso h\u00e4r heter \u201ebica\u201c, medan kaffe med lite mj\u00f6lk \u00e4r \u201egaroto\u201c. Portugiserna \u00e4lskar kaffe och dricker det mycket starkt och hett.<\/p>\n\n\n\n<h3 class=\"wp-block-heading\"><span class=\"ez-toc-section\" id=\"13_Promenad_till_grannorten_Estoril\"><\/span>13. Promenad till grannorten Estoril<span class=\"ez-toc-section-end\"><\/span><\/h3>\n\n\n\n<figure data-wp-context=\"{&quot;imageId&quot;:&quot;6a9953230ae12&quot;}\" data-wp-interactive=\"core\/image\" data-wp-key=\"6a9953230ae12\" class=\"wp-block-image size-full wp-lightbox-container\"><img decoding=\"async\" width=\"2560\" height=\"1707\" data-wp-class--hide=\"state.isContentHidden\" data-wp-class--show=\"state.isContentVisible\" data-wp-init=\"callbacks.setButtonStyles\" data-wp-on--click=\"actions.showLightbox\" data-wp-on--load=\"callbacks.setButtonStyles\" data-wp-on--pointerdown=\"actions.preloadImage\" data-wp-on--pointerenter=\"actions.preloadImageWithDelay\" data-wp-on--pointerleave=\"actions.cancelPreload\" data-wp-on-window--resize=\"callbacks.setButtonStyles\" src=\"https:\/\/loudavymkrokem.cz\/wp-content\/uploads\/2023\/10\/lisabon-center-scaled-1.jpg\" alt=\"Lissabon\" class=\"wp-image-447\" title=\"\" srcset=\"https:\/\/loudavymkrokem.cz\/wp-content\/uploads\/2023\/10\/lisabon-center-scaled-1.jpg 2560w, https:\/\/loudavymkrokem.cz\/wp-content\/uploads\/2023\/10\/lisabon-center-scaled-1-300x200.jpg 300w, https:\/\/loudavymkrokem.cz\/wp-content\/uploads\/2023\/10\/lisabon-center-scaled-1-700x467.jpg 700w, https:\/\/loudavymkrokem.cz\/wp-content\/uploads\/2023\/10\/lisabon-center-scaled-1-768x512.jpg 768w, https:\/\/loudavymkrokem.cz\/wp-content\/uploads\/2023\/10\/lisabon-center-scaled-1-1536x1024.jpg 1536w, https:\/\/loudavymkrokem.cz\/wp-content\/uploads\/2023\/10\/lisabon-center-scaled-1-2048x1366.jpg 2048w, https:\/\/loudavymkrokem.cz\/wp-content\/uploads\/2023\/10\/lisabon-center-scaled-1-696x464.jpg 696w, https:\/\/loudavymkrokem.cz\/wp-content\/uploads\/2023\/10\/lisabon-center-scaled-1-1392x928.jpg 1392w, https:\/\/loudavymkrokem.cz\/wp-content\/uploads\/2023\/10\/lisabon-center-scaled-1-1920x1280.jpg 1920w\" sizes=\"(max-width: 2560px) 100vw, 2560px\" \/><button\n\t\t\tclass=\"lightbox-trigger\"\n\t\t\ttype=\"button\"\n\t\t\taria-haspopup=\"dialog\"\n\t\t\tdata-wp-bind--aria-label=\"state.thisImage.triggerButtonAriaLabel\"\n\t\t\tdata-wp-init=\"callbacks.initTriggerButton\"\n\t\t\tdata-wp-on--click=\"actions.showLightbox\"\n\t\t\tdata-wp-style--right=\"state.thisImage.buttonRight\"\n\t\t\tdata-wp-style--top=\"state.thisImage.buttonTop\"\n\t\t>\n\t\t\t<svg xmlns=\"http:\/\/www.w3.org\/2000\/svg\" width=\"12\" height=\"12\" fill=\"none\" viewBox=\"0 0 12 12\">\n\t\t\t\t<path fill=\"#fff\" d=\"M2 0a2 2 0 0 0-2 2v2h1.5V2a.5.5 0 0 1 .5-.5h2V0H2Zm2 10.5H2a.5.5 0 0 1-.5-.5V8H0v2a2 2 0 0 0 2 2h2v-1.5ZM8 12v-1.5h2a.5.5 0 0 0 .5-.5V8H12v2a2 2 0 0 1-2 2H8Zm2-12a2 2 0 0 1 2 2v2h-1.5V2a.5.5 0 0 0-.5-.5H8V0h2Z\" \/>\n\t\t\t<\/svg>\n\t\t<\/button><figcaption class=\"wp-element-caption\">Lissabon<\/figcaption><\/figure>\n\n\n\n<p class=\"wp-block-paragraph\">Om du gillar l\u00e5nga promenader med havsutsikt, ge dig ut l\u00e4ngs den vackra kullerstenspromenaden som kallas Pared\u00e3o, som f\u00f6rbinder Cascais med grannorten Estoril. <strong>Denna ungef\u00e4r tre kilometer l\u00e5nga str\u00e4cka kantar en kust full av sm\u00e5 sandstr\u00e4nder<\/strong> och imposanta sommarvillor som andas en atmosf\u00e4r av gamla goda tider. Det \u00e4r en helt l\u00e4ttsam och s\u00e4ker promenad.<\/p>\n\n\n\n<p class=\"wp-block-paragraph\">P\u00e5 v\u00e4gen passerar du dussintals sm\u00e5 strandbarer och restauranger, d\u00e4r du n\u00e4r som helst kan stanna f\u00f6r en kall drink eller en god kaffe. <strong>Sj\u00e4lva Estoril \u00e4r k\u00e4nt f\u00f6r sin elegans och sitt enorma kasino<\/strong>, som \u00e4r det st\u00f6rsta i hela Europa. Det var just milj\u00f6n h\u00e4r med sin p\u00e5kostade lyx och sina spioner som l\u00e4r ha inspirerat f\u00f6rfattaren Ian Fleming att skriva det ber\u00f6mda Casino Royale.<\/p>\n\n\n\n<p class=\"wp-block-paragraph\">N\u00e4r du kommer \u00e4nda fram till t\u00e5gstationen i Estoril beh\u00f6ver du inte oroa dig f\u00f6r en l\u00e5ng v\u00e4g tillbaka. <strong>Det r\u00e4cker med att hoppa p\u00e5 samma pendelt\u00e5g som du kom med fr\u00e5n Lissabon<\/strong>, och efter fem minuter och en euro \u00e4r du bekv\u00e4mt tillbaka p\u00e5 din utg\u00e5ngsstation. <strong>\ud83d\udca1 Tips:<\/strong> F\u00f6rs\u00f6k att planera den h\u00e4r promenaden till sena eftermiddagen. Den nedg\u00e5ende solen kastar gyllene reflexer \u00f6ver havet och lufttemperaturen \u00e4r redan mycket mer uth\u00e4rdlig \u00e4n i middagshettan.<\/p>\n\n\n\n<h3 class=\"wp-block-heading\"><span class=\"ez-toc-section\" id=\"14_Till_varldens_ande_vid_udden_Cabo_da_Roca\"><\/span>14. Till v\u00e4rldens \u00e4nde vid udden Cabo da Roca<span class=\"ez-toc-section-end\"><\/span><\/h3>\n\n\n\n<p class=\"wp-block-paragraph\">Det h\u00e4r ligger visserligen inte direkt i staden, men det vore ett enormt misstag att hoppa \u00f6ver den h\u00e4r utflykten. Ungef\u00e4r tio kilometer v\u00e4sterut finns en plats som bokstavligen \u00e4r fastlandets slut. <strong>Udden Cabo da Roca \u00e4r kontinentala Europas v\u00e4stligaste punkt<\/strong>, och som den ber\u00f6mde portugisiske poeten Lu\u00eds de Cam\u00f5es skrev \u00e4r det platsen \u201ed\u00e4r landet slutar och havet b\u00f6rjar\u201c.<\/p>\n\n\n\n<p class=\"wp-block-paragraph\">Atmosf\u00e4ren p\u00e5 den h\u00e4r klippan, som reser sig 140 meter \u00f6ver Atlantens uppr\u00f6rda yta, \u00e4r helt magisk och r\u00e5. <strong>H\u00e4r st\u00e5r en gammal r\u00f6d fyr och ett stenkors med inhuggna koordinater<\/strong>, vid vilket alla f\u00f6rst\u00e5s m\u00e5ste ta en bild. Vinden bl\u00e5ser h\u00e4r med s\u00e5dan enorm kraft att du ibland f\u00e5r k\u00e4nslan att det bl\u00e5ser bort dig rakt ut i havet, s\u00e5 gl\u00f6m inte att ta med en jacka \u00e4ven mitt i den varma sommaren.<\/p>\n\n\n\n<p class=\"wp-block-paragraph\">Du tar dig mycket enkelt till udden med en vanlig linjebuss direkt fr\u00e5n busstationen i Cascais, resan tar ungef\u00e4r tjugo minuter. <strong>Utsikten \u00f6ver det o\u00e4ndliga bl\u00e5 djupet och de branta klippv\u00e4ggarna som st\u00f6rtar ner i v\u00e5gorna<\/strong> l\u00e4mnar dig med en k\u00e4nsla av enorm respekt f\u00f6r naturens krafter. <strong>\ud83d\udca1 Tips:<\/strong> Direkt p\u00e5 plats finns en liten turistbyr\u00e5, d\u00e4r du f\u00f6r n\u00e5gra euro kan f\u00e5 ett kalligrafiskt skrivet certifikat med ditt namn utf\u00e4rdat, som bekr\u00e4ftar att du st\u00e5tt vid Europas \u00e4nde.<\/p>\n\n\n\n<h3 class=\"wp-block-heading\"><span class=\"ez-toc-section\" id=\"15_Sug_in_atmosfaren_i_Mercado_da_Vila\"><\/span>15. Sug in atmosf\u00e4ren i Mercado da Vila<span class=\"ez-toc-section-end\"><\/span><\/h3>\n\n\n\n<p class=\"wp-block-paragraph\">Om du vill uppleva det lokala livets verkliga puls och se vanliga m\u00e4nniskor i sin vardagliga rutin, m\u00e5ste du bege dig till saluhallen Mercado da Vila. <strong>Denna enorma t\u00e4ckta hall har nyligen moderniserats, men beh\u00e5llit sin traditionella karakt\u00e4r<\/strong>, och varje morgon fylls den med f\u00e4rska produkter fr\u00e5n hela det vida omlandet. Det \u00e4r en fr\u00f6jd f\u00f6r alla sinnen.<\/p>\n\n\n\n<p class=\"wp-block-paragraph\">F\u00f6r oss vegetarianer \u00e4r det ett rent paradis, f\u00f6r h\u00e4r kan man k\u00f6pa de b\u00e4sta och f\u00e4rskaste ingredienserna till kv\u00e4llens matlagning. <strong>St\u00e5nden sv\u00e4mmar \u00f6ver av enorma saftiga tomater, lokala ostar, oliver, honung och nybakat knaprigt br\u00f6d.<\/strong> H\u00e4r finns f\u00f6rst\u00e5s \u00e4ven en stor fisksektion, varifr\u00e5n den typiska salta havsdoften sprider sig och d\u00e4r lokala husm\u00f6drar prutar om de b\u00e4sta bitarna av torsk.<\/p>\n\n\n\n<p class=\"wp-block-paragraph\">En del av saluhallen \u00e4r \u00e4ven flera utm\u00e4rkta moderna restauranger och bistroer som anv\u00e4nder r\u00e5varor direkt fr\u00e5n handlarna. <strong>P\u00e5 kv\u00e4llen och helgerna f\u00f6rvandlas utrymmet ofta till sk\u00e5deplats f\u00f6r olika temafestivaler<\/strong>, fr\u00e5n \u00f6l- och vinfester till marknader med lokal design. <strong>\ud83d\udca1 Tips:<\/strong> De viktigaste marknadsdagarna \u00e4r onsdag och l\u00f6rdag f\u00f6rmiddag, d\u00e5 \u00e4ven sm\u00e5 b\u00f6nder fr\u00e5n omkringliggande byar kommer hit och s\u00e4tter upp sina st\u00e5nd \u00e4ven p\u00e5 den \u00f6ppna innerg\u00e5rden. Kom tidigt, de b\u00e4sta varorna f\u00f6rsvinner snabbt.<\/p>\n\n\n\n<h2 class=\"wp-block-heading\"><span class=\"ez-toc-section\" id=\"Vart_du_kan_aka_vidare_fran_Cascais\"><\/span><span class=\"ez-toc-section\" id=\"Kam_dal_z_Cascais\"><\/span>Vart du kan \u00e5ka vidare fr\u00e5n Cascais<span class=\"ez-toc-section-end\"><\/span><\/h2>\n\n\n\n<p class=\"wp-block-paragraph\">N\u00e4r du v\u00e4l har g\u00e5tt igenom alla gr\u00e4nder och k\u00f6pt kakel vore det synd att inte utforska fler p\u00e4rlor som d\u00f6ljer sig i det h\u00e4r h\u00f6rnet av Portugal. Staden har ett helt strategiskt l\u00e4ge f\u00f6r dagsutflykter, s\u00e5 du kommer definitivt inte att ha tr\u00e5kigt.<\/p>\n\n\n\n<p class=\"wp-block-paragraph\">Det st\u00f6rsta dragpl\u00e5stret i omgivningen \u00e4r utan tvekan <strong>sagolika <a href=\"https:\/\/loudavymkrokem.cz\/sv\/sintra-saker-att-se\/\">Sintra<\/a><\/strong>, bara ungef\u00e4r trettio minuter bort med buss. Denna skogbekl\u00e4dda bergskedja \u00e4r bokstavligen \u00f6vers\u00e5llad med extravaganta palats och f\u00f6rfallna moriska borgar. Den absoluta h\u00f6jdpunkten \u00e4r det f\u00e4rgglada Pal\u00e1cio da Pena, som ser ut som ett Disneyslott, men r\u00e4kna med att du m\u00e5ste k\u00f6pa biljetterna (de kostar runt 20 euro) i god tid f\u00f6r en best\u00e4md tidslucka, annars kommer du inte in. Av egen erfarenhet rekommenderar vi \u00e4ven att bes\u00f6ka den mystiska tr\u00e4dg\u00e5rden Quinta da Regaleira med den hemlighetsfulla Initiationsbrunnen, dit det l\u00f6nar sig att bege sig direkt till \u00f6ppning.<\/p>\n\n\n\n<p class=\"wp-block-paragraph\">Om du r\u00e5kar b\u00f6rja din resa vid kusten, avs\u00e4tt definitivt minst tv\u00e5 till tre dagar f\u00f6r en grundlig utforskning av huvudstaden. <strong>L\u00e4s v\u00e5r utf\u00f6rliga <a href=\"https:\/\/loudavymkrokem.cz\/sv\/se-och-gora-lissabon\/\">Lissabon<\/a>-guide<\/strong>, d\u00e4r vi ger dig r\u00e5d om hur du inte g\u00e5r vilse i Alfamas branta gr\u00e4nder och var du hittar de b\u00e4sta utsiktsplatserna. Fr\u00e5n Cascais \u00e4r du d\u00e4r med t\u00e5g p\u00e5 tre kvart.<\/p>\n\n\n\n<p class=\"wp-block-paragraph\">Om du lockas av det riktiga, r\u00e5a havet och surfkulturen, \u00f6verv\u00e4g en utflykt l\u00e4ngre norrut. <strong>Ikoniska <a href=\"https:\/\/loudavymkrokem.cz\/sv\/nazare-portugal-tips\/\">Nazar\u00e9<\/a> \u00e4r hemvist f\u00f6r v\u00e4rldens st\u00f6rsta v\u00e5gor<\/strong>, som p\u00e5 vintern n\u00e5r h\u00f6jden av ett h\u00f6ghus och lockar extremidrottare fr\u00e5n hela planeten. Och om du planerar en l\u00e4ngre roadtrip och vill v\u00e4rma dig p\u00e5 v\u00e4gen, forts\u00e4tt med oss \u00e4nda ner till s\u00f6der och uppt\u00e4ck de <strong><a href=\"https:\/\/loudavymkrokem.cz\/sv\/portugal-strander-algarve\/\">vackraste str\u00e4nderna i Algarve<\/a><\/strong>, dit Luk\u00e1\u0161 och jag \u00e5terv\u00e4nder regelbundet varje vinter.<\/p>\n\n\n\n<!-- LKM_GYG_CARD start q=\"cascais\" lang=\"sv\" --><!-- LKM_GYG_CARD end -->\n\n\n\n<h2 class=\"wp-block-heading\"><span class=\"ez-toc-section\" id=\"Vanliga_fragor\"><\/span><span class=\"ez-toc-section\" id=\"Casto_kladene_otazky\"><\/span>Vanliga fr\u00e5gor<span class=\"ez-toc-section-end\"><\/span><\/h2>\n\n\n<div id=\"rank-math-faq\" class=\"rank-math-block\">\n<div class=\"rank-math-list \">\n<div id=\"faq-question-1780206847000\" class=\"rank-math-list-item\">\n<h3 class=\"rank-math-question \"><span class=\"ez-toc-section\" id=\"Hur_lange_bor_jag_stanna_i_Cascais\"><\/span>Hur l\u00e4nge b\u00f6r jag stanna i Cascais?<span class=\"ez-toc-section-end\"><\/span><\/h3>\n<div class=\"rank-math-answer \">\n\n<p>F\u00f6r ett avslappnat bes\u00f6k av alla huvudsakliga sev\u00e4rdheter och attraktioner direkt i staden r\u00e4cker tv\u00e5 hela dagar gott och v\u00e4l. Men om du planerar att anv\u00e4nda staden som bas f\u00f6r utflykter till Sintra, Lissabon och Cabo da Roca, b\u00f6r du absolut avs\u00e4tta fyra till fem dagar, s\u00e5 att du \u00e4ven hinner vila p\u00e5 stranden.<\/p>\n\n<\/div>\n<\/div>\n<div id=\"faq-question-1780206847001\" class=\"rank-math-list-item\">\n<h3 class=\"rank-math-question \"><span class=\"ez-toc-section\" id=\"Ar_det_battre_att_bo_i_Cascais_eller_i_Sintra\"><\/span>\u00c4r det b\u00e4ttre att bo i Cascais eller i Sintra?<span class=\"ez-toc-section-end\"><\/span><\/h3>\n<div class=\"rank-math-answer \">\n\n<p>Det beror p\u00e5 dina prioriteringar, men vi rekommenderar Cascais. Staden erbjuder mycket b\u00e4ttre infrastruktur, massor av utm\u00e4rkta restauranger och framf\u00f6r allt m\u00f6jlighet till kv\u00e4llspromenader l\u00e4ngs oceanen. Sintra \u00e4r visserligen fantastiskt vackert, men det \u00e4r en liten bergstad d\u00e4r det blir ganska d\u00f6tt p\u00e5 kv\u00e4llen n\u00e4r dagsturisterna har \u00e5kt hem, och det brukar vara m\u00e4rkbart kyligare d\u00e4r.<\/p>\n\n<\/div>\n<\/div>\n<div id=\"faq-question-1780206847002\" class=\"rank-math-list-item\">\n<h3 class=\"rank-math-question \"><span class=\"ez-toc-section\" id=\"Hur_mycket_kostar_en_tagbiljett_fran_Lissabon\"><\/span>Hur mycket kostar en t\u00e5gbiljett fr\u00e5n Lissabon?<span class=\"ez-toc-section-end\"><\/span><\/h3>\n<div class=\"rank-math-answer \">\n\n<p>Resan med pendelt\u00e5g \u00e4r mycket billig och p\u00e5litlig. En enkelbiljett fr\u00e5n Lissabons station Cais do Sodr\u00e9 kostar cirka 2,40 euro och du kan enkelt betala genom att blippa det p\u00e5fyllningsbara kortet Navegante eller ett vanligt betalkort vid sp\u00e4rrarna. T\u00e5gen g\u00e5r fr\u00e5n tidig morgon till sent p\u00e5 kv\u00e4llen var tjugonde minut.<\/p>\n\n<\/div>\n<\/div>\n<div id=\"faq-question-1780206847003\" class=\"rank-math-list-item\">\n<h3 class=\"rank-math-question \"><span class=\"ez-toc-section\" id=\"Kan_man_ata_bra_i_Cascais_om_man_ar_vegetarian\"><\/span>Kan man \u00e4ta bra i Cascais om man \u00e4r vegetarian?<span class=\"ez-toc-section-end\"><\/span><\/h3>\n<div class=\"rank-math-answer \">\n\n<p>Absolut! \u00c4ven om Portugal \u00e4r k\u00e4nt framf\u00f6r allt f\u00f6r sin fisk och skaldjur har jag och Luk\u00e1\u0161 aldrig n\u00e5gra problem h\u00e4r. De flesta restauranger erbjuder utm\u00e4rkta k\u00f6tt-fria f\u00f6rr\u00e4tter, ostar, oliver och gr\u00f6nsakssopper. Dessutom har det under de senaste \u00e5ren \u00f6ppnat m\u00e5nga moderna bistron som g\u00f6r fantastiska bowls, sallader och vegetariska burgare.<\/p>\n\n<\/div>\n<\/div>\n<div id=\"faq-question-1780206847004\" class=\"rank-math-list-item\">\n<h3 class=\"rank-math-question \"><span class=\"ez-toc-section\" id=\"Ar_de_lokala_stranderna_sandiga\"><\/span>\u00c4r de lokala str\u00e4nderna sandiga?<span class=\"ez-toc-section-end\"><\/span><\/h3>\n<div class=\"rank-math-answer \">\n\n<p>Ja, alla str\u00e4nder i centrala delen av orten (Praia da Concei\u00e7\u00e3o, Praia da Rainha och Praia da Duquesa) har vacker, fin gyllene sand. Ing\u00e5ngen till vattnet \u00e4r oftast mycket gradvis och tack vare det skyddade l\u00e4get i viken brukar det inte vara farligt stora v\u00e5gor h\u00e4r, vilket \u00e4r idealiskt f\u00f6r familjer.<\/p>\n\n<\/div>\n<\/div>\n<div id=\"faq-question-1780206847005\" class=\"rank-math-list-item\">\n<h3 class=\"rank-math-question \"><span class=\"ez-toc-section\" id=\"Kan_man_bada_normalt_pa_stranden_Guincho\"><\/span>Kan man bada normalt p\u00e5 stranden Guincho?<span class=\"ez-toc-section-end\"><\/span><\/h3>\n<div class=\"rank-math-answer \">\n\n<p>Praia do Guincho \u00e4r i f\u00f6rsta hand en surfstrand \u00f6ppen mot det vilda havet. D\u00e4r bl\u00e5ser det konstant mycket kraftig vind och havsstr\u00f6mmarna \u00e4r extremt f\u00f6rr\u00e4deriska och starka. Klassisk rekreationsbadning rekommenderas inte alls h\u00e4r, stranden \u00e4r mer till f\u00f6r att beundra naturens krafter och f\u00f6r l\u00e5nga promenader i sanddynerna.<\/p>\n\n<\/div>\n<\/div>\n<div id=\"faq-question-1780206847006\" class=\"rank-math-list-item\">\n<h3 class=\"rank-math-question \"><span class=\"ez-toc-section\" id=\"Behover_jag_hyra_bil_for_utflykten\"><\/span>Beh\u00f6ver jag hyra bil f\u00f6r utflykten?<span class=\"ez-toc-section-end\"><\/span><\/h3>\n<div class=\"rank-math-answer \">\n\n<p>Om du planerar att bara h\u00e5lla dig till rutten Lissabon, Cascais och Sintra, ska du definitivt inte hyra bil. Trafiken med t\u00e5g och bussar fungerar utm\u00e4rkt, medan parkering i alla dessa st\u00e4der \u00e4r en absolut mardr\u00f6m full av env\u00e4gsgator och dyra parkeringsplatser. Bil l\u00f6nar sig bara f\u00f6r en l\u00e4ngre roadtrip p\u00e5 landsbygden.<\/p>\n\n<\/div>\n<\/div>\n<div id=\"faq-question-1780206847007\" class=\"rank-math-list-item\">\n<h3 class=\"rank-math-question \"><span class=\"ez-toc-section\" id=\"Nar_ar_den_basta_tiden_att_besoka_Pena-palatset_i_Sintra\"><\/span>N\u00e4r \u00e4r den b\u00e4sta tiden att bes\u00f6ka Pena-palatset i Sintra?<span class=\"ez-toc-section-end\"><\/span><\/h3>\n<div class=\"rank-math-answer \">\n\n<p>Undvik definitivt morgontimmarna, n\u00e4r den \u00f6verv\u00e4ldigande majoriteten av alla turister och turistbussar fr\u00e5n Lissabon stormar upp till berget. Boka en biljett till senare p\u00e5 eftermiddagen, helst runt 15:30 eller 16:00. D\u00e5 \u00e4r folkmassorna p\u00e5 v\u00e4g bort, du f\u00e5r b\u00e4ttre ljus f\u00f6r fotografering och du sparar massor av nerver.<\/p>\n\n<\/div>\n<\/div>\n<\/div>\n<\/div>","protected":false},"excerpt":{"rendered":"<p>Uppt\u00e4ck charmen i portugisiska Cascais tillsammans med oss \u2013 vi tipsar om var du hittar de b\u00e4sta str\u00e4nderna, vart du ska cykla och hur du undviker de st\u00f6rsta turistmassorna.<\/p>\n","protected":false},"author":20,"featured_media":127718,"comment_status":"open","ping_status":"open","sticky":false,"template":"","format":"standard","meta":{"_acf_changed":false,"footnotes":"","rank_math_title":"Cascais Portugal: 15 tips p\u00e5 vad du ska se","rank_math_description":"Uppt\u00e4ck Cascais i Portugal med 15 tips p\u00e5 vad du ska se och g\u00f6ra \u2013 str\u00e4nder, cykling, fyren Santa Marta och utflykter. Planera din resa idag!","rank_math_focus_keyword":"cascais portugal","rank_math_seo_score":""},"categories":[1178,1604,1200,1162],"tags":[],"class_list":["post-147502","post","type-post","status-publish","format-standard","has-post-thumbnail","category-europa","category-lissabon","category-portugal","category-resor"],"acf":[],"featured_image_src":"https:\/\/loudavymkrokem.cz\/wp-content\/uploads\/2026\/01\/cascais-5.jpg","author_info":{"display_name":"Monika Havrdov\u00e1","author_link":"https:\/\/loudavymkrokem.cz\/sv\/author\/monika\/"},"_links":{"self":[{"href":"https:\/\/loudavymkrokem.cz\/sv\/wp-json\/wp\/v2\/posts\/147502","targetHints":{"allow":["GET"]}}],"collection":[{"href":"https:\/\/loudavymkrokem.cz\/sv\/wp-json\/wp\/v2\/posts"}],"about":[{"href":"https:\/\/loudavymkrokem.cz\/sv\/wp-json\/wp\/v2\/types\/post"}],"author":[{"embeddable":true,"href":"https:\/\/loudavymkrokem.cz\/sv\/wp-json\/wp\/v2\/users\/20"}],"replies":[{"embeddable":true,"href":"https:\/\/loudavymkrokem.cz\/sv\/wp-json\/wp\/v2\/comments?post=147502"}],"version-history":[{"count":0,"href":"https:\/\/loudavymkrokem.cz\/sv\/wp-json\/wp\/v2\/posts\/147502\/revisions"}],"wp:featuredmedia":[{"embeddable":true,"href":"https:\/\/loudavymkrokem.cz\/sv\/wp-json\/wp\/v2\/media\/127718"}],"wp:attachment":[{"href":"https:\/\/loudavymkrokem.cz\/sv\/wp-json\/wp\/v2\/media?parent=147502"}],"wp:term":[{"taxonomy":"category","embeddable":true,"href":"https:\/\/loudavymkrokem.cz\/sv\/wp-json\/wp\/v2\/categories?post=147502"},{"taxonomy":"post_tag","embeddable":true,"href":"https:\/\/loudavymkrokem.cz\/sv\/wp-json\/wp\/v2\/tags?post=147502"}],"curies":[{"name":"wp","href":"https:\/\/api.w.org\/{rel}","templated":true}]}}