{"id":147125,"date":"2026-06-03T11:30:00","date_gmt":"2026-06-03T09:30:00","guid":{"rendered":"https:\/\/loudavymkrokem.cz\/?p=147125"},"modified":"2026-08-27T01:42:58","modified_gmt":"2026-08-26T23:42:58","slug":"toskana-vackraste-platser","status":"publish","type":"post","link":"https:\/\/loudavymkrokem.cz\/sv\/toskana-vackraste-platser\/","title":{"rendered":"Toscana, Italien: 30 vackraste platserna, 7-dagars resplan och karta 2026"},"content":{"rendered":"\n<!-- lk-tldr -->\n<div class=\"lk-tldr\" style=\"background:#f7f5f0;border-left:4px solid #c39f76;border-radius:0 10px 10px 0;padding:14px 18px;margin:0 0 26px;font-size:15px;line-height:1.65;\"><strong style=\"display:block;font-size:12px;text-transform:uppercase;letter-spacing:.06em;color:#a9885a;margin-bottom:5px;\">TL;DR<\/strong>Toscana i Italien lockar med 30 av de vackraste platserna, fr\u00e5n <strong>Florens<\/strong>, <strong>Siena<\/strong> och <strong>Pisa<\/strong> med Miraklens torg, via tuffst\u00e4derna <strong>Pitigliano<\/strong> och <strong>Sovana<\/strong> till str\u00e4nderna p\u00e5 \u00f6n <strong>Elba<\/strong> och de naturliga varma k\u00e4llorna i <strong>Saturnia<\/strong> och Bagni San Filippo. B\u00e4sta tiden att bes\u00f6ka \u00e4r april, maj, september och oktober med temperaturer runt 20 till 25 grader, medan du enligt artikeln beh\u00f6ver minst fem till sju dagar f\u00f6r en komplett 7-dagars resplan med rundturen Florens\u2013Lucca\u2013Pisa\u2013San Gimignano\u2013Volterra\u2013Siena\u2013Chianti\u2013Val d&#x27;Orcia. Som bas rekommenderar f\u00f6rfattaren Siena eller omr\u00e5det Val d&#x27;Orcia, boende p\u00e5 ett agriturismo kostar runt 680 till 1 360 kr per natt. K\u00f6r inte in med bilen i historiska centrum som Florens, Siena eller Monteriggioni p\u00e5 grund av ZTL-zonerna som bevakas av kameror \u2013 bryter du mot dem riskerar du b\u00f6ter som skickas hem.<\/div>\n<!-- \/lk-tldr -->\n\n\n\n<p class=\"wp-block-paragraph\">N\u00e4r Luk\u00e1\u0161 och jag trampade uppf\u00f6r de d\u00e4r o\u00e4ndliga backarna p\u00e5 v\u00e5r l\u00e5nga cykelresa genom Europa svettades jag nog till och med p\u00e5 st\u00e4llen jag inte visste att jag hade. Toscana i Italien satte oss rej\u00e4lt p\u00e5 prov p\u00e5 cykel, men varje uppcyklad h\u00f6jdmeter var det v\u00e4rt. N\u00e4r sedan utsikten \u00f6ver det <strong>b\u00f6ljande landskapet prytt av cypresser<\/strong> \u00f6ppnar sig framf\u00f6r dig gl\u00f6mmer du p\u00e5 ett \u00f6gonblick de \u00f6mma benen och bara stirrar misstroget p\u00e5 all sk\u00f6nhet. Det \u00e4r precis en s\u00e5dan d\u00e4r kitschig prakt som du k\u00e4nner igen fr\u00e5n vykort, fast i verkligheten \u00e4r det \u00e4nnu en aning b\u00e4ttre.<\/p>\n\n\n\n<p class=\"wp-block-paragraph\">Toscana \u00e4r helt enkelt ett paradis p\u00e5 jorden och vi \u00e5terv\u00e4nder hit otroligt g\u00e4rna. Oavsett om du l\u00e4ngtar efter att vandra genom tr\u00e5nga gr\u00e4nder i <strong>medeltida sm\u00e5st\u00e4der<\/strong>, vill smaka det b\u00e4sta italienska vinet direkt p\u00e5 ving\u00e5rdarna, eller bara s\u00e4nka ner dig i <strong>varma naturliga k\u00e4llor<\/strong>, s\u00e5 f\u00e5r du ut n\u00e5got av det h\u00e4r. Luk\u00e1\u0161 och jag \u00e4r dessutom vegetarianer, och det lokala traditionella k\u00f6ket \u00e4r f\u00f6r oss en dr\u00f6m som g\u00e5tt i uppfyllelse.<\/p>\n\n\n\n<p class=\"wp-block-paragraph\">I den h\u00e4r artikeln har jag samlat allt du beh\u00f6ver veta inf\u00f6r resan. Vi tittar p\u00e5 <strong>n\u00e4r det \u00e4r b\u00e4st att \u00e5ka<\/strong>, hur du slipper feta parkeringsb\u00f6ter och framf\u00f6r allt visar jag dig <strong>30 av de vackraste platserna<\/strong> som du absolut inte b\u00f6r missa. Jag har ocks\u00e5 lagt till v\u00e5r favorit-<strong>sjudagars resplan f\u00f6r en roadtrip<\/strong>, s\u00e5 att planeringen blir s\u00e5 enkel som m\u00f6jligt.<\/p>\n\n\n\n<figure data-wp-context=\"{&quot;imageId&quot;:&quot;6a95094733008&quot;}\" data-wp-interactive=\"core\/image\" data-wp-key=\"6a95094733008\" class=\"wp-block-image size-full wp-lightbox-container\"><img decoding=\"async\" data-wp-class--hide=\"state.isContentHidden\" data-wp-class--show=\"state.isContentVisible\" data-wp-init=\"callbacks.setButtonStyles\" data-wp-on--click=\"actions.showLightbox\" data-wp-on--load=\"callbacks.setButtonStyles\" data-wp-on--pointerdown=\"actions.preloadImage\" data-wp-on--pointerenter=\"actions.preloadImageWithDelay\" data-wp-on--pointerleave=\"actions.cancelPreload\" data-wp-on-window--resize=\"callbacks.setButtonStyles\" src=\"https:\/\/www.loudavymkrokem.cz\/wp-content\/uploads\/2023\/05\/saturnia-lazne-1.jpg\" alt=\"Saturnia - varma k\u00e4llor i Toscana\" class=\"wp-image-58635\" title=\"\"><button\n\t\t\tclass=\"lightbox-trigger\"\n\t\t\ttype=\"button\"\n\t\t\taria-haspopup=\"dialog\"\n\t\t\tdata-wp-bind--aria-label=\"state.thisImage.triggerButtonAriaLabel\"\n\t\t\tdata-wp-init=\"callbacks.initTriggerButton\"\n\t\t\tdata-wp-on--click=\"actions.showLightbox\"\n\t\t\tdata-wp-style--right=\"state.thisImage.buttonRight\"\n\t\t\tdata-wp-style--top=\"state.thisImage.buttonTop\"\n\t\t>\n\t\t\t<svg xmlns=\"http:\/\/www.w3.org\/2000\/svg\" width=\"12\" height=\"12\" fill=\"none\" viewBox=\"0 0 12 12\">\n\t\t\t\t<path fill=\"#fff\" d=\"M2 0a2 2 0 0 0-2 2v2h1.5V2a.5.5 0 0 1 .5-.5h2V0H2Zm2 10.5H2a.5.5 0 0 1-.5-.5V8H0v2a2 2 0 0 0 2 2h2v-1.5ZM8 12v-1.5h2a.5.5 0 0 0 .5-.5V8H12v2a2 2 0 0 1-2 2H8Zm2-12a2 2 0 0 1 2 2v2h-1.5V2a.5.5 0 0 0-.5-.5H8V0h2Z\" \/>\n\t\t\t<\/svg>\n\t\t<\/button><figcaption class=\"wp-element-caption\">Saturnia &amp;#8211; varma k\u00e4llor i Toscana<\/figcaption><\/figure>\n\n\n\n<div id=\"ez-toc-container\" class=\"ez-toc-v2_0_86 ez-toc-wrap-left counter-hierarchy ez-toc-counter ez-toc-grey ez-toc-container-direction\">\n<div class=\"ez-toc-title-container\">\n<p class=\"ez-toc-title\" style=\"cursor:inherit\">Artikelns inneh\u00e5ll<\/p>\n<span class=\"ez-toc-title-toggle\"><a href=\"#\" class=\"ez-toc-pull-right ez-toc-btn ez-toc-btn-xs ez-toc-btn-default ez-toc-toggle\" aria-label=\"Toggle Table of Content\"><span class=\"ez-toc-js-icon-con\"><span class=\"\"><span class=\"eztoc-hide\" style=\"display:none;\">Toggle<\/span><span class=\"ez-toc-icon-toggle-span\"><svg style=\"fill: #999;color:#999\" xmlns=\"http:\/\/www.w3.org\/2000\/svg\" class=\"list-377408\" width=\"20px\" height=\"20px\" viewBox=\"0 0 24 24\" fill=\"none\"><path d=\"M6 6H4v2h2V6zm14 0H8v2h12V6zM4 11h2v2H4v-2zm16 0H8v2h12v-2zM4 16h2v2H4v-2zm16 0H8v2h12v-2z\" fill=\"currentColor\"><\/path><\/svg><svg style=\"fill: #999;color:#999\" class=\"arrow-unsorted-368013\" xmlns=\"http:\/\/www.w3.org\/2000\/svg\" width=\"10px\" height=\"10px\" viewBox=\"0 0 24 24\" version=\"1.2\" baseProfile=\"tiny\"><path d=\"M18.2 9.3l-6.2-6.3-6.2 6.3c-.2.2-.3.4-.3.7s.1.5.3.7c.2.2.4.3.7.3h11c.3 0 .5-.1.7-.3.2-.2.3-.5.3-.7s-.1-.5-.3-.7zM5.8 14.7l6.2 6.3 6.2-6.3c.2-.2.3-.5.3-.7s-.1-.5-.3-.7c-.2-.2-.4-.3-.7-.3h-11c-.3 0-.5.1-.7.3-.2.2-.3.5-.3.7s.1.5.3.7z\"\/><\/svg><\/span><\/span><\/span><\/a><\/span><\/div>\n<nav><ul class='ez-toc-list ez-toc-list-level-1 ' ><ul class='ez-toc-list-level-3' ><li class='ez-toc-heading-level-3'><a class=\"ez-toc-link ez-toc-heading-1\" href=\"https:\/\/loudavymkrokem.cz\/sv\/toskana-vackraste-platser\/#Sammanfattning\" >Sammanfattning<\/a><\/li><\/ul><\/li><li class='ez-toc-page-1 ez-toc-heading-level-2'><a class=\"ez-toc-link ez-toc-heading-2\" href=\"https:\/\/loudavymkrokem.cz\/sv\/toskana-vackraste-platser\/#Nar_du_bor_aka_till_Toscana\" >N\u00e4r du b\u00f6r \u00e5ka till Toscana<\/a><\/li><li class='ez-toc-page-1 ez-toc-heading-level-2'><a class=\"ez-toc-link ez-toc-heading-3\" href=\"https:\/\/loudavymkrokem.cz\/sv\/toskana-vackraste-platser\/#Var_du_bor_bo_i_Toscana\" >Var du b\u00f6r bo i Toscana<\/a><\/li><li class='ez-toc-page-1 ez-toc-heading-level-2'><a class=\"ez-toc-link ez-toc-heading-4\" href=\"https:\/\/loudavymkrokem.cz\/sv\/toskana-vackraste-platser\/#30_tips_pa_vad_du_ska_se_och_gora_i_Toscana\" >30 tips p\u00e5 vad du ska se och g\u00f6ra i Toscana<\/a><ul class='ez-toc-list-level-3' ><li class='ez-toc-heading-level-3'><a class=\"ez-toc-link ez-toc-heading-5\" href=\"https:\/\/loudavymkrokem.cz\/sv\/toskana-vackraste-platser\/#1_Florens_%E2%80%93_regionens_renassanshjarta\" >1. Florens \u2013 regionens ren\u00e4ssanshj\u00e4rta<\/a><\/li><li class='ez-toc-page-1 ez-toc-heading-level-3'><a class=\"ez-toc-link ez-toc-heading-6\" href=\"https:\/\/loudavymkrokem.cz\/sv\/toskana-vackraste-platser\/#2_Pisa_och_dess_Miraklens_torg\" >2. Pisa och dess Miraklens torg<\/a><\/li><li class='ez-toc-page-1 ez-toc-heading-level-3'><a class=\"ez-toc-link ez-toc-heading-7\" href=\"https:\/\/loudavymkrokem.cz\/sv\/toskana-vackraste-platser\/#3_Medeltida_Siena_och_dess_snackformade_torg\" >3. Medeltida Siena och dess sn\u00e4ckformade torg<\/a><\/li><li class='ez-toc-page-1 ez-toc-heading-level-3'><a class=\"ez-toc-link ez-toc-heading-8\" href=\"https:\/\/loudavymkrokem.cz\/sv\/toskana-vackraste-platser\/#4_San_Gimignano_%E2%80%93_de_medeltida_skyskrapornas_stad\" >4. San Gimignano \u2013 de medeltida skyskrapornas stad<\/a><\/li><li class='ez-toc-page-1 ez-toc-heading-level-3'><a class=\"ez-toc-link ez-toc-heading-9\" href=\"https:\/\/loudavymkrokem.cz\/sv\/toskana-vackraste-platser\/#5_Lucca_och_dess_perfekta_stadsmurar\" >5. Lucca och dess perfekta stadsmurar<\/a><\/li><li class='ez-toc-page-1 ez-toc-heading-level-3'><a class=\"ez-toc-link ez-toc-heading-10\" href=\"https:\/\/loudavymkrokem.cz\/sv\/toskana-vackraste-platser\/#6_Etruskiska_Volterra_och_alabastertraditionen\" >6. Etruskiska Volterra och alabastertraditionen<\/a><\/li><li class='ez-toc-page-1 ez-toc-heading-level-3'><a class=\"ez-toc-link ez-toc-heading-11\" href=\"https:\/\/loudavymkrokem.cz\/sv\/toskana-vackraste-platser\/#7_Naturliga_varma_kallorna_Cascate_del_Mulino_i_Saturnia\" >7. Naturliga varma k\u00e4llorna Cascate del Mulino i Saturnia<\/a><\/li><li class='ez-toc-page-1 ez-toc-heading-level-3'><a class=\"ez-toc-link ez-toc-heading-12\" href=\"https:\/\/loudavymkrokem.cz\/sv\/toskana-vackraste-platser\/#8_Val_dOrcia_%E2%80%93_det_mest_fotogeniska_landskapet\" >8. Val d&#8217;Orcia \u2013 det mest fotogeniska landskapet<\/a><\/li><li class='ez-toc-page-1 ez-toc-heading-level-3'><a class=\"ez-toc-link ez-toc-heading-13\" href=\"https:\/\/loudavymkrokem.cz\/sv\/toskana-vackraste-platser\/#9_Pienza_och_dess_beromda_farost_pecorino\" >9. Pienza och dess ber\u00f6mda f\u00e5rost pecorino<\/a><\/li><li class='ez-toc-page-1 ez-toc-heading-level-3'><a class=\"ez-toc-link ez-toc-heading-14\" href=\"https:\/\/loudavymkrokem.cz\/sv\/toskana-vackraste-platser\/#10_Montepulciano_och_vinet_Nobile\" >10. Montepulciano och vinet Nobile<\/a><\/li><li class='ez-toc-page-1 ez-toc-heading-level-3'><a class=\"ez-toc-link ez-toc-heading-15\" href=\"https:\/\/loudavymkrokem.cz\/sv\/toskana-vackraste-platser\/#11_Montalcino_och_fastningen_ovanfor_vingardarna\" >11. Montalcino och f\u00e4stningen ovanf\u00f6r ving\u00e5rdarna<\/a><\/li><li class='ez-toc-page-1 ez-toc-heading-level-3'><a class=\"ez-toc-link ez-toc-heading-16\" href=\"https:\/\/loudavymkrokem.cz\/sv\/toskana-vackraste-platser\/#12_Vinregionen_Chianti_Classico\" >12. Vinregionen Chianti Classico<\/a><\/li><li class='ez-toc-page-1 ez-toc-heading-level-3'><a class=\"ez-toc-link ez-toc-heading-17\" href=\"https:\/\/loudavymkrokem.cz\/sv\/toskana-vackraste-platser\/#13_Den_lilla_fastningen_Monteriggioni\" >13. Den lilla f\u00e4stningen Monteriggioni<\/a><\/li><li class='ez-toc-page-1 ez-toc-heading-level-3'><a class=\"ez-toc-link ez-toc-heading-18\" href=\"https:\/\/loudavymkrokem.cz\/sv\/toskana-vackraste-platser\/#14_Arezzo_och_Piero_della_Francescas_fresker\" >14. Arezzo och Piero della Francescas fresker<\/a><\/li><li class='ez-toc-page-1 ez-toc-heading-level-3'><a class=\"ez-toc-link ez-toc-heading-19\" href=\"https:\/\/loudavymkrokem.cz\/sv\/toskana-vackraste-platser\/#15_Cortona_under_den_toskanska_solen\" >15. Cortona under den toskanska solen<\/a><\/li><li class='ez-toc-page-1 ez-toc-heading-level-3'><a class=\"ez-toc-link ez-toc-heading-20\" href=\"https:\/\/loudavymkrokem.cz\/sv\/toskana-vackraste-platser\/#16_Skogens_varma_kallor_Bagni_San_Filippo\" >16. Skogens varma k\u00e4llor Bagni San Filippo<\/a><\/li><li class='ez-toc-page-1 ez-toc-heading-level-3'><a class=\"ez-toc-link ez-toc-heading-21\" href=\"https:\/\/loudavymkrokem.cz\/sv\/toskana-vackraste-platser\/#17_Bagno_Vignoni_och_dess_termaltorg\" >17. Bagno Vignoni och dess termaltorg<\/a><\/li><li class='ez-toc-page-1 ez-toc-heading-level-3'><a class=\"ez-toc-link ez-toc-heading-22\" href=\"https:\/\/loudavymkrokem.cz\/sv\/toskana-vackraste-platser\/#18_Pitigliano_eller_Lilla_Jerusalem\" >18. Pitigliano, eller Lilla Jerusalem<\/a><\/li><li class='ez-toc-page-1 ez-toc-heading-level-3'><a class=\"ez-toc-link ez-toc-heading-23\" href=\"https:\/\/loudavymkrokem.cz\/sv\/toskana-vackraste-platser\/#19_Sovana_och_de_etruskiska_gravarna\" >19. Sovana och de etruskiska gravarna<\/a><\/li><li class='ez-toc-page-1 ez-toc-heading-level-3'><a class=\"ez-toc-link ez-toc-heading-24\" href=\"https:\/\/loudavymkrokem.cz\/sv\/toskana-vackraste-platser\/#20_Sorano_det_toskanska_Matera\" >20. Sorano, det toskanska Matera<\/a><\/li><li class='ez-toc-page-1 ez-toc-heading-level-3'><a class=\"ez-toc-link ez-toc-heading-25\" href=\"https:\/\/loudavymkrokem.cz\/sv\/toskana-vackraste-platser\/#21_Hamnstaden_Livorno\" >21. Hamnstaden Livorno<\/a><\/li><li class='ez-toc-page-1 ez-toc-heading-level-3'><a class=\"ez-toc-link ez-toc-heading-26\" href=\"https:\/\/loudavymkrokem.cz\/sv\/toskana-vackraste-platser\/#22_Viareggio_och_Versilias_strander\" >22. Viareggio och Versilias str\u00e4nder<\/a><\/li><li class='ez-toc-page-1 ez-toc-heading-level-3'><a class=\"ez-toc-link ez-toc-heading-27\" href=\"https:\/\/loudavymkrokem.cz\/sv\/toskana-vackraste-platser\/#23_Castiglione_della_Pescaia\" >23. Castiglione della Pescaia<\/a><\/li><li class='ez-toc-page-1 ez-toc-heading-level-3'><a class=\"ez-toc-link ez-toc-heading-28\" href=\"https:\/\/loudavymkrokem.cz\/sv\/toskana-vackraste-platser\/#24_Sandviken_Cala_Violina\" >24. Sandviken Cala Violina<\/a><\/li><li class='ez-toc-page-1 ez-toc-heading-level-3'><a class=\"ez-toc-link ez-toc-heading-29\" href=\"https:\/\/loudavymkrokem.cz\/sv\/toskana-vackraste-platser\/#25_On_Elba_och_sparen_av_Napoleon\" >25. \u00d6n Elba och sp\u00e5ren av Napoleon<\/a><\/li><li class='ez-toc-page-1 ez-toc-heading-level-3'><a class=\"ez-toc-link ez-toc-heading-30\" href=\"https:\/\/loudavymkrokem.cz\/sv\/toskana-vackraste-platser\/#26_Bolgheri_och_cypressallen\" >26. Bolgheri och cypressall\u00e9n<\/a><\/li><li class='ez-toc-page-1 ez-toc-heading-level-3'><a class=\"ez-toc-link ez-toc-heading-31\" href=\"https:\/\/loudavymkrokem.cz\/sv\/toskana-vackraste-platser\/#27_Grosseto_och_den_toskanska_landsbygden\" >27. Grosseto och den toskanska landsbygden<\/a><\/li><li class='ez-toc-page-1 ez-toc-heading-level-3'><a class=\"ez-toc-link ez-toc-heading-32\" href=\"https:\/\/loudavymkrokem.cz\/sv\/toskana-vackraste-platser\/#28_Pistoia_%E2%80%93_blommornas_stad\" >28. Pistoia \u2013 blommornas stad<\/a><\/li><li class='ez-toc-page-1 ez-toc-heading-level-3'><a class=\"ez-toc-link ez-toc-heading-33\" href=\"https:\/\/loudavymkrokem.cz\/sv\/toskana-vackraste-platser\/#29_Anghiari_och_dess_forsvunna_fresk\" >29. Anghiari och dess f\u00f6rsvunna fresk<\/a><\/li><li class='ez-toc-page-1 ez-toc-heading-level-3'><a class=\"ez-toc-link ez-toc-heading-34\" href=\"https:\/\/loudavymkrokem.cz\/sv\/toskana-vackraste-platser\/#30_Graniton_Giglio\" >30. Granit\u00f6n Giglio<\/a><\/li><\/ul><\/li><li class='ez-toc-page-1 ez-toc-heading-level-2'><a class=\"ez-toc-link ez-toc-heading-35\" href=\"https:\/\/loudavymkrokem.cz\/sv\/toskana-vackraste-platser\/#7-dagars_resplan_genom_Toscana_med_bil\" >7-dagars resplan genom Toscana med bil<\/a><\/li><li class='ez-toc-page-1 ez-toc-heading-level-2'><a class=\"ez-toc-link ez-toc-heading-36\" href=\"https:\/\/loudavymkrokem.cz\/sv\/toskana-vackraste-platser\/#Vart_du_kan_aka_vidare_fran_Toscana\" >Vart du kan \u00e5ka vidare fr\u00e5n Toscana<\/a><\/li><li class='ez-toc-page-1 ez-toc-heading-level-2'><a class=\"ez-toc-link ez-toc-heading-37\" href=\"https:\/\/loudavymkrokem.cz\/sv\/toskana-vackraste-platser\/#Vanliga_fragor\" >Vanliga fr\u00e5gor<\/a><ul class='ez-toc-list-level-3' ><li class='ez-toc-heading-level-3'><a class=\"ez-toc-link ez-toc-heading-38\" href=\"https:\/\/loudavymkrokem.cz\/sv\/toskana-vackraste-platser\/#Hur_manga_dagar_racker_for_ett_besok_i_Toskana\" >Hur m\u00e5nga dagar r\u00e4cker f\u00f6r ett bes\u00f6k i Toskana?<\/a><\/li><li class='ez-toc-page-1 ez-toc-heading-level-3'><a class=\"ez-toc-link ez-toc-heading-39\" href=\"https:\/\/loudavymkrokem.cz\/sv\/toskana-vackraste-platser\/#Nar_ar_basta_tiden_att_aka\" >N\u00e4r \u00e4r b\u00e4sta tiden att \u00e5ka?<\/a><\/li><li class='ez-toc-page-1 ez-toc-heading-level-3'><a class=\"ez-toc-link ez-toc-heading-40\" href=\"https:\/\/loudavymkrokem.cz\/sv\/toskana-vackraste-platser\/#Ar_en_semester_i_Toskana_dyr\" >\u00c4r en semester i Toskana dyr?<\/a><\/li><li class='ez-toc-page-1 ez-toc-heading-level-3'><a class=\"ez-toc-link ez-toc-heading-41\" href=\"https:\/\/loudavymkrokem.cz\/sv\/toskana-vackraste-platser\/#Behover_jag_bil_for_att_resa\" >Beh\u00f6ver jag bil f\u00f6r att resa?<\/a><\/li><li class='ez-toc-page-1 ez-toc-heading-level-3'><a class=\"ez-toc-link ez-toc-heading-42\" href=\"https:\/\/loudavymkrokem.cz\/sv\/toskana-vackraste-platser\/#Hur_undviker_jag_parkeringsboter\" >Hur undviker jag parkeringsb\u00f6ter?<\/a><\/li><li class='ez-toc-page-1 ez-toc-heading-level-3'><a class=\"ez-toc-link ez-toc-heading-43\" href=\"https:\/\/loudavymkrokem.cz\/sv\/toskana-vackraste-platser\/#Vilka_vegetariska_specialiteter_maste_jag_prova\" >Vilka vegetariska specialiteter m\u00e5ste jag prova?<\/a><\/li><li class='ez-toc-page-1 ez-toc-heading-level-3'><a class=\"ez-toc-link ez-toc-heading-44\" href=\"https:\/\/loudavymkrokem.cz\/sv\/toskana-vackraste-platser\/#Var_hittar_jag_termalkallor_gratis\" >Var hittar jag termalk\u00e4llor gratis?<\/a><\/li><li class='ez-toc-page-1 ez-toc-heading-level-3'><a class=\"ez-toc-link ez-toc-heading-45\" href=\"https:\/\/loudavymkrokem.cz\/sv\/toskana-vackraste-platser\/#Kan_man_campa_i_Toskana\" >Kan man campa i Toskana?<\/a><\/li><\/ul><\/li><\/ul><\/nav><\/div>\n<h3 class=\"wp-block-heading\"><span class=\"ez-toc-section\" id=\"Sammanfattning\"><\/span>Sammanfattning<span class=\"ez-toc-section-end\"><\/span><\/h3>\n\n\n\n<ul class=\"wp-block-list\">\n<li>  <strong>B\u00e4sta tiden att bes\u00f6ka:<\/strong> Absolut b\u00e4st \u00e4r <strong>april, maj och september<\/strong>, n\u00e4r det \u00e4r behagligt varmt och du slipper de v\u00e4rsta folkmassorna.<\/li>\n\n\n\n<li>  <strong>Transport och b\u00f6ter:<\/strong> Bilen f\u00e5r inte k\u00f6ras in i historiska centrum, det bevakas av s\u00e5 kallade <strong>ZTL-zoner med kameror<\/strong>, och b\u00f6terna landar direkt i brevl\u00e5dan hemma.<\/li>\n\n\n\n<li>  <strong>Boende:<\/strong> Det b\u00e4sta \u00e4r att hitta en strategisk bas, jag rekommenderar <strong>Siena eller omr\u00e5det Val d&#8217;Orcia<\/strong>, varifr\u00e5n du enkelt g\u00f6r dagsutflykter \u00e5t alla h\u00e5ll.<\/li>\n\n\n\n<li>  <strong>Naturliga varma k\u00e4llor:<\/strong> Toscana \u00e4r fullt av <strong>gratis bad direkt i naturen<\/strong>, de mest k\u00e4nda \u00e4r kaskaderna i Saturnia, dit du b\u00f6r \u00e5ka tidigt p\u00e5 morgonen.<\/li>\n\n\n\n<li>  <strong>Lokal mat:<\/strong> Smaka absolut den <strong>tjocka soppan ribollita<\/strong> eller den traditionella pastan pici, och till vinet passar f\u00e5rosten pecorino.<\/li>\n\n\n\n<li>  <strong>Vinregioner:<\/strong> Mest k\u00e4nt \u00e4r <strong>Chianti Classico och trakten kring Montalcino<\/strong>, men provsmakningar m\u00e5ste du boka i god tid under h\u00f6gs\u00e4song.<\/li>\n\n\n\n<li>  <strong>Str\u00e4nder och hav:<\/strong> Vill du ha rent hav utan folkmassor p\u00e5 betalda solstolar, \u00e5k s\u00f6derut till <strong>omr\u00e5det Maremma eller till \u00f6n Elba<\/strong>.<\/li>\n<\/ul>\n\n\n<p><!-- LK_CLIMATE start --><\/p>\n\n\n<div class=\"lk-climate\"><style>.lk-climate{max-width:100%;margin:2rem 0;font-family:inherit}.lk-climate .lk-cl-h{margin:0 0 .4em;font-size:1.15rem;font-weight:700}.lk-climate .lk-cl-lead{margin:0 0 .8em;color:#444;font-size:.95rem;line-height:1.5}.lk-climate .lk-cl-scroll{overflow-x:auto}.lk-climate table{border-collapse:collapse;width:100%;font-size:.94rem}.lk-climate th,.lk-climate td{padding:7px 10px;text-align:center;border-bottom:1px solid #eadfce}.lk-climate th{background:#c39f76;color:#fff;font-weight:600}.lk-climate td:first-child,.lk-climate th:first-child{text-align:left}.lk-climate tr:nth-child(even) td{background:#faf6ef}.lk-climate .lk-cl-src{margin:.5em 0 0;font-size:.8rem;color:#8a7a63}<\/style><p class=\"lk-cl-h\">Toscana: v\u00e4der och havstemperatur m\u00e5nad f\u00f6r m\u00e5nad<\/p><p class=\"lk-cl-lead\">\ud83c\udf21\ufe0f Varmast: Augusti (30 \u00b0C dagtid) \u00b7 \ud83c\udf0a Varmast hav: Augusti (28 \u00b0C) \u00b7 \u2614 Minst nederb\u00f6rd: Juli<\/p><div class=\"lk-cl-scroll\"><table><thead><tr><th>M\u00e5nad<\/th><th>Dag<\/th><th>Natt<\/th><th>Hav<\/th><th>Regndagar<\/th><\/tr><\/thead><tbody><tr><td>Januari<\/td><td>12 \u00b0C<\/td><td>5 \u00b0C<\/td><td>15 \u00b0C<\/td><td>12<\/td><\/tr><tr><td>Februari<\/td><td>14 \u00b0C<\/td><td>6 \u00b0C<\/td><td>14 \u00b0C<\/td><td>7<\/td><\/tr><tr><td>Mars<\/td><td>15 \u00b0C<\/td><td>7 \u00b0C<\/td><td>14 \u00b0C<\/td><td>8<\/td><\/tr><tr><td>April<\/td><td>17 \u00b0C<\/td><td>9 \u00b0C<\/td><td>16 \u00b0C<\/td><td>10<\/td><\/tr><tr><td>Maj<\/td><td>21 \u00b0C<\/td><td>14 \u00b0C<\/td><td>19 \u00b0C<\/td><td>12<\/td><\/tr><tr><td>Juni<\/td><td>26 \u00b0C<\/td><td>18 \u00b0C<\/td><td>23 \u00b0C<\/td><td>6<\/td><\/tr><tr><td>Juli<\/td><td>29 \u00b0C<\/td><td>21 \u00b0C<\/td><td>27 \u00b0C<\/td><td>3<\/td><\/tr><tr><td>Augusti<\/td><td>30 \u00b0C<\/td><td>22 \u00b0C<\/td><td>28 \u00b0C<\/td><td>6<\/td><\/tr><tr><td>September<\/td><td>26 \u00b0C<\/td><td>18 \u00b0C<\/td><td>24 \u00b0C<\/td><td>10<\/td><\/tr><tr><td>Oktober<\/td><td>21 \u00b0C<\/td><td>15 \u00b0C<\/td><td>22 \u00b0C<\/td><td>12<\/td><\/tr><tr><td>November<\/td><td>16 \u00b0C<\/td><td>10 \u00b0C<\/td><td>19 \u00b0C<\/td><td>15<\/td><\/tr><tr><td>December<\/td><td>13 \u00b0C<\/td><td>7 \u00b0C<\/td><td>16 \u00b0C<\/td><td>16<\/td><\/tr><\/tbody><\/table><\/div><p class=\"lk-cl-src\">K\u00e4lla: klimatnormal 2019\u20132024 (Open-Meteo, uppm\u00e4tta data)<\/p><\/div>\n\n\n<p><!-- LK_CLIMATE end --><\/p>\n\n\n<!-- lk-navbar -->\n<div class=\"lk-navbar\" style=\"margin:0 0 28px;\"><div style=\"font-size:12px;text-transform:uppercase;letter-spacing:.06em;color:#a9885a;font-weight:700;margin-bottom:9px;\">Snabbl\u00e4nkar<\/div><div style=\"display:flex;flex-wrap:wrap;gap:9px;\"><a href=\"#Kde_se_ubytovat_v_Toskansku\" style=\"background:#c39f76;color:#fff;border:1px solid #c39f76;padding:9px 15px;border-radius:22px;font-size:14px;font-weight:700;text-decoration:none;display:inline-block;line-height:1;\">\ud83d\udccd Var man bor<\/a><a href=\"#30_tipu_co_videt_a_delat_v_Toskansku\" style=\"background:#c39f76;color:#fff;border:1px solid #c39f76;padding:9px 15px;border-radius:22px;font-size:14px;font-weight:700;text-decoration:none;display:inline-block;line-height:1;\">\u2b50 Att se<\/a><a href=\"#Kdy_vyrazit_do_Toskanska\" style=\"background:#fff;color:#6b5a44;border:1px solid #e2d6c1;padding:9px 15px;border-radius:22px;font-size:14px;font-weight:600;text-decoration:none;display:inline-block;line-height:1;\">\u2600\ufe0f N\u00e4r man \u00e5ker<\/a><a href=\"#Kam_dal_z_Toskanska\" style=\"background:#fff;color:#6b5a44;border:1px solid #e2d6c1;padding:9px 15px;border-radius:22px;font-size:14px;font-weight:600;text-decoration:none;display:inline-block;line-height:1;\">\ud83e\udded Omgivningarna<\/a><a href=\"#Casto_kladene_otazky\" style=\"background:#fff;color:#6b5a44;border:1px solid #e2d6c1;padding:9px 15px;border-radius:22px;font-size:14px;font-weight:600;text-decoration:none;display:inline-block;line-height:1;\">\u2753 FAQ<\/a><\/div><\/div>\n<!-- \/lk-navbar -->\n\n\n\n<h2 class=\"wp-block-heading\"><span class=\"ez-toc-section\" id=\"Nar_du_bor_aka_till_Toscana\"><\/span><span class=\"ez-toc-section\" id=\"Kdy_vyrazit_do_Toskanska\"><\/span>N\u00e4r du b\u00f6r \u00e5ka till Toscana<span class=\"ez-toc-section-end\"><\/span><\/h2>\n\n\n\n<p class=\"wp-block-paragraph\">Toscana \u00e4r en fantastisk destination under alla \u00e5rstider, men den ideala tiden att bes\u00f6ka beror mycket p\u00e5 vad exakt du vill uppleva. Enligt v\u00e5r erfarenhet \u00e4r den absolut <strong>b\u00e4sta tiden v\u00e5r och h\u00f6st<\/strong>. Om du kan, \u00e5k i april, maj, eller sedan i september och oktober. Under dessa m\u00e5nader ligger <strong>temperaturerna kring behagliga 20 till 25 grader<\/strong>, vilket \u00e4r helt idealiskt f\u00f6r att utforska st\u00e4derna och f\u00f6r cykling. V\u00e5rlandskapet \u00e4r dessutom otroligt saftigt gr\u00f6nt och fullt av blommande vallmo, medan h\u00f6sten lyser i gyllene f\u00e4rger och \u00e4r <strong>tiden f\u00f6r vinsk\u00f6rd och olivplockning<\/strong>. Temperaturerna m\u00e5nad f\u00f6r m\u00e5nad och havstemperaturen g\u00e5r vi igenom i artikeln <a href=\"https:\/\/loudavymkrokem.cz\/sv\/vader-toscana-italien\/\">V\u00e4der i Toscana<\/a>.<\/p>\n\n\n\n<p class=\"wp-block-paragraph\">Sommaren skulle jag personligen hellre undvika, \u00e4ven om jag f\u00f6rst\u00e5r att barnfamiljer ofta inte har n\u00e5got annat val. Fr\u00e5n mitten av juni till slutet av augusti f\u00f6rvandlas Toscana till en gl\u00f6dugn, d\u00e4r <strong>temperaturerna ofta kl\u00e4ttrar \u00f6ver 35 grader<\/strong>. Att promenera i s\u00e5dan kvavhet p\u00e5 Florens rykande heta stengr\u00e4nder \u00e4r mer ett straff \u00e4n ett n\u00f6je. Dessutom \u00e4r det tiden d\u00e5 italienarna sj\u00e4lva har semester, s\u00e5 det \u00e4r <strong>enorma folkmassor \u00f6verallt<\/strong>. Var s\u00e4rskilt uppm\u00e4rksam kring den 15 augusti, d\u00e5 h\u00f6gtiden Ferragosto firas och m\u00e5nga mindre butiker eller restauranger kan ha helt st\u00e4ngt.<\/p>\n\n\n\n<p class=\"wp-block-paragraph\">Om du inte har n\u00e5got emot lite kyligare v\u00e4der, s\u00e5 har <strong>vintern i Toscana ocks\u00e5 sin charm<\/strong>. Fr\u00e5n december till februari ligger dagstemperaturen kring 8 till 11 grader, vilket r\u00e4cker gott och v\u00e4l f\u00f6r promenader i tr\u00f6ja och jacka. F\u00f6rdelen \u00e4r att du f\u00e5r ha till och med de <strong>mest ber\u00f6mda platserna som San Gimignano eller Pisa<\/strong> n\u00e4stan f\u00f6r dig sj\u00e4lv. Du m\u00e5ste dock r\u00e4kna med att vintern \u00e4r den regnigaste perioden, s\u00e5 du klarar dig inte utan paraply och bra skor. Men det \u00e4r en helt magisk tid f\u00f6r <strong>bad i de varma naturliga k\u00e4llorna<\/strong>, n\u00e4r \u00e5nga stiger fr\u00e5n det varma vattnet upp i den frostiga morgonluften.<\/p>\n\n\n\n<p class=\"wp-block-paragraph\">N\u00e4r du planerar resans l\u00e4ngd, r\u00e4kna absolut <strong>med minst fem till sju dagar<\/strong>. Toscana \u00e4r enormt och avst\u00e5nden mellan de enskilda byarna p\u00e5 slingriga landsv\u00e4gar tar mer tid \u00e4n det verkar p\u00e5 kartan. Vill du se Florens, Siena, smaka vin i Chianti och k\u00f6ra genom dalen Val d&#8217;Orcia, \u00e4r en vecka det absoluta minimum f\u00f6r att du <strong>inte hela tiden ska sitta och j\u00e4kta i bilen<\/strong>. F\u00f6r dig som bara har en f\u00f6rl\u00e4ngd helg rekommenderar jag att v\u00e4lja bara ett mindre omr\u00e5de, till exempel trakten kring Siena, och spara resten till n\u00e4sta g\u00e5ng.<\/p>\n\n\n\n<h2 class=\"wp-block-heading\"><span class=\"ez-toc-section\" id=\"Var_du_bor_bo_i_Toscana\"><\/span><span class=\"ez-toc-section\" id=\"Kde_se_ubytovat_v_Toskansku\"><\/span>Var du b\u00f6r bo i Toscana<span class=\"ez-toc-section-end\"><\/span><\/h2>\n\n\n\n<p class=\"wp-block-paragraph\">Att v\u00e4lja r\u00e4tt bas \u00e4r helt avg\u00f6rande f\u00f6r en semester i Toscana. Luk\u00e1\u0161 och jag f\u00f6rs\u00f6ker alltid <strong>hitta boende n\u00e5gonstans mitt i regionen<\/strong>, s\u00e5 att vi inte m\u00e5ste tillbringa timmar varje dag med att k\u00f6ra fram och tillbaka. Helt idealiskt i det avseendet \u00e4r <strong>trakten kring staden Siena eller omr\u00e5det Val d&#8217;Orcia<\/strong>. H\u00e4rifr\u00e5n har du n\u00e4ra till de vackraste kulliga sm\u00e5st\u00e4derna, till ving\u00e5rdarna och till de varma k\u00e4llorna. Att bo mitt inne i Florens centrum rekommenderar jag bara dem som inte har bil och planerar att resa uteslutande med t\u00e5g, eftersom <strong>parkering och trafik p\u00e5 Florens gator<\/strong> \u00e4r en mardr\u00f6m f\u00f6r bilister.<\/p>\n\n\n\n<p class=\"wp-block-paragraph\">Vill du uppleva det \u00e4kta autentiska Toscana, leta d\u00e5 absolut efter s\u00e5 kallade <strong>agriturismo<\/strong>. Det \u00e4r traditionella steng\u00e5rdar och lantgods som lokala familjer har byggt om till f\u00f6rtjusande pensionat. Ofta h\u00f6r det till en pool med utsikt \u00f6ver landskapet och \u00e4garna bjuder till frukost p\u00e5 <strong>egen olivolja, hemgjord ost och vin<\/strong>. Det \u00e4r en upplevelse som inget stort opersonligt hotell ger dig. Priset per natt p\u00e5 ett fint agriturismo f\u00f6r tv\u00e5 ligger p\u00e5 ungef\u00e4r <strong>680 till 1 360 kr<\/strong>, det beror f\u00f6rst\u00e5s p\u00e5 s\u00e4song och utrustning. Vi f\u00f6redrar att leta och boka boende p\u00e5 klassiska Booking, d\u00e4r utbudet av dessa g\u00e5rdar \u00e4r st\u00f6rst.<\/p>\n\n\n\n<p class=\"wp-block-paragraph\">Vill du v\u00e4lja en konkret plats har vi n\u00e5gra tips. S\u00f6ker du ren lyx och inte har n\u00e5got emot att betala extra, titta p\u00e5 <strong>Hotel Certosa di Maggiano<\/strong> en bit fr\u00e5n Siena. Det \u00e4r ett underbart historiskt komplex i ett f\u00f6re detta kartusiankloster fr\u00e5n 1316, med en fantastisk pool och en vidstr\u00e4ckt tr\u00e4dg\u00e5rd d\u00e4r du k\u00e4nner dig som i en saga. F\u00f6r en n\u00e5got mer prisv\u00e4rd men fortfarande mycket elegant upplevelse erbjuds villan <strong>Ca&#8217; Bianca Tuscany Relais<\/strong> n\u00e5gra kilometer fr\u00e5n Siena vid kanten av Chianti, som erbjuder allt du f\u00f6rv\u00e4ntar dig av den toskanska landsbygden.<\/p>\n\n\n\n<p class=\"wp-block-paragraph\">Ett strategiskt bra l\u00e4ge har ocks\u00e5 staden Lucca i norra delen av regionen. H\u00e4rifr\u00e5n har du n\u00e4ra till Pisa, till havet och till bergen. H\u00e4r \u00e4r det mysiga <strong>boendet Casamariu<\/strong> mycket popul\u00e4rt \u2013 det ruinerar inte din pl\u00e5nbok, men ger utm\u00e4rkt komfort. Oavsett vilket omr\u00e5de du v\u00e4ljer, boka boende under sommarm\u00e5naderna <strong>flera m\u00e5nader i f\u00f6rv\u00e4g<\/strong>. De b\u00e4sta och prisv\u00e4rda g\u00e5rdarna med pool brukar vara uts\u00e5lda f\u00f6r juli och augusti redan n\u00e5gon g\u00e5ng tidigt p\u00e5 v\u00e5ren.<\/p>\n\n\n\n<h2 class=\"wp-block-heading\"><span class=\"ez-toc-section\" id=\"30_tips_pa_vad_du_ska_se_och_gora_i_Toscana\"><\/span><span class=\"ez-toc-section\" id=\"30_tipu_co_videt_a_delat_v_Toskansku\"><\/span>30 tips p\u00e5 vad du ska se och g\u00f6ra i Toscana<span class=\"ez-toc-section-end\"><\/span><\/h2>\n\n\n\n<p class=\"wp-block-paragraph\">Toscana \u00e4r s\u00e5 fullproppat med sev\u00e4rdheter och natursk\u00f6nhet att du skulle kunna tillbringa ett \u00e5r h\u00e4r och fortfarande ha kvar saker att uppt\u00e4cka. Jag har valt ut <strong>30 av v\u00e5ra favoritplatser<\/strong> som jag tycker \u00e4r v\u00e4rda ett bes\u00f6k.<\/p>\n\n\n\n<h3 class=\"wp-block-heading\"><span class=\"ez-toc-section\" id=\"1_Florens_%E2%80%93_regionens_renassanshjarta\"><\/span>1. Florens \u2013 regionens ren\u00e4ssanshj\u00e4rta<span class=\"ez-toc-section-end\"><\/span><\/h3>\n\n\n\n<figure data-wp-context=\"{&quot;imageId&quot;:&quot;6a950947341b1&quot;}\" data-wp-interactive=\"core\/image\" data-wp-key=\"6a950947341b1\" class=\"wp-block-image size-full wp-lightbox-container\"><img decoding=\"async\" data-wp-class--hide=\"state.isContentHidden\" data-wp-class--show=\"state.isContentVisible\" data-wp-init=\"callbacks.setButtonStyles\" data-wp-on--click=\"actions.showLightbox\" data-wp-on--load=\"callbacks.setButtonStyles\" data-wp-on--pointerdown=\"actions.preloadImage\" data-wp-on--pointerenter=\"actions.preloadImageWithDelay\" data-wp-on--pointerleave=\"actions.cancelPreload\" data-wp-on-window--resize=\"callbacks.setButtonStyles\" src=\"https:\/\/www.loudavymkrokem.cz\/wp-content\/uploads\/2023\/05\/Florencie-toskansko.jpg\" alt=\"Lucka p\u00e5 bes\u00f6k i Florens i Toscana.\" class=\"wp-image-58636\" title=\"\"><button\n\t\t\tclass=\"lightbox-trigger\"\n\t\t\ttype=\"button\"\n\t\t\taria-haspopup=\"dialog\"\n\t\t\tdata-wp-bind--aria-label=\"state.thisImage.triggerButtonAriaLabel\"\n\t\t\tdata-wp-init=\"callbacks.initTriggerButton\"\n\t\t\tdata-wp-on--click=\"actions.showLightbox\"\n\t\t\tdata-wp-style--right=\"state.thisImage.buttonRight\"\n\t\t\tdata-wp-style--top=\"state.thisImage.buttonTop\"\n\t\t>\n\t\t\t<svg xmlns=\"http:\/\/www.w3.org\/2000\/svg\" width=\"12\" height=\"12\" fill=\"none\" viewBox=\"0 0 12 12\">\n\t\t\t\t<path fill=\"#fff\" d=\"M2 0a2 2 0 0 0-2 2v2h1.5V2a.5.5 0 0 1 .5-.5h2V0H2Zm2 10.5H2a.5.5 0 0 1-.5-.5V8H0v2a2 2 0 0 0 2 2h2v-1.5ZM8 12v-1.5h2a.5.5 0 0 0 .5-.5V8H12v2a2 2 0 0 1-2 2H8Zm2-12a2 2 0 0 1 2 2v2h-1.5V2a.5.5 0 0 0-.5-.5H8V0h2Z\" \/>\n\t\t\t<\/svg>\n\t\t<\/button><figcaption class=\"wp-element-caption\">Florens \u00e4r Toscanas mest bes\u00f6kta plats<\/figcaption><\/figure>\n\n\n\n<p class=\"wp-block-paragraph\">Florens \u00e4r en stad d\u00e4r konsten andas mot dig i varje steg. Ett absolut m\u00e5ste \u00e4r ett bes\u00f6k p\u00e5 <strong>det ber\u00f6mda Uffizigalleriet<\/strong>, d\u00e4r du med egna \u00f6gon f\u00e5r se Botticellis Venus f\u00f6delse. K\u00f6p dock biljetterna, som kostar runt 25 euro, online i god tid, annars tillbringar du halva dagen i en o\u00e4ndlig k\u00f6. Vill du se originalet av Michelangelos David m\u00e5ste du styra kosan till n\u00e4rbel\u00e4gna <strong>Galleria dell&#8217;Accademia<\/strong>.<\/p>\n\n\n\n<p class=\"wp-block-paragraph\">Hela stadens landm\u00e4rke \u00e4r den enorma <strong>domkyrkan Santa Maria del Fiore<\/strong> med sin tegelkupol av arkitekten Brunelleschi. Intr\u00e4det till sj\u00e4lva katedralen \u00e4r gratis, men vill du g\u00e5 upp f\u00f6r de 463 trappstegen \u00e4nda upp till kupolen m\u00e5ste du k\u00f6pa en kombinationsbiljett och boka en exakt tid. Utsikten fr\u00e5n toppen \u00f6ver Florens r\u00f6da tak \u00e4r helt h\u00e4nf\u00f6rande.<\/p>\n\n\n\n<p class=\"wp-block-paragraph\">Gl\u00f6m inte att promenera \u00f6ver <strong>den historiska bron Ponte Vecchio<\/strong>, som \u00e4r bokstavligt talat full av sm\u00e5 guldsmedsbutiker. Alldeles i n\u00e4rheten hittar du Piazza della Signoria, huvudtorget med r\u00e5dhuset Palazzo Vecchio, som fungerar som ett slags skulpturgalleri under bar himmel.<\/p>\n\n\n\n<p class=\"wp-block-paragraph\">\ud83d\udca1 Tips: F\u00f6rs\u00f6k under inga omst\u00e4ndigheter att k\u00f6ra in i Florens centrum med bilen. Hela centrum \u00e4r en <strong>str\u00e4ng ZTL-zon med kameror<\/strong>. B\u00e4st \u00e4r att l\u00e4mna bilen p\u00e5 den stora infartsparkeringen Villa Costanza precis vid avfarten fr\u00e5n motorv\u00e4g A1 och ta dig bekv\u00e4mt in till centrum med sp\u00e5rvagn p\u00e5 n\u00e5gra minuter.<\/p>\n\n\n\n<h3 class=\"wp-block-heading\"><span class=\"ez-toc-section\" id=\"2_Pisa_och_dess_Miraklens_torg\"><\/span>2. Pisa och dess Miraklens torg<span class=\"ez-toc-section-end\"><\/span><\/h3>\n\n\n\n<figure data-wp-context=\"{&quot;imageId&quot;:&quot;6a950947349d5&quot;}\" data-wp-interactive=\"core\/image\" data-wp-key=\"6a950947349d5\" class=\"wp-block-image size-full wp-lightbox-container\"><img decoding=\"async\" data-wp-class--hide=\"state.isContentHidden\" data-wp-class--show=\"state.isContentVisible\" data-wp-init=\"callbacks.setButtonStyles\" data-wp-on--click=\"actions.showLightbox\" data-wp-on--load=\"callbacks.setButtonStyles\" data-wp-on--pointerdown=\"actions.preloadImage\" data-wp-on--pointerenter=\"actions.preloadImageWithDelay\" data-wp-on--pointerleave=\"actions.cancelPreload\" data-wp-on-window--resize=\"callbacks.setButtonStyles\" src=\"https:\/\/www.loudavymkrokem.cz\/wp-content\/uploads\/2023\/05\/Pisa-sikma-vez.jpg\" alt=\"Lutande tornet i Pisa i Toscana.\" class=\"wp-image-58637\" title=\"\"><button\n\t\t\tclass=\"lightbox-trigger\"\n\t\t\ttype=\"button\"\n\t\t\taria-haspopup=\"dialog\"\n\t\t\tdata-wp-bind--aria-label=\"state.thisImage.triggerButtonAriaLabel\"\n\t\t\tdata-wp-init=\"callbacks.initTriggerButton\"\n\t\t\tdata-wp-on--click=\"actions.showLightbox\"\n\t\t\tdata-wp-style--right=\"state.thisImage.buttonRight\"\n\t\t\tdata-wp-style--top=\"state.thisImage.buttonTop\"\n\t\t>\n\t\t\t<svg xmlns=\"http:\/\/www.w3.org\/2000\/svg\" width=\"12\" height=\"12\" fill=\"none\" viewBox=\"0 0 12 12\">\n\t\t\t\t<path fill=\"#fff\" d=\"M2 0a2 2 0 0 0-2 2v2h1.5V2a.5.5 0 0 1 .5-.5h2V0H2Zm2 10.5H2a.5.5 0 0 1-.5-.5V8H0v2a2 2 0 0 0 2 2h2v-1.5ZM8 12v-1.5h2a.5.5 0 0 0 .5-.5V8H12v2a2 2 0 0 1-2 2H8Zm2-12a2 2 0 0 1 2 2v2h-1.5V2a.5.5 0 0 0-.5-.5H8V0h2Z\" \/>\n\t\t\t<\/svg>\n\t\t<\/button><figcaption class=\"wp-element-caption\">Lutande tornet i Pisa i Toscana<\/figcaption><\/figure>\n\n\n\n<p class=\"wp-block-paragraph\">N\u00e4r man s\u00e4ger Pisa f\u00f6rest\u00e4ller sig alla genast det ber\u00f6mda <strong>lutande tornet<\/strong>, d\u00e4r turistmassorna f\u00f6rs\u00f6ker ta den roligaste bilden d\u00e4r de &#8221;h\u00e5ller upp&#8221; tornet. Bygget b\u00f6rjade redan 1173 och tornet b\u00f6rjade luta redan under uppf\u00f6randet p\u00e5 grund av den mjuka marken. Vill du g\u00e5 upp f\u00f6r de n\u00e4stan 300 trappstegen, g\u00f6r dig beredd p\u00e5 20 euro och k\u00f6p definitivt biljetten i f\u00f6rv\u00e4g f\u00f6r en viss tid.<\/p>\n\n\n\n<p class=\"wp-block-paragraph\">Det vore dock enormt synd att komma till Pisa, fota tornet och genast \u00e5ka igen. Hela <strong>Piazza dei Miracoli, allts\u00e5 Miraklens torg<\/strong>, \u00e4r upptaget p\u00e5 Unescos lista och \u00e4r helt h\u00e4nf\u00f6rande. Alldeles bredvid tornet st\u00e5r den underbara marmordomkyrkan Jungfru Marie himmelsf\u00e4rd, dit intr\u00e4det \u00e4r gratis om du k\u00f6per biljett till tornet.<\/p>\n\n\n\n<p class=\"wp-block-paragraph\">Ta absolut tid \u00e4ven f\u00f6r <strong>det enorma runda baptisteriet<\/strong>, som \u00e4r det st\u00f6rsta i hela Italien och har helt otrolig akustik. En bit bort ligger den monumentala kyrkog\u00e5rden Camposanto med vackra fresker, d\u00e4r det r\u00e5der underbar ro fr\u00e5n de folkmassor som tr\u00e4ngs ute p\u00e5 gr\u00e4smattan runt tornet.<\/p>\n\n\n\n<p class=\"wp-block-paragraph\">\ud83d\udca1 Tips: De flesta \u00e5ker direkt fr\u00e5n Miraklens torg, men prova att promenera in till <strong>Pisas historiska centrum<\/strong> mot floden Arno. D\u00e4r hittar du vackra sm\u00e5 torg och gr\u00e4nder d\u00e4r du kan sitta ner med en utm\u00e4rkt gelato utan turistp\u00e5slag.<\/p>\n\n\n\n<h3 class=\"wp-block-heading\"><span class=\"ez-toc-section\" id=\"3_Medeltida_Siena_och_dess_snackformade_torg\"><\/span>3. Medeltida Siena och dess sn\u00e4ckformade torg<span class=\"ez-toc-section-end\"><\/span><\/h3>\n\n\n\n<figure data-wp-context=\"{&quot;imageId&quot;:&quot;6a950947350eb&quot;}\" data-wp-interactive=\"core\/image\" data-wp-key=\"6a950947350eb\" class=\"wp-block-image size-full wp-lightbox-container\"><img decoding=\"async\" data-wp-class--hide=\"state.isContentHidden\" data-wp-class--show=\"state.isContentVisible\" data-wp-init=\"callbacks.setButtonStyles\" data-wp-on--click=\"actions.showLightbox\" data-wp-on--load=\"callbacks.setButtonStyles\" data-wp-on--pointerdown=\"actions.preloadImage\" data-wp-on--pointerenter=\"actions.preloadImageWithDelay\" data-wp-on--pointerleave=\"actions.cancelPreload\" data-wp-on-window--resize=\"callbacks.setButtonStyles\" src=\"https:\/\/www.loudavymkrokem.cz\/wp-content\/uploads\/2023\/05\/saturnia-nejkrasnejsi-misto-toskansko.jpg\" alt=\"Varma k\u00e4llor i Saturnia\" class=\"wp-image-58639\" title=\"\"><button\n\t\t\tclass=\"lightbox-trigger\"\n\t\t\ttype=\"button\"\n\t\t\taria-haspopup=\"dialog\"\n\t\t\tdata-wp-bind--aria-label=\"state.thisImage.triggerButtonAriaLabel\"\n\t\t\tdata-wp-init=\"callbacks.initTriggerButton\"\n\t\t\tdata-wp-on--click=\"actions.showLightbox\"\n\t\t\tdata-wp-style--right=\"state.thisImage.buttonRight\"\n\t\t\tdata-wp-style--top=\"state.thisImage.buttonTop\"\n\t\t>\n\t\t\t<svg xmlns=\"http:\/\/www.w3.org\/2000\/svg\" width=\"12\" height=\"12\" fill=\"none\" viewBox=\"0 0 12 12\">\n\t\t\t\t<path fill=\"#fff\" d=\"M2 0a2 2 0 0 0-2 2v2h1.5V2a.5.5 0 0 1 .5-.5h2V0H2Zm2 10.5H2a.5.5 0 0 1-.5-.5V8H0v2a2 2 0 0 0 2 2h2v-1.5ZM8 12v-1.5h2a.5.5 0 0 0 .5-.5V8H12v2a2 2 0 0 1-2 2H8Zm2-12a2 2 0 0 1 2 2v2h-1.5V2a.5.5 0 0 0-.5-.5H8V0h2Z\" \/>\n\t\t\t<\/svg>\n\t\t<\/button><figcaption class=\"wp-element-caption\">\u00c5ker du tidigt p\u00e5 morgonen kan du f\u00e5 en liknande bild.<\/figcaption><\/figure>\n\n\n\n<p class=\"wp-block-paragraph\">Siena \u00e4r f\u00f6r mig personligen kanske den vackraste st\u00f6rre staden i hela Toscana. Den \u00e4r en enorm konkurrent till Florens och har bevarat en mycket mer autentisk medeltida karakt\u00e4r. Hj\u00e4rtat i hela staden \u00e4r det ber\u00f6mda <strong>torget Piazza del Campo<\/strong>, som har en unik sn\u00e4ckform och sluttar ned\u00e5t mot r\u00e5dhuset. Just h\u00e4r h\u00e5lls tv\u00e5 g\u00e5nger om \u00e5ret den ber\u00f6mda och h\u00e5rda h\u00e4stkappl\u00f6pningen Palio. Vi har g\u00e5tt igenom b\u00e5da st\u00e4derna i detalj i en egen artikel <a href=\"https:\/\/loudavymkrokem.cz\/sv\/toscana-italien-medeltid\/\">Siena och San Gimignano<\/a>.<\/p>\n\n\n\n<p class=\"wp-block-paragraph\">Ovanf\u00f6r torget reser sig det smala <strong>tornet Torre del Mangia<\/strong>, \u00f6ver hundra meter h\u00f6gt. Uppstigningen f\u00f6r de mer \u00e4n fyrahundra smala trappstegen tar rej\u00e4lt p\u00e5 krafterna, men utsikten \u00f6ver Sienas tegeltak f\u00f6r de dryga 10 euro \u00e4r det verkligen v\u00e4rt.<\/p>\n\n\n\n<p class=\"wp-block-paragraph\">Din uppm\u00e4rksamhet f\u00e5r inte heller undg\u00e5 den <strong>monumentala domkyrkan i Siena<\/strong>, allts\u00e5 Katedralen Jungfru Marie himmelsf\u00e4rd. B\u00e5de ut- och inv\u00e4ndigt \u00e4r den byggd av randig svartvit marmor och det \u00e4r en \u00f6verv\u00e4ldigande syn. Det l\u00f6nar sig att k\u00f6pa kombibiljetten OPA SI Pass f\u00f6r ungef\u00e4r 15 euro, som \u00e4ven \u00f6ppnar d\u00f6rrarna till det fascinerande Piccolominibiblioteket och kryptorna.<\/p>\n\n\n\n<p class=\"wp-block-paragraph\">\ud83d\udca1 Tips: Precis som i Florens \u00e4r \u00e4ven Sienas historiska centrum <strong>reserverat enbart f\u00f6r g\u00e5ende<\/strong>. L\u00e4mna bilen i ett av de stora underjordiska garagen vid stadsmurarna, till exempel parkeringen Santa Caterina fungerar utm\u00e4rkt, varifr\u00e5n rulltrappor tar dig n\u00e4stan hela v\u00e4gen upp till centrum.<\/p>\n\n\n\n<h3 class=\"wp-block-heading\"><span class=\"ez-toc-section\" id=\"4_San_Gimignano_%E2%80%93_de_medeltida_skyskrapornas_stad\"><\/span>4. San Gimignano \u2013 de medeltida skyskrapornas stad<span class=\"ez-toc-section-end\"><\/span><\/h3>\n\n\n\n<figure data-wp-context=\"{&quot;imageId&quot;:&quot;6a95094735a30&quot;}\" data-wp-interactive=\"core\/image\" data-wp-key=\"6a95094735a30\" class=\"wp-block-image size-full wp-lightbox-container\"><img decoding=\"async\" data-wp-class--hide=\"state.isContentHidden\" data-wp-class--show=\"state.isContentVisible\" data-wp-init=\"callbacks.setButtonStyles\" data-wp-on--click=\"actions.showLightbox\" data-wp-on--load=\"callbacks.setButtonStyles\" data-wp-on--pointerdown=\"actions.preloadImage\" data-wp-on--pointerenter=\"actions.preloadImageWithDelay\" data-wp-on--pointerleave=\"actions.cancelPreload\" data-wp-on-window--resize=\"callbacks.setButtonStyles\" src=\"https:\/\/www.loudavymkrokem.cz\/wp-content\/uploads\/2023\/05\/siena-toskansko-1.jpg\" alt=\"Det ber\u00f6mda sn\u00e4ckformade torget i Siena.\" class=\"wp-image-58640\" title=\"\"><button\n\t\t\tclass=\"lightbox-trigger\"\n\t\t\ttype=\"button\"\n\t\t\taria-haspopup=\"dialog\"\n\t\t\tdata-wp-bind--aria-label=\"state.thisImage.triggerButtonAriaLabel\"\n\t\t\tdata-wp-init=\"callbacks.initTriggerButton\"\n\t\t\tdata-wp-on--click=\"actions.showLightbox\"\n\t\t\tdata-wp-style--right=\"state.thisImage.buttonRight\"\n\t\t\tdata-wp-style--top=\"state.thisImage.buttonTop\"\n\t\t>\n\t\t\t<svg xmlns=\"http:\/\/www.w3.org\/2000\/svg\" width=\"12\" height=\"12\" fill=\"none\" viewBox=\"0 0 12 12\">\n\t\t\t\t<path fill=\"#fff\" d=\"M2 0a2 2 0 0 0-2 2v2h1.5V2a.5.5 0 0 1 .5-.5h2V0H2Zm2 10.5H2a.5.5 0 0 1-.5-.5V8H0v2a2 2 0 0 0 2 2h2v-1.5ZM8 12v-1.5h2a.5.5 0 0 0 .5-.5V8H12v2a2 2 0 0 1-2 2H8Zm2-12a2 2 0 0 1 2 2v2h-1.5V2a.5.5 0 0 0-.5-.5H8V0h2Z\" \/>\n\t\t\t<\/svg>\n\t\t<\/button><figcaption class=\"wp-element-caption\">Siena och det sn\u00e4ckformade torget<\/figcaption><\/figure>\n\n\n\n<p class=\"wp-block-paragraph\">N\u00e4r du n\u00e4rmar dig San Gimignano ser du redan p\u00e5 l\u00e5ngt h\u00e5ll dess omissk\u00e4nnliga siluett. Under medeltiden t\u00e4vlade de rika familjerna h\u00e4r om vem som byggde det h\u00f6gsta tornet som symbol f\u00f6r makt. Idag kallas den ibland med glimten i \u00f6gat f\u00f6r <strong>det medeltida Manhattan<\/strong>, eftersom fjorton underbara torn av de ursprungliga cirka sjuttio har bevarats.<\/p>\n\n\n\n<p class=\"wp-block-paragraph\">Det h\u00f6gsta av dem \u00e4r <strong>Torre Grossa<\/strong>, som du ocks\u00e5 kan g\u00e5 upp i. Intr\u00e4det kostar runt 10 euro, men b\u00e4ttre \u00e4r att direkt k\u00f6pa San Gimignano Pass f\u00f6r 15 euro, med vilket du kan bes\u00f6ka alla stadens huvudmuseer. Gl\u00f6m inte att titta in i den romanska Collegiatan med sina vackra fresker. Konkreta tips p\u00e5 vad du hinner med i staden hittar du i artikeln <a href=\"https:\/\/loudavymkrokem.cz\/sv\/toscana-italien-medeltid\/\">Siena och San Gimignano: 8 tips<\/a>.<\/p>\n\n\n\n<p class=\"wp-block-paragraph\">Den h\u00e4r lilla staden \u00e4r en enorm lockelse, s\u00e5 mitt p\u00e5 dagen \u00e4r det verkligen huvud vid huvud h\u00e4r. Torget Piazza della Cisterna med sin historiska brunn omges av kaf\u00e9er och sm\u00e5butiker d\u00e4r <strong>hundratals turister fr\u00e5n bussresor<\/strong> tr\u00e4ngs.<\/p>\n\n\n\n<p class=\"wp-block-paragraph\">\ud83d\udca1 Tips: Vill du uppleva San Gimignanos verkliga magi, <strong>kom hit tidigt p\u00e5 morgonen eller \u00f6vernatta direkt h\u00e4r<\/strong>. S\u00e5 fort bussarna \u00e5ker vid femtiden p\u00e5 eftermiddagen t\u00f6ms gr\u00e4nderna, lyktorna t\u00e4nds och du k\u00e4nner dig som en tidsresen\u00e4r.<\/p>\n\n\n\n<h3 class=\"wp-block-heading\"><span class=\"ez-toc-section\" id=\"5_Lucca_och_dess_perfekta_stadsmurar\"><\/span>5. Lucca och dess perfekta stadsmurar<span class=\"ez-toc-section-end\"><\/span><\/h3>\n\n\n\n<figure data-wp-context=\"{&quot;imageId&quot;:&quot;6a9509473639d&quot;}\" data-wp-interactive=\"core\/image\" data-wp-key=\"6a9509473639d\" class=\"wp-block-image size-full wp-lightbox-container\"><img decoding=\"async\" data-wp-class--hide=\"state.isContentHidden\" data-wp-class--show=\"state.isContentVisible\" data-wp-init=\"callbacks.setButtonStyles\" data-wp-on--click=\"actions.showLightbox\" data-wp-on--load=\"callbacks.setButtonStyles\" data-wp-on--pointerdown=\"actions.preloadImage\" data-wp-on--pointerenter=\"actions.preloadImageWithDelay\" data-wp-on--pointerleave=\"actions.cancelPreload\" data-wp-on-window--resize=\"callbacks.setButtonStyles\" src=\"https:\/\/www.loudavymkrokem.cz\/wp-content\/uploads\/2023\/05\/San\u2013Gimignano.jpg\" alt=\"Toskanska staden San Gimignano\" class=\"wp-image-58641\" title=\"\"><button\n\t\t\tclass=\"lightbox-trigger\"\n\t\t\ttype=\"button\"\n\t\t\taria-haspopup=\"dialog\"\n\t\t\tdata-wp-bind--aria-label=\"state.thisImage.triggerButtonAriaLabel\"\n\t\t\tdata-wp-init=\"callbacks.initTriggerButton\"\n\t\t\tdata-wp-on--click=\"actions.showLightbox\"\n\t\t\tdata-wp-style--right=\"state.thisImage.buttonRight\"\n\t\t\tdata-wp-style--top=\"state.thisImage.buttonTop\"\n\t\t>\n\t\t\t<svg xmlns=\"http:\/\/www.w3.org\/2000\/svg\" width=\"12\" height=\"12\" fill=\"none\" viewBox=\"0 0 12 12\">\n\t\t\t\t<path fill=\"#fff\" d=\"M2 0a2 2 0 0 0-2 2v2h1.5V2a.5.5 0 0 1 .5-.5h2V0H2Zm2 10.5H2a.5.5 0 0 1-.5-.5V8H0v2a2 2 0 0 0 2 2h2v-1.5ZM8 12v-1.5h2a.5.5 0 0 0 .5-.5V8H12v2a2 2 0 0 1-2 2H8Zm2-12a2 2 0 0 1 2 2v2h-1.5V2a.5.5 0 0 0-.5-.5H8V0h2Z\" \/>\n\t\t\t<\/svg>\n\t\t<\/button><figcaption class=\"wp-element-caption\">San Gimignano<\/figcaption><\/figure>\n\n\n\n<p class=\"wp-block-paragraph\">Lucca ligger lite vid sidan av turisternas huvudstr\u00f6m, och \u00e4r \u00e4nd\u00e5 en riktig p\u00e4rla i norra Toscana. Dess st\u00f6rsta stolthet \u00e4r de <strong>perfekt bevarade ren\u00e4ssansmurarna<\/strong>, som fortfarande omsluter staden i en fast ring. Murarna \u00e4r s\u00e5 breda att en promenad med tr\u00e4d l\u00f6per l\u00e4ngs deras kr\u00f6n, och att g\u00e5 runt hela varvet \u00e4r en cirka fyra kilometer l\u00e5ng promenad. En detaljerad guide hittar du i artikeln <a href=\"https:\/\/loudavymkrokem.cz\/sv\/lucca-italien-tips\/\">Lucca: 22 tips p\u00e5 vad du ska se och varf\u00f6r du b\u00f6r cykla runt murarna<\/a>.<\/p>\n\n\n\n<p class=\"wp-block-paragraph\">Absolut b\u00e4st \u00e4r att <strong>hyra en cykel direkt vid murarna<\/strong> och k\u00f6ra runt hela staden uppifr\u00e5n. I sj\u00e4lva centrum h\u00e4nf\u00f6rs du sedan av det ovala torget Piazza dell&#8217;Anfiteatro, vars hus exakt f\u00f6ljer formen av den ursprungliga romerska amfiteater som en g\u00e5ng stod h\u00e4r.<\/p>\n\n\n\n<p class=\"wp-block-paragraph\">Stadens mest utm\u00e4rkande orienteringspunkt \u00e4r <strong>tegeltornet Torre Guinigi<\/strong>. Du k\u00e4nner igen det enkelt, f\u00f6r p\u00e5 taket v\u00e4xer flera stora ekar. G\u00e5r du upp f\u00f6r de 230 trappstegen kostar intr\u00e4det knappt 6 euro och du f\u00e5r en vacker utsikt \u00f6ver omgivningen fr\u00e5n tr\u00e4dens skugga.<\/p>\n\n\n\n<p class=\"wp-block-paragraph\">\ud83d\udca1 Tips: Lucca \u00e4r en av f\u00e5 toskanska st\u00e4der som <strong>ligger p\u00e5 helt plan mark<\/strong>. Det \u00e4r allts\u00e5 en idealisk destination om du redan har f\u00e5tt nog av evig kl\u00e4ttring uppf\u00f6r branta backar. Dessutom tar du dig hit utm\u00e4rkt och billigt med t\u00e5g direkt fr\u00e5n Florens.<\/p>\n\n\n\n<h3 class=\"wp-block-heading\"><span class=\"ez-toc-section\" id=\"6_Etruskiska_Volterra_och_alabastertraditionen\"><\/span>6. Etruskiska Volterra och alabastertraditionen<span class=\"ez-toc-section-end\"><\/span><\/h3>\n\n\n\n<figure data-wp-context=\"{&quot;imageId&quot;:&quot;6a95094736d38&quot;}\" data-wp-interactive=\"core\/image\" data-wp-key=\"6a95094736d38\" class=\"wp-block-image size-full wp-lightbox-container\"><img decoding=\"async\" data-wp-class--hide=\"state.isContentHidden\" data-wp-class--show=\"state.isContentVisible\" data-wp-init=\"callbacks.setButtonStyles\" data-wp-on--click=\"actions.showLightbox\" data-wp-on--load=\"callbacks.setButtonStyles\" data-wp-on--pointerdown=\"actions.preloadImage\" data-wp-on--pointerenter=\"actions.preloadImageWithDelay\" data-wp-on--pointerleave=\"actions.cancelPreload\" data-wp-on-window--resize=\"callbacks.setButtonStyles\" src=\"https:\/\/www.loudavymkrokem.cz\/wp-content\/uploads\/2023\/05\/Lucca.jpg\" alt=\"Etruskiska staden Lucca i Toscana\" class=\"wp-image-58642\" title=\"\"><button\n\t\t\tclass=\"lightbox-trigger\"\n\t\t\ttype=\"button\"\n\t\t\taria-haspopup=\"dialog\"\n\t\t\tdata-wp-bind--aria-label=\"state.thisImage.triggerButtonAriaLabel\"\n\t\t\tdata-wp-init=\"callbacks.initTriggerButton\"\n\t\t\tdata-wp-on--click=\"actions.showLightbox\"\n\t\t\tdata-wp-style--right=\"state.thisImage.buttonRight\"\n\t\t\tdata-wp-style--top=\"state.thisImage.buttonTop\"\n\t\t>\n\t\t\t<svg xmlns=\"http:\/\/www.w3.org\/2000\/svg\" width=\"12\" height=\"12\" fill=\"none\" viewBox=\"0 0 12 12\">\n\t\t\t\t<path fill=\"#fff\" d=\"M2 0a2 2 0 0 0-2 2v2h1.5V2a.5.5 0 0 1 .5-.5h2V0H2Zm2 10.5H2a.5.5 0 0 1-.5-.5V8H0v2a2 2 0 0 0 2 2h2v-1.5ZM8 12v-1.5h2a.5.5 0 0 0 .5-.5V8H12v2a2 2 0 0 1-2 2H8Zm2-12a2 2 0 0 1 2 2v2h-1.5V2a.5.5 0 0 0-.5-.5H8V0h2Z\" \/>\n\t\t\t<\/svg>\n\t\t<\/button><figcaption class=\"wp-element-caption\">Staden Lucca i Toscana<\/figcaption><\/figure>\n\n\n\n<p class=\"wp-block-paragraph\">H\u00f6gt p\u00e5 en kulle reser sig ur\u00e5ldriga Volterra, en stad vars historia str\u00e4cker sig djupt tillbaka till de gamla etruskernas tid. Staden \u00e4r <strong>skyddad av massiva dubbla stadsmurar<\/strong> och har \u00e4n idag bevarat en lite h\u00e5rdare, mer mystisk karakt\u00e4r \u00e4n de omgivande ren\u00e4ssansst\u00e4derna. Fr\u00e5n centrum \u00e4r det underbara utsikter ner i de djupa dalarna runtomkring. Fler tips hittar du i artikeln <a href=\"https:\/\/loudavymkrokem.cz\/sv\/volterra-italien\/\">Volterra: 18 tips p\u00e5 vad du ska se i alabastrets etruskiska stad<\/a>.<\/p>\n\n\n\n<p class=\"wp-block-paragraph\">Volterra \u00e4r k\u00e4nt \u00f6ver hela v\u00e4rlden f\u00f6r sin <strong>bearbetning av den dyrbara alabastern<\/strong>. I de tr\u00e5nga gr\u00e4nderna st\u00f6ter du p\u00e5 massor av sm\u00e5 hantverksverkst\u00e4der, d\u00e4r du kan iaktta m\u00e4starna direkt i arbete. Det \u00e4r en fascinerande syn och alabasterf\u00f6rem\u00e5len \u00e4r den b\u00e4sta souveniren du kan ta med dig h\u00e4rifr\u00e5n.<\/p>\n\n\n\n<p class=\"wp-block-paragraph\">Missa absolut inte ett bes\u00f6k p\u00e5 <strong>etruskmuseet Guarnacci<\/strong>, som h\u00f6r till de viktigaste i sitt slag i Italien. Om du planerar att bes\u00f6ka fler byggnader och sev\u00e4rdheter, som det gamla r\u00e5dhuset Palazzo dei Priori eller den romerska teatern, l\u00f6nar det sig att k\u00f6pa Volterra Card f\u00f6r ungef\u00e4r 15 euro.<\/p>\n\n\n\n<p class=\"wp-block-paragraph\">\ud83d\udca1 Tips: F\u00f6r parkering i Volterra har det underjordiska <strong>parkeringshuset La Dogana<\/strong> fungerat b\u00e4st f\u00f6r oss. Det kostar visserligen, men bilen st\u00e5r i alla fall inte och steks i solen hela dagen och du har bara n\u00e5gra steg till porten Porta San Francesco.<\/p>\n\n\n\n<h3 class=\"wp-block-heading\"><span class=\"ez-toc-section\" id=\"7_Naturliga_varma_kallorna_Cascate_del_Mulino_i_Saturnia\"><\/span>7. Naturliga varma k\u00e4llorna Cascate del Mulino i Saturnia<span class=\"ez-toc-section-end\"><\/span><\/h3>\n\n\n\n<figure data-wp-context=\"{&quot;imageId&quot;:&quot;6a95094737718&quot;}\" data-wp-interactive=\"core\/image\" data-wp-key=\"6a95094737718\" class=\"wp-block-image size-full wp-lightbox-container\"><img decoding=\"async\" data-wp-class--hide=\"state.isContentHidden\" data-wp-class--show=\"state.isContentVisible\" data-wp-init=\"callbacks.setButtonStyles\" data-wp-on--click=\"actions.showLightbox\" data-wp-on--load=\"callbacks.setButtonStyles\" data-wp-on--pointerdown=\"actions.preloadImage\" data-wp-on--pointerenter=\"actions.preloadImageWithDelay\" data-wp-on--pointerleave=\"actions.cancelPreload\" data-wp-on-window--resize=\"callbacks.setButtonStyles\" src=\"https:\/\/www.loudavymkrokem.cz\/wp-content\/uploads\/2023\/05\/Volterra.jpg\" alt=\"Historiska staden Volterra i Toscana.\" class=\"wp-image-58643\" title=\"\"><button\n\t\t\tclass=\"lightbox-trigger\"\n\t\t\ttype=\"button\"\n\t\t\taria-haspopup=\"dialog\"\n\t\t\tdata-wp-bind--aria-label=\"state.thisImage.triggerButtonAriaLabel\"\n\t\t\tdata-wp-init=\"callbacks.initTriggerButton\"\n\t\t\tdata-wp-on--click=\"actions.showLightbox\"\n\t\t\tdata-wp-style--right=\"state.thisImage.buttonRight\"\n\t\t\tdata-wp-style--top=\"state.thisImage.buttonTop\"\n\t\t>\n\t\t\t<svg xmlns=\"http:\/\/www.w3.org\/2000\/svg\" width=\"12\" height=\"12\" fill=\"none\" viewBox=\"0 0 12 12\">\n\t\t\t\t<path fill=\"#fff\" d=\"M2 0a2 2 0 0 0-2 2v2h1.5V2a.5.5 0 0 1 .5-.5h2V0H2Zm2 10.5H2a.5.5 0 0 1-.5-.5V8H0v2a2 2 0 0 0 2 2h2v-1.5ZM8 12v-1.5h2a.5.5 0 0 0 .5-.5V8H12v2a2 2 0 0 1-2 2H8Zm2-12a2 2 0 0 1 2 2v2h-1.5V2a.5.5 0 0 0-.5-.5H8V0h2Z\" \/>\n\t\t\t<\/svg>\n\t\t<\/button><figcaption class=\"wp-element-caption\">Historiska staden Volterra i Toscana<\/figcaption><\/figure>\n\n\n\n<p class=\"wp-block-paragraph\">Den h\u00e4r platsen \u00e4r f\u00f6r mig en av de st\u00f6rsta upplevelserna i hela Toscana. Cascate del Mulino \u00e4r <strong>naturliga varma k\u00e4llor<\/strong> som v\u00e4ller upp ur marken och bildar kaskader av sm\u00e5 travertindammar alldeles bredvid en gammal kvarn. Vattnet h\u00e5ller underbara 37,5 grader \u00e5ret runt, s\u00e5 h\u00e4r kan du bada till och med mitt i vintern.<\/p>\n\n\n\n<p class=\"wp-block-paragraph\">Det b\u00e4sta av allt \u00e4r att dessa bad \u00e4r <strong>helt gratis och \u00f6ppna dygnet runt<\/strong>. V\u00e4nta dig dock inga omkl\u00e4dningsrum, duschar eller lyxiga faciliteter, det \u00e4r helt enkelt natur. Man betalar bara f\u00f6r parkering p\u00e5 den n\u00e4rbel\u00e4gna reserverade parkeringen, som kostar 2,50 euro i timmen.<\/p>\n\n\n\n<p class=\"wp-block-paragraph\">Jag m\u00e5ste dock varna dig f\u00f6r att vattnet \u00e4r starkt svavelhaltigt, s\u00e5 <strong>r\u00e4kna med den typiska lukten av ruttna \u00e4gg<\/strong>, som inte tv\u00e4ttas ur baddr\u00e4kten s\u00e5 l\u00e4tt. Dammarnas botten \u00e4r dessutom ganska hal och inneh\u00e5ller ibland vassa stenar, s\u00e5 badskor kommer definitivt v\u00e4l till pass.<\/p>\n\n\n\n<p class=\"wp-block-paragraph\">\ud83d\udca1 Tips: Ta aldrig, men verkligen <strong>aldrig med dig silversmycken i vattnet<\/strong>, f\u00f6r de skulle omedelbart bli svarta i det svavelhaltiga vattnet. Och vill du undvika folkmassorna som brukar vara h\u00e4r p\u00e5 dagen, m\u00e5ste du g\u00e5 upp tidigt och helst vara p\u00e5 plats redan f\u00f6re klockan \u00e5tta p\u00e5 morgonen.<\/p>\n\n\n\n<h3 class=\"wp-block-heading\"><span class=\"ez-toc-section\" id=\"8_Val_dOrcia_%E2%80%93_det_mest_fotogeniska_landskapet\"><\/span>8. Val d&#8217;Orcia \u2013 det mest fotogeniska landskapet<span class=\"ez-toc-section-end\"><\/span><\/h3>\n\n\n\n<figure data-wp-context=\"{&quot;imageId&quot;:&quot;6a95094737fce&quot;}\" data-wp-interactive=\"core\/image\" data-wp-key=\"6a95094737fce\" class=\"wp-block-image size-full wp-lightbox-container\"><img decoding=\"async\" data-wp-class--hide=\"state.isContentHidden\" data-wp-class--show=\"state.isContentVisible\" data-wp-init=\"callbacks.setButtonStyles\" data-wp-on--click=\"actions.showLightbox\" data-wp-on--load=\"callbacks.setButtonStyles\" data-wp-on--pointerdown=\"actions.preloadImage\" data-wp-on--pointerenter=\"actions.preloadImageWithDelay\" data-wp-on--pointerleave=\"actions.cancelPreload\" data-wp-on-window--resize=\"callbacks.setButtonStyles\" src=\"https:\/\/www.loudavymkrokem.cz\/wp-content\/uploads\/2023\/05\/Montepulciano.jpg\" alt=\"Montepulciano i Toscana\" class=\"wp-image-58644\" title=\"\"><button\n\t\t\tclass=\"lightbox-trigger\"\n\t\t\ttype=\"button\"\n\t\t\taria-haspopup=\"dialog\"\n\t\t\tdata-wp-bind--aria-label=\"state.thisImage.triggerButtonAriaLabel\"\n\t\t\tdata-wp-init=\"callbacks.initTriggerButton\"\n\t\t\tdata-wp-on--click=\"actions.showLightbox\"\n\t\t\tdata-wp-style--right=\"state.thisImage.buttonRight\"\n\t\t\tdata-wp-style--top=\"state.thisImage.buttonTop\"\n\t\t>\n\t\t\t<svg xmlns=\"http:\/\/www.w3.org\/2000\/svg\" width=\"12\" height=\"12\" fill=\"none\" viewBox=\"0 0 12 12\">\n\t\t\t\t<path fill=\"#fff\" d=\"M2 0a2 2 0 0 0-2 2v2h1.5V2a.5.5 0 0 1 .5-.5h2V0H2Zm2 10.5H2a.5.5 0 0 1-.5-.5V8H0v2a2 2 0 0 0 2 2h2v-1.5ZM8 12v-1.5h2a.5.5 0 0 0 .5-.5V8H12v2a2 2 0 0 1-2 2H8Zm2-12a2 2 0 0 1 2 2v2h-1.5V2a.5.5 0 0 0-.5-.5H8V0h2Z\" \/>\n\t\t\t<\/svg>\n\t\t<\/button><figcaption class=\"wp-element-caption\">Montepulciano i Toscana<\/figcaption><\/figure>\n\n\n\n<p class=\"wp-block-paragraph\">N\u00e4r du blundar och f\u00f6rest\u00e4ller dig Toscana \u00e4r det f\u00f6rmodligen just dalen Val d&#8217;Orcia du ser. Hela detta omr\u00e5de \u00e4r sedan 2004 upptaget p\u00e5 Unescos lista och \u00e4r ett rent paradis f\u00f6r fotografer. H\u00e4r hittar du de <strong>perfekt b\u00f6ljande gr\u00f6na kullarna, o\u00e4ndliga gyllene f\u00e4lt<\/strong> och ensamma steng\u00e5rdar vid horisonten.<\/p>\n\n\n\n<p class=\"wp-block-paragraph\">Omr\u00e5dets absoluta symbol \u00e4r de <strong>h\u00f6ga smala cypresserna<\/strong>. Ofta kantar de infartsv\u00e4garna till g\u00e5rdarna eller st\u00e5r bara i grupper p\u00e5 en kulle. En av de vackraste platserna \u00e4r det lilla kapellet Cappella della Madonna di Vitaleta, som st\u00e5r ensamt ute p\u00e5 f\u00e4lten omgivet av just dessa tr\u00e4d.<\/p>\n\n\n\n<p class=\"wp-block-paragraph\">Det b\u00e4sta s\u00e4ttet att suga in all denna sk\u00f6nhet \u00e4r att <strong>koppla ihop de lokala byarna l\u00e4ngs v\u00e4gen SP 146<\/strong>, som g\u00e5r mellan Pienza och Montepulciano. Det \u00e4r en scenisk v\u00e4g full av kurvor, d\u00e4r du vill stanna var femte minut f\u00f6r att ta \u00e4nnu en bild.<\/p>\n\n\n\n<p class=\"wp-block-paragraph\">\ud83d\udca1 Tips: Den vackra cypressall\u00e9n, k\u00e4nd som Viale dei Gladiatori, ligger <strong>n\u00e4ra Pienza vid agriturismot Terrapille<\/strong>. Just h\u00e4r spelades de dr\u00f6mlika slutscenerna i den ber\u00f6mda filmen Gladiator in. De flesta av dessa all\u00e9er ligger p\u00e5 privat mark, s\u00e5 du fotar dem bara p\u00e5 avst\u00e5nd fr\u00e5n v\u00e4gen.<\/p>\n\n\n\n<h3 class=\"wp-block-heading\"><span class=\"ez-toc-section\" id=\"9_Pienza_och_dess_beromda_farost_pecorino\"><\/span>9. Pienza och dess ber\u00f6mda f\u00e5rost pecorino<span class=\"ez-toc-section-end\"><\/span><\/h3>\n\n\n\n<figure data-wp-context=\"{&quot;imageId&quot;:&quot;6a95094738906&quot;}\" data-wp-interactive=\"core\/image\" data-wp-key=\"6a95094738906\" class=\"wp-block-image size-full wp-lightbox-container\"><img decoding=\"async\" data-wp-class--hide=\"state.isContentHidden\" data-wp-class--show=\"state.isContentVisible\" data-wp-init=\"callbacks.setButtonStyles\" data-wp-on--click=\"actions.showLightbox\" data-wp-on--load=\"callbacks.setButtonStyles\" data-wp-on--pointerdown=\"actions.preloadImage\" data-wp-on--pointerenter=\"actions.preloadImageWithDelay\" data-wp-on--pointerleave=\"actions.cancelPreload\" data-wp-on-window--resize=\"callbacks.setButtonStyles\" src=\"https:\/\/www.loudavymkrokem.cz\/wp-content\/uploads\/2023\/05\/Arezzo.jpg\" alt=\"\" class=\"wp-image-58645\" title=\"\"><button\n\t\t\tclass=\"lightbox-trigger\"\n\t\t\ttype=\"button\"\n\t\t\taria-haspopup=\"dialog\"\n\t\t\tdata-wp-bind--aria-label=\"state.thisImage.triggerButtonAriaLabel\"\n\t\t\tdata-wp-init=\"callbacks.initTriggerButton\"\n\t\t\tdata-wp-on--click=\"actions.showLightbox\"\n\t\t\tdata-wp-style--right=\"state.thisImage.buttonRight\"\n\t\t\tdata-wp-style--top=\"state.thisImage.buttonTop\"\n\t\t>\n\t\t\t<svg xmlns=\"http:\/\/www.w3.org\/2000\/svg\" width=\"12\" height=\"12\" fill=\"none\" viewBox=\"0 0 12 12\">\n\t\t\t\t<path fill=\"#fff\" d=\"M2 0a2 2 0 0 0-2 2v2h1.5V2a.5.5 0 0 1 .5-.5h2V0H2Zm2 10.5H2a.5.5 0 0 1-.5-.5V8H0v2a2 2 0 0 0 2 2h2v-1.5ZM8 12v-1.5h2a.5.5 0 0 0 .5-.5V8H12v2a2 2 0 0 1-2 2H8Zm2-12a2 2 0 0 1 2 2v2h-1.5V2a.5.5 0 0 0-.5-.5H8V0h2Z\" \/>\n\t\t\t<\/svg>\n\t\t<\/button><figcaption class=\"wp-element-caption\">Arezzo \u00e4r fr\u00e4mst k\u00e4nt f\u00f6r sina fresker av Piero della Francesca<\/figcaption><\/figure>\n\n\n\n<p class=\"wp-block-paragraph\">Pienza \u00e4r en liten stad mitt i hj\u00e4rtat av Val d&#8217;Orcia, som ofta kallas den ideala ren\u00e4ssansstaden. P\u00e5 1400-talet l\u00e4t n\u00e4mligen p\u00e5ven Pius II, som f\u00f6ddes h\u00e4r, i stor utstr\u00e4ckning bygga om den. Som tur \u00e4r ligger Pienza <strong>mer eller mindre p\u00e5 plan mark<\/strong>, s\u00e5 h\u00e4r v\u00e4ntar inga drastiska kl\u00e4ttringar som i andra st\u00e4der.<\/p>\n\n\n\n<p class=\"wp-block-paragraph\">Stadens fr\u00e4msta lockelse \u00e4r dock gastronomin, n\u00e4rmare best\u00e4mt den <strong>ber\u00f6mda f\u00e5rosten pecorino di Pienza<\/strong>. Luk\u00e1\u0161 och jag \u00e4r tokiga i ost och h\u00e4r st\u00f6ter du p\u00e5 den \u00f6verallt. I de tr\u00e5nga gr\u00e4nderna ligger det ena ysteriet bredvid det andra och den speciella doften av lagrad ost k\u00e4nner du i varje steg.<\/p>\n\n\n\n<p class=\"wp-block-paragraph\">H\u00e4r kan du smaka <strong>pecorino i m\u00e5nga lagringsstadier<\/strong>, fr\u00e5n den mjuka och f\u00e4rska till h\u00e5rda ostar som lagras i aska eller valn\u00f6tsblad. Utm\u00e4rkt till dem passar den lokala p\u00e4ronmarmeladen eller honung.<\/p>\n\n\n\n<p class=\"wp-block-paragraph\">\ud83d\udca1 Tips: Innan du l\u00e4mnar Pienza, g\u00e5 och titta vid palatset Palazzo Piccolomini. Alldeles bakom det finns en underbar <strong>h\u00e4ngande tr\u00e4dg\u00e5rd och en utsiktsterrass<\/strong>, varifr\u00e5n du har hela Val d&#8217;Orcia som p\u00e5 en bricka.<\/p>\n\n\n\n<h3 class=\"wp-block-heading\"><span class=\"ez-toc-section\" id=\"10_Montepulciano_och_vinet_Nobile\"><\/span>10. Montepulciano och vinet Nobile<span class=\"ez-toc-section-end\"><\/span><\/h3>\n\n\n\n<figure data-wp-context=\"{&quot;imageId&quot;:&quot;6a95094739087&quot;}\" data-wp-interactive=\"core\/image\" data-wp-key=\"6a95094739087\" class=\"wp-block-image size-full wp-lightbox-container\"><img decoding=\"async\" data-wp-class--hide=\"state.isContentHidden\" data-wp-class--show=\"state.isContentVisible\" data-wp-init=\"callbacks.setButtonStyles\" data-wp-on--click=\"actions.showLightbox\" data-wp-on--load=\"callbacks.setButtonStyles\" data-wp-on--pointerdown=\"actions.preloadImage\" data-wp-on--pointerenter=\"actions.preloadImageWithDelay\" data-wp-on--pointerleave=\"actions.cancelPreload\" data-wp-on-window--resize=\"callbacks.setButtonStyles\" src=\"https:\/\/www.loudavymkrokem.cz\/wp-content\/uploads\/2023\/05\/Livorno.jpg\" alt=\"Kuststaden Livorno i Toscana\" class=\"wp-image-58646\" title=\"\"><button\n\t\t\tclass=\"lightbox-trigger\"\n\t\t\ttype=\"button\"\n\t\t\taria-haspopup=\"dialog\"\n\t\t\tdata-wp-bind--aria-label=\"state.thisImage.triggerButtonAriaLabel\"\n\t\t\tdata-wp-init=\"callbacks.initTriggerButton\"\n\t\t\tdata-wp-on--click=\"actions.showLightbox\"\n\t\t\tdata-wp-style--right=\"state.thisImage.buttonRight\"\n\t\t\tdata-wp-style--top=\"state.thisImage.buttonTop\"\n\t\t>\n\t\t\t<svg xmlns=\"http:\/\/www.w3.org\/2000\/svg\" width=\"12\" height=\"12\" fill=\"none\" viewBox=\"0 0 12 12\">\n\t\t\t\t<path fill=\"#fff\" d=\"M2 0a2 2 0 0 0-2 2v2h1.5V2a.5.5 0 0 1 .5-.5h2V0H2Zm2 10.5H2a.5.5 0 0 1-.5-.5V8H0v2a2 2 0 0 0 2 2h2v-1.5ZM8 12v-1.5h2a.5.5 0 0 0 .5-.5V8H12v2a2 2 0 0 1-2 2H8Zm2-12a2 2 0 0 1 2 2v2h-1.5V2a.5.5 0 0 0-.5-.5H8V0h2Z\" \/>\n\t\t\t<\/svg>\n\t\t<\/button><figcaption class=\"wp-element-caption\">Hamnen i italienska staden Livorno<\/figcaption><\/figure>\n\n\n\n<p class=\"wp-block-paragraph\">Montepulciano reser sig p\u00e5 en h\u00f6g bergsrygg och ser otroligt majest\u00e4tisk ut. Det \u00e4r en stad full av eleganta ren\u00e4ssanspalats och branta gr\u00e4nder som l\u00f6per samman p\u00e5 huvudtorget Piazza Grande. Just fr\u00e5n detta torg och de omgivande murarna \u00e4r det <strong>underbara utsikter ner i dalen Val di Chiana<\/strong>.<\/p>\n\n\n\n<p class=\"wp-block-paragraph\">Staden \u00e4r k\u00e4nd \u00f6ver hela v\u00e4rlden f\u00f6r sitt r\u00f6da vin <strong>Vino Nobile di Montepulciano<\/strong>. Om du gillar vin \u00e4r du h\u00e4r p\u00e5 r\u00e4tt plats. Det handlar dock inte bara om en vanlig provsmakning, m\u00e5nga av vinerierna h\u00e4r har sina historiska k\u00e4llare uthuggna direkt i klippan djupt under husen.<\/p>\n\n\n\n<p class=\"wp-block-paragraph\">Ett bes\u00f6k i en s\u00e5dan <strong>underjordisk labyrint full av enorma ekfat<\/strong> \u00e4r en upplevelse i sig. Ofta sl\u00e4pper de in dig i k\u00e4llarna gratis f\u00f6r att titta, och k\u00f6per du en flaska p\u00e5 minnet erbjuder de dig \u00e4ven en liten provsmakning.<\/p>\n\n\n\n<p class=\"wp-block-paragraph\">\ud83d\udca1 Tips: Alltid sista s\u00f6ndagen i augusti h\u00e5lls i Montepulciano den <strong>traditionella t\u00e4vlingen Brav\u00eco delle Botti<\/strong>. T\u00e4vlande fr\u00e5n olika stadsdelar knuffar tunga tr\u00e4tunnor brant uppf\u00f6r backen och p\u00e5 kv\u00e4llen firar sedan hela staden utomhus vid l\u00e5ngbord med traditionell mat.<\/p>\n\n\n\n<h3 class=\"wp-block-heading\"><span class=\"ez-toc-section\" id=\"11_Montalcino_och_fastningen_ovanfor_vingardarna\"><\/span>11. Montalcino och f\u00e4stningen ovanf\u00f6r ving\u00e5rdarna<span class=\"ez-toc-section-end\"><\/span><\/h3>\n\n\n\n<figure data-wp-context=\"{&quot;imageId&quot;:&quot;6a95094739b66&quot;}\" data-wp-interactive=\"core\/image\" data-wp-key=\"6a95094739b66\" class=\"wp-block-image size-full wp-lightbox-container\"><img decoding=\"async\" data-wp-class--hide=\"state.isContentHidden\" data-wp-class--show=\"state.isContentVisible\" data-wp-init=\"callbacks.setButtonStyles\" data-wp-on--click=\"actions.showLightbox\" data-wp-on--load=\"callbacks.setButtonStyles\" data-wp-on--pointerdown=\"actions.preloadImage\" data-wp-on--pointerenter=\"actions.preloadImageWithDelay\" data-wp-on--pointerleave=\"actions.cancelPreload\" data-wp-on-window--resize=\"callbacks.setButtonStyles\" src=\"https:\/\/www.loudavymkrokem.cz\/wp-content\/uploads\/2023\/05\/Grosseto.jpg\" alt=\"Vinstaden Grosseto.\" class=\"wp-image-58647\" title=\"\"><button\n\t\t\tclass=\"lightbox-trigger\"\n\t\t\ttype=\"button\"\n\t\t\taria-haspopup=\"dialog\"\n\t\t\tdata-wp-bind--aria-label=\"state.thisImage.triggerButtonAriaLabel\"\n\t\t\tdata-wp-init=\"callbacks.initTriggerButton\"\n\t\t\tdata-wp-on--click=\"actions.showLightbox\"\n\t\t\tdata-wp-style--right=\"state.thisImage.buttonRight\"\n\t\t\tdata-wp-style--top=\"state.thisImage.buttonTop\"\n\t\t>\n\t\t\t<svg xmlns=\"http:\/\/www.w3.org\/2000\/svg\" width=\"12\" height=\"12\" fill=\"none\" viewBox=\"0 0 12 12\">\n\t\t\t\t<path fill=\"#fff\" d=\"M2 0a2 2 0 0 0-2 2v2h1.5V2a.5.5 0 0 1 .5-.5h2V0H2Zm2 10.5H2a.5.5 0 0 1-.5-.5V8H0v2a2 2 0 0 0 2 2h2v-1.5ZM8 12v-1.5h2a.5.5 0 0 0 .5-.5V8H12v2a2 2 0 0 1-2 2H8Zm2-12a2 2 0 0 1 2 2v2h-1.5V2a.5.5 0 0 0-.5-.5H8V0h2Z\" \/>\n\t\t\t<\/svg>\n\t\t<\/button><figcaption class=\"wp-element-caption\">Vinstaden Grosseto<\/figcaption><\/figure>\n\n\n\n<p class=\"wp-block-paragraph\">N\u00e4r vi nu \u00e4r inne p\u00e5 vin f\u00e5r vi inte gl\u00f6mma n\u00e4rbel\u00e4gna Montalcino. Denna lilla kulliga stad \u00e4r hemvist f\u00f6r ett av de dyraste och <strong>mest uppskattade italienska vinerna, Brunello di Montalcino<\/strong>. Detta kraftfulla r\u00f6da vin lagras h\u00e4r i flera \u00e5r och provsmakningarna i de lokala enotekerna brukar vara en aning mer seri\u00f6s tillst\u00e4llning.<\/p>\n\n\n\n<p class=\"wp-block-paragraph\">\u00c4ven om du inte \u00e4r sugen p\u00e5 vin \u00e4r Montalcino v\u00e4rt ett stopp. Stadens landm\u00e4rke \u00e4r den <strong>m\u00e4ktiga medeltida f\u00e4stningen Fortezza<\/strong> fr\u00e5n 1300-talet. Mot en liten avgift kan du promenera direkt l\u00e4ngs dess murar, varifr\u00e5n det \u00e4r en fantastisk utsikt \u00f6ver de omgivande ving\u00e5rdarna och olivlundarna.<\/p>\n\n\n\n<p class=\"wp-block-paragraph\">Staden i sig \u00e4r v\u00e4ldigt lugn, full av tr\u00e5nga branta gr\u00e4nder och sm\u00e5 torg. Det \u00e4r en utm\u00e4rkt plats d\u00e4r du kan \u00e4ta den <strong>traditionella pastan pici<\/strong> till lunch och bara iaktta det italienska landsbygdslivets l\u00e5ngsamma tempo.<\/p>\n\n\n\n<p class=\"wp-block-paragraph\">\ud83d\udca1 Tips: Planerar du en ledd provsmakning direkt p\u00e5 n\u00e5gon av de omgivande ving\u00e5rdarna, kom ih\u00e5g att den italienska promillegr\u00e4nsen bakom ratten \u00e4r 0,5 promille, men p\u00e5 de smala v\u00e4garna \u00e4r det b\u00e4ttre att inte ta n\u00e5gra risker. <strong>Boka hellre en provsmakning inom g\u00e5ngavst\u00e5nd<\/strong> fr\u00e5n ditt boende.<\/p>\n\n\n\n<h3 class=\"wp-block-heading\"><span class=\"ez-toc-section\" id=\"12_Vinregionen_Chianti_Classico\"><\/span>12. Vinregionen Chianti Classico<span class=\"ez-toc-section-end\"><\/span><\/h3>\n\n\n\n<figure data-wp-context=\"{&quot;imageId&quot;:&quot;6a9509473a3de&quot;}\" data-wp-interactive=\"core\/image\" data-wp-key=\"6a9509473a3de\" class=\"wp-block-image size-full wp-lightbox-container\"><img decoding=\"async\" data-wp-class--hide=\"state.isContentHidden\" data-wp-class--show=\"state.isContentVisible\" data-wp-init=\"callbacks.setButtonStyles\" data-wp-on--click=\"actions.showLightbox\" data-wp-on--load=\"callbacks.setButtonStyles\" data-wp-on--pointerdown=\"actions.preloadImage\" data-wp-on--pointerenter=\"actions.preloadImageWithDelay\" data-wp-on--pointerleave=\"actions.cancelPreload\" data-wp-on-window--resize=\"callbacks.setButtonStyles\" src=\"https:\/\/www.loudavymkrokem.cz\/wp-content\/uploads\/2023\/05\/Pistoia.jpg\" alt=\"Pistoia\" class=\"wp-image-58648\" title=\"\"><button\n\t\t\tclass=\"lightbox-trigger\"\n\t\t\ttype=\"button\"\n\t\t\taria-haspopup=\"dialog\"\n\t\t\tdata-wp-bind--aria-label=\"state.thisImage.triggerButtonAriaLabel\"\n\t\t\tdata-wp-init=\"callbacks.initTriggerButton\"\n\t\t\tdata-wp-on--click=\"actions.showLightbox\"\n\t\t\tdata-wp-style--right=\"state.thisImage.buttonRight\"\n\t\t\tdata-wp-style--top=\"state.thisImage.buttonTop\"\n\t\t>\n\t\t\t<svg xmlns=\"http:\/\/www.w3.org\/2000\/svg\" width=\"12\" height=\"12\" fill=\"none\" viewBox=\"0 0 12 12\">\n\t\t\t\t<path fill=\"#fff\" d=\"M2 0a2 2 0 0 0-2 2v2h1.5V2a.5.5 0 0 1 .5-.5h2V0H2Zm2 10.5H2a.5.5 0 0 1-.5-.5V8H0v2a2 2 0 0 0 2 2h2v-1.5ZM8 12v-1.5h2a.5.5 0 0 0 .5-.5V8H12v2a2 2 0 0 1-2 2H8Zm2-12a2 2 0 0 1 2 2v2h-1.5V2a.5.5 0 0 0-.5-.5H8V0h2Z\" \/>\n\t\t\t<\/svg>\n\t\t<\/button><figcaption class=\"wp-element-caption\">Pistoia i Toscana<\/figcaption><\/figure>\n\n\n\n<p class=\"wp-block-paragraph\">Mellan Florens och Siena breder kanske Italiens mest k\u00e4nda vinregion ut sig \u2013 Chianti. Du k\u00e4nner igen den p\u00e5 att landskapet b\u00f6ljar mer h\u00e4r, skogarna blir fler och \u00f6verallt runtomkring str\u00e4cker sig o\u00e4ndliga rader av ving\u00e5rdar. Det mest h\u00f6gklassiga vinet \u00e4r <strong>Chianti Classico, som har en svart tupp i sitt sigill<\/strong>, den s\u00e5 kallade Gallo Nero.<\/p>\n\n\n\n<p class=\"wp-block-paragraph\">Det b\u00e4sta s\u00e4ttet att njuta av Chianti \u00e4r att <strong>k\u00f6ra den sceniska v\u00e4gen Chiantigiana (SR222)<\/strong>. V\u00e4gen tar dig genom de vackraste vinbyarna som Greve, Radda eller Castellina in Chianti. Var och en av dem har sitt lilla centrum d\u00e4r du kan smaka lokala produkter.<\/p>\n\n\n\n<p class=\"wp-block-paragraph\">F\u00f6rutom vin produceras h\u00e4r i stor skala \u00e4ven <strong>f\u00f6rstklassig extra jungfruolja<\/strong>. Vi tar med oss ett helt \u00e5rs f\u00f6rr\u00e5d av olja hem fr\u00e5n Italien; den f\u00e4rska h\u00f6stoljan, som kallas olio nuovo, har till och med en l\u00e4tt pepprig smak och till f\u00e4rskt br\u00f6d \u00e4r det en ren delikatess.<\/p>\n\n\n\n<p class=\"wp-block-paragraph\">\ud83d\udca1 Tips: De stora och ber\u00f6mda vinerierna i Chianti fungerar under s\u00e4song <strong>n\u00e4stan uteslutande med f\u00f6rbokning<\/strong>. Vill du ha en fullst\u00e4ndig provsmakning kombinerad med en rundtur i k\u00e4llarna, boka g\u00e4rna en plats s\u00e5 mycket som tre veckor i f\u00f6rv\u00e4g.<\/p>\n\n\n\n<h3 class=\"wp-block-heading\"><span class=\"ez-toc-section\" id=\"13_Den_lilla_fastningen_Monteriggioni\"><\/span>13. Den lilla f\u00e4stningen Monteriggioni<span class=\"ez-toc-section-end\"><\/span><\/h3>\n\n\n\n<figure data-wp-context=\"{&quot;imageId&quot;:&quot;6a9509473aa17&quot;}\" data-wp-interactive=\"core\/image\" data-wp-key=\"6a9509473aa17\" class=\"wp-block-image size-full wp-lightbox-container\"><img decoding=\"async\" data-wp-class--hide=\"state.isContentHidden\" data-wp-class--show=\"state.isContentVisible\" data-wp-init=\"callbacks.setButtonStyles\" data-wp-on--click=\"actions.showLightbox\" data-wp-on--load=\"callbacks.setButtonStyles\" data-wp-on--pointerdown=\"actions.preloadImage\" data-wp-on--pointerenter=\"actions.preloadImageWithDelay\" data-wp-on--pointerleave=\"actions.cancelPreload\" data-wp-on-window--resize=\"callbacks.setButtonStyles\" src=\"https:\/\/www.loudavymkrokem.cz\/wp-content\/uploads\/2023\/05\/Sorano.jpg\" alt=\"Sorano\" class=\"wp-image-58649\" title=\"\"><button\n\t\t\tclass=\"lightbox-trigger\"\n\t\t\ttype=\"button\"\n\t\t\taria-haspopup=\"dialog\"\n\t\t\tdata-wp-bind--aria-label=\"state.thisImage.triggerButtonAriaLabel\"\n\t\t\tdata-wp-init=\"callbacks.initTriggerButton\"\n\t\t\tdata-wp-on--click=\"actions.showLightbox\"\n\t\t\tdata-wp-style--right=\"state.thisImage.buttonRight\"\n\t\t\tdata-wp-style--top=\"state.thisImage.buttonTop\"\n\t\t>\n\t\t\t<svg xmlns=\"http:\/\/www.w3.org\/2000\/svg\" width=\"12\" height=\"12\" fill=\"none\" viewBox=\"0 0 12 12\">\n\t\t\t\t<path fill=\"#fff\" d=\"M2 0a2 2 0 0 0-2 2v2h1.5V2a.5.5 0 0 1 .5-.5h2V0H2Zm2 10.5H2a.5.5 0 0 1-.5-.5V8H0v2a2 2 0 0 0 2 2h2v-1.5ZM8 12v-1.5h2a.5.5 0 0 0 .5-.5V8H12v2a2 2 0 0 1-2 2H8Zm2-12a2 2 0 0 1 2 2v2h-1.5V2a.5.5 0 0 0-.5-.5H8V0h2Z\" \/>\n\t\t\t<\/svg>\n\t\t<\/button><figcaption class=\"wp-element-caption\">Etruskernas forna stad<\/figcaption><\/figure>\n\n\n\n<p class=\"wp-block-paragraph\">Monteriggioni \u00e4r s\u00e5 pytteliten att du g\u00e5r igenom hela p\u00e5 tjugo minuter, men jag garanterar att du inte kommer att gl\u00f6mma den. Det \u00e4r egentligen en <strong>liten medeltida f\u00e4stning med perfekt cirkelrunda murar<\/strong>, fr\u00e5n vilka fjorton f\u00f6rsvarstorn skjuter upp i h\u00f6jden. P\u00e5 avst\u00e5nd ser det ut som en enorm stenkrona placerad p\u00e5 toppen av en kulle.<\/p>\n\n\n\n<p class=\"wp-block-paragraph\">Den h\u00e4r lilla staden fann sin plats \u00e4ven i litteraturen, den <strong>n\u00e4mndes n\u00e4mligen av sj\u00e4lvaste Dante Alighieri<\/strong> i hans ber\u00f6mda Den gudomliga komedin. Innanf\u00f6r murarna hittar du bara ett litet torg, en liten kyrka, n\u00e5gra stenhus och keramikbutiker.<\/p>\n\n\n\n<p class=\"wp-block-paragraph\">F\u00f6r n\u00e5gra euro kan du g\u00e5 <strong>direkt l\u00e4ngs murarna p\u00e5 tr\u00e4g\u00e5ngar<\/strong>. H\u00e4rifr\u00e5n har du en vacker utsikt inte bara \u00f6ver f\u00e4stningens innerg\u00e5rd, utan \u00e4ven ut i det omgivande gr\u00f6na landskapet mot Siena.<\/p>\n\n\n\n<p class=\"wp-block-paragraph\">\ud83d\udca1 Tips: \u00c4ven om Monteriggioni \u00e4r pytteliten har den sin egen str\u00e4nga ZTL-zon. F\u00f6rs\u00f6k inte k\u00f6ra in, den <strong>stora infartsparkeringen Via Cassia Nord<\/strong> ligger precis nedanf\u00f6r kullen vid murarna och det finns alltid plats d\u00e4r.<\/p>\n\n\n\n<h3 class=\"wp-block-heading\"><span class=\"ez-toc-section\" id=\"14_Arezzo_och_Piero_della_Francescas_fresker\"><\/span>14. Arezzo och Piero della Francescas fresker<span class=\"ez-toc-section-end\"><\/span><\/h3>\n\n\n\n<figure data-wp-context=\"{&quot;imageId&quot;:&quot;6a9509473b21b&quot;}\" data-wp-interactive=\"core\/image\" data-wp-key=\"6a9509473b21b\" class=\"wp-block-image size-full wp-lightbox-container\"><img decoding=\"async\" data-wp-class--hide=\"state.isContentHidden\" data-wp-class--show=\"state.isContentVisible\" data-wp-init=\"callbacks.setButtonStyles\" data-wp-on--click=\"actions.showLightbox\" data-wp-on--load=\"callbacks.setButtonStyles\" data-wp-on--pointerdown=\"actions.preloadImage\" data-wp-on--pointerenter=\"actions.preloadImageWithDelay\" data-wp-on--pointerleave=\"actions.cancelPreload\" data-wp-on-window--resize=\"callbacks.setButtonStyles\" src=\"https:\/\/www.loudavymkrokem.cz\/wp-content\/uploads\/2023\/05\/Val-d\u00b4Orcia.jpg\" alt=\"\" class=\"wp-image-58650\" title=\"\"><button\n\t\t\tclass=\"lightbox-trigger\"\n\t\t\ttype=\"button\"\n\t\t\taria-haspopup=\"dialog\"\n\t\t\tdata-wp-bind--aria-label=\"state.thisImage.triggerButtonAriaLabel\"\n\t\t\tdata-wp-init=\"callbacks.initTriggerButton\"\n\t\t\tdata-wp-on--click=\"actions.showLightbox\"\n\t\t\tdata-wp-style--right=\"state.thisImage.buttonRight\"\n\t\t\tdata-wp-style--top=\"state.thisImage.buttonTop\"\n\t\t>\n\t\t\t<svg xmlns=\"http:\/\/www.w3.org\/2000\/svg\" width=\"12\" height=\"12\" fill=\"none\" viewBox=\"0 0 12 12\">\n\t\t\t\t<path fill=\"#fff\" d=\"M2 0a2 2 0 0 0-2 2v2h1.5V2a.5.5 0 0 1 .5-.5h2V0H2Zm2 10.5H2a.5.5 0 0 1-.5-.5V8H0v2a2 2 0 0 0 2 2h2v-1.5ZM8 12v-1.5h2a.5.5 0 0 0 .5-.5V8H12v2a2 2 0 0 1-2 2H8Zm2-12a2 2 0 0 1 2 2v2h-1.5V2a.5.5 0 0 0-.5-.5H8V0h2Z\" \/>\n\t\t\t<\/svg>\n\t\t<\/button><figcaption class=\"wp-element-caption\">Den toskanska landsbygden<\/figcaption><\/figure>\n\n\n\n<p class=\"wp-block-paragraph\">Arezzo ligger lite vid sidan av den toskanska huvudtriangeln Florens\u2013Siena\u2013Pisa, och kanske \u00e4r det ocks\u00e5 d\u00e4rf\u00f6r det \u00e4r en aning f\u00e4rre utl\u00e4ndska turister h\u00e4r. \u00c4nd\u00e5 \u00e4r det en rik stad med ett underbart sluttande torg, Piazza Grande, som du kanske <strong>minns fr\u00e5n filmen Livet \u00e4r underbart<\/strong>.<\/p>\n\n\n\n<p class=\"wp-block-paragraph\">Staden blev k\u00e4nd f\u00f6r sin tillverkning av guldsmycken, men f\u00f6r konst\u00e4lskare \u00e4r den fr\u00e4msta dragningen <strong>basilikan San Francesco<\/strong>. Inuti finns freskcykeln Legenden om det sanna korset av den ber\u00f6mde m\u00e5laren Piero della Francesca, vilket \u00e4r ett av de allra viktigaste ren\u00e4ssansverken \u00f6ver huvud taget.<\/p>\n\n\n\n<p class=\"wp-block-paragraph\">Om du kommer hit f\u00f6rsta helgen i m\u00e5naden upplever du den enorma <strong>traditionella antikmarknaden<\/strong>. Hela centrum fylls med hundratals st\u00e5nd med historiska m\u00f6bler, gamla b\u00f6cker och keramik och staden f\u00e5r en otroligt livlig atmosf\u00e4r.<\/p>\n\n\n\n<p class=\"wp-block-paragraph\">\ud83d\udca1 Tips: Fr\u00e5n Arezzo har du bara en bit till gr\u00e4nsen mot regionen Umbrien. Det \u00e4r en <strong>utm\u00e4rkt och lugnare bas<\/strong> om du vill utforska den \u00f6stra delen av Toscana och njuta av en autentisk milj\u00f6 utan att tr\u00e4ngas med folkmassorna.<\/p>\n\n\n\n<h3 class=\"wp-block-heading\"><span class=\"ez-toc-section\" id=\"15_Cortona_under_den_toskanska_solen\"><\/span>15. Cortona under den toskanska solen<span class=\"ez-toc-section-end\"><\/span><\/h3>\n\n\n\n<figure data-wp-context=\"{&quot;imageId&quot;:&quot;6a9509473bbe2&quot;}\" data-wp-interactive=\"core\/image\" data-wp-key=\"6a9509473bbe2\" class=\"wp-block-image size-full wp-lightbox-container\"><img decoding=\"async\" data-wp-class--hide=\"state.isContentHidden\" data-wp-class--show=\"state.isContentVisible\" data-wp-init=\"callbacks.setButtonStyles\" data-wp-on--click=\"actions.showLightbox\" data-wp-on--load=\"callbacks.setButtonStyles\" data-wp-on--pointerdown=\"actions.preloadImage\" data-wp-on--pointerenter=\"actions.preloadImageWithDelay\" data-wp-on--pointerleave=\"actions.cancelPreload\" data-wp-on-window--resize=\"callbacks.setButtonStyles\" src=\"https:\/\/www.loudavymkrokem.cz\/wp-content\/uploads\/2023\/05\/Florencie-duomo.jpg\" alt=\"Florens Duomo\" class=\"wp-image-58652\" title=\"\"><button\n\t\t\tclass=\"lightbox-trigger\"\n\t\t\ttype=\"button\"\n\t\t\taria-haspopup=\"dialog\"\n\t\t\tdata-wp-bind--aria-label=\"state.thisImage.triggerButtonAriaLabel\"\n\t\t\tdata-wp-init=\"callbacks.initTriggerButton\"\n\t\t\tdata-wp-on--click=\"actions.showLightbox\"\n\t\t\tdata-wp-style--right=\"state.thisImage.buttonRight\"\n\t\t\tdata-wp-style--top=\"state.thisImage.buttonTop\"\n\t\t>\n\t\t\t<svg xmlns=\"http:\/\/www.w3.org\/2000\/svg\" width=\"12\" height=\"12\" fill=\"none\" viewBox=\"0 0 12 12\">\n\t\t\t\t<path fill=\"#fff\" d=\"M2 0a2 2 0 0 0-2 2v2h1.5V2a.5.5 0 0 1 .5-.5h2V0H2Zm2 10.5H2a.5.5 0 0 1-.5-.5V8H0v2a2 2 0 0 0 2 2h2v-1.5ZM8 12v-1.5h2a.5.5 0 0 0 .5-.5V8H12v2a2 2 0 0 1-2 2H8Zm2-12a2 2 0 0 1 2 2v2h-1.5V2a.5.5 0 0 0-.5-.5H8V0h2Z\" \/>\n\t\t\t<\/svg>\n\t\t<\/button><figcaption class=\"wp-element-caption\">Florens Duomo<\/figcaption><\/figure>\n\n\n\n<p class=\"wp-block-paragraph\">Cortona \u00e4r en underbar liten stad placerad h\u00f6gt p\u00e5 en kulle, varifr\u00e5n det \u00e4r en fantastisk utsikt ner i dalen och \u00e4nda till sj\u00f6n Trasimeno. Den blev k\u00e4nd f\u00f6r m\u00e5nga resen\u00e4rer fr\u00e4mst tack vare <strong>den ber\u00f6mda boken och filmen Under den toskanska solen<\/strong>. G\u00f6r dig beredd p\u00e5 att gr\u00e4nderna h\u00e4r verkligen \u00e4r extremt branta och att du promenerar rej\u00e4lt uppf\u00f6r.<\/p>\n\n\n\n<p class=\"wp-block-paragraph\">Cortonas historia \u00e4r n\u00e4ra f\u00f6rbunden med de gamla etruskerna. Till och med grunden till de massiva murarna som omger staden <strong>h\u00e4rstammar redan fr\u00e5n 400-talet f\u00f6re Kristus<\/strong>. Det \u00e4r absolut v\u00e4rt att bes\u00f6ka det lokala Etruska akademins museum, d\u00e4r det finns massor av fascinerande utgr\u00e4vningsfynd att se.<\/p>\n\n\n\n<p class=\"wp-block-paragraph\">F\u00f6rutom historien f\u00e5ngar den avslappnade atmosf\u00e4ren dig h\u00e4r. P\u00e5 torget Piazza della Repubblica kan du s\u00e4tta dig p\u00e5 r\u00e5dhusets trappa, ta en uts\u00f6kt gelato och bara <strong>suga in det \u00e4kta italienska lugnet<\/strong>, som inte ens de branta backarna kan f\u00f6rst\u00f6ra.<\/p>\n\n\n\n<p class=\"wp-block-paragraph\">\ud83d\udca1 Tips: F\u00f6r parkering i Cortona g\u00e4ller samma som \u00f6verallt annars, centrum \u00e4r otillg\u00e4ngligt. B\u00e4st \u00e4r att l\u00e4mna bilen <strong>p\u00e5 den stora parkeringen vid saluhallen nedanf\u00f6r kullen<\/strong> och \u00e5ka upp med en serie rulltrappor, d\u00e5 sparar du en massa krafter.<\/p>\n\n\n\n<h3 class=\"wp-block-heading\"><span class=\"ez-toc-section\" id=\"16_Skogens_varma_kallor_Bagni_San_Filippo\"><\/span>16. Skogens varma k\u00e4llor Bagni San Filippo<span class=\"ez-toc-section-end\"><\/span><\/h3>\n\n\n\n<figure data-wp-context=\"{&quot;imageId&quot;:&quot;6a9509473c347&quot;}\" data-wp-interactive=\"core\/image\" data-wp-key=\"6a9509473c347\" class=\"wp-block-image size-full wp-lightbox-container\"><img decoding=\"async\" data-wp-class--hide=\"state.isContentHidden\" data-wp-class--show=\"state.isContentVisible\" data-wp-init=\"callbacks.setButtonStyles\" data-wp-on--click=\"actions.showLightbox\" data-wp-on--load=\"callbacks.setButtonStyles\" data-wp-on--pointerdown=\"actions.preloadImage\" data-wp-on--pointerenter=\"actions.preloadImageWithDelay\" data-wp-on--pointerleave=\"actions.cancelPreload\" data-wp-on-window--resize=\"callbacks.setButtonStyles\" src=\"https:\/\/www.loudavymkrokem.cz\/wp-content\/uploads\/2023\/05\/siena.jpg\" alt=\"Siena\" class=\"wp-image-58653\" title=\"\"><button\n\t\t\tclass=\"lightbox-trigger\"\n\t\t\ttype=\"button\"\n\t\t\taria-haspopup=\"dialog\"\n\t\t\tdata-wp-bind--aria-label=\"state.thisImage.triggerButtonAriaLabel\"\n\t\t\tdata-wp-init=\"callbacks.initTriggerButton\"\n\t\t\tdata-wp-on--click=\"actions.showLightbox\"\n\t\t\tdata-wp-style--right=\"state.thisImage.buttonRight\"\n\t\t\tdata-wp-style--top=\"state.thisImage.buttonTop\"\n\t\t>\n\t\t\t<svg xmlns=\"http:\/\/www.w3.org\/2000\/svg\" width=\"12\" height=\"12\" fill=\"none\" viewBox=\"0 0 12 12\">\n\t\t\t\t<path fill=\"#fff\" d=\"M2 0a2 2 0 0 0-2 2v2h1.5V2a.5.5 0 0 1 .5-.5h2V0H2Zm2 10.5H2a.5.5 0 0 1-.5-.5V8H0v2a2 2 0 0 0 2 2h2v-1.5ZM8 12v-1.5h2a.5.5 0 0 0 .5-.5V8H12v2a2 2 0 0 1-2 2H8Zm2-12a2 2 0 0 1 2 2v2h-1.5V2a.5.5 0 0 0-.5-.5H8V0h2Z\" \/>\n\t\t\t<\/svg>\n\t\t<\/button><figcaption class=\"wp-element-caption\">Utsikt \u00f6ver Siena<\/figcaption><\/figure>\n\n\n\n<p class=\"wp-block-paragraph\">Om du inte tilltalas av tanken p\u00e5 folkmassorna vid kaskaderna i Saturnia, prova det n\u00e5got vildare Bagni San Filippo. Dessa naturliga varma k\u00e4llor ligger <strong>mitt inne i skogen<\/strong> n\u00e4ra en liten by i Val d&#8217;Orcia. Vattnet v\u00e4ller upp med en temperatur p\u00e5 n\u00e4stan femtio grader, s\u00e5 det v\u00e4rmer dig p\u00e5litligt \u00e4ven under kyligare dagar.<\/p>\n\n\n\n<p class=\"wp-block-paragraph\">Platsens fr\u00e4msta landm\u00e4rke \u00e4r en enorm, lysande vit kalkstensformation, som <strong>kallas Balena Bianca, allts\u00e5 Vita valen<\/strong>. Det heta svavelvattnet rinner ner \u00f6ver den till grunda dammar, d\u00e4r du kan bada gratis.<\/p>\n\n\n\n<p class=\"wp-block-paragraph\">Tillg\u00e5ngen till k\u00e4llorna sker via en <strong>kort g\u00e5ngstig genom skogen<\/strong>, s\u00e5 jag rekommenderar bekv\u00e4ma skor. Precis som i Saturnia hittar du inga faciliteter h\u00e4r, s\u00e5 handduk, vatten och allt annat n\u00f6dv\u00e4ndigt m\u00e5ste du b\u00e4ra med dig fr\u00e5n bilen. Vill du ha varma k\u00e4llor med komfort, ta en titt p\u00e5 v\u00e5ra <a href=\"https:\/\/loudavymkrokem.cz\/sv\/wellness-hotell-toscana-termalbad\/\">tips p\u00e5 termalbad och wellnesshotell<\/a>.<\/p>\n\n\n\n<p class=\"wp-block-paragraph\">\ud83d\udca1 Tips: Kring k\u00e4llan \u00e4r marken ofta lerig av avlagringar, som de lokala f\u00f6r \u00f6vrigt g\u00e4rna smetar i ansiktet som ansiktsmask. Ta d\u00e4rf\u00f6r med dig en <strong>\u00e4ldre m\u00f6rk handduk och badskor<\/strong>, s\u00e5 du inte f\u00f6rst\u00f6r dina fina saker.<\/p>\n\n\n\n<h3 class=\"wp-block-heading\"><span class=\"ez-toc-section\" id=\"17_Bagno_Vignoni_och_dess_termaltorg\"><\/span>17. Bagno Vignoni och dess termaltorg<span class=\"ez-toc-section-end\"><\/span><\/h3>\n\n\n\n<figure data-wp-context=\"{&quot;imageId&quot;:&quot;6a9509473c9a6&quot;}\" data-wp-interactive=\"core\/image\" data-wp-key=\"6a9509473c9a6\" class=\"wp-block-image size-full wp-lightbox-container\"><img decoding=\"async\" data-wp-class--hide=\"state.isContentHidden\" data-wp-class--show=\"state.isContentVisible\" data-wp-init=\"callbacks.setButtonStyles\" data-wp-on--click=\"actions.showLightbox\" data-wp-on--load=\"callbacks.setButtonStyles\" data-wp-on--pointerdown=\"actions.preloadImage\" data-wp-on--pointerenter=\"actions.preloadImageWithDelay\" data-wp-on--pointerleave=\"actions.cancelPreload\" data-wp-on-window--resize=\"callbacks.setButtonStyles\" src=\"https:\/\/www.loudavymkrokem.cz\/wp-content\/uploads\/2023\/05\/saturnia-lazne-2.jpg\" alt=\"Varma k\u00e4llor i Saturnia\" class=\"wp-image-58654\" title=\"\"><button\n\t\t\tclass=\"lightbox-trigger\"\n\t\t\ttype=\"button\"\n\t\t\taria-haspopup=\"dialog\"\n\t\t\tdata-wp-bind--aria-label=\"state.thisImage.triggerButtonAriaLabel\"\n\t\t\tdata-wp-init=\"callbacks.initTriggerButton\"\n\t\t\tdata-wp-on--click=\"actions.showLightbox\"\n\t\t\tdata-wp-style--right=\"state.thisImage.buttonRight\"\n\t\t\tdata-wp-style--top=\"state.thisImage.buttonTop\"\n\t\t>\n\t\t\t<svg xmlns=\"http:\/\/www.w3.org\/2000\/svg\" width=\"12\" height=\"12\" fill=\"none\" viewBox=\"0 0 12 12\">\n\t\t\t\t<path fill=\"#fff\" d=\"M2 0a2 2 0 0 0-2 2v2h1.5V2a.5.5 0 0 1 .5-.5h2V0H2Zm2 10.5H2a.5.5 0 0 1-.5-.5V8H0v2a2 2 0 0 0 2 2h2v-1.5ZM8 12v-1.5h2a.5.5 0 0 0 .5-.5V8H12v2a2 2 0 0 1-2 2H8Zm2-12a2 2 0 0 1 2 2v2h-1.5V2a.5.5 0 0 0-.5-.5H8V0h2Z\" \/>\n\t\t\t<\/svg>\n\t\t<\/button><\/figure>\n\n\n\n<p class=\"wp-block-paragraph\">Vi stannar en liten stund till vid k\u00e4llorna. Bagno Vignoni \u00e4r en pytteliten by som har en v\u00e4rldsunik egenhet. Ist\u00e4llet f\u00f6r ett klassiskt huvudtorg med stenl\u00e4ggning har de h\u00e4r en <strong>enorm fyrkantig bass\u00e4ng full av hett termalvatten<\/strong>. Det \u00e4r ett historiskt minnesm\u00e4rke, s\u00e5 tyv\u00e4rr f\u00e5r man inte bada i det, men p\u00e5 vintern stiger \u00e5nga upp ur det och det ser helt magiskt ut.<\/p>\n\n\n\n<p class=\"wp-block-paragraph\">F\u00f6rr i tiden badade pilgrimer p\u00e5 v\u00e4g till Rom h\u00e4r helt vanligt, men idag \u00e4r en annan plats reserverad f\u00f6r fritt bad. Du m\u00e5ste g\u00e5 ner en bit nedanf\u00f6r byn <strong>till den s\u00e5 kallade Parco dei Mulini<\/strong>. H\u00e4r kan du titta p\u00e5 resterna av de gamla termalkvarnarna och du st\u00f6ter \u00e4ven p\u00e5 en b\u00e4ck med varmt vatten.<\/p>\n\n\n\n<p class=\"wp-block-paragraph\">Om du vill njuta av riktig avkoppling med all komfort kan du betala f\u00f6r <strong>intr\u00e4de till n\u00e5got av de lyxiga hotellspa:na<\/strong> direkt i byn, d\u00e4r perfekt sk\u00f6tta utomhusbass\u00e4nger v\u00e4ntar. Vi har valt ut de <a href=\"https:\/\/loudavymkrokem.cz\/sv\/wellness-hotell-toscana-termalbad\/\">b\u00e4sta wellnesshotellen och termalbaden i Toscana<\/a>.<\/p>\n\n\n\n<p class=\"wp-block-paragraph\">\ud83d\udca1 Tips: G\u00f6r en utflykt hit mot kv\u00e4llen. Runt den historiska bass\u00e4ngen finns massor av sm\u00e5 kaf\u00e9er och vinbarer, d\u00e4r du kan ta ett <strong>glas vin med utsikt \u00f6ver den stigande \u00e5ngan<\/strong> och njuta av en otroligt romantisk atmosf\u00e4r.<\/p>\n\n\n\n<h3 class=\"wp-block-heading\"><span class=\"ez-toc-section\" id=\"18_Pitigliano_eller_Lilla_Jerusalem\"><\/span>18. Pitigliano, eller Lilla Jerusalem<span class=\"ez-toc-section-end\"><\/span><\/h3>\n\n\n\n<figure data-wp-context=\"{&quot;imageId&quot;:&quot;6a9509473d0be&quot;}\" data-wp-interactive=\"core\/image\" data-wp-key=\"6a9509473d0be\" class=\"wp-block-image size-full wp-lightbox-container\"><img decoding=\"async\" data-wp-class--hide=\"state.isContentHidden\" data-wp-class--show=\"state.isContentVisible\" data-wp-init=\"callbacks.setButtonStyles\" data-wp-on--click=\"actions.showLightbox\" data-wp-on--load=\"callbacks.setButtonStyles\" data-wp-on--pointerdown=\"actions.preloadImage\" data-wp-on--pointerenter=\"actions.preloadImageWithDelay\" data-wp-on--pointerleave=\"actions.cancelPreload\" data-wp-on-window--resize=\"callbacks.setButtonStyles\" src=\"https:\/\/www.loudavymkrokem.cz\/wp-content\/uploads\/2023\/05\/San\u2013Gimignano-3.jpg\" alt=\"San Gimignano\" class=\"wp-image-58655\" title=\"\"><button\n\t\t\tclass=\"lightbox-trigger\"\n\t\t\ttype=\"button\"\n\t\t\taria-haspopup=\"dialog\"\n\t\t\tdata-wp-bind--aria-label=\"state.thisImage.triggerButtonAriaLabel\"\n\t\t\tdata-wp-init=\"callbacks.initTriggerButton\"\n\t\t\tdata-wp-on--click=\"actions.showLightbox\"\n\t\t\tdata-wp-style--right=\"state.thisImage.buttonRight\"\n\t\t\tdata-wp-style--top=\"state.thisImage.buttonTop\"\n\t\t>\n\t\t\t<svg xmlns=\"http:\/\/www.w3.org\/2000\/svg\" width=\"12\" height=\"12\" fill=\"none\" viewBox=\"0 0 12 12\">\n\t\t\t\t<path fill=\"#fff\" d=\"M2 0a2 2 0 0 0-2 2v2h1.5V2a.5.5 0 0 1 .5-.5h2V0H2Zm2 10.5H2a.5.5 0 0 1-.5-.5V8H0v2a2 2 0 0 0 2 2h2v-1.5ZM8 12v-1.5h2a.5.5 0 0 0 .5-.5V8H12v2a2 2 0 0 1-2 2H8Zm2-12a2 2 0 0 1 2 2v2h-1.5V2a.5.5 0 0 0-.5-.5H8V0h2Z\" \/>\n\t\t\t<\/svg>\n\t\t<\/button><figcaption class=\"wp-element-caption\">San Gimignano i Italien<\/figcaption><\/figure>\n\n\n\n<p class=\"wp-block-paragraph\">S\u00f6dra Toscana g\u00f6mmer de s\u00e5 kallade tuffst\u00e4derna och Pitigliano \u00e4r den absolut vackraste av dem. Staden \u00e4r byggd p\u00e5 ett enormt utspr\u00e5ng av vulkanisk tuff och husen flyter s\u00f6ml\u00f6st samman med den branta klippan under dem. <strong>Den b\u00e4sta utsikten \u00f6ver hela detta drama<\/strong> f\u00e5r du redan fr\u00e5n infartsv\u00e4gen.<\/p>\n\n\n\n<p class=\"wp-block-paragraph\">Pitigliano kallas ofta Lilla Jerusalem. P\u00e5 1500-talet bosatte sig n\u00e4mligen en stor judisk gemenskap h\u00e4r som fann en trygg fristad. \u00c4n idag har det <strong>historiska judiska gettot<\/strong> bevarats, d\u00e4r du f\u00f6r n\u00e5gra euro kan titta p\u00e5 synagogan, det rituella badet och den gamla koscherslaktarbutiken.<\/p>\n\n\n\n<p class=\"wp-block-paragraph\">Utl\u00e4nningar \u00e5ker inte hit i n\u00e5gon st\u00f6rre utstr\u00e4ckning, s\u00e5 h\u00e4r r\u00e5der en mycket <strong>lugnare och mer autentisk atmosf\u00e4r<\/strong> \u00e4n i regionens norra del. Du kan bara str\u00f6va runt i de snirkliga gr\u00e4nderna och beundra hur m\u00e4nniskorna genom \u00e5rhundradena lyckades leva p\u00e5 en s\u00e5 brant klippa.<\/p>\n\n\n\n<p class=\"wp-block-paragraph\">\ud83d\udca1 Tips: Vill du ha en bild av Pitigliano som ur en tidskrift, stanna <strong>vid rastplatsen l\u00e4ngs v\u00e4gen SR74 i riktning fr\u00e5n Manciano<\/strong>. H\u00e4rifr\u00e5n har du hela staden med dess typiska klocktorn och viadukt som p\u00e5 en bricka i all sin sk\u00f6nhet.<\/p>\n\n\n\n<h3 class=\"wp-block-heading\"><span class=\"ez-toc-section\" id=\"19_Sovana_och_de_etruskiska_gravarna\"><\/span>19. Sovana och de etruskiska gravarna<span class=\"ez-toc-section-end\"><\/span><\/h3>\n\n\n\n<figure data-wp-context=\"{&quot;imageId&quot;:&quot;6a9509473d8a3&quot;}\" data-wp-interactive=\"core\/image\" data-wp-key=\"6a9509473d8a3\" class=\"wp-block-image size-full wp-lightbox-container\"><img decoding=\"async\" data-wp-class--hide=\"state.isContentHidden\" data-wp-class--show=\"state.isContentVisible\" data-wp-init=\"callbacks.setButtonStyles\" data-wp-on--click=\"actions.showLightbox\" data-wp-on--load=\"callbacks.setButtonStyles\" data-wp-on--pointerdown=\"actions.preloadImage\" data-wp-on--pointerenter=\"actions.preloadImageWithDelay\" data-wp-on--pointerleave=\"actions.cancelPreload\" data-wp-on-window--resize=\"callbacks.setButtonStyles\" src=\"https:\/\/www.loudavymkrokem.cz\/wp-content\/uploads\/2023\/05\/Pisa-sikma-vez-2.jpg\" alt=\"Lutande tornet i Pisa\" class=\"wp-image-58656\" title=\"\"><button\n\t\t\tclass=\"lightbox-trigger\"\n\t\t\ttype=\"button\"\n\t\t\taria-haspopup=\"dialog\"\n\t\t\tdata-wp-bind--aria-label=\"state.thisImage.triggerButtonAriaLabel\"\n\t\t\tdata-wp-init=\"callbacks.initTriggerButton\"\n\t\t\tdata-wp-on--click=\"actions.showLightbox\"\n\t\t\tdata-wp-style--right=\"state.thisImage.buttonRight\"\n\t\t\tdata-wp-style--top=\"state.thisImage.buttonTop\"\n\t\t>\n\t\t\t<svg xmlns=\"http:\/\/www.w3.org\/2000\/svg\" width=\"12\" height=\"12\" fill=\"none\" viewBox=\"0 0 12 12\">\n\t\t\t\t<path fill=\"#fff\" d=\"M2 0a2 2 0 0 0-2 2v2h1.5V2a.5.5 0 0 1 .5-.5h2V0H2Zm2 10.5H2a.5.5 0 0 1-.5-.5V8H0v2a2 2 0 0 0 2 2h2v-1.5ZM8 12v-1.5h2a.5.5 0 0 0 .5-.5V8H12v2a2 2 0 0 1-2 2H8Zm2-12a2 2 0 0 1 2 2v2h-1.5V2a.5.5 0 0 0-.5-.5H8V0h2Z\" \/>\n\t\t\t<\/svg>\n\t\t<\/button><figcaption class=\"wp-element-caption\">Lutande tornet i Pisa<\/figcaption><\/figure>\n\n\n\n<p class=\"wp-block-paragraph\">Bara en bit fr\u00e5n Pitigliano hittar du \u00e4nnu en tuffstad, lugna Sovana. Den har bara en enda huvudgata, men den \u00e4r kantad av underbara medeltida byggnader och slutar vid en majest\u00e4tisk kyrka. Det \u00e4r en plats d\u00e4r <strong>tiden stannade redan f\u00f6r hundratals \u00e5r sedan<\/strong>.<\/p>\n\n\n\n<p class=\"wp-block-paragraph\">Det mest intressanta ligger dock i skogarna runt byn. Sovana \u00e4r omgivet av en <strong>ur\u00e5ldrig etruskisk nekropol<\/strong>, d\u00e4r \u00f6verv\u00e4ldigande monumentala gravar \u00e4r uthuggna i klippan. Den mest k\u00e4nda av dem \u00e4r Tomba Ildebranda, som ser ut som ett mindre grekiskt tempel inb\u00e4ddat i klippan.<\/p>\n\n\n\n<p class=\"wp-block-paragraph\">Hela detta omr\u00e5de \u00e4r dessutom genomkorsat av de s\u00e5 kallade <strong>Vie Cave, vilket \u00e4r djupa, i klippan uthuggna v\u00e4gar<\/strong> som just etruskerna skapade. Att vandra genom dessa skuggiga, upp till tjugo meter djupa kanjoner \u00e4r en ganska hemlighetsfull upplevelse.<\/p>\n\n\n\n<p class=\"wp-block-paragraph\">\ud83d\udca1 Tips: En promenad l\u00e4ngs Vie Cave \u00e4r en <strong>idealisk aktivitet en het sommareftermiddag<\/strong>. V\u00e4ggarna av mjuk tuff h\u00e5ller en behaglig svalka, gl\u00f6m bara inte att ta med bra skor, f\u00f6r v\u00e4garnas botten brukar vara oj\u00e4mn och mycket hal efter regn.<\/p>\n\n\n\n\n<div class=\"lk-stays-module\">\n<style>\n\/* \u2500\u2500\u2500 RESET PRO GUTENBERG \u2500\u2500\u2500 *\/\n.lk-stays-module * { box-sizing: border-box; margin: 0; padding: 0; }\n\n\/* \u2500\u2500\u2500 WRAPPER \u2500\u2500\u2500 *\/\n.lk-stays-module {\n  font-family: 'DM Sans', Georgia, sans-serif;\n  max-width: 100%;\n  margin: 2.5rem auto;\n  background: linear-gradient(135deg, #fdfaf5 0%, #fcf8f0 100%);\n  border: 1px solid #e8dfd4;\n  border-radius: 16px;\n  overflow: hidden;\n  box-shadow: 0 16px 48px rgba(195, 159, 118, 0.25), 0 4px 12px rgba(0,0,0,0.08);\n}\n\n\/* \u2500\u2500\u2500 HEADER \u2500\u2500\u2500 *\/\n.lk-stays-header {\n  position: relative;\n  padding: 24px 36px 24px;\n  background: linear-gradient(135deg, #c39f76 0%, #d4b188 60%, #c39f76 100%);\n  border-bottom: 1px solid rgba(255,255,255,.15);\n  display: flex;\n  align-items: center;\n  gap: 18px;\n}\n.lk-stays-header::before {\n  content: '';\n  position: absolute;\n  inset: 0;\n  background: url(\"data:image\/svg+xml,%3Csvg width='60' height='60' viewBox='0 0 60 60' xmlns='http:\/\/www.w3.org\/2000\/svg'%3E%3Cg fill='none' fill-rule='evenodd'%3E%3Cg fill='%23ffffff' fill-opacity='0.05'%3E%3Cpath d='M36 34v-4h-2v4h-4v2h4v4h2v-4h4v-2h-4zm0-30V0h-2v4h-4v2h4v4h2V6h4V4h-4zM6 34v-4H4v4H0v2h4v4h2v-4h4v-2H6zM6 4V0H4v4H0v2h4v4h2V6h4V4H6z'\/%3E%3C\/g%3E%3C\/g%3E%3C\/svg%3E\") repeat;\n  pointer-events: none;\n}\n.lk-stays-icon {\n  flex-shrink: 0;\n  width: 68px;\n  height: 68px;\n  border-radius: 14px;\n  background: linear-gradient(135deg, #fff 0%, #f9f6f0 100%);\n  display: flex;\n  align-items: center;\n  justify-content: center;\n  font-size: 26px;\n  box-shadow: 0 4px 12px rgba(0,0,0,0.15);\n}\n.lk-stays-eyebrow {\n  font-size: 10px;\n  font-weight: 500;\n  letter-spacing: 2.5px;\n  text-transform: uppercase;\n  color: rgba(255,255,255,.85);\n  margin: 0 0 5px 0;\n}\n.lk-stays-title {\n  font-family: 'Playfair Display', Georgia, serif;\n  font-size: 24px;\n  font-weight: 700;\n  color: #fff;\n  line-height: 1.2;\n  text-shadow: 0 1px 2px rgba(0,0,0,0.1);\n  margin: 0;\n}\n.lk-stays-subtitle {\n  font-size: 13px;\n  color: rgba(255,255,255,.75);\n  margin: 4px 0 0 0;\n  font-weight: 300;\n}\n\n\/* \u2500\u2500\u2500 CARDS GRID \u2500\u2500\u2500 *\/\n.lk-stays-grid {\n  display: grid;\n  grid-template-columns: 1fr 1fr;\n  gap: 1px;\n  background: rgba(195, 159, 118, 0.12);\n}\n\n\/* \u2500\u2500\u2500 SINGLE CARD \u2500\u2500\u2500 *\/\n.lk-stay-card {\n  background: #ffffff;\n  padding: 26px;\n  display: flex;\n  flex-direction: column;\n  gap: 11px;\n  transition: all 0.3s ease;\n  text-decoration: none;\n  color: inherit;\n  position: relative;\n}\n.lk-stay-card:hover {\n  background: #fffbf5;\n  transform: translateY(-2px);\n  box-shadow: 0 8px 24px rgba(195, 159, 118, 0.18);\n  z-index: 1;\n}\n.lk-stay-card.featured {\n  background: linear-gradient(135deg, #fffdf9 0%, #fff9f0 100%);\n  box-shadow: 0 4px 16px rgba(195, 159, 118, 0.15), inset 0 1px 0 rgba(195, 159, 118, 0.1);\n}\n.lk-stay-card.featured:hover {\n  background: linear-gradient(135deg, #fffbf5 0%, #fff8ed 100%);\n  box-shadow: 0 8px 24px rgba(195, 159, 118, 0.25), inset 0 1px 0 rgba(195, 159, 118, 0.15);\n}\n\n.lk-stay-badge {\n  display: inline-flex;\n  align-items: center;\n  gap: 5px;\n  font-size: 10px;\n  font-weight: 500;\n  letter-spacing: 1.5px;\n  text-transform: uppercase;\n  padding: 5px 11px;\n  border-radius: 20px;\n  width: fit-content;\n}\n.badge-top     { background: linear-gradient(135deg, #c39f76 0%, #d4b188 100%); color: #fff; border: 1px solid #c39f76; font-weight: 600; box-shadow: 0 2px 8px rgba(195,159,118,0.3); }\n.badge-luxury  { background: rgba(195,159,118,.12); color: #c39f76; border: 1px solid rgba(195,159,118,.25); }\n.badge-boutique{ background: rgba(54,133,252,.08); color: #3685fc; border: 1px solid rgba(54,133,252,.2); }\n.badge-nature  { background: rgba(130,190,100,.1); color: #6b9c4a; border: 1px solid rgba(130,190,100,.2); }\n.badge-remote  { background: rgba(195,159,118,.12); color: #a67e50; border: 1px solid rgba(195,159,118,.25); }\n\n.lk-stay-name {\n  font-family: 'Playfair Display', Georgia, serif;\n  font-size: 18px;\n  font-weight: 700;\n  color: #111827;\n  line-height: 1.3;\n}\n.lk-stay-desc {\n  font-size: 13.5px;\n  color: #525252;\n  line-height: 1.65;\n  font-weight: 300;\n  flex: 1;\n}\n\n.lk-stay-meta {\n  display: flex;\n  align-items: center;\n  gap: 12px;\n  flex-wrap: wrap;\n  margin-top: 4px;\n}\n.lk-stay-price {\n  font-size: 13px;\n  color: #6b7280;\n}\n.lk-stay-price strong {\n  color: #c39f76;\n  font-weight: 500;\n}\n.lk-stay-stars {\n  color: #c39f76;\n  font-size: 11px;\n  letter-spacing: 1px;\n}\n\n\/* \u2500\u2500\u2500 CTA BUTTON \u2500\u2500\u2500 *\/\n.lk-stay-cta {\n  display: inline-flex;\n  align-items: center;\n  justify-content: center;\n  gap: 7px;\n  margin-top: 8px;\n  padding: 11px 20px;\n  border-radius: 8px;\n  background: linear-gradient(135deg, #3685fc 0%, #2a6fd9 100%);\n  color: #fff;\n  font-size: 13px;\n  font-weight: 500;\n  text-decoration: none;\n  letter-spacing: .3px;\n  transition: all .2s ease;\n  cursor: pointer;\n  border: none;\n  text-align: center;\n  box-shadow: 0 4px 12px rgba(54, 133, 252, 0.25);\n}\n.lk-stay-cta:hover {\n  background: linear-gradient(135deg, #2a6fd9 0%, #1e5bc4 100%);\n  transform: translateY(-1px);\n  box-shadow: 0 6px 16px rgba(54, 133, 252, 0.35);\n}\n.lk-stay-cta svg { flex-shrink: 0; }\n\n\/* \u2500\u2500\u2500 FOOTER \u2500\u2500\u2500 *\/\n.lk-stays-footer {\n  padding: 18px 36px;\n  background: linear-gradient(to bottom, #fdfaf5 0%, #f9f4ed 100%);\n  border-top: 1px solid rgba(195, 159, 118, 0.15);\n  display: flex;\n  align-items: center;\n  justify-content: space-between;\n  flex-wrap: wrap;\n  gap: 12px;\n}\n.lk-stays-footer-note {\n  font-size: 11.5px;\n  color: #6b7280;\n  font-weight: 300;\n  line-height: 1.5;\n}\n.lk-stays-footer-note a {\n  color: #c39f76;\n  text-decoration: none;\n  font-weight: 400;\n}\n.lk-stays-footer-note a:hover {\n  text-decoration: underline;\n}\n.lk-stays-all-btn {\n  display: inline-flex;\n  align-items: center;\n  gap: 6px;\n  font-size: 12.5px;\n  font-weight: 500;\n  color: #c39f76;\n  text-decoration: none;\n  border: 1px solid rgba(195, 159, 118, 0.35);\n  padding: 8px 18px;\n  border-radius: 8px;\n  transition: all .2s ease;\n}\n.lk-stays-all-btn:hover {\n  background: rgba(195, 159, 118, 0.08);\n  border-color: rgba(195, 159, 118, 0.5);\n}\n\n\/* \u2500\u2500\u2500 RESPONSIVE \u2500\u2500\u2500 *\/\n@media (max-width: 600px) {\n  .lk-stays-grid { grid-template-columns: 1fr; }\n  .lk-stays-header { padding: 24px 20px; }\n  .lk-stays-footer { padding: 16px 20px; }\n  .lk-stay-card { padding: 22px; }\n  .lk-stays-title { font-size: 20px; }\n}\n<\/style>\n\n  <!-- HEADER -->\n  <div class=\"lk-stays-header\">\n    <img decoding=\"async\" src=\"https:\/\/loudavymkrokem.cz\/wp-content\/uploads\/2026\/02\/lukas-a-lucka.jpg\" alt=\"\" style=\"width: 75px; height: 75px; border-radius: 8px; flex-shrink: 0; object-fit: cover; display: block; margin: 4px 0;\" title=\"\">\n    <div class=\"lk-stays-header-text\">\n      <div class=\"lk-stays-eyebrow\">Luk\u00e1\u0161 och Lucie rekommenderar<\/div>\n      <div class=\"lk-stays-title\">Var man kan bo i Toscana<\/div>\n      <div class=\"lk-stays-subtitle\">4 boenden \u2014 wellnesshotell, hotell och andra boendealternativ<\/div>\n    <\/div>\n  <\/div>\n\n  <!-- CARDS -->\n  <div class=\"lk-stays-grid\">\n\n    <a class=\"lk-stay-card featured\" href=\"https:\/\/www.stay22.com\/allez\/roam?aid=lukaskonecny&#038;campaign=loudavymkrokemcz&#038;campaign=sv&#038;campaign=toskanskodovolena&#038;address=Tosk%C3%A1nsko&#038;hotelname=Hotel+Certosa+di+Maggiano&#038;search=Hotel+Certosa+di+Maggiano&#038;category=accommodation\" target=\"_blank\" rel=\"nofollow noopener\">\n      <span class=\"lk-stay-badge badge-top\">\u2b50 TOPPVAL<\/span>\n      <span class=\"lk-stay-badge badge-nature\">\u2b50 Luxury<\/span>\n      <div class=\"lk-stay-name\">Hotel Certosa di Maggiano<\/div>\n      <div class=\"lk-stay-desc\">Lyxhotell i ett tidigare kartusiankloster fr\u00e5n 1316 n\u00e4ra Siena med pool och vidstr\u00e4ckt tr\u00e4dg\u00e5rd.<\/div>\n      <div class=\"lk-stay-meta\">\n        <span class=\"lk-stay-stars\">\u2605\u2605\u2605\u2605<\/span>\n        <span class=\"lk-stay-price\">Kontrollera priser<\/span>\n      <\/div>\n      <span class=\"lk-stay-cta\">\n        <svg width=\"14\" height=\"14\" viewBox=\"0 0 24 24\" fill=\"none\" stroke=\"currentColor\" stroke-width=\"2\"><path d=\"M18 13v6a2 2 0 0 1-2 2H5a2 2 0 0 1-2-2V8a2 2 0 0 1 2-2h6\"\/><polyline points=\"15 3 21 3 21 9\"\/><line x1=\"10\" y1=\"14\" x2=\"21\" y2=\"3\"\/><\/svg>\n        Kontrollera tillg\u00e4nglighet\n      <\/span>\n    <\/a>\n\n    <a class=\"lk-stay-card\" href=\"https:\/\/www.stay22.com\/allez\/roam?aid=lukaskonecny&#038;campaign=loudavymkrokemcz&#038;campaign=sv&#038;campaign=toskanskodovolena&#038;address=Tosk%C3%A1nsko&#038;hotelname=Ca%27+Bianca+Tuscany+Relais&#038;search=Ca%27+Bianca+Tuscany+Relais&#038;category=accommodation\" target=\"_blank\" rel=\"nofollow noopener\">\n      <span class=\"lk-stay-badge badge-nature\">\ud83c\udfe8 Hotell<\/span>\n      <div class=\"lk-stay-name\">Ca&#8217; Bianca Tuscany Relais<\/div>\n      <div class=\"lk-stay-desc\">Elegant villa n\u00e5gra kilometer fr\u00e5n Siena vid kanten av Chianti, erbjuder allt du f\u00f6rv\u00e4ntar dig av den toskanska landsbygden.<\/div>\n      <div class=\"lk-stay-meta\">\n        <span class=\"lk-stay-stars\">\u2605\u2605\u2605\u2605<\/span>\n        <span class=\"lk-stay-price\">Kontrollera priser<\/span>\n      <\/div>\n      <span class=\"lk-stay-cta\">\n        <svg width=\"14\" height=\"14\" viewBox=\"0 0 24 24\" fill=\"none\" stroke=\"currentColor\" stroke-width=\"2\"><path d=\"M18 13v6a2 2 0 0 1-2 2H5a2 2 0 0 1-2-2V8a2 2 0 0 1 2-2h6\"\/><polyline points=\"15 3 21 3 21 9\"\/><line x1=\"10\" y1=\"14\" x2=\"21\" y2=\"3\"\/><\/svg>\n        Kontrollera tillg\u00e4nglighet\n      <\/span>\n    <\/a>\n\n    <a class=\"lk-stay-card\" href=\"https:\/\/www.stay22.com\/allez\/roam?aid=lukaskonecny&#038;campaign=loudavymkrokemcz&#038;campaign=sv&#038;campaign=toskanskodovolena&#038;address=Tosk%C3%A1nsko&#038;hotelname=Casamariu&#038;search=Casamariu&#038;category=accommodation\" target=\"_blank\" rel=\"nofollow noopener\">\n      <span class=\"lk-stay-badge badge-nature\">\ud83c\udfe1 Pensionat<\/span>\n      <div class=\"lk-stay-name\">Casamariu<\/div>\n      <div class=\"lk-stay-desc\">Mysigt boende i Lucca med utm\u00e4rkt komfort till f\u00f6rm\u00e5nliga priser. Bra strategiskt l\u00e4ge n\u00e4ra b\u00e5de Pisa och havet.<\/div>\n      <div class=\"lk-stay-meta\">\n        <span class=\"lk-stay-stars\">\u2605\u2605\u2605\u2605<\/span>\n        <span class=\"lk-stay-price\">Kontrollera priser<\/span>\n      <\/div>\n      <span class=\"lk-stay-cta\">\n        <svg width=\"14\" height=\"14\" viewBox=\"0 0 24 24\" fill=\"none\" stroke=\"currentColor\" stroke-width=\"2\"><path d=\"M18 13v6a2 2 0 0 1-2 2H5a2 2 0 0 1-2-2V8a2 2 0 0 1 2-2h6\"\/><polyline points=\"15 3 21 3 21 9\"\/><line x1=\"10\" y1=\"14\" x2=\"21\" y2=\"3\"\/><\/svg>\n        Kontrollera tillg\u00e4nglighet\n      <\/span>\n    <\/a>\n\n    <a class=\"lk-stay-card\" href=\"https:\/\/www.stay22.com\/allez\/roam?aid=lukaskonecny&#038;campaign=loudavymkrokemcz&#038;campaign=sv&#038;campaign=toskanskodovolena&#038;address=tosk\u00e1nsko\" target=\"_blank\" rel=\"nofollow noopener\">\n      <span class=\"lk-stay-badge badge-nature\">\ud83d\udd0d S\u00f6k<\/span>\n      <div class=\"lk-stay-name\">Visa alla boenden i Toscana<\/div>\n      <div class=\"lk-stay-desc\">Utforska alla tillg\u00e4ngliga boendealternativ i Toscana och hitta det b\u00e4sta enligt dina preferenser och budget.<\/div>\n      <div class=\"lk-stay-meta\">\n        <span class=\"lk-stay-stars\">\u2605\u2605\u2605\u2605<\/span>\n        <span class=\"lk-stay-price\">J\u00e4mf\u00f6r priser<\/span>\n      <\/div>\n      <span class=\"lk-stay-cta\">\n        <svg width=\"14\" height=\"14\" viewBox=\"0 0 24 24\" fill=\"none\" stroke=\"currentColor\" stroke-width=\"2\"><path d=\"M18 13v6a2 2 0 0 1-2 2H5a2 2 0 0 1-2-2V8a2 2 0 0 1 2-2h6\"\/><polyline points=\"15 3 21 3 21 9\"\/><line x1=\"10\" y1=\"14\" x2=\"21\" y2=\"3\"\/><\/svg>\n        Kontrollera tillg\u00e4nglighet\n      <\/span>\n    <\/a>\n\n  <\/div>\n\n  \n<\/div>\n\n\n\n\n<h3 class=\"wp-block-heading\"><span class=\"ez-toc-section\" id=\"20_Sorano_det_toskanska_Matera\"><\/span>20. Sorano, det toskanska Matera<span class=\"ez-toc-section-end\"><\/span><\/h3>\n\n\n\n<figure data-wp-context=\"{&quot;imageId&quot;:&quot;6a9509473e2c8&quot;}\" data-wp-interactive=\"core\/image\" data-wp-key=\"6a9509473e2c8\" class=\"wp-block-image size-full wp-lightbox-container\"><img decoding=\"async\" data-wp-class--hide=\"state.isContentHidden\" data-wp-class--show=\"state.isContentVisible\" data-wp-init=\"callbacks.setButtonStyles\" data-wp-on--click=\"actions.showLightbox\" data-wp-on--load=\"callbacks.setButtonStyles\" data-wp-on--pointerdown=\"actions.preloadImage\" data-wp-on--pointerenter=\"actions.preloadImageWithDelay\" data-wp-on--pointerleave=\"actions.cancelPreload\" data-wp-on-window--resize=\"callbacks.setButtonStyles\" src=\"https:\/\/www.loudavymkrokem.cz\/wp-content\/uploads\/2023\/05\/Lucca-2.jpg\" alt=\"Toskanska staden Lucca\" class=\"wp-image-58657\" title=\"\"><button\n\t\t\tclass=\"lightbox-trigger\"\n\t\t\ttype=\"button\"\n\t\t\taria-haspopup=\"dialog\"\n\t\t\tdata-wp-bind--aria-label=\"state.thisImage.triggerButtonAriaLabel\"\n\t\t\tdata-wp-init=\"callbacks.initTriggerButton\"\n\t\t\tdata-wp-on--click=\"actions.showLightbox\"\n\t\t\tdata-wp-style--right=\"state.thisImage.buttonRight\"\n\t\t\tdata-wp-style--top=\"state.thisImage.buttonTop\"\n\t\t>\n\t\t\t<svg xmlns=\"http:\/\/www.w3.org\/2000\/svg\" width=\"12\" height=\"12\" fill=\"none\" viewBox=\"0 0 12 12\">\n\t\t\t\t<path fill=\"#fff\" d=\"M2 0a2 2 0 0 0-2 2v2h1.5V2a.5.5 0 0 1 .5-.5h2V0H2Zm2 10.5H2a.5.5 0 0 1-.5-.5V8H0v2a2 2 0 0 0 2 2h2v-1.5ZM8 12v-1.5h2a.5.5 0 0 0 .5-.5V8H12v2a2 2 0 0 1-2 2H8Zm2-12a2 2 0 0 1 2 2v2h-1.5V2a.5.5 0 0 0-.5-.5H8V0h2Z\" \/>\n\t\t\t<\/svg>\n\t\t<\/button><figcaption class=\"wp-element-caption\">Lucca i Toscana<\/figcaption><\/figure>\n\n\n\n<p class=\"wp-block-paragraph\">Trion av tuffst\u00e4der avslutas med Sorano, som tack vare sin kaskadformade bebyggelse ofta kallas det toskanska Matera. Husen \u00e4r h\u00e4r <strong>staplade p\u00e5 varandra vid kanten av en brant ravin<\/strong> och m\u00e5nga av dem har k\u00e4llare uthuggna direkt i den mjuka vulkaniska stenen.<\/p>\n\n\n\n<p class=\"wp-block-paragraph\">Ovanf\u00f6r staden reser sig majest\u00e4tiskt den <strong>enorma f\u00f6rsvarsf\u00e4stningen Fortezza Orsini<\/strong>. Det \u00e4r ett av de mest imponerande milit\u00e4rkomplexen i Toscana och tack vare de kraftiga murarna lyckades ingen n\u00e5gonsin inta den.<\/p>\n\n\n\n<p class=\"wp-block-paragraph\">I Sorano hittar du inga turistmassor med kameror. Det \u00e4r en plats d\u00e4r du p\u00e5 morgonen bara m\u00f6ter lokalbor p\u00e5 v\u00e4g till kaffet, och du kan ost\u00f6rt g\u00e5 vilse i <strong>virrvarret av m\u00f6rka medeltida gr\u00e4nder<\/strong>, som ofta slutar med ov\u00e4ntade utsikter ner i den gr\u00f6na dalen.<\/p>\n\n\n\n<p class=\"wp-block-paragraph\">\ud83d\udca1 Tips: Alla tre tuffst\u00e4derna \u2013 Pitigliano, Sovana och Sorano \u2013 <strong>hinner du bekv\u00e4mt bes\u00f6ka under en enda dag<\/strong>. De ligger bara n\u00e5gra kilometer fr\u00e5n varandra och var och en av dem har en helt egen, men lika magisk atmosf\u00e4r.<\/p>\n\n\n\n<h3 class=\"wp-block-heading\"><span class=\"ez-toc-section\" id=\"21_Hamnstaden_Livorno\"><\/span>21. Hamnstaden Livorno<span class=\"ez-toc-section-end\"><\/span><\/h3>\n\n\n\n<figure data-wp-context=\"{&quot;imageId&quot;:&quot;6a9509473eb81&quot;}\" data-wp-interactive=\"core\/image\" data-wp-key=\"6a9509473eb81\" class=\"wp-block-image size-full wp-lightbox-container\"><img decoding=\"async\" data-wp-class--hide=\"state.isContentHidden\" data-wp-class--show=\"state.isContentVisible\" data-wp-init=\"callbacks.setButtonStyles\" data-wp-on--click=\"actions.showLightbox\" data-wp-on--load=\"callbacks.setButtonStyles\" data-wp-on--pointerdown=\"actions.preloadImage\" data-wp-on--pointerenter=\"actions.preloadImageWithDelay\" data-wp-on--pointerleave=\"actions.cancelPreload\" data-wp-on-window--resize=\"callbacks.setButtonStyles\" src=\"https:\/\/www.loudavymkrokem.cz\/wp-content\/uploads\/2023\/05\/mapa-toskanska.png\" alt=\"Karta \u00f6ver Toscana att ladda ner\" class=\"wp-image-58712\" title=\"\"><button\n\t\t\tclass=\"lightbox-trigger\"\n\t\t\ttype=\"button\"\n\t\t\taria-haspopup=\"dialog\"\n\t\t\tdata-wp-bind--aria-label=\"state.thisImage.triggerButtonAriaLabel\"\n\t\t\tdata-wp-init=\"callbacks.initTriggerButton\"\n\t\t\tdata-wp-on--click=\"actions.showLightbox\"\n\t\t\tdata-wp-style--right=\"state.thisImage.buttonRight\"\n\t\t\tdata-wp-style--top=\"state.thisImage.buttonTop\"\n\t\t>\n\t\t\t<svg xmlns=\"http:\/\/www.w3.org\/2000\/svg\" width=\"12\" height=\"12\" fill=\"none\" viewBox=\"0 0 12 12\">\n\t\t\t\t<path fill=\"#fff\" d=\"M2 0a2 2 0 0 0-2 2v2h1.5V2a.5.5 0 0 1 .5-.5h2V0H2Zm2 10.5H2a.5.5 0 0 1-.5-.5V8H0v2a2 2 0 0 0 2 2h2v-1.5ZM8 12v-1.5h2a.5.5 0 0 0 .5-.5V8H12v2a2 2 0 0 1-2 2H8Zm2-12a2 2 0 0 1 2 2v2h-1.5V2a.5.5 0 0 0-.5-.5H8V0h2Z\" \/>\n\t\t\t<\/svg>\n\t\t<\/button><figcaption class=\"wp-element-caption\">Karta \u00f6ver Toscana att ladda ner<\/figcaption><\/figure>\n\n\n\n<p class=\"wp-block-paragraph\">Livorno \u00e4r inte en s\u00e5dan d\u00e4r klassisk prydlig ren\u00e4ssansstad, det \u00e4r en <strong>h\u00e5rdare och livlig hamnstad<\/strong> som absolut \u00e4r v\u00e4rd att uppt\u00e4cka. Ist\u00e4llet f\u00f6r de typiska toskanska kullarna hittar du h\u00e4r breda gator, kanaler som p\u00e5minner om Venedig och en enorm livlig hamn.<\/p>\n\n\n\n<p class=\"wp-block-paragraph\">Det vackraste h\u00e4r \u00e4r en kv\u00e4llspromenad l\u00e4ngs den <strong>eleganta strandpromenaden Terrazza Mascagni<\/strong>. Det \u00e4r en enorm terrass med den ikoniska schackrutiga stenl\u00e4ggningen, som kantar kajen och varifr\u00e5n det \u00e4r helt o\u00f6vertr\u00e4ffade utsikter \u00f6ver solnedg\u00e5ngen \u00f6ver havet.<\/p>\n\n\n\n<p class=\"wp-block-paragraph\">Ur gastronomisk synvinkel f\u00e5r vi som vegetarianer ut n\u00e5got h\u00e4r tack vare en lokal specialitet. Smaka absolut den <strong>s\u00e5 kallade torta di ceci, eller cecina<\/strong>, som \u00e4r en tunn bakad kaka av kik\u00e4rtsmj\u00f6l, vatten och olivolja. De lokala \u00e4ter den g\u00e4rna direkt i ett br\u00f6d som snabb street food.<\/p>\n\n\n\n<p class=\"wp-block-paragraph\">\ud83d\udca1 Tips: En bit s\u00f6der om Livorno h\u00f6jer sig kusten till sandstensklippor <strong>k\u00e4nda som Calafuria<\/strong>. Det \u00e4r en underbar plats med vild medelhavsvegetation, dit lokalborna g\u00e4rna flyr fr\u00e5n stadens larm och d\u00e4r du kan snorkla utm\u00e4rkt.<\/p>\n\n\n\n<h3 class=\"wp-block-heading\"><span class=\"ez-toc-section\" id=\"22_Viareggio_och_Versilias_strander\"><\/span>22. Viareggio och Versilias str\u00e4nder<span class=\"ez-toc-section-end\"><\/span><\/h3>\n\n\n\n<figure data-wp-context=\"{&quot;imageId&quot;:&quot;6a9509473f8b4&quot;}\" data-wp-interactive=\"core\/image\" data-wp-key=\"6a9509473f8b4\" class=\"wp-block-image size-full wp-lightbox-container\"><img decoding=\"async\" width=\"1200\" height=\"898\" data-wp-class--hide=\"state.isContentHidden\" data-wp-class--show=\"state.isContentVisible\" data-wp-init=\"callbacks.setButtonStyles\" data-wp-on--click=\"actions.showLightbox\" data-wp-on--load=\"callbacks.setButtonStyles\" data-wp-on--pointerdown=\"actions.preloadImage\" data-wp-on--pointerenter=\"actions.preloadImageWithDelay\" data-wp-on--pointerleave=\"actions.cancelPreload\" data-wp-on-window--resize=\"callbacks.setButtonStyles\" src=\"https:\/\/loudavymkrokem.cz\/wp-content\/uploads\/2026\/06\/58555-0-plaz-a-promenada-ve-viareggiu-na-pobrezi-versilia.jpg\" alt=\"Strand och promenad i Viareggio p\u00e5 kusten Versilia\" class=\"wp-image-199152\" title=\"\" srcset=\"https:\/\/loudavymkrokem.cz\/wp-content\/uploads\/2026\/06\/58555-0-plaz-a-promenada-ve-viareggiu-na-pobrezi-versilia.jpg 1200w, https:\/\/loudavymkrokem.cz\/wp-content\/uploads\/2026\/06\/58555-0-plaz-a-promenada-ve-viareggiu-na-pobrezi-versilia-300x225.jpg 300w, https:\/\/loudavymkrokem.cz\/wp-content\/uploads\/2026\/06\/58555-0-plaz-a-promenada-ve-viareggiu-na-pobrezi-versilia-700x524.jpg 700w, https:\/\/loudavymkrokem.cz\/wp-content\/uploads\/2026\/06\/58555-0-plaz-a-promenada-ve-viareggiu-na-pobrezi-versilia-768x575.jpg 768w, https:\/\/loudavymkrokem.cz\/wp-content\/uploads\/2026\/06\/58555-0-plaz-a-promenada-ve-viareggiu-na-pobrezi-versilia-80x60.jpg 80w, https:\/\/loudavymkrokem.cz\/wp-content\/uploads\/2026\/06\/58555-0-plaz-a-promenada-ve-viareggiu-na-pobrezi-versilia-160x120.jpg 160w, https:\/\/loudavymkrokem.cz\/wp-content\/uploads\/2026\/06\/58555-0-plaz-a-promenada-ve-viareggiu-na-pobrezi-versilia-696x521.jpg 696w\" sizes=\"(max-width: 1200px) 100vw, 1200px\" \/><button\n\t\t\tclass=\"lightbox-trigger\"\n\t\t\ttype=\"button\"\n\t\t\taria-haspopup=\"dialog\"\n\t\t\tdata-wp-bind--aria-label=\"state.thisImage.triggerButtonAriaLabel\"\n\t\t\tdata-wp-init=\"callbacks.initTriggerButton\"\n\t\t\tdata-wp-on--click=\"actions.showLightbox\"\n\t\t\tdata-wp-style--right=\"state.thisImage.buttonRight\"\n\t\t\tdata-wp-style--top=\"state.thisImage.buttonTop\"\n\t\t>\n\t\t\t<svg xmlns=\"http:\/\/www.w3.org\/2000\/svg\" width=\"12\" height=\"12\" fill=\"none\" viewBox=\"0 0 12 12\">\n\t\t\t\t<path fill=\"#fff\" d=\"M2 0a2 2 0 0 0-2 2v2h1.5V2a.5.5 0 0 1 .5-.5h2V0H2Zm2 10.5H2a.5.5 0 0 1-.5-.5V8H0v2a2 2 0 0 0 2 2h2v-1.5ZM8 12v-1.5h2a.5.5 0 0 0 .5-.5V8H12v2a2 2 0 0 1-2 2H8Zm2-12a2 2 0 0 1 2 2v2h-1.5V2a.5.5 0 0 0-.5-.5H8V0h2Z\" \/>\n\t\t\t<\/svg>\n\t\t<\/button><figcaption class=\"wp-element-caption\">Foto: Arne M\u00fcseler, CC BY-SA 3.0 de, Wikimedia Commons<\/figcaption><\/figure>\n\n\n\n<p class=\"wp-block-paragraph\">Om du l\u00e4ngtar efter en klassisk strandsemester med all service, \u00e5k till norra Toscana till omr\u00e5det som kallas Versilia. Viareggio \u00e4r dess huvudcentrum och du k\u00e4nner igen det p\u00e5 de <strong>breda sandstr\u00e4nderna och den eleganta kolonnaden<\/strong> full av jugendbyggnader och lyxbutiker.<\/p>\n\n\n\n<p class=\"wp-block-paragraph\">Str\u00e4nderna h\u00e4r \u00e4r l\u00e5nga, med fin sand och mycket l\u00e5nggrunt vatten, vilket \u00e4r <strong>idealiskt f\u00f6r familjer med mindre barn<\/strong>. Merparten av kusten \u00e4r dock uppdelad i s\u00e5 kallade stabilimenti, allts\u00e5 betalda zoner med prydligt uppradade solstolar och parasoll, som du f\u00e5r betala rej\u00e4lt extra f\u00f6r under s\u00e4song.<\/p>\n\n\n\n<p class=\"wp-block-paragraph\">Viareggio \u00e4r ocks\u00e5 k\u00e4nt \u00f6ver hela landet f\u00f6r sin <strong>storslagna februarikarneval<\/strong>. Traditionellt bygger man h\u00e4r enorma och ofta mycket satiriska allegoriska vagnar av papier-mach\u00e9, som sedan till ackompanjemang av musik och dans k\u00f6r l\u00e4ngs kustpromenaden.<\/p>\n\n\n\n<p class=\"wp-block-paragraph\">\ud83d\udca1 Tips: Vill du inte betala f\u00f6r dyra solstolar, leta efter <strong>skyltar med texten spiaggia libera<\/strong>, vilket betyder gratis offentlig strand. De brukar visserligen vara lite fullare och saknar egna duschar, men havet h\u00e4r \u00e4r precis likadant.<\/p>\n\n\n\n<h3 class=\"wp-block-heading\"><span class=\"ez-toc-section\" id=\"23_Castiglione_della_Pescaia\"><\/span>23. Castiglione della Pescaia<span class=\"ez-toc-section-end\"><\/span><\/h3>\n\n\n\n<figure data-wp-context=\"{&quot;imageId&quot;:&quot;6a95094740106&quot;}\" data-wp-interactive=\"core\/image\" data-wp-key=\"6a95094740106\" class=\"wp-block-image size-full wp-lightbox-container\"><img decoding=\"async\" width=\"1200\" height=\"800\" data-wp-class--hide=\"state.isContentHidden\" data-wp-class--show=\"state.isContentVisible\" data-wp-init=\"callbacks.setButtonStyles\" data-wp-on--click=\"actions.showLightbox\" data-wp-on--load=\"callbacks.setButtonStyles\" data-wp-on--pointerdown=\"actions.preloadImage\" data-wp-on--pointerenter=\"actions.preloadImageWithDelay\" data-wp-on--pointerleave=\"actions.cancelPreload\" data-wp-on-window--resize=\"callbacks.setButtonStyles\" src=\"https:\/\/loudavymkrokem.cz\/wp-content\/uploads\/2026\/06\/58555-1-stredoveke-mestecko-castiglione-della-pescaia-nad-pristavem-.jpg\" alt=\"Medeltida staden Castiglione della Pescaia ovanf\u00f6r hamnen i Maremma\" class=\"wp-image-199153\" title=\"\" srcset=\"https:\/\/loudavymkrokem.cz\/wp-content\/uploads\/2026\/06\/58555-1-stredoveke-mestecko-castiglione-della-pescaia-nad-pristavem-.jpg 1200w, https:\/\/loudavymkrokem.cz\/wp-content\/uploads\/2026\/06\/58555-1-stredoveke-mestecko-castiglione-della-pescaia-nad-pristavem--300x200.jpg 300w, https:\/\/loudavymkrokem.cz\/wp-content\/uploads\/2026\/06\/58555-1-stredoveke-mestecko-castiglione-della-pescaia-nad-pristavem--700x467.jpg 700w, https:\/\/loudavymkrokem.cz\/wp-content\/uploads\/2026\/06\/58555-1-stredoveke-mestecko-castiglione-della-pescaia-nad-pristavem--768x512.jpg 768w, https:\/\/loudavymkrokem.cz\/wp-content\/uploads\/2026\/06\/58555-1-stredoveke-mestecko-castiglione-della-pescaia-nad-pristavem--696x464.jpg 696w\" sizes=\"(max-width: 1200px) 100vw, 1200px\" \/><button\n\t\t\tclass=\"lightbox-trigger\"\n\t\t\ttype=\"button\"\n\t\t\taria-haspopup=\"dialog\"\n\t\t\tdata-wp-bind--aria-label=\"state.thisImage.triggerButtonAriaLabel\"\n\t\t\tdata-wp-init=\"callbacks.initTriggerButton\"\n\t\t\tdata-wp-on--click=\"actions.showLightbox\"\n\t\t\tdata-wp-style--right=\"state.thisImage.buttonRight\"\n\t\t\tdata-wp-style--top=\"state.thisImage.buttonTop\"\n\t\t>\n\t\t\t<svg xmlns=\"http:\/\/www.w3.org\/2000\/svg\" width=\"12\" height=\"12\" fill=\"none\" viewBox=\"0 0 12 12\">\n\t\t\t\t<path fill=\"#fff\" d=\"M2 0a2 2 0 0 0-2 2v2h1.5V2a.5.5 0 0 1 .5-.5h2V0H2Zm2 10.5H2a.5.5 0 0 1-.5-.5V8H0v2a2 2 0 0 0 2 2h2v-1.5ZM8 12v-1.5h2a.5.5 0 0 0 .5-.5V8H12v2a2 2 0 0 1-2 2H8Zm2-12a2 2 0 0 1 2 2v2h-1.5V2a.5.5 0 0 0-.5-.5H8V0h2Z\" \/>\n\t\t\t<\/svg>\n\t\t<\/button><figcaption class=\"wp-element-caption\">Foto: Johannes Gilger, CC BY-SA 2.0, Wikimedia Commons<\/figcaption><\/figure>\n\n\n\n<p class=\"wp-block-paragraph\">Medan norra kusten \u00e4r mer nobel och prydlig, \u00e4r s\u00f6dra Toscana i omr\u00e5det Maremma betydligt vildare och mer autentiskt. Castiglione della Pescaia \u00e4r en <strong>f\u00f6rtjusande fiskeby p\u00e5 en kulle<\/strong>, \u00f6ver vilken ett gammalt medeltida slott vakar med en vacker utsikt \u00f6ver hamnen.<\/p>\n\n\n\n<p class=\"wp-block-paragraph\">H\u00e4r njuter du av underbart rent hav och l\u00e5nga sandstr\u00e4nder, som regelbundet placerar sig <strong>i toppen av de italienska rankningarna \u00f6ver vattenkvalitet<\/strong>. J\u00e4mf\u00f6rt med Viareggio \u00e4r atmosf\u00e4ren h\u00e4r mycket mer avslappnad och mer f\u00f6rbunden med den omgivande or\u00f6rda naturen.<\/p>\n\n\n\n<p class=\"wp-block-paragraph\">Det historiska centrumet p\u00e5 kullen \u00e4r <strong>fullt av snirkliga gr\u00e4nder med stenhus<\/strong>, d\u00e4r du hittar utm\u00e4rkta sm\u00e5 restauranger. P\u00e5 sommaren \u00e4r det en mycket popul\u00e4r destination \u00e4ven bland italienarna sj\u00e4lva, s\u00e5 p\u00e5 kv\u00e4llarna brukar det vara sk\u00f6nt livligt h\u00e4r.<\/p>\n\n\n\n<p class=\"wp-block-paragraph\">\ud83d\udca1 Tips: Lokala italienska k\u00e4llor rekommenderar ofta att inte missa en promenad till <strong>ruinerna av det gamla klostret San Guglielmo<\/strong>, som \u00e4r g\u00f6mda i de omgivande skogarna och erbjuder lite skugga och historia en bit fr\u00e5n de rykande heta str\u00e4nderna.<\/p>\n\n\n\n<h3 class=\"wp-block-heading\"><span class=\"ez-toc-section\" id=\"24_Sandviken_Cala_Violina\"><\/span>24. Sandviken Cala Violina<span class=\"ez-toc-section-end\"><\/span><\/h3>\n\n\n\n<figure data-wp-context=\"{&quot;imageId&quot;:&quot;6a9509474081b&quot;}\" data-wp-interactive=\"core\/image\" data-wp-key=\"6a9509474081b\" class=\"wp-block-image size-full wp-lightbox-container\"><img decoding=\"async\" width=\"1200\" height=\"673\" data-wp-class--hide=\"state.isContentHidden\" data-wp-class--show=\"state.isContentVisible\" data-wp-init=\"callbacks.setButtonStyles\" data-wp-on--click=\"actions.showLightbox\" data-wp-on--load=\"callbacks.setButtonStyles\" data-wp-on--pointerdown=\"actions.preloadImage\" data-wp-on--pointerenter=\"actions.preloadImageWithDelay\" data-wp-on--pointerleave=\"actions.cancelPreload\" data-wp-on-window--resize=\"callbacks.setButtonStyles\" src=\"https:\/\/loudavymkrokem.cz\/wp-content\/uploads\/2026\/06\/58555-2-pisecna-plaz-cala-violina-obklopena-borovicovym-lesem.jpg\" alt=\"Sandstranden Cala Violina omgiven av tallskog\" class=\"wp-image-199155\" title=\"\" srcset=\"https:\/\/loudavymkrokem.cz\/wp-content\/uploads\/2026\/06\/58555-2-pisecna-plaz-cala-violina-obklopena-borovicovym-lesem.jpg 1200w, https:\/\/loudavymkrokem.cz\/wp-content\/uploads\/2026\/06\/58555-2-pisecna-plaz-cala-violina-obklopena-borovicovym-lesem-300x168.jpg 300w, https:\/\/loudavymkrokem.cz\/wp-content\/uploads\/2026\/06\/58555-2-pisecna-plaz-cala-violina-obklopena-borovicovym-lesem-700x393.jpg 700w, https:\/\/loudavymkrokem.cz\/wp-content\/uploads\/2026\/06\/58555-2-pisecna-plaz-cala-violina-obklopena-borovicovym-lesem-768x431.jpg 768w, https:\/\/loudavymkrokem.cz\/wp-content\/uploads\/2026\/06\/58555-2-pisecna-plaz-cala-violina-obklopena-borovicovym-lesem-696x390.jpg 696w\" sizes=\"(max-width: 1200px) 100vw, 1200px\" \/><button\n\t\t\tclass=\"lightbox-trigger\"\n\t\t\ttype=\"button\"\n\t\t\taria-haspopup=\"dialog\"\n\t\t\tdata-wp-bind--aria-label=\"state.thisImage.triggerButtonAriaLabel\"\n\t\t\tdata-wp-init=\"callbacks.initTriggerButton\"\n\t\t\tdata-wp-on--click=\"actions.showLightbox\"\n\t\t\tdata-wp-style--right=\"state.thisImage.buttonRight\"\n\t\t\tdata-wp-style--top=\"state.thisImage.buttonTop\"\n\t\t>\n\t\t\t<svg xmlns=\"http:\/\/www.w3.org\/2000\/svg\" width=\"12\" height=\"12\" fill=\"none\" viewBox=\"0 0 12 12\">\n\t\t\t\t<path fill=\"#fff\" d=\"M2 0a2 2 0 0 0-2 2v2h1.5V2a.5.5 0 0 1 .5-.5h2V0H2Zm2 10.5H2a.5.5 0 0 1-.5-.5V8H0v2a2 2 0 0 0 2 2h2v-1.5ZM8 12v-1.5h2a.5.5 0 0 0 .5-.5V8H12v2a2 2 0 0 1-2 2H8Zm2-12a2 2 0 0 1 2 2v2h-1.5V2a.5.5 0 0 0-.5-.5H8V0h2Z\" \/>\n\t\t\t<\/svg>\n\t\t<\/button><figcaption class=\"wp-element-caption\">Foto: Jacopo Marcovaldi, CC BY 2.0, Wikimedia Commons<\/figcaption><\/figure>\n\n\n\n<p class=\"wp-block-paragraph\">Cala Violina \u00e4r utan tvekan en av de vackraste str\u00e4nderna i hela Toscana. Den ligger skyddad i naturreservatet Bandite di Scarlino och <strong>det finns ingen direkt bilv\u00e4g dit<\/strong>. F\u00f6r att ta dig till denna sk\u00f6nhet m\u00e5ste du vandra en cirka en och en halv kilometer l\u00e5ng stig fr\u00e5n parkeringen genom den doftande tallskogen.<\/p>\n\n\n\n<p class=\"wp-block-paragraph\">Det som g\u00f6r den h\u00e4r stranden speciell \u00e4r dess fina vita sand som inneh\u00e5ller kvartskorn. Man s\u00e4ger att n\u00e4r du g\u00e5r p\u00e5 den <strong>gnisslar eller sjunger sanden svagt under f\u00f6tterna<\/strong>, d\u00e4rav kommer ocks\u00e5 namnet Violina, allts\u00e5 fiol. Havet h\u00e4r \u00e4r underbart rent och kristallklart.<\/p>\n\n\n\n<p class=\"wp-block-paragraph\">Eftersom det \u00e4r ett naturreservat <strong>hittar du inga st\u00e5nd, toaletter eller solstolsuthyrningar h\u00e4r<\/strong>. Allt du beh\u00f6ver, framf\u00f6r allt tillr\u00e4ckligt med dricksvatten, m\u00e5ste du b\u00e4ra med dig p\u00e5 ryggen.<\/p>\n\n\n\n<p class=\"wp-block-paragraph\">\ud83d\udca1 Tips: Eftersom stranden \u00e4r s\u00e5 popul\u00e4r och naturen \u00f6mt\u00e5lig, <strong>begr\u00e4nsar myndigheterna antalet bes\u00f6kare under sommarh\u00f6gs\u00e4songen<\/strong>. Intr\u00e4det m\u00e5ste du boka online i f\u00f6rv\u00e4g och betala en liten avgift, s\u00e5 h\u00e5ll definitivt koll p\u00e5 det, s\u00e5 du inte g\u00e5r genom skogen i on\u00f6dan.<\/p>\n\n\n\n<h3 class=\"wp-block-heading\"><span class=\"ez-toc-section\" id=\"25_On_Elba_och_sparen_av_Napoleon\"><\/span>25. \u00d6n Elba och sp\u00e5ren av Napoleon<span class=\"ez-toc-section-end\"><\/span><\/h3>\n\n\n\n<figure data-wp-context=\"{&quot;imageId&quot;:&quot;6a95094740fb2&quot;}\" data-wp-interactive=\"core\/image\" data-wp-key=\"6a95094740fb2\" class=\"wp-block-image size-full wp-lightbox-container\"><img decoding=\"async\" width=\"1200\" height=\"795\" data-wp-class--hide=\"state.isContentHidden\" data-wp-class--show=\"state.isContentVisible\" data-wp-init=\"callbacks.setButtonStyles\" data-wp-on--click=\"actions.showLightbox\" data-wp-on--load=\"callbacks.setButtonStyles\" data-wp-on--pointerdown=\"actions.preloadImage\" data-wp-on--pointerenter=\"actions.preloadImageWithDelay\" data-wp-on--pointerleave=\"actions.cancelPreload\" data-wp-on-window--resize=\"callbacks.setButtonStyles\" src=\"https:\/\/loudavymkrokem.cz\/wp-content\/uploads\/2026\/06\/58555-3-zaliv-u-portoferraia-na-ostrove-elba.jpg\" alt=\"Vik vid Portoferraio p\u00e5 \u00f6n Elba\" class=\"wp-image-199156\" title=\"\" srcset=\"https:\/\/loudavymkrokem.cz\/wp-content\/uploads\/2026\/06\/58555-3-zaliv-u-portoferraia-na-ostrove-elba.jpg 1200w, https:\/\/loudavymkrokem.cz\/wp-content\/uploads\/2026\/06\/58555-3-zaliv-u-portoferraia-na-ostrove-elba-300x199.jpg 300w, https:\/\/loudavymkrokem.cz\/wp-content\/uploads\/2026\/06\/58555-3-zaliv-u-portoferraia-na-ostrove-elba-700x464.jpg 700w, https:\/\/loudavymkrokem.cz\/wp-content\/uploads\/2026\/06\/58555-3-zaliv-u-portoferraia-na-ostrove-elba-768x509.jpg 768w, https:\/\/loudavymkrokem.cz\/wp-content\/uploads\/2026\/06\/58555-3-zaliv-u-portoferraia-na-ostrove-elba-696x461.jpg 696w\" sizes=\"(max-width: 1200px) 100vw, 1200px\" \/><button\n\t\t\tclass=\"lightbox-trigger\"\n\t\t\ttype=\"button\"\n\t\t\taria-haspopup=\"dialog\"\n\t\t\tdata-wp-bind--aria-label=\"state.thisImage.triggerButtonAriaLabel\"\n\t\t\tdata-wp-init=\"callbacks.initTriggerButton\"\n\t\t\tdata-wp-on--click=\"actions.showLightbox\"\n\t\t\tdata-wp-style--right=\"state.thisImage.buttonRight\"\n\t\t\tdata-wp-style--top=\"state.thisImage.buttonTop\"\n\t\t>\n\t\t\t<svg xmlns=\"http:\/\/www.w3.org\/2000\/svg\" width=\"12\" height=\"12\" fill=\"none\" viewBox=\"0 0 12 12\">\n\t\t\t\t<path fill=\"#fff\" d=\"M2 0a2 2 0 0 0-2 2v2h1.5V2a.5.5 0 0 1 .5-.5h2V0H2Zm2 10.5H2a.5.5 0 0 1-.5-.5V8H0v2a2 2 0 0 0 2 2h2v-1.5ZM8 12v-1.5h2a.5.5 0 0 0 .5-.5V8H12v2a2 2 0 0 1-2 2H8Zm2-12a2 2 0 0 1 2 2v2h-1.5V2a.5.5 0 0 0-.5-.5H8V0h2Z\" \/>\n\t\t\t<\/svg>\n\t\t<\/button><figcaption class=\"wp-element-caption\">Foto: SDKmac, CC BY-SA 4.0, Wikimedia Commons<\/figcaption><\/figure>\n\n\n\n<p class=\"wp-block-paragraph\">Om du har mer \u00e4n bara en vecka f\u00f6r Toscana, g\u00f6r absolut en utflykt till \u00f6n Elba. Det \u00e4r den st\u00f6rsta \u00f6n i den toskanska \u00f6v\u00e4rlden och fr\u00e5n hamnen i Piombino <strong>tar du dig dit med f\u00e4rja p\u00e5 ungef\u00e4r en timme<\/strong>. Du kan ta med bilen, men under sommarh\u00f6gs\u00e4songen b\u00f6r du boka biljetten i god tid i f\u00f6rv\u00e4g. Allt v\u00e4sentligt har vi sammanst\u00e4llt i en egen artikel <a href=\"https:\/\/loudavymkrokem.cz\/sv\/elba-italien-tips\/\">\u00d6n Elba: vad du ska se, str\u00e4nder och f\u00e4rja<\/a>.<\/p>\n\n\n\n<p class=\"wp-block-paragraph\">Elba skrev in sig i historien fr\u00e4mst som <strong>kejsar Napoleons exilplats<\/strong> \u00e5ren 1814 och 1815. Huvudstaden Portoferraio \u00e4r full av minnen fr\u00e5n hans vistelse, du kan bes\u00f6ka hans officiella residens Palazzina dei Mulini eller sommarbostaden Villa San Martino, som ligger en bit utanf\u00f6r staden.<\/p>\n\n\n\n<p class=\"wp-block-paragraph\">Den fr\u00e4msta anledningen till att alla \u00e5ker hit \u00e4r dock den h\u00e4nf\u00f6rande kusten. Elba erbjuder <strong>\u00f6ver 150 str\u00e4nder av de mest skilda slag<\/strong>, fr\u00e5n fin sand i vikarna Cavoli till lysande vita klappersten och turkost vatten p\u00e5 den ikoniska stranden Sansone.<\/p>\n\n\n\n<p class=\"wp-block-paragraph\">\ud83d\udca1 Tips: Vill du hitta en strand utan folkmassor p\u00e5 Elba, <strong>undvik de stora sandiga badorterna<\/strong> och leta efter mindre klippiga vikar, de s\u00e5 kallade calette. V\u00e4gen dit \u00e4r visserligen ofta brantare, men bel\u00f6ningen blir lugn och ro och den b\u00e4sta snorklingen.<\/p>\n\n\n\n<h3 class=\"wp-block-heading\"><span class=\"ez-toc-section\" id=\"26_Bolgheri_och_cypressallen\"><\/span>26. Bolgheri och cypressall\u00e9n<span class=\"ez-toc-section-end\"><\/span><\/h3>\n\n\n\n<figure data-wp-context=\"{&quot;imageId&quot;:&quot;6a9509474181c&quot;}\" data-wp-interactive=\"core\/image\" data-wp-key=\"6a9509474181c\" class=\"wp-block-image size-full wp-lightbox-container\"><img decoding=\"async\" width=\"1200\" height=\"800\" data-wp-class--hide=\"state.isContentHidden\" data-wp-class--show=\"state.isContentVisible\" data-wp-init=\"callbacks.setButtonStyles\" data-wp-on--click=\"actions.showLightbox\" data-wp-on--load=\"callbacks.setButtonStyles\" data-wp-on--pointerdown=\"actions.preloadImage\" data-wp-on--pointerenter=\"actions.preloadImageWithDelay\" data-wp-on--pointerleave=\"actions.cancelPreload\" data-wp-on-window--resize=\"callbacks.setButtonStyles\" src=\"https:\/\/loudavymkrokem.cz\/wp-content\/uploads\/2026\/06\/58555-4-slavna-cyprisova-alej-vedouci-do-bolgheri.jpg\" alt=\"Ber\u00f6mda cypressall\u00e9n som leder till Bolgheri\" class=\"wp-image-199158\" title=\"\" srcset=\"https:\/\/loudavymkrokem.cz\/wp-content\/uploads\/2026\/06\/58555-4-slavna-cyprisova-alej-vedouci-do-bolgheri.jpg 1200w, https:\/\/loudavymkrokem.cz\/wp-content\/uploads\/2026\/06\/58555-4-slavna-cyprisova-alej-vedouci-do-bolgheri-300x200.jpg 300w, https:\/\/loudavymkrokem.cz\/wp-content\/uploads\/2026\/06\/58555-4-slavna-cyprisova-alej-vedouci-do-bolgheri-700x467.jpg 700w, https:\/\/loudavymkrokem.cz\/wp-content\/uploads\/2026\/06\/58555-4-slavna-cyprisova-alej-vedouci-do-bolgheri-768x512.jpg 768w, https:\/\/loudavymkrokem.cz\/wp-content\/uploads\/2026\/06\/58555-4-slavna-cyprisova-alej-vedouci-do-bolgheri-696x464.jpg 696w\" sizes=\"(max-width: 1200px) 100vw, 1200px\" \/><button\n\t\t\tclass=\"lightbox-trigger\"\n\t\t\ttype=\"button\"\n\t\t\taria-haspopup=\"dialog\"\n\t\t\tdata-wp-bind--aria-label=\"state.thisImage.triggerButtonAriaLabel\"\n\t\t\tdata-wp-init=\"callbacks.initTriggerButton\"\n\t\t\tdata-wp-on--click=\"actions.showLightbox\"\n\t\t\tdata-wp-style--right=\"state.thisImage.buttonRight\"\n\t\t\tdata-wp-style--top=\"state.thisImage.buttonTop\"\n\t\t>\n\t\t\t<svg xmlns=\"http:\/\/www.w3.org\/2000\/svg\" width=\"12\" height=\"12\" fill=\"none\" viewBox=\"0 0 12 12\">\n\t\t\t\t<path fill=\"#fff\" d=\"M2 0a2 2 0 0 0-2 2v2h1.5V2a.5.5 0 0 1 .5-.5h2V0H2Zm2 10.5H2a.5.5 0 0 1-.5-.5V8H0v2a2 2 0 0 0 2 2h2v-1.5ZM8 12v-1.5h2a.5.5 0 0 0 .5-.5V8H12v2a2 2 0 0 1-2 2H8Zm2-12a2 2 0 0 1 2 2v2h-1.5V2a.5.5 0 0 0-.5-.5H8V0h2Z\" \/>\n\t\t\t<\/svg>\n\t\t<\/button><figcaption class=\"wp-element-caption\">Foto: Repuli, CC BY-SA 4.0, Wikimedia Commons<\/figcaption><\/figure>\n\n\n\n<p class=\"wp-block-paragraph\">Den lilla staden Bolgheri ligger n\u00e4ra kusten och dit leder kanske <strong>den mest ber\u00f6mda v\u00e4gen i hela Italien \u2013 Viale dei Cipressi<\/strong>. Det \u00e4r en fem kilometer l\u00e5ng rak v\u00e4g som fr\u00e5n b\u00e5da sidor kantas av tv\u00e5 rader gamla, m\u00e4ktiga cypresser. Synen \u00e4r s\u00e5 ikonisk att all\u00e9n har f\u00f6rklarats som nationellt minnesm\u00e4rke.<\/p>\n\n\n\n<p class=\"wp-block-paragraph\">Sj\u00e4lva staden \u00e4r pytteliten, du g\u00e5r in i den genom en port under det gamla slottet och genast andas en fantastisk atmosf\u00e4r mot dig. Till skillnad fr\u00e5n de \u00f6verfulla centrumen i Florens eller Siena \u00e4r det <strong>betydligt mer lugn och ro h\u00e4r<\/strong> och du kan ost\u00f6rt str\u00f6va genom gr\u00e4nderna fulla av blommor och sm\u00e5 butiker.<\/p>\n\n\n\n<p class=\"wp-block-paragraph\">Bolgheri och dess omgivningar \u00e4r dock framf\u00f6r allt ett begrepp i vinv\u00e4rlden. Just fr\u00e5n dessa ving\u00e5rdar n\u00e4ra havet kommer de <strong>ber\u00f6mda vinerna kallade Super Tuscans<\/strong>. Vinmakarna h\u00e4r b\u00f6rjade framg\u00e5ngsrikt odla franska druvsorter som Cabernet Sauvignon, och skrev d\u00e4rmed lite grann om det italienska vinbrukets regler.<\/p>\n\n\n\n<p class=\"wp-block-paragraph\">\ud83d\udca1 Tips: Priserna p\u00e5 provsmakningar i de ber\u00f6mda vinerierna runt Bolgheri brukar vara <strong>ofta n\u00e5got h\u00f6gre \u00e4n i vanliga Chianti<\/strong>, g\u00f6r dig beredd p\u00e5 i snitt runt femtio euro. Vill du bara smaka finns det mitt i Bolgheri centrum massor av mysiga enoteker d\u00e4r de h\u00e4ller upp utm\u00e4rkt vin \u00e4ven glasvis.<\/p>\n\n\n\n<h3 class=\"wp-block-heading\"><span class=\"ez-toc-section\" id=\"27_Grosseto_och_den_toskanska_landsbygden\"><\/span>27. Grosseto och den toskanska landsbygden<span class=\"ez-toc-section-end\"><\/span><\/h3>\n\n\n\n<figure data-wp-context=\"{&quot;imageId&quot;:&quot;6a95094741f19&quot;}\" data-wp-interactive=\"core\/image\" data-wp-key=\"6a95094741f19\" class=\"wp-block-image size-full wp-lightbox-container\"><img decoding=\"async\" width=\"1200\" height=\"675\" data-wp-class--hide=\"state.isContentHidden\" data-wp-class--show=\"state.isContentVisible\" data-wp-init=\"callbacks.setButtonStyles\" data-wp-on--click=\"actions.showLightbox\" data-wp-on--load=\"callbacks.setButtonStyles\" data-wp-on--pointerdown=\"actions.preloadImage\" data-wp-on--pointerenter=\"actions.preloadImageWithDelay\" data-wp-on--pointerleave=\"actions.cancelPreload\" data-wp-on-window--resize=\"callbacks.setButtonStyles\" src=\"https:\/\/loudavymkrokem.cz\/wp-content\/uploads\/2026\/06\/58555-5-ulice-v-historickem-centru-mesta-grosseto.jpg\" alt=\"Gata i historiska centrum av staden Grosseto\" class=\"wp-image-199159\" title=\"\" srcset=\"https:\/\/loudavymkrokem.cz\/wp-content\/uploads\/2026\/06\/58555-5-ulice-v-historickem-centru-mesta-grosseto.jpg 1200w, https:\/\/loudavymkrokem.cz\/wp-content\/uploads\/2026\/06\/58555-5-ulice-v-historickem-centru-mesta-grosseto-300x169.jpg 300w, https:\/\/loudavymkrokem.cz\/wp-content\/uploads\/2026\/06\/58555-5-ulice-v-historickem-centru-mesta-grosseto-700x394.jpg 700w, https:\/\/loudavymkrokem.cz\/wp-content\/uploads\/2026\/06\/58555-5-ulice-v-historickem-centru-mesta-grosseto-768x432.jpg 768w, https:\/\/loudavymkrokem.cz\/wp-content\/uploads\/2026\/06\/58555-5-ulice-v-historickem-centru-mesta-grosseto-696x392.jpg 696w\" sizes=\"(max-width: 1200px) 100vw, 1200px\" \/><button\n\t\t\tclass=\"lightbox-trigger\"\n\t\t\ttype=\"button\"\n\t\t\taria-haspopup=\"dialog\"\n\t\t\tdata-wp-bind--aria-label=\"state.thisImage.triggerButtonAriaLabel\"\n\t\t\tdata-wp-init=\"callbacks.initTriggerButton\"\n\t\t\tdata-wp-on--click=\"actions.showLightbox\"\n\t\t\tdata-wp-style--right=\"state.thisImage.buttonRight\"\n\t\t\tdata-wp-style--top=\"state.thisImage.buttonTop\"\n\t\t>\n\t\t\t<svg xmlns=\"http:\/\/www.w3.org\/2000\/svg\" width=\"12\" height=\"12\" fill=\"none\" viewBox=\"0 0 12 12\">\n\t\t\t\t<path fill=\"#fff\" d=\"M2 0a2 2 0 0 0-2 2v2h1.5V2a.5.5 0 0 1 .5-.5h2V0H2Zm2 10.5H2a.5.5 0 0 1-.5-.5V8H0v2a2 2 0 0 0 2 2h2v-1.5ZM8 12v-1.5h2a.5.5 0 0 0 .5-.5V8H12v2a2 2 0 0 1-2 2H8Zm2-12a2 2 0 0 1 2 2v2h-1.5V2a.5.5 0 0 0-.5-.5H8V0h2Z\" \/>\n\t\t\t<\/svg>\n\t\t<\/button><figcaption class=\"wp-element-caption\">Foto: Alienautic, CC BY-SA 4.0, Wikimedia Commons<\/figcaption><\/figure>\n\n\n\n<p class=\"wp-block-paragraph\">Grosseto fungerar som ett slags huvudcentrum f\u00f6r s\u00f6dra Toscana, omr\u00e5det Maremma. Staden har ett <strong>vackert historiskt centrum omg\u00e4rdat av tegelmurar<\/strong> i form av en sexh\u00f6rning, som den ber\u00f6mda \u00e4tten Medici l\u00e4t bygga p\u00e5 1500-talet. Murarna \u00e4r utm\u00e4rkt bevarade och det g\u00e5r att promenera trevligt l\u00e4ngs dem.<\/p>\n\n\n\n<p class=\"wp-block-paragraph\">Inne i centrum \u00e4r huvudtorget Piazza Dante med den vackra domkyrkan San Lorenzo v\u00e4rt att se. Grosseto \u00e4r \u00f6verlag en <strong>mycket avslappnad och oansenlig stad<\/strong>, d\u00e4r du inte st\u00f6ter p\u00e5 skaror av turister med guider, s\u00e5 h\u00e4r kan du uppleva det vanliga italienska livet och handla i lokala butiker.<\/p>\n\n\n\n<p class=\"wp-block-paragraph\">Den omgivande landsbygden \u00e4r plattare och <strong>k\u00e4nd f\u00f6r sin utm\u00e4rkta olivolja och sitt vin<\/strong>. Runt staden hittar du massor av g\u00e5rdar och agriturismo som erbjuder lugnt boende l\u00e5ngt fr\u00e5n de stora badorternas j\u00e4kt, men med god tillg\u00e5ng till havet.<\/p>\n\n\n\n<p class=\"wp-block-paragraph\">\ud83d\udca1 Tips: Ska du leta efter middag i trakten kring Grosseto, <strong>gl\u00f6m de dyra restaurangerna och leta efter sommar-sagre<\/strong>. Det \u00e4r traditionella byfester kring mat, d\u00e4r de lokala f\u00f6r n\u00e5gra euro serverar dig f\u00e4rsk pasta och h\u00e4ller hemgjort vin direkt i plastmuggar.<\/p>\n\n\n\n<h3 class=\"wp-block-heading\"><span class=\"ez-toc-section\" id=\"28_Pistoia_%E2%80%93_blommornas_stad\"><\/span>28. Pistoia \u2013 blommornas stad<span class=\"ez-toc-section-end\"><\/span><\/h3>\n\n\n\n<figure data-wp-context=\"{&quot;imageId&quot;:&quot;6a950947423cc&quot;}\" data-wp-interactive=\"core\/image\" data-wp-key=\"6a950947423cc\" class=\"wp-block-image size-full wp-lightbox-container\"><img decoding=\"async\" width=\"1200\" height=\"675\" data-wp-class--hide=\"state.isContentHidden\" data-wp-class--show=\"state.isContentVisible\" data-wp-init=\"callbacks.setButtonStyles\" data-wp-on--click=\"actions.showLightbox\" data-wp-on--load=\"callbacks.setButtonStyles\" data-wp-on--pointerdown=\"actions.preloadImage\" data-wp-on--pointerenter=\"actions.preloadImageWithDelay\" data-wp-on--pointerleave=\"actions.cancelPreload\" data-wp-on-window--resize=\"callbacks.setButtonStyles\" src=\"https:\/\/loudavymkrokem.cz\/wp-content\/uploads\/2026\/06\/58555-6-piazza-del-duomo-v-pistoii-s-katedralou-a-zvonici.jpg\" alt=\"Piazza del Duomo i Pistoia med katedral och klocktorn\" class=\"wp-image-199161\" title=\"\" srcset=\"https:\/\/loudavymkrokem.cz\/wp-content\/uploads\/2026\/06\/58555-6-piazza-del-duomo-v-pistoii-s-katedralou-a-zvonici.jpg 1200w, https:\/\/loudavymkrokem.cz\/wp-content\/uploads\/2026\/06\/58555-6-piazza-del-duomo-v-pistoii-s-katedralou-a-zvonici-300x169.jpg 300w, https:\/\/loudavymkrokem.cz\/wp-content\/uploads\/2026\/06\/58555-6-piazza-del-duomo-v-pistoii-s-katedralou-a-zvonici-700x394.jpg 700w, https:\/\/loudavymkrokem.cz\/wp-content\/uploads\/2026\/06\/58555-6-piazza-del-duomo-v-pistoii-s-katedralou-a-zvonici-768x432.jpg 768w, https:\/\/loudavymkrokem.cz\/wp-content\/uploads\/2026\/06\/58555-6-piazza-del-duomo-v-pistoii-s-katedralou-a-zvonici-696x392.jpg 696w\" sizes=\"(max-width: 1200px) 100vw, 1200px\" \/><button\n\t\t\tclass=\"lightbox-trigger\"\n\t\t\ttype=\"button\"\n\t\t\taria-haspopup=\"dialog\"\n\t\t\tdata-wp-bind--aria-label=\"state.thisImage.triggerButtonAriaLabel\"\n\t\t\tdata-wp-init=\"callbacks.initTriggerButton\"\n\t\t\tdata-wp-on--click=\"actions.showLightbox\"\n\t\t\tdata-wp-style--right=\"state.thisImage.buttonRight\"\n\t\t\tdata-wp-style--top=\"state.thisImage.buttonTop\"\n\t\t>\n\t\t\t<svg xmlns=\"http:\/\/www.w3.org\/2000\/svg\" width=\"12\" height=\"12\" fill=\"none\" viewBox=\"0 0 12 12\">\n\t\t\t\t<path fill=\"#fff\" d=\"M2 0a2 2 0 0 0-2 2v2h1.5V2a.5.5 0 0 1 .5-.5h2V0H2Zm2 10.5H2a.5.5 0 0 1-.5-.5V8H0v2a2 2 0 0 0 2 2h2v-1.5ZM8 12v-1.5h2a.5.5 0 0 0 .5-.5V8H12v2a2 2 0 0 1-2 2H8Zm2-12a2 2 0 0 1 2 2v2h-1.5V2a.5.5 0 0 0-.5-.5H8V0h2Z\" \/>\n\t\t\t<\/svg>\n\t\t<\/button><figcaption class=\"wp-element-caption\">Foto: Palickap, CC BY-SA 4.0, Wikimedia Commons<\/figcaption><\/figure>\n\n\n\n<p class=\"wp-block-paragraph\">Pistoia ligger norr om Florens och blir ofta or\u00e4ttvist f\u00f6rbisedd. \u00c4nd\u00e5 \u00e4r det en stad med ett <strong>vackert historiskt torg, Piazza del Duomo<\/strong>, d\u00e4r du hittar en katedral med ett imponerande klocktorn, gamla palats och ett baptisterium, som med sin utsmyckning frimodigt kan m\u00e4ta sig med det i Florens.<\/p>\n\n\n\n<p class=\"wp-block-paragraph\">Staden blev k\u00e4nd i hela Italien som ett <strong>centrum f\u00f6r odling av blommor och prydnadstr\u00e4d<\/strong>. Om du kommer hit ser du redan p\u00e5 l\u00e5ngt h\u00e5ll enorma ytor av v\u00e4xthus och plantskolor. I centrum h\u00e5lls sedan regelbundet stora blomstermarknader, som ger staden en h\u00e4rlig doft och liv.<\/p>\n\n\n\n<p class=\"wp-block-paragraph\">V\u00e4rt ett bes\u00f6k \u00e4r ocks\u00e5 <strong>Basilikan Madonna dell&#8217;Umilt\u00e0<\/strong> med Italiens tredje st\u00f6rsta kupol, under vilken arkitekten Giorgio Vasari st\u00e5r som signatur. Och reser du med barn, missa absolut inte den lokala stora djurparken, d\u00e4r de bland annat har r\u00f6da pandor.<\/p>\n\n\n\n<p class=\"wp-block-paragraph\">\ud83d\udca1 Tips: Pistoia \u00e4r en <strong>utm\u00e4rkt utg\u00e5ngspunkt f\u00f6r utflykter till bergen<\/strong>. Omr\u00e5det som kallas Montagna Pistoiese \u00e4r fullt av skogar, vandringsleder och fungerar p\u00e5 vintern till och med som en mindre skidort.<\/p>\n\n\n\n<h3 class=\"wp-block-heading\"><span class=\"ez-toc-section\" id=\"29_Anghiari_och_dess_forsvunna_fresk\"><\/span>29. Anghiari och dess f\u00f6rsvunna fresk<span class=\"ez-toc-section-end\"><\/span><\/h3>\n\n\n\n<figure data-wp-context=\"{&quot;imageId&quot;:&quot;6a950947428a9&quot;}\" data-wp-interactive=\"core\/image\" data-wp-key=\"6a950947428a9\" class=\"wp-block-image size-full wp-lightbox-container\"><img decoding=\"async\" width=\"1200\" height=\"460\" data-wp-class--hide=\"state.isContentHidden\" data-wp-class--show=\"state.isContentVisible\" data-wp-init=\"callbacks.setButtonStyles\" data-wp-on--click=\"actions.showLightbox\" data-wp-on--load=\"callbacks.setButtonStyles\" data-wp-on--pointerdown=\"actions.preloadImage\" data-wp-on--pointerenter=\"actions.preloadImageWithDelay\" data-wp-on--pointerleave=\"actions.cancelPreload\" data-wp-on-window--resize=\"callbacks.setButtonStyles\" src=\"https:\/\/loudavymkrokem.cz\/wp-content\/uploads\/2026\/06\/58555-7-panorama-stredovekeho-mestecka-anghiari-na-kopci.jpg\" alt=\"Panorama \u00f6ver medeltida staden Anghiari p\u00e5 en kulle\" class=\"wp-image-199162\" title=\"\" srcset=\"https:\/\/loudavymkrokem.cz\/wp-content\/uploads\/2026\/06\/58555-7-panorama-stredovekeho-mestecka-anghiari-na-kopci.jpg 1200w, https:\/\/loudavymkrokem.cz\/wp-content\/uploads\/2026\/06\/58555-7-panorama-stredovekeho-mestecka-anghiari-na-kopci-300x115.jpg 300w, https:\/\/loudavymkrokem.cz\/wp-content\/uploads\/2026\/06\/58555-7-panorama-stredovekeho-mestecka-anghiari-na-kopci-700x268.jpg 700w, https:\/\/loudavymkrokem.cz\/wp-content\/uploads\/2026\/06\/58555-7-panorama-stredovekeho-mestecka-anghiari-na-kopci-768x294.jpg 768w, https:\/\/loudavymkrokem.cz\/wp-content\/uploads\/2026\/06\/58555-7-panorama-stredovekeho-mestecka-anghiari-na-kopci-696x267.jpg 696w\" sizes=\"(max-width: 1200px) 100vw, 1200px\" \/><button\n\t\t\tclass=\"lightbox-trigger\"\n\t\t\ttype=\"button\"\n\t\t\taria-haspopup=\"dialog\"\n\t\t\tdata-wp-bind--aria-label=\"state.thisImage.triggerButtonAriaLabel\"\n\t\t\tdata-wp-init=\"callbacks.initTriggerButton\"\n\t\t\tdata-wp-on--click=\"actions.showLightbox\"\n\t\t\tdata-wp-style--right=\"state.thisImage.buttonRight\"\n\t\t\tdata-wp-style--top=\"state.thisImage.buttonTop\"\n\t\t>\n\t\t\t<svg xmlns=\"http:\/\/www.w3.org\/2000\/svg\" width=\"12\" height=\"12\" fill=\"none\" viewBox=\"0 0 12 12\">\n\t\t\t\t<path fill=\"#fff\" d=\"M2 0a2 2 0 0 0-2 2v2h1.5V2a.5.5 0 0 1 .5-.5h2V0H2Zm2 10.5H2a.5.5 0 0 1-.5-.5V8H0v2a2 2 0 0 0 2 2h2v-1.5ZM8 12v-1.5h2a.5.5 0 0 0 .5-.5V8H12v2a2 2 0 0 1-2 2H8Zm2-12a2 2 0 0 1 2 2v2h-1.5V2a.5.5 0 0 0-.5-.5H8V0h2Z\" \/>\n\t\t\t<\/svg>\n\t\t<\/button><figcaption class=\"wp-element-caption\">Foto: Luca Aless, CC BY-SA 3.0, Wikimedia Commons<\/figcaption><\/figure>\n\n\n\n<p class=\"wp-block-paragraph\">Anghiari \u00e4r en helt f\u00f6rtjusande, f\u00f6ga k\u00e4nd liten by som ligger i \u00f6stra Toscana vid gr\u00e4nsen mot Umbrien. Den \u00e4r upptagen p\u00e5 den officiella listan \u00f6ver Italiens vackraste byar och h\u00e4r hittar du den <strong>\u00e4kta, of\u00f6rfalskade medeltida atmosf\u00e4ren<\/strong> med tr\u00e5nga gr\u00e4nder som brant kl\u00e4ttrar uppf\u00f6r kullen.<\/p>\n\n\n\n<p class=\"wp-block-paragraph\">Staden skrev in sig i historien med det <strong>ber\u00f6mda slaget vid Anghiari 1440<\/strong>, d\u00e4r florentinarna slogs mot Milano. Detta slag skulle Leonardo da Vinci ha f\u00e5ngat p\u00e5 en enorm fresk i Florens, som han dock aldrig f\u00e4rdigst\u00e4llde och som g\u00e5tfullt f\u00f6rsvann. I Anghiari \u00e4gnar sig ett f\u00e4ngslande lokalt museum \u00e5t denna h\u00e4ndelse.<\/p>\n\n\n\n<p class=\"wp-block-paragraph\">F\u00f6rutom historien \u00e4r det en gl\u00e4dje att bara str\u00f6va omkring. Den vackraste gr\u00e4nden \u00e4r <strong>Via della Torre<\/strong>, som har formen av en l\u00e5ng, svagt stigande trappa som leder \u00e4nda fram till det gamla klocktornet. H\u00e4rifr\u00e5n f\u00e5r du en vacker utsikt ner i floden Tiberns dal.<\/p>\n\n\n\n<p class=\"wp-block-paragraph\">\ud83d\udca1 Tips: I Anghiari ligger den <strong>historiska manufakturen Busatti<\/strong>, som i generationer v\u00e4ver otroligt h\u00f6gklassiga linne- och bomullstyger med traditionella metoder. Du kan titta in direkt i deras verkstad och ta med dig hem en verkligt gedigen hantverkssouvenir.<\/p>\n\n\n\n<h3 class=\"wp-block-heading\"><span class=\"ez-toc-section\" id=\"30_Graniton_Giglio\"><\/span>30. Granit\u00f6n Giglio<span class=\"ez-toc-section-end\"><\/span><\/h3>\n\n\n\n<figure data-wp-context=\"{&quot;imageId&quot;:&quot;6a95094742dba&quot;}\" data-wp-interactive=\"core\/image\" data-wp-key=\"6a95094742dba\" class=\"wp-block-image size-full wp-lightbox-container\"><img decoding=\"async\" width=\"1200\" height=\"797\" data-wp-class--hide=\"state.isContentHidden\" data-wp-class--show=\"state.isContentVisible\" data-wp-init=\"callbacks.setButtonStyles\" data-wp-on--click=\"actions.showLightbox\" data-wp-on--load=\"callbacks.setButtonStyles\" data-wp-on--pointerdown=\"actions.preloadImage\" data-wp-on--pointerenter=\"actions.preloadImageWithDelay\" data-wp-on--pointerleave=\"actions.cancelPreload\" data-wp-on-window--resize=\"callbacks.setButtonStyles\" src=\"https:\/\/loudavymkrokem.cz\/wp-content\/uploads\/2026\/06\/58555-8-vesnice-giglio-castello-na-vrcholu-kopce-na-ostrove-giglio.jpg\" alt=\"Byn Giglio Castello p\u00e5 toppen av en kulle p\u00e5 \u00f6n Giglio\" class=\"wp-image-199164\" title=\"\" srcset=\"https:\/\/loudavymkrokem.cz\/wp-content\/uploads\/2026\/06\/58555-8-vesnice-giglio-castello-na-vrcholu-kopce-na-ostrove-giglio.jpg 1200w, https:\/\/loudavymkrokem.cz\/wp-content\/uploads\/2026\/06\/58555-8-vesnice-giglio-castello-na-vrcholu-kopce-na-ostrove-giglio-300x199.jpg 300w, https:\/\/loudavymkrokem.cz\/wp-content\/uploads\/2026\/06\/58555-8-vesnice-giglio-castello-na-vrcholu-kopce-na-ostrove-giglio-700x465.jpg 700w, https:\/\/loudavymkrokem.cz\/wp-content\/uploads\/2026\/06\/58555-8-vesnice-giglio-castello-na-vrcholu-kopce-na-ostrove-giglio-768x510.jpg 768w, https:\/\/loudavymkrokem.cz\/wp-content\/uploads\/2026\/06\/58555-8-vesnice-giglio-castello-na-vrcholu-kopce-na-ostrove-giglio-696x462.jpg 696w\" sizes=\"(max-width: 1200px) 100vw, 1200px\" \/><button\n\t\t\tclass=\"lightbox-trigger\"\n\t\t\ttype=\"button\"\n\t\t\taria-haspopup=\"dialog\"\n\t\t\tdata-wp-bind--aria-label=\"state.thisImage.triggerButtonAriaLabel\"\n\t\t\tdata-wp-init=\"callbacks.initTriggerButton\"\n\t\t\tdata-wp-on--click=\"actions.showLightbox\"\n\t\t\tdata-wp-style--right=\"state.thisImage.buttonRight\"\n\t\t\tdata-wp-style--top=\"state.thisImage.buttonTop\"\n\t\t>\n\t\t\t<svg xmlns=\"http:\/\/www.w3.org\/2000\/svg\" width=\"12\" height=\"12\" fill=\"none\" viewBox=\"0 0 12 12\">\n\t\t\t\t<path fill=\"#fff\" d=\"M2 0a2 2 0 0 0-2 2v2h1.5V2a.5.5 0 0 1 .5-.5h2V0H2Zm2 10.5H2a.5.5 0 0 1-.5-.5V8H0v2a2 2 0 0 0 2 2h2v-1.5ZM8 12v-1.5h2a.5.5 0 0 0 .5-.5V8H12v2a2 2 0 0 1-2 2H8Zm2-12a2 2 0 0 1 2 2v2h-1.5V2a.5.5 0 0 0-.5-.5H8V0h2Z\" \/>\n\t\t\t<\/svg>\n\t\t<\/button><figcaption class=\"wp-element-caption\">Foto: Simonetta Viterbi, CC BY 2.0, Wikimedia Commons<\/figcaption><\/figure>\n\n\n\n<p class=\"wp-block-paragraph\">V\u00e5rt sista tips \u00e4r \u00f6n Giglio, som ligger cirka sexton kilometer fr\u00e5n kusten i omr\u00e5det Maremma. Det \u00e4r en underbar, <strong>till st\u00f6rsta delen granit\u00f6 med vild natur<\/strong>, som \u00e4r en del av nationalparken Toskanska \u00f6v\u00e4rlden. F\u00e4rjeresan hit tar ungef\u00e4r en timme.<\/p>\n\n\n\n<p class=\"wp-block-paragraph\">\u00d6n har bara tre sm\u00e5 samh\u00e4llen. Giglio Porto \u00e4r den f\u00e4rgglada hamnen dit du kommer, Giglio Castello \u00e4r en ur\u00e5ldrig by med en f\u00e4stning g\u00f6md h\u00f6gt uppe i kullarna och <strong>Giglio Campese \u00e4r en bred sandstrand p\u00e5 v\u00e4stkusten<\/strong>, idealisk f\u00f6r bad och att titta p\u00e5 solnedg\u00e5ngar.<\/p>\n\n\n\n<p class=\"wp-block-paragraph\">St\u00f6rsta delen av \u00f6n \u00e4r t\u00e4ckt av <strong>doftande medelhavsvegetation och gamla ving\u00e5rdar<\/strong>, som sluttar terrasserat ner mot havet. Av dem framst\u00e4lls det lokala starka vita vinet Ansonica, som du kan njuta av till lunch p\u00e5 n\u00e5gon av de lokala restaurangerna med utsikt \u00f6ver v\u00e5gorna.<\/p>\n\n\n\n<p class=\"wp-block-paragraph\">\ud83d\udca1 Tips: Tillbringar du semestern p\u00e5 s\u00f6dra kusten av Toscana \u00e4r Giglio en <strong>helt perfekt destination f\u00f6r en dagsutflykt<\/strong>. L\u00e4mna bilen i hamnen Porto Santo Stefano p\u00e5 fastlandet, p\u00e5 \u00f6n kan du bekv\u00e4mt ta dig fram med lokala bussar, s\u00e5 sparar du in p\u00e5 den dyra bilf\u00e4rjan.<\/p>\n\n\n\n<h2 class=\"wp-block-heading\"><span class=\"ez-toc-section\" id=\"7-dagars_resplan_genom_Toscana_med_bil\"><\/span><span class=\"ez-toc-section\" id=\"7denni_itinerar\"><\/span>7-dagars resplan genom Toscana med bil<span class=\"ez-toc-section-end\"><\/span><\/h2>\n\n\n\n<p class=\"wp-block-paragraph\">Toscana \u00e4r som skapt f\u00f6r en roadtrip, men det \u00e4r enormt och du hinner inte allt p\u00e5 en vecka. Denna logiska rundtur har vi utformat s\u00e5 att du ser de mest ber\u00f6mda st\u00e4derna, smakar utm\u00e4rkt vin och njuter av det vackraste landskapet, men samtidigt inte k\u00f6r slut p\u00e5 dig.<\/p>\n\n\n\n<p class=\"wp-block-paragraph\"><strong>Dag 1: Florens utan bil<\/strong> Om du flyger in till Florens eller k\u00f6r hit, l\u00e4mna bilen i utkanten p\u00e5 infartsparkeringen Villa Costanza och ta dig in till centrum med sp\u00e5rvagn (se upp f\u00f6r ZTL-zonerna!). \u00c4gna hela dagen \u00e5t att utforska stadens ren\u00e4ssanssk\u00f6nhet till fots. Missa absolut inte <strong>domkyrkan med Brunelleschis kupol<\/strong> och promenera \u00f6ver den ber\u00f6mda bron Ponte Vecchio full av sm\u00e5 guldsmedsbutiker. Biljetterna till gallerierna Uffizi eller Accademia b\u00f6r du <strong>k\u00f6pa online flera dagar i f\u00f6rv\u00e4g<\/strong>, annars tillbringar du halva dagen i k\u00f6.<\/p>\n\n\n\n<p class=\"wp-block-paragraph\"><strong>Dag 2: Lucca och Pisa<\/strong> Dag tv\u00e5 h\u00e4mtar du bilen och beger dig v\u00e4sterut. \u00c4gna f\u00f6rmiddagen \u00e5t Lucca, d\u00e4r du <strong>hyr cyklar och k\u00f6r l\u00e4ngs de breda ren\u00e4ssansmurarna<\/strong>. Efter en utm\u00e4rkt lunch k\u00f6r du till n\u00e4rbel\u00e4gna Pisa och utforskar <strong>hela Miraklens torg<\/strong>, inte bara det ber\u00f6mda lutande tornet, utan \u00e4ven det enorma baptisteriet och den intilliggande kyrkog\u00e5rden.<\/p>\n\n\n\n<p class=\"wp-block-paragraph\"><strong>Dag 3: San Gimignano och Volterra<\/strong> G\u00e5 upp lite tidigt p\u00e5 morgonen och styr mot San Gimignano innan de f\u00f6rsta turistbussarna anl\u00e4nder. Vandra genom de <strong>snirkliga gr\u00e4nderna mellan de fjorton medeltida tornen<\/strong> och njut i lugn och ro av morgonkaffet. P\u00e5 eftermiddagen k\u00f6r du sedan till ur\u00e5ldriga etruskiska Volterra, d\u00e4r du kan g\u00e5 vilse i de sm\u00e5 verkst\u00e4derna och beundra <strong>de lokala m\u00e4starna n\u00e4r de bearbetar alabaster<\/strong>.<\/p>\n\n\n\n<p class=\"wp-block-paragraph\"><strong>Dag 4: Siena<\/strong> \u00c4gna denna dag enbart \u00e5t Siena, som enligt oss kanske \u00e4r <strong>\u00e4nnu vackrare \u00e4n sj\u00e4lvaste Florens<\/strong>. Parkera bekv\u00e4mt i de underjordiska garagen vid murarna och bege dig till det ber\u00f6mda <strong>sn\u00e4ckformade torget Piazza del Campo<\/strong>. P\u00e5 eftermiddagen b\u00f6r du absolut utforska den fascinerande svartvita domkyrkan, och om du har kraft kvar, g\u00e5 upp f\u00f6r de smala trapporna till tornet Torre del Mangia.<\/p>\n\n\n\n<p class=\"wp-block-paragraph\"><strong>Dag 5: Vinregionen Chianti<\/strong> S\u00e4nk tempot och ge dig ut p\u00e5 en scenisk k\u00f6rtur l\u00e4ngs <strong>v\u00e4gen SR222, k\u00e4nd som Chiantigiana<\/strong>. V\u00e4gen tar dig genom pittoreska vinbyar som Greve eller Castellina in Chianti. Boka i f\u00f6rv\u00e4g en <strong>provsmakning av lokalt vin med den svarta tuppens sigill<\/strong> och gl\u00f6m inte att smaka \u00e4ven den lokala f\u00e4rska extra jungfruoljan, som \u00e4r helt uts\u00f6kt.<\/p>\n\n\n\n<p class=\"wp-block-paragraph\"><strong>Dag 6: Dalen Val d&#8217;Orcia och varma k\u00e4llor<\/strong> Bege dig till det mest kitschiga toskanska landskapet fullt av gyllene kullar och cypressall\u00e9er. Stanna i Pienza f\u00f6r en <strong>provsmakning av den uts\u00f6kta f\u00e5rosten pecorino<\/strong> och utforska p\u00e5 eftermiddagen vink\u00e4llarna uthuggna i klippan under staden Montepulciano. Mot kv\u00e4llen g\u00e5r du sedan och v\u00e4rmer dig i <strong>de naturliga varma k\u00e4llorna Bagni San Filippo<\/strong>, som \u00e4r g\u00f6mda mitt i skogen.<\/p>\n\n\n\n<p class=\"wp-block-paragraph\"><strong>Dag 7: Hav eller hemresa<\/strong> Den sista dagen kan du tillbringa med vila p\u00e5 stranden. L\u00e4ngtar du efter natur, \u00e5k till <strong>sandviken Cala Violina<\/strong> i omr\u00e5det Maremma, gl\u00f6m bara inte att boka intr\u00e4de i f\u00f6rv\u00e4g. \u00c4r du redan p\u00e5 v\u00e4g hem, g\u00f6r ett sista stopp i Arezzo, k\u00f6p souvenirer och ta en <strong>avslutande italiensk gelato p\u00e5 det vackra sluttande torget<\/strong>.<\/p>\n\n\n\n<h2 class=\"wp-block-heading\"><span class=\"ez-toc-section\" id=\"Vart_du_kan_aka_vidare_fran_Toscana\"><\/span><span class=\"ez-toc-section\" id=\"Kam_dal_z_Toskanska\"><\/span>Vart du kan \u00e5ka vidare fr\u00e5n Toscana<span class=\"ez-toc-section-end\"><\/span><\/h2>\n\n\n\n<p class=\"wp-block-paragraph\">Om du har mer tid f\u00f6r att resa runt i Italien vore det enormt synd att stanna kvar i bara en region. Toscana har n\u00e4mligen ett helt idealiskt l\u00e4ge f\u00f6r att utforska halv\u00f6n vidare. Luk\u00e1\u0161 och jag blev s\u00e5 f\u00f6r\u00e4lskade i det italienska landskapet och den italienska kulturen att vi skrev flera detaljerade guider till om det. Vill du f\u00f6rdjupa dina upplevelser fr\u00e5n Toscana \u00e4nnu mer, ta absolut en titt p\u00e5 v\u00e5r artikel som \u00e4gnas helt \u00e5t regionens huvudstad, d\u00e4r du hittar detaljerade tips p\u00e5 <a href=\"https:\/\/loudavymkrokem.cz\/sv\/florens-saker-att-se-gora\/\">Florens<\/a>. Vi har ocks\u00e5 skrivit utf\u00f6rligt om Miraklens torg i artikeln om staden <a href=\"https:\/\/loudavymkrokem.cz\/sv\/pisa-saker-att-se-gora\/\">Pisa<\/a> och tagit fram en egen guide f\u00f6r uppstigningen p\u00e5 <a href=\"https:\/\/loudavymkrokem.cz\/sv\/lutande-tornet-pisa\/\">Lutande tornet i Pisa<\/a>.<\/p>\n\n\n\n<p class=\"wp-block-paragraph\">N\u00e4r du \u00e5ker fr\u00e5n Toscana i riktning nordv\u00e4st l\u00e4ngs kusten kommer du till grannregionen Ligurien. Just d\u00e4r ligger de ber\u00f6mda fem f\u00e4rgglada byarna klistrade p\u00e5 de branta klipporna. Det \u00e4r ett helt <strong>fotogeniskt paradis med romantisk atmosf\u00e4r<\/strong>, som vi skrev en komplett guide till f\u00f6r <a href=\"https:\/\/loudavymkrokem.cz\/sv\/cinque-terre-basta-tips\/\">Cinque Terre<\/a>. Visserligen brukar det vara riktigt fullt d\u00e4r p\u00e5 sommaren, men en promenad l\u00e4ngs de smala stigarna mellan ving\u00e5rdarna h\u00f6gt \u00f6ver havet \u00e4r en upplevelse som du helt enkelt inte f\u00e5r missa.<\/p>\n\n\n\n<p class=\"wp-block-paragraph\">Om du tv\u00e4rtom lockas av att bege dig fr\u00e5n Toscana i riktning s\u00f6derut mot det s\u00e5 kallade Italiens gr\u00f6na hj\u00e4rta, f\u00e5r du inte missa regionen Umbrien. Alldeles innanf\u00f6r regiongr\u00e4nsen reser sig p\u00e5 en enorm vulkanisk klippa en <strong>fascinerande historisk stad<\/strong>, som g\u00f6mmer en av de vackraste katedralerna i hela landet. Alla v\u00e5ra tips p\u00e5 den h\u00e4r platsen hittar du i guiden till <a href=\"https:\/\/loudavymkrokem.cz\/sv\/orvieto-italien-tips\/\">Orvieto<\/a>. Och vill du forts\u00e4tta \u00e4nnu l\u00e4ngre s\u00f6derut efter antika sev\u00e4rdheter och utm\u00e4rkt mat, har vi sammanst\u00e4llt en omfattande artikel med tips p\u00e5 <a href=\"https:\/\/loudavymkrokem.cz\/sv\/platser-att-besoka-rom\/\">vad du ska se i Rom<\/a>.<\/p>\n\n\n\n<p class=\"wp-block-paragraph\">Italien \u00e4r helt enkelt ett enormt och otroligt m\u00e5ngsidigt land. De norra bergen, de romantiska sj\u00f6arna och den vilda s\u00f6dern erbjuder helt olika upplevelser. Om du \u00e4nnu inte har helt klart f\u00f6r dig vart exakt du vill \u00e5ka n\u00e4sta g\u00e5ng, har vi tagit fram en <strong>stor samlad \u00f6versikt full av inspiration<\/strong> f\u00f6r dig. Du hittar den i v\u00e5r artikel <a href=\"https:\/\/loudavymkrokem.cz\/sv\/basta-resmalen-italien\/\">Vart du ska \u00e5ka p\u00e5 semester i Italien<\/a>. Och vi har inte gl\u00f6mt romantikens och kanalernas \u00e4lskare heller, f\u00f6r vilka vi har en praktisk guide till <a href=\"https:\/\/loudavymkrokem.cz\/sv\/guide-venedig-tips\/\">Venedig<\/a>.<\/p>\n\n\n\n<!-- LKM_GYG_CARD start q=\"toskansko\" lang=\"sv\" rendered=\"2026-08-26T23:42:57+00:00\" v=\"1\" -->\n<style id=\"lk-gyg-styles\">\n@import url(\"https:\/\/fonts.googleapis.com\/css2?family=Playfair+Display:wght@700&family=DM+Sans:wght@300;400;500;600&display=swap\");\n\/* === LK GYG karty \u2014 CRO redesign 2026-05 (namespace .lkx-) ===\n   C\u00edl: vy\u0161\u0161\u00ed CTR (hero + v\u00fdrazn\u00fd social proof + ak\u010dn\u00ed CTA, m\u00e9n\u011b \"reklamn\u00ed\").\n   Injektuje se inline do prvn\u00edho markeru postu (refresh_cards.py --inline-css). *\/\n.lkx-module, .lkx-module *{box-sizing:border-box;margin:0;padding:0}\n.lkx-module{\n  font-family:'DM Sans',-apple-system,Segoe UI,Roboto,Georgia,sans-serif;\n  max-width:860px;margin:2.5rem auto;color:#1f2328;\n}\n\n\/* HEADER \u2014 lehk\u00fd editorsk\u00fd, \u017e\u00e1dn\u00fd bannerov\u00fd blok; nadpis + popisek pod n\u00edm *\/\n.lkx-head{margin-bottom:16px}\n.lkx-head-main{display:flex;align-items:center;gap:10px}\n.lkx-head-accent{width:26px;height:3px;border-radius:2px;background:#c39f76;flex-shrink:0}\n.lkx-head-title{font-family:'Playfair Display',Georgia,serif;font-size:21px;font-weight:700;color:#1a1a1a;line-height:1.25}\n.lkx-head-meta{display:block;font-size:11px;letter-spacing:.3px;color:#9aa0a6;margin-top:4px;margin-left:36px}\n\n\/* HERO *\/\n.lkx-hero{display:grid;grid-template-columns:300px 1fr;background:#fff;border:1px solid #ece7df;border-radius:14px;overflow:hidden;text-decoration:none!important;color:inherit;box-shadow:0 6px 20px rgba(0,0,0,.06);transition:box-shadow .2s,transform .2s;margin-bottom:14px}\n.lkx-hero:hover{box-shadow:0 12px 30px rgba(0,0,0,.12);transform:translateY(-2px)}\n.lkx-hero-img{position:relative;min-height:230px;background-size:cover;background-position:center;background-color:#eee}\n.lkx-hero-body{padding:22px 24px;display:flex;flex-direction:column}\n.lkx-pick{position:absolute;top:12px;left:12px;background:#1a1a1a;color:#fff;font-size:11px;font-weight:700;letter-spacing:.5px;padding:5px 11px;border-radius:20px}\n\n\/* TITLE *\/\n.lkx-title{font-size:19px;font-weight:700;color:#161616;line-height:1.3}\n.lkx-title-sm{font-size:14.5px;line-height:1.35;display:-webkit-box;-webkit-line-clamp:2;-webkit-box-orient:vertical;overflow:hidden}\n\n\/* SOCIAL PROOF \u2014 v\u00fdrazn\u011b, naho\u0159e *\/\n.lkx-proof{display:flex;align-items:center;gap:7px;margin-top:12px;font-size:15px;color:#3a3a3a}\n.lkx-proof b{font-size:16px;color:#161616}\n.lkx-stars{color:#f5a623;letter-spacing:1px}\n.lkx-proof-sm{font-size:12.5px;margin-top:8px;gap:5px}\n.lkx-proof-sm b{font-size:13px}\n.lkx-proof-new{color:#3685fc;font-weight:600}\n\n\/* PRICE \u2014 n\u00edzk\u00e1 kotva *\/\n.lkx-price{font-size:14px;color:#6b7280}\n.lkx-price b{font-size:20px;color:#161616;font-weight:700}\n.lkx-price-sm b{font-size:15px}\n\n\/* CTA \u2014 tepl\u00e9 ak\u010dn\u00ed tla\u010d\u00edtko *\/\n.lkx-cta{display:inline-flex;align-items:center;justify-content:center;text-decoration:none!important;font-weight:700;color:#fff!important;background:linear-gradient(135deg,#f6743f,#e8552a);border-radius:10px;box-shadow:0 6px 16px rgba(232,85,42,.32);transition:box-shadow .2s}\n.lkx-cta-hero{font-size:15px;padding:13px 22px}\n.lkx-hero:hover .lkx-cta-hero{box-shadow:0 8px 22px rgba(232,85,42,.45)}\n.lkx-cta-sm{font-size:12.5px;padding:9px 14px;width:100%;margin-top:2px}\n.lkx-hero-bottom{margin-top:auto;padding-top:18px;display:flex;align-items:center;justify-content:space-between;gap:14px;flex-wrap:wrap}\n\n\/* BADGE \u2014 jeden v\u00fdrazn\u00fd na fotce *\/\n.lkx-badge{position:absolute;top:12px;right:12px;font-size:10.5px;font-weight:700;letter-spacing:.3px;padding:5px 10px;border-radius:16px;color:#fff}\n.lkx-badge.badge-urgency{background:rgba(214,40,40,.92)}\n.lkx-badge.badge-new{background:rgba(54,133,252,.92)}\n.lkx-badge.badge-top{background:rgba(195,159,118,.95)}\n.lkx-badge.badge-info{background:rgba(40,40,40,.78)}\n\n\/* SECONDARY GRID *\/\n.lkx-grid{display:grid;grid-template-columns:1fr 1fr;gap:14px}\n.lkx-card{background:#fff;border:1px solid #ece7df;border-radius:14px;overflow:hidden;text-decoration:none!important;color:inherit;box-shadow:0 4px 14px rgba(0,0,0,.05);display:flex;flex-direction:column;transition:box-shadow .2s,transform .2s}\n.lkx-card:hover{box-shadow:0 10px 24px rgba(0,0,0,.1);transform:translateY(-2px)}\n.lkx-card-img{position:relative;aspect-ratio:16\/10;background-size:cover;background-position:center;background-color:#eee}\n.lkx-card-body{padding:14px 16px 16px;display:flex;flex-direction:column;gap:7px;flex:1}\n.lkx-card-bottom{margin-top:auto;padding-top:10px;display:flex;align-items:center;justify-content:space-between;gap:8px}\n\n\/* DISCLOSURE \u2014 drobn\u00e1, kv\u016fli d\u016fv\u011b\u0159e\/z\u00e1konu *\/\n.lkx-disclosure{font-size:11px;color:#a7adb3;text-align:center;margin-top:14px;line-height:1.6}\n.lkx-disclosure a{color:#c39f76;text-decoration:none}\n\n@media(max-width:680px){\n  .lkx-hero{grid-template-columns:1fr}\n  .lkx-hero-img{min-height:180px}\n  .lkx-grid{grid-template-columns:1fr}\n  .lkx-head-meta{margin-left:0;width:100%}\n  .lkx-head-title{font-size:19px}\n}\n\n<\/style>\n<div class=\"lkx-module\" data-query=\"toskansko\">\n  <div class=\"lkx-head\">\n    <div class=\"lkx-head-main\">\n      <span class=\"lkx-head-accent\"><\/span>\n      <span class=\"lkx-head-title\">Upplevelser &amp; biljetter<\/span>\n    <\/div>\n    <span class=\"lkx-head-meta\">betygsatt av resen\u00e4rer \u00b7 GetYourGuide<\/span>\n  <\/div><a class=\"lkx-hero\" href=\"https:\/\/www.getyourguide.com\/sv-se\/florens-l32\/fran-florens-dagsutflykt-pisa-siena-san-gimignano-med-lunch-t44592\/?partner_id=MKZ64IS&amp;utm_medium=online_publisher&amp;cmp=toskana-vackraste-platser\" target=\"_blank\" rel=\"sponsored noopener nofollow\">\n    <div class=\"lkx-hero-img\" style=\"background-image:url('https:\/\/cdn.getyourguide.com\/img\/tour\/5bc46ce574189.jpeg\/132.jpg')\" role=\"img\" aria-label=\"Florens: Pisa, Siena och San Gimignano Dagsutflykt med lunch\">\n      <span class=\"lkx-pick\">\u2605 V\u00e5rt val<\/span><\/div>\n    <div class=\"lkx-hero-body\">\n      <div class=\"lkx-title\">Florens: Pisa, Siena och San Gimignano Dagsutflykt med lunch<\/div>\n      <div class=\"lkx-proof\">\n      <span class=\"lkx-stars\">\u2605\u2605\u2605\u2605\u2605<\/span>\n      <b>4.6<\/b> \u00b7 11 426 omd\u00f6men\n    <\/div>\n      <div class=\"lkx-hero-bottom\"><div class=\"lkx-price\">fr\u00e5n <b>49\u00a0EUR<\/b><\/div><span class=\"lkx-cta lkx-cta-hero\">Det h\u00e4r vill jag uppleva \u2192<\/span>\n      <\/div>\n    <\/div>\n  <\/a><div class=\"lkx-grid\"><a class=\"lkx-card\" href=\"https:\/\/www.getyourguide.com\/sv-se\/florens-l32\/florens-san-gimignano-siena-chianti-vinprovning-och-lunch-t10680\/?partner_id=MKZ64IS&amp;utm_medium=online_publisher&amp;cmp=toskana-vackraste-platser\" target=\"_blank\" rel=\"sponsored noopener nofollow\">\n      <div class=\"lkx-card-img\" style=\"background-image:url('https:\/\/cdn.getyourguide.com\/img\/tour\/35e1cac79065a423317fe75f3f706b1c952394d2eb03b7dd0f19ccd1a0c2e747.jpg\/132.jpg')\" role=\"img\" aria-label=\"Florens: San Gimignano, Siena, Chianti vinprovning och lunch\"><\/div>\n      <div class=\"lkx-card-body\">\n        <div class=\"lkx-title lkx-title-sm\">Florens: San Gimignano, Siena, Chianti vinprovning och lunch<\/div>\n        <div class=\"lkx-proof lkx-proof-sm\">\n      <span class=\"lkx-stars\">\u2605<\/span>\n      <b>4.6<\/b> \u00b7 3 894\n    <\/div>\n        <div class=\"lkx-card-bottom\"><span class=\"lkx-price lkx-price-sm\">fr\u00e5n <b>71\u00a0EUR<\/b><\/span><span class=\"lkx-cta lkx-cta-sm\">Visa datum \u2192<\/span>\n        <\/div>\n      <\/div>\n    <\/a><a class=\"lkx-card\" href=\"https:\/\/www.getyourguide.com\/sv-se\/florens-l32\/val-d-orcia-och-st-antimo-upptacktsfard-med-gourmetlunch-t601787\/?partner_id=MKZ64IS&amp;utm_medium=online_publisher&amp;cmp=toskana-vackraste-platser\" target=\"_blank\" rel=\"sponsored noopener nofollow\">\n      <div class=\"lkx-card-img\" style=\"background-image:url('https:\/\/cdn.getyourguide.com\/img\/tour\/4fc74d39de5a07fbf8772b1b67fd605f6a4b2cfe715632484978a6a54f5b8f25.jpg\/132.jpg')\" role=\"img\" aria-label=\"Florens: Montalcino, Pienza, Montepulciano och vinprovningar\"><\/div>\n      <div class=\"lkx-card-body\">\n        <div class=\"lkx-title lkx-title-sm\">Florens: Montalcino, Pienza, Montepulciano och vinprovningar<\/div>\n        <div class=\"lkx-proof lkx-proof-sm\">\n      <span class=\"lkx-stars\">\u2605<\/span>\n      <b>4.7<\/b> \u00b7 356\n    <\/div>\n        <div class=\"lkx-card-bottom\"><span class=\"lkx-price lkx-price-sm\">fr\u00e5n <b>74\u00a0EUR<\/b><\/span><span class=\"lkx-cta lkx-cta-sm\">Visa datum \u2192<\/span>\n        <\/div>\n      <\/div>\n    <\/a><\/div><div class=\"lkx-disclosure\">\ud83d\udd17 Affiliate-l\u00e4nkar \u2014 p\u00e5verkar inte ditt pris och hj\u00e4lper oss att skapa inneh\u00e5ll. \u00b7 <a href=\"https:\/\/www.getyourguide.com\/sv-se\/s\/?q=toskansko&amp;partner_id=MKZ64IS&amp;utm_medium=online_publisher\" target=\"_blank\" rel=\"sponsored noopener nofollow\">Alla upplevelser \u2192<\/a><\/div>\n<\/div>\n<!-- LKM_GYG_CARD end -->\n\n\n\n<h2 class=\"wp-block-heading\"><span class=\"ez-toc-section\" id=\"Vanliga_fragor\"><\/span><span class=\"ez-toc-section\" id=\"Casto_kladene_otazky\"><\/span>Vanliga fr\u00e5gor<span class=\"ez-toc-section-end\"><\/span><\/h2>\n\n\n<div id=\"rank-math-faq\" class=\"rank-math-block\">\n<div class=\"rank-math-list \">\n<div id=\"faq-question-1780491063000\" class=\"rank-math-list-item\">\n<h3 class=\"rank-math-question \"><span class=\"ez-toc-section\" id=\"Hur_manga_dagar_racker_for_ett_besok_i_Toskana\"><\/span>Hur m\u00e5nga dagar r\u00e4cker f\u00f6r ett bes\u00f6k i Toskana?<span class=\"ez-toc-section-end\"><\/span><\/h3>\n<div class=\"rank-math-answer \">\n\n<p>F\u00f6r det mest n\u00f6dv\u00e4ndiga som Florens och en snabb rundtur p\u00e5 landsbygden r\u00e4cker en l\u00e5nghelg. Men om du verkligen vill njuta av regionen \u00e4r <strong>det ideala att \u00e5ka 5 till 7 dagar<\/strong>. D\u00e5 f\u00e5r du tillr\u00e4ckligt med tid f\u00f6r att i lugn och ro utforska mindre kulliga st\u00e4der, bes\u00f6ka ving\u00e5rdar och bada i naturliga termalk\u00e4llor utan st\u00e4ndig br\u00e5dska.<\/p>\n\n<\/div>\n<\/div>\n<div id=\"faq-question-1780491063001\" class=\"rank-math-list-item\">\n<h3 class=\"rank-math-question \"><span class=\"ez-toc-section\" id=\"Nar_ar_basta_tiden_att_aka\"><\/span>N\u00e4r \u00e4r b\u00e4sta tiden att \u00e5ka?<span class=\"ez-toc-section-end\"><\/span><\/h3>\n<div class=\"rank-math-answer \">\n\n<p>Den absolut b\u00e4sta perioden f\u00f6r ett bes\u00f6k \u00e4r m\u00e5naderna <strong>april, maj, september och oktober<\/strong>. D\u00e5 undviker du den obehagliga sommarv\u00e4rmen som ofta \u00f6verstiger 35 grader, och samtidigt m\u00f6ter du inte lika stora turistmassor. V\u00e5ren erbjuder ett vackert blommande gr\u00f6nt landskap, medan h\u00f6sten \u00e4r idealisk f\u00f6r \u00e4lskare av vinsk\u00f6rd och olivsk\u00f6rd.<\/p>\n\n<\/div>\n<\/div>\n<div id=\"faq-question-1780491063002\" class=\"rank-math-list-item\">\n<h3 class=\"rank-math-question \"><span class=\"ez-toc-section\" id=\"Ar_en_semester_i_Toskana_dyr\"><\/span>\u00c4r en semester i Toskana dyr?<span class=\"ez-toc-section-end\"><\/span><\/h3>\n<div class=\"rank-math-answer \">\n\n<p>Toskana tillh\u00f6r de lite dyrare italienska regionerna, framf\u00f6r allt i n\u00e4rheten av Florens och Siena. Men om du <strong>v\u00e4ljer boende p\u00e5 landsbygden i en agriturismo<\/strong> och \u00e4ter p\u00e5 mindre familjedrivna trattorier utanf\u00f6r huvudtorgen kan kostnaderna h\u00e5llas p\u00e5 en rimlig niv\u00e5. Du sparar ocks\u00e5 mycket pengar genom att bes\u00f6ka fritt tillg\u00e4ngliga termalbad ist\u00e4llet f\u00f6r lyxiga hotellspaanl\u00e4ggningar.<\/p>\n\n<\/div>\n<\/div>\n<div id=\"faq-question-1780491063003\" class=\"rank-math-list-item\">\n<h3 class=\"rank-math-question \"><span class=\"ez-toc-section\" id=\"Behover_jag_bil_for_att_resa\"><\/span>Beh\u00f6ver jag bil f\u00f6r att resa?<span class=\"ez-toc-section-end\"><\/span><\/h3>\n<div class=\"rank-math-answer \">\n\n<p>Det beror p\u00e5 din plan. Om du bara vill se de stora st\u00e4derna som Florens, Pisa eller Lucca <strong>klarar du dig utm\u00e4rkt med det italienska t\u00e5gn\u00e4tverket<\/strong>. Men om du l\u00e4ngtar efter att strosa runt i Val d&#8217;Orcia-dalen, vill bes\u00f6ka isolerade ving\u00e5rdar eller tuffst\u00e4derna i s\u00f6der, kommer du praktiskt taget inte dit utan en hyrbil.<\/p>\n\n<\/div>\n<\/div>\n<div id=\"faq-question-1780491063004\" class=\"rank-math-list-item\">\n<h3 class=\"rank-math-question \"><span class=\"ez-toc-section\" id=\"Hur_undviker_jag_parkeringsboter\"><\/span>Hur undviker jag parkeringsb\u00f6ter?<span class=\"ez-toc-section-end\"><\/span><\/h3>\n<div class=\"rank-math-answer \">\n\n<p>Den st\u00f6rsta f\u00e4llan f\u00f6r utl\u00e4nningar \u00e4r <strong>de s\u00e5 kallade ZTL-zonerna i st\u00e4dernas historiska centrum<\/strong>. Infarten till dem \u00f6vervakas av kameror och utan tillst\u00e5nd f\u00e5r du automatiskt en b\u00f6ter som kommer hem till dig. Innan du k\u00f6r in i n\u00e5gon stad, leta d\u00e4rf\u00f6r alltid efter skyltar med ett bl\u00e5tt P och parkera bilen s\u00e4kert utanf\u00f6r de historiska murarna.<\/p>\n\n<\/div>\n<\/div>\n<div id=\"faq-question-1780491063005\" class=\"rank-math-list-item\">\n<h3 class=\"rank-math-question \"><span class=\"ez-toc-section\" id=\"Vilka_vegetariska_specialiteter_maste_jag_prova\"><\/span>Vilka vegetariska specialiteter m\u00e5ste jag prova?<span class=\"ez-toc-section-end\"><\/span><\/h3>\n<div class=\"rank-math-answer \">\n\n<p>Det toskanska k\u00f6ket \u00e4r som skapat f\u00f6r vegetarianer. Du <strong>m\u00e5ste absolut prova den tjocka soppan ribollita<\/strong> full av b\u00f6nor och gr\u00f6nsaker, eller sommarsalladen panzanella med tomater gjord p\u00e5 gammalt br\u00f6d. Vi \u00e4lskade mest de handgjorda tjocka spagettiliknande pici med vitl\u00f6kss\u00e5s och den utm\u00e4rkta lokala f\u00e5rosten pecorino di Pienza med p\u00e4ronmarmelad.<\/p>\n\n<\/div>\n<\/div>\n<div id=\"faq-question-1780491063006\" class=\"rank-math-list-item\">\n<h3 class=\"rank-math-question \"><span class=\"ez-toc-section\" id=\"Var_hittar_jag_termalkallor_gratis\"><\/span>Var hittar jag termalk\u00e4llor gratis?<span class=\"ez-toc-section-end\"><\/span><\/h3>\n<div class=\"rank-math-answer \">\n\n<p>Toskana \u00e4r fullt av naturliga bad som du inte beh\u00f6ver betala en euro f\u00f6r. De <strong>mest k\u00e4nda \u00e4r kaskaderna Cascate del Mulino<\/strong> n\u00e4ra staden Saturnia, d\u00e4r du kan bada i travertindammar. Ett vilt alternativ mitt i skogen \u00e4r k\u00e4llorna Bagni San Filippo. R\u00e4kna dock med att du inte hittar n\u00e5gra omkl\u00e4dningsrum eller toaletter d\u00e4r.<\/p>\n\n<\/div>\n<\/div>\n<div id=\"faq-question-1780491063007\" class=\"rank-math-list-item\">\n<h3 class=\"rank-math-question \"><span class=\"ez-toc-section\" id=\"Kan_man_campa_i_Toskana\"><\/span>Kan man campa i Toskana?<span class=\"ez-toc-section-end\"><\/span><\/h3>\n<div class=\"rank-math-answer \">\n\n<p>Ja, camping \u00e4r mycket popul\u00e4rt h\u00e4r och du hittar <strong>massor av vackra och v\u00e4lutrustade campingplatser<\/strong>. Fantastiska alternativ finns l\u00e4ngs kusten i Maremma-omr\u00e5det, d\u00e4r du kan sova bara ett stenkast fr\u00e5n stranden under skuggan av h\u00f6ga pinjer. Fina campingplatser finns ocks\u00e5 utspridda p\u00e5 landsbygden, till exempel hittar du en camping med pool precis vid Florens.<\/p>\n\n<\/div>\n<\/div>\n<\/div>\n<\/div>","protected":false},"excerpt":{"rendered":"<p>Uppt\u00e4ck med oss 30 av de vackraste platserna i Toscana, undvik folkmassorna och parkeringsb\u00f6terna och planera den perfekta roadtripen full av vin och varma k\u00e4llor.<\/p>\n","protected":false},"author":3,"featured_media":149210,"comment_status":"closed","ping_status":"closed","sticky":false,"template":"","format":"standard","meta":{"_acf_changed":false,"footnotes":"","rank_math_title":"Toscana Italien: 30 vackraste platserna & resplan","rank_math_description":"Uppt\u00e4ck de 30 vackraste platserna i Toscana, Italien: Florens, Siena, varma k\u00e4llor och vin. F\u00f6lj v\u00e5r 7-dagars resplan och planera din roadtrip redan idag!","rank_math_focus_keyword":"vackraste platserna i Toscana","rank_math_seo_score":""},"categories":[1178,1193,1162,1404],"tags":[],"class_list":["post-147125","post","type-post","status-publish","format-standard","has-post-thumbnail","category-europa","category-italien","category-resor","category-toscana"],"acf":[],"featured_image_src":"https:\/\/loudavymkrokem.cz\/wp-content\/uploads\/2023\/05\/saturnia-lazne-1.jpg","author_info":{"display_name":"Lucie Kone\u010dn\u00e1","author_link":"https:\/\/loudavymkrokem.cz\/sv\/author\/lucie-konecna\/"},"_links":{"self":[{"href":"https:\/\/loudavymkrokem.cz\/sv\/wp-json\/wp\/v2\/posts\/147125","targetHints":{"allow":["GET"]}}],"collection":[{"href":"https:\/\/loudavymkrokem.cz\/sv\/wp-json\/wp\/v2\/posts"}],"about":[{"href":"https:\/\/loudavymkrokem.cz\/sv\/wp-json\/wp\/v2\/types\/post"}],"author":[{"embeddable":true,"href":"https:\/\/loudavymkrokem.cz\/sv\/wp-json\/wp\/v2\/users\/3"}],"replies":[{"embeddable":true,"href":"https:\/\/loudavymkrokem.cz\/sv\/wp-json\/wp\/v2\/comments?post=147125"}],"version-history":[{"count":0,"href":"https:\/\/loudavymkrokem.cz\/sv\/wp-json\/wp\/v2\/posts\/147125\/revisions"}],"wp:featuredmedia":[{"embeddable":true,"href":"https:\/\/loudavymkrokem.cz\/sv\/wp-json\/wp\/v2\/media\/149210"}],"wp:attachment":[{"href":"https:\/\/loudavymkrokem.cz\/sv\/wp-json\/wp\/v2\/media?parent=147125"}],"wp:term":[{"taxonomy":"category","embeddable":true,"href":"https:\/\/loudavymkrokem.cz\/sv\/wp-json\/wp\/v2\/categories?post=147125"},{"taxonomy":"post_tag","embeddable":true,"href":"https:\/\/loudavymkrokem.cz\/sv\/wp-json\/wp\/v2\/tags?post=147125"}],"curies":[{"name":"wp","href":"https:\/\/api.w.org\/{rel}","templated":true}]}}