{"id":147121,"date":"2026-08-03T09:30:00","date_gmt":"2026-08-03T07:30:00","guid":{"rendered":"https:\/\/loudavymkrokem.cz\/?p=147121"},"modified":"2026-08-27T00:28:21","modified_gmt":"2026-08-26T22:28:21","slug":"platser-att-besoka-rom","status":"publish","type":"post","link":"https:\/\/loudavymkrokem.cz\/sv\/platser-att-besoka-rom\/","title":{"rendered":"Rom, Italien: 40 b\u00e4sta platser att se i den eviga staden"},"content":{"rendered":"\n<!-- lk-tldr -->\n<div class=\"lk-tldr\" style=\"background:#f7f5f0;border-left:4px solid #c39f76;border-radius:0 10px 10px 0;padding:14px 18px;margin:0 0 26px;font-size:15px;line-height:1.65;\"><strong style=\"display:block;font-size:12px;text-transform:uppercase;letter-spacing:.06em;color:#a9885a;margin-bottom:5px;\">TL;DR<\/strong>Rom i Italien bjuder p\u00e5 27 nyckelstopp \u2013 fr\u00e5n Colosseum, Forum Romanum och Pantheon via Vatikanmuseerna med Sixtinska kapellet och Peterskyrkan till Fontana di Trevi, Piazza Navona, Trastevere och kvarteret Testaccio. Avs\u00e4tt helst fyra hela dagar, och de b\u00e4sta m\u00e5naderna \u00e4r maj, juni, september och oktober med temperaturer runt 22 grader. Biljetter till Colosseum (runt 20 euro), Vatikanmuseerna (runt 25 euro) och Galleria Borghese (runt 18 euro) m\u00e5ste du boka online till och med en m\u00e5nad i f\u00f6rv\u00e4g. Fr\u00e5n 2026 \u00e4r det avgift f\u00f6r att komma ner till bass\u00e4ngen vid <strong>Fontana di Trevi<\/strong> (2 euro) och f\u00f6r entr\u00e9 till <strong>Pantheon<\/strong> (7 euro). Vatten fyller du p\u00e5 gratis vid tusentals dricksfont\u00e4ner i hela staden.<\/div>\n<!-- \/lk-tldr -->\n\n\n\n<!-- lk-navbar -->\n<div class=\"lk-navbar\" style=\"margin:0 0 28px;\"><div style=\"font-size:12px;text-transform:uppercase;letter-spacing:.06em;color:#a9885a;font-weight:700;margin-bottom:9px;\">Snabbl\u00e4nkar<\/div><div style=\"display:flex;flex-wrap:wrap;gap:9px;\"><a href=\"#Kde_se_ubytovat_v_Rime\" style=\"background:#c39f76;color:#fff;border:1px solid #c39f76;padding:9px 15px;border-radius:22px;font-size:14px;font-weight:700;text-decoration:none;display:inline-block;line-height:1;\">\ud83d\udccd Var du bor<\/a><a href=\"#Vsech_40_mist_v_Rime_prehledne\" style=\"background:#c39f76;color:#fff;border:1px solid #c39f76;padding:9px 15px;border-radius:22px;font-size:14px;font-weight:700;text-decoration:none;display:inline-block;line-height:1;\">\u2b50 Att se<\/a><a href=\"#Kdy_vyrazit_do_Rima\" style=\"background:#fff;color:#6b5a44;border:1px solid #e2d6c1;padding:9px 15px;border-radius:22px;font-size:14px;font-weight:600;text-decoration:none;display:inline-block;line-height:1;\">\u2600\ufe0f N\u00e4r du \u00e5ker<\/a><a href=\"#Kam_dal_z_Rima\" style=\"background:#fff;color:#6b5a44;border:1px solid #e2d6c1;padding:9px 15px;border-radius:22px;font-size:14px;font-weight:600;text-decoration:none;display:inline-block;line-height:1;\">\ud83e\udded Omgivningen<\/a><a href=\"#Casto_kladene_otazky\" style=\"background:#fff;color:#6b5a44;border:1px solid #e2d6c1;padding:9px 15px;border-radius:22px;font-size:14px;font-weight:600;text-decoration:none;display:inline-block;line-height:1;\">\u2753 FAQ<\/a><\/div><\/div>\n<!-- \/lk-navbar -->\n\n\n\n\n<p class=\"wp-block-paragraph\">Rom i Italien \u00e4r en av v\u00e4rldens vackraste st\u00e4der, det tvivlar nog ingen av oss p\u00e5. Varje g\u00e5ng jag kommer hit blir jag p\u00e5 nytt \u00f6verraskad av <strong>vilken enorm energi den h\u00e4r eviga staden har<\/strong>. Luk\u00e1\u0161 och jag \u00e5kte hit f\u00f6r att fira hans f\u00f6delsedag i juni, och jag m\u00e5ste \u00e4rligt erk\u00e4nna att den italienska solen gav oss en riktig utmaning.<\/p>\n\n\n\n<p class=\"wp-block-paragraph\">Temperaturerna kr\u00f6p redan d\u00e5 <strong>upp mot trettiofem grader<\/strong>, hettan str\u00e5lade fr\u00e5n de antika stenarna och vi gick troget mellan tjugo och trettiofemtusen steg varje dag. Vi klarade det till slut bara tack vare de allest\u00e4des n\u00e4rvarande dricksfont\u00e4nerna med kallt vatten och gigantiska portioner perfekt italiensk gelato, som vi unnade oss ungef\u00e4r tv\u00e5 g\u00e5nger om dagen. \ud83d\ude05<\/p>\n\n\n\n<p class=\"wp-block-paragraph\">N\u00e4r vi p\u00e5 kv\u00e4llen verkligen inte orkade mer och benen sa upp sig efter de <strong>f\u00f6rbaskade romerska gatstenarna<\/strong>, hyrde vi elsparkcyklar och \u00e5kte l\u00e4ngs floden Tibern. Det var helt underbart, och den l\u00e4tta kv\u00e4llsbrisen r\u00e4ddade oss bokstavligen. Den h\u00e4r tv\u00e5ochetthalvt tusen \u00e5r gamla staden lyckas helt enkelt imponera p\u00e5 mig vid varje bes\u00f6k, trots att jag redan k\u00e4nner den ganska v\u00e4l.<\/p>\n\n\n\n<p class=\"wp-block-paragraph\">Antiken m\u00f6ter h\u00e4r helt naturligt morgonens trafikstockning, <strong>barockfont\u00e4ner pryder vartannat torg<\/strong> och du har hela tiden k\u00e4nslan av att promenera i ett enda enormt levande museum. Jag har satt ihop en ultimat guide d\u00e4r du hittar tjugosju tips p\u00e5 vad du ska se och g\u00f6ra i Rom. Jag ber\u00e4ttar hur du kan \u00e4lska staden lika mycket som vi \u2013 och framf\u00f6r allt hur du undviker att bli uppslukad av de \u00e4ndl\u00f6sa turistmassorna.<\/p>\n\n\n\n<figure data-wp-context=\"{&quot;imageId&quot;:&quot;6a95132fe7147&quot;}\" data-wp-interactive=\"core\/image\" data-wp-key=\"6a95132fe7147\" class=\"wp-block-image size-full wp-lightbox-container\"><img decoding=\"async\" width=\"1200\" height=\"630\" data-wp-class--hide=\"state.isContentHidden\" data-wp-class--show=\"state.isContentVisible\" data-wp-init=\"callbacks.setButtonStyles\" data-wp-on--click=\"actions.showLightbox\" data-wp-on--load=\"callbacks.setButtonStyles\" data-wp-on--pointerdown=\"actions.preloadImage\" data-wp-on--pointerenter=\"actions.preloadImageWithDelay\" data-wp-on--pointerleave=\"actions.cancelPreload\" data-wp-on-window--resize=\"callbacks.setButtonStyles\" src=\"https:\/\/loudavymkrokem.cz\/wp-content\/uploads\/2022\/07\/co-videt-v-rime.jpg\" alt=\"Vad du ska se i Rom, Italien\" class=\"wp-image-92747\" title=\"\" srcset=\"https:\/\/loudavymkrokem.cz\/wp-content\/uploads\/2022\/07\/co-videt-v-rime.jpg 1200w, https:\/\/loudavymkrokem.cz\/wp-content\/uploads\/2022\/07\/co-videt-v-rime-300x158.jpg 300w, https:\/\/loudavymkrokem.cz\/wp-content\/uploads\/2022\/07\/co-videt-v-rime-700x368.jpg 700w, https:\/\/loudavymkrokem.cz\/wp-content\/uploads\/2022\/07\/co-videt-v-rime-768x403.jpg 768w, https:\/\/loudavymkrokem.cz\/wp-content\/uploads\/2022\/07\/co-videt-v-rime-696x365.jpg 696w\" sizes=\"(max-width: 1200px) 100vw, 1200px\" \/><button\n\t\t\tclass=\"lightbox-trigger\"\n\t\t\ttype=\"button\"\n\t\t\taria-haspopup=\"dialog\"\n\t\t\tdata-wp-bind--aria-label=\"state.thisImage.triggerButtonAriaLabel\"\n\t\t\tdata-wp-init=\"callbacks.initTriggerButton\"\n\t\t\tdata-wp-on--click=\"actions.showLightbox\"\n\t\t\tdata-wp-style--right=\"state.thisImage.buttonRight\"\n\t\t\tdata-wp-style--top=\"state.thisImage.buttonTop\"\n\t\t>\n\t\t\t<svg xmlns=\"http:\/\/www.w3.org\/2000\/svg\" width=\"12\" height=\"12\" fill=\"none\" viewBox=\"0 0 12 12\">\n\t\t\t\t<path fill=\"#fff\" d=\"M2 0a2 2 0 0 0-2 2v2h1.5V2a.5.5 0 0 1 .5-.5h2V0H2Zm2 10.5H2a.5.5 0 0 1-.5-.5V8H0v2a2 2 0 0 0 2 2h2v-1.5ZM8 12v-1.5h2a.5.5 0 0 0 .5-.5V8H12v2a2 2 0 0 1-2 2H8Zm2-12a2 2 0 0 1 2 2v2h-1.5V2a.5.5 0 0 0-.5-.5H8V0h2Z\" \/>\n\t\t\t<\/svg>\n\t\t<\/button><figcaption class=\"wp-element-caption\">Vad du ska se i Rom<\/figcaption><\/figure>\n\n\n\n<div id=\"ez-toc-container\" class=\"ez-toc-v2_0_86 ez-toc-wrap-left counter-hierarchy ez-toc-counter ez-toc-grey ez-toc-container-direction\">\n<div class=\"ez-toc-title-container\">\n<p class=\"ez-toc-title\" style=\"cursor:inherit\">Artikelns inneh\u00e5ll<\/p>\n<span class=\"ez-toc-title-toggle\"><a href=\"#\" class=\"ez-toc-pull-right ez-toc-btn ez-toc-btn-xs ez-toc-btn-default ez-toc-toggle\" aria-label=\"Toggle Table of Content\"><span class=\"ez-toc-js-icon-con\"><span class=\"\"><span class=\"eztoc-hide\" style=\"display:none;\">Toggle<\/span><span class=\"ez-toc-icon-toggle-span\"><svg style=\"fill: #999;color:#999\" xmlns=\"http:\/\/www.w3.org\/2000\/svg\" class=\"list-377408\" width=\"20px\" height=\"20px\" viewBox=\"0 0 24 24\" fill=\"none\"><path d=\"M6 6H4v2h2V6zm14 0H8v2h12V6zM4 11h2v2H4v-2zm16 0H8v2h12v-2zM4 16h2v2H4v-2zm16 0H8v2h12v-2z\" fill=\"currentColor\"><\/path><\/svg><svg style=\"fill: #999;color:#999\" class=\"arrow-unsorted-368013\" xmlns=\"http:\/\/www.w3.org\/2000\/svg\" width=\"10px\" height=\"10px\" viewBox=\"0 0 24 24\" version=\"1.2\" baseProfile=\"tiny\"><path d=\"M18.2 9.3l-6.2-6.3-6.2 6.3c-.2.2-.3.4-.3.7s.1.5.3.7c.2.2.4.3.7.3h11c.3 0 .5-.1.7-.3.2-.2.3-.5.3-.7s-.1-.5-.3-.7zM5.8 14.7l6.2 6.3 6.2-6.3c.2-.2.3-.5.3-.7s-.1-.5-.3-.7c-.2-.2-.4-.3-.7-.3h-11c-.3 0-.5.1-.7.3-.2.2-.3.5-.3.7s.1.5.3.7z\"\/><\/svg><\/span><\/span><\/span><\/a><\/span><\/div>\n<nav><ul class='ez-toc-list ez-toc-list-level-1 ' ><ul class='ez-toc-list-level-3' ><li class='ez-toc-heading-level-3'><a class=\"ez-toc-link ez-toc-heading-1\" href=\"https:\/\/loudavymkrokem.cz\/sv\/platser-att-besoka-rom\/#Sammanfattning\" >Sammanfattning<\/a><\/li><\/ul><\/li><li class='ez-toc-page-1 ez-toc-heading-level-2'><a class=\"ez-toc-link ez-toc-heading-2\" href=\"https:\/\/loudavymkrokem.cz\/sv\/platser-att-besoka-rom\/#Alla_40_platser_i_Rom_Italien_%E2%80%93_overskadligt\" >Alla 40 platser i Rom, Italien \u2013 \u00f6versk\u00e5dligt<\/a><\/li><li class='ez-toc-page-1 ez-toc-heading-level-2'><a class=\"ez-toc-link ez-toc-heading-3\" href=\"https:\/\/loudavymkrokem.cz\/sv\/platser-att-besoka-rom\/#Nar_du_bor_aka_till_Rom_Italien_%E2%80%93_vader_och_sasong\" >N\u00e4r du b\u00f6r \u00e5ka till Rom, Italien \u2013 v\u00e4der och s\u00e4song<\/a><\/li><li class='ez-toc-page-1 ez-toc-heading-level-2'><a class=\"ez-toc-link ez-toc-heading-4\" href=\"https:\/\/loudavymkrokem.cz\/sv\/platser-att-besoka-rom\/#Var_du_bor_i_Rom_%E2%80%93_basta_stadsdelar_och_hotell\" >Var du bor i Rom \u2013 b\u00e4sta stadsdelar och hotell<\/a><\/li><li class='ez-toc-page-1 ez-toc-heading-level-2'><a class=\"ez-toc-link ez-toc-heading-5\" href=\"https:\/\/loudavymkrokem.cz\/sv\/platser-att-besoka-rom\/#27_mest_kanda_sevardheter_i_Rom_du_inte_far_missa\" >27 mest k\u00e4nda sev\u00e4rdheter i Rom du inte f\u00e5r missa<\/a><ul class='ez-toc-list-level-3' ><li class='ez-toc-heading-level-3'><a class=\"ez-toc-link ez-toc-heading-6\" href=\"https:\/\/loudavymkrokem.cz\/sv\/platser-att-besoka-rom\/#1_Colosseum_och_dess_arena\" >1. Colosseum och dess arena<\/a><\/li><li class='ez-toc-page-1 ez-toc-heading-level-3'><a class=\"ez-toc-link ez-toc-heading-7\" href=\"https:\/\/loudavymkrokem.cz\/sv\/platser-att-besoka-rom\/#2_Colosseums_underjord_Hypogeum\" >2. Colosseums underjord (Hypogeum)<\/a><\/li><li class='ez-toc-page-1 ez-toc-heading-level-3'><a class=\"ez-toc-link ez-toc-heading-8\" href=\"https:\/\/loudavymkrokem.cz\/sv\/platser-att-besoka-rom\/#3_Forum_Romanum\" >3. Forum Romanum<\/a><\/li><li class='ez-toc-page-1 ez-toc-heading-level-3'><a class=\"ez-toc-link ez-toc-heading-9\" href=\"https:\/\/loudavymkrokem.cz\/sv\/platser-att-besoka-rom\/#4_Palatinen_och_Farnesiska_tradgardarna\" >4. Palatinen och Farnesiska tr\u00e4dg\u00e5rdarna<\/a><\/li><li class='ez-toc-page-1 ez-toc-heading-level-3'><a class=\"ez-toc-link ez-toc-heading-10\" href=\"https:\/\/loudavymkrokem.cz\/sv\/platser-att-besoka-rom\/#5_Fontana_di_Trevi_i_sin_nya_ordning\" >5. Fontana di Trevi i sin nya ordning<\/a><\/li><li class='ez-toc-page-1 ez-toc-heading-level-3'><a class=\"ez-toc-link ez-toc-heading-11\" href=\"https:\/\/loudavymkrokem.cz\/sv\/platser-att-besoka-rom\/#6_Den_dolda_underjorden_Vicus_Caprarius\" >6. Den dolda underjorden Vicus Caprarius<\/a><\/li><li class='ez-toc-page-1 ez-toc-heading-level-3'><a class=\"ez-toc-link ez-toc-heading-12\" href=\"https:\/\/loudavymkrokem.cz\/sv\/platser-att-besoka-rom\/#7_Pantheon_och_dess_oppna_kupol\" >7. Pantheon och dess \u00f6ppna kupol<\/a><\/li><li class='ez-toc-page-1 ez-toc-heading-level-3'><a class=\"ez-toc-link ez-toc-heading-13\" href=\"https:\/\/loudavymkrokem.cz\/sv\/platser-att-besoka-rom\/#8_Piazza_Navona_och_Fyra_flodernas_fontan\" >8. Piazza Navona och Fyra flodernas font\u00e4n<\/a><\/li><li class='ez-toc-page-1 ez-toc-heading-level-3'><a class=\"ez-toc-link ez-toc-heading-14\" href=\"https:\/\/loudavymkrokem.cz\/sv\/platser-att-besoka-rom\/#9_Vatikanmuseerna\" >9. Vatikanmuseerna<\/a><\/li><li class='ez-toc-page-1 ez-toc-heading-level-3'><a class=\"ez-toc-link ez-toc-heading-15\" href=\"https:\/\/loudavymkrokem.cz\/sv\/platser-att-besoka-rom\/#10_Sixtinska_kapellet\" >10. Sixtinska kapellet<\/a><\/li><li class='ez-toc-page-1 ez-toc-heading-level-3'><a class=\"ez-toc-link ez-toc-heading-16\" href=\"https:\/\/loudavymkrokem.cz\/sv\/platser-att-besoka-rom\/#11_Peterskyrkan\" >11. Peterskyrkan<\/a><\/li><li class='ez-toc-page-1 ez-toc-heading-level-3'><a class=\"ez-toc-link ez-toc-heading-17\" href=\"https:\/\/loudavymkrokem.cz\/sv\/platser-att-besoka-rom\/#12_Uppstigning_till_kyrkans_kupol\" >12. Uppstigning till kyrkans kupol<\/a><\/li><li class='ez-toc-page-1 ez-toc-heading-level-3'><a class=\"ez-toc-link ez-toc-heading-18\" href=\"https:\/\/loudavymkrokem.cz\/sv\/platser-att-besoka-rom\/#13_Petersplatsen_och_paveaudiensen\" >13. Petersplatsen och p\u00e5veaudiensen<\/a><\/li><li class='ez-toc-page-1 ez-toc-heading-level-3'><a class=\"ez-toc-link ez-toc-heading-19\" href=\"https:\/\/loudavymkrokem.cz\/sv\/platser-att-besoka-rom\/#14_Anglaborgen_Castel_SantAngelo\" >14. \u00c4nglaborgen (Castel Sant&#8217;Angelo)<\/a><\/li><li class='ez-toc-page-1 ez-toc-heading-level-3'><a class=\"ez-toc-link ez-toc-heading-20\" href=\"https:\/\/loudavymkrokem.cz\/sv\/platser-att-besoka-rom\/#15_Angelbron_Ponte_SantAngelo\" >15. \u00c4ngelbron (Ponte Sant&#8217;Angelo)<\/a><\/li><li class='ez-toc-page-1 ez-toc-heading-level-3'><a class=\"ez-toc-link ez-toc-heading-21\" href=\"https:\/\/loudavymkrokem.cz\/sv\/platser-att-besoka-rom\/#16_Spanska_trappan\" >16. Spanska trappan<\/a><\/li><li class='ez-toc-page-1 ez-toc-heading-level-3'><a class=\"ez-toc-link ez-toc-heading-22\" href=\"https:\/\/loudavymkrokem.cz\/sv\/platser-att-besoka-rom\/#17_Shoppingkvarteret_kring_Via_Condotti\" >17. Shoppingkvarteret kring Via Condotti<\/a><\/li><li class='ez-toc-page-1 ez-toc-heading-level-3'><a class=\"ez-toc-link ez-toc-heading-23\" href=\"https:\/\/loudavymkrokem.cz\/sv\/platser-att-besoka-rom\/#18_Romantiska_Trastevere\" >18. Romantiska Trastevere<\/a><\/li><li class='ez-toc-page-1 ez-toc-heading-level-3'><a class=\"ez-toc-link ez-toc-heading-24\" href=\"https:\/\/loudavymkrokem.cz\/sv\/platser-att-besoka-rom\/#19_Marknaden_pa_Campo_de_Fiori\" >19. Marknaden p\u00e5 Campo de&#8217; Fiori<\/a><\/li><li class='ez-toc-page-1 ez-toc-heading-level-3'><a class=\"ez-toc-link ez-toc-heading-25\" href=\"https:\/\/loudavymkrokem.cz\/sv\/platser-att-besoka-rom\/#20_Judiska_gettot_och_kronartskockor\" >20. Judiska gettot och kron\u00e4rtskockor<\/a><\/li><li class='ez-toc-page-1 ez-toc-heading-level-3'><a class=\"ez-toc-link ez-toc-heading-26\" href=\"https:\/\/loudavymkrokem.cz\/sv\/platser-att-besoka-rom\/#21_Piazza_del_Popolo\" >21. Piazza del Popolo<\/a><\/li><li class='ez-toc-page-1 ez-toc-heading-level-3'><a class=\"ez-toc-link ez-toc-heading-27\" href=\"https:\/\/loudavymkrokem.cz\/sv\/platser-att-besoka-rom\/#22_Pinciotradgardarna_Pincio\" >22. Pinciotr\u00e4dg\u00e5rdarna (Pincio)<\/a><\/li><li class='ez-toc-page-1 ez-toc-heading-level-3'><a class=\"ez-toc-link ez-toc-heading-28\" href=\"https:\/\/loudavymkrokem.cz\/sv\/platser-att-besoka-rom\/#23_Villa_Borghese_och_parken\" >23. Villa Borghese och parken<\/a><\/li><li class='ez-toc-page-1 ez-toc-heading-level-3'><a class=\"ez-toc-link ez-toc-heading-29\" href=\"https:\/\/loudavymkrokem.cz\/sv\/platser-att-besoka-rom\/#24_Galleria_Borghese\" >24. Galleria Borghese<\/a><\/li><li class='ez-toc-page-1 ez-toc-heading-level-3'><a class=\"ez-toc-link ez-toc-heading-30\" href=\"https:\/\/loudavymkrokem.cz\/sv\/platser-att-besoka-rom\/#25_Nationalgalleriet_GNAM\" >25. Nationalgalleriet (GNAM)<\/a><\/li><li class='ez-toc-page-1 ez-toc-heading-level-3'><a class=\"ez-toc-link ez-toc-heading-31\" href=\"https:\/\/loudavymkrokem.cz\/sv\/platser-att-besoka-rom\/#26_Sanningens_mun_Bocca_della_Verita\" >26. Sanningens mun (Bocca della Verit\u00e0)<\/a><\/li><li class='ez-toc-page-1 ez-toc-heading-level-3'><a class=\"ez-toc-link ez-toc-heading-32\" href=\"https:\/\/loudavymkrokem.cz\/sv\/platser-att-besoka-rom\/#27_Kvarteret_Testaccio_och_traditionell_gastronomi\" >27. Kvarteret Testaccio och traditionell gastronomi<\/a><\/li><\/ul><\/li><li class='ez-toc-page-1 ez-toc-heading-level-2'><a class=\"ez-toc-link ez-toc-heading-33\" href=\"https:\/\/loudavymkrokem.cz\/sv\/platser-att-besoka-rom\/#Rom_bortom_folkmassorna_13_platser_dit_turisterna_inte_kommer\" >Rom bortom folkmassorna: 13 platser dit turisterna inte kommer<\/a><ul class='ez-toc-list-level-3' ><li class='ez-toc-heading-level-3'><a class=\"ez-toc-link ez-toc-heading-34\" href=\"https:\/\/loudavymkrokem.cz\/sv\/platser-att-besoka-rom\/#28_Basilikan_San_Clemente_och_dess_tre_vaningar_historia\" >28. Basilikan San Clemente och dess tre v\u00e5ningar historia<\/a><\/li><li class='ez-toc-page-1 ez-toc-heading-level-3'><a class=\"ez-toc-link ez-toc-heading-35\" href=\"https:\/\/loudavymkrokem.cz\/sv\/platser-att-besoka-rom\/#29_Aventinska_nyckelhalet_och_Apelsintradgarden\" >29. Aventinska nyckelh\u00e5let och Apelsintr\u00e4dg\u00e5rden<\/a><\/li><li class='ez-toc-page-1 ez-toc-heading-level-3'><a class=\"ez-toc-link ez-toc-heading-36\" href=\"https:\/\/loudavymkrokem.cz\/sv\/platser-att-besoka-rom\/#30_Kvarteret_Coppede\" >30. Kvarteret Copped\u00e8<\/a><\/li><li class='ez-toc-page-1 ez-toc-heading-level-3'><a class=\"ez-toc-link ez-toc-heading-37\" href=\"https:\/\/loudavymkrokem.cz\/sv\/platser-att-besoka-rom\/#31_Centrale_Montemartini_%E2%80%93_antika_skulpturer_bland_turbiner\" >31. Centrale Montemartini \u2013 antika skulpturer bland turbiner<\/a><\/li><li class='ez-toc-page-1 ez-toc-heading-level-3'><a class=\"ez-toc-link ez-toc-heading-38\" href=\"https:\/\/loudavymkrokem.cz\/sv\/platser-att-besoka-rom\/#32_Galleria_Sciarra\" >32. Galleria Sciarra<\/a><\/li><li class='ez-toc-page-1 ez-toc-heading-level-3'><a class=\"ez-toc-link ez-toc-heading-39\" href=\"https:\/\/loudavymkrokem.cz\/sv\/platser-att-besoka-rom\/#33_Via_Appia_Antica_och_katakomberna\" >33. Via Appia Antica och katakomberna<\/a><\/li><li class='ez-toc-page-1 ez-toc-heading-level-3'><a class=\"ez-toc-link ez-toc-heading-40\" href=\"https:\/\/loudavymkrokem.cz\/sv\/platser-att-besoka-rom\/#34_Domus_Aurea_%E2%80%93_Neros_gyllene_hus\" >34. Domus Aurea \u2013 Neros gyllene hus<\/a><\/li><li class='ez-toc-page-1 ez-toc-heading-level-3'><a class=\"ez-toc-link ez-toc-heading-41\" href=\"https:\/\/loudavymkrokem.cz\/sv\/platser-att-besoka-rom\/#35_Basilikan_Santa_Maria_Maggiore\" >35. Basilikan Santa Maria Maggiore<\/a><\/li><li class='ez-toc-page-1 ez-toc-heading-level-3'><a class=\"ez-toc-link ez-toc-heading-42\" href=\"https:\/\/loudavymkrokem.cz\/sv\/platser-att-besoka-rom\/#36_Kapitolinska_museerna_och_Piazza_del_Campidoglio\" >36. Kapitolinska museerna och Piazza del Campidoglio<\/a><\/li><li class='ez-toc-page-1 ez-toc-heading-level-3'><a class=\"ez-toc-link ez-toc-heading-43\" href=\"https:\/\/loudavymkrokem.cz\/sv\/platser-att-besoka-rom\/#37_Caracallas_termer\" >37. Caracallas termer<\/a><\/li><li class='ez-toc-page-1 ez-toc-heading-level-3'><a class=\"ez-toc-link ez-toc-heading-44\" href=\"https:\/\/loudavymkrokem.cz\/sv\/platser-att-besoka-rom\/#38_Gianicolo_%E2%80%93_utsikt_och_middagskanonen\" >38. Gianicolo \u2013 utsikt och middagskanonen<\/a><\/li><li class='ez-toc-page-1 ez-toc-heading-level-3'><a class=\"ez-toc-link ez-toc-heading-45\" href=\"https:\/\/loudavymkrokem.cz\/sv\/platser-att-besoka-rom\/#39_Basilikan_San_Paolo_fuori_le_Mura\" >39. Basilikan San Paolo fuori le Mura<\/a><\/li><li class='ez-toc-page-1 ez-toc-heading-level-3'><a class=\"ez-toc-link ez-toc-heading-46\" href=\"https:\/\/loudavymkrokem.cz\/sv\/platser-att-besoka-rom\/#40_Kvarteret_EUR_och_Quadrato_della_Concordia\" >40. Kvarteret EUR och Quadrato della Concordia<\/a><\/li><\/ul><\/li><li class='ez-toc-page-1 ez-toc-heading-level-2'><a class=\"ez-toc-link ez-toc-heading-47\" href=\"https:\/\/loudavymkrokem.cz\/sv\/platser-att-besoka-rom\/#Vad_du_kan_se_helt_gratis_i_Rom\" >Vad du kan se helt gratis i Rom<\/a><\/li><li class='ez-toc-page-1 ez-toc-heading-level-2'><a class=\"ez-toc-link ez-toc-heading-48\" href=\"https:\/\/loudavymkrokem.cz\/sv\/platser-att-besoka-rom\/#Rom_pa_1_2_eller_3_dagar_snabb_plan\" >Rom p\u00e5 1, 2 eller 3 dagar: snabb plan<\/a><\/li><li class='ez-toc-page-1 ez-toc-heading-level-2'><a class=\"ez-toc-link ez-toc-heading-49\" href=\"https:\/\/loudavymkrokem.cz\/sv\/platser-att-besoka-rom\/#Transport_i_Rom_fran_flygplatsen_med_tunnelbana_och_till_fots\" >Transport i Rom: fr\u00e5n flygplatsen, med tunnelbana och till fots<\/a><\/li><li class='ez-toc-page-1 ez-toc-heading-level-2'><a class=\"ez-toc-link ez-toc-heading-50\" href=\"https:\/\/loudavymkrokem.cz\/sv\/platser-att-besoka-rom\/#Var_du_hellre_inte_bor_ga_i_Rom_och_vad_du_ska_se_upp_med\" >Var du hellre inte b\u00f6r g\u00e5 i Rom och vad du ska se upp med<\/a><\/li><li class='ez-toc-page-1 ez-toc-heading-level-2'><a class=\"ez-toc-link ez-toc-heading-51\" href=\"https:\/\/loudavymkrokem.cz\/sv\/platser-att-besoka-rom\/#Vart_du_kan_aka_vidare_fran_Rom\" >Vart du kan \u00e5ka vidare fr\u00e5n Rom<\/a><\/li><li class='ez-toc-page-1 ez-toc-heading-level-2'><a class=\"ez-toc-link ez-toc-heading-52\" href=\"https:\/\/loudavymkrokem.cz\/sv\/platser-att-besoka-rom\/#Vanliga_fragor\" >Vanliga fr\u00e5gor<\/a><ul class='ez-toc-list-level-3' ><li class='ez-toc-heading-level-3'><a class=\"ez-toc-link ez-toc-heading-53\" href=\"https:\/\/loudavymkrokem.cz\/sv\/platser-att-besoka-rom\/#Hur_manga_dagar_behover_jag_for_att_besoka_Rom\" >Hur m\u00e5nga dagar beh\u00f6ver jag f\u00f6r att bes\u00f6ka Rom?<\/a><\/li><li class='ez-toc-page-1 ez-toc-heading-level-3'><a class=\"ez-toc-link ez-toc-heading-54\" href=\"https:\/\/loudavymkrokem.cz\/sv\/platser-att-besoka-rom\/#Ar_kranvattnet_i_Rom_drickbart\" >\u00c4r kranvattnet i Rom drickbart?<\/a><\/li><li class='ez-toc-page-1 ez-toc-heading-level-3'><a class=\"ez-toc-link ez-toc-heading-55\" href=\"https:\/\/loudavymkrokem.cz\/sv\/platser-att-besoka-rom\/#Galler_det_nagon_kladkod_pa_sevardheter\" >G\u00e4ller det n\u00e5gon kl\u00e4dkod p\u00e5 sev\u00e4rdheter?<\/a><\/li><li class='ez-toc-page-1 ez-toc-heading-level-3'><a class=\"ez-toc-link ez-toc-heading-56\" href=\"https:\/\/loudavymkrokem.cz\/sv\/platser-att-besoka-rom\/#Hur_tar_jag_mig_bast_fran_Fiumicino-flygplatsen_till_centrum\" >Hur tar jag mig b\u00e4st fr\u00e5n Fiumicino-flygplatsen till centrum?<\/a><\/li><li class='ez-toc-page-1 ez-toc-heading-level-3'><a class=\"ez-toc-link ez-toc-heading-57\" href=\"https:\/\/loudavymkrokem.cz\/sv\/platser-att-besoka-rom\/#Kan_jag_ta_med_mig_ryggsack_till_Colosseum_eller_Vatikanen\" >Kan jag ta med mig ryggs\u00e4ck till Colosseum eller Vatikanen?<\/a><\/li><li class='ez-toc-page-1 ez-toc-heading-level-3'><a class=\"ez-toc-link ez-toc-heading-58\" href=\"https:\/\/loudavymkrokem.cz\/sv\/platser-att-besoka-rom\/#Hur_fungerar_kollektivtrafiken_i_Rom_och_vad_kostar_en_biljett\" >Hur fungerar kollektivtrafiken i Rom och vad kostar en biljett?<\/a><\/li><li class='ez-toc-page-1 ez-toc-heading-level-3'><a class=\"ez-toc-link ez-toc-heading-59\" href=\"https:\/\/loudavymkrokem.cz\/sv\/platser-att-besoka-rom\/#Ar_det_sakert_att_aka_med_buss_nummer_64_till_Vatikanen\" >\u00c4r det s\u00e4kert att \u00e5ka med buss nummer 64 till Vatikanen?<\/a><\/li><li class='ez-toc-page-1 ez-toc-heading-level-3'><a class=\"ez-toc-link ez-toc-heading-60\" href=\"https:\/\/loudavymkrokem.cz\/sv\/platser-att-besoka-rom\/#Var_hittar_jag_offentliga_toaletter_i_centrum\" >Var hittar jag offentliga toaletter i centrum?<\/a><\/li><\/ul><\/li><\/ul><\/nav><\/div>\n<h3 class=\"wp-block-heading\"><span class=\"ez-toc-section\" id=\"Sammanfattning\"><\/span>Sammanfattning<span class=\"ez-toc-section-end\"><\/span><\/h3>\n\n\n\n<ul class=\"wp-block-list\">\n\n<li>  <strong>K\u00f6p biljetter en m\u00e5nad i f\u00f6rv\u00e4g.<\/strong> Utan onlinebokning kommer du helt enkelt inte in i Colosseum, Vatikanen eller Galleria Borghese och du f\u00f6rlorar bara tid.<\/li>\n\n\n<li>  <strong>Nya avgifter 2026.<\/strong> Fr\u00e5n februari 2026 kostar det tv\u00e5 euro att komma ner till bass\u00e4ngen vid Fontana di Trevi, och Pantheon h\u00f6jde entr\u00e9n till sju euro fr\u00e5n juli 2026.<\/li>\n\n\n<li>  <strong>Jubel\u00e5ret \u00e4r \u00f6ver.<\/strong> Det galna heliga \u00e5ret 2025 \u00e4r slut, staden har plockat ner byggnadsst\u00e4llningarna och gatorna \u00e4r \u00e4ntligen lite l\u00e4ttare att andas p\u00e5.<\/li>\n\n\n<li>  <strong>K\u00f6p inte flaskvatten.<\/strong> Runt om i staden finns tusentals gjutj\u00e4rnsfont\u00e4ner med iskallt och utm\u00e4rkt dricksvatten gratis, det r\u00e4cker med en egen flaska.<\/li>\n\n\n<li>  <strong>Bekv\u00e4ma skor \u00e4r ett m\u00e5ste.<\/strong> De romerska basaltstenarna \u00e4r obarmh\u00e4rtiga och klackar eller tunna sandaler f\u00f6rst\u00f6r garanterat hela din utflykt.<\/li>\n\n\n<li>  <strong>F\u00f6lj den strikta kl\u00e4dkoden.<\/strong> Till Vatikanmuseerna, Peterskyrkan och Pantheon sl\u00e4pps du inte in med bara axlar eller kn\u00e4n.<\/li>\n\n\n<li>  <strong>Se upp f\u00f6r ficktjuvar och bedragare.<\/strong> H\u00e5ll koll p\u00e5 dina saker i den fullproppade tunnelbanan och p\u00e5 buss nummer 64, och ignorera de falska gladiatorerna vid Colosseum.<\/li>\n\n<\/ul>\n\n\n\n<h2 class=\"wp-block-heading\"><span class=\"ez-toc-section\" id=\"Alla_40_platser_i_Rom_Italien_%E2%80%93_overskadligt\"><\/span>Alla 40 platser i Rom, Italien \u2013 \u00f6versk\u00e5dligt<span class=\"ez-toc-section-end\"><\/span><\/h2>\n\n\n\n<p class=\"wp-block-paragraph\"><strong>Den h\u00e4r tabellen \u00e4r hela artikeln i ett n\u00f6tskal.<\/strong> H\u00e4r hittar du alla fyrtio platser fr\u00e5n guiden sorterade efter stadsdel, s\u00e5 att du enkelt kan pussla ihop en rutt utan att springa kors och tv\u00e4rs genom hela staden. Priserna g\u00e4ller en vuxen bes\u00f6kare 2026.<\/p>\n\n\n\n<figure class=\"wp-block-table is-style-stripes\"><table><thead><tr><th>Plats<\/th><th>Stadsdel<\/th><th>Entr\u00e9 2026<\/th><th>Hur mycket tid<\/th><th>Hur du tar dig dit<\/th><\/tr><\/thead><tbody><tr><td>Colosseum<\/td><td>Colosseo<\/td><td>18 \u20ac + 2 \u20ac bokning<\/td><td>2 h<\/td><td>tunnelbana Colosseo (B, C)<\/td><\/tr><tr><td>Forum Romanum och Palatinen<\/td><td>Colosseo<\/td><td>ing\u00e5r i Colosseum-biljetten<\/td><td>2 h<\/td><td>tunnelbana Colosseo (B)<\/td><\/tr><tr><td>Domus Aurea<\/td><td>Colle Oppio<\/td><td>avgift, endast med guide<\/td><td>1,5 h<\/td><td>tunnelbana Colosseo (B, C)<\/td><\/tr><tr><td>Basilikan San Clemente<\/td><td>Monti<\/td><td>underjorden mot avgift<\/td><td>1 h<\/td><td>tunnelbana Colosseo (B, C)<\/td><\/tr><tr><td>Basilikan Santa Maria Maggiore<\/td><td>Esquilino<\/td><td>gratis<\/td><td>45 min<\/td><td>tunnelbana Termini eller Cavour (B)<\/td><\/tr><tr><td>Kapitolinska museerna<\/td><td>Campitelli<\/td><td>avgift<\/td><td>2\u20133 h<\/td><td>till fots fr\u00e5n Piazza Venezia<\/td><\/tr><tr><td>Piazza del Campidoglio<\/td><td>Campitelli<\/td><td>gratis<\/td><td>20 min<\/td><td>till fots fr\u00e5n Piazza Venezia<\/td><\/tr><tr><td>Pantheon<\/td><td>Pigna<\/td><td>7 \u20ac<\/td><td>45 min<\/td><td>till fots fr\u00e5n Piazza Venezia<\/td><\/tr><tr><td>Piazza Navona<\/td><td>Parione<\/td><td>gratis<\/td><td>30 min<\/td><td>till fots fr\u00e5n Pantheon<\/td><\/tr><tr><td>Campo de&#8217; Fiori<\/td><td>Parione<\/td><td>gratis<\/td><td>30 min<\/td><td>till fots fr\u00e5n Piazza Navona<\/td><\/tr><tr><td>Judiska gettot<\/td><td>Sant&#8217;Angelo<\/td><td>gratis<\/td><td>1 h<\/td><td>till fots fr\u00e5n Piazza Venezia<\/td><\/tr><tr><td>Fontana di Trevi<\/td><td>Trevi<\/td><td>2 \u20ac till bass\u00e4ngen, uppifr\u00e5n gratis<\/td><td>30 min<\/td><td>tunnelbana Barberini (A)<\/td><\/tr><tr><td>Vicus Caprarius<\/td><td>Trevi<\/td><td>avgift<\/td><td>30 min<\/td><td>tunnelbana Barberini (A)<\/td><\/tr><tr><td>Galleria Sciarra<\/td><td>Trevi<\/td><td>gratis<\/td><td>10 min<\/td><td>tunnelbana Barberini (A)<\/td><\/tr><tr><td>Spanska trappan<\/td><td>Campo Marzio<\/td><td>gratis (f\u00f6rbjudet att sitta)<\/td><td>20 min<\/td><td>tunnelbana Spagna (A)<\/td><\/tr><tr><td>Via Condotti<\/td><td>Campo Marzio<\/td><td>gratis<\/td><td>30 min<\/td><td>tunnelbana Spagna (A)<\/td><\/tr><tr><td>Piazza del Popolo<\/td><td>Campo Marzio<\/td><td>gratis<\/td><td>30 min<\/td><td>tunnelbana Flaminio (A)<\/td><\/tr><tr><td>Pincio<\/td><td>Campo Marzio<\/td><td>gratis<\/td><td>20 min<\/td><td>tunnelbana Flaminio (A)<\/td><\/tr><tr><td>Villa Borghese<\/td><td>Pinciano<\/td><td>gratis<\/td><td>1\u20132 h<\/td><td>tunnelbana Spagna eller Flaminio (A)<\/td><\/tr><tr><td>Galleria Borghese<\/td><td>Pinciano<\/td><td>16 \u20ac + 2 \u20ac, bokning kr\u00e4vs<\/td><td>2 h (fast tidslucka)<\/td><td>tunnelbana Spagna (A)<\/td><\/tr><tr><td>Nationalgalleriet GNAM<\/td><td>Pinciano<\/td><td>avgift<\/td><td>1,5 h<\/td><td>sp\u00e5rvagn 3 eller 19<\/td><\/tr><tr><td>Kvarteret Copped\u00e8<\/td><td>Trieste<\/td><td>gratis<\/td><td>30 min<\/td><td>sp\u00e5rvagn 3 eller 19<\/td><\/tr><tr><td>Vatikanmuseerna och Sixtinska kapellet<\/td><td>Vatikanen<\/td><td>20 \u20ac p\u00e5 plats, 25 \u20ac online<\/td><td>3\u20134 h<\/td><td>tunnelbana Ottaviano (A)<\/td><\/tr><tr><td>Peterskyrkan<\/td><td>Vatikanen<\/td><td>gratis<\/td><td>1 h<\/td><td>tunnelbana Ottaviano (A)<\/td><\/tr><tr><td>Peterskyrkans kupol<\/td><td>Vatikanen<\/td><td>8 \u20ac till fots, 10 \u20ac med hiss<\/td><td>1 h<\/td><td>tunnelbana Ottaviano (A)<\/td><\/tr><tr><td>Petersplatsen<\/td><td>Vatikanen<\/td><td>gratis<\/td><td>30 min<\/td><td>tunnelbana Ottaviano (A)<\/td><\/tr><tr><td>\u00c4nglaborgen<\/td><td>Borgo<\/td><td>avgift<\/td><td>1,5 h<\/td><td>tunnelbana Lepanto (A)<\/td><\/tr><tr><td>\u00c4ngelbron<\/td><td>Ponte<\/td><td>gratis<\/td><td>15 min<\/td><td>tunnelbana Lepanto (A)<\/td><\/tr><tr><td>Trastevere<\/td><td>Trastevere<\/td><td>gratis<\/td><td>2\u20133 h<\/td><td>sp\u00e5rvagn 8 fr\u00e5n Largo Argentina<\/td><\/tr><tr><td>Gianicolo<\/td><td>Trastevere<\/td><td>gratis<\/td><td>1 h<\/td><td>till fots upp\u00e5t fr\u00e5n Trastevere<\/td><\/tr><tr><td>Sanningens mun<\/td><td>Ripa<\/td><td>symboliskt bidrag<\/td><td>20 min<\/td><td>tunnelbana Circo Massimo (B)<\/td><\/tr><tr><td>Circus Maximus<\/td><td>Ripa<\/td><td>gratis<\/td><td>20 min<\/td><td>tunnelbana Circo Massimo (B)<\/td><\/tr><tr><td>Aventinska nyckelh\u00e5let<\/td><td>Aventino<\/td><td>gratis<\/td><td>30 min inkl. tr\u00e4dg\u00e5rden<\/td><td>tunnelbana Circo Massimo (B)<\/td><\/tr><tr><td>Apelsintr\u00e4dg\u00e5rden<\/td><td>Aventino<\/td><td>gratis<\/td><td>30 min<\/td><td>tunnelbana Circo Massimo (B)<\/td><\/tr><tr><td>Caracallas termer<\/td><td>Aventino<\/td><td>avgift<\/td><td>1,5 h<\/td><td>tunnelbana Circo Massimo (B)<\/td><\/tr><tr><td>Kvarteret Testaccio<\/td><td>Testaccio<\/td><td>gratis<\/td><td>2 h<\/td><td>tunnelbana Piramide (B)<\/td><\/tr><tr><td>Centrale Montemartini<\/td><td>Ostiense<\/td><td>avgift<\/td><td>1,5 h<\/td><td>tunnelbana Garbatella (B)<\/td><\/tr><tr><td>Basilikan San Paolo fuori le Mura<\/td><td>Ostiense<\/td><td>gratis<\/td><td>45 min<\/td><td>tunnelbana Basilica San Paolo (B)<\/td><\/tr><tr><td>Via Appia Antica och katakomberna<\/td><td>Appio<\/td><td>katakomberna mot avgift<\/td><td>en halv dag<\/td><td>buss 118, helger bilfritt<\/td><\/tr><tr><td>Kvarteret EUR<\/td><td>EUR<\/td><td>gratis<\/td><td>1\u20132 h<\/td><td>tunnelbana EUR Magliana eller EUR Fermi (B)<\/td><\/tr><\/tbody><\/table><figcaption class=\"wp-element-caption\">\u00d6versikt \u00f6ver alla 40 platser i Rom efter stadsdel \u2013 priser och \u00f6ppettider \u00e4ndras, s\u00e5 kontrollera dem p\u00e5 attraktionernas officiella webbplatser f\u00f6re resan.<\/figcaption><\/figure>\n\n\n\n<p class=\"wp-block-paragraph\">\ud83d\udca1 <strong>Tips:<\/strong> Boka de dyraste posterna f\u00f6rst \u2013 <a href=\"https:\/\/loudavymkrokem.cz\/sv\/colosseum-rom-biljetter-tips\/\">Colosseum<\/a> sl\u00e4pper biljetter exakt trettio dagar i f\u00f6rv\u00e4g och <a href=\"https:\/\/loudavymkrokem.cz\/sv\/galleria-borghese-rom-italien\/\">Galleria Borghese<\/a> fungerar med fasta tv\u00e5timmarsluckor som f\u00f6rsvinner snabbast av alla romerska sev\u00e4rdheter. Bygg upp resten av programmet runt dem.<\/p>\n\n\n\n<h2 class=\"wp-block-heading\"><span class=\"ez-toc-section\" id=\"Nar_du_bor_aka_till_Rom_Italien_%E2%80%93_vader_och_sasong\"><\/span>N\u00e4r du b\u00f6r \u00e5ka till Rom, Italien \u2013 v\u00e4der och s\u00e4song<span class=\"ez-toc-section-end\"><\/span><\/h2>\n\n\n\n<p class=\"wp-block-paragraph\">Jakten p\u00e5 perfekt v\u00e4der utan \u00e4ndl\u00f6sa folkmassor \u00e4r i Rom lite av en alkemi som inte alltid lyckas. De <strong>allra b\u00e4sta m\u00e5naderna f\u00f6r ett bes\u00f6k \u00e4r maj, juni, september och oktober<\/strong>. Just p\u00e5 h\u00f6sten h\u00e5ller sig temperaturen kring mycket behagliga tjugotv\u00e5 grader, luften klarnar fint efter sommaren och staden f\u00e5r ett underbart mjukt ljus som \u00e4r helt idealiskt f\u00f6r fotografering.<\/p>\n\n\n\n<p class=\"wp-block-paragraph\">Kv\u00e4llarna kr\u00e4ver visserligen ibland en l\u00e4tt tr\u00f6ja, men p\u00e5 dagen <strong>hinner du g\u00e5 femton kilometer<\/strong> utan k\u00e4nslan av att du snart svimmar. Priset f\u00f6r den h\u00e4r lyxiga komforten \u00e4r dock ganska h\u00f6gt, f\u00f6r h\u00f6st- och v\u00e5rm\u00e5naderna fungerar som absolut h\u00f6gs\u00e4song. Hotellen rapporterar fullt och gr\u00e4nderna i centrum p\u00e5minner om en enda stor myrstack, s\u00e5 du f\u00e5r bev\u00e4pna dig med t\u00e5lamod.<\/p>\n\n\n\n<p class=\"wp-block-paragraph\">Sommaren i Rom \u00e4r en riktig pr\u00f6vning av b\u00e5de fysisk och psykisk uth\u00e5llighet, n\u00e5got som <strong>Luk\u00e1\u0161 och jag fick uppleva p\u00e5 egen kropp<\/strong>. Juli och augusti bjuder p\u00e5 temperaturer stadigt \u00f6ver trettio grader, och luftfuktigheten f\u00f6rvandlar de vackraste smala gr\u00e4nderna till ett kvavt v\u00e4xthus utan minsta vindpust. Om du \u00e5ker p\u00e5 sommaren m\u00e5ste du radikalt \u00e4ndra din dagsrytm och gl\u00f6mma heldagsvandring.<\/p>\n\n\n\n<p class=\"wp-block-paragraph\">St\u00e4ll v\u00e4ckarklockan p\u00e5 sex p\u00e5 morgonen, <strong>se de viktigaste sev\u00e4rdheterna f\u00f6re klockan tio<\/strong>, och s\u00e5 snart det n\u00e4rmar sig lunch drar du dig tillbaka till en luftkonditionerad restaurang f\u00f6r en l\u00e5ng lunch. Eftermiddagssiestan p\u00e5 hotellet \u00e4r i Italien inte ett tecken p\u00e5 l\u00e4ttja utan en ren n\u00f6dv\u00e4ndighet f\u00f6r att \u00f6verleva. Augusti har dessutom en s\u00e4rskild sak i form av helgen Ferragosto, d\u00e5 m\u00e5nga lokalbor l\u00e5ser sina l\u00e4genheter och massflyr till havet.<\/p>\n\n\n\n<p class=\"wp-block-paragraph\">\u00c5r 2026 inneb\u00e4r lyckligtvis en enorm l\u00e4ttnad <strong>efter det galna heliga \u00e5ret 2025<\/strong>, d\u00e5 staden bokstavligen kollapsade under trycket av miljontals pilgrimer fr\u00e5n hela v\u00e4rlden. De heliga portarna murades h\u00f6gtidligt igen i januari, staden har rustat upp infrastrukturen och gatorna \u00e4r \u00e4ntligen lite l\u00e4ttare att andas p\u00e5. \u00c4nd\u00e5 b\u00f6r du avs\u00e4tta helst fyra hela dagar f\u00f6r Rom f\u00f6r att verkligen njuta av staden. Under en f\u00f6rl\u00e4ngd helg hinner du bara med det absolut grundl\u00e4ggande och \u00e5ker hem otroligt utmattad och med skoskav.<\/p>\n\n\n\n<h2 class=\"wp-block-heading\"><span class=\"ez-toc-section\" id=\"Var_du_bor_i_Rom_%E2%80%93_basta_stadsdelar_och_hotell\"><\/span>Var du bor i Rom \u2013 b\u00e4sta stadsdelar och hotell<span class=\"ez-toc-section-end\"><\/span><\/h2>\n\n\n\n<p class=\"wp-block-paragraph\">Att v\u00e4lja r\u00e4tt <a href=\"https:\/\/loudavymkrokem.cz\/sv\/bo-i-rom-italien-basta-stadsdelar\/\">stadsdel<\/a> avg\u00f6r hela din upplevelse av Rom, eftersom <strong>staden \u00e4r enorm och dagligt pendlande<\/strong> i fullpackade bussar utan luftkonditionering tr\u00f6ttar ut dig innan du ens sett den f\u00f6rsta antika pelaren. Allra b\u00e4st \u00e4r att bo strategiskt n\u00e4ra tunnelbanelinjerna eller direkt inom g\u00e5ngavst\u00e5nd fr\u00e5n det historiska centrumet, vilket sparar dig massor av nerver.<\/p>\n\n\n\n<p class=\"wp-block-paragraph\">P\u00e5 v\u00e5r senaste resa valde vi hotellet <strong>Residenza Cavallini<\/strong>, ett fantastiskt boende bara fem minuters promenad fr\u00e5n h\u00e5llplatsen f\u00f6r flygbussen. Det ligger en kort bit fr\u00e5n b\u00e5de Vatikanen och Fontana di Trevi, s\u00e5 vi hade n\u00e4ra till allt. Rummen var visserligen pyttesm\u00e5 men helt rena, och i priset ingick en typisk italiensk frukost p\u00e5 ett n\u00e4rliggande kaf\u00e9, d\u00e4r vi varje morgon fick en f\u00e4rsk croissant och en perfekt cappuccino. \u263a\ufe0f<\/p>\n\n\n\n<p class=\"wp-block-paragraph\">Om du s\u00f6ker filmisk romantik och inte har n\u00e5got emot lite nattligt liv kommer du att <strong>helt charmas av stadsdelen Trastevere<\/strong>. H\u00e4r finns smala kullerstensgr\u00e4nder, murgr\u00f6nekl\u00e4dda ockrafasader och p\u00e5 kv\u00e4llen sjuder det av liv p\u00e5 ett helt otroligt s\u00e4tt. Det \u00e4r ett paradis f\u00f6r alla mat\u00e4lskare, men du f\u00e5r r\u00e4kna med att tunnelbanan inte g\u00e5r hit och att du p\u00e5 morgonen m\u00e5ste ta dig till sev\u00e4rdheterna lite kr\u00e5ngligare med sp\u00e5rvagn eller till fots.<\/p>\n\n\n\n<p class=\"wp-block-paragraph\">Ett utm\u00e4rkt alternativ \u00e4r <strong>stadsdelen Monti, som ligger strategiskt precis bakom Colosseum<\/strong> och andas en sk\u00f6n bohemisk atmosf\u00e4r. H\u00e4r hittar du fina vintagebutiker, oberoende kaf\u00e9er och framf\u00f6r allt en station p\u00e5 tunnelbanelinje B, vilket underl\u00e4ttar f\u00f6rflyttningarna enormt. Att bo mitt i historiska centrum runt Pantheon \u00e4r visserligen hisnande eftersom du kan g\u00e5 \u00f6verallt, men du betalar ett rej\u00e4lt p\u00e5slag f\u00f6r det och slipper inte att st\u00e4ndigt tr\u00e4nga dig fram genom turisthorder med paraplyer.<\/p>\n\n\n\n<p class=\"wp-block-paragraph\">F\u00f6r barnfamiljer eller resen\u00e4rer som gillar sitt lugn \u00e4r <strong>den eleganta stadsdelen Prati ett fantastiskt val<\/strong>, norr om Vatikanen. H\u00e4r hittar du inga slingrande medeltida gr\u00e4nder, men breda boulevarder och plan terr\u00e4ng som \u00e4r idealisk f\u00f6r barnvagnar. En enorm f\u00f6rdel \u00e4r den omedelbara n\u00e4rheten till Peterskyrkan, dit du kan bege dig tidigt p\u00e5 morgonen innan de \u00e4ndl\u00f6sa k\u00f6erna bildas. Oavsett vilken stadsdel du v\u00e4ljer rekommenderar jag alltid att boka hotell via <a class=\"thirstylink\" rel=\"nofollow\" target=\"_blank\" title=\"Booking.com\" href=\"https:\/\/loudavymkrokem.cz\/doporucujeme\/booking-com\/\" data-shortcode=\"true\">Booking<\/a> i god tid, f\u00f6r de b\u00e4sta alternativen i Rom f\u00f6rsvinner verkligen blixtsnabbt.<\/p>\n\n\n\n<h2 class=\"wp-block-heading\"><span class=\"ez-toc-section\" id=\"27_mest_kanda_sevardheter_i_Rom_du_inte_far_missa\"><\/span>27 mest k\u00e4nda sev\u00e4rdheter i Rom du inte f\u00e5r missa<span class=\"ez-toc-section-end\"><\/span><\/h2>\n\n\n\n<p class=\"wp-block-paragraph\">Man s\u00e4ger att alla v\u00e4gar b\u00e4r till Rom, och i antiken <strong>str\u00e5lade verkligen alla v\u00e4gar ut<\/strong> fr\u00e5n denna underbara huvudstad. Kulturminnen fr\u00e5n olika epoker \u00e4r h\u00e4r fascinerande sammanfl\u00e4tade till en enda enorm helhet. Ett hedniskt mausoleum tj\u00e4nar som p\u00e5vlig f\u00e4stning och antika tempel har genom seklerna f\u00f6rvandlats till barockkyrkor. L\u00e5t oss tillsammans titta p\u00e5 det b\u00e4sta du absolut inte b\u00f6r missa under ditt bes\u00f6k.<\/p>\n\n\n\n<h3 class=\"wp-block-heading\"><span class=\"ez-toc-section\" id=\"1_Colosseum_och_dess_arena\"><\/span>1. Colosseum och dess arena<span class=\"ez-toc-section-end\"><\/span><\/h3>\n\n\n\n<figure data-wp-context=\"{&quot;imageId&quot;:&quot;6a95132fe8531&quot;}\" data-wp-interactive=\"core\/image\" data-wp-key=\"6a95132fe8531\" class=\"wp-block-image size-full wp-lightbox-container\"><img decoding=\"async\" width=\"1400\" height=\"933\" data-wp-class--hide=\"state.isContentHidden\" data-wp-class--show=\"state.isContentVisible\" data-wp-init=\"callbacks.setButtonStyles\" data-wp-on--click=\"actions.showLightbox\" data-wp-on--load=\"callbacks.setButtonStyles\" data-wp-on--pointerdown=\"actions.preloadImage\" data-wp-on--pointerenter=\"actions.preloadImageWithDelay\" data-wp-on--pointerleave=\"actions.cancelPreload\" data-wp-on-window--resize=\"callbacks.setButtonStyles\" src=\"https:\/\/www.loudavymkrokem.cz\/wp-content\/uploads\/2023\/05\/rim-fotky.jpg\" alt=\"Gr\u00e4nder i Roms historiska centrum\" class=\"wp-image-57920\" title=\"\"><button\n\t\t\tclass=\"lightbox-trigger\"\n\t\t\ttype=\"button\"\n\t\t\taria-haspopup=\"dialog\"\n\t\t\tdata-wp-bind--aria-label=\"state.thisImage.triggerButtonAriaLabel\"\n\t\t\tdata-wp-init=\"callbacks.initTriggerButton\"\n\t\t\tdata-wp-on--click=\"actions.showLightbox\"\n\t\t\tdata-wp-style--right=\"state.thisImage.buttonRight\"\n\t\t\tdata-wp-style--top=\"state.thisImage.buttonTop\"\n\t\t>\n\t\t\t<svg xmlns=\"http:\/\/www.w3.org\/2000\/svg\" width=\"12\" height=\"12\" fill=\"none\" viewBox=\"0 0 12 12\">\n\t\t\t\t<path fill=\"#fff\" d=\"M2 0a2 2 0 0 0-2 2v2h1.5V2a.5.5 0 0 1 .5-.5h2V0H2Zm2 10.5H2a.5.5 0 0 1-.5-.5V8H0v2a2 2 0 0 0 2 2h2v-1.5ZM8 12v-1.5h2a.5.5 0 0 0 .5-.5V8H12v2a2 2 0 0 1-2 2H8Zm2-12a2 2 0 0 1 2 2v2h-1.5V2a.5.5 0 0 0-.5-.5H8V0h2Z\" \/>\n\t\t\t<\/svg>\n\t\t<\/button><figcaption class=\"wp-element-caption\">Rom \u00e4r fullt av platser att fotografera, g\u00f6r dig redo \ud83d\ude09<\/figcaption><\/figure>\n\n\n\n<p class=\"wp-block-paragraph\">Colosseum \u00e4r kanske Roms allra mest karakt\u00e4ristiska byggnad, och \u00e4rligt talat kan du inte missa den, f\u00f6r den <strong>reser sig majest\u00e4tiskt precis i slutet av gatan<\/strong> Via dei Fori Imperiali. Den h\u00e4r elliptiska fyrav\u00e5ningsamfiteatern byggdes \u00e5ren 72 till 80 e.Kr. och rymde p\u00e5 sin tid upp till otroliga femtiotusen \u00e5sk\u00e5dare. \u00c4ven om jag m\u00e5ste konstatera att den f\u00f6r mig personligen inte \u00e4r supersp\u00e4nnande, tar den svindlande storleken andan ur dig.<\/p>\n\n\n\n<p class=\"wp-block-paragraph\">Grundregeln f\u00f6r bes\u00f6ket \u00e4r helt kompromissl\u00f6s, n\u00e4mligen att du <strong>m\u00e5ste k\u00f6pa biljetter online i mycket god tid<\/strong> via den officiella sajten ticketing.colosseo.it (18 euro plus tv\u00e5 euro i bokningsavgift). Om du f\u00f6rlitar dig p\u00e5 att k\u00f6pa p\u00e5 plats v\u00e4ntar bara besvikelse, skyltar med &#8221;sluts\u00e5lt&#8221; och o\u00e4ndlig v\u00e4ntan i stekhet sol. Biljetterna sl\u00e4pps exakt trettio dagar i f\u00f6rv\u00e4g klockan nio p\u00e5 morgonen och f\u00f6rsvinner bokstavligen framf\u00f6r \u00f6gonen.<\/p>\n\n\n\n<p class=\"wp-block-paragraph\">Grundrundan tar dig till f\u00f6rsta och andra v\u00e5ningen, varifr\u00e5n du har <strong>en vacker utsikt in i byggnadens \u00f6ppna inre<\/strong>. Folkmassorna p\u00e5 dessa huvudstr\u00e4ckor kan dock vara ganska frustrerande under s\u00e4song, eftersom folk st\u00e4ndigt stannar f\u00f6r selfies och luften bokstavligen st\u00e5r stilla under sommarm\u00e5naderna. \u00c4nd\u00e5 \u00e4r det en upplevelse som ovillkorligen h\u00f6r till ett bes\u00f6k i Rom och som du inte b\u00f6r \u00e5ka utan.<\/p>\n\n\n\n<p class=\"wp-block-paragraph\">\ud83d\udca1 Tips: Precis framf\u00f6r Colosseum opererar grupper av m\u00e4n <strong>utkl\u00e4dda till antika gladiatorer<\/strong>. De f\u00f6rs\u00f6ker tvinga p\u00e5 dig ett plastsv\u00e4rd och fota med dig, och de \u00e4r mycket p\u00e5stridiga. Ignorera dem helt och undvik \u00f6gonkontakt, f\u00f6r s\u00e5 fort du tagit en bild kr\u00e4ver de mycket aggressivt upp till tjugo euro per foto.<\/p>\n\n\n\n<h3 class=\"wp-block-heading\"><span class=\"ez-toc-section\" id=\"2_Colosseums_underjord_Hypogeum\"><\/span>2. Colosseums underjord (Hypogeum)<span class=\"ez-toc-section-end\"><\/span><\/h3>\n\n\n\n<figure data-wp-context=\"{&quot;imageId&quot;:&quot;6a95132fe8d94&quot;}\" data-wp-interactive=\"core\/image\" data-wp-key=\"6a95132fe8d94\" class=\"wp-block-image size-full wp-lightbox-container\"><img decoding=\"async\" width=\"1400\" height=\"933\" data-wp-class--hide=\"state.isContentHidden\" data-wp-class--show=\"state.isContentVisible\" data-wp-init=\"callbacks.setButtonStyles\" data-wp-on--click=\"actions.showLightbox\" data-wp-on--load=\"callbacks.setButtonStyles\" data-wp-on--pointerdown=\"actions.preloadImage\" data-wp-on--pointerenter=\"actions.preloadImageWithDelay\" data-wp-on--pointerleave=\"actions.cancelPreload\" data-wp-on-window--resize=\"callbacks.setButtonStyles\" src=\"https:\/\/www.loudavymkrokem.cz\/wp-content\/uploads\/2023\/05\/kavarna-v-rime.jpg\" alt=\"Luk\u00e1\u0161 p\u00e5 ett av Roms kaf\u00e9er\" class=\"wp-image-57922\" title=\"\"><button\n\t\t\tclass=\"lightbox-trigger\"\n\t\t\ttype=\"button\"\n\t\t\taria-haspopup=\"dialog\"\n\t\t\tdata-wp-bind--aria-label=\"state.thisImage.triggerButtonAriaLabel\"\n\t\t\tdata-wp-init=\"callbacks.initTriggerButton\"\n\t\t\tdata-wp-on--click=\"actions.showLightbox\"\n\t\t\tdata-wp-style--right=\"state.thisImage.buttonRight\"\n\t\t\tdata-wp-style--top=\"state.thisImage.buttonTop\"\n\t\t>\n\t\t\t<svg xmlns=\"http:\/\/www.w3.org\/2000\/svg\" width=\"12\" height=\"12\" fill=\"none\" viewBox=\"0 0 12 12\">\n\t\t\t\t<path fill=\"#fff\" d=\"M2 0a2 2 0 0 0-2 2v2h1.5V2a.5.5 0 0 1 .5-.5h2V0H2Zm2 10.5H2a.5.5 0 0 1-.5-.5V8H0v2a2 2 0 0 0 2 2h2v-1.5ZM8 12v-1.5h2a.5.5 0 0 0 .5-.5V8H12v2a2 2 0 0 1-2 2H8Zm2-12a2 2 0 0 1 2 2v2h-1.5V2a.5.5 0 0 0-.5-.5H8V0h2Z\" \/>\n\t\t\t<\/svg>\n\t\t<\/button><figcaption class=\"wp-element-caption\">Luk\u00e1\u0161 p\u00e5 ett av Roms kaf\u00e9er<\/figcaption><\/figure>\n\n\n\n<p class=\"wp-block-paragraph\">Om du vill f\u00e5 ut verkligt maximalt av Colosseum och undvika de v\u00e4rsta folkmassorna rekommenderar jag att du <strong>betalar extra f\u00f6r specialbiljetten Full Experience<\/strong> (kostar 24 euro plus tv\u00e5 euro i bokningsavgift och g\u00e4ller tv\u00e5 p\u00e5 varandra f\u00f6ljande dagar). Den ger dig inte bara exklusivt tilltr\u00e4de till den rekonstruerade arenaytan, utan ocks\u00e5 nedstigning till den m\u00f6rka underjorden, det s\u00e5 kallade hypogeet. H\u00e4r v\u00e4ntade gladiatorerna och de vilda djuren i total kvalm p\u00e5 sitt \u00f6desdigra framtr\u00e4dande inf\u00f6r den vr\u00e5lande folkmassan.<\/p>\n\n\n\n<p class=\"wp-block-paragraph\">Den h\u00e4r biljetten har dessutom den enorma f\u00f6rdelen att den <strong>g\u00e4ller i tv\u00e5 hela dagar<\/strong>, s\u00e5 du kan sprida ut ditt utforskande av antiken. Du beh\u00f6ver inte helt slita ut dig under en enda eftermiddag med att springa igenom b\u00e5de Colosseum och Forum Romanum. Du kan i lugn och ro g\u00e5 igenom amfiteatern en dag och n\u00e4sta morgon, med ny energi, bege dig ut f\u00f6r att utforska ruinerna intill.<\/p>\n\n\n\n<p class=\"wp-block-paragraph\">Upplevelsen av underjorden \u00e4r mycket mer intim, <strong>folkmassorna tunnas m\u00e4rkbart ut<\/strong> och du kan i lugn och ro betrakta det uppfinningsrika systemet av antika hissar och falluckor. N\u00e4r du g\u00e5r genom de smala g\u00e5ngarna och k\u00e4nner fukten fr\u00e5n de gamla stenarna, d\u00e5 inser du p\u00e5 allvar de gamla romarnas tekniska genialitet, som f\u00f6r tv\u00e5tusen \u00e5r sedan fungerade som ett perfekt urverk.<\/p>\n\n\n\n<h3 class=\"wp-block-heading\"><span class=\"ez-toc-section\" id=\"3_Forum_Romanum\"><\/span>3. Forum Romanum<span class=\"ez-toc-section-end\"><\/span><\/h3>\n\n\n\n<figure data-wp-context=\"{&quot;imageId&quot;:&quot;6a95132fe9553&quot;}\" data-wp-interactive=\"core\/image\" data-wp-key=\"6a95132fe9553\" class=\"wp-block-image size-full wp-lightbox-container\"><img decoding=\"async\" width=\"1400\" height=\"933\" data-wp-class--hide=\"state.isContentHidden\" data-wp-class--show=\"state.isContentVisible\" data-wp-init=\"callbacks.setButtonStyles\" data-wp-on--click=\"actions.showLightbox\" data-wp-on--load=\"callbacks.setButtonStyles\" data-wp-on--pointerdown=\"actions.preloadImage\" data-wp-on--pointerenter=\"actions.preloadImageWithDelay\" data-wp-on--pointerleave=\"actions.cancelPreload\" data-wp-on-window--resize=\"callbacks.setButtonStyles\" src=\"https:\/\/www.loudavymkrokem.cz\/wp-content\/uploads\/2023\/05\/podel-reky-v-rime.jpg\" alt=\"I Rom g\u00e5r du ofta l\u00e4ngs floden\" class=\"wp-image-57923\" title=\"\"><button\n\t\t\tclass=\"lightbox-trigger\"\n\t\t\ttype=\"button\"\n\t\t\taria-haspopup=\"dialog\"\n\t\t\tdata-wp-bind--aria-label=\"state.thisImage.triggerButtonAriaLabel\"\n\t\t\tdata-wp-init=\"callbacks.initTriggerButton\"\n\t\t\tdata-wp-on--click=\"actions.showLightbox\"\n\t\t\tdata-wp-style--right=\"state.thisImage.buttonRight\"\n\t\t\tdata-wp-style--top=\"state.thisImage.buttonTop\"\n\t\t>\n\t\t\t<svg xmlns=\"http:\/\/www.w3.org\/2000\/svg\" width=\"12\" height=\"12\" fill=\"none\" viewBox=\"0 0 12 12\">\n\t\t\t\t<path fill=\"#fff\" d=\"M2 0a2 2 0 0 0-2 2v2h1.5V2a.5.5 0 0 1 .5-.5h2V0H2Zm2 10.5H2a.5.5 0 0 1-.5-.5V8H0v2a2 2 0 0 0 2 2h2v-1.5ZM8 12v-1.5h2a.5.5 0 0 0 .5-.5V8H12v2a2 2 0 0 1-2 2H8Zm2-12a2 2 0 0 1 2 2v2h-1.5V2a.5.5 0 0 0-.5-.5H8V0h2Z\" \/>\n\t\t\t<\/svg>\n\t\t<\/button><figcaption class=\"wp-element-caption\">I Rom g\u00e5r du ofta l\u00e4ngs floden<\/figcaption><\/figure>\n\n\n\n<p class=\"wp-block-paragraph\">Medan Colosseum var en plats f\u00f6r blodig underh\u00e5llning och spel, utgjorde Forum Romanum <strong>det verkliga politiska, religi\u00f6sa och kommersiella centrumet<\/strong> i hela det enorma riket. H\u00e4r h\u00f6lls storslagna triumft\u00e5g, h\u00e4r talade den ber\u00f6mde Cicero och just h\u00e4r br\u00e4ndes den m\u00f6rdade Julius Caesars kropp. Den sanka platsen, omgiven av kullarna Palatinen och Kapitolium, var en g\u00e5ng metropolens stolthet med tempel i vit marmor.<\/p>\n\n\n\n<p class=\"wp-block-paragraph\">Jag rekommenderar att du kommer hit <strong>tidigt p\u00e5 morgonen vid niotiden<\/strong> f\u00f6r att undvika middagssolen, som kan g\u00f6ra bes\u00f6ket riktigt obehagligt. P\u00e5 hela det enorma arkeologiska omr\u00e5det finns n\u00e4stan ingen skugga och de v\u00e4ldiga marmorblocken hettas upp under dagen som en j\u00e4ttekamin. Stadiga skor \u00e4r helt n\u00f6dv\u00e4ndiga, f\u00f6r underlaget \u00e4r extremt oj\u00e4mnt och att g\u00e5 p\u00e5 den antika stenl\u00e4ggningen p\u00e5 Via Sacra s\u00e4tter fotlederna p\u00e5 ordentligt prov.<\/p>\n\n\n\n<p class=\"wp-block-paragraph\">Gl\u00f6m inte att ta med dig en <strong>tom vattenflaska<\/strong>, den r\u00e4ddar dig bokstavligen h\u00e4r. Inne p\u00e5 omr\u00e5det hittar du flera offentliga dricksfont\u00e4ner d\u00e4r iskallt och uppfriskande vatten hela tiden rinner helt gratis, vilket skyddar dig mot uttorkning. Biljetterna ing\u00e5r i kombinationsbiljetten med Colosseum, men kom ih\u00e5g att du kan g\u00e5 in p\u00e5 Forum n\u00e4r som helst under biljettens giltighetstid och inte \u00e4r bunden till en exakt tid.<\/p>\n\n\n\n<h3 class=\"wp-block-heading\"><span class=\"ez-toc-section\" id=\"4_Palatinen_och_Farnesiska_tradgardarna\"><\/span>4. Palatinen och Farnesiska tr\u00e4dg\u00e5rdarna<span class=\"ez-toc-section-end\"><\/span><\/h3>\n\n\n\n<figure data-wp-context=\"{&quot;imageId&quot;:&quot;6a95132fe9a52&quot;}\" data-wp-interactive=\"core\/image\" data-wp-key=\"6a95132fe9a52\" class=\"wp-block-image size-full wp-lightbox-container\"><img decoding=\"async\" width=\"1500\" height=\"1000\" data-wp-class--hide=\"state.isContentHidden\" data-wp-class--show=\"state.isContentVisible\" data-wp-init=\"callbacks.setButtonStyles\" data-wp-on--click=\"actions.showLightbox\" data-wp-on--load=\"callbacks.setButtonStyles\" data-wp-on--pointerdown=\"actions.preloadImage\" data-wp-on--pointerenter=\"actions.preloadImageWithDelay\" data-wp-on--pointerleave=\"actions.cancelPreload\" data-wp-on-window--resize=\"callbacks.setButtonStyles\" src=\"https:\/\/www.loudavymkrokem.cz\/wp-content\/uploads\/2023\/05\/fontana-di-trevi.jpg\" alt=\"Fontana di Trevi\" class=\"wp-image-57902\" title=\"\"><button\n\t\t\tclass=\"lightbox-trigger\"\n\t\t\ttype=\"button\"\n\t\t\taria-haspopup=\"dialog\"\n\t\t\tdata-wp-bind--aria-label=\"state.thisImage.triggerButtonAriaLabel\"\n\t\t\tdata-wp-init=\"callbacks.initTriggerButton\"\n\t\t\tdata-wp-on--click=\"actions.showLightbox\"\n\t\t\tdata-wp-style--right=\"state.thisImage.buttonRight\"\n\t\t\tdata-wp-style--top=\"state.thisImage.buttonTop\"\n\t\t>\n\t\t\t<svg xmlns=\"http:\/\/www.w3.org\/2000\/svg\" width=\"12\" height=\"12\" fill=\"none\" viewBox=\"0 0 12 12\">\n\t\t\t\t<path fill=\"#fff\" d=\"M2 0a2 2 0 0 0-2 2v2h1.5V2a.5.5 0 0 1 .5-.5h2V0H2Zm2 10.5H2a.5.5 0 0 1-.5-.5V8H0v2a2 2 0 0 0 2 2h2v-1.5ZM8 12v-1.5h2a.5.5 0 0 0 .5-.5V8H12v2a2 2 0 0 1-2 2H8Zm2-12a2 2 0 0 1 2 2v2h-1.5V2a.5.5 0 0 0-.5-.5H8V0h2Z\" \/>\n\t\t\t<\/svg>\n\t\t<\/button><figcaption class=\"wp-element-caption\">Fontana di Trevi<\/figcaption><\/figure>\n\n\n\n<p class=\"wp-block-paragraph\">Palatinen anges i guideb\u00f6cker ofta som ett eget tips, vilket kan vara ganska f\u00f6rvirrande, f\u00f6r den \u00e4r <strong>fysiskt sammankopplad med Forum Romanum<\/strong> och samma biljett g\u00e4ller hit. Det handlar om den viktigaste av Roms sju kullar, d\u00e4r stadens ursprungliga bos\u00e4ttning enligt en urgammal legend b\u00f6rjade och varifr\u00e5n staden gradvis v\u00e4xte till sin imperiala storlek.<\/p>\n\n\n\n<p class=\"wp-block-paragraph\">Under storhetstiden var det en exklusiv plats, ett slags <strong>antikt Beverly Hills<\/strong>, d\u00e4r kejsare och den rikaste eliten byggde sina praktfulla marmorpalats. Palatinens topp betraktas som en verklig arkeologisk skatt tack vare den stora m\u00e4ngden bevarade l\u00e4mningar av antika byggnader. J\u00e4mf\u00f6rt med det livliga Forum nere i dalen \u00e4r det betydligt lugnare h\u00e4r, och du hittar \u00e4ven doftande pinjelundar som ger den s\u00e5 efterl\u00e4ngtade skuggan.<\/p>\n\n\n\n<p class=\"wp-block-paragraph\">Missa absolut inte de <strong>underbara Farnesiska tr\u00e4dg\u00e5rdarna<\/strong> (Orti Farnesiani), som anlades p\u00e5 1500-talet direkt p\u00e5 de antika ruinerna. De erbjuder n\u00e4mligen en av de allra vackraste utsikterna \u00f6ver hela Forum Romanum och Colosseum ur f\u00e5gelperspektiv. Det \u00e4r en idealisk plats d\u00e4r du kan s\u00e4tta dig en stund, vila de \u00f6mma benen och f\u00f6rest\u00e4lla dig det forna vimlet.<\/p>\n\n\n\n<h3 class=\"wp-block-heading\"><span class=\"ez-toc-section\" id=\"5_Fontana_di_Trevi_i_sin_nya_ordning\"><\/span>5. Fontana di Trevi i sin nya ordning<span class=\"ez-toc-section-end\"><\/span><\/h3>\n\n\n\n<figure data-wp-context=\"{&quot;imageId&quot;:&quot;6a95132fe9f2e&quot;}\" data-wp-interactive=\"core\/image\" data-wp-key=\"6a95132fe9f2e\" class=\"wp-block-image size-full wp-lightbox-container\"><img decoding=\"async\" width=\"1400\" height=\"933\" data-wp-class--hide=\"state.isContentHidden\" data-wp-class--show=\"state.isContentVisible\" data-wp-init=\"callbacks.setButtonStyles\" data-wp-on--click=\"actions.showLightbox\" data-wp-on--load=\"callbacks.setButtonStyles\" data-wp-on--pointerdown=\"actions.preloadImage\" data-wp-on--pointerenter=\"actions.preloadImageWithDelay\" data-wp-on--pointerleave=\"actions.cancelPreload\" data-wp-on-window--resize=\"callbacks.setButtonStyles\" src=\"https:\/\/www.loudavymkrokem.cz\/wp-content\/uploads\/2023\/05\/forum-romanum.jpg\" alt=\"Forum Romanum\" class=\"wp-image-57908\" title=\"\"><button\n\t\t\tclass=\"lightbox-trigger\"\n\t\t\ttype=\"button\"\n\t\t\taria-haspopup=\"dialog\"\n\t\t\tdata-wp-bind--aria-label=\"state.thisImage.triggerButtonAriaLabel\"\n\t\t\tdata-wp-init=\"callbacks.initTriggerButton\"\n\t\t\tdata-wp-on--click=\"actions.showLightbox\"\n\t\t\tdata-wp-style--right=\"state.thisImage.buttonRight\"\n\t\t\tdata-wp-style--top=\"state.thisImage.buttonTop\"\n\t\t>\n\t\t\t<svg xmlns=\"http:\/\/www.w3.org\/2000\/svg\" width=\"12\" height=\"12\" fill=\"none\" viewBox=\"0 0 12 12\">\n\t\t\t\t<path fill=\"#fff\" d=\"M2 0a2 2 0 0 0-2 2v2h1.5V2a.5.5 0 0 1 .5-.5h2V0H2Zm2 10.5H2a.5.5 0 0 1-.5-.5V8H0v2a2 2 0 0 0 2 2h2v-1.5ZM8 12v-1.5h2a.5.5 0 0 0 .5-.5V8H12v2a2 2 0 0 1-2 2H8Zm2-12a2 2 0 0 1 2 2v2h-1.5V2a.5.5 0 0 0-.5-.5H8V0h2Z\" \/>\n\t\t\t<\/svg>\n\t\t<\/button><figcaption class=\"wp-element-caption\">Forum Romanum<\/figcaption><\/figure>\n\n\n\n<p class=\"wp-block-paragraph\"><a href=\"https:\/\/loudavymkrokem.cz\/sv\/fontana-di-trevi\/\">Fontana di Trevi<\/a> b\u00f6r vara ett av dina f\u00f6rsta m\u00e5l, f\u00f6r den <strong>fylls otroligt snabbt med turister fr\u00e5n hela v\u00e4rlden<\/strong>. Storslagenheten hos denna font\u00e4n, som upptar hela fasaden p\u00e5 Palazzo Poli, tar andan ur en och dess svindlande majest\u00e4t \u00f6verraskar mig varje g\u00e5ng. \u00c4ven om jag inte \u00e4r den st\u00f6rsta barockfantasten m\u00e5ste detta m\u00e4sterverk av arkitekten Nicola Salvi f\u00f6rtrolla n\u00e4stan var och en.<\/p>\n\n\n\n<p class=\"wp-block-paragraph\">\u00c5r 2026 innebar dock en helt avg\u00f6rande f\u00f6r\u00e4ndring i hur du bes\u00f6ker denna sev\u00e4rdhet. P\u00e5 grund av det extrema \u00f6verfl\u00f6det av turister inf\u00f6rde staden en <strong>avgift p\u00e5 tv\u00e5 euro f\u00f6r alla icke-inv\u00e5nare<\/strong> som vill g\u00e5 ner f\u00f6r trapporna direkt till font\u00e4nens bass\u00e4ng. Utrymmet \u00e4r numera avgr\u00e4nsat och bevakas av sp\u00e4rrar som sl\u00e4pper in maximalt fyrahundra personer \u00e5t g\u00e5ngen, s\u00e5 att folk inte tr\u00e4ngs.<\/p>\n\n\n\n<p class=\"wp-block-paragraph\">Om du inte vill betala eller k\u00f6a kan du beundra font\u00e4nen <strong>gratis fr\u00e5n torgets \u00f6vre niv\u00e5<\/strong>, men poliser med visselpipor l\u00e5ter dig inte st\u00e5 l\u00e4nge p\u00e5 en och samma plats. Den traditionella ritualen att kasta ett mynt \u00f6ver v\u00e4nster axel finns f\u00f6rst\u00e5s kvar. F\u00f6rs\u00f6k att stiga upp tidigt och komma hit redan vid sjutiden p\u00e5 morgonen, d\u00e5 du h\u00f6r vattnets m\u00e4ktiga brus i total stillhet, innan de f\u00f6rsta organiserade resegrupperna anl\u00e4nder.<\/p>\n\n\n\n<h3 class=\"wp-block-heading\"><span class=\"ez-toc-section\" id=\"6_Den_dolda_underjorden_Vicus_Caprarius\"><\/span>6. Den dolda underjorden Vicus Caprarius<span class=\"ez-toc-section-end\"><\/span><\/h3>\n\n\n\n<figure data-wp-context=\"{&quot;imageId&quot;:&quot;6a95132fea41b&quot;}\" data-wp-interactive=\"core\/image\" data-wp-key=\"6a95132fea41b\" class=\"wp-block-image size-full wp-lightbox-container\"><img decoding=\"async\" width=\"1400\" height=\"933\" data-wp-class--hide=\"state.isContentHidden\" data-wp-class--show=\"state.isContentVisible\" data-wp-init=\"callbacks.setButtonStyles\" data-wp-on--click=\"actions.showLightbox\" data-wp-on--load=\"callbacks.setButtonStyles\" data-wp-on--pointerdown=\"actions.preloadImage\" data-wp-on--pointerenter=\"actions.preloadImageWithDelay\" data-wp-on--pointerleave=\"actions.cancelPreload\" data-wp-on-window--resize=\"callbacks.setButtonStyles\" src=\"https:\/\/www.loudavymkrokem.cz\/wp-content\/uploads\/2023\/05\/palatin.jpg\" alt=\"Palatinen\" class=\"wp-image-57909\" title=\"\"><button\n\t\t\tclass=\"lightbox-trigger\"\n\t\t\ttype=\"button\"\n\t\t\taria-haspopup=\"dialog\"\n\t\t\tdata-wp-bind--aria-label=\"state.thisImage.triggerButtonAriaLabel\"\n\t\t\tdata-wp-init=\"callbacks.initTriggerButton\"\n\t\t\tdata-wp-on--click=\"actions.showLightbox\"\n\t\t\tdata-wp-style--right=\"state.thisImage.buttonRight\"\n\t\t\tdata-wp-style--top=\"state.thisImage.buttonTop\"\n\t\t>\n\t\t\t<svg xmlns=\"http:\/\/www.w3.org\/2000\/svg\" width=\"12\" height=\"12\" fill=\"none\" viewBox=\"0 0 12 12\">\n\t\t\t\t<path fill=\"#fff\" d=\"M2 0a2 2 0 0 0-2 2v2h1.5V2a.5.5 0 0 1 .5-.5h2V0H2Zm2 10.5H2a.5.5 0 0 1-.5-.5V8H0v2a2 2 0 0 0 2 2h2v-1.5ZM8 12v-1.5h2a.5.5 0 0 0 .5-.5V8H12v2a2 2 0 0 1-2 2H8Zm2-12a2 2 0 0 1 2 2v2h-1.5V2a.5.5 0 0 0-.5-.5H8V0h2Z\" \/>\n\t\t\t<\/svg>\n\t\t<\/button><figcaption class=\"wp-element-caption\">Palatinen<\/figcaption><\/figure>\n\n\n\n<p class=\"wp-block-paragraph\">De flesta l\u00e4mnar Fontana di Trevi direkt efter att ha fotat den och g\u00e5r mot Pantheon, helt ovetande om att det bara n\u00e5gra steg bort <strong>g\u00f6mmer sig en riktig unik p\u00e4rla<\/strong>. I den oansenliga gr\u00e4nden Vicolo del Puttignani finns ing\u00e5ngen till det arkeologiska omr\u00e5det Vicus Caprarius, som med all r\u00e4tt \u00e4ven kallas Vattnets stad.<\/p>\n\n\n\n<p class=\"wp-block-paragraph\">Det \u00e4r en fascinerande labyrint av underjordiska g\u00e5ngar och antika cisterner, genom vilka det <strong>\u00e4n idag rinner kristallklart vatten<\/strong> fr\u00e5n den tv\u00e5tusen\u00e5riga antika akvedukten Aqua Virgo. Just denna otroliga akvedukt f\u00f6rser \u00e4n idag den ber\u00f6mda Fontana di Trevi ovanf\u00f6r ditt huvud med vatten. Nedstigningen till den h\u00e4r underjorden fungerar som en helt perfekt flykt undan den galna folkmassan uppe p\u00e5 torget.<\/p>\n\n\n\n<p class=\"wp-block-paragraph\">H\u00e4r r\u00e5der en mycket behaglig svalka, det \u00e4r absolut tyst och du h\u00f6r bara <strong>fina droppar som faller p\u00e5 de antika teglen<\/strong>. Biljetterna kostar bara n\u00e5gra euro och jag rekommenderar att du bokar dem i f\u00f6rv\u00e4g p\u00e5 deras webbplats, eftersom underjordens kapacitet av s\u00e4kerhetssk\u00e4l \u00e4r ganska begr\u00e4nsad och det ofta \u00e4r sluts\u00e5lt p\u00e5 plats.<\/p>\n\n\n\n<h3 class=\"wp-block-heading\"><span class=\"ez-toc-section\" id=\"7_Pantheon_och_dess_oppna_kupol\"><\/span>7. Pantheon och dess \u00f6ppna kupol<span class=\"ez-toc-section-end\"><\/span><\/h3>\n\n\n\n<figure data-wp-context=\"{&quot;imageId&quot;:&quot;6a95132fea8ec&quot;}\" data-wp-interactive=\"core\/image\" data-wp-key=\"6a95132fea8ec\" class=\"wp-block-image size-full wp-lightbox-container\"><img decoding=\"async\" width=\"1400\" height=\"933\" data-wp-class--hide=\"state.isContentHidden\" data-wp-class--show=\"state.isContentVisible\" data-wp-init=\"callbacks.setButtonStyles\" data-wp-on--click=\"actions.showLightbox\" data-wp-on--load=\"callbacks.setButtonStyles\" data-wp-on--pointerdown=\"actions.preloadImage\" data-wp-on--pointerenter=\"actions.preloadImageWithDelay\" data-wp-on--pointerleave=\"actions.cancelPreload\" data-wp-on-window--resize=\"callbacks.setButtonStyles\" src=\"https:\/\/www.loudavymkrokem.cz\/wp-content\/uploads\/2023\/05\/colosseum.jpg\" alt=\"Colosseum\" class=\"wp-image-57907\" title=\"\"><button\n\t\t\tclass=\"lightbox-trigger\"\n\t\t\ttype=\"button\"\n\t\t\taria-haspopup=\"dialog\"\n\t\t\tdata-wp-bind--aria-label=\"state.thisImage.triggerButtonAriaLabel\"\n\t\t\tdata-wp-init=\"callbacks.initTriggerButton\"\n\t\t\tdata-wp-on--click=\"actions.showLightbox\"\n\t\t\tdata-wp-style--right=\"state.thisImage.buttonRight\"\n\t\t\tdata-wp-style--top=\"state.thisImage.buttonTop\"\n\t\t>\n\t\t\t<svg xmlns=\"http:\/\/www.w3.org\/2000\/svg\" width=\"12\" height=\"12\" fill=\"none\" viewBox=\"0 0 12 12\">\n\t\t\t\t<path fill=\"#fff\" d=\"M2 0a2 2 0 0 0-2 2v2h1.5V2a.5.5 0 0 1 .5-.5h2V0H2Zm2 10.5H2a.5.5 0 0 1-.5-.5V8H0v2a2 2 0 0 0 2 2h2v-1.5ZM8 12v-1.5h2a.5.5 0 0 0 .5-.5V8H12v2a2 2 0 0 1-2 2H8Zm2-12a2 2 0 0 1 2 2v2h-1.5V2a.5.5 0 0 0-.5-.5H8V0h2Z\" \/>\n\t\t\t<\/svg>\n\t\t<\/button><figcaption class=\"wp-element-caption\">Colosseum<\/figcaption><\/figure>\n\n\n\n<p class=\"wp-block-paragraph\">Ett av mina allra starkaste barndomsminnen fr\u00e5n Rom \u00e4r just kopplat till <a href=\"https:\/\/loudavymkrokem.cz\/sv\/pantheon-rom-italien\/\">Pantheon<\/a>. Jag minns hur vi gick genom smala gr\u00e4nder och pl\u00f6tsligt reste sig framf\u00f6r oss en <strong>enorm byggnad med v\u00e4ldiga granitpelare<\/strong>, som romarna transporterade hit \u00e4nda fr\u00e5n fj\u00e4rran Egypten. Pantheon \u00e4r den b\u00e4st bevarade antika byggnaden i v\u00e4rlden och dess v\u00e4ldiga betongkupol f\u00f6rblir \u00e4n idag ett fascinerande arkitektoniskt underverk.<\/p>\n\n\n\n<p class=\"wp-block-paragraph\">Mitt i kupolen gapar en <strong>nio meter bred cirkul\u00e4r \u00f6ppning kallad oculus<\/strong>, som \u00e4r byggnadens enda k\u00e4lla till naturligt ljus. N\u00e4r det regnar i Rom faller vattnet genom oculus direkt ner p\u00e5 marmorgolvet, varifr\u00e5n det omedelbart leds bort av ett uppfinningsrikt antikt system av diskreta kanaler. Inne hittar du ocks\u00e5 ren\u00e4ssansgeniet Rafaels grav, dit folk g\u00e5r f\u00f6r att hedra honom.<\/p>\n\n\n\n<p class=\"wp-block-paragraph\">Tiden d\u00e5 du bara kunde kliva in i Pantheon fr\u00e5n gatan \u00e4r tyv\u00e4rr o\u00e5terkalleligen f\u00f6rbi. Entr\u00e9n <strong>kostar fr\u00e5n den 1 juli 2026 sju euro<\/strong> (h\u00f6jt fr\u00e5n ursprungliga fem) och biljetterna m\u00e5ste du ordna via kulturministeriets officiella portal. EU-medborgare mellan 18 och 25 \u00e5r betalar tv\u00e5 euro, barn under 18 \u00e5r och f\u00f6rsta s\u00f6ndagen i m\u00e5naden \u00e4r entr\u00e9n gratis. Att f\u00f6rs\u00f6ka boka tid direkt till morgon\u00f6ppningen \u00e4r det b\u00e4sta valet, f\u00f6r luften inne \u00e4r d\u00e5 fortfarande sk\u00f6nt sval och ljuset fr\u00e5n oculus magiskt.<\/p>\n\n\n\n<h3 class=\"wp-block-heading\"><span class=\"ez-toc-section\" id=\"8_Piazza_Navona_och_Fyra_flodernas_fontan\"><\/span>8. Piazza Navona och Fyra flodernas font\u00e4n<span class=\"ez-toc-section-end\"><\/span><\/h3>\n\n\n\n<figure data-wp-context=\"{&quot;imageId&quot;:&quot;6a95132fead7c&quot;}\" data-wp-interactive=\"core\/image\" data-wp-key=\"6a95132fead7c\" class=\"wp-block-image size-full wp-lightbox-container\"><img decoding=\"async\" width=\"1400\" height=\"933\" data-wp-class--hide=\"state.isContentHidden\" data-wp-class--show=\"state.isContentVisible\" data-wp-init=\"callbacks.setButtonStyles\" data-wp-on--click=\"actions.showLightbox\" data-wp-on--load=\"callbacks.setButtonStyles\" data-wp-on--pointerdown=\"actions.preloadImage\" data-wp-on--pointerenter=\"actions.preloadImageWithDelay\" data-wp-on--pointerleave=\"actions.cancelPreload\" data-wp-on-window--resize=\"callbacks.setButtonStyles\" src=\"https:\/\/www.loudavymkrokem.cz\/wp-content\/uploads\/2023\/05\/piazza-venezia.jpg\" alt=\"Piazza Venezia\" class=\"wp-image-57912\" title=\"\"><button\n\t\t\tclass=\"lightbox-trigger\"\n\t\t\ttype=\"button\"\n\t\t\taria-haspopup=\"dialog\"\n\t\t\tdata-wp-bind--aria-label=\"state.thisImage.triggerButtonAriaLabel\"\n\t\t\tdata-wp-init=\"callbacks.initTriggerButton\"\n\t\t\tdata-wp-on--click=\"actions.showLightbox\"\n\t\t\tdata-wp-style--right=\"state.thisImage.buttonRight\"\n\t\t\tdata-wp-style--top=\"state.thisImage.buttonTop\"\n\t\t>\n\t\t\t<svg xmlns=\"http:\/\/www.w3.org\/2000\/svg\" width=\"12\" height=\"12\" fill=\"none\" viewBox=\"0 0 12 12\">\n\t\t\t\t<path fill=\"#fff\" d=\"M2 0a2 2 0 0 0-2 2v2h1.5V2a.5.5 0 0 1 .5-.5h2V0H2Zm2 10.5H2a.5.5 0 0 1-.5-.5V8H0v2a2 2 0 0 0 2 2h2v-1.5ZM8 12v-1.5h2a.5.5 0 0 0 .5-.5V8H12v2a2 2 0 0 1-2 2H8Zm2-12a2 2 0 0 1 2 2v2h-1.5V2a.5.5 0 0 0-.5-.5H8V0h2Z\" \/>\n\t\t\t<\/svg>\n\t\t<\/button><figcaption class=\"wp-element-caption\">Piazza Venezia<\/figcaption><\/figure>\n\n\n\n<p class=\"wp-block-paragraph\">Fr\u00e5n Pantheon kan du g\u00e5 direkt till torget <a href=\"https:\/\/loudavymkrokem.cz\/sv\/piazza-navona-rom-italien\/\">Piazza Navona<\/a>, som \u00e4n idag <strong>beh\u00e5llit sin of\u00f6rv\u00e4xelbara avl\u00e5nga form<\/strong> fr\u00e5n Domitianus antika stadion, p\u00e5 vars ruiner det byggdes. Under medeltiden h\u00f6lls h\u00e4r riddarturneringar och under 1600-talet var torget plats f\u00f6r storslagna vattenfester, d\u00e5 ytan medvetet \u00f6versv\u00e4mmades med vatten och adeln \u00e5kte runt i sm\u00e5 b\u00e5tar.<\/p>\n\n\n\n<p class=\"wp-block-paragraph\">Torget domineras av Berninis h\u00e4nf\u00f6rande <strong>Fyra flodernas font\u00e4n<\/strong> (Fontana dei Quattro Fiumi), som symboliserar de stora floderna p\u00e5 de fyra d\u00e5 k\u00e4nda kontinenterna. Enligt en elak stadslegend t\u00e4cker skulpturen som f\u00f6rest\u00e4ller floden R\u00edo de la Plata sitt ansikte i fasa, f\u00f6r att slippa titta p\u00e5 kyrkan Sant&#8217;Agnese in Agone, som ritades av Berninis \u00e4rkerival Borromini. Romarna \u00e4lskar den h\u00e4r roliga historien och ber\u00e4ttar den g\u00e4rna f\u00f6r turister.<\/p>\n\n\n\n<p class=\"wp-block-paragraph\">Torget \u00e4r fullt av gatuartister, karikatyrtecknare och musiker, s\u00e5 h\u00e4r r\u00e5der en h\u00e4rligt levande atmosf\u00e4r, s\u00e4rskilt mot kv\u00e4llen. Ur gastronomisk synvinkel \u00e4r det dock ett rent minf\u00e4lt, s\u00e5 <strong>undvik restaurangerna med utsikt \u00f6ver torget<\/strong> med bred marginal. De \u00e4r det v\u00e4rsta av Roms turistf\u00e4llor och en vanlig cappuccino vid ett bord kan kosta dig upp till orimliga sju euro.<\/p>\n\n\n\n<h3 class=\"wp-block-heading\"><span class=\"ez-toc-section\" id=\"9_Vatikanmuseerna\"><\/span>9. Vatikanmuseerna<span class=\"ez-toc-section-end\"><\/span><\/h3>\n\n\n\n<figure data-wp-context=\"{&quot;imageId&quot;:&quot;6a95132feb219&quot;}\" data-wp-interactive=\"core\/image\" data-wp-key=\"6a95132feb219\" class=\"wp-block-image size-full wp-lightbox-container\"><img decoding=\"async\" width=\"1400\" height=\"933\" data-wp-class--hide=\"state.isContentHidden\" data-wp-class--show=\"state.isContentVisible\" data-wp-init=\"callbacks.setButtonStyles\" data-wp-on--click=\"actions.showLightbox\" data-wp-on--load=\"callbacks.setButtonStyles\" data-wp-on--pointerdown=\"actions.preloadImage\" data-wp-on--pointerenter=\"actions.preloadImageWithDelay\" data-wp-on--pointerleave=\"actions.cancelPreload\" data-wp-on-window--resize=\"callbacks.setButtonStyles\" src=\"https:\/\/www.loudavymkrokem.cz\/wp-content\/uploads\/2023\/05\/pantheon.jpg\" alt=\"Pantheon\" class=\"wp-image-57910\" title=\"\"><button\n\t\t\tclass=\"lightbox-trigger\"\n\t\t\ttype=\"button\"\n\t\t\taria-haspopup=\"dialog\"\n\t\t\tdata-wp-bind--aria-label=\"state.thisImage.triggerButtonAriaLabel\"\n\t\t\tdata-wp-init=\"callbacks.initTriggerButton\"\n\t\t\tdata-wp-on--click=\"actions.showLightbox\"\n\t\t\tdata-wp-style--right=\"state.thisImage.buttonRight\"\n\t\t\tdata-wp-style--top=\"state.thisImage.buttonTop\"\n\t\t>\n\t\t\t<svg xmlns=\"http:\/\/www.w3.org\/2000\/svg\" width=\"12\" height=\"12\" fill=\"none\" viewBox=\"0 0 12 12\">\n\t\t\t\t<path fill=\"#fff\" d=\"M2 0a2 2 0 0 0-2 2v2h1.5V2a.5.5 0 0 1 .5-.5h2V0H2Zm2 10.5H2a.5.5 0 0 1-.5-.5V8H0v2a2 2 0 0 0 2 2h2v-1.5ZM8 12v-1.5h2a.5.5 0 0 0 .5-.5V8H12v2a2 2 0 0 1-2 2H8Zm2-12a2 2 0 0 1 2 2v2h-1.5V2a.5.5 0 0 0-.5-.5H8V0h2Z\" \/>\n\t\t\t<\/svg>\n\t\t<\/button><figcaption class=\"wp-element-caption\">Pantheon<\/figcaption><\/figure>\n\n\n\n<p class=\"wp-block-paragraph\">Avs\u00e4tt helst en hel dag f\u00f6r Vatikanstaten och du kommer inte att \u00e5ngra en enda minut. Vatikanmuseerna bes\u00f6ks \u00e5rligen av miljontals m\u00e4nniskor och utg\u00f6r en enorm labyrint av g\u00e5ngar, sammanl\u00e4nkade palats och gallerier, vars <strong>totala l\u00e4ngd p\u00e5 bes\u00f6ksrutten \u00e4r knappt tio kilometer<\/strong>. H\u00e4r hittar du samlingar av ov\u00e4rderligt v\u00e4rde, fr\u00e5n den antika skulpturgruppen Laokoongruppen till det h\u00e4nf\u00f6rande Kartgalleriet med sitt underbara gyllene kassettak.<\/p>\n\n\n\n<p class=\"wp-block-paragraph\">Med detta i \u00e5tanke m\u00e5ste du ovillkorligen k\u00f6pa <strong>biljetten i f\u00f6rv\u00e4g via Vatikanens officiella sida<\/strong> (kostar ungef\u00e4r 25 euro inklusive avgift), g\u00e4rna sextio dagar i f\u00f6rv\u00e4g. Vi valde eftermiddagstimmarna, d\u00e5 vi ville undkomma den v\u00e4rsta hettan, men luftkonditioneringen i museerna hann inte riktigt med. Erfarna resen\u00e4rer r\u00e5der d\u00e4rf\u00f6r att g\u00e5 direkt till morgon\u00f6ppningen vid \u00e5ttatiden, d\u00e5 golven \u00e4r nyskurade och luften mycket l\u00e4ttare att andas.<\/p>\n\n\n\n<p class=\"wp-block-paragraph\">Vi valde en rundtur med audioguide, och trots att vi till en b\u00f6rjan var fast beslutna att lyssna p\u00e5 allt ins\u00e5g vi snabbt att det helt enkelt inte var m\u00f6jligt. Vi hade f\u00e5tt tillbringa runt tio timmar d\u00e4r och benen h\u00f6ll redan p\u00e5 att ge upp. <strong>V\u00e4lj d\u00e4rf\u00f6r bara de utst\u00e4llningar som verkligen intresserar dig<\/strong>, s\u00e5 att du inte f\u00f6rbrukar all energi redan i den f\u00f6rsta tredjedelen av det enorma komplexet.<\/p>\n\n\n\n<h3 class=\"wp-block-heading\"><span class=\"ez-toc-section\" id=\"10_Sixtinska_kapellet\"><\/span>10. Sixtinska kapellet<span class=\"ez-toc-section-end\"><\/span><\/h3>\n\n\n\n<figure data-wp-context=\"{&quot;imageId&quot;:&quot;6a95132feb8a1&quot;}\" data-wp-interactive=\"core\/image\" data-wp-key=\"6a95132feb8a1\" class=\"wp-block-image size-full wp-lightbox-container\"><img decoding=\"async\" width=\"1400\" height=\"933\" data-wp-class--hide=\"state.isContentHidden\" data-wp-class--show=\"state.isContentVisible\" data-wp-init=\"callbacks.setButtonStyles\" data-wp-on--click=\"actions.showLightbox\" data-wp-on--load=\"callbacks.setButtonStyles\" data-wp-on--pointerdown=\"actions.preloadImage\" data-wp-on--pointerenter=\"actions.preloadImageWithDelay\" data-wp-on--pointerleave=\"actions.cancelPreload\" data-wp-on-window--resize=\"callbacks.setButtonStyles\" src=\"https:\/\/www.loudavymkrokem.cz\/wp-content\/uploads\/2023\/05\/fontana-ctyr-rek.jpg\" alt=\"Fyra flodernas font\u00e4n\" class=\"wp-image-57913\" title=\"\"><button\n\t\t\tclass=\"lightbox-trigger\"\n\t\t\ttype=\"button\"\n\t\t\taria-haspopup=\"dialog\"\n\t\t\tdata-wp-bind--aria-label=\"state.thisImage.triggerButtonAriaLabel\"\n\t\t\tdata-wp-init=\"callbacks.initTriggerButton\"\n\t\t\tdata-wp-on--click=\"actions.showLightbox\"\n\t\t\tdata-wp-style--right=\"state.thisImage.buttonRight\"\n\t\t\tdata-wp-style--top=\"state.thisImage.buttonTop\"\n\t\t>\n\t\t\t<svg xmlns=\"http:\/\/www.w3.org\/2000\/svg\" width=\"12\" height=\"12\" fill=\"none\" viewBox=\"0 0 12 12\">\n\t\t\t\t<path fill=\"#fff\" d=\"M2 0a2 2 0 0 0-2 2v2h1.5V2a.5.5 0 0 1 .5-.5h2V0H2Zm2 10.5H2a.5.5 0 0 1-.5-.5V8H0v2a2 2 0 0 0 2 2h2v-1.5ZM8 12v-1.5h2a.5.5 0 0 0 .5-.5V8H12v2a2 2 0 0 1-2 2H8Zm2-12a2 2 0 0 1 2 2v2h-1.5V2a.5.5 0 0 0-.5-.5H8V0h2Z\" \/>\n\t\t\t<\/svg>\n\t\t<\/button><figcaption class=\"wp-element-caption\">Fyra flodernas font\u00e4n<\/figcaption><\/figure>\n\n\n\n<p class=\"wp-block-paragraph\">Sixtinska kapellet ligger allra sist p\u00e5 Vatikanmuseernas bes\u00f6ksrutt och det <strong>finns ingen officiell genv\u00e4g<\/strong> f\u00f6r att komma direkt dit. Vi k\u00e4nner alla till de ber\u00f6mda freskerna i taket av Michelangelo Buonarroti, som tillbringade fyra \u00e5r av h\u00e5rt arbete h\u00e4r p\u00e5 en tr\u00e4st\u00e4llning. Men om du \u00e4lskar konst l\u00e4gger du s\u00e4kert \u00e4ven m\u00e4rke till de underbara v\u00e4ggfreskerna av Botticelli, Perugino och Ghirlandaio.<\/p>\n\n\n\n<p class=\"wp-block-paragraph\">Det handlar om ett invigt rum, vars huvudfunktion \u00e4r att samla kardinalkollegiet, som h\u00e4r m\u00f6ts f\u00f6r det hemliga valet av en ny p\u00e5ve, den s\u00e5 kallade konklaven. Just av den anledningen g\u00e4ller mycket str\u00e4nga regler h\u00e4r och <strong>fotograferings- och filmningsf\u00f6rbudet g\u00e4ller absolut alla<\/strong>. Vakterna g\u00e5r st\u00e4ndigt runt i kapellet, uppmanar h\u00f6gljutt turisterna till tystnad, och om de tar dig med telefonen tvingar de dig att f\u00f6rnedrande radera bilden framf\u00f6r dem.<\/p>\n\n\n\n<p class=\"wp-block-paragraph\">\ud83d\udca1 Tips: I det bortre h\u00f6gra h\u00f6rnet av kapellet finns en oansenlig d\u00f6rr som leder <strong>direkt till trappan till Peterskyrkan<\/strong>. Officiellt \u00e4r den reserverad enbart f\u00f6r organiserade grupper med guide, men ibland lyckas individuella turister slinka med en stor grupp. D\u00e5 sparar du tjugo minuters promenad och ytterligare tr\u00f6ttsam v\u00e4ntan i k\u00f6n till s\u00e4kerhetskontrollen ute p\u00e5 torget.<\/p>\n\n\n\n<h3 class=\"wp-block-heading\"><span class=\"ez-toc-section\" id=\"11_Peterskyrkan\"><\/span>11. Peterskyrkan<span class=\"ez-toc-section-end\"><\/span><\/h3>\n\n\n\n<figure data-wp-context=\"{&quot;imageId&quot;:&quot;6a95132fec0c9&quot;}\" data-wp-interactive=\"core\/image\" data-wp-key=\"6a95132fec0c9\" class=\"wp-block-image size-full wp-lightbox-container\"><img decoding=\"async\" width=\"1400\" height=\"933\" data-wp-class--hide=\"state.isContentHidden\" data-wp-class--show=\"state.isContentVisible\" data-wp-init=\"callbacks.setButtonStyles\" data-wp-on--click=\"actions.showLightbox\" data-wp-on--load=\"callbacks.setButtonStyles\" data-wp-on--pointerdown=\"actions.preloadImage\" data-wp-on--pointerenter=\"actions.preloadImageWithDelay\" data-wp-on--pointerleave=\"actions.cancelPreload\" data-wp-on-window--resize=\"callbacks.setButtonStyles\" src=\"https:\/\/www.loudavymkrokem.cz\/wp-content\/uploads\/2023\/05\/spanelske-schody.jpg\" alt=\"Spanska trappan\" class=\"wp-image-57905\" title=\"\"><button\n\t\t\tclass=\"lightbox-trigger\"\n\t\t\ttype=\"button\"\n\t\t\taria-haspopup=\"dialog\"\n\t\t\tdata-wp-bind--aria-label=\"state.thisImage.triggerButtonAriaLabel\"\n\t\t\tdata-wp-init=\"callbacks.initTriggerButton\"\n\t\t\tdata-wp-on--click=\"actions.showLightbox\"\n\t\t\tdata-wp-style--right=\"state.thisImage.buttonRight\"\n\t\t\tdata-wp-style--top=\"state.thisImage.buttonTop\"\n\t\t>\n\t\t\t<svg xmlns=\"http:\/\/www.w3.org\/2000\/svg\" width=\"12\" height=\"12\" fill=\"none\" viewBox=\"0 0 12 12\">\n\t\t\t\t<path fill=\"#fff\" d=\"M2 0a2 2 0 0 0-2 2v2h1.5V2a.5.5 0 0 1 .5-.5h2V0H2Zm2 10.5H2a.5.5 0 0 1-.5-.5V8H0v2a2 2 0 0 0 2 2h2v-1.5ZM8 12v-1.5h2a.5.5 0 0 0 .5-.5V8H12v2a2 2 0 0 1-2 2H8Zm2-12a2 2 0 0 1 2 2v2h-1.5V2a.5.5 0 0 0-.5-.5H8V0h2Z\" \/>\n\t\t\t<\/svg>\n\t\t<\/button><figcaption class=\"wp-element-caption\">Spanska trappan<\/figcaption><\/figure>\n\n\n\n<p class=\"wp-block-paragraph\">Poeten Goethe l\u00e4r en g\u00e5ng ha sagt att kliva in i Peterskyrkan \u00e4r som att stiga rakt in i evigheten, och jag h\u00e5ller helt med honom. Det \u00e4r <strong>v\u00e4rldens st\u00f6rsta och mest praktfulla katolska byggnad<\/strong>, vars dimensioner helt enkelt sl\u00e5r en med h\u00e4pnad. Direkt vid ing\u00e5ngen v\u00e4lkomnas du av Michelangelos marmorPiet\u00e0 skyddad av pansarglas, och mitt i det enorma skeppet reser sig Berninis monumentala baldakin i brons.<\/p>\n\n\n\n<p class=\"wp-block-paragraph\">Entr\u00e9n till sj\u00e4lva kyrkan \u00e4r helt gratis, vilket logiskt nog drar till sig enorma folkmassor fr\u00e5n hela v\u00e4rlden. Det st\u00f6rsta hindret \u00e4r <strong>s\u00e4kerhetskontrollen med metalldetektorer av flygplatstyp<\/strong> ute p\u00e5 Petersplatsen. Ormen av folk slingrar sig under s\u00e4song ofta runt den egyptiska obelisken och v\u00e4ntan kan dra ut p\u00e5 tiden i upp till tv\u00e5 timmar, s\u00e5 om du vill undvika det m\u00e5ste du komma redan vid sjutiden p\u00e5 morgonen.<\/p>\n\n\n\n<p class=\"wp-block-paragraph\">Gl\u00f6m inte den <strong>obevekliga kl\u00e4dkoden<\/strong>, som schweizergardet och personalen kontrollerar utan minsta medlidande. Axlar och kn\u00e4n m\u00e5ste ovillkorligen vara t\u00e4ckta, f\u00f6r b\u00e5de m\u00e4n och kvinnor. Inga linnen, korta shorts eller sommarkl\u00e4nningar ovanf\u00f6r kn\u00e4na godk\u00e4nns, \u00e4ven om du st\u00e5tt en timme i trettiogradig sol utanf\u00f6r. Packa alltid en l\u00e4tt bred sjal i ryggs\u00e4cken som du elegant sveper om dig innan du g\u00e5r in.<\/p>\n\n\n\n<h3 class=\"wp-block-heading\"><span class=\"ez-toc-section\" id=\"12_Uppstigning_till_kyrkans_kupol\"><\/span>12. Uppstigning till kyrkans kupol<span class=\"ez-toc-section-end\"><\/span><\/h3>\n\n\n\n<figure data-wp-context=\"{&quot;imageId&quot;:&quot;6a95132fec83b&quot;}\" data-wp-interactive=\"core\/image\" data-wp-key=\"6a95132fec83b\" class=\"wp-block-image size-full wp-lightbox-container\"><img decoding=\"async\" width=\"1400\" height=\"933\" data-wp-class--hide=\"state.isContentHidden\" data-wp-class--show=\"state.isContentVisible\" data-wp-init=\"callbacks.setButtonStyles\" data-wp-on--click=\"actions.showLightbox\" data-wp-on--load=\"callbacks.setButtonStyles\" data-wp-on--pointerdown=\"actions.preloadImage\" data-wp-on--pointerenter=\"actions.preloadImageWithDelay\" data-wp-on--pointerleave=\"actions.cancelPreload\" data-wp-on-window--resize=\"callbacks.setButtonStyles\" src=\"https:\/\/www.loudavymkrokem.cz\/wp-content\/uploads\/2023\/05\/namesti-popolo.jpg\" alt=\"Piazza del Popolo\" class=\"wp-image-57915\" title=\"\"><button\n\t\t\tclass=\"lightbox-trigger\"\n\t\t\ttype=\"button\"\n\t\t\taria-haspopup=\"dialog\"\n\t\t\tdata-wp-bind--aria-label=\"state.thisImage.triggerButtonAriaLabel\"\n\t\t\tdata-wp-init=\"callbacks.initTriggerButton\"\n\t\t\tdata-wp-on--click=\"actions.showLightbox\"\n\t\t\tdata-wp-style--right=\"state.thisImage.buttonRight\"\n\t\t\tdata-wp-style--top=\"state.thisImage.buttonTop\"\n\t\t>\n\t\t\t<svg xmlns=\"http:\/\/www.w3.org\/2000\/svg\" width=\"12\" height=\"12\" fill=\"none\" viewBox=\"0 0 12 12\">\n\t\t\t\t<path fill=\"#fff\" d=\"M2 0a2 2 0 0 0-2 2v2h1.5V2a.5.5 0 0 1 .5-.5h2V0H2Zm2 10.5H2a.5.5 0 0 1-.5-.5V8H0v2a2 2 0 0 0 2 2h2v-1.5ZM8 12v-1.5h2a.5.5 0 0 0 .5-.5V8H12v2a2 2 0 0 1-2 2H8Zm2-12a2 2 0 0 1 2 2v2h-1.5V2a.5.5 0 0 0-.5-.5H8V0h2Z\" \/>\n\t\t\t<\/svg>\n\t\t<\/button><figcaption class=\"wp-element-caption\">Piazza del Popolo<\/figcaption><\/figure>\n\n\n\n<p class=\"wp-block-paragraph\">Vid ditt bes\u00f6k i Vatikanen b\u00f6r du absolut inte missa den ganska anstr\u00e4ngande uppstigningen till Peterskyrkans kupol, som bjuder p\u00e5 en av de <strong>allra b\u00e4sta utsikterna \u00f6ver den symmetriska Petersplatsen<\/strong> och de omsorgsfullt sk\u00f6tta vatikantr\u00e4dg\u00e5rdarna. Entr\u00e9n till kupolen \u00e4r avgiftsbelagd och den oansenliga ing\u00e5ngen hittar du till h\u00f6ger om kyrkans portik, precis f\u00f6re ing\u00e5ngen till huvudkyrkan.<\/p>\n\n\n\n<p class=\"wp-block-paragraph\">Du har tv\u00e5 s\u00e4tt att ta dig upp. Antingen kan du g\u00e5 hela v\u00e4gen till fots via 551 trappsteg f\u00f6r \u00e5tta euro, eller s\u00e5 kan du f\u00f6r tio euro ta det lite l\u00e4ttare och <strong>\u00e5ka hiss upp till kyrkans takplan<\/strong>. De sista 320 trappstegen m\u00e5ste du dock alltid klara till fots, oavsett vad du betalar, f\u00f6r hissen g\u00e5r inte h\u00f6gre.<\/p>\n\n\n\n<p class=\"wp-block-paragraph\">Denna avslutande del g\u00e5r genom sj\u00e4lva kupolskalet, v\u00e4ggarna lutar m\u00e4rkbart in\u00e5t och <strong>trappan smalnar av till en tr\u00e5ng spiral<\/strong>, d\u00e4r du m\u00e5ste h\u00e5lla dig i ett grovt rep. Utrymmet \u00e4r ganska klaustrofobiskt och under sommarm\u00e5naderna saknas luftcirkulation, s\u00e5 du blir ordentligt svettig. Men bel\u00f6ningen blir en of\u00f6rgl\u00f6mlig vy fr\u00e5n den \u00f6vre g\u00e5ngen, d\u00e4r du har hela Rom med floden Tibern som p\u00e5 en handflata.<\/p>\n\n\n\n<h3 class=\"wp-block-heading\"><span class=\"ez-toc-section\" id=\"13_Petersplatsen_och_paveaudiensen\"><\/span>13. Petersplatsen och p\u00e5veaudiensen<span class=\"ez-toc-section-end\"><\/span><\/h3>\n\n\n\n<figure data-wp-context=\"{&quot;imageId&quot;:&quot;6a95132fecfbf&quot;}\" data-wp-interactive=\"core\/image\" data-wp-key=\"6a95132fecfbf\" class=\"wp-block-image size-full wp-lightbox-container\"><img decoding=\"async\" width=\"1400\" height=\"933\" data-wp-class--hide=\"state.isContentHidden\" data-wp-class--show=\"state.isContentVisible\" data-wp-init=\"callbacks.setButtonStyles\" data-wp-on--click=\"actions.showLightbox\" data-wp-on--load=\"callbacks.setButtonStyles\" data-wp-on--pointerdown=\"actions.preloadImage\" data-wp-on--pointerenter=\"actions.preloadImageWithDelay\" data-wp-on--pointerleave=\"actions.cancelPreload\" data-wp-on-window--resize=\"callbacks.setButtonStyles\" src=\"https:\/\/www.loudavymkrokem.cz\/wp-content\/uploads\/2023\/05\/piazza-del-popolo.jpg\" alt=\"Piazza del Popolo\" class=\"wp-image-57914\" title=\"\"><button\n\t\t\tclass=\"lightbox-trigger\"\n\t\t\ttype=\"button\"\n\t\t\taria-haspopup=\"dialog\"\n\t\t\tdata-wp-bind--aria-label=\"state.thisImage.triggerButtonAriaLabel\"\n\t\t\tdata-wp-init=\"callbacks.initTriggerButton\"\n\t\t\tdata-wp-on--click=\"actions.showLightbox\"\n\t\t\tdata-wp-style--right=\"state.thisImage.buttonRight\"\n\t\t\tdata-wp-style--top=\"state.thisImage.buttonTop\"\n\t\t>\n\t\t\t<svg xmlns=\"http:\/\/www.w3.org\/2000\/svg\" width=\"12\" height=\"12\" fill=\"none\" viewBox=\"0 0 12 12\">\n\t\t\t\t<path fill=\"#fff\" d=\"M2 0a2 2 0 0 0-2 2v2h1.5V2a.5.5 0 0 1 .5-.5h2V0H2Zm2 10.5H2a.5.5 0 0 1-.5-.5V8H0v2a2 2 0 0 0 2 2h2v-1.5ZM8 12v-1.5h2a.5.5 0 0 0 .5-.5V8H12v2a2 2 0 0 1-2 2H8Zm2-12a2 2 0 0 1 2 2v2h-1.5V2a.5.5 0 0 0-.5-.5H8V0h2Z\" \/>\n\t\t\t<\/svg>\n\t\t<\/button><figcaption class=\"wp-element-caption\">Utsikt fr\u00e5n Pinciotr\u00e4dg\u00e5rdarna<\/figcaption><\/figure>\n\n\n\n<p class=\"wp-block-paragraph\">Om du beger dig till Vatikanen kommer du inte att undg\u00e5 den enorma Petersplatsen (Piazza San Pietro). Det \u00e4r ett unikt arkitektoniskt verk av Gian Lorenzo Bernini fr\u00e5n mitten av 1600-talet, och dess dimensioner \u00e4r helt enkelt fascinerande, f\u00f6r den <strong>rymmer upp till fyrahundratusen troende<\/strong>. Torget \u00e4r omg\u00e4rdat av en enorm elliptisk kolonnad med hundratals pelare, som ska symbolisera kyrkans \u00f6ppna famn.<\/p>\n\n\n\n<p class=\"wp-block-paragraph\">Torgets mitt domineras av en <strong>trehundratrettioentonstung och tjugofem meter h\u00f6g egyptisk obelisk<\/strong>, som kejsar Caligula l\u00e4t transportera till Rom, samt tv\u00e5 vackra symmetriska font\u00e4ner. Om du st\u00e4ller dig p\u00e5 de specialmarkerade marmordiskarna p\u00e5 marken mellan obelisken och font\u00e4nerna sker ett optiskt mirakel och kolonnadens fyra pelarrader sm\u00e4lter i perfekt linje samman till en enda rad.<\/p>\n\n\n\n<p class=\"wp-block-paragraph\">Varje onsdagsf\u00f6rmiddag h\u00e5lls h\u00e4r en <strong>regulj\u00e4r p\u00e5veaudiens<\/strong> med en oefterh\u00e4rmlig atmosf\u00e4r. Biljetterna till den \u00e4r helt gratis och du kan h\u00e4mta dem hos schweizergardet dagen innan, eller be om dem online. Men \u00e4ven med biljett m\u00e5ste du stiga upp tidigt och ta plats vid tr\u00e4staketen redan vid halv \u00e5tta p\u00e5 morgonen f\u00f6r att se den Helige Fadern i p\u00e5vemobilen p\u00e5 n\u00e4ra h\u00e5ll.<\/p>\n\n\n\n<h3 class=\"wp-block-heading\"><span class=\"ez-toc-section\" id=\"14_Anglaborgen_Castel_SantAngelo\"><\/span>14. \u00c4nglaborgen (Castel Sant&#8217;Angelo)<span class=\"ez-toc-section-end\"><\/span><\/h3>\n\n\n\n<figure data-wp-context=\"{&quot;imageId&quot;:&quot;6a95132fed6f1&quot;}\" data-wp-interactive=\"core\/image\" data-wp-key=\"6a95132fed6f1\" class=\"wp-block-image size-full wp-lightbox-container\"><img decoding=\"async\" data-wp-class--hide=\"state.isContentHidden\" data-wp-class--show=\"state.isContentVisible\" data-wp-init=\"callbacks.setButtonStyles\" data-wp-on--click=\"actions.showLightbox\" data-wp-on--load=\"callbacks.setButtonStyles\" data-wp-on--pointerdown=\"actions.preloadImage\" data-wp-on--pointerenter=\"actions.preloadImageWithDelay\" data-wp-on--pointerleave=\"actions.cancelPreload\" data-wp-on-window--resize=\"callbacks.setButtonStyles\" src=\"https:\/\/www.loudavymkrokem.cz\/wp-content\/uploads\/2023\/05\/andelsky-hrad.jpg\" alt=\"\u00c4nglaborgen i Rom\" title=\"\"><button\n\t\t\tclass=\"lightbox-trigger\"\n\t\t\ttype=\"button\"\n\t\t\taria-haspopup=\"dialog\"\n\t\t\tdata-wp-bind--aria-label=\"state.thisImage.triggerButtonAriaLabel\"\n\t\t\tdata-wp-init=\"callbacks.initTriggerButton\"\n\t\t\tdata-wp-on--click=\"actions.showLightbox\"\n\t\t\tdata-wp-style--right=\"state.thisImage.buttonRight\"\n\t\t\tdata-wp-style--top=\"state.thisImage.buttonTop\"\n\t\t>\n\t\t\t<svg xmlns=\"http:\/\/www.w3.org\/2000\/svg\" width=\"12\" height=\"12\" fill=\"none\" viewBox=\"0 0 12 12\">\n\t\t\t\t<path fill=\"#fff\" d=\"M2 0a2 2 0 0 0-2 2v2h1.5V2a.5.5 0 0 1 .5-.5h2V0H2Zm2 10.5H2a.5.5 0 0 1-.5-.5V8H0v2a2 2 0 0 0 2 2h2v-1.5ZM8 12v-1.5h2a.5.5 0 0 0 .5-.5V8H12v2a2 2 0 0 1-2 2H8Zm2-12a2 2 0 0 1 2 2v2h-1.5V2a.5.5 0 0 0-.5-.5H8V0h2Z\" \/>\n\t\t\t<\/svg>\n\t\t<\/button><figcaption class=\"wp-element-caption\">\u00c4nglaborgen<\/figcaption><\/figure>\n\n\n\n<p class=\"wp-block-paragraph\">\u00c4nglaborgen \u00e4r en monumental byggnad med rund grundplan som ligger vid Tiberns strand bara en bit fr\u00e5n Vatikanen. Ursprungligen byggdes den i antiken som <strong>kejsar Hadrianus mausoleum<\/strong>, men under de stormiga seklerna byggdes den om till en ointaglig f\u00e4stning, ett m\u00f6rkt f\u00e4ngelse (d\u00e4r \u00e4ven filosofen Giordano Bruno led) och slutligen till en p\u00e5vlig lyxresidens med underbara fresker.<\/p>\n\n\n\n<p class=\"wp-block-paragraph\">Med Vatikanen f\u00f6rbinds den \u00e4n idag av en hemlig upph\u00f6jd korridor i murarna kallad Passetto di Borgo, genom vilken p\u00e5varna f\u00f6rr flydde till s\u00e4kerhet under plundringar av Rom. Ett bes\u00f6k p\u00e5 borgen \u00e4r en fascinerande tidsresa, d\u00e4r du g\u00e5r l\u00e4ngs den <strong>ursprungliga antika spiralrampen<\/strong>, tittar in i cellerna och betraktar ren\u00e4ssanskamrarna d\u00e4r historien skrevs.<\/p>\n\n\n\n<p class=\"wp-block-paragraph\">Men det b\u00e4sta v\u00e4ntar dig allra h\u00f6gst upp p\u00e5 taket. Fr\u00e5n den \u00f6vre terrassen, precis under den v\u00e4ldiga bronsstatyn av \u00e4rke\u00e4ngeln Mikael som stoppar sv\u00e4rdet i skidan, \u00f6ppnar sig en <strong>fantastisk 360-graders utsikt \u00f6ver hela staden<\/strong>. Det \u00e4r ett helt idealiskt stopp efter ett bes\u00f6k i Vatikanen, s\u00e4rskilt magiskt vid solnedg\u00e5ngen d\u00e5 Peterskyrkans kupol f\u00e4rgas guldig.<\/p>\n\n\n\n<h3 class=\"wp-block-heading\"><span class=\"ez-toc-section\" id=\"15_Angelbron_Ponte_SantAngelo\"><\/span>15. \u00c4ngelbron (Ponte Sant&#8217;Angelo)<span class=\"ez-toc-section-end\"><\/span><\/h3>\n\n\n\n<figure data-wp-context=\"{&quot;imageId&quot;:&quot;6a95132fedecf&quot;}\" data-wp-interactive=\"core\/image\" data-wp-key=\"6a95132fedecf\" class=\"wp-block-image size-full wp-lightbox-container\"><img decoding=\"async\" width=\"1400\" height=\"933\" data-wp-class--hide=\"state.isContentHidden\" data-wp-class--show=\"state.isContentVisible\" data-wp-init=\"callbacks.setButtonStyles\" data-wp-on--click=\"actions.showLightbox\" data-wp-on--load=\"callbacks.setButtonStyles\" data-wp-on--pointerdown=\"actions.preloadImage\" data-wp-on--pointerenter=\"actions.preloadImageWithDelay\" data-wp-on--pointerleave=\"actions.cancelPreload\" data-wp-on-window--resize=\"callbacks.setButtonStyles\" src=\"https:\/\/www.loudavymkrokem.cz\/wp-content\/uploads\/2023\/05\/vatikan.jpg\" alt=\"Vatikanen\" class=\"wp-image-57911\" title=\"\"><button\n\t\t\tclass=\"lightbox-trigger\"\n\t\t\ttype=\"button\"\n\t\t\taria-haspopup=\"dialog\"\n\t\t\tdata-wp-bind--aria-label=\"state.thisImage.triggerButtonAriaLabel\"\n\t\t\tdata-wp-init=\"callbacks.initTriggerButton\"\n\t\t\tdata-wp-on--click=\"actions.showLightbox\"\n\t\t\tdata-wp-style--right=\"state.thisImage.buttonRight\"\n\t\t\tdata-wp-style--top=\"state.thisImage.buttonTop\"\n\t\t>\n\t\t\t<svg xmlns=\"http:\/\/www.w3.org\/2000\/svg\" width=\"12\" height=\"12\" fill=\"none\" viewBox=\"0 0 12 12\">\n\t\t\t\t<path fill=\"#fff\" d=\"M2 0a2 2 0 0 0-2 2v2h1.5V2a.5.5 0 0 1 .5-.5h2V0H2Zm2 10.5H2a.5.5 0 0 1-.5-.5V8H0v2a2 2 0 0 0 2 2h2v-1.5ZM8 12v-1.5h2a.5.5 0 0 0 .5-.5V8H12v2a2 2 0 0 1-2 2H8Zm2-12a2 2 0 0 1 2 2v2h-1.5V2a.5.5 0 0 0-.5-.5H8V0h2Z\" \/>\n\t\t\t<\/svg>\n\t\t<\/button><figcaption class=\"wp-element-caption\">Petersplatsen<\/figcaption><\/figure>\n\n\n\n<p class=\"wp-block-paragraph\">Direkt till \u00c4nglaborgen leder dig en av de <strong>vackraste och mest ikoniska broarna<\/strong> i hela Rom. \u00c4ngelbron (Ponte Sant&#8217;Angelo) byggdes ursprungligen redan p\u00e5 100-talet e.Kr. f\u00f6r att f\u00f6rbinda Hadrianus mausoleum med stadens centrum p\u00e5 andra sidan Tibern, och den tj\u00e4nar \u00e4n idag enbart g\u00e5ngtrafik, vilket g\u00f6r den till ett utm\u00e4rkt st\u00e4lle f\u00f6r en promenad.<\/p>\n\n\n\n<p class=\"wp-block-paragraph\">Det som g\u00f6r bron s\u00e5 speciell \u00e4r de <strong>tio dramatiska marmorstatyerna av \u00e4nglar<\/strong> som kantar den p\u00e5 b\u00e5da sidor. Dessa statyer ritades av den geniale barockskulpt\u00f6ren Gian Lorenzo Bernini och var och en av dem h\u00e5ller ett av Kristi lidandes verktyg, till exempel t\u00f6rnekronan, piskan eller korset. Bernini sj\u00e4lv h\u00f6gg tv\u00e5 av dem, men de flyttades till slut till en kyrka f\u00f6r att inte skadas av v\u00e4dret, och p\u00e5 bron st\u00e5r deras kopior.<\/p>\n\n\n\n<p class=\"wp-block-paragraph\">Det \u00e4r en av de <strong>mest fotogeniska platserna i staden<\/strong>, d\u00e4r alla vill ta en minnesbild med borgen i bakgrunden. Om du vill njuta av bron utan de hundratals andra turister som tr\u00e4ngs h\u00e4r under dagen, kom hit antingen tidigt p\u00e5 morgonen med en kaffe i handen eller tv\u00e4rtom sent p\u00e5 natten, d\u00e5 \u00e4nglarna \u00e4r underbart upplysta och speglar sig i flodens m\u00f6rka yta.<\/p>\n\n\n\n\n<div class=\"lk-stays-module\">\n<style>\n\/* \u2500\u2500\u2500 RESET PRO GUTENBERG \u2500\u2500\u2500 *\/\n.lk-stays-module * { box-sizing: border-box; margin: 0; padding: 0; }\n\n\/* \u2500\u2500\u2500 WRAPPER \u2500\u2500\u2500 *\/\n.lk-stays-module {\n  font-family: 'DM Sans', Georgia, sans-serif;\n  max-width: 100%;\n  margin: 2.5rem auto;\n  background: linear-gradient(135deg, #fdfaf5 0%, #fcf8f0 100%);\n  border: 1px solid #e8dfd4;\n  border-radius: 16px;\n  overflow: hidden;\n  box-shadow: 0 16px 48px rgba(195, 159, 118, 0.25), 0 4px 12px rgba(0,0,0,0.08);\n}\n\n\/* \u2500\u2500\u2500 HEADER \u2500\u2500\u2500 *\/\n.lk-stays-header {\n  position: relative;\n  padding: 24px 36px 24px;\n  background: linear-gradient(135deg, #c39f76 0%, #d4b188 60%, #c39f76 100%);\n  border-bottom: 1px solid rgba(255,255,255,.15);\n  display: flex;\n  align-items: center;\n  gap: 18px;\n}\n.lk-stays-header::before {\n  content: '';\n  position: absolute;\n  inset: 0;\n  background: url(\"data:image\/svg+xml,%3Csvg width='60' height='60' viewBox='0 0 60 60' xmlns='http:\/\/www.w3.org\/2000\/svg'%3E%3Cg fill='none' fill-rule='evenodd'%3E%3Cg fill='%23ffffff' fill-opacity='0.05'%3E%3Cpath d='M36 34v-4h-2v4h-4v2h4v4h2v-4h4v-2h-4zm0-30V0h-2v4h-4v2h4v4h2V6h4V4h-4zM6 34v-4H4v4H0v2h4v4h2v-4h4v-2H6zM6 4V0H4v4H0v2h4v4h2V6h4V4H6z'\/%3E%3C\/g%3E%3C\/g%3E%3C\/svg%3E\") repeat;\n  pointer-events: none;\n}\n.lk-stays-icon {\n  flex-shrink: 0;\n  width: 68px;\n  height: 68px;\n  border-radius: 14px;\n  background: linear-gradient(135deg, #fff 0%, #f9f6f0 100%);\n  display: flex;\n  align-items: center;\n  justify-content: center;\n  font-size: 26px;\n  box-shadow: 0 4px 12px rgba(0,0,0,0.15);\n}\n.lk-stays-eyebrow {\n  font-size: 10px;\n  font-weight: 500;\n  letter-spacing: 2.5px;\n  text-transform: uppercase;\n  color: rgba(255,255,255,.85);\n  margin: 0 0 5px 0;\n}\n.lk-stays-title {\n  font-family: 'Playfair Display', Georgia, serif;\n  font-size: 24px;\n  font-weight: 700;\n  color: #fff;\n  line-height: 1.2;\n  text-shadow: 0 1px 2px rgba(0,0,0,0.1);\n  margin: 0;\n}\n.lk-stays-subtitle {\n  font-size: 13px;\n  color: rgba(255,255,255,.75);\n  margin: 4px 0 0 0;\n  font-weight: 300;\n}\n\n\/* \u2500\u2500\u2500 CARDS GRID \u2500\u2500\u2500 *\/\n.lk-stays-grid {\n  display: grid;\n  grid-template-columns: 1fr 1fr;\n  gap: 1px;\n  background: rgba(195, 159, 118, 0.12);\n}\n\n\/* \u2500\u2500\u2500 SINGLE CARD \u2500\u2500\u2500 *\/\n.lk-stay-card {\n  background: #ffffff;\n  padding: 26px;\n  display: flex;\n  flex-direction: column;\n  gap: 11px;\n  transition: all 0.3s ease;\n  text-decoration: none;\n  color: inherit;\n  position: relative;\n}\n.lk-stay-card:hover {\n  background: #fffbf5;\n  transform: translateY(-2px);\n  box-shadow: 0 8px 24px rgba(195, 159, 118, 0.18);\n  z-index: 1;\n}\n.lk-stay-card.featured {\n  background: linear-gradient(135deg, #fffdf9 0%, #fff9f0 100%);\n  box-shadow: 0 4px 16px rgba(195, 159, 118, 0.15), inset 0 1px 0 rgba(195, 159, 118, 0.1);\n}\n.lk-stay-card.featured:hover {\n  background: linear-gradient(135deg, #fffbf5 0%, #fff8ed 100%);\n  box-shadow: 0 8px 24px rgba(195, 159, 118, 0.25), inset 0 1px 0 rgba(195, 159, 118, 0.15);\n}\n\n.lk-stay-badge {\n  display: inline-flex;\n  align-items: center;\n  gap: 5px;\n  font-size: 10px;\n  font-weight: 500;\n  letter-spacing: 1.5px;\n  text-transform: uppercase;\n  padding: 5px 11px;\n  border-radius: 20px;\n  width: fit-content;\n}\n.badge-top     { background: linear-gradient(135deg, #c39f76 0%, #d4b188 100%); color: #fff; border: 1px solid #c39f76; font-weight: 600; box-shadow: 0 2px 8px rgba(195,159,118,0.3); }\n.badge-luxury  { background: rgba(195,159,118,.12); color: #c39f76; border: 1px solid rgba(195,159,118,.25); }\n.badge-boutique{ background: rgba(54,133,252,.08); color: #3685fc; border: 1px solid rgba(54,133,252,.2); }\n.badge-nature  { background: rgba(130,190,100,.1); color: #6b9c4a; border: 1px solid rgba(130,190,100,.2); }\n.badge-remote  { background: rgba(195,159,118,.12); color: #a67e50; border: 1px solid rgba(195,159,118,.25); }\n\n.lk-stay-name {\n  font-family: 'Playfair Display', Georgia, serif;\n  font-size: 18px;\n  font-weight: 700;\n  color: #111827;\n  line-height: 1.3;\n}\n.lk-stay-desc {\n  font-size: 13.5px;\n  color: #525252;\n  line-height: 1.65;\n  font-weight: 300;\n  flex: 1;\n}\n\n.lk-stay-meta {\n  display: flex;\n  align-items: center;\n  gap: 12px;\n  flex-wrap: wrap;\n  margin-top: 4px;\n}\n.lk-stay-price {\n  font-size: 13px;\n  color: #6b7280;\n}\n.lk-stay-price strong {\n  color: #c39f76;\n  font-weight: 500;\n}\n.lk-stay-stars {\n  color: #c39f76;\n  font-size: 11px;\n  letter-spacing: 1px;\n}\n\n\/* \u2500\u2500\u2500 CTA BUTTON \u2500\u2500\u2500 *\/\n.lk-stay-cta {\n  display: inline-flex;\n  align-items: center;\n  justify-content: center;\n  gap: 7px;\n  margin-top: 8px;\n  padding: 11px 20px;\n  border-radius: 8px;\n  background: linear-gradient(135deg, #3685fc 0%, #2a6fd9 100%);\n  color: #fff;\n  font-size: 13px;\n  font-weight: 500;\n  text-decoration: none;\n  letter-spacing: .3px;\n  transition: all .2s ease;\n  cursor: pointer;\n  border: none;\n  text-align: center;\n  box-shadow: 0 4px 12px rgba(54, 133, 252, 0.25);\n}\n.lk-stay-cta:hover {\n  background: linear-gradient(135deg, #2a6fd9 0%, #1e5bc4 100%);\n  transform: translateY(-1px);\n  box-shadow: 0 6px 16px rgba(54, 133, 252, 0.35);\n}\n.lk-stay-cta svg { flex-shrink: 0; }\n\n\/* \u2500\u2500\u2500 FOOTER \u2500\u2500\u2500 *\/\n.lk-stays-footer {\n  padding: 18px 36px;\n  background: linear-gradient(to bottom, #fdfaf5 0%, #f9f4ed 100%);\n  border-top: 1px solid rgba(195, 159, 118, 0.15);\n  display: flex;\n  align-items: center;\n  justify-content: space-between;\n  flex-wrap: wrap;\n  gap: 12px;\n}\n.lk-stays-footer-note {\n  font-size: 11.5px;\n  color: #6b7280;\n  font-weight: 300;\n  line-height: 1.5;\n}\n.lk-stays-footer-note a {\n  color: #c39f76;\n  text-decoration: none;\n  font-weight: 400;\n}\n.lk-stays-footer-note a:hover {\n  text-decoration: underline;\n}\n.lk-stays-all-btn {\n  display: inline-flex;\n  align-items: center;\n  gap: 6px;\n  font-size: 12.5px;\n  font-weight: 500;\n  color: #c39f76;\n  text-decoration: none;\n  border: 1px solid rgba(195, 159, 118, 0.35);\n  padding: 8px 18px;\n  border-radius: 8px;\n  transition: all .2s ease;\n}\n.lk-stays-all-btn:hover {\n  background: rgba(195, 159, 118, 0.08);\n  border-color: rgba(195, 159, 118, 0.5);\n}\n\n\/* \u2500\u2500\u2500 RESPONSIVE \u2500\u2500\u2500 *\/\n@media (max-width: 600px) {\n  .lk-stays-grid { grid-template-columns: 1fr; }\n  .lk-stays-header { padding: 24px 20px; }\n  .lk-stays-footer { padding: 16px 20px; }\n  .lk-stay-card { padding: 22px; }\n  .lk-stays-title { font-size: 20px; }\n}\n<\/style>\n\n  <!-- HEADER -->\n  <div class=\"lk-stays-header\">\n    <img decoding=\"async\" src=\"https:\/\/loudavymkrokem.cz\/wp-content\/uploads\/2026\/02\/lukas-a-lucka.jpg\" alt=\"Lucie a Luk\u00e1\u0161 na cest\u00e1ch po \u0158\u00edm\u011b\" style=\"width: 75px; height: 75px; border-radius: 8px; flex-shrink: 0; object-fit: cover; display: block; margin: 4px 0;\" title=\"\">\n    <div class=\"lk-stays-header-text\">\n      <div class=\"lk-stays-eyebrow\">Luk\u00e1\u0161 och Lucie rekommenderar<\/div>\n      <div class=\"lk-stays-title\">Var man kan bo i Rom<\/div>\n      <div class=\"lk-stays-subtitle\">2 boenden \u2014 hotell och andra boendealternativ<\/div>\n    <\/div>\n  <\/div>\n\n  <!-- CARDS -->\n  <div class=\"lk-stays-grid\">\n\n    <a class=\"lk-stay-card featured\" href=\"https:\/\/www.stay22.com\/allez\/roam?aid=lukaskonecny&#038;campaign=loudavymkrokemcz&#038;campaign=sv&#038;campaign=covidetvrime&#038;address=%C5%98%C3%ADm&#038;hotelname=Residenza+Cavallini&#038;search=Residenza+Cavallini&#038;category=accommodation\" target=\"_blank\" rel=\"nofollow noopener\">\n      <span class=\"lk-stay-badge badge-top\">\u2b50 TOPPVAL<\/span>\n      <span class=\"lk-stay-badge badge-nature\">\ud83c\udfe8 Hotell<\/span>\n      <div class=\"lk-stay-name\">Residenza Cavallini<\/div>\n      <div class=\"lk-stay-desc\">Fantastiskt boende bara fem minuters promenad fr\u00e5n flygbussexpressens h\u00e5llplats, n\u00e4ra Vatikanen och Fontana di Trevi. Rummen \u00e4r visserligen sm\u00e5, men absolut rena, och priset inkluderar en typisk italiensk frukost p\u00e5 ett n\u00e4rliggande caf\u00e9 med f\u00e4rsk croissant och perfekt cappuccino.<\/div>\n      <div class=\"lk-stay-meta\">\n        <span class=\"lk-stay-stars\">\u2605\u2605\u2605\u2605<\/span>\n        <span class=\"lk-stay-price\">Kontrollera priser<\/span>\n      <\/div>\n      <span class=\"lk-stay-cta\">\n        <svg width=\"14\" height=\"14\" viewBox=\"0 0 24 24\" fill=\"none\" stroke=\"currentColor\" stroke-width=\"2\"><path d=\"M18 13v6a2 2 0 0 1-2 2H5a2 2 0 0 1-2-2V8a2 2 0 0 1 2-2h6\"\/><polyline points=\"15 3 21 3 21 9\"\/><line x1=\"10\" y1=\"14\" x2=\"21\" y2=\"3\"\/><\/svg>\n        Kontrollera tillg\u00e4nglighet\n      <\/span>\n    <\/a>\n\n    <a class=\"lk-stay-card\" href=\"https:\/\/www.stay22.com\/allez\/roam?aid=lukaskonecny&#038;campaign=loudavymkrokemcz&#038;campaign=sv&#038;campaign=covidetvrime&#038;address=\u0159\u00edm\" target=\"_blank\" rel=\"nofollow noopener\">\n      <span class=\"lk-stay-badge badge-nature\">\ud83d\udd0d S\u00f6k<\/span>\n      <div class=\"lk-stay-name\">Visa alla boenden i Rom<\/div>\n      <div class=\"lk-stay-desc\">Utforska alla tillg\u00e4ngliga boendealternativ i Rom och hitta det b\u00e4sta enligt dina preferenser och budget.<\/div>\n      <div class=\"lk-stay-meta\">\n        <span class=\"lk-stay-stars\">\u2605\u2605\u2605\u2605<\/span>\n        <span class=\"lk-stay-price\">J\u00e4mf\u00f6r priser<\/span>\n      <\/div>\n      <span class=\"lk-stay-cta\">\n        <svg width=\"14\" height=\"14\" viewBox=\"0 0 24 24\" fill=\"none\" stroke=\"currentColor\" stroke-width=\"2\"><path d=\"M18 13v6a2 2 0 0 1-2 2H5a2 2 0 0 1-2-2V8a2 2 0 0 1 2-2h6\"\/><polyline points=\"15 3 21 3 21 9\"\/><line x1=\"10\" y1=\"14\" x2=\"21\" y2=\"3\"\/><\/svg>\n        Kontrollera tillg\u00e4nglighet\n      <\/span>\n    <\/a>\n\n  <\/div>\n\n  \n<\/div>\n\n\n\n\n<h3 class=\"wp-block-heading\"><span class=\"ez-toc-section\" id=\"16_Spanska_trappan\"><\/span>16. Spanska trappan<span class=\"ez-toc-section-end\"><\/span><\/h3>\n\n\n\n<figure data-wp-context=\"{&quot;imageId&quot;:&quot;6a95132fee670&quot;}\" data-wp-interactive=\"core\/image\" data-wp-key=\"6a95132fee670\" class=\"wp-block-image size-full wp-lightbox-container\"><img decoding=\"async\" width=\"1400\" height=\"933\" data-wp-class--hide=\"state.isContentHidden\" data-wp-class--show=\"state.isContentVisible\" data-wp-init=\"callbacks.setButtonStyles\" data-wp-on--click=\"actions.showLightbox\" data-wp-on--load=\"callbacks.setButtonStyles\" data-wp-on--pointerdown=\"actions.preloadImage\" data-wp-on--pointerenter=\"actions.preloadImageWithDelay\" data-wp-on--pointerleave=\"actions.cancelPreload\" data-wp-on-window--resize=\"callbacks.setButtonStyles\" src=\"https:\/\/www.loudavymkrokem.cz\/wp-content\/uploads\/2023\/05\/vatikanska-muzea.jpg\" alt=\"Vatikanmuseerna\" class=\"wp-image-57904\" title=\"\"><button\n\t\t\tclass=\"lightbox-trigger\"\n\t\t\ttype=\"button\"\n\t\t\taria-haspopup=\"dialog\"\n\t\t\tdata-wp-bind--aria-label=\"state.thisImage.triggerButtonAriaLabel\"\n\t\t\tdata-wp-init=\"callbacks.initTriggerButton\"\n\t\t\tdata-wp-on--click=\"actions.showLightbox\"\n\t\t\tdata-wp-style--right=\"state.thisImage.buttonRight\"\n\t\t\tdata-wp-style--top=\"state.thisImage.buttonTop\"\n\t\t>\n\t\t\t<svg xmlns=\"http:\/\/www.w3.org\/2000\/svg\" width=\"12\" height=\"12\" fill=\"none\" viewBox=\"0 0 12 12\">\n\t\t\t\t<path fill=\"#fff\" d=\"M2 0a2 2 0 0 0-2 2v2h1.5V2a.5.5 0 0 1 .5-.5h2V0H2Zm2 10.5H2a.5.5 0 0 1-.5-.5V8H0v2a2 2 0 0 0 2 2h2v-1.5ZM8 12v-1.5h2a.5.5 0 0 0 .5-.5V8H12v2a2 2 0 0 1-2 2H8Zm2-12a2 2 0 0 1 2 2v2h-1.5V2a.5.5 0 0 0-.5-.5H8V0h2Z\" \/>\n\t\t\t<\/svg>\n\t\t<\/button><figcaption class=\"wp-element-caption\">Vatikanmuseerna<\/figcaption><\/figure>\n\n\n\n<p class=\"wp-block-paragraph\">Om du \u00e4lskar kultfilmen Prinsessa p\u00e5 vift med Audrey Hepburn vill du s\u00e4kert f\u00e5nga ett perfekt foto p\u00e5 <a href=\"https:\/\/loudavymkrokem.cz\/sv\/spanska-trappan-rom-tips\/\">Spanska trappan<\/a>. De h\u00e4r eleganta trapporna stiger fr\u00e5n Berninis b\u00e5tfont\u00e4n (Barcaccia) upp till den franska kyrkan Trinit\u00e0 dei Monti, och <strong>p\u00e5 v\u00e5ren \u00e4r de underbart utsmyckade<\/strong> med hundratals f\u00e4rgglada blommande azaleor, vilket ser helt h\u00e4nf\u00f6rande ut.<\/p>\n\n\n\n<p class=\"wp-block-paragraph\">P\u00e5 avst\u00e5nd ser trapporna oerh\u00f6rt lockande ut att vila p\u00e5 efter en l\u00e5ng promenad, men det ska du absolut inte g\u00f6ra. Sedan 2019 g\u00e4ller ett <strong>strikt f\u00f6rbud mot att sitta p\u00e5 marmortrappstegen<\/strong> och polisen i reflexv\u00e4star uppr\u00e4tth\u00e5ller det aktivt. Om du s\u00e5 mycket som hukar dig ner h\u00f6r du genast en visselpipa, och om du inte lyder riskerar du b\u00f6ter fr\u00e5n 250 till 400 euro, vilket skulle bli en dyr utflykt.<\/p>\n\n\n\n<p class=\"wp-block-paragraph\">P\u00e5 det lilla torget nedanf\u00f6r trapporna ska du ocks\u00e5 <strong>vara mycket vaksam p\u00e5 n\u00e4rg\u00e5ngna bedragare<\/strong>. De kommer ofta fram med ett brett leende och f\u00f6rs\u00f6ker p\u00e5 en sekund tvinga en ros i handen p\u00e5 kvinnor eller knyta ett armband runt ditt handled och p\u00e5st\u00e5r att det \u00e4r en present. S\u00e5 snart du tar emot det b\u00f6rjar de mycket ih\u00e4rdigt och ibland aggressivt kr\u00e4va pengar, s\u00e5 det enda f\u00f6rsvaret \u00e4r total ignorans och noll \u00f6gonkontakt.<\/p>\n\n\n\n<h3 class=\"wp-block-heading\"><span class=\"ez-toc-section\" id=\"17_Shoppingkvarteret_kring_Via_Condotti\"><\/span>17. Shoppingkvarteret kring Via Condotti<span class=\"ez-toc-section-end\"><\/span><\/h3>\n\n\n\n<figure data-wp-context=\"{&quot;imageId&quot;:&quot;6a95132feee0f&quot;}\" data-wp-interactive=\"core\/image\" data-wp-key=\"6a95132feee0f\" class=\"wp-block-image size-full wp-lightbox-container\"><img decoding=\"async\" width=\"1400\" height=\"933\" data-wp-class--hide=\"state.isContentHidden\" data-wp-class--show=\"state.isContentVisible\" data-wp-init=\"callbacks.setButtonStyles\" data-wp-on--click=\"actions.showLightbox\" data-wp-on--load=\"callbacks.setButtonStyles\" data-wp-on--pointerdown=\"actions.preloadImage\" data-wp-on--pointerenter=\"actions.preloadImageWithDelay\" data-wp-on--pointerleave=\"actions.cancelPreload\" data-wp-on-window--resize=\"callbacks.setButtonStyles\" src=\"https:\/\/www.loudavymkrokem.cz\/wp-content\/uploads\/2023\/05\/vatikanska-muzea-2.jpg\" alt=\"M\u00e5lningar p\u00e5 ett av Vatikanmuseerna\" class=\"wp-image-57918\" title=\"\"><button\n\t\t\tclass=\"lightbox-trigger\"\n\t\t\ttype=\"button\"\n\t\t\taria-haspopup=\"dialog\"\n\t\t\tdata-wp-bind--aria-label=\"state.thisImage.triggerButtonAriaLabel\"\n\t\t\tdata-wp-init=\"callbacks.initTriggerButton\"\n\t\t\tdata-wp-on--click=\"actions.showLightbox\"\n\t\t\tdata-wp-style--right=\"state.thisImage.buttonRight\"\n\t\t\tdata-wp-style--top=\"state.thisImage.buttonTop\"\n\t\t>\n\t\t\t<svg xmlns=\"http:\/\/www.w3.org\/2000\/svg\" width=\"12\" height=\"12\" fill=\"none\" viewBox=\"0 0 12 12\">\n\t\t\t\t<path fill=\"#fff\" d=\"M2 0a2 2 0 0 0-2 2v2h1.5V2a.5.5 0 0 1 .5-.5h2V0H2Zm2 10.5H2a.5.5 0 0 1-.5-.5V8H0v2a2 2 0 0 0 2 2h2v-1.5ZM8 12v-1.5h2a.5.5 0 0 0 .5-.5V8H12v2a2 2 0 0 1-2 2H8Zm2-12a2 2 0 0 1 2 2v2h-1.5V2a.5.5 0 0 0-.5-.5H8V0h2Z\" \/>\n\t\t\t<\/svg>\n\t\t<\/button><figcaption class=\"wp-element-caption\">M\u00e5lningar p\u00e5 ett av Vatikanmuseerna<\/figcaption><\/figure>\n\n\n\n<p class=\"wp-block-paragraph\">En bit fr\u00e5n Spanska trappan runt torget Piazza di Spagna breder det <strong>mest prestigefyllda shoppingkvarteret i hela Rom<\/strong> ut sig. Idag hittar du p\u00e5 gator som Via Condotti och Via Borgognona de mest lyxiga modem\u00e4rkena fr\u00e5n Prada till Gucci, men det h\u00e4r omr\u00e5det var ber\u00f6mt redan l\u00e5ngt tillbaka i historien och rika aristokratiska resen\u00e4rer stannade h\u00e4r under sin traditionella Grand Tour genom Europa.<\/p>\n\n\n\n<p class=\"wp-block-paragraph\">Under romantiken kom ber\u00f6mda konstn\u00e4rer och poeter hit. Storheter som John Keats, Lord Byron, Balzac och komposit\u00f6ren Richard Wagner l\u00e4mnade sina sp\u00e5r h\u00e4r. Huset d\u00e4r den unge engelske poeten Keats dog ligger precis vid Spanska trappan och fungerar idag som ett <strong>v\u00e4ldigt fint och lugnt museum<\/strong> till\u00e4gnat de engelska romantikerna, dit du kan g\u00f6mma dig undan gatans vimmel.<\/p>\n\n\n\n<p class=\"wp-block-paragraph\">\u00c4ven om du inte planerar att l\u00e4gga tusentals euro p\u00e5 en ny italiensk v\u00e4ska \u00e4r en promenad genom dessa gator absolut v\u00e4rd det. Skyltf\u00f6nstren \u00e4r underbart arrangerade, folk \u00e4r perfekt kl\u00e4dda och du kan <strong>suga \u00e5t dig den \u00e4kta italienska eleganse<\/strong> som kallas bella figura. Var bara f\u00f6rsiktig med priserna p\u00e5 de lokala historiska kaf\u00e9erna, f\u00f6r en kaffe vid ett bord med utsikt \u00f6ver butikerna kan kosta dig upp till fem euro.<\/p>\n\n\n\n<h3 class=\"wp-block-heading\"><span class=\"ez-toc-section\" id=\"18_Romantiska_Trastevere\"><\/span>18. Romantiska Trastevere<span class=\"ez-toc-section-end\"><\/span><\/h3>\n\n\n\n<p class=\"wp-block-paragraph\"><a href=\"https:\/\/loudavymkrokem.cz\/sv\/trastevere-rom-italien\/\">Trastevere<\/a> \u00e4r sj\u00e4lva f\u00f6rkroppsligandet av den \u00e4kta, filmiska f\u00f6rest\u00e4llningen om Italien. H\u00e4r hittar du slingrande medeltida gr\u00e4nder, tv\u00e4tt som torkar p\u00e5 sn\u00f6ren mellan f\u00f6nstren och <strong>gamla ockraf\u00e4rgade hus \u00f6vervuxna med kl\u00e4ngande murgr\u00f6na<\/strong>. P\u00e5 dagen \u00e4r det relativt lugnt h\u00e4r, men s\u00e5 fort m\u00f6rkret faller kvicknar kvarteret till p\u00e5 ett otroligt s\u00e4tt och runt torget Piazza Trilussa g\u00e5r det knappt att ta sig fram.<\/p>\n\n\n\n<figure data-wp-context=\"{&quot;imageId&quot;:&quot;6a95132fef5b6&quot;}\" data-wp-interactive=\"core\/image\" data-wp-key=\"6a95132fef5b6\" class=\"wp-block-image size-full wp-lightbox-container\"><img decoding=\"async\" width=\"1200\" height=\"900\" data-wp-class--hide=\"state.isContentHidden\" data-wp-class--show=\"state.isContentVisible\" data-wp-init=\"callbacks.setButtonStyles\" data-wp-on--click=\"actions.showLightbox\" data-wp-on--load=\"callbacks.setButtonStyles\" data-wp-on--pointerdown=\"actions.preloadImage\" data-wp-on--pointerenter=\"actions.preloadImageWithDelay\" data-wp-on--pointerleave=\"actions.cancelPreload\" data-wp-on-window--resize=\"callbacks.setButtonStyles\" src=\"https:\/\/loudavymkrokem.cz\/wp-content\/uploads\/2026\/05\/181586-4-namesti-piazza-di-santa-maria-in-trastevere-s-barokni-fontan.jpg\" alt=\"Torget Piazza di Santa Maria in Trastevere med sin barockfont\u00e4n\" class=\"wp-image-182333\" title=\"\" srcset=\"https:\/\/loudavymkrokem.cz\/wp-content\/uploads\/2026\/05\/181586-4-namesti-piazza-di-santa-maria-in-trastevere-s-barokni-fontan.jpg 1200w, https:\/\/loudavymkrokem.cz\/wp-content\/uploads\/2026\/05\/181586-4-namesti-piazza-di-santa-maria-in-trastevere-s-barokni-fontan-300x225.jpg 300w, https:\/\/loudavymkrokem.cz\/wp-content\/uploads\/2026\/05\/181586-4-namesti-piazza-di-santa-maria-in-trastevere-s-barokni-fontan-700x525.jpg 700w, https:\/\/loudavymkrokem.cz\/wp-content\/uploads\/2026\/05\/181586-4-namesti-piazza-di-santa-maria-in-trastevere-s-barokni-fontan-768x576.jpg 768w, https:\/\/loudavymkrokem.cz\/wp-content\/uploads\/2026\/05\/181586-4-namesti-piazza-di-santa-maria-in-trastevere-s-barokni-fontan-80x60.jpg 80w, https:\/\/loudavymkrokem.cz\/wp-content\/uploads\/2026\/05\/181586-4-namesti-piazza-di-santa-maria-in-trastevere-s-barokni-fontan-160x120.jpg 160w, https:\/\/loudavymkrokem.cz\/wp-content\/uploads\/2026\/05\/181586-4-namesti-piazza-di-santa-maria-in-trastevere-s-barokni-fontan-696x522.jpg 696w\" sizes=\"(max-width: 1200px) 100vw, 1200px\" \/><button\n\t\t\tclass=\"lightbox-trigger\"\n\t\t\ttype=\"button\"\n\t\t\taria-haspopup=\"dialog\"\n\t\t\tdata-wp-bind--aria-label=\"state.thisImage.triggerButtonAriaLabel\"\n\t\t\tdata-wp-init=\"callbacks.initTriggerButton\"\n\t\t\tdata-wp-on--click=\"actions.showLightbox\"\n\t\t\tdata-wp-style--right=\"state.thisImage.buttonRight\"\n\t\t\tdata-wp-style--top=\"state.thisImage.buttonTop\"\n\t\t>\n\t\t\t<svg xmlns=\"http:\/\/www.w3.org\/2000\/svg\" width=\"12\" height=\"12\" fill=\"none\" viewBox=\"0 0 12 12\">\n\t\t\t\t<path fill=\"#fff\" d=\"M2 0a2 2 0 0 0-2 2v2h1.5V2a.5.5 0 0 1 .5-.5h2V0H2Zm2 10.5H2a.5.5 0 0 1-.5-.5V8H0v2a2 2 0 0 0 2 2h2v-1.5ZM8 12v-1.5h2a.5.5 0 0 0 .5-.5V8H12v2a2 2 0 0 1-2 2H8Zm2-12a2 2 0 0 1 2 2v2h-1.5V2a.5.5 0 0 0-.5-.5H8V0h2Z\" \/>\n\t\t\t<\/svg>\n\t\t<\/button><figcaption class=\"wp-element-caption\">Foto: daryl_mitchell, CC BY-SA 2.0, Wikimedia Commons<\/figcaption><\/figure>\n\n\n\n\n<p class=\"wp-block-paragraph\">Det \u00e4r ett ber\u00f6mt paradis f\u00f6r alla mat\u00e4lskare. Luk\u00e1\u0161 och jag \u00e5t h\u00e4r p\u00e5 en undanskymd trattoria en helt <strong>perfekt kr\u00e4mig cacio e pepe och frasiga friterade suppl\u00ec<\/strong> (risbollar med mozzarella), vilket \u00e4r rena himlen f\u00f6r vegetarianer. K\u00f6tt\u00e4lskare kommer hit fr\u00e5n hela v\u00e4rlden f\u00f6r den traditionella romerska carbonaran eller amatricianan, som de g\u00f6r kanske b\u00e4st i hela staden.<\/p>\n\n\n\n<p class=\"wp-block-paragraph\">De lokala restaurangerna brukar vara spr\u00e4ngfulla efter klockan \u00e5tta p\u00e5 kv\u00e4llen, s\u00e5 om du har siktat in dig p\u00e5 ett visst st\u00e4lle \u00e4r det <strong>b\u00e4st att boka bord i f\u00f6rv\u00e4g<\/strong>. Om du vill suga \u00e5t dig atmosf\u00e4ren utan de v\u00e4rsta turisthorderna med \u00f6l i handen, styr mot den s\u00f6dra delen av kvarteret i riktning mot den underbara basilikan Santa Cecilia, d\u00e4r det \u00e4r betydligt lugnare och atmosf\u00e4ren mer autentisk.<\/p>\n\n\n\n<h3 class=\"wp-block-heading\"><span class=\"ez-toc-section\" id=\"19_Marknaden_pa_Campo_de_Fiori\"><\/span>19. Marknaden p\u00e5 Campo de&#8217; Fiori<span class=\"ez-toc-section-end\"><\/span><\/h3>\n\n\n\n<p class=\"wp-block-paragraph\">Campo de&#8217; Fiori \u00e4r det enda betydande romerska torget i centrum som inte domineras av n\u00e5gon praktfull kyrka, utan av en m\u00f6rk och lite <strong>olycksb\u00e5dande staty av den br\u00e4nda filosofen Giordano Bruno<\/strong>, som p\u00e5 1600-talet fick betala med livet f\u00f6r sina k\u00e4tterska tankar. Idag \u00e4r torget mest k\u00e4nt f\u00f6r sina dagliga marknader med f\u00e4rsk frukt, gr\u00f6nsaker, doftande kryddor och blommor.<\/p>\n\n\n\n<figure data-wp-context=\"{&quot;imageId&quot;:&quot;6a95132fefdcf&quot;}\" data-wp-interactive=\"core\/image\" data-wp-key=\"6a95132fefdcf\" class=\"wp-block-image size-full wp-lightbox-container\"><img decoding=\"async\" width=\"1200\" height=\"900\" data-wp-class--hide=\"state.isContentHidden\" data-wp-class--show=\"state.isContentVisible\" data-wp-init=\"callbacks.setButtonStyles\" data-wp-on--click=\"actions.showLightbox\" data-wp-on--load=\"callbacks.setButtonStyles\" data-wp-on--pointerdown=\"actions.preloadImage\" data-wp-on--pointerenter=\"actions.preloadImageWithDelay\" data-wp-on--pointerleave=\"actions.cancelPreload\" data-wp-on-window--resize=\"callbacks.setButtonStyles\" src=\"https:\/\/loudavymkrokem.cz\/wp-content\/uploads\/2026\/05\/181580-10-stanek-s-ovocem-a-zeleninou-na-trznici-campo-de-fiori-v-rime.jpg\" alt=\"St\u00e5nd med frukt och gr\u00f6nsaker p\u00e5 marknaden Campo de&#039; Fiori i Rom\" class=\"wp-image-181899\" title=\"\" srcset=\"https:\/\/loudavymkrokem.cz\/wp-content\/uploads\/2026\/05\/181580-10-stanek-s-ovocem-a-zeleninou-na-trznici-campo-de-fiori-v-rime.jpg 1200w, https:\/\/loudavymkrokem.cz\/wp-content\/uploads\/2026\/05\/181580-10-stanek-s-ovocem-a-zeleninou-na-trznici-campo-de-fiori-v-rime-300x225.jpg 300w, https:\/\/loudavymkrokem.cz\/wp-content\/uploads\/2026\/05\/181580-10-stanek-s-ovocem-a-zeleninou-na-trznici-campo-de-fiori-v-rime-700x525.jpg 700w, https:\/\/loudavymkrokem.cz\/wp-content\/uploads\/2026\/05\/181580-10-stanek-s-ovocem-a-zeleninou-na-trznici-campo-de-fiori-v-rime-768x576.jpg 768w, https:\/\/loudavymkrokem.cz\/wp-content\/uploads\/2026\/05\/181580-10-stanek-s-ovocem-a-zeleninou-na-trznici-campo-de-fiori-v-rime-80x60.jpg 80w, https:\/\/loudavymkrokem.cz\/wp-content\/uploads\/2026\/05\/181580-10-stanek-s-ovocem-a-zeleninou-na-trznici-campo-de-fiori-v-rime-160x120.jpg 160w, https:\/\/loudavymkrokem.cz\/wp-content\/uploads\/2026\/05\/181580-10-stanek-s-ovocem-a-zeleninou-na-trznici-campo-de-fiori-v-rime-696x522.jpg 696w\" sizes=\"(max-width: 1200px) 100vw, 1200px\" \/><button\n\t\t\tclass=\"lightbox-trigger\"\n\t\t\ttype=\"button\"\n\t\t\taria-haspopup=\"dialog\"\n\t\t\tdata-wp-bind--aria-label=\"state.thisImage.triggerButtonAriaLabel\"\n\t\t\tdata-wp-init=\"callbacks.initTriggerButton\"\n\t\t\tdata-wp-on--click=\"actions.showLightbox\"\n\t\t\tdata-wp-style--right=\"state.thisImage.buttonRight\"\n\t\t\tdata-wp-style--top=\"state.thisImage.buttonTop\"\n\t\t>\n\t\t\t<svg xmlns=\"http:\/\/www.w3.org\/2000\/svg\" width=\"12\" height=\"12\" fill=\"none\" viewBox=\"0 0 12 12\">\n\t\t\t\t<path fill=\"#fff\" d=\"M2 0a2 2 0 0 0-2 2v2h1.5V2a.5.5 0 0 1 .5-.5h2V0H2Zm2 10.5H2a.5.5 0 0 1-.5-.5V8H0v2a2 2 0 0 0 2 2h2v-1.5ZM8 12v-1.5h2a.5.5 0 0 0 .5-.5V8H12v2a2 2 0 0 1-2 2H8Zm2-12a2 2 0 0 1 2 2v2h-1.5V2a.5.5 0 0 0-.5-.5H8V0h2Z\" \/>\n\t\t\t<\/svg>\n\t\t<\/button><figcaption class=\"wp-element-caption\">Foto: Jordiferrer, CC BY-SA 4.0, Wikimedia Commons<\/figcaption><\/figure>\n\n\n\n\n<p class=\"wp-block-paragraph\">Det s\u00e4gs vara en av de mest autentiska platserna i Roms centrum, \u00e4ven om du p\u00e5 senare \u00e5r \u00e4ven hittar en massa st\u00e5nd som s\u00e4ljer \u00f6verprissatta turistpaket med f\u00e4rgglad pasta och limoncello. Vi kom hit precis l\u00e4gligt n\u00e4r vi beh\u00f6vde svalka oss efter en l\u00e5ng promenad och <strong>k\u00f6pte en underbart s\u00f6t bit skuren melon<\/strong>, \u00e4ven om det f\u00f6r tre euro var lite v\u00e4l lite f\u00f6r v\u00e5r smak. \ud83d\ude05<\/p>\n\n\n\n<p class=\"wp-block-paragraph\">Stanna absolut till p\u00e5 det traditionella bageriet Forno Campo de&#8217; Fiori, som funnits sedan 1800-talet, och <strong>k\u00f6p en f\u00e4rsk pizza bianca<\/strong>. Det \u00e4r en helt enkel tunn deg penslad enbart med kvalitetsolivolja och str\u00f6dd med grovt salt. Det l\u00e5ter enkelt, men det \u00e4r en otrolig delikatess som du kan ta med i handen och knapra p\u00e5 under promenaden i gr\u00e4nderna runtomkring.<\/p>\n\n\n\n<h3 class=\"wp-block-heading\"><span class=\"ez-toc-section\" id=\"20_Judiska_gettot_och_kronartskockor\"><\/span>20. Judiska gettot och kron\u00e4rtskockor<span class=\"ez-toc-section-end\"><\/span><\/h3>\n\n\n\n<p class=\"wp-block-paragraph\">Bara en bit sydost om torget Campo de&#8217; Fiori ligger det tidigare judiska kvarteret, som h\u00f6r till de allra \u00e4ldsta i Europa. Det \u00e4r ett oerh\u00f6rt <strong>lugnt och karismatiskt omr\u00e5de<\/strong> med en mycket omtumlande historia, men idag h\u00f6r det till de b\u00e4sta kulinariska vr\u00e5na i hela Rom. Arkitekturen \u00e4r annorlunda h\u00e4r, gr\u00e4nderna \u00e4r \u00e4nnu smalare och \u00f6ver allt reser sig den imponerande byggnaden Stora synagogan.<\/p>\n\n\n\n<figure data-wp-context=\"{&quot;imageId&quot;:&quot;6a95132ff05a4&quot;}\" data-wp-interactive=\"core\/image\" data-wp-key=\"6a95132ff05a4\" class=\"wp-block-image size-full wp-lightbox-container\"><img decoding=\"async\" width=\"900\" height=\"1200\" data-wp-class--hide=\"state.isContentHidden\" data-wp-class--show=\"state.isContentVisible\" data-wp-init=\"callbacks.setButtonStyles\" data-wp-on--click=\"actions.showLightbox\" data-wp-on--load=\"callbacks.setButtonStyles\" data-wp-on--pointerdown=\"actions.preloadImage\" data-wp-on--pointerenter=\"actions.preloadImageWithDelay\" data-wp-on--pointerleave=\"actions.cancelPreload\" data-wp-on-window--resize=\"callbacks.setButtonStyles\" src=\"https:\/\/loudavymkrokem.cz\/wp-content\/uploads\/2026\/08\/portico-ottavia-zidovske-ghetto-rim.jpg\" alt=\"Antika pelare vid Portico d&#039;Ottavia i Roms judiska getto\" class=\"wp-image-374761\" title=\"\" srcset=\"https:\/\/loudavymkrokem.cz\/wp-content\/uploads\/2026\/08\/portico-ottavia-zidovske-ghetto-rim.jpg 900w, https:\/\/loudavymkrokem.cz\/wp-content\/uploads\/2026\/08\/portico-ottavia-zidovske-ghetto-rim-225x300.jpg 225w, https:\/\/loudavymkrokem.cz\/wp-content\/uploads\/2026\/08\/portico-ottavia-zidovske-ghetto-rim-700x933.jpg 700w, https:\/\/loudavymkrokem.cz\/wp-content\/uploads\/2026\/08\/portico-ottavia-zidovske-ghetto-rim-768x1024.jpg 768w, https:\/\/loudavymkrokem.cz\/wp-content\/uploads\/2026\/08\/portico-ottavia-zidovske-ghetto-rim-696x928.jpg 696w\" sizes=\"(max-width: 900px) 100vw, 900px\" \/><button\n\t\t\tclass=\"lightbox-trigger\"\n\t\t\ttype=\"button\"\n\t\t\taria-haspopup=\"dialog\"\n\t\t\tdata-wp-bind--aria-label=\"state.thisImage.triggerButtonAriaLabel\"\n\t\t\tdata-wp-init=\"callbacks.initTriggerButton\"\n\t\t\tdata-wp-on--click=\"actions.showLightbox\"\n\t\t\tdata-wp-style--right=\"state.thisImage.buttonRight\"\n\t\t\tdata-wp-style--top=\"state.thisImage.buttonTop\"\n\t\t>\n\t\t\t<svg xmlns=\"http:\/\/www.w3.org\/2000\/svg\" width=\"12\" height=\"12\" fill=\"none\" viewBox=\"0 0 12 12\">\n\t\t\t\t<path fill=\"#fff\" d=\"M2 0a2 2 0 0 0-2 2v2h1.5V2a.5.5 0 0 1 .5-.5h2V0H2Zm2 10.5H2a.5.5 0 0 1-.5-.5V8H0v2a2 2 0 0 0 2 2h2v-1.5ZM8 12v-1.5h2a.5.5 0 0 0 .5-.5V8H12v2a2 2 0 0 1-2 2H8Zm2-12a2 2 0 0 1 2 2v2h-1.5V2a.5.5 0 0 0-.5-.5H8V0h2Z\" \/>\n\t\t\t<\/svg>\n\t\t<\/button><figcaption class=\"wp-element-caption\">Foto: Annie306, CC BY-SA 4.0, Wikimedia Commons<\/figcaption><\/figure>\n\n\n\n\n<p class=\"wp-block-paragraph\">Om du kommer hit m\u00e5ste du ovillkorligen smaka p\u00e5 den lokala specialiteten \u2013 Carciofi alla Giudia, allts\u00e5 kron\u00e4rtskockor p\u00e5 judiskt vis. Luk\u00e1\u0161 och jag provade dem och det \u00e4r en <strong>ren vegetarisk delikatess<\/strong>. Hela kron\u00e4rtskockan friteras hastigt tv\u00e5 g\u00e5nger i het olivolja, s\u00e5 att bladen \u00f6ppnar sig som en gyllene blomma och blir otroligt frasiga, medan mitten f\u00f6rblir vackert mjuk.<\/p>\n\n\n\n<p class=\"wp-block-paragraph\">N\u00e4r du promenerar genom gettot, gl\u00f6m inte att g\u00e5 \u00e4nda fram till det lilla torget Piazza Mattei, d\u00e4r den <strong>vackra Sk\u00f6ldpaddsfont\u00e4nen<\/strong> (Fontana delle Tartarughe) fr\u00e5n 1500-talet g\u00f6mmer sig. Den f\u00f6rest\u00e4ller fyra ynglingar som lyfter armarna upp\u00e5t och f\u00f6rsiktigt puttar sm\u00e5 bronssk\u00f6ldpaddor ner i vattnet. Det \u00e4r en av de s\u00f6taste font\u00e4nerna i staden och till skillnad fr\u00e5n Trevi tr\u00e4ngs du inte med tusentals m\u00e4nniskor vid den.<\/p>\n\n\n\n<h3 class=\"wp-block-heading\"><span class=\"ez-toc-section\" id=\"21_Piazza_del_Popolo\"><\/span>21. Piazza del Popolo<span class=\"ez-toc-section-end\"><\/span><\/h3>\n\n\n\n<p class=\"wp-block-paragraph\">Torget Piazza del Popolo, i \u00f6vers\u00e4ttning Folkets torg, \u00e4r ett av de <strong>mest vidstr\u00e4ckta och imponerande torgen i hela Rom<\/strong>. Det fungerade som stadens huvudsakliga norra ing\u00e5ng f\u00f6r alla pilgrimer och bes\u00f6kare, som under seklerna kom hit l\u00e4ngs den gamla romerska v\u00e4gen Via Flaminia. Idag \u00e4r det en perfekt utg\u00e5ngspunkt f\u00f6r att utforska centrum, f\u00f6r h\u00e4rifr\u00e5n str\u00e5lar tre huvudpuls\u00e5dror ut, den s\u00e5 kallade treudden.<\/p>\n\n\n\n<figure data-wp-context=\"{&quot;imageId&quot;:&quot;6a95132ff0d4f&quot;}\" data-wp-interactive=\"core\/image\" data-wp-key=\"6a95132ff0d4f\" class=\"wp-block-image size-full wp-lightbox-container\"><img decoding=\"async\" width=\"1200\" height=\"800\" data-wp-class--hide=\"state.isContentHidden\" data-wp-class--show=\"state.isContentVisible\" data-wp-init=\"callbacks.setButtonStyles\" data-wp-on--click=\"actions.showLightbox\" data-wp-on--load=\"callbacks.setButtonStyles\" data-wp-on--pointerdown=\"actions.preloadImage\" data-wp-on--pointerenter=\"actions.preloadImageWithDelay\" data-wp-on--pointerleave=\"actions.cancelPreload\" data-wp-on-window--resize=\"callbacks.setButtonStyles\" src=\"https:\/\/loudavymkrokem.cz\/wp-content\/uploads\/2026\/08\/piazza-del-popolo-obelisk-rim.jpg\" alt=\"Torget Piazza del Popolo med egyptisk obelisk och Pincioterrassen i bakgrunden\" class=\"wp-image-374762\" title=\"\" srcset=\"https:\/\/loudavymkrokem.cz\/wp-content\/uploads\/2026\/08\/piazza-del-popolo-obelisk-rim.jpg 1200w, https:\/\/loudavymkrokem.cz\/wp-content\/uploads\/2026\/08\/piazza-del-popolo-obelisk-rim-300x200.jpg 300w, https:\/\/loudavymkrokem.cz\/wp-content\/uploads\/2026\/08\/piazza-del-popolo-obelisk-rim-700x467.jpg 700w, https:\/\/loudavymkrokem.cz\/wp-content\/uploads\/2026\/08\/piazza-del-popolo-obelisk-rim-768x512.jpg 768w, https:\/\/loudavymkrokem.cz\/wp-content\/uploads\/2026\/08\/piazza-del-popolo-obelisk-rim-696x464.jpg 696w\" sizes=\"(max-width: 1200px) 100vw, 1200px\" \/><button\n\t\t\tclass=\"lightbox-trigger\"\n\t\t\ttype=\"button\"\n\t\t\taria-haspopup=\"dialog\"\n\t\t\tdata-wp-bind--aria-label=\"state.thisImage.triggerButtonAriaLabel\"\n\t\t\tdata-wp-init=\"callbacks.initTriggerButton\"\n\t\t\tdata-wp-on--click=\"actions.showLightbox\"\n\t\t\tdata-wp-style--right=\"state.thisImage.buttonRight\"\n\t\t\tdata-wp-style--top=\"state.thisImage.buttonTop\"\n\t\t>\n\t\t\t<svg xmlns=\"http:\/\/www.w3.org\/2000\/svg\" width=\"12\" height=\"12\" fill=\"none\" viewBox=\"0 0 12 12\">\n\t\t\t\t<path fill=\"#fff\" d=\"M2 0a2 2 0 0 0-2 2v2h1.5V2a.5.5 0 0 1 .5-.5h2V0H2Zm2 10.5H2a.5.5 0 0 1-.5-.5V8H0v2a2 2 0 0 0 2 2h2v-1.5ZM8 12v-1.5h2a.5.5 0 0 0 .5-.5V8H12v2a2 2 0 0 1-2 2H8Zm2-12a2 2 0 0 1 2 2v2h-1.5V2a.5.5 0 0 0-.5-.5H8V0h2Z\" \/>\n\t\t\t<\/svg>\n\t\t<\/button><figcaption class=\"wp-element-caption\">Foto: Wolfgang Moroder, CC BY-SA 3.0, Wikimedia Commons<\/figcaption><\/figure>\n\n\n\n\n<p class=\"wp-block-paragraph\">Torgets mitt kr\u00f6ns av en <strong>enorm egyptisk obelisk<\/strong>, som h\u00e4rstammar fr\u00e5n 1200-talet f.Kr. och ursprungligen stod i den antika Circus Maximus innan den flyttades hit. Torget \u00e4r omgivet av kaf\u00e9er p\u00e5 alla sidor, det \u00e4r alltid mycket liv h\u00e4r och p\u00e5 dess s\u00f6dra sida st\u00e5r tv\u00e5 n\u00e4stan identiska barockkyrkor som skapar en vacker symmetri.<\/p>\n\n\n\n<p class=\"wp-block-paragraph\">Inne i den oansenliga kyrkan Santa Maria del Popolo, som st\u00e5r precis vid den gamla stadsporten, g\u00f6mmer sig en riktig konstskatt. I ett sidokapell h\u00e4nger tv\u00e5 helt <strong>h\u00e4nf\u00f6rande dukar av chiaroskurom\u00e4staren Caravaggio<\/strong> (Petrus korsf\u00e4stelse och Paulus omv\u00e4ndelse). Entr\u00e9n till kyrkan \u00e4r gratis, ta bara med n\u00e5gra sm\u00e5mynt som du kastar i automaten f\u00f6r att belysa dessa geniala m\u00e5lningar en stund.<\/p>\n\n\n\n<h3 class=\"wp-block-heading\"><span class=\"ez-toc-section\" id=\"22_Pinciotradgardarna_Pincio\"><\/span>22. Pinciotr\u00e4dg\u00e5rdarna (Pincio)<span class=\"ez-toc-section-end\"><\/span><\/h3>\n\n\n\n<p class=\"wp-block-paragraph\">N\u00e4r du st\u00e5r p\u00e5 torget Piazza del Popolo och tittar \u00f6sterut ser du monumentala rader av gr\u00f6na terrasser som reser sig h\u00f6gt \u00f6ver staden. Det \u00e4r Pinciotr\u00e4dg\u00e5rdarna, som utg\u00f6r en av de <strong>vackraste och mest romantiska parkerna i Rom<\/strong>. Uppstigningen f\u00f6r trapporna ger lite motst\u00e5nd i sommarv\u00e4rmen, men bel\u00f6ningen p\u00e5 toppen \u00e4r v\u00e4rd varje svettdroppe.<\/p>\n\n\n\n<figure data-wp-context=\"{&quot;imageId&quot;:&quot;6a95132ff1485&quot;}\" data-wp-interactive=\"core\/image\" data-wp-key=\"6a95132ff1485\" class=\"wp-block-image size-full wp-lightbox-container\"><img decoding=\"async\" width=\"1200\" height=\"675\" data-wp-class--hide=\"state.isContentHidden\" data-wp-class--show=\"state.isContentVisible\" data-wp-init=\"callbacks.setButtonStyles\" data-wp-on--click=\"actions.showLightbox\" data-wp-on--load=\"callbacks.setButtonStyles\" data-wp-on--pointerdown=\"actions.preloadImage\" data-wp-on--pointerenter=\"actions.preloadImageWithDelay\" data-wp-on--pointerleave=\"actions.cancelPreload\" data-wp-on-window--resize=\"callbacks.setButtonStyles\" src=\"https:\/\/loudavymkrokem.cz\/wp-content\/uploads\/2026\/08\/pincio-terasa-vyhled-rim.jpg\" alt=\"Utsiktsterrassen Pincio med vy mot Peterskyrkans kupol\" class=\"wp-image-374763\" title=\"\" srcset=\"https:\/\/loudavymkrokem.cz\/wp-content\/uploads\/2026\/08\/pincio-terasa-vyhled-rim.jpg 1200w, https:\/\/loudavymkrokem.cz\/wp-content\/uploads\/2026\/08\/pincio-terasa-vyhled-rim-300x169.jpg 300w, https:\/\/loudavymkrokem.cz\/wp-content\/uploads\/2026\/08\/pincio-terasa-vyhled-rim-700x394.jpg 700w, https:\/\/loudavymkrokem.cz\/wp-content\/uploads\/2026\/08\/pincio-terasa-vyhled-rim-768x432.jpg 768w, https:\/\/loudavymkrokem.cz\/wp-content\/uploads\/2026\/08\/pincio-terasa-vyhled-rim-696x392.jpg 696w\" sizes=\"(max-width: 1200px) 100vw, 1200px\" \/><button\n\t\t\tclass=\"lightbox-trigger\"\n\t\t\ttype=\"button\"\n\t\t\taria-haspopup=\"dialog\"\n\t\t\tdata-wp-bind--aria-label=\"state.thisImage.triggerButtonAriaLabel\"\n\t\t\tdata-wp-init=\"callbacks.initTriggerButton\"\n\t\t\tdata-wp-on--click=\"actions.showLightbox\"\n\t\t\tdata-wp-style--right=\"state.thisImage.buttonRight\"\n\t\t\tdata-wp-style--top=\"state.thisImage.buttonTop\"\n\t\t>\n\t\t\t<svg xmlns=\"http:\/\/www.w3.org\/2000\/svg\" width=\"12\" height=\"12\" fill=\"none\" viewBox=\"0 0 12 12\">\n\t\t\t\t<path fill=\"#fff\" d=\"M2 0a2 2 0 0 0-2 2v2h1.5V2a.5.5 0 0 1 .5-.5h2V0H2Zm2 10.5H2a.5.5 0 0 1-.5-.5V8H0v2a2 2 0 0 0 2 2h2v-1.5ZM8 12v-1.5h2a.5.5 0 0 0 .5-.5V8H12v2a2 2 0 0 1-2 2H8Zm2-12a2 2 0 0 1 2 2v2h-1.5V2a.5.5 0 0 0-.5-.5H8V0h2Z\" \/>\n\t\t\t<\/svg>\n\t\t<\/button><figcaption class=\"wp-element-caption\">Foto: Jorge Franganillo, CC BY 2.0, Wikimedia Commons<\/figcaption><\/figure>\n\n\n\n\n<p class=\"wp-block-paragraph\">Fr\u00e5n den rymliga utsiktsterrassen Terrazza del Pincio \u00f6ppnar sig en <strong>vid utsikt \u00f6ver hela torget<\/strong> som ligger direkt under dig, \u00f6ver ett hav av terrakottatak och \u00f6ver Peterskyrkans majest\u00e4tiska kupol som reser sig vid horisonten. Fr\u00e5ga vilken romare som helst vart man ska ta med sin partner p\u00e5 dejt, s\u00e5 finns den h\u00e4r terrassen s\u00e4kert v\u00e4ldigt h\u00f6gt p\u00e5 listan.<\/p>\n\n\n\n<p class=\"wp-block-paragraph\">Den b\u00e4sta tiden att komma hit \u00e4r utan tvekan <strong>sen eftermiddag precis f\u00f6re solnedg\u00e5ngen<\/strong>. Himlen f\u00e4rgas i orange och lila nyanser, gatumusikanterna b\u00f6rjar spela gitarr och staden g\u00f6r sig redo f\u00f6r kv\u00e4llen. H\u00e4r finns gott om b\u00e4nkar, skugga fr\u00e5n h\u00f6ga tr\u00e4d och du kan vila en stund fr\u00e5n den galna och livliga trafiken nere p\u00e5 gatorna.<\/p>\n\n\n\n<h3 class=\"wp-block-heading\"><span class=\"ez-toc-section\" id=\"23_Villa_Borghese_och_parken\"><\/span>23. Villa Borghese och parken<span class=\"ez-toc-section-end\"><\/span><\/h3>\n\n\n\n<p class=\"wp-block-paragraph\">Pinciotr\u00e4dg\u00e5rdarna \u00f6verg\u00e5r s\u00f6ml\u00f6st i den vidstr\u00e4ckta parken Villa Borghese, som fungerar som <strong>hela Roms gr\u00f6na lungor<\/strong> och erbjuder den perfekta flykten undan storstadsbullret. Det \u00e4r en helt perfekt tillflyktsort f\u00f6r barnfamiljer vars t\u00e5lamod med antika ruiner \u00e4r slut och som beh\u00f6ver springa runt lite i naturen.<\/p>\n\n\n\n<figure data-wp-context=\"{&quot;imageId&quot;:&quot;6a95132ff1c16&quot;}\" data-wp-interactive=\"core\/image\" data-wp-key=\"6a95132ff1c16\" class=\"wp-block-image size-full wp-lightbox-container\"><img decoding=\"async\" width=\"1200\" height=\"811\" data-wp-class--hide=\"state.isContentHidden\" data-wp-class--show=\"state.isContentVisible\" data-wp-init=\"callbacks.setButtonStyles\" data-wp-on--click=\"actions.showLightbox\" data-wp-on--load=\"callbacks.setButtonStyles\" data-wp-on--pointerdown=\"actions.preloadImage\" data-wp-on--pointerenter=\"actions.preloadImageWithDelay\" data-wp-on--pointerleave=\"actions.cancelPreload\" data-wp-on-window--resize=\"callbacks.setButtonStyles\" src=\"https:\/\/loudavymkrokem.cz\/wp-content\/uploads\/2026\/05\/181581-12-zelen-parku-villa-borghese-s-jezirkem-a-chramkem-aesculapia.jpg\" alt=\"Asklepiostemplet vid dammen i parken Villa Borghese\" class=\"wp-image-182006\" title=\"\" srcset=\"https:\/\/loudavymkrokem.cz\/wp-content\/uploads\/2026\/05\/181581-12-zelen-parku-villa-borghese-s-jezirkem-a-chramkem-aesculapia.jpg 1200w, https:\/\/loudavymkrokem.cz\/wp-content\/uploads\/2026\/05\/181581-12-zelen-parku-villa-borghese-s-jezirkem-a-chramkem-aesculapia-300x203.jpg 300w, https:\/\/loudavymkrokem.cz\/wp-content\/uploads\/2026\/05\/181581-12-zelen-parku-villa-borghese-s-jezirkem-a-chramkem-aesculapia-700x473.jpg 700w, https:\/\/loudavymkrokem.cz\/wp-content\/uploads\/2026\/05\/181581-12-zelen-parku-villa-borghese-s-jezirkem-a-chramkem-aesculapia-768x519.jpg 768w, https:\/\/loudavymkrokem.cz\/wp-content\/uploads\/2026\/05\/181581-12-zelen-parku-villa-borghese-s-jezirkem-a-chramkem-aesculapia-696x470.jpg 696w\" sizes=\"(max-width: 1200px) 100vw, 1200px\" \/><button\n\t\t\tclass=\"lightbox-trigger\"\n\t\t\ttype=\"button\"\n\t\t\taria-haspopup=\"dialog\"\n\t\t\tdata-wp-bind--aria-label=\"state.thisImage.triggerButtonAriaLabel\"\n\t\t\tdata-wp-init=\"callbacks.initTriggerButton\"\n\t\t\tdata-wp-on--click=\"actions.showLightbox\"\n\t\t\tdata-wp-style--right=\"state.thisImage.buttonRight\"\n\t\t\tdata-wp-style--top=\"state.thisImage.buttonTop\"\n\t\t>\n\t\t\t<svg xmlns=\"http:\/\/www.w3.org\/2000\/svg\" width=\"12\" height=\"12\" fill=\"none\" viewBox=\"0 0 12 12\">\n\t\t\t\t<path fill=\"#fff\" d=\"M2 0a2 2 0 0 0-2 2v2h1.5V2a.5.5 0 0 1 .5-.5h2V0H2Zm2 10.5H2a.5.5 0 0 1-.5-.5V8H0v2a2 2 0 0 0 2 2h2v-1.5ZM8 12v-1.5h2a.5.5 0 0 0 .5-.5V8H12v2a2 2 0 0 1-2 2H8Zm2-12a2 2 0 0 1 2 2v2h-1.5V2a.5.5 0 0 0-.5-.5H8V0h2Z\" \/>\n\t\t\t<\/svg>\n\t\t<\/button><figcaption class=\"wp-element-caption\">Foto: Krzysztof Golik, CC BY-SA 4.0, Wikimedia Commons<\/figcaption><\/figure>\n\n\n\n\n<p class=\"wp-block-paragraph\">H\u00e4r kan du s\u00f6ka skydd undan den br\u00e4nnande solen under pinjetr\u00e4dens breda kronor, <strong>hyra en trampbil f\u00f6r hela familjen<\/strong> eller ro en liten tr\u00e4b\u00e5t p\u00e5 den konstgjorda dammen vid templet till\u00e4gnat guden Aesculapius. En promenad genom dessa skuggiga all\u00e9er \u00e4r p\u00e5 sommaren rena balsamet f\u00f6r sj\u00e4l och tr\u00f6tta ben.<\/p>\n\n\n\n<p class=\"wp-block-paragraph\">P\u00e5 str\u00f6vt\u00e5gen i parken st\u00f6ter du \u00e4ven p\u00e5 intressanta tekniska sev\u00e4rdheter, som en <strong>gammal vattenklocka fr\u00e5n 1800-talet<\/strong>, som \u00e4n idag fungerar med hj\u00e4lp av rinnande vatten. I utkanten av hela det gr\u00f6na komplexet hittar du ocks\u00e5 djurparken Bioparco, vilket \u00e4r ytterligare ett bra tips om du reser med mindre barn och vill krydda det historiska programmet.<\/p>\n\n\n\n<h3 class=\"wp-block-heading\"><span class=\"ez-toc-section\" id=\"24_Galleria_Borghese\"><\/span>24. Galleria Borghese<span class=\"ez-toc-section-end\"><\/span><\/h3>\n\n\n\n<p class=\"wp-block-paragraph\">Mitt i parken g\u00f6mmer sig det underbara likanamniga <a href=\"https:\/\/loudavymkrokem.cz\/sv\/galleria-borghese-rom-italien\/\">Galleria Borghese<\/a>, som hyser en av de allra <strong>b\u00e4sta samlingarna av ren\u00e4ssans- och barockkonst<\/strong> i hela v\u00e4rlden. Kardinal Scipione Borghese samlade h\u00e4r p\u00e5 1600-talet h\u00e4nf\u00f6rande verk, som konst\u00e4lskare fr\u00e5n jordens alla h\u00f6rn idag reser f\u00f6r att besk\u00e5da.<\/p>\n\n\n\n<figure data-wp-context=\"{&quot;imageId&quot;:&quot;6a95132ff22db&quot;}\" data-wp-interactive=\"core\/image\" data-wp-key=\"6a95132ff22db\" class=\"wp-block-image size-full wp-lightbox-container\"><img decoding=\"async\" width=\"1200\" height=\"859\" data-wp-class--hide=\"state.isContentHidden\" data-wp-class--show=\"state.isContentVisible\" data-wp-init=\"callbacks.setButtonStyles\" data-wp-on--click=\"actions.showLightbox\" data-wp-on--load=\"callbacks.setButtonStyles\" data-wp-on--pointerdown=\"actions.preloadImage\" data-wp-on--pointerenter=\"actions.preloadImageWithDelay\" data-wp-on--pointerleave=\"actions.cancelPreload\" data-wp-on-window--resize=\"callbacks.setButtonStyles\" src=\"https:\/\/loudavymkrokem.cz\/wp-content\/uploads\/2026\/05\/181581-0-berniniho-sousosi-apollo-a-dafne-v-galerii-borghese-detail-p.jpg\" alt=\"Berninis skulpturgrupp Apollo och Dafne i Galleria Borghese\" class=\"wp-image-181972\" title=\"\" srcset=\"https:\/\/loudavymkrokem.cz\/wp-content\/uploads\/2026\/05\/181581-0-berniniho-sousosi-apollo-a-dafne-v-galerii-borghese-detail-p.jpg 1200w, https:\/\/loudavymkrokem.cz\/wp-content\/uploads\/2026\/05\/181581-0-berniniho-sousosi-apollo-a-dafne-v-galerii-borghese-detail-p-300x215.jpg 300w, https:\/\/loudavymkrokem.cz\/wp-content\/uploads\/2026\/05\/181581-0-berniniho-sousosi-apollo-a-dafne-v-galerii-borghese-detail-p-700x501.jpg 700w, https:\/\/loudavymkrokem.cz\/wp-content\/uploads\/2026\/05\/181581-0-berniniho-sousosi-apollo-a-dafne-v-galerii-borghese-detail-p-768x550.jpg 768w, https:\/\/loudavymkrokem.cz\/wp-content\/uploads\/2026\/05\/181581-0-berniniho-sousosi-apollo-a-dafne-v-galerii-borghese-detail-p-696x498.jpg 696w\" sizes=\"(max-width: 1200px) 100vw, 1200px\" \/><button\n\t\t\tclass=\"lightbox-trigger\"\n\t\t\ttype=\"button\"\n\t\t\taria-haspopup=\"dialog\"\n\t\t\tdata-wp-bind--aria-label=\"state.thisImage.triggerButtonAriaLabel\"\n\t\t\tdata-wp-init=\"callbacks.initTriggerButton\"\n\t\t\tdata-wp-on--click=\"actions.showLightbox\"\n\t\t\tdata-wp-style--right=\"state.thisImage.buttonRight\"\n\t\t\tdata-wp-style--top=\"state.thisImage.buttonTop\"\n\t\t>\n\t\t\t<svg xmlns=\"http:\/\/www.w3.org\/2000\/svg\" width=\"12\" height=\"12\" fill=\"none\" viewBox=\"0 0 12 12\">\n\t\t\t\t<path fill=\"#fff\" d=\"M2 0a2 2 0 0 0-2 2v2h1.5V2a.5.5 0 0 1 .5-.5h2V0H2Zm2 10.5H2a.5.5 0 0 1-.5-.5V8H0v2a2 2 0 0 0 2 2h2v-1.5ZM8 12v-1.5h2a.5.5 0 0 0 .5-.5V8H12v2a2 2 0 0 1-2 2H8Zm2-12a2 2 0 0 1 2 2v2h-1.5V2a.5.5 0 0 0-.5-.5H8V0h2Z\" \/>\n\t\t\t<\/svg>\n\t\t<\/button><figcaption class=\"wp-element-caption\">Foto: Alvesgaspar, CC BY-SA 4.0, Wikimedia Commons<\/figcaption><\/figure>\n\n\n\n\n<p class=\"wp-block-paragraph\">H\u00e4r ser du hisnande <strong>marmorskulpturer av Bernini<\/strong>, som Apollo och Dafne eller Rovet av Proserpina, d\u00e4r stenen under underjordens guds h\u00e4nder ser ut som mjukt m\u00e4nskligt k\u00f6tt, samt m\u00f6rka, geniala dukar av Caravaggio. Men h\u00e4r finns inget beslut i sista minuten, f\u00f6r galleriet tar strikt inte emot bes\u00f6kare fr\u00e5n gatan och det \u00e4r helt obligatoriskt att boka biljetter i f\u00f6rv\u00e4g (en biljett kostar runt 18 euro).<\/p>\n\n\n\n<p class=\"wp-block-paragraph\">Rundturerna fungerar i strikta <strong>tv\u00e5timmarsluckor och kapaciteten \u00e4r begr\u00e4nsad<\/strong> till bara 360 personer, s\u00e5 du tr\u00e4ngs aldrig inne och f\u00e5r verkligt lugn att njuta av den absoluta toppkonsten. Men efter tv\u00e5 timmar visar galleriets personal kompromissl\u00f6st ut dig f\u00f6r att g\u00f6ra plats f\u00f6r n\u00e4sta grupp, och biljetterna f\u00f6rsvinner fr\u00e5n den officiella sajten flera veckor i f\u00f6rv\u00e4g, s\u00e5 du b\u00f6r inte dr\u00f6ja med k\u00f6pet.<\/p>\n\n\n\n<h3 class=\"wp-block-heading\"><span class=\"ez-toc-section\" id=\"25_Nationalgalleriet_GNAM\"><\/span>25. Nationalgalleriet (GNAM)<span class=\"ez-toc-section-end\"><\/span><\/h3>\n\n\n\n<p class=\"wp-block-paragraph\">En bit fr\u00e5n Villa Borghese, i parkens norra utkant, hittar du den v\u00e4ldiga vita byggnaden Nationalgalleriet f\u00f6r modern konst (Galleria Nazionale d&#8217;Arte Moderna, f\u00f6rkortat GNAM). De flesta turister \u00e5ker till Rom uteslutande f\u00f6r antiken och barocken, s\u00e5 de f\u00f6rbiser ofta det h\u00e4r moderna museet, vilket \u00e4r <strong>en enorm f\u00f6rlust om du \u00e5tminstone lite intresserar dig f\u00f6r nyare konstriktningar<\/strong>.<\/p>\n\n\n\n<figure data-wp-context=\"{&quot;imageId&quot;:&quot;6a95132ff29f7&quot;}\" data-wp-interactive=\"core\/image\" data-wp-key=\"6a95132ff29f7\" class=\"wp-block-image size-full wp-lightbox-container\"><img decoding=\"async\" width=\"1028\" height=\"1200\" data-wp-class--hide=\"state.isContentHidden\" data-wp-class--show=\"state.isContentVisible\" data-wp-init=\"callbacks.setButtonStyles\" data-wp-on--click=\"actions.showLightbox\" data-wp-on--load=\"callbacks.setButtonStyles\" data-wp-on--pointerdown=\"actions.preloadImage\" data-wp-on--pointerenter=\"actions.preloadImageWithDelay\" data-wp-on--pointerleave=\"actions.cancelPreload\" data-wp-on-window--resize=\"callbacks.setButtonStyles\" src=\"https:\/\/loudavymkrokem.cz\/wp-content\/uploads\/2026\/08\/gnam-sogni-corcos-rim.jpg\" alt=\"M\u00e5lningen Dr\u00f6mmar av Vittorio Matteo Corcos i Nationalgalleriet f\u00f6r modern konst i Rom\" class=\"wp-image-374764\" title=\"\" srcset=\"https:\/\/loudavymkrokem.cz\/wp-content\/uploads\/2026\/08\/gnam-sogni-corcos-rim.jpg 1028w, https:\/\/loudavymkrokem.cz\/wp-content\/uploads\/2026\/08\/gnam-sogni-corcos-rim-257x300.jpg 257w, https:\/\/loudavymkrokem.cz\/wp-content\/uploads\/2026\/08\/gnam-sogni-corcos-rim-700x817.jpg 700w, https:\/\/loudavymkrokem.cz\/wp-content\/uploads\/2026\/08\/gnam-sogni-corcos-rim-768x896.jpg 768w, https:\/\/loudavymkrokem.cz\/wp-content\/uploads\/2026\/08\/gnam-sogni-corcos-rim-696x812.jpg 696w\" sizes=\"(max-width: 1028px) 100vw, 1028px\" \/><button\n\t\t\tclass=\"lightbox-trigger\"\n\t\t\ttype=\"button\"\n\t\t\taria-haspopup=\"dialog\"\n\t\t\tdata-wp-bind--aria-label=\"state.thisImage.triggerButtonAriaLabel\"\n\t\t\tdata-wp-init=\"callbacks.initTriggerButton\"\n\t\t\tdata-wp-on--click=\"actions.showLightbox\"\n\t\t\tdata-wp-style--right=\"state.thisImage.buttonRight\"\n\t\t\tdata-wp-style--top=\"state.thisImage.buttonTop\"\n\t\t>\n\t\t\t<svg xmlns=\"http:\/\/www.w3.org\/2000\/svg\" width=\"12\" height=\"12\" fill=\"none\" viewBox=\"0 0 12 12\">\n\t\t\t\t<path fill=\"#fff\" d=\"M2 0a2 2 0 0 0-2 2v2h1.5V2a.5.5 0 0 1 .5-.5h2V0H2Zm2 10.5H2a.5.5 0 0 1-.5-.5V8H0v2a2 2 0 0 0 2 2h2v-1.5ZM8 12v-1.5h2a.5.5 0 0 0 .5-.5V8H12v2a2 2 0 0 1-2 2H8Zm2-12a2 2 0 0 1 2 2v2h-1.5V2a.5.5 0 0 0-.5-.5H8V0h2Z\" \/>\n\t\t\t<\/svg>\n\t\t<\/button><figcaption class=\"wp-element-caption\">Foto: Didier Descouens, CC BY-SA 4.0, Wikimedia Commons<\/figcaption><\/figure>\n\n\n\n\n<p class=\"wp-block-paragraph\">H\u00e4r finns den <strong>st\u00f6rsta samlingen modern italiensk och utl\u00e4ndsk konst<\/strong> i Italien fr\u00e5n 1800- och 1900-talet. Under rundturen ser du fantastiska konstverk av storheter som Vincent van Gogh, Gustav Klimt, Paul C\u00e9zanne, Claude Monet och Jackson Pollock, allt underbart arrangerat i rymliga salar.<\/p>\n\n\n\n<p class=\"wp-block-paragraph\">En enorm f\u00f6rdel med det h\u00e4r galleriet \u00e4r det <strong>totala lugnet och utrymmet<\/strong>. Till skillnad fr\u00e5n de \u00f6verfyllda Vatikanmuseerna tr\u00e4ngs du inte med folkmassor med paraplyer \u00f6ver huvudet. H\u00e4r kan du i stillhet promenera genom ljusa salar, njuta av en p\u00e5litligt fungerande luftkonditionering och beundra konsten i helt eget tempo utan k\u00e4nslan av att n\u00e5gon st\u00e4ndigt driver p\u00e5 dig fram\u00e5t.<\/p>\n\n\n\n<h3 class=\"wp-block-heading\"><span class=\"ez-toc-section\" id=\"26_Sanningens_mun_Bocca_della_Verita\"><\/span>26. Sanningens mun (Bocca della Verit\u00e0)<span class=\"ez-toc-section-end\"><\/span><\/h3>\n\n\n\n<p class=\"wp-block-paragraph\">Ytterligare en plats som filmen Prinsessa p\u00e5 vift oerh\u00f6rt populariserade ligger i portiken till den oansenliga kyrkan Santa Maria in Cosmedin n\u00e4ra floden Tibern. Det handlar om en <strong>\u00f6ver ett ton tung marmormask av ett ansikte<\/strong>, som troligen f\u00f6rest\u00e4ller en hednisk havsgud eller i antiken fungerade som ett utsmyckat lock till en antik kloak.<\/p>\n\n\n\n<figure data-wp-context=\"{&quot;imageId&quot;:&quot;6a95132ff30fb&quot;}\" data-wp-interactive=\"core\/image\" data-wp-key=\"6a95132ff30fb\" class=\"wp-block-image size-full wp-lightbox-container\"><img decoding=\"async\" width=\"800\" height=\"1200\" data-wp-class--hide=\"state.isContentHidden\" data-wp-class--show=\"state.isContentVisible\" data-wp-init=\"callbacks.setButtonStyles\" data-wp-on--click=\"actions.showLightbox\" data-wp-on--load=\"callbacks.setButtonStyles\" data-wp-on--pointerdown=\"actions.preloadImage\" data-wp-on--pointerenter=\"actions.preloadImageWithDelay\" data-wp-on--pointerleave=\"actions.cancelPreload\" data-wp-on-window--resize=\"callbacks.setButtonStyles\" src=\"https:\/\/loudavymkrokem.cz\/wp-content\/uploads\/2026\/08\/bocca-della-verita-rim.jpg\" alt=\"Marmormasken Sanningens mun i f\u00f6rhallen till kyrkan Santa Maria in Cosmedin\" class=\"wp-image-374765\" title=\"\" srcset=\"https:\/\/loudavymkrokem.cz\/wp-content\/uploads\/2026\/08\/bocca-della-verita-rim.jpg 800w, https:\/\/loudavymkrokem.cz\/wp-content\/uploads\/2026\/08\/bocca-della-verita-rim-200x300.jpg 200w, https:\/\/loudavymkrokem.cz\/wp-content\/uploads\/2026\/08\/bocca-della-verita-rim-700x1050.jpg 700w, https:\/\/loudavymkrokem.cz\/wp-content\/uploads\/2026\/08\/bocca-della-verita-rim-768x1152.jpg 768w, https:\/\/loudavymkrokem.cz\/wp-content\/uploads\/2026\/08\/bocca-della-verita-rim-696x1044.jpg 696w\" sizes=\"(max-width: 800px) 100vw, 800px\" \/><button\n\t\t\tclass=\"lightbox-trigger\"\n\t\t\ttype=\"button\"\n\t\t\taria-haspopup=\"dialog\"\n\t\t\tdata-wp-bind--aria-label=\"state.thisImage.triggerButtonAriaLabel\"\n\t\t\tdata-wp-init=\"callbacks.initTriggerButton\"\n\t\t\tdata-wp-on--click=\"actions.showLightbox\"\n\t\t\tdata-wp-style--right=\"state.thisImage.buttonRight\"\n\t\t\tdata-wp-style--top=\"state.thisImage.buttonTop\"\n\t\t>\n\t\t\t<svg xmlns=\"http:\/\/www.w3.org\/2000\/svg\" width=\"12\" height=\"12\" fill=\"none\" viewBox=\"0 0 12 12\">\n\t\t\t\t<path fill=\"#fff\" d=\"M2 0a2 2 0 0 0-2 2v2h1.5V2a.5.5 0 0 1 .5-.5h2V0H2Zm2 10.5H2a.5.5 0 0 1-.5-.5V8H0v2a2 2 0 0 0 2 2h2v-1.5ZM8 12v-1.5h2a.5.5 0 0 0 .5-.5V8H12v2a2 2 0 0 1-2 2H8Zm2-12a2 2 0 0 1 2 2v2h-1.5V2a.5.5 0 0 0-.5-.5H8V0h2Z\" \/>\n\t\t\t<\/svg>\n\t\t<\/button><figcaption class=\"wp-element-caption\">Foto: Dietmar Rabich, CC BY-SA 4.0, Wikimedia Commons<\/figcaption><\/figure>\n\n\n\n\n<p class=\"wp-block-paragraph\">Idag har den h\u00e4r masken blivit en enorm turistattraktion, framf\u00f6r allt tack vare en medeltida legend som gjorde den till <strong>v\u00e4rldens f\u00f6rsta l\u00f6gndetektor<\/strong>. Enligt s\u00e4gnen biter Sanningens mun av handen p\u00e5 varje l\u00f6gnare som stoppar in den i den halv\u00f6ppna stenmunnen, n\u00e5got som filmhj\u00e4ltarna Audrey Hepburn och Gregory Peck sk\u00e4mtsamt provade f\u00f6r m\u00e5nga \u00e5r sedan.<\/p>\n\n\n\n<p class=\"wp-block-paragraph\">Om du vill prova den h\u00e4r roliga ritualen sj\u00e4lv och ta det ber\u00f6mda fotot, <strong>f\u00f6rbered dig p\u00e5 en ganska l\u00e5ng k\u00f6<\/strong>, som bildas framf\u00f6r kyrkan i princip hela dagen. Att stoppa in handen \u00e4r gratis, men det f\u00f6rv\u00e4ntas ett litet bidrag i kassan vid kyrkans ing\u00e5ng, som f\u00f6r \u00f6vrigt g\u00f6mmer vackra medeltida mosaiker och absolut \u00e4r v\u00e4rt ett kort bes\u00f6k.<\/p>\n\n\n\n<h3 class=\"wp-block-heading\"><span class=\"ez-toc-section\" id=\"27_Kvarteret_Testaccio_och_traditionell_gastronomi\"><\/span>27. Kvarteret Testaccio och traditionell gastronomi<span class=\"ez-toc-section-end\"><\/span><\/h3>\n\n\n\n<p class=\"wp-block-paragraph\">Om du redan f\u00e5tt nog av antika ruiner och l\u00e4ngtar efter att l\u00e4ra k\u00e4nna det <strong>\u00e4kta, of\u00f6rsk\u00f6na lokala livet<\/strong>, bege dig bakom kullen Aventinen till det gamla arbetarkvarteret Testaccio. Klassiska sev\u00e4rdheter hittar du visserligen inte m\u00e5nga av h\u00e4r och fr\u00e5n centrum m\u00e5ste du ta dig hit med tunnelbana, men f\u00f6r alla italienska mat\u00e4lskare \u00e4r det ett rent m\u00e5ste.<\/p>\n\n\n\n<figure data-wp-context=\"{&quot;imageId&quot;:&quot;6a95132ff37fa&quot;}\" data-wp-interactive=\"core\/image\" data-wp-key=\"6a95132ff37fa\" class=\"wp-block-image size-full wp-lightbox-container\"><img decoding=\"async\" width=\"1200\" height=\"862\" data-wp-class--hide=\"state.isContentHidden\" data-wp-class--show=\"state.isContentVisible\" data-wp-init=\"callbacks.setButtonStyles\" data-wp-on--click=\"actions.showLightbox\" data-wp-on--load=\"callbacks.setButtonStyles\" data-wp-on--pointerdown=\"actions.preloadImage\" data-wp-on--pointerenter=\"actions.preloadImageWithDelay\" data-wp-on--pointerleave=\"actions.cancelPreload\" data-wp-on-window--resize=\"callbacks.setButtonStyles\" src=\"https:\/\/loudavymkrokem.cz\/wp-content\/uploads\/2026\/08\/trznice-testaccio-rim.jpg\" alt=\"Den nya marknadshallen Mercato di Testaccio i Roms Testacciokvarter\" class=\"wp-image-374766\" title=\"\" srcset=\"https:\/\/loudavymkrokem.cz\/wp-content\/uploads\/2026\/08\/trznice-testaccio-rim.jpg 1200w, https:\/\/loudavymkrokem.cz\/wp-content\/uploads\/2026\/08\/trznice-testaccio-rim-300x216.jpg 300w, https:\/\/loudavymkrokem.cz\/wp-content\/uploads\/2026\/08\/trznice-testaccio-rim-700x503.jpg 700w, https:\/\/loudavymkrokem.cz\/wp-content\/uploads\/2026\/08\/trznice-testaccio-rim-768x552.jpg 768w, https:\/\/loudavymkrokem.cz\/wp-content\/uploads\/2026\/08\/trznice-testaccio-rim-696x500.jpg 696w\" sizes=\"(max-width: 1200px) 100vw, 1200px\" \/><button\n\t\t\tclass=\"lightbox-trigger\"\n\t\t\ttype=\"button\"\n\t\t\taria-haspopup=\"dialog\"\n\t\t\tdata-wp-bind--aria-label=\"state.thisImage.triggerButtonAriaLabel\"\n\t\t\tdata-wp-init=\"callbacks.initTriggerButton\"\n\t\t\tdata-wp-on--click=\"actions.showLightbox\"\n\t\t\tdata-wp-style--right=\"state.thisImage.buttonRight\"\n\t\t\tdata-wp-style--top=\"state.thisImage.buttonTop\"\n\t\t>\n\t\t\t<svg xmlns=\"http:\/\/www.w3.org\/2000\/svg\" width=\"12\" height=\"12\" fill=\"none\" viewBox=\"0 0 12 12\">\n\t\t\t\t<path fill=\"#fff\" d=\"M2 0a2 2 0 0 0-2 2v2h1.5V2a.5.5 0 0 1 .5-.5h2V0H2Zm2 10.5H2a.5.5 0 0 1-.5-.5V8H0v2a2 2 0 0 0 2 2h2v-1.5ZM8 12v-1.5h2a.5.5 0 0 0 .5-.5V8H12v2a2 2 0 0 1-2 2H8Zm2-12a2 2 0 0 1 2 2v2h-1.5V2a.5.5 0 0 0-.5-.5H8V0h2Z\" \/>\n\t\t\t<\/svg>\n\t\t<\/button><figcaption class=\"wp-element-caption\">Foto: Lalupa, CC BY-SA 3.0, Wikimedia Commons<\/figcaption><\/figure>\n\n\n\n\n<p class=\"wp-block-paragraph\">Hj\u00e4rtat i hela detta omr\u00e5de \u00e4r den <strong>moderna glasade marknaden Mercato di Testaccio<\/strong>, d\u00e4r det sjuder av liv varje dag. Lokalborna k\u00f6per f\u00e4rska gr\u00f6nsaker, pratar \u00f6ver diskarna och du kan vid st\u00e5nden f\u00e5 dig en utm\u00e4rkt m\u00e5ltid i handen och sk\u00f6lja ner den med vin serverat i plastmuggar f\u00f6r n\u00e5gra euro.<\/p>\n\n\n\n<p class=\"wp-block-paragraph\">Luk\u00e1\u0161 och jag frossade h\u00e4r p\u00e5 <strong>perfekt kr\u00e4mig cacio e pepe och s\u00f6t maritozzo<\/strong> (som \u00e4r en traditionell romersk bulle fylld med en enorm m\u00e4ngd vispgr\u00e4dde), medan det f\u00f6r klassiker\u00e4lskare \u00e4r centrum f\u00f6r r\u00e4tter av in\u00e4lvor. Det traditionella romerska k\u00f6ket uppstod n\u00e4mligen ursprungligen just h\u00e4r vid de gamla slakthusen, och turister fr\u00e5n hela v\u00e4rlden kommer hit f\u00f6r att prova specialiteter som komagesr\u00e4tten trippa alla romana eller oxsvans, \u00e4ven om vi med ett leende avst\u00e5r fr\u00e5n dessa k\u00f6ttiga saker. \u263a\ufe0f<\/p>\n\n\n\n<p class=\"wp-block-paragraph\">Kliv in p\u00e5 kv\u00e4llen i n\u00e5gon lokal h\u00f6gljudd pizzeria, d\u00e4r <strong>ingen kommer att prata engelska med dig<\/strong> och menyn inte har f\u00e4rgglada bilder. Just h\u00e4r, l\u00e5ngt fr\u00e5n de \u00f6verprissatta turistf\u00e4llorna vid Vatikanen, upplever du det \u00e4kta Rom, som du kommer att vilja \u00e5terv\u00e4nda till g\u00e5ng p\u00e5 g\u00e5ng.<\/p>\n\n\n\n<h2 class=\"wp-block-heading\" id=\"Rim_mimo_dav\"><span class=\"ez-toc-section\" id=\"Rom_bortom_folkmassorna_13_platser_dit_turisterna_inte_kommer\"><\/span>Rom bortom folkmassorna: 13 platser dit turisterna inte kommer<span class=\"ez-toc-section-end\"><\/span><\/h2>\n\n\n\n<p class=\"wp-block-paragraph\">N\u00e4r du bockat av de obligatoriska klassikerna b\u00f6rjar den roligare delen. <strong>Det h\u00e4r \u00e4r det Rom som lokalborna k\u00e4nner b\u00e4ttre \u00e4n turisterna<\/strong> \u2013 och samtidigt ligger de flesta av dessa platser inom g\u00e5ngavst\u00e5nd fr\u00e5n h\u00e5llplatserna d\u00e4r massorna tr\u00e4ngs. Flera av dem \u00e4r dessutom helt gratis.<\/p>\n\n\n\n<h3 class=\"wp-block-heading\"><span class=\"ez-toc-section\" id=\"28_Basilikan_San_Clemente_och_dess_tre_vaningar_historia\"><\/span>28. Basilikan San Clemente och dess tre v\u00e5ningar historia<span class=\"ez-toc-section-end\"><\/span><\/h3>\n\n\n\n<p class=\"wp-block-paragraph\">Om du \u00e4lskar historia och vill uppleva p\u00e5 egen kropp hur Rom under seklerna bokstavligen skiktade sig p\u00e5 sig sj\u00e4lvt, kommer den h\u00e4r platsen att h\u00e4nf\u00f6ra dig. <strong>Basilikan San Clemente<\/strong> ser inte s\u00e4rskilt anm\u00e4rkningsv\u00e4rd ut utifr\u00e5n, men inuti g\u00f6mmer den en otrolig tidsmaskin. F\u00f6rst kliver du in i en underbar kyrka fr\u00e5n 1100-talet full av h\u00e4nf\u00f6rande medeltida mosaiker och vacker marmordekoration.<\/p>\n\n\n\n<figure data-wp-context=\"{&quot;imageId&quot;:&quot;6a95132ff3fd5&quot;}\" data-wp-interactive=\"core\/image\" data-wp-key=\"6a95132ff3fd5\" class=\"wp-block-image size-full wp-lightbox-container\"><img decoding=\"async\" width=\"1200\" height=\"798\" data-wp-class--hide=\"state.isContentHidden\" data-wp-class--show=\"state.isContentVisible\" data-wp-init=\"callbacks.setButtonStyles\" data-wp-on--click=\"actions.showLightbox\" data-wp-on--load=\"callbacks.setButtonStyles\" data-wp-on--pointerdown=\"actions.preloadImage\" data-wp-on--pointerenter=\"actions.preloadImageWithDelay\" data-wp-on--pointerleave=\"actions.cancelPreload\" data-wp-on-window--resize=\"callbacks.setButtonStyles\" src=\"https:\/\/loudavymkrokem.cz\/wp-content\/uploads\/2026\/08\/bazilika-san-clemente-rim.jpg\" alt=\"Interi\u00f6ren i basilikan San Clemente i Rom med kosmatiskt golv och gyllene absid\" class=\"wp-image-374704\" title=\"\" srcset=\"https:\/\/loudavymkrokem.cz\/wp-content\/uploads\/2026\/08\/bazilika-san-clemente-rim.jpg 1200w, https:\/\/loudavymkrokem.cz\/wp-content\/uploads\/2026\/08\/bazilika-san-clemente-rim-300x200.jpg 300w, https:\/\/loudavymkrokem.cz\/wp-content\/uploads\/2026\/08\/bazilika-san-clemente-rim-700x466.jpg 700w, https:\/\/loudavymkrokem.cz\/wp-content\/uploads\/2026\/08\/bazilika-san-clemente-rim-768x511.jpg 768w, https:\/\/loudavymkrokem.cz\/wp-content\/uploads\/2026\/08\/bazilika-san-clemente-rim-696x463.jpg 696w\" sizes=\"(max-width: 1200px) 100vw, 1200px\" \/><button\n\t\t\tclass=\"lightbox-trigger\"\n\t\t\ttype=\"button\"\n\t\t\taria-haspopup=\"dialog\"\n\t\t\tdata-wp-bind--aria-label=\"state.thisImage.triggerButtonAriaLabel\"\n\t\t\tdata-wp-init=\"callbacks.initTriggerButton\"\n\t\t\tdata-wp-on--click=\"actions.showLightbox\"\n\t\t\tdata-wp-style--right=\"state.thisImage.buttonRight\"\n\t\t\tdata-wp-style--top=\"state.thisImage.buttonTop\"\n\t\t>\n\t\t\t<svg xmlns=\"http:\/\/www.w3.org\/2000\/svg\" width=\"12\" height=\"12\" fill=\"none\" viewBox=\"0 0 12 12\">\n\t\t\t\t<path fill=\"#fff\" d=\"M2 0a2 2 0 0 0-2 2v2h1.5V2a.5.5 0 0 1 .5-.5h2V0H2Zm2 10.5H2a.5.5 0 0 1-.5-.5V8H0v2a2 2 0 0 0 2 2h2v-1.5ZM8 12v-1.5h2a.5.5 0 0 0 .5-.5V8H12v2a2 2 0 0 1-2 2H8Zm2-12a2 2 0 0 1 2 2v2h-1.5V2a.5.5 0 0 0-.5-.5H8V0h2Z\" \/>\n\t\t\t<\/svg>\n\t\t<\/button><figcaption class=\"wp-element-caption\">Foto: Ninfamania, CC BY 4.0, Wikimedia Commons<\/figcaption><\/figure>\n\n\n\n\n<p class=\"wp-block-paragraph\">Men det \u00e4r bara b\u00f6rjan, f\u00f6r det viktigaste g\u00f6mmer sig under jord. S\u00e5 snart du g\u00e5tt ner f\u00f6r trapporna befinner du dig i en \u00e4ldre basilika fr\u00e5n 300-talet, som under l\u00e5nga tider var helt \u00f6vert\u00e4ckt. Och om du v\u00e5gar g\u00e5 \u00e4nnu djupare kommer du \u00e4nda ner till <strong>f\u00f6rsta \u00e5rhundradet e.Kr.<\/strong>, d\u00e4r du utforskar ett antikt romerskt hus och ett mystiskt hedniskt tempel till\u00e4gnat guden Mithras. Det \u00e4r helt fascinerande att h\u00f6ra en underjordisk k\u00e4lla rinna, som m\u00f6rkt porlat h\u00e4r i tusentals \u00e5r.<\/p>\n\n\n\n<p class=\"wp-block-paragraph\">Avs\u00e4tt ungef\u00e4r en timme f\u00f6r att utforska alla tre v\u00e5ningarna. \ud83d\udca1 <strong>Tips:<\/strong> Entr\u00e9n till underjorden \u00e4r avgiftsbelagd och jag rekommenderar att du k\u00f6per biljetter i f\u00f6rv\u00e4g online p\u00e5 den officiella webbplatsen f\u00f6r att undvika v\u00e4ntan. Kyrkan ligger bara en kort promenad fr\u00e5n Colosseum, s\u00e5 du tar dig l\u00e4tt hit efter bes\u00f6ket d\u00e4r.<\/p>\n\n\n\n<h3 class=\"wp-block-heading\"><span class=\"ez-toc-section\" id=\"29_Aventinska_nyckelhalet_och_Apelsintradgarden\"><\/span>29. Aventinska nyckelh\u00e5let och Apelsintr\u00e4dg\u00e5rden<span class=\"ez-toc-section-end\"><\/span><\/h3>\n\n\n\n<p class=\"wp-block-paragraph\">Vem vill inte se den mest k\u00e4nda italienska kupolen fr\u00e5n ett helt annat perspektiv? P\u00e5 toppen av kullen Aventinen hittar du en oansenlig gr\u00f6n port vid Malteserriddarnas s\u00e4te, d\u00e4r det ofta bildas en klunga nyfikna. N\u00e4r du n\u00e4mligen <strong>kikar in i nyckelh\u00e5let<\/strong> h\u00e4r \u00f6ppnar sig en perfekt vy av Peterskyrkan, precist inramad av en h\u00e4ck. Det \u00e4r visserligen bara en snabb lek, men den har en enorm charm.<\/p>\n\n\n\n<figure data-wp-context=\"{&quot;imageId&quot;:&quot;6a9513300046a&quot;}\" data-wp-interactive=\"core\/image\" data-wp-key=\"6a9513300046a\" class=\"wp-block-image size-full wp-lightbox-container\"><img decoding=\"async\" width=\"1200\" height=\"801\" data-wp-class--hide=\"state.isContentHidden\" data-wp-class--show=\"state.isContentVisible\" data-wp-init=\"callbacks.setButtonStyles\" data-wp-on--click=\"actions.showLightbox\" data-wp-on--load=\"callbacks.setButtonStyles\" data-wp-on--pointerdown=\"actions.preloadImage\" data-wp-on--pointerenter=\"actions.preloadImageWithDelay\" data-wp-on--pointerleave=\"actions.cancelPreload\" data-wp-on-window--resize=\"callbacks.setButtonStyles\" src=\"https:\/\/loudavymkrokem.cz\/wp-content\/uploads\/2026\/08\/aventinska-klicova-dirka-rim.jpg\" alt=\"Vy genom nyckelh\u00e5let p\u00e5 Aventinen mot Peterskyrkans kupol\" class=\"wp-image-374706\" title=\"\" srcset=\"https:\/\/loudavymkrokem.cz\/wp-content\/uploads\/2026\/08\/aventinska-klicova-dirka-rim.jpg 1200w, https:\/\/loudavymkrokem.cz\/wp-content\/uploads\/2026\/08\/aventinska-klicova-dirka-rim-300x200.jpg 300w, https:\/\/loudavymkrokem.cz\/wp-content\/uploads\/2026\/08\/aventinska-klicova-dirka-rim-700x467.jpg 700w, https:\/\/loudavymkrokem.cz\/wp-content\/uploads\/2026\/08\/aventinska-klicova-dirka-rim-768x513.jpg 768w, https:\/\/loudavymkrokem.cz\/wp-content\/uploads\/2026\/08\/aventinska-klicova-dirka-rim-696x465.jpg 696w\" sizes=\"(max-width: 1200px) 100vw, 1200px\" \/><button\n\t\t\tclass=\"lightbox-trigger\"\n\t\t\ttype=\"button\"\n\t\t\taria-haspopup=\"dialog\"\n\t\t\tdata-wp-bind--aria-label=\"state.thisImage.triggerButtonAriaLabel\"\n\t\t\tdata-wp-init=\"callbacks.initTriggerButton\"\n\t\t\tdata-wp-on--click=\"actions.showLightbox\"\n\t\t\tdata-wp-style--right=\"state.thisImage.buttonRight\"\n\t\t\tdata-wp-style--top=\"state.thisImage.buttonTop\"\n\t\t>\n\t\t\t<svg xmlns=\"http:\/\/www.w3.org\/2000\/svg\" width=\"12\" height=\"12\" fill=\"none\" viewBox=\"0 0 12 12\">\n\t\t\t\t<path fill=\"#fff\" d=\"M2 0a2 2 0 0 0-2 2v2h1.5V2a.5.5 0 0 1 .5-.5h2V0H2Zm2 10.5H2a.5.5 0 0 1-.5-.5V8H0v2a2 2 0 0 0 2 2h2v-1.5ZM8 12v-1.5h2a.5.5 0 0 0 .5-.5V8H12v2a2 2 0 0 1-2 2H8Zm2-12a2 2 0 0 1 2 2v2h-1.5V2a.5.5 0 0 0-.5-.5H8V0h2Z\" \/>\n\t\t\t<\/svg>\n\t\t<\/button><figcaption class=\"wp-element-caption\">Foto: Galen Crout, CC0, Wikimedia Commons<\/figcaption><\/figure>\n\n\n\n\n<p class=\"wp-block-paragraph\">Precis en bit d\u00e4rifr\u00e5n ligger <strong>Apelsintr\u00e4dg\u00e5rden (Giardino degli Aranci)<\/strong>, som utan \u00f6verdrift \u00e4r en av de mest romantiska platserna i hela staden. P\u00e5 den heta sommaren kommer \u00e4ven romarna sj\u00e4lva hit f\u00f6r att s\u00f6ka tillflykt, f\u00f6r de h\u00f6ga tr\u00e4den ger den s\u00e5 efterl\u00e4ngtade skuggan och att sitta p\u00e5 b\u00e4nkarna \u00e4r rena balsamet f\u00f6r sj\u00e4len. S\u00e4rskilt p\u00e5 v\u00e5ren, n\u00e4r tr\u00e4den blommar och doftar, \u00e4r det som i en saga h\u00e4r.<\/p>\n\n\n\n<p class=\"wp-block-paragraph\">\ud83d\udca1 <strong>Tips:<\/strong> Kom hit helst p\u00e5 sen eftermiddag. Fr\u00e5n tr\u00e4dg\u00e5rdens utsiktsterrass \u00f6ppnar sig n\u00e4mligen <strong>en av de vackraste vyerna \u00f6ver Rom vid solnedg\u00e5ngen<\/strong>. Du tar dig hit med en trevlig promenad uppf\u00f6r fr\u00e5n tunnelbanestationen Circo Massimo och det tar ungef\u00e4r en timme inklusive fotografering.<\/p>\n\n\n\n<h3 class=\"wp-block-heading\"><span class=\"ez-toc-section\" id=\"30_Kvarteret_Coppede\"><\/span>30. Kvarteret Copped\u00e8<span class=\"ez-toc-section-end\"><\/span><\/h3>\n\n\n\n<p class=\"wp-block-paragraph\">Gl\u00f6m f\u00f6r en stund de antika ruinerna och de ber\u00f6mda ren\u00e4ssanspalatsen. En bit fr\u00e5n centrum g\u00f6mmer sig det arkitektoniskt helt unika <strong>kvarteret Copped\u00e8<\/strong>, som ser ut som taget ur n\u00e5gon m\u00f6rkare fantasybok. Arkitekten Gino Copped\u00e8 sl\u00e4ppte h\u00e4r i b\u00f6rjan av 1900-talet loss fantasin och blandade jugend, gotik, barock och medeltida element till en fascinerande och stundtals n\u00e4stan bisarr helhet.<\/p>\n\n\n\n<figure data-wp-context=\"{&quot;imageId&quot;:&quot;6a95133000bd7&quot;}\" data-wp-interactive=\"core\/image\" data-wp-key=\"6a95133000bd7\" class=\"wp-block-image size-full wp-lightbox-container\"><img decoding=\"async\" width=\"1200\" height=\"795\" data-wp-class--hide=\"state.isContentHidden\" data-wp-class--show=\"state.isContentVisible\" data-wp-init=\"callbacks.setButtonStyles\" data-wp-on--click=\"actions.showLightbox\" data-wp-on--load=\"callbacks.setButtonStyles\" data-wp-on--pointerdown=\"actions.preloadImage\" data-wp-on--pointerenter=\"actions.preloadImageWithDelay\" data-wp-on--pointerleave=\"actions.cancelPreload\" data-wp-on-window--resize=\"callbacks.setButtonStyles\" src=\"https:\/\/loudavymkrokem.cz\/wp-content\/uploads\/2026\/08\/ctvrt-coppede-rim.jpg\" alt=\"Den utsmyckade b\u00e5gen vid entr\u00e9n till Roms kvarter Copped\u00e8\" class=\"wp-image-374707\" title=\"\" srcset=\"https:\/\/loudavymkrokem.cz\/wp-content\/uploads\/2026\/08\/ctvrt-coppede-rim.jpg 1200w, https:\/\/loudavymkrokem.cz\/wp-content\/uploads\/2026\/08\/ctvrt-coppede-rim-300x199.jpg 300w, https:\/\/loudavymkrokem.cz\/wp-content\/uploads\/2026\/08\/ctvrt-coppede-rim-700x464.jpg 700w, https:\/\/loudavymkrokem.cz\/wp-content\/uploads\/2026\/08\/ctvrt-coppede-rim-768x509.jpg 768w, https:\/\/loudavymkrokem.cz\/wp-content\/uploads\/2026\/08\/ctvrt-coppede-rim-696x461.jpg 696w\" sizes=\"(max-width: 1200px) 100vw, 1200px\" \/><button\n\t\t\tclass=\"lightbox-trigger\"\n\t\t\ttype=\"button\"\n\t\t\taria-haspopup=\"dialog\"\n\t\t\tdata-wp-bind--aria-label=\"state.thisImage.triggerButtonAriaLabel\"\n\t\t\tdata-wp-init=\"callbacks.initTriggerButton\"\n\t\t\tdata-wp-on--click=\"actions.showLightbox\"\n\t\t\tdata-wp-style--right=\"state.thisImage.buttonRight\"\n\t\t\tdata-wp-style--top=\"state.thisImage.buttonTop\"\n\t\t>\n\t\t\t<svg xmlns=\"http:\/\/www.w3.org\/2000\/svg\" width=\"12\" height=\"12\" fill=\"none\" viewBox=\"0 0 12 12\">\n\t\t\t\t<path fill=\"#fff\" d=\"M2 0a2 2 0 0 0-2 2v2h1.5V2a.5.5 0 0 1 .5-.5h2V0H2Zm2 10.5H2a.5.5 0 0 1-.5-.5V8H0v2a2 2 0 0 0 2 2h2v-1.5ZM8 12v-1.5h2a.5.5 0 0 0 .5-.5V8H12v2a2 2 0 0 1-2 2H8Zm2-12a2 2 0 0 1 2 2v2h-1.5V2a.5.5 0 0 0-.5-.5H8V0h2Z\" \/>\n\t\t\t<\/svg>\n\t\t<\/button><figcaption class=\"wp-element-caption\">Foto: Andrea Bertozzi, CC BY-SA 4.0, Wikimedia Commons<\/figcaption><\/figure>\n\n\n\n\n<p class=\"wp-block-paragraph\">Redan sj\u00e4lva ing\u00e5ngen till kvarteret under en rikt utsmyckad b\u00e5ge med en v\u00e4ldig smidesljuskrona tar andan ur en. Direkt bakom den uppt\u00e4cker du <strong>Grodfont\u00e4nen (Fontana delle Rane)<\/strong>, d\u00e4r sj\u00e4lva Beatles enligt uppgift en g\u00e5ng badade efter en konsert. Villorna runtomkring \u00e4r utsmyckade med f\u00e4rgglada mosaiker, fresker, torn och till och med spindeln\u00e4t i smidesj\u00e4rn.<\/p>\n\n\n\n<p class=\"wp-block-paragraph\">Det h\u00e4r omr\u00e5det \u00e4r fantastiskt f\u00f6r en lugn promenad, f\u00f6r <strong>vanliga turister kommer n\u00e4stan aldrig hit<\/strong> och du kan i lugn och ro betrakta varje galen detalj p\u00e5 fasaderna. \ud83d\udca1 <strong>Tips:<\/strong> En halvtimme r\u00e4cker gott och v\u00e4l f\u00f6r att utforska. B\u00e4st \u00e4r att kombinera kvarteret med ett bes\u00f6k p\u00e5 n\u00e4rliggande Galleria Borghese, dit det bara \u00e4r ungef\u00e4r en kvarts promenad.<\/p>\n\n\n\n<h3 class=\"wp-block-heading\"><span class=\"ez-toc-section\" id=\"31_Centrale_Montemartini_%E2%80%93_antika_skulpturer_bland_turbiner\"><\/span>31. Centrale Montemartini \u2013 antika skulpturer bland turbiner<span class=\"ez-toc-section-end\"><\/span><\/h3>\n\n\n\n<p class=\"wp-block-paragraph\">Kombinationen av antik konst och industriell arkitektur l\u00e5ter kanske lite m\u00e4rklig, men tro mig, resultatet \u00e4r bokstavligen h\u00e4nf\u00f6rande. <strong>Centrale Montemartini<\/strong> var Roms f\u00f6rsta offentliga kraftverk, som f\u00f6rs\u00f6rjde staden med energi. Idag hittar du i dess enorma ljusa hallar en filial till Kapitolinska museerna, d\u00e4r antika skulpturer \u00e4r utst\u00e4llda direkt bredvid massiva svarta dieselmotorer och \u00e5ngturbiner.<\/p>\n\n\n\n<figure data-wp-context=\"{&quot;imageId&quot;:&quot;6a951330011a2&quot;}\" data-wp-interactive=\"core\/image\" data-wp-key=\"6a951330011a2\" class=\"wp-block-image size-full wp-lightbox-container\"><img decoding=\"async\" width=\"1200\" height=\"833\" data-wp-class--hide=\"state.isContentHidden\" data-wp-class--show=\"state.isContentVisible\" data-wp-init=\"callbacks.setButtonStyles\" data-wp-on--click=\"actions.showLightbox\" data-wp-on--load=\"callbacks.setButtonStyles\" data-wp-on--pointerdown=\"actions.preloadImage\" data-wp-on--pointerenter=\"actions.preloadImageWithDelay\" data-wp-on--pointerleave=\"actions.cancelPreload\" data-wp-on-window--resize=\"callbacks.setButtonStyles\" src=\"https:\/\/loudavymkrokem.cz\/wp-content\/uploads\/2026\/08\/centrale-montemartini-rim.jpg\" alt=\"Antika skulpturer framf\u00f6r maskinerna i det f\u00f6re detta kraftverket p\u00e5 museet Centrale Montemartini\" class=\"wp-image-374708\" title=\"\" srcset=\"https:\/\/loudavymkrokem.cz\/wp-content\/uploads\/2026\/08\/centrale-montemartini-rim.jpg 1200w, https:\/\/loudavymkrokem.cz\/wp-content\/uploads\/2026\/08\/centrale-montemartini-rim-300x208.jpg 300w, https:\/\/loudavymkrokem.cz\/wp-content\/uploads\/2026\/08\/centrale-montemartini-rim-700x486.jpg 700w, https:\/\/loudavymkrokem.cz\/wp-content\/uploads\/2026\/08\/centrale-montemartini-rim-768x533.jpg 768w, https:\/\/loudavymkrokem.cz\/wp-content\/uploads\/2026\/08\/centrale-montemartini-rim-696x483.jpg 696w\" sizes=\"(max-width: 1200px) 100vw, 1200px\" \/><button\n\t\t\tclass=\"lightbox-trigger\"\n\t\t\ttype=\"button\"\n\t\t\taria-haspopup=\"dialog\"\n\t\t\tdata-wp-bind--aria-label=\"state.thisImage.triggerButtonAriaLabel\"\n\t\t\tdata-wp-init=\"callbacks.initTriggerButton\"\n\t\t\tdata-wp-on--click=\"actions.showLightbox\"\n\t\t\tdata-wp-style--right=\"state.thisImage.buttonRight\"\n\t\t\tdata-wp-style--top=\"state.thisImage.buttonTop\"\n\t\t>\n\t\t\t<svg xmlns=\"http:\/\/www.w3.org\/2000\/svg\" width=\"12\" height=\"12\" fill=\"none\" viewBox=\"0 0 12 12\">\n\t\t\t\t<path fill=\"#fff\" d=\"M2 0a2 2 0 0 0-2 2v2h1.5V2a.5.5 0 0 1 .5-.5h2V0H2Zm2 10.5H2a.5.5 0 0 1-.5-.5V8H0v2a2 2 0 0 0 2 2h2v-1.5ZM8 12v-1.5h2a.5.5 0 0 0 .5-.5V8H12v2a2 2 0 0 1-2 2H8Zm2-12a2 2 0 0 1 2 2v2h-1.5V2a.5.5 0 0 0-.5-.5H8V0h2Z\" \/>\n\t\t\t<\/svg>\n\t\t<\/button><figcaption class=\"wp-element-caption\">Foto: Gigipe Sorentino, CC BY-SA 3.0, Wikimedia Commons<\/figcaption><\/figure>\n\n\n\n\n<p class=\"wp-block-paragraph\">Denna <strong>skarpa kontrast mellan sk\u00f6r vit marmor och tung maskinteknik<\/strong> skapar en helt unik atmosf\u00e4r. Du f\u00e5r k\u00e4nslan av att ha hamnat i n\u00e5gon modern sci-fi-film. En stor f\u00f6rdel \u00e4r dessutom att du h\u00e4r, till skillnad fr\u00e5n Vatikanmuseerna, bara m\u00f6ter en handfull m\u00e4nniskor och d\u00e4rf\u00f6r kan betrakta allt i lugn och ro utan tr\u00e4ngsel.<\/p>\n\n\n\n<p class=\"wp-block-paragraph\">\ud83d\udca1 <strong>Tips:<\/strong> Museet ligger i kvarteret Ostiense, dit du bekv\u00e4mt tar dig med tunnelbanelinje B (stig av vid stationen Garbatella). Om du gillar otraditionella foton och vill <strong>fly folkmassorna i centrum<\/strong> en stund \u00e4r den h\u00e4r platsen definitivt v\u00e4rd det. Avs\u00e4tt ungef\u00e4r en och en halv timme och ta g\u00e4rna med st\u00f6rre barn, tekniken kommer garanterat att fascinera dem.<\/p>\n\n\n\n<h3 class=\"wp-block-heading\"><span class=\"ez-toc-section\" id=\"32_Galleria_Sciarra\"><\/span>32. Galleria Sciarra<span class=\"ez-toc-section-end\"><\/span><\/h3>\n\n\n\n<p class=\"wp-block-paragraph\">N\u00e4r du tr\u00e4nger dig fram bland folkmassorna vid Fontana di Trevi och verkligen beh\u00f6ver en stunds lugn, r\u00e4cker det att g\u00e5 bara n\u00e5gra smala gr\u00e4nder bort. D\u00e4r g\u00f6mmer sig n\u00e4mligen <strong>Galleria Sciarra<\/strong>, en underbar innerg\u00e5rd fr\u00e5n 1800-talet, som \u00e4r glasad och rikt m\u00e5lad med h\u00e4nf\u00f6rande fresker i jugendstil. De flesta g\u00e5r f\u00f6rbi utan att l\u00e4gga m\u00e4rke till den, f\u00f6r fr\u00e5n gatan syns denna sk\u00f6nhet inte alls.<\/p>\n\n\n\n<figure data-wp-context=\"{&quot;imageId&quot;:&quot;6a95133001793&quot;}\" data-wp-interactive=\"core\/image\" data-wp-key=\"6a95133001793\" class=\"wp-block-image size-full wp-lightbox-container\"><img decoding=\"async\" width=\"1200\" height=\"795\" data-wp-class--hide=\"state.isContentHidden\" data-wp-class--show=\"state.isContentVisible\" data-wp-init=\"callbacks.setButtonStyles\" data-wp-on--click=\"actions.showLightbox\" data-wp-on--load=\"callbacks.setButtonStyles\" data-wp-on--pointerdown=\"actions.preloadImage\" data-wp-on--pointerenter=\"actions.preloadImageWithDelay\" data-wp-on--pointerleave=\"actions.cancelPreload\" data-wp-on-window--resize=\"callbacks.setButtonStyles\" src=\"https:\/\/loudavymkrokem.cz\/wp-content\/uploads\/2026\/08\/galleria-sciarra-rim.jpg\" alt=\"Den freskutsmyckade innerg\u00e5rden Galleria Sciarra i Rom\" class=\"wp-image-374709\" title=\"\" srcset=\"https:\/\/loudavymkrokem.cz\/wp-content\/uploads\/2026\/08\/galleria-sciarra-rim.jpg 1200w, https:\/\/loudavymkrokem.cz\/wp-content\/uploads\/2026\/08\/galleria-sciarra-rim-300x199.jpg 300w, https:\/\/loudavymkrokem.cz\/wp-content\/uploads\/2026\/08\/galleria-sciarra-rim-700x464.jpg 700w, https:\/\/loudavymkrokem.cz\/wp-content\/uploads\/2026\/08\/galleria-sciarra-rim-768x509.jpg 768w, https:\/\/loudavymkrokem.cz\/wp-content\/uploads\/2026\/08\/galleria-sciarra-rim-696x461.jpg 696w\" sizes=\"(max-width: 1200px) 100vw, 1200px\" \/><button\n\t\t\tclass=\"lightbox-trigger\"\n\t\t\ttype=\"button\"\n\t\t\taria-haspopup=\"dialog\"\n\t\t\tdata-wp-bind--aria-label=\"state.thisImage.triggerButtonAriaLabel\"\n\t\t\tdata-wp-init=\"callbacks.initTriggerButton\"\n\t\t\tdata-wp-on--click=\"actions.showLightbox\"\n\t\t\tdata-wp-style--right=\"state.thisImage.buttonRight\"\n\t\t\tdata-wp-style--top=\"state.thisImage.buttonTop\"\n\t\t>\n\t\t\t<svg xmlns=\"http:\/\/www.w3.org\/2000\/svg\" width=\"12\" height=\"12\" fill=\"none\" viewBox=\"0 0 12 12\">\n\t\t\t\t<path fill=\"#fff\" d=\"M2 0a2 2 0 0 0-2 2v2h1.5V2a.5.5 0 0 1 .5-.5h2V0H2Zm2 10.5H2a.5.5 0 0 1-.5-.5V8H0v2a2 2 0 0 0 2 2h2v-1.5ZM8 12v-1.5h2a.5.5 0 0 0 .5-.5V8H12v2a2 2 0 0 1-2 2H8Zm2-12a2 2 0 0 1 2 2v2h-1.5V2a.5.5 0 0 0-.5-.5H8V0h2Z\" \/>\n\t\t\t<\/svg>\n\t\t<\/button><figcaption class=\"wp-element-caption\">Foto: Philosofia, CC BY 2.0, Wikimedia Commons<\/figcaption><\/figure>\n\n\n\n\n<p class=\"wp-block-paragraph\">Hela utrymmet firar kvinnors sk\u00f6nhet, styrka och roll i samh\u00e4llet. P\u00e5 v\u00e4ggarna ser du <strong>figurer som symboliserar dygder som t\u00e5lamod, r\u00e4ttvisa och trohet<\/strong>, allt i underbart levande f\u00e4rger. Tack vare glastaket \u00e4r det dessutom ett fantastiskt ljus h\u00e4r som ger freskerna \u00e4nnu st\u00f6rre djup. Det \u00e4r helt enkelt ett perfekt exempel p\u00e5 att Rom kan \u00f6verraska bokstavligen vid varje steg.<\/p>\n\n\n\n<p class=\"wp-block-paragraph\">Innerg\u00e5rden fungerar som en vanlig genomg\u00e5ng mellan byggnaderna, s\u00e5 <strong>entr\u00e9n \u00e4r helt gratis<\/strong>. \ud83d\udca1 <strong>Tips:<\/strong> \u00d6ppet \u00e4r bara p\u00e5 vardagar under kontorstid, p\u00e5 helgerna \u00e4r gallren tyv\u00e4rr st\u00e4ngda. Stoppet tar bara tio minuter, men det berikar definitivt din dag med en vacker upplevelse utan k\u00f6er.<\/p>\n\n\n\n<h3 class=\"wp-block-heading\"><span class=\"ez-toc-section\" id=\"33_Via_Appia_Antica_och_katakomberna\"><\/span>33. Via Appia Antica och katakomberna<span class=\"ez-toc-section-end\"><\/span><\/h3>\n\n\n\n<p class=\"wp-block-paragraph\">Alla v\u00e4gar b\u00e4r till Rom, men den h\u00e4r var den allra f\u00f6rsta och viktigaste av alla. <strong>Via Appia Antica<\/strong> \u00e4r en antik motorv\u00e4g som omedelbart tar dig tv\u00e5tusen \u00e5r tillbaka i tiden. Idag \u00e4r det en lugn v\u00e4g kantad av h\u00f6ga pinjer med sin ursprungliga v\u00e4ldiga stenl\u00e4ggning, l\u00e4ngs vilken resterna av antika gravar, mausoleer och skulpturer reser sig. Det \u00e4r en underbar flykt fr\u00e5n den bullriga storstaden ut i det gr\u00f6na.<\/p>\n\n\n\n<figure data-wp-context=\"{&quot;imageId&quot;:&quot;6a95133001f02&quot;}\" data-wp-interactive=\"core\/image\" data-wp-key=\"6a95133001f02\" class=\"wp-block-image size-full wp-lightbox-container\"><img decoding=\"async\" width=\"1200\" height=\"857\" data-wp-class--hide=\"state.isContentHidden\" data-wp-class--show=\"state.isContentVisible\" data-wp-init=\"callbacks.setButtonStyles\" data-wp-on--click=\"actions.showLightbox\" data-wp-on--load=\"callbacks.setButtonStyles\" data-wp-on--pointerdown=\"actions.preloadImage\" data-wp-on--pointerenter=\"actions.preloadImageWithDelay\" data-wp-on--pointerleave=\"actions.cancelPreload\" data-wp-on-window--resize=\"callbacks.setButtonStyles\" src=\"https:\/\/loudavymkrokem.cz\/wp-content\/uploads\/2026\/08\/via-appia-antica-rim.jpg\" alt=\"Den ursprungliga basaltl\u00e4ggningen p\u00e5 den antika v\u00e4gen Via Appia Antica\" class=\"wp-image-374710\" title=\"\" srcset=\"https:\/\/loudavymkrokem.cz\/wp-content\/uploads\/2026\/08\/via-appia-antica-rim.jpg 1200w, https:\/\/loudavymkrokem.cz\/wp-content\/uploads\/2026\/08\/via-appia-antica-rim-300x214.jpg 300w, https:\/\/loudavymkrokem.cz\/wp-content\/uploads\/2026\/08\/via-appia-antica-rim-700x500.jpg 700w, https:\/\/loudavymkrokem.cz\/wp-content\/uploads\/2026\/08\/via-appia-antica-rim-768x548.jpg 768w, https:\/\/loudavymkrokem.cz\/wp-content\/uploads\/2026\/08\/via-appia-antica-rim-696x497.jpg 696w\" sizes=\"(max-width: 1200px) 100vw, 1200px\" \/><button\n\t\t\tclass=\"lightbox-trigger\"\n\t\t\ttype=\"button\"\n\t\t\taria-haspopup=\"dialog\"\n\t\t\tdata-wp-bind--aria-label=\"state.thisImage.triggerButtonAriaLabel\"\n\t\t\tdata-wp-init=\"callbacks.initTriggerButton\"\n\t\t\tdata-wp-on--click=\"actions.showLightbox\"\n\t\t\tdata-wp-style--right=\"state.thisImage.buttonRight\"\n\t\t\tdata-wp-style--top=\"state.thisImage.buttonTop\"\n\t\t>\n\t\t\t<svg xmlns=\"http:\/\/www.w3.org\/2000\/svg\" width=\"12\" height=\"12\" fill=\"none\" viewBox=\"0 0 12 12\">\n\t\t\t\t<path fill=\"#fff\" d=\"M2 0a2 2 0 0 0-2 2v2h1.5V2a.5.5 0 0 1 .5-.5h2V0H2Zm2 10.5H2a.5.5 0 0 1-.5-.5V8H0v2a2 2 0 0 0 2 2h2v-1.5ZM8 12v-1.5h2a.5.5 0 0 0 .5-.5V8H12v2a2 2 0 0 1-2 2H8Zm2-12a2 2 0 0 1 2 2v2h-1.5V2a.5.5 0 0 0-.5-.5H8V0h2Z\" \/>\n\t\t\t<\/svg>\n\t\t<\/button><figcaption class=\"wp-element-caption\">Foto: Palickap, CC BY-SA 4.0, Wikimedia Commons<\/figcaption><\/figure>\n\n\n\n\n<p class=\"wp-block-paragraph\">L\u00e4ngs v\u00e4gen finns dessutom <strong>vidstr\u00e4ckta underjordiska katakomber<\/strong>, till exempel San Callisto och San Sebastiano, d\u00e4r de f\u00f6rsta kristna begravdes. En rundtur i de m\u00f6rka, smala g\u00e5ngarna g\u00f6mda djupt under jord \u00e4r lite kuslig, men en oerh\u00f6rt f\u00e4ngslande syn som visar dig en helt annan sida av Rom.<\/p>\n\n\n\n<p class=\"wp-block-paragraph\">\ud83d\udca1 <strong>Tips:<\/strong> Det b\u00e4sta s\u00e4ttet att utforska det h\u00e4r omr\u00e5det \u00e4r att hyra cykel direkt vid ruttens b\u00f6rjan. P\u00e5 helgerna \u00e4r <strong>v\u00e4gen helt avst\u00e4ngd f\u00f6r biltrafik<\/strong>, s\u00e5 du cyklar och promenerar helt s\u00e4kert h\u00e4r. Avs\u00e4tt g\u00e4rna en halv dag f\u00f6r utflykten och packa med dig n\u00e5got gott till en liten picknick.<\/p>\n\n\n\n<h3 class=\"wp-block-heading\"><span class=\"ez-toc-section\" id=\"34_Domus_Aurea_%E2%80%93_Neros_gyllene_hus\"><\/span>34. Domus Aurea \u2013 Neros gyllene hus<span class=\"ez-toc-section-end\"><\/span><\/h3>\n\n\n\n<p class=\"wp-block-paragraph\">Kejsar Nero var k\u00e4nd f\u00f6r sin extravagans, och hans palats var definitivt inget undantag. <strong>Domus Aurea<\/strong>, eller Gyllene huset, var ett enormt lyxkomplex som han l\u00e4t bygga efter den stora branden i Rom. Efter hans d\u00f6d f\u00f6rs\u00f6kte dock andra kejsare utpl\u00e5na hans arv, och de t\u00e4ckte d\u00e4rf\u00f6r medvetet \u00f6ver palatset med jord och byggde nya byggnader p\u00e5 det, inklusive det n\u00e4rliggande Colosseum.<\/p>\n\n\n\n<figure data-wp-context=\"{&quot;imageId&quot;:&quot;6a95133002676&quot;}\" data-wp-interactive=\"core\/image\" data-wp-key=\"6a95133002676\" class=\"wp-block-image size-full wp-lightbox-container\"><img decoding=\"async\" width=\"1200\" height=\"857\" data-wp-class--hide=\"state.isContentHidden\" data-wp-class--show=\"state.isContentVisible\" data-wp-init=\"callbacks.setButtonStyles\" data-wp-on--click=\"actions.showLightbox\" data-wp-on--load=\"callbacks.setButtonStyles\" data-wp-on--pointerdown=\"actions.preloadImage\" data-wp-on--pointerenter=\"actions.preloadImageWithDelay\" data-wp-on--pointerleave=\"actions.cancelPreload\" data-wp-on-window--resize=\"callbacks.setButtonStyles\" src=\"https:\/\/loudavymkrokem.cz\/wp-content\/uploads\/2026\/08\/domus-aurea-rim.jpg\" alt=\"Takf\u00f6nster i taket p\u00e5 en underjordisk sal i Neros Gyllene hus\" class=\"wp-image-374719\" title=\"\" srcset=\"https:\/\/loudavymkrokem.cz\/wp-content\/uploads\/2026\/08\/domus-aurea-rim.jpg 1200w, https:\/\/loudavymkrokem.cz\/wp-content\/uploads\/2026\/08\/domus-aurea-rim-300x214.jpg 300w, https:\/\/loudavymkrokem.cz\/wp-content\/uploads\/2026\/08\/domus-aurea-rim-700x500.jpg 700w, https:\/\/loudavymkrokem.cz\/wp-content\/uploads\/2026\/08\/domus-aurea-rim-768x548.jpg 768w, https:\/\/loudavymkrokem.cz\/wp-content\/uploads\/2026\/08\/domus-aurea-rim-696x497.jpg 696w\" sizes=\"(max-width: 1200px) 100vw, 1200px\" \/><button\n\t\t\tclass=\"lightbox-trigger\"\n\t\t\ttype=\"button\"\n\t\t\taria-haspopup=\"dialog\"\n\t\t\tdata-wp-bind--aria-label=\"state.thisImage.triggerButtonAriaLabel\"\n\t\t\tdata-wp-init=\"callbacks.initTriggerButton\"\n\t\t\tdata-wp-on--click=\"actions.showLightbox\"\n\t\t\tdata-wp-style--right=\"state.thisImage.buttonRight\"\n\t\t\tdata-wp-style--top=\"state.thisImage.buttonTop\"\n\t\t>\n\t\t\t<svg xmlns=\"http:\/\/www.w3.org\/2000\/svg\" width=\"12\" height=\"12\" fill=\"none\" viewBox=\"0 0 12 12\">\n\t\t\t\t<path fill=\"#fff\" d=\"M2 0a2 2 0 0 0-2 2v2h1.5V2a.5.5 0 0 1 .5-.5h2V0H2Zm2 10.5H2a.5.5 0 0 1-.5-.5V8H0v2a2 2 0 0 0 2 2h2v-1.5ZM8 12v-1.5h2a.5.5 0 0 0 .5-.5V8H12v2a2 2 0 0 1-2 2H8Zm2-12a2 2 0 0 1 2 2v2h-1.5V2a.5.5 0 0 0-.5-.5H8V0h2Z\" \/>\n\t\t\t<\/svg>\n\t\t<\/button><figcaption class=\"wp-element-caption\">Foto: Mariordo, CC BY-SA 4.0, Wikimedia Commons<\/figcaption><\/figure>\n\n\n\n\n<p class=\"wp-block-paragraph\">Idag kan du g\u00e5 djupt ner i underjorden och g\u00e5 genom enorma, m\u00f6rka salar som en g\u00e5ng str\u00e5lade av guld och \u00e4delstenar. Det b\u00e4sta med hela rundturen \u00e4r <strong>anv\u00e4ndningen av virtuell verklighet<\/strong>, som mitt i utgr\u00e4vningarna precist visar dig hur otroligt f\u00e4rgstarkt och praktfullt palatset s\u00e5g ut f\u00f6r tv\u00e5tusen \u00e5r sedan. Det \u00e4r en upplevelse som ger dig g\u00e5shud.<\/p>\n\n\n\n<p class=\"wp-block-paragraph\">Rundturerna sker <strong>uteslutande med guide och det \u00e4r helt n\u00f6dv\u00e4ndigt att boka dem online<\/strong>, eftersom kapaciteten \u00e4r mycket begr\u00e4nsad p\u00e5 grund av p\u00e5g\u00e5ende arkeologiskt arbete. \ud83d\udca1 <strong>Tips:<\/strong> Inne r\u00e5der en konstant temperatur runt 15 grader, s\u00e5 gl\u00f6m inte att packa med en hoodie eller l\u00e4tt tr\u00f6ja \u00e4ven den hetaste sommaren.<\/p>\n\n\n\n<h3 class=\"wp-block-heading\"><span class=\"ez-toc-section\" id=\"35_Basilikan_Santa_Maria_Maggiore\"><\/span>35. Basilikan Santa Maria Maggiore<span class=\"ez-toc-section-end\"><\/span><\/h3>\n\n\n\n<p class=\"wp-block-paragraph\">Den h\u00e4r underbara kyrkan h\u00f6r till de fyra huvudsakliga p\u00e5vliga basilikorna i Rom, och \u00e4ven om den kanske inte \u00e4r lika ber\u00f6md som den i Vatikanen tar dess interi\u00f6r andan ur dig. <strong>Basilikan Santa Maria Maggiore<\/strong> stoltserar med bevarade antika mosaiker fr\u00e5n 400-talet och ett h\u00e4nf\u00f6rande kassettak. Det \u00e4r enligt uppgift f\u00f6rgyllt med det allra f\u00f6rsta guld som Christofer Columbus f\u00f6rde med sig fr\u00e5n Amerika till Europa.<\/p>\n\n\n\n<figure data-wp-context=\"{&quot;imageId&quot;:&quot;6a95133002d87&quot;}\" data-wp-interactive=\"core\/image\" data-wp-key=\"6a95133002d87\" class=\"wp-block-image size-full wp-lightbox-container\"><img decoding=\"async\" width=\"1200\" height=\"800\" data-wp-class--hide=\"state.isContentHidden\" data-wp-class--show=\"state.isContentVisible\" data-wp-init=\"callbacks.setButtonStyles\" data-wp-on--click=\"actions.showLightbox\" data-wp-on--load=\"callbacks.setButtonStyles\" data-wp-on--pointerdown=\"actions.preloadImage\" data-wp-on--pointerenter=\"actions.preloadImageWithDelay\" data-wp-on--pointerleave=\"actions.cancelPreload\" data-wp-on-window--resize=\"callbacks.setButtonStyles\" src=\"https:\/\/loudavymkrokem.cz\/wp-content\/uploads\/2026\/08\/santa-maria-maggiore-rim.jpg\" alt=\"Mittskeppet i basilikan Santa Maria Maggiore med f\u00f6rgyllt kassettak\" class=\"wp-image-374724\" title=\"\" srcset=\"https:\/\/loudavymkrokem.cz\/wp-content\/uploads\/2026\/08\/santa-maria-maggiore-rim.jpg 1200w, https:\/\/loudavymkrokem.cz\/wp-content\/uploads\/2026\/08\/santa-maria-maggiore-rim-300x200.jpg 300w, https:\/\/loudavymkrokem.cz\/wp-content\/uploads\/2026\/08\/santa-maria-maggiore-rim-700x467.jpg 700w, https:\/\/loudavymkrokem.cz\/wp-content\/uploads\/2026\/08\/santa-maria-maggiore-rim-768x512.jpg 768w, https:\/\/loudavymkrokem.cz\/wp-content\/uploads\/2026\/08\/santa-maria-maggiore-rim-696x464.jpg 696w\" sizes=\"(max-width: 1200px) 100vw, 1200px\" \/><button\n\t\t\tclass=\"lightbox-trigger\"\n\t\t\ttype=\"button\"\n\t\t\taria-haspopup=\"dialog\"\n\t\t\tdata-wp-bind--aria-label=\"state.thisImage.triggerButtonAriaLabel\"\n\t\t\tdata-wp-init=\"callbacks.initTriggerButton\"\n\t\t\tdata-wp-on--click=\"actions.showLightbox\"\n\t\t\tdata-wp-style--right=\"state.thisImage.buttonRight\"\n\t\t\tdata-wp-style--top=\"state.thisImage.buttonTop\"\n\t\t>\n\t\t\t<svg xmlns=\"http:\/\/www.w3.org\/2000\/svg\" width=\"12\" height=\"12\" fill=\"none\" viewBox=\"0 0 12 12\">\n\t\t\t\t<path fill=\"#fff\" d=\"M2 0a2 2 0 0 0-2 2v2h1.5V2a.5.5 0 0 1 .5-.5h2V0H2Zm2 10.5H2a.5.5 0 0 1-.5-.5V8H0v2a2 2 0 0 0 2 2h2v-1.5ZM8 12v-1.5h2a.5.5 0 0 0 .5-.5V8H12v2a2 2 0 0 1-2 2H8Zm2-12a2 2 0 0 1 2 2v2h-1.5V2a.5.5 0 0 0-.5-.5H8V0h2Z\" \/>\n\t\t\t<\/svg>\n\t\t<\/button><figcaption class=\"wp-element-caption\">Foto: Fallaner, CC BY-SA 4.0, Wikimedia Commons<\/figcaption><\/figure>\n\n\n\n\n<p class=\"wp-block-paragraph\">Till den knyts ocks\u00e5 en v\u00e4ldigt vacker legend. Den l\u00e4r ha byggts precis p\u00e5 platsen d\u00e4r det pl\u00f6tsligt f\u00f6ll sn\u00f6 en het augusti. Denna mirakul\u00f6sa h\u00e4ndelse p\u00e5minner man om h\u00e4r \u00e4n idag varje \u00e5r den 5 augusti genom att <strong>tusentals vita rosenblad l\u00e5ts falla fr\u00e5n taket<\/strong>, vilket \u00e4r en otroligt romantisk och r\u00f6rande syn.<\/p>\n\n\n\n<p class=\"wp-block-paragraph\">\ud83d\udca1 <strong>Tips:<\/strong> Entr\u00e9n till basilikan \u00e4r gratis och framf\u00f6r ing\u00e5ngen \u00e4r det bara en minimal k\u00f6 till s\u00e4kerhetskontrollen. Gl\u00f6m dock inte <strong>l\u00e4mpliga kl\u00e4der som t\u00e4cker axlar och kn\u00e4n<\/strong>. De lokala vakterna \u00e4r kompromissl\u00f6sa och sl\u00e4pper inte in dig i linne eller shorts, hur mycket du \u00e4n \u00f6vertalar dem.<\/p>\n\n\n\n<h3 class=\"wp-block-heading\"><span class=\"ez-toc-section\" id=\"36_Kapitolinska_museerna_och_Piazza_del_Campidoglio\"><\/span>36. Kapitolinska museerna och Piazza del Campidoglio<span class=\"ez-toc-section-end\"><\/span><\/h3>\n\n\n\n<p class=\"wp-block-paragraph\">Precis ovanf\u00f6r det ber\u00f6mda Forum Romanum ligger det fantastiska torget Piazza del Campidoglio, som ritades av ingen mindre \u00e4n Michelangelo sj\u00e4lv. Redan sj\u00e4lva uppstigningen f\u00f6r de eleganta breda trapporna \u00e4r en enorm upplevelse. Torget kantas av historiska palats som hyser <strong>Kapitolinska museerna<\/strong>, som anses vara de allra \u00e4ldsta offentliga museerna i v\u00e4rlden.<\/p>\n\n\n\n<figure data-wp-context=\"{&quot;imageId&quot;:&quot;6a951330034fe&quot;}\" data-wp-interactive=\"core\/image\" data-wp-key=\"6a951330034fe\" class=\"wp-block-image size-full wp-lightbox-container\"><img decoding=\"async\" width=\"1200\" height=\"805\" data-wp-class--hide=\"state.isContentHidden\" data-wp-class--show=\"state.isContentVisible\" data-wp-init=\"callbacks.setButtonStyles\" data-wp-on--click=\"actions.showLightbox\" data-wp-on--load=\"callbacks.setButtonStyles\" data-wp-on--pointerdown=\"actions.preloadImage\" data-wp-on--pointerenter=\"actions.preloadImageWithDelay\" data-wp-on--pointerleave=\"actions.cancelPreload\" data-wp-on-window--resize=\"callbacks.setButtonStyles\" src=\"https:\/\/loudavymkrokem.cz\/wp-content\/uploads\/2026\/08\/piazza-del-campidoglio-rim.jpg\" alt=\"Michelangelos torg Piazza del Campidoglio med statyn av Marcus Aurelius\" class=\"wp-image-374725\" title=\"\" srcset=\"https:\/\/loudavymkrokem.cz\/wp-content\/uploads\/2026\/08\/piazza-del-campidoglio-rim.jpg 1200w, https:\/\/loudavymkrokem.cz\/wp-content\/uploads\/2026\/08\/piazza-del-campidoglio-rim-300x201.jpg 300w, https:\/\/loudavymkrokem.cz\/wp-content\/uploads\/2026\/08\/piazza-del-campidoglio-rim-700x470.jpg 700w, https:\/\/loudavymkrokem.cz\/wp-content\/uploads\/2026\/08\/piazza-del-campidoglio-rim-768x515.jpg 768w, https:\/\/loudavymkrokem.cz\/wp-content\/uploads\/2026\/08\/piazza-del-campidoglio-rim-696x467.jpg 696w\" sizes=\"(max-width: 1200px) 100vw, 1200px\" \/><button\n\t\t\tclass=\"lightbox-trigger\"\n\t\t\ttype=\"button\"\n\t\t\taria-haspopup=\"dialog\"\n\t\t\tdata-wp-bind--aria-label=\"state.thisImage.triggerButtonAriaLabel\"\n\t\t\tdata-wp-init=\"callbacks.initTriggerButton\"\n\t\t\tdata-wp-on--click=\"actions.showLightbox\"\n\t\t\tdata-wp-style--right=\"state.thisImage.buttonRight\"\n\t\t\tdata-wp-style--top=\"state.thisImage.buttonTop\"\n\t\t>\n\t\t\t<svg xmlns=\"http:\/\/www.w3.org\/2000\/svg\" width=\"12\" height=\"12\" fill=\"none\" viewBox=\"0 0 12 12\">\n\t\t\t\t<path fill=\"#fff\" d=\"M2 0a2 2 0 0 0-2 2v2h1.5V2a.5.5 0 0 1 .5-.5h2V0H2Zm2 10.5H2a.5.5 0 0 1-.5-.5V8H0v2a2 2 0 0 0 2 2h2v-1.5ZM8 12v-1.5h2a.5.5 0 0 0 .5-.5V8H12v2a2 2 0 0 1-2 2H8Zm2-12a2 2 0 0 1 2 2v2h-1.5V2a.5.5 0 0 0-.5-.5H8V0h2Z\" \/>\n\t\t\t<\/svg>\n\t\t<\/button><figcaption class=\"wp-element-caption\">Foto: Jakub Ha\u0142un, CC BY-SA 4.0, Wikimedia Commons<\/figcaption><\/figure>\n\n\n\n\n<p class=\"wp-block-paragraph\">Inne hittar du absoluta juveler av romersk antik konst. H\u00e4r saknas inte den ber\u00f6mda <strong>bronsstatyn av den kapitolinska varginnan<\/strong>, som diar Romulus och Remus, eller den v\u00e4ldiga ryttarstatyn av kejsar Marcus Aurelius, vars exakta kopia \u00e4ven st\u00e5r ute p\u00e5 torget. Hela samlingen \u00e4r mycket intimare och lugnare \u00e4n den i Vatikanen, s\u00e5 du njuter av konsten utan stress och tr\u00e4ngsel.<\/p>\n\n\n\n<p class=\"wp-block-paragraph\">Den underjordiska g\u00e5ngen som f\u00f6rbinder de tv\u00e5 museibyggnaderna g\u00f6mmer dessutom en <strong>fantastisk utsikt \u00f6ver hela Forum Romanum<\/strong>. \ud83d\udca1 <strong>Tips:<\/strong> Museerna \u00e4r verkligen enorma, avs\u00e4tt d\u00e4rf\u00f6r minst tv\u00e5 till tre timmar f\u00f6r bes\u00f6ket. Biljetterna \u00e4r definitivt b\u00e4ttre att k\u00f6pa i f\u00f6rv\u00e4g online, s\u00e5 att du inte i on\u00f6dan st\u00e5r och v\u00e4ntar i kassak\u00f6n.<\/p>\n\n\n\n<h3 class=\"wp-block-heading\"><span class=\"ez-toc-section\" id=\"37_Caracallas_termer\"><\/span>37. Caracallas termer<span class=\"ez-toc-section-end\"><\/span><\/h3>\n\n\n\n<p class=\"wp-block-paragraph\">Om du verkligen vill f\u00f6rst\u00e5 hur monumentalt och storslaget romarna byggde f\u00e5r du inte missa detta v\u00e4ldiga tegelkomplex. <strong>Caracallas termer<\/strong> rymde p\u00e5 sin tid upp till 1600 personer, och det var inte bara en plats f\u00f6r hygien utan \u00e4ven f\u00f6r sociala m\u00f6ten, sport och l\u00e4sning i de omfattande lokala biblioteken.<\/p>\n\n\n\n<figure data-wp-context=\"{&quot;imageId&quot;:&quot;6a95133003c9c&quot;}\" data-wp-interactive=\"core\/image\" data-wp-key=\"6a95133003c9c\" class=\"wp-block-image size-full wp-lightbox-container\"><img decoding=\"async\" width=\"1200\" height=\"800\" data-wp-class--hide=\"state.isContentHidden\" data-wp-class--show=\"state.isContentVisible\" data-wp-init=\"callbacks.setButtonStyles\" data-wp-on--click=\"actions.showLightbox\" data-wp-on--load=\"callbacks.setButtonStyles\" data-wp-on--pointerdown=\"actions.preloadImage\" data-wp-on--pointerenter=\"actions.preloadImageWithDelay\" data-wp-on--pointerleave=\"actions.cancelPreload\" data-wp-on-window--resize=\"callbacks.setButtonStyles\" src=\"https:\/\/loudavymkrokem.cz\/wp-content\/uploads\/2026\/08\/caracallovy-lazne-rim.jpg\" alt=\"De monumentala tegelmurarna vid Caracallas termer i Rom\" class=\"wp-image-374726\" title=\"\" srcset=\"https:\/\/loudavymkrokem.cz\/wp-content\/uploads\/2026\/08\/caracallovy-lazne-rim.jpg 1200w, https:\/\/loudavymkrokem.cz\/wp-content\/uploads\/2026\/08\/caracallovy-lazne-rim-300x200.jpg 300w, https:\/\/loudavymkrokem.cz\/wp-content\/uploads\/2026\/08\/caracallovy-lazne-rim-700x467.jpg 700w, https:\/\/loudavymkrokem.cz\/wp-content\/uploads\/2026\/08\/caracallovy-lazne-rim-768x512.jpg 768w, https:\/\/loudavymkrokem.cz\/wp-content\/uploads\/2026\/08\/caracallovy-lazne-rim-696x464.jpg 696w\" sizes=\"(max-width: 1200px) 100vw, 1200px\" \/><button\n\t\t\tclass=\"lightbox-trigger\"\n\t\t\ttype=\"button\"\n\t\t\taria-haspopup=\"dialog\"\n\t\t\tdata-wp-bind--aria-label=\"state.thisImage.triggerButtonAriaLabel\"\n\t\t\tdata-wp-init=\"callbacks.initTriggerButton\"\n\t\t\tdata-wp-on--click=\"actions.showLightbox\"\n\t\t\tdata-wp-style--right=\"state.thisImage.buttonRight\"\n\t\t\tdata-wp-style--top=\"state.thisImage.buttonTop\"\n\t\t>\n\t\t\t<svg xmlns=\"http:\/\/www.w3.org\/2000\/svg\" width=\"12\" height=\"12\" fill=\"none\" viewBox=\"0 0 12 12\">\n\t\t\t\t<path fill=\"#fff\" d=\"M2 0a2 2 0 0 0-2 2v2h1.5V2a.5.5 0 0 1 .5-.5h2V0H2Zm2 10.5H2a.5.5 0 0 1-.5-.5V8H0v2a2 2 0 0 0 2 2h2v-1.5ZM8 12v-1.5h2a.5.5 0 0 0 .5-.5V8H12v2a2 2 0 0 1-2 2H8Zm2-12a2 2 0 0 1 2 2v2h-1.5V2a.5.5 0 0 0-.5-.5H8V0h2Z\" \/>\n\t\t\t<\/svg>\n\t\t<\/button><figcaption class=\"wp-element-caption\">Foto: Vyacheslav Argenberg, CC BY 4.0, Wikimedia Commons<\/figcaption><\/figure>\n\n\n\n\n<p class=\"wp-block-paragraph\">\u00c4ven om det idag bara \u00e5terst\u00e5r kala murar som reser sig till en enorm h\u00f6jd, \u00e4r <strong>storleken p\u00e5 hela omr\u00e5det helt h\u00e4nf\u00f6rande<\/strong>. Du promenerar mellan resterna av bass\u00e4nger, gymnastiksalar och underbara golvmosaiker som bevarats utm\u00e4rkt p\u00e5 m\u00e5nga st\u00e4llen. Det \u00e4r en mycket lugnare plats \u00e4n stadsk\u00e4rnan, full av gr\u00f6nska och behaglig skugga fr\u00e5n pinjetr\u00e4d.<\/p>\n\n\n\n<p class=\"wp-block-paragraph\">\ud83d\udca1 <strong>Tips:<\/strong> F\u00f6r att b\u00e4ttre f\u00f6rest\u00e4lla dig den ursprungliga sk\u00f6nheten med marmorbekl\u00e4dnad och skulpturer rekommenderar jag att du betalar extra vid entr\u00e9n f\u00f6r en audioguide med virtuell verklighet. Komplexet \u00e4r vidstr\u00e4ckt och p\u00e5 sommaren kan det bli riktigt hett h\u00e4r, <strong>en vattenflaska \u00e4r allts\u00e5 ett m\u00e5ste<\/strong>. Lyckligtvis fungerar de klassiska romerska dricksfont\u00e4nerna, de s\u00e5 kallade nasoni, som det finns runt tv\u00e5ochetthalvt tusen av utspridda \u00f6ver hela staden.<\/p>\n\n\n\n<h3 class=\"wp-block-heading\"><span class=\"ez-toc-section\" id=\"38_Gianicolo_%E2%80%93_utsikt_och_middagskanonen\"><\/span>38. Gianicolo \u2013 utsikt och middagskanonen<span class=\"ez-toc-section-end\"><\/span><\/h3>\n\n\n\n<p class=\"wp-block-paragraph\">Den h\u00e4r kullen h\u00f6r visserligen inte till de ber\u00f6mda sju ursprungliga romerska kullarna, men den bjuder p\u00e5 m\u00f6jligen den allra b\u00e4sta panoramautsikten \u00f6ver hela staden. <strong>Kullen Gianicolo<\/strong> reser sig \u00f6ver kvarteret Trastevere och \u00e4r en idealisk plats f\u00f6r en lugn promenad med utsikt \u00f6ver alla dessa ikoniska kupoler, torn och historiska sev\u00e4rdheter. P\u00e5 sommaren b\u00f6r du dock tajma uppstigningen v\u00e4l, f\u00f6r i trettiofem graders hetta \u00e4r v\u00e4gen upp ett rej\u00e4lt slit \u00e4ven f\u00f6r h\u00e4rdade vandrare.<\/p>\n\n\n\n<figure data-wp-context=\"{&quot;imageId&quot;:&quot;6a95133004383&quot;}\" data-wp-interactive=\"core\/image\" data-wp-key=\"6a95133004383\" class=\"wp-block-image size-full wp-lightbox-container\"><img decoding=\"async\" width=\"1200\" height=\"780\" data-wp-class--hide=\"state.isContentHidden\" data-wp-class--show=\"state.isContentVisible\" data-wp-init=\"callbacks.setButtonStyles\" data-wp-on--click=\"actions.showLightbox\" data-wp-on--load=\"callbacks.setButtonStyles\" data-wp-on--pointerdown=\"actions.preloadImage\" data-wp-on--pointerenter=\"actions.preloadImageWithDelay\" data-wp-on--pointerleave=\"actions.cancelPreload\" data-wp-on-window--resize=\"callbacks.setButtonStyles\" src=\"https:\/\/loudavymkrokem.cz\/wp-content\/uploads\/2026\/08\/gianicolo-vyhled-rim.jpg\" alt=\"Panoramautsikt fr\u00e5n kullen Gianicolo mot Peterskyrkans kupol\" class=\"wp-image-374728\" title=\"\" srcset=\"https:\/\/loudavymkrokem.cz\/wp-content\/uploads\/2026\/08\/gianicolo-vyhled-rim.jpg 1200w, https:\/\/loudavymkrokem.cz\/wp-content\/uploads\/2026\/08\/gianicolo-vyhled-rim-300x195.jpg 300w, https:\/\/loudavymkrokem.cz\/wp-content\/uploads\/2026\/08\/gianicolo-vyhled-rim-700x455.jpg 700w, https:\/\/loudavymkrokem.cz\/wp-content\/uploads\/2026\/08\/gianicolo-vyhled-rim-768x499.jpg 768w, https:\/\/loudavymkrokem.cz\/wp-content\/uploads\/2026\/08\/gianicolo-vyhled-rim-696x452.jpg 696w\" sizes=\"(max-width: 1200px) 100vw, 1200px\" \/><button\n\t\t\tclass=\"lightbox-trigger\"\n\t\t\ttype=\"button\"\n\t\t\taria-haspopup=\"dialog\"\n\t\t\tdata-wp-bind--aria-label=\"state.thisImage.triggerButtonAriaLabel\"\n\t\t\tdata-wp-init=\"callbacks.initTriggerButton\"\n\t\t\tdata-wp-on--click=\"actions.showLightbox\"\n\t\t\tdata-wp-style--right=\"state.thisImage.buttonRight\"\n\t\t\tdata-wp-style--top=\"state.thisImage.buttonTop\"\n\t\t>\n\t\t\t<svg xmlns=\"http:\/\/www.w3.org\/2000\/svg\" width=\"12\" height=\"12\" fill=\"none\" viewBox=\"0 0 12 12\">\n\t\t\t\t<path fill=\"#fff\" d=\"M2 0a2 2 0 0 0-2 2v2h1.5V2a.5.5 0 0 1 .5-.5h2V0H2Zm2 10.5H2a.5.5 0 0 1-.5-.5V8H0v2a2 2 0 0 0 2 2h2v-1.5ZM8 12v-1.5h2a.5.5 0 0 0 .5-.5V8H12v2a2 2 0 0 1-2 2H8Zm2-12a2 2 0 0 1 2 2v2h-1.5V2a.5.5 0 0 0-.5-.5H8V0h2Z\" \/>\n\t\t\t<\/svg>\n\t\t<\/button><figcaption class=\"wp-element-caption\">Foto: Amaunet, CC BY-SA 3.0, Wikimedia Commons<\/figcaption><\/figure>\n\n\n\n\n<p class=\"wp-block-paragraph\">Om du kommer hit p\u00e5 f\u00f6rmiddagen, f\u00f6rs\u00f6k tajma din ankomst till utsiktstorget Piazza Garibaldi exakt till klockan tolv. Varje dag vid middagstid <strong>avfyras h\u00e4r traditionellt en historisk kanon<\/strong>, vilket \u00e4r en intressant ritual som en p\u00e5ve inf\u00f6rde redan p\u00e5 1800-talet f\u00f6r att synkronisera klockringningen i alla Roms kyrkor.<\/p>\n\n\n\n<p class=\"wp-block-paragraph\">\ud83d\udca1 <strong>Tips:<\/strong> V\u00e4gen upp till fots \u00e4r ett rej\u00e4lt slit under sommarm\u00e5naderna. Du kan l\u00e4tt slippa uppstigningen genom att <strong>ta den lokala bussen<\/strong> som tar dig \u00e4nda upp till toppen, och ner till Trastevees pittoreska gr\u00e4nder promenerar du sedan bekv\u00e4mt och utan anstr\u00e4ngning.<\/p>\n\n\n\n<h3 class=\"wp-block-heading\"><span class=\"ez-toc-section\" id=\"39_Basilikan_San_Paolo_fuori_le_Mura\"><\/span>39. Basilikan San Paolo fuori le Mura<span class=\"ez-toc-section-end\"><\/span><\/h3>\n\n\n\n<p class=\"wp-block-paragraph\">De flesta turister styr bara mot Vatikanen och missar str\u00e4ffligt den h\u00e4r arkitektoniska juvelen p\u00e5 grund av dess l\u00e4ge en bit fr\u00e5n centrum. <strong>Basilikan San Paolo fuori le Mura<\/strong> \u00e4r samtidigt den n\u00e4st st\u00f6rsta basilikan i Rom, och dess v\u00e4ldiga interi\u00f6r med en enorm skog av pelare och underbara gyllene mosaiker verkar helt majest\u00e4tisk och upph\u00f6jd.<\/p>\n\n\n\n<figure data-wp-context=\"{&quot;imageId&quot;:&quot;6a95133004a49&quot;}\" data-wp-interactive=\"core\/image\" data-wp-key=\"6a95133004a49\" class=\"wp-block-image size-full wp-lightbox-container\"><img decoding=\"async\" width=\"1200\" height=\"1021\" data-wp-class--hide=\"state.isContentHidden\" data-wp-class--show=\"state.isContentVisible\" data-wp-init=\"callbacks.setButtonStyles\" data-wp-on--click=\"actions.showLightbox\" data-wp-on--load=\"callbacks.setButtonStyles\" data-wp-on--pointerdown=\"actions.preloadImage\" data-wp-on--pointerenter=\"actions.preloadImageWithDelay\" data-wp-on--pointerleave=\"actions.cancelPreload\" data-wp-on-window--resize=\"callbacks.setButtonStyles\" src=\"https:\/\/loudavymkrokem.cz\/wp-content\/uploads\/2026\/08\/san-paolo-fuori-le-mura-rim.jpg\" alt=\"Fasaden p\u00e5 basilikan San Paolo fuori le Mura med gyllene mosaik\" class=\"wp-image-374738\" title=\"\" srcset=\"https:\/\/loudavymkrokem.cz\/wp-content\/uploads\/2026\/08\/san-paolo-fuori-le-mura-rim.jpg 1200w, https:\/\/loudavymkrokem.cz\/wp-content\/uploads\/2026\/08\/san-paolo-fuori-le-mura-rim-300x255.jpg 300w, https:\/\/loudavymkrokem.cz\/wp-content\/uploads\/2026\/08\/san-paolo-fuori-le-mura-rim-700x596.jpg 700w, https:\/\/loudavymkrokem.cz\/wp-content\/uploads\/2026\/08\/san-paolo-fuori-le-mura-rim-768x653.jpg 768w, https:\/\/loudavymkrokem.cz\/wp-content\/uploads\/2026\/08\/san-paolo-fuori-le-mura-rim-696x592.jpg 696w\" sizes=\"(max-width: 1200px) 100vw, 1200px\" \/><button\n\t\t\tclass=\"lightbox-trigger\"\n\t\t\ttype=\"button\"\n\t\t\taria-haspopup=\"dialog\"\n\t\t\tdata-wp-bind--aria-label=\"state.thisImage.triggerButtonAriaLabel\"\n\t\t\tdata-wp-init=\"callbacks.initTriggerButton\"\n\t\t\tdata-wp-on--click=\"actions.showLightbox\"\n\t\t\tdata-wp-style--right=\"state.thisImage.buttonRight\"\n\t\t\tdata-wp-style--top=\"state.thisImage.buttonTop\"\n\t\t>\n\t\t\t<svg xmlns=\"http:\/\/www.w3.org\/2000\/svg\" width=\"12\" height=\"12\" fill=\"none\" viewBox=\"0 0 12 12\">\n\t\t\t\t<path fill=\"#fff\" d=\"M2 0a2 2 0 0 0-2 2v2h1.5V2a.5.5 0 0 1 .5-.5h2V0H2Zm2 10.5H2a.5.5 0 0 1-.5-.5V8H0v2a2 2 0 0 0 2 2h2v-1.5ZM8 12v-1.5h2a.5.5 0 0 0 .5-.5V8H12v2a2 2 0 0 1-2 2H8Zm2-12a2 2 0 0 1 2 2v2h-1.5V2a.5.5 0 0 0-.5-.5H8V0h2Z\" \/>\n\t\t\t<\/svg>\n\t\t<\/button><figcaption class=\"wp-element-caption\">Foto: Dnalor 01, CC BY-SA 3.0 AT, Wikimedia Commons<\/figcaption><\/figure>\n\n\n\n\n<p class=\"wp-block-paragraph\">Det absolut mest intressanta detaljen \u00e4r <strong>b\u00e5rden av medaljonger med portr\u00e4tt av alla hittills existerande p\u00e5var<\/strong>, som l\u00f6per h\u00f6gt under taket l\u00e4ngs skeppets hela omkrets. Enligt en gammal legend intr\u00e4ffar v\u00e4rldens underg\u00e5ng s\u00e5 snart det inte finns plats i raden f\u00f6r n\u00e4sta p\u00e5ves portr\u00e4tt (\u00e4ven om kyrkan f\u00f6rst\u00e5s alltid hittar n\u00e5gon ny tom plats).<\/p>\n\n\n\n<p class=\"wp-block-paragraph\">\ud83d\udca1 <strong>Tips:<\/strong> Basilikan ligger precis vid en station p\u00e5 tunnelbanelinje B, s\u00e5 resan hit fr\u00e5n centrum \u00e4r mycket snabb och intuitiv. Entr\u00e9n till basilikan \u00e4r gratis och tack vare dess l\u00e4ge utanf\u00f6r huvudrutterna njuter du h\u00e4r av <strong>ett behagligt lugn utan folkmassor och l\u00e5nga k\u00f6er<\/strong>, vilket \u00e4r ov\u00e4rderligt i Rom.<\/p>\n\n\n\n<h3 class=\"wp-block-heading\"><span class=\"ez-toc-section\" id=\"40_Kvarteret_EUR_och_Quadrato_della_Concordia\"><\/span>40. Kvarteret EUR och Quadrato della Concordia<span class=\"ez-toc-section-end\"><\/span><\/h3>\n\n\n\n<p class=\"wp-block-paragraph\">Allra sist har jag n\u00e5got f\u00f6r \u00e4lskare av modern, om \u00e4n lite kontroversiell arkitektur. <strong>Kvarteret EUR<\/strong> l\u00e4t Mussolini bygga f\u00f6r en planerad v\u00e4rldsutst\u00e4llning, som dock aldrig h\u00f6lls p\u00e5 grund av kriget. Hela omr\u00e5det \u00e4r fullt av breda boulevarder, exakta geometriska former och monumentala byggnader i vit marmor.<\/p>\n\n\n\n<figure data-wp-context=\"{&quot;imageId&quot;:&quot;6a95133004f2e&quot;}\" data-wp-interactive=\"core\/image\" data-wp-key=\"6a95133004f2e\" class=\"wp-block-image size-full wp-lightbox-container\"><img decoding=\"async\" width=\"1200\" height=\"800\" data-wp-class--hide=\"state.isContentHidden\" data-wp-class--show=\"state.isContentVisible\" data-wp-init=\"callbacks.setButtonStyles\" data-wp-on--click=\"actions.showLightbox\" data-wp-on--load=\"callbacks.setButtonStyles\" data-wp-on--pointerdown=\"actions.preloadImage\" data-wp-on--pointerenter=\"actions.preloadImageWithDelay\" data-wp-on--pointerleave=\"actions.cancelPreload\" data-wp-on-window--resize=\"callbacks.setButtonStyles\" src=\"https:\/\/loudavymkrokem.cz\/wp-content\/uploads\/2026\/08\/ctvrt-eur-ctvercove-koloseum-rim.jpg\" alt=\"Palazzo della Civilt\u00e0 Italiana kallat Fyrkantiga Colosseum i kvarteret EUR\" class=\"wp-image-374742\" title=\"\" srcset=\"https:\/\/loudavymkrokem.cz\/wp-content\/uploads\/2026\/08\/ctvrt-eur-ctvercove-koloseum-rim.jpg 1200w, https:\/\/loudavymkrokem.cz\/wp-content\/uploads\/2026\/08\/ctvrt-eur-ctvercove-koloseum-rim-300x200.jpg 300w, https:\/\/loudavymkrokem.cz\/wp-content\/uploads\/2026\/08\/ctvrt-eur-ctvercove-koloseum-rim-700x467.jpg 700w, https:\/\/loudavymkrokem.cz\/wp-content\/uploads\/2026\/08\/ctvrt-eur-ctvercove-koloseum-rim-768x512.jpg 768w, https:\/\/loudavymkrokem.cz\/wp-content\/uploads\/2026\/08\/ctvrt-eur-ctvercove-koloseum-rim-696x464.jpg 696w\" sizes=\"(max-width: 1200px) 100vw, 1200px\" \/><button\n\t\t\tclass=\"lightbox-trigger\"\n\t\t\ttype=\"button\"\n\t\t\taria-haspopup=\"dialog\"\n\t\t\tdata-wp-bind--aria-label=\"state.thisImage.triggerButtonAriaLabel\"\n\t\t\tdata-wp-init=\"callbacks.initTriggerButton\"\n\t\t\tdata-wp-on--click=\"actions.showLightbox\"\n\t\t\tdata-wp-style--right=\"state.thisImage.buttonRight\"\n\t\t\tdata-wp-style--top=\"state.thisImage.buttonTop\"\n\t\t>\n\t\t\t<svg xmlns=\"http:\/\/www.w3.org\/2000\/svg\" width=\"12\" height=\"12\" fill=\"none\" viewBox=\"0 0 12 12\">\n\t\t\t\t<path fill=\"#fff\" d=\"M2 0a2 2 0 0 0-2 2v2h1.5V2a.5.5 0 0 1 .5-.5h2V0H2Zm2 10.5H2a.5.5 0 0 1-.5-.5V8H0v2a2 2 0 0 0 2 2h2v-1.5ZM8 12v-1.5h2a.5.5 0 0 0 .5-.5V8H12v2a2 2 0 0 1-2 2H8Zm2-12a2 2 0 0 1 2 2v2h-1.5V2a.5.5 0 0 0-.5-.5H8V0h2Z\" \/>\n\t\t\t<\/svg>\n\t\t<\/button><figcaption class=\"wp-element-caption\">Foto: Alberti1492, CC BY-SA 4.0, Wikimedia Commons<\/figcaption><\/figure>\n\n\n\n\n<p class=\"wp-block-paragraph\">Den mest k\u00e4nda byggnaden \u00e4r utan tvekan Palazzo della Civilt\u00e0 Italiana, som p\u00e5 grund av sin speciella form kallas <strong>Fyrkantiga Colosseum (Quadrato della Concordia)<\/strong>. Idag hyser den h\u00e4r ikoniska byggnaden modehuset Fendi, och hela kvarteret verkar helt annorlunda \u00e4n resten av Rom, s\u00e5 att du f\u00e5r k\u00e4nslan av att ha hamnat i n\u00e5gon utopisk framtid fr\u00e5n den vita duken.<\/p>\n\n\n\n<p class=\"wp-block-paragraph\">\ud83d\udca1 <strong>Tips:<\/strong> Till kvarteret EUR tar du dig enkelt med tunnelbanelinje B. Det \u00e4r en utm\u00e4rkt plats f\u00f6r en kv\u00e4llspromenad, d\u00e5 <strong>Fyrkantiga Colosseum \u00e4r underbart upplyst<\/strong>, och h\u00e4r hittar du ocks\u00e5 en vacker park med en konstgjord sj\u00f6, dit framf\u00f6r allt lokalborna kommer f\u00f6r att koppla av efter jobbet.<\/p>\n\n\n\n\n\n<h2 class=\"wp-block-heading\"><span class=\"ez-toc-section\" id=\"Vad_du_kan_se_helt_gratis_i_Rom\"><\/span>Vad du kan se helt gratis i Rom<span class=\"ez-toc-section-end\"><\/span><\/h2>\n\n\n\n<p class=\"wp-block-paragraph\">Ni fr\u00e5gar mig ofta <strong>vad som \u00e4r gratis i Rom<\/strong>, f\u00f6r den italienska metropolen kan ibland v\u00e4dra pl\u00e5nboken rej\u00e4lt. Sanningen \u00e4r dock att det allra b\u00e4sta i hela staden inte kostar en krona, eftersom sj\u00e4lva gatorna fungerar som ett enormt museum under bar himmel. F\u00f6r att njuta av den \u00e4kta italienska atmosf\u00e4ren i fulla drag r\u00e4cker det med bekv\u00e4ma skor och lusten att uppt\u00e4cka. H\u00e4r \u00e4r en lista \u00f6ver mina favoritplatser som du inte beh\u00f6ver betala n\u00e5got alls f\u00f6r:<\/p>\n\n\n\n<ul class=\"wp-block-list\">\n\n<li>  <strong><a href=\"https:\/\/loudavymkrokem.cz\/sv\/pantheon-rom-italien\/\">Pantheon<\/a> utifr\u00e5n och Piazza della Rotonda:<\/strong> \u00c4ven om det fr\u00e5n juli 2026 kostar 7 \u20ac att komma in i templet, \u00e4r den majest\u00e4tiska anblicken av de antika pelarna fr\u00e5n det livliga torget och att suga \u00e5t sig kv\u00e4llsatmosf\u00e4ren helt gratis.<\/li>\n\n\n\n<li>  <strong><a href=\"https:\/\/loudavymkrokem.cz\/sv\/vatikan\/\">Peterskyrkan<\/a> och Petersplatsen:<\/strong> Entr\u00e9n till v\u00e4rldens st\u00f6rsta kristna kyrka \u00e4r avgiftsfri, du m\u00e5ste bara bev\u00e4pna dig med t\u00e5lamod och k\u00f6a l\u00e4nge till s\u00e4kerhetskontrollen.<\/li>\n\n\n\n<li>  <strong><a href=\"https:\/\/loudavymkrokem.cz\/sv\/fontana-di-trevi\/\">Fontana di Trevi<\/a> fr\u00e5n gatan:<\/strong> Fr\u00e5n februari 2026 kostar det visserligen tv\u00e5 euro att g\u00e5 ner direkt till den ikoniska bass\u00e4ngen, men den h\u00e4nf\u00f6rande <strong>anblicken uppifr\u00e5n gatan<\/strong> \u00f6ver marmorskulpturerna \u00e4r lyckligtvis fortfarande gratis.<\/li>\n\n\n\n<li>  <strong><a href=\"https:\/\/loudavymkrokem.cz\/sv\/spanska-trappan-rom-tips\/\">Spanska trappan<\/a>:<\/strong> En underbar plats f\u00f6r foton och att betrakta stadslivet, t\u00e4nk bara noga p\u00e5 att det under hot om h\u00f6ga b\u00f6ter \u00e4r f\u00f6rbjudet att sitta p\u00e5 trapporna.<\/li>\n\n\n\n<li>  <strong><a href=\"https:\/\/loudavymkrokem.cz\/sv\/piazza-navona-rom-italien\/\">Piazza Navona<\/a> och Campo de&#8217; Fiori:<\/strong> Tv\u00e5 helt <strong>ikoniska romerska torg<\/strong> fulla av gatuartister, font\u00e4ner och historiska palats, som du b\u00e4st uppskattar under en l\u00e5ngsam promenad.<\/li>\n\n\n\n<li>  <strong><a href=\"https:\/\/loudavymkrokem.cz\/sv\/trastevere-rom-italien\/\">Kvarteret Trastevere<\/a>:<\/strong> De mest f\u00f6rtrollande <strong>romantiska gr\u00e4nderna<\/strong> \u00f6vervuxna med murgr\u00f6na med den b\u00e4sta kv\u00e4llsatmosf\u00e4ren, d\u00e4r Luk\u00e1\u0161 och jag kan strosa i timmar.<\/li>\n\n\n\n<li>  <strong>Kullen Gianicolo:<\/strong> Om du s\u00f6ker den allra <strong>vackraste panoramautsikten<\/strong> \u00f6ver hela staden m\u00e5ste du vandra upp precis hit.<\/li>\n\n\n\n<li>  <strong>Apelsintr\u00e4dg\u00e5rden och nyckelh\u00e5let:<\/strong> Fr\u00e5n parken Giardino degli Aranci har du en perfekt utsikt \u00f6ver Vatikanen och precis intill hittar du det ber\u00f6mda h\u00e5let i Malteserriddarnas port, som magiskt ramar in Peterskyrkans kupol.<\/li>\n\n\n\n<li>  <strong>Forum Romanum fr\u00e5n gatan Via dei Fori Imperiali och fr\u00e5n Kapitolium:<\/strong> \u00c4ven om du m\u00e5ste betala f\u00f6r att promenera bland utgr\u00e4vningarna, har du fr\u00e5n dessa upph\u00f6jda platser <strong>hela det antika centrumet<\/strong> som p\u00e5 en handflata helt gratis.<\/li>\n\n\n\n<li>  <strong>Parken <a href=\"https:\/\/loudavymkrokem.cz\/sv\/galleria-borghese-rom-italien\/\">Villa Borghese<\/a> och utsikten Pincio:<\/strong> Dessa Roms gr\u00f6na lungor \u00e4r en idealisk tillflykt undan sommarhettan och utsikten Pincio \u00e4r kanske den b\u00e4sta platsen f\u00f6r att se solen g\u00e5 ner.<\/li>\n\n\n\n<li>  <strong><a href=\"https:\/\/loudavymkrokem.cz\/sv\/castel-santangelo-rom-italien\/\">\u00c4ngelbron<\/a> (Ponte Sant&#8217;Angelo):<\/strong> En promenad bland Berninis \u00e4ngelstatyer, som i andra st\u00e4der med l\u00e4tthet skulle ta ut en rej\u00e4l entr\u00e9.<\/li>\n\n\n\n<li>  <strong>Kyrkor med Caravaggios m\u00e5lningar:<\/strong> I San Luigi dei Francesi och Santa Maria del Popolo h\u00e4nger <strong>original av ber\u00f6mda m\u00e4stare<\/strong>, som du i vanliga gallerier skulle betala massor f\u00f6r.<\/li>\n\n\n\n<li>  <strong>Sanningens mun (Bocca della Verit\u00e0):<\/strong> Att stoppa in handen i det legendariska marmoransiktet och ta ett roligt minnesfoto kostar dig ingenting alls.<\/li>\n\n\n\n<li>  <strong>Nasoni-font\u00e4nerna:<\/strong> Jag m\u00e5ste \u00e4ven n\u00e4mna dessa allest\u00e4des n\u00e4rvarande gjutj\u00e4rnsunderverk med dricksvatten, som under firandet av Luk\u00e1\u0161 f\u00f6delsedag i trettiofem graders hetta bokstavligen r\u00e4ddade oss fr\u00e5n att koka.<\/li>\n\n\n<\/ul>\n\n\n\n<p class=\"wp-block-paragraph\">Om du vill spara \u00e4nnu mer, planera din utflykt till <strong>f\u00f6rsta s\u00f6ndagen i m\u00e5naden<\/strong>, d\u00e5 entr\u00e9n till alla italienska statliga museer och sev\u00e4rdheter inklusive <a href=\"https:\/\/loudavymkrokem.cz\/sv\/colosseum-rom-biljetter-tips\/\">Colosseum<\/a> \u00e4r helt gratis. Jag m\u00e5ste dock \u00e4rligt varna dig, f\u00f6r den h\u00e4r dagen bildas helt <strong>galna och \u00e4ndl\u00f6sa k\u00f6er<\/strong>, s\u00e5 det l\u00f6nar sig att stiga upp verkligt tidigt p\u00e5 morgonen, eller helt enkelt acceptera att du tillbringar mycket tid med att v\u00e4nta i vimlet. Enligt min erfarenhet \u00e4r det ibland helt enkelt b\u00e4ttre att offra n\u00e5gra euro \u00e4n att f\u00f6rlora en halv dag av den efterl\u00e4ngtade semestern.<\/p>\n\n\n\n\n\n<h2 class=\"wp-block-heading\"><span class=\"ez-toc-section\" id=\"Rom_pa_1_2_eller_3_dagar_snabb_plan\"><\/span>Rom p\u00e5 1, 2 eller 3 dagar: snabb plan<span class=\"ez-toc-section-end\"><\/span><\/h2>\n\n\n\n<p class=\"wp-block-paragraph\">Ni fr\u00e5gar oss ofta <strong>hur m\u00e5nga dagar man realistiskt b\u00f6r avs\u00e4tta f\u00f6r den italienska metropolen<\/strong>. Enligt v\u00e5r erfarenhet \u00e4r minst fyra dagar idealiskt, s\u00e5 att du hinner njuta av staden i lugn och ro, suga \u00e5t dig den \u00e4kta s\u00f6deuropeiska atmosf\u00e4ren och inte tillbringa all tid med att springa mellan sev\u00e4rdheter. Det absoluta minimum f\u00f6r ett bes\u00f6k \u00e4r enligt mig tv\u00e5 dagar. P\u00e5 en enda dag hinner du visserligen med den viktigaste k\u00e4rnan, men f\u00f6rbered dig p\u00e5 ett rej\u00e4lt maraton. N\u00e4r Luk\u00e1\u0161 och jag firade hans f\u00f6delsedag i Rom i juni var det obarmh\u00e4rtiga 35 \u00b0C ute och vi gick l\u00e4tt \u00f6ver tjugotusen steg om dagen. I s\u00e5dant v\u00e4der r\u00e4ddar dig bara de allest\u00e4des n\u00e4rvarande gjutj\u00e4rnsfont\u00e4nerna kallade nasoni och riktig italiensk gelato, s\u00e5 jag rekommenderar verkligen att hellre sprida ut programmet p\u00e5 flera dagar.<\/p>\n\n\n\n<p class=\"wp-block-paragraph\">Om du bara har <strong>en dag i Rom<\/strong> m\u00e5ste du g\u00e5 strategiskt tillv\u00e4ga och v\u00e4lja en logisk rutt till fots, s\u00e5 att du inte i on\u00f6dan springer kors och tv\u00e4rs. B\u00f6rja p\u00e5 morgonen direkt vid <strong>Colosseum<\/strong>, d\u00e4r de allra st\u00f6rsta k\u00f6erna bildas, s\u00e5 bege dig knappt hit utan biljetter k\u00f6pta l\u00e5ngt i f\u00f6rv\u00e4g online. D\u00e4rifr\u00e5n g\u00e5r du l\u00e4ngs ruinerna av <strong>Forum Romanum<\/strong> och kullen <strong>Palatinen<\/strong> upp till det majest\u00e4tiska monumentet vid <strong>Piazza Venezia<\/strong>. Sjunk sedan ner i det historiska centrumets virrvarr av smala gr\u00e4nder, som leder dig \u00e4nda fram till det h\u00e4nf\u00f6rande <strong>Pantheon<\/strong> och det ovala torget <strong>Piazza Navona<\/strong>. K\u00f6p p\u00e5 v\u00e4gen definitivt en bit traditionell vegetarisk pizza margherita och en kula glass i handen, f\u00f6r det blir ingen tid att sitta l\u00e4nge p\u00e5 restaurang. Avsluta sedan din snabba vandring i skymningen vid den ber\u00f6mda <strong>Fontana di Trevi<\/strong> och p\u00e5 den livliga <strong>Spanska trappan<\/strong>.<\/p>\n\n\n\n<p class=\"wp-block-paragraph\">N\u00e4r du har <strong>tv\u00e5 dagar i Rom<\/strong> till f\u00f6rfogande kan du dela upp programmet fint i en antik och en barock del. \u00c4gna f\u00f6rsta dagen \u00e5t antiken och forts\u00e4tt efter bes\u00f6ket p\u00e5 <strong>Colosseum<\/strong>, <strong>Forum Romanum<\/strong> och <strong>Palatinen<\/strong> s\u00f6ml\u00f6st med en promenad till reliefen <strong>Sanningens mun<\/strong>. D\u00e4rifr\u00e5n \u00e4r det bara en kort bit till det pittoreska judiska gettot, d\u00e4r det l\u00f6nar sig att stanna f\u00f6r lunch och smaka p\u00e5 de utm\u00e4rkta friterade kron\u00e4rtskockorna. Det \u00e4r en helt genial <strong>lokal delikatess utan k\u00f6tt<\/strong> som du garanterat kommer att \u00e4lska. Stig upp tidigt den andra dagen och bege dig direkt till \u00f6ppningen p\u00e5 <strong>Vatikanmuseerna<\/strong> och <strong>Sixtinska kapellet<\/strong>. H\u00e4r brukar folkmassorna vara helt brutala, d\u00e4rf\u00f6r \u00e4r en tidig morgonankomst avg\u00f6rande. Betrakta sedan den h\u00e4nf\u00f6rande <strong>Peterskyrkan<\/strong> och g\u00e5 \u00f6ver bron f\u00f6rbi <strong>\u00c4nglaborgen<\/strong> tillbaka till centrum, d\u00e4r barockprakten v\u00e4ntar p\u00e5 dig i form av <strong>Piazza Navona<\/strong>, <strong>Pantheon<\/strong> och <strong>Fontana di Trevi<\/strong>.<\/p>\n\n\n\n<p class=\"wp-block-paragraph\">F\u00f6r <strong>tre dagar i Rom<\/strong> g\u00e4ller samma grund som i f\u00f6reg\u00e5ende variant, men du f\u00e5r dyrbar tid att uppt\u00e4cka \u00e4ven platser lite mer utanf\u00f6r huvudturiststr\u00e5ket. Tredje morgonen rekommenderar jag att inleda i det underbara <strong>Galleria Borghese<\/strong>, som du s\u00f6ml\u00f6st forts\u00e4tter med en lugn promenad genom den vidstr\u00e4ckta <strong>parken Villa Borghese<\/strong>. P\u00e5 eftermiddagen beger du dig sedan till kvarteret <strong>Testaccio<\/strong>, d\u00e4r du upplever den \u00e4kta och of\u00f6rfalskade romerska atmosf\u00e4ren utan turistskaror. Just h\u00e4r kan du i lugn och ro s\u00e4tta dig till en rej\u00e4l portion pasta cacio e pepe med utm\u00e4rkt pecorinoost. Vid solnedg\u00e5ngen flyttar du dig sedan till kvarteret <strong>Trastevees<\/strong> gr\u00e4nder, som <strong>otroligt kvicknar till efter m\u00f6rkrets inbrott<\/strong> och bjuder p\u00e5 de b\u00e4sta barerna f\u00f6r en kv\u00e4llsdrink med Aperol.<\/p>\n\n\n\n<p class=\"wp-block-paragraph\">Om du stannar i staden en <strong>fj\u00e4rde dag och mer<\/strong>, rekommenderar jag absolut att \u00f6verv\u00e4ga en intressant utflykt bortom metropolens gr\u00e4nser. Vi gillar alltid att fly fr\u00e5n de heta gatorna ut i naturen eller in i historien. Ett utm\u00e4rkt val \u00e4r en kortare t\u00e5gresa till den pittoreska lilla staden <a href=\"tivoli\">Tivoli<\/a>, d\u00e4r du hittar underbara ren\u00e4ssanstr\u00e4dg\u00e5rdar fulla av font\u00e4ner. Ett annat popul\u00e4rt alternativ \u00e4r att bege sig ut och uppt\u00e4cka de otroligt v\u00e4lbevarade antika ruinerna i den forna hamnen <a href=\"ostia-antica\">Ostia Antica<\/a>. F\u00f6r dig som inte har n\u00e5got emot att tillbringa lite mer tid p\u00e5 t\u00e5g finns \u00e4ven m\u00f6jligheten till en fantastisk heldagsutflykt s\u00f6derut till ber\u00f6mda <a href=\"pompeje\">Pompeji<\/a>.<\/p>\n\n\n\n<p class=\"wp-block-paragraph\">Om du redan k\u00f6pt flygbiljetterna och vill ha allt inplanerat in i minsta detalj, har vi tagit fram ett detaljerat <a href=\"rim-za-3-dny\">itiner\u00e4r f\u00f6r Rom p\u00e5 3 dagar<\/a> i en <a href=\"https:\/\/loudavymkrokem.cz\/sv\/rom-italien-3-dagar\/\">separat artikel<\/a>. D\u00e4r hittar du massor av andra praktiska r\u00e5d och framf\u00f6r allt <strong>exakta tider f\u00f6r de rekommenderade f\u00f6rflyttningarna<\/strong>.<\/p>\n\n\n\n\n<p class=\"wp-block-paragraph\"><strong>Till var och en av dessa planer har vi en separat guide p\u00e5 bloggen.<\/strong> Ett detaljerat schema timme f\u00f6r timme hittar du i artikeln <a href=\"https:\/\/loudavymkrokem.cz\/sv\/rom-italien-3-dagar\/\">Rom p\u00e5 3 dagar<\/a>, val av boende efter stadsdel g\u00e5r vi igenom i texten <a href=\"https:\/\/loudavymkrokem.cz\/sv\/bo-i-rom-italien-basta-stadsdelar\/\">var du bor i Rom<\/a>, och familjer med sm\u00e5 resen\u00e4rer uppskattar tipsen i artikeln <a href=\"https:\/\/loudavymkrokem.cz\/sv\/rom-italien-med-barn\/\">Rom med barn<\/a>.<\/p>\n\n\n\n<h2 class=\"wp-block-heading\"><span class=\"ez-toc-section\" id=\"Transport_i_Rom_fran_flygplatsen_med_tunnelbana_och_till_fots\"><\/span>Transport i Rom: fr\u00e5n flygplatsen, med tunnelbana och till fots<span class=\"ez-toc-section-end\"><\/span><\/h2>\n\n\n\n<p class=\"wp-block-paragraph\"><strong>Transporten i Rom<\/strong> kan vid f\u00f6rsta anblick verka som ett rent kaos, d\u00e4r den starkares och snabbares r\u00e4tt g\u00e4ller. \u00c4nd\u00e5 g\u00e5r det ganska l\u00e4tt att orientera sig i den eviga staden om du vet <strong>vilka biljetter du ska k\u00f6pa<\/strong> och vad du s\u00e4rskilt ska se upp med. L\u00e5t oss titta p\u00e5 hur du smidigt tar dig fr\u00e5n flygplatsen, hur den lokala tunnelbanan fungerar och varf\u00f6r du \u00e4nd\u00e5 tillbringar st\u00f6rre delen av tiden p\u00e5 f\u00f6tter.<\/p>\n\n\n\n<p class=\"wp-block-paragraph\"><strong>Fr\u00e5n flygplatsen Fiumicino (FCO) till centrum:<\/strong> Det snabbaste alternativet \u00e4r definitivt t\u00e5get Leonardo Express, som p\u00e5 32 minuter och f\u00f6r 14 euro tar dig direkt till centralstationen Termini. Om du vill spara g\u00e5r det h\u00e4rifr\u00e5n \u00e4ven billigare regionalt\u00e5g eller bussar, d\u00e4r du dock f\u00e5r r\u00e4kna med l\u00e4ngre restid. Ett bekv\u00e4mt alternativ \u00e4r en officiell taxi, som har en fast taxa p\u00e5 48 till 50 euro till centrum. Se dock rej\u00e4lt upp f\u00f6r <strong>bedr\u00e4gliga svarttaxi<\/strong>, som i slutet av resan l\u00e4tt kan vilja ha 75 till 140 euro av dig, s\u00e5 leta alltid bara efter vita bilar med taxameter och texten &#8221;Comune di Roma&#8221;. F\u00f6r dig som flyger med SAS eller Norwegian fr\u00e5n Stockholm landar planen oftast p\u00e5 just Fiumicino.<\/p>\n\n\n\n<p class=\"wp-block-paragraph\"><strong>Resan fr\u00e5n flygplatsen Ciampino (CIA):<\/strong> Den h\u00e4r mindre flygplatsen anv\u00e4nds fr\u00e4mst av l\u00e5gprisbolag som Ryanair, och f\u00f6rbindelsen till centrum \u00e4r ganska enkel h\u00e4rifr\u00e5n. Vi rekommenderar oftast bussarna fr\u00e5n bolaget Terravision, d\u00e4r en enkelbiljett kostar ungef\u00e4r 6 euro och p\u00e5litligt tar dig \u00e4nda till stationen Termini. Om du reser i grupp eller har tunga v\u00e4skor l\u00f6nar det sig att ta en officiell taxi. \u00c4ven h\u00e4r g\u00e4ller en <strong>fast taxa till centrum<\/strong>, som \u00e4r j\u00e4mna 40 euro, s\u00e5 du beh\u00f6ver inte oroa dig f\u00f6r n\u00e5gon otrevlig \u00f6verraskning med \u00f6verdrivet pris.<\/p>\n\n\n\n<p class=\"wp-block-paragraph\"><strong>Kollektivtrafiken (ATAC):<\/strong> Roms kollektivtrafik omfattar bussar, sp\u00e5rvagnar och tunnelbana, och lyckligtvis g\u00e4ller samma biljetter till allt. Grundbiljetten BIT <strong>kostar 1,50 euro<\/strong> och g\u00e4ller i hela 100 minuter, under vilka du kan byta obegr\u00e4nsat, men du kan bara g\u00e5 in i tunnelbanan en g\u00e5ng med den. Om du planerar att \u00e5ka mer g\u00e5r det att k\u00f6pa flerdagarsbiljetter f\u00f6r 24 timmar f\u00f6r 8,50 euro, f\u00f6r 48 timmar f\u00f6r 15 euro eller f\u00f6r 72 timmar f\u00f6r 22 euro, eventuellt en veckobiljett CIS f\u00f6r 29 euro. Se rej\u00e4lt upp f\u00f6r den <strong>obligatoriska valideringen av biljetten<\/strong> direkt vid p\u00e5stigning, annars riskerar du kompromissl\u00f6sa och rej\u00e4la b\u00f6ter direkt p\u00e5 plats.<\/p>\n\n\n\n<p class=\"wp-block-paragraph\"><strong>Roms tunnelbana och den l\u00f6mska bussen 64:<\/strong> Staden har f\u00f6r n\u00e4rvarande tre tunnelbanelinjer A, B och C. Det kanske \u00f6verraskar dig att stationsn\u00e4tet \u00e4r ganska glest, men det beror helt enkelt p\u00e5 att arbetarna vid varje spadtag st\u00f6ter p\u00e5 v\u00e4rdefulla antika utgr\u00e4vningar. Den goda nyheten \u00e4r dock att <strong>linje C f\u00f6rl\u00e4ngts<\/strong> sedan december 2025, och den tar dig nu fr\u00e5n f\u00f6rorterna direkt \u00e4nda till Colosseum. I tunnelbanan och i de fullproppade bussarna, s\u00e4rskilt p\u00e5 den popul\u00e4ra linje 64 mot Vatikanen, ska du noga h\u00e5lla koll p\u00e5 dina saker, f\u00f6r de lokala ficktjuvarna \u00e4r otroligt snabba och linjen kallas inte utan orsak &#8221;Pickpocket Express&#8221;.<\/p>\n\n\n\n<p class=\"wp-block-paragraph\"><strong>L\u00f6nar sig turistkortet Roma Pass?<\/strong> Det beror p\u00e5 hur mycket du t\u00e4nker springa runt bland avgiftsbelagda sev\u00e4rdheter och anv\u00e4nda kollektivtrafiken. Kortet f\u00f6r 48 timmar kostar 38 euro och du har ett gratis museibes\u00f6k i det, medan varianten f\u00f6r 72 timmar kostar 62,90 euro och inkluderar tv\u00e5 fria entr\u00e9er. Dessutom f\u00e5r du obegr\u00e4nsat resande med kollektivtrafiken och sm\u00e5 rabatter p\u00e5 andra attraktioner. Det finns dock en hake som m\u00e5nga gl\u00f6mmer, f\u00f6r kortet <strong>inkluderar inte Vatikanmuseerna<\/strong>, Sixtinska kapellet eller Peterskyrkan.<\/p>\n\n\n\n<p class=\"wp-block-paragraph\"><strong>Historiska centrum \u00e4r b\u00e4st att g\u00e5 igenom till fots:<\/strong> Rom \u00e4r enligt mig en av de b\u00e4sta st\u00e4derna i v\u00e4rlden f\u00f6r att utforska till fots, f\u00f6r den viktigaste historiska k\u00e4rnan g\u00e5r att g\u00e5 igenom helt i lugn och ro p\u00e5 en enda dag. Det r\u00e4cker att b\u00f6rja vid Spanska trappan, kasta ett mynt i Fontana di Trevi, g\u00e5 till Pantheon och avsluta eftermiddagen p\u00e5 det vackra torget Piazza Navona. Det viktiga \u00e4r dock att verkligen ha <strong>bekv\u00e4ma skor<\/strong>, f\u00f6r en stor del av centrum \u00e4r belagt med typiska romerska gatstenar kallade sanpietrini. Tro mig, efter en heldags vandring i h\u00e5rda skor eller till och med p\u00e5 klackar skulle du snart f\u00f6rbanna stadens pittoreska gr\u00e4nder.<\/p>\n\n\n\n<p class=\"wp-block-paragraph\"><strong>P\u00e5 elsparkcykel l\u00e4ngs floden:<\/strong> N\u00e4r Luk\u00e1\u0161 och jag fick ont i benen av all heldagsvandring hittade vi ett helt genialt s\u00e4tt att f\u00f6rflytta oss i staden. P\u00e5 kv\u00e4llen hyrde vi delade elsparkcyklar och <strong>\u00e5kte bara omkring l\u00e4ngs floden Tibern<\/strong>. Det \u00e4r en underbart romantisk upplevelse, du undviker turistmassorna, sparar tid och ser dessutom de vackert upplysta broarna. P\u00e5 dagen \u00e4r det ofta lite f\u00f6r mycket kaos i centrum f\u00f6r sparkcyklar, men f\u00f6r de d\u00e4r kv\u00e4llsturerna \u00e4r det helt fantastiskt.<\/p>\n\n\n\n<p class=\"wp-block-paragraph\"><strong>K\u00f6r hellre inte in i centrum med bil:<\/strong> Att hyra bil i Rom \u00e4r enligt mig helt meningsl\u00f6st, om du inte just ska forts\u00e4tta p\u00e5 en l\u00e4ngre roadtrip genom Italien. Trafiken \u00e4r otroligt kaotisk h\u00e4r, skotrar tr\u00e4nger sig fram fr\u00e5n alla h\u00e5ll och att parkera \u00e4r ett litet mirakel. En enorm del av historiska centrum \u00e4r dessutom m\u00e4rkt som <strong>ZTL, allts\u00e5 zon med begr\u00e4nsad trafik<\/strong>, dit bara inv\u00e5nare med tillst\u00e5nd f\u00e5r k\u00f6ra. \u00d6verallt finns kameror och f\u00f6r varje otill\u00e5ten k\u00f6rning riskerar du b\u00f6ter p\u00e5 mellan 84 och 335 euro, som p\u00e5litligt hittar dig \u00e4nda hem till Sverige.<\/p>\n\n\n\n\n\n<h2 class=\"wp-block-heading\"><span class=\"ez-toc-section\" id=\"Var_du_hellre_inte_bor_ga_i_Rom_och_vad_du_ska_se_upp_med\"><\/span>Var du hellre inte b\u00f6r g\u00e5 i Rom och vad du ska se upp med<span class=\"ez-toc-section-end\"><\/span><\/h2>\n\n\n\n<p class=\"wp-block-paragraph\">Ni fr\u00e5gar mig ofta om det finns platser i Rom som ni borde undvika helt. Rom \u00e4r i sj\u00e4lva verket en <strong>mycket s\u00e4ker europeisk stad<\/strong>, d\u00e4r du inte alls beh\u00f6ver frukta f\u00f6r livet. Precis som varje annan v\u00e4rldsmetropol har dock \u00e4ven den italienska huvudstaden sina typiska turistf\u00e4llor. De flesta kostar dig bara f\u00f6rst\u00f6rt hum\u00f6r och n\u00e5gra euro extra.<\/p>\n\n\n\n<p class=\"wp-block-paragraph\">L\u00e5t oss tillsammans titta p\u00e5 de vanligaste knepen du kan st\u00f6ta p\u00e5 ute p\u00e5 gatorna. N\u00e4r du k\u00e4nner till dem i f\u00f6rv\u00e4g glider du s\u00e4kert f\u00f6rbi dem och <strong>njuter av semestern utan on\u00f6dig stress<\/strong>.<\/p>\n\n\n\n<p class=\"wp-block-paragraph\"><strong>Se upp f\u00f6r bedr\u00e4gliga restauranger och dolda avgifter.<\/strong> Du kan f\u00f6rlora mest pengar p\u00e5 restauranger direkt vid de stora sev\u00e4rdheterna, som till exempel det f\u00f6rtrollande Piazza Navona. En turistf\u00e4lla k\u00e4nner du l\u00e4tt igen p\u00e5 <strong>en meny p\u00e5 fyra spr\u00e5k med urblekta bilder av r\u00e4tter<\/strong>. Ett annat tydligt varningstecken \u00e4r en lurande p\u00e5drivare framf\u00f6r d\u00f6rren som till varje pris f\u00f6rs\u00f6ker f\u00e5 in dig. En bra italiensk restaurang beh\u00f6ver n\u00e4mligen ingen s\u00e5dan och brukar vara full av lokalbor.<\/p>\n\n\n\n<p class=\"wp-block-paragraph\">Vid betalningen kan du sedan bli obehagligt \u00f6verraskad av en <strong>orimligt uppbl\u00e5st coperto<\/strong>, vilket \u00e4r en obligatorisk avgift f\u00f6r dukning och br\u00f6d. P\u00e5 normala st\u00e4llen ligger den kring tv\u00e5 till tre euro per person, men i f\u00e4llorna brukar den vara m\u00e5ngfaldigt h\u00f6gre. En ren katastrof \u00e4r sedan restauranger som anger priset p\u00e5 vissa r\u00e4tter <strong>per etto<\/strong>, allts\u00e5 per hundra gram. Innan du vet ordet av b\u00e4r de fram en enorm portion och p\u00e5 slutet landar en nota p\u00e5 bordet p\u00e5 l\u00e4tt 430 eller till och med 600 euro.<\/p>\n\n\n\n<p class=\"wp-block-paragraph\">Hur kommer du undan? Det r\u00e4cker att g\u00e5 tv\u00e5 gr\u00e4nder bort fr\u00e5n huvudvimlet och leta efter oansenliga st\u00e4llen fulla av italienare. Om du s\u00f6ker <strong>vegetariskt s\u00e4kra alternativ<\/strong> \u00e4r Rom ett rent paradis f\u00f6r dig. Luk\u00e1\u0161 och jag sv\u00e4r vid traditionell pasta cacio e pepe, som bara best\u00e5r av pecorinoost och svartpeppar. Ett utm\u00e4rkt snabbt mellanm\u00e5l \u00e4r romersk pizza al taglio i handen, en friterad risbit suppl\u00ec eller den ber\u00f6mda friterade kron\u00e4rtskockan alla giudia. P\u00e5 slutet f\u00e5r f\u00f6rst\u00e5s \u00e4kta italiensk gelato fr\u00e5n en riktig hantverksgelateria inte saknas.<\/p>\n\n\n\n<p class=\"wp-block-paragraph\"><strong>Falska gladiatorer och obest\u00e4llda &#8221;presenter&#8221;.<\/strong> Direkt vid Colosseum m\u00f6ter du troligen m\u00e4n utkl\u00e4dda till romerska centurioner och gladiatorer. De vinkar glatt till dig och lockar dig till ett gemensamt minnesfoto. Det g\u00f6r de definitivt inte av hj\u00e4rtans lust och <strong>tar vanligtvis tjugo euro per bild<\/strong>. Det finns till och med dokumenterade fall d\u00e4r de aggressivt utkr\u00e4vde upp till 500 euro av skr\u00e4mda turister. Det b\u00e4sta f\u00f6rsvaret \u00e4r total ignorans och noll \u00f6gonkontakt.<\/p>\n\n\n\n<p class=\"wp-block-paragraph\">En liknande princip fungerar hos gatuf\u00f6rs\u00e4ljare i historiska centrum och runt Spanska trappan. Pl\u00f6tsligt kommer en leende person fram till dig och <strong>b\u00f6rjar tvinga p\u00e5 dig en ros eller knyta ett armband runt handen<\/strong> och p\u00e5st\u00e5r att det \u00e4r en gratis present. Men s\u00e5 snart du tar emot saken b\u00f6rjar hen genast ganska ohyfsat kr\u00e4va pengar. \ud83d\udca1 <strong>Tips:<\/strong> Om det h\u00e4nder dig, l\u00e5t inte armbandet knytas, ta inte emot n\u00e5got och forts\u00e4tt bara g\u00e5 med ett tydligt nej.<\/p>\n\n\n\n<p class=\"wp-block-paragraph\"><strong>Ficktjuvar och l\u00f6msk transport.<\/strong> Roms kollektivtrafik \u00e4r ett kapitel f\u00f6r sig. Den k\u00e4nda <strong>bussen nummer 64<\/strong>, som g\u00e5r fr\u00e5n stationen Termini till Vatikanen, har bland lokalborna f\u00e5tt det tr\u00e4ffande smeknamnet Pickpocket Express. Ficktjuvarna opererar d\u00e4r med full sj\u00e4lvklarhet, precis som i den fullproppade tunnelbanelinje A. Ha d\u00e4rf\u00f6r alltid pl\u00e5nboken och telefonen i innerfickorna eller i en s\u00e4kert st\u00e4ngd v\u00e4ska p\u00e5 magen. I kollektivtrafiken, gl\u00f6m inte heller att st\u00e4mpla biljetten, f\u00f6r en ovaliderad biljett betyder omedelbara b\u00f6ter av kontrollanten.<\/p>\n\n\n\n<p class=\"wp-block-paragraph\">N\u00e4r du reser fr\u00e5n flygplatsen ska du se rej\u00e4lt upp f\u00f6r <strong>bedr\u00e4gliga svarttaxi<\/strong>, som v\u00e4ntar p\u00e5 dig redan i ankomsthallen. F\u00f6r resan till centrum tar de l\u00e4tt 75 till 140 euro, s\u00e5 leta hellre alltid efter de officiella vita bilarna med taxiskylt, d\u00e4r en fast taxa p\u00e5 48 till 50 euro g\u00e4ller fr\u00e5n flygplatsen Fiumicino. Om du k\u00f6r en hyrbil ska du se rej\u00e4lt upp f\u00f6r <strong>zonerna med begr\u00e4nsad trafik kallade ZTL<\/strong>. Att k\u00f6ra in i centrum utan tillst\u00e5nd kostar dig rej\u00e4la b\u00f6ter p\u00e5 84 till 335 euro per enskild passage under en kamera.<\/p>\n\n\n\n<p class=\"wp-block-paragraph\"><strong>Uppf\u00f6randeregler som kan kosta dig pengar.<\/strong> Rom tar skyddet av sina unika sev\u00e4rdheter p\u00e5 stort allvar. Ett vackert exempel \u00e4r den ber\u00f6mda Spanska trappan, d\u00e4r det \u00e4r <strong>str\u00e4ngt f\u00f6rbjudet att sitta<\/strong>. Om du g\u00f6r dig bekv\u00e4m d\u00e4r med en glasstrut jagar den lokala polisen snabbt bort dig och kan dessutom kl\u00e4mma till dig med b\u00f6ter kring 250 euro.<\/p>\n\n\n\n<p class=\"wp-block-paragraph\">\u00c4gna ocks\u00e5 s\u00e4rskild uppm\u00e4rksamhet \u00e5t dina kl\u00e4der om du planerar att bes\u00f6ka religi\u00f6sa platser. Vatikanen, Pantheon och mindre kyrkor har en <strong>strikt kl\u00e4dkod som kr\u00e4ver t\u00e4ckta axlar och kn\u00e4n<\/strong>. Vakterna vid ing\u00e5ngen \u00e4r kompromissl\u00f6sa och kastar utan pardon ut dig ur k\u00f6n \u00e4ven efter en timmes v\u00e4ntan i den heta sommarsolen. Ha d\u00e4rf\u00f6r alltid \u00e5tminstone en l\u00e4tt sjal p\u00e5 dig, som du snabbt kan svepa om dig innan du g\u00e5r in.<\/p>\n\n\n\n<p class=\"wp-block-paragraph\">Alla dessa varningar l\u00e5ter kanske lite skr\u00e4mmande, men tro mig, det handlar bara om <strong>helt vanlig turisthygien<\/strong>. Samma s\u00e4kerhetsregler g\u00e4ller i Paris, Barcelona och Stockholm. N\u00e4r du anv\u00e4nder sunt f\u00f6rnuft och inte l\u00e5ter dig dras in i tvivelaktiga situationer tar du med dig bara de vackraste minnena och fantastiska kulinariska upplevelser fr\u00e5n Rom.<\/p>\n\n\n\n\n\n<h2 class=\"wp-block-heading\"><span class=\"ez-toc-section\" id=\"Vart_du_kan_aka_vidare_fran_Rom\"><\/span>Vart du kan \u00e5ka vidare fr\u00e5n Rom<span class=\"ez-toc-section-end\"><\/span><\/h2>\n\n\n\n<p class=\"wp-block-paragraph\">Om du har mer \u00e4n bara en f\u00f6rl\u00e4ngd helg f\u00f6r den eviga staden och vill <strong>fly fr\u00e5n de heta gatstenslagda gatorna<\/strong>, finns det flera utm\u00e4rkta utflykter i omgivningen. P\u00e5 knappt en timme tar du dig med pendelt\u00e5g till den antika hamnen <a href=\"https:\/\/loudavymkrokem.cz\/sv\/ostia-antica-italien\/\">Ostia Antica<\/a>, som ofta j\u00e4mf\u00f6rs med Pompeji, men till skillnad fr\u00e5n det r\u00e5der h\u00e4r ett rent lugn och tystnad.<\/p>\n\n\n\n<p class=\"wp-block-paragraph\">Ett annat underbart stopp en bit utanf\u00f6r staden \u00e4r den lilla staden <a href=\"https:\/\/loudavymkrokem.cz\/sv\/tivoli-italien-sevardheter\/\">Tivoli<\/a>, d\u00e4r <strong>de underbara ren\u00e4ssanstr\u00e4dg\u00e5rdarna<\/strong> vid Villa d&#8217;Este breder ut sig med hundratals porlande font\u00e4ner. Det \u00e4r en idealisk plats f\u00f6r en sommareftermiddag, n\u00e4r du beh\u00f6ver lite skugga och frisk luft, som s\u00e5 desperat saknas i den italienska metropolens centrum i juli.<\/p>\n\n\n\n<p class=\"wp-block-paragraph\">Om du vill l\u00e4sa mer detaljerad information om de <strong>st\u00f6rsta romerska ikonerna och spara nerver<\/strong>, har vi tagit fram detaljerade guider. L\u00e4s v\u00e5r artikel <a href=\"https:\/\/loudavymkrokem.cz\/sv\/colosseum-rom-biljetter-tips\/\">Colosseum i Rom: biljetter och tips<\/a>, d\u00e4r vi i detalj f\u00f6rklarar hur du f\u00e5ngar de b\u00e4sta biljetterna till underjorden. F\u00f6r ett bes\u00f6k i p\u00e5vestaten anv\u00e4nder du definitivt v\u00e5r text <a href=\"https:\/\/loudavymkrokem.cz\/sv\/vatikan\/\">Vatikanen: grundl\u00e4ggande information och entr\u00e9<\/a> och en detaljerad genomg\u00e5ng av vad de ber\u00f6mda <a href=\"https:\/\/loudavymkrokem.cz\/sv\/vatikanska-muzea\/\">Vatikanmuseerna<\/a> g\u00f6mmer.<\/p>\n\n\n\n<p class=\"wp-block-paragraph\">Rom \u00e4r ocks\u00e5 en helt <strong>perfekt utg\u00e5ngspunkt f\u00f6r en resa till s\u00f6dra Italien<\/strong>. Fr\u00e5n centralstationen Termini tar du dig med snabbt\u00e5g till det kaotiska och passionerade Neapel p\u00e5 drygt en timme. D\u00e4rifr\u00e5n \u00e4r det bara en kort bit till den mest ber\u00f6mda antika f\u00f6r\u00f6delsen, om vilken vi skrivit en praktisk artikel <a href=\"https:\/\/loudavymkrokem.cz\/sv\/besoka-pompeji-guide\/\">Pompeji: entr\u00e9 och vad du ska se<\/a>.<\/p>\n\n\n\n<!-- LKM_GYG_CARD start q=\"rome\" lang=\"sv\" rendered=\"2026-08-26T22:28:19+00:00\" v=\"1\" -->\n<style id=\"lk-gyg-styles\">\n@import url(\"https:\/\/fonts.googleapis.com\/css2?family=Playfair+Display:wght@700&family=DM+Sans:wght@300;400;500;600&display=swap\");\n\/* === LK GYG karty \u2014 CRO redesign 2026-05 (namespace .lkx-) ===\n   C\u00edl: vy\u0161\u0161\u00ed CTR (hero + v\u00fdrazn\u00fd social proof + ak\u010dn\u00ed CTA, m\u00e9n\u011b \"reklamn\u00ed\").\n   Injektuje se inline do prvn\u00edho markeru postu (refresh_cards.py --inline-css). *\/\n.lkx-module, .lkx-module *{box-sizing:border-box;margin:0;padding:0}\n.lkx-module{\n  font-family:'DM Sans',-apple-system,Segoe UI,Roboto,Georgia,sans-serif;\n  max-width:860px;margin:2.5rem auto;color:#1f2328;\n}\n\n\/* HEADER \u2014 lehk\u00fd editorsk\u00fd, \u017e\u00e1dn\u00fd bannerov\u00fd blok; nadpis + popisek pod n\u00edm *\/\n.lkx-head{margin-bottom:16px}\n.lkx-head-main{display:flex;align-items:center;gap:10px}\n.lkx-head-accent{width:26px;height:3px;border-radius:2px;background:#c39f76;flex-shrink:0}\n.lkx-head-title{font-family:'Playfair Display',Georgia,serif;font-size:21px;font-weight:700;color:#1a1a1a;line-height:1.25}\n.lkx-head-meta{display:block;font-size:11px;letter-spacing:.3px;color:#9aa0a6;margin-top:4px;margin-left:36px}\n\n\/* HERO *\/\n.lkx-hero{display:grid;grid-template-columns:300px 1fr;background:#fff;border:1px solid #ece7df;border-radius:14px;overflow:hidden;text-decoration:none!important;color:inherit;box-shadow:0 6px 20px rgba(0,0,0,.06);transition:box-shadow .2s,transform .2s;margin-bottom:14px}\n.lkx-hero:hover{box-shadow:0 12px 30px rgba(0,0,0,.12);transform:translateY(-2px)}\n.lkx-hero-img{position:relative;min-height:230px;background-size:cover;background-position:center;background-color:#eee}\n.lkx-hero-body{padding:22px 24px;display:flex;flex-direction:column}\n.lkx-pick{position:absolute;top:12px;left:12px;background:#1a1a1a;color:#fff;font-size:11px;font-weight:700;letter-spacing:.5px;padding:5px 11px;border-radius:20px}\n\n\/* TITLE *\/\n.lkx-title{font-size:19px;font-weight:700;color:#161616;line-height:1.3}\n.lkx-title-sm{font-size:14.5px;line-height:1.35;display:-webkit-box;-webkit-line-clamp:2;-webkit-box-orient:vertical;overflow:hidden}\n\n\/* SOCIAL PROOF \u2014 v\u00fdrazn\u011b, naho\u0159e *\/\n.lkx-proof{display:flex;align-items:center;gap:7px;margin-top:12px;font-size:15px;color:#3a3a3a}\n.lkx-proof b{font-size:16px;color:#161616}\n.lkx-stars{color:#f5a623;letter-spacing:1px}\n.lkx-proof-sm{font-size:12.5px;margin-top:8px;gap:5px}\n.lkx-proof-sm b{font-size:13px}\n.lkx-proof-new{color:#3685fc;font-weight:600}\n\n\/* PRICE \u2014 n\u00edzk\u00e1 kotva *\/\n.lkx-price{font-size:14px;color:#6b7280}\n.lkx-price b{font-size:20px;color:#161616;font-weight:700}\n.lkx-price-sm b{font-size:15px}\n\n\/* CTA \u2014 tepl\u00e9 ak\u010dn\u00ed tla\u010d\u00edtko *\/\n.lkx-cta{display:inline-flex;align-items:center;justify-content:center;text-decoration:none!important;font-weight:700;color:#fff!important;background:linear-gradient(135deg,#f6743f,#e8552a);border-radius:10px;box-shadow:0 6px 16px rgba(232,85,42,.32);transition:box-shadow .2s}\n.lkx-cta-hero{font-size:15px;padding:13px 22px}\n.lkx-hero:hover .lkx-cta-hero{box-shadow:0 8px 22px rgba(232,85,42,.45)}\n.lkx-cta-sm{font-size:12.5px;padding:9px 14px;width:100%;margin-top:2px}\n.lkx-hero-bottom{margin-top:auto;padding-top:18px;display:flex;align-items:center;justify-content:space-between;gap:14px;flex-wrap:wrap}\n\n\/* BADGE \u2014 jeden v\u00fdrazn\u00fd na fotce *\/\n.lkx-badge{position:absolute;top:12px;right:12px;font-size:10.5px;font-weight:700;letter-spacing:.3px;padding:5px 10px;border-radius:16px;color:#fff}\n.lkx-badge.badge-urgency{background:rgba(214,40,40,.92)}\n.lkx-badge.badge-new{background:rgba(54,133,252,.92)}\n.lkx-badge.badge-top{background:rgba(195,159,118,.95)}\n.lkx-badge.badge-info{background:rgba(40,40,40,.78)}\n\n\/* SECONDARY GRID *\/\n.lkx-grid{display:grid;grid-template-columns:1fr 1fr;gap:14px}\n.lkx-card{background:#fff;border:1px solid #ece7df;border-radius:14px;overflow:hidden;text-decoration:none!important;color:inherit;box-shadow:0 4px 14px rgba(0,0,0,.05);display:flex;flex-direction:column;transition:box-shadow .2s,transform .2s}\n.lkx-card:hover{box-shadow:0 10px 24px rgba(0,0,0,.1);transform:translateY(-2px)}\n.lkx-card-img{position:relative;aspect-ratio:16\/10;background-size:cover;background-position:center;background-color:#eee}\n.lkx-card-body{padding:14px 16px 16px;display:flex;flex-direction:column;gap:7px;flex:1}\n.lkx-card-bottom{margin-top:auto;padding-top:10px;display:flex;align-items:center;justify-content:space-between;gap:8px}\n\n\/* DISCLOSURE \u2014 drobn\u00e1, kv\u016fli d\u016fv\u011b\u0159e\/z\u00e1konu *\/\n.lkx-disclosure{font-size:11px;color:#a7adb3;text-align:center;margin-top:14px;line-height:1.6}\n.lkx-disclosure a{color:#c39f76;text-decoration:none}\n\n@media(max-width:680px){\n  .lkx-hero{grid-template-columns:1fr}\n  .lkx-hero-img{min-height:180px}\n  .lkx-grid{grid-template-columns:1fr}\n  .lkx-head-meta{margin-left:0;width:100%}\n  .lkx-head-title{font-size:19px}\n}\n\n<\/style>\n<div class=\"lkx-module\" data-query=\"rome\">\n  <div class=\"lkx-head\">\n    <div class=\"lkx-head-main\">\n      <span class=\"lkx-head-accent\"><\/span>\n      <span class=\"lkx-head-title\">Upplevelser &amp; biljetter<\/span>\n    <\/div>\n    <span class=\"lkx-head-meta\">betygsatt av resen\u00e4rer \u00b7 GetYourGuide<\/span>\n  <\/div><a class=\"lkx-hero\" href=\"https:\/\/www.getyourguide.com\/sv-se\/rom-l33\/biljett-som-later-dig-hoppa-over-kon-vatikanmuseerna-sixtinska-kapellet-t62214\/?partner_id=MKZ64IS&amp;utm_medium=online_publisher&amp;cmp=platser-att-besoka-rom\" target=\"_blank\" rel=\"sponsored noopener nofollow\">\n    <div class=\"lkx-hero-img\" style=\"background-image:url('https:\/\/cdn.getyourguide.com\/img\/tour\/5f16d60b18470.jpeg\/132.jpg')\" role=\"img\" aria-label=\"Vatikanen: Entr\u00e9biljett till museer och Sixtinska kapellet\">\n      <span class=\"lkx-pick\">\u2605 V\u00e5rt val<\/span><\/div>\n    <div class=\"lkx-hero-body\">\n      <div class=\"lkx-title\">Vatikanen: Entr\u00e9biljett till museer och Sixtinska kapellet<\/div>\n      <div class=\"lkx-proof\">\n      <span class=\"lkx-stars\">\u2605\u2605\u2605\u2605\u2605<\/span>\n      <b>4.5<\/b> \u00b7 154 565 omd\u00f6men\n    <\/div>\n      <div class=\"lkx-hero-bottom\"><div class=\"lkx-price\">fr\u00e5n <b>33\u00a0EUR<\/b><\/div><span class=\"lkx-cta lkx-cta-hero\">Det h\u00e4r vill jag uppleva \u2192<\/span>\n      <\/div>\n    <\/div>\n  <\/a><div class=\"lkx-grid\"><a class=\"lkx-card\" href=\"https:\/\/www.getyourguide.com\/sv-se\/rom-l33\/guidad-tur-av-colosseum-forum-romanum-och-palatinen-t195566\/?partner_id=MKZ64IS&amp;utm_medium=online_publisher&amp;cmp=platser-att-besoka-rom\" target=\"_blank\" rel=\"sponsored noopener nofollow\">\n      <div class=\"lkx-card-img\" style=\"background-image:url('https:\/\/cdn.getyourguide.com\/img\/tour\/33cca66c19886c9f.jpeg\/132.jpg')\" role=\"img\" aria-label=\"Guidad tur av Colosseum, Forum Romanum och Palatinen\"><\/div>\n      <div class=\"lkx-card-body\">\n        <div class=\"lkx-title lkx-title-sm\">Guidad tur av Colosseum, Forum Romanum och Palatinen<\/div>\n        <div class=\"lkx-proof lkx-proof-sm\">\n      <span class=\"lkx-stars\">\u2605<\/span>\n      <b>4.8<\/b> \u00b7 88 426\n    <\/div>\n        <div class=\"lkx-card-bottom\"><span class=\"lkx-price lkx-price-sm\">fr\u00e5n <b>49\u00a0EUR<\/b><\/span><span class=\"lkx-cta lkx-cta-sm\">Visa datum \u2192<\/span>\n        <\/div>\n      <\/div>\n    <\/a><a class=\"lkx-card\" href=\"https:\/\/www.getyourguide.com\/sv-se\/rom-l33\/rom-med-audioguide-colosseum-forum-med-ljudguide-valfri-arena-t582819\/?partner_id=MKZ64IS&amp;utm_medium=online_publisher&amp;cmp=platser-att-besoka-rom\" target=\"_blank\" rel=\"sponsored noopener nofollow\">\n      <div class=\"lkx-card-img\" style=\"background-image:url('https:\/\/cdn.getyourguide.com\/img\/tour\/1e7a3bb0a8b0d6aab7a0a1fbdd8a19507261d42230532eac93d6bea6683b1113.jpg\/132.jpg')\" role=\"img\" aria-label=\"Rom: Intr\u00e4de till Colosseum, Forum, Palatinen och ljudguide\"><\/div>\n      <div class=\"lkx-card-body\">\n        <div class=\"lkx-title lkx-title-sm\">Rom: Intr\u00e4de till Colosseum, Forum, Palatinen och ljudguide<\/div>\n        <div class=\"lkx-proof lkx-proof-sm\">\n      <span class=\"lkx-stars\">\u2605<\/span>\n      <b>4.3<\/b> \u00b7 3 797\n    <\/div>\n        <div class=\"lkx-card-bottom\"><span class=\"lkx-price lkx-price-sm\">fr\u00e5n <b>29\u00a0EUR<\/b><\/span><span class=\"lkx-cta lkx-cta-sm\">Visa datum \u2192<\/span>\n        <\/div>\n      <\/div>\n    <\/a><\/div><div class=\"lkx-disclosure\">\ud83d\udd17 Affiliate-l\u00e4nkar \u2014 p\u00e5verkar inte ditt pris och hj\u00e4lper oss att skapa inneh\u00e5ll. \u00b7 <a href=\"https:\/\/www.getyourguide.com\/sv-se\/s\/?q=rome&amp;partner_id=MKZ64IS&amp;utm_medium=online_publisher\" target=\"_blank\" rel=\"sponsored noopener nofollow\">Alla upplevelser \u2192<\/a><\/div>\n<\/div>\n<!-- LKM_GYG_CARD end -->\n\n\n\n<h2 class=\"wp-block-heading\"><span class=\"ez-toc-section\" id=\"Vanliga_fragor\"><\/span>Vanliga fr\u00e5gor<span class=\"ez-toc-section-end\"><\/span><\/h2>\n\n\n<div id=\"rank-math-faq\" class=\"rank-math-block\">\n<div class=\"rank-math-list \">\n<div id=\"faq-question-1780164225000\" class=\"rank-math-list-item\">\n<h3 class=\"rank-math-question \"><span class=\"ez-toc-section\" id=\"Hur_manga_dagar_behover_jag_for_att_besoka_Rom\"><\/span>Hur m\u00e5nga dagar beh\u00f6ver jag f\u00f6r att bes\u00f6ka Rom?<span class=\"ez-toc-section-end\"><\/span><\/h3>\n<div class=\"rank-math-answer \">\n\n<p>Tre dagar \u00e4r det absoluta minimumet, under vilket du <strong>bara hinner med de allra viktigaste sev\u00e4rdheterna i enorm br\u00e5dska<\/strong>. Idealiskt \u00e4r att reservera fyra hela dagar f\u00f6r Rom, s\u00e5 att du i lugn och ro kan utforska Vatikanen, de antika minnesm\u00e4rkena och fortfarande ha tid \u00f6ver f\u00f6r att strosa runt i gr\u00e4nderna i den historiska stadsk\u00e4rnan med en kaffe i handen.<\/p>\n\n<\/div>\n<\/div>\n<div id=\"faq-question-1780164225001\" class=\"rank-math-list-item\">\n<h3 class=\"rank-math-question \"><span class=\"ez-toc-section\" id=\"Ar_kranvattnet_i_Rom_drickbart\"><\/span>\u00c4r kranvattnet i Rom drickbart?<span class=\"ez-toc-section-end\"><\/span><\/h3>\n<div class=\"rank-math-answer \">\n\n<p>Ja, vattnet \u00e4r helt s\u00e4kert och utm\u00e4rkt. K\u00f6p inte \u00f6verprisade plastflaskor fr\u00e5n gatuf\u00f6rs\u00e4ljare, utan <strong>ta med dig din egen \u00e5teranv\u00e4ndbara flaska<\/strong>. \u00d6ver hela staden finns tusentals gjutj\u00e4rnsfont\u00e4ner (s\u00e5 kallade nasoni) d\u00e4r det konstant rinner iskall och mycket uppfriskande vatten helt gratis.<\/p>\n\n<\/div>\n<\/div>\n<div id=\"faq-question-1780164225002\" class=\"rank-math-list-item\">\n<h3 class=\"rank-math-question \"><span class=\"ez-toc-section\" id=\"Galler_det_nagon_kladkod_pa_sevardheter\"><\/span>G\u00e4ller det n\u00e5gon kl\u00e4dkod p\u00e5 sev\u00e4rdheter?<span class=\"ez-toc-section-end\"><\/span><\/h3>\n<div class=\"rank-math-answer \">\n\n<p>Ja, och den \u00e4r mycket strikt, s\u00e5 var mycket uppm\u00e4rksam p\u00e5 detta. I Vatikanmuseerna, Peterskyrkan och Pantheon <strong>m\u00e5ste du ha axlar och kn\u00e4n t\u00e4ckta<\/strong>. Om du kommer i linne eller korta shorts kommer vakterna inte sl\u00e4ppa in dig \u00e4ven om du har giltig biljett, s\u00e5 ha alltid med dig en l\u00e4tt sjal i ryggs\u00e4cken p\u00e5 sommaren.<\/p>\n\n<\/div>\n<\/div>\n<div id=\"faq-question-1780164225003\" class=\"rank-math-list-item\">\n<h3 class=\"rank-math-question \"><span class=\"ez-toc-section\" id=\"Hur_tar_jag_mig_bast_fran_Fiumicino-flygplatsen_till_centrum\"><\/span>Hur tar jag mig b\u00e4st fr\u00e5n Fiumicino-flygplatsen till centrum?<span class=\"ez-toc-section-end\"><\/span><\/h3>\n<div class=\"rank-math-answer \">\n\n<p>Det snabbaste och bekv\u00e4maste alternativet \u00e4r <strong>direktt\u00e5get Leonardo Express<\/strong>, som tar dig utan stopp till huvudstationen Termini p\u00e5 exakt 32 minuter. Biljetten kostar 14 euro och t\u00e5gen g\u00e5r mycket ofta, vilket besparar dig stressen fr\u00e5n de of\u00f6ruts\u00e4gbara romerska trafikstockningarna, d\u00e4r de billigare flygplatsbussarna ofta fastnar.<\/p>\n\n<\/div>\n<\/div>\n<div id=\"faq-question-1780164225004\" class=\"rank-math-list-item\">\n<h3 class=\"rank-math-question \"><span class=\"ez-toc-section\" id=\"Kan_jag_ta_med_mig_ryggsack_till_Colosseum_eller_Vatikanen\"><\/span>Kan jag ta med mig ryggs\u00e4ck till Colosseum eller Vatikanen?<span class=\"ez-toc-section-end\"><\/span><\/h3>\n<div class=\"rank-math-answer \">\n\n<p>En liten stadssryggs\u00e4ck eller handv\u00e4ska \u00e4r inget problem, men <strong>med en stor ryggs\u00e4ck eller resv\u00e4ska sl\u00e4pps du inte in<\/strong>. Allt bagage m\u00e5ste g\u00e5 igenom r\u00f6ntgen precis som p\u00e5 flygplatsen och det \u00e4r str\u00e4ngt f\u00f6rbjudet att ta med sig glasflaskor, alkohol eller fickkniv, som vakterna kompromissl\u00f6st konfiskerar vid kontrollen.<\/p>\n\n<\/div>\n<\/div>\n<div id=\"faq-question-1780164225005\" class=\"rank-math-list-item\">\n<h3 class=\"rank-math-question \"><span class=\"ez-toc-section\" id=\"Hur_fungerar_kollektivtrafiken_i_Rom_och_vad_kostar_en_biljett\"><\/span>Hur fungerar kollektivtrafiken i Rom och vad kostar en biljett?<span class=\"ez-toc-section-end\"><\/span><\/h3>\n<div class=\"rank-math-answer \">\n\n<p>En vanlig \u00f6verg\u00e5ngsbiljett kostar f\u00f6r n\u00e4rvarande 1,50 euro, \u00e4ven om man pratar om prish\u00f6jning. Enklast \u00e4r att <strong>anv\u00e4nda det moderna Tap&amp;Go-systemet<\/strong>, d\u00e4r du vid den gula sp\u00e4rren i tunnelbanan eller bussen enkelt tippar med ditt vanliga betalkort. Systemet h\u00e5ller koll p\u00e5 allt sj\u00e4lv och begr\u00e4nsar automatiskt dina dagliga utgifter till 8,50 euro, s\u00e5 du beh\u00f6ver inte oroa dig f\u00f6r n\u00e5got.<\/p>\n\n<\/div>\n<\/div>\n<div id=\"faq-question-1780164225006\" class=\"rank-math-list-item\">\n<h3 class=\"rank-math-question \"><span class=\"ez-toc-section\" id=\"Ar_det_sakert_att_aka_med_buss_nummer_64_till_Vatikanen\"><\/span>\u00c4r det s\u00e4kert att \u00e5ka med buss nummer 64 till Vatikanen?<span class=\"ez-toc-section-end\"><\/span><\/h3>\n<div class=\"rank-math-answer \">\n\n<p>Denna linje, som f\u00f6rbinder stationen Termini med Vatikanen, \u00e4r <strong>\u00f6k\u00e4nd f\u00f6r organiserade ficktjuvsligor<\/strong>. Den \u00e4r extremt fullpackad och tjuvarna utnyttjar m\u00e4sterligt kaoset vid p\u00e5stigning. Om du m\u00e5ste \u00e5ka med den, ha alltid din ryggs\u00e4ck framf\u00f6r dig p\u00e5 magen och pl\u00e5nboken i en djup ficka med dragkedja, eller anv\u00e4nd hellre den s\u00e4krare tunnelbanelinjen A till stationen Ottaviano.<\/p>\n\n<\/div>\n<\/div>\n<div id=\"faq-question-1780164225007\" class=\"rank-math-list-item\">\n<h3 class=\"rank-math-question \"><span class=\"ez-toc-section\" id=\"Var_hittar_jag_offentliga_toaletter_i_centrum\"><\/span>Var hittar jag offentliga toaletter i centrum?<span class=\"ez-toc-section-end\"><\/span><\/h3>\n<div class=\"rank-math-answer \">\n\n<p>Klassiska offentliga toaletter finns knappt alls i Rom och de brukar vara avgiftsbelagda. Den b\u00e4sta strategin \u00e4r att <strong>g\u00e5 in i vilket h\u00f6rncaf\u00e9 som helst<\/strong>, k\u00f6pa en espresso vid kassan f\u00f6r cirka en euro och artigt fr\u00e5ga personalen om toaletten. Enligt lag m\u00e5ste n\u00e4mligen barer till\u00e5ta betalande kunder att anv\u00e4nda deras toalett.<\/p>\n\n<\/div>\n<\/div>\n<\/div>\n<\/div>","protected":false},"excerpt":{"rendered":"<p>Uppt\u00e4ck de 27 b\u00e4sta platserna i Rom, Italien! En praktisk guide full av tips p\u00e5 hur du slipper folkmassorna, var du bor och vad du inte f\u00e5r missa i den eviga staden.<\/p>\n","protected":false},"author":3,"featured_media":57924,"comment_status":"open","ping_status":"closed","sticky":false,"template":"","format":"standard","meta":{"_acf_changed":false,"footnotes":"","rank_math_title":"Rom, Italien: 40 b\u00e4sta platser att se","rank_math_description":"Planerar du en resa till Rom, Italien? H\u00e4r \u00e4r de 40 b\u00e4sta platserna, tips p\u00e5 hotell, v\u00e4der och hur du slipper k\u00f6erna. L\u00e4s guiden och packa v\u00e4skan nu!","rank_math_focus_keyword":"rom italien","rank_math_seo_score":""},"categories":[1178,1193,1162,1394],"tags":[],"class_list":["post-147121","post","type-post","status-publish","format-standard","has-post-thumbnail","category-europa","category-italien","category-resor","category-rom"],"acf":[],"featured_image_src":"https:\/\/loudavymkrokem.cz\/wp-content\/uploads\/2022\/07\/rim-lucka.jpg","author_info":{"display_name":"Lucie Kone\u010dn\u00e1","author_link":"https:\/\/loudavymkrokem.cz\/sv\/author\/lucie-konecna\/"},"_links":{"self":[{"href":"https:\/\/loudavymkrokem.cz\/sv\/wp-json\/wp\/v2\/posts\/147121","targetHints":{"allow":["GET"]}}],"collection":[{"href":"https:\/\/loudavymkrokem.cz\/sv\/wp-json\/wp\/v2\/posts"}],"about":[{"href":"https:\/\/loudavymkrokem.cz\/sv\/wp-json\/wp\/v2\/types\/post"}],"author":[{"embeddable":true,"href":"https:\/\/loudavymkrokem.cz\/sv\/wp-json\/wp\/v2\/users\/3"}],"replies":[{"embeddable":true,"href":"https:\/\/loudavymkrokem.cz\/sv\/wp-json\/wp\/v2\/comments?post=147121"}],"version-history":[{"count":0,"href":"https:\/\/loudavymkrokem.cz\/sv\/wp-json\/wp\/v2\/posts\/147121\/revisions"}],"wp:featuredmedia":[{"embeddable":true,"href":"https:\/\/loudavymkrokem.cz\/sv\/wp-json\/wp\/v2\/media\/57924"}],"wp:attachment":[{"href":"https:\/\/loudavymkrokem.cz\/sv\/wp-json\/wp\/v2\/media?parent=147121"}],"wp:term":[{"taxonomy":"category","embeddable":true,"href":"https:\/\/loudavymkrokem.cz\/sv\/wp-json\/wp\/v2\/categories?post=147121"},{"taxonomy":"post_tag","embeddable":true,"href":"https:\/\/loudavymkrokem.cz\/sv\/wp-json\/wp\/v2\/tags?post=147121"}],"curies":[{"name":"wp","href":"https:\/\/api.w.org\/{rel}","templated":true}]}}