{"id":80429,"date":"2023-12-08T21:31:26","date_gmt":"2023-12-08T20:31:26","guid":{"rendered":"https:\/\/loudavymkrokem.cz\/kam-na-dovolenku-v-spanielsku\/"},"modified":"2026-03-30T13:11:43","modified_gmt":"2026-03-30T11:11:43","slug":"kam-na-dovolenku-v-spanielsku","status":"publish","type":"post","link":"https:\/\/loudavymkrokem.cz\/sk\/kam-na-dovolenku-v-spanielsku\/","title":{"rendered":"Dovolenka v \u0160panielsku: 17 tipov, kam na dovolenku v \u0160panielsku"},"content":{"rendered":"\n<p>Ke\u010f sa povie <strong>dovolenka a \u0160panielsko<\/strong>, okam\u017eite si predstav\u00edme slnko, pl\u00e1\u017ee a priate\u013esk\u00fa atmosf\u00e9ru le\u017e\u00e9rnych \u0160panielov. Hoci <strong><a href=\"https:\/\/loudavymkrokem.cz\/sk\/dovolenka-spanielsko-20-najkrajsich-miest-v-andaluzii-itinerar-mapa\/\" data-type=\"post\" data-id=\"58942\" target=\"_blank\" rel=\"noreferrer noopener\">Andal\u00faziu<\/a><\/strong> m\u00e1me asi najrad\u0161ej a vraciame sa tam takmer ka\u017ed\u00fd rok, v <strong>\u0160panielsku je ve\u013ea kr\u00e1snych dovolenkov\u00fdch destin\u00e1ci\u00ed<\/strong>.  <\/p>\n\n<p>\u010ci u\u017e d\u00e1vate prednos\u0165 pobytu pri mori, spozn\u00e1vaniu historick\u00fdch pamiatok alebo akt\u00edvnej dovolenke na surfe \u010di v hor\u00e1ch, v <strong>\u0160panielsku si ur\u010dite pr\u00eddete na svoje.<\/strong><\/p>\n\n<figure class=\"wp-block-image size-large\"><img loading=\"lazy\" decoding=\"async\" width=\"700\" height=\"368\" src=\"https:\/\/loudavymkrokem.cz\/wp-content\/uploads\/2023\/12\/Kam-na-dovolenou-ve-Spanelsku-700x368.jpg\" alt=\"Dovolenka v &#x160;panielsku: Kam na dovolenku v &#x160;panielsku\" class=\"wp-image-78158\" title=\"\" srcset=\"https:\/\/loudavymkrokem.cz\/wp-content\/uploads\/2023\/12\/Kam-na-dovolenou-ve-Spanelsku-700x368.jpg 700w, https:\/\/loudavymkrokem.cz\/wp-content\/uploads\/2023\/12\/Kam-na-dovolenou-ve-Spanelsku-300x158.jpg 300w, https:\/\/loudavymkrokem.cz\/wp-content\/uploads\/2023\/12\/Kam-na-dovolenou-ve-Spanelsku-768x403.jpg 768w, https:\/\/loudavymkrokem.cz\/wp-content\/uploads\/2023\/12\/Kam-na-dovolenou-ve-Spanelsku-696x365.jpg 696w, https:\/\/loudavymkrokem.cz\/wp-content\/uploads\/2023\/12\/Kam-na-dovolenou-ve-Spanelsku.jpg 1200w\" sizes=\"auto, (max-width: 700px) 100vw, 700px\" \/><figcaption class=\"wp-element-caption\">Dovolenka v \u0160panielsku: Kam na dovolenku v \u0160panielsku<\/figcaption><\/figure>\n\n<div id=\"ez-toc-container\" class=\"ez-toc-v2_0_82_2 ez-toc-wrap-left counter-hierarchy ez-toc-counter ez-toc-grey ez-toc-container-direction\">\n<div class=\"ez-toc-title-container\">\n<p class=\"ez-toc-title\" style=\"cursor:inherit\">Obsah \u010dl\u00e1nku<\/p>\n<span class=\"ez-toc-title-toggle\"><a href=\"#\" class=\"ez-toc-pull-right ez-toc-btn ez-toc-btn-xs ez-toc-btn-default ez-toc-toggle\" aria-label=\"Toggle Table of Content\"><span class=\"ez-toc-js-icon-con\"><span class=\"\"><span class=\"eztoc-hide\" style=\"display:none;\">Toggle<\/span><span class=\"ez-toc-icon-toggle-span\"><svg style=\"fill: #999;color:#999\" xmlns=\"http:\/\/www.w3.org\/2000\/svg\" class=\"list-377408\" width=\"20px\" height=\"20px\" viewBox=\"0 0 24 24\" fill=\"none\"><path d=\"M6 6H4v2h2V6zm14 0H8v2h12V6zM4 11h2v2H4v-2zm16 0H8v2h12v-2zM4 16h2v2H4v-2zm16 0H8v2h12v-2z\" fill=\"currentColor\"><\/path><\/svg><svg style=\"fill: #999;color:#999\" class=\"arrow-unsorted-368013\" xmlns=\"http:\/\/www.w3.org\/2000\/svg\" width=\"10px\" height=\"10px\" viewBox=\"0 0 24 24\" version=\"1.2\" baseProfile=\"tiny\"><path d=\"M18.2 9.3l-6.2-6.3-6.2 6.3c-.2.2-.3.4-.3.7s.1.5.3.7c.2.2.4.3.7.3h11c.3 0 .5-.1.7-.3.2-.2.3-.5.3-.7s-.1-.5-.3-.7zM5.8 14.7l6.2 6.3 6.2-6.3c.2-.2.3-.5.3-.7s-.1-.5-.3-.7c-.2-.2-.4-.3-.7-.3h-11c-.3 0-.5.1-.7.3-.2.2-.3.5-.3.7s.1.5.3.7z\"\/><\/svg><\/span><\/span><\/span><\/a><\/span><\/div>\n<nav><ul class='ez-toc-list ez-toc-list-level-1 ' ><li class='ez-toc-page-1 ez-toc-heading-level-2'><a class=\"ez-toc-link ez-toc-heading-1\" href=\"https:\/\/loudavymkrokem.cz\/sk\/kam-na-dovolenku-v-spanielsku\/#Pocasie_Spanielsko_Kedy_ist_na_dovolenku_do_Spanielska\" >Po\u010dasie \u0160panielsko: Kedy \u00eds\u0165 na dovolenku do \u0160panielska<\/a><\/li><li class='ez-toc-page-1 ez-toc-heading-level-2'><a class=\"ez-toc-link ez-toc-heading-2\" href=\"https:\/\/loudavymkrokem.cz\/sk\/kam-na-dovolenku-v-spanielsku\/#Zajazdy_v_Spanielsku_Kde_najst_lacne_letenky_a_lacne_zajazdy\" >Z\u00e1jazdy v \u0160panielsku: Kde n\u00e1js\u0165 lacn\u00e9 letenky a lacn\u00e9 z\u00e1jazdy<\/a><\/li><li class='ez-toc-page-1 ez-toc-heading-level-2'><a class=\"ez-toc-link ez-toc-heading-3\" href=\"https:\/\/loudavymkrokem.cz\/sk\/kam-na-dovolenku-v-spanielsku\/#17_tipov_kam_ist_na_dovolenku_v_Spanielsku_nielen_k_moru\" >17 tipov, kam \u00eds\u0165 na dovolenku v \u0160panielsku nielen k moru<\/a><ul class='ez-toc-list-level-3' ><li class='ez-toc-heading-level-3'><a class=\"ez-toc-link ez-toc-heading-4\" href=\"https:\/\/loudavymkrokem.cz\/sk\/kam-na-dovolenku-v-spanielsku\/#Malaga_%E2%80%93_k_moru_na_Costa_del_Sol\" >Malaga &#8211; k moru na Costa del Sol<\/a><ul class='ez-toc-list-level-4' ><li class='ez-toc-heading-level-4'><a class=\"ez-toc-link ez-toc-heading-5\" href=\"https:\/\/loudavymkrokem.cz\/sk\/kam-na-dovolenku-v-spanielsku\/#Kde_sa_ubytovat_v_Malage\" >Kde sa ubytova\u0165 v Malage<\/a><\/li><\/ul><\/li><li class='ez-toc-page-1 ez-toc-heading-level-3'><a class=\"ez-toc-link ez-toc-heading-6\" href=\"https:\/\/loudavymkrokem.cz\/sk\/kam-na-dovolenku-v-spanielsku\/#Ibiza_%E2%80%93_surfovanie_nocny_zivot_a_aktivna_dovolenka\" >Ibiza &#8211; surfovanie, no\u010dn\u00fd \u017eivot a akt\u00edvna dovolenka<\/a><ul class='ez-toc-list-level-4' ><li class='ez-toc-heading-level-4'><a class=\"ez-toc-link ez-toc-heading-7\" href=\"https:\/\/loudavymkrokem.cz\/sk\/kam-na-dovolenku-v-spanielsku\/#Najlepsie_hotely_na_Ibize_Kde_sa_ubytovat\" >Najlep\u0161ie hotely na Ibize: Kde sa ubytova\u0165<\/a><\/li><\/ul><\/li><li class='ez-toc-page-1 ez-toc-heading-level-3'><a class=\"ez-toc-link ez-toc-heading-8\" href=\"https:\/\/loudavymkrokem.cz\/sk\/kam-na-dovolenku-v-spanielsku\/#Mallorca\" >Mallorca<\/a><ul class='ez-toc-list-level-4' ><li class='ez-toc-heading-level-4'><a class=\"ez-toc-link ez-toc-heading-9\" href=\"https:\/\/loudavymkrokem.cz\/sk\/kam-na-dovolenku-v-spanielsku\/#Kde_sa_ubytovat_na_Malorke_Najlepsie_hotely\" >Kde sa ubytova\u0165 na Malorke: Najlep\u0161ie hotely<\/a><\/li><\/ul><\/li><li class='ez-toc-page-1 ez-toc-heading-level-3'><a class=\"ez-toc-link ez-toc-heading-10\" href=\"https:\/\/loudavymkrokem.cz\/sk\/kam-na-dovolenku-v-spanielsku\/#Menorca\" >Menorca<\/a><ul class='ez-toc-list-level-4' ><li class='ez-toc-heading-level-4'><a class=\"ez-toc-link ez-toc-heading-11\" href=\"https:\/\/loudavymkrokem.cz\/sk\/kam-na-dovolenku-v-spanielsku\/#Kde_sa_ubytovat_na_Menorke\" >Kde sa ubytova\u0165 na Menorke<\/a><\/li><\/ul><\/li><li class='ez-toc-page-1 ez-toc-heading-level-3'><a class=\"ez-toc-link ez-toc-heading-12\" href=\"https:\/\/loudavymkrokem.cz\/sk\/kam-na-dovolenku-v-spanielsku\/#Kanarske_ostrovy\" >Kan\u00e1rske ostrovy<\/a><ul class='ez-toc-list-level-4' ><li class='ez-toc-heading-level-4'><a class=\"ez-toc-link ez-toc-heading-13\" href=\"https:\/\/loudavymkrokem.cz\/sk\/kam-na-dovolenku-v-spanielsku\/#Tenerife\" >Tenerife<\/a><\/li><li class='ez-toc-page-1 ez-toc-heading-level-4'><a class=\"ez-toc-link ez-toc-heading-14\" href=\"https:\/\/loudavymkrokem.cz\/sk\/kam-na-dovolenku-v-spanielsku\/#Gran_Canaria\" >Gran Canaria<\/a><\/li><li class='ez-toc-page-1 ez-toc-heading-level-4'><a class=\"ez-toc-link ez-toc-heading-15\" href=\"https:\/\/loudavymkrokem.cz\/sk\/kam-na-dovolenku-v-spanielsku\/#Lanzarote\" >Lanzarote<\/a><\/li><li class='ez-toc-page-1 ez-toc-heading-level-4'><a class=\"ez-toc-link ez-toc-heading-16\" href=\"https:\/\/loudavymkrokem.cz\/sk\/kam-na-dovolenku-v-spanielsku\/#Fuerteventura\" >Fuerteventura<\/a><\/li><li class='ez-toc-page-1 ez-toc-heading-level-4'><a class=\"ez-toc-link ez-toc-heading-17\" href=\"https:\/\/loudavymkrokem.cz\/sk\/kam-na-dovolenku-v-spanielsku\/#La_Palma\" >La Palma<\/a><\/li><li class='ez-toc-page-1 ez-toc-heading-level-4'><a class=\"ez-toc-link ez-toc-heading-18\" href=\"https:\/\/loudavymkrokem.cz\/sk\/kam-na-dovolenku-v-spanielsku\/#La_Gomera_a_El_Hierro\" >La Gomera a El Hierro<\/a><\/li><li class='ez-toc-page-1 ez-toc-heading-level-4'><a class=\"ez-toc-link ez-toc-heading-19\" href=\"https:\/\/loudavymkrokem.cz\/sk\/kam-na-dovolenku-v-spanielsku\/#Bilbao\" >Bilbao<\/a><\/li><\/ul><\/li><li class='ez-toc-page-1 ez-toc-heading-level-3'><a class=\"ez-toc-link ez-toc-heading-20\" href=\"https:\/\/loudavymkrokem.cz\/sk\/kam-na-dovolenku-v-spanielsku\/#San_Sebastian_%E2%80%93_pre_milovnikov_gastronomie_a_surfovania\" >San Sebasti\u00e1n &#8211; pre milovn\u00edkov gastron\u00f3mie a surfovania<\/a><ul class='ez-toc-list-level-4' ><li class='ez-toc-heading-level-4'><a class=\"ez-toc-link ez-toc-heading-21\" href=\"https:\/\/loudavymkrokem.cz\/sk\/kam-na-dovolenku-v-spanielsku\/#Kde_sa_ubytovat_v_San_Sebastiane\" >Kde sa ubytova\u0165 v San Sebasti\u00e1ne<\/a><\/li><\/ul><\/li><li class='ez-toc-page-1 ez-toc-heading-level-3'><a class=\"ez-toc-link ez-toc-heading-22\" href=\"https:\/\/loudavymkrokem.cz\/sk\/kam-na-dovolenku-v-spanielsku\/#Barcelona_%E2%80%93_Kam_na_predlzeny_vikend_v_Spanielsku\" >Barcelona &#8211; Kam na pred\u013a\u017een\u00fd v\u00edkend v \u0160panielsku<\/a><ul class='ez-toc-list-level-4' ><li class='ez-toc-heading-level-4'><a class=\"ez-toc-link ez-toc-heading-23\" href=\"https:\/\/loudavymkrokem.cz\/sk\/kam-na-dovolenku-v-spanielsku\/#Kde_sa_ubytovat_v_Barcelone\" >Kde sa ubytova\u0165 v Barcelone<\/a><\/li><\/ul><\/li><li class='ez-toc-page-1 ez-toc-heading-level-3'><a class=\"ez-toc-link ez-toc-heading-24\" href=\"https:\/\/loudavymkrokem.cz\/sk\/kam-na-dovolenku-v-spanielsku\/#Madrid\" >Madrid<\/a><ul class='ez-toc-list-level-4' ><li class='ez-toc-heading-level-4'><a class=\"ez-toc-link ez-toc-heading-25\" href=\"https:\/\/loudavymkrokem.cz\/sk\/kam-na-dovolenku-v-spanielsku\/#Kde_sa_ubytovat_v_Madride\" >Kde sa ubytova\u0165 v Madride<\/a><\/li><\/ul><\/li><li class='ez-toc-page-1 ez-toc-heading-level-3'><a class=\"ez-toc-link ez-toc-heading-26\" href=\"https:\/\/loudavymkrokem.cz\/sk\/kam-na-dovolenku-v-spanielsku\/#Sevilla_%E2%80%93_Andaluzia\" >Sevilla &#8211; Andal\u00fazia<\/a><ul class='ez-toc-list-level-4' ><li class='ez-toc-heading-level-4'><a class=\"ez-toc-link ez-toc-heading-27\" href=\"https:\/\/loudavymkrokem.cz\/sk\/kam-na-dovolenku-v-spanielsku\/#Kde_sa_ubytovat_v_Seville\" >Kde sa ubytova\u0165 v Seville<\/a><\/li><\/ul><\/li><li class='ez-toc-page-1 ez-toc-heading-level-3'><a class=\"ez-toc-link ez-toc-heading-28\" href=\"https:\/\/loudavymkrokem.cz\/sk\/kam-na-dovolenku-v-spanielsku\/#Granada_%E2%80%93_Andaluzia\" >Granada &#8211; Andal\u00fazia<\/a><ul class='ez-toc-list-level-4' ><li class='ez-toc-heading-level-4'><a class=\"ez-toc-link ez-toc-heading-29\" href=\"https:\/\/loudavymkrokem.cz\/sk\/kam-na-dovolenku-v-spanielsku\/#Kde_sa_ubytovat_v_Granade\" >Kde sa ubytova\u0165 v Granade?<\/a><\/li><\/ul><\/li><li class='ez-toc-page-1 ez-toc-heading-level-3'><a class=\"ez-toc-link ez-toc-heading-30\" href=\"https:\/\/loudavymkrokem.cz\/sk\/kam-na-dovolenku-v-spanielsku\/#Valencia\" >Valencia<\/a><ul class='ez-toc-list-level-4' ><li class='ez-toc-heading-level-4'><a class=\"ez-toc-link ez-toc-heading-31\" href=\"https:\/\/loudavymkrokem.cz\/sk\/kam-na-dovolenku-v-spanielsku\/#Kde_sa_ubytovat_vo_Valencii\" >Kde sa ubytova\u0165 vo Valencii?<\/a><\/li><\/ul><\/li><\/ul><\/li><li class='ez-toc-page-1 ez-toc-heading-level-2'><a class=\"ez-toc-link ez-toc-heading-32\" href=\"https:\/\/loudavymkrokem.cz\/sk\/kam-na-dovolenku-v-spanielsku\/#Casto_kladene_otazky\" >\u010casto kladen\u00e9 ot\u00e1zky<\/a><ul class='ez-toc-list-level-3' ><li class='ez-toc-heading-level-3'><a class=\"ez-toc-link ez-toc-heading-33\" href=\"https:\/\/loudavymkrokem.cz\/sk\/kam-na-dovolenku-v-spanielsku\/#Ktore_su_najkrajsie_spanielske_ostrovy\" >Ktor\u00e9 s\u00fa najkraj\u0161ie \u0161panielske ostrovy?<\/a><\/li><li class='ez-toc-page-1 ez-toc-heading-level-3'><a class=\"ez-toc-link ez-toc-heading-34\" href=\"https:\/\/loudavymkrokem.cz\/sk\/kam-na-dovolenku-v-spanielsku\/#Ktory_ostrov_je_najkrajsi_z_Kanarskych_ostrovov\" >Ktor\u00fd ostrov je najkraj\u0161\u00ed z Kan\u00e1rskych ostrovov?<\/a><\/li><li class='ez-toc-page-1 ez-toc-heading-level-3'><a class=\"ez-toc-link ez-toc-heading-35\" href=\"https:\/\/loudavymkrokem.cz\/sk\/kam-na-dovolenku-v-spanielsku\/#Kam_na_dovolenku_v_Spanielsku_v_zime\" >Kam na dovolenku v \u0160panielsku v zime?<\/a><\/li><li class='ez-toc-page-1 ez-toc-heading-level-3'><a class=\"ez-toc-link ez-toc-heading-36\" href=\"https:\/\/loudavymkrokem.cz\/sk\/kam-na-dovolenku-v-spanielsku\/#Kde_su_najkrajsie_plaze_v_Spanielsku\" >Kde s\u00fa najkraj\u0161ie pl\u00e1\u017ee v \u0160panielsku?<\/a><\/li><li class='ez-toc-page-1 ez-toc-heading-level-3'><a class=\"ez-toc-link ez-toc-heading-37\" href=\"https:\/\/loudavymkrokem.cz\/sk\/kam-na-dovolenku-v-spanielsku\/#Kam_na_dovolenku_s_detmi_v_Spanielsku\" >Kam na dovolenku s de\u0165mi v \u0160panielsku?<\/a><\/li><li class='ez-toc-page-1 ez-toc-heading-level-3'><a class=\"ez-toc-link ez-toc-heading-38\" href=\"https:\/\/loudavymkrokem.cz\/sk\/kam-na-dovolenku-v-spanielsku\/#Kde_surfovat_v_Spanielsku\" >Kde surfova\u0165 v \u0160panielsku?<\/a><\/li><li class='ez-toc-page-1 ez-toc-heading-level-3'><a class=\"ez-toc-link ez-toc-heading-39\" href=\"https:\/\/loudavymkrokem.cz\/sk\/kam-na-dovolenku-v-spanielsku\/#Kam_letecky_do_Spanielska\" >Kam letecky do \u0160panielska?<\/a><\/li><li class='ez-toc-page-1 ez-toc-heading-level-3'><a class=\"ez-toc-link ez-toc-heading-40\" href=\"https:\/\/loudavymkrokem.cz\/sk\/kam-na-dovolenku-v-spanielsku\/#Kam_do_Spanielska_s_detmi\" >Kam do \u0160panielska s de\u0165mi?<\/a><\/li><li class='ez-toc-page-1 ez-toc-heading-level-3'><a class=\"ez-toc-link ez-toc-heading-41\" href=\"https:\/\/loudavymkrokem.cz\/sk\/kam-na-dovolenku-v-spanielsku\/#Ake_su_plaze_v_Spanielsku\" >Ak\u00e9 s\u00fa pl\u00e1\u017ee v \u0160panielsku?<\/a><\/li><li class='ez-toc-page-1 ez-toc-heading-level-3'><a class=\"ez-toc-link ez-toc-heading-42\" href=\"https:\/\/loudavymkrokem.cz\/sk\/kam-na-dovolenku-v-spanielsku\/#Ake_je_more_v_Spanielsku\" >Ak\u00e9 je more v \u0160panielsku?<\/a><\/li><\/ul><\/li><\/ul><\/nav><\/div>\n<h2 class=\"wp-block-heading\"><span class=\"ez-toc-section\" id=\"Pocasie_Spanielsko_Kedy_ist_na_dovolenku_do_Spanielska\"><\/span>Po\u010dasie \u0160panielsko: Kedy \u00eds\u0165 na dovolenku do \u0160panielska<span class=\"ez-toc-section-end\"><\/span><\/h2>\n\n<p>Ak sa chcete k\u00fapa\u0165,<strong> mus\u00edte \u00eds\u0165 do \u0160panielska od j\u00fana do septembra<\/strong>, ale t\u00ed, ktor\u00ed chc\u00fa presk\u00fama\u0165 n\u00e1dhern\u00e9 miesta Andal\u00fazie, \u00eds\u0165 do Madridu alebo <strong><a href=\"https:\/\/loudavymkrokem.cz\/sk\/barcelona-spanielsko-co-vidiet\/\" data-type=\"post\" data-id=\"57855\" target=\"_blank\" rel=\"noreferrer noopener\">Barcelony<\/a><\/strong>, sa m\u00f4\u017eu spo\u013eahn\u00fa\u0165 na pr\u00edjemn\u00e9 po\u010dasie od marca do okt\u00f3bra. V Andal\u00fazii sa m\u00f4\u017eete vybra\u0165 na pozn\u00e1va\u010dku k\u013eudne aj vo febru\u00e1ri, my sme tam mali slne\u010dn\u00e9 po\u010dasie a kr\u00e1snych 20 stup\u0148ov.<\/p>\n\n<h2 class=\"wp-block-heading\"><span class=\"ez-toc-section\" id=\"Zajazdy_v_Spanielsku_Kde_najst_lacne_letenky_a_lacne_zajazdy\"><\/span>Z\u00e1jazdy v \u0160panielsku: Kde n\u00e1js\u0165 lacn\u00e9 letenky a lacn\u00e9 z\u00e1jazdy<span class=\"ez-toc-section-end\"><\/span><\/h2>\n\n<p>Z\u00e1jazdy m\u00f4\u017eete vyh\u013ead\u00e1va\u0165 na port\u00e1li <strong><a class=\"thirstylink\" rel=\"nofollow\" target=\"_blank\" title=\"Invia\" href=\"https:\/\/loudavymkrokem.cz\/sk\/doporucujeme\/invia\/\" data-shortcode=\"true\">Invia<\/a>,<\/strong> ktor\u00fd je najv\u00e4\u010d\u0161\u00edm slovensk\u00fdm port\u00e1lom so z\u00e1jazdmi s cestovn\u00fdmi kancel\u00e1riami. Ak neviete, ako na lacn\u00e9 letenky, pre\u010d\u00edtajte si n\u00e1\u0161 <strong><a href=\"https:\/\/loudavymkrokem.cz\/sk\/ako-na-letenky\/\" target=\"_blank\" data-type=\"post\" data-id=\"54533\" rel=\"noreferrer noopener\">\u010dl\u00e1nok. <\/a><\/strong> <\/p>\n\n<h2 class=\"wp-block-heading\"><span class=\"ez-toc-section\" id=\"17_tipov_kam_ist_na_dovolenku_v_Spanielsku_nielen_k_moru\"><\/span>17 tipov, kam \u00eds\u0165 na dovolenku v \u0160panielsku nielen k moru<span class=\"ez-toc-section-end\"><\/span><\/h2>\n\n<p>V \u0160panielsku je naozaj ve\u013emi ve\u013ea miest, kam sa d\u00e1 \u00eds\u0165 na dovolenku. Ka\u017ed\u00fd k\u00fat je trochu in\u00fd, ka\u017ed\u00fd ostrov m\u00e1 nie\u010do do seba a vy sa mus\u00edte sami rozhodn\u00fa\u0165, kde sa v\u00e1m p\u00e1\u010di najviac. <\/p>\n\n<p>Ak by ste sa n\u00e1s sp\u00fdtali, kam<strong> \u00eds\u0165 na dovolenku do \u0160panielska<\/strong>, pravdepodobne by sme v\u00e1s poslali do <strong><a href=\"https:\/\/loudavymkrokem.cz\/sk\/dovolenka-spanielsko-20-najkrajsich-miest-v-andaluzii-itinerar-mapa\/\" data-type=\"post\" data-id=\"58942\" target=\"_blank\" rel=\"noreferrer noopener\">Andal\u00fazie<\/a><\/strong>, ktor\u00e1 m\u00e1 od v\u0161etk\u00e9ho trochu. Po\u010fme sa v\u0161ak pozrie\u0165 na 17 najob\u013e\u00fabenej\u0161\u00edch destin\u00e1ci\u00ed na dovolenku v \u0160panielsku. <\/p>\n\n<h3 class=\"wp-block-heading\"><span class=\"ez-toc-section\" id=\"Malaga_%E2%80%93_k_moru_na_Costa_del_Sol\"><\/span>Malaga &#8211; k moru na Costa del Sol<span class=\"ez-toc-section-end\"><\/span><\/h3>\n\n<p>Kam na dovolenku v \u0160panielsku k moru? <strong><a href=\"https:\/\/loudavymkrokem.cz\/sk\/dovolenka-malaga\/\" data-type=\"post\" data-id=\"58968\" target=\"_blank\" rel=\"noreferrer noopener\">Malaga<\/a><\/strong> je jedn\u00fdm z najkraj\u0161\u00edch miest na ju\u017enom pobre\u017e\u00ed \u0160panielska, ktor\u00e9 sa nach\u00e1dza na kr\u00e1snom pobre\u017e\u00ed Costa del Sol. <strong>Mesto je ide\u00e1lnou destin\u00e1ciou pre t\u00fdch, ktor\u00ed chc\u00fa str\u00e1vi\u0165 pr\u00edjemn\u00fa dovolenku pri mori, ale z\u00e1rove\u0148 spozn\u00e1va\u0165 kr\u00e1sy Andal\u00fazie.<\/strong><\/p>\n\n<figure class=\"wp-block-image size-large\"><img loading=\"lazy\" decoding=\"async\" width=\"700\" height=\"467\" src=\"https:\/\/loudavymkrokem.cz\/wp-content\/uploads\/2023\/12\/Costa-del-Sol-kam-na-dovolenou-ve-Spanelsku-700x467.jpg\" alt=\"Costa del Sol - kam na dovolenku v &#x160;panielsku\" class=\"wp-image-78111\" title=\"\" srcset=\"https:\/\/loudavymkrokem.cz\/wp-content\/uploads\/2023\/12\/Costa-del-Sol-kam-na-dovolenou-ve-Spanelsku-700x467.jpg 700w, https:\/\/loudavymkrokem.cz\/wp-content\/uploads\/2023\/12\/Costa-del-Sol-kam-na-dovolenou-ve-Spanelsku-300x200.jpg 300w, https:\/\/loudavymkrokem.cz\/wp-content\/uploads\/2023\/12\/Costa-del-Sol-kam-na-dovolenou-ve-Spanelsku-768x512.jpg 768w, https:\/\/loudavymkrokem.cz\/wp-content\/uploads\/2023\/12\/Costa-del-Sol-kam-na-dovolenou-ve-Spanelsku-696x464.jpg 696w, https:\/\/loudavymkrokem.cz\/wp-content\/uploads\/2023\/12\/Costa-del-Sol-kam-na-dovolenou-ve-Spanelsku.jpg 1200w\" sizes=\"auto, (max-width: 700px) 100vw, 700px\" \/><figcaption class=\"wp-element-caption\">Kam na dovolenku v \u0160panielsku k moru? \u010co takto na pobre\u017eie Costa del Sol<\/figcaption><\/figure>\n\n<p>Medzi najob\u013e\u00fabenej\u0161ie pl\u00e1\u017ee v Malage patria:<\/p>\n\n<ul class=\"wp-block-list\">\n<li>Playa de La Malagueta<\/li>\n\n\n\n<li>Playa de La Caleta<\/li>\n\n\n\n<li>Playa de La Misericordia<\/li>\n<\/ul>\n\n<p>Okrem pl\u00e1\u017e\u00ed sa mesto p\u00fd\u0161i historick\u00fdmi pamiatkami a bohatou kult\u00farou. Nav\u0161t\u00edvte miesta ako:<\/p>\n\n<ul class=\"wp-block-list\">\n<li><strong>Alcazaba<\/strong> &#8211; arabsk\u00e1 pevnos\u0165 z 11. storo\u010dia.<\/li>\n\n\n\n<li><strong>Katedr\u00e1la v Malage<\/strong> &#8211; p\u00f4sobiv\u00e1 stavba zo 16. storo\u010dia.<\/li>\n\n\n\n<li><strong>Rodn\u00fd dom Pabla Picassa<\/strong> &#8211; tu si m\u00f4\u017eete pozrie\u0165 diela sl\u00e1vneho maliara a nahliadnu\u0165 do jeho \u017eivota.<\/li>\n<\/ul>\n\n<h4 class=\"wp-block-heading\"><span class=\"ez-toc-section\" id=\"Kde_sa_ubytovat_v_Malage\"><\/span>Kde sa ubytova\u0165 v Malage<span class=\"ez-toc-section-end\"><\/span><\/h4>\n\n<p>Skvele hodnoten\u00e9 je <strong><a rel=\"noreferrer noopener\" target=\"_blank\" href=\"https:\/\/www.stay22.com\/allez\/booking?aid=lukaskonecny&amp;campaign=loudavymkrokemcz-dovolenamalaga&amp;product=lma&amp;habl=false&amp;isinc=false&amp;source=direct&amp;medium=deeplink&amp;address=M%C3%A1laga%2C+M%C3%A1laga-Costa+del+Sol%2C+Andalusia%2C+Spain&amp;link=https%3A%2F%2Fwww.booking.com%2Fhotel%2Fes%2Festudio-en-torremolinos-centro.en-gb.html%3Faid%3D1479712%26sid%3Df53959048d701bb827c9af7e2d2d3933%26dist%3D0%26group_adults%3D2%26keep_landing%3D1%26no_rooms%3D1%26sb_price_type%3Dtotal%26type%3Dtotal\">ESTUDIO EN TORREMOLINOS CENTRO<\/a><\/strong> a <strong>B&amp;B <a class=\"thirstylink\" rel=\"nofollow\" target=\"_blank\" title=\"B&amp;B Casa Rub\u00ed\" href=\"https:\/\/loudavymkrokem.cz\/sk\/doporucujeme\/bb-casa-rubi\/\" data-shortcode=\"true\">Casa Rub\u00ed<\/a><\/strong>.<\/p>\n\n<h3 class=\"wp-block-heading\"><span class=\"ez-toc-section\" id=\"Ibiza_%E2%80%93_surfovanie_nocny_zivot_a_aktivna_dovolenka\"><\/span>Ibiza &#8211; surfovanie, no\u010dn\u00fd \u017eivot a akt\u00edvna dovolenka<span class=\"ez-toc-section-end\"><\/span><\/h3>\n\n<p>Ibiza je jedn\u00fdm z najzn\u00e1mej\u0161\u00edch ostrovov v \u0160panielsku, ktor\u00fd je zn\u00e1my svojimi kr\u00e1snymi pl\u00e1\u017eami, tane\u010dn\u00fdmi klubmi a bohat\u00fdm no\u010dn\u00fdm \u017eivotom. <strong>Hoci je Ibiza zn\u00e1ma svoj\u00edm no\u010dn\u00fdm \u017eivotom a pl\u00e1\u017eami, pon\u00faka ove\u013ea viac ako len miesto na p\u00e1rty.<\/strong> M\u00f4\u017eete si tu u\u017ei\u0165 <strong>surfovanie aj pohodov\u00fa dovolenku na pl\u00e1\u017ei.<\/strong><\/p>\n\n<p>Nav\u0161t\u00edvte <strong>Dalt Vila<\/strong>, pamiatku zap\u00edsan\u00fa na zozname svetov\u00e9ho dedi\u010dstva UNESCO v meste Ibiza. Toto historick\u00e9 centrum je obklopen\u00e9 stredovek\u00fdmi hradbami a jeho \u00fazke uli\u010dky a starobyl\u00e9 budovy odha\u013euj\u00fa bohat\u00fa hist\u00f3riu ostrova. M\u00f4\u017eete nav\u0161t\u00edvi\u0165 katedr\u00e1lu <strong>Santa Maria aj Archeologick\u00e9 m\u00fazeum<\/strong>.<\/p>\n\n<figure class=\"wp-block-image size-large\"><img loading=\"lazy\" decoding=\"async\" width=\"700\" height=\"467\" src=\"https:\/\/loudavymkrokem.cz\/wp-content\/uploads\/2023\/12\/Ibiza-kam-na-dovolenou-ve-Spanelsku-700x467.jpg\" alt=\"Dovolenka &#x160;panielsko: Ibiza\" class=\"wp-image-78121\" title=\"\" srcset=\"https:\/\/loudavymkrokem.cz\/wp-content\/uploads\/2023\/12\/Ibiza-kam-na-dovolenou-ve-Spanelsku-700x467.jpg 700w, https:\/\/loudavymkrokem.cz\/wp-content\/uploads\/2023\/12\/Ibiza-kam-na-dovolenou-ve-Spanelsku-300x200.jpg 300w, https:\/\/loudavymkrokem.cz\/wp-content\/uploads\/2023\/12\/Ibiza-kam-na-dovolenou-ve-Spanelsku-768x512.jpg 768w, https:\/\/loudavymkrokem.cz\/wp-content\/uploads\/2023\/12\/Ibiza-kam-na-dovolenou-ve-Spanelsku-696x464.jpg 696w, https:\/\/loudavymkrokem.cz\/wp-content\/uploads\/2023\/12\/Ibiza-kam-na-dovolenou-ve-Spanelsku.jpg 1200w\" sizes=\"auto, (max-width: 700px) 100vw, 700px\" \/><figcaption class=\"wp-element-caption\">Kam na dovolenku v \u0160panielsku k moru? Ak chcete str\u00e1vi\u0165 akt\u00edvnu dovolenku pri mori, vyberte sa na Ibizu.<\/figcaption><\/figure>\n\n<p>Oblas\u0165 <strong>Ses Salines, ktor\u00e1 je tie\u017e zap\u00edsan\u00e1 na zozname svetov\u00e9ho dedi\u010dstva UNESCO<\/strong>, je zn\u00e1ma svojimi so\u013en\u00fdmi pl\u00e1\u0148ami. Je domovom mnoh\u00fdch druhov vt\u00e1kov vr\u00e1tane <strong>plameniakov<\/strong>. <\/p>\n\n<p>Na Ibize nezabudnite ochutna\u0165 tradi\u010dn\u00e9 \u0161panielske jedl\u00e1, ktor\u00fdch z\u00e1kladom s\u00fa najm\u00e4 \u010derstv\u00e9 ryby a morsk\u00e9 plody. <strong><a href=\"https:\/\/loudavymkrokem.cz\/sk\/typicke-spanielske-jedlo\/\" target=\"_blank\" data-type=\"post\" data-id=\"77065\" rel=\"noreferrer noopener\">Typick\u00fdm \u0161panielskym jedlom<\/a> na Ibize je &#8222;bullit de peix&#8220;, rybie jedlo pod\u00e1van\u00e9 so zemiakmi a typickou rybou om\u00e1\u010dkou.<\/strong> Nezabudnite ochutna\u0165 miestne lik\u00e9ry, napr\u00edklad Hierbas Ibicencas.<\/p>\n\n<div class=\"gyg-iframe-container\" style=\"margin-bottom:1.5em\"><iframe style=\"border:0;height:100%;width:100%\" title=\"GetYourGuide activities widget\" src=\"https:\/\/widget.getyourguide.com\/default\/activities.frame?widget=wp_activities&amp;currency=CSK&amp;locale_code=en-GB&amp;number_of_items=3&amp;partner_id=MKZ64IS&amp;q=Ibiza\"><\/iframe><\/div>\n\n<p>Nav\u0161t\u00edvi\u0165 m\u00f4\u017eete aj miestne trhy, napr\u00edklad Las Dalias, kde n\u00e1jdete ru\u010dne vyr\u00e1ban\u00e9 \u0161perky, oble\u010denie a umeleck\u00e9 diela.<\/p>\n\n<p>L\u00e1ka v\u00e1s akt\u00edvnej\u0161ia dovolenka? Na Ibize n\u00e1jdete kr\u00e1sne turistick\u00e9 a cyklistick\u00e9 trasy. Presk\u00famajte napr\u00edklad <strong>Cala d&#8217;Hort <\/strong>s n\u00e1dhern\u00fdm v\u00fdh\u013eadom na <strong>mystick\u00fd ostrov Es Vedra<\/strong> alebo sa vyberte do chr\u00e1nen\u00fdch oblast\u00ed, ako je <strong>Parc Natural de ses Salines<\/strong>.<\/p>\n\n<h4 class=\"wp-block-heading\"><span class=\"ez-toc-section\" id=\"Najlepsie_hotely_na_Ibize_Kde_sa_ubytovat\"><\/span>Najlep\u0161ie hotely na Ibize: Kde sa ubytova\u0165<span class=\"ez-toc-section-end\"><\/span><\/h4>\n\n<p>Jedn\u00fdm z najlep\u0161\u00edch hotelov je ur\u010dite <strong><a class=\"thirstylink\" rel=\"nofollow\" target=\"_blank\" title=\"Hotel Rural &amp; Spa Can Curreu\" href=\"https:\/\/loudavymkrokem.cz\/sk\/doporucujeme\/hotel-rural-spa-can-curreu\/\" data-shortcode=\"true\">Hotel Rural<\/a> &amp; Spa Can Curreu<\/strong>, ktor\u00fd je v\u0161ak v hlavnej sez\u00f3ne \u010dasto pln\u00fd. <strong><a class=\"thirstylink\" rel=\"nofollow\" target=\"_blank\" title=\"Hotel Rural Xereca\" href=\"https:\/\/loudavymkrokem.cz\/sk\/doporucujeme\/hotel-rural-xereca\/\" data-shortcode=\"true\">Hotel Rural Xereca<\/a><\/strong> je tie\u017e skvel\u00fd.<\/p>\n\n<h3 class=\"wp-block-heading\"><span class=\"ez-toc-section\" id=\"Mallorca\"><\/span>Mallorca<span class=\"ez-toc-section-end\"><\/span><\/h3>\n\n<p>Mallorca, najv\u00e4\u010d\u0161\u00ed ostrov Bale\u00e1rskych ostrovov, pon\u00faka nieko\u013eko kr\u00e1snych pl\u00e1\u017e\u00ed a historick\u00fdch pamiatok, ktor\u00e9 s\u00fa ide\u00e1lne pre t\u00fdch, ktor\u00ed h\u013eadaj\u00fa kombin\u00e1ciu slnka, mora a kult\u00fary. <\/p>\n\n<p>Malorsk\u00e1 kuchy\u0148a je presl\u00e1ven\u00e1 a pozd\u013a\u017e pobre\u017eia sa nach\u00e1dza mno\u017estvo re\u0161taur\u00e1ci\u00ed s v\u00fdh\u013eadom na more. <strong>Ochutnajte \u0161peciality ako &#8222;sobrassada&#8220; (pikantn\u00e1 m\u00e4kk\u00e1 sal\u00e1ma) a &#8222;ensa\u00efmada&#8220; (sladk\u00e9 kysnut\u00e9 pe\u010divo) <\/strong>a vychutnajte si \u010derstv\u00e9 ryby a morsk\u00e9 plody v pr\u00edmorsk\u00fdch re\u0161taur\u00e1ci\u00e1ch a miestne v\u00edna. <\/p>\n\n<figure class=\"wp-block-image size-large\"><img loading=\"lazy\" decoding=\"async\" width=\"700\" height=\"467\" src=\"https:\/\/loudavymkrokem.cz\/wp-content\/uploads\/2023\/12\/Mallorca-kam-na-dovolenou-ve-Spanelsku-700x467.jpg\" alt=\"Mallorca - kam na dovolenku v &#x160;panielsku\" class=\"wp-image-78129\" title=\"\" srcset=\"https:\/\/loudavymkrokem.cz\/wp-content\/uploads\/2023\/12\/Mallorca-kam-na-dovolenou-ve-Spanelsku-700x467.jpg 700w, https:\/\/loudavymkrokem.cz\/wp-content\/uploads\/2023\/12\/Mallorca-kam-na-dovolenou-ve-Spanelsku-300x200.jpg 300w, https:\/\/loudavymkrokem.cz\/wp-content\/uploads\/2023\/12\/Mallorca-kam-na-dovolenou-ve-Spanelsku-768x512.jpg 768w, https:\/\/loudavymkrokem.cz\/wp-content\/uploads\/2023\/12\/Mallorca-kam-na-dovolenou-ve-Spanelsku-696x464.jpg 696w, https:\/\/loudavymkrokem.cz\/wp-content\/uploads\/2023\/12\/Mallorca-kam-na-dovolenou-ve-Spanelsku.jpg 1200w\" sizes=\"auto, (max-width: 700px) 100vw, 700px\" \/><figcaption class=\"wp-element-caption\">Mallorca je skvel\u00fd ostrov pre dovolenku vo dvojici, ale aj s mal\u00fdmi de\u0165mi<\/figcaption><\/figure>\n\n<p>Ur\u010dite nav\u0161t\u00edvte hlavn\u00e9 mesto Malorky &#8211; Palmu. Nav\u0161t\u00edvte <strong>katedr\u00e1lu La Seu, kr\u00e1\u013eovsk\u00fd pal\u00e1c Almudaina <\/strong>a miestne arabsk\u00e9 k\u00fapele.<\/p>\n\n<p>Pre akt\u00edvnej\u0161\u00edch je tu <strong>pohorie Serra de Tramuntana, zap\u00edsan\u00e9 na zozname svetov\u00e9ho dedi\u010dstva UNESCO<\/strong>, s \u00fachvatn\u00fdmi v\u00fdh\u013eadmi a n\u00e1dhern\u00fdmi turistick\u00fdmi chodn\u00edkmi. <\/p>\n\n<h4 class=\"wp-block-heading\"><span class=\"ez-toc-section\" id=\"Kde_sa_ubytovat_na_Malorke_Najlepsie_hotely\"><\/span>Kde sa ubytova\u0165 na Malorke: Najlep\u0161ie hotely<span class=\"ez-toc-section-end\"><\/span><\/h4>\n\n<p>Medzi najlep\u0161ie hotely na Malorke patr\u00ed <strong><a class=\"thirstylink\" rel=\"nofollow\" target=\"_blank\" title=\"Grupotel Parc Natural &amp; Spa\" href=\"https:\/\/loudavymkrokem.cz\/sk\/doporucujeme\/grupotel-parc-natural-spa\/\" data-shortcode=\"true\">Grupotel Parc Natural<\/a> &amp; Spa<\/strong>, ak cestujete bez det\u00ed, m\u00f4\u017eete vysk\u00fa\u0161a\u0165 <strong>Hipotels Bahia Cala Millor &#8211; Adults Only<\/strong>. <\/p>\n\n<h3 class=\"wp-block-heading\"><span class=\"ez-toc-section\" id=\"Menorca\"><\/span>Menorca<span class=\"ez-toc-section-end\"><\/span><\/h3>\n\n<p>Menorka sa \u010dasto pova\u017euje za <strong>pokojnej\u0161iu verziu susednej Malorky<\/strong>. Tento men\u0161\u00ed ostrov je ide\u00e1lny na cyklistick\u00fa dovolenku a spozn\u00e1vanie historick\u00fdch miest, ako s\u00fa Ciutadella a Mah\u00f3n. <\/p>\n\n<p>Tento ostrov je ide\u00e1lny pre t\u00fdch, ktor\u00ed h\u013eadaj\u00fa oddychov\u00fa dovolenku s kr\u00e1snymi pl\u00e1\u017eami a bohatou hist\u00f3riou, ktor\u00e1 siaha a\u017e do praveku. <strong>Menorka je zn\u00e1ma svojimi talaiotmi &#8211;<\/strong> starobyl\u00fdmi kamenn\u00fdmi stavbami, ktor\u00e9 poskytuj\u00fa fascinuj\u00faci poh\u013ead na d\u00e1vnu minulos\u0165 ostrova.<\/p>\n\n<figure class=\"wp-block-image size-large\"><img loading=\"lazy\" decoding=\"async\" width=\"700\" height=\"467\" src=\"https:\/\/loudavymkrokem.cz\/wp-content\/uploads\/2023\/12\/Menorca-kam-na-dovolenou-ve-Spanelsku-700x467.jpg\" alt=\"Menorca - kam na dovolenku v &#x160;panielsku\" class=\"wp-image-78133\" title=\"\" srcset=\"https:\/\/loudavymkrokem.cz\/wp-content\/uploads\/2023\/12\/Menorca-kam-na-dovolenou-ve-Spanelsku-700x467.jpg 700w, https:\/\/loudavymkrokem.cz\/wp-content\/uploads\/2023\/12\/Menorca-kam-na-dovolenou-ve-Spanelsku-300x200.jpg 300w, https:\/\/loudavymkrokem.cz\/wp-content\/uploads\/2023\/12\/Menorca-kam-na-dovolenou-ve-Spanelsku-768x512.jpg 768w, https:\/\/loudavymkrokem.cz\/wp-content\/uploads\/2023\/12\/Menorca-kam-na-dovolenou-ve-Spanelsku-696x464.jpg 696w, https:\/\/loudavymkrokem.cz\/wp-content\/uploads\/2023\/12\/Menorca-kam-na-dovolenou-ve-Spanelsku.jpg 1200w\" sizes=\"auto, (max-width: 700px) 100vw, 700px\" \/><figcaption class=\"wp-element-caption\">Dovolenka v \u0160panielsku pri mori: Menorca<\/figcaption><\/figure>\n\n<p>Nezabudnite ochutna\u0165 <strong>miestny syr Mah\u00f3n, ktor\u00fd m\u00e1 chr\u00e1nen\u00e9 ozna\u010denie p\u00f4vodu, a tradi\u010dn\u00fa sladk\u00fa Ensaimadu<\/strong>. Miestne re\u0161taur\u00e1cie pon\u00fakaj\u00fa aj \u010derstv\u00e9 ryby a morsk\u00e9 plody, ktor\u00e9 s\u00fa neodmyslite\u013enou s\u00fa\u010das\u0165ou kulin\u00e1rskeho z\u00e1\u017eitku na ostrove.<\/p>\n\n<p>Na ostrove sa nach\u00e1dza nieko\u013eko pr\u00edrodn\u00fdch rezerv\u00e1ci\u00ed a pon\u00faka n\u00e1dhern\u00e9 turistick\u00e9 trasy, ktor\u00e9 ved\u00fa malebnou krajinou. <strong>Medzi ob\u013e\u00faben\u00e9 miesta patr\u00ed pr\u00edrodn\u00fd park S&#8217;Albufera des Grau.<\/strong><\/p>\n\n<h4 class=\"wp-block-heading\"><span class=\"ez-toc-section\" id=\"Kde_sa_ubytovat_na_Menorke\"><\/span>Kde sa ubytova\u0165 na Menorke<span class=\"ez-toc-section-end\"><\/span><\/h4>\n\n<p>Medzi najlep\u0161ie hotely priamo na pl\u00e1\u017ei patr\u00ed <strong><a class=\"thirstylink\" rel=\"nofollow\" target=\"_blank\" title=\"Villa Forte\" href=\"https:\/\/loudavymkrokem.cz\/sk\/doporucujeme\/villa-forte\/\" data-shortcode=\"true\">Villa Forte<\/a><\/strong>, ak sa chyst\u00e1te bez det\u00ed alebo s de\u0165mi star\u0161\u00edmi ako 12 rokov, pozrite sa na <strong>Hotel Villa Chiquita &#8211; Adults Only &#8211; Over 12<\/strong>. <\/p>\n\n<h3 class=\"wp-block-heading\"><span class=\"ez-toc-section\" id=\"Kanarske_ostrovy\"><\/span>Kan\u00e1rske ostrovy<span class=\"ez-toc-section-end\"><\/span><\/h3>\n\n<p>Kan\u00e1rske ostrovy, zn\u00e1me aj ako &#8222;ostrovy ve\u010dnej jari&#8220;, s\u00fa <strong>\u0161panielskym s\u00faostrov\u00edm v Atlantickom oce\u00e1ne<\/strong>, ktor\u00e9 je ob\u013e\u00faben\u00e9 pre svoje pr\u00edjemn\u00e9 po\u010dasie po\u010das cel\u00e9ho roka, rozmanit\u00fa krajinu a bohat\u00fa kult\u00faru.<strong> Na\u0161i priatelia tam tr\u00e1via aj Vianoce alebo dokonca cel\u00fa zimu. <\/strong> <\/p>\n\n<figure class=\"wp-block-image size-large\"><img loading=\"lazy\" decoding=\"async\" width=\"700\" height=\"467\" src=\"https:\/\/loudavymkrokem.cz\/wp-content\/uploads\/2023\/12\/Kanarske-ostrovy-kam-na-dovolenou-ve-Spanelsku-700x467.jpg\" alt=\"Kan&#xE1;rske ostrovy\" class=\"wp-image-78125\" title=\"\" srcset=\"https:\/\/loudavymkrokem.cz\/wp-content\/uploads\/2023\/12\/Kanarske-ostrovy-kam-na-dovolenou-ve-Spanelsku-700x467.jpg 700w, https:\/\/loudavymkrokem.cz\/wp-content\/uploads\/2023\/12\/Kanarske-ostrovy-kam-na-dovolenou-ve-Spanelsku-300x200.jpg 300w, https:\/\/loudavymkrokem.cz\/wp-content\/uploads\/2023\/12\/Kanarske-ostrovy-kam-na-dovolenou-ve-Spanelsku-768x512.jpg 768w, https:\/\/loudavymkrokem.cz\/wp-content\/uploads\/2023\/12\/Kanarske-ostrovy-kam-na-dovolenou-ve-Spanelsku-696x464.jpg 696w, https:\/\/loudavymkrokem.cz\/wp-content\/uploads\/2023\/12\/Kanarske-ostrovy-kam-na-dovolenou-ve-Spanelsku.jpg 1200w\" sizes=\"auto, (max-width: 700px) 100vw, 700px\" \/><\/figure>\n\n<h4 class=\"wp-block-heading\"><span class=\"ez-toc-section\" id=\"Tenerife\"><\/span>Tenerife<span class=\"ez-toc-section-end\"><\/span><\/h4>\n\n<p>Na Tenerife, najv\u00e4\u010d\u0161om z Kan\u00e1rskych ostrovov, sa nach\u00e1dza impozantn\u00e1 sopka <strong>El Teide, najvy\u0161\u0161\u00ed bod \u0160panielska<\/strong>. Ostrov pon\u00faka kr\u00e1sne pl\u00e1\u017ee, ob\u013e\u00faben\u00e9 rezorty pre rodiny a bohat\u00fd no\u010dn\u00fd \u017eivot. <\/p>\n\n<p><strong>Tip na ubytovanie: <a class=\"thirstylink\" rel=\"nofollow\" target=\"_blank\" title=\"Apartamentos Vista Sur\" href=\"https:\/\/loudavymkrokem.cz\/sk\/doporucujeme\/apartamentos-vista-sur\/\" data-shortcode=\"true\">Apartamentos Vista Sur<\/a><\/strong><\/p>\n\n<h4 class=\"wp-block-heading\"><span class=\"ez-toc-section\" id=\"Gran_Canaria\"><\/span>Gran Canaria<span class=\"ez-toc-section-end\"><\/span><\/h4>\n\n<p>Gran Canaria je zn\u00e1ma svojou rozmanitos\u0165ou &#8211; od pieso\u010dn\u00fdch d\u00fan v Maspalomas po zelen\u00e9 horsk\u00e9 \u00fadolia. <strong>Ostrov je ide\u00e1lny pre turistov, ktor\u00ed h\u013eadaj\u00fa kombin\u00e1ciu oddychu na pl\u00e1\u017ei a outdoorov\u00fdch aktiv\u00edt<\/strong>. Nezabudnite nav\u0161t\u00edvi\u0165 hlavn\u00e9 mesto Las Palmas, kde sa m\u00f4\u017eete ponori\u0165 do miestnej kult\u00fary a hist\u00f3rie.<\/p>\n\n<p><strong>Tip na rezort: <a class=\"thirstylink\" rel=\"nofollow\" target=\"_blank\" title=\"Radisson Blu Resort\" href=\"https:\/\/loudavymkrokem.cz\/sk\/doporucujeme\/radisson-blu-resort\/\" data-shortcode=\"true\">Radisson Blu Resort<\/a> Gran Canaria<\/strong><\/p>\n\n<h4 class=\"wp-block-heading\"><span class=\"ez-toc-section\" id=\"Lanzarote\"><\/span>Lanzarote<span class=\"ez-toc-section-end\"><\/span><\/h4>\n\n<p>Na Lanzarote, zn\u00e1mom svojou jedine\u010dnou<strong> sope\u010dnou krajinou, sa nach\u00e1dza n\u00e1rodn\u00fd park Timanfaya <\/strong>. Tento ostrov je ide\u00e1lny pre t\u00fdch, ktor\u00ed chc\u00fa str\u00e1vi\u0165 akt\u00edvnej\u0161iu dovolenku objavovan\u00edm nezvy\u010dajn\u00fdch <strong>pr\u00edrodn\u00fdch scen\u00e9ri\u00ed <\/strong>. Nav\u0161t\u00edvte tu aj <strong>Jard\u00edn de Cactus <\/strong>a objavte dielo miestneho umelca<strong> C\u00e9sara Manriqueho<\/strong>.<\/p>\n\n<p>Tip na ubytovanie pri mori: <strong><a class=\"thirstylink\" rel=\"nofollow\" target=\"_blank\" title=\"Canaryislandshost l The Secret Suites\" href=\"https:\/\/loudavymkrokem.cz\/sk\/doporucujeme\/canaryislandshost-l-the-secret-suites\/\" data-shortcode=\"true\">Canaryislandshost l The Secret Suites<\/a><\/strong><\/p>\n\n<h4 class=\"wp-block-heading\"><span class=\"ez-toc-section\" id=\"Fuerteventura\"><\/span>Fuerteventura<span class=\"ez-toc-section-end\"><\/span><\/h4>\n\n<p>Fuerteventura je rajom pre milovn\u00edkov <strong>vodn\u00fdch \u0161portov, najm\u00e4 windsurfingu a kitesurfingu<\/strong>. Ostrov m\u00e1 nekone\u010dn\u00e9 pl\u00e1\u017ee s bielym pieskom, ktor\u00e9 s\u00fa ide\u00e1lne na relax\u00e1ciu a opa\u013eovanie. <strong>Corralejo a Jand\u00eda <\/strong>s\u00fa ob\u013e\u00faben\u00e9 oblasti pre turistov, ktor\u00ed h\u013eadaj\u00fa oddych a z\u00e1bavu.<\/p>\n\n<p>Tip na ubytovanie pri pl\u00e1\u017ei:<strong> INNSiDE by Meli\u00e1 Fuerteventura &#8211; Adults Only<\/strong><\/p>\n\n<h4 class=\"wp-block-heading\"><span class=\"ez-toc-section\" id=\"La_Palma\"><\/span>La Palma<span class=\"ez-toc-section-end\"><\/span><\/h4>\n\n<p>Ostrov La Palma, \u010dasto naz\u00fdvan\u00fd &#8222;La Isla Bonita&#8220; (Kr\u00e1sny ostrov), je ide\u00e1lny na turistiku a spozn\u00e1vanie pr\u00edrodn\u00fdch kr\u00e1s. Ostrov pon\u00faka hust\u00e9 lesy, kr\u00e1sne skaln\u00e9 \u00fatvary a je ide\u00e1lny na pozorovanie no\u010dnej oblohy v\u010faka minim\u00e1lnemu sveteln\u00e9mu zne\u010disteniu.<\/p>\n\n<p>Tip na romantick\u00e9 ubytovanie pre dvoch: <strong>Hotel Hacienda de Abajo &#8211; Adults Only &#8211; Lujo<\/strong><\/p>\n\n<div class=\"gyg-iframe-container\" style=\"margin-bottom:1.5em\"><iframe style=\"border:0;height:100%;width:100%\" title=\"GetYourGuide activities widget\" src=\"https:\/\/widget.getyourguide.com\/default\/activities.frame?widget=wp_activities&amp;currency=CSK&amp;locale_code=en-GB&amp;number_of_items=1&amp;partner_id=MKZ64IS&amp;q=la%20palma\"><\/iframe><\/div>\n\n<h4 class=\"wp-block-heading\"><span class=\"ez-toc-section\" id=\"La_Gomera_a_El_Hierro\"><\/span>La Gomera a El Hierro<span class=\"ez-toc-section-end\"><\/span><\/h4>\n\n<p>Pre t\u00fdch, ktor\u00ed si chc\u00fa odd\u00fdchnu\u0165 <strong>mimo hlavn\u00e9ho turistick\u00e9ho ruchu<\/strong>, s\u00fa ide\u00e1lne ostrovy La Gomera a El Hierro. Tieto men\u0161ie ostrovy s\u00fa skvel\u00e9 na turistiku, pozorovanie pr\u00edrody a spozn\u00e1vanie autentickej kan\u00e1rskej kult\u00fary.<\/p>\n\n<h4 class=\"wp-block-heading\"><span class=\"ez-toc-section\" id=\"Bilbao\"><\/span>Bilbao<span class=\"ez-toc-section-end\"><\/span><\/h4>\n\n<p>Bilbao je jedno z najkraj\u0161\u00edch miest v \u0160panielsku, ktor\u00e9 sme nav\u0161t\u00edvili vo febru\u00e1ri cestou do <strong><a href=\"https:\/\/loudavymkrokem.cz\/sk\/roadtrip-algarve-portugalsko\/\" data-type=\"post\" data-id=\"58919\" target=\"_blank\" rel=\"noreferrer noopener\">Portugalska<\/a><\/strong>. Nach\u00e1dza sa v <strong>Baskicku<\/strong> na severe krajiny. Mesto je zn\u00e1me svojou bohatou <strong>kult\u00farou<\/strong>, <strong>hist\u00f3riou<\/strong> a <strong>jedlom<\/strong>. <\/p>\n\n<figure class=\"wp-block-image size-large\"><img loading=\"lazy\" decoding=\"async\" width=\"700\" height=\"467\" src=\"https:\/\/loudavymkrokem.cz\/wp-content\/uploads\/2023\/12\/Bilbao-kam-na-dovolenou-ve-Spanelsku-700x467.jpg\" alt=\"Kam &#xED;s&#x165; na pred&#x13A;&#x17E;en&#xFD; v&#xED;kend v &#x160;panielsku? &#x10C;o tak do Bilbaa\" class=\"wp-image-78117\" title=\"\" srcset=\"https:\/\/loudavymkrokem.cz\/wp-content\/uploads\/2023\/12\/Bilbao-kam-na-dovolenou-ve-Spanelsku-700x467.jpg 700w, https:\/\/loudavymkrokem.cz\/wp-content\/uploads\/2023\/12\/Bilbao-kam-na-dovolenou-ve-Spanelsku-300x200.jpg 300w, https:\/\/loudavymkrokem.cz\/wp-content\/uploads\/2023\/12\/Bilbao-kam-na-dovolenou-ve-Spanelsku-768x512.jpg 768w, https:\/\/loudavymkrokem.cz\/wp-content\/uploads\/2023\/12\/Bilbao-kam-na-dovolenou-ve-Spanelsku-696x464.jpg 696w, https:\/\/loudavymkrokem.cz\/wp-content\/uploads\/2023\/12\/Bilbao-kam-na-dovolenou-ve-Spanelsku.jpg 1200w\" sizes=\"auto, (max-width: 700px) 100vw, 700px\" \/><figcaption class=\"wp-element-caption\">Kam \u00eds\u0165 na pred\u013a\u017een\u00fd v\u00edkend v \u0160panielsku? \u010co tak do Bilbaa<\/figcaption><\/figure>\n\n<p>V Bilbau si nenechajte ujs\u0165 <strong>Guggenheimovo m\u00fazeum<\/strong>, ktor\u00e9 je ikonickou budovou s rozsiahlou zbierkou modern\u00e9ho a s\u00fa\u010dasn\u00e9ho umenia. Je jedn\u00fdm z najzn\u00e1mej\u0161\u00edch symbolov mesta a navrhol ho <strong>sl\u00e1vny architekt <a href=\"https:\/\/cs.wikipedia.org\/wiki\/Frank_Gehry\" target=\"_blank\" rel=\"noreferrer noopener\">Frank Gehry <\/a><\/strong>. <\/p>\n\n<p>Bilbao m\u00e1 samozrejme kr\u00e1sne historick\u00e9 centrum, a ak ste tu, ur\u010dite nav\u0161t\u00edvte miestny trh <strong>Mercado de la Ribera<\/strong>. Tento ve\u013ek\u00fd tradi\u010dn\u00fd trh je ide\u00e1lnym miestom na ochutn\u00e1vku prav\u00fdch <strong>baskick\u00fdch jed\u00e1l <\/strong>a spozn\u00e1vanie miestnych kulin\u00e1rskych trad\u00edci\u00ed.<\/p>\n\n<h5 class=\"wp-block-heading\">Kde sa ubytova\u0165 v Bilbau<\/h5>\n\n<p>Ak nie je pln\u00fd, pozrite sa na <strong><a class=\"thirstylink\" rel=\"nofollow\" target=\"_blank\" title=\"Bilder Boutique Hotel\" href=\"https:\/\/loudavymkrokem.cz\/sk\/doporucujeme\/bilder-boutique-hotel\/\" data-shortcode=\"true\">Bilder Boutique Hotel<\/a>.<\/strong> <\/p>\n\n<h3 class=\"wp-block-heading\"><span class=\"ez-toc-section\" id=\"San_Sebastian_%E2%80%93_pre_milovnikov_gastronomie_a_surfovania\"><\/span>San Sebasti\u00e1n &#8211; pre milovn\u00edkov gastron\u00f3mie a surfovania<span class=\"ez-toc-section-end\"><\/span><\/h3>\n\n<p>San Sebasti\u00e1n, alebo baskicky Donostia, je n\u00e1dhern\u00e9 mesto na severe \u0160panielska, ktor\u00e9 sa nach\u00e1dza na pobre\u017e\u00ed Atlantick\u00e9ho oce\u00e1nu v Baskicku. <\/p>\n\n<p>San Sebasti\u00e1n je jedn\u00fdm z najd\u00f4le\u017eitej\u0161\u00edch<strong> <\/strong>centrov svetovej <strong>gastron\u00f3mie<\/strong> a je zn\u00e1me najm\u00e4 vysokou <strong>koncentr\u00e1ciou re\u0161taur\u00e1ci\u00ed ocenen\u00fdch Michelinsk\u00fdmi hviezdi\u010dkami<\/strong>. Toto mesto je pova\u017eovan\u00e9 za raj pre gurm\u00e1nov a pon\u00faka jedny z najlep\u0161\u00edch kulin\u00e1rskych z\u00e1\u017eitkov v \u0160panielsku a na svete.<\/p>\n\n<figure class=\"wp-block-image size-full\"><img loading=\"lazy\" decoding=\"async\" width=\"1024\" height=\"683\" src=\"https:\/\/loudavymkrokem.cz\/wp-content\/uploads\/2023\/05\/IMG_1150-1024x683.jpg\" alt=\"&#xDA;&#x17E;asn&#xE1; kaviare&#x148; v San Sebasti&#xE1;ne, jedin&#xE9; m&#xED;nus, nemali alternat&#xED;vu k mlieku\" class=\"wp-image-61185\" title=\"\" srcset=\"https:\/\/loudavymkrokem.cz\/wp-content\/uploads\/2023\/05\/IMG_1150-1024x683.jpg 1024w, https:\/\/loudavymkrokem.cz\/wp-content\/uploads\/2023\/05\/IMG_1150-1024x683-300x200.jpg 300w, https:\/\/loudavymkrokem.cz\/wp-content\/uploads\/2023\/05\/IMG_1150-1024x683-768x512.jpg 768w\" sizes=\"auto, (max-width: 1024px) 100vw, 1024px\" \/><figcaption class=\"wp-element-caption\">\u00da\u017easn\u00e1 kaviare\u0148 v San Sebasti\u00e1ne<\/figcaption><\/figure>\n\n<p>Nav\u0161t\u00edvte napr\u00edklad rodinn\u00fa re\u0161taur\u00e1ciu <strong>Arzak<\/strong>, ktor\u00fa vedie \u0161\u00e9fkuch\u00e1r Juan Mari Arzak a jeho dc\u00e9ra Elena, alebo re\u0161taur\u00e1ciu <strong>Mugaritz<\/strong>, ktor\u00fa vedie \u0161\u00e9fkuch\u00e1r Andoni Luis Aduriz a ktor\u00e1 m\u00e1 dokonca dve Michelinsk\u00e9 hviezdy. <\/p>\n\n<p>Jednou z hlavn\u00fdch atrakci\u00ed San Sebasti\u00e1nu je<strong> pl\u00e1\u017e La Concha<\/strong>, zn\u00e1ma svoj\u00edm jemn\u00fdm bielym pieskom. Aj samotn\u00e9 mesto je n\u00e1dhern\u00e9, nav\u0161t\u00edvte napr\u00edklad Baziliku sv\u00e4t\u00e9ho Vincenta a n\u00e1mestie Plaza de la Constituci\u00f3n.<\/p>\n\n<figure class=\"wp-block-image size-large\"><img loading=\"lazy\" decoding=\"async\" width=\"700\" height=\"467\" src=\"https:\/\/loudavymkrokem.cz\/wp-content\/uploads\/2023\/12\/San-Sebastian-kam-na-dovolenou-ve-Spanelsku-700x467.jpg\" alt=\"San Sebastian\" class=\"wp-image-78137\" title=\"\" srcset=\"https:\/\/loudavymkrokem.cz\/wp-content\/uploads\/2023\/12\/San-Sebastian-kam-na-dovolenou-ve-Spanelsku-700x467.jpg 700w, https:\/\/loudavymkrokem.cz\/wp-content\/uploads\/2023\/12\/San-Sebastian-kam-na-dovolenou-ve-Spanelsku-300x200.jpg 300w, https:\/\/loudavymkrokem.cz\/wp-content\/uploads\/2023\/12\/San-Sebastian-kam-na-dovolenou-ve-Spanelsku-768x512.jpg 768w, https:\/\/loudavymkrokem.cz\/wp-content\/uploads\/2023\/12\/San-Sebastian-kam-na-dovolenou-ve-Spanelsku-696x464.jpg 696w, https:\/\/loudavymkrokem.cz\/wp-content\/uploads\/2023\/12\/San-Sebastian-kam-na-dovolenou-ve-Spanelsku.jpg 1200w\" sizes=\"auto, (max-width: 700px) 100vw, 700px\" \/><\/figure>\n\n<p><strong>Pre najlep\u0161\u00ed v\u00fdh\u013ead na mesto<\/strong> a okolit\u00fa krajinu vyrazte na <strong>Monte Igueldo <\/strong>. Lanovka v\u00e1s vyvezie na vrchol kopca, odkia\u013e si m\u00f4\u017eete vychutna\u0165 panoramatick\u00fd v\u00fdh\u013ead.<\/p>\n\n<p>San Sebasti\u00e1n nie je len o pl\u00e1\u017each a jedle, ale pon\u00faka aj ve\u013ea mo\u017enost\u00ed pre milovn\u00edkov surfovania. <\/p>\n\n<h4 class=\"wp-block-heading\"><span class=\"ez-toc-section\" id=\"Kde_sa_ubytovat_v_San_Sebastiane\"><\/span>Kde sa ubytova\u0165 v San Sebasti\u00e1ne<span class=\"ez-toc-section-end\"><\/span><\/h4>\n\n<p>Jedn\u00fdm z najlep\u0161\u00edch hotelov v San Sebasti\u00e1ne je <strong><a class=\"thirstylink\" rel=\"nofollow\" target=\"_blank\" title=\"Villa Eugenia Boutique Hotel\" href=\"https:\/\/loudavymkrokem.cz\/sk\/doporucujeme\/villa-eugenia-boutique-hotel\/\" data-shortcode=\"true\">Villa Eugenia Boutique Hotel<\/a><\/strong>.<\/p>\n\n<h3 class=\"wp-block-heading\"><span class=\"ez-toc-section\" id=\"Barcelona_%E2%80%93_Kam_na_predlzeny_vikend_v_Spanielsku\"><\/span>Barcelona &#8211; Kam na pred\u013a\u017een\u00fd v\u00edkend v \u0160panielsku<span class=\"ez-toc-section-end\"><\/span><\/h3>\n\n<p><strong><a href=\"https:\/\/loudavymkrokem.cz\/sk\/barcelona-spanielsko-co-vidiet\/\" data-type=\"post\" data-id=\"57855\" target=\"_blank\" rel=\"noreferrer noopener\">Barcelona<\/a><\/strong> je ide\u00e1lna na pred\u013a\u017een\u00fd v\u00edkend v \u0160panielsku. Jednou z hlavn\u00fdch atrakci\u00ed Barcelony je jej architekt\u00fara. Mesto je domovom sl\u00e1vneho architekta Antoniho Gaud\u00edho, ktor\u00fd je zn\u00e1my svojimi pozoruhodn\u00fdmi stavbami, ako s\u00fa katedr\u00e1la <strong>Sagrada Familia, Park G\u00fcell a Casa Batll\u00f3 <\/strong>. <\/p>\n\n<p>Rozhodne odpor\u00fa\u010dame k\u00fapi\u0165 si l\u00edstky v predstihu, a to aj mimo sez\u00f3ny. My na to pou\u017e\u00edvame platformu <strong><a class=\"thirstylink\" rel=\"nofollow\" target=\"_blank\" title=\"GetYourGuide\" href=\"https:\/\/loudavymkrokem.cz\/sk\/doporucujeme\/getyourguide\/\" data-shortcode=\"true\">GetYourGuide<\/a><\/strong>, a hoci l\u00edstky si m\u00f4\u017eete k\u00fapi\u0165 aj na mieste, zvy\u010dajne sa na ne \u010dak\u00e1 v rade. Pr\u00edbuzn\u00ed sa neriadili na\u0161imi radami a nakoniec sa do katedr\u00e1ly Sagrada Familia nedostali. <\/p>\n\n<div class=\"gyg-iframe-container\" style=\"margin-bottom:1.5em\"><iframe style=\"border:0;height:100%;width:100%\" title=\"GetYourGuide activities widget\" src=\"https:\/\/widget.getyourguide.com\/default\/activities.frame?widget=wp_activities&amp;currency=CSK&amp;locale_code=en-GB&amp;number_of_items=1&amp;partner_id=MKZ64IS&amp;q=barcelona\"><\/iframe><\/div>\n\n<p><a class=\"thirstylink\" rel=\"nofollow\" target=\"_blank\" title=\"Barcelona (booking)\" href=\"https:\/\/loudavymkrokem.cz\/sk\/doporucujeme\/barcelona-booking\/\" data-shortcode=\"true\">Barcelona<\/a> je okrem svojej hist\u00f3rie a architekt\u00fary zn\u00e1ma aj n\u00e1dhern\u00fdmi pl\u00e1\u017eami, ktor\u00e9 sa tiahnu pozd\u013a\u017e pobre\u017eia. <\/p>\n\n<p>Milovn\u00edci umenia m\u00f4\u017eu v Barcelone nav\u0161t\u00edvi\u0165 mno\u017estvo gal\u00e9ri\u00ed a m\u00faze\u00ed. Miestne umenie a kult\u00fara s\u00fa ve\u013emi \u017eiv\u00e9 a v\u017edy sa tu nie\u010do deje. N\u00e1v\u0161teva miest ako <strong>Museu Picasso alebo Fundaci\u00f3 Joan Mir\u00f3<\/strong> je priamo nevyhnutnos\u0165ou.<\/p>\n\n<p>Viac inform\u00e1ci\u00ed n\u00e1jdete v na\u0161om \u010dl\u00e1nku <strong><a href=\"https:\/\/loudavymkrokem.cz\/sk\/barcelona-spanielsko-co-vidiet\/\" data-type=\"post\" data-id=\"57855\">\u010co robi\u0165 v Barcelone. <\/a><\/strong> <\/p>\n\n<figure class=\"wp-block-image size-full\"><img decoding=\"async\" src=\"https:\/\/www.loudavymkrokem.cz\/wp-content\/uploads\/2023\/05\/barcelona-park-guell.jpg\" alt=\"Dovolenka &#x160;panielsko - kam na dovolenku v &#x160;panielsku?\" class=\"wp-image-74738\" title=\"\"><figcaption class=\"wp-element-caption\">Dovolenka \u0160panielsko: <a class=\"thirstylink\" rel=\"nofollow\" target=\"_blank\" title=\"Barcelona (booking)\" href=\"https:\/\/loudavymkrokem.cz\/sk\/doporucujeme\/barcelona-booking\/\" data-shortcode=\"true\">Barcelona<\/a> je ide\u00e1lnou dovolenkovou destin\u00e1ciou v \u0160panielsku, ak chcete \u00eds\u0165 niekam na pred\u013a\u017een\u00fd v\u00edkend<\/figcaption><\/figure>\n\n<h4 class=\"wp-block-heading\"><span class=\"ez-toc-section\" id=\"Kde_sa_ubytovat_v_Barcelone\"><\/span>Kde sa ubytova\u0165 v Barcelone<span class=\"ez-toc-section-end\"><\/span><\/h4>\n\n<p>Ak chcete \u010do najviac u\u0161etri\u0165, super hostel je <strong><a href=\"https:\/\/www.stay22.com\/allez\/booking?aid=lukaskonecny&amp;campaign=loudavymkrokemcz-barcelona&amp;product=lma&amp;habl=false&amp;isinc=false&amp;source=direct&amp;medium=deeplink&amp;address=Barcelona%2C+Spain&amp;link=https%3A%2F%2Fwww.booking.com%2Fhotel%2Fes%2Fsant-jordi-gracia.en-gb.html%3Faid%3D1479712%26sid%3D4037ae95ce2ff640fdf6a05796945b6b%26dist%3D0%26group_adults%3D2%26keep_landing%3D1%26no_rooms%3D1%26sb_price_type%3Dtotal%26type%3Dtotal\" target=\"_blank\" rel=\"noreferrer noopener\">Sant Jordi Hostely Gracia<\/a><\/strong>, dobr\u00e9, ale nie predra\u017een\u00e9 ubytovanie je <strong><a href=\"https:\/\/www.stay22.com\/allez\/booking?aid=lukaskonecny&amp;campaign=loudavymkrokemcz-barcelona&amp;product=lma&amp;habl=false&amp;isinc=false&amp;source=direct&amp;medium=deeplink&amp;address=Barcelona%2C+Spain&amp;link=https%3A%2F%2Fwww.booking.com%2Fhotel%2Fes%2Fgranviabarcelona.en-gb.html%3Faid%3D1479712%26sid%3D0f3fa06a7364e53bc7b89c37d1e6642e%26dist%3D0%26group_adults%3D2%26keep_landing%3D1%26no_rooms%3D1%26sb_price_type%3Dtotal%26type%3Dtotal\" target=\"_blank\" rel=\"noreferrer noopener\">Hotel Granvia<\/a><\/strong>, ktor\u00fd sa nach\u00e1dza v kr\u00e1snej budove z 19. storo\u010dia.<\/p>\n\n<p><a class=\"thirstylink\" rel=\"nofollow\" target=\"_blank\" title=\"Barcelona (booking)\" href=\"https:\/\/loudavymkrokem.cz\/sk\/doporucujeme\/barcelona-booking\/\" data-shortcode=\"true\">Do Barcelony<\/a> sme i\u0161li autom a s na\u0161imi psami, tak\u017ee sme mali obmedzen\u00fd v\u00fdber, nakoniec sme si vybrali <strong><a href=\"https:\/\/www.stay22.com\/allez\/booking?aid=lukaskonecny&amp;campaign=loudavymkrokemcz-barcelona&amp;product=lma&amp;habl=false&amp;isinc=false&amp;source=direct&amp;medium=deeplink&amp;address=Barcelona%2C+Spain&amp;link=https%3A%2F%2Fwww.booking.com%2Fhotel%2Fes%2Fgaudi-barcelona.en-gb.html%3Faid%3D1479712%26sid%3De9c96ad1e954caf72ca4c6ad7d00a23d%26dist%3D0%26group_adults%3D2%26keep_landing%3D1%26no_rooms%3D1%26sb_price_type%3Dtotal%26type%3Dtotal\" target=\"_blank\" rel=\"noreferrer noopener\">Hotel Gaud\u00ed<\/a><\/strong>, ktor\u00fd m\u00e1 \u00fachvatn\u00fd v\u00fdh\u013ead zo strechy na Palau G\u00fcell. Samotn\u00e9 izby s\u00fa v\u0161ak mal\u00e9 a hotel m\u00e1 svoje najlep\u0161ie \u010dasy za sebou. \ud83d\ude01<\/p>\n\n<h3 class=\"wp-block-heading\"><span class=\"ez-toc-section\" id=\"Madrid\"><\/span>Madrid<span class=\"ez-toc-section-end\"><\/span><\/h3>\n\n<p>Madrid je najnav\u0161tevovanej\u0161\u00edm mestom v \u0160panielsku. Ve\u013ek\u00fd po\u010det n\u00e1v\u0161tevn\u00edkov sem prich\u00e1dza kv\u00f4li futbalu.<\/p>\n\n<p><strong>Futbal v Madride je viac ako len \u0161port, je to v\u00e1\u0161e\u0148, ktor\u00e1 pulzuje srdcom tohto pulzuj\u00faceho mesta.<\/strong>S\u00eddlia tu dva svetozn\u00e1me kluby, <strong><a href=\"https:\/\/www.realmadrid.com\/en-US\" target=\"_blank\" rel=\"noreferrer noopener\">Real Madrid<\/a><\/strong> a <strong><a href=\"https:\/\/en.atleticodemadrid.com\" target=\"_blank\" rel=\"noopener\">Atl\u00e9tico Madrid<\/a><\/strong> &#8211; ka\u017ed\u00fd z nich m\u00e1 svoju jedine\u010dn\u00fa hist\u00f3riu a vern\u00fa fan\u00fa\u0161ikovsk\u00fa z\u00e1klad\u0148u. Real Madrid, ktor\u00fd s\u00eddli na ikonickom \u0161tadi\u00f3ne Santiago Bernab\u00e9u, je jedn\u00fdm z naj\u00faspe\u0161nej\u0161\u00edch futbalov\u00fdch klubov v hist\u00f3rii, zn\u00e1my svojimi hviezdnymi hr\u00e1\u010dmi a rekordn\u00fdm po\u010dtom trofej\u00ed. <\/p>\n\n<figure class=\"wp-block-image size-large\"><img loading=\"lazy\" decoding=\"async\" width=\"700\" height=\"467\" src=\"https:\/\/loudavymkrokem.cz\/wp-content\/uploads\/2023\/12\/madrid-kam-na-dovolenou-ve-Spanelsku-700x467.jpg\" alt=\"Dovolenka v &#x160;panielsku: Madrid\" class=\"wp-image-78098\" title=\"\" srcset=\"https:\/\/loudavymkrokem.cz\/wp-content\/uploads\/2023\/12\/madrid-kam-na-dovolenou-ve-Spanelsku-700x467.jpg 700w, https:\/\/loudavymkrokem.cz\/wp-content\/uploads\/2023\/12\/madrid-kam-na-dovolenou-ve-Spanelsku-300x200.jpg 300w, https:\/\/loudavymkrokem.cz\/wp-content\/uploads\/2023\/12\/madrid-kam-na-dovolenou-ve-Spanelsku-768x512.jpg 768w, https:\/\/loudavymkrokem.cz\/wp-content\/uploads\/2023\/12\/madrid-kam-na-dovolenou-ve-Spanelsku-696x464.jpg 696w, https:\/\/loudavymkrokem.cz\/wp-content\/uploads\/2023\/12\/madrid-kam-na-dovolenou-ve-Spanelsku.jpg 1200w\" sizes=\"auto, (max-width: 700px) 100vw, 700px\" \/><figcaption class=\"wp-element-caption\">Dovolenka v \u0160panielsku: Madrid<\/figcaption><\/figure>\n\n<p>Na druhej strane mesta hr\u00e1 Atl\u00e9tico Madrid na \u0161tadi\u00f3ne Wanda Metropolitano a je zn\u00e1me svojou s\u00fadr\u017enou t\u00edmovou hrou a siln\u00fdm bojov\u00fdm duchom. <\/p>\n\n<p><strong>N\u00e1v\u0161teva Madridu po\u010das futbalovej sez\u00f3ny je pre ka\u017ed\u00e9ho futbalov\u00e9ho fan\u00fa\u0161ika z\u00e1\u017eitkom na cel\u00fd \u017eivot<\/strong><\/p>\n\n<p>Ak v\u00e1s nezauj\u00edma futbal, nevad\u00ed, m\u00f4\u017eete nav\u0161t\u00edvi\u0165 napr\u00edklad <strong>kr\u00e1\u013eovsk\u00fd pal\u00e1c Palacio Real<\/strong> alebo <strong>Maursk\u00fd pal\u00e1c.<\/strong> Pre milovn\u00edkov umenia je tu aj <strong>obrazov\u00e1 gal\u00e9ria<\/strong>, kde m\u00f4\u017eete obdivova\u0165 diela sl\u00e1vnych \u0161panielskych maliarov.<\/p>\n\n<p>Okrem historick\u00fdch pamiatok je Madrid aj centrom \u0161panielskej kult\u00fary s pravideln\u00fdmi kult\u00farnymi podujatiami. D\u00f4le\u017eit\u00fdmi miestami konania t\u00fdchto podujat\u00ed s\u00fa napr\u00edklad <strong>mestsk\u00e1 radnica<\/strong> alebo <strong>N\u00e1rodn\u00e9 divadlo<\/strong>.<\/p>\n\n<h4 class=\"wp-block-heading\"><span class=\"ez-toc-section\" id=\"Kde_sa_ubytovat_v_Madride\"><\/span>Kde sa ubytova\u0165 v Madride<span class=\"ez-toc-section-end\"><\/span><\/h4>\n\n<p>Jedn\u00fdm z najkraj\u0161\u00edch butikov\u00fdch hotelov v Madride je<strong> <a class=\"thirstylink\" rel=\"nofollow\" target=\"_blank\" title=\"Only YOU Boutique Hotel Madrid\" href=\"https:\/\/loudavymkrokem.cz\/sk\/doporucujeme\/only-you-boutique-hotel-madrid\/\" data-shortcode=\"true\">Only YOU Boutique Hotel Madrid<\/a><\/strong>, ktor\u00fd sa nach\u00e1dza priamo v centre. <strong><a class=\"thirstylink\" rel=\"nofollow\" target=\"_blank\" title=\"Plaza Mayor Suites &amp; Apartments\" href=\"https:\/\/loudavymkrokem.cz\/sk\/doporucujeme\/plaza-mayor-suites-apartments\/\" data-shortcode=\"true\">Plaza Mayor Suites<\/a> &amp; Apartments<\/strong> je tie\u017e skvel\u00fd hotel v centre. K\u00fasok od \u0161tadi\u00f3na sa nach\u00e1dza <strong><a class=\"thirstylink\" rel=\"nofollow\" target=\"_blank\" title=\"Oasis urbano en el coraz\u00f3n financiero\" href=\"https:\/\/loudavymkrokem.cz\/sk\/doporucujeme\/oasis-urbano-en-el-corazon-financiero\/\" data-shortcode=\"true\">Oasis urbano en el coraz\u00f3n financiero<\/a> \/ Castellana<\/strong>. <\/p>\n\n<h3 class=\"wp-block-heading\"><span class=\"ez-toc-section\" id=\"Sevilla_%E2%80%93_Andaluzia\"><\/span>Sevilla &#8211; Andal\u00fazia<span class=\"ez-toc-section-end\"><\/span><\/h3>\n\n<p><strong><a href=\"https:\/\/loudavymkrokem.cz\/sk\/sevilla-sprievodca-andaluziou\/\" data-type=\"post\" data-id=\"58888\" target=\"_blank\" rel=\"noreferrer noopener\">Sevilla <\/a><\/strong>je jedn\u00fdm z najkraj\u0161\u00edch miest v <strong><a href=\"https:\/\/loudavymkrokem.cz\/sk\/dovolenka-spanielsko-20-najkrajsich-miest-v-andaluzii-itinerar-mapa\/\" data-type=\"post\" data-id=\"58942\" target=\"_blank\" rel=\"noreferrer noopener\">Andal\u00fazii <\/a><\/strong>a hlavn\u00fdm mestom regi\u00f3nu. Mesto je zn\u00e1me svojou bohatou hist\u00f3riou, architektonick\u00fdmi skvostmi a samozrejme ako kol\u00edska flamenca.<\/p>\n\n<p>Mesto je zn\u00e1me aj svojimi kr\u00e1snymi z\u00e1hradami a parkami.<strong>. Ke\u010f sme v meste, radi sa prech\u00e1dzame po promen\u00e1dach s pomaran\u010dovn\u00edkmi,<\/strong> V Seville je \u010do vidie\u0165 a je to tie\u017e skvel\u00fd v\u00fdchodiskov\u00fd bod na spozn\u00e1vanie Andal\u00fazie. <\/p>\n\n<figure class=\"wp-block-image size-large\"><img loading=\"lazy\" decoding=\"async\" width=\"1024\" height=\"680\" src=\"https:\/\/loudavymkrokem.cz\/wp-content\/uploads\/2023\/05\/Real-Alcazar-Seville-1024x680.jpg\" alt=\"Dovolenka v &#x160;panielsku: Kam na dovolenku v &#x160;panielsku?\" class=\"wp-image-59580\" title=\"\" srcset=\"https:\/\/loudavymkrokem.cz\/wp-content\/uploads\/2023\/05\/Real-Alcazar-Seville-1024x680.jpg 1024w, https:\/\/loudavymkrokem.cz\/wp-content\/uploads\/2023\/05\/Real-Alcazar-Seville-300x199.jpg 300w, https:\/\/loudavymkrokem.cz\/wp-content\/uploads\/2023\/05\/Real-Alcazar-Seville-768x510.jpg 768w, https:\/\/loudavymkrokem.cz\/wp-content\/uploads\/2023\/05\/Real-Alcazar-Seville.jpg 1200w\" sizes=\"auto, (max-width: 1024px) 100vw, 1024px\" \/><\/figure>\n\n<h4 class=\"wp-block-heading\"><span class=\"ez-toc-section\" id=\"Kde_sa_ubytovat_v_Seville\"><\/span>Kde sa ubytova\u0165 v Seville<span class=\"ez-toc-section-end\"><\/span><\/h4>\n\n<p>V Seville sa ubytujte v<strong><a href=\"https:\/\/www.stay22.com\/allez\/booking?aid=lukaskonecny&amp;campaign=loudavymkrokemcz-sevillepruvodceandalusii&amp;product=lma&amp;habl=false&amp;isinc=false&amp;source=direct&amp;medium=deeplink&amp;address=Seville%2C+Spain&amp;link=https%3A%2F%2Fwww.booking.com%2Fhotel%2Fes%2Freyes-catolicos-14.en-gb.html%3Faid%3D1479712%26sid%3D8211f2ca309fd42c11ccf1792f49f787%26dist%3D0%26group_adults%3D2%26keep_landing%3D1%26no_rooms%3D1%26sb_price_type%3Dtotal%26type%3Dtotal\" target=\"_blank\" rel=\"noreferrer noopener\">Apartamentos Reyes Catolicos<\/a><\/strong>, ak je k dispoz\u00edcii. H\u013ead\u00e1te nie\u010do naozaj luxusn\u00e9? Vysk\u00fa\u0161ajte <strong><a href=\"https:\/\/www.stay22.com\/allez\/booking?aid=lukaskonecny&amp;campaign=loudavymkrokemcz-sevillepruvodceandalusii&amp;product=lma&amp;habl=false&amp;isinc=false&amp;source=direct&amp;medium=deeplink&amp;address=Seville%2C+Spain&amp;link=https%3A%2F%2Fwww.booking.com%2Fhotel%2Fes%2Fhotel-colon-gran-melia.en-gb.html%3Faid%3D1479712%26sid%3D67344c59a0cd401ac4e210acd3fece1d%26dist%3D0%26group_adults%3D2%26keep_landing%3D1%26no_rooms%3D1%26sb_price_type%3Dtotal%26type%3Dtotal\" target=\"_blank\" rel=\"noreferrer noopener\">Hotel Col\u00f3n Gran Meli\u00e1<\/a><\/strong> <\/p>\n\n<h3 class=\"wp-block-heading\"><span class=\"ez-toc-section\" id=\"Granada_%E2%80%93_Andaluzia\"><\/span>Granada &#8211; Andal\u00fazia<span class=\"ez-toc-section-end\"><\/span><\/h3>\n\n<p><strong><a href=\"https:\/\/loudavymkrokem.cz\/sk\/granada-sprievodca\/\" target=\"_blank\" data-type=\"post\" data-id=\"58966\" rel=\"noreferrer noopener\">Granada<\/a><\/strong> je jedn\u00fdm z najkraj\u0161\u00edch a najob\u013e\u00fabenej\u0161\u00edch historick\u00fdch miest v \u0160panielsku, ktor\u00e9 sa nach\u00e1dza v \u010darovnom regi\u00f3ne <strong>Andal\u00fazia<\/strong>. Ka\u017edoro\u010dne sem prich\u00e1dzaj\u00fa mili\u00f3ny turistov z cel\u00e9ho sveta, aby si pozreli hist\u00f3riu, kr\u00e1snu architekt\u00faru a jedine\u010dn\u00e9 umenie. Existuje nieko\u013eko miest, ktor\u00e9 by ste pri n\u00e1v\u0161teve Granady ur\u010dite nemali vynecha\u0165:<\/p>\n\n<ul class=\"wp-block-list\">\n<li><strong>Alhambra:<\/strong> Tento maursk\u00fd pal\u00e1c je nepochybne najzn\u00e1mej\u0161ou a najcennej\u0161ou pamiatkou v meste a je skuto\u010dn\u00fdm pokladom hist\u00f3rie a umenia.<\/li>\n\n\n\n<li><strong>Historick\u00e9 centrum:<\/strong> Granada m\u00e1 n\u00e1dhern\u00e9 ulice pln\u00e9 obchodov, re\u0161taur\u00e1ci\u00ed a barov, kde m\u00f4\u017eete ochutna\u0165 tradi\u010dn\u00e9 tapas alebo si da\u0165 poh\u00e1r sangrie.<\/li>\n\n\n\n<li><strong>Generalife:<\/strong> Tento pal\u00e1c a z\u00e1hrady s\u00fa s\u00fa\u010das\u0165ou <strong>Alhambry a boli postaven\u00e9 ako letn\u00e9 s\u00eddlo maursk\u00fdch panovn\u00edkov <\/strong>. Generalife je zn\u00e1my svojimi n\u00e1dhern\u00fdmi font\u00e1nami, z\u00e1hradami a terasami a pon\u00faka n\u00e1dhern\u00fd v\u00fdh\u013ead na mesto.<\/li>\n\n\n\n<li><strong>Granada Cathedral: <\/strong>Katedr\u00e1la v Granade je postaven\u00e1 na mieste b\u00fdvalej me\u0161ity a je jednou z najv\u00e4\u010d\u0161\u00edch katedr\u00e1l v \u0160panielsku. Jej v\u00fdstavba sa za\u010dala v roku 1523 a trvala viac ako 180 rokov.<\/li>\n<\/ul>\n\n<figure class=\"wp-block-image size-full\"><img decoding=\"async\" src=\"https:\/\/www.loudavymkrokem.cz\/wp-content\/uploads\/2023\/05\/alhambra-granada-1.jpg\" alt=\"Dovolenka &#x160;panielsko: Granada\" class=\"wp-image-74039\" title=\"\"><figcaption class=\"wp-element-caption\">Dovolenka \u0160panielsko: Granada<\/figcaption><\/figure>\n\n<h4 class=\"wp-block-heading\"><span class=\"ez-toc-section\" id=\"Kde_sa_ubytovat_v_Granade\"><\/span>Kde sa ubytova\u0165 v Granade?<span class=\"ez-toc-section-end\"><\/span><\/h4>\n\n<p>Lacn\u00e9, ale ve\u013emi pekn\u00e9 ubytovanie je <strong><a href=\"https:\/\/www.stay22.com\/allez\/booking?aid=lukaskonecny&amp;campaign=loudavymkrokemcz-granadapruvodce&amp;product=lma&amp;habl=false&amp;isinc=false&amp;source=direct&amp;medium=deeplink&amp;address=Granada%2C+Spain&amp;link=https%3A%2F%2Fwww.booking.com%2Fhotel%2Fes%2Fmacia-real-de-la-alhambra.en-gb.html%3Faid%3D1479712%26sid%3D2be95bbf1f3f643b8bce83618cbac0be%26dist%3D0%26group_adults%3D2%26keep_landing%3D1%26no_rooms%3D1%26sb_price_type%3Dtotal%26type%3Dtotal\" target=\"_blank\" rel=\"noreferrer noopener\">Hotel Maci\u00e0 Real De La Alhambra<\/a><\/strong> alebo ak chcete nie\u010do luxusnej\u0161ie, pozrite sa na <strong><a href=\"https:\/\/www.stay22.com\/allez\/booking?aid=lukaskonecny&amp;campaign=loudavymkrokemcz-granadapruvodce&amp;product=lma&amp;habl=false&amp;isinc=false&amp;source=direct&amp;medium=deeplink&amp;address=Granada%2C+Spain&amp;link=https%3A%2F%2Fwww.booking.com%2Fhotel%2Fes%2Fboutique-luna-granada-centro.en-gb.html%3Faid%3D1479712%26sid%3D066ae5e4f48b39759d978d71a81b6991%26dist%3D0%26group_adults%3D2%26keep_landing%3D1%26no_rooms%3D1%26sb_price_type%3Dtotal%26type%3Dtotal\" target=\"_blank\" rel=\"noreferrer noopener\">Boutique Hotel Luna Granada Centro<\/a><\/strong>.<\/p>\n\n<h3 class=\"wp-block-heading\"><span class=\"ez-toc-section\" id=\"Valencia\"><\/span>Valencia<span class=\"ez-toc-section-end\"><\/span><\/h3>\n\n<p>Valencia je tretie najv\u00e4\u010d\u0161ie mesto v \u0160panielsku a nach\u00e1dza sa na v\u00fdchodnom pobre\u017e\u00ed Pyrenejsk\u00e9ho polostrova. Je zn\u00e1me svoj\u00edm bohat\u00fdm kult\u00farnym dedi\u010dstvom, kr\u00e1snymi pl\u00e1\u017eami a modernou architekt\u00farou. <\/p>\n\n<p>Nav\u0161t\u00edvte star\u00e9 mesto, kde n\u00e1jdete<strong> katedr\u00e1lu, La Lonja de la Seda (b\u00fdval\u00fa burzu hodv\u00e1bu) a Mercado Central (centr\u00e1lny trh)<\/strong>. Nezabudnite na modern\u00fd komplex Ciudad de las Artes y las Ciencias, ktor\u00fd pon\u00faka r\u00f4zne m\u00faze\u00e1, divadl\u00e1 a akv\u00e1rium.<\/p>\n\n<figure class=\"wp-block-image size-large\"><img loading=\"lazy\" decoding=\"async\" width=\"700\" height=\"467\" src=\"https:\/\/loudavymkrokem.cz\/wp-content\/uploads\/2023\/12\/Valencia-kam-na-dovolenou-ve-Spanelsku-700x467.jpg\" alt=\"Valencia - kam &#xED;s&#x165; na dovolenku v &#x160;panielsku\" class=\"wp-image-78105\" title=\"\" srcset=\"https:\/\/loudavymkrokem.cz\/wp-content\/uploads\/2023\/12\/Valencia-kam-na-dovolenou-ve-Spanelsku-700x467.jpg 700w, https:\/\/loudavymkrokem.cz\/wp-content\/uploads\/2023\/12\/Valencia-kam-na-dovolenou-ve-Spanelsku-300x200.jpg 300w, https:\/\/loudavymkrokem.cz\/wp-content\/uploads\/2023\/12\/Valencia-kam-na-dovolenou-ve-Spanelsku-768x512.jpg 768w, https:\/\/loudavymkrokem.cz\/wp-content\/uploads\/2023\/12\/Valencia-kam-na-dovolenou-ve-Spanelsku-696x464.jpg 696w, https:\/\/loudavymkrokem.cz\/wp-content\/uploads\/2023\/12\/Valencia-kam-na-dovolenou-ve-Spanelsku.jpg 1200w\" sizes=\"auto, (max-width: 700px) 100vw, 700px\" \/><figcaption class=\"wp-element-caption\">Kam na dovolenku v \u0160panielsku? \u010co tak Valencia!<\/figcaption><\/figure>\n\n<p>V meste Valencia si mus\u00edte da\u0165 <strong><a href=\"https:\/\/loudavymkrokem.cz\/sk\/typicke-spanielske-jedlo\/\" data-type=\"post\" data-id=\"77065\" target=\"_blank\" rel=\"noreferrer noopener\">typick\u00e9 \u0161panielske jedlo<\/a><\/strong> &#8211; paellu &#8211; ktor\u00e1 poch\u00e1dza pr\u00e1ve odtia\u013eto.<\/p>\n\n<p>Pl\u00e1\u017ee vo Valencii s\u00fa kr\u00e1sne a pr\u00edjemn\u00e9 pre v\u0161etky vekov\u00e9 kateg\u00f3rie. Medzi tie najkraj\u0161ie patria: <\/p>\n\n<ul class=\"wp-block-list\">\n<li>Playa de la Malvarrosa<\/li>\n\n\n\n<li>Playa de las Arenas<\/li>\n\n\n\n<li>Playa Patacona<\/li>\n<\/ul>\n\n<p>Valencia je mesto, v ktorom hraj\u00fa ve\u013ek\u00fa \u00falohu \u0161portov\u00e9 aktivity. M\u00f4\u017eete sa tu venova\u0165 napr\u00edklad <strong>jachtingu, pot\u00e1paniu alebo golfu.<\/strong> Okrem vodn\u00fdch \u0161portov tu p\u00f4sob\u00ed aj miestny futbalov\u00fd t\u00edm <strong>Valencia CF<\/strong>, ktor\u00fd patr\u00ed medzi \u0161pi\u010dku v \u0160panielsku a Eur\u00f3pe.<\/p>\n\n<h4 class=\"wp-block-heading\"><span class=\"ez-toc-section\" id=\"Kde_sa_ubytovat_vo_Valencii\"><\/span>Kde sa ubytova\u0165 vo Valencii? <span class=\"ez-toc-section-end\"><\/span><\/h4>\n\n<p>K najkraj\u0161\u00edm ubytovac\u00edm zariadeniam ur\u010dite patr\u00ed <strong><a class=\"thirstylink\" rel=\"nofollow\" target=\"_blank\" title=\"Palau Apartments Valencia\" href=\"https:\/\/loudavymkrokem.cz\/sk\/doporucujeme\/palau-apartments-valencia\/\" data-shortcode=\"true\">Palau Apartments Valencia<\/a><\/strong> alebo sk\u00faste <strong><a class=\"thirstylink\" rel=\"nofollow\" target=\"_blank\" title=\"Soho Valencia\" href=\"https:\/\/loudavymkrokem.cz\/sk\/doporucujeme\/soho-valencia\/\" data-shortcode=\"true\">Soho Valencia<\/a><\/strong>, \u010di maj\u00fa vo\u013en\u00e9. <\/p>\n\n<h2 class=\"wp-block-heading\"><span class=\"ez-toc-section\" id=\"Casto_kladene_otazky\"><\/span>\u010casto kladen\u00e9 ot\u00e1zky<span class=\"ez-toc-section-end\"><\/span><\/h2>\n<div id=\"rank-math-faq\" class=\"rank-math-block\">\n<div class=\"rank-math-list \">\n<div id=\"faq-question-1702066889981\" class=\"rank-math-list-item\">\n<h3 class=\"rank-math-question \"><span class=\"ez-toc-section\" id=\"Ktore_su_najkrajsie_spanielske_ostrovy\"><\/span>Ktor\u00e9 s\u00fa najkraj\u0161ie \u0161panielske ostrovy?<span class=\"ez-toc-section-end\"><\/span><\/h3>\n<div class=\"rank-math-answer \">\n\n<p>Najkraj\u0161ie \u0161panielske ostrovy s\u00fa Ibiza, Menorka a Malorka.<\/p>\n\n<\/div>\n<\/div>\n<div id=\"faq-question-1702066912310\" class=\"rank-math-list-item\">\n<h3 class=\"rank-math-question \"><span class=\"ez-toc-section\" id=\"Ktory_ostrov_je_najkrajsi_z_Kanarskych_ostrovov\"><\/span>Ktor\u00fd ostrov je najkraj\u0161\u00ed z Kan\u00e1rskych ostrovov?<span class=\"ez-toc-section-end\"><\/span><\/h3>\n<div class=\"rank-math-answer \">\n\n<p>La Palma sa \u010dasto pova\u017euje za najkraj\u0161\u00ed ostrov Kan\u00e1rskych ostrovov. Z\u00e1le\u017e\u00ed v\u0161ak na tom, \u010do chcete vidie\u0165 a za\u017ei\u0165. <\/p>\n\n<\/div>\n<\/div>\n<div id=\"faq-question-1702066963620\" class=\"rank-math-list-item\">\n<h3 class=\"rank-math-question \"><span class=\"ez-toc-section\" id=\"Kam_na_dovolenku_v_Spanielsku_v_zime\"><\/span>Kam na dovolenku v \u0160panielsku v zime?<span class=\"ez-toc-section-end\"><\/span><\/h3>\n<div class=\"rank-math-answer \">\n\n<p>V zime sa vyberte na Kan\u00e1rske ostrovy, kde je po\u010dasie pr\u00edjemn\u00e9 po cel\u00fd rok.<\/p>\n\n<\/div>\n<\/div>\n<div id=\"faq-question-1702066989887\" class=\"rank-math-list-item\">\n<h3 class=\"rank-math-question \"><span class=\"ez-toc-section\" id=\"Kde_su_najkrajsie_plaze_v_Spanielsku\"><\/span>Kde s\u00fa najkraj\u0161ie pl\u00e1\u017ee v \u0160panielsku?<span class=\"ez-toc-section-end\"><\/span><\/h3>\n<div class=\"rank-math-answer \">\n\n<p>Najkraj\u0161ie pl\u00e1\u017ee v \u0160panielsku sa nach\u00e1dzaj\u00fa v okol\u00ed Malagy.<\/p>\n\n<\/div>\n<\/div>\n<div id=\"faq-question-1702067021235\" class=\"rank-math-list-item\">\n<h3 class=\"rank-math-question \"><span class=\"ez-toc-section\" id=\"Kam_na_dovolenku_s_detmi_v_Spanielsku\"><\/span>Kam na dovolenku s de\u0165mi v \u0160panielsku?<span class=\"ez-toc-section-end\"><\/span><\/h3>\n<div class=\"rank-math-answer \">\n\n<p>Vezmite deti do Malagy na pobre\u017eie Costa del Sol alebo na Malorku. <\/p>\n\n<\/div>\n<\/div>\n<div id=\"faq-question-1702067061446\" class=\"rank-math-list-item\">\n<h3 class=\"rank-math-question \"><span class=\"ez-toc-section\" id=\"Kde_surfovat_v_Spanielsku\"><\/span>Kde surfova\u0165 v \u0160panielsku?<span class=\"ez-toc-section-end\"><\/span><\/h3>\n<div class=\"rank-math-answer \">\n\n<p>V \u0160panielsku sa chod\u00ed surfova\u0165 do San Sebasti\u00e1nu. <\/p>\n\n<\/div>\n<\/div>\n<div id=\"faq-question-1702067335513\" class=\"rank-math-list-item\">\n<h3 class=\"rank-math-question \"><span class=\"ez-toc-section\" id=\"Kam_letecky_do_Spanielska\"><\/span>Kam letecky do \u0160panielska?<span class=\"ez-toc-section-end\"><\/span><\/h3>\n<div class=\"rank-math-answer \">\n\n<p>Letecky vyrazte na pred\u013a\u017een\u00fd v\u00edkend <a class=\"thirstylink\" rel=\"nofollow\" target=\"_blank\" title=\"Barcelona (booking)\" href=\"https:\/\/loudavymkrokem.cz\/sk\/doporucujeme\/barcelona-booking\/\" data-shortcode=\"true\">do Barcelony<\/a> alebo Madridu. Na dovolenku k moru vyrazte zas do Malagy alebo na Ibizu.<\/p>\n\n<\/div>\n<\/div>\n<div id=\"faq-question-1702067369005\" class=\"rank-math-list-item\">\n<h3 class=\"rank-math-question \"><span class=\"ez-toc-section\" id=\"Kam_do_Spanielska_s_detmi\"><\/span>Kam do \u0160panielska s de\u0165mi?<span class=\"ez-toc-section-end\"><\/span><\/h3>\n<div class=\"rank-math-answer \">\n\n<p>Vezmite deti na Malorku alebo do Malagy.<\/p>\n\n<\/div>\n<\/div>\n<div id=\"faq-question-1702067384486\" class=\"rank-math-list-item\">\n<h3 class=\"rank-math-question \"><span class=\"ez-toc-section\" id=\"Ake_su_plaze_v_Spanielsku\"><\/span>Ak\u00e9 s\u00fa pl\u00e1\u017ee v \u0160panielsku?<span class=\"ez-toc-section-end\"><\/span><\/h3>\n<div class=\"rank-math-answer \">\n\n<p>\u0160panielsko m\u00e1 v\u00e4\u010d\u0161inou pieso\u010dnat\u00e9 pl\u00e1\u017ee, ale v z\u00e1vislosti od lokality m\u00f4\u017eete n\u00e1js\u0165 aj miesta s kamienkov\u00fdmi pl\u00e1\u017eami.<\/p>\n\n<\/div>\n<\/div>\n<div id=\"faq-question-1702067422738\" class=\"rank-math-list-item\">\n<h3 class=\"rank-math-question \"><span class=\"ez-toc-section\" id=\"Ake_je_more_v_Spanielsku\"><\/span>Ak\u00e9 je more v \u0160panielsku?<span class=\"ez-toc-section-end\"><\/span><\/h3>\n<div class=\"rank-math-answer \">\n\n<p>More v \u0160panielsku je \u010dist\u00e9 a v lete tepl\u00e9. <\/p>\n\n<\/div>\n<\/div>\n<\/div>\n<\/div>","protected":false},"excerpt":{"rendered":"<p>Kam na dovolenku v \u0160panielsku? \u0160panielsko a dovolenka &#8211; to nie s\u00fa len pl\u00e1\u017ee, rezorty a kr\u00e1sne ostrovy. Prin\u00e1\u0161ame v\u00e1m aj tipy na pred\u013a\u017een\u00e9 v\u00edkendy a pozn\u00e1va\u010dky.<\/p>\n","protected":false},"author":3,"featured_media":78157,"comment_status":"open","ping_status":"open","sticky":false,"template":"","format":"standard","meta":{"footnotes":"","rank_math_title":"Dovolenka v \u0160panielsku: 17 tipov, kam na dovolenku v \u0160panielsku","rank_math_description":"Kam na dovolenku v \u0160panielsku? \u0160panielsko a dovolenka - to nie s\u00fa len pl\u00e1\u017ee, rezorty a kr\u00e1sne ostrovy. Prin\u00e1\u0161ame v\u00e1m aj tipy na pred\u013a\u017een\u00e9 v\u00edkendy a pozn\u00e1va\u010dky.","rank_math_focus_keyword":"Kam na dovolenku v \u0160panielsku","rank_math_seo_score":""},"categories":[952,955,239],"tags":[],"class_list":{"0":"post-80429","1":"post","2":"type-post","3":"status-publish","4":"format-standard","5":"has-post-thumbnail","7":"category-cestovanie","9":"category-spanielsko"},"featured_image_src":"https:\/\/loudavymkrokem.cz\/wp-content\/uploads\/2023\/12\/Kam-na-dovolenou-ve-Spanelsku-2.jpg","author_info":{"display_name":"Lucie Kone\u010dn\u00e1","author_link":"https:\/\/loudavymkrokem.cz\/sk\/author\/lucie-konecna\/"},"_links":{"self":[{"href":"https:\/\/loudavymkrokem.cz\/sk\/wp-json\/wp\/v2\/posts\/80429","targetHints":{"allow":["GET"]}}],"collection":[{"href":"https:\/\/loudavymkrokem.cz\/sk\/wp-json\/wp\/v2\/posts"}],"about":[{"href":"https:\/\/loudavymkrokem.cz\/sk\/wp-json\/wp\/v2\/types\/post"}],"author":[{"embeddable":true,"href":"https:\/\/loudavymkrokem.cz\/sk\/wp-json\/wp\/v2\/users\/3"}],"replies":[{"embeddable":true,"href":"https:\/\/loudavymkrokem.cz\/sk\/wp-json\/wp\/v2\/comments?post=80429"}],"version-history":[{"count":3,"href":"https:\/\/loudavymkrokem.cz\/sk\/wp-json\/wp\/v2\/posts\/80429\/revisions"}],"predecessor-version":[{"id":142354,"href":"https:\/\/loudavymkrokem.cz\/sk\/wp-json\/wp\/v2\/posts\/80429\/revisions\/142354"}],"wp:featuredmedia":[{"embeddable":true,"href":"https:\/\/loudavymkrokem.cz\/sk\/wp-json\/wp\/v2\/media\/78157"}],"wp:attachment":[{"href":"https:\/\/loudavymkrokem.cz\/sk\/wp-json\/wp\/v2\/media?parent=80429"}],"wp:term":[{"taxonomy":"category","embeddable":true,"href":"https:\/\/loudavymkrokem.cz\/sk\/wp-json\/wp\/v2\/categories?post=80429"},{"taxonomy":"post_tag","embeddable":true,"href":"https:\/\/loudavymkrokem.cz\/sk\/wp-json\/wp\/v2\/tags?post=80429"}],"curies":[{"name":"wp","href":"https:\/\/api.w.org\/{rel}","templated":true}]}}