{"id":69174,"date":"2023-08-18T10:39:00","date_gmt":"2023-08-18T08:39:00","guid":{"rendered":"https:\/\/loudavymkrokem.cz\/madeira-roadtrip-najkrajsie-miesta-na-ostrove-kvetov\/"},"modified":"2026-03-17T16:10:58","modified_gmt":"2026-03-17T15:10:58","slug":"madeira-co-vidiet-sprievodca","status":"publish","type":"post","link":"https:\/\/loudavymkrokem.cz\/sk\/madeira-co-vidiet-sprievodca\/","title":{"rendered":"Madeira 2026: 25+ tipov, \u010do vidie\u0165 a robi\u0165 + 7-d\u0148ov\u00fd itiner\u00e1r"},"content":{"rendered":"<p>Na portugalsk\u00fd <a href=\"https:\/\/loudavymkrokem.cz\/?p=713\" target=\"_blank\" rel=\"noreferrer noopener\"><strong>ostrov Madeira<\/strong><\/a> som sa pl\u00e1novala vr\u00e1ti\u0165 takmer osem rokov.&nbsp;<strong>A hoci som medzi t\u00fdmi n\u00e1v\u0161tevami precestovala doslova polovicu sveta,<\/strong>&nbsp;st\u00e1le sa m\u00f4j n\u00e1zor na Madeiru nezmenil \u2014 je to ur\u010dite jeden&nbsp;<strong>z&nbsp;najkraj\u0161\u00edch ostrovov na na\u0161ej modrej plan\u00e9te.<\/strong> A mo\u017eno aj vo vesm\u00edre, kto vie.<\/p>\n<p>V&nbsp;tomto kompletnom sprievodcovi n\u00e1jdete <strong>25+ najkraj\u0161\u00edch miest, \u010do vidie\u0165 na Madeire v roku 2026<\/strong>, podrobn\u00fd 7-d\u0148ov\u00fd itiner\u00e1r de\u0148 po dni, preh\u013ead najlep\u0161\u00edch levadov\u00fdch t\u00far, tipy na lok\u00e1lnu gastron\u00f3miu a hlavne \u2014 <strong>nov\u00e9 inform\u00e1cie o povinn\u00fdch rezerv\u00e1ci\u00e1ch a platen\u00fdch vstupoch na PR treky, ktor\u00e9 Madeira zaviedla od roku 2026<\/strong>. Po\u010fme na to!<\/p>\n<figure class=\"wp-block-image size-full\"><img decoding=\"async\" src=\"https:\/\/www.loudavymkrokem.cz\/wp-content\/uploads\/2023\/05\/5P5A2776.jpg\" alt=\"Madeira roadtrip: 25+ tipov, \u010do vidie\u0165 a nav\u0161t\u00edvi\u0165 + itiner\u00e1r\" class=\"wp-image-58327\" title=\"\"><\/figure>\n<div id=\"ez-toc-container\" class=\"ez-toc-v2_0_82_2 ez-toc-wrap-left counter-hierarchy ez-toc-counter ez-toc-grey ez-toc-container-direction\">\n<div class=\"ez-toc-title-container\">\n<p class=\"ez-toc-title\" style=\"cursor:inherit\">Obsah \u010dl\u00e1nku<\/p>\n<span class=\"ez-toc-title-toggle\"><a href=\"#\" class=\"ez-toc-pull-right ez-toc-btn ez-toc-btn-xs ez-toc-btn-default ez-toc-toggle\" aria-label=\"Toggle Table of Content\"><span class=\"ez-toc-js-icon-con\"><span class=\"\"><span class=\"eztoc-hide\" style=\"display:none;\">Toggle<\/span><span class=\"ez-toc-icon-toggle-span\"><svg style=\"fill: #999;color:#999\" xmlns=\"http:\/\/www.w3.org\/2000\/svg\" class=\"list-377408\" width=\"20px\" height=\"20px\" viewBox=\"0 0 24 24\" fill=\"none\"><path d=\"M6 6H4v2h2V6zm14 0H8v2h12V6zM4 11h2v2H4v-2zm16 0H8v2h12v-2zM4 16h2v2H4v-2zm16 0H8v2h12v-2z\" fill=\"currentColor\"><\/path><\/svg><svg style=\"fill: #999;color:#999\" class=\"arrow-unsorted-368013\" xmlns=\"http:\/\/www.w3.org\/2000\/svg\" width=\"10px\" height=\"10px\" viewBox=\"0 0 24 24\" version=\"1.2\" baseProfile=\"tiny\"><path d=\"M18.2 9.3l-6.2-6.3-6.2 6.3c-.2.2-.3.4-.3.7s.1.5.3.7c.2.2.4.3.7.3h11c.3 0 .5-.1.7-.3.2-.2.3-.5.3-.7s-.1-.5-.3-.7zM5.8 14.7l6.2 6.3 6.2-6.3c.2-.2.3-.5.3-.7s-.1-.5-.3-.7c-.2-.2-.4-.3-.7-.3h-11c-.3 0-.5.1-.7.3-.2.2-.3.5-.3.7s.1.5.3.7z\"\/><\/svg><\/span><\/span><\/span><\/a><\/span><\/div>\n<nav><ul class='ez-toc-list ez-toc-list-level-1 ' ><li class='ez-toc-page-1 ez-toc-heading-level-2'><a class=\"ez-toc-link ez-toc-heading-1\" href=\"https:\/\/loudavymkrokem.cz\/sk\/madeira-co-vidiet-sprievodca\/#Prakticke_informacie_pre_cestu_na_Madeiru\" >Praktick\u00e9 inform\u00e1cie pre cestu na Madeiru<\/a><ul class='ez-toc-list-level-3' ><li class='ez-toc-heading-level-3'><a class=\"ez-toc-link ez-toc-heading-2\" href=\"https:\/\/loudavymkrokem.cz\/sk\/madeira-co-vidiet-sprievodca\/#Kedy_ist_na_Madeiru_Najlepsie_mesiace\" >Kedy \u00eds\u0165 na Madeiru? Najlep\u0161ie mesiace<\/a><\/li><li class='ez-toc-page-1 ez-toc-heading-level-3'><a class=\"ez-toc-link ez-toc-heading-3\" href=\"https:\/\/loudavymkrokem.cz\/sk\/madeira-co-vidiet-sprievodca\/#Madeira_pocasie_Aktualne_pocasie_na_Madeire\" >Madeira po\u010dasie: Aktu\u00e1lne po\u010dasie na Madeire<\/a><\/li><li class='ez-toc-page-1 ez-toc-heading-level-3'><a class=\"ez-toc-link ez-toc-heading-4\" href=\"https:\/\/loudavymkrokem.cz\/sk\/madeira-co-vidiet-sprievodca\/#Ako_sa_dostat_na_Madeiru_letenky_priame_lety\" >Ako sa dosta\u0165 na Madeiru (letenky, priame lety)<\/a><\/li><li class='ez-toc-page-1 ez-toc-heading-level-3'><a class=\"ez-toc-link ez-toc-heading-5\" href=\"https:\/\/loudavymkrokem.cz\/sk\/madeira-co-vidiet-sprievodca\/#S_cestovkou_alebo_na_vlastnu_past\" >S cestovkou alebo na vlastn\u00fa p\u00e4s\u0165?<\/a><\/li><li class='ez-toc-page-1 ez-toc-heading-level-3'><a class=\"ez-toc-link ez-toc-heading-6\" href=\"https:\/\/loudavymkrokem.cz\/sk\/madeira-co-vidiet-sprievodca\/#Prenajatie_auta_na_Madeire\" >Prenajatie auta na Madeire<\/a><\/li><li class='ez-toc-page-1 ez-toc-heading-level-3'><a class=\"ez-toc-link ez-toc-heading-7\" href=\"https:\/\/loudavymkrokem.cz\/sk\/madeira-co-vidiet-sprievodca\/#Kde_sa_ubytovat_na_Madeire\" >Kde sa ubytova\u0165 na Madeire<\/a><\/li><\/ul><\/li><li class='ez-toc-page-1 ez-toc-heading-level-2'><a class=\"ez-toc-link ez-toc-heading-8\" href=\"https:\/\/loudavymkrokem.cz\/sk\/madeira-co-vidiet-sprievodca\/#NOVINKA_2026_Platene_vstupy_a_rezervacie_na_PR_treky\" >NOVINKA 2026: Platen\u00e9 vstupy a rezerv\u00e1cie na PR treky<\/a><ul class='ez-toc-list-level-3' ><li class='ez-toc-heading-level-3'><a class=\"ez-toc-link ez-toc-heading-9\" href=\"https:\/\/loudavymkrokem.cz\/sk\/madeira-co-vidiet-sprievodca\/#Kolko_to_stoji\" >Ko\u013eko to stoj\u00ed?<\/a><\/li><li class='ez-toc-page-1 ez-toc-heading-level-3'><a class=\"ez-toc-link ez-toc-heading-10\" href=\"https:\/\/loudavymkrokem.cz\/sk\/madeira-co-vidiet-sprievodca\/#Kde_a_ako_rezervovat\" >Kde a ako rezervova\u0165<\/a><\/li><\/ul><\/li><li class='ez-toc-page-1 ez-toc-heading-level-2'><a class=\"ez-toc-link ez-toc-heading-11\" href=\"https:\/\/loudavymkrokem.cz\/sk\/madeira-co-vidiet-sprievodca\/#25_najkrajsich_miest_na_Madeire\" >25+ najkraj\u0161\u00edch miest na Madeire<\/a><ul class='ez-toc-list-level-3' ><li class='ez-toc-heading-level-3'><a class=\"ez-toc-link ez-toc-heading-12\" href=\"https:\/\/loudavymkrokem.cz\/sk\/madeira-co-vidiet-sprievodca\/#1_Funchal_%E2%80%94_hlavne_mesto_ostrova\" >1. Funchal \u2014 hlavn\u00e9 mesto ostrova<\/a><\/li><li class='ez-toc-page-1 ez-toc-heading-level-3'><a class=\"ez-toc-link ez-toc-heading-13\" href=\"https:\/\/loudavymkrokem.cz\/sk\/madeira-co-vidiet-sprievodca\/#2_Cabo_Girao_%E2%80%94_najvyssie_utesy_v_Europe\" >2. Cabo Gir\u00e3o \u2014 najvy\u0161\u0161ie \u00fatesy v Eur\u00f3pe<\/a><\/li><li class='ez-toc-page-1 ez-toc-heading-level-3'><a class=\"ez-toc-link ez-toc-heading-14\" href=\"https:\/\/loudavymkrokem.cz\/sk\/madeira-co-vidiet-sprievodca\/#3_Camara_de_Lobos_%E2%80%94_Churchillova_rybarska_dedinka\" >3. C\u00e2mara de Lobos \u2014 Churchillova ryb\u00e1rska dedinka<\/a><\/li><li class='ez-toc-page-1 ez-toc-heading-level-3'><a class=\"ez-toc-link ez-toc-heading-15\" href=\"https:\/\/loudavymkrokem.cz\/sk\/madeira-co-vidiet-sprievodca\/#4_Curral_das_Freiras_%E2%80%94_Udolie_mnisok\" >4. Curral das Freiras \u2014 \u00dadolie mn\u00ed\u0161ok<\/a><\/li><li class='ez-toc-page-1 ez-toc-heading-level-3'><a class=\"ez-toc-link ez-toc-heading-16\" href=\"https:\/\/loudavymkrokem.cz\/sk\/madeira-co-vidiet-sprievodca\/#5_Pico_do_Arieiro_%E2%80%94_treti_najvyssi_vrchol\" >5. Pico do Arieiro \u2014 tret\u00ed najvy\u0161\u0161\u00ed vrchol<\/a><\/li><li class='ez-toc-page-1 ez-toc-heading-level-3'><a class=\"ez-toc-link ez-toc-heading-17\" href=\"https:\/\/loudavymkrokem.cz\/sk\/madeira-co-vidiet-sprievodca\/#6_Pico_Ruivo_%E2%80%94_najvyssi_vrchol_Madeiry\" >6. Pico Ruivo \u2014 najvy\u0161\u0161\u00ed vrchol Madeiry<\/a><\/li><li class='ez-toc-page-1 ez-toc-heading-level-3'><a class=\"ez-toc-link ez-toc-heading-18\" href=\"https:\/\/loudavymkrokem.cz\/sk\/madeira-co-vidiet-sprievodca\/#7_Ponta_de_Sao_Lourenco_%E2%80%94_vychodny_cip_ostrova\" >7. Ponta de S\u00e3o Louren\u00e7o \u2014 v\u00fdchodn\u00fd c\u00edp ostrova<\/a><\/li><li class='ez-toc-page-1 ez-toc-heading-level-3'><a class=\"ez-toc-link ez-toc-heading-19\" href=\"https:\/\/loudavymkrokem.cz\/sk\/madeira-co-vidiet-sprievodca\/#8_Porto_Moniz_%E2%80%94_prirodne_lavove_bazeny\" >8. Porto Moniz \u2014 pr\u00edrodn\u00e9 l\u00e1vov\u00e9 baz\u00e9ny<\/a><\/li><li class='ez-toc-page-1 ez-toc-heading-level-3'><a class=\"ez-toc-link ez-toc-heading-20\" href=\"https:\/\/loudavymkrokem.cz\/sk\/madeira-co-vidiet-sprievodca\/#9_Seixal_%E2%80%94_cierna_plaz_a_vodopady\" >9. Seixal \u2014 \u010dierna pl\u00e1\u017e a vodop\u00e1dy<\/a><\/li><li class='ez-toc-page-1 ez-toc-heading-level-3'><a class=\"ez-toc-link ez-toc-heading-21\" href=\"https:\/\/loudavymkrokem.cz\/sk\/madeira-co-vidiet-sprievodca\/#10_Sao_Vicente_%E2%80%94_najkrajsie_mestecko_Madeiry\" >10. S\u00e3o Vicente \u2014 najkraj\u0161ie meste\u010dko Madeiry<\/a><\/li><li class='ez-toc-page-1 ez-toc-heading-level-3'><a class=\"ez-toc-link ez-toc-heading-22\" href=\"https:\/\/loudavymkrokem.cz\/sk\/madeira-co-vidiet-sprievodca\/#11_Sao_Vicente_jaskyne_%E2%80%94_lavove_tunely\" >11. S\u00e3o Vicente jaskyne \u2014 l\u00e1vov\u00e9 tunely<\/a><\/li><li class='ez-toc-page-1 ez-toc-heading-level-3'><a class=\"ez-toc-link ez-toc-heading-23\" href=\"https:\/\/loudavymkrokem.cz\/sk\/madeira-co-vidiet-sprievodca\/#12_Fanal_%E2%80%94_hmlisty_vavrinovy_les_UNESCO\" >12. Fanal \u2014 hmlist\u00fd vavr\u00ednov\u00fd les (UNESCO)<\/a><\/li><li class='ez-toc-page-1 ez-toc-heading-level-3'><a class=\"ez-toc-link ez-toc-heading-24\" href=\"https:\/\/loudavymkrokem.cz\/sk\/madeira-co-vidiet-sprievodca\/#13_Santana_%E2%80%94_tradicne_trojuholnikove_domceky\" >13. Santana \u2014 tradi\u010dn\u00e9 trojuholn\u00edkov\u00e9 dom\u010deky<\/a><\/li><li class='ez-toc-page-1 ez-toc-heading-level-3'><a class=\"ez-toc-link ez-toc-heading-25\" href=\"https:\/\/loudavymkrokem.cz\/sk\/madeira-co-vidiet-sprievodca\/#14_Ribeira_da_Janela_%E2%80%94_skalne_utvary\" >14. Ribeira da Janela \u2014 skaln\u00e9 \u00fatvary<\/a><\/li><li class='ez-toc-page-1 ez-toc-heading-level-3'><a class=\"ez-toc-link ez-toc-heading-26\" href=\"https:\/\/loudavymkrokem.cz\/sk\/madeira-co-vidiet-sprievodca\/#15_Miradouro_Veu_da_Noiva_%E2%80%94_vyhliadka_na_vodopad\" >15. Miradouro V\u00e9u da Noiva \u2014 vyhliadka na vodop\u00e1d<\/a><\/li><li class='ez-toc-page-1 ez-toc-heading-level-3'><a class=\"ez-toc-link ez-toc-heading-27\" href=\"https:\/\/loudavymkrokem.cz\/sk\/madeira-co-vidiet-sprievodca\/#16_Jardim_do_Mar_%E2%80%94_surfovanie_a_pokoj\" >16. Jardim do Mar \u2014 surfovanie a pokoj<\/a><\/li><li class='ez-toc-page-1 ez-toc-heading-level-3'><a class=\"ez-toc-link ez-toc-heading-28\" href=\"https:\/\/loudavymkrokem.cz\/sk\/madeira-co-vidiet-sprievodca\/#17_Machico_%E2%80%94_druhe_najvacsie_mesto\" >17. Machico \u2014 druh\u00e9 najv\u00e4\u010d\u0161ie mesto<\/a><\/li><li class='ez-toc-page-1 ez-toc-heading-level-3'><a class=\"ez-toc-link ez-toc-heading-29\" href=\"https:\/\/loudavymkrokem.cz\/sk\/madeira-co-vidiet-sprievodca\/#18_Achadas_da_Cruz_%E2%80%94_najstrmejsia_lanovka_na_svete\" >18. Achadas da Cruz \u2014 najstrmej\u0161ia lanovka na svete<\/a><\/li><li class='ez-toc-page-1 ez-toc-heading-level-3'><a class=\"ez-toc-link ez-toc-heading-30\" href=\"https:\/\/loudavymkrokem.cz\/sk\/madeira-co-vidiet-sprievodca\/#19_Prainha_de_Canical_%E2%80%94_najkrajsia_prirodna_plaz\" >19. Prainha de Cani\u00e7al \u2014 najkraj\u0161ia pr\u00edrodn\u00e1 pl\u00e1\u017e<\/a><\/li><li class='ez-toc-page-1 ez-toc-heading-level-3'><a class=\"ez-toc-link ez-toc-heading-31\" href=\"https:\/\/loudavymkrokem.cz\/sk\/madeira-co-vidiet-sprievodca\/#20_Calheta_Beach_%E2%80%94_plaz_pre_rodiny\" >20. Calheta Beach \u2014 pl\u00e1\u017e pre rodiny<\/a><\/li><li class='ez-toc-page-1 ez-toc-heading-level-3'><a class=\"ez-toc-link ez-toc-heading-32\" href=\"https:\/\/loudavymkrokem.cz\/sk\/madeira-co-vidiet-sprievodca\/#21_Curral_das_Freiras_%E2%80%94_vyhliadka_Eira_do_Serrado\" >21. Curral das Freiras \u2014 vyhliadka Eira do Serrado<\/a><\/li><li class='ez-toc-page-1 ez-toc-heading-level-3'><a class=\"ez-toc-link ez-toc-heading-33\" href=\"https:\/\/loudavymkrokem.cz\/sk\/madeira-co-vidiet-sprievodca\/#22_Miradouro_da_Portela_%E2%80%94_vyhlady_na_severne_pobrezie\" >22. Miradouro da Portela \u2014 v\u00fdh\u013eady na severn\u00e9 pobre\u017eie<\/a><\/li><li class='ez-toc-page-1 ez-toc-heading-level-3'><a class=\"ez-toc-link ez-toc-heading-34\" href=\"https:\/\/loudavymkrokem.cz\/sk\/madeira-co-vidiet-sprievodca\/#23_Ribeira_do_Inferno_%E2%80%94_povodna_cesta\" >23. Ribeira do Inferno \u2014 p\u00f4vodn\u00e1 cesta<\/a><\/li><li class='ez-toc-page-1 ez-toc-heading-level-3'><a class=\"ez-toc-link ez-toc-heading-35\" href=\"https:\/\/loudavymkrokem.cz\/sk\/madeira-co-vidiet-sprievodca\/#24_Miradouro_da_Santinha_%E2%80%94_vyhliadka_nad_Porto_Moniz\" >24. Miradouro da Santinha \u2014 vyhliadka nad Porto Moniz<\/a><\/li><li class='ez-toc-page-1 ez-toc-heading-level-3'><a class=\"ez-toc-link ez-toc-heading-36\" href=\"https:\/\/loudavymkrokem.cz\/sk\/madeira-co-vidiet-sprievodca\/#25_Garajau_Beach_%E2%80%94_priehladna_voda\" >25. Garajau Beach \u2014 prieh\u013eadn\u00e1 voda<\/a><\/li><li class='ez-toc-page-1 ez-toc-heading-level-3'><a class=\"ez-toc-link ez-toc-heading-37\" href=\"https:\/\/loudavymkrokem.cz\/sk\/madeira-co-vidiet-sprievodca\/#26_Blandys_Wine_Lodge_%E2%80%94_degustacia_madeirskeho_vina\" >26. Blandy&#8217;s Wine Lodge \u2014 degust\u00e1cia madeirsk\u00e9ho v\u00edna<\/a><\/li><\/ul><\/li><li class='ez-toc-page-1 ez-toc-heading-level-2'><a class=\"ez-toc-link ez-toc-heading-38\" href=\"https:\/\/loudavymkrokem.cz\/sk\/madeira-co-vidiet-sprievodca\/#Najlepsie_levadove_tury_na_Madeire\" >Najlep\u0161ie levadov\u00e9 t\u00fary na Madeire<\/a><ul class='ez-toc-list-level-3' ><li class='ez-toc-heading-level-3'><a class=\"ez-toc-link ez-toc-heading-39\" href=\"https:\/\/loudavymkrokem.cz\/sk\/madeira-co-vidiet-sprievodca\/#Levada_das_25_Fontes_25_vodopadov\" >Levada das 25 Fontes (25 vodop\u00e1dov)<\/a><\/li><li class='ez-toc-page-1 ez-toc-heading-level-3'><a class=\"ez-toc-link ez-toc-heading-40\" href=\"https:\/\/loudavymkrokem.cz\/sk\/madeira-co-vidiet-sprievodca\/#Levada_do_Caldeirao_Verde\" >Levada do Caldeir\u00e3o Verde<\/a><\/li><li class='ez-toc-page-1 ez-toc-heading-level-3'><a class=\"ez-toc-link ez-toc-heading-41\" href=\"https:\/\/loudavymkrokem.cz\/sk\/madeira-co-vidiet-sprievodca\/#Levada_do_Rei_Kralovska_levada\" >Levada do Rei (Kr\u00e1\u013eovsk\u00e1 levada)<\/a><\/li><li class='ez-toc-page-1 ez-toc-heading-level-3'><a class=\"ez-toc-link ez-toc-heading-42\" href=\"https:\/\/loudavymkrokem.cz\/sk\/madeira-co-vidiet-sprievodca\/#Vereda_dos_Balcoes_najlahsia\" >Vereda dos Balc\u00f5es (naj\u013eah\u0161ia)<\/a><\/li><li class='ez-toc-page-1 ez-toc-heading-level-3'><a class=\"ez-toc-link ez-toc-heading-43\" href=\"https:\/\/loudavymkrokem.cz\/sk\/madeira-co-vidiet-sprievodca\/#Pico_do_Arieiro_%E2%86%92_Pico_Ruivo_Kralovsky_trek\" >Pico do Arieiro \u2192 Pico Ruivo: Kr\u00e1\u013eovsk\u00fd trek<\/a><\/li><\/ul><\/li><li class='ez-toc-page-1 ez-toc-heading-level-2'><a class=\"ez-toc-link ez-toc-heading-44\" href=\"https:\/\/loudavymkrokem.cz\/sk\/madeira-co-vidiet-sprievodca\/#Pozorovanie_velryb_a_delfinov\" >Pozorovanie ve\u013er\u00fdb a delf\u00ednov<\/a><ul class='ez-toc-list-level-3' ><li class='ez-toc-heading-level-3'><a class=\"ez-toc-link ez-toc-heading-45\" href=\"https:\/\/loudavymkrokem.cz\/sk\/madeira-co-vidiet-sprievodca\/#Co_mozete_vidiet\" >\u010co m\u00f4\u017eete vidie\u0165?<\/a><\/li><li class='ez-toc-page-1 ez-toc-heading-level-3'><a class=\"ez-toc-link ez-toc-heading-46\" href=\"https:\/\/loudavymkrokem.cz\/sk\/madeira-co-vidiet-sprievodca\/#Prakticke_info\" >Praktick\u00e9 info<\/a><\/li><\/ul><\/li><li class='ez-toc-page-1 ez-toc-heading-level-2'><a class=\"ez-toc-link ez-toc-heading-47\" href=\"https:\/\/loudavymkrokem.cz\/sk\/madeira-co-vidiet-sprievodca\/#Co_ochutnat_na_Madeire_%E2%80%94_lokalna_gastronomia\" >\u010co ochutna\u0165 na Madeire \u2014 lok\u00e1lna gastron\u00f3mia<\/a><ul class='ez-toc-list-level-3' ><li class='ez-toc-heading-level-3'><a class=\"ez-toc-link ez-toc-heading-48\" href=\"https:\/\/loudavymkrokem.cz\/sk\/madeira-co-vidiet-sprievodca\/#Espetada_%E2%80%94_maso_na_vavrinovom_razni\" >Espetada \u2014 m\u00e4so na vavr\u00ednovom ra\u017eni<\/a><\/li><li class='ez-toc-page-1 ez-toc-heading-level-3'><a class=\"ez-toc-link ez-toc-heading-49\" href=\"https:\/\/loudavymkrokem.cz\/sk\/madeira-co-vidiet-sprievodca\/#Poncha_%E2%80%94_madeirsky_narodny_napoj\" >Poncha \u2014 madeirsk\u00fd n\u00e1rodn\u00fd n\u00e1poj<\/a><\/li><li class='ez-toc-page-1 ez-toc-heading-level-3'><a class=\"ez-toc-link ez-toc-heading-50\" href=\"https:\/\/loudavymkrokem.cz\/sk\/madeira-co-vidiet-sprievodca\/#Bolo_do_caco_%E2%80%94_cesnakovy_chlieb_z_Madeiry\" >Bolo do caco \u2014 cesnakov\u00fd chlieb z Madeiry<\/a><\/li><li class='ez-toc-page-1 ez-toc-heading-level-3'><a class=\"ez-toc-link ez-toc-heading-51\" href=\"https:\/\/loudavymkrokem.cz\/sk\/madeira-co-vidiet-sprievodca\/#Lapas_grelhadas_%E2%80%94_grilovane_slimaky\" >Lapas grelhadas \u2014 grilovan\u00e9 slim\u00e1ky<\/a><\/li><li class='ez-toc-page-1 ez-toc-heading-level-3'><a class=\"ez-toc-link ez-toc-heading-52\" href=\"https:\/\/loudavymkrokem.cz\/sk\/madeira-co-vidiet-sprievodca\/#Madeirske_vino_%E2%80%94_kde_ochutnat\" >Madeirsk\u00e9 v\u00edno \u2014 kde ochutna\u0165<\/a><\/li><\/ul><\/li><li class='ez-toc-page-1 ez-toc-heading-level-2'><a class=\"ez-toc-link ez-toc-heading-53\" href=\"https:\/\/loudavymkrokem.cz\/sk\/madeira-co-vidiet-sprievodca\/#Cestovanie_s_detmi_na_Madeire\" >Cestovanie s de\u0165mi na Madeire<\/a><\/li><li class='ez-toc-page-1 ez-toc-heading-level-2'><a class=\"ez-toc-link ez-toc-heading-54\" href=\"https:\/\/loudavymkrokem.cz\/sk\/madeira-co-vidiet-sprievodca\/#Plaze_na_Madeire\" >Pl\u00e1\u017ee na Madeire<\/a><\/li><li class='ez-toc-page-1 ez-toc-heading-level-2'><a class=\"ez-toc-link ez-toc-heading-55\" href=\"https:\/\/loudavymkrokem.cz\/sk\/madeira-co-vidiet-sprievodca\/#7-dnovy_itinerar_po_Madeire_den_po_dni\" >7-d\u0148ov\u00fd itiner\u00e1r po Madeire (de\u0148 po dni)<\/a><ul class='ez-toc-list-level-3' ><li class='ez-toc-heading-level-3'><a class=\"ez-toc-link ez-toc-heading-56\" href=\"https:\/\/loudavymkrokem.cz\/sk\/madeira-co-vidiet-sprievodca\/#Den_1_%E2%80%94_Prilet_a_Funchal\" >De\u0148 1 \u2014 Pr\u00edlet a Funchal<\/a><\/li><li class='ez-toc-page-1 ez-toc-heading-level-3'><a class=\"ez-toc-link ez-toc-heading-57\" href=\"https:\/\/loudavymkrokem.cz\/sk\/madeira-co-vidiet-sprievodca\/#Den_2_%E2%80%94_Cabo_Girao_Camara_de_Lobos_Curral_das_Freiras\" >De\u0148 2 \u2014 Cabo Gir\u00e3o, C\u00e2mara de Lobos, Curral das Freiras<\/a><\/li><li class='ez-toc-page-1 ez-toc-heading-level-3'><a class=\"ez-toc-link ez-toc-heading-58\" href=\"https:\/\/loudavymkrokem.cz\/sk\/madeira-co-vidiet-sprievodca\/#Den_3_%E2%80%94_Pico_do_Arieiro_%E2%86%92_Pico_Ruivo\" >De\u0148 3 \u2014 Pico do Arieiro \u2192 Pico Ruivo<\/a><\/li><li class='ez-toc-page-1 ez-toc-heading-level-3'><a class=\"ez-toc-link ez-toc-heading-59\" href=\"https:\/\/loudavymkrokem.cz\/sk\/madeira-co-vidiet-sprievodca\/#Den_4_%E2%80%94_Sao_Vicente_Seixal_a_Porto_Moniz_severne_pobrezie\" >De\u0148 4 \u2014 S\u00e3o Vicente, Seixal a Porto Moniz (severn\u00e9 pobre\u017eie)<\/a><\/li><li class='ez-toc-page-1 ez-toc-heading-level-3'><a class=\"ez-toc-link ez-toc-heading-60\" href=\"https:\/\/loudavymkrokem.cz\/sk\/madeira-co-vidiet-sprievodca\/#Den_5_%E2%80%94_Fanal_Forest_Levada_das_25_Fontes\" >De\u0148 5 \u2014 Fanal Forest + Levada das 25 Fontes<\/a><\/li><li class='ez-toc-page-1 ez-toc-heading-level-3'><a class=\"ez-toc-link ez-toc-heading-61\" href=\"https:\/\/loudavymkrokem.cz\/sk\/madeira-co-vidiet-sprievodca\/#Den_6_%E2%80%94_Ponta_de_Sao_Lourenco_Santana\" >De\u0148 6 \u2014 Ponta de S\u00e3o Louren\u00e7o + Santana<\/a><\/li><li class='ez-toc-page-1 ez-toc-heading-level-3'><a class=\"ez-toc-link ez-toc-heading-62\" href=\"https:\/\/loudavymkrokem.cz\/sk\/madeira-co-vidiet-sprievodca\/#Den_7_%E2%80%94_Whale_watching_Monte_Funchal\" >De\u0148 7 \u2014 Whale watching \/ Monte \/ Funchal<\/a><\/li><\/ul><\/li><li class='ez-toc-page-1 ez-toc-heading-level-2'><a class=\"ez-toc-link ez-toc-heading-63\" href=\"https:\/\/loudavymkrokem.cz\/sk\/madeira-co-vidiet-sprievodca\/#Kde_sa_ubytovat_na_Madeire-2\" >Kde sa ubytova\u0165 na Madeire<\/a><\/li><li class='ez-toc-page-1 ez-toc-heading-level-2'><a class=\"ez-toc-link ez-toc-heading-64\" href=\"https:\/\/loudavymkrokem.cz\/sk\/madeira-co-vidiet-sprievodca\/#Madeira_mapa_Mapa_s_bodmi_zaujmu_do_telefonu\" >Madeira mapa: Mapa s bodmi z\u00e1ujmu do telef\u00f3nu<\/a><\/li><li class='ez-toc-page-1 ez-toc-heading-level-2'><a class=\"ez-toc-link ez-toc-heading-65\" href=\"https:\/\/loudavymkrokem.cz\/sk\/madeira-co-vidiet-sprievodca\/#Co_robit_na_Madeire_ked_prsi\" >\u010co robi\u0165 na Madeire, ke\u010f pr\u0161\u00ed<\/a><ul class='ez-toc-list-level-3' ><li class='ez-toc-heading-level-3'><a class=\"ez-toc-link ez-toc-heading-66\" href=\"https:\/\/loudavymkrokem.cz\/sk\/madeira-co-vidiet-sprievodca\/#Jaskyne_Sao_Vicente\" >Jaskyne S\u00e3o Vicente<\/a><\/li><li class='ez-toc-page-1 ez-toc-heading-level-3'><a class=\"ez-toc-link ez-toc-heading-67\" href=\"https:\/\/loudavymkrokem.cz\/sk\/madeira-co-vidiet-sprievodca\/#Blandys_Wine_Lodge\" >Blandy&#8217;s Wine Lodge<\/a><\/li><li class='ez-toc-page-1 ez-toc-heading-level-3'><a class=\"ez-toc-link ez-toc-heading-68\" href=\"https:\/\/loudavymkrokem.cz\/sk\/madeira-co-vidiet-sprievodca\/#Mercado_dos_Lavradores\" >Mercado dos Lavradores<\/a><\/li><li class='ez-toc-page-1 ez-toc-heading-level-3'><a class=\"ez-toc-link ez-toc-heading-69\" href=\"https:\/\/loudavymkrokem.cz\/sk\/madeira-co-vidiet-sprievodca\/#CR7_muzeum\" >CR7 m\u00fazeum<\/a><\/li><li class='ez-toc-page-1 ez-toc-heading-level-3'><a class=\"ez-toc-link ez-toc-heading-70\" href=\"https:\/\/loudavymkrokem.cz\/sk\/madeira-co-vidiet-sprievodca\/#Levadove_tury_za_mierneho_dazda\" >Levadov\u00e9 t\u00fary za mierneho da\u017e\u010fa<\/a><\/li><\/ul><\/li><li class='ez-toc-page-1 ez-toc-heading-level-2'><a class=\"ez-toc-link ez-toc-heading-71\" href=\"https:\/\/loudavymkrokem.cz\/sk\/madeira-co-vidiet-sprievodca\/#Na_co_si_dat_pozor_na_Madeire\" >Na \u010do si da\u0165 pozor na Madeire<\/a><\/li><li class='ez-toc-page-1 ez-toc-heading-level-2'><a class=\"ez-toc-link ez-toc-heading-72\" href=\"https:\/\/loudavymkrokem.cz\/sk\/madeira-co-vidiet-sprievodca\/#Kolko_stoji_tyzden_na_Madeire_%E2%80%94_rozpocet_2026\" >Ko\u013eko stoj\u00ed t\u00fd\u017ede\u0148 na Madeire \u2014 rozpo\u010det 2026<\/a><\/li><li class='ez-toc-page-1 ez-toc-heading-level-2'><a class=\"ez-toc-link ez-toc-heading-73\" href=\"https:\/\/loudavymkrokem.cz\/sk\/madeira-co-vidiet-sprievodca\/#Najcastejsie_otazky_FAQ\" >Naj\u010dastej\u0161ie ot\u00e1zky (FAQ)<\/a><ul class='ez-toc-list-level-3' ><li class='ez-toc-heading-level-3'><a class=\"ez-toc-link ez-toc-heading-74\" href=\"https:\/\/loudavymkrokem.cz\/sk\/madeira-co-vidiet-sprievodca\/#Staci_tyzden_na_Madeiru\" >Sta\u010d\u00ed t\u00fd\u017ede\u0148 na Madeiru?<\/a><\/li><li class='ez-toc-page-1 ez-toc-heading-level-3'><a class=\"ez-toc-link ez-toc-heading-75\" href=\"https:\/\/loudavymkrokem.cz\/sk\/madeira-co-vidiet-sprievodca\/#Musim_si_od_roku_2026_rezervovat_vstup_na_treky_na_Madeire\" >Mus\u00edm si od roku 2026 rezervova\u0165 vstup na treky na Madeire?<\/a><\/li><li class='ez-toc-page-1 ez-toc-heading-level-3'><a class=\"ez-toc-link ez-toc-heading-76\" href=\"https:\/\/loudavymkrokem.cz\/sk\/madeira-co-vidiet-sprievodca\/#Ake_je_pocasie_na_Madeire_a_kedy_je_najlepsie_ist\" >Ak\u00e9 je po\u010dasie na Madeire a kedy je najlep\u0161ie \u00eds\u0165?<\/a><\/li><li class='ez-toc-page-1 ez-toc-heading-level-3'><a class=\"ez-toc-link ez-toc-heading-77\" href=\"https:\/\/loudavymkrokem.cz\/sk\/madeira-co-vidiet-sprievodca\/#Je_Madeira_vhodna_pre_rodiny_s_detmi\" >Je Madeira vhodn\u00e1 pre rodiny s de\u0165mi?<\/a><\/li><li class='ez-toc-page-1 ez-toc-heading-level-3'><a class=\"ez-toc-link ez-toc-heading-78\" href=\"https:\/\/loudavymkrokem.cz\/sk\/madeira-co-vidiet-sprievodca\/#Kolko_stoji_tyzden_na_Madeire_v_roku_2026\" >Ko\u013eko stoj\u00ed t\u00fd\u017ede\u0148 na Madeire v roku 2026?<\/a><\/li><li class='ez-toc-page-1 ez-toc-heading-level-3'><a class=\"ez-toc-link ez-toc-heading-79\" href=\"https:\/\/loudavymkrokem.cz\/sk\/madeira-co-vidiet-sprievodca\/#Potrebujem_na_Madeire_auto\" >Potrebujem na Madeire auto?<\/a><\/li><li class='ez-toc-page-1 ez-toc-heading-level-3'><a class=\"ez-toc-link ez-toc-heading-80\" href=\"https:\/\/loudavymkrokem.cz\/sk\/madeira-co-vidiet-sprievodca\/#Je_problem_na_Madeire_s_komarmi\" >Je probl\u00e9m na Madeire s kom\u00e1rmi?<\/a><\/li><\/ul><\/li><\/ul><\/nav><\/div>\n<h2 class=\"wp-block-heading\"><span class=\"ez-toc-section\" id=\"Prakticke_informacie_pre_cestu_na_Madeiru\"><\/span><span class=\"ez-toc-section\" id=\"Prakticke_informacie_pre_cestu_na_Madeiru\"><\/span><span class=\"ez-toc-section\" id=\"prakticke-informacie-pre-cestu-na-madeiru\"><\/span>Praktick\u00e9 inform\u00e1cie pre cestu na Madeiru<span class=\"ez-toc-section-end\"><\/span><span class=\"ez-toc-section-end\"><\/span><\/h2>\n<h3 class=\"wp-block-heading\"><span class=\"ez-toc-section\" id=\"Kedy_ist_na_Madeiru_Najlepsie_mesiace\"><\/span><span class=\"ez-toc-section\" id=\"Kedy_ist_na_Madeiru_Najlepsie_mesiace\"><\/span>Kedy \u00eds\u0165 na Madeiru? Najlep\u0161ie mesiace<span class=\"ez-toc-section-end\"><\/span><span class=\"ez-toc-section-end\"><\/span><\/h3>\n<p><strong>Madeira m\u00e1 pomerne stabiln\u00fa teplotn\u00fa kl\u00edmu<\/strong>, preto m\u00f4\u017eete vyrazi\u0165&nbsp;<strong>kedyko\u013evek po\u010das roka<\/strong>. Aj v&nbsp;decembri a v&nbsp;janu\u00e1ri m\u00f4\u017eu by\u0165 teploty okolo&nbsp;<strong>20 stup\u0148ov,<\/strong>&nbsp;aj ke\u010f priemern\u00e1 denn\u00e1 teplota je cca&nbsp;<strong>17 stup\u0148ov.&nbsp;<\/strong><\/p>\n<p>Najpopul\u00e1rnej\u0161ia je&nbsp;<strong>zrejme jar (apr\u00edl \u2013 j\u00fan), ke\u010f s\u00fa teploty<\/strong>&nbsp;najpr\u00edjemnej\u0161ie a prebieha aj kvetinov\u00fd festival vo Funchale.&nbsp;<strong>Mus\u00edte ale po\u010d\u00edta\u0165 s&nbsp;t\u00fdm, \u017ee m\u00f4\u017ee aj niektor\u00e9 dni pr\u0161a\u0165<\/strong>.&nbsp;<\/p>\n<p>Leto je&nbsp;<strong>najob\u013e\u00fabenej\u0161\u00edm \u010dasom na n\u00e1v\u0161tevu Madeiry<\/strong>, ak chcete vyrazi\u0165 na pozorovanie ve\u013er\u00fdb,&nbsp;<strong>ale teploty m\u00f4\u017eu by\u0165 aj okolo 33 \u00b0C<\/strong>, \u010do m\u00f4\u017ee by\u0165 nepr\u00edjemn\u00e9 pre t\u00fdch, \u010do pl\u00e1nuj\u00fa aj nejak\u00e9 to pochodovanie.<\/p>\n<p><strong>Jese\u0148 (september \u2013 november) b\u00fdva na Madeire pokojnej\u0161ia<\/strong>, teploty s\u00fa st\u00e1le pr\u00edjemn\u00e9 (my sme v&nbsp;septembri mali okolo 25 \u00b0C), ale m\u00f4\u017ee op\u00e4\u0165 pr\u0161a\u0165.&nbsp;<strong>Za\u010diatok jesene je ide\u00e1lny na n\u00e1v\u0161tevu, ak pl\u00e1nujete t\u00fary horami a pozd\u013a\u017e pobre\u017eia.&nbsp;<\/strong><\/p>\n<p>Ja som na Madeire bola<strong>&nbsp;v&nbsp;j\u00fani aj v&nbsp;septembri a v&nbsp;oboch pr\u00edpadoch som za\u017eila pomerne pr\u00edjemn\u00e9 po\u010dasie<\/strong>, aj ke\u010f ob\u010das sp\u0155chlo. Tak\u017ee sa naozaj nemus\u00edte b\u00e1\u0165 vyrazi\u0165 takmer kedyko\u013evek.<\/p>\n<h3 class=\"wp-block-heading\"><span class=\"ez-toc-section\" id=\"Madeira_pocasie_Aktualne_pocasie_na_Madeire\"><\/span><span class=\"ez-toc-section\" id=\"Madeira_pocasie_Aktualne_pocasie_na_Madeire\"><\/span>Madeira po\u010dasie: Aktu\u00e1lne po\u010dasie na Madeire<span class=\"ez-toc-section-end\"><\/span><span class=\"ez-toc-section-end\"><\/span><\/h3>\n<p><a class=\"weatherwidget-io\" href=\"https:\/\/forecast7.com\/cs\/39d94n8d04\/madeira\/\" data-label_1=\"Madeira\" data-label_2=\"Po\u010dasie\" data-theme=\"original\" target=\"_blank\" rel=\"noopener\">Madeira Po\u010dasie<\/a><br \/>\n<script>\n!function(d,s,id){var js,fjs=d.getElementsByTagName(s)[0];if(!d.getElementById(id)){js=d.createElement(s);js.id=id;js.src='https:\/\/weatherwidget.io\/js\/widget.min.js';fjs.parentNode.insertBefore(js,fjs);}}(document,'script','weatherwidget-io-js');\n<\/script><\/p>\n<h3 class=\"wp-block-heading\"><span class=\"ez-toc-section\" id=\"Ako_sa_dostat_na_Madeiru_letenky_priame_lety\"><\/span><span class=\"ez-toc-section\" id=\"Ako_sa_dostat_na_Madeiru_letenky_priame_lety\"><\/span>Ako sa dosta\u0165 na Madeiru (letenky, priame lety)<span class=\"ez-toc-section-end\"><\/span><span class=\"ez-toc-section-end\"><\/span><\/h3>\n<p>Na Madeiru lietaj\u00fa priame lety z nieko\u013ek\u00fdch eur\u00f3pskych miest. <strong>Z Bratislavy ani z Ko\u0161\u00edc nie s\u00fa priame lety be\u017en\u00e9, ale s jedn\u00fdm prestupom v Lisabone alebo v Porte to zvl\u00e1dnete za 4 \u2013 5 hod\u00edn.<\/strong> Sledujte akcie u Ryanair, TAP Portugal alebo easyJet \u2014 spiato\u010dn\u00e9 letenky sa daj\u00fa zohna\u0165 od 120 EUR, ak budete sledova\u0165 ponuky s predstihom.<\/p>\n<p><strong>Tip:<\/strong> Prist\u00e1tie na madeirskom letisku Cristiano Ronaldo patr\u00ed medzi najadrenal\u00ednovej\u0161ie v Eur\u00f3pe. Prist\u00e1vacia dr\u00e1ha je vybudovan\u00e1 na pilieroch nad oce\u00e1nom a pri bo\u010dnom vetre je to z\u00e1\u017eitok. Nebojte sa, piloti s\u00fa na to tr\u00e9novan\u00ed.<\/p>\n<h3 class=\"wp-block-heading\"><span class=\"ez-toc-section\" id=\"S_cestovkou_alebo_na_vlastnu_past\"><\/span><span class=\"ez-toc-section\" id=\"S_cestovkou_alebo_na_vlastnu_past\"><\/span>S cestovkou alebo na vlastn\u00fa p\u00e4s\u0165?<span class=\"ez-toc-section-end\"><\/span><span class=\"ez-toc-section-end\"><\/span><\/h3>\n<p><strong>Madeira je ide\u00e1lna na cestovanie na vlastn\u00fa p\u00e4s\u0165.<\/strong> Ostrov je bezpe\u010dn\u00fd, kompaktn\u00fd a dobre pr\u00edstupn\u00fd s prenajat\u00fdm autom. S cestovkou pr\u00eddete o flexibilitu, ktor\u00fa na Madeire ocen\u00edte \u2014 napr\u00edklad mo\u017enos\u0165 vyrazi\u0165 na Pico do Arieiro na v\u00fdchod slnka, ke\u010f pr\u00e1ve vyjde po\u010dasie. My osobne odpor\u00fa\u010dame prenaja\u0165 si auto a \u00eds\u0165 po vlastnej osi.<\/p>\n<h3 class=\"wp-block-heading\"><span class=\"ez-toc-section\" id=\"Prenajatie_auta_na_Madeire\"><\/span><span class=\"ez-toc-section\" id=\"Prenajatie_auta_na_Madeire\"><\/span>Prenajatie auta na Madeire<span class=\"ez-toc-section-end\"><\/span><span class=\"ez-toc-section-end\"><\/span><\/h3>\n<p>V&nbsp;po\u017ei\u010dovniach v\u00e1s bud\u00fa odhov\u00e1ra\u0165 od mal\u00fdch \u00e1ut, preto\u017ee na Madeire sa jazd\u00ed do pomerne prudk\u00fdch kopcov. <strong>My sme mali mal\u00e9 auto pri oboch n\u00e1v\u0161tev\u00e1ch a nemali sme nikdy probl\u00e9m. Ak ale nie ste ostrie\u013ean\u00ed vodi\u010di, rezervujte si rad\u0161ej silnej\u0161ie auto a hlavne automat, rozjazdy do t\u00fdch ich extr\u00e9mne prudk\u00fdch kopcov ob\u010das nie s\u00fa sranda.<\/strong><\/p>\n<p><strong>Na \u010do si da\u0165 pozor:<\/strong> Cesty na Madeire s\u00fa s\u00edce \u00fazke a k\u013eukat\u00e9, ale kvalitn\u00e9. V\u00e4\u010d\u0161ina hlavn\u00fdch tr\u00e1s vedie po nov\u00fdch tuneloch. Odpor\u00fa\u010dame pln\u00e9 poistenie \u2014 men\u0161ie \u0161krabance sa na \u00fazkych cest\u00e1ch st\u00e1vaj\u00fa. Benz\u00edn je na ostrove drah\u0161\u00ed ako v Portugalsku, aktu\u00e1lnu cenu n\u00e1jdete <a href=\"https:\/\/www.globalpetrolprices.com\/Portugal\/gasoline_prices\/\" target=\"_blank\" rel=\"noreferrer noopener nofollow\"><strong>tu<\/strong><\/a>.<\/p>\n<p><a href=\"https:\/\/www.kqzyfj.com\/click-8386420-13255434\" target=\"_top\" rel=\"noopener\"><br \/>\n<img loading=\"lazy\" decoding=\"async\" src=\"https:\/\/www.lduhtrp.net\/image-8386420-13255434\" width=\"468\" height=\"60\" alt=\"\" border=\"0\" title=\"\"><\/a><\/p>\n<h3 class=\"wp-block-heading\"><span class=\"ez-toc-section\" id=\"Kde_sa_ubytovat_na_Madeire\"><\/span><span class=\"ez-toc-section\" id=\"Kde_sa_ubytovat_na_Madeire\"><\/span>Kde sa ubytova\u0165 na Madeire<span class=\"ez-toc-section-end\"><\/span><span class=\"ez-toc-section-end\"><\/span><\/h3>\n<p><strong>Madeira je pomerne mal\u00fd ostrov a je preto mo\u017en\u00e9 si n\u00e1js\u0165 <a href=\"https:\/\/www.booking.com\/searchresults.en.html?city=-2166199&amp;aid=1479712&amp;no_rooms=1&amp;group_adults=2&amp;room1=A%2CA\" target=\"_blank\" rel=\"noreferrer noopener sponsored nofollow\">pekn\u00fd hotel vo Funchale<\/a><\/strong>&nbsp;a vyr\u00e1\u017ea\u0165 na v\u00fdlety odtia\u013eto. My sme ale nakoniec us\u00fadili, \u017ee sa pres\u00fava\u0165 po ostrove stoj\u00ed za to \u2014 v\u010faka tomu si na niektor\u00fdch miestach u\u017eijete v\u00fdchod aj z\u00e1pad slnka, \u010do je na nezaplatenie.<\/p>\n<p><strong>Funchal<\/strong> je najlep\u0161ia z\u00e1klad\u0148a pre krat\u0161ie pobyty. Ak m\u00e1te viac \u010dasu, odpor\u00fa\u010dame aspo\u0148 2 \u2013 3 noci str\u00e1vi\u0165 na severe (Porto Moniz, S\u00e3o Vicente) \u2014 severn\u00e9 pobre\u017eie m\u00e1 \u00faplne in\u00fa atmosf\u00e9ru a r\u00e1no tam stretnete minimum turistov.<\/p>\n<h2 class=\"wp-block-heading\"><span class=\"ez-toc-section\" id=\"NOVINKA_2026_Platene_vstupy_a_rezervacie_na_PR_treky\"><\/span><span class=\"ez-toc-section\" id=\"NOVINKA_2026_Platene_vstupy_a_rezervacie_na_PR_treky\"><\/span><span class=\"ez-toc-section\" id=\"novinka-2026-platene-vstupy-a-rezervacie-na-pr-treky\"><\/span>NOVINKA 2026: Platen\u00e9 vstupy a rezerv\u00e1cie na PR treky<span class=\"ez-toc-section-end\"><\/span><span class=\"ez-toc-section-end\"><\/span><\/h2>\n<p><strong>Toto je asi najd\u00f4le\u017eitej\u0161ia novinka pre rok 2026, ktor\u00fa mus\u00edte vedie\u0165.<\/strong> Madeira zaviedla povinn\u00fd syst\u00e9m predrezerv\u00e1ci\u00ed a platen\u00fdch vstupov na svoje najob\u013e\u00fabenej\u0161ie pe\u0161ie trasy (ozna\u010den\u00e9 ako PR \u2014 Pequena Rota). Ak pl\u00e1nujete t\u00faru po levad\u00e1ch alebo trek na Pico Ruivo, <strong>mus\u00edte si miesto zarezervova\u0165 vopred online<\/strong>.<\/p>\n<h3 class=\"wp-block-heading\"><span class=\"ez-toc-section\" id=\"Kolko_to_stoji\"><\/span><span class=\"ez-toc-section\" id=\"Kolko_to_stoji\"><\/span>Ko\u013eko to stoj\u00ed?<span class=\"ez-toc-section-end\"><\/span><span class=\"ez-toc-section-end\"><\/span><\/h3>\n<p>Ceny sa pohybuj\u00fa pod\u013ea n\u00e1ro\u010dnosti a popularity trasy:<\/p>\n<ul class=\"wp-block-list\">\n<li><strong>Jednoduch\u0161ie trasy (PR 6, PR 9):<\/strong> 3 EUR\/osoba<\/li>\n<li><strong>Stredn\u00e9 trasy (PR 1, PR 10):<\/strong> 5 EUR\/osoba<\/li>\n<li><strong>Najob\u013e\u00fabenej\u0161ie trasy (25 Fontes, Caldeir\u00e3o Verde):<\/strong> 7 \u2013 10,50 EUR\/osoba<\/li>\n<li><strong>Deti do 12 rokov:<\/strong> zadarmo<\/li>\n<\/ul>\n<h3 class=\"wp-block-heading\"><span class=\"ez-toc-section\" id=\"Kde_a_ako_rezervovat\"><\/span><span class=\"ez-toc-section\" id=\"Kde_a_ako_rezervovat\"><\/span>Kde a ako rezervova\u0165<span class=\"ez-toc-section-end\"><\/span><span class=\"ez-toc-section-end\"><\/span><\/h3>\n<p>Rezerv\u00e1cie sa robia cez ofici\u00e1lny port\u00e1l <a href=\"https:\/\/ifcn.madeira.gov.pt\" target=\"_blank\" rel=\"noreferrer noopener nofollow\"><strong>ifcn.madeira.gov.pt<\/strong><\/a>. Odpor\u00fa\u010dame rezervova\u0165 <strong>minim\u00e1lne 3 \u2013 5 dn\u00ed vopred<\/strong>, hlavne v hlavnej sez\u00f3ne (apr\u00edl \u2013 okt\u00f3ber). Kapacita na de\u0148 je obmedzen\u00e1 a najob\u013e\u00fabenej\u0161ie trasy ako 25 Fontes b\u00fdvaj\u00fa v hlavnej sez\u00f3ne obsaden\u00e9 aj t\u00fd\u017ede\u0148 dopredu.<\/p>\n<p><strong>Tip z praxe:<\/strong> Pl\u00e1nujte t\u00fary ako prv\u00fa vec pri pl\u00e1novan\u00ed dovolenky \u2014 nie ako posledn\u00fa! A ak je va\u0161a preferovan\u00e1 trasa obsaden\u00e1, sk\u00faste vybra\u0165 menej zn\u00e1mu alternat\u00edvu. Madeira m\u00e1 desiatky kr\u00e1snych lev\u00e1d, ktor\u00e9 nie s\u00fa tak popul\u00e1rne, ale s\u00fa rovnako \u00fachvatn\u00e9.<\/p>\n<h2 class=\"wp-block-heading\"><span class=\"ez-toc-section\" id=\"25_najkrajsich_miest_na_Madeire\"><\/span><span class=\"ez-toc-section\" id=\"25_najkrajsich_miest_na_Madeire\"><\/span><span class=\"ez-toc-section\" id=\"25-najkrajsich-miest-na-madeire\"><\/span>25+ najkraj\u0161\u00edch miest na Madeire<span class=\"ez-toc-section-end\"><\/span><span class=\"ez-toc-section-end\"><\/span><\/h2>\n<p><strong>Sk\u00f4r ne\u017e sa presunieme na itiner\u00e1r<\/strong>, tu je kompletn\u00fd preh\u013ead toho najlep\u0161ieho, \u010do na Madeire uvid\u00edte. Ka\u017ed\u00e9 miesto sme bu\u010f nav\u0161t\u00edvili osobne, alebo ho odpor\u00fa\u010dame na z\u00e1klade sk\u00fasenost\u00ed od cestovate\u013eov, ktor\u00fdm d\u00f4verujeme.<\/p>\n<h3 class=\"wp-block-heading\"><span class=\"ez-toc-section\" id=\"1_Funchal_%E2%80%94_hlavne_mesto_ostrova\"><\/span><span class=\"ez-toc-section\" id=\"1_Funchal_%E2%80%94_hlavne_mesto_ostrova\"><\/span>1. Funchal \u2014 hlavn\u00e9 mesto ostrova<span class=\"ez-toc-section-end\"><\/span><span class=\"ez-toc-section-end\"><\/span><\/h3>\n<p>Funchal je pr\u00edjemn\u00e9 meste\u010dko, ktor\u00e9 sa \u0165ah\u00e1 nahor do svahu od pr\u00edstavu. <strong>Nepovedala by som, \u017ee je to highlight Madeiry, ale rozhodne si zasl\u00fa\u017ei aspo\u0148 jeden de\u0148.<\/strong> My sme si ho nech\u00e1vali na za\u010diatok a koniec dovolenky \u2014 a zaka\u017ed\u00fdm n\u00e1s milo prekvapil.<\/p>\n<p><strong>\u010co vo Funchale nevynecha\u0165:<\/strong><\/p>\n<ul class=\"wp-block-list\">\n<li><strong>Mercado dos Lavradores<\/strong> \u2014 farebn\u00fd trh s exotick\u00fdm ovoc\u00edm, kvetinami a \u010derstv\u00fdmi rybami. Vysk\u00fa\u0161ajte anona (custard apple) a maracuja.<\/li>\n<li><strong>Zona Velha (star\u00e9 mesto)<\/strong> \u2014 uli\u010dky pln\u00e9 street artu, ma\u013eovan\u00e9 dvere na Rua de Santa Maria a najlep\u0161ie re\u0161taur\u00e1cie v meste.<\/li>\n<li><strong>Jardim Bot\u00e2nico<\/strong> \u2014 botanick\u00e1 z\u00e1hrada s n\u00e1dhern\u00fdm v\u00fdh\u013eadom na mesto. Vstupn\u00e9 cca 6 EUR.<\/li>\n<li><strong>Cable Car na Monte<\/strong> \u2014 lanovkou vyst\u00fapite do \u0161tvrte Monte nad Funchalom, kde je tropick\u00e1 z\u00e1hrada Monte Palace a kostol Nossa Senhora do Monte.<\/li>\n<li><strong>Jazda v tobogane z Monte<\/strong> \u2014 tradi\u010dn\u00e9 pr\u00faten\u00e9 sane riaden\u00e9 dvoma mu\u017emi v bielom, ktor\u00ed v\u00e1s zvez\u00fa po asfaltovej ceste z kopca. Absol\u00fatne unik\u00e1tny a trochu \u0161ialen\u00fd z\u00e1\u017eitok. Cca 30 EUR za 2 osoby.<\/li>\n<\/ul>\n<figure class=\"wp-block-image size-large\"><img decoding=\"async\" src=\"https:\/\/www.loudavymkrokem.cz\/wp-content\/uploads\/2023\/05\/Funchal-2048x1365.jpg\" alt=\"Funchal na Madeire stoj\u00ed za n\u00e1v\u0161tevu. Je tu mno\u017estvo miest, \u010do vidie\u0165\" class=\"wp-image-58332\" title=\"\"><figcaption class=\"wp-element-caption\">Na Madeire si vo Funchale m\u00f4\u017eete vychutna\u0165&nbsp;<em>jazdu na saniach<\/em>&nbsp;vo v\u0161etk\u00fdch ro\u010dn\u00fdch obdobiach.<\/figcaption><\/figure>\n<h3 class=\"wp-block-heading\"><span class=\"ez-toc-section\" id=\"2_Cabo_Girao_%E2%80%94_najvyssie_utesy_v_Europe\"><\/span><span class=\"ez-toc-section\" id=\"2_Cabo_Girao_%E2%80%94_najvyssie_utesy_v_Europe\"><\/span>2. Cabo Gir\u00e3o \u2014 najvy\u0161\u0161ie \u00fatesy v Eur\u00f3pe<span class=\"ez-toc-section-end\"><\/span><span class=\"ez-toc-section-end\"><\/span><\/h3>\n<p><strong>580 metrov kolm\u00e9ho p\u00e1du do oce\u00e1nu.<\/strong> Cabo Gir\u00e3o je jeden z najvy\u0161\u0161\u00edch morsk\u00fdch \u00fatesov na svete a vyhliadka so sklenenou podlahou (skywalk) je zadarmo. Sta\u010d\u00ed v\u00e1m 30 \u2013 45 min\u00fat, ale ten v\u00fdh\u013ead dole v\u00e1m vyraz\u00ed dych \u2014 a mo\u017eno trochu otrasie \u017eal\u00fadkom, ak m\u00e1te z\u00e1vrat.<\/p>\n<p>Pod \u00fatesmi uvid\u00edte mal\u00e9 pol\u00ed\u010dka (faj\u00e3s), kam sa farm\u00e1ri dost\u00e1vaj\u00fa lanovkou. Je to neuverite\u013en\u00e9.<\/p>\n<h3 class=\"wp-block-heading\"><span class=\"ez-toc-section\" id=\"3_Camara_de_Lobos_%E2%80%94_Churchillova_rybarska_dedinka\"><\/span><span class=\"ez-toc-section\" id=\"3_Camara_de_Lobos_%E2%80%94_Churchillova_rybarska_dedinka\"><\/span>3. C\u00e2mara de Lobos \u2014 Churchillova ryb\u00e1rska dedinka<span class=\"ez-toc-section-end\"><\/span><span class=\"ez-toc-section-end\"><\/span><\/h3>\n<p>Malebn\u00e1 ryb\u00e1rska dedina s farebn\u00fdmi lo\u010fkami, ktor\u00fa miloval Winston Churchill \u2014 dokonca ju tu ma\u013eoval. <strong>Espresso na n\u00e1mest\u00ed s v\u00fdh\u013eadom na pr\u00edstav je povinn\u00e1 zast\u00e1vka.<\/strong> C\u00e2mara de Lobos je tie\u017e presl\u00e1ven\u00e1 ako najlep\u0161ie miesto na ponchu \u2014 tradi\u010dn\u00fd madeirsk\u00fd n\u00e1poj. Vysk\u00fa\u0161ajte ju v O Jango.<\/p>\n<h3 class=\"wp-block-heading\"><span class=\"ez-toc-section\" id=\"4_Curral_das_Freiras_%E2%80%94_Udolie_mnisok\"><\/span><span class=\"ez-toc-section\" id=\"4_Curral_das_Freiras_%E2%80%94_Udolie_mnisky\"><\/span>4. Curral das Freiras \u2014 \u00dadolie mn\u00ed\u0161ok<span class=\"ez-toc-section-end\"><\/span><span class=\"ez-toc-section-end\"><\/span><\/h3>\n<p>Dramatick\u00e9 \u00fadolie obklopen\u00e9 strm\u00fdmi horami, kam sa v 16. storo\u010d\u00ed schov\u00e1vali mn\u00ed\u0161ky pred pir\u00e1tmi. <strong>Vyhliadka z Eira do Serrado je dychvyr\u00e1\u017eaj\u00faca<\/strong> \u2014 a potom m\u00f4\u017eete z\u00eds\u0165 dole do dediny na obed. Objedn\u00e1vajte espetadu (m\u00e4so na vavr\u00ednov\u00fd ra\u017eni), tu je jedna z najlep\u0161\u00edch na ostrove.<\/p>\n<h3 class=\"wp-block-heading\"><span class=\"ez-toc-section\" id=\"5_Pico_do_Arieiro_%E2%80%94_treti_najvyssi_vrchol\"><\/span><span class=\"ez-toc-section\" id=\"5_Pico_do_Arieiro_%E2%80%94_treti_najvyssi_vrchol\"><\/span>5. Pico do Arieiro \u2014 tret\u00ed najvy\u0161\u0161\u00ed vrchol<span class=\"ez-toc-section-end\"><\/span><span class=\"ez-toc-section-end\"><\/span><\/h3>\n<p>Ak chcete vedie\u0165, ako by asi vyzeral raj, mus\u00edte vyrazi\u0165 na tret\u00ed najvy\u0161\u0161\u00ed vrch na Madeire (1 818 m),&nbsp;<strong>a to hne\u010f na v\u00fdchod slnka.<\/strong> Vyjazdite autom nahor a kochajte sa v\u00fdh\u013eadom nad mrakmi. Ak v\u00e1m vyjde po\u010dasie, bud\u00fa sa strieda\u0165 v\u00fdh\u013eady na hory s morom mr\u00e1\u010dkov. Je to nezabudnute\u013en\u00e9.<\/p>\n<figure class=\"wp-block-image size-large\"><img decoding=\"async\" src=\"https:\/\/www.loudavymkrokem.cz\/wp-content\/uploads\/2023\/05\/Pico-Areiro-2048x1365.jpg\" alt=\"Pico Areiro na Madeire patr\u00ed medzi najkraj\u0161ie miesta\" class=\"wp-image-58331\" title=\"\"><figcaption class=\"wp-element-caption\">Najkraj\u0161ie miesto na Madeire \u2013 Pico Areiro<\/figcaption><\/figure>\n<h3 class=\"wp-block-heading\"><span class=\"ez-toc-section\" id=\"6_Pico_Ruivo_%E2%80%94_najvyssi_vrchol_Madeiry\"><\/span><span class=\"ez-toc-section\" id=\"6_Pico_Ruivo_%E2%80%94_najvyssi_vrchol_Madeiry\"><\/span>6. Pico Ruivo \u2014 najvy\u0161\u0161\u00ed vrchol Madeiry<span class=\"ez-toc-section-end\"><\/span><span class=\"ez-toc-section-end\"><\/span><\/h3>\n<p><strong>Trek z Pico do Arieiro na Pico Ruivo (1 862 m) je pod\u013ea m\u0148a najkraj\u0161\u00ed trek na svete.<\/strong> Hrebe\u0148ov\u00e1 cesta s tunelmi vytesan\u00fdmi v skale, priepas\u0165ami po oboch stran\u00e1ch a v\u00fdh\u013eadmi, ktor\u00e9 si budete pam\u00e4ta\u0165 do konca \u017eivota. 7 km jedn\u00fdm smerom, 4 \u2013 5 hod\u00edn tam a sp\u00e4\u0165, kumulat\u00edvne prev\u00fd\u0161enie cez 700 m.<\/p>\n<p>My sme pri mojej druhej n\u00e1v\u0161teve mali smolu, cel\u00fd de\u0148 na Pico do Arieiro pr\u0161alo. <strong>Preto d\u00f4le\u017eit\u00e1 rada: majte z\u00e1lo\u017en\u00fd de\u0148 a vyra\u017ete, len ke\u010f je jasno!<\/strong> V hmle trek str\u00e1ca 90 % k\u00fazla.<\/p>\n<h3 class=\"wp-block-heading\"><span class=\"ez-toc-section\" id=\"7_Ponta_de_Sao_Lourenco_%E2%80%94_vychodny_cip_ostrova\"><\/span><span class=\"ez-toc-section\" id=\"7_Ponta_de_Sao_Lourenco_%E2%80%94_vychodny_cip_ostrova\"><\/span>7. Ponta de S\u00e3o Louren\u00e7o \u2014 v\u00fdchodn\u00fd c\u00edp ostrova<span class=\"ez-toc-section-end\"><\/span><span class=\"ez-toc-section-end\"><\/span><\/h3>\n<p>Such\u00e1, drsn\u00e1 krajina v kontraste so zvy\u0161kom zelenej Madeiry. <strong>Trek na v\u00fdchodn\u00fd c\u00edp ostrova je n\u00e1dhern\u00fd \u2014 7,4 km, 2 \u2013 3 hodiny, stredn\u00e1 obtia\u017enos\u0165.<\/strong> \u00datesy padaj\u00face do oce\u00e1nu, \u010derven\u00e9 a \u017elt\u00e9 skaly, vietor a slan\u00fd vzduch. \u00daplne in\u00fd svet ako zvy\u0161ok ostrova.<\/p>\n<p>My sme vyrazili z&nbsp;horn\u00e9ho vzdialenej\u0161ieho parkoviska, odkia\u013e je trasa trochu n\u00e1ro\u010dnej\u0161ia, za to m\u00e1te lep\u0161ie vyhliadky.&nbsp;<strong>Ide sa pozd\u013a\u017e \u00fatesov a\u017e do o\u00e1zy, kde je kaviare\u0148 <a href=\"https:\/\/g.page\/casa-do-sardinha?share\" target=\"_blank\" rel=\"noreferrer noopener nofollow\">Sardine House cafe &amp; snacks<\/a>.<\/strong>&nbsp;Z&nbsp;kaviarne m\u00f4\u017eete vyu\u017ei\u0165 lo\u010f, ktor\u00e1 v\u00e1s zavezie sp\u00e4\u0165 k&nbsp;parkovisku.&nbsp;<\/p>\n<figure class=\"wp-block-image size-full\"><img decoding=\"async\" src=\"https:\/\/www.loudavymkrokem.cz\/wp-content\/uploads\/2023\/05\/5P5A2950.jpg\" alt=\"Vereda da Ponta de Sao Lourenco patr\u00ed medzi najlep\u0161ie treky na Madeire. Ak milujete turistiku, sem na Madeire mus\u00edte\" class=\"wp-image-58330\" title=\"\"><\/figure>\n<h3 class=\"wp-block-heading\"><span class=\"ez-toc-section\" id=\"8_Porto_Moniz_%E2%80%94_prirodne_lavove_bazeny\"><\/span><span class=\"ez-toc-section\" id=\"8_Porto_Moniz_%E2%80%94_prirodne_lavove_bazeny\"><\/span>8. Porto Moniz \u2014 pr\u00edrodn\u00e9 l\u00e1vov\u00e9 baz\u00e9ny<span class=\"ez-toc-section-end\"><\/span><span class=\"ez-toc-section-end\"><\/span><\/h3>\n<p>Porto Moniz je zn\u00e1me svojimi <strong>pr\u00edrodn\u00fdmi baz\u00e9nmi vytvoren\u00fdmi z vulkanickej l\u00e1vy<\/strong>, do ktor\u00fdch \u0161plouch\u00e1 oce\u00e1n. Vstup cca 3 EUR. K\u00fapanie v baz\u00e9noch s v\u00fdh\u013eadom na otvoren\u00fd Atlantik je jeden z t\u00fdch z\u00e1\u017eitkov, kv\u00f4li ktor\u00fdm na Madeiru \u013eudia jazdia. <strong>R\u00e1no pri v\u00fdchode slnka tu b\u00fdva pokoj \u2014 ak prenocujete v Porto Moniz, m\u00f4\u017eete tu by\u0165 takmer sami.<\/strong><\/p>\n<figure class=\"wp-block-image size-full\"><img decoding=\"async\" src=\"https:\/\/www.loudavymkrokem.cz\/wp-content\/uploads\/2023\/05\/porto-moniz.jpg\" alt=\"\u010co vidie\u0165 na Madeire: Porto Moniz\" class=\"wp-image-58336\" title=\"\"><figcaption class=\"wp-element-caption\">Porto Moniz<\/figcaption><\/figure>\n<h3 class=\"wp-block-heading\"><span class=\"ez-toc-section\" id=\"9_Seixal_%E2%80%94_cierna_plaz_a_vodopady\"><\/span><span class=\"ez-toc-section\" id=\"9_Seixal_%E2%80%94_cierna_plaz_a_vodopady\"><\/span>9. Seixal \u2014 \u010dierna pl\u00e1\u017e a vodop\u00e1dy<span class=\"ez-toc-section-end\"><\/span><span class=\"ez-toc-section-end\"><\/span><\/h3>\n<p><strong>Seixal Beach je jedno z najfotogenickej\u0161\u00edch miest na celom ostrove.<\/strong> \u010cierny sope\u010dn\u00fd piesok, vodop\u00e1dy stekaj\u00face priamo z \u00fatesu do mora a dramatick\u00e9 zelen\u00e9 \u00fatesy v pozad\u00ed. Je tu aj Seixal Natural Pools \u2014 pr\u00edrodn\u00fd baz\u00e9n, kde sa m\u00f4\u017eete bezpe\u010dne vyk\u00fapa\u0165.<\/p>\n<h3 class=\"wp-block-heading\"><span class=\"ez-toc-section\" id=\"10_Sao_Vicente_%E2%80%94_najkrajsie_mestecko_Madeiry\"><\/span><span class=\"ez-toc-section\" id=\"10_Sao_Vicente_%E2%80%94_najkrajsie_mestecko_Madeiry\"><\/span>10. S\u00e3o Vicente \u2014 najkraj\u0161ie meste\u010dko Madeiry<span class=\"ez-toc-section-end\"><\/span><span class=\"ez-toc-section-end\"><\/span><\/h3>\n<p><strong>S\u00e3o Vicente je zasaden\u00e9 do \u00fazkeho romantick\u00e9ho \u00fadolia<\/strong>&nbsp;tiah\u00faceho sa od pobre\u017eia Atlantiku do vn\u00fatrozemia. Ak doraz\u00edte v\u010das, najsk\u00f4r sa bud\u00fa e\u0161te nad kopcami pohupova\u0165 m\u00e4kk\u00e9 vank\u00fa\u0161iky mr\u00e1\u010dkov. Mal\u00e9mu historick\u00e9mu centru dominuje kr\u00e1sny kostol\u00edk Igreja de S\u00e3o Vicente zo 16. storo\u010dia.<\/p>\n<figure class=\"wp-block-image size-full\"><img decoding=\"async\" src=\"https:\/\/www.loudavymkrokem.cz\/wp-content\/uploads\/2023\/05\/5P5A2458.jpg\" alt=\"Sao Vicente, najkraj\u0161ie miesto na Madeire\" class=\"wp-image-58328\" title=\"\"><\/figure>\n<h3 class=\"wp-block-heading\"><span class=\"ez-toc-section\" id=\"11_Sao_Vicente_jaskyne_%E2%80%94_lavove_tunely\"><\/span><span class=\"ez-toc-section\" id=\"11_Sao_Vicente_jaskyne_%E2%80%94_lavove_tunely\"><\/span>11. S\u00e3o Vicente jaskyne \u2014 l\u00e1vov\u00e9 tunely<span class=\"ez-toc-section-end\"><\/span><span class=\"ez-toc-section-end\"><\/span><\/h3>\n<p>Sope\u010dn\u00e9 jaskyne a tunely vzniknut\u00e9 l\u00e1vov\u00fdmi pr\u00fadmi. <strong>Prehliadka trv\u00e1 asi 45 min\u00fat a je skvel\u00e1 na da\u017ediv\u00e9 dni.<\/strong> Dozviete sa o vulkanickej hist\u00f3rii ostrova a prejdete sa tunelmi, ktor\u00fdmi pred mili\u00f3nmi rokov tiekla l\u00e1va. Vstupn\u00e9 okolo 8 EUR.<\/p>\n<h3 class=\"wp-block-heading\"><span class=\"ez-toc-section\" id=\"12_Fanal_%E2%80%94_hmlisty_vavrinovy_les_UNESCO\"><\/span><span class=\"ez-toc-section\" id=\"12_Fanal_%E2%80%94_hmlisty_vavrinovy_les_UNESCO\"><\/span>12. Fanal \u2014 hmlist\u00fd vavr\u00ednov\u00fd les (UNESCO)<span class=\"ez-toc-section-end\"><\/span><span class=\"ez-toc-section-end\"><\/span><\/h3>\n<p>Fanal Forest je jedna z&nbsp;najob\u013e\u00fabenej\u0161\u00edch lok\u00e1ci\u00ed na fotenie na Madeire.&nbsp;<strong>Akon\u00e1hle sa zaleje hmlou, niet magickej\u0161ieho miesta na celom ostrove<\/strong>. Pokr\u00faten\u00e9 vavr\u00ednov\u00e9 stromy obalen\u00e9 machom vyzeraj\u00fa ako zo sc\u00e9ny z P\u00e1na prste\u0148ov.<\/p>\n<p>Vo Fanal Foreste pravdepodobne str\u00e1vite aj nieko\u013eko hod\u00edn. Bu\u010fte trpezliv\u00ed, hmla nakoniec takmer v\u017edy pr\u00edde. <strong>Najlep\u0161ie na lovenie hmly je cca do jeden\u00e1stej hodiny r\u00e1no a potom a\u017e nesk\u00f4r popoludn\u00ed.<\/strong> Prech\u00e1dzka 30 \u2013 60 min\u00fat, vavr\u00ednov\u00fd les je s\u00fa\u010das\u0165ou UNESCO Laurisilva.<\/p>\n<figure class=\"wp-block-image size-full\"><img decoding=\"async\" src=\"https:\/\/www.loudavymkrokem.cz\/wp-content\/uploads\/2023\/05\/5P5A2761.jpg\" alt=\"Fanal Forest na Madeire patr\u00ed medzi top miesta, ktor\u00e9 vidie\u0165\" class=\"wp-image-58329\" title=\"\"><\/figure>\n<h3 class=\"wp-block-heading\"><span class=\"ez-toc-section\" id=\"13_Santana_%E2%80%94_tradicne_trojuholnikove_domceky\"><\/span><span class=\"ez-toc-section\" id=\"13_Santana_%E2%80%94_tradicne_trojuholnikove_domceky\"><\/span>13. Santana \u2014 tradi\u010dn\u00e9 trojuholn\u00edkov\u00e9 dom\u010deky<span class=\"ez-toc-section-end\"><\/span><span class=\"ez-toc-section-end\"><\/span><\/h3>\n<p>Malebn\u00e9 meste\u010dko na severe ostrova zn\u00e1me svojimi <strong>tradi\u010dn\u00fdmi trojuholn\u00edkov\u00fdmi dom\u010dekmi (casas de colmo)<\/strong> so slamen\u00fdmi strechami. S\u00fa farebn\u00e9, fotogenick\u00e9 a vyzeraj\u00fa ako z rozpr\u00e1vky. Kr\u00e1tka zast\u00e1vka na fotky a obed \u2014 sta\u010d\u00ed 1 \u2013 2 hodiny.<\/p>\n<h3 class=\"wp-block-heading\"><span class=\"ez-toc-section\" id=\"14_Ribeira_da_Janela_%E2%80%94_skalne_utvary\"><\/span><span class=\"ez-toc-section\" id=\"14_Ribeira_da_Janela_%E2%80%94_skalne_utvary\"><\/span>14. Ribeira da Janela \u2014 skaln\u00e9 \u00fatvary<span class=\"ez-toc-section-end\"><\/span><span class=\"ez-toc-section-end\"><\/span><\/h3>\n<p><strong>Dychvyr\u00e1\u017eaj\u00faca vyhliadka, ktor\u00e1 vyzer\u00e1 ako z&nbsp;Hry o tr\u00f3ny.<\/strong> Skaln\u00e9 \u00fatvary tr\u010diace z mora na pozad\u00ed dramatick\u00e9ho pobre\u017eia. Zastavte sa cestou z Porto Moniz \u2014 je to len p\u00e1r min\u00fat od hlavnej cesty a rozhodne to stoj\u00ed za zastavenie.<\/p>\n<h3 class=\"wp-block-heading\"><span class=\"ez-toc-section\" id=\"15_Miradouro_Veu_da_Noiva_%E2%80%94_vyhliadka_na_vodopad\"><\/span><span class=\"ez-toc-section\" id=\"15_Miradouro_Veu_da_Noiva_%E2%80%94_vyhliadka_na_vodopad\"><\/span>15. Miradouro V\u00e9u da Noiva \u2014 vyhliadka na vodop\u00e1d<span class=\"ez-toc-section-end\"><\/span><span class=\"ez-toc-section-end\"><\/span><\/h3>\n<p>Vyhliadka na vodop\u00e1d \u201eZ\u00e1voj nevesty&#8220; \u2014 <strong>biela stuha vody padaj\u00faca zo zelen\u00e9ho \u00fatesu priamo do oce\u00e1nu.<\/strong> Jedna z najfotografovanej\u0161\u00edch vyhliadok na severnom pobre\u017e\u00ed. N\u00e1jdete ju cestou medzi Seixalom a S\u00e3o Vicente.<\/p>\n<h3 class=\"wp-block-heading\"><span class=\"ez-toc-section\" id=\"16_Jardim_do_Mar_%E2%80%94_surfovanie_a_pokoj\"><\/span><span class=\"ez-toc-section\" id=\"16_Jardim_do_Mar_%E2%80%94_surfovanie_a_pokoj\"><\/span>16. Jardim do Mar \u2014 surfovanie a pokoj<span class=\"ez-toc-section-end\"><\/span><span class=\"ez-toc-section-end\"><\/span><\/h3>\n<p>Mali\u010dk\u00e1 dedinka na juhoz\u00e1padnom pobre\u017e\u00ed, kam jazdia surfisti z celej Eur\u00f3py. <strong>Ak neh\u013ead\u00e1te vlny, ale pokoj, tu ho n\u00e1jdete.<\/strong> Uli\u010dky pln\u00e9 kvet\u00edn, mal\u00e9 kaviarni\u010dky a morsk\u00e1 promen\u00e1da, kde sa d\u00e1 hodiny sedie\u0165 a po\u010d\u00fava\u0165 vlny.<\/p>\n<h3 class=\"wp-block-heading\"><span class=\"ez-toc-section\" id=\"17_Machico_%E2%80%94_druhe_najvacsie_mesto\"><\/span><span class=\"ez-toc-section\" id=\"17_Machico_%E2%80%94_druhe_najvacsie_mesto\"><\/span>17. Machico \u2014 druh\u00e9 najv\u00e4\u010d\u0161ie mesto<span class=\"ez-toc-section-end\"><\/span><span class=\"ez-toc-section-end\"><\/span><\/h3>\n<p>Machico m\u00e1 jednu z m\u00e1la <strong>umelo vytvoren\u00fdch pieskov\u00fdch pl\u00e1\u017e\u00ed<\/strong> na ostrove (piesok dovezen\u00fd z Maroka). Pokojn\u00e9 meste\u010dko s pr\u00edjemnou promen\u00e1dou a dobr\u00fdmi ryb\u00edmi re\u0161taur\u00e1ciami. Skvel\u00e1 zast\u00e1vka cestou na Ponta de S\u00e3o Louren\u00e7o.<\/p>\n<h3 class=\"wp-block-heading\"><span class=\"ez-toc-section\" id=\"18_Achadas_da_Cruz_%E2%80%94_najstrmejsia_lanovka_na_svete\"><\/span><span class=\"ez-toc-section\" id=\"18_Achadas_da_Cruz_%E2%80%94_najstrmejsia_lanovka_na_svete\"><\/span>18. Achadas da Cruz \u2014 najstrmej\u0161ia lanovka na svete<span class=\"ez-toc-section-end\"><\/span><span class=\"ez-toc-section-end\"><\/span><\/h3>\n<p>Ne\u010faleko Porto Moniz n\u00e1jdete <strong>najstrmej\u0161iu lanovku na svete<\/strong>, ktor\u00e1 vedie kolmo z&nbsp;\u00fatesu na pl\u00e1\u017e. K\u00fapte si l\u00edstky sk\u00f4r, ne\u017e si to rozmysl\u00edte, cesta vyzer\u00e1 desivo. Ke\u010f doraz\u00edte dole, zist\u00edte, \u017ee to nie je len promen\u00e1da pozd\u013a\u017e pl\u00e1\u017ee, ale z\u00e1hradk\u00e1rska kol\u00f3nia. M\u00e1rne budete h\u013eada\u0165, kadia\u013e sem \u013eudia vozia materi\u00e1l inak ne\u017e lanovkou. Vozia ho naozaj lanovkou.<\/p>\n<h3 class=\"wp-block-heading\"><span class=\"ez-toc-section\" id=\"19_Prainha_de_Canical_%E2%80%94_najkrajsia_prirodna_plaz\"><\/span><span class=\"ez-toc-section\" id=\"19_Prainha_de_Canical_%E2%80%94_najkrajsia_prirodna_plaz\"><\/span>19. Prainha de Cani\u00e7al \u2014 najkraj\u0161ia pr\u00edrodn\u00e1 pl\u00e1\u017e<span class=\"ez-toc-section-end\"><\/span><span class=\"ez-toc-section-end\"><\/span><\/h3>\n<p>Mal\u00e1 pieskov\u00e1 pl\u00e1\u017e s vulkanick\u00fdm pieskom obklopen\u00e1 dramatick\u00fdmi \u00fatesmi. <strong>Jedin\u00e1 pr\u00edrodn\u00e1 pieskov\u00e1 pl\u00e1\u017e na Madeire<\/strong> a rozhodne jedna z najkraj\u0161\u00edch. Na k\u00fapanie je ide\u00e1lna v lete, ale aj na jar a na jese\u0148 tu b\u00fdva pr\u00edjemne.<\/p>\n<h3 class=\"wp-block-heading\"><span class=\"ez-toc-section\" id=\"20_Calheta_Beach_%E2%80%94_plaz_pre_rodiny\"><\/span><span class=\"ez-toc-section\" id=\"20_Calheta_Beach_%E2%80%94_plaz_pre_rodiny\"><\/span>20. Calheta Beach \u2014 pl\u00e1\u017e pre rodiny<span class=\"ez-toc-section-end\"><\/span><span class=\"ez-toc-section-end\"><\/span><\/h3>\n<p>Umelo vytvoren\u00e1 pieskov\u00e1 pl\u00e1\u017e s pokojnou vodou, <strong>ide\u00e1lna pre rodiny s de\u0165mi<\/strong>. V okol\u00ed s\u00fa re\u0161taur\u00e1cie a kaviarne s v\u00fdh\u013eadom na more. Ak m\u00e1te mal\u00e9 deti a chcete de\u0148 pri mori, Calheta je va\u0161a najlep\u0161ia vo\u013eba na Madeire.<\/p>\n<h3 class=\"wp-block-heading\"><span class=\"ez-toc-section\" id=\"21_Curral_das_Freiras_%E2%80%94_vyhliadka_Eira_do_Serrado\"><\/span><span class=\"ez-toc-section\" id=\"21_Curral_das_Freiras_%E2%80%94_vyhliadka_Eira_do_Serrado\"><\/span>21. Curral das Freiras \u2014 vyhliadka Eira do Serrado<span class=\"ez-toc-section-end\"><\/span><span class=\"ez-toc-section-end\"><\/span><\/h3>\n<p>Vyhliadka nad \u00dadol\u00edm mn\u00ed\u0161ok patr\u00ed medzi najdramatickej\u0161ie na ostrove. <strong>Z v\u00fd\u0161ky vid\u00edte cel\u00e9 \u00fadolie a dedinku na dne<\/strong> \u2014 vyzer\u00e1 to ako miniat\u00fara. Kombinujte s n\u00e1v\u0161tevou samotn\u00e9ho Curral das Freiras dole.<\/p>\n<h3 class=\"wp-block-heading\"><span class=\"ez-toc-section\" id=\"22_Miradouro_da_Portela_%E2%80%94_vyhlady_na_severne_pobrezie\"><\/span><span class=\"ez-toc-section\" id=\"22_Miradouro_da_Portela_%E2%80%94_vyhlady_na_severne_pobrezie\"><\/span>22. Miradouro da Portela \u2014 v\u00fdh\u013eady na severn\u00e9 pobre\u017eie<span class=\"ez-toc-section-end\"><\/span><span class=\"ez-toc-section-end\"><\/span><\/h3>\n<p>Panoramatick\u00e1 vyhliadka na zelen\u00e9 severn\u00e9 pobre\u017eie Madeiry. <strong>Skvel\u00e1 zast\u00e1vka cestou sp\u00e4\u0165 zo Santany alebo Ponta de S\u00e3o Louren\u00e7o.<\/strong> Je tu aj re\u0161taur\u00e1cia s dobrou kuchy\u0148ou a pr\u00edjemnou terasou.<\/p>\n<h3 class=\"wp-block-heading\"><span class=\"ez-toc-section\" id=\"23_Ribeira_do_Inferno_%E2%80%94_povodna_cesta\"><\/span><span class=\"ez-toc-section\" id=\"23_Ribeira_do_Inferno_%E2%80%94_povodna_cesta\"><\/span>23. Ribeira do Inferno \u2014 p\u00f4vodn\u00e1 cesta<span class=\"ez-toc-section-end\"><\/span><span class=\"ez-toc-section-end\"><\/span><\/h3>\n<p>Medzi S\u00e3o Vicente a Seixalom sa m\u00f4\u017eete prejs\u0165 <strong>po p\u00f4vodnej ceste, ktor\u00e1 viedla odtia\u013eto do Seixalu<\/strong>. Pre milovn\u00edkov trochu netradi\u010dn\u00fdch atrakci\u00ed je to zauj\u00edmav\u00e1 odbo\u010dka \u2014 vid\u00edte, ako vyzeralo cestovanie po Madeire predt\u00fdm, ne\u017e vybudovali tunely.<\/p>\n<h3 class=\"wp-block-heading\"><span class=\"ez-toc-section\" id=\"24_Miradouro_da_Santinha_%E2%80%94_vyhliadka_nad_Porto_Moniz\"><\/span><span class=\"ez-toc-section\" id=\"24_Miradouro_da_Santinha_%E2%80%94_vyhliadka_nad_Porto_Moniz\"><\/span>24. Miradouro da Santinha \u2014 vyhliadka nad Porto Moniz<span class=\"ez-toc-section-end\"><\/span><span class=\"ez-toc-section-end\"><\/span><\/h3>\n<p>Ak budete v Porto Moniz a budete ma\u0165 \u010das, vyjazdite na t\u00fato vyhliadku. <strong>Porto Moniz odtia\u013eto vyzer\u00e1 ako meste\u010dko z poh\u013eadnice<\/strong> \u2014 strechy domov, pr\u00edrodn\u00e9 baz\u00e9niky a nekone\u010dn\u00fd oce\u00e1n.<\/p>\n<h3 class=\"wp-block-heading\"><span class=\"ez-toc-section\" id=\"25_Garajau_Beach_%E2%80%94_priehladna_voda\"><\/span><span class=\"ez-toc-section\" id=\"25_Garajau_Beach_%E2%80%94_priezracna_voda\"><\/span>25. Garajau Beach \u2014 prieh\u013eadn\u00e1 voda<span class=\"ez-toc-section-end\"><\/span><span class=\"ez-toc-section-end\"><\/span><\/h3>\n<p>Kr\u00e1sna obl\u00e1zkov\u00e1 pl\u00e1\u017e s prieh\u013eadnou vodou, <strong>dostupn\u00e1 lanovkou<\/strong>. Oblas\u0165 je s\u00fa\u010das\u0165ou pr\u00edrodnej rezerv\u00e1cie Garajau, tak\u017ee podmorsk\u00fd svet je tu v\u00fdnimo\u010dn\u00fd \u2014 skvel\u00e9 miesto na \u0161norchlovanie.<\/p>\n<h3 class=\"wp-block-heading\"><span class=\"ez-toc-section\" id=\"26_Blandys_Wine_Lodge_%E2%80%94_degustacia_madeirskeho_vina\"><\/span><span class=\"ez-toc-section\" id=\"26_Blandys_Wine_Lodge_%E2%80%94_degustacia_madeirskeho_vina\"><\/span>26. Blandy&#8217;s Wine Lodge \u2014 degust\u00e1cia madeirsk\u00e9ho v\u00edna<span class=\"ez-toc-section-end\"><\/span><span class=\"ez-toc-section-end\"><\/span><\/h3>\n<p>Historick\u00e9 pivnice vo Funchale, kde sa vyr\u00e1ba madeirsk\u00e9 v\u00edno od roku 1811. <strong>Prehliadka s degust\u00e1ciou stoj\u00ed cca 15 EUR a ur\u010dite to stoj\u00ed za to<\/strong> \u2014 dozviete sa o unik\u00e1tnom procese v\u00fdroby fortifikovan\u00e9ho v\u00edna, ktor\u00e9 sa zahrieva (na rozdiel od ostatn\u00fdch v\u00edn). Skvel\u00fd pl\u00e1n na da\u017ediv\u00e9 popoludnie.<\/p>\n<h2 class=\"wp-block-heading\"><span class=\"ez-toc-section\" id=\"Najlepsie_levadove_tury_na_Madeire\"><\/span><span class=\"ez-toc-section\" id=\"Najlepsie_levadove_tury_na_Madeire\"><\/span><span class=\"ez-toc-section\" id=\"najlepsie-levadove-tury-na-madeire\"><\/span>Najlep\u0161ie levadov\u00e9 t\u00fary na Madeire<span class=\"ez-toc-section-end\"><\/span><span class=\"ez-toc-section-end\"><\/span><\/h2>\n<p>Levady s\u00fa unik\u00e1tne zavla\u017eovacie kan\u00e1ly, ktor\u00e9 na Madeire budovali u\u017e od 15. storo\u010dia. Popri nich ved\u00fa chodn\u00edky, ktor\u00e9 v\u00e1s preved\u00fa vavr\u00ednov\u00fdmi lesmi, \u00fadoliami pln\u00fdmi vodop\u00e1dov a hmlist\u00fdmi horsk\u00fdmi hrebe\u0148mi. <strong>Pr\u00e1ve levadov\u00e9 t\u00fary s\u00fa d\u00f4vod \u010d\u00edslo jedna, pre\u010do na Madeiru jazdi\u0165.<\/strong><\/p>\n<p>Kto nebol na Madeire na nejakej levade, akoby nebol, hovor\u00ed sa. Pri ka\u017edej n\u00e1v\u0161teve som nav\u0161t\u00edvila aspo\u0148 jednu.<\/p>\n<h3 class=\"wp-block-heading\"><span class=\"ez-toc-section\" id=\"Levada_das_25_Fontes_25_vodopadov\"><\/span><span class=\"ez-toc-section\" id=\"Levada_das_25_Fontes_25_vodopadov\"><\/span>Levada das 25 Fontes (25 vodop\u00e1dov)<span class=\"ez-toc-section-end\"><\/span><span class=\"ez-toc-section-end\"><\/span><\/h3>\n<p>Najsl\u00e1vnej\u0161ia levadov\u00e1 t\u00fara na ostrove \u2014 a zasl\u00fa\u017eene. Chodn\u00edk vedie hust\u00fdm vavr\u00ednov\u00fdm lesom (UNESCO) a kon\u010d\u00ed v amfite\u00e1tri s 25 vodop\u00e1dmi, ktor\u00e9 stekaj\u00fa po machov\u00fdch skal\u00e1ch do jazierka.<\/p>\n<ul class=\"wp-block-list\">\n<li><strong>D\u013a\u017eka:<\/strong> 11 km (tam a sp\u00e4\u0165)<\/li>\n<li><strong>Obtia\u017enos\u0165:<\/strong> stredn\u00e1<\/li>\n<li><strong>\u010cas:<\/strong> 3 \u2013 4 hodiny<\/li>\n<li><strong>\u0160tart:<\/strong> Raba\u00e7al (parkovisko + shuttle bus)<\/li>\n<li><strong>Vstup 2026:<\/strong> cca 7 \u2013 10,50 EUR, nutn\u00e1 rezerv\u00e1cia<\/li>\n<\/ul>\n<p><strong>Tip:<\/strong> Kombinujte s Levadou do Risco (vodop\u00e1d o v\u00fd\u0161ke 100 m), ktor\u00e1 za\u010d\u00edna na rovnakom mieste. Stihnute\u013en\u00e9 za jeden de\u0148.<\/p>\n<h3 class=\"wp-block-heading\"><span class=\"ez-toc-section\" id=\"Levada_do_Caldeirao_Verde\"><\/span><span class=\"ez-toc-section\" id=\"Levada_do_Caldeirao_Verde\"><\/span>Levada do Caldeir\u00e3o Verde<span class=\"ez-toc-section-end\"><\/span><span class=\"ez-toc-section-end\"><\/span><\/h3>\n<p>V\u0161etky levady mi pr\u00eddu podobn\u00e9, my sme si vybrali tak\u00fa, ktor\u00e1 vedie aj cez tunely, a<strong> to&nbsp;Levadu&nbsp;do Caldeir\u00e3o Verde, ktor\u00e1 m\u00e1 12 km a je zhruba na 3 \u2013 4 hodiny.&nbsp;<\/strong>Extr\u00e9mne popul\u00e1rna, ale z\u00e1rove\u0148 kr\u00e1sna \u2014 tunely s\u00fa \u00fazke, potrebujete \u010delovku, a na konci v\u00e1s \u010dak\u00e1 zelen\u00fd amfite\u00e1ter s vodop\u00e1dom.<\/p>\n<figure class=\"wp-block-image size-full\"><img decoding=\"async\" src=\"https:\/\/www.loudavymkrokem.cz\/wp-content\/uploads\/2023\/05\/Levada-na-Madeire.jpg\" alt=\"Levada k vodop\u00e1du na Madeire\" class=\"wp-image-58333\" title=\"\"><figcaption class=\"wp-element-caption\">Levada do Caldeirao Verde by mala by\u0165 jedna z najkraj\u0161\u00edch na Madeire<\/figcaption><\/figure>\n<ul class=\"wp-block-list\">\n<li><strong>D\u013a\u017eka:<\/strong> 12 km (tam a sp\u00e4\u0165)<\/li>\n<li><strong>Obtia\u017enos\u0165:<\/strong> stredn\u00e1<\/li>\n<li><strong>\u010cas:<\/strong> 3 \u2013 4 hodiny<\/li>\n<li><strong>Vstup 2026:<\/strong> nutn\u00e1 rezerv\u00e1cia cez ifcn.madeira.gov.pt<\/li>\n<\/ul>\n<h3 class=\"wp-block-heading\"><span class=\"ez-toc-section\" id=\"Levada_do_Rei_Kralovska_levada\"><\/span><span class=\"ez-toc-section\" id=\"Levada_do_Rei_Kralovska_levada\"><\/span>Levada do Rei (Kr\u00e1\u013eovsk\u00e1 levada)<span class=\"ez-toc-section-end\"><\/span><span class=\"ez-toc-section-end\"><\/span><\/h3>\n<p>Menej nav\u0161tevovan\u00e1 alternat\u00edva, ale kr\u00e1sna. Vedie cez vavr\u00ednov\u00fd les na severe ostrova a kon\u010d\u00ed pri prameni rieky Ribeiro Bonito. <strong>Ide\u00e1lna pre t\u00fdch, \u010do chc\u00fa pokoj a nemaj\u00fa radi davy.<\/strong><\/p>\n<ul class=\"wp-block-list\">\n<li><strong>D\u013a\u017eka:<\/strong> 10 km (tam a sp\u00e4\u0165)<\/li>\n<li><strong>Obtia\u017enos\u0165:<\/strong> \u013eahk\u00e1 a\u017e stredn\u00e1<\/li>\n<li><strong>\u010cas:<\/strong> 3 hodiny<\/li>\n<\/ul>\n<h3 class=\"wp-block-heading\"><span class=\"ez-toc-section\" id=\"Vereda_dos_Balcoes_najlahsia\"><\/span><span class=\"ez-toc-section\" id=\"Vereda_dos_Balcoes_najlahsia\"><\/span>Vereda dos Balc\u00f5es (naj\u013eah\u0161ia)<span class=\"ez-toc-section-end\"><\/span><span class=\"ez-toc-section-end\"><\/span><\/h3>\n<p><strong>Ak nem\u00e1te \u010das alebo kond\u00edciu na dlh\u0161ie t\u00fary, toto je va\u0161a levada.<\/strong> Kr\u00e1tka a \u013eahk\u00e1 prech\u00e1dzka (1,5 km jedn\u00fdm smerom) k vyhliadke Balc\u00f5es, odkia\u013e vid\u00edte \u00fadolie Ribeira da Metade a za dobr\u00e9ho po\u010dasia aj Pico do Arieiro. Ide\u00e1lna aj pre rodiny s de\u0165mi.<\/p>\n<h3 class=\"wp-block-heading\"><span class=\"ez-toc-section\" id=\"Pico_do_Arieiro_%E2%86%92_Pico_Ruivo_Kralovsky_trek\"><\/span><span class=\"ez-toc-section\" id=\"Pico_do_Arieiro_%E2%86%92_Pico_Ruivo_Kralovsky_trek\"><\/span>Pico do Arieiro \u2192 Pico Ruivo: Kr\u00e1\u013eovsk\u00fd trek<span class=\"ez-toc-section-end\"><\/span><span class=\"ez-toc-section-end\"><\/span><\/h3>\n<p>Toto technicky nie je levada, ale najsl\u00e1vnej\u0161\u00ed trek na Madeire. Sp\u00e1ja tret\u00ed a prv\u00fd najvy\u0161\u0161\u00ed vrch ostrova po hrebe\u0148ovej ceste s tunelmi vytesan\u00fdmi v skale.<\/p>\n<ul class=\"wp-block-list\">\n<li><strong>D\u013a\u017eka:<\/strong> 7 km (jedn\u00fdm smerom), 14 km tam a sp\u00e4\u0165<\/li>\n<li><strong>Obtia\u017enos\u0165:<\/strong> n\u00e1ro\u010dn\u00e1<\/li>\n<li><strong>\u010cas:<\/strong> 5 \u2013 6 hod\u00edn (tam a sp\u00e4\u0165)<\/li>\n<li><strong>Nadmorsk\u00e1 v\u00fd\u0161ka:<\/strong> 1 818 m \u2192 1 862 m (s prev\u00fd\u0161en\u00edm cez 700 m kumulat\u00edvne)<\/li>\n<li><strong>Vstup 2026:<\/strong> nutn\u00e1 rezerv\u00e1cia<\/li>\n<\/ul>\n<p><strong>Tip:<\/strong> Vyra\u017ete \u010do najsk\u00f4r r\u00e1no (ide\u00e1lne pred 8:00). Nad mrakmi je najkraj\u0161ie pr\u00e1ve skoro r\u00e1no a vyhnete sa davom aj poobednej hmle.<\/p>\n<h2 class=\"wp-block-heading\"><span class=\"ez-toc-section\" id=\"Pozorovanie_velryb_a_delfinov\"><\/span><span class=\"ez-toc-section\" id=\"Pozorovanie_velryb_a_delfinov\"><\/span><span class=\"ez-toc-section\" id=\"pozorovanie-velryb-a-delfinov\"><\/span>Pozorovanie ve\u013er\u00fdb a delf\u00ednov<span class=\"ez-toc-section-end\"><\/span><span class=\"ez-toc-section-end\"><\/span><\/h2>\n<p>Madeiru obklopuj\u00fa hlbok\u00e9 oce\u00e1nske vody, v\u010faka \u010domu je jedn\u00fdm z <strong>najlep\u0161\u00edch miest v Eur\u00f3pe na pozorovanie kytovov<\/strong>. \u0160anca na spatrenie delf\u00ednov je cez 95 % po cel\u00fd rok!<\/p>\n<p>Ak vyr\u00e1\u017eate na Madeiru v&nbsp;dobe, ke\u010f s\u00fa okolo brehov ve\u013eryby a delf\u00edny, ur\u010dite by ste nemali vynecha\u0165 v\u00fdlet na more.&nbsp;<strong>My sme si na to vyhradili cel\u00fd de\u0148<\/strong>, preto\u017ee sme si k\u00fapili v\u00fdlet aj s&nbsp;poisten\u00edm, \u017ee ke\u010f ni\u010d neuvid\u00edme, m\u00f4\u017eeme \u00eds\u0165 zadarmo znova.&nbsp;<\/p>\n<figure class=\"wp-block-image size-full\"><img decoding=\"async\" src=\"https:\/\/www.loudavymkrokem.cz\/wp-content\/uploads\/2023\/05\/pozorovani-velryb-na-madeire.jpg\" alt=\"Pozorovanie delf\u00ednov a ve\u013er\u00fdb na Madeire.\" class=\"wp-image-58337\" title=\"\"><figcaption class=\"wp-element-caption\">Pozorovanie delf\u00ednov a ve\u013er\u00fdb na Madeire<\/figcaption><\/figure>\n<h3 class=\"wp-block-heading\"><span class=\"ez-toc-section\" id=\"Co_mozete_vidiet\"><\/span><span class=\"ez-toc-section\" id=\"Co_mozete_vidiet\"><\/span>\u010co m\u00f4\u017eete vidie\u0165?<span class=\"ez-toc-section-end\"><\/span><span class=\"ez-toc-section-end\"><\/span><\/h3>\n<ul class=\"wp-block-list\">\n<li><strong>Delf\u00edny (celoro\u010dne):<\/strong> sk\u00e1kav\u00ed, pruhovan\u00ed, ve\u013ek\u00ed \u2014 \u0161anca cez 95 %<\/li>\n<li><strong>Vorva\u0148 (apr\u00edl \u2013 okt\u00f3ber):<\/strong> naj\u010dastej\u0161ia ve\u013eryba pri Madeire<\/li>\n<li><strong>Brydeho ve\u013eryba (leto):<\/strong> vz\u00e1cnej\u0161ia, ale \u00fachvatn\u00e1<\/li>\n<li><strong>Sejval (jar):<\/strong> prechod migra\u010dn\u00fdch tr\u00e1s<\/li>\n<\/ul>\n<h3 class=\"wp-block-heading\"><span class=\"ez-toc-section\" id=\"Prakticke_info\"><\/span><span class=\"ez-toc-section\" id=\"Prakticke_info\"><\/span>Praktick\u00e9 info<span class=\"ez-toc-section-end\"><\/span><span class=\"ez-toc-section-end\"><\/span><\/h3>\n<ul class=\"wp-block-list\">\n<li><strong>Cena:<\/strong> 35 \u2013 65 EUR\/osoba (2 \u2013 3 hodiny)<\/li>\n<li><strong>Odkia\u013e:<\/strong> pr\u00edstav Funchal alebo Calheta<\/li>\n<li><strong>Odpor\u00fa\u010dan\u00ed oper\u00e1tori:<\/strong> VMT Madeira, Lobosonda, Rota dos Cet\u00e1ceos<\/li>\n<li><strong>Tip:<\/strong> Vezmite si tepl\u00fa vrstvu \u2014 na otvorenom oce\u00e1ne je v\u017edy veterno, aj ke\u010f je na brehu teplo.<\/li>\n<\/ul>\n<h2 class=\"wp-block-heading\"><span class=\"ez-toc-section\" id=\"Co_ochutnat_na_Madeire_%E2%80%94_lokalna_gastronomia\"><\/span><span class=\"ez-toc-section\" id=\"Co_ochutnat_na_Madeire_%E2%80%94_lokalna_gastronomia\"><\/span><span class=\"ez-toc-section\" id=\"co-ochutnat-na-madeire-lokalna-gastronomia\"><\/span>\u010co ochutna\u0165 na Madeire \u2014 lok\u00e1lna gastron\u00f3mia<span class=\"ez-toc-section-end\"><\/span><span class=\"ez-toc-section-end\"><\/span><\/h2>\n<p>Madeirsk\u00e1 kuchy\u0148a je jednoduch\u00e1, ale fantastick\u00e1. \u010cerstv\u00e9 ryby, m\u00e4so na vavr\u00ednovom ra\u017eni a miestny rum \u2014 <strong>tu nebudete hladova\u0165 a navy\u0161e sa najete za rozumn\u00e9 peniaze<\/strong>.<\/p>\n<h3 class=\"wp-block-heading\"><span class=\"ez-toc-section\" id=\"Espetada_%E2%80%94_maso_na_vavrinovom_razni\"><\/span><span class=\"ez-toc-section\" id=\"Espetada_%E2%80%94_maso_na_vavrinovom_razni\"><\/span>Espetada \u2014 m\u00e4so na vavr\u00ednovom ra\u017eni<span class=\"ez-toc-section-end\"><\/span><span class=\"ez-toc-section-end\"><\/span><\/h3>\n<p>Ikonick\u00e9 jedlo Madeiry. K\u00fasky hov\u00e4dzieho m\u00e4sa napichan\u00e9 na vavr\u00ednovom kl\u00e1tiku, grilovan\u00e9 nad oh\u0148om. <strong>Pod\u00e1va sa zavesen\u00e1 na stojane priamo pri stole.<\/strong> V\u00f4\u0148a vavr\u00ednu prest\u00fapi m\u00e4so a v\u00fdsledok je fantastick\u00fd. Cena v re\u0161taur\u00e1cii cca 12 \u2013 18 EUR.<\/p>\n<p><strong>Kde ochutna\u0165:<\/strong> Re\u0161taur\u00e1cie v Curral das Freiras alebo v C\u00e2mara de Lobos maj\u00fa tie najlep\u0161ie.<\/p>\n<h3 class=\"wp-block-heading\"><span class=\"ez-toc-section\" id=\"Poncha_%E2%80%94_madeirsky_narodny_napoj\"><\/span><span class=\"ez-toc-section\" id=\"Poncha_%E2%80%94_madeirsky_narodny_napoj\"><\/span>Poncha \u2014 madeirsk\u00fd n\u00e1rodn\u00fd n\u00e1poj<span class=\"ez-toc-section-end\"><\/span><span class=\"ez-toc-section-end\"><\/span><\/h3>\n<p>Zmes aguardente (destil\u00e1t z cukrovej trstiny), medu a citrusov. <strong>Vyzer\u00e1 nevine, ale dve ponchy a nohy sa v\u00e1m za\u010dn\u00fa mota\u0165.<\/strong> Existuje v klasickej (citr\u00f3n), maracuja a region\u00e1lnej variante s pomaran\u010dom. Cena 3 \u2013 5 EUR.<\/p>\n<p><strong>Kde ochutna\u0165:<\/strong> O Jango v C\u00e2mara de Lobos \u2014 \u00fadajne najlep\u0161ia poncha na ostrove. My m\u00f4\u017eeme potvrdi\u0165.<\/p>\n<h3 class=\"wp-block-heading\"><span class=\"ez-toc-section\" id=\"Bolo_do_caco_%E2%80%94_cesnakovy_chlieb_z_Madeiry\"><\/span><span class=\"ez-toc-section\" id=\"Bolo_do_caco_%E2%80%94_cesnakovy_chlieb_z_Madeiry\"><\/span>Bolo do caco \u2014 cesnakov\u00fd chlieb z Madeiry<span class=\"ez-toc-section-end\"><\/span><span class=\"ez-toc-section-end\"><\/span><\/h3>\n<p>Ploch\u00fd chlieb z bat\u00e1tov\u00e9ho cesta, pod\u00e1van\u00fd hor\u00faci s cesnakov\u00fdm maslom. <strong>Dostanete ho v ka\u017edej re\u0161taur\u00e1cii ako predkrm a je n\u00e1vykov\u00fd.<\/strong> \u00daprimne, aj keby sme na Madeire jedli len bolo do caco, bolo by to dos\u0165 dobr\u00fdch d\u00f4vodov na cestu.<\/p>\n<h3 class=\"wp-block-heading\"><span class=\"ez-toc-section\" id=\"Lapas_grelhadas_%E2%80%94_grilovane_slimaky\"><\/span><span class=\"ez-toc-section\" id=\"Lapas_grelhadas_%E2%80%94_grilovane_slimaky\"><\/span>Lapas grelhadas \u2014 grilovan\u00e9 slim\u00e1ky<span class=\"ez-toc-section-end\"><\/span><span class=\"ez-toc-section-end\"><\/span><\/h3>\n<p>Morsk\u00e9 slim\u00e1ky grilovan\u00e9 s cesnakov\u00fdm maslom a citr\u00f3nom. <strong>Vyzer\u00e1 to trochu desivo, ale chu\u0165ovo je to bomba.<\/strong> Jeden z najob\u013e\u00fabenej\u0161\u00edch predkrmov na celom ostrove. Cena cca 8 \u2013 12 EUR.<\/p>\n<h3 class=\"wp-block-heading\"><span class=\"ez-toc-section\" id=\"Madeirske_vino_%E2%80%94_kde_ochutnat\"><\/span><span class=\"ez-toc-section\" id=\"Madeirske_vino_%E2%80%94_kde_ochutnat\"><\/span>Madeirsk\u00e9 v\u00edno \u2014 kde ochutna\u0165<span class=\"ez-toc-section-end\"><\/span><span class=\"ez-toc-section-end\"><\/span><\/h3>\n<p>Fortifikovan\u00e9 v\u00edno s hist\u00f3riou siahaj\u00facou do 15. storo\u010dia. Na rozdiel od portsk\u00e9ho sa madeirsk\u00e9 v\u00edno zahrieva, \u010do mu d\u00e1va unik\u00e1tnu karamelov\u00fa chu\u0165. <strong>Odpor\u00fa\u010dame n\u00e1v\u0161tevu Blandy&#8217;s Wine Lodge vo Funchale<\/strong> \u2014 degust\u00e1cia s prehliadkou historick\u00fdch pivn\u00edc za cca 15 EUR.<\/p>\n<h2 class=\"wp-block-heading\"><span class=\"ez-toc-section\" id=\"Cestovanie_s_detmi_na_Madeire\"><\/span><span class=\"ez-toc-section\" id=\"Cestovanie_s_detmi_na_Madeire\"><\/span><span class=\"ez-toc-section\" id=\"cestovanie-s-detmi-na-madeire\"><\/span>Cestovanie s de\u0165mi na Madeire<span class=\"ez-toc-section-end\"><\/span><span class=\"ez-toc-section-end\"><\/span><\/h2>\n<p>Madeira&nbsp;<strong>nie je najide\u00e1lnej\u0161\u00ed ostrov na cestovanie s&nbsp;mal\u00fdmi de\u0165mi,<\/strong>&nbsp;na ostrove je ve\u013ea \u00fatesov, h\u00f4r, ale m\u00e1lo pekn\u00fdch pl\u00e1\u017e\u00ed. Takisto tu nie je pr\u00edli\u0161 rezortov, kde by ste sa mohli vybl\u00e1zni\u0165 s&nbsp;mal\u00fdmi de\u0165mi.<\/p>\n<p><strong>Ak ale u\u017e m\u00e1te doma mal\u00fdch horalov, aj s&nbsp;nimi si m\u00f4\u017eete cestovanie po Madeire u\u017ei\u0165.<\/strong> Vhodn\u00e9 aktivity pre rodiny:<\/p>\n<ul class=\"wp-block-list\">\n<li><strong>Calheta Beach<\/strong> \u2014 pokojn\u00e1 pieskov\u00e1 pl\u00e1\u017e, bezpe\u010dn\u00e1 pre deti<\/li>\n<li><strong>Porto Moniz pr\u00edrodn\u00e9 baz\u00e9ny<\/strong> \u2014 bezpe\u010dn\u00e9 k\u00fapanie v l\u00e1vov\u00fdch baz\u00e9noch<\/li>\n<li><strong>Vereda dos Balc\u00f5es<\/strong> \u2014 kr\u00e1tka a \u013eahk\u00e1 levadov\u00e1 t\u00fara (1,5 km)<\/li>\n<li><strong>Jazda v tobogane z Monte<\/strong> \u2014 z\u00e1\u017eitok pre cel\u00fa rodinu<\/li>\n<li><strong>Botanick\u00e9 z\u00e1hrady<\/strong> \u2014 pokojn\u00e9 prech\u00e1dzky s exotick\u00fdmi rastlinami<\/li>\n<li><strong>Mercado dos Lavradores<\/strong> \u2014 deti si u\u017eij\u00fa ochutn\u00e1vku exotick\u00e9ho ovocia<\/li>\n<\/ul>\n<p>Na oddych pri baz\u00e9ne alebo na pl\u00e1\u017ei ale Madeira najvhodnej\u0161ia nie je \u2014 na to s\u00fa lep\u0161ie Kan\u00e1rske ostrovy alebo Algarve.<\/p>\n<h2 class=\"wp-block-heading\"><span class=\"ez-toc-section\" id=\"Plaze_na_Madeire\"><\/span><span class=\"ez-toc-section\" id=\"Plaze_na_Madeire\"><\/span><span class=\"ez-toc-section\" id=\"plaze-na-madeire\"><\/span>Pl\u00e1\u017ee na Madeire<span class=\"ez-toc-section-end\"><\/span><span class=\"ez-toc-section-end\"><\/span><\/h2>\n<p>Madeira je zn\u00e1ma svojou divokou pr\u00edrodou a skalnat\u00fdm pobre\u017e\u00edm, ale pon\u00faka aj kr\u00e1sne miesta na k\u00fapanie. <strong>Len ne\u010dakajte kilometre bieleho piesku \u2014 tu je to in\u00e9, ale o to unik\u00e1tnej\u0161ie:<\/strong><\/p>\n<ul class=\"wp-block-list\">\n<li><strong>Prainha de Cani\u00e7al<\/strong> \u2014 jedin\u00e1 pr\u00edrodn\u00e1 pieskov\u00e1 pl\u00e1\u017e, vulkanick\u00fd piesok<\/li>\n<li><strong>Seixal Beach<\/strong> \u2014 \u010dierny sope\u010dn\u00fd piesok a vodop\u00e1dy z \u00fatesu<\/li>\n<li><strong>Porto Moniz<\/strong> \u2014 vulkanick\u00e9 baz\u00e9ny s pr\u00edrodnou morskou vodou<\/li>\n<li><strong>Calheta Beach<\/strong> \u2014 umelo vytvoren\u00e1 pieskov\u00e1 pl\u00e1\u017e, vhodn\u00e1 pre rodiny<\/li>\n<li><strong>Machico Beach<\/strong> \u2014 pieskov\u00e1 pl\u00e1\u017e s pokojn\u00fdmi vodami<\/li>\n<li><strong>Garajau Beach<\/strong> \u2014 obl\u00e1zkov\u00e1 pl\u00e1\u017e s prieh\u013eadnou vodou, dostupn\u00e1 lanovkou<\/li>\n<\/ul>\n<h2 class=\"wp-block-heading\"><span class=\"ez-toc-section\" id=\"7-dnovy_itinerar_po_Madeire_den_po_dni\"><\/span><span class=\"ez-toc-section\" id=\"7_dnovy_itinerar_po_Madeire_den_po_dni\"><\/span><span class=\"ez-toc-section\" id=\"7-dnovy-itinerar-po-madeire\"><\/span>7-d\u0148ov\u00fd itiner\u00e1r po Madeire (de\u0148 po dni)<span class=\"ez-toc-section-end\"><\/span><span class=\"ez-toc-section-end\"><\/span><\/h2>\n<p>N\u00e1\u0161 itiner\u00e1r bol ve\u013emi pohodov\u00fd,&nbsp;<strong>v\u0161etko sme si mohli do s\u00fdtosti u\u017ei\u0165 a presk\u00fama\u0165.<\/strong>&nbsp;D\u00e1 sa toho pravdepodobne stihn\u00fa\u0165 aj viac za sedem dn\u00ed, ak ale t\u00fa\u017eite po pohodovej pozn\u00e1vacej dovolenke, nasledujte na\u0161e kroky.&nbsp;<\/p>\n<h3 class=\"wp-block-heading\"><span class=\"ez-toc-section\" id=\"Den_1_%E2%80%94_Prilet_a_Funchal\"><\/span><span class=\"ez-toc-section\" id=\"Den_1_%E2%80%94_Prilet_a_Funchal\"><\/span>De\u0148 1 \u2014 Pr\u00edlet a Funchal<span class=\"ez-toc-section-end\"><\/span><span class=\"ez-toc-section-end\"><\/span><\/h3>\n<p>Po pr\u00edlete vyzdvihnete auto na letisku a zamierite do Funchalu. Vo Funchale sme prist\u00e1li a\u017e vo ve\u010dern\u00fdch hodin\u00e1ch, preto sme sa rozhodli ubytova\u0165 priamo v meste a nikam sa nes\u0165ahova\u0165.<\/p>\n<p><strong>Popoludnie\/ve\u010der:<\/strong><\/p>\n<ul class=\"wp-block-list\">\n<li>Check-in a prech\u00e1dzka <strong>Zona Velha<\/strong> (star\u00e9 mesto so street artom)<\/li>\n<li>N\u00e1v\u0161teva <strong>Mercado dos Lavradores<\/strong> \u2014 exotick\u00e9 ovocie, kvety, \u010derstv\u00e9 ryby<\/li>\n<li>Ve\u010dera v niektorej z re\u0161taur\u00e1ci\u00ed na Rua de Santa Maria<\/li>\n<li>Prv\u00e1 <strong>poncha<\/strong> d\u0148a \u2014 povinn\u00e1 inici\u00e1cia<\/li>\n<\/ul>\n<p><strong>M\u00f4\u017eem v\u00e1m odporu\u010di\u0165 romantick\u00fd aj ke\u010f star\u0161\u00ed hotel <a class=\"thirstylink\" rel=\"nofollow noopener sponsored\" target=\"_blank\" title=\"Inn &amp; Art Madeira\" href=\"https:\/\/loudavymkrokem.cz\/doporucujeme\/inn-art-madeira\/\" data-shortcode=\"true\">Inn &amp; Art Madeira<\/a>,<\/strong> kde m\u00f4\u017eete ve\u010dera\u0165 s&nbsp;vyhliadkou na \u00fatesy pri z\u00e1pade slnka. V&nbsp;hoteli maj\u00fa aj vegetari\u00e1nsku ponuku a k&nbsp;pobytu dostanete v\u00edno zadarmo. Hoci sme od tohto retro ubytovania bez klimatiz\u00e1cie ve\u013ea ne\u010dakali, bol to \u00fa\u017easn\u00fd \u0161tart celej dovolenky.<\/p>\n<h3 class=\"wp-block-heading\"><span class=\"ez-toc-section\" id=\"Den_2_%E2%80%94_Cabo_Girao_Camara_de_Lobos_Curral_das_Freiras\"><\/span><span class=\"ez-toc-section\" id=\"Den_2_%E2%80%94_Cabo_Girao_Camara_de_Lobos_Curral_das_Freiras\"><\/span>De\u0148 2 \u2014 Cabo Gir\u00e3o, C\u00e2mara de Lobos, Curral das Freiras<span class=\"ez-toc-section-end\"><\/span><span class=\"ez-toc-section-end\"><\/span><\/h3>\n<p><strong>R\u00e1no:<\/strong> V\u00fdjazd na <strong>Cabo Gir\u00e3o<\/strong> (580 m \u2014 najvy\u0161\u0161\u00ed \u00fates v Eur\u00f3pe, sklenen\u00e1 vyhliadka). Kr\u00e1tka zast\u00e1vka na 30 \u2013 45 min\u00fat.<\/p>\n<p><strong>Dopoludnia:<\/strong> Zjazd do <strong>C\u00e2mara de Lobos<\/strong> \u2014 malebn\u00e1 ryb\u00e1rska dedina, ktor\u00fa miloval Winston Churchill. Espresso na n\u00e1mest\u00ed, fotky farebn\u00fdch lodi\u010diek a mo\u017eno prv\u00e1 poncha d\u0148a v O Jango.<\/p>\n<p><strong>Popoludnie:<\/strong> <strong>Curral das Freiras<\/strong> (\u00dadolie mn\u00ed\u0161ok) \u2014 dramatick\u00e1 vyhliadka z Eira do Serrado, potom zjazd dole do dediny na obed. Objedn\u00e1vajte espetadu!<\/p>\n<h3 class=\"wp-block-heading\"><span class=\"ez-toc-section\" id=\"Den_3_%E2%80%94_Pico_do_Arieiro_%E2%86%92_Pico_Ruivo\"><\/span><span class=\"ez-toc-section\" id=\"Den_3_%E2%80%94_Pico_do_Arieiro_%E2%86%92_Pico_Ruivo\"><\/span>De\u0148 3 \u2014 Pico do Arieiro \u2192 Pico Ruivo<span class=\"ez-toc-section-end\"><\/span><span class=\"ez-toc-section-end\"><\/span><\/h3>\n<p>Celodenn\u00fd trek. Vyjazdite autom na <strong>Pico do Arieiro<\/strong> (1 818 m) \u010do najsk\u00f4r r\u00e1no \u2014 ide\u00e1lne na v\u00fdchod slnka. Trek na <strong>Pico Ruivo<\/strong> (1 862 m) a sp\u00e4\u0165 = cca 14 km, 5 \u2013 6 hod\u00edn.<\/p>\n<p><strong>D\u00f4le\u017eit\u00e9:<\/strong> Skontrolujte po\u010dasie! V hmle trek str\u00e1ca 90 % k\u00fazla. Majte z\u00e1lo\u017en\u00fd de\u0148 a pr\u00edpadne preho\u010fte s d\u0148om 4 alebo 5. Nemus\u00edte \u00eds\u0165 a\u017e na Ruivo, je to pomerne n\u00e1ro\u010dn\u00fd trek s 1 000 metrami prev\u00fd\u0161enia.<\/p>\n<p><strong>Ve\u010der:<\/strong> N\u00e1vrat do Funchalu, zasl\u00fa\u017een\u00e1 ve\u010dera.<\/p>\n<h3 class=\"wp-block-heading\"><span class=\"ez-toc-section\" id=\"Den_4_%E2%80%94_Sao_Vicente_Seixal_a_Porto_Moniz_severne_pobrezie\"><\/span><span class=\"ez-toc-section\" id=\"Den_4_%E2%80%94_Sao_Vicente_Seixal_a_Porto_Moniz_severne_pobrezie\"><\/span>De\u0148 4 \u2014 S\u00e3o Vicente, Seixal a Porto Moniz (severn\u00e9 pobre\u017eie)<span class=\"ez-toc-section-end\"><\/span><span class=\"ez-toc-section-end\"><\/span><\/h3>\n<p>Po ra\u0148ajk\u00e1ch vyrazte smerom na sever.<\/p>\n<p><strong>R\u00e1no:<\/strong> <strong>S\u00e3o Vicente<\/strong> \u2014 prech\u00e1dzka centrom, promen\u00e1da pozd\u013a\u017e oce\u00e1nu. Ak m\u00e1te z\u00e1ujem, prehliadka <strong>l\u00e1vov\u00fdch jask\u00fd\u0148<\/strong> (45 min\u00fat).<\/p>\n<p><strong>Po ceste:<\/strong> Zast\u00e1vka pri <strong>Ribeira do Inferno<\/strong> (p\u00f4vodn\u00e1 cesta), <strong>Miradouro V\u00e9u da Noiva<\/strong> (vodop\u00e1d), <strong>Seixal Beach<\/strong> (\u010dierna pl\u00e1\u017e s vodop\u00e1dmi). Seixal Natural Pools na k\u00fapanie.<\/p>\n<p><strong>Popoludnie:<\/strong> <strong>Porto Moniz<\/strong> \u2014 pr\u00edrodn\u00e9 l\u00e1vov\u00e9 baz\u00e9ny (vstup 3 EUR). Pokra\u010dujte na vyhliadku <strong>Ribeira da Janela<\/strong> (skaln\u00e9 \u00fatvary) a <strong>Achadas da Cruz<\/strong> (najstrmej\u0161ia lanovka na svete).<\/p>\n<p><strong>Ve\u010der:<\/strong> Prehliadku Porto Moniz si nechajte na ve\u010der, ke\u010f tu bude pokoj. Ve\u010dera v <a href=\"https:\/\/g.page\/restaurantseaview?share\" target=\"_blank\" rel=\"noreferrer noopener nofollow\"><strong>Sea View Restaurant<\/strong><\/a> \u2014 dobr\u00e9 jedlo aj pre vegetari\u00e1nov.<\/p>\n<ul class=\"wp-block-list\">\n<li><strong>Kde sa ubytova\u0165:<\/strong> <strong><a class=\"thirstylink\" rel=\"nofollow\" target=\"_blank\" title=\"Hotel Salgueiro\" href=\"https:\/\/loudavymkrokem.cz\/doporucujeme\/hotel-salgueiro\/\" data-shortcode=\"true\">Hotel Salgueiro<\/a><\/strong> v Porto Moniz \u2014 s ra\u0148ajkami, bl\u00edzko pr\u00edrodn\u00fdch baz\u00e9nov.<\/li>\n<\/ul>\n<h3 class=\"wp-block-heading\"><span class=\"ez-toc-section\" id=\"Den_5_%E2%80%94_Fanal_Forest_Levada_das_25_Fontes\"><\/span><span class=\"ez-toc-section\" id=\"Den_5_%E2%80%94_Fanal_Forest_Levada_das_25_Fontes\"><\/span>De\u0148 5 \u2014 Fanal Forest + Levada das 25 Fontes<span class=\"ez-toc-section-end\"><\/span><span class=\"ez-toc-section-end\"><\/span><\/h3>\n<p>Vsta\u0148te v\u010das a e\u0161te pred ra\u0148ajkami si prejdite Porto Moniz v \u010derv\u00e1nkoch \u2014 r\u00e1no tu b\u00fdva pokoj, mo\u017eno budete jedin\u00ed \u0161iroko-\u010faleko.<\/p>\n<p><strong>R\u00e1no:<\/strong> V\u00fdjazd do <strong>Fanal Forest<\/strong> \u2014 hmlist\u00fd vavr\u00ednov\u00fd les. Dorazi\u0165 \u010do najsk\u00f4r, hmla je najlep\u0161ia do 11:00. Prech\u00e1dzka 30 \u2013 60 min\u00fat.<\/p>\n<p><strong>Popoludnie:<\/strong> Prejazd do <strong>Raba\u00e7al<\/strong> (parkovisko + shuttle). T\u00fara <strong>Levada das 25 Fontes<\/strong> (3 \u2013 4 hodiny), pr\u00edpadne kombin\u00e1cia s <strong>Levada do Risco<\/strong> (+ 1 hodina).<\/p>\n<p>Ubytujte sa v <strong><a class=\"thirstylink\" rel=\"nofollow\" target=\"_blank\" title=\"Estalagem do Vale\" href=\"https:\/\/loudavymkrokem.cz\/doporucujeme\/estalagem-do-vale\/\" data-shortcode=\"true\">Estalagem do Vale<\/a><\/strong> v S\u00e3o Vicente, ktor\u00fd m\u00e1 aj baz\u00e9n a minigolf. Ak by ste chceli ve\u010dera\u0165 s&nbsp;vyhliadkou, zarezervujte si miesto v&nbsp;<a href=\"https:\/\/goo.gl\/maps\/kypgHZ48cfvcianKA\" target=\"_blank\" rel=\"noreferrer noopener nofollow\"><strong>Restaurante Lavrador S\u00e3o Vicente<\/strong><\/a>.<\/p>\n<h3 class=\"wp-block-heading\"><span class=\"ez-toc-section\" id=\"Den_6_%E2%80%94_Ponta_de_Sao_Lourenco_Santana\"><\/span><span class=\"ez-toc-section\" id=\"Den_6_%E2%80%94_Ponta_de_Sao_Lourenco_Santana\"><\/span>De\u0148 6 \u2014 Ponta de S\u00e3o Louren\u00e7o + Santana<span class=\"ez-toc-section-end\"><\/span><span class=\"ez-toc-section-end\"><\/span><\/h3>\n<p><strong>R\u00e1no:<\/strong> <strong>Ponta de S\u00e3o Louren\u00e7o<\/strong> \u2014 trek na v\u00fdchodn\u00fd c\u00edp ostrova. Such\u00e1, drsn\u00e1 krajina v kontraste so zvy\u0161kom zelenej Madeiry. 7,4 km, 2 \u2013 3 hodiny.<\/p>\n<p><strong>Popoludnie:<\/strong> <strong>Santana<\/strong> \u2014 tradi\u010dn\u00e9 trojuholn\u00edkov\u00e9 dom\u010deky (casas de colmo). Kr\u00e1tka zast\u00e1vka na fotky + obed.<\/p>\n<p><strong>Cestou sp\u00e4\u0165:<\/strong> <strong>Miradouro da Portela<\/strong> \u2014 v\u00fdh\u013eady na severn\u00e9 pobre\u017eie.<\/p>\n<ul class=\"wp-block-list\">\n<li><strong>Kde sa ubytova\u0165:<\/strong> <strong><a class=\"thirstylink\" rel=\"nofollow\" target=\"_blank\" title=\"Portobay Serra Golf\" href=\"https:\/\/loudavymkrokem.cz\/doporucujeme\/portobay-serra-golf\/\" data-shortcode=\"true\">Portobay Serra Golf<\/a><\/strong> \u2014 zarezervujte si ve\u010deru v\u010das, inak budete musie\u0165 inde.<\/li>\n<\/ul>\n<h3 class=\"wp-block-heading\"><span class=\"ez-toc-section\" id=\"Den_7_%E2%80%94_Whale_watching_Monte_Funchal\"><\/span><span class=\"ez-toc-section\" id=\"Den_7_%E2%80%94_Whale_watching_Monte_Funchal\"><\/span>De\u0148 7 \u2014 Whale watching \/ Monte \/ Funchal<span class=\"ez-toc-section-end\"><\/span><span class=\"ez-toc-section-end\"><\/span><\/h3>\n<p><strong>R\u00e1no:<\/strong> <strong>Pozorovanie ve\u013er\u00fdb a delf\u00ednov<\/strong> z Funchalu (2 \u2013 3 hodiny na lodi). K\u00fapte si v\u00fdlet s poisten\u00edm \u2014 keby sa ni\u010d neuk\u00e1zalo, idete znova zadarmo.<\/p>\n<p><strong>Popoludnie:<\/strong> <strong>Cable Car na Monte<\/strong> + <strong>jazda v tobogane<\/strong> sp\u00e4\u0165 dole (cca 30 EUR\/2 osoby). Alternat\u00edvne: <strong>Blandy&#8217;s Wine Lodge<\/strong> (degust\u00e1cia madeirsk\u00e9ho v\u00edna), n\u00e1kupy vo Funchale, relax.<\/p>\n<p>Ubytovanie odpor\u00fa\u010dame v <strong><a class=\"thirstylink\" rel=\"nofollow\" target=\"_blank\" title=\"Hotel Terrace Mar\" href=\"https:\/\/loudavymkrokem.cz\/doporucujeme\/hotel-terrace-mar\/\" data-shortcode=\"true\">Hotel Terrace Mar<\/a><\/strong> vo Funchale \u2014 je tam aj baz\u00e9n. Objednajte si ho bez ra\u0148ajok, ak \u010fal\u0161\u00ed de\u0148 pl\u00e1nujete rann\u00fd odlet.<\/p>\n<h2 class=\"wp-block-heading\"><span class=\"ez-toc-section\" id=\"Kde_sa_ubytovat_na_Madeire-2\"><\/span><span class=\"ez-toc-section\" id=\"Kde_sa_ubytovat_na_Madeire-2\"><\/span><span class=\"ez-toc-section\" id=\"kde-sa-ubytovat-na-madeire\"><\/span>Kde sa ubytova\u0165 na Madeire<span class=\"ez-toc-section-end\"><\/span><span class=\"ez-toc-section-end\"><\/span><\/h2>\n<div class=\"lk-stays-module\">\n<style>\n\/* \u2500\u2500\u2500 RESET PRO GUTENBERG \u2500\u2500\u2500 *\/\n.lk-stays-module * { box-sizing: border-box; margin: 0; padding: 0; }<\/p>\n<p>\/* \u2500\u2500\u2500 WRAPPER \u2500\u2500\u2500 *\/\n.lk-stays-module {\n  font-family: 'DM Sans', Georgia, sans-serif;\n  max-width: 100%;\n  margin: 2.5rem auto;\n  background: linear-gradient(135deg, #fdfaf5 0%, #fcf8f0 100%);\n  border: 1px solid #e8dfd4;\n  border-radius: 16px;\n  overflow: hidden;\n  box-shadow: 0 16px 48px rgba(195, 159, 118, 0.25), 0 4px 12px rgba(0,0,0,0.08);\n}<\/p>\n<p>\/* \u2500\u2500\u2500 HEADER \u2500\u2500\u2500 *\/\n.lk-stays-header {\n  position: relative;\n  padding: 24px 36px 24px;\n  background: linear-gradient(135deg, #c39f76 0%, #d4b188 60%, #c39f76 100%);\n  border-bottom: 1px solid rgba(255,255,255,.15);\n  display: flex;\n  align-items: center;\n  gap: 18px;\n}\n.lk-stays-header::before {\n  content: '';\n  position: absolute;\n  inset: 0;\n  background: url(\"data:image\/svg+xml,%3Csvg width='60' height='60' viewBox='0 0 60 60' xmlns='http:\/\/www.w3.org\/2000\/svg'%3E%3Cg fill='none' fill-rule='evenodd'%3E%3Cg fill='%23ffffff' fill-opacity='0.05'%3E%3Cpath d='M36 34v-4h-2v4h-4v2h4v4h2v-4h4v-2h-4zm0-30V0h-2v4h-4v2h4v4h2V6h4V4h-4zM6 34v-4H4v4H0v2h4v4h2v-4h4v-2H6zM6 4V0H4v4H0v2h4v4h2V6h4V4H6z'\/%3E%3C\/g%3E%3C\/g%3E%3C\/svg%3E\") repeat;\n  pointer-events: none;\n}\n.lk-stays-icon {\n  flex-shrink: 0;\n  width: 68px;\n  height: 68px;\n  border-radius: 14px;\n  background: linear-gradient(135deg, #fff 0%, #f9f6f0 100%);\n  display: flex;\n  align-items: center;\n  justify-content: center;\n  font-size: 26px;\n  box-shadow: 0 4px 12px rgba(0,0,0,0.15);\n}\n.lk-stays-eyebrow {\n  font-size: 10px;\n  font-weight: 500;\n  letter-spacing: 2.5px;\n  text-transform: uppercase;\n  color: rgba(255,255,255,.85);\n  margin: 0 0 5px 0;\n}\n.lk-stays-title {\n  font-family: 'Playfair Display', Georgia, serif;\n  font-size: 24px;\n  font-weight: 700;\n  color: #fff;\n  line-height: 1.2;\n  text-shadow: 0 1px 2px rgba(0,0,0,0.1);\n  margin: 0;\n}\n.lk-stays-subtitle {\n  font-size: 13px;\n  color: rgba(255,255,255,.75);\n  margin: 4px 0 0 0;\n  font-weight: 300;\n}<\/p>\n<p>\/* \u2500\u2500\u2500 CARDS GRID \u2500\u2500\u2500 *\/\n.lk-stays-grid {\n  display: grid;\n  grid-template-columns: 1fr 1fr;\n  gap: 1px;\n  background: rgba(195, 159, 118, 0.12);\n}<\/p>\n<p>\/* \u2500\u2500\u2500 SINGLE CARD \u2500\u2500\u2500 *\/\n.lk-stay-card {\n  background: #ffffff;\n  padding: 26px;\n  display: flex;\n  flex-direction: column;\n  gap: 11px;\n  transition: all 0.3s ease;\n  text-decoration: none;\n  color: inherit;\n  position: relative;\n}\n.lk-stay-card:hover {\n  background: #fffbf5;\n  transform: translateY(-2px);\n  box-shadow: 0 8px 24px rgba(195, 159, 118, 0.18);\n  z-index: 1;\n}\n.lk-stay-card.featured {\n  background: linear-gradient(135deg, #fffdf9 0%, #fff9f0 100%);\n  box-shadow: 0 4px 16px rgba(195, 159, 118, 0.15), inset 0 1px 0 rgba(195, 159, 118, 0.1);\n}\n.lk-stay-card.featured:hover {\n  background: linear-gradient(135deg, #fffbf5 0%, #fff8ed 100%);\n  box-shadow: 0 8px 24px rgba(195, 159, 118, 0.25), inset 0 1px 0 rgba(195, 159, 118, 0.15);\n}<\/p>\n<p>.lk-stay-badge {\n  display: inline-flex;\n  align-items: center;\n  gap: 5px;\n  font-size: 10px;\n  font-weight: 500;\n  letter-spacing: 1.5px;\n  text-transform: uppercase;\n  padding: 5px 11px;\n  border-radius: 20px;\n  width: fit-content;\n}\n.badge-top     { background: linear-gradient(135deg, #c39f76 0%, #d4b188 100%); color: #fff; border: 1px solid #c39f76; font-weight: 600; box-shadow: 0 2px 8px rgba(195,159,118,0.3); }\n.badge-luxury  { background: rgba(195,159,118,.12); color: #c39f76; border: 1px solid rgba(195,159,118,.25); }\n.badge-boutique{ background: rgba(54,133,252,.08); color: #3685fc; border: 1px solid rgba(54,133,252,.2); }\n.badge-nature  { background: rgba(130,190,100,.1); color: #6b9c4a; border: 1px solid rgba(130,190,100,.2); }\n.badge-remote  { background: rgba(195,159,118,.12); color: #a67e50; border: 1px solid rgba(195,159,118,.25); }<\/p>\n<p>.lk-stay-name {\n  font-family: 'Playfair Display', Georgia, serif;\n  font-size: 18px;\n  font-weight: 700;\n  color: #111827;\n  line-height: 1.3;\n}\n.lk-stay-desc {\n  font-size: 13.5px;\n  color: #525252;\n  line-height: 1.65;\n  font-weight: 300;\n  flex: 1;\n}<\/p>\n<p>.lk-stay-meta {\n  display: flex;\n  align-items: center;\n  gap: 12px;\n  flex-wrap: wrap;\n  margin-top: 4px;\n}\n.lk-stay-price {\n  font-size: 13px;\n  color: #6b7280;\n}\n.lk-stay-price strong {\n  color: #c39f76;\n  font-weight: 500;\n}\n.lk-stay-stars {\n  color: #c39f76;\n  font-size: 11px;\n  letter-spacing: 1px;\n}<\/p>\n<p>\/* \u2500\u2500\u2500 CTA BUTTON \u2500\u2500\u2500 *\/\n.lk-stay-cta {\n  display: inline-flex;\n  align-items: center;\n  justify-content: center;\n  gap: 7px;\n  margin-top: 8px;\n  padding: 11px 20px;\n  border-radius: 8px;\n  background: linear-gradient(135deg, #3685fc 0%, #2a6fd9 100%);\n  color: #fff;\n  font-size: 13px;\n  font-weight: 500;\n  text-decoration: none;\n  letter-spacing: .3px;\n  transition: all .2s ease;\n  cursor: pointer;\n  border: none;\n  text-align: center;\n  box-shadow: 0 4px 12px rgba(54, 133, 252, 0.25);\n}\n.lk-stay-cta:hover {\n  background: linear-gradient(135deg, #2a6fd9 0%, #1e5bc4 100%);\n  transform: translateY(-1px);\n  box-shadow: 0 6px 16px rgba(54, 133, 252, 0.35);\n}\n.lk-stay-cta svg { flex-shrink: 0; }<\/p>\n<p>\/* \u2500\u2500\u2500 FOOTER \u2500\u2500\u2500 *\/\n.lk-stays-footer {\n  padding: 18px 36px;\n  background: linear-gradient(to bottom, #fdfaf5 0%, #f9f4ed 100%);\n  border-top: 1px solid rgba(195, 159, 118, 0.15);\n  display: flex;\n  align-items: center;\n  justify-content: space-between;\n  flex-wrap: wrap;\n  gap: 12px;\n}\n.lk-stays-footer-note {\n  font-size: 11.5px;\n  color: #6b7280;\n  font-weight: 300;\n  line-height: 1.5;\n}\n.lk-stays-footer-note a {\n  color: #c39f76;\n  text-decoration: none;\n  font-weight: 400;\n}\n.lk-stays-footer-note a:hover {\n  text-decoration: underline;\n}\n.lk-stays-all-btn {\n  display: inline-flex;\n  align-items: center;\n  gap: 6px;\n  font-size: 12.5px;\n  font-weight: 500;\n  color: #c39f76;\n  text-decoration: none;\n  border: 1px solid rgba(195, 159, 118, 0.35);\n  padding: 8px 18px;\n  border-radius: 8px;\n  transition: all .2s ease;\n}\n.lk-stays-all-btn:hover {\n  background: rgba(195, 159, 118, 0.08);\n  border-color: rgba(195, 159, 118, 0.5);\n}<\/p>\n<p>\/* \u2500\u2500\u2500 RESPONSIVE \u2500\u2500\u2500 *\/\n@media (max-width: 600px) {\n  .lk-stays-grid { grid-template-columns: 1fr; }\n  .lk-stays-header { padding: 24px 20px; }\n  .lk-stays-footer { padding: 16px 20px; }\n  .lk-stay-card { padding: 22px; }\n  .lk-stays-title { font-size: 20px; }\n}\n<\/style>\n<p>  <!-- HEADER --><\/p>\n<div class=\"lk-stays-header\">\n    <img decoding=\"async\" src=\"https:\/\/loudavymkrokem.cz\/wp-content\/uploads\/2026\/02\/lukas-a-lucka.jpg\" alt=\"\" style=\"width: 75px; height: 75px; border-radius: 8px; flex-shrink: 0; object-fit: cover; display: block; margin: 4px 0;\" title=\"\"><\/p>\n<div class=\"lk-stays-header-text\">\n<div class=\"lk-stays-eyebrow\">Luk\u00e1\u0161 a Lucie odpor\u00fa\u010daj\u00fa<\/div>\n<div class=\"lk-stays-title\">Kde sa ubytova\u0165 na Madeire<\/div>\n<div class=\"lk-stays-subtitle\">6 ubytovan\u00ed \u2014 hotely a \u010fal\u0161ie mo\u017enosti ubytovania<\/div>\n<\/p><\/div>\n<\/p><\/div>\n<p>  <!-- CARDS --><\/p>\n<div class=\"lk-stays-grid\">\n<p>    <a class=\"lk-stay-card featured\" href=\"https:\/\/loudavymkrokem.cz\/doporucujeme\/inn-art-madeira\/\" target=\"_blank\" rel=\"nofollow noopener sponsored\"><br \/>\n      <span class=\"lk-stay-badge badge-top\">\u2b50 TOP VO\u013dBA<\/span><br \/>\n      <span class=\"lk-stay-badge badge-nature\">\ud83c\udfe8 Hotel<\/span><\/p>\n<div class=\"lk-stay-name\">Inn &#038; Art Madeira<\/div>\n<div class=\"lk-stay-desc\">Romantick\u00fd aj ke\u010f star\u0161\u00ed hotel vo Funchale, kde m\u00f4\u017eete ve\u010dera\u0165 s vyhliadkou na \u00fatesy pri z\u00e1pade slnka. Maj\u00fa vegetari\u00e1nsku ponuku a k pobytu dostanete v\u00edno zadarmo. Retro ubytovanie bez klimatiz\u00e1cie za super cenu.<\/div>\n<div class=\"lk-stay-meta\">\n        <span class=\"lk-stay-stars\">\u2605\u2605\u2605\u2605<\/span><br \/>\n        <span class=\"lk-stay-price\">Skontrolova\u0165 ceny<\/span>\n      <\/div>\n<p>      <span class=\"lk-stay-cta\"><br \/>\n        <svg width=\"14\" height=\"14\" viewBox=\"0 0 24 24\" fill=\"none\" stroke=\"currentColor\" stroke-width=\"2\"><path d=\"M18 13v6a2 2 0 0 1-2 2H5a2 2 0 0 1-2-2V8a2 2 0 0 1 2-2h6\"\/><polyline points=\"15 3 21 3 21 9\"\/><line x1=\"10\" y1=\"14\" x2=\"21\" y2=\"3\"\/><\/svg><br \/>\n        Skontrolova\u0165 dostupnos\u0165<br \/>\n      <\/span><br \/>\n    <\/a><\/p>\n<p>    <a class=\"lk-stay-card\" href=\"https:\/\/www.stay22.com\/allez\/roam?aid=lukaskonecny&#038;campaign=loudavymkrokemcz&#038;campaign=madeirapruvodce&#038;address=Madeira&#038;hotelname=Hotel+Salgueiro&#038;search=Hotel+Salgueiro&#038;category=accommodation\" target=\"_blank\" rel=\"nofollow noopener\"><br \/>\n      <span class=\"lk-stay-badge badge-nature\">\ud83c\udfe8 Hotel<\/span><\/p>\n<div class=\"lk-stay-name\"><a class=\"thirstylink\" rel=\"nofollow\" target=\"_blank\" title=\"Hotel Salgueiro\" href=\"https:\/\/loudavymkrokem.cz\/sk\/doporucujeme\/hotel-salgueiro\/\" data-shortcode=\"true\">Hotel Salgueiro<\/a><\/div>\n<div class=\"lk-stay-desc\">Hotel v Porto Moniz s ra\u0148ajkami v bl\u00edzkosti pr\u00edrodn\u00fdch baz\u00e9nov. Ide\u00e1lny na presk\u00famanie Porto Moniz pri v\u00fdchode slnka.<\/div>\n<div class=\"lk-stay-meta\">\n        <span class=\"lk-stay-stars\">\u2605\u2605\u2605\u2605<\/span><br \/>\n        <span class=\"lk-stay-price\">Skontrolova\u0165 ceny<\/span>\n      <\/div>\n<p>      <span class=\"lk-stay-cta\"><br \/>\n        <svg width=\"14\" height=\"14\" viewBox=\"0 0 24 24\" fill=\"none\" stroke=\"currentColor\" stroke-width=\"2\"><path d=\"M18 13v6a2 2 0 0 1-2 2H5a2 2 0 0 1-2-2V8a2 2 0 0 1 2-2h6\"\/><polyline points=\"15 3 21 3 21 9\"\/><line x1=\"10\" y1=\"14\" x2=\"21\" y2=\"3\"\/><\/svg><br \/>\n        Skontrolova\u0165 dostupnos\u0165<br \/>\n      <\/span><br \/>\n    <\/a><\/p>\n<p>    <a class=\"lk-stay-card\" href=\"https:\/\/www.stay22.com\/allez\/roam?aid=lukaskonecny&#038;campaign=loudavymkrokemcz&#038;campaign=madeirapruvodce&#038;address=Madeira&#038;hotelname=Estalagem+do+Vale&#038;search=Estalagem+do+Vale&#038;category=accommodation\" target=\"_blank\" rel=\"nofollow noopener\"><br \/>\n      <span class=\"lk-stay-badge badge-nature\">\ud83c\udfe8 Hotel<\/span><\/p>\n<div class=\"lk-stay-name\"><a class=\"thirstylink\" rel=\"nofollow\" target=\"_blank\" title=\"Estalagem do Vale\" href=\"https:\/\/loudavymkrokem.cz\/sk\/doporucujeme\/estalagem-do-vale\/\" data-shortcode=\"true\">Estalagem do Vale<\/a><\/div>\n<div class=\"lk-stay-desc\">Hotel v S\u00e3o Vicente s baz\u00e9nom a minigolfom. Ide\u00e1lny na poobedn\u00e9 le\u0148o\u0161enie alebo ako z\u00e1klad\u0148a na presk\u00famavanie meste\u010dka a okolit\u00fdch vyhliadok.<\/div>\n<div class=\"lk-stay-meta\">\n        <span class=\"lk-stay-stars\">\u2605\u2605\u2605\u2605<\/span><br \/>\n        <span class=\"lk-stay-price\">Skontrolova\u0165 ceny<\/span>\n      <\/div>\n<p>      <span class=\"lk-stay-cta\"><br \/>\n        <svg width=\"14\" height=\"14\" viewBox=\"0 0 24 24\" fill=\"none\" stroke=\"currentColor\" stroke-width=\"2\"><path d=\"M18 13v6a2 2 0 0 1-2 2H5a2 2 0 0 1-2-2V8a2 2 0 0 1 2-2h6\"\/><polyline points=\"15 3 21 3 21 9\"\/><line x1=\"10\" y1=\"14\" x2=\"21\" y2=\"3\"\/><\/svg><br \/>\n        Skontrolova\u0165 dostupnos\u0165<br \/>\n      <\/span><br \/>\n    <\/a><\/p>\n<p>    <a class=\"lk-stay-card\" href=\"https:\/\/www.stay22.com\/allez\/roam?aid=lukaskonecny&#038;campaign=loudavymkrokemcz&#038;campaign=madeirapruvodce&#038;address=Madeira&#038;hotelname=Portobay+Serra+Golf&#038;search=Portobay+Serra+Golf&#038;category=accommodation\" target=\"_blank\" rel=\"nofollow noopener\"><br \/>\n      <span class=\"lk-stay-badge badge-nature\">\ud83c\udfe8 Hotel<\/span><\/p>\n<div class=\"lk-stay-name\"><a class=\"thirstylink\" rel=\"nofollow\" target=\"_blank\" title=\"Portobay Serra Golf\" href=\"https:\/\/loudavymkrokem.cz\/sk\/doporucujeme\/portobay-serra-golf\/\" data-shortcode=\"true\">Portobay Serra Golf<\/a><\/div>\n<div class=\"lk-stay-desc\">Hotel s mo\u017enos\u0165ou ve\u010dere (nutn\u00e1 v\u010dasn\u00e1 rezerv\u00e1cia). Vhodn\u00e9 ako ubytovanie po t\u00fare Vereda da Ponta de Sao Lourenco.<\/div>\n<div class=\"lk-stay-meta\">\n        <span class=\"lk-stay-stars\">\u2605\u2605\u2605\u2605<\/span><br \/>\n        <span class=\"lk-stay-price\">Skontrolova\u0165 ceny<\/span>\n      <\/div>\n<p>      <span class=\"lk-stay-cta\"><br \/>\n        <svg width=\"14\" height=\"14\" viewBox=\"0 0 24 24\" fill=\"none\" stroke=\"currentColor\" stroke-width=\"2\"><path d=\"M18 13v6a2 2 0 0 1-2 2H5a2 2 0 0 1-2-2V8a2 2 0 0 1 2-2h6\"\/><polyline points=\"15 3 21 3 21 9\"\/><line x1=\"10\" y1=\"14\" x2=\"21\" y2=\"3\"\/><\/svg><br \/>\n        Skontrolova\u0165 dostupnos\u0165<br \/>\n      <\/span><br \/>\n    <\/a><\/p>\n<p>    <a class=\"lk-stay-card\" href=\"https:\/\/www.stay22.com\/allez\/roam?aid=lukaskonecny&#038;campaign=loudavymkrokemcz&#038;campaign=madeirapruvodce&#038;address=Madeira&#038;hotelname=Hotel+Terrace+Mar&#038;search=Hotel+Terrace+Mar&#038;category=accommodation\" target=\"_blank\" rel=\"nofollow noopener\"><br \/>\n      <span class=\"lk-stay-badge badge-nature\">\ud83c\udfe8 Hotel<\/span><\/p>\n<div class=\"lk-stay-name\"><a class=\"thirstylink\" rel=\"nofollow\" target=\"_blank\" title=\"Hotel Terrace Mar\" href=\"https:\/\/loudavymkrokem.cz\/sk\/doporucujeme\/hotel-terrace-mar\/\" data-shortcode=\"true\">Hotel Terrace Mar<\/a><\/div>\n<div class=\"lk-stay-desc\">Hotel vo Funchale s baz\u00e9nom, ide\u00e1lny na oddych po pozorovan\u00ed ve\u013er\u00fdb a delf\u00ednov. Odpor\u00fa\u010da sa objedna\u0165 bez ra\u0148ajok, ak pl\u00e1nujete v\u00fdlet na Pico do Arieiro na v\u00fdchod slnka.<\/div>\n<div class=\"lk-stay-meta\">\n        <span class=\"lk-stay-stars\">\u2605\u2605\u2605\u2605<\/span><br \/>\n        <span class=\"lk-stay-price\">Skontrolova\u0165 ceny<\/span>\n      <\/div>\n<p>      <span class=\"lk-stay-cta\"><br \/>\n        <svg width=\"14\" height=\"14\" viewBox=\"0 0 24 24\" fill=\"none\" stroke=\"currentColor\" stroke-width=\"2\"><path d=\"M18 13v6a2 2 0 0 1-2 2H5a2 2 0 0 1-2-2V8a2 2 0 0 1 2-2h6\"\/><polyline points=\"15 3 21 3 21 9\"\/><line x1=\"10\" y1=\"14\" x2=\"21\" y2=\"3\"\/><\/svg><br \/>\n        Skontrolova\u0165 dostupnos\u0165<br \/>\n      <\/span><br \/>\n    <\/a><\/p>\n<p>    <a class=\"lk-stay-card\" href=\"https:\/\/www.stay22.com\/allez\/roam?aid=lukaskonecny&#038;campaign=loudavymkrokemcz&#038;campaign=madeirapruvodce&#038;address=madeira\" target=\"_blank\" rel=\"nofollow noopener\"><br \/>\n      <span class=\"lk-stay-badge badge-nature\">\ud83d\udd0d H\u013eada\u0165<\/span><\/p>\n<div class=\"lk-stay-name\">Zobrazi\u0165 v\u0161etky ubytovania na Madeire<\/div>\n<div class=\"lk-stay-desc\">Presk\u00famajte v\u0161etky dostupn\u00e9 mo\u017enosti ubytovania na Madeire a n\u00e1jdite to najlep\u0161ie pod\u013ea va\u0161ich preferenci\u00ed a rozpo\u010dtu.<\/div>\n<div class=\"lk-stay-meta\">\n        <span class=\"lk-stay-stars\">\u2605\u2605\u2605\u2605<\/span><br \/>\n        <span class=\"lk-stay-price\">Porovna\u0165 ceny<\/span>\n      <\/div>\n<p>      <span class=\"lk-stay-cta\"><br \/>\n        <svg width=\"14\" height=\"14\" viewBox=\"0 0 24 24\" fill=\"none\" stroke=\"currentColor\" stroke-width=\"2\"><path d=\"M18 13v6a2 2 0 0 1-2 2H5a2 2 0 0 1-2-2V8a2 2 0 0 1 2-2h6\"\/><polyline points=\"15 3 21 3 21 9\"\/><line x1=\"10\" y1=\"14\" x2=\"21\" y2=\"3\"\/><\/svg><br \/>\n        Skontrolova\u0165 dostupnos\u0165<br \/>\n      <\/span><br \/>\n    <\/a><\/p><\/div>\n<\/div>\n<h2 class=\"wp-block-heading\"><span class=\"ez-toc-section\" id=\"Madeira_mapa_Mapa_s_bodmi_zaujmu_do_telefonu\"><\/span><span class=\"ez-toc-section\" id=\"Madeira_mapa_Mapa_s_bodmi_zaujmu_do_telefonu\"><\/span><span class=\"ez-toc-section\" id=\"madeira-mapa\"><\/span>Madeira mapa: Mapa s bodmi z\u00e1ujmu do telef\u00f3nu<span class=\"ez-toc-section-end\"><\/span><span class=\"ez-toc-section-end\"><\/span><\/h2>\n<p><strong>Ulo\u017ete si mapu t\u00fdch najlep\u0161\u00edch miest na Madeire priamo do telef\u00f3nu.<\/strong> Po zak\u00fapen\u00ed obdr\u017e\u00edte odkaz na neverejn\u00fa Google Mapu, ktor\u00fa si ulo\u017e\u00edte kliknut\u00edm na \u201eSledova\u0165\/Follow&#8220;. T\u00fdm sa v\u00e1m skop\u00edruje do Google \u00fa\u010dtu a zobraz\u00ed na v\u0161etk\u00fdch zariadeniach, kde pou\u017e\u00edvate Google Mapy.<\/p>\n<div style=\"gap: 20px;\" class=\"align-button-center ub-buttons orientation-button-row ub-flex-wrap wp-block-ub-button\" id=\"ub-button-19559c00-dd77-44d1-a62c-9b49e8d54836\">\n<div class=\"ub-button-container\">\n\t\t\t<a href=\"https:\/\/form.simpleshop.cz\/wO3L\/\" target=\"_blank\" rel=\"noopener noreferrer\" class=\"ub-button-block-main   ub-button-flex\" role=\"button\" style=\"--ub-button-background-color: #ff0000; --ub-button-color: #ffffff; --ub-button-border: none; --ub-button-hover-background-color: #313131; --ub-button-hover-color: #ffffff; --ub-button-hover-border: none; padding-top: 10px; padding-right: 10px; padding-bottom: 10px; padding-left: 10px; border-top-left-radius: 10px;; border-top-right-radius: 10px;; border-bottom-left-radius: 10px;; border-bottom-right-radius: 10px;; \"><\/p>\n<div class=\"ub-button-content-holder\" style=\"flex-direction: row\">\n\t\t\t\t\t<span class=\"ub-button-block-btn\">Stiahnu\u0165 mapu najlep\u0161\u00edch miest na Madeire za 2,80 EUR (cena jednej \u2615\ufe0f)<\/span>\n\t\t\t\t<\/div>\n<p>\t\t\t<\/a>\n\t\t<\/div>\n<\/div>\n<h2 class=\"wp-block-heading\"><span class=\"ez-toc-section\" id=\"Co_robit_na_Madeire_ked_prsi\"><\/span><span class=\"ez-toc-section\" id=\"Co_robit_na_Madeire_ked_prsi\"><\/span><span class=\"ez-toc-section\" id=\"co-robit-na-madeire-ked-prsi\"><\/span>\u010co robi\u0165 na Madeire, ke\u010f pr\u0161\u00ed<span class=\"ez-toc-section-end\"><\/span><span class=\"ez-toc-section-end\"><\/span><\/h2>\n<p>Na Madeire ob\u010das zapr\u0161\u00ed \u2014 to je fakt, s ktor\u00fdm mus\u00edte po\u010d\u00edta\u0165. <strong>Ale da\u017ediv\u00fd de\u0148 tu rozhodne neznamen\u00e1 prem\u00e1rnen\u00fd de\u0148.<\/strong> Tu je p\u00e1r osved\u010den\u00fdch tipov:<\/p>\n<h3 class=\"wp-block-heading\"><span class=\"ez-toc-section\" id=\"Jaskyne_Sao_Vicente\"><\/span><span class=\"ez-toc-section\" id=\"Jaskyne_Sao_Vicente\"><\/span>Jaskyne S\u00e3o Vicente<span class=\"ez-toc-section-end\"><\/span><span class=\"ez-toc-section-end\"><\/span><\/h3>\n<p>Sope\u010dn\u00e9 tunely a jaskyne vzniknut\u00e9 pred mili\u00f3nmi rokov. Prehliadka trv\u00e1 45 min\u00fat a je fascinuj\u00faca \u2014 dozviete sa o vulkanickej hist\u00f3rii ostrova. <strong>Vstupn\u00e9 cca 8 EUR, ide\u00e1lny pl\u00e1n na da\u017ediv\u00e9 dopoludnie.<\/strong><\/p>\n<h3 class=\"wp-block-heading\"><span class=\"ez-toc-section\" id=\"Blandys_Wine_Lodge\"><\/span><span class=\"ez-toc-section\" id=\"Blandys_Wine_Lodge\"><\/span>Blandy&#8217;s Wine Lodge<span class=\"ez-toc-section-end\"><\/span><span class=\"ez-toc-section-end\"><\/span><\/h3>\n<p>Prehliadka historick\u00fdch pivn\u00edc s degust\u00e1ciou madeirsk\u00e9ho v\u00edna. <strong>Cca 15 EUR a dozviete sa, pre\u010do je madeirsk\u00e9 v\u00edno tak unik\u00e1tne<\/strong> (zahrieva sa, na rozdiel od v\u0161etk\u00fdch ostatn\u00fdch v\u00edn). Romantick\u00fd pl\u00e1n na da\u017ediv\u00e9 popoludnie.<\/p>\n<h3 class=\"wp-block-heading\"><span class=\"ez-toc-section\" id=\"Mercado_dos_Lavradores\"><\/span><span class=\"ez-toc-section\" id=\"Mercado_dos_Lavradores\"><\/span>Mercado dos Lavradores<span class=\"ez-toc-section-end\"><\/span><span class=\"ez-toc-section-end\"><\/span><\/h3>\n<p>Farebn\u00fd trh vo Funchale funguje za ka\u017ed\u00e9ho po\u010dasia. <strong>Ochutn\u00e1vajte exotick\u00e9 ovocie, kupujte kvety a pozerajte sa na ryb\u00e1rov s \u00falovkami d\u0148a.<\/strong> Pr\u00edjemn\u00e1 hodinka aj za lejaku.<\/p>\n<h3 class=\"wp-block-heading\"><span class=\"ez-toc-section\" id=\"CR7_muzeum\"><\/span><span class=\"ez-toc-section\" id=\"CR7_muzeum\"><\/span>CR7 m\u00fazeum<span class=\"ez-toc-section-end\"><\/span><span class=\"ez-toc-section-end\"><\/span><\/h3>\n<p>Cristiano Ronaldo sa narodil na Madeire a vo Funchale je jeho m\u00fazeum pln\u00e9 trofej\u00ed, dresov a zlat\u00fdch kopa\u010diek. <strong>Aj ak nie ste fan\u00fa\u0161ikovia futbalu, je to zauj\u00edmav\u00e9 \u2014 a vonku je fotogenick\u00e1 socha.<\/strong> Vstupn\u00e9 cca 5 EUR.<\/p>\n<h3 class=\"wp-block-heading\"><span class=\"ez-toc-section\" id=\"Levadove_tury_za_mierneho_dazda\"><\/span><span class=\"ez-toc-section\" id=\"Levadove_tury_za_mierneho_dazda\"><\/span>Levadov\u00e9 t\u00fary za mierneho da\u017e\u010fa<span class=\"ez-toc-section-end\"><\/span><span class=\"ez-toc-section-end\"><\/span><\/h3>\n<p>Znie to \u0161ialene, ale levadov\u00e9 chodn\u00edky s\u00fa za mierneho da\u017e\u010fa \u010darovn\u00e9. Vavr\u00ednov\u00fd les Laurisilva je pri hmle a da\u017edi e\u0161te magickej\u0161\u00ed. <strong>Sta\u010d\u00ed nepremokav\u00e1 bunda a dobr\u00e1 obuv.<\/strong> Len sa vyhnite exponovan\u00fdm hrebe\u0148ov\u00fdm t\u00faram (Pico do Arieiro).<\/p>\n<h2 class=\"wp-block-heading\"><span class=\"ez-toc-section\" id=\"Na_co_si_dat_pozor_na_Madeire\"><\/span><span class=\"ez-toc-section\" id=\"Na_co_si_dat_pozor_na_Madeire\"><\/span><span class=\"ez-toc-section\" id=\"na-co-si-dat-pozor-na-madeire\"><\/span>Na \u010do si da\u0165 pozor na Madeire<span class=\"ez-toc-section-end\"><\/span><span class=\"ez-toc-section-end\"><\/span><\/h2>\n<p>Madeira je n\u00e1dhern\u00fd a bezpe\u010dn\u00fd ostrov, ale p\u00e1r vec\u00ed je dobr\u00e9 vedie\u0165 dopredu:<\/p>\n<ul class=\"wp-block-list\">\n<li><strong>Po\u010dasie a r\u00fdchle zmeny<\/strong> \u2014 kl\u00edma sa m\u00f4\u017ee meni\u0165 po\u010das d\u0148a, odpor\u00fa\u010dame vrstvi\u0165 oble\u010denie. Na severe ostrova pr\u0161\u00ed viac ne\u017e na juhu.<\/li>\n<li><strong>N\u00e1ro\u010dnos\u0165 ter\u00e9nu<\/strong> \u2014 mnoho turistick\u00fdch tr\u00e1s vedie po strm\u00fdch chodn\u00edkoch, vhodn\u00e1 obuv je nevyhnutn\u00e1. Na levady berte \u010delovku (tunely!).<\/li>\n<li><strong>Cestn\u00e1 prem\u00e1vka<\/strong> \u2014 horsk\u00fdmi serpent\u00ednami jazdite opatrne, niektor\u00e9 cesty s\u00fa \u00fazke a prudk\u00e9. Tunely ale v\u00fdrazne zjednodu\u0161ili cestovanie.<\/li>\n<li><strong>Rezerv\u00e1cie PR trekov 2026<\/strong> \u2014 nov\u00fd syst\u00e9m! Nezabudnite si vopred zarezervova\u0165 miesta na popul\u00e1rne trasy, inak v\u00e1s nepustia.<\/li>\n<li><strong>Morsk\u00e9 pr\u00fady<\/strong> \u2014 k\u00fapanie v oce\u00e1ne m\u00f4\u017ee by\u0165 nebezpe\u010dn\u00e9 kv\u00f4li siln\u00fdm pr\u00fadom, odpor\u00fa\u010da sa sledova\u0165 varovania a pl\u00e1va\u0165 v pr\u00edrodn\u00fdch baz\u00e9noch.<\/li>\n<li><strong>Kom\u00e1re<\/strong> \u2014 v\u0161eobecne nie s\u00fa ve\u013ek\u00fd probl\u00e9m v\u010faka vetern\u00fdm podmienkam a strm\u00e9mu ter\u00e9nu. V lete m\u00f4\u017eu by\u0165 akt\u00edvnej\u0161ie, ale ni\u010d dramatick\u00e9.<\/li>\n<li><strong>Slnko a UV \u017eiarenie<\/strong> \u2014 hoci je kl\u00edma mierna, UV \u017eiarenie je na Madeire siln\u00e9, nezabudnite na opa\u013eovac\u00ed kr\u00e9m.<\/li>\n<li><strong>Ceny a platby<\/strong> \u2014 kartou sa d\u00e1 plati\u0165 takmer v\u0161ade, ale v men\u0161\u00edch dedin\u00e1ch sa m\u00f4\u017ee hodi\u0165 hotovos\u0165.<\/li>\n<\/ul>\n<h2 class=\"wp-block-heading\"><span class=\"ez-toc-section\" id=\"Kolko_stoji_tyzden_na_Madeire_%E2%80%94_rozpocet_2026\"><\/span><span class=\"ez-toc-section\" id=\"Kolko_stoji_tyzden_na_Madeire_%E2%80%94_rozpocet_2026\"><\/span><span class=\"ez-toc-section\" id=\"kolko-stoji-tyzden-na-madeire-rozpocet-2026\"><\/span>Ko\u013eko stoj\u00ed t\u00fd\u017ede\u0148 na Madeire \u2014 rozpo\u010det 2026<span class=\"ez-toc-section-end\"><\/span><span class=\"ez-toc-section-end\"><\/span><\/h2>\n<p><strong>Madeira je v\u00fdrazne lacnej\u0161ia ako Kan\u00e1rske ostrovy alebo Azory.<\/strong> S rozumn\u00fdm rozpo\u010dtom sa d\u00e1 t\u00fd\u017ede\u0148 zvl\u00e1dnu\u0165 za 800 \u2013 1 400 EUR na osobu vr\u00e1tane v\u0161etk\u00e9ho. Tu je orienta\u010dn\u00fd preh\u013ead:<\/p>\n<p><strong>Budget (800 \u2013 1 350 EUR\/osoba):<\/strong><\/p>\n<ul class=\"wp-block-list\">\n<li>Letenky spiato\u010dn\u00e9: 120 \u2013 200 EUR<\/li>\n<li>Ubytovanie 7 noc\u00ed (hostely, Airbnb): 280 \u2013 480 EUR<\/li>\n<li>Pren\u00e1jom auta 7 dn\u00ed: 160 \u2013 240 EUR<\/li>\n<li>Benz\u00edn: 40 \u2013 60 EUR<\/li>\n<li>Jedlo a pitie: 160 \u2013 280 EUR<\/li>\n<li>Aktivity + vstupn\u00e9 PR treky: 40 \u2013 100 EUR<\/li>\n<\/ul>\n<p><strong>Mid-range (1 400 \u2013 2 300 EUR\/osoba):<\/strong><\/p>\n<ul class=\"wp-block-list\">\n<li>Letenky spiato\u010dn\u00e9: 160 \u2013 280 EUR<\/li>\n<li>Ubytovanie 7 noc\u00ed (3 \u2013 4* hotely): 560 \u2013 840 EUR<\/li>\n<li>Pren\u00e1jom auta 7 dn\u00ed: 240 \u2013 360 EUR<\/li>\n<li>Benz\u00edn: 40 \u2013 60 EUR<\/li>\n<li>Jedlo a pitie: 320 \u2013 560 EUR<\/li>\n<li>Aktivity (treky, whale watching): 100 \u2013 200 EUR<\/li>\n<\/ul>\n<p><strong>Komfort (2 400 \u2013 4 200 EUR\/osoba):<\/strong><\/p>\n<ul class=\"wp-block-list\">\n<li>Letenky spiato\u010dn\u00e9: 240 \u2013 400 EUR<\/li>\n<li>Ubytovanie 7 noc\u00ed (4 \u2013 5* hotely): 1 000 \u2013 1 800 EUR<\/li>\n<li>Pren\u00e1jom auta 7 dn\u00ed: 360 \u2013 600 EUR<\/li>\n<li>Benz\u00edn: 40 \u2013 60 EUR<\/li>\n<li>Jedlo a pitie: 600 \u2013 1 000 EUR<\/li>\n<li>Aktivity: 180 \u2013 360 EUR<\/li>\n<\/ul>\n<p><strong>Tip:<\/strong> Vstupn\u00e9 na PR treky (nov\u00e9 od 2026) prid\u00e1va cca 20 \u2013 40 EUR na osobu za t\u00fd\u017ede\u0148, v z\u00e1vislosti od po\u010dtu t\u00far. Deti do 12 rokov maj\u00fa vstup zadarmo.<\/p>\n<h2 class=\"wp-block-heading\"><span class=\"ez-toc-section\" id=\"Najcastejsie_otazky_FAQ\"><\/span><span class=\"ez-toc-section\" id=\"Najcastejsie_otazky_FAQ\"><\/span><span class=\"ez-toc-section\" id=\"najcastejsie-otazky-faq\"><\/span>Naj\u010dastej\u0161ie ot\u00e1zky (FAQ)<span class=\"ez-toc-section-end\"><\/span><span class=\"ez-toc-section-end\"><\/span><\/h2>\n<div id=\"rank-math-faq\" class=\"rank-math-block\">\n<div class=\"rank-math-list \">\n<div id=\"faq-question-1710672000001\" class=\"rank-math-list-item\">\n<h3 class=\"rank-math-question \"><span class=\"ez-toc-section\" id=\"Staci_tyzden_na_Madeiru\"><\/span><span class=\"ez-toc-section\" id=\"Staci_tyzden_na_Madeiru\"><\/span>Sta\u010d\u00ed t\u00fd\u017ede\u0148 na Madeiru?<span class=\"ez-toc-section-end\"><\/span><span class=\"ez-toc-section-end\"><\/span><\/h3>\n<div class=\"rank-math-answer \">\n<p>\u00c1no, za t\u00fd\u017ede\u0148 zvl\u00e1dnete nav\u0161t\u00edvi\u0165 to najlep\u0161ie z Madeiry. S na\u0161\u00edm 7-d\u0148ov\u00fdm itiner\u00e1rom uvid\u00edte hlavn\u00e9 miesta, stihnete 2 \u2013 3 levadov\u00e9 t\u00fary, whale watching aj Funchal. Ak m\u00e1te ale mo\u017enos\u0165, 10 dn\u00ed je ide\u00e1lnych \u2014 budete ma\u0165 \u010das na z\u00e1lo\u017en\u00e9 dni pri zlom po\u010das\u00ed.<\/p>\n<\/div>\n<\/div>\n<div id=\"faq-question-1710672000002\" class=\"rank-math-list-item\">\n<h3 class=\"rank-math-question \"><span class=\"ez-toc-section\" id=\"Musim_si_od_roku_2026_rezervovat_vstup_na_treky_na_Madeire\"><\/span><span class=\"ez-toc-section\" id=\"Musim_si_od_roku_2026_rezervovat_vstup_na_treky_na_Madeire\"><\/span>Mus\u00edm si od roku 2026 rezervova\u0165 vstup na treky na Madeire?<span class=\"ez-toc-section-end\"><\/span><span class=\"ez-toc-section-end\"><\/span><\/h3>\n<div class=\"rank-math-answer \">\n<p>\u00c1no, od roku 2026 Madeira zaviedla povinn\u00fd syst\u00e9m predrezerv\u00e1ci\u00ed na PR (Pequena Rota) trasy. Rezerv\u00e1cie sa robia online cez port\u00e1l ifcn.madeira.gov.pt. Ceny sa pohybuj\u00fa od 3 do 10,50 EUR na osobu pod\u013ea obtia\u017enosti trasy. Deti do 12 rokov maj\u00fa vstup zadarmo. Odpor\u00fa\u010dame rezervova\u0165 3 \u2013 5 dn\u00ed vopred, pri popul\u00e1rnych tras\u00e1ch ako 25 Fontes aj t\u00fd\u017ede\u0148.<\/p>\n<\/div>\n<\/div>\n<div id=\"faq-question-1710672000003\" class=\"rank-math-list-item\">\n<h3 class=\"rank-math-question \"><span class=\"ez-toc-section\" id=\"Ake_je_pocasie_na_Madeire_a_kedy_je_najlepsie_ist\"><\/span><span class=\"ez-toc-section\" id=\"Ake_je_pocasie_na_Madeire_a_kedy_je_najlepsie_ist\"><\/span>Ak\u00e9 je po\u010dasie na Madeire a kedy je najlep\u0161ie \u00eds\u0165?<span class=\"ez-toc-section-end\"><\/span><span class=\"ez-toc-section-end\"><\/span><\/h3>\n<div class=\"rank-math-answer \">\n<p>Madeira m\u00e1 stabiln\u00fa subtropick\u00fa kl\u00edmu s teplotami 17 \u2013 25 \u00b0C po cel\u00fd rok. Jar (apr\u00edl \u2013 j\u00fan) je najob\u013e\u00fabenej\u0161ia \u2014 pr\u00edjemn\u00e9 teploty a kvetinov\u00fd festival. Leto je ide\u00e1lne na whale watching, ale teploty m\u00f4\u017eu presiahnu\u0165 30 \u00b0C. Jese\u0148 (september \u2013 november) je pokojnej\u0161ia s pr\u00edjemn\u00fdmi teplotami. Aj v zime sa teploty dr\u017eia okolo 17 \u2013 20 \u00b0C.<\/p>\n<\/div>\n<\/div>\n<div id=\"faq-question-1710672000004\" class=\"rank-math-list-item\">\n<h3 class=\"rank-math-question \"><span class=\"ez-toc-section\" id=\"Je_Madeira_vhodna_pre_rodiny_s_detmi\"><\/span><span class=\"ez-toc-section\" id=\"Je_Madeira_vhodna_pre_rodiny_s_detmi\"><\/span>Je Madeira vhodn\u00e1 pre rodiny s de\u0165mi?<span class=\"ez-toc-section-end\"><\/span><span class=\"ez-toc-section-end\"><\/span><\/h3>\n<div class=\"rank-math-answer \">\n<p>Madeira nie je typick\u00fd rodinn\u00fd rezort \u2014 ch\u00fdbaj\u00fa tu dlh\u00e9 pieskov\u00e9 pl\u00e1\u017ee a all-inclusive hotely. Ale pre akt\u00edvne rodiny s v\u00e4\u010d\u0161\u00edmi de\u0165mi je skvel\u00e1. Vhodn\u00e9 aktivity: Calheta Beach (pokojn\u00e1 pl\u00e1\u017e), Porto Moniz baz\u00e9ny, kr\u00e1tka Vereda dos Balc\u00f5es, jazda toboganom z Monte a botanick\u00e9 z\u00e1hrady.<\/p>\n<\/div>\n<\/div>\n<div id=\"faq-question-1710672000005\" class=\"rank-math-list-item\">\n<h3 class=\"rank-math-question \"><span class=\"ez-toc-section\" id=\"Kolko_stoji_tyzden_na_Madeire_v_roku_2026\"><\/span><span class=\"ez-toc-section\" id=\"Kolko_stoji_tyzden_na_Madeire_v_roku_2026\"><\/span>Ko\u013eko stoj\u00ed t\u00fd\u017ede\u0148 na Madeire v roku 2026?<span class=\"ez-toc-section-end\"><\/span><span class=\"ez-toc-section-end\"><\/span><\/h3>\n<div class=\"rank-math-answer \">\n<p>T\u00fd\u017ede\u0148 na Madeire sa d\u00e1 zvl\u00e1dnu\u0165 za 800 \u2013 1 350 EUR na osobu v budget variante (Airbnb, varenie, lacnej\u0161ie auto) alebo za 1 400 \u2013 2 300 EUR v mid-range variante (3 \u2013 4* hotely, re\u0161taur\u00e1cie, aktivity). Madeira je v\u00fdrazne lacnej\u0161ia ako Kan\u00e1rske ostrovy. Nov\u00e9 vstupn\u00e9 na PR treky prid\u00e1va cca 20 \u2013 40 EUR na osobu za t\u00fd\u017ede\u0148.<\/p>\n<\/div>\n<\/div>\n<div id=\"faq-question-1710672000006\" class=\"rank-math-list-item\">\n<h3 class=\"rank-math-question \"><span class=\"ez-toc-section\" id=\"Potrebujem_na_Madeire_auto\"><\/span><span class=\"ez-toc-section\" id=\"Potrebujem_na_Madeire_auto\"><\/span>Potrebujem na Madeire auto?<span class=\"ez-toc-section-end\"><\/span><span class=\"ez-toc-section-end\"><\/span><\/h3>\n<div class=\"rank-math-answer \">\n<p>D\u00f4razne odpor\u00fa\u010dame. Madeira je s\u00edce mal\u00fd ostrov, ale bez auta sa nedostanete na v\u00e4\u010d\u0161inu vyhliadok, levadov\u00fdch t\u00far a kr\u00e1snych miest mimo Funchal. Autobusy funguj\u00fa, ale s\u00fa pomal\u00e9 a obmedzen\u00e9. Auto si m\u00f4\u017eete prenaja\u0165 od cca 160 EUR za t\u00fd\u017ede\u0148. Cesty s\u00fa kvalitn\u00e9 s mno\u017estvom nov\u00fdch tunelov.<\/p>\n<\/div>\n<\/div>\n<div id=\"faq-question-1710672000007\" class=\"rank-math-list-item\">\n<h3 class=\"rank-math-question \"><span class=\"ez-toc-section\" id=\"Je_problem_na_Madeire_s_komarmi\"><\/span><span class=\"ez-toc-section\" id=\"Je_problem_na_Madeire_s_komarmi\"><\/span>Je probl\u00e9m na Madeire s kom\u00e1rmi?<span class=\"ez-toc-section-end\"><\/span><span class=\"ez-toc-section-end\"><\/span><\/h3>\n<div class=\"rank-math-answer \">\n<p>Nie, kom\u00e1re nie s\u00fa na Madeire ve\u013ek\u00fd probl\u00e9m. Ostrov je dobre chr\u00e1nen\u00fd v\u010faka strm\u00e9mu ter\u00e9nu a vetern\u00fdm podmienkam. V letn\u00fdch mesiacoch m\u00f4\u017eu by\u0165 akt\u00edvnej\u0161ie v oblastiach s vy\u0161\u0161ou vlhkos\u0165ou, ale v porovnan\u00ed s in\u00fdmi cestovate\u013esk\u00fdmi destin\u00e1ciami je to minim\u00e1lne. Repelent na cestu ale vezmite.<\/p>\n<\/div>\n<\/div>\n<\/div>\n<\/div>\n","protected":false},"excerpt":{"rendered":"<p>\u2705 Podrobn\u00fd itiner\u00e1r sedemd\u0148ov\u00e9ho roadtripu po Madeire \u2705 Tipy na v\u00fdlety \u2705 Tipy na ubytovanie \u2705 Tipy na ob\u010derstvenie<\/p>\n","protected":false},"author":3,"featured_media":66420,"comment_status":"open","ping_status":"closed","sticky":false,"template":"","format":"standard","meta":{"footnotes":"","rank_math_title":"Madeira 2026: 25+ tipov, \u010do vidie\u0165 + 7-d\u0148ov\u00fd itiner\u00e1r","rank_math_description":"Kompletn\u00fd sprievodca po Madeire 2026: 25+ najkraj\u0161\u00edch miest, 7-d\u0148ov\u00fd itiner\u00e1r, levadov\u00e9 t\u00fary, tipy na ubytovanie a nov\u00e9 rezerv\u00e1cie PR trekov. Objavte Madeiru!","rank_math_focus_keyword":"madeira \u010do vidie\u0165","rank_math_seo_score":"82"},"categories":[952,955,967],"tags":[],"class_list":{"0":"post-69174","1":"post","2":"type-post","3":"status-publish","4":"format-standard","5":"has-post-thumbnail","7":"category-cestovanie","8":"category-europa","9":"category-portugalsko"},"featured_image_src":"https:\/\/loudavymkrokem.cz\/wp-content\/uploads\/2023\/05\/5P5A2776.jpg","author_info":{"display_name":"Lucie Kone\u010dn\u00e1","author_link":"https:\/\/loudavymkrokem.cz\/sk\/author\/lucie-konecna\/"},"_links":{"self":[{"href":"https:\/\/loudavymkrokem.cz\/sk\/wp-json\/wp\/v2\/posts\/69174","targetHints":{"allow":["GET"]}}],"collection":[{"href":"https:\/\/loudavymkrokem.cz\/sk\/wp-json\/wp\/v2\/posts"}],"about":[{"href":"https:\/\/loudavymkrokem.cz\/sk\/wp-json\/wp\/v2\/types\/post"}],"author":[{"embeddable":true,"href":"https:\/\/loudavymkrokem.cz\/sk\/wp-json\/wp\/v2\/users\/3"}],"replies":[{"embeddable":true,"href":"https:\/\/loudavymkrokem.cz\/sk\/wp-json\/wp\/v2\/comments?post=69174"}],"version-history":[{"count":8,"href":"https:\/\/loudavymkrokem.cz\/sk\/wp-json\/wp\/v2\/posts\/69174\/revisions"}],"predecessor-version":[{"id":133036,"href":"https:\/\/loudavymkrokem.cz\/sk\/wp-json\/wp\/v2\/posts\/69174\/revisions\/133036"}],"wp:featuredmedia":[{"embeddable":true,"href":"https:\/\/loudavymkrokem.cz\/sk\/wp-json\/wp\/v2\/media\/66420"}],"wp:attachment":[{"href":"https:\/\/loudavymkrokem.cz\/sk\/wp-json\/wp\/v2\/media?parent=69174"}],"wp:term":[{"taxonomy":"category","embeddable":true,"href":"https:\/\/loudavymkrokem.cz\/sk\/wp-json\/wp\/v2\/categories?post=69174"},{"taxonomy":"post_tag","embeddable":true,"href":"https:\/\/loudavymkrokem.cz\/sk\/wp-json\/wp\/v2\/tags?post=69174"}],"curies":[{"name":"wp","href":"https:\/\/api.w.org\/{rel}","templated":true}]}}