{"id":68939,"date":"2023-10-24T19:13:00","date_gmt":"2023-10-24T17:13:00","guid":{"rendered":"https:\/\/loudavymkrokem.cz\/co-robit-v-mnichove-10-tipov-mapa-do-telefonu\/"},"modified":"2026-03-17T16:11:08","modified_gmt":"2026-03-17T15:11:08","slug":"mnichov-nemecko-co-robit","status":"publish","type":"post","link":"https:\/\/loudavymkrokem.cz\/sk\/mnichov-nemecko-co-robit\/","title":{"rendered":"\u010co robi\u0165 v Mn\u00edchove 2026: 40+ tipov a mapa do telef\u00f3nu"},"content":{"rendered":"<p>Mn\u00edchov v Nemecku je mesto, ktor\u00e9 v\u00e1s prekvap\u00ed. Bavorsk\u00e1 metropola s mili\u00f3nom a pol obyvate\u013eov le\u017e\u00ed v podh\u00f4r\u00ed \u00c1lp na rieke Isar a pon\u00faka mix hist\u00f3rie, modernej architekt\u00fary, n\u00e1dhern\u00fdch parkov a jednej z najlep\u0161\u00edch gastro sc\u00e9n v Eur\u00f3pe. Zo Slovenska je to <strong>pribli\u017ene 4-5 hod\u00edn cesty<\/strong> a rozhodne stoj\u00ed za n\u00e1v\u0161tevu. Po <strong><a href=\"https:\/\/loudavymkrokem.cz\/sk\/co-vidiet-v-berline-tipy\/\" data-type=\"post\" data-id=\"58890\">Berl\u00edne<\/a><\/strong> je to na\u0161e druh\u00e9 najob\u013e\u00fabenej\u0161ie mesto v Nemecku.<\/p>\n<p>\u010ci u\u017e pl\u00e1nujete v\u00edkendov\u00fd v\u00fdlet, alebo dlh\u0161\u00ed pobyt, tento sprievodca v\u00e1m pom\u00f4\u017ee napl\u00e1nova\u0165 trip na mieru \u2014 od ikonick\u00fdch pamiatok cez pivn\u00e9 z\u00e1hradky a\u017e po v\u00fdlety do \u00c1lp. V \u010dl\u00e1nku n\u00e1jdete <strong>40+ tipov \u010do vidie\u0165 a robi\u0165 v Mn\u00edchove<\/strong>, praktick\u00fd itiner\u00e1r na 1 a\u017e 3 dni, tipy na bavorsk\u00fa kuchy\u0148u a <a href=\"#mapa\">mapu so v\u0161etk\u00fdmi miestami na stiahnutie do telef\u00f3nu<\/a>.<\/p>\n<div id=\"ez-toc-container\" class=\"ez-toc-v2_0_82_2 ez-toc-wrap-left counter-hierarchy ez-toc-counter ez-toc-grey ez-toc-container-direction\">\n<div class=\"ez-toc-title-container\">\n<p class=\"ez-toc-title\" style=\"cursor:inherit\">Obsah \u010dl\u00e1nku<\/p>\n<span class=\"ez-toc-title-toggle\"><a href=\"#\" class=\"ez-toc-pull-right ez-toc-btn ez-toc-btn-xs ez-toc-btn-default ez-toc-toggle\" aria-label=\"Toggle Table of Content\"><span class=\"ez-toc-js-icon-con\"><span class=\"\"><span class=\"eztoc-hide\" style=\"display:none;\">Toggle<\/span><span class=\"ez-toc-icon-toggle-span\"><svg style=\"fill: #999;color:#999\" xmlns=\"http:\/\/www.w3.org\/2000\/svg\" class=\"list-377408\" width=\"20px\" height=\"20px\" viewBox=\"0 0 24 24\" fill=\"none\"><path d=\"M6 6H4v2h2V6zm14 0H8v2h12V6zM4 11h2v2H4v-2zm16 0H8v2h12v-2zM4 16h2v2H4v-2zm16 0H8v2h12v-2z\" fill=\"currentColor\"><\/path><\/svg><svg style=\"fill: #999;color:#999\" class=\"arrow-unsorted-368013\" xmlns=\"http:\/\/www.w3.org\/2000\/svg\" width=\"10px\" height=\"10px\" viewBox=\"0 0 24 24\" version=\"1.2\" baseProfile=\"tiny\"><path d=\"M18.2 9.3l-6.2-6.3-6.2 6.3c-.2.2-.3.4-.3.7s.1.5.3.7c.2.2.4.3.7.3h11c.3 0 .5-.1.7-.3.2-.2.3-.5.3-.7s-.1-.5-.3-.7zM5.8 14.7l6.2 6.3 6.2-6.3c.2-.2.3-.5.3-.7s-.1-.5-.3-.7c-.2-.2-.4-.3-.7-.3h-11c-.3 0-.5.1-.7.3-.2.2-.3.5-.3.7s.1.5.3.7z\"\/><\/svg><\/span><\/span><\/span><\/a><\/span><\/div>\n<nav><ul class='ez-toc-list ez-toc-list-level-1 ' ><li class='ez-toc-page-1 ez-toc-heading-level-2'><a class=\"ez-toc-link ez-toc-heading-1\" href=\"https:\/\/loudavymkrokem.cz\/sk\/mnichov-nemecko-co-robit\/#Itinerar_%E2%80%94_Mnichov_na_1_2_alebo_3_dni\" >Itiner\u00e1r \u2014 Mn\u00edchov na 1, 2 alebo 3 dni<\/a><ul class='ez-toc-list-level-3' ><li class='ez-toc-heading-level-3'><a class=\"ez-toc-link ez-toc-heading-2\" href=\"https:\/\/loudavymkrokem.cz\/sk\/mnichov-nemecko-co-robit\/#Mnichov_na_1_den\" >Mn\u00edchov na 1 de\u0148<\/a><\/li><li class='ez-toc-page-1 ez-toc-heading-level-3'><a class=\"ez-toc-link ez-toc-heading-3\" href=\"https:\/\/loudavymkrokem.cz\/sk\/mnichov-nemecko-co-robit\/#Mnichov_na_2_dni\" >Mn\u00edchov na 2 dni<\/a><\/li><li class='ez-toc-page-1 ez-toc-heading-level-3'><a class=\"ez-toc-link ez-toc-heading-4\" href=\"https:\/\/loudavymkrokem.cz\/sk\/mnichov-nemecko-co-robit\/#Mnichov_na_3_dni\" >Mn\u00edchov na 3 dni<\/a><\/li><\/ul><\/li><li class='ez-toc-page-1 ez-toc-heading-level-2'><a class=\"ez-toc-link ez-toc-heading-5\" href=\"https:\/\/loudavymkrokem.cz\/sk\/mnichov-nemecko-co-robit\/#Historicke_pamiatky_a_namestia_Mnichova\" >Historick\u00e9 pamiatky a n\u00e1mestia Mn\u00edchova<\/a><ul class='ez-toc-list-level-3' ><li class='ez-toc-heading-level-3'><a class=\"ez-toc-link ez-toc-heading-6\" href=\"https:\/\/loudavymkrokem.cz\/sk\/mnichov-nemecko-co-robit\/#Marienplatz\" >Marienplatz<\/a><ul class='ez-toc-list-level-4' ><li class='ez-toc-heading-level-4'><a class=\"ez-toc-link ez-toc-heading-7\" href=\"https:\/\/loudavymkrokem.cz\/sk\/mnichov-nemecko-co-robit\/#Peterskirche_kostol_sv_Petra\" >Peterskirche (kostol sv. Petra)<\/a><\/li><li class='ez-toc-page-1 ez-toc-heading-level-4'><a class=\"ez-toc-link ez-toc-heading-8\" href=\"https:\/\/loudavymkrokem.cz\/sk\/mnichov-nemecko-co-robit\/#Neues_Rathaus_nova_radnica\" >Neues Rathaus (nov\u00e1 radnica)<\/a><\/li><li class='ez-toc-page-1 ez-toc-heading-level-4'><a class=\"ez-toc-link ez-toc-heading-9\" href=\"https:\/\/loudavymkrokem.cz\/sk\/mnichov-nemecko-co-robit\/#Glockenspiel_na_Neues_Rathaus\" >Glockenspiel na Neues Rathaus<\/a><\/li><li class='ez-toc-page-1 ez-toc-heading-level-4'><a class=\"ez-toc-link ez-toc-heading-10\" href=\"https:\/\/loudavymkrokem.cz\/sk\/mnichov-nemecko-co-robit\/#Mariansky_stlp_s_fontanou\" >Mari\u00e1nsky st\u013ap s font\u00e1nou<\/a><\/li><li class='ez-toc-page-1 ez-toc-heading-level-4'><a class=\"ez-toc-link ez-toc-heading-11\" href=\"https:\/\/loudavymkrokem.cz\/sk\/mnichov-nemecko-co-robit\/#Pivovar_a_pivnica_Hofbrauhaus\" >Pivovar a pivnica Hofbr\u00e4uhaus<\/a><\/li><\/ul><\/li><li class='ez-toc-page-1 ez-toc-heading-level-3'><a class=\"ez-toc-link ez-toc-heading-12\" href=\"https:\/\/loudavymkrokem.cz\/sk\/mnichov-nemecko-co-robit\/#Odeonsplatz\" >Odeonsplatz<\/a><\/li><li class='ez-toc-page-1 ez-toc-heading-level-3'><a class=\"ez-toc-link ez-toc-heading-13\" href=\"https:\/\/loudavymkrokem.cz\/sk\/mnichov-nemecko-co-robit\/#Konigsplatz\" >K\u00f6nigsplatz<\/a><\/li><li class='ez-toc-page-1 ez-toc-heading-level-3'><a class=\"ez-toc-link ez-toc-heading-14\" href=\"https:\/\/loudavymkrokem.cz\/sk\/mnichov-nemecko-co-robit\/#Karlsplatz_Stachus\" >Karlsplatz (Stachus)<\/a><\/li><li class='ez-toc-page-1 ez-toc-heading-level-3'><a class=\"ez-toc-link ez-toc-heading-15\" href=\"https:\/\/loudavymkrokem.cz\/sk\/mnichov-nemecko-co-robit\/#Frauenkirche\" >Frauenkirche<\/a><\/li><li class='ez-toc-page-1 ez-toc-heading-level-3'><a class=\"ez-toc-link ez-toc-heading-16\" href=\"https:\/\/loudavymkrokem.cz\/sk\/mnichov-nemecko-co-robit\/#Asamkirche\" >Asamkirche<\/a><\/li><li class='ez-toc-page-1 ez-toc-heading-level-3'><a class=\"ez-toc-link ez-toc-heading-17\" href=\"https:\/\/loudavymkrokem.cz\/sk\/mnichov-nemecko-co-robit\/#Zamok_Nymphenburg\" >Z\u00e1mok Nymphenburg<\/a><\/li><li class='ez-toc-page-1 ez-toc-heading-level-3'><a class=\"ez-toc-link ez-toc-heading-18\" href=\"https:\/\/loudavymkrokem.cz\/sk\/mnichov-nemecko-co-robit\/#The_Maximilianeum\" >The Maximilianeum<\/a><\/li><li class='ez-toc-page-1 ez-toc-heading-level-3'><a class=\"ez-toc-link ez-toc-heading-19\" href=\"https:\/\/loudavymkrokem.cz\/sk\/mnichov-nemecko-co-robit\/#Victory_Gate_Siegestor\" >Victory Gate (Siegestor)<\/a><\/li><\/ul><\/li><li class='ez-toc-page-1 ez-toc-heading-level-2'><a class=\"ez-toc-link ez-toc-heading-20\" href=\"https:\/\/loudavymkrokem.cz\/sk\/mnichov-nemecko-co-robit\/#Muzea_a_galerie\" >M\u00faze\u00e1 a gal\u00e9rie<\/a><ul class='ez-toc-list-level-3' ><li class='ez-toc-heading-level-3'><a class=\"ez-toc-link ez-toc-heading-21\" href=\"https:\/\/loudavymkrokem.cz\/sk\/mnichov-nemecko-co-robit\/#BMW_Museum\" >BMW Museum<\/a><\/li><li class='ez-toc-page-1 ez-toc-heading-level-3'><a class=\"ez-toc-link ez-toc-heading-22\" href=\"https:\/\/loudavymkrokem.cz\/sk\/mnichov-nemecko-co-robit\/#Deutsches_Museum\" >Deutsches Museum<\/a><\/li><li class='ez-toc-page-1 ez-toc-heading-level-3'><a class=\"ez-toc-link ez-toc-heading-23\" href=\"https:\/\/loudavymkrokem.cz\/sk\/mnichov-nemecko-co-robit\/#Glyptothek_Museum\" >Glyptothek Museum<\/a><\/li><li class='ez-toc-page-1 ez-toc-heading-level-3'><a class=\"ez-toc-link ez-toc-heading-24\" href=\"https:\/\/loudavymkrokem.cz\/sk\/mnichov-nemecko-co-robit\/#Muzeum_Brandhorst\" >M\u00fazeum Brandhorst<\/a><\/li><li class='ez-toc-page-1 ez-toc-heading-level-3'><a class=\"ez-toc-link ez-toc-heading-25\" href=\"https:\/\/loudavymkrokem.cz\/sk\/mnichov-nemecko-co-robit\/#Kartoffel_Museum\" >Kartoffel Museum<\/a><\/li><li class='ez-toc-page-1 ez-toc-heading-level-3'><a class=\"ez-toc-link ez-toc-heading-26\" href=\"https:\/\/loudavymkrokem.cz\/sk\/mnichov-nemecko-co-robit\/#Alte_Pinakothek\" >Alte Pinakothek<\/a><\/li><li class='ez-toc-page-1 ez-toc-heading-level-3'><a class=\"ez-toc-link ez-toc-heading-27\" href=\"https:\/\/loudavymkrokem.cz\/sk\/mnichov-nemecko-co-robit\/#Bavarian_National_Museum\" >Bavarian National Museum<\/a><\/li><li class='ez-toc-page-1 ez-toc-heading-level-3'><a class=\"ez-toc-link ez-toc-heading-28\" href=\"https:\/\/loudavymkrokem.cz\/sk\/mnichov-nemecko-co-robit\/#Beer_Oktoberfest_Museum\" >Beer &amp; Oktoberfest Museum<\/a><\/li><li class='ez-toc-page-1 ez-toc-heading-level-3'><a class=\"ez-toc-link ez-toc-heading-29\" href=\"https:\/\/loudavymkrokem.cz\/sk\/mnichov-nemecko-co-robit\/#Pinakothek_der_Moderne\" >Pinakothek der Moderne<\/a><\/li><\/ul><\/li><li class='ez-toc-page-1 ez-toc-heading-level-2'><a class=\"ez-toc-link ez-toc-heading-30\" href=\"https:\/\/loudavymkrokem.cz\/sk\/mnichov-nemecko-co-robit\/#Parky_a_priroda_v_meste\" >Parky a pr\u00edroda v meste<\/a><ul class='ez-toc-list-level-3' ><li class='ez-toc-heading-level-3'><a class=\"ez-toc-link ez-toc-heading-31\" href=\"https:\/\/loudavymkrokem.cz\/sk\/mnichov-nemecko-co-robit\/#Zasurfujte_si_v_Mnichove\" >Zasurfujte si v Mn\u00edchove<\/a><\/li><li class='ez-toc-page-1 ez-toc-heading-level-3'><a class=\"ez-toc-link ez-toc-heading-32\" href=\"https:\/\/loudavymkrokem.cz\/sk\/mnichov-nemecko-co-robit\/#Anglicka_zahrada_Englischer_Garten\" >Anglick\u00e1 z\u00e1hrada (Englischer Garten)<\/a><\/li><li class='ez-toc-page-1 ez-toc-heading-level-3'><a class=\"ez-toc-link ez-toc-heading-33\" href=\"https:\/\/loudavymkrokem.cz\/sk\/mnichov-nemecko-co-robit\/#Hofgarten\" >Hofgarten<\/a><\/li><li class='ez-toc-page-1 ez-toc-heading-level-3'><a class=\"ez-toc-link ez-toc-heading-34\" href=\"https:\/\/loudavymkrokem.cz\/sk\/mnichov-nemecko-co-robit\/#Olympijsky_park\" >Olympijsk\u00fd park<\/a><\/li><li class='ez-toc-page-1 ez-toc-heading-level-3'><a class=\"ez-toc-link ez-toc-heading-35\" href=\"https:\/\/loudavymkrokem.cz\/sk\/mnichov-nemecko-co-robit\/#Allianz_Arena\" >Allianz Arena<\/a><\/li><li class='ez-toc-page-1 ez-toc-heading-level-3'><a class=\"ez-toc-link ez-toc-heading-36\" href=\"https:\/\/loudavymkrokem.cz\/sk\/mnichov-nemecko-co-robit\/#Hellabrunn_Zoo\" >Hellabrunn Zoo<\/a><\/li><\/ul><\/li><li class='ez-toc-page-1 ez-toc-heading-level-2'><a class=\"ez-toc-link ez-toc-heading-37\" href=\"https:\/\/loudavymkrokem.cz\/sk\/mnichov-nemecko-co-robit\/#Bavorska_kuchyna_%E2%80%94_co_ochutnat_a_kde_jest\" >Bavorsk\u00e1 kuchy\u0148a \u2014 \u010do ochutna\u0165 a kde jes\u0165<\/a><ul class='ez-toc-list-level-3' ><li class='ez-toc-heading-level-3'><a class=\"ez-toc-link ez-toc-heading-38\" href=\"https:\/\/loudavymkrokem.cz\/sk\/mnichov-nemecko-co-robit\/#Co_musite_ochutnat\" >\u010co mus\u00edte ochutna\u0165<\/a><\/li><li class='ez-toc-page-1 ez-toc-heading-level-3'><a class=\"ez-toc-link ez-toc-heading-39\" href=\"https:\/\/loudavymkrokem.cz\/sk\/mnichov-nemecko-co-robit\/#Kde_jest_%E2%80%94_nase_tipy\" >Kde jes\u0165 \u2014 na\u0161e tipy<\/a><\/li><\/ul><\/li><li class='ez-toc-page-1 ez-toc-heading-level-2'><a class=\"ez-toc-link ez-toc-heading-40\" href=\"https:\/\/loudavymkrokem.cz\/sk\/mnichov-nemecko-co-robit\/#Pivne_zahradky_Biergarten_%E2%80%94_kde_si_dat_pivo_ako_miestni\" >Pivn\u00e9 z\u00e1hradky (Bierg\u00e4rten) \u2014 kde si da\u0165 pivo ako miestni<\/a><\/li><li class='ez-toc-page-1 ez-toc-heading-level-2'><a class=\"ez-toc-link ez-toc-heading-41\" href=\"https:\/\/loudavymkrokem.cz\/sk\/mnichov-nemecko-co-robit\/#Oktoberfest_%E2%80%94_prakticky_sprievodca\" >Oktoberfest \u2014 praktick\u00fd sprievodca<\/a><ul class='ez-toc-list-level-3' ><li class='ez-toc-heading-level-3'><a class=\"ez-toc-link ez-toc-heading-42\" href=\"https:\/\/loudavymkrokem.cz\/sk\/mnichov-nemecko-co-robit\/#Zakladne_info\" >Z\u00e1kladn\u00e9 info<\/a><\/li><li class='ez-toc-page-1 ez-toc-heading-level-3'><a class=\"ez-toc-link ez-toc-heading-43\" href=\"https:\/\/loudavymkrokem.cz\/sk\/mnichov-nemecko-co-robit\/#Tipy_ako_si_Oktoberfest_uzit\" >Tipy, ako si Oktoberfest u\u017ei\u0165<\/a><\/li><li class='ez-toc-page-1 ez-toc-heading-level-3'><a class=\"ez-toc-link ez-toc-heading-44\" href=\"https:\/\/loudavymkrokem.cz\/sk\/mnichov-nemecko-co-robit\/#Mimo_sezony\" >Mimo sez\u00f3ny<\/a><\/li><\/ul><\/li><li class='ez-toc-page-1 ez-toc-heading-level-2'><a class=\"ez-toc-link ez-toc-heading-45\" href=\"https:\/\/loudavymkrokem.cz\/sk\/mnichov-nemecko-co-robit\/#Nakupovanie_a_trhy\" >Nakupovanie a trhy<\/a><ul class='ez-toc-list-level-3' ><li class='ez-toc-heading-level-3'><a class=\"ez-toc-link ez-toc-heading-46\" href=\"https:\/\/loudavymkrokem.cz\/sk\/mnichov-nemecko-co-robit\/#Trh_Viktualienmarkt\" >Trh Viktualienmarkt<\/a><\/li><li class='ez-toc-page-1 ez-toc-heading-level-3'><a class=\"ez-toc-link ez-toc-heading-47\" href=\"https:\/\/loudavymkrokem.cz\/sk\/mnichov-nemecko-co-robit\/#Kaufingerstrase_a_Neuhauser_Strase\" >Kaufingerstra\u00dfe a Neuhauser Stra\u00dfe<\/a><\/li><li class='ez-toc-page-1 ez-toc-heading-level-3'><a class=\"ez-toc-link ez-toc-heading-48\" href=\"https:\/\/loudavymkrokem.cz\/sk\/mnichov-nemecko-co-robit\/#Dallmayr\" >Dallmayr<\/a><\/li><li class='ez-toc-page-1 ez-toc-heading-level-3'><a class=\"ez-toc-link ez-toc-heading-49\" href=\"https:\/\/loudavymkrokem.cz\/sk\/mnichov-nemecko-co-robit\/#Vianocne_trhy\" >Viano\u010dn\u00e9 trhy<\/a><\/li><\/ul><\/li><li class='ez-toc-page-1 ez-toc-heading-level-2'><a class=\"ez-toc-link ez-toc-heading-50\" href=\"https:\/\/loudavymkrokem.cz\/sk\/mnichov-nemecko-co-robit\/#Vylety_z_Mnichova_na_jeden_den\" >V\u00fdlety z Mn\u00edchova na jeden de\u0148<\/a><ul class='ez-toc-list-level-3' ><li class='ez-toc-heading-level-3'><a class=\"ez-toc-link ez-toc-heading-51\" href=\"https:\/\/loudavymkrokem.cz\/sk\/mnichov-nemecko-co-robit\/#Zamok_Neuschwanstein\" >Z\u00e1mok Neuschwanstein<\/a><\/li><li class='ez-toc-page-1 ez-toc-heading-level-3'><a class=\"ez-toc-link ez-toc-heading-52\" href=\"https:\/\/loudavymkrokem.cz\/sk\/mnichov-nemecko-co-robit\/#Zugspitze\" >Zugspitze<\/a><\/li><li class='ez-toc-page-1 ez-toc-heading-level-3'><a class=\"ez-toc-link ez-toc-heading-53\" href=\"https:\/\/loudavymkrokem.cz\/sk\/mnichov-nemecko-co-robit\/#Salzburg_Rakusko\" >Salzburg (Rak\u00fasko)<\/a><\/li><li class='ez-toc-page-1 ez-toc-heading-level-3'><a class=\"ez-toc-link ez-toc-heading-54\" href=\"https:\/\/loudavymkrokem.cz\/sk\/mnichov-nemecko-co-robit\/#Kralovske_jazero_Konigssee\" >Kr\u00e1\u013eovsk\u00e9 jazero (K\u00f6nigssee)<\/a><\/li><li class='ez-toc-page-1 ez-toc-heading-level-3'><a class=\"ez-toc-link ez-toc-heading-55\" href=\"https:\/\/loudavymkrokem.cz\/sk\/mnichov-nemecko-co-robit\/#Koncentracny_tabor_Dachau\" >Koncentra\u010dn\u00fd t\u00e1bor Dachau<\/a><\/li><\/ul><\/li><li class='ez-toc-page-1 ez-toc-heading-level-2'><a class=\"ez-toc-link ez-toc-heading-56\" href=\"https:\/\/loudavymkrokem.cz\/sk\/mnichov-nemecko-co-robit\/#Doprava_v_Mnichove_a_ako_sa_tam_dostat\" >Doprava v Mn\u00edchove a ako sa tam dosta\u0165<\/a><ul class='ez-toc-list-level-3' ><li class='ez-toc-heading-level-3'><a class=\"ez-toc-link ez-toc-heading-57\" href=\"https:\/\/loudavymkrokem.cz\/sk\/mnichov-nemecko-co-robit\/#Ako_sa_dostat_do_Mnichova\" >Ako sa dosta\u0165 do Mn\u00edchova<\/a><\/li><li class='ez-toc-page-1 ez-toc-heading-level-3'><a class=\"ez-toc-link ez-toc-heading-58\" href=\"https:\/\/loudavymkrokem.cz\/sk\/mnichov-nemecko-co-robit\/#MHD_v_Mnichove\" >MHD v Mn\u00edchove<\/a><\/li><li class='ez-toc-page-1 ez-toc-heading-level-3'><a class=\"ez-toc-link ez-toc-heading-59\" href=\"https:\/\/loudavymkrokem.cz\/sk\/mnichov-nemecko-co-robit\/#Bayern_Ticket\" >Bayern Ticket<\/a><\/li><li class='ez-toc-page-1 ez-toc-heading-level-3'><a class=\"ez-toc-link ez-toc-heading-60\" href=\"https:\/\/loudavymkrokem.cz\/sk\/mnichov-nemecko-co-robit\/#CityTourCard_Munchen\" >CityTourCard M\u00fcnchen<\/a><\/li><\/ul><\/li><li class='ez-toc-page-1 ez-toc-heading-level-2'><a class=\"ez-toc-link ez-toc-heading-61\" href=\"https:\/\/loudavymkrokem.cz\/sk\/mnichov-nemecko-co-robit\/#Kolko_stoji_Mnichov_%E2%80%94_rozpocet_a_tipy_na_uspory\" >Ko\u013eko stoj\u00ed Mn\u00edchov \u2014 rozpo\u010det a tipy na \u00faspory<\/a><ul class='ez-toc-list-level-3' ><li class='ez-toc-heading-level-3'><a class=\"ez-toc-link ez-toc-heading-62\" href=\"https:\/\/loudavymkrokem.cz\/sk\/mnichov-nemecko-co-robit\/#Orientacny_denny_rozpocet_1_osoba\" >Orienta\u010dn\u00fd denn\u00fd rozpo\u010det (1 osoba)<\/a><\/li><li class='ez-toc-page-1 ez-toc-heading-level-3'><a class=\"ez-toc-link ez-toc-heading-63\" href=\"https:\/\/loudavymkrokem.cz\/sk\/mnichov-nemecko-co-robit\/#Ako_usetrit\" >Ako u\u0161etri\u0165<\/a><\/li><\/ul><\/li><li class='ez-toc-page-1 ez-toc-heading-level-2'><a class=\"ez-toc-link ez-toc-heading-64\" href=\"https:\/\/loudavymkrokem.cz\/sk\/mnichov-nemecko-co-robit\/#Kde_sa_v_Mnichove_ubytovat_%E2%80%94_stylovo_a_za_rozumnu_cenu\" >Kde sa v Mn\u00edchove ubytova\u0165 \u2014 \u0161t\u00fdlovo a za rozumn\u00fa cenu<\/a><\/li><li class='ez-toc-page-1 ez-toc-heading-level-2'><a class=\"ez-toc-link ez-toc-heading-65\" href=\"https:\/\/loudavymkrokem.cz\/sk\/mnichov-nemecko-co-robit\/#Mapa_Mnichova_so_vsetkymi_miestami\" >Mapa Mn\u00edchova so v\u0161etk\u00fdmi miestami<\/a><\/li><li class='ez-toc-page-1 ez-toc-heading-level-2'><a class=\"ez-toc-link ez-toc-heading-66\" href=\"https:\/\/loudavymkrokem.cz\/sk\/mnichov-nemecko-co-robit\/#Casto_kladene_otazky_o_Mnichove\" >\u010casto kladen\u00e9 ot\u00e1zky o Mn\u00edchove<\/a><ul class='ez-toc-list-level-3' ><li class='ez-toc-heading-level-3'><a class=\"ez-toc-link ez-toc-heading-67\" href=\"https:\/\/loudavymkrokem.cz\/sk\/mnichov-nemecko-co-robit\/#Kolko_dni_potrebujem_na_Mnichov\" >Ko\u013eko dn\u00ed potrebujem na Mn\u00edchov?<\/a><\/li><li class='ez-toc-page-1 ez-toc-heading-level-3'><a class=\"ez-toc-link ez-toc-heading-68\" href=\"https:\/\/loudavymkrokem.cz\/sk\/mnichov-nemecko-co-robit\/#Ako_sa_dostat_zo_Slovenska_do_Mnichova\" >Ako sa dosta\u0165 zo Slovenska do Mn\u00edchova?<\/a><\/li><li class='ez-toc-page-1 ez-toc-heading-level-3'><a class=\"ez-toc-link ez-toc-heading-69\" href=\"https:\/\/loudavymkrokem.cz\/sk\/mnichov-nemecko-co-robit\/#Aky_je_najlepsi_cas_na_navstevu_Mnichova\" >Ak\u00fd je najlep\u0161\u00ed \u010das na n\u00e1v\u0161tevu Mn\u00edchova?<\/a><\/li><li class='ez-toc-page-1 ez-toc-heading-level-3'><a class=\"ez-toc-link ez-toc-heading-70\" href=\"https:\/\/loudavymkrokem.cz\/sk\/mnichov-nemecko-co-robit\/#Je_Mnichov_drahy\" >Je Mn\u00edchov drah\u00fd?<\/a><\/li><li class='ez-toc-page-1 ez-toc-heading-level-3'><a class=\"ez-toc-link ez-toc-heading-71\" href=\"https:\/\/loudavymkrokem.cz\/sk\/mnichov-nemecko-co-robit\/#Da_sa_Mnichov_zvladnut_bez_auta\" >D\u00e1 sa Mn\u00edchov zvl\u00e1dnu\u0165 bez auta?<\/a><\/li><li class='ez-toc-page-1 ez-toc-heading-level-3'><a class=\"ez-toc-link ez-toc-heading-72\" href=\"https:\/\/loudavymkrokem.cz\/sk\/mnichov-nemecko-co-robit\/#Je_Mnichov_vhodny_pre_rodiny_s_detmi\" >Je Mn\u00edchov vhodn\u00fd pre rodiny s de\u0165mi?<\/a><\/li><\/ul><\/li><\/ul><\/nav><\/div>\n<h2 class=\"wp-block-heading\"><span class=\"ez-toc-section\" id=\"Itinerar_%E2%80%94_Mnichov_na_1_2_alebo_3_dni\"><\/span><span class=\"ez-toc-section\" id=\"Itinerar_%E2%80%94_Mnichov_na_1_2_nebo_3_dny\"><\/span><span class=\"ez-toc-section\" id=\"itinerar-mnichov-na-1-2-alebo-3-dni\">Itiner\u00e1r \u2014 Mn\u00edchov na 1, 2 alebo 3 dni<\/span><span class=\"ez-toc-section-end\"><\/span><span class=\"ez-toc-section-end\"><\/span><\/h2>\n<p>Sk\u00f4r ne\u017e sa ponor\u00edme do jednotliv\u00fdch tipov, tu je n\u00e1\u0161 odpor\u00fa\u010dan\u00fd pl\u00e1n pod\u013ea toho, ko\u013eko dn\u00ed v Mn\u00edchove m\u00e1te. My sme tu str\u00e1vili necel\u00e9 tri dni a bolo to akur\u00e1t.<\/p>\n<h3 class=\"wp-block-heading\"><span class=\"ez-toc-section\" id=\"Mnichov_na_1_den\"><\/span><span class=\"ez-toc-section\" id=\"Mnichov_na_1_den\"><\/span>Mn\u00edchov na 1 de\u0148<span class=\"ez-toc-section-end\"><\/span><span class=\"ez-toc-section-end\"><\/span><\/h3>\n<p>Ak m\u00e1te len jeden de\u0148, s\u00fastre\u010fte sa na historick\u00e9 centrum a atmosf\u00e9ru mesta.<\/p>\n<p><strong>Dopoludnia:<\/strong> Za\u010dnite na <strong>Marienplatz<\/strong> \u2014 prezrite si Nov\u00fa radnicu a o 11:00 (alebo 12:00) sledujte zvonkohru Glockenspiel. Vyst\u00fapte na ve\u017eu kostola sv. Petra (Alter Peter) \u2014 takmer 400 schodov, ale v\u00fdh\u013ead na mesto a pri dobrej vidite\u013enosti a\u017e na Alpy stoj\u00ed za to (vstup 3 \u20ac). Prejdite sa na <strong>Viktualienmarkt<\/strong>, dajte si bavorsk\u00e9 klob\u00e1sy alebo Obatzdu s pracl\u00edkom a pivom priamo na tr\u017enici.<\/p>\n<p><strong>Popoludn\u00ed:<\/strong> Presu\u0148te sa do <strong>Anglickej z\u00e1hrady<\/strong> \u2014 zastavte sa pri Eisbachu, kde surferi chytaj\u00fa vlnu priamo v meste (\u00e1no, surferi v centre Mn\u00edchova, to mus\u00edte vidie\u0165!). Prejdite park smerom k <strong>Chinesischer Turm<\/strong> a dajte si pivo v jednej z najv\u00e4\u010d\u0161\u00edch z\u00e1hradiek v Mn\u00edchove. Ak zostane \u010das, z\u00e1jdite na <strong>Odeonsplatz<\/strong> a do <strong>Hofgarten<\/strong>.<\/p>\n<p><strong>Ve\u010der:<\/strong> Zakon\u010dite de\u0148 v <strong>Hofbr\u00e4uhaus<\/strong> alebo v <strong>Augustiner-Keller<\/strong> \u2014 obe miesta pon\u00fakaj\u00fa tradi\u010dn\u00fa bavorsk\u00fa kuchy\u0148u so \u017eivou hudbou. Objednajte si Schweinshaxe (brav\u010dov\u00e9 koleno) a Ma\u00df piva \u2014 to je z\u00e1\u017eitok, ktor\u00fd k Mn\u00edchovu jednoducho patr\u00ed.<\/p>\n<h3 class=\"wp-block-heading\"><span class=\"ez-toc-section\" id=\"Mnichov_na_2_dni\"><\/span><span class=\"ez-toc-section\" id=\"Mnichov_na_2_dny\"><\/span>Mn\u00edchov na 2 dni<span class=\"ez-toc-section-end\"><\/span><span class=\"ez-toc-section-end\"><\/span><\/h3>\n<p>K prv\u00e9mu d\u0148u pridajte:<\/p>\n<p><strong>De\u0148 2 \u2014 dopoludnia:<\/strong> Vyrazte na z\u00e1mok <strong>Nymphenburg<\/strong> \u2014 barokn\u00fd z\u00e1mok s kr\u00e1snymi z\u00e1hradami (z\u00e1hrady zadarmo). Po\u010d\u00edtajte s 2-3 hodinami. Po ceste sp\u00e4\u0165 sa zastavte v pivnej z\u00e1hradke <strong>Hirschgarten<\/strong> (najv\u00e4\u010d\u0161ia na svete, 8 000 miest!), ktor\u00e1 je hne\u010f ved\u013ea.<\/p>\n<p><strong>De\u0148 2 \u2014 popoludn\u00ed:<\/strong> <strong>BMW Museum<\/strong> alebo <strong>Deutsches Museum<\/strong> \u2014 z\u00e1le\u017e\u00ed, \u010di v\u00e1s viac l\u00e1ka automobilov\u00fd svet, alebo technika a veda. Pod\u013ea n\u00e1s je BMW m\u00fazeum t\u00fdm najlep\u0161\u00edm z cel\u00e9ho Mn\u00edchova, aj ke\u010f nie ste fan\u00fa\u0161ikovia \u00e1ut. Minim\u00e1lne 2-3 hodiny.<\/p>\n<p><strong>De\u0148 2 \u2014 ve\u010der:<\/strong> Ve\u010dera v <strong>Wirtshaus in der Au<\/strong> na najlep\u0161\u00ed Kaiserschmarrn v Mn\u00edchove, alebo vyrazte do <strong>Schneider Br\u00e4uhaus<\/strong> na p\u0161eni\u010dn\u00e9 pivo a Schweinshaxe.<\/p>\n<h3 class=\"wp-block-heading\"><span class=\"ez-toc-section\" id=\"Mnichov_na_3_dni\"><\/span><span class=\"ez-toc-section\" id=\"Mnichov_na_3_dny\"><\/span>Mn\u00edchov na 3 dni<span class=\"ez-toc-section-end\"><\/span><span class=\"ez-toc-section-end\"><\/span><\/h3>\n<p>Tret\u00ed de\u0148 venujte v\u00fdletu z mesta:<\/p>\n<ul class=\"wp-block-list\">\n<li><strong>Neuschwanstein<\/strong> \u2014 rozpr\u00e1vkov\u00fd z\u00e1mok \u013dudov\u00edta II. (2 hodiny vlakom\/autom)<\/li>\n<li><strong>Zugspitze<\/strong> \u2014 najvy\u0161\u0161ia hora Nemecka s lanovkou na vrchol<\/li>\n<li><strong>Salzburg<\/strong> \u2014 Mozartovo mesto je len 1,5 hodiny vlakom<\/li>\n<li><strong>K\u00f6nigssee<\/strong> \u2014 smaragdovo zelen\u00e9 jazero obklopen\u00e9 strm\u00fdmi skalami<\/li>\n<\/ul>\n<p>Viac v sekcii <a href=\"#vylety\">V\u00fdlety z Mn\u00edchova<\/a> ni\u017e\u0161ie.<\/p>\n<h2 class=\"wp-block-heading\"><span class=\"ez-toc-section\" id=\"Historicke_pamiatky_a_namestia_Mnichova\"><\/span><span class=\"ez-toc-section\" id=\"Historicke_pamatky_a_namesti_Mnichova\"><\/span><span class=\"ez-toc-section\" id=\"historicke-pamiatky-a-namestia-mnichova\">Historick\u00e9 pamiatky a n\u00e1mestia Mn\u00edchova<\/span><span class=\"ez-toc-section-end\"><\/span><span class=\"ez-toc-section-end\"><\/span><\/h2>\n<p>Z\u00e1kladom kompletnej n\u00e1v\u0161tevy Mn\u00edchova je vidie\u0165 v\u0161etky \u0161tyri hlavn\u00e9 historick\u00e9 n\u00e1mestia. Na nich toti\u017e n\u00e1jdete preva\u017en\u00fa \u010das\u0165 najv\u00fdznamnej\u0161\u00edch pamiatok.<\/p>\n<h3 class=\"wp-block-heading\"><span class=\"ez-toc-section\" id=\"Marienplatz\"><\/span><span class=\"ez-toc-section\" id=\"Marienplatz\"><\/span>Marienplatz<span class=\"ez-toc-section-end\"><\/span><span class=\"ez-toc-section-end\"><\/span><\/h3>\n<p><strong>N\u00e1mestie Marienplatz je srdcom mn\u00edchovsk\u00e9ho star\u00e9ho mesta a jedn\u00fdm z najnav\u0161tevovanej\u0161\u00edch miest v Mn\u00edchove.<\/strong> Je pln\u00e9 historick\u00fdch budov, vr\u00e1tane Starej a Novej radnice, zvonkohry a vyhliadky z kostola sv. Petra. Uprostred n\u00e1mestia sa nach\u00e1dza Mari\u00e1nsky st\u013ap, ktor\u00fd je symbolom mesta. <strong>Ka\u017ed\u00fd de\u0148 sa tu konaj\u00fa r\u00f4zne akcie, od trhov a\u017e po kult\u00farne podujatia, \u010do z neho rob\u00ed ide\u00e1lny v\u00fdchodiskov\u00fd bod pre prehliadku mesta.<\/strong><\/p>\n<div class=\"wp-block-image wp-image-54222\">\n<figure class=\"aligncenter\"><img decoding=\"async\" src=\"https:\/\/www.loudavymkrokem.cz\/wp-content\/uploads\/2023\/05\/Marienplatz-2048x1536.jpg\" alt=\"Marienplatz v Mn\u00edchove\" class=\"wp-image-54222\" title=\"\"><figcaption class=\"wp-element-caption\">Marienplatz<\/figcaption><\/figure>\n<\/div>\n<p>Na Marienplatz si nenechajte ujs\u0165:<\/p>\n<h4 class=\"wp-block-heading\"><span class=\"ez-toc-section\" id=\"Peterskirche_kostol_sv_Petra\"><\/span><span class=\"ez-toc-section\" id=\"Peterskirche_kostel_sv_Petra\"><\/span>Peterskirche (kostol sv. Petra)<span class=\"ez-toc-section-end\"><\/span><span class=\"ez-toc-section-end\"><\/span><\/h4>\n<p><strong>Najlep\u0161ie objavovanie mesta za\u010d\u00edna v\u017edy z v\u00fd\u0161ky.<\/strong> Ku kostolu sv. Petra na Marienplatz patr\u00ed vyhliadkov\u00e1 ve\u017ea Peterskirche, odkia\u013e je vidie\u0165 cel\u00e9 historick\u00e9 centrum Mn\u00edchova.<\/p>\n<p><strong>V\u00fdstup je celkom dlh\u00fd, mus\u00edte vyjs\u0165 takmer 400 schodov, aby ste sa dostali na vrchol.<\/strong> Ten ale stoj\u00ed za to a pri dobrej vidite\u013enosti zahliadnete v dia\u013eke Alpy. Je to jedna z najlep\u0161\u00edch vyhliadok v celom Mn\u00edchove a alternat\u00edva k ve\u017ei Novej radnice \u2014 a pod\u013ea n\u00e1s t\u00e1 lep\u0161ia.<\/p>\n<p><a href=\"https:\/\/www.muenchen.de\/int\/en\/sights\/churches\/st-peter.html\" rel=\"nofollow noopener\" data-schema-attribute=\"mentions\" target=\"_blank\"><strong>V\u00fdstup na ve\u017eu je mo\u017en\u00fd denne od 10:00 do 18:00<\/strong>.<\/a><\/p>\n<ul class=\"wp-block-list\">\n<li>Vstupn\u00e9 pre dospel\u00e9ho je 3 eur\u00e1.<\/li>\n<li>Pre deti od 6 do 14 rokov stoj\u00ed vstup 1,50 eura.<\/li>\n<li>Rodinn\u00e9 vstupn\u00e9 pre 2 dospel\u00fdch a a\u017e 3 deti je 6 eur.<\/li>\n<\/ul>\n<div class=\"wp-block-image wp-image-54191\">\n<figure class=\"aligncenter\"><img decoding=\"async\" src=\"https:\/\/www.loudavymkrokem.cz\/wp-content\/uploads\/2023\/05\/Peterskirche_view-2048x1366.jpg\" alt=\"V\u00fdh\u013ead z Peterskirche v Mn\u00edchove\" class=\"wp-image-54191\" title=\"\"><figcaption class=\"wp-element-caption\">V\u00fdh\u013ead z Peterskirche v Mn\u00edchove<\/figcaption><\/figure>\n<\/div>\n<h4 class=\"wp-block-heading\"><span class=\"ez-toc-section\" id=\"Neues_Rathaus_nova_radnica\"><\/span><span class=\"ez-toc-section\" id=\"Neues_Rathaus_nova_radnice\"><\/span>Neues Rathaus (nov\u00e1 radnica)<span class=\"ez-toc-section-end\"><\/span><span class=\"ez-toc-section-end\"><\/span><\/h4>\n<p>Neue Rathaus je nov\u00e1 radnica. Bola postaven\u00e1 v rokoch 1867-1909 v typickom neogotick\u00fd \u0161t\u00fdle. N\u00e1v\u0161teva radnice je zadarmo a pon\u00faka nieko\u013eko zauj\u00edmavost\u00ed:<\/p>\n<ul class=\"wp-block-list\">\n<li>Sl\u00e1vny glockenspiel (viac inform\u00e1ci\u00ed ni\u017e\u0161ie), ktor\u00fd sa nach\u00e1dza vo ve\u017ei.<\/li>\n<li>V\u00fdh\u013ead z vyhliadkovej plo\u0161iny vo v\u00fd\u0161ke 50 metrov na panoramatick\u00e9 v\u00fdh\u013eady na star\u00e9 mesto.<\/li>\n<li>Historick\u00e9 s\u00e1ly radnice vyzdoben\u00e9 ma\u013ebami a sochami, ktor\u00e9 predstavuj\u00fa hist\u00f3riu mesta.<\/li>\n<li>Informa\u010dn\u00e9 centrum pre turistov s mapami a radami oh\u013eadom pamiatok v meste.<\/li>\n<\/ul>\n<h4 class=\"wp-block-heading\"><span class=\"ez-toc-section\" id=\"Glockenspiel_na_Neues_Rathaus\"><\/span><span class=\"ez-toc-section\" id=\"Glockenspiel_na_Neues_Rathaus\"><\/span>Glockenspiel na Neues Rathaus<span class=\"ez-toc-section-end\"><\/span><span class=\"ez-toc-section-end\"><\/span><\/h4>\n<p>Glockenspiel je zvonkohra (podobn\u00e1 pra\u017esk\u00e9mu Orloju) umiestnen\u00e1 na budove Novej radnice. Zvonkohra bola postaven\u00e1 u\u017e v roku 1908 a rozpr\u00e1va pr\u00edbeh zo 16. storo\u010dia. Kon\u0161trukcia je naozaj prepracovan\u00e1, tvor\u00ed ju 43 zvonov a 32 fig\u00farok v \u017eivotnej ve\u013ekosti a predstavuje turnajov\u00e9 klanie, pri ktorom jeden z rytierov spadne z ko\u0148a.<\/p>\n<p><strong>Zvonkohra hr\u00e1 ka\u017ed\u00fa polhodinu v t\u00fdchto \u010dasoch<\/strong>:<\/p>\n<figure class=\"wp-block-table\">\n<table>\n<tbody>\n<tr>\n<td>Pondelok a\u017e piatok<\/td>\n<td>08:00 \u2013 20:00<\/td>\n<\/tr>\n<tr>\n<td>Sobota a nede\u013ea<\/td>\n<td>09:00 \u2013 20:00<\/td>\n<\/tr>\n<\/tbody>\n<\/table>\n<\/figure>\n<p>Konkr\u00e9tna mel\u00f3dia sa pri ka\u017edom spusten\u00ed men\u00ed. Obvykle ide o kr\u00e1tke \u013eudov\u00e9 piesne alebo tance.<\/p>\n<figure class=\"wp-block-embed is-type-video is-provider-youtube wp-block-embed-youtube wp-embed-aspect-16-9 wp-has-aspect-ratio\">\n<div class=\"wp-block-embed__wrapper\">\n<div class=\"youtube-embed\" data-video_id=\"SbUwQctvbHg\"><iframe loading=\"lazy\" title=\"Glockenspiel M\u00fcnchen Marienplatz HD - Munich carillon HD\" width=\"696\" height=\"392\" src=\"https:\/\/www.youtube.com\/embed\/SbUwQctvbHg?feature=oembed&#038;enablejsapi=1\" frameborder=\"0\" allow=\"accelerometer; autoplay; clipboard-write; encrypted-media; gyroscope; picture-in-picture; web-share\" referrerpolicy=\"strict-origin-when-cross-origin\" allowfullscreen><\/iframe><\/div>\n<\/div>\n<\/figure>\n<h4 class=\"wp-block-heading\"><span class=\"ez-toc-section\" id=\"Mariansky_stlp_s_fontanou\"><\/span><span class=\"ez-toc-section\" id=\"Mariansky_sloup_s_kasnou\"><\/span>Mari\u00e1nsky st\u013ap s font\u00e1nou<span class=\"ez-toc-section-end\"><\/span><span class=\"ez-toc-section-end\"><\/span><\/h4>\n<p>Mari\u00e1nsky st\u013ap t\u00fd\u010diaci sa uprostred n\u00e1mestia Marienplatz je jedn\u00fdm zo symbolov Mn\u00edchova. Bol postaven\u00fd v roku 1590 ako po\u010fakovanie Panne M\u00e1rii za odvr\u00e1tenie moru.<\/p>\n<p><strong>Na vysokom mramorovom st\u013ape je umiestnen\u00e1 pozl\u00e1ten\u00e1 socha Panny M\u00e1rie v \u0161tylizovanej korune a s polmesiacom pod nohami.<\/strong> Od roku 1638 je doplnen\u00e1 sochami 12 apo\u0161tolov a 4 cirkevn\u00fdch otcov.<\/p>\n<p><strong>St\u013ap je obklopen\u00fd font\u00e1nou s vodotryskmi<\/strong>, ktor\u00e1 bola pridan\u00e1 a\u017e v roku 1885. V lete je pr\u00edjemn\u00e9 sa pri font\u00e1ne osvie\u017ei\u0165.<\/p>\n<p>My sme v Mn\u00edchove boli v zime, tak\u017ee bohu\u017eia\u013e fotku funguj\u00facej font\u00e1ny nem\u00e1me. \ud83d\ude0a<\/p>\n<h4 class=\"wp-block-heading\"><span class=\"ez-toc-section\" id=\"Pivovar_a_pivnica_Hofbrauhaus\"><\/span><span class=\"ez-toc-section\" id=\"Pivovar_a_pivnice_Hofbrauhaus\"><\/span>Pivovar a pivnica Hofbr\u00e4uhaus<span class=\"ez-toc-section-end\"><\/span><span class=\"ez-toc-section-end\"><\/span><\/h4>\n<p><strong>Hofbr\u00e4uhaus je najstar\u0161\u00ed pivovar v Mn\u00edchove<\/strong>, ktor\u00e9ho hist\u00f3ria siaha a\u017e do roku 1589. Nach\u00e1dza sa na n\u00e1mest\u00ed Marienplatz, hne\u010f ved\u013ea Novej radnice.<\/p>\n<p><strong>Dnes sl\u00fa\u017ei predov\u0161etk\u00fdm ako obrovsk\u00e1 re\u0161taur\u00e1cia s tradi\u010dnou bavorskou kuchy\u0148ou.<\/strong> Unik\u00e1tom je pivo z vlastn\u00e9ho pivovaru, ktor\u00e9 jednoducho mus\u00edte ochutna\u0165. \ud83d\ude0a Schv\u00e1lne, \u010di v\u00e1m bude chuti\u0165 viac ne\u017e na\u0161e slovensk\u00e9 piv\u00e1.<\/p>\n<p>V pivnici \u010dasto hr\u00e1 \u017eiv\u00e1 hudba (pod\u013ea n\u00e1\u0161ho \u00fasudku \u0161lo o dechovku) a obsluha nos\u00ed tradi\u010dn\u00e9 oble\u010denie. V lete maj\u00fa vonkaj\u0161ie posedenie.<\/p>\n<div class=\"wp-block-image\">\n<figure class=\"aligncenter size-large\"><img loading=\"lazy\" decoding=\"async\" width=\"700\" height=\"533\" src=\"https:\/\/loudavymkrokem.cz\/wp-content\/uploads\/2019\/02\/Hofbrauhaus-700x533.jpg\" alt=\"Hofbr\u00e4uhaus v Mn\u00edchove\" class=\"wp-image-76812\" title=\"\" srcset=\"https:\/\/loudavymkrokem.cz\/wp-content\/uploads\/2019\/02\/Hofbrauhaus-700x533.jpg 700w, https:\/\/loudavymkrokem.cz\/wp-content\/uploads\/2019\/02\/Hofbrauhaus-300x228.jpg 300w, https:\/\/loudavymkrokem.cz\/wp-content\/uploads\/2019\/02\/Hofbrauhaus-768x584.jpg 768w, https:\/\/loudavymkrokem.cz\/wp-content\/uploads\/2019\/02\/Hofbrauhaus-1536x1169.jpg 1536w, https:\/\/loudavymkrokem.cz\/wp-content\/uploads\/2019\/02\/Hofbrauhaus-696x530.jpg 696w, https:\/\/loudavymkrokem.cz\/wp-content\/uploads\/2019\/02\/Hofbrauhaus-1392x1059.jpg 1392w, https:\/\/loudavymkrokem.cz\/wp-content\/uploads\/2019\/02\/Hofbrauhaus.jpg 1920w\" sizes=\"auto, (max-width: 700px) 100vw, 700px\"><figcaption class=\"wp-element-caption\">Hofbr\u00e4uhaus<\/figcaption><\/figure>\n<\/div>\n<h3 class=\"wp-block-heading\"><span class=\"ez-toc-section\" id=\"Odeonsplatz\"><\/span><span class=\"ez-toc-section\" id=\"Odeonsplatz\"><\/span>Odeonsplatz<span class=\"ez-toc-section-end\"><\/span><span class=\"ez-toc-section-end\"><\/span><\/h3>\n<p>Odeonsplatz je \u010fal\u0161ie historick\u00e9 n\u00e1mestie v severnej \u010dasti historick\u00e9ho centra Mn\u00edchova. Zaujm\u00fa v\u00e1s hlavne tieto pamiatky:<\/p>\n<ul class=\"wp-block-list\">\n<li><strong>Feldherrnhalle<\/strong> \u2014 monument\u00e1lna stavba s dvoma ve\u017eami z rokov 1841-1844.<\/li>\n<li><strong>Theatinerkirche<\/strong> \u2014 kostol zasv\u00e4ten\u00fd Panne M\u00e1rii z rokov 1663-1785, so svojou \u017eltou fas\u00e1dou je jednou z domin\u00e1nt n\u00e1mestia.<\/li>\n<li><strong>Residenz M\u00fcnchen<\/strong> \u2014 kr\u00e1\u013eovsk\u00fd pal\u00e1c a najv\u00e4\u010d\u0161\u00ed mestsk\u00fd pal\u00e1c v Nemecku. B\u00fdval\u00e9 s\u00eddlo bavorsk\u00fdch vojvodov pon\u00faka n\u00e1dhern\u00e9 umeleck\u00e9 zbierky, bohato zdoben\u00e9 s\u00e1ly a komnaty. Ak m\u00e1te \u010das len na jedno m\u00fazeum s historick\u00fdm interi\u00e9rom, toto by to malo by\u0165.<\/li>\n<\/ul>\n<p><strong>Odeonsplatz je ide\u00e1lne miesto na popolud\u0148aj\u0161iu prech\u00e1dzku pri prest\u00e1vke od objavovania ru\u0161n\u00e9ho centra.<\/strong> Z n\u00e1mestia sa dostanete priamo do Hofgartenu, kde si m\u00f4\u017eete odd\u00fdchnu\u0165 medzi font\u00e1nami a sochami. \ud83d\ude43<\/p>\n<h3 class=\"wp-block-heading\"><span class=\"ez-toc-section\" id=\"Konigsplatz\"><\/span><span class=\"ez-toc-section\" id=\"Konigsplatz\"><\/span>K\u00f6nigsplatz<span class=\"ez-toc-section-end\"><\/span><span class=\"ez-toc-section-end\"><\/span><\/h3>\n<p>K\u00f6nigsplatz je druh\u00e9 najzn\u00e1mej\u0161ie n\u00e1mestie v centre Mn\u00edchova. Nie je to klasick\u00e9 n\u00e1mestie, ale sk\u00f4r ve\u013ek\u00e1 zelen\u00e1 plocha obklopen\u00e1 tromi ve\u013ek\u00fdmi m\u00fazejn\u00fdmi budovami.<\/p>\n<p><strong>Na n\u00e1mest\u00ed sa nach\u00e1dza sl\u00e1vna Propylaea \u2014 monument\u00e1lna vstupn\u00e1 br\u00e1na v gr\u00e9ckom \u0161t\u00fdle.<\/strong> Tvor\u00ed vjazd do are\u00e1lu s m\u00fazeami. Na n\u00e1mest\u00ed tie\u017e n\u00e1jdeme jazdeck\u00e9 sochy bavorsk\u00fdch kr\u00e1\u013eov.<\/p>\n<p><strong>K\u00f6nigsplatz obklopuj\u00fa tri v\u00fdznamn\u00e9 mn\u00edchovsk\u00e9 m\u00faze\u00e1<\/strong> \u2014 Star\u00e1 pinakot\u00e9ka, Nov\u00e1 pinakot\u00e9ka a Glyptot\u00e9ka, kde si mo\u017eno prezrie\u0165 svetovo v\u00fdznamn\u00e9 zbierky umenia.<\/p>\n<div class=\"wp-block-image\">\n<figure class=\"aligncenter size-large\"><img loading=\"lazy\" decoding=\"async\" width=\"700\" height=\"394\" src=\"https:\/\/loudavymkrokem.cz\/wp-content\/uploads\/2019\/02\/konigsplatz-700x394.webp\" alt=\"K\u00f6nigsplatz v Mn\u00edchove\" class=\"wp-image-76816\" title=\"\" srcset=\"https:\/\/loudavymkrokem.cz\/wp-content\/uploads\/2019\/02\/konigsplatz-700x394.webp 700w, https:\/\/loudavymkrokem.cz\/wp-content\/uploads\/2019\/02\/konigsplatz-300x169.webp 300w, https:\/\/loudavymkrokem.cz\/wp-content\/uploads\/2019\/02\/konigsplatz-768x432.webp 768w, https:\/\/loudavymkrokem.cz\/wp-content\/uploads\/2019\/02\/konigsplatz-696x391.webp 696w, https:\/\/loudavymkrokem.cz\/wp-content\/uploads\/2019\/02\/konigsplatz.webp 1353w\" sizes=\"auto, (max-width: 700px) 100vw, 700px\"><figcaption class=\"wp-element-caption\">K\u00f6nigsplatz<\/figcaption><\/figure>\n<\/div>\n<h3 class=\"wp-block-heading\"><span class=\"ez-toc-section\" id=\"Karlsplatz_Stachus\"><\/span><span class=\"ez-toc-section\" id=\"Karlsplatz_Stachus\"><\/span>Karlsplatz (Stachus)<span class=\"ez-toc-section-end\"><\/span><span class=\"ez-toc-section-end\"><\/span><\/h3>\n<p><strong>Karlsplatz je \u010fal\u0161ie n\u00e1mestie v centre Mn\u00edchova, ktor\u00e9 sl\u00fa\u017ei predov\u0161etk\u00fdm ako dopravn\u00fd uzol.<\/strong> Nach\u00e1dza sa tu rovnomenn\u00e1 stanica metra a S-Bahnu, odkia\u013e je dobr\u00e9 spojenie do cel\u00e9ho mesta.<\/p>\n<p><strong>N\u00e1mestiu dominuje mari\u00e1nsky st\u013ap z roku 1873. V lete sa tu konaj\u00fa koncerty.<\/strong> V podzem\u00ed n\u00e1mestia sa rozprestiera rozsiahle n\u00e1kupn\u00e9 centrum s radom obchodov.<\/p>\n<h3 class=\"wp-block-heading\"><span class=\"ez-toc-section\" id=\"Frauenkirche\"><\/span><span class=\"ez-toc-section\" id=\"Frauenkirche\"><\/span><strong>Frauenkirche<\/strong><span class=\"ez-toc-section-end\"><\/span><span class=\"ez-toc-section-end\"><\/span><\/h3>\n<p>Kostol Frauenkirche je \u010fal\u0161ia ikona Mn\u00edchova, ktor\u00e1 m\u00e1 dve identick\u00e9 <b>ve\u017ee cibu\u013eovit\u00e9ho tvaru<\/b>. Frauenkirche bol postaven\u00fd v 15. storo\u010d\u00ed, ale bol bohu\u017eia\u013e ve\u013emi po\u0161koden\u00fd za druhej svetovej vojny (dnes je u\u017e opraven\u00fd). <b>Rovnako ako na Peterskirche, aj na jednu z ve\u017e\u00ed Frauenkirche sa d\u00e1 vyliez\u0165.<\/b><\/p>\n<div class=\"wp-block-image wp-image-54193\">\n<figure class=\"aligncenter\"><img decoding=\"async\" src=\"https:\/\/www.loudavymkrokem.cz\/wp-content\/uploads\/2023\/05\/frauenkirche-2048x1366.jpg\" alt=\"Frauenkirche v Mn\u00edchove\" class=\"wp-image-54193\" title=\"\"><figcaption class=\"wp-element-caption\">Frauenkirche<\/figcaption><\/figure>\n<\/div>\n<h3 class=\"wp-block-heading\"><span class=\"ez-toc-section\" id=\"Asamkirche\"><\/span><span class=\"ez-toc-section\" id=\"Asamkirche\"><\/span>Asamkirche<span class=\"ez-toc-section-end\"><\/span><span class=\"ez-toc-section-end\"><\/span><\/h3>\n<p><strong>Toto je skryt\u00fd klenot, o ktorom v\u00e4\u010d\u0161ina turistov nevie.<\/strong> Asamkirche je mal\u00fd barokn\u00fd kostol na Sendlinger Stra\u00dfe, ktor\u00fd bratia Asamovci postavili v 18. storo\u010d\u00ed p\u00f4vodne ako svoju s\u00fakromn\u00fa kaplnku. Zvonku by ste ho \u013eahko prehliadli, ale vn\u00fatri v\u00e1s \u010dak\u00e1 jeden z najimpozantnej\u0161\u00edch barokn\u00fdch interi\u00e9rov v celom Nemecku \u2014 pozl\u00e1ten\u00e9 sochy, fresky a bohat\u00e1 v\u00fdzdoba od podlahy po strop. Vstup je zadarmo a zaberie v\u00e1m maxim\u00e1lne 15 min\u00fat, ale ten dojem zostane nadlho.<\/p>\n<h3 class=\"wp-block-heading\"><span class=\"ez-toc-section\" id=\"Zamok_Nymphenburg\"><\/span><span class=\"ez-toc-section\" id=\"Zamek_Nymphenburg\"><\/span>Z\u00e1mok Nymphenburg<span class=\"ez-toc-section-end\"><\/span><span class=\"ez-toc-section-end\"><\/span><\/h3>\n<p>Nymphenburg je barokn\u00fd z\u00e1mok, ktor\u00fd sa nach\u00e1dza na z\u00e1pade od centra mesta, bol p\u00f4vodne postaven\u00fd ako letn\u00e9 s\u00eddlo pre bavorsk\u00fdch vojvodov. V priebehu rokov pre\u0161iel nieko\u013ek\u00fdmi transform\u00e1ciami, ktor\u00e9 ho doviedli do dne\u0161nej podoby.<\/p>\n<p><strong>Pri n\u00e1v\u0161teve z\u00e1mku si nenechajte ujs\u0165 prehliadku jeho n\u00e1dhern\u00fdch z\u00e1hrad a interi\u00e9rov<\/strong>, kde m\u00f4\u017eete obdivova\u0165 bohato zdoben\u00e9 s\u00e1ly a komnaty. Z\u00e1hrady s\u00fa roz\u013eahl\u00e9 a kr\u00e1sne v ka\u017edom ro\u010dnom obdob\u00ed \u2014 a hlavne s\u00fa zadarmo.<\/p>\n<h3 class=\"wp-block-heading\"><span class=\"ez-toc-section\" id=\"The_Maximilianeum\"><\/span><span class=\"ez-toc-section\" id=\"The_Maximilianeum\"><\/span>The Maximilianeum<span class=\"ez-toc-section-end\"><\/span><span class=\"ez-toc-section-end\"><\/span><\/h3>\n<p><strong>T\u00e1to historick\u00e1 budova bola postaven\u00e1 v roku 1857 a dnes sl\u00fa\u017ei ako s\u00eddlo bavorsk\u00e9ho parlamentu.<\/strong> Z miesta, kde Maximilianeum stoj\u00ed, je pekn\u00fd v\u00fdh\u013ead na mesto.<\/p>\n<h3 class=\"wp-block-heading\"><span class=\"ez-toc-section\" id=\"Victory_Gate_Siegestor\"><\/span><span class=\"ez-toc-section\" id=\"Victory_Gate_Siegestor\"><\/span>Victory Gate (Siegestor)<span class=\"ez-toc-section-end\"><\/span><span class=\"ez-toc-section-end\"><\/span><\/h3>\n<p>Victory Gate (br\u00e1na zn\u00e1ma tie\u017e ako Siegestor) bola postaven\u00e1 na po\u010des\u0165 bavorskej arm\u00e1dy a je jedn\u00fdm z najv\u00fdznamnej\u0161\u00edch pam\u00e4tn\u00edkov v Mn\u00edchove. Pripom\u00edna par\u00ed\u017esky Arc de Triomphe a n\u00e1jdete ju na konci bulv\u00e1ru Ludwigstra\u00dfe. Po po\u0161koden\u00ed za druhej svetovej vojny bola z\u00e1merne obnoven\u00e1 len \u010diasto\u010dne \u2014 ako pripomienka mieru.<\/p>\n<h2 class=\"wp-block-heading\"><span class=\"ez-toc-section\" id=\"Muzea_a_galerie\"><\/span><span class=\"ez-toc-section\" id=\"Muzea_a_galerie\"><\/span><span class=\"ez-toc-section\" id=\"muzea-a-galerie\">M\u00faze\u00e1 a gal\u00e9rie<\/span><span class=\"ez-toc-section-end\"><\/span><span class=\"ez-toc-section-end\"><\/span><\/h2>\n<p>Zauj\u00edma v\u00e1s hist\u00f3ria, technika, alebo umenie? Tak to sa v\u00e1m v Mn\u00edchove bude p\u00e1\u010di\u0165. Mn\u00edchov je tretie najv\u00e4\u010d\u0161ie mesto v Nemecku a n\u00e1jdete v \u0148om cez 80 m\u00faze\u00ed. <strong>Ak\u00e9 ale nav\u0161t\u00edvi\u0165?<\/strong> M\u00e1me pre v\u00e1s nieko\u013eko tipov.<\/p>\n<ul class=\"wp-block-list\">\n<li><strong>BMW Museum<\/strong> \u2013 absol\u00fatna nutnos\u0165 vidie\u0165!<\/li>\n<li><strong>Deutsches Museum <\/strong>\u2013 najsl\u00e1vnej\u0161ie m\u00fazeum v Mn\u00edchove, ktor\u00e9 sa p\u00fd\u0161i t\u00fdm, \u017ee je najv\u00e4\u010d\u0161ie technologick\u00e9 m\u00fazeum sveta<\/li>\n<li><strong>Glyptothek <\/strong>\u2013 jedin\u00e9 m\u00fazeum zasv\u00e4ten\u00e9 v\u00fdlu\u010dne starovek\u00fdm soch\u00e1m<\/li>\n<li><strong>Museum Brandhorst \u2013 <\/strong>m\u00fazeum modern\u00e9ho umenia, ktor\u00e9 bolo otvoren\u00e9 a\u017e v roku 2009 a m\u00f4\u017eete v \u0148om n\u00e1js\u0165 obrazy od Hirsta, Warhola i Basquiata<\/li>\n<li><strong>Kartoffel Museum \u2013 <\/strong>m\u00fazeum zemiakov, a to som si myslela, \u017ee Kana\u010fania s\u00fa divn\u00ed, ke\u010f som ho videla v Novom \u0160k\u00f3tsku<\/li>\n<li><strong>Pinakothek \u2013 <\/strong>v 19. storo\u010d\u00ed to bolo najv\u00e4\u010d\u0161ie m\u00fazeum umenia v Eur\u00f3pe<\/li>\n<\/ul>\n<h3 class=\"wp-block-heading\"><span class=\"ez-toc-section\" id=\"BMW_Museum\"><\/span><span class=\"ez-toc-section\" id=\"BMW_Museum\"><\/span>BMW Museum<span class=\"ez-toc-section-end\"><\/span><span class=\"ez-toc-section-end\"><\/span><\/h3>\n<p>Aj ke\u010f azda nie ste ve\u013ek\u00fdmi fan\u00fa\u0161ikmi \u00e1ut alebo BMW, m\u00f4\u017eeme v\u00e1m s\u013e\u00fabi\u0165, \u017ee BMW m\u00fazeum v\u00e1s aj tak bude bavi\u0165. <strong>Pod\u013ea n\u00e1s je t\u00fdm najlep\u0161\u00edm z cel\u00e9ho Mn\u00edchova.<\/strong><\/p>\n<p>M\u00fazeum v\u00e1s prevedie cel\u00fdm pr\u00edbehom zna\u010dky, uvid\u00edte tie najkraj\u0161ie, najelegantnej\u0161ie i najluxusnej\u0161ie k\u00fasky, m\u00f4\u017eete sa pozrie\u0165, ako BMW pracuje s dizajnom a dozviete sa, \u010do je d\u00f4le\u017eit\u00e9 pre kon\u0161trukciu z\u00e1vodnej formuly. Navy\u0161e, ak hovor\u00edte anglicky alebo nemecky, m\u00f4\u017eete si stiahnu\u0165 super aplik\u00e1ciu do telef\u00f3nu, ktor\u00e1 v\u00e1s cel\u00fdm m\u00fazeom prevedie.<\/p>\n<figure class=\"wp-block-table\">\n<table>\n<tbody>\n<tr>\n<td><strong>Cena vstupn\u00e9ho<\/strong><\/td>\n<td>Dospel\u00ed: 10 EUR, Z\u013eavnen\u00e9: 6 EUR<\/td>\n<\/tr>\n<tr>\n<td><strong>Rodinn\u00e9 vstupn\u00e9<\/strong><\/td>\n<td>Rodinn\u00e9 vstupn\u00e9 (2 dosp+3 deti): 16 EUR<\/td>\n<\/tr>\n<tr>\n<td><strong>Otv\u00e1racie hodiny<\/strong><\/td>\n<td>Ut-Ne: 10:00-18:00 (v pondelok zatvoren\u00e9)<\/td>\n<\/tr>\n<tr>\n<td><strong>Adresa<\/strong><\/td>\n<td>Am Olympiapark 1, 80809 Mn\u00edchov, Olympijsk\u00fd park<\/td>\n<\/tr>\n<tr>\n<td><strong>Expoz\u00edcia<\/strong><\/td>\n<td>150 vozov BMW vr\u00e1t. prototypov a konceptov, hist\u00f3ria, v\u00fdroba, motorsport<\/td>\n<\/tr>\n<tr>\n<td><strong>Doba prehliadky<\/strong><\/td>\n<td>2-3 hodiny pod\u013ea tempa n\u00e1v\u0161tevn\u00edka<\/td>\n<\/tr>\n<\/tbody>\n<\/table><figcaption class=\"wp-element-caption\">Praktick\u00e9 inform\u00e1cie o BMW m\u00fazeu<\/figcaption><\/figure>\n<div class=\"wp-block-image wp-image-54216 size-full\">\n<figure class=\"aligncenter\"><img loading=\"lazy\" decoding=\"async\" width=\"650\" height=\"433\" src=\"https:\/\/www.loudavymkrokem.cz\/wp-content\/uploads\/2023\/05\/bmw_museum-1.jpg\" alt=\"Oran\u017eov\u00e9 auto v BMW Museum\" class=\"wp-image-54216\" title=\"\"><figcaption class=\"wp-element-caption\">BMW Museum<\/figcaption><\/figure>\n<\/div>\n<h3 class=\"wp-block-heading\"><span class=\"ez-toc-section\" id=\"Deutsches_Museum\"><\/span><span class=\"ez-toc-section\" id=\"Deutsches_Museum\"><\/span>Deutsches Museum<span class=\"ez-toc-section-end\"><\/span><span class=\"ez-toc-section-end\"><\/span><\/h3>\n<p><strong>Deutsches Museum je najv\u00e4\u010d\u0161ie technick\u00e9 m\u00fazeum na svete a pon\u00faka cez 50 expoz\u00edci\u00ed zameran\u00fdch na r\u00f4zne vedy a technol\u00f3gie. <\/strong>N\u00e1v\u0161tevn\u00edci sa m\u00f4\u017eu te\u0161i\u0165 na prehliadku vernej repliky uho\u013enej bane alebo sa m\u00f4\u017eu pozrie\u0165 na prv\u00fd parn\u00fd stroj. Toto m\u00fazeum je ide\u00e1lne pre rodiny s de\u0165mi aj pre v\u0161etk\u00fdch technick\u00fdch nad\u0161encov.<\/p>\n<figure class=\"wp-block-table\">\n<table>\n<tbody>\n<tr>\n<td><strong>Adresa<\/strong><\/td>\n<td>Museumsinsel 1, 80538 Mn\u00edchov<\/td>\n<\/tr>\n<tr>\n<td><strong>Otv\u00e1racie hodiny<\/strong><\/td>\n<td>Ut-Ne: 9-17, streda do 20:00. Prv\u00fd pondelok v mesiaci zatvoren\u00e9.<\/td>\n<\/tr>\n<tr>\n<td><strong>Cena vstupn\u00e9ho<\/strong><\/td>\n<td>Dospel\u00ed: 12 EUR, zn\u00ed\u017een\u00e9 8 EUR<\/td>\n<\/tr>\n<tr>\n<td><strong>Expoz\u00edcia<\/strong><\/td>\n<td>Cez 50 tis. expon\u00e1tov techniky, vedy, v\u00fdskumu z 15.-21. stor.<\/td>\n<\/tr>\n<tr>\n<td><strong>D\u013a\u017eka prehliadky<\/strong><\/td>\n<td>Min. 3 hodiny, odpor\u00fa\u010dame cel\u00fd de\u0148<\/td>\n<\/tr>\n<tr>\n<td><strong>Sprievodn\u00e9 akcie<\/strong><\/td>\n<td>Workshopy, predn\u00e1\u0161ky, programy pre rodiny s de\u0165mi<\/td>\n<\/tr>\n<tr>\n<td><strong>Pozn\u00e1mka<\/strong><\/td>\n<td>Jedno z najv\u00e4\u010d\u0161\u00edch vedecko-technick\u00fdch m\u00faze\u00ed na svete<\/td>\n<\/tr>\n<\/tbody>\n<\/table><figcaption class=\"wp-element-caption\">Praktick\u00e9 inform\u00e1cie o Deutsches Museum<\/figcaption><\/figure>\n<h3 class=\"wp-block-heading\"><span class=\"ez-toc-section\" id=\"Glyptothek_Museum\"><\/span><span class=\"ez-toc-section\" id=\"Glyptothek_Museum\"><\/span>Glyptothek Museum<span class=\"ez-toc-section-end\"><\/span><span class=\"ez-toc-section-end\"><\/span><\/h3>\n<p><strong>Glyptothek je jedno z hlavn\u00fdch umeleck\u00fdch m\u00faze\u00ed v Mn\u00edchove, kde je vystaven\u00e1 bohat\u00e1 zbierka gr\u00e9ckej a r\u00edmskej soch\u00e1rskej tvorby.<\/strong><\/p>\n<p>Expoz\u00edcia zah\u0155\u0148a cez 400 s\u00f4ch z obdobia od 6. storo\u010dia pred n. l. a\u017e po 4. storo\u010die n. l., medzi najv\u00fdznamnej\u0161ie diela patr\u00ed Laoko\u00f3nova skupina a B\u00f3jov\u00e9. Sochy poch\u00e1dzaj\u00fa z gr\u00e9ckych ostrovov i pevninsk\u00e9ho Gr\u00e9cka a boli n\u00e1jden\u00e9 pri vykop\u00e1vkach v R\u00edme.<\/p>\n<p><strong>Vstup do Glyptothek stoj\u00ed 6 EUR, zn\u00ed\u017een\u00e9 vstupn\u00e9 je 4 EUR. Otvoren\u00e9 je utorok a\u017e nede\u013ea od 10:00 do 18:00, v pondelok je m\u00fazeum zatvoren\u00e9.<\/strong> V nede\u013eu je vstup len za 1 \u20ac!<\/p>\n<h3 class=\"wp-block-heading\"><span class=\"ez-toc-section\" id=\"Muzeum_Brandhorst\"><\/span><span class=\"ez-toc-section\" id=\"Muzeum_Brandhorst\"><\/span>M\u00fazeum Brandhorst<span class=\"ez-toc-section-end\"><\/span><span class=\"ez-toc-section-end\"><\/span><\/h3>\n<p>Toto m\u00fazeum je skuto\u010dn\u00fdm rajom pre milovn\u00edkov modern\u00e9ho umenia. Ur\u010dite tam str\u00e1vite minim\u00e1lne polde\u0148, preto\u017ee prezrie\u0165 si 1200 expon\u00e1tov od najv\u00fdznamnej\u0161\u00edch umelcov 20. a 21. storo\u010dia nie je r\u00fdchlovka.<\/p>\n<figure class=\"wp-block-table\">\n<table>\n<tbody>\n<tr>\n<td><strong>Adresa<\/strong><\/td>\n<td>Tiergartenstra\u00dfe 1, 80538 Mn\u00edchov<\/td>\n<\/tr>\n<tr>\n<td><strong>Otv\u00e1racie hodiny<\/strong><\/td>\n<td>Ut-Ne: 10-18, \u0161t 10-20<\/td>\n<\/tr>\n<tr>\n<td><strong>Cena vstupn\u00e9ho<\/strong><\/td>\n<td>Pln\u00e9: 7 EUR, zn\u00ed\u017een\u00e9 3,50 EUR<\/td>\n<\/tr>\n<tr>\n<td><strong>Expoz\u00edcia<\/strong><\/td>\n<td>Modern\u00e9 a s\u00fa\u010dasn\u00e9 umenie, ma\u013eba, soch\u00e1rstvo, fotografia<\/td>\n<\/tr>\n<tr>\n<td><strong>D\u013a\u017eka prehliadky<\/strong><\/td>\n<td>Pribli\u017ene 2 hodiny<\/td>\n<\/tr>\n<\/tbody>\n<\/table>\n<\/figure>\n<div class=\"wp-block-image wp-image-54207\">\n<figure class=\"aligncenter\"><img decoding=\"async\" src=\"https:\/\/www.loudavymkrokem.cz\/wp-content\/uploads\/2023\/05\/Alex_Katz_v_Mnichove-7-2048x1536.jpg\" alt=\"Alex Katz v Mn\u00edchove v Brandhorst Museum\" class=\"wp-image-54207\" title=\"\"><figcaption class=\"wp-element-caption\">Alex Katz v Mn\u00edchove v Brandhorst Museum<\/figcaption><\/figure>\n<\/div>\n<h3 class=\"wp-block-heading\"><span class=\"ez-toc-section\" id=\"Kartoffel_Museum\"><\/span><span class=\"ez-toc-section\" id=\"Kartoffel_Museum\"><\/span>Kartoffel Museum<span class=\"ez-toc-section-end\"><\/span><span class=\"ez-toc-section-end\"><\/span><\/h3>\n<p>Kartoffelmuseum v Mn\u00edchove je jedno z m\u00e1la m\u00faze\u00ed na svete, ktor\u00e9 sa \u0161pecializuje na zemiaky.<\/p>\n<p>V m\u00fazeu sa dozviete v\u0161etko o hist\u00f3rii pestovania a vyu\u017eitia zemiakov po celom svete a zozn\u00e1mite sa s ich kult\u00farnym v\u00fdznamom v r\u00f4znych krajin\u00e1ch. <strong>\u010eal\u0161ia \u010das\u0165 m\u00fazea je venovan\u00e1 pestovate\u013esk\u00fdm odrod\u00e1m zemiakov, ich biologick\u00fdm vlastnostiam a vyu\u017eitiu v kuchyni.<\/strong> K videniu s\u00fa tie\u017e zemiaky v tvare zvierat \u010di \u013eud\u00ed.<\/p>\n<figure class=\"wp-block-table\">\n<table>\n<tbody>\n<tr>\n<td><strong>Adresa<\/strong><\/td>\n<td>Grafinger Str. 2, 81671 Mn\u00edchov<\/td>\n<\/tr>\n<tr>\n<td><strong>Otv\u00e1racie hodiny<\/strong><\/td>\n<td>Pi: 9-18, So: 11-17<\/td>\n<\/tr>\n<tr>\n<td><strong>Cena vstupn\u00e9ho<\/strong><\/td>\n<td>Vo\u013en\u00fd vstup<\/td>\n<\/tr>\n<tr>\n<td><strong>Expoz\u00edcia<\/strong><\/td>\n<td>Hist\u00f3ria a kult\u00fara zemiakov vo svete a Nemecku<\/td>\n<\/tr>\n<tr>\n<td><strong>D\u013a\u017eka prehliadky<\/strong><\/td>\n<td>Cca 1 hodina<\/td>\n<\/tr>\n<tr>\n<td><strong>Pozn\u00e1mka<\/strong><\/td>\n<td>Jedno z m\u00e1la m\u00faze\u00ed zameran\u00fdch na zemiaky<\/td>\n<\/tr>\n<\/tbody>\n<\/table>\n<\/figure>\n<h3 class=\"wp-block-heading\"><span class=\"ez-toc-section\" id=\"Alte_Pinakothek\"><\/span><span class=\"ez-toc-section\" id=\"Alte_Pinakothek\"><\/span>Alte Pinakothek<span class=\"ez-toc-section-end\"><\/span><span class=\"ez-toc-section-end\"><\/span><\/h3>\n<p>Alte Pinakothek je v\u00fdznamn\u00e9 m\u00fazeum, preto\u017ee v \u0148om n\u00e1jdete nieko\u013eko naozaj sl\u00e1vnych malieb, ako je No\u010dn\u00e1 hliadka od Rembrandta. M\u00fazeum je jedno z najzn\u00e1mej\u0161\u00edch so zameran\u00edm na star\u00e9 eur\u00f3pske umenie.<\/p>\n<p>Ak v\u00e1s zauj\u00edmaj\u00fa klasick\u00e9 ma\u013eby, ur\u010dite tam vyrazte. V nede\u013eu je vstup len za 1 \u20ac.<\/p>\n<figure class=\"wp-block-table\">\n<table>\n<tbody>\n<tr>\n<td><strong>Adresa<\/strong><\/td>\n<td>Barer Stra\u00dfe 27, 80333 Mn\u00edchov<\/td>\n<\/tr>\n<tr>\n<td><strong>Otv\u00e1racie hodiny<\/strong><\/td>\n<td>Ut-So 10:00-18:00, \u0161t 10:00-20:00<\/td>\n<\/tr>\n<tr>\n<td><strong>Cena vstupn\u00e9ho<\/strong><\/td>\n<td>Pln\u00e9 11 EUR, zn\u00ed\u017een\u00e9 7 EUR (v nede\u013eu 1 EUR)<\/td>\n<\/tr>\n<tr>\n<td><strong>Expoz\u00edcia<\/strong><\/td>\n<td>Eur\u00f3pske maliarstvo 14.-18. storo\u010dia<\/td>\n<\/tr>\n<\/tbody>\n<\/table>\n<\/figure>\n<p>Ak by ste m\u00faze\u00ed ani tak nemali dos\u0165, m\u00e1me pre v\u00e1s e\u0161te p\u00e1r extra tipov:<\/p>\n<h3 class=\"wp-block-heading\"><span class=\"ez-toc-section\" id=\"Bavarian_National_Museum\"><\/span><span class=\"ez-toc-section\" id=\"Bavarian_National_Museum\"><\/span>Bavarian National Museum<span class=\"ez-toc-section-end\"><\/span><span class=\"ez-toc-section-end\"><\/span><\/h3>\n<p>S viac ako 1,3 mili\u00f3na predmetov je Bavorsk\u00e9 n\u00e1rodn\u00e9 m\u00fazeum najv\u00e4\u010d\u0161ou kult\u00farnou in\u0161tit\u00faciou v Bavorsku. Expoz\u00edcia siaha od stredovek\u00fdch tapis\u00e9rii a\u017e po modern\u00e9 umenie.<\/p>\n<h3 class=\"wp-block-heading\"><span class=\"ez-toc-section\" id=\"Beer_Oktoberfest_Museum\"><\/span><span class=\"ez-toc-section\" id=\"Beer_Oktoberfest_Museum\"><\/span>Beer &amp; Oktoberfest Museum<span class=\"ez-toc-section-end\"><\/span><span class=\"ez-toc-section-end\"><\/span><\/h3>\n<p>M\u00fazeum piva a Oktoberfestu v Mn\u00edchove je ide\u00e1lnym miestom pre milovn\u00edkov piva a hist\u00f3rie, tak\u017ee pre v\u0161etk\u00fdch Slov\u00e1kov. \ud83d\ude43 Zozn\u00e1mite sa s hist\u00f3riou festivalu, ale najzauj\u00edmavej\u0161ou \u010das\u0165ou je rozhodne ochutn\u00e1vka najlep\u0161\u00edch bavorsk\u00fdch p\u00edv.<\/p>\n<h3 class=\"wp-block-heading\"><span class=\"ez-toc-section\" id=\"Pinakothek_der_Moderne\"><\/span><span class=\"ez-toc-section\" id=\"Pinakothek_der_Moderne\"><\/span>Pinakothek der Moderne<span class=\"ez-toc-section-end\"><\/span><span class=\"ez-toc-section-end\"><\/span><\/h3>\n<p>Pinakothek der Moderne hos\u0165uje rozsiahle kolekcie architekt\u00fary, dizajnu, grafiky a fotografi\u00ed. Takmer v\u00fdlu\u010dne sa zameriava na modern\u00e9 umenie. V nede\u013eu op\u00e4\u0165 plat\u00ed vstup za pouh\u00e9 1 \u20ac.<\/p>\n<h2 class=\"wp-block-heading\"><span class=\"ez-toc-section\" id=\"Parky_a_priroda_v_meste\"><\/span><span class=\"ez-toc-section\" id=\"Parky_a_priroda_ve_meste\"><\/span><span class=\"ez-toc-section\" id=\"parky-a-priroda-v-meste\">Parky a pr\u00edroda v meste<\/span><span class=\"ez-toc-section-end\"><\/span><span class=\"ez-toc-section-end\"><\/span><\/h2>\n<h3 class=\"wp-block-heading\"><span class=\"ez-toc-section\" id=\"Zasurfujte_si_v_Mnichove\"><\/span><span class=\"ez-toc-section\" id=\"Zasurfujte_si_v_Mnichove\"><\/span>Zasurfujte si v Mn\u00edchove<span class=\"ez-toc-section-end\"><\/span><span class=\"ez-toc-section-end\"><\/span><\/h3>\n<p>Surfov\u00e1 Eisbach vlna je <strong>symbolom Mn\u00edchova a nach\u00e1dza sa na okraji z\u00e1hrady Englischer Garten<\/strong>. Pozor, voda je ve\u013emi studen\u00e1 aj v najteplej\u0161\u00edch mesiacoch, v lete m\u00f4\u017eete \u010daka\u0165 iba 17 stup\u0148ov. Ak v\u00e1m zima nevad\u00ed, surfova\u0165 m\u00f4\u017eete aj v zime, takmer nikdy nezam\u0155za. Len si dajte pozor, aby ste z tej zimy nezamrzli vy.<\/p>\n<figure class=\"wp-block-embed is-type-video is-provider-youtube wp-block-embed-youtube wp-embed-aspect-16-9 wp-has-aspect-ratio\">\n<div class=\"wp-block-embed__wrapper\">\n<div class=\"youtube-embed\" data-video_id=\"NlqwnA9faTU\"><iframe loading=\"lazy\" title=\"Eisbach Munich - River Surfing\" width=\"696\" height=\"392\" src=\"https:\/\/www.youtube.com\/embed\/NlqwnA9faTU?feature=oembed&#038;enablejsapi=1\" frameborder=\"0\" allow=\"accelerometer; autoplay; clipboard-write; encrypted-media; gyroscope; picture-in-picture; web-share\" referrerpolicy=\"strict-origin-when-cross-origin\" allowfullscreen><\/iframe><\/div>\n<\/div>\n<\/figure>\n<h3 class=\"wp-block-heading\"><span class=\"ez-toc-section\" id=\"Anglicka_zahrada_Englischer_Garten\"><\/span><span class=\"ez-toc-section\" id=\"Anglicka_zahrada_Englischer_Garten\"><\/span>Anglick\u00e1 z\u00e1hrada (Englischer Garten)<span class=\"ez-toc-section-end\"><\/span><span class=\"ez-toc-section-end\"><\/span><\/h3>\n<p>Anglick\u00e1 z\u00e1hrada je jedn\u00fdm z najv\u00e4\u010d\u0161\u00edch mestsk\u00fdch parkov na svete \u2014 je dokonca v\u00e4\u010d\u0161ia ako newyorsk\u00fd Central Park. Je to ide\u00e1lne miesto na prech\u00e1dzky, pikniky a relax\u00e1ciu v pr\u00edrode. Vn\u00fatri parku sa nach\u00e1dza spom\u00ednan\u00e1 surfov\u00e1 vlna, \u010d\u00ednska pagoda s pivnou z\u00e1hradkou a jazero Kleinhesseloher See. <strong>V lete si tu miestni vyz\u00favaj\u00fa top\u00e1nky, rozba\u013euj\u00fa deky a tr\u00e1via tu cel\u00e9 popoludnia<\/strong> \u2014 a \u00faprimne, je to asi ten najlep\u0161\u00ed mn\u00edchovsk\u00fd z\u00e1\u017eitok, ktor\u00fd je navy\u0161e \u00faplne zadarmo.<\/p>\n<h3 class=\"wp-block-heading\"><span class=\"ez-toc-section\" id=\"Hofgarten\"><\/span><span class=\"ez-toc-section\" id=\"Hofgarten\"><\/span>Hofgarten<span class=\"ez-toc-section-end\"><\/span><span class=\"ez-toc-section-end\"><\/span><\/h3>\n<p>Hofgarten je historick\u00fd park k\u00fasok od Anglickej z\u00e1hrady a je laden\u00fd do renesan\u010dn\u00e9ho talianskeho \u0161t\u00fdlu. Jeho dominantou je font\u00e1na s Nept\u00fanovou sochou uprostred. V Hofgartene sa \u010falej nach\u00e1dza chr\u00e1m Diany, jazierko a rad s\u00f4ch. V lete sa tu konaj\u00fa kult\u00farne podujatia.<\/p>\n<h3 class=\"wp-block-heading\"><span class=\"ez-toc-section\" id=\"Olympijsky_park\"><\/span><span class=\"ez-toc-section\" id=\"Olympijsky_park\"><\/span>Olympijsk\u00fd park<span class=\"ez-toc-section-end\"><\/span><span class=\"ez-toc-section-end\"><\/span><\/h3>\n<p>V roku 1972 sa v Mn\u00edchove konali Olympijsk\u00e9 hry a z tejto doby im zostal Olympijsk\u00fd park, kde sa dodnes konaj\u00fa kult\u00farne a \u0161portov\u00e9 akcie. Park je priamo ved\u013ea BMW Musea, tak\u017ee n\u00e1v\u0161tevu oboch m\u00f4\u017eete \u013eahko spoji\u0165.<\/p>\n<h3 class=\"wp-block-heading\"><span class=\"ez-toc-section\" id=\"Allianz_Arena\"><\/span><span class=\"ez-toc-section\" id=\"Allianz_Arena\"><\/span>Allianz Arena<span class=\"ez-toc-section-end\"><\/span><span class=\"ez-toc-section-end\"><\/span><\/h3>\n<p>Allianz Arena je modern\u00fd futbalov\u00fd \u0161tadi\u00f3n, kde s\u00eddli sl\u00e1vny nemeck\u00fd futbalov\u00fd klub FC Bayern Mn\u00edchov. Ak ste futbalov\u00ed fan\u00fa\u0161ikovia, pon\u00faka sa prehliadka \u0161tadi\u00f3na aj s m\u00fazeom FC Bayern.<\/p>\n<h3 class=\"wp-block-heading\"><span class=\"ez-toc-section\" id=\"Hellabrunn_Zoo\"><\/span><span class=\"ez-toc-section\" id=\"Hellabrunn_Zoo\"><\/span>Hellabrunn Zoo<span class=\"ez-toc-section-end\"><\/span><span class=\"ez-toc-section-end\"><\/span><\/h3>\n<p><strong>Ak cestujete s de\u0165mi, mn\u00edchovsk\u00e1 zoo Hellabrunn je skvel\u00e1 vo\u013eba.<\/strong> Patr\u00ed medzi najlep\u0161ie zoologick\u00e9 z\u00e1hrady v Eur\u00f3pe a je koncipovan\u00e1 ako geo-zoo \u2014 zvierat\u00e1 s\u00fa rozdelen\u00e9 pod\u013ea kontinentov, odkia\u013e poch\u00e1dzaj\u00fa. Zoo le\u017e\u00ed priamo na brehu rieky Isar a prech\u00e1dzka v nej zaberie minim\u00e1lne 3-4 hodiny. Vstup pre dospel\u00fdch okolo 21 \u20ac, deti 4-14 rokov za 9 \u20ac.<\/p>\n<h2 class=\"wp-block-heading\"><span class=\"ez-toc-section\" id=\"Bavorska_kuchyna_%E2%80%94_co_ochutnat_a_kde_jest\"><\/span><span class=\"ez-toc-section\" id=\"Bavorska_kuchyne_%E2%80%94_co_ochutnat_a_kde_jist\"><\/span><span class=\"ez-toc-section\" id=\"bavorska-kuchyna-co-ochutnat-a-kde-jest\">Bavorsk\u00e1 kuchy\u0148a \u2014 \u010do ochutna\u0165 a kde jes\u0165<\/span><span class=\"ez-toc-section-end\"><\/span><span class=\"ez-toc-section-end\"><\/span><\/h2>\n<p>Mn\u00edchov je raj pre milovn\u00edkov jedla. Zabudnite na currywurst \u2014 tu vl\u00e1dne bavorsk\u00e1 klasika. A \u00faprimne? Po nieko\u013ek\u00fdch d\u0148och v Mn\u00edchove sme museli utiahnu\u0165 opasok o dierku. \ud83d\ude05<\/p>\n<h3 class=\"wp-block-heading\"><span class=\"ez-toc-section\" id=\"Co_musite_ochutnat\"><\/span><span class=\"ez-toc-section\" id=\"Co_musite_ochutnat\"><\/span>\u010co mus\u00edte ochutna\u0165<span class=\"ez-toc-section-end\"><\/span><span class=\"ez-toc-section-end\"><\/span><\/h3>\n<ul class=\"wp-block-list\">\n<li><strong>Wei\u00dfwurst (biela klob\u00e1sa)<\/strong> \u2014 tradi\u010dn\u00e9 mn\u00edchovsk\u00e9 ra\u0148ajky. Je sa v\u00fdhradne dopoludnia, najnesk\u00f4r do 12:00, so sladkou hor\u010dicou a pracl\u00edkom. Neodkrajujte \u2014 obal sa neje, klob\u00e1su \u201evycuc\u00e1vate&#8220; alebo kr\u00e1jate pozd\u013a\u017ene.<\/li>\n<li><strong>Schweinshaxe<\/strong> \u2014 chrumkav\u00e9 pe\u010den\u00e9 brav\u010dov\u00e9 koleno. Porcie s\u00fa obrovsk\u00e9, pokojne zdie\u013eajte vo dvoch.<\/li>\n<li><strong>Obatzda<\/strong> \u2014 pikantn\u00e1 syrov\u00e1 n\u00e1tierka s cibu\u013ekou, pod\u00e1van\u00e1 s Brezn (pracl\u00edkom). Ide\u00e1lna desiata v pivnej z\u00e1hradke.<\/li>\n<li><strong>Brezn (pracl\u00edk)<\/strong> \u2014 bavorsk\u00fd pracl\u00edk je in\u00e1 liga. M\u00e4kk\u00fd vn\u00fatri, chrumkav\u00fd zvonka, posypan\u00fd hrubou so\u013eou.<\/li>\n<li><strong>Kaiserschmarrn<\/strong> \u2014 sladk\u00fd trhance s lekv\u00e1rom. Najlep\u0161\u00ed v Mn\u00edchove serv\u00edruj\u00fa vo Wirtshaus in der Au.<\/li>\n<li><strong>Leberkn\u00f6delsuppe<\/strong> \u2014 polievka s pe\u010de\u0148ovou kned\u013eou, klasick\u00fd bavorsk\u00fd predkrm.<\/li>\n<\/ul>\n<h3 class=\"wp-block-heading\"><span class=\"ez-toc-section\" id=\"Kde_jest_%E2%80%94_nase_tipy\"><\/span><span class=\"ez-toc-section\" id=\"Kde_jist_%E2%80%94_nase_tipy\"><\/span>Kde jes\u0165 \u2014 na\u0161e tipy<span class=\"ez-toc-section-end\"><\/span><span class=\"ez-toc-section-end\"><\/span><\/h3>\n<ul class=\"wp-block-list\">\n<li><strong>Hofbr\u00e4uhaus<\/strong> \u2014 turistick\u00e1 klasika, ale atmosf\u00e9ra stoj\u00ed za to. Obrovsk\u00e9 porcie, \u017eiv\u00e1 hudba, litrov\u00e9 poh\u00e1re.<\/li>\n<li><strong>Augustiner-Keller<\/strong> \u2014 miestni sem chodia rad\u0161ej ako do Hofbr\u00e4uhaus. V\u00fdborn\u00e9 pivo priamo zo suda (Holzfass), pokojnej\u0161ia atmosf\u00e9ra.<\/li>\n<li><strong>Wirtshaus in der Au<\/strong> \u2014 zn\u00e1my najlep\u0161\u00edm Kaiserschmarrnom v meste. Rezervujte vopred.<\/li>\n<li><strong>Schneider Br\u00e4uhaus<\/strong> \u2014 domov p\u0161eni\u010dn\u00e9ho piva Schneider Weisse. Skvel\u00e9 Schweinshaxe.<\/li>\n<li><strong>Viktualienmarkt<\/strong> \u2014 nie re\u0161taur\u00e1cia, ale tr\u017enica, kde si posklad\u00e1te vlastn\u00fd obed. Syry, klob\u00e1sy, ovocie, pe\u010divo \u2014 lacnej\u0161ie a autentickej\u0161ie ne\u017e re\u0161taur\u00e1cie v centre.<\/li>\n<\/ul>\n<p>A e\u0161te jeden tip navy\u0161e: \u00faplnou n\u00e1hodou sme narazili <b>na <\/b><strong>mal\u00fd poklad k\u00fasok od Eisbachu<\/strong>. Mal\u00e1 \u00e1zijsk\u00e1 re\u0161taur\u00e1cia <a href=\"https:\/\/www.tripadvisor.cz\/Restaurant_Review-g187309-d8418090-Reviews-Halong_Bay-Munich_Upper_Bavaria_Bavaria.html\" target=\"_blank\" rel=\"noopener\"><strong>Halong Bay<\/strong><\/a> n\u00e1s naozaj prekvapila, hoci to vn\u00fatri nevyzer\u00e1 nijako extra l\u00e1kavo, <strong>tak dobr\u00fd Pad Thai sme nemali ani za cel\u00fd mesiac v Thajsku<\/strong>, Luk\u00e1\u0161 prehl\u00e1sil, \u017ee maj\u00fa najlep\u0161\u00ed Pho v Eur\u00f3pe a boli sme tak nad\u0161en\u00ed, \u017ee sme si objednali aj sushi. Op\u00e4\u0165 fenomen\u00e1lne. Navy\u0161e, ceny boli na Mn\u00edchov n\u00edzke.<\/p>\n<h2 class=\"wp-block-heading\"><span class=\"ez-toc-section\" id=\"Pivne_zahradky_Biergarten_%E2%80%94_kde_si_dat_pivo_ako_miestni\"><\/span><span class=\"ez-toc-section\" id=\"Pivni_zahradky_Biergarten_%E2%80%94_kde_si_dat_pivo_jako_mistni\"><\/span><span class=\"ez-toc-section\" id=\"pivne-zahradky-biergarten\">Pivn\u00e9 z\u00e1hradky (Bierg\u00e4rten) \u2014 kde si da\u0165 pivo ako miestni<\/span><span class=\"ez-toc-section-end\"><\/span><span class=\"ez-toc-section-end\"><\/span><\/h2>\n<p>Pivn\u00e9 z\u00e1hradky patria k Mn\u00edchovu rovnako ako Marienplatz. Funguj\u00fa od apr\u00edla do okt\u00f3bra a plat\u00ed nep\u00edsan\u00e9 pravidlo \u2014 <strong>vlastn\u00e9 jedlo si m\u00f4\u017eete prinies\u0165, pivo kupujete na mieste<\/strong>. To sa ur\u010dite oplat\u00ed, v\u0161ak? \ud83d\ude01<\/p>\n<ul class=\"wp-block-list\">\n<li><strong>Hirschgarten<\/strong> \u2014 8 000 miest, najv\u00e4\u010d\u0161ia pivn\u00e1 z\u00e1hradka na svete. Ukryt\u00e1 v parku za z\u00e1mkom Nymphenburg, tak\u017ee ju m\u00f4\u017eete spoji\u0165 s prehliadkou z\u00e1mku.<\/li>\n<li><strong>Augustiner-Keller<\/strong> \u2014 5 000 miest pod ga\u0161tanmi. Pivo sa \u010dapuje priamo z dreven\u00fdch sudov (Holzfass), \u010do je v Mn\u00edchove rarita aj medzi pivn\u00fdmi z\u00e1hradkami.<\/li>\n<li><strong>Chinesischer Turm<\/strong> \u2014 priamo v Anglickej z\u00e1hrade pri \u010d\u00ednskej pagode. Najfotogenickej\u0161ia z\u00e1hradka v meste.<\/li>\n<li><strong>Seehaus<\/strong> \u2014 pri jazere Kleinhesseloher See v Anglickej z\u00e1hrade. Romantickej\u0161ia atmosf\u00e9ra, skvel\u00e9 na podve\u010der.<\/li>\n<li><strong>Viktualienmarkt Biergarten<\/strong> \u2014 mal\u00e1 z\u00e1hradka priamo na tr\u017enici v centre. Ide\u00e1lna na r\u00fdchle pivo medzi prehliadkami.<\/li>\n<\/ul>\n<p><strong>Tip:<\/strong> Ma\u00df (liter piva) stoj\u00ed v z\u00e1hradk\u00e1ch okolo 12-14 \u20ac. Ak chcete u\u0161etri\u0165, objednajte si Halbe (polliter) za 6-7 \u20ac.<\/p>\n<h2 class=\"wp-block-heading\"><span class=\"ez-toc-section\" id=\"Oktoberfest_%E2%80%94_prakticky_sprievodca\"><\/span><span class=\"ez-toc-section\" id=\"Oktoberfest_%E2%80%94_prakticky_pruvodce\"><\/span><span class=\"ez-toc-section\" id=\"oktoberfest-prakticky-sprievodca\">Oktoberfest \u2014 praktick\u00fd sprievodca<\/span><span class=\"ez-toc-section-end\"><\/span><span class=\"ez-toc-section-end\"><\/span><\/h2>\n<p>Najv\u00e4\u010d\u0161\u00ed pivn\u00fd festival na svete sa kon\u00e1 ka\u017edoro\u010dne od polovice septembra do prv\u00e9ho okt\u00f3brov\u00e9ho v\u00edkendu na v\u00fdstavisku Theresienwiese (U-Bahn stanica Theresienwiese). Vstup na festival je <strong>zadarmo<\/strong> \u2014 plat\u00edte za pivo a jedlo.<\/p>\n<h3 class=\"wp-block-heading\"><span class=\"ez-toc-section\" id=\"Zakladne_info\"><\/span><span class=\"ez-toc-section\" id=\"Zakladni_info\"><\/span>Z\u00e1kladn\u00e9 info<span class=\"ez-toc-section-end\"><\/span><span class=\"ez-toc-section-end\"><\/span><\/h3>\n<figure class=\"wp-block-table\">\n<table>\n<tbody>\n<tr>\n<td><strong>Kedy<\/strong><\/td>\n<td>Cca 16 dn\u00ed, od tretej soboty v septembri do prvej nedele v okt\u00f3bri<\/td>\n<\/tr>\n<tr>\n<td><strong>Vstup<\/strong><\/td>\n<td>Zadarmo (plat\u00edte za pivo a jedlo)<\/td>\n<\/tr>\n<tr>\n<td><strong>Ma\u00df piva (1 liter)<\/strong><\/td>\n<td>Okolo 15-16 \u20ac (ceny rast\u00fa ka\u017ed\u00fd rok)<\/td>\n<\/tr>\n<tr>\n<td><strong>N\u00e1v\u0161tevnos\u0165<\/strong><\/td>\n<td>Cez 6 mili\u00f3nov \u013eud\u00ed ro\u010dne<\/td>\n<\/tr>\n<tr>\n<td><strong>Kde<\/strong><\/td>\n<td>Theresienwiese (U-Bahn: Theresienwiese)<\/td>\n<\/tr>\n<\/tbody>\n<\/table>\n<\/figure>\n<h3 class=\"wp-block-heading\"><span class=\"ez-toc-section\" id=\"Tipy_ako_si_Oktoberfest_uzit\"><\/span><span class=\"ez-toc-section\" id=\"Tipy_jak_si_Oktoberfest_uzit\"><\/span>Tipy, ako si Oktoberfest u\u017ei\u0165<span class=\"ez-toc-section-end\"><\/span><span class=\"ez-toc-section-end\"><\/span><\/h3>\n<ul class=\"wp-block-list\">\n<li><strong>Pr\u00ed\u010fte vo v\u0161edn\u00fd de\u0148 dopoludnia<\/strong> \u2014 cez v\u00edkend a ve\u010der s\u00fa stany preplnen\u00e9 a dostanete sa dovn\u00fatra len s rezerv\u00e1ciou.<\/li>\n<li><strong>Rezerv\u00e1cia stanu<\/strong> \u2014 ak chcete istotu miesta, rezervujte 6-9 mesiacov vopred priamo na str\u00e1nkach vybran\u00e9ho stanu (Augustiner, Hofbr\u00e4u, Paulaner\u2026).<\/li>\n<li><strong>Men\u0161ie stany<\/strong> \u2014 Augustiner-Festhalle a Fischer-Vroni maj\u00fa pokojnej\u0161iu atmosf\u00e9ru ne\u017e obrovsk\u00fd Hofbr\u00e4u-Festzelt.<\/li>\n<li><strong>Ubytovanie<\/strong> \u2014 po\u010das Oktoberfestu s\u00fa ceny hotelov 2-3x vy\u0161\u0161ie. Rezervujte \u010do najsk\u00f4r, alebo zv\u00e1\u017ete ubytovanie v mest\u00e1ch na S-Bahn trase (Dachau, Freising).<\/li>\n<\/ul>\n<h3 class=\"wp-block-heading\"><span class=\"ez-toc-section\" id=\"Mimo_sezony\"><\/span><span class=\"ez-toc-section\" id=\"Mimo_sezonu\"><\/span>Mimo sez\u00f3ny<span class=\"ez-toc-section-end\"><\/span><span class=\"ez-toc-section-end\"><\/span><\/h3>\n<p>Ak na Oktoberfest nestihnete, sk\u00faste <strong>Starkbierfest<\/strong> (marec) \u2014 miestna alternat\u00edva s e\u0161te silnej\u0161\u00edm pivom, bez davov turistov. Alebo <strong>Fr\u00fchlingsfest<\/strong> (apr\u00edl-m\u00e1j) \u2014 men\u0161ia jarn\u00e1 verzia Oktoberfestu na tom istom mieste. My sme na Oktoberfeste neboli, ale nabud\u00face to rozhodne pl\u00e1nujeme.<\/p>\n<h2 class=\"wp-block-heading\"><span class=\"ez-toc-section\" id=\"Nakupovanie_a_trhy\"><\/span><span class=\"ez-toc-section\" id=\"Nakupovani_a_trhy\"><\/span><span class=\"ez-toc-section\" id=\"nakupovanie-a-trhy\">Nakupovanie a trhy<\/span><span class=\"ez-toc-section-end\"><\/span><span class=\"ez-toc-section-end\"><\/span><\/h2>\n<p>My na nakupovanie nie sme, tak\u017ee v\u00e1m toho a\u017e tak ve\u013ea neodporu\u010d\u00edme, ale p\u00e1r miest n\u00e1m zostalo v pam\u00e4ti.<\/p>\n<h3 class=\"wp-block-heading\"><span class=\"ez-toc-section\" id=\"Trh_Viktualienmarkt\"><\/span><span class=\"ez-toc-section\" id=\"Trh_Viktualienmarkt\"><\/span>Trh Viktualienmarkt<span class=\"ez-toc-section-end\"><\/span><span class=\"ez-toc-section-end\"><\/span><\/h3>\n<p>Ak chcete ochutna\u0165 nejak\u00fa miestnu dobrotu, <b>zamierte na Viktualienmarkt, kde n\u00e1jdete sn\u00e1\u010f \u00faplne v\u0161etko<\/b>. Od \u010derstvej zeleniny, cez korenie a\u017e po miestne bavorsk\u00e9 \u0161peciality.<\/p>\n<div class=\"wp-block-image wp-image-54190\">\n<figure class=\"aligncenter\"><img decoding=\"async\" src=\"https:\/\/www.loudavymkrokem.cz\/wp-content\/uploads\/2023\/05\/viktualienmarkt-2048x1366.jpg\" alt=\"Trh v Mn\u00edchove\" class=\"wp-image-54190\" title=\"\"><figcaption class=\"wp-element-caption\">Trh v Mn\u00edchove<\/figcaption><\/figure>\n<\/div>\n<h3 class=\"wp-block-heading\"><span class=\"ez-toc-section\" id=\"Kaufingerstrase_a_Neuhauser_Strase\"><\/span><span class=\"ez-toc-section\" id=\"Kaufingerstrase_a_Neuhauser_Strase\"><\/span>Kaufingerstra\u00dfe a Neuhauser Stra\u00dfe<span class=\"ez-toc-section-end\"><\/span><span class=\"ez-toc-section-end\"><\/span><\/h3>\n<p><strong>Hlavn\u00e1 n\u00e1kupn\u00e1 z\u00f3na Mn\u00edchova<\/strong> \u2014 pe\u0161ia ulica sp\u00e1jaj\u00faca Marienplatz a Karlsplatz (Stachus). N\u00e1jdete tu ve\u013ek\u00e9 zna\u010dky, obchody so suven\u00edrmi aj mno\u017estvo kaviarn\u00ed na oddych medzi n\u00e1kupmi.<\/p>\n<h3 class=\"wp-block-heading\"><span class=\"ez-toc-section\" id=\"Dallmayr\"><\/span><span class=\"ez-toc-section\" id=\"Dallmayr\"><\/span>Dallmayr<span class=\"ez-toc-section-end\"><\/span><span class=\"ez-toc-section-end\"><\/span><\/h3>\n<p>Legend\u00e1rne mn\u00edchovsk\u00e9 lah\u00f4dk\u00e1rstvo, ktor\u00e9 funguje od roku 1700. Aj ke\u010f ni\u010d nek\u00fapite, stoj\u00ed za n\u00e1v\u0161tevu len tak na pozretie \u2014 n\u00e1jdete tu exotick\u00e9 ovocie, \u010dokol\u00e1du, syry a \u010daje z cel\u00e9ho sveta. Ich k\u00e1va je presl\u00e1ven\u00e1 po celom Nemecku.<\/p>\n<h3 class=\"wp-block-heading\"><span class=\"ez-toc-section\" id=\"Vianocne_trhy\"><\/span><span class=\"ez-toc-section\" id=\"Vanocni_trhy\"><\/span>Viano\u010dn\u00e9 trhy<span class=\"ez-toc-section-end\"><\/span><span class=\"ez-toc-section-end\"><\/span><\/h3>\n<p>Ak do Mn\u00edchova vyraz\u00edte v decembri, <strong>viano\u010dn\u00e9 trhy s\u00fa absol\u00fatna povinnos\u0165<\/strong>. Hlavn\u00fd Christkindlmarkt na Marienplatz je obrovsk\u00fd a kr\u00e1sne nasvieten\u00fd. Pre nie\u010do neobvykl\u00e9 sk\u00faste Mittelaltermarkt (stredovek\u00fd trh) \u2014 tam dostanete varen\u00e9 v\u00edno v hlinenom poh\u00e1ri a c\u00edtite sa ako v stredoveku. \ud83d\ude0a<\/p>\n<h2 class=\"wp-block-heading\"><span class=\"ez-toc-section\" id=\"Vylety_z_Mnichova_na_jeden_den\"><\/span><span class=\"ez-toc-section\" id=\"Vylety_z_Mnichova_na_jeden_den\"><\/span><span class=\"ez-toc-section\" id=\"vylety-z-mnichova-na-jeden-den\">V\u00fdlety z Mn\u00edchova na jeden de\u0148<\/span><span class=\"ez-toc-section-end\"><\/span><span class=\"ez-toc-section-end\"><\/span><\/h2>\n<p>Mn\u00edchov je skvelou z\u00e1klad\u0148ou pre v\u00fdlety do bavorsk\u00fdch \u00c1lp aj okolit\u00fdch miest. V\u0161etky zvl\u00e1dnete za de\u0148 a v\u00e4\u010d\u0161inu aj bez auta v\u010faka Bayern Ticket.<\/p>\n<h3 class=\"wp-block-heading\"><span class=\"ez-toc-section\" id=\"Zamok_Neuschwanstein\"><\/span><span class=\"ez-toc-section\" id=\"Zamek_Neuschwanstein\"><\/span>Z\u00e1mok Neuschwanstein<span class=\"ez-toc-section-end\"><\/span><span class=\"ez-toc-section-end\"><\/span><\/h3>\n<p>Rozpr\u00e1vkov\u00fd z\u00e1mok kr\u00e1\u013ea \u013dudov\u00edta II. je najfotografovanej\u0161ia pamiatka Nemecka. Vlakom do F\u00fcssenu (2 hodiny), potom autobusom k z\u00e1mku. <strong>Vstupenky kupujte online vopred<\/strong> \u2014 na mieste b\u00fdvaj\u00fa vypredan\u00e9. Vstup okolo 15 \u20ac, prehliadka trv\u00e1 cca 35 min\u00fat. Cesta je s\u00edce dlh\u0161ia, ale ten v\u00fdh\u013ead na z\u00e1mok zasaden\u00fd do alpskej scen\u00e9rie stoj\u00ed za ka\u017ed\u00fa min\u00fatu.<\/p>\n<h3 class=\"wp-block-heading\"><span class=\"ez-toc-section\" id=\"Zugspitze\"><\/span><span class=\"ez-toc-section\" id=\"Zugspitze\"><\/span>Zugspitze<span class=\"ez-toc-section-end\"><\/span><span class=\"ez-toc-section-end\"><\/span><\/h3>\n<p>Najvy\u0161\u0161ia hora Nemecka (2 962 m). Vlakom do Garmisch-Partenkirchen (1,5 hodiny), potom ozubnicovou dr\u00e1hou a lanovkou na vrchol. <strong>V\u00fdh\u013ead na 4 krajiny<\/strong> \u2014 Nemecko, Rak\u00fasko, Taliansko a \u0160vaj\u010diarsko. Spiato\u010dn\u00e1 l\u00edstka cca 40-60 \u20ac. Ak m\u00e1te radi hory, toto je nezabudnute\u013en\u00fd z\u00e1\u017eitok.<\/p>\n<h3 class=\"wp-block-heading\"><span class=\"ez-toc-section\" id=\"Salzburg_Rakusko\"><\/span><span class=\"ez-toc-section\" id=\"Salzburg_Rakousko\"><\/span>Salzburg (Rak\u00fasko)<span class=\"ez-toc-section-end\"><\/span><span class=\"ez-toc-section-end\"><\/span><\/h3>\n<p>Mozartovo mesto je len 1,5 hodiny vlakom z Mn\u00edchova. Star\u00e9 mesto je UNESCO pamiatka, Hohensalzburg je jedna z najv\u00e4\u010d\u0161\u00edch pevnost\u00ed v Eur\u00f3pe. <strong>S Bayern Ticket sa dostanete do Salzburgu za cenu region\u00e1lnej l\u00edstky<\/strong> \u2014 \u00e1no, Bayern Ticket plat\u00ed a\u017e do Salzburgu!<\/p>\n<h3 class=\"wp-block-heading\"><span class=\"ez-toc-section\" id=\"Kralovske_jazero_Konigssee\"><\/span><span class=\"ez-toc-section\" id=\"Kralovske_jezero_Konigssee\"><\/span>Kr\u00e1\u013eovsk\u00e9 jazero (K\u00f6nigssee)<span class=\"ez-toc-section-end\"><\/span><span class=\"ez-toc-section-end\"><\/span><\/h3>\n<p>Smaragdovo zelen\u00e9 jazero obklopen\u00e9 strm\u00fdmi skalami. Vlakom do Berchtesgadenu (2,5 hodiny), potom autobusom k jazeru. <strong>Lodn\u00fd v\u00fdlet k barokov\u00e9mu kostol\u00edku sv. Bartolomeja je nezabudnute\u013en\u00fd z\u00e1\u017eitok.<\/strong> Voda je tak \u010dist\u00e1, \u017ee ju m\u00f4\u017eete pi\u0165 priamo z jazera \u2014 aspo\u0148 n\u00e1m tak povedal sprievodca na lodi. \ud83d\ude0a<\/p>\n<h3 class=\"wp-block-heading\"><span class=\"ez-toc-section\" id=\"Koncentracny_tabor_Dachau\"><\/span><span class=\"ez-toc-section\" id=\"Koncentracni_tabor_Dachau\"><\/span>Koncentra\u010dn\u00fd t\u00e1bor Dachau<span class=\"ez-toc-section-end\"><\/span><span class=\"ez-toc-section-end\"><\/span><\/h3>\n<p>Pam\u00e4tn\u00edk prv\u00e9ho nacistick\u00e9ho koncentra\u010dn\u00e9ho t\u00e1bora. S-Bahnom z Mn\u00edchova za 25 min\u00fat (linka S2 do Dachau, potom autobus 726). Vstup zadarmo, audiosprievodca 4,50 \u20ac. Po\u010d\u00edtajte s minim\u00e1lne 3 hodinami. Nie je to \u013eahk\u00e1 n\u00e1v\u0161teva, ale je d\u00f4le\u017eit\u00e1.<\/p>\n<h2 class=\"wp-block-heading\"><span class=\"ez-toc-section\" id=\"Doprava_v_Mnichove_a_ako_sa_tam_dostat\"><\/span><span class=\"ez-toc-section\" id=\"Doprava_v_Mnichove_a_jak_se_tam_dostat\"><\/span><span class=\"ez-toc-section\" id=\"doprava-v-mnichove-a-ako-sa-tam-dostat\">Doprava v Mn\u00edchove a ako sa tam dosta\u0165<\/span><span class=\"ez-toc-section-end\"><\/span><span class=\"ez-toc-section-end\"><\/span><\/h2>\n<h3 class=\"wp-block-heading\"><span class=\"ez-toc-section\" id=\"Ako_sa_dostat_do_Mnichova\"><\/span><span class=\"ez-toc-section\" id=\"Jak_se_dostat_do_Mnichova\"><\/span>Ako sa dosta\u0165 do Mn\u00edchova<span class=\"ez-toc-section-end\"><\/span><span class=\"ez-toc-section-end\"><\/span><\/h3>\n<p><b>Autobusom:<\/b> Do Mn\u00edchova sa dostanete z Bratislavy najlep\u0161ie <a class=\"thirstylink\" rel=\"nofollow noopener sponsored\" target=\"_blank\" title=\"Flixbus\" href=\"https:\/\/loudavymkrokem.cz\/doporucujeme\/flixbus\/\" data-shortcode=\"true\"><strong>Flixbusom<\/strong><\/a>. <a class=\"thirstylink\" rel=\"nofollow\" target=\"_blank\" title=\"Flixbus\" href=\"https:\/\/loudavymkrokem.cz\/doporucujeme\/flixbus\/\" data-shortcode=\"true\">Flixbus<\/a> obsadzuje autobus podobne ako leteck\u00e9 spolo\u010dnosti, tak\u017ee sa oplat\u00ed k\u00fapi\u0165 l\u00edstok \u010do najsk\u00f4r. \u010c\u00edm viac je autobus zaplnen\u00fd, t\u00fdm drah\u0161\u00ed l\u00edstok je. Cesta trv\u00e1 pribli\u017ene 4-5 hod\u00edn a autobusy s\u00fa pohodln\u00e9.<\/p>\n<p><b>Vlakom:<\/b> Z Bratislavy sa do Mn\u00edchova dostanete vlakom cez Viede\u0148 alebo Linz, cesta trv\u00e1 cca 5-6 hod\u00edn. Ak k\u00fapite l\u00edstok v\u010das cez e-shop DB alebo \u00d6BB, cena m\u00f4\u017ee by\u0165 ve\u013emi priazniv\u00e1.<\/p>\n<p><b>Autom:<\/b> Z Bratislavy po dia\u013enici cez Viede\u0148 a Salzburg, cca 4-5 hod\u00edn. Nezabudnite na rak\u00fasku dia\u013eni\u010dn\u00fa zn\u00e1mku! Nemeck\u00e9 dia\u013enice s\u00fa pre osobn\u00e9 aut\u00e1 zadarmo. Parkovanie v centre Mn\u00edchova je ale drah\u00e9 \u2014 po\u010d\u00edtajte s 15-25 \u20ac za de\u0148.<\/p>\n<p><b>Letecky:<\/b> Z Bratislavy aj Ko\u0161\u00edc existuj\u00fa priame alebo prestupovacie lety do Mn\u00edchova. Letenky sa oplat\u00ed sledova\u0165 s predstihom \u2014 niekedy n\u00e1jdete v\u00fdhodn\u00e9 ponuky.<\/p>\n<div class=\"wp-block-image\">\n<figure class=\"aligncenter\"><img decoding=\"async\" src=\"https:\/\/www.loudavymkrokem.cz\/wp-content\/uploads\/2023\/05\/Jeli_jsme_flixbusem_do_mnichova-4-1536x2048.jpg\" alt=\"Cestovanie Flixbusom do Mn\u00edchova\" class=\"wp-image-54213\" title=\"\"><\/figure>\n<\/div>\n<h3 class=\"wp-block-heading\"><span class=\"ez-toc-section\" id=\"MHD_v_Mnichove\"><\/span><span class=\"ez-toc-section\" id=\"MHD_v_Mnichove\"><\/span>MHD v Mn\u00edchove<span class=\"ez-toc-section-end\"><\/span><span class=\"ez-toc-section-end\"><\/span><\/h3>\n<p>Mn\u00edchovsk\u00e1 MHD (MVV) je vynikaj\u00faca \u2014 metro (U-Bahn), pr\u00edmestsk\u00e9 vlaky (S-Bahn), elektri\u010dky a autobusy pokr\u00fdvaj\u00fa cel\u00e9 mesto. <strong>Denn\u00e1 l\u00edstka stoj\u00ed okolo 9,20 \u20ac<\/strong> a oplat\u00ed sa prakticky v\u017edy, ak pl\u00e1nujete jazdi\u0165 viac ako dvakr\u00e1t.<\/p>\n<p><strong>Tip:<\/strong> Stiahnite si aplik\u00e1ciu <strong>DB Navigator<\/strong> \u2014 cez \u0148u k\u00fapite v\u0161etky l\u00edstky (MHD aj region\u00e1lne vlaky) a nemus\u00edte sa tr\u00e1pi\u0165 s automatmi na stanici.<\/p>\n<h3 class=\"wp-block-heading\"><span class=\"ez-toc-section\" id=\"Bayern_Ticket\"><\/span><span class=\"ez-toc-section\" id=\"Bayern_Ticket\"><\/span>Bayern Ticket<span class=\"ez-toc-section-end\"><\/span><span class=\"ez-toc-section-end\"><\/span><\/h3>\n<p><strong>Bayern Ticket je najlep\u0161\u00ed kamar\u00e1t cestovate\u013ea v Bavorsku.<\/strong> Plat\u00ed cel\u00fd de\u0148 na region\u00e1lne vlaky (RE, RB, S-Bahn) a mestsk\u00fa MHD po celom Bavorsku \u2014 vr\u00e1tane Mn\u00edchova. Cena: <strong>29 \u20ac pre 1 osobu<\/strong>, ka\u017ed\u00e1 \u010fal\u0161ia +10 \u20ac (max 5 os\u00f4b). \u010c\u00edm viac \u013eud\u00ed, t\u00fdm lacnej\u0161ie na osobu. K\u00fapte online cez DB Navigator \u2014 vo vlaku je pr\u00edplatok.<\/p>\n<p><strong>Pozor:<\/strong> Bayern Ticket plat\u00ed a\u017e od 9:00 vo v\u0161edn\u00e9 dni (cez v\u00edkend bez obmedzenia) a len na region\u00e1lne vlaky, nie na r\u00fdchliky (ICE, IC, EC).<\/p>\n<h3 class=\"wp-block-heading\"><span class=\"ez-toc-section\" id=\"CityTourCard_Munchen\"><\/span><span class=\"ez-toc-section\" id=\"CityTourCard_Munchen\"><\/span>CityTourCard M\u00fcnchen<span class=\"ez-toc-section-end\"><\/span><span class=\"ez-toc-section-end\"><\/span><\/h3>\n<p>Ak pl\u00e1nujete nav\u0161t\u00edvi\u0165 viac platen\u00fdch atrakci\u00ed, <strong>CityTourCard M\u00fcnchen<\/strong> sa m\u00f4\u017ee oplati\u0165. Zah\u0155\u0148a MHD + z\u013eavy 10-50 % na atrakcie (m\u00faze\u00e1, prehliadky, zoo). Na 1 de\u0148 od 15,90 \u20ac, na 3 dni od 29,90 \u20ac. Oplat\u00ed sa, ak pl\u00e1nujete nav\u0161t\u00edvi\u0165 2+ platen\u00e9 atrakcie denne.<\/p>\n<h2 class=\"wp-block-heading\"><span class=\"ez-toc-section\" id=\"Kolko_stoji_Mnichov_%E2%80%94_rozpocet_a_tipy_na_uspory\"><\/span><span class=\"ez-toc-section\" id=\"Kolik_stoji_Mnichov_%E2%80%94_rozpocet_a_tipy_na_uspory\"><\/span><span class=\"ez-toc-section\" id=\"kolko-stoji-mnichov-rozpocet-a-tipy-na-uspory\">Ko\u013eko stoj\u00ed Mn\u00edchov \u2014 rozpo\u010det a tipy na \u00faspory<\/span><span class=\"ez-toc-section-end\"><\/span><span class=\"ez-toc-section-end\"><\/span><\/h2>\n<p>Mn\u00edchov je jedno z najdrah\u0161\u00edch miest v Nemecku, ale s trochou pl\u00e1novania sa d\u00e1 zvl\u00e1dnu\u0165 rozumne. Nebudeme si ni\u010d nahov\u00e1ra\u0165 \u2014 lacn\u00e9 to nie je. Ale ke\u010f viete, kde u\u0161etri\u0165, d\u00e1 sa to.<\/p>\n<h3 class=\"wp-block-heading\"><span class=\"ez-toc-section\" id=\"Orientacny_denny_rozpocet_1_osoba\"><\/span><span class=\"ez-toc-section\" id=\"Orientacni_denni_rozpocet_1_osoba\"><\/span>Orienta\u010dn\u00fd denn\u00fd rozpo\u010det (1 osoba)<span class=\"ez-toc-section-end\"><\/span><span class=\"ez-toc-section-end\"><\/span><\/h3>\n<figure class=\"wp-block-table\">\n<table>\n<tbody>\n<tr>\n<td><strong>Polo\u017eka<\/strong><\/td>\n<td><strong>Budget<\/strong><\/td>\n<td><strong>Mid-range<\/strong><\/td>\n<\/tr>\n<tr>\n<td>Ubytovanie<\/td>\n<td>40-60 \u20ac (hostel)<\/td>\n<td>100-150 \u20ac (hotel)<\/td>\n<\/tr>\n<tr>\n<td>Jedlo<\/td>\n<td>20-30 \u20ac<\/td>\n<td>40-60 \u20ac<\/td>\n<\/tr>\n<tr>\n<td>MHD<\/td>\n<td>9,20 \u20ac (denn\u00e1)<\/td>\n<td>9,20 \u20ac<\/td>\n<\/tr>\n<tr>\n<td>Vstupy<\/td>\n<td>10-15 \u20ac<\/td>\n<td>20-30 \u20ac<\/td>\n<\/tr>\n<tr>\n<td><strong>Celkom<\/strong><\/td>\n<td><strong>80-115 \u20ac<\/strong><\/td>\n<td><strong>170-250 \u20ac<\/strong><\/td>\n<\/tr>\n<\/tbody>\n<\/table><figcaption class=\"wp-element-caption\">Orienta\u010dn\u00fd denn\u00fd rozpo\u010det pre Mn\u00edchov<\/figcaption><\/figure>\n<h3 class=\"wp-block-heading\"><span class=\"ez-toc-section\" id=\"Ako_usetrit\"><\/span><span class=\"ez-toc-section\" id=\"Jak_usetrit\"><\/span>Ako u\u0161etri\u0165<span class=\"ez-toc-section-end\"><\/span><span class=\"ez-toc-section-end\"><\/span><\/h3>\n<ul class=\"wp-block-list\">\n<li><strong>CityTourCard M\u00fcnchen<\/strong> \u2014 zah\u0155\u0148a MHD + z\u013eavy 10-50 % na atrakcie. Na 1 de\u0148 od 15,90 \u20ac, na 3 dni od 29,90 \u20ac.<\/li>\n<li><strong>Bayern Ticket<\/strong> \u2014 pre v\u00fdlety mimo Mn\u00edchova. \u010c\u00edm viac \u013eud\u00ed, t\u00fdm lacnej\u0161ie na osobu.<\/li>\n<li><strong>Nede\u013ea v m\u00fazeu<\/strong> \u2014 nieko\u013eko mn\u00edchovsk\u00fdch m\u00faze\u00ed (Pinakotheken, Glyptothek) pon\u00faka v nede\u013eu vstup za pouh\u00e9 1 \u20ac. Toto je naozaj bomba.<\/li>\n<li><strong>Viktualienmarkt na obed<\/strong> \u2014 lacnej\u0161ie a autentickej\u0161ie ne\u017e re\u0161taur\u00e1cie v centre.<\/li>\n<li><strong>Voda z koh\u00fatika<\/strong> \u2014 v Mn\u00edchove je v\u00fdborn\u00e1, noste si vlastn\u00fa f\u013ea\u0161u.<\/li>\n<li><strong>Anglick\u00e1 z\u00e1hrada<\/strong> \u2014 najlep\u0161\u00ed mn\u00edchovsk\u00fd z\u00e1\u017eitok je \u00faplne zadarmo.<\/li>\n<\/ul>\n<h2 class=\"wp-block-heading\"><span class=\"ez-toc-section\" id=\"Kde_sa_v_Mnichove_ubytovat_%E2%80%94_stylovo_a_za_rozumnu_cenu\"><\/span><span class=\"ez-toc-section\" id=\"Kde_se_v_Mnichove_ubytovat_%E2%80%94_stylove_a_za_rozumnou_cenu\"><\/span><span class=\"ez-toc-section\" id=\"kde-sa-v-mnichove-ubytovat\">Kde sa v Mn\u00edchove ubytova\u0165 \u2014 \u0161t\u00fdlovo a za rozumn\u00fa cenu<\/span><span class=\"ez-toc-section-end\"><\/span><span class=\"ez-toc-section-end\"><\/span><\/h2>\n<p><strong>V Mn\u00edchove je toho na videnie to\u013eko, \u017ee v\u00e1m jeden de\u0148 sta\u010di\u0165 nebude.<\/strong> My sme v Mn\u00edchove str\u00e1vili dve noci (necel\u00e9 tri dni) a bolo to akur\u00e1t. Tu je na\u0161e osobn\u00e9 odpor\u00fa\u010danie na ubytovanie, s ktor\u00fdm sme boli nadmieru spokojn\u00ed.<\/p>\n<p><strong>Na\u0161e top odpor\u00fa\u010danie: <a title=\"Motel One M\u00fcnchen - Deutsches Museum\" href=\"https:\/\/loudavymkrokem.cz\/doporucujeme\/motel-one-munchen-deutsches-museum\/\" target=\"_blank\" rel=\"noopener noreferrer sponsored\">Motel One M\u00fcnchen &#8211; Deutsches Museum<\/a><\/strong><\/p>\n<p><b>Motel One, ktor\u00fd je desa\u0165 min\u00fat ch\u00f4dze od centra Mn\u00edchova, mal v\u0161etko, \u010do m\u00e1me na hoteloch radi. <\/b>N\u00e1dhern\u00fd dizajn, priestor na pr\u00e1cu a ra\u0148ajky kr\u00e1\u013eov v bio kvalite. Navy\u0161e sme dostali izbu v deviatom poschod\u00ed a mali sme r\u00e1no v\u00fdh\u013ead na cel\u00fd Mn\u00edchov aj s horami v pozad\u00ed! Da\u0148ou za pr\u00edjemn\u00fa cenu s\u00fa men\u0161ie izby, ale tie s\u00fa tak \u0161ikovne rie\u0161en\u00e9, \u017ee nebolo na \u010do sa s\u0165a\u017eova\u0165.<\/p>\n<p>Okrem hotela pri Deutsches museu m\u00e1 Motel One \u010fal\u0161\u00edch sedem pobo\u010diek rozmiestnen\u00fdch po celom meste. Ak chcete by\u0165 priamo uprostred centra, zvo\u013ete <strong><a title=\"Motel One M\u00fcnchen Sendlinger Tor\" href=\"https:\/\/loudavymkrokem.cz\/doporucujeme\/motel-one-munchen-sendlinger-tor\/\" target=\"_blank\" rel=\"noopener noreferrer sponsored\">Motel One M\u00fcnchen Sendlinger Tor<\/a><\/strong>. Hotely s\u00fa cenovo a slu\u017ebami identick\u00e9, l\u00ed\u0161ia sa iba \u0161t\u00fdlom dizajnu.<\/p>\n<div class=\"wp-block-image wp-image-54189\">\n<figure class=\"aligncenter\"><img decoding=\"async\" src=\"https:\/\/www.loudavymkrokem.cz\/wp-content\/uploads\/2023\/05\/Motel_one_Munchen-2048x1366.jpg\" alt=\"Diev\u010da pracuj\u00face za stolom v hoteli Motel One\" class=\"wp-image-54189\" title=\"\"><figcaption class=\"wp-element-caption\">Motel One v Mn\u00edchove je \u00fa\u017easn\u00fd<\/figcaption><\/figure>\n<\/div>\n<p>Na cest\u00e1ch v\u00e1s m\u00f4\u017ee leda\u010do nepr\u00edjemne prekvapi\u0165, preto odpor\u00fa\u010dame nezab\u00fada\u0165 na <strong>cestovn\u00e9 poistenie<\/strong>. Osved\u010dilo sa n\u00e1m <strong>dlhodob\u00e9 poistenie od <a class=\"thirstylink\" rel=\"nofollow noopener sponsored\" target=\"_blank\" title=\"SW Mnichov\" href=\"https:\/\/loudavymkrokem.cz\/doporucujeme\/sw-mnichov\/\" data-shortcode=\"true\">SafetyWing<\/a><\/strong>, ktor\u00e9 sa d\u00e1 jednoducho uzavrie\u0165 online a plat\u00ed sa mesa\u010dne.<\/p>\n<p><strong>Cestujete s de\u0165mi?<\/strong> Pozrite sa na n\u00e1\u0161 <strong><a href=\"https:\/\/form.simpleshop.cz\/qGbKe\/\" target=\"_blank\" rel=\"noopener\">Cestovn\u00ed\u010dek Mn\u00edchov<\/a><\/strong> \u2014 detsk\u00fd cestovn\u00fd denn\u00edk, ktor\u00fd premen\u00ed n\u00e1v\u0161tevu bavorskej metropoly na dobrodru\u017en\u00fa v\u00fdpravu pre mal\u00fdch cestovate\u013eov od 5 do 12 rokov.<\/p>\n<figure class=\"wp-block-image size-full\"><img loading=\"lazy\" decoding=\"async\" width=\"1080\" height=\"1350\" src=\"https:\/\/loudavymkrokem.cz\/wp-content\/uploads\/2023\/10\/cestovnicek-mnichov.jpg\" alt=\"Cestovn\u00ed\u010dek Mn\u00edchov pre deti\" class=\"wp-image-94807\" title=\"\" srcset=\"https:\/\/loudavymkrokem.cz\/wp-content\/uploads\/2023\/10\/cestovnicek-mnichov.jpg 1080w, https:\/\/loudavymkrokem.cz\/wp-content\/uploads\/2023\/10\/cestovnicek-mnichov-240x300.jpg 240w, https:\/\/loudavymkrokem.cz\/wp-content\/uploads\/2023\/10\/cestovnicek-mnichov-700x875.jpg 700w, https:\/\/loudavymkrokem.cz\/wp-content\/uploads\/2023\/10\/cestovnicek-mnichov-768x960.jpg 768w, https:\/\/loudavymkrokem.cz\/wp-content\/uploads\/2023\/10\/cestovnicek-mnichov-696x870.jpg 696w\" sizes=\"auto, (max-width: 1080px) 100vw, 1080px\"><\/figure>\n<div style=\"gap: 20px;\" class=\"align-button-center ub-buttons orientation-button-row ub-flex-wrap wp-block-ub-button\" id=\"ub-button-4df31158-03fb-49db-b2b0-b74d6109916a\">\n<div class=\"ub-button-container\">\n\t\t\t<a href=\"https:\/\/form.simpleshop.cz\/qGbKe\/\" target=\"_blank\" rel=\"noopener noreferrer\" class=\"ub-button-block-main   ub-button-flex\" role=\"button\" style=\"--ub-button-background-color: #cf2e2e; --ub-button-color: #ffffff; --ub-button-border: none; --ub-button-hover-background-color: #313131; --ub-button-hover-color: #ffffff; --ub-button-hover-border: none; padding-top: 10px; padding-right: 10px; padding-bottom: 10px; padding-left: 10px; border-top-left-radius: 10px;; border-top-right-radius: 10px;; border-bottom-left-radius: 10px;; border-bottom-right-radius: 10px;; \"><\/p>\n<div class=\"ub-button-content-holder\" style=\"flex-direction: row\">\n\t\t\t\t\t<span class=\"ub-button-block-btn\">K\u00fapi\u0165 Cestovn\u00ed\u010dek (alebo stiahnu\u0165 uk\u00e1\u017eku)<\/span>\n\t\t\t\t<\/div>\n<p>\t\t\t<\/a>\n\t\t<\/div>\n<\/div>\n<h2 class=\"wp-block-heading\"><span class=\"ez-toc-section\" id=\"Mapa_Mnichova_so_vsetkymi_miestami\"><\/span><span class=\"ez-toc-section\" id=\"Mapa_Mnichova_se_vsemi_misty\"><\/span><span class=\"ez-toc-section\" id=\"mapa-mnichova-so-vsetkymi-miestami\">Mapa Mn\u00edchova so v\u0161etk\u00fdmi miestami<\/span><span class=\"ez-toc-section-end\"><\/span><span class=\"ez-toc-section-end\"><\/span><\/h2>\n<p>Stiahnite si interakt\u00edvnu mapu do Google Maps so v\u0161etk\u00fdmi miestami, o ktor\u00fdch hovor\u00edme v \u010dl\u00e1nku. M\u00e1te tak v\u0161etko po ruke priamo v telef\u00f3ne a nemus\u00edte ni\u010d h\u013eada\u0165.<\/p>\n<div style=\"gap: 20px;\" class=\"align-button-center ub-buttons orientation-button-row ub-flex-wrap wp-block-ub-button\" id=\"ub-button-8f2a4092-67fe-4df3-a782-9bdedbc48d16\">\n<div class=\"ub-button-container\">\n\t\t\t<a href=\"https:\/\/form.simpleshop.cz\/9l9x\/\" target=\"_blank\" rel=\"noopener noreferrer\" class=\"ub-button-block-main   ub-button-flex\" role=\"button\" style=\"--ub-button-background-color: #cf2e2e; --ub-button-color: #ffffff; --ub-button-border: none; --ub-button-hover-background-color: #313131; --ub-button-hover-color: #ffffff; --ub-button-hover-border: none; padding-top: 10px; padding-right: 10px; padding-bottom: 10px; padding-left: 10px; border-top-left-radius: 10px;; border-top-right-radius: 10px;; border-bottom-left-radius: 10px;; border-bottom-right-radius: 10px;; \"><\/p>\n<div class=\"ub-button-content-holder\" style=\"flex-direction: row\">\n\t\t\t\t\t<span class=\"ub-button-block-btn\">K\u00fapi\u0165 mapu za 2,50 \u20ac (cena jednej \u2615\ufe0f)<\/span>\n\t\t\t\t<\/div>\n<p>\t\t\t<\/a>\n\t\t<\/div>\n<\/div>\n<h2 class=\"wp-block-heading\"><span class=\"ez-toc-section\" id=\"Casto_kladene_otazky_o_Mnichove\"><\/span><span class=\"ez-toc-section\" id=\"Casto_kladene_otazky_o_Mnichove\"><\/span><span class=\"ez-toc-section\" id=\"casto-kladene-otazky-o-mnichove\">\u010casto kladen\u00e9 ot\u00e1zky o Mn\u00edchove<\/span><span class=\"ez-toc-section-end\"><\/span><span class=\"ez-toc-section-end\"><\/span><\/h2>\n<div id=\"rank-math-faq\" class=\"rank-math-block\">\n<div class=\"rank-math-list \">\n<div id=\"faq-question-1739000000001\" class=\"rank-math-list-item\">\n<h3 class=\"rank-math-question \"><span class=\"ez-toc-section\" id=\"Kolko_dni_potrebujem_na_Mnichov\"><\/span><span class=\"ez-toc-section\" id=\"Kolik_dni_potrebuji_na_Mnichov\"><\/span>Ko\u013eko dn\u00ed potrebujem na Mn\u00edchov?<span class=\"ez-toc-section-end\"><\/span><span class=\"ez-toc-section-end\"><\/span><\/h3>\n<div class=\"rank-math-answer \">\n<p>Na centrum a hlavn\u00e9 pamiatky sta\u010dia 2 dni. Ak chcete prida\u0165 v\u00fdlet (Neuschwanstein, Zugspitze), po\u010d\u00edtajte s 3 d\u0148ami. Na Mn\u00edchov s okol\u00edm s\u00fa ide\u00e1lne 4-5 dn\u00ed.<\/p>\n<\/div>\n<\/div>\n<div id=\"faq-question-1739000000002\" class=\"rank-math-list-item\">\n<h3 class=\"rank-math-question \"><span class=\"ez-toc-section\" id=\"Ako_sa_dostat_zo_Slovenska_do_Mnichova\"><\/span><span class=\"ez-toc-section\" id=\"Jak_se_dostat_z_Ceska_do_Mnichova\"><\/span>Ako sa dosta\u0165 zo Slovenska do Mn\u00edchova?<span class=\"ez-toc-section-end\"><\/span><span class=\"ez-toc-section-end\"><\/span><\/h3>\n<div class=\"rank-math-answer \">\n<p>Najlacnej\u0161ie autobusom (<a class=\"thirstylink\" rel=\"nofollow\" target=\"_blank\" title=\"Flixbus\" href=\"https:\/\/loudavymkrokem.cz\/doporucujeme\/flixbus\/\" data-shortcode=\"true\">Flixbus<\/a>, RegioJet) za 4-5 hod\u00edn z Bratislavy. Vlakom cez Viede\u0148 alebo Linz cca 5-6 hod\u00edn. Autom po dia\u013enici cez Viede\u0148 a Salzburg, cca 4-5 hod\u00edn z Bratislavy. Nemeck\u00e9 dia\u013enice s\u00fa pre osobn\u00e9 aut\u00e1 zadarmo, ale nezabudnite na rak\u00fasku dia\u013eni\u010dn\u00fa zn\u00e1mku.<\/p>\n<\/div>\n<\/div>\n<div id=\"faq-question-1739000000003\" class=\"rank-math-list-item\">\n<h3 class=\"rank-math-question \"><span class=\"ez-toc-section\" id=\"Aky_je_najlepsi_cas_na_navstevu_Mnichova\"><\/span><span class=\"ez-toc-section\" id=\"Jaky_je_nejlepsi_cas_na_navstevu_Mnichova\"><\/span>Ak\u00fd je najlep\u0161\u00ed \u010das na n\u00e1v\u0161tevu Mn\u00edchova?<span class=\"ez-toc-section-end\"><\/span><span class=\"ez-toc-section-end\"><\/span><\/h3>\n<div class=\"rank-math-answer \">\n<p>M\u00e1j a\u017e okt\u00f3ber \u2014 tepl\u00e9 po\u010dasie, pivn\u00e9 z\u00e1hradky otvoren\u00e9, Oktoberfest v septembri\/okt\u00f3bri. December je skvel\u00fd na viano\u010dn\u00e9 trhy. Leto (j\u00fal-august) m\u00f4\u017ee by\u0165 hor\u00face a preplnen\u00e9.<\/p>\n<\/div>\n<\/div>\n<div id=\"faq-question-1739000000004\" class=\"rank-math-list-item\">\n<h3 class=\"rank-math-question \"><span class=\"ez-toc-section\" id=\"Je_Mnichov_drahy\"><\/span><span class=\"ez-toc-section\" id=\"Je_Mnichov_drahy\"><\/span>Je Mn\u00edchov drah\u00fd?<span class=\"ez-toc-section-end\"><\/span><span class=\"ez-toc-section-end\"><\/span><\/h3>\n<div class=\"rank-math-answer \">\n<p>\u00c1no, patr\u00ed k najdrah\u0161\u00edm mest\u00e1m v Nemecku. Ale s pl\u00e1novan\u00edm sa d\u00e1 zvl\u00e1dnu\u0165 aj s men\u0161\u00edm rozpo\u010dtom \u2014 m\u00faze\u00e1 v nede\u013eu za 1 \u20ac, obed na Viktualienmarkt namiesto v re\u0161taur\u00e1cii, voda z koh\u00fatika. Orienta\u010dn\u00fd denn\u00fd rozpo\u010det je 80-250 \u20ac pod\u013ea \u0161t\u00fdlu cestovania.<\/p>\n<\/div>\n<\/div>\n<div id=\"faq-question-1739000000005\" class=\"rank-math-list-item\">\n<h3 class=\"rank-math-question \"><span class=\"ez-toc-section\" id=\"Da_sa_Mnichov_zvladnut_bez_auta\"><\/span><span class=\"ez-toc-section\" id=\"Da_se_Mnichov_zvladnout_bez_auta\"><\/span>D\u00e1 sa Mn\u00edchov zvl\u00e1dnu\u0165 bez auta?<span class=\"ez-toc-section-end\"><\/span><span class=\"ez-toc-section-end\"><\/span><\/h3>\n<div class=\"rank-math-answer \">\n<p>Absol\u00fatne. MHD (U-Bahn, S-Bahn, elektri\u010dky, autobusy) je vynikaj\u00faca a pokr\u00fdva cel\u00e9 mesto. Na v\u00fdlety mimo Mn\u00edchova pou\u017eite Bayern Ticket na region\u00e1lne vlaky \u2014 plat\u00ed cel\u00fd de\u0148 po celom Bavorsku za 29 \u20ac (1 osoba).<\/p>\n<\/div>\n<\/div>\n<div id=\"faq-question-1739000000006\" class=\"rank-math-list-item\">\n<h3 class=\"rank-math-question \"><span class=\"ez-toc-section\" id=\"Je_Mnichov_vhodny_pre_rodiny_s_detmi\"><\/span><span class=\"ez-toc-section\" id=\"Je_Mnichov_vhodny_pro_rodiny_s_detmi\"><\/span>Je Mn\u00edchov vhodn\u00fd pre rodiny s de\u0165mi?<span class=\"ez-toc-section-end\"><\/span><span class=\"ez-toc-section-end\"><\/span><\/h3>\n<div class=\"rank-math-answer \">\n<p>Ve\u013emi. Deutsches Museum m\u00e1 interakt\u00edvne expoz\u00edcie pre deti, Hellabrunn Zoo je jeden z najlep\u0161\u00edch v Eur\u00f3pe, Olympijsk\u00fd park pon\u00faka mno\u017estvo aktiv\u00edt a Anglick\u00e1 z\u00e1hrada je ide\u00e1lna na piknik a hranie.<\/p>\n<\/div>\n<\/div>\n<\/div>\n<\/div>\n","protected":false},"excerpt":{"rendered":"<p>Mn\u00edchov v Nemecku je mesto, ktor\u00e9 v\u00e1s prekvap\u00ed. Bavorsk\u00e1 metropola s mili\u00f3nom a pol obyvate\u013eov le\u017e\u00ed v podh\u00f4r\u00ed \u00c1lp na rieke Isar a pon\u00faka mix hist\u00f3rie, modernej architekt\u00fary, n\u00e1dhern\u00fdch parkov a jednej z najlep\u0161\u00edch gastro sc\u00e9n v Eur\u00f3pe. Zo Slovenska je to pribli\u017ene 4-5 hod\u00edn cesty a rozhodne stoj\u00ed za n\u00e1v\u0161tevu. Po Berl\u00edne je to [&hellip;]<\/p>\n","protected":false},"author":3,"featured_media":64842,"comment_status":"open","ping_status":"open","sticky":false,"template":"","format":"standard","meta":{"footnotes":"","rank_math_title":"Mn\u00edchov Nemecko: 40+ tipov \u010do vidie\u0165 a robi\u0165 (2026)","rank_math_description":"Mn\u00edchov Nemecko \u2014 kompletn\u00fd sprievodca s 40+ tipmi, itiner\u00e1rom na 1-3 dni, mapou a praktick\u00fdmi radami. Napl\u00e1nujte si v\u00fdlet do Mn\u00edchova!","rank_math_focus_keyword":"mn\u00edchov nemecko","rank_math_seo_score":"83"},"categories":[955,227],"tags":[258],"class_list":{"0":"post-68939","1":"post","2":"type-post","3":"status-publish","4":"format-standard","5":"has-post-thumbnail","7":"category-europa","8":"category-nemecko","9":"tag-itinerar-sk"},"featured_image_src":"https:\/\/loudavymkrokem.cz\/wp-content\/uploads\/2019\/02\/frauenkirche.jpg","author_info":{"display_name":"Lucie Kone\u010dn\u00e1","author_link":"https:\/\/loudavymkrokem.cz\/sk\/author\/lucie-konecna\/"},"_links":{"self":[{"href":"https:\/\/loudavymkrokem.cz\/sk\/wp-json\/wp\/v2\/posts\/68939","targetHints":{"allow":["GET"]}}],"collection":[{"href":"https:\/\/loudavymkrokem.cz\/sk\/wp-json\/wp\/v2\/posts"}],"about":[{"href":"https:\/\/loudavymkrokem.cz\/sk\/wp-json\/wp\/v2\/types\/post"}],"author":[{"embeddable":true,"href":"https:\/\/loudavymkrokem.cz\/sk\/wp-json\/wp\/v2\/users\/3"}],"replies":[{"embeddable":true,"href":"https:\/\/loudavymkrokem.cz\/sk\/wp-json\/wp\/v2\/comments?post=68939"}],"version-history":[{"count":8,"href":"https:\/\/loudavymkrokem.cz\/sk\/wp-json\/wp\/v2\/posts\/68939\/revisions"}],"predecessor-version":[{"id":133038,"href":"https:\/\/loudavymkrokem.cz\/sk\/wp-json\/wp\/v2\/posts\/68939\/revisions\/133038"}],"wp:featuredmedia":[{"embeddable":true,"href":"https:\/\/loudavymkrokem.cz\/sk\/wp-json\/wp\/v2\/media\/64842"}],"wp:attachment":[{"href":"https:\/\/loudavymkrokem.cz\/sk\/wp-json\/wp\/v2\/media?parent=68939"}],"wp:term":[{"taxonomy":"category","embeddable":true,"href":"https:\/\/loudavymkrokem.cz\/sk\/wp-json\/wp\/v2\/categories?post=68939"},{"taxonomy":"post_tag","embeddable":true,"href":"https:\/\/loudavymkrokem.cz\/sk\/wp-json\/wp\/v2\/tags?post=68939"}],"curies":[{"name":"wp","href":"https:\/\/api.w.org\/{rel}","templated":true}]}}