{"id":417866,"date":"2026-09-01T21:10:41","date_gmt":"2026-09-01T19:10:41","guid":{"rendered":"https:\/\/loudavymkrokem.cz\/rio-de-janeiro-tipy\/"},"modified":"2026-09-05T18:35:25","modified_gmt":"2026-09-05T16:35:25","slug":"rio-de-janeiro-tipy","status":"publish","type":"post","link":"https:\/\/loudavymkrokem.cz\/sk\/rio-de-janeiro-tipy\/","title":{"rendered":"Rio de Janeiro, Braz\u00edlia: 22 tipov, \u010do vidie\u0165 a robi\u0165 v roku 2026"},"content":{"rendered":"\n<p class=\"wp-block-paragraph\">Ak uva\u017euje\u0161 o ceste do Ju\u017enej Ameriky a h\u013ead\u00e1\u0161 destin\u00e1ciu pln\u00fa farieb a nesp\u00fatanej energie, braz\u00edlska metropola \u0165a zaru\u010dene nadchne. <strong>Rio de Janeiro je mestom neuverite\u013en\u00fdch kontrastov<\/strong>, kde sa modern\u00e1 architekt\u00fara prel\u00edna s divokou pr\u00edrodou a kde zlatist\u00e9 pl\u00e1\u017ee plynulo prech\u00e1dzaj\u00fa do hust\u00fdch zelen\u00fdch pralesov. M\u00f4\u017ee\u0161 sa te\u0161i\u0165 na \u00fachvatn\u00e9 scen\u00e9rie aj bohat\u00fa kult\u00faru pln\u00fa hudby.<\/p>\n\n\n\n<p class=\"wp-block-paragraph\">Pl\u00e1novanie pobytu v tejto tropickej perle si vy\u017eaduje trochu in\u00fd pr\u00edstup, preto\u017ee <strong>Rio sa pl\u00e1nuje predov\u0161etk\u00fdm pod\u013ea po\u010dasia<\/strong>, nie pod\u013ea pevne dan\u00e9ho zoznamu pamiatok. Dve najsl\u00e1vnej\u0161ie miesta s\u00fa toti\u017e vysoko polo\u017een\u00e9 vyhliadky, ktor\u00e9 bez dobrej vidite\u013enosti \u00faplne str\u00e1caj\u00fa svoj zmysel. Odpor\u00fa\u010dam ti preto necha\u0165 si v itiner\u00e1ri dostatok vo\u013en\u00e9ho priestoru a flexibilne reagova\u0165 na rann\u00fa hmlu \u010di jasn\u00fa oblohu.<\/p>\n\n\n\n<p class=\"wp-block-paragraph\">Od ikonick\u00fdch pl\u00e1\u017e\u00ed po skryt\u00e9 m\u00faze\u00e1 \u2014 tu n\u00e1jde\u0161 v\u0161etko, \u010do potrebuje\u0161 vedie\u0165, aby si si program poskladal presne pod\u013ea seba. A ke\u010f\u017ee spr\u00e1vna orient\u00e1cia v \u0161tvrtiach je polovicou \u00faspechu, prid\u00e1vam aj praktick\u00e9 rady oh\u013eadom bezpe\u010dnosti a ubytovania.<\/p>\n\n\n\n<figure data-wp-context=\"{&quot;imageId&quot;:&quot;6a9c59839f13c&quot;}\" data-wp-interactive=\"core\/image\" data-wp-key=\"6a9c59839f13c\" class=\"wp-block-image size-full wp-lightbox-container\"><img decoding=\"async\" width=\"1920\" height=\"1440\" data-wp-class--hide=\"state.isContentHidden\" data-wp-class--show=\"state.isContentVisible\" data-wp-init=\"callbacks.setButtonStyles\" data-wp-on--click=\"actions.showLightbox\" data-wp-on--load=\"callbacks.setButtonStyles\" data-wp-on--pointerdown=\"actions.preloadImage\" data-wp-on--pointerenter=\"actions.preloadImageWithDelay\" data-wp-on--pointerleave=\"actions.cancelPreload\" data-wp-on-window--resize=\"callbacks.setButtonStyles\" src=\"https:\/\/loudavymkrokem.cz\/wp-content\/uploads\/2026\/09\/panorama-ria-s-cukrovou-homoli-49cf45de.jpg\" alt=\"Panor\u00e1ma Ria s Cukrovou homo\u013eou\" class=\"wp-image-413354\" title=\"\" srcset=\"https:\/\/loudavymkrokem.cz\/wp-content\/uploads\/2026\/09\/panorama-ria-s-cukrovou-homoli-49cf45de.jpg 1920w, https:\/\/loudavymkrokem.cz\/wp-content\/uploads\/2026\/09\/panorama-ria-s-cukrovou-homoli-49cf45de-300x225.jpg 300w, https:\/\/loudavymkrokem.cz\/wp-content\/uploads\/2026\/09\/panorama-ria-s-cukrovou-homoli-49cf45de-700x525.jpg 700w, https:\/\/loudavymkrokem.cz\/wp-content\/uploads\/2026\/09\/panorama-ria-s-cukrovou-homoli-49cf45de-768x576.jpg 768w, https:\/\/loudavymkrokem.cz\/wp-content\/uploads\/2026\/09\/panorama-ria-s-cukrovou-homoli-49cf45de-1536x1152.jpg 1536w, https:\/\/loudavymkrokem.cz\/wp-content\/uploads\/2026\/09\/panorama-ria-s-cukrovou-homoli-49cf45de-80x60.jpg 80w, https:\/\/loudavymkrokem.cz\/wp-content\/uploads\/2026\/09\/panorama-ria-s-cukrovou-homoli-49cf45de-160x120.jpg 160w, https:\/\/loudavymkrokem.cz\/wp-content\/uploads\/2026\/09\/panorama-ria-s-cukrovou-homoli-49cf45de-696x522.jpg 696w, https:\/\/loudavymkrokem.cz\/wp-content\/uploads\/2026\/09\/panorama-ria-s-cukrovou-homoli-49cf45de-1392x1044.jpg 1392w\" sizes=\"(max-width: 1920px) 100vw, 1920px\" \/><button\n\t\t\tclass=\"lightbox-trigger\"\n\t\t\ttype=\"button\"\n\t\t\taria-haspopup=\"dialog\"\n\t\t\tdata-wp-bind--aria-label=\"state.thisImage.triggerButtonAriaLabel\"\n\t\t\tdata-wp-init=\"callbacks.initTriggerButton\"\n\t\t\tdata-wp-on--click=\"actions.showLightbox\"\n\t\t\tdata-wp-style--right=\"state.thisImage.buttonRight\"\n\t\t\tdata-wp-style--top=\"state.thisImage.buttonTop\"\n\t\t>\n\t\t\t<svg xmlns=\"http:\/\/www.w3.org\/2000\/svg\" width=\"12\" height=\"12\" fill=\"none\" viewBox=\"0 0 12 12\">\n\t\t\t\t<path fill=\"#fff\" d=\"M2 0a2 2 0 0 0-2 2v2h1.5V2a.5.5 0 0 1 .5-.5h2V0H2Zm2 10.5H2a.5.5 0 0 1-.5-.5V8H0v2a2 2 0 0 0 2 2h2v-1.5ZM8 12v-1.5h2a.5.5 0 0 0 .5-.5V8H12v2a2 2 0 0 1-2 2H8Zm2-12a2 2 0 0 1 2 2v2h-1.5V2a.5.5 0 0 0-.5-.5H8V0h2Z\" \/>\n\t\t\t<\/svg>\n\t\t<\/button><figcaption class=\"wp-element-caption\">Foto: Acediscovery \/ Wikimedia Commons, CC BY 4.0<\/figcaption><\/figure>\n\n\n\n<div id=\"ez-toc-container\" class=\"ez-toc-v2_0_87 ez-toc-wrap-left counter-hierarchy ez-toc-counter ez-toc-grey ez-toc-container-direction\">\n<div class=\"ez-toc-title-container\">\n<p class=\"ez-toc-title\" style=\"cursor:inherit\">Obsah \u010dl\u00e1nku<\/p>\n<span class=\"ez-toc-title-toggle\"><a href=\"#\" class=\"ez-toc-pull-right ez-toc-btn ez-toc-btn-xs ez-toc-btn-default ez-toc-toggle\" aria-label=\"Toggle Table of Content\"><span class=\"ez-toc-js-icon-con\"><span class=\"\"><span class=\"eztoc-hide\" style=\"display:none;\">Toggle<\/span><span class=\"ez-toc-icon-toggle-span\"><svg style=\"fill: #999;color:#999\" xmlns=\"http:\/\/www.w3.org\/2000\/svg\" class=\"list-377408\" width=\"20px\" height=\"20px\" viewBox=\"0 0 24 24\" fill=\"none\"><path d=\"M6 6H4v2h2V6zm14 0H8v2h12V6zM4 11h2v2H4v-2zm16 0H8v2h12v-2zM4 16h2v2H4v-2zm16 0H8v2h12v-2z\" fill=\"currentColor\"><\/path><\/svg><svg style=\"fill: #999;color:#999\" class=\"arrow-unsorted-368013\" xmlns=\"http:\/\/www.w3.org\/2000\/svg\" width=\"10px\" height=\"10px\" viewBox=\"0 0 24 24\" version=\"1.2\" baseProfile=\"tiny\"><path d=\"M18.2 9.3l-6.2-6.3-6.2 6.3c-.2.2-.3.4-.3.7s.1.5.3.7c.2.2.4.3.7.3h11c.3 0 .5-.1.7-.3.2-.2.3-.5.3-.7s-.1-.5-.3-.7zM5.8 14.7l6.2 6.3 6.2-6.3c.2-.2.3-.5.3-.7s-.1-.5-.3-.7c-.2-.2-.4-.3-.7-.3h-11c-.3 0-.5.1-.7.3-.2.2-.3.5-.3.7s.1.5.3.7z\"\/><\/svg><\/span><\/span><\/span><\/a><\/span><\/div>\n<nav><ul class='ez-toc-list ez-toc-list-level-1 ' ><ul class='ez-toc-list-level-3' ><li class='ez-toc-heading-level-3'><a class=\"ez-toc-link ez-toc-heading-1\" href=\"https:\/\/loudavymkrokem.cz\/sk\/rio-de-janeiro-tipy\/#Zhrnutie_pre_tych_ktori_nemaju_cas_citat_cely_clanok\" >Zhrnutie pre t\u00fdch, ktor\u00ed nemaj\u00fa \u010das \u010d\u00edta\u0165 cel\u00fd \u010dl\u00e1nok<\/a><\/li><\/ul><\/li><li class='ez-toc-page-1 ez-toc-heading-level-2'><a class=\"ez-toc-link ez-toc-heading-2\" href=\"https:\/\/loudavymkrokem.cz\/sk\/rio-de-janeiro-tipy\/#Kedy_vyrazit_do_Rio_de_Janeira\" >Kedy vyrazi\u0165 do Rio de Janeira<\/a><\/li><li class='ez-toc-page-1 ez-toc-heading-level-2'><a class=\"ez-toc-link ez-toc-heading-3\" href=\"https:\/\/loudavymkrokem.cz\/sk\/rio-de-janeiro-tipy\/#Bezpecnost_v_Rio_de_Janeiru_Ako_si_dovolenku_uzit_bez_obav\" >Bezpe\u010dnos\u0165 v Rio de Janeiru: Ako si dovolenku u\u017ei\u0165 bez ob\u00e1v<\/a><\/li><li class='ez-toc-page-1 ez-toc-heading-level-2'><a class=\"ez-toc-link ez-toc-heading-4\" href=\"https:\/\/loudavymkrokem.cz\/sk\/rio-de-janeiro-tipy\/#Kde_sa_ubytovat_v_Rio_de_Janeiru\" >Kde sa ubytova\u0165 v Rio de Janeiru<\/a><\/li><li class='ez-toc-page-1 ez-toc-heading-level-2'><a class=\"ez-toc-link ez-toc-heading-5\" href=\"https:\/\/loudavymkrokem.cz\/sk\/rio-de-janeiro-tipy\/#22_tipov_co_vidiet_a_robit_v_Rio_de_Janeiru\" >22 tipov, \u010do vidie\u0165 a robi\u0165 v Rio de Janeiru<\/a><ul class='ez-toc-list-level-3' ><li class='ez-toc-heading-level-3'><a class=\"ez-toc-link ez-toc-heading-6\" href=\"https:\/\/loudavymkrokem.cz\/sk\/rio-de-janeiro-tipy\/#1_Socha_Krista_Spasitela_Christ_the_Redeemer\" >1. Socha Krista Spasite\u013ea (Christ the Redeemer)<\/a><\/li><li class='ez-toc-page-1 ez-toc-heading-level-3'><a class=\"ez-toc-link ez-toc-heading-7\" href=\"https:\/\/loudavymkrokem.cz\/sk\/rio-de-janeiro-tipy\/#2_Lanovka_na_Cukrovu_homolu_Pao_de_Acucar\" >2. Lanovka na Cukrov\u00fa homo\u013eu (P\u00e3o de A\u00e7\u00facar)<\/a><\/li><li class='ez-toc-page-1 ez-toc-heading-level-3'><a class=\"ez-toc-link ez-toc-heading-8\" href=\"https:\/\/loudavymkrokem.cz\/sk\/rio-de-janeiro-tipy\/#3_Plaz_Copacabana_a_Forte_de_Copacabana\" >3. Pl\u00e1\u017e Copacabana a Forte de Copacabana<\/a><\/li><li class='ez-toc-page-1 ez-toc-heading-level-3'><a class=\"ez-toc-link ez-toc-heading-9\" href=\"https:\/\/loudavymkrokem.cz\/sk\/rio-de-janeiro-tipy\/#4_Plaz_Ipanema_a_system_zachranarskych_stanic\" >4. Pl\u00e1\u017e Ipanema a syst\u00e9m z\u00e1chran\u00e1rskych stan\u00edc<\/a><\/li><li class='ez-toc-page-1 ez-toc-heading-level-3'><a class=\"ez-toc-link ez-toc-heading-10\" href=\"https:\/\/loudavymkrokem.cz\/sk\/rio-de-janeiro-tipy\/#5_Plaz_Leblon_a_vyhliadka_Mirante_do_Leblon\" >5. Pl\u00e1\u017e Leblon a vyhliadka Mirante do Leblon<\/a><\/li><li class='ez-toc-page-1 ez-toc-heading-level-3'><a class=\"ez-toc-link ez-toc-heading-11\" href=\"https:\/\/loudavymkrokem.cz\/sk\/rio-de-janeiro-tipy\/#6_Skalny_vybezok_Pedra_do_Arpoador\" >6. Skaln\u00fd v\u00fdbe\u017eok Pedra do Arpoador<\/a><\/li><li class='ez-toc-page-1 ez-toc-heading-level-3'><a class=\"ez-toc-link ez-toc-heading-12\" href=\"https:\/\/loudavymkrokem.cz\/sk\/rio-de-janeiro-tipy\/#7_Schodisko_Escadaria_Selaron\" >7. Schodisko Escadaria Selar\u00f3n<\/a><\/li><li class='ez-toc-page-1 ez-toc-heading-level-3'><a class=\"ez-toc-link ez-toc-heading-13\" href=\"https:\/\/loudavymkrokem.cz\/sk\/rio-de-janeiro-tipy\/#8_Stvrt_Santa_Teresa_a_historicka_elektricka\" >8. \u0160tvr\u0165 Santa Teresa a historick\u00e1 elektri\u010dka<\/a><\/li><li class='ez-toc-page-1 ez-toc-heading-level-3'><a class=\"ez-toc-link ez-toc-heading-14\" href=\"https:\/\/loudavymkrokem.cz\/sk\/rio-de-janeiro-tipy\/#9_Akvadukt_Arcos_da_Lapa\" >9. Akvadukt Arcos da Lapa<\/a><\/li><li class='ez-toc-page-1 ez-toc-heading-level-3'><a class=\"ez-toc-link ez-toc-heading-15\" href=\"https:\/\/loudavymkrokem.cz\/sk\/rio-de-janeiro-tipy\/#10_Galeria_Parque_das_Ruinas\" >10. Gal\u00e9ria Parque das Ru\u00ednas<\/a><\/li><li class='ez-toc-page-1 ez-toc-heading-level-3'><a class=\"ez-toc-link ez-toc-heading-16\" href=\"https:\/\/loudavymkrokem.cz\/sk\/rio-de-janeiro-tipy\/#11_Mestsky_dazdovy_prales_Tijuca_National_Park\" >11. Mestsk\u00fd da\u017e\u010fov\u00fd prales Tijuca National Park<\/a><\/li><li class='ez-toc-page-1 ez-toc-heading-level-3'><a class=\"ez-toc-link ez-toc-heading-17\" href=\"https:\/\/loudavymkrokem.cz\/sk\/rio-de-janeiro-tipy\/#12_Vyhliadka_Mirante_Dona_Marta\" >12. Vyhliadka Mirante Dona Marta<\/a><\/li><li class='ez-toc-page-1 ez-toc-heading-level-3'><a class=\"ez-toc-link ez-toc-heading-18\" href=\"https:\/\/loudavymkrokem.cz\/sk\/rio-de-janeiro-tipy\/#13_Cinsky_pavilon_Vista_Chinesa\" >13. \u010c\u00ednsky pavil\u00f3n Vista Chinesa<\/a><\/li><li class='ez-toc-page-1 ez-toc-heading-level-3'><a class=\"ez-toc-link ez-toc-heading-19\" href=\"https:\/\/loudavymkrokem.cz\/sk\/rio-de-janeiro-tipy\/#14_Zahrady_a_vila_Parque_Lage\" >14. Z\u00e1hrady a vila Parque Lage<\/a><\/li><li class='ez-toc-page-1 ez-toc-heading-level-3'><a class=\"ez-toc-link ez-toc-heading-20\" href=\"https:\/\/loudavymkrokem.cz\/sk\/rio-de-janeiro-tipy\/#15_Muzeum_zajtrajska_Museu_do_Amanha\" >15. M\u00fazeum zajtraj\u0161ka (Museu do Amanh\u00e3)<\/a><\/li><li class='ez-toc-page-1 ez-toc-heading-level-3'><a class=\"ez-toc-link ez-toc-heading-21\" href=\"https:\/\/loudavymkrokem.cz\/sk\/rio-de-janeiro-tipy\/#16_Muzeum_umenia_MAR_Rio_Museum_of_Art\" >16. M\u00fazeum umenia MAR (Rio Museum of Art)<\/a><\/li><li class='ez-toc-page-1 ez-toc-heading-level-3'><a class=\"ez-toc-link ez-toc-heading-22\" href=\"https:\/\/loudavymkrokem.cz\/sk\/rio-de-janeiro-tipy\/#17_Centro_Cultural_Banco_do_Brasil_CCBB\" >17. Centro Cultural Banco do Brasil (CCBB)<\/a><\/li><li class='ez-toc-page-1 ez-toc-heading-level-3'><a class=\"ez-toc-link ez-toc-heading-23\" href=\"https:\/\/loudavymkrokem.cz\/sk\/rio-de-janeiro-tipy\/#18_Theatro_Municipal_do_Rio_de_Janeiro\" >18. Theatro Municipal do Rio de Janeiro<\/a><\/li><li class='ez-toc-page-1 ez-toc-heading-level-3'><a class=\"ez-toc-link ez-toc-heading-24\" href=\"https:\/\/loudavymkrokem.cz\/sk\/rio-de-janeiro-tipy\/#19_Catedral_Metropolitana_de_Sao_Sebastiao\" >19. Catedral Metropolitana de S\u00e3o Sebasti\u00e3o<\/a><\/li><li class='ez-toc-page-1 ez-toc-heading-level-3'><a class=\"ez-toc-link ez-toc-heading-25\" href=\"https:\/\/loudavymkrokem.cz\/sk\/rio-de-janeiro-tipy\/#20_Museu_da_Republica_Palacio_do_Catete\" >20. Museu da Rep\u00fablica (Pal\u00e1cio do Catete)<\/a><\/li><li class='ez-toc-page-1 ez-toc-heading-level-3'><a class=\"ez-toc-link ez-toc-heading-26\" href=\"https:\/\/loudavymkrokem.cz\/sk\/rio-de-janeiro-tipy\/#21_Espaco_Cultural_da_Marinha\" >21. Espa\u00e7o Cultural da Marinha<\/a><\/li><li class='ez-toc-page-1 ez-toc-heading-level-3'><a class=\"ez-toc-link ez-toc-heading-27\" href=\"https:\/\/loudavymkrokem.cz\/sk\/rio-de-janeiro-tipy\/#22_Plaz_Praia_Vermelha_pod_Cukrovou_homolou\" >22. Pl\u00e1\u017e Praia Vermelha pod Cukrovou homo\u013eou<\/a><\/li><\/ul><\/li><li class='ez-toc-page-1 ez-toc-heading-level-2'><a class=\"ez-toc-link ez-toc-heading-28\" href=\"https:\/\/loudavymkrokem.cz\/sk\/rio-de-janeiro-tipy\/#Kam_dalej_z_Rio_de_Janeira\" >Kam \u010falej z Rio de Janeira<\/a><\/li><li class='ez-toc-page-1 ez-toc-heading-level-2'><a class=\"ez-toc-link ez-toc-heading-29\" href=\"https:\/\/loudavymkrokem.cz\/sk\/rio-de-janeiro-tipy\/#Casto_kladene_otazky\" >\u010casto kladen\u00e9 ot\u00e1zky<\/a><ul class='ez-toc-list-level-3' ><li class='ez-toc-heading-level-3'><a class=\"ez-toc-link ez-toc-heading-30\" href=\"https:\/\/loudavymkrokem.cz\/sk\/rio-de-janeiro-tipy\/#Je_Rio_de_Janeiro_bezpecne_pre_turistov\" >Je Rio de Janeiro bezpe\u010dn\u00e9 pre turistov?<\/a><\/li><li class='ez-toc-page-1 ez-toc-heading-level-3'><a class=\"ez-toc-link ez-toc-heading-31\" href=\"https:\/\/loudavymkrokem.cz\/sk\/rio-de-janeiro-tipy\/#Kolko_dni_potrebujem_na_navstevu_Ria\" >Ko\u013eko dn\u00ed potrebujem na n\u00e1v\u0161tevu Ria?<\/a><\/li><li class='ez-toc-page-1 ez-toc-heading-level-3'><a class=\"ez-toc-link ez-toc-heading-32\" href=\"https:\/\/loudavymkrokem.cz\/sk\/rio-de-janeiro-tipy\/#Ako_sa_najlepsie_dostat_k_soche_Krista_Spasitela\" >Ako sa najlep\u0161ie dosta\u0165 k soche Krista Spasite\u013ea?<\/a><\/li><li class='ez-toc-page-1 ez-toc-heading-level-3'><a class=\"ez-toc-link ez-toc-heading-33\" href=\"https:\/\/loudavymkrokem.cz\/sk\/rio-de-janeiro-tipy\/#Kedy_je_najlepsi_cas_na_cestu_do_Brazilie\" >Kedy je najlep\u0161\u00ed \u010das na cestu do Braz\u00edlie?<\/a><\/li><li class='ez-toc-page-1 ez-toc-heading-level-3'><a class=\"ez-toc-link ez-toc-heading-34\" href=\"https:\/\/loudavymkrokem.cz\/sk\/rio-de-janeiro-tipy\/#Mozem_sa_kupat_na_plazach_v_Riu_po_zotmeni\" >M\u00f4\u017eem sa k\u00fapa\u0165 na pl\u00e1\u017each v Riu po zotmen\u00ed?<\/a><\/li><li class='ez-toc-page-1 ez-toc-heading-level-3'><a class=\"ez-toc-link ez-toc-heading-35\" href=\"https:\/\/loudavymkrokem.cz\/sk\/rio-de-janeiro-tipy\/#Ako_sa_pohybovat_po_meste_a_je_bezpecna_MHD\" >Ako sa pohybova\u0165 po meste a je bezpe\u010dn\u00e1 MHD?<\/a><\/li><li class='ez-toc-page-1 ez-toc-heading-level-3'><a class=\"ez-toc-link ez-toc-heading-36\" href=\"https:\/\/loudavymkrokem.cz\/sk\/rio-de-janeiro-tipy\/#Co_jest_v_Riu_ak_nejem_maso\" >\u010co jes\u0165 v Riu, ak nejem m\u00e4so?<\/a><\/li><li class='ez-toc-page-1 ez-toc-heading-level-3'><a class=\"ez-toc-link ez-toc-heading-37\" href=\"https:\/\/loudavymkrokem.cz\/sk\/rio-de-janeiro-tipy\/#Oplati_sa_kupovat_vstupenky_na_pamiatky_dlho_vopred\" >Oplat\u00ed sa kupova\u0165 vstupenky na pamiatky dlho vopred?<\/a><\/li><\/ul><\/li><\/ul><\/nav><\/div>\n<h3 class=\"wp-block-heading\"><span class=\"ez-toc-section\" id=\"Zhrnutie_pre_tych_ktori_nemaju_cas_citat_cely_clanok\"><\/span>Zhrnutie pre t\u00fdch, ktor\u00ed nemaj\u00fa \u010das \u010d\u00edta\u0165 cel\u00fd \u010dl\u00e1nok<span class=\"ez-toc-section-end\"><\/span><\/h3>\n\n\n\n<ul class=\"wp-block-list\">\n\n<li><strong>Pl\u00e1nuj pod\u013ea mrakov:<\/strong> Najsl\u00e1vnej\u0161ie pamiatky ako socha Krista a Cukrov\u00e1 homo\u013ea ned\u00e1vaj\u00fa v hmle zmysel, preto si na ne vyhra\u010f to najjasnej\u0161ie r\u00e1no svojho pobytu.<\/li>\n\n\n\n<li><strong>Bezpe\u010dnos\u0165 m\u00e1 svoje pravidl\u00e1:<\/strong> Dr\u017e sa takzvan\u00e9ho turistick\u00e9ho bezpe\u010dnostn\u00e9ho p\u00e1su v ju\u017enej z\u00f3ne a po zotmen\u00ed v\u017edy vyu\u017e\u00edvaj na presuny spo\u013eahliv\u00fd Uber.<\/li>\n\n\n\n<li><strong>Tri cesty ku Kristovi:<\/strong> Hore sa dostane\u0161 drahou zuba\u010dkou, lacnej\u0161\u00edm mikrobusom alebo \u00faplne zadarmo n\u00e1ro\u010dnou pe\u0161ou t\u00farou pralesom z Parque Lage.<\/li>\n\n\n\n<li><strong>Syst\u00e9m z\u00e1chran\u00e1rskych stan\u00edc:<\/strong> Pl\u00e1\u017ee sa delia pod\u013ea \u010d\u00edslovan\u00fdch b\u00fadok zvan\u00fdch postos, pri\u010dom sl\u00e1vne Posto 9 na Ipaneme plat\u00ed za naj\u017eiv\u0161ie centrum stret\u00e1vania.<\/li>\n\n\n\n<li><strong>Lacnej\u0161ia Cukrov\u00e1 homo\u013ea:<\/strong> Ak vyraz\u00ed\u0161 na prv\u00fd \u00fasek pe\u0161o cez chodn\u00edk Trilha do Morro da Urca, u\u0161etr\u00ed\u0161 rovno polovicu ceny za lanovku.<\/li>\n\n\n\n<li><strong>Mestsk\u00fd da\u017e\u010fov\u00fd prales:<\/strong> Priamo v hraniciach mesta sa rozprestiera n\u00e1rodn\u00fd park Tijuca, ktor\u00fd pon\u00faka fantastick\u00fd \u00fanik pred hor\u00fa\u010davou do tie\u0148a obrovsk\u00fdch stromov.<\/li>\n\n\n\n<li><strong>Lok\u00e1lne poch\u00fa\u0165ky bez m\u00e4sa:<\/strong> Braz\u00edlska kuchy\u0148a miluje m\u00e4so, ale ty si m\u00f4\u017ee\u0161 na pl\u00e1\u017ei vychutna\u0165 osvie\u017euj\u00face a\u00e7a\u00ed, syrov\u00e9 pag\u00e1\u010diky p\u00e3o de queijo alebo \u010derstv\u00fa kokosov\u00fa vodu.<\/li>\n\n\n<\/ul>\n\n\n\n<h2 class=\"wp-block-heading\"><span class=\"ez-toc-section\" id=\"Kedy_vyrazit_do_Rio_de_Janeira\"><\/span>Kedy vyrazi\u0165 do Rio de Janeira<span class=\"ez-toc-section-end\"><\/span><\/h2>\n\n\n\n<p class=\"wp-block-paragraph\">Rozhodnutie o term\u00edne tvojej cesty z\u00e1sadne ovplyvn\u00ed nielen tvoj rozpo\u010det, ale aj celkov\u00fd dojem z rozp\u00e1len\u00e9ho mesta. <strong>Najlep\u0161\u00ed \u010das na n\u00e1v\u0161tevu je od apr\u00edla do j\u00fana a n\u00e1sledne od augusta do okt\u00f3bra<\/strong>, ke\u010f panuj\u00fa ve\u013emi pr\u00edjemn\u00e9 teploty a vyhne\u0161 sa t\u00fdm najv\u00e4\u010d\u0161\u00edm tropick\u00fdm lejakom. V t\u00fdchto mesiacoch je obloha \u010dasto n\u00e1dherne jasn\u00e1, \u010do je \u00faplne k\u013e\u00fa\u010dov\u00e9 pre n\u00e1v\u0161tevu v\u0161etk\u00fdch vysoko polo\u017een\u00fdch vyhliadok, na ktor\u00fdch cel\u00fd z\u00e1\u017eitok z Ria stoj\u00ed.<\/p>\n\n\n\n<p class=\"wp-block-paragraph\">Ak by si chcel za\u017ei\u0165 mesto v jeho najv\u00e4\u010d\u0161om vare, mus\u00ed\u0161 vyrazi\u0165 po\u010das miestneho leta, ktor\u00e9 pripad\u00e1 na na\u0161e zimn\u00e9 mesiace. <strong>Karneval a ve\u013ekolep\u00fd Silvester na pl\u00e1\u017ei Copacabana znamenaj\u00fa najvy\u0161\u0161ie ceny z cel\u00e9ho roka<\/strong>, pri\u010dom hotely aj letenky b\u00fdvaj\u00fa bezn\u00e1dejne vypredan\u00e9 mnoho mesiacov dopredu. Mus\u00ed\u0161 sa tie\u017e pripravi\u0165 na extr\u00e9mnu vlhkos\u0165 a spa\u013euj\u00face hor\u00fa\u010davy, ktor\u00e9 m\u00f4\u017eu presahova\u0165 \u0161tyridsa\u0165 stup\u0148ov, \u010do pri choden\u00ed po pamiatkach naozaj d\u00e1 zabra\u0165.<\/p>\n\n\n\n<p class=\"wp-block-paragraph\">Nech sa rozhodne\u0161 pre ak\u00fdko\u013evek mesiac, nezab\u00fadaj na zlat\u00e9 pravidlo flexibiln\u00e9ho pl\u00e1novania, o ktorom sme u\u017e hovorili. <strong>Nech\u00e1vaj si aspo\u0148 dva a\u017e tri dni v z\u00e1lohe ako rezervu<\/strong>, aby si mohol na Corcovado vyrazi\u0165 presne v to r\u00e1no, ke\u010f sa mraky nad mestom rozost\u00fapia. Miestna kl\u00edma je silne ovplyvnen\u00e1 oce\u00e1nom a okolit\u00fdmi horami, tak\u017ee sa po\u010dasie m\u00f4\u017ee zmeni\u0165 ve\u013emi r\u00fdchlo z hodiny na hodinu a n\u00e1kup vstupeniek na konkr\u00e9tny de\u0148 dlho dopredu predstavuje obrovsk\u00e9 riziko.<\/p>\n\n\n\n<h2 class=\"wp-block-heading\"><span class=\"ez-toc-section\" id=\"Bezpecnost_v_Rio_de_Janeiru_Ako_si_dovolenku_uzit_bez_obav\"><\/span>Bezpe\u010dnos\u0165 v Rio de Janeiru: Ako si dovolenku u\u017ei\u0165 bez ob\u00e1v<span class=\"ez-toc-section-end\"><\/span><\/h2>\n\n\n\n<p class=\"wp-block-paragraph\">Ot\u00e1zka bezpe\u010dnosti je pravdepodobne t\u00fdm prv\u00fdm, \u010do ka\u017ed\u00fd cestovate\u013e pred cestou do Braz\u00edlie rie\u0161i na internete. <strong>Rio de Janeiro rozhodne nie je vojnovou z\u00f3nou, ale vy\u017eaduje dodr\u017eiavanie jasn\u00fdch pravidiel<\/strong>, v\u010faka ktor\u00fdm si mesto u\u017eije\u0161 v \u00faplnom pokoji. \u00dapln\u00fdm z\u00e1kladom je pohybova\u0165 sa v takzvanom turistickom bezpe\u010dnostnom p\u00e1se, ktor\u00fd tvoria bohat\u0161ie \u0161tvrte Ipanema, Leblon, Copacabana, Botafogo a Urca, kde je na ka\u017edom rohu pr\u00edtomn\u00e1 turistick\u00e1 pol\u00edcia.<\/p>\n\n\n\n<p class=\"wp-block-paragraph\">A \u010d\u00edsla to potvrdzuj\u00fa \u2014 \u0161tvrte Leblon a Ipanema vyk\u00e1zali v roku 2026 nulov\u00fd po\u010det vr\u00e1\u017ed, \u010do o ich bezpe\u010dnosti hovor\u00ed viac ne\u017e ak\u00fdko\u013evek cestovate\u013esk\u00fd blog. Naopak na ru\u0161nej pl\u00e1\u017ei Copacabana mus\u00ed\u0161 po\u010d\u00edta\u0165 s ob\u010dasn\u00fdmi drobn\u00fdmi kr\u00e1de\u017eami, vreck\u00e1rmi a trhan\u00edm telef\u00f3nov priamo z ruky, a to najm\u00e4 na \u0161irokej promen\u00e1de pri mori.<\/p>\n\n\n\n<p class=\"wp-block-paragraph\">Po zotmen\u00ed plat\u00ed jedno jednoduch\u00e9 pravidlo: Uber, v\u017edy a v\u0161ade, aj na kr\u00e1tke vzdialenosti medzi susedn\u00fdmi \u0161tvr\u0165ami \u2014 historick\u00e9 Centro sa po pracovnej dobe vy\u013eudn\u00ed nato\u013eko, \u017ee sa tam v noci jednoducho nechod\u00ed, a rovnako plat\u00ed pr\u00edsny z\u00e1kaz ve\u010dern\u00fdch prech\u00e1dzok po akejko\u013evek pl\u00e1\u017ei, preto\u017ee opusten\u00e9 pieso\u010dn\u00e9 plochy pri\u0165ahuj\u00fa probl\u00e9my.<\/p>\n\n\n\n<h2 class=\"wp-block-heading\"><span class=\"ez-toc-section\" id=\"Kde_sa_ubytovat_v_Rio_de_Janeiru\"><\/span>Kde sa ubytova\u0165 v Rio de Janeiru<span class=\"ez-toc-section-end\"><\/span><\/h2>\n\n\n\n<p class=\"wp-block-paragraph\">V\u00fdber spr\u00e1vnej lokality pre tvoj hotel ovplyvn\u00ed cel\u00fd tvoj z\u00e1\u017eitok z mesta, preto by si mal h\u013eada\u0165 ubytovanie v\u00fdhradne v ju\u017enej z\u00f3ne. <strong>Najlep\u0161ou vo\u013ebou pre prv\u00fa n\u00e1v\u0161tevu je oblas\u0165 okolo pl\u00e1\u017e\u00ed Ipanema a Leblon<\/strong>, ktor\u00e9 pon\u00fakaj\u00fa fantastick\u00fa gastronomick\u00fa sc\u00e9nu, bezpe\u010dn\u00e9 ulice pln\u00e9 butikov a skvel\u00e9 spojenie metrom do zvy\u0161ku mesta. Tieto \u0161tvrte s\u00fa s\u00edce cenovo n\u00e1ro\u010dnej\u0161ie, ale invest\u00edcia do pokojn\u00e9ho sp\u00e1nku a bezstarostn\u00fdch ve\u010dern\u00fdch prech\u00e1dzok sa ti stopercentne oplat\u00ed.<\/p>\n\n\n\n<p class=\"wp-block-paragraph\">Ak h\u013ead\u00e1\u0161 o nie\u010do dostupnej\u0161iu variantu, ale st\u00e1le chce\u0161 zosta\u0165 v centre diania, zameraj svoju pozornos\u0165 na legend\u00e1rnu Copacabanu alebo susedn\u00e9 Botafogo. <strong>Najm\u00e4 Botafogo za\u017e\u00edva v posledn\u00fdch rokoch obrovsk\u00fd boom<\/strong>, otv\u00e1raj\u00fa sa tu nov\u00e9 kaviarne a \u0161tvr\u0165 pon\u00faka jedny z najkraj\u0161\u00edch v\u00fdh\u013eadov na Cukrov\u00fa homo\u013eu priamo z n\u00e1bre\u017eia. Historick\u00e1 Santa Teresa na kopci s\u00edce l\u00e1ka svojou boh\u00e9mskou atmosf\u00e9rou, ale logisticky je pre ka\u017edodenn\u00e9 v\u00fdlety trochu odrezan\u00e1 a ve\u010der hor\u0161ie pr\u00edstupn\u00e1.<\/p>\n\n\n\n<p class=\"wp-block-paragraph\">Pre svoju rezerv\u00e1ciu cez ob\u013e\u00faben\u00fd port\u00e1l <a class=\"thirstylink\" rel=\"nofollow\" target=\"_blank\" title=\"Booking.com\" href=\"https:\/\/loudavymkrokem.cz\/doporucujeme\/booking-com\/\" data-shortcode=\"true\">Booking.com<\/a> odpor\u00fa\u010dam vybera\u0165 z overen\u00fdch hotelov s nepretr\u017eitou recepciou a dobr\u00fdm hodnoten\u00edm. <strong>Skvelou vo\u013ebou na pl\u00e1\u017ei je Arena Ipanema Hotel<\/strong>, ktor\u00fd pon\u00faka \u00fachvatn\u00fd stre\u0161n\u00fd baz\u00e9n s v\u00fdh\u013eadom na oce\u00e1n a nach\u00e1dza sa len p\u00e1r krokov od sl\u00e1vneho Posto 8. <strong>Pre luxusnej\u0161\u00ed z\u00e1\u017eitok zvo\u013e ikonick\u00fd Hotel Fasano Rio de Janeiro<\/strong>, ktor\u00e9ho dizajn a poloha nemaj\u00fa v meste konkurenciu, zatia\u013e \u010do v Botafogu \u0165a pr\u00edjemne prekvap\u00ed \u0161t\u00fdlov\u00fd <strong>Yoo2 Rio de Janeiro by Intercity<\/strong> s fantastick\u00fdm v\u00fdh\u013eadom na z\u00e1liv.<\/p>\n\n\n\n\n\n<p class=\"wp-block-paragraph\"><em>\ud83d\udca1 <a href=\"https:\/\/www.stay22.com\/allez\/roam?aid=lukaskonecny&#038;campaign=loudavymkrokemcz&#038;campaign=co-videt-v-rio-de-janeiru&#038;address=Rio%20de%20Janeiro%2C%20Braz%C3%ADlie\" target=\"_blank\" rel=\"nofollow noopener sponsored\">Na tejto mape si porovn\u00e1\u0161, \u010do je pr\u00e1ve vo\u013en\u00e9<\/a> \u2014 hne\u010f uvid\u00ed\u0161, o ko\u013eko lacnej\u0161ie vyjde ubytovanie o blok od Avenidy Atl\u00e2ntica.<\/em><\/p>\n\n<h2 class=\"wp-block-heading\"><span class=\"ez-toc-section\" id=\"22_tipov_co_vidiet_a_robit_v_Rio_de_Janeiru\"><\/span>22 tipov, \u010do vidie\u0165 a robi\u0165 v Rio de Janeiru<span class=\"ez-toc-section-end\"><\/span><\/h2>\n\n\n\n<p class=\"wp-block-paragraph\">Tak, a teraz k tomu najlep\u0161iemu \u2014 miestam, ktor\u00e9 stoja za to. Sl\u00e1vne ikony aj p\u00e1r skryt\u00fdch pokladov, z ktor\u00fdch spozn\u00e1\u0161 mesto zo v\u0161etk\u00fdch str\u00e1n.<\/p>\n\n\n\n<figure data-wp-context=\"{&quot;imageId&quot;:&quot;6a9c59839ff4e&quot;}\" data-wp-interactive=\"core\/image\" data-wp-key=\"6a9c59839ff4e\" class=\"wp-block-image size-full wp-lightbox-container\"><img decoding=\"async\" width=\"1600\" height=\"2133\" data-wp-class--hide=\"state.isContentHidden\" data-wp-class--show=\"state.isContentVisible\" data-wp-init=\"callbacks.setButtonStyles\" data-wp-on--click=\"actions.showLightbox\" data-wp-on--load=\"callbacks.setButtonStyles\" data-wp-on--pointerdown=\"actions.preloadImage\" data-wp-on--pointerenter=\"actions.preloadImageWithDelay\" data-wp-on--pointerleave=\"actions.cancelPreload\" data-wp-on-window--resize=\"callbacks.setButtonStyles\" src=\"https:\/\/loudavymkrokem.cz\/wp-content\/uploads\/2026\/09\/krista-spasitele.jpg\" alt=\"Socha Krista Spasite\u013ea (Christ the Redeemer)\" class=\"wp-image-413166\" title=\"\" srcset=\"https:\/\/loudavymkrokem.cz\/wp-content\/uploads\/2026\/09\/krista-spasitele.jpg 1600w, https:\/\/loudavymkrokem.cz\/wp-content\/uploads\/2026\/09\/krista-spasitele-225x300.jpg 225w, https:\/\/loudavymkrokem.cz\/wp-content\/uploads\/2026\/09\/krista-spasitele-700x933.jpg 700w, https:\/\/loudavymkrokem.cz\/wp-content\/uploads\/2026\/09\/krista-spasitele-768x1024.jpg 768w, https:\/\/loudavymkrokem.cz\/wp-content\/uploads\/2026\/09\/krista-spasitele-1152x1536.jpg 1152w, https:\/\/loudavymkrokem.cz\/wp-content\/uploads\/2026\/09\/krista-spasitele-1536x2048.jpg 1536w, https:\/\/loudavymkrokem.cz\/wp-content\/uploads\/2026\/09\/krista-spasitele-696x928.jpg 696w, https:\/\/loudavymkrokem.cz\/wp-content\/uploads\/2026\/09\/krista-spasitele-1392x1856.jpg 1392w\" sizes=\"(max-width: 1600px) 100vw, 1600px\" \/><button\n\t\t\tclass=\"lightbox-trigger\"\n\t\t\ttype=\"button\"\n\t\t\taria-haspopup=\"dialog\"\n\t\t\tdata-wp-bind--aria-label=\"state.thisImage.triggerButtonAriaLabel\"\n\t\t\tdata-wp-init=\"callbacks.initTriggerButton\"\n\t\t\tdata-wp-on--click=\"actions.showLightbox\"\n\t\t\tdata-wp-style--right=\"state.thisImage.buttonRight\"\n\t\t\tdata-wp-style--top=\"state.thisImage.buttonTop\"\n\t\t>\n\t\t\t<svg xmlns=\"http:\/\/www.w3.org\/2000\/svg\" width=\"12\" height=\"12\" fill=\"none\" viewBox=\"0 0 12 12\">\n\t\t\t\t<path fill=\"#fff\" d=\"M2 0a2 2 0 0 0-2 2v2h1.5V2a.5.5 0 0 1 .5-.5h2V0H2Zm2 10.5H2a.5.5 0 0 1-.5-.5V8H0v2a2 2 0 0 0 2 2h2v-1.5ZM8 12v-1.5h2a.5.5 0 0 0 .5-.5V8H12v2a2 2 0 0 1-2 2H8Zm2-12a2 2 0 0 1 2 2v2h-1.5V2a.5.5 0 0 0-.5-.5H8V0h2Z\" \/>\n\t\t\t<\/svg>\n\t\t<\/button><figcaption class=\"wp-element-caption\">Foto: Keryson Patrick Oliveira Belarmino \/ Google Maps<\/figcaption><\/figure>\n\n\n\n<h3 class=\"wp-block-heading\"><span class=\"ez-toc-section\" id=\"1_Socha_Krista_Spasitela_Christ_the_Redeemer\"><\/span>1. Socha Krista Spasite\u013ea (Christ the Redeemer)<span class=\"ez-toc-section-end\"><\/span><\/h3>\n\n\n\n<p class=\"wp-block-paragraph\">T\u00e1to tridsa\u0165metrov\u00e1 ikona t\u00fd\u010diaca sa na vrchole hory Corcovado je bezpochyby t\u00fdm najzn\u00e1mej\u0161\u00edm symbolom celej Braz\u00edlie. <strong>Socha stoj\u00ed v nadmorskej v\u00fd\u0161ke 710 metrov a mraky ju dok\u00e1\u017eu zahali\u0165 na cel\u00fd de\u0148<\/strong>, preto je \u00faplne kritick\u00e9 vyrazi\u0165 sem iba vtedy, ke\u010f je obloha nad mestom \u010dist\u00e1 a modr\u00e1. Z vrcholu uvid\u00ed\u0161 cel\u00e9 mesto naraz \u2014 z\u00e1liv Guanabara, okolit\u00e9 pralesy aj vzdialen\u00e9 pl\u00e1\u017ee \u2014 a pri dobrej vidite\u013enosti pochop\u00ed\u0161, pre\u010do sem \u013eudia cestuj\u00fa z cel\u00e9ho sveta.<\/p>\n\n\n\n<p class=\"wp-block-paragraph\">Zauj\u00edmavos\u0165ou je, \u017ee k pamiatke vedie hne\u010f nieko\u013eko r\u00f4znych ciest, z ktor\u00fdch si m\u00f4\u017ee\u0161 vybra\u0165 pod\u013ea svojho rozpo\u010dtu a fyzickej kond\u00edcie. <strong>Najdrah\u0161ou a najob\u013e\u00fabenej\u0161ou variantou je <a href=\"https:\/\/www.tremdocorcovado.rio\/\" rel=\"nofollow noopener\" target=\"_blank\">historick\u00e1 zuba\u010dka Corcovado<\/a><\/strong>, o nie\u010do lacnej\u0161ie \u0165a vyjde ofici\u00e1lny mikrobus od n\u00e1v\u0161tevn\u00edckeho centra Paineiras a tou v\u00f4bec najlacnej\u0161ou cestou je n\u00e1ro\u010dn\u00fd pe\u0161\u00ed v\u00fdstup. Samotn\u00e1 socha z roku 1931 je majstrovsk\u00fdm dielom v \u0161t\u00fdle art deco a jej otvoren\u00e1 n\u00e1ru\u010d symbolicky v\u00edta v\u0161etk\u00fdch n\u00e1v\u0161tevn\u00edkov mesta.<\/p>\n\n\n\n<p class=\"wp-block-paragraph\">\ud83d\udca1 Tip: <strong>Ak sa rozhodne\u0161 pre pe\u0161iu t\u00faru, za\u010d\u00edna v n\u00e1dhernom parku Parque Lage<\/strong> a vedie strmo nahor hust\u00fdm pralesom. Zaberie ti zhruba dve a\u017e tri hodiny, po ceste pravdepodobne stretne\u0161 zvedav\u00e9 opice, ale vy\u017eaduje pevn\u00fa obuv a dostatok pitnej vody, preto\u017ee st\u00fapanie v tropickej vlhkosti je naozaj vy\u010derp\u00e1vaj\u00face.<\/p>\n\n\n\n<figure data-wp-context=\"{&quot;imageId&quot;:&quot;6a9c5983a0549&quot;}\" data-wp-interactive=\"core\/image\" data-wp-key=\"6a9c5983a0549\" class=\"wp-block-image size-full wp-lightbox-container\"><img decoding=\"async\" width=\"640\" height=\"480\" data-wp-class--hide=\"state.isContentHidden\" data-wp-class--show=\"state.isContentVisible\" data-wp-init=\"callbacks.setButtonStyles\" data-wp-on--click=\"actions.showLightbox\" data-wp-on--load=\"callbacks.setButtonStyles\" data-wp-on--pointerdown=\"actions.preloadImage\" data-wp-on--pointerenter=\"actions.preloadImageWithDelay\" data-wp-on--pointerleave=\"actions.cancelPreload\" data-wp-on-window--resize=\"callbacks.setButtonStyles\" src=\"https:\/\/loudavymkrokem.cz\/wp-content\/uploads\/2026\/09\/na-cukrovou-homoli.jpg\" alt=\"Lanovka na Cukrov\u00fa homo\u013eu (P\u00e3o de A\u00e7\u00facar)\" class=\"wp-image-413170\" title=\"\" srcset=\"https:\/\/loudavymkrokem.cz\/wp-content\/uploads\/2026\/09\/na-cukrovou-homoli.jpg 640w, https:\/\/loudavymkrokem.cz\/wp-content\/uploads\/2026\/09\/na-cukrovou-homoli-300x225.jpg 300w, https:\/\/loudavymkrokem.cz\/wp-content\/uploads\/2026\/09\/na-cukrovou-homoli-80x60.jpg 80w, https:\/\/loudavymkrokem.cz\/wp-content\/uploads\/2026\/09\/na-cukrovou-homoli-160x120.jpg 160w\" sizes=\"(max-width: 640px) 100vw, 640px\" \/><button\n\t\t\tclass=\"lightbox-trigger\"\n\t\t\ttype=\"button\"\n\t\t\taria-haspopup=\"dialog\"\n\t\t\tdata-wp-bind--aria-label=\"state.thisImage.triggerButtonAriaLabel\"\n\t\t\tdata-wp-init=\"callbacks.initTriggerButton\"\n\t\t\tdata-wp-on--click=\"actions.showLightbox\"\n\t\t\tdata-wp-style--right=\"state.thisImage.buttonRight\"\n\t\t\tdata-wp-style--top=\"state.thisImage.buttonTop\"\n\t\t>\n\t\t\t<svg xmlns=\"http:\/\/www.w3.org\/2000\/svg\" width=\"12\" height=\"12\" fill=\"none\" viewBox=\"0 0 12 12\">\n\t\t\t\t<path fill=\"#fff\" d=\"M2 0a2 2 0 0 0-2 2v2h1.5V2a.5.5 0 0 1 .5-.5h2V0H2Zm2 10.5H2a.5.5 0 0 1-.5-.5V8H0v2a2 2 0 0 0 2 2h2v-1.5ZM8 12v-1.5h2a.5.5 0 0 0 .5-.5V8H12v2a2 2 0 0 1-2 2H8Zm2-12a2 2 0 0 1 2 2v2h-1.5V2a.5.5 0 0 0-.5-.5H8V0h2Z\" \/>\n\t\t\t<\/svg>\n\t\t<\/button><figcaption class=\"wp-element-caption\">Foto: S\u00f3 Jesus salvar \/ Google Maps<\/figcaption><\/figure>\n\n\n\n<h3 class=\"wp-block-heading\"><span class=\"ez-toc-section\" id=\"2_Lanovka_na_Cukrovu_homolu_Pao_de_Acucar\"><\/span>2. Lanovka na Cukrov\u00fa homo\u013eu (P\u00e3o de A\u00e7\u00facar)<span class=\"ez-toc-section-end\"><\/span><\/h3>\n\n\n\n<p class=\"wp-block-paragraph\">Druh\u00fdm najv\u00fdznamnej\u0161\u00edm vyhliadkov\u00fdm bodom mesta je ohromn\u00fd \u017eulov\u00fd monolit, ktor\u00fd sa strmo dv\u00edha priamo z v\u00f4d oce\u00e1nu. <strong><a href=\"https:\/\/bondinho.com.br\/\" rel=\"nofollow noopener\" target=\"_blank\">Presklen\u00e1 lanovka<\/a> \u0165a vyvezie hore v dvoch samostatn\u00fdch \u00fasekoch<\/strong>, pri\u010dom u\u017e z prvej prestupnej stanice na kopci Morro da Urca sa pon\u00faka fantastick\u00e1 pod\u00edvan\u00e1 na kotviace jachty a prist\u00e1vaj\u00face lietadl\u00e1. Na samotnom vrchole Cukrovej homole sa potom ocitne\u0161 vo v\u00fd\u0161ke 396 metrov a cel\u00e9 mesto aj s proti\u013eahlou sochou Krista bude\u0161 ma\u0165 ako na dlani.<\/p>\n\n\n\n<p class=\"wp-block-paragraph\">Tento geologick\u00fd z\u00e1zrak je obklopen\u00fd bujnou veget\u00e1ciou a \u010dasto tu m\u00f4\u017ee\u0161 pozorova\u0165 drobn\u00e9 opi\u010dky kosm\u00e1\u010de, ktor\u00e9 veselo poskakuj\u00fa v korun\u00e1ch stromov. <strong>Cel\u00fd mas\u00edv funguje ako jeden ve\u013ek\u00fd pr\u00edrodn\u00fd monument<\/strong>, tak\u017ee hoci r\u00f4zne mapy \u010dasto ukazuj\u00fa lanovku a kopec ako oddelen\u00e9 miesta, ide o jeden kompaktn\u00fd z\u00e1\u017eitok. V\u00fdh\u013ead odtia\u013eto je \u00faplne magick\u00fd najm\u00e4 v neskorom popoludn\u00ed, ke\u010f slnko pomaly zapad\u00e1 za vysok\u00e9 vrcholy n\u00e1rodn\u00e9ho parku Tijuca a mesto sa za\u010d\u00edna rozsvecova\u0165.<\/p>\n\n\n\n<p class=\"wp-block-paragraph\">\ud83d\udca1 Tip: <strong>Ak chce\u0161 v\u00fdrazne u\u0161etri\u0165 za pomerne drah\u00fa vstupenku, vyu\u017ei chodn\u00edk Trilha do Morro da Urca<\/strong>, po ktorom m\u00f4\u017ee\u0161 prv\u00fd \u00fasek zdola\u0165 pe\u0161o d\u017eung\u013eou za zhruba \u0161tyridsa\u0165 min\u00fat. Hore si potom k\u00fapi\u0161 l\u00edstok len na druh\u00fa, vrcholov\u00fa \u010das\u0165 lanovky, \u010d\u00edm zraz\u00ed\u0161 celkov\u00e9 n\u00e1klady na polovicu a navy\u0161e sa vyhne\u0161 dlh\u00fdm radom dole pri pokladniach.<\/p>\n\n\n\n<figure data-wp-context=\"{&quot;imageId&quot;:&quot;6a9c5983a0c3b&quot;}\" data-wp-interactive=\"core\/image\" data-wp-key=\"6a9c5983a0c3b\" class=\"wp-block-image size-full wp-lightbox-container\"><img decoding=\"async\" width=\"1200\" height=\"675\" data-wp-class--hide=\"state.isContentHidden\" data-wp-class--show=\"state.isContentVisible\" data-wp-init=\"callbacks.setButtonStyles\" data-wp-on--click=\"actions.showLightbox\" data-wp-on--load=\"callbacks.setButtonStyles\" data-wp-on--pointerdown=\"actions.preloadImage\" data-wp-on--pointerenter=\"actions.preloadImageWithDelay\" data-wp-on--pointerleave=\"actions.cancelPreload\" data-wp-on-window--resize=\"callbacks.setButtonStyles\" src=\"https:\/\/loudavymkrokem.cz\/wp-content\/uploads\/2026\/09\/copacabana.jpg\" alt=\"Pl\u00e1\u017e Copacabana a Forte de Copacabana\" class=\"wp-image-413175\" title=\"\" srcset=\"https:\/\/loudavymkrokem.cz\/wp-content\/uploads\/2026\/09\/copacabana.jpg 1200w, https:\/\/loudavymkrokem.cz\/wp-content\/uploads\/2026\/09\/copacabana-300x169.jpg 300w, https:\/\/loudavymkrokem.cz\/wp-content\/uploads\/2026\/09\/copacabana-700x394.jpg 700w, https:\/\/loudavymkrokem.cz\/wp-content\/uploads\/2026\/09\/copacabana-768x432.jpg 768w, https:\/\/loudavymkrokem.cz\/wp-content\/uploads\/2026\/09\/copacabana-696x392.jpg 696w\" sizes=\"(max-width: 1200px) 100vw, 1200px\" \/><button\n\t\t\tclass=\"lightbox-trigger\"\n\t\t\ttype=\"button\"\n\t\t\taria-haspopup=\"dialog\"\n\t\t\tdata-wp-bind--aria-label=\"state.thisImage.triggerButtonAriaLabel\"\n\t\t\tdata-wp-init=\"callbacks.initTriggerButton\"\n\t\t\tdata-wp-on--click=\"actions.showLightbox\"\n\t\t\tdata-wp-style--right=\"state.thisImage.buttonRight\"\n\t\t\tdata-wp-style--top=\"state.thisImage.buttonTop\"\n\t\t>\n\t\t\t<svg xmlns=\"http:\/\/www.w3.org\/2000\/svg\" width=\"12\" height=\"12\" fill=\"none\" viewBox=\"0 0 12 12\">\n\t\t\t\t<path fill=\"#fff\" d=\"M2 0a2 2 0 0 0-2 2v2h1.5V2a.5.5 0 0 1 .5-.5h2V0H2Zm2 10.5H2a.5.5 0 0 1-.5-.5V8H0v2a2 2 0 0 0 2 2h2v-1.5ZM8 12v-1.5h2a.5.5 0 0 0 .5-.5V8H12v2a2 2 0 0 1-2 2H8Zm2-12a2 2 0 0 1 2 2v2h-1.5V2a.5.5 0 0 0-.5-.5H8V0h2Z\" \/>\n\t\t\t<\/svg>\n\t\t<\/button><figcaption class=\"wp-element-caption\">Foto: Alby Set \/ Google Maps<\/figcaption><\/figure>\n\n\n\n<h3 class=\"wp-block-heading\"><span class=\"ez-toc-section\" id=\"3_Plaz_Copacabana_a_Forte_de_Copacabana\"><\/span>3. Pl\u00e1\u017e Copacabana a Forte de Copacabana<span class=\"ez-toc-section-end\"><\/span><\/h3>\n\n\n\n<p class=\"wp-block-paragraph\">Asi neexistuje na svete sl\u00e1vnej\u0161\u00ed pruh piesku, ne\u017e je pr\u00e1ve tento tri a pol kilometra dlh\u00fd \u00fasek lemovan\u00fd ikonickou \u010diernobielou vlnitou dla\u017ebou. <strong>Copacabana predstavuje pulzuj\u00face srdce cel\u00e9ho Ria<\/strong>, kde sa od skor\u00e9ho r\u00e1na do neskor\u00e9ho popoludnia hr\u00e1 pl\u00e1\u017eov\u00fd volejbal, pop\u00edjaj\u00fa sa osvie\u017euj\u00face n\u00e1poje z kioskov a miestni sa stret\u00e1vaj\u00fa s turistami z cel\u00e9ho sveta. Vlny tu b\u00fdvaj\u00fa pomerne siln\u00e9, ale \u0161irok\u00fd p\u00e1s jemn\u00e9ho piesku pon\u00faka dostatok priestoru na pohodln\u00e9 opa\u013eovanie aj dlh\u00e9 prech\u00e1dzky.<\/p>\n\n\n\n<p class=\"wp-block-paragraph\">Na samom ju\u017enom konci pl\u00e1\u017ee sa hrdo t\u00fd\u010di historick\u00e1 vojensk\u00e1 pevnos\u0165 zo za\u010diatku dvadsiateho storo\u010dia, ktor\u00e1 dnes funguje ako fascinuj\u00face m\u00fazeum. <strong>Forte de Copacabana pon\u00faka \u00faplne dokonal\u00fd v\u00fdh\u013ead na cel\u00fa d\u013a\u017eku pl\u00e1\u017ee<\/strong> a\u017e k majest\u00e1tnej Cukrovej homoli v dia\u013eke. Vn\u00fatri are\u00e1lu si m\u00f4\u017ee\u0161 prezrie\u0165 zachovan\u00e9 del\u00e1, historick\u00e9 uniformy a star\u00e9 fotografie, ktor\u00e9 mapuj\u00fa spletit\u00fa vojensk\u00fa hist\u00f3riu tejto obrovskej juhoamerickej krajiny.<\/p>\n\n\n\n<p class=\"wp-block-paragraph\">\ud83d\udca1 Tip: <strong>Vn\u00fatri pevnosti n\u00e1jde\u0161 sl\u00e1vnu kaviare\u0148 Confeitaria Colombo<\/strong>, kde si m\u00f4\u017ee\u0161 sadn\u00fa\u0165 na vonkaj\u0161iu terasu, objedna\u0165 si v\u00fdborn\u00fa k\u00e1vu so syrov\u00fdm pag\u00e1\u010dikom p\u00e3o de queijo a u\u017e\u00edva\u0165 si \u00fapln\u00fd pokoj mimo ru\u0161n\u00fdch pl\u00e1\u017eov\u00fdch davov. Nezabudni ale, \u017ee po promen\u00e1de sa chod\u00ed len cez de\u0148, po tme rad\u0161ej vo\u013e cestu tax\u00edkom.<\/p>\n\n\n\n<figure data-wp-context=\"{&quot;imageId&quot;:&quot;6a9c5983a11e9&quot;}\" data-wp-interactive=\"core\/image\" data-wp-key=\"6a9c5983a11e9\" class=\"wp-block-image size-full wp-lightbox-container\"><img decoding=\"async\" width=\"1200\" height=\"900\" data-wp-class--hide=\"state.isContentHidden\" data-wp-class--show=\"state.isContentVisible\" data-wp-init=\"callbacks.setButtonStyles\" data-wp-on--click=\"actions.showLightbox\" data-wp-on--load=\"callbacks.setButtonStyles\" data-wp-on--pointerdown=\"actions.preloadImage\" data-wp-on--pointerenter=\"actions.preloadImageWithDelay\" data-wp-on--pointerleave=\"actions.cancelPreload\" data-wp-on-window--resize=\"callbacks.setButtonStyles\" src=\"https:\/\/loudavymkrokem.cz\/wp-content\/uploads\/2026\/09\/ipanema.jpg\" alt=\"Pl\u00e1\u017e Ipanema a syst\u00e9m z\u00e1chran\u00e1rskych stan\u00edc\" class=\"wp-image-413179\" title=\"\" srcset=\"https:\/\/loudavymkrokem.cz\/wp-content\/uploads\/2026\/09\/ipanema.jpg 1200w, https:\/\/loudavymkrokem.cz\/wp-content\/uploads\/2026\/09\/ipanema-300x225.jpg 300w, https:\/\/loudavymkrokem.cz\/wp-content\/uploads\/2026\/09\/ipanema-700x525.jpg 700w, https:\/\/loudavymkrokem.cz\/wp-content\/uploads\/2026\/09\/ipanema-768x576.jpg 768w, https:\/\/loudavymkrokem.cz\/wp-content\/uploads\/2026\/09\/ipanema-80x60.jpg 80w, https:\/\/loudavymkrokem.cz\/wp-content\/uploads\/2026\/09\/ipanema-160x120.jpg 160w, https:\/\/loudavymkrokem.cz\/wp-content\/uploads\/2026\/09\/ipanema-696x522.jpg 696w\" sizes=\"(max-width: 1200px) 100vw, 1200px\" \/><button\n\t\t\tclass=\"lightbox-trigger\"\n\t\t\ttype=\"button\"\n\t\t\taria-haspopup=\"dialog\"\n\t\t\tdata-wp-bind--aria-label=\"state.thisImage.triggerButtonAriaLabel\"\n\t\t\tdata-wp-init=\"callbacks.initTriggerButton\"\n\t\t\tdata-wp-on--click=\"actions.showLightbox\"\n\t\t\tdata-wp-style--right=\"state.thisImage.buttonRight\"\n\t\t\tdata-wp-style--top=\"state.thisImage.buttonTop\"\n\t\t>\n\t\t\t<svg xmlns=\"http:\/\/www.w3.org\/2000\/svg\" width=\"12\" height=\"12\" fill=\"none\" viewBox=\"0 0 12 12\">\n\t\t\t\t<path fill=\"#fff\" d=\"M2 0a2 2 0 0 0-2 2v2h1.5V2a.5.5 0 0 1 .5-.5h2V0H2Zm2 10.5H2a.5.5 0 0 1-.5-.5V8H0v2a2 2 0 0 0 2 2h2v-1.5ZM8 12v-1.5h2a.5.5 0 0 0 .5-.5V8H12v2a2 2 0 0 1-2 2H8Zm2-12a2 2 0 0 1 2 2v2h-1.5V2a.5.5 0 0 0-.5-.5H8V0h2Z\" \/>\n\t\t\t<\/svg>\n\t\t<\/button><figcaption class=\"wp-element-caption\">Foto: Alby Set \/ Google Maps<\/figcaption><\/figure>\n\n\n\n<h3 class=\"wp-block-heading\"><span class=\"ez-toc-section\" id=\"4_Plaz_Ipanema_a_system_zachranarskych_stanic\"><\/span>4. Pl\u00e1\u017e Ipanema a syst\u00e9m z\u00e1chran\u00e1rskych stan\u00edc<span class=\"ez-toc-section-end\"><\/span><\/h3>\n\n\n\n<p class=\"wp-block-paragraph\">Ak Copacabana predstavuje masov\u00fd turizmus, Ipanema je symbolom elegancie, m\u00f3dy a uvo\u013enen\u00e9ho pl\u00e1\u017eov\u00e9ho \u017eivotn\u00e9ho \u0161t\u00fdlu. <strong>T\u00e1to pl\u00e1\u017e je presl\u00e1ven\u00e1 svojou neuverite\u013ene \u010distou vodou a n\u00e1dhern\u00fdmi v\u00fdh\u013eadmi na pohorie Dois Irm\u00e3os<\/strong>, ktor\u00e9 tvoria dokonal\u00fa kulisu pre ka\u017ed\u00fa fotografiu. Piesok je tu o nie\u010do jemnej\u0161\u00ed a celkov\u00e1 atmosf\u00e9ra l\u00e1ka sk\u00f4r mlad\u0161iu gener\u00e1ciu, umelcov a milovn\u00edkov dizajnu, ktor\u00ed sa sem s\u0165ahuj\u00fa z pri\u013eahl\u00fdch butikov\u00fdch ul\u00edc.<\/p>\n\n\n\n<p class=\"wp-block-paragraph\">Na orient\u00e1ciu na dlhom pobre\u017e\u00ed pou\u017e\u00edvaj\u00fa miestni obyvatelia takzvan\u00e9 postos, \u010do s\u00fa \u010d\u00edslovan\u00e9 z\u00e1chran\u00e1rske stanice rozmiestnen\u00e9 v pravideln\u00fdch rozstupoch. <strong>Najsl\u00e1vnej\u0161\u00edm bodom je bezpochyby Posto 9 na Ipaneme<\/strong>, ktor\u00e9 historicky funguje ako hlavn\u00e9 centrum stret\u00e1vania, kam sa chodia \u013eudia zab\u00e1va\u0165, predv\u00e1dza\u0165 nov\u00e9 plavky a diskutova\u0165 o \u017eivote. Ka\u017ed\u00e9 posto m\u00e1 svoju \u0161pecifick\u00fa atmosf\u00e9ru a pri\u0165ahuje trochu in\u00fa skupinu \u013eud\u00ed, od rod\u00edn s de\u0165mi a\u017e po zap\u00e1len\u00fdch \u0161portovcov.<\/p>\n\n\n\n<p class=\"wp-block-paragraph\">\ud83d\udca1 Tip: <strong>Ke\u010f \u0165a prepadne hlad, nemus\u00ed\u0161 pl\u00e1\u017e v\u00f4bec op\u00fa\u0161\u0165a\u0165, sta\u010d\u00ed si od pl\u00e1\u017eov\u00fdch predajcov k\u00fapi\u0165 misku \u013eadov\u00e9ho a\u00e7a\u00ed<\/strong>, \u010do je hust\u00e1 fialov\u00e1 dre\u0148 z amazonsk\u00fdch paliem zasypan\u00e1 chrumkavou granolou a ban\u00e1nom. Je to dokonal\u00e1, osvie\u017euj\u00faca a \u00faplne bezm\u00e4sit\u00e1 poch\u00fa\u0165ka, ktor\u00e1 ti v tropickej hor\u00fa\u010dave okam\u017eite dod\u00e1 potrebn\u00fa energiu na \u010fal\u0161ie k\u00fapanie.<\/p>\n\n\n\n<figure data-wp-context=\"{&quot;imageId&quot;:&quot;6a9c5983a1915&quot;}\" data-wp-interactive=\"core\/image\" data-wp-key=\"6a9c5983a1915\" class=\"wp-block-image size-full wp-lightbox-container\"><img decoding=\"async\" width=\"1600\" height=\"739\" data-wp-class--hide=\"state.isContentHidden\" data-wp-class--show=\"state.isContentVisible\" data-wp-init=\"callbacks.setButtonStyles\" data-wp-on--click=\"actions.showLightbox\" data-wp-on--load=\"callbacks.setButtonStyles\" data-wp-on--pointerdown=\"actions.preloadImage\" data-wp-on--pointerenter=\"actions.preloadImageWithDelay\" data-wp-on--pointerleave=\"actions.cancelPreload\" data-wp-on-window--resize=\"callbacks.setButtonStyles\" src=\"https:\/\/loudavymkrokem.cz\/wp-content\/uploads\/2026\/09\/leblon.jpg\" alt=\"Pl\u00e1\u017e Leblon a vyhliadka Mirante do Leblon\" class=\"wp-image-413183\" title=\"\" srcset=\"https:\/\/loudavymkrokem.cz\/wp-content\/uploads\/2026\/09\/leblon.jpg 1600w, https:\/\/loudavymkrokem.cz\/wp-content\/uploads\/2026\/09\/leblon-300x139.jpg 300w, https:\/\/loudavymkrokem.cz\/wp-content\/uploads\/2026\/09\/leblon-700x323.jpg 700w, https:\/\/loudavymkrokem.cz\/wp-content\/uploads\/2026\/09\/leblon-768x355.jpg 768w, https:\/\/loudavymkrokem.cz\/wp-content\/uploads\/2026\/09\/leblon-1536x709.jpg 1536w, https:\/\/loudavymkrokem.cz\/wp-content\/uploads\/2026\/09\/leblon-696x321.jpg 696w, https:\/\/loudavymkrokem.cz\/wp-content\/uploads\/2026\/09\/leblon-1392x643.jpg 1392w\" sizes=\"(max-width: 1600px) 100vw, 1600px\" \/><button\n\t\t\tclass=\"lightbox-trigger\"\n\t\t\ttype=\"button\"\n\t\t\taria-haspopup=\"dialog\"\n\t\t\tdata-wp-bind--aria-label=\"state.thisImage.triggerButtonAriaLabel\"\n\t\t\tdata-wp-init=\"callbacks.initTriggerButton\"\n\t\t\tdata-wp-on--click=\"actions.showLightbox\"\n\t\t\tdata-wp-style--right=\"state.thisImage.buttonRight\"\n\t\t\tdata-wp-style--top=\"state.thisImage.buttonTop\"\n\t\t>\n\t\t\t<svg xmlns=\"http:\/\/www.w3.org\/2000\/svg\" width=\"12\" height=\"12\" fill=\"none\" viewBox=\"0 0 12 12\">\n\t\t\t\t<path fill=\"#fff\" d=\"M2 0a2 2 0 0 0-2 2v2h1.5V2a.5.5 0 0 1 .5-.5h2V0H2Zm2 10.5H2a.5.5 0 0 1-.5-.5V8H0v2a2 2 0 0 0 2 2h2v-1.5ZM8 12v-1.5h2a.5.5 0 0 0 .5-.5V8H12v2a2 2 0 0 1-2 2H8Zm2-12a2 2 0 0 1 2 2v2h-1.5V2a.5.5 0 0 0-.5-.5H8V0h2Z\" \/>\n\t\t\t<\/svg>\n\t\t<\/button><figcaption class=\"wp-element-caption\">Foto: Cassiano Neto \/ Google Maps<\/figcaption><\/figure>\n\n\n\n<h3 class=\"wp-block-heading\"><span class=\"ez-toc-section\" id=\"5_Plaz_Leblon_a_vyhliadka_Mirante_do_Leblon\"><\/span>5. Pl\u00e1\u017e Leblon a vyhliadka Mirante do Leblon<span class=\"ez-toc-section-end\"><\/span><\/h3>\n\n\n\n<p class=\"wp-block-paragraph\">Hne\u010f za kan\u00e1lom, ktor\u00fd odde\u013euje Ipanemu, sa rozprestiera exkluz\u00edvna \u0161tvr\u0165 Leblon so svojou vlastnou, ove\u013ea pokojnej\u0161ou pl\u00e1\u017eou. <strong>Leblon je pova\u017eovan\u00fd za najbezpe\u010dnej\u0161iu a najprest\u00ed\u017enej\u0161iu \u010das\u0165 cel\u00e9ho mesta<\/strong>, \u010do sa odr\u00e1\u017ea nielen v nulovej \u0161tatistike v\u00e1\u017enych zlo\u010dinov, ale aj v upravenosti miestnych kioskov a \u010distote cel\u00e9ho n\u00e1bre\u017eia. Pl\u00e1\u017e je dom\u00e9nou miestnych rezidentov, rod\u00edn s de\u0165mi a zn\u00e1mych osobnost\u00ed, ktor\u00e9 sem chodia relaxova\u0165 pod slne\u010dn\u00edkmi \u010faleko od najv\u00e4\u010d\u0161ieho turistick\u00e9ho ruchu.<\/p>\n\n\n\n<p class=\"wp-block-paragraph\">Na samom konci pl\u00e1\u017ee, kde sa cesta za\u010d\u00edna dv\u00edha\u0165 do strm\u00fdch kopcov, n\u00e1jde\u0161 n\u00e1dhern\u00fa dreven\u00fa terasu t\u00fd\u010diacu sa nad b\u00fariacim oce\u00e1nom. <strong>Vyhliadka Mirante do Leblon ti pon\u00fakne ikonick\u00fd poh\u013ead na cel\u00fa d\u013a\u017eku pl\u00e1\u017e\u00ed Leblon a Ipanema<\/strong>, lemovan\u00fdch palmami a vysok\u00fdmi modern\u00fdmi budovami. Najm\u00e4 v popolud\u0148aj\u0161\u00edch hodin\u00e1ch sa sem sch\u00e1dzaj\u00fa \u013eudia na bicykloch, aby si pri mal\u00fdch st\u00e1nkoch k\u00fapili vychladen\u00fa kokosov\u00fa vodu a sledovali, ako sa mesto pomaly uklad\u00e1 k sp\u00e1nku.<\/p>\n\n\n\n<p class=\"wp-block-paragraph\">\ud83d\udca1 Tip: <strong>Priamo na vyhliadke funguje nieko\u013eko mal\u00fdch barov, kde si m\u00f4\u017ee\u0161 da\u0165 \u010derstv\u00fa \u0161\u0165avu z tropick\u00e9ho ovocia<\/strong> a po\u010d\u00fava\u0165 \u0161umenie obrovsk\u00fdch v\u013an, ktor\u00e9 sa trie\u0161tia o skaly priamo pod tebou. Je to ide\u00e1lne miesto na romantick\u00e9 zakon\u010denie dlh\u00e9ho d\u0148a, navy\u0161e sa sem z pl\u00e1\u017ee dostane\u0161 pohodlnou prech\u00e1dzkou po bezpe\u010dnej promen\u00e1de.<\/p>\n\n\n\n<figure data-wp-context=\"{&quot;imageId&quot;:&quot;6a9c5983a20fe&quot;}\" data-wp-interactive=\"core\/image\" data-wp-key=\"6a9c5983a20fe\" class=\"wp-block-image size-full wp-lightbox-container\"><img decoding=\"async\" width=\"1600\" height=\"1068\" data-wp-class--hide=\"state.isContentHidden\" data-wp-class--show=\"state.isContentVisible\" data-wp-init=\"callbacks.setButtonStyles\" data-wp-on--click=\"actions.showLightbox\" data-wp-on--load=\"callbacks.setButtonStyles\" data-wp-on--pointerdown=\"actions.preloadImage\" data-wp-on--pointerenter=\"actions.preloadImageWithDelay\" data-wp-on--pointerleave=\"actions.cancelPreload\" data-wp-on-window--resize=\"callbacks.setButtonStyles\" src=\"https:\/\/loudavymkrokem.cz\/wp-content\/uploads\/2026\/09\/pedra-do-arpoador.jpg\" alt=\"Skaln\u00fd v\u00fdbe\u017eok Pedra do Arpoador\" class=\"wp-image-413187\" title=\"\" srcset=\"https:\/\/loudavymkrokem.cz\/wp-content\/uploads\/2026\/09\/pedra-do-arpoador.jpg 1600w, https:\/\/loudavymkrokem.cz\/wp-content\/uploads\/2026\/09\/pedra-do-arpoador-300x200.jpg 300w, https:\/\/loudavymkrokem.cz\/wp-content\/uploads\/2026\/09\/pedra-do-arpoador-700x467.jpg 700w, https:\/\/loudavymkrokem.cz\/wp-content\/uploads\/2026\/09\/pedra-do-arpoador-768x513.jpg 768w, https:\/\/loudavymkrokem.cz\/wp-content\/uploads\/2026\/09\/pedra-do-arpoador-1536x1025.jpg 1536w, https:\/\/loudavymkrokem.cz\/wp-content\/uploads\/2026\/09\/pedra-do-arpoador-696x465.jpg 696w, https:\/\/loudavymkrokem.cz\/wp-content\/uploads\/2026\/09\/pedra-do-arpoador-1392x929.jpg 1392w\" sizes=\"(max-width: 1600px) 100vw, 1600px\" \/><button\n\t\t\tclass=\"lightbox-trigger\"\n\t\t\ttype=\"button\"\n\t\t\taria-haspopup=\"dialog\"\n\t\t\tdata-wp-bind--aria-label=\"state.thisImage.triggerButtonAriaLabel\"\n\t\t\tdata-wp-init=\"callbacks.initTriggerButton\"\n\t\t\tdata-wp-on--click=\"actions.showLightbox\"\n\t\t\tdata-wp-style--right=\"state.thisImage.buttonRight\"\n\t\t\tdata-wp-style--top=\"state.thisImage.buttonTop\"\n\t\t>\n\t\t\t<svg xmlns=\"http:\/\/www.w3.org\/2000\/svg\" width=\"12\" height=\"12\" fill=\"none\" viewBox=\"0 0 12 12\">\n\t\t\t\t<path fill=\"#fff\" d=\"M2 0a2 2 0 0 0-2 2v2h1.5V2a.5.5 0 0 1 .5-.5h2V0H2Zm2 10.5H2a.5.5 0 0 1-.5-.5V8H0v2a2 2 0 0 0 2 2h2v-1.5ZM8 12v-1.5h2a.5.5 0 0 0 .5-.5V8H12v2a2 2 0 0 1-2 2H8Zm2-12a2 2 0 0 1 2 2v2h-1.5V2a.5.5 0 0 0-.5-.5H8V0h2Z\" \/>\n\t\t\t<\/svg>\n\t\t<\/button><figcaption class=\"wp-element-caption\">Foto: Maur\u00edcio Moreno \/ Google Maps<\/figcaption><\/figure>\n\n\n\n<h3 class=\"wp-block-heading\"><span class=\"ez-toc-section\" id=\"6_Skalny_vybezok_Pedra_do_Arpoador\"><\/span>6. Skaln\u00fd v\u00fdbe\u017eok Pedra do Arpoador<span class=\"ez-toc-section-end\"><\/span><\/h3>\n\n\n\n<p class=\"wp-block-paragraph\">Medzi ru\u0161nou Copacabanou a elegantnou Ipanemou vybieha hlboko do oce\u00e1nu obrovsk\u00fd skaln\u00fd mas\u00edv, ktor\u00fd tvor\u00ed prirodzen\u00fa hranicu medzi oboma z\u00e1livmi. <strong>Pedra do Arpoador je absol\u00fatnou legendou medzi surfermi<\/strong>, preto\u017ee pr\u00e1ve tu sa l\u00e1mu tie najlep\u0161ie a najkonzistentnej\u0161ie vlny v celom meste. Cez de\u0148 m\u00f4\u017ee\u0161 zo sk\u00e1l pozorova\u0165 desiatky \u0161portovcov, ako brav\u00farne krotia morsk\u00fd \u017eivel, zatia\u013e \u010do sa opiera\u0161 o tepl\u00fd kame\u0148 a nas\u00e1va\u0161 slan\u00fd oce\u00e1nsky vzduch.<\/p>\n\n\n\n<p class=\"wp-block-paragraph\">To hlavn\u00e9 predstavenie tu ale za\u010d\u00edna a\u017e v podve\u010der, ke\u010f sa skaly zaplnia stovkami \u013eud\u00ed s jedin\u00fdm spolo\u010dn\u00fdm cie\u013eom. <strong>Trad\u00edcia vel\u00ed, \u017ee akon\u00e1hle slnko zapadne za majest\u00e1tnu horu Dois Irm\u00e3os, cel\u00fd dav za\u010dne nad\u0161ene tlieska\u0165<\/strong>, \u010d\u00edm \u010fakuje pr\u00edrode za \u010fal\u0161\u00ed n\u00e1dhern\u00fd de\u0148 v tomto rajskom meste. Je to neuverite\u013ene siln\u00fd a emot\u00edvny z\u00e1\u017eitok, ktor\u00fd dokonale vystihuje vrel\u00fa a radostn\u00fa braz\u00edlsku povahu, ktor\u00fa si okam\u017eite zamiluje\u0161.<\/p>\n\n\n\n<p class=\"wp-block-paragraph\">\ud83d\udca1 Tip: <strong>Pr\u00ed\u010f sem aspo\u0148 hodinu pred samotn\u00fdm z\u00e1padom slnka, aby si si ulovil dobr\u00e9 miesto na sedenie<\/strong>, preto\u017ee skaly b\u00fdvaj\u00fa naozaj pln\u00e9 k prasknutiu. Cestou sp\u00e4\u0165 stoj\u00ed za to zabo\u010di\u0165 do jednej z japonsk\u00fdch alebo talianskych re\u0161taur\u00e1ci\u00ed v okol\u00ed \u2014 ak neholduje\u0161 m\u00e4su, tu si pr\u00edde\u0161 na svoje.<\/p>\n\n\n\n<figure data-wp-context=\"{&quot;imageId&quot;:&quot;6a9c5983a2664&quot;}\" data-wp-interactive=\"core\/image\" data-wp-key=\"6a9c5983a2664\" class=\"wp-block-image size-full wp-lightbox-container\"><img decoding=\"async\" width=\"1254\" height=\"836\" data-wp-class--hide=\"state.isContentHidden\" data-wp-class--show=\"state.isContentVisible\" data-wp-init=\"callbacks.setButtonStyles\" data-wp-on--click=\"actions.showLightbox\" data-wp-on--load=\"callbacks.setButtonStyles\" data-wp-on--pointerdown=\"actions.preloadImage\" data-wp-on--pointerenter=\"actions.preloadImageWithDelay\" data-wp-on--pointerleave=\"actions.cancelPreload\" data-wp-on-window--resize=\"callbacks.setButtonStyles\" src=\"https:\/\/loudavymkrokem.cz\/wp-content\/uploads\/2026\/09\/escadaria-selar-n.jpg\" alt=\"Schodisko Escadaria Selar\u00f3n\" class=\"wp-image-413192\" title=\"\" srcset=\"https:\/\/loudavymkrokem.cz\/wp-content\/uploads\/2026\/09\/escadaria-selar-n.jpg 1254w, https:\/\/loudavymkrokem.cz\/wp-content\/uploads\/2026\/09\/escadaria-selar-n-300x200.jpg 300w, https:\/\/loudavymkrokem.cz\/wp-content\/uploads\/2026\/09\/escadaria-selar-n-700x467.jpg 700w, https:\/\/loudavymkrokem.cz\/wp-content\/uploads\/2026\/09\/escadaria-selar-n-768x512.jpg 768w, https:\/\/loudavymkrokem.cz\/wp-content\/uploads\/2026\/09\/escadaria-selar-n-696x464.jpg 696w\" sizes=\"(max-width: 1254px) 100vw, 1254px\" \/><button\n\t\t\tclass=\"lightbox-trigger\"\n\t\t\ttype=\"button\"\n\t\t\taria-haspopup=\"dialog\"\n\t\t\tdata-wp-bind--aria-label=\"state.thisImage.triggerButtonAriaLabel\"\n\t\t\tdata-wp-init=\"callbacks.initTriggerButton\"\n\t\t\tdata-wp-on--click=\"actions.showLightbox\"\n\t\t\tdata-wp-style--right=\"state.thisImage.buttonRight\"\n\t\t\tdata-wp-style--top=\"state.thisImage.buttonTop\"\n\t\t>\n\t\t\t<svg xmlns=\"http:\/\/www.w3.org\/2000\/svg\" width=\"12\" height=\"12\" fill=\"none\" viewBox=\"0 0 12 12\">\n\t\t\t\t<path fill=\"#fff\" d=\"M2 0a2 2 0 0 0-2 2v2h1.5V2a.5.5 0 0 1 .5-.5h2V0H2Zm2 10.5H2a.5.5 0 0 1-.5-.5V8H0v2a2 2 0 0 0 2 2h2v-1.5ZM8 12v-1.5h2a.5.5 0 0 0 .5-.5V8H12v2a2 2 0 0 1-2 2H8Zm2-12a2 2 0 0 1 2 2v2h-1.5V2a.5.5 0 0 0-.5-.5H8V0h2Z\" \/>\n\t\t\t<\/svg>\n\t\t<\/button><figcaption class=\"wp-element-caption\">Foto: Imanol Gallego \/ Google Maps<\/figcaption><\/figure>\n\n\n\n<h3 class=\"wp-block-heading\"><span class=\"ez-toc-section\" id=\"7_Schodisko_Escadaria_Selaron\"><\/span>7. Schodisko Escadaria Selar\u00f3n<span class=\"ez-toc-section-end\"><\/span><\/h3>\n\n\n\n<p class=\"wp-block-paragraph\">V boh\u00e9mskej \u0161tvrti Lapa naraz\u00ed\u0161 na schodisko, ktor\u00e9 na Instagrame spozn\u00e1\u0161 okam\u017eite \u2014 aj ke\u010f nevie\u0161, ako sa vol\u00e1. <strong>Escadaria Selar\u00f3n je monument\u00e1lne schodisko s dvesto p\u00e4tn\u00e1stimi schodmi<\/strong>, ktor\u00e9 \u010d\u00edlsky umelec Jorge Selar\u00f3n postupne oblo\u017eil tis\u00edckami \u017eiarivo farebn\u00fdch kachli\u010diek z cel\u00e9ho sveta. Svoje \u017eivotn\u00e9 dielo tvoril viac ako dvadsa\u0165 rokov na po\u010des\u0165 braz\u00edlskeho \u013eudu a dnes je tento pestrofarebn\u00fd koridor \u00faplnou nutnos\u0165ou pre ka\u017ed\u00e9ho n\u00e1v\u0161tevn\u00edka mesta.<\/p>\n\n\n\n<p class=\"wp-block-paragraph\">Pri pozornom sk\u00faman\u00ed zist\u00ed\u0161, \u017ee dla\u017edice poch\u00e1dzaj\u00fa z viac ako \u0161es\u0165desiatich kraj\u00edn sveta a mnoh\u00e9 z nich mu posielali sami fan\u00fa\u0161ikovia jeho ne\u00fanavnej pr\u00e1ce. <strong>Ka\u017ed\u00fd k\u00fasok keramiky rozpr\u00e1va svoj vlastn\u00fd pr\u00edbeh a cel\u00e1 mozaika sa neust\u00e1le premie\u0148a<\/strong>, ako st\u00fapa\u0161 vy\u0161\u0161ie a vy\u0161\u0161ie smerom k umeleckej \u0161tvrti Santa Teresa. Atmosf\u00e9ru miesta \u010dasto dotv\u00e1raj\u00fa pouli\u010dn\u00ed hudobn\u00edci a predajcovia drobn\u00fdch suven\u00edrov, ktor\u00ed dod\u00e1vaj\u00fa schodisku nefal\u0161ovan\u00fd lok\u00e1lny kolorit.<\/p>\n\n\n\n<p class=\"wp-block-paragraph\">\ud83d\udca1 Tip: <strong>Vyraz sem hne\u010f skoro r\u00e1no, ide\u00e1lne okolo \u00f4smej hodiny, inak bude\u0161 ma\u0165 na fotk\u00e1ch davy \u010fal\u0161\u00edch turistov<\/strong>, preto\u017ee po\u010das d\u0148a sa na schodoch tvoria obrovsk\u00e9 z\u00e1pchy. Schodisko prep\u00e1ja \u0161tvr\u0165 Lapa so Santa Teresou, tak\u017ee po jeho zdolan\u00ed m\u00f4\u017ee\u0161 plynulo pokra\u010dova\u0165 v prehliadke historick\u00fdch uli\u010diek hore na kopci.<\/p>\n\n\n\n<figure data-wp-context=\"{&quot;imageId&quot;:&quot;6a9c5983a2b3c&quot;}\" data-wp-interactive=\"core\/image\" data-wp-key=\"6a9c5983a2b3c\" class=\"wp-block-image size-full wp-lightbox-container\"><img decoding=\"async\" width=\"1080\" height=\"1350\" data-wp-class--hide=\"state.isContentHidden\" data-wp-class--show=\"state.isContentVisible\" data-wp-init=\"callbacks.setButtonStyles\" data-wp-on--click=\"actions.showLightbox\" data-wp-on--load=\"callbacks.setButtonStyles\" data-wp-on--pointerdown=\"actions.preloadImage\" data-wp-on--pointerenter=\"actions.preloadImageWithDelay\" data-wp-on--pointerleave=\"actions.cancelPreload\" data-wp-on-window--resize=\"callbacks.setButtonStyles\" src=\"https:\/\/loudavymkrokem.cz\/wp-content\/uploads\/2026\/09\/santa-teresa.jpg\" alt=\"\u0160tvr\u0165 Santa Teresa a historick\u00e1 elektri\u010dka\" class=\"wp-image-413195\" title=\"\" srcset=\"https:\/\/loudavymkrokem.cz\/wp-content\/uploads\/2026\/09\/santa-teresa.jpg 1080w, https:\/\/loudavymkrokem.cz\/wp-content\/uploads\/2026\/09\/santa-teresa-240x300.jpg 240w, https:\/\/loudavymkrokem.cz\/wp-content\/uploads\/2026\/09\/santa-teresa-700x875.jpg 700w, https:\/\/loudavymkrokem.cz\/wp-content\/uploads\/2026\/09\/santa-teresa-768x960.jpg 768w, https:\/\/loudavymkrokem.cz\/wp-content\/uploads\/2026\/09\/santa-teresa-696x870.jpg 696w\" sizes=\"(max-width: 1080px) 100vw, 1080px\" \/><button\n\t\t\tclass=\"lightbox-trigger\"\n\t\t\ttype=\"button\"\n\t\t\taria-haspopup=\"dialog\"\n\t\t\tdata-wp-bind--aria-label=\"state.thisImage.triggerButtonAriaLabel\"\n\t\t\tdata-wp-init=\"callbacks.initTriggerButton\"\n\t\t\tdata-wp-on--click=\"actions.showLightbox\"\n\t\t\tdata-wp-style--right=\"state.thisImage.buttonRight\"\n\t\t\tdata-wp-style--top=\"state.thisImage.buttonTop\"\n\t\t>\n\t\t\t<svg xmlns=\"http:\/\/www.w3.org\/2000\/svg\" width=\"12\" height=\"12\" fill=\"none\" viewBox=\"0 0 12 12\">\n\t\t\t\t<path fill=\"#fff\" d=\"M2 0a2 2 0 0 0-2 2v2h1.5V2a.5.5 0 0 1 .5-.5h2V0H2Zm2 10.5H2a.5.5 0 0 1-.5-.5V8H0v2a2 2 0 0 0 2 2h2v-1.5ZM8 12v-1.5h2a.5.5 0 0 0 .5-.5V8H12v2a2 2 0 0 1-2 2H8Zm2-12a2 2 0 0 1 2 2v2h-1.5V2a.5.5 0 0 0-.5-.5H8V0h2Z\" \/>\n\t\t\t<\/svg>\n\t\t<\/button><figcaption class=\"wp-element-caption\">Foto: Guilherme Carvalho \/ Google Maps<\/figcaption><\/figure>\n\n\n\n<h3 class=\"wp-block-heading\"><span class=\"ez-toc-section\" id=\"8_Stvrt_Santa_Teresa_a_historicka_elektricka\"><\/span>8. \u0160tvr\u0165 Santa Teresa a historick\u00e1 elektri\u010dka<span class=\"ez-toc-section-end\"><\/span><\/h3>\n\n\n\n<p class=\"wp-block-paragraph\">Vysoko na kopcoch nad ru\u0161n\u00fdm centrom sa kr\u010d\u00ed pitoreskn\u00e1 \u0161tvr\u0165, ktor\u00e1 akoby vypadla z \u00faplne in\u00e9ho storo\u010dia. <strong>Santa Teresa je pln\u00e1 \u00fazkych dl\u00e1\u017eden\u00fdch uli\u010diek, star\u00fdch koloni\u00e1lnych v\u00edl a nez\u00e1visl\u00fdch umeleck\u00fdch ateli\u00e9rov<\/strong>, v\u010faka \u010domu si vysl\u00fa\u017eila prez\u00fdvku braz\u00edlsky Montmartre. Z miestnych vyhliadok sa otv\u00e1raj\u00fa \u00fa\u017easn\u00e9 poh\u013eady na z\u00e1liv aj modern\u00e9 mrakodrapy hlboko pod tebou, zatia\u013e \u010do ty sed\u00ed\u0161 v pokojnej kaviarni v tieni vzrastl\u00fdch stromov.<\/p>\n\n\n\n<p class=\"wp-block-paragraph\">T\u00fdm najikonickej\u0161\u00edm sp\u00f4sobom, ako sa do tejto strmej \u0161tvrte dosta\u0165, je jazda sl\u00e1vnou \u017eltou elektri\u010dkou zvanou bondinho. <strong>Historick\u00e1 elektri\u010dka vych\u00e1dza zo stanice Station of Santa Teresa trams v centre a s drn\u010dan\u00edm \u0161plh\u00e1 do prudk\u00fdch kopcov<\/strong>, pri\u010dom cestou prech\u00e1dza cez obrovsk\u00fd biely akvadukt. Je to \u00fa\u017easn\u00fd nostalgick\u00fd z\u00e1\u017eitok, pri ktorom poc\u00edti\u0161 vietor vo vlasoch a uvid\u00ed\u0161 mesto z \u00faplne unik\u00e1tnej, mierne vyv\u00fd\u0161enej perspekt\u00edvy.<\/p>\n\n\n\n<p class=\"wp-block-paragraph\">\ud83d\udca1 Tip: <strong>V miestnych malebn\u00fdch bistr\u00e1ch si ur\u010dite objednaj v\u00fdborn\u00fa tapiocu, \u010do je bezlepkov\u00e1 palacinka z maniokovej m\u00faky<\/strong>, ktor\u00fa ti radi naplnia syrom, paradajkami a \u010derstv\u00fdmi bylinkami. Je to tradi\u010dn\u00e9, s\u00fdte a pritom \u013eahk\u00e9 bezm\u00e4sit\u00e9 jedlo, ktor\u00e9 dokonale zapad\u00e1 do oddychovej atmosf\u00e9ry tejto umeleckej \u0161tvrte.<\/p>\n\n\n\n<figure data-wp-context=\"{&quot;imageId&quot;:&quot;6a9c5983a3092&quot;}\" data-wp-interactive=\"core\/image\" data-wp-key=\"6a9c5983a3092\" class=\"wp-block-image size-full wp-lightbox-container\"><img decoding=\"async\" width=\"1600\" height=\"1600\" data-wp-class--hide=\"state.isContentHidden\" data-wp-class--show=\"state.isContentVisible\" data-wp-init=\"callbacks.setButtonStyles\" data-wp-on--click=\"actions.showLightbox\" data-wp-on--load=\"callbacks.setButtonStyles\" data-wp-on--pointerdown=\"actions.preloadImage\" data-wp-on--pointerenter=\"actions.preloadImageWithDelay\" data-wp-on--pointerleave=\"actions.cancelPreload\" data-wp-on-window--resize=\"callbacks.setButtonStyles\" src=\"https:\/\/loudavymkrokem.cz\/wp-content\/uploads\/2026\/09\/arcos-da-lapa.jpg\" alt=\"Akvadukt Arcos da Lapa\" class=\"wp-image-413198\" title=\"\" srcset=\"https:\/\/loudavymkrokem.cz\/wp-content\/uploads\/2026\/09\/arcos-da-lapa.jpg 1600w, https:\/\/loudavymkrokem.cz\/wp-content\/uploads\/2026\/09\/arcos-da-lapa-300x300.jpg 300w, https:\/\/loudavymkrokem.cz\/wp-content\/uploads\/2026\/09\/arcos-da-lapa-700x700.jpg 700w, https:\/\/loudavymkrokem.cz\/wp-content\/uploads\/2026\/09\/arcos-da-lapa-150x150.jpg 150w, https:\/\/loudavymkrokem.cz\/wp-content\/uploads\/2026\/09\/arcos-da-lapa-768x768.jpg 768w, https:\/\/loudavymkrokem.cz\/wp-content\/uploads\/2026\/09\/arcos-da-lapa-1536x1536.jpg 1536w, https:\/\/loudavymkrokem.cz\/wp-content\/uploads\/2026\/09\/arcos-da-lapa-696x696.jpg 696w, https:\/\/loudavymkrokem.cz\/wp-content\/uploads\/2026\/09\/arcos-da-lapa-1392x1392.jpg 1392w\" sizes=\"(max-width: 1600px) 100vw, 1600px\" \/><button\n\t\t\tclass=\"lightbox-trigger\"\n\t\t\ttype=\"button\"\n\t\t\taria-haspopup=\"dialog\"\n\t\t\tdata-wp-bind--aria-label=\"state.thisImage.triggerButtonAriaLabel\"\n\t\t\tdata-wp-init=\"callbacks.initTriggerButton\"\n\t\t\tdata-wp-on--click=\"actions.showLightbox\"\n\t\t\tdata-wp-style--right=\"state.thisImage.buttonRight\"\n\t\t\tdata-wp-style--top=\"state.thisImage.buttonTop\"\n\t\t>\n\t\t\t<svg xmlns=\"http:\/\/www.w3.org\/2000\/svg\" width=\"12\" height=\"12\" fill=\"none\" viewBox=\"0 0 12 12\">\n\t\t\t\t<path fill=\"#fff\" d=\"M2 0a2 2 0 0 0-2 2v2h1.5V2a.5.5 0 0 1 .5-.5h2V0H2Zm2 10.5H2a.5.5 0 0 1-.5-.5V8H0v2a2 2 0 0 0 2 2h2v-1.5ZM8 12v-1.5h2a.5.5 0 0 0 .5-.5V8H12v2a2 2 0 0 1-2 2H8Zm2-12a2 2 0 0 1 2 2v2h-1.5V2a.5.5 0 0 0-.5-.5H8V0h2Z\" \/>\n\t\t\t<\/svg>\n\t\t<\/button><figcaption class=\"wp-element-caption\">Foto: W Travel \/ Google Maps<\/figcaption><\/figure>\n\n\n\n<h3 class=\"wp-block-heading\"><span class=\"ez-toc-section\" id=\"9_Akvadukt_Arcos_da_Lapa\"><\/span>9. Akvadukt Arcos da Lapa<span class=\"ez-toc-section-end\"><\/span><\/h3>\n\n\n\n<p class=\"wp-block-paragraph\">Akon\u00e1hle pr\u00edde\u0161 do Lapy, okam\u017eite ti o\u010di presko\u010dia na obrovsk\u00fd biely akvadukt, ktor\u00fd cel\u00e9mu n\u00e1mestiu \u00faplne dominuje. <strong>Arcos da Lapa je monument\u00e1lny akvadukt z osemn\u00e1steho storo\u010dia, ktor\u00fd kedysi priv\u00e1dzal pitn\u00fa vodu z okolit\u00fdch kopcov<\/strong> priamo do centra r\u00fdchlo sa rozrastaj\u00faceho koloni\u00e1lneho mesta. Svojimi \u0161tyridsiatimi dvomi mas\u00edvnymi obl\u00fakmi predstavuje jednu z najv\u00fdznamnej\u0161\u00edch pamiatok na portugalsk\u00fa architekt\u00faru v celej krajine.<\/p>\n\n\n\n<p class=\"wp-block-paragraph\">Zatia\u013e \u010do voda v \u0148om u\u017e d\u00e1vno nete\u010die, stavba na\u0161la svoje nov\u00e9 a nemenej d\u00f4le\u017eit\u00e9 vyu\u017eitie v modernej doprave. <strong>Pr\u00e1ve po vrchu tohto historick\u00e9ho akvaduktu dnes rachot\u00ed legend\u00e1rna \u017elt\u00e1 elektri\u010dka mieriaca do Santa Teresy<\/strong>, \u010do vytv\u00e1ra neuverite\u013ene fotogenick\u00fd kontrast star\u00e9ho a nov\u00e9ho. N\u00e1mestie pod obl\u00fakmi o\u017e\u00edva predov\u0161etk\u00fdm v piatok ve\u010der, ke\u010f sa tu sch\u00e1dzaj\u00fa miestni k divok\u00fdm pouli\u010dn\u00fdm oslav\u00e1m pln\u00fdm tanca a hlasnej hudby.<\/p>\n\n\n\n<p class=\"wp-block-paragraph\">\ud83d\udca1 Tip: <strong>Najkraj\u0161ie fotky akvaduktu sprav\u00ed\u0161 z mierneho odstupu z n\u00e1mestia Pra\u00e7a Cardeal C\u00e2mara<\/strong>, odkia\u013e kr\u00e1sne vynikne cel\u00e1 jeho impozantn\u00e1 d\u013a\u017eka aj \u017eiarivo biela farba. Ak sa chce\u0161 vyhn\u00fa\u0165 no\u010dn\u00fdm davom a p\u00e1rty atmosf\u00e9re, nav\u0161t\u00edv toto miesto rad\u0161ej po\u010das v\u00edkendov\u00e9ho dopoludnia, ke\u010f je okolie kr\u00e1sne pokojn\u00e9.<\/p>\n\n\n\n<figure data-wp-context=\"{&quot;imageId&quot;:&quot;6a9c5983a36bc&quot;}\" data-wp-interactive=\"core\/image\" data-wp-key=\"6a9c5983a36bc\" class=\"wp-block-image size-full wp-lightbox-container\"><img decoding=\"async\" width=\"1600\" height=\"1200\" data-wp-class--hide=\"state.isContentHidden\" data-wp-class--show=\"state.isContentVisible\" data-wp-init=\"callbacks.setButtonStyles\" data-wp-on--click=\"actions.showLightbox\" data-wp-on--load=\"callbacks.setButtonStyles\" data-wp-on--pointerdown=\"actions.preloadImage\" data-wp-on--pointerenter=\"actions.preloadImageWithDelay\" data-wp-on--pointerleave=\"actions.cancelPreload\" data-wp-on-window--resize=\"callbacks.setButtonStyles\" src=\"https:\/\/loudavymkrokem.cz\/wp-content\/uploads\/2026\/09\/parque-das-ru-nas.jpg\" alt=\"Gal\u00e9ria Parque das Ru\u00ednas\" class=\"wp-image-413202\" title=\"\" srcset=\"https:\/\/loudavymkrokem.cz\/wp-content\/uploads\/2026\/09\/parque-das-ru-nas.jpg 1600w, https:\/\/loudavymkrokem.cz\/wp-content\/uploads\/2026\/09\/parque-das-ru-nas-300x225.jpg 300w, https:\/\/loudavymkrokem.cz\/wp-content\/uploads\/2026\/09\/parque-das-ru-nas-700x525.jpg 700w, https:\/\/loudavymkrokem.cz\/wp-content\/uploads\/2026\/09\/parque-das-ru-nas-768x576.jpg 768w, https:\/\/loudavymkrokem.cz\/wp-content\/uploads\/2026\/09\/parque-das-ru-nas-1536x1152.jpg 1536w, https:\/\/loudavymkrokem.cz\/wp-content\/uploads\/2026\/09\/parque-das-ru-nas-80x60.jpg 80w, https:\/\/loudavymkrokem.cz\/wp-content\/uploads\/2026\/09\/parque-das-ru-nas-160x120.jpg 160w, https:\/\/loudavymkrokem.cz\/wp-content\/uploads\/2026\/09\/parque-das-ru-nas-696x522.jpg 696w, https:\/\/loudavymkrokem.cz\/wp-content\/uploads\/2026\/09\/parque-das-ru-nas-1392x1044.jpg 1392w\" sizes=\"(max-width: 1600px) 100vw, 1600px\" \/><button\n\t\t\tclass=\"lightbox-trigger\"\n\t\t\ttype=\"button\"\n\t\t\taria-haspopup=\"dialog\"\n\t\t\tdata-wp-bind--aria-label=\"state.thisImage.triggerButtonAriaLabel\"\n\t\t\tdata-wp-init=\"callbacks.initTriggerButton\"\n\t\t\tdata-wp-on--click=\"actions.showLightbox\"\n\t\t\tdata-wp-style--right=\"state.thisImage.buttonRight\"\n\t\t\tdata-wp-style--top=\"state.thisImage.buttonTop\"\n\t\t>\n\t\t\t<svg xmlns=\"http:\/\/www.w3.org\/2000\/svg\" width=\"12\" height=\"12\" fill=\"none\" viewBox=\"0 0 12 12\">\n\t\t\t\t<path fill=\"#fff\" d=\"M2 0a2 2 0 0 0-2 2v2h1.5V2a.5.5 0 0 1 .5-.5h2V0H2Zm2 10.5H2a.5.5 0 0 1-.5-.5V8H0v2a2 2 0 0 0 2 2h2v-1.5ZM8 12v-1.5h2a.5.5 0 0 0 .5-.5V8H12v2a2 2 0 0 1-2 2H8Zm2-12a2 2 0 0 1 2 2v2h-1.5V2a.5.5 0 0 0-.5-.5H8V0h2Z\" \/>\n\t\t\t<\/svg>\n\t\t<\/button><figcaption class=\"wp-element-caption\">Foto: Andr\u00e9 Marcelo de Lourdes \/ Google Maps<\/figcaption><\/figure>\n\n\n\n<h3 class=\"wp-block-heading\"><span class=\"ez-toc-section\" id=\"10_Galeria_Parque_das_Ruinas\"><\/span>10. Gal\u00e9ria Parque das Ru\u00ednas<span class=\"ez-toc-section-end\"><\/span><\/h3>\n\n\n\n<p class=\"wp-block-paragraph\">V srdci historickej Santa Teresy sa nach\u00e1dza architektonick\u00fd skvost, ktor\u00fd geni\u00e1lnym sp\u00f4sobom prep\u00e1ja sl\u00e1vnu minulos\u0165 s modern\u00fdm dizajnom. <strong>Parque das Ru\u00ednas je fascinuj\u00faci verejn\u00fd park a kult\u00farne centrum vybudovan\u00e9 priamo vo zvy\u0161koch starej \u0161\u013eachtickej vily<\/strong>, ktor\u00e1 patrila bohatej braz\u00edlskej mecen\u00e1\u0161ke umenia. Architekti zachovali obna\u017een\u00e9 tehlov\u00e9 steny a doplnili ich o modern\u00e9 oce\u013eov\u00e9 schodisko a obrovsk\u00e9 sklenen\u00e9 panely, \u010d\u00edm vznikol \u00faplne unik\u00e1tny priestor.<\/p>\n\n\n\n<p class=\"wp-block-paragraph\">Z najvy\u0161\u0161\u00edch poschod\u00ed tejto zrekon\u0161truovanej ruiny sa ti naskytne poh\u013ead, ktor\u00fd si bude\u0161 pam\u00e4ta\u0165 do konca \u017eivota. <strong>Vyhliadkov\u00e9 plo\u0161iny pon\u00fakaj\u00fa ni\u010d\u00edm neru\u0161en\u00fd panoramatick\u00fd v\u00fdh\u013ead na cel\u00e9 historick\u00e9 centrum, Cukrov\u00fa homo\u013eu aj z\u00e1liv Guanabara<\/strong>, a to v\u0161etko bez ak\u00fdchko\u013evek vstupn\u00fdch poplatkov. V are\u00e1li sa pravidelne konaj\u00fa vonkaj\u0161ie koncerty, divadeln\u00e9 predstavenia a v\u00fdstavy s\u00fa\u010dasn\u00e9ho umenia, ktor\u00e9 pri\u0165ahuj\u00fa miestnych intelektu\u00e1lov aj zvedav\u00fdch cestovate\u013eov.<\/p>\n\n\n\n<p class=\"wp-block-paragraph\">\ud83d\udca1 Tip: <strong>Na pr\u00edzem\u00ed are\u00e1lu funguje v\u00fdborn\u00e1 mal\u00e1 kaviare\u0148 s vonkaj\u0161\u00edm poseden\u00edm<\/strong>, kde si m\u00f4\u017ee\u0161 da\u0165 \u013eadov\u00fa k\u00e1vu a pozorova\u0165 ruch okolo seba. Otv\u00e1racia doba sa m\u00f4\u017ee meni\u0165 pod\u013ea prebiehaj\u00facich kult\u00farnych akci\u00ed, preto si pred n\u00e1v\u0161tevou skontroluj, \u010di nie je pr\u00e1ve pondelok, ke\u010f b\u00fdva v\u00e4\u010d\u0161ina m\u00faze\u00ed a gal\u00e9ri\u00ed v Riu striktne zatvoren\u00e1.<\/p>\n\n\n\n<figure data-wp-context=\"{&quot;imageId&quot;:&quot;6a9c5983a3d0c&quot;}\" data-wp-interactive=\"core\/image\" data-wp-key=\"6a9c5983a3d0c\" class=\"wp-block-image size-full wp-lightbox-container\"><img decoding=\"async\" width=\"1600\" height=\"2125\" data-wp-class--hide=\"state.isContentHidden\" data-wp-class--show=\"state.isContentVisible\" data-wp-init=\"callbacks.setButtonStyles\" data-wp-on--click=\"actions.showLightbox\" data-wp-on--load=\"callbacks.setButtonStyles\" data-wp-on--pointerdown=\"actions.preloadImage\" data-wp-on--pointerenter=\"actions.preloadImageWithDelay\" data-wp-on--pointerleave=\"actions.cancelPreload\" data-wp-on-window--resize=\"callbacks.setButtonStyles\" src=\"https:\/\/loudavymkrokem.cz\/wp-content\/uploads\/2026\/09\/tijuca-national-park.jpg\" alt=\"Mestsk\u00fd da\u017e\u010fov\u00fd prales Tijuca National Park\" class=\"wp-image-413205\" title=\"\" srcset=\"https:\/\/loudavymkrokem.cz\/wp-content\/uploads\/2026\/09\/tijuca-national-park.jpg 1600w, https:\/\/loudavymkrokem.cz\/wp-content\/uploads\/2026\/09\/tijuca-national-park-226x300.jpg 226w, https:\/\/loudavymkrokem.cz\/wp-content\/uploads\/2026\/09\/tijuca-national-park-700x930.jpg 700w, https:\/\/loudavymkrokem.cz\/wp-content\/uploads\/2026\/09\/tijuca-national-park-768x1020.jpg 768w, https:\/\/loudavymkrokem.cz\/wp-content\/uploads\/2026\/09\/tijuca-national-park-1157x1536.jpg 1157w, https:\/\/loudavymkrokem.cz\/wp-content\/uploads\/2026\/09\/tijuca-national-park-1542x2048.jpg 1542w, https:\/\/loudavymkrokem.cz\/wp-content\/uploads\/2026\/09\/tijuca-national-park-696x924.jpg 696w, https:\/\/loudavymkrokem.cz\/wp-content\/uploads\/2026\/09\/tijuca-national-park-1392x1849.jpg 1392w\" sizes=\"(max-width: 1600px) 100vw, 1600px\" \/><button\n\t\t\tclass=\"lightbox-trigger\"\n\t\t\ttype=\"button\"\n\t\t\taria-haspopup=\"dialog\"\n\t\t\tdata-wp-bind--aria-label=\"state.thisImage.triggerButtonAriaLabel\"\n\t\t\tdata-wp-init=\"callbacks.initTriggerButton\"\n\t\t\tdata-wp-on--click=\"actions.showLightbox\"\n\t\t\tdata-wp-style--right=\"state.thisImage.buttonRight\"\n\t\t\tdata-wp-style--top=\"state.thisImage.buttonTop\"\n\t\t>\n\t\t\t<svg xmlns=\"http:\/\/www.w3.org\/2000\/svg\" width=\"12\" height=\"12\" fill=\"none\" viewBox=\"0 0 12 12\">\n\t\t\t\t<path fill=\"#fff\" d=\"M2 0a2 2 0 0 0-2 2v2h1.5V2a.5.5 0 0 1 .5-.5h2V0H2Zm2 10.5H2a.5.5 0 0 1-.5-.5V8H0v2a2 2 0 0 0 2 2h2v-1.5ZM8 12v-1.5h2a.5.5 0 0 0 .5-.5V8H12v2a2 2 0 0 1-2 2H8Zm2-12a2 2 0 0 1 2 2v2h-1.5V2a.5.5 0 0 0-.5-.5H8V0h2Z\" \/>\n\t\t\t<\/svg>\n\t\t<\/button><figcaption class=\"wp-element-caption\">Foto: Clifford Aldan \/ Google Maps<\/figcaption><\/figure>\n\n\n\n<h3 class=\"wp-block-heading\"><span class=\"ez-toc-section\" id=\"11_Mestsky_dazdovy_prales_Tijuca_National_Park\"><\/span>11. Mestsk\u00fd da\u017e\u010fov\u00fd prales Tijuca National Park<span class=\"ez-toc-section-end\"><\/span><\/h3>\n\n\n\n<p class=\"wp-block-paragraph\">Zatia\u013e \u010do in\u00e9 ve\u013ekomest\u00e1 maj\u00fa roz\u013eahl\u00e9 parky a z\u00e1hrady, Rio de Janeiro sa m\u00f4\u017ee pochv\u00e1li\u0165 nie\u010d\u00edm ove\u013ea divokej\u0161\u00edm a monument\u00e1lnej\u0161\u00edm. <strong>N\u00e1rodn\u00fd park Tijuca je obrovsk\u00fd mestsk\u00fd da\u017e\u010fov\u00fd prales, ktor\u00fd pokr\u00fdva strm\u00e9 horsk\u00e9 mas\u00edvy priamo uprostred mili\u00f3novej metropoly.<\/strong> T\u00e1to zelen\u00e1 p\u013e\u00faca mesta nielen\u017ee \u010distia vzduch a ochladzuj\u00fa tropick\u00fa kl\u00edmu, ale poskytuj\u00fa \u00fato\u010disko tis\u00edckam druhov exotick\u00fdch zvierat, obrovsk\u00fdm mot\u00fd\u013eom a drzo zvedav\u00fdm opiciam.<\/p>\n\n\n\n<p class=\"wp-block-paragraph\">Cel\u00fd prales je pretkan\u00fd sie\u0165ou udr\u017eiavan\u00fdch turistick\u00fdch chodn\u00edkov, ktor\u00e9 \u0165a zaved\u00fa k hu\u010diacim vodop\u00e1dom, temn\u00fdm jaskyniam a dychber\u00facim vyhliadkam. <strong>Pri prech\u00e1dzke pod korunami prastar\u00fdch stromov \u00faplne zabudne\u0161, \u017ee sa nach\u00e1dza\u0161 v jednom z najru\u0161nej\u0161\u00edch miest Ju\u017enej Ameriky<\/strong>, preto\u017ee zvuk dopravy tu plne nahr\u00e1dza krik pestrofarebn\u00fdch papag\u00e1jov. Hist\u00f3ria tohto miesta je fascinuj\u00faca, preto\u017ee prales bol v dev\u00e4tn\u00e1stom storo\u010d\u00ed ru\u010dne znovu vysaden\u00fd potom, \u010do p\u00f4vodn\u00fd porast zni\u010dili k\u00e1vov\u00e9 plant\u00e1\u017ee.<\/p>\n\n\n\n<p class=\"wp-block-paragraph\">\ud83d\udca1 Tip: <strong>Na objavovanie pralesa si ide\u00e1lne najmi certifikovan\u00e9ho sprievodcu s d\u017e\u00edpom<\/strong>, preto\u017ee rozloha parku je obrovsk\u00e1 a orient\u00e1cia na pralesn\u00fdch chodn\u00edkoch m\u00f4\u017ee by\u0165 zradn\u00e1. Nezabudni si pribali\u0165 siln\u00fd repelent proti tropick\u00e9mu hmyzu a \u013eahk\u00fa nepremokav\u00fa bundu, preto\u017ee mikrokl\u00edma pod stromami je v\u00fdrazne vlhkej\u0161ia a chladnej\u0161ia ne\u017e dole na pl\u00e1\u017each.<\/p>\n\n\n\n<figure data-wp-context=\"{&quot;imageId&quot;:&quot;6a9c5983a431e&quot;}\" data-wp-interactive=\"core\/image\" data-wp-key=\"6a9c5983a431e\" class=\"wp-block-image size-full wp-lightbox-container\"><img decoding=\"async\" width=\"1600\" height=\"1200\" data-wp-class--hide=\"state.isContentHidden\" data-wp-class--show=\"state.isContentVisible\" data-wp-init=\"callbacks.setButtonStyles\" data-wp-on--click=\"actions.showLightbox\" data-wp-on--load=\"callbacks.setButtonStyles\" data-wp-on--pointerdown=\"actions.preloadImage\" data-wp-on--pointerenter=\"actions.preloadImageWithDelay\" data-wp-on--pointerleave=\"actions.cancelPreload\" data-wp-on-window--resize=\"callbacks.setButtonStyles\" src=\"https:\/\/loudavymkrokem.cz\/wp-content\/uploads\/2026\/09\/mirante-dona-marta.jpg\" alt=\"Vyhliadka Mirante Dona Marta\" class=\"wp-image-413209\" title=\"\" srcset=\"https:\/\/loudavymkrokem.cz\/wp-content\/uploads\/2026\/09\/mirante-dona-marta.jpg 1600w, https:\/\/loudavymkrokem.cz\/wp-content\/uploads\/2026\/09\/mirante-dona-marta-300x225.jpg 300w, https:\/\/loudavymkrokem.cz\/wp-content\/uploads\/2026\/09\/mirante-dona-marta-700x525.jpg 700w, https:\/\/loudavymkrokem.cz\/wp-content\/uploads\/2026\/09\/mirante-dona-marta-768x576.jpg 768w, https:\/\/loudavymkrokem.cz\/wp-content\/uploads\/2026\/09\/mirante-dona-marta-1536x1152.jpg 1536w, https:\/\/loudavymkrokem.cz\/wp-content\/uploads\/2026\/09\/mirante-dona-marta-80x60.jpg 80w, https:\/\/loudavymkrokem.cz\/wp-content\/uploads\/2026\/09\/mirante-dona-marta-160x120.jpg 160w, https:\/\/loudavymkrokem.cz\/wp-content\/uploads\/2026\/09\/mirante-dona-marta-696x522.jpg 696w, https:\/\/loudavymkrokem.cz\/wp-content\/uploads\/2026\/09\/mirante-dona-marta-1392x1044.jpg 1392w\" sizes=\"(max-width: 1600px) 100vw, 1600px\" \/><button\n\t\t\tclass=\"lightbox-trigger\"\n\t\t\ttype=\"button\"\n\t\t\taria-haspopup=\"dialog\"\n\t\t\tdata-wp-bind--aria-label=\"state.thisImage.triggerButtonAriaLabel\"\n\t\t\tdata-wp-init=\"callbacks.initTriggerButton\"\n\t\t\tdata-wp-on--click=\"actions.showLightbox\"\n\t\t\tdata-wp-style--right=\"state.thisImage.buttonRight\"\n\t\t\tdata-wp-style--top=\"state.thisImage.buttonTop\"\n\t\t>\n\t\t\t<svg xmlns=\"http:\/\/www.w3.org\/2000\/svg\" width=\"12\" height=\"12\" fill=\"none\" viewBox=\"0 0 12 12\">\n\t\t\t\t<path fill=\"#fff\" d=\"M2 0a2 2 0 0 0-2 2v2h1.5V2a.5.5 0 0 1 .5-.5h2V0H2Zm2 10.5H2a.5.5 0 0 1-.5-.5V8H0v2a2 2 0 0 0 2 2h2v-1.5ZM8 12v-1.5h2a.5.5 0 0 0 .5-.5V8H12v2a2 2 0 0 1-2 2H8Zm2-12a2 2 0 0 1 2 2v2h-1.5V2a.5.5 0 0 0-.5-.5H8V0h2Z\" \/>\n\t\t\t<\/svg>\n\t\t<\/button><figcaption class=\"wp-element-caption\">Foto: Leonardo Pessoa \/ Google Maps<\/figcaption><\/figure>\n\n\n\n<!-- LKM_GYG_CARD start q=\"rio de janeiro\" lang=\"sk\" rendered=\"2026-09-05T16:35:02+00:00\" v=\"1\" -->\n<style id=\"lk-gyg-styles\">\n@import url(\"https:\/\/fonts.googleapis.com\/css2?family=Playfair+Display:wght@700&family=DM+Sans:wght@300;400;500;600&display=swap\");\n\/* === LK GYG karty \u2014 CRO redesign 2026-05 (namespace .lkx-) ===\n   C\u00edl: vy\u0161\u0161\u00ed CTR (hero + v\u00fdrazn\u00fd social proof + ak\u010dn\u00ed CTA, m\u00e9n\u011b \"reklamn\u00ed\").\n   Injektuje se inline do prvn\u00edho markeru postu (refresh_cards.py --inline-css). *\/\n.lkx-module, .lkx-module *{box-sizing:border-box;margin:0;padding:0}\n.lkx-module{\n  font-family:'DM Sans',-apple-system,Segoe UI,Roboto,Georgia,sans-serif;\n  max-width:860px;margin:2.5rem auto;color:#1f2328;\n}\n\n\/* HEADER \u2014 lehk\u00fd editorsk\u00fd, \u017e\u00e1dn\u00fd bannerov\u00fd blok; nadpis + popisek pod n\u00edm *\/\n.lkx-head{margin-bottom:16px}\n.lkx-head-main{display:flex;align-items:center;gap:10px}\n.lkx-head-accent{width:26px;height:3px;border-radius:2px;background:#c39f76;flex-shrink:0}\n.lkx-head-title{font-family:'Playfair Display',Georgia,serif;font-size:21px;font-weight:700;color:#1a1a1a;line-height:1.25}\n.lkx-head-meta{display:block;font-size:11px;letter-spacing:.3px;color:#9aa0a6;margin-top:4px;margin-left:36px}\n\n\/* HERO *\/\n.lkx-hero{display:grid;grid-template-columns:300px 1fr;background:#fff;border:1px solid #ece7df;border-radius:14px;overflow:hidden;text-decoration:none!important;color:inherit;box-shadow:0 6px 20px rgba(0,0,0,.06);transition:box-shadow .2s,transform .2s;margin-bottom:14px}\n.lkx-hero:hover{box-shadow:0 12px 30px rgba(0,0,0,.12);transform:translateY(-2px)}\n.lkx-hero-img{position:relative;min-height:230px;background-size:cover;background-position:center;background-color:#eee}\n.lkx-hero-body{padding:22px 24px;display:flex;flex-direction:column}\n.lkx-pick{position:absolute;top:12px;left:12px;background:#1a1a1a;color:#fff;font-size:11px;font-weight:700;letter-spacing:.5px;padding:5px 11px;border-radius:20px}\n\n\/* TITLE *\/\n.lkx-title{font-size:19px;font-weight:700;color:#161616;line-height:1.3}\n.lkx-title-sm{font-size:14.5px;line-height:1.35;display:-webkit-box;-webkit-line-clamp:2;-webkit-box-orient:vertical;overflow:hidden}\n\n\/* SOCIAL PROOF \u2014 v\u00fdrazn\u011b, naho\u0159e *\/\n.lkx-proof{display:flex;align-items:center;gap:7px;margin-top:12px;font-size:15px;color:#3a3a3a}\n.lkx-proof b{font-size:16px;color:#161616}\n.lkx-stars{color:#f5a623;letter-spacing:1px}\n.lkx-proof-sm{font-size:12.5px;margin-top:8px;gap:5px}\n.lkx-proof-sm b{font-size:13px}\n.lkx-proof-new{color:#3685fc;font-weight:600}\n\n\/* PRICE \u2014 n\u00edzk\u00e1 kotva *\/\n.lkx-price{font-size:14px;color:#6b7280}\n.lkx-price b{font-size:20px;color:#161616;font-weight:700}\n.lkx-price-sm b{font-size:15px}\n\n\/* CTA \u2014 tepl\u00e9 ak\u010dn\u00ed tla\u010d\u00edtko *\/\n.lkx-cta{display:inline-flex;align-items:center;justify-content:center;text-decoration:none!important;font-weight:700;color:#fff!important;background:linear-gradient(135deg,#f6743f,#e8552a);border-radius:10px;box-shadow:0 6px 16px rgba(232,85,42,.32);transition:box-shadow .2s}\n.lkx-cta-hero{font-size:15px;padding:13px 22px}\n.lkx-hero:hover .lkx-cta-hero{box-shadow:0 8px 22px rgba(232,85,42,.45)}\n.lkx-cta-sm{font-size:12.5px;padding:9px 14px;width:100%;margin-top:2px}\n.lkx-hero-bottom{margin-top:auto;padding-top:18px;display:flex;align-items:center;justify-content:space-between;gap:14px;flex-wrap:wrap}\n\n\/* BADGE \u2014 jeden v\u00fdrazn\u00fd na fotce *\/\n.lkx-badge{position:absolute;top:12px;right:12px;font-size:10.5px;font-weight:700;letter-spacing:.3px;padding:5px 10px;border-radius:16px;color:#fff}\n.lkx-badge.badge-urgency{background:rgba(214,40,40,.92)}\n.lkx-badge.badge-new{background:rgba(54,133,252,.92)}\n.lkx-badge.badge-top{background:rgba(195,159,118,.95)}\n.lkx-badge.badge-info{background:rgba(40,40,40,.78)}\n\n\/* SECONDARY GRID *\/\n.lkx-grid{display:grid;grid-template-columns:1fr 1fr;gap:14px}\n.lkx-card{background:#fff;border:1px solid #ece7df;border-radius:14px;overflow:hidden;text-decoration:none!important;color:inherit;box-shadow:0 4px 14px rgba(0,0,0,.05);display:flex;flex-direction:column;transition:box-shadow .2s,transform .2s}\n.lkx-card:hover{box-shadow:0 10px 24px rgba(0,0,0,.1);transform:translateY(-2px)}\n.lkx-card-img{position:relative;aspect-ratio:16\/10;background-size:cover;background-position:center;background-color:#eee}\n.lkx-card-body{padding:14px 16px 16px;display:flex;flex-direction:column;gap:7px;flex:1}\n.lkx-card-bottom{margin-top:auto;padding-top:10px;display:flex;align-items:center;justify-content:space-between;gap:8px}\n\n\/* DISCLOSURE \u2014 drobn\u00e1, kv\u016fli d\u016fv\u011b\u0159e\/z\u00e1konu *\/\n.lkx-disclosure{font-size:11px;color:#a7adb3;text-align:center;margin-top:14px;line-height:1.6}\n.lkx-disclosure a{color:#c39f76;text-decoration:none}\n\n@media(max-width:680px){\n  .lkx-hero{grid-template-columns:1fr}\n  .lkx-hero-img{min-height:180px}\n  .lkx-grid{grid-template-columns:1fr}\n  .lkx-head-meta{margin-left:0;width:100%}\n  .lkx-head-title{font-size:19px}\n}\n\n<\/style>\n<div class=\"lkx-module\" data-query=\"rio de janeiro\">\n  <div class=\"lkx-head\">\n    <div class=\"lkx-head-main\">\n      <span class=\"lkx-head-accent\"><\/span>\n      <span class=\"lkx-head-title\">Z\u00e1\u017eitky a vstupenky<\/span>\n    <\/div>\n    <span class=\"lkx-head-meta\">overen\u00e9 cestovate\u013emi \u00b7 <a class=\"thirstylink\" rel=\"nofollow\" target=\"_blank\" title=\"GetYourGuide\" href=\"https:\/\/loudavymkrokem.cz\/sk\/doporucujeme\/getyourguide\/\" data-shortcode=\"true\">GetYourGuide<\/a><\/span>\n  <\/div><a class=\"lkx-hero\" href=\"https:\/\/www.getyourguide.com\/sk-sk\/rio-de-janeiro-l9\/prehliadka-vrtulnikom-rio-de-janeiro-t511764\/?partner_id=MKZ64IS&amp;utm_medium=online_publisher&amp;cmp=rio-de-janeiro-tipy\" target=\"_blank\" rel=\"sponsored noopener nofollow\">\n    <div class=\"lkx-hero-img\" style=\"background-image:url('https:\/\/cdn.getyourguide.com\/img\/tour\/606937ebb049a8e3.jpeg\/132.jpg')\" role=\"img\" aria-label=\"Rio de Janeiro: Prehliadka vrtu\u013en\u00edkom\">\n      <span class=\"lkx-pick\">\u2605 N\u00e1\u0161 tip<\/span><\/div>\n    <div class=\"lkx-hero-body\">\n      <div class=\"lkx-title\">Rio de Janeiro: Prehliadka vrtu\u013en\u00edkom<\/div>\n      <div class=\"lkx-proof\">\n      <span class=\"lkx-stars\">\u2605\u2605\u2605\u2605\u2605<\/span>\n      <b>4.6<\/b> \u00b7 779 hodnoten\u00ed\n    <\/div>\n      <div class=\"lkx-hero-bottom\"><div class=\"lkx-price\">od <b>189\u00a0EUR<\/b><\/div><span class=\"lkx-cta lkx-cta-hero\">Chcem tento z\u00e1\u017eitok \u2192<\/span>\n      <\/div>\n    <\/div>\n  <\/a><div class=\"lkx-grid\"><a class=\"lkx-card\" href=\"https:\/\/www.getyourguide.com\/sk-sk\/rio-de-janeiro-l9\/rio-vstupenka-na-futbalovy-zapas-na-stadione-maracana-a-sukromna-doprava-t893524\/?partner_id=MKZ64IS&amp;utm_medium=online_publisher&amp;cmp=rio-de-janeiro-tipy\" target=\"_blank\" rel=\"sponsored noopener nofollow\">\n      <div class=\"lkx-card-img\" style=\"background-image:url('https:\/\/cdn.getyourguide.com\/img\/tour\/471a107ec9ac374bd09030a21d9b9465a51158484f26d775e575020ef1d13d54.png\/132.jpg')\" role=\"img\" aria-label=\"Rio: vstupenka na futbalov\u00fd z\u00e1pas na \u0161tadi\u00f3ne Maracan\u00e3 a s\u00fakromn\u00fd transfer\"><\/div>\n      <div class=\"lkx-card-body\">\n        <div class=\"lkx-title lkx-title-sm\">Rio: vstupenka na futbalov\u00fd z\u00e1pas na \u0161tadi\u00f3ne Maracan\u00e3 a s\u00fakromn\u00fd transfer<\/div>\n        <div class=\"lkx-proof lkx-proof-sm\">\n      <span class=\"lkx-stars\">\u2605<\/span>\n      <b>4.9<\/b> \u00b7 1 818\n    <\/div>\n        <div class=\"lkx-card-bottom\"><span class=\"lkx-price lkx-price-sm\">od <b>94\u00a0EUR<\/b><\/span><span class=\"lkx-cta lkx-cta-sm\">Zobrazi\u0165 term\u00edny \u2192<\/span>\n        <\/div>\n      <\/div>\n    <\/a><a class=\"lkx-card\" href=\"https:\/\/www.getyourguide.com\/sk-sk\/rio-de-janeiro-l9\/rio-de-janeiro-lezenie-na-pao-de-acucar-via-coringa-t1443442\/?partner_id=MKZ64IS&amp;utm_medium=online_publisher&amp;cmp=rio-de-janeiro-tipy\" target=\"_blank\" rel=\"sponsored noopener nofollow\">\n      <div class=\"lkx-card-img\" style=\"background-image:url('https:\/\/cdn.getyourguide.com\/img\/tour\/31ae79c67043a21ea4797e651c99602b72a39d945d201674546a79d39b2f26c3.jpg\/132.jpg')\" role=\"img\" aria-label=\"Rio de Janeiro: Lezenie na P\u00e3o de A\u00e7\u00facar (Via Coringa)\"><\/div>\n      <div class=\"lkx-card-body\">\n        <div class=\"lkx-title lkx-title-sm\">Rio de Janeiro: Lezenie na P\u00e3o de A\u00e7\u00facar (Via Coringa)<\/div>\n        <div class=\"lkx-proof lkx-proof-sm\">\n      <span class=\"lkx-stars\">\u2605<\/span>\n      <b>0.0<\/b> \u00b7 0\n    <\/div>\n        <div class=\"lkx-card-bottom\"><span class=\"lkx-price lkx-price-sm\">od <b>86\u00a0EUR<\/b><\/span><span class=\"lkx-cta lkx-cta-sm\">Zobrazi\u0165 term\u00edny \u2192<\/span>\n        <\/div>\n      <\/div>\n    <\/a><\/div><div class=\"lkx-disclosure\">\ud83d\udd17 Odkazy s\u00fa partnersk\u00e9 \u2014 cenu v\u00e1m nezmenia, n\u00e1m pom\u00e1haj\u00fa tvori\u0165 obsah. \u00b7 <a href=\"https:\/\/www.getyourguide.com\/sk-sk\/s\/?q=rio+de+janeiro&amp;partner_id=MKZ64IS&amp;utm_medium=online_publisher\" target=\"_blank\" rel=\"sponsored noopener nofollow\">V\u0161etky z\u00e1\u017eitky \u2192<\/a><\/div>\n<\/div>\n<!-- LKM_GYG_CARD end -->\n\n\n\n\n<div class=\"lk-stays-module\">\n<style>\n\/* \u2500\u2500\u2500 RESET PRO GUTENBERG \u2500\u2500\u2500 *\/\n.lk-stays-module * { box-sizing: border-box; margin: 0; padding: 0; }\n\n\/* \u2500\u2500\u2500 WRAPPER \u2500\u2500\u2500 *\/\n.lk-stays-module {\n  font-family: 'DM Sans', Georgia, sans-serif;\n  max-width: 100%;\n  margin: 2.5rem auto;\n  background: linear-gradient(135deg, #fdfaf5 0%, #fcf8f0 100%);\n  border: 1px solid #e8dfd4;\n  border-radius: 16px;\n  overflow: hidden;\n  box-shadow: 0 16px 48px rgba(195, 159, 118, 0.25), 0 4px 12px rgba(0,0,0,0.08);\n}\n\n\/* \u2500\u2500\u2500 HEADER \u2500\u2500\u2500 *\/\n.lk-stays-header {\n  position: relative;\n  padding: 24px 36px 24px;\n  background: linear-gradient(135deg, #c39f76 0%, #d4b188 60%, #c39f76 100%);\n  border-bottom: 1px solid rgba(255,255,255,.15);\n  display: flex;\n  align-items: center;\n  gap: 18px;\n}\n.lk-stays-header::before {\n  content: '';\n  position: absolute;\n  inset: 0;\n  background: url(\"data:image\/svg+xml,%3Csvg width='60' height='60' viewBox='0 0 60 60' xmlns='http:\/\/www.w3.org\/2000\/svg'%3E%3Cg fill='none' fill-rule='evenodd'%3E%3Cg fill='%23ffffff' fill-opacity='0.05'%3E%3Cpath d='M36 34v-4h-2v4h-4v2h4v4h2v-4h4v-2h-4zm0-30V0h-2v4h-4v2h4v4h2V6h4V4h-4zM6 34v-4H4v4H0v2h4v4h2v-4h4v-2H6zM6 4V0H4v4H0v2h4v4h2V6h4V4H6z'\/%3E%3C\/g%3E%3C\/g%3E%3C\/svg%3E\") repeat;\n  pointer-events: none;\n}\n.lk-stays-icon {\n  flex-shrink: 0;\n  width: 68px;\n  height: 68px;\n  border-radius: 14px;\n  background: linear-gradient(135deg, #fff 0%, #f9f6f0 100%);\n  display: flex;\n  align-items: center;\n  justify-content: center;\n  font-size: 26px;\n  box-shadow: 0 4px 12px rgba(0,0,0,0.15);\n}\n.lk-stays-eyebrow {\n  font-size: 10px;\n  font-weight: 500;\n  letter-spacing: 2.5px;\n  text-transform: uppercase;\n  color: rgba(255,255,255,.85);\n  margin: 0 0 5px 0;\n}\n.lk-stays-title {\n  font-family: 'Playfair Display', Georgia, serif;\n  font-size: 24px;\n  font-weight: 700;\n  color: #fff;\n  line-height: 1.2;\n  text-shadow: 0 1px 2px rgba(0,0,0,0.1);\n  margin: 0;\n}\n.lk-stays-subtitle {\n  font-size: 13px;\n  color: rgba(255,255,255,.75);\n  margin: 4px 0 0 0;\n  font-weight: 300;\n}\n\n\/* \u2500\u2500\u2500 CARDS GRID \u2500\u2500\u2500 *\/\n.lk-stays-grid {\n  display: grid;\n  grid-template-columns: 1fr 1fr;\n  gap: 1px;\n  background: rgba(195, 159, 118, 0.12);\n}\n\n\/* \u2500\u2500\u2500 SINGLE CARD \u2500\u2500\u2500 *\/\n.lk-stay-card {\n  background: #ffffff;\n  padding: 26px;\n  display: flex;\n  flex-direction: column;\n  gap: 11px;\n  transition: all 0.3s ease;\n  text-decoration: none;\n  color: inherit;\n  position: relative;\n}\n.lk-stay-card:hover {\n  background: #fffbf5;\n  transform: translateY(-2px);\n  box-shadow: 0 8px 24px rgba(195, 159, 118, 0.18);\n  z-index: 1;\n}\n.lk-stay-card.featured {\n  background: linear-gradient(135deg, #fffdf9 0%, #fff9f0 100%);\n  box-shadow: 0 4px 16px rgba(195, 159, 118, 0.15), inset 0 1px 0 rgba(195, 159, 118, 0.1);\n}\n.lk-stay-card.featured:hover {\n  background: linear-gradient(135deg, #fffbf5 0%, #fff8ed 100%);\n  box-shadow: 0 8px 24px rgba(195, 159, 118, 0.25), inset 0 1px 0 rgba(195, 159, 118, 0.15);\n}\n\n.lk-stay-badge {\n  display: inline-flex;\n  align-items: center;\n  gap: 5px;\n  font-size: 10px;\n  font-weight: 500;\n  letter-spacing: 1.5px;\n  text-transform: uppercase;\n  padding: 5px 11px;\n  border-radius: 20px;\n  width: fit-content;\n}\n.badge-top     { background: linear-gradient(135deg, #c39f76 0%, #d4b188 100%); color: #fff; border: 1px solid #c39f76; font-weight: 600; box-shadow: 0 2px 8px rgba(195,159,118,0.3); }\n.badge-luxury  { background: rgba(195,159,118,.12); color: #c39f76; border: 1px solid rgba(195,159,118,.25); }\n.badge-boutique{ background: rgba(54,133,252,.08); color: #3685fc; border: 1px solid rgba(54,133,252,.2); }\n.badge-nature  { background: rgba(130,190,100,.1); color: #6b9c4a; border: 1px solid rgba(130,190,100,.2); }\n.badge-remote  { background: rgba(195,159,118,.12); color: #a67e50; border: 1px solid rgba(195,159,118,.25); }\n\n.lk-stay-name {\n  font-family: 'Playfair Display', Georgia, serif;\n  font-size: 18px;\n  font-weight: 700;\n  color: #111827;\n  line-height: 1.3;\n}\n.lk-stay-desc {\n  font-size: 13.5px;\n  color: #525252;\n  line-height: 1.65;\n  font-weight: 300;\n  flex: 1;\n}\n\n.lk-stay-meta {\n  display: flex;\n  align-items: center;\n  gap: 12px;\n  flex-wrap: wrap;\n  margin-top: 4px;\n}\n.lk-stay-price {\n  font-size: 13px;\n  color: #6b7280;\n}\n.lk-stay-price strong {\n  color: #c39f76;\n  font-weight: 500;\n}\n.lk-stay-stars {\n  color: #c39f76;\n  font-size: 11px;\n  letter-spacing: 1px;\n}\n\n\/* \u2500\u2500\u2500 CTA BUTTON \u2500\u2500\u2500 *\/\n.lk-stay-cta {\n  display: inline-flex;\n  align-items: center;\n  justify-content: center;\n  gap: 7px;\n  margin-top: 8px;\n  padding: 11px 20px;\n  border-radius: 8px;\n  background: linear-gradient(135deg, #3685fc 0%, #2a6fd9 100%);\n  color: #fff;\n  font-size: 13px;\n  font-weight: 500;\n  text-decoration: none;\n  letter-spacing: .3px;\n  transition: all .2s ease;\n  cursor: pointer;\n  border: none;\n  text-align: center;\n  box-shadow: 0 4px 12px rgba(54, 133, 252, 0.25);\n}\n.lk-stay-cta:hover {\n  background: linear-gradient(135deg, #2a6fd9 0%, #1e5bc4 100%);\n  transform: translateY(-1px);\n  box-shadow: 0 6px 16px rgba(54, 133, 252, 0.35);\n}\n.lk-stay-cta svg { flex-shrink: 0; }\n\n\/* \u2500\u2500\u2500 FOOTER \u2500\u2500\u2500 *\/\n.lk-stays-footer {\n  padding: 18px 36px;\n  background: linear-gradient(to bottom, #fdfaf5 0%, #f9f4ed 100%);\n  border-top: 1px solid rgba(195, 159, 118, 0.15);\n  display: flex;\n  align-items: center;\n  justify-content: space-between;\n  flex-wrap: wrap;\n  gap: 12px;\n}\n.lk-stays-footer-note {\n  font-size: 11.5px;\n  color: #6b7280;\n  font-weight: 300;\n  line-height: 1.5;\n}\n.lk-stays-footer-note a {\n  color: #c39f76;\n  text-decoration: none;\n  font-weight: 400;\n}\n.lk-stays-footer-note a:hover {\n  text-decoration: underline;\n}\n.lk-stays-all-btn {\n  display: inline-flex;\n  align-items: center;\n  gap: 6px;\n  font-size: 12.5px;\n  font-weight: 500;\n  color: #c39f76;\n  text-decoration: none;\n  border: 1px solid rgba(195, 159, 118, 0.35);\n  padding: 8px 18px;\n  border-radius: 8px;\n  transition: all .2s ease;\n}\n.lk-stays-all-btn:hover {\n  background: rgba(195, 159, 118, 0.08);\n  border-color: rgba(195, 159, 118, 0.5);\n}\n\n\/* \u2500\u2500\u2500 RESPONSIVE \u2500\u2500\u2500 *\/\n@media (max-width: 600px) {\n  .lk-stays-grid { grid-template-columns: 1fr; }\n  .lk-stays-header { padding: 24px 20px; }\n  .lk-stays-footer { padding: 16px 20px; }\n  .lk-stay-card { padding: 22px; }\n  .lk-stays-title { font-size: 20px; }\n}\n<\/style>\n\n  <!-- HEADER -->\n  <div class=\"lk-stays-header\">\n    <img decoding=\"async\" src=\"https:\/\/loudavymkrokem.cz\/wp-content\/uploads\/2026\/02\/lukas-a-lucka.jpg\" alt=\"\" style=\"width: 75px; height: 75px; border-radius: 8px; flex-shrink: 0; object-fit: cover; display: block; margin: 4px 0;\" title=\"\">\n    <div class=\"lk-stays-header-text\">\n      <div class=\"lk-stays-eyebrow\">Luk\u00e1\u0161 a Lucie odpor\u00fa\u010daj\u00fa<\/div>\n      <div class=\"lk-stays-title\">Kde sa ubytova\u0165 v Rio de Janeiru<\/div>\n      <div class=\"lk-stays-subtitle\">4 ubytovania \u2014 wellness hotely, hotely a \u010fal\u0161ie mo\u017enosti ubytovania<\/div>\n    <\/div>\n  <\/div>\n\n  <!-- CARDS -->\n  <div class=\"lk-stays-grid\">\n\n    <a class=\"lk-stay-card featured\" href=\"https:\/\/www.stay22.com\/allez\/roam?aid=lukaskonecny&#038;campaign=loudavymkrokemcz&#038;campaign=sk&#038;campaign=covidetvriodejaneiru&#038;address=Rio+de+Janeiro&#038;hotelname=Arena+Ipanema+Hotel&#038;search=Arena+Ipanema+Hotel&#038;category=accommodation\" target=\"_blank\" rel=\"nofollow noopener\">\n      <span class=\"lk-stay-badge badge-top\">\u2b50 TOP VO\u013dBA<\/span>\n      <span class=\"lk-stay-badge badge-nature\">\ud83c\udfd6\ufe0f Beach<\/span>\n      <div class=\"lk-stay-name\">Arena Ipanema Hotel<\/div>\n      <div class=\"lk-stay-desc\">Skvel\u00e1 vo\u013eba na pl\u00e1\u017ei s \u00fachvatn\u00fdm stre\u0161n\u00fdm baz\u00e9nom s v\u00fdh\u013eadom na oce\u00e1n, len p\u00e1r krokov od sl\u00e1vneho Posto 8.<\/div>\n      <div class=\"lk-stay-meta\">\n        <span class=\"lk-stay-stars\">\u2605\u2605\u2605\u2605<\/span>\n        <span class=\"lk-stay-price\">Skontrolova\u0165 ceny<\/span>\n      <\/div>\n      <span class=\"lk-stay-cta\">\n        <svg width=\"14\" height=\"14\" viewBox=\"0 0 24 24\" fill=\"none\" stroke=\"currentColor\" stroke-width=\"2\"><path d=\"M18 13v6a2 2 0 0 1-2 2H5a2 2 0 0 1-2-2V8a2 2 0 0 1 2-2h6\"\/><polyline points=\"15 3 21 3 21 9\"\/><line x1=\"10\" y1=\"14\" x2=\"21\" y2=\"3\"\/><\/svg>\n        Skontrolova\u0165 dostupnos\u0165\n      <\/span>\n    <\/a>\n\n    <a class=\"lk-stay-card\" href=\"https:\/\/www.stay22.com\/allez\/roam?aid=lukaskonecny&#038;campaign=loudavymkrokemcz&#038;campaign=sk&#038;campaign=covidetvriodejaneiru&#038;address=Rio+de+Janeiro&#038;hotelname=Hotel+Fasano+Rio+de+Janeiro&#038;search=Hotel+Fasano+Rio+de+Janeiro&#038;category=accommodation\" target=\"_blank\" rel=\"nofollow noopener\">\n      <span class=\"lk-stay-badge badge-nature\">\u2b50 Luxury<\/span>\n      <div class=\"lk-stay-name\">Hotel Fasano Rio de Janeiro<\/div>\n      <div class=\"lk-stay-desc\">Ikonick\u00fd luxusn\u00fd hotel, ktor\u00e9ho dizajn a poloha nemaj\u00fa v meste konkurenciu.<\/div>\n      <div class=\"lk-stay-meta\">\n        <span class=\"lk-stay-stars\">\u2605\u2605\u2605\u2605<\/span>\n        <span class=\"lk-stay-price\">Skontrolova\u0165 ceny<\/span>\n      <\/div>\n      <span class=\"lk-stay-cta\">\n        <svg width=\"14\" height=\"14\" viewBox=\"0 0 24 24\" fill=\"none\" stroke=\"currentColor\" stroke-width=\"2\"><path d=\"M18 13v6a2 2 0 0 1-2 2H5a2 2 0 0 1-2-2V8a2 2 0 0 1 2-2h6\"\/><polyline points=\"15 3 21 3 21 9\"\/><line x1=\"10\" y1=\"14\" x2=\"21\" y2=\"3\"\/><\/svg>\n        Skontrolova\u0165 dostupnos\u0165\n      <\/span>\n    <\/a>\n\n    <a class=\"lk-stay-card\" href=\"https:\/\/www.stay22.com\/allez\/roam?aid=lukaskonecny&#038;campaign=loudavymkrokemcz&#038;campaign=sk&#038;campaign=covidetvriodejaneiru&#038;address=Rio+de+Janeiro&#038;hotelname=Yoo2+Rio+de+Janeiro+by+Intercity&#038;search=Yoo2+Rio+de+Janeiro+by+Intercity&#038;category=accommodation\" target=\"_blank\" rel=\"nofollow noopener\">\n      <span class=\"lk-stay-badge badge-nature\">\ud83c\udfe8 Hotel<\/span>\n      <div class=\"lk-stay-name\">Yoo2 Rio de Janeiro by Intercity<\/div>\n      <div class=\"lk-stay-desc\">\u0160t\u00fdlov\u00fd hotel s fantastick\u00fdm v\u00fdh\u013eadom na z\u00e1liv v Botafogu.<\/div>\n      <div class=\"lk-stay-meta\">\n        <span class=\"lk-stay-stars\">\u2605\u2605\u2605\u2605<\/span>\n        <span class=\"lk-stay-price\">Skontrolova\u0165 ceny<\/span>\n      <\/div>\n      <span class=\"lk-stay-cta\">\n        <svg width=\"14\" height=\"14\" viewBox=\"0 0 24 24\" fill=\"none\" stroke=\"currentColor\" stroke-width=\"2\"><path d=\"M18 13v6a2 2 0 0 1-2 2H5a2 2 0 0 1-2-2V8a2 2 0 0 1 2-2h6\"\/><polyline points=\"15 3 21 3 21 9\"\/><line x1=\"10\" y1=\"14\" x2=\"21\" y2=\"3\"\/><\/svg>\n        Skontrolova\u0165 dostupnos\u0165\n      <\/span>\n    <\/a>\n\n    <a class=\"lk-stay-card\" href=\"https:\/\/www.stay22.com\/allez\/roam?aid=lukaskonecny&#038;campaign=loudavymkrokemcz&#038;campaign=sk&#038;campaign=covidetvriodejaneiru&#038;address=rio%20de%20janeiro\" target=\"_blank\" rel=\"nofollow noopener\">\n      <span class=\"lk-stay-badge badge-nature\">\ud83d\udd0d H\u013eada\u0165<\/span>\n      <div class=\"lk-stay-name\">Zobrazi\u0165 v\u0161etky ubytovania v Rio de Janeiru<\/div>\n      <div class=\"lk-stay-desc\">Presk\u00famajte v\u0161etky dostupn\u00e9 mo\u017enosti ubytovania v Rio de Janeiru a n\u00e1jdite to najlep\u0161ie pod\u013ea va\u0161ich preferenci\u00ed a rozpo\u010dtu.<\/div>\n      <div class=\"lk-stay-meta\">\n        <span class=\"lk-stay-stars\">\u2605\u2605\u2605\u2605<\/span>\n        <span class=\"lk-stay-price\">Porovna\u0165 ceny<\/span>\n      <\/div>\n      <span class=\"lk-stay-cta\">\n        <svg width=\"14\" height=\"14\" viewBox=\"0 0 24 24\" fill=\"none\" stroke=\"currentColor\" stroke-width=\"2\"><path d=\"M18 13v6a2 2 0 0 1-2 2H5a2 2 0 0 1-2-2V8a2 2 0 0 1 2-2h6\"\/><polyline points=\"15 3 21 3 21 9\"\/><line x1=\"10\" y1=\"14\" x2=\"21\" y2=\"3\"\/><\/svg>\n        Skontrolova\u0165 dostupnos\u0165\n      <\/span>\n    <\/a>\n\n  <\/div>\n\n  \n<\/div>\n\n\n\n\n<h3 class=\"wp-block-heading\"><span class=\"ez-toc-section\" id=\"12_Vyhliadka_Mirante_Dona_Marta\"><\/span>12. Vyhliadka Mirante Dona Marta<span class=\"ez-toc-section-end\"><\/span><\/h3>\n\n\n\n<p class=\"wp-block-paragraph\">Ak h\u013ead\u00e1\u0161 to absol\u00fatne najlep\u0161ie miesto na fotografovanie mesta bez davov \u010fal\u0161\u00edch turistov, pr\u00e1ve si ho na\u0161iel. <strong>Mirante Dona Marta je skryt\u00e1 vyhliadkov\u00e1 plo\u0161ina, z ktorej uvid\u00ed\u0161 sochu Krista aj Cukrov\u00fa homo\u013eu v jednom jedinom magickom z\u00e1bere<\/strong>, \u010do z nej rob\u00ed nep\u00edsan\u00fd poklad medzi miestnymi fotografmi. Nach\u00e1dza sa v nadmorskej v\u00fd\u0161ke vy\u0161e tristo \u0161es\u0165desiat metrov a pon\u00faka takzvan\u00fd vrtu\u013en\u00edkov\u00fd poh\u013ead na cel\u00fa ju\u017en\u00fa z\u00f3nu mesta.<\/p>\n\n\n\n<p class=\"wp-block-paragraph\">Na rozdiel od preplnen\u00e9ho Corcovada tu panuje n\u00e1dhern\u00fd pokoj \u2014 \u010dasto bude\u0161 st\u00e1\u0165 na obrovskej bet\u00f3novej plo\u0161ine \u00faplne s\u00e1m, len s opi\u010dkami, ktor\u00e9 zvedavo nakukuj\u00fa z okolit\u00fdch stromov, a navy\u0161e je vstup zadarmo. Plat\u00ed\u0161 iba za dopravu hore strmou a k\u013eukatou pralesnou cestou.<\/p>\n\n\n\n<p class=\"wp-block-paragraph\">\ud83d\udca1 Tip: <strong>K vyhliadke nechod\u00ed \u017eiadna pravideln\u00e1 verejn\u00e1 doprava, preto si objednaj spo\u013eahliv\u00fd Uber<\/strong>, a nezabudni sa so \u0161of\u00e9rom dohodn\u00fa\u0165, aby na teba t\u00fdch dvadsa\u0165 min\u00fat po\u010dkal, inak by si mohol ma\u0165 ve\u013ek\u00fd probl\u00e9m dosta\u0165 sa sp\u00e4\u0165 do mesta. Je to aj fantastick\u00e9 miesto na pozorovanie v\u00fdchodu slnka, ke\u010f sa mesto e\u0161te len preb\u00fadza z no\u010dn\u00e9ho sp\u00e1nku.<\/p>\n\n\n\n<figure data-wp-context=\"{&quot;imageId&quot;:&quot;6a9c5983a4b59&quot;}\" data-wp-interactive=\"core\/image\" data-wp-key=\"6a9c5983a4b59\" class=\"wp-block-image size-full wp-lightbox-container\"><img decoding=\"async\" width=\"1600\" height=\"1200\" data-wp-class--hide=\"state.isContentHidden\" data-wp-class--show=\"state.isContentVisible\" data-wp-init=\"callbacks.setButtonStyles\" data-wp-on--click=\"actions.showLightbox\" data-wp-on--load=\"callbacks.setButtonStyles\" data-wp-on--pointerdown=\"actions.preloadImage\" data-wp-on--pointerenter=\"actions.preloadImageWithDelay\" data-wp-on--pointerleave=\"actions.cancelPreload\" data-wp-on-window--resize=\"callbacks.setButtonStyles\" src=\"https:\/\/loudavymkrokem.cz\/wp-content\/uploads\/2026\/09\/vista-chinesa.jpg\" alt=\"\u010c\u00ednsky pavil\u00f3n Vista Chinesa\" class=\"wp-image-413213\" title=\"\" srcset=\"https:\/\/loudavymkrokem.cz\/wp-content\/uploads\/2026\/09\/vista-chinesa.jpg 1600w, https:\/\/loudavymkrokem.cz\/wp-content\/uploads\/2026\/09\/vista-chinesa-300x225.jpg 300w, https:\/\/loudavymkrokem.cz\/wp-content\/uploads\/2026\/09\/vista-chinesa-700x525.jpg 700w, https:\/\/loudavymkrokem.cz\/wp-content\/uploads\/2026\/09\/vista-chinesa-768x576.jpg 768w, https:\/\/loudavymkrokem.cz\/wp-content\/uploads\/2026\/09\/vista-chinesa-1536x1152.jpg 1536w, https:\/\/loudavymkrokem.cz\/wp-content\/uploads\/2026\/09\/vista-chinesa-80x60.jpg 80w, https:\/\/loudavymkrokem.cz\/wp-content\/uploads\/2026\/09\/vista-chinesa-160x120.jpg 160w, https:\/\/loudavymkrokem.cz\/wp-content\/uploads\/2026\/09\/vista-chinesa-696x522.jpg 696w, https:\/\/loudavymkrokem.cz\/wp-content\/uploads\/2026\/09\/vista-chinesa-1392x1044.jpg 1392w\" sizes=\"(max-width: 1600px) 100vw, 1600px\" \/><button\n\t\t\tclass=\"lightbox-trigger\"\n\t\t\ttype=\"button\"\n\t\t\taria-haspopup=\"dialog\"\n\t\t\tdata-wp-bind--aria-label=\"state.thisImage.triggerButtonAriaLabel\"\n\t\t\tdata-wp-init=\"callbacks.initTriggerButton\"\n\t\t\tdata-wp-on--click=\"actions.showLightbox\"\n\t\t\tdata-wp-style--right=\"state.thisImage.buttonRight\"\n\t\t\tdata-wp-style--top=\"state.thisImage.buttonTop\"\n\t\t>\n\t\t\t<svg xmlns=\"http:\/\/www.w3.org\/2000\/svg\" width=\"12\" height=\"12\" fill=\"none\" viewBox=\"0 0 12 12\">\n\t\t\t\t<path fill=\"#fff\" d=\"M2 0a2 2 0 0 0-2 2v2h1.5V2a.5.5 0 0 1 .5-.5h2V0H2Zm2 10.5H2a.5.5 0 0 1-.5-.5V8H0v2a2 2 0 0 0 2 2h2v-1.5ZM8 12v-1.5h2a.5.5 0 0 0 .5-.5V8H12v2a2 2 0 0 1-2 2H8Zm2-12a2 2 0 0 1 2 2v2h-1.5V2a.5.5 0 0 0-.5-.5H8V0h2Z\" \/>\n\t\t\t<\/svg>\n\t\t<\/button><figcaption class=\"wp-element-caption\">Foto: Ivo Barra \/ Google Maps<\/figcaption><\/figure>\n\n\n\n<h3 class=\"wp-block-heading\"><span class=\"ez-toc-section\" id=\"13_Cinsky_pavilon_Vista_Chinesa\"><\/span>13. \u010c\u00ednsky pavil\u00f3n Vista Chinesa<span class=\"ez-toc-section-end\"><\/span><\/h3>\n\n\n\n<p class=\"wp-block-paragraph\">Hlboko v lesoch n\u00e1rodn\u00e9ho parku Tijuca naraz\u00ed\u0161 na stavbu, ktor\u00fa by si v juhoamerickej d\u017eungli rozhodne ne\u010dakal. <strong>Vista Chinesa je n\u00e1dhern\u00fd orient\u00e1lny pavil\u00f3n z roku 1903, ktor\u00fd bol postaven\u00fd na po\u010des\u0165 \u010d\u00ednskych imigrantov<\/strong>, ktor\u00ed do Braz\u00edlie v dev\u00e4tn\u00e1stom storo\u010d\u00ed priniesli pestovanie \u010daju. Elegantn\u00e1 stavba so strechou v tvare pagody sa t\u00fd\u010di v nadmorskej v\u00fd\u0161ke 380 metrov a tvor\u00ed neuverite\u013ene fotogenick\u00fd kontrast s okolitou divokou pr\u00edrodou.<\/p>\n\n\n\n<p class=\"wp-block-paragraph\">V\u00fdh\u013ead z tohto miesta je \u010dasto ozna\u010dovan\u00fd za jeden z najromantickej\u0161\u00edch v celom meste, preto\u017ee dokonale r\u00e1muje z\u00e1liv, hory aj pl\u00e1\u017ee. <strong>Pri jasnom po\u010das\u00ed uvid\u00ed\u0161 z pavil\u00f3nu cel\u00fa Ipanemu, jazero Rodrigo de Freitas aj vzdialen\u00e9 vrcholy na obzore<\/strong>, to v\u0161etko zar\u00e1movan\u00e9 do bujn\u00fdch palmov\u00fdch listov a obrovsk\u00fdch paprad\u00ed. Miesto je ve\u013emi ob\u013e\u00faben\u00e9 medzi miestnymi cyklistami, pre ktor\u00fdch je drsn\u00e9 st\u00fapanie k pavil\u00f3nu tou najv\u00e4\u010d\u0161ou \u0161portovou v\u00fdzvou.<\/p>\n\n\n\n<p class=\"wp-block-paragraph\">\ud83d\udca1 Tip: <strong>Spoj n\u00e1v\u0161tevu pavil\u00f3nu s ne\u010falek\u00fdm vodop\u00e1dom Cachoeira dos Macacos<\/strong>, ku ktor\u00e9mu d\u00f4jde\u0161 kr\u00e1tkou prech\u00e1dzkou po pralesnom chodn\u00edku. Op\u00e4\u0165 plat\u00ed pravidlo obozretnosti pri doprave, cesta je \u00fazka a strm\u00e1, preto sa sem vyber v\u00fdhradne autom alebo s organizovanou tour, nie pe\u0161o zdola.<\/p>\n\n\n\n<figure data-wp-context=\"{&quot;imageId&quot;:&quot;6a9c5983a51c1&quot;}\" data-wp-interactive=\"core\/image\" data-wp-key=\"6a9c5983a51c1\" class=\"wp-block-image size-full wp-lightbox-container\"><img decoding=\"async\" width=\"1600\" height=\"2133\" data-wp-class--hide=\"state.isContentHidden\" data-wp-class--show=\"state.isContentVisible\" data-wp-init=\"callbacks.setButtonStyles\" data-wp-on--click=\"actions.showLightbox\" data-wp-on--load=\"callbacks.setButtonStyles\" data-wp-on--pointerdown=\"actions.preloadImage\" data-wp-on--pointerenter=\"actions.preloadImageWithDelay\" data-wp-on--pointerleave=\"actions.cancelPreload\" data-wp-on-window--resize=\"callbacks.setButtonStyles\" src=\"https:\/\/loudavymkrokem.cz\/wp-content\/uploads\/2026\/09\/zahrady.jpg\" alt=\"Z\u00e1hrady a vila Parque Lage\" class=\"wp-image-413218\" title=\"\" srcset=\"https:\/\/loudavymkrokem.cz\/wp-content\/uploads\/2026\/09\/zahrady.jpg 1600w, https:\/\/loudavymkrokem.cz\/wp-content\/uploads\/2026\/09\/zahrady-225x300.jpg 225w, https:\/\/loudavymkrokem.cz\/wp-content\/uploads\/2026\/09\/zahrady-700x933.jpg 700w, https:\/\/loudavymkrokem.cz\/wp-content\/uploads\/2026\/09\/zahrady-768x1024.jpg 768w, https:\/\/loudavymkrokem.cz\/wp-content\/uploads\/2026\/09\/zahrady-1152x1536.jpg 1152w, https:\/\/loudavymkrokem.cz\/wp-content\/uploads\/2026\/09\/zahrady-1536x2048.jpg 1536w, https:\/\/loudavymkrokem.cz\/wp-content\/uploads\/2026\/09\/zahrady-696x928.jpg 696w, https:\/\/loudavymkrokem.cz\/wp-content\/uploads\/2026\/09\/zahrady-1392x1856.jpg 1392w\" sizes=\"(max-width: 1600px) 100vw, 1600px\" \/><button\n\t\t\tclass=\"lightbox-trigger\"\n\t\t\ttype=\"button\"\n\t\t\taria-haspopup=\"dialog\"\n\t\t\tdata-wp-bind--aria-label=\"state.thisImage.triggerButtonAriaLabel\"\n\t\t\tdata-wp-init=\"callbacks.initTriggerButton\"\n\t\t\tdata-wp-on--click=\"actions.showLightbox\"\n\t\t\tdata-wp-style--right=\"state.thisImage.buttonRight\"\n\t\t\tdata-wp-style--top=\"state.thisImage.buttonTop\"\n\t\t>\n\t\t\t<svg xmlns=\"http:\/\/www.w3.org\/2000\/svg\" width=\"12\" height=\"12\" fill=\"none\" viewBox=\"0 0 12 12\">\n\t\t\t\t<path fill=\"#fff\" d=\"M2 0a2 2 0 0 0-2 2v2h1.5V2a.5.5 0 0 1 .5-.5h2V0H2Zm2 10.5H2a.5.5 0 0 1-.5-.5V8H0v2a2 2 0 0 0 2 2h2v-1.5ZM8 12v-1.5h2a.5.5 0 0 0 .5-.5V8H12v2a2 2 0 0 1-2 2H8Zm2-12a2 2 0 0 1 2 2v2h-1.5V2a.5.5 0 0 0-.5-.5H8V0h2Z\" \/>\n\t\t\t<\/svg>\n\t\t<\/button><figcaption class=\"wp-element-caption\">Foto: Emerson Zanoti \/ Google Maps<\/figcaption><\/figure>\n\n\n\n<h3 class=\"wp-block-heading\"><span class=\"ez-toc-section\" id=\"14_Zahrady_a_vila_Parque_Lage\"><\/span>14. Z\u00e1hrady a vila Parque Lage<span class=\"ez-toc-section-end\"><\/span><\/h3>\n\n\n\n<p class=\"wp-block-paragraph\">Na \u00fap\u00e4t\u00ed hory Corcovado le\u017e\u00ed jeden z najkraj\u0161\u00edch verejn\u00fdch parkov, ktor\u00fd v sebe skr\u00fdva obrovsk\u00fa d\u00e1vku eur\u00f3pskej elegancie. <strong>Parque Lage tvoria n\u00e1dhern\u00e9 subtropick\u00e9 z\u00e1hrady obklopuj\u00face \u00fachvatn\u00fa vilu v \u0161t\u00fdle r\u00edmskeho pal\u00e1ca<\/strong>, ktor\u00e1 dnes sl\u00fa\u017ei ako <a href=\"http:\/\/eavparquelage.rj.gov.br\/\" rel=\"nofollow noopener\" target=\"_blank\">prest\u00ed\u017ena \u0161kola vizu\u00e1lnych umen\u00ed<\/a>. Dominantou cel\u00e9ho n\u00e1dvoria je plytk\u00fd baz\u00e9n, v ktorom sa pri spr\u00e1vnom uhle zrkadl\u00ed vysoko polo\u017een\u00e1 socha Krista Spasite\u013ea.<\/p>\n\n\n\n<p class=\"wp-block-paragraph\">Park m\u00e1 rozlohu viac ako p\u00e4\u0165desiat hekt\u00e1rov a pon\u00faka dokonal\u00fd \u00fanik do tie\u0148a prastar\u00fdch stromov, umel\u00fdch jask\u00fd\u0148 a romantick\u00fdch ve\u017ei\u010diek schovan\u00fdch v zeleni. <strong>Pre milovn\u00edkov pe\u0161ej turistiky je toto miesto k\u013e\u00fa\u010dov\u00e9, preto\u017ee pr\u00e1ve spoza vily za\u010d\u00edna strm\u00fd pralesn\u00fd chodn\u00edk na vrchol Corcovada<\/strong>, ktor\u00fd vyu\u017e\u00edvaj\u00fa zdatn\u00ed cestovatelia ako bezplatn\u00fa alternat\u00edvu k zuba\u010dke. Atmosf\u00e9ra miesta je neuverite\u013ene uvo\u013enen\u00e1, \u0161tudenti umenia tu ma\u013euj\u00fa svoje obrazy a rodiny organizuj\u00fa v\u00edkendov\u00e9 pikniky na tr\u00e1ve.<\/p>\n\n\n\n<p class=\"wp-block-paragraph\">\ud83d\udca1 Tip: <strong>Vn\u00fatri samotnej historickej vily funguje o\u010daruj\u00faca kaviare\u0148 Plage Cafe<\/strong>, kde si m\u00f4\u017ee\u0161 vychutna\u0165 v\u00fdborn\u00fa ra\u0148ajky pln\u00e9 \u010derstv\u00e9ho tropick\u00e9ho ovocia a syrov\u00fdch \u0161pecial\u00edt priamo pri ikonickom baz\u00e9niku. Odpor\u00fa\u010dam pr\u00eds\u0165 hne\u010f na otv\u00e1raciu dobu \u2014 cez de\u0148 sa tu na st\u00f4l \u010dak\u00e1 naozaj dlho.<\/p>\n\n\n\n<figure data-wp-context=\"{&quot;imageId&quot;:&quot;6a9c5983a5801&quot;}\" data-wp-interactive=\"core\/image\" data-wp-key=\"6a9c5983a5801\" class=\"wp-block-image size-full wp-lightbox-container\"><img decoding=\"async\" width=\"1600\" height=\"900\" data-wp-class--hide=\"state.isContentHidden\" data-wp-class--show=\"state.isContentVisible\" data-wp-init=\"callbacks.setButtonStyles\" data-wp-on--click=\"actions.showLightbox\" data-wp-on--load=\"callbacks.setButtonStyles\" data-wp-on--pointerdown=\"actions.preloadImage\" data-wp-on--pointerenter=\"actions.preloadImageWithDelay\" data-wp-on--pointerleave=\"actions.cancelPreload\" data-wp-on-window--resize=\"callbacks.setButtonStyles\" src=\"https:\/\/loudavymkrokem.cz\/wp-content\/uploads\/2026\/09\/swap-412735-15.jpg\" alt=\"M\u00fazeum zajtraj\u0161ka v Riu de Janeiru\" class=\"wp-image-413416\" title=\"\" srcset=\"https:\/\/loudavymkrokem.cz\/wp-content\/uploads\/2026\/09\/swap-412735-15.jpg 1600w, https:\/\/loudavymkrokem.cz\/wp-content\/uploads\/2026\/09\/swap-412735-15-300x169.jpg 300w, https:\/\/loudavymkrokem.cz\/wp-content\/uploads\/2026\/09\/swap-412735-15-700x394.jpg 700w, https:\/\/loudavymkrokem.cz\/wp-content\/uploads\/2026\/09\/swap-412735-15-768x432.jpg 768w, https:\/\/loudavymkrokem.cz\/wp-content\/uploads\/2026\/09\/swap-412735-15-1536x864.jpg 1536w, https:\/\/loudavymkrokem.cz\/wp-content\/uploads\/2026\/09\/swap-412735-15-696x392.jpg 696w, https:\/\/loudavymkrokem.cz\/wp-content\/uploads\/2026\/09\/swap-412735-15-1392x783.jpg 1392w\" sizes=\"(max-width: 1600px) 100vw, 1600px\" \/><button\n\t\t\tclass=\"lightbox-trigger\"\n\t\t\ttype=\"button\"\n\t\t\taria-haspopup=\"dialog\"\n\t\t\tdata-wp-bind--aria-label=\"state.thisImage.triggerButtonAriaLabel\"\n\t\t\tdata-wp-init=\"callbacks.initTriggerButton\"\n\t\t\tdata-wp-on--click=\"actions.showLightbox\"\n\t\t\tdata-wp-style--right=\"state.thisImage.buttonRight\"\n\t\t\tdata-wp-style--top=\"state.thisImage.buttonTop\"\n\t\t>\n\t\t\t<svg xmlns=\"http:\/\/www.w3.org\/2000\/svg\" width=\"12\" height=\"12\" fill=\"none\" viewBox=\"0 0 12 12\">\n\t\t\t\t<path fill=\"#fff\" d=\"M2 0a2 2 0 0 0-2 2v2h1.5V2a.5.5 0 0 1 .5-.5h2V0H2Zm2 10.5H2a.5.5 0 0 1-.5-.5V8H0v2a2 2 0 0 0 2 2h2v-1.5ZM8 12v-1.5h2a.5.5 0 0 0 .5-.5V8H12v2a2 2 0 0 1-2 2H8Zm2-12a2 2 0 0 1 2 2v2h-1.5V2a.5.5 0 0 0-.5-.5H8V0h2Z\" \/>\n\t\t\t<\/svg>\n\t\t<\/button><figcaption class=\"wp-element-caption\">Foto: Fadul \/ Google Maps<\/figcaption><\/figure>\n\n\n\n<h3 class=\"wp-block-heading\"><span class=\"ez-toc-section\" id=\"15_Muzeum_zajtrajska_Museu_do_Amanha\"><\/span>15. M\u00fazeum zajtraj\u0161ka (Museu do Amanh\u00e3)<span class=\"ez-toc-section-end\"><\/span><\/h3>\n\n\n\n<p class=\"wp-block-paragraph\">V zrekon\u0161truovanej pr\u00edstavnej \u0161tvrti Porto Maravilha vyr\u00e1stla stavba, ktor\u00e1 okam\u017eite posunula architekt\u00faru mesta do dvadsiateho prv\u00e9ho storo\u010dia. <strong><a href=\"https:\/\/museudoamanha.org.br\/\" rel=\"nofollow noopener\" target=\"_blank\">Museu do Amanh\u00e3<\/a> je fascinuj\u00face m\u00fazeum aplikovanej vedy zasv\u00e4ten\u00e9 bud\u00facnosti \u013eudstva<\/strong>, ktor\u00e9ho futuristick\u00fa budovu navrhol sl\u00e1vny \u0161panielsky architekt Santiago Calatrava. Biela kon\u0161trukcia pripom\u00ednaj\u00faca obriu kostru prehistorick\u00e9ho vt\u00e1ka alebo vesm\u00edrnu lo\u010f dramaticky presahuje ponad vodn\u00fa hladinu a sama osebe stoj\u00ed za dlh\u00fa n\u00e1v\u0161tevu.<\/p>\n\n\n\n<p class=\"wp-block-paragraph\">Vn\u00fatri ne\u010dakaj \u017eiadne zapr\u00e1\u0161en\u00e9 historick\u00e9 artefakty, ale interakt\u00edvne expoz\u00edcie pln\u00e9 obr\u00edch obrazoviek, d\u00e1tov\u00fdch vizualiz\u00e1ci\u00ed a podnetn\u00fdch ot\u00e1zok. <strong>Expoz\u00edcia \u0165a don\u00fati zamyslie\u0165 sa nad klimatick\u00fdmi zmenami, rastom popul\u00e1cie a udr\u017eate\u013enos\u0165ou na\u0161ej plan\u00e9ty<\/strong>, \u010do v kontexte obrovskej a pr\u00edrodne bohatej Braz\u00edlie d\u00e1va obrovsk\u00fd zmysel. M\u00fazeum ukazuje, \u017ee Rio nie je len mestom pl\u00e1\u017e\u00ed a karnevalu, ale aj modern\u00fdm centrom vedy a inov\u00e1ci\u00ed.<\/p>\n\n\n\n<p class=\"wp-block-paragraph\">\ud83d\udca1 Tip: <strong>Vstupenky do m\u00fazea je \u010dasto nutn\u00e9 rezervova\u0165 online s ve\u013ek\u00fdm predstihom<\/strong>, preto\u017ee denn\u00e1 kapacita b\u00fdva r\u00fdchlo vy\u010derpan\u00e1, obzvl\u00e1\u0161\u0165 cez v\u00edkendy. Okolo m\u00fazea sa tiahne \u0161irok\u00e1 a bezpe\u010dn\u00e1 promen\u00e1da Orla Conde, po ktorej sa m\u00f4\u017ee\u0161 kr\u00e1sne prejs\u0165 pozd\u013a\u017e mora a obdivova\u0165 obrovsk\u00e9 graffiti mur\u00e1ly od lok\u00e1lnych umelcov.<\/p>\n\n\n\n<figure data-wp-context=\"{&quot;imageId&quot;:&quot;6a9c5983a5ecb&quot;}\" data-wp-interactive=\"core\/image\" data-wp-key=\"6a9c5983a5ecb\" class=\"wp-block-image size-full wp-lightbox-container\"><img decoding=\"async\" width=\"1600\" height=\"1200\" data-wp-class--hide=\"state.isContentHidden\" data-wp-class--show=\"state.isContentVisible\" data-wp-init=\"callbacks.setButtonStyles\" data-wp-on--click=\"actions.showLightbox\" data-wp-on--load=\"callbacks.setButtonStyles\" data-wp-on--pointerdown=\"actions.preloadImage\" data-wp-on--pointerenter=\"actions.preloadImageWithDelay\" data-wp-on--pointerleave=\"actions.cancelPreload\" data-wp-on-window--resize=\"callbacks.setButtonStyles\" src=\"https:\/\/loudavymkrokem.cz\/wp-content\/uploads\/2026\/09\/swap-412735-16-f6e8010d.jpg\" alt=\"M\u00fazeum umenia MAR v Riu de Janeiru\" class=\"wp-image-413444\" title=\"\" srcset=\"https:\/\/loudavymkrokem.cz\/wp-content\/uploads\/2026\/09\/swap-412735-16-f6e8010d.jpg 1600w, https:\/\/loudavymkrokem.cz\/wp-content\/uploads\/2026\/09\/swap-412735-16-f6e8010d-300x225.jpg 300w, https:\/\/loudavymkrokem.cz\/wp-content\/uploads\/2026\/09\/swap-412735-16-f6e8010d-700x525.jpg 700w, https:\/\/loudavymkrokem.cz\/wp-content\/uploads\/2026\/09\/swap-412735-16-f6e8010d-768x576.jpg 768w, https:\/\/loudavymkrokem.cz\/wp-content\/uploads\/2026\/09\/swap-412735-16-f6e8010d-1536x1152.jpg 1536w, https:\/\/loudavymkrokem.cz\/wp-content\/uploads\/2026\/09\/swap-412735-16-f6e8010d-80x60.jpg 80w, https:\/\/loudavymkrokem.cz\/wp-content\/uploads\/2026\/09\/swap-412735-16-f6e8010d-160x120.jpg 160w, https:\/\/loudavymkrokem.cz\/wp-content\/uploads\/2026\/09\/swap-412735-16-f6e8010d-696x522.jpg 696w, https:\/\/loudavymkrokem.cz\/wp-content\/uploads\/2026\/09\/swap-412735-16-f6e8010d-1392x1044.jpg 1392w\" sizes=\"(max-width: 1600px) 100vw, 1600px\" \/><button\n\t\t\tclass=\"lightbox-trigger\"\n\t\t\ttype=\"button\"\n\t\t\taria-haspopup=\"dialog\"\n\t\t\tdata-wp-bind--aria-label=\"state.thisImage.triggerButtonAriaLabel\"\n\t\t\tdata-wp-init=\"callbacks.initTriggerButton\"\n\t\t\tdata-wp-on--click=\"actions.showLightbox\"\n\t\t\tdata-wp-style--right=\"state.thisImage.buttonRight\"\n\t\t\tdata-wp-style--top=\"state.thisImage.buttonTop\"\n\t\t>\n\t\t\t<svg xmlns=\"http:\/\/www.w3.org\/2000\/svg\" width=\"12\" height=\"12\" fill=\"none\" viewBox=\"0 0 12 12\">\n\t\t\t\t<path fill=\"#fff\" d=\"M2 0a2 2 0 0 0-2 2v2h1.5V2a.5.5 0 0 1 .5-.5h2V0H2Zm2 10.5H2a.5.5 0 0 1-.5-.5V8H0v2a2 2 0 0 0 2 2h2v-1.5ZM8 12v-1.5h2a.5.5 0 0 0 .5-.5V8H12v2a2 2 0 0 1-2 2H8Zm2-12a2 2 0 0 1 2 2v2h-1.5V2a.5.5 0 0 0-.5-.5H8V0h2Z\" \/>\n\t\t\t<\/svg>\n\t\t<\/button><figcaption class=\"wp-element-caption\">Foto: Leila Mota \/ Google Maps<\/figcaption><\/figure>\n\n\n\n<h3 class=\"wp-block-heading\"><span class=\"ez-toc-section\" id=\"16_Muzeum_umenia_MAR_Rio_Museum_of_Art\"><\/span>16. M\u00fazeum umenia MAR (Rio Museum of Art)<span class=\"ez-toc-section-end\"><\/span><\/h3>\n\n\n\n<p class=\"wp-block-paragraph\"><strong>M\u00fazeum umenia MAR (Rio Museum of Art) sa nach\u00e1dza v unik\u00e1tnom architektonickom komplexe<\/strong>, ktor\u00fd odv\u00e1\u017ene spojil star\u00fd klasicistick\u00fd pal\u00e1c s modernou presklenou budovou pomocou zvlnenej bet\u00f3novej strechy. Tento vizu\u00e1lny kontrast presne vystihuje samotn\u00fa podstatu braz\u00edlskej metropoly, kde sa star\u00e9 neust\u00e1le stret\u00e1va s nov\u00fdm.<\/p>\n\n\n\n<p class=\"wp-block-paragraph\">M\u00fazeum sa zameriava predov\u0161etk\u00fdm na braz\u00edlske umenie, lok\u00e1lnu kult\u00faru a zlo\u017eit\u00fa hist\u00f3riu samotn\u00e9ho mesta, vr\u00e1tane hist\u00f3rie a \u017eivota vo favel\u00e1ch. <strong>Z najvy\u0161\u0161ieho poschodia pod zvlnenou strechou sa pon\u00faka fantastick\u00fd v\u00fdh\u013ead na cel\u00e9 n\u00e1mestie Pra\u00e7a Mau\u00e1 a susedn\u00e9 Museu do Amanh\u00e3<\/strong>, \u010do je skvel\u00e1 pr\u00edle\u017eitos\u0165 na zachytenie modernej tv\u00e1re Ria z vt\u00e1\u010dej perspekt\u00edvy. Expoz\u00edcie s\u00fa ve\u013emi pestr\u00e9, od klasickej ma\u013eby cez fotografiu a\u017e po modern\u00e9 in\u0161tal\u00e1cie od mlad\u00fdch tvorcov.<\/p>\n\n\n\n<p class=\"wp-block-paragraph\">\ud83d\udca1 Tip: <strong>Ak m\u00e1\u0161 r\u00e1d umenie, vyhra\u010f si na n\u00e1v\u0161tevu oboch m\u00faze\u00ed na n\u00e1mest\u00ed Pra\u00e7a Mau\u00e1 cel\u00fd polde\u0148<\/strong>, preto\u017ee sa skvelo dop\u013a\u0148aj\u00fa. Miestne re\u0161taur\u00e1cie v okol\u00ed pr\u00edstavu navy\u0161e pon\u00fakaj\u00fa skvel\u00e9 bezm\u00e4sit\u00e9 varianty braz\u00edlskych jed\u00e1l, ako je napr\u00edklad pastel de queijo, \u010do je chrumkav\u00e1 vypr\u00e1\u017ean\u00e1 ta\u0161ti\u010dka plnen\u00e1 rozte\u010den\u00fdm syrom.<\/p>\n\n\n\n<figure data-wp-context=\"{&quot;imageId&quot;:&quot;6a9c5983a66bb&quot;}\" data-wp-interactive=\"core\/image\" data-wp-key=\"6a9c5983a66bb\" class=\"wp-block-image size-full wp-lightbox-container\"><img decoding=\"async\" width=\"1600\" height=\"1067\" data-wp-class--hide=\"state.isContentHidden\" data-wp-class--show=\"state.isContentVisible\" data-wp-init=\"callbacks.setButtonStyles\" data-wp-on--click=\"actions.showLightbox\" data-wp-on--load=\"callbacks.setButtonStyles\" data-wp-on--pointerdown=\"actions.preloadImage\" data-wp-on--pointerenter=\"actions.preloadImageWithDelay\" data-wp-on--pointerleave=\"actions.cancelPreload\" data-wp-on-window--resize=\"callbacks.setButtonStyles\" src=\"https:\/\/loudavymkrokem.cz\/wp-content\/uploads\/2026\/09\/centro-cultural-banco-do-brasil.jpg\" alt=\"Centro Cultural Banco do Brasil (CCBB)\" class=\"wp-image-413229\" title=\"\" srcset=\"https:\/\/loudavymkrokem.cz\/wp-content\/uploads\/2026\/09\/centro-cultural-banco-do-brasil.jpg 1600w, https:\/\/loudavymkrokem.cz\/wp-content\/uploads\/2026\/09\/centro-cultural-banco-do-brasil-300x200.jpg 300w, https:\/\/loudavymkrokem.cz\/wp-content\/uploads\/2026\/09\/centro-cultural-banco-do-brasil-700x467.jpg 700w, https:\/\/loudavymkrokem.cz\/wp-content\/uploads\/2026\/09\/centro-cultural-banco-do-brasil-768x512.jpg 768w, https:\/\/loudavymkrokem.cz\/wp-content\/uploads\/2026\/09\/centro-cultural-banco-do-brasil-1536x1024.jpg 1536w, https:\/\/loudavymkrokem.cz\/wp-content\/uploads\/2026\/09\/centro-cultural-banco-do-brasil-696x464.jpg 696w, https:\/\/loudavymkrokem.cz\/wp-content\/uploads\/2026\/09\/centro-cultural-banco-do-brasil-1392x928.jpg 1392w\" sizes=\"(max-width: 1600px) 100vw, 1600px\" \/><button\n\t\t\tclass=\"lightbox-trigger\"\n\t\t\ttype=\"button\"\n\t\t\taria-haspopup=\"dialog\"\n\t\t\tdata-wp-bind--aria-label=\"state.thisImage.triggerButtonAriaLabel\"\n\t\t\tdata-wp-init=\"callbacks.initTriggerButton\"\n\t\t\tdata-wp-on--click=\"actions.showLightbox\"\n\t\t\tdata-wp-style--right=\"state.thisImage.buttonRight\"\n\t\t\tdata-wp-style--top=\"state.thisImage.buttonTop\"\n\t\t>\n\t\t\t<svg xmlns=\"http:\/\/www.w3.org\/2000\/svg\" width=\"12\" height=\"12\" fill=\"none\" viewBox=\"0 0 12 12\">\n\t\t\t\t<path fill=\"#fff\" d=\"M2 0a2 2 0 0 0-2 2v2h1.5V2a.5.5 0 0 1 .5-.5h2V0H2Zm2 10.5H2a.5.5 0 0 1-.5-.5V8H0v2a2 2 0 0 0 2 2h2v-1.5ZM8 12v-1.5h2a.5.5 0 0 0 .5-.5V8H12v2a2 2 0 0 1-2 2H8Zm2-12a2 2 0 0 1 2 2v2h-1.5V2a.5.5 0 0 0-.5-.5H8V0h2Z\" \/>\n\t\t\t<\/svg>\n\t\t<\/button><figcaption class=\"wp-element-caption\">Foto: Centro Cultural Banco do Brasil (CCBB) \/ Google Maps<\/figcaption><\/figure>\n\n\n\n<h3 class=\"wp-block-heading\"><span class=\"ez-toc-section\" id=\"17_Centro_Cultural_Banco_do_Brasil_CCBB\"><\/span>17. Centro Cultural Banco do Brasil (CCBB)<span class=\"ez-toc-section-end\"><\/span><\/h3>\n\n\n\n<p class=\"wp-block-paragraph\">V ru\u0161nom obchodnom srdci mesta sa nach\u00e1dza jedno z najnav\u0161tevovanej\u0161\u00edch a najlep\u0161ie hodnoten\u00fdch kult\u00farnych centier na svete. <strong>Centro Cultural Banco do Brasil s\u00eddli v dychber\u00facej neoklasicistickej budove z roku 1906<\/strong>, ktor\u00e1 kedysi sl\u00fa\u017eila ako hlavn\u00e9 s\u00eddlo mocnej banky a dnes host\u00ed tie najprest\u00ed\u017enej\u0161ie medzin\u00e1rodn\u00e9 v\u00fdstavy. U\u017e samotn\u00fd vstup do obrovskej dvorany s presklenou kupolou a zdoben\u00fdmi mramorov\u00fdmi schodiskami je ohromuj\u00facim z\u00e1\u017eitkom, ktor\u00fd \u0165a prenesie do doby najv\u00e4\u010d\u0161ieho bohatstva.<\/p>\n\n\n\n<p class=\"wp-block-paragraph\">Okrem rozsiahlych umeleck\u00fdch gal\u00e9ri\u00ed pon\u00faka tento obrovsk\u00fd komplex aj vlastn\u00e9 kino, divadeln\u00e9 s\u00e1ly a nieko\u013eko poschod\u00ed neust\u00e1le sa meniacich expoz\u00edci\u00ed. <strong>To najlep\u0161ie na celom centre je, \u017ee vstup na drviv\u00fa v\u00e4\u010d\u0161inu v\u00fdstav a do samotnej budovy je \u00faplne zadarmo<\/strong>, \u010do z neho rob\u00ed neuverite\u013ene dostupn\u00e9 miesto pre v\u0161etk\u00fdch milovn\u00edkov kult\u00fary. Program je v\u017edy starostlivo zostaven\u00fd a \u010dasto tu n\u00e1jde\u0161 fascinuj\u00face retrospekt\u00edvy sl\u00e1vnych svetov\u00fdch aj braz\u00edlskych umelcov.<\/p>\n\n\n\n<p class=\"wp-block-paragraph\">\ud83d\udca1 Tip: <strong>Po prehliadke v\u00fdstav sa zastav v miestnej historickej kaviarni na pr\u00edzem\u00ed<\/strong>, ktor\u00e1 si zachovala p\u00f4vodn\u00fa bankov\u00fa v\u00fdzdobu, a daj si siln\u00e9 braz\u00edlske espresso. Budova sa nach\u00e1dza v centre mesta, ktor\u00e9 sa po pracovnej dobe r\u00fdchlo vy\u013eud\u0148uje, preto sem vyraz z\u00e1sadne cez de\u0148 a ve\u010dern\u00fdm prech\u00e1dzkam po okol\u00ed sa rad\u0161ej vyhni.<\/p>\n\n\n\n<figure data-wp-context=\"{&quot;imageId&quot;:&quot;6a9c5983a6ce7&quot;}\" data-wp-interactive=\"core\/image\" data-wp-key=\"6a9c5983a6ce7\" class=\"wp-block-image size-full wp-lightbox-container\"><img decoding=\"async\" width=\"490\" height=\"480\" data-wp-class--hide=\"state.isContentHidden\" data-wp-class--show=\"state.isContentVisible\" data-wp-init=\"callbacks.setButtonStyles\" data-wp-on--click=\"actions.showLightbox\" data-wp-on--load=\"callbacks.setButtonStyles\" data-wp-on--pointerdown=\"actions.preloadImage\" data-wp-on--pointerenter=\"actions.preloadImageWithDelay\" data-wp-on--pointerleave=\"actions.cancelPreload\" data-wp-on-window--resize=\"callbacks.setButtonStyles\" src=\"https:\/\/loudavymkrokem.cz\/wp-content\/uploads\/2026\/09\/theatro-municipal-do-rio-de-janeiro.jpg\" alt=\"Theatro Municipal do Rio de Janeiro\" class=\"wp-image-413233\" title=\"\" srcset=\"https:\/\/loudavymkrokem.cz\/wp-content\/uploads\/2026\/09\/theatro-municipal-do-rio-de-janeiro.jpg 490w, https:\/\/loudavymkrokem.cz\/wp-content\/uploads\/2026\/09\/theatro-municipal-do-rio-de-janeiro-300x294.jpg 300w\" sizes=\"(max-width: 490px) 100vw, 490px\" \/><button\n\t\t\tclass=\"lightbox-trigger\"\n\t\t\ttype=\"button\"\n\t\t\taria-haspopup=\"dialog\"\n\t\t\tdata-wp-bind--aria-label=\"state.thisImage.triggerButtonAriaLabel\"\n\t\t\tdata-wp-init=\"callbacks.initTriggerButton\"\n\t\t\tdata-wp-on--click=\"actions.showLightbox\"\n\t\t\tdata-wp-style--right=\"state.thisImage.buttonRight\"\n\t\t\tdata-wp-style--top=\"state.thisImage.buttonTop\"\n\t\t>\n\t\t\t<svg xmlns=\"http:\/\/www.w3.org\/2000\/svg\" width=\"12\" height=\"12\" fill=\"none\" viewBox=\"0 0 12 12\">\n\t\t\t\t<path fill=\"#fff\" d=\"M2 0a2 2 0 0 0-2 2v2h1.5V2a.5.5 0 0 1 .5-.5h2V0H2Zm2 10.5H2a.5.5 0 0 1-.5-.5V8H0v2a2 2 0 0 0 2 2h2v-1.5ZM8 12v-1.5h2a.5.5 0 0 0 .5-.5V8H12v2a2 2 0 0 1-2 2H8Zm2-12a2 2 0 0 1 2 2v2h-1.5V2a.5.5 0 0 0-.5-.5H8V0h2Z\" \/>\n\t\t\t<\/svg>\n\t\t<\/button><figcaption class=\"wp-element-caption\">Foto: Ralph Schmidt \/ Google Maps<\/figcaption><\/figure>\n\n\n\n<h3 class=\"wp-block-heading\"><span class=\"ez-toc-section\" id=\"18_Theatro_Municipal_do_Rio_de_Janeiro\"><\/span>18. Theatro Municipal do Rio de Janeiro<span class=\"ez-toc-section-end\"><\/span><\/h3>\n\n\n\n<p class=\"wp-block-paragraph\">Na n\u00e1mest\u00ed Cinel\u00e2ndia stoj\u00ed budova, ktor\u00e1 svoj\u00edm vzh\u013eadom jasne odkazuje na obrovsk\u00fd eur\u00f3psky vplyv v hist\u00f3rii mesta. <strong><a href=\"http:\/\/theatromunicipal.rj.gov.br\/\" rel=\"nofollow noopener\" target=\"_blank\">Theatro Municipal<\/a> je honosn\u00e9 divadlo z roku 1909 postaven\u00e9 v par\u00ed\u017eskom \u0161t\u00fdle<\/strong>, ktor\u00e9 sl\u00fa\u017ei ako hlavn\u00e1 sc\u00e9na pre baletn\u00e9, opern\u00e9 a klasick\u00e9 hudobn\u00e9 predstavenia v celej Braz\u00edlii. Jeho fas\u00e1da je bohato zdoben\u00e1 zlatom, mas\u00edvnymi st\u013apmi a zlo\u017eit\u00fdmi sochami, v\u010faka \u010domu patr\u00ed k najkraj\u0161\u00edm stavb\u00e1m v celej krajine.<\/p>\n\n\n\n<p class=\"wp-block-paragraph\">Aj ke\u010f pr\u00e1ve nepl\u00e1nuje\u0161 nav\u0161t\u00edvi\u0165 \u017eiadne ve\u010dern\u00e9 predstavenie, interi\u00e9r tejto budovy rozhodne stoj\u00ed za tvoju pozornos\u0165. <strong>M\u00f4\u017ee\u0161 sa z\u00fa\u010dastni\u0165 organizovanej prehliadky so sprievodcom, ktor\u00e1 \u0165a prevedie ohromuj\u00facim foyer, h\u013eadiskom a luxusn\u00fdmi s\u00e1lami<\/strong>, ktor\u00e9 s\u00fa vyzdoben\u00e9 \u00fachvatn\u00fdmi vitr\u00e1\u017eami a n\u00e1stenn\u00fdmi ma\u013ebami. Je to obrovsk\u00fd kontrast k uvo\u013enenej pl\u00e1\u017eovej kult\u00fare, ktor\u00fd ti uk\u00e1\u017ee Rio ako hrd\u00e9 mesto s hlbokou intelektu\u00e1lnou trad\u00edciou.<\/p>\n\n\n\n<p class=\"wp-block-paragraph\">\ud83d\udca1 Tip: <strong>Pred divadlom sa \u010dasto zhroma\u017e\u010fuj\u00fa pouli\u010dn\u00ed umelci a hudobn\u00edci<\/strong>, tak\u017ee samotn\u00e9 n\u00e1mestie Cinel\u00e2ndia pon\u00faka skvel\u00fa pod\u00edvan\u00fa zadarmo. Ak by si predsa len chcel za\u017ei\u0165 predstavenie, l\u00edstky na balet sa daj\u00fa zohna\u0165 za ve\u013emi prijate\u013en\u00e9 ceny, ale vy\u017eaduj\u00fa aspo\u0148 z\u00e1kladn\u00e9 spolo\u010densk\u00e9 oble\u010denie, \u017eabky z pl\u00e1\u017ee ti tu neprejd\u00fa.<\/p>\n\n\n\n<figure data-wp-context=\"{&quot;imageId&quot;:&quot;6a9c5983a7334&quot;}\" data-wp-interactive=\"core\/image\" data-wp-key=\"6a9c5983a7334\" class=\"wp-block-image size-full wp-lightbox-container\"><img decoding=\"async\" width=\"1600\" height=\"1200\" data-wp-class--hide=\"state.isContentHidden\" data-wp-class--show=\"state.isContentVisible\" data-wp-init=\"callbacks.setButtonStyles\" data-wp-on--click=\"actions.showLightbox\" data-wp-on--load=\"callbacks.setButtonStyles\" data-wp-on--pointerdown=\"actions.preloadImage\" data-wp-on--pointerenter=\"actions.preloadImageWithDelay\" data-wp-on--pointerleave=\"actions.cancelPreload\" data-wp-on-window--resize=\"callbacks.setButtonStyles\" src=\"https:\/\/loudavymkrokem.cz\/wp-content\/uploads\/2026\/09\/catedral-metropolitana-de-s-o-sebasti-o.jpg\" alt=\"Catedral Metropolitana de S\u00e3o Sebasti\u00e3o\" class=\"wp-image-413238\" title=\"\" srcset=\"https:\/\/loudavymkrokem.cz\/wp-content\/uploads\/2026\/09\/catedral-metropolitana-de-s-o-sebasti-o.jpg 1600w, https:\/\/loudavymkrokem.cz\/wp-content\/uploads\/2026\/09\/catedral-metropolitana-de-s-o-sebasti-o-300x225.jpg 300w, https:\/\/loudavymkrokem.cz\/wp-content\/uploads\/2026\/09\/catedral-metropolitana-de-s-o-sebasti-o-700x525.jpg 700w, https:\/\/loudavymkrokem.cz\/wp-content\/uploads\/2026\/09\/catedral-metropolitana-de-s-o-sebasti-o-768x576.jpg 768w, https:\/\/loudavymkrokem.cz\/wp-content\/uploads\/2026\/09\/catedral-metropolitana-de-s-o-sebasti-o-1536x1152.jpg 1536w, https:\/\/loudavymkrokem.cz\/wp-content\/uploads\/2026\/09\/catedral-metropolitana-de-s-o-sebasti-o-80x60.jpg 80w, https:\/\/loudavymkrokem.cz\/wp-content\/uploads\/2026\/09\/catedral-metropolitana-de-s-o-sebasti-o-160x120.jpg 160w, https:\/\/loudavymkrokem.cz\/wp-content\/uploads\/2026\/09\/catedral-metropolitana-de-s-o-sebasti-o-696x522.jpg 696w, https:\/\/loudavymkrokem.cz\/wp-content\/uploads\/2026\/09\/catedral-metropolitana-de-s-o-sebasti-o-1392x1044.jpg 1392w\" sizes=\"(max-width: 1600px) 100vw, 1600px\" \/><button\n\t\t\tclass=\"lightbox-trigger\"\n\t\t\ttype=\"button\"\n\t\t\taria-haspopup=\"dialog\"\n\t\t\tdata-wp-bind--aria-label=\"state.thisImage.triggerButtonAriaLabel\"\n\t\t\tdata-wp-init=\"callbacks.initTriggerButton\"\n\t\t\tdata-wp-on--click=\"actions.showLightbox\"\n\t\t\tdata-wp-style--right=\"state.thisImage.buttonRight\"\n\t\t\tdata-wp-style--top=\"state.thisImage.buttonTop\"\n\t\t>\n\t\t\t<svg xmlns=\"http:\/\/www.w3.org\/2000\/svg\" width=\"12\" height=\"12\" fill=\"none\" viewBox=\"0 0 12 12\">\n\t\t\t\t<path fill=\"#fff\" d=\"M2 0a2 2 0 0 0-2 2v2h1.5V2a.5.5 0 0 1 .5-.5h2V0H2Zm2 10.5H2a.5.5 0 0 1-.5-.5V8H0v2a2 2 0 0 0 2 2h2v-1.5ZM8 12v-1.5h2a.5.5 0 0 0 .5-.5V8H12v2a2 2 0 0 1-2 2H8Zm2-12a2 2 0 0 1 2 2v2h-1.5V2a.5.5 0 0 0-.5-.5H8V0h2Z\" \/>\n\t\t\t<\/svg>\n\t\t<\/button><figcaption class=\"wp-element-caption\">Foto: Roberto Fernandes \/ Google Maps<\/figcaption><\/figure>\n\n\n\n<h3 class=\"wp-block-heading\"><span class=\"ez-toc-section\" id=\"19_Catedral_Metropolitana_de_Sao_Sebastiao\"><\/span>19. Catedral Metropolitana de S\u00e3o Sebasti\u00e3o<span class=\"ez-toc-section-end\"><\/span><\/h3>\n\n\n\n<p class=\"wp-block-paragraph\">Milovn\u00edci nezvy\u010dajnej architekt\u00fary by rozhodne nemali vynecha\u0165 stavbu, ktor\u00e1 na prv\u00fd poh\u013ead v\u00f4bec nevyzer\u00e1 ako kres\u0165ansk\u00fd chr\u00e1m. <strong>Catedral Metropolitana je modern\u00e1 bet\u00f3nov\u00e1 katedr\u00e1la v tvare obrovskej mayskej pyram\u00eddy<\/strong>, ktor\u00e1 bola sl\u00e1vnostne otvoren\u00e1 v roku 1979 a predstavuje najnezvy\u010dajnej\u0161\u00ed kostol, ak\u00fd v Latinskej Amerike uvid\u00ed\u0161. Jej siv\u00fd exteri\u00e9r s\u00edce p\u00f4sob\u00ed trochu stroho a mas\u00edvne, ale to prav\u00e9 k\u00fazlo sa skr\u00fdva vn\u00fatri.<\/p>\n\n\n\n<p class=\"wp-block-paragraph\">Akon\u00e1hle prekro\u010d\u00ed\u0161 prah tejto sedemdesiatp\u00e4\u0165 metrov vysokej budovy, ocitne\u0161 sa v obrovskom, slnkom zaliatom priestore bez jedin\u00e9ho podporn\u00e9ho st\u013apa. <strong>Od podlahy a\u017e k samotn\u00e9mu stropu sa tiahnu \u0161tyri gigantick\u00e9 okn\u00e1 z farebn\u00fdch vitr\u00e1\u017e\u00ed, ktor\u00e9 tvoria ohromuj\u00faci sveteln\u00fd kr\u00ed\u017e<\/strong>, a vytv\u00e1raj\u00fa vn\u00fatri neuverite\u013ene spiritu\u00e1lnu a mystick\u00fa atmosf\u00e9ru. Katedr\u00e1la pojme neuverite\u013en\u00fdch dvadsa\u0165tis\u00edc veriacich a jej akustika pri zborovom speve je \u00faplne fenomen\u00e1lna.<\/p>\n\n\n\n<p class=\"wp-block-paragraph\">\ud83d\udca1 Tip: <strong>Pri foten\u00ed interi\u00e9ru sa postav presne doprostred podlahy a namier objekt\u00edv kolmo nahor<\/strong>, z\u00edska\u0161 tak dokonal\u00fd symetrick\u00fd z\u00e1ber farebn\u00e9ho kr\u00ed\u017ea na strope. N\u00e1v\u0161teva katedr\u00e1ly je r\u00fdchla a \u013eahko ju spoj\u00ed\u0161 s prehliadkou ne\u010falek\u00e9ho akvaduktu Arcos da Lapa, ktor\u00fd sa nach\u00e1dza len p\u00e1r min\u00fat ch\u00f4dze odtia\u013eto.<\/p>\n\n\n\n<figure data-wp-context=\"{&quot;imageId&quot;:&quot;6a9c5983a7ae8&quot;}\" data-wp-interactive=\"core\/image\" data-wp-key=\"6a9c5983a7ae8\" class=\"wp-block-image size-full wp-lightbox-container\"><img decoding=\"async\" width=\"1600\" height=\"1628\" data-wp-class--hide=\"state.isContentHidden\" data-wp-class--show=\"state.isContentVisible\" data-wp-init=\"callbacks.setButtonStyles\" data-wp-on--click=\"actions.showLightbox\" data-wp-on--load=\"callbacks.setButtonStyles\" data-wp-on--pointerdown=\"actions.preloadImage\" data-wp-on--pointerenter=\"actions.preloadImageWithDelay\" data-wp-on--pointerleave=\"actions.cancelPreload\" data-wp-on-window--resize=\"callbacks.setButtonStyles\" src=\"https:\/\/loudavymkrokem.cz\/wp-content\/uploads\/2026\/09\/museu-da-rep-blica.jpg\" alt=\"Museu da Rep\u00fablica (Pal\u00e1cio do Catete)\" class=\"wp-image-413242\" title=\"\" srcset=\"https:\/\/loudavymkrokem.cz\/wp-content\/uploads\/2026\/09\/museu-da-rep-blica.jpg 1600w, https:\/\/loudavymkrokem.cz\/wp-content\/uploads\/2026\/09\/museu-da-rep-blica-295x300.jpg 295w, https:\/\/loudavymkrokem.cz\/wp-content\/uploads\/2026\/09\/museu-da-rep-blica-700x712.jpg 700w, https:\/\/loudavymkrokem.cz\/wp-content\/uploads\/2026\/09\/museu-da-rep-blica-768x781.jpg 768w, https:\/\/loudavymkrokem.cz\/wp-content\/uploads\/2026\/09\/museu-da-rep-blica-1510x1536.jpg 1510w, https:\/\/loudavymkrokem.cz\/wp-content\/uploads\/2026\/09\/museu-da-rep-blica-696x708.jpg 696w, https:\/\/loudavymkrokem.cz\/wp-content\/uploads\/2026\/09\/museu-da-rep-blica-1392x1416.jpg 1392w\" sizes=\"(max-width: 1600px) 100vw, 1600px\" \/><button\n\t\t\tclass=\"lightbox-trigger\"\n\t\t\ttype=\"button\"\n\t\t\taria-haspopup=\"dialog\"\n\t\t\tdata-wp-bind--aria-label=\"state.thisImage.triggerButtonAriaLabel\"\n\t\t\tdata-wp-init=\"callbacks.initTriggerButton\"\n\t\t\tdata-wp-on--click=\"actions.showLightbox\"\n\t\t\tdata-wp-style--right=\"state.thisImage.buttonRight\"\n\t\t\tdata-wp-style--top=\"state.thisImage.buttonTop\"\n\t\t>\n\t\t\t<svg xmlns=\"http:\/\/www.w3.org\/2000\/svg\" width=\"12\" height=\"12\" fill=\"none\" viewBox=\"0 0 12 12\">\n\t\t\t\t<path fill=\"#fff\" d=\"M2 0a2 2 0 0 0-2 2v2h1.5V2a.5.5 0 0 1 .5-.5h2V0H2Zm2 10.5H2a.5.5 0 0 1-.5-.5V8H0v2a2 2 0 0 0 2 2h2v-1.5ZM8 12v-1.5h2a.5.5 0 0 0 .5-.5V8H12v2a2 2 0 0 1-2 2H8Zm2-12a2 2 0 0 1 2 2v2h-1.5V2a.5.5 0 0 0-.5-.5H8V0h2Z\" \/>\n\t\t\t<\/svg>\n\t\t<\/button><figcaption class=\"wp-element-caption\">Foto: Fabio Alves \/ Google Maps<\/figcaption><\/figure>\n\n\n\n<h3 class=\"wp-block-heading\"><span class=\"ez-toc-section\" id=\"20_Museu_da_Republica_Palacio_do_Catete\"><\/span>20. Museu da Rep\u00fablica (Pal\u00e1cio do Catete)<span class=\"ez-toc-section-end\"><\/span><\/h3>\n\n\n\n<p class=\"wp-block-paragraph\">Na pochopenie zlo\u017eitej politickej hist\u00f3rie tejto obrovskej krajiny je \u00faplne nevyhnutn\u00e1 n\u00e1v\u0161teva b\u00fdval\u00e9ho prezidentsk\u00e9ho s\u00eddla. <strong>Museu da Rep\u00fablica s\u00eddli v honosnom pal\u00e1ci Pal\u00e1cio do Catete, ktor\u00fd fungoval ako s\u00eddlo braz\u00edlskych prezidentov<\/strong> a\u017e do roku 1960, ke\u010f sa hlavn\u00e9 mesto presunulo do novo vybudovanej Bras\u00edlie. Pal\u00e1c je uk\u00e1\u017ekou neuverite\u013en\u00e9ho luxusu, jeho s\u00e1ly s\u00fa zdoben\u00e9 vz\u00e1cnymi drevami, ben\u00e1tskymi zrkadlami a obrovsk\u00fdmi kri\u0161t\u00e1\u013eov\u00fdmi lustrami.<\/p>\n\n\n\n<p class=\"wp-block-paragraph\">Expoz\u00edcia \u0165a prevedie v\u0161etk\u00fdmi k\u013e\u00fa\u010dov\u00fdmi momentmi braz\u00edlskej republiky, od jej vyhl\u00e1senia a\u017e po dramatick\u00e9 udalosti dvadsiateho storo\u010dia. Najviac \u0165a tam zasiahne zachovan\u00e1 izba prezidenta Get\u00falia Vargasa, ktor\u00fd tu v roku 1954 sp\u00e1chal samovra\u017edu \u2014 m\u00fazeum vystavuje aj jeho list na rozl\u00fa\u010dku a je to jedno z t\u00fdch miest, kde sa pred tebou dejiny zrazu stan\u00fa ve\u013emi konkr\u00e9tnymi. Za pal\u00e1com sa navy\u0161e rozprestieraj\u00fa roz\u013eahl\u00e9 franc\u00fazske z\u00e1hrady pln\u00e9 vysok\u00fdch paliem a umel\u00fdch jazierok, ktor\u00e9 pon\u00fakaj\u00fa pr\u00edjemn\u00fd tie\u0148 na oddych.<\/p>\n\n\n\n<p class=\"wp-block-paragraph\">\ud83d\udca1 Tip: <strong>Vstup do n\u00e1dhern\u00fdch zadn\u00fdch z\u00e1hrad je \u00faplne zadarmo a miestni ich hojne vyu\u017e\u00edvaj\u00fa na prech\u00e1dzky a relax\u00e1ciu<\/strong>, tak\u017ee aj ke\u010f nem\u00e1\u0161 n\u00e1ladu na hist\u00f3riu v m\u00fazeu, z\u00e1hrady ur\u010dite nevynechaj. Nach\u00e1dzaj\u00fa sa priamo pri stanici metra Catete, tak\u017ee dostupnos\u0165 z pl\u00e1\u017eov\u00fdch \u0161tvrt\u00ed na juhu mesta je \u00faplne bezprobl\u00e9mov\u00e1 a r\u00fdchla.<\/p>\n\n\n\n<figure data-wp-context=\"{&quot;imageId&quot;:&quot;6a9c5983a807b&quot;}\" data-wp-interactive=\"core\/image\" data-wp-key=\"6a9c5983a807b\" class=\"wp-block-image size-full wp-lightbox-container\"><img decoding=\"async\" width=\"1600\" height=\"1200\" data-wp-class--hide=\"state.isContentHidden\" data-wp-class--show=\"state.isContentVisible\" data-wp-init=\"callbacks.setButtonStyles\" data-wp-on--click=\"actions.showLightbox\" data-wp-on--load=\"callbacks.setButtonStyles\" data-wp-on--pointerdown=\"actions.preloadImage\" data-wp-on--pointerenter=\"actions.preloadImageWithDelay\" data-wp-on--pointerleave=\"actions.cancelPreload\" data-wp-on-window--resize=\"callbacks.setButtonStyles\" src=\"https:\/\/loudavymkrokem.cz\/wp-content\/uploads\/2026\/09\/espa-o-cultural-da-marinha.jpg\" alt=\"Espa\u00e7o Cultural da Marinha\" class=\"wp-image-413243\" title=\"\" srcset=\"https:\/\/loudavymkrokem.cz\/wp-content\/uploads\/2026\/09\/espa-o-cultural-da-marinha.jpg 1600w, https:\/\/loudavymkrokem.cz\/wp-content\/uploads\/2026\/09\/espa-o-cultural-da-marinha-300x225.jpg 300w, https:\/\/loudavymkrokem.cz\/wp-content\/uploads\/2026\/09\/espa-o-cultural-da-marinha-700x525.jpg 700w, https:\/\/loudavymkrokem.cz\/wp-content\/uploads\/2026\/09\/espa-o-cultural-da-marinha-768x576.jpg 768w, https:\/\/loudavymkrokem.cz\/wp-content\/uploads\/2026\/09\/espa-o-cultural-da-marinha-1536x1152.jpg 1536w, https:\/\/loudavymkrokem.cz\/wp-content\/uploads\/2026\/09\/espa-o-cultural-da-marinha-80x60.jpg 80w, https:\/\/loudavymkrokem.cz\/wp-content\/uploads\/2026\/09\/espa-o-cultural-da-marinha-160x120.jpg 160w, https:\/\/loudavymkrokem.cz\/wp-content\/uploads\/2026\/09\/espa-o-cultural-da-marinha-696x522.jpg 696w, https:\/\/loudavymkrokem.cz\/wp-content\/uploads\/2026\/09\/espa-o-cultural-da-marinha-1392x1044.jpg 1392w\" sizes=\"(max-width: 1600px) 100vw, 1600px\" \/><button\n\t\t\tclass=\"lightbox-trigger\"\n\t\t\ttype=\"button\"\n\t\t\taria-haspopup=\"dialog\"\n\t\t\tdata-wp-bind--aria-label=\"state.thisImage.triggerButtonAriaLabel\"\n\t\t\tdata-wp-init=\"callbacks.initTriggerButton\"\n\t\t\tdata-wp-on--click=\"actions.showLightbox\"\n\t\t\tdata-wp-style--right=\"state.thisImage.buttonRight\"\n\t\t\tdata-wp-style--top=\"state.thisImage.buttonTop\"\n\t\t>\n\t\t\t<svg xmlns=\"http:\/\/www.w3.org\/2000\/svg\" width=\"12\" height=\"12\" fill=\"none\" viewBox=\"0 0 12 12\">\n\t\t\t\t<path fill=\"#fff\" d=\"M2 0a2 2 0 0 0-2 2v2h1.5V2a.5.5 0 0 1 .5-.5h2V0H2Zm2 10.5H2a.5.5 0 0 1-.5-.5V8H0v2a2 2 0 0 0 2 2h2v-1.5ZM8 12v-1.5h2a.5.5 0 0 0 .5-.5V8H12v2a2 2 0 0 1-2 2H8Zm2-12a2 2 0 0 1 2 2v2h-1.5V2a.5.5 0 0 0-.5-.5H8V0h2Z\" \/>\n\t\t\t<\/svg>\n\t\t<\/button><figcaption class=\"wp-element-caption\">Foto: Heber iba\u00f1ez \/ Google Maps<\/figcaption><\/figure>\n\n\n\n<h3 class=\"wp-block-heading\"><span class=\"ez-toc-section\" id=\"21_Espaco_Cultural_da_Marinha\"><\/span>21. Espa\u00e7o Cultural da Marinha<span class=\"ez-toc-section-end\"><\/span><\/h3>\n\n\n\n<p class=\"wp-block-paragraph\">Ak sa pohybuje\u0161 v historickom centre ne\u010faleko pr\u00edstavu, naraz\u00ed\u0161 na fascinuj\u00face m\u00fazeum, ktor\u00e9 ocenia nielen fan\u00fa\u0161ikovia vojenskej hist\u00f3rie. <strong>Espa\u00e7o Cultural da Marinha je rozsiahle n\u00e1morn\u00e9 m\u00fazeum, ktor\u00e9 ti umo\u017en\u00ed nahliadnu\u0165 do bohatej n\u00e1mornej trad\u00edcie Braz\u00edlie<\/strong>, krajiny s jedn\u00fdm z najdlh\u0161\u00edch pobre\u017e\u00ed na svete. Vonkaj\u0161ia expoz\u00edcia je pln\u00e1 historick\u00fdch diel, star\u00fdch torp\u00e9d a obrovsk\u00fdch kotiev rozosiatych pozd\u013a\u017e slnkom zaliateho n\u00e1bre\u017eia.<\/p>\n\n\n\n<p class=\"wp-block-paragraph\">T\u00fdm najv\u00e4\u010d\u0161\u00edm \u0165ah\u00e1kom cel\u00e9ho are\u00e1lu s\u00fa v\u0161ak skuto\u010dn\u00e9 plavidl\u00e1, ktor\u00e9 si m\u00f4\u017ee\u0161 preliez\u0165 pekne od podpalubia a\u017e po kapit\u00e1nsky most\u00edk. <strong>Najv\u00e4\u010d\u0161\u00ed z\u00e1\u017eitok pon\u00faka prehliadka vyradenej vojenskej ponorky Riachuelo a vern\u00e1 replika starej objavite\u013eskej lode<\/strong>, ktor\u00e1 ukazuje, v ak\u00fdch stiesnen\u00fdch podmienkach dopl\u00e1vali prv\u00ed Eur\u00f3pania k brehom Ju\u017enej Ameriky. Odtia\u013eto tie\u017e vypl\u00e1vaj\u00fa v\u00fdletn\u00e9 lode na okru\u017en\u00e9 plavby po z\u00e1live Guanabara, ktor\u00e9 pon\u00fakaj\u00fa kr\u00e1sny poh\u013ead na mesto z vodnej hladiny.<\/p>\n\n\n\n<p class=\"wp-block-paragraph\">\ud83d\udca1 Tip: <strong>Plavba po z\u00e1live z tohto pr\u00edstavu je v\u00fdrazne lacnej\u0161ia a autentickej\u0161ia ne\u017e predra\u017een\u00e9 turistick\u00e9 lode vypl\u00e1vaj\u00face z juhu mesta.<\/strong> Nezabudni si ale vzia\u0165 siln\u00fd opa\u013eovac\u00ed kr\u00e9m a klob\u00fak, preto\u017ee na palube star\u00fdch lod\u00ed a ponoriek \u0165a pred p\u00e1liacim braz\u00edlskym slnkom nechr\u00e1ni v\u00f4bec ni\u010d a kovov\u00e9 paluby b\u00fdvaj\u00fa ve\u013emi rozp\u00e1len\u00e9.<\/p>\n\n\n\n<figure data-wp-context=\"{&quot;imageId&quot;:&quot;6a9c5983a85a5&quot;}\" data-wp-interactive=\"core\/image\" data-wp-key=\"6a9c5983a85a5\" class=\"wp-block-image size-full wp-lightbox-container\"><img decoding=\"async\" width=\"1200\" height=\"800\" data-wp-class--hide=\"state.isContentHidden\" data-wp-class--show=\"state.isContentVisible\" data-wp-init=\"callbacks.setButtonStyles\" data-wp-on--click=\"actions.showLightbox\" data-wp-on--load=\"callbacks.setButtonStyles\" data-wp-on--pointerdown=\"actions.preloadImage\" data-wp-on--pointerenter=\"actions.preloadImageWithDelay\" data-wp-on--pointerleave=\"actions.cancelPreload\" data-wp-on-window--resize=\"callbacks.setButtonStyles\" src=\"https:\/\/loudavymkrokem.cz\/wp-content\/uploads\/2026\/09\/praia-vermelha-pod-cukrovou-homol.jpg\" alt=\"Pl\u00e1\u017e Praia Vermelha pod Cukrovou homo\u013eou\" class=\"wp-image-413245\" title=\"\" srcset=\"https:\/\/loudavymkrokem.cz\/wp-content\/uploads\/2026\/09\/praia-vermelha-pod-cukrovou-homol.jpg 1200w, https:\/\/loudavymkrokem.cz\/wp-content\/uploads\/2026\/09\/praia-vermelha-pod-cukrovou-homol-300x200.jpg 300w, https:\/\/loudavymkrokem.cz\/wp-content\/uploads\/2026\/09\/praia-vermelha-pod-cukrovou-homol-700x467.jpg 700w, https:\/\/loudavymkrokem.cz\/wp-content\/uploads\/2026\/09\/praia-vermelha-pod-cukrovou-homol-768x512.jpg 768w, https:\/\/loudavymkrokem.cz\/wp-content\/uploads\/2026\/09\/praia-vermelha-pod-cukrovou-homol-696x464.jpg 696w\" sizes=\"(max-width: 1200px) 100vw, 1200px\" \/><button\n\t\t\tclass=\"lightbox-trigger\"\n\t\t\ttype=\"button\"\n\t\t\taria-haspopup=\"dialog\"\n\t\t\tdata-wp-bind--aria-label=\"state.thisImage.triggerButtonAriaLabel\"\n\t\t\tdata-wp-init=\"callbacks.initTriggerButton\"\n\t\t\tdata-wp-on--click=\"actions.showLightbox\"\n\t\t\tdata-wp-style--right=\"state.thisImage.buttonRight\"\n\t\t\tdata-wp-style--top=\"state.thisImage.buttonTop\"\n\t\t>\n\t\t\t<svg xmlns=\"http:\/\/www.w3.org\/2000\/svg\" width=\"12\" height=\"12\" fill=\"none\" viewBox=\"0 0 12 12\">\n\t\t\t\t<path fill=\"#fff\" d=\"M2 0a2 2 0 0 0-2 2v2h1.5V2a.5.5 0 0 1 .5-.5h2V0H2Zm2 10.5H2a.5.5 0 0 1-.5-.5V8H0v2a2 2 0 0 0 2 2h2v-1.5ZM8 12v-1.5h2a.5.5 0 0 0 .5-.5V8H12v2a2 2 0 0 1-2 2H8Zm2-12a2 2 0 0 1 2 2v2h-1.5V2a.5.5 0 0 0-.5-.5H8V0h2Z\" \/>\n\t\t\t<\/svg>\n\t\t<\/button><figcaption class=\"wp-element-caption\">Foto: Carlos Alberto do Amaral \/ Google Maps<\/figcaption><\/figure>\n\n\n\n<h3 class=\"wp-block-heading\"><span class=\"ez-toc-section\" id=\"22_Plaz_Praia_Vermelha_pod_Cukrovou_homolou\"><\/span>22. Pl\u00e1\u017e Praia Vermelha pod Cukrovou homo\u013eou<span class=\"ez-toc-section-end\"><\/span><\/h3>\n\n\n\n<p class=\"wp-block-paragraph\">Na \u00fapln\u00fd z\u00e1ver n\u00e1\u0161ho zoznamu sme si nechali mal\u00fa, ale o to kraj\u0161iu pl\u00e1\u017e, ktor\u00e1 pon\u00faka \u00faplne odli\u0161n\u00fd z\u00e1\u017eitok ne\u017e nekone\u010dn\u00e9 p\u00e1sy piesku na Copacabane. <strong>Praia Vermelha, \u010di\u017ee \u010cerven\u00e1 pl\u00e1\u017e, le\u017e\u00ed ukryt\u00e1 v pokojnej z\u00e1toke priamo na \u00fap\u00e4t\u00ed majest\u00e1tnej Cukrovej homole<\/strong>, ktor\u00e1 sa nad \u0148ou t\u00fd\u010di ako obrovsk\u00e1 kamenn\u00e1 hradba. Jej meno je odvoden\u00e9 od hrub\u0161ieho naru\u017eovel\u00e9ho piesku, ktor\u00fd pri z\u00e1pade slnka z\u00edskava n\u00e1dhern\u00fd tepl\u00fd odtie\u0148.<\/p>\n\n\n\n<p class=\"wp-block-paragraph\">Z\u00e1liv je chr\u00e1nen\u00fd pred siln\u00fdmi oce\u00e1nskymi pr\u00fadmi, tak\u017ee voda je tu neuverite\u013ene pokojn\u00e1 a bezpe\u010dn\u00e1, \u010do z nej rob\u00ed ide\u00e1lne miesto pre rodiny a pohodov\u00e9 pl\u00e1vanie. <strong>V\u010faka absencii ve\u013ek\u00fdch v\u013an je to aj perfektn\u00e1 lokalita na pren\u00e1jom paddleboardu alebo morsk\u00e9ho kajaku<\/strong>, z ktor\u00e9ho m\u00f4\u017ee\u0161 obdivova\u0165 okolit\u00e9 strm\u00e9 skaly z \u00faplne novej perspekt\u00edvy. Pl\u00e1\u017e je ve\u013emi mal\u00e1 a \u00fatuln\u00e1, obklopen\u00e1 zelen\u00fdmi stromami, a pon\u00faka ove\u013ea komornej\u0161iu atmosf\u00e9ru ne\u017e ve\u013ek\u00e9 susedn\u00e9 pl\u00e1\u017ee.<\/p>\n\n\n\n<p class=\"wp-block-paragraph\">\ud83d\udca1 Tip: <strong>Z \u013eav\u00e9ho okraja pl\u00e1\u017ee za\u010d\u00edna n\u00e1dhern\u00fd, spevnen\u00fd chodn\u00edk Pista Cl\u00e1udio Coutinho, ktor\u00fd sa vinie pralesom tesne popri \u00fatesoch nad morom.<\/strong> Je to \u00fa\u017easn\u00e9 miesto na nen\u00e1ro\u010dn\u00fa prech\u00e1dzku, kde s vysokou pravdepodobnos\u0165ou stretne\u0161 drz\u00e9 opi\u010dky kosm\u00e1\u010de, len si pam\u00e4taj, \u017ee k\u0155menie divej zveri je v celom parku pr\u00edsne zak\u00e1zan\u00e9, nech vyzeraj\u00fa akoko\u013evek. V\u00fdlet na t\u00fato pl\u00e1\u017e sa ide\u00e1lne sp\u00e1ja s n\u00e1v\u0161tevou samotnej Cukrovej homole \u2014 spodn\u00e1 stanica lanovky le\u017e\u00ed hne\u010f cez ulicu.<\/p>\n\n\n\n<h2 class=\"wp-block-heading\"><span class=\"ez-toc-section\" id=\"Kam_dalej_z_Rio_de_Janeira\"><\/span>Kam \u010falej z Rio de Janeira<span class=\"ez-toc-section-end\"><\/span><\/h2>\n\n\n\n<p class=\"wp-block-paragraph\">Braz\u00edlia je obrovsk\u00e1 krajina a Rio de Janeiro predstavuje \u010dasto len prv\u00fa zast\u00e1vku na tvojej juhoamerickej ceste. Ak sa chce\u0161 <strong>ponori\u0165 hlb\u0161ie do pl\u00e1novania svojho ubytovania<\/strong>, sp\u00edsali sme pre teba podrobnej\u0161ieho sprievodcu <a href=\"https:\/\/loudavymkrokem.cz\/kde-bydlet-v-rio-de-janeiru\/\">Kde b\u00fdva\u0165 v Rio de Janeiru<\/a>. Zist\u00ed\u0161 v \u0148om detailn\u00e9 rozdiely medzi jednotliv\u00fdmi \u0161tvr\u0165ami na juhu mesta a \u013eah\u0161ie tak zvol\u00ed\u0161 t\u00fa najlep\u0161iu lokalitu.<\/p>\n\n\n\n<p class=\"wp-block-paragraph\">V\u00e4\u010d\u0161ina cestovate\u013eov sa n\u00e1sledne pres\u00fava do najv\u00e4\u010d\u0161ej metropoly celej ju\u017enej pologule, ktor\u00e1 pon\u00faka <strong>\u00faplne odli\u0161n\u00fd, ve\u013emi urbanistick\u00fd z\u00e1\u017eitok<\/strong>. Pre hladk\u00fd presun odpor\u00fa\u010dam nahliadnu\u0165 do \u010dl\u00e1nku <a href=\"https:\/\/loudavymkrokem.cz\/sk\/?p=412732\">\u010co vidie\u0165 v S\u00e3o Paule<\/a>, kde n\u00e1jde\u0161 tipy na tie najlep\u0161ie m\u00faze\u00e1, parky a mrakodrapov\u00e9 vyhliadky. Praktick\u00e9 rady na v\u00fdber bezpe\u010dnej lokality v tomto obrom biznisovom meste potom pon\u00faka n\u00e1\u0161 sprievodca <a href=\"https:\/\/loudavymkrokem.cz\/sk\/?p=412738\">Kde b\u00fdva\u0165 v S\u00e3o Paule<\/a>.<\/p>\n\n\n\n<h2 class=\"wp-block-heading\"><span class=\"ez-toc-section\" id=\"Casto_kladene_otazky\"><\/span>\u010casto kladen\u00e9 ot\u00e1zky<span class=\"ez-toc-section-end\"><\/span><\/h2>\n\n\n<div id=\"rank-math-faq\" class=\"rank-math-block\">\n<div class=\"rank-math-list \">\n<div id=\"faq-question-1788283109000\" class=\"rank-math-list-item\">\n<h3 class=\"rank-math-question \"><span class=\"ez-toc-section\" id=\"Je_Rio_de_Janeiro_bezpecne_pre_turistov\"><\/span>Je Rio de Janeiro bezpe\u010dn\u00e9 pre turistov?<span class=\"ez-toc-section-end\"><\/span><\/h3>\n<div class=\"rank-math-answer \">\n\n<p>Ak sa budete dr\u017ea\u0165 v <strong>turistickom bezpe\u010dnostnom p\u00e1se okolo \u0161tvrt\u00ed Ipanema a Leblon<\/strong>, pravdepodobne nebudete ma\u0165 \u017eiadny probl\u00e9m. Cez de\u0148 je bezpe\u010dne aj na Copacabane, ale po zotmen\u00ed sa vyhnite prech\u00e1dzke po pl\u00e1\u017ei a pr\u00e1zdnych uliciach v centre. <strong>Z\u00e1sadne vyu\u017e\u00edvajte Uber<\/strong> a nenoste na obdiv drah\u00e9 \u0161perky \u010di telef\u00f3ny.<\/p>\n\n<\/div>\n<\/div>\n<div id=\"faq-question-1788283109001\" class=\"rank-math-list-item\">\n<h3 class=\"rank-math-question \"><span class=\"ez-toc-section\" id=\"Kolko_dni_potrebujem_na_navstevu_Ria\"><\/span>Ko\u013eko dn\u00ed potrebujem na n\u00e1v\u0161tevu Ria?<span class=\"ez-toc-section-end\"><\/span><\/h3>\n<div class=\"rank-math-answer \">\n\n<p>Ide\u00e1lna doba na spoznanie mesta s\u00fa <strong>\u0161tyri a\u017e p\u00e4\u0165 cel\u00fdch dn\u00ed<\/strong>, \u010do v\u00e1m d\u00e1 dostatok priestoru na pamiatky aj relax\u00e1ciu na pl\u00e1\u017ei. V\u017edy si v\u0161ak nechajte aspo\u0148 <strong>dva dni v z\u00e1lohe ako \u010dasov\u00fa rezervu<\/strong>, aby ste mohli n\u00e1v\u0161tevu vysoko polo\u017een\u00fdch vyhliadok flexibilne prisp\u00f4sobi\u0165 aktu\u00e1lnej obla\u010dnosti a po\u010dasiu.<\/p>\n\n<\/div>\n<\/div>\n<div id=\"faq-question-1788283109002\" class=\"rank-math-list-item\">\n<h3 class=\"rank-math-question \"><span class=\"ez-toc-section\" id=\"Ako_sa_najlepsie_dostat_k_soche_Krista_Spasitela\"><\/span>Ako sa najlep\u0161ie dosta\u0165 k soche Krista Spasite\u013ea?<span class=\"ez-toc-section-end\"><\/span><\/h3>\n<div class=\"rank-math-answer \">\n\n<p>Existuj\u00fa tri sp\u00f4soby, pri\u010dom <strong>najdrah\u0161ia a najob\u013e\u00fabenej\u0161ia je historick\u00e1 zuba\u010dka Corcovado<\/strong>, ktor\u00e1 v\u00e1s vyvezie pralesom. O nie\u010do lacnej\u0161iu variantu predstavuje ofici\u00e1lny mikrobus od n\u00e1v\u0161tevn\u00edckeho centra Paineiras. Ak h\u013ead\u00e1te najlacnej\u0161iu a najdobrodru\u017enej\u0161iu cestu, <strong>m\u00f4\u017eete vyrazi\u0165 pe\u0161o strm\u00fdm chodn\u00edkom<\/strong> z parku Parque Lage, \u010do v\u00e1m zaberie zhruba dve hodiny n\u00e1ro\u010dn\u00e9ho st\u00fapania.<\/p>\n\n<\/div>\n<\/div>\n<div id=\"faq-question-1788283109003\" class=\"rank-math-list-item\">\n<h3 class=\"rank-math-question \"><span class=\"ez-toc-section\" id=\"Kedy_je_najlepsi_cas_na_cestu_do_Brazilie\"><\/span>Kedy je najlep\u0161\u00ed \u010das na cestu do Braz\u00edlie?<span class=\"ez-toc-section-end\"><\/span><\/h3>\n<div class=\"rank-math-answer \">\n\n<p>Z h\u013eadiska priazniv\u00e9ho po\u010dasia a rozumn\u00fdch cien je najlep\u0161ie <strong>vyrazi\u0165 od apr\u00edla do j\u00fana alebo od augusta do okt\u00f3bra<\/strong>. Vyhnete sa tak extr\u00e9mnym letn\u00fdm hor\u00fa\u010dav\u00e1m a pravideln\u00fdm pr\u00edvalov\u00fdm da\u017e\u010fom. Po\u010das karnevalu a Silvestra mesto s\u00edce za\u017e\u00edva \u00fa\u017easn\u00fa atmosf\u00e9ru, ale <strong>ceny ubytovania s\u00fa nieko\u013ekon\u00e1sobne vy\u0161\u0161ie<\/strong> a v\u0161ade stretnete obrovsk\u00e9 davy \u013eud\u00ed.<\/p>\n\n<\/div>\n<\/div>\n<div id=\"faq-question-1788283109004\" class=\"rank-math-list-item\">\n<h3 class=\"rank-math-question \"><span class=\"ez-toc-section\" id=\"Mozem_sa_kupat_na_plazach_v_Riu_po_zotmeni\"><\/span>M\u00f4\u017eem sa k\u00fapa\u0165 na pl\u00e1\u017each v Riu po zotmen\u00ed?<span class=\"ez-toc-section-end\"><\/span><\/h3>\n<div class=\"rank-math-answer \">\n\n<p><strong>Rozhodne nie, na pl\u00e1\u017e sa v noci nechod\u00ed nikdy.<\/strong> Akon\u00e1hle zapadne slnko, dlh\u00e9 p\u00e1sy piesku sa st\u00e1vaj\u00fa pre turistov nebezpe\u010dn\u00fdmi a l\u00e1kaj\u00fa pochybn\u00e9 \u017eivly. Obyvatelia mesta sa po ve\u010deroch zdru\u017euj\u00fa v dobre osvetlen\u00fdch baroch a re\u0161taur\u00e1ci\u00e1ch na ru\u0161n\u00fdch uliciach, preto <strong>opusten\u00e9 pl\u00e1\u017ee po tme rad\u0161ej \u00faplne vynechajte<\/strong>.<\/p>\n\n<\/div>\n<\/div>\n<div id=\"faq-question-1788283109005\" class=\"rank-math-list-item\">\n<h3 class=\"rank-math-question \"><span class=\"ez-toc-section\" id=\"Ako_sa_pohybovat_po_meste_a_je_bezpecna_MHD\"><\/span>Ako sa pohybova\u0165 po meste a je bezpe\u010dn\u00e1 MHD?<span class=\"ez-toc-section-end\"><\/span><\/h3>\n<div class=\"rank-math-answer \">\n\n<p>Cez de\u0148 <strong>funguje skvele a bezpe\u010dne sie\u0165 metra<\/strong>, ktor\u00e1 sp\u00e1ja ju\u017en\u00e9 pl\u00e1\u017eov\u00e9 \u0161tvrte s historick\u00fdm centrom mesta. Be\u017en\u00e9 autobusy b\u00fdvaj\u00fa pomerne nepreh\u013eadn\u00e9 a pre turistov sa pr\u00edli\u0161 neodpor\u00fa\u010daj\u00fa. Akon\u00e1hle sa za\u010dne stmieva\u0165, <strong>nekompromisne prepnite na aplik\u00e1ciu Uber<\/strong>, ktor\u00e1 je v Braz\u00edlii ve\u013emi lacn\u00e1, spo\u013eahliv\u00e1 a zaru\u010d\u00ed v\u00e1m pokojn\u00fd n\u00e1vrat do hotela.<\/p>\n\n<\/div>\n<\/div>\n<div id=\"faq-question-1788283109006\" class=\"rank-math-list-item\">\n<h3 class=\"rank-math-question \"><span class=\"ez-toc-section\" id=\"Co_jest_v_Riu_ak_nejem_maso\"><\/span>\u010co jes\u0165 v Riu, ak nejem m\u00e4so?<span class=\"ez-toc-section-end\"><\/span><\/h3>\n<div class=\"rank-math-answer \">\n\n<p>Hoci je braz\u00edlska kuchy\u0148a silne zalo\u017een\u00e1 na m\u00e4se, n\u00e1jdete tu mno\u017estvo vegetari\u00e1nskych dobr\u00f4t. <strong>Najv\u00e4\u010d\u0161\u00edm hitom je \u013eadov\u00e9 a\u00e7a\u00ed s granolou<\/strong>, ktor\u00e9 skvele osvie\u017ei na pl\u00e1\u017ei. V pouli\u010dn\u00fdch st\u00e1nkoch h\u013eadajte syrov\u00e9 pletence p\u00e3o de queijo alebo tapioku plnen\u00fa syrom a paradajkami. Na plnohodnotn\u00fa ve\u010deru <strong>vyrazte do vynikaj\u00facich talianskych re\u0161taur\u00e1ci\u00ed v Ipaneme<\/strong>.<\/p>\n\n<\/div>\n<\/div>\n<div id=\"faq-question-1788283109007\" class=\"rank-math-list-item\">\n<h3 class=\"rank-math-question \"><span class=\"ez-toc-section\" id=\"Oplati_sa_kupovat_vstupenky_na_pamiatky_dlho_vopred\"><\/span>Oplat\u00ed sa kupova\u0165 vstupenky na pamiatky dlho vopred?<span class=\"ez-toc-section-end\"><\/span><\/h3>\n<div class=\"rank-math-answer \">\n\n<p>Pri modern\u00fdch uzavret\u00fdch m\u00faze\u00e1ch, ako je M\u00fazeum zajtraj\u0161ka, sa n\u00e1kup online vstupeniek vopred ur\u010dite oplat\u00ed. <strong>Pri vonkaj\u0161\u00edch vyhliadkach ako Cukrov\u00e1 homo\u013ea a Kristus Spasite\u013e v\u0161ak bu\u010fte opatrn\u00ed.<\/strong> Po\u010dasie sa na pobre\u017e\u00ed men\u00ed z hodiny na hodinu a n\u00e1kupom na pevn\u00fd de\u0148 <strong>riskujete, \u017ee kv\u00f4li hustej hmle neuvid\u00edte v\u00f4bec ni\u010d<\/strong>.<\/p>\n\n<\/div>\n<\/div>\n<\/div>\n<\/div>","protected":false},"excerpt":{"rendered":"<p>Objav tie najkraj\u0161ie miesta Rio de Janeira, od sl\u00e1vnych pl\u00e1\u017e\u00ed po skryt\u00e9 pralesn\u00e9 vyhliadky, a zisti, ako si mesto u\u017ei\u0165 \u00faplne bezpe\u010dne.<\/p>\n","protected":false},"author":3,"featured_media":413187,"comment_status":"open","ping_status":"open","sticky":false,"template":"","format":"standard","meta":{"_acf_changed":false,"footnotes":"","rank_math_title":"Rio de Janeiro: 22 tipov, \u010do vidie\u0165 v roku 2026","rank_math_description":"Rio de Janeiro \u0165a nadchne pl\u00e1\u017eami, sochou Krista aj pralesn\u00fdmi vyhliadkami. Objav 22 najlep\u0161\u00edch tipov, \u010do vidie\u0165 a robi\u0165, plus rady na bezpe\u010dnos\u0165 a ubytovanie.","rank_math_focus_keyword":"rio de janeiro","rank_math_seo_score":""},"categories":[952],"tags":[],"class_list":["post-417866","post","type-post","status-publish","format-standard","has-post-thumbnail","category-cestovanie"],"acf":[],"featured_image_src":"https:\/\/loudavymkrokem.cz\/wp-content\/uploads\/2026\/09\/pedra-do-arpoador.jpg","author_info":{"display_name":"Lucie Kone\u010dn\u00e1","author_link":"https:\/\/loudavymkrokem.cz\/sk\/author\/lucie-konecna\/"},"_links":{"self":[{"href":"https:\/\/loudavymkrokem.cz\/sk\/wp-json\/wp\/v2\/posts\/417866","targetHints":{"allow":["GET"]}}],"collection":[{"href":"https:\/\/loudavymkrokem.cz\/sk\/wp-json\/wp\/v2\/posts"}],"about":[{"href":"https:\/\/loudavymkrokem.cz\/sk\/wp-json\/wp\/v2\/types\/post"}],"author":[{"embeddable":true,"href":"https:\/\/loudavymkrokem.cz\/sk\/wp-json\/wp\/v2\/users\/3"}],"replies":[{"embeddable":true,"href":"https:\/\/loudavymkrokem.cz\/sk\/wp-json\/wp\/v2\/comments?post=417866"}],"version-history":[{"count":2,"href":"https:\/\/loudavymkrokem.cz\/sk\/wp-json\/wp\/v2\/posts\/417866\/revisions"}],"predecessor-version":[{"id":417868,"href":"https:\/\/loudavymkrokem.cz\/sk\/wp-json\/wp\/v2\/posts\/417866\/revisions\/417868"}],"wp:featuredmedia":[{"embeddable":true,"href":"https:\/\/loudavymkrokem.cz\/sk\/wp-json\/wp\/v2\/media\/413187"}],"wp:attachment":[{"href":"https:\/\/loudavymkrokem.cz\/sk\/wp-json\/wp\/v2\/media?parent=417866"}],"wp:term":[{"taxonomy":"category","embeddable":true,"href":"https:\/\/loudavymkrokem.cz\/sk\/wp-json\/wp\/v2\/categories?post=417866"},{"taxonomy":"post_tag","embeddable":true,"href":"https:\/\/loudavymkrokem.cz\/sk\/wp-json\/wp\/v2\/tags?post=417866"}],"curies":[{"name":"wp","href":"https:\/\/api.w.org\/{rel}","templated":true}]}}