{"id":417850,"date":"2026-09-05T09:44:09","date_gmt":"2026-09-05T07:44:09","guid":{"rendered":"https:\/\/loudavymkrokem.cz\/termaly-nemecko-najlepsie\/"},"modified":"2026-09-05T18:29:38","modified_gmt":"2026-09-05T16:29:38","slug":"termaly-nemecko-najlepsie","status":"publish","type":"post","link":"https:\/\/loudavymkrokem.cz\/sk\/termaly-nemecko-najlepsie\/","title":{"rendered":"Term\u00e1ly v Nemecku: 51 tipov na tie najlep\u0161ie v roku 2026"},"content":{"rendered":"\n<p class=\"wp-block-paragraph\">Vonku p\u00e4\u0165 stup\u0148ov a mrhol\u00ed, ty stoj\u00ed\u0161 po p\u00e1s vo vode pod sklenenou kupolou a nad hlavou ti \u0161umia prav\u00e9 palmy. <strong>Term\u00e1ly v Nemecku<\/strong> funguj\u00fa inak ne\u017e tie na\u0161e, a to nielen kv\u00f4li tropick\u00fdm kulis\u00e1m. Zasko\u010dia \u0165a hlavne dve veci: do s\u00e1un sa chod\u00ed bez plaviek a vstupn\u00e9 sa plat\u00ed na presne vymedzen\u00e9 hodiny, po ktor\u00fdch sa dopl\u00e1ca.<\/p>\n\n\n\n<p class=\"wp-block-paragraph\">Na\u0161\u0165astie to ale v\u00f4bec nevad\u00ed, preto\u017ee akon\u00e1hle pochop\u00ed\u0161 ich syst\u00e9m, \u010dak\u00e1 \u0165a <strong>\u00faplne luxusn\u00fd oddych<\/strong>. V\u00e4\u010d\u0161inou dostane\u0161 na ruku \u010dip, ktor\u00fdm si p\u00edpne\u0161 skrinku aj \u00fatratu v re\u0161taur\u00e1cii, a pe\u0148a\u017eenku m\u00f4\u017ee\u0161 s pokojom necha\u0165 cel\u00fd \u010das zatvoren\u00fa. Len si mus\u00ed\u0161 str\u00e1\u017ei\u0165 \u010das, preto\u017ee za <strong>ka\u017ed\u00fa \u010fal\u0161iu za\u010dat\u00fa polhodinu<\/strong> sa pri odchode na pokladni automaticky dopl\u00e1ca.<\/p>\n\n\n\n<p class=\"wp-block-paragraph\">V tomto \u010dl\u00e1nku n\u00e1jde\u0161 51 nemeck\u00fdch term\u00e1lov rozdelen\u00fdch pod\u013ea spolkov\u00fdch kraj\u00edn, od obrovskej Therme Erding pri Mn\u00edchove cez <strong>tropick\u00e9 Badewelty v Sinsheime a Euskirchene<\/strong> a\u017e po malebn\u00e9 pr\u00edmorsk\u00e9 k\u00fapele na Balte. Porad\u00edm ti, ko\u013eko sa za k\u00fapanie plat\u00ed, ako presne funguje <strong>nemeck\u00e1 saunov\u00e1 etiketa<\/strong> a kde spa\u0165 rovno v \u017eupane priamo pri term\u00e1li.<\/p>\n\n\n\n<figure data-wp-context=\"{&quot;imageId&quot;:&quot;6a9c610425ef3&quot;}\" data-wp-interactive=\"core\/image\" data-wp-key=\"6a9c610425ef3\" class=\"wp-block-image size-full wp-lightbox-container\"><img decoding=\"async\" width=\"1800\" height=\"1201\" data-wp-class--hide=\"state.isContentHidden\" data-wp-class--show=\"state.isContentVisible\" data-wp-init=\"callbacks.setButtonStyles\" data-wp-on--click=\"actions.showLightbox\" data-wp-on--load=\"callbacks.setButtonStyles\" data-wp-on--pointerdown=\"actions.preloadImage\" data-wp-on--pointerenter=\"actions.preloadImageWithDelay\" data-wp-on--pointerleave=\"actions.cancelPreload\" data-wp-on-window--resize=\"callbacks.setButtonStyles\" src=\"https:\/\/loudavymkrokem.cz\/wp-content\/uploads\/2026\/09\/nemecko-clanky-termaly-nemecko-01-0dcc0000.jpg\" alt=\"Baz\u00e9n s miner\u00e1lnou vodou pod presklenou kupolou v Thermen &#038; Badewelt Sinsheim\" class=\"wp-image-415288\" title=\"\" srcset=\"https:\/\/loudavymkrokem.cz\/wp-content\/uploads\/2026\/09\/nemecko-clanky-termaly-nemecko-01-0dcc0000.jpg 1800w, https:\/\/loudavymkrokem.cz\/wp-content\/uploads\/2026\/09\/nemecko-clanky-termaly-nemecko-01-0dcc0000-300x200.jpg 300w, https:\/\/loudavymkrokem.cz\/wp-content\/uploads\/2026\/09\/nemecko-clanky-termaly-nemecko-01-0dcc0000-700x467.jpg 700w, https:\/\/loudavymkrokem.cz\/wp-content\/uploads\/2026\/09\/nemecko-clanky-termaly-nemecko-01-0dcc0000-768x512.jpg 768w, https:\/\/loudavymkrokem.cz\/wp-content\/uploads\/2026\/09\/nemecko-clanky-termaly-nemecko-01-0dcc0000-1536x1025.jpg 1536w, https:\/\/loudavymkrokem.cz\/wp-content\/uploads\/2026\/09\/nemecko-clanky-termaly-nemecko-01-0dcc0000-696x464.jpg 696w, https:\/\/loudavymkrokem.cz\/wp-content\/uploads\/2026\/09\/nemecko-clanky-termaly-nemecko-01-0dcc0000-1392x929.jpg 1392w\" sizes=\"(max-width: 1800px) 100vw, 1800px\" \/><button\n\t\t\tclass=\"lightbox-trigger\"\n\t\t\ttype=\"button\"\n\t\t\taria-haspopup=\"dialog\"\n\t\t\tdata-wp-bind--aria-label=\"state.thisImage.triggerButtonAriaLabel\"\n\t\t\tdata-wp-init=\"callbacks.initTriggerButton\"\n\t\t\tdata-wp-on--click=\"actions.showLightbox\"\n\t\t\tdata-wp-style--right=\"state.thisImage.buttonRight\"\n\t\t\tdata-wp-style--top=\"state.thisImage.buttonTop\"\n\t\t>\n\t\t\t<svg xmlns=\"http:\/\/www.w3.org\/2000\/svg\" width=\"12\" height=\"12\" fill=\"none\" viewBox=\"0 0 12 12\">\n\t\t\t\t<path fill=\"#fff\" d=\"M2 0a2 2 0 0 0-2 2v2h1.5V2a.5.5 0 0 1 .5-.5h2V0H2Zm2 10.5H2a.5.5 0 0 1-.5-.5V8H0v2a2 2 0 0 0 2 2h2v-1.5ZM8 12v-1.5h2a.5.5 0 0 0 .5-.5V8H12v2a2 2 0 0 1-2 2H8Zm2-12a2 2 0 0 1 2 2v2h-1.5V2a.5.5 0 0 0-.5-.5H8V0h2Z\" \/>\n\t\t\t<\/svg>\n\t\t<\/button><\/figure>\n\n\n\n<div id=\"ez-toc-container\" class=\"ez-toc-v2_0_87 ez-toc-wrap-left counter-hierarchy ez-toc-counter ez-toc-grey ez-toc-container-direction\">\n<div class=\"ez-toc-title-container\">\n<p class=\"ez-toc-title\" style=\"cursor:inherit\">Obsah \u010dl\u00e1nku<\/p>\n<span class=\"ez-toc-title-toggle\"><a href=\"#\" class=\"ez-toc-pull-right ez-toc-btn ez-toc-btn-xs ez-toc-btn-default ez-toc-toggle\" aria-label=\"Toggle Table of Content\"><span class=\"ez-toc-js-icon-con\"><span class=\"\"><span class=\"eztoc-hide\" style=\"display:none;\">Toggle<\/span><span class=\"ez-toc-icon-toggle-span\"><svg style=\"fill: #999;color:#999\" xmlns=\"http:\/\/www.w3.org\/2000\/svg\" class=\"list-377408\" width=\"20px\" height=\"20px\" viewBox=\"0 0 24 24\" fill=\"none\"><path d=\"M6 6H4v2h2V6zm14 0H8v2h12V6zM4 11h2v2H4v-2zm16 0H8v2h12v-2zM4 16h2v2H4v-2zm16 0H8v2h12v-2z\" fill=\"currentColor\"><\/path><\/svg><svg style=\"fill: #999;color:#999\" class=\"arrow-unsorted-368013\" xmlns=\"http:\/\/www.w3.org\/2000\/svg\" width=\"10px\" height=\"10px\" viewBox=\"0 0 24 24\" version=\"1.2\" baseProfile=\"tiny\"><path d=\"M18.2 9.3l-6.2-6.3-6.2 6.3c-.2.2-.3.4-.3.7s.1.5.3.7c.2.2.4.3.7.3h11c.3 0 .5-.1.7-.3.2-.2.3-.5.3-.7s-.1-.5-.3-.7zM5.8 14.7l6.2 6.3 6.2-6.3c.2-.2.3-.5.3-.7s-.1-.5-.3-.7c-.2-.2-.4-.3-.7-.3h-11c-.3 0-.5.1-.7.3-.2.2-.3.5-.3.7s.1.5.3.7z\"\/><\/svg><\/span><\/span><\/span><\/a><\/span><\/div>\n<nav><ul class='ez-toc-list ez-toc-list-level-1 ' ><ul class='ez-toc-list-level-3' ><li class='ez-toc-heading-level-3'><a class=\"ez-toc-link ez-toc-heading-1\" href=\"https:\/\/loudavymkrokem.cz\/sk\/termaly-nemecko-najlepsie\/#Zhrnutie_pre_tych_ktori_nemaju_cas_citat_cely_clanok\" >Zhrnutie pre t\u00fdch, ktor\u00ed nemaj\u00fa \u010das \u010d\u00edta\u0165 cel\u00fd \u010dl\u00e1nok<\/a><\/li><\/ul><\/li><li class='ez-toc-page-1 ez-toc-heading-level-2'><a class=\"ez-toc-link ez-toc-heading-2\" href=\"https:\/\/loudavymkrokem.cz\/sk\/termaly-nemecko-najlepsie\/#Ako_funguju_termaly_v_Nemecku_a_v_com_sa_lisia_od_nasich\" >Ako funguj\u00fa term\u00e1ly v Nemecku (a v \u010dom sa l\u00ed\u0161ia od na\u0161ich)<\/a><\/li><li class='ez-toc-page-1 ez-toc-heading-level-2'><a class=\"ez-toc-link ez-toc-heading-3\" href=\"https:\/\/loudavymkrokem.cz\/sk\/termaly-nemecko-najlepsie\/#Kolko_to_stoji_a_kedy_vyrazit\" >Ko\u013eko to stoj\u00ed a kedy vyrazi\u0165<\/a><\/li><li class='ez-toc-page-1 ez-toc-heading-level-2'><a class=\"ez-toc-link ez-toc-heading-4\" href=\"https:\/\/loudavymkrokem.cz\/sk\/termaly-nemecko-najlepsie\/#Kde_sa_ubytovat_hotel_s_Bademantelgangom\" >Kde sa ubytova\u0165: hotel s Bademantelgangom<\/a><\/li><li class='ez-toc-page-1 ez-toc-heading-level-2'><a class=\"ez-toc-link ez-toc-heading-5\" href=\"https:\/\/loudavymkrokem.cz\/sk\/termaly-nemecko-najlepsie\/#Termaly_v_Bavorsku\" >Term\u00e1ly v Bavorsku<\/a><ul class='ez-toc-list-level-3' ><li class='ez-toc-heading-level-3'><a class=\"ez-toc-link ez-toc-heading-6\" href=\"https:\/\/loudavymkrokem.cz\/sk\/termaly-nemecko-najlepsie\/#1_Therme_Erding_Erding\" >1. Therme Erding (Erding)<\/a><\/li><li class='ez-toc-page-1 ez-toc-heading-level-3'><a class=\"ez-toc-link ez-toc-heading-7\" href=\"https:\/\/loudavymkrokem.cz\/sk\/termaly-nemecko-najlepsie\/#2_Therme_Bad_Worishofen_Bad_Worishofen\" >2. Therme Bad W\u00f6rishofen (Bad W\u00f6rishofen)<\/a><\/li><li class='ez-toc-page-1 ez-toc-heading-level-3'><a class=\"ez-toc-link ez-toc-heading-8\" href=\"https:\/\/loudavymkrokem.cz\/sk\/termaly-nemecko-najlepsie\/#3_Therme_Bad_Aibling_Bad_Aibling\" >3. Therme Bad Aibling (Bad Aibling)<\/a><\/li><li class='ez-toc-page-1 ez-toc-heading-level-3'><a class=\"ez-toc-link ez-toc-heading-9\" href=\"https:\/\/loudavymkrokem.cz\/sk\/termaly-nemecko-najlepsie\/#4_KissSalis_Therme_Bad_Kissingen\" >4. KissSalis Therme (Bad Kissingen)<\/a><\/li><li class='ez-toc-page-1 ez-toc-heading-level-3'><a class=\"ez-toc-link ez-toc-heading-10\" href=\"https:\/\/loudavymkrokem.cz\/sk\/termaly-nemecko-najlepsie\/#5_Hotel_Victory_Therme_Erding_Erding\" >5. Hotel Victory Therme Erding (Erding)<\/a><\/li><li class='ez-toc-page-1 ez-toc-heading-level-3'><a class=\"ez-toc-link ez-toc-heading-11\" href=\"https:\/\/loudavymkrokem.cz\/sk\/termaly-nemecko-najlepsie\/#6_Franken-Therme_Bad_Windsheim\" >6. Franken-Therme (Bad Windsheim)<\/a><\/li><li class='ez-toc-page-1 ez-toc-heading-level-3'><a class=\"ez-toc-link ez-toc-heading-12\" href=\"https:\/\/loudavymkrokem.cz\/sk\/termaly-nemecko-najlepsie\/#7_Konigliche_Kristall-Therme_Schwangau\" >7. K\u00f6nigliche Kristall-Therme (Schwangau)<\/a><\/li><li class='ez-toc-page-1 ez-toc-heading-level-3'><a class=\"ez-toc-link ez-toc-heading-13\" href=\"https:\/\/loudavymkrokem.cz\/sk\/termaly-nemecko-najlepsie\/#8_Limes-Therme_Bad_Gogging\" >8. Limes-Therme (Bad G\u00f6gging)<\/a><\/li><li class='ez-toc-page-1 ez-toc-heading-level-3'><a class=\"ez-toc-link ez-toc-heading-14\" href=\"https:\/\/loudavymkrokem.cz\/sk\/termaly-nemecko-najlepsie\/#9_Therme_Bad_Griesbach_Bad_Griesbach\" >9. Therme Bad Griesbach (Bad Griesbach)<\/a><\/li><li class='ez-toc-page-1 ez-toc-heading-level-3'><a class=\"ez-toc-link ez-toc-heading-15\" href=\"https:\/\/loudavymkrokem.cz\/sk\/termaly-nemecko-najlepsie\/#10_Titania_Neusas_Neusas\" >10. Titania Neus\u00e4\u00df (Neus\u00e4\u00df)<\/a><\/li><li class='ez-toc-page-1 ez-toc-heading-level-3'><a class=\"ez-toc-link ez-toc-heading-16\" href=\"https:\/\/loudavymkrokem.cz\/sk\/termaly-nemecko-najlepsie\/#11_Fackelmann_Therme_Hersbruck_Hersbruck\" >11. Fackelmann Therme Hersbruck (Hersbruck)<\/a><\/li><li class='ez-toc-page-1 ez-toc-heading-level-3'><a class=\"ez-toc-link ez-toc-heading-17\" href=\"https:\/\/loudavymkrokem.cz\/sk\/termaly-nemecko-najlepsie\/#12_ThermeNatur_Bad_Rodach\" >12. ThermeNatur (Bad Rodach)<\/a><\/li><li class='ez-toc-page-1 ez-toc-heading-level-3'><a class=\"ez-toc-link ez-toc-heading-18\" href=\"https:\/\/loudavymkrokem.cz\/sk\/termaly-nemecko-najlepsie\/#13_Johannesbad_Therme_Bad_Fussing_Bad_Fussing\" >13. Johannesbad Therme Bad F\u00fcssing (Bad F\u00fcssing)<\/a><\/li><li class='ez-toc-page-1 ez-toc-heading-level-3'><a class=\"ez-toc-link ez-toc-heading-19\" href=\"https:\/\/loudavymkrokem.cz\/sk\/termaly-nemecko-najlepsie\/#14_Europa_Therme_Bad_Fussing\" >14. Europa Therme (Bad F\u00fcssing)<\/a><\/li><li class='ez-toc-page-1 ez-toc-heading-level-3'><a class=\"ez-toc-link ez-toc-heading-20\" href=\"https:\/\/loudavymkrokem.cz\/sk\/termaly-nemecko-najlepsie\/#15_Sibyllenbad_Neualbenreuth\" >15. Sibyllenbad (Neualbenreuth)<\/a><\/li><\/ul><\/li><li class='ez-toc-page-1 ez-toc-heading-level-2'><a class=\"ez-toc-link ez-toc-heading-21\" href=\"https:\/\/loudavymkrokem.cz\/sk\/termaly-nemecko-najlepsie\/#Termaly_v_Badensku-Wurttembersku\" >Term\u00e1ly v B\u00e1densku-W\u00fcrttembersku<\/a><ul class='ez-toc-list-level-3' ><li class='ez-toc-heading-level-3'><a class=\"ez-toc-link ez-toc-heading-22\" href=\"https:\/\/loudavymkrokem.cz\/sk\/termaly-nemecko-najlepsie\/#16_Thermen_Badewelt_Sinsheim_Sinsheim\" >16. Thermen &#038; Badewelt Sinsheim (Sinsheim)<\/a><\/li><li class='ez-toc-page-1 ez-toc-heading-level-3'><a class=\"ez-toc-link ez-toc-heading-23\" href=\"https:\/\/loudavymkrokem.cz\/sk\/termaly-nemecko-najlepsie\/#17_Mineraltherme_Boblingen_Boblingen\" >17. Mineraltherme B\u00f6blingen (B\u00f6blingen)<\/a><\/li><li class='ez-toc-page-1 ez-toc-heading-level-3'><a class=\"ez-toc-link ez-toc-heading-24\" href=\"https:\/\/loudavymkrokem.cz\/sk\/termaly-nemecko-najlepsie\/#18_Panorama_Therme_Beuren_Beuren\" >18. Panorama Therme Beuren (Beuren)<\/a><\/li><li class='ez-toc-page-1 ez-toc-heading-level-3'><a class=\"ez-toc-link ez-toc-heading-25\" href=\"https:\/\/loudavymkrokem.cz\/sk\/termaly-nemecko-najlepsie\/#19_Bodensee-Therme_Konstanz_Konstanz\" >19. Bodensee-Therme Konstanz (Konstanz)<\/a><\/li><li class='ez-toc-page-1 ez-toc-heading-level-3'><a class=\"ez-toc-link ez-toc-heading-26\" href=\"https:\/\/loudavymkrokem.cz\/sk\/termaly-nemecko-najlepsie\/#20_Adelindis_Therme_Bad_Buchau\" >20. Adelindis Therme (Bad Buchau)<\/a><\/li><li class='ez-toc-page-1 ez-toc-heading-level-3'><a class=\"ez-toc-link ez-toc-heading-27\" href=\"https:\/\/loudavymkrokem.cz\/sk\/termaly-nemecko-najlepsie\/#21_Sonnenhof-Therme_Bad_Saulgau\" >21. Sonnenhof-Therme (Bad Saulgau)<\/a><\/li><li class='ez-toc-page-1 ez-toc-heading-level-3'><a class=\"ez-toc-link ez-toc-heading-28\" href=\"https:\/\/loudavymkrokem.cz\/sk\/termaly-nemecko-najlepsie\/#22_Caracalla_Therme_Baden-Baden\" >22. Caracalla Therme (Baden-Baden)<\/a><\/li><li class='ez-toc-page-1 ez-toc-heading-level-3'><a class=\"ez-toc-link ez-toc-heading-29\" href=\"https:\/\/loudavymkrokem.cz\/sk\/termaly-nemecko-najlepsie\/#23_Solemar_Bad_Durrheim_Bad_Durrheim\" >23. Solemar Bad D\u00fcrrheim (Bad D\u00fcrrheim)<\/a><\/li><li class='ez-toc-page-1 ez-toc-heading-level-3'><a class=\"ez-toc-link ez-toc-heading-30\" href=\"https:\/\/loudavymkrokem.cz\/sk\/termaly-nemecko-najlepsie\/#24_AlbThermen_Bad_Urach\" >24. AlbThermen (Bad Urach)<\/a><\/li><li class='ez-toc-page-1 ez-toc-heading-level-3'><a class=\"ez-toc-link ez-toc-heading-31\" href=\"https:\/\/loudavymkrokem.cz\/sk\/termaly-nemecko-najlepsie\/#25_Friedrichsbad_Baden-Baden\" >25. Friedrichsbad (Baden-Baden)<\/a><\/li><li class='ez-toc-page-1 ez-toc-heading-level-3'><a class=\"ez-toc-link ez-toc-heading-32\" href=\"https:\/\/loudavymkrokem.cz\/sk\/termaly-nemecko-najlepsie\/#26_Vita_Classica_Bad_Krozingen\" >26. Vita Classica (Bad Krozingen)<\/a><\/li><\/ul><\/li><li class='ez-toc-page-1 ez-toc-heading-level-2'><a class=\"ez-toc-link ez-toc-heading-33\" href=\"https:\/\/loudavymkrokem.cz\/sk\/termaly-nemecko-najlepsie\/#Termaly_v_Severnom_Poryni-Vestfalsku\" >Term\u00e1ly v Severnom Por\u00fdn\u00ed-Vestf\u00e1lsku<\/a><ul class='ez-toc-list-level-3' ><li class='ez-toc-heading-level-3'><a class=\"ez-toc-link ez-toc-heading-34\" href=\"https:\/\/loudavymkrokem.cz\/sk\/termaly-nemecko-najlepsie\/#27_Thermen_Badewelt_Euskirchen_Euskirchen\" >27. Thermen &#038; Badewelt Euskirchen (Euskirchen)<\/a><\/li><li class='ez-toc-page-1 ez-toc-heading-level-3'><a class=\"ez-toc-link ez-toc-heading-35\" href=\"https:\/\/loudavymkrokem.cz\/sk\/termaly-nemecko-najlepsie\/#28_Bali_Therme_Bad_Oeynhausen\" >28. Bali Therme (Bad Oeynhausen)<\/a><\/li><li class='ez-toc-page-1 ez-toc-heading-level-3'><a class=\"ez-toc-link ez-toc-heading-36\" href=\"https:\/\/loudavymkrokem.cz\/sk\/termaly-nemecko-najlepsie\/#29_Carolus_Thermen_Aachen\" >29. Carolus Thermen (Aachen)<\/a><\/li><li class='ez-toc-page-1 ez-toc-heading-level-3'><a class=\"ez-toc-link ez-toc-heading-37\" href=\"https:\/\/loudavymkrokem.cz\/sk\/termaly-nemecko-najlepsie\/#30_Mediterana_Bergisch_Gladbach\" >30. Mediterana (Bergisch Gladbach)<\/a><\/li><li class='ez-toc-page-1 ez-toc-heading-level-3'><a class=\"ez-toc-link ez-toc-heading-38\" href=\"https:\/\/loudavymkrokem.cz\/sk\/termaly-nemecko-najlepsie\/#31_Vitasol_Therme_Bad_Salzuflen\" >31. Vitasol Therme (Bad Salzuflen)<\/a><\/li><li class='ez-toc-page-1 ez-toc-heading-level-3'><a class=\"ez-toc-link ez-toc-heading-39\" href=\"https:\/\/loudavymkrokem.cz\/sk\/termaly-nemecko-najlepsie\/#32_Mauritius_Hotel_Therme_Koln_Koln\" >32. Mauritius Hotel &#038; Therme K\u00f6ln (K\u00f6ln)<\/a><\/li><li class='ez-toc-page-1 ez-toc-heading-level-3'><a class=\"ez-toc-link ez-toc-heading-40\" href=\"https:\/\/loudavymkrokem.cz\/sk\/termaly-nemecko-najlepsie\/#33_Claudius_Therme_Koln\" >33. Claudius Therme (K\u00f6ln)<\/a><\/li><\/ul><\/li><li class='ez-toc-page-1 ez-toc-heading-level-2'><a class=\"ez-toc-link ez-toc-heading-41\" href=\"https:\/\/loudavymkrokem.cz\/sk\/termaly-nemecko-najlepsie\/#Termaly_v_Hesensku\" >Term\u00e1ly v Hesensku<\/a><ul class='ez-toc-list-level-3' ><li class='ez-toc-heading-level-3'><a class=\"ez-toc-link ez-toc-heading-42\" href=\"https:\/\/loudavymkrokem.cz\/sk\/termaly-nemecko-najlepsie\/#34_Taunus-Therme_Bad_Homburg\" >34. Taunus-Therme (Bad Homburg)<\/a><\/li><li class='ez-toc-page-1 ez-toc-heading-level-3'><a class=\"ez-toc-link ez-toc-heading-43\" href=\"https:\/\/loudavymkrokem.cz\/sk\/termaly-nemecko-najlepsie\/#35_KurhessenTherme_Kassel\" >35. KurhessenTherme (Kassel)<\/a><\/li><li class='ez-toc-page-1 ez-toc-heading-level-3'><a class=\"ez-toc-link ez-toc-heading-44\" href=\"https:\/\/loudavymkrokem.cz\/sk\/termaly-nemecko-najlepsie\/#36_Odenwald-Therme_Bad_Konig\" >36. Odenwald-Therme (Bad K\u00f6nig)<\/a><\/li><li class='ez-toc-page-1 ez-toc-heading-level-3'><a class=\"ez-toc-link ez-toc-heading-45\" href=\"https:\/\/loudavymkrokem.cz\/sk\/termaly-nemecko-najlepsie\/#37_Thermalbad_Aukammtal_Wiesbaden\" >37. Thermalbad Aukammtal (Wiesbaden)<\/a><\/li><li class='ez-toc-page-1 ez-toc-heading-level-3'><a class=\"ez-toc-link ez-toc-heading-46\" href=\"https:\/\/loudavymkrokem.cz\/sk\/termaly-nemecko-najlepsie\/#38_Kaiser-Friedrich-Therme_Wiesbaden\" >38. Kaiser-Friedrich-Therme (Wiesbaden)<\/a><\/li><\/ul><\/li><li class='ez-toc-page-1 ez-toc-heading-level-2'><a class=\"ez-toc-link ez-toc-heading-47\" href=\"https:\/\/loudavymkrokem.cz\/sk\/termaly-nemecko-najlepsie\/#Termaly_v_Brandenbursku_a_Berline\" >Term\u00e1ly v Brandenbursku a Berl\u00edne<\/a><ul class='ez-toc-list-level-3' ><li class='ez-toc-heading-level-3'><a class=\"ez-toc-link ez-toc-heading-48\" href=\"https:\/\/loudavymkrokem.cz\/sk\/termaly-nemecko-najlepsie\/#39_Havel_Therme_Werder_an_der_Havel\" >39. Havel Therme (Werder an der Havel)<\/a><\/li><li class='ez-toc-page-1 ez-toc-heading-level-3'><a class=\"ez-toc-link ez-toc-heading-49\" href=\"https:\/\/loudavymkrokem.cz\/sk\/termaly-nemecko-najlepsie\/#40_Spreewald_Therme_Burg\" >40. Spreewald Therme (Burg)<\/a><\/li><li class='ez-toc-page-1 ez-toc-heading-level-3'><a class=\"ez-toc-link ez-toc-heading-50\" href=\"https:\/\/loudavymkrokem.cz\/sk\/termaly-nemecko-najlepsie\/#41_NaturThermeTemplin_Templin\" >41. NaturThermeTemplin (Templin)<\/a><\/li><li class='ez-toc-page-1 ez-toc-heading-level-3'><a class=\"ez-toc-link ez-toc-heading-51\" href=\"https:\/\/loudavymkrokem.cz\/sk\/termaly-nemecko-najlepsie\/#42_Spreewelten_Bad_Lubbenau_Lubbenau\" >42. Spreewelten Bad L\u00fcbbenau (L\u00fcbbenau)<\/a><\/li><li class='ez-toc-page-1 ez-toc-heading-level-3'><a class=\"ez-toc-link ez-toc-heading-52\" href=\"https:\/\/loudavymkrokem.cz\/sk\/termaly-nemecko-najlepsie\/#43_Kristalltherme_Bad_Wilsnack_Bad_Wilsnack\" >43. Kristalltherme Bad Wilsnack (Bad Wilsnack)<\/a><\/li><li class='ez-toc-page-1 ez-toc-heading-level-3'><a class=\"ez-toc-link ez-toc-heading-53\" href=\"https:\/\/loudavymkrokem.cz\/sk\/termaly-nemecko-najlepsie\/#44_vabali_spa_Berlin_Berlin\" >44. vabali spa Berlin (Berlin)<\/a><\/li><\/ul><\/li><li class='ez-toc-page-1 ez-toc-heading-level-2'><a class=\"ez-toc-link ez-toc-heading-54\" href=\"https:\/\/loudavymkrokem.cz\/sk\/termaly-nemecko-najlepsie\/#Termaly_na_severe_Baltske_a_Severne_more\" >Term\u00e1ly na severe: Baltsk\u00e9 a Severn\u00e9 more<\/a><ul class='ez-toc-list-level-3' ><li class='ez-toc-heading-level-3'><a class=\"ez-toc-link ez-toc-heading-55\" href=\"https:\/\/loudavymkrokem.cz\/sk\/termaly-nemecko-najlepsie\/#45_Ostsee-Therme_Scharbeutz\" >45. Ostsee-Therme (Scharbeutz)<\/a><\/li><li class='ez-toc-page-1 ez-toc-heading-level-3'><a class=\"ez-toc-link ez-toc-heading-56\" href=\"https:\/\/loudavymkrokem.cz\/sk\/termaly-nemecko-najlepsie\/#46_Dunen-Therme_St_Peter-Ording\" >46. D\u00fcnen-Therme (St. Peter-Ording)<\/a><\/li><li class='ez-toc-page-1 ez-toc-heading-level-3'><a class=\"ez-toc-link ez-toc-heading-57\" href=\"https:\/\/loudavymkrokem.cz\/sk\/termaly-nemecko-najlepsie\/#47_Ostsee_Therme_Usedom_Ahlbeck\" >47. Ostsee Therme Usedom (Ahlbeck)<\/a><\/li><\/ul><\/li><li class='ez-toc-page-1 ez-toc-heading-level-2'><a class=\"ez-toc-link ez-toc-heading-58\" href=\"https:\/\/loudavymkrokem.cz\/sk\/termaly-nemecko-najlepsie\/#Termaly_v_Sasku_a_Durinsku\" >Term\u00e1ly v Sasku a Dur\u00ednsku<\/a><ul class='ez-toc-list-level-3' ><li class='ez-toc-heading-level-3'><a class=\"ez-toc-link ez-toc-heading-59\" href=\"https:\/\/loudavymkrokem.cz\/sk\/termaly-nemecko-najlepsie\/#48_Toskana_Therme_Bad_Schandau_Bad_Schandau\" >48. Toskana Therme Bad Schandau (Bad Schandau)<\/a><\/li><li class='ez-toc-page-1 ez-toc-heading-level-3'><a class=\"ez-toc-link ez-toc-heading-60\" href=\"https:\/\/loudavymkrokem.cz\/sk\/termaly-nemecko-najlepsie\/#49_Toskana_Therme_Bad_Sulza_Bad_Sulza\" >49. Toskana Therme Bad Sulza (Bad Sulza)<\/a><\/li><\/ul><\/li><li class='ez-toc-page-1 ez-toc-heading-level-2'><a class=\"ez-toc-link ez-toc-heading-61\" href=\"https:\/\/loudavymkrokem.cz\/sk\/termaly-nemecko-najlepsie\/#Termaly_v_Poryni-Falcku\" >Term\u00e1ly v Por\u00fdn\u00ed-Falcku<\/a><ul class='ez-toc-list-level-3' ><li class='ez-toc-heading-level-3'><a class=\"ez-toc-link ez-toc-heading-62\" href=\"https:\/\/loudavymkrokem.cz\/sk\/termaly-nemecko-najlepsie\/#50_Crucenia_Thermen_Bad_Kreuznach\" >50. Crucenia Thermen (Bad Kreuznach)<\/a><\/li><li class='ez-toc-page-1 ez-toc-heading-level-3'><a class=\"ez-toc-link ez-toc-heading-63\" href=\"https:\/\/loudavymkrokem.cz\/sk\/termaly-nemecko-najlepsie\/#51_Emser_Therme_Bad_Ems\" >51. Emser Therme (Bad Ems)<\/a><\/li><\/ul><\/li><li class='ez-toc-page-1 ez-toc-heading-level-2'><a class=\"ez-toc-link ez-toc-heading-64\" href=\"https:\/\/loudavymkrokem.cz\/sk\/termaly-nemecko-najlepsie\/#Prakticka_prirucka_co_si_vziat_s_detmi_aj_v_hotovosti\" >Praktick\u00e1 pr\u00edru\u010dka: \u010do si vzia\u0165, s de\u0165mi aj v hotovosti<\/a><\/li><li class='ez-toc-page-1 ez-toc-heading-level-2'><a class=\"ez-toc-link ez-toc-heading-65\" href=\"https:\/\/loudavymkrokem.cz\/sk\/termaly-nemecko-najlepsie\/#Kam_dalej_dalsie_clanky_o_termaloch_a_wellness\" >Kam \u010falej: \u010fal\u0161ie \u010dl\u00e1nky o term\u00e1loch a wellness<\/a><\/li><li class='ez-toc-page-1 ez-toc-heading-level-2'><a class=\"ez-toc-link ez-toc-heading-66\" href=\"https:\/\/loudavymkrokem.cz\/sk\/termaly-nemecko-najlepsie\/#Casto_kladene_otazky\" >\u010casto kladen\u00e9 ot\u00e1zky<\/a><ul class='ez-toc-list-level-3' ><li class='ez-toc-heading-level-3'><a class=\"ez-toc-link ez-toc-heading-67\" href=\"https:\/\/loudavymkrokem.cz\/sk\/termaly-nemecko-najlepsie\/#Aky_je_najvacsi_termal_v_Nemecku\" >Ak\u00fd je najv\u00e4\u010d\u0161\u00ed term\u00e1l v Nemecku?<\/a><\/li><li class='ez-toc-page-1 ez-toc-heading-level-3'><a class=\"ez-toc-link ez-toc-heading-68\" href=\"https:\/\/loudavymkrokem.cz\/sk\/termaly-nemecko-najlepsie\/#Kolko_stoji_vstup_do_nemeckeho_termalu\" >Ko\u013eko stoj\u00ed vstup do nemeck\u00e9ho term\u00e1lu?<\/a><\/li><li class='ez-toc-page-1 ez-toc-heading-level-3'><a class=\"ez-toc-link ez-toc-heading-69\" href=\"https:\/\/loudavymkrokem.cz\/sk\/termaly-nemecko-najlepsie\/#Musi_sa_v_nemeckej_saune_chodit_nahy\" >Mus\u00ed sa v nemeckej saune chodi\u0165 nah\u00fd?<\/a><\/li><li class='ez-toc-page-1 ez-toc-heading-level-3'><a class=\"ez-toc-link ez-toc-heading-70\" href=\"https:\/\/loudavymkrokem.cz\/sk\/termaly-nemecko-najlepsie\/#Ktore_nemecke_termaly_su_najblizsie_k_slovenskej_hranici\" >Ktor\u00e9 nemeck\u00e9 term\u00e1ly s\u00fa najbli\u017e\u0161ie k slovenskej hranici?<\/a><\/li><li class='ez-toc-page-1 ez-toc-heading-level-3'><a class=\"ez-toc-link ez-toc-heading-71\" href=\"https:\/\/loudavymkrokem.cz\/sk\/termaly-nemecko-najlepsie\/#Mozu_do_nemeckych_termalov_deti\" >M\u00f4\u017eu do nemeck\u00fdch term\u00e1lov deti?<\/a><\/li><li class='ez-toc-page-1 ez-toc-heading-level-3'><a class=\"ez-toc-link ez-toc-heading-72\" href=\"https:\/\/loudavymkrokem.cz\/sk\/termaly-nemecko-najlepsie\/#Co_znamena_Bademantelgang\" >\u010co znamen\u00e1 Bademantelgang?<\/a><\/li><li class='ez-toc-page-1 ez-toc-heading-level-3'><a class=\"ez-toc-link ez-toc-heading-73\" href=\"https:\/\/loudavymkrokem.cz\/sk\/termaly-nemecko-najlepsie\/#Musim_si_vziat_vlastny_uterak_a_zupan\" >Mus\u00edm si vzia\u0165 vlastn\u00fd uter\u00e1k a \u017eupan?<\/a><\/li><li class='ez-toc-page-1 ez-toc-heading-level-3'><a class=\"ez-toc-link ez-toc-heading-74\" href=\"https:\/\/loudavymkrokem.cz\/sk\/termaly-nemecko-najlepsie\/#Kedy_je_v_nemeckych_termaloch_najmensia_navstevnost\" >Kedy je v nemeck\u00fdch term\u00e1loch najmen\u0161ia n\u00e1v\u0161tevnos\u0165?<\/a><\/li><li class='ez-toc-page-1 ez-toc-heading-level-3'><a class=\"ez-toc-link ez-toc-heading-75\" href=\"https:\/\/loudavymkrokem.cz\/sk\/termaly-nemecko-najlepsie\/#Plati_sa_v_Nemecku_kupelny_poplatok\" >Plat\u00ed sa v Nemecku k\u00fape\u013en\u00fd poplatok?<\/a><\/li><li class='ez-toc-page-1 ez-toc-heading-level-3'><a class=\"ez-toc-link ez-toc-heading-76\" href=\"https:\/\/loudavymkrokem.cz\/sk\/termaly-nemecko-najlepsie\/#Ktory_nemecky_termal_sa_hodi_najviac_pre_rodiny_s_detmi\" >Ktor\u00fd nemeck\u00fd term\u00e1l sa hod\u00ed najviac pre rodiny s de\u0165mi?<\/a><\/li><\/ul><\/li><\/ul><\/nav><\/div>\n<h3 class=\"wp-block-heading\"><span class=\"ez-toc-section\" id=\"Zhrnutie_pre_tych_ktori_nemaju_cas_citat_cely_clanok\"><\/span>Zhrnutie pre t\u00fdch, ktor\u00ed nemaj\u00fa \u010das \u010d\u00edta\u0165 cel\u00fd \u010dl\u00e1nok<span class=\"ez-toc-section-end\"><\/span><\/h3>\n\n\n\n<ul class=\"wp-block-list\">\n\n<li><strong>Najv\u00e4\u010d\u0161\u00ed a najzn\u00e1mej\u0161\u00ed<\/strong> je Therme Erding v Bavorsku, ktor\u00e9 si pod\u013ea vlastn\u00e9ho webu hovor\u00ed najv\u00e4\u010d\u0161\u00ed term\u00e1l sveta: 40 baz\u00e9nov a 38 s\u00e1un a parn\u00fdch k\u00fape\u013eov.<\/li>\n\n\n\n<li><strong>Tropick\u00fd raj<\/strong> so stovkami paliem za\u017eije\u0161 v k\u00fape\u013eoch Thermen &#038; Badewelt Sinsheim a Thermen &#038; Badewelt Euskirchen.<\/li>\n\n\n\n<li><strong>Najbli\u017e\u0161ie slovensk\u00fdm hraniciam<\/strong> le\u017e\u00ed ob\u013e\u00faben\u00fd Sibyllenbad hne\u010f pri Chebe alebo prekr\u00e1sna Toskana Therme Bad Schandau.<\/li>\n\n\n\n<li><strong>Pre rodiny s de\u0165mi<\/strong> sa hod\u00ed Erding, zatia\u013e \u010do mno\u017estvo in\u00fdch k\u00fape\u013eov (napr\u00edklad Sinsheim) povo\u013euje vstup striktne len od 16 rokov.<\/li>\n\n\n\n<li><strong>Balijsk\u00fd \u0161t\u00fdl<\/strong> a orient\u00e1lnu atmosf\u00e9ru si u\u017eije\u0161 v Bali Therme alebo vo vabali spa Berlin.<\/li>\n\n\n\n<li><strong>Typick\u00e1 cena<\/strong> za dve a\u017e tri hodiny k\u00fapania sa pohybuje medzi 15 a 25 eurami.<\/li>\n\n\n\n<li><strong>Saunuje sa nah\u00fd<\/strong>, takzvan\u00e1 textilfreie z\u00f3na je v Nemecku hygienick\u00fdm \u0161tandardom a plavky do potiarne jednoducho nepatria.<\/li>\n\n\n\n<li><strong>\u010casov\u00e9 tarify<\/strong> s\u00fa zradn\u00e9, preto\u017ee sa plat\u00ed na presn\u00fd po\u010det hod\u00edn a za pre\u010das sa dopl\u00e1ca.<\/li>\n\n\n\n<li><strong>Hotel s Bademantelgangom<\/strong> je ten najlep\u0161\u00ed vyn\u00e1lez, preto\u017ee z izby prejde\u0161 rovno do baz\u00e9na len v \u017eupane.<\/li>\n\n\n<\/ul>\n\n\n\n<figure data-wp-context=\"{&quot;imageId&quot;:&quot;6a9c610426558&quot;}\" data-wp-interactive=\"core\/image\" data-wp-key=\"6a9c610426558\" class=\"wp-block-image size-full wp-lightbox-container\"><img decoding=\"async\" width=\"1800\" height=\"1201\" data-wp-class--hide=\"state.isContentHidden\" data-wp-class--show=\"state.isContentVisible\" data-wp-init=\"callbacks.setButtonStyles\" data-wp-on--click=\"actions.showLightbox\" data-wp-on--load=\"callbacks.setButtonStyles\" data-wp-on--pointerdown=\"actions.preloadImage\" data-wp-on--pointerenter=\"actions.preloadImageWithDelay\" data-wp-on--pointerleave=\"actions.cancelPreload\" data-wp-on-window--resize=\"callbacks.setButtonStyles\" src=\"https:\/\/loudavymkrokem.cz\/wp-content\/uploads\/2026\/09\/nemecko-clanky-termaly-nemecko-02-a0bf9c2b.jpg\" alt=\"Saunov\u00fd ceremoni\u00e1l Aufguss v saunovej krajine Thermen &#038; Badewelt Sinsheim\" class=\"wp-image-415289\" title=\"\" srcset=\"https:\/\/loudavymkrokem.cz\/wp-content\/uploads\/2026\/09\/nemecko-clanky-termaly-nemecko-02-a0bf9c2b.jpg 1800w, https:\/\/loudavymkrokem.cz\/wp-content\/uploads\/2026\/09\/nemecko-clanky-termaly-nemecko-02-a0bf9c2b-300x200.jpg 300w, https:\/\/loudavymkrokem.cz\/wp-content\/uploads\/2026\/09\/nemecko-clanky-termaly-nemecko-02-a0bf9c2b-700x467.jpg 700w, https:\/\/loudavymkrokem.cz\/wp-content\/uploads\/2026\/09\/nemecko-clanky-termaly-nemecko-02-a0bf9c2b-768x512.jpg 768w, https:\/\/loudavymkrokem.cz\/wp-content\/uploads\/2026\/09\/nemecko-clanky-termaly-nemecko-02-a0bf9c2b-1536x1025.jpg 1536w, https:\/\/loudavymkrokem.cz\/wp-content\/uploads\/2026\/09\/nemecko-clanky-termaly-nemecko-02-a0bf9c2b-696x464.jpg 696w, https:\/\/loudavymkrokem.cz\/wp-content\/uploads\/2026\/09\/nemecko-clanky-termaly-nemecko-02-a0bf9c2b-1392x929.jpg 1392w\" sizes=\"(max-width: 1800px) 100vw, 1800px\" \/><button\n\t\t\tclass=\"lightbox-trigger\"\n\t\t\ttype=\"button\"\n\t\t\taria-haspopup=\"dialog\"\n\t\t\tdata-wp-bind--aria-label=\"state.thisImage.triggerButtonAriaLabel\"\n\t\t\tdata-wp-init=\"callbacks.initTriggerButton\"\n\t\t\tdata-wp-on--click=\"actions.showLightbox\"\n\t\t\tdata-wp-style--right=\"state.thisImage.buttonRight\"\n\t\t\tdata-wp-style--top=\"state.thisImage.buttonTop\"\n\t\t>\n\t\t\t<svg xmlns=\"http:\/\/www.w3.org\/2000\/svg\" width=\"12\" height=\"12\" fill=\"none\" viewBox=\"0 0 12 12\">\n\t\t\t\t<path fill=\"#fff\" d=\"M2 0a2 2 0 0 0-2 2v2h1.5V2a.5.5 0 0 1 .5-.5h2V0H2Zm2 10.5H2a.5.5 0 0 1-.5-.5V8H0v2a2 2 0 0 0 2 2h2v-1.5ZM8 12v-1.5h2a.5.5 0 0 0 .5-.5V8H12v2a2 2 0 0 1-2 2H8Zm2-12a2 2 0 0 1 2 2v2h-1.5V2a.5.5 0 0 0-.5-.5H8V0h2Z\" \/>\n\t\t\t<\/svg>\n\t\t<\/button><\/figure>\n\n\n\n<h2 class=\"wp-block-heading\"><span class=\"ez-toc-section\" id=\"Ako_funguju_termaly_v_Nemecku_a_v_com_sa_lisia_od_nasich\"><\/span>Ako funguj\u00fa term\u00e1ly v Nemecku (a v \u010dom sa l\u00ed\u0161ia od na\u0161ich)<span class=\"ez-toc-section-end\"><\/span><\/h2>\n\n\n\n<p class=\"wp-block-paragraph\">U na\u0161ich susedov sa vstupn\u00e9 m\u00e1lokedy kupuje rovno na cel\u00fd de\u0148. \u00dapln\u00fdm \u0161tandardom s\u00fa <strong>tarify na dve a\u017e \u0161tyri hodiny<\/strong>, pri\u010dom \u010das ne\u00faprosne be\u017e\u00ed u\u017e od prechodu turniketom. Ak sa zabudne\u0161 vo v\u00edrivke, ni\u010d hrozn\u00e9 sa nedeje, ale po\u010d\u00edtaj s t\u00fdm, \u017ee sa ti na\u00fa\u010dtuje <strong>doplatok za pre\u010das<\/strong>. Napr\u00edklad v Europa Therme Bad F\u00fcssing je to euro za ka\u017ed\u00fa za\u010dat\u00fa polhodinu.<\/p>\n\n\n\n<p class=\"wp-block-paragraph\">\u010eal\u0161\u00ed ve\u013ek\u00fd rozdiel spo\u010d\u00edva v rozdelen\u00ed z\u00f3n. Samotn\u00fd vstup v\u00e4\u010d\u0161inou plat\u00ed len do term\u00e1lnych baz\u00e9nov a za sauny sa priplat\u00ed. M\u00f4\u017ee\u0161 si tak k\u00fapi\u0165 bu\u010f <strong>oddelen\u00fd l\u00edstok alebo v\u00fdhodnej\u0161\u00ed kombitarif<\/strong>. Akon\u00e1hle ale prejde\u0161 dverami do saunov\u00e9ho sveta, mus\u00ed\u0161 plavky necha\u0165 na h\u00e1\u010diku, preto\u017ee nemeck\u00e9 sauny s\u00fa <strong>striktne takzvane textilfreie<\/strong> (bez plaviek).<\/p>\n\n\n\n<p class=\"wp-block-paragraph\">Zlat\u00fdm pravidlom hygieny je potom <strong>povinn\u00fd uter\u00e1k pod cel\u00e9 telo<\/strong>. Do sauny si nesmie\u0161 sadn\u00fa\u0165 holou ko\u017eou priamo na drevo, a to vr\u00e1tane chodidiel, tak\u017ee naozaj ve\u013ek\u00fd uter\u00e1k je absol\u00fatna nutnos\u0165. Ak ho nem\u00e1\u0161, vo v\u00e4\u010d\u0161ine k\u00fape\u013eov funguje <strong>po\u017ei\u010dov\u0148a pl\u00e1\u0161\u0165ov a uter\u00e1kov<\/strong>, kde ti ich za poplatok a vratn\u00fa z\u00e1lohu radi poskytn\u00fa.<\/p>\n\n\n\n<p class=\"wp-block-paragraph\">Samostatnou kapitolou s\u00fa potom saunov\u00e9 ceremoni\u00e1ly, ktor\u00fdm sa po nemecky hovor\u00ed Aufguss. Vedie ich <strong>sk\u00fasen\u00fd Saunameister<\/strong> presne pod\u013ea rozvrhu, ktor\u00fd vis\u00ed pri ka\u017edej kab\u00edne. Akon\u00e1hle sa dvere zatvoria a polievanie kame\u0148ov za\u010dne, u\u017e \u0165a <strong>dnu nikto nepust\u00ed<\/strong>, preto je lep\u0161ie pr\u00eds\u0165 s miernym predstihom.<\/p>\n\n\n\n<p class=\"wp-block-paragraph\">Cel\u00fd pobyt je navy\u0161e maxim\u00e1lne bezstarostn\u00fd v\u010faka \u0161ikovn\u00fdm technol\u00f3gi\u00e1m. Namiesto pe\u0148a\u017eenky toti\u017e <strong>dostane\u0161 \u010dip alebo n\u00e1ramok<\/strong>, ktor\u00fdm si zamkne\u0161 skrinku a zaplat\u00ed\u0161 za k\u00e1vu alebo mas\u00e1\u017e. \u017deny by potom mali vedie\u0165, \u017ee mno\u017estvo k\u00fape\u013eov, ako napr\u00edklad Bodensee-Therme Konstanz, pon\u00faka aj <strong>\u0161peci\u00e1lne d\u00e1mske saunov\u00e9 dni<\/strong>, ke\u010f je cel\u00fd priestor vyhraden\u00fd len pre ne.<\/p>\n\n\n\n<figure data-wp-context=\"{&quot;imageId&quot;:&quot;6a9c610426c8b&quot;}\" data-wp-interactive=\"core\/image\" data-wp-key=\"6a9c610426c8b\" class=\"wp-block-image size-full wp-lightbox-container\"><img decoding=\"async\" width=\"1800\" height=\"1012\" data-wp-class--hide=\"state.isContentHidden\" data-wp-class--show=\"state.isContentVisible\" data-wp-init=\"callbacks.setButtonStyles\" data-wp-on--click=\"actions.showLightbox\" data-wp-on--load=\"callbacks.setButtonStyles\" data-wp-on--pointerdown=\"actions.preloadImage\" data-wp-on--pointerenter=\"actions.preloadImageWithDelay\" data-wp-on--pointerleave=\"actions.cancelPreload\" data-wp-on-window--resize=\"callbacks.setButtonStyles\" src=\"https:\/\/loudavymkrokem.cz\/wp-content\/uploads\/2026\/09\/nemecko-clanky-termaly-nemecko-03-ffbe5d3a.jpg\" alt=\"Vn\u00fatorn\u00fd baz\u00e9n v orient\u00e1lnom \u0161t\u00fdle v saunovom svete Mediterana\" class=\"wp-image-415290\" title=\"\" srcset=\"https:\/\/loudavymkrokem.cz\/wp-content\/uploads\/2026\/09\/nemecko-clanky-termaly-nemecko-03-ffbe5d3a.jpg 1800w, https:\/\/loudavymkrokem.cz\/wp-content\/uploads\/2026\/09\/nemecko-clanky-termaly-nemecko-03-ffbe5d3a-300x169.jpg 300w, https:\/\/loudavymkrokem.cz\/wp-content\/uploads\/2026\/09\/nemecko-clanky-termaly-nemecko-03-ffbe5d3a-700x394.jpg 700w, https:\/\/loudavymkrokem.cz\/wp-content\/uploads\/2026\/09\/nemecko-clanky-termaly-nemecko-03-ffbe5d3a-768x432.jpg 768w, https:\/\/loudavymkrokem.cz\/wp-content\/uploads\/2026\/09\/nemecko-clanky-termaly-nemecko-03-ffbe5d3a-1536x864.jpg 1536w, https:\/\/loudavymkrokem.cz\/wp-content\/uploads\/2026\/09\/nemecko-clanky-termaly-nemecko-03-ffbe5d3a-696x391.jpg 696w, https:\/\/loudavymkrokem.cz\/wp-content\/uploads\/2026\/09\/nemecko-clanky-termaly-nemecko-03-ffbe5d3a-1392x783.jpg 1392w\" sizes=\"(max-width: 1800px) 100vw, 1800px\" \/><button\n\t\t\tclass=\"lightbox-trigger\"\n\t\t\ttype=\"button\"\n\t\t\taria-haspopup=\"dialog\"\n\t\t\tdata-wp-bind--aria-label=\"state.thisImage.triggerButtonAriaLabel\"\n\t\t\tdata-wp-init=\"callbacks.initTriggerButton\"\n\t\t\tdata-wp-on--click=\"actions.showLightbox\"\n\t\t\tdata-wp-style--right=\"state.thisImage.buttonRight\"\n\t\t\tdata-wp-style--top=\"state.thisImage.buttonTop\"\n\t\t>\n\t\t\t<svg xmlns=\"http:\/\/www.w3.org\/2000\/svg\" width=\"12\" height=\"12\" fill=\"none\" viewBox=\"0 0 12 12\">\n\t\t\t\t<path fill=\"#fff\" d=\"M2 0a2 2 0 0 0-2 2v2h1.5V2a.5.5 0 0 1 .5-.5h2V0H2Zm2 10.5H2a.5.5 0 0 1-.5-.5V8H0v2a2 2 0 0 0 2 2h2v-1.5ZM8 12v-1.5h2a.5.5 0 0 0 .5-.5V8H12v2a2 2 0 0 1-2 2H8Zm2-12a2 2 0 0 1 2 2v2h-1.5V2a.5.5 0 0 0-.5-.5H8V0h2Z\" \/>\n\t\t\t<\/svg>\n\t\t<\/button><\/figure>\n\n\n\n<h2 class=\"wp-block-heading\"><span class=\"ez-toc-section\" id=\"Kolko_to_stoji_a_kedy_vyrazit\"><\/span>Ko\u013eko to stoj\u00ed a kedy vyrazi\u0165<span class=\"ez-toc-section-end\"><\/span><\/h2>\n\n\n\n<p class=\"wp-block-paragraph\">Ceny (pod\u013ea cenn\u00edkov z roku 2026) sa pochopite\u013ene odv\u00edjaj\u00fa od toho, ak\u00fd luxus si dopraje\u0161. Tie <strong>najlacnej\u0161ie term\u00e1ly<\/strong> typu Sibyllenbad \u0165a vyjd\u00fa napr\u00edklad len na 9 eur za dve hodiny. V\u00e4\u010d\u0161ina klasick\u00fdch k\u00fape\u013eov sa ale s krat\u0161\u00edm vstupom pohybuje niekde okolo 15 a\u017e 20 eur. Naopak za <strong>obrovsk\u00e9 tropick\u00e9 komplexy<\/strong> ako Therme Bad W\u00f6rishofen d\u00e1\u0161 pokojne aj 51 eur za celodenn\u00fd l\u00edstok. Ceny sa samozrejme m\u00f4\u017eu \u010dasom meni\u0165.<\/p>\n\n\n\n<p class=\"wp-block-paragraph\">Ak chce\u0161 trochu u\u0161etri\u0165, oplat\u00ed sa presk\u00fama\u0165 \u0161peci\u00e1lne akcie. Mno\u017estvo miest pon\u00faka <strong>zv\u00fdhodnen\u00e9 rann\u00e9 alebo ve\u010dern\u00e9 tarify<\/strong>, ktor\u00fdm sa \u010dasto hovor\u00ed Feierabendtarif. Naopak v\u00edkendy a \u0161t\u00e1tne sviatky b\u00fdvaj\u00fa drah\u0161ie, preto\u017ee si prev\u00e1dzkovatelia k z\u00e1kladnej cene be\u017ene \u00fa\u010dtuj\u00fa <strong>v\u00edkendov\u00fd pr\u00edplatok<\/strong> vo v\u00fd\u0161ke dvoch a\u017e troch eur.<\/p>\n\n\n\n<p class=\"wp-block-paragraph\">Rodiny s de\u0165mi by mali vopred skontrolova\u0165, \u010di k\u00fapele v\u00f4bec detsk\u00fdch n\u00e1v\u0161tevn\u00edkov prij\u00edmaj\u00fa. Zatia\u013e \u010do niektor\u00e9 are\u00e1ly pred\u00e1vaj\u00fa <strong>v\u00fdhodn\u00e9 rodinn\u00e9 tarify<\/strong>, inde ako v luxusn\u00fdch Badeweltoch plat\u00ed pr\u00edsny vstup a\u017e od 16 rokov. Najv\u00e4\u010d\u0161\u00ed pokoj si u\u017eije\u0161 po\u010das <strong>v\u0161edn\u00fdch dopoludn\u00ed<\/strong>, ide\u00e1lne mimo ru\u0161n\u00fdch nemeck\u00fdch \u0161kolsk\u00fdch pr\u00e1zdnin.<\/p>\n\n\n\n<p class=\"wp-block-paragraph\">V zimnej sez\u00f3ne pochopite\u013ene praskaj\u00fa vonkaj\u0161ie hor\u00face baz\u00e9ny vo \u0161v\u00edkoch, tak\u017ee letn\u00e9 mesiace s\u013eubuj\u00fa ove\u013ea komornej\u0161iu atmosf\u00e9ru. Nezabudni ani na to, \u017ee v k\u00fape\u013en\u00fdch mest\u00e1ch sa plat\u00ed ubytovac\u00ed poplatok zvan\u00fd Kurbeitrag. Za\u0148 ale <strong>z\u00edska\u0161 \u0161ikovn\u00fa G\u00e4stekarte<\/strong>, s ktorou potom m\u00e1\u0161 \u010dasto n\u00e1rok na pr\u00edjemn\u00e9 z\u013eavy zo vstupn\u00e9ho.<\/p>\n\n\n\n<figure data-wp-context=\"{&quot;imageId&quot;:&quot;6a9c610427682&quot;}\" data-wp-interactive=\"core\/image\" data-wp-key=\"6a9c610427682\" class=\"wp-block-image size-full wp-lightbox-container\"><img decoding=\"async\" width=\"1800\" height=\"1201\" data-wp-class--hide=\"state.isContentHidden\" data-wp-class--show=\"state.isContentVisible\" data-wp-init=\"callbacks.setButtonStyles\" data-wp-on--click=\"actions.showLightbox\" data-wp-on--load=\"callbacks.setButtonStyles\" data-wp-on--pointerdown=\"actions.preloadImage\" data-wp-on--pointerenter=\"actions.preloadImageWithDelay\" data-wp-on--pointerleave=\"actions.cancelPreload\" data-wp-on-window--resize=\"callbacks.setButtonStyles\" src=\"https:\/\/loudavymkrokem.cz\/wp-content\/uploads\/2026\/09\/nemecko-clanky-termaly-nemecko-04-a6d37903.jpg\" alt=\"Hos\u0165 v \u017eupane v z\u00e1hrade Thermen &#038; Badewelt Euskirchen\" class=\"wp-image-415291\" title=\"\" srcset=\"https:\/\/loudavymkrokem.cz\/wp-content\/uploads\/2026\/09\/nemecko-clanky-termaly-nemecko-04-a6d37903.jpg 1800w, https:\/\/loudavymkrokem.cz\/wp-content\/uploads\/2026\/09\/nemecko-clanky-termaly-nemecko-04-a6d37903-300x200.jpg 300w, https:\/\/loudavymkrokem.cz\/wp-content\/uploads\/2026\/09\/nemecko-clanky-termaly-nemecko-04-a6d37903-700x467.jpg 700w, https:\/\/loudavymkrokem.cz\/wp-content\/uploads\/2026\/09\/nemecko-clanky-termaly-nemecko-04-a6d37903-768x512.jpg 768w, https:\/\/loudavymkrokem.cz\/wp-content\/uploads\/2026\/09\/nemecko-clanky-termaly-nemecko-04-a6d37903-1536x1025.jpg 1536w, https:\/\/loudavymkrokem.cz\/wp-content\/uploads\/2026\/09\/nemecko-clanky-termaly-nemecko-04-a6d37903-696x464.jpg 696w, https:\/\/loudavymkrokem.cz\/wp-content\/uploads\/2026\/09\/nemecko-clanky-termaly-nemecko-04-a6d37903-1392x929.jpg 1392w\" sizes=\"(max-width: 1800px) 100vw, 1800px\" \/><button\n\t\t\tclass=\"lightbox-trigger\"\n\t\t\ttype=\"button\"\n\t\t\taria-haspopup=\"dialog\"\n\t\t\tdata-wp-bind--aria-label=\"state.thisImage.triggerButtonAriaLabel\"\n\t\t\tdata-wp-init=\"callbacks.initTriggerButton\"\n\t\t\tdata-wp-on--click=\"actions.showLightbox\"\n\t\t\tdata-wp-style--right=\"state.thisImage.buttonRight\"\n\t\t\tdata-wp-style--top=\"state.thisImage.buttonTop\"\n\t\t>\n\t\t\t<svg xmlns=\"http:\/\/www.w3.org\/2000\/svg\" width=\"12\" height=\"12\" fill=\"none\" viewBox=\"0 0 12 12\">\n\t\t\t\t<path fill=\"#fff\" d=\"M2 0a2 2 0 0 0-2 2v2h1.5V2a.5.5 0 0 1 .5-.5h2V0H2Zm2 10.5H2a.5.5 0 0 1-.5-.5V8H0v2a2 2 0 0 0 2 2h2v-1.5ZM8 12v-1.5h2a.5.5 0 0 0 .5-.5V8H12v2a2 2 0 0 1-2 2H8Zm2-12a2 2 0 0 1 2 2v2h-1.5V2a.5.5 0 0 0-.5-.5H8V0h2Z\" \/>\n\t\t\t<\/svg>\n\t\t<\/button><\/figure>\n\n\n\n<h2 class=\"wp-block-heading\"><span class=\"ez-toc-section\" id=\"Kde_sa_ubytovat_hotel_s_Bademantelgangom\"><\/span>Kde sa ubytova\u0165: hotel s Bademantelgangom<span class=\"ez-toc-section-end\"><\/span><\/h2>\n\n\n\n<p class=\"wp-block-paragraph\"><em>\ud83d\udca1 Tip na ubytovanie a z\u00e1\u017eitky: Ubytovanie v mieste <a href=\"https:\/\/www.stay22.com\/allez\/roam?aid=lukaskonecny&#038;campaign=loudavymkrokemcz&#038;address=N%C4%9Bmecko\" target=\"_blank\" rel=\"nofollow noopener sponsored\">porovn\u00e1vame tu<\/a>, nech je vidno, \u010do je vo\u013en\u00e9 a za ko\u013eko. Najrad\u0161ej ho h\u013ead\u00e1me na <a href=\"https:\/\/loudavymkrokem.cz\/doporucujeme\/booking-com\/\" class=\"thirstylink\" rel=\"nofollow\" target=\"_blank\" title=\"Booking.com\" data-shortcode=\"true\">Booking.com<\/a>, kde b\u00fdvaj\u00fa najlep\u0161ie storno podmienky. Vstupenky, v\u00fdlety a aktivity sa potom oplat\u00ed porovna\u0165 a k\u00fapi\u0165 cez <a href=\"https:\/\/loudavymkrokem.cz\/doporucujeme\/getyourguide\/\" class=\"thirstylink\" rel=\"nofollow\" target=\"_blank\" title=\"GetYourGuide\" data-shortcode=\"true\">GetYourGuide<\/a>.<\/em><\/p>\n\n\n\n<p class=\"wp-block-paragraph\">Ak existuje nie\u010do, \u010do posunie k\u00fape\u013en\u00fd v\u00edkend na \u00faplne in\u00fa \u00farove\u0148, je to takzvan\u00fd Bademantelgang. Doslova to znamen\u00e1 <strong>chodba pre \u017eupany<\/strong> a ide o presklen\u00fd alebo podzemn\u00fd tunel, ktor\u00fd sp\u00e1ja tvoj hotel priamo s term\u00e1lnym are\u00e1lom. R\u00e1no jednoducho len vstane\u0161 z postele, oble\u010die\u0161 pl\u00e1\u0161\u0165 a <strong>v papu\u010diach d\u00f4jde\u0161 rovno k baz\u00e9nu<\/strong>.<\/p>\n\n\n\n<p class=\"wp-block-paragraph\">Odpad\u00e1 ti tak zlo\u017eit\u00e9 obliekanie, balenie ta\u0161iek do skriniek aj prebeh\u00e1vanie cez ulicu v zimnom mraze. V\u00e4\u010d\u0161ina t\u00fdchto ubytovan\u00ed navy\u0161e pon\u00faka <strong>vstup do baz\u00e9nov rovno v cene noclahu<\/strong>, \u010do sa vo v\u00fdsledku ohromne oplat\u00ed. V\u0161etky tieto poklady si navy\u0161e m\u00f4\u017ee\u0161 \u013eahko vyh\u013eada\u0165 a zarezervova\u0165 cez Booking, kde hne\u010f uvid\u00ed\u0161 aj re\u00e1lne recenzie.<\/p>\n\n\n\n<p class=\"wp-block-paragraph\"><strong><a href=\"https:\/\/www.stay22.com\/allez\/roam?aid=lukaskonecny&#038;campaign=loudavymkrokemcz&#038;campaign=termaly-nemecko&#038;hotelname=Hotel%20Victory%20Therme%20Erding&#038;address=Erding%2C%20Nemecko\" target=\"_blank\" rel=\"noopener nofollow sponsored\">Hotel Victory Therme Erding<\/a><\/strong> v bavorskom Erdingu stoj\u00ed priamo vn\u00fatri obrovsk\u00e9ho term\u00e1lneho komplexu. Izby pripom\u00ednaj\u00fa repliku sl\u00e1vnej lode HMS Victory alebo ben\u00e1tske palazzo a hotelov\u00ed hostia maj\u00fa <strong>v cene noci aj priamy vstup z lobby<\/strong> do term\u00e1lov vr\u00e1tane z\u00f3n VitalOase a VitalTherme &#038; Saunen.<\/p>\n\n\n\n<p class=\"wp-block-paragraph\"><strong><a href=\"https:\/\/www.stay22.com\/allez\/roam?aid=lukaskonecny&#038;campaign=loudavymkrokemcz&#038;campaign=termaly-nemecko&#038;hotelname=Thermenhotel%20Gass&#038;address=Bad%20Fussing%2C%20Nemecko\" target=\"_blank\" rel=\"noopener nofollow sponsored\">Thermenhotel Gass<\/a><\/strong> v bavorskom Bad F\u00fcssingu je trojhviezdi\u010dkov\u00fd superior hotel a jedno z m\u00e1la miest v meste s vlastn\u00fdmi baz\u00e9nmi. S\u00fa <strong>plnen\u00e9 term\u00e1lnou s\u00edrnou vodou<\/strong> \u010derpanou priamo z ob\u013e\u00fabenej Therme 1 a n\u00e1jde\u0161 tu aj skvel\u00fd wellness s bio saunou, f\u00ednskou saunou, infrakab\u00ednou aj parn\u00fdm k\u00fape\u013eom.<\/p>\n\n\n\n<p class=\"wp-block-paragraph\"><strong><a href=\"https:\/\/www.stay22.com\/allez\/roam?aid=lukaskonecny&#038;campaign=loudavymkrokemcz&#038;campaign=termaly-nemecko&#038;hotelname=Hotel%20an%20der%20Therme%20Bad%20Sulza&#038;address=Bad%20Sulza%2C%20Nemecko\" target=\"_blank\" rel=\"noopener nofollow sponsored\">Hotel an der Therme Bad Sulza<\/a><\/strong> v Dur\u00ednsku patr\u00ed do skupiny Toskanaworld a so samotnou Toskana Therme ho sp\u00e1ja pr\u00e1ve vysn\u00edvan\u00fd Bademantelgang. V cene noclahu m\u00e1\u0161 <strong>okam\u017eit\u00fd vstup do term\u00e1lov vr\u00e1tane saunov\u00e9ho sveta<\/strong> a ur\u010dite \u0165a pote\u0161\u00ed aj v\u00fdborn\u00e9 ra\u0148ajky alebo priestrann\u00e9 zrekon\u0161truovan\u00e9 izby.<\/p>\n\n\n\n<p class=\"wp-block-paragraph\"><strong><a href=\"https:\/\/www.stay22.com\/allez\/roam?aid=lukaskonecny&#038;campaign=loudavymkrokemcz&#038;campaign=termaly-nemecko&#038;hotelname=Mauritius%20Hotel%20%26%20Therme&#038;address=Kolin%20nad%20Rynem%2C%20Nemecko\" target=\"_blank\" rel=\"noopener nofollow sponsored\">Mauritius Hotel &#038; Therme<\/a><\/strong> le\u017e\u00ed priamo v Kol\u00edne nad R\u00fdnom a p\u00fd\u0161i sa \u0161tyrmi hviezdi\u010dkami aj obrovsk\u00fdm wellness na 3 500 metroch \u0161tvorcov\u00fdch. N\u00e1jde\u0161 tu sedem s\u00e1un, dve v\u00edrivky a <strong>vonkaj\u0161\u00ed baz\u00e9n so so\u013eou z M\u0155tveho mora<\/strong>, pri\u010dom hotelov\u00fd hos\u0165 za tento luxus plat\u00ed len symbolick\u00fdch 10 eur na de\u0148 (a to aj v de\u0148 odchodu).<\/p>\n\n\n\n<p class=\"wp-block-paragraph\"><strong><a href=\"https:\/\/www.stay22.com\/allez\/roam?aid=lukaskonecny&#038;campaign=loudavymkrokemcz&#038;campaign=termaly-nemecko&#038;hotelname=Hotel%20Zum%20Rittmeister&#038;address=Werder%20Havel%2C%20Nemecko\" target=\"_blank\" rel=\"noopener nofollow sponsored\">Hotel Zum Rittmeister<\/a><\/strong> v brandenburskom meste Werder pon\u00faka 35 \u00fatuln\u00fdch izieb a vynikaj\u00face ra\u0148ajky z lok\u00e1lnych region\u00e1lnych produktov. Ubytovan\u00ed hostia tu po zaplaten\u00ed k\u00fape\u013en\u00e9ho poplatku a predlo\u017een\u00ed G\u00e4stekarte z\u00edskaj\u00fa <strong>z\u013eavnen\u00fd vstup do ne\u010falekej Havel Therme<\/strong>, a to najm\u00e4 vo v\u0161edn\u00e9 dni.<\/p>\n\n\n\n<p class=\"wp-block-paragraph\"><strong><a href=\"https:\/\/www.stay22.com\/allez\/roam?aid=lukaskonecny&#038;campaign=loudavymkrokemcz&#038;campaign=termaly-nemecko&#038;hotelname=Hotel%20Palatin&#038;address=Wiesloch%2C%20Nemecko\" target=\"_blank\" rel=\"noopener nofollow sponsored\">Hotel Palatin<\/a><\/strong> v b\u00e1densko-w\u00fcrttemberskom Wieslochu funguje ako ofici\u00e1lny partnersk\u00fd hotel vych\u00fdren\u00e9ho komplexu Thermen &#038; Badewelt Sinsheim. Pon\u00faka ve\u013emi <strong>v\u00fdhodn\u00e9 bal\u00ed\u010dky s nocou a ra\u0148ajkami<\/strong>, ktor\u00e9 obsahuj\u00fa rovno aj vstupenku do term\u00e1lov, a to u\u017e od 79 eur za osobu.<\/p>\n\n\n\n<p class=\"wp-block-paragraph\"><strong>\ud83d\udca1 Tip:<\/strong> Ak r\u00e1d sk\u00fa\u0161a\u0161 novinky, pri VitaSol Therme v Bad Salzuflene sa od leta 2025 <strong>stavia \u00faplne nov\u00fd \u0161tvorhviezdi\u010dkov\u00fd hotel<\/strong> so stovkou izieb. Jeho dokon\u010denie je pl\u00e1novan\u00e9 na rok 2027 a ur\u010dite to bude obrovsk\u00e1 bomba.<\/p>\n\n\n\n<figure data-wp-context=\"{&quot;imageId&quot;:&quot;6a9c610427d45&quot;}\" data-wp-interactive=\"core\/image\" data-wp-key=\"6a9c610427d45\" class=\"wp-block-image size-full wp-lightbox-container\"><img decoding=\"async\" width=\"1800\" height=\"1397\" data-wp-class--hide=\"state.isContentHidden\" data-wp-class--show=\"state.isContentVisible\" data-wp-init=\"callbacks.setButtonStyles\" data-wp-on--click=\"actions.showLightbox\" data-wp-on--load=\"callbacks.setButtonStyles\" data-wp-on--pointerdown=\"actions.preloadImage\" data-wp-on--pointerenter=\"actions.preloadImageWithDelay\" data-wp-on--pointerleave=\"actions.cancelPreload\" data-wp-on-window--resize=\"callbacks.setButtonStyles\" src=\"https:\/\/loudavymkrokem.cz\/wp-content\/uploads\/2026\/09\/nemecko-clanky-termaly-nemecko-05-08e1f8c8.jpg\" alt=\"Vonkaj\u0161\u00ed baz\u00e9n s palmami v Therme Erding v Bavorsku\" class=\"wp-image-415292\" title=\"\" srcset=\"https:\/\/loudavymkrokem.cz\/wp-content\/uploads\/2026\/09\/nemecko-clanky-termaly-nemecko-05-08e1f8c8.jpg 1800w, https:\/\/loudavymkrokem.cz\/wp-content\/uploads\/2026\/09\/nemecko-clanky-termaly-nemecko-05-08e1f8c8-300x233.jpg 300w, https:\/\/loudavymkrokem.cz\/wp-content\/uploads\/2026\/09\/nemecko-clanky-termaly-nemecko-05-08e1f8c8-700x543.jpg 700w, https:\/\/loudavymkrokem.cz\/wp-content\/uploads\/2026\/09\/nemecko-clanky-termaly-nemecko-05-08e1f8c8-768x596.jpg 768w, https:\/\/loudavymkrokem.cz\/wp-content\/uploads\/2026\/09\/nemecko-clanky-termaly-nemecko-05-08e1f8c8-1536x1192.jpg 1536w, https:\/\/loudavymkrokem.cz\/wp-content\/uploads\/2026\/09\/nemecko-clanky-termaly-nemecko-05-08e1f8c8-696x540.jpg 696w, https:\/\/loudavymkrokem.cz\/wp-content\/uploads\/2026\/09\/nemecko-clanky-termaly-nemecko-05-08e1f8c8-1392x1080.jpg 1392w\" sizes=\"(max-width: 1800px) 100vw, 1800px\" \/><button\n\t\t\tclass=\"lightbox-trigger\"\n\t\t\ttype=\"button\"\n\t\t\taria-haspopup=\"dialog\"\n\t\t\tdata-wp-bind--aria-label=\"state.thisImage.triggerButtonAriaLabel\"\n\t\t\tdata-wp-init=\"callbacks.initTriggerButton\"\n\t\t\tdata-wp-on--click=\"actions.showLightbox\"\n\t\t\tdata-wp-style--right=\"state.thisImage.buttonRight\"\n\t\t\tdata-wp-style--top=\"state.thisImage.buttonTop\"\n\t\t>\n\t\t\t<svg xmlns=\"http:\/\/www.w3.org\/2000\/svg\" width=\"12\" height=\"12\" fill=\"none\" viewBox=\"0 0 12 12\">\n\t\t\t\t<path fill=\"#fff\" d=\"M2 0a2 2 0 0 0-2 2v2h1.5V2a.5.5 0 0 1 .5-.5h2V0H2Zm2 10.5H2a.5.5 0 0 1-.5-.5V8H0v2a2 2 0 0 0 2 2h2v-1.5ZM8 12v-1.5h2a.5.5 0 0 0 .5-.5V8H12v2a2 2 0 0 1-2 2H8Zm2-12a2 2 0 0 1 2 2v2h-1.5V2a.5.5 0 0 0-.5-.5H8V0h2Z\" \/>\n\t\t\t<\/svg>\n\t\t<\/button><figcaption class=\"wp-element-caption\">Foto: Therme Erding \/ Wikimedia Commons, CC BY-SA 3.0<\/figcaption><\/figure>\n\n\n\n<h2 class=\"wp-block-heading\"><span class=\"ez-toc-section\" id=\"Termaly_v_Bavorsku\"><\/span>Term\u00e1ly v Bavorsku<span class=\"ez-toc-section-end\"><\/span><\/h2>\n\n\n\n<p class=\"wp-block-paragraph\">Bavorsko je term\u00e1lov\u00e1 ve\u013emoc: na jednom mieste tu ved\u013ea seba stoja tropick\u00e9 komplexy s tobog\u00e1nmi aj pokojn\u00e9 k\u00fape\u013en\u00e9 mest\u00e1, kde sa voda pije rovnako \u010dasto ako sa v nej sed\u00ed. N\u00e1jde\u0161 tu pod\u013ea prev\u00e1dzkovate\u013ea najv\u00e4\u010d\u0161\u00ed term\u00e1lny are\u00e1l na svete a zn\u00e1me k\u00fape\u013en\u00e9 mest\u00e1 ako Bad F\u00fcssing, Bad Griesbach alebo Bad Kissingen pon\u00fakaj\u00fa v\u00f4bec t\u00fa naj\u0161ir\u0161iu ponuku k\u00fapania v celom Nemecku. V\u00fdhodou je, \u017ee mno\u017estvo t\u00fdchto komplexov le\u017e\u00ed k\u00fasok od slovensk\u00fdch hran\u00edc.<\/p>\n\n\n\n<p class=\"wp-block-paragraph\">Pre n\u00e1s s\u00fa suver\u00e9nne najdostupnej\u0161ie are\u00e1ly v Bad F\u00fcssingu a Neualbenreuthe, kam sa z hran\u00edc dostane\u0161 zhruba za hodinu cesty. Je to \u00faplne ide\u00e1lna vo\u013eba, ak uva\u017euje\u0161 o r\u00fdchlom v\u00edkendovom \u00faniku pred zimou a stresom. Po\u010d\u00edtaj s t\u00fdm, \u017ee bavorsk\u00e9 term\u00e1ly s\u00fa obrovsk\u00e9, modern\u00e9 a \u010dasto maj\u00fa striktn\u00e9 pravidl\u00e1 pre vstup det\u00ed, tak\u017ee si v\u017edy vopred skontroluj, pre koho sa dan\u00e9 miesto hod\u00ed najviac.<\/p>\n\n\n\n<figure data-wp-context=\"{&quot;imageId&quot;:&quot;6a9c6104281af&quot;}\" data-wp-interactive=\"core\/image\" data-wp-key=\"6a9c6104281af\" class=\"wp-block-image size-full wp-lightbox-container\"><img decoding=\"async\" width=\"1800\" height=\"1350\" data-wp-class--hide=\"state.isContentHidden\" data-wp-class--show=\"state.isContentVisible\" data-wp-init=\"callbacks.setButtonStyles\" data-wp-on--click=\"actions.showLightbox\" data-wp-on--load=\"callbacks.setButtonStyles\" data-wp-on--pointerdown=\"actions.preloadImage\" data-wp-on--pointerenter=\"actions.preloadImageWithDelay\" data-wp-on--pointerleave=\"actions.cancelPreload\" data-wp-on-window--resize=\"callbacks.setButtonStyles\" src=\"https:\/\/loudavymkrokem.cz\/wp-content\/uploads\/2026\/09\/nemecko-clanky-termaly-nemecko-06-89de543b.jpg\" alt=\"Therme Erding (Erding): tropick\u00fd baz\u00e9n s palmami\" class=\"wp-image-415293\" title=\"\" srcset=\"https:\/\/loudavymkrokem.cz\/wp-content\/uploads\/2026\/09\/nemecko-clanky-termaly-nemecko-06-89de543b.jpg 1800w, https:\/\/loudavymkrokem.cz\/wp-content\/uploads\/2026\/09\/nemecko-clanky-termaly-nemecko-06-89de543b-300x225.jpg 300w, https:\/\/loudavymkrokem.cz\/wp-content\/uploads\/2026\/09\/nemecko-clanky-termaly-nemecko-06-89de543b-700x525.jpg 700w, https:\/\/loudavymkrokem.cz\/wp-content\/uploads\/2026\/09\/nemecko-clanky-termaly-nemecko-06-89de543b-768x576.jpg 768w, https:\/\/loudavymkrokem.cz\/wp-content\/uploads\/2026\/09\/nemecko-clanky-termaly-nemecko-06-89de543b-1536x1152.jpg 1536w, https:\/\/loudavymkrokem.cz\/wp-content\/uploads\/2026\/09\/nemecko-clanky-termaly-nemecko-06-89de543b-80x60.jpg 80w, https:\/\/loudavymkrokem.cz\/wp-content\/uploads\/2026\/09\/nemecko-clanky-termaly-nemecko-06-89de543b-160x120.jpg 160w, https:\/\/loudavymkrokem.cz\/wp-content\/uploads\/2026\/09\/nemecko-clanky-termaly-nemecko-06-89de543b-696x522.jpg 696w, https:\/\/loudavymkrokem.cz\/wp-content\/uploads\/2026\/09\/nemecko-clanky-termaly-nemecko-06-89de543b-1392x1044.jpg 1392w\" sizes=\"(max-width: 1800px) 100vw, 1800px\" \/><button\n\t\t\tclass=\"lightbox-trigger\"\n\t\t\ttype=\"button\"\n\t\t\taria-haspopup=\"dialog\"\n\t\t\tdata-wp-bind--aria-label=\"state.thisImage.triggerButtonAriaLabel\"\n\t\t\tdata-wp-init=\"callbacks.initTriggerButton\"\n\t\t\tdata-wp-on--click=\"actions.showLightbox\"\n\t\t\tdata-wp-style--right=\"state.thisImage.buttonRight\"\n\t\t\tdata-wp-style--top=\"state.thisImage.buttonTop\"\n\t\t>\n\t\t\t<svg xmlns=\"http:\/\/www.w3.org\/2000\/svg\" width=\"12\" height=\"12\" fill=\"none\" viewBox=\"0 0 12 12\">\n\t\t\t\t<path fill=\"#fff\" d=\"M2 0a2 2 0 0 0-2 2v2h1.5V2a.5.5 0 0 1 .5-.5h2V0H2Zm2 10.5H2a.5.5 0 0 1-.5-.5V8H0v2a2 2 0 0 0 2 2h2v-1.5ZM8 12v-1.5h2a.5.5 0 0 0 .5-.5V8H12v2a2 2 0 0 1-2 2H8Zm2-12a2 2 0 0 1 2 2v2h-1.5V2a.5.5 0 0 0-.5-.5H8V0h2Z\" \/>\n\t\t\t<\/svg>\n\t\t<\/button><figcaption class=\"wp-element-caption\">Foto: Therme Erding \/ Wikimedia Commons, Public domain<\/figcaption><\/figure>\n\n\n\n<h3 class=\"wp-block-heading\"><span class=\"ez-toc-section\" id=\"1_Therme_Erding_Erding\"><\/span>1. Therme Erding (Erding)<span class=\"ez-toc-section-end\"><\/span><\/h3>\n\n\n\n<p class=\"wp-block-paragraph\">Tento komplex le\u017eiaci v meste Erding sa pod\u013ea prev\u00e1dzkovate\u013ea p\u00fd\u0161i titulom <strong>najv\u00e4\u010d\u0161\u00ed term\u00e1l na svete<\/strong>. Jeho celkov\u00e1 plocha sa v roku 2019 rozkladala na neuverite\u013en\u00fdch <strong>430 000 metroch \u0161tvorcov\u00fdch<\/strong>. Z toho pln\u00fdch 185 000 metrov \u0161tvorcov\u00fdch tvor\u00ed \u00fa\u017eitkov\u00e1 plocha priamo pre host\u00ed. Are\u00e1l sa del\u00ed na \u0161tyri hlavn\u00e9 \u010dasti, ktor\u00fdmi s\u00fa klasick\u00e1 term\u00e1lna \u010das\u0165 Thermenparadies, ak\u010dn\u00e1 z\u00f3na Galaxy Erding a pokojov\u00e9 z\u00f3ny VitalOase a VitalTherme &#038; Saunen.<\/p>\n\n\n\n<p class=\"wp-block-paragraph\">Vn\u00fatri na teba \u010dak\u00e1 ohromuj\u00facich <strong>40 baz\u00e9nov a vodn\u00fdch pl\u00f4ch<\/strong>, ktor\u00e9 dop\u013a\u0148a celkom 38 r\u00f4znych s\u00e1un a parn\u00fdch k\u00fape\u013eov. Teploty v saun\u00e1ch sa pohybuj\u00fa od pr\u00edjemn\u00fdch 38 \u00b0C a\u017e po pekeln\u00fdch 90 \u00b0C. Pre milovn\u00edkov adrenal\u00ednu je tu pripraven\u00fdch <strong>28 tobog\u00e1nov<\/strong> s celkovou d\u013a\u017ekou vy\u0161e 2 850 metrov. Ak sa r\u00e1d hojd\u00e1\u0161 na vln\u00e1ch, ur\u010dite \u0165a nadchne obrovsk\u00e9 vlnobitie, kde m\u00e1 voda 34 \u00b0C a vlny dosahuj\u00fa v\u00fd\u0161ku a\u017e dva metre.<\/p>\n\n\n\n<p class=\"wp-block-paragraph\">Priemern\u00e1 teplota vzduchu v celom are\u00e1li sa dr\u017e\u00ed na tropick\u00fdch 28 \u00b0C. N\u00e1jde\u0161 tu aj naozajstn\u00fd unik\u00e1t, ktor\u00fdm je Polaris, \u00fadajne <strong>najv\u00e4\u010d\u0161\u00ed studen\u00fd baz\u00e9n na svete<\/strong> s teplotou vody 14 a\u017e 18 \u00b0C. Naopak v z\u00f3ne VitalTherme sa ohreje\u0161 vo ve\u013ekom \u0161ampanskom baz\u00e9ne \u010di medita\u010dnom baz\u00e9niku s vodou o teplote 34 \u00b0C. <strong>\ud83d\udca1 Tip:<\/strong> Vy\u010dle\u0148 si na n\u00e1v\u0161tevu naozaj cel\u00fd de\u0148, preto\u017ee are\u00e1l je tak\u00fd obrovsk\u00fd, \u017ee za p\u00e1r hod\u00edn stihne\u0161 sotva zlomok v\u0161etk\u00fdch atrakci\u00ed.<\/p>\n\n\n\n<figure data-wp-context=\"{&quot;imageId&quot;:&quot;6a9c6104286b7&quot;}\" data-wp-interactive=\"core\/image\" data-wp-key=\"6a9c6104286b7\" class=\"wp-block-image size-full wp-lightbox-container\"><img decoding=\"async\" width=\"1800\" height=\"1350\" data-wp-class--hide=\"state.isContentHidden\" data-wp-class--show=\"state.isContentVisible\" data-wp-init=\"callbacks.setButtonStyles\" data-wp-on--click=\"actions.showLightbox\" data-wp-on--load=\"callbacks.setButtonStyles\" data-wp-on--pointerdown=\"actions.preloadImage\" data-wp-on--pointerenter=\"actions.preloadImageWithDelay\" data-wp-on--pointerleave=\"actions.cancelPreload\" data-wp-on-window--resize=\"callbacks.setButtonStyles\" src=\"https:\/\/loudavymkrokem.cz\/wp-content\/uploads\/2026\/09\/nemecko-clanky-termaly-nemecko-07-5c780451.jpg\" alt=\"Therme Bad W\u00f6rishofen (Bad W\u00f6rishofen)\" class=\"wp-image-415294\" title=\"\" srcset=\"https:\/\/loudavymkrokem.cz\/wp-content\/uploads\/2026\/09\/nemecko-clanky-termaly-nemecko-07-5c780451.jpg 1800w, https:\/\/loudavymkrokem.cz\/wp-content\/uploads\/2026\/09\/nemecko-clanky-termaly-nemecko-07-5c780451-300x225.jpg 300w, https:\/\/loudavymkrokem.cz\/wp-content\/uploads\/2026\/09\/nemecko-clanky-termaly-nemecko-07-5c780451-700x525.jpg 700w, https:\/\/loudavymkrokem.cz\/wp-content\/uploads\/2026\/09\/nemecko-clanky-termaly-nemecko-07-5c780451-768x576.jpg 768w, https:\/\/loudavymkrokem.cz\/wp-content\/uploads\/2026\/09\/nemecko-clanky-termaly-nemecko-07-5c780451-1536x1152.jpg 1536w, https:\/\/loudavymkrokem.cz\/wp-content\/uploads\/2026\/09\/nemecko-clanky-termaly-nemecko-07-5c780451-80x60.jpg 80w, https:\/\/loudavymkrokem.cz\/wp-content\/uploads\/2026\/09\/nemecko-clanky-termaly-nemecko-07-5c780451-160x120.jpg 160w, https:\/\/loudavymkrokem.cz\/wp-content\/uploads\/2026\/09\/nemecko-clanky-termaly-nemecko-07-5c780451-696x522.jpg 696w, https:\/\/loudavymkrokem.cz\/wp-content\/uploads\/2026\/09\/nemecko-clanky-termaly-nemecko-07-5c780451-1392x1044.jpg 1392w\" sizes=\"(max-width: 1800px) 100vw, 1800px\" \/><button\n\t\t\tclass=\"lightbox-trigger\"\n\t\t\ttype=\"button\"\n\t\t\taria-haspopup=\"dialog\"\n\t\t\tdata-wp-bind--aria-label=\"state.thisImage.triggerButtonAriaLabel\"\n\t\t\tdata-wp-init=\"callbacks.initTriggerButton\"\n\t\t\tdata-wp-on--click=\"actions.showLightbox\"\n\t\t\tdata-wp-style--right=\"state.thisImage.buttonRight\"\n\t\t\tdata-wp-style--top=\"state.thisImage.buttonTop\"\n\t\t>\n\t\t\t<svg xmlns=\"http:\/\/www.w3.org\/2000\/svg\" width=\"12\" height=\"12\" fill=\"none\" viewBox=\"0 0 12 12\">\n\t\t\t\t<path fill=\"#fff\" d=\"M2 0a2 2 0 0 0-2 2v2h1.5V2a.5.5 0 0 1 .5-.5h2V0H2Zm2 10.5H2a.5.5 0 0 1-.5-.5V8H0v2a2 2 0 0 0 2 2h2v-1.5ZM8 12v-1.5h2a.5.5 0 0 0 .5-.5V8H12v2a2 2 0 0 1-2 2H8Zm2-12a2 2 0 0 1 2 2v2h-1.5V2a.5.5 0 0 0-.5-.5H8V0h2Z\" \/>\n\t\t\t<\/svg>\n\t\t<\/button><figcaption class=\"wp-element-caption\">Foto: Therme Bad W\u00f6rishofen 2010 \/ Wikimedia Commons, CC BY-SA 3.0<\/figcaption><\/figure>\n\n\n\n<h3 class=\"wp-block-heading\"><span class=\"ez-toc-section\" id=\"2_Therme_Bad_Worishofen_Bad_Worishofen\"><\/span>2. Therme Bad W\u00f6rishofen (Bad W\u00f6rishofen)<span class=\"ez-toc-section-end\"><\/span><\/h3>\n\n\n\n<p class=\"wp-block-paragraph\">Term\u00e1ly v meste\u010dku Bad W\u00f6rishofen ukr\u00fdvaj\u00fa jeden svetov\u00fd unik\u00e1t, ktor\u00fdm je obrovsk\u00e1 rustik\u00e1lna sauna <strong>Blockhaus am See pre viac ne\u017e 150 host\u00ed<\/strong>. Rad\u00ed sa k najv\u00e4\u010d\u0161\u00edm saun\u00e1m na svete a za\u017eije\u0161 v nej \u00faplne neopakovate\u013en\u00fa atmosf\u00e9ru. Cel\u00e1 term\u00e1lna krajina sa tu rozprestiera na \u00factyhodnej ploche vy\u0161e <strong>5 000 metrov \u0161tvorcov\u00fdch<\/strong> a jej stavba prebiehala v rokoch 2001 a\u017e 2004 pod taktovkou investora Josefa Wunda.<\/p>\n\n\n\n<p class=\"wp-block-paragraph\">K\u00fapanie si u\u017eije\u0161 v celkom \u00f4smich baz\u00e9noch naplnen\u00fdch blahodarnou term\u00e1lnou vodou. Saunov\u00fd svet pon\u00faka <strong>viac ne\u017e 15 tematick\u00fdch s\u00e1un<\/strong>, medzi ktor\u00fdmi vynik\u00e1 n\u00e1dhern\u00e1 maursk\u00e1 Alhambra, klasick\u00e1 r\u00edmska sauna alebo japonsk\u00e1 medita\u010dn\u00e1 sauna doplnen\u00e1 o kr\u00e1sne akv\u00e1rium s koi kaprami. Deti tu maj\u00fa k dispoz\u00edcii tobog\u00e1n a \u0161irok\u00fa r\u00fdchlostn\u00fa \u0161myk\u013eavku, ktor\u00e9 s\u00fa ale pr\u00edstupn\u00e9 len vo vyhraden\u00fdch \u010dasoch v \u0161portovom baz\u00e9ne.<\/p>\n\n\n\n<p class=\"wp-block-paragraph\">Pod\u013ea cenn\u00edka pre rok 2026 zaplat\u00ed\u0161 za dvojhodinov\u00fd vstup <strong>27 EUR<\/strong>, \u0161tyri hodiny \u0165a vyjd\u00fa na 35 EUR a celodenn\u00fd l\u00edstok stoj\u00ed 51 EUR. Za vstup do sauny sa priplat\u00ed 5 EUR a cez v\u00edkendy \u010di sviatky po\u010d\u00edtaj s pr\u00edplatkom 3 EUR. Minim\u00e1lny vek pre vstup je tu <strong>striktne stanoven\u00fd na 16 rokov<\/strong>. <strong>\ud83d\udca1 Tip:<\/strong> Ak chce\u0161 vyrazi\u0165 s men\u0161\u00edmi de\u0165mi, mus\u00ed\u0161 pr\u00eds\u0165 v\u00fdhradne v sobotu medzi 9. a 19. hodinou na takzvan\u00fd Family Samstag, ke\u010f rodinn\u00e9 vstupn\u00e9 pre tri osoby vyjde na 74 EUR.<\/p>\n\n\n\n<figure data-wp-context=\"{&quot;imageId&quot;:&quot;6a9c610428bc9&quot;}\" data-wp-interactive=\"core\/image\" data-wp-key=\"6a9c610428bc9\" class=\"wp-block-image size-full wp-lightbox-container\"><img decoding=\"async\" width=\"1800\" height=\"1350\" data-wp-class--hide=\"state.isContentHidden\" data-wp-class--show=\"state.isContentVisible\" data-wp-init=\"callbacks.setButtonStyles\" data-wp-on--click=\"actions.showLightbox\" data-wp-on--load=\"callbacks.setButtonStyles\" data-wp-on--pointerdown=\"actions.preloadImage\" data-wp-on--pointerenter=\"actions.preloadImageWithDelay\" data-wp-on--pointerleave=\"actions.cancelPreload\" data-wp-on-window--resize=\"callbacks.setButtonStyles\" src=\"https:\/\/loudavymkrokem.cz\/wp-content\/uploads\/2026\/09\/nemecko-clanky-termaly-nemecko-08-779c2251.jpg\" alt=\"Vstup do Therme Bad Aibling s presklenou kupolou\" class=\"wp-image-415295\" title=\"\" srcset=\"https:\/\/loudavymkrokem.cz\/wp-content\/uploads\/2026\/09\/nemecko-clanky-termaly-nemecko-08-779c2251.jpg 1800w, https:\/\/loudavymkrokem.cz\/wp-content\/uploads\/2026\/09\/nemecko-clanky-termaly-nemecko-08-779c2251-300x225.jpg 300w, https:\/\/loudavymkrokem.cz\/wp-content\/uploads\/2026\/09\/nemecko-clanky-termaly-nemecko-08-779c2251-700x525.jpg 700w, https:\/\/loudavymkrokem.cz\/wp-content\/uploads\/2026\/09\/nemecko-clanky-termaly-nemecko-08-779c2251-768x576.jpg 768w, https:\/\/loudavymkrokem.cz\/wp-content\/uploads\/2026\/09\/nemecko-clanky-termaly-nemecko-08-779c2251-1536x1152.jpg 1536w, https:\/\/loudavymkrokem.cz\/wp-content\/uploads\/2026\/09\/nemecko-clanky-termaly-nemecko-08-779c2251-80x60.jpg 80w, https:\/\/loudavymkrokem.cz\/wp-content\/uploads\/2026\/09\/nemecko-clanky-termaly-nemecko-08-779c2251-160x120.jpg 160w, https:\/\/loudavymkrokem.cz\/wp-content\/uploads\/2026\/09\/nemecko-clanky-termaly-nemecko-08-779c2251-696x522.jpg 696w, https:\/\/loudavymkrokem.cz\/wp-content\/uploads\/2026\/09\/nemecko-clanky-termaly-nemecko-08-779c2251-1392x1044.jpg 1392w\" sizes=\"(max-width: 1800px) 100vw, 1800px\" \/><button\n\t\t\tclass=\"lightbox-trigger\"\n\t\t\ttype=\"button\"\n\t\t\taria-haspopup=\"dialog\"\n\t\t\tdata-wp-bind--aria-label=\"state.thisImage.triggerButtonAriaLabel\"\n\t\t\tdata-wp-init=\"callbacks.initTriggerButton\"\n\t\t\tdata-wp-on--click=\"actions.showLightbox\"\n\t\t\tdata-wp-style--right=\"state.thisImage.buttonRight\"\n\t\t\tdata-wp-style--top=\"state.thisImage.buttonTop\"\n\t\t>\n\t\t\t<svg xmlns=\"http:\/\/www.w3.org\/2000\/svg\" width=\"12\" height=\"12\" fill=\"none\" viewBox=\"0 0 12 12\">\n\t\t\t\t<path fill=\"#fff\" d=\"M2 0a2 2 0 0 0-2 2v2h1.5V2a.5.5 0 0 1 .5-.5h2V0H2Zm2 10.5H2a.5.5 0 0 1-.5-.5V8H0v2a2 2 0 0 0 2 2h2v-1.5ZM8 12v-1.5h2a.5.5 0 0 0 .5-.5V8H12v2a2 2 0 0 1-2 2H8Zm2-12a2 2 0 0 1 2 2v2h-1.5V2a.5.5 0 0 0-.5-.5H8V0h2Z\" \/>\n\t\t\t<\/svg>\n\t\t<\/button><\/figure>\n\n\n\n<h3 class=\"wp-block-heading\"><span class=\"ez-toc-section\" id=\"3_Therme_Bad_Aibling_Bad_Aibling\"><\/span>3. Therme Bad Aibling (Bad Aibling)<span class=\"ez-toc-section-end\"><\/span><\/h3>\n\n\n\n<p class=\"wp-block-paragraph\">\u00daplne netradi\u010dn\u00fd z\u00e1\u017eitok na teba \u010dak\u00e1 v Bad Aiblingu, kde je are\u00e1l vybudovan\u00fd v tvare prepojen\u00fdch kupol. V jednej z nich s priemerom 11 metrov dokonca <strong>7 videoprojektorov premieta 135 metrov \u0161tvorcov\u00fdch ve\u013ek\u00fd obraz<\/strong> priamo na vn\u00fatorn\u00fa stranu klenby. Cel\u00e1 term\u00e1lna krajina sa jemne nor\u00ed do topografie okolit\u00e9ho ter\u00e9nu a rozklad\u00e1 sa na \u00fa\u017easn\u00fdch <strong>10 000 metroch \u0161tvorcov\u00fdch<\/strong>, z \u010doho vy\u0161e 600 metrov \u0161tvorcov\u00fdch tvoria vodn\u00e9 plochy.<\/p>\n\n\n\n<p class=\"wp-block-paragraph\">V jednotliv\u00fdch r\u00f4zne uzavret\u00fdch kupol\u00e1ch si u\u017eije\u0161 meditat\u00edvny oddych v term\u00e1lnej vode, ktor\u00e1 m\u00e1 kr\u00e1snych <strong>32 a\u017e 36 \u00b0C<\/strong>. Zvl\u00e1\u0161tnos\u0165ou je tu saunovanie, ktor\u00e9 vyu\u017e\u00edva princ\u00edp Physiotherm, tak\u017ee \u0161etrn\u00e9 potenie zvn\u00fatra von je zaru\u010den\u00e9 u\u017e pri teplot\u00e1ch od 30 \u00b0C. Je to asi ide\u00e1lna vo\u013eba pre t\u00fdch z v\u00e1s, ktor\u00fdm klasick\u00e9 hor\u00face sauny nerobia dobre na krvn\u00fd obeh.<\/p>\n\n\n\n<p class=\"wp-block-paragraph\">Pod\u013ea cenn\u00edka pre rok 2026 stoj\u00ed \u0161tvorhodinov\u00fd vstup pre dospel\u00e9ho <strong>28 EUR<\/strong> a celodenn\u00fd l\u00edstok k\u00fapi\u0161 za 33 EUR. Ak si chce\u0161 u\u017ei\u0165 aj saunu, priplat\u00ed\u0161 si 6 EUR. Deti a ml\u00e1de\u017e do 14 rokov sem m\u00f4\u017eu pr\u00eds\u0165 len v sprievode dospelej osoby. <strong>\ud83d\udca1 Tip:<\/strong> Ur\u010dite si na mieste dok\u00fap bahenn\u00fa cerem\u00f3niu (Moorzeremonie) za 7 EUR alebo pr\u00edjemn\u00fd so\u013en\u00fd peeling za 4 EUR, tvoja poko\u017eka ti po\u010fakuje.<\/p>\n\n\n\n<figure data-wp-context=\"{&quot;imageId&quot;:&quot;6a9c610429226&quot;}\" data-wp-interactive=\"core\/image\" data-wp-key=\"6a9c610429226\" class=\"wp-block-image size-full wp-lightbox-container\"><img decoding=\"async\" width=\"1800\" height=\"1800\" data-wp-class--hide=\"state.isContentHidden\" data-wp-class--show=\"state.isContentVisible\" data-wp-init=\"callbacks.setButtonStyles\" data-wp-on--click=\"actions.showLightbox\" data-wp-on--load=\"callbacks.setButtonStyles\" data-wp-on--pointerdown=\"actions.preloadImage\" data-wp-on--pointerenter=\"actions.preloadImageWithDelay\" data-wp-on--pointerleave=\"actions.cancelPreload\" data-wp-on-window--resize=\"callbacks.setButtonStyles\" src=\"https:\/\/loudavymkrokem.cz\/wp-content\/uploads\/2026\/09\/nemecko-clanky-termaly-nemecko-09-cf7ab67f.jpg\" alt=\"KissSalis Therme (Bad Kissingen): vonkaj\u0161\u00ed baz\u00e9n\" class=\"wp-image-415296\" title=\"\" srcset=\"https:\/\/loudavymkrokem.cz\/wp-content\/uploads\/2026\/09\/nemecko-clanky-termaly-nemecko-09-cf7ab67f.jpg 1800w, https:\/\/loudavymkrokem.cz\/wp-content\/uploads\/2026\/09\/nemecko-clanky-termaly-nemecko-09-cf7ab67f-300x300.jpg 300w, https:\/\/loudavymkrokem.cz\/wp-content\/uploads\/2026\/09\/nemecko-clanky-termaly-nemecko-09-cf7ab67f-700x700.jpg 700w, https:\/\/loudavymkrokem.cz\/wp-content\/uploads\/2026\/09\/nemecko-clanky-termaly-nemecko-09-cf7ab67f-150x150.jpg 150w, https:\/\/loudavymkrokem.cz\/wp-content\/uploads\/2026\/09\/nemecko-clanky-termaly-nemecko-09-cf7ab67f-768x768.jpg 768w, https:\/\/loudavymkrokem.cz\/wp-content\/uploads\/2026\/09\/nemecko-clanky-termaly-nemecko-09-cf7ab67f-1536x1536.jpg 1536w, https:\/\/loudavymkrokem.cz\/wp-content\/uploads\/2026\/09\/nemecko-clanky-termaly-nemecko-09-cf7ab67f-696x696.jpg 696w, https:\/\/loudavymkrokem.cz\/wp-content\/uploads\/2026\/09\/nemecko-clanky-termaly-nemecko-09-cf7ab67f-1392x1392.jpg 1392w\" sizes=\"(max-width: 1800px) 100vw, 1800px\" \/><button\n\t\t\tclass=\"lightbox-trigger\"\n\t\t\ttype=\"button\"\n\t\t\taria-haspopup=\"dialog\"\n\t\t\tdata-wp-bind--aria-label=\"state.thisImage.triggerButtonAriaLabel\"\n\t\t\tdata-wp-init=\"callbacks.initTriggerButton\"\n\t\t\tdata-wp-on--click=\"actions.showLightbox\"\n\t\t\tdata-wp-style--right=\"state.thisImage.buttonRight\"\n\t\t\tdata-wp-style--top=\"state.thisImage.buttonTop\"\n\t\t>\n\t\t\t<svg xmlns=\"http:\/\/www.w3.org\/2000\/svg\" width=\"12\" height=\"12\" fill=\"none\" viewBox=\"0 0 12 12\">\n\t\t\t\t<path fill=\"#fff\" d=\"M2 0a2 2 0 0 0-2 2v2h1.5V2a.5.5 0 0 1 .5-.5h2V0H2Zm2 10.5H2a.5.5 0 0 1-.5-.5V8H0v2a2 2 0 0 0 2 2h2v-1.5ZM8 12v-1.5h2a.5.5 0 0 0 .5-.5V8H12v2a2 2 0 0 1-2 2H8Zm2-12a2 2 0 0 1 2 2v2h-1.5V2a.5.5 0 0 0-.5-.5H8V0h2Z\" \/>\n\t\t\t<\/svg>\n\t\t<\/button><\/figure>\n\n\n\n<h3 class=\"wp-block-heading\"><span class=\"ez-toc-section\" id=\"4_KissSalis_Therme_Bad_Kissingen\"><\/span>4. KissSalis Therme (Bad Kissingen)<span class=\"ez-toc-section-end\"><\/span><\/h3>\n\n\n\n<p class=\"wp-block-paragraph\">Do t\u00fdchto k\u00fape\u013eov v Bad Kissingene vyraz, ak h\u013ead\u00e1\u0161 naozaj roz\u013eahl\u00fd a pestr\u00fd are\u00e1l. Rozprestiera sa na ploche <strong>8 000 metrov \u0161tvorcov\u00fdch<\/strong> a n\u00e1jde\u0161 tu celkom 10 vn\u00fatorn\u00fdch aj vonkaj\u0161\u00edch baz\u00e9nov. Absol\u00fatna v\u00e4\u010d\u0161ina z nich je napusten\u00e1 cennou term\u00e1lnou vodou priamo z Bad Kissingenu. Samotn\u00e1 vn\u00fatorn\u00e1 term\u00e1lna krajina, ktor\u00e1 pon\u00faka ve\u013ekorys\u00fdch 1000 metrov \u0161tvorcov\u00fdch vodnej plochy, \u0165a prehreje vodou o teplote <strong>32 a\u017e 38 \u00b0C<\/strong>.<\/p>\n\n\n\n<p class=\"wp-block-paragraph\">Srdcom komplexu je ve\u013ek\u00fd vn\u00fatorn\u00fd baz\u00e9n s mas\u00e1\u017enymi le\u017eadlami a vodop\u00e1dom, na ktor\u00fd nadv\u00e4zuj\u00fa dva whirlpooly s teplotou a\u017e 38 \u00b0C. Vonku \u0165a nadchne tepl\u00fd vonkaj\u0161\u00ed baz\u00e9n, pr\u00fadov\u00fd kan\u00e1l aj \u0161peci\u00e1lny intenz\u00edvny so\u013en\u00fd baz\u00e9n, ktor\u00fd m\u00e1 <strong>6 a\u017e 8 % koncentr\u00e1ciu soli<\/strong> a pod hviezdnym nebom sa v \u0148om n\u00e1dherne vzn\u00e1\u0161a\u0161. Na ochladenie skvele posl\u00fa\u017ei studen\u00fd baz\u00e9n s 18 \u00b0C alebo striedav\u00e9 Kneippove chodn\u00ed\u010dky, kde kamienky pr\u00edjemne mas\u00edruj\u00fa reflexn\u00e9 pl\u00f4\u0161ky n\u00f4h.<\/p>\n\n\n\n<p class=\"wp-block-paragraph\">Saunov\u00fd park je tu naozajstnou o\u00e1zou pokoja s roz\u013eahlou saunovou z\u00e1hradou. Pon\u00faka celkom <strong>9 r\u00f4znych s\u00e1un a parn\u00fdch k\u00fape\u013eov<\/strong>, kde prebiehaj\u00fa po\u010detn\u00e9 saunov\u00e9 ritu\u00e1ly. Ak znesie\u0161 vysok\u00fa vlhkos\u0165, vysk\u00fa\u0161aj presklen\u00fd parn\u00fd k\u00fape\u013e s teplotou 47 \u00b0C a stopercentnou vlhkos\u0165ou vzduchu. <strong>\ud83d\udca1 Tip:<\/strong> Nezabudni z\u00e1js\u0165 do so\u013enej inhal\u00e1cie, kde pri 40 a\u017e 45 \u00b0C kvapk\u00e1 pr\u00edrodn\u00e1 so\u013eanka, \u010do \u00faplne fantasticky uvo\u013e\u0148uje d\u00fdchacie cesty.<\/p>\n\n\n\n<figure data-wp-context=\"{&quot;imageId&quot;:&quot;6a9c6104297b7&quot;}\" data-wp-interactive=\"core\/image\" data-wp-key=\"6a9c6104297b7\" class=\"wp-block-image size-full wp-lightbox-container\"><img decoding=\"async\" width=\"1800\" height=\"1200\" data-wp-class--hide=\"state.isContentHidden\" data-wp-class--show=\"state.isContentVisible\" data-wp-init=\"callbacks.setButtonStyles\" data-wp-on--click=\"actions.showLightbox\" data-wp-on--load=\"callbacks.setButtonStyles\" data-wp-on--pointerdown=\"actions.preloadImage\" data-wp-on--pointerenter=\"actions.preloadImageWithDelay\" data-wp-on--pointerleave=\"actions.cancelPreload\" data-wp-on-window--resize=\"callbacks.setButtonStyles\" src=\"https:\/\/loudavymkrokem.cz\/wp-content\/uploads\/2026\/09\/nemecko-clanky-termaly-nemecko-10-62b37e1f.jpg\" alt=\"Hotel Victory Therme Erding (Erding)\" class=\"wp-image-415297\" title=\"\" srcset=\"https:\/\/loudavymkrokem.cz\/wp-content\/uploads\/2026\/09\/nemecko-clanky-termaly-nemecko-10-62b37e1f.jpg 1800w, https:\/\/loudavymkrokem.cz\/wp-content\/uploads\/2026\/09\/nemecko-clanky-termaly-nemecko-10-62b37e1f-300x200.jpg 300w, https:\/\/loudavymkrokem.cz\/wp-content\/uploads\/2026\/09\/nemecko-clanky-termaly-nemecko-10-62b37e1f-700x467.jpg 700w, https:\/\/loudavymkrokem.cz\/wp-content\/uploads\/2026\/09\/nemecko-clanky-termaly-nemecko-10-62b37e1f-768x512.jpg 768w, https:\/\/loudavymkrokem.cz\/wp-content\/uploads\/2026\/09\/nemecko-clanky-termaly-nemecko-10-62b37e1f-1536x1024.jpg 1536w, https:\/\/loudavymkrokem.cz\/wp-content\/uploads\/2026\/09\/nemecko-clanky-termaly-nemecko-10-62b37e1f-696x464.jpg 696w, https:\/\/loudavymkrokem.cz\/wp-content\/uploads\/2026\/09\/nemecko-clanky-termaly-nemecko-10-62b37e1f-1392x928.jpg 1392w\" sizes=\"(max-width: 1800px) 100vw, 1800px\" \/><button\n\t\t\tclass=\"lightbox-trigger\"\n\t\t\ttype=\"button\"\n\t\t\taria-haspopup=\"dialog\"\n\t\t\tdata-wp-bind--aria-label=\"state.thisImage.triggerButtonAriaLabel\"\n\t\t\tdata-wp-init=\"callbacks.initTriggerButton\"\n\t\t\tdata-wp-on--click=\"actions.showLightbox\"\n\t\t\tdata-wp-style--right=\"state.thisImage.buttonRight\"\n\t\t\tdata-wp-style--top=\"state.thisImage.buttonTop\"\n\t\t>\n\t\t\t<svg xmlns=\"http:\/\/www.w3.org\/2000\/svg\" width=\"12\" height=\"12\" fill=\"none\" viewBox=\"0 0 12 12\">\n\t\t\t\t<path fill=\"#fff\" d=\"M2 0a2 2 0 0 0-2 2v2h1.5V2a.5.5 0 0 1 .5-.5h2V0H2Zm2 10.5H2a.5.5 0 0 1-.5-.5V8H0v2a2 2 0 0 0 2 2h2v-1.5ZM8 12v-1.5h2a.5.5 0 0 0 .5-.5V8H12v2a2 2 0 0 1-2 2H8Zm2-12a2 2 0 0 1 2 2v2h-1.5V2a.5.5 0 0 0-.5-.5H8V0h2Z\" \/>\n\t\t\t<\/svg>\n\t\t<\/button><\/figure>\n\n\n\n<h3 class=\"wp-block-heading\"><span class=\"ez-toc-section\" id=\"5_Hotel_Victory_Therme_Erding_Erding\"><\/span>5. Hotel Victory Therme Erding (Erding)<span class=\"ez-toc-section-end\"><\/span><\/h3>\n\n\n\n<p class=\"wp-block-paragraph\">Tu je nutn\u00e9 hne\u010f na za\u010diatok poveda\u0165, \u017ee sa nejedn\u00e1 o klasick\u00fd verejn\u00fd term\u00e1l, ale o <strong>luxusn\u00fd hotel stojaci priamo v are\u00e1li<\/strong> sl\u00e1vnych k\u00fape\u013eov Therme Erding. Architekt\u00fara budovy je \u00faplne dychber\u00faca, preto\u017ee zvonku vyzer\u00e1 ako dokonal\u00e1 replika historickej lode HMS Victory spojen\u00e1 s honosn\u00fdm ben\u00e1tskym pal\u00e1com. Je to asi to najromantickej\u0161ie ubytovanie, ak\u00e9 m\u00f4\u017ee\u0161 v nemeck\u00fdch term\u00e1loch za\u017ei\u0165.<\/p>\n\n\n\n<p class=\"wp-block-paragraph\">Hos\u0165om je k dispoz\u00edcii <strong>128 tematicky zariaden\u00fdch izieb<\/strong>, ktor\u00e9 s\u00fa rozdelen\u00e9 do siedmich r\u00f4znych kateg\u00f3ri\u00ed. M\u00f4\u017ee\u0161 spa\u0165 v takzvan\u00fdch Captain&#8217;s Cabins, ktor\u00e9 pon\u00fakaj\u00fa lodn\u00e9 postele a kr\u00e1sny panoramatick\u00fd v\u00fdh\u013ead priamo do tropick\u00e9ho vlnobitia. Ak preferuje\u0161 taliansku eleganciu, vyber si izby Serenissima v ben\u00e1tskom \u0161t\u00fdle s ve\u013ek\u00fdmi lod\u017eiov\u00fdmi dverami.<\/p>\n\n\n\n<p class=\"wp-block-paragraph\">Obrovskou v\u00fdhodou je, \u017ee z hotelovej lobby sa dostane\u0161 v \u017eupane priamo k vlnobitiu. V cene ka\u017edej noci je navy\u0161e u\u017e zahrnut\u00fd <strong>vstup do term\u00e1lov<\/strong>, a to vr\u00e1tane pokojov\u00fdch z\u00f3n VitalOase a VitalTherme &#038; Saunen. Hod\u00ed sa to ako pre p\u00e1ry, tak pre rodiny h\u013eadaj\u00face netradi\u010dn\u00fd z\u00e1\u017eitok. <strong>\ud83d\udca1 Tip:<\/strong> Daj si obrovsk\u00fd pozor pri rezerv\u00e1cii, ofici\u00e1lny web je therme-erding.de, zatia\u013e \u010do str\u00e1nka hotelerding.com je len porovn\u00e1va\u010d ubytovania a nepatr\u00ed priamo hotelu.<\/p>\n\n\n\n<figure data-wp-context=\"{&quot;imageId&quot;:&quot;6a9c610429d93&quot;}\" data-wp-interactive=\"core\/image\" data-wp-key=\"6a9c610429d93\" class=\"wp-block-image size-full wp-lightbox-container\"><img decoding=\"async\" width=\"1800\" height=\"2400\" data-wp-class--hide=\"state.isContentHidden\" data-wp-class--show=\"state.isContentVisible\" data-wp-init=\"callbacks.setButtonStyles\" data-wp-on--click=\"actions.showLightbox\" data-wp-on--load=\"callbacks.setButtonStyles\" data-wp-on--pointerdown=\"actions.preloadImage\" data-wp-on--pointerenter=\"actions.preloadImageWithDelay\" data-wp-on--pointerleave=\"actions.cancelPreload\" data-wp-on-window--resize=\"callbacks.setButtonStyles\" src=\"https:\/\/loudavymkrokem.cz\/wp-content\/uploads\/2026\/09\/nemecko-clanky-termaly-nemecko-11-338dff9e.jpg\" alt=\"Franken-Therme (Bad Windsheim)\" class=\"wp-image-415298\" title=\"\" srcset=\"https:\/\/loudavymkrokem.cz\/wp-content\/uploads\/2026\/09\/nemecko-clanky-termaly-nemecko-11-338dff9e.jpg 1800w, https:\/\/loudavymkrokem.cz\/wp-content\/uploads\/2026\/09\/nemecko-clanky-termaly-nemecko-11-338dff9e-225x300.jpg 225w, https:\/\/loudavymkrokem.cz\/wp-content\/uploads\/2026\/09\/nemecko-clanky-termaly-nemecko-11-338dff9e-700x933.jpg 700w, https:\/\/loudavymkrokem.cz\/wp-content\/uploads\/2026\/09\/nemecko-clanky-termaly-nemecko-11-338dff9e-768x1024.jpg 768w, https:\/\/loudavymkrokem.cz\/wp-content\/uploads\/2026\/09\/nemecko-clanky-termaly-nemecko-11-338dff9e-1152x1536.jpg 1152w, https:\/\/loudavymkrokem.cz\/wp-content\/uploads\/2026\/09\/nemecko-clanky-termaly-nemecko-11-338dff9e-1536x2048.jpg 1536w, https:\/\/loudavymkrokem.cz\/wp-content\/uploads\/2026\/09\/nemecko-clanky-termaly-nemecko-11-338dff9e-696x928.jpg 696w, https:\/\/loudavymkrokem.cz\/wp-content\/uploads\/2026\/09\/nemecko-clanky-termaly-nemecko-11-338dff9e-1392x1856.jpg 1392w\" sizes=\"(max-width: 1800px) 100vw, 1800px\" \/><button\n\t\t\tclass=\"lightbox-trigger\"\n\t\t\ttype=\"button\"\n\t\t\taria-haspopup=\"dialog\"\n\t\t\tdata-wp-bind--aria-label=\"state.thisImage.triggerButtonAriaLabel\"\n\t\t\tdata-wp-init=\"callbacks.initTriggerButton\"\n\t\t\tdata-wp-on--click=\"actions.showLightbox\"\n\t\t\tdata-wp-style--right=\"state.thisImage.buttonRight\"\n\t\t\tdata-wp-style--top=\"state.thisImage.buttonTop\"\n\t\t>\n\t\t\t<svg xmlns=\"http:\/\/www.w3.org\/2000\/svg\" width=\"12\" height=\"12\" fill=\"none\" viewBox=\"0 0 12 12\">\n\t\t\t\t<path fill=\"#fff\" d=\"M2 0a2 2 0 0 0-2 2v2h1.5V2a.5.5 0 0 1 .5-.5h2V0H2Zm2 10.5H2a.5.5 0 0 1-.5-.5V8H0v2a2 2 0 0 0 2 2h2v-1.5ZM8 12v-1.5h2a.5.5 0 0 0 .5-.5V8H12v2a2 2 0 0 1-2 2H8Zm2-12a2 2 0 0 1 2 2v2h-1.5V2a.5.5 0 0 0-.5-.5H8V0h2Z\" \/>\n\t\t\t<\/svg>\n\t\t<\/button><figcaption class=\"wp-element-caption\">Foto: Andreas Wolf 01 \/ Wikimedia Commons, CC BY 4.0<\/figcaption><\/figure>\n\n\n\n<h3 class=\"wp-block-heading\"><span class=\"ez-toc-section\" id=\"6_Franken-Therme_Bad_Windsheim\"><\/span>6. Franken-Therme (Bad Windsheim)<span class=\"ez-toc-section-end\"><\/span><\/h3>\n\n\n\n<p class=\"wp-block-paragraph\">V bavorskom meste\u010dku Bad Windsheim na teba \u010dak\u00e1 z\u00e1\u017eitok ako od M\u0155tveho mora. Zdej\u0161ou chl\u00fabou je toti\u017e \u0161peci\u00e1lna z\u00f3na s umel\u00fdm slan\u00fdm jazerom, ktor\u00e9 m\u00e1 extr\u00e9mnu <strong>salinitu 26,9 %<\/strong>. Voda je temperovan\u00e1 na pr\u00edjemn\u00fdch 26 a\u017e 30 \u00b0C a v\u010faka obrovskej hustote soli sa v nej bude\u0161 bez akejko\u013evek n\u00e1mahy vzn\u00e1\u0161a\u0165 na hladine. T\u00e1to term\u00e1lna so\u013eanka sa \u010derp\u00e1 zo zdroja, ktor\u00fd je vzdialen\u00fd iba 200 metrov od are\u00e1lu.<\/p>\n\n\n\n<p class=\"wp-block-paragraph\">Okrem tohto extr\u00e9mne slan\u00e9ho jazera tu n\u00e1jde\u0161 \u010fal\u0161ie dva vn\u00fatorn\u00e9 baz\u00e9ny s 12 % soli a vodou teplou 34 a\u017e 36 \u00b0C. Klasick\u00e9 k\u00fapacie haly potom pon\u00fakaj\u00fa <strong>tri term\u00e1lne so\u013en\u00e9 baz\u00e9ny<\/strong> s koncentr\u00e1ciou od 1,5 do 4 % soli a vonkaj\u0161\u00ed baz\u00e9n. Are\u00e1l, ktor\u00fd bol sl\u00e1vnostne otvoren\u00fd v decembri 2005 za takmer 19 mili\u00f3nov eur a n\u00e1sledne roz\u0161\u00edren\u00fd, p\u00f4sob\u00ed ve\u013emi moderne a vzdu\u0161ne.<\/p>\n\n\n\n<p class=\"wp-block-paragraph\">Nech\u00fdbaj\u00fa tu ani dva textiln\u00e9 parn\u00e9 k\u00fapele a priestrann\u00e9 oddych\u00e1rne. M\u00f4\u017ee\u0161 si tu navy\u0161e dopria\u0165 najr\u00f4znej\u0161ie wellness proced\u00fary, ktor\u00e9 trvaj\u00fa od <strong>20 do 120 min\u00fat<\/strong>. Cel\u00e9 to p\u00f4sob\u00ed ako \u00fa\u017easn\u00fd balzam na unaven\u00e9 telo aj poko\u017eku. <strong>\ud83d\udca1 Tip:<\/strong> Po k\u00fapan\u00ed v tom najslanej\u0161om jazere sa cho\u010f v\u017edy rovno osprchova\u0165, kry\u0161t\u00e1liky soli po zaschnut\u00ed dok\u00e1\u017eu na ko\u017ei dos\u0165 nepr\u00edjemne svrbie\u0165.<\/p>\n\n\n\n<figure data-wp-context=\"{&quot;imageId&quot;:&quot;6a9c61042ab6d&quot;}\" data-wp-interactive=\"core\/image\" data-wp-key=\"6a9c61042ab6d\" class=\"wp-block-image size-full wp-lightbox-container\"><img decoding=\"async\" width=\"1800\" height=\"1200\" data-wp-class--hide=\"state.isContentHidden\" data-wp-class--show=\"state.isContentVisible\" data-wp-init=\"callbacks.setButtonStyles\" data-wp-on--click=\"actions.showLightbox\" data-wp-on--load=\"callbacks.setButtonStyles\" data-wp-on--pointerdown=\"actions.preloadImage\" data-wp-on--pointerenter=\"actions.preloadImageWithDelay\" data-wp-on--pointerleave=\"actions.cancelPreload\" data-wp-on-window--resize=\"callbacks.setButtonStyles\" src=\"https:\/\/loudavymkrokem.cz\/wp-content\/uploads\/2026\/09\/nemecko-clanky-termaly-nemecko-12-c567f0aa.jpg\" alt=\"Vonkaj\u0161\u00ed baz\u00e9n K\u00f6nigliche Kristall-Therme vo Schwangau s v\u00fdh\u013eadom na Alpy\" class=\"wp-image-415476\" title=\"\" srcset=\"https:\/\/loudavymkrokem.cz\/wp-content\/uploads\/2026\/09\/nemecko-clanky-termaly-nemecko-12-c567f0aa.jpg 1800w, https:\/\/loudavymkrokem.cz\/wp-content\/uploads\/2026\/09\/nemecko-clanky-termaly-nemecko-12-c567f0aa-300x200.jpg 300w, https:\/\/loudavymkrokem.cz\/wp-content\/uploads\/2026\/09\/nemecko-clanky-termaly-nemecko-12-c567f0aa-700x467.jpg 700w, https:\/\/loudavymkrokem.cz\/wp-content\/uploads\/2026\/09\/nemecko-clanky-termaly-nemecko-12-c567f0aa-768x512.jpg 768w, https:\/\/loudavymkrokem.cz\/wp-content\/uploads\/2026\/09\/nemecko-clanky-termaly-nemecko-12-c567f0aa-1536x1024.jpg 1536w, https:\/\/loudavymkrokem.cz\/wp-content\/uploads\/2026\/09\/nemecko-clanky-termaly-nemecko-12-c567f0aa-696x464.jpg 696w, https:\/\/loudavymkrokem.cz\/wp-content\/uploads\/2026\/09\/nemecko-clanky-termaly-nemecko-12-c567f0aa-1392x928.jpg 1392w\" sizes=\"(max-width: 1800px) 100vw, 1800px\" \/><button\n\t\t\tclass=\"lightbox-trigger\"\n\t\t\ttype=\"button\"\n\t\t\taria-haspopup=\"dialog\"\n\t\t\tdata-wp-bind--aria-label=\"state.thisImage.triggerButtonAriaLabel\"\n\t\t\tdata-wp-init=\"callbacks.initTriggerButton\"\n\t\t\tdata-wp-on--click=\"actions.showLightbox\"\n\t\t\tdata-wp-style--right=\"state.thisImage.buttonRight\"\n\t\t\tdata-wp-style--top=\"state.thisImage.buttonTop\"\n\t\t>\n\t\t\t<svg xmlns=\"http:\/\/www.w3.org\/2000\/svg\" width=\"12\" height=\"12\" fill=\"none\" viewBox=\"0 0 12 12\">\n\t\t\t\t<path fill=\"#fff\" d=\"M2 0a2 2 0 0 0-2 2v2h1.5V2a.5.5 0 0 1 .5-.5h2V0H2Zm2 10.5H2a.5.5 0 0 1-.5-.5V8H0v2a2 2 0 0 0 2 2h2v-1.5ZM8 12v-1.5h2a.5.5 0 0 0 .5-.5V8H12v2a2 2 0 0 1-2 2H8Zm2-12a2 2 0 0 1 2 2v2h-1.5V2a.5.5 0 0 0-.5-.5H8V0h2Z\" \/>\n\t\t\t<\/svg>\n\t\t<\/button><\/figure>\n\n\n\n<h3 class=\"wp-block-heading\"><span class=\"ez-toc-section\" id=\"7_Konigliche_Kristall-Therme_Schwangau\"><\/span>7. K\u00f6nigliche Kristall-Therme (Schwangau)<span class=\"ez-toc-section-end\"><\/span><\/h3>\n\n\n\n<p class=\"wp-block-paragraph\">Toto miesto vo Schwangau \u0165a o\u010dar\u00ed u\u017e len svojou polohou, preto\u017ee priamo z term\u00e1lnych baz\u00e9nov si u\u017eije\u0161 <strong>panoramatick\u00fd v\u00fdh\u013ead<\/strong> na okolit\u00fa krajinu a v zime aj na zasne\u017een\u00e9 Alpy. Cel\u00e1 oddychov\u00e1 a term\u00e1lna plocha sa rozklad\u00e1 na \u00factyhodn\u00fdch 14 000 metroch \u0161tvorcov\u00fdch. Miestna term\u00e1lna voda obsahuje 2,5 % soli a v\u010faka teplote okolo 34 \u00b0C p\u00f4sob\u00ed na ko\u017eu ako jemn\u00fd peeling, tak\u017ee ju bude\u0161 ma\u0165 po k\u00fapeli cite\u013ene hebkej\u0161iu.<\/p>\n\n\n\n<p class=\"wp-block-paragraph\">Vonkaj\u0161ie aj vn\u00fatorn\u00e9 baz\u00e9ny \u0165a prehrej\u00fa vodou o teplot\u00e1ch medzi 32 a 36 \u00b0C. \u00daplne \u00fa\u017easn\u00e9 s\u00fa miestne mas\u00e1\u017ene trysky, ktor\u00e9 jemne hnietia chrb\u00e1t, nohy, brucho aj zadok. Milovn\u00edci saunovania si tu pr\u00eddu na svoje, are\u00e1l ukr\u00fdva <strong>5 tematick\u00fdch s\u00e1un<\/strong> s teplotami od 60 do 100 \u00b0C, z ktor\u00fdch tri s\u00fa vn\u00fatri a dve vonku. Navy\u0161e tu n\u00e1jde\u0161 osmansk\u00fd hamam a dva parn\u00e9 k\u00fapele s teplotou do 48 \u00b0C.<\/p>\n\n\n\n<p class=\"wp-block-paragraph\">Pod\u013ea cenn\u00edka pre rok 2026 stoj\u00ed ve\u010dern\u00fd tarif (Feierabendtarif) od 18 hodiny <strong>19 EUR<\/strong> pre dospel\u00e9ho do samotn\u00e9ho term\u00e1lu a <strong>26 EUR<\/strong> vo variante s Wohlf\u00fchltherme a Zauberbergom. Je to ide\u00e1lne miesto pre romantick\u00fd \u00fanik vo dvojici. <strong>\ud83d\udca1 Tip:<\/strong> Ve\u010dern\u00fd tarif plat\u00ed celoro\u010dne, ale daj si pozor, neuzn\u00e1vaj\u00fa ho cez v\u00edkendy a po\u010das bavorsk\u00fdch sviatkov.<\/p>\n\n\n\n<figure data-wp-context=\"{&quot;imageId&quot;:&quot;6a9c61042b148&quot;}\" data-wp-interactive=\"core\/image\" data-wp-key=\"6a9c61042b148\" class=\"wp-block-image size-full wp-lightbox-container\"><img decoding=\"async\" width=\"1714\" height=\"2560\" data-wp-class--hide=\"state.isContentHidden\" data-wp-class--show=\"state.isContentVisible\" data-wp-init=\"callbacks.setButtonStyles\" data-wp-on--click=\"actions.showLightbox\" data-wp-on--load=\"callbacks.setButtonStyles\" data-wp-on--pointerdown=\"actions.preloadImage\" data-wp-on--pointerenter=\"actions.preloadImageWithDelay\" data-wp-on--pointerleave=\"actions.cancelPreload\" data-wp-on-window--resize=\"callbacks.setButtonStyles\" src=\"https:\/\/loudavymkrokem.cz\/wp-content\/uploads\/2026\/09\/nemecko-clanky-termaly-nemecko-13-83289bd6-scaled.jpg\" alt=\"Limes-Therme (Bad G\u00f6gging): saunov\u00e1 \u010das\u0165\" class=\"wp-image-415302\" title=\"\" srcset=\"https:\/\/loudavymkrokem.cz\/wp-content\/uploads\/2026\/09\/nemecko-clanky-termaly-nemecko-13-83289bd6-scaled.jpg 1714w, https:\/\/loudavymkrokem.cz\/wp-content\/uploads\/2026\/09\/nemecko-clanky-termaly-nemecko-13-83289bd6-201x300.jpg 201w, https:\/\/loudavymkrokem.cz\/wp-content\/uploads\/2026\/09\/nemecko-clanky-termaly-nemecko-13-83289bd6-700x1045.jpg 700w, https:\/\/loudavymkrokem.cz\/wp-content\/uploads\/2026\/09\/nemecko-clanky-termaly-nemecko-13-83289bd6-768x1147.jpg 768w, https:\/\/loudavymkrokem.cz\/wp-content\/uploads\/2026\/09\/nemecko-clanky-termaly-nemecko-13-83289bd6-1029x1536.jpg 1029w, https:\/\/loudavymkrokem.cz\/wp-content\/uploads\/2026\/09\/nemecko-clanky-termaly-nemecko-13-83289bd6-1371x2048.jpg 1371w, https:\/\/loudavymkrokem.cz\/wp-content\/uploads\/2026\/09\/nemecko-clanky-termaly-nemecko-13-83289bd6-696x1039.jpg 696w, https:\/\/loudavymkrokem.cz\/wp-content\/uploads\/2026\/09\/nemecko-clanky-termaly-nemecko-13-83289bd6-1392x2079.jpg 1392w\" sizes=\"(max-width: 1714px) 100vw, 1714px\" \/><button\n\t\t\tclass=\"lightbox-trigger\"\n\t\t\ttype=\"button\"\n\t\t\taria-haspopup=\"dialog\"\n\t\t\tdata-wp-bind--aria-label=\"state.thisImage.triggerButtonAriaLabel\"\n\t\t\tdata-wp-init=\"callbacks.initTriggerButton\"\n\t\t\tdata-wp-on--click=\"actions.showLightbox\"\n\t\t\tdata-wp-style--right=\"state.thisImage.buttonRight\"\n\t\t\tdata-wp-style--top=\"state.thisImage.buttonTop\"\n\t\t>\n\t\t\t<svg xmlns=\"http:\/\/www.w3.org\/2000\/svg\" width=\"12\" height=\"12\" fill=\"none\" viewBox=\"0 0 12 12\">\n\t\t\t\t<path fill=\"#fff\" d=\"M2 0a2 2 0 0 0-2 2v2h1.5V2a.5.5 0 0 1 .5-.5h2V0H2Zm2 10.5H2a.5.5 0 0 1-.5-.5V8H0v2a2 2 0 0 0 2 2h2v-1.5ZM8 12v-1.5h2a.5.5 0 0 0 .5-.5V8H12v2a2 2 0 0 1-2 2H8Zm2-12a2 2 0 0 1 2 2v2h-1.5V2a.5.5 0 0 0-.5-.5H8V0h2Z\" \/>\n\t\t\t<\/svg>\n\t\t<\/button><figcaption class=\"wp-element-caption\">Foto: Bad G\u00f6gging  from Bad G\u00f6gging, Deutschland \/ Wikimedia Commons, CC BY 2.0<\/figcaption><\/figure>\n\n\n\n<h3 class=\"wp-block-heading\"><span class=\"ez-toc-section\" id=\"8_Limes-Therme_Bad_Gogging\"><\/span>8. Limes-Therme (Bad G\u00f6gging)<span class=\"ez-toc-section-end\"><\/span><\/h3>\n\n\n\n<p class=\"wp-block-paragraph\">V Bad G\u00f6ggingu naraz\u00ed\u0161 na term\u00e1ly s ve\u013emi hlbok\u00fdmi kore\u0148mi. Lie\u010div\u00e1 voda sa tu toti\u017e \u010derp\u00e1 z \u00factyhodnej <strong>h\u013abky vy\u0161e 600 metrov<\/strong> a je pln\u00e1 d\u00f4le\u017eit\u00fdch stopov\u00fdch prvkov. Okrem toho sa are\u00e1l p\u00fd\u0161i aj s\u00edrnou vodou, ktor\u00e1 vyviera z h\u013abky 120 metrov a zachov\u00e1va si prirodzen\u00fa teplotu 13,5 \u00b0C a vysok\u00fd obsah s\u00edry. Je to dos\u0165 \u0161pecifick\u00fd are\u00e1l, ktor\u00fd nadchne hlavne milovn\u00edkov pokojn\u00e9ho k\u00fape\u013en\u00edctva.<\/p>\n\n\n\n<p class=\"wp-block-paragraph\">Hos\u0165om je k dispoz\u00edcii celkom <strong>15 vn\u00fatorn\u00fdch a vonkaj\u0161\u00edch baz\u00e9nov<\/strong>, ktor\u00e9 dohromady tvoria vodn\u00fa plochu 1 250 metrov \u0161tvorcov\u00fdch. V term\u00e1lnych baz\u00e9noch sa teplota pohybuje od osvie\u017euj\u00facich 28 \u00b0C a\u017e po hor\u00facich 36 \u00b0C. N\u00e1jde\u0161 tu napr\u00edklad tri v\u00fd\u0161kovo posunut\u00e9 baz\u00e9ny Nymph\u00e4a alebo \u0161peci\u00e1lny terapeutick\u00fd baz\u00e9n. Zlat\u00fdm klincom je r\u00edmska sauna, ktor\u00e1 pon\u00faka hor\u00face miestnosti vyhriate a\u017e na 90 \u00b0C, ochladzovacie baz\u00e9niky a um\u00fdvacie z\u00f3ny.<\/p>\n\n\n\n<p class=\"wp-block-paragraph\">Pod\u013ea cenn\u00edka pre rok 2026 vyjde trojhodinov\u00e1 ve\u010dern\u00e1 vstupenka od 17. hodiny na <strong>15 EUR<\/strong>. Ak by si chcel vysk\u00fa\u0161a\u0165 aj spom\u00ednan\u00fa r\u00edmsku saunu, priplat\u00ed\u0161 si k tarifu \u010fal\u0161\u00edch 7 EUR. Cel\u00fd komplex navy\u0161e obklopuje idylick\u00e1 z\u00e1hrada o rozlohe 600 metrov \u0161tvorcov\u00fdch. <strong>\ud83d\udca1 Tip:<\/strong> V letn\u00fdch mesiacoch si ur\u010dite vy\u010dle\u0148 \u010das pr\u00e1ve na oddych v tejto obrovskej z\u00e1hrade, je tu \u00fa\u017easn\u00fd pokoj a pohoda.<\/p>\n\n\n\n<figure data-wp-context=\"{&quot;imageId&quot;:&quot;6a9c61042b785&quot;}\" data-wp-interactive=\"core\/image\" data-wp-key=\"6a9c61042b785\" class=\"wp-block-image size-full wp-lightbox-container\"><img decoding=\"async\" width=\"1800\" height=\"1200\" data-wp-class--hide=\"state.isContentHidden\" data-wp-class--show=\"state.isContentVisible\" data-wp-init=\"callbacks.setButtonStyles\" data-wp-on--click=\"actions.showLightbox\" data-wp-on--load=\"callbacks.setButtonStyles\" data-wp-on--pointerdown=\"actions.preloadImage\" data-wp-on--pointerenter=\"actions.preloadImageWithDelay\" data-wp-on--pointerleave=\"actions.cancelPreload\" data-wp-on-window--resize=\"callbacks.setButtonStyles\" src=\"https:\/\/loudavymkrokem.cz\/wp-content\/uploads\/2026\/09\/nemecko-clanky-termaly-nemecko-14-1b6f61cf.jpg\" alt=\"Therme Bad Griesbach (Bad Griesbach)\" class=\"wp-image-415303\" title=\"\" srcset=\"https:\/\/loudavymkrokem.cz\/wp-content\/uploads\/2026\/09\/nemecko-clanky-termaly-nemecko-14-1b6f61cf.jpg 1800w, https:\/\/loudavymkrokem.cz\/wp-content\/uploads\/2026\/09\/nemecko-clanky-termaly-nemecko-14-1b6f61cf-300x200.jpg 300w, https:\/\/loudavymkrokem.cz\/wp-content\/uploads\/2026\/09\/nemecko-clanky-termaly-nemecko-14-1b6f61cf-700x467.jpg 700w, https:\/\/loudavymkrokem.cz\/wp-content\/uploads\/2026\/09\/nemecko-clanky-termaly-nemecko-14-1b6f61cf-768x512.jpg 768w, https:\/\/loudavymkrokem.cz\/wp-content\/uploads\/2026\/09\/nemecko-clanky-termaly-nemecko-14-1b6f61cf-1536x1024.jpg 1536w, https:\/\/loudavymkrokem.cz\/wp-content\/uploads\/2026\/09\/nemecko-clanky-termaly-nemecko-14-1b6f61cf-696x464.jpg 696w, https:\/\/loudavymkrokem.cz\/wp-content\/uploads\/2026\/09\/nemecko-clanky-termaly-nemecko-14-1b6f61cf-1392x928.jpg 1392w\" sizes=\"(max-width: 1800px) 100vw, 1800px\" \/><button\n\t\t\tclass=\"lightbox-trigger\"\n\t\t\ttype=\"button\"\n\t\t\taria-haspopup=\"dialog\"\n\t\t\tdata-wp-bind--aria-label=\"state.thisImage.triggerButtonAriaLabel\"\n\t\t\tdata-wp-init=\"callbacks.initTriggerButton\"\n\t\t\tdata-wp-on--click=\"actions.showLightbox\"\n\t\t\tdata-wp-style--right=\"state.thisImage.buttonRight\"\n\t\t\tdata-wp-style--top=\"state.thisImage.buttonTop\"\n\t\t>\n\t\t\t<svg xmlns=\"http:\/\/www.w3.org\/2000\/svg\" width=\"12\" height=\"12\" fill=\"none\" viewBox=\"0 0 12 12\">\n\t\t\t\t<path fill=\"#fff\" d=\"M2 0a2 2 0 0 0-2 2v2h1.5V2a.5.5 0 0 1 .5-.5h2V0H2Zm2 10.5H2a.5.5 0 0 1-.5-.5V8H0v2a2 2 0 0 0 2 2h2v-1.5ZM8 12v-1.5h2a.5.5 0 0 0 .5-.5V8H12v2a2 2 0 0 1-2 2H8Zm2-12a2 2 0 0 1 2 2v2h-1.5V2a.5.5 0 0 0-.5-.5H8V0h2Z\" \/>\n\t\t\t<\/svg>\n\t\t<\/button><\/figure>\n\n\n\n<h3 class=\"wp-block-heading\"><span class=\"ez-toc-section\" id=\"9_Therme_Bad_Griesbach_Bad_Griesbach\"><\/span>9. Therme Bad Griesbach (Bad Griesbach)<span class=\"ez-toc-section-end\"><\/span><\/h3>\n\n\n\n<p class=\"wp-block-paragraph\">Tento komplex \u013eudia naj\u010dastej\u0161ie h\u013eadaj\u00fa pod n\u00e1zvom meste\u010dka, ale ofici\u00e1lne sa vol\u00e1 THERME EINS. Jeho absol\u00fatnym unik\u00e1tom je saunov\u00fd svet Saunahof, ktor\u00fd je vybudovan\u00fd v <strong>origin\u00e1lnom rottalskom \u0161tvorstrannom statku z 18. storo\u010dia<\/strong>. Spojenie starej rustik\u00e1lnej architekt\u00fary s modern\u00fdm wellness z\u00e1\u017eitkom tu funguje na jednotku a vytv\u00e1ra neuverite\u013ene \u00fatuln\u00fa atmosf\u00e9ru.<\/p>\n\n\n\n<p class=\"wp-block-paragraph\">Samotn\u00e1 k\u00fapacia \u010das\u0165 pon\u00faka rovno <strong>12 term\u00e1lnych baz\u00e9nov<\/strong>, ktor\u00e9 s\u00fa nabit\u00e9 najr\u00f4znej\u0161\u00edmi vodn\u00fdmi atrakciami. M\u00f4\u017ee\u0161 sa necha\u0165 mas\u00edrova\u0165 pod vodop\u00e1dmi, prejs\u0165 si mas\u00e1\u017enu dr\u00e1hu alebo len tak relaxova\u0165 vo v\u00edrivk\u00e1ch. Teplota vody uspokoj\u00ed naozaj ka\u017ed\u00e9ho, preto\u017ee sa pohybuje od pr\u00edjemn\u00fdch 30 \u00b0C a\u017e po neskuto\u010dne hor\u00facich 42 \u00b0C.<\/p>\n\n\n\n<p class=\"wp-block-paragraph\">V spom\u00ednanom historickom statku sa potom ukr\u00fdva celkom sedem r\u00f4znych s\u00e1un a nech\u00fdba ani klasick\u00fd r\u00edmsky parn\u00fd k\u00fape\u013e. Je to miesto ako stvoren\u00e9 pre p\u00e1ry a milovn\u00edkov tradi\u010dn\u00e9ho saunovania v netradi\u010dnom prostred\u00ed. <strong>\ud83d\udca1 Tip:<\/strong> Pri zad\u00e1van\u00ed do navig\u00e1cie h\u013eadaj naozaj n\u00e1zov THERME EINS, ofici\u00e1lne meno \u0165a k parkovisku dovedie ove\u013ea spo\u013eahlivej\u0161ie.<\/p>\n\n\n\n<figure data-wp-context=\"{&quot;imageId&quot;:&quot;6a9c61042be72&quot;}\" data-wp-interactive=\"core\/image\" data-wp-key=\"6a9c61042be72\" class=\"wp-block-image size-full wp-lightbox-container\"><img decoding=\"async\" width=\"1800\" height=\"843\" data-wp-class--hide=\"state.isContentHidden\" data-wp-class--show=\"state.isContentVisible\" data-wp-init=\"callbacks.setButtonStyles\" data-wp-on--click=\"actions.showLightbox\" data-wp-on--load=\"callbacks.setButtonStyles\" data-wp-on--pointerdown=\"actions.preloadImage\" data-wp-on--pointerenter=\"actions.preloadImageWithDelay\" data-wp-on--pointerleave=\"actions.cancelPreload\" data-wp-on-window--resize=\"callbacks.setButtonStyles\" src=\"https:\/\/loudavymkrokem.cz\/wp-content\/uploads\/2026\/09\/nemecko-clanky-termaly-nemecko-15-c78f7327.jpg\" alt=\"Vonkaj\u0161ia saunov\u00e1 \u010das\u0165 term\u00e1lu Titania v Neus\u00e4\u00dfe\" class=\"wp-image-415478\" title=\"\" srcset=\"https:\/\/loudavymkrokem.cz\/wp-content\/uploads\/2026\/09\/nemecko-clanky-termaly-nemecko-15-c78f7327.jpg 1800w, https:\/\/loudavymkrokem.cz\/wp-content\/uploads\/2026\/09\/nemecko-clanky-termaly-nemecko-15-c78f7327-300x141.jpg 300w, https:\/\/loudavymkrokem.cz\/wp-content\/uploads\/2026\/09\/nemecko-clanky-termaly-nemecko-15-c78f7327-700x328.jpg 700w, https:\/\/loudavymkrokem.cz\/wp-content\/uploads\/2026\/09\/nemecko-clanky-termaly-nemecko-15-c78f7327-768x360.jpg 768w, https:\/\/loudavymkrokem.cz\/wp-content\/uploads\/2026\/09\/nemecko-clanky-termaly-nemecko-15-c78f7327-1536x719.jpg 1536w, https:\/\/loudavymkrokem.cz\/wp-content\/uploads\/2026\/09\/nemecko-clanky-termaly-nemecko-15-c78f7327-696x326.jpg 696w, https:\/\/loudavymkrokem.cz\/wp-content\/uploads\/2026\/09\/nemecko-clanky-termaly-nemecko-15-c78f7327-1392x652.jpg 1392w\" sizes=\"(max-width: 1800px) 100vw, 1800px\" \/><button\n\t\t\tclass=\"lightbox-trigger\"\n\t\t\ttype=\"button\"\n\t\t\taria-haspopup=\"dialog\"\n\t\t\tdata-wp-bind--aria-label=\"state.thisImage.triggerButtonAriaLabel\"\n\t\t\tdata-wp-init=\"callbacks.initTriggerButton\"\n\t\t\tdata-wp-on--click=\"actions.showLightbox\"\n\t\t\tdata-wp-style--right=\"state.thisImage.buttonRight\"\n\t\t\tdata-wp-style--top=\"state.thisImage.buttonTop\"\n\t\t>\n\t\t\t<svg xmlns=\"http:\/\/www.w3.org\/2000\/svg\" width=\"12\" height=\"12\" fill=\"none\" viewBox=\"0 0 12 12\">\n\t\t\t\t<path fill=\"#fff\" d=\"M2 0a2 2 0 0 0-2 2v2h1.5V2a.5.5 0 0 1 .5-.5h2V0H2Zm2 10.5H2a.5.5 0 0 1-.5-.5V8H0v2a2 2 0 0 0 2 2h2v-1.5ZM8 12v-1.5h2a.5.5 0 0 0 .5-.5V8H12v2a2 2 0 0 1-2 2H8Zm2-12a2 2 0 0 1 2 2v2h-1.5V2a.5.5 0 0 0-.5-.5H8V0h2Z\" \/>\n\t\t\t<\/svg>\n\t\t<\/button><\/figure>\n\n\n\n<h3 class=\"wp-block-heading\"><span class=\"ez-toc-section\" id=\"10_Titania_Neusas_Neusas\"><\/span>10. Titania Neus\u00e4\u00df (Neus\u00e4\u00df)<span class=\"ez-toc-section-end\"><\/span><\/h3>\n\n\n\n<p class=\"wp-block-paragraph\">Z\u00e1bavn\u00fd a term\u00e1lny are\u00e1l v Neus\u00e4\u00dfe je rajom pre milovn\u00edkov extr\u00e9mnych teplotn\u00fdch rozdielov. Saunov\u00fd svet tu pon\u00faka obrovsk\u00fa variabilitu, ktor\u00e1 vrchol\u00ed v <strong>95 \u00b0C hor\u00facej severskej Kelosaune<\/strong>. Okrem nej tu n\u00e1jde\u0161 kamenn\u00fa saunu (85 \u00b0C), so\u013en\u00fa saunu (90 \u00b0C), zemsk\u00fa Erdsaunu (80 \u00b0C) alebo \u00faplne unik\u00e1tnu pivn\u00fa saunu Bierst\u00fcberl. Je to asi jedno z najkreat\u00edvnej\u0161\u00edch saunov\u00fdch centier v \u0161irokom okol\u00ed.<\/p>\n\n\n\n<p class=\"wp-block-paragraph\">Okrem s\u00e1un pote\u0161\u00ed aj bohat\u00e1 ponuka baz\u00e9nov a k\u00fape\u013eov. M\u00f4\u017ee\u0161 sa prehria\u0165 v hamam baz\u00e9niku s teplotou 34 \u00b0C alebo sk\u00fasi\u0165 hor\u00faci sedac\u00ed baz\u00e9n. Na ochladenie potom skvele posl\u00fa\u017ei <strong>ponorn\u00fd baz\u00e9nik s 20 \u00b0C<\/strong>. Ak preferuje\u0161 vlh\u0161ie teplo, zamier do parn\u00e9ho k\u00fape\u013ea alebo laconica, kde sa teplota dr\u017e\u00ed na pr\u00edjemn\u00fdch 45 \u00b0C.<\/p>\n\n\n\n<p class=\"wp-block-paragraph\">Pod\u013ea cenn\u00edka pre rok 2026 sa be\u017en\u00e9 vstupn\u00e9 pre dospel\u00fdch pohybuje od <strong>18,50 EUR<\/strong> za krat\u0161\u00ed vstup a\u017e po 28 EUR. Detsk\u00e9 l\u00edstky stoja od 12 do 21,50 EUR v z\u00e1vislosti od d\u013a\u017eky pobytu. Are\u00e1l sa skvele hod\u00ed pre rodiny so star\u0161\u00edmi de\u0165mi, ktor\u00e9 u\u017e zvl\u00e1dnu oceni\u0165 pestros\u0165 miestnych atrakci\u00ed. <strong>\ud83d\udca1 Tip:<\/strong> Ak sem pl\u00e1nuje\u0161 chodi\u0165 \u010dastej\u0161ie, zisti si podmienky ich klubu, s takzvan\u00fdmi Clubtarife toti\u017e dospel\u00fd zaplat\u00ed za vstup len od 9,25 EUR.<\/p>\n\n\n\n<figure data-wp-context=\"{&quot;imageId&quot;:&quot;6a9c61042c9d3&quot;}\" data-wp-interactive=\"core\/image\" data-wp-key=\"6a9c61042c9d3\" class=\"wp-block-image size-full wp-lightbox-container\"><img decoding=\"async\" width=\"1800\" height=\"1200\" data-wp-class--hide=\"state.isContentHidden\" data-wp-class--show=\"state.isContentVisible\" data-wp-init=\"callbacks.setButtonStyles\" data-wp-on--click=\"actions.showLightbox\" data-wp-on--load=\"callbacks.setButtonStyles\" data-wp-on--pointerdown=\"actions.preloadImage\" data-wp-on--pointerenter=\"actions.preloadImageWithDelay\" data-wp-on--pointerleave=\"actions.cancelPreload\" data-wp-on-window--resize=\"callbacks.setButtonStyles\" src=\"https:\/\/loudavymkrokem.cz\/wp-content\/uploads\/2026\/09\/nemecko-clanky-termaly-nemecko-16-25ba2f69.jpg\" alt=\"Fackelmann Therme Hersbruck (Hersbruck)\" class=\"wp-image-415305\" title=\"\" srcset=\"https:\/\/loudavymkrokem.cz\/wp-content\/uploads\/2026\/09\/nemecko-clanky-termaly-nemecko-16-25ba2f69.jpg 1800w, https:\/\/loudavymkrokem.cz\/wp-content\/uploads\/2026\/09\/nemecko-clanky-termaly-nemecko-16-25ba2f69-300x200.jpg 300w, https:\/\/loudavymkrokem.cz\/wp-content\/uploads\/2026\/09\/nemecko-clanky-termaly-nemecko-16-25ba2f69-700x467.jpg 700w, https:\/\/loudavymkrokem.cz\/wp-content\/uploads\/2026\/09\/nemecko-clanky-termaly-nemecko-16-25ba2f69-768x512.jpg 768w, https:\/\/loudavymkrokem.cz\/wp-content\/uploads\/2026\/09\/nemecko-clanky-termaly-nemecko-16-25ba2f69-1536x1024.jpg 1536w, https:\/\/loudavymkrokem.cz\/wp-content\/uploads\/2026\/09\/nemecko-clanky-termaly-nemecko-16-25ba2f69-696x464.jpg 696w, https:\/\/loudavymkrokem.cz\/wp-content\/uploads\/2026\/09\/nemecko-clanky-termaly-nemecko-16-25ba2f69-1392x928.jpg 1392w\" sizes=\"(max-width: 1800px) 100vw, 1800px\" \/><button\n\t\t\tclass=\"lightbox-trigger\"\n\t\t\ttype=\"button\"\n\t\t\taria-haspopup=\"dialog\"\n\t\t\tdata-wp-bind--aria-label=\"state.thisImage.triggerButtonAriaLabel\"\n\t\t\tdata-wp-init=\"callbacks.initTriggerButton\"\n\t\t\tdata-wp-on--click=\"actions.showLightbox\"\n\t\t\tdata-wp-style--right=\"state.thisImage.buttonRight\"\n\t\t\tdata-wp-style--top=\"state.thisImage.buttonTop\"\n\t\t>\n\t\t\t<svg xmlns=\"http:\/\/www.w3.org\/2000\/svg\" width=\"12\" height=\"12\" fill=\"none\" viewBox=\"0 0 12 12\">\n\t\t\t\t<path fill=\"#fff\" d=\"M2 0a2 2 0 0 0-2 2v2h1.5V2a.5.5 0 0 1 .5-.5h2V0H2Zm2 10.5H2a.5.5 0 0 1-.5-.5V8H0v2a2 2 0 0 0 2 2h2v-1.5ZM8 12v-1.5h2a.5.5 0 0 0 .5-.5V8H12v2a2 2 0 0 1-2 2H8Zm2-12a2 2 0 0 1 2 2v2h-1.5V2a.5.5 0 0 0-.5-.5H8V0h2Z\" \/>\n\t\t\t<\/svg>\n\t\t<\/button><figcaption class=\"wp-element-caption\">Foto: Fackelmann Therme Hersbruck \/ Wikimedia Commons, CC BY-SA 3.0<\/figcaption><\/figure>\n\n\n\n<h3 class=\"wp-block-heading\"><span class=\"ez-toc-section\" id=\"11_Fackelmann_Therme_Hersbruck_Hersbruck\"><\/span>11. Fackelmann Therme Hersbruck (Hersbruck)<span class=\"ez-toc-section-end\"><\/span><\/h3>\n\n\n\n<p class=\"wp-block-paragraph\">Tento are\u00e1l, otvoren\u00fd v decembri 2004 vo franckom Hersbrucku, l\u00e1ka predov\u0161etk\u00fdm na \u0161t\u00e1tom uznan\u00fa lie\u010div\u00fa vodu. T\u00e1 m\u00e1 skvel\u00e9 parametre a u\u017e priamo na prameni dosahuje teplotu <strong>29,4 \u00b0C<\/strong>. Vn\u00fatorn\u00e1 \u010das\u0165 term\u00e1lneho sveta je kr\u00e1sne nasvieten\u00e1 a pon\u00faka baz\u00e9n s vodou o teplote 34 \u00b0C, kde si dokonca m\u00f4\u017ee\u0161 pod hladinou u\u017e\u00edva\u0165 relaxa\u010dn\u00fa podvodn\u00fa hudbu.<\/p>\n\n\n\n<p class=\"wp-block-paragraph\">Ak rad\u0161ej d\u00fdcha\u0161 \u010derstv\u00fd vzduch, zamier do vonkaj\u0161ieho term\u00e1lneho baz\u00e9na, ktor\u00fd je vyhriaty na par\u00e1dnych <strong>36 \u00b0C<\/strong>. M\u00f4\u017ee\u0161 sa tu natiahnu\u0165 na bublinkov\u00e9 le\u017eadl\u00e1 alebo si necha\u0165 premas\u00edrova\u0165 chrb\u00e1t miestnymi mas\u00e1\u017enymi tryskami. Z are\u00e1lu sr\u0161\u00ed pohoda a v\u010faka men\u0161\u00edm rozmerom nep\u00f4sob\u00ed tak anonymne ako obrovsk\u00e9 giganty typu Erding.<\/p>\n\n\n\n<p class=\"wp-block-paragraph\">Pod\u013ea cenn\u00edka pre rok 2026 si pri prekro\u010den\u00ed zaplaten\u00e9ho \u010dasu \u00fa\u010dtuj\u00fa doplatok <strong>1 EUR za ka\u017ed\u00fa za\u010dat\u00fa polhodinu<\/strong>. Ak si doma zabudne\u0161 vybavenie, nie je to \u017eiadny probl\u00e9m, preto\u017ee ti tu za 2,50 EUR po\u017ei\u010daj\u00fa uter\u00e1k a za 5 EUR \u017eupan. <strong>\ud83d\udca1 Tip:<\/strong> Vyu\u017ei mo\u017enos\u0165 po\u017ei\u010dania \u017eupanu na mieste, do batohu alebo kufra sa ti potom zmest\u00ed mno\u017estvo in\u00fdch vec\u00ed a nemus\u00ed\u0161 sa \u0165aha\u0165 s objemnou bieliz\u0148ou.<\/p>\n\n\n\n<figure data-wp-context=\"{&quot;imageId&quot;:&quot;6a9c61042d08f&quot;}\" data-wp-interactive=\"core\/image\" data-wp-key=\"6a9c61042d08f\" class=\"wp-block-image size-full wp-lightbox-container\"><img decoding=\"async\" width=\"1800\" height=\"1350\" data-wp-class--hide=\"state.isContentHidden\" data-wp-class--show=\"state.isContentVisible\" data-wp-init=\"callbacks.setButtonStyles\" data-wp-on--click=\"actions.showLightbox\" data-wp-on--load=\"callbacks.setButtonStyles\" data-wp-on--pointerdown=\"actions.preloadImage\" data-wp-on--pointerenter=\"actions.preloadImageWithDelay\" data-wp-on--pointerleave=\"actions.cancelPreload\" data-wp-on-window--resize=\"callbacks.setButtonStyles\" src=\"https:\/\/loudavymkrokem.cz\/wp-content\/uploads\/2026\/09\/nemecko-clanky-termaly-nemecko-17-4ae5052a.jpg\" alt=\"ThermeNatur (Bad Rodach)\" class=\"wp-image-415306\" title=\"\" srcset=\"https:\/\/loudavymkrokem.cz\/wp-content\/uploads\/2026\/09\/nemecko-clanky-termaly-nemecko-17-4ae5052a.jpg 1800w, https:\/\/loudavymkrokem.cz\/wp-content\/uploads\/2026\/09\/nemecko-clanky-termaly-nemecko-17-4ae5052a-300x225.jpg 300w, https:\/\/loudavymkrokem.cz\/wp-content\/uploads\/2026\/09\/nemecko-clanky-termaly-nemecko-17-4ae5052a-700x525.jpg 700w, https:\/\/loudavymkrokem.cz\/wp-content\/uploads\/2026\/09\/nemecko-clanky-termaly-nemecko-17-4ae5052a-768x576.jpg 768w, https:\/\/loudavymkrokem.cz\/wp-content\/uploads\/2026\/09\/nemecko-clanky-termaly-nemecko-17-4ae5052a-1536x1152.jpg 1536w, https:\/\/loudavymkrokem.cz\/wp-content\/uploads\/2026\/09\/nemecko-clanky-termaly-nemecko-17-4ae5052a-80x60.jpg 80w, https:\/\/loudavymkrokem.cz\/wp-content\/uploads\/2026\/09\/nemecko-clanky-termaly-nemecko-17-4ae5052a-160x120.jpg 160w, https:\/\/loudavymkrokem.cz\/wp-content\/uploads\/2026\/09\/nemecko-clanky-termaly-nemecko-17-4ae5052a-696x522.jpg 696w, https:\/\/loudavymkrokem.cz\/wp-content\/uploads\/2026\/09\/nemecko-clanky-termaly-nemecko-17-4ae5052a-1392x1044.jpg 1392w\" sizes=\"(max-width: 1800px) 100vw, 1800px\" \/><button\n\t\t\tclass=\"lightbox-trigger\"\n\t\t\ttype=\"button\"\n\t\t\taria-haspopup=\"dialog\"\n\t\t\tdata-wp-bind--aria-label=\"state.thisImage.triggerButtonAriaLabel\"\n\t\t\tdata-wp-init=\"callbacks.initTriggerButton\"\n\t\t\tdata-wp-on--click=\"actions.showLightbox\"\n\t\t\tdata-wp-style--right=\"state.thisImage.buttonRight\"\n\t\t\tdata-wp-style--top=\"state.thisImage.buttonTop\"\n\t\t>\n\t\t\t<svg xmlns=\"http:\/\/www.w3.org\/2000\/svg\" width=\"12\" height=\"12\" fill=\"none\" viewBox=\"0 0 12 12\">\n\t\t\t\t<path fill=\"#fff\" d=\"M2 0a2 2 0 0 0-2 2v2h1.5V2a.5.5 0 0 1 .5-.5h2V0H2Zm2 10.5H2a.5.5 0 0 1-.5-.5V8H0v2a2 2 0 0 0 2 2h2v-1.5ZM8 12v-1.5h2a.5.5 0 0 0 .5-.5V8H12v2a2 2 0 0 1-2 2H8Zm2-12a2 2 0 0 1 2 2v2h-1.5V2a.5.5 0 0 0-.5-.5H8V0h2Z\" \/>\n\t\t\t<\/svg>\n\t\t<\/button><\/figure>\n\n\n\n<h3 class=\"wp-block-heading\"><span class=\"ez-toc-section\" id=\"12_ThermeNatur_Bad_Rodach\"><\/span>12. ThermeNatur (Bad Rodach)<span class=\"ez-toc-section-end\"><\/span><\/h3>\n\n\n\n<p class=\"wp-block-paragraph\">Tento k\u00fape\u013en\u00fd are\u00e1l n\u00e1jde\u0161 v meste\u010dku Bad Rodach a je zn\u00e1my predov\u0161etk\u00fdm v\u010faka mimoriadne kvalitnej vode. Zdej\u0161\u00ed term\u00e1lny prame\u0148, ktor\u00fd bol objaven\u00fd v roku 1972, sa \u010derp\u00e1 z <strong>h\u013abky 652 metrov<\/strong> a p\u00fd\u0161i sa titulom v\u00f4bec najteplej\u0161ieho prame\u0148a v celom \u0161irokom regi\u00f3ne. Priamo z hlb\u00edn zeme vyviera o teplote kr\u00e1snych 34 \u00b0C.<\/p>\n\n\n\n<p class=\"wp-block-paragraph\">Are\u00e1l je koncipovan\u00fd sk\u00f4r ako tradi\u010dn\u00e9 k\u00fapele a nen\u00e1jde\u0161 tu divok\u00e9 davy ba\u017eiace po adrenal\u00edne. K dispoz\u00edcii je tu <strong>k\u00fapacia a saunov\u00e1 krajina<\/strong>, ktor\u00fa dop\u013a\u0148a \u0161pecializovan\u00e9 wellness oddelenie. Je to presne ten typ miesta, kam ide\u0161 na\u010derpa\u0165 sily, spomali\u0165 a necha\u0165 lie\u010div\u00fa vodu, aby odviedla svoju pr\u00e1cu na tvojom pohybovom apar\u00e1te.<\/p>\n\n\n\n<p class=\"wp-block-paragraph\">Hod\u00ed sa prim\u00e1rne pre dospel\u00fdch, p\u00e1ry a seniorov h\u013eadaj\u00facich pokoj a naozajstn\u00fa rehabilit\u00e1ciu. Ak teda uva\u017euje\u0161 o tichom v\u00edkende s kni\u017ekou a prehrievan\u00edm k\u013abov, tu nesiahne\u0161 ved\u013ea. <strong>\ud83d\udca1 Tip:<\/strong> Ak m\u00e1\u0161 probl\u00e9my s chrbtom, objednaj sa vopred na niektor\u00fa z proced\u00far v zdej\u0161om wellness oddelen\u00ed, maj\u00fa s vyu\u017eit\u00edm miestnej vody obrovsk\u00e9 sk\u00fasenosti.<\/p>\n\n\n\n<figure data-wp-context=\"{&quot;imageId&quot;:&quot;6a9c61042d75d&quot;}\" data-wp-interactive=\"core\/image\" data-wp-key=\"6a9c61042d75d\" class=\"wp-block-image size-full wp-lightbox-container\"><img decoding=\"async\" width=\"1800\" height=\"1200\" data-wp-class--hide=\"state.isContentHidden\" data-wp-class--show=\"state.isContentVisible\" data-wp-init=\"callbacks.setButtonStyles\" data-wp-on--click=\"actions.showLightbox\" data-wp-on--load=\"callbacks.setButtonStyles\" data-wp-on--pointerdown=\"actions.preloadImage\" data-wp-on--pointerenter=\"actions.preloadImageWithDelay\" data-wp-on--pointerleave=\"actions.cancelPreload\" data-wp-on-window--resize=\"callbacks.setButtonStyles\" src=\"https:\/\/loudavymkrokem.cz\/wp-content\/uploads\/2026\/09\/nemecko-clanky-termaly-nemecko-18-1233e231.jpg\" alt=\"Johannesbad Therme Bad F\u00fcssing (Bad F\u00fcssing)\" class=\"wp-image-415307\" title=\"\" srcset=\"https:\/\/loudavymkrokem.cz\/wp-content\/uploads\/2026\/09\/nemecko-clanky-termaly-nemecko-18-1233e231.jpg 1800w, https:\/\/loudavymkrokem.cz\/wp-content\/uploads\/2026\/09\/nemecko-clanky-termaly-nemecko-18-1233e231-300x200.jpg 300w, https:\/\/loudavymkrokem.cz\/wp-content\/uploads\/2026\/09\/nemecko-clanky-termaly-nemecko-18-1233e231-700x467.jpg 700w, https:\/\/loudavymkrokem.cz\/wp-content\/uploads\/2026\/09\/nemecko-clanky-termaly-nemecko-18-1233e231-768x512.jpg 768w, https:\/\/loudavymkrokem.cz\/wp-content\/uploads\/2026\/09\/nemecko-clanky-termaly-nemecko-18-1233e231-1536x1024.jpg 1536w, https:\/\/loudavymkrokem.cz\/wp-content\/uploads\/2026\/09\/nemecko-clanky-termaly-nemecko-18-1233e231-696x464.jpg 696w, https:\/\/loudavymkrokem.cz\/wp-content\/uploads\/2026\/09\/nemecko-clanky-termaly-nemecko-18-1233e231-1392x928.jpg 1392w\" sizes=\"(max-width: 1800px) 100vw, 1800px\" \/><button\n\t\t\tclass=\"lightbox-trigger\"\n\t\t\ttype=\"button\"\n\t\t\taria-haspopup=\"dialog\"\n\t\t\tdata-wp-bind--aria-label=\"state.thisImage.triggerButtonAriaLabel\"\n\t\t\tdata-wp-init=\"callbacks.initTriggerButton\"\n\t\t\tdata-wp-on--click=\"actions.showLightbox\"\n\t\t\tdata-wp-style--right=\"state.thisImage.buttonRight\"\n\t\t\tdata-wp-style--top=\"state.thisImage.buttonTop\"\n\t\t>\n\t\t\t<svg xmlns=\"http:\/\/www.w3.org\/2000\/svg\" width=\"12\" height=\"12\" fill=\"none\" viewBox=\"0 0 12 12\">\n\t\t\t\t<path fill=\"#fff\" d=\"M2 0a2 2 0 0 0-2 2v2h1.5V2a.5.5 0 0 1 .5-.5h2V0H2Zm2 10.5H2a.5.5 0 0 1-.5-.5V8H0v2a2 2 0 0 0 2 2h2v-1.5ZM8 12v-1.5h2a.5.5 0 0 0 .5-.5V8H12v2a2 2 0 0 1-2 2H8Zm2-12a2 2 0 0 1 2 2v2h-1.5V2a.5.5 0 0 0-.5-.5H8V0h2Z\" \/>\n\t\t\t<\/svg>\n\t\t<\/button><\/figure>\n\n\n\n<h3 class=\"wp-block-heading\"><span class=\"ez-toc-section\" id=\"13_Johannesbad_Therme_Bad_Fussing_Bad_Fussing\"><\/span>13. Johannesbad Therme Bad F\u00fcssing (Bad F\u00fcssing)<span class=\"ez-toc-section-end\"><\/span><\/h3>\n\n\n\n<p class=\"wp-block-paragraph\">Pri n\u00e1v\u0161teve Bad F\u00fcssingu naraz\u00ed\u0161 na are\u00e1l, ktor\u00fd sa rad\u00ed k najv\u00e4\u010d\u0161\u00edm term\u00e1lom v celej Eur\u00f3pe. Pon\u00faka toti\u017e neuverite\u013en\u00fdch <strong>4 500 metrov \u0161tvorcov\u00fdch vodnej hladiny<\/strong>, ktor\u00e1 sa rozprestiera naprie\u010d trin\u00e1stimi obrovsk\u00fdmi baz\u00e9nmi. Voda poch\u00e1dza z prame\u0148a Johannesquelle, ktor\u00fd tu v roku 1964 nav\u0155tala rodina Zwickov\u00fdch, a prich\u00e1dza z h\u013abky rovn\u00fdch tis\u00edc metrov.<\/p>\n\n\n\n<p class=\"wp-block-paragraph\">Priamo na prameni m\u00e1 voda <strong>56 \u00b0C<\/strong>, ale v baz\u00e9noch si ju u\u017eije\u0161 schladen\u00fa na pr\u00edjemn\u00fdch 27 a\u017e 39 \u00b0C. Are\u00e1l, ktor\u00fd funguje od roku 1969 spolo\u010dne s pri\u013eahlou klinikou, obklopuj\u00fa gigantick\u00e9 vonkaj\u0161ie le\u017eiace plochy o rozlohe 60 000 metrov \u0161tvorcov\u00fdch. Nech\u00fdba tu ani saunov\u00e1 \u010das\u0165 ve\u013ek\u00e1 800 metrov \u0161tvorcov\u00fdch so \u0161tyrmi saunami a parn\u00fdm k\u00fape\u013eom.<\/p>\n\n\n\n<p class=\"wp-block-paragraph\">Je to gigant zameran\u00fd ve\u013emi na zdravie, prevenciu a lie\u010dbu, tak\u017ee sem mieri obrovsk\u00e9 mno\u017estvo \u013eud\u00ed za rehabilit\u00e1ciou. Neo\u010dak\u00e1vaj tu int\u00edmnu atmosf\u00e9ru, ale sk\u00f4r prvotriednu k\u00fape\u013en\u00fa starostlivos\u0165 v obrovskom meradle. <strong>\ud83d\udca1 Tip:<\/strong> Po\u010das letn\u00fdch mesiacov si ur\u010dite vezmi ve\u013ek\u00fa deku, tie obrovsk\u00e9 tr\u00e1vnat\u00e9 plochy vonku s\u00fa na celodenn\u00e9 le\u017eanie na slnie\u010dku ide\u00e1lne.<\/p>\n\n\n\n<figure data-wp-context=\"{&quot;imageId&quot;:&quot;6a9c61042e057&quot;}\" data-wp-interactive=\"core\/image\" data-wp-key=\"6a9c61042e057\" class=\"wp-block-image size-full wp-lightbox-container\"><img decoding=\"async\" width=\"1800\" height=\"750\" data-wp-class--hide=\"state.isContentHidden\" data-wp-class--show=\"state.isContentVisible\" data-wp-init=\"callbacks.setButtonStyles\" data-wp-on--click=\"actions.showLightbox\" data-wp-on--load=\"callbacks.setButtonStyles\" data-wp-on--pointerdown=\"actions.preloadImage\" data-wp-on--pointerenter=\"actions.preloadImageWithDelay\" data-wp-on--pointerleave=\"actions.cancelPreload\" data-wp-on-window--resize=\"callbacks.setButtonStyles\" src=\"https:\/\/loudavymkrokem.cz\/wp-content\/uploads\/2026\/09\/nemecko-clanky-termaly-nemecko-19-48dd8934.jpg\" alt=\"Baz\u00e9n s vodn\u00fdmi atrakciami v Europa Therme v Bad F\u00fcssingu\" class=\"wp-image-415483\" title=\"\" srcset=\"https:\/\/loudavymkrokem.cz\/wp-content\/uploads\/2026\/09\/nemecko-clanky-termaly-nemecko-19-48dd8934.jpg 1800w, https:\/\/loudavymkrokem.cz\/wp-content\/uploads\/2026\/09\/nemecko-clanky-termaly-nemecko-19-48dd8934-300x125.jpg 300w, https:\/\/loudavymkrokem.cz\/wp-content\/uploads\/2026\/09\/nemecko-clanky-termaly-nemecko-19-48dd8934-700x292.jpg 700w, https:\/\/loudavymkrokem.cz\/wp-content\/uploads\/2026\/09\/nemecko-clanky-termaly-nemecko-19-48dd8934-768x320.jpg 768w, https:\/\/loudavymkrokem.cz\/wp-content\/uploads\/2026\/09\/nemecko-clanky-termaly-nemecko-19-48dd8934-1536x640.jpg 1536w, https:\/\/loudavymkrokem.cz\/wp-content\/uploads\/2026\/09\/nemecko-clanky-termaly-nemecko-19-48dd8934-696x290.jpg 696w, https:\/\/loudavymkrokem.cz\/wp-content\/uploads\/2026\/09\/nemecko-clanky-termaly-nemecko-19-48dd8934-1392x580.jpg 1392w\" sizes=\"(max-width: 1800px) 100vw, 1800px\" \/><button\n\t\t\tclass=\"lightbox-trigger\"\n\t\t\ttype=\"button\"\n\t\t\taria-haspopup=\"dialog\"\n\t\t\tdata-wp-bind--aria-label=\"state.thisImage.triggerButtonAriaLabel\"\n\t\t\tdata-wp-init=\"callbacks.initTriggerButton\"\n\t\t\tdata-wp-on--click=\"actions.showLightbox\"\n\t\t\tdata-wp-style--right=\"state.thisImage.buttonRight\"\n\t\t\tdata-wp-style--top=\"state.thisImage.buttonTop\"\n\t\t>\n\t\t\t<svg xmlns=\"http:\/\/www.w3.org\/2000\/svg\" width=\"12\" height=\"12\" fill=\"none\" viewBox=\"0 0 12 12\">\n\t\t\t\t<path fill=\"#fff\" d=\"M2 0a2 2 0 0 0-2 2v2h1.5V2a.5.5 0 0 1 .5-.5h2V0H2Zm2 10.5H2a.5.5 0 0 1-.5-.5V8H0v2a2 2 0 0 0 2 2h2v-1.5ZM8 12v-1.5h2a.5.5 0 0 0 .5-.5V8H12v2a2 2 0 0 1-2 2H8Zm2-12a2 2 0 0 1 2 2v2h-1.5V2a.5.5 0 0 0-.5-.5H8V0h2Z\" \/>\n\t\t\t<\/svg>\n\t\t<\/button><\/figure>\n\n\n\n<h3 class=\"wp-block-heading\"><span class=\"ez-toc-section\" id=\"14_Europa_Therme_Bad_Fussing\"><\/span>14. Europa Therme (Bad F\u00fcssing)<span class=\"ez-toc-section-end\"><\/span><\/h3>\n\n\n\n<p class=\"wp-block-paragraph\">Druh\u00fd obrovsk\u00fd k\u00fape\u013en\u00fd komplex v Bad F\u00fcssingu l\u00e1ka na term\u00e1lnu krajinu o rozlohe 3 000 metrov \u0161tvorcov\u00fdch. Jeho absol\u00fatnou dominantou je <strong>120 metrov dlh\u00fd prietokov\u00fd kan\u00e1l<\/strong>, ktor\u00fd je napojen\u00fd na obrovsk\u00fd atrak\u010dn\u00fd baz\u00e9n Nymph\u00e4um s vodou o teplote 36 \u00b0C. Zdej\u0161ie pr\u00fady, perli\u010dkov\u00e9 lavice a vodn\u00e9 del\u00e1 \u0165a dok\u00e1\u017eu zabavi\u0165 na ve\u013emi dlh\u00fd \u010das.<\/p>\n\n\n\n<p class=\"wp-block-paragraph\">N\u00e1jde\u0161 tu <strong>17 r\u00f4znych baz\u00e9nov<\/strong> s teplotami od 27 do 40 \u00b0C. Oddychova\u0165 m\u00f4\u017ee\u0161 v baz\u00e9ne s podvodnou hudbou vyhriatom na 37 \u00b0C, v jaskyni s hviezdnym nebom alebo pri vzduchov\u00fdch bublinkov\u00fdch le\u017eadl\u00e1ch. Kto si chce zapl\u00e1va\u0165, ocen\u00ed dva baz\u00e9ny pre plavcov na znak s chladnej\u0161ou vodou okolo 29 \u00b0C. Nech\u00fdba ani ob\u013e\u00faben\u00fd vonkaj\u0161\u00ed striedav\u00fd baz\u00e9n s teplotami 18 a 40 \u00b0C.<\/p>\n\n\n\n<p class=\"wp-block-paragraph\">Pod\u013ea cenn\u00edka pre rok 2026 je vstup povolen\u00fd len pre <strong>deti od 3 rokov<\/strong>, tak\u017ee s b\u00e1b\u00e4tkami \u0165a sem bohu\u017eia\u013e nepustia. Ak sa v are\u00e1li zdr\u017e\u00ed\u0161 dlh\u0161ie, ne\u017e m\u00e1\u0161 zaplaten\u00e9, \u00fa\u010dtuje sa doplatok 1 EUR za ka\u017ed\u00fa za\u010dat\u00fa polhodinu. <strong>\ud83d\udca1 Tip:<\/strong> Za drobn\u00fd pr\u00edplatok 2 eur\u00e1 si k term\u00e1lnemu vstupu m\u00f4\u017ee\u0161 dok\u00fapi\u0165 n\u00e1v\u0161tevu Aerosalza, \u010do je \u0161peci\u00e1lna miestnos\u0165 skvel\u00e1 pre tvoje p\u013e\u00faca.<\/p>\n\n\n\n<figure data-wp-context=\"{&quot;imageId&quot;:&quot;6a9c61042e8ac&quot;}\" data-wp-interactive=\"core\/image\" data-wp-key=\"6a9c61042e8ac\" class=\"wp-block-image size-full wp-lightbox-container\"><img decoding=\"async\" width=\"1800\" height=\"1012\" data-wp-class--hide=\"state.isContentHidden\" data-wp-class--show=\"state.isContentVisible\" data-wp-init=\"callbacks.setButtonStyles\" data-wp-on--click=\"actions.showLightbox\" data-wp-on--load=\"callbacks.setButtonStyles\" data-wp-on--pointerdown=\"actions.preloadImage\" data-wp-on--pointerenter=\"actions.preloadImageWithDelay\" data-wp-on--pointerleave=\"actions.cancelPreload\" data-wp-on-window--resize=\"callbacks.setButtonStyles\" src=\"https:\/\/loudavymkrokem.cz\/wp-content\/uploads\/2026\/09\/nemecko-clanky-termaly-nemecko-20-018a6875.jpg\" alt=\"Term\u00e1lny are\u00e1l Sibyllenbad v Neualbenreuthe z v\u00fd\u0161ky\" class=\"wp-image-415309\" title=\"\" srcset=\"https:\/\/loudavymkrokem.cz\/wp-content\/uploads\/2026\/09\/nemecko-clanky-termaly-nemecko-20-018a6875.jpg 1800w, https:\/\/loudavymkrokem.cz\/wp-content\/uploads\/2026\/09\/nemecko-clanky-termaly-nemecko-20-018a6875-300x169.jpg 300w, https:\/\/loudavymkrokem.cz\/wp-content\/uploads\/2026\/09\/nemecko-clanky-termaly-nemecko-20-018a6875-700x394.jpg 700w, https:\/\/loudavymkrokem.cz\/wp-content\/uploads\/2026\/09\/nemecko-clanky-termaly-nemecko-20-018a6875-768x432.jpg 768w, https:\/\/loudavymkrokem.cz\/wp-content\/uploads\/2026\/09\/nemecko-clanky-termaly-nemecko-20-018a6875-1536x864.jpg 1536w, https:\/\/loudavymkrokem.cz\/wp-content\/uploads\/2026\/09\/nemecko-clanky-termaly-nemecko-20-018a6875-696x391.jpg 696w, https:\/\/loudavymkrokem.cz\/wp-content\/uploads\/2026\/09\/nemecko-clanky-termaly-nemecko-20-018a6875-1392x783.jpg 1392w\" sizes=\"(max-width: 1800px) 100vw, 1800px\" \/><button\n\t\t\tclass=\"lightbox-trigger\"\n\t\t\ttype=\"button\"\n\t\t\taria-haspopup=\"dialog\"\n\t\t\tdata-wp-bind--aria-label=\"state.thisImage.triggerButtonAriaLabel\"\n\t\t\tdata-wp-init=\"callbacks.initTriggerButton\"\n\t\t\tdata-wp-on--click=\"actions.showLightbox\"\n\t\t\tdata-wp-style--right=\"state.thisImage.buttonRight\"\n\t\t\tdata-wp-style--top=\"state.thisImage.buttonTop\"\n\t\t>\n\t\t\t<svg xmlns=\"http:\/\/www.w3.org\/2000\/svg\" width=\"12\" height=\"12\" fill=\"none\" viewBox=\"0 0 12 12\">\n\t\t\t\t<path fill=\"#fff\" d=\"M2 0a2 2 0 0 0-2 2v2h1.5V2a.5.5 0 0 1 .5-.5h2V0H2Zm2 10.5H2a.5.5 0 0 1-.5-.5V8H0v2a2 2 0 0 0 2 2h2v-1.5ZM8 12v-1.5h2a.5.5 0 0 0 .5-.5V8H12v2a2 2 0 0 1-2 2H8Zm2-12a2 2 0 0 1 2 2v2h-1.5V2a.5.5 0 0 0-.5-.5H8V0h2Z\" \/>\n\t\t\t<\/svg>\n\t\t<\/button><\/figure>\n\n\n\n<h3 class=\"wp-block-heading\"><span class=\"ez-toc-section\" id=\"15_Sibyllenbad_Neualbenreuth\"><\/span>15. Sibyllenbad (Neualbenreuth)<span class=\"ez-toc-section-end\"><\/span><\/h3>\n\n\n\n<p class=\"wp-block-paragraph\">Tento are\u00e1l n\u00e1jde\u0161 doslova k\u00fasok od slovensk\u00fdch hran\u00edc a jeho hlavn\u00fdm \u0165ah\u00e1kom je lie\u010div\u00e1 <strong>uhli\u010dito-miner\u00e1lna voda z prame\u0148a Sibyllenquelle<\/strong>. Zdej\u0161ia lie\u010div\u00e1 voda \u0165a prehreje na par\u00e1dnych 34 a\u017e 36 \u00b0C a ty si ju m\u00f4\u017ee\u0161 vychutna\u0165 pod po\u010detn\u00fdmi vodn\u00fdmi chrli\u010dmi v tvare labut\u00edch krkov alebo sa necha\u0165 jemne mas\u00edrova\u0165 podlahov\u00fdmi bublinkova\u010dmi.<\/p>\n\n\n\n<p class=\"wp-block-paragraph\">Komplex je navrhnut\u00fd ve\u013emi vkusne a v\u010faka svojej bl\u00edzkosti je pomerne popul\u00e1rny, aj ke\u010f nepatr\u00ed k t\u00fdm najv\u00e4\u010d\u0161\u00edm gigantom. Pod\u013ea cenn\u00edka pre rok 2026 zaplat\u00ed\u0161 za dve hodiny v baz\u00e9novej \u010dasti <strong>9 EUR<\/strong>, tri hodiny stoja 12 EUR a celodenn\u00fd l\u00edstok k\u00fapi\u0161 za 19 EUR. Ak by si chcel spoji\u0165 baz\u00e9ny rovno so saunov\u00fdm svetom, celodenn\u00e1 vstupenka \u0165a vyjde na 29 EUR.<\/p>\n\n\n\n<p class=\"wp-block-paragraph\">Od j\u00fana do augusta navy\u0161e pon\u00fakaj\u00fa \u0161peci\u00e1lny ve\u010dern\u00fd vstup do sauny. Plat\u00ed od 17. hodiny a stoj\u00ed sympatick\u00fdch 15 EUR. Je to ide\u00e1lna a cenovo dostupn\u00e1 varianta pre pokojn\u00e9 prehriatie tela po n\u00e1ro\u010dnom pracovnom dni. <strong>\ud83d\udca1 Tip:<\/strong> Ak b\u00fdva\u0161 k\u00fasok od hran\u00edc, vyu\u017ei pr\u00e1ve tento letn\u00fd ve\u010dern\u00fd tarif, za t\u00fa cenu je to asi najlep\u0161\u00ed relax v okol\u00ed.<\/p>\n\n\n\n<figure data-wp-context=\"{&quot;imageId&quot;:&quot;6a9c61042f02b&quot;}\" data-wp-interactive=\"core\/image\" data-wp-key=\"6a9c61042f02b\" class=\"wp-block-image size-full wp-lightbox-container\"><img decoding=\"async\" width=\"1800\" height=\"1200\" data-wp-class--hide=\"state.isContentHidden\" data-wp-class--show=\"state.isContentVisible\" data-wp-init=\"callbacks.setButtonStyles\" data-wp-on--click=\"actions.showLightbox\" data-wp-on--load=\"callbacks.setButtonStyles\" data-wp-on--pointerdown=\"actions.preloadImage\" data-wp-on--pointerenter=\"actions.preloadImageWithDelay\" data-wp-on--pointerleave=\"actions.cancelPreload\" data-wp-on-window--resize=\"callbacks.setButtonStyles\" src=\"https:\/\/loudavymkrokem.cz\/wp-content\/uploads\/2026\/09\/nemecko-clanky-termaly-nemecko-21-f3489141.jpg\" alt=\"Zdoben\u00e9 prie\u010delie historick\u00fdch k\u00fape\u013eov Friedrichsbad v Baden-Badene\" class=\"wp-image-415310\" title=\"\" srcset=\"https:\/\/loudavymkrokem.cz\/wp-content\/uploads\/2026\/09\/nemecko-clanky-termaly-nemecko-21-f3489141.jpg 1800w, https:\/\/loudavymkrokem.cz\/wp-content\/uploads\/2026\/09\/nemecko-clanky-termaly-nemecko-21-f3489141-300x200.jpg 300w, https:\/\/loudavymkrokem.cz\/wp-content\/uploads\/2026\/09\/nemecko-clanky-termaly-nemecko-21-f3489141-700x467.jpg 700w, https:\/\/loudavymkrokem.cz\/wp-content\/uploads\/2026\/09\/nemecko-clanky-termaly-nemecko-21-f3489141-768x512.jpg 768w, https:\/\/loudavymkrokem.cz\/wp-content\/uploads\/2026\/09\/nemecko-clanky-termaly-nemecko-21-f3489141-1536x1024.jpg 1536w, https:\/\/loudavymkrokem.cz\/wp-content\/uploads\/2026\/09\/nemecko-clanky-termaly-nemecko-21-f3489141-696x464.jpg 696w, https:\/\/loudavymkrokem.cz\/wp-content\/uploads\/2026\/09\/nemecko-clanky-termaly-nemecko-21-f3489141-1392x928.jpg 1392w\" sizes=\"(max-width: 1800px) 100vw, 1800px\" \/><button\n\t\t\tclass=\"lightbox-trigger\"\n\t\t\ttype=\"button\"\n\t\t\taria-haspopup=\"dialog\"\n\t\t\tdata-wp-bind--aria-label=\"state.thisImage.triggerButtonAriaLabel\"\n\t\t\tdata-wp-init=\"callbacks.initTriggerButton\"\n\t\t\tdata-wp-on--click=\"actions.showLightbox\"\n\t\t\tdata-wp-style--right=\"state.thisImage.buttonRight\"\n\t\t\tdata-wp-style--top=\"state.thisImage.buttonTop\"\n\t\t>\n\t\t\t<svg xmlns=\"http:\/\/www.w3.org\/2000\/svg\" width=\"12\" height=\"12\" fill=\"none\" viewBox=\"0 0 12 12\">\n\t\t\t\t<path fill=\"#fff\" d=\"M2 0a2 2 0 0 0-2 2v2h1.5V2a.5.5 0 0 1 .5-.5h2V0H2Zm2 10.5H2a.5.5 0 0 1-.5-.5V8H0v2a2 2 0 0 0 2 2h2v-1.5ZM8 12v-1.5h2a.5.5 0 0 0 .5-.5V8H12v2a2 2 0 0 1-2 2H8Zm2-12a2 2 0 0 1 2 2v2h-1.5V2a.5.5 0 0 0-.5-.5H8V0h2Z\" \/>\n\t\t\t<\/svg>\n\t\t<\/button><figcaption class=\"wp-element-caption\">Foto: A.Savin \/ Wikimedia Commons, CC BY-SA 3.0<\/figcaption><\/figure>\n\n\n\n<h2 class=\"wp-block-heading\"><span class=\"ez-toc-section\" id=\"Termaly_v_Badensku-Wurttembersku\"><\/span>Term\u00e1ly v B\u00e1densku-W\u00fcrttembersku<span class=\"ez-toc-section-end\"><\/span><\/h2>\n\n\n\n<p class=\"wp-block-paragraph\">B\u00e1densko-W\u00fcrttembersko je \u00fapln\u00e1 klasika, ak h\u013ead\u00e1\u0161 t\u00fa prav\u00fa <strong>tradi\u010dn\u00fa k\u00fape\u013en\u00fa kult\u00faru<\/strong>. Pr\u00e1ve tu n\u00e1jde\u0161 sl\u00e1vne Baden-Baden a pravdepodobne najv\u00e4\u010d\u0161iu koncentr\u00e1ciu miest s predponou \u201eBad\u201c z cel\u00e9ho Nemecka. Ver mi, \u017ee o miner\u00e1lne pramene tu rozhodne nie je n\u00fadza a na svoje si pr\u00eddu milovn\u00edci hist\u00f3rie aj modernej relax\u00e1cie.<\/p>\n\n\n\n<p class=\"wp-block-paragraph\">Okrem historick\u00fdch k\u00fape\u013eov sa ale t\u00e1to spolkov\u00e1 krajina p\u00fd\u0161i aj unik\u00e1tom. Stoja tu toti\u017e <strong>dva obrovsk\u00e9 tropick\u00e9 term\u00e1ly<\/strong>, ktor\u00e9 vybudoval zn\u00e1my vizion\u00e1r Josef Wund. Ak teda t\u00fa\u017ei\u0161 po exotike pod presklenou strechou, m\u00e1\u0161 sa na \u010do te\u0161i\u0165.<\/p>\n\n\n\n<figure data-wp-context=\"{&quot;imageId&quot;:&quot;6a9c61042f5d7&quot;}\" data-wp-interactive=\"core\/image\" data-wp-key=\"6a9c61042f5d7\" class=\"wp-block-image size-full wp-lightbox-container\"><img decoding=\"async\" width=\"1800\" height=\"1201\" data-wp-class--hide=\"state.isContentHidden\" data-wp-class--show=\"state.isContentVisible\" data-wp-init=\"callbacks.setButtonStyles\" data-wp-on--click=\"actions.showLightbox\" data-wp-on--load=\"callbacks.setButtonStyles\" data-wp-on--pointerdown=\"actions.preloadImage\" data-wp-on--pointerenter=\"actions.preloadImageWithDelay\" data-wp-on--pointerleave=\"actions.cancelPreload\" data-wp-on-window--resize=\"callbacks.setButtonStyles\" src=\"https:\/\/loudavymkrokem.cz\/wp-content\/uploads\/2026\/09\/nemecko-clanky-termaly-nemecko-22-938982ac.jpg\" alt=\"Thermen &#038; Badewelt Sinsheim (Sinsheim): baz\u00e9n pod panoramatickou strechou\" class=\"wp-image-415311\" title=\"\" srcset=\"https:\/\/loudavymkrokem.cz\/wp-content\/uploads\/2026\/09\/nemecko-clanky-termaly-nemecko-22-938982ac.jpg 1800w, https:\/\/loudavymkrokem.cz\/wp-content\/uploads\/2026\/09\/nemecko-clanky-termaly-nemecko-22-938982ac-300x200.jpg 300w, https:\/\/loudavymkrokem.cz\/wp-content\/uploads\/2026\/09\/nemecko-clanky-termaly-nemecko-22-938982ac-700x467.jpg 700w, https:\/\/loudavymkrokem.cz\/wp-content\/uploads\/2026\/09\/nemecko-clanky-termaly-nemecko-22-938982ac-768x512.jpg 768w, https:\/\/loudavymkrokem.cz\/wp-content\/uploads\/2026\/09\/nemecko-clanky-termaly-nemecko-22-938982ac-1536x1025.jpg 1536w, https:\/\/loudavymkrokem.cz\/wp-content\/uploads\/2026\/09\/nemecko-clanky-termaly-nemecko-22-938982ac-696x464.jpg 696w, https:\/\/loudavymkrokem.cz\/wp-content\/uploads\/2026\/09\/nemecko-clanky-termaly-nemecko-22-938982ac-1392x929.jpg 1392w\" sizes=\"(max-width: 1800px) 100vw, 1800px\" \/><button\n\t\t\tclass=\"lightbox-trigger\"\n\t\t\ttype=\"button\"\n\t\t\taria-haspopup=\"dialog\"\n\t\t\tdata-wp-bind--aria-label=\"state.thisImage.triggerButtonAriaLabel\"\n\t\t\tdata-wp-init=\"callbacks.initTriggerButton\"\n\t\t\tdata-wp-on--click=\"actions.showLightbox\"\n\t\t\tdata-wp-style--right=\"state.thisImage.buttonRight\"\n\t\t\tdata-wp-style--top=\"state.thisImage.buttonTop\"\n\t\t>\n\t\t\t<svg xmlns=\"http:\/\/www.w3.org\/2000\/svg\" width=\"12\" height=\"12\" fill=\"none\" viewBox=\"0 0 12 12\">\n\t\t\t\t<path fill=\"#fff\" d=\"M2 0a2 2 0 0 0-2 2v2h1.5V2a.5.5 0 0 1 .5-.5h2V0H2Zm2 10.5H2a.5.5 0 0 1-.5-.5V8H0v2a2 2 0 0 0 2 2h2v-1.5ZM8 12v-1.5h2a.5.5 0 0 0 .5-.5V8H12v2a2 2 0 0 1-2 2H8Zm2-12a2 2 0 0 1 2 2v2h-1.5V2a.5.5 0 0 0-.5-.5H8V0h2Z\" \/>\n\t\t\t<\/svg>\n\t\t<\/button><\/figure>\n\n\n\n<h3 class=\"wp-block-heading\"><span class=\"ez-toc-section\" id=\"16_Thermen_Badewelt_Sinsheim_Sinsheim\"><\/span>16. Thermen &#038; Badewelt Sinsheim (Sinsheim)<span class=\"ez-toc-section-end\"><\/span><\/h3>\n\n\n\n<p class=\"wp-block-paragraph\">Tento obrovsk\u00fd komplex v meste Sinsheim patr\u00ed do presl\u00e1venej rodiny k\u00fape\u013eov Josefa Wunda a vn\u00fatri to vyzer\u00e1 ako v dokonalom exotickom raji. Hlavn\u00fdm l\u00e1kadlom je <strong>impozantn\u00e9 Palmenparadies<\/strong>, kde rastie vy\u0161e 400 \u017eiv\u00fdch tropick\u00fdch paliem a viac ne\u017e tis\u00edcka n\u00e1dhern\u00fdch orchide\u00ed. Z\u00e1\u017eitok je to naozaj mimoriadny, najm\u00e4 ke\u010f vonku panuje sychrav\u00e9 po\u010dasie a ty sa prech\u00e1dza\u0161 v plavk\u00e1ch medzi palmami.<\/p>\n\n\n\n<p class=\"wp-block-paragraph\">Teploty vody \u0165a zaru\u010dene pote\u0161ia, preto\u017ee v lag\u00fanach sa ohreje\u0161 v 34 \u00b0C a baz\u00e9n Quellen der Gesundheit pon\u00faka <strong>pr\u00edjemn\u00fdch 36 \u00b0C<\/strong>. Zapl\u00e1va\u0165 si m\u00f4\u017ee\u0161 v 25-metrovom \u0161portovom baz\u00e9ne s 26 \u00b0C, zatia\u013e \u010do v\u00fdu\u010dbov\u00fd baz\u00e9n m\u00e1 32 \u00b0C. Na ochladenie sl\u00fa\u017ei ponorn\u00fd baz\u00e9n s 16 \u00b0C. Z\u00f3na Vitaltherme &#038; Sauna ukr\u00fdva 13 r\u00f4znych s\u00e1un, medzi ktor\u00fdmi nech\u00fdba ani \u0161peci\u00e1lna sauna na lodi. V lag\u00fane s tyrkysovou vodou si navy\u0161e m\u00f4\u017ee\u0161 vychutna\u0165 exotick\u00fd kokteil priamo z poolbaru.<\/p>\n\n\n\n<p class=\"wp-block-paragraph\">K\u00fapele s\u00fa pr\u00edstupn\u00e9 <strong>v\u00fdhradne od 16 rokov<\/strong>, tak\u017ee s de\u0165mi si sem cestu nepl\u00e1nuj. Aktu\u00e1lne vstupn\u00e9 si pred cestou skontroluj na webe, preto\u017ee sa men\u00ed pod\u013ea d\u0148a aj d\u013a\u017eky pobytu. Ak sa sem chyst\u00e1\u0161 viackr\u00e1t, oplat\u00ed sa predplaten\u00e1 hodnotov\u00e1 karta: za kredit 150 eur zaplat\u00ed\u0161 142,50 eur, teda s 5% z\u013eavou. <strong>\ud83d\udca1 Tip:<\/strong> Ak zabudne\u0161 v\u00fdbavu, po\u017ei\u010danie \u017eupanu stoj\u00ed 9 eur (plus z\u00e1loha 40 eur) a uter\u00e1k vyjde na 6 eur (z\u00e1loha 20 eur).<\/p>\n\n\n\n<figure data-wp-context=\"{&quot;imageId&quot;:&quot;6a9c61042fba2&quot;}\" data-wp-interactive=\"core\/image\" data-wp-key=\"6a9c61042fba2\" class=\"wp-block-image size-full wp-lightbox-container\"><img decoding=\"async\" width=\"1800\" height=\"1200\" data-wp-class--hide=\"state.isContentHidden\" data-wp-class--show=\"state.isContentVisible\" data-wp-init=\"callbacks.setButtonStyles\" data-wp-on--click=\"actions.showLightbox\" data-wp-on--load=\"callbacks.setButtonStyles\" data-wp-on--pointerdown=\"actions.preloadImage\" data-wp-on--pointerenter=\"actions.preloadImageWithDelay\" data-wp-on--pointerleave=\"actions.cancelPreload\" data-wp-on-window--resize=\"callbacks.setButtonStyles\" src=\"https:\/\/loudavymkrokem.cz\/wp-content\/uploads\/2026\/09\/nemecko-clanky-termaly-nemecko-23-69c5fa9a.jpg\" alt=\"Budova Mineraltherme v B\u00f6blingene\" class=\"wp-image-415485\" title=\"\" srcset=\"https:\/\/loudavymkrokem.cz\/wp-content\/uploads\/2026\/09\/nemecko-clanky-termaly-nemecko-23-69c5fa9a.jpg 1800w, https:\/\/loudavymkrokem.cz\/wp-content\/uploads\/2026\/09\/nemecko-clanky-termaly-nemecko-23-69c5fa9a-300x200.jpg 300w, https:\/\/loudavymkrokem.cz\/wp-content\/uploads\/2026\/09\/nemecko-clanky-termaly-nemecko-23-69c5fa9a-700x467.jpg 700w, https:\/\/loudavymkrokem.cz\/wp-content\/uploads\/2026\/09\/nemecko-clanky-termaly-nemecko-23-69c5fa9a-768x512.jpg 768w, https:\/\/loudavymkrokem.cz\/wp-content\/uploads\/2026\/09\/nemecko-clanky-termaly-nemecko-23-69c5fa9a-1536x1024.jpg 1536w, https:\/\/loudavymkrokem.cz\/wp-content\/uploads\/2026\/09\/nemecko-clanky-termaly-nemecko-23-69c5fa9a-696x464.jpg 696w, https:\/\/loudavymkrokem.cz\/wp-content\/uploads\/2026\/09\/nemecko-clanky-termaly-nemecko-23-69c5fa9a-1392x928.jpg 1392w\" sizes=\"(max-width: 1800px) 100vw, 1800px\" \/><button\n\t\t\tclass=\"lightbox-trigger\"\n\t\t\ttype=\"button\"\n\t\t\taria-haspopup=\"dialog\"\n\t\t\tdata-wp-bind--aria-label=\"state.thisImage.triggerButtonAriaLabel\"\n\t\t\tdata-wp-init=\"callbacks.initTriggerButton\"\n\t\t\tdata-wp-on--click=\"actions.showLightbox\"\n\t\t\tdata-wp-style--right=\"state.thisImage.buttonRight\"\n\t\t\tdata-wp-style--top=\"state.thisImage.buttonTop\"\n\t\t>\n\t\t\t<svg xmlns=\"http:\/\/www.w3.org\/2000\/svg\" width=\"12\" height=\"12\" fill=\"none\" viewBox=\"0 0 12 12\">\n\t\t\t\t<path fill=\"#fff\" d=\"M2 0a2 2 0 0 0-2 2v2h1.5V2a.5.5 0 0 1 .5-.5h2V0H2Zm2 10.5H2a.5.5 0 0 1-.5-.5V8H0v2a2 2 0 0 0 2 2h2v-1.5ZM8 12v-1.5h2a.5.5 0 0 0 .5-.5V8H12v2a2 2 0 0 1-2 2H8Zm2-12a2 2 0 0 1 2 2v2h-1.5V2a.5.5 0 0 0-.5-.5H8V0h2Z\" \/>\n\t\t\t<\/svg>\n\t\t<\/button><figcaption class=\"wp-element-caption\">Foto: Giftzwerg 88 \/ Wikimedia Commons, CC BY-SA 3.0<\/figcaption><\/figure>\n\n\n\n<h3 class=\"wp-block-heading\"><span class=\"ez-toc-section\" id=\"17_Mineraltherme_Boblingen_Boblingen\"><\/span>17. Mineraltherme B\u00f6blingen (B\u00f6blingen)<span class=\"ez-toc-section-end\"><\/span><\/h3>\n\n\n\n<p class=\"wp-block-paragraph\">V k\u00fape\u013eoch v meste B\u00f6blingen na teba \u010dak\u00e1 saunov\u00fd svet, ktor\u00fd <strong>zaber\u00e1 \u0161tedr\u00fdch 3 300 metrov \u0161tvorcov\u00fdch<\/strong>. K\u00fapa\u0165 sa bude\u0161 v piatich r\u00f4znych relaxa\u010dn\u00fdch baz\u00e9noch, kde sa teplota vody pohybuje od ve\u013emi pr\u00edjemn\u00fdch 31 do 36 \u00b0C. Tento komplex sa hod\u00ed pre ka\u017ed\u00e9ho, kto h\u013ead\u00e1 \u00fanik od v\u0161edn\u00fdch starost\u00ed a potrp\u00ed si na kvalitn\u00e9 wellness z\u00e1zemie uprostred mesta.<\/p>\n\n\n\n<p class=\"wp-block-paragraph\">Saun\u00e1ri si tu naozaj pr\u00eddu na svoje, preto\u017ee roz\u013eahl\u00fd are\u00e1l pon\u00faka klasick\u00fa f\u00ednsku saunu, vo\u0148av\u00fa bylinkov\u00fa prehrievare\u0148, miernej\u0161iu softsaunu, \u0161peci\u00e1lne SinnBad aj tradi\u010dn\u00e9 r\u00edmske parn\u00e9 k\u00fapele. Otvoren\u00e9 je pre n\u00e1v\u0161tevn\u00edkov ka\u017ed\u00fd de\u0148 od 9 do 22 hod\u00edn. Ak miluje\u0161 dlh\u00e9 ve\u010dern\u00e9 k\u00fapanie, vyraz sem prv\u00fd piatok v mesiaci, ke\u010f <strong>m\u00f4\u017ee\u0161 relaxova\u0165 a\u017e do polnoci<\/strong>. De\u0165om do 5 rokov je vstup celkom odopret\u00fd a ml\u00e1de\u017e do 16 rokov mus\u00ed ma\u0165 dospel\u00fd sprievod.<\/p>\n\n\n\n<p class=\"wp-block-paragraph\">Pod\u013ea cenn\u00edka pre rok 2026 stoj\u00ed trojhodinov\u00fd vstup do term\u00e1lov a Classic-Sauny <strong>17,50 eur vo v\u0161edn\u00e9 dni<\/strong> a 19 eur cez v\u00edkend. Vstupenka na 4 hodiny vr\u00e1tane z\u00f3ny Saunagarten stoj\u00ed 26,50 eur, respekt\u00edve 28 eur. Celodenn\u00fd l\u00edstok do oboch saunov\u00fdch z\u00f3n vyjde na 33,50 eur cez t\u00fd\u017ede\u0148. Rodinn\u00fd tarif pre dvoch dospel\u00fdch a dve deti (5 a\u017e 16 rokov) vyjde na 50 eur na tri hodiny. <strong>\ud83d\udca1 Tip:<\/strong> Za ka\u017ed\u00e9 minut\u00e9 euro v are\u00e1li za mas\u00e1\u017ee z\u00edska\u0161 min\u00fatu \u010dasov\u00e9ho kreditu navy\u0161e. Narodeninov\u00ed osl\u00e1venci maj\u00fa po predlo\u017een\u00ed dokladu 50% z\u013eavu na vstup.<\/p>\n\n\n\n<figure data-wp-context=\"{&quot;imageId&quot;:&quot;6a9c6104301a1&quot;}\" data-wp-interactive=\"core\/image\" data-wp-key=\"6a9c6104301a1\" class=\"wp-block-image size-full wp-lightbox-container\"><img decoding=\"async\" width=\"1800\" height=\"1350\" data-wp-class--hide=\"state.isContentHidden\" data-wp-class--show=\"state.isContentVisible\" data-wp-init=\"callbacks.setButtonStyles\" data-wp-on--click=\"actions.showLightbox\" data-wp-on--load=\"callbacks.setButtonStyles\" data-wp-on--pointerdown=\"actions.preloadImage\" data-wp-on--pointerenter=\"actions.preloadImageWithDelay\" data-wp-on--pointerleave=\"actions.cancelPreload\" data-wp-on-window--resize=\"callbacks.setButtonStyles\" src=\"https:\/\/loudavymkrokem.cz\/wp-content\/uploads\/2026\/09\/nemecko-clanky-termaly-nemecko-24-fb363786-1.jpg\" alt=\"Panorama Therme Beuren (Beuren)\" class=\"wp-image-415315\" title=\"\" srcset=\"https:\/\/loudavymkrokem.cz\/wp-content\/uploads\/2026\/09\/nemecko-clanky-termaly-nemecko-24-fb363786-1.jpg 1800w, https:\/\/loudavymkrokem.cz\/wp-content\/uploads\/2026\/09\/nemecko-clanky-termaly-nemecko-24-fb363786-1-300x225.jpg 300w, https:\/\/loudavymkrokem.cz\/wp-content\/uploads\/2026\/09\/nemecko-clanky-termaly-nemecko-24-fb363786-1-700x525.jpg 700w, https:\/\/loudavymkrokem.cz\/wp-content\/uploads\/2026\/09\/nemecko-clanky-termaly-nemecko-24-fb363786-1-768x576.jpg 768w, https:\/\/loudavymkrokem.cz\/wp-content\/uploads\/2026\/09\/nemecko-clanky-termaly-nemecko-24-fb363786-1-1536x1152.jpg 1536w, https:\/\/loudavymkrokem.cz\/wp-content\/uploads\/2026\/09\/nemecko-clanky-termaly-nemecko-24-fb363786-1-80x60.jpg 80w, https:\/\/loudavymkrokem.cz\/wp-content\/uploads\/2026\/09\/nemecko-clanky-termaly-nemecko-24-fb363786-1-160x120.jpg 160w, https:\/\/loudavymkrokem.cz\/wp-content\/uploads\/2026\/09\/nemecko-clanky-termaly-nemecko-24-fb363786-1-696x522.jpg 696w, https:\/\/loudavymkrokem.cz\/wp-content\/uploads\/2026\/09\/nemecko-clanky-termaly-nemecko-24-fb363786-1-1392x1044.jpg 1392w\" sizes=\"(max-width: 1800px) 100vw, 1800px\" \/><button\n\t\t\tclass=\"lightbox-trigger\"\n\t\t\ttype=\"button\"\n\t\t\taria-haspopup=\"dialog\"\n\t\t\tdata-wp-bind--aria-label=\"state.thisImage.triggerButtonAriaLabel\"\n\t\t\tdata-wp-init=\"callbacks.initTriggerButton\"\n\t\t\tdata-wp-on--click=\"actions.showLightbox\"\n\t\t\tdata-wp-style--right=\"state.thisImage.buttonRight\"\n\t\t\tdata-wp-style--top=\"state.thisImage.buttonTop\"\n\t\t>\n\t\t\t<svg xmlns=\"http:\/\/www.w3.org\/2000\/svg\" width=\"12\" height=\"12\" fill=\"none\" viewBox=\"0 0 12 12\">\n\t\t\t\t<path fill=\"#fff\" d=\"M2 0a2 2 0 0 0-2 2v2h1.5V2a.5.5 0 0 1 .5-.5h2V0H2Zm2 10.5H2a.5.5 0 0 1-.5-.5V8H0v2a2 2 0 0 0 2 2h2v-1.5ZM8 12v-1.5h2a.5.5 0 0 0 .5-.5V8H12v2a2 2 0 0 1-2 2H8Zm2-12a2 2 0 0 1 2 2v2h-1.5V2a.5.5 0 0 0-.5-.5H8V0h2Z\" \/>\n\t\t\t<\/svg>\n\t\t<\/button><\/figure>\n\n\n\n<h3 class=\"wp-block-heading\"><span class=\"ez-toc-section\" id=\"18_Panorama_Therme_Beuren_Beuren\"><\/span>18. Panorama Therme Beuren (Beuren)<span class=\"ez-toc-section-end\"><\/span><\/h3>\n\n\n\n<p class=\"wp-block-paragraph\">Tieto term\u00e1ly le\u017eia v malebnom meste Beuren a ich poloha je unik\u00e1tna, preto\u017ee ve\u013ek\u00e1 \u010das\u0165 \u00fazemia obce <strong>spad\u00e1 do biosf\u00e9rickej rezerv\u00e1cie Schw\u00e4bische Alb<\/strong>. Pr\u00edroda okolo je teda jednoducho n\u00e1dhern\u00e1 a ty si tu odd\u00fdchne\u0161 na maximum s vedom\u00edm, \u017ee sa nach\u00e1dza\u0161 v chr\u00e1nenej oblasti. K\u00fapele sa v\u010faka tomu perfektne hodia na zakon\u010denie akt\u00edvneho d\u0148a na \u0160v\u00e1bskej Albe.<\/p>\n\n\n\n<p class=\"wp-block-paragraph\">K dispoz\u00edcii je klasick\u00e1 term\u00e1lna \u010das\u0165 aj ve\u013emi ob\u013e\u00faben\u00e9 parn\u00e9 k\u00fapele (Dampfb\u00e4der). Prostredie je celkovo pokojnej\u0161ie a zameriava sa prim\u00e1rne na dospel\u00fdch n\u00e1v\u0161tevn\u00edkov, ktor\u00ed h\u013eadaj\u00fa poctiv\u00fd oddych po potulk\u00e1ch v okolitej pr\u00edrode. Atmosf\u00e9ra tu plynie v pomal\u0161om tempe a ty si m\u00f4\u017ee\u0161 bez v\u00fd\u010ditiek u\u017e\u00edva\u0165 blahodarn\u00e9 \u00fa\u010dinky teplej vody.<\/p>\n\n\n\n<p class=\"wp-block-paragraph\">Pod\u013ea cenn\u00edka pre rok 2026 vyjde vstupenka do parn\u00fdch k\u00fape\u013eov na 2,5 hodiny <strong>na 17,50 eur vo v\u0161edn\u00e9 dni<\/strong>, cez v\u00edkend a sviatky si priplat\u00ed\u0161 1,50 eura. \u013dudia s \u0165a\u017ek\u00fdm zdravotn\u00fdm postihnut\u00edm maj\u00fa miernu z\u013eavu a platia 16,50 eur. Kombin\u00e1cia term\u00e1lov a pary na 3 hodiny stoj\u00ed 25,50 eur cez t\u00fd\u017ede\u0148 a 27 eur cez v\u00edkend. <strong>\ud83d\udca1 Tip:<\/strong> Ak m\u00e1\u0161 doma star\u0161ie vstupenky vo form\u00e1te parkovacieho l\u00edstka s \u010diarov\u00fdm k\u00f3dom, m\u00f4\u017ee\u0161 ich st\u00e1le vyu\u017ei\u0165, ale doplat\u00ed\u0161 si 3 a\u017e 3,50 eura. Pri prastar\u00fdch l\u00edstkoch s magnetick\u00fdm pr\u00fa\u017ekom je doplatok 5 a\u017e 5,50 eura.<\/p>\n\n\n\n<figure data-wp-context=\"{&quot;imageId&quot;:&quot;6a9c61043083d&quot;}\" data-wp-interactive=\"core\/image\" data-wp-key=\"6a9c61043083d\" class=\"wp-block-image size-full wp-lightbox-container\"><img decoding=\"async\" width=\"1800\" height=\"1200\" data-wp-class--hide=\"state.isContentHidden\" data-wp-class--show=\"state.isContentVisible\" data-wp-init=\"callbacks.setButtonStyles\" data-wp-on--click=\"actions.showLightbox\" data-wp-on--load=\"callbacks.setButtonStyles\" data-wp-on--pointerdown=\"actions.preloadImage\" data-wp-on--pointerenter=\"actions.preloadImageWithDelay\" data-wp-on--pointerleave=\"actions.cancelPreload\" data-wp-on-window--resize=\"callbacks.setButtonStyles\" src=\"https:\/\/loudavymkrokem.cz\/wp-content\/uploads\/2026\/09\/nemecko-clanky-termaly-nemecko-25-92e2b50c.jpg\" alt=\"Bodensee-Therme Konstanz s re\u0161taur\u00e1ciou nad brehom Bodamsk\u00e9ho jazera\" class=\"wp-image-415489\" title=\"\" srcset=\"https:\/\/loudavymkrokem.cz\/wp-content\/uploads\/2026\/09\/nemecko-clanky-termaly-nemecko-25-92e2b50c.jpg 1800w, https:\/\/loudavymkrokem.cz\/wp-content\/uploads\/2026\/09\/nemecko-clanky-termaly-nemecko-25-92e2b50c-300x200.jpg 300w, https:\/\/loudavymkrokem.cz\/wp-content\/uploads\/2026\/09\/nemecko-clanky-termaly-nemecko-25-92e2b50c-700x467.jpg 700w, https:\/\/loudavymkrokem.cz\/wp-content\/uploads\/2026\/09\/nemecko-clanky-termaly-nemecko-25-92e2b50c-768x512.jpg 768w, https:\/\/loudavymkrokem.cz\/wp-content\/uploads\/2026\/09\/nemecko-clanky-termaly-nemecko-25-92e2b50c-1536x1024.jpg 1536w, https:\/\/loudavymkrokem.cz\/wp-content\/uploads\/2026\/09\/nemecko-clanky-termaly-nemecko-25-92e2b50c-696x464.jpg 696w, https:\/\/loudavymkrokem.cz\/wp-content\/uploads\/2026\/09\/nemecko-clanky-termaly-nemecko-25-92e2b50c-1392x928.jpg 1392w\" sizes=\"(max-width: 1800px) 100vw, 1800px\" \/><button\n\t\t\tclass=\"lightbox-trigger\"\n\t\t\ttype=\"button\"\n\t\t\taria-haspopup=\"dialog\"\n\t\t\tdata-wp-bind--aria-label=\"state.thisImage.triggerButtonAriaLabel\"\n\t\t\tdata-wp-init=\"callbacks.initTriggerButton\"\n\t\t\tdata-wp-on--click=\"actions.showLightbox\"\n\t\t\tdata-wp-style--right=\"state.thisImage.buttonRight\"\n\t\t\tdata-wp-style--top=\"state.thisImage.buttonTop\"\n\t\t>\n\t\t\t<svg xmlns=\"http:\/\/www.w3.org\/2000\/svg\" width=\"12\" height=\"12\" fill=\"none\" viewBox=\"0 0 12 12\">\n\t\t\t\t<path fill=\"#fff\" d=\"M2 0a2 2 0 0 0-2 2v2h1.5V2a.5.5 0 0 1 .5-.5h2V0H2Zm2 10.5H2a.5.5 0 0 1-.5-.5V8H0v2a2 2 0 0 0 2 2h2v-1.5ZM8 12v-1.5h2a.5.5 0 0 0 .5-.5V8H12v2a2 2 0 0 1-2 2H8Zm2-12a2 2 0 0 1 2 2v2h-1.5V2a.5.5 0 0 0-.5-.5H8V0h2Z\" \/>\n\t\t\t<\/svg>\n\t\t<\/button><figcaption class=\"wp-element-caption\">Foto: Rizzo \/ Wikimedia Commons, CC BY-SA 3.0<\/figcaption><\/figure>\n\n\n\n<h3 class=\"wp-block-heading\"><span class=\"ez-toc-section\" id=\"19_Bodensee-Therme_Konstanz_Konstanz\"><\/span>19. Bodensee-Therme Konstanz (Konstanz)<span class=\"ez-toc-section-end\"><\/span><\/h3>\n\n\n\n<p class=\"wp-block-paragraph\">Tu sa bude\u0161 k\u00fapa\u0165 <strong>priamo na brehu sl\u00e1vneho Bodamsk\u00e9ho jazera<\/strong> v meste Konstanz. Cel\u00fd are\u00e1l sa \u0161ikovne del\u00ed na \u0161tyri hlavn\u00e9 \u010dasti, ktor\u00e9 zah\u0155\u0148aj\u00fa vn\u00fatorn\u00fd term\u00e1lny baz\u00e9n, vonkaj\u0161\u00ed term\u00e1lny baz\u00e9n, \u0161peci\u00e1lny Quelltopf a tie\u017e letn\u00e9 k\u00fapalisko (Freibad), v ktorom nesmie ch\u00fdba\u0165 poctiv\u00fd 50-metrov\u00fd plaveck\u00fd baz\u00e9n. Kombin\u00e1cia baz\u00e9nov a jazera je \u010darovn\u00e1.<\/p>\n\n\n\n<p class=\"wp-block-paragraph\">V lete si tak \u013eudia u\u017e\u00edvaj\u00fa k\u00fapanie priamo v jazere, zatia\u013e \u010do v chladnej\u0161\u00edch mesiacoch ich l\u00e1kaj\u00fa prehriate term\u00e1ly. Saunov\u00e1 \u010das\u0165 je otvoren\u00e1 denne od 10 do 22 hod\u00edn a ka\u017ed\u00fd utorok funguje <strong>v\u00fdhradne ako d\u00e1mska sauna<\/strong>, \u010do je skvel\u00e1 spr\u00e1va pre v\u0161etky n\u00e1v\u0161tevn\u00ed\u010dky h\u013eadaj\u00face s\u00fakromie. Deti do sauny a Quelltopfu m\u00f4\u017eu a\u017e od 6 rokov. Do letn\u00e9ho Freibadu maj\u00fa deti do 5 rokov vstup zadarmo, do term\u00e1lov neplatia deti do 2 rokov.<\/p>\n\n\n\n<p class=\"wp-block-paragraph\">Pod\u013ea cenn\u00edka pre rok 2026 zaplat\u00ed\u0161 za 3 hodiny v term\u00e1loch <strong>16,50 eur cez t\u00fd\u017ede\u0148<\/strong> a 19 eur cez v\u00edkend \u010di sviatky. Celodenn\u00fd pobyt v baz\u00e9noch stoj\u00ed 19,50 eur, respekt\u00edve 22 eur. Trojhodinov\u00e1 sauna vyjde na 27,50 eur vo v\u0161edn\u00e9 dni a 30,50 eur cez v\u00edkend. <strong>\ud83d\udca1 Tip:<\/strong> Vonkaj\u0161\u00ed term\u00e1lny baz\u00e9n prech\u00e1dza rev\u00edziou a bude mimo prev\u00e1dzky a\u017e do 25. septembra 2026, tak s t\u00fdm pri pl\u00e1novan\u00ed v\u00fdletu rad\u0161ej vopred po\u010d\u00edtaj.<\/p>\n\n\n\n<figure data-wp-context=\"{&quot;imageId&quot;:&quot;6a9c610430d51&quot;}\" data-wp-interactive=\"core\/image\" data-wp-key=\"6a9c610430d51\" class=\"wp-block-image size-full wp-lightbox-container\"><img decoding=\"async\" width=\"1800\" height=\"1200\" data-wp-class--hide=\"state.isContentHidden\" data-wp-class--show=\"state.isContentVisible\" data-wp-init=\"callbacks.setButtonStyles\" data-wp-on--click=\"actions.showLightbox\" data-wp-on--load=\"callbacks.setButtonStyles\" data-wp-on--pointerdown=\"actions.preloadImage\" data-wp-on--pointerenter=\"actions.preloadImageWithDelay\" data-wp-on--pointerleave=\"actions.cancelPreload\" data-wp-on-window--resize=\"callbacks.setButtonStyles\" src=\"https:\/\/loudavymkrokem.cz\/wp-content\/uploads\/2026\/09\/nemecko-clanky-termaly-nemecko-26-4ac25752-1.jpg\" alt=\"Adelindis Therme (Bad Buchau): relaxa\u010dn\u00fd baz\u00e9n\" class=\"wp-image-415319\" title=\"\" srcset=\"https:\/\/loudavymkrokem.cz\/wp-content\/uploads\/2026\/09\/nemecko-clanky-termaly-nemecko-26-4ac25752-1.jpg 1800w, https:\/\/loudavymkrokem.cz\/wp-content\/uploads\/2026\/09\/nemecko-clanky-termaly-nemecko-26-4ac25752-1-300x200.jpg 300w, https:\/\/loudavymkrokem.cz\/wp-content\/uploads\/2026\/09\/nemecko-clanky-termaly-nemecko-26-4ac25752-1-700x467.jpg 700w, https:\/\/loudavymkrokem.cz\/wp-content\/uploads\/2026\/09\/nemecko-clanky-termaly-nemecko-26-4ac25752-1-768x512.jpg 768w, https:\/\/loudavymkrokem.cz\/wp-content\/uploads\/2026\/09\/nemecko-clanky-termaly-nemecko-26-4ac25752-1-1536x1024.jpg 1536w, https:\/\/loudavymkrokem.cz\/wp-content\/uploads\/2026\/09\/nemecko-clanky-termaly-nemecko-26-4ac25752-1-696x464.jpg 696w, https:\/\/loudavymkrokem.cz\/wp-content\/uploads\/2026\/09\/nemecko-clanky-termaly-nemecko-26-4ac25752-1-1392x928.jpg 1392w\" sizes=\"(max-width: 1800px) 100vw, 1800px\" \/><button\n\t\t\tclass=\"lightbox-trigger\"\n\t\t\ttype=\"button\"\n\t\t\taria-haspopup=\"dialog\"\n\t\t\tdata-wp-bind--aria-label=\"state.thisImage.triggerButtonAriaLabel\"\n\t\t\tdata-wp-init=\"callbacks.initTriggerButton\"\n\t\t\tdata-wp-on--click=\"actions.showLightbox\"\n\t\t\tdata-wp-style--right=\"state.thisImage.buttonRight\"\n\t\t\tdata-wp-style--top=\"state.thisImage.buttonTop\"\n\t\t>\n\t\t\t<svg xmlns=\"http:\/\/www.w3.org\/2000\/svg\" width=\"12\" height=\"12\" fill=\"none\" viewBox=\"0 0 12 12\">\n\t\t\t\t<path fill=\"#fff\" d=\"M2 0a2 2 0 0 0-2 2v2h1.5V2a.5.5 0 0 1 .5-.5h2V0H2Zm2 10.5H2a.5.5 0 0 1-.5-.5V8H0v2a2 2 0 0 0 2 2h2v-1.5ZM8 12v-1.5h2a.5.5 0 0 0 .5-.5V8H12v2a2 2 0 0 1-2 2H8Zm2-12a2 2 0 0 1 2 2v2h-1.5V2a.5.5 0 0 0-.5-.5H8V0h2Z\" \/>\n\t\t\t<\/svg>\n\t\t<\/button><\/figure>\n\n\n\n<h3 class=\"wp-block-heading\"><span class=\"ez-toc-section\" id=\"20_Adelindis_Therme_Bad_Buchau\"><\/span>20. Adelindis Therme (Bad Buchau)<span class=\"ez-toc-section-end\"><\/span><\/h3>\n\n\n\n<p class=\"wp-block-paragraph\">Ak miluje\u0161 poriadne prehriatie a potrp\u00ed\u0161 si na rozmanitos\u0165, v k\u00fape\u013enom meste\u010dku Bad Buchau bude\u0161 stopercentne nad\u0161en\u00fd. Miestny saunov\u00fd svet toti\u017e <strong>pon\u00faka hne\u010f 7 r\u00f4znych s\u00e1un<\/strong> s odli\u0161n\u00fdmi teplotn\u00fdmi stup\u0148ami, tak\u017ee si tu svoju ob\u013e\u00faben\u00fa vyberie \u00faplne ka\u017ed\u00fd, \u010di u\u017e preferuje\u0161 miernej\u0161ie teplo, alebo naopak intenz\u00edvne seversk\u00e9 potenie.<\/p>\n\n\n\n<p class=\"wp-block-paragraph\">Okrem saunovania tu n\u00e1jde\u0161 ve\u013emi pr\u00edjemn\u00fa term\u00e1lnu \u010das\u0165, kde m\u00f4\u017ee\u0161 str\u00e1vi\u0165 pokojne cel\u00fd de\u0148. Atmosf\u00e9ra je ve\u013emi oddychov\u00e1 a are\u00e1l je vyslovene ide\u00e1lny pre p\u00e1ry alebo cestovate\u013eov, ktor\u00ed si chc\u00fa odd\u00fdchnu\u0165 od ka\u017edodenn\u00e9ho stresu v pokojnom k\u00fape\u013enom prostred\u00ed. Term\u00e1ly poskytuj\u00fa skvel\u00e9 \u00fato\u010disko najm\u00e4 v chladnej\u0161om obdob\u00ed roka.<\/p>\n\n\n\n<p class=\"wp-block-paragraph\">Pod\u013ea cenn\u00edka pre rok 2026 stoj\u00ed \u0161tvorhodinov\u00fd vstup do term\u00e1lov <strong>15 eur cez t\u00fd\u017ede\u0148<\/strong> a 16,50 eur cez v\u00edkendy \u010di sviatky. Celodenn\u00fd l\u00edstok do baz\u00e9nov stoj\u00ed 18 eur, s v\u00edkendov\u00fdm pr\u00edplatkom potom 19,50 eur. Celodenn\u00e1 vstupenka zah\u0155\u0148aj\u00faca term\u00e1ly aj saunu vyjde na 23 eur vo v\u0161edn\u00fd de\u0148. <strong>\ud83d\udca1 Tip:<\/strong> Cestuje\u0161 karavanom? Vyu\u017ei \u0161peci\u00e1lny tarif na 1 hodinu s parkovac\u00edm preukazom za 7 eur. Skvelou vo\u013ebou je aj ve\u010dern\u00fd tarif po 18. hodine, ke\u010f vstup do term\u00e1lov zlac\u0148uje na 12,50 eur. Ka\u017ed\u00fd posledn\u00fd piatok v mesiaci sa navy\u0161e kon\u00e1 ob\u013e\u00faben\u00e1 Eventsauna za 32 eur.<\/p>\n\n\n\n<figure data-wp-context=\"{&quot;imageId&quot;:&quot;6a9c6104312eb&quot;}\" data-wp-interactive=\"core\/image\" data-wp-key=\"6a9c6104312eb\" class=\"wp-block-image size-full wp-lightbox-container\"><img decoding=\"async\" width=\"1800\" height=\"1200\" data-wp-class--hide=\"state.isContentHidden\" data-wp-class--show=\"state.isContentVisible\" data-wp-init=\"callbacks.setButtonStyles\" data-wp-on--click=\"actions.showLightbox\" data-wp-on--load=\"callbacks.setButtonStyles\" data-wp-on--pointerdown=\"actions.preloadImage\" data-wp-on--pointerenter=\"actions.preloadImageWithDelay\" data-wp-on--pointerleave=\"actions.cancelPreload\" data-wp-on-window--resize=\"callbacks.setButtonStyles\" src=\"https:\/\/loudavymkrokem.cz\/wp-content\/uploads\/2026\/09\/nemecko-clanky-termaly-nemecko-27-457f21a5.jpg\" alt=\"Vonkaj\u0161ie baz\u00e9ny Sonnenhof-Therme v Bad Saulgau pri z\u00e1pade slnka\" class=\"wp-image-415493\" title=\"\" srcset=\"https:\/\/loudavymkrokem.cz\/wp-content\/uploads\/2026\/09\/nemecko-clanky-termaly-nemecko-27-457f21a5.jpg 1800w, https:\/\/loudavymkrokem.cz\/wp-content\/uploads\/2026\/09\/nemecko-clanky-termaly-nemecko-27-457f21a5-300x200.jpg 300w, https:\/\/loudavymkrokem.cz\/wp-content\/uploads\/2026\/09\/nemecko-clanky-termaly-nemecko-27-457f21a5-700x467.jpg 700w, https:\/\/loudavymkrokem.cz\/wp-content\/uploads\/2026\/09\/nemecko-clanky-termaly-nemecko-27-457f21a5-768x512.jpg 768w, https:\/\/loudavymkrokem.cz\/wp-content\/uploads\/2026\/09\/nemecko-clanky-termaly-nemecko-27-457f21a5-1536x1024.jpg 1536w, https:\/\/loudavymkrokem.cz\/wp-content\/uploads\/2026\/09\/nemecko-clanky-termaly-nemecko-27-457f21a5-696x464.jpg 696w, https:\/\/loudavymkrokem.cz\/wp-content\/uploads\/2026\/09\/nemecko-clanky-termaly-nemecko-27-457f21a5-1392x928.jpg 1392w\" sizes=\"(max-width: 1800px) 100vw, 1800px\" \/><button\n\t\t\tclass=\"lightbox-trigger\"\n\t\t\ttype=\"button\"\n\t\t\taria-haspopup=\"dialog\"\n\t\t\tdata-wp-bind--aria-label=\"state.thisImage.triggerButtonAriaLabel\"\n\t\t\tdata-wp-init=\"callbacks.initTriggerButton\"\n\t\t\tdata-wp-on--click=\"actions.showLightbox\"\n\t\t\tdata-wp-style--right=\"state.thisImage.buttonRight\"\n\t\t\tdata-wp-style--top=\"state.thisImage.buttonTop\"\n\t\t>\n\t\t\t<svg xmlns=\"http:\/\/www.w3.org\/2000\/svg\" width=\"12\" height=\"12\" fill=\"none\" viewBox=\"0 0 12 12\">\n\t\t\t\t<path fill=\"#fff\" d=\"M2 0a2 2 0 0 0-2 2v2h1.5V2a.5.5 0 0 1 .5-.5h2V0H2Zm2 10.5H2a.5.5 0 0 1-.5-.5V8H0v2a2 2 0 0 0 2 2h2v-1.5ZM8 12v-1.5h2a.5.5 0 0 0 .5-.5V8H12v2a2 2 0 0 1-2 2H8Zm2-12a2 2 0 0 1 2 2v2h-1.5V2a.5.5 0 0 0-.5-.5H8V0h2Z\" \/>\n\t\t\t<\/svg>\n\t\t<\/button><\/figure>\n\n\n\n<h3 class=\"wp-block-heading\"><span class=\"ez-toc-section\" id=\"21_Sonnenhof-Therme_Bad_Saulgau\"><\/span>21. Sonnenhof-Therme (Bad Saulgau)<span class=\"ez-toc-section-end\"><\/span><\/h3>\n\n\n\n<p class=\"wp-block-paragraph\">Tieto k\u00fapele v meste Bad Saulgau sa p\u00fd\u0161ia obrovsk\u00fdm pr\u00edrodn\u00fdm bohatstvom, za ktor\u00fdm sa sch\u00e1dzaj\u00fa \u013eudia zo \u0161irok\u00e9ho okolia. Ka\u017ed\u00fd de\u0148 sem toti\u017e z \u00factyhodnej h\u013abky 650 metrov <strong>vyviera a\u017e 1,5 mili\u00f3na litrov lie\u010divej s\u00edrnej vody<\/strong>, ktor\u00e1 neust\u00e1le nap\u00fa\u0161\u0165a v\u0161etky miestne baz\u00e9ny. U\u017e samotn\u00e1 modern\u00e1 architekt\u00fara je ohromuj\u00faca, preto\u017ee budova je presvetlen\u00e1 mno\u017estvom denn\u00e9ho svetla.<\/p>\n\n\n\n<p class=\"wp-block-paragraph\">Na ploche 900 metrov \u0161tvorcov\u00fdch objav\u00ed\u0161 sedem vn\u00fatorn\u00fdch aj vonkaj\u0161\u00edch baz\u00e9nov s teplotami od 28 do 40 \u00b0C. Najteplej\u0161\u00ed je vn\u00fatorn\u00fd Quellbecken, ktor\u00fd pon\u00faka <strong>41 \u00b0C<\/strong>. Nech\u00fdba kask\u00e1dov\u00fd baz\u00e9n s 34 \u00b0C alebo r\u00edmsky parn\u00fd k\u00fape\u013e so 100% vlhkos\u0165ou a teplotou od 40 do 50 \u00b0C. V so\u013enej miestnosti \u0165a prehreje minim\u00e1lne 42 \u00b0C. S\u00fa\u010das\u0165ou baz\u00e9nov s\u00fa aj najr\u00f4znej\u0161ie vodop\u00e1dy a podvodn\u00e9 trysky.<\/p>\n\n\n\n<p class=\"wp-block-paragraph\">Pod\u013ea cenn\u00edka pre rok 2026 vyjde dvojhodinov\u00fd l\u00edstok do term\u00e1lov na 13,80 eur. Trojhodinov\u00fd vstup stoj\u00ed 14,80 eur a celodenn\u00e1 varianta sa pred\u00e1va za 20,40 eur. Vstup do sauny, ktor\u00fd u\u017e zah\u0155\u0148a aj k\u00fapanie v term\u00e1loch, vyjde na 3 hodiny na 21,60 eur. <strong>\ud83d\udca1 Tip:<\/strong> Zastav sa pri vodop\u00e1doch a mas\u00e1\u017enych trysk\u00e1ch v baz\u00e9ne, ktor\u00fd m\u00e1 ve\u013emi pr\u00edjemn\u00fdch 37 \u00b0C, preto\u017ee perfektne uvo\u013en\u00ed stuhnut\u00fd chrb\u00e1t a ramen\u00e1.<\/p>\n\n\n\n<figure data-wp-context=\"{&quot;imageId&quot;:&quot;6a9c610431836&quot;}\" data-wp-interactive=\"core\/image\" data-wp-key=\"6a9c610431836\" class=\"wp-block-image size-full wp-lightbox-container\"><img decoding=\"async\" width=\"1800\" height=\"1200\" data-wp-class--hide=\"state.isContentHidden\" data-wp-class--show=\"state.isContentVisible\" data-wp-init=\"callbacks.setButtonStyles\" data-wp-on--click=\"actions.showLightbox\" data-wp-on--load=\"callbacks.setButtonStyles\" data-wp-on--pointerdown=\"actions.preloadImage\" data-wp-on--pointerenter=\"actions.preloadImageWithDelay\" data-wp-on--pointerleave=\"actions.cancelPreload\" data-wp-on-window--resize=\"callbacks.setButtonStyles\" src=\"https:\/\/loudavymkrokem.cz\/wp-content\/uploads\/2026\/09\/nemecko-clanky-termaly-nemecko-28-5b36a3a0-1.jpg\" alt=\"Caracalla Therme (Baden-Baden)\" class=\"wp-image-415324\" title=\"\" srcset=\"https:\/\/loudavymkrokem.cz\/wp-content\/uploads\/2026\/09\/nemecko-clanky-termaly-nemecko-28-5b36a3a0-1.jpg 1800w, https:\/\/loudavymkrokem.cz\/wp-content\/uploads\/2026\/09\/nemecko-clanky-termaly-nemecko-28-5b36a3a0-1-300x200.jpg 300w, https:\/\/loudavymkrokem.cz\/wp-content\/uploads\/2026\/09\/nemecko-clanky-termaly-nemecko-28-5b36a3a0-1-700x467.jpg 700w, https:\/\/loudavymkrokem.cz\/wp-content\/uploads\/2026\/09\/nemecko-clanky-termaly-nemecko-28-5b36a3a0-1-768x512.jpg 768w, https:\/\/loudavymkrokem.cz\/wp-content\/uploads\/2026\/09\/nemecko-clanky-termaly-nemecko-28-5b36a3a0-1-1536x1024.jpg 1536w, https:\/\/loudavymkrokem.cz\/wp-content\/uploads\/2026\/09\/nemecko-clanky-termaly-nemecko-28-5b36a3a0-1-696x464.jpg 696w, https:\/\/loudavymkrokem.cz\/wp-content\/uploads\/2026\/09\/nemecko-clanky-termaly-nemecko-28-5b36a3a0-1-1392x928.jpg 1392w\" sizes=\"(max-width: 1800px) 100vw, 1800px\" \/><button\n\t\t\tclass=\"lightbox-trigger\"\n\t\t\ttype=\"button\"\n\t\t\taria-haspopup=\"dialog\"\n\t\t\tdata-wp-bind--aria-label=\"state.thisImage.triggerButtonAriaLabel\"\n\t\t\tdata-wp-init=\"callbacks.initTriggerButton\"\n\t\t\tdata-wp-on--click=\"actions.showLightbox\"\n\t\t\tdata-wp-style--right=\"state.thisImage.buttonRight\"\n\t\t\tdata-wp-style--top=\"state.thisImage.buttonTop\"\n\t\t>\n\t\t\t<svg xmlns=\"http:\/\/www.w3.org\/2000\/svg\" width=\"12\" height=\"12\" fill=\"none\" viewBox=\"0 0 12 12\">\n\t\t\t\t<path fill=\"#fff\" d=\"M2 0a2 2 0 0 0-2 2v2h1.5V2a.5.5 0 0 1 .5-.5h2V0H2Zm2 10.5H2a.5.5 0 0 1-.5-.5V8H0v2a2 2 0 0 0 2 2h2v-1.5ZM8 12v-1.5h2a.5.5 0 0 0 .5-.5V8H12v2a2 2 0 0 1-2 2H8Zm2-12a2 2 0 0 1 2 2v2h-1.5V2a.5.5 0 0 0-.5-.5H8V0h2Z\" \/>\n\t\t\t<\/svg>\n\t\t<\/button><figcaption class=\"wp-element-caption\">Foto: Gerd Eichmann \/ Wikimedia Commons, CC BY-SA 4.0<\/figcaption><\/figure>\n\n\n\n<h3 class=\"wp-block-heading\"><span class=\"ez-toc-section\" id=\"22_Caracalla_Therme_Baden-Baden\"><\/span>22. Caracalla Therme (Baden-Baden)<span class=\"ez-toc-section-end\"><\/span><\/h3>\n\n\n\n<p class=\"wp-block-paragraph\">V legend\u00e1rnom Baden-Badene n\u00e1jde\u0161 tento luxusn\u00fd komplex o celkovej rozlohe 5 000 metrov \u0161tvorcov\u00fdch, ktor\u00fd l\u00e1ka na ohromn\u00fa <strong>vodn\u00fa plochu presahuj\u00facu 900 metrov \u0161tvorcov\u00fdch<\/strong>. Denne sa tu preto\u010d\u00ed zhruba 800 000 litrov \u010distej term\u00e1lnej vody a h\u013abka baz\u00e9nov dosahuje maxim\u00e1lne 1,35 metra, tak\u017ee sa tu bude\u0161 c\u00edti\u0165 bezpe\u010dne.<\/p>\n\n\n\n<p class=\"wp-block-paragraph\">Teploty vody sa pohybuj\u00fa od 18 do 38 \u00b0C. Vyhreje\u0161 sa vo ve\u013ekom vn\u00fatornom baz\u00e9ne (34 \u00b0C) alebo vo ve\u013ekom vonkaj\u0161om baz\u00e9ne (32 \u00b0C). K dispoz\u00edcii je aj mal\u00fd vonkaj\u0161\u00ed baz\u00e9n s 35 \u00b0C a dve hor\u00face v\u00edrivky s 38 \u00b0C. Z\u00e1\u017eitok pon\u00faka hor\u00faca grotta s 38 \u00b0C (kde sa odpor\u00fa\u010da pobyt 5 min\u00fat), na ktor\u00fa <strong>hne\u010f nadv\u00e4zuje studen\u00e1 grotta<\/strong> s iba 18 \u00b0C pre r\u00fdchle ochladenie na 10 a\u017e 20 sek\u00fand. Odv\u00e1\u017elivci uv\u00edtaj\u00fa parn\u00fd k\u00fape\u013e pr\u00edstupn\u00fd v plavk\u00e1ch so 43 \u00b0C a 100% vlhkos\u0165ou alebo so\u013en\u00fa inhala\u010dn\u00fa komoru s teplotou 28 a\u017e 30 \u00b0C.<\/p>\n\n\n\n<p class=\"wp-block-paragraph\">Pod\u013ea cenn\u00edka pre rok 2026 stoj\u00ed l\u00edstok do baz\u00e9nov na 2 hodiny 21 eur, na 3 hodiny 25 eur a celodenn\u00fd 35 eur. Kombin\u00e1cia so saunou vyjde na 26 eur na 2 hodiny. Deti maj\u00fa vstup povolen\u00fd a\u017e od 7 rokov, do 14 rokov v\u00fdhradne s dospel\u00fdm sprievodom. <strong>\ud83d\udca1 Tip:<\/strong> Ak si zaobstar\u00e1\u0161 takzvan\u00fd VIP-Chip, z\u00edska\u0161 a\u017e 20% z\u013eavu na vstup nielen sem, ale aj do spriatelen\u00fdch historick\u00fdch k\u00fape\u013eov Friedrichsbad.<\/p>\n\n\n\n<figure data-wp-context=\"{&quot;imageId&quot;:&quot;6a9c610431d36&quot;}\" data-wp-interactive=\"core\/image\" data-wp-key=\"6a9c610431d36\" class=\"wp-block-image size-full wp-lightbox-container\"><img decoding=\"async\" width=\"1800\" height=\"1083\" data-wp-class--hide=\"state.isContentHidden\" data-wp-class--show=\"state.isContentVisible\" data-wp-init=\"callbacks.setButtonStyles\" data-wp-on--click=\"actions.showLightbox\" data-wp-on--load=\"callbacks.setButtonStyles\" data-wp-on--pointerdown=\"actions.preloadImage\" data-wp-on--pointerenter=\"actions.preloadImageWithDelay\" data-wp-on--pointerleave=\"actions.cancelPreload\" data-wp-on-window--resize=\"callbacks.setButtonStyles\" src=\"https:\/\/loudavymkrokem.cz\/wp-content\/uploads\/2026\/09\/nemecko-clanky-termaly-nemecko-29-aa48ec15.jpg\" alt=\"Vlnit\u00e1 strecha a vonkaj\u0161\u00ed baz\u00e9n term\u00e1lu Solemar v Bad D\u00fcrrheime\" class=\"wp-image-415497\" title=\"\" srcset=\"https:\/\/loudavymkrokem.cz\/wp-content\/uploads\/2026\/09\/nemecko-clanky-termaly-nemecko-29-aa48ec15.jpg 1800w, https:\/\/loudavymkrokem.cz\/wp-content\/uploads\/2026\/09\/nemecko-clanky-termaly-nemecko-29-aa48ec15-300x181.jpg 300w, https:\/\/loudavymkrokem.cz\/wp-content\/uploads\/2026\/09\/nemecko-clanky-termaly-nemecko-29-aa48ec15-700x421.jpg 700w, https:\/\/loudavymkrokem.cz\/wp-content\/uploads\/2026\/09\/nemecko-clanky-termaly-nemecko-29-aa48ec15-768x462.jpg 768w, https:\/\/loudavymkrokem.cz\/wp-content\/uploads\/2026\/09\/nemecko-clanky-termaly-nemecko-29-aa48ec15-1536x924.jpg 1536w, https:\/\/loudavymkrokem.cz\/wp-content\/uploads\/2026\/09\/nemecko-clanky-termaly-nemecko-29-aa48ec15-696x419.jpg 696w, https:\/\/loudavymkrokem.cz\/wp-content\/uploads\/2026\/09\/nemecko-clanky-termaly-nemecko-29-aa48ec15-1392x838.jpg 1392w\" sizes=\"(max-width: 1800px) 100vw, 1800px\" \/><button\n\t\t\tclass=\"lightbox-trigger\"\n\t\t\ttype=\"button\"\n\t\t\taria-haspopup=\"dialog\"\n\t\t\tdata-wp-bind--aria-label=\"state.thisImage.triggerButtonAriaLabel\"\n\t\t\tdata-wp-init=\"callbacks.initTriggerButton\"\n\t\t\tdata-wp-on--click=\"actions.showLightbox\"\n\t\t\tdata-wp-style--right=\"state.thisImage.buttonRight\"\n\t\t\tdata-wp-style--top=\"state.thisImage.buttonTop\"\n\t\t>\n\t\t\t<svg xmlns=\"http:\/\/www.w3.org\/2000\/svg\" width=\"12\" height=\"12\" fill=\"none\" viewBox=\"0 0 12 12\">\n\t\t\t\t<path fill=\"#fff\" d=\"M2 0a2 2 0 0 0-2 2v2h1.5V2a.5.5 0 0 1 .5-.5h2V0H2Zm2 10.5H2a.5.5 0 0 1-.5-.5V8H0v2a2 2 0 0 0 2 2h2v-1.5ZM8 12v-1.5h2a.5.5 0 0 0 .5-.5V8H12v2a2 2 0 0 1-2 2H8Zm2-12a2 2 0 0 1 2 2v2h-1.5V2a.5.5 0 0 0-.5-.5H8V0h2Z\" \/>\n\t\t\t<\/svg>\n\t\t<\/button><\/figure>\n\n\n\n<h3 class=\"wp-block-heading\"><span class=\"ez-toc-section\" id=\"23_Solemar_Bad_Durrheim_Bad_Durrheim\"><\/span>23. Solemar Bad D\u00fcrrheim (Bad D\u00fcrrheim)<span class=\"ez-toc-section-end\"><\/span><\/h3>\n\n\n\n<p class=\"wp-block-paragraph\">V k\u00fape\u013enom meste Bad D\u00fcrrheim na teba \u010dak\u00e1 par\u00e1dna relax\u00e1cia, ktorej hlavn\u00fdm \u0165ah\u00e1kom je <strong>priestrann\u00e1 Schwarzwald-Sauna<\/strong>. V celom are\u00e1li panuje mimoriadne pokojn\u00e1 atmosf\u00e9ra, ktor\u00e1 je ako stvoren\u00e1 pre oddychov\u00fd v\u00edkend bez ak\u00e9hoko\u013evek zhonu. Ak si potrebuje\u0161 vy\u010disti\u0165 hlavu a len tak le\u0148o\u0161i\u0165, tu sa ti to zaru\u010dene podar\u00ed.<\/p>\n\n\n\n<p class=\"wp-block-paragraph\">Term\u00e1ly maj\u00fa otvoren\u00e9 ka\u017ed\u00fd de\u0148 od 9 do 22 hod\u00edn, v piatok sa ve\u010dern\u00e1 prev\u00e1dzka predl\u017euje dokonca a\u017e do 23 hod\u00edn. Okrem klasick\u00fdch term\u00e1lnych baz\u00e9nov tu objav\u00ed\u0161 aj \u0161peci\u00e1lnu so\u013en\u00fa jasky\u0148u z M\u0155tveho mora (Totes-Meer-Salzgrotte), ktor\u00e1 m\u00e1 skvel\u00e9 \u00fa\u010dinky na d\u00fdchacie cesty. Samotn\u00fd saunov\u00fd svet sa pre v\u0161etk\u00fdch n\u00e1v\u0161tevn\u00edkov otv\u00e1ra \u00faderom desiatej hodiny rannej.<\/p>\n\n\n\n<p class=\"wp-block-paragraph\">Pod\u013ea cenn\u00edka pre rok 2026 stoj\u00ed trojhodinov\u00fd l\u00edstok do term\u00e1lov 17,90 eur a celodenn\u00e1 varianta 19,90 eur. Za \u0161tvorhodinov\u00fa kombin\u00e1ciu so saunou d\u00e1\u0161 26,50 eur, celodenn\u00e1 potom stoj\u00ed 29,50 eur. Vstup do so\u013enej jaskyne stoj\u00ed 11 eur pre dospel\u00fdch a 5 eur pre deti do 12 rokov. Do sauny smie ml\u00e1de\u017e a\u017e od 13 rokov. Pre deti od 3 do 12 rokov stoj\u00ed celodenn\u00fd term\u00e1l 10,20 eur. <strong>\ud83d\udca1 Tip:<\/strong> Ak chce\u0161 u\u0161etri\u0165, pr\u00ed\u010f a\u017e ve\u010der na z\u013eavnen\u00fd tarif platn\u00fd od 19 hod\u00edn, ktor\u00fd vyjde len na 14,90 eur do term\u00e1lov a 21,50 eur do sauny.<\/p>\n\n\n\n<figure data-wp-context=\"{&quot;imageId&quot;:&quot;6a9c610432217&quot;}\" data-wp-interactive=\"core\/image\" data-wp-key=\"6a9c610432217\" class=\"wp-block-image size-full wp-lightbox-container\"><img decoding=\"async\" width=\"1800\" height=\"1350\" data-wp-class--hide=\"state.isContentHidden\" data-wp-class--show=\"state.isContentVisible\" data-wp-init=\"callbacks.setButtonStyles\" data-wp-on--click=\"actions.showLightbox\" data-wp-on--load=\"callbacks.setButtonStyles\" data-wp-on--pointerdown=\"actions.preloadImage\" data-wp-on--pointerenter=\"actions.preloadImageWithDelay\" data-wp-on--pointerleave=\"actions.cancelPreload\" data-wp-on-window--resize=\"callbacks.setButtonStyles\" src=\"https:\/\/loudavymkrokem.cz\/wp-content\/uploads\/2026\/09\/nemecko-clanky-termaly-nemecko-30-ccda264f-1.jpg\" alt=\"Vonkaj\u0161\u00ed baz\u00e9n AlbThermen v Bad Urachu v zimnej pare\" class=\"wp-image-415329\" title=\"\" srcset=\"https:\/\/loudavymkrokem.cz\/wp-content\/uploads\/2026\/09\/nemecko-clanky-termaly-nemecko-30-ccda264f-1.jpg 1800w, https:\/\/loudavymkrokem.cz\/wp-content\/uploads\/2026\/09\/nemecko-clanky-termaly-nemecko-30-ccda264f-1-300x225.jpg 300w, https:\/\/loudavymkrokem.cz\/wp-content\/uploads\/2026\/09\/nemecko-clanky-termaly-nemecko-30-ccda264f-1-700x525.jpg 700w, https:\/\/loudavymkrokem.cz\/wp-content\/uploads\/2026\/09\/nemecko-clanky-termaly-nemecko-30-ccda264f-1-768x576.jpg 768w, https:\/\/loudavymkrokem.cz\/wp-content\/uploads\/2026\/09\/nemecko-clanky-termaly-nemecko-30-ccda264f-1-1536x1152.jpg 1536w, https:\/\/loudavymkrokem.cz\/wp-content\/uploads\/2026\/09\/nemecko-clanky-termaly-nemecko-30-ccda264f-1-80x60.jpg 80w, https:\/\/loudavymkrokem.cz\/wp-content\/uploads\/2026\/09\/nemecko-clanky-termaly-nemecko-30-ccda264f-1-160x120.jpg 160w, https:\/\/loudavymkrokem.cz\/wp-content\/uploads\/2026\/09\/nemecko-clanky-termaly-nemecko-30-ccda264f-1-696x522.jpg 696w, https:\/\/loudavymkrokem.cz\/wp-content\/uploads\/2026\/09\/nemecko-clanky-termaly-nemecko-30-ccda264f-1-1392x1044.jpg 1392w\" sizes=\"(max-width: 1800px) 100vw, 1800px\" \/><button\n\t\t\tclass=\"lightbox-trigger\"\n\t\t\ttype=\"button\"\n\t\t\taria-haspopup=\"dialog\"\n\t\t\tdata-wp-bind--aria-label=\"state.thisImage.triggerButtonAriaLabel\"\n\t\t\tdata-wp-init=\"callbacks.initTriggerButton\"\n\t\t\tdata-wp-on--click=\"actions.showLightbox\"\n\t\t\tdata-wp-style--right=\"state.thisImage.buttonRight\"\n\t\t\tdata-wp-style--top=\"state.thisImage.buttonTop\"\n\t\t>\n\t\t\t<svg xmlns=\"http:\/\/www.w3.org\/2000\/svg\" width=\"12\" height=\"12\" fill=\"none\" viewBox=\"0 0 12 12\">\n\t\t\t\t<path fill=\"#fff\" d=\"M2 0a2 2 0 0 0-2 2v2h1.5V2a.5.5 0 0 1 .5-.5h2V0H2Zm2 10.5H2a.5.5 0 0 1-.5-.5V8H0v2a2 2 0 0 0 2 2h2v-1.5ZM8 12v-1.5h2a.5.5 0 0 0 .5-.5V8H12v2a2 2 0 0 1-2 2H8Zm2-12a2 2 0 0 1 2 2v2h-1.5V2a.5.5 0 0 0-.5-.5H8V0h2Z\" \/>\n\t\t\t<\/svg>\n\t\t<\/button><figcaption class=\"wp-element-caption\">Foto: qwesy qwesy \/ Wikimedia Commons, CC BY 3.0<\/figcaption><\/figure>\n\n\n\n<h3 class=\"wp-block-heading\"><span class=\"ez-toc-section\" id=\"24_AlbThermen_Bad_Urach\"><\/span>24. AlbThermen (Bad Urach)<span class=\"ez-toc-section-end\"><\/span><\/h3>\n\n\n\n<p class=\"wp-block-paragraph\">Tento ob\u013e\u00faben\u00fd podnik v meste Bad Urach si zamiluj\u00fa predov\u0161etk\u00fdm dospel\u00ed n\u00e1v\u0161tevn\u00edci, preto\u017ee deti mlad\u0161ie ako 8 rokov <strong>nemaj\u00fa do k\u00fapacej prev\u00e1dzky v\u00f4bec povolen\u00fd vstup<\/strong>. Prostredie je v\u010faka tomuto obmedzeniu ve\u013emi tich\u00e9 a pon\u00faka naozaj neru\u0161en\u00fd pokoj. Ak teda h\u013ead\u00e1\u0161 miesto, kde si odd\u00fdchne\u0161 od detsk\u00e9ho kriku, tu nesiahne\u0161 ved\u013ea.<\/p>\n\n\n\n<p class=\"wp-block-paragraph\">Br\u00e1ny term\u00e1lov sa otv\u00e1raj\u00fa denne od 9 do 22 hod\u00edn, saunov\u00e1 krajina za\u010d\u00edna fungova\u0165 od 10 hod\u00edn a miestna re\u0161taur\u00e1cia var\u00ed od 11 hod\u00edn. Ceny s\u00fa tu rozdelen\u00e9 na presn\u00e9 \u010dasov\u00e9 bloky, tak\u017ee sa oplat\u00ed starostlivo si str\u00e1\u017ei\u0165 hodinky, aby si pri odchode nemusel zbyto\u010dne dopl\u00e1ca\u0165 2,50 eura za prekro\u010denie stanoven\u00e9ho \u010dasu.<\/p>\n\n\n\n<p class=\"wp-block-paragraph\">Z\u00e1kladn\u00e9 tarify pod\u013ea cenn\u00edka pre rok 2026 platia na presne 3,5 hodiny do baz\u00e9nov, alebo na 4 hodiny, ak zvol\u00ed\u0161 kombin\u00e1ciu baz\u00e9nov so saunou. Cez v\u00edkendy si ku ka\u017ed\u00e9mu z\u00e1kladn\u00e9mu tarifu pripo\u010d\u00edtaj drobn\u00fd pr\u00edplatok vo v\u00fd\u0161ke 2 eur. <strong>\ud83d\udca1 Tip:<\/strong> Pl\u00e1nuje\u0161 viac n\u00e1v\u0161tev alebo ide\u0161 vo v\u00e4\u010d\u0161ej skupine? Zaobstaraj si predplaten\u00fa kartu na 10 vstupov do baz\u00e9nov za 189 eur (pr\u00edpadne so saunou za 288 eur), ku ktorej dostane\u0161 \u010fal\u0161ie 3 vo\u013en\u00e9 vstupy \u00faplne zadarmo.<\/p>\n\n\n\n<figure data-wp-context=\"{&quot;imageId&quot;:&quot;6a9c6104327c4&quot;}\" data-wp-interactive=\"core\/image\" data-wp-key=\"6a9c6104327c4\" class=\"wp-block-image size-full wp-lightbox-container\"><img decoding=\"async\" width=\"1800\" height=\"1064\" data-wp-class--hide=\"state.isContentHidden\" data-wp-class--show=\"state.isContentVisible\" data-wp-init=\"callbacks.setButtonStyles\" data-wp-on--click=\"actions.showLightbox\" data-wp-on--load=\"callbacks.setButtonStyles\" data-wp-on--pointerdown=\"actions.preloadImage\" data-wp-on--pointerenter=\"actions.preloadImageWithDelay\" data-wp-on--pointerleave=\"actions.cancelPreload\" data-wp-on-window--resize=\"callbacks.setButtonStyles\" src=\"https:\/\/loudavymkrokem.cz\/wp-content\/uploads\/2026\/09\/nemecko-clanky-termaly-nemecko-31-616f54cf-1.jpg\" alt=\"Friedrichsbad (Baden-Baden)\" class=\"wp-image-415332\" title=\"\" srcset=\"https:\/\/loudavymkrokem.cz\/wp-content\/uploads\/2026\/09\/nemecko-clanky-termaly-nemecko-31-616f54cf-1.jpg 1800w, https:\/\/loudavymkrokem.cz\/wp-content\/uploads\/2026\/09\/nemecko-clanky-termaly-nemecko-31-616f54cf-1-300x177.jpg 300w, https:\/\/loudavymkrokem.cz\/wp-content\/uploads\/2026\/09\/nemecko-clanky-termaly-nemecko-31-616f54cf-1-700x414.jpg 700w, https:\/\/loudavymkrokem.cz\/wp-content\/uploads\/2026\/09\/nemecko-clanky-termaly-nemecko-31-616f54cf-1-768x454.jpg 768w, https:\/\/loudavymkrokem.cz\/wp-content\/uploads\/2026\/09\/nemecko-clanky-termaly-nemecko-31-616f54cf-1-1536x908.jpg 1536w, https:\/\/loudavymkrokem.cz\/wp-content\/uploads\/2026\/09\/nemecko-clanky-termaly-nemecko-31-616f54cf-1-696x411.jpg 696w, https:\/\/loudavymkrokem.cz\/wp-content\/uploads\/2026\/09\/nemecko-clanky-termaly-nemecko-31-616f54cf-1-1392x823.jpg 1392w\" sizes=\"(max-width: 1800px) 100vw, 1800px\" \/><button\n\t\t\tclass=\"lightbox-trigger\"\n\t\t\ttype=\"button\"\n\t\t\taria-haspopup=\"dialog\"\n\t\t\tdata-wp-bind--aria-label=\"state.thisImage.triggerButtonAriaLabel\"\n\t\t\tdata-wp-init=\"callbacks.initTriggerButton\"\n\t\t\tdata-wp-on--click=\"actions.showLightbox\"\n\t\t\tdata-wp-style--right=\"state.thisImage.buttonRight\"\n\t\t\tdata-wp-style--top=\"state.thisImage.buttonTop\"\n\t\t>\n\t\t\t<svg xmlns=\"http:\/\/www.w3.org\/2000\/svg\" width=\"12\" height=\"12\" fill=\"none\" viewBox=\"0 0 12 12\">\n\t\t\t\t<path fill=\"#fff\" d=\"M2 0a2 2 0 0 0-2 2v2h1.5V2a.5.5 0 0 1 .5-.5h2V0H2Zm2 10.5H2a.5.5 0 0 1-.5-.5V8H0v2a2 2 0 0 0 2 2h2v-1.5ZM8 12v-1.5h2a.5.5 0 0 0 .5-.5V8H12v2a2 2 0 0 1-2 2H8Zm2-12a2 2 0 0 1 2 2v2h-1.5V2a.5.5 0 0 0-.5-.5H8V0h2Z\" \/>\n\t\t\t<\/svg>\n\t\t<\/button><figcaption class=\"wp-element-caption\">Foto: Gerd Eichmann \/ Wikimedia Commons, CC BY-SA 4.0<\/figcaption><\/figure>\n\n\n\n<h3 class=\"wp-block-heading\"><span class=\"ez-toc-section\" id=\"25_Friedrichsbad_Baden-Baden\"><\/span>25. Friedrichsbad (Baden-Baden)<span class=\"ez-toc-section-end\"><\/span><\/h3>\n\n\n\n<p class=\"wp-block-paragraph\">Tieto historick\u00e9 k\u00fapele v Baden-Badene \u0165a okam\u017eite prenes\u00fa v \u010dase do \u00faplne inej epochy. Boli toti\u017e postaven\u00e9 v rokoch 1869 a\u017e 1877 <strong>priamo na kopci Florentinerberg<\/strong>, kde sa k\u00fapali u\u017e star\u00ed Rimania. V druhej polovici 19. storo\u010dia i\u0161lo dokonca o v\u00f4bec najv\u00fdznamnej\u0161ie term\u00e1ly v celom vtedaj\u0161om Nemecku a dodnes si zachovali svoj honosn\u00fd charakter.<\/p>\n\n\n\n<p class=\"wp-block-paragraph\">Impozantn\u00e1 budova z \u010derven\u00e9ho a bieleho pieskovca m\u00e1 rozmery 62,5 na 50 metrov. Jej najv\u00e4\u010d\u0161ou p\u00fdchou je <strong>obrovsk\u00e1 centr\u00e1lna kupola vysok\u00e1 17,5 metra<\/strong>, ktor\u00fa ve\u013ekolepo nes\u00fa slep\u00e9 obl\u00faky na korintsk\u00fdch st\u013apoch. Cel\u00e1 stavba sa architektonicky in\u0161pirovala Caracallov\u00fdmi k\u00fape\u013emi v R\u00edme. Funguj\u00fa na starom princ\u00edpe \u00edrsko-r\u00edmskeho k\u00fape\u013ea, ktor\u00fd do Eur\u00f3py priviezol britsk\u00fd diplomat David Urquhart a v roku 1856 zalo\u017eil \u00edrsky lek\u00e1r Richard Barter.<\/p>\n\n\n\n<p class=\"wp-block-paragraph\">Vybudovanie a moderniz\u00e1cia t\u00fdchto k\u00fape\u013eov boli pre mesto k\u013e\u00fa\u010dov\u00e9, preto\u017ee po plo\u0161nom z\u00e1kaze hazardu v roku 1872 sem mali pril\u00e1ka\u0165 nov\u00fa bohat\u00fa smot\u00e1nku. Miesto je jednoducho ide\u00e1lne pre milovn\u00edkov hist\u00f3rie a obdivovate\u013eov architekt\u00fary. <strong>\ud83d\udca1 Tip:<\/strong> Po\u010das relax\u00e1cie sa pozorne zah\u013ea\u010f na v\u00fdzdobu. P\u00f4vodn\u00e9 ma\u013eby boli s\u00edce v 50. rokoch 20. storo\u010dia necitlivo prebielen\u00e9, ale na za\u010diatku 80. rokov sa ich pri rekon\u0161trukcii podarilo aspo\u0148 \u010diasto\u010dne zre\u0161taurova\u0165.<\/p>\n\n\n\n<figure data-wp-context=\"{&quot;imageId&quot;:&quot;6a9c610432e91&quot;}\" data-wp-interactive=\"core\/image\" data-wp-key=\"6a9c610432e91\" class=\"wp-block-image size-full wp-lightbox-container\"><img decoding=\"async\" width=\"1800\" height=\"1350\" data-wp-class--hide=\"state.isContentHidden\" data-wp-class--show=\"state.isContentVisible\" data-wp-init=\"callbacks.setButtonStyles\" data-wp-on--click=\"actions.showLightbox\" data-wp-on--load=\"callbacks.setButtonStyles\" data-wp-on--pointerdown=\"actions.preloadImage\" data-wp-on--pointerenter=\"actions.preloadImageWithDelay\" data-wp-on--pointerleave=\"actions.cancelPreload\" data-wp-on-window--resize=\"callbacks.setButtonStyles\" src=\"https:\/\/loudavymkrokem.cz\/wp-content\/uploads\/2026\/09\/nemecko-clanky-termaly-nemecko-32-9c1729cf.jpg\" alt=\"Z\u00e1hrada term\u00e1lu Vita Classica v Bad Krozingene s tvarovan\u00fdmi drevinami\" class=\"wp-image-415500\" title=\"\" srcset=\"https:\/\/loudavymkrokem.cz\/wp-content\/uploads\/2026\/09\/nemecko-clanky-termaly-nemecko-32-9c1729cf.jpg 1800w, https:\/\/loudavymkrokem.cz\/wp-content\/uploads\/2026\/09\/nemecko-clanky-termaly-nemecko-32-9c1729cf-300x225.jpg 300w, https:\/\/loudavymkrokem.cz\/wp-content\/uploads\/2026\/09\/nemecko-clanky-termaly-nemecko-32-9c1729cf-700x525.jpg 700w, https:\/\/loudavymkrokem.cz\/wp-content\/uploads\/2026\/09\/nemecko-clanky-termaly-nemecko-32-9c1729cf-768x576.jpg 768w, https:\/\/loudavymkrokem.cz\/wp-content\/uploads\/2026\/09\/nemecko-clanky-termaly-nemecko-32-9c1729cf-1536x1152.jpg 1536w, https:\/\/loudavymkrokem.cz\/wp-content\/uploads\/2026\/09\/nemecko-clanky-termaly-nemecko-32-9c1729cf-80x60.jpg 80w, https:\/\/loudavymkrokem.cz\/wp-content\/uploads\/2026\/09\/nemecko-clanky-termaly-nemecko-32-9c1729cf-160x120.jpg 160w, https:\/\/loudavymkrokem.cz\/wp-content\/uploads\/2026\/09\/nemecko-clanky-termaly-nemecko-32-9c1729cf-696x522.jpg 696w, https:\/\/loudavymkrokem.cz\/wp-content\/uploads\/2026\/09\/nemecko-clanky-termaly-nemecko-32-9c1729cf-1392x1044.jpg 1392w\" sizes=\"(max-width: 1800px) 100vw, 1800px\" \/><button\n\t\t\tclass=\"lightbox-trigger\"\n\t\t\ttype=\"button\"\n\t\t\taria-haspopup=\"dialog\"\n\t\t\tdata-wp-bind--aria-label=\"state.thisImage.triggerButtonAriaLabel\"\n\t\t\tdata-wp-init=\"callbacks.initTriggerButton\"\n\t\t\tdata-wp-on--click=\"actions.showLightbox\"\n\t\t\tdata-wp-style--right=\"state.thisImage.buttonRight\"\n\t\t\tdata-wp-style--top=\"state.thisImage.buttonTop\"\n\t\t>\n\t\t\t<svg xmlns=\"http:\/\/www.w3.org\/2000\/svg\" width=\"12\" height=\"12\" fill=\"none\" viewBox=\"0 0 12 12\">\n\t\t\t\t<path fill=\"#fff\" d=\"M2 0a2 2 0 0 0-2 2v2h1.5V2a.5.5 0 0 1 .5-.5h2V0H2Zm2 10.5H2a.5.5 0 0 1-.5-.5V8H0v2a2 2 0 0 0 2 2h2v-1.5ZM8 12v-1.5h2a.5.5 0 0 0 .5-.5V8H12v2a2 2 0 0 1-2 2H8Zm2-12a2 2 0 0 1 2 2v2h-1.5V2a.5.5 0 0 0-.5-.5H8V0h2Z\" \/>\n\t\t\t<\/svg>\n\t\t<\/button><figcaption class=\"wp-element-caption\">Foto: Baden de \/ Wikimedia Commons, CC BY 3.0<\/figcaption><\/figure>\n\n\n\n<h3 class=\"wp-block-heading\"><span class=\"ez-toc-section\" id=\"26_Vita_Classica_Bad_Krozingen\"><\/span>26. Vita Classica (Bad Krozingen)<span class=\"ez-toc-section-end\"><\/span><\/h3>\n\n\n\n<p class=\"wp-block-paragraph\">Ak si na dovolenke potrp\u00ed\u0161 na skuto\u010dne luxusn\u00fa starostlivos\u0165, v k\u00fape\u013eoch Vita Classica v meste\u010dku Bad Krozingen n\u00e1jde\u0161 presne to, \u010do h\u013ead\u00e1\u0161. Ich najv\u00e4\u010d\u0161ou chl\u00fabou je toti\u017e <strong>\u0161peci\u00e1lny Wohlf\u00fchlhaus<\/strong>, ktor\u00fd sa \u00fazko zameriava na exkluz\u00edvne mas\u00e1\u017ee a tie najlep\u0161ie pr\u00e9miov\u00e9 wellness ritu\u00e1ly. Atmosf\u00e9ra tu d\u00fdcha pokojom a profesion\u00e1lny person\u00e1l sa postar\u00e1 o to, aby si odch\u00e1dzal ako znovuzroden\u00fd.<\/p>\n\n\n\n<p class=\"wp-block-paragraph\">K\u00fapanie si tu u\u017eije\u0161 do s\u00fdtosti, preto\u017ee roz\u013eahl\u00fd are\u00e1l pon\u00faka hne\u010f tri vonkaj\u0161ie a \u0161es\u0165 vn\u00fatorn\u00fdch baz\u00e9nov napusten\u00fdch pr\u00edjemne teplou term\u00e1lnou vodou. Je len na tebe, \u010di bude\u0161 rad\u0161ej pl\u00e1va\u0165 pod hol\u00fdm nebom, alebo sa schov\u00e1\u0161 vn\u00fatri. Saunov\u00fd raj potom ukr\u00fdva osem r\u00f4znych saunov\u00fdch kab\u00edn a jeden ve\u013ekolep\u00fd parn\u00fd chr\u00e1m, kde v\u010faka hor\u00facej pare \u013eahko zabudne\u0161 na v\u0161etky starosti v\u0161edn\u00fdch dn\u00ed.<\/p>\n\n\n\n<p class=\"wp-block-paragraph\">Tieto term\u00e1ly s\u00fa jednoducho ide\u00e1lne pre ka\u017ed\u00e9ho, kto h\u013ead\u00e1 hlbok\u00fa relax\u00e1ciu a nevad\u00ed mu trochu si priplati\u0165 za nad\u0161tandardn\u00e9 lie\u010debn\u00e9 proced\u00fary v kr\u00e1snom prostred\u00ed. S\u00fa perfektnou vo\u013ebou pre romantick\u00fd v\u00edkend vo dvojici. <strong>\ud83d\udca1 Tip:<\/strong> Odpor\u00fa\u010dam zarezervova\u0165 si ob\u013e\u00faben\u00e9 pr\u00e9miov\u00e9 ritu\u00e1ly alebo mas\u00e1\u017ee vo Wohlf\u00fchlhause dostato\u010dne dlho vopred cez internet, preto\u017ee tie najlep\u0161ie v\u00edkendov\u00e9 term\u00edny b\u00fdvaj\u00fa \u010dasto ve\u013emi r\u00fdchlo vypredan\u00e9.<\/p>\n\n\n\n<figure data-wp-context=\"{&quot;imageId&quot;:&quot;6a9c6104335a7&quot;}\" data-wp-interactive=\"core\/image\" data-wp-key=\"6a9c6104335a7\" class=\"wp-block-image size-full wp-lightbox-container\"><img decoding=\"async\" width=\"1800\" height=\"1198\" data-wp-class--hide=\"state.isContentHidden\" data-wp-class--show=\"state.isContentVisible\" data-wp-init=\"callbacks.setButtonStyles\" data-wp-on--click=\"actions.showLightbox\" data-wp-on--load=\"callbacks.setButtonStyles\" data-wp-on--pointerdown=\"actions.preloadImage\" data-wp-on--pointerenter=\"actions.preloadImageWithDelay\" data-wp-on--pointerleave=\"actions.cancelPreload\" data-wp-on-window--resize=\"callbacks.setButtonStyles\" src=\"https:\/\/loudavymkrokem.cz\/wp-content\/uploads\/2026\/09\/nemecko-clanky-termaly-nemecko-33-009e6b3b.jpg\" alt=\"Ve\u010dern\u00fd baz\u00e9n a balijsk\u00fd pavil\u00f3n v Bali Therme v Bad Oeynhausene\" class=\"wp-image-415504\" title=\"\" srcset=\"https:\/\/loudavymkrokem.cz\/wp-content\/uploads\/2026\/09\/nemecko-clanky-termaly-nemecko-33-009e6b3b.jpg 1800w, https:\/\/loudavymkrokem.cz\/wp-content\/uploads\/2026\/09\/nemecko-clanky-termaly-nemecko-33-009e6b3b-300x200.jpg 300w, https:\/\/loudavymkrokem.cz\/wp-content\/uploads\/2026\/09\/nemecko-clanky-termaly-nemecko-33-009e6b3b-700x466.jpg 700w, https:\/\/loudavymkrokem.cz\/wp-content\/uploads\/2026\/09\/nemecko-clanky-termaly-nemecko-33-009e6b3b-768x511.jpg 768w, https:\/\/loudavymkrokem.cz\/wp-content\/uploads\/2026\/09\/nemecko-clanky-termaly-nemecko-33-009e6b3b-1536x1022.jpg 1536w, https:\/\/loudavymkrokem.cz\/wp-content\/uploads\/2026\/09\/nemecko-clanky-termaly-nemecko-33-009e6b3b-696x463.jpg 696w, https:\/\/loudavymkrokem.cz\/wp-content\/uploads\/2026\/09\/nemecko-clanky-termaly-nemecko-33-009e6b3b-1392x926.jpg 1392w\" sizes=\"(max-width: 1800px) 100vw, 1800px\" \/><button\n\t\t\tclass=\"lightbox-trigger\"\n\t\t\ttype=\"button\"\n\t\t\taria-haspopup=\"dialog\"\n\t\t\tdata-wp-bind--aria-label=\"state.thisImage.triggerButtonAriaLabel\"\n\t\t\tdata-wp-init=\"callbacks.initTriggerButton\"\n\t\t\tdata-wp-on--click=\"actions.showLightbox\"\n\t\t\tdata-wp-style--right=\"state.thisImage.buttonRight\"\n\t\t\tdata-wp-style--top=\"state.thisImage.buttonTop\"\n\t\t>\n\t\t\t<svg xmlns=\"http:\/\/www.w3.org\/2000\/svg\" width=\"12\" height=\"12\" fill=\"none\" viewBox=\"0 0 12 12\">\n\t\t\t\t<path fill=\"#fff\" d=\"M2 0a2 2 0 0 0-2 2v2h1.5V2a.5.5 0 0 1 .5-.5h2V0H2Zm2 10.5H2a.5.5 0 0 1-.5-.5V8H0v2a2 2 0 0 0 2 2h2v-1.5ZM8 12v-1.5h2a.5.5 0 0 0 .5-.5V8H12v2a2 2 0 0 1-2 2H8Zm2-12a2 2 0 0 1 2 2v2h-1.5V2a.5.5 0 0 0-.5-.5H8V0h2Z\" \/>\n\t\t\t<\/svg>\n\t\t<\/button><\/figure>\n\n\n\n<h2 class=\"wp-block-heading\"><span class=\"ez-toc-section\" id=\"Termaly_v_Severnom_Poryni-Vestfalsku\"><\/span>Term\u00e1ly v Severnom Por\u00fdn\u00ed-Vestf\u00e1lsku<span class=\"ez-toc-section-end\"><\/span><\/h2>\n\n\n\n<p class=\"wp-block-paragraph\">Severn\u00e9 Por\u00fdnie-Vestf\u00e1lsko je naj\u013eudnatej\u0161ia spolkov\u00e1 krajina Nemecka, tak\u017ee tu o par\u00e1dne k\u00fapanie rozhodne nie je n\u00fadza. V\u00e4\u010d\u0161ina t\u00fdch najlep\u0161\u00edch are\u00e1lov le\u017e\u00ed v pohodlnom dosahu Kol\u00edna nad R\u00fdnom, D\u00fcsseldorfu alebo Aachenu, \u010do z nich rob\u00ed ide\u00e1lny cie\u013e na pred\u013a\u017een\u00fd v\u00edkend. Ak miluje\u0161 rozsiahle vodn\u00e9 svety alebo netradi\u010dn\u00fa architekt\u00faru, tu si pr\u00edde\u0161 na svoje.<\/p>\n\n\n\n<p class=\"wp-block-paragraph\">Silnou t\u00e9mou tejto oblasti s\u00fa obrovsk\u00e9 saunov\u00e9 parky, ako je vych\u00fdren\u00e1 Mediterana, a tie\u017e unik\u00e1tne exotick\u00e9 \u0161tyliz\u00e1cie. Skvel\u00fdm pr\u00edkladom je napr\u00edklad Bali Therme, kde si bude\u0161 pripada\u0165 ako na naozajstnej dovolenke v \u00c1zii. Po\u010f sa pozrie\u0165 na sedem miest, ktor\u00e9 by ti v tomto regi\u00f3ne rozhodne nemali ujs\u0165.<\/p>\n\n\n\n<figure data-wp-context=\"{&quot;imageId&quot;:&quot;6a9c610433b55&quot;}\" data-wp-interactive=\"core\/image\" data-wp-key=\"6a9c610433b55\" class=\"wp-block-image size-full wp-lightbox-container\"><img decoding=\"async\" width=\"1800\" height=\"1201\" data-wp-class--hide=\"state.isContentHidden\" data-wp-class--show=\"state.isContentVisible\" data-wp-init=\"callbacks.setButtonStyles\" data-wp-on--click=\"actions.showLightbox\" data-wp-on--load=\"callbacks.setButtonStyles\" data-wp-on--pointerdown=\"actions.preloadImage\" data-wp-on--pointerenter=\"actions.preloadImageWithDelay\" data-wp-on--pointerleave=\"actions.cancelPreload\" data-wp-on-window--resize=\"callbacks.setButtonStyles\" src=\"https:\/\/loudavymkrokem.cz\/wp-content\/uploads\/2026\/09\/nemecko-clanky-termaly-nemecko-34-d5cf2c11-1.jpg\" alt=\"Thermen &#038; Badewelt Euskirchen (Euskirchen): saunov\u00e1 \u010das\u0165\" class=\"wp-image-415338\" title=\"\" srcset=\"https:\/\/loudavymkrokem.cz\/wp-content\/uploads\/2026\/09\/nemecko-clanky-termaly-nemecko-34-d5cf2c11-1.jpg 1800w, https:\/\/loudavymkrokem.cz\/wp-content\/uploads\/2026\/09\/nemecko-clanky-termaly-nemecko-34-d5cf2c11-1-300x200.jpg 300w, https:\/\/loudavymkrokem.cz\/wp-content\/uploads\/2026\/09\/nemecko-clanky-termaly-nemecko-34-d5cf2c11-1-700x467.jpg 700w, https:\/\/loudavymkrokem.cz\/wp-content\/uploads\/2026\/09\/nemecko-clanky-termaly-nemecko-34-d5cf2c11-1-768x512.jpg 768w, https:\/\/loudavymkrokem.cz\/wp-content\/uploads\/2026\/09\/nemecko-clanky-termaly-nemecko-34-d5cf2c11-1-1536x1025.jpg 1536w, https:\/\/loudavymkrokem.cz\/wp-content\/uploads\/2026\/09\/nemecko-clanky-termaly-nemecko-34-d5cf2c11-1-696x464.jpg 696w, https:\/\/loudavymkrokem.cz\/wp-content\/uploads\/2026\/09\/nemecko-clanky-termaly-nemecko-34-d5cf2c11-1-1392x929.jpg 1392w\" sizes=\"(max-width: 1800px) 100vw, 1800px\" \/><button\n\t\t\tclass=\"lightbox-trigger\"\n\t\t\ttype=\"button\"\n\t\t\taria-haspopup=\"dialog\"\n\t\t\tdata-wp-bind--aria-label=\"state.thisImage.triggerButtonAriaLabel\"\n\t\t\tdata-wp-init=\"callbacks.initTriggerButton\"\n\t\t\tdata-wp-on--click=\"actions.showLightbox\"\n\t\t\tdata-wp-style--right=\"state.thisImage.buttonRight\"\n\t\t\tdata-wp-style--top=\"state.thisImage.buttonTop\"\n\t\t>\n\t\t\t<svg xmlns=\"http:\/\/www.w3.org\/2000\/svg\" width=\"12\" height=\"12\" fill=\"none\" viewBox=\"0 0 12 12\">\n\t\t\t\t<path fill=\"#fff\" d=\"M2 0a2 2 0 0 0-2 2v2h1.5V2a.5.5 0 0 1 .5-.5h2V0H2Zm2 10.5H2a.5.5 0 0 1-.5-.5V8H0v2a2 2 0 0 0 2 2h2v-1.5ZM8 12v-1.5h2a.5.5 0 0 0 .5-.5V8H12v2a2 2 0 0 1-2 2H8Zm2-12a2 2 0 0 1 2 2v2h-1.5V2a.5.5 0 0 0-.5-.5H8V0h2Z\" \/>\n\t\t\t<\/svg>\n\t\t<\/button><\/figure>\n\n\n\n<!-- LKM_GYG_CARD start q=\"germany\" lang=\"sk\" rendered=\"2026-09-05T16:29:16+00:00\" v=\"1\" -->\n\n<!-- LKM_GYG_CARD end -->\n\n\n\n\n<div class=\"lk-stays-module\">\n<style>\n\/* \u2500\u2500\u2500 RESET PRO GUTENBERG \u2500\u2500\u2500 *\/\n.lk-stays-module * { box-sizing: border-box; margin: 0; padding: 0; }\n\n\/* \u2500\u2500\u2500 WRAPPER \u2500\u2500\u2500 *\/\n.lk-stays-module {\n  font-family: 'DM Sans', Georgia, sans-serif;\n  max-width: 100%;\n  margin: 2.5rem auto;\n  background: linear-gradient(135deg, #fdfaf5 0%, #fcf8f0 100%);\n  border: 1px solid #e8dfd4;\n  border-radius: 16px;\n  overflow: hidden;\n  box-shadow: 0 16px 48px rgba(195, 159, 118, 0.25), 0 4px 12px rgba(0,0,0,0.08);\n}\n\n\/* \u2500\u2500\u2500 HEADER \u2500\u2500\u2500 *\/\n.lk-stays-header {\n  position: relative;\n  padding: 24px 36px 24px;\n  background: linear-gradient(135deg, #c39f76 0%, #d4b188 60%, #c39f76 100%);\n  border-bottom: 1px solid rgba(255,255,255,.15);\n  display: flex;\n  align-items: center;\n  gap: 18px;\n}\n.lk-stays-header::before {\n  content: '';\n  position: absolute;\n  inset: 0;\n  background: url(\"data:image\/svg+xml,%3Csvg width='60' height='60' viewBox='0 0 60 60' xmlns='http:\/\/www.w3.org\/2000\/svg'%3E%3Cg fill='none' fill-rule='evenodd'%3E%3Cg fill='%23ffffff' fill-opacity='0.05'%3E%3Cpath d='M36 34v-4h-2v4h-4v2h4v4h2v-4h4v-2h-4zm0-30V0h-2v4h-4v2h4v4h2V6h4V4h-4zM6 34v-4H4v4H0v2h4v4h2v-4h4v-2H6zM6 4V0H4v4H0v2h4v4h2V6h4V4H6z'\/%3E%3C\/g%3E%3C\/g%3E%3C\/svg%3E\") repeat;\n  pointer-events: none;\n}\n.lk-stays-icon {\n  flex-shrink: 0;\n  width: 68px;\n  height: 68px;\n  border-radius: 14px;\n  background: linear-gradient(135deg, #fff 0%, #f9f6f0 100%);\n  display: flex;\n  align-items: center;\n  justify-content: center;\n  font-size: 26px;\n  box-shadow: 0 4px 12px rgba(0,0,0,0.15);\n}\n.lk-stays-eyebrow {\n  font-size: 10px;\n  font-weight: 500;\n  letter-spacing: 2.5px;\n  text-transform: uppercase;\n  color: rgba(255,255,255,.85);\n  margin: 0 0 5px 0;\n}\n.lk-stays-title {\n  font-family: 'Playfair Display', Georgia, serif;\n  font-size: 24px;\n  font-weight: 700;\n  color: #fff;\n  line-height: 1.2;\n  text-shadow: 0 1px 2px rgba(0,0,0,0.1);\n  margin: 0;\n}\n.lk-stays-subtitle {\n  font-size: 13px;\n  color: rgba(255,255,255,.75);\n  margin: 4px 0 0 0;\n  font-weight: 300;\n}\n\n\/* \u2500\u2500\u2500 CARDS GRID \u2500\u2500\u2500 *\/\n.lk-stays-grid {\n  display: grid;\n  grid-template-columns: 1fr 1fr;\n  gap: 1px;\n  background: rgba(195, 159, 118, 0.12);\n}\n\n\/* \u2500\u2500\u2500 SINGLE CARD \u2500\u2500\u2500 *\/\n.lk-stay-card {\n  background: #ffffff;\n  padding: 26px;\n  display: flex;\n  flex-direction: column;\n  gap: 11px;\n  transition: all 0.3s ease;\n  text-decoration: none;\n  color: inherit;\n  position: relative;\n}\n.lk-stay-card:hover {\n  background: #fffbf5;\n  transform: translateY(-2px);\n  box-shadow: 0 8px 24px rgba(195, 159, 118, 0.18);\n  z-index: 1;\n}\n.lk-stay-card.featured {\n  background: linear-gradient(135deg, #fffdf9 0%, #fff9f0 100%);\n  box-shadow: 0 4px 16px rgba(195, 159, 118, 0.15), inset 0 1px 0 rgba(195, 159, 118, 0.1);\n}\n.lk-stay-card.featured:hover {\n  background: linear-gradient(135deg, #fffbf5 0%, #fff8ed 100%);\n  box-shadow: 0 8px 24px rgba(195, 159, 118, 0.25), inset 0 1px 0 rgba(195, 159, 118, 0.15);\n}\n\n.lk-stay-badge {\n  display: inline-flex;\n  align-items: center;\n  gap: 5px;\n  font-size: 10px;\n  font-weight: 500;\n  letter-spacing: 1.5px;\n  text-transform: uppercase;\n  padding: 5px 11px;\n  border-radius: 20px;\n  width: fit-content;\n}\n.badge-top     { background: linear-gradient(135deg, #c39f76 0%, #d4b188 100%); color: #fff; border: 1px solid #c39f76; font-weight: 600; box-shadow: 0 2px 8px rgba(195,159,118,0.3); }\n.badge-luxury  { background: rgba(195,159,118,.12); color: #c39f76; border: 1px solid rgba(195,159,118,.25); }\n.badge-boutique{ background: rgba(54,133,252,.08); color: #3685fc; border: 1px solid rgba(54,133,252,.2); }\n.badge-nature  { background: rgba(130,190,100,.1); color: #6b9c4a; border: 1px solid rgba(130,190,100,.2); }\n.badge-remote  { background: rgba(195,159,118,.12); color: #a67e50; border: 1px solid rgba(195,159,118,.25); }\n\n.lk-stay-name {\n  font-family: 'Playfair Display', Georgia, serif;\n  font-size: 18px;\n  font-weight: 700;\n  color: #111827;\n  line-height: 1.3;\n}\n.lk-stay-desc {\n  font-size: 13.5px;\n  color: #525252;\n  line-height: 1.65;\n  font-weight: 300;\n  flex: 1;\n}\n\n.lk-stay-meta {\n  display: flex;\n  align-items: center;\n  gap: 12px;\n  flex-wrap: wrap;\n  margin-top: 4px;\n}\n.lk-stay-price {\n  font-size: 13px;\n  color: #6b7280;\n}\n.lk-stay-price strong {\n  color: #c39f76;\n  font-weight: 500;\n}\n.lk-stay-stars {\n  color: #c39f76;\n  font-size: 11px;\n  letter-spacing: 1px;\n}\n\n\/* \u2500\u2500\u2500 CTA BUTTON \u2500\u2500\u2500 *\/\n.lk-stay-cta {\n  display: inline-flex;\n  align-items: center;\n  justify-content: center;\n  gap: 7px;\n  margin-top: 8px;\n  padding: 11px 20px;\n  border-radius: 8px;\n  background: linear-gradient(135deg, #3685fc 0%, #2a6fd9 100%);\n  color: #fff;\n  font-size: 13px;\n  font-weight: 500;\n  text-decoration: none;\n  letter-spacing: .3px;\n  transition: all .2s ease;\n  cursor: pointer;\n  border: none;\n  text-align: center;\n  box-shadow: 0 4px 12px rgba(54, 133, 252, 0.25);\n}\n.lk-stay-cta:hover {\n  background: linear-gradient(135deg, #2a6fd9 0%, #1e5bc4 100%);\n  transform: translateY(-1px);\n  box-shadow: 0 6px 16px rgba(54, 133, 252, 0.35);\n}\n.lk-stay-cta svg { flex-shrink: 0; }\n\n\/* \u2500\u2500\u2500 FOOTER \u2500\u2500\u2500 *\/\n.lk-stays-footer {\n  padding: 18px 36px;\n  background: linear-gradient(to bottom, #fdfaf5 0%, #f9f4ed 100%);\n  border-top: 1px solid rgba(195, 159, 118, 0.15);\n  display: flex;\n  align-items: center;\n  justify-content: space-between;\n  flex-wrap: wrap;\n  gap: 12px;\n}\n.lk-stays-footer-note {\n  font-size: 11.5px;\n  color: #6b7280;\n  font-weight: 300;\n  line-height: 1.5;\n}\n.lk-stays-footer-note a {\n  color: #c39f76;\n  text-decoration: none;\n  font-weight: 400;\n}\n.lk-stays-footer-note a:hover {\n  text-decoration: underline;\n}\n.lk-stays-all-btn {\n  display: inline-flex;\n  align-items: center;\n  gap: 6px;\n  font-size: 12.5px;\n  font-weight: 500;\n  color: #c39f76;\n  text-decoration: none;\n  border: 1px solid rgba(195, 159, 118, 0.35);\n  padding: 8px 18px;\n  border-radius: 8px;\n  transition: all .2s ease;\n}\n.lk-stays-all-btn:hover {\n  background: rgba(195, 159, 118, 0.08);\n  border-color: rgba(195, 159, 118, 0.5);\n}\n\n\/* \u2500\u2500\u2500 RESPONSIVE \u2500\u2500\u2500 *\/\n@media (max-width: 600px) {\n  .lk-stays-grid { grid-template-columns: 1fr; }\n  .lk-stays-header { padding: 24px 20px; }\n  .lk-stays-footer { padding: 16px 20px; }\n  .lk-stay-card { padding: 22px; }\n  .lk-stays-title { font-size: 20px; }\n}\n<\/style>\n\n  <!-- HEADER -->\n  <div class=\"lk-stays-header\">\n    <img decoding=\"async\" src=\"https:\/\/loudavymkrokem.cz\/wp-content\/uploads\/2026\/02\/lukas-a-lucka.jpg\" alt=\"\" style=\"width: 75px; height: 75px; border-radius: 8px; flex-shrink: 0; object-fit: cover; display: block; margin: 4px 0;\" title=\"\">\n    <div class=\"lk-stays-header-text\">\n      <div class=\"lk-stays-eyebrow\">Luk\u00e1\u0161 a Lucie odpor\u00fa\u010daj\u00fa<\/div>\n      <div class=\"lk-stays-title\">Kde sa ubytova\u0165 v Nemecku<\/div>\n      <div class=\"lk-stays-subtitle\">6 ubytovan\u00ed \u2014 wellness hotely, hotely a \u010fal\u0161ie mo\u017enosti ubytovania<\/div>\n    <\/div>\n  <\/div>\n\n  <!-- CARDS -->\n  <div class=\"lk-stays-grid\">\n\n    <a class=\"lk-stay-card featured\" href=\"https:\/\/www.stay22.com\/allez\/roam?aid=lukaskonecny&#038;campaign=loudavymkrokemcz&#038;campaign=sk&#038;campaign=termaly-nemecko&#038;hotelname=Hotel%20Victory%20Therme%20Erding&#038;address=Erding%2C%20Nemecko\" target=\"_blank\" rel=\"nofollow noopener\">\n      <span class=\"lk-stay-badge badge-top\">\u2b50 TOP VO\u013dBA<\/span>\n      <span class=\"lk-stay-badge badge-nature\">\ud83c\udfe8 Hotel<\/span>\n      <div class=\"lk-stay-name\">Hotel Victory Therme Erding<\/div>\n      <div class=\"lk-stay-desc\">Luxusn\u00fd hotel priamo v are\u00e1li Therme Erding s izbami \u0161tylizovan\u00fdmi ako lo\u010f HMS Victory. V cene noci vstup do term\u00e1lov.<\/div>\n      <div class=\"lk-stay-meta\">\n        <span class=\"lk-stay-stars\">\u2605\u2605\u2605\u2605<\/span>\n        <span class=\"lk-stay-price\">Skontrolova\u0165 ceny<\/span>\n      <\/div>\n      <span class=\"lk-stay-cta\">\n        <svg width=\"14\" height=\"14\" viewBox=\"0 0 24 24\" fill=\"none\" stroke=\"currentColor\" stroke-width=\"2\"><path d=\"M18 13v6a2 2 0 0 1-2 2H5a2 2 0 0 1-2-2V8a2 2 0 0 1 2-2h6\"\/><polyline points=\"15 3 21 3 21 9\"\/><line x1=\"10\" y1=\"14\" x2=\"21\" y2=\"3\"\/><\/svg>\n        Skontrolova\u0165 dostupnos\u0165\n      <\/span>\n    <\/a>\n\n    <a class=\"lk-stay-card\" href=\"https:\/\/www.stay22.com\/allez\/roam?aid=lukaskonecny&#038;campaign=loudavymkrokemcz&#038;campaign=sk&#038;campaign=termaly-nemecko&#038;hotelname=Thermenhotel%20Gass&#038;address=Bad%20Fussing%2C%20Nemecko\" target=\"_blank\" rel=\"nofollow noopener\">\n      <span class=\"lk-stay-badge badge-nature\">\ud83c\udfe8 Hotel<\/span>\n      <div class=\"lk-stay-name\">Thermenhotel Gass<\/div>\n      <div class=\"lk-stay-desc\">Trojhviezdi\u010dkov\u00fd superior hotel s vlastn\u00fdmi baz\u00e9nmi naplnen\u00fdmi term\u00e1lnou s\u00edrnou vodou priamo z Therme 1.<\/div>\n      <div class=\"lk-stay-meta\">\n        <span class=\"lk-stay-stars\">\u2605\u2605\u2605<\/span>\n        <span class=\"lk-stay-price\">Skontrolova\u0165 ceny<\/span>\n      <\/div>\n      <span class=\"lk-stay-cta\">\n        <svg width=\"14\" height=\"14\" viewBox=\"0 0 24 24\" fill=\"none\" stroke=\"currentColor\" stroke-width=\"2\"><path d=\"M18 13v6a2 2 0 0 1-2 2H5a2 2 0 0 1-2-2V8a2 2 0 0 1 2-2h6\"\/><polyline points=\"15 3 21 3 21 9\"\/><line x1=\"10\" y1=\"14\" x2=\"21\" y2=\"3\"\/><\/svg>\n        Skontrolova\u0165 dostupnos\u0165\n      <\/span>\n    <\/a>\n\n    <a class=\"lk-stay-card\" href=\"https:\/\/www.stay22.com\/allez\/roam?aid=lukaskonecny&#038;campaign=loudavymkrokemcz&#038;campaign=sk&#038;campaign=termaly-nemecko&#038;hotelname=Hotel%20an%20der%20Therme%20Bad%20Sulza&#038;address=Bad%20Sulza%2C%20Nemecko\" target=\"_blank\" rel=\"nofollow noopener\">\n      <span class=\"lk-stay-badge badge-nature\">\ud83c\udfe8 Hotel<\/span>\n      <div class=\"lk-stay-name\">Hotel an der Therme Bad Sulza<\/div>\n      <div class=\"lk-stay-desc\">Hotel prepojen\u00fd \u017eupanovou chodbou s Toskana Therme. V cene noci vstup do term\u00e1lov vr\u00e1tane saunov\u00e9ho sveta.<\/div>\n      <div class=\"lk-stay-meta\">\n        <span class=\"lk-stay-stars\">\u2605\u2605\u2605\u2605<\/span>\n        <span class=\"lk-stay-price\">Skontrolova\u0165 ceny<\/span>\n      <\/div>\n      <span class=\"lk-stay-cta\">\n        <svg width=\"14\" height=\"14\" viewBox=\"0 0 24 24\" fill=\"none\" stroke=\"currentColor\" stroke-width=\"2\"><path d=\"M18 13v6a2 2 0 0 1-2 2H5a2 2 0 0 1-2-2V8a2 2 0 0 1 2-2h6\"\/><polyline points=\"15 3 21 3 21 9\"\/><line x1=\"10\" y1=\"14\" x2=\"21\" y2=\"3\"\/><\/svg>\n        Skontrolova\u0165 dostupnos\u0165\n      <\/span>\n    <\/a>\n\n    <a class=\"lk-stay-card\" href=\"https:\/\/www.stay22.com\/allez\/roam?aid=lukaskonecny&#038;campaign=loudavymkrokemcz&#038;campaign=sk&#038;campaign=termaly-nemecko&#038;hotelname=Mauritius%20Hotel%20%26%20Therme&#038;address=Kolin%20nad%20Rynem%2C%20Nemecko\" target=\"_blank\" rel=\"nofollow noopener\">\n      <span class=\"lk-stay-badge badge-nature\">\u2b50 Luxury<\/span>\n      <div class=\"lk-stay-name\">Mauritius Hotel &#038; Therme<\/div>\n      <div class=\"lk-stay-desc\">\u0160tvorhviezdi\u010dkov\u00fd hotel s obrovsk\u00fdm wellness na 3500 m\u00b2. Sedem s\u00e1un a vonkaj\u0161\u00ed baz\u00e9n so so\u013eou z M\u0155tveho mora.<\/div>\n      <div class=\"lk-stay-meta\">\n        <span class=\"lk-stay-stars\">\u2605\u2605\u2605\u2605<\/span>\n        <span class=\"lk-stay-price\">od 10 EUR\/wellness de\u0148<\/span>\n      <\/div>\n      <span class=\"lk-stay-cta\">\n        <svg width=\"14\" height=\"14\" viewBox=\"0 0 24 24\" fill=\"none\" stroke=\"currentColor\" stroke-width=\"2\"><path d=\"M18 13v6a2 2 0 0 1-2 2H5a2 2 0 0 1-2-2V8a2 2 0 0 1 2-2h6\"\/><polyline points=\"15 3 21 3 21 9\"\/><line x1=\"10\" y1=\"14\" x2=\"21\" y2=\"3\"\/><\/svg>\n        Skontrolova\u0165 dostupnos\u0165\n      <\/span>\n    <\/a>\n\n    <a class=\"lk-stay-card\" href=\"https:\/\/www.stay22.com\/allez\/roam?aid=lukaskonecny&#038;campaign=loudavymkrokemcz&#038;campaign=sk&#038;campaign=termaly-nemecko&#038;hotelname=Hotel%20Zum%20Rittmeister&#038;address=Werder%20Havel%2C%20Nemecko\" target=\"_blank\" rel=\"nofollow noopener\">\n      <span class=\"lk-stay-badge badge-nature\">\ud83c\udfe8 Hotel<\/span>\n      <div class=\"lk-stay-name\">Hotel Zum Rittmeister<\/div>\n      <div class=\"lk-stay-desc\">Hotel s 35 \u00fatuln\u00fdmi izbami. Hostia z\u00edskaj\u00fa z\u013eavnen\u00fd vstup do ne\u010falekej Havel Therme po predlo\u017een\u00ed G\u00e4stekarte.<\/div>\n      <div class=\"lk-stay-meta\">\n        <span class=\"lk-stay-stars\">\u2605\u2605\u2605\u2605<\/span>\n        <span class=\"lk-stay-price\">Skontrolova\u0165 ceny<\/span>\n      <\/div>\n      <span class=\"lk-stay-cta\">\n        <svg width=\"14\" height=\"14\" viewBox=\"0 0 24 24\" fill=\"none\" stroke=\"currentColor\" stroke-width=\"2\"><path d=\"M18 13v6a2 2 0 0 1-2 2H5a2 2 0 0 1-2-2V8a2 2 0 0 1 2-2h6\"\/><polyline points=\"15 3 21 3 21 9\"\/><line x1=\"10\" y1=\"14\" x2=\"21\" y2=\"3\"\/><\/svg>\n        Skontrolova\u0165 dostupnos\u0165\n      <\/span>\n    <\/a>\n\n    <a class=\"lk-stay-card\" href=\"https:\/\/www.stay22.com\/allez\/roam?aid=lukaskonecny&#038;campaign=loudavymkrokemcz&#038;campaign=sk&#038;campaign=termaly-nemecko&#038;hotelname=Hotel%20Palatin&#038;address=Wiesloch%2C%20Nemecko\" target=\"_blank\" rel=\"nofollow noopener\">\n      <span class=\"lk-stay-badge badge-nature\">\ud83c\udfe8 Hotel<\/span>\n      <div class=\"lk-stay-name\">Hotel Palatin<\/div>\n      <div class=\"lk-stay-desc\">Partnersk\u00fd hotel term\u00e1lu Sinsheim. V\u00fdhodn\u00e9 bal\u00ed\u010dky s nocou, ra\u0148ajkami a vstupenkou do term\u00e1lov od 79 EUR.<\/div>\n      <div class=\"lk-stay-meta\">\n        <span class=\"lk-stay-stars\">\u2605\u2605\u2605\u2605<\/span>\n        <span class=\"lk-stay-price\">od 79 EUR\/osoba<\/span>\n      <\/div>\n      <span class=\"lk-stay-cta\">\n        <svg width=\"14\" height=\"14\" viewBox=\"0 0 24 24\" fill=\"none\" stroke=\"currentColor\" stroke-width=\"2\"><path d=\"M18 13v6a2 2 0 0 1-2 2H5a2 2 0 0 1-2-2V8a2 2 0 0 1 2-2h6\"\/><polyline points=\"15 3 21 3 21 9\"\/><line x1=\"10\" y1=\"14\" x2=\"21\" y2=\"3\"\/><\/svg>\n        Skontrolova\u0165 dostupnos\u0165\n      <\/span>\n    <\/a>\n\n  <\/div>\n\n  \n<\/div>\n\n\n\n\n<h3 class=\"wp-block-heading\"><span class=\"ez-toc-section\" id=\"27_Thermen_Badewelt_Euskirchen_Euskirchen\"><\/span>27. Thermen &#038; Badewelt Euskirchen (Euskirchen)<span class=\"ez-toc-section-end\"><\/span><\/h3>\n\n\n\n<p class=\"wp-block-paragraph\">Tento modern\u00fd are\u00e1l le\u017e\u00ed zhruba <strong>45 min\u00fat cesty od Kol\u00edna nad R\u00fdnom<\/strong> a spad\u00e1 pod rovnak\u00e9ho prev\u00e1dzkovate\u013ea ako presl\u00e1ven\u00fd komplex v Sinsheime. Hne\u010f na prv\u00fd poh\u013ead \u0165a uchv\u00e1ti ve\u013ekorys\u00e9 k\u00fapanie v lag\u00fanach, ktor\u00e9 sa rozprestieraj\u00fa pri <strong>pr\u00edrodnom jazere o \u00factyhodnej ploche 6 500 m\u00b2<\/strong>. V\u00fdh\u013eady z pohodln\u00fdch le\u017eadiel priamo na t\u00fato roz\u013eahl\u00fa vodn\u00fa hladinu p\u00f4sobia upokojuj\u00facim dojmom.<\/p>\n\n\n\n<p class=\"wp-block-paragraph\">Te\u0161i\u0165 sa m\u00f4\u017ee\u0161 na <strong>Blaue Lagune s vodou teplou 33 \u00b0C<\/strong>, ktor\u00fa si u\u017eije\u0161 vo vn\u00fatornej aj vonkaj\u0161ej \u010dasti. Okrem nej na teba \u010dakaj\u00fa najr\u00f4znej\u0161ie relaxa\u010dn\u00e9 o\u00e1zy, osvie\u017euj\u00faca \u013eadov\u00e1 stud\u0148a alebo ve\u013emi efektn\u00e1 sprcha v tvare kvetov kaly. Ak s prehrievan\u00edm tela e\u0161te len za\u010d\u00edna\u0161 a nechce\u0161 hne\u010f do extr\u00e9mneho horka, prev\u00e1dzkovate\u013e odpor\u00fa\u010da od\u0161tartova\u0165 <strong>v saune s pr\u00edjemn\u00fdmi 60 \u00b0C<\/strong>.<\/p>\n\n\n\n<p class=\"wp-block-paragraph\">Komplex je koncipovan\u00fd predov\u0161etk\u00fdm pre pokojn\u00fd oddych, preto sem maj\u00fa od nedele do piatku <strong>pr\u00edstup len n\u00e1v\u0161tevn\u00edci star\u0161\u00ed ako 16 rokov<\/strong>. Pre rodiny s men\u0161\u00edmi de\u0165mi sa teda tento are\u00e1l vo v\u0161edn\u00e9 dni nehod\u00ed. <strong>\ud83d\udca1 Tip:<\/strong> Ak m\u00e1\u0161 r\u00e1d naozajstn\u00fd pokoj, vyu\u017ei pr\u00e1ve v\u0161edn\u00e9 dni, ke\u010f je vstup pre mlad\u0161ie vekov\u00e9 kateg\u00f3rie obmedzen\u00fd a k\u00fapele pon\u00fakaj\u00fa o\u00e1zu ticha.<\/p>\n\n\n\n<figure data-wp-context=\"{&quot;imageId&quot;:&quot;6a9c610434228&quot;}\" data-wp-interactive=\"core\/image\" data-wp-key=\"6a9c610434228\" class=\"wp-block-image size-full wp-lightbox-container\"><img decoding=\"async\" width=\"1800\" height=\"1012\" data-wp-class--hide=\"state.isContentHidden\" data-wp-class--show=\"state.isContentVisible\" data-wp-init=\"callbacks.setButtonStyles\" data-wp-on--click=\"actions.showLightbox\" data-wp-on--load=\"callbacks.setButtonStyles\" data-wp-on--pointerdown=\"actions.preloadImage\" data-wp-on--pointerenter=\"actions.preloadImageWithDelay\" data-wp-on--pointerleave=\"actions.cancelPreload\" data-wp-on-window--resize=\"callbacks.setButtonStyles\" src=\"https:\/\/loudavymkrokem.cz\/wp-content\/uploads\/2026\/09\/nemecko-clanky-termaly-nemecko-35-2fe13158-1.jpg\" alt=\"Bali Therme (Bad Oeynhausen): relaxa\u010dn\u00fd baz\u00e9n\" class=\"wp-image-415340\" title=\"\" srcset=\"https:\/\/loudavymkrokem.cz\/wp-content\/uploads\/2026\/09\/nemecko-clanky-termaly-nemecko-35-2fe13158-1.jpg 1800w, https:\/\/loudavymkrokem.cz\/wp-content\/uploads\/2026\/09\/nemecko-clanky-termaly-nemecko-35-2fe13158-1-300x169.jpg 300w, https:\/\/loudavymkrokem.cz\/wp-content\/uploads\/2026\/09\/nemecko-clanky-termaly-nemecko-35-2fe13158-1-700x394.jpg 700w, https:\/\/loudavymkrokem.cz\/wp-content\/uploads\/2026\/09\/nemecko-clanky-termaly-nemecko-35-2fe13158-1-768x432.jpg 768w, https:\/\/loudavymkrokem.cz\/wp-content\/uploads\/2026\/09\/nemecko-clanky-termaly-nemecko-35-2fe13158-1-1536x864.jpg 1536w, https:\/\/loudavymkrokem.cz\/wp-content\/uploads\/2026\/09\/nemecko-clanky-termaly-nemecko-35-2fe13158-1-696x391.jpg 696w, https:\/\/loudavymkrokem.cz\/wp-content\/uploads\/2026\/09\/nemecko-clanky-termaly-nemecko-35-2fe13158-1-1392x783.jpg 1392w\" sizes=\"(max-width: 1800px) 100vw, 1800px\" \/><button\n\t\t\tclass=\"lightbox-trigger\"\n\t\t\ttype=\"button\"\n\t\t\taria-haspopup=\"dialog\"\n\t\t\tdata-wp-bind--aria-label=\"state.thisImage.triggerButtonAriaLabel\"\n\t\t\tdata-wp-init=\"callbacks.initTriggerButton\"\n\t\t\tdata-wp-on--click=\"actions.showLightbox\"\n\t\t\tdata-wp-style--right=\"state.thisImage.buttonRight\"\n\t\t\tdata-wp-style--top=\"state.thisImage.buttonTop\"\n\t\t>\n\t\t\t<svg xmlns=\"http:\/\/www.w3.org\/2000\/svg\" width=\"12\" height=\"12\" fill=\"none\" viewBox=\"0 0 12 12\">\n\t\t\t\t<path fill=\"#fff\" d=\"M2 0a2 2 0 0 0-2 2v2h1.5V2a.5.5 0 0 1 .5-.5h2V0H2Zm2 10.5H2a.5.5 0 0 1-.5-.5V8H0v2a2 2 0 0 0 2 2h2v-1.5ZM8 12v-1.5h2a.5.5 0 0 0 .5-.5V8H12v2a2 2 0 0 1-2 2H8Zm2-12a2 2 0 0 1 2 2v2h-1.5V2a.5.5 0 0 0-.5-.5H8V0h2Z\" \/>\n\t\t\t<\/svg>\n\t\t<\/button><\/figure>\n\n\n\n<h3 class=\"wp-block-heading\"><span class=\"ez-toc-section\" id=\"28_Bali_Therme_Bad_Oeynhausen\"><\/span>28. Bali Therme (Bad Oeynhausen)<span class=\"ez-toc-section-end\"><\/span><\/h3>\n\n\n\n<p class=\"wp-block-paragraph\">Ako u\u017e n\u00e1zov napoved\u00e1, v tomto komplexe \u0165a \u010dak\u00e1 dokonal\u00e1 balijsk\u00e1 architekt\u00fara pln\u00e1 dreven\u00fdch chodn\u00edkov, origin\u00e1lnych s\u00f4ch a tradi\u010dn\u00fdch rezieb. Zdej\u0161ie baz\u00e9ny pln\u00ed \u0161t\u00e1tom uznan\u00e1 lie\u010div\u00e1 voda z prame\u0148a, ktor\u00fd sa <strong>\u0165a\u017e\u00ed z unik\u00e1tnej h\u013abky 1 034 metrov<\/strong>. Zaujalo ma, \u017ee t\u00e1to voda pretekala podzem\u00edm cez v\u00e1penec a dolomit <strong>39 000 rokov<\/strong>, ne\u017e sa dostala a\u017e k \u013eu\u010fom na povrch.<\/p>\n\n\n\n<p class=\"wp-block-paragraph\">Milovn\u00edci prehrievania tu bud\u00fa v siedmom nebi, preto\u017ee are\u00e1l pon\u00faka <strong>rovno 14 r\u00f4znych s\u00e1un<\/strong>, vr\u00e1tane parnej a \u0161peci\u00e1lnej zemnej. Absol\u00fatnym unik\u00e1tom je ale <strong>150 rokov star\u00e1 a 6 metrov vysok\u00e1 such\u00e1 sauna<\/strong> postaven\u00e1 pod\u013ea vzoru chr\u00e1mu. Na prevoz do Nemecka ju museli rozobra\u0165 na 500 jednotliv\u00fdch dielov a na mieste znovu presne zlo\u017ei\u0165.<\/p>\n\n\n\n<p class=\"wp-block-paragraph\">Pod\u013ea cenn\u00edka pre rok 2026 zaplat\u00ed\u0161 <strong>za celodenn\u00fa vstupenku 28 EUR<\/strong>, s pr\u00edstupom do s\u00e1un potom 41 EUR. V\u00edkendov\u00fd pr\u00edplatok rob\u00ed 3 a\u017e 5 EUR. Deti do 3 rokov maj\u00fa vstup zadarmo, ale tie do 12 rokov <strong>nesm\u00fa v\u00f4bec do saunovej \u010dasti<\/strong>. Ml\u00e1de\u017e do 16 rokov pustia dnu len v sprievode dospelej osoby. <strong>\ud83d\udca1 Tip:<\/strong> Odd\u00fdchni si v origin\u00e1lnom balijskom pavil\u00f3ne, ktor\u00fd dokonale pod\u010diarkuje cel\u00fa exotick\u00fa atmosf\u00e9ru tohto miesta.<\/p>\n\n\n\n<figure data-wp-context=\"{&quot;imageId&quot;:&quot;6a9c6104347af&quot;}\" data-wp-interactive=\"core\/image\" data-wp-key=\"6a9c6104347af\" class=\"wp-block-image size-full wp-lightbox-container\"><img decoding=\"async\" width=\"1800\" height=\"1429\" data-wp-class--hide=\"state.isContentHidden\" data-wp-class--show=\"state.isContentVisible\" data-wp-init=\"callbacks.setButtonStyles\" data-wp-on--click=\"actions.showLightbox\" data-wp-on--load=\"callbacks.setButtonStyles\" data-wp-on--pointerdown=\"actions.preloadImage\" data-wp-on--pointerenter=\"actions.preloadImageWithDelay\" data-wp-on--pointerleave=\"actions.cancelPreload\" data-wp-on-window--resize=\"callbacks.setButtonStyles\" src=\"https:\/\/loudavymkrokem.cz\/wp-content\/uploads\/2026\/09\/nemecko-clanky-termaly-nemecko-36-6c0708ca-1.jpg\" alt=\"Carolus Thermen (Aachen): saunov\u00e1 \u010das\u0165\" class=\"wp-image-415342\" title=\"\" srcset=\"https:\/\/loudavymkrokem.cz\/wp-content\/uploads\/2026\/09\/nemecko-clanky-termaly-nemecko-36-6c0708ca-1.jpg 1800w, https:\/\/loudavymkrokem.cz\/wp-content\/uploads\/2026\/09\/nemecko-clanky-termaly-nemecko-36-6c0708ca-1-300x238.jpg 300w, https:\/\/loudavymkrokem.cz\/wp-content\/uploads\/2026\/09\/nemecko-clanky-termaly-nemecko-36-6c0708ca-1-700x556.jpg 700w, https:\/\/loudavymkrokem.cz\/wp-content\/uploads\/2026\/09\/nemecko-clanky-termaly-nemecko-36-6c0708ca-1-768x610.jpg 768w, https:\/\/loudavymkrokem.cz\/wp-content\/uploads\/2026\/09\/nemecko-clanky-termaly-nemecko-36-6c0708ca-1-1536x1219.jpg 1536w, https:\/\/loudavymkrokem.cz\/wp-content\/uploads\/2026\/09\/nemecko-clanky-termaly-nemecko-36-6c0708ca-1-696x553.jpg 696w, https:\/\/loudavymkrokem.cz\/wp-content\/uploads\/2026\/09\/nemecko-clanky-termaly-nemecko-36-6c0708ca-1-1392x1105.jpg 1392w\" sizes=\"(max-width: 1800px) 100vw, 1800px\" \/><button\n\t\t\tclass=\"lightbox-trigger\"\n\t\t\ttype=\"button\"\n\t\t\taria-haspopup=\"dialog\"\n\t\t\tdata-wp-bind--aria-label=\"state.thisImage.triggerButtonAriaLabel\"\n\t\t\tdata-wp-init=\"callbacks.initTriggerButton\"\n\t\t\tdata-wp-on--click=\"actions.showLightbox\"\n\t\t\tdata-wp-style--right=\"state.thisImage.buttonRight\"\n\t\t\tdata-wp-style--top=\"state.thisImage.buttonTop\"\n\t\t>\n\t\t\t<svg xmlns=\"http:\/\/www.w3.org\/2000\/svg\" width=\"12\" height=\"12\" fill=\"none\" viewBox=\"0 0 12 12\">\n\t\t\t\t<path fill=\"#fff\" d=\"M2 0a2 2 0 0 0-2 2v2h1.5V2a.5.5 0 0 1 .5-.5h2V0H2Zm2 10.5H2a.5.5 0 0 1-.5-.5V8H0v2a2 2 0 0 0 2 2h2v-1.5ZM8 12v-1.5h2a.5.5 0 0 0 .5-.5V8H12v2a2 2 0 0 1-2 2H8Zm2-12a2 2 0 0 1 2 2v2h-1.5V2a.5.5 0 0 0-.5-.5H8V0h2Z\" \/>\n\t\t\t<\/svg>\n\t\t<\/button><\/figure>\n\n\n\n<h3 class=\"wp-block-heading\"><span class=\"ez-toc-section\" id=\"29_Carolus_Thermen_Aachen\"><\/span>29. Carolus Thermen (Aachen)<span class=\"ez-toc-section-end\"><\/span><\/h3>\n\n\n\n<p class=\"wp-block-paragraph\">Toto miesto nadv\u00e4zuje na neskuto\u010dne dlh\u00fa trad\u00edciu, preto\u017ee mesto Aachen fungovalo ako r\u00edmske k\u00fapele Aquae Granni <strong>u\u017e od roku 85 n\u00e1\u0161ho letopo\u010dtu<\/strong>. Miestny architektonick\u00fd skvost navrhol mn\u00edchovsk\u00fd architekt Rudolf Wienands a are\u00e1l sa po troch rokoch stavby <strong>sl\u00e1vnostne otvoril 9. febru\u00e1ra 2001<\/strong>. Plynulo tak nahradil star\u0161ie vn\u00fatromestsk\u00e9 prev\u00e1dzky, ktor\u00e9 skon\u010dili na prelome tis\u00edcro\u010d\u00ed.<\/p>\n\n\n\n<p class=\"wp-block-paragraph\">O chod are\u00e1lu sa star\u00e1 mestsk\u00e1 k\u00fape\u013en\u00e1 spolo\u010dnos\u0165 funguj\u00faca u\u017e od roku 1932, ktor\u00e1 z\u00e1rove\u0148 spravuje <strong>\u0161t\u00e1tom uznan\u00e9 lie\u010debn\u00e9 k\u00fapele Aachen<\/strong>. Za vysk\u00fa\u0161anie tu stoj\u00ed predov\u0161etk\u00fdm popul\u00e1rny parn\u00fd k\u00fape\u013e Strokkur, ktor\u00fd sa n\u00e1v\u0161tevn\u00edkom predstavil po ve\u013emi n\u00e1kladnej prestavbe v janu\u00e1ri roku 2012.<\/p>\n\n\n\n<p class=\"wp-block-paragraph\">Pod\u013ea cenn\u00edka pre rok 2026 po\u010d\u00edtaj s praktick\u00fdm <strong>parkovac\u00edm pau\u0161\u00e1lom vo v\u00fd\u0161ke 6 EUR<\/strong>. Za t\u00fato sumu m\u00f4\u017ee\u0161 v parkovacom dome necha\u0165 auto po cel\u00fd \u010das tvojej n\u00e1v\u0161tevy a do k\u00fape\u013eov prejde\u0161 pohodlne suchou nohou. Are\u00e1l sa hod\u00ed sk\u00f4r na pokojn\u00e9 prehrievanie bez ve\u013ek\u00fdch vodn\u00fdch atrakci\u00ed. <strong>\ud83d\udca1 Tip:<\/strong> Parkovac\u00ed pau\u0161\u00e1l sa oplat\u00ed aj vtedy, ke\u010f chce\u0161 po k\u00fapan\u00ed z\u00e1js\u0165 do centra Aachenu, gar\u00e1\u017e je od katedr\u00e1ly p\u00e1r min\u00fat pe\u0161o.<\/p>\n\n\n\n<figure data-wp-context=\"{&quot;imageId&quot;:&quot;6a9c610434c95&quot;}\" data-wp-interactive=\"core\/image\" data-wp-key=\"6a9c610434c95\" class=\"wp-block-image size-full wp-lightbox-container\"><img decoding=\"async\" width=\"1800\" height=\"964\" data-wp-class--hide=\"state.isContentHidden\" data-wp-class--show=\"state.isContentVisible\" data-wp-init=\"callbacks.setButtonStyles\" data-wp-on--click=\"actions.showLightbox\" data-wp-on--load=\"callbacks.setButtonStyles\" data-wp-on--pointerdown=\"actions.preloadImage\" data-wp-on--pointerenter=\"actions.preloadImageWithDelay\" data-wp-on--pointerleave=\"actions.cancelPreload\" data-wp-on-window--resize=\"callbacks.setButtonStyles\" src=\"https:\/\/loudavymkrokem.cz\/wp-content\/uploads\/2026\/09\/nemecko-clanky-termaly-nemecko-37-63e6c760-1.jpg\" alt=\"Mediterana (Bergisch Gladbach)\" class=\"wp-image-415345\" title=\"\" srcset=\"https:\/\/loudavymkrokem.cz\/wp-content\/uploads\/2026\/09\/nemecko-clanky-termaly-nemecko-37-63e6c760-1.jpg 1800w, https:\/\/loudavymkrokem.cz\/wp-content\/uploads\/2026\/09\/nemecko-clanky-termaly-nemecko-37-63e6c760-1-300x161.jpg 300w, https:\/\/loudavymkrokem.cz\/wp-content\/uploads\/2026\/09\/nemecko-clanky-termaly-nemecko-37-63e6c760-1-700x375.jpg 700w, https:\/\/loudavymkrokem.cz\/wp-content\/uploads\/2026\/09\/nemecko-clanky-termaly-nemecko-37-63e6c760-1-768x411.jpg 768w, https:\/\/loudavymkrokem.cz\/wp-content\/uploads\/2026\/09\/nemecko-clanky-termaly-nemecko-37-63e6c760-1-1536x823.jpg 1536w, https:\/\/loudavymkrokem.cz\/wp-content\/uploads\/2026\/09\/nemecko-clanky-termaly-nemecko-37-63e6c760-1-696x373.jpg 696w, https:\/\/loudavymkrokem.cz\/wp-content\/uploads\/2026\/09\/nemecko-clanky-termaly-nemecko-37-63e6c760-1-1392x745.jpg 1392w\" sizes=\"(max-width: 1800px) 100vw, 1800px\" \/><button\n\t\t\tclass=\"lightbox-trigger\"\n\t\t\ttype=\"button\"\n\t\t\taria-haspopup=\"dialog\"\n\t\t\tdata-wp-bind--aria-label=\"state.thisImage.triggerButtonAriaLabel\"\n\t\t\tdata-wp-init=\"callbacks.initTriggerButton\"\n\t\t\tdata-wp-on--click=\"actions.showLightbox\"\n\t\t\tdata-wp-style--right=\"state.thisImage.buttonRight\"\n\t\t\tdata-wp-style--top=\"state.thisImage.buttonTop\"\n\t\t>\n\t\t\t<svg xmlns=\"http:\/\/www.w3.org\/2000\/svg\" width=\"12\" height=\"12\" fill=\"none\" viewBox=\"0 0 12 12\">\n\t\t\t\t<path fill=\"#fff\" d=\"M2 0a2 2 0 0 0-2 2v2h1.5V2a.5.5 0 0 1 .5-.5h2V0H2Zm2 10.5H2a.5.5 0 0 1-.5-.5V8H0v2a2 2 0 0 0 2 2h2v-1.5ZM8 12v-1.5h2a.5.5 0 0 0 .5-.5V8H12v2a2 2 0 0 1-2 2H8Zm2-12a2 2 0 0 1 2 2v2h-1.5V2a.5.5 0 0 0-.5-.5H8V0h2Z\" \/>\n\t\t\t<\/svg>\n\t\t<\/button><\/figure>\n\n\n\n<h3 class=\"wp-block-heading\"><span class=\"ez-toc-section\" id=\"30_Mediterana_Bergisch_Gladbach\"><\/span>30. Mediterana (Bergisch Gladbach)<span class=\"ez-toc-section-end\"><\/span><\/h3>\n\n\n\n<p class=\"wp-block-paragraph\">Ak h\u013ead\u00e1\u0161 obrovsk\u00fd v\u00fdber relaxa\u010dn\u00fdch mo\u017enost\u00ed, tu bude\u0161 nad\u0161en\u00fd, preto\u017ee komplex pon\u00faka <strong>rovno 13 r\u00f4znych svetov<\/strong>, z ktor\u00fdch ka\u017ed\u00fd m\u00e1 svoj \u0161pecifick\u00fd charakter. Are\u00e1l sa nach\u00e1dza v Bergisch Gladbachu a prehreje\u0161 sa tu <strong>v 12 rozmanit\u00fdch saun\u00e1ch a 1 parnom k\u00fapeli<\/strong>. To v\u0161etko dop\u013a\u0148a kr\u00e1sne prostredie in\u0161pirovan\u00e9 architekt\u00farou ju\u017eansk\u00fdch kraj\u00edn.<\/p>\n\n\n\n<p class=\"wp-block-paragraph\">Milovn\u00edci vody maj\u00fa k dispoz\u00edcii celkom <strong>7 baz\u00e9nov a vodn\u00fdch n\u00e1dr\u017e\u00ed<\/strong>, ktor\u00e9 priamo vyz\u00fdvaj\u00fa na dlh\u00e9 pl\u00e1vanie, pokojn\u00e9 ponorenie alebo zdravotn\u00e9 Kneippovanie. Zdej\u0161ie priestory s\u00fa obrovsk\u00e9, tak\u017ee si tu ka\u017ed\u00fd \u013eahko n\u00e1jde svoj ob\u013e\u00faben\u00fd k\u00fatik pre neru\u0161en\u00fd oddych po n\u00e1ro\u010dnom pracovnom t\u00fd\u017edni.<\/p>\n\n\n\n<p class=\"wp-block-paragraph\">Pod\u013ea cenn\u00edka platn\u00e9ho pre rok 2026 vyjde celodenn\u00e1 vstupenka od pondelka do \u0161tvrtka <strong>na ve\u013emi pr\u00edjemn\u00fdch 19,50 EUR<\/strong>. Ak vyraz\u00ed\u0161 len na dve hodiny, zaplat\u00ed\u0161 16,50 EUR vo v\u0161edn\u00e9 dni a 19,50 EUR od piatka do nedele. Za ka\u017ed\u00fa \u010fal\u0161iu za\u010dat\u00fa hodinu si potom priplat\u00ed\u0161 1,50 EUR. <strong>\ud83d\udca1 Tip:<\/strong> Si rann\u00e9 vt\u00e1\u010da? Vyu\u017ei \u0161peci\u00e1lny tarif pre rann\u00fdch plavcov, ke\u010f \u0165a dvojhodinov\u00fd vstup medzi 8:00 a 10:00 vyjde len na 14 EUR.<\/p>\n\n\n\n<figure data-wp-context=\"{&quot;imageId&quot;:&quot;6a9c610435265&quot;}\" data-wp-interactive=\"core\/image\" data-wp-key=\"6a9c610435265\" class=\"wp-block-image size-full wp-lightbox-container\"><img decoding=\"async\" width=\"1800\" height=\"900\" data-wp-class--hide=\"state.isContentHidden\" data-wp-class--show=\"state.isContentVisible\" data-wp-init=\"callbacks.setButtonStyles\" data-wp-on--click=\"actions.showLightbox\" data-wp-on--load=\"callbacks.setButtonStyles\" data-wp-on--pointerdown=\"actions.preloadImage\" data-wp-on--pointerenter=\"actions.preloadImageWithDelay\" data-wp-on--pointerleave=\"actions.cancelPreload\" data-wp-on-window--resize=\"callbacks.setButtonStyles\" src=\"https:\/\/loudavymkrokem.cz\/wp-content\/uploads\/2026\/09\/nemecko-clanky-termaly-nemecko-38-d726c943-1.jpg\" alt=\"Vitasol Therme (Bad Salzuflen)\" class=\"wp-image-415347\" title=\"\" srcset=\"https:\/\/loudavymkrokem.cz\/wp-content\/uploads\/2026\/09\/nemecko-clanky-termaly-nemecko-38-d726c943-1.jpg 1800w, https:\/\/loudavymkrokem.cz\/wp-content\/uploads\/2026\/09\/nemecko-clanky-termaly-nemecko-38-d726c943-1-300x150.jpg 300w, https:\/\/loudavymkrokem.cz\/wp-content\/uploads\/2026\/09\/nemecko-clanky-termaly-nemecko-38-d726c943-1-700x350.jpg 700w, https:\/\/loudavymkrokem.cz\/wp-content\/uploads\/2026\/09\/nemecko-clanky-termaly-nemecko-38-d726c943-1-768x384.jpg 768w, https:\/\/loudavymkrokem.cz\/wp-content\/uploads\/2026\/09\/nemecko-clanky-termaly-nemecko-38-d726c943-1-1536x768.jpg 1536w, https:\/\/loudavymkrokem.cz\/wp-content\/uploads\/2026\/09\/nemecko-clanky-termaly-nemecko-38-d726c943-1-696x348.jpg 696w, https:\/\/loudavymkrokem.cz\/wp-content\/uploads\/2026\/09\/nemecko-clanky-termaly-nemecko-38-d726c943-1-1392x696.jpg 1392w\" sizes=\"(max-width: 1800px) 100vw, 1800px\" \/><button\n\t\t\tclass=\"lightbox-trigger\"\n\t\t\ttype=\"button\"\n\t\t\taria-haspopup=\"dialog\"\n\t\t\tdata-wp-bind--aria-label=\"state.thisImage.triggerButtonAriaLabel\"\n\t\t\tdata-wp-init=\"callbacks.initTriggerButton\"\n\t\t\tdata-wp-on--click=\"actions.showLightbox\"\n\t\t\tdata-wp-style--right=\"state.thisImage.buttonRight\"\n\t\t\tdata-wp-style--top=\"state.thisImage.buttonTop\"\n\t\t>\n\t\t\t<svg xmlns=\"http:\/\/www.w3.org\/2000\/svg\" width=\"12\" height=\"12\" fill=\"none\" viewBox=\"0 0 12 12\">\n\t\t\t\t<path fill=\"#fff\" d=\"M2 0a2 2 0 0 0-2 2v2h1.5V2a.5.5 0 0 1 .5-.5h2V0H2Zm2 10.5H2a.5.5 0 0 1-.5-.5V8H0v2a2 2 0 0 0 2 2h2v-1.5ZM8 12v-1.5h2a.5.5 0 0 0 .5-.5V8H12v2a2 2 0 0 1-2 2H8Zm2-12a2 2 0 0 1 2 2v2h-1.5V2a.5.5 0 0 0-.5-.5H8V0h2Z\" \/>\n\t\t\t<\/svg>\n\t\t<\/button><\/figure>\n\n\n\n<h3 class=\"wp-block-heading\"><span class=\"ez-toc-section\" id=\"31_Vitasol_Therme_Bad_Salzuflen\"><\/span>31. Vitasol Therme (Bad Salzuflen)<span class=\"ez-toc-section-end\"><\/span><\/h3>\n\n\n\n<p class=\"wp-block-paragraph\">V tomto k\u00fape\u013enom meste na teba \u010dak\u00e1 \u00factyhodn\u00fd komplex, ktor\u00fd sa rozprestiera na <strong>ploche vy\u0161e 6 000 m\u00b2<\/strong>, pri\u010dom samotn\u00e1 vodn\u00e1 hladina zaber\u00e1 kr\u00e1snych 1 700 m\u00b2. Zdej\u0161\u00ed term\u00e1lny slan\u00fd prame\u0148 o teplote 37,5 \u00b0C trysk\u00e1 na povrch <strong>r\u00fdchlos\u0165ou 90 000 litrov za hodinu<\/strong>. P\u00f4vodn\u00e1 salinita tejto lie\u010divej vody kedysi dosahovala 12 %.<\/p>\n\n\n\n<p class=\"wp-block-paragraph\">Cesta k tomuto bohatstvu ale nebola v\u00f4bec jednoduch\u00e1. Prv\u00e9 pokusy o v\u0155tanie prebiehali u\u017e v roku 1919, ale skon\u010dili ne\u00faspechom v 375 metroch. A\u017e v roku 1967 sa americk\u00fdmi \u0161peci\u00e1lnymi vrt\u00e1kmi podarilo <strong>dosta\u0165 a\u017e do h\u013abky 1 018 metrov<\/strong>. Samotn\u00e1 prev\u00e1dzka potom funguje od roku 1969 a od roku 1998 ju pozn\u00e1me pod s\u00fa\u010dasn\u00fdm menom.<\/p>\n\n\n\n<p class=\"wp-block-paragraph\">Are\u00e1l je skvelou vo\u013ebou pre v\u0161etk\u00fdch milovn\u00edkov pl\u00e1vania a lie\u010divej slanej vody. Prev\u00e1dzkovatelia myslia aj na bud\u00facnos\u0165, preto\u017ee od leta roku 2025 sa tu <strong>stavia nov\u00fd \u0161tvorhviezdi\u010dkov\u00fd hotel<\/strong> so stovkou izieb a dvomi stovkami l\u00f4\u017eok. Jeho dokon\u010denie je pl\u00e1novan\u00e9 na rok 2027. <strong>\ud83d\udca1 Tip:<\/strong> K\u00fdm sa komplexn\u00fd hotel postav\u00ed, poobzeraj sa po ubytovan\u00ed v bl\u00edzkom centre mesta, odkia\u013e to do k\u00fape\u013eov bude\u0161 ma\u0165 len mal\u00fd k\u00fasok pe\u0161o.<\/p>\n\n\n\n<figure data-wp-context=\"{&quot;imageId&quot;:&quot;6a9c61043585d&quot;}\" data-wp-interactive=\"core\/image\" data-wp-key=\"6a9c61043585d\" class=\"wp-block-image size-full wp-lightbox-container\"><img decoding=\"async\" width=\"1800\" height=\"1350\" data-wp-class--hide=\"state.isContentHidden\" data-wp-class--show=\"state.isContentVisible\" data-wp-init=\"callbacks.setButtonStyles\" data-wp-on--click=\"actions.showLightbox\" data-wp-on--load=\"callbacks.setButtonStyles\" data-wp-on--pointerdown=\"actions.preloadImage\" data-wp-on--pointerenter=\"actions.preloadImageWithDelay\" data-wp-on--pointerleave=\"actions.cancelPreload\" data-wp-on-window--resize=\"callbacks.setButtonStyles\" src=\"https:\/\/loudavymkrokem.cz\/wp-content\/uploads\/2026\/09\/nemecko-clanky-termaly-nemecko-39-605251b4-1.jpg\" alt=\"Mauritius Hotel &#038; Therme K\u00f6ln (K\u00f6ln)\" class=\"wp-image-415351\" title=\"\" srcset=\"https:\/\/loudavymkrokem.cz\/wp-content\/uploads\/2026\/09\/nemecko-clanky-termaly-nemecko-39-605251b4-1.jpg 1800w, https:\/\/loudavymkrokem.cz\/wp-content\/uploads\/2026\/09\/nemecko-clanky-termaly-nemecko-39-605251b4-1-300x225.jpg 300w, https:\/\/loudavymkrokem.cz\/wp-content\/uploads\/2026\/09\/nemecko-clanky-termaly-nemecko-39-605251b4-1-700x525.jpg 700w, https:\/\/loudavymkrokem.cz\/wp-content\/uploads\/2026\/09\/nemecko-clanky-termaly-nemecko-39-605251b4-1-768x576.jpg 768w, https:\/\/loudavymkrokem.cz\/wp-content\/uploads\/2026\/09\/nemecko-clanky-termaly-nemecko-39-605251b4-1-1536x1152.jpg 1536w, https:\/\/loudavymkrokem.cz\/wp-content\/uploads\/2026\/09\/nemecko-clanky-termaly-nemecko-39-605251b4-1-80x60.jpg 80w, https:\/\/loudavymkrokem.cz\/wp-content\/uploads\/2026\/09\/nemecko-clanky-termaly-nemecko-39-605251b4-1-160x120.jpg 160w, https:\/\/loudavymkrokem.cz\/wp-content\/uploads\/2026\/09\/nemecko-clanky-termaly-nemecko-39-605251b4-1-696x522.jpg 696w, https:\/\/loudavymkrokem.cz\/wp-content\/uploads\/2026\/09\/nemecko-clanky-termaly-nemecko-39-605251b4-1-1392x1044.jpg 1392w\" sizes=\"(max-width: 1800px) 100vw, 1800px\" \/><button\n\t\t\tclass=\"lightbox-trigger\"\n\t\t\ttype=\"button\"\n\t\t\taria-haspopup=\"dialog\"\n\t\t\tdata-wp-bind--aria-label=\"state.thisImage.triggerButtonAriaLabel\"\n\t\t\tdata-wp-init=\"callbacks.initTriggerButton\"\n\t\t\tdata-wp-on--click=\"actions.showLightbox\"\n\t\t\tdata-wp-style--right=\"state.thisImage.buttonRight\"\n\t\t\tdata-wp-style--top=\"state.thisImage.buttonTop\"\n\t\t>\n\t\t\t<svg xmlns=\"http:\/\/www.w3.org\/2000\/svg\" width=\"12\" height=\"12\" fill=\"none\" viewBox=\"0 0 12 12\">\n\t\t\t\t<path fill=\"#fff\" d=\"M2 0a2 2 0 0 0-2 2v2h1.5V2a.5.5 0 0 1 .5-.5h2V0H2Zm2 10.5H2a.5.5 0 0 1-.5-.5V8H0v2a2 2 0 0 0 2 2h2v-1.5ZM8 12v-1.5h2a.5.5 0 0 0 .5-.5V8H12v2a2 2 0 0 1-2 2H8Zm2-12a2 2 0 0 1 2 2v2h-1.5V2a.5.5 0 0 0-.5-.5H8V0h2Z\" \/>\n\t\t\t<\/svg>\n\t\t<\/button><figcaption class=\"wp-element-caption\">Foto: Duhon \/ Wikimedia Commons, CC BY 3.0<\/figcaption><\/figure>\n\n\n\n<h3 class=\"wp-block-heading\"><span class=\"ez-toc-section\" id=\"32_Mauritius_Hotel_Therme_Koln_Koln\"><\/span>32. Mauritius Hotel &#038; Therme K\u00f6ln (K\u00f6ln)<span class=\"ez-toc-section-end\"><\/span><\/h3>\n\n\n\n<p class=\"wp-block-paragraph\">V tomto pr\u00edpade sa nejedn\u00e1 o klasick\u00e9 verejn\u00e9 k\u00fapalisko, ale o <strong>luxusn\u00fd \u0161tvorhviezdi\u010dkov\u00fd hotel s obrovsk\u00fdm wellness centrom<\/strong>. N\u00e1jde\u0161 ho ukryt\u00fd v pokojnom k\u00fate samotn\u00e9ho centra Kol\u00edna nad R\u00fdnom, hne\u010f ved\u013ea historick\u00e9ho kostola sv\u00e4t\u00e9ho Maur\u00edcia. Miesto je ako stvoren\u00e9 pre p\u00e1ry, ktor\u00e9 chc\u00fa spoji\u0165 sk\u00famanie ve\u013ekomesta s ve\u010dernou relax\u00e1ciou.<\/p>\n\n\n\n<p class=\"wp-block-paragraph\">Samotn\u00e1 term\u00e1lna a oddychov\u00e1 \u010das\u0165 sa rozklad\u00e1 na <strong>ve\u013ekorysej ploche 3 500 m\u00b2<\/strong>. Bude\u0161 ma\u0165 z \u010doho vybera\u0165, preto\u017ee sa tu nach\u00e1dza 7 r\u00f4znych s\u00e1un, 1 parn\u00fd k\u00fape\u013e a hne\u010f 2 v\u00edrivky. \u0160pecialitou are\u00e1lu je potom vonkaj\u0161\u00ed <strong>baz\u00e9n obohaten\u00fd o so\u013e z M\u0155tveho mora<\/strong>. Mysli na to, \u017ee do saunov\u00e9ho sveta sa chod\u00ed pr\u00edsne bez plaviek. K dispoz\u00edcii je tu tie\u017e fitnes centrum a bohat\u00e1 ponuka mas\u00e1\u017e\u00ed.<\/p>\n\n\n\n<p class=\"wp-block-paragraph\">Ak sa tu ubytuje\u0161, pod\u013ea cenn\u00edka pre rok 2026 platia hotelov\u00ed hostia za vstup do wellness z\u00f3ny <strong>pr\u00edplatok 10 EUR na osobu a de\u0148<\/strong>. T\u00fato v\u00fdhodn\u00fa cenu pritom m\u00f4\u017ee\u0161 vyu\u017ei\u0165 aj v de\u0148 tvojho odchodu. <strong>\ud83d\udca1 Tip:<\/strong> Po celodennom choden\u00ed po kol\u00ednskych pamiatkach tvoje nohy ur\u010dite ocenia dlh\u00fd k\u00fape\u013e v lie\u010divej slanej vode, tak si ho rozhodne nenechaj ujs\u0165.<\/p>\n\n\n\n<figure data-wp-context=\"{&quot;imageId&quot;:&quot;6a9c610435dc6&quot;}\" data-wp-interactive=\"core\/image\" data-wp-key=\"6a9c610435dc6\" class=\"wp-block-image size-full wp-lightbox-container\"><img decoding=\"async\" width=\"1800\" height=\"1200\" data-wp-class--hide=\"state.isContentHidden\" data-wp-class--show=\"state.isContentVisible\" data-wp-init=\"callbacks.setButtonStyles\" data-wp-on--click=\"actions.showLightbox\" data-wp-on--load=\"callbacks.setButtonStyles\" data-wp-on--pointerdown=\"actions.preloadImage\" data-wp-on--pointerenter=\"actions.preloadImageWithDelay\" data-wp-on--pointerleave=\"actions.cancelPreload\" data-wp-on-window--resize=\"callbacks.setButtonStyles\" src=\"https:\/\/loudavymkrokem.cz\/wp-content\/uploads\/2026\/09\/nemecko-clanky-termaly-nemecko-40-b4685b4f-1.jpg\" alt=\"Claudius Therme (K\u00f6ln)\" class=\"wp-image-415353\" title=\"\" srcset=\"https:\/\/loudavymkrokem.cz\/wp-content\/uploads\/2026\/09\/nemecko-clanky-termaly-nemecko-40-b4685b4f-1.jpg 1800w, https:\/\/loudavymkrokem.cz\/wp-content\/uploads\/2026\/09\/nemecko-clanky-termaly-nemecko-40-b4685b4f-1-300x200.jpg 300w, https:\/\/loudavymkrokem.cz\/wp-content\/uploads\/2026\/09\/nemecko-clanky-termaly-nemecko-40-b4685b4f-1-700x467.jpg 700w, https:\/\/loudavymkrokem.cz\/wp-content\/uploads\/2026\/09\/nemecko-clanky-termaly-nemecko-40-b4685b4f-1-768x512.jpg 768w, https:\/\/loudavymkrokem.cz\/wp-content\/uploads\/2026\/09\/nemecko-clanky-termaly-nemecko-40-b4685b4f-1-1536x1024.jpg 1536w, https:\/\/loudavymkrokem.cz\/wp-content\/uploads\/2026\/09\/nemecko-clanky-termaly-nemecko-40-b4685b4f-1-696x464.jpg 696w, https:\/\/loudavymkrokem.cz\/wp-content\/uploads\/2026\/09\/nemecko-clanky-termaly-nemecko-40-b4685b4f-1-1392x928.jpg 1392w\" sizes=\"(max-width: 1800px) 100vw, 1800px\" \/><button\n\t\t\tclass=\"lightbox-trigger\"\n\t\t\ttype=\"button\"\n\t\t\taria-haspopup=\"dialog\"\n\t\t\tdata-wp-bind--aria-label=\"state.thisImage.triggerButtonAriaLabel\"\n\t\t\tdata-wp-init=\"callbacks.initTriggerButton\"\n\t\t\tdata-wp-on--click=\"actions.showLightbox\"\n\t\t\tdata-wp-style--right=\"state.thisImage.buttonRight\"\n\t\t\tdata-wp-style--top=\"state.thisImage.buttonTop\"\n\t\t>\n\t\t\t<svg xmlns=\"http:\/\/www.w3.org\/2000\/svg\" width=\"12\" height=\"12\" fill=\"none\" viewBox=\"0 0 12 12\">\n\t\t\t\t<path fill=\"#fff\" d=\"M2 0a2 2 0 0 0-2 2v2h1.5V2a.5.5 0 0 1 .5-.5h2V0H2Zm2 10.5H2a.5.5 0 0 1-.5-.5V8H0v2a2 2 0 0 0 2 2h2v-1.5ZM8 12v-1.5h2a.5.5 0 0 0 .5-.5V8H12v2a2 2 0 0 1-2 2H8Zm2-12a2 2 0 0 1 2 2v2h-1.5V2a.5.5 0 0 0-.5-.5H8V0h2Z\" \/>\n\t\t\t<\/svg>\n\t\t<\/button><figcaption class=\"wp-element-caption\">Foto: Maksym Kozlenko \/ Wikimedia Commons, CC BY-SA 4.0<\/figcaption><\/figure>\n\n\n\n<h3 class=\"wp-block-heading\"><span class=\"ez-toc-section\" id=\"33_Claudius_Therme_Koln\"><\/span>33. Claudius Therme (K\u00f6ln)<span class=\"ez-toc-section-end\"><\/span><\/h3>\n\n\n\n<p class=\"wp-block-paragraph\">H\u013ead\u00e1\u0161 k\u00fapanie s tou \u00faplne najlep\u0161ou adresou? Tento are\u00e1l le\u017e\u00ed priamo v kol\u00ednskom Rheinparku na pravom brehu rieky R\u00fdn a pon\u00faka <strong>fantastick\u00fd v\u00fdh\u013ead na sl\u00e1vnu kol\u00ednsku katedr\u00e1lu<\/strong>. Miestne baz\u00e9ny z\u00e1sobuje vysoko kvalitn\u00fd, \u0161t\u00e1tom uznan\u00fd pr\u00edrodn\u00fd term\u00e1lny miner\u00e1lny prame\u0148, ktor\u00fd zaru\u010duje dokonal\u00e9 uvo\u013enenie pre telo aj myse\u013e.<\/p>\n\n\n\n<p class=\"wp-block-paragraph\">Na n\u00e1v\u0161tevn\u00edkov tu \u010dak\u00e1 obrovsk\u00fd vodn\u00fd svet, ktor\u00fd tvor\u00ed <strong>celkom 12 r\u00f4znych baz\u00e9nov<\/strong>. Ak d\u00e1va\u0161 prednos\u0165 poriadnemu teplu, ur\u010dite \u0165a pote\u0161\u00ed ponuka 8 s\u00e1un a 3 parn\u00fdch k\u00fape\u013eov. Pod\u013ea aktu\u00e1lneho cenn\u00edka pre rok 2026 zaplat\u00ed\u0161 za dve hodiny k\u00fapania od 19,50 do 22,50 EUR. Varianta so saunou vyjde na 27,50 a\u017e 30,50 EUR a <strong>celodenn\u00e9 vstupn\u00e9 stoj\u00ed 36,50 a\u017e 47,50 EUR<\/strong>.<\/p>\n\n\n\n<p class=\"wp-block-paragraph\">Podnik mysl\u00ed aj na motoristov, tak\u017ee celodenn\u00fd pau\u0161\u00e1l za <strong>parkovanie \u0165a vyjde na pr\u00edjemn\u00e9 3 EUR<\/strong>. \u010co sa t\u00fdka vekov\u00fdch obmedzen\u00ed, vstup je povolen\u00fd len de\u0165om od 6 rokov. Ml\u00e1de\u017e do 16 rokov potom m\u00f4\u017ee are\u00e1l nav\u0161t\u00edvi\u0165 len v sprievode dospelej osoby. <strong>\ud83d\udca1 Tip:<\/strong> Sk\u00fas si n\u00e1v\u0161tevu napl\u00e1nova\u0165 na neskor\u00e9 popoludnie, poh\u013ead na nasvieten\u00fa katedr\u00e1lu z vonkaj\u0161ieho term\u00e1lneho baz\u00e9na je nezabudnute\u013en\u00fd.<\/p>\n\n\n\n<figure data-wp-context=\"{&quot;imageId&quot;:&quot;6a9c610436451&quot;}\" data-wp-interactive=\"core\/image\" data-wp-key=\"6a9c610436451\" class=\"wp-block-image size-full wp-lightbox-container\"><img decoding=\"async\" width=\"1800\" height=\"1200\" data-wp-class--hide=\"state.isContentHidden\" data-wp-class--show=\"state.isContentVisible\" data-wp-init=\"callbacks.setButtonStyles\" data-wp-on--click=\"actions.showLightbox\" data-wp-on--load=\"callbacks.setButtonStyles\" data-wp-on--pointerdown=\"actions.preloadImage\" data-wp-on--pointerenter=\"actions.preloadImageWithDelay\" data-wp-on--pointerleave=\"actions.cancelPreload\" data-wp-on-window--resize=\"callbacks.setButtonStyles\" src=\"https:\/\/loudavymkrokem.cz\/wp-content\/uploads\/2026\/09\/nemecko-clanky-termaly-nemecko-41-eecaebfa-1.jpg\" alt=\"Taunus-Therme v Bad Homburgu\" class=\"wp-image-415356\" title=\"\" srcset=\"https:\/\/loudavymkrokem.cz\/wp-content\/uploads\/2026\/09\/nemecko-clanky-termaly-nemecko-41-eecaebfa-1.jpg 1800w, https:\/\/loudavymkrokem.cz\/wp-content\/uploads\/2026\/09\/nemecko-clanky-termaly-nemecko-41-eecaebfa-1-300x200.jpg 300w, https:\/\/loudavymkrokem.cz\/wp-content\/uploads\/2026\/09\/nemecko-clanky-termaly-nemecko-41-eecaebfa-1-700x467.jpg 700w, https:\/\/loudavymkrokem.cz\/wp-content\/uploads\/2026\/09\/nemecko-clanky-termaly-nemecko-41-eecaebfa-1-768x512.jpg 768w, https:\/\/loudavymkrokem.cz\/wp-content\/uploads\/2026\/09\/nemecko-clanky-termaly-nemecko-41-eecaebfa-1-1536x1024.jpg 1536w, https:\/\/loudavymkrokem.cz\/wp-content\/uploads\/2026\/09\/nemecko-clanky-termaly-nemecko-41-eecaebfa-1-696x464.jpg 696w, https:\/\/loudavymkrokem.cz\/wp-content\/uploads\/2026\/09\/nemecko-clanky-termaly-nemecko-41-eecaebfa-1-1392x928.jpg 1392w\" sizes=\"(max-width: 1800px) 100vw, 1800px\" \/><button\n\t\t\tclass=\"lightbox-trigger\"\n\t\t\ttype=\"button\"\n\t\t\taria-haspopup=\"dialog\"\n\t\t\tdata-wp-bind--aria-label=\"state.thisImage.triggerButtonAriaLabel\"\n\t\t\tdata-wp-init=\"callbacks.initTriggerButton\"\n\t\t\tdata-wp-on--click=\"actions.showLightbox\"\n\t\t\tdata-wp-style--right=\"state.thisImage.buttonRight\"\n\t\t\tdata-wp-style--top=\"state.thisImage.buttonTop\"\n\t\t>\n\t\t\t<svg xmlns=\"http:\/\/www.w3.org\/2000\/svg\" width=\"12\" height=\"12\" fill=\"none\" viewBox=\"0 0 12 12\">\n\t\t\t\t<path fill=\"#fff\" d=\"M2 0a2 2 0 0 0-2 2v2h1.5V2a.5.5 0 0 1 .5-.5h2V0H2Zm2 10.5H2a.5.5 0 0 1-.5-.5V8H0v2a2 2 0 0 0 2 2h2v-1.5ZM8 12v-1.5h2a.5.5 0 0 0 .5-.5V8H12v2a2 2 0 0 1-2 2H8Zm2-12a2 2 0 0 1 2 2v2h-1.5V2a.5.5 0 0 0-.5-.5H8V0h2Z\" \/>\n\t\t\t<\/svg>\n\t\t<\/button><\/figure>\n\n\n\n<h2 class=\"wp-block-heading\"><span class=\"ez-toc-section\" id=\"Termaly_v_Hesensku\"><\/span>Term\u00e1ly v Hesensku<span class=\"ez-toc-section-end\"><\/span><\/h2>\n\n\n\n<p class=\"wp-block-paragraph\">Ak h\u013ead\u00e1\u0161 miesto, kde sa sn\u00fabi hlbok\u00e1 hist\u00f3ria s naozajstn\u00fdm oddychom, spolkov\u00e1 krajina Hesensko \u0165a ur\u010dite nadchne. N\u00e1jde\u0161 tu sl\u00e1vne k\u00fape\u013en\u00e9 mest\u00e1 ako Wiesbaden alebo Bad Homburg, ktor\u00e9 sa p\u00fd\u0161ia bohatou trad\u00edciou a jedn\u00fdmi z <strong>najteplej\u0161\u00edch prame\u0148ov v celom Nemecku<\/strong>. Je to ide\u00e1lny cie\u013e na pred\u013a\u017een\u00fd v\u00edkend, preto\u017ee sa sem zo Slovenska dostane\u0161 pomerne \u013eahko, obzvl\u00e1\u0161\u0165 ak p\u00f4jde\u0161 smerom na Frankfurt.<\/p>\n\n\n\n<p class=\"wp-block-paragraph\">Hesensk\u00e9 k\u00fapele maj\u00fa atmosf\u00e9ru, ktor\u00e1 \u010dasto pripom\u00edna star\u00e9 antick\u00e9 chr\u00e1my alebo luxusn\u00e9 pal\u00e1ce. \u010ci u\u017e t\u00fa\u017ei\u0161 po tichom rozj\u00edman\u00ed v historick\u00fdch kulis\u00e1ch, alebo d\u00e1va\u0161 prednos\u0165 modern\u00fdm saunov\u00fdm ritu\u00e1lom, tu si pr\u00edde\u0161 na svoje. Po\u010fme sa pozrie\u0165 na tie najzauj\u00edmavej\u0161ie are\u00e1ly, ktor\u00e9 by si pri pl\u00e1novan\u00ed cesty rozhodne nemal min\u00fa\u0165.<\/p>\n\n\n\n<figure data-wp-context=\"{&quot;imageId&quot;:&quot;6a9c6104368af&quot;}\" data-wp-interactive=\"core\/image\" data-wp-key=\"6a9c6104368af\" class=\"wp-block-image size-full wp-lightbox-container\"><img decoding=\"async\" width=\"1800\" height=\"1347\" data-wp-class--hide=\"state.isContentHidden\" data-wp-class--show=\"state.isContentVisible\" data-wp-init=\"callbacks.setButtonStyles\" data-wp-on--click=\"actions.showLightbox\" data-wp-on--load=\"callbacks.setButtonStyles\" data-wp-on--pointerdown=\"actions.preloadImage\" data-wp-on--pointerenter=\"actions.preloadImageWithDelay\" data-wp-on--pointerleave=\"actions.cancelPreload\" data-wp-on-window--resize=\"callbacks.setButtonStyles\" src=\"https:\/\/loudavymkrokem.cz\/wp-content\/uploads\/2026\/09\/nemecko-clanky-termaly-nemecko-42-4670ad94-1.jpg\" alt=\"Taunus-Therme (Bad Homburg): vstup do term\u00e1lu s l\u00e1vkou\" class=\"wp-image-415359\" title=\"\" srcset=\"https:\/\/loudavymkrokem.cz\/wp-content\/uploads\/2026\/09\/nemecko-clanky-termaly-nemecko-42-4670ad94-1.jpg 1800w, https:\/\/loudavymkrokem.cz\/wp-content\/uploads\/2026\/09\/nemecko-clanky-termaly-nemecko-42-4670ad94-1-300x225.jpg 300w, https:\/\/loudavymkrokem.cz\/wp-content\/uploads\/2026\/09\/nemecko-clanky-termaly-nemecko-42-4670ad94-1-700x524.jpg 700w, https:\/\/loudavymkrokem.cz\/wp-content\/uploads\/2026\/09\/nemecko-clanky-termaly-nemecko-42-4670ad94-1-768x575.jpg 768w, https:\/\/loudavymkrokem.cz\/wp-content\/uploads\/2026\/09\/nemecko-clanky-termaly-nemecko-42-4670ad94-1-1536x1149.jpg 1536w, https:\/\/loudavymkrokem.cz\/wp-content\/uploads\/2026\/09\/nemecko-clanky-termaly-nemecko-42-4670ad94-1-80x60.jpg 80w, https:\/\/loudavymkrokem.cz\/wp-content\/uploads\/2026\/09\/nemecko-clanky-termaly-nemecko-42-4670ad94-1-160x120.jpg 160w, https:\/\/loudavymkrokem.cz\/wp-content\/uploads\/2026\/09\/nemecko-clanky-termaly-nemecko-42-4670ad94-1-696x521.jpg 696w, https:\/\/loudavymkrokem.cz\/wp-content\/uploads\/2026\/09\/nemecko-clanky-termaly-nemecko-42-4670ad94-1-1392x1042.jpg 1392w\" sizes=\"(max-width: 1800px) 100vw, 1800px\" \/><button\n\t\t\tclass=\"lightbox-trigger\"\n\t\t\ttype=\"button\"\n\t\t\taria-haspopup=\"dialog\"\n\t\t\tdata-wp-bind--aria-label=\"state.thisImage.triggerButtonAriaLabel\"\n\t\t\tdata-wp-init=\"callbacks.initTriggerButton\"\n\t\t\tdata-wp-on--click=\"actions.showLightbox\"\n\t\t\tdata-wp-style--right=\"state.thisImage.buttonRight\"\n\t\t\tdata-wp-style--top=\"state.thisImage.buttonTop\"\n\t\t>\n\t\t\t<svg xmlns=\"http:\/\/www.w3.org\/2000\/svg\" width=\"12\" height=\"12\" fill=\"none\" viewBox=\"0 0 12 12\">\n\t\t\t\t<path fill=\"#fff\" d=\"M2 0a2 2 0 0 0-2 2v2h1.5V2a.5.5 0 0 1 .5-.5h2V0H2Zm2 10.5H2a.5.5 0 0 1-.5-.5V8H0v2a2 2 0 0 0 2 2h2v-1.5ZM8 12v-1.5h2a.5.5 0 0 0 .5-.5V8H12v2a2 2 0 0 1-2 2H8Zm2-12a2 2 0 0 1 2 2v2h-1.5V2a.5.5 0 0 0-.5-.5H8V0h2Z\" \/>\n\t\t\t<\/svg>\n\t\t<\/button><figcaption class=\"wp-element-caption\">Foto: Karsten11 \/ Wikimedia Commons, Public domain<\/figcaption><\/figure>\n\n\n\n<h3 class=\"wp-block-heading\"><span class=\"ez-toc-section\" id=\"34_Taunus-Therme_Bad_Homburg\"><\/span>34. Taunus-Therme (Bad Homburg)<span class=\"ez-toc-section-end\"><\/span><\/h3>\n\n\n\n<p class=\"wp-block-paragraph\">Are\u00e1l Taunus-Therme v meste Bad Homburg je v\u00fdnimo\u010dn\u00fd hlavne svoj\u00edm obrovsk\u00fdm priestorom, preto\u017ee pon\u00faka <strong>1200 metrov \u0161tvorcov\u00fdch vn\u00fatorn\u00fdch aj vonkaj\u0161\u00edch pl\u00f4ch<\/strong> na dokonal\u00fa relax\u00e1ciu. Voda do baz\u00e9nov pritom pritek\u00e1 z miestneho prame\u0148a Viktoria-Louise-Quelle, ktor\u00fd m\u00e1 p\u00f4vodne teplotu 22,4 \u00b0C, ale pre tvoje maxim\u00e1lne pohodlie sa ohrieva na <strong>pr\u00edjemn\u00fdch 34,5 \u00b0C<\/strong>.<\/p>\n\n\n\n<p class=\"wp-block-paragraph\">M\u00f4\u017ee\u0161 sa te\u0161i\u0165 na mno\u017estvo z\u00e1kut\u00ed s term\u00e1lnou vodou, kde \u0165a \u010dak\u00e1 pokoj. Ak miluje\u0161 bublinky, pote\u0161\u00ed \u0165a hne\u010f <strong>\u0161tyri hor\u00face v\u00edrivky s teplotou 37 \u00b0C<\/strong>, ktor\u00e9 dokonale uvo\u013enia unaven\u00e9 svaly. Milovn\u00edci potenia potom ocenia bohat\u00fa saunov\u00fa \u010das\u0165, v ktorej n\u00e1jde\u0161 celkom osem tematick\u00fdch s\u00e1un s teplotami od 45 \u00b0C a\u017e do 100 \u00b0C.<\/p>\n\n\n\n<p class=\"wp-block-paragraph\">Dve z t\u00fdchto \u00f4smich s\u00e1un s\u00fa <strong>vyhraden\u00e9 exkluz\u00edvne len pre d\u00e1my<\/strong>, \u010do je skvel\u00e1 spr\u00e1va pre v\u0161etky \u017eeny, ktor\u00e9 h\u013eadaj\u00fa viac s\u00fakromia. Are\u00e1l je vo v\u0161eobecnosti vhodn\u00fd sk\u00f4r pre dospel\u00fdch n\u00e1v\u0161tevn\u00edkov h\u013eadaj\u00facich pokoj a tich\u00fd oddych. <strong>\ud83d\udca1 Tip:<\/strong> Aj ke\u010f tu nen\u00e1jde\u0161 divok\u00e9 tobog\u00e1ny, obrovsk\u00e1 plocha zaru\u010duje, \u017ee sa nebude\u0161 tla\u010di\u0165 s ostatn\u00fdmi \u013eu\u010fmi a v\u017edy si n\u00e1jde\u0161 svoj tich\u00fd k\u00fatik.<\/p>\n\n\n\n<figure data-wp-context=\"{&quot;imageId&quot;:&quot;6a9c610436cfd&quot;}\" data-wp-interactive=\"core\/image\" data-wp-key=\"6a9c610436cfd\" class=\"wp-block-image size-full wp-lightbox-container\"><img decoding=\"async\" width=\"1800\" height=\"1350\" data-wp-class--hide=\"state.isContentHidden\" data-wp-class--show=\"state.isContentVisible\" data-wp-init=\"callbacks.setButtonStyles\" data-wp-on--click=\"actions.showLightbox\" data-wp-on--load=\"callbacks.setButtonStyles\" data-wp-on--pointerdown=\"actions.preloadImage\" data-wp-on--pointerenter=\"actions.preloadImageWithDelay\" data-wp-on--pointerleave=\"actions.cancelPreload\" data-wp-on-window--resize=\"callbacks.setButtonStyles\" src=\"https:\/\/loudavymkrokem.cz\/wp-content\/uploads\/2026\/09\/nemecko-clanky-termaly-nemecko-43-b17240b7-1.jpg\" alt=\"KurhessenTherme (Kassel)\" class=\"wp-image-415361\" title=\"\" srcset=\"https:\/\/loudavymkrokem.cz\/wp-content\/uploads\/2026\/09\/nemecko-clanky-termaly-nemecko-43-b17240b7-1.jpg 1800w, https:\/\/loudavymkrokem.cz\/wp-content\/uploads\/2026\/09\/nemecko-clanky-termaly-nemecko-43-b17240b7-1-300x225.jpg 300w, https:\/\/loudavymkrokem.cz\/wp-content\/uploads\/2026\/09\/nemecko-clanky-termaly-nemecko-43-b17240b7-1-700x525.jpg 700w, https:\/\/loudavymkrokem.cz\/wp-content\/uploads\/2026\/09\/nemecko-clanky-termaly-nemecko-43-b17240b7-1-768x576.jpg 768w, https:\/\/loudavymkrokem.cz\/wp-content\/uploads\/2026\/09\/nemecko-clanky-termaly-nemecko-43-b17240b7-1-1536x1152.jpg 1536w, https:\/\/loudavymkrokem.cz\/wp-content\/uploads\/2026\/09\/nemecko-clanky-termaly-nemecko-43-b17240b7-1-80x60.jpg 80w, https:\/\/loudavymkrokem.cz\/wp-content\/uploads\/2026\/09\/nemecko-clanky-termaly-nemecko-43-b17240b7-1-160x120.jpg 160w, https:\/\/loudavymkrokem.cz\/wp-content\/uploads\/2026\/09\/nemecko-clanky-termaly-nemecko-43-b17240b7-1-696x522.jpg 696w, https:\/\/loudavymkrokem.cz\/wp-content\/uploads\/2026\/09\/nemecko-clanky-termaly-nemecko-43-b17240b7-1-1392x1044.jpg 1392w\" sizes=\"(max-width: 1800px) 100vw, 1800px\" \/><button\n\t\t\tclass=\"lightbox-trigger\"\n\t\t\ttype=\"button\"\n\t\t\taria-haspopup=\"dialog\"\n\t\t\tdata-wp-bind--aria-label=\"state.thisImage.triggerButtonAriaLabel\"\n\t\t\tdata-wp-init=\"callbacks.initTriggerButton\"\n\t\t\tdata-wp-on--click=\"actions.showLightbox\"\n\t\t\tdata-wp-style--right=\"state.thisImage.buttonRight\"\n\t\t\tdata-wp-style--top=\"state.thisImage.buttonTop\"\n\t\t>\n\t\t\t<svg xmlns=\"http:\/\/www.w3.org\/2000\/svg\" width=\"12\" height=\"12\" fill=\"none\" viewBox=\"0 0 12 12\">\n\t\t\t\t<path fill=\"#fff\" d=\"M2 0a2 2 0 0 0-2 2v2h1.5V2a.5.5 0 0 1 .5-.5h2V0H2Zm2 10.5H2a.5.5 0 0 1-.5-.5V8H0v2a2 2 0 0 0 2 2h2v-1.5ZM8 12v-1.5h2a.5.5 0 0 0 .5-.5V8H12v2a2 2 0 0 1-2 2H8Zm2-12a2 2 0 0 1 2 2v2h-1.5V2a.5.5 0 0 0-.5-.5H8V0h2Z\" \/>\n\t\t\t<\/svg>\n\t\t<\/button><figcaption class=\"wp-element-caption\">Foto: Pedelecs \/ Wikimedia Commons, CC BY-SA 3.0<\/figcaption><\/figure>\n\n\n\n<h3 class=\"wp-block-heading\"><span class=\"ez-toc-section\" id=\"35_KurhessenTherme_Kassel\"><\/span>35. KurhessenTherme (Kassel)<span class=\"ez-toc-section-end\"><\/span><\/h3>\n\n\n\n<p class=\"wp-block-paragraph\">Ak zamieri\u0161 do mesta Kassel, nevynechaj are\u00e1l KurhessenTherme, ktor\u00fd \u0165a prekvap\u00ed jedine\u010dn\u00fdm <strong>saunov\u00fdm jazerom o rozlohe 200 metrov \u0161tvorcov\u00fdch<\/strong>. Toto jazero m\u00e1 osvie\u017euj\u00facu teplotu medzi 19 a 21 \u00b0C a je zasaden\u00e9 do takzvanej Rajskej z\u00e1hrady. T\u00e1 pon\u00faka vy\u0161e <strong>400 metrov \u0161tvorcov\u00fdch na oddych bez plaviek<\/strong>, \u010do pote\u0161\u00ed v\u0161etk\u00fdch vyzn\u00e1va\u010dov naturizmu.<\/p>\n\n\n\n<p class=\"wp-block-paragraph\">Saunov\u00fd svet je tu \u0161tedr\u00fd, n\u00e1jde\u0161 v \u0148om celkom osem r\u00f4znych prehrievarn\u00ed. Za\u010diato\u010dn\u00edci m\u00f4\u017eu vysk\u00fa\u0161a\u0165 jemn\u00fa sveteln\u00fa saunu so so\u013en\u00fdmi kry\u0161t\u00e1lmi a teplotou 45 \u00b0C, alebo saunu s 55 \u00b0C, ktor\u00e1 je skvel\u00e1 na d\u00fdchacie cesty. Sk\u00fasen\u00ed saun\u00e1ri naopak zamieria do <strong>sauny s hor\u00facimi kame\u0148mi vyhriatej na 100 \u00b0C<\/strong>. \u017deny maj\u00fa k dispoz\u00edcii aj vlastn\u00fa orient\u00e1lnu d\u00e1msku saunu.<\/p>\n\n\n\n<p class=\"wp-block-paragraph\">Pod\u013ea cenn\u00edka pre rok 2026 zaplat\u00ed\u0161 za dvojhodinov\u00fd vstup do term\u00e1lov a s\u00e1un <strong>od 23 do 24,50 eur<\/strong>, celodenn\u00fd l\u00edstok potom vyjde na 26,50 a\u017e 28 eur pod\u013ea d\u0148a v t\u00fd\u017edni. Za ka\u017ed\u00fdch za\u010dat\u00fdch p\u00e4tn\u00e1s\u0165 min\u00fat navy\u0161e sa dopl\u00e1ca 1,50 eura. <strong>\ud83d\udca1 Tip:<\/strong> Ak ti po k\u00fapan\u00ed vyhladne, miestna re\u0161taur\u00e1cia pon\u00faka v\u00fdborn\u00e9 bezm\u00e4sit\u00e9 gnocchi alebo \u0161pagety so zelen\u00fdm pestom a grilovanou zeleninou za 11,50 eura.<\/p>\n\n\n\n<figure data-wp-context=\"{&quot;imageId&quot;:&quot;6a9c6104371e5&quot;}\" data-wp-interactive=\"core\/image\" data-wp-key=\"6a9c6104371e5\" class=\"wp-block-image size-full wp-lightbox-container\"><img decoding=\"async\" width=\"1800\" height=\"1800\" data-wp-class--hide=\"state.isContentHidden\" data-wp-class--show=\"state.isContentVisible\" data-wp-init=\"callbacks.setButtonStyles\" data-wp-on--click=\"actions.showLightbox\" data-wp-on--load=\"callbacks.setButtonStyles\" data-wp-on--pointerdown=\"actions.preloadImage\" data-wp-on--pointerenter=\"actions.preloadImageWithDelay\" data-wp-on--pointerleave=\"actions.cancelPreload\" data-wp-on-window--resize=\"callbacks.setButtonStyles\" src=\"https:\/\/loudavymkrokem.cz\/wp-content\/uploads\/2026\/09\/nemecko-clanky-termaly-nemecko-44-2d6e2fb5-1.jpg\" alt=\"Odenwald-Therme (Bad K\u00f6nig): saunov\u00e1 \u010das\u0165\" class=\"wp-image-415363\" title=\"\" srcset=\"https:\/\/loudavymkrokem.cz\/wp-content\/uploads\/2026\/09\/nemecko-clanky-termaly-nemecko-44-2d6e2fb5-1.jpg 1800w, https:\/\/loudavymkrokem.cz\/wp-content\/uploads\/2026\/09\/nemecko-clanky-termaly-nemecko-44-2d6e2fb5-1-300x300.jpg 300w, https:\/\/loudavymkrokem.cz\/wp-content\/uploads\/2026\/09\/nemecko-clanky-termaly-nemecko-44-2d6e2fb5-1-700x700.jpg 700w, https:\/\/loudavymkrokem.cz\/wp-content\/uploads\/2026\/09\/nemecko-clanky-termaly-nemecko-44-2d6e2fb5-1-150x150.jpg 150w, https:\/\/loudavymkrokem.cz\/wp-content\/uploads\/2026\/09\/nemecko-clanky-termaly-nemecko-44-2d6e2fb5-1-768x768.jpg 768w, https:\/\/loudavymkrokem.cz\/wp-content\/uploads\/2026\/09\/nemecko-clanky-termaly-nemecko-44-2d6e2fb5-1-1536x1536.jpg 1536w, https:\/\/loudavymkrokem.cz\/wp-content\/uploads\/2026\/09\/nemecko-clanky-termaly-nemecko-44-2d6e2fb5-1-696x696.jpg 696w, https:\/\/loudavymkrokem.cz\/wp-content\/uploads\/2026\/09\/nemecko-clanky-termaly-nemecko-44-2d6e2fb5-1-1392x1392.jpg 1392w\" sizes=\"(max-width: 1800px) 100vw, 1800px\" \/><button\n\t\t\tclass=\"lightbox-trigger\"\n\t\t\ttype=\"button\"\n\t\t\taria-haspopup=\"dialog\"\n\t\t\tdata-wp-bind--aria-label=\"state.thisImage.triggerButtonAriaLabel\"\n\t\t\tdata-wp-init=\"callbacks.initTriggerButton\"\n\t\t\tdata-wp-on--click=\"actions.showLightbox\"\n\t\t\tdata-wp-style--right=\"state.thisImage.buttonRight\"\n\t\t\tdata-wp-style--top=\"state.thisImage.buttonTop\"\n\t\t>\n\t\t\t<svg xmlns=\"http:\/\/www.w3.org\/2000\/svg\" width=\"12\" height=\"12\" fill=\"none\" viewBox=\"0 0 12 12\">\n\t\t\t\t<path fill=\"#fff\" d=\"M2 0a2 2 0 0 0-2 2v2h1.5V2a.5.5 0 0 1 .5-.5h2V0H2Zm2 10.5H2a.5.5 0 0 1-.5-.5V8H0v2a2 2 0 0 0 2 2h2v-1.5ZM8 12v-1.5h2a.5.5 0 0 0 .5-.5V8H12v2a2 2 0 0 1-2 2H8Zm2-12a2 2 0 0 1 2 2v2h-1.5V2a.5.5 0 0 0-.5-.5H8V0h2Z\" \/>\n\t\t\t<\/svg>\n\t\t<\/button><\/figure>\n\n\n\n<h3 class=\"wp-block-heading\"><span class=\"ez-toc-section\" id=\"36_Odenwald-Therme_Bad_Konig\"><\/span>36. Odenwald-Therme (Bad K\u00f6nig)<span class=\"ez-toc-section-end\"><\/span><\/h3>\n\n\n\n<p class=\"wp-block-paragraph\">V malebnom meste\u010dku Bad K\u00f6nig sa nach\u00e1dza Odenwald-Therme, kde na ploche <strong>vy\u0161e 1300 metrov \u0161tvorcov\u00fdch<\/strong> n\u00e1jde\u0161 ve\u013emi pr\u00edjemn\u00fd saunov\u00fd svet a term\u00e1lne baz\u00e9ny. Tento are\u00e1l je skvelou vo\u013ebou pre t\u00fdch, ktor\u00ed h\u013eadaj\u00fa komornej\u0161iu a pokojnej\u0161iu atmosf\u00e9ru bez obrovsk\u00fdch davov, a ocenia <strong>ve\u013ek\u00fd vonkaj\u0161\u00ed baz\u00e9n<\/strong> na pl\u00e1vanie na \u010derstvom vzduchu.<\/p>\n\n\n\n<p class=\"wp-block-paragraph\">Vn\u00fatri na teba \u010dakaj\u00fa \u0161tyri r\u00f4zne temperovan\u00e9 sauny. Najteplej\u0161ia je <strong>Odenwald-Sauna s 90 \u00b0C<\/strong>, kde pravidelne prebiehaj\u00fa ob\u013e\u00faben\u00e9 saunov\u00e9 ceremoni\u00e1ly, takzvan\u00e9 Aufg\u00fcsse. Okrem nej m\u00f4\u017ee\u0161 prehria\u0165 telo v vt\u00e1\u010dej saune s 80 \u00b0C, jemnom san\u00e1riu vyhriatom na 60 \u00b0C alebo v parnom a aromatickom k\u00fapeli, ktor\u00fd m\u00e1 pohodov\u00fdch 40 \u00b0C. Odd\u00fdchnu\u0165 si potom m\u00f4\u017ee\u0161 vo vyhraden\u00fdch relaxa\u010dn\u00fdch miestnostiach alebo si dopria\u0165 telov\u00fd peeling.<\/p>\n\n\n\n<p class=\"wp-block-paragraph\">Z\u00e1kladn\u00e1 vstupenka do term\u00e1lov aj s\u00e1un vyjde pod\u013ea cenn\u00edka pre rok 2026 na <strong>22,50 eura<\/strong>, zatia\u013e \u010do celodenn\u00fd l\u00edstok stoj\u00ed 28,50 eura. Are\u00e1l je ide\u00e1lny pre p\u00e1ry a dospel\u00fdch, ktor\u00ed si chc\u00fa v pokoji odd\u00fdchnu\u0165. <strong>\ud83d\udca1 Tip:<\/strong> Ak si v miestnej gastron\u00f3mii d\u00e1\u0161 tepl\u00e9 jedlo v hodnote aspo\u0148 4,90 eura, z\u00edska\u0161 automaticky jednu hodinu \u010dasu k tvojmu vstupu navy\u0161e \u00faplne zadarmo.<\/p>\n\n\n\n<figure data-wp-context=\"{&quot;imageId&quot;:&quot;6a9c61043777e&quot;}\" data-wp-interactive=\"core\/image\" data-wp-key=\"6a9c61043777e\" class=\"wp-block-image size-full wp-lightbox-container\"><img decoding=\"async\" width=\"1800\" height=\"1200\" data-wp-class--hide=\"state.isContentHidden\" data-wp-class--show=\"state.isContentVisible\" data-wp-init=\"callbacks.setButtonStyles\" data-wp-on--click=\"actions.showLightbox\" data-wp-on--load=\"callbacks.setButtonStyles\" data-wp-on--pointerdown=\"actions.preloadImage\" data-wp-on--pointerenter=\"actions.preloadImageWithDelay\" data-wp-on--pointerleave=\"actions.cancelPreload\" data-wp-on-window--resize=\"callbacks.setButtonStyles\" src=\"https:\/\/loudavymkrokem.cz\/wp-content\/uploads\/2026\/09\/nemecko-clanky-termaly-nemecko-45-cfe756aa.jpg\" alt=\"Budova Thermalbadu Aukammtal vo wiesbadenskom parku\" class=\"wp-image-415508\" title=\"\" srcset=\"https:\/\/loudavymkrokem.cz\/wp-content\/uploads\/2026\/09\/nemecko-clanky-termaly-nemecko-45-cfe756aa.jpg 1800w, https:\/\/loudavymkrokem.cz\/wp-content\/uploads\/2026\/09\/nemecko-clanky-termaly-nemecko-45-cfe756aa-300x200.jpg 300w, https:\/\/loudavymkrokem.cz\/wp-content\/uploads\/2026\/09\/nemecko-clanky-termaly-nemecko-45-cfe756aa-700x467.jpg 700w, https:\/\/loudavymkrokem.cz\/wp-content\/uploads\/2026\/09\/nemecko-clanky-termaly-nemecko-45-cfe756aa-768x512.jpg 768w, https:\/\/loudavymkrokem.cz\/wp-content\/uploads\/2026\/09\/nemecko-clanky-termaly-nemecko-45-cfe756aa-1536x1024.jpg 1536w, https:\/\/loudavymkrokem.cz\/wp-content\/uploads\/2026\/09\/nemecko-clanky-termaly-nemecko-45-cfe756aa-696x464.jpg 696w, https:\/\/loudavymkrokem.cz\/wp-content\/uploads\/2026\/09\/nemecko-clanky-termaly-nemecko-45-cfe756aa-1392x928.jpg 1392w\" sizes=\"(max-width: 1800px) 100vw, 1800px\" \/><button\n\t\t\tclass=\"lightbox-trigger\"\n\t\t\ttype=\"button\"\n\t\t\taria-haspopup=\"dialog\"\n\t\t\tdata-wp-bind--aria-label=\"state.thisImage.triggerButtonAriaLabel\"\n\t\t\tdata-wp-init=\"callbacks.initTriggerButton\"\n\t\t\tdata-wp-on--click=\"actions.showLightbox\"\n\t\t\tdata-wp-style--right=\"state.thisImage.buttonRight\"\n\t\t\tdata-wp-style--top=\"state.thisImage.buttonTop\"\n\t\t>\n\t\t\t<svg xmlns=\"http:\/\/www.w3.org\/2000\/svg\" width=\"12\" height=\"12\" fill=\"none\" viewBox=\"0 0 12 12\">\n\t\t\t\t<path fill=\"#fff\" d=\"M2 0a2 2 0 0 0-2 2v2h1.5V2a.5.5 0 0 1 .5-.5h2V0H2Zm2 10.5H2a.5.5 0 0 1-.5-.5V8H0v2a2 2 0 0 0 2 2h2v-1.5ZM8 12v-1.5h2a.5.5 0 0 0 .5-.5V8H12v2a2 2 0 0 1-2 2H8Zm2-12a2 2 0 0 1 2 2v2h-1.5V2a.5.5 0 0 0-.5-.5H8V0h2Z\" \/>\n\t\t\t<\/svg>\n\t\t<\/button><figcaption class=\"wp-element-caption\">Foto: Renate007 \/ Wikimedia Commons, CC BY-SA 4.0<\/figcaption><\/figure>\n\n\n\n<h3 class=\"wp-block-heading\"><span class=\"ez-toc-section\" id=\"37_Thermalbad_Aukammtal_Wiesbaden\"><\/span>37. Thermalbad Aukammtal (Wiesbaden)<span class=\"ez-toc-section-end\"><\/span><\/h3>\n\n\n\n<p class=\"wp-block-paragraph\">Mesto Wiesbaden je k\u00fape\u013en\u00fd klenot a Thermalbad Aukammtal je jedn\u00fdm z d\u00f4vodov, pre\u010do sem vyrazi\u0165. Are\u00e1l le\u017e\u00ed v kr\u00e1snom prostred\u00ed mestsk\u00e9ho parku a jeho najv\u00e4\u010d\u0161\u00edm \u0165ah\u00e1kom je <strong>voda s ve\u013emi vysok\u00fdm obsahom soli<\/strong>. T\u00e1 sa tradi\u010dne odpor\u00fa\u010da pri ortopedick\u00fdch a reumatick\u00fdch \u0165a\u017ekostiach, tak\u017ee ak \u0165a tr\u00e1pia k\u013aby alebo chrb\u00e1t, toto miesto ti urob\u00ed dobre.<\/p>\n\n\n\n<p class=\"wp-block-paragraph\">Miestna term\u00e1lna voda m\u00e1 <strong>ve\u013emi pr\u00edjemn\u00fdch 32 \u00b0C<\/strong> a m\u00f4\u017ee\u0161 si ju u\u017e\u00edva\u0165 ako vo vn\u00fatornom baz\u00e9ne o rozlohe 435 metrov \u0161tvorcov\u00fdch, tak aj v podobne ve\u013ekom vonkaj\u0161om baz\u00e9ne, ktor\u00fd m\u00e1 zhruba 450 metrov \u0161tvorcov\u00fdch. Pre fan\u00fa\u0161ikov saunovania je pripraven\u00e9 z\u00e1zemie s odli\u0161n\u00fdm vybaven\u00edm, kde sa ukr\u00fdvaj\u00fa \u0161tyri vn\u00fatorn\u00e9 a tri vonkaj\u0161ie sauny.<\/p>\n\n\n\n<p class=\"wp-block-paragraph\">Term\u00e1ly s\u00fa otvoren\u00e9 po cel\u00fd rok, ale otv\u00e1racia doba sa mierne men\u00ed pod\u013ea sez\u00f3ny. Od za\u010diatku okt\u00f3bra do konca apr\u00edla sem m\u00f4\u017ee\u0161 pr\u00eds\u0165 ka\u017ed\u00fd de\u0148 od deviatej r\u00e1no do desiatej ve\u010der, pri\u010dom v piatok a v sobotu je <strong>otvoren\u00e9 a\u017e do jeden\u00e1stej do ve\u010dera<\/strong>. V letnej sez\u00f3ne sa zatv\u00e1ra v\u017edy o 22 hodine. <strong>\ud83d\udca1 Tip:<\/strong> V\u010faka polohe priamo v parku v \u00fadol\u00ed Aukammtal odpor\u00fa\u010dam spoji\u0165 n\u00e1v\u0161tevu baz\u00e9nov s dlhou popolud\u0148aj\u0161ou prech\u00e1dzkou po okolitej zeleni.<\/p>\n\n\n\n<figure data-wp-context=\"{&quot;imageId&quot;:&quot;6a9c610437bf9&quot;}\" data-wp-interactive=\"core\/image\" data-wp-key=\"6a9c610437bf9\" class=\"wp-block-image size-full wp-lightbox-container\"><img decoding=\"async\" width=\"1800\" height=\"1350\" data-wp-class--hide=\"state.isContentHidden\" data-wp-class--show=\"state.isContentVisible\" data-wp-init=\"callbacks.setButtonStyles\" data-wp-on--click=\"actions.showLightbox\" data-wp-on--load=\"callbacks.setButtonStyles\" data-wp-on--pointerdown=\"actions.preloadImage\" data-wp-on--pointerenter=\"actions.preloadImageWithDelay\" data-wp-on--pointerleave=\"actions.cancelPreload\" data-wp-on-window--resize=\"callbacks.setButtonStyles\" src=\"https:\/\/loudavymkrokem.cz\/wp-content\/uploads\/2026\/09\/nemecko-clanky-termaly-nemecko-46-fef6372e.jpg\" alt=\"Historick\u00e9 foyer Kaiser-Friedrich-Therme vo Wiesbadene\" class=\"wp-image-415512\" title=\"\" srcset=\"https:\/\/loudavymkrokem.cz\/wp-content\/uploads\/2026\/09\/nemecko-clanky-termaly-nemecko-46-fef6372e.jpg 1800w, https:\/\/loudavymkrokem.cz\/wp-content\/uploads\/2026\/09\/nemecko-clanky-termaly-nemecko-46-fef6372e-300x225.jpg 300w, https:\/\/loudavymkrokem.cz\/wp-content\/uploads\/2026\/09\/nemecko-clanky-termaly-nemecko-46-fef6372e-700x525.jpg 700w, https:\/\/loudavymkrokem.cz\/wp-content\/uploads\/2026\/09\/nemecko-clanky-termaly-nemecko-46-fef6372e-768x576.jpg 768w, https:\/\/loudavymkrokem.cz\/wp-content\/uploads\/2026\/09\/nemecko-clanky-termaly-nemecko-46-fef6372e-1536x1152.jpg 1536w, https:\/\/loudavymkrokem.cz\/wp-content\/uploads\/2026\/09\/nemecko-clanky-termaly-nemecko-46-fef6372e-80x60.jpg 80w, https:\/\/loudavymkrokem.cz\/wp-content\/uploads\/2026\/09\/nemecko-clanky-termaly-nemecko-46-fef6372e-160x120.jpg 160w, https:\/\/loudavymkrokem.cz\/wp-content\/uploads\/2026\/09\/nemecko-clanky-termaly-nemecko-46-fef6372e-696x522.jpg 696w, https:\/\/loudavymkrokem.cz\/wp-content\/uploads\/2026\/09\/nemecko-clanky-termaly-nemecko-46-fef6372e-1392x1044.jpg 1392w\" sizes=\"(max-width: 1800px) 100vw, 1800px\" \/><button\n\t\t\tclass=\"lightbox-trigger\"\n\t\t\ttype=\"button\"\n\t\t\taria-haspopup=\"dialog\"\n\t\t\tdata-wp-bind--aria-label=\"state.thisImage.triggerButtonAriaLabel\"\n\t\t\tdata-wp-init=\"callbacks.initTriggerButton\"\n\t\t\tdata-wp-on--click=\"actions.showLightbox\"\n\t\t\tdata-wp-style--right=\"state.thisImage.buttonRight\"\n\t\t\tdata-wp-style--top=\"state.thisImage.buttonTop\"\n\t\t>\n\t\t\t<svg xmlns=\"http:\/\/www.w3.org\/2000\/svg\" width=\"12\" height=\"12\" fill=\"none\" viewBox=\"0 0 12 12\">\n\t\t\t\t<path fill=\"#fff\" d=\"M2 0a2 2 0 0 0-2 2v2h1.5V2a.5.5 0 0 1 .5-.5h2V0H2Zm2 10.5H2a.5.5 0 0 1-.5-.5V8H0v2a2 2 0 0 0 2 2h2v-1.5ZM8 12v-1.5h2a.5.5 0 0 0 .5-.5V8H12v2a2 2 0 0 1-2 2H8Zm2-12a2 2 0 0 1 2 2v2h-1.5V2a.5.5 0 0 0-.5-.5H8V0h2Z\" \/>\n\t\t\t<\/svg>\n\t\t<\/button><figcaption class=\"wp-element-caption\">Foto: WiesbAdler \/ Wikimedia Commons, Public domain<\/figcaption><\/figure>\n\n\n\n<h3 class=\"wp-block-heading\"><span class=\"ez-toc-section\" id=\"38_Kaiser-Friedrich-Therme_Wiesbaden\"><\/span>38. Kaiser-Friedrich-Therme (Wiesbaden)<span class=\"ez-toc-section-end\"><\/span><\/h3>\n\n\n\n<p class=\"wp-block-paragraph\">Zost\u00e1vame vo Wiesbadene, ale pres\u00favame sa do unik\u00e1tnej historickej budovy Kaiser-Friedrich-Therme. Tieto k\u00fapele boli postaven\u00e9 medzi rokmi 1910 a 1913 pod\u013ea n\u00e1vrhu architekta Augusta O. Paulyho a <strong>maj\u00fa siln\u00fd n\u00e1dych secesie<\/strong>. U\u017e pri vstupe na teba d\u00fdchne atmosf\u00e9ra star\u00fdch \u010dias a bude\u0161 si pripada\u0165 ako naozajstn\u00e1 \u0161\u013eachta na oddychu.<\/p>\n\n\n\n<p class=\"wp-block-paragraph\">Miestna term\u00e1lna voda je hor\u00faca, z prame\u0148a vytek\u00e1 <strong>s teplotou 64,6 \u00b0C<\/strong>, ne\u017e sa zchlad\u00ed pre potreby k\u00fape\u013eov. Srdcom cel\u00e9ho are\u00e1lu je n\u00e1dhern\u00fd \u00edrsko-r\u00edmsky k\u00fape\u013e s p\u00f4vodn\u00fdmi mozaikov\u00fdmi obkladmi, ktor\u00fd pre\u0161iel v roku 1999 citlivou rekon\u0161trukciou. Dnes tu na ploche 1450 metrov \u0161tvorcov\u00fdch n\u00e1jde\u0161 pestr\u00fa saunov\u00fa krajinu.<\/p>\n\n\n\n<p class=\"wp-block-paragraph\">Te\u0161i\u0165 sa m\u00f4\u017ee\u0161 na klasick\u00fa f\u00ednsku saunu, tepid\u00e1rium, sudat\u00f3rium, san\u00e1rium, ale aj na <strong>rusk\u00fd parn\u00fd k\u00fape\u013e alebo \u0161peci\u00e1lny kamenn\u00fd parn\u00fd k\u00fape\u013e<\/strong>. Are\u00e1l je koncipovan\u00fd ako historick\u00e9 k\u00fapele, tak\u017ee sa sem chod\u00ed prim\u00e1rne za tichou relax\u00e1ciou a pre rodiny s mal\u00fdmi de\u0165mi to nie je \u00faplne ide\u00e1lna vo\u013eba. <strong>\ud83d\udca1 Tip:<\/strong> Nenechaj si ujs\u0165 detailn\u00fd poh\u013ead na n\u00e1dhern\u00e9 historick\u00e9 mozaiky v \u00edrsko-r\u00edmskej \u010dasti, ktor\u00e9 patria k najkraj\u0161\u00edm architektonick\u00fdm prvkom v celom Hesensku.<\/p>\n\n\n\n<figure data-wp-context=\"{&quot;imageId&quot;:&quot;6a9c610438104&quot;}\" data-wp-interactive=\"core\/image\" data-wp-key=\"6a9c610438104\" class=\"wp-block-image size-full wp-lightbox-container\"><img decoding=\"async\" width=\"1800\" height=\"1012\" data-wp-class--hide=\"state.isContentHidden\" data-wp-class--show=\"state.isContentVisible\" data-wp-init=\"callbacks.setButtonStyles\" data-wp-on--click=\"actions.showLightbox\" data-wp-on--load=\"callbacks.setButtonStyles\" data-wp-on--pointerdown=\"actions.preloadImage\" data-wp-on--pointerenter=\"actions.preloadImageWithDelay\" data-wp-on--pointerleave=\"actions.cancelPreload\" data-wp-on-window--resize=\"callbacks.setButtonStyles\" src=\"https:\/\/loudavymkrokem.cz\/wp-content\/uploads\/2026\/09\/nemecko-clanky-termaly-nemecko-47-57afd95a-1.jpg\" alt=\"Term\u00e1l Spreewald Therme v Burgu pri z\u00e1pade slnka\" class=\"wp-image-415371\" title=\"\" srcset=\"https:\/\/loudavymkrokem.cz\/wp-content\/uploads\/2026\/09\/nemecko-clanky-termaly-nemecko-47-57afd95a-1.jpg 1800w, https:\/\/loudavymkrokem.cz\/wp-content\/uploads\/2026\/09\/nemecko-clanky-termaly-nemecko-47-57afd95a-1-300x169.jpg 300w, https:\/\/loudavymkrokem.cz\/wp-content\/uploads\/2026\/09\/nemecko-clanky-termaly-nemecko-47-57afd95a-1-700x394.jpg 700w, https:\/\/loudavymkrokem.cz\/wp-content\/uploads\/2026\/09\/nemecko-clanky-termaly-nemecko-47-57afd95a-1-768x432.jpg 768w, https:\/\/loudavymkrokem.cz\/wp-content\/uploads\/2026\/09\/nemecko-clanky-termaly-nemecko-47-57afd95a-1-1536x864.jpg 1536w, https:\/\/loudavymkrokem.cz\/wp-content\/uploads\/2026\/09\/nemecko-clanky-termaly-nemecko-47-57afd95a-1-696x391.jpg 696w, https:\/\/loudavymkrokem.cz\/wp-content\/uploads\/2026\/09\/nemecko-clanky-termaly-nemecko-47-57afd95a-1-1392x783.jpg 1392w\" sizes=\"(max-width: 1800px) 100vw, 1800px\" \/><button\n\t\t\tclass=\"lightbox-trigger\"\n\t\t\ttype=\"button\"\n\t\t\taria-haspopup=\"dialog\"\n\t\t\tdata-wp-bind--aria-label=\"state.thisImage.triggerButtonAriaLabel\"\n\t\t\tdata-wp-init=\"callbacks.initTriggerButton\"\n\t\t\tdata-wp-on--click=\"actions.showLightbox\"\n\t\t\tdata-wp-style--right=\"state.thisImage.buttonRight\"\n\t\t\tdata-wp-style--top=\"state.thisImage.buttonTop\"\n\t\t>\n\t\t\t<svg xmlns=\"http:\/\/www.w3.org\/2000\/svg\" width=\"12\" height=\"12\" fill=\"none\" viewBox=\"0 0 12 12\">\n\t\t\t\t<path fill=\"#fff\" d=\"M2 0a2 2 0 0 0-2 2v2h1.5V2a.5.5 0 0 1 .5-.5h2V0H2Zm2 10.5H2a.5.5 0 0 1-.5-.5V8H0v2a2 2 0 0 0 2 2h2v-1.5ZM8 12v-1.5h2a.5.5 0 0 0 .5-.5V8H12v2a2 2 0 0 1-2 2H8Zm2-12a2 2 0 0 1 2 2v2h-1.5V2a.5.5 0 0 0-.5-.5H8V0h2Z\" \/>\n\t\t\t<\/svg>\n\t\t<\/button><\/figure>\n\n\n\n<h2 class=\"wp-block-heading\"><span class=\"ez-toc-section\" id=\"Termaly_v_Brandenbursku_a_Berline\"><\/span>Term\u00e1ly v Brandenbursku a Berl\u00edne<span class=\"ez-toc-section-end\"><\/span><\/h2>\n\n\n\n<p class=\"wp-block-paragraph\">Ak sa chyst\u00e1\u0161 na pred\u013a\u017een\u00fd v\u00edkend do nemeck\u00e9ho hlavn\u00e9ho mesta, bola by \u0161koda nezastavi\u0165 sa v niektorom z miestnych wellness komplexov. Okolie Berl\u00edna a susedn\u00e9 Brandenbursko toti\u017e ukr\u00fdvaj\u00fa naozajstn\u00e9 poklady, ktor\u00e9 z tvojej mestskej dovolenky urobia dokonal\u00fd relaxa\u010dn\u00fd z\u00e1\u017eitok. Cesta z Bratislavy sem navy\u0161e trv\u00e1 len okolo \u0161iestich hod\u00edn, tak\u017ee sa na miesto dostane\u0161 aj pri dlh\u0161om v\u00edkende.<\/p>\n\n\n\n<p class=\"wp-block-paragraph\">M\u00f4\u017ee\u0161 sa te\u0161i\u0165 na obrovsk\u00fa rozmanitos\u0165 a kr\u00e1sne are\u00e1ly. N\u00e1jde\u0161 tu vych\u00fdren\u00fd Spreewald so svojou lie\u010divou so\u013eankou, n\u00e1dhern\u00e9 Havel Therme le\u017eiace priamo pri jazere alebo vych\u00fdren\u00e9 berl\u00ednske vabali spa, \u010do je obrovsk\u00fd balijsk\u00fd saunov\u00fd svet priamo v srdci hlavn\u00e9ho mesta. Miestne term\u00e1ly sa skvele hodia ako pre romantick\u00fd \u00fanik vo dvojici, tak aj pre rodiny s de\u0165mi, ktor\u00e9 h\u013eadaj\u00fa po celodennom behan\u00ed po pamiatkach trochu zasl\u00fa\u017een\u00e9ho oddychu.<\/p>\n\n\n\n<figure data-wp-context=\"{&quot;imageId&quot;:&quot;6a9c610438555&quot;}\" data-wp-interactive=\"core\/image\" data-wp-key=\"6a9c610438555\" class=\"wp-block-image size-full wp-lightbox-container\"><img decoding=\"async\" width=\"1800\" height=\"1200\" data-wp-class--hide=\"state.isContentHidden\" data-wp-class--show=\"state.isContentVisible\" data-wp-init=\"callbacks.setButtonStyles\" data-wp-on--click=\"actions.showLightbox\" data-wp-on--load=\"callbacks.setButtonStyles\" data-wp-on--pointerdown=\"actions.preloadImage\" data-wp-on--pointerenter=\"actions.preloadImageWithDelay\" data-wp-on--pointerleave=\"actions.cancelPreload\" data-wp-on-window--resize=\"callbacks.setButtonStyles\" src=\"https:\/\/loudavymkrokem.cz\/wp-content\/uploads\/2026\/09\/nemecko-clanky-termaly-nemecko-48-a26adcb0-1.jpg\" alt=\"Havel Therme (Werder an der Havel)\" class=\"wp-image-415374\" title=\"\" srcset=\"https:\/\/loudavymkrokem.cz\/wp-content\/uploads\/2026\/09\/nemecko-clanky-termaly-nemecko-48-a26adcb0-1.jpg 1800w, https:\/\/loudavymkrokem.cz\/wp-content\/uploads\/2026\/09\/nemecko-clanky-termaly-nemecko-48-a26adcb0-1-300x200.jpg 300w, https:\/\/loudavymkrokem.cz\/wp-content\/uploads\/2026\/09\/nemecko-clanky-termaly-nemecko-48-a26adcb0-1-700x467.jpg 700w, https:\/\/loudavymkrokem.cz\/wp-content\/uploads\/2026\/09\/nemecko-clanky-termaly-nemecko-48-a26adcb0-1-768x512.jpg 768w, https:\/\/loudavymkrokem.cz\/wp-content\/uploads\/2026\/09\/nemecko-clanky-termaly-nemecko-48-a26adcb0-1-1536x1024.jpg 1536w, https:\/\/loudavymkrokem.cz\/wp-content\/uploads\/2026\/09\/nemecko-clanky-termaly-nemecko-48-a26adcb0-1-696x464.jpg 696w, https:\/\/loudavymkrokem.cz\/wp-content\/uploads\/2026\/09\/nemecko-clanky-termaly-nemecko-48-a26adcb0-1-1392x928.jpg 1392w\" sizes=\"(max-width: 1800px) 100vw, 1800px\" \/><button\n\t\t\tclass=\"lightbox-trigger\"\n\t\t\ttype=\"button\"\n\t\t\taria-haspopup=\"dialog\"\n\t\t\tdata-wp-bind--aria-label=\"state.thisImage.triggerButtonAriaLabel\"\n\t\t\tdata-wp-init=\"callbacks.initTriggerButton\"\n\t\t\tdata-wp-on--click=\"actions.showLightbox\"\n\t\t\tdata-wp-style--right=\"state.thisImage.buttonRight\"\n\t\t\tdata-wp-style--top=\"state.thisImage.buttonTop\"\n\t\t>\n\t\t\t<svg xmlns=\"http:\/\/www.w3.org\/2000\/svg\" width=\"12\" height=\"12\" fill=\"none\" viewBox=\"0 0 12 12\">\n\t\t\t\t<path fill=\"#fff\" d=\"M2 0a2 2 0 0 0-2 2v2h1.5V2a.5.5 0 0 1 .5-.5h2V0H2Zm2 10.5H2a.5.5 0 0 1-.5-.5V8H0v2a2 2 0 0 0 2 2h2v-1.5ZM8 12v-1.5h2a.5.5 0 0 0 .5-.5V8H12v2a2 2 0 0 1-2 2H8Zm2-12a2 2 0 0 1 2 2v2h-1.5V2a.5.5 0 0 0-.5-.5H8V0h2Z\" \/>\n\t\t\t<\/svg>\n\t\t<\/button><\/figure>\n\n\n\n<h3 class=\"wp-block-heading\"><span class=\"ez-toc-section\" id=\"39_Havel_Therme_Werder_an_der_Havel\"><\/span>39. Havel Therme (Werder an der Havel)<span class=\"ez-toc-section-end\"><\/span><\/h3>\n\n\n\n<p class=\"wp-block-paragraph\">Hne\u010f za hranicami Berl\u00edna v meste\u010dku Werder sa nach\u00e1dza <strong>Havel Therme<\/strong>, ktor\u00e9 \u0165a nadchne svojou prekr\u00e1snou polohou. L\u00e1kadlom je predov\u0161etk\u00fdm <strong>vn\u00fatorn\u00fd baz\u00e9n s poolbarom a teplotou 36 \u00b0C<\/strong>, kde si m\u00f4\u017ee\u0161 vychutna\u0165 drink priamo vo vode. Cel\u00fd are\u00e1l je koncipovan\u00fd v n\u00e1dhernom stredomorskom \u0161t\u00fdle a na svoje si tu pr\u00eddu hlavne dospel\u00ed n\u00e1v\u0161tevn\u00edci, ktor\u00ed h\u013eadaj\u00fa pokoj a relax\u00e1ciu po n\u00e1ro\u010dnom dni.<\/p>\n\n\n\n<p class=\"wp-block-paragraph\">Zdej\u0161ie baz\u00e9ny pon\u00fakaj\u00fa mno\u017estvo priestoru na oddych vonku aj vn\u00fatri. Za ka\u017ed\u00e9ho po\u010dasia sa m\u00f4\u017ee\u0161 ponori\u0165 do ve\u013ek\u00e9ho <strong>vonkaj\u0161ieho term\u00e1lneho baz\u00e9na o rozlohe 235 m\u00b2 s teplotou 34 \u00b0C<\/strong>. Ak miluje\u0161 teplo, nevynechaj ani parn\u00e9 k\u00fapele, kde na teba \u010dak\u00e1 pr\u00edjemn\u00fdch 45 \u00b0C, alebo \u0161peci\u00e1lny k\u00fape\u013e s teplotou 43 \u00b0C ur\u010den\u00fd pre regenera\u010dn\u00e9 peelingy a proced\u00fary s lie\u010div\u00fdm bahnom.<\/p>\n\n\n\n<p class=\"wp-block-paragraph\">Pre milovn\u00edkov saunovania je pripraven\u00fd roz\u013eahl\u00fd saunov\u00fd svet. Uprostred stredomorskej saunovej z\u00e1hrady n\u00e1jde\u0161 <strong>panoramatick\u00fd vonkaj\u0161\u00ed baz\u00e9n s vodou teplou 34 \u00b0C<\/strong>, do ktor\u00e9ho sa ale chod\u00ed z\u00e1sadne bez plaviek. <strong>\ud83d\udca1 Tip:<\/strong> V saunovej \u010dasti plat\u00ed pr\u00edsna bezplavkov\u00e1 z\u00f3na, tak\u017ee si nezabudni vzia\u0165 dostatok uter\u00e1kov alebo \u017eupan, aby si sa c\u00edtil pohodlne pri prech\u00e1dzan\u00ed medzi jednotliv\u00fdmi proced\u00farami.<\/p>\n\n\n\n<figure data-wp-context=\"{&quot;imageId&quot;:&quot;6a9c6104389d1&quot;}\" data-wp-interactive=\"core\/image\" data-wp-key=\"6a9c6104389d1\" class=\"wp-block-image size-full wp-lightbox-container\"><img decoding=\"async\" width=\"1800\" height=\"1199\" data-wp-class--hide=\"state.isContentHidden\" data-wp-class--show=\"state.isContentVisible\" data-wp-init=\"callbacks.setButtonStyles\" data-wp-on--click=\"actions.showLightbox\" data-wp-on--load=\"callbacks.setButtonStyles\" data-wp-on--pointerdown=\"actions.preloadImage\" data-wp-on--pointerenter=\"actions.preloadImageWithDelay\" data-wp-on--pointerleave=\"actions.cancelPreload\" data-wp-on-window--resize=\"callbacks.setButtonStyles\" src=\"https:\/\/loudavymkrokem.cz\/wp-content\/uploads\/2026\/09\/nemecko-clanky-termaly-nemecko-49-71f9a6ee-1.jpg\" alt=\"Spreewald Therme (Burg)\" class=\"wp-image-415377\" title=\"\" srcset=\"https:\/\/loudavymkrokem.cz\/wp-content\/uploads\/2026\/09\/nemecko-clanky-termaly-nemecko-49-71f9a6ee-1.jpg 1800w, https:\/\/loudavymkrokem.cz\/wp-content\/uploads\/2026\/09\/nemecko-clanky-termaly-nemecko-49-71f9a6ee-1-300x200.jpg 300w, https:\/\/loudavymkrokem.cz\/wp-content\/uploads\/2026\/09\/nemecko-clanky-termaly-nemecko-49-71f9a6ee-1-700x466.jpg 700w, https:\/\/loudavymkrokem.cz\/wp-content\/uploads\/2026\/09\/nemecko-clanky-termaly-nemecko-49-71f9a6ee-1-768x512.jpg 768w, https:\/\/loudavymkrokem.cz\/wp-content\/uploads\/2026\/09\/nemecko-clanky-termaly-nemecko-49-71f9a6ee-1-1536x1023.jpg 1536w, https:\/\/loudavymkrokem.cz\/wp-content\/uploads\/2026\/09\/nemecko-clanky-termaly-nemecko-49-71f9a6ee-1-696x464.jpg 696w, https:\/\/loudavymkrokem.cz\/wp-content\/uploads\/2026\/09\/nemecko-clanky-termaly-nemecko-49-71f9a6ee-1-1392x927.jpg 1392w\" sizes=\"(max-width: 1800px) 100vw, 1800px\" \/><button\n\t\t\tclass=\"lightbox-trigger\"\n\t\t\ttype=\"button\"\n\t\t\taria-haspopup=\"dialog\"\n\t\t\tdata-wp-bind--aria-label=\"state.thisImage.triggerButtonAriaLabel\"\n\t\t\tdata-wp-init=\"callbacks.initTriggerButton\"\n\t\t\tdata-wp-on--click=\"actions.showLightbox\"\n\t\t\tdata-wp-style--right=\"state.thisImage.buttonRight\"\n\t\t\tdata-wp-style--top=\"state.thisImage.buttonTop\"\n\t\t>\n\t\t\t<svg xmlns=\"http:\/\/www.w3.org\/2000\/svg\" width=\"12\" height=\"12\" fill=\"none\" viewBox=\"0 0 12 12\">\n\t\t\t\t<path fill=\"#fff\" d=\"M2 0a2 2 0 0 0-2 2v2h1.5V2a.5.5 0 0 1 .5-.5h2V0H2Zm2 10.5H2a.5.5 0 0 1-.5-.5V8H0v2a2 2 0 0 0 2 2h2v-1.5ZM8 12v-1.5h2a.5.5 0 0 0 .5-.5V8H12v2a2 2 0 0 1-2 2H8Zm2-12a2 2 0 0 1 2 2v2h-1.5V2a.5.5 0 0 0-.5-.5H8V0h2Z\" \/>\n\t\t\t<\/svg>\n\t\t<\/button><\/figure>\n\n\n\n<h3 class=\"wp-block-heading\"><span class=\"ez-toc-section\" id=\"40_Spreewald_Therme_Burg\"><\/span>40. Spreewald Therme (Burg)<span class=\"ez-toc-section-end\"><\/span><\/h3>\n\n\n\n<p class=\"wp-block-paragraph\">Ak mieri\u0161 do \u010darovnej oblasti plnej vodn\u00fdch kan\u00e1lov, nevynechaj <strong>Spreewald Therme<\/strong> v obci Burg. Tento komplex vynik\u00e1 predov\u0161etk\u00fdm <strong>lie\u010divou term\u00e1lnou so\u013eankou<\/strong>, ktor\u00e1 m\u00e1 v r\u00f4znych baz\u00e9noch koncentr\u00e1ciu od 2,5 % a\u017e po \u00factyhodn\u00fdch 8 %. Je to ide\u00e1lne miesto pre v\u0161etk\u00fdch, ktor\u00ed chc\u00fa spoji\u0165 v\u00fdlety do malebnej pr\u00edrody so starostlivos\u0165ou o svoje zdravie a d\u00fdchacie cesty.<\/p>\n\n\n\n<p class=\"wp-block-paragraph\">Vn\u00fatri na teba \u010dak\u00e1 hne\u010f nieko\u013eko baz\u00e9nov s r\u00f4znymi teplotami, tak\u017ee si ka\u017ed\u00fd n\u00e1jde presne to svoje. M\u00f4\u017ee\u0161 sa prehria\u0165 v baz\u00e9noch s teplotou <strong>od 34 \u00b0C a\u017e do kr\u00e1sne tepl\u00fdch 38 \u00b0C<\/strong>, alebo sa naopak schladi\u0165 v studenom baz\u00e9niku, ktor\u00fd m\u00e1 iba 18 \u00b0C. Ak r\u00e1d sk\u00fa\u0161a\u0161 nie\u010do nov\u00e9, zaujme \u0165a miestna parn\u00e1 sauna, kde je pri teplote 47 \u00b0C udr\u017eiavan\u00e1 stopercentn\u00e1 vlhkos\u0165 vzduchu.<\/p>\n\n\n\n<p class=\"wp-block-paragraph\">Pod\u013ea cenn\u00edka pre rok 2026 vyjde z\u00e1kladn\u00e1 dvojhodinov\u00e1 vstupenka do baz\u00e9nov na 21 \u20ac, zatia\u013e \u010do <strong>kombinovan\u00fd l\u00edstok so saunami stoj\u00ed 27 \u20ac<\/strong>. Cez v\u00edkendy a sviatky po\u010d\u00edtaj s pr\u00edplatkom 2 \u20ac a m\u00f4\u017ee\u0161 si tu tie\u017e po\u017ei\u010da\u0165 \u017eupan za 7 \u20ac alebo rezervova\u0165 le\u017eadlo za 7,50 \u20ac. <strong>\ud83d\udca1 Tip:<\/strong> Ak sa chyst\u00e1\u0161 cestova\u0165 miestnou dopravou Cottbusverkehr, sp\u00fdtaj sa na \u0161peci\u00e1lny Wellnessticket, ktor\u00fd pre dospel\u00e9ho vyjde na 23 \u20ac a pre deti do dvan\u00e1stich rokov na 17 \u20ac.<\/p>\n\n\n\n<figure data-wp-context=\"{&quot;imageId&quot;:&quot;6a9c610438f83&quot;}\" data-wp-interactive=\"core\/image\" data-wp-key=\"6a9c610438f83\" class=\"wp-block-image size-full wp-lightbox-container\"><img decoding=\"async\" width=\"1800\" height=\"881\" data-wp-class--hide=\"state.isContentHidden\" data-wp-class--show=\"state.isContentVisible\" data-wp-init=\"callbacks.setButtonStyles\" data-wp-on--click=\"actions.showLightbox\" data-wp-on--load=\"callbacks.setButtonStyles\" data-wp-on--pointerdown=\"actions.preloadImage\" data-wp-on--pointerenter=\"actions.preloadImageWithDelay\" data-wp-on--pointerleave=\"actions.cancelPreload\" data-wp-on-window--resize=\"callbacks.setButtonStyles\" src=\"https:\/\/loudavymkrokem.cz\/wp-content\/uploads\/2026\/09\/nemecko-clanky-termaly-nemecko-50-ecf98ec5-1.jpg\" alt=\"NaturThermeTemplin (Templin): saunov\u00e1 \u010das\u0165\" class=\"wp-image-415380\" title=\"\" srcset=\"https:\/\/loudavymkrokem.cz\/wp-content\/uploads\/2026\/09\/nemecko-clanky-termaly-nemecko-50-ecf98ec5-1.jpg 1800w, https:\/\/loudavymkrokem.cz\/wp-content\/uploads\/2026\/09\/nemecko-clanky-termaly-nemecko-50-ecf98ec5-1-300x147.jpg 300w, https:\/\/loudavymkrokem.cz\/wp-content\/uploads\/2026\/09\/nemecko-clanky-termaly-nemecko-50-ecf98ec5-1-700x343.jpg 700w, https:\/\/loudavymkrokem.cz\/wp-content\/uploads\/2026\/09\/nemecko-clanky-termaly-nemecko-50-ecf98ec5-1-768x376.jpg 768w, https:\/\/loudavymkrokem.cz\/wp-content\/uploads\/2026\/09\/nemecko-clanky-termaly-nemecko-50-ecf98ec5-1-1536x752.jpg 1536w, https:\/\/loudavymkrokem.cz\/wp-content\/uploads\/2026\/09\/nemecko-clanky-termaly-nemecko-50-ecf98ec5-1-696x341.jpg 696w, https:\/\/loudavymkrokem.cz\/wp-content\/uploads\/2026\/09\/nemecko-clanky-termaly-nemecko-50-ecf98ec5-1-1392x681.jpg 1392w\" sizes=\"(max-width: 1800px) 100vw, 1800px\" \/><button\n\t\t\tclass=\"lightbox-trigger\"\n\t\t\ttype=\"button\"\n\t\t\taria-haspopup=\"dialog\"\n\t\t\tdata-wp-bind--aria-label=\"state.thisImage.triggerButtonAriaLabel\"\n\t\t\tdata-wp-init=\"callbacks.initTriggerButton\"\n\t\t\tdata-wp-on--click=\"actions.showLightbox\"\n\t\t\tdata-wp-style--right=\"state.thisImage.buttonRight\"\n\t\t\tdata-wp-style--top=\"state.thisImage.buttonTop\"\n\t\t>\n\t\t\t<svg xmlns=\"http:\/\/www.w3.org\/2000\/svg\" width=\"12\" height=\"12\" fill=\"none\" viewBox=\"0 0 12 12\">\n\t\t\t\t<path fill=\"#fff\" d=\"M2 0a2 2 0 0 0-2 2v2h1.5V2a.5.5 0 0 1 .5-.5h2V0H2Zm2 10.5H2a.5.5 0 0 1-.5-.5V8H0v2a2 2 0 0 0 2 2h2v-1.5ZM8 12v-1.5h2a.5.5 0 0 0 .5-.5V8H12v2a2 2 0 0 1-2 2H8Zm2-12a2 2 0 0 1 2 2v2h-1.5V2a.5.5 0 0 0-.5-.5H8V0h2Z\" \/>\n\t\t\t<\/svg>\n\t\t<\/button><\/figure>\n\n\n\n<h3 class=\"wp-block-heading\"><span class=\"ez-toc-section\" id=\"41_NaturThermeTemplin_Templin\"><\/span>41. NaturThermeTemplin (Templin)<span class=\"ez-toc-section-end\"><\/span><\/h3>\n\n\n\n<p class=\"wp-block-paragraph\">V severov\u00fdchodnej \u010dasti Brandenburska l\u00e1ka k n\u00e1v\u0161teve <strong>NaturThermeTemplin<\/strong>, ob\u013e\u00faben\u00fd term\u00e1lny a z\u00e1bavn\u00fd are\u00e1l uprostred lesov Uckermarku. Hlavn\u00fdm \u0165ah\u00e1kom je zdej\u0161ia <strong>term\u00e1lna so\u013eanka s koncentr\u00e1ciou 1 a\u017e 6 %<\/strong>, ktor\u00e1 pramen\u00ed hlboko pod zemou a dosahuje pr\u00edjemn\u00fdch tepl\u00f4t od 30 do 36 \u00b0C. Jedn\u00e1 sa o skvel\u00fa vo\u013ebu pre rodiny aj p\u00e1ry, preto\u017ee are\u00e1l kombinuje pokojn\u00e9 k\u00fape\u013en\u00edctvo s akt\u00edvnej\u0161\u00edm oddychom.<\/p>\n\n\n\n<p class=\"wp-block-paragraph\">Voda z miestneho prame\u0148a sp\u013a\u0148a pr\u00edsne krit\u00e9ri\u00e1 pre ozna\u010denie lie\u010divej term\u00e1lnej vody, preto\u017ee u\u017e pri samotnom vyvieran\u00ed m\u00e1 teplotu vy\u0161\u0161iu ne\u017e 20 \u00b0C. Po n\u00e1slednej \u00faprave si tak m\u00f4\u017ee\u0161 u\u017e\u00edva\u0165 <strong>blahodarn\u00e9 \u00fa\u010dinky teplej slanej vody<\/strong>, ktor\u00e1 kr\u00e1sne nadn\u00e1\u0161a a uvo\u013e\u0148uje unaven\u00e9 svaly. V komplexe sa d\u00e1 str\u00e1vi\u0165 pokojne cel\u00fd de\u0148, preto\u017ee pon\u00faka dostatok priestoru na pl\u00e1vanie, relax\u00e1ciu aj prehriatie.<\/p>\n\n\n\n<p class=\"wp-block-paragraph\">Cenn\u00edk pre rok 2026 uv\u00e1dza, \u017ee za prechod do saunov\u00e9ho sveta zaplat\u00ed\u0161 <strong>jednorazov\u00fd pr\u00edplatok 4 \u20ac<\/strong>. Ak vyraz\u00ed\u0161 cez v\u00edkend alebo cez sviatky, po\u010d\u00edtaj e\u0161te s v\u00edkendov\u00fdm pr\u00edplatkom 3 \u20ac, ktor\u00fd sa ale vz\u0165ahuje len na dospel\u00fdch n\u00e1v\u0161tevn\u00edkov. <strong>\ud83d\udca1 Tip:<\/strong> Sleduj starostlivo predpove\u010f po\u010dasia, preto\u017ee ak meteorol\u00f3govia hl\u00e1sia 25 \u00b0C a viac, plat\u00ed v term\u00e1loch v\u00fdhodnej\u0161\u00ed letn\u00fd tarif.<\/p>\n\n\n\n<figure data-wp-context=\"{&quot;imageId&quot;:&quot;6a9c61043959e&quot;}\" data-wp-interactive=\"core\/image\" data-wp-key=\"6a9c61043959e\" class=\"wp-block-image size-full wp-lightbox-container\"><img decoding=\"async\" width=\"1800\" height=\"900\" data-wp-class--hide=\"state.isContentHidden\" data-wp-class--show=\"state.isContentVisible\" data-wp-init=\"callbacks.setButtonStyles\" data-wp-on--click=\"actions.showLightbox\" data-wp-on--load=\"callbacks.setButtonStyles\" data-wp-on--pointerdown=\"actions.preloadImage\" data-wp-on--pointerenter=\"actions.preloadImageWithDelay\" data-wp-on--pointerleave=\"actions.cancelPreload\" data-wp-on-window--resize=\"callbacks.setButtonStyles\" src=\"https:\/\/loudavymkrokem.cz\/wp-content\/uploads\/2026\/09\/nemecko-clanky-termaly-nemecko-51-a4b55ee4-1.jpg\" alt=\"Saunov\u00e1 \u010das\u0165 Spreewelten Bad v L\u00fcbbenau\" class=\"wp-image-415385\" title=\"\" srcset=\"https:\/\/loudavymkrokem.cz\/wp-content\/uploads\/2026\/09\/nemecko-clanky-termaly-nemecko-51-a4b55ee4-1.jpg 1800w, https:\/\/loudavymkrokem.cz\/wp-content\/uploads\/2026\/09\/nemecko-clanky-termaly-nemecko-51-a4b55ee4-1-300x150.jpg 300w, https:\/\/loudavymkrokem.cz\/wp-content\/uploads\/2026\/09\/nemecko-clanky-termaly-nemecko-51-a4b55ee4-1-700x350.jpg 700w, https:\/\/loudavymkrokem.cz\/wp-content\/uploads\/2026\/09\/nemecko-clanky-termaly-nemecko-51-a4b55ee4-1-768x384.jpg 768w, https:\/\/loudavymkrokem.cz\/wp-content\/uploads\/2026\/09\/nemecko-clanky-termaly-nemecko-51-a4b55ee4-1-1536x768.jpg 1536w, https:\/\/loudavymkrokem.cz\/wp-content\/uploads\/2026\/09\/nemecko-clanky-termaly-nemecko-51-a4b55ee4-1-696x348.jpg 696w, https:\/\/loudavymkrokem.cz\/wp-content\/uploads\/2026\/09\/nemecko-clanky-termaly-nemecko-51-a4b55ee4-1-1392x696.jpg 1392w\" sizes=\"(max-width: 1800px) 100vw, 1800px\" \/><button\n\t\t\tclass=\"lightbox-trigger\"\n\t\t\ttype=\"button\"\n\t\t\taria-haspopup=\"dialog\"\n\t\t\tdata-wp-bind--aria-label=\"state.thisImage.triggerButtonAriaLabel\"\n\t\t\tdata-wp-init=\"callbacks.initTriggerButton\"\n\t\t\tdata-wp-on--click=\"actions.showLightbox\"\n\t\t\tdata-wp-style--right=\"state.thisImage.buttonRight\"\n\t\t\tdata-wp-style--top=\"state.thisImage.buttonTop\"\n\t\t>\n\t\t\t<svg xmlns=\"http:\/\/www.w3.org\/2000\/svg\" width=\"12\" height=\"12\" fill=\"none\" viewBox=\"0 0 12 12\">\n\t\t\t\t<path fill=\"#fff\" d=\"M2 0a2 2 0 0 0-2 2v2h1.5V2a.5.5 0 0 1 .5-.5h2V0H2Zm2 10.5H2a.5.5 0 0 1-.5-.5V8H0v2a2 2 0 0 0 2 2h2v-1.5ZM8 12v-1.5h2a.5.5 0 0 0 .5-.5V8H12v2a2 2 0 0 1-2 2H8Zm2-12a2 2 0 0 1 2 2v2h-1.5V2a.5.5 0 0 0-.5-.5H8V0h2Z\" \/>\n\t\t\t<\/svg>\n\t\t<\/button><\/figure>\n\n\n\n<h3 class=\"wp-block-heading\"><span class=\"ez-toc-section\" id=\"42_Spreewelten_Bad_Lubbenau_Lubbenau\"><\/span>42. Spreewelten Bad L\u00fcbbenau (L\u00fcbbenau)<span class=\"ez-toc-section-end\"><\/span><\/h3>\n\n\n\n<p class=\"wp-block-paragraph\">Toto je najorigin\u00e1lnej\u0161\u00ed term\u00e1l v celom preh\u013eade, preto\u017ee sami prev\u00e1dzkovatelia o sebe hovoria: <strong>\u201esme t\u00ed s tu\u010dniakmi\u201c<\/strong>. V are\u00e1li v L\u00fcbbenau toti\u017e baz\u00e9n sused\u00ed s v\u00fdbehom tu\u010dniakov, ktor\u00e9 odde\u013euj\u00fa len presklen\u00e9 steny, tak\u017ee pri pl\u00e1van\u00ed m\u00e1\u0161 t\u00fdchto vt\u00e1kov priamo na dosah. Pre rodiny s de\u0165mi je to z\u00e1\u017eitok, ktor\u00fd sa v Nemecku nikde inde ned\u00e1 zopakova\u0165.<\/p>\n\n\n\n<p class=\"wp-block-paragraph\">Okolo tu\u010dniakov je postaven\u00fd cel\u00fd program: usporad\u00fava sa <strong>komentovan\u00e9 k\u0155menie aj VIP prehliadka v\u00fdbehu<\/strong> a men\u0161ie deti maj\u00fa svoj Pingu Kids Club. Okrem z\u00e1\u017eitkov\u00e9ho baz\u00e9na a tobog\u00e1nu tu ale funguje aj plnohodnotn\u00fd saunov\u00fd svet s ve\u013emi \u0161irokou \u0161k\u00e1lou tepl\u00f4t, tak\u017ee dospel\u00ed nepr\u00eddu skr\u00e1tka. S\u00fa\u010das\u0165ou komplexu je aj vlastn\u00fd hotel s wellness, ak chce\u0161 zosta\u0165 cez noc.<\/p>\n\n\n\n<p class=\"wp-block-paragraph\">Vybera\u0165 m\u00f4\u017ee\u0161 od miernych prehrievarn\u00ed so <strong>40 a\u017e 50 \u00b0C<\/strong> cez stredne tepl\u00e9 sauny s 60, 70 a 80 \u00b0C a\u017e po naozajstn\u00fdch pekeln\u00edkov s 85 a <strong>95 \u00b0C<\/strong>. Do saunov\u00e9ho sveta sm\u00fa deti a\u017e od 7 rokov a ich celodenn\u00fd vstup je spoplatnen\u00fd 8 eurami. <strong>\ud83d\udca1 Tip:<\/strong> Ak chce\u0161 tu\u010dniakov vidie\u0165 akt\u00edvne, napl\u00e1nuj si n\u00e1v\u0161tevu na \u010das k\u0155menia, ktor\u00fd prev\u00e1dzkovate\u013e vypisuje na svojom webe.<\/p>\n\n\n\n<figure data-wp-context=\"{&quot;imageId&quot;:&quot;6a9c610439a27&quot;}\" data-wp-interactive=\"core\/image\" data-wp-key=\"6a9c610439a27\" class=\"wp-block-image size-full wp-lightbox-container\"><img decoding=\"async\" width=\"1800\" height=\"852\" data-wp-class--hide=\"state.isContentHidden\" data-wp-class--show=\"state.isContentVisible\" data-wp-init=\"callbacks.setButtonStyles\" data-wp-on--click=\"actions.showLightbox\" data-wp-on--load=\"callbacks.setButtonStyles\" data-wp-on--pointerdown=\"actions.preloadImage\" data-wp-on--pointerenter=\"actions.preloadImageWithDelay\" data-wp-on--pointerleave=\"actions.cancelPreload\" data-wp-on-window--resize=\"callbacks.setButtonStyles\" src=\"https:\/\/loudavymkrokem.cz\/wp-content\/uploads\/2026\/09\/nemecko-clanky-termaly-nemecko-52-6414cd66.jpg\" alt=\"Vonkaj\u0161ie so\u013en\u00e9 jazero Kristalltherme v Bad Wilsnacku\" class=\"wp-image-415515\" title=\"\" srcset=\"https:\/\/loudavymkrokem.cz\/wp-content\/uploads\/2026\/09\/nemecko-clanky-termaly-nemecko-52-6414cd66.jpg 1800w, https:\/\/loudavymkrokem.cz\/wp-content\/uploads\/2026\/09\/nemecko-clanky-termaly-nemecko-52-6414cd66-300x142.jpg 300w, https:\/\/loudavymkrokem.cz\/wp-content\/uploads\/2026\/09\/nemecko-clanky-termaly-nemecko-52-6414cd66-700x331.jpg 700w, https:\/\/loudavymkrokem.cz\/wp-content\/uploads\/2026\/09\/nemecko-clanky-termaly-nemecko-52-6414cd66-768x364.jpg 768w, https:\/\/loudavymkrokem.cz\/wp-content\/uploads\/2026\/09\/nemecko-clanky-termaly-nemecko-52-6414cd66-1536x727.jpg 1536w, https:\/\/loudavymkrokem.cz\/wp-content\/uploads\/2026\/09\/nemecko-clanky-termaly-nemecko-52-6414cd66-696x329.jpg 696w, https:\/\/loudavymkrokem.cz\/wp-content\/uploads\/2026\/09\/nemecko-clanky-termaly-nemecko-52-6414cd66-1392x659.jpg 1392w\" sizes=\"(max-width: 1800px) 100vw, 1800px\" \/><button\n\t\t\tclass=\"lightbox-trigger\"\n\t\t\ttype=\"button\"\n\t\t\taria-haspopup=\"dialog\"\n\t\t\tdata-wp-bind--aria-label=\"state.thisImage.triggerButtonAriaLabel\"\n\t\t\tdata-wp-init=\"callbacks.initTriggerButton\"\n\t\t\tdata-wp-on--click=\"actions.showLightbox\"\n\t\t\tdata-wp-style--right=\"state.thisImage.buttonRight\"\n\t\t\tdata-wp-style--top=\"state.thisImage.buttonTop\"\n\t\t>\n\t\t\t<svg xmlns=\"http:\/\/www.w3.org\/2000\/svg\" width=\"12\" height=\"12\" fill=\"none\" viewBox=\"0 0 12 12\">\n\t\t\t\t<path fill=\"#fff\" d=\"M2 0a2 2 0 0 0-2 2v2h1.5V2a.5.5 0 0 1 .5-.5h2V0H2Zm2 10.5H2a.5.5 0 0 1-.5-.5V8H0v2a2 2 0 0 0 2 2h2v-1.5ZM8 12v-1.5h2a.5.5 0 0 0 .5-.5V8H12v2a2 2 0 0 1-2 2H8Zm2-12a2 2 0 0 1 2 2v2h-1.5V2a.5.5 0 0 0-.5-.5H8V0h2Z\" \/>\n\t\t\t<\/svg>\n\t\t<\/button><\/figure>\n\n\n\n<h3 class=\"wp-block-heading\"><span class=\"ez-toc-section\" id=\"43_Kristalltherme_Bad_Wilsnack_Bad_Wilsnack\"><\/span>43. Kristalltherme Bad Wilsnack (Bad Wilsnack)<span class=\"ez-toc-section-end\"><\/span><\/h3>\n\n\n\n<p class=\"wp-block-paragraph\">Obrovsk\u00fd are\u00e1l o rozlohe takmer 12 000 m\u00b2 pon\u00faka presl\u00e1ven\u00e1 <strong>Kristalltherme Bad Wilsnack<\/strong>. Jej absol\u00fatnou chl\u00fabou je vlastn\u00fd term\u00e1lny prame\u0148, ktor\u00fd sa \u0165a\u017e\u00ed z \u00factyhodnej h\u013abky 1018 metrov a na povrch vyviera s teplotou 39 \u00b0C. <strong>Voda obsahuje ve\u013ek\u00e9 mno\u017estvo \u017eeleza a j\u00f3du<\/strong>, a v\u010faka koncentr\u00e1cii soli od 1,5 % a\u017e do 24 % sa tu doslova k\u00fape\u0161 v zdrav\u00ed.<\/p>\n\n\n\n<p class=\"wp-block-paragraph\">N\u00e1jde\u0161 tu baz\u00e9n s 24% koncentr\u00e1ciou soli a teplotou 32 \u00b0C, v ktorom sa bude\u0161 vzn\u00e1\u0161a\u0165 ako v M\u0155tvom mori. Ostatn\u00e9 baz\u00e9ny s lie\u010divou vodou m\u00e1vaj\u00fa pr\u00edjemn\u00fdch 34 a\u017e 36 \u00b0C a miner\u00e1ly v nich funguj\u00fa ako <strong>prirodzen\u00fd peeling pre zjemnenie poko\u017eky<\/strong>. V 34-stup\u0148ovej vode s ni\u017e\u0161\u00edm obsahom soli dokonca prebiehaj\u00fa pravideln\u00e9 cvi\u010denia pod veden\u00edm sk\u00fasen\u00fdch tr\u00e9nerov.<\/p>\n\n\n\n<p class=\"wp-block-paragraph\">Ohria\u0165 sa m\u00f4\u017ee\u0161 celkom v 8 tematick\u00fdch saun\u00e1ch s teplotami od 70 do 100 \u00b0C, z ktor\u00fdch tri s\u00fa vn\u00fatri a p\u00e4\u0165 vonku. Pod\u013ea cenn\u00edka pre rok 2026 zaplat\u00ed\u0161 za <strong>saunov\u00fd pr\u00edplatok k celodennej vstupenke 5,50 \u20ac<\/strong>, pri\u010dom deti do 6 rokov dopl\u00e1caj\u00fa 4,50 \u20ac. <strong>\ud83d\udca1 Tip:<\/strong> Ak nechce\u0161 vozi\u0165 pln\u00fa ta\u0161ku bielizne, m\u00f4\u017ee\u0161 si na mieste po\u017ei\u010da\u0165 uter\u00e1k za 5 \u20ac alebo \u017eupan za 7 \u20ac, len si priprav navy\u0161e 15 \u20ac na vratn\u00fa z\u00e1lohu.<\/p>\n\n\n\n<figure data-wp-context=\"{&quot;imageId&quot;:&quot;6a9c610439f2b&quot;}\" data-wp-interactive=\"core\/image\" data-wp-key=\"6a9c610439f2b\" class=\"wp-block-image size-full wp-lightbox-container\"><img decoding=\"async\" width=\"1800\" height=\"1199\" data-wp-class--hide=\"state.isContentHidden\" data-wp-class--show=\"state.isContentVisible\" data-wp-init=\"callbacks.setButtonStyles\" data-wp-on--click=\"actions.showLightbox\" data-wp-on--load=\"callbacks.setButtonStyles\" data-wp-on--pointerdown=\"actions.preloadImage\" data-wp-on--pointerenter=\"actions.preloadImageWithDelay\" data-wp-on--pointerleave=\"actions.cancelPreload\" data-wp-on-window--resize=\"callbacks.setButtonStyles\" src=\"https:\/\/loudavymkrokem.cz\/wp-content\/uploads\/2026\/09\/nemecko-clanky-termaly-nemecko-53-7b17d971-1.jpg\" alt=\"vabali spa Berlin (Berlin)\" class=\"wp-image-415394\" title=\"\" srcset=\"https:\/\/loudavymkrokem.cz\/wp-content\/uploads\/2026\/09\/nemecko-clanky-termaly-nemecko-53-7b17d971-1.jpg 1800w, https:\/\/loudavymkrokem.cz\/wp-content\/uploads\/2026\/09\/nemecko-clanky-termaly-nemecko-53-7b17d971-1-300x200.jpg 300w, https:\/\/loudavymkrokem.cz\/wp-content\/uploads\/2026\/09\/nemecko-clanky-termaly-nemecko-53-7b17d971-1-700x466.jpg 700w, https:\/\/loudavymkrokem.cz\/wp-content\/uploads\/2026\/09\/nemecko-clanky-termaly-nemecko-53-7b17d971-1-768x512.jpg 768w, https:\/\/loudavymkrokem.cz\/wp-content\/uploads\/2026\/09\/nemecko-clanky-termaly-nemecko-53-7b17d971-1-1536x1023.jpg 1536w, https:\/\/loudavymkrokem.cz\/wp-content\/uploads\/2026\/09\/nemecko-clanky-termaly-nemecko-53-7b17d971-1-696x464.jpg 696w, https:\/\/loudavymkrokem.cz\/wp-content\/uploads\/2026\/09\/nemecko-clanky-termaly-nemecko-53-7b17d971-1-1392x927.jpg 1392w\" sizes=\"(max-width: 1800px) 100vw, 1800px\" \/><button\n\t\t\tclass=\"lightbox-trigger\"\n\t\t\ttype=\"button\"\n\t\t\taria-haspopup=\"dialog\"\n\t\t\tdata-wp-bind--aria-label=\"state.thisImage.triggerButtonAriaLabel\"\n\t\t\tdata-wp-init=\"callbacks.initTriggerButton\"\n\t\t\tdata-wp-on--click=\"actions.showLightbox\"\n\t\t\tdata-wp-style--right=\"state.thisImage.buttonRight\"\n\t\t\tdata-wp-style--top=\"state.thisImage.buttonTop\"\n\t\t>\n\t\t\t<svg xmlns=\"http:\/\/www.w3.org\/2000\/svg\" width=\"12\" height=\"12\" fill=\"none\" viewBox=\"0 0 12 12\">\n\t\t\t\t<path fill=\"#fff\" d=\"M2 0a2 2 0 0 0-2 2v2h1.5V2a.5.5 0 0 1 .5-.5h2V0H2Zm2 10.5H2a.5.5 0 0 1-.5-.5V8H0v2a2 2 0 0 0 2 2h2v-1.5ZM8 12v-1.5h2a.5.5 0 0 0 .5-.5V8H12v2a2 2 0 0 1-2 2H8Zm2-12a2 2 0 0 1 2 2v2h-1.5V2a.5.5 0 0 0-.5-.5H8V0h2Z\" \/>\n\t\t\t<\/svg>\n\t\t<\/button><\/figure>\n\n\n\n<h3 class=\"wp-block-heading\"><span class=\"ez-toc-section\" id=\"44_vabali_spa_Berlin_Berlin\"><\/span>44. vabali spa Berlin (Berlin)<span class=\"ez-toc-section-end\"><\/span><\/h3>\n\n\n\n<p class=\"wp-block-paragraph\">Ak h\u013ead\u00e1\u0161 \u00fanik pred ruchom ve\u013ekomesta, zamier do <strong>vabali spa Berlin<\/strong>, ktor\u00e9 le\u017e\u00ed priamo v srdci nemeckej metropoly. Tento unik\u00e1tny are\u00e1l je koncipovan\u00fd ako <strong>autentick\u00e1 balijsk\u00e1 wellness o\u00e1za<\/strong>, kde \u0165a obklopia tradi\u010dn\u00e9 dreven\u00e9 stavby, sochy a materi\u00e1ly dovezen\u00e9 priamo z Indon\u00e9zie. Zdej\u0161ie prostredie je zameran\u00e9 v\u00fdhradne na pokoj a dospel\u00fdch n\u00e1v\u0161tevn\u00edkov, tak\u017ee zabudni na tobog\u00e1ny a detsk\u00fd krik.<\/p>\n\n\n\n<p class=\"wp-block-paragraph\">Komplex pon\u00faka <strong>13 s\u00e1un a parn\u00fdch k\u00fape\u013eov<\/strong>, ktor\u00e9 dop\u013a\u0148aj\u00fa 4 osvie\u017euj\u00face baz\u00e9ny. V\u00fdber je pestr\u00fd a uspokoj\u00ed ka\u017ed\u00e9ho saun\u00e1ra. M\u00f4\u017ee\u0161 vysk\u00fa\u0161a\u0165 panoramatick\u00fa saunu Pandangan \u010di medita\u010dn\u00fa Jiwa s pr\u00edjemn\u00fdmi 70 \u00b0C, pr\u00edpadne brezov\u00fa saunu Kayu. Pre milovn\u00edkov vy\u0161\u0161\u00edch tepl\u00f4t s\u00fa pripraven\u00e9 aufgusov\u00e9 sauny Awan, Di Luar alebo Di Dalam, kde teplomer ukazuje zhruba 80 \u00b0C.<\/p>\n\n\n\n<p class=\"wp-block-paragraph\">Na jemnej\u0161ie prehriatie potom posl\u00fa\u017ei bylinkov\u00e1 sauna Bali Boreh so 70 \u00b0C alebo mierne laconium vyhriate na 45 \u00b0C. Pod\u013ea cenn\u00edka pre rok 2026 \u0165a <strong>\u0161tvorhodinov\u00fd vstup vyjde v pracovn\u00e9 dni na 36,50 \u20ac<\/strong>, zatia\u013e \u010do cez v\u00edkendy a sviatky si priplat\u00ed\u0161 na 39,50 \u20ac. <strong>\ud83d\udca1 Tip:<\/strong> Tento ob\u013e\u00faben\u00fd berl\u00ednsky are\u00e1l b\u00fdva cez v\u00edkendy ve\u013emi pln\u00fd, preto sem vyraz ide\u00e1lne hne\u010f r\u00e1no alebo vo v\u0161edn\u00e9 dni, ke\u010f si balijsk\u00fa atmosf\u00e9ru u\u017eije\u0161 v ove\u013ea v\u00e4\u010d\u0161om pokoji.<\/p>\n\n\n\n<figure data-wp-context=\"{&quot;imageId&quot;:&quot;6a9c61043a66a&quot;}\" data-wp-interactive=\"core\/image\" data-wp-key=\"6a9c61043a66a\" class=\"wp-block-image size-full wp-lightbox-container\"><img decoding=\"async\" width=\"1800\" height=\"1348\" data-wp-class--hide=\"state.isContentHidden\" data-wp-class--show=\"state.isContentVisible\" data-wp-init=\"callbacks.setButtonStyles\" data-wp-on--click=\"actions.showLightbox\" data-wp-on--load=\"callbacks.setButtonStyles\" data-wp-on--pointerdown=\"actions.preloadImage\" data-wp-on--pointerenter=\"actions.preloadImageWithDelay\" data-wp-on--pointerleave=\"actions.cancelPreload\" data-wp-on-window--resize=\"callbacks.setButtonStyles\" src=\"https:\/\/loudavymkrokem.cz\/wp-content\/uploads\/2026\/09\/nemecko-clanky-termaly-nemecko-54-eb39270c-1.jpg\" alt=\"Budova Ostsee-Therme v Scharbeutze pri Baltskom mori\" class=\"wp-image-415398\" title=\"\" srcset=\"https:\/\/loudavymkrokem.cz\/wp-content\/uploads\/2026\/09\/nemecko-clanky-termaly-nemecko-54-eb39270c-1.jpg 1800w, https:\/\/loudavymkrokem.cz\/wp-content\/uploads\/2026\/09\/nemecko-clanky-termaly-nemecko-54-eb39270c-1-300x225.jpg 300w, https:\/\/loudavymkrokem.cz\/wp-content\/uploads\/2026\/09\/nemecko-clanky-termaly-nemecko-54-eb39270c-1-700x524.jpg 700w, https:\/\/loudavymkrokem.cz\/wp-content\/uploads\/2026\/09\/nemecko-clanky-termaly-nemecko-54-eb39270c-1-768x575.jpg 768w, https:\/\/loudavymkrokem.cz\/wp-content\/uploads\/2026\/09\/nemecko-clanky-termaly-nemecko-54-eb39270c-1-1536x1150.jpg 1536w, https:\/\/loudavymkrokem.cz\/wp-content\/uploads\/2026\/09\/nemecko-clanky-termaly-nemecko-54-eb39270c-1-80x60.jpg 80w, https:\/\/loudavymkrokem.cz\/wp-content\/uploads\/2026\/09\/nemecko-clanky-termaly-nemecko-54-eb39270c-1-160x120.jpg 160w, https:\/\/loudavymkrokem.cz\/wp-content\/uploads\/2026\/09\/nemecko-clanky-termaly-nemecko-54-eb39270c-1-696x521.jpg 696w, https:\/\/loudavymkrokem.cz\/wp-content\/uploads\/2026\/09\/nemecko-clanky-termaly-nemecko-54-eb39270c-1-1392x1042.jpg 1392w\" sizes=\"(max-width: 1800px) 100vw, 1800px\" \/><button\n\t\t\tclass=\"lightbox-trigger\"\n\t\t\ttype=\"button\"\n\t\t\taria-haspopup=\"dialog\"\n\t\t\tdata-wp-bind--aria-label=\"state.thisImage.triggerButtonAriaLabel\"\n\t\t\tdata-wp-init=\"callbacks.initTriggerButton\"\n\t\t\tdata-wp-on--click=\"actions.showLightbox\"\n\t\t\tdata-wp-style--right=\"state.thisImage.buttonRight\"\n\t\t\tdata-wp-style--top=\"state.thisImage.buttonTop\"\n\t\t>\n\t\t\t<svg xmlns=\"http:\/\/www.w3.org\/2000\/svg\" width=\"12\" height=\"12\" fill=\"none\" viewBox=\"0 0 12 12\">\n\t\t\t\t<path fill=\"#fff\" d=\"M2 0a2 2 0 0 0-2 2v2h1.5V2a.5.5 0 0 1 .5-.5h2V0H2Zm2 10.5H2a.5.5 0 0 1-.5-.5V8H0v2a2 2 0 0 0 2 2h2v-1.5ZM8 12v-1.5h2a.5.5 0 0 0 .5-.5V8H12v2a2 2 0 0 1-2 2H8Zm2-12a2 2 0 0 1 2 2v2h-1.5V2a.5.5 0 0 0-.5-.5H8V0h2Z\" \/>\n\t\t\t<\/svg>\n\t\t<\/button><figcaption class=\"wp-element-caption\">Foto: qwesy qwesy \/ Wikimedia Commons, CC BY 3.0<\/figcaption><\/figure>\n\n\n\n<h2 class=\"wp-block-heading\"><span class=\"ez-toc-section\" id=\"Termaly_na_severe_Baltske_a_Severne_more\"><\/span>Term\u00e1ly na severe: Baltsk\u00e9 a Severn\u00e9 more<span class=\"ez-toc-section-end\"><\/span><\/h2>\n\n\n\n<p class=\"wp-block-paragraph\">Severn\u00e9 Nemecko pon\u00faka \u00faplne in\u00fd k\u00fape\u013en\u00fd z\u00e1\u017eitok, ne\u017e na ak\u00fd sme zvyknut\u00ed z juhu. <strong>Pr\u00edmorsk\u00e9 term\u00e1ly<\/strong> tu \u0165a\u017eia zo svojej skvelej polohy a namiesto klasickej miner\u00e1lky v nich \u010dasto n\u00e1jde\u0161 lie\u010div\u00fa so\u013eanku alebo <strong>vz\u00e1cnu j\u00f3dov\u00fa so\u013e<\/strong>. V\u00fdh\u013eady z baz\u00e9nov navy\u0161e nezriedka smeruj\u00fa priamo na nekone\u010dn\u00fa morsk\u00fa hladinu alebo pieso\u010dn\u00e9 duny, \u010do je idylka, ak miluje\u0161 v\u00f4\u0148u oce\u00e1nu a svie\u017ei seversk\u00fd vzduch.<\/p>\n\n\n\n<p class=\"wp-block-paragraph\">Tieto are\u00e1ly sa skvele hodia na doplnenie tvojej <strong>letnej dovolenky na Balte<\/strong> alebo ako z\u00e1chrana pri da\u017edivom v\u00edkende v popul\u00e1rnom letovisku St. Peter-Ording. \u010ci u\u017e vyraz\u00ed\u0161 s rodinou, alebo h\u013ead\u00e1\u0161 pokojn\u00fd wellness \u00fanik vo dvojici, severonemeck\u00e9 k\u00fapele \u0165a nadchn\u00fa svojou pohodovou atmosf\u00e9rou. Zo Slovenska je to s\u00edce dlh\u0161ia cesta, ale ten <strong>z\u00e1\u017eitok za to rozhodne stoj\u00ed<\/strong>.<\/p>\n\n\n\n<figure data-wp-context=\"{&quot;imageId&quot;:&quot;6a9c61043ac30&quot;}\" data-wp-interactive=\"core\/image\" data-wp-key=\"6a9c61043ac30\" class=\"wp-block-image size-full wp-lightbox-container\"><img decoding=\"async\" width=\"1800\" height=\"2400\" data-wp-class--hide=\"state.isContentHidden\" data-wp-class--show=\"state.isContentVisible\" data-wp-init=\"callbacks.setButtonStyles\" data-wp-on--click=\"actions.showLightbox\" data-wp-on--load=\"callbacks.setButtonStyles\" data-wp-on--pointerdown=\"actions.preloadImage\" data-wp-on--pointerenter=\"actions.preloadImageWithDelay\" data-wp-on--pointerleave=\"actions.cancelPreload\" data-wp-on-window--resize=\"callbacks.setButtonStyles\" src=\"https:\/\/loudavymkrokem.cz\/wp-content\/uploads\/2026\/09\/nemecko-clanky-termaly-nemecko-55-47c15516-1.jpg\" alt=\"Ostsee-Therme (Scharbeutz): ve\u017ea term\u00e1lu\" class=\"wp-image-415401\" title=\"\" srcset=\"https:\/\/loudavymkrokem.cz\/wp-content\/uploads\/2026\/09\/nemecko-clanky-termaly-nemecko-55-47c15516-1.jpg 1800w, https:\/\/loudavymkrokem.cz\/wp-content\/uploads\/2026\/09\/nemecko-clanky-termaly-nemecko-55-47c15516-1-225x300.jpg 225w, https:\/\/loudavymkrokem.cz\/wp-content\/uploads\/2026\/09\/nemecko-clanky-termaly-nemecko-55-47c15516-1-700x933.jpg 700w, https:\/\/loudavymkrokem.cz\/wp-content\/uploads\/2026\/09\/nemecko-clanky-termaly-nemecko-55-47c15516-1-768x1024.jpg 768w, https:\/\/loudavymkrokem.cz\/wp-content\/uploads\/2026\/09\/nemecko-clanky-termaly-nemecko-55-47c15516-1-1152x1536.jpg 1152w, https:\/\/loudavymkrokem.cz\/wp-content\/uploads\/2026\/09\/nemecko-clanky-termaly-nemecko-55-47c15516-1-1536x2048.jpg 1536w, https:\/\/loudavymkrokem.cz\/wp-content\/uploads\/2026\/09\/nemecko-clanky-termaly-nemecko-55-47c15516-1-696x928.jpg 696w, https:\/\/loudavymkrokem.cz\/wp-content\/uploads\/2026\/09\/nemecko-clanky-termaly-nemecko-55-47c15516-1-1392x1856.jpg 1392w\" sizes=\"(max-width: 1800px) 100vw, 1800px\" \/><button\n\t\t\tclass=\"lightbox-trigger\"\n\t\t\ttype=\"button\"\n\t\t\taria-haspopup=\"dialog\"\n\t\t\tdata-wp-bind--aria-label=\"state.thisImage.triggerButtonAriaLabel\"\n\t\t\tdata-wp-init=\"callbacks.initTriggerButton\"\n\t\t\tdata-wp-on--click=\"actions.showLightbox\"\n\t\t\tdata-wp-style--right=\"state.thisImage.buttonRight\"\n\t\t\tdata-wp-style--top=\"state.thisImage.buttonTop\"\n\t\t>\n\t\t\t<svg xmlns=\"http:\/\/www.w3.org\/2000\/svg\" width=\"12\" height=\"12\" fill=\"none\" viewBox=\"0 0 12 12\">\n\t\t\t\t<path fill=\"#fff\" d=\"M2 0a2 2 0 0 0-2 2v2h1.5V2a.5.5 0 0 1 .5-.5h2V0H2Zm2 10.5H2a.5.5 0 0 1-.5-.5V8H0v2a2 2 0 0 0 2 2h2v-1.5ZM8 12v-1.5h2a.5.5 0 0 0 .5-.5V8H12v2a2 2 0 0 1-2 2H8Zm2-12a2 2 0 0 1 2 2v2h-1.5V2a.5.5 0 0 0-.5-.5H8V0h2Z\" \/>\n\t\t\t<\/svg>\n\t\t<\/button><figcaption class=\"wp-element-caption\">Foto: Gerd Fahrenhorst \/ Wikimedia Commons, CC BY 4.0<\/figcaption><\/figure>\n\n\n\n<h3 class=\"wp-block-heading\"><span class=\"ez-toc-section\" id=\"45_Ostsee-Therme_Scharbeutz\"><\/span>45. Ostsee-Therme (Scharbeutz)<span class=\"ez-toc-section-end\"><\/span><\/h3>\n\n\n\n<p class=\"wp-block-paragraph\">Tento ve\u013ekolep\u00fd komplex v ob\u013e\u00fabenom letovisku Scharbeutz \u0165a okam\u017eite ohrom\u00ed svojou roz\u013eahlou <strong>wellness z\u00f3nou o ploche 4 000 m\u00b2<\/strong>. Ak h\u013ead\u00e1\u0161 oddych s priamym pr\u00edstupom na pieso\u010dn\u00fa pl\u00e1\u017e, toto miesto si jednoducho zamiluje\u0161. Je to ide\u00e1lna vo\u013eba pre milovn\u00edkov saunovania, ktor\u00ed chc\u00fa po prehriat\u00ed tela vbehn\u00fa\u0165 rovno do chladn\u00fdch v\u013an mora.<\/p>\n\n\n\n<p class=\"wp-block-paragraph\">V baz\u00e9novej \u010dasti zvanej Ostsee-Lagune si kr\u00e1sne odd\u00fdchne\u0161 vo <strong>vode vyhriatej na 33 \u00b0C<\/strong>, ktor\u00fa navy\u0161e dop\u013a\u0148aj\u00fa p\u00f4sobiv\u00e9 sveteln\u00e9 efekty a mas\u00e1\u017ene le\u017eadl\u00e1. Pre e\u0161te v\u00e4\u010d\u0161iu relax\u00e1ciu s\u00fa tu pripraven\u00e9 v\u00edrivky s teplotou 35 \u00b0C a <strong>ve\u013ek\u00e9 vonkaj\u0161ie baz\u00e9ny s 30 \u00b0C<\/strong>, ved\u013ea ktor\u00fdch sa rozprestiera opa\u013eovacia l\u00faka. Saunov\u00fd svet je potom kapitolou s\u00e1m pre seba. N\u00e1jde\u0161 tu v\u0161etko od miernej 60\u00b0C sauny Salzstein \u010di Frische Brise, cez 80\u00b0C prehrievare\u0148 Wald Sauna, a\u017e po <strong>extr\u00e9mnu 110\u00b0C saunu Arctic<\/strong>.<\/p>\n\n\n\n<p class=\"wp-block-paragraph\">Zauj\u00edmavos\u0165ou je ve\u013ek\u00e1 85\u00b0C Ostsee Arena pre saunov\u00e9 ceremoni\u00e1ly, alebo <strong>textiln\u00e1 sauna s teplotou 70 \u00b0C<\/strong> v Breeze Spa, kam m\u00f4\u017ee\u0161 vyrazi\u0165 priamo v plavk\u00e1ch. Vstupn\u00e9 sa tu l\u00ed\u0161i pod\u013ea z\u00f3ny aj d\u013a\u017eky pobytu, tak\u017ee si aktu\u00e1lny cenn\u00edk pre rok 2026 skontroluj priamo na webe k\u00fape\u013eov. Are\u00e1l sa hod\u00ed ako pre p\u00e1ry, tak pre rodiny h\u013eadaj\u00face pestr\u00e9 vodn\u00e9 vy\u017eitie. <strong>\ud83d\udca1 Tip:<\/strong> Pre milovn\u00edkov dreva a byl\u00edn odpor\u00fa\u010dam nevynecha\u0165 \u0161peci\u00e1lnu saunu z vo\u0148avej alpskej borovice zvan\u00fa Zirbenholzsauna.<\/p>\n\n\n\n<figure data-wp-context=\"{&quot;imageId&quot;:&quot;6a9c61043b38a&quot;}\" data-wp-interactive=\"core\/image\" data-wp-key=\"6a9c61043b38a\" class=\"wp-block-image size-full wp-lightbox-container\"><img decoding=\"async\" width=\"1800\" height=\"1012\" data-wp-class--hide=\"state.isContentHidden\" data-wp-class--show=\"state.isContentVisible\" data-wp-init=\"callbacks.setButtonStyles\" data-wp-on--click=\"actions.showLightbox\" data-wp-on--load=\"callbacks.setButtonStyles\" data-wp-on--pointerdown=\"actions.preloadImage\" data-wp-on--pointerenter=\"actions.preloadImageWithDelay\" data-wp-on--pointerleave=\"actions.cancelPreload\" data-wp-on-window--resize=\"callbacks.setButtonStyles\" src=\"https:\/\/loudavymkrokem.cz\/wp-content\/uploads\/2026\/09\/nemecko-clanky-termaly-nemecko-56-30ed6a22-1.jpg\" alt=\"D\u00fcnen-Therme (St. Peter-Ording)\" class=\"wp-image-415406\" title=\"\" srcset=\"https:\/\/loudavymkrokem.cz\/wp-content\/uploads\/2026\/09\/nemecko-clanky-termaly-nemecko-56-30ed6a22-1.jpg 1800w, https:\/\/loudavymkrokem.cz\/wp-content\/uploads\/2026\/09\/nemecko-clanky-termaly-nemecko-56-30ed6a22-1-300x169.jpg 300w, https:\/\/loudavymkrokem.cz\/wp-content\/uploads\/2026\/09\/nemecko-clanky-termaly-nemecko-56-30ed6a22-1-700x394.jpg 700w, https:\/\/loudavymkrokem.cz\/wp-content\/uploads\/2026\/09\/nemecko-clanky-termaly-nemecko-56-30ed6a22-1-768x432.jpg 768w, https:\/\/loudavymkrokem.cz\/wp-content\/uploads\/2026\/09\/nemecko-clanky-termaly-nemecko-56-30ed6a22-1-1536x864.jpg 1536w, https:\/\/loudavymkrokem.cz\/wp-content\/uploads\/2026\/09\/nemecko-clanky-termaly-nemecko-56-30ed6a22-1-696x391.jpg 696w, https:\/\/loudavymkrokem.cz\/wp-content\/uploads\/2026\/09\/nemecko-clanky-termaly-nemecko-56-30ed6a22-1-1392x783.jpg 1392w\" sizes=\"(max-width: 1800px) 100vw, 1800px\" \/><button\n\t\t\tclass=\"lightbox-trigger\"\n\t\t\ttype=\"button\"\n\t\t\taria-haspopup=\"dialog\"\n\t\t\tdata-wp-bind--aria-label=\"state.thisImage.triggerButtonAriaLabel\"\n\t\t\tdata-wp-init=\"callbacks.initTriggerButton\"\n\t\t\tdata-wp-on--click=\"actions.showLightbox\"\n\t\t\tdata-wp-style--right=\"state.thisImage.buttonRight\"\n\t\t\tdata-wp-style--top=\"state.thisImage.buttonTop\"\n\t\t>\n\t\t\t<svg xmlns=\"http:\/\/www.w3.org\/2000\/svg\" width=\"12\" height=\"12\" fill=\"none\" viewBox=\"0 0 12 12\">\n\t\t\t\t<path fill=\"#fff\" d=\"M2 0a2 2 0 0 0-2 2v2h1.5V2a.5.5 0 0 1 .5-.5h2V0H2Zm2 10.5H2a.5.5 0 0 1-.5-.5V8H0v2a2 2 0 0 0 2 2h2v-1.5ZM8 12v-1.5h2a.5.5 0 0 0 .5-.5V8H12v2a2 2 0 0 1-2 2H8Zm2-12a2 2 0 0 1 2 2v2h-1.5V2a.5.5 0 0 0-.5-.5H8V0h2Z\" \/>\n\t\t\t<\/svg>\n\t\t<\/button><\/figure>\n\n\n\n<h3 class=\"wp-block-heading\"><span class=\"ez-toc-section\" id=\"46_Dunen-Therme_St_Peter-Ording\"><\/span>46. D\u00fcnen-Therme (St. Peter-Ording)<span class=\"ez-toc-section-end\"><\/span><\/h3>\n\n\n\n<p class=\"wp-block-paragraph\">V malebnom meste\u010dku St. Peter-Ording objav\u00ed\u0161 unik\u00e1tne k\u00fapele, kde sa <strong>k\u00fape\u0161 v \u010distenej vode priamo zo Severn\u00e9ho mora<\/strong>. Tento z\u00e1\u017eitok je v\u00fdnimo\u010dn\u00fd a dod\u00e1va cel\u00e9mu are\u00e1lu pr\u00edmorsk\u00fa energiu. Roz\u013eahl\u00e1 vodn\u00e1 hladina tu <strong>presahuje 1 000 m\u00b2<\/strong>, tak\u017ee bude\u0161 ma\u0165 mno\u017estvo priestoru na pl\u00e1vanie aj zasl\u00fa\u017een\u00fd oddych po n\u00e1ro\u010dnom dni na vetern\u00fdch pl\u00e1\u017each.<\/p>\n\n\n\n<p class=\"wp-block-paragraph\">Vn\u00fatri na teba \u010dak\u00e1 pr\u00edjemn\u00fd <strong>z\u00e1\u017eitkov\u00fd baz\u00e9n s teplotou 30 \u00b0C<\/strong> a prehreje\u0161 sa tie\u017e vo vyhrievanom vonkaj\u0161om baz\u00e9ne, ktor\u00fd m\u00e1 \u00faplne rovnak\u00fa teplotu. Ak cestuje\u0161 s de\u0165mi, obvykle by ich nadchol baz\u00e9n s umel\u00fdm vlnobit\u00edm a teplou 28\u00b0C vodou alebo ob\u013e\u00faben\u00e1 \u0161myk\u013eavka Turbo-Rutsche. Pod\u013ea stavu zo septembra 2026 s\u00fa ale obe tieto <strong>atrakcie z technick\u00fdch d\u00f4vodov mimo prev\u00e1dzky<\/strong>, s \u010d\u00edm pred n\u00e1v\u0161tevou po\u010d\u00edtaj.<\/p>\n\n\n\n<p class=\"wp-block-paragraph\">Term\u00e1ly sa hodia pre ka\u017ed\u00e9ho, kto si chce u\u017ei\u0165 blahodarn\u00e9 \u00fa\u010dinky morskej vody bez oh\u013eadu na vonkaj\u0161ie po\u010dasie. Pod\u013ea aktu\u00e1lneho cenn\u00edka pre rok 2026 zaplatia dospel\u00ed za dvaapolhodinov\u00fd vstup <strong>ve\u013emi pr\u00edjemn\u00fdch 13,50 eur<\/strong>, zatia\u013e \u010do celodenn\u00fd l\u00edstok stoj\u00ed 18,50 eur. Pre deti a ml\u00e1de\u017e od 3 do 17 rokov sa ceny pohybuj\u00fa od 6,50 do 8,50 eur pod\u013ea d\u013a\u017eky pobytu. <strong>\ud83d\udca1 Tip:<\/strong> Ak sa chyst\u00e1\u0161 zdr\u017ea\u0165 dlh\u0161ie, oplat\u00ed sa ti zvoli\u0165 pred\u013a\u017een\u00fd vstup na 3,5 hodiny za <strong>16 eur<\/strong>, ktor\u00fd pon\u00faka skvel\u00fd pomer ceny a \u010dasu.<\/p>\n\n\n\n<figure data-wp-context=\"{&quot;imageId&quot;:&quot;6a9c61043baa4&quot;}\" data-wp-interactive=\"core\/image\" data-wp-key=\"6a9c61043baa4\" class=\"wp-block-image size-full wp-lightbox-container\"><img decoding=\"async\" width=\"1800\" height=\"1350\" data-wp-class--hide=\"state.isContentHidden\" data-wp-class--show=\"state.isContentVisible\" data-wp-init=\"callbacks.setButtonStyles\" data-wp-on--click=\"actions.showLightbox\" data-wp-on--load=\"callbacks.setButtonStyles\" data-wp-on--pointerdown=\"actions.preloadImage\" data-wp-on--pointerenter=\"actions.preloadImageWithDelay\" data-wp-on--pointerleave=\"actions.cancelPreload\" data-wp-on-window--resize=\"callbacks.setButtonStyles\" src=\"https:\/\/loudavymkrokem.cz\/wp-content\/uploads\/2026\/09\/nemecko-clanky-termaly-nemecko-57-6f96bd47-1.jpg\" alt=\"Ostsee Therme Usedom (Ahlbeck): saunov\u00e1 \u010das\u0165\" class=\"wp-image-415409\" title=\"\" srcset=\"https:\/\/loudavymkrokem.cz\/wp-content\/uploads\/2026\/09\/nemecko-clanky-termaly-nemecko-57-6f96bd47-1.jpg 1800w, https:\/\/loudavymkrokem.cz\/wp-content\/uploads\/2026\/09\/nemecko-clanky-termaly-nemecko-57-6f96bd47-1-300x225.jpg 300w, https:\/\/loudavymkrokem.cz\/wp-content\/uploads\/2026\/09\/nemecko-clanky-termaly-nemecko-57-6f96bd47-1-700x525.jpg 700w, https:\/\/loudavymkrokem.cz\/wp-content\/uploads\/2026\/09\/nemecko-clanky-termaly-nemecko-57-6f96bd47-1-768x576.jpg 768w, https:\/\/loudavymkrokem.cz\/wp-content\/uploads\/2026\/09\/nemecko-clanky-termaly-nemecko-57-6f96bd47-1-1536x1152.jpg 1536w, https:\/\/loudavymkrokem.cz\/wp-content\/uploads\/2026\/09\/nemecko-clanky-termaly-nemecko-57-6f96bd47-1-80x60.jpg 80w, https:\/\/loudavymkrokem.cz\/wp-content\/uploads\/2026\/09\/nemecko-clanky-termaly-nemecko-57-6f96bd47-1-160x120.jpg 160w, https:\/\/loudavymkrokem.cz\/wp-content\/uploads\/2026\/09\/nemecko-clanky-termaly-nemecko-57-6f96bd47-1-696x522.jpg 696w, https:\/\/loudavymkrokem.cz\/wp-content\/uploads\/2026\/09\/nemecko-clanky-termaly-nemecko-57-6f96bd47-1-1392x1044.jpg 1392w\" sizes=\"(max-width: 1800px) 100vw, 1800px\" \/><button\n\t\t\tclass=\"lightbox-trigger\"\n\t\t\ttype=\"button\"\n\t\t\taria-haspopup=\"dialog\"\n\t\t\tdata-wp-bind--aria-label=\"state.thisImage.triggerButtonAriaLabel\"\n\t\t\tdata-wp-init=\"callbacks.initTriggerButton\"\n\t\t\tdata-wp-on--click=\"actions.showLightbox\"\n\t\t\tdata-wp-style--right=\"state.thisImage.buttonRight\"\n\t\t\tdata-wp-style--top=\"state.thisImage.buttonTop\"\n\t\t>\n\t\t\t<svg xmlns=\"http:\/\/www.w3.org\/2000\/svg\" width=\"12\" height=\"12\" fill=\"none\" viewBox=\"0 0 12 12\">\n\t\t\t\t<path fill=\"#fff\" d=\"M2 0a2 2 0 0 0-2 2v2h1.5V2a.5.5 0 0 1 .5-.5h2V0H2Zm2 10.5H2a.5.5 0 0 1-.5-.5V8H0v2a2 2 0 0 0 2 2h2v-1.5ZM8 12v-1.5h2a.5.5 0 0 0 .5-.5V8H12v2a2 2 0 0 1-2 2H8Zm2-12a2 2 0 0 1 2 2v2h-1.5V2a.5.5 0 0 0-.5-.5H8V0h2Z\" \/>\n\t\t\t<\/svg>\n\t\t<\/button><\/figure>\n\n\n\n<h3 class=\"wp-block-heading\"><span class=\"ez-toc-section\" id=\"47_Ostsee_Therme_Usedom_Ahlbeck\"><\/span>47. Ostsee Therme Usedom (Ahlbeck)<span class=\"ez-toc-section-end\"><\/span><\/h3>\n\n\n\n<p class=\"wp-block-paragraph\">Tento ob\u013e\u00faben\u00fd komplex le\u017e\u00ed priamo v centre sl\u00e1vnej k\u00fape\u013enej trojice Ahlbeck, Heringsdorf a Bansin, konkr\u00e9tne <strong>v takzvanom Kaiserbade Ahlbeck<\/strong> na ulici Lindenstra\u00dfe. U\u017e od svojho sl\u00e1vnostn\u00e9ho otvorenia v marci 1996 pri\u0165ahuje davy oddychu chtiv\u00fdch n\u00e1v\u0161tevn\u00edkov a dodnes n\u00edm <strong>pre\u0161lo \u00factyhodn\u00fdch 3,7 mili\u00f3na host\u00ed<\/strong>. Ide o ve\u013emi tradi\u010dn\u00e9 miesto, ktor\u00e9 skvele sp\u00e1ja pohodov\u00fa pr\u00edmorsk\u00fa rekre\u00e1ciu s profesion\u00e1lnou k\u00fape\u013enou starostlivos\u0165ou.<\/p>\n\n\n\n<p class=\"wp-block-paragraph\">Okrem klasick\u00e9ho saunov\u00e9ho a vodn\u00e9ho sveta zvan\u00e9ho Badewelt a Saunawelt tu toti\u017e n\u00e1jde\u0161 aj <strong>\u0161peci\u00e1lny Kurmittelhaus s fyzioterapiou<\/strong> a skuto\u010dn\u00fdmi k\u00fape\u013en\u00fdmi lek\u00e1rmi. M\u00f4\u017ee\u0161 si tu da\u0165 poriadne do tela v \u0161portovom a zdravotnom \u0161t\u00fadiu, alebo sa len tak kocha\u0165 kr\u00e1snym okol\u00edm z miestnej rozh\u013eadne. Ak zamieri\u0161 do vn\u00fatorn\u00fdch priestorov saunov\u00e9ho sveta, kr\u00e1sne \u0165a prehreje <strong>klasick\u00e1 vn\u00fatorn\u00e1 sauna s teplotou 80 \u00b0C<\/strong>.<\/p>\n\n\n\n<p class=\"wp-block-paragraph\">Miesto je ako stvoren\u00e9 predov\u0161etk\u00fdm pre dospel\u00fdch n\u00e1v\u0161tevn\u00edkov, ktor\u00ed na dovolenke h\u013eadaj\u00fa pokoj a zameriavaj\u00fa sa na upevnenie svojho zdravia. Zdej\u0161ie lie\u010debn\u00e9 proced\u00fary maj\u00fa dlh\u00fa trad\u00edciu a s\u00fa vych\u00fdren\u00e9 po celom pobre\u017e\u00ed, preto sa sem \u013eudia tak radi vracaj\u00fa. <strong>\ud83d\udca1 Tip:<\/strong> Rozhodne sa z\u00fa\u010dastni niektor\u00e9ho zo saunov\u00fdch ceremoni\u00e1lov, ktor\u00e9 zdej\u0161\u00ed majstri robia nieko\u013ekokr\u00e1t denne so <strong>vz\u00e1cnou j\u00f3dovou so\u013eou z Heringsdorfu<\/strong>, to bude fantastick\u00fd z\u00e1\u017eitok pre tvoje d\u00fdchacie cesty.<\/p>\n\n\n\n<figure data-wp-context=\"{&quot;imageId&quot;:&quot;6a9c61043c2eb&quot;}\" data-wp-interactive=\"core\/image\" data-wp-key=\"6a9c61043c2eb\" class=\"wp-block-image size-full wp-lightbox-container\"><img decoding=\"async\" width=\"1800\" height=\"1198\" data-wp-class--hide=\"state.isContentHidden\" data-wp-class--show=\"state.isContentVisible\" data-wp-init=\"callbacks.setButtonStyles\" data-wp-on--click=\"actions.showLightbox\" data-wp-on--load=\"callbacks.setButtonStyles\" data-wp-on--pointerdown=\"actions.preloadImage\" data-wp-on--pointerenter=\"actions.preloadImageWithDelay\" data-wp-on--pointerleave=\"actions.cancelPreload\" data-wp-on-window--resize=\"callbacks.setButtonStyles\" src=\"https:\/\/loudavymkrokem.cz\/wp-content\/uploads\/2026\/09\/nemecko-clanky-termaly-nemecko-58-72086aed-1.jpg\" alt=\"Toskana Therme v Bad Schandau v Saskom \u0160vaj\u010diarsku\" class=\"wp-image-415412\" title=\"\" srcset=\"https:\/\/loudavymkrokem.cz\/wp-content\/uploads\/2026\/09\/nemecko-clanky-termaly-nemecko-58-72086aed-1.jpg 1800w, https:\/\/loudavymkrokem.cz\/wp-content\/uploads\/2026\/09\/nemecko-clanky-termaly-nemecko-58-72086aed-1-300x200.jpg 300w, https:\/\/loudavymkrokem.cz\/wp-content\/uploads\/2026\/09\/nemecko-clanky-termaly-nemecko-58-72086aed-1-700x466.jpg 700w, https:\/\/loudavymkrokem.cz\/wp-content\/uploads\/2026\/09\/nemecko-clanky-termaly-nemecko-58-72086aed-1-768x511.jpg 768w, https:\/\/loudavymkrokem.cz\/wp-content\/uploads\/2026\/09\/nemecko-clanky-termaly-nemecko-58-72086aed-1-1536x1022.jpg 1536w, https:\/\/loudavymkrokem.cz\/wp-content\/uploads\/2026\/09\/nemecko-clanky-termaly-nemecko-58-72086aed-1-696x463.jpg 696w, https:\/\/loudavymkrokem.cz\/wp-content\/uploads\/2026\/09\/nemecko-clanky-termaly-nemecko-58-72086aed-1-1392x926.jpg 1392w\" sizes=\"(max-width: 1800px) 100vw, 1800px\" \/><button\n\t\t\tclass=\"lightbox-trigger\"\n\t\t\ttype=\"button\"\n\t\t\taria-haspopup=\"dialog\"\n\t\t\tdata-wp-bind--aria-label=\"state.thisImage.triggerButtonAriaLabel\"\n\t\t\tdata-wp-init=\"callbacks.initTriggerButton\"\n\t\t\tdata-wp-on--click=\"actions.showLightbox\"\n\t\t\tdata-wp-style--right=\"state.thisImage.buttonRight\"\n\t\t\tdata-wp-style--top=\"state.thisImage.buttonTop\"\n\t\t>\n\t\t\t<svg xmlns=\"http:\/\/www.w3.org\/2000\/svg\" width=\"12\" height=\"12\" fill=\"none\" viewBox=\"0 0 12 12\">\n\t\t\t\t<path fill=\"#fff\" d=\"M2 0a2 2 0 0 0-2 2v2h1.5V2a.5.5 0 0 1 .5-.5h2V0H2Zm2 10.5H2a.5.5 0 0 1-.5-.5V8H0v2a2 2 0 0 0 2 2h2v-1.5ZM8 12v-1.5h2a.5.5 0 0 0 .5-.5V8H12v2a2 2 0 0 1-2 2H8Zm2-12a2 2 0 0 1 2 2v2h-1.5V2a.5.5 0 0 0-.5-.5H8V0h2Z\" \/>\n\t\t\t<\/svg>\n\t\t<\/button><\/figure>\n\n\n\n<h2 class=\"wp-block-heading\"><span class=\"ez-toc-section\" id=\"Termaly_v_Sasku_a_Durinsku\"><\/span>Term\u00e1ly v Sasku a Dur\u00ednsku<span class=\"ez-toc-section-end\"><\/span><\/h2>\n\n\n\n<p class=\"wp-block-paragraph\">Ak h\u013ead\u00e1\u0161 oddych k\u00fasok za na\u0161imi hranicami, tieto dve spolkov\u00e9 krajiny \u0165a nesklam\u00fa. N\u00e1jde\u0161 tu toti\u017e unik\u00e1tny koncept k\u00fape\u013eov, ktor\u00e9 sp\u00e1jaj\u00fa hlbok\u00fa relax\u00e1ciu s nev\u0161edn\u00fdm umeleck\u00fdm z\u00e1\u017eitkom. <strong>Hlavn\u00fdm \u0165ah\u00e1kom je tu takzvan\u00fd Liquid Sound<\/strong>, \u010di\u017ee k\u00fapanie v slanej vode za sprievodu podvodnej hudby a fascinuj\u00facej svetelnej show.<\/p>\n\n\n\n<p class=\"wp-block-paragraph\">M\u00f4\u017ee\u0161 si vybra\u0165 hne\u010f z dvoch miest, ktor\u00e9 tento koncept pon\u00fakaj\u00fa. Jedny k\u00fapele le\u017eia v malebnom Saskom \u0160vaj\u010diarsku <strong>doslova p\u00e1r kilometrov od \u010desk\u00fdch hran\u00edc<\/strong>, tie druh\u00e9 potom o k\u00fasok \u010falej v dur\u00ednskom k\u00fape\u013enom meste\u010dku. S\u00fa ide\u00e1lne pre v\u0161etk\u00fdch, ktor\u00ed chc\u00fa na v\u00edkend vypn\u00fa\u0165 hlavu a necha\u0165 sa len tak un\u00e1\u0161a\u0165 na vln\u00e1ch pokoja.<\/p>\n\n\n\n<figure data-wp-context=\"{&quot;imageId&quot;:&quot;6a9c61043c748&quot;}\" data-wp-interactive=\"core\/image\" data-wp-key=\"6a9c61043c748\" class=\"wp-block-image size-full wp-lightbox-container\"><img decoding=\"async\" width=\"1800\" height=\"1342\" data-wp-class--hide=\"state.isContentHidden\" data-wp-class--show=\"state.isContentVisible\" data-wp-init=\"callbacks.setButtonStyles\" data-wp-on--click=\"actions.showLightbox\" data-wp-on--load=\"callbacks.setButtonStyles\" data-wp-on--pointerdown=\"actions.preloadImage\" data-wp-on--pointerenter=\"actions.preloadImageWithDelay\" data-wp-on--pointerleave=\"actions.cancelPreload\" data-wp-on-window--resize=\"callbacks.setButtonStyles\" src=\"https:\/\/loudavymkrokem.cz\/wp-content\/uploads\/2026\/09\/nemecko-clanky-termaly-nemecko-59-fc0e1c55-1.jpg\" alt=\"Toskana Therme Bad Schandau (Bad Schandau)\" class=\"wp-image-415417\" title=\"\" srcset=\"https:\/\/loudavymkrokem.cz\/wp-content\/uploads\/2026\/09\/nemecko-clanky-termaly-nemecko-59-fc0e1c55-1.jpg 1800w, https:\/\/loudavymkrokem.cz\/wp-content\/uploads\/2026\/09\/nemecko-clanky-termaly-nemecko-59-fc0e1c55-1-300x224.jpg 300w, https:\/\/loudavymkrokem.cz\/wp-content\/uploads\/2026\/09\/nemecko-clanky-termaly-nemecko-59-fc0e1c55-1-700x522.jpg 700w, https:\/\/loudavymkrokem.cz\/wp-content\/uploads\/2026\/09\/nemecko-clanky-termaly-nemecko-59-fc0e1c55-1-768x573.jpg 768w, https:\/\/loudavymkrokem.cz\/wp-content\/uploads\/2026\/09\/nemecko-clanky-termaly-nemecko-59-fc0e1c55-1-1536x1145.jpg 1536w, https:\/\/loudavymkrokem.cz\/wp-content\/uploads\/2026\/09\/nemecko-clanky-termaly-nemecko-59-fc0e1c55-1-80x60.jpg 80w, https:\/\/loudavymkrokem.cz\/wp-content\/uploads\/2026\/09\/nemecko-clanky-termaly-nemecko-59-fc0e1c55-1-160x120.jpg 160w, https:\/\/loudavymkrokem.cz\/wp-content\/uploads\/2026\/09\/nemecko-clanky-termaly-nemecko-59-fc0e1c55-1-696x519.jpg 696w, https:\/\/loudavymkrokem.cz\/wp-content\/uploads\/2026\/09\/nemecko-clanky-termaly-nemecko-59-fc0e1c55-1-1392x1038.jpg 1392w\" sizes=\"(max-width: 1800px) 100vw, 1800px\" \/><button\n\t\t\tclass=\"lightbox-trigger\"\n\t\t\ttype=\"button\"\n\t\t\taria-haspopup=\"dialog\"\n\t\t\tdata-wp-bind--aria-label=\"state.thisImage.triggerButtonAriaLabel\"\n\t\t\tdata-wp-init=\"callbacks.initTriggerButton\"\n\t\t\tdata-wp-on--click=\"actions.showLightbox\"\n\t\t\tdata-wp-style--right=\"state.thisImage.buttonRight\"\n\t\t\tdata-wp-style--top=\"state.thisImage.buttonTop\"\n\t\t>\n\t\t\t<svg xmlns=\"http:\/\/www.w3.org\/2000\/svg\" width=\"12\" height=\"12\" fill=\"none\" viewBox=\"0 0 12 12\">\n\t\t\t\t<path fill=\"#fff\" d=\"M2 0a2 2 0 0 0-2 2v2h1.5V2a.5.5 0 0 1 .5-.5h2V0H2Zm2 10.5H2a.5.5 0 0 1-.5-.5V8H0v2a2 2 0 0 0 2 2h2v-1.5ZM8 12v-1.5h2a.5.5 0 0 0 .5-.5V8H12v2a2 2 0 0 1-2 2H8Zm2-12a2 2 0 0 1 2 2v2h-1.5V2a.5.5 0 0 0-.5-.5H8V0h2Z\" \/>\n\t\t\t<\/svg>\n\t\t<\/button><figcaption class=\"wp-element-caption\">Foto: J\u00f6rg Blobelt \/ Wikimedia Commons, CC BY-SA 4.0<\/figcaption><\/figure>\n\n\n\n<h3 class=\"wp-block-heading\"><span class=\"ez-toc-section\" id=\"48_Toskana_Therme_Bad_Schandau_Bad_Schandau\"><\/span>48. Toskana Therme Bad Schandau (Bad Schandau)<span class=\"ez-toc-section-end\"><\/span><\/h3>\n\n\n\n<p class=\"wp-block-paragraph\">Tento ob\u013e\u00faben\u00fd komplex le\u017e\u00ed priamo na brehu Labe a jeho ve\u013ekou prednos\u0165ou je <strong>dychber\u00faci v\u00fdh\u013ead na rieku priamo zo sauny<\/strong>. Z Bratislavy sem d\u00f4jde\u0161 za p\u00e1r hod\u00edn, tak\u017ee sa komplex pon\u00faka ako perfektn\u00fd cie\u013e na pred\u013a\u017een\u00fd v\u00edkend. Ak miluje\u0161 pr\u00edrodu Sask\u00e9ho \u0160vaj\u010diarska, toto je presne to miesto, kde m\u00f4\u017ee\u0161 po dni na t\u00farach u\u013eavi\u0165 unaven\u00fdm noh\u00e1m.<\/p>\n\n\n\n<p class=\"wp-block-paragraph\">Saunov\u00fd svet tu pon\u00faka pestr\u00fa \u0161k\u00e1lu tepl\u00f4t pre ka\u017ed\u00e9ho. M\u00f4\u017ee\u0161 vysk\u00fa\u0161a\u0165 tradi\u010dn\u00e9 <strong>Laconium v gr\u00e9ckom \u0161t\u00fdle vyhriate na pr\u00edjemn\u00fdch 55 \u00b0C<\/strong>, alebo \u0161peci\u00e1lny k\u00fape\u013e s\u00e1lav\u00e9ho tepla, ktor\u00fd pri 65 \u00b0C prehreje telo kr\u00e1sne do h\u013abky. N\u00e1jde\u0161 tu tie\u017e bylinkov\u00fa prehrievare\u0148, kde ohrievanie bylinnej vody <strong>zvy\u0161uje vlhkos\u0165 vzduchu pri teplote 65 \u00b0C<\/strong>. Pre ostrie\u013ean\u00fdch saun\u00e1rov je potom pripraven\u00e1 klasick\u00e1 potiare\u0148 s kach\u013eov\u00fdmi kach\u013eami, kde si u\u017eije\u0161 poriadne horko pri 96 \u00b0C.<\/p>\n\n\n\n<p class=\"wp-block-paragraph\">Komplex je skvel\u00fd predov\u0161etk\u00fdm pre dospel\u00fdch a p\u00e1ry, ktor\u00ed h\u013eadaj\u00fa pokojn\u00fa atmosf\u00e9ru bez divok\u00fdch tobog\u00e1nov. Aktu\u00e1lne vstupn\u00e9 si odpor\u00fa\u010dam pred cestou skontrolova\u0165 na webe, nech vie\u0161, ako presne vyzer\u00e1 cenn\u00edk pre rok 2026. <strong>\ud83d\udca1 Tip:<\/strong> Rozhodne si nenechaj ujs\u0165 potenie v \u0161peci\u00e1lnej saune vyhriatej na 90 \u00b0C, z ktorej sa ti naskytne <strong>ten najkraj\u0161\u00ed v\u00fdh\u013ead na plyn\u00face Labe<\/strong>.<\/p>\n\n\n\n<figure data-wp-context=\"{&quot;imageId&quot;:&quot;6a9c61043ccda&quot;}\" data-wp-interactive=\"core\/image\" data-wp-key=\"6a9c61043ccda\" class=\"wp-block-image size-full wp-lightbox-container\"><img decoding=\"async\" width=\"1800\" height=\"1200\" data-wp-class--hide=\"state.isContentHidden\" data-wp-class--show=\"state.isContentVisible\" data-wp-init=\"callbacks.setButtonStyles\" data-wp-on--click=\"actions.showLightbox\" data-wp-on--load=\"callbacks.setButtonStyles\" data-wp-on--pointerdown=\"actions.preloadImage\" data-wp-on--pointerenter=\"actions.preloadImageWithDelay\" data-wp-on--pointerleave=\"actions.cancelPreload\" data-wp-on-window--resize=\"callbacks.setButtonStyles\" src=\"https:\/\/loudavymkrokem.cz\/wp-content\/uploads\/2026\/09\/nemecko-clanky-termaly-nemecko-60-42995404-1.jpg\" alt=\"Toskana Therme Bad Sulza (Bad Sulza)\" class=\"wp-image-415421\" title=\"\" srcset=\"https:\/\/loudavymkrokem.cz\/wp-content\/uploads\/2026\/09\/nemecko-clanky-termaly-nemecko-60-42995404-1.jpg 1800w, https:\/\/loudavymkrokem.cz\/wp-content\/uploads\/2026\/09\/nemecko-clanky-termaly-nemecko-60-42995404-1-300x200.jpg 300w, https:\/\/loudavymkrokem.cz\/wp-content\/uploads\/2026\/09\/nemecko-clanky-termaly-nemecko-60-42995404-1-700x467.jpg 700w, https:\/\/loudavymkrokem.cz\/wp-content\/uploads\/2026\/09\/nemecko-clanky-termaly-nemecko-60-42995404-1-768x512.jpg 768w, https:\/\/loudavymkrokem.cz\/wp-content\/uploads\/2026\/09\/nemecko-clanky-termaly-nemecko-60-42995404-1-1536x1024.jpg 1536w, https:\/\/loudavymkrokem.cz\/wp-content\/uploads\/2026\/09\/nemecko-clanky-termaly-nemecko-60-42995404-1-696x464.jpg 696w, https:\/\/loudavymkrokem.cz\/wp-content\/uploads\/2026\/09\/nemecko-clanky-termaly-nemecko-60-42995404-1-1392x928.jpg 1392w\" sizes=\"(max-width: 1800px) 100vw, 1800px\" \/><button\n\t\t\tclass=\"lightbox-trigger\"\n\t\t\ttype=\"button\"\n\t\t\taria-haspopup=\"dialog\"\n\t\t\tdata-wp-bind--aria-label=\"state.thisImage.triggerButtonAriaLabel\"\n\t\t\tdata-wp-init=\"callbacks.initTriggerButton\"\n\t\t\tdata-wp-on--click=\"actions.showLightbox\"\n\t\t\tdata-wp-style--right=\"state.thisImage.buttonRight\"\n\t\t\tdata-wp-style--top=\"state.thisImage.buttonTop\"\n\t\t>\n\t\t\t<svg xmlns=\"http:\/\/www.w3.org\/2000\/svg\" width=\"12\" height=\"12\" fill=\"none\" viewBox=\"0 0 12 12\">\n\t\t\t\t<path fill=\"#fff\" d=\"M2 0a2 2 0 0 0-2 2v2h1.5V2a.5.5 0 0 1 .5-.5h2V0H2Zm2 10.5H2a.5.5 0 0 1-.5-.5V8H0v2a2 2 0 0 0 2 2h2v-1.5ZM8 12v-1.5h2a.5.5 0 0 0 .5-.5V8H12v2a2 2 0 0 1-2 2H8Zm2-12a2 2 0 0 1 2 2v2h-1.5V2a.5.5 0 0 0-.5-.5H8V0h2Z\" \/>\n\t\t\t<\/svg>\n\t\t<\/button><\/figure>\n\n\n\n<h3 class=\"wp-block-heading\"><span class=\"ez-toc-section\" id=\"49_Toskana_Therme_Bad_Sulza_Bad_Sulza\"><\/span>49. Toskana Therme Bad Sulza (Bad Sulza)<span class=\"ez-toc-section-end\"><\/span><\/h3>\n\n\n\n<p class=\"wp-block-paragraph\">Druh\u00e1 sestersk\u00e1 pobo\u010dka sl\u00e1vnych k\u00fape\u013eov sa ukr\u00fdva v pokojnom dur\u00ednskom meste\u010dku a <strong>pon\u00faka rovnak\u00fd koncept Liquid Sound<\/strong> ako t\u00e1 v Saskom \u0160vaj\u010diarsku. Je to ide\u00e1lna vo\u013eba, ak sa chyst\u00e1\u0161 na v\u00edkendov\u00fd roadtrip po pamiatkach v strednom Nemecku a h\u013ead\u00e1\u0161 miesto, kde by si mohol po ve\u010deroch kvalitne zregenerova\u0165. Atmosf\u00e9ra je tu \u00fa\u017easne uvo\u013enen\u00e1 a cel\u00fd priestor l\u00e1ka na dlh\u00fd tich\u00fd oddych.<\/p>\n\n\n\n<p class=\"wp-block-paragraph\">Srdcom are\u00e1lu je <strong>chr\u00e1m Liquid Sound<\/strong>, kde sa v slanej vode nech\u00e1\u0161 un\u00e1\u0161a\u0165 za sprievodu hudby pod hladinou a farebnej svetelnej projekcie na kupole. Pod\u013ea popisu prev\u00e1dzkovate\u013ea k nemu patr\u00ed <strong>p\u00e4\u0165 kask\u00e1dov\u00fdch so\u013en\u00fdch baz\u00e9nov<\/strong> s mas\u00e1\u017enymi tryskami, \u0161tyri v\u00edrivky a vyhrievan\u00fd vonkaj\u0161\u00ed so\u013en\u00fd baz\u00e9n, tak\u017ee sa d\u00e1 prech\u00e1dza\u0165 z jednej teploty do druhej cel\u00fd de\u0148. Saunov\u00fd svet je tu samozrejmos\u0165ou.<\/p>\n\n\n\n<p class=\"wp-block-paragraph\">Ve\u013ekou v\u00fdhodou Bad Sulzy je prepojenie s hotelom: <strong>Hotel an der Therme Bad Sulza<\/strong> stoj\u00ed hne\u010f pri k\u00fape\u013eoch a sp\u00e1ja ho s nimi \u017eupanov\u00e1 chodba, tak\u017ee vstup do term\u00e1lov vr\u00e1tane saunov\u00e9ho sveta m\u00e1\u0161 v cene noclahu. Pred n\u00e1v\u0161tevou sa pozri na web, preto\u017ee cenn\u00edk pre rok 2026 sa men\u00ed pod\u013ea sez\u00f3ny. <strong>\ud83d\udca1 Tip:<\/strong> Na Liquid Sound si vyhra\u010f neskor\u00fd podve\u010der, ke\u010f b\u00fdva hudobn\u00e1 a sveteln\u00e1 show najsilnej\u0161ia a v baz\u00e9ne je najmenej \u013eud\u00ed.<\/p>\n\n\n\n<figure data-wp-context=\"{&quot;imageId&quot;:&quot;6a9c61043d268&quot;}\" data-wp-interactive=\"core\/image\" data-wp-key=\"6a9c61043d268\" class=\"wp-block-image size-full wp-lightbox-container\"><img decoding=\"async\" width=\"1800\" height=\"1800\" data-wp-class--hide=\"state.isContentHidden\" data-wp-class--show=\"state.isContentVisible\" data-wp-init=\"callbacks.setButtonStyles\" data-wp-on--click=\"actions.showLightbox\" data-wp-on--load=\"callbacks.setButtonStyles\" data-wp-on--pointerdown=\"actions.preloadImage\" data-wp-on--pointerenter=\"actions.preloadImageWithDelay\" data-wp-on--pointerleave=\"actions.cancelPreload\" data-wp-on-window--resize=\"callbacks.setButtonStyles\" src=\"https:\/\/loudavymkrokem.cz\/wp-content\/uploads\/2026\/09\/nemecko-clanky-termaly-nemecko-61-82598cd9-1.jpg\" alt=\"Baz\u00e9n Emser Therme v Bad Emse vo ve\u010dernom osvetlen\u00ed\" class=\"wp-image-415425\" title=\"\" srcset=\"https:\/\/loudavymkrokem.cz\/wp-content\/uploads\/2026\/09\/nemecko-clanky-termaly-nemecko-61-82598cd9-1.jpg 1800w, https:\/\/loudavymkrokem.cz\/wp-content\/uploads\/2026\/09\/nemecko-clanky-termaly-nemecko-61-82598cd9-1-300x300.jpg 300w, https:\/\/loudavymkrokem.cz\/wp-content\/uploads\/2026\/09\/nemecko-clanky-termaly-nemecko-61-82598cd9-1-700x700.jpg 700w, https:\/\/loudavymkrokem.cz\/wp-content\/uploads\/2026\/09\/nemecko-clanky-termaly-nemecko-61-82598cd9-1-150x150.jpg 150w, https:\/\/loudavymkrokem.cz\/wp-content\/uploads\/2026\/09\/nemecko-clanky-termaly-nemecko-61-82598cd9-1-768x768.jpg 768w, https:\/\/loudavymkrokem.cz\/wp-content\/uploads\/2026\/09\/nemecko-clanky-termaly-nemecko-61-82598cd9-1-1536x1536.jpg 1536w, https:\/\/loudavymkrokem.cz\/wp-content\/uploads\/2026\/09\/nemecko-clanky-termaly-nemecko-61-82598cd9-1-696x696.jpg 696w, https:\/\/loudavymkrokem.cz\/wp-content\/uploads\/2026\/09\/nemecko-clanky-termaly-nemecko-61-82598cd9-1-1392x1392.jpg 1392w\" sizes=\"(max-width: 1800px) 100vw, 1800px\" \/><button\n\t\t\tclass=\"lightbox-trigger\"\n\t\t\ttype=\"button\"\n\t\t\taria-haspopup=\"dialog\"\n\t\t\tdata-wp-bind--aria-label=\"state.thisImage.triggerButtonAriaLabel\"\n\t\t\tdata-wp-init=\"callbacks.initTriggerButton\"\n\t\t\tdata-wp-on--click=\"actions.showLightbox\"\n\t\t\tdata-wp-style--right=\"state.thisImage.buttonRight\"\n\t\t\tdata-wp-style--top=\"state.thisImage.buttonTop\"\n\t\t>\n\t\t\t<svg xmlns=\"http:\/\/www.w3.org\/2000\/svg\" width=\"12\" height=\"12\" fill=\"none\" viewBox=\"0 0 12 12\">\n\t\t\t\t<path fill=\"#fff\" d=\"M2 0a2 2 0 0 0-2 2v2h1.5V2a.5.5 0 0 1 .5-.5h2V0H2Zm2 10.5H2a.5.5 0 0 1-.5-.5V8H0v2a2 2 0 0 0 2 2h2v-1.5ZM8 12v-1.5h2a.5.5 0 0 0 .5-.5V8H12v2a2 2 0 0 1-2 2H8Zm2-12a2 2 0 0 1 2 2v2h-1.5V2a.5.5 0 0 0-.5-.5H8V0h2Z\" \/>\n\t\t\t<\/svg>\n\t\t<\/button><\/figure>\n\n\n\n<h2 class=\"wp-block-heading\"><span class=\"ez-toc-section\" id=\"Termaly_v_Poryni-Falcku\"><\/span>Term\u00e1ly v Por\u00fdn\u00ed-Falcku<span class=\"ez-toc-section-end\"><\/span><\/h2>\n\n\n\n<p class=\"wp-block-paragraph\">Por\u00fdnie-Falcko mo\u017eno nepatr\u00ed k t\u00fdm najzn\u00e1mej\u0161\u00edm nemeck\u00fdm destin\u00e1ci\u00e1m pre vodn\u00e9 radov\u00e1nky, ale skr\u00fdva skuto\u010dn\u00e9 poklady. Ak h\u013ead\u00e1\u0161 <strong>men\u0161ie, ale vysoko kvalitn\u00e9 k\u00fapele<\/strong>, presne tu si pr\u00edde\u0161 na svoje. Oproti obrovsk\u00fdm tropick\u00fdm aquaparkom pln\u00fdm tobog\u00e1nov tu n\u00e1jde\u0161 ove\u013ea pokojnej\u0161iu atmosf\u00e9ru. Miestne are\u00e1ly sa s\u00fastredia sk\u00f4r na naozajstn\u00fd oddych, lie\u010div\u00fa vodu a poctiv\u00e9 saunovanie v tichom prostred\u00ed.<\/p>\n\n\n\n<p class=\"wp-block-paragraph\">Vyraz sem, ak si chce\u0161 u\u017ei\u0165 blahodarn\u00e9 \u00fa\u010dinky pr\u00edrodn\u00fdch prame\u0148ov bez zbyto\u010dn\u00e9ho zhonu. Zn\u00e1me mest\u00e1 ako Bad Kreuznach alebo Bad Ems l\u00e1kaj\u00fa na <strong>rad\u00f3nov\u00fa \u010di so\u013en\u00fa vodu<\/strong>, ktor\u00e1 uvo\u013en\u00ed unaven\u00e9 svaly. Cesta autom zo Slovenska s\u00edce zaberie o nie\u010do viac \u010dasu, ale za ten bo\u017esk\u00fd pokoj a men\u0161ie davy n\u00e1v\u0161tevn\u00edkov to stoj\u00ed. Je to jednoducho ide\u00e1lna vo\u013eba na <strong>pohodov\u00fd pred\u013a\u017een\u00fd v\u00edkend<\/strong> pln\u00fd relax\u00e1cie.<\/p>\n\n\n\n<figure data-wp-context=\"{&quot;imageId&quot;:&quot;6a9c61043d7cd&quot;}\" data-wp-interactive=\"core\/image\" data-wp-key=\"6a9c61043d7cd\" class=\"wp-block-image size-full wp-lightbox-container\"><img decoding=\"async\" width=\"1800\" height=\"1203\" data-wp-class--hide=\"state.isContentHidden\" data-wp-class--show=\"state.isContentVisible\" data-wp-init=\"callbacks.setButtonStyles\" data-wp-on--click=\"actions.showLightbox\" data-wp-on--load=\"callbacks.setButtonStyles\" data-wp-on--pointerdown=\"actions.preloadImage\" data-wp-on--pointerenter=\"actions.preloadImageWithDelay\" data-wp-on--pointerleave=\"actions.cancelPreload\" data-wp-on-window--resize=\"callbacks.setButtonStyles\" src=\"https:\/\/loudavymkrokem.cz\/wp-content\/uploads\/2026\/09\/nemecko-clanky-termaly-nemecko-62-7c30d429.jpg\" alt=\"Crucenia Thermen v Bad Kreuznachu nad riekou Nahe\" class=\"wp-image-415518\" title=\"\" srcset=\"https:\/\/loudavymkrokem.cz\/wp-content\/uploads\/2026\/09\/nemecko-clanky-termaly-nemecko-62-7c30d429.jpg 1800w, https:\/\/loudavymkrokem.cz\/wp-content\/uploads\/2026\/09\/nemecko-clanky-termaly-nemecko-62-7c30d429-300x201.jpg 300w, https:\/\/loudavymkrokem.cz\/wp-content\/uploads\/2026\/09\/nemecko-clanky-termaly-nemecko-62-7c30d429-700x468.jpg 700w, https:\/\/loudavymkrokem.cz\/wp-content\/uploads\/2026\/09\/nemecko-clanky-termaly-nemecko-62-7c30d429-768x513.jpg 768w, https:\/\/loudavymkrokem.cz\/wp-content\/uploads\/2026\/09\/nemecko-clanky-termaly-nemecko-62-7c30d429-1536x1027.jpg 1536w, https:\/\/loudavymkrokem.cz\/wp-content\/uploads\/2026\/09\/nemecko-clanky-termaly-nemecko-62-7c30d429-696x465.jpg 696w, https:\/\/loudavymkrokem.cz\/wp-content\/uploads\/2026\/09\/nemecko-clanky-termaly-nemecko-62-7c30d429-1392x930.jpg 1392w\" sizes=\"(max-width: 1800px) 100vw, 1800px\" \/><button\n\t\t\tclass=\"lightbox-trigger\"\n\t\t\ttype=\"button\"\n\t\t\taria-haspopup=\"dialog\"\n\t\t\tdata-wp-bind--aria-label=\"state.thisImage.triggerButtonAriaLabel\"\n\t\t\tdata-wp-init=\"callbacks.initTriggerButton\"\n\t\t\tdata-wp-on--click=\"actions.showLightbox\"\n\t\t\tdata-wp-style--right=\"state.thisImage.buttonRight\"\n\t\t\tdata-wp-style--top=\"state.thisImage.buttonTop\"\n\t\t>\n\t\t\t<svg xmlns=\"http:\/\/www.w3.org\/2000\/svg\" width=\"12\" height=\"12\" fill=\"none\" viewBox=\"0 0 12 12\">\n\t\t\t\t<path fill=\"#fff\" d=\"M2 0a2 2 0 0 0-2 2v2h1.5V2a.5.5 0 0 1 .5-.5h2V0H2Zm2 10.5H2a.5.5 0 0 1-.5-.5V8H0v2a2 2 0 0 0 2 2h2v-1.5ZM8 12v-1.5h2a.5.5 0 0 0 .5-.5V8H12v2a2 2 0 0 1-2 2H8Zm2-12a2 2 0 0 1 2 2v2h-1.5V2a.5.5 0 0 0-.5-.5H8V0h2Z\" \/>\n\t\t\t<\/svg>\n\t\t<\/button><figcaption class=\"wp-element-caption\">Foto: Pudelek (Marcin Szala) \/ Wikimedia Commons, CC BY-SA 3.0<\/figcaption><\/figure>\n\n\n\n<h3 class=\"wp-block-heading\"><span class=\"ez-toc-section\" id=\"50_Crucenia_Thermen_Bad_Kreuznach\"><\/span>50. Crucenia Thermen (Bad Kreuznach)<span class=\"ez-toc-section-end\"><\/span><\/h3>\n\n\n\n<p class=\"wp-block-paragraph\">Tieto pr\u00edjemn\u00e9 k\u00fapele v meste Bad Kreuznach sa p\u00fd\u0161ia jedn\u00fdm ve\u013emi sympatick\u00fdm detailom, a to <strong>ofici\u00e1lne certifikovanou bezbari\u00e9rovos\u0165ou<\/strong>. Ak teda ty s\u00e1m rie\u0161i\u0161 hor\u0161iu pohyblivos\u0165, alebo na v\u00edkend ide\u0161 s niek\u00fdm star\u0161\u00edm z rodiny, Crucenia Thermen pre teba bud\u00fa ide\u00e1lnou vo\u013ebou. Cel\u00fd komplex celkovo stavia sk\u00f4r na pokoj, zdravie a pomal\u0161ie tempo ne\u017e na divok\u00e9 vodn\u00e9 atrakcie.<\/p>\n\n\n\n<p class=\"wp-block-paragraph\">Te\u0161i\u0165 sa m\u00f4\u017ee\u0161 na <strong>dva vn\u00fatorn\u00e9 baz\u00e9ny a jeden vonkaj\u0161\u00ed<\/strong>, do ktor\u00fdch neust\u00e1le pr\u00fadi term\u00e1lna voda o teplote zhruba 33 \u00b0C. Ak sa r\u00e1d m\u00e1\u010da\u0161 dlho, ocen\u00ed\u0161 \u010fal\u0161\u00ed baz\u00e9n vyhriaty presne na 30 \u00b0C, ktor\u00fd dop\u013a\u0148aj\u00fa bublinkov\u00e9 mas\u00e1\u017ene le\u017eadl\u00e1 a \u00fatuln\u00e1 oddych\u00e1re\u0148. V cene vstupu <strong>m\u00e1\u0161 zahrnut\u00fd aj aquafitness<\/strong>, tak\u017ee sa m\u00f4\u017ee\u0161 aj trochu akt\u00edvne pona\u0165ahova\u0165. Na r\u00fdchle prehriatie tela potom skvele posl\u00fa\u017ei miestna infrasauna.<\/p>\n\n\n\n<p class=\"wp-block-paragraph\">Oh\u013eadom n\u00e1kladov pote\u0161ia doplnkov\u00e9 slu\u017eby, ktor\u00e9 tu zaobstar\u00e1\u0161 za ve\u013emi priate\u013esk\u00e9 sumy. Pod\u013ea cenn\u00edka pre rok 2026 zaplat\u00ed\u0161 za <strong>polhodinov\u00fa \u010diasto\u010dn\u00fa mas\u00e1\u017e iba 8 \u20ac<\/strong>, \u010do je na Nemecko dos\u0165 slu\u0161n\u00e1 cena. Ak by si chcel pobyt niekomu venova\u0165, dar\u010dekov\u00e9 poukazy za\u010d\u00ednaj\u00fa u\u017e na 5 \u20ac. <strong>\ud83d\udca1 Tip:<\/strong> Aj ke\u010f tu ne\u010dakaj obrovsk\u00fd saunov\u00fd park, samotn\u00e1 lie\u010div\u00e1 voda bohato sta\u010d\u00ed na prehriatie kost\u00ed po celodennom v\u00fdlete.<\/p>\n\n\n\n<figure data-wp-context=\"{&quot;imageId&quot;:&quot;6a9c61043dd9c&quot;}\" data-wp-interactive=\"core\/image\" data-wp-key=\"6a9c61043dd9c\" class=\"wp-block-image size-full wp-lightbox-container\"><img decoding=\"async\" width=\"1800\" height=\"1800\" data-wp-class--hide=\"state.isContentHidden\" data-wp-class--show=\"state.isContentVisible\" data-wp-init=\"callbacks.setButtonStyles\" data-wp-on--click=\"actions.showLightbox\" data-wp-on--load=\"callbacks.setButtonStyles\" data-wp-on--pointerdown=\"actions.preloadImage\" data-wp-on--pointerenter=\"actions.preloadImageWithDelay\" data-wp-on--pointerleave=\"actions.cancelPreload\" data-wp-on-window--resize=\"callbacks.setButtonStyles\" src=\"https:\/\/loudavymkrokem.cz\/wp-content\/uploads\/2026\/09\/nemecko-clanky-termaly-nemecko-63-ec29e746-1.jpg\" alt=\"Emser Therme (Bad Ems)\" class=\"wp-image-415437\" title=\"\" srcset=\"https:\/\/loudavymkrokem.cz\/wp-content\/uploads\/2026\/09\/nemecko-clanky-termaly-nemecko-63-ec29e746-1.jpg 1800w, https:\/\/loudavymkrokem.cz\/wp-content\/uploads\/2026\/09\/nemecko-clanky-termaly-nemecko-63-ec29e746-1-300x300.jpg 300w, https:\/\/loudavymkrokem.cz\/wp-content\/uploads\/2026\/09\/nemecko-clanky-termaly-nemecko-63-ec29e746-1-700x700.jpg 700w, https:\/\/loudavymkrokem.cz\/wp-content\/uploads\/2026\/09\/nemecko-clanky-termaly-nemecko-63-ec29e746-1-150x150.jpg 150w, https:\/\/loudavymkrokem.cz\/wp-content\/uploads\/2026\/09\/nemecko-clanky-termaly-nemecko-63-ec29e746-1-768x768.jpg 768w, https:\/\/loudavymkrokem.cz\/wp-content\/uploads\/2026\/09\/nemecko-clanky-termaly-nemecko-63-ec29e746-1-1536x1536.jpg 1536w, https:\/\/loudavymkrokem.cz\/wp-content\/uploads\/2026\/09\/nemecko-clanky-termaly-nemecko-63-ec29e746-1-696x696.jpg 696w, https:\/\/loudavymkrokem.cz\/wp-content\/uploads\/2026\/09\/nemecko-clanky-termaly-nemecko-63-ec29e746-1-1392x1392.jpg 1392w\" sizes=\"(max-width: 1800px) 100vw, 1800px\" \/><button\n\t\t\tclass=\"lightbox-trigger\"\n\t\t\ttype=\"button\"\n\t\t\taria-haspopup=\"dialog\"\n\t\t\tdata-wp-bind--aria-label=\"state.thisImage.triggerButtonAriaLabel\"\n\t\t\tdata-wp-init=\"callbacks.initTriggerButton\"\n\t\t\tdata-wp-on--click=\"actions.showLightbox\"\n\t\t\tdata-wp-style--right=\"state.thisImage.buttonRight\"\n\t\t\tdata-wp-style--top=\"state.thisImage.buttonTop\"\n\t\t>\n\t\t\t<svg xmlns=\"http:\/\/www.w3.org\/2000\/svg\" width=\"12\" height=\"12\" fill=\"none\" viewBox=\"0 0 12 12\">\n\t\t\t\t<path fill=\"#fff\" d=\"M2 0a2 2 0 0 0-2 2v2h1.5V2a.5.5 0 0 1 .5-.5h2V0H2Zm2 10.5H2a.5.5 0 0 1-.5-.5V8H0v2a2 2 0 0 0 2 2h2v-1.5ZM8 12v-1.5h2a.5.5 0 0 0 .5-.5V8H12v2a2 2 0 0 1-2 2H8Zm2-12a2 2 0 0 1 2 2v2h-1.5V2a.5.5 0 0 0-.5-.5H8V0h2Z\" \/>\n\t\t\t<\/svg>\n\t\t<\/button><\/figure>\n\n\n\n<h3 class=\"wp-block-heading\"><span class=\"ez-toc-section\" id=\"51_Emser_Therme_Bad_Ems\"><\/span>51. Emser Therme (Bad Ems)<span class=\"ez-toc-section-end\"><\/span><\/h3>\n\n\n\n<p class=\"wp-block-paragraph\">Tieto n\u00e1dhern\u00e9 k\u00fapele le\u017eia priamo na brehu rieky Lahn a pon\u00faknu ti <strong>6 600 metrov \u0161tvorcov\u00fdch relaxa\u010dnej plochy<\/strong>. N\u00e1jde\u0161 tu roz\u013eahl\u00fa term\u00e1lnu krajinu, saunov\u00fd park, wellness gal\u00e9riu, fitnes panor\u00e1ma aj re\u0161taur\u00e1ciu Halberts. Emser Therme s\u00fa jednoducho obrovsk\u00fd a komplexn\u00fd oddychov\u00fd svet, kde pokojne str\u00e1vi\u0161 cel\u00fd de\u0148 a st\u00e1le bude\u0161 ma\u0165 \u010do objavova\u0165.<\/p>\n\n\n\n<p class=\"wp-block-paragraph\">Vodn\u00e9 radov\u00e1nky si u\u017eije\u0161 na <strong>viac ne\u017e 700 metroch \u0161tvorcov\u00fdch vodnej plochy<\/strong>. Hlavn\u00fd vn\u00fatorn\u00fd term\u00e1lny baz\u00e9n \u0165a priv\u00edta teplotou 33 \u00b0C, ale hne\u010f na neho nadv\u00e4zuje e\u0161te teplej\u0161ia z\u00f3na s 36 \u00b0C. Zapl\u00e1va\u0165 si d\u00e1 aj vonku, kde m\u00e1 voda 32 a\u017e 35 \u00b0C a pon\u00fakne ti kr\u00e1sny v\u00fdh\u013ead na rieku. Pre akt\u00edvnej\u0161\u00edch plavcov potom are\u00e1l ukr\u00fdva <strong>\u0161portov\u00fd baz\u00e9n s teplotou 24 a\u017e 28 \u00b0C<\/strong> a \u0161peci\u00e1lny baz\u00e9n pre pohybov\u00e9 aktivity.<\/p>\n\n\n\n<p class=\"wp-block-paragraph\">Milovn\u00edci potenia bud\u00fa nad\u0161en\u00ed z obrovsk\u00e9ho are\u00e1lu, ktor\u00fd pon\u00faka vy\u0161e <strong>1 000 metrov \u0161tvorcov\u00fdch priestoru na saunovanie<\/strong>. Je to jednoducho optim\u00e1lne miesto pre hlbok\u00fa regener\u00e1ciu tela aj mysle. Na saunov\u00e9 otu\u017eovanie vyu\u017eije\u0161 hor\u00faci baz\u00e9nik s 38 \u00b0C a n\u00e1sledne sa r\u00fdchlo zchlad\u00ed\u0161 v osemn\u00e1s\u0165stup\u0148ovej \u013eadovej vode. <strong>\ud83d\udca1 Tip:<\/strong> Ak \u0165a po pl\u00e1van\u00ed prepadne hlad, rovno vysk\u00fa\u0161aj zdej\u0161iu re\u0161taur\u00e1ciu Halberts, aby si nemusel are\u00e1l po\u010das d\u0148a v\u00f4bec op\u00fa\u0161\u0165a\u0165.<\/p>\n\n\n\n<figure data-wp-context=\"{&quot;imageId&quot;:&quot;6a9c61043e224&quot;}\" data-wp-interactive=\"core\/image\" data-wp-key=\"6a9c61043e224\" class=\"wp-block-image size-full wp-lightbox-container\"><img decoding=\"async\" width=\"1800\" height=\"1350\" data-wp-class--hide=\"state.isContentHidden\" data-wp-class--show=\"state.isContentVisible\" data-wp-init=\"callbacks.setButtonStyles\" data-wp-on--click=\"actions.showLightbox\" data-wp-on--load=\"callbacks.setButtonStyles\" data-wp-on--pointerdown=\"actions.preloadImage\" data-wp-on--pointerenter=\"actions.preloadImageWithDelay\" data-wp-on--pointerleave=\"actions.cancelPreload\" data-wp-on-window--resize=\"callbacks.setButtonStyles\" src=\"https:\/\/loudavymkrokem.cz\/wp-content\/uploads\/2026\/09\/nemecko-clanky-termaly-nemecko-64-23e551d5-1.jpg\" alt=\"Saunov\u00e1 z\u00e1hrada vabali spa v Berl\u00edne\" class=\"wp-image-415441\" title=\"\" srcset=\"https:\/\/loudavymkrokem.cz\/wp-content\/uploads\/2026\/09\/nemecko-clanky-termaly-nemecko-64-23e551d5-1.jpg 1800w, https:\/\/loudavymkrokem.cz\/wp-content\/uploads\/2026\/09\/nemecko-clanky-termaly-nemecko-64-23e551d5-1-300x225.jpg 300w, https:\/\/loudavymkrokem.cz\/wp-content\/uploads\/2026\/09\/nemecko-clanky-termaly-nemecko-64-23e551d5-1-700x525.jpg 700w, https:\/\/loudavymkrokem.cz\/wp-content\/uploads\/2026\/09\/nemecko-clanky-termaly-nemecko-64-23e551d5-1-768x576.jpg 768w, https:\/\/loudavymkrokem.cz\/wp-content\/uploads\/2026\/09\/nemecko-clanky-termaly-nemecko-64-23e551d5-1-1536x1152.jpg 1536w, https:\/\/loudavymkrokem.cz\/wp-content\/uploads\/2026\/09\/nemecko-clanky-termaly-nemecko-64-23e551d5-1-80x60.jpg 80w, https:\/\/loudavymkrokem.cz\/wp-content\/uploads\/2026\/09\/nemecko-clanky-termaly-nemecko-64-23e551d5-1-160x120.jpg 160w, https:\/\/loudavymkrokem.cz\/wp-content\/uploads\/2026\/09\/nemecko-clanky-termaly-nemecko-64-23e551d5-1-696x522.jpg 696w, https:\/\/loudavymkrokem.cz\/wp-content\/uploads\/2026\/09\/nemecko-clanky-termaly-nemecko-64-23e551d5-1-1392x1044.jpg 1392w\" sizes=\"(max-width: 1800px) 100vw, 1800px\" \/><button\n\t\t\tclass=\"lightbox-trigger\"\n\t\t\ttype=\"button\"\n\t\t\taria-haspopup=\"dialog\"\n\t\t\tdata-wp-bind--aria-label=\"state.thisImage.triggerButtonAriaLabel\"\n\t\t\tdata-wp-init=\"callbacks.initTriggerButton\"\n\t\t\tdata-wp-on--click=\"actions.showLightbox\"\n\t\t\tdata-wp-style--right=\"state.thisImage.buttonRight\"\n\t\t\tdata-wp-style--top=\"state.thisImage.buttonTop\"\n\t\t>\n\t\t\t<svg xmlns=\"http:\/\/www.w3.org\/2000\/svg\" width=\"12\" height=\"12\" fill=\"none\" viewBox=\"0 0 12 12\">\n\t\t\t\t<path fill=\"#fff\" d=\"M2 0a2 2 0 0 0-2 2v2h1.5V2a.5.5 0 0 1 .5-.5h2V0H2Zm2 10.5H2a.5.5 0 0 1-.5-.5V8H0v2a2 2 0 0 0 2 2h2v-1.5ZM8 12v-1.5h2a.5.5 0 0 0 .5-.5V8H12v2a2 2 0 0 1-2 2H8Zm2-12a2 2 0 0 1 2 2v2h-1.5V2a.5.5 0 0 0-.5-.5H8V0h2Z\" \/>\n\t\t\t<\/svg>\n\t\t<\/button><\/figure>\n\n\n\n<h2 class=\"wp-block-heading\"><span class=\"ez-toc-section\" id=\"Prakticka_prirucka_co_si_vziat_s_detmi_aj_v_hotovosti\"><\/span>Praktick\u00e1 pr\u00edru\u010dka: \u010do si vzia\u0165, s de\u0165mi aj v hotovosti<span class=\"ez-toc-section-end\"><\/span><\/h2>\n\n\n\n<p class=\"wp-block-paragraph\">Ne\u017e vyraz\u00ed\u0161, zaba\u013e si <strong>ve\u013ek\u00fd uter\u00e1k pod seba do sauny<\/strong>, preto\u017ee u na\u0161ich susedov sa saunuje z\u00e1sadne bez plaviek a uter\u00e1k mus\u00ed by\u0165 pod cel\u00fdm telom. Na pohyb medzi baz\u00e9nmi sa bud\u00fa hodi\u0165 \u0161\u013eapky a na samotn\u00e9 k\u00fapanie samozrejme plavky. Po\u017ei\u010danie pl\u00e1\u0161\u0165a alebo uter\u00e1ka na mieste je skoro v\u0161ade za poplatok, napr\u00edklad v Thermen &#038; Badewelt Sinsheim <strong>d\u00e1\u0161 za pl\u00e1\u0161\u0165 9 \u20ac a \u010fal\u0161\u00edch 40 \u20ac ako z\u00e1lohu<\/strong>. V Kristalltherme Bad Wilsnack \u0165a uter\u00e1k s pl\u00e1\u0161\u0165om vyjd\u00fa na 12 \u20ac a k tomu si priprav z\u00e1lohu 15 \u20ac.<\/p>\n\n\n\n<p class=\"wp-block-paragraph\">Pe\u0148a\u017eenku m\u00f4\u017ee\u0161 s pokojom necha\u0165 v skrinke, preto\u017ee vn\u00fatri sa <strong>plat\u00ed pomocou \u010dipu alebo n\u00e1ramku<\/strong>, ktor\u00fd dostane\u0161 pri vstupe. \u00da\u010det za jedlo aj pr\u00edpadn\u00e9 doplatky za dlh\u0161\u00ed pobyt vyrovn\u00e1\u0161 a\u017e na konci pri v\u00fdstupnej pokladni, pri\u010dom niektor\u00e9 are\u00e1ly maj\u00fa nastaven\u00e9 kreditn\u00e9 limity, ako napr\u00edklad Titania Neus\u00e4\u00df s limitom 50 \u20ac na dospel\u00e9ho. <strong>\ud83d\udca1 Tip:<\/strong> Ak term\u00e1ly nav\u0161tevuje\u0161 \u010dastej\u0161ie, sp\u00fdtaj sa na predplaten\u00e9 karty, preto\u017ee napr\u00edklad v Sinsheime z\u00edska\u0161 s kreditom 150 \u20ac rovno 5% z\u013eavu na vstupn\u00e9.<\/p>\n\n\n\n<p class=\"wp-block-paragraph\">Parkovanie b\u00fdva pri v\u00e4\u010d\u0161ine are\u00e1lov vyrie\u0161en\u00e9 ve\u013ekorys\u00fdmi parkoviskami, pri\u010dom niektor\u00e9 miesta myslia aj na karavany, \u010do pon\u00faka napr\u00edklad Adelindis Therme Bad Buchau. V takom Carolus Thermen Aachen <strong>zaplat\u00ed\u0161 za gar\u00e1\u017e pau\u0161\u00e1l 6 \u20ac<\/strong> na cel\u00fd \u010das n\u00e1v\u0161tevy a do baz\u00e9nov prejde\u0161 pohodlne rovno suchou nohou.<\/p>\n\n\n\n<p class=\"wp-block-paragraph\">Chce\u0161 pokoj? Potom <strong>vynechaj v\u00edkendy, \u0161t\u00e1tne sviatky a nemeck\u00e9 pr\u00e1zdniny<\/strong>, ke\u010f je v\u0161ade nielen najviac plno, ale \u010dasto sa platia aj v\u00edkendov\u00e9 pr\u00edplatky v rozmedz\u00ed 1,50 a\u017e 5 \u20ac. Niektor\u00e9 are\u00e1ly, ako je VitaSol Therme Bad Salzuflen, dokonca <strong>ukazuj\u00fa na webe aktu\u00e1lnu obsadenos\u0165<\/strong>, tak\u017ee si m\u00f4\u017ee\u0161 pred odchodom skontrolova\u0165 vo\u013en\u00e9 miesta. V Spreewald Therme Burg si potom m\u00f4\u017ee\u0161 za 7,50 \u20ac zarezervova\u0165 konkr\u00e9tne le\u017eadlo v pokojovej z\u00f3ne na cel\u00fd de\u0148 a ma\u0165 tak svoje miesto ist\u00e9.<\/p>\n\n\n\n<p class=\"wp-block-paragraph\">Rodiny s de\u0165mi by mali vopred starostlivo vybera\u0165, preto\u017ee <strong>niektor\u00e9 are\u00e1ly maj\u00fa pr\u00edsne vekov\u00e9 limity<\/strong> a stavia sk\u00f4r na tich\u00fd oddych dospel\u00fdch. Do Thermen &#038; Badewelt Sinsheim \u0165a pustia a\u017e od 16 rokov a napr\u00edklad Mineraltherme B\u00f6blingen nep\u00fa\u0161\u0165a deti mlad\u0161ie ako p\u00e4\u0165 rokov. Naopak v Therme Erding alebo v Titania Neus\u00e4\u00df s v\u00fdhodn\u00fdmi rodinn\u00fdmi tarifmi sa <strong>deti vy\u0161antia na tobog\u00e1noch a vlnobit\u00ed do s\u00fdtosti<\/strong>.<\/p>\n\n\n\n<p class=\"wp-block-paragraph\">Pred samotnou cestou ti odpor\u00fa\u010dam <strong>skontrolova\u0165 aktu\u00e1lny cenn\u00edk pre rok 2026<\/strong> a pr\u00edpadn\u00e9 technick\u00e9 odst\u00e1vky priamo na webe vybran\u00fdch k\u00fape\u013eov. Vyhne\u0161 sa tak zbyto\u010dn\u00e9mu sklamaniu na mieste, preto\u017ee napr\u00edklad vonkaj\u0161\u00ed term\u00e1lny baz\u00e9n v Bodensee-Therme Konstanz m\u00e1 rev\u00edziu a\u017e do 25. septembra 2026. Rovnako je dobr\u00e9 vedie\u0165, \u017ee <strong>v D\u00fcnen-Therme St. Peter-Ording je moment\u00e1lne mimo prev\u00e1dzky vlnobitie<\/strong> a ob\u013e\u00faben\u00e1 Turbo-Rutsche.<\/p>\n\n\n\n<h2 class=\"wp-block-heading\"><span class=\"ez-toc-section\" id=\"Kam_dalej_dalsie_clanky_o_termaloch_a_wellness\"><\/span>Kam \u010falej: \u010fal\u0161ie \u010dl\u00e1nky o term\u00e1loch a wellness<span class=\"ez-toc-section-end\"><\/span><\/h2>\n\n\n\n<ul class=\"wp-block-list\">\n\n<li><strong><a href=\"https:\/\/loudavymkrokem.cz\/sk\/wellness-hotely-nemecko\/\">Wellness hotely v Nemecku<\/a><\/strong> &#8211; pozri sa na na\u0161e tipy na tie najlep\u0161ie miesta pre relax u na\u0161ich susedov.<\/li>\n\n\n\n<li><strong><a href=\"https:\/\/loudavymkrokem.cz\/sk\/najlepsie-aquaparky-nemecko\/\">Najlep\u0161ie aquaparky v Nemecku<\/a><\/strong> &#8211; ak h\u013ead\u00e1\u0161 sk\u00f4r adrenal\u00edn a tobog\u00e1ny, tieto miesta \u0165a nadchn\u00fa.<\/li>\n\n\n\n<li><strong><a href=\"https:\/\/loudavymkrokem.cz\/sk\/najlepsie-termaly-cr\/\">Najlep\u0161ie term\u00e1ly a term\u00e1lne k\u00fapele v \u010cR<\/a><\/strong> &#8211; objav tie najkraj\u0161ie \u010desk\u00e9 are\u00e1ly, za ktor\u00fdmi nemus\u00ed\u0161 cestova\u0165 \u010faleko.<\/li>\n\n\n\n<li><strong><a href=\"https:\/\/loudavymkrokem.cz\/sk\/termaly-slovensko-najlepsie-kupele\/\">Term\u00e1ly Slovensko<\/a><\/strong> &#8211; zisti, kam vyrazi\u0165 za hor\u00facimi prame\u0148mi a oddychom doma na Slovensku.<\/li>\n\n\n\n<li><strong><a href=\"https:\/\/loudavymkrokem.cz\/sk\/wellness-hotely-rakusko\/\">Wellness hotely v Rak\u00fasku<\/a><\/strong> &#8211; in\u0161piruj sa n\u00e1dhern\u00fdmi rak\u00faskymi hotelmi, ktor\u00e9 sp\u00e1jaj\u00fa hory a luxusn\u00fa starostlivos\u0165.<\/li>\n\n\n\n<li><strong><a href=\"https:\/\/loudavymkrokem.cz\/sk\/zamok-neuschwanstein-nemecko\/\">Z\u00e1mok Neuschwanstein<\/a><\/strong> &#8211; pre\u010d\u00edtaj si o rozpr\u00e1vkovom z\u00e1mku, preto\u017ee K\u00f6nigliche Kristall-Therme vo Schwangau stoj\u00ed priamo pod n\u00edm.<\/li>\n\n\n<\/ul>\n\n\n\n<h2 class=\"wp-block-heading\"><span class=\"ez-toc-section\" id=\"Casto_kladene_otazky\"><\/span>\u010casto kladen\u00e9 ot\u00e1zky<span class=\"ez-toc-section-end\"><\/span><\/h2>\n\n\n\n<p class=\"wp-block-paragraph\">M\u00e1\u0161 k n\u00e1v\u0161teve nemeck\u00fdch k\u00fape\u013eov e\u0161te nejak\u00e9 dopl\u0148uj\u00face ot\u00e1zky? Pripravila som pre teba zhrnutie t\u00fdch naj\u010dastej\u0161\u00edch ot\u00e1zok, ktor\u00e9 ti u\u013eah\u010dia pl\u00e1novanie tvojej cesty.<\/p>\n\n\n<div id=\"rank-math-faq\" class=\"rank-math-block\">\n<div class=\"rank-math-list \">\n<div id=\"faq-question-1788420581000\" class=\"rank-math-list-item\">\n<h3 class=\"rank-math-question \"><span class=\"ez-toc-section\" id=\"Aky_je_najvacsi_termal_v_Nemecku\"><\/span>Ak\u00fd je najv\u00e4\u010d\u0161\u00ed term\u00e1l v Nemecku?<span class=\"ez-toc-section-end\"><\/span><\/h3>\n<div class=\"rank-math-answer \">\n\n<p>Titul najv\u00e4\u010d\u0161ieho term\u00e1lu v Nemecku dr\u017e\u00ed Therme Erding. Pod\u013ea ofici\u00e1lnej webovej str\u00e1nky tam najdete 40 baz\u00e9nov, 38 s\u00e1un a parn\u00fdch k\u00fape\u013eov a hne\u010f 28 toboganov o celkovej d\u013a\u017eke viac ako 2 850 metrov. Je to obrovsk\u00fd komplex, ktor\u00fd sa rozprestiera na obrovskej ploche a pon\u00faka vy\u017eitie na cel\u00fd de\u0148 pre dospel\u00fdch aj deti.<\/p>\n\n<\/div>\n<\/div>\n<div id=\"faq-question-1788420581001\" class=\"rank-math-list-item\">\n<h3 class=\"rank-math-question \"><span class=\"ez-toc-section\" id=\"Kolko_stoji_vstup_do_nemeckeho_termalu\"><\/span>Ko\u013eko stoj\u00ed vstup do nemeck\u00e9ho term\u00e1lu?<span class=\"ez-toc-section-end\"><\/span><\/h3>\n<div class=\"rank-math-answer \">\n\n<p>Cenov\u00e1 hladina pre rok 2026 sa typicky pohybuje medzi 13 a\u017e 21 \u20ac za dve hodiny k\u00fapania. Za celodenn\u00fd vstup zaplat\u00edte v\u00e4\u010d\u0161inou od 18 do 37 \u20ac. Najdrah\u0161ie v na\u0161om preh\u013eade s\u00fa k\u00fapele Therme Bad W\u00f6rishofen, kde celodenn\u00e1 vstupenka vyjde na 51 \u20ac. Ak chcete nav\u0161t\u00edvi\u0165 aj saunov\u00fd svet, po\u010d\u00edtajte s pr\u00edplatkom pribli\u017ene 5 a\u017e 10 \u20ac.<\/p>\n\n<\/div>\n<\/div>\n<div id=\"faq-question-1788420581002\" class=\"rank-math-list-item\">\n<h3 class=\"rank-math-question \"><span class=\"ez-toc-section\" id=\"Musi_sa_v_nemeckej_saune_chodit_nahy\"><\/span>Mus\u00ed sa v nemeckej saune chodi\u0165 nah\u00fd?<span class=\"ez-toc-section-end\"><\/span><\/h3>\n<div class=\"rank-math-answer \">\n\n<p>\u00c1no, do s\u00e1un sa v Nemecku chod\u00ed striktne bez plaviek. Nezabudnite si preto vzia\u0165 ve\u013ek\u00fd uter\u00e1k alebo plachtu, preto\u017ee pod sebou mus\u00edte ma\u0165 podlo\u017een\u00e9 cel\u00e9 telo, vr\u00e1tane chodidiel. Ak sa hanb\u00edte, m\u00f4\u017eete sa do sauny zabali\u0165, ale v mokr\u00fdch plavk\u00e1ch v\u00e1s tam plav\u010d\u00edci z hygienick\u00fdch d\u00f4vodov nepustia.<\/p>\n\n<\/div>\n<\/div>\n<div id=\"faq-question-1788420581003\" class=\"rank-math-list-item\">\n<h3 class=\"rank-math-question \"><span class=\"ez-toc-section\" id=\"Ktore_nemecke_termaly_su_najblizsie_k_slovenskej_hranici\"><\/span>Ktor\u00e9 nemeck\u00e9 term\u00e1ly s\u00fa najbli\u017e\u0161ie k slovenskej hranici?<span class=\"ez-toc-section-end\"><\/span><\/h3>\n<div class=\"rank-math-answer \">\n\n<p>Z v\u00fdchodn\u00e9ho Slovenska sa naj\u013eah\u0161ie dostanete do term\u00e1lov v Bavorsku alebo Rak\u00fasku. Z Bratislavy sa d\u00e1 pohodlne dorazi\u0165 do l\u00e1zn\u00ed Bad F\u00fcssing a Bad Griesbach, ktor\u00e9 le\u017eia v Dolnom Bavorsku. Zo stredn\u00e9ho a severn\u00e9ho Slovenska s\u00fa tie\u017e dobre dostupn\u00e9 rak\u00faske term\u00e1ly alebo bavorsk\u00e9 k\u00fapele cez Passau.<\/p>\n\n<\/div>\n<\/div>\n<div id=\"faq-question-1788420581004\" class=\"rank-math-list-item\">\n<h3 class=\"rank-math-question \"><span class=\"ez-toc-section\" id=\"Mozu_do_nemeckych_termalov_deti\"><\/span>M\u00f4\u017eu do nemeck\u00fdch term\u00e1lov deti?<span class=\"ez-toc-section-end\"><\/span><\/h3>\n<div class=\"rank-math-answer \">\n\n<p>Z\u00e1le\u017e\u00ed na konkr\u00e9tnom are\u00e1li, preto\u017ee mnoh\u00e9 z nich sa zameriavaj\u00fa sk\u00f4r na dospel\u00fdch. Napr\u00edklad do Thermen &amp; Badewelt Sinsheim smie ml\u00e1de\u017e a\u017e od 16 rokov a Mineraltherme B\u00f6blingen nepust\u00ed deti pod 5 rokov. Naopak Therme Erding alebo Titania Neus\u00e4\u00df s\u00fa pre rodiny s de\u0165mi ako stvoren\u00e9 a pon\u00fakaj\u00fa rodinn\u00e9 tarify aj atrakcie.<\/p>\n\n<\/div>\n<\/div>\n<div id=\"faq-question-1788420581005\" class=\"rank-math-list-item\">\n<h3 class=\"rank-math-question \"><span class=\"ez-toc-section\" id=\"Co_znamena_Bademantelgang\"><\/span>\u010co znamen\u00e1 Bademantelgang?<span class=\"ez-toc-section-end\"><\/span><\/h3>\n<div class=\"rank-math-answer \">\n\n<p>Slovo Bademantelgang ozna\u010duje vyhrievan\u00fa chodbu, ktor\u00e1 sp\u00e1ja vybran\u00e9 ubytovanie priamo s term\u00e1lnym are\u00e1lom. V\u010faka tomu sa m\u00f4\u017eete prevliec\u0165 do plaviek a \u017eupanu u\u017e v pohodl\u00ed svojej hotelovej izby a prejs\u0165 do baz\u00e9nov takzvanou suchou nohou. Odpad\u00e1 v\u00e1m t\u00fdm p\u00e1dom nutnos\u0165 vyu\u017e\u00edva\u0165 spolo\u010dn\u00e9 \u0161atne a skrinky v k\u00fape\u013eoch.<\/p>\n\n<\/div>\n<\/div>\n<div id=\"faq-question-1788420581006\" class=\"rank-math-list-item\">\n<h3 class=\"rank-math-question \"><span class=\"ez-toc-section\" id=\"Musim_si_vziat_vlastny_uterak_a_zupan\"><\/span>Mus\u00edm si vzia\u0165 vlastn\u00fd uter\u00e1k a \u017eupan?<span class=\"ez-toc-section-end\"><\/span><\/h3>\n<div class=\"rank-math-answer \">\n\n<p>Vlastn\u00e9 vybavenie si priba\u013ete, preto\u017ee po\u017ei\u010danie pl\u00e1\u0161\u0165a a uter\u00e1ka je v nemeck\u00fdch term\u00e1loch takmer v\u017edy spoplatnen\u00e9 a vy\u017eaduje z\u00e1lohu. Napr\u00edklad v Kristalltherme Bad Wilsnack zaplat\u00edte za uter\u00e1k 5 \u20ac a za pl\u00e1\u0161\u0165 7 \u20ac, pri\u010dom nech\u00e1te e\u0161te z\u00e1lohu 15 \u20ac. Zbyto\u010dne by sa v\u00e1m tak n\u00e1v\u0161teva predra\u017eila.<\/p>\n\n<\/div>\n<\/div>\n<div id=\"faq-question-1788420581007\" class=\"rank-math-list-item\">\n<h3 class=\"rank-math-question \"><span class=\"ez-toc-section\" id=\"Kedy_je_v_nemeckych_termaloch_najmensia_navstevnost\"><\/span>Kedy je v nemeck\u00fdch term\u00e1loch najmen\u0161ia n\u00e1v\u0161tevnos\u0165?<span class=\"ez-toc-section-end\"><\/span><\/h3>\n<div class=\"rank-math-answer \">\n\n<p>Najv\u00e4\u010d\u0161\u00ed pokoj si u\u017eijete po\u010das v\u0161edn\u00fdch dn\u00ed, ide\u00e1lne hne\u010f po rannom otvoren\u00ed alebo naopak vo ve\u010dern\u00fdch hodin\u00e1ch. Rozhodne sa vyhnite v\u00edkendom, \u0161t\u00e1tnym sviatkom a term\u00ednom nemeck\u00fdch \u0161kolsk\u00fdch pr\u00e1zdnin. Mnoh\u00e9 k\u00fapele navy\u0161e cez v\u00edkendy \u00fa\u010dtuj\u00fa pr\u00edplatky k vstupn\u00e9mu, obvykle v rozmedz\u00ed 1,50 a\u017e 5 \u20ac, tak\u017ee n\u00e1v\u0161tevou vo v\u0161edn\u00fd de\u0148 aj u\u0161etr\u00edte.<\/p>\n\n<\/div>\n<\/div>\n<div id=\"faq-question-1788420581008\" class=\"rank-math-list-item\">\n<h3 class=\"rank-math-question \"><span class=\"ez-toc-section\" id=\"Plati_sa_v_Nemecku_kupelny_poplatok\"><\/span>Plat\u00ed sa v Nemecku k\u00fape\u013en\u00fd poplatok?<span class=\"ez-toc-section-end\"><\/span><\/h3>\n<div class=\"rank-math-answer \">\n\n<p>\u00c1no, ak sa ubytujete v tradi\u010dnom k\u00fape\u013enom meste, zaplat\u00edte pobytov\u00fa taxu neboli Kurbeitrag. V\u00fdmenou za to v\u0161ak zvy\u010dajne z\u00edskate hos\u0165ovsk\u00fa kartu, ktor\u00e1 v\u00e1m zaist\u00ed z\u013eavy na vstupy. Napr\u00edklad hostia ubytovan\u00ed v okol\u00ed Havel Therme Werder maj\u00fa vo v\u0161edn\u00e9 dni n\u00e1rok na z\u013eavnen\u00fd vstup, sta\u010d\u00ed len uk\u00e1za\u0165 kartu na pokladni.<\/p>\n\n<\/div>\n<\/div>\n<div id=\"faq-question-1788420581009\" class=\"rank-math-list-item\">\n<h3 class=\"rank-math-question \"><span class=\"ez-toc-section\" id=\"Ktory_nemecky_termal_sa_hodi_najviac_pre_rodiny_s_detmi\"><\/span>Ktor\u00fd nemeck\u00fd term\u00e1l sa hod\u00ed najviac pre rodiny s de\u0165mi?<span class=\"ez-toc-section-end\"><\/span><\/h3>\n<div class=\"rank-math-answer \">\n\n<p>Jednozna\u010dne najlep\u0161ou vo\u013ebou pre rodiny je Therme Erding, kde sa deti vy\u0161antia na 28 tobog\u00e1noch a vo ve\u013ekom vlnobit\u00ed. Skvel\u00e9 s\u00fa aj k\u00fapele Spreewelten Bad L\u00fcbbenau, kde m\u00f4\u017eete cez presklen\u00fa stenu v baz\u00e9ne pozorova\u0165 \u017eiv\u00e9 tu\u010dniaky. V\u00fdborn\u00e9 z\u00e1zemie pon\u00faka aj Titania Neus\u00e4\u00df alebo D\u00fcnen-Therme St. Peter-Ording, ktor\u00e9 maj\u00fa pripraven\u00e9 v\u00fdhodn\u00e9 detsk\u00e9 tarify.<\/p>\n\n<\/div>\n<\/div>\n<\/div>\n<\/div>","protected":false},"excerpt":{"rendered":"<p>Kompletn\u00fd preh\u013ead 51 nemeck\u00fdch term\u00e1lov pod\u013ea spolkov\u00fdch kraj\u00edn: ceny 2026, kde sa chod\u00ed bez plaviek a kde spa\u0165 rovno pri baz\u00e9ne.<\/p>\n","protected":false},"author":3,"featured_media":415526,"comment_status":"open","ping_status":"open","sticky":false,"template":"","format":"standard","meta":{"_acf_changed":false,"footnotes":"","rank_math_title":"Term\u00e1ly v Nemecku: 51 najlep\u0161\u00edch tipov 2026","rank_math_description":"Objav 51 najlep\u0161\u00edch term\u00e1lov v Nemecku s cenami 2026, saunovou etiketou aj tipmi na hotely s Bademantelgangom. Napl\u00e1nuj si dokonal\u00fd wellness \u00fanik e\u0161te dnes!","rank_math_focus_keyword":"term\u00e1ly v Nemecku","rank_math_seo_score":""},"categories":[952,955,227],"tags":[],"class_list":["post-417850","post","type-post","status-publish","format-standard","has-post-thumbnail","category-cestovanie","category-europa","category-nemecko"],"acf":[],"featured_image_src":"https:\/\/loudavymkrokem.cz\/wp-content\/uploads\/2026\/09\/nemecko-clanky-termaly-nemecko-featured-c2c297a7.jpg","author_info":{"display_name":"Lucie Kone\u010dn\u00e1","author_link":"https:\/\/loudavymkrokem.cz\/sk\/author\/lucie-konecna\/"},"_links":{"self":[{"href":"https:\/\/loudavymkrokem.cz\/sk\/wp-json\/wp\/v2\/posts\/417850","targetHints":{"allow":["GET"]}}],"collection":[{"href":"https:\/\/loudavymkrokem.cz\/sk\/wp-json\/wp\/v2\/posts"}],"about":[{"href":"https:\/\/loudavymkrokem.cz\/sk\/wp-json\/wp\/v2\/types\/post"}],"author":[{"embeddable":true,"href":"https:\/\/loudavymkrokem.cz\/sk\/wp-json\/wp\/v2\/users\/3"}],"replies":[{"embeddable":true,"href":"https:\/\/loudavymkrokem.cz\/sk\/wp-json\/wp\/v2\/comments?post=417850"}],"version-history":[{"count":2,"href":"https:\/\/loudavymkrokem.cz\/sk\/wp-json\/wp\/v2\/posts\/417850\/revisions"}],"predecessor-version":[{"id":417852,"href":"https:\/\/loudavymkrokem.cz\/sk\/wp-json\/wp\/v2\/posts\/417850\/revisions\/417852"}],"wp:featuredmedia":[{"embeddable":true,"href":"https:\/\/loudavymkrokem.cz\/sk\/wp-json\/wp\/v2\/media\/415526"}],"wp:attachment":[{"href":"https:\/\/loudavymkrokem.cz\/sk\/wp-json\/wp\/v2\/media?parent=417850"}],"wp:term":[{"taxonomy":"category","embeddable":true,"href":"https:\/\/loudavymkrokem.cz\/sk\/wp-json\/wp\/v2\/categories?post=417850"},{"taxonomy":"post_tag","embeddable":true,"href":"https:\/\/loudavymkrokem.cz\/sk\/wp-json\/wp\/v2\/tags?post=417850"}],"curies":[{"name":"wp","href":"https:\/\/api.w.org\/{rel}","templated":true}]}}