{"id":417847,"date":"2026-09-03T16:56:24","date_gmt":"2026-09-03T14:56:24","guid":{"rendered":"https:\/\/loudavymkrokem.cz\/dovolenka-malta-tipy\/"},"modified":"2026-09-05T18:28:08","modified_gmt":"2026-09-05T16:28:08","slug":"dovolenka-malta-tipy","status":"publish","type":"post","link":"https:\/\/loudavymkrokem.cz\/sk\/dovolenka-malta-tipy\/","title":{"rendered":"Dovolenka Malta: 24 tipov, \u010do vidie\u0165 a robi\u0165 v roku 2026"},"content":{"rendered":"\n<!-- lk-tldr -->\n<div class=\"lk-tldr\" style=\"background:#f7f5f0;border-left:4px solid #c39f76;border-radius:0 10px 10px 0;padding:14px 18px;margin:0 0 26px;font-size:15px;line-height:1.65;\"><strong style=\"display:block;font-size:12px;text-transform:uppercase;letter-spacing:.06em;color:#a9885a;margin-bottom:5px;\">TL;DR<\/strong>Malta je najmen\u0161\u00ed \u0161t\u00e1t E\u00da, ale zmest\u00ed sa do nej viac hist\u00f3rie ne\u017e do v\u00e4\u010d\u0161iny ve\u013ek\u00fdch kraj\u00edn a z Bratislavy tam dolet\u00ed\u0161 za necel\u00e9 dve hodiny. <strong>Valletta<\/strong> je cel\u00e1 na zozname UNESCO, <strong>Mdina<\/strong> je tich\u00e9 mesto za hradbami a <strong>megalitick\u00e9 chr\u00e1my<\/strong> s\u00fa star\u0161ie ne\u017e pyram\u00eddy. Najlep\u0161ie mesiace s\u00fa <strong>m\u00e1j, j\u00fan, september a okt\u00f3ber<\/strong>, v j\u00fali a auguste b\u00fdva okolo 30 \u00b0C a takmer nepr\u0161\u00ed, more je najteplej\u0161ie v auguste (27,8 \u00b0C) a v okt\u00f3bri m\u00e1 st\u00e1le 25 \u00b0C. \u26a0\ufe0f Malta nem\u00e1 takmer \u017eiadne pieso\u010dnat\u00e9 pl\u00e1\u017ee, k\u00fape sa hlavne zo sk\u00e1l a plo\u0161\u00edn. Angli\u010dtina je \u00faradn\u00fd jazyk, plat\u00ed sa eurom a jazd\u00ed sa v\u013eavo.<\/div>\n<!-- \/lk-tldr -->\n\n\n\n<!-- lk-navbar -->\n<div class=\"lk-navbar\" style=\"margin:0 0 28px;\"><div style=\"font-size:12px;text-transform:uppercase;letter-spacing:.06em;color:#a9885a;font-weight:700;margin-bottom:9px;\">R\u00fdchle odkazy<\/div><div style=\"display:flex;flex-wrap:wrap;gap:9px;\"><a href=\"#Kedy_ist_na_Maltu_pocasie_mesiac_po_mesiaci\" style=\"background:#c39f76;color:#fff;border:1px solid #c39f76;font-weight:700;padding:9px 15px;border-radius:22px;font-size:14px;text-decoration:none;display:inline-block;line-height:1;\">\ud83c\udf21\ufe0f Kedy \u00eds\u0165<\/a><a href=\"#Co_vidiet_na_Malte_24_tipov_ktore_stoja_za_tvoj_cas\" style=\"background:#fff;color:#6b5a44;border:1px solid #e2d6c1;font-weight:600;padding:9px 15px;border-radius:22px;font-size:14px;text-decoration:none;display:inline-block;line-height:1;\">\ud83d\udccd 24 tipov<\/a><a href=\"#Kde_sa_ubytovat_na_Malte_najlepsie_oblasti_a_konkretne_hotely\" style=\"background:#fff;color:#6b5a44;border:1px solid #e2d6c1;font-weight:600;padding:9px 15px;border-radius:22px;font-size:14px;text-decoration:none;display:inline-block;line-height:1;\">\ud83c\udfe8 Kde b\u00fdva\u0165<\/a><a href=\"#Co_jest_na_Malte_sprievodca_pre_vegetarianov_aj_ostatnych\" style=\"background:#fff;color:#6b5a44;border:1px solid #e2d6c1;font-weight:600;padding:9px 15px;border-radius:22px;font-size:14px;text-decoration:none;display:inline-block;line-height:1;\">\ud83c\udf7d\ufe0f \u010co jes\u0165<\/a><a href=\"#Doprava_po_Malte_autobusy_trajekt_a_auto\" style=\"background:#fff;color:#6b5a44;border:1px solid #e2d6c1;font-weight:600;padding:9px 15px;border-radius:22px;font-size:14px;text-decoration:none;display:inline-block;line-height:1;\">\ud83d\ude8c Doprava<\/a><a href=\"#Kolko_stoji_dovolenka_na_Malte\" style=\"background:#fff;color:#6b5a44;border:1px solid #e2d6c1;font-weight:600;padding:9px 15px;border-radius:22px;font-size:14px;text-decoration:none;display:inline-block;line-height:1;\">\ud83d\udcb0 Ceny<\/a><a href=\"#Casto_kladene_otazky\" style=\"background:#fff;color:#6b5a44;border:1px solid #e2d6c1;font-weight:600;padding:9px 15px;border-radius:22px;font-size:14px;text-decoration:none;display:inline-block;line-height:1;\">\u2753 FAQ<\/a><\/div><\/div>\n<!-- \/lk-navbar -->\n\n\n\n<p class=\"wp-block-paragraph\">Malta je jeden z najmen\u0161\u00edch \u0161t\u00e1tov na svete, ale na tak\u00fa mal\u00fa plochu sa vraj zmest\u00ed viac pamiatok a hist\u00f3rie ne\u017e do v\u00e4\u010d\u0161iny obrovsk\u00fdch kraj\u00edn. Navy\u0161e tam z Bratislavy <strong>priamym letom prelet\u00ed\u0161 za necel\u00e9 dve hodiny<\/strong>, tak\u017ee sa vyhne\u0161 zd\u013ahav\u00e9mu cestovaniu a m\u00f4\u017ee\u0161 za\u010da\u0165 objavova\u0165 takmer okam\u017eite. Z lietadla vyst\u00fapi\u0161 do pr\u00edjemn\u00e9ho tepla, za\u010duje\u0161 v\u0161adepr\u00edtomn\u00fa angli\u010dtinu a hne\u010f zist\u00ed\u0161, \u017ee na cest\u00e1ch sa jazd\u00ed v\u013eavo.<\/p>\n\n\n\n<p class=\"wp-block-paragraph\">Ak \u0165a l\u00e1ka <strong>dovolenka na Malte<\/strong>, narazil si na ten spr\u00e1vny \u010dl\u00e1nok pln\u00fd praktick\u00fdch inform\u00e1ci\u00ed. Zostavila som pre teba podrobn\u00e9ho sprievodcu, kde spolo\u010dne rozoberieme, <strong>\u010do vidie\u0165 na Malte<\/strong>, ak\u00e9 miesta rozhodne nevynecha\u0165 a na \u010do si da\u0165 pri pl\u00e1novan\u00ed pozor. Cestovatelia si toto s\u00faostrovie pochva\u013euj\u00fa pre jeho neuverite\u013en\u00fa rozmanitos\u0165, v ktorej sa mie\u0161aj\u00fa starovek\u00e9 chr\u00e1my s priezra\u010dn\u00fdm Stredozemn\u00fdm morom.<\/p>\n\n\n\n<p class=\"wp-block-paragraph\">V nasleduj\u00facich riadkoch n\u00e1jde\u0161 presne <strong>24 tipov na v\u00fdlety a aktivity<\/strong>, ale aj podrobn\u00fa tabu\u013eku po\u010dasia mesiac po mesiaci vych\u00e1dzaj\u00facu z desa\u0165ro\u010dn\u00fdch d\u00e1t. Porad\u00edm ti s v\u00fdberom strategick\u00e9ho ubytovania, prejdeme fungovanie miestnej dopravy, orienta\u010dn\u00e9 ceny a prid\u00e1m aj odpor\u00fa\u010dania na skvel\u00e9 jedlo pre vegetari\u00e1nov.<\/p>\n\n\n\n<figure data-wp-context=\"{&quot;imageId&quot;:&quot;6a9c5fe1960bb&quot;}\" data-wp-interactive=\"core\/image\" data-wp-key=\"6a9c5fe1960bb\" class=\"wp-block-image size-full wp-lightbox-container\"><img decoding=\"async\" width=\"1500\" height=\"1000\" data-wp-class--hide=\"state.isContentHidden\" data-wp-class--show=\"state.isContentVisible\" data-wp-init=\"callbacks.setButtonStyles\" data-wp-on--click=\"actions.showLightbox\" data-wp-on--load=\"callbacks.setButtonStyles\" data-wp-on--pointerdown=\"actions.preloadImage\" data-wp-on--pointerenter=\"actions.preloadImageWithDelay\" data-wp-on--pointerleave=\"actions.cancelPreload\" data-wp-on-window--resize=\"callbacks.setButtonStyles\" src=\"https:\/\/loudavymkrokem.cz\/wp-content\/uploads\/2026\/08\/dovolena-malta-uvod.jpg\" alt=\"Farebn\u00e9 balk\u00f3ny v uli\u010dk\u00e1ch Valletty\" class=\"wp-image-399631\" title=\"\" srcset=\"https:\/\/loudavymkrokem.cz\/wp-content\/uploads\/2026\/08\/dovolena-malta-uvod.jpg 1500w, https:\/\/loudavymkrokem.cz\/wp-content\/uploads\/2026\/08\/dovolena-malta-uvod-300x200.jpg 300w, https:\/\/loudavymkrokem.cz\/wp-content\/uploads\/2026\/08\/dovolena-malta-uvod-700x467.jpg 700w, https:\/\/loudavymkrokem.cz\/wp-content\/uploads\/2026\/08\/dovolena-malta-uvod-768x512.jpg 768w, https:\/\/loudavymkrokem.cz\/wp-content\/uploads\/2026\/08\/dovolena-malta-uvod-696x464.jpg 696w, https:\/\/loudavymkrokem.cz\/wp-content\/uploads\/2026\/08\/dovolena-malta-uvod-1392x928.jpg 1392w\" sizes=\"(max-width: 1500px) 100vw, 1500px\" \/><button\n\t\t\tclass=\"lightbox-trigger\"\n\t\t\ttype=\"button\"\n\t\t\taria-haspopup=\"dialog\"\n\t\t\tdata-wp-bind--aria-label=\"state.thisImage.triggerButtonAriaLabel\"\n\t\t\tdata-wp-init=\"callbacks.initTriggerButton\"\n\t\t\tdata-wp-on--click=\"actions.showLightbox\"\n\t\t\tdata-wp-style--right=\"state.thisImage.buttonRight\"\n\t\t\tdata-wp-style--top=\"state.thisImage.buttonTop\"\n\t\t>\n\t\t\t<svg xmlns=\"http:\/\/www.w3.org\/2000\/svg\" width=\"12\" height=\"12\" fill=\"none\" viewBox=\"0 0 12 12\">\n\t\t\t\t<path fill=\"#fff\" d=\"M2 0a2 2 0 0 0-2 2v2h1.5V2a.5.5 0 0 1 .5-.5h2V0H2Zm2 10.5H2a.5.5 0 0 1-.5-.5V8H0v2a2 2 0 0 0 2 2h2v-1.5ZM8 12v-1.5h2a.5.5 0 0 0 .5-.5V8H12v2a2 2 0 0 1-2 2H8Zm2-12a2 2 0 0 1 2 2v2h-1.5V2a.5.5 0 0 0-.5-.5H8V0h2Z\" \/>\n\t\t\t<\/svg>\n\t\t<\/button><figcaption class=\"wp-element-caption\">Farebn\u00e9 balk\u00f3ny v uli\u010dk\u00e1ch Valletty (Foto: This photo was taken by Anton Zelenov.\nPlease credit this wi \/ Wikimedia Commons, CC BY-SA 4.0)<\/figcaption><\/figure>\n\n\n\n<div id=\"ez-toc-container\" class=\"ez-toc-v2_0_87 ez-toc-wrap-left counter-hierarchy ez-toc-counter ez-toc-grey ez-toc-container-direction\">\n<div class=\"ez-toc-title-container\">\n<p class=\"ez-toc-title\" style=\"cursor:inherit\">Obsah \u010dl\u00e1nku<\/p>\n<span class=\"ez-toc-title-toggle\"><a href=\"#\" class=\"ez-toc-pull-right ez-toc-btn ez-toc-btn-xs ez-toc-btn-default ez-toc-toggle\" aria-label=\"Toggle Table of Content\"><span class=\"ez-toc-js-icon-con\"><span class=\"\"><span class=\"eztoc-hide\" style=\"display:none;\">Toggle<\/span><span class=\"ez-toc-icon-toggle-span\"><svg style=\"fill: #999;color:#999\" xmlns=\"http:\/\/www.w3.org\/2000\/svg\" class=\"list-377408\" width=\"20px\" height=\"20px\" viewBox=\"0 0 24 24\" fill=\"none\"><path d=\"M6 6H4v2h2V6zm14 0H8v2h12V6zM4 11h2v2H4v-2zm16 0H8v2h12v-2zM4 16h2v2H4v-2zm16 0H8v2h12v-2z\" fill=\"currentColor\"><\/path><\/svg><svg style=\"fill: #999;color:#999\" class=\"arrow-unsorted-368013\" xmlns=\"http:\/\/www.w3.org\/2000\/svg\" width=\"10px\" height=\"10px\" viewBox=\"0 0 24 24\" version=\"1.2\" baseProfile=\"tiny\"><path d=\"M18.2 9.3l-6.2-6.3-6.2 6.3c-.2.2-.3.4-.3.7s.1.5.3.7c.2.2.4.3.7.3h11c.3 0 .5-.1.7-.3.2-.2.3-.5.3-.7s-.1-.5-.3-.7zM5.8 14.7l6.2 6.3 6.2-6.3c.2-.2.3-.5.3-.7s-.1-.5-.3-.7c-.2-.2-.4-.3-.7-.3h-11c-.3 0-.5.1-.7.3-.2.2-.3.5-.3.7s.1.5.3.7z\"\/><\/svg><\/span><\/span><\/span><\/a><\/span><\/div>\n<nav><ul class='ez-toc-list ez-toc-list-level-1 ' ><li class='ez-toc-page-1 ez-toc-heading-level-2'><a class=\"ez-toc-link ez-toc-heading-1\" href=\"https:\/\/loudavymkrokem.cz\/sk\/dovolenka-malta-tipy\/#Zhrnutie_ak_nestihas_citat_cely_clanok\" >Zhrnutie, ak nest\u00edha\u0161 \u010d\u00edta\u0165 cel\u00fd \u010dl\u00e1nok<\/a><\/li><li class='ez-toc-page-1 ez-toc-heading-level-2'><a class=\"ez-toc-link ez-toc-heading-2\" href=\"https:\/\/loudavymkrokem.cz\/sk\/dovolenka-malta-tipy\/#Preco_ist_na_Maltu_a_pre_koho_sa_naopak_nehodi\" >Pre\u010do \u00eds\u0165 na Maltu (a pre koho sa naopak nehod\u00ed)<\/a><ul class='ez-toc-list-level-3' ><li class='ez-toc-heading-level-3'><a class=\"ez-toc-link ez-toc-heading-3\" href=\"https:\/\/loudavymkrokem.cz\/sk\/dovolenka-malta-tipy\/#6_dovodov_preco_si_Maltu_zamilujes\" >6 d\u00f4vodov, pre\u010do si Maltu zamiluje\u0161<\/a><\/li><li class='ez-toc-page-1 ez-toc-heading-level-3'><a class=\"ez-toc-link ez-toc-heading-4\" href=\"https:\/\/loudavymkrokem.cz\/sk\/dovolenka-malta-tipy\/#Komu_Malta_nesadne\" >Komu Malta nesadne<\/a><\/li><\/ul><\/li><li class='ez-toc-page-1 ez-toc-heading-level-2'><a class=\"ez-toc-link ez-toc-heading-5\" href=\"https:\/\/loudavymkrokem.cz\/sk\/dovolenka-malta-tipy\/#Kedy_ist_na_Maltu_pocasie_mesiac_po_mesiaci\" >Kedy \u00eds\u0165 na Maltu: po\u010dasie mesiac po mesiaci<\/a><ul class='ez-toc-list-level-3' ><li class='ez-toc-heading-level-3'><a class=\"ez-toc-link ez-toc-heading-6\" href=\"https:\/\/loudavymkrokem.cz\/sk\/dovolenka-malta-tipy\/#Najlepsie_mesiace_podla_typu_dovolenky\" >Najlep\u0161ie mesiace pod\u013ea typu dovolenky<\/a><\/li><li class='ez-toc-page-1 ez-toc-heading-level-3'><a class=\"ez-toc-link ez-toc-heading-7\" href=\"https:\/\/loudavymkrokem.cz\/sk\/dovolenka-malta-tipy\/#Zima_na_Malte_ma_to_zmysel\" >Zima na Malte: m\u00e1 to zmysel?<\/a><\/li><\/ul><\/li><li class='ez-toc-page-1 ez-toc-heading-level-2'><a class=\"ez-toc-link ez-toc-heading-8\" href=\"https:\/\/loudavymkrokem.cz\/sk\/dovolenka-malta-tipy\/#Co_vidiet_na_Malte_24_tipov_ktore_stoja_za_tvoj_cas\" >\u010co vidie\u0165 na Malte: 24 tipov, ktor\u00e9 stoja za tvoj \u010das<\/a><ul class='ez-toc-list-level-3' ><li class='ez-toc-heading-level-3'><a class=\"ez-toc-link ez-toc-heading-9\" href=\"https:\/\/loudavymkrokem.cz\/sk\/dovolenka-malta-tipy\/#1_Valletta_najmensie_hlavne_mesto_EU\" >1. Valletta: najmen\u0161ie hlavn\u00e9 mesto E\u00da<\/a><\/li><li class='ez-toc-page-1 ez-toc-heading-level-3'><a class=\"ez-toc-link ez-toc-heading-10\" href=\"https:\/\/loudavymkrokem.cz\/sk\/dovolenka-malta-tipy\/#2_Konkatedrala_svateho_Jana_baroko_ktore_vyrazi_dych\" >2. Konkatedr\u00e1la sv\u00e4t\u00e9ho J\u00e1na: baroko, ktor\u00e9 vyraz\u00ed dych<\/a><\/li><li class='ez-toc-page-1 ez-toc-heading-level-3'><a class=\"ez-toc-link ez-toc-heading-11\" href=\"https:\/\/loudavymkrokem.cz\/sk\/dovolenka-malta-tipy\/#3_Upper_Barrakka_Gardens_a_poludnajsia_salva\" >3. Upper Barrakka Gardens a polud\u0148aj\u0161ia salva<\/a><\/li><li class='ez-toc-page-1 ez-toc-heading-level-3'><a class=\"ez-toc-link ez-toc-heading-12\" href=\"https:\/\/loudavymkrokem.cz\/sk\/dovolenka-malta-tipy\/#4_Grand_Harbour_prirodny_pristav_ktory_zmenil_dejiny\" >4. Grand Harbour: pr\u00edrodn\u00fd pr\u00edstav, ktor\u00fd zmenil dejiny<\/a><\/li><li class='ez-toc-page-1 ez-toc-heading-level-3'><a class=\"ez-toc-link ez-toc-heading-13\" href=\"https:\/\/loudavymkrokem.cz\/sk\/dovolenka-malta-tipy\/#5_Tri_mesta_Vittoriosa_Senglea_a_Cospicua\" >5. Tri mest\u00e1: Vittoriosa, Senglea a Cospicua<\/a><\/li><li class='ez-toc-page-1 ez-toc-heading-level-3'><a class=\"ez-toc-link ez-toc-heading-14\" href=\"https:\/\/loudavymkrokem.cz\/sk\/dovolenka-malta-tipy\/#6_Sliema_a_St_Julians_promenada_nakupy_a_nocny_zivot\" >6. Sliema a St Julian&#8217;s: promen\u00e1da, n\u00e1kupy a no\u010dn\u00fd \u017eivot<\/a><\/li><li class='ez-toc-page-1 ez-toc-heading-level-3'><a class=\"ez-toc-link ez-toc-heading-15\" href=\"https:\/\/loudavymkrokem.cz\/sk\/dovolenka-malta-tipy\/#7_Mdina_Tiche_mesto_za_hradbami\" >7. Mdina: Tich\u00e9 mesto za hradbami<\/a><\/li><li class='ez-toc-page-1 ez-toc-heading-level-3'><a class=\"ez-toc-link ez-toc-heading-16\" href=\"https:\/\/loudavymkrokem.cz\/sk\/dovolenka-malta-tipy\/#8_Rabat_a_katakomby_svateho_Pavla\" >8. Rabat a katakomby sv\u00e4t\u00e9ho Pavla<\/a><\/li><li class='ez-toc-page-1 ez-toc-heading-level-3'><a class=\"ez-toc-link ez-toc-heading-17\" href=\"https:\/\/loudavymkrokem.cz\/sk\/dovolenka-malta-tipy\/#9_Rotunda_v_Moste_a_pribeh_bomby\" >9. Rotunda v Moste a pr\u00edbeh bomby<\/a><\/li><li class='ez-toc-page-1 ez-toc-heading-level-3'><a class=\"ez-toc-link ez-toc-heading-18\" href=\"https:\/\/loudavymkrokem.cz\/sk\/dovolenka-malta-tipy\/#10_Dingli_Cliffs_utesy_nad_zapadnym_pobrezim\" >10. Dingli Cliffs: \u00fatesy nad z\u00e1padn\u00fdm pobre\u017e\u00edm<\/a><\/li><li class='ez-toc-page-1 ez-toc-heading-level-3'><a class=\"ez-toc-link ez-toc-heading-19\" href=\"https:\/\/loudavymkrokem.cz\/sk\/dovolenka-malta-tipy\/#11_Mosta_Naxxar_a_Palazzo_Parisio\" >11. Mosta, Naxxar a Palazzo Parisio<\/a><\/li><li class='ez-toc-page-1 ez-toc-heading-level-3'><a class=\"ez-toc-link ez-toc-heading-20\" href=\"https:\/\/loudavymkrokem.cz\/sk\/dovolenka-malta-tipy\/#12_Ta%E2%80%98_Qali_a_remeselna_dedina\" >12. Ta&#8216; Qali a remeseln\u00e1 dedina<\/a><\/li><li class='ez-toc-page-1 ez-toc-heading-level-3'><a class=\"ez-toc-link ez-toc-heading-21\" href=\"https:\/\/loudavymkrokem.cz\/sk\/dovolenka-malta-tipy\/#13_Marsaxlokk_rybarska_dedina_s_farebnymi_lodkami\" >13. Marsaxlokk: ryb\u00e1rska dedina s farebn\u00fdmi lo\u010fkami<\/a><\/li><li class='ez-toc-page-1 ez-toc-heading-level-3'><a class=\"ez-toc-link ez-toc-heading-22\" href=\"https:\/\/loudavymkrokem.cz\/sk\/dovolenka-malta-tipy\/#14_Modra_jaskyna_Blue_Grotto\" >14. Modr\u00e1 jasky\u0148a (Blue Grotto)<\/a><\/li><li class='ez-toc-page-1 ez-toc-heading-level-3'><a class=\"ez-toc-link ez-toc-heading-23\" href=\"https:\/\/loudavymkrokem.cz\/sk\/dovolenka-malta-tipy\/#15_Hagar_Qim_a_Mnajdra_chramy_starsie_nez_pyramidy\" >15. \u0126a\u0121ar Qim a Mnajdra: chr\u00e1my star\u0161ie ne\u017e pyram\u00eddy<\/a><\/li><li class='ez-toc-page-1 ez-toc-heading-level-3'><a class=\"ez-toc-link ez-toc-heading-24\" href=\"https:\/\/loudavymkrokem.cz\/sk\/dovolenka-malta-tipy\/#16_St_Peters_Pool_prirodny_bazen_v_skale\" >16. St Peter&#8217;s Pool: pr\u00edrodn\u00fd baz\u00e9n v skale<\/a><\/li><li class='ez-toc-page-1 ez-toc-heading-level-3'><a class=\"ez-toc-link ez-toc-heading-25\" href=\"https:\/\/loudavymkrokem.cz\/sk\/dovolenka-malta-tipy\/#17_Hypogeum_v_Hal_Saflieni\" >17. Hypogeum v \u0126al Saflieni<\/a><\/li><li class='ez-toc-page-1 ez-toc-heading-level-3'><a class=\"ez-toc-link ez-toc-heading-26\" href=\"https:\/\/loudavymkrokem.cz\/sk\/dovolenka-malta-tipy\/#18_Modra_laguna_na_Comine\" >18. Modr\u00e1 lag\u00fana na Comine<\/a><\/li><li class='ez-toc-page-1 ez-toc-heading-level-3'><a class=\"ez-toc-link ez-toc-heading-27\" href=\"https:\/\/loudavymkrokem.cz\/sk\/dovolenka-malta-tipy\/#19_Victoria_a_Citadela\" >19. Victoria a Citadela<\/a><\/li><li class='ez-toc-page-1 ez-toc-heading-level-3'><a class=\"ez-toc-link ez-toc-heading-28\" href=\"https:\/\/loudavymkrokem.cz\/sk\/dovolenka-malta-tipy\/#20_Dwejra_a_Vnutrozemske_more\" >20. Dwejra a Vn\u00fatrozemsk\u00e9 more<\/a><\/li><li class='ez-toc-page-1 ez-toc-heading-level-3'><a class=\"ez-toc-link ez-toc-heading-29\" href=\"https:\/\/loudavymkrokem.cz\/sk\/dovolenka-malta-tipy\/#21_Ramla_Bay_najkrajsia_piesocnata_plaz_suostrovia\" >21. Ramla Bay: najkraj\u0161ia pieso\u010dnat\u00e1 pl\u00e1\u017e s\u00faostrovia<\/a><\/li><li class='ez-toc-page-1 ez-toc-heading-level-3'><a class=\"ez-toc-link ez-toc-heading-30\" href=\"https:\/\/loudavymkrokem.cz\/sk\/dovolenka-malta-tipy\/#22_Ggantija_najstarsie_volne_stojace_stavby_na_svete\" >22. \u0120gantija: najstar\u0161ie vo\u013ene stojace stavby na svete<\/a><\/li><li class='ez-toc-page-1 ez-toc-heading-level-3'><a class=\"ez-toc-link ez-toc-heading-31\" href=\"https:\/\/loudavymkrokem.cz\/sk\/dovolenka-malta-tipy\/#23_Xlendi_a_Marsalforn\" >23. Xlendi a Marsalforn<\/a><\/li><li class='ez-toc-page-1 ez-toc-heading-level-3'><a class=\"ez-toc-link ez-toc-heading-32\" href=\"https:\/\/loudavymkrokem.cz\/sk\/dovolenka-malta-tipy\/#24_Najkrajsie_plaze_Golden_Bay_Ghajn_Tuffieha_a_Mellieha_Bay\" >24. Najkraj\u0161ie pl\u00e1\u017ee: Golden Bay, G\u0127ajn Tuffie\u0127a a Mellie\u0127a Bay<\/a><\/li><\/ul><\/li><li class='ez-toc-page-1 ez-toc-heading-level-2'><a class=\"ez-toc-link ez-toc-heading-33\" href=\"https:\/\/loudavymkrokem.cz\/sk\/dovolenka-malta-tipy\/#Kde_sa_ubytovat_na_Malte_najlepsie_oblasti_a_konkretne_hotely\" >Kde sa ubytova\u0165 na Malte: najlep\u0161ie oblasti a konkr\u00e9tne hotely<\/a><ul class='ez-toc-list-level-3' ><li class='ez-toc-heading-level-3'><a class=\"ez-toc-link ez-toc-heading-34\" href=\"https:\/\/loudavymkrokem.cz\/sk\/dovolenka-malta-tipy\/#Ktoru_oblast_vybrat\" >Ktor\u00fa oblas\u0165 vybra\u0165<\/a><\/li><li class='ez-toc-page-1 ez-toc-heading-level-3'><a class=\"ez-toc-link ez-toc-heading-35\" href=\"https:\/\/loudavymkrokem.cz\/sk\/dovolenka-malta-tipy\/#Konkretne_tipy_na_ubytovanie\" >Konkr\u00e9tne tipy na ubytovanie<\/a><\/li><\/ul><\/li><li class='ez-toc-page-1 ez-toc-heading-level-2'><a class=\"ez-toc-link ez-toc-heading-36\" href=\"https:\/\/loudavymkrokem.cz\/sk\/dovolenka-malta-tipy\/#Co_jest_na_Malte_sprievodca_pre_vegetarianov_aj_ostatnych\" >\u010co jes\u0165 na Malte: sprievodca pre vegetari\u00e1nov aj ostatn\u00fdch<\/a><\/li><li class='ez-toc-page-1 ez-toc-heading-level-2'><a class=\"ez-toc-link ez-toc-heading-37\" href=\"https:\/\/loudavymkrokem.cz\/sk\/dovolenka-malta-tipy\/#Doprava_po_Malte_autobusy_trajekt_a_auto\" >Doprava po Malte: autobusy, trajekt a auto<\/a><ul class='ez-toc-list-level-3' ><li class='ez-toc-heading-level-3'><a class=\"ez-toc-link ez-toc-heading-38\" href=\"https:\/\/loudavymkrokem.cz\/sk\/dovolenka-malta-tipy\/#Autobusy_Tallinja\" >Autobusy Tallinja<\/a><\/li><li class='ez-toc-page-1 ez-toc-heading-level-3'><a class=\"ez-toc-link ez-toc-heading-39\" href=\"https:\/\/loudavymkrokem.cz\/sk\/dovolenka-malta-tipy\/#Trajekt_na_Gozo_a_Comino\" >Trajekt na Gozo a Comino<\/a><\/li><li class='ez-toc-page-1 ez-toc-heading-level-3'><a class=\"ez-toc-link ez-toc-heading-40\" href=\"https:\/\/loudavymkrokem.cz\/sk\/dovolenka-malta-tipy\/#Pozicat_si_auto_alebo_nie\" >Po\u017ei\u010da\u0165 si auto, alebo nie?<\/a><\/li><\/ul><\/li><li class='ez-toc-page-1 ez-toc-heading-level-2'><a class=\"ez-toc-link ez-toc-heading-41\" href=\"https:\/\/loudavymkrokem.cz\/sk\/dovolenka-malta-tipy\/#Kolko_stoji_dovolenka_na_Malte\" >Ko\u013eko stoj\u00ed dovolenka na Malte<\/a><\/li><li class='ez-toc-page-1 ez-toc-heading-level-2'><a class=\"ez-toc-link ez-toc-heading-42\" href=\"https:\/\/loudavymkrokem.cz\/sk\/dovolenka-malta-tipy\/#Na_co_si_dat_na_Malte_pozor\" >Na \u010do si da\u0165 na Malte pozor<\/a><\/li><li class='ez-toc-page-1 ez-toc-heading-level-2'><a class=\"ez-toc-link ez-toc-heading-43\" href=\"https:\/\/loudavymkrokem.cz\/sk\/dovolenka-malta-tipy\/#Malta_s_detmi\" >Malta s de\u0165mi<\/a><\/li><li class='ez-toc-page-1 ez-toc-heading-level-2'><a class=\"ez-toc-link ez-toc-heading-44\" href=\"https:\/\/loudavymkrokem.cz\/sk\/dovolenka-malta-tipy\/#Kam_dalej_dalsie_tipy_na_dovolenku_pri_mori\" >Kam \u010falej: \u010fal\u0161ie tipy na dovolenku pri mori<\/a><\/li><li class='ez-toc-page-1 ez-toc-heading-level-2'><a class=\"ez-toc-link ez-toc-heading-45\" href=\"https:\/\/loudavymkrokem.cz\/sk\/dovolenka-malta-tipy\/#Casto_kladene_otazky\" >\u010casto kladen\u00e9 ot\u00e1zky<\/a><ul class='ez-toc-list-level-3' ><li class='ez-toc-heading-level-3'><a class=\"ez-toc-link ez-toc-heading-46\" href=\"https:\/\/loudavymkrokem.cz\/sk\/dovolenka-malta-tipy\/#Kedy_je_najlepsie_ist_na_Maltu\" >Kedy je najlep\u0161ie \u00eds\u0165 na Maltu?<\/a><\/li><li class='ez-toc-page-1 ez-toc-heading-level-3'><a class=\"ez-toc-link ez-toc-heading-47\" href=\"https:\/\/loudavymkrokem.cz\/sk\/dovolenka-malta-tipy\/#Ako_dlho_na_Maltu_potrebujete\" >Ako dlho na Maltu potrebujete?<\/a><\/li><li class='ez-toc-page-1 ez-toc-heading-level-3'><a class=\"ez-toc-link ez-toc-heading-48\" href=\"https:\/\/loudavymkrokem.cz\/sk\/dovolenka-malta-tipy\/#Da_sa_na_Malte_kupat_ked_nema_piesocne_plaze\" >D\u00e1 sa na Malte k\u00fapa\u0165, ke\u010f nem\u00e1 pieso\u010dn\u00e9 pl\u00e1\u017ee?<\/a><\/li><li class='ez-toc-page-1 ez-toc-heading-level-3'><a class=\"ez-toc-link ez-toc-heading-49\" href=\"https:\/\/loudavymkrokem.cz\/sk\/dovolenka-malta-tipy\/#Dohovorim_sa_na_Malte_anglicky\" >Dohovor\u00edm sa na Malte anglicky?<\/a><\/li><li class='ez-toc-page-1 ez-toc-heading-level-3'><a class=\"ez-toc-link ez-toc-heading-50\" href=\"https:\/\/loudavymkrokem.cz\/sk\/dovolenka-malta-tipy\/#Potrebujem_na_Malte_auto\" >Potrebujem na Malte auto?<\/a><\/li><li class='ez-toc-page-1 ez-toc-heading-level-3'><a class=\"ez-toc-link ez-toc-heading-51\" href=\"https:\/\/loudavymkrokem.cz\/sk\/dovolenka-malta-tipy\/#Je_Malta_draha\" >Je Malta drah\u00e1?<\/a><\/li><li class='ez-toc-page-1 ez-toc-heading-level-3'><a class=\"ez-toc-link ez-toc-heading-52\" href=\"https:\/\/loudavymkrokem.cz\/sk\/dovolenka-malta-tipy\/#Oplati_sa_prespat_na_Gozo\" >Oplat\u00ed sa prespa\u0165 na Gozo?<\/a><\/li><li class='ez-toc-page-1 ez-toc-heading-level-3'><a class=\"ez-toc-link ez-toc-heading-53\" href=\"https:\/\/loudavymkrokem.cz\/sk\/dovolenka-malta-tipy\/#Je_Malta_bezpecna\" >Je Malta bezpe\u010dn\u00e1?<\/a><\/li><\/ul><\/li><\/ul><\/nav><\/div>\n<h2 id=\"Zhrnutie_ak_nestihas_citat_cely_clanok\" class=\"wp-block-heading\"><span class=\"ez-toc-section\" id=\"Zhrnutie_ak_nestihas_citat_cely_clanok\"><\/span>Zhrnutie, ak nest\u00edha\u0161 \u010d\u00edta\u0165 cel\u00fd \u010dl\u00e1nok<span class=\"ez-toc-section-end\"><\/span><\/h2>\n\n\n\n<ul class=\"wp-block-list\">\n<li><strong>Malta, Gozo a Comino<\/strong> s\u00fa tri ob\u00fdvan\u00e9 ostrovy tohto mal\u00e9ho s\u00faostrovia, pri\u010dom ka\u017ed\u00fd z nich m\u00e1 \u00faplne in\u00fa n\u00e1ladu a atmosf\u00e9ru.<\/li>\n\n\n\n<li><strong>Valletta<\/strong> je najmen\u0161ie hlavn\u00e9 mesto Eur\u00f3pskej \u00fanie a jeho cel\u00e9 historick\u00e9 centrum je hrdo zap\u00edsan\u00e9 na zozname svetov\u00e9ho dedi\u010dstva UNESCO.<\/li>\n\n\n\n<li><strong>Najlep\u0161ie mesiace na n\u00e1v\u0161tevu<\/strong> s\u00fa pod\u013ea historick\u00fdch klimatick\u00fdch d\u00e1t m\u00e1j, j\u00fan, september a okt\u00f3ber.<\/li>\n\n\n\n<li><strong>V j\u00fali a auguste<\/strong> panuj\u00fa ve\u013ek\u00e9 hor\u00fa\u010davy (teploty \u0161plhaj\u00fa na 30,2 a 30,3 \u00b0C) a takmer v\u00f4bec nepr\u0161\u00ed, zr\u00e1\u017eky sa objavuj\u00fa len 0,3 a 1,4 d\u0148a v mesiaci.<\/li>\n\n\n\n<li><strong>More je najteplej\u0161ie<\/strong> v auguste, ke\u010f dosahuje 27,8 \u00b0C, a dokonca aj v okt\u00f3bri si udr\u017eiava ve\u013emi pr\u00edjemn\u00fdch 25,0 \u00b0C.<\/li>\n\n\n\n<li><strong>Pieso\u010dnat\u00fdch pl\u00e1\u017e\u00ed<\/strong> na Malte ve\u013ea nen\u00e1jde\u0161, k\u00fapanie prebieha hlavne z kamenist\u00fdch plo\u0161\u00edn a skalnat\u00fdch \u00fatesov.<\/li>\n\n\n\n<li><strong>\u00daradn\u00fdm jazykom je angli\u010dtina<\/strong>, plat\u00ed sa tu klasicky eurom, ale na cest\u00e1ch sa jazd\u00ed v\u013eavo.<\/li>\n\n\n\n<li><strong>Modr\u00e1 lag\u00fana na Comine<\/strong> je s\u00edce vizu\u00e1lne \u00faplne n\u00e1dhern\u00e1, ale v letnej sez\u00f3ne b\u00fdva bohu\u017eia\u013e extr\u00e9mne preplnen\u00e1 turistami.<\/li>\n<\/ul>\n\n\n\n<h2 id=\"Preco_ist_na_Maltu_a_pre_koho_sa_naopak_nehodi\" class=\"wp-block-heading\"><span class=\"ez-toc-section\" id=\"Preco_ist_na_Maltu_a_pre_koho_sa_naopak_nehodi\"><\/span>Pre\u010do \u00eds\u0165 na Maltu (a pre koho sa naopak nehod\u00ed)<span class=\"ez-toc-section-end\"><\/span><\/h2>\n\n\n\n<p class=\"wp-block-paragraph\">Rozhodovanie o \u010fal\u0161ej destin\u00e1cii m\u00f4\u017ee by\u0165 ob\u010das trochu orie\u0161ok, najm\u00e4 ke\u010f m\u00e1 ka\u017ed\u00e1 krajina svoje \u0161pecifik\u00e1 a l\u00e1ka na nie\u010do in\u00e9. Po\u010fme sa pozrie\u0165 na to, v \u010dom tento ostrovn\u00fd \u0161t\u00e1t \u00faplne exceluje a komu by naopak <strong>dovolenka na Malte<\/strong> nemusela v\u00f4bec sadn\u00fa\u0165. Vraj je to miesto kontrastov, ktor\u00e9 si bu\u010f okam\u017eite zamiluje\u0161, alebo r\u00fdchlo zist\u00ed\u0161, \u017ee preferuje\u0161 \u00faplne in\u00fd typ oddychu.<\/p>\n\n\n\n<h3 id=\"6_dovodov_preco_si_Maltu_zamilujes\" class=\"wp-block-heading\"><span class=\"ez-toc-section\" id=\"6_dovodov_preco_si_Maltu_zamilujes\"><\/span>6 d\u00f4vodov, pre\u010do si Maltu zamiluje\u0161<span class=\"ez-toc-section-end\"><\/span><\/h3>\n\n\n\n<p class=\"wp-block-paragraph\"><strong>Hist\u00f3ria na ka\u017edom rohu.<\/strong> N\u00e1jde\u0161 tu ohromuj\u00face megalitick\u00e9 chr\u00e1my, ktor\u00e9 s\u00fa preuk\u00e1zate\u013ene star\u0161ie ne\u017e egyptsk\u00e9 pyram\u00eddy, mohutn\u00e9 pevnosti po joanitsk\u00fdch rytieroch aj fascinuj\u00face pozostatky z druhej svetovej vojny. Ak miluje\u0161 sk\u00famanie \u00fazkych uli\u010diek a historick\u00fdch pamiatok, bude\u0161 si tu pripada\u0165 ako v obrovskom m\u00fazeu pod hol\u00fdm nebom.<\/p>\n\n\n\n<p class=\"wp-block-paragraph\"><strong>Angli\u010dtina a \u017eiadna jazykov\u00e1 bari\u00e9ra.<\/strong> Ke\u010f\u017ee je angli\u010dtina jedn\u00fdm z dvoch \u00faradn\u00fdch jazykov, dohovor\u00ed\u0161 sa tu \u00faplne v\u0161ade, od mal\u00fdch obchod\u00edkov a\u017e po od\u013eahlej\u0161ie dedinky. Odpad\u00e1va tak to klasick\u00e9 pr\u00e1zdninov\u00e9 stresovanie so slovn\u00edkom v ruke, \u010do ve\u013ea cestovate\u013eov ve\u013emi oce\u0148uje.<\/p>\n\n\n\n<p class=\"wp-block-paragraph\"><strong>Naozaj mal\u00e9 vzdialenosti.<\/strong> Cel\u00fd hlavn\u00fd ostrov prejde\u0161 autom pokojne za jedin\u00fa hodinu, tak\u017ee m\u00f4\u017ee\u0161 cel\u00fd \u010das b\u00fdva\u0165 na jednom mieste a odtia\u013e podnika\u0165 hviezdicov\u00e9 v\u00fdlety. Nemus\u00ed\u0161 sa tak neust\u00e1le bali\u0165 a s\u0165ahova\u0165 z hotela do hotela, \u010do u\u0161etr\u00ed sp\u00fastu drahocennej energie aj \u010dasu.<\/p>\n\n\n\n<p class=\"wp-block-paragraph\"><strong>Najdlh\u0161ia k\u00fapacia sez\u00f3na v Eur\u00f3pe.<\/strong> Zatia\u013e \u010do inde pri Stredozemnom mori u\u017e v okt\u00f3bri vy\u0165ahuj\u00fa svetre, tu sa pod\u013ea \u0161tatist\u00edk \u013eudia st\u00e1le be\u017ene k\u00fapu v mori. Je to ide\u00e1lna vo\u013eba pre t\u00fdch z v\u00e1s, ktor\u00ed si chc\u00fa pred\u013a\u017ei\u0165 leto a\u017e do neskorej jesene a u\u017ei\u0165 si slnie\u010dka.<\/p>\n\n\n\n<p class=\"wp-block-paragraph\"><strong>Priezra\u010dn\u00e1 voda a skvel\u00e9 \u0161norch\u013eovanie.<\/strong> Skalnat\u00e9 pobre\u017eie m\u00e1 jednu obrovsk\u00fa v\u00fdhodu, a tou je absol\u00fatna \u010distota vody bez neust\u00e1le zv\u00edren\u00e9ho piesku. Pod\u013ea recenzi\u00ed pon\u00faka Malta jedny z najlep\u0161\u00edch podmienok na pot\u00e1panie a sk\u00famanie podmorsk\u00e9ho \u017eivota v celej Eur\u00f3pe.<\/p>\n\n\n\n<p class=\"wp-block-paragraph\"><strong>Dostupnos\u0165 a prijate\u013en\u00e9 ceny.<\/strong> Oproti popul\u00e1rnemu Taliansku alebo Franc\u00fazsku vyjd\u00fa letenky, doprava aj stravovanie o nie\u010do priate\u013enej\u0161ie, a navy\u0161e s\u00fa slu\u017eby na vysokej \u00farovni. Priamy let z Bratislavy trv\u00e1 zhruba dve hodiny, tak\u017ee sa tam dostane\u0161 r\u00fdchlo a nebude\u0161 tr\u00e1vi\u0165 cel\u00fd de\u0148 na ceste.<\/p>\n\n\n\n<h3 id=\"Komu_Malta_nesadne\" class=\"wp-block-heading\"><span class=\"ez-toc-section\" id=\"Komu_Malta_nesadne\"><\/span>Komu Malta nesadne<span class=\"ez-toc-section-end\"><\/span><\/h3>\n\n\n\n<p class=\"wp-block-paragraph\">Aj ke\u010f to pod\u013ea fotiek vyzer\u00e1 ako \u00fapln\u00fd raj, nie pre ka\u017ed\u00e9ho je tento kamenist\u00fd ostrov ide\u00e1lnou vo\u013ebou. Rad\u0161ej zv\u00e1\u017e \u00faplne in\u00fa destin\u00e1ciu, ak sa n\u00e1jde\u0161 v jednej z nasleduj\u00facich kateg\u00f3ri\u00ed. \u263a\ufe0f<\/p>\n\n\n\n<ul class=\"wp-block-list\">\n<li>H\u013ead\u00e1\u0161 <strong>dlh\u00e9 pieso\u010dnat\u00e9 pl\u00e1\u017ee<\/strong>, preto\u017ee t\u00fdch je tu naozaj \u00fapln\u00e9 minimum a tvoria len zlomok pobre\u017eia.<\/li>\n\n\n\n<li>Nezn\u00e1\u0161a\u0161 davy \u013eud\u00ed, ke\u010f\u017ee Malta je <strong>najhustej\u0161ie za\u013eudnen\u00e1 krajina Eur\u00f3pskej \u00fanie<\/strong> a v sez\u00f3ne to tam m\u00f4\u017ee by\u0165 poriadne c\u00edti\u0165.<\/li>\n\n\n\n<li>Cestuje\u0161 za <strong>divokou pr\u00edrodou a hlbok\u00fdmi lesmi<\/strong>, tie tu toti\u017e v\u00f4bec nen\u00e1jde\u0161.<\/li>\n\n\n\n<li>Pl\u00e1nuje\u0161 dovolenku <strong>v auguste a zle zn\u00e1\u0161a\u0161 hor\u00fa\u010davu<\/strong>, preto\u017ee letn\u00e9 teploty tu b\u00fdvaj\u00fa naozaj ne\u00faprosn\u00e9.<\/li>\n\n\n\n<li>Chce\u0161 absol\u00fatne ticho a pokoj a omylom by si si zarezervoval ubytovanie vo \u0161tvrti <strong>St Julian&#8217;s, \u010do je hlavn\u00e1 party z\u00f3na<\/strong> cel\u00e9ho ostrova.<\/li>\n<\/ul>\n\n\n\n<h2 id=\"Kedy_ist_na_Maltu_pocasie_mesiac_po_mesiaci\" class=\"wp-block-heading\"><span class=\"ez-toc-section\" id=\"Kedy_ist_na_Maltu_pocasie_mesiac_po_mesiaci\"><\/span>Kedy \u00eds\u0165 na Maltu: po\u010dasie mesiac po mesiaci<span class=\"ez-toc-section-end\"><\/span><\/h2>\n\n\n\n<p class=\"wp-block-paragraph\">Spr\u00e1vne na\u010dasovanie je pre \u00faspe\u0161n\u00fd v\u00fdlet \u00faplne k\u013e\u00fa\u010dov\u00e9, a preto sa podrobne pozrieme na presn\u00e9 \u010d\u00edsla. Nasleduj\u00face d\u00e1ta nie s\u00fa \u017eiadne hrub\u00e9 odhady, ale <strong>desa\u0165ro\u010dn\u00e9 priemery z rokov 2015 a\u017e 2024<\/strong> z\u00edskan\u00e9 z pokro\u010dilej klimatickej reanal\u00fdzy ERA5.<\/p>\n\n\n\n<p class=\"wp-block-paragraph\">\u00dadaje o teplote mora potom presne vych\u00e1dzaj\u00fa z morsk\u00e9ho modelu <strong>za roky 2019 a\u017e 2024<\/strong>. V\u010faka tomu si urob\u00ed\u0161 \u00faplne jasn\u00fa predstavu o tom, ak\u00e9 podmienky \u0165a v danom mesiaci bud\u00fa \u010daka\u0165, a ove\u013ea lep\u0161ie si tak zbal\u00ed\u0161 kufor.<\/p>\n\n\n\n<figure class=\"wp-block-table is-style-stripes\"><table class=\"has-fixed-layout\"><thead><tr><th>Mesiac<\/th><th>Cez de\u0148<\/th><th>V noci<\/th><th>More<\/th><th>Dn\u00ed s da\u017e\u010fom<\/th><th>Slnko\/de\u0148<\/th><\/tr><\/thead><tbody><tr><td><strong>janu\u00e1r<\/strong><\/td><td>15 \u00b0C<\/td><td>12 \u00b0C<\/td><td>17 \u00b0C<\/td><td>8,1<\/td><td>8,7 h<\/td><\/tr><tr><td><strong>febru\u00e1r<\/strong><\/td><td>16 \u00b0C<\/td><td>12 \u00b0C<\/td><td>16 \u00b0C<\/td><td>5,9<\/td><td>9,4 h<\/td><\/tr><tr><td><strong>marec<\/strong><\/td><td>17 \u00b0C<\/td><td>12 \u00b0C<\/td><td>16 \u00b0C<\/td><td>6,7<\/td><td>10,5 h<\/td><\/tr><tr><td><strong>apr\u00edl<\/strong><\/td><td>19 \u00b0C<\/td><td>14 \u00b0C<\/td><td>17 \u00b0C<\/td><td>3,2<\/td><td>11,1 h<\/td><\/tr><tr><td><strong>m\u00e1j<\/strong><\/td><td>22 \u00b0C<\/td><td>17 \u00b0C<\/td><td>19 \u00b0C<\/td><td>3,1<\/td><td>12,5 h<\/td><\/tr><tr><td><strong>j\u00fan<\/strong><\/td><td>27 \u00b0C<\/td><td>21 \u00b0C<\/td><td>23 \u00b0C<\/td><td>0,9<\/td><td>13,6 h<\/td><\/tr><tr><td><strong>j\u00fal<\/strong><\/td><td>30 \u00b0C<\/td><td>24 \u00b0C<\/td><td>27 \u00b0C<\/td><td>0,3<\/td><td>13,9 h<\/td><\/tr><tr><td><strong>august<\/strong><\/td><td>30 \u00b0C<\/td><td>25 \u00b0C<\/td><td>28 \u00b0C<\/td><td>1,4<\/td><td>12,5 h<\/td><\/tr><tr><td><strong>september<\/strong><\/td><td>28 \u00b0C<\/td><td>23 \u00b0C<\/td><td>27 \u00b0C<\/td><td>4,7<\/td><td>11,2 h<\/td><\/tr><tr><td><strong>okt\u00f3ber<\/strong><\/td><td>24 \u00b0C<\/td><td>20 \u00b0C<\/td><td>25 \u00b0C<\/td><td>7,1<\/td><td>9,8 h<\/td><\/tr><tr><td><strong>november<\/strong><\/td><td>21 \u00b0C<\/td><td>17 \u00b0C<\/td><td>23 \u00b0C<\/td><td>10,9<\/td><td>8,6 h<\/td><\/tr><tr><td><strong>december<\/strong><\/td><td>17 \u00b0C<\/td><td>14 \u00b0C<\/td><td>19 \u00b0C<\/td><td>7,6<\/td><td>8,2 h<\/td><\/tr><\/tbody><\/table><figcaption class=\"wp-element-caption\">Priemern\u00e9 teploty na Malte mesiac po mesiaci. Vzduch a zr\u00e1\u017eky s\u00fa desa\u0165ro\u010dn\u00e9 priemery 2015 \u2013 2024 z reanal\u00fdzy ERA5, teplota mora z morsk\u00e9ho modelu 2019 \u2013 2024.<\/figcaption><\/figure>\n\n\n\n<h3 id=\"Najlepsie_mesiace_podla_typu_dovolenky\" class=\"wp-block-heading\"><span class=\"ez-toc-section\" id=\"Najlepsie_mesiace_podla_typu_dovolenky\"><\/span>Najlep\u0161ie mesiace pod\u013ea typu dovolenky<span class=\"ez-toc-section-end\"><\/span><\/h3>\n\n\n\n<ul class=\"wp-block-list\">\n<li><strong>K\u00fapanie a pl\u00e1\u017eov\u00fd relax:<\/strong> Ide\u00e1lne je vyrazi\u0165 od j\u00fana do okt\u00f3bra, ke\u010f sa teplota mora pohybuje v rozmedz\u00ed kr\u00e1snych 23,4 a\u017e 27,8 \u00b0C.<\/li>\n\n\n\n<li><strong>Spozn\u00e1vanie a chodenie po pamiatkach:<\/strong> Najlep\u0161ie podmienky panuj\u00fa v apr\u00edli, m\u00e1ji a okt\u00f3bri, ke\u010f denn\u00e9 teploty dosahuj\u00fa pr\u00edjemn\u00fdch hodn\u00f4t okolo 18 a\u017e 24 \u00b0C.<\/li>\n\n\n\n<li><strong>Najlacnej\u0161ie term\u00edny:<\/strong> Oplat\u00ed sa letie\u0165 od novembra do marca, mus\u00ed\u0161 v\u0161ak po\u010d\u00edta\u0165 s t\u00fdm, \u017ee more m\u00e1 len 16 a\u017e 19 \u00b0C a napr\u00edklad v novembri pr\u0161\u00ed priemerne 10,9 d\u0148a v mesiaci.<\/li>\n\n\n\n<li><strong>Kedy sa rad\u0161ej vyhn\u00fa\u0165:<\/strong> August b\u00fdva pre mnoho \u013eud\u00ed pr\u00edli\u0161 n\u00e1ro\u010dn\u00fd pre extr\u00e9mnu hor\u00fa\u010davu, v\u0161adepr\u00edtomn\u00e9 davy turistov a podstatne vy\u0161\u0161ie ceny slu\u017eieb.<\/li>\n<\/ul>\n\n\n\n<h3 id=\"Zima_na_Malte_ma_to_zmysel\" class=\"wp-block-heading\"><span class=\"ez-toc-section\" id=\"Zima_na_Malte_ma_to_zmysel\"><\/span>Zima na Malte: m\u00e1 to zmysel?<span class=\"ez-toc-section-end\"><\/span><\/h3>\n\n\n\n<p class=\"wp-block-paragraph\">Mo\u017eno si hovor\u00ed\u0161, \u010di m\u00e1 v\u00f4bec zmysel letie\u0165 na juh Eur\u00f3py uprostred zimy, ke\u010f sa u\u017e d\u00e1vno ned\u00e1 k\u00fapa\u0165. Po\u010das zimn\u00fdch mesiacov sa teploty pohybuj\u00fa <strong>okolo 15 a\u017e 17 \u00b0C<\/strong>, pr\u0161\u00ed zhruba 6 a\u017e 8 dn\u00ed v mesiaci a more m\u00e1 chladn\u00fdch 16 a\u017e 19 \u00b0C. Na opa\u013eovanie v plavk\u00e1ch to teda ur\u010dite nie je, ale na dlh\u00e9 prech\u00e1dzky v \u013eahkom svetri je to \u00faplne ide\u00e1lne. \ud83d\ude05<\/p>\n\n\n\n<p class=\"wp-block-paragraph\">Ak \u0165a l\u00e1ka hlavne objavovanie star\u00fdch pamiatok, posed\u00e1vanie v \u00fatuln\u00fdch kaviarni\u010dk\u00e1ch a pokojn\u00e9 t\u00fary po \u00fatesoch, <strong>zima \u0165a ur\u010dite nadchne<\/strong>. Navy\u0161e v tomto obdob\u00ed ulov\u00ed\u0161 tie najlacnej\u0161ie letenky a u\u017eije\u0161 si polopr\u00e1zdne uli\u010dky Valletty, \u010do by bola v hor\u00facom lete \u00faplne nemo\u017en\u00e1 \u00faloha.<\/p>\n\n\n\n<h2 id=\"Co_vidiet_na_Malte_24_tipov_ktore_stoja_za_tvoj_cas\" class=\"wp-block-heading\"><span class=\"ez-toc-section\" id=\"Co_vidiet_na_Malte_24_tipov_ktore_stoja_za_tvoj_cas\"><\/span>\u010co vidie\u0165 na Malte: 24 tipov, ktor\u00e9 stoja za tvoj \u010das<span class=\"ez-toc-section-end\"><\/span><\/h2>\n\n\n\n<p class=\"wp-block-paragraph\">Tento ostrovn\u00fd \u0161t\u00e1t platiaci eurom je s\u00edce mali\u010dk\u00fd, ale n\u00e1jde\u0161 na \u0148om to\u013eko pamiatok, \u017ee nebude\u0161 vedie\u0165, kam sk\u00f4r sko\u010di\u0165. Priamy let z Bratislavy trv\u00e1 zhruba dve hodiny, tak\u017ee sa r\u00fdchlo dostane\u0161 na miesto, kde sa <strong>bez probl\u00e9mov dohovor\u00ed\u0161 po anglicky<\/strong>, a my si teraz toto s\u00faostrovie logicky rozdel\u00edme na elegantn\u00fa Vallettu, pokojn\u00fd stred ostrova, historick\u00fd juh, malebn\u00e9 Comino, zelen\u0161ie Gozo a najlep\u0161ie pl\u00e1\u017ee.<\/p>\n\n\n\n<p class=\"wp-block-paragraph\">Obrovskou v\u00fdhodou Malty je fakt, \u017ee sa bez probl\u00e9mov <strong>m\u00f4\u017ee\u0161 ubytova\u0165 na jednom mieste<\/strong> a \u00faplne v\u0161etky pamiatky odtia\u013e pohodlne obj\u00ed\u017edza\u0165 \u017eltozelen\u00fdmi autobusmi spolo\u010dnosti Tallinja. Pred cestou si len priho\u010f britsk\u00fd trojkol\u00edkov\u00fd adapt\u00e9r do z\u00e1suviek typu G a pam\u00e4taj na to, \u017ee sa tu na cest\u00e1ch jazd\u00ed v\u013eavo, tak\u017ee ak pr\u00e1ve uva\u017euje\u0161, <a href=\"https:\/\/loudavymkrokem.cz\/sk\/september-najlepsie-miesta-dovolenku\/\">kam na dovolenku v septembri<\/a>, tento eur\u00f3psky k\u00fasok Stredomoria je jednoducho skvel\u00e1 vo\u013eba.<\/p>\n\n\n\n<h3 id=\"1_Valletta_najmensie_hlavne_mesto_EU\" class=\"wp-block-heading\"><span class=\"ez-toc-section\" id=\"1_Valletta_najmensie_hlavne_mesto_EU\"><\/span>1. Valletta: najmen\u0161ie hlavn\u00e9 mesto E\u00da<span class=\"ez-toc-section-end\"><\/span><\/h3>\n\n\n\n<p class=\"wp-block-paragraph\">Valletta sa p\u00fd\u0161i titulom najmen\u0161ieho hlavn\u00e9ho mesta Eur\u00f3pskej \u00fanie a vraj je cel\u00e1 zasl\u00fa\u017eene zap\u00edsan\u00e1 na zozname svetov\u00e9ho dedi\u010dstva UNESCO. Toto neuverite\u013ene fotogenick\u00e9 miesto postavili joanitsk\u00ed rytieri hne\u010f po Ve\u013ekom obliehan\u00ed v roku 1565, tak\u017ee tu dnes m\u00f4\u017ee\u0161 obdivova\u0165 <strong>pr\u00edsne geometrick\u00fd mrie\u017ekov\u00fd p\u00f4dorys<\/strong>, ktor\u00fd plynulo dop\u013a\u0148aj\u00fa typick\u00e9 barokov\u00e9 balk\u00f3ny hraj\u00face v\u0161etk\u00fdmi myslite\u013en\u00fdmi farbami.<\/p>\n\n\n\n<figure data-wp-context=\"{&quot;imageId&quot;:&quot;6a9c5fe1979c8&quot;}\" data-wp-interactive=\"core\/image\" data-wp-key=\"6a9c5fe1979c8\" class=\"wp-block-image size-full wp-lightbox-container\"><img decoding=\"async\" width=\"1500\" height=\"1000\" data-wp-class--hide=\"state.isContentHidden\" data-wp-class--show=\"state.isContentVisible\" data-wp-init=\"callbacks.setButtonStyles\" data-wp-on--click=\"actions.showLightbox\" data-wp-on--load=\"callbacks.setButtonStyles\" data-wp-on--pointerdown=\"actions.preloadImage\" data-wp-on--pointerenter=\"actions.preloadImageWithDelay\" data-wp-on--pointerleave=\"actions.cancelPreload\" data-wp-on-window--resize=\"callbacks.setButtonStyles\" src=\"https:\/\/loudavymkrokem.cz\/wp-content\/uploads\/2026\/08\/dovolena-malta-t01.jpg\" alt=\"Hlavn\u00e1 trieda vo Vallette\" class=\"wp-image-399641\" title=\"\" srcset=\"https:\/\/loudavymkrokem.cz\/wp-content\/uploads\/2026\/08\/dovolena-malta-t01.jpg 1500w, https:\/\/loudavymkrokem.cz\/wp-content\/uploads\/2026\/08\/dovolena-malta-t01-300x200.jpg 300w, https:\/\/loudavymkrokem.cz\/wp-content\/uploads\/2026\/08\/dovolena-malta-t01-700x467.jpg 700w, https:\/\/loudavymkrokem.cz\/wp-content\/uploads\/2026\/08\/dovolena-malta-t01-768x512.jpg 768w, https:\/\/loudavymkrokem.cz\/wp-content\/uploads\/2026\/08\/dovolena-malta-t01-696x464.jpg 696w, https:\/\/loudavymkrokem.cz\/wp-content\/uploads\/2026\/08\/dovolena-malta-t01-1392x928.jpg 1392w\" sizes=\"(max-width: 1500px) 100vw, 1500px\" \/><button\n\t\t\tclass=\"lightbox-trigger\"\n\t\t\ttype=\"button\"\n\t\t\taria-haspopup=\"dialog\"\n\t\t\tdata-wp-bind--aria-label=\"state.thisImage.triggerButtonAriaLabel\"\n\t\t\tdata-wp-init=\"callbacks.initTriggerButton\"\n\t\t\tdata-wp-on--click=\"actions.showLightbox\"\n\t\t\tdata-wp-style--right=\"state.thisImage.buttonRight\"\n\t\t\tdata-wp-style--top=\"state.thisImage.buttonTop\"\n\t\t>\n\t\t\t<svg xmlns=\"http:\/\/www.w3.org\/2000\/svg\" width=\"12\" height=\"12\" fill=\"none\" viewBox=\"0 0 12 12\">\n\t\t\t\t<path fill=\"#fff\" d=\"M2 0a2 2 0 0 0-2 2v2h1.5V2a.5.5 0 0 1 .5-.5h2V0H2Zm2 10.5H2a.5.5 0 0 1-.5-.5V8H0v2a2 2 0 0 0 2 2h2v-1.5ZM8 12v-1.5h2a.5.5 0 0 0 .5-.5V8H12v2a2 2 0 0 1-2 2H8Zm2-12a2 2 0 0 1 2 2v2h-1.5V2a.5.5 0 0 0-.5-.5H8V0h2Z\" \/>\n\t\t\t<\/svg>\n\t\t<\/button><figcaption class=\"wp-element-caption\">Hlavn\u00e1 trieda vo Vallette (Foto: Txllxt TxllxT \/ Wikimedia Commons, CC BY-SA 4.0)<\/figcaption><\/figure>\n\n\n\n<p class=\"wp-block-paragraph\">Ak sa chce\u0161 vyhn\u00fa\u0165 davom, miestni ve\u013emi odpor\u00fa\u010daj\u00fa dorazi\u0165 na hlavn\u00fa triedu Republic Street bu\u010f skoro r\u00e1no, alebo naopak a\u017e po \u0161tvrtej hodine popoludn\u00ed. Cez de\u0148 sa toti\u017e <strong>mesto obvykle pln\u00ed v\u00fdletn\u00edkmi z ve\u013ek\u00fdch lod\u00ed<\/strong>, \u010do m\u00f4\u017ee celkov\u00fd dojem trochu pokazi\u0165, a ty si tak rad\u0161ej v pokoji vychutn\u00e1\u0161 miestne kaviarni\u010dky s podstatne lep\u0161ou atmosf\u00e9rou \u263a\ufe0f.<\/p>\n\n\n\n<h3 id=\"2_Konkatedrala_svateho_Jana_baroko_ktore_vyrazi_dych\" class=\"wp-block-heading\"><span class=\"ez-toc-section\" id=\"2_Konkatedrala_svateho_Jana_baroko_ktore_vyrazi_dych\"><\/span>2. Konkatedr\u00e1la sv\u00e4t\u00e9ho J\u00e1na: baroko, ktor\u00e9 vyraz\u00ed dych<span class=\"ez-toc-section-end\"><\/span><\/h3>\n\n\n\n<p class=\"wp-block-paragraph\">Na prv\u00fd poh\u013ead p\u00f4sob\u00ed t\u00e1to stavba zvonka ako celkom stroh\u00e1 pevnos\u0165, ale len \u010do vojde\u0161 dnu, \u010dak\u00e1 \u0165a doslova <strong>zlat\u00e1 barokov\u00e1 expl\u00f3zia<\/strong>. Cestovatelia sa zhoduj\u00fa, \u017ee je to jeden z najkraj\u0161\u00edch kostolov v Eur\u00f3pe, kde podlahu tvor\u00ed takmer \u0161tyristo n\u00e1dherne zdoben\u00fdch mramorov\u00fdch n\u00e1hrobn\u00fdch dosiek joanitsk\u00fdch rytierov, po ktor\u00fdch sa prech\u00e1dza\u0161.<\/p>\n\n\n\n<figure data-wp-context=\"{&quot;imageId&quot;:&quot;6a9c5fe198210&quot;}\" data-wp-interactive=\"core\/image\" data-wp-key=\"6a9c5fe198210\" class=\"wp-block-image size-full wp-lightbox-container\"><img decoding=\"async\" width=\"1500\" height=\"890\" data-wp-class--hide=\"state.isContentHidden\" data-wp-class--show=\"state.isContentVisible\" data-wp-init=\"callbacks.setButtonStyles\" data-wp-on--click=\"actions.showLightbox\" data-wp-on--load=\"callbacks.setButtonStyles\" data-wp-on--pointerdown=\"actions.preloadImage\" data-wp-on--pointerenter=\"actions.preloadImageWithDelay\" data-wp-on--pointerleave=\"actions.cancelPreload\" data-wp-on-window--resize=\"callbacks.setButtonStyles\" src=\"https:\/\/loudavymkrokem.cz\/wp-content\/uploads\/2026\/08\/dovolena-malta-t02.jpg\" alt=\"Zlat\u00fd interi\u00e9r konkatedr\u00e1ly sv\u00e4t\u00e9ho J\u00e1na\" class=\"wp-image-399647\" title=\"\" srcset=\"https:\/\/loudavymkrokem.cz\/wp-content\/uploads\/2026\/08\/dovolena-malta-t02.jpg 1500w, https:\/\/loudavymkrokem.cz\/wp-content\/uploads\/2026\/08\/dovolena-malta-t02-300x178.jpg 300w, https:\/\/loudavymkrokem.cz\/wp-content\/uploads\/2026\/08\/dovolena-malta-t02-700x415.jpg 700w, https:\/\/loudavymkrokem.cz\/wp-content\/uploads\/2026\/08\/dovolena-malta-t02-768x456.jpg 768w, https:\/\/loudavymkrokem.cz\/wp-content\/uploads\/2026\/08\/dovolena-malta-t02-696x413.jpg 696w, https:\/\/loudavymkrokem.cz\/wp-content\/uploads\/2026\/08\/dovolena-malta-t02-1392x826.jpg 1392w\" sizes=\"(max-width: 1500px) 100vw, 1500px\" \/><button\n\t\t\tclass=\"lightbox-trigger\"\n\t\t\ttype=\"button\"\n\t\t\taria-haspopup=\"dialog\"\n\t\t\tdata-wp-bind--aria-label=\"state.thisImage.triggerButtonAriaLabel\"\n\t\t\tdata-wp-init=\"callbacks.initTriggerButton\"\n\t\t\tdata-wp-on--click=\"actions.showLightbox\"\n\t\t\tdata-wp-style--right=\"state.thisImage.buttonRight\"\n\t\t\tdata-wp-style--top=\"state.thisImage.buttonTop\"\n\t\t>\n\t\t\t<svg xmlns=\"http:\/\/www.w3.org\/2000\/svg\" width=\"12\" height=\"12\" fill=\"none\" viewBox=\"0 0 12 12\">\n\t\t\t\t<path fill=\"#fff\" d=\"M2 0a2 2 0 0 0-2 2v2h1.5V2a.5.5 0 0 1 .5-.5h2V0H2Zm2 10.5H2a.5.5 0 0 1-.5-.5V8H0v2a2 2 0 0 0 2 2h2v-1.5ZM8 12v-1.5h2a.5.5 0 0 0 .5-.5V8H12v2a2 2 0 0 1-2 2H8Zm2-12a2 2 0 0 1 2 2v2h-1.5V2a.5.5 0 0 0-.5-.5H8V0h2Z\" \/>\n\t\t\t<\/svg>\n\t\t<\/button><figcaption class=\"wp-element-caption\">Zlat\u00fd interi\u00e9r konkatedr\u00e1ly sv\u00e4t\u00e9ho J\u00e1na (Foto: Mike McBey \/ Wikimedia Commons, CC BY 2.0)<\/figcaption><\/figure>\n\n\n\n<p class=\"wp-block-paragraph\">Vstupn\u00e9 sa tu s\u00edce plat\u00ed, ale prehliadka vraj za tie peniaze rozhodne stoj\u00ed, najm\u00e4 ke\u010f zv\u00e1\u017ei\u0161, \u017ee vn\u00fatri visia dve sl\u00e1vne Caravaggiove pl\u00e1tna. T\u00fdm najcennej\u0161\u00edm k\u00faskom je pochopite\u013ene <strong>monument\u00e1lny obraz S\u0165atie sv\u00e4t\u00e9ho J\u00e1na Krstite\u013ea<\/strong>, \u010do je mimochodom \u00faplne jedin\u00e9 pl\u00e1tno, ktor\u00e9 tento sl\u00e1vny taliansky maliar kedy osobne signoval, a ty ho m\u00f4\u017ee\u0161 vidie\u0165 na vlastn\u00e9 o\u010di.<\/p>\n\n\n\n<h3 id=\"3_Upper_Barrakka_Gardens_a_poludnajsia_salva\" class=\"wp-block-heading\"><span class=\"ez-toc-section\" id=\"3_Upper_Barrakka_Gardens_a_poludnajsia_salva\"><\/span>3. Upper Barrakka Gardens a polud\u0148aj\u0161ia salva<span class=\"ez-toc-section-end\"><\/span><\/h3>\n\n\n\n<p class=\"wp-block-paragraph\">Ak h\u013ead\u00e1\u0161 to \u00faplne najlep\u0161ie miesto na fotenie, mus\u00ed\u0161 sa pozrie\u0165 do t\u00fdchto prekr\u00e1snych z\u00e1hrad, odkia\u013e sa otv\u00e1ra <strong>spektakul\u00e1rny v\u00fdh\u013ead na cel\u00fd Grand Harbour<\/strong> a proti\u013eahl\u00e9 Tri mest\u00e1. Z\u00e1hrady p\u00f4vodne sl\u00fa\u017eili len na s\u00fakromn\u00e9 \u00fa\u010dely talianskych rytierov, ale dnes si v nich m\u00f4\u017ee\u0161 odd\u00fdchnu\u0165 pri font\u00e1ne a bezpe\u010dne sa schova\u0165 pred p\u00e1liacim letn\u00fdm slnie\u010dkom pod zdoben\u00fdmi ark\u00e1dami.<\/p>\n\n\n\n<figure data-wp-context=\"{&quot;imageId&quot;:&quot;6a9c5fe198abc&quot;}\" data-wp-interactive=\"core\/image\" data-wp-key=\"6a9c5fe198abc\" class=\"wp-block-image size-full wp-lightbox-container\"><img decoding=\"async\" width=\"1500\" height=\"1000\" data-wp-class--hide=\"state.isContentHidden\" data-wp-class--show=\"state.isContentVisible\" data-wp-init=\"callbacks.setButtonStyles\" data-wp-on--click=\"actions.showLightbox\" data-wp-on--load=\"callbacks.setButtonStyles\" data-wp-on--pointerdown=\"actions.preloadImage\" data-wp-on--pointerenter=\"actions.preloadImageWithDelay\" data-wp-on--pointerleave=\"actions.cancelPreload\" data-wp-on-window--resize=\"callbacks.setButtonStyles\" src=\"https:\/\/loudavymkrokem.cz\/wp-content\/uploads\/2026\/08\/dovolena-malta-t03.jpg\" alt=\"V\u00fdh\u013ead z Upper Barrakka Gardens\" class=\"wp-image-399655\" title=\"\" srcset=\"https:\/\/loudavymkrokem.cz\/wp-content\/uploads\/2026\/08\/dovolena-malta-t03.jpg 1500w, https:\/\/loudavymkrokem.cz\/wp-content\/uploads\/2026\/08\/dovolena-malta-t03-300x200.jpg 300w, https:\/\/loudavymkrokem.cz\/wp-content\/uploads\/2026\/08\/dovolena-malta-t03-700x467.jpg 700w, https:\/\/loudavymkrokem.cz\/wp-content\/uploads\/2026\/08\/dovolena-malta-t03-768x512.jpg 768w, https:\/\/loudavymkrokem.cz\/wp-content\/uploads\/2026\/08\/dovolena-malta-t03-696x464.jpg 696w, https:\/\/loudavymkrokem.cz\/wp-content\/uploads\/2026\/08\/dovolena-malta-t03-1392x928.jpg 1392w\" sizes=\"(max-width: 1500px) 100vw, 1500px\" \/><button\n\t\t\tclass=\"lightbox-trigger\"\n\t\t\ttype=\"button\"\n\t\t\taria-haspopup=\"dialog\"\n\t\t\tdata-wp-bind--aria-label=\"state.thisImage.triggerButtonAriaLabel\"\n\t\t\tdata-wp-init=\"callbacks.initTriggerButton\"\n\t\t\tdata-wp-on--click=\"actions.showLightbox\"\n\t\t\tdata-wp-style--right=\"state.thisImage.buttonRight\"\n\t\t\tdata-wp-style--top=\"state.thisImage.buttonTop\"\n\t\t>\n\t\t\t<svg xmlns=\"http:\/\/www.w3.org\/2000\/svg\" width=\"12\" height=\"12\" fill=\"none\" viewBox=\"0 0 12 12\">\n\t\t\t\t<path fill=\"#fff\" d=\"M2 0a2 2 0 0 0-2 2v2h1.5V2a.5.5 0 0 1 .5-.5h2V0H2Zm2 10.5H2a.5.5 0 0 1-.5-.5V8H0v2a2 2 0 0 0 2 2h2v-1.5ZM8 12v-1.5h2a.5.5 0 0 0 .5-.5V8H12v2a2 2 0 0 1-2 2H8Zm2-12a2 2 0 0 1 2 2v2h-1.5V2a.5.5 0 0 0-.5-.5H8V0h2Z\" \/>\n\t\t\t<\/svg>\n\t\t<\/button><figcaption class=\"wp-element-caption\">V\u00fdh\u013ead z Upper Barrakka Gardens (Foto: This photo was taken by Anton Zelenov.\nPlease credit this wi \/ Wikimedia Commons, CC BY-SA 4.0)<\/figcaption><\/figure>\n\n\n\n<p class=\"wp-block-paragraph\">Praktick\u00fdm tipom je napl\u00e1nova\u0165 si n\u00e1v\u0161tevu presne na prav\u00e9 poludnie alebo na \u0161tvrt\u00fa hodinu popoludn\u00ed, ke\u010f sa o poschodie ni\u017e\u0161ie na terase Saluting Battery odohr\u00e1va tradi\u010dn\u00e1 delov\u00e1 salva. Je to vraj poriadne hlasn\u00e1, ale <strong>ve\u013emi ob\u013e\u00faben\u00e1 historick\u00e1 uk\u00e1\u017eka<\/strong>, ktor\u00e1 \u0165a okam\u017eite prenesie o p\u00e1r storo\u010d\u00ed sp\u00e4\u0165 do doby neohrozen\u00fdch obrancov tohto mal\u00e9ho ostrova.<\/p>\n\n\n\n<h3 id=\"4_Grand_Harbour_prirodny_pristav_ktory_zmenil_dejiny\" class=\"wp-block-heading\"><span class=\"ez-toc-section\" id=\"4_Grand_Harbour_prirodny_pristav_ktory_zmenil_dejiny\"><\/span>4. Grand Harbour: pr\u00edrodn\u00fd pr\u00edstav, ktor\u00fd zmenil dejiny<span class=\"ez-toc-section-end\"><\/span><\/h3>\n\n\n\n<p class=\"wp-block-paragraph\">Tento obrovsk\u00fd pr\u00edrodn\u00fd pr\u00edstav formoval dejiny cel\u00e9ho Stredomoria a pod\u013ea mnoh\u00fdch turistick\u00fdch sprievodcov patr\u00ed k t\u00fdm najimpozantnej\u0161\u00edm na svete. Mohutn\u00e9 basti\u00f3ny a obrann\u00e9 m\u00fary tu stoja ako nem\u00ed svedkovia dramatick\u00fdch udalost\u00ed, pri\u010dom obzvl\u00e1\u0161\u0165 z\u00e1sadn\u00fa \u00falohu zohral pr\u00edstav po\u010das druhej svetovej vojny, za \u010do cel\u00e1 Malta dostala od britsk\u00e9ho kr\u00e1\u013ea <strong>sl\u00e1vny Juraja kr\u00ed\u017e za stato\u010dnos\u0165<\/strong>.<\/p>\n\n\n\n<figure data-wp-context=\"{&quot;imageId&quot;:&quot;6a9c5fe19914d&quot;}\" data-wp-interactive=\"core\/image\" data-wp-key=\"6a9c5fe19914d\" class=\"wp-block-image size-full wp-lightbox-container\"><img decoding=\"async\" width=\"1500\" height=\"1125\" data-wp-class--hide=\"state.isContentHidden\" data-wp-class--show=\"state.isContentVisible\" data-wp-init=\"callbacks.setButtonStyles\" data-wp-on--click=\"actions.showLightbox\" data-wp-on--load=\"callbacks.setButtonStyles\" data-wp-on--pointerdown=\"actions.preloadImage\" data-wp-on--pointerenter=\"actions.preloadImageWithDelay\" data-wp-on--pointerleave=\"actions.cancelPreload\" data-wp-on-window--resize=\"callbacks.setButtonStyles\" src=\"https:\/\/loudavymkrokem.cz\/wp-content\/uploads\/2026\/08\/dovolena-malta-t04.jpg\" alt=\"Grand Harbour na Malte\" class=\"wp-image-399663\" title=\"\" srcset=\"https:\/\/loudavymkrokem.cz\/wp-content\/uploads\/2026\/08\/dovolena-malta-t04.jpg 1500w, https:\/\/loudavymkrokem.cz\/wp-content\/uploads\/2026\/08\/dovolena-malta-t04-300x225.jpg 300w, https:\/\/loudavymkrokem.cz\/wp-content\/uploads\/2026\/08\/dovolena-malta-t04-700x525.jpg 700w, https:\/\/loudavymkrokem.cz\/wp-content\/uploads\/2026\/08\/dovolena-malta-t04-768x576.jpg 768w, https:\/\/loudavymkrokem.cz\/wp-content\/uploads\/2026\/08\/dovolena-malta-t04-80x60.jpg 80w, https:\/\/loudavymkrokem.cz\/wp-content\/uploads\/2026\/08\/dovolena-malta-t04-160x120.jpg 160w, https:\/\/loudavymkrokem.cz\/wp-content\/uploads\/2026\/08\/dovolena-malta-t04-696x522.jpg 696w, https:\/\/loudavymkrokem.cz\/wp-content\/uploads\/2026\/08\/dovolena-malta-t04-1392x1044.jpg 1392w\" sizes=\"(max-width: 1500px) 100vw, 1500px\" \/><button\n\t\t\tclass=\"lightbox-trigger\"\n\t\t\ttype=\"button\"\n\t\t\taria-haspopup=\"dialog\"\n\t\t\tdata-wp-bind--aria-label=\"state.thisImage.triggerButtonAriaLabel\"\n\t\t\tdata-wp-init=\"callbacks.initTriggerButton\"\n\t\t\tdata-wp-on--click=\"actions.showLightbox\"\n\t\t\tdata-wp-style--right=\"state.thisImage.buttonRight\"\n\t\t\tdata-wp-style--top=\"state.thisImage.buttonTop\"\n\t\t>\n\t\t\t<svg xmlns=\"http:\/\/www.w3.org\/2000\/svg\" width=\"12\" height=\"12\" fill=\"none\" viewBox=\"0 0 12 12\">\n\t\t\t\t<path fill=\"#fff\" d=\"M2 0a2 2 0 0 0-2 2v2h1.5V2a.5.5 0 0 1 .5-.5h2V0H2Zm2 10.5H2a.5.5 0 0 1-.5-.5V8H0v2a2 2 0 0 0 2 2h2v-1.5ZM8 12v-1.5h2a.5.5 0 0 0 .5-.5V8H12v2a2 2 0 0 1-2 2H8Zm2-12a2 2 0 0 1 2 2v2h-1.5V2a.5.5 0 0 0-.5-.5H8V0h2Z\" \/>\n\t\t\t<\/svg>\n\t\t<\/button><figcaption class=\"wp-element-caption\">Grand Harbour na Malte (Foto: Pacopac \/ Wikimedia Commons, CC BY-SA 4.0)<\/figcaption><\/figure>\n\n\n\n<p class=\"wp-block-paragraph\">\u00daplne najlep\u0161ie si vraj mohutnos\u0165 cel\u00e9ho opevnenia uvedom\u00ed\u0161 priamo z vodnej hladiny, tak\u017ee sa ve\u013emi oplat\u00ed vyrazi\u0165 na organizovan\u00fa vyhliadkov\u00fa plavbu lo\u010fkou. L\u00edstky si m\u00f4\u017ee\u0161 k\u00fapi\u0165 rovno na n\u00e1bre\u017e\u00ed vo Vallette a z paluby lode z\u00edska\u0161 na <strong>vysok\u00e9 hradby a historick\u00e9 pevnosti<\/strong> \u00faplne in\u00fa a ove\u013ea zauj\u00edmavej\u0161iu perspekt\u00edvu ne\u017e z pevniny.<\/p>\n\n\n\n<h3 id=\"5_Tri_mesta_Vittoriosa_Senglea_a_Cospicua\" class=\"wp-block-heading\"><span class=\"ez-toc-section\" id=\"5_Tri_mesta_Vittoriosa_Senglea_a_Cospicua\"><\/span>5. Tri mest\u00e1: Vittoriosa, Senglea a Cospicua<span class=\"ez-toc-section-end\"><\/span><\/h3>\n\n\n\n<p class=\"wp-block-paragraph\">Hne\u010f oproti hlavn\u00e9mu mestu le\u017eia Vittoriosa, Senglea a Cospicua, \u010do s\u00fa historick\u00e9 meste\u010dk\u00e1, kde vraj n\u00e1jde\u0161 <strong>ove\u013ea autentickej\u0161iu atmosf\u00e9ru<\/strong> ne\u017e v samotnej Vallette. Turistov sem vraj chod\u00ed o poznanie menej, tak\u017ee si m\u00f4\u017ee\u0161 v pokoji u\u017e\u00edva\u0165 potulky \u00fazkymi uli\u010dkami, obdivova\u0165 luxusn\u00e9 jachty v mar\u00edne a presk\u00fama\u0165 majest\u00e1tnu pevnos\u0165 Fort St Angelo.<\/p>\n\n\n\n<figure data-wp-context=\"{&quot;imageId&quot;:&quot;6a9c5fe199787&quot;}\" data-wp-interactive=\"core\/image\" data-wp-key=\"6a9c5fe199787\" class=\"wp-block-image size-full wp-lightbox-container\"><img decoding=\"async\" width=\"1500\" height=\"887\" data-wp-class--hide=\"state.isContentHidden\" data-wp-class--show=\"state.isContentVisible\" data-wp-init=\"callbacks.setButtonStyles\" data-wp-on--click=\"actions.showLightbox\" data-wp-on--load=\"callbacks.setButtonStyles\" data-wp-on--pointerdown=\"actions.preloadImage\" data-wp-on--pointerenter=\"actions.preloadImageWithDelay\" data-wp-on--pointerleave=\"actions.cancelPreload\" data-wp-on-window--resize=\"callbacks.setButtonStyles\" src=\"https:\/\/loudavymkrokem.cz\/wp-content\/uploads\/2026\/08\/dovolena-malta-t05.jpg\" alt=\"Vittoriosa a Fort St Angelo v Grand Harbour\" class=\"wp-image-399744\" title=\"\" srcset=\"https:\/\/loudavymkrokem.cz\/wp-content\/uploads\/2026\/08\/dovolena-malta-t05.jpg 1500w, https:\/\/loudavymkrokem.cz\/wp-content\/uploads\/2026\/08\/dovolena-malta-t05-300x177.jpg 300w, https:\/\/loudavymkrokem.cz\/wp-content\/uploads\/2026\/08\/dovolena-malta-t05-700x414.jpg 700w, https:\/\/loudavymkrokem.cz\/wp-content\/uploads\/2026\/08\/dovolena-malta-t05-768x454.jpg 768w, https:\/\/loudavymkrokem.cz\/wp-content\/uploads\/2026\/08\/dovolena-malta-t05-696x412.jpg 696w, https:\/\/loudavymkrokem.cz\/wp-content\/uploads\/2026\/08\/dovolena-malta-t05-1392x823.jpg 1392w\" sizes=\"(max-width: 1500px) 100vw, 1500px\" \/><button\n\t\t\tclass=\"lightbox-trigger\"\n\t\t\ttype=\"button\"\n\t\t\taria-haspopup=\"dialog\"\n\t\t\tdata-wp-bind--aria-label=\"state.thisImage.triggerButtonAriaLabel\"\n\t\t\tdata-wp-init=\"callbacks.initTriggerButton\"\n\t\t\tdata-wp-on--click=\"actions.showLightbox\"\n\t\t\tdata-wp-style--right=\"state.thisImage.buttonRight\"\n\t\t\tdata-wp-style--top=\"state.thisImage.buttonTop\"\n\t\t>\n\t\t\t<svg xmlns=\"http:\/\/www.w3.org\/2000\/svg\" width=\"12\" height=\"12\" fill=\"none\" viewBox=\"0 0 12 12\">\n\t\t\t\t<path fill=\"#fff\" d=\"M2 0a2 2 0 0 0-2 2v2h1.5V2a.5.5 0 0 1 .5-.5h2V0H2Zm2 10.5H2a.5.5 0 0 1-.5-.5V8H0v2a2 2 0 0 0 2 2h2v-1.5ZM8 12v-1.5h2a.5.5 0 0 0 .5-.5V8H12v2a2 2 0 0 1-2 2H8Zm2-12a2 2 0 0 1 2 2v2h-1.5V2a.5.5 0 0 0-.5-.5H8V0h2Z\" \/>\n\t\t\t<\/svg>\n\t\t<\/button><figcaption class=\"wp-element-caption\">Vittoriosa a Fort St Angelo v Grand Harbour (Foto: Karelj \/ Wikimedia Commons, CC BY-SA 3.0)<\/figcaption><\/figure>\n\n\n\n<p class=\"wp-block-paragraph\">Cestovatelia odpor\u00fa\u010daj\u00fa cestu z Valletty nepodnika\u0165 autobusom, ale rad\u0161ej sa necha\u0165 preplavi\u0165 na proti\u013eahl\u00fd breh tradi\u010dnou drevenou lo\u010fkou zvanou dg\u0127ajsa. Cesta trv\u00e1 len p\u00e1r min\u00fat a stoj\u00ed obvykle okolo dvoch eur, len si nezabudni dojedna\u0165 kvalitn\u00e9 <a href=\"https:\/\/loudavymkrokem.cz\/jak-vybrat-cestovni-pojisteni-na-dovolenou\/\">cestovn\u00e9 poistenie<\/a>, preto\u017ee ide o mal\u00e9 plavidl\u00e1 a bezpe\u010dnos\u0165 je v\u017edy na prvom mieste.<\/p>\n\n\n\n<h3 id=\"6_Sliema_a_St_Julian_s_promenada_nakupy_a_nocny_zivot\" class=\"wp-block-heading\"><span class=\"ez-toc-section\" id=\"6_Sliema_a_St_Julians_promenada_nakupy_a_nocny_zivot\"><\/span>6. Sliema a St Julian&#8217;s: promen\u00e1da, n\u00e1kupy a no\u010dn\u00fd \u017eivot<span class=\"ez-toc-section-end\"><\/span><\/h3>\n\n\n\n<p class=\"wp-block-paragraph\">Ak t\u00fa\u017ei\u0161 po modernom mestskom ruchu, n\u00e1kupn\u00fdch centr\u00e1ch a \u0161irokej pr\u00edmorskej promen\u00e1de, tieto dve prepojen\u00e9 \u0161tvrte \u0165a ur\u010dite nesklam\u00fa. Zatia\u013e \u010do malebn\u00e1 z\u00e1toka Spinola Bay je pln\u00e1 fotogenick\u00fdch farebn\u00fdch lo\u010fok, pobre\u017en\u00e1 promen\u00e1da vraj pon\u00faka <strong>ide\u00e1lne podmienky na ve\u010dern\u00e9 prech\u00e1dzky<\/strong> a popul\u00e1rne k\u00fapanie priamo z bet\u00f3nov\u00fdch m\u00f3l a \u00fatesov.<\/p>\n\n\n\n<figure data-wp-context=\"{&quot;imageId&quot;:&quot;6a9c5fe199ee7&quot;}\" data-wp-interactive=\"core\/image\" data-wp-key=\"6a9c5fe199ee7\" class=\"wp-block-image size-full wp-lightbox-container\"><img decoding=\"async\" width=\"1500\" height=\"999\" data-wp-class--hide=\"state.isContentHidden\" data-wp-class--show=\"state.isContentVisible\" data-wp-init=\"callbacks.setButtonStyles\" data-wp-on--click=\"actions.showLightbox\" data-wp-on--load=\"callbacks.setButtonStyles\" data-wp-on--pointerdown=\"actions.preloadImage\" data-wp-on--pointerenter=\"actions.preloadImageWithDelay\" data-wp-on--pointerleave=\"actions.cancelPreload\" data-wp-on-window--resize=\"callbacks.setButtonStyles\" src=\"https:\/\/loudavymkrokem.cz\/wp-content\/uploads\/2026\/08\/dovolena-malta-t06.jpg\" alt=\"Spinola Bay v St Julian&#039;s\" class=\"wp-image-399672\" title=\"\" srcset=\"https:\/\/loudavymkrokem.cz\/wp-content\/uploads\/2026\/08\/dovolena-malta-t06.jpg 1500w, https:\/\/loudavymkrokem.cz\/wp-content\/uploads\/2026\/08\/dovolena-malta-t06-300x200.jpg 300w, https:\/\/loudavymkrokem.cz\/wp-content\/uploads\/2026\/08\/dovolena-malta-t06-700x466.jpg 700w, https:\/\/loudavymkrokem.cz\/wp-content\/uploads\/2026\/08\/dovolena-malta-t06-768x511.jpg 768w, https:\/\/loudavymkrokem.cz\/wp-content\/uploads\/2026\/08\/dovolena-malta-t06-696x464.jpg 696w, https:\/\/loudavymkrokem.cz\/wp-content\/uploads\/2026\/08\/dovolena-malta-t06-1392x927.jpg 1392w\" sizes=\"(max-width: 1500px) 100vw, 1500px\" \/><button\n\t\t\tclass=\"lightbox-trigger\"\n\t\t\ttype=\"button\"\n\t\t\taria-haspopup=\"dialog\"\n\t\t\tdata-wp-bind--aria-label=\"state.thisImage.triggerButtonAriaLabel\"\n\t\t\tdata-wp-init=\"callbacks.initTriggerButton\"\n\t\t\tdata-wp-on--click=\"actions.showLightbox\"\n\t\t\tdata-wp-style--right=\"state.thisImage.buttonRight\"\n\t\t\tdata-wp-style--top=\"state.thisImage.buttonTop\"\n\t\t>\n\t\t\t<svg xmlns=\"http:\/\/www.w3.org\/2000\/svg\" width=\"12\" height=\"12\" fill=\"none\" viewBox=\"0 0 12 12\">\n\t\t\t\t<path fill=\"#fff\" d=\"M2 0a2 2 0 0 0-2 2v2h1.5V2a.5.5 0 0 1 .5-.5h2V0H2Zm2 10.5H2a.5.5 0 0 1-.5-.5V8H0v2a2 2 0 0 0 2 2h2v-1.5ZM8 12v-1.5h2a.5.5 0 0 0 .5-.5V8H12v2a2 2 0 0 1-2 2H8Zm2-12a2 2 0 0 1 2 2v2h-1.5V2a.5.5 0 0 0-.5-.5H8V0h2Z\" \/>\n\t\t\t<\/svg>\n\t\t<\/button><figcaption class=\"wp-element-caption\">Spinola Bay v St Julian&#8217;s (Foto: This photo was taken by Anton Zelenov.\nPlease credit this wi \/ Wikimedia Commons, CC BY-SA 4.0)<\/figcaption><\/figure>\n\n\n\n<p class=\"wp-block-paragraph\">Cestovatelia v\u0161ak varuj\u00fa pred oblas\u0165ou Paceville vo \u0161tvrti St Julian&#8217;s, ktor\u00e1 funguje ako jedna obrovsk\u00e1 a ve\u013emi hlu\u010dn\u00e1 party z\u00f3na. Ak pr\u00e1ve neh\u013ead\u00e1\u0161 divok\u00e9 no\u010dn\u00e9 kluby a lacn\u00e9 bary pln\u00e9 \u0161tudentov z jazykov\u00fdch \u0161k\u00f4l, <strong>rad\u0161ej sa tejto lokalite v noci vyhni obl\u00fakom<\/strong> a ubytuj sa v nejakej pokojnej\u0161ej \u010dasti ostrova \ud83d\ude05.<\/p>\n\n\n\n<h3 id=\"7_Mdina_Tiche_mesto_za_hradbami\" class=\"wp-block-heading\"><span class=\"ez-toc-section\" id=\"7_Mdina_Tiche_mesto_za_hradbami\"><\/span>7. Mdina: Tich\u00e9 mesto za hradbami<span class=\"ez-toc-section-end\"><\/span><\/h3>\n\n\n\n<p class=\"wp-block-paragraph\">B\u00fdval\u00e9 hlavn\u00e9 mesto le\u017e\u00ed bezpe\u010dne ukryt\u00e9 za vysok\u00fdmi hradbami v strede ostrova a v\u010faka svojej jedine\u010dnej atmosf\u00e9re sa mu \u00faplne opr\u00e1vnene prez\u00fdva Tich\u00e9 mesto. Fan\u00fa\u0161ikovia seri\u00e1lov ur\u010dite spoznaj\u00fa majest\u00e1tnu hlavn\u00fa br\u00e1nu Mdina Gate, preto\u017ee sa tu <strong>nakr\u00facali sc\u00e9ny pre sl\u00e1vnu Hru o tr\u00f3ny<\/strong>, ale v\u0161etk\u00fdch n\u00e1v\u0161tevn\u00edkov spo\u013eahlivo o\u010dar\u00ed sple\u0165 \u00fazkych pieskovcov\u00fdch uli\u010diek.<\/p>\n\n\n\n<figure data-wp-context=\"{&quot;imageId&quot;:&quot;6a9c5fe19a435&quot;}\" data-wp-interactive=\"core\/image\" data-wp-key=\"6a9c5fe19a435\" class=\"wp-block-image size-full wp-lightbox-container\"><img decoding=\"async\" width=\"1500\" height=\"1125\" data-wp-class--hide=\"state.isContentHidden\" data-wp-class--show=\"state.isContentVisible\" data-wp-init=\"callbacks.setButtonStyles\" data-wp-on--click=\"actions.showLightbox\" data-wp-on--load=\"callbacks.setButtonStyles\" data-wp-on--pointerdown=\"actions.preloadImage\" data-wp-on--pointerenter=\"actions.preloadImageWithDelay\" data-wp-on--pointerleave=\"actions.cancelPreload\" data-wp-on-window--resize=\"callbacks.setButtonStyles\" src=\"https:\/\/loudavymkrokem.cz\/wp-content\/uploads\/2026\/08\/dovolena-malta-t07.jpg\" alt=\"Br\u00e1na do Mdiny, Tich\u00e9ho mesta\" class=\"wp-image-399675\" title=\"\" srcset=\"https:\/\/loudavymkrokem.cz\/wp-content\/uploads\/2026\/08\/dovolena-malta-t07.jpg 1500w, https:\/\/loudavymkrokem.cz\/wp-content\/uploads\/2026\/08\/dovolena-malta-t07-300x225.jpg 300w, https:\/\/loudavymkrokem.cz\/wp-content\/uploads\/2026\/08\/dovolena-malta-t07-700x525.jpg 700w, https:\/\/loudavymkrokem.cz\/wp-content\/uploads\/2026\/08\/dovolena-malta-t07-768x576.jpg 768w, https:\/\/loudavymkrokem.cz\/wp-content\/uploads\/2026\/08\/dovolena-malta-t07-80x60.jpg 80w, https:\/\/loudavymkrokem.cz\/wp-content\/uploads\/2026\/08\/dovolena-malta-t07-160x120.jpg 160w, https:\/\/loudavymkrokem.cz\/wp-content\/uploads\/2026\/08\/dovolena-malta-t07-696x522.jpg 696w, https:\/\/loudavymkrokem.cz\/wp-content\/uploads\/2026\/08\/dovolena-malta-t07-1392x1044.jpg 1392w\" sizes=\"(max-width: 1500px) 100vw, 1500px\" \/><button\n\t\t\tclass=\"lightbox-trigger\"\n\t\t\ttype=\"button\"\n\t\t\taria-haspopup=\"dialog\"\n\t\t\tdata-wp-bind--aria-label=\"state.thisImage.triggerButtonAriaLabel\"\n\t\t\tdata-wp-init=\"callbacks.initTriggerButton\"\n\t\t\tdata-wp-on--click=\"actions.showLightbox\"\n\t\t\tdata-wp-style--right=\"state.thisImage.buttonRight\"\n\t\t\tdata-wp-style--top=\"state.thisImage.buttonTop\"\n\t\t>\n\t\t\t<svg xmlns=\"http:\/\/www.w3.org\/2000\/svg\" width=\"12\" height=\"12\" fill=\"none\" viewBox=\"0 0 12 12\">\n\t\t\t\t<path fill=\"#fff\" d=\"M2 0a2 2 0 0 0-2 2v2h1.5V2a.5.5 0 0 1 .5-.5h2V0H2Zm2 10.5H2a.5.5 0 0 1-.5-.5V8H0v2a2 2 0 0 0 2 2h2v-1.5ZM8 12v-1.5h2a.5.5 0 0 0 .5-.5V8H12v2a2 2 0 0 1-2 2H8Zm2-12a2 2 0 0 1 2 2v2h-1.5V2a.5.5 0 0 0-.5-.5H8V0h2Z\" \/>\n\t\t\t<\/svg>\n\t\t<\/button><figcaption class=\"wp-element-caption\">Br\u00e1na do Mdiny, Tich\u00e9ho mesta (Foto: Simontabone \/ Wikimedia Commons, CC BY-SA 4.0)<\/figcaption><\/figure>\n\n\n\n<p class=\"wp-block-paragraph\">Cez de\u0148 b\u00fdva vn\u00fatri hradieb pomerne ru\u0161no, preto sa odpor\u00fa\u010da pr\u00eds\u0165 sem na prehliadku a\u017e v podve\u010der, ke\u010f v\u00e4\u010d\u0161ina organizovan\u00fdch v\u00fdletov od\u00edde sp\u00e4\u0165 k moru. Po zotmen\u00ed zost\u00e1vaj\u00fa historick\u00e9 ulice takmer bez\u013eudn\u00e9, lampy vrhaj\u00fa dlh\u00e9 tiene a ty vraj a\u017e v t\u00fa chv\u00ed\u013eu <strong>dokonale pochop\u00ed\u0161, pre\u010do si Mdina svoje tich\u00e9 meno naozaj zasl\u00fa\u017ei<\/strong>.<\/p>\n\n\n\n<h3 id=\"8_Rabat_a_katakomby_svateho_Pavla\" class=\"wp-block-heading\"><span class=\"ez-toc-section\" id=\"8_Rabat_a_katakomby_svateho_Pavla\"><\/span>8. Rabat a katakomby sv\u00e4t\u00e9ho Pavla<span class=\"ez-toc-section-end\"><\/span><\/h3>\n\n\n\n<p class=\"wp-block-paragraph\">Hne\u010f za hradbami Mdiny plynulo nadv\u00e4zuje susedn\u00e9 meste\u010dko Rabat, ktor\u00e9 pod svojimi ulicami ukr\u00fdva <strong>fascinuj\u00face roz\u013eahl\u00e9 rannokres\u0165ansk\u00e9 podzemn\u00e9 pohrebisko<\/strong>. Pr\u00e1ve tu m\u00f4\u017ee\u0161 bezpe\u010dne presk\u00fama\u0165 temn\u00e9 katakomby, kde sa kedysi pochov\u00e1vali m\u0155tvi, a nahliadnu\u0165 do uctievanej jaskyne sv\u00e4t\u00e9ho Pavla, v ktorej vraj tento apo\u0161tol pob\u00fdval po svojom \u00fadajnom stroskotan\u00ed.<\/p>\n\n\n\n<figure data-wp-context=\"{&quot;imageId&quot;:&quot;6a9c5fe19aa95&quot;}\" data-wp-interactive=\"core\/image\" data-wp-key=\"6a9c5fe19aa95\" class=\"wp-block-image size-full wp-lightbox-container\"><img decoding=\"async\" width=\"1500\" height=\"1149\" data-wp-class--hide=\"state.isContentHidden\" data-wp-class--show=\"state.isContentVisible\" data-wp-init=\"callbacks.setButtonStyles\" data-wp-on--click=\"actions.showLightbox\" data-wp-on--load=\"callbacks.setButtonStyles\" data-wp-on--pointerdown=\"actions.preloadImage\" data-wp-on--pointerenter=\"actions.preloadImageWithDelay\" data-wp-on--pointerleave=\"actions.cancelPreload\" data-wp-on-window--resize=\"callbacks.setButtonStyles\" src=\"https:\/\/loudavymkrokem.cz\/wp-content\/uploads\/2026\/08\/dovolena-malta-t08.jpg\" alt=\"Katakomby sv\u00e4t\u00e9ho Pavla v Rabate\" class=\"wp-image-399680\" title=\"\" srcset=\"https:\/\/loudavymkrokem.cz\/wp-content\/uploads\/2026\/08\/dovolena-malta-t08.jpg 1500w, https:\/\/loudavymkrokem.cz\/wp-content\/uploads\/2026\/08\/dovolena-malta-t08-300x230.jpg 300w, https:\/\/loudavymkrokem.cz\/wp-content\/uploads\/2026\/08\/dovolena-malta-t08-700x536.jpg 700w, https:\/\/loudavymkrokem.cz\/wp-content\/uploads\/2026\/08\/dovolena-malta-t08-768x588.jpg 768w, https:\/\/loudavymkrokem.cz\/wp-content\/uploads\/2026\/08\/dovolena-malta-t08-80x60.jpg 80w, https:\/\/loudavymkrokem.cz\/wp-content\/uploads\/2026\/08\/dovolena-malta-t08-696x533.jpg 696w, https:\/\/loudavymkrokem.cz\/wp-content\/uploads\/2026\/08\/dovolena-malta-t08-1392x1066.jpg 1392w\" sizes=\"(max-width: 1500px) 100vw, 1500px\" \/><button\n\t\t\tclass=\"lightbox-trigger\"\n\t\t\ttype=\"button\"\n\t\t\taria-haspopup=\"dialog\"\n\t\t\tdata-wp-bind--aria-label=\"state.thisImage.triggerButtonAriaLabel\"\n\t\t\tdata-wp-init=\"callbacks.initTriggerButton\"\n\t\t\tdata-wp-on--click=\"actions.showLightbox\"\n\t\t\tdata-wp-style--right=\"state.thisImage.buttonRight\"\n\t\t\tdata-wp-style--top=\"state.thisImage.buttonTop\"\n\t\t>\n\t\t\t<svg xmlns=\"http:\/\/www.w3.org\/2000\/svg\" width=\"12\" height=\"12\" fill=\"none\" viewBox=\"0 0 12 12\">\n\t\t\t\t<path fill=\"#fff\" d=\"M2 0a2 2 0 0 0-2 2v2h1.5V2a.5.5 0 0 1 .5-.5h2V0H2Zm2 10.5H2a.5.5 0 0 1-.5-.5V8H0v2a2 2 0 0 0 2 2h2v-1.5ZM8 12v-1.5h2a.5.5 0 0 0 .5-.5V8H12v2a2 2 0 0 1-2 2H8Zm2-12a2 2 0 0 1 2 2v2h-1.5V2a.5.5 0 0 0-.5-.5H8V0h2Z\" \/>\n\t\t\t<\/svg>\n\t\t<\/button><figcaption class=\"wp-element-caption\">Katakomby sv\u00e4t\u00e9ho Pavla v Rabate (Foto: Diego Delso \/ Wikimedia Commons, CC BY-SA 4.0)<\/figcaption><\/figure>\n\n\n\n<p class=\"wp-block-paragraph\">Prehliadka spletit\u00fdch podzemn\u00fdch chodieb zaberie minim\u00e1lne hodinu a je dobr\u00e9 vedie\u0165, \u017ee dolu b\u00fdva pomerne chladno, tak\u017ee sa ti z\u00edde \u013eahk\u00fd sveter. Otv\u00e1raciu dobu si rad\u0161ej <strong>v\u017edy vopred over na ofici\u00e1lnom webe<\/strong>, preto\u017ee sa m\u00f4\u017ee meni\u0165 pod\u013ea sez\u00f3ny, a do niektor\u00fdch \u00fasekov nie je \u00faplne \u013eahk\u00fd pr\u00edstup pre \u013eud\u00ed so zn\u00ed\u017eenou pohyblivos\u0165ou.<\/p>\n\n\n\n<h3 id=\"9_Rotunda_v_Moste_a_pribeh_bomby\" class=\"wp-block-heading\"><span class=\"ez-toc-section\" id=\"9_Rotunda_v_Moste_a_pribeh_bomby\"><\/span>9. Rotunda v Moste a pr\u00edbeh bomby<span class=\"ez-toc-section-end\"><\/span><\/h3>\n\n\n\n<p class=\"wp-block-paragraph\">Monument\u00e1lny kostol v meste\u010dku Mosta sa p\u00fd\u0161i jednou z najv\u00e4\u010d\u0161\u00edch nepodopret\u00fdch kupol v celej Eur\u00f3pe a u\u017e z dia\u013eky tvor\u00ed neprehliadnute\u013en\u00fa dominantu cel\u00e9ho ostrova. Nejde v\u0161ak len o p\u00f4sobiv\u00fa architekt\u00faru, preto\u017ee sa k tomuto miestu via\u017ee <strong>takmer neuverite\u013en\u00fd pr\u00edbeh z druhej svetovej vojny<\/strong>, ktor\u00fd z neho urobil jedno z najvyh\u013ead\u00e1vanej\u0161\u00edch miest na Malte.<\/p>\n\n\n\n<figure data-wp-context=\"{&quot;imageId&quot;:&quot;6a9c5fe19b1f4&quot;}\" data-wp-interactive=\"core\/image\" data-wp-key=\"6a9c5fe19b1f4\" class=\"wp-block-image size-full wp-lightbox-container\"><img decoding=\"async\" width=\"1500\" height=\"998\" data-wp-class--hide=\"state.isContentHidden\" data-wp-class--show=\"state.isContentVisible\" data-wp-init=\"callbacks.setButtonStyles\" data-wp-on--click=\"actions.showLightbox\" data-wp-on--load=\"callbacks.setButtonStyles\" data-wp-on--pointerdown=\"actions.preloadImage\" data-wp-on--pointerenter=\"actions.preloadImageWithDelay\" data-wp-on--pointerleave=\"actions.cancelPreload\" data-wp-on-window--resize=\"callbacks.setButtonStyles\" src=\"https:\/\/loudavymkrokem.cz\/wp-content\/uploads\/2026\/08\/dovolena-malta-t09.jpg\" alt=\"Rotunda v Moste s obrou kupolou\" class=\"wp-image-399687\" title=\"\" srcset=\"https:\/\/loudavymkrokem.cz\/wp-content\/uploads\/2026\/08\/dovolena-malta-t09.jpg 1500w, https:\/\/loudavymkrokem.cz\/wp-content\/uploads\/2026\/08\/dovolena-malta-t09-300x200.jpg 300w, https:\/\/loudavymkrokem.cz\/wp-content\/uploads\/2026\/08\/dovolena-malta-t09-700x466.jpg 700w, https:\/\/loudavymkrokem.cz\/wp-content\/uploads\/2026\/08\/dovolena-malta-t09-768x511.jpg 768w, https:\/\/loudavymkrokem.cz\/wp-content\/uploads\/2026\/08\/dovolena-malta-t09-696x463.jpg 696w, https:\/\/loudavymkrokem.cz\/wp-content\/uploads\/2026\/08\/dovolena-malta-t09-1392x926.jpg 1392w\" sizes=\"(max-width: 1500px) 100vw, 1500px\" \/><button\n\t\t\tclass=\"lightbox-trigger\"\n\t\t\ttype=\"button\"\n\t\t\taria-haspopup=\"dialog\"\n\t\t\tdata-wp-bind--aria-label=\"state.thisImage.triggerButtonAriaLabel\"\n\t\t\tdata-wp-init=\"callbacks.initTriggerButton\"\n\t\t\tdata-wp-on--click=\"actions.showLightbox\"\n\t\t\tdata-wp-style--right=\"state.thisImage.buttonRight\"\n\t\t\tdata-wp-style--top=\"state.thisImage.buttonTop\"\n\t\t>\n\t\t\t<svg xmlns=\"http:\/\/www.w3.org\/2000\/svg\" width=\"12\" height=\"12\" fill=\"none\" viewBox=\"0 0 12 12\">\n\t\t\t\t<path fill=\"#fff\" d=\"M2 0a2 2 0 0 0-2 2v2h1.5V2a.5.5 0 0 1 .5-.5h2V0H2Zm2 10.5H2a.5.5 0 0 1-.5-.5V8H0v2a2 2 0 0 0 2 2h2v-1.5ZM8 12v-1.5h2a.5.5 0 0 0 .5-.5V8H12v2a2 2 0 0 1-2 2H8Zm2-12a2 2 0 0 1 2 2v2h-1.5V2a.5.5 0 0 0-.5-.5H8V0h2Z\" \/>\n\t\t\t<\/svg>\n\t\t<\/button><figcaption class=\"wp-element-caption\">Rotunda v Moste s obrou kupolou (Foto: Mstyslav Chernov \/ Wikimedia Commons, CC BY-SA 3.0)<\/figcaption><\/figure>\n\n\n\n<p class=\"wp-block-paragraph\">V apr\u00edli 1942 toti\u017e po\u010das om\u0161e prerazila obrovsk\u00fa kupolu nemeck\u00e1 leteck\u00e1 bomba, dopadla priamo doprostred pln\u00e9ho kostola, ale ako z\u00e1zrakom v\u00f4bec nevybuchla. Dnes si vn\u00fatri m\u00f4\u017ee\u0161 prezrie\u0165 <strong>presn\u00fa repliku tejto sl\u00e1vnej bomby<\/strong> a miestni dodnes pevne veria, \u017ee vtedy nad tromi stovkami veriacich st\u00e1li jednoducho v\u0161etci sv\u00e4t\u00ed.<\/p>\n\n\n\n<h3 id=\"10_Dingli_Cliffs_utesy_nad_zapadnym_pobrezim\" class=\"wp-block-heading\"><span class=\"ez-toc-section\" id=\"10_Dingli_Cliffs_utesy_nad_zapadnym_pobrezim\"><\/span>10. Dingli Cliffs: \u00fatesy nad z\u00e1padn\u00fdm pobre\u017e\u00edm<span class=\"ez-toc-section-end\"><\/span><\/h3>\n\n\n\n<p class=\"wp-block-paragraph\">Pre milovn\u00edkov pr\u00edrody a dramatick\u00fdch v\u00fdh\u013eadov s\u00fa tieto mohutn\u00e9 \u00fatesy na z\u00e1padnom pobre\u017e\u00ed \u00faplnou povinnos\u0165ou, preto\u017ee tvoria v\u00f4bec najvy\u0161\u0161\u00ed bod cel\u00e9ho s\u00faostrovia. V\u00e1pencov\u00e9 steny padaj\u00fa strmo priamo do mora a pod\u013ea sk\u00fasenost\u00ed ostatn\u00fdch cestovate\u013eov tu za\u017eije\u0161 <strong>t\u00fa najkraj\u0161iu a najpokojnej\u0161iu prech\u00e1dzku<\/strong>, kde \u0165a bude sprev\u00e1dza\u0165 len zvuk vetra a morsk\u00e9ho pr\u00edboja.<\/p>\n\n\n\n<figure data-wp-context=\"{&quot;imageId&quot;:&quot;6a9c5fe19b859&quot;}\" data-wp-interactive=\"core\/image\" data-wp-key=\"6a9c5fe19b859\" class=\"wp-block-image size-full wp-lightbox-container\"><img decoding=\"async\" width=\"1500\" height=\"1042\" data-wp-class--hide=\"state.isContentHidden\" data-wp-class--show=\"state.isContentVisible\" data-wp-init=\"callbacks.setButtonStyles\" data-wp-on--click=\"actions.showLightbox\" data-wp-on--load=\"callbacks.setButtonStyles\" data-wp-on--pointerdown=\"actions.preloadImage\" data-wp-on--pointerenter=\"actions.preloadImageWithDelay\" data-wp-on--pointerleave=\"actions.cancelPreload\" data-wp-on-window--resize=\"callbacks.setButtonStyles\" src=\"https:\/\/loudavymkrokem.cz\/wp-content\/uploads\/2026\/08\/dovolena-malta-t10.jpg\" alt=\"\u00datesy Dingli na z\u00e1padnom pobre\u017e\u00ed\" class=\"wp-image-399692\" title=\"\" srcset=\"https:\/\/loudavymkrokem.cz\/wp-content\/uploads\/2026\/08\/dovolena-malta-t10.jpg 1500w, https:\/\/loudavymkrokem.cz\/wp-content\/uploads\/2026\/08\/dovolena-malta-t10-300x208.jpg 300w, https:\/\/loudavymkrokem.cz\/wp-content\/uploads\/2026\/08\/dovolena-malta-t10-700x486.jpg 700w, https:\/\/loudavymkrokem.cz\/wp-content\/uploads\/2026\/08\/dovolena-malta-t10-768x534.jpg 768w, https:\/\/loudavymkrokem.cz\/wp-content\/uploads\/2026\/08\/dovolena-malta-t10-696x483.jpg 696w, https:\/\/loudavymkrokem.cz\/wp-content\/uploads\/2026\/08\/dovolena-malta-t10-1392x967.jpg 1392w\" sizes=\"(max-width: 1500px) 100vw, 1500px\" \/><button\n\t\t\tclass=\"lightbox-trigger\"\n\t\t\ttype=\"button\"\n\t\t\taria-haspopup=\"dialog\"\n\t\t\tdata-wp-bind--aria-label=\"state.thisImage.triggerButtonAriaLabel\"\n\t\t\tdata-wp-init=\"callbacks.initTriggerButton\"\n\t\t\tdata-wp-on--click=\"actions.showLightbox\"\n\t\t\tdata-wp-style--right=\"state.thisImage.buttonRight\"\n\t\t\tdata-wp-style--top=\"state.thisImage.buttonTop\"\n\t\t>\n\t\t\t<svg xmlns=\"http:\/\/www.w3.org\/2000\/svg\" width=\"12\" height=\"12\" fill=\"none\" viewBox=\"0 0 12 12\">\n\t\t\t\t<path fill=\"#fff\" d=\"M2 0a2 2 0 0 0-2 2v2h1.5V2a.5.5 0 0 1 .5-.5h2V0H2Zm2 10.5H2a.5.5 0 0 1-.5-.5V8H0v2a2 2 0 0 0 2 2h2v-1.5ZM8 12v-1.5h2a.5.5 0 0 0 .5-.5V8H12v2a2 2 0 0 1-2 2H8Zm2-12a2 2 0 0 1 2 2v2h-1.5V2a.5.5 0 0 0-.5-.5H8V0h2Z\" \/>\n\t\t\t<\/svg>\n\t\t<\/button><figcaption class=\"wp-element-caption\">\u00datesy Dingli na z\u00e1padnom pobre\u017e\u00ed (Foto: Felix K\u00f6nig \/ Wikimedia Commons, CC BY 3.0)<\/figcaption><\/figure>\n\n\n\n<p class=\"wp-block-paragraph\">\u00datesy s\u00fa logicky najviac o\u010daruj\u00face v podve\u010der, ke\u010f sa sem zbiehaj\u00fa fotografi lovi\u0165 tie najlep\u0161ie fotky zapadaj\u00faceho slnka. Aby si sa sem dostal, sta\u010d\u00ed nasadn\u00fa\u0165 na autobus, ale pam\u00e4taj si, \u017ee <strong>od zast\u00e1vky sa mus\u00ed\u0161 k\u00fasok prejs\u0165 pe\u0161o<\/strong>, tak\u017ee pohodln\u00e9 top\u00e1nky s\u00fa rozhodne lep\u0161ou vo\u013ebou ne\u017e tenk\u00e9 pl\u00e1\u017eov\u00e9 \u0161\u013eapky.<\/p>\n\n\n\n<h3 id=\"11_Mosta_Naxxar_a_Palazzo_Parisio\" class=\"wp-block-heading\"><span class=\"ez-toc-section\" id=\"11_Mosta_Naxxar_a_Palazzo_Parisio\"><\/span>11. Mosta, Naxxar a Palazzo Parisio<span class=\"ez-toc-section-end\"><\/span><\/h3>\n\n\n\n<p class=\"wp-block-paragraph\">Ke\u010f u\u017e bude\u0161 sk\u00fama\u0165 stred ostrova okolo meste\u010dka Mosta, ur\u010dite by si nemal min\u00fa\u0165 susedn\u00fa dedinu Naxxar, kde stoj\u00ed \u00faplne \u00fachvatn\u00e9 \u0161\u013eachtick\u00e9 s\u00eddlo. Pal\u00e1c Palazzo Parisio si toti\u017e medzi turistami vysl\u00fa\u017eil <strong>prez\u00fdvku maltsk\u00e9 mal\u00e9 Versailles<\/strong>, a to predov\u0161etk\u00fdm v\u010faka svojmu bohato zdoben\u00e9mu interi\u00e9ru a prekr\u00e1snej udr\u017eiavanej z\u00e1hrade.<\/p>\n\n\n\n<figure data-wp-context=\"{&quot;imageId&quot;:&quot;6a9c5fe19beab&quot;}\" data-wp-interactive=\"core\/image\" data-wp-key=\"6a9c5fe19beab\" class=\"wp-block-image size-full wp-lightbox-container\"><img decoding=\"async\" width=\"1500\" height=\"1120\" data-wp-class--hide=\"state.isContentHidden\" data-wp-class--show=\"state.isContentVisible\" data-wp-init=\"callbacks.setButtonStyles\" data-wp-on--click=\"actions.showLightbox\" data-wp-on--load=\"callbacks.setButtonStyles\" data-wp-on--pointerdown=\"actions.preloadImage\" data-wp-on--pointerenter=\"actions.preloadImageWithDelay\" data-wp-on--pointerleave=\"actions.cancelPreload\" data-wp-on-window--resize=\"callbacks.setButtonStyles\" src=\"https:\/\/loudavymkrokem.cz\/wp-content\/uploads\/2026\/08\/dovolena-malta-t11.jpg\" alt=\"Z\u00e1hrada Palazzo Parisio v Naxxare\" class=\"wp-image-399698\" title=\"\" srcset=\"https:\/\/loudavymkrokem.cz\/wp-content\/uploads\/2026\/08\/dovolena-malta-t11.jpg 1500w, https:\/\/loudavymkrokem.cz\/wp-content\/uploads\/2026\/08\/dovolena-malta-t11-300x224.jpg 300w, https:\/\/loudavymkrokem.cz\/wp-content\/uploads\/2026\/08\/dovolena-malta-t11-700x523.jpg 700w, https:\/\/loudavymkrokem.cz\/wp-content\/uploads\/2026\/08\/dovolena-malta-t11-768x573.jpg 768w, https:\/\/loudavymkrokem.cz\/wp-content\/uploads\/2026\/08\/dovolena-malta-t11-80x60.jpg 80w, https:\/\/loudavymkrokem.cz\/wp-content\/uploads\/2026\/08\/dovolena-malta-t11-160x120.jpg 160w, https:\/\/loudavymkrokem.cz\/wp-content\/uploads\/2026\/08\/dovolena-malta-t11-696x520.jpg 696w, https:\/\/loudavymkrokem.cz\/wp-content\/uploads\/2026\/08\/dovolena-malta-t11-1392x1039.jpg 1392w\" sizes=\"(max-width: 1500px) 100vw, 1500px\" \/><button\n\t\t\tclass=\"lightbox-trigger\"\n\t\t\ttype=\"button\"\n\t\t\taria-haspopup=\"dialog\"\n\t\t\tdata-wp-bind--aria-label=\"state.thisImage.triggerButtonAriaLabel\"\n\t\t\tdata-wp-init=\"callbacks.initTriggerButton\"\n\t\t\tdata-wp-on--click=\"actions.showLightbox\"\n\t\t\tdata-wp-style--right=\"state.thisImage.buttonRight\"\n\t\t\tdata-wp-style--top=\"state.thisImage.buttonTop\"\n\t\t>\n\t\t\t<svg xmlns=\"http:\/\/www.w3.org\/2000\/svg\" width=\"12\" height=\"12\" fill=\"none\" viewBox=\"0 0 12 12\">\n\t\t\t\t<path fill=\"#fff\" d=\"M2 0a2 2 0 0 0-2 2v2h1.5V2a.5.5 0 0 1 .5-.5h2V0H2Zm2 10.5H2a.5.5 0 0 1-.5-.5V8H0v2a2 2 0 0 0 2 2h2v-1.5ZM8 12v-1.5h2a.5.5 0 0 0 .5-.5V8H12v2a2 2 0 0 1-2 2H8Zm2-12a2 2 0 0 1 2 2v2h-1.5V2a.5.5 0 0 0-.5-.5H8V0h2Z\" \/>\n\t\t\t<\/svg>\n\t\t<\/button><figcaption class=\"wp-element-caption\">Z\u00e1hrada Palazzo Parisio v Naxxare (Foto: Continentaleurope \/ Wikimedia Commons, CC BY-SA 3.0)<\/figcaption><\/figure>\n\n\n\n<p class=\"wp-block-paragraph\">Vstupn\u00e9 sa plat\u00ed pri hlavnej br\u00e1ne a prehliadka vraj nadchne \u00faplne ka\u017ed\u00e9ho milovn\u00edka opulentnej barokovej architekt\u00fary. Po prech\u00e1dzke pal\u00e1com si navy\u0161e m\u00f4\u017ee\u0161 urobi\u0165 mal\u00fa rados\u0165 a <strong>zastavi\u0165 sa na k\u00e1vu alebo \u010daj priamo v pal\u00e1cov\u00fdch z\u00e1hrad\u00e1ch<\/strong>, \u010do je pod\u013ea recenzi\u00ed neuverite\u013ene romantick\u00e1 bodka za cel\u00fdm d\u0148om.<\/p>\n\n\n\n<h3 id=\"12_Ta_Qali_a_remeselna_dedina\" class=\"wp-block-heading\"><span class=\"ez-toc-section\" id=\"12_Ta%E2%80%98_Qali_a_remeselna_dedina\"><\/span>12. Ta&#8216; Qali a remeseln\u00e1 dedina<span class=\"ez-toc-section-end\"><\/span><\/h3>\n\n\n\n<p class=\"wp-block-paragraph\">B\u00fdval\u00e9 vojensk\u00e9 letisko sa postupom \u010dasu premenilo na roz\u013eahl\u00fd park, ktor\u00e9ho hlavnou atrakciou je ve\u013emi popul\u00e1rna remeseln\u00e1 dedinka, kam sa chod\u00ed prim\u00e1rne za lok\u00e1lnymi v\u00fdrobkami. Ak si chce\u0161 z dovolenky prinies\u0165 <strong>kvalitn\u00e9 suven\u00edry, ktor\u00e9 nepoch\u00e1dzaj\u00fa z \u010c\u00edny<\/strong>, tu n\u00e1jde\u0161 dielne pln\u00e9 tradi\u010dn\u00e9ho ru\u010dne f\u00fakan\u00e9ho skla a jemn\u00e9ho strieborn\u00e9ho filigr\u00e1nu.<\/p>\n\n\n\n<figure data-wp-context=\"{&quot;imageId&quot;:&quot;6a9c5fe19c56b&quot;}\" data-wp-interactive=\"core\/image\" data-wp-key=\"6a9c5fe19c56b\" class=\"wp-block-image size-full wp-lightbox-container\"><img decoding=\"async\" width=\"1500\" height=\"1000\" data-wp-class--hide=\"state.isContentHidden\" data-wp-class--show=\"state.isContentVisible\" data-wp-init=\"callbacks.setButtonStyles\" data-wp-on--click=\"actions.showLightbox\" data-wp-on--load=\"callbacks.setButtonStyles\" data-wp-on--pointerdown=\"actions.preloadImage\" data-wp-on--pointerenter=\"actions.preloadImageWithDelay\" data-wp-on--pointerleave=\"actions.cancelPreload\" data-wp-on-window--resize=\"callbacks.setButtonStyles\" src=\"https:\/\/loudavymkrokem.cz\/wp-content\/uploads\/2026\/08\/dovolena-malta-t12.jpg\" alt=\"Ru\u010dn\u00e1 v\u00fdroba skla na Malte\" class=\"wp-image-399751\" title=\"\" srcset=\"https:\/\/loudavymkrokem.cz\/wp-content\/uploads\/2026\/08\/dovolena-malta-t12.jpg 1500w, https:\/\/loudavymkrokem.cz\/wp-content\/uploads\/2026\/08\/dovolena-malta-t12-300x200.jpg 300w, https:\/\/loudavymkrokem.cz\/wp-content\/uploads\/2026\/08\/dovolena-malta-t12-700x467.jpg 700w, https:\/\/loudavymkrokem.cz\/wp-content\/uploads\/2026\/08\/dovolena-malta-t12-768x512.jpg 768w, https:\/\/loudavymkrokem.cz\/wp-content\/uploads\/2026\/08\/dovolena-malta-t12-696x464.jpg 696w, https:\/\/loudavymkrokem.cz\/wp-content\/uploads\/2026\/08\/dovolena-malta-t12-1392x928.jpg 1392w\" sizes=\"(max-width: 1500px) 100vw, 1500px\" \/><button\n\t\t\tclass=\"lightbox-trigger\"\n\t\t\ttype=\"button\"\n\t\t\taria-haspopup=\"dialog\"\n\t\t\tdata-wp-bind--aria-label=\"state.thisImage.triggerButtonAriaLabel\"\n\t\t\tdata-wp-init=\"callbacks.initTriggerButton\"\n\t\t\tdata-wp-on--click=\"actions.showLightbox\"\n\t\t\tdata-wp-style--right=\"state.thisImage.buttonRight\"\n\t\t\tdata-wp-style--top=\"state.thisImage.buttonTop\"\n\t\t>\n\t\t\t<svg xmlns=\"http:\/\/www.w3.org\/2000\/svg\" width=\"12\" height=\"12\" fill=\"none\" viewBox=\"0 0 12 12\">\n\t\t\t\t<path fill=\"#fff\" d=\"M2 0a2 2 0 0 0-2 2v2h1.5V2a.5.5 0 0 1 .5-.5h2V0H2Zm2 10.5H2a.5.5 0 0 1-.5-.5V8H0v2a2 2 0 0 0 2 2h2v-1.5ZM8 12v-1.5h2a.5.5 0 0 0 .5-.5V8H12v2a2 2 0 0 1-2 2H8Zm2-12a2 2 0 0 1 2 2v2h-1.5V2a.5.5 0 0 0-.5-.5H8V0h2Z\" \/>\n\t\t\t<\/svg>\n\t\t<\/button><figcaption class=\"wp-element-caption\">Ru\u010dn\u00e1 v\u00fdroba skla na Malte (Foto: Noport \/ Wikimedia Commons, CC BY-SA 4.0)<\/figcaption><\/figure>\n\n\n\n<p class=\"wp-block-paragraph\">Pri mnoh\u00fdch diel\u0148ach navy\u0161e m\u00f4\u017ee\u0161 majstrom skl\u00e1rom pozera\u0165 priamo pod ruky a sledova\u0165, ako tieto krehk\u00e9 v\u00fdrobky vznikaj\u00fa priamo pred tebou. N\u00e1v\u0161tevu je najlep\u0161ie pl\u00e1nova\u0165 na dopolud\u0148aj\u0161ie hodiny po\u010das v\u0161edn\u00fdch dn\u00ed, preto\u017ee <strong>cez v\u00edkendy b\u00fdva v\u00e4\u010d\u0161ina manufakt\u00far bohu\u017eia\u013e zatvoren\u00e1<\/strong>, na \u010do ve\u013ea neinformovan\u00fdch turistov ob\u010das nechtiac doplat\u00ed.<\/p>\n\n\n\n<h3 id=\"13_Marsaxlokk_rybarska_dedina_s_farebnymi_lodkami\" class=\"wp-block-heading\"><span class=\"ez-toc-section\" id=\"13_Marsaxlokk_rybarska_dedina_s_farebnymi_lodkami\"><\/span>13. Marsaxlokk: ryb\u00e1rska dedina s farebn\u00fdmi lo\u010fkami<span class=\"ez-toc-section-end\"><\/span><\/h3>\n\n\n\n<p class=\"wp-block-paragraph\">T\u00e1to nesmierne fotogenick\u00e1 ryb\u00e1rska dedina na juhu ostrova l\u00e1ka predov\u0161etk\u00fdm na z\u00e1toku pln\u00fa tradi\u010dn\u00fdch pestrofarebn\u00fdch lod\u00ed, ktor\u00fdm sa hovor\u00ed luzzu. Na ich prove v\u017edy objav\u00ed\u0161 <strong>nama\u013eovan\u00e9 magick\u00e9 Ozirisovo oko<\/strong>, ktor\u00e9 m\u00e1 ryb\u00e1rov chr\u00e1ni\u0165 pred nebezpe\u010denstvom na mori a ktor\u00e9 tvor\u00ed asi ten v\u00f4bec najtypickej\u0161\u00ed maltsk\u00fd obr\u00e1zok.<\/p>\n\n\n\n<figure data-wp-context=\"{&quot;imageId&quot;:&quot;6a9c5fe19cc73&quot;}\" data-wp-interactive=\"core\/image\" data-wp-key=\"6a9c5fe19cc73\" class=\"wp-block-image size-full wp-lightbox-container\"><img decoding=\"async\" width=\"1500\" height=\"1000\" data-wp-class--hide=\"state.isContentHidden\" data-wp-class--show=\"state.isContentVisible\" data-wp-init=\"callbacks.setButtonStyles\" data-wp-on--click=\"actions.showLightbox\" data-wp-on--load=\"callbacks.setButtonStyles\" data-wp-on--pointerdown=\"actions.preloadImage\" data-wp-on--pointerenter=\"actions.preloadImageWithDelay\" data-wp-on--pointerleave=\"actions.cancelPreload\" data-wp-on-window--resize=\"callbacks.setButtonStyles\" src=\"https:\/\/loudavymkrokem.cz\/wp-content\/uploads\/2026\/08\/dovolena-malta-t13.jpg\" alt=\"Farebn\u00e9 lo\u010fky luzzu v Marsaxlokku\" class=\"wp-image-399704\" title=\"\" srcset=\"https:\/\/loudavymkrokem.cz\/wp-content\/uploads\/2026\/08\/dovolena-malta-t13.jpg 1500w, https:\/\/loudavymkrokem.cz\/wp-content\/uploads\/2026\/08\/dovolena-malta-t13-300x200.jpg 300w, https:\/\/loudavymkrokem.cz\/wp-content\/uploads\/2026\/08\/dovolena-malta-t13-700x467.jpg 700w, https:\/\/loudavymkrokem.cz\/wp-content\/uploads\/2026\/08\/dovolena-malta-t13-768x512.jpg 768w, https:\/\/loudavymkrokem.cz\/wp-content\/uploads\/2026\/08\/dovolena-malta-t13-696x464.jpg 696w, https:\/\/loudavymkrokem.cz\/wp-content\/uploads\/2026\/08\/dovolena-malta-t13-1392x928.jpg 1392w\" sizes=\"(max-width: 1500px) 100vw, 1500px\" \/><button\n\t\t\tclass=\"lightbox-trigger\"\n\t\t\ttype=\"button\"\n\t\t\taria-haspopup=\"dialog\"\n\t\t\tdata-wp-bind--aria-label=\"state.thisImage.triggerButtonAriaLabel\"\n\t\t\tdata-wp-init=\"callbacks.initTriggerButton\"\n\t\t\tdata-wp-on--click=\"actions.showLightbox\"\n\t\t\tdata-wp-style--right=\"state.thisImage.buttonRight\"\n\t\t\tdata-wp-style--top=\"state.thisImage.buttonTop\"\n\t\t>\n\t\t\t<svg xmlns=\"http:\/\/www.w3.org\/2000\/svg\" width=\"12\" height=\"12\" fill=\"none\" viewBox=\"0 0 12 12\">\n\t\t\t\t<path fill=\"#fff\" d=\"M2 0a2 2 0 0 0-2 2v2h1.5V2a.5.5 0 0 1 .5-.5h2V0H2Zm2 10.5H2a.5.5 0 0 1-.5-.5V8H0v2a2 2 0 0 0 2 2h2v-1.5ZM8 12v-1.5h2a.5.5 0 0 0 .5-.5V8H12v2a2 2 0 0 1-2 2H8Zm2-12a2 2 0 0 1 2 2v2h-1.5V2a.5.5 0 0 0-.5-.5H8V0h2Z\" \/>\n\t\t\t<\/svg>\n\t\t<\/button><figcaption class=\"wp-element-caption\">Farebn\u00e9 lo\u010fky luzzu v Marsaxlokku (Foto: Vlad beu \/ Wikimedia Commons, Public domain)<\/figcaption><\/figure>\n\n\n\n<p class=\"wp-block-paragraph\">Turisti sa sem naj\u010dastej\u0161ie zbiehaj\u00fa na obr\u00ed nede\u013en\u00fd trh, ale mus\u00edm \u0165a \u00faprimne varova\u0165, \u017ee ide preva\u017ene o ryb\u00ed trh, tak\u017ee pre n\u00e1s vegetari\u00e1nov je to sk\u00f4r len kult\u00farna pod\u00edvan\u00e1 ne\u017e l\u00e1kav\u00e1 gastro zast\u00e1vka \u263a\ufe0f. Priprav sa aj na to, \u017ee <strong>v nede\u013eu dopoludnia praskaj\u00fa autobusy vo \u0161v\u00edkoch<\/strong>, a preto je jednoducho lep\u0161ie vyrazi\u0165 \u010do najsk\u00f4r r\u00e1no.<\/p>\n\n\n\n<h3 id=\"14_Modra_jaskyna_Blue_Grotto\" class=\"wp-block-heading\"><span class=\"ez-toc-section\" id=\"14_Modra_jaskyna_Blue_Grotto\"><\/span>14. Modr\u00e1 jasky\u0148a (Blue Grotto)<span class=\"ez-toc-section-end\"><\/span><\/h3>\n\n\n\n<p class=\"wp-block-paragraph\">Pr\u00edrodn\u00fd unik\u00e1t zn\u00e1my ako Blue Grotto tvor\u00ed mas\u00edvny skaln\u00fd obl\u00fak a s\u00e9ria prepojen\u00fdch morsk\u00fdch jask\u00fd\u0148, kde voda hr\u00e1 sn\u00e1\u010f v\u0161etk\u00fdmi odtie\u0148mi tyrkysovej farby. Slne\u010dn\u00e9 l\u00fa\u010de sa tu odr\u00e1\u017eaj\u00fa od bieleho pieso\u010dnat\u00e9ho dna a <strong>pod\u013ea recenzi\u00ed je to \u00faplne fantastick\u00e1 pod\u00edvan\u00e1<\/strong>, ktor\u00fa by bol naozaj ve\u013ek\u00fd hriech vynecha\u0165.<\/p>\n\n\n\n<figure data-wp-context=\"{&quot;imageId&quot;:&quot;6a9c5fe19d3e9&quot;}\" data-wp-interactive=\"core\/image\" data-wp-key=\"6a9c5fe19d3e9\" class=\"wp-block-image size-full wp-lightbox-container\"><img decoding=\"async\" width=\"1500\" height=\"1000\" data-wp-class--hide=\"state.isContentHidden\" data-wp-class--show=\"state.isContentVisible\" data-wp-init=\"callbacks.setButtonStyles\" data-wp-on--click=\"actions.showLightbox\" data-wp-on--load=\"callbacks.setButtonStyles\" data-wp-on--pointerdown=\"actions.preloadImage\" data-wp-on--pointerenter=\"actions.preloadImageWithDelay\" data-wp-on--pointerleave=\"actions.cancelPreload\" data-wp-on-window--resize=\"callbacks.setButtonStyles\" src=\"https:\/\/loudavymkrokem.cz\/wp-content\/uploads\/2026\/08\/dovolena-malta-t14.jpg\" alt=\"Modr\u00e1 jasky\u0148a na juhu Malty\" class=\"wp-image-399708\" title=\"\" srcset=\"https:\/\/loudavymkrokem.cz\/wp-content\/uploads\/2026\/08\/dovolena-malta-t14.jpg 1500w, https:\/\/loudavymkrokem.cz\/wp-content\/uploads\/2026\/08\/dovolena-malta-t14-300x200.jpg 300w, https:\/\/loudavymkrokem.cz\/wp-content\/uploads\/2026\/08\/dovolena-malta-t14-700x467.jpg 700w, https:\/\/loudavymkrokem.cz\/wp-content\/uploads\/2026\/08\/dovolena-malta-t14-768x512.jpg 768w, https:\/\/loudavymkrokem.cz\/wp-content\/uploads\/2026\/08\/dovolena-malta-t14-696x464.jpg 696w, https:\/\/loudavymkrokem.cz\/wp-content\/uploads\/2026\/08\/dovolena-malta-t14-1392x928.jpg 1392w\" sizes=\"(max-width: 1500px) 100vw, 1500px\" \/><button\n\t\t\tclass=\"lightbox-trigger\"\n\t\t\ttype=\"button\"\n\t\t\taria-haspopup=\"dialog\"\n\t\t\tdata-wp-bind--aria-label=\"state.thisImage.triggerButtonAriaLabel\"\n\t\t\tdata-wp-init=\"callbacks.initTriggerButton\"\n\t\t\tdata-wp-on--click=\"actions.showLightbox\"\n\t\t\tdata-wp-style--right=\"state.thisImage.buttonRight\"\n\t\t\tdata-wp-style--top=\"state.thisImage.buttonTop\"\n\t\t>\n\t\t\t<svg xmlns=\"http:\/\/www.w3.org\/2000\/svg\" width=\"12\" height=\"12\" fill=\"none\" viewBox=\"0 0 12 12\">\n\t\t\t\t<path fill=\"#fff\" d=\"M2 0a2 2 0 0 0-2 2v2h1.5V2a.5.5 0 0 1 .5-.5h2V0H2Zm2 10.5H2a.5.5 0 0 1-.5-.5V8H0v2a2 2 0 0 0 2 2h2v-1.5ZM8 12v-1.5h2a.5.5 0 0 0 .5-.5V8H12v2a2 2 0 0 1-2 2H8Zm2-12a2 2 0 0 1 2 2v2h-1.5V2a.5.5 0 0 0-.5-.5H8V0h2Z\" \/>\n\t\t\t<\/svg>\n\t\t<\/button><figcaption class=\"wp-element-caption\">Modr\u00e1 jasky\u0148a na juhu Malty (Foto: Frank Vincentz \/ Wikimedia Commons, CC BY-SA 3.0)<\/figcaption><\/figure>\n\n\n\n<p class=\"wp-block-paragraph\">Lo\u010fky vypl\u00e1vaj\u00fa z ne\u010falekej dedinky Wied i\u017c-\u017burrieq, samotn\u00e1 plavba trv\u00e1 zhruba dvadsa\u0165 a\u017e tridsa\u0165 min\u00fat a pre najlep\u0161ie sveteln\u00e9 podmienky sa odpor\u00fa\u010da pr\u00eds\u0165 hne\u010f dopoludnia. Pam\u00e4taj v\u0161ak na to, \u017ee <strong>pri silnom vlnobit\u00ed sa logicky nevypl\u00e1va<\/strong>, tak\u017ee ak pri pobre\u017e\u00ed poriadne f\u00faka, rad\u0161ej si tento v\u00fdlet nechaj na podstatne pokojnej\u0161\u00ed de\u0148.<\/p>\n\n\n\n<h3 id=\"15_agar_Qim_a_Mnajdra_chramy_starsie_nez_pyramidy\" class=\"wp-block-heading\"><span class=\"ez-toc-section\" id=\"15_Hagar_Qim_a_Mnajdra_chramy_starsie_nez_pyramidy\"><\/span>15. \u0126a\u0121ar Qim a Mnajdra: chr\u00e1my star\u0161ie ne\u017e pyram\u00eddy<span class=\"ez-toc-section-end\"><\/span><\/h3>\n\n\n\n<p class=\"wp-block-paragraph\">Malta sa m\u00f4\u017ee pochv\u00e1li\u0165 stavbami, ktor\u00e9 s\u00fa dokonca star\u0161ie ne\u017e egyptsk\u00e9 pyram\u00eddy, a tieto dva fantastick\u00e9 megalitick\u00e9 chr\u00e1my poch\u00e1dzaj\u00fa z doby zhruba okolo roku 3600 a\u017e 3200 pred na\u0161\u00edm letopo\u010dtom. Oba prehistorick\u00e9 komplexy stoja ne\u010faleko \u00fatesov nad morom, s\u00fa zap\u00edsan\u00e9 na zozname UNESCO a vy\u017earuje z nich <strong>obrovsk\u00e1 historick\u00e1 mystika<\/strong>, ktor\u00fa si cestovatelia ve\u013emi chv\u00e1lia.<\/p>\n\n\n\n<figure data-wp-context=\"{&quot;imageId&quot;:&quot;6a9c5fe19da53&quot;}\" data-wp-interactive=\"core\/image\" data-wp-key=\"6a9c5fe19da53\" class=\"wp-block-image size-full wp-lightbox-container\"><img decoding=\"async\" width=\"1500\" height=\"1000\" data-wp-class--hide=\"state.isContentHidden\" data-wp-class--show=\"state.isContentVisible\" data-wp-init=\"callbacks.setButtonStyles\" data-wp-on--click=\"actions.showLightbox\" data-wp-on--load=\"callbacks.setButtonStyles\" data-wp-on--pointerdown=\"actions.preloadImage\" data-wp-on--pointerenter=\"actions.preloadImageWithDelay\" data-wp-on--pointerleave=\"actions.cancelPreload\" data-wp-on-window--resize=\"callbacks.setButtonStyles\" src=\"https:\/\/loudavymkrokem.cz\/wp-content\/uploads\/2026\/08\/dovolena-malta-t15.jpg\" alt=\"Megalitick\u00fd chr\u00e1m \u0126a\u0121ar Qim\" class=\"wp-image-399714\" title=\"\" srcset=\"https:\/\/loudavymkrokem.cz\/wp-content\/uploads\/2026\/08\/dovolena-malta-t15.jpg 1500w, https:\/\/loudavymkrokem.cz\/wp-content\/uploads\/2026\/08\/dovolena-malta-t15-300x200.jpg 300w, https:\/\/loudavymkrokem.cz\/wp-content\/uploads\/2026\/08\/dovolena-malta-t15-700x467.jpg 700w, https:\/\/loudavymkrokem.cz\/wp-content\/uploads\/2026\/08\/dovolena-malta-t15-768x512.jpg 768w, https:\/\/loudavymkrokem.cz\/wp-content\/uploads\/2026\/08\/dovolena-malta-t15-696x464.jpg 696w, https:\/\/loudavymkrokem.cz\/wp-content\/uploads\/2026\/08\/dovolena-malta-t15-1392x928.jpg 1392w\" sizes=\"(max-width: 1500px) 100vw, 1500px\" \/><button\n\t\t\tclass=\"lightbox-trigger\"\n\t\t\ttype=\"button\"\n\t\t\taria-haspopup=\"dialog\"\n\t\t\tdata-wp-bind--aria-label=\"state.thisImage.triggerButtonAriaLabel\"\n\t\t\tdata-wp-init=\"callbacks.initTriggerButton\"\n\t\t\tdata-wp-on--click=\"actions.showLightbox\"\n\t\t\tdata-wp-style--right=\"state.thisImage.buttonRight\"\n\t\t\tdata-wp-style--top=\"state.thisImage.buttonTop\"\n\t\t>\n\t\t\t<svg xmlns=\"http:\/\/www.w3.org\/2000\/svg\" width=\"12\" height=\"12\" fill=\"none\" viewBox=\"0 0 12 12\">\n\t\t\t\t<path fill=\"#fff\" d=\"M2 0a2 2 0 0 0-2 2v2h1.5V2a.5.5 0 0 1 .5-.5h2V0H2Zm2 10.5H2a.5.5 0 0 1-.5-.5V8H0v2a2 2 0 0 0 2 2h2v-1.5ZM8 12v-1.5h2a.5.5 0 0 0 .5-.5V8H12v2a2 2 0 0 1-2 2H8Zm2-12a2 2 0 0 1 2 2v2h-1.5V2a.5.5 0 0 0-.5-.5H8V0h2Z\" \/>\n\t\t\t<\/svg>\n\t\t<\/button><figcaption class=\"wp-element-caption\">Megalitick\u00fd chr\u00e1m \u0126a\u0121ar Qim (Foto: Diego Delso \/ Wikimedia Commons, CC BY-SA 4.0)<\/figcaption><\/figure>\n\n\n\n<p class=\"wp-block-paragraph\">Aby nedoch\u00e1dzalo k \u010fal\u0161ej er\u00f3zii cenn\u00fdch kame\u0148ov, s\u00fa oba chr\u00e1my chytro zastre\u0161en\u00e9 obrovsk\u00fdmi ochrann\u00fdmi stanmi, \u010do m\u00e1 navy\u0161e t\u00fa v\u00fdhodu, \u017ee v lete poskytuj\u00fa milosrdn\u00fd tie\u0148. Vzh\u013eadom na vysok\u00e9 letn\u00e9 teploty si v\u0161ak aj tak <strong>nezabudni vzia\u0165 dostatok pitnej vody<\/strong>, preto\u017ee are\u00e1l je pomerne roz\u013eahl\u00fd a prehliadka ti chv\u00ed\u013eu zaberie.<\/p>\n\n\n\n<h3 id=\"16_St_Peter_s_Pool_prirodny_bazen_v_skale\" class=\"wp-block-heading\"><span class=\"ez-toc-section\" id=\"16_St_Peters_Pool_prirodny_bazen_v_skale\"><\/span>16. St Peter&#8217;s Pool: pr\u00edrodn\u00fd baz\u00e9n v skale<span class=\"ez-toc-section-end\"><\/span><\/h3>\n\n\n\n<p class=\"wp-block-paragraph\">K\u00fasok od dediny Marsaxlokk sa nach\u00e1dza jeden z najpopul\u00e1rnej\u0161\u00edch pr\u00edrodn\u00fdch baz\u00e9nov, ktor\u00fd morsk\u00e1 voda po tis\u00edcro\u010dia vytesala priamo do hladk\u00fdch v\u00e1pencov\u00fdch sk\u00e1l. Voda je tu n\u00e1dherne \u010dist\u00e1 a hlbok\u00e1, v\u010faka \u010domu miesto pri\u0165ahuje hlavne mlad\u0161ie ro\u010dn\u00edky a v\u0161etk\u00fdch, ktor\u00ed <strong>miluj\u00fa efektn\u00e9 sk\u00e1kanie do vody<\/strong> z r\u00f4zne vysok\u00fdch skaln\u00fdch r\u00edms.<\/p>\n\n\n\n<figure data-wp-context=\"{&quot;imageId&quot;:&quot;6a9c5fe19e26d&quot;}\" data-wp-interactive=\"core\/image\" data-wp-key=\"6a9c5fe19e26d\" class=\"wp-block-image size-full wp-lightbox-container\"><img decoding=\"async\" width=\"1500\" height=\"1000\" data-wp-class--hide=\"state.isContentHidden\" data-wp-class--show=\"state.isContentVisible\" data-wp-init=\"callbacks.setButtonStyles\" data-wp-on--click=\"actions.showLightbox\" data-wp-on--load=\"callbacks.setButtonStyles\" data-wp-on--pointerdown=\"actions.preloadImage\" data-wp-on--pointerenter=\"actions.preloadImageWithDelay\" data-wp-on--pointerleave=\"actions.cancelPreload\" data-wp-on-window--resize=\"callbacks.setButtonStyles\" src=\"https:\/\/loudavymkrokem.cz\/wp-content\/uploads\/2026\/08\/dovolena-malta-t16.jpg\" alt=\"Pr\u00edrodn\u00fd baz\u00e9n St Peter&#039;s Pool\" class=\"wp-image-399754\" title=\"\" srcset=\"https:\/\/loudavymkrokem.cz\/wp-content\/uploads\/2026\/08\/dovolena-malta-t16.jpg 1500w, https:\/\/loudavymkrokem.cz\/wp-content\/uploads\/2026\/08\/dovolena-malta-t16-300x200.jpg 300w, https:\/\/loudavymkrokem.cz\/wp-content\/uploads\/2026\/08\/dovolena-malta-t16-700x467.jpg 700w, https:\/\/loudavymkrokem.cz\/wp-content\/uploads\/2026\/08\/dovolena-malta-t16-768x512.jpg 768w, https:\/\/loudavymkrokem.cz\/wp-content\/uploads\/2026\/08\/dovolena-malta-t16-696x464.jpg 696w, https:\/\/loudavymkrokem.cz\/wp-content\/uploads\/2026\/08\/dovolena-malta-t16-1392x928.jpg 1392w\" sizes=\"(max-width: 1500px) 100vw, 1500px\" \/><button\n\t\t\tclass=\"lightbox-trigger\"\n\t\t\ttype=\"button\"\n\t\t\taria-haspopup=\"dialog\"\n\t\t\tdata-wp-bind--aria-label=\"state.thisImage.triggerButtonAriaLabel\"\n\t\t\tdata-wp-init=\"callbacks.initTriggerButton\"\n\t\t\tdata-wp-on--click=\"actions.showLightbox\"\n\t\t\tdata-wp-style--right=\"state.thisImage.buttonRight\"\n\t\t\tdata-wp-style--top=\"state.thisImage.buttonTop\"\n\t\t>\n\t\t\t<svg xmlns=\"http:\/\/www.w3.org\/2000\/svg\" width=\"12\" height=\"12\" fill=\"none\" viewBox=\"0 0 12 12\">\n\t\t\t\t<path fill=\"#fff\" d=\"M2 0a2 2 0 0 0-2 2v2h1.5V2a.5.5 0 0 1 .5-.5h2V0H2Zm2 10.5H2a.5.5 0 0 1-.5-.5V8H0v2a2 2 0 0 0 2 2h2v-1.5ZM8 12v-1.5h2a.5.5 0 0 0 .5-.5V8H12v2a2 2 0 0 1-2 2H8Zm2-12a2 2 0 0 1 2 2v2h-1.5V2a.5.5 0 0 0-.5-.5H8V0h2Z\" \/>\n\t\t\t<\/svg>\n\t\t<\/button><figcaption class=\"wp-element-caption\">Pr\u00edrodn\u00fd baz\u00e9n St Peter&#8217;s Pool (Foto: Diego Delso \/ Wikimedia Commons, CC BY-SA 4.0)<\/figcaption><\/figure>\n\n\n\n<p class=\"wp-block-paragraph\">Pri tomto pr\u00edrodnom k\u00fapalisku nen\u00e1jde\u0161 absol\u00fatne \u017eiadne turistick\u00e9 z\u00e1zemie, st\u00e1nky s ob\u010derstven\u00edm ani slne\u010dn\u00edky, preto si v\u0161etko mus\u00ed\u0161 prinies\u0165 s\u00e1m. Ur\u010dite si priho\u010f pevn\u00fa obuv alebo top\u00e1nky do vody, preto\u017ee <strong>skaly b\u00fdvaj\u00fa klzk\u00e9 a ostr\u00e9<\/strong>, a ak h\u013ead\u00e1\u0161 pokoj, doraz rad\u0161ej skoro r\u00e1no, ne\u017e sa v\u00e1pencov\u00e9 skalisk\u00e1 zaplnia uter\u00e1kmi.<\/p>\n\n\n\n<h3 id=\"17_Hypogeum_v_al_Saflieni\" class=\"wp-block-heading\"><span class=\"ez-toc-section\" id=\"17_Hypogeum_v_Hal_Saflieni\"><\/span>17. Hypogeum v \u0126al Saflieni<span class=\"ez-toc-section-end\"><\/span><\/h3>\n\n\n\n<p class=\"wp-block-paragraph\">T\u00e1to trojposchodov\u00e1 podzemn\u00e1 sv\u00e4ty\u0148a vytesan\u00e1 hlboko do skaly predstavuje \u00fapln\u00fd svetov\u00fd unik\u00e1t a vraj je to t\u00e1 najtajomnej\u0161ia pamiatka na celej Malte. Objavili ju \u00faplnou n\u00e1hodou robotn\u00edci pri kopan\u00ed z\u00e1kladov pre nov\u00e9 domy a dnes je to miesto, ktor\u00e9 <strong>ohromuje svojou zlo\u017eitou architekt\u00farou<\/strong> a \u00faplne dokonalou akustikou v hlbok\u00fdch komnat\u00e1ch.<\/p>\n\n\n\n<figure data-wp-context=\"{&quot;imageId&quot;:&quot;6a9c5fe19e94b&quot;}\" data-wp-interactive=\"core\/image\" data-wp-key=\"6a9c5fe19e94b\" class=\"wp-block-image size-full wp-lightbox-container\"><img decoding=\"async\" width=\"1500\" height=\"1125\" data-wp-class--hide=\"state.isContentHidden\" data-wp-class--show=\"state.isContentVisible\" data-wp-init=\"callbacks.setButtonStyles\" data-wp-on--click=\"actions.showLightbox\" data-wp-on--load=\"callbacks.setButtonStyles\" data-wp-on--pointerdown=\"actions.preloadImage\" data-wp-on--pointerenter=\"actions.preloadImageWithDelay\" data-wp-on--pointerleave=\"actions.cancelPreload\" data-wp-on-window--resize=\"callbacks.setButtonStyles\" src=\"https:\/\/loudavymkrokem.cz\/wp-content\/uploads\/2026\/08\/dovolena-malta-t17.jpg\" alt=\"Prehistorick\u00e9 chr\u00e1my v Tarxiene\" class=\"wp-image-399716\" title=\"\" srcset=\"https:\/\/loudavymkrokem.cz\/wp-content\/uploads\/2026\/08\/dovolena-malta-t17.jpg 1500w, https:\/\/loudavymkrokem.cz\/wp-content\/uploads\/2026\/08\/dovolena-malta-t17-300x225.jpg 300w, https:\/\/loudavymkrokem.cz\/wp-content\/uploads\/2026\/08\/dovolena-malta-t17-700x525.jpg 700w, https:\/\/loudavymkrokem.cz\/wp-content\/uploads\/2026\/08\/dovolena-malta-t17-768x576.jpg 768w, https:\/\/loudavymkrokem.cz\/wp-content\/uploads\/2026\/08\/dovolena-malta-t17-80x60.jpg 80w, https:\/\/loudavymkrokem.cz\/wp-content\/uploads\/2026\/08\/dovolena-malta-t17-160x120.jpg 160w, https:\/\/loudavymkrokem.cz\/wp-content\/uploads\/2026\/08\/dovolena-malta-t17-696x522.jpg 696w, https:\/\/loudavymkrokem.cz\/wp-content\/uploads\/2026\/08\/dovolena-malta-t17-1392x1044.jpg 1392w\" sizes=\"(max-width: 1500px) 100vw, 1500px\" \/><button\n\t\t\tclass=\"lightbox-trigger\"\n\t\t\ttype=\"button\"\n\t\t\taria-haspopup=\"dialog\"\n\t\t\tdata-wp-bind--aria-label=\"state.thisImage.triggerButtonAriaLabel\"\n\t\t\tdata-wp-init=\"callbacks.initTriggerButton\"\n\t\t\tdata-wp-on--click=\"actions.showLightbox\"\n\t\t\tdata-wp-style--right=\"state.thisImage.buttonRight\"\n\t\t\tdata-wp-style--top=\"state.thisImage.buttonTop\"\n\t\t>\n\t\t\t<svg xmlns=\"http:\/\/www.w3.org\/2000\/svg\" width=\"12\" height=\"12\" fill=\"none\" viewBox=\"0 0 12 12\">\n\t\t\t\t<path fill=\"#fff\" d=\"M2 0a2 2 0 0 0-2 2v2h1.5V2a.5.5 0 0 1 .5-.5h2V0H2Zm2 10.5H2a.5.5 0 0 1-.5-.5V8H0v2a2 2 0 0 0 2 2h2v-1.5ZM8 12v-1.5h2a.5.5 0 0 0 .5-.5V8H12v2a2 2 0 0 1-2 2H8Zm2-12a2 2 0 0 1 2 2v2h-1.5V2a.5.5 0 0 0-.5-.5H8V0h2Z\" \/>\n\t\t\t<\/svg>\n\t\t<\/button><figcaption class=\"wp-element-caption\">Prehistorick\u00e9 chr\u00e1my v Tarxiene (Foto: Kaybeesquared \/ Wikimedia Commons, CC BY-SA 4.0)<\/figcaption><\/figure>\n\n\n\n<p class=\"wp-block-paragraph\">Kv\u00f4li ochrane unik\u00e1tnej mikrokl\u00edmy sa dnu vstupuje iba v mal\u00fdch skupin\u00e1ch a vstupn\u00e9 sa logicky plat\u00ed za ka\u017ed\u00fa osobu. Ak toto miesto chce\u0161 vidie\u0165 na vlastn\u00e9 o\u010di, mus\u00ed\u0161 si <strong>l\u00edstky rezervova\u0165 online aj nieko\u013eko mesiacov dopredu<\/strong>, preto\u017ee sa vypred\u00e1vaj\u00fa neuverite\u013ene r\u00fdchlo a na mieste u\u017e nem\u00e1\u0161 \u0161ancu ich zohna\u0165.<\/p>\n\n\n\n<!-- LKM_GYG_CARD start q=\"malta\" lang=\"sk\" rendered=\"2026-09-05T16:27:46+00:00\" v=\"1\" -->\n<style id=\"lk-gyg-styles\">\n@import url(\"https:\/\/fonts.googleapis.com\/css2?family=Playfair+Display:wght@700&family=DM+Sans:wght@300;400;500;600&display=swap\");\n\/* === LK GYG karty \u2014 CRO redesign 2026-05 (namespace .lkx-) ===\n   C\u00edl: vy\u0161\u0161\u00ed CTR (hero + v\u00fdrazn\u00fd social proof + ak\u010dn\u00ed CTA, m\u00e9n\u011b \"reklamn\u00ed\").\n   Injektuje se inline do prvn\u00edho markeru postu (refresh_cards.py --inline-css). *\/\n.lkx-module, .lkx-module *{box-sizing:border-box;margin:0;padding:0}\n.lkx-module{\n  font-family:'DM Sans',-apple-system,Segoe UI,Roboto,Georgia,sans-serif;\n  max-width:860px;margin:2.5rem auto;color:#1f2328;\n}\n\n\/* HEADER \u2014 lehk\u00fd editorsk\u00fd, \u017e\u00e1dn\u00fd bannerov\u00fd blok; nadpis + popisek pod n\u00edm *\/\n.lkx-head{margin-bottom:16px}\n.lkx-head-main{display:flex;align-items:center;gap:10px}\n.lkx-head-accent{width:26px;height:3px;border-radius:2px;background:#c39f76;flex-shrink:0}\n.lkx-head-title{font-family:'Playfair Display',Georgia,serif;font-size:21px;font-weight:700;color:#1a1a1a;line-height:1.25}\n.lkx-head-meta{display:block;font-size:11px;letter-spacing:.3px;color:#9aa0a6;margin-top:4px;margin-left:36px}\n\n\/* HERO *\/\n.lkx-hero{display:grid;grid-template-columns:300px 1fr;background:#fff;border:1px solid #ece7df;border-radius:14px;overflow:hidden;text-decoration:none!important;color:inherit;box-shadow:0 6px 20px rgba(0,0,0,.06);transition:box-shadow .2s,transform .2s;margin-bottom:14px}\n.lkx-hero:hover{box-shadow:0 12px 30px rgba(0,0,0,.12);transform:translateY(-2px)}\n.lkx-hero-img{position:relative;min-height:230px;background-size:cover;background-position:center;background-color:#eee}\n.lkx-hero-body{padding:22px 24px;display:flex;flex-direction:column}\n.lkx-pick{position:absolute;top:12px;left:12px;background:#1a1a1a;color:#fff;font-size:11px;font-weight:700;letter-spacing:.5px;padding:5px 11px;border-radius:20px}\n\n\/* TITLE *\/\n.lkx-title{font-size:19px;font-weight:700;color:#161616;line-height:1.3}\n.lkx-title-sm{font-size:14.5px;line-height:1.35;display:-webkit-box;-webkit-line-clamp:2;-webkit-box-orient:vertical;overflow:hidden}\n\n\/* SOCIAL PROOF \u2014 v\u00fdrazn\u011b, naho\u0159e *\/\n.lkx-proof{display:flex;align-items:center;gap:7px;margin-top:12px;font-size:15px;color:#3a3a3a}\n.lkx-proof b{font-size:16px;color:#161616}\n.lkx-stars{color:#f5a623;letter-spacing:1px}\n.lkx-proof-sm{font-size:12.5px;margin-top:8px;gap:5px}\n.lkx-proof-sm b{font-size:13px}\n.lkx-proof-new{color:#3685fc;font-weight:600}\n\n\/* PRICE \u2014 n\u00edzk\u00e1 kotva *\/\n.lkx-price{font-size:14px;color:#6b7280}\n.lkx-price b{font-size:20px;color:#161616;font-weight:700}\n.lkx-price-sm b{font-size:15px}\n\n\/* CTA \u2014 tepl\u00e9 ak\u010dn\u00ed tla\u010d\u00edtko *\/\n.lkx-cta{display:inline-flex;align-items:center;justify-content:center;text-decoration:none!important;font-weight:700;color:#fff!important;background:linear-gradient(135deg,#f6743f,#e8552a);border-radius:10px;box-shadow:0 6px 16px rgba(232,85,42,.32);transition:box-shadow .2s}\n.lkx-cta-hero{font-size:15px;padding:13px 22px}\n.lkx-hero:hover .lkx-cta-hero{box-shadow:0 8px 22px rgba(232,85,42,.45)}\n.lkx-cta-sm{font-size:12.5px;padding:9px 14px;width:100%;margin-top:2px}\n.lkx-hero-bottom{margin-top:auto;padding-top:18px;display:flex;align-items:center;justify-content:space-between;gap:14px;flex-wrap:wrap}\n\n\/* BADGE \u2014 jeden v\u00fdrazn\u00fd na fotce *\/\n.lkx-badge{position:absolute;top:12px;right:12px;font-size:10.5px;font-weight:700;letter-spacing:.3px;padding:5px 10px;border-radius:16px;color:#fff}\n.lkx-badge.badge-urgency{background:rgba(214,40,40,.92)}\n.lkx-badge.badge-new{background:rgba(54,133,252,.92)}\n.lkx-badge.badge-top{background:rgba(195,159,118,.95)}\n.lkx-badge.badge-info{background:rgba(40,40,40,.78)}\n\n\/* SECONDARY GRID *\/\n.lkx-grid{display:grid;grid-template-columns:1fr 1fr;gap:14px}\n.lkx-card{background:#fff;border:1px solid #ece7df;border-radius:14px;overflow:hidden;text-decoration:none!important;color:inherit;box-shadow:0 4px 14px rgba(0,0,0,.05);display:flex;flex-direction:column;transition:box-shadow .2s,transform .2s}\n.lkx-card:hover{box-shadow:0 10px 24px rgba(0,0,0,.1);transform:translateY(-2px)}\n.lkx-card-img{position:relative;aspect-ratio:16\/10;background-size:cover;background-position:center;background-color:#eee}\n.lkx-card-body{padding:14px 16px 16px;display:flex;flex-direction:column;gap:7px;flex:1}\n.lkx-card-bottom{margin-top:auto;padding-top:10px;display:flex;align-items:center;justify-content:space-between;gap:8px}\n\n\/* DISCLOSURE \u2014 drobn\u00e1, kv\u016fli d\u016fv\u011b\u0159e\/z\u00e1konu *\/\n.lkx-disclosure{font-size:11px;color:#a7adb3;text-align:center;margin-top:14px;line-height:1.6}\n.lkx-disclosure a{color:#c39f76;text-decoration:none}\n\n@media(max-width:680px){\n  .lkx-hero{grid-template-columns:1fr}\n  .lkx-hero-img{min-height:180px}\n  .lkx-grid{grid-template-columns:1fr}\n  .lkx-head-meta{margin-left:0;width:100%}\n  .lkx-head-title{font-size:19px}\n}\n\n<\/style>\n<div class=\"lkx-module\" data-query=\"malta\">\n  <div class=\"lkx-head\">\n    <div class=\"lkx-head-main\">\n      <span class=\"lkx-head-accent\"><\/span>\n      <span class=\"lkx-head-title\">Z\u00e1\u017eitky a vstupenky<\/span>\n    <\/div>\n    <span class=\"lkx-head-meta\">overen\u00e9 cestovate\u013emi \u00b7 <a class=\"thirstylink\" rel=\"nofollow\" target=\"_blank\" title=\"GetYourGuide\" href=\"https:\/\/loudavymkrokem.cz\/sk\/doporucujeme\/getyourguide\/\" data-shortcode=\"true\">GetYourGuide<\/a><\/span>\n  <\/div><a class=\"lkx-hero\" href=\"https:\/\/www.getyourguide.com\/sk-sk\/marsa-l174834\/z-malty-etna-a-taormina-celodenny-vylet-so-sprievodcom-t596897\/?partner_id=MKZ64IS&amp;utm_medium=online_publisher&amp;cmp=dovolenka-malta-tipy\" target=\"_blank\" rel=\"sponsored noopener nofollow\">\n    <div class=\"lkx-hero-img\" style=\"background-image:url('https:\/\/cdn.getyourguide.com\/img\/tour\/591802cee2ca609f99e67b0f0273a69429f19de7105ac3095f906637b2a688d9.jpg\/132.jpg')\" role=\"img\" aria-label=\"Malta: Etna a Taormina Celodenn\u00fd v\u00fdlet katamar\u00e1nom so sprievodcom\">\n      <span class=\"lkx-pick\">\u2605 N\u00e1\u0161 tip<\/span><\/div>\n    <div class=\"lkx-hero-body\">\n      <div class=\"lkx-title\">Malta: Etna a Taormina Celodenn\u00fd v\u00fdlet katamar\u00e1nom so sprievodcom<\/div>\n      <div class=\"lkx-proof\">\n      <span class=\"lkx-stars\">\u2605\u2605\u2605\u2605\u2605<\/span>\n      <b>4.4<\/b> \u00b7 184 hodnoten\u00ed\n    <\/div>\n      <div class=\"lkx-hero-bottom\"><div class=\"lkx-price\">od <b>159\u00a0EUR<\/b><\/div><span class=\"lkx-cta lkx-cta-hero\">Chcem tento z\u00e1\u017eitok \u2192<\/span>\n      <\/div>\n    <\/div>\n  <\/a><div class=\"lkx-grid\"><a class=\"lkx-card\" href=\"https:\/\/www.getyourguide.com\/sk-sk\/marsa-l174834\/malta-jednodnovy-vylet-s-sprievodcom-na-sopku-etna-a-do-katanie-katamaranom-t988889\/?partner_id=MKZ64IS&amp;utm_medium=online_publisher&amp;cmp=dovolenka-malta-tipy\" target=\"_blank\" rel=\"sponsored noopener nofollow\">\n      <div class=\"lkx-card-img\" style=\"background-image:url('https:\/\/cdn.getyourguide.com\/img\/tour\/85c4b042fd123a7269e89a2fe2c4382be2c53654f541997408a25410a05ff766.jpg\/132.jpg')\" role=\"img\" aria-label=\"Malta: Jednod\u0148ov\u00fd v\u00fdlet s sprievodcom na sopku Etna a do Kat\u00e1nie katamar\u00e1nom\"><\/div>\n      <div class=\"lkx-card-body\">\n        <div class=\"lkx-title lkx-title-sm\">Malta: Jednod\u0148ov\u00fd v\u00fdlet s sprievodcom na sopku Etna a do Kat\u00e1nie katamar\u00e1nom<\/div>\n        <div class=\"lkx-proof lkx-proof-sm\">\n      <span class=\"lkx-stars\">\u2605<\/span>\n      <b>4.7<\/b> \u00b7 119\n    <\/div>\n        <div class=\"lkx-card-bottom\"><span class=\"lkx-price lkx-price-sm\">od <b>159\u00a0EUR<\/b><\/span><span class=\"lkx-cta lkx-cta-sm\">Zobrazi\u0165 term\u00edny \u2192<\/span>\n        <\/div>\n      <\/div>\n    <\/a><a class=\"lkx-card\" href=\"https:\/\/www.getyourguide.com\/sk-sk\/marsa-l174834\/z-malty-syrakuzy-a-marzamemi-celodenny-vylet-so-sprievodcom-t594913\/?partner_id=MKZ64IS&amp;utm_medium=online_publisher&amp;cmp=dovolenka-malta-tipy\" target=\"_blank\" rel=\"sponsored noopener nofollow\">\n      <div class=\"lkx-card-img\" style=\"background-image:url('https:\/\/cdn.getyourguide.com\/img\/tour\/3dd92a839c1bf09e86c490aeb6574e91e0ac823910575176db94bf5f3ad9052d.jpg\/132.jpg')\" role=\"img\" aria-label=\"Z Malty: Syrak\u00fazy a Marzamemi Celodenn\u00fd v\u00fdlet so sprievodcom\"><\/div>\n      <div class=\"lkx-card-body\">\n        <div class=\"lkx-title lkx-title-sm\">Z Malty: Syrak\u00fazy a Marzamemi Celodenn\u00fd v\u00fdlet so sprievodcom<\/div>\n        <div class=\"lkx-proof lkx-proof-sm\">\n      <span class=\"lkx-stars\">\u2605<\/span>\n      <b>4.3<\/b> \u00b7 76\n    <\/div>\n        <div class=\"lkx-card-bottom\"><span class=\"lkx-price lkx-price-sm\">od <b>139\u00a0EUR<\/b><\/span><span class=\"lkx-cta lkx-cta-sm\">Zobrazi\u0165 term\u00edny \u2192<\/span>\n        <\/div>\n      <\/div>\n    <\/a><\/div><div class=\"lkx-disclosure\">\ud83d\udd17 Odkazy s\u00fa partnersk\u00e9 \u2014 cenu v\u00e1m nezmenia, n\u00e1m pom\u00e1haj\u00fa tvori\u0165 obsah. \u00b7 <a href=\"https:\/\/www.getyourguide.com\/sk-sk\/s\/?q=malta&amp;partner_id=MKZ64IS&amp;utm_medium=online_publisher\" target=\"_blank\" rel=\"sponsored noopener nofollow\">V\u0161etky z\u00e1\u017eitky \u2192<\/a><\/div>\n<\/div>\n<!-- LKM_GYG_CARD end -->\n\n\n\n\n<div class=\"lk-stays-module\">\n<style>\n\/* \u2500\u2500\u2500 RESET PRO GUTENBERG \u2500\u2500\u2500 *\/\n.lk-stays-module * { box-sizing: border-box; margin: 0; padding: 0; }\n\n\/* \u2500\u2500\u2500 WRAPPER \u2500\u2500\u2500 *\/\n.lk-stays-module {\n  font-family: 'DM Sans', Georgia, sans-serif;\n  max-width: 100%;\n  margin: 2.5rem auto;\n  background: linear-gradient(135deg, #fdfaf5 0%, #fcf8f0 100%);\n  border: 1px solid #e8dfd4;\n  border-radius: 16px;\n  overflow: hidden;\n  box-shadow: 0 16px 48px rgba(195, 159, 118, 0.25), 0 4px 12px rgba(0,0,0,0.08);\n}\n\n\/* \u2500\u2500\u2500 HEADER \u2500\u2500\u2500 *\/\n.lk-stays-header {\n  position: relative;\n  padding: 24px 36px 24px;\n  background: linear-gradient(135deg, #c39f76 0%, #d4b188 60%, #c39f76 100%);\n  border-bottom: 1px solid rgba(255,255,255,.15);\n  display: flex;\n  align-items: center;\n  gap: 18px;\n}\n.lk-stays-header::before {\n  content: '';\n  position: absolute;\n  inset: 0;\n  background: url(\"data:image\/svg+xml,%3Csvg width='60' height='60' viewBox='0 0 60 60' xmlns='http:\/\/www.w3.org\/2000\/svg'%3E%3Cg fill='none' fill-rule='evenodd'%3E%3Cg fill='%23ffffff' fill-opacity='0.05'%3E%3Cpath d='M36 34v-4h-2v4h-4v2h4v4h2v-4h4v-2h-4zm0-30V0h-2v4h-4v2h4v4h2V6h4V4h-4zM6 34v-4H4v4H0v2h4v4h2v-4h4v-2H6zM6 4V0H4v4H0v2h4v4h2V6h4V4H6z'\/%3E%3C\/g%3E%3C\/g%3E%3C\/svg%3E\") repeat;\n  pointer-events: none;\n}\n.lk-stays-icon {\n  flex-shrink: 0;\n  width: 68px;\n  height: 68px;\n  border-radius: 14px;\n  background: linear-gradient(135deg, #fff 0%, #f9f6f0 100%);\n  display: flex;\n  align-items: center;\n  justify-content: center;\n  font-size: 26px;\n  box-shadow: 0 4px 12px rgba(0,0,0,0.15);\n}\n.lk-stays-eyebrow {\n  font-size: 10px;\n  font-weight: 500;\n  letter-spacing: 2.5px;\n  text-transform: uppercase;\n  color: rgba(255,255,255,.85);\n  margin: 0 0 5px 0;\n}\n.lk-stays-title {\n  font-family: 'Playfair Display', Georgia, serif;\n  font-size: 24px;\n  font-weight: 700;\n  color: #fff;\n  line-height: 1.2;\n  text-shadow: 0 1px 2px rgba(0,0,0,0.1);\n  margin: 0;\n}\n.lk-stays-subtitle {\n  font-size: 13px;\n  color: rgba(255,255,255,.75);\n  margin: 4px 0 0 0;\n  font-weight: 300;\n}\n\n\/* \u2500\u2500\u2500 CARDS GRID \u2500\u2500\u2500 *\/\n.lk-stays-grid {\n  display: grid;\n  grid-template-columns: 1fr 1fr;\n  gap: 1px;\n  background: rgba(195, 159, 118, 0.12);\n}\n\n\/* \u2500\u2500\u2500 SINGLE CARD \u2500\u2500\u2500 *\/\n.lk-stay-card {\n  background: #ffffff;\n  padding: 26px;\n  display: flex;\n  flex-direction: column;\n  gap: 11px;\n  transition: all 0.3s ease;\n  text-decoration: none;\n  color: inherit;\n  position: relative;\n}\n.lk-stay-card:hover {\n  background: #fffbf5;\n  transform: translateY(-2px);\n  box-shadow: 0 8px 24px rgba(195, 159, 118, 0.18);\n  z-index: 1;\n}\n.lk-stay-card.featured {\n  background: linear-gradient(135deg, #fffdf9 0%, #fff9f0 100%);\n  box-shadow: 0 4px 16px rgba(195, 159, 118, 0.15), inset 0 1px 0 rgba(195, 159, 118, 0.1);\n}\n.lk-stay-card.featured:hover {\n  background: linear-gradient(135deg, #fffbf5 0%, #fff8ed 100%);\n  box-shadow: 0 8px 24px rgba(195, 159, 118, 0.25), inset 0 1px 0 rgba(195, 159, 118, 0.15);\n}\n\n.lk-stay-badge {\n  display: inline-flex;\n  align-items: center;\n  gap: 5px;\n  font-size: 10px;\n  font-weight: 500;\n  letter-spacing: 1.5px;\n  text-transform: uppercase;\n  padding: 5px 11px;\n  border-radius: 20px;\n  width: fit-content;\n}\n.badge-top     { background: linear-gradient(135deg, #c39f76 0%, #d4b188 100%); color: #fff; border: 1px solid #c39f76; font-weight: 600; box-shadow: 0 2px 8px rgba(195,159,118,0.3); }\n.badge-luxury  { background: rgba(195,159,118,.12); color: #c39f76; border: 1px solid rgba(195,159,118,.25); }\n.badge-boutique{ background: rgba(54,133,252,.08); color: #3685fc; border: 1px solid rgba(54,133,252,.2); }\n.badge-nature  { background: rgba(130,190,100,.1); color: #6b9c4a; border: 1px solid rgba(130,190,100,.2); }\n.badge-remote  { background: rgba(195,159,118,.12); color: #a67e50; border: 1px solid rgba(195,159,118,.25); }\n\n.lk-stay-name {\n  font-family: 'Playfair Display', Georgia, serif;\n  font-size: 18px;\n  font-weight: 700;\n  color: #111827;\n  line-height: 1.3;\n}\n.lk-stay-desc {\n  font-size: 13.5px;\n  color: #525252;\n  line-height: 1.65;\n  font-weight: 300;\n  flex: 1;\n}\n\n.lk-stay-meta {\n  display: flex;\n  align-items: center;\n  gap: 12px;\n  flex-wrap: wrap;\n  margin-top: 4px;\n}\n.lk-stay-price {\n  font-size: 13px;\n  color: #6b7280;\n}\n.lk-stay-price strong {\n  color: #c39f76;\n  font-weight: 500;\n}\n.lk-stay-stars {\n  color: #c39f76;\n  font-size: 11px;\n  letter-spacing: 1px;\n}\n\n\/* \u2500\u2500\u2500 CTA BUTTON \u2500\u2500\u2500 *\/\n.lk-stay-cta {\n  display: inline-flex;\n  align-items: center;\n  justify-content: center;\n  gap: 7px;\n  margin-top: 8px;\n  padding: 11px 20px;\n  border-radius: 8px;\n  background: linear-gradient(135deg, #3685fc 0%, #2a6fd9 100%);\n  color: #fff;\n  font-size: 13px;\n  font-weight: 500;\n  text-decoration: none;\n  letter-spacing: .3px;\n  transition: all .2s ease;\n  cursor: pointer;\n  border: none;\n  text-align: center;\n  box-shadow: 0 4px 12px rgba(54, 133, 252, 0.25);\n}\n.lk-stay-cta:hover {\n  background: linear-gradient(135deg, #2a6fd9 0%, #1e5bc4 100%);\n  transform: translateY(-1px);\n  box-shadow: 0 6px 16px rgba(54, 133, 252, 0.35);\n}\n.lk-stay-cta svg { flex-shrink: 0; }\n\n\/* \u2500\u2500\u2500 FOOTER \u2500\u2500\u2500 *\/\n.lk-stays-footer {\n  padding: 18px 36px;\n  background: linear-gradient(to bottom, #fdfaf5 0%, #f9f4ed 100%);\n  border-top: 1px solid rgba(195, 159, 118, 0.15);\n  display: flex;\n  align-items: center;\n  justify-content: space-between;\n  flex-wrap: wrap;\n  gap: 12px;\n}\n.lk-stays-footer-note {\n  font-size: 11.5px;\n  color: #6b7280;\n  font-weight: 300;\n  line-height: 1.5;\n}\n.lk-stays-footer-note a {\n  color: #c39f76;\n  text-decoration: none;\n  font-weight: 400;\n}\n.lk-stays-footer-note a:hover {\n  text-decoration: underline;\n}\n.lk-stays-all-btn {\n  display: inline-flex;\n  align-items: center;\n  gap: 6px;\n  font-size: 12.5px;\n  font-weight: 500;\n  color: #c39f76;\n  text-decoration: none;\n  border: 1px solid rgba(195, 159, 118, 0.35);\n  padding: 8px 18px;\n  border-radius: 8px;\n  transition: all .2s ease;\n}\n.lk-stays-all-btn:hover {\n  background: rgba(195, 159, 118, 0.08);\n  border-color: rgba(195, 159, 118, 0.5);\n}\n\n\/* \u2500\u2500\u2500 RESPONSIVE \u2500\u2500\u2500 *\/\n@media (max-width: 600px) {\n  .lk-stays-grid { grid-template-columns: 1fr; }\n  .lk-stays-header { padding: 24px 20px; }\n  .lk-stays-footer { padding: 16px 20px; }\n  .lk-stay-card { padding: 22px; }\n  .lk-stays-title { font-size: 20px; }\n}\n<\/style>\n\n  <!-- HEADER -->\n  <div class=\"lk-stays-header\">\n    <img decoding=\"async\" src=\"https:\/\/loudavymkrokem.cz\/wp-content\/uploads\/2026\/02\/lukas-a-lucka.jpg\" alt=\"\" style=\"width: 75px; height: 75px; border-radius: 8px; flex-shrink: 0; object-fit: cover; display: block; margin: 4px 0;\" title=\"\">\n    <div class=\"lk-stays-header-text\">\n      <div class=\"lk-stays-eyebrow\">Luk\u00e1\u0161 a Lucie odpor\u00fa\u010daj\u00fa<\/div>\n      <div class=\"lk-stays-title\">Kde sa ubytova\u0165 na Malte<\/div>\n      <div class=\"lk-stays-subtitle\">6 ubytovan\u00ed \u2014 wellness hotely, rezorty a \u010fal\u0161ie mo\u017enosti ubytovania<\/div>\n    <\/div>\n  <\/div>\n\n  <!-- CARDS -->\n  <div class=\"lk-stays-grid\">\n\n    <a class=\"lk-stay-card featured\" href=\"https:\/\/www.stay22.com\/allez\/roam?aid=lukaskonecny&#038;campaign=loudavymkrokemcz&#038;campaign=sk&#038;campaign=dovolena-malta&#038;hotelname=The%20Embassy%20Valletta%20Hotel&#038;address=Valletta%2C%20Malta\" target=\"_blank\" rel=\"nofollow noopener\">\n      <span class=\"lk-stay-badge badge-top\">\u2b50 TOP VO\u013dBA<\/span>\n      <span class=\"lk-stay-badge badge-nature\">\ud83c\udfe8 Hotel<\/span>\n      <div class=\"lk-stay-name\">The Embassy Valletta Hotel<\/div>\n      <div class=\"lk-stay-desc\">\u00da\u017easn\u00fd hotel v historickom centre so strechou s baz\u00e9nom a par\u00e1dnym v\u00fdh\u013eadom na okolie.<\/div>\n      <div class=\"lk-stay-meta\">\n        <span class=\"lk-stay-stars\">\u2605\u2605\u2605\u2605<\/span>\n        <span class=\"lk-stay-price\">Skontrolova\u0165 ceny<\/span>\n      <\/div>\n      <span class=\"lk-stay-cta\">\n        <svg width=\"14\" height=\"14\" viewBox=\"0 0 24 24\" fill=\"none\" stroke=\"currentColor\" stroke-width=\"2\"><path d=\"M18 13v6a2 2 0 0 1-2 2H5a2 2 0 0 1-2-2V8a2 2 0 0 1 2-2h6\"\/><polyline points=\"15 3 21 3 21 9\"\/><line x1=\"10\" y1=\"14\" x2=\"21\" y2=\"3\"\/><\/svg>\n        Skontrolova\u0165 dostupnos\u0165\n      <\/span>\n    <\/a>\n\n    <a class=\"lk-stay-card\" href=\"https:\/\/www.stay22.com\/allez\/roam?aid=lukaskonecny&#038;campaign=loudavymkrokemcz&#038;campaign=sk&#038;campaign=dovolena-malta&#038;hotelname=Hotel%20Juliani&#038;address=St%20Julian%27s%2C%20Malta\" target=\"_blank\" rel=\"nofollow noopener\">\n      <span class=\"lk-stay-badge badge-nature\">\ud83c\udfe8 Hotel<\/span>\n      <div class=\"lk-stay-name\">Hotel Juliani<\/div>\n      <div class=\"lk-stay-desc\">Kr\u00e1sny butikov\u00fd hotel na pobre\u017e\u00ed Spinola Bay, pon\u00faka skvel\u00e9 slu\u017eby a \u010darovn\u00fa atmosf\u00e9ru.<\/div>\n      <div class=\"lk-stay-meta\">\n        <span class=\"lk-stay-stars\">\u2605\u2605\u2605\u2605<\/span>\n        <span class=\"lk-stay-price\">Skontrolova\u0165 ceny<\/span>\n      <\/div>\n      <span class=\"lk-stay-cta\">\n        <svg width=\"14\" height=\"14\" viewBox=\"0 0 24 24\" fill=\"none\" stroke=\"currentColor\" stroke-width=\"2\"><path d=\"M18 13v6a2 2 0 0 1-2 2H5a2 2 0 0 1-2-2V8a2 2 0 0 1 2-2h6\"\/><polyline points=\"15 3 21 3 21 9\"\/><line x1=\"10\" y1=\"14\" x2=\"21\" y2=\"3\"\/><\/svg>\n        Skontrolova\u0165 dostupnos\u0165\n      <\/span>\n    <\/a>\n\n    <a class=\"lk-stay-card\" href=\"https:\/\/www.stay22.com\/allez\/roam?aid=lukaskonecny&#038;campaign=loudavymkrokemcz&#038;campaign=sk&#038;campaign=dovolena-malta&#038;hotelname=Corinthia%20St%20George%27s%20Bay&#038;address=St%20Julian%27s%2C%20Malta\" target=\"_blank\" rel=\"nofollow noopener\">\n      <span class=\"lk-stay-badge badge-nature\">\u2b50 Luxury<\/span>\n      <div class=\"lk-stay-name\">Corinthia St George&#8217;s Bay<\/div>\n      <div class=\"lk-stay-desc\">Luxusn\u00fd p\u00e4\u0165hviezdi\u010dkov\u00fd rezort priamo pri z\u00e1toke, maxim\u00e1lne pohodlie a \u0161pi\u010dkov\u00fd servis pre n\u00e1ro\u010dn\u00fdch.<\/div>\n      <div class=\"lk-stay-meta\">\n        <span class=\"lk-stay-stars\">\u2605\u2605\u2605\u2605\u2605<\/span>\n        <span class=\"lk-stay-price\">Skontrolova\u0165 ceny<\/span>\n      <\/div>\n      <span class=\"lk-stay-cta\">\n        <svg width=\"14\" height=\"14\" viewBox=\"0 0 24 24\" fill=\"none\" stroke=\"currentColor\" stroke-width=\"2\"><path d=\"M18 13v6a2 2 0 0 1-2 2H5a2 2 0 0 1-2-2V8a2 2 0 0 1 2-2h6\"\/><polyline points=\"15 3 21 3 21 9\"\/><line x1=\"10\" y1=\"14\" x2=\"21\" y2=\"3\"\/><\/svg>\n        Skontrolova\u0165 dostupnos\u0165\n      <\/span>\n    <\/a>\n\n    <a class=\"lk-stay-card\" href=\"https:\/\/www.stay22.com\/allez\/roam?aid=lukaskonecny&#038;campaign=loudavymkrokemcz&#038;campaign=sk&#038;campaign=dovolena-malta&#038;hotelname=Hyatt%20Centric%20Malta&#038;address=St%20Julian%27s%2C%20Malta\" target=\"_blank\" rel=\"nofollow noopener\">\n      <span class=\"lk-stay-badge badge-nature\">\ud83c\udfe8 Hotel<\/span>\n      <div class=\"lk-stay-name\">Hyatt Centric Malta<\/div>\n      <div class=\"lk-stay-desc\">Moderne zariaden\u00fd hotel v oblasti St Julian&#8217;s, l\u00e1ka na \u0161t\u00fdlov\u00fd baz\u00e9n na streche.<\/div>\n      <div class=\"lk-stay-meta\">\n        <span class=\"lk-stay-stars\">\u2605\u2605\u2605\u2605<\/span>\n        <span class=\"lk-stay-price\">Skontrolova\u0165 ceny<\/span>\n      <\/div>\n      <span class=\"lk-stay-cta\">\n        <svg width=\"14\" height=\"14\" viewBox=\"0 0 24 24\" fill=\"none\" stroke=\"currentColor\" stroke-width=\"2\"><path d=\"M18 13v6a2 2 0 0 1-2 2H5a2 2 0 0 1-2-2V8a2 2 0 0 1 2-2h6\"\/><polyline points=\"15 3 21 3 21 9\"\/><line x1=\"10\" y1=\"14\" x2=\"21\" y2=\"3\"\/><\/svg>\n        Skontrolova\u0165 dostupnos\u0165\n      <\/span>\n    <\/a>\n\n    <a class=\"lk-stay-card\" href=\"https:\/\/www.stay22.com\/allez\/roam?aid=lukaskonecny&#038;campaign=loudavymkrokemcz&#038;campaign=sk&#038;campaign=dovolena-malta&#038;hotelname=db%20Seabank%20Resort%20%2B%20Spa&#038;address=Mellieha%2C%20Malta\" target=\"_blank\" rel=\"nofollow noopener\">\n      <span class=\"lk-stay-badge badge-nature\">\ud83c\udf32 Rezort<\/span>\n      <div class=\"lk-stay-name\">db Seabank Resort + Spa<\/div>\n      <div class=\"lk-stay-desc\">Ob\u013e\u00faben\u00fd komplex s all inclusive, len k\u00fasok od najlep\u0161ej pieso\u010dnej pl\u00e1\u017ee v Mellie\u0127a.<\/div>\n      <div class=\"lk-stay-meta\">\n        <span class=\"lk-stay-stars\">\u2605\u2605\u2605\u2605<\/span>\n        <span class=\"lk-stay-price\">Skontrolova\u0165 ceny<\/span>\n      <\/div>\n      <span class=\"lk-stay-cta\">\n        <svg width=\"14\" height=\"14\" viewBox=\"0 0 24 24\" fill=\"none\" stroke=\"currentColor\" stroke-width=\"2\"><path d=\"M18 13v6a2 2 0 0 1-2 2H5a2 2 0 0 1-2-2V8a2 2 0 0 1 2-2h6\"\/><polyline points=\"15 3 21 3 21 9\"\/><line x1=\"10\" y1=\"14\" x2=\"21\" y2=\"3\"\/><\/svg>\n        Skontrolova\u0165 dostupnos\u0165\n      <\/span>\n    <\/a>\n\n    <a class=\"lk-stay-card\" href=\"https:\/\/www.stay22.com\/allez\/roam?aid=lukaskonecny&#038;campaign=loudavymkrokemcz&#038;campaign=sk&#038;campaign=dovolena-malta&#038;hotelname=Kempinski%20Hotel%20San%20Lawrenz&#038;address=San%20Lawrenz%2C%20Gozo%2C%20Malta\" target=\"_blank\" rel=\"nofollow noopener\">\n      <span class=\"lk-stay-badge badge-nature\">\ud83c\udf32 Rezort<\/span>\n      <div class=\"lk-stay-name\">Kempinski Hotel San Lawrenz<\/div>\n      <div class=\"lk-stay-desc\">Pokojn\u00fd a roz\u013eahl\u00fd rezort vo vn\u00fatrozem\u00ed ostrova Gozo, absol\u00fatna o\u00e1za pokoja pre dokonal\u00fd odpo\u010dinok.<\/div>\n      <div class=\"lk-stay-meta\">\n        <span class=\"lk-stay-stars\">\u2605\u2605\u2605\u2605<\/span>\n        <span class=\"lk-stay-price\">Skontrolova\u0165 ceny<\/span>\n      <\/div>\n      <span class=\"lk-stay-cta\">\n        <svg width=\"14\" height=\"14\" viewBox=\"0 0 24 24\" fill=\"none\" stroke=\"currentColor\" stroke-width=\"2\"><path d=\"M18 13v6a2 2 0 0 1-2 2H5a2 2 0 0 1-2-2V8a2 2 0 0 1 2-2h6\"\/><polyline points=\"15 3 21 3 21 9\"\/><line x1=\"10\" y1=\"14\" x2=\"21\" y2=\"3\"\/><\/svg>\n        Skontrolova\u0165 dostupnos\u0165\n      <\/span>\n    <\/a>\n\n  <\/div>\n\n  \n<\/div>\n\n\n\n\n<h3 id=\"18_Modra_laguna_na_Comino\" class=\"wp-block-heading\"><span class=\"ez-toc-section\" id=\"18_Modra_laguna_na_Comine\"><\/span>18. Modr\u00e1 lag\u00fana na Comine<span class=\"ez-toc-section-end\"><\/span><\/h3>\n\n\n\n<p class=\"wp-block-paragraph\">\u017diarivo tyrkysov\u00e1 voda kontrastuj\u00faca s bielym pieso\u010dnat\u00fdm dnom urobila z tejto z\u00e1toky s preh\u013eadom to najfotogenickej\u0161ie miesto cel\u00e9ho s\u00faostrovia. Le\u017e\u00ed pri brehoch mal\u00e9ho ostrova Comino, kam sa auto v\u00f4bec nedostane, tak\u017ee si mus\u00ed\u0161 zaplati\u0165 v\u00fdletn\u00fa lo\u010f z Malty alebo Goza, a pod\u013ea fotiek to tam <strong>vyzer\u00e1 ako v ozajstnom karibskom raji<\/strong>.<\/p>\n\n\n\n<figure data-wp-context=\"{&quot;imageId&quot;:&quot;6a9c5fe19f08f&quot;}\" data-wp-interactive=\"core\/image\" data-wp-key=\"6a9c5fe19f08f\" class=\"wp-block-image size-full wp-lightbox-container\"><img decoding=\"async\" width=\"1500\" height=\"1000\" data-wp-class--hide=\"state.isContentHidden\" data-wp-class--show=\"state.isContentVisible\" data-wp-init=\"callbacks.setButtonStyles\" data-wp-on--click=\"actions.showLightbox\" data-wp-on--load=\"callbacks.setButtonStyles\" data-wp-on--pointerdown=\"actions.preloadImage\" data-wp-on--pointerenter=\"actions.preloadImageWithDelay\" data-wp-on--pointerleave=\"actions.cancelPreload\" data-wp-on-window--resize=\"callbacks.setButtonStyles\" src=\"https:\/\/loudavymkrokem.cz\/wp-content\/uploads\/2026\/08\/dovolena-malta-t18.jpg\" alt=\"Modr\u00e1 lag\u00fana na ostrov\u010deku Comino\" class=\"wp-image-399720\" title=\"\" srcset=\"https:\/\/loudavymkrokem.cz\/wp-content\/uploads\/2026\/08\/dovolena-malta-t18.jpg 1500w, https:\/\/loudavymkrokem.cz\/wp-content\/uploads\/2026\/08\/dovolena-malta-t18-300x200.jpg 300w, https:\/\/loudavymkrokem.cz\/wp-content\/uploads\/2026\/08\/dovolena-malta-t18-700x467.jpg 700w, https:\/\/loudavymkrokem.cz\/wp-content\/uploads\/2026\/08\/dovolena-malta-t18-768x512.jpg 768w, https:\/\/loudavymkrokem.cz\/wp-content\/uploads\/2026\/08\/dovolena-malta-t18-696x464.jpg 696w, https:\/\/loudavymkrokem.cz\/wp-content\/uploads\/2026\/08\/dovolena-malta-t18-1392x928.jpg 1392w\" sizes=\"(max-width: 1500px) 100vw, 1500px\" \/><button\n\t\t\tclass=\"lightbox-trigger\"\n\t\t\ttype=\"button\"\n\t\t\taria-haspopup=\"dialog\"\n\t\t\tdata-wp-bind--aria-label=\"state.thisImage.triggerButtonAriaLabel\"\n\t\t\tdata-wp-init=\"callbacks.initTriggerButton\"\n\t\t\tdata-wp-on--click=\"actions.showLightbox\"\n\t\t\tdata-wp-style--right=\"state.thisImage.buttonRight\"\n\t\t\tdata-wp-style--top=\"state.thisImage.buttonTop\"\n\t\t>\n\t\t\t<svg xmlns=\"http:\/\/www.w3.org\/2000\/svg\" width=\"12\" height=\"12\" fill=\"none\" viewBox=\"0 0 12 12\">\n\t\t\t\t<path fill=\"#fff\" d=\"M2 0a2 2 0 0 0-2 2v2h1.5V2a.5.5 0 0 1 .5-.5h2V0H2Zm2 10.5H2a.5.5 0 0 1-.5-.5V8H0v2a2 2 0 0 0 2 2h2v-1.5ZM8 12v-1.5h2a.5.5 0 0 0 .5-.5V8H12v2a2 2 0 0 1-2 2H8Zm2-12a2 2 0 0 1 2 2v2h-1.5V2a.5.5 0 0 0-.5-.5H8V0h2Z\" \/>\n\t\t\t<\/svg>\n\t\t<\/button><figcaption class=\"wp-element-caption\">Modr\u00e1 lag\u00fana na ostrov\u010deku Comino (Foto: Frank Vincentz \/ Wikimedia Commons, CC BY-SA 3.0)<\/figcaption><\/figure>\n\n\n\n<p class=\"wp-block-paragraph\">Mus\u00edm k tebe by\u0165 ale \u00faplne \u00faprimn\u00e1, preto\u017ee v j\u00fali a auguste je to tu vraj jedna ve\u013ek\u00e1 a poriadne hlu\u010dn\u00e1 tla\u010denica, kde nem\u00e1\u0161 \u0161ancu si ani polo\u017ei\u0165 uter\u00e1k. Miestni preto d\u00f4razne odpor\u00fa\u010daj\u00fa <strong>vyrazi\u0165 hne\u010f tou prvou rannou lo\u010fou<\/strong>, alebo si n\u00e1v\u0161tevu napl\u00e1nova\u0165 mimo hlavnej letnej sez\u00f3ny, a hlavne si so sebou vzia\u0165 vodu a tie\u0148.<\/p>\n\n\n\n<h3 id=\"19_Victoria_a_Citadela\" class=\"wp-block-heading\"><span class=\"ez-toc-section\" id=\"19_Victoria_a_Citadela\"><\/span>19. Victoria a Citadela<span class=\"ez-toc-section-end\"><\/span><\/h3>\n\n\n\n<p class=\"wp-block-paragraph\">Hlavn\u00e9 mesto zelen\u0161ieho ostrova Gozo, ktor\u00e9mu miestni \u010dasto hovoria p\u00f4vodn\u00fdm menom Rabat, ukr\u00fdva vo svojom strede majest\u00e1tnu opevnen\u00fa Citadelu. T\u00e1to nedobytn\u00e1 pevnos\u0165 v minulosti chr\u00e1nila obyvate\u013eov pred n\u00e1jazdmi pir\u00e1tov a dnes pon\u00faka <strong>n\u00e1dhern\u00fd panoramatick\u00fd v\u00fdh\u013ead na cel\u00fd ostrov<\/strong>, ktor\u00fd si pod\u013ea n\u00e1v\u0161tevn\u00edkov ur\u010dite zamiluje\u0161.<\/p>\n\n\n\n<figure data-wp-context=\"{&quot;imageId&quot;:&quot;6a9c5fe19f7b1&quot;}\" data-wp-interactive=\"core\/image\" data-wp-key=\"6a9c5fe19f7b1\" class=\"wp-block-image size-full wp-lightbox-container\"><img decoding=\"async\" width=\"1500\" height=\"1000\" data-wp-class--hide=\"state.isContentHidden\" data-wp-class--show=\"state.isContentVisible\" data-wp-init=\"callbacks.setButtonStyles\" data-wp-on--click=\"actions.showLightbox\" data-wp-on--load=\"callbacks.setButtonStyles\" data-wp-on--pointerdown=\"actions.preloadImage\" data-wp-on--pointerenter=\"actions.preloadImageWithDelay\" data-wp-on--pointerleave=\"actions.cancelPreload\" data-wp-on-window--resize=\"callbacks.setButtonStyles\" src=\"https:\/\/loudavymkrokem.cz\/wp-content\/uploads\/2026\/08\/dovolena-malta-t19.jpg\" alt=\"Citadela vo Victorii na Gozo\" class=\"wp-image-399722\" title=\"\" srcset=\"https:\/\/loudavymkrokem.cz\/wp-content\/uploads\/2026\/08\/dovolena-malta-t19.jpg 1500w, https:\/\/loudavymkrokem.cz\/wp-content\/uploads\/2026\/08\/dovolena-malta-t19-300x200.jpg 300w, https:\/\/loudavymkrokem.cz\/wp-content\/uploads\/2026\/08\/dovolena-malta-t19-700x467.jpg 700w, https:\/\/loudavymkrokem.cz\/wp-content\/uploads\/2026\/08\/dovolena-malta-t19-768x512.jpg 768w, https:\/\/loudavymkrokem.cz\/wp-content\/uploads\/2026\/08\/dovolena-malta-t19-696x464.jpg 696w, https:\/\/loudavymkrokem.cz\/wp-content\/uploads\/2026\/08\/dovolena-malta-t19-1392x928.jpg 1392w\" sizes=\"(max-width: 1500px) 100vw, 1500px\" \/><button\n\t\t\tclass=\"lightbox-trigger\"\n\t\t\ttype=\"button\"\n\t\t\taria-haspopup=\"dialog\"\n\t\t\tdata-wp-bind--aria-label=\"state.thisImage.triggerButtonAriaLabel\"\n\t\t\tdata-wp-init=\"callbacks.initTriggerButton\"\n\t\t\tdata-wp-on--click=\"actions.showLightbox\"\n\t\t\tdata-wp-style--right=\"state.thisImage.buttonRight\"\n\t\t\tdata-wp-style--top=\"state.thisImage.buttonTop\"\n\t\t>\n\t\t\t<svg xmlns=\"http:\/\/www.w3.org\/2000\/svg\" width=\"12\" height=\"12\" fill=\"none\" viewBox=\"0 0 12 12\">\n\t\t\t\t<path fill=\"#fff\" d=\"M2 0a2 2 0 0 0-2 2v2h1.5V2a.5.5 0 0 1 .5-.5h2V0H2Zm2 10.5H2a.5.5 0 0 1-.5-.5V8H0v2a2 2 0 0 0 2 2h2v-1.5ZM8 12v-1.5h2a.5.5 0 0 0 .5-.5V8H12v2a2 2 0 0 1-2 2H8Zm2-12a2 2 0 0 1 2 2v2h-1.5V2a.5.5 0 0 0-.5-.5H8V0h2Z\" \/>\n\t\t\t<\/svg>\n\t\t<\/button><figcaption class=\"wp-element-caption\">Citadela vo Victorii na Gozo (Foto: CEphoto, Uwe Aranas \/ Wikimedia Commons, CC BY-SA 3.0)<\/figcaption><\/figure>\n\n\n\n<p class=\"wp-block-paragraph\">Na Gozo sa dostane\u0161 bu\u010f trajektom z pr\u00edstavu \u010airkewwa, \u010do trv\u00e1 asi 25 min\u00fat, alebo m\u00f4\u017ee\u0161 vyu\u017ei\u0165 r\u00fdchly katamar\u00e1n z Valletty plaviaci sa zhruba tri \u0161tvrte hodiny. Praktickou zauj\u00edmavos\u0165ou je, \u017ee sa <strong>cesta na ostrov neplat\u00ed<\/strong>, l\u00edstok za <a class=\"thirstylink\" rel=\"nofollow\" target=\"_blank\" title=\"FerryScanner\" href=\"https:\/\/loudavymkrokem.cz\/sk\/doporucujeme\/ferryscanner\/\" data-shortcode=\"true\">trajekt<\/a> si kupuje\u0161 a\u017e pri spiato\u010dnej ceste na Maltu, tak\u017ee si u\u0161etr\u00ed\u0161 zbyto\u010dn\u00e9 zdr\u017eiavanie pri odchode.<\/p>\n\n\n\n<h3 id=\"20_Dwejra_a_Vnutrozemske_more\" class=\"wp-block-heading\"><span class=\"ez-toc-section\" id=\"20_Dwejra_a_Vnutrozemske_more\"><\/span>20. Dwejra a Vn\u00fatrozemsk\u00e9 more<span class=\"ez-toc-section-end\"><\/span><\/h3>\n\n\n\n<p class=\"wp-block-paragraph\">T\u00e1to \u010das\u0165 ostrova Gozo b\u00fdvala sl\u00e1vna predov\u0161etk\u00fdm v\u010faka Az\u00farov\u00e9mu oknu, obrovsk\u00e9mu skaln\u00e9mu obl\u00faku, ktor\u00fd sa bohu\u017eia\u013e v roku 2017 po\u010das silnej b\u00farky zr\u00fatil do mora. Aj bez neho tu ale pr\u00edroda predv\u00e1dza neskuto\u010dn\u00e9 divadlo, preto\u017ee tu zostalo fascinuj\u00face Vn\u00fatrozemsk\u00e9 more a <strong>skvel\u00e9 podmienky na pot\u00e1panie v hlbok\u00fdch jaskyniach<\/strong>.<\/p>\n\n\n\n<figure data-wp-context=\"{&quot;imageId&quot;:&quot;6a9c5fe19fde3&quot;}\" data-wp-interactive=\"core\/image\" data-wp-key=\"6a9c5fe19fde3\" class=\"wp-block-image size-full wp-lightbox-container\"><img decoding=\"async\" width=\"1500\" height=\"998\" data-wp-class--hide=\"state.isContentHidden\" data-wp-class--show=\"state.isContentVisible\" data-wp-init=\"callbacks.setButtonStyles\" data-wp-on--click=\"actions.showLightbox\" data-wp-on--load=\"callbacks.setButtonStyles\" data-wp-on--pointerdown=\"actions.preloadImage\" data-wp-on--pointerenter=\"actions.preloadImageWithDelay\" data-wp-on--pointerleave=\"actions.cancelPreload\" data-wp-on-window--resize=\"callbacks.setButtonStyles\" src=\"https:\/\/loudavymkrokem.cz\/wp-content\/uploads\/2026\/08\/dovolena-malta-t20.jpg\" alt=\"Dwejra a Vn\u00fatrozemsk\u00e9 more na Gozo\" class=\"wp-image-399725\" title=\"\" srcset=\"https:\/\/loudavymkrokem.cz\/wp-content\/uploads\/2026\/08\/dovolena-malta-t20.jpg 1500w, https:\/\/loudavymkrokem.cz\/wp-content\/uploads\/2026\/08\/dovolena-malta-t20-300x200.jpg 300w, https:\/\/loudavymkrokem.cz\/wp-content\/uploads\/2026\/08\/dovolena-malta-t20-700x466.jpg 700w, https:\/\/loudavymkrokem.cz\/wp-content\/uploads\/2026\/08\/dovolena-malta-t20-768x511.jpg 768w, https:\/\/loudavymkrokem.cz\/wp-content\/uploads\/2026\/08\/dovolena-malta-t20-696x463.jpg 696w, https:\/\/loudavymkrokem.cz\/wp-content\/uploads\/2026\/08\/dovolena-malta-t20-1392x926.jpg 1392w\" sizes=\"(max-width: 1500px) 100vw, 1500px\" \/><button\n\t\t\tclass=\"lightbox-trigger\"\n\t\t\ttype=\"button\"\n\t\t\taria-haspopup=\"dialog\"\n\t\t\tdata-wp-bind--aria-label=\"state.thisImage.triggerButtonAriaLabel\"\n\t\t\tdata-wp-init=\"callbacks.initTriggerButton\"\n\t\t\tdata-wp-on--click=\"actions.showLightbox\"\n\t\t\tdata-wp-style--right=\"state.thisImage.buttonRight\"\n\t\t\tdata-wp-style--top=\"state.thisImage.buttonTop\"\n\t\t>\n\t\t\t<svg xmlns=\"http:\/\/www.w3.org\/2000\/svg\" width=\"12\" height=\"12\" fill=\"none\" viewBox=\"0 0 12 12\">\n\t\t\t\t<path fill=\"#fff\" d=\"M2 0a2 2 0 0 0-2 2v2h1.5V2a.5.5 0 0 1 .5-.5h2V0H2Zm2 10.5H2a.5.5 0 0 1-.5-.5V8H0v2a2 2 0 0 0 2 2h2v-1.5ZM8 12v-1.5h2a.5.5 0 0 0 .5-.5V8H12v2a2 2 0 0 1-2 2H8Zm2-12a2 2 0 0 1 2 2v2h-1.5V2a.5.5 0 0 0-.5-.5H8V0h2Z\" \/>\n\t\t\t<\/svg>\n\t\t<\/button><figcaption class=\"wp-element-caption\">Dwejra a Vn\u00fatrozemsk\u00e9 more na Gozo (Foto: portengaround \/ Wikimedia Commons, CC BY-SA 2.0)<\/figcaption><\/figure>\n\n\n\n<p class=\"wp-block-paragraph\">Vn\u00fatrozemsk\u00e9 more vlastne tvor\u00ed mal\u00e1 plytk\u00e1 lag\u00fana prepojen\u00e1 s otvoren\u00fdm morom \u00fazkym skaln\u00fdm tunelom, ktor\u00fdm s ob\u013eubou prepl\u00e1vaj\u00fa mal\u00e9 v\u00fdletn\u00e9 lo\u010fky. Sk\u00fasen\u00ed cestovatelia si tu pochva\u013euj\u00fa <strong>skvel\u00e9 podmienky na \u0161norch\u013eovanie<\/strong>, no z\u00e1rove\u0148 varuj\u00fa, \u017ee ostr\u00e9 skalnat\u00e9 pobre\u017eie vy\u017eaduje opatrnos\u0165 a pevn\u00fa obuv do vody.<\/p>\n\n\n\n<h3 id=\"21_Ramla_Bay_najkrajsia_piesocna_plaz_suostrovia\" class=\"wp-block-heading\"><span class=\"ez-toc-section\" id=\"21_Ramla_Bay_najkrajsia_piesocnata_plaz_suostrovia\"><\/span>21. Ramla Bay: najkraj\u0161ia pieso\u010dnat\u00e1 pl\u00e1\u017e s\u00faostrovia<span class=\"ez-toc-section-end\"><\/span><\/h3>\n\n\n\n<p class=\"wp-block-paragraph\">Ak by si na Gozo h\u013eadal t\u00fa \u00faplne najkraj\u0161iu pieso\u010dnat\u00fa pl\u00e1\u017e, v\u0161etci \u0165a okam\u017eite po\u0161l\u00fa na severn\u00e9 pobre\u017eie do priestrannej z\u00e1toky Ramla. Jej \u00faplne charakteristick\u00fd <strong>oran\u017eovo\u010derven\u00fd piesok kontrastuje s \u010distou vodou<\/strong> a vysoko nad z\u00e1tokou sa t\u00fd\u010di sl\u00e1vna Kalypsina jasky\u0148a, kde vraj pod\u013ea b\u00e1j\u00ed nymfa Kalypso dlh\u00fdch sedem rokov zadr\u017eiavala b\u00e1jneho Odysea.<\/p>\n\n\n\n<figure data-wp-context=\"{&quot;imageId&quot;:&quot;6a9c5fe1a0478&quot;}\" data-wp-interactive=\"core\/image\" data-wp-key=\"6a9c5fe1a0478\" class=\"wp-block-image size-full wp-lightbox-container\"><img decoding=\"async\" width=\"1500\" height=\"972\" data-wp-class--hide=\"state.isContentHidden\" data-wp-class--show=\"state.isContentVisible\" data-wp-init=\"callbacks.setButtonStyles\" data-wp-on--click=\"actions.showLightbox\" data-wp-on--load=\"callbacks.setButtonStyles\" data-wp-on--pointerdown=\"actions.preloadImage\" data-wp-on--pointerenter=\"actions.preloadImageWithDelay\" data-wp-on--pointerleave=\"actions.cancelPreload\" data-wp-on-window--resize=\"callbacks.setButtonStyles\" src=\"https:\/\/loudavymkrokem.cz\/wp-content\/uploads\/2026\/08\/dovolena-malta-t21.jpg\" alt=\"\u010cerven\u00fd piesok pl\u00e1\u017ee Ramla Bay\" class=\"wp-image-399728\" title=\"\" srcset=\"https:\/\/loudavymkrokem.cz\/wp-content\/uploads\/2026\/08\/dovolena-malta-t21.jpg 1500w, https:\/\/loudavymkrokem.cz\/wp-content\/uploads\/2026\/08\/dovolena-malta-t21-300x194.jpg 300w, https:\/\/loudavymkrokem.cz\/wp-content\/uploads\/2026\/08\/dovolena-malta-t21-700x454.jpg 700w, https:\/\/loudavymkrokem.cz\/wp-content\/uploads\/2026\/08\/dovolena-malta-t21-768x498.jpg 768w, https:\/\/loudavymkrokem.cz\/wp-content\/uploads\/2026\/08\/dovolena-malta-t21-696x451.jpg 696w, https:\/\/loudavymkrokem.cz\/wp-content\/uploads\/2026\/08\/dovolena-malta-t21-1392x902.jpg 1392w\" sizes=\"(max-width: 1500px) 100vw, 1500px\" \/><button\n\t\t\tclass=\"lightbox-trigger\"\n\t\t\ttype=\"button\"\n\t\t\taria-haspopup=\"dialog\"\n\t\t\tdata-wp-bind--aria-label=\"state.thisImage.triggerButtonAriaLabel\"\n\t\t\tdata-wp-init=\"callbacks.initTriggerButton\"\n\t\t\tdata-wp-on--click=\"actions.showLightbox\"\n\t\t\tdata-wp-style--right=\"state.thisImage.buttonRight\"\n\t\t\tdata-wp-style--top=\"state.thisImage.buttonTop\"\n\t\t>\n\t\t\t<svg xmlns=\"http:\/\/www.w3.org\/2000\/svg\" width=\"12\" height=\"12\" fill=\"none\" viewBox=\"0 0 12 12\">\n\t\t\t\t<path fill=\"#fff\" d=\"M2 0a2 2 0 0 0-2 2v2h1.5V2a.5.5 0 0 1 .5-.5h2V0H2Zm2 10.5H2a.5.5 0 0 1-.5-.5V8H0v2a2 2 0 0 0 2 2h2v-1.5ZM8 12v-1.5h2a.5.5 0 0 0 .5-.5V8H12v2a2 2 0 0 1-2 2H8Zm2-12a2 2 0 0 1 2 2v2h-1.5V2a.5.5 0 0 0-.5-.5H8V0h2Z\" \/>\n\t\t\t<\/svg>\n\t\t<\/button><figcaption class=\"wp-element-caption\">\u010cerven\u00fd piesok pl\u00e1\u017ee Ramla Bay (Foto: JosephAmodio \/ Wikimedia Commons, CC BY-SA 4.0)<\/figcaption><\/figure>\n\n\n\n<p class=\"wp-block-paragraph\">Priamo k piesku sa pohodlne dostane\u0161 miestnymi autobusmi, ktor\u00e9 sem pravidelne jazdia z hlavn\u00e9ho mesta ostrova. Ak chce\u0161 u\u0161etri\u0165 peniaze za dopravu po\u010das cel\u00e9ho pobytu, ur\u010dite sa ti oplat\u00ed zaobstara\u0165 si <strong>turistick\u00fa t\u00fd\u017edenn\u00fa kartu<\/strong>, ktor\u00e1 vyjde zhruba na 25 eur.<\/p>\n\n\n\n<h3 id=\"22_Ggantija_najstarsie_volne_stojace_stavby_na_svete\" class=\"wp-block-heading\"><span class=\"ez-toc-section\" id=\"22_Ggantija_najstarsie_volne_stojace_stavby_na_svete\"><\/span>22. \u0120gantija: najstar\u0161ie vo\u013ene stojace stavby na svete<span class=\"ez-toc-section-end\"><\/span><\/h3>\n\n\n\n<p class=\"wp-block-paragraph\">Historici sa zhoduj\u00fa, \u017ee ak \u0165a bav\u00ed starovek, tento \u00fa\u017easn\u00fd chr\u00e1mov\u00fd komplex na ostrove Gozo \u0165a doslova posad\u00ed na stoli\u010dku. Tieto mas\u00edvne megalitick\u00e9 stavby, ktor\u00e9 s\u00fa pochopite\u013ene chr\u00e1nen\u00e9 organiz\u00e1ciou UNESCO, vraj predstavuj\u00fa tie <strong>v\u00f4bec najstar\u0161ie vo\u013ene stojace stavby na celom svete<\/strong>, tak\u017ee hravo str\u010dia do vrecka aj britsk\u00e9 Stonehenge.<\/p>\n\n\n\n<figure data-wp-context=\"{&quot;imageId&quot;:&quot;6a9c5fe1a0d43&quot;}\" data-wp-interactive=\"core\/image\" data-wp-key=\"6a9c5fe1a0d43\" class=\"wp-block-image size-full wp-lightbox-container\"><img decoding=\"async\" width=\"1500\" height=\"1000\" data-wp-class--hide=\"state.isContentHidden\" data-wp-class--show=\"state.isContentVisible\" data-wp-init=\"callbacks.setButtonStyles\" data-wp-on--click=\"actions.showLightbox\" data-wp-on--load=\"callbacks.setButtonStyles\" data-wp-on--pointerdown=\"actions.preloadImage\" data-wp-on--pointerenter=\"actions.preloadImageWithDelay\" data-wp-on--pointerleave=\"actions.cancelPreload\" data-wp-on-window--resize=\"callbacks.setButtonStyles\" src=\"https:\/\/loudavymkrokem.cz\/wp-content\/uploads\/2026\/08\/dovolena-malta-t22.jpg\" alt=\"Megalitick\u00e9 chr\u00e1my \u0120gantija na Gozo\" class=\"wp-image-399732\" title=\"\" srcset=\"https:\/\/loudavymkrokem.cz\/wp-content\/uploads\/2026\/08\/dovolena-malta-t22.jpg 1500w, https:\/\/loudavymkrokem.cz\/wp-content\/uploads\/2026\/08\/dovolena-malta-t22-300x200.jpg 300w, https:\/\/loudavymkrokem.cz\/wp-content\/uploads\/2026\/08\/dovolena-malta-t22-700x467.jpg 700w, https:\/\/loudavymkrokem.cz\/wp-content\/uploads\/2026\/08\/dovolena-malta-t22-768x512.jpg 768w, https:\/\/loudavymkrokem.cz\/wp-content\/uploads\/2026\/08\/dovolena-malta-t22-696x464.jpg 696w, https:\/\/loudavymkrokem.cz\/wp-content\/uploads\/2026\/08\/dovolena-malta-t22-1392x928.jpg 1392w\" sizes=\"(max-width: 1500px) 100vw, 1500px\" \/><button\n\t\t\tclass=\"lightbox-trigger\"\n\t\t\ttype=\"button\"\n\t\t\taria-haspopup=\"dialog\"\n\t\t\tdata-wp-bind--aria-label=\"state.thisImage.triggerButtonAriaLabel\"\n\t\t\tdata-wp-init=\"callbacks.initTriggerButton\"\n\t\t\tdata-wp-on--click=\"actions.showLightbox\"\n\t\t\tdata-wp-style--right=\"state.thisImage.buttonRight\"\n\t\t\tdata-wp-style--top=\"state.thisImage.buttonTop\"\n\t\t>\n\t\t\t<svg xmlns=\"http:\/\/www.w3.org\/2000\/svg\" width=\"12\" height=\"12\" fill=\"none\" viewBox=\"0 0 12 12\">\n\t\t\t\t<path fill=\"#fff\" d=\"M2 0a2 2 0 0 0-2 2v2h1.5V2a.5.5 0 0 1 .5-.5h2V0H2Zm2 10.5H2a.5.5 0 0 1-.5-.5V8H0v2a2 2 0 0 0 2 2h2v-1.5ZM8 12v-1.5h2a.5.5 0 0 0 .5-.5V8H12v2a2 2 0 0 1-2 2H8Zm2-12a2 2 0 0 1 2 2v2h-1.5V2a.5.5 0 0 0-.5-.5H8V0h2Z\" \/>\n\t\t\t<\/svg>\n\t\t<\/button><figcaption class=\"wp-element-caption\">Megalitick\u00e9 chr\u00e1my \u0120gantija na Gozo (Foto: Diego Delso \/ Wikimedia Commons, CC BY-SA 4.0)<\/figcaption><\/figure>\n\n\n\n<p class=\"wp-block-paragraph\">Obrovsk\u00e9 v\u00e1pencov\u00e9 bloky v\u00e1\u017eia nieko\u013eko desiatok ton a pod\u013ea d\u00e1vnych legiend ich sem museli prinies\u0165 obri, preto\u017ee si vtedaj\u0161\u00ed obyvatelia nevedeli ich stavbu inak vysvetli\u0165. Prehliadka are\u00e1lu je ve\u013emi dobre organizovan\u00e1 a za\u010d\u00edna v modernom n\u00e1v\u0161tevn\u00edckom centre, kde sa odpor\u00fa\u010da <strong>starostlivo pre\u0161tudova\u0165 vystaven\u00e9 artefakty<\/strong>, nech m\u00e1\u0161 kontext.<\/p>\n\n\n\n<h3 id=\"23_Xlendi_a_Marsalforn\" class=\"wp-block-heading\"><span class=\"ez-toc-section\" id=\"23_Xlendi_a_Marsalforn\"><\/span>23. Xlendi a Marsalforn<span class=\"ez-toc-section-end\"><\/span><\/h3>\n\n\n\n<p class=\"wp-block-paragraph\">Tieto dve ve\u013emi pokojn\u00e9 a sympatick\u00e9 pr\u00edmorsk\u00e9 letovisk\u00e1 predstavuj\u00fa ide\u00e1lnu z\u00e1klad\u0148u pre pohodov\u00fa dovolenku na ostrove Gozo. Zatia\u013e \u010do \u00fazka z\u00e1toka Xlendi osl\u0148uje dramatick\u00fdmi \u00fatesmi a n\u00e1dhern\u00fdmi z\u00e1padmi slnka, Marsalforn l\u00e1ka na pekn\u00fa promen\u00e1du a <strong>jedine\u010dn\u00e9 historick\u00e9 so\u013en\u00e9 panvy<\/strong>, ktor\u00e9 s\u00fa vytesan\u00e9 priamo do pobre\u017en\u00fdch sk\u00e1l hne\u010f za mestom.<\/p>\n\n\n\n<figure data-wp-context=\"{&quot;imageId&quot;:&quot;6a9c5fe1a1480&quot;}\" data-wp-interactive=\"core\/image\" data-wp-key=\"6a9c5fe1a1480\" class=\"wp-block-image size-full wp-lightbox-container\"><img decoding=\"async\" width=\"1500\" height=\"1000\" data-wp-class--hide=\"state.isContentHidden\" data-wp-class--show=\"state.isContentVisible\" data-wp-init=\"callbacks.setButtonStyles\" data-wp-on--click=\"actions.showLightbox\" data-wp-on--load=\"callbacks.setButtonStyles\" data-wp-on--pointerdown=\"actions.preloadImage\" data-wp-on--pointerenter=\"actions.preloadImageWithDelay\" data-wp-on--pointerleave=\"actions.cancelPreload\" data-wp-on-window--resize=\"callbacks.setButtonStyles\" src=\"https:\/\/loudavymkrokem.cz\/wp-content\/uploads\/2026\/08\/dovolena-malta-t23.jpg\" alt=\"Z\u00e1toka Xlendi na ostrove Gozo\" class=\"wp-image-399733\" title=\"\" srcset=\"https:\/\/loudavymkrokem.cz\/wp-content\/uploads\/2026\/08\/dovolena-malta-t23.jpg 1500w, https:\/\/loudavymkrokem.cz\/wp-content\/uploads\/2026\/08\/dovolena-malta-t23-300x200.jpg 300w, https:\/\/loudavymkrokem.cz\/wp-content\/uploads\/2026\/08\/dovolena-malta-t23-700x467.jpg 700w, https:\/\/loudavymkrokem.cz\/wp-content\/uploads\/2026\/08\/dovolena-malta-t23-768x512.jpg 768w, https:\/\/loudavymkrokem.cz\/wp-content\/uploads\/2026\/08\/dovolena-malta-t23-696x464.jpg 696w, https:\/\/loudavymkrokem.cz\/wp-content\/uploads\/2026\/08\/dovolena-malta-t23-1392x928.jpg 1392w\" sizes=\"(max-width: 1500px) 100vw, 1500px\" \/><button\n\t\t\tclass=\"lightbox-trigger\"\n\t\t\ttype=\"button\"\n\t\t\taria-haspopup=\"dialog\"\n\t\t\tdata-wp-bind--aria-label=\"state.thisImage.triggerButtonAriaLabel\"\n\t\t\tdata-wp-init=\"callbacks.initTriggerButton\"\n\t\t\tdata-wp-on--click=\"actions.showLightbox\"\n\t\t\tdata-wp-style--right=\"state.thisImage.buttonRight\"\n\t\t\tdata-wp-style--top=\"state.thisImage.buttonTop\"\n\t\t>\n\t\t\t<svg xmlns=\"http:\/\/www.w3.org\/2000\/svg\" width=\"12\" height=\"12\" fill=\"none\" viewBox=\"0 0 12 12\">\n\t\t\t\t<path fill=\"#fff\" d=\"M2 0a2 2 0 0 0-2 2v2h1.5V2a.5.5 0 0 1 .5-.5h2V0H2Zm2 10.5H2a.5.5 0 0 1-.5-.5V8H0v2a2 2 0 0 0 2 2h2v-1.5ZM8 12v-1.5h2a.5.5 0 0 0 .5-.5V8H12v2a2 2 0 0 1-2 2H8Zm2-12a2 2 0 0 1 2 2v2h-1.5V2a.5.5 0 0 0-.5-.5H8V0h2Z\" \/>\n\t\t\t<\/svg>\n\t\t<\/button><figcaption class=\"wp-element-caption\">Z\u00e1toka Xlendi na ostrove Gozo (Foto: Diego Delso \/ Wikimedia Commons, CC BY-SA 4.0)<\/figcaption><\/figure>\n\n\n\n<p class=\"wp-block-paragraph\">Obe meste\u010dk\u00e1 pon\u00fakaj\u00fa pomerne dobr\u00e9 spojenie autobusmi s hlavn\u00fdm mestom Victoria, tak\u017ee odtia\u013e \u013eahko podnikne\u0161 v\u00fdlety po celom ostrove. K\u00fapanie tu prebieha prim\u00e1rne z upraven\u00fdch skalnat\u00fdch ter\u00e1s s rebr\u00edkmi, popri ktor\u00fdch n\u00e1jde\u0161 mno\u017estvo re\u0161taur\u00e1ci\u00ed pod\u00e1vaj\u00facich miestne \u0161peciality, pri ktor\u00fdch sta\u010d\u00ed len pozrie\u0165, <a href=\"https:\/\/loudavymkrokem.cz\/sk\/ako-na-letenky\/\">ako na lacn\u00e9 letenky<\/a>, a m\u00f4\u017ee\u0161 vyrazi\u0165.<\/p>\n\n\n\n<h3 id=\"24_Najkrajsie_plaze_Golden_Bay_Gajn_Tuffiea_a_Melliea_Bay\" class=\"wp-block-heading\"><span class=\"ez-toc-section\" id=\"24_Najkrajsie_plaze_Golden_Bay_Ghajn_Tuffieha_a_Mellieha_Bay\"><\/span>24. Najkraj\u0161ie pl\u00e1\u017ee: Golden Bay, G\u0127ajn Tuffie\u0127a a Mellie\u0127a Bay<span class=\"ez-toc-section-end\"><\/span><\/h3>\n\n\n\n<p class=\"wp-block-paragraph\">Na samotn\u00fd z\u00e1ver si pochopite\u013ene mus\u00edme zhrn\u00fa\u0165 to najd\u00f4le\u017eitej\u0161ie pre pl\u00e1\u017eov\u00fdch pova\u013ea\u010dov, preto\u017ee Malta pon\u00faka tri hlavn\u00e9 pieso\u010dnat\u00e9 kr\u00e1sky. Rodiny s de\u0165mi vraj najviac ocenia plytk\u00fa z\u00e1toku Mellie\u0127a Bay, zatia\u013e \u010do o k\u00fasok \u010falej le\u017e\u00ed ob\u013e\u00faben\u00e1 Golden Bay a hne\u010f ved\u013ea nej pokojnej\u0161ia G\u0127ajn Tuffie\u0127a, ku ktorej sa <strong>mus\u00ed sch\u00e1dza\u0165 po strm\u00fdch schodoch<\/strong>.<\/p>\n\n\n\n<figure data-wp-context=\"{&quot;imageId&quot;:&quot;6a9c5fe1a1ac1&quot;}\" data-wp-interactive=\"core\/image\" data-wp-key=\"6a9c5fe1a1ac1\" class=\"wp-block-image size-full wp-lightbox-container\"><img decoding=\"async\" width=\"1500\" height=\"997\" data-wp-class--hide=\"state.isContentHidden\" data-wp-class--show=\"state.isContentVisible\" data-wp-init=\"callbacks.setButtonStyles\" data-wp-on--click=\"actions.showLightbox\" data-wp-on--load=\"callbacks.setButtonStyles\" data-wp-on--pointerdown=\"actions.preloadImage\" data-wp-on--pointerenter=\"actions.preloadImageWithDelay\" data-wp-on--pointerleave=\"actions.cancelPreload\" data-wp-on-window--resize=\"callbacks.setButtonStyles\" src=\"https:\/\/loudavymkrokem.cz\/wp-content\/uploads\/2026\/08\/dovolena-malta-t24.jpg\" alt=\"Pl\u00e1\u017e Golden Bay na Malte\" class=\"wp-image-399736\" title=\"\" srcset=\"https:\/\/loudavymkrokem.cz\/wp-content\/uploads\/2026\/08\/dovolena-malta-t24.jpg 1500w, https:\/\/loudavymkrokem.cz\/wp-content\/uploads\/2026\/08\/dovolena-malta-t24-300x199.jpg 300w, https:\/\/loudavymkrokem.cz\/wp-content\/uploads\/2026\/08\/dovolena-malta-t24-700x465.jpg 700w, https:\/\/loudavymkrokem.cz\/wp-content\/uploads\/2026\/08\/dovolena-malta-t24-768x510.jpg 768w, https:\/\/loudavymkrokem.cz\/wp-content\/uploads\/2026\/08\/dovolena-malta-t24-696x463.jpg 696w, https:\/\/loudavymkrokem.cz\/wp-content\/uploads\/2026\/08\/dovolena-malta-t24-1392x925.jpg 1392w\" sizes=\"(max-width: 1500px) 100vw, 1500px\" \/><button\n\t\t\tclass=\"lightbox-trigger\"\n\t\t\ttype=\"button\"\n\t\t\taria-haspopup=\"dialog\"\n\t\t\tdata-wp-bind--aria-label=\"state.thisImage.triggerButtonAriaLabel\"\n\t\t\tdata-wp-init=\"callbacks.initTriggerButton\"\n\t\t\tdata-wp-on--click=\"actions.showLightbox\"\n\t\t\tdata-wp-style--right=\"state.thisImage.buttonRight\"\n\t\t\tdata-wp-style--top=\"state.thisImage.buttonTop\"\n\t\t>\n\t\t\t<svg xmlns=\"http:\/\/www.w3.org\/2000\/svg\" width=\"12\" height=\"12\" fill=\"none\" viewBox=\"0 0 12 12\">\n\t\t\t\t<path fill=\"#fff\" d=\"M2 0a2 2 0 0 0-2 2v2h1.5V2a.5.5 0 0 1 .5-.5h2V0H2Zm2 10.5H2a.5.5 0 0 1-.5-.5V8H0v2a2 2 0 0 0 2 2h2v-1.5ZM8 12v-1.5h2a.5.5 0 0 0 .5-.5V8H12v2a2 2 0 0 1-2 2H8Zm2-12a2 2 0 0 1 2 2v2h-1.5V2a.5.5 0 0 0-.5-.5H8V0h2Z\" \/>\n\t\t\t<\/svg>\n\t\t<\/button><figcaption class=\"wp-element-caption\">Pl\u00e1\u017e Golden Bay na Malte (Foto: Searching For Bliss \/ Wikimedia Commons, CC BY 4.0)<\/figcaption><\/figure>\n\n\n\n<p class=\"wp-block-paragraph\">Pr\u00e1ve v\u010faka schodom b\u00fdva z\u00e1toka G\u0127ajn Tuffie\u0127a o nie\u010do menej pre\u013eudnen\u00e1, ale napriek tomu chcem znova pripomen\u00fa\u0165 jedno ve\u013ek\u00e9 maltsk\u00e9 \u0161pecifikum. V\u00e4\u010d\u0161ina be\u017en\u00e9ho k\u00fapania po celom s\u00faostrov\u00ed toti\u017e prebieha zo sk\u00e1l a bet\u00f3nov\u00fdch plo\u0161\u00edn, tak\u017ee ak vyslovene miluje\u0161 dlh\u00e9 pieso\u010dnat\u00e9 pl\u00e1\u017ee, <strong>napl\u00e1nuj si ubytovanie logicky pr\u00e1ve v bl\u00edzkosti t\u00fdchto troch spomenut\u00fdch z\u00e1tok<\/strong>.<\/p>\n\n\n\n<h2 id=\"Kde_sa_ubytovat_na_Malte_najlepsie_oblasti_a_konkretne_hotely\" class=\"wp-block-heading\"><span class=\"ez-toc-section\" id=\"Kde_sa_ubytovat_na_Malte_najlepsie_oblasti_a_konkretne_hotely\"><\/span>Kde sa ubytova\u0165 na Malte: najlep\u0161ie oblasti a konkr\u00e9tne hotely<span class=\"ez-toc-section-end\"><\/span><\/h2>\n\n\n\n<p class=\"wp-block-paragraph\">Malta je s\u00edce rozlohou pomerne malink\u00e1, ale pri v\u00fdbere ubytovania na tom vlastne ve\u013emi nez\u00e1le\u017e\u00ed, preto\u017ee sa d\u00e1 pokojne ubytova\u0165 na jednom jedinom mieste a z neho pohodlne obj\u00ed\u017edza\u0165 cel\u00fd ostrov. <strong>Ove\u013ea d\u00f4le\u017eitej\u0161ia je samotn\u00e1 atmosf\u00e9ra danej lokality<\/strong>, ke\u010f\u017ee ka\u017ed\u00e9 meste\u010dko pon\u00faka \u00faplne in\u00fd z\u00e1\u017eitok a odli\u0161n\u00e9 mo\u017enosti ve\u010dern\u00e9ho vy\u017eitia.<\/p>\n\n\n\n<p class=\"wp-block-paragraph\">Zatia\u013e \u010do niekde n\u00e1jde\u0161 pokojn\u00e9 historick\u00e9 uli\u010dky ako stvoren\u00e9 pre romantick\u00e9 prech\u00e1dzky, inde na teba \u010dak\u00e1 bujar\u00fd no\u010dn\u00fd \u017eivot pln\u00fd barov a poriadne hlasnej hudby. <strong>Odpor\u00fa\u010dam si vopred premyslie\u0165, ak\u00fd typ dovolenky vlastne h\u013ead\u00e1\u0161<\/strong>, a pod\u013ea toho vybera\u0165 tvoj do\u010dasn\u00fd domov na dni vo\u013ena.<\/p>\n\n\n\n<p class=\"wp-block-paragraph\">\ud83d\udca1 <strong>Tip:<\/strong> Ne\u017e za\u010dne\u0161 vybera\u0165 konkr\u00e9tny hotel, prejdi si <a href=\"https:\/\/www.stay22.com\/allez\/roam?aid=lukaskonecny&amp;campaign=loudavymkrokemcz&amp;campaign=dovolena-malta&amp;address=Malta\" target=\"_blank\" rel=\"nofollow noopener sponsored\">aktu\u00e1lnu ponuku ubytovania na Malte<\/a> a nastav si filter na bezplatn\u00e9 storno. V hlavnej sez\u00f3ne sa najlep\u0161ie hodnoten\u00e9 hotely vypred\u00e1vaj\u00fa aj nieko\u013eko mesiacov dopredu.<\/p>\n\n\n\n<h3 id=\"Ktoru_oblast_vybrat\" class=\"wp-block-heading\"><span class=\"ez-toc-section\" id=\"Ktoru_oblast_vybrat\"><\/span>Ktor\u00fa oblas\u0165 vybra\u0165<span class=\"ez-toc-section-end\"><\/span><\/h3>\n\n\n\n<ul class=\"wp-block-list\">\n<li><strong>Sliema:<\/strong> Pon\u00faka n\u00e1dhern\u00fa promen\u00e1du lemovan\u00fa obchodmi, <strong>k\u00fapanie rovno zo skaln\u00fdch plo\u0161\u00edn<\/strong> a obrovskou v\u00fdhodou je aj <a class=\"thirstylink\" rel=\"nofollow\" target=\"_blank\" title=\"FerryScanner\" href=\"https:\/\/loudavymkrokem.cz\/sk\/doporucujeme\/ferryscanner\/\" data-shortcode=\"true\">trajekt<\/a>, ktor\u00fdm sa do Valletty dostane\u0161 za pr\u00edjemn\u00fdch desa\u0165 min\u00fat.<\/li>\n\n\n\n<li><strong>St Julian&#8217;s a Paceville:<\/strong> Ak h\u013ead\u00e1\u0161 pulzuj\u00faci no\u010dn\u00fd \u017eivot a sp\u00fastu re\u0161taur\u00e1ci\u00ed, tu bude\u0161 nad\u0161en\u00fd, ale <strong>priprav sa na naozaj hlu\u010dn\u00e9 prostredie<\/strong>, ktor\u00e9 l\u00e1ka predov\u0161etk\u00fdm mlad\u00fdch cestovate\u013eov.<\/li>\n\n\n\n<li><strong>Valletta:<\/strong> D\u00fdchne na teba bohatou hist\u00f3riou a jedine\u010dnou atmosf\u00e9rou v n\u00e1dhern\u00fdch butikov\u00fdch hoteloch, ve\u010der sa meste\u010dko pr\u00edjemne zupokoj\u00ed, len <strong>po\u010d\u00edtaj s obrovsk\u00fdm nedostatkom parkovac\u00edch miest<\/strong>.<\/li>\n\n\n\n<li><strong>Mellie\u0127a a sever:<\/strong> Pokojnej\u0161ia oblas\u0165 ide\u00e1lna pre rodiny s de\u0165mi, z ktorej to m\u00e1\u0161 <strong>najbli\u017e\u0161ie k ve\u013ek\u00fdm pieso\u010dnat\u00fdm pl\u00e1\u017eam<\/strong> a k pr\u00edstavu s trajektmi smeruj\u00facimi na ostrov Gozo.<\/li>\n\n\n\n<li><strong>Gozo:<\/strong> Tu plynie \u010das \u00faplne in\u00fdm tempom a ostrov je presl\u00e1ven\u00fd svojimi vidieckymi domami zvan\u00fdmi farmhouses s priv\u00e1tnym baz\u00e9nom, \u010do z neho rob\u00ed <strong>ide\u00e1lny cie\u013e na druh\u00fa polovicu tvojho pobytu<\/strong>.<\/li>\n<\/ul>\n\n\n\n<h3 id=\"Konkretne_tipy_na_ubytovanie\" class=\"wp-block-heading\"><span class=\"ez-toc-section\" id=\"Konkretne_tipy_na_ubytovanie\"><\/span>Konkr\u00e9tne tipy na ubytovanie<span class=\"ez-toc-section-end\"><\/span><\/h3>\n\n\n\n<ul class=\"wp-block-list\">\n<li><strong><a href=\"https:\/\/www.stay22.com\/allez\/roam?aid=lukaskonecny&amp;campaign=loudavymkrokemcz&amp;campaign=dovolena-malta&amp;hotelname=The%20Embassy%20Valletta%20Hotel&amp;address=Valletta%2C%20Malta\" target=\"_blank\" rel=\"noopener nofollow sponsored\">The Embassy Valletta Hotel<\/a>:<\/strong> Tento \u00fa\u017easn\u00fd hotel le\u017e\u00ed priamo v historickom centre a jeho najv\u00e4\u010d\u0161\u00edm l\u00e1kadlom je <strong>strecha s baz\u00e9nom a par\u00e1dnym v\u00fdh\u013eadom<\/strong> na cel\u00e9 okolie.<\/li>\n\n\n\n<li><strong><a href=\"https:\/\/www.stay22.com\/allez\/roam?aid=lukaskonecny&amp;campaign=loudavymkrokemcz&amp;campaign=dovolena-malta&amp;hotelname=Hotel%20Juliani&amp;address=St%20Julian%27s%2C%20Malta\" target=\"_blank\" rel=\"noopener nofollow sponsored\">Hotel Juliani<\/a>:<\/strong> Kr\u00e1sny butikov\u00fd hotel nach\u00e1dzaj\u00faci sa priamo na pobre\u017e\u00ed Spinola Bay, ktor\u00fd pod\u013ea recenzi\u00ed <strong>pon\u00faka skvel\u00e9 slu\u017eby a \u010darovn\u00fa atmosf\u00e9ru<\/strong>.<\/li>\n\n\n\n<li><strong><a href=\"https:\/\/www.stay22.com\/allez\/roam?aid=lukaskonecny&amp;campaign=loudavymkrokemcz&amp;campaign=dovolena-malta&amp;hotelname=Corinthia%20St%20George%27s%20Bay&amp;address=St%20Julian%27s%2C%20Malta\" target=\"_blank\" rel=\"noopener nofollow sponsored\">Corinthia St George&#8217;s Bay<\/a>:<\/strong> Luxusn\u00fd p\u00e4\u0165hviezdi\u010dkov\u00fd rezort umiestnen\u00fd priamo pri z\u00e1toke, kde si <strong>m\u00f4\u017ee\u0161 u\u017ei\u0165 maxim\u00e1lne pohodlie<\/strong> a \u0161pi\u010dkov\u00fd servis pre n\u00e1ro\u010dn\u00fdch.<\/li>\n\n\n\n<li><strong><a href=\"https:\/\/www.stay22.com\/allez\/roam?aid=lukaskonecny&amp;campaign=loudavymkrokemcz&amp;campaign=dovolena-malta&amp;hotelname=Hyatt%20Centric%20Malta&amp;address=St%20Julian%27s%2C%20Malta\" target=\"_blank\" rel=\"noopener nofollow sponsored\">Hyatt Centric Malta<\/a>:<\/strong> Moderne zariaden\u00fd hotel situovan\u00fd v ru\u0161nej\u0161ej oblasti St Julian&#8217;s, ktor\u00fd <strong>cestovate\u013eov l\u00e1ka na \u0161t\u00fdlov\u00fd baz\u00e9n<\/strong> na svojej streche.<\/li>\n\n\n\n<li><strong><a href=\"https:\/\/www.stay22.com\/allez\/roam?aid=lukaskonecny&amp;campaign=loudavymkrokemcz&amp;campaign=dovolena-malta&amp;hotelname=db%20Seabank%20Resort%20%2B%20Spa&amp;address=Mellieha%2C%20Malta\" target=\"_blank\" rel=\"noopener nofollow sponsored\">db Seabank Resort + Spa<\/a>:<\/strong> Ob\u013e\u00faben\u00fd komplex pon\u00fakaj\u00faci stravovanie all inclusive, ktor\u00fd <strong>le\u017e\u00ed len k\u00fasok od najlep\u0161ej pieso\u010dnatej pl\u00e1\u017ee<\/strong> v ob\u013e\u00fabenej lokalite Mellie\u0127a.<\/li>\n\n\n\n<li><strong><a href=\"https:\/\/www.stay22.com\/allez\/roam?aid=lukaskonecny&amp;campaign=loudavymkrokemcz&amp;campaign=dovolena-malta&amp;hotelname=Kempinski%20Hotel%20San%20Lawrenz&amp;address=San%20Lawrenz%2C%20Gozo%2C%20Malta\" target=\"_blank\" rel=\"noopener nofollow sponsored\">Kempinski Hotel San Lawrenz<\/a>:<\/strong> Pokojn\u00fd a roz\u013eahl\u00fd rezort zasaden\u00fd do vn\u00fatrozemia ostrova Gozo, kde <strong>n\u00e1jde\u0161 \u00fapln\u00fa o\u00e1zu pokoja<\/strong> pre dokonal\u00fd oddych.<\/li>\n<\/ul>\n\n\n\n<h2 id=\"Co_jest_na_Malte_sprievodca_pre_vegetarianov_aj_ostatnych\" class=\"wp-block-heading\"><span class=\"ez-toc-section\" id=\"Co_jest_na_Malte_sprievodca_pre_vegetarianov_aj_ostatnych\"><\/span>\u010co jes\u0165 na Malte: sprievodca pre vegetari\u00e1nov aj ostatn\u00fdch<span class=\"ez-toc-section-end\"><\/span><\/h2>\n\n\n\n<p class=\"wp-block-paragraph\">Maltsk\u00e1 kuchy\u0148a je neuverite\u013ene pestr\u00e1 a dokonale odr\u00e1\u017ea polohu ostrova na kri\u017eovatke medzi Eur\u00f3pou a severnou Afrikou. <strong>Mie\u0161aj\u00fa sa v nej siln\u00e9 talianske vplyvy s arabsk\u00fdmi trad\u00edciami<\/strong>, tak\u017ee si na svoje vraj pr\u00eddu tak milovn\u00edci cestov\u00edn a syrov, ako aj fan\u00fa\u0161ikovia v\u00fddatn\u00fdch zeleninov\u00fdch pokrmov a strukov\u00edn.<\/p>\n\n\n\n<figure data-wp-context=\"{&quot;imageId&quot;:&quot;6a9c5fe1a24e2&quot;}\" data-wp-interactive=\"core\/image\" data-wp-key=\"6a9c5fe1a24e2\" class=\"wp-block-image size-full wp-lightbox-container\"><img decoding=\"async\" width=\"1500\" height=\"1000\" data-wp-class--hide=\"state.isContentHidden\" data-wp-class--show=\"state.isContentVisible\" data-wp-init=\"callbacks.setButtonStyles\" data-wp-on--click=\"actions.showLightbox\" data-wp-on--load=\"callbacks.setButtonStyles\" data-wp-on--pointerdown=\"actions.preloadImage\" data-wp-on--pointerenter=\"actions.preloadImageWithDelay\" data-wp-on--pointerleave=\"actions.cancelPreload\" data-wp-on-window--resize=\"callbacks.setButtonStyles\" src=\"https:\/\/loudavymkrokem.cz\/wp-content\/uploads\/2026\/08\/dovolena-malta-food.jpg\" alt=\"Maltsk\u00e9 pastizzi\" class=\"wp-image-399739\" title=\"\" srcset=\"https:\/\/loudavymkrokem.cz\/wp-content\/uploads\/2026\/08\/dovolena-malta-food.jpg 1500w, https:\/\/loudavymkrokem.cz\/wp-content\/uploads\/2026\/08\/dovolena-malta-food-300x200.jpg 300w, https:\/\/loudavymkrokem.cz\/wp-content\/uploads\/2026\/08\/dovolena-malta-food-700x467.jpg 700w, https:\/\/loudavymkrokem.cz\/wp-content\/uploads\/2026\/08\/dovolena-malta-food-768x512.jpg 768w, https:\/\/loudavymkrokem.cz\/wp-content\/uploads\/2026\/08\/dovolena-malta-food-696x464.jpg 696w, https:\/\/loudavymkrokem.cz\/wp-content\/uploads\/2026\/08\/dovolena-malta-food-1392x928.jpg 1392w\" sizes=\"(max-width: 1500px) 100vw, 1500px\" \/><button\n\t\t\tclass=\"lightbox-trigger\"\n\t\t\ttype=\"button\"\n\t\t\taria-haspopup=\"dialog\"\n\t\t\tdata-wp-bind--aria-label=\"state.thisImage.triggerButtonAriaLabel\"\n\t\t\tdata-wp-init=\"callbacks.initTriggerButton\"\n\t\t\tdata-wp-on--click=\"actions.showLightbox\"\n\t\t\tdata-wp-style--right=\"state.thisImage.buttonRight\"\n\t\t\tdata-wp-style--top=\"state.thisImage.buttonTop\"\n\t\t>\n\t\t\t<svg xmlns=\"http:\/\/www.w3.org\/2000\/svg\" width=\"12\" height=\"12\" fill=\"none\" viewBox=\"0 0 12 12\">\n\t\t\t\t<path fill=\"#fff\" d=\"M2 0a2 2 0 0 0-2 2v2h1.5V2a.5.5 0 0 1 .5-.5h2V0H2Zm2 10.5H2a.5.5 0 0 1-.5-.5V8H0v2a2 2 0 0 0 2 2h2v-1.5ZM8 12v-1.5h2a.5.5 0 0 0 .5-.5V8H12v2a2 2 0 0 1-2 2H8Zm2-12a2 2 0 0 1 2 2v2h-1.5V2a.5.5 0 0 0-.5-.5H8V0h2Z\" \/>\n\t\t\t<\/svg>\n\t\t<\/button><figcaption class=\"wp-element-caption\">Maltsk\u00e9 pastizzi (Foto: Renata Apan \/ Wikimedia Commons, CC BY-SA 4.0)<\/figcaption><\/figure>\n\n\n\n<p class=\"wp-block-paragraph\">Luk\u00e1\u0161 a ja v\u017edy na cest\u00e1ch vyh\u013ead\u00e1vame bezm\u00e4sit\u00e9 lok\u00e1lne poch\u00fa\u0165ky a cestovatelia si pochva\u013euj\u00fa, \u017ee tento ostrov v tomto oh\u013eade pon\u00faka sp\u00fastu skvel\u00fdch mo\u017enost\u00ed. <strong>Po\u010fme sa pozrie\u0165 na najtypickej\u0161ie jedl\u00e1<\/strong>, ktor\u00e9 by si pod\u013ea odpor\u00fa\u010dan\u00ed miestnych mal po\u010das svojej n\u00e1v\u0161tevy ur\u010dite ochutna\u0165.<\/p>\n\n\n\n<ul class=\"wp-block-list\">\n<li><strong>Pastizzi:<\/strong> Tradi\u010dn\u00e9 l\u00edstkov\u00e9 ta\u0161ti\u010dky s bohatou ricottovou alebo hr\u00e1\u0161kovou n\u00e1pl\u0148ou funguj\u00fa ako n\u00e1rodn\u00e1 desiata a <strong>pre vegetari\u00e1nov s\u00fa \u00faplne ide\u00e1lnou vo\u013ebou<\/strong>.<\/li>\n\n\n\n<li><strong>Ftira:<\/strong> Tento okr\u00fahly kv\u00e1skov\u00fd chlieb, ktor\u00fd je od roku 2020 dokonca na zozname nehmotn\u00e9ho dedi\u010dstva UNESCO, sa naj\u010dastej\u0161ie <strong>pln\u00ed \u010derstvou zeleninou, olivami, kaparami a paradajkami<\/strong>.<\/li>\n\n\n\n<li><strong>Bigilla:<\/strong> Hust\u00e1 a chu\u0165ovo ve\u013emi v\u00fdrazn\u00e1 n\u00e1tierka z b\u00f4bov pote\u0161\u00ed ka\u017ed\u00e9ho, kto h\u013ead\u00e1 <strong>autentick\u00fa a prirodzene vegetari\u00e1nsku poch\u00fa\u0165ku<\/strong>.<\/li>\n\n\n\n<li><strong>\u0120bejniet:<\/strong> Miestny ov\u010d\u00ed syr patr\u00ed k \u00fapln\u00fdm z\u00e1kladom maltskej kuchyne a <strong>m\u00f4\u017ee\u0161 ho ochutna\u0165 bu\u010f \u010derstv\u00fd, alebo su\u0161en\u00fd<\/strong> s poriadnou d\u00e1vkou pikantn\u00e9ho \u010dierneho korenia.<\/li>\n\n\n\n<li><strong>Kapunata:<\/strong> Lok\u00e1lna obdoba sl\u00e1vneho franc\u00fazskeho ratatouille, ktor\u00e1 <strong>kombinuje bakla\u017e\u00e1n, paradajky, papriky a kapary<\/strong> do jedn\u00e9ho dokonal\u00e9ho letn\u00e9ho jedla.<\/li>\n\n\n\n<li><strong>Ross il-forn:<\/strong> Tradi\u010dn\u00e1 zapekan\u00e1 ry\u017ea patr\u00ed medzi ob\u013e\u00faben\u00e9 jedl\u00e1 do r\u00fary a v mnoh\u00fdch podnikoch <strong>\u010dasto naraz\u00ed\u0161 aj na jej bezm\u00e4sit\u00fa vegetari\u00e1nsku variantu<\/strong>.<\/li>\n\n\n\n<li><strong>Kinnie:<\/strong> Ob\u013e\u00faben\u00fd horkosladk\u00fd nealkoholick\u00fd n\u00e1poj z hork\u00fdch pomaran\u010dov odrody chinotto a byliniek, ktor\u00fd <strong>sa var\u00ed iba na Malte<\/strong> a skvele osvie\u017ei v hor\u00facich letn\u00fdch d\u0148och.<\/li>\n\n\n\n<li><strong>Miestne \u0161peciality s m\u00e4som a rybami:<\/strong> Ostrov je historicky presl\u00e1ven\u00fd pokrmami ako dusen\u00fd kr\u00e1lik zvan\u00fd fenek a ryba lampuki, \u010do s\u00fa jedl\u00e1, ktor\u00e9 <strong>pod\u013ea mnoh\u00fdch sprievodcov tvoria z\u00e1klad m\u00e4sitej stravy<\/strong> a miestni s\u00fa na ne ve\u013emi py\u0161n\u00ed.<\/li>\n<\/ul>\n\n\n\n<p class=\"wp-block-paragraph\">\ud83d\udca1 TIP: V ka\u017edej v\u00e4\u010d\u0161ej dedinke n\u00e1jde\u0161 takzvan\u00fa pastizzeriu, kde <strong>stoja \u010derstv\u00e9 pastizzi len p\u00e1r centov<\/strong> a skvele \u0165a zas\u00fdtia. Vo v\u00e4\u010d\u0161\u00edch mest\u00e1ch ako Valletta alebo Sliema je dnes navy\u0161e \u00faplne be\u017en\u00e1 \u0161irok\u00e1 vegetari\u00e1nska a veg\u00e1nska ponuka modern\u00fdch bistier \u263a\ufe0f.<\/p>\n\n\n\n<h2 id=\"Doprava_po_Malte_autobusy_trajekt_a_auto\" class=\"wp-block-heading\"><span class=\"ez-toc-section\" id=\"Doprava_po_Malte_autobusy_trajekt_a_auto\"><\/span>Doprava po Malte: autobusy, trajekt a auto<span class=\"ez-toc-section-end\"><\/span><\/h2>\n\n\n\n<p class=\"wp-block-paragraph\">Pres\u00favanie po ostrove m\u00f4\u017ee by\u0165 tak trochu dobrodru\u017estvo samo o sebe a vy\u017eaduje ob\u010das d\u00e1vku trpezlivosti. <strong>Mo\u017enost\u00ed m\u00e1\u0161 hne\u010f nieko\u013eko a ka\u017ed\u00e1 m\u00e1 svoje pre a proti<\/strong>, \u010di u\u017e sa rozhodne\u0161 spolieha\u0165 na hromadn\u00fa dopravu, alebo si rad\u0161ej vezme\u0161 riadenie do vlastn\u00fdch r\u00fak.<\/p>\n\n\n\n<h3 id=\"Autobusy_Tallinja\" class=\"wp-block-heading\"><span class=\"ez-toc-section\" id=\"Autobusy_Tallinja\"><\/span>Autobusy Tallinja<span class=\"ez-toc-section-end\"><\/span><\/h3>\n\n\n\n<p class=\"wp-block-paragraph\">Verejn\u00fa dopravu zais\u0165uj\u00fa n\u00e1padn\u00e9 zelen\u00e9 autobusy spolo\u010dnosti Tallinja, ktor\u00e9 <strong>ve\u013emi dobre a spo\u013eahlivo pokr\u00fdvaj\u00fa prakticky cel\u00fd ostrov<\/strong>. Z\u00e1kladn\u00fd l\u00edstok plat\u00ed dve hodiny a m\u00f4\u017ee\u0161 na neho \u013eubovo\u013ene prestupova\u0165, pri\u010dom cena sa obvykle pohybuje okolo dvoch eur za jednu jazdu.<\/p>\n\n\n\n<p class=\"wp-block-paragraph\">Pre dlh\u0161ie pobyty sa vraj ve\u013emi oplat\u00ed t\u00fd\u017edenn\u00e1 turistick\u00e1 karta, ktor\u00e1 vych\u00e1dza zhruba na 25 eur a u\u0161etr\u00ed ti starosti s neust\u00e1lym kupovan\u00edm l\u00edstkov. Mus\u00edm \u0165a v\u0161ak \u00faprimne varova\u0165, \u017ee <strong>v letn\u00fdch mesiacoch b\u00fdvaj\u00fa spoje na ob\u013e\u00faben\u00fdch tras\u00e1ch v\u00fdrazne pomal\u0161ie<\/strong>, ne\u017e s\u013eubuje ofici\u00e1lny cestovn\u00fd poriadok.<\/p>\n\n\n\n<h3 id=\"Trajekt_na_Gozo_a_Comino\" class=\"wp-block-heading\"><span class=\"ez-toc-section\" id=\"Trajekt_na_Gozo_a_Comino\"><\/span>Trajekt na Gozo a Comino<span class=\"ez-toc-section-end\"><\/span><\/h3>\n\n\n\n<p class=\"wp-block-paragraph\">Ak chce\u0161 presk\u00fama\u0165 susedn\u00fd ostrov Gozo, m\u00f4\u017ee\u0161 vyu\u017ei\u0165 klasick\u00fd <a class=\"thirstylink\" rel=\"nofollow\" target=\"_blank\" title=\"FerryScanner\" href=\"https:\/\/loudavymkrokem.cz\/sk\/doporucujeme\/ferryscanner\/\" data-shortcode=\"true\">trajekt<\/a> z pr\u00edstavu \u010airkewwa, ktor\u00e9ho plavba trv\u00e1 necel\u00fa polhodinu. Z Valletty potom jazd\u00ed r\u00fdchly katamar\u00e1n, ktor\u00fdm sa na miesto dostane\u0161 asi za 45 min\u00fat, a zauj\u00edmavos\u0165ou je, \u017ee <strong>cesta tam sa neplat\u00ed a l\u00edstok si kupuje\u0161 a\u017e pri n\u00e1vrate<\/strong>.<\/p>\n\n\n\n<p class=\"wp-block-paragraph\">Na najmen\u0161\u00ed ostrov Comino a k jeho sl\u00e1vnej Modrej lag\u00fane sa potom <strong>dostane\u0161 v\u00fdhradne lo\u010fou z okolit\u00fdch pr\u00edstavov<\/strong>. Aut\u00e1 na tento mal\u00fd k\u00fasok pevniny v\u00f4bec nesm\u00fa, tak\u017ee tam vl\u00e1dne pr\u00edjemn\u00fd pokoj naru\u0161ovan\u00fd len davmi nad\u0161en\u00fdch v\u00fdletn\u00edkov.<\/p>\n\n\n\n<h3 id=\"Pozicat_si_auto_alebo_nie\" class=\"wp-block-heading\"><span class=\"ez-toc-section\" id=\"Pozicat_si_auto_alebo_nie\"><\/span>Po\u017ei\u010da\u0165 si auto, alebo nie?<span class=\"ez-toc-section-end\"><\/span><\/h3>\n\n\n\n<p class=\"wp-block-paragraph\">Rozhodnutie o po\u017ei\u010dan\u00ed auta si dobre premysli, preto\u017ee <strong>sa tu jazd\u00ed v\u013eavo po vzore Ve\u013ekej Brit\u00e1nie<\/strong>, cesty b\u00fdvaj\u00fa poriadne \u00fazke a miestni vodi\u010di jazdia dos\u0165 temperamentne. Obrovsk\u00fdm probl\u00e9mom je aj parkovanie, ktor\u00e9 je v mest\u00e1ch ako Valletta a Sliema prakticky nemo\u017en\u00e9 a stoj\u00ed sp\u00fastu nervov.<\/p>\n\n\n\n<p class=\"wp-block-paragraph\">Ak sa riadenia na opa\u010dnej strane boj\u00ed\u0161, <strong>odpor\u00fa\u010da sa vyu\u017e\u00edva\u0165 aplik\u00e1cie Bolt a eCabs<\/strong>, ktor\u00e9 na ostrove skvele funguj\u00fa. Rozhodne si neber taxi len tak na ulici, preto\u017ee ceny z mobiln\u00fdch aplik\u00e1ci\u00ed b\u00fdvaj\u00fa ove\u013ea priate\u013enej\u0161ie a hlavne ich pozn\u00e1\u0161 v\u017edy vopred.<\/p>\n\n\n\n<h2 id=\"Kolko_stoji_dovolenka_na_Malte\" class=\"wp-block-heading\"><span class=\"ez-toc-section\" id=\"Kolko_stoji_dovolenka_na_Malte\"><\/span>Ko\u013eko stoj\u00ed dovolenka na Malte<span class=\"ez-toc-section-end\"><\/span><\/h2>\n\n\n\n<p class=\"wp-block-paragraph\">Malta je plnohodnotn\u00fdm \u010dlenom Eur\u00f3pskej \u00fanie a plat\u00ed sa tu eurom, tak\u017ee si so sebou \u017eiadnu exotick\u00fa menu meni\u0165 nemus\u00ed\u0161. <strong>Vo v\u0161eobecnosti plat\u00ed, \u017ee je tento ostrov o nie\u010do lacnej\u0161\u00ed ne\u017e susedn\u00e9 Taliansko<\/strong>, ale na druhej strane si tu priplat\u00ed\u0161 viac ne\u017e napr\u00edklad v Bulharsku alebo Alb\u00e1nsku.<\/p>\n\n\n\n<p class=\"wp-block-paragraph\">Nasleduj\u00faci rozpo\u010det pre dve osoby na t\u00fd\u017ede\u0148 je iba orienta\u010dn\u00fd odhad, preto\u017ee <strong>v\u00fdsledn\u00e1 suma sa ve\u013emi l\u00ed\u0161i pod\u013ea toho, v akej sez\u00f3ne vyraz\u00ed\u0161<\/strong>.<\/p>\n\n\n\n<ul class=\"wp-block-list\">\n<li><strong>Letenky:<\/strong> Spiato\u010dn\u00e9 letenky z Bratislavy alebo Viedne \u0165a obvykle vyjd\u00fa na 100 a\u017e 200 eur na osobu.<\/li>\n\n\n\n<li><strong>Ubytovanie:<\/strong> Za priemern\u00fa dvojl\u00f4\u017ekov\u00fa izbu v pr\u00edjemnom hoteli zaplat\u00ed\u0161 okolo 500 a\u017e 900 eur na t\u00fd\u017ede\u0148 pre dvoch.<\/li>\n\n\n\n<li><strong>Jedlo:<\/strong> Ak bude\u0161 kombinova\u0165 jedlo z pek\u00e1rn\u00ed a ve\u010dere v re\u0161taur\u00e1ci\u00e1ch, po\u010d\u00edtaj so sumou 300 a\u017e 450 eur na t\u00fd\u017ede\u0148.<\/li>\n\n\n\n<li><strong>Doprava:<\/strong> T\u00fd\u017edenn\u00e9 karty na autobusy a ob\u010dasn\u00e9 jazdy trajektom alebo Boltom spolkn\u00fa zhruba 70 a\u017e 100 eur na dvoch \u013eud\u00ed.<\/li>\n\n\n\n<li><strong>Vstupy a v\u00fdlety:<\/strong> N\u00e1v\u0161tevy historick\u00fdch chr\u00e1mov a plavby na lo\u010fk\u00e1ch vyjd\u00fa odhadom na 80 a\u017e 150 eur pre p\u00e1r.<\/li>\n<\/ul>\n\n\n\n<p class=\"wp-block-paragraph\">\ud83d\udca1 TIP: Ak chce\u0161 na ceste u\u0161etri\u0165, <strong>ur\u010dite si postr\u00e1\u017e akcie leteck\u00fdch spolo\u010dnost\u00ed<\/strong>. Mrkni na n\u00e1\u0161 \u010dl\u00e1nok <a href=\"https:\/\/loudavymkrokem.cz\/sk\/ako-na-letenky\/\">ako na lacn\u00e9 letenky<\/a>, kde n\u00e1jde\u0161 sp\u00fastu u\u017eito\u010dn\u00fdch r\u00e1d k h\u013eadaniu v\u00fdhodn\u00fdch spojov.<\/p>\n\n\n\n<h2 id=\"Na_co_si_dat_na_Malte_pozor\" class=\"wp-block-heading\"><span class=\"ez-toc-section\" id=\"Na_co_si_dat_na_Malte_pozor\"><\/span>Na \u010do si da\u0165 na Malte pozor<span class=\"ez-toc-section-end\"><\/span><\/h2>\n\n\n\n<p class=\"wp-block-paragraph\">Hoci je cel\u00e1 krajina ve\u013emi bezpe\u010dn\u00e1 a turistom tu nehroz\u00ed \u017eiadne ve\u013ek\u00e9 nebezpe\u010denstvo, <strong>n\u00e1jde sa p\u00e1r lok\u00e1lnych \u0161pecif\u00edk, ktor\u00e9 \u0165a m\u00f4\u017eu \u013eahko zasko\u010di\u0165<\/strong>. Po\u010fme si zhrn\u00fa\u0165 tie najd\u00f4le\u017eitej\u0161ie veci, na ktor\u00e9 sa pred cestou oplat\u00ed ment\u00e1lne pripravi\u0165, aby si na mieste nemal pokazen\u00fa n\u00e1ladu.<\/p>\n\n\n\n<ul class=\"wp-block-list\">\n<li><strong>\u013davostrann\u00e1 prem\u00e1vka a \u00fazke cesty:<\/strong> Pre Stredoeur\u00f3pana m\u00f4\u017ee by\u0165 riadenie na opa\u010dnej strane dos\u0165 stresuj\u00face a <strong>mnoh\u00e9 vidiecke uli\u010dky s\u00fa naozaj len pre jedno auto<\/strong>.<\/li>\n\n\n\n<li><strong>Britsk\u00e9 z\u00e1suvky:<\/strong> Ostrov st\u00e1le pou\u017e\u00edva britsk\u00e9 trojkol\u00edkov\u00e9 z\u00e1suvky typu G, tak\u017ee <strong>bez spr\u00e1vneho cestovn\u00e9ho adapt\u00e9ra si telef\u00f3n bohu\u017eia\u013e nenabije\u0161<\/strong>.<\/li>\n\n\n\n<li><strong>Med\u00fazy v neskorom lete:<\/strong> Ke\u010f sa voda na konci leta silne prehreje, objavuj\u00fa sa pri pobre\u017e\u00ed med\u00fazy, a preto <strong>je dobr\u00e9 sledova\u0165 lok\u00e1lne weby s aktu\u00e1lnym hl\u00e1sen\u00edm<\/strong>.<\/li>\n\n\n\n<li><strong>M\u00e1lo pieso\u010dnat\u00fdch pl\u00e1\u017e\u00ed a k\u00fapanie zo sk\u00e1l:<\/strong> Malta nie je typickou pl\u00e1\u017eovou destin\u00e1ciou, do vody sa \u010dasto chod\u00ed po rebr\u00edkoch z bet\u00f3nov\u00fdch plo\u0161\u00edn a <strong>ur\u010dite sa ti z\u00eddu top\u00e1nky do vody<\/strong>.<\/li>\n\n\n\n<li><strong>Preplnen\u00e1 Modr\u00e1 lag\u00fana:<\/strong> V hlavnej letnej sez\u00f3ne prask\u00e1 toto \u010darovn\u00e9 miesto vo \u0161v\u00edkoch, tak\u017ee <strong>ak t\u00fa\u017ei\u0161 po pokoji, mus\u00ed\u0161 sem vyrazi\u0165 \u00faplne skoro r\u00e1no<\/strong>.<\/li>\n\n\n\n<li><strong>Hluk v Paceville:<\/strong> T\u00e1to oblas\u0165 je zn\u00e1mym centrom no\u010dn\u00e9ho \u017eivota a bary tu hraj\u00fa nahlas a\u017e do skor\u00e9ho r\u00e1na, tak\u017ee <strong>pre pokojn\u00fd sp\u00e1nok rad\u0161ej vo\u013e ubytovanie inde<\/strong>.<\/li>\n\n\n\n<li><strong>Siln\u00fd vietor a zru\u0161en\u00e9 lodn\u00e9 v\u00fdlety:<\/strong> Ostrovn\u00e9 po\u010dasie b\u00fdva nevyspytate\u013en\u00e9 a pri ve\u013ekom vlnobit\u00ed sa <strong>be\u017ene st\u00e1va, \u017ee trajekty alebo v\u00fdletn\u00e9 lo\u010fky z bezpe\u010dnostn\u00fdch d\u00f4vodov v\u00f4bec nevypl\u00e1vaj\u00fa<\/strong>.<\/li>\n<\/ul>\n\n\n\n<h2 id=\"Malta_s_detmi\" class=\"wp-block-heading\"><span class=\"ez-toc-section\" id=\"Malta_s_detmi\"><\/span>Malta s de\u0165mi<span class=\"ez-toc-section-end\"><\/span><\/h2>\n\n\n\n<p class=\"wp-block-paragraph\">Rodinn\u00e1 dovolenka na tomto pre\u017eiarenom ostrove d\u00e1va obrovsk\u00fd zmysel, preto\u017ee <strong>priamy let z Bratislavy trv\u00e1 zhruba dve hodiny<\/strong>, \u010do zvl\u00e1dnu aj men\u0161\u00ed cestovatelia. Miestni obyvatelia s\u00fa navy\u0161e k de\u0165om ve\u013emi \u00fastretov\u00ed a na ka\u017edom rohu sa daj\u00fa n\u00e1js\u0165 aktivity, ktor\u00e9 bud\u00fa bavi\u0165 cel\u00fa rodinu \ud83d\ude05.<\/p>\n\n\n\n<ul class=\"wp-block-list\">\n<li><strong>Mellie\u0127a Bay:<\/strong> T\u00e1to pl\u00e1\u017e je medzi rodinami z\u010faleka najob\u013e\u00fabenej\u0161ia, preto\u017ee <strong>m\u00e1 naozaj ve\u013emi pozvo\u013en\u00fd vstup do mora<\/strong> a jemn\u00fd piesok na stavanie ve\u013ek\u00fdch hradov.<\/li>\n\n\n\n<li><strong>Popeye Village:<\/strong> B\u00fdval\u00e9 filmov\u00e9 kulisy z filmu Pepek n\u00e1morn\u00edk s Robinom Williamsom sa premenili na <strong>\u010darovn\u00fa z\u00e1bavn\u00fa dedinku, ktor\u00fa deti jednoducho miluj\u00fa<\/strong>.<\/li>\n\n\n\n<li><strong>Vyhliadkov\u00e9 lo\u010fky v Grand Harbour:<\/strong> Plavba tradi\u010dnou pestrofarebnou lo\u010fkou po ve\u013ekom pr\u00edstave vo Vallette <strong>je pre mal\u00fdch objavite\u013eov \u00fa\u017easn\u00fdm z\u00e1\u017eitkom<\/strong>.<\/li>\n\n\n\n<li><strong>Malta National Aquarium:<\/strong> Ak pr\u00e1ve nevyjde po\u010dasie, toto modern\u00e9 akv\u00e1rium pln\u00e9 \u017eralokov a raj\u00ed <strong>\u0165a spo\u013eahlivo zachr\u00e1ni na cel\u00e9 popoludnie<\/strong>.<\/li>\n\n\n\n<li><strong>Kr\u00e1tke vzdialenosti a jazyk:<\/strong> V\u0161etky atrakcie s\u00fa k\u00fasok od seba, tak\u017ee deti netrpia dlh\u00fdmi prejazdmi, a <strong>obrovskou v\u00fdhodou je aj fakt, \u017ee sa \u00faplne v\u0161ade dohovor\u00ed\u0161 po anglicky<\/strong>.<\/li>\n<\/ul>\n\n\n\n<h2 id=\"Kam_dalej_dalsie_tipy_na_dovolenku_pri_mori\" class=\"wp-block-heading\"><span class=\"ez-toc-section\" id=\"Kam_dalej_dalsie_tipy_na_dovolenku_pri_mori\"><\/span>Kam \u010falej: \u010fal\u0161ie tipy na dovolenku pri mori<span class=\"ez-toc-section-end\"><\/span><\/h2>\n\n\n\n<p class=\"wp-block-paragraph\">Ak e\u0161te nie si \u00faplne rozhodnut\u00fd a zva\u017euje\u0161 aj in\u00e9 eur\u00f3pske destin\u00e1cie, <strong>pripravila som pre teba zoznam \u010fal\u0161\u00edch u\u017eito\u010dn\u00fdch \u010dl\u00e1nkov<\/strong>. Mo\u017eno \u0165a nakoniec zl\u00e1ka in\u00fd k\u00fasok pre\u017eiaren\u00e9ho Stredomoria, alebo sa ti z\u00eddu praktick\u00e9 rady k pl\u00e1novaniu tvojej \u010fal\u0161ej letnej cesty.<\/p>\n\n\n\n<ul class=\"wp-block-list\">\n<li><a href=\"https:\/\/loudavymkrokem.cz\/sk\/september-najlepsie-miesta-dovolenku\/\">Kam na dovolenku v septembri<\/a><\/li>\n\n\n\n<li><a href=\"https:\/\/loudavymkrokem.cz\/sk\/sicilia-taliansko\/\">Dovolenka Sic\u00edlia<\/a><\/li>\n\n\n\n<li><a href=\"https:\/\/loudavymkrokem.cz\/sk\/kedy-ist-do-talianska\/\">Kedy \u00eds\u0165 do Talianska<\/a><\/li>\n\n\n\n<li><a href=\"https:\/\/loudavymkrokem.cz\/sk\/ako-na-letenky\/\">Ako na lacn\u00e9 letenky<\/a><\/li>\n\n\n\n<li><a href=\"https:\/\/loudavymkrokem.cz\/jak-vybrat-cestovni-pojisteni-na-dovolenou\/\">Cestovn\u00e9 poistenie<\/a><\/li>\n<\/ul>\n\n\n\n<h2 id=\"Casto_kladene_otazky\" class=\"wp-block-heading\"><span class=\"ez-toc-section\" id=\"Casto_kladene_otazky\"><\/span>\u010casto kladen\u00e9 ot\u00e1zky<span class=\"ez-toc-section-end\"><\/span><\/h2>\n\n\n\n<p class=\"wp-block-paragraph\">Na \u00fapln\u00fd z\u00e1ver som dala dohromady odpovede na tie naj\u010dastej\u0161ie ot\u00e1zky, ktor\u00e9 cestovatelia pred odletom obvykle rie\u0161ia. <strong>Ak ti v \u010dl\u00e1nku ch\u00fdbala nejak\u00e1 r\u00fddzo praktick\u00e1 inform\u00e1cia<\/strong>, je ve\u013ek\u00e1 \u0161anca, \u017ee ju n\u00e1jde\u0161 pr\u00e1ve v tomto kr\u00e1tkom informa\u010dnom zhrnut\u00ed.<\/p>\n\n\n<div id=\"rank-math-faq\" class=\"rank-math-block\">\n<div class=\"rank-math-list \">\n<div id=\"faq-question-1787755046000\" class=\"rank-math-list-item\">\n<h3 class=\"rank-math-question \"><span class=\"ez-toc-section\" id=\"Kedy_je_najlepsie_ist_na_Maltu\"><\/span>Kedy je najlep\u0161ie \u00eds\u0165 na Maltu?<span class=\"ez-toc-section-end\"><\/span><\/h3>\n<div class=\"rank-math-answer \">\n\n<p>Najkraj\u0161ie po\u010dasie a ide\u00e1lne podmienky na cestovanie panuj\u00fa na ostrove najm\u00e4 v m\u00e1ji, j\u00fani, septembri a tie\u017e v okt\u00f3bri. Po\u010das t\u00fdchto mesiacov sa vyhnete t\u00fdm najhor\u0161\u00edm davom a u\u017eijete si ve\u013emi pr\u00edjemn\u00e9 teploty vhodn\u00e9 na objavovanie pamiatok i odpo\u010dinok. Ak zva\u017eujete letn\u00e9 pr\u00e1zdniny, mus\u00edte po\u010d\u00edta\u0165 s t\u00fdm, \u017ee napr\u00edklad j\u00fal m\u00e1 priemern\u00e9 teploty okolo 30,2 \u00b0C a zvy\u010dajne len 0,3 da\u017e\u010fov\u00e9ho d\u0148a za cel\u00fd mesiac. To s\u00edce znie ako dokonal\u00fd raj pre milovn\u00edkov slnie\u010dka, ale pripravte sa na obrovsk\u00e9 mno\u017estvo turistov a v\u00fdrazne vy\u0161\u0161ie ceny ubytovania. Proto sa odpor\u00fa\u010da voli\u0165 sk\u00f4r okraje hlavnej sez\u00f3ny.<\/p>\n\n<\/div>\n<\/div>\n<div id=\"faq-question-1787755046001\" class=\"rank-math-list-item\">\n<h3 class=\"rank-math-question \"><span class=\"ez-toc-section\" id=\"Ako_dlho_na_Maltu_potrebujete\"><\/span>Ako dlho na Maltu potrebujete?<span class=\"ez-toc-section-end\"><\/span><\/h3>\n<div class=\"rank-math-answer \">\n\n<p>D\u013a\u017eka pobytu ve\u013emi z\u00e1vis\u00ed od toho, ak\u00e9 m\u00e1te pl\u00e1ny a ko\u013eko ostrovov chcete celkovo vidie\u0165. Na samotn\u00fd hlavn\u00fd ostrov v\u00e1m v pokojnom tempe posta\u010d\u00ed zhruba \u0161tyri a\u017e p\u00e4\u0165 dn\u00ed, po\u010das ktor\u00fdch st\u00edhate hlavn\u00e9 historick\u00e9 mest\u00e1 i p\u00e1r pr\u00edrodn\u00fdch \u00fakazov. Ak v\u0161ak chcete prida\u0165 aj v\u00fdlet na susedn\u00e9 Gozo a Comino, ur\u010dite si vyhra\u010fte cel\u00fd jeden t\u00fd\u017ede\u0148. Cestovatelia, ktor\u00ed si chc\u00fa u\u017ei\u0165 naozaj pomal\u00fa dovolenku s dostatkom \u010dasu na odpo\u010dinok pri baz\u00e9ne a ve\u010dern\u00e9 potulky \u00fazkymi uli\u010dkami, si ve\u013emi pochva\u013euj\u00fa desa\u0165d\u0148ov\u00fd pobyt. Po\u010das desiatich dn\u00ed sa toti\u017e v\u00f4bec nemus\u00edte nah\u00e1\u0148a\u0165 a v pokoji nasajete t\u00fa prav\u00fa ju\u017eansk\u00fa atmosf\u00e9ru.<\/p>\n\n<\/div>\n<\/div>\n<div id=\"faq-question-1787755046002\" class=\"rank-math-list-item\">\n<h3 class=\"rank-math-question \"><span class=\"ez-toc-section\" id=\"Da_sa_na_Malte_kupat_ked_nema_piesocne_plaze\"><\/span>D\u00e1 sa na Malte k\u00fapa\u0165, ke\u010f nem\u00e1 pieso\u010dn\u00e9 pl\u00e1\u017ee?<span class=\"ez-toc-section-end\"><\/span><\/h3>\n<div class=\"rank-math-answer \">\n\n<p>K\u00fapanie je tu \u00faplne be\u017en\u00e9, len skr\u00e1tka vyzer\u00e1 tro\u0161ku inak ne\u017e v klasick\u00fdch pl\u00e1\u017eov\u00fdch rezortoch. Do mora sa naj\u010dastej\u0161ie vstupuje priamo zo skalnat\u00fdch \u00fatesov alebo z vybudovan\u00fdch bet\u00f3nov\u00fdch plo\u0161\u00edn, kde jsou pre pohodlie turistov pripraven\u00e9 pevn\u00e9 kovov\u00e9 rebr\u00edky. Milovn\u00edci piesku v\u0161ak nemusia z\u00fafa\u0165, preto\u017ee nieko\u013eko kr\u00e1snych pieso\u010dn\u00fdch pl\u00e1\u017e\u00ed sa tu predsa len nach\u00e1dza. Na hlavnom ostrove n\u00e1jdete ob\u013e\u00faben\u00fa Mellie\u0127a Bay, malebn\u00fa Golden Bay alebo ne\u010falek\u00fa G\u0127ajn Tuffie\u0127a. Ak sa vyd\u00e1te trajektom na susedn\u00e9 Gozo, ur\u010dite nevynechajte pl\u00e1\u017e Ramla Bay, ktor\u00e1 je presl\u00e1ven\u00e1 svoj\u00edm nezvy\u010dajne zafarben\u00fdm na\u010dervenal\u00fdm pieskom a ve\u013emi pozvo\u013en\u00fdm vstupom do vody.<\/p>\n\n<\/div>\n<\/div>\n<div id=\"faq-question-1787755046003\" class=\"rank-math-list-item\">\n<h3 class=\"rank-math-question \"><span class=\"ez-toc-section\" id=\"Dohovorim_sa_na_Malte_anglicky\"><\/span>Dohovor\u00edm sa na Malte anglicky?<span class=\"ez-toc-section-end\"><\/span><\/h3>\n<div class=\"rank-math-answer \">\n\n<p>S komunik\u00e1ciou si tu nemus\u00edte robi\u0165 v\u00f4bec \u017eiadne starosti. Angli\u010dtina je toti\u017e popri malt\u010dine druh\u00fdm \u00faradn\u00fdm jazykom, tak\u017ee sa s \u0148ou dohovor\u00edte \u00faplne v\u0161ade a bez najmen\u0161\u00edch probl\u00e9mov. V\u0161etci miestni obyvatelia, od vodi\u010dov autobusov a\u017e po predava\u010dov v najmen\u0161\u00edch vidieckych pek\u00e1r\u0148ach, hovoria plynule anglicky a \u010dasto maj\u00fa \u013eahko roztomil\u00fd britsk\u00fd pr\u00edzvuk. V\u0161etky n\u00e1pisy, jed\u00e1lne l\u00edstky v re\u0161taur\u00e1ci\u00e1ch i informa\u010dn\u00e9 tabule pri pamiatkach s\u00fa v\u017edy dostupn\u00e9 v angli\u010dtine. \u00dadajne je to tie\u017e jeden z hlavn\u00fdch d\u016fvodov, pre\u010do sem v lete jazd\u00ed to\u013eko \u0161tudentov na popul\u00e1rne jazykov\u00e9 pobyty a letn\u00e9 kurzy angli\u010dtiny.<\/p>\n\n<\/div>\n<\/div>\n<div id=\"faq-question-1787755046004\" class=\"rank-math-list-item\">\n<h3 class=\"rank-math-question \"><span class=\"ez-toc-section\" id=\"Potrebujem_na_Malte_auto\"><\/span>Potrebujem na Malte auto?<span class=\"ez-toc-section-end\"><\/span><\/h3>\n<div class=\"rank-math-answer \">\n\n<p>Po\u017ei\u010danie auta rozhodne nie je nutnos\u0165, preto\u017ee hust\u00e1 sie\u0165 autobusov pomerne spo\u013eahlivo pokr\u00fdva cel\u00fd ostrov a dovezie v\u00e1s ku v\u0161etk\u00fdm hlavn\u00fdm pamiatkam i pl\u00e1\u017eam. Na druh\u00fa stranu mus\u00edm spomen\u00fa\u0165, \u017ee v letn\u00fdch mesiacoch b\u00fdvaj\u00fa spoje \u010dasto preplnen\u00e9 a pohybuj\u00fa sa v hustej prem\u00e1vke ve\u013emi pomaly. Ak si auto predsa len po\u017ei\u010diate, z\u00edskate obrovsk\u00fa slobodu, ale mus\u00edte sa pripravi\u0165 na to, \u017ee sa tu jazd\u00ed v\u013eavo a cesty s\u00fa \u010dasto extr\u00e9mne \u00fazke. V\u00e4\u010d\u0161ina n\u00e1v\u0161tevn\u00edkov sa preto spolieha na kombin\u00e1ciu autobusov a aplik\u00e1ci\u00ed ako Bolt, \u010do je kompromis, ktor\u00fd pod\u013ea recenzi\u00ed funguje \u00faplne skvele a bez zbyto\u010dn\u00e9ho stresu za volantom.<\/p>\n\n<\/div>\n<\/div>\n<div id=\"faq-question-1787755046005\" class=\"rank-math-list-item\">\n<h3 class=\"rank-math-question \"><span class=\"ez-toc-section\" id=\"Je_Malta_draha\"><\/span>Je Malta drah\u00e1?<span class=\"ez-toc-section-end\"><\/span><\/h3>\n<div class=\"rank-math-answer \">\n\n<p>Z finan\u010dn\u00e9ho h\u013eadiska sa tento ostrov nach\u00e1dza niekde uprostred be\u017en\u00e9ho eur\u00f3pskeho priemeru. Je ur\u010dite lacnej\u0161\u00ed ne\u017e dovolenka v popul\u00e1rnych talianskych destin\u00e1ci\u00e1ch, ale na druh\u00fa stranu v\u00e1s vyjde drah\u0161ie ne\u017e napr\u00edklad cesta na Balk\u00e1nsky polostrov. Najv\u00e4\u010d\u0161iu polo\u017eku vo va\u0161om rozpo\u010dte bude bezpochyby tvori\u0165 ubytovanie, ktor\u00e9ho ceny v hlavnej letnej sez\u00f3ne naozaj strmo rast\u00fa nahor. Jedlo v be\u017en\u00fdch re\u0161taur\u00e1ci\u00e1ch sa pohybuje v prijate\u013en\u00fdch \u010diastkach a doprava autobusom je vylo\u017eene lacn\u00e1 z\u00e1le\u017eitos\u0165. Ak vyraz\u00edte mimo tie najru\u0161nej\u0161ie pr\u00e1zdninov\u00e9 mesiace, m\u00f4\u017eete si u\u017ei\u0165 ve\u013emi kvalitn\u00e9 slu\u017eby za pomerne rozumn\u00e9 peniaze, ktor\u00e9 va\u0161u pe\u0148a\u017eenku \u00faplne nezruinuj\u00fa.<\/p>\n\n<\/div>\n<\/div>\n<div id=\"faq-question-1787755046006\" class=\"rank-math-list-item\">\n<h3 class=\"rank-math-question \"><span class=\"ez-toc-section\" id=\"Oplati_sa_prespat_na_Gozo\"><\/span>Oplat\u00ed sa prespa\u0165 na Gozo?<span class=\"ez-toc-section-end\"><\/span><\/h3>\n<div class=\"rank-math-answer \">\n\n<p>Pod\u013ea sk\u00fasenost\u00ed mnoh\u00fdch cestovate\u013eov je pobyt na tomto susednom ostrove \u00faplne skvel\u00fdm n\u00e1padom. Odpor\u00fa\u010da sa vyhradi\u0165 si na Gozo aspo\u0148 dve noci, preto\u017ee ostrov m\u00e1 \u00faplne in\u00e9 tempo a ove\u013ea uvo\u013enenej\u0161iu vidiecku atmosf\u00e9ru. Zatia\u013e \u010do hlavn\u00fd ostrov b\u00fdva ru\u0161n\u00fd a pln\u00fd dopravy, Gozo pon\u00faka neskr\u00fdvan\u00fd pokoj, n\u00e1dhern\u00e9 v\u00fdh\u013eady z \u00fatesov a roztomil\u00e9 kamenn\u00e9 dom\u010deky s baz\u00e9nmi. Ke\u010f popoludn\u00ed od\u00eddu jednod\u0148ov\u00ed v\u00fdletn\u00edci, ve\u010dern\u00e9 n\u00e1mest\u00ed\u010dka sa vypr\u00e1zdnia a vy si m\u00f4\u017eete v pokoji vychutna\u0165 ve\u010deru v niektorej z lok\u00e1lnych hosp\u00f4dok. Je to dokonal\u00fd kontrast, ktor\u00fd va\u0161u dovolenku kr\u00e1sne o\u017eiv\u00ed a dod\u00e1 jej ten spr\u00e1vny oddychov\u00fd n\u00e1dych.<\/p>\n\n<\/div>\n<\/div>\n<div id=\"faq-question-1787755046007\" class=\"rank-math-list-item\">\n<h3 class=\"rank-math-question \"><span class=\"ez-toc-section\" id=\"Je_Malta_bezpecna\"><\/span>Je Malta bezpe\u010dn\u00e1?<span class=\"ez-toc-section-end\"><\/span><\/h3>\n<div class=\"rank-math-answer \">\n\n<p>Tento slne\u010dn\u00fd ostrov dlhodobo patr\u00ed k t\u00fdm najbezpe\u010dnej\u0161\u00edm krajin\u00e1m v celej Eur\u00f3pe a z\u00e1va\u017en\u00e1 kriminalita sa tu prakticky nevyskytuje. M\u00f4\u017eete sa bez ob\u00e1v prech\u00e1dza\u0165 ve\u010dern\u00fdmi ulicami a c\u00edti\u0165 sa \u00faplne uvo\u013enene. Hlavn\u00e9 rizik\u00e1 pre turistov predstavuje sk\u00f4r miestna chaotick\u00e1 doprava, preto\u017ee vodi\u010di jazdia ve\u013emi svi\u017ene a chodn\u00edky pre pe\u0161\u00edch ob\u010das \u00faplne ch\u00fdbaj\u00fa. \u010eal\u0161ou vecou, na ktor\u00fa je dobr\u00e9 d\u00e1va\u0165 pozor, s\u00fa nevyspytate\u013en\u00e9 morsk\u00e9 pr\u00fady a spom\u00ednan\u00e9 med\u00fazy v neskorom lete. Samozrejme platia z\u00e1kladn\u00e9 pravidl\u00e1 opatrnosti, tak\u017ee si v miestach s ve\u013ekou koncentr\u00e1ciou \u013eud\u00ed str\u00e1\u017ete svoje osobn\u00e9 veci pred pr\u00edpadn\u00fdmi vreckov\u00fdmi zlodejmi, ale inak m\u00f4\u017eete by\u0165 \u00faplne v pokoji.<\/p>\n\n<\/div>\n<\/div>\n<\/div>\n<\/div>","protected":false},"excerpt":{"rendered":"<p>Pl\u00e1nuje\u0161 cestu a zauj\u00edma \u0165a, ako vyzer\u00e1 ide\u00e1lna dovolenka na Malte? Pripravila som pre teba podrobn\u00e9ho sprievodcu pln\u00e9ho tipov na tie najkraj\u0161ie miesta, skvel\u00e9 ubytovanie a praktick\u00e9 inform\u00e1cie.<\/p>\n","protected":false},"author":3,"featured_media":399628,"comment_status":"open","ping_status":"open","sticky":false,"template":"","format":"standard","meta":{"_acf_changed":false,"footnotes":"","rank_math_title":"Dovolenka Malta: 24 tipov, \u010do vidie\u0165 v roku 2026","rank_math_description":"Pl\u00e1nuje\u0161 dovolenku na Malte? Objav 24 tipov na najkraj\u0161ie miesta, po\u010dasie mesiac po mesiaci, ubytovanie aj ceny. Pre\u010d\u00edtaj si praktick\u00e9ho sprievodcu a vyraz!","rank_math_focus_keyword":"dovolenka malta","rank_math_seo_score":""},"categories":[952,955],"tags":[],"class_list":["post-417847","post","type-post","status-publish","format-standard","has-post-thumbnail","category-cestovanie","category-europa"],"acf":[],"featured_image_src":"https:\/\/loudavymkrokem.cz\/wp-content\/uploads\/2026\/08\/dovolena-malta-hero.jpg","author_info":{"display_name":"Lucie Kone\u010dn\u00e1","author_link":"https:\/\/loudavymkrokem.cz\/sk\/author\/lucie-konecna\/"},"_links":{"self":[{"href":"https:\/\/loudavymkrokem.cz\/sk\/wp-json\/wp\/v2\/posts\/417847","targetHints":{"allow":["GET"]}}],"collection":[{"href":"https:\/\/loudavymkrokem.cz\/sk\/wp-json\/wp\/v2\/posts"}],"about":[{"href":"https:\/\/loudavymkrokem.cz\/sk\/wp-json\/wp\/v2\/types\/post"}],"author":[{"embeddable":true,"href":"https:\/\/loudavymkrokem.cz\/sk\/wp-json\/wp\/v2\/users\/3"}],"replies":[{"embeddable":true,"href":"https:\/\/loudavymkrokem.cz\/sk\/wp-json\/wp\/v2\/comments?post=417847"}],"version-history":[{"count":2,"href":"https:\/\/loudavymkrokem.cz\/sk\/wp-json\/wp\/v2\/posts\/417847\/revisions"}],"predecessor-version":[{"id":417849,"href":"https:\/\/loudavymkrokem.cz\/sk\/wp-json\/wp\/v2\/posts\/417847\/revisions\/417849"}],"wp:featuredmedia":[{"embeddable":true,"href":"https:\/\/loudavymkrokem.cz\/sk\/wp-json\/wp\/v2\/media\/399628"}],"wp:attachment":[{"href":"https:\/\/loudavymkrokem.cz\/sk\/wp-json\/wp\/v2\/media?parent=417847"}],"wp:term":[{"taxonomy":"category","embeddable":true,"href":"https:\/\/loudavymkrokem.cz\/sk\/wp-json\/wp\/v2\/categories?post=417847"},{"taxonomy":"post_tag","embeddable":true,"href":"https:\/\/loudavymkrokem.cz\/sk\/wp-json\/wp\/v2\/tags?post=417847"}],"curies":[{"name":"wp","href":"https:\/\/api.w.org\/{rel}","templated":true}]}}