{"id":417832,"date":"2026-09-04T10:00:00","date_gmt":"2026-09-04T08:00:00","guid":{"rendered":"https:\/\/loudavymkrokem.cz\/varna-bulharsko-tipy\/"},"modified":"2026-09-05T18:23:43","modified_gmt":"2026-09-05T16:23:43","slug":"varna-bulharsko-tipy","status":"publish","type":"post","link":"https:\/\/loudavymkrokem.cz\/sk\/varna-bulharsko-tipy\/","title":{"rendered":"Varna, Bulharsko: 20 tipov, \u010do vidie\u0165 a za\u017ei\u0165 v morskej metropole 2026"},"content":{"rendered":"\n<p class=\"wp-block-paragraph\">Ke\u010f sa povie Bulharsko, v\u00e4\u010d\u0161ina \u013eud\u00ed si predstav\u00ed nekone\u010dn\u00e9 rady hotelov na Slne\u010dnom pobre\u017e\u00ed. Len\u017ee <strong>Varna v Bulharsku<\/strong> je \u00faplne in\u00fd pr\u00edbeh a slovensk\u00fd cestovate\u013e tu spozn\u00e1 viac st\u00f4p, ne\u017e by v\u00f4bec \u010dakal. Archeologick\u00e9 m\u00fazeum, ktor\u00e9 ukr\u00fdva najstar\u0161ie spracovan\u00e9 zlato na svete, zalo\u017eil <strong>Karel \u0160korpil z Vysok\u00e9ho M\u00fdta<\/strong>. Obrovsk\u00fa Morsk\u00fa z\u00e1hradu, p\u00fdchu cel\u00e9ho pobre\u017eia, zase navrhol <strong>Anton Nov\u00e1k z Vino\u0159e<\/strong>. A ke\u010f sa postav\u00ed\u0161 na zast\u00e1vku MHD, s ve\u013ekou pravdepodobnos\u0165ou \u0165a odvezie <strong>\u010desk\u00fd trolejbus \u0160koda<\/strong>.<\/p>\n\n\n\n<p class=\"wp-block-paragraph\">Varna skr\u00e1tka nie je len umel\u00fd letn\u00fd rezort, ale <strong>tretie najv\u00e4\u010d\u0161ie bulharsk\u00e9 mesto<\/strong>, ktor\u00e9 \u017eije vlastn\u00fdm tempom po cel\u00fd rok. N\u00e1jde\u0161 tu najv\u00e4\u010d\u0161ie r\u00edmske k\u00fapele na Balk\u00e1ne, tienist\u00e9 bulv\u00e1re pln\u00e9 kaviarn\u00ed a mestsk\u00e9 pl\u00e1\u017ee, ku ktor\u00fdm d\u00f4jde\u0161 pe\u0161o rovno z historick\u00e9ho centra. Je to presne t\u00e1 destin\u00e1cia, kde m\u00f4\u017ee\u0161 doobeda obdivova\u0165 tr\u00e1ck\u00e8 vykop\u00e1vky, na obed si da\u0165 skvel\u00fd \u0161opsk\u00fd \u0161al\u00e1t v tradi\u010dnej mechane a popoludn\u00ed u\u017e le\u017ea\u0165 na jemnom piesku pri \u010ciernom mori.<\/p>\n\n\n\n<p class=\"wp-block-paragraph\">V tomto sprievodcovi n\u00e1jde\u0161 <strong>20 konkr\u00e9tnych tipov, \u010do vidie\u0165 a za\u017ei\u0165 vo Varne<\/strong>. Porad\u00edm ti, ako nespadn\u00fa\u0165 do turistick\u00fdch pasc\u00ed s dopravou, kam vyrazi\u0165 na tie najlep\u0161ie v\u00fdlety do okolia, v ktorej \u0161tvrti sa strategicky ubytova\u0165 a na \u010do si da\u0165 pozor pri v\u00fdbere re\u0161taur\u00e1cie. Bulharsko navy\u0161e <strong>od 1. janu\u00e1ra 2026 prijalo euro<\/strong>, tak\u017ee odpadaj\u00fa starosti so zmen\u00e1r\u0148ou levov a neust\u00e1lym prepo\u010d\u00edtavan\u00edm.<\/p>\n\n\n\n<figure data-wp-context=\"{&quot;imageId&quot;:&quot;6a9c59800298f&quot;}\" data-wp-interactive=\"core\/image\" data-wp-key=\"6a9c59800298f\" class=\"wp-block-image size-full wp-lightbox-container\"><img decoding=\"async\" width=\"1800\" height=\"1012\" data-wp-class--hide=\"state.isContentHidden\" data-wp-class--show=\"state.isContentVisible\" data-wp-init=\"callbacks.setButtonStyles\" data-wp-on--click=\"actions.showLightbox\" data-wp-on--load=\"callbacks.setButtonStyles\" data-wp-on--pointerdown=\"actions.preloadImage\" data-wp-on--pointerenter=\"actions.preloadImageWithDelay\" data-wp-on--pointerleave=\"actions.cancelPreload\" data-wp-on-window--resize=\"callbacks.setButtonStyles\" src=\"https:\/\/loudavymkrokem.cz\/wp-content\/uploads\/2026\/08\/bulharsko-research-varna-01-3be9ec14.jpg\" alt=\"Poh\u013ead na pobre\u017eie a pl\u00e1\u017ee Varny\" class=\"wp-image-407776\" title=\"\" srcset=\"https:\/\/loudavymkrokem.cz\/wp-content\/uploads\/2026\/08\/bulharsko-research-varna-01-3be9ec14.jpg 1800w, https:\/\/loudavymkrokem.cz\/wp-content\/uploads\/2026\/08\/bulharsko-research-varna-01-3be9ec14-300x169.jpg 300w, https:\/\/loudavymkrokem.cz\/wp-content\/uploads\/2026\/08\/bulharsko-research-varna-01-3be9ec14-700x394.jpg 700w, https:\/\/loudavymkrokem.cz\/wp-content\/uploads\/2026\/08\/bulharsko-research-varna-01-3be9ec14-768x432.jpg 768w, https:\/\/loudavymkrokem.cz\/wp-content\/uploads\/2026\/08\/bulharsko-research-varna-01-3be9ec14-1536x864.jpg 1536w, https:\/\/loudavymkrokem.cz\/wp-content\/uploads\/2026\/08\/bulharsko-research-varna-01-3be9ec14-696x391.jpg 696w, https:\/\/loudavymkrokem.cz\/wp-content\/uploads\/2026\/08\/bulharsko-research-varna-01-3be9ec14-1392x783.jpg 1392w\" sizes=\"(max-width: 1800px) 100vw, 1800px\" \/><button\n\t\t\tclass=\"lightbox-trigger\"\n\t\t\ttype=\"button\"\n\t\t\taria-haspopup=\"dialog\"\n\t\t\tdata-wp-bind--aria-label=\"state.thisImage.triggerButtonAriaLabel\"\n\t\t\tdata-wp-init=\"callbacks.initTriggerButton\"\n\t\t\tdata-wp-on--click=\"actions.showLightbox\"\n\t\t\tdata-wp-style--right=\"state.thisImage.buttonRight\"\n\t\t\tdata-wp-style--top=\"state.thisImage.buttonTop\"\n\t\t>\n\t\t\t<svg xmlns=\"http:\/\/www.w3.org\/2000\/svg\" width=\"12\" height=\"12\" fill=\"none\" viewBox=\"0 0 12 12\">\n\t\t\t\t<path fill=\"#fff\" d=\"M2 0a2 2 0 0 0-2 2v2h1.5V2a.5.5 0 0 1 .5-.5h2V0H2Zm2 10.5H2a.5.5 0 0 1-.5-.5V8H0v2a2 2 0 0 0 2 2h2v-1.5ZM8 12v-1.5h2a.5.5 0 0 0 .5-.5V8H12v2a2 2 0 0 1-2 2H8Zm2-12a2 2 0 0 1 2 2v2h-1.5V2a.5.5 0 0 0-.5-.5H8V0h2Z\" \/>\n\t\t\t<\/svg>\n\t\t<\/button><figcaption class=\"wp-element-caption\">Foto: karel291, CC BY 3.0 (Wikimedia Commons)<\/figcaption><\/figure>\n\n\n\n<div id=\"ez-toc-container\" class=\"ez-toc-v2_0_87 ez-toc-wrap-left counter-hierarchy ez-toc-counter ez-toc-grey ez-toc-container-direction\">\n<div class=\"ez-toc-title-container\">\n<p class=\"ez-toc-title\" style=\"cursor:inherit\">Obsah \u010dl\u00e1nku<\/p>\n<span class=\"ez-toc-title-toggle\"><a href=\"#\" class=\"ez-toc-pull-right ez-toc-btn ez-toc-btn-xs ez-toc-btn-default ez-toc-toggle\" aria-label=\"Toggle Table of Content\"><span class=\"ez-toc-js-icon-con\"><span class=\"\"><span class=\"eztoc-hide\" style=\"display:none;\">Toggle<\/span><span class=\"ez-toc-icon-toggle-span\"><svg style=\"fill: #999;color:#999\" xmlns=\"http:\/\/www.w3.org\/2000\/svg\" class=\"list-377408\" width=\"20px\" height=\"20px\" viewBox=\"0 0 24 24\" fill=\"none\"><path d=\"M6 6H4v2h2V6zm14 0H8v2h12V6zM4 11h2v2H4v-2zm16 0H8v2h12v-2zM4 16h2v2H4v-2zm16 0H8v2h12v-2z\" fill=\"currentColor\"><\/path><\/svg><svg style=\"fill: #999;color:#999\" class=\"arrow-unsorted-368013\" xmlns=\"http:\/\/www.w3.org\/2000\/svg\" width=\"10px\" height=\"10px\" viewBox=\"0 0 24 24\" version=\"1.2\" baseProfile=\"tiny\"><path d=\"M18.2 9.3l-6.2-6.3-6.2 6.3c-.2.2-.3.4-.3.7s.1.5.3.7c.2.2.4.3.7.3h11c.3 0 .5-.1.7-.3.2-.2.3-.5.3-.7s-.1-.5-.3-.7zM5.8 14.7l6.2 6.3 6.2-6.3c.2-.2.3-.5.3-.7s-.1-.5-.3-.7c-.2-.2-.4-.3-.7-.3h-11c-.3 0-.5.1-.7.3-.2.2-.3.5-.3.7s.1.5.3.7z\"\/><\/svg><\/span><\/span><\/span><\/a><\/span><\/div>\n<nav><ul class='ez-toc-list ez-toc-list-level-1 ' ><ul class='ez-toc-list-level-3' ><li class='ez-toc-heading-level-3'><a class=\"ez-toc-link ez-toc-heading-1\" href=\"https:\/\/loudavymkrokem.cz\/sk\/varna-bulharsko-tipy\/#Zhrnutie_pre_tych_ktori_nemaju_cas_citat_cely_clanok\" >Zhrnutie pre t\u00fdch, ktor\u00ed nemaj\u00fa \u010das \u010d\u00edta\u0165 cel\u00fd \u010dl\u00e1nok<\/a><\/li><\/ul><\/li><li class='ez-toc-page-1 ez-toc-heading-level-2'><a class=\"ez-toc-link ez-toc-heading-2\" href=\"https:\/\/loudavymkrokem.cz\/sk\/varna-bulharsko-tipy\/#Kolko_to_vo_Varne_stoji\" >Ko\u013eko to vo Varne stoj\u00ed<\/a><\/li><li class='ez-toc-page-1 ez-toc-heading-level-2'><a class=\"ez-toc-link ez-toc-heading-3\" href=\"https:\/\/loudavymkrokem.cz\/sk\/varna-bulharsko-tipy\/#Ako_sa_do_Varny_dostat_a_ako_sa_v_nej_pohybovat\" >Ako sa do Varny dosta\u0165 a ako sa v nej pohybova\u0165<\/a><\/li><li class='ez-toc-page-1 ez-toc-heading-level-2'><a class=\"ez-toc-link ez-toc-heading-4\" href=\"https:\/\/loudavymkrokem.cz\/sk\/varna-bulharsko-tipy\/#Historicke_centrum_a_muzea\" >Historick\u00e9 centrum a m\u00faze\u00e1<\/a><ul class='ez-toc-list-level-3' ><li class='ez-toc-heading-level-3'><a class=\"ez-toc-link ez-toc-heading-5\" href=\"https:\/\/loudavymkrokem.cz\/sk\/varna-bulharsko-tipy\/#1_Archeologicke_muzeum_a_najstarsie_zlato_sveta\" >1. Archeologick\u00e9 m\u00fazeum a najstar\u0161ie zlato sveta<\/a><\/li><li class='ez-toc-page-1 ez-toc-heading-level-3'><a class=\"ez-toc-link ez-toc-heading-6\" href=\"https:\/\/loudavymkrokem.cz\/sk\/varna-bulharsko-tipy\/#2_Rimske_termy_Odessos\" >2. R\u00edmske termy (Odessos)<\/a><\/li><li class='ez-toc-page-1 ez-toc-heading-level-3'><a class=\"ez-toc-link ez-toc-heading-7\" href=\"https:\/\/loudavymkrokem.cz\/sk\/varna-bulharsko-tipy\/#3_Katedrala_Nanebovzatia_Panny_Marie\" >3. Katedr\u00e1la Nanebovzatia Panny M\u00e1rie<\/a><\/li><li class='ez-toc-page-1 ez-toc-heading-level-3'><a class=\"ez-toc-link ez-toc-heading-8\" href=\"https:\/\/loudavymkrokem.cz\/sk\/varna-bulharsko-tipy\/#4_Vojenskonamorne_muzeum_a_torpedovka_Drazki\" >4. Vojenskon\u00e1morn\u00e9 m\u00fazeum a torp\u00e9dovka Drazki<\/a><\/li><li class='ez-toc-page-1 ez-toc-heading-level-3'><a class=\"ez-toc-link ez-toc-heading-9\" href=\"https:\/\/loudavymkrokem.cz\/sk\/varna-bulharsko-tipy\/#5_Etnograficke_muzeum\" >5. Etnografick\u00e9 m\u00fazeum<\/a><\/li><li class='ez-toc-page-1 ez-toc-heading-level-3'><a class=\"ez-toc-link ez-toc-heading-10\" href=\"https:\/\/loudavymkrokem.cz\/sk\/varna-bulharsko-tipy\/#6_Retro_muzeum\" >6. Retro m\u00fazeum<\/a><\/li><li class='ez-toc-page-1 ez-toc-heading-level-3'><a class=\"ez-toc-link ez-toc-heading-11\" href=\"https:\/\/loudavymkrokem.cz\/sk\/varna-bulharsko-tipy\/#7_Hodinova_veza\" >7. Hodinov\u00e1 ve\u017ea<\/a><\/li><\/ul><\/li><li class='ez-toc-page-1 ez-toc-heading-level-2'><a class=\"ez-toc-link ez-toc-heading-12\" href=\"https:\/\/loudavymkrokem.cz\/sk\/varna-bulharsko-tipy\/#Morska_zahrada_a_pobrezie\" >Morsk\u00e1 z\u00e1hrada a pobre\u017eie<\/a><ul class='ez-toc-list-level-3' ><li class='ez-toc-heading-level-3'><a class=\"ez-toc-link ez-toc-heading-13\" href=\"https:\/\/loudavymkrokem.cz\/sk\/varna-bulharsko-tipy\/#8_Morska_zahrada\" >8. Morsk\u00e1 z\u00e1hrada<\/a><\/li><li class='ez-toc-page-1 ez-toc-heading-level-3'><a class=\"ez-toc-link ez-toc-heading-14\" href=\"https:\/\/loudavymkrokem.cz\/sk\/varna-bulharsko-tipy\/#9_Akvarium_Varna\" >9. Akv\u00e1rium Varna<\/a><\/li><li class='ez-toc-page-1 ez-toc-heading-level-3'><a class=\"ez-toc-link ez-toc-heading-15\" href=\"https:\/\/loudavymkrokem.cz\/sk\/varna-bulharsko-tipy\/#10_Delfinarium_Festa\" >10. Delfin\u00e1rium Festa<\/a><\/li><li class='ez-toc-page-1 ez-toc-heading-level-3'><a class=\"ez-toc-link ez-toc-heading-16\" href=\"https:\/\/loudavymkrokem.cz\/sk\/varna-bulharsko-tipy\/#11_ZOO_Varna\" >11. ZOO Varna<\/a><\/li><li class='ez-toc-page-1 ez-toc-heading-level-3'><a class=\"ez-toc-link ez-toc-heading-17\" href=\"https:\/\/loudavymkrokem.cz\/sk\/varna-bulharsko-tipy\/#12_Planetarium_M_Kopernika\" >12. Planet\u00e1rium M. Kopernika<\/a><\/li><li class='ez-toc-page-1 ez-toc-heading-level-3'><a class=\"ez-toc-link ez-toc-heading-18\" href=\"https:\/\/loudavymkrokem.cz\/sk\/varna-bulharsko-tipy\/#13_Mestske_plaze_a_kvalita_vody\" >13. Mestsk\u00e9 pl\u00e1\u017ee a kvalita vody<\/a><\/li><\/ul><\/li><li class='ez-toc-page-1 ez-toc-heading-level-2'><a class=\"ez-toc-link ez-toc-heading-19\" href=\"https:\/\/loudavymkrokem.cz\/sk\/varna-bulharsko-tipy\/#Za_hranicami_centra\" >Za hranicami centra<\/a><ul class='ez-toc-list-level-3' ><li class='ez-toc-heading-level-3'><a class=\"ez-toc-link ez-toc-heading-20\" href=\"https:\/\/loudavymkrokem.cz\/sk\/varna-bulharsko-tipy\/#14_Park-muzeum_Vladislava_Varnencika\" >14. Park-m\u00fazeum Vladislava Varnen\u010dika<\/a><\/li><li class='ez-toc-page-1 ez-toc-heading-level-3'><a class=\"ez-toc-link ez-toc-heading-21\" href=\"https:\/\/loudavymkrokem.cz\/sk\/varna-bulharsko-tipy\/#15_Plaz_Asparuchovo\" >15. Pl\u00e1\u017e Asparuchovo<\/a><\/li><li class='ez-toc-page-1 ez-toc-heading-level-3'><a class=\"ez-toc-link ez-toc-heading-22\" href=\"https:\/\/loudavymkrokem.cz\/sk\/varna-bulharsko-tipy\/#16_Sv_Konstantin_a_Elena\" >16. Sv. Kon\u0161tant\u00edn a Elena<\/a><\/li><\/ul><\/li><li class='ez-toc-page-1 ez-toc-heading-level-2'><a class=\"ez-toc-link ez-toc-heading-23\" href=\"https:\/\/loudavymkrokem.cz\/sk\/varna-bulharsko-tipy\/#Vylety_z_Varny\" >V\u00fdlety z Varny<\/a><ul class='ez-toc-list-level-3' ><li class='ez-toc-heading-level-3'><a class=\"ez-toc-link ez-toc-heading-24\" href=\"https:\/\/loudavymkrokem.cz\/sk\/varna-bulharsko-tipy\/#17_Palac_a_zahrady_Balcik\" >17. Pal\u00e1c a z\u00e1hrady Bal\u010dik<\/a><\/li><li class='ez-toc-page-1 ez-toc-heading-level-3'><a class=\"ez-toc-link ez-toc-heading-25\" href=\"https:\/\/loudavymkrokem.cz\/sk\/varna-bulharsko-tipy\/#18_Mys_Kaliakra\" >18. Mys Kaliakra<\/a><\/li><li class='ez-toc-page-1 ez-toc-heading-level-3'><a class=\"ez-toc-link ez-toc-heading-26\" href=\"https:\/\/loudavymkrokem.cz\/sk\/varna-bulharsko-tipy\/#19_Klastor_Aladza\" >19. Kl\u00e1\u0161tor Alad\u017ea<\/a><\/li><li class='ez-toc-page-1 ez-toc-heading-level-3'><a class=\"ez-toc-link ez-toc-heading-27\" href=\"https:\/\/loudavymkrokem.cz\/sk\/varna-bulharsko-tipy\/#20_Pobiti_kamani_a_Madarsky_jazdec\" >20. Pobiti kamani a Madarsk\u00fd jazdec<\/a><\/li><\/ul><\/li><li class='ez-toc-page-1 ez-toc-heading-level-2'><a class=\"ez-toc-link ez-toc-heading-28\" href=\"https:\/\/loudavymkrokem.cz\/sk\/varna-bulharsko-tipy\/#Kde_sa_najest_vo_Varne\" >Kde sa najes\u0165 vo Varne<\/a><\/li><li class='ez-toc-page-1 ez-toc-heading-level-2'><a class=\"ez-toc-link ez-toc-heading-29\" href=\"https:\/\/loudavymkrokem.cz\/sk\/varna-bulharsko-tipy\/#Kde_sa_ubytovat_vo_Varne\" >Kde sa ubytova\u0165 vo Varne<\/a><\/li><li class='ez-toc-page-1 ez-toc-heading-level-2'><a class=\"ez-toc-link ez-toc-heading-30\" href=\"https:\/\/loudavymkrokem.cz\/sk\/varna-bulharsko-tipy\/#Kedy_do_Varny_ist_a_ake_je_pocasie\" >Kedy do Varny \u00eds\u0165 a ak\u00e9 je po\u010dasie<\/a><ul class='ez-toc-list-level-3' ><li class='ez-toc-heading-level-3'><a class=\"ez-toc-link ez-toc-heading-31\" href=\"https:\/\/loudavymkrokem.cz\/sk\/varna-bulharsko-tipy\/#Varna_mimo_sezony\" >Varna mimo sez\u00f3ny<\/a><\/li><\/ul><\/li><li class='ez-toc-page-1 ez-toc-heading-level-2'><a class=\"ez-toc-link ez-toc-heading-32\" href=\"https:\/\/loudavymkrokem.cz\/sk\/varna-bulharsko-tipy\/#Na_co_si_dat_pozor\" >Na \u010do si da\u0165 pozor<\/a><\/li><li class='ez-toc-page-1 ez-toc-heading-level-2'><a class=\"ez-toc-link ez-toc-heading-33\" href=\"https:\/\/loudavymkrokem.cz\/sk\/varna-bulharsko-tipy\/#Kam_dalej\" >Kam \u010falej<\/a><\/li><li class='ez-toc-page-1 ez-toc-heading-level-2'><a class=\"ez-toc-link ez-toc-heading-34\" href=\"https:\/\/loudavymkrokem.cz\/sk\/varna-bulharsko-tipy\/#Casto_kladene_otazky\" >\u010casto kladen\u00e9 ot\u00e1zky<\/a><ul class='ez-toc-list-level-3' ><li class='ez-toc-heading-level-3'><a class=\"ez-toc-link ez-toc-heading-35\" href=\"https:\/\/loudavymkrokem.cz\/sk\/varna-bulharsko-tipy\/#Plati_sa_vo_Varne_eura_alebo_levy\" >Plat\u00ed sa vo Varne eur\u00e1 alebo levy?<\/a><\/li><li class='ez-toc-page-1 ez-toc-heading-level-3'><a class=\"ez-toc-link ez-toc-heading-36\" href=\"https:\/\/loudavymkrokem.cz\/sk\/varna-bulharsko-tipy\/#Je_Varna_vhodna_pre_rodiny_s_detmi\" >Je Varna vhodn\u00e1 pre rodiny s de\u0165mi?<\/a><\/li><li class='ez-toc-page-1 ez-toc-heading-level-3'><a class=\"ez-toc-link ez-toc-heading-37\" href=\"https:\/\/loudavymkrokem.cz\/sk\/varna-bulharsko-tipy\/#Ako_je_to_vo_Varne_s_parkovanim\" >Ako je to vo Varne s parkovan\u00edm?<\/a><\/li><li class='ez-toc-page-1 ez-toc-heading-level-3'><a class=\"ez-toc-link ez-toc-heading-38\" href=\"https:\/\/loudavymkrokem.cz\/sk\/varna-bulharsko-tipy\/#Da_sa_do_Varny_letiet_priamo_zo_Slovenska\" >D\u00e1 sa do Varny letie\u0165 priamo zo Slovenska?<\/a><\/li><li class='ez-toc-page-1 ez-toc-heading-level-3'><a class=\"ez-toc-link ez-toc-heading-39\" href=\"https:\/\/loudavymkrokem.cz\/sk\/varna-bulharsko-tipy\/#Ma_zmysel_jazdit_do_Varny_aj_mimo_letnych_prazdnin\" >M\u00e1 zmysel jazdi\u0165 do Varny aj mimo letn\u00fdch pr\u00e1zdnin?<\/a><\/li><li class='ez-toc-page-1 ez-toc-heading-level-3'><a class=\"ez-toc-link ez-toc-heading-40\" href=\"https:\/\/loudavymkrokem.cz\/sk\/varna-bulharsko-tipy\/#Ako_sa_z_Varny_dostanem_na_Zlate_piesky\" >Ako sa z Varny dostanem na Zlat\u00e9 piesky?<\/a><\/li><li class='ez-toc-page-1 ez-toc-heading-level-3'><a class=\"ez-toc-link ez-toc-heading-41\" href=\"https:\/\/loudavymkrokem.cz\/sk\/varna-bulharsko-tipy\/#Je_Varna_bezpecne_mesto\" >Je Varna bezpe\u010dn\u00e9 mesto?<\/a><\/li><\/ul><\/li><\/ul><\/nav><\/div>\n<h3 class=\"wp-block-heading\"><span class=\"ez-toc-section\" id=\"Zhrnutie_pre_tych_ktori_nemaju_cas_citat_cely_clanok\"><\/span>Zhrnutie pre t\u00fdch, ktor\u00ed nemaj\u00fa \u010das \u010d\u00edta\u0165 cel\u00fd \u010dl\u00e1nok<span class=\"ez-toc-section-end\"><\/span><\/h3>\n\n\n\n<ul class=\"wp-block-list\">\n\n<li><strong>\u010co je Varna:<\/strong> Tretie najv\u00e4\u010d\u0161ie mesto Bulharska (vy\u0161e 322 tis\u00edc obyvate\u013eov) a d\u00f4le\u017eit\u00fd n\u00e1morn\u00fd pr\u00edstav, ktor\u00fd funguje celoro\u010dne, nielen v lete.<\/li>\n\n\n\n<li><strong>Najv\u00e4\u010d\u0161\u00ed \u0165ah\u00e1k:<\/strong> Varnensk\u00fd zlat\u00fd poklad z obdobia 4600\u20134200 pred n. l., ktor\u00fd predstavuje najstar\u0161ie spracovan\u00e9 zlato na svete.<\/li>\n\n\n\n<li><strong>Mena a ceny:<\/strong> Od 1. 1. 2026 sa v celom Bulharsku plat\u00ed eurom. Du\u00e1lne zobrazovanie cien u\u017e skon\u010dilo.<\/li>\n\n\n\n<li><strong>Pl\u00e1\u017ee:<\/strong> Mesto m\u00e1 vy\u0161e 22 pl\u00e1\u017e\u00ed s celkovou d\u013a\u017ekou 32 kilometrov. K t\u00fdm najlep\u0161\u00edm patr\u00ed \u0161irok\u00e1 pl\u00e1\u017e Ju\u017een alebo pokojnej\u0161ie Asparuchovo.<\/li>\n\n\n\n<li><strong>Doprava:<\/strong> Letisko je vzdialen\u00e9 len 8 kilometrov, do centra \u0165a dovezie autobus linky 409 za necel\u00fdch dvadsa\u0165 min\u00fat.<\/li>\n\n\n\n<li><strong>Kedy vyrazi\u0165:<\/strong> August je najsuch\u0161\u00ed a najteplej\u0161\u00ed, ale za kult\u00farou a pamiatkami sa oplat\u00ed pr\u00eds\u0165 aj na jar alebo na jese\u0148.<\/li>\n\n\n\n<li><strong>V\u00fdlety do okolia:<\/strong> Z Varny \u013eahko d\u00f4jde\u0161 k \u00fatesom mysu Kaliakra, do skaln\u00e9ho kl\u00e1\u0161tora Alad\u017ea alebo k unik\u00e1tnemu Kamenn\u00e9mu lesu (Pobiti kamani).<\/li>\n\n\n<\/ul>\n\n\n\n<figure class=\"wp-block-table\"><table><thead><tr><th>#<\/th><th>Miesto<\/th><th>Typ<\/th><th>Vstupn\u00e9 2026<\/th><\/tr><\/thead><tbody><tr><td>1<\/td><td>Archeologick\u00e9 m\u00fazeum<\/td><td>Hist\u00f3ria<\/td><td>10,00 \u20ac<\/td><\/tr><tr><td>2<\/td><td>R\u00edmske termy<\/td><td>Antick\u00e1 pamiatka<\/td><td>4,00 \u20ac<\/td><\/tr><tr><td>3<\/td><td>Katedr\u00e1la Nanebovzatia Panny M\u00e1rie<\/td><td>Cirkevn\u00e1 stavba<\/td><td>Zdarma<\/td><\/tr><tr><td>4<\/td><td>Vojenskon\u00e1morn\u00e9 m\u00fazeum<\/td><td>Vojensk\u00e1 hist\u00f3ria<\/td><td>4,09 \u20ac (kombi)<\/td><\/tr><tr><td>5<\/td><td>Etnografick\u00e9 m\u00fazeum<\/td><td>Kult\u00fara a trad\u00edcie<\/td><td>5,00 \u20ac<\/td><\/tr><tr><td>6<\/td><td>Retro m\u00fazeum (Grand Mall)<\/td><td>Novodob\u00e1 hist\u00f3ria<\/td><td>Cca 15,34 \u20ac<\/td><\/tr><tr><td>7<\/td><td>Hodinov\u00e1 ve\u017ea<\/td><td>Architekt\u00fara<\/td><td>Zvonku zdarma<\/td><\/tr><tr><td>8<\/td><td>Morsk\u00e1 z\u00e1hrada<\/td><td>Park a oddych<\/td><td>Zdarma<\/td><\/tr><tr><td>9<\/td><td>Akv\u00e1rium<\/td><td>Pr\u00edroda<\/td><td>2,00 \u20ac<\/td><\/tr><tr><td>10<\/td><td>Delfin\u00e1rium Festa<\/td><td>Z\u00e1bava<\/td><td>14,00 \u2013 26,00 \u20ac (pod\u013ea sez\u00f3ny)<\/td><\/tr><tr><td>11<\/td><td>ZOO Varna<\/td><td>Pr\u00edroda<\/td><td>3,00 \u20ac<\/td><\/tr><tr><td>12<\/td><td>Planet\u00e1rium M. Kopernika<\/td><td>Vzdel\u00e1vanie<\/td><td>3,58 \u20ac<\/td><\/tr><tr><td>13<\/td><td>Mestsk\u00e9 pl\u00e1\u017ee<\/td><td>K\u00fapanie<\/td><td>Zdarma (le\u017eadl\u00e1 cca 3,5\u20135 \u20ac)<\/td><\/tr><tr><td>14<\/td><td>Park-m\u00fazeum Vladislava Varnen\u010dika<\/td><td>Hist\u00f3ria<\/td><td>4,09 \u20ac<\/td><\/tr><tr><td>15<\/td><td>Pl\u00e1\u017e Asparuchovo<\/td><td>K\u00fapanie<\/td><td>Zdarma<\/td><\/tr><tr><td>16<\/td><td>Sv. Kon\u0161tant\u00edn a Elena<\/td><td>Term\u00e1lne k\u00fapele<\/td><td>Pod\u013ea vybran\u00e9ho rezortu<\/td><\/tr><tr><td>17<\/td><td>Pal\u00e1c a z\u00e1hrady Bal\u010dik<\/td><td>V\u00fdlet (hist\u00f3ria\/pr\u00edroda)<\/td><td>10,00 \u20ac (pal\u00e1c) + 10,00 \u20ac (z\u00e1hrada)<\/td><\/tr><tr><td>18<\/td><td>Mys Kaliakra<\/td><td>V\u00fdlet (pr\u00edroda\/hist\u00f3ria)<\/td><td>Cca 3,00 \u20ac<\/td><\/tr><tr><td>19<\/td><td>Kl\u00e1\u0161tor Alad\u017ea<\/td><td>V\u00fdlet (skaln\u00fd kl\u00e1\u0161tor)<\/td><td>5,00 \u20ac<\/td><\/tr><tr><td>20<\/td><td>Pobiti kamani a Madarsk\u00fd jazdec<\/td><td>V\u00fdlet (pr\u00edroda\/UNESCO)<\/td><td>3,00 \u20ac \/ cca 3,58 \u20ac<\/td><\/tr><\/tbody><\/table><\/figure>\n\n\n\n<figure data-wp-context=\"{&quot;imageId&quot;:&quot;6a9c5980031fc&quot;}\" data-wp-interactive=\"core\/image\" data-wp-key=\"6a9c5980031fc\" class=\"wp-block-image size-full wp-lightbox-container\"><img decoding=\"async\" width=\"1800\" height=\"892\" data-wp-class--hide=\"state.isContentHidden\" data-wp-class--show=\"state.isContentVisible\" data-wp-init=\"callbacks.setButtonStyles\" data-wp-on--click=\"actions.showLightbox\" data-wp-on--load=\"callbacks.setButtonStyles\" data-wp-on--pointerdown=\"actions.preloadImage\" data-wp-on--pointerenter=\"actions.preloadImageWithDelay\" data-wp-on--pointerleave=\"actions.cancelPreload\" data-wp-on-window--resize=\"callbacks.setButtonStyles\" src=\"https:\/\/loudavymkrokem.cz\/wp-content\/uploads\/2026\/08\/bulharsko-research-varna-02-57328bc9.jpg\" alt=\"St\u00e1nky s potravinami na centr\u00e1lnej tr\u017enici vo Varne\" class=\"wp-image-407777\" title=\"\" srcset=\"https:\/\/loudavymkrokem.cz\/wp-content\/uploads\/2026\/08\/bulharsko-research-varna-02-57328bc9.jpg 1800w, https:\/\/loudavymkrokem.cz\/wp-content\/uploads\/2026\/08\/bulharsko-research-varna-02-57328bc9-300x149.jpg 300w, https:\/\/loudavymkrokem.cz\/wp-content\/uploads\/2026\/08\/bulharsko-research-varna-02-57328bc9-700x347.jpg 700w, https:\/\/loudavymkrokem.cz\/wp-content\/uploads\/2026\/08\/bulharsko-research-varna-02-57328bc9-768x381.jpg 768w, https:\/\/loudavymkrokem.cz\/wp-content\/uploads\/2026\/08\/bulharsko-research-varna-02-57328bc9-1536x761.jpg 1536w, https:\/\/loudavymkrokem.cz\/wp-content\/uploads\/2026\/08\/bulharsko-research-varna-02-57328bc9-696x345.jpg 696w, https:\/\/loudavymkrokem.cz\/wp-content\/uploads\/2026\/08\/bulharsko-research-varna-02-57328bc9-1392x690.jpg 1392w\" sizes=\"(max-width: 1800px) 100vw, 1800px\" \/><button\n\t\t\tclass=\"lightbox-trigger\"\n\t\t\ttype=\"button\"\n\t\t\taria-haspopup=\"dialog\"\n\t\t\tdata-wp-bind--aria-label=\"state.thisImage.triggerButtonAriaLabel\"\n\t\t\tdata-wp-init=\"callbacks.initTriggerButton\"\n\t\t\tdata-wp-on--click=\"actions.showLightbox\"\n\t\t\tdata-wp-style--right=\"state.thisImage.buttonRight\"\n\t\t\tdata-wp-style--top=\"state.thisImage.buttonTop\"\n\t\t>\n\t\t\t<svg xmlns=\"http:\/\/www.w3.org\/2000\/svg\" width=\"12\" height=\"12\" fill=\"none\" viewBox=\"0 0 12 12\">\n\t\t\t\t<path fill=\"#fff\" d=\"M2 0a2 2 0 0 0-2 2v2h1.5V2a.5.5 0 0 1 .5-.5h2V0H2Zm2 10.5H2a.5.5 0 0 1-.5-.5V8H0v2a2 2 0 0 0 2 2h2v-1.5ZM8 12v-1.5h2a.5.5 0 0 0 .5-.5V8H12v2a2 2 0 0 1-2 2H8Zm2-12a2 2 0 0 1 2 2v2h-1.5V2a.5.5 0 0 0-.5-.5H8V0h2Z\" \/>\n\t\t\t<\/svg>\n\t\t<\/button><figcaption class=\"wp-element-caption\">Foto: Victoria Rangelova (Google Maps)<\/figcaption><\/figure>\n\n\n\n<h2 class=\"wp-block-heading\"><span class=\"ez-toc-section\" id=\"Kolko_to_vo_Varne_stoji\"><\/span>Ko\u013eko to vo Varne stoj\u00ed<span class=\"ez-toc-section-end\"><\/span><\/h2>\n\n\n\n<p class=\"wp-block-paragraph\">Bulharsko <strong>od 1. janu\u00e1ra 2026 ofici\u00e1lne prijalo euro<\/strong>. Pevn\u00fd konverzn\u00fd kurz bol stanoven\u00fd na 1 \u20ac = 1,95583 lv. Obdobie, ke\u010f sa ceny povinne uv\u00e1dzali v oboch men\u00e1ch, skon\u010dilo 8. augusta 2026, tak\u017ee dnes u\u017e na l\u00edstkoch v re\u0161taur\u00e1ci\u00e1ch a v obchodoch <strong>uvid\u00ed\u0161 iba eur\u00e1<\/strong>. Pre n\u00e1s Slov\u00e1kov je to obrovsk\u00e1 \u00fa\u013eava, preto\u017ee odpad\u00e1 h\u013eadanie f\u00e9rovej zmen\u00e1rne a prepo\u010d\u00edtavanie levov.<\/p>\n\n\n\n<p class=\"wp-block-paragraph\">Pri pl\u00e1novan\u00ed rozpo\u010dtu si daj ve\u013ek\u00fd pozor na to, kde sa stravuje\u0161. <strong>Vo Varne panuje priepastn\u00fd rozdiel medzi podnikmi pre miestnych a turistickou promen\u00e1dou.<\/strong> Zatia\u013e \u010do v tradi\u010dnej mechane v centre (tzv. Gr\u00e9cka \u0161tvr\u0165) zaplat\u00ed\u0161 za bezm\u00e4sit\u00e9 hlavn\u00e9 jedlo okolo 9 a\u017e 10 eur a za \u0161opsk\u00fd \u0161al\u00e1t \u013eahko cez 6 eur, na pl\u00e1\u017eovej promen\u00e1de (Krajbre\u017ena aleja) \u0165a \u0161al\u00e1t vyjde pokojne na 14 eur a hlavn\u00fd chod sa \u0161plh\u00e1 k 20 a\u017e 30 eur\u00e1m. <strong>Rozdiel je teda pokojne 200 a\u017e 300 percent.<\/strong><\/p>\n\n\n\n<p class=\"wp-block-paragraph\"><strong>Tabu\u013eka orienta\u010dn\u00fdch cien vo Varne (2026):<\/strong><\/p>\n\n\n\n<figure class=\"wp-block-table\"><table><thead><tr><th>Polo\u017eka<\/th><th>Cena v eur\u00e1ch<\/th><\/tr><\/thead><tbody><tr><td>L\u00edstok MHD (cez aplik\u00e1ciu)<\/td><td>0,51 \u20ac<\/td><\/tr><tr><td>N\u00e1stupn\u00e1 sadzba taxi \/ cena za 1 km<\/td><td>1,58 \u20ac \/ 0,79 \u20ac<\/td><\/tr><tr><td>Espresso v kaviarni<\/td><td>1,99 \u20ac<\/td><\/tr><tr><td>\u010capovan\u00e9 pivo (0,5 l) v re\u0161taur\u00e1cii<\/td><td>2,50 \u2013 2,56 \u20ac<\/td><\/tr><tr><td>Obed v tradi\u010dnej mechane (mimo pl\u00e1\u017ee)<\/td><td>10,00 \u2013 12,00 \u20ac<\/td><\/tr><tr><td>Ve\u010dera pre dvoch v strednej re\u0161taur\u00e1cii<\/td><td>cca 52,00 \u20ac<\/td><\/tr><tr><td>Pren\u00e1jom le\u017eadla na pl\u00e1\u017ei<\/td><td>3,50 \u2013 5,00 \u20ac<\/td><\/tr><tr><td>Vstupn\u00e9 do hlavn\u00fdch m\u00faze\u00ed<\/td><td>4,00 \u2013 10,00 \u20ac<\/td><\/tr><\/tbody><\/table><\/figure>\n\n\n\n<figure data-wp-context=\"{&quot;imageId&quot;:&quot;6a9c598003910&quot;}\" data-wp-interactive=\"core\/image\" data-wp-key=\"6a9c598003910\" class=\"wp-block-image size-full wp-lightbox-container\"><img decoding=\"async\" width=\"1800\" height=\"1350\" data-wp-class--hide=\"state.isContentHidden\" data-wp-class--show=\"state.isContentVisible\" data-wp-init=\"callbacks.setButtonStyles\" data-wp-on--click=\"actions.showLightbox\" data-wp-on--load=\"callbacks.setButtonStyles\" data-wp-on--pointerdown=\"actions.preloadImage\" data-wp-on--pointerenter=\"actions.preloadImageWithDelay\" data-wp-on--pointerleave=\"actions.cancelPreload\" data-wp-on-window--resize=\"callbacks.setButtonStyles\" src=\"https:\/\/loudavymkrokem.cz\/wp-content\/uploads\/2026\/08\/bulharsko-research-varna-03-2c415b95.jpg\" alt=\"Trolejbus \u0160koda vo Varne\" class=\"wp-image-407778\" title=\"\" srcset=\"https:\/\/loudavymkrokem.cz\/wp-content\/uploads\/2026\/08\/bulharsko-research-varna-03-2c415b95.jpg 1800w, https:\/\/loudavymkrokem.cz\/wp-content\/uploads\/2026\/08\/bulharsko-research-varna-03-2c415b95-300x225.jpg 300w, https:\/\/loudavymkrokem.cz\/wp-content\/uploads\/2026\/08\/bulharsko-research-varna-03-2c415b95-700x525.jpg 700w, https:\/\/loudavymkrokem.cz\/wp-content\/uploads\/2026\/08\/bulharsko-research-varna-03-2c415b95-768x576.jpg 768w, https:\/\/loudavymkrokem.cz\/wp-content\/uploads\/2026\/08\/bulharsko-research-varna-03-2c415b95-1536x1152.jpg 1536w, https:\/\/loudavymkrokem.cz\/wp-content\/uploads\/2026\/08\/bulharsko-research-varna-03-2c415b95-80x60.jpg 80w, https:\/\/loudavymkrokem.cz\/wp-content\/uploads\/2026\/08\/bulharsko-research-varna-03-2c415b95-160x120.jpg 160w, https:\/\/loudavymkrokem.cz\/wp-content\/uploads\/2026\/08\/bulharsko-research-varna-03-2c415b95-696x522.jpg 696w, https:\/\/loudavymkrokem.cz\/wp-content\/uploads\/2026\/08\/bulharsko-research-varna-03-2c415b95-1392x1044.jpg 1392w\" sizes=\"(max-width: 1800px) 100vw, 1800px\" \/><button\n\t\t\tclass=\"lightbox-trigger\"\n\t\t\ttype=\"button\"\n\t\t\taria-haspopup=\"dialog\"\n\t\t\tdata-wp-bind--aria-label=\"state.thisImage.triggerButtonAriaLabel\"\n\t\t\tdata-wp-init=\"callbacks.initTriggerButton\"\n\t\t\tdata-wp-on--click=\"actions.showLightbox\"\n\t\t\tdata-wp-style--right=\"state.thisImage.buttonRight\"\n\t\t\tdata-wp-style--top=\"state.thisImage.buttonTop\"\n\t\t>\n\t\t\t<svg xmlns=\"http:\/\/www.w3.org\/2000\/svg\" width=\"12\" height=\"12\" fill=\"none\" viewBox=\"0 0 12 12\">\n\t\t\t\t<path fill=\"#fff\" d=\"M2 0a2 2 0 0 0-2 2v2h1.5V2a.5.5 0 0 1 .5-.5h2V0H2Zm2 10.5H2a.5.5 0 0 1-.5-.5V8H0v2a2 2 0 0 0 2 2h2v-1.5ZM8 12v-1.5h2a.5.5 0 0 0 .5-.5V8H12v2a2 2 0 0 1-2 2H8Zm2-12a2 2 0 0 1 2 2v2h-1.5V2a.5.5 0 0 0-.5-.5H8V0h2Z\" \/>\n\t\t\t<\/svg>\n\t\t<\/button><figcaption class=\"wp-element-caption\">Foto: Powerfox, CC BY-SA 4.0 (Wikimedia Commons)<\/figcaption><\/figure>\n\n\n\n<h2 class=\"wp-block-heading\"><span class=\"ez-toc-section\" id=\"Ako_sa_do_Varny_dostat_a_ako_sa_v_nej_pohybovat\"><\/span>Ako sa do Varny dosta\u0165 a ako sa v nej pohybova\u0165<span class=\"ez-toc-section-end\"><\/span><\/h2>\n\n\n\n<p class=\"wp-block-paragraph\"><a href=\"https:\/\/varna-airport.bg\/\" rel=\"nofollow noopener\" target=\"_blank\">Letisko Varna (VAR)<\/a> le\u017e\u00ed <strong>len 8 kilometrov z\u00e1padne od centra<\/strong>. Odbav\u00ed necel\u00e9 dva mili\u00f3ny cestuj\u00facich ro\u010dne a v letnej sez\u00f3ne sem mieria priame lety, ktor\u00e9 zo Slovenska naj\u010dastej\u0161ie zabezpe\u010duj\u00fa n\u00edzkon\u00e1kladovky ako Ryanair \u010di Wizz Air, pr\u00edpadne sa d\u00e1 pohodlne letie\u0165 z Bratislavy alebo Viedne. Samotn\u00e1 cesta z letiska do centra je bleskur\u00fdchla, zaberie ti <strong>necel\u00fdch 20 min\u00fat<\/strong>.<\/p>\n\n\n\n<p class=\"wp-block-paragraph\">Najlacnej\u0161ou cestou z letiska je <strong>autobusov\u00e1 linka 409<\/strong>, ktor\u00e1 prech\u00e1dza cez autobusov\u00fa stanicu priamo do centra ku Katedr\u00e1le a v lete pokra\u010duje a\u017e na Zlat\u00e9 piesky. Tu ale \u010d\u00edha <strong>ve\u013ek\u00e1 turistick\u00e1 pasca<\/strong>. T\u00fato linku obsluhuj\u00fa s\u00fabe\u017ene dve r\u00f4zne dopravn\u00e9 spolo\u010dnosti. Ak si k\u00fapi\u0161 l\u00edstok v automate, plat\u00ed iba vo vozidl\u00e1ch mestsk\u00e9ho podniku Gradski Transport. Ak ti zastav\u00ed vozidlo druh\u00e9ho dopravcu, mus\u00ed\u0161 si l\u00edstok k\u00fapi\u0165 znova u sprievodcu vn\u00fatri.<\/p>\n\n\n\n<p class=\"wp-block-paragraph\">Na pohyb po meste je MHD pomerne spo\u013eahliv\u00e1, ale m\u00e1 svoje \u00faskalia. <strong>Automaty na zast\u00e1vkach prij\u00edmaj\u00fa v\u00fdhradne eurov\u00e9 mince.<\/strong> \u017diadne bankovky, \u017eiadne karty. Ak nem\u00e1\u0161 drobn\u00e9, l\u00edstok si skr\u00e1tka nek\u00fapi\u0161. Jednozna\u010dne najlep\u0161\u00edm rie\u0161en\u00edm je stiahnu\u0165 si <strong>nov\u00fa aplik\u00e1ciu <a href=\"https:\/\/varnatraffic.com\/\" rel=\"nofollow noopener\" target=\"_blank\">TTickets Varna<\/a><\/strong>. Nielen\u017ee v nej zaplat\u00ed\u0161 kartou, ale elektronick\u00fd l\u00edstok stoj\u00ed <strong>len 0,51 \u20ac<\/strong>, zatia\u013e \u010do papierov\u00fd z automatu \u0165a vyjde na rovn\u00e9 1 euro.<\/p>\n\n\n\n<p class=\"wp-block-paragraph\">Ak si pl\u00e1nuje\u0161 po\u017ei\u010da\u0165 auto, priprav sa na \u0161pecifik\u00e1 miestneho parkovania. <strong>Modr\u00e1 z\u00f3na v centre Varny plat\u00ed od pondelka do nedele<\/strong>, \u010do je naj\u010dastej\u0161\u00ed chyt\u00e1k pre turistov, ktor\u00ed si myslia, \u017ee cez v\u00edkend parkuj\u00fa zdarma. Varna navy\u0161e <strong>nem\u00e1 klasick\u00e9 parkovacie automaty<\/strong>. Parkovn\u00e9 (0,51 \u20ac za hodinu) sa plat\u00ed cez SMS, \u010do b\u00fdva zo slovensk\u00e9ho \u010d\u00edsla \u010dasto nespo\u013eahliv\u00e9, alebo ove\u013ea lep\u0161ie <strong>cez aplik\u00e1ciu MPark<\/strong>. Ak nezaplat\u00ed\u0161, papu\u010da \u0165a vyjde na viac ne\u017e 10 eur a m\u00f4\u017ee\u0161 ju rovno uhradi\u0165 online bez \u010dakania pri aute.<\/p>\n\n\n\n<p class=\"wp-block-paragraph\">Tax\u00edky s\u00fa vo Varne pomerne lacn\u00e9, denn\u00e1 sadzba je <strong>0,79 \u20ac za kilometer<\/strong>. V\u017edy si ale vyberaj poctiv\u00e9 spolo\u010dnosti (napr\u00edklad Triumf, Omega Trans alebo Hipo) a pam\u00e4taj, \u017ee <strong>Bolt ani Uber vo Varne jazdy neprev\u00e1dzkuj\u00fa<\/strong> (Bolt tu pon\u00faka len kolobe\u017eky a rozvoz jedla). Objednanie tax\u00edka po telef\u00f3ne \u010di cez aplik\u00e1ciu danej firmy je zdarma, preto nem\u00e1 zmysel bra\u0165 si n\u00e1hodn\u00e9 auto rovno na ulici, kde hroz\u00ed predra\u017eenie.<\/p>\n\n\n\n<figure data-wp-context=\"{&quot;imageId&quot;:&quot;6a9c598003f40&quot;}\" data-wp-interactive=\"core\/image\" data-wp-key=\"6a9c598003f40\" class=\"wp-block-image size-full wp-lightbox-container\"><img decoding=\"async\" width=\"1800\" height=\"1012\" data-wp-class--hide=\"state.isContentHidden\" data-wp-class--show=\"state.isContentVisible\" data-wp-init=\"callbacks.setButtonStyles\" data-wp-on--click=\"actions.showLightbox\" data-wp-on--load=\"callbacks.setButtonStyles\" data-wp-on--pointerdown=\"actions.preloadImage\" data-wp-on--pointerenter=\"actions.preloadImageWithDelay\" data-wp-on--pointerleave=\"actions.cancelPreload\" data-wp-on-window--resize=\"callbacks.setButtonStyles\" src=\"https:\/\/loudavymkrokem.cz\/wp-content\/uploads\/2026\/08\/bulharsko-research-varna-04-0df9e0d1.jpg\" alt=\"Budova Archeologick\u00e9ho m\u00fazea vo Varne, b\u00fdval\u00e9 diev\u010densk\u00e9 gymn\u00e1zium\" class=\"wp-image-407779\" title=\"\" srcset=\"https:\/\/loudavymkrokem.cz\/wp-content\/uploads\/2026\/08\/bulharsko-research-varna-04-0df9e0d1.jpg 1800w, https:\/\/loudavymkrokem.cz\/wp-content\/uploads\/2026\/08\/bulharsko-research-varna-04-0df9e0d1-300x169.jpg 300w, https:\/\/loudavymkrokem.cz\/wp-content\/uploads\/2026\/08\/bulharsko-research-varna-04-0df9e0d1-700x394.jpg 700w, https:\/\/loudavymkrokem.cz\/wp-content\/uploads\/2026\/08\/bulharsko-research-varna-04-0df9e0d1-768x432.jpg 768w, https:\/\/loudavymkrokem.cz\/wp-content\/uploads\/2026\/08\/bulharsko-research-varna-04-0df9e0d1-1536x864.jpg 1536w, https:\/\/loudavymkrokem.cz\/wp-content\/uploads\/2026\/08\/bulharsko-research-varna-04-0df9e0d1-696x391.jpg 696w, https:\/\/loudavymkrokem.cz\/wp-content\/uploads\/2026\/08\/bulharsko-research-varna-04-0df9e0d1-1392x783.jpg 1392w\" sizes=\"(max-width: 1800px) 100vw, 1800px\" \/><button\n\t\t\tclass=\"lightbox-trigger\"\n\t\t\ttype=\"button\"\n\t\t\taria-haspopup=\"dialog\"\n\t\t\tdata-wp-bind--aria-label=\"state.thisImage.triggerButtonAriaLabel\"\n\t\t\tdata-wp-init=\"callbacks.initTriggerButton\"\n\t\t\tdata-wp-on--click=\"actions.showLightbox\"\n\t\t\tdata-wp-style--right=\"state.thisImage.buttonRight\"\n\t\t\tdata-wp-style--top=\"state.thisImage.buttonTop\"\n\t\t>\n\t\t\t<svg xmlns=\"http:\/\/www.w3.org\/2000\/svg\" width=\"12\" height=\"12\" fill=\"none\" viewBox=\"0 0 12 12\">\n\t\t\t\t<path fill=\"#fff\" d=\"M2 0a2 2 0 0 0-2 2v2h1.5V2a.5.5 0 0 1 .5-.5h2V0H2Zm2 10.5H2a.5.5 0 0 1-.5-.5V8H0v2a2 2 0 0 0 2 2h2v-1.5ZM8 12v-1.5h2a.5.5 0 0 0 .5-.5V8H12v2a2 2 0 0 1-2 2H8Zm2-12a2 2 0 0 1 2 2v2h-1.5V2a.5.5 0 0 0-.5-.5H8V0h2Z\" \/>\n\t\t\t<\/svg>\n\t\t<\/button><figcaption class=\"wp-element-caption\">Foto: karel291, CC BY 3.0 (Wikimedia Commons)<\/figcaption><\/figure>\n\n\n\n<h2 class=\"wp-block-heading\"><span class=\"ez-toc-section\" id=\"Historicke_centrum_a_muzea\"><\/span>Historick\u00e9 centrum a m\u00faze\u00e1<span class=\"ez-toc-section-end\"><\/span><\/h2>\n\n\n\n<p class=\"wp-block-paragraph\">Varna m\u00e1 n\u00e1dhern\u00e9, <strong>kompaktn\u00e9 centrum<\/strong>, ktor\u00e9 sa <strong>najlep\u0161ie prech\u00e1dza pe\u0161o<\/strong>. Naraz\u00ed\u0161 tu na pozostatky mocn\u00e9ho R\u00edma, ohromuj\u00face zbierky z \u00fasvitu \u013eudstva aj pamiatky na novodob\u00e9 dejiny.<\/p>\n\n\n\n<figure data-wp-context=\"{&quot;imageId&quot;:&quot;6a9c5980043c3&quot;}\" data-wp-interactive=\"core\/image\" data-wp-key=\"6a9c5980043c3\" class=\"wp-block-image size-full wp-lightbox-container\"><img decoding=\"async\" width=\"1800\" height=\"1207\" data-wp-class--hide=\"state.isContentHidden\" data-wp-class--show=\"state.isContentVisible\" data-wp-init=\"callbacks.setButtonStyles\" data-wp-on--click=\"actions.showLightbox\" data-wp-on--load=\"callbacks.setButtonStyles\" data-wp-on--pointerdown=\"actions.preloadImage\" data-wp-on--pointerenter=\"actions.preloadImageWithDelay\" data-wp-on--pointerleave=\"actions.cancelPreload\" data-wp-on-window--resize=\"callbacks.setButtonStyles\" src=\"https:\/\/loudavymkrokem.cz\/wp-content\/uploads\/2026\/08\/bulharsko-research-varna-05-d71bfb98.jpg\" alt=\"Varnensk\u00fd zlat\u00fd poklad v Archeologickom m\u00fazeu\" class=\"wp-image-407780\" title=\"\" srcset=\"https:\/\/loudavymkrokem.cz\/wp-content\/uploads\/2026\/08\/bulharsko-research-varna-05-d71bfb98.jpg 1800w, https:\/\/loudavymkrokem.cz\/wp-content\/uploads\/2026\/08\/bulharsko-research-varna-05-d71bfb98-300x201.jpg 300w, https:\/\/loudavymkrokem.cz\/wp-content\/uploads\/2026\/08\/bulharsko-research-varna-05-d71bfb98-700x469.jpg 700w, https:\/\/loudavymkrokem.cz\/wp-content\/uploads\/2026\/08\/bulharsko-research-varna-05-d71bfb98-768x515.jpg 768w, https:\/\/loudavymkrokem.cz\/wp-content\/uploads\/2026\/08\/bulharsko-research-varna-05-d71bfb98-1536x1030.jpg 1536w, https:\/\/loudavymkrokem.cz\/wp-content\/uploads\/2026\/08\/bulharsko-research-varna-05-d71bfb98-696x467.jpg 696w, https:\/\/loudavymkrokem.cz\/wp-content\/uploads\/2026\/08\/bulharsko-research-varna-05-d71bfb98-1392x933.jpg 1392w\" sizes=\"(max-width: 1800px) 100vw, 1800px\" \/><button\n\t\t\tclass=\"lightbox-trigger\"\n\t\t\ttype=\"button\"\n\t\t\taria-haspopup=\"dialog\"\n\t\t\tdata-wp-bind--aria-label=\"state.thisImage.triggerButtonAriaLabel\"\n\t\t\tdata-wp-init=\"callbacks.initTriggerButton\"\n\t\t\tdata-wp-on--click=\"actions.showLightbox\"\n\t\t\tdata-wp-style--right=\"state.thisImage.buttonRight\"\n\t\t\tdata-wp-style--top=\"state.thisImage.buttonTop\"\n\t\t>\n\t\t\t<svg xmlns=\"http:\/\/www.w3.org\/2000\/svg\" width=\"12\" height=\"12\" fill=\"none\" viewBox=\"0 0 12 12\">\n\t\t\t\t<path fill=\"#fff\" d=\"M2 0a2 2 0 0 0-2 2v2h1.5V2a.5.5 0 0 1 .5-.5h2V0H2Zm2 10.5H2a.5.5 0 0 1-.5-.5V8H0v2a2 2 0 0 0 2 2h2v-1.5ZM8 12v-1.5h2a.5.5 0 0 0 .5-.5V8H12v2a2 2 0 0 1-2 2H8Zm2-12a2 2 0 0 1 2 2v2h-1.5V2a.5.5 0 0 0-.5-.5H8V0h2Z\" \/>\n\t\t\t<\/svg>\n\t\t<\/button><figcaption class=\"wp-element-caption\">Foto: Ivano Giambattista, CC0 (Wikimedia Commons)<\/figcaption><\/figure>\n\n\n\n<h3 class=\"wp-block-heading\"><span class=\"ez-toc-section\" id=\"1_Archeologicke_muzeum_a_najstarsie_zlato_sveta\"><\/span>1. Archeologick\u00e9 m\u00fazeum a najstar\u0161ie zlato sveta<span class=\"ez-toc-section-end\"><\/span><\/h3>\n\n\n\n<p class=\"wp-block-paragraph\">Toto nie je len oby\u010dajn\u00e9 mestsk\u00e9 m\u00fazeum. Pr\u00e1ve tu je k videniu sl\u00e1vny <strong>Varnensk\u00fd zlat\u00fd poklad<\/strong>, ktor\u00fd n\u00e1hodou objavil bagrista v roku 1972. V\u00fdskumy uk\u00e1zali, \u017ee predmety poch\u00e1dzaj\u00fa zhruba z rokov <strong>4600\u20134200 pred n. l.<\/strong>, \u010do z nich rob\u00ed najstar\u0161ie spracovan\u00e9 zlato n\u00e1jden\u00e9 kdeko\u013evek na svete. V\u00e1ha aj po\u010det t\u00fdchto zlat\u00fdch n\u00e1lezov nieko\u013ekon\u00e1sobne prevy\u0161uj\u00fa s\u00fahrn v\u0161etk\u00fdch zlat\u00fdch predmetov n\u00e1jden\u00fdch v rovnakej dobe na celom svete, vr\u00e1tane Mezopot\u00e1mie a Egypta.<\/p>\n\n\n\n<p class=\"wp-block-paragraph\">Najsl\u00e1vnej\u0161\u00edm expon\u00e1tom je replika <strong>hrobu \u010d\u00edslo 43<\/strong>, ktor\u00fd obsahoval vy\u0161e tis\u00edc zlat\u00fdch predmetov o v\u00e1he viac ne\u017e 1,5 kilogramu. Dlho sa myslelo, \u017ee ide o pozostatky mocn\u00e9ho knie\u017ea\u0165a, ale modern\u00e1 archeol\u00f3gia sa prikl\u00e1\u0148a k tomu, \u017ee to bol <strong>vysoko postaven\u00fd kov\u00e1\u010d<\/strong>. Samotn\u00e9 m\u00fazeum s\u00eddli v kr\u00e1snej budove b\u00fdval\u00e9ho diev\u010densk\u00e9ho gymn\u00e1zia. \ud83d\udca1 <strong>Tip:<\/strong> Vstupenky za 10 \u20ac zak\u00fapi\u0161 <strong>iba na fyzickej pokladni<\/strong>, m\u00fazeum pred online predajom od prekupn\u00edkov varuje. V zimnej sez\u00f3ne (od okt\u00f3bra do apr\u00edla) je navy\u0161e v nede\u013eu a v pondelok zatvoren\u00e9.<\/p>\n\n\n\n<figure data-wp-context=\"{&quot;imageId&quot;:&quot;6a9c598004836&quot;}\" data-wp-interactive=\"core\/image\" data-wp-key=\"6a9c598004836\" class=\"wp-block-image size-full wp-lightbox-container\"><img decoding=\"async\" width=\"1800\" height=\"1200\" data-wp-class--hide=\"state.isContentHidden\" data-wp-class--show=\"state.isContentVisible\" data-wp-init=\"callbacks.setButtonStyles\" data-wp-on--click=\"actions.showLightbox\" data-wp-on--load=\"callbacks.setButtonStyles\" data-wp-on--pointerdown=\"actions.preloadImage\" data-wp-on--pointerenter=\"actions.preloadImageWithDelay\" data-wp-on--pointerleave=\"actions.cancelPreload\" data-wp-on-window--resize=\"callbacks.setButtonStyles\" src=\"https:\/\/loudavymkrokem.cz\/wp-content\/uploads\/2026\/08\/bulharsko-research-varna-06-51bd3e82.jpg\" alt=\"R\u00edmske termy vo Varne\" class=\"wp-image-407781\" title=\"\" srcset=\"https:\/\/loudavymkrokem.cz\/wp-content\/uploads\/2026\/08\/bulharsko-research-varna-06-51bd3e82.jpg 1800w, https:\/\/loudavymkrokem.cz\/wp-content\/uploads\/2026\/08\/bulharsko-research-varna-06-51bd3e82-300x200.jpg 300w, https:\/\/loudavymkrokem.cz\/wp-content\/uploads\/2026\/08\/bulharsko-research-varna-06-51bd3e82-700x467.jpg 700w, https:\/\/loudavymkrokem.cz\/wp-content\/uploads\/2026\/08\/bulharsko-research-varna-06-51bd3e82-768x512.jpg 768w, https:\/\/loudavymkrokem.cz\/wp-content\/uploads\/2026\/08\/bulharsko-research-varna-06-51bd3e82-1536x1024.jpg 1536w, https:\/\/loudavymkrokem.cz\/wp-content\/uploads\/2026\/08\/bulharsko-research-varna-06-51bd3e82-696x464.jpg 696w, https:\/\/loudavymkrokem.cz\/wp-content\/uploads\/2026\/08\/bulharsko-research-varna-06-51bd3e82-1392x928.jpg 1392w\" sizes=\"(max-width: 1800px) 100vw, 1800px\" \/><button\n\t\t\tclass=\"lightbox-trigger\"\n\t\t\ttype=\"button\"\n\t\t\taria-haspopup=\"dialog\"\n\t\t\tdata-wp-bind--aria-label=\"state.thisImage.triggerButtonAriaLabel\"\n\t\t\tdata-wp-init=\"callbacks.initTriggerButton\"\n\t\t\tdata-wp-on--click=\"actions.showLightbox\"\n\t\t\tdata-wp-style--right=\"state.thisImage.buttonRight\"\n\t\t\tdata-wp-style--top=\"state.thisImage.buttonTop\"\n\t\t>\n\t\t\t<svg xmlns=\"http:\/\/www.w3.org\/2000\/svg\" width=\"12\" height=\"12\" fill=\"none\" viewBox=\"0 0 12 12\">\n\t\t\t\t<path fill=\"#fff\" d=\"M2 0a2 2 0 0 0-2 2v2h1.5V2a.5.5 0 0 1 .5-.5h2V0H2Zm2 10.5H2a.5.5 0 0 1-.5-.5V8H0v2a2 2 0 0 0 2 2h2v-1.5ZM8 12v-1.5h2a.5.5 0 0 0 .5-.5V8H12v2a2 2 0 0 1-2 2H8Zm2-12a2 2 0 0 1 2 2v2h-1.5V2a.5.5 0 0 0-.5-.5H8V0h2Z\" \/>\n\t\t\t<\/svg>\n\t\t<\/button><figcaption class=\"wp-element-caption\">Foto: Dina Rogatnykh, CC BY-SA 4.0 (Wikimedia Commons)<\/figcaption><\/figure>\n\n\n\n<h3 class=\"wp-block-heading\"><span class=\"ez-toc-section\" id=\"2_Rimske_termy_Odessos\"><\/span>2. R\u00edmske termy (Odessos)<span class=\"ez-toc-section-end\"><\/span><\/h3>\n\n\n\n<p class=\"wp-block-paragraph\">V samotnom srdci mesta, ukryt\u00e9 medzi bytov\u00fdmi domami, le\u017eia rozvaliny antick\u00e9ho Odessu. Tieto k\u00fapele, postaven\u00e9 na prelome 2. a 3. storo\u010dia n\u00e1\u0161ho letopo\u010dtu, sa rozprestieraj\u00fa na \u00factyhodnej ploche vy\u0161e 7 000 metrov \u0161tvorcov\u00fdch. Ide o <strong>najv\u00e4\u010d\u0161ie r\u00edmske k\u00fapele na Balk\u00e1ne<\/strong> a pod\u013ea varnenskej turistickej centr\u00e1ly dokonca o \u0161tvrt\u00e9 najv\u00e4\u010d\u0161ie v Eur\u00f3pe.<\/p>\n\n\n\n<p class=\"wp-block-paragraph\">Pri prech\u00e1dzke medzi mohutn\u00fdmi m\u00farmi, ktor\u00e9 sa miestami t\u00fd\u010dia a\u017e do v\u00fd\u0161ky 22 metrov, m\u00f4\u017ee\u0161 kr\u00e1sne rozozna\u0165 syst\u00e9m podlahov\u00e9ho vykurovania (hypocaustum). O ich dat\u00e1ciu sa zasl\u00fa\u017eil n\u00e1lez minc\u00ed z doby cis\u00e1ra Septimia Severa. V lete sl\u00fa\u017eia nasvieten\u00e9 ruiny ako \u00faplne magick\u00e1 kulisa pre letn\u00e9 divadlo a koncerty. \ud83d\udca1 <strong>Tip:<\/strong> Z\u00e1kladn\u00e9 vstupn\u00e9 je 4 \u20ac. Ak cestuje\u0161 mimo hlavnej sez\u00f3ny, pam\u00e4taj, \u017ee <strong>termy maj\u00fa v zime obr\u00e1ten\u00fd zatv\u00e1rac\u00ed de\u0148<\/strong> a nedostane\u0161 sa do nich v nede\u013eu a v pondelok. (Pozor, men\u0161ie Mal\u00e9 r\u00edmske termy k\u00fasok ved\u013ea b\u00fdvaj\u00fa \u010dasto zatvoren\u00e9, pr\u00edstup si rad\u0161ej over na mieste.)<\/p>\n\n\n\n<figure data-wp-context=\"{&quot;imageId&quot;:&quot;6a9c598004d97&quot;}\" data-wp-interactive=\"core\/image\" data-wp-key=\"6a9c598004d97\" class=\"wp-block-image size-full wp-lightbox-container\"><img decoding=\"async\" width=\"1800\" height=\"1572\" data-wp-class--hide=\"state.isContentHidden\" data-wp-class--show=\"state.isContentVisible\" data-wp-init=\"callbacks.setButtonStyles\" data-wp-on--click=\"actions.showLightbox\" data-wp-on--load=\"callbacks.setButtonStyles\" data-wp-on--pointerdown=\"actions.preloadImage\" data-wp-on--pointerenter=\"actions.preloadImageWithDelay\" data-wp-on--pointerleave=\"actions.cancelPreload\" data-wp-on-window--resize=\"callbacks.setButtonStyles\" src=\"https:\/\/loudavymkrokem.cz\/wp-content\/uploads\/2026\/08\/bulharsko-research-varna-07-df780fd6.jpg\" alt=\"Katedr\u00e1la Nanebovzatia Panny M\u00e1rie vo Varne\" class=\"wp-image-407782\" title=\"\" srcset=\"https:\/\/loudavymkrokem.cz\/wp-content\/uploads\/2026\/08\/bulharsko-research-varna-07-df780fd6.jpg 1800w, https:\/\/loudavymkrokem.cz\/wp-content\/uploads\/2026\/08\/bulharsko-research-varna-07-df780fd6-300x262.jpg 300w, https:\/\/loudavymkrokem.cz\/wp-content\/uploads\/2026\/08\/bulharsko-research-varna-07-df780fd6-700x611.jpg 700w, https:\/\/loudavymkrokem.cz\/wp-content\/uploads\/2026\/08\/bulharsko-research-varna-07-df780fd6-768x671.jpg 768w, https:\/\/loudavymkrokem.cz\/wp-content\/uploads\/2026\/08\/bulharsko-research-varna-07-df780fd6-1536x1341.jpg 1536w, https:\/\/loudavymkrokem.cz\/wp-content\/uploads\/2026\/08\/bulharsko-research-varna-07-df780fd6-696x608.jpg 696w, https:\/\/loudavymkrokem.cz\/wp-content\/uploads\/2026\/08\/bulharsko-research-varna-07-df780fd6-1392x1216.jpg 1392w\" sizes=\"(max-width: 1800px) 100vw, 1800px\" \/><button\n\t\t\tclass=\"lightbox-trigger\"\n\t\t\ttype=\"button\"\n\t\t\taria-haspopup=\"dialog\"\n\t\t\tdata-wp-bind--aria-label=\"state.thisImage.triggerButtonAriaLabel\"\n\t\t\tdata-wp-init=\"callbacks.initTriggerButton\"\n\t\t\tdata-wp-on--click=\"actions.showLightbox\"\n\t\t\tdata-wp-style--right=\"state.thisImage.buttonRight\"\n\t\t\tdata-wp-style--top=\"state.thisImage.buttonTop\"\n\t\t>\n\t\t\t<svg xmlns=\"http:\/\/www.w3.org\/2000\/svg\" width=\"12\" height=\"12\" fill=\"none\" viewBox=\"0 0 12 12\">\n\t\t\t\t<path fill=\"#fff\" d=\"M2 0a2 2 0 0 0-2 2v2h1.5V2a.5.5 0 0 1 .5-.5h2V0H2Zm2 10.5H2a.5.5 0 0 1-.5-.5V8H0v2a2 2 0 0 0 2 2h2v-1.5ZM8 12v-1.5h2a.5.5 0 0 0 .5-.5V8H12v2a2 2 0 0 1-2 2H8Zm2-12a2 2 0 0 1 2 2v2h-1.5V2a.5.5 0 0 0-.5-.5H8V0h2Z\" \/>\n\t\t\t<\/svg>\n\t\t<\/button><figcaption class=\"wp-element-caption\">Foto: MrPanyGoff, CC BY-SA 3.0 (Wikimedia Commons)<\/figcaption><\/figure>\n\n\n\n<h3 class=\"wp-block-heading\"><span class=\"ez-toc-section\" id=\"3_Katedrala_Nanebovzatia_Panny_Marie\"><\/span>3. Katedr\u00e1la Nanebovzatia Panny M\u00e1rie<span class=\"ez-toc-section-end\"><\/span><\/h3>\n\n\n\n<p class=\"wp-block-paragraph\">Zlat\u00e9 kupoly tejto monument\u00e1lnej stavby tvoria hlavn\u00fd orienta\u010dn\u00fd bod celej Varny. Katedr\u00e1la bola postaven\u00e1 pod\u013ea vzoru chr\u00e1mu v ruskom Peterhofe a jej z\u00e1kladn\u00fd kame\u0148 polo\u017eil knie\u017ea Alexander I. Battenberg v roku 1880. Vn\u00fatri \u0165a ohromia bohato zdoben\u00e9 fresky a n\u00e1dhern\u00fd dreven\u00fd ikonostas. V auguste 2026 sl\u00e1vi katedr\u00e1la presne <strong>140 rokov od svojej prvej bohoslu\u017eby<\/strong>. \ud83d\udca1 <strong>Tip:<\/strong> Vstup do katedr\u00e1ly je <strong>\u00faplne zdarma<\/strong> a je otvoren\u00e1 denne od 7:00 do 17:30.<\/p>\n\n\n\n<figure data-wp-context=\"{&quot;imageId&quot;:&quot;6a9c598005412&quot;}\" data-wp-interactive=\"core\/image\" data-wp-key=\"6a9c598005412\" class=\"wp-block-image size-full wp-lightbox-container\"><img decoding=\"async\" width=\"1800\" height=\"1350\" data-wp-class--hide=\"state.isContentHidden\" data-wp-class--show=\"state.isContentVisible\" data-wp-init=\"callbacks.setButtonStyles\" data-wp-on--click=\"actions.showLightbox\" data-wp-on--load=\"callbacks.setButtonStyles\" data-wp-on--pointerdown=\"actions.preloadImage\" data-wp-on--pointerenter=\"actions.preloadImageWithDelay\" data-wp-on--pointerleave=\"actions.cancelPreload\" data-wp-on-window--resize=\"callbacks.setButtonStyles\" src=\"https:\/\/loudavymkrokem.cz\/wp-content\/uploads\/2026\/08\/bulharsko-research-varna-08-0a22195f.jpg\" alt=\"Torp\u00e9dovka Drazki vo Vojenskon\u00e1mornom m\u00fazeu vo Varne\" class=\"wp-image-407783\" title=\"\" srcset=\"https:\/\/loudavymkrokem.cz\/wp-content\/uploads\/2026\/08\/bulharsko-research-varna-08-0a22195f.jpg 1800w, https:\/\/loudavymkrokem.cz\/wp-content\/uploads\/2026\/08\/bulharsko-research-varna-08-0a22195f-300x225.jpg 300w, https:\/\/loudavymkrokem.cz\/wp-content\/uploads\/2026\/08\/bulharsko-research-varna-08-0a22195f-700x525.jpg 700w, https:\/\/loudavymkrokem.cz\/wp-content\/uploads\/2026\/08\/bulharsko-research-varna-08-0a22195f-768x576.jpg 768w, https:\/\/loudavymkrokem.cz\/wp-content\/uploads\/2026\/08\/bulharsko-research-varna-08-0a22195f-1536x1152.jpg 1536w, https:\/\/loudavymkrokem.cz\/wp-content\/uploads\/2026\/08\/bulharsko-research-varna-08-0a22195f-80x60.jpg 80w, https:\/\/loudavymkrokem.cz\/wp-content\/uploads\/2026\/08\/bulharsko-research-varna-08-0a22195f-160x120.jpg 160w, https:\/\/loudavymkrokem.cz\/wp-content\/uploads\/2026\/08\/bulharsko-research-varna-08-0a22195f-696x522.jpg 696w, https:\/\/loudavymkrokem.cz\/wp-content\/uploads\/2026\/08\/bulharsko-research-varna-08-0a22195f-1392x1044.jpg 1392w\" sizes=\"(max-width: 1800px) 100vw, 1800px\" \/><button\n\t\t\tclass=\"lightbox-trigger\"\n\t\t\ttype=\"button\"\n\t\t\taria-haspopup=\"dialog\"\n\t\t\tdata-wp-bind--aria-label=\"state.thisImage.triggerButtonAriaLabel\"\n\t\t\tdata-wp-init=\"callbacks.initTriggerButton\"\n\t\t\tdata-wp-on--click=\"actions.showLightbox\"\n\t\t\tdata-wp-style--right=\"state.thisImage.buttonRight\"\n\t\t\tdata-wp-style--top=\"state.thisImage.buttonTop\"\n\t\t>\n\t\t\t<svg xmlns=\"http:\/\/www.w3.org\/2000\/svg\" width=\"12\" height=\"12\" fill=\"none\" viewBox=\"0 0 12 12\">\n\t\t\t\t<path fill=\"#fff\" d=\"M2 0a2 2 0 0 0-2 2v2h1.5V2a.5.5 0 0 1 .5-.5h2V0H2Zm2 10.5H2a.5.5 0 0 1-.5-.5V8H0v2a2 2 0 0 0 2 2h2v-1.5ZM8 12v-1.5h2a.5.5 0 0 0 .5-.5V8H12v2a2 2 0 0 1-2 2H8Zm2-12a2 2 0 0 1 2 2v2h-1.5V2a.5.5 0 0 0-.5-.5H8V0h2Z\" \/>\n\t\t\t<\/svg>\n\t\t<\/button><figcaption class=\"wp-element-caption\">Foto: Micha\u0142 Derela, CC BY-SA 4.0 (Wikimedia Commons)<\/figcaption><\/figure>\n\n\n\n<h3 class=\"wp-block-heading\"><span class=\"ez-toc-section\" id=\"4_Vojenskonamorne_muzeum_a_torpedovka_Drazki\"><\/span>4. Vojenskon\u00e1morn\u00e9 m\u00fazeum a torp\u00e9dovka Drazki<span class=\"ez-toc-section-end\"><\/span><\/h3>\n\n\n\n<p class=\"wp-block-paragraph\">Bulharsko je hrd\u00e9 na svoju n\u00e1morn\u00fa hist\u00f3riu a Varna je hlavn\u00fdm s\u00eddlom jeho flotily. Najv\u00e4\u010d\u0161\u00edm l\u00e1kadlom tohto m\u00fazea nie je vn\u00fatorn\u00e1 expoz\u00edcia, ale vonkaj\u0161\u00ed park, kde stoj\u00ed <strong>torp\u00e9dovka Drazki<\/strong>. Ide o jedin\u00fd na svete zachovan\u00fd torp\u00e9doborec svojho typu. T\u00e1to nen\u00e1padn\u00e1 lo\u010f sa presl\u00e1vila v roku 1912, ke\u010f z bezprostrednej bl\u00edzkosti iba sto metrov \u00faspe\u0161ne torp\u00e9dovala mohutn\u00fd tureck\u00fd kr\u00ed\u017enik Hamidije. \ud83d\udca1 <strong>Tip:<\/strong> Priestrel po \u010drepine z tej sl\u00e1vnej bitky je dodnes vidite\u013en\u00fd v druhom kom\u00edne lode. Kombinovan\u00e1 vstupenka do m\u00fazea aj na palubu lode vyjde na 4,09 \u20ac a <strong>posledn\u00fa stredu v mesiaci je vstup zdarma<\/strong>.<\/p>\n\n\n\n<figure data-wp-context=\"{&quot;imageId&quot;:&quot;6a9c59800592a&quot;}\" data-wp-interactive=\"core\/image\" data-wp-key=\"6a9c59800592a\" class=\"wp-block-image size-full wp-lightbox-container\"><img decoding=\"async\" width=\"1800\" height=\"1200\" data-wp-class--hide=\"state.isContentHidden\" data-wp-class--show=\"state.isContentVisible\" data-wp-init=\"callbacks.setButtonStyles\" data-wp-on--click=\"actions.showLightbox\" data-wp-on--load=\"callbacks.setButtonStyles\" data-wp-on--pointerdown=\"actions.preloadImage\" data-wp-on--pointerenter=\"actions.preloadImageWithDelay\" data-wp-on--pointerleave=\"actions.cancelPreload\" data-wp-on-window--resize=\"callbacks.setButtonStyles\" src=\"https:\/\/loudavymkrokem.cz\/wp-content\/uploads\/2026\/08\/bulharsko-research-varna-09-1de3faeb.jpg\" alt=\"Etnografick\u00e9 m\u00fazeum vo Varne\" class=\"wp-image-407784\" title=\"\" srcset=\"https:\/\/loudavymkrokem.cz\/wp-content\/uploads\/2026\/08\/bulharsko-research-varna-09-1de3faeb.jpg 1800w, https:\/\/loudavymkrokem.cz\/wp-content\/uploads\/2026\/08\/bulharsko-research-varna-09-1de3faeb-300x200.jpg 300w, https:\/\/loudavymkrokem.cz\/wp-content\/uploads\/2026\/08\/bulharsko-research-varna-09-1de3faeb-700x467.jpg 700w, https:\/\/loudavymkrokem.cz\/wp-content\/uploads\/2026\/08\/bulharsko-research-varna-09-1de3faeb-768x512.jpg 768w, https:\/\/loudavymkrokem.cz\/wp-content\/uploads\/2026\/08\/bulharsko-research-varna-09-1de3faeb-1536x1024.jpg 1536w, https:\/\/loudavymkrokem.cz\/wp-content\/uploads\/2026\/08\/bulharsko-research-varna-09-1de3faeb-696x464.jpg 696w, https:\/\/loudavymkrokem.cz\/wp-content\/uploads\/2026\/08\/bulharsko-research-varna-09-1de3faeb-1392x928.jpg 1392w\" sizes=\"(max-width: 1800px) 100vw, 1800px\" \/><button\n\t\t\tclass=\"lightbox-trigger\"\n\t\t\ttype=\"button\"\n\t\t\taria-haspopup=\"dialog\"\n\t\t\tdata-wp-bind--aria-label=\"state.thisImage.triggerButtonAriaLabel\"\n\t\t\tdata-wp-init=\"callbacks.initTriggerButton\"\n\t\t\tdata-wp-on--click=\"actions.showLightbox\"\n\t\t\tdata-wp-style--right=\"state.thisImage.buttonRight\"\n\t\t\tdata-wp-style--top=\"state.thisImage.buttonTop\"\n\t\t>\n\t\t\t<svg xmlns=\"http:\/\/www.w3.org\/2000\/svg\" width=\"12\" height=\"12\" fill=\"none\" viewBox=\"0 0 12 12\">\n\t\t\t\t<path fill=\"#fff\" d=\"M2 0a2 2 0 0 0-2 2v2h1.5V2a.5.5 0 0 1 .5-.5h2V0H2Zm2 10.5H2a.5.5 0 0 1-.5-.5V8H0v2a2 2 0 0 0 2 2h2v-1.5ZM8 12v-1.5h2a.5.5 0 0 0 .5-.5V8H12v2a2 2 0 0 1-2 2H8Zm2-12a2 2 0 0 1 2 2v2h-1.5V2a.5.5 0 0 0-.5-.5H8V0h2Z\" \/>\n\t\t\t<\/svg>\n\t\t<\/button><figcaption class=\"wp-element-caption\">Foto: Ilonamay, CC BY-SA 3.0 (Wikimedia Commons)<\/figcaption><\/figure>\n\n\n\n<h3 class=\"wp-block-heading\"><span class=\"ez-toc-section\" id=\"5_Etnograficke_muzeum\"><\/span>5. Etnografick\u00e9 m\u00fazeum<span class=\"ez-toc-section-end\"><\/span><\/h3>\n\n\n\n<p class=\"wp-block-paragraph\">Ak chce\u0161 nasa\u0165 atmosf\u00e9ru star\u00e9ho Bulharska, zamier do tohto m\u00fazea s\u00eddliaceho v n\u00e1dhernom zre\u0161taurovanom dome z 19. storo\u010dia. Dozvie\u0161 sa tu v\u0161etko o tradi\u010dn\u00fdch remesl\u00e1ch, po\u013enohospod\u00e1rstve aj zvykoch z oblasti varnensk\u00e9ho regi\u00f3nu. \u00dachvatn\u00e1 je najm\u00e4 zbierka bohato vy\u0161\u00edvan\u00fdch krojov a obradn\u00fdch masiek. \ud83d\udca1 <strong>Tip:<\/strong> Vstupn\u00e9 stoj\u00ed 5 \u20ac. D\u00e1vaj si ve\u013ek\u00fd pozor na zimn\u00fa otv\u00e1raciu dobu \u2014 <strong>od okt\u00f3bra do apr\u00edla m\u00e1 m\u00fazeum zatvoren\u00e9 v sobotu a v nede\u013eu<\/strong>, funguje teda iba v pracovn\u00e9 dni!<\/p>\n\n\n\n<figure data-wp-context=\"{&quot;imageId&quot;:&quot;6a9c598005d82&quot;}\" data-wp-interactive=\"core\/image\" data-wp-key=\"6a9c598005d82\" class=\"wp-block-image size-full wp-lightbox-container\"><img decoding=\"async\" width=\"1800\" height=\"1350\" data-wp-class--hide=\"state.isContentHidden\" data-wp-class--show=\"state.isContentVisible\" data-wp-init=\"callbacks.setButtonStyles\" data-wp-on--click=\"actions.showLightbox\" data-wp-on--load=\"callbacks.setButtonStyles\" data-wp-on--pointerdown=\"actions.preloadImage\" data-wp-on--pointerenter=\"actions.preloadImageWithDelay\" data-wp-on--pointerleave=\"actions.cancelPreload\" data-wp-on-window--resize=\"callbacks.setButtonStyles\" src=\"https:\/\/loudavymkrokem.cz\/wp-content\/uploads\/2026\/08\/bulharsko-research-varna-10-562a1f9e.jpg\" alt=\"Vl\u00e1dny voz \u010cajka GAZ-13 v Retro m\u00fazeu vo Varne\" class=\"wp-image-407785\" title=\"\" srcset=\"https:\/\/loudavymkrokem.cz\/wp-content\/uploads\/2026\/08\/bulharsko-research-varna-10-562a1f9e.jpg 1800w, https:\/\/loudavymkrokem.cz\/wp-content\/uploads\/2026\/08\/bulharsko-research-varna-10-562a1f9e-300x225.jpg 300w, https:\/\/loudavymkrokem.cz\/wp-content\/uploads\/2026\/08\/bulharsko-research-varna-10-562a1f9e-700x525.jpg 700w, https:\/\/loudavymkrokem.cz\/wp-content\/uploads\/2026\/08\/bulharsko-research-varna-10-562a1f9e-768x576.jpg 768w, https:\/\/loudavymkrokem.cz\/wp-content\/uploads\/2026\/08\/bulharsko-research-varna-10-562a1f9e-1536x1152.jpg 1536w, https:\/\/loudavymkrokem.cz\/wp-content\/uploads\/2026\/08\/bulharsko-research-varna-10-562a1f9e-80x60.jpg 80w, https:\/\/loudavymkrokem.cz\/wp-content\/uploads\/2026\/08\/bulharsko-research-varna-10-562a1f9e-160x120.jpg 160w, https:\/\/loudavymkrokem.cz\/wp-content\/uploads\/2026\/08\/bulharsko-research-varna-10-562a1f9e-696x522.jpg 696w, https:\/\/loudavymkrokem.cz\/wp-content\/uploads\/2026\/08\/bulharsko-research-varna-10-562a1f9e-1392x1044.jpg 1392w\" sizes=\"(max-width: 1800px) 100vw, 1800px\" \/><button\n\t\t\tclass=\"lightbox-trigger\"\n\t\t\ttype=\"button\"\n\t\t\taria-haspopup=\"dialog\"\n\t\t\tdata-wp-bind--aria-label=\"state.thisImage.triggerButtonAriaLabel\"\n\t\t\tdata-wp-init=\"callbacks.initTriggerButton\"\n\t\t\tdata-wp-on--click=\"actions.showLightbox\"\n\t\t\tdata-wp-style--right=\"state.thisImage.buttonRight\"\n\t\t\tdata-wp-style--top=\"state.thisImage.buttonTop\"\n\t\t>\n\t\t\t<svg xmlns=\"http:\/\/www.w3.org\/2000\/svg\" width=\"12\" height=\"12\" fill=\"none\" viewBox=\"0 0 12 12\">\n\t\t\t\t<path fill=\"#fff\" d=\"M2 0a2 2 0 0 0-2 2v2h1.5V2a.5.5 0 0 1 .5-.5h2V0H2Zm2 10.5H2a.5.5 0 0 1-.5-.5V8H0v2a2 2 0 0 0 2 2h2v-1.5ZM8 12v-1.5h2a.5.5 0 0 0 .5-.5V8H12v2a2 2 0 0 1-2 2H8Zm2-12a2 2 0 0 1 2 2v2h-1.5V2a.5.5 0 0 0-.5-.5H8V0h2Z\" \/>\n\t\t\t<\/svg>\n\t\t<\/button><figcaption class=\"wp-element-caption\">Foto: Thomas Peters (Google Maps)<\/figcaption><\/figure>\n\n\n\n<h3 class=\"wp-block-heading\"><span class=\"ez-toc-section\" id=\"6_Retro_muzeum\"><\/span>6. Retro m\u00fazeum<span class=\"ez-toc-section-end\"><\/span><\/h3>\n\n\n\n<p class=\"wp-block-paragraph\">Pre milovn\u00edkov ned\u00e1vnej hist\u00f3rie a nostalgie je Retro m\u00fazeum \u00faplnou nutnos\u0165ou. Otvorilo sa v roku 2015 ako <strong>prv\u00e9 m\u00fazeum v Bulharsku umiestnen\u00e9 v n\u00e1kupnom centre<\/strong> (Grand Mall). Na ploche 4 000 metrov \u0161tvorcov\u00fdch zhroma\u017e\u010fuje predmety z rokov 1944\u20131989. Hviezdami zbierky je vy\u0161e 50 perfektne zre\u0161taurovan\u00fdch dobov\u00fdch automobilov, vr\u00e1tane star\u00fdch \u0160kodoviek, Moskvi\u010dov a luxusnej vl\u00e1dnej \u010cajky GAZ-13. \ud83d\udca1 <strong>Tip:<\/strong> M\u00fazeum je otvoren\u00e9 denne od 10:00 do 19:00, tak\u017ee je to skvel\u00e1 z\u00e1chrana v pr\u00edpade da\u017ediv\u00e9ho popoludnia. Vstupn\u00e9 vych\u00e1dza v prepo\u010dte zhruba na 15,34 \u20ac.<\/p>\n\n\n\n<figure data-wp-context=\"{&quot;imageId&quot;:&quot;6a9c59800646b&quot;}\" data-wp-interactive=\"core\/image\" data-wp-key=\"6a9c59800646b\" class=\"wp-block-image size-full wp-lightbox-container\"><img decoding=\"async\" width=\"1800\" height=\"1350\" data-wp-class--hide=\"state.isContentHidden\" data-wp-class--show=\"state.isContentVisible\" data-wp-init=\"callbacks.setButtonStyles\" data-wp-on--click=\"actions.showLightbox\" data-wp-on--load=\"callbacks.setButtonStyles\" data-wp-on--pointerdown=\"actions.preloadImage\" data-wp-on--pointerenter=\"actions.preloadImageWithDelay\" data-wp-on--pointerleave=\"actions.cancelPreload\" data-wp-on-window--resize=\"callbacks.setButtonStyles\" src=\"https:\/\/loudavymkrokem.cz\/wp-content\/uploads\/2026\/08\/bulharsko-research-varna-11-931a6f62.jpg\" alt=\"Hodinov\u00e1 ve\u017ea vo Varne vo ve\u010dernom osvetlen\u00ed\" class=\"wp-image-407786\" title=\"\" srcset=\"https:\/\/loudavymkrokem.cz\/wp-content\/uploads\/2026\/08\/bulharsko-research-varna-11-931a6f62.jpg 1800w, https:\/\/loudavymkrokem.cz\/wp-content\/uploads\/2026\/08\/bulharsko-research-varna-11-931a6f62-300x225.jpg 300w, https:\/\/loudavymkrokem.cz\/wp-content\/uploads\/2026\/08\/bulharsko-research-varna-11-931a6f62-700x525.jpg 700w, https:\/\/loudavymkrokem.cz\/wp-content\/uploads\/2026\/08\/bulharsko-research-varna-11-931a6f62-768x576.jpg 768w, https:\/\/loudavymkrokem.cz\/wp-content\/uploads\/2026\/08\/bulharsko-research-varna-11-931a6f62-1536x1152.jpg 1536w, https:\/\/loudavymkrokem.cz\/wp-content\/uploads\/2026\/08\/bulharsko-research-varna-11-931a6f62-80x60.jpg 80w, https:\/\/loudavymkrokem.cz\/wp-content\/uploads\/2026\/08\/bulharsko-research-varna-11-931a6f62-160x120.jpg 160w, https:\/\/loudavymkrokem.cz\/wp-content\/uploads\/2026\/08\/bulharsko-research-varna-11-931a6f62-696x522.jpg 696w, https:\/\/loudavymkrokem.cz\/wp-content\/uploads\/2026\/08\/bulharsko-research-varna-11-931a6f62-1392x1044.jpg 1392w\" sizes=\"(max-width: 1800px) 100vw, 1800px\" \/><button\n\t\t\tclass=\"lightbox-trigger\"\n\t\t\ttype=\"button\"\n\t\t\taria-haspopup=\"dialog\"\n\t\t\tdata-wp-bind--aria-label=\"state.thisImage.triggerButtonAriaLabel\"\n\t\t\tdata-wp-init=\"callbacks.initTriggerButton\"\n\t\t\tdata-wp-on--click=\"actions.showLightbox\"\n\t\t\tdata-wp-style--right=\"state.thisImage.buttonRight\"\n\t\t\tdata-wp-style--top=\"state.thisImage.buttonTop\"\n\t\t>\n\t\t\t<svg xmlns=\"http:\/\/www.w3.org\/2000\/svg\" width=\"12\" height=\"12\" fill=\"none\" viewBox=\"0 0 12 12\">\n\t\t\t\t<path fill=\"#fff\" d=\"M2 0a2 2 0 0 0-2 2v2h1.5V2a.5.5 0 0 1 .5-.5h2V0H2Zm2 10.5H2a.5.5 0 0 1-.5-.5V8H0v2a2 2 0 0 0 2 2h2v-1.5ZM8 12v-1.5h2a.5.5 0 0 0 .5-.5V8H12v2a2 2 0 0 1-2 2H8Zm2-12a2 2 0 0 1 2 2v2h-1.5V2a.5.5 0 0 0-.5-.5H8V0h2Z\" \/>\n\t\t\t<\/svg>\n\t\t<\/button><figcaption class=\"wp-element-caption\">Foto: Dian1981, CC BY-SA 4.0 (Wikimedia Commons)<\/figcaption><\/figure>\n\n\n\n<h3 class=\"wp-block-heading\"><span class=\"ez-toc-section\" id=\"7_Hodinova_veza\"><\/span>7. Hodinov\u00e1 ve\u017ea<span class=\"ez-toc-section-end\"><\/span><\/h3>\n\n\n\n<p class=\"wp-block-paragraph\">K\u00fasok od centr\u00e1lneho n\u00e1mestia Nezavisimosti, na budove zrastenej s mestsk\u00fdm divadlom, stoj\u00ed <strong>24 metrov vysok\u00e1 Hodinov\u00e1 ve\u017ea<\/strong>. P\u00f4vodne to bola pozorovate\u013e\u0148a hasi\u010dskej stanice, preto\u017ee z jej v\u00fd\u0161ky bolo vidie\u0165 na cel\u00e9 vtedaj\u0161ie mesto. Hodinov\u00fd stroj anglickej v\u00fdroby do nej zabudovali v roku 1890 a po\u017eiarnu slu\u017ebu tu ukon\u010dili a\u017e o osem rokov nesk\u00f4r, ke\u010f hasi\u010di kone\u010dne dostali telef\u00f3n. V s\u00e1le, ktor\u00fa k ve\u017ei pristavali, sa navy\u0161e 9. decembra 1934 prv\u00fdkr\u00e1t vysielalo r\u00e1dio Varna. \ud83d\udca1 <strong>Tip:<\/strong> Ve\u017eu si prezrie\u0161 iba zvonku, teda <strong>\u00faplne zdarma<\/strong>. Okolie n\u00e1mestia je pln\u00e9 lavi\u010diek a kaviarn\u00ed, tak\u017ee sa sem hod\u00ed z\u00e1js\u0165 na r\u00fdchlu k\u00e1vu pri presune medzi katedr\u00e1lou a Morskou z\u00e1hradou.<\/p>\n\n\n\n<figure data-wp-context=\"{&quot;imageId&quot;:&quot;6a9c598006936&quot;}\" data-wp-interactive=\"core\/image\" data-wp-key=\"6a9c598006936\" class=\"wp-block-image size-full wp-lightbox-container\"><img decoding=\"async\" width=\"1800\" height=\"1350\" data-wp-class--hide=\"state.isContentHidden\" data-wp-class--show=\"state.isContentVisible\" data-wp-init=\"callbacks.setButtonStyles\" data-wp-on--click=\"actions.showLightbox\" data-wp-on--load=\"callbacks.setButtonStyles\" data-wp-on--pointerdown=\"actions.preloadImage\" data-wp-on--pointerenter=\"actions.preloadImageWithDelay\" data-wp-on--pointerleave=\"actions.cancelPreload\" data-wp-on-window--resize=\"callbacks.setButtonStyles\" src=\"https:\/\/loudavymkrokem.cz\/wp-content\/uploads\/2026\/08\/bulharsko-research-varna-12-40e5b778.jpg\" alt=\"Stromov\u00e1 alej s kvetinov\u00fdmi z\u00e1honmi v Morskej z\u00e1hrade vo Varne\" class=\"wp-image-407787\" title=\"\" srcset=\"https:\/\/loudavymkrokem.cz\/wp-content\/uploads\/2026\/08\/bulharsko-research-varna-12-40e5b778.jpg 1800w, https:\/\/loudavymkrokem.cz\/wp-content\/uploads\/2026\/08\/bulharsko-research-varna-12-40e5b778-300x225.jpg 300w, https:\/\/loudavymkrokem.cz\/wp-content\/uploads\/2026\/08\/bulharsko-research-varna-12-40e5b778-700x525.jpg 700w, https:\/\/loudavymkrokem.cz\/wp-content\/uploads\/2026\/08\/bulharsko-research-varna-12-40e5b778-768x576.jpg 768w, https:\/\/loudavymkrokem.cz\/wp-content\/uploads\/2026\/08\/bulharsko-research-varna-12-40e5b778-1536x1152.jpg 1536w, https:\/\/loudavymkrokem.cz\/wp-content\/uploads\/2026\/08\/bulharsko-research-varna-12-40e5b778-80x60.jpg 80w, https:\/\/loudavymkrokem.cz\/wp-content\/uploads\/2026\/08\/bulharsko-research-varna-12-40e5b778-160x120.jpg 160w, https:\/\/loudavymkrokem.cz\/wp-content\/uploads\/2026\/08\/bulharsko-research-varna-12-40e5b778-696x522.jpg 696w, https:\/\/loudavymkrokem.cz\/wp-content\/uploads\/2026\/08\/bulharsko-research-varna-12-40e5b778-1392x1044.jpg 1392w\" sizes=\"(max-width: 1800px) 100vw, 1800px\" \/><button\n\t\t\tclass=\"lightbox-trigger\"\n\t\t\ttype=\"button\"\n\t\t\taria-haspopup=\"dialog\"\n\t\t\tdata-wp-bind--aria-label=\"state.thisImage.triggerButtonAriaLabel\"\n\t\t\tdata-wp-init=\"callbacks.initTriggerButton\"\n\t\t\tdata-wp-on--click=\"actions.showLightbox\"\n\t\t\tdata-wp-style--right=\"state.thisImage.buttonRight\"\n\t\t\tdata-wp-style--top=\"state.thisImage.buttonTop\"\n\t\t>\n\t\t\t<svg xmlns=\"http:\/\/www.w3.org\/2000\/svg\" width=\"12\" height=\"12\" fill=\"none\" viewBox=\"0 0 12 12\">\n\t\t\t\t<path fill=\"#fff\" d=\"M2 0a2 2 0 0 0-2 2v2h1.5V2a.5.5 0 0 1 .5-.5h2V0H2Zm2 10.5H2a.5.5 0 0 1-.5-.5V8H0v2a2 2 0 0 0 2 2h2v-1.5ZM8 12v-1.5h2a.5.5 0 0 0 .5-.5V8H12v2a2 2 0 0 1-2 2H8Zm2-12a2 2 0 0 1 2 2v2h-1.5V2a.5.5 0 0 0-.5-.5H8V0h2Z\" \/>\n\t\t\t<\/svg>\n\t\t<\/button><figcaption class=\"wp-element-caption\">Foto: Petar Petrov (Google Maps)<\/figcaption><\/figure>\n\n\n\n<h2 class=\"wp-block-heading\"><span class=\"ez-toc-section\" id=\"Morska_zahrada_a_pobrezie\"><\/span>Morsk\u00e1 z\u00e1hrada a pobre\u017eie<span class=\"ez-toc-section-end\"><\/span><\/h2>\n\n\n\n<p class=\"wp-block-paragraph\">Zatia\u013e \u010do hist\u00f3ria sa odohr\u00e1va v centre, srdce mesta bije pozd\u013a\u017e pobre\u017eia. <strong>Morsk\u00e1 z\u00e1hrada (Morska gradina)<\/strong> je zelen\u00fdmi p\u013e\u00facami Varny a plynulo prech\u00e1dza do <strong>dlh\u00fdch kilometrov pieso\u010dn\u00fdch pl\u00e1\u017e\u00ed<\/strong>.<\/p>\n\n\n\n<figure data-wp-context=\"{&quot;imageId&quot;:&quot;6a9c598006da9&quot;}\" data-wp-interactive=\"core\/image\" data-wp-key=\"6a9c598006da9\" class=\"wp-block-image size-full wp-lightbox-container\"><img decoding=\"async\" width=\"1800\" height=\"1350\" data-wp-class--hide=\"state.isContentHidden\" data-wp-class--show=\"state.isContentVisible\" data-wp-init=\"callbacks.setButtonStyles\" data-wp-on--click=\"actions.showLightbox\" data-wp-on--load=\"callbacks.setButtonStyles\" data-wp-on--pointerdown=\"actions.preloadImage\" data-wp-on--pointerenter=\"actions.preloadImageWithDelay\" data-wp-on--pointerleave=\"actions.cancelPreload\" data-wp-on-window--resize=\"callbacks.setButtonStyles\" src=\"https:\/\/loudavymkrokem.cz\/wp-content\/uploads\/2026\/08\/bulharsko-research-varna-13-57ac5022.jpg\" alt=\"Kvetinov\u00e9 z\u00e1hony v Morskej z\u00e1hrade vo Varne\" class=\"wp-image-407788\" title=\"\" srcset=\"https:\/\/loudavymkrokem.cz\/wp-content\/uploads\/2026\/08\/bulharsko-research-varna-13-57ac5022.jpg 1800w, https:\/\/loudavymkrokem.cz\/wp-content\/uploads\/2026\/08\/bulharsko-research-varna-13-57ac5022-300x225.jpg 300w, https:\/\/loudavymkrokem.cz\/wp-content\/uploads\/2026\/08\/bulharsko-research-varna-13-57ac5022-700x525.jpg 700w, https:\/\/loudavymkrokem.cz\/wp-content\/uploads\/2026\/08\/bulharsko-research-varna-13-57ac5022-768x576.jpg 768w, https:\/\/loudavymkrokem.cz\/wp-content\/uploads\/2026\/08\/bulharsko-research-varna-13-57ac5022-1536x1152.jpg 1536w, https:\/\/loudavymkrokem.cz\/wp-content\/uploads\/2026\/08\/bulharsko-research-varna-13-57ac5022-80x60.jpg 80w, https:\/\/loudavymkrokem.cz\/wp-content\/uploads\/2026\/08\/bulharsko-research-varna-13-57ac5022-160x120.jpg 160w, https:\/\/loudavymkrokem.cz\/wp-content\/uploads\/2026\/08\/bulharsko-research-varna-13-57ac5022-696x522.jpg 696w, https:\/\/loudavymkrokem.cz\/wp-content\/uploads\/2026\/08\/bulharsko-research-varna-13-57ac5022-1392x1044.jpg 1392w\" sizes=\"(max-width: 1800px) 100vw, 1800px\" \/><button\n\t\t\tclass=\"lightbox-trigger\"\n\t\t\ttype=\"button\"\n\t\t\taria-haspopup=\"dialog\"\n\t\t\tdata-wp-bind--aria-label=\"state.thisImage.triggerButtonAriaLabel\"\n\t\t\tdata-wp-init=\"callbacks.initTriggerButton\"\n\t\t\tdata-wp-on--click=\"actions.showLightbox\"\n\t\t\tdata-wp-style--right=\"state.thisImage.buttonRight\"\n\t\t\tdata-wp-style--top=\"state.thisImage.buttonTop\"\n\t\t>\n\t\t\t<svg xmlns=\"http:\/\/www.w3.org\/2000\/svg\" width=\"12\" height=\"12\" fill=\"none\" viewBox=\"0 0 12 12\">\n\t\t\t\t<path fill=\"#fff\" d=\"M2 0a2 2 0 0 0-2 2v2h1.5V2a.5.5 0 0 1 .5-.5h2V0H2Zm2 10.5H2a.5.5 0 0 1-.5-.5V8H0v2a2 2 0 0 0 2 2h2v-1.5ZM8 12v-1.5h2a.5.5 0 0 0 .5-.5V8H12v2a2 2 0 0 1-2 2H8Zm2-12a2 2 0 0 1 2 2v2h-1.5V2a.5.5 0 0 0-.5-.5H8V0h2Z\" \/>\n\t\t\t<\/svg>\n\t\t<\/button><figcaption class=\"wp-element-caption\">Foto: Alicia Fagerving, CC BY-SA 3.0 (Wikimedia Commons)<\/figcaption><\/figure>\n\n\n\n<h3 class=\"wp-block-heading\"><span class=\"ez-toc-section\" id=\"8_Morska_zahrada\"><\/span>8. Morsk\u00e1 z\u00e1hrada<span class=\"ez-toc-section-end\"><\/span><\/h3>\n\n\n\n<p class=\"wp-block-paragraph\">Tento obrovsk\u00fd park s rozlohou zhruba 82 hekt\u00e1rov je dielom \u010desk\u00e9ho z\u00e1hradn\u00e9ho architekta <strong>Antona Nov\u00e1ka<\/strong>, ktor\u00fd sem pri\u0161iel na pozvanie bratov \u0160korpilovcov. Nov\u00e1k nechal presun\u00fa\u0165 vtedaj\u0161ie smetisko a bit\u00fanky a na ich mieste vybudoval \u00fachvatn\u00fd park z drev\u00edn, ktor\u00e9 sem zv\u00e1\u017eali povozy z cel\u00e9ho Balk\u00e1nu aj Stredomoria. Za svoju celo\u017eivotn\u00fa pr\u00e1cu pre mesto m\u00e1 v parku zasl\u00fa\u017een\u00fd pomn\u00edk. \ud83d\udca1 <strong>Tip:<\/strong> Vstup do parku je vo\u013en\u00fd po cel\u00fdch 24 hod\u00edn denne. Jeho historick\u00e9 jadro s rozlohou 55 hekt\u00e1rov je chr\u00e1nen\u00e9 \u00fazemie, tak\u017ee si zachovalo p\u00f4vodn\u00fa podobu aj s monument\u00e1lnou vstupnou kolon\u00e1dou z roku 1939.<\/p>\n\n\n\n<figure data-wp-context=\"{&quot;imageId&quot;:&quot;6a9c59800728c&quot;}\" data-wp-interactive=\"core\/image\" data-wp-key=\"6a9c59800728c\" class=\"wp-block-image size-full wp-lightbox-container\"><img decoding=\"async\" width=\"1800\" height=\"1350\" data-wp-class--hide=\"state.isContentHidden\" data-wp-class--show=\"state.isContentVisible\" data-wp-init=\"callbacks.setButtonStyles\" data-wp-on--click=\"actions.showLightbox\" data-wp-on--load=\"callbacks.setButtonStyles\" data-wp-on--pointerdown=\"actions.preloadImage\" data-wp-on--pointerenter=\"actions.preloadImageWithDelay\" data-wp-on--pointerleave=\"actions.cancelPreload\" data-wp-on-window--resize=\"callbacks.setButtonStyles\" src=\"https:\/\/loudavymkrokem.cz\/wp-content\/uploads\/2026\/08\/bulharsko-research-varna-14-bf783a56.jpg\" alt=\"Akv\u00e1rium vo Varne\" class=\"wp-image-407789\" title=\"\" srcset=\"https:\/\/loudavymkrokem.cz\/wp-content\/uploads\/2026\/08\/bulharsko-research-varna-14-bf783a56.jpg 1800w, https:\/\/loudavymkrokem.cz\/wp-content\/uploads\/2026\/08\/bulharsko-research-varna-14-bf783a56-300x225.jpg 300w, https:\/\/loudavymkrokem.cz\/wp-content\/uploads\/2026\/08\/bulharsko-research-varna-14-bf783a56-700x525.jpg 700w, https:\/\/loudavymkrokem.cz\/wp-content\/uploads\/2026\/08\/bulharsko-research-varna-14-bf783a56-768x576.jpg 768w, https:\/\/loudavymkrokem.cz\/wp-content\/uploads\/2026\/08\/bulharsko-research-varna-14-bf783a56-1536x1152.jpg 1536w, https:\/\/loudavymkrokem.cz\/wp-content\/uploads\/2026\/08\/bulharsko-research-varna-14-bf783a56-80x60.jpg 80w, https:\/\/loudavymkrokem.cz\/wp-content\/uploads\/2026\/08\/bulharsko-research-varna-14-bf783a56-160x120.jpg 160w, https:\/\/loudavymkrokem.cz\/wp-content\/uploads\/2026\/08\/bulharsko-research-varna-14-bf783a56-696x522.jpg 696w, https:\/\/loudavymkrokem.cz\/wp-content\/uploads\/2026\/08\/bulharsko-research-varna-14-bf783a56-1392x1044.jpg 1392w\" sizes=\"(max-width: 1800px) 100vw, 1800px\" \/><button\n\t\t\tclass=\"lightbox-trigger\"\n\t\t\ttype=\"button\"\n\t\t\taria-haspopup=\"dialog\"\n\t\t\tdata-wp-bind--aria-label=\"state.thisImage.triggerButtonAriaLabel\"\n\t\t\tdata-wp-init=\"callbacks.initTriggerButton\"\n\t\t\tdata-wp-on--click=\"actions.showLightbox\"\n\t\t\tdata-wp-style--right=\"state.thisImage.buttonRight\"\n\t\t\tdata-wp-style--top=\"state.thisImage.buttonTop\"\n\t\t>\n\t\t\t<svg xmlns=\"http:\/\/www.w3.org\/2000\/svg\" width=\"12\" height=\"12\" fill=\"none\" viewBox=\"0 0 12 12\">\n\t\t\t\t<path fill=\"#fff\" d=\"M2 0a2 2 0 0 0-2 2v2h1.5V2a.5.5 0 0 1 .5-.5h2V0H2Zm2 10.5H2a.5.5 0 0 1-.5-.5V8H0v2a2 2 0 0 0 2 2h2v-1.5ZM8 12v-1.5h2a.5.5 0 0 0 .5-.5V8H12v2a2 2 0 0 1-2 2H8Zm2-12a2 2 0 0 1 2 2v2h-1.5V2a.5.5 0 0 0-.5-.5H8V0h2Z\" \/>\n\t\t\t<\/svg>\n\t\t<\/button><figcaption class=\"wp-element-caption\">Foto: \u0421\u043f\u0430\u0441\u0438\u043c\u0438\u0440 (Spasimir Pilev), CC BY-SA 4.0 (Wikimedia Commons)<\/figcaption><\/figure>\n\n\n\n<h3 class=\"wp-block-heading\"><span class=\"ez-toc-section\" id=\"9_Akvarium_Varna\"><\/span>9. Akv\u00e1rium Varna<span class=\"ez-toc-section-end\"><\/span><\/h3>\n\n\n\n<p class=\"wp-block-paragraph\">Historick\u00e1 budova akv\u00e1ria, ktorej z\u00e1kladn\u00fd kame\u0148 polo\u017eil knie\u017ea Ferdinand u\u017e v roku 1906, ukr\u00fdva fascinuj\u00faci poh\u013ead pod hladinu \u010cierneho mora. Samotn\u00e1 in\u0161tit\u00facia funguje od roku 1932. Ne\u010dakaj obrie ocean\u00e1ri\u00e1 ako v z\u00e1padnej Eur\u00f3pe, ide sk\u00f4r o tradi\u010dn\u00fa, historicky cenn\u00fa expoz\u00edciu, ktor\u00e1 sa zameriava na lok\u00e1lnu \u010diernomorsk\u00fa fl\u00f3ru a faunu. \ud83d\udca1 <strong>Tip:<\/strong> So vstupn\u00fdm iba 2 \u20ac ide o <strong>najlacnej\u0161iu platen\u00fa atrakciu v meste<\/strong>. V zime je otvoren\u00e9 od 9:00 do 17:00 s pondelkov\u00fdm zatv\u00e1rac\u00edm d\u0148om.<\/p>\n\n\n\n<figure data-wp-context=\"{&quot;imageId&quot;:&quot;6a9c5980077a6&quot;}\" data-wp-interactive=\"core\/image\" data-wp-key=\"6a9c5980077a6\" class=\"wp-block-image size-full wp-lightbox-container\"><img decoding=\"async\" width=\"1800\" height=\"1195\" data-wp-class--hide=\"state.isContentHidden\" data-wp-class--show=\"state.isContentVisible\" data-wp-init=\"callbacks.setButtonStyles\" data-wp-on--click=\"actions.showLightbox\" data-wp-on--load=\"callbacks.setButtonStyles\" data-wp-on--pointerdown=\"actions.preloadImage\" data-wp-on--pointerenter=\"actions.preloadImageWithDelay\" data-wp-on--pointerleave=\"actions.cancelPreload\" data-wp-on-window--resize=\"callbacks.setButtonStyles\" src=\"https:\/\/loudavymkrokem.cz\/wp-content\/uploads\/2026\/08\/bulharsko-research-varna-15-e0bcc689.jpg\" alt=\"Vyst\u00fapenie delf\u00ednov v delfin\u00e1riu Festa vo Varne\" class=\"wp-image-407790\" title=\"\" srcset=\"https:\/\/loudavymkrokem.cz\/wp-content\/uploads\/2026\/08\/bulharsko-research-varna-15-e0bcc689.jpg 1800w, https:\/\/loudavymkrokem.cz\/wp-content\/uploads\/2026\/08\/bulharsko-research-varna-15-e0bcc689-300x199.jpg 300w, https:\/\/loudavymkrokem.cz\/wp-content\/uploads\/2026\/08\/bulharsko-research-varna-15-e0bcc689-700x465.jpg 700w, https:\/\/loudavymkrokem.cz\/wp-content\/uploads\/2026\/08\/bulharsko-research-varna-15-e0bcc689-768x510.jpg 768w, https:\/\/loudavymkrokem.cz\/wp-content\/uploads\/2026\/08\/bulharsko-research-varna-15-e0bcc689-1536x1020.jpg 1536w, https:\/\/loudavymkrokem.cz\/wp-content\/uploads\/2026\/08\/bulharsko-research-varna-15-e0bcc689-696x462.jpg 696w, https:\/\/loudavymkrokem.cz\/wp-content\/uploads\/2026\/08\/bulharsko-research-varna-15-e0bcc689-1392x924.jpg 1392w\" sizes=\"(max-width: 1800px) 100vw, 1800px\" \/><button\n\t\t\tclass=\"lightbox-trigger\"\n\t\t\ttype=\"button\"\n\t\t\taria-haspopup=\"dialog\"\n\t\t\tdata-wp-bind--aria-label=\"state.thisImage.triggerButtonAriaLabel\"\n\t\t\tdata-wp-init=\"callbacks.initTriggerButton\"\n\t\t\tdata-wp-on--click=\"actions.showLightbox\"\n\t\t\tdata-wp-style--right=\"state.thisImage.buttonRight\"\n\t\t\tdata-wp-style--top=\"state.thisImage.buttonTop\"\n\t\t>\n\t\t\t<svg xmlns=\"http:\/\/www.w3.org\/2000\/svg\" width=\"12\" height=\"12\" fill=\"none\" viewBox=\"0 0 12 12\">\n\t\t\t\t<path fill=\"#fff\" d=\"M2 0a2 2 0 0 0-2 2v2h1.5V2a.5.5 0 0 1 .5-.5h2V0H2Zm2 10.5H2a.5.5 0 0 1-.5-.5V8H0v2a2 2 0 0 0 2 2h2v-1.5ZM8 12v-1.5h2a.5.5 0 0 0 .5-.5V8H12v2a2 2 0 0 1-2 2H8Zm2-12a2 2 0 0 1 2 2v2h-1.5V2a.5.5 0 0 0-.5-.5H8V0h2Z\" \/>\n\t\t\t<\/svg>\n\t\t<\/button><figcaption class=\"wp-element-caption\">Foto: INSAR, CC BY-SA 3.0 (Wikimedia Commons)<\/figcaption><\/figure>\n\n\n\n<h3 class=\"wp-block-heading\"><span class=\"ez-toc-section\" id=\"10_Delfinarium_Festa\"><\/span>10. Delfin\u00e1rium Festa<span class=\"ez-toc-section-end\"><\/span><\/h3>\n\n\n\n<p class=\"wp-block-paragraph\">Najsl\u00e1vnej\u0161ia atrakcia Morskej z\u00e1hrady l\u00e1ka rodiny s de\u0165mi na pravideln\u00e9 vyst\u00fapenia delf\u00ednov. <a href=\"https:\/\/dolphinariumvarna.bg\/\" rel=\"nofollow noopener\" target=\"_blank\">Delfin\u00e1rium<\/a> funguje celoro\u010dne, \u010do je d\u00f4kazom, \u017ee Varna naozaj nesp\u00ed ani mimo sez\u00f3ny. V hlavnej letnej sez\u00f3ne prebiehaj\u00fa a\u017e \u0161tyri predstavenia denne, zatia\u013e \u010do v zime sa kon\u00e1 iba jedno polud\u0148aj\u0161ie vyst\u00fapenie. \ud83d\udca1 <strong>Tip:<\/strong> Vstupenky s\u00fa pomerne drah\u00e9, v letnej \u0161pi\u010dke zaplat\u00ed dospel\u00fd <strong>26 \u20ac<\/strong>. Ak vyraz\u00ed\u0161 v zime, cena kles\u00e1 na 14 \u20ac. Pam\u00e4taj, \u017ee v zimnej sez\u00f3ne m\u00e1 delfin\u00e1rium v pondelok zatvoren\u00e9.<\/p>\n\n\n\n<figure data-wp-context=\"{&quot;imageId&quot;:&quot;6a9c598007cb8&quot;}\" data-wp-interactive=\"core\/image\" data-wp-key=\"6a9c598007cb8\" class=\"wp-block-image size-full wp-lightbox-container\"><img decoding=\"async\" width=\"1800\" height=\"1350\" data-wp-class--hide=\"state.isContentHidden\" data-wp-class--show=\"state.isContentVisible\" data-wp-init=\"callbacks.setButtonStyles\" data-wp-on--click=\"actions.showLightbox\" data-wp-on--load=\"callbacks.setButtonStyles\" data-wp-on--pointerdown=\"actions.preloadImage\" data-wp-on--pointerenter=\"actions.preloadImageWithDelay\" data-wp-on--pointerleave=\"actions.cancelPreload\" data-wp-on-window--resize=\"callbacks.setButtonStyles\" src=\"https:\/\/loudavymkrokem.cz\/wp-content\/uploads\/2026\/08\/bulharsko-research-varna-16-580f258c.jpg\" alt=\"Alpaka v kontaktnej z\u00f3ne zoologickej z\u00e1hrady vo Varne\" class=\"wp-image-407791\" title=\"\" srcset=\"https:\/\/loudavymkrokem.cz\/wp-content\/uploads\/2026\/08\/bulharsko-research-varna-16-580f258c.jpg 1800w, https:\/\/loudavymkrokem.cz\/wp-content\/uploads\/2026\/08\/bulharsko-research-varna-16-580f258c-300x225.jpg 300w, https:\/\/loudavymkrokem.cz\/wp-content\/uploads\/2026\/08\/bulharsko-research-varna-16-580f258c-700x525.jpg 700w, https:\/\/loudavymkrokem.cz\/wp-content\/uploads\/2026\/08\/bulharsko-research-varna-16-580f258c-768x576.jpg 768w, https:\/\/loudavymkrokem.cz\/wp-content\/uploads\/2026\/08\/bulharsko-research-varna-16-580f258c-1536x1152.jpg 1536w, https:\/\/loudavymkrokem.cz\/wp-content\/uploads\/2026\/08\/bulharsko-research-varna-16-580f258c-80x60.jpg 80w, https:\/\/loudavymkrokem.cz\/wp-content\/uploads\/2026\/08\/bulharsko-research-varna-16-580f258c-160x120.jpg 160w, https:\/\/loudavymkrokem.cz\/wp-content\/uploads\/2026\/08\/bulharsko-research-varna-16-580f258c-696x522.jpg 696w, https:\/\/loudavymkrokem.cz\/wp-content\/uploads\/2026\/08\/bulharsko-research-varna-16-580f258c-1392x1044.jpg 1392w\" sizes=\"(max-width: 1800px) 100vw, 1800px\" \/><button\n\t\t\tclass=\"lightbox-trigger\"\n\t\t\ttype=\"button\"\n\t\t\taria-haspopup=\"dialog\"\n\t\t\tdata-wp-bind--aria-label=\"state.thisImage.triggerButtonAriaLabel\"\n\t\t\tdata-wp-init=\"callbacks.initTriggerButton\"\n\t\t\tdata-wp-on--click=\"actions.showLightbox\"\n\t\t\tdata-wp-style--right=\"state.thisImage.buttonRight\"\n\t\t\tdata-wp-style--top=\"state.thisImage.buttonTop\"\n\t\t>\n\t\t\t<svg xmlns=\"http:\/\/www.w3.org\/2000\/svg\" width=\"12\" height=\"12\" fill=\"none\" viewBox=\"0 0 12 12\">\n\t\t\t\t<path fill=\"#fff\" d=\"M2 0a2 2 0 0 0-2 2v2h1.5V2a.5.5 0 0 1 .5-.5h2V0H2Zm2 10.5H2a.5.5 0 0 1-.5-.5V8H0v2a2 2 0 0 0 2 2h2v-1.5ZM8 12v-1.5h2a.5.5 0 0 0 .5-.5V8H12v2a2 2 0 0 1-2 2H8Zm2-12a2 2 0 0 1 2 2v2h-1.5V2a.5.5 0 0 0-.5-.5H8V0h2Z\" \/>\n\t\t\t<\/svg>\n\t\t<\/button><figcaption class=\"wp-element-caption\">Foto: \u041a\u0430\u043b\u043e\u044f\u043d \u041c\u0438\u0446\u0435\u0432 (Google Maps)<\/figcaption><\/figure>\n\n\n\n<h3 class=\"wp-block-heading\"><span class=\"ez-toc-section\" id=\"11_ZOO_Varna\"><\/span>11. ZOO Varna<span class=\"ez-toc-section-end\"><\/span><\/h3>\n\n\n\n<p class=\"wp-block-paragraph\">Hne\u010f v susedstve delfin\u00e1ria n\u00e1jde\u0161 men\u0161iu mestsk\u00fa zoologick\u00fa z\u00e1hradu. Nie je nijako obrovsk\u00e1, ale na pokojn\u00fa prech\u00e1dzku s de\u0165mi je \u00faplne ide\u00e1lna. Okrem klasick\u00fdch expoz\u00edci\u00ed tu funguje aj kontaktn\u00e1 z\u00f3na, kde si deti m\u00f4\u017eu zvierat\u00e1 pohladka\u0165. Zauj\u00edmavos\u0165ou je, \u017ee hne\u010f pod ZOO pri pl\u00e1\u017ei Vtora buna ka\u017edoro\u010dne zimuj\u00fa stovky labut\u00ed. \ud83d\udca1 <strong>Tip:<\/strong> Vstupn\u00e9 stoj\u00ed 3 \u20ac a ZOO je otvoren\u00e1 <strong>bez zatv\u00e1racieho d\u0148a po cel\u00fd rok<\/strong>. V zimn\u00fdch mesiacoch (okt\u00f3ber\u2013marec) sa zatv\u00e1ra u\u017e o 16:30.<\/p>\n\n\n\n<figure data-wp-context=\"{&quot;imageId&quot;:&quot;6a9c59800811f&quot;}\" data-wp-interactive=\"core\/image\" data-wp-key=\"6a9c59800811f\" class=\"wp-block-image size-full wp-lightbox-container\"><img decoding=\"async\" width=\"1800\" height=\"1350\" data-wp-class--hide=\"state.isContentHidden\" data-wp-class--show=\"state.isContentVisible\" data-wp-init=\"callbacks.setButtonStyles\" data-wp-on--click=\"actions.showLightbox\" data-wp-on--load=\"callbacks.setButtonStyles\" data-wp-on--pointerdown=\"actions.preloadImage\" data-wp-on--pointerenter=\"actions.preloadImageWithDelay\" data-wp-on--pointerleave=\"actions.cancelPreload\" data-wp-on-window--resize=\"callbacks.setButtonStyles\" src=\"https:\/\/loudavymkrokem.cz\/wp-content\/uploads\/2026\/08\/bulharsko-research-varna-17-df359c79.jpg\" alt=\"Planet\u00e1rium Mikul\u00e1\u0161a Kopernika vo Varne\" class=\"wp-image-407792\" title=\"\" srcset=\"https:\/\/loudavymkrokem.cz\/wp-content\/uploads\/2026\/08\/bulharsko-research-varna-17-df359c79.jpg 1800w, https:\/\/loudavymkrokem.cz\/wp-content\/uploads\/2026\/08\/bulharsko-research-varna-17-df359c79-300x225.jpg 300w, https:\/\/loudavymkrokem.cz\/wp-content\/uploads\/2026\/08\/bulharsko-research-varna-17-df359c79-700x525.jpg 700w, https:\/\/loudavymkrokem.cz\/wp-content\/uploads\/2026\/08\/bulharsko-research-varna-17-df359c79-768x576.jpg 768w, https:\/\/loudavymkrokem.cz\/wp-content\/uploads\/2026\/08\/bulharsko-research-varna-17-df359c79-1536x1152.jpg 1536w, https:\/\/loudavymkrokem.cz\/wp-content\/uploads\/2026\/08\/bulharsko-research-varna-17-df359c79-80x60.jpg 80w, https:\/\/loudavymkrokem.cz\/wp-content\/uploads\/2026\/08\/bulharsko-research-varna-17-df359c79-160x120.jpg 160w, https:\/\/loudavymkrokem.cz\/wp-content\/uploads\/2026\/08\/bulharsko-research-varna-17-df359c79-696x522.jpg 696w, https:\/\/loudavymkrokem.cz\/wp-content\/uploads\/2026\/08\/bulharsko-research-varna-17-df359c79-1392x1044.jpg 1392w\" sizes=\"(max-width: 1800px) 100vw, 1800px\" \/><button\n\t\t\tclass=\"lightbox-trigger\"\n\t\t\ttype=\"button\"\n\t\t\taria-haspopup=\"dialog\"\n\t\t\tdata-wp-bind--aria-label=\"state.thisImage.triggerButtonAriaLabel\"\n\t\t\tdata-wp-init=\"callbacks.initTriggerButton\"\n\t\t\tdata-wp-on--click=\"actions.showLightbox\"\n\t\t\tdata-wp-style--right=\"state.thisImage.buttonRight\"\n\t\t\tdata-wp-style--top=\"state.thisImage.buttonTop\"\n\t\t>\n\t\t\t<svg xmlns=\"http:\/\/www.w3.org\/2000\/svg\" width=\"12\" height=\"12\" fill=\"none\" viewBox=\"0 0 12 12\">\n\t\t\t\t<path fill=\"#fff\" d=\"M2 0a2 2 0 0 0-2 2v2h1.5V2a.5.5 0 0 1 .5-.5h2V0H2Zm2 10.5H2a.5.5 0 0 1-.5-.5V8H0v2a2 2 0 0 0 2 2h2v-1.5ZM8 12v-1.5h2a.5.5 0 0 0 .5-.5V8H12v2a2 2 0 0 1-2 2H8Zm2-12a2 2 0 0 1 2 2v2h-1.5V2a.5.5 0 0 0-.5-.5H8V0h2Z\" \/>\n\t\t\t<\/svg>\n\t\t<\/button><figcaption class=\"wp-element-caption\">Foto: Mister No, CC BY 3.0 (Wikimedia Commons)<\/figcaption><\/figure>\n\n\n\n<h3 class=\"wp-block-heading\"><span class=\"ez-toc-section\" id=\"12_Planetarium_M_Kopernika\"><\/span>12. Planet\u00e1rium M. Kopernika<span class=\"ez-toc-section-end\"><\/span><\/h3>\n\n\n\n<p class=\"wp-block-paragraph\">Prv\u00fd astronomick\u00fd komplex v Bulharsku, otvoren\u00fd v roku 1968, premieta v\u010faka projektoru Zeiss na svoju obriu kupolu vy\u0161e 5 500 hviezd. Ide o skvel\u00fd z\u00e1\u017eitok pre fan\u00fa\u0161ikov vesm\u00edru, ale samotn\u00e1 in\u0161tit\u00facia vydala <strong>ve\u013emi pr\u00edsne varovania oh\u013eadom n\u00e1v\u0161tevn\u00edkov<\/strong>. \ud83d\udca1 <strong>Tip:<\/strong> Zvukov\u00e9 a vizu\u00e1lne efekty v\u00f4bec nie s\u00fa vhodn\u00e9 pre deti do 10 rokov a s ko\u010d\u00edkmi je vstup krajne neodpor\u00fa\u010dan\u00fd. Do s\u00e1ly pre 72 \u013eud\u00ed sa nevp\u00fa\u0161\u0165a po za\u010diatku predn\u00e1\u0161ky. Vstupn\u00e9 je 3,58 \u20ac.<\/p>\n\n\n\n<figure data-wp-context=\"{&quot;imageId&quot;:&quot;6a9c5980086fc&quot;}\" data-wp-interactive=\"core\/image\" data-wp-key=\"6a9c5980086fc\" class=\"wp-block-image size-full wp-lightbox-container\"><img decoding=\"async\" width=\"1800\" height=\"706\" data-wp-class--hide=\"state.isContentHidden\" data-wp-class--show=\"state.isContentVisible\" data-wp-init=\"callbacks.setButtonStyles\" data-wp-on--click=\"actions.showLightbox\" data-wp-on--load=\"callbacks.setButtonStyles\" data-wp-on--pointerdown=\"actions.preloadImage\" data-wp-on--pointerenter=\"actions.preloadImageWithDelay\" data-wp-on--pointerleave=\"actions.cancelPreload\" data-wp-on-window--resize=\"callbacks.setButtonStyles\" src=\"https:\/\/loudavymkrokem.cz\/wp-content\/uploads\/2026\/08\/bulharsko-research-varna-18-0e8828ac.jpg\" alt=\"Ju\u017en\u00e1 pl\u00e1\u017e vo Varne\" class=\"wp-image-407793\" title=\"\" srcset=\"https:\/\/loudavymkrokem.cz\/wp-content\/uploads\/2026\/08\/bulharsko-research-varna-18-0e8828ac.jpg 1800w, https:\/\/loudavymkrokem.cz\/wp-content\/uploads\/2026\/08\/bulharsko-research-varna-18-0e8828ac-300x118.jpg 300w, https:\/\/loudavymkrokem.cz\/wp-content\/uploads\/2026\/08\/bulharsko-research-varna-18-0e8828ac-700x275.jpg 700w, https:\/\/loudavymkrokem.cz\/wp-content\/uploads\/2026\/08\/bulharsko-research-varna-18-0e8828ac-768x301.jpg 768w, https:\/\/loudavymkrokem.cz\/wp-content\/uploads\/2026\/08\/bulharsko-research-varna-18-0e8828ac-1536x602.jpg 1536w, https:\/\/loudavymkrokem.cz\/wp-content\/uploads\/2026\/08\/bulharsko-research-varna-18-0e8828ac-696x273.jpg 696w, https:\/\/loudavymkrokem.cz\/wp-content\/uploads\/2026\/08\/bulharsko-research-varna-18-0e8828ac-1392x546.jpg 1392w\" sizes=\"(max-width: 1800px) 100vw, 1800px\" \/><button\n\t\t\tclass=\"lightbox-trigger\"\n\t\t\ttype=\"button\"\n\t\t\taria-haspopup=\"dialog\"\n\t\t\tdata-wp-bind--aria-label=\"state.thisImage.triggerButtonAriaLabel\"\n\t\t\tdata-wp-init=\"callbacks.initTriggerButton\"\n\t\t\tdata-wp-on--click=\"actions.showLightbox\"\n\t\t\tdata-wp-style--right=\"state.thisImage.buttonRight\"\n\t\t\tdata-wp-style--top=\"state.thisImage.buttonTop\"\n\t\t>\n\t\t\t<svg xmlns=\"http:\/\/www.w3.org\/2000\/svg\" width=\"12\" height=\"12\" fill=\"none\" viewBox=\"0 0 12 12\">\n\t\t\t\t<path fill=\"#fff\" d=\"M2 0a2 2 0 0 0-2 2v2h1.5V2a.5.5 0 0 1 .5-.5h2V0H2Zm2 10.5H2a.5.5 0 0 1-.5-.5V8H0v2a2 2 0 0 0 2 2h2v-1.5ZM8 12v-1.5h2a.5.5 0 0 0 .5-.5V8H12v2a2 2 0 0 1-2 2H8Zm2-12a2 2 0 0 1 2 2v2h-1.5V2a.5.5 0 0 0-.5-.5H8V0h2Z\" \/>\n\t\t\t<\/svg>\n\t\t<\/button><figcaption class=\"wp-element-caption\">Foto: kuchin ster, CC BY 3.0 (Wikimedia Commons)<\/figcaption><\/figure>\n\n\n\n<h3 class=\"wp-block-heading\"><span class=\"ez-toc-section\" id=\"13_Mestske_plaze_a_kvalita_vody\"><\/span>13. Mestsk\u00e9 pl\u00e1\u017ee a kvalita vody<span class=\"ez-toc-section-end\"><\/span><\/h3>\n\n\n\n<p class=\"wp-block-paragraph\">Varna sa p\u00fd\u0161i 32 kilometrami pobre\u017eia a viac ne\u017e dvoma desiatkami pl\u00e1\u017e\u00ed. V samotnom centre je najob\u013e\u00fabenej\u0161ia <strong>Centr\u00e1lna pl\u00e1\u017e<\/strong>, ktor\u00e1 m\u00e1 jemn\u00fd piesok a metre plytk\u00e9ho rovn\u00e9ho dna, tak\u017ee je perfektn\u00e1 pre mal\u00e9 deti. Susedn\u00e1 pl\u00e1\u017e Oficerski m\u00e1 prud\u0161\u00ed svah do vody a je zn\u00e1ma svojimi barmi otvoren\u00fdmi dlho do noci. Hne\u010f ved\u013ea nej vyviera \u201eToplata voda&#8220; \u2013 vo\u013ene pr\u00edstupn\u00fd prame\u0148 lie\u010divej term\u00e1lnej vody s teplotou vy\u0161e 40 \u00b0C.<\/p>\n\n\n\n<p class=\"wp-block-paragraph\">Dobrou spr\u00e1vou pre turistov je, \u017ee v auguste 2026 Komisia pre ochranu spotrebite\u013eov zak\u00e1zala nekal\u00fa praktiku vnucovania cel\u00fdch setov. Dnes m\u00e1\u0161 <strong>pln\u00e9 pr\u00e1vo prenaja\u0165 si na varnenskej pl\u00e1\u017ei slne\u010dn\u00edk a le\u017eadlo samostatne<\/strong> (cena za kus sa pohybuje okolo 3,5 a\u017e 5 \u20ac). Minim\u00e1lne polovica ka\u017edej pl\u00e1\u017ee navy\u0161e mus\u00ed zo z\u00e1kona zosta\u0165 ako vo\u013en\u00e1 z\u00f3na pre uter\u00e1ky zdarma. \ud83d\udca1 <strong>Tip ku kvalite vody:<\/strong> Pod\u013ea ofici\u00e1lneho monitoringu je voda v\u00e4\u010d\u0161inu leta \u010dist\u00e1, dlhodobo najlep\u0161ie v\u00fdsledky m\u00e1 Centr\u00e1lna pl\u00e1\u017e a Asparuchovo. <strong>Po siln\u00fdch pr\u00edvalov\u00fdch da\u017e\u010foch sa v\u0161ak vyhni pl\u00e1\u017ei Oficerski<\/strong>, kde ob\u010das pretek\u00e1 da\u017e\u010fov\u00e1 kanaliz\u00e1cia (aktu\u00e1lne v\u00fdsledky v\u017edy visia na <a href=\"https:\/\/rzi-varna.com\/\" rel=\"nofollow noopener\" target=\"_blank\">webe rzi-varna.com<\/a>).<\/p>\n\n\n\n<figure data-wp-context=\"{&quot;imageId&quot;:&quot;6a9c598008cca&quot;}\" data-wp-interactive=\"core\/image\" data-wp-key=\"6a9c598008cca\" class=\"wp-block-image size-full wp-lightbox-container\"><img decoding=\"async\" width=\"1800\" height=\"1012\" data-wp-class--hide=\"state.isContentHidden\" data-wp-class--show=\"state.isContentVisible\" data-wp-init=\"callbacks.setButtonStyles\" data-wp-on--click=\"actions.showLightbox\" data-wp-on--load=\"callbacks.setButtonStyles\" data-wp-on--pointerdown=\"actions.preloadImage\" data-wp-on--pointerenter=\"actions.preloadImageWithDelay\" data-wp-on--pointerleave=\"actions.cancelPreload\" data-wp-on-window--resize=\"callbacks.setButtonStyles\" src=\"https:\/\/loudavymkrokem.cz\/wp-content\/uploads\/2026\/08\/bulharsko-research-varna-19-fdecea77.jpg\" alt=\"Mys Galata ju\u017ene od Varny\" class=\"wp-image-407794\" title=\"\" srcset=\"https:\/\/loudavymkrokem.cz\/wp-content\/uploads\/2026\/08\/bulharsko-research-varna-19-fdecea77.jpg 1800w, https:\/\/loudavymkrokem.cz\/wp-content\/uploads\/2026\/08\/bulharsko-research-varna-19-fdecea77-300x169.jpg 300w, https:\/\/loudavymkrokem.cz\/wp-content\/uploads\/2026\/08\/bulharsko-research-varna-19-fdecea77-700x394.jpg 700w, https:\/\/loudavymkrokem.cz\/wp-content\/uploads\/2026\/08\/bulharsko-research-varna-19-fdecea77-768x432.jpg 768w, https:\/\/loudavymkrokem.cz\/wp-content\/uploads\/2026\/08\/bulharsko-research-varna-19-fdecea77-1536x864.jpg 1536w, https:\/\/loudavymkrokem.cz\/wp-content\/uploads\/2026\/08\/bulharsko-research-varna-19-fdecea77-696x391.jpg 696w, https:\/\/loudavymkrokem.cz\/wp-content\/uploads\/2026\/08\/bulharsko-research-varna-19-fdecea77-1392x783.jpg 1392w\" sizes=\"(max-width: 1800px) 100vw, 1800px\" \/><button\n\t\t\tclass=\"lightbox-trigger\"\n\t\t\ttype=\"button\"\n\t\t\taria-haspopup=\"dialog\"\n\t\t\tdata-wp-bind--aria-label=\"state.thisImage.triggerButtonAriaLabel\"\n\t\t\tdata-wp-init=\"callbacks.initTriggerButton\"\n\t\t\tdata-wp-on--click=\"actions.showLightbox\"\n\t\t\tdata-wp-style--right=\"state.thisImage.buttonRight\"\n\t\t\tdata-wp-style--top=\"state.thisImage.buttonTop\"\n\t\t>\n\t\t\t<svg xmlns=\"http:\/\/www.w3.org\/2000\/svg\" width=\"12\" height=\"12\" fill=\"none\" viewBox=\"0 0 12 12\">\n\t\t\t\t<path fill=\"#fff\" d=\"M2 0a2 2 0 0 0-2 2v2h1.5V2a.5.5 0 0 1 .5-.5h2V0H2Zm2 10.5H2a.5.5 0 0 1-.5-.5V8H0v2a2 2 0 0 0 2 2h2v-1.5ZM8 12v-1.5h2a.5.5 0 0 0 .5-.5V8H12v2a2 2 0 0 1-2 2H8Zm2-12a2 2 0 0 1 2 2v2h-1.5V2a.5.5 0 0 0-.5-.5H8V0h2Z\" \/>\n\t\t\t<\/svg>\n\t\t<\/button><figcaption class=\"wp-element-caption\">Foto: Spiritia, CC BY-SA 4.0 (Wikimedia Commons)<\/figcaption><\/figure>\n\n\n\n<!-- LKM_GYG_CARD start q=\"varna\" lang=\"sk\" rendered=\"2026-09-05T16:23:21+00:00\" v=\"1\" -->\n<style id=\"lk-gyg-styles\">\n@import url(\"https:\/\/fonts.googleapis.com\/css2?family=Playfair+Display:wght@700&family=DM+Sans:wght@300;400;500;600&display=swap\");\n\/* === LK GYG karty \u2014 CRO redesign 2026-05 (namespace .lkx-) ===\n   C\u00edl: vy\u0161\u0161\u00ed CTR (hero + v\u00fdrazn\u00fd social proof + ak\u010dn\u00ed CTA, m\u00e9n\u011b \"reklamn\u00ed\").\n   Injektuje se inline do prvn\u00edho markeru postu (refresh_cards.py --inline-css). *\/\n.lkx-module, .lkx-module *{box-sizing:border-box;margin:0;padding:0}\n.lkx-module{\n  font-family:'DM Sans',-apple-system,Segoe UI,Roboto,Georgia,sans-serif;\n  max-width:860px;margin:2.5rem auto;color:#1f2328;\n}\n\n\/* HEADER \u2014 lehk\u00fd editorsk\u00fd, \u017e\u00e1dn\u00fd bannerov\u00fd blok; nadpis + popisek pod n\u00edm *\/\n.lkx-head{margin-bottom:16px}\n.lkx-head-main{display:flex;align-items:center;gap:10px}\n.lkx-head-accent{width:26px;height:3px;border-radius:2px;background:#c39f76;flex-shrink:0}\n.lkx-head-title{font-family:'Playfair Display',Georgia,serif;font-size:21px;font-weight:700;color:#1a1a1a;line-height:1.25}\n.lkx-head-meta{display:block;font-size:11px;letter-spacing:.3px;color:#9aa0a6;margin-top:4px;margin-left:36px}\n\n\/* HERO *\/\n.lkx-hero{display:grid;grid-template-columns:300px 1fr;background:#fff;border:1px solid #ece7df;border-radius:14px;overflow:hidden;text-decoration:none!important;color:inherit;box-shadow:0 6px 20px rgba(0,0,0,.06);transition:box-shadow .2s,transform .2s;margin-bottom:14px}\n.lkx-hero:hover{box-shadow:0 12px 30px rgba(0,0,0,.12);transform:translateY(-2px)}\n.lkx-hero-img{position:relative;min-height:230px;background-size:cover;background-position:center;background-color:#eee}\n.lkx-hero-body{padding:22px 24px;display:flex;flex-direction:column}\n.lkx-pick{position:absolute;top:12px;left:12px;background:#1a1a1a;color:#fff;font-size:11px;font-weight:700;letter-spacing:.5px;padding:5px 11px;border-radius:20px}\n\n\/* TITLE *\/\n.lkx-title{font-size:19px;font-weight:700;color:#161616;line-height:1.3}\n.lkx-title-sm{font-size:14.5px;line-height:1.35;display:-webkit-box;-webkit-line-clamp:2;-webkit-box-orient:vertical;overflow:hidden}\n\n\/* SOCIAL PROOF \u2014 v\u00fdrazn\u011b, naho\u0159e *\/\n.lkx-proof{display:flex;align-items:center;gap:7px;margin-top:12px;font-size:15px;color:#3a3a3a}\n.lkx-proof b{font-size:16px;color:#161616}\n.lkx-stars{color:#f5a623;letter-spacing:1px}\n.lkx-proof-sm{font-size:12.5px;margin-top:8px;gap:5px}\n.lkx-proof-sm b{font-size:13px}\n.lkx-proof-new{color:#3685fc;font-weight:600}\n\n\/* PRICE \u2014 n\u00edzk\u00e1 kotva *\/\n.lkx-price{font-size:14px;color:#6b7280}\n.lkx-price b{font-size:20px;color:#161616;font-weight:700}\n.lkx-price-sm b{font-size:15px}\n\n\/* CTA \u2014 tepl\u00e9 ak\u010dn\u00ed tla\u010d\u00edtko *\/\n.lkx-cta{display:inline-flex;align-items:center;justify-content:center;text-decoration:none!important;font-weight:700;color:#fff!important;background:linear-gradient(135deg,#f6743f,#e8552a);border-radius:10px;box-shadow:0 6px 16px rgba(232,85,42,.32);transition:box-shadow .2s}\n.lkx-cta-hero{font-size:15px;padding:13px 22px}\n.lkx-hero:hover .lkx-cta-hero{box-shadow:0 8px 22px rgba(232,85,42,.45)}\n.lkx-cta-sm{font-size:12.5px;padding:9px 14px;width:100%;margin-top:2px}\n.lkx-hero-bottom{margin-top:auto;padding-top:18px;display:flex;align-items:center;justify-content:space-between;gap:14px;flex-wrap:wrap}\n\n\/* BADGE \u2014 jeden v\u00fdrazn\u00fd na fotce *\/\n.lkx-badge{position:absolute;top:12px;right:12px;font-size:10.5px;font-weight:700;letter-spacing:.3px;padding:5px 10px;border-radius:16px;color:#fff}\n.lkx-badge.badge-urgency{background:rgba(214,40,40,.92)}\n.lkx-badge.badge-new{background:rgba(54,133,252,.92)}\n.lkx-badge.badge-top{background:rgba(195,159,118,.95)}\n.lkx-badge.badge-info{background:rgba(40,40,40,.78)}\n\n\/* SECONDARY GRID *\/\n.lkx-grid{display:grid;grid-template-columns:1fr 1fr;gap:14px}\n.lkx-card{background:#fff;border:1px solid #ece7df;border-radius:14px;overflow:hidden;text-decoration:none!important;color:inherit;box-shadow:0 4px 14px rgba(0,0,0,.05);display:flex;flex-direction:column;transition:box-shadow .2s,transform .2s}\n.lkx-card:hover{box-shadow:0 10px 24px rgba(0,0,0,.1);transform:translateY(-2px)}\n.lkx-card-img{position:relative;aspect-ratio:16\/10;background-size:cover;background-position:center;background-color:#eee}\n.lkx-card-body{padding:14px 16px 16px;display:flex;flex-direction:column;gap:7px;flex:1}\n.lkx-card-bottom{margin-top:auto;padding-top:10px;display:flex;align-items:center;justify-content:space-between;gap:8px}\n\n\/* DISCLOSURE \u2014 drobn\u00e1, kv\u016fli d\u016fv\u011b\u0159e\/z\u00e1konu *\/\n.lkx-disclosure{font-size:11px;color:#a7adb3;text-align:center;margin-top:14px;line-height:1.6}\n.lkx-disclosure a{color:#c39f76;text-decoration:none}\n\n@media(max-width:680px){\n  .lkx-hero{grid-template-columns:1fr}\n  .lkx-hero-img{min-height:180px}\n  .lkx-grid{grid-template-columns:1fr}\n  .lkx-head-meta{margin-left:0;width:100%}\n  .lkx-head-title{font-size:19px}\n}\n\n<\/style>\n<div class=\"lkx-module\" data-query=\"varna\">\n  <div class=\"lkx-head\">\n    <div class=\"lkx-head-main\">\n      <span class=\"lkx-head-accent\"><\/span>\n      <span class=\"lkx-head-title\">Z\u00e1\u017eitky a vstupenky<\/span>\n    <\/div>\n    <span class=\"lkx-head-meta\">overen\u00e9 cestovate\u013emi \u00b7 <a class=\"thirstylink\" rel=\"nofollow\" target=\"_blank\" title=\"GetYourGuide\" href=\"https:\/\/loudavymkrokem.cz\/sk\/doporucujeme\/getyourguide\/\" data-shortcode=\"true\">GetYourGuide<\/a><\/span>\n  <\/div><a class=\"lkx-hero\" href=\"https:\/\/www.getyourguide.com\/sk-sk\/varna-l412\/varna-plavba-pri-zapade-slnka-s-napojmi-a-piratskym-lovom-pokladu-t1288459\/?partner_id=MKZ64IS&amp;utm_medium=online_publisher&amp;cmp=varna-bulharsko-tipy\" target=\"_blank\" rel=\"sponsored noopener nofollow\">\n    <div class=\"lkx-hero-img\" style=\"background-image:url('https:\/\/cdn.getyourguide.com\/img\/tour\/eb41ecd853d11f185e58ecab4209dc5a16d762d19434e10d71e2216479c9508b.jpg\/132.jpg')\" role=\"img\" aria-label=\"Varna: plavba pri z\u00e1pade slnka s n\u00e1pojmi a pir\u00e1tskym lovom pokladu\">\n      <span class=\"lkx-pick\">\u2605 N\u00e1\u0161 tip<\/span><\/div>\n    <div class=\"lkx-hero-body\">\n      <div class=\"lkx-title\">Varna: plavba pri z\u00e1pade slnka s n\u00e1pojmi a pir\u00e1tskym lovom pokladu<\/div>\n      <div class=\"lkx-proof\">\n      <span class=\"lkx-stars\">\u2605\u2605\u2605\u2605\u2605<\/span>\n      <b>4.6<\/b> \u00b7 143 hodnoten\u00ed\n    <\/div>\n      <div class=\"lkx-hero-bottom\"><div class=\"lkx-price\">od <b>16\u00a0EUR<\/b><\/div><span class=\"lkx-cta lkx-cta-hero\">Chcem tento z\u00e1\u017eitok \u2192<\/span>\n      <\/div>\n    <\/div>\n  <\/a><div class=\"lkx-grid\"><a class=\"lkx-card\" href=\"https:\/\/www.getyourguide.com\/sk-sk\/varna-l412\/varna-piratska-plavba-s-namornou-bitkou-a-pizzou-t1017577\/?partner_id=MKZ64IS&amp;utm_medium=online_publisher&amp;cmp=varna-bulharsko-tipy\" target=\"_blank\" rel=\"sponsored noopener nofollow\">\n      <div class=\"lkx-card-img\" style=\"background-image:url('https:\/\/cdn.getyourguide.com\/img\/tour\/97bcf2c7a1c149d93ac9d5dca71b723d4c685dd42182d7583334ad88d4d27c9e.jpeg\/132.jpg')\" role=\"img\" aria-label=\"Varna: pir\u00e1tska plavba s n\u00e1mornou bitkou a pizzou\"><\/div>\n      <div class=\"lkx-card-body\">\n        <div class=\"lkx-title lkx-title-sm\">Varna: pir\u00e1tska plavba s n\u00e1mornou bitkou a pizzou<\/div>\n        <div class=\"lkx-proof lkx-proof-sm\">\n      <span class=\"lkx-stars\">\u2605<\/span>\n      <b>4.7<\/b> \u00b7 168\n    <\/div>\n        <div class=\"lkx-card-bottom\"><span class=\"lkx-price lkx-price-sm\">od <b>19\u00a0EUR<\/b><\/span><span class=\"lkx-cta lkx-cta-sm\">Zobrazi\u0165 term\u00edny \u2192<\/span>\n        <\/div>\n      <\/div>\n    <\/a><a class=\"lkx-card\" href=\"https:\/\/www.getyourguide.com\/sk-sk\/varna-l412\/varna-zlate-piesky-t439759\/?partner_id=MKZ64IS&amp;utm_medium=online_publisher&amp;cmp=varna-bulharsko-tipy\" target=\"_blank\" rel=\"sponsored noopener nofollow\">\n      <div class=\"lkx-card-img\" style=\"background-image:url('https:\/\/cdn.getyourguide.com\/img\/tour\/e1b92ad313f2644839b60729e94bd9b11187f4a7b9e0f42f75bde08719c8c11d.png\/132.jpg')\" role=\"img\" aria-label=\"Letisko Varna\/Mesto Varna - Zlat\u00e9 piesky\"><\/div>\n      <div class=\"lkx-card-body\">\n        <div class=\"lkx-title lkx-title-sm\">Letisko Varna\/Mesto Varna &#8211; Zlat\u00e9 piesky<\/div>\n        <div class=\"lkx-proof lkx-proof-sm\">\n      <span class=\"lkx-stars\">\u2605<\/span>\n      <b>4.8<\/b> \u00b7 17\n    <\/div>\n        <div class=\"lkx-card-bottom\"><span class=\"lkx-price lkx-price-sm\">od <b>55\u00a0EUR<\/b><\/span><span class=\"lkx-cta lkx-cta-sm\">Zobrazi\u0165 term\u00edny \u2192<\/span>\n        <\/div>\n      <\/div>\n    <\/a><\/div><div class=\"lkx-disclosure\">\ud83d\udd17 Odkazy s\u00fa partnersk\u00e9 \u2014 cenu v\u00e1m nezmenia, n\u00e1m pom\u00e1haj\u00fa tvori\u0165 obsah. \u00b7 <a href=\"https:\/\/www.getyourguide.com\/sk-sk\/s\/?q=varna&amp;partner_id=MKZ64IS&amp;utm_medium=online_publisher\" target=\"_blank\" rel=\"sponsored noopener nofollow\">V\u0161etky z\u00e1\u017eitky \u2192<\/a><\/div>\n<\/div>\n<!-- LKM_GYG_CARD end -->\n\n\n\n\n<div class=\"lk-stays-module\">\n<style>\n\/* \u2500\u2500\u2500 RESET PRO GUTENBERG \u2500\u2500\u2500 *\/\n.lk-stays-module * { box-sizing: border-box; margin: 0; padding: 0; }\n\n\/* \u2500\u2500\u2500 WRAPPER \u2500\u2500\u2500 *\/\n.lk-stays-module {\n  font-family: 'DM Sans', Georgia, sans-serif;\n  max-width: 100%;\n  margin: 2.5rem auto;\n  background: linear-gradient(135deg, #fdfaf5 0%, #fcf8f0 100%);\n  border: 1px solid #e8dfd4;\n  border-radius: 16px;\n  overflow: hidden;\n  box-shadow: 0 16px 48px rgba(195, 159, 118, 0.25), 0 4px 12px rgba(0,0,0,0.08);\n}\n\n\/* \u2500\u2500\u2500 HEADER \u2500\u2500\u2500 *\/\n.lk-stays-header {\n  position: relative;\n  padding: 24px 36px 24px;\n  background: linear-gradient(135deg, #c39f76 0%, #d4b188 60%, #c39f76 100%);\n  border-bottom: 1px solid rgba(255,255,255,.15);\n  display: flex;\n  align-items: center;\n  gap: 18px;\n}\n.lk-stays-header::before {\n  content: '';\n  position: absolute;\n  inset: 0;\n  background: url(\"data:image\/svg+xml,%3Csvg width='60' height='60' viewBox='0 0 60 60' xmlns='http:\/\/www.w3.org\/2000\/svg'%3E%3Cg fill='none' fill-rule='evenodd'%3E%3Cg fill='%23ffffff' fill-opacity='0.05'%3E%3Cpath d='M36 34v-4h-2v4h-4v2h4v4h2v-4h4v-2h-4zm0-30V0h-2v4h-4v2h4v4h2V6h4V4h-4zM6 34v-4H4v4H0v2h4v4h2v-4h4v-2H6zM6 4V0H4v4H0v2h4v4h2V6h4V4H6z'\/%3E%3C\/g%3E%3C\/g%3E%3C\/svg%3E\") repeat;\n  pointer-events: none;\n}\n.lk-stays-icon {\n  flex-shrink: 0;\n  width: 68px;\n  height: 68px;\n  border-radius: 14px;\n  background: linear-gradient(135deg, #fff 0%, #f9f6f0 100%);\n  display: flex;\n  align-items: center;\n  justify-content: center;\n  font-size: 26px;\n  box-shadow: 0 4px 12px rgba(0,0,0,0.15);\n}\n.lk-stays-eyebrow {\n  font-size: 10px;\n  font-weight: 500;\n  letter-spacing: 2.5px;\n  text-transform: uppercase;\n  color: rgba(255,255,255,.85);\n  margin: 0 0 5px 0;\n}\n.lk-stays-title {\n  font-family: 'Playfair Display', Georgia, serif;\n  font-size: 24px;\n  font-weight: 700;\n  color: #fff;\n  line-height: 1.2;\n  text-shadow: 0 1px 2px rgba(0,0,0,0.1);\n  margin: 0;\n}\n.lk-stays-subtitle {\n  font-size: 13px;\n  color: rgba(255,255,255,.75);\n  margin: 4px 0 0 0;\n  font-weight: 300;\n}\n\n\/* \u2500\u2500\u2500 CARDS GRID \u2500\u2500\u2500 *\/\n.lk-stays-grid {\n  display: grid;\n  grid-template-columns: 1fr 1fr;\n  gap: 1px;\n  background: rgba(195, 159, 118, 0.12);\n}\n\n\/* \u2500\u2500\u2500 SINGLE CARD \u2500\u2500\u2500 *\/\n.lk-stay-card {\n  background: #ffffff;\n  padding: 26px;\n  display: flex;\n  flex-direction: column;\n  gap: 11px;\n  transition: all 0.3s ease;\n  text-decoration: none;\n  color: inherit;\n  position: relative;\n}\n.lk-stay-card:hover {\n  background: #fffbf5;\n  transform: translateY(-2px);\n  box-shadow: 0 8px 24px rgba(195, 159, 118, 0.18);\n  z-index: 1;\n}\n.lk-stay-card.featured {\n  background: linear-gradient(135deg, #fffdf9 0%, #fff9f0 100%);\n  box-shadow: 0 4px 16px rgba(195, 159, 118, 0.15), inset 0 1px 0 rgba(195, 159, 118, 0.1);\n}\n.lk-stay-card.featured:hover {\n  background: linear-gradient(135deg, #fffbf5 0%, #fff8ed 100%);\n  box-shadow: 0 8px 24px rgba(195, 159, 118, 0.25), inset 0 1px 0 rgba(195, 159, 118, 0.15);\n}\n\n.lk-stay-badge {\n  display: inline-flex;\n  align-items: center;\n  gap: 5px;\n  font-size: 10px;\n  font-weight: 500;\n  letter-spacing: 1.5px;\n  text-transform: uppercase;\n  padding: 5px 11px;\n  border-radius: 20px;\n  width: fit-content;\n}\n.badge-top     { background: linear-gradient(135deg, #c39f76 0%, #d4b188 100%); color: #fff; border: 1px solid #c39f76; font-weight: 600; box-shadow: 0 2px 8px rgba(195,159,118,0.3); }\n.badge-luxury  { background: rgba(195,159,118,.12); color: #c39f76; border: 1px solid rgba(195,159,118,.25); }\n.badge-boutique{ background: rgba(54,133,252,.08); color: #3685fc; border: 1px solid rgba(54,133,252,.2); }\n.badge-nature  { background: rgba(130,190,100,.1); color: #6b9c4a; border: 1px solid rgba(130,190,100,.2); }\n.badge-remote  { background: rgba(195,159,118,.12); color: #a67e50; border: 1px solid rgba(195,159,118,.25); }\n\n.lk-stay-name {\n  font-family: 'Playfair Display', Georgia, serif;\n  font-size: 18px;\n  font-weight: 700;\n  color: #111827;\n  line-height: 1.3;\n}\n.lk-stay-desc {\n  font-size: 13.5px;\n  color: #525252;\n  line-height: 1.65;\n  font-weight: 300;\n  flex: 1;\n}\n\n.lk-stay-meta {\n  display: flex;\n  align-items: center;\n  gap: 12px;\n  flex-wrap: wrap;\n  margin-top: 4px;\n}\n.lk-stay-price {\n  font-size: 13px;\n  color: #6b7280;\n}\n.lk-stay-price strong {\n  color: #c39f76;\n  font-weight: 500;\n}\n.lk-stay-stars {\n  color: #c39f76;\n  font-size: 11px;\n  letter-spacing: 1px;\n}\n\n\/* \u2500\u2500\u2500 CTA BUTTON \u2500\u2500\u2500 *\/\n.lk-stay-cta {\n  display: inline-flex;\n  align-items: center;\n  justify-content: center;\n  gap: 7px;\n  margin-top: 8px;\n  padding: 11px 20px;\n  border-radius: 8px;\n  background: linear-gradient(135deg, #3685fc 0%, #2a6fd9 100%);\n  color: #fff;\n  font-size: 13px;\n  font-weight: 500;\n  text-decoration: none;\n  letter-spacing: .3px;\n  transition: all .2s ease;\n  cursor: pointer;\n  border: none;\n  text-align: center;\n  box-shadow: 0 4px 12px rgba(54, 133, 252, 0.25);\n}\n.lk-stay-cta:hover {\n  background: linear-gradient(135deg, #2a6fd9 0%, #1e5bc4 100%);\n  transform: translateY(-1px);\n  box-shadow: 0 6px 16px rgba(54, 133, 252, 0.35);\n}\n.lk-stay-cta svg { flex-shrink: 0; }\n\n\/* \u2500\u2500\u2500 FOOTER \u2500\u2500\u2500 *\/\n.lk-stays-footer {\n  padding: 18px 36px;\n  background: linear-gradient(to bottom, #fdfaf5 0%, #f9f4ed 100%);\n  border-top: 1px solid rgba(195, 159, 118, 0.15);\n  display: flex;\n  align-items: center;\n  justify-content: space-between;\n  flex-wrap: wrap;\n  gap: 12px;\n}\n.lk-stays-footer-note {\n  font-size: 11.5px;\n  color: #6b7280;\n  font-weight: 300;\n  line-height: 1.5;\n}\n.lk-stays-footer-note a {\n  color: #c39f76;\n  text-decoration: none;\n  font-weight: 400;\n}\n.lk-stays-footer-note a:hover {\n  text-decoration: underline;\n}\n.lk-stays-all-btn {\n  display: inline-flex;\n  align-items: center;\n  gap: 6px;\n  font-size: 12.5px;\n  font-weight: 500;\n  color: #c39f76;\n  text-decoration: none;\n  border: 1px solid rgba(195, 159, 118, 0.35);\n  padding: 8px 18px;\n  border-radius: 8px;\n  transition: all .2s ease;\n}\n.lk-stays-all-btn:hover {\n  background: rgba(195, 159, 118, 0.08);\n  border-color: rgba(195, 159, 118, 0.5);\n}\n\n\/* \u2500\u2500\u2500 RESPONSIVE \u2500\u2500\u2500 *\/\n@media (max-width: 600px) {\n  .lk-stays-grid { grid-template-columns: 1fr; }\n  .lk-stays-header { padding: 24px 20px; }\n  .lk-stays-footer { padding: 16px 20px; }\n  .lk-stay-card { padding: 22px; }\n  .lk-stays-title { font-size: 20px; }\n}\n<\/style>\n\n  <!-- HEADER -->\n  <div class=\"lk-stays-header\">\n    <img decoding=\"async\" src=\"https:\/\/loudavymkrokem.cz\/wp-content\/uploads\/2026\/02\/lukas-a-lucka.jpg\" alt=\"\" style=\"width: 75px; height: 75px; border-radius: 8px; flex-shrink: 0; object-fit: cover; display: block; margin: 4px 0;\" title=\"\">\n    <div class=\"lk-stays-header-text\">\n      <div class=\"lk-stays-eyebrow\">Luk\u00e1\u0161 a Lucie odpor\u00fa\u010daj\u00fa<\/div>\n      <div class=\"lk-stays-title\">Kde sa ubytova\u0165 vo Varne<\/div>\n      <div class=\"lk-stays-subtitle\">6 ubytovan\u00ed \u2014 wellness hotely, hotely a \u010fal\u0161ie mo\u017enosti ubytovania<\/div>\n    <\/div>\n  <\/div>\n\n  <!-- CARDS -->\n  <div class=\"lk-stays-grid\">\n\n    <a class=\"lk-stay-card featured\" href=\"https:\/\/www.stay22.com\/allez\/roam?aid=lukaskonecny&#038;campaign=loudavymkrokemcz&#038;campaign=sk&#038;campaign=varna&#038;hotelname=Modus%20Hotel&#038;address=Varna%2C%20Bulharsko\" target=\"_blank\" rel=\"nofollow noopener\">\n      <span class=\"lk-stay-badge badge-top\">\u2b50 TOP VO\u013dBA<\/span>\n      <span class=\"lk-stay-badge badge-nature\">\u2b50 Luxury<\/span>\n      <div class=\"lk-stay-name\">Modus Hotel<\/div>\n      <div class=\"lk-stay-desc\">\u0160pi\u010dkov\u00fd hotel v Gr\u00e9ckej \u0161tvrti, 130 metrov od Morskej z\u00e1hrady. Najlep\u0161ie hodnotenie i poloha v meste.<\/div>\n      <div class=\"lk-stay-meta\">\n        <span class=\"lk-stay-stars\">\u2605\u2605\u2605\u2605<\/span>\n        <span class=\"lk-stay-price\">Skontrolova\u0165 ceny<\/span>\n      <\/div>\n      <span class=\"lk-stay-cta\">\n        <svg width=\"14\" height=\"14\" viewBox=\"0 0 24 24\" fill=\"none\" stroke=\"currentColor\" stroke-width=\"2\"><path d=\"M18 13v6a2 2 0 0 1-2 2H5a2 2 0 0 1-2-2V8a2 2 0 0 1 2-2h6\"\/><polyline points=\"15 3 21 3 21 9\"\/><line x1=\"10\" y1=\"14\" x2=\"21\" y2=\"3\"\/><\/svg>\n        Skontrolova\u0165 dostupnos\u0165\n      <\/span>\n    <\/a>\n\n    <a class=\"lk-stay-card\" href=\"https:\/\/www.stay22.com\/allez\/roam?aid=lukaskonecny&#038;campaign=loudavymkrokemcz&#038;campaign=sk&#038;campaign=varna&#038;hotelname=Grand%20Hotel%20London&#038;address=Varna%2C%20Bulharsko\" target=\"_blank\" rel=\"nofollow noopener\">\n      <span class=\"lk-stay-badge badge-nature\">\ud83c\udfe8 Hotel<\/span>\n      <div class=\"lk-stay-name\">Grand Hotel London<\/div>\n      <div class=\"lk-stay-desc\">N\u00e1dhern\u00e1 secesn\u00e1 budova z roku 1912 priamo v centre Varny. Pre milovn\u00edkov hist\u00f3rie.<\/div>\n      <div class=\"lk-stay-meta\">\n        <span class=\"lk-stay-stars\">\u2605\u2605\u2605\u2605<\/span>\n        <span class=\"lk-stay-price\">Skontrolova\u0165 ceny<\/span>\n      <\/div>\n      <span class=\"lk-stay-cta\">\n        <svg width=\"14\" height=\"14\" viewBox=\"0 0 24 24\" fill=\"none\" stroke=\"currentColor\" stroke-width=\"2\"><path d=\"M18 13v6a2 2 0 0 1-2 2H5a2 2 0 0 1-2-2V8a2 2 0 0 1 2-2h6\"\/><polyline points=\"15 3 21 3 21 9\"\/><line x1=\"10\" y1=\"14\" x2=\"21\" y2=\"3\"\/><\/svg>\n        Skontrolova\u0165 dostupnos\u0165\n      <\/span>\n    <\/a>\n\n    <a class=\"lk-stay-card\" href=\"https:\/\/www.stay22.com\/allez\/roam?aid=lukaskonecny&#038;campaign=loudavymkrokemcz&#038;campaign=sk&#038;campaign=varna&#038;hotelname=Hotel%20Cherno%20More&#038;address=Varna%2C%20Bulharsko\" target=\"_blank\" rel=\"nofollow noopener\">\n      <span class=\"lk-stay-badge badge-nature\">\ud83c\udfe8 Hotel<\/span>\n      <div class=\"lk-stay-name\">Hotel Cherno More<\/div>\n      <div class=\"lk-stay-desc\">Zlat\u00e1 stredn\u00e1 cesta s balk\u00f3nmi s v\u00fdh\u013eadom na more. Stoj\u00ed pri vchode do parku.<\/div>\n      <div class=\"lk-stay-meta\">\n        <span class=\"lk-stay-stars\">\u2605\u2605\u2605\u2605<\/span>\n        <span class=\"lk-stay-price\">Skontrolova\u0165 ceny<\/span>\n      <\/div>\n      <span class=\"lk-stay-cta\">\n        <svg width=\"14\" height=\"14\" viewBox=\"0 0 24 24\" fill=\"none\" stroke=\"currentColor\" stroke-width=\"2\"><path d=\"M18 13v6a2 2 0 0 1-2 2H5a2 2 0 0 1-2-2V8a2 2 0 0 1 2-2h6\"\/><polyline points=\"15 3 21 3 21 9\"\/><line x1=\"10\" y1=\"14\" x2=\"21\" y2=\"3\"\/><\/svg>\n        Skontrolova\u0165 dostupnos\u0165\n      <\/span>\n    <\/a>\n\n    <a class=\"lk-stay-card\" href=\"https:\/\/www.stay22.com\/allez\/roam?aid=lukaskonecny&#038;campaign=loudavymkrokemcz&#038;campaign=sk&#038;campaign=varna&#038;hotelname=Boutique%20Splendid&#038;address=Varna%2C%20Bulharsko\" target=\"_blank\" rel=\"nofollow noopener\">\n      <span class=\"lk-stay-badge badge-nature\">\ud83c\udfe8 Hotel<\/span>\n      <div class=\"lk-stay-name\">Boutique Splendid<\/div>\n      <div class=\"lk-stay-desc\">Najbli\u017e\u0161ie k pam\u00e4tihodnostiam, necel\u00fdch sto metrov od katedr\u00e1ly Nanebovzatia Panny M\u00e1rie.<\/div>\n      <div class=\"lk-stay-meta\">\n        <span class=\"lk-stay-stars\">\u2605\u2605\u2605\u2605<\/span>\n        <span class=\"lk-stay-price\">Skontrolova\u0165 ceny<\/span>\n      <\/div>\n      <span class=\"lk-stay-cta\">\n        <svg width=\"14\" height=\"14\" viewBox=\"0 0 24 24\" fill=\"none\" stroke=\"currentColor\" stroke-width=\"2\"><path d=\"M18 13v6a2 2 0 0 1-2 2H5a2 2 0 0 1-2-2V8a2 2 0 0 1 2-2h6\"\/><polyline points=\"15 3 21 3 21 9\"\/><line x1=\"10\" y1=\"14\" x2=\"21\" y2=\"3\"\/><\/svg>\n        Skontrolova\u0165 dostupnos\u0165\n      <\/span>\n    <\/a>\n\n    <a class=\"lk-stay-card\" href=\"https:\/\/www.stay22.com\/allez\/roam?aid=lukaskonecny&#038;campaign=loudavymkrokemcz&#038;campaign=sk&#038;campaign=varna&#038;hotelname=Nomado%20hostel&#038;address=Varna%2C%20Bulharsko\" target=\"_blank\" rel=\"nofollow noopener\">\n      <span class=\"lk-stay-badge badge-nature\">\ud83c\udfe1 Pension\/B&#038;B<\/span>\n      <div class=\"lk-stay-name\">Nomado hostel<\/div>\n      <div class=\"lk-stay-desc\">V\u00fdborne hodnoten\u00fd low-cost hostel v centre mesta pre cestuj\u00facich s obmedzen\u00fdm rozpo\u010dtom.<\/div>\n      <div class=\"lk-stay-meta\">\n        <span class=\"lk-stay-stars\">\u2605\u2605\u2605\u2605<\/span>\n        <span class=\"lk-stay-price\">Skontrolova\u0165 ceny<\/span>\n      <\/div>\n      <span class=\"lk-stay-cta\">\n        <svg width=\"14\" height=\"14\" viewBox=\"0 0 24 24\" fill=\"none\" stroke=\"currentColor\" stroke-width=\"2\"><path d=\"M18 13v6a2 2 0 0 1-2 2H5a2 2 0 0 1-2-2V8a2 2 0 0 1 2-2h6\"\/><polyline points=\"15 3 21 3 21 9\"\/><line x1=\"10\" y1=\"14\" x2=\"21\" y2=\"3\"\/><\/svg>\n        Skontrolova\u0165 dostupnos\u0165\n      <\/span>\n    <\/a>\n\n    <a class=\"lk-stay-card\" href=\"https:\/\/www.stay22.com\/allez\/roam?aid=lukaskonecny&#038;campaign=loudavymkrokemcz&#038;campaign=sk&#038;campaign=varna&#038;address=Varna&#038;hotelname=Ensana+Aquahouse&#038;search=Ensana+Aquahouse&#038;category=accommodation\" target=\"_blank\" rel=\"nofollow noopener\">\n      <span class=\"lk-stay-badge badge-nature\">\u2b50 Luxury<\/span>\n      <div class=\"lk-stay-name\">Ensana Aquahouse<\/div>\n      <div class=\"lk-stay-desc\">Prv\u00fd hotel vo Varne zaraden\u00fd do Michelin Guide 2026. Term\u00e1lne pramene a\u017e 42\u00b0C.<\/div>\n      <div class=\"lk-stay-meta\">\n        <span class=\"lk-stay-stars\">\u2605\u2605\u2605\u2605<\/span>\n        <span class=\"lk-stay-price\">Skontrolova\u0165 ceny<\/span>\n      <\/div>\n      <span class=\"lk-stay-cta\">\n        <svg width=\"14\" height=\"14\" viewBox=\"0 0 24 24\" fill=\"none\" stroke=\"currentColor\" stroke-width=\"2\"><path d=\"M18 13v6a2 2 0 0 1-2 2H5a2 2 0 0 1-2-2V8a2 2 0 0 1 2-2h6\"\/><polyline points=\"15 3 21 3 21 9\"\/><line x1=\"10\" y1=\"14\" x2=\"21\" y2=\"3\"\/><\/svg>\n        Skontrolova\u0165 dostupnos\u0165\n      <\/span>\n    <\/a>\n\n  <\/div>\n\n  \n<\/div>\n\n\n\n\n<h2 class=\"wp-block-heading\"><span class=\"ez-toc-section\" id=\"Za_hranicami_centra\"><\/span>Za hranicami centra<span class=\"ez-toc-section-end\"><\/span><\/h2>\n\n\n\n<p class=\"wp-block-paragraph\">Ak sa vyd\u00e1\u0161 k\u00fasok \u010falej od historick\u00e9ho jadra, Varna ti odhal\u00ed \u010fal\u0161ie zo svojich vrstiev, \u010di u\u017e ide o pohnut\u00fa <strong>vojensk\u00fa hist\u00f3riu<\/strong>, alebo o <strong>pokojn\u00e9 predmestsk\u00e9 letovisk\u00e1<\/strong>.<\/p>\n\n\n\n<figure data-wp-context=\"{&quot;imageId&quot;:&quot;6a9c59800941f&quot;}\" data-wp-interactive=\"core\/image\" data-wp-key=\"6a9c59800941f\" class=\"wp-block-image size-full wp-lightbox-container\"><img decoding=\"async\" width=\"1800\" height=\"1355\" data-wp-class--hide=\"state.isContentHidden\" data-wp-class--show=\"state.isContentVisible\" data-wp-init=\"callbacks.setButtonStyles\" data-wp-on--click=\"actions.showLightbox\" data-wp-on--load=\"callbacks.setButtonStyles\" data-wp-on--pointerdown=\"actions.preloadImage\" data-wp-on--pointerenter=\"actions.preloadImageWithDelay\" data-wp-on--pointerleave=\"actions.cancelPreload\" data-wp-on-window--resize=\"callbacks.setButtonStyles\" src=\"https:\/\/loudavymkrokem.cz\/wp-content\/uploads\/2026\/08\/bulharsko-research-varna-20-7df8a708.jpg\" alt=\"Park-m\u00fazeum Vladislava Varnen\u010dika vo Varne\" class=\"wp-image-407795\" title=\"\" srcset=\"https:\/\/loudavymkrokem.cz\/wp-content\/uploads\/2026\/08\/bulharsko-research-varna-20-7df8a708.jpg 1800w, https:\/\/loudavymkrokem.cz\/wp-content\/uploads\/2026\/08\/bulharsko-research-varna-20-7df8a708-300x226.jpg 300w, https:\/\/loudavymkrokem.cz\/wp-content\/uploads\/2026\/08\/bulharsko-research-varna-20-7df8a708-700x527.jpg 700w, https:\/\/loudavymkrokem.cz\/wp-content\/uploads\/2026\/08\/bulharsko-research-varna-20-7df8a708-768x578.jpg 768w, https:\/\/loudavymkrokem.cz\/wp-content\/uploads\/2026\/08\/bulharsko-research-varna-20-7df8a708-1536x1156.jpg 1536w, https:\/\/loudavymkrokem.cz\/wp-content\/uploads\/2026\/08\/bulharsko-research-varna-20-7df8a708-80x60.jpg 80w, https:\/\/loudavymkrokem.cz\/wp-content\/uploads\/2026\/08\/bulharsko-research-varna-20-7df8a708-160x120.jpg 160w, https:\/\/loudavymkrokem.cz\/wp-content\/uploads\/2026\/08\/bulharsko-research-varna-20-7df8a708-696x524.jpg 696w, https:\/\/loudavymkrokem.cz\/wp-content\/uploads\/2026\/08\/bulharsko-research-varna-20-7df8a708-1392x1048.jpg 1392w\" sizes=\"(max-width: 1800px) 100vw, 1800px\" \/><button\n\t\t\tclass=\"lightbox-trigger\"\n\t\t\ttype=\"button\"\n\t\t\taria-haspopup=\"dialog\"\n\t\t\tdata-wp-bind--aria-label=\"state.thisImage.triggerButtonAriaLabel\"\n\t\t\tdata-wp-init=\"callbacks.initTriggerButton\"\n\t\t\tdata-wp-on--click=\"actions.showLightbox\"\n\t\t\tdata-wp-style--right=\"state.thisImage.buttonRight\"\n\t\t\tdata-wp-style--top=\"state.thisImage.buttonTop\"\n\t\t>\n\t\t\t<svg xmlns=\"http:\/\/www.w3.org\/2000\/svg\" width=\"12\" height=\"12\" fill=\"none\" viewBox=\"0 0 12 12\">\n\t\t\t\t<path fill=\"#fff\" d=\"M2 0a2 2 0 0 0-2 2v2h1.5V2a.5.5 0 0 1 .5-.5h2V0H2Zm2 10.5H2a.5.5 0 0 1-.5-.5V8H0v2a2 2 0 0 0 2 2h2v-1.5ZM8 12v-1.5h2a.5.5 0 0 0 .5-.5V8H12v2a2 2 0 0 1-2 2H8Zm2-12a2 2 0 0 1 2 2v2h-1.5V2a.5.5 0 0 0-.5-.5H8V0h2Z\" \/>\n\t\t\t<\/svg>\n\t\t<\/button><figcaption class=\"wp-element-caption\">Foto: Micha\u0142 Derela, CC BY-SA 4.0 (Wikimedia Commons)<\/figcaption><\/figure>\n\n\n\n<h3 class=\"wp-block-heading\"><span class=\"ez-toc-section\" id=\"14_Park-muzeum_Vladislava_Varnencika\"><\/span>14. Park-m\u00fazeum Vladislava Varnen\u010dika<span class=\"ez-toc-section-end\"><\/span><\/h3>\n\n\n\n<p class=\"wp-block-paragraph\">Tento tridsa\u0165hekt\u00e1rov\u00fd park stoj\u00ed presne na mieste krvav\u00e9ho bojiska z 10. novembra 1444, kde vojsk\u00e1 kres\u0165anskej aliancie pod\u013eahli osmanskej presile. V bitke padol iba dvadsa\u0165ro\u010dn\u00fd po\u013esk\u00fd a uhorsk\u00fd kr\u00e1\u013e Vladislav III., ktor\u00fd pod\u013ea tohto miesta z\u00edskal pr\u00edmenie Varnen\u010dik. V bitke bojovali aj <strong>\u010desk\u00ed a rus\u00ednski \u017eoldnieri<\/strong>, ktor\u00ed tu na obranu pou\u017eili tradi\u010dn\u00fa husitsk\u00fa vozov\u00fa hradbu vybaven\u00fa bombardami. \ud83d\udca1 <strong>Tip:<\/strong> Telo mlad\u00e9ho kr\u00e1\u013ea sa nikdy nena\u0161lo. V parku preto stoj\u00ed symbolick\u00e9 mauz\u00f3leum vybudovan\u00e9 v opustenej tr\u00e1ckej mohyle. Vstupn\u00e9 stoj\u00ed 4,09 \u20ac a niektor\u00e9 expon\u00e1ty sem darovali priamo m\u00faze\u00e1 z Prahy.<\/p>\n\n\n\n<figure data-wp-context=\"{&quot;imageId&quot;:&quot;6a9c59800989b&quot;}\" data-wp-interactive=\"core\/image\" data-wp-key=\"6a9c59800989b\" class=\"wp-block-image size-full wp-lightbox-container\"><img decoding=\"async\" width=\"1800\" height=\"1350\" data-wp-class--hide=\"state.isContentHidden\" data-wp-class--show=\"state.isContentVisible\" data-wp-init=\"callbacks.setButtonStyles\" data-wp-on--click=\"actions.showLightbox\" data-wp-on--load=\"callbacks.setButtonStyles\" data-wp-on--pointerdown=\"actions.preloadImage\" data-wp-on--pointerenter=\"actions.preloadImageWithDelay\" data-wp-on--pointerleave=\"actions.cancelPreload\" data-wp-on-window--resize=\"callbacks.setButtonStyles\" src=\"https:\/\/loudavymkrokem.cz\/wp-content\/uploads\/2026\/08\/bulharsko-research-varna-21-f5e596df.jpg\" alt=\"\u0160irok\u00e1 pieso\u010dn\u00e1 pl\u00e1\u017e vo varnenskej \u0161tvrti Asparuchovo\" class=\"wp-image-407796\" title=\"\" srcset=\"https:\/\/loudavymkrokem.cz\/wp-content\/uploads\/2026\/08\/bulharsko-research-varna-21-f5e596df.jpg 1800w, https:\/\/loudavymkrokem.cz\/wp-content\/uploads\/2026\/08\/bulharsko-research-varna-21-f5e596df-300x225.jpg 300w, https:\/\/loudavymkrokem.cz\/wp-content\/uploads\/2026\/08\/bulharsko-research-varna-21-f5e596df-700x525.jpg 700w, https:\/\/loudavymkrokem.cz\/wp-content\/uploads\/2026\/08\/bulharsko-research-varna-21-f5e596df-768x576.jpg 768w, https:\/\/loudavymkrokem.cz\/wp-content\/uploads\/2026\/08\/bulharsko-research-varna-21-f5e596df-1536x1152.jpg 1536w, https:\/\/loudavymkrokem.cz\/wp-content\/uploads\/2026\/08\/bulharsko-research-varna-21-f5e596df-80x60.jpg 80w, https:\/\/loudavymkrokem.cz\/wp-content\/uploads\/2026\/08\/bulharsko-research-varna-21-f5e596df-160x120.jpg 160w, https:\/\/loudavymkrokem.cz\/wp-content\/uploads\/2026\/08\/bulharsko-research-varna-21-f5e596df-696x522.jpg 696w, https:\/\/loudavymkrokem.cz\/wp-content\/uploads\/2026\/08\/bulharsko-research-varna-21-f5e596df-1392x1044.jpg 1392w\" sizes=\"(max-width: 1800px) 100vw, 1800px\" \/><button\n\t\t\tclass=\"lightbox-trigger\"\n\t\t\ttype=\"button\"\n\t\t\taria-haspopup=\"dialog\"\n\t\t\tdata-wp-bind--aria-label=\"state.thisImage.triggerButtonAriaLabel\"\n\t\t\tdata-wp-init=\"callbacks.initTriggerButton\"\n\t\t\tdata-wp-on--click=\"actions.showLightbox\"\n\t\t\tdata-wp-style--right=\"state.thisImage.buttonRight\"\n\t\t\tdata-wp-style--top=\"state.thisImage.buttonTop\"\n\t\t>\n\t\t\t<svg xmlns=\"http:\/\/www.w3.org\/2000\/svg\" width=\"12\" height=\"12\" fill=\"none\" viewBox=\"0 0 12 12\">\n\t\t\t\t<path fill=\"#fff\" d=\"M2 0a2 2 0 0 0-2 2v2h1.5V2a.5.5 0 0 1 .5-.5h2V0H2Zm2 10.5H2a.5.5 0 0 1-.5-.5V8H0v2a2 2 0 0 0 2 2h2v-1.5ZM8 12v-1.5h2a.5.5 0 0 0 .5-.5V8H12v2a2 2 0 0 1-2 2H8Zm2-12a2 2 0 0 1 2 2v2h-1.5V2a.5.5 0 0 0-.5-.5H8V0h2Z\" \/>\n\t\t\t<\/svg>\n\t\t<\/button><figcaption class=\"wp-element-caption\">Foto: Dobrin Gueorguiev (Google Maps)<\/figcaption><\/figure>\n\n\n\n<h3 class=\"wp-block-heading\"><span class=\"ez-toc-section\" id=\"15_Plaz_Asparuchovo\"><\/span>15. Pl\u00e1\u017e Asparuchovo<span class=\"ez-toc-section-end\"><\/span><\/h3>\n\n\n\n<p class=\"wp-block-paragraph\">Ak \u0165a unavuje ruch centr\u00e1lnych pl\u00e1\u017e\u00ed, prejdi cez ve\u013ek\u00fd most na juh do \u0161tvrte Asparuchovo. Tunaj\u0161ia pl\u00e1\u017e je <strong>vy\u0161e kilometra dlh\u00e1 a miestami a\u017e sto metrov \u0161irok\u00e1<\/strong>. Nie je v\u00f4bec vyh\u013ead\u00e1van\u00e1 masov\u00fdm turizmom, pon\u00faka n\u00e1dherne jemn\u00fd piesok, pokoj a dostatok zelene. Dlhodobo patr\u00ed k t\u00fdm v\u00f4bec naj\u010distej\u0161\u00edm v celom meste. Asparuchovo m\u00e1 aj ne\u010dakan\u00fa \u010desk\u00fa stopu. Je tu pochovan\u00fd <strong>Hermenegild \u0160korpil<\/strong> (1858 Vysok\u00e9 M\u00fdto \u2013 1923 Varna), pr\u00edrodovedec a brat Karla \u0160korpila, s ktor\u00fdm zakladal varnensk\u00e9 Archeologick\u00e9 m\u00fazeum. Le\u017e\u00ed priamo v archeologickej lokalite, ktor\u00fa s\u00e1m sk\u00famal. \ud83d\udca1 <strong>Tip:<\/strong> Pr\u00e1ve v Asparuchove n\u00e1jde\u0161 tie najlacnej\u0161ie a najlep\u0161ie hodnoten\u00e9 rybie re\u0161taur\u00e1cie, kam chodia jes\u0165 preva\u017ene miestni obyvatelia.<\/p>\n\n\n\n<figure data-wp-context=\"{&quot;imageId&quot;:&quot;6a9c598009d6e&quot;}\" data-wp-interactive=\"core\/image\" data-wp-key=\"6a9c598009d6e\" class=\"wp-block-image size-full wp-lightbox-container\"><img decoding=\"async\" width=\"1800\" height=\"1350\" data-wp-class--hide=\"state.isContentHidden\" data-wp-class--show=\"state.isContentVisible\" data-wp-init=\"callbacks.setButtonStyles\" data-wp-on--click=\"actions.showLightbox\" data-wp-on--load=\"callbacks.setButtonStyles\" data-wp-on--pointerdown=\"actions.preloadImage\" data-wp-on--pointerenter=\"actions.preloadImageWithDelay\" data-wp-on--pointerleave=\"actions.cancelPreload\" data-wp-on-window--resize=\"callbacks.setButtonStyles\" src=\"https:\/\/loudavymkrokem.cz\/wp-content\/uploads\/2026\/08\/bulharsko-research-varna-22-19b9282d.jpg\" alt=\"Pl\u00e1\u017e a hotely v letovisku Sv. Kon\u0161tant\u00edn a Elena pri Varne\" class=\"wp-image-407797\" title=\"\" srcset=\"https:\/\/loudavymkrokem.cz\/wp-content\/uploads\/2026\/08\/bulharsko-research-varna-22-19b9282d.jpg 1800w, https:\/\/loudavymkrokem.cz\/wp-content\/uploads\/2026\/08\/bulharsko-research-varna-22-19b9282d-300x225.jpg 300w, https:\/\/loudavymkrokem.cz\/wp-content\/uploads\/2026\/08\/bulharsko-research-varna-22-19b9282d-700x525.jpg 700w, https:\/\/loudavymkrokem.cz\/wp-content\/uploads\/2026\/08\/bulharsko-research-varna-22-19b9282d-768x576.jpg 768w, https:\/\/loudavymkrokem.cz\/wp-content\/uploads\/2026\/08\/bulharsko-research-varna-22-19b9282d-1536x1152.jpg 1536w, https:\/\/loudavymkrokem.cz\/wp-content\/uploads\/2026\/08\/bulharsko-research-varna-22-19b9282d-80x60.jpg 80w, https:\/\/loudavymkrokem.cz\/wp-content\/uploads\/2026\/08\/bulharsko-research-varna-22-19b9282d-160x120.jpg 160w, https:\/\/loudavymkrokem.cz\/wp-content\/uploads\/2026\/08\/bulharsko-research-varna-22-19b9282d-696x522.jpg 696w, https:\/\/loudavymkrokem.cz\/wp-content\/uploads\/2026\/08\/bulharsko-research-varna-22-19b9282d-1392x1044.jpg 1392w\" sizes=\"(max-width: 1800px) 100vw, 1800px\" \/><button\n\t\t\tclass=\"lightbox-trigger\"\n\t\t\ttype=\"button\"\n\t\t\taria-haspopup=\"dialog\"\n\t\t\tdata-wp-bind--aria-label=\"state.thisImage.triggerButtonAriaLabel\"\n\t\t\tdata-wp-init=\"callbacks.initTriggerButton\"\n\t\t\tdata-wp-on--click=\"actions.showLightbox\"\n\t\t\tdata-wp-style--right=\"state.thisImage.buttonRight\"\n\t\t\tdata-wp-style--top=\"state.thisImage.buttonTop\"\n\t\t>\n\t\t\t<svg xmlns=\"http:\/\/www.w3.org\/2000\/svg\" width=\"12\" height=\"12\" fill=\"none\" viewBox=\"0 0 12 12\">\n\t\t\t\t<path fill=\"#fff\" d=\"M2 0a2 2 0 0 0-2 2v2h1.5V2a.5.5 0 0 1 .5-.5h2V0H2Zm2 10.5H2a.5.5 0 0 1-.5-.5V8H0v2a2 2 0 0 0 2 2h2v-1.5ZM8 12v-1.5h2a.5.5 0 0 0 .5-.5V8H12v2a2 2 0 0 1-2 2H8Zm2-12a2 2 0 0 1 2 2v2h-1.5V2a.5.5 0 0 0-.5-.5H8V0h2Z\" \/>\n\t\t\t<\/svg>\n\t\t<\/button><figcaption class=\"wp-element-caption\">Foto: Mariana Negrea (Google Maps)<\/figcaption><\/figure>\n\n\n\n<h3 class=\"wp-block-heading\"><span class=\"ez-toc-section\" id=\"16_Sv_Konstantin_a_Elena\"><\/span>16. Sv. Kon\u0161tant\u00edn a Elena<span class=\"ez-toc-section-end\"><\/span><\/h3>\n\n\n\n<p class=\"wp-block-paragraph\">Len 9 kilometrov severne od centra le\u017e\u00ed v\u00f4bec najstar\u0161ie bulharsk\u00e9 pr\u00edmorsk\u00e9 letovisko. Kedysi sa volalo Dru\u017eba a dnes je vyhl\u00e1sen\u00e9 predov\u0161etk\u00fdm svojimi term\u00e1lnymi prame\u0148mi. N\u00e1jde\u0161 tu roz\u013eahl\u00fd Aquahouse Thermal &amp; Beach so \u0161trn\u00e1stimi baz\u00e9nmi a vodou teplou a\u017e 42 \u00b0C. Letovisko je obklopen\u00e9 zelen\u00fdmi parkmi a pon\u00faka nesmierny pokoj. \ud83d\udca1 <strong>Tip:<\/strong> Kvalita tunaj\u0161\u00edch slu\u017eieb je na takej \u00farovni, \u017ee sa miestny hotel Ensana Aquahouse v auguste 2026 stal <strong>prv\u00fdm hotelom vo Varne zaraden\u00fdm do prest\u00ed\u017eneho sprievodcu Michelin Guide<\/strong> (zatia\u013e \u010do hlavn\u00e9 mesto Sofia nem\u00e1 dodnes ani jeden).<\/p>\n\n\n\n<figure data-wp-context=\"{&quot;imageId&quot;:&quot;6a9c59800a242&quot;}\" data-wp-interactive=\"core\/image\" data-wp-key=\"6a9c59800a242\" class=\"wp-block-image size-full wp-lightbox-container\"><img decoding=\"async\" width=\"1800\" height=\"1350\" data-wp-class--hide=\"state.isContentHidden\" data-wp-class--show=\"state.isContentVisible\" data-wp-init=\"callbacks.setButtonStyles\" data-wp-on--click=\"actions.showLightbox\" data-wp-on--load=\"callbacks.setButtonStyles\" data-wp-on--pointerdown=\"actions.preloadImage\" data-wp-on--pointerenter=\"actions.preloadImageWithDelay\" data-wp-on--pointerleave=\"actions.cancelPreload\" data-wp-on-window--resize=\"callbacks.setButtonStyles\" src=\"https:\/\/loudavymkrokem.cz\/wp-content\/uploads\/2026\/08\/bulharsko-research-varna-23-e2205d32.jpg\" alt=\"Skaln\u00fd mas\u00edv pri Madare, kde je vytesan\u00fd Madarsk\u00fd jazdec\" class=\"wp-image-407798\" title=\"\" srcset=\"https:\/\/loudavymkrokem.cz\/wp-content\/uploads\/2026\/08\/bulharsko-research-varna-23-e2205d32.jpg 1800w, https:\/\/loudavymkrokem.cz\/wp-content\/uploads\/2026\/08\/bulharsko-research-varna-23-e2205d32-300x225.jpg 300w, https:\/\/loudavymkrokem.cz\/wp-content\/uploads\/2026\/08\/bulharsko-research-varna-23-e2205d32-700x525.jpg 700w, https:\/\/loudavymkrokem.cz\/wp-content\/uploads\/2026\/08\/bulharsko-research-varna-23-e2205d32-768x576.jpg 768w, https:\/\/loudavymkrokem.cz\/wp-content\/uploads\/2026\/08\/bulharsko-research-varna-23-e2205d32-1536x1152.jpg 1536w, https:\/\/loudavymkrokem.cz\/wp-content\/uploads\/2026\/08\/bulharsko-research-varna-23-e2205d32-80x60.jpg 80w, https:\/\/loudavymkrokem.cz\/wp-content\/uploads\/2026\/08\/bulharsko-research-varna-23-e2205d32-160x120.jpg 160w, https:\/\/loudavymkrokem.cz\/wp-content\/uploads\/2026\/08\/bulharsko-research-varna-23-e2205d32-696x522.jpg 696w, https:\/\/loudavymkrokem.cz\/wp-content\/uploads\/2026\/08\/bulharsko-research-varna-23-e2205d32-1392x1044.jpg 1392w\" sizes=\"(max-width: 1800px) 100vw, 1800px\" \/><button\n\t\t\tclass=\"lightbox-trigger\"\n\t\t\ttype=\"button\"\n\t\t\taria-haspopup=\"dialog\"\n\t\t\tdata-wp-bind--aria-label=\"state.thisImage.triggerButtonAriaLabel\"\n\t\t\tdata-wp-init=\"callbacks.initTriggerButton\"\n\t\t\tdata-wp-on--click=\"actions.showLightbox\"\n\t\t\tdata-wp-style--right=\"state.thisImage.buttonRight\"\n\t\t\tdata-wp-style--top=\"state.thisImage.buttonTop\"\n\t\t>\n\t\t\t<svg xmlns=\"http:\/\/www.w3.org\/2000\/svg\" width=\"12\" height=\"12\" fill=\"none\" viewBox=\"0 0 12 12\">\n\t\t\t\t<path fill=\"#fff\" d=\"M2 0a2 2 0 0 0-2 2v2h1.5V2a.5.5 0 0 1 .5-.5h2V0H2Zm2 10.5H2a.5.5 0 0 1-.5-.5V8H0v2a2 2 0 0 0 2 2h2v-1.5ZM8 12v-1.5h2a.5.5 0 0 0 .5-.5V8H12v2a2 2 0 0 1-2 2H8Zm2-12a2 2 0 0 1 2 2v2h-1.5V2a.5.5 0 0 0-.5-.5H8V0h2Z\" \/>\n\t\t\t<\/svg>\n\t\t<\/button><figcaption class=\"wp-element-caption\">Foto: valeri mladenov (Google Maps)<\/figcaption><\/figure>\n\n\n\n<h2 class=\"wp-block-heading\"><span class=\"ez-toc-section\" id=\"Vylety_z_Varny\"><\/span>V\u00fdlety z Varny<span class=\"ez-toc-section-end\"><\/span><\/h2>\n\n\n\n<p class=\"wp-block-paragraph\">Ke\u010f si prezrie\u0161 samotn\u00e9 mesto, oplat\u00ed sa <strong>po\u017ei\u010da\u0165 si auto<\/strong>. Okolie Varny ukr\u00fdva <strong>pr\u00edrodn\u00e9 \u00fakazy a pamiatky<\/strong>, ktor\u00e9 nemaj\u00fa v Eur\u00f3pe obdobu.<\/p>\n\n\n\n<figure data-wp-context=\"{&quot;imageId&quot;:&quot;6a9c59800a6ac&quot;}\" data-wp-interactive=\"core\/image\" data-wp-key=\"6a9c59800a6ac\" class=\"wp-block-image size-full wp-lightbox-container\"><img decoding=\"async\" width=\"1800\" height=\"1200\" data-wp-class--hide=\"state.isContentHidden\" data-wp-class--show=\"state.isContentVisible\" data-wp-init=\"callbacks.setButtonStyles\" data-wp-on--click=\"actions.showLightbox\" data-wp-on--load=\"callbacks.setButtonStyles\" data-wp-on--pointerdown=\"actions.preloadImage\" data-wp-on--pointerenter=\"actions.preloadImageWithDelay\" data-wp-on--pointerleave=\"actions.cancelPreload\" data-wp-on-window--resize=\"callbacks.setButtonStyles\" src=\"https:\/\/loudavymkrokem.cz\/wp-content\/uploads\/2026\/08\/bulharsko-research-varna-24-368732fd.jpg\" alt=\"Pal\u00e1c a botanick\u00e1 z\u00e1hrada v Bal\u010diku\" class=\"wp-image-407799\" title=\"\" srcset=\"https:\/\/loudavymkrokem.cz\/wp-content\/uploads\/2026\/08\/bulharsko-research-varna-24-368732fd.jpg 1800w, https:\/\/loudavymkrokem.cz\/wp-content\/uploads\/2026\/08\/bulharsko-research-varna-24-368732fd-300x200.jpg 300w, https:\/\/loudavymkrokem.cz\/wp-content\/uploads\/2026\/08\/bulharsko-research-varna-24-368732fd-700x467.jpg 700w, https:\/\/loudavymkrokem.cz\/wp-content\/uploads\/2026\/08\/bulharsko-research-varna-24-368732fd-768x512.jpg 768w, https:\/\/loudavymkrokem.cz\/wp-content\/uploads\/2026\/08\/bulharsko-research-varna-24-368732fd-1536x1024.jpg 1536w, https:\/\/loudavymkrokem.cz\/wp-content\/uploads\/2026\/08\/bulharsko-research-varna-24-368732fd-696x464.jpg 696w, https:\/\/loudavymkrokem.cz\/wp-content\/uploads\/2026\/08\/bulharsko-research-varna-24-368732fd-1392x928.jpg 1392w\" sizes=\"(max-width: 1800px) 100vw, 1800px\" \/><button\n\t\t\tclass=\"lightbox-trigger\"\n\t\t\ttype=\"button\"\n\t\t\taria-haspopup=\"dialog\"\n\t\t\tdata-wp-bind--aria-label=\"state.thisImage.triggerButtonAriaLabel\"\n\t\t\tdata-wp-init=\"callbacks.initTriggerButton\"\n\t\t\tdata-wp-on--click=\"actions.showLightbox\"\n\t\t\tdata-wp-style--right=\"state.thisImage.buttonRight\"\n\t\t\tdata-wp-style--top=\"state.thisImage.buttonTop\"\n\t\t>\n\t\t\t<svg xmlns=\"http:\/\/www.w3.org\/2000\/svg\" width=\"12\" height=\"12\" fill=\"none\" viewBox=\"0 0 12 12\">\n\t\t\t\t<path fill=\"#fff\" d=\"M2 0a2 2 0 0 0-2 2v2h1.5V2a.5.5 0 0 1 .5-.5h2V0H2Zm2 10.5H2a.5.5 0 0 1-.5-.5V8H0v2a2 2 0 0 0 2 2h2v-1.5ZM8 12v-1.5h2a.5.5 0 0 0 .5-.5V8H12v2a2 2 0 0 1-2 2H8Zm2-12a2 2 0 0 1 2 2v2h-1.5V2a.5.5 0 0 0-.5-.5H8V0h2Z\" \/>\n\t\t\t<\/svg>\n\t\t<\/button><figcaption class=\"wp-element-caption\">Foto: Dan Kollmann, CC BY-SA 4.0 (Wikimedia Commons)<\/figcaption><\/figure>\n\n\n\n<h3 class=\"wp-block-heading\"><span class=\"ez-toc-section\" id=\"17_Palac_a_zahrady_Balcik\"><\/span>17. Pal\u00e1c a z\u00e1hrady Bal\u010dik<span class=\"ez-toc-section-end\"><\/span><\/h3>\n\n\n\n<p class=\"wp-block-paragraph\">Asi 40 min\u00fat jazdy severne od Varny le\u017e\u00ed p\u00f4vabn\u00e9 meste\u010dko Bal\u010dik. Rumunsk\u00e1 kr\u00e1\u013eovn\u00e1 M\u00e1ria si ho nato\u013eko zamilovala, \u017ee si tu nechala postavi\u0165 letn\u00e9 s\u00eddlo, ktor\u00e9mu hovorila Tich\u00e9 hniezdo. Vila je obklopen\u00e1 \u00faplne \u00fachvatnou botanickou z\u00e1hradou, ktor\u00e1 sa zva\u017euje v teras\u00e1ch a\u017e k moru. Jej rozsiahla zbierka kaktusov b\u00fdva v sprievodcoch ozna\u010dovan\u00e1 za jednu z najv\u00e4\u010d\u0161\u00edch v Eur\u00f3pe. \ud83d\udca1 <strong>Tip:<\/strong> <strong>Kombinovan\u00fd l\u00edstok neexistuje!<\/strong> Mus\u00ed\u0161 si k\u00fapi\u0165 zvl\u00e1\u0161\u0165 vstup do pal\u00e1ca (10 \u20ac) a zvl\u00e1\u0161\u0165 do z\u00e1hrad (10 \u20ac). Daj si pozor na detsk\u00e9 z\u013eavy: zatia\u013e \u010do do pal\u00e1ca id\u00fa deti zdarma do 6 rokov, z\u00e1hrada ich pust\u00ed zdarma len do 4 rokov.<\/p>\n\n\n\n<figure data-wp-context=\"{&quot;imageId&quot;:&quot;6a9c59800aae0&quot;}\" data-wp-interactive=\"core\/image\" data-wp-key=\"6a9c59800aae0\" class=\"wp-block-image size-full wp-lightbox-container\"><img decoding=\"async\" width=\"1800\" height=\"1080\" data-wp-class--hide=\"state.isContentHidden\" data-wp-class--show=\"state.isContentVisible\" data-wp-init=\"callbacks.setButtonStyles\" data-wp-on--click=\"actions.showLightbox\" data-wp-on--load=\"callbacks.setButtonStyles\" data-wp-on--pointerdown=\"actions.preloadImage\" data-wp-on--pointerenter=\"actions.preloadImageWithDelay\" data-wp-on--pointerleave=\"actions.cancelPreload\" data-wp-on-window--resize=\"callbacks.setButtonStyles\" src=\"https:\/\/loudavymkrokem.cz\/wp-content\/uploads\/2026\/08\/bulharsko-research-varna-25-5c253189.jpg\" alt=\"\u00datesy mysu Kaliakra\" class=\"wp-image-407800\" title=\"\" srcset=\"https:\/\/loudavymkrokem.cz\/wp-content\/uploads\/2026\/08\/bulharsko-research-varna-25-5c253189.jpg 1800w, https:\/\/loudavymkrokem.cz\/wp-content\/uploads\/2026\/08\/bulharsko-research-varna-25-5c253189-300x180.jpg 300w, https:\/\/loudavymkrokem.cz\/wp-content\/uploads\/2026\/08\/bulharsko-research-varna-25-5c253189-700x420.jpg 700w, https:\/\/loudavymkrokem.cz\/wp-content\/uploads\/2026\/08\/bulharsko-research-varna-25-5c253189-768x461.jpg 768w, https:\/\/loudavymkrokem.cz\/wp-content\/uploads\/2026\/08\/bulharsko-research-varna-25-5c253189-1536x922.jpg 1536w, https:\/\/loudavymkrokem.cz\/wp-content\/uploads\/2026\/08\/bulharsko-research-varna-25-5c253189-696x418.jpg 696w, https:\/\/loudavymkrokem.cz\/wp-content\/uploads\/2026\/08\/bulharsko-research-varna-25-5c253189-1392x835.jpg 1392w\" sizes=\"(max-width: 1800px) 100vw, 1800px\" \/><button\n\t\t\tclass=\"lightbox-trigger\"\n\t\t\ttype=\"button\"\n\t\t\taria-haspopup=\"dialog\"\n\t\t\tdata-wp-bind--aria-label=\"state.thisImage.triggerButtonAriaLabel\"\n\t\t\tdata-wp-init=\"callbacks.initTriggerButton\"\n\t\t\tdata-wp-on--click=\"actions.showLightbox\"\n\t\t\tdata-wp-style--right=\"state.thisImage.buttonRight\"\n\t\t\tdata-wp-style--top=\"state.thisImage.buttonTop\"\n\t\t>\n\t\t\t<svg xmlns=\"http:\/\/www.w3.org\/2000\/svg\" width=\"12\" height=\"12\" fill=\"none\" viewBox=\"0 0 12 12\">\n\t\t\t\t<path fill=\"#fff\" d=\"M2 0a2 2 0 0 0-2 2v2h1.5V2a.5.5 0 0 1 .5-.5h2V0H2Zm2 10.5H2a.5.5 0 0 1-.5-.5V8H0v2a2 2 0 0 0 2 2h2v-1.5ZM8 12v-1.5h2a.5.5 0 0 0 .5-.5V8H12v2a2 2 0 0 1-2 2H8Zm2-12a2 2 0 0 1 2 2v2h-1.5V2a.5.5 0 0 0-.5-.5H8V0h2Z\" \/>\n\t\t\t<\/svg>\n\t\t<\/button><figcaption class=\"wp-element-caption\">Foto: Dan Kollmann, CC BY-SA 4.0 (Wikimedia Commons)<\/figcaption><\/figure>\n\n\n\n<h3 class=\"wp-block-heading\"><span class=\"ez-toc-section\" id=\"18_Mys_Kaliakra\"><\/span>18. Mys Kaliakra<span class=\"ez-toc-section-end\"><\/span><\/h3>\n\n\n\n<p class=\"wp-block-paragraph\">K\u00fasok za Bal\u010dikom sa do mora zarez\u00e1va dvojkilometrov\u00fd skalnat\u00fd v\u00fdbe\u017eok mysu Kaliakra. A\u017e 70 metrov vysok\u00e9 nachov\u00e9 \u00fatesy padaj\u00fa kolmo do v\u013an a vytv\u00e1raj\u00fa tak jedno z najfotogenickej\u0161\u00edch miest bulharsk\u00e9ho pobre\u017eia. Miesto m\u00e1 bohat\u00fa hist\u00f3riu od tr\u00e1ckeho os\u00eddlenia a\u017e po hlavn\u00e9 mesto stredovek\u00e9ho Dobrud\u017eansk\u00e9ho despot\u00e1tu. Pod\u013ea legendy z t\u00fdchto \u00fatesov sko\u010dilo 40 panien so zviazan\u00fdmi vlasmi, aby nepadli do osmansk\u00e9ho zajatia. \ud83d\udca1 <strong>Tip:<\/strong> Vstup do are\u00e1lu stoj\u00ed pod\u013ea n\u00e1v\u0161tevn\u00edkov zhruba 3 \u20ac. Bez auta sa sem dostane\u0161 len ve\u013emi \u0165a\u017eko, autobus ide z Varny iba do Kavarny a zvy\u0161ok mus\u00ed\u0161 d\u00f4js\u0165 tax\u00edkom. O\u010di maj na stopk\u00e1ch, z \u00fatesov sa daj\u00fa \u010dasto pozorova\u0165 delf\u00edny.<\/p>\n\n\n\n<figure data-wp-context=\"{&quot;imageId&quot;:&quot;6a9c59800afc9&quot;}\" data-wp-interactive=\"core\/image\" data-wp-key=\"6a9c59800afc9\" class=\"wp-block-image size-full wp-lightbox-container\"><img decoding=\"async\" width=\"1800\" height=\"1350\" data-wp-class--hide=\"state.isContentHidden\" data-wp-class--show=\"state.isContentVisible\" data-wp-init=\"callbacks.setButtonStyles\" data-wp-on--click=\"actions.showLightbox\" data-wp-on--load=\"callbacks.setButtonStyles\" data-wp-on--pointerdown=\"actions.preloadImage\" data-wp-on--pointerenter=\"actions.preloadImageWithDelay\" data-wp-on--pointerleave=\"actions.cancelPreload\" data-wp-on-window--resize=\"callbacks.setButtonStyles\" src=\"https:\/\/loudavymkrokem.cz\/wp-content\/uploads\/2026\/08\/bulharsko-research-varna-26-0919ed51.jpg\" alt=\"Skaln\u00fd kl\u00e1\u0161tor Alad\u017ea pri Varne\" class=\"wp-image-407801\" title=\"\" srcset=\"https:\/\/loudavymkrokem.cz\/wp-content\/uploads\/2026\/08\/bulharsko-research-varna-26-0919ed51.jpg 1800w, https:\/\/loudavymkrokem.cz\/wp-content\/uploads\/2026\/08\/bulharsko-research-varna-26-0919ed51-300x225.jpg 300w, https:\/\/loudavymkrokem.cz\/wp-content\/uploads\/2026\/08\/bulharsko-research-varna-26-0919ed51-700x525.jpg 700w, https:\/\/loudavymkrokem.cz\/wp-content\/uploads\/2026\/08\/bulharsko-research-varna-26-0919ed51-768x576.jpg 768w, https:\/\/loudavymkrokem.cz\/wp-content\/uploads\/2026\/08\/bulharsko-research-varna-26-0919ed51-1536x1152.jpg 1536w, https:\/\/loudavymkrokem.cz\/wp-content\/uploads\/2026\/08\/bulharsko-research-varna-26-0919ed51-80x60.jpg 80w, https:\/\/loudavymkrokem.cz\/wp-content\/uploads\/2026\/08\/bulharsko-research-varna-26-0919ed51-160x120.jpg 160w, https:\/\/loudavymkrokem.cz\/wp-content\/uploads\/2026\/08\/bulharsko-research-varna-26-0919ed51-696x522.jpg 696w, https:\/\/loudavymkrokem.cz\/wp-content\/uploads\/2026\/08\/bulharsko-research-varna-26-0919ed51-1392x1044.jpg 1392w\" sizes=\"(max-width: 1800px) 100vw, 1800px\" \/><button\n\t\t\tclass=\"lightbox-trigger\"\n\t\t\ttype=\"button\"\n\t\t\taria-haspopup=\"dialog\"\n\t\t\tdata-wp-bind--aria-label=\"state.thisImage.triggerButtonAriaLabel\"\n\t\t\tdata-wp-init=\"callbacks.initTriggerButton\"\n\t\t\tdata-wp-on--click=\"actions.showLightbox\"\n\t\t\tdata-wp-style--right=\"state.thisImage.buttonRight\"\n\t\t\tdata-wp-style--top=\"state.thisImage.buttonTop\"\n\t\t>\n\t\t\t<svg xmlns=\"http:\/\/www.w3.org\/2000\/svg\" width=\"12\" height=\"12\" fill=\"none\" viewBox=\"0 0 12 12\">\n\t\t\t\t<path fill=\"#fff\" d=\"M2 0a2 2 0 0 0-2 2v2h1.5V2a.5.5 0 0 1 .5-.5h2V0H2Zm2 10.5H2a.5.5 0 0 1-.5-.5V8H0v2a2 2 0 0 0 2 2h2v-1.5ZM8 12v-1.5h2a.5.5 0 0 0 .5-.5V8H12v2a2 2 0 0 1-2 2H8Zm2-12a2 2 0 0 1 2 2v2h-1.5V2a.5.5 0 0 0-.5-.5H8V0h2Z\" \/>\n\t\t\t<\/svg>\n\t\t<\/button><figcaption class=\"wp-element-caption\">Foto: Utilizator:\u021aetcu Mircea Rare\u0219 at ro.wikipedia, CC BY-SA 2.5 (Wikimedia Commons)<\/figcaption><\/figure>\n\n\n\n<h3 class=\"wp-block-heading\"><span class=\"ez-toc-section\" id=\"19_Klastor_Aladza\"><\/span>19. Kl\u00e1\u0161tor Alad\u017ea<span class=\"ez-toc-section-end\"><\/span><\/h3>\n\n\n\n<p class=\"wp-block-paragraph\">Iba 16 kilometrov od Varny sa v 40 metrov vysokom v\u00e1pencovom \u00fatese skr\u00fdva stredovek\u00fd skaln\u00fd kl\u00e1\u0161tor. V 12. a\u017e 14. storo\u010d\u00ed tu \u017eila mn\u00ed\u0161ska hesychastick\u00e1 komunita, ktor\u00e1 si svoje cely a kaplnky vytesala priamo do skaly v dvoch v\u00fd\u0161kov\u00fdch \u00farovniach. N\u00e1zov poch\u00e1dza z tureck\u00e9ho slova ozna\u010duj\u00faceho \u201epestr\u00fd&#8220;, \u010do odkazuje na dnes u\u017e zni\u010den\u00e9 farebn\u00e9 fresky. \ud83d\udca1 <strong>Tip:<\/strong> Vstupn\u00e9 je 5 \u20ac. Ak sa do Varny vyd\u00e1\u0161 v zime, tento v\u00fdlet si \u0161krtni \u2014 <strong>od decembra do febru\u00e1ra je kl\u00e1\u0161tor \u00faplne uzavret\u00fd<\/strong> pre verejnos\u0165.<\/p>\n\n\n\n<figure data-wp-context=\"{&quot;imageId&quot;:&quot;6a9c59800b479&quot;}\" data-wp-interactive=\"core\/image\" data-wp-key=\"6a9c59800b479\" class=\"wp-block-image size-full wp-lightbox-container\"><img decoding=\"async\" width=\"1800\" height=\"813\" data-wp-class--hide=\"state.isContentHidden\" data-wp-class--show=\"state.isContentVisible\" data-wp-init=\"callbacks.setButtonStyles\" data-wp-on--click=\"actions.showLightbox\" data-wp-on--load=\"callbacks.setButtonStyles\" data-wp-on--pointerdown=\"actions.preloadImage\" data-wp-on--pointerenter=\"actions.preloadImageWithDelay\" data-wp-on--pointerleave=\"actions.cancelPreload\" data-wp-on-window--resize=\"callbacks.setButtonStyles\" src=\"https:\/\/loudavymkrokem.cz\/wp-content\/uploads\/2026\/08\/bulharsko-research-varna-27-1a79dd3a.jpg\" alt=\"Kamenn\u00fd les Pobiti kamani pri Varne\" class=\"wp-image-407802\" title=\"\" srcset=\"https:\/\/loudavymkrokem.cz\/wp-content\/uploads\/2026\/08\/bulharsko-research-varna-27-1a79dd3a.jpg 1800w, https:\/\/loudavymkrokem.cz\/wp-content\/uploads\/2026\/08\/bulharsko-research-varna-27-1a79dd3a-300x136.jpg 300w, https:\/\/loudavymkrokem.cz\/wp-content\/uploads\/2026\/08\/bulharsko-research-varna-27-1a79dd3a-700x316.jpg 700w, https:\/\/loudavymkrokem.cz\/wp-content\/uploads\/2026\/08\/bulharsko-research-varna-27-1a79dd3a-768x347.jpg 768w, https:\/\/loudavymkrokem.cz\/wp-content\/uploads\/2026\/08\/bulharsko-research-varna-27-1a79dd3a-1536x694.jpg 1536w, https:\/\/loudavymkrokem.cz\/wp-content\/uploads\/2026\/08\/bulharsko-research-varna-27-1a79dd3a-696x314.jpg 696w, https:\/\/loudavymkrokem.cz\/wp-content\/uploads\/2026\/08\/bulharsko-research-varna-27-1a79dd3a-1392x629.jpg 1392w\" sizes=\"(max-width: 1800px) 100vw, 1800px\" \/><button\n\t\t\tclass=\"lightbox-trigger\"\n\t\t\ttype=\"button\"\n\t\t\taria-haspopup=\"dialog\"\n\t\t\tdata-wp-bind--aria-label=\"state.thisImage.triggerButtonAriaLabel\"\n\t\t\tdata-wp-init=\"callbacks.initTriggerButton\"\n\t\t\tdata-wp-on--click=\"actions.showLightbox\"\n\t\t\tdata-wp-style--right=\"state.thisImage.buttonRight\"\n\t\t\tdata-wp-style--top=\"state.thisImage.buttonTop\"\n\t\t>\n\t\t\t<svg xmlns=\"http:\/\/www.w3.org\/2000\/svg\" width=\"12\" height=\"12\" fill=\"none\" viewBox=\"0 0 12 12\">\n\t\t\t\t<path fill=\"#fff\" d=\"M2 0a2 2 0 0 0-2 2v2h1.5V2a.5.5 0 0 1 .5-.5h2V0H2Zm2 10.5H2a.5.5 0 0 1-.5-.5V8H0v2a2 2 0 0 0 2 2h2v-1.5ZM8 12v-1.5h2a.5.5 0 0 0 .5-.5V8H12v2a2 2 0 0 1-2 2H8Zm2-12a2 2 0 0 1 2 2v2h-1.5V2a.5.5 0 0 0-.5-.5H8V0h2Z\" \/>\n\t\t\t<\/svg>\n\t\t<\/button><figcaption class=\"wp-element-caption\">Foto: Diego Delso, CC BY-SA 4.0 (Wikimedia Commons)<\/figcaption><\/figure>\n\n\n\n<h3 class=\"wp-block-heading\"><span class=\"ez-toc-section\" id=\"20_Pobiti_kamani_a_Madarsky_jazdec\"><\/span>20. Pobiti kamani a Madarsk\u00fd jazdec<span class=\"ez-toc-section-end\"><\/span><\/h3>\n\n\n\n<p class=\"wp-block-paragraph\">Asi dvadsa\u0165 min\u00fat jazdy smerom do vn\u00fatrozemia naraz\u00ed\u0161 na Kamenn\u00fd les (Pobiti kamani). Zo such\u0161ej, pieso\u010dnej krajiny tu tr\u010dia stovky kamenn\u00fdch st\u013apov vysok\u00fdch a\u017e 6 metrov. Ako presne vznikli, dodnes nikto s istotou nevie, ale modern\u00e9 v\u00fdskumy sa prikl\u00e1\u0148aj\u00fa k te\u00f3rii, \u017ee ide o skamenen\u00e9 kom\u00edny prad\u00e1vneho \u00faniku met\u00e1nu z morsk\u00e9ho dna. Vstupn\u00e9 stoj\u00ed 3 \u20ac. \ud83d\udca1 <strong>Tip na celodenn\u00fd v\u00fdlet:<\/strong> Ak m\u00e1\u0161 auto, spoj Pobiti kamani s n\u00e1v\u0161tevou <strong>Madarsk\u00e9ho jazdca<\/strong> (cca 75 km od Varny). Tento unik\u00e1tny stredovek\u00fd reli\u00e9f vytesan\u00fd 23 metrov vysoko v skale je chr\u00e1nen\u00fd UNESCO a vedie k nemu pribli\u017ene sto metrov prev\u00fd\u0161enia po schodoch. Vstupn\u00e9 sa pohybuje okolo 3,58 \u20ac.<\/p>\n\n\n\n<figure data-wp-context=\"{&quot;imageId&quot;:&quot;6a9c59800b8a3&quot;}\" data-wp-interactive=\"core\/image\" data-wp-key=\"6a9c59800b8a3\" class=\"wp-block-image size-full wp-lightbox-container\"><img decoding=\"async\" width=\"1800\" height=\"1014\" data-wp-class--hide=\"state.isContentHidden\" data-wp-class--show=\"state.isContentVisible\" data-wp-init=\"callbacks.setButtonStyles\" data-wp-on--click=\"actions.showLightbox\" data-wp-on--load=\"callbacks.setButtonStyles\" data-wp-on--pointerdown=\"actions.preloadImage\" data-wp-on--pointerenter=\"actions.preloadImageWithDelay\" data-wp-on--pointerleave=\"actions.cancelPreload\" data-wp-on-window--resize=\"callbacks.setButtonStyles\" src=\"https:\/\/loudavymkrokem.cz\/wp-content\/uploads\/2026\/08\/bulharsko-research-varna-28-8417c058.jpg\" alt=\"\u0160opsk\u00fd \u0161al\u00e1t, klasika bulharskej kuchyne\" class=\"wp-image-407803\" title=\"\" srcset=\"https:\/\/loudavymkrokem.cz\/wp-content\/uploads\/2026\/08\/bulharsko-research-varna-28-8417c058.jpg 1800w, https:\/\/loudavymkrokem.cz\/wp-content\/uploads\/2026\/08\/bulharsko-research-varna-28-8417c058-300x169.jpg 300w, https:\/\/loudavymkrokem.cz\/wp-content\/uploads\/2026\/08\/bulharsko-research-varna-28-8417c058-700x394.jpg 700w, https:\/\/loudavymkrokem.cz\/wp-content\/uploads\/2026\/08\/bulharsko-research-varna-28-8417c058-768x433.jpg 768w, https:\/\/loudavymkrokem.cz\/wp-content\/uploads\/2026\/08\/bulharsko-research-varna-28-8417c058-1536x865.jpg 1536w, https:\/\/loudavymkrokem.cz\/wp-content\/uploads\/2026\/08\/bulharsko-research-varna-28-8417c058-696x392.jpg 696w, https:\/\/loudavymkrokem.cz\/wp-content\/uploads\/2026\/08\/bulharsko-research-varna-28-8417c058-1392x784.jpg 1392w\" sizes=\"(max-width: 1800px) 100vw, 1800px\" \/><button\n\t\t\tclass=\"lightbox-trigger\"\n\t\t\ttype=\"button\"\n\t\t\taria-haspopup=\"dialog\"\n\t\t\tdata-wp-bind--aria-label=\"state.thisImage.triggerButtonAriaLabel\"\n\t\t\tdata-wp-init=\"callbacks.initTriggerButton\"\n\t\t\tdata-wp-on--click=\"actions.showLightbox\"\n\t\t\tdata-wp-style--right=\"state.thisImage.buttonRight\"\n\t\t\tdata-wp-style--top=\"state.thisImage.buttonTop\"\n\t\t>\n\t\t\t<svg xmlns=\"http:\/\/www.w3.org\/2000\/svg\" width=\"12\" height=\"12\" fill=\"none\" viewBox=\"0 0 12 12\">\n\t\t\t\t<path fill=\"#fff\" d=\"M2 0a2 2 0 0 0-2 2v2h1.5V2a.5.5 0 0 1 .5-.5h2V0H2Zm2 10.5H2a.5.5 0 0 1-.5-.5V8H0v2a2 2 0 0 0 2 2h2v-1.5ZM8 12v-1.5h2a.5.5 0 0 0 .5-.5V8H12v2a2 2 0 0 1-2 2H8Zm2-12a2 2 0 0 1 2 2v2h-1.5V2a.5.5 0 0 0-.5-.5H8V0h2Z\" \/>\n\t\t\t<\/svg>\n\t\t<\/button><figcaption class=\"wp-element-caption\">Foto: Viktorija N. Ivanov, CC BY-SA 4.0 (Wikimedia Commons)<\/figcaption><\/figure>\n\n\n\n<h2 class=\"wp-block-heading\"><span class=\"ez-toc-section\" id=\"Kde_sa_najest_vo_Varne\"><\/span>Kde sa najes\u0165 vo Varne<span class=\"ez-toc-section-end\"><\/span><\/h2>\n\n\n\n<p class=\"wp-block-paragraph\">Gastron\u00f3mia vo Varne je vynikaj\u00faca, ale mus\u00ed\u0161 vedie\u0165, kam \u00eds\u0165. Dlhodobou st\u00e1vkou na istotu pre milovn\u00edkov kvalitn\u00e9ho jedla je <strong>sie\u0165 re\u0161taur\u00e1ci\u00ed Starija \u010cinar<\/strong>. Maj\u00fa po meste p\u00e4\u0165 pobo\u010diek (skvele hodnoten\u00e9 s\u00fa tie pri Port Varna alebo \u010cerno More) a pon\u00fakaj\u00fa perfektn\u00fd pomer ceny a kvality. Ak chce\u0161 jes\u0165 presne tam, kam chodia miestni z historickej Gr\u00e9ckej \u0161tvrte, vyraz do <strong>rodinn\u00e9ho podniku Erato<\/strong>, kde sa naj\u00ed\u0161 do 15 eur. Na k\u00e1vu a ra\u0148ajky maj\u00fa v\u00fdborn\u00e9 hodnotenie kaviarne Blend Coffee a Stretto.<\/p>\n\n\n\n<p class=\"wp-block-paragraph\"><strong>Pre vegetari\u00e1nov je bulharsk\u00e1 kuchy\u0148a pomerne priate\u013esk\u00e1, ak vie\u0161, \u010do objedna\u0165.<\/strong> H\u013eadaj klasiky: <strong>\u0161opsk\u00fd \u0161al\u00e1t, studen\u00fa uhorkov\u00fa polievku tarator, zapekan\u00fd syr sirene po \u0161opsky, zeleninov\u00fd mi\u0161-ma\u0161 alebo bakla\u017e\u00e1nov\u00e9 kjopoolu<\/strong>. Re\u0161taur\u00e1cia Starija \u010cinar m\u00e1 na jed\u00e1lnom l\u00edstku priamo oddelen\u00fa sekciu bezm\u00e4sit\u00fdch jed\u00e1l, kde n\u00e1jde\u0161 vynikaj\u00face papriky bjurek plnen\u00e9 syrom alebo rizoto. \u010cisto vegetari\u00e1nskou istotou v centre Varny s\u00fa potom podniky <strong>SUPA<\/strong> alebo <strong>\u017diva priroda<\/strong>. Naopak, kedysi odpor\u00fa\u010dan\u00e1 veg\u00e1nska re\u0161taur\u00e1cia Vege Joy je u\u017e natrvalo zatvoren\u00e1.<\/p>\n\n\n\n<p class=\"wp-block-paragraph\"><strong>Gastronomick\u00e9 pasce na vegetari\u00e1nov:<\/strong> Nenechaj sa pom\u00fdli\u0165 n\u00e1zvami! <strong>Tarama<\/strong> znie l\u00e1kavo, ale ide o pastu z ryb\u00edch ikier. <strong>Ov\u010darsk\u00e1 salata<\/strong> vyzer\u00e1 ako nevinn\u00fd \u0161al\u00e1t, ale v\u017edy obsahuje slaninu. Ob\u013e\u00faben\u00e1 balk\u00e1nska <strong>musaka<\/strong>, zapekan\u00e9 toasty <strong>princesi<\/strong> aj tradi\u010dn\u00e1 <strong>drob sarma<\/strong> s\u00fa v\u017edy s m\u00e4som alebo vn\u00fatornos\u0165ami a ich vegetari\u00e1nske verzie sa v be\u017en\u00fdch mechan\u00e1ch prakticky nerobia.<\/p>\n\n\n\n<figure data-wp-context=\"{&quot;imageId&quot;:&quot;6a9c59800be0e&quot;}\" data-wp-interactive=\"core\/image\" data-wp-key=\"6a9c59800be0e\" class=\"wp-block-image size-full wp-lightbox-container\"><img decoding=\"async\" width=\"1800\" height=\"1199\" data-wp-class--hide=\"state.isContentHidden\" data-wp-class--show=\"state.isContentVisible\" data-wp-init=\"callbacks.setButtonStyles\" data-wp-on--click=\"actions.showLightbox\" data-wp-on--load=\"callbacks.setButtonStyles\" data-wp-on--pointerdown=\"actions.preloadImage\" data-wp-on--pointerenter=\"actions.preloadImageWithDelay\" data-wp-on--pointerleave=\"actions.cancelPreload\" data-wp-on-window--resize=\"callbacks.setButtonStyles\" src=\"https:\/\/loudavymkrokem.cz\/wp-content\/uploads\/2026\/08\/bulharsko-research-varna-29-7619f99e.jpg\" alt=\"Izba v Grand Hoteli London vo Varne\" class=\"wp-image-407804\" title=\"\" srcset=\"https:\/\/loudavymkrokem.cz\/wp-content\/uploads\/2026\/08\/bulharsko-research-varna-29-7619f99e.jpg 1800w, https:\/\/loudavymkrokem.cz\/wp-content\/uploads\/2026\/08\/bulharsko-research-varna-29-7619f99e-300x200.jpg 300w, https:\/\/loudavymkrokem.cz\/wp-content\/uploads\/2026\/08\/bulharsko-research-varna-29-7619f99e-700x466.jpg 700w, https:\/\/loudavymkrokem.cz\/wp-content\/uploads\/2026\/08\/bulharsko-research-varna-29-7619f99e-768x512.jpg 768w, https:\/\/loudavymkrokem.cz\/wp-content\/uploads\/2026\/08\/bulharsko-research-varna-29-7619f99e-1536x1023.jpg 1536w, https:\/\/loudavymkrokem.cz\/wp-content\/uploads\/2026\/08\/bulharsko-research-varna-29-7619f99e-696x464.jpg 696w, https:\/\/loudavymkrokem.cz\/wp-content\/uploads\/2026\/08\/bulharsko-research-varna-29-7619f99e-1392x927.jpg 1392w\" sizes=\"(max-width: 1800px) 100vw, 1800px\" \/><button\n\t\t\tclass=\"lightbox-trigger\"\n\t\t\ttype=\"button\"\n\t\t\taria-haspopup=\"dialog\"\n\t\t\tdata-wp-bind--aria-label=\"state.thisImage.triggerButtonAriaLabel\"\n\t\t\tdata-wp-init=\"callbacks.initTriggerButton\"\n\t\t\tdata-wp-on--click=\"actions.showLightbox\"\n\t\t\tdata-wp-style--right=\"state.thisImage.buttonRight\"\n\t\t\tdata-wp-style--top=\"state.thisImage.buttonTop\"\n\t\t>\n\t\t\t<svg xmlns=\"http:\/\/www.w3.org\/2000\/svg\" width=\"12\" height=\"12\" fill=\"none\" viewBox=\"0 0 12 12\">\n\t\t\t\t<path fill=\"#fff\" d=\"M2 0a2 2 0 0 0-2 2v2h1.5V2a.5.5 0 0 1 .5-.5h2V0H2Zm2 10.5H2a.5.5 0 0 1-.5-.5V8H0v2a2 2 0 0 0 2 2h2v-1.5ZM8 12v-1.5h2a.5.5 0 0 0 .5-.5V8H12v2a2 2 0 0 1-2 2H8Zm2-12a2 2 0 0 1 2 2v2h-1.5V2a.5.5 0 0 0-.5-.5H8V0h2Z\" \/>\n\t\t\t<\/svg>\n\t\t<\/button><figcaption class=\"wp-element-caption\">Foto: Grand Hotel London (Google Maps)<\/figcaption><\/figure>\n\n\n\n<h2 class=\"wp-block-heading\"><span class=\"ez-toc-section\" id=\"Kde_sa_ubytovat_vo_Varne\"><\/span>Kde sa ubytova\u0165 vo Varne<span class=\"ez-toc-section-end\"><\/span><\/h2>\n\n\n\n<p class=\"wp-block-paragraph\"><em>\ud83d\udca1 Tip na ubytovanie a z\u00e1\u017eitky: Ubytovanie v mieste <a href=\"https:\/\/www.stay22.com\/allez\/roam?aid=lukaskonecny&#038;campaign=loudavymkrokemcz&#038;address=Varna\" target=\"_blank\" rel=\"nofollow noopener sponsored\">porovn\u00e1vame tu<\/a>, nech je vidie\u0165, \u010do je vo\u013en\u00e9 a za ko\u013eko. Najrad\u0161ej ho h\u013ead\u00e1me na <a href=\"https:\/\/loudavymkrokem.cz\/doporucujeme\/booking-com\/\" class=\"thirstylink\" rel=\"nofollow\" target=\"_blank\" title=\"Booking.com\" data-shortcode=\"true\">Booking.com<\/a>, kde b\u00fdvaj\u00fa najlep\u0161ie storno podmienky. Vstupenky, v\u00fdlety a aktivity sa potom oplat\u00ed porovna\u0165 a k\u00fapi\u0165 cez <a href=\"https:\/\/loudavymkrokem.cz\/doporucujeme\/getyourguide\/\" class=\"thirstylink\" rel=\"nofollow\" target=\"_blank\" title=\"GetYourGuide\" data-shortcode=\"true\">GetYourGuide<\/a>.<\/em><\/p>\n\n\n\n<p class=\"wp-block-paragraph\">Pri <strong>v\u00fdbere ubytovania<\/strong> si mus\u00ed\u0161 ujasni\u0165, \u010do od pobytu o\u010dak\u00e1va\u0161. Tu je stru\u010dn\u00fd preh\u013ead t\u00fdch <strong>najlep\u0161\u00edch lokal\u00edt<\/strong>:<\/p>\n\n\n\n<ul class=\"wp-block-list\">\n\n<li><strong>Gr\u00e9cka \u0161tvr\u0165 (Gr\u0103cka machala):<\/strong> Najstar\u0161ia \u010das\u0165 mesta. Si p\u00e1r sto metrov od pl\u00e1\u017ee a m\u00e1\u0161 tu najlep\u0161\u00ed pomer ceny a kvality v gastron\u00f3mii. M\u00ednusom s\u00fa bary otvoren\u00e9 do rann\u00fdch hod\u00edn. Ide\u00e1lne pre p\u00e1ry a foodies.<\/li>\n\n\n\n<li><strong>Okolie katedr\u00e1ly:<\/strong> Ru\u0161nej\u0161ie centrum, ale v\u0161etko m\u00e1\u0161 v doch\u00e1dzkovej vzdialenosti. Skvel\u00e9 pre prv\u00fa n\u00e1v\u0161tevu.<\/li>\n\n\n\n<li><strong>\u010cajka:<\/strong> Zelen\u00e1 \u0161tvr\u0165 k\u00fasok \u010falej od centra, ve\u013emi bl\u00edzko delfin\u00e1riu a Morskej z\u00e1hrade. Tich\u00e1 oblas\u0165 s modern\u00fdmi apartm\u00e1nmi, ide\u00e1lna pre rodiny s de\u0165mi.<\/li>\n\n\n\n<li><strong>Asparuchovo:<\/strong> Lacnej\u0161ie b\u00fdvanie cez most, obria pokojn\u00e1 pl\u00e1\u017e a skvel\u00e9 rybie re\u0161taur\u00e1cie. Vhodn\u00e9 pre t\u00fdch, ktor\u00ed pri\u0161li autom.<\/li>\n\n\n<\/ul>\n\n\n\n<p class=\"wp-block-paragraph\"><strong>Konkr\u00e9tne tipy na ubytovanie:<\/strong> Ak h\u013ead\u00e1\u0161 absol\u00fatnu \u0161pi\u010dku s najlep\u0161\u00edm hodnoten\u00edm aj polohou, zvo\u013e <strong><a href=\"https:\/\/www.stay22.com\/allez\/roam?aid=lukaskonecny&#038;campaign=loudavymkrokemcz&#038;campaign=varna&#038;hotelname=Modus%20Hotel&#038;address=Varna%2C%20Bulharsko\" target=\"_blank\" rel=\"noopener nofollow sponsored\">Modus Hotel<\/a><\/strong> priamo v Gr\u00e9ckej \u0161tvrti. K Morskej z\u00e1hrade to m\u00e1\u0161 130 metrov, k pl\u00e1\u017ei len k\u00fasok \u010falej. Milovn\u00edci hist\u00f3rie ocenia <strong><a href=\"https:\/\/www.stay22.com\/allez\/roam?aid=lukaskonecny&#038;campaign=loudavymkrokemcz&#038;campaign=varna&#038;hotelname=Grand%20Hotel%20London&#038;address=Varna%2C%20Bulharsko\" target=\"_blank\" rel=\"noopener nofollow sponsored\">Grand Hotel London<\/a><\/strong>, n\u00e1dhern\u00fa secesn\u00fa budovu z roku 1912 priamo v centre (po\u010d\u00edtaj ale so schodmi). Ak h\u013ead\u00e1\u0161 zlat\u00fa stredn\u00fa cestu s v\u00fdh\u013eadom, obrovsk\u00fd <strong><a href=\"https:\/\/www.stay22.com\/allez\/roam?aid=lukaskonecny&#038;campaign=loudavymkrokemcz&#038;campaign=varna&#038;hotelname=Hotel%20Cherno%20More&#038;address=Varna%2C%20Bulharsko\" target=\"_blank\" rel=\"noopener nofollow sponsored\">Hotel Cherno More<\/a><\/strong> pon\u00faka balk\u00f3ny s v\u00fdh\u013eadom na more a stoj\u00ed hne\u010f pri vstupe do parku. Kto chce by\u0165 \u010do najbli\u017e\u0161ie pamiatkam, ubytuje sa v <strong><a href=\"https:\/\/www.stay22.com\/allez\/roam?aid=lukaskonecny&#038;campaign=loudavymkrokemcz&#038;campaign=varna&#038;hotelname=Boutique%20Splendid&#038;address=Varna%2C%20Bulharsko\" target=\"_blank\" rel=\"noopener nofollow sponsored\">Boutique Splendid<\/a><\/strong>, ktor\u00fd le\u017e\u00ed necel\u00fdch sto metrov od samotnej katedr\u00e1ly. Pre low-cost cestovate\u013eov je v centre v\u00fdborne hodnoten\u00fd <strong><a href=\"https:\/\/www.stay22.com\/allez\/roam?aid=lukaskonecny&#038;campaign=loudavymkrokemcz&#038;campaign=varna&#038;hotelname=Nomado%20hostel&#038;address=Varna%2C%20Bulharsko\" target=\"_blank\" rel=\"noopener nofollow sponsored\">Nomado hostel<\/a><\/strong>.<\/p>\n\n\n\n<figure data-wp-context=\"{&quot;imageId&quot;:&quot;6a9c59800c48c&quot;}\" data-wp-interactive=\"core\/image\" data-wp-key=\"6a9c59800c48c\" class=\"wp-block-image size-full wp-lightbox-container\"><img decoding=\"async\" width=\"1800\" height=\"1190\" data-wp-class--hide=\"state.isContentHidden\" data-wp-class--show=\"state.isContentVisible\" data-wp-init=\"callbacks.setButtonStyles\" data-wp-on--click=\"actions.showLightbox\" data-wp-on--load=\"callbacks.setButtonStyles\" data-wp-on--pointerdown=\"actions.preloadImage\" data-wp-on--pointerenter=\"actions.preloadImageWithDelay\" data-wp-on--pointerleave=\"actions.cancelPreload\" data-wp-on-window--resize=\"callbacks.setButtonStyles\" src=\"https:\/\/loudavymkrokem.cz\/wp-content\/uploads\/2026\/08\/bulharsko-research-varna-30-0ccc3d89.jpg\" alt=\"Z\u00e1pad slnka nad pl\u00e1\u017eami Varny\" class=\"wp-image-407805\" title=\"\" srcset=\"https:\/\/loudavymkrokem.cz\/wp-content\/uploads\/2026\/08\/bulharsko-research-varna-30-0ccc3d89.jpg 1800w, https:\/\/loudavymkrokem.cz\/wp-content\/uploads\/2026\/08\/bulharsko-research-varna-30-0ccc3d89-300x198.jpg 300w, https:\/\/loudavymkrokem.cz\/wp-content\/uploads\/2026\/08\/bulharsko-research-varna-30-0ccc3d89-700x463.jpg 700w, https:\/\/loudavymkrokem.cz\/wp-content\/uploads\/2026\/08\/bulharsko-research-varna-30-0ccc3d89-768x508.jpg 768w, https:\/\/loudavymkrokem.cz\/wp-content\/uploads\/2026\/08\/bulharsko-research-varna-30-0ccc3d89-1536x1015.jpg 1536w, https:\/\/loudavymkrokem.cz\/wp-content\/uploads\/2026\/08\/bulharsko-research-varna-30-0ccc3d89-696x460.jpg 696w, https:\/\/loudavymkrokem.cz\/wp-content\/uploads\/2026\/08\/bulharsko-research-varna-30-0ccc3d89-1392x920.jpg 1392w\" sizes=\"(max-width: 1800px) 100vw, 1800px\" \/><button\n\t\t\tclass=\"lightbox-trigger\"\n\t\t\ttype=\"button\"\n\t\t\taria-haspopup=\"dialog\"\n\t\t\tdata-wp-bind--aria-label=\"state.thisImage.triggerButtonAriaLabel\"\n\t\t\tdata-wp-init=\"callbacks.initTriggerButton\"\n\t\t\tdata-wp-on--click=\"actions.showLightbox\"\n\t\t\tdata-wp-style--right=\"state.thisImage.buttonRight\"\n\t\t\tdata-wp-style--top=\"state.thisImage.buttonTop\"\n\t\t>\n\t\t\t<svg xmlns=\"http:\/\/www.w3.org\/2000\/svg\" width=\"12\" height=\"12\" fill=\"none\" viewBox=\"0 0 12 12\">\n\t\t\t\t<path fill=\"#fff\" d=\"M2 0a2 2 0 0 0-2 2v2h1.5V2a.5.5 0 0 1 .5-.5h2V0H2Zm2 10.5H2a.5.5 0 0 1-.5-.5V8H0v2a2 2 0 0 0 2 2h2v-1.5ZM8 12v-1.5h2a.5.5 0 0 0 .5-.5V8H12v2a2 2 0 0 1-2 2H8Zm2-12a2 2 0 0 1 2 2v2h-1.5V2a.5.5 0 0 0-.5-.5H8V0h2Z\" \/>\n\t\t\t<\/svg>\n\t\t<\/button><figcaption class=\"wp-element-caption\">Foto: Alex Yosifov, CC BY-SA 2.0 (Wikimedia Commons)<\/figcaption><\/figure>\n\n\n\n<p class=\"wp-block-paragraph\">\ud83d\udc49 <a href=\"https:\/\/www.stay22.com\/allez\/roam?aid=lukaskonecny&#038;campaign=loudavymkrokemcz&#038;campaign=varna&#038;address=Varna%2C%20Bulharsko\" target=\"_blank\" rel=\"nofollow noopener\"><strong>Porovna\u0165 ceny ubytovania vo Varne<\/strong><\/a><\/p>\n\n\n\n<h2 class=\"wp-block-heading\"><span class=\"ez-toc-section\" id=\"Kedy_do_Varny_ist_a_ake_je_pocasie\"><\/span>Kedy do Varny \u00eds\u0165 a ak\u00e9 je po\u010dasie<span class=\"ez-toc-section-end\"><\/span><\/h2>\n\n\n\n<p class=\"wp-block-paragraph\">Po\u010dasie vo Varne v Bulharsku m\u00e1 klasick\u00fa \u010diernomorsk\u00fa podobu. Let\u00e1 s\u00fa hor\u00face a zimy mierne, aj ke\u010f vetern\u00e9. <strong>August je \u0161tatisticky najsuch\u0161\u00edm a najslne\u010dnej\u0161\u00edm mesiacom v roku<\/strong> (iba 3 da\u017ediv\u00e9 dni a priemerne vy\u0161e 318 hod\u00edn slne\u010dn\u00e9ho svitu). More sa v auguste vyhreje na n\u00e1dhern\u00fdch 24,8 \u00b0C. Najviac naopak pr\u0161\u00ed v okt\u00f3bri.<\/p>\n\n\n\n<figure class=\"wp-block-table\"><table><thead><tr><th>Mesiac<\/th><th>Priem. max teplota (\u00b0C)<\/th><th>Zr\u00e1\u017eky (mm)<\/th><\/tr><\/thead><tbody><tr><td>M\u00e1j<\/td><td>21,2<\/td><td>38<\/td><\/tr><tr><td>J\u00fan<\/td><td>26,1<\/td><td>52<\/td><\/tr><tr><td>J\u00fal<\/td><td>28,9<\/td><td>48<\/td><\/tr><tr><td>August<\/td><td>29,4<\/td><td>29<\/td><\/tr><tr><td>September<\/td><td>24,8<\/td><td>49<\/td><\/tr><tr><td>Okt\u00f3ber<\/td><td>19,0<\/td><td>56<\/td><\/tr><\/tbody><\/table><\/figure>\n\n\n\n<p class=\"wp-block-paragraph\">Leto je vo Varne v znamen\u00ed kult\u00fary. V roku 2026 sl\u00e1vi <strong>100. v\u00fdro\u010die najstar\u0161\u00ed hudobn\u00fd festival v Bulharsku \u2013 Varnensk\u00e9 leto<\/strong>. Od j\u00fana do okt\u00f3bra prebiehaj\u00fa koncerty klasickej hudby na n\u00e1dvor\u00ed Archeologick\u00e9ho m\u00fazea aj v opere. V auguste sa kon\u00e1 sl\u00e1vny jazzov\u00fd festival a priamo na 15. augusta pripad\u00e1 <strong>De\u0148 Varny<\/strong>, ktor\u00fd vrchol\u00ed oh\u0148ostrojom o 23:00. (Pozor: sl\u00e1vna Medzin\u00e1rodn\u00e1 baletn\u00e1 s\u00fa\u0165a\u017e sa v roku 2026 nekonala, po dlhej pauze bolo iba ozn\u00e1men\u00e9 jej bud\u00face obnovenie bez konkr\u00e9tneho term\u00ednu.)<\/p>\n\n\n\n<figure data-wp-context=\"{&quot;imageId&quot;:&quot;6a9c59800ca37&quot;}\" data-wp-interactive=\"core\/image\" data-wp-key=\"6a9c59800ca37\" class=\"wp-block-image size-full wp-lightbox-container\"><img decoding=\"async\" width=\"1800\" height=\"1012\" data-wp-class--hide=\"state.isContentHidden\" data-wp-class--show=\"state.isContentVisible\" data-wp-init=\"callbacks.setButtonStyles\" data-wp-on--click=\"actions.showLightbox\" data-wp-on--load=\"callbacks.setButtonStyles\" data-wp-on--pointerdown=\"actions.preloadImage\" data-wp-on--pointerenter=\"actions.preloadImageWithDelay\" data-wp-on--pointerleave=\"actions.cancelPreload\" data-wp-on-window--resize=\"callbacks.setButtonStyles\" src=\"https:\/\/loudavymkrokem.cz\/wp-content\/uploads\/2026\/08\/bulharsko-research-varna-31-3a8e6131.jpg\" alt=\"Zamrznut\u00e9 pobre\u017eie vo Varne v zime\" class=\"wp-image-407806\" title=\"\" srcset=\"https:\/\/loudavymkrokem.cz\/wp-content\/uploads\/2026\/08\/bulharsko-research-varna-31-3a8e6131.jpg 1800w, https:\/\/loudavymkrokem.cz\/wp-content\/uploads\/2026\/08\/bulharsko-research-varna-31-3a8e6131-300x169.jpg 300w, https:\/\/loudavymkrokem.cz\/wp-content\/uploads\/2026\/08\/bulharsko-research-varna-31-3a8e6131-700x394.jpg 700w, https:\/\/loudavymkrokem.cz\/wp-content\/uploads\/2026\/08\/bulharsko-research-varna-31-3a8e6131-768x432.jpg 768w, https:\/\/loudavymkrokem.cz\/wp-content\/uploads\/2026\/08\/bulharsko-research-varna-31-3a8e6131-1536x864.jpg 1536w, https:\/\/loudavymkrokem.cz\/wp-content\/uploads\/2026\/08\/bulharsko-research-varna-31-3a8e6131-696x391.jpg 696w, https:\/\/loudavymkrokem.cz\/wp-content\/uploads\/2026\/08\/bulharsko-research-varna-31-3a8e6131-1392x783.jpg 1392w\" sizes=\"(max-width: 1800px) 100vw, 1800px\" \/><button\n\t\t\tclass=\"lightbox-trigger\"\n\t\t\ttype=\"button\"\n\t\t\taria-haspopup=\"dialog\"\n\t\t\tdata-wp-bind--aria-label=\"state.thisImage.triggerButtonAriaLabel\"\n\t\t\tdata-wp-init=\"callbacks.initTriggerButton\"\n\t\t\tdata-wp-on--click=\"actions.showLightbox\"\n\t\t\tdata-wp-style--right=\"state.thisImage.buttonRight\"\n\t\t\tdata-wp-style--top=\"state.thisImage.buttonTop\"\n\t\t>\n\t\t\t<svg xmlns=\"http:\/\/www.w3.org\/2000\/svg\" width=\"12\" height=\"12\" fill=\"none\" viewBox=\"0 0 12 12\">\n\t\t\t\t<path fill=\"#fff\" d=\"M2 0a2 2 0 0 0-2 2v2h1.5V2a.5.5 0 0 1 .5-.5h2V0H2Zm2 10.5H2a.5.5 0 0 1-.5-.5V8H0v2a2 2 0 0 0 2 2h2v-1.5ZM8 12v-1.5h2a.5.5 0 0 0 .5-.5V8H12v2a2 2 0 0 1-2 2H8Zm2-12a2 2 0 0 1 2 2v2h-1.5V2a.5.5 0 0 0-.5-.5H8V0h2Z\" \/>\n\t\t\t<\/svg>\n\t\t<\/button><figcaption class=\"wp-element-caption\">Foto: Shtilian Shterev, CC BY-SA 3.0 (Wikimedia Commons)<\/figcaption><\/figure>\n\n\n\n<h3 class=\"wp-block-heading\"><span class=\"ez-toc-section\" id=\"Varna_mimo_sezony\"><\/span>Varna mimo sez\u00f3ny<span class=\"ez-toc-section-end\"><\/span><\/h3>\n\n\n\n<p class=\"wp-block-paragraph\">Na rozdiel od umel\u00fdch letov\u00edsk typu Slne\u010dn\u00e9 pobre\u017eie, <strong>Varna v zime nesp\u00ed<\/strong>. Je to funk\u010dn\u00e9 mesto. Delfin\u00e1rium, akv\u00e1rium aj ZOO zost\u00e1vaj\u00fa otvoren\u00e9 po cel\u00fd rok (aj ke\u010f so skr\u00e1tenou otv\u00e1racou dobou). \ud83d\udca1 <strong>D\u00f4le\u017eit\u00fd zimn\u00fd tip pre m\u00faze\u00e1:<\/strong> Hlavn\u00e9 in\u0161tit\u00facie ako Archeologick\u00e9 m\u00fazeum alebo R\u00edmske termy m\u00e1vaj\u00fa cez zimu zatvoren\u00e9 v nede\u013eu a v pondelok. Naopak Etnografick\u00e9 m\u00fazeum a M\u00fazeum dej\u00edn Varny maj\u00fa <strong>v zime zatvoren\u00e9 cez v\u00edkend a funguj\u00fa len v pracovn\u00e9 dni!<\/strong> K\u00fapanie v zime zaistia term\u00e1lne baz\u00e9ny vo Sv. Kon\u0161tant\u00edne alebo pr\u00edrodn\u00fd hor\u00faci prame\u0148 pri Oficerskej pl\u00e1\u017ei.<\/p>\n\n\n\n<figure data-wp-context=\"{&quot;imageId&quot;:&quot;6a9c59800cf57&quot;}\" data-wp-interactive=\"core\/image\" data-wp-key=\"6a9c59800cf57\" class=\"wp-block-image size-full wp-lightbox-container\"><img decoding=\"async\" width=\"1800\" height=\"1350\" data-wp-class--hide=\"state.isContentHidden\" data-wp-class--show=\"state.isContentVisible\" data-wp-init=\"callbacks.setButtonStyles\" data-wp-on--click=\"actions.showLightbox\" data-wp-on--load=\"callbacks.setButtonStyles\" data-wp-on--pointerdown=\"actions.preloadImage\" data-wp-on--pointerenter=\"actions.preloadImageWithDelay\" data-wp-on--pointerleave=\"actions.cancelPreload\" data-wp-on-window--resize=\"callbacks.setButtonStyles\" src=\"https:\/\/loudavymkrokem.cz\/wp-content\/uploads\/2026\/08\/bulharsko-research-varna-32-f1c3d69e.jpg\" alt=\"Ve\u010dern\u00e9 n\u00e1bre\u017eie v pr\u00edstave Varna\" class=\"wp-image-407807\" title=\"\" srcset=\"https:\/\/loudavymkrokem.cz\/wp-content\/uploads\/2026\/08\/bulharsko-research-varna-32-f1c3d69e.jpg 1800w, https:\/\/loudavymkrokem.cz\/wp-content\/uploads\/2026\/08\/bulharsko-research-varna-32-f1c3d69e-300x225.jpg 300w, https:\/\/loudavymkrokem.cz\/wp-content\/uploads\/2026\/08\/bulharsko-research-varna-32-f1c3d69e-700x525.jpg 700w, https:\/\/loudavymkrokem.cz\/wp-content\/uploads\/2026\/08\/bulharsko-research-varna-32-f1c3d69e-768x576.jpg 768w, https:\/\/loudavymkrokem.cz\/wp-content\/uploads\/2026\/08\/bulharsko-research-varna-32-f1c3d69e-1536x1152.jpg 1536w, https:\/\/loudavymkrokem.cz\/wp-content\/uploads\/2026\/08\/bulharsko-research-varna-32-f1c3d69e-80x60.jpg 80w, https:\/\/loudavymkrokem.cz\/wp-content\/uploads\/2026\/08\/bulharsko-research-varna-32-f1c3d69e-160x120.jpg 160w, https:\/\/loudavymkrokem.cz\/wp-content\/uploads\/2026\/08\/bulharsko-research-varna-32-f1c3d69e-696x522.jpg 696w, https:\/\/loudavymkrokem.cz\/wp-content\/uploads\/2026\/08\/bulharsko-research-varna-32-f1c3d69e-1392x1044.jpg 1392w\" sizes=\"(max-width: 1800px) 100vw, 1800px\" \/><button\n\t\t\tclass=\"lightbox-trigger\"\n\t\t\ttype=\"button\"\n\t\t\taria-haspopup=\"dialog\"\n\t\t\tdata-wp-bind--aria-label=\"state.thisImage.triggerButtonAriaLabel\"\n\t\t\tdata-wp-init=\"callbacks.initTriggerButton\"\n\t\t\tdata-wp-on--click=\"actions.showLightbox\"\n\t\t\tdata-wp-style--right=\"state.thisImage.buttonRight\"\n\t\t\tdata-wp-style--top=\"state.thisImage.buttonTop\"\n\t\t>\n\t\t\t<svg xmlns=\"http:\/\/www.w3.org\/2000\/svg\" width=\"12\" height=\"12\" fill=\"none\" viewBox=\"0 0 12 12\">\n\t\t\t\t<path fill=\"#fff\" d=\"M2 0a2 2 0 0 0-2 2v2h1.5V2a.5.5 0 0 1 .5-.5h2V0H2Zm2 10.5H2a.5.5 0 0 1-.5-.5V8H0v2a2 2 0 0 0 2 2h2v-1.5ZM8 12v-1.5h2a.5.5 0 0 0 .5-.5V8H12v2a2 2 0 0 1-2 2H8Zm2-12a2 2 0 0 1 2 2v2h-1.5V2a.5.5 0 0 0-.5-.5H8V0h2Z\" \/>\n\t\t\t<\/svg>\n\t\t<\/button><figcaption class=\"wp-element-caption\">Foto: Claudiu Balta (Google Maps)<\/figcaption><\/figure>\n\n\n\n<h2 class=\"wp-block-heading\"><span class=\"ez-toc-section\" id=\"Na_co_si_dat_pozor\"><\/span>Na \u010do si da\u0165 pozor<span class=\"ez-toc-section-end\"><\/span><\/h2>\n\n\n\n<p class=\"wp-block-paragraph\">Varna je vo v\u0161eobecnosti <strong>ve\u013emi bezpe\u010dn\u00e9 mesto<\/strong> (pod\u013ea bezpe\u010dnostn\u00fdch indexov dokonca v\u00fdrazne bezpe\u010dnej\u0161ie ne\u017e hlavn\u00e9 mesto Sofia), ale turistick\u00fd ruch so sebou v\u017edy prin\u00e1\u0161a aj <strong>negat\u00edvne javy<\/strong>.<\/p>\n\n\n\n<ul class=\"wp-block-list\">\n\n<li><strong>Vreck\u00e1ri na zast\u00e1vkach:<\/strong> V auguste 2026 vydal Zv\u00e4z sprievodcov Bulharska ostr\u00e9 varovanie pred organizovan\u00fdmi skupinami vreck\u00e1rov, ktor\u00ed operuj\u00fa <strong>priamo pred Archeologick\u00fdm m\u00fazeom<\/strong>. Sleduj\u00fa turistick\u00e9 trasy a udr\u00fa presne vo chv\u00edli, ke\u010f skupina vystupuje z autobusu. Str\u00e1\u017ete si batohy a nenoste cennosti v postrann\u00fdch vreck\u00e1ch.<\/li>\n\n\n\n<li><strong>Bankomatov\u00e9 a platobn\u00e9 pasce:<\/strong> Klasick\u00e9 zmen\u00e1rne s nev\u00fdhodn\u00fdm kurzom prijat\u00edm eura stratili zmysel. Novou hlavnou pascou s\u00fa <strong>bankomaty siete Euronet<\/strong>, ktor\u00e9 si m\u00f4\u017eu \u00fa\u010dtova\u0165 absurdn\u00e9 poplatky (napr\u00edklad 1,95 \u20ac za v\u00fdber 20 \u20ac, \u010do je 10 % prov\u00edzia). Rovnako <strong>v\u017edy odmietaj slu\u017ebu DCC<\/strong> (Dynamic Currency Conversion) na platobn\u00fdch termin\u00e1loch \u2013 ak ti termin\u00e1l v Bulharsku pon\u00fakne za\u00fa\u010dtovanie v eur\u00e1ch dom\u00e1cej banky s vlastn\u00fdm kurzom, prir\u00e1\u017eka sa m\u00f4\u017ee vy\u0161plha\u0165 vysoko.<\/li>\n\n\n\n<li><strong>Voda z vodovodu:<\/strong> Vodovodn\u00e1 voda je bakteriologicky nez\u00e1vadn\u00e1, ale lek\u00e1ri neodpor\u00fa\u010daj\u00fa jej dlhodob\u00e9 pitie kv\u00f4li vysokej tvrdosti. \u00daplne sa ale <strong>vyhni pitiu z pouli\u010dn\u00fdch miner\u00e1lnych ka\u0161n\u00ed a font\u00e1nok<\/strong>.<\/li>\n\n\n\n<li><strong>Pozor na vlny a pr\u00fady:<\/strong> \u010cierne more dok\u00e1\u017ee by\u0165 zradn\u00e9. Aj bl\u00edzko brehu sa m\u00f4\u017eu tvori\u0165 siln\u00e9 podmorsk\u00e9 pr\u00fady, preto v\u017edy re\u0161pektuj farbu vlajky pri plav\u010d\u00edkoch. Na med\u00fazy (Rhizostoma pulmo) tu s\u00edce naraz\u00ed\u0161, ale nie s\u00fa \u017eivotu nebezpe\u010dn\u00e9, sp\u00f4sobuj\u00fa len mierne p\u00e1lenie.<\/li>\n\n\n<\/ul>\n\n\n\n<h2 class=\"wp-block-heading\"><span class=\"ez-toc-section\" id=\"Kam_dalej\"><\/span>Kam \u010falej<span class=\"ez-toc-section-end\"><\/span><\/h2>\n\n\n\n<p class=\"wp-block-paragraph\">Ak \u0165a Bulharsko zaujalo a chce\u0161 presk\u00fama\u0165 aj \u010fal\u0161ie miesta pozd\u013a\u017e pobre\u017eia alebo si urobi\u0165 lep\u0161iu predstavu o tunaj\u0161\u00edch cen\u00e1ch po zaveden\u00ed novej meny, ur\u010dite sa pozri na na\u0161e \u010fal\u0161ie \u010dl\u00e1nky:<\/p>\n\n\n\n<ul class=\"wp-block-list\">\n\n<li><a href=\"https:\/\/loudavymkrokem.cz\/sk\/bulharsko-dovolenka-najkrajsie-miesta\/\">Dovolenka v Bulharsku: 30 najkraj\u0161\u00edch miest<\/a><\/li>\n\n\n\n<li><a href=\"https:\/\/loudavymkrokem.cz\/sk\/zlate-piesky-bulharsko\/\">Zlat\u00e9 piesky: 15 tipov a porovnanie so Slne\u010dn\u00fdm pobre\u017e\u00edm<\/a><\/li>\n\n\n\n<li><a href=\"https:\/\/loudavymkrokem.cz\/sk\/bulharsko-plaze-najkrajsie\/\">Najkraj\u0161ie pl\u00e1\u017ee Bulharska: 20 tipov<\/a><\/li>\n\n\n\n<li><a href=\"https:\/\/loudavymkrokem.cz\/sk\/nesebar-bulharsko\/\">Nesebar: \u010do vidie\u0165 v meste zap\u00edsanom v UNESCO<\/a><\/li>\n\n\n\n<li><a href=\"https:\/\/loudavymkrokem.cz\/sk\/ceny-v-bulharsku\/\">Ceny v Bulharsku po prechode na euro<\/a><\/li>\n\n\n\n<li><a href=\"https:\/\/loudavymkrokem.cz\/sk\/bulharsko-all-inclusive\/\">Bulharsko all inclusive: 22 najlep\u0161\u00edch rezortov<\/a><\/li>\n\n\n<\/ul>\n\n\n\n<h2 class=\"wp-block-heading\"><span class=\"ez-toc-section\" id=\"Casto_kladene_otazky\"><\/span>\u010casto kladen\u00e9 ot\u00e1zky<span class=\"ez-toc-section-end\"><\/span><\/h2>\n\n\n<div id=\"rank-math-faq\" class=\"rank-math-block\">\n<div class=\"rank-math-list \">\n<div id=\"faq-question-1788110183000\" class=\"rank-math-list-item\">\n<h3 class=\"rank-math-question \"><span class=\"ez-toc-section\" id=\"Plati_sa_vo_Varne_eura_alebo_levy\"><\/span>Plat\u00ed sa vo Varne eur\u00e1 alebo levy?<span class=\"ez-toc-section-end\"><\/span><\/h3>\n<div class=\"rank-math-answer \">\n\n<p>Od 1. janu\u00e1ra 2026 prijalo Bulharsko euro ako svoju ofici\u00e1lnu menu. Star\u00e9 levy u\u017e nie s\u00fa v obehu a obdobie, ke\u010f sa uv\u00e1dzali dvojit\u00e9 ceny, skon\u010dilo v auguste 2026. V\u0161ade zaplat\u00edte pohodlne eurom, len si d\u00e1vajte pozor na bankomaty Euronet a ich vysok\u00e9 poplatky za v\u00fdber.<\/p>\n\n<\/div>\n<\/div>\n<div id=\"faq-question-1788110183001\" class=\"rank-math-list-item\">\n<h3 class=\"rank-math-question \"><span class=\"ez-toc-section\" id=\"Je_Varna_vhodna_pre_rodiny_s_detmi\"><\/span>Je Varna vhodn\u00e1 pre rodiny s de\u0165mi?<span class=\"ez-toc-section-end\"><\/span><\/h3>\n<div class=\"rank-math-answer \">\n\n<p>Rozhodne \u00e1no! N\u00e1jdete tu obrovsk\u00fa Morsk\u00fa z\u00e1hradu s detsk\u00fdm k\u00fatikom, delfin\u00e1rium aj zoo. Centr\u00e1lna pl\u00e1\u017e a pl\u00e1\u017e Ju\u017een maj\u00fa jemn\u00fd piesok a dno sa tu zva\u017euje do h\u013abky len ve\u013emi pozvo\u013ena, co\u017e je pre mal\u00e9 deti \u00faplne ide\u00e1lne. Navy\u0161e tu zo\u017eeniete apartm\u00e1ny \u010falej od hlu\u010dn\u00e9ho centra.<\/p>\n\n<\/div>\n<\/div>\n<div id=\"faq-question-1788110183002\" class=\"rank-math-list-item\">\n<h3 class=\"rank-math-question \"><span class=\"ez-toc-section\" id=\"Ako_je_to_vo_Varne_s_parkovanim\"><\/span>Ako je to vo Varne s parkovan\u00edm?<span class=\"ez-toc-section-end\"><\/span><\/h3>\n<div class=\"rank-math-answer \">\n\n<p>Ak pr\u00eddete autom, pripravte sa na to, \u017ee modr\u00e1 z\u00f3na v centre plat\u00ed ka\u017ed\u00fd de\u0148, a to aj v nede\u013eu (na rozdiel od zelenej z\u00f3ny, ktor\u00e1 plat\u00ed len v pracovn\u00e9 dni). Mesto nem\u00e1 fyzick\u00e9 parkovacie automaty. Pre turistu je najlep\u0161ie stiahnu\u0165 si aplik\u00e1ciu MPark a plati\u0165 parkovn\u00e9 pohodlne z mobilu.<\/p>\n\n<\/div>\n<\/div>\n<div id=\"faq-question-1788110183003\" class=\"rank-math-list-item\">\n<h3 class=\"rank-math-question \"><span class=\"ez-toc-section\" id=\"Da_sa_do_Varny_letiet_priamo_zo_Slovenska\"><\/span>D\u00e1 sa do Varny letie\u0165 priamo zo Slovenska?<span class=\"ez-toc-section-end\"><\/span><\/h3>\n<div class=\"rank-math-answer \">\n\n<p>\u00c1no, letisko Varna je dostupn\u00e9 priamymi sez\u00f3nnymi letmi z Bratislavy. Let trv\u00e1 len okolo dvoch hod\u00edn a samotn\u00e9 letisko je od historick\u00e9ho centra vzdialen\u00e9 zhruba 20 min\u00fat cesty autobusom linky 409.<\/p>\n\n<\/div>\n<\/div>\n<div id=\"faq-question-1788110183004\" class=\"rank-math-list-item\">\n<h3 class=\"rank-math-question \"><span class=\"ez-toc-section\" id=\"Ma_zmysel_jazdit_do_Varny_aj_mimo_letnych_prazdnin\"><\/span>M\u00e1 zmysel jazdi\u0165 do Varny aj mimo letn\u00fdch pr\u00e1zdnin?<span class=\"ez-toc-section-end\"><\/span><\/h3>\n<div class=\"rank-math-answer \">\n\n<p>Ur\u010dite. Varna je tretie najv\u00e4\u010d\u0161ie mesto v krajine a funguje celoro\u010dne. M\u00faze\u00e1, gal\u00e9rie aj skvel\u00e9 re\u0161taur\u00e1cie nezatv\u00e1raj\u00fa. Na jar a na jese\u0148 sa navy\u0161e vyhnete najv\u00e4\u010d\u0161\u00edm davom a hor\u00fa\u010dav\u00e1m, \u010do je ide\u00e1lne po\u010dasie na objavovanie antick\u00fdch vykop\u00e1vok alebo na v\u00fdlet k mysu Kaliakra.<\/p>\n\n<\/div>\n<\/div>\n<div id=\"faq-question-1788110183005\" class=\"rank-math-list-item\">\n<h3 class=\"rank-math-question \"><span class=\"ez-toc-section\" id=\"Ako_sa_z_Varny_dostanem_na_Zlate_piesky\"><\/span>Ako sa z Varny dostanem na Zlat\u00e9 piesky?<span class=\"ez-toc-section-end\"><\/span><\/h3>\n<div class=\"rank-math-answer \">\n\n<p>Najjednoduch\u0161ie je autobusov\u00e1 linka 409, ktor\u00e1 sp\u00e1ja letisko, centrum aj letovisk\u00e1 pozd\u013a\u017e pobre\u017eia. Zo stredu Varny na Zlat\u00e9 piesky pojedete zhruba pol hodiny, z letiska je to necel\u00e1 hodina. Po\u010d\u00edtajte v\u0161ak s t\u00fdm, \u017ee \u00fasek a\u017e na Zlat\u00e9 piesky jazd\u00ed iba v sez\u00f3ne, pribli\u017ene od m\u00e1ja do okt\u00f3bra.<\/p>\n\n<\/div>\n<\/div>\n<div id=\"faq-question-1788110183006\" class=\"rank-math-list-item\">\n<h3 class=\"rank-math-question \"><span class=\"ez-toc-section\" id=\"Je_Varna_bezpecne_mesto\"><\/span>Je Varna bezpe\u010dn\u00e9 mesto?<span class=\"ez-toc-section-end\"><\/span><\/h3>\n<div class=\"rank-math-answer \">\n\n<p>Pod\u013ea medzin\u00e1rodn\u00fdch bezpe\u010dnostn\u00fdch indexov vych\u00e1dza Varna dokonca o nie\u010do lep\u0161ie ne\u017e Sofia a aj no\u010dn\u00e1 ch\u00f4dza po centre je hodnoten\u00e1 ako bezpe\u010dn\u00e1. Hlavn\u00fdm rizikom s\u00fa vreckov\u00ed zlodeji: v auguste 2026 varoval Zv\u00e4z sprievodcov Bulharska pred organizovan\u00fdmi vreck\u00e1rmi, ktor\u00ed \u010d\u00edhaj\u00fa priamo pred Archeologick\u00fdm m\u00fazeom v okamihu, ke\u010f turisti vystupuj\u00fa z autobusov.<\/p>\n\n<\/div>\n<\/div>\n<\/div>\n<\/div>","protected":false},"excerpt":{"rendered":"<p>Varna v Bulharsku nie je len tranzitn\u00e1 zast\u00e1vka cestou na Zlat\u00e9 piesky. Prin\u00e1\u0161ame 20 tipov, \u010do vidie\u0165 a za\u017ei\u0165, orienta\u010dn\u00e9 ceny v eur\u00e1ch aj pasce, ktor\u00fdm sa vyhn\u00fa\u0165.<\/p>\n","protected":false},"author":3,"featured_media":407810,"comment_status":"open","ping_status":"open","sticky":false,"template":"","format":"standard","meta":{"_acf_changed":false,"footnotes":"","rank_math_title":"Varna Bulharsko: 20 tipov, \u010do vidie\u0165 a za\u017ei\u0165 2026","rank_math_description":"Varna v Bulharsku pon\u00faka najstar\u0161ie zlato sveta, r\u00edmske k\u00fapele aj kr\u00e1sne pl\u00e1\u017ee. Objav 20 tipov, \u010do vidie\u0165 a za\u017ei\u0165, ceny v eur\u00e1ch a praktick\u00e9 rady na v\u00fdlet!","rank_math_focus_keyword":"varna bulharsko","rank_math_seo_score":""},"categories":[951,952,955],"tags":[],"class_list":["post-417832","post","type-post","status-publish","format-standard","has-post-thumbnail","category-bulharsko","category-cestovanie","category-europa"],"acf":[],"featured_image_src":"https:\/\/loudavymkrokem.cz\/wp-content\/uploads\/2026\/08\/varna-majak-pri-zapadu-slunce.jpg","author_info":{"display_name":"Lucie Kone\u010dn\u00e1","author_link":"https:\/\/loudavymkrokem.cz\/sk\/author\/lucie-konecna\/"},"_links":{"self":[{"href":"https:\/\/loudavymkrokem.cz\/sk\/wp-json\/wp\/v2\/posts\/417832","targetHints":{"allow":["GET"]}}],"collection":[{"href":"https:\/\/loudavymkrokem.cz\/sk\/wp-json\/wp\/v2\/posts"}],"about":[{"href":"https:\/\/loudavymkrokem.cz\/sk\/wp-json\/wp\/v2\/types\/post"}],"author":[{"embeddable":true,"href":"https:\/\/loudavymkrokem.cz\/sk\/wp-json\/wp\/v2\/users\/3"}],"replies":[{"embeddable":true,"href":"https:\/\/loudavymkrokem.cz\/sk\/wp-json\/wp\/v2\/comments?post=417832"}],"version-history":[{"count":2,"href":"https:\/\/loudavymkrokem.cz\/sk\/wp-json\/wp\/v2\/posts\/417832\/revisions"}],"predecessor-version":[{"id":417834,"href":"https:\/\/loudavymkrokem.cz\/sk\/wp-json\/wp\/v2\/posts\/417832\/revisions\/417834"}],"wp:featuredmedia":[{"embeddable":true,"href":"https:\/\/loudavymkrokem.cz\/sk\/wp-json\/wp\/v2\/media\/407810"}],"wp:attachment":[{"href":"https:\/\/loudavymkrokem.cz\/sk\/wp-json\/wp\/v2\/media?parent=417832"}],"wp:term":[{"taxonomy":"category","embeddable":true,"href":"https:\/\/loudavymkrokem.cz\/sk\/wp-json\/wp\/v2\/categories?post=417832"},{"taxonomy":"post_tag","embeddable":true,"href":"https:\/\/loudavymkrokem.cz\/sk\/wp-json\/wp\/v2\/tags?post=417832"}],"curies":[{"name":"wp","href":"https:\/\/api.w.org\/{rel}","templated":true}]}}