{"id":417796,"date":"2026-09-04T20:50:25","date_gmt":"2026-09-04T18:50:25","guid":{"rendered":"https:\/\/loudavymkrokem.cz\/strasburg-francuzsko-tipy\/"},"modified":"2026-09-05T18:10:11","modified_gmt":"2026-09-05T16:10:11","slug":"strasburg-francuzsko-tipy","status":"publish","type":"post","link":"https:\/\/loudavymkrokem.cz\/sk\/strasburg-francuzsko-tipy\/","title":{"rendered":"\u0160trasburg, Franc\u00fazsko: 18 tipov, \u010do vidie\u0165 a robi\u0165"},"content":{"rendered":"\n<p class=\"wp-block-paragraph\">\u0160trasburg, Franc\u00fazsko \u2013 v\u00e4\u010d\u0161ina z n\u00e1s si toto mesto okam\u017eite spoj\u00ed s v\u00f4\u0148ou varen\u00e9ho v\u00edna a z\u00e1plavou sviato\u010dn\u00fdch svetielok, no pravdou je, \u017ee <strong>m\u00e1 \u010do pon\u00faknu\u0165 aj zvy\u0161n\u00fdch jeden\u00e1s\u0165 mesiacov v roku<\/strong>. Zatia\u013e \u010do v decembri prask\u00e1 vo \u0161v\u00edkoch a ceny raketovo rast\u00fa, mimo adventn\u00e9ho \u010dasu sa men\u00ed na pokojnej\u0161iu a <strong>v\u00fdrazne lacnej\u0161iu destin\u00e1ciu<\/strong>, kde sa sn\u00fabi franc\u00fazska elegancia s nemeckou prec\u00edznos\u0165ou. Za posledn\u00e9 storo\u010die sa tu hne\u010f \u0161tyrikr\u00e1t zmenila \u0161t\u00e1tna pr\u00edslu\u0161nos\u0165, \u010do zanechalo nezmazate\u013en\u00fa stopu na architekt\u00fare, miestnom jazyku aj vynikaj\u00facej gastron\u00f3mii.<\/p>\n\n\n\n<p class=\"wp-block-paragraph\">N\u00e1jde\u0161 tu <strong>historick\u00fa \u0161tvr\u0165 zap\u00edsan\u00fa v UNESCO<\/strong>, monument\u00e1lnu gotick\u00fa katedr\u00e1lu aj modern\u00e9 sklenen\u00e9 budovy Eur\u00f3pskeho parlamentu, ktor\u00e9 spolu vytv\u00e1raj\u00fa \u00faplne unik\u00e1tnu atmosf\u00e9ru. M\u00f4\u017ee\u0161 sa t\u00fala\u0165 malebn\u00fdmi uli\u010dkami pln\u00fdmi hr\u00e1zden\u00fdch domov, pozorova\u0165 lode na vodn\u00fdch kan\u00e1loch alebo si len tak sadn\u00fa\u0165 do kaviarne a <strong>nas\u00e1va\u0165 t\u00fa neuverite\u013en\u00fa pohodu bez davov turistov<\/strong>. \u0160trasburg je jednoducho mesto dvoch ident\u00edt, ktor\u00e9 \u0165a prekvap\u00ed na ka\u017edom kroku.<\/p>\n\n\n\n<p class=\"wp-block-paragraph\">Ak h\u013ead\u00e1\u0161 ide\u00e1lne miesto na pred\u013a\u017een\u00fd v\u00edkend, kde sa <strong>hist\u00f3ria prel\u00edna s pulzuj\u00facim modern\u00fdm \u017eivotom<\/strong>, pr\u00e1ve si ho na\u0161iel. Pripravila som pre teba podrobn\u00e9ho sprievodcu, ktor\u00fd ti uk\u00e1\u017ee najv\u00e4\u010d\u0161ie poklady mesta a porad\u00ed, ako si n\u00e1v\u0161tevu u\u017ei\u0165 naplno bez oh\u013eadu na to, v akom ro\u010dnom obdob\u00ed sem vyraz\u00ed\u0161.<\/p>\n\n\n\n<figure data-wp-context=\"{&quot;imageId&quot;:&quot;6a9c5524f1ca1&quot;}\" data-wp-interactive=\"core\/image\" data-wp-key=\"6a9c5524f1ca1\" class=\"wp-block-image size-full wp-lightbox-container\"><img decoding=\"async\" width=\"1920\" height=\"2454\" data-wp-class--hide=\"state.isContentHidden\" data-wp-class--show=\"state.isContentVisible\" data-wp-init=\"callbacks.setButtonStyles\" data-wp-on--click=\"actions.showLightbox\" data-wp-on--load=\"callbacks.setButtonStyles\" data-wp-on--pointerdown=\"actions.preloadImage\" data-wp-on--pointerenter=\"actions.preloadImageWithDelay\" data-wp-on--pointerleave=\"actions.cancelPreload\" data-wp-on-window--resize=\"callbacks.setButtonStyles\" src=\"https:\/\/loudavymkrokem.cz\/wp-content\/uploads\/2026\/09\/katedrala-notre-dame-ve-strasburku-af4b864e.jpg\" alt=\"Katedr\u00e1la Notre-Dame v \u0160trasburgu\" class=\"wp-image-413376\" title=\"\" srcset=\"https:\/\/loudavymkrokem.cz\/wp-content\/uploads\/2026\/09\/katedrala-notre-dame-ve-strasburku-af4b864e.jpg 1920w, https:\/\/loudavymkrokem.cz\/wp-content\/uploads\/2026\/09\/katedrala-notre-dame-ve-strasburku-af4b864e-235x300.jpg 235w, https:\/\/loudavymkrokem.cz\/wp-content\/uploads\/2026\/09\/katedrala-notre-dame-ve-strasburku-af4b864e-700x895.jpg 700w, https:\/\/loudavymkrokem.cz\/wp-content\/uploads\/2026\/09\/katedrala-notre-dame-ve-strasburku-af4b864e-768x982.jpg 768w, https:\/\/loudavymkrokem.cz\/wp-content\/uploads\/2026\/09\/katedrala-notre-dame-ve-strasburku-af4b864e-1202x1536.jpg 1202w, https:\/\/loudavymkrokem.cz\/wp-content\/uploads\/2026\/09\/katedrala-notre-dame-ve-strasburku-af4b864e-1602x2048.jpg 1602w, https:\/\/loudavymkrokem.cz\/wp-content\/uploads\/2026\/09\/katedrala-notre-dame-ve-strasburku-af4b864e-696x890.jpg 696w, https:\/\/loudavymkrokem.cz\/wp-content\/uploads\/2026\/09\/katedrala-notre-dame-ve-strasburku-af4b864e-1392x1779.jpg 1392w\" sizes=\"(max-width: 1920px) 100vw, 1920px\" \/><button\n\t\t\tclass=\"lightbox-trigger\"\n\t\t\ttype=\"button\"\n\t\t\taria-haspopup=\"dialog\"\n\t\t\tdata-wp-bind--aria-label=\"state.thisImage.triggerButtonAriaLabel\"\n\t\t\tdata-wp-init=\"callbacks.initTriggerButton\"\n\t\t\tdata-wp-on--click=\"actions.showLightbox\"\n\t\t\tdata-wp-style--right=\"state.thisImage.buttonRight\"\n\t\t\tdata-wp-style--top=\"state.thisImage.buttonTop\"\n\t\t>\n\t\t\t<svg xmlns=\"http:\/\/www.w3.org\/2000\/svg\" width=\"12\" height=\"12\" fill=\"none\" viewBox=\"0 0 12 12\">\n\t\t\t\t<path fill=\"#fff\" d=\"M2 0a2 2 0 0 0-2 2v2h1.5V2a.5.5 0 0 1 .5-.5h2V0H2Zm2 10.5H2a.5.5 0 0 1-.5-.5V8H0v2a2 2 0 0 0 2 2h2v-1.5ZM8 12v-1.5h2a.5.5 0 0 0 .5-.5V8H12v2a2 2 0 0 1-2 2H8Zm2-12a2 2 0 0 1 2 2v2h-1.5V2a.5.5 0 0 0-.5-.5H8V0h2Z\" \/>\n\t\t\t<\/svg>\n\t\t<\/button><figcaption class=\"wp-element-caption\">Foto: Diliff \/ Wikimedia Commons, CC BY-SA 3.0<\/figcaption><\/figure>\n\n\n\n<div id=\"ez-toc-container\" class=\"ez-toc-v2_0_87 ez-toc-wrap-left counter-hierarchy ez-toc-counter ez-toc-grey ez-toc-container-direction\">\n<div class=\"ez-toc-title-container\">\n<p class=\"ez-toc-title\" style=\"cursor:inherit\">Obsah \u010dl\u00e1nku<\/p>\n<span class=\"ez-toc-title-toggle\"><a href=\"#\" class=\"ez-toc-pull-right ez-toc-btn ez-toc-btn-xs ez-toc-btn-default ez-toc-toggle\" aria-label=\"Toggle Table of Content\"><span class=\"ez-toc-js-icon-con\"><span class=\"\"><span class=\"eztoc-hide\" style=\"display:none;\">Toggle<\/span><span class=\"ez-toc-icon-toggle-span\"><svg style=\"fill: #999;color:#999\" xmlns=\"http:\/\/www.w3.org\/2000\/svg\" class=\"list-377408\" width=\"20px\" height=\"20px\" viewBox=\"0 0 24 24\" fill=\"none\"><path d=\"M6 6H4v2h2V6zm14 0H8v2h12V6zM4 11h2v2H4v-2zm16 0H8v2h12v-2zM4 16h2v2H4v-2zm16 0H8v2h12v-2z\" fill=\"currentColor\"><\/path><\/svg><svg style=\"fill: #999;color:#999\" class=\"arrow-unsorted-368013\" xmlns=\"http:\/\/www.w3.org\/2000\/svg\" width=\"10px\" height=\"10px\" viewBox=\"0 0 24 24\" version=\"1.2\" baseProfile=\"tiny\"><path d=\"M18.2 9.3l-6.2-6.3-6.2 6.3c-.2.2-.3.4-.3.7s.1.5.3.7c.2.2.4.3.7.3h11c.3 0 .5-.1.7-.3.2-.2.3-.5.3-.7s-.1-.5-.3-.7zM5.8 14.7l6.2 6.3 6.2-6.3c.2-.2.3-.5.3-.7s-.1-.5-.3-.7c-.2-.2-.4-.3-.7-.3h-11c-.3 0-.5.1-.7.3-.2.2-.3.5-.3.7s.1.5.3.7z\"\/><\/svg><\/span><\/span><\/span><\/a><\/span><\/div>\n<nav><ul class='ez-toc-list ez-toc-list-level-1 ' ><ul class='ez-toc-list-level-3' ><li class='ez-toc-heading-level-3'><a class=\"ez-toc-link ez-toc-heading-1\" href=\"https:\/\/loudavymkrokem.cz\/sk\/strasburg-francuzsko-tipy\/#Zhrnutie_pre_tych_ktori_nemaju_cas_citat_cely_clanok\" >Zhrnutie pre t\u00fdch, ktor\u00ed nemaj\u00fa \u010das \u010d\u00edta\u0165 cel\u00fd \u010dl\u00e1nok<\/a><\/li><\/ul><\/li><li class='ez-toc-page-1 ez-toc-heading-level-2'><a class=\"ez-toc-link ez-toc-heading-2\" href=\"https:\/\/loudavymkrokem.cz\/sk\/strasburg-francuzsko-tipy\/#Kedy_vyrazit_do_Strasburgu\" >Kedy vyrazi\u0165 do \u0160trasburgu<\/a><\/li><li class='ez-toc-page-1 ez-toc-heading-level-2'><a class=\"ez-toc-link ez-toc-heading-3\" href=\"https:\/\/loudavymkrokem.cz\/sk\/strasburg-francuzsko-tipy\/#Kde_sa_ubytovat_v_Strasburgu\" >Kde sa ubytova\u0165 v \u0160trasburgu<\/a><\/li><li class='ez-toc-page-1 ez-toc-heading-level-2'><a class=\"ez-toc-link ez-toc-heading-4\" href=\"https:\/\/loudavymkrokem.cz\/sk\/strasburg-francuzsko-tipy\/#18_tipov_co_vidiet_a_robit_v_Strasburgu_vo_Francuzsku\" >18 tipov, \u010do vidie\u0165 a robi\u0165 v \u0160trasburgu vo Franc\u00fazsku<\/a><ul class='ez-toc-list-level-3' ><li class='ez-toc-heading-level-3'><a class=\"ez-toc-link ez-toc-heading-5\" href=\"https:\/\/loudavymkrokem.cz\/sk\/strasburg-francuzsko-tipy\/#1_Cathedrale_Notre-Dame-de-Strasbourg\" >1. Cath\u00e9drale Notre-Dame-de-Strasbourg<\/a><\/li><li class='ez-toc-page-1 ez-toc-heading-level-3'><a class=\"ez-toc-link ez-toc-heading-6\" href=\"https:\/\/loudavymkrokem.cz\/sk\/strasburg-francuzsko-tipy\/#2_Astronomicke_hodiny_zo_sestnasteho_storocia\" >2. Astronomick\u00e9 hodiny zo \u0161estn\u00e1steho storo\u010dia<\/a><\/li><li class='ez-toc-page-1 ez-toc-heading-level-3'><a class=\"ez-toc-link ez-toc-heading-7\" href=\"https:\/\/loudavymkrokem.cz\/sk\/strasburg-francuzsko-tipy\/#3_Vystup_na_vyhliadkovu_plosinu_katedraly\" >3. V\u00fdstup na vyhliadkov\u00fa plo\u0161inu katedr\u00e1ly<\/a><\/li><li class='ez-toc-page-1 ez-toc-heading-level-3'><a class=\"ez-toc-link ez-toc-heading-8\" href=\"https:\/\/loudavymkrokem.cz\/sk\/strasburg-francuzsko-tipy\/#4_Petite_France\" >4. Petite France<\/a><\/li><li class='ez-toc-page-1 ez-toc-heading-level-3'><a class=\"ez-toc-link ez-toc-heading-9\" href=\"https:\/\/loudavymkrokem.cz\/sk\/strasburg-francuzsko-tipy\/#5_Ponts_Couverts_de_Strasbourg\" >5. Ponts Couverts de Strasbourg<\/a><\/li><li class='ez-toc-page-1 ez-toc-heading-level-3'><a class=\"ez-toc-link ez-toc-heading-10\" href=\"https:\/\/loudavymkrokem.cz\/sk\/strasburg-francuzsko-tipy\/#6_Barrage_Vauban\" >6. Barrage Vauban<\/a><\/li><li class='ez-toc-page-1 ez-toc-heading-level-3'><a class=\"ez-toc-link ez-toc-heading-11\" href=\"https:\/\/loudavymkrokem.cz\/sk\/strasburg-francuzsko-tipy\/#7_Plavba_kanalmi_Batorama\" >7. Plavba kan\u00e1lmi Batorama<\/a><\/li><li class='ez-toc-page-1 ez-toc-heading-level-3'><a class=\"ez-toc-link ez-toc-heading-12\" href=\"https:\/\/loudavymkrokem.cz\/sk\/strasburg-francuzsko-tipy\/#8_Strasburg_%E2%80%93_parlament_Europsky_parlament\" >8. \u0160trasburg \u2013 parlament (Eur\u00f3psky parlament)<\/a><\/li><li class='ez-toc-page-1 ez-toc-heading-level-3'><a class=\"ez-toc-link ez-toc-heading-13\" href=\"https:\/\/loudavymkrokem.cz\/sk\/strasburg-francuzsko-tipy\/#9_Parlamentarium_Simone_Veil\" >9. Parlamentarium Simone Veil<\/a><\/li><li class='ez-toc-page-1 ez-toc-heading-level-3'><a class=\"ez-toc-link ez-toc-heading-14\" href=\"https:\/\/loudavymkrokem.cz\/sk\/strasburg-francuzsko-tipy\/#10_Rada_Europy_a_stvrt_institucii\" >10. Rada Eur\u00f3py a \u0161tvr\u0165 in\u0161tit\u00faci\u00ed<\/a><\/li><li class='ez-toc-page-1 ez-toc-heading-level-3'><a class=\"ez-toc-link ez-toc-heading-15\" href=\"https:\/\/loudavymkrokem.cz\/sk\/strasburg-francuzsko-tipy\/#11_Grande_Ile_prva_stvrt_v_UNESCO\" >11. Grande \u00cele (prv\u00e1 \u0161tvr\u0165 v UNESCO)<\/a><\/li><li class='ez-toc-page-1 ez-toc-heading-level-3'><a class=\"ez-toc-link ez-toc-heading-16\" href=\"https:\/\/loudavymkrokem.cz\/sk\/strasburg-francuzsko-tipy\/#12_Neustadt_nemecka_cisarska_stvrt\" >12. Neustadt (nemeck\u00e1 cis\u00e1rska \u0161tvr\u0165)<\/a><\/li><li class='ez-toc-page-1 ez-toc-heading-level-3'><a class=\"ez-toc-link ez-toc-heading-17\" href=\"https:\/\/loudavymkrokem.cz\/sk\/strasburg-francuzsko-tipy\/#13_Place_Kleber\" >13. Place Kl\u00e9ber<\/a><\/li><li class='ez-toc-page-1 ez-toc-heading-level-3'><a class=\"ez-toc-link ez-toc-heading-18\" href=\"https:\/\/loudavymkrokem.cz\/sk\/strasburg-francuzsko-tipy\/#14_Parc_de_lOrangerie\" >14. Parc de l&#8217;Orangerie<\/a><\/li><li class='ez-toc-page-1 ez-toc-heading-level-3'><a class=\"ez-toc-link ez-toc-heading-19\" href=\"https:\/\/loudavymkrokem.cz\/sk\/strasburg-francuzsko-tipy\/#15_Parc_de_lEtoile\" >15. Parc de l&#8217;\u00c9toile<\/a><\/li><li class='ez-toc-page-1 ez-toc-heading-level-3'><a class=\"ez-toc-link ez-toc-heading-20\" href=\"https:\/\/loudavymkrokem.cz\/sk\/strasburg-francuzsko-tipy\/#16_Palais_Rohan\" >16. Palais Rohan<\/a><\/li><li class='ez-toc-page-1 ez-toc-heading-level-3'><a class=\"ez-toc-link ez-toc-heading-21\" href=\"https:\/\/loudavymkrokem.cz\/sk\/strasburg-francuzsko-tipy\/#17_Strasbourg_Museum_of_Modern_and_Contemporary_Art_MAMCS\" >17. Strasbourg Museum of Modern and Contemporary Art (MAMCS)<\/a><\/li><li class='ez-toc-page-1 ez-toc-heading-level-3'><a class=\"ez-toc-link ez-toc-heading-22\" href=\"https:\/\/loudavymkrokem.cz\/sk\/strasburg-francuzsko-tipy\/#18_Musee_Alsacien\" >18. Mus\u00e9e Alsacien<\/a><\/li><\/ul><\/li><li class='ez-toc-page-1 ez-toc-heading-level-2'><a class=\"ez-toc-link ez-toc-heading-23\" href=\"https:\/\/loudavymkrokem.cz\/sk\/strasburg-francuzsko-tipy\/#Kam_dalej_zo_Strasburgu\" >Kam \u010falej zo \u0160trasburgu<\/a><\/li><li class='ez-toc-page-1 ez-toc-heading-level-2'><a class=\"ez-toc-link ez-toc-heading-24\" href=\"https:\/\/loudavymkrokem.cz\/sk\/strasburg-francuzsko-tipy\/#Casto_kladene_otazky\" >\u010casto kladen\u00e9 ot\u00e1zky<\/a><ul class='ez-toc-list-level-3' ><li class='ez-toc-heading-level-3'><a class=\"ez-toc-link ez-toc-heading-25\" href=\"https:\/\/loudavymkrokem.cz\/sk\/strasburg-francuzsko-tipy\/#Kedy_sa_konaju_vianocne_trhy_v_roku_2026\" >Kedy sa konaj\u00fa viano\u010dn\u00e9 trhy v roku 2026?<\/a><\/li><li class='ez-toc-page-1 ez-toc-heading-level-3'><a class=\"ez-toc-link ez-toc-heading-26\" href=\"https:\/\/loudavymkrokem.cz\/sk\/strasburg-francuzsko-tipy\/#Ako_funguje_system_parkovania_Park_and_Ride\" >Ako funguje syst\u00e9m parkovania Park and Ride?<\/a><\/li><li class='ez-toc-page-1 ez-toc-heading-level-3'><a class=\"ez-toc-link ez-toc-heading-27\" href=\"https:\/\/loudavymkrokem.cz\/sk\/strasburg-francuzsko-tipy\/#Kolko_dni_si_vyhradit_na_navstevu_mesta\" >Ko\u013eko dn\u00ed si vyhradi\u0165 na n\u00e1v\u0161tevu mesta?<\/a><\/li><li class='ez-toc-page-1 ez-toc-heading-level-3'><a class=\"ez-toc-link ez-toc-heading-28\" href=\"https:\/\/loudavymkrokem.cz\/sk\/strasburg-francuzsko-tipy\/#Su_prehliadky_Europskeho_parlamentu_spoplatnene\" >S\u00fa prehliadky Eur\u00f3pskeho parlamentu spoplatnen\u00e9?<\/a><\/li><li class='ez-toc-page-1 ez-toc-heading-level-3'><a class=\"ez-toc-link ez-toc-heading-29\" href=\"https:\/\/loudavymkrokem.cz\/sk\/strasburg-francuzsko-tipy\/#Ako_sa_najlepsie_pohybovat_po_centre_mesta\" >Ako sa najlep\u0161ie pohybova\u0165 po centre mesta?<\/a><\/li><li class='ez-toc-page-1 ez-toc-heading-level-3'><a class=\"ez-toc-link ez-toc-heading-30\" href=\"https:\/\/loudavymkrokem.cz\/sk\/strasburg-francuzsko-tipy\/#Je_Strasburk_drahe_mesto\" >Je \u0160trasburk drah\u00e9 mesto?<\/a><\/li><li class='ez-toc-page-1 ez-toc-heading-level-3'><a class=\"ez-toc-link ez-toc-heading-31\" href=\"https:\/\/loudavymkrokem.cz\/sk\/strasburg-francuzsko-tipy\/#Hodi_sa_mesto_pre_vegetarianov\" >Hod\u00ed sa mesto pre vegetari\u00e1nov?<\/a><\/li><li class='ez-toc-page-1 ez-toc-heading-level-3'><a class=\"ez-toc-link ez-toc-heading-32\" href=\"https:\/\/loudavymkrokem.cz\/sk\/strasburg-francuzsko-tipy\/#Ktore_miesta_su_najlepsie_pre_fotenie\" >Ktor\u00e9 miesta s\u00fa najlep\u0161ie pre fotenie?<\/a><\/li><\/ul><\/li><\/ul><\/nav><\/div>\n<h3 class=\"wp-block-heading\"><span class=\"ez-toc-section\" id=\"Zhrnutie_pre_tych_ktori_nemaju_cas_citat_cely_clanok\"><\/span>Zhrnutie pre t\u00fdch, ktor\u00ed nemaj\u00fa \u010das \u010d\u00edta\u0165 cel\u00fd \u010dl\u00e1nok<span class=\"ez-toc-section-end\"><\/span><\/h3>\n\n\n\n<ul class=\"wp-block-list\">\n\n<li><strong>Najnav\u0161tevovanej\u0161ia pamiatka:<\/strong> <a href=\"https:\/\/www.cathedrale-strasbourg.fr\/\" target=\"_blank\" rel=\"nofollow noopener\">Cath\u00e9drale Notre-Dame-de-Strasbourg<\/a> s unik\u00e1tnymi astronomick\u00fdmi hodinami zo \u0161estn\u00e1steho storo\u010dia.<\/li>\n\n\n\n<li><strong>Najfotografovanej\u0161ie miesta:<\/strong> Malebn\u00e1 \u0161tvr\u0165 Petite France s hr\u00e1zden\u00fdmi domami a vodn\u00fdmi kan\u00e1lmi.<\/li>\n\n\n\n<li><strong>Najlep\u0161\u00ed v\u00fdh\u013ead zadarmo:<\/strong> Terasa na historickej priehrade Barrage Vauban, odkia\u013e sprav\u00ed\u0161 tie najkraj\u0161ie fotky.<\/li>\n\n\n\n<li><strong>Unik\u00e1tny z\u00e1\u017eitok:<\/strong> Bezplatn\u00e1 prehliadka Eur\u00f3pskeho parlamentu a interakt\u00edvneho centra Parlamentarium Simone Veil.<\/li>\n\n\n\n<li><strong>Doprava v meste:<\/strong> Centrum je pre aut\u00e1 dos\u0165 nepriate\u013esk\u00e9, preto sa najviac oplat\u00ed vyu\u017ei\u0165 syst\u00e9m z\u00e1chytn\u00fdch parkov\u00edsk Park and Ride v kombin\u00e1cii s elektri\u010dkou.<\/li>\n\n\n\n<li><strong>Kedy \u00eds\u0165:<\/strong> Pre najlep\u0161\u00ed pomer ceny a po\u010dasia odpor\u00fa\u010dam m\u00e1j, j\u00fan alebo september, zatia\u013e \u010do pre najni\u017e\u0161ie ceny hotelov je ide\u00e1lny janu\u00e1r.<\/li>\n\n\n\n<li><strong>Svetov\u00e9 dedi\u010dstvo:<\/strong> Cel\u00e1 historick\u00e1 \u0161tvr\u0165 Grande \u00cele aj mlad\u0161ia nemeck\u00e1 Neustadt s\u00fa zap\u00edsan\u00e9 v zozname UNESCO.<\/li>\n\n\n<\/ul>\n\n\n\n<h2 class=\"wp-block-heading\"><span class=\"ez-toc-section\" id=\"Kedy_vyrazit_do_Strasburgu\"><\/span>Kedy vyrazi\u0165 do \u0160trasburgu<span class=\"ez-toc-section-end\"><\/span><\/h2>\n\n\n\n<p class=\"wp-block-paragraph\">Pl\u00e1novanie term\u00ednu je pri tomto meste \u00faplne k\u013e\u00fa\u010dov\u00e9, preto\u017ee <strong>sez\u00f3nnos\u0165 tu extr\u00e9mne h\u00fdbe s cenami ubytovania<\/strong>. Ak vyraz\u00ed\u0161 v decembri po\u010das sl\u00e1vnych trhov, priprav sa na to, \u017ee hotely v centre m\u00f4\u017eu st\u00e1\u0165 a\u017e trojn\u00e1sobok svojej be\u017enej letnej ceny. Naopak v janu\u00e1ri alebo vo febru\u00e1ri za\u017eije\u0161 mesto \u00faplne bez davov a <strong>pri troche \u0161\u0165astia zo\u017eenie\u0161 luxusn\u00fa izbu za p\u00fahy zlomok zimnej sumy<\/strong>. Jarn\u00e9 a jesenn\u00e9 mesiace potom predstavuj\u00fa \u00faplne ide\u00e1lny kompromis pre t\u00fdch, ktor\u00ed chc\u00fa u\u0161etri\u0165, no z\u00e1rove\u0148 si u\u017ei\u0165 pekn\u00e9 po\u010dasie.<\/p>\n\n\n\n<p class=\"wp-block-paragraph\">Najpr\u00edjemnej\u0161ie po\u010dasie na dlh\u00e9 prech\u00e1dzky pozd\u013a\u017e vodn\u00fdch kan\u00e1lov \u0165a \u010dak\u00e1 <strong>v m\u00e1ji, j\u00fani a septembri<\/strong>, ke\u010f sa teploty pohybuj\u00fa na ve\u013emi pr\u00edjemn\u00fdch hodnot\u00e1ch a dni s\u00fa dostato\u010dne dlh\u00e9. V lete m\u00f4\u017ee by\u0165 v kamennom centre dos\u0165 hor\u00faco, ale v\u010faka v\u0161adepr\u00edtomnej vode a roz\u013eahl\u00fdm parkom sa to d\u00e1 bez probl\u00e9mov zvl\u00e1dnu\u0165. Ak ti neprek\u00e1\u017ea trochu sychravej\u0161ie po\u010dasie, <strong>skor\u00e9 jaro odhal\u00ed mesto v kr\u00e1sne melancholickej n\u00e1lade<\/strong>, ke\u010f sa miestne kaviarne pomaly preb\u00fadzaj\u00fa k \u017eivotu a ulice patria len miestnym obyvate\u013eom.<\/p>\n\n\n\n<p class=\"wp-block-paragraph\">V roku 2026 prebiehaj\u00fa sl\u00e1vne viano\u010dn\u00e9 trhy od piatka 27. novembra do nedele 27. decembra. Rozprestieraj\u00fa sa hne\u010f na jeden\u00e1stich r\u00f4znych miestach po celej historickej \u0161tvrti Grande \u00cele, pri\u010dom tie najzn\u00e1mej\u0161ie n\u00e1jde\u0161 na Place Broglie, Place de la Cath\u00e9drale alebo v uli\u010dk\u00e1ch Petite France. Ak \u0165a zauj\u00edma prim\u00e1rne toto \u010darovn\u00e9 obdobie a neprek\u00e1\u017ea ti v\u00fdrazne vy\u0161\u0161\u00ed rozpo\u010det, <strong>ur\u010dite si pre\u010d\u00edtaj n\u00e1\u0161 samostatn\u00fd \u010dl\u00e1nok <a href=\"https:\/\/loudavymkrokem.cz\/sk\/vianocne-trhy-strasburg\/\">Viano\u010dn\u00e9 trhy \u0160trasburg<\/a><\/strong>, kde n\u00e1jde\u0161 detailn\u00fa mapu lok\u00e1ci\u00ed, miestne zvyky a konkr\u00e9tne tipy na tradi\u010dn\u00e9 dobroty.<\/p>\n\n\n\n<h2 class=\"wp-block-heading\"><span class=\"ez-toc-section\" id=\"Kde_sa_ubytovat_v_Strasburgu\"><\/span>Kde sa ubytova\u0165 v \u0160trasburgu<span class=\"ez-toc-section-end\"><\/span><\/h2>\n\n\n\n<p class=\"wp-block-paragraph\">V\u00fdber spr\u00e1vnej lokality na ubytovanie ti u\u0161etr\u00ed kopu \u010dasu aj pe\u0148az\u00ed za hromadn\u00fa dopravu. Najviac \u010darovn\u00e1, ale logicky aj najdrah\u0161ia, je <strong>historick\u00e1 \u0161tvr\u0165 Grande \u00cele a jej \u010das\u0165 Petite France<\/strong>, kde bude\u0161 ma\u0165 v\u0161etky hlavn\u00e9 pamiatky len p\u00e1r krokov od postele. Ak h\u013ead\u00e1\u0161 nie\u010do v\u00fdrazne pokojnej\u0161ie a cenovo dostupnej\u0161ie, <strong>odpor\u00fa\u010dam poobzera\u0165 sa po \u0161tvrti Neustadt<\/strong>, ktor\u00e1 pon\u00faka n\u00e1dhern\u00fa architekt\u00faru a do \u00fapln\u00e9ho centra sa dostane\u0161 pr\u00edjemnou prech\u00e1dzkou za necel\u00fdch desa\u0165 min\u00fat.<\/p>\n\n\n\n<p class=\"wp-block-paragraph\">Rezerv\u00e1ciu izieb si rozhodne nenech\u00e1vaj na posledn\u00fa chv\u00ed\u013eu a <strong>v\u017edy odpor\u00fa\u010dam vyu\u017e\u00edva\u0165 overen\u00e9 port\u00e1ly ako je <a class=\"thirstylink\" rel=\"nofollow\" target=\"_blank\" title=\"Booking.com\" href=\"https:\/\/loudavymkrokem.cz\/doporucujeme\/booking-com\/\" data-shortcode=\"true\">Booking<\/a><\/strong>, kde n\u00e1jde\u0161 najlep\u0161\u00ed preh\u013ead o aktu\u00e1lnych cen\u00e1ch. Najm\u00e4 v adventnom obdob\u00ed b\u00fdva v\u00e4\u010d\u0161ina kapac\u00edt rozobran\u00e1 u\u017e pol roka dopredu. Pod\u013ea recenzi\u00ed in\u00fdch cestovate\u013eov a pozorn\u00e9ho prech\u00e1dzania Bookingu som pre teba vybrala p\u00e1r hotelov, ktor\u00e9 maj\u00fa v\u00fdborn\u00fd pomer ceny a kvality:<\/p>\n\n\n\n<p class=\"wp-block-paragraph\"><strong>H\u00f4tel Cour du Corbeau Strasbourg &#8211; MGallery<\/strong> je \u00fapln\u00fd architektonick\u00fd skvost a jedno z najkraj\u0161\u00edch miest na prespanie v celom meste. Nach\u00e1dza sa v n\u00e1dherne zrekon\u0161truovanom historickom dome s dreven\u00fdmi pavla\u010dami zo \u0161estn\u00e1steho storo\u010dia a <strong>pon\u00faka nezabudnute\u013en\u00fa romantick\u00fa atmosf\u00e9ru<\/strong> priamo pri vodnom kan\u00e1li. Hostia tu nad\u0161ene hl\u00e1sia, \u017ee ra\u0148ajky s\u00fa bohat\u00e9 a\u017e hrie\u0161ne a pokoj zar\u00e1\u017eaj\u00faci, aj napriek tomu, \u017ee katedr\u00e1la je p\u00e4\u0165 min\u00fat pe\u0161o.<\/p>\n\n\n\n<p class=\"wp-block-paragraph\">Ak preferuje\u0161 sk\u00f4r modern\u00fd dizajn a \u010dist\u00e9 l\u00ednie, <strong>H\u00f4tel L\u00c9ONOR the place to live<\/strong> m\u00e1 nie\u010do do seba. Pon\u00faka modern\u00fd interi\u00e9r v historickej budove k\u00fasok od n\u00e1mestia Broglie, a hlavne n\u00e1dhern\u00e9 vn\u00fatorn\u00e9 n\u00e1dvorie, kde si d\u00e1\u0161 poh\u00e1r alsask\u00e9ho v\u00edna po celodennom choden\u00ed.<\/p>\n\n\n\n<p class=\"wp-block-paragraph\">Pre cestovate\u013eov s o nie\u010do pr\u00edsnej\u0161\u00edm rozpo\u010dtom je skvelou vo\u013ebou <strong>H\u00f4tel Gutenberg<\/strong>, ktor\u00fd le\u017e\u00ed na \u00faplne strategickom mieste k\u00fasok od hlavnej pe\u0161ej z\u00f3ny. Izby s\u00fa s\u00edce o nie\u010do men\u0161ie, ale <strong>vynikaj\u00fa perfektnou \u010distotou a ve\u013emi pohodln\u00fdmi poste\u013eami<\/strong>. Ve\u013ek\u00fdm plusom je pod\u013ea host\u00ed aj nesmierne ochotn\u00fd person\u00e1l, ktor\u00fd ti r\u00e1d porad\u00ed s orient\u00e1ciou v meste a odporu\u010d\u00ed tie najlep\u0161ie lok\u00e1lne pek\u00e1rne v okol\u00ed. Ak by si chcel presk\u00fama\u0165 viac mo\u017enost\u00ed v r\u00f4znych cenov\u00fdch hladin\u00e1ch, pozri sa na n\u00e1\u0161 podrobn\u00fd \u010dl\u00e1nok <a href=\"https:\/\/loudavymkrokem.cz\/kde-bydlet-ve-strasburku\/\">Kde b\u00fdva\u0165 v \u0160trasburgu<\/a>.<\/p>\n\n\n\n\n\n<p class=\"wp-block-paragraph\"><em>\ud83d\udca1 <a href=\"https:\/\/www.stay22.com\/allez\/roam?aid=lukaskonecny&#038;campaign=loudavymkrokemcz&#038;campaign=co-videt-ve-strasburku&#038;address=%C5%A0trasburk%2C%20Francie\" target=\"_blank\" rel=\"nofollow noopener sponsored\">Na tejto mape si porovn\u00e1\u0161, \u010do je pr\u00e1ve vo\u013en\u00e9<\/a> \u2014 hne\u010f uvid\u00ed\u0161, o ko\u013eko lacnej\u0161ie vyjde ubytovanie o p\u00e1r zast\u00e1vok od centra.<\/em><\/p>\n\n<h2 class=\"wp-block-heading\"><span class=\"ez-toc-section\" id=\"18_tipov_co_vidiet_a_robit_v_Strasburgu_vo_Francuzsku\"><\/span>18 tipov, \u010do vidie\u0165 a robi\u0165 v \u0160trasburgu vo Franc\u00fazsku<span class=\"ez-toc-section-end\"><\/span><\/h2>\n\n\n\n<p class=\"wp-block-paragraph\">\u010ci u\u017e m\u00e1\u0161 na n\u00e1v\u0161tevu mesta vyhraden\u00fd len jeden v\u00edkend alebo cel\u00fd t\u00fd\u017ede\u0148, nudi\u0165 sa tu rozhodne nebude\u0161. Pripravila som pre teba <strong>zoznam osemn\u00e1stich miest a z\u00e1\u017eitkov<\/strong>, ktor\u00e9 by si pri pl\u00e1novan\u00ed svojho itiner\u00e1ra rozhodne nemal min\u00fa\u0165. Zahrnula som do\u0148ho jak tie najzn\u00e1mej\u0161ie ikonick\u00e9 pamiatky, tak aj p\u00e1r pokojnej\u0161\u00edch z\u00e1kut\u00ed.<\/p>\n\n\n\n<figure data-wp-context=\"{&quot;imageId&quot;:&quot;6a9c5524f29f2&quot;}\" data-wp-interactive=\"core\/image\" data-wp-key=\"6a9c5524f29f2\" class=\"wp-block-image size-full wp-lightbox-container\"><img decoding=\"async\" width=\"1600\" height=\"2133\" data-wp-class--hide=\"state.isContentHidden\" data-wp-class--show=\"state.isContentVisible\" data-wp-init=\"callbacks.setButtonStyles\" data-wp-on--click=\"actions.showLightbox\" data-wp-on--load=\"callbacks.setButtonStyles\" data-wp-on--pointerdown=\"actions.preloadImage\" data-wp-on--pointerenter=\"actions.preloadImageWithDelay\" data-wp-on--pointerleave=\"actions.cancelPreload\" data-wp-on-window--resize=\"callbacks.setButtonStyles\" src=\"https:\/\/loudavymkrokem.cz\/wp-content\/uploads\/2026\/09\/cath-drale-notre-dame-de-strasbourg.jpg\" alt=\"Cath\u00e9drale Notre-Dame-de-Strasbourg\" class=\"wp-image-413168\" title=\"\" srcset=\"https:\/\/loudavymkrokem.cz\/wp-content\/uploads\/2026\/09\/cath-drale-notre-dame-de-strasbourg.jpg 1600w, https:\/\/loudavymkrokem.cz\/wp-content\/uploads\/2026\/09\/cath-drale-notre-dame-de-strasbourg-225x300.jpg 225w, https:\/\/loudavymkrokem.cz\/wp-content\/uploads\/2026\/09\/cath-drale-notre-dame-de-strasbourg-700x933.jpg 700w, https:\/\/loudavymkrokem.cz\/wp-content\/uploads\/2026\/09\/cath-drale-notre-dame-de-strasbourg-768x1024.jpg 768w, https:\/\/loudavymkrokem.cz\/wp-content\/uploads\/2026\/09\/cath-drale-notre-dame-de-strasbourg-1152x1536.jpg 1152w, https:\/\/loudavymkrokem.cz\/wp-content\/uploads\/2026\/09\/cath-drale-notre-dame-de-strasbourg-1536x2048.jpg 1536w, https:\/\/loudavymkrokem.cz\/wp-content\/uploads\/2026\/09\/cath-drale-notre-dame-de-strasbourg-696x928.jpg 696w, https:\/\/loudavymkrokem.cz\/wp-content\/uploads\/2026\/09\/cath-drale-notre-dame-de-strasbourg-1392x1856.jpg 1392w\" sizes=\"(max-width: 1600px) 100vw, 1600px\" \/><button\n\t\t\tclass=\"lightbox-trigger\"\n\t\t\ttype=\"button\"\n\t\t\taria-haspopup=\"dialog\"\n\t\t\tdata-wp-bind--aria-label=\"state.thisImage.triggerButtonAriaLabel\"\n\t\t\tdata-wp-init=\"callbacks.initTriggerButton\"\n\t\t\tdata-wp-on--click=\"actions.showLightbox\"\n\t\t\tdata-wp-style--right=\"state.thisImage.buttonRight\"\n\t\t\tdata-wp-style--top=\"state.thisImage.buttonTop\"\n\t\t>\n\t\t\t<svg xmlns=\"http:\/\/www.w3.org\/2000\/svg\" width=\"12\" height=\"12\" fill=\"none\" viewBox=\"0 0 12 12\">\n\t\t\t\t<path fill=\"#fff\" d=\"M2 0a2 2 0 0 0-2 2v2h1.5V2a.5.5 0 0 1 .5-.5h2V0H2Zm2 10.5H2a.5.5 0 0 1-.5-.5V8H0v2a2 2 0 0 0 2 2h2v-1.5ZM8 12v-1.5h2a.5.5 0 0 0 .5-.5V8H12v2a2 2 0 0 1-2 2H8Zm2-12a2 2 0 0 1 2 2v2h-1.5V2a.5.5 0 0 0-.5-.5H8V0h2Z\" \/>\n\t\t\t<\/svg>\n\t\t<\/button><figcaption class=\"wp-element-caption\">Foto: Dorien Van Der Werf \/ Google Maps<\/figcaption><\/figure>\n\n\n\n<h3 class=\"wp-block-heading\"><span class=\"ez-toc-section\" id=\"1_Cathedrale_Notre-Dame-de-Strasbourg\"><\/span>1. Cath\u00e9drale Notre-Dame-de-Strasbourg<span class=\"ez-toc-section-end\"><\/span><\/h3>\n\n\n\n<p class=\"wp-block-paragraph\">T\u00e1to monument\u00e1lna gotick\u00e1 katedr\u00e1la z trin\u00e1steho storo\u010dia je pr\u00e1vom <strong>najnav\u0161tevovanej\u0161\u00edm miestom cel\u00e9ho mesta<\/strong>. Ke\u010f pred \u0148ou prv\u00fdkr\u00e1t stane\u0161 na neve\u013ekom n\u00e1mest\u00ed, jej obrovsk\u00e1 fas\u00e1da z ru\u017eov\u00e9ho vog\u00e9zskeho pieskovca ti spo\u013eahlivo vyraz\u00ed dych. Na stavbe je fascinuj\u00faca predov\u0161etk\u00fdm jej asymetria, preto\u017ee druh\u00e1 ve\u017ea nebola nikdy dostavan\u00e1 a katedr\u00e1la tak z\u00edskala svoj \u00faplne nezamenite\u013en\u00fd vzh\u013ead. Jej stavba trvala nieko\u013eko storo\u010d\u00ed a na ka\u017edom centimetri kame\u0148a vidno neuverite\u013en\u00fa prec\u00edznos\u0165 vtedaj\u0161\u00edch majstrov.<\/p>\n\n\n\n<p class=\"wp-block-paragraph\">Vn\u00fatri \u0165a \u010dak\u00e1 obrovsk\u00fd priestor osvetlen\u00fd cez n\u00e1dhern\u00e9 vitr\u00e1\u017eov\u00e9 okn\u00e1, z ktor\u00fdch <strong>obrovsk\u00e9 rozetov\u00e9 okno nad hlavn\u00fdm vstupom patr\u00ed k t\u00fdm najkraj\u0161\u00edm v celej Eur\u00f3pe<\/strong>. Vstup do hlavnej lode katedr\u00e1ly je zadarmo, ale priprav sa na to, \u017ee pri vchode \u010dasto b\u00fdva rad kv\u00f4li bezpe\u010dnostn\u00fdm kontrol\u00e1m. Rad na\u0161\u0165astie postupuje pomerne r\u00fdchlo, tak\u017ee \u0165a to v\u00f4bec nemus\u00ed odradi\u0165. Samotn\u00fd interi\u00e9r p\u00f4sob\u00ed neuverite\u013ene majest\u00e1tne a rozhodne sa oplat\u00ed prejs\u0165 si ho v pokoji a nikam sa nepon\u00e1h\u013ea\u0165.<\/p>\n\n\n\n<p class=\"wp-block-paragraph\">\ud83d\udca1 Tip: Najlep\u0161\u00ed \u010das na fotenie exteri\u00e9ru je <strong>neskor\u00e9 popoludnie alebo podve\u010der<\/strong>, ke\u010f zapadaj\u00face slnko n\u00e1dherne nasvieti ru\u017eov\u00fd pieskovec a cel\u00e1 stavba z\u00edska \u00fa\u017easn\u00fd tepl\u00fd n\u00e1dych. N\u00e1mestie okolo katedr\u00e1ly je navy\u0161e lemovan\u00e9 historick\u00fdmi domami, ktor\u00e9 dotv\u00e1raj\u00fa dokonal\u00fa fotogenick\u00fa kulisu. M\u00f4\u017ee\u0161 si sadn\u00fa\u0165 do jednej z pri\u013eahl\u00fdch kaviarn\u00ed a len tak pozorova\u0165 premenu farieb kame\u0148a.<\/p>\n\n\n\n<figure data-wp-context=\"{&quot;imageId&quot;:&quot;6a9c5524f31e8&quot;}\" data-wp-interactive=\"core\/image\" data-wp-key=\"6a9c5524f31e8\" class=\"wp-block-image size-full wp-lightbox-container\"><img decoding=\"async\" width=\"1171\" height=\"1560\" data-wp-class--hide=\"state.isContentHidden\" data-wp-class--show=\"state.isContentVisible\" data-wp-init=\"callbacks.setButtonStyles\" data-wp-on--click=\"actions.showLightbox\" data-wp-on--load=\"callbacks.setButtonStyles\" data-wp-on--pointerdown=\"actions.preloadImage\" data-wp-on--pointerenter=\"actions.preloadImageWithDelay\" data-wp-on--pointerleave=\"actions.cancelPreload\" data-wp-on-window--resize=\"callbacks.setButtonStyles\" src=\"https:\/\/loudavymkrokem.cz\/wp-content\/uploads\/2026\/09\/astronomick-hodiny-ze-estn-ct-ho-stolet.jpg\" alt=\"Astronomick\u00e9 hodiny zo \u0161estn\u00e1steho storo\u010dia\" class=\"wp-image-413172\" title=\"\" srcset=\"https:\/\/loudavymkrokem.cz\/wp-content\/uploads\/2026\/09\/astronomick-hodiny-ze-estn-ct-ho-stolet.jpg 1171w, https:\/\/loudavymkrokem.cz\/wp-content\/uploads\/2026\/09\/astronomick-hodiny-ze-estn-ct-ho-stolet-225x300.jpg 225w, https:\/\/loudavymkrokem.cz\/wp-content\/uploads\/2026\/09\/astronomick-hodiny-ze-estn-ct-ho-stolet-700x933.jpg 700w, https:\/\/loudavymkrokem.cz\/wp-content\/uploads\/2026\/09\/astronomick-hodiny-ze-estn-ct-ho-stolet-768x1023.jpg 768w, https:\/\/loudavymkrokem.cz\/wp-content\/uploads\/2026\/09\/astronomick-hodiny-ze-estn-ct-ho-stolet-1153x1536.jpg 1153w, https:\/\/loudavymkrokem.cz\/wp-content\/uploads\/2026\/09\/astronomick-hodiny-ze-estn-ct-ho-stolet-696x927.jpg 696w\" sizes=\"(max-width: 1171px) 100vw, 1171px\" \/><button\n\t\t\tclass=\"lightbox-trigger\"\n\t\t\ttype=\"button\"\n\t\t\taria-haspopup=\"dialog\"\n\t\t\tdata-wp-bind--aria-label=\"state.thisImage.triggerButtonAriaLabel\"\n\t\t\tdata-wp-init=\"callbacks.initTriggerButton\"\n\t\t\tdata-wp-on--click=\"actions.showLightbox\"\n\t\t\tdata-wp-style--right=\"state.thisImage.buttonRight\"\n\t\t\tdata-wp-style--top=\"state.thisImage.buttonTop\"\n\t\t>\n\t\t\t<svg xmlns=\"http:\/\/www.w3.org\/2000\/svg\" width=\"12\" height=\"12\" fill=\"none\" viewBox=\"0 0 12 12\">\n\t\t\t\t<path fill=\"#fff\" d=\"M2 0a2 2 0 0 0-2 2v2h1.5V2a.5.5 0 0 1 .5-.5h2V0H2Zm2 10.5H2a.5.5 0 0 1-.5-.5V8H0v2a2 2 0 0 0 2 2h2v-1.5ZM8 12v-1.5h2a.5.5 0 0 0 .5-.5V8H12v2a2 2 0 0 1-2 2H8Zm2-12a2 2 0 0 1 2 2v2h-1.5V2a.5.5 0 0 0-.5-.5H8V0h2Z\" \/>\n\t\t\t<\/svg>\n\t\t<\/button><figcaption class=\"wp-element-caption\">Foto: H \/ Google Maps<\/figcaption><\/figure>\n\n\n\n<h3 class=\"wp-block-heading\"><span class=\"ez-toc-section\" id=\"2_Astronomicke_hodiny_zo_sestnasteho_storocia\"><\/span>2. Astronomick\u00e9 hodiny zo \u0161estn\u00e1steho storo\u010dia<span class=\"ez-toc-section-end\"><\/span><\/h3>\n\n\n\n<p class=\"wp-block-paragraph\">Priamo vn\u00fatri katedr\u00e1ly sa ukr\u00fdva technick\u00fd a umeleck\u00fd z\u00e1zrak, ktor\u00fdm s\u00fa <strong>renesan\u010dn\u00e9 astronomick\u00e9 hodiny<\/strong>. Tento zlo\u017eit\u00fd mechanizmus poch\u00e1dza zo \u0161estn\u00e1steho storo\u010dia a ukazuje nielen presn\u00fd \u010das, ale aj polohu slnka a mesiaca \u010di aktu\u00e1lne znamenie zverokruhu. Detaily a prec\u00edznos\u0165 rezb\u00e1rskej pr\u00e1ce na samotnej skrini hod\u00edn s\u00fa zbl\u00edzka neuverite\u013en\u00e9 a dokazuj\u00fa obrovsk\u00fd um vtedaj\u0161\u00edch matematikov aj remeseln\u00edkov.<\/p>\n\n\n\n<p class=\"wp-block-paragraph\">Hlavn\u00e9 predstavenie sa odohr\u00e1va ka\u017ed\u00fd de\u0148 presne o dvan\u00e1stej hodine a tridsa\u0165 min\u00fat, ke\u010f <strong>sa sp\u00fa\u0161\u0165a zlo\u017eit\u00e1 prehliadka pohybliv\u00fdch fig\u00far<\/strong>. Uvid\u00ed\u0161 apo\u0161tolov defiluj\u00facich pred Kristom a r\u00f4zne f\u00e1zy \u013eudsk\u00e9ho \u017eivota od detstva a\u017e po smr\u0165, ktor\u00e9 symbolicky odmeriavaj\u00fa plyn\u00faci \u010das. Na t\u00fato popul\u00e1rnu polud\u0148aj\u0161iu \u0161ou sa plat\u00ed drobn\u00e9 vstupn\u00e9 a l\u00edstky sa pred\u00e1vaj\u00fa pri ju\u017enom port\u00e1li, pri\u010dom je ve\u013emi dobr\u00e9 pr\u00eds\u0165 s predstihom, aby si mal v\u00f4bec nejak\u00fd v\u00fdh\u013ead.<\/p>\n\n\n\n<p class=\"wp-block-paragraph\">Aj ke\u010f polud\u0148aj\u0161ie predstavenie nestihne\u0161, hodiny stoja za prehliadku kedyko\u013evek. Men\u0161ie pohyby fig\u00far sa odohr\u00e1vaj\u00fa ka\u017ed\u00fa \u0161tvr\u0165hodinu a cel\u00fd mechanizmus je navy\u0161e kr\u00e1sne nasvieten\u00fd, tak\u017ee o z\u00e1\u017eitok rozhodne nepr\u00edde\u0161.<\/p>\n\n\n\n<figure data-wp-context=\"{&quot;imageId&quot;:&quot;6a9c5524f38b3&quot;}\" data-wp-interactive=\"core\/image\" data-wp-key=\"6a9c5524f38b3\" class=\"wp-block-image size-full wp-lightbox-container\"><img decoding=\"async\" width=\"1080\" height=\"1397\" data-wp-class--hide=\"state.isContentHidden\" data-wp-class--show=\"state.isContentVisible\" data-wp-init=\"callbacks.setButtonStyles\" data-wp-on--click=\"actions.showLightbox\" data-wp-on--load=\"callbacks.setButtonStyles\" data-wp-on--pointerdown=\"actions.preloadImage\" data-wp-on--pointerenter=\"actions.preloadImageWithDelay\" data-wp-on--pointerleave=\"actions.cancelPreload\" data-wp-on-window--resize=\"callbacks.setButtonStyles\" src=\"https:\/\/loudavymkrokem.cz\/wp-content\/uploads\/2026\/09\/swap-412754-3-f43292b7.jpg\" alt=\"V\u00fdh\u013ead z plo\u0161iny \u0161trasburskej katedr\u00e1ly\" class=\"wp-image-413447\" title=\"\" srcset=\"https:\/\/loudavymkrokem.cz\/wp-content\/uploads\/2026\/09\/swap-412754-3-f43292b7.jpg 1080w, https:\/\/loudavymkrokem.cz\/wp-content\/uploads\/2026\/09\/swap-412754-3-f43292b7-232x300.jpg 232w, https:\/\/loudavymkrokem.cz\/wp-content\/uploads\/2026\/09\/swap-412754-3-f43292b7-700x905.jpg 700w, https:\/\/loudavymkrokem.cz\/wp-content\/uploads\/2026\/09\/swap-412754-3-f43292b7-768x993.jpg 768w, https:\/\/loudavymkrokem.cz\/wp-content\/uploads\/2026\/09\/swap-412754-3-f43292b7-696x900.jpg 696w\" sizes=\"(max-width: 1080px) 100vw, 1080px\" \/><button\n\t\t\tclass=\"lightbox-trigger\"\n\t\t\ttype=\"button\"\n\t\t\taria-haspopup=\"dialog\"\n\t\t\tdata-wp-bind--aria-label=\"state.thisImage.triggerButtonAriaLabel\"\n\t\t\tdata-wp-init=\"callbacks.initTriggerButton\"\n\t\t\tdata-wp-on--click=\"actions.showLightbox\"\n\t\t\tdata-wp-style--right=\"state.thisImage.buttonRight\"\n\t\t\tdata-wp-style--top=\"state.thisImage.buttonTop\"\n\t\t>\n\t\t\t<svg xmlns=\"http:\/\/www.w3.org\/2000\/svg\" width=\"12\" height=\"12\" fill=\"none\" viewBox=\"0 0 12 12\">\n\t\t\t\t<path fill=\"#fff\" d=\"M2 0a2 2 0 0 0-2 2v2h1.5V2a.5.5 0 0 1 .5-.5h2V0H2Zm2 10.5H2a.5.5 0 0 1-.5-.5V8H0v2a2 2 0 0 0 2 2h2v-1.5ZM8 12v-1.5h2a.5.5 0 0 0 .5-.5V8H12v2a2 2 0 0 1-2 2H8Zm2-12a2 2 0 0 1 2 2v2h-1.5V2a.5.5 0 0 0-.5-.5H8V0h2Z\" \/>\n\t\t\t<\/svg>\n\t\t<\/button><figcaption class=\"wp-element-caption\">Foto: Lydia Bogdanovic \/ Google Maps<\/figcaption><\/figure>\n\n\n\n<h3 class=\"wp-block-heading\"><span class=\"ez-toc-section\" id=\"3_Vystup_na_vyhliadkovu_plosinu_katedraly\"><\/span>3. V\u00fdstup na vyhliadkov\u00fa plo\u0161inu katedr\u00e1ly<span class=\"ez-toc-section-end\"><\/span><\/h3>\n\n\n\n<p class=\"wp-block-paragraph\">Ak netrp\u00ed\u0161 z\u00e1vratmi a m\u00e1\u0161 aspo\u0148 trochu slu\u0161n\u00fa kondi\u010dku, <strong>rozhodne si nesmie\u0161 necha\u0165 ujs\u0165 v\u00fdstup na vyhliadkov\u00fa plo\u0161inu<\/strong>. Nach\u00e1dza sa vo v\u00fd\u0161ke \u00factyhodn\u00fdch \u0161es\u0165desiat\u0161es\u0165 metrov a nahor vedie tristotridsa\u0165dva pomerne \u00fazkych to\u010dit\u00fdch schodov. Vstupenky si k\u00fapi\u0161 v malom dom\u010deku napravo od hlavn\u00e9ho vchodu, pri\u010dom nahor p\u00fa\u0161\u0165aj\u00fa len obmedzen\u00fd po\u010det \u013eud\u00ed naraz, tak\u017ee sa kr\u00e1tkeho \u010dakania neboj.<\/p>\n\n\n\n<p class=\"wp-block-paragraph\">Odmenou za prepoten\u00e9 tri\u010dko ti bude <strong>\u00faplne fantastick\u00fd panoramatick\u00fd v\u00fdh\u013ead na cel\u00e9 mesto<\/strong>. Uvid\u00ed\u0161 strechy historick\u00fdch domov, spletit\u00fa sie\u0165 kan\u00e1lov a za jasn\u00e9ho po\u010dasia dovid\u00ed\u0161 a\u017e k pohoriu Vog\u00e9zy na franc\u00fazskej strane a k temn\u00e9mu Schwarzwaldu na strane nemeckej. Je to ten najlep\u0161\u00ed mo\u017en\u00fd sp\u00f4sob, ako pochopi\u0165 celkov\u00e9 rozlo\u017eenie mesta a zisti\u0165, kde sa nach\u00e1dzaj\u00fa tie najzauj\u00edmavej\u0161ie \u0161tvrte.<\/p>\n\n\n\n<p class=\"wp-block-paragraph\">\ud83d\udca1 Tip: V\u00fdstup naozaj neodpor\u00fa\u010dam \u013eu\u010fom s klaustrof\u00f3biou, preto\u017ee <strong>schodisko je miestami ve\u013emi \u00fazke a ned\u00e1 sa na \u0148om \u013eahko vyh\u00fdba\u0165 ostatn\u00fdm n\u00e1v\u0161tevn\u00edkom<\/strong>. Hore na plo\u0161ine je ale na\u0161\u0165astie dostatok miesta na oddych a na spravenie t\u00fdch najkraj\u0161\u00edch fotiek z vt\u00e1\u010dej perspekt\u00edvy.<\/p>\n\n\n\n<figure data-wp-context=\"{&quot;imageId&quot;:&quot;6a9c5524f4043&quot;}\" data-wp-interactive=\"core\/image\" data-wp-key=\"6a9c5524f4043\" class=\"wp-block-image size-full wp-lightbox-container\"><img decoding=\"async\" width=\"1600\" height=\"2133\" data-wp-class--hide=\"state.isContentHidden\" data-wp-class--show=\"state.isContentVisible\" data-wp-init=\"callbacks.setButtonStyles\" data-wp-on--click=\"actions.showLightbox\" data-wp-on--load=\"callbacks.setButtonStyles\" data-wp-on--pointerdown=\"actions.preloadImage\" data-wp-on--pointerenter=\"actions.preloadImageWithDelay\" data-wp-on--pointerleave=\"actions.cancelPreload\" data-wp-on-window--resize=\"callbacks.setButtonStyles\" src=\"https:\/\/loudavymkrokem.cz\/wp-content\/uploads\/2026\/09\/petite-france.jpg\" alt=\"Petite France\" class=\"wp-image-413182\" title=\"\" srcset=\"https:\/\/loudavymkrokem.cz\/wp-content\/uploads\/2026\/09\/petite-france.jpg 1600w, https:\/\/loudavymkrokem.cz\/wp-content\/uploads\/2026\/09\/petite-france-225x300.jpg 225w, https:\/\/loudavymkrokem.cz\/wp-content\/uploads\/2026\/09\/petite-france-700x933.jpg 700w, https:\/\/loudavymkrokem.cz\/wp-content\/uploads\/2026\/09\/petite-france-768x1024.jpg 768w, https:\/\/loudavymkrokem.cz\/wp-content\/uploads\/2026\/09\/petite-france-1152x1536.jpg 1152w, https:\/\/loudavymkrokem.cz\/wp-content\/uploads\/2026\/09\/petite-france-1536x2048.jpg 1536w, https:\/\/loudavymkrokem.cz\/wp-content\/uploads\/2026\/09\/petite-france-696x928.jpg 696w, https:\/\/loudavymkrokem.cz\/wp-content\/uploads\/2026\/09\/petite-france-1392x1856.jpg 1392w\" sizes=\"(max-width: 1600px) 100vw, 1600px\" \/><button\n\t\t\tclass=\"lightbox-trigger\"\n\t\t\ttype=\"button\"\n\t\t\taria-haspopup=\"dialog\"\n\t\t\tdata-wp-bind--aria-label=\"state.thisImage.triggerButtonAriaLabel\"\n\t\t\tdata-wp-init=\"callbacks.initTriggerButton\"\n\t\t\tdata-wp-on--click=\"actions.showLightbox\"\n\t\t\tdata-wp-style--right=\"state.thisImage.buttonRight\"\n\t\t\tdata-wp-style--top=\"state.thisImage.buttonTop\"\n\t\t>\n\t\t\t<svg xmlns=\"http:\/\/www.w3.org\/2000\/svg\" width=\"12\" height=\"12\" fill=\"none\" viewBox=\"0 0 12 12\">\n\t\t\t\t<path fill=\"#fff\" d=\"M2 0a2 2 0 0 0-2 2v2h1.5V2a.5.5 0 0 1 .5-.5h2V0H2Zm2 10.5H2a.5.5 0 0 1-.5-.5V8H0v2a2 2 0 0 0 2 2h2v-1.5ZM8 12v-1.5h2a.5.5 0 0 0 .5-.5V8H12v2a2 2 0 0 1-2 2H8Zm2-12a2 2 0 0 1 2 2v2h-1.5V2a.5.5 0 0 0-.5-.5H8V0h2Z\" \/>\n\t\t\t<\/svg>\n\t\t<\/button><figcaption class=\"wp-element-caption\">Foto: Zulfikar CEKIC \/ Google Maps<\/figcaption><\/figure>\n\n\n\n<h3 class=\"wp-block-heading\"><span class=\"ez-toc-section\" id=\"4_Petite_France\"><\/span>4. Petite France<span class=\"ez-toc-section-end\"><\/span><\/h3>\n\n\n\n<p class=\"wp-block-paragraph\">Najfotografovanej\u0161ou a bezpochyby najromantickej\u0161ou \u0161tvr\u0165ou cel\u00e9ho mesta je presl\u00e1ven\u00e1 Petite France. V minulosti tu \u017eili a pracovali predov\u0161etk\u00fdm garbiari, mlyn\u00e1ri a ryb\u00e1ri, ktor\u00ed na v\u00fdkon svojho n\u00e1ro\u010dn\u00e9ho povolania potrebovali priamy pr\u00edstup k te\u010d\u00facej vode. Dnes je to <strong>n\u00e1dhern\u00e1 sie\u0165 \u00fazkych kan\u00e1lov lemovan\u00fdch dokonale zachoval\u00fdmi hr\u00e1zden\u00fdmi domami<\/strong> s typick\u00fdmi \u0161ikm\u00fdmi strechami, pod ktor\u00fdmi sa kedysi su\u0161ili zvieracie ko\u017ee.<\/p>\n\n\n\n<p class=\"wp-block-paragraph\">Najlep\u0161\u00ed sp\u00f4sob, ako si t\u00fato historick\u00fa \u0161tvr\u0165 u\u017ei\u0165, je <strong>jednoducho sa len tak bez pon\u00e1h\u013eania strati\u0165 v jej uli\u010dk\u00e1ch<\/strong>. Natraf\u00ed\u0161 tu na kopu mal\u00fdch obchod\u00edkov, remeseln\u00fdch pek\u00e1rn\u00ed a \u00fatuln\u00fdch kaviarn\u00ed, kde sa m\u00f4\u017ee\u0161 zastavi\u0165 na k\u00e1vu a pozorova\u0165 prepl\u00e1vaj\u00face v\u00fdletn\u00e9 lode. V letn\u00fdch mesiacoch s\u00fa navy\u0161e v\u0161etky okn\u00e1 a mosty obsypan\u00e9 z\u00e1plavou farebn\u00fdch mu\u0161k\u00e1tov, \u010do vytv\u00e1ra \u00faplne rozpr\u00e1vkov\u00fa kulisu.<\/p>\n\n\n\n<p class=\"wp-block-paragraph\">Hoci ide o turisticky najvy\u0165a\u017eenej\u0161iu \u010das\u0165 mesta, st\u00e1le si zachov\u00e1va obrovsk\u00e9 \u010daro. <strong>Sk\u00fas sem vyrazi\u0165 ve\u013emi skoro r\u00e1no, sk\u00f4r ne\u017e sa ulice zaplnia davmi \u013eud\u00ed<\/strong>, a za\u017eije\u0161 tu t\u00fa prav\u00fa pokojn\u00fa alsask\u00fa atmosf\u00e9ru, ke\u010f sa na nehybnej hladine kan\u00e1lov zrkadlia star\u00e9 historick\u00e9 fas\u00e1dy.<\/p>\n\n\n\n<figure data-wp-context=\"{&quot;imageId&quot;:&quot;6a9c552500682&quot;}\" data-wp-interactive=\"core\/image\" data-wp-key=\"6a9c552500682\" class=\"wp-block-image size-full wp-lightbox-container\"><img decoding=\"async\" width=\"1600\" height=\"1200\" data-wp-class--hide=\"state.isContentHidden\" data-wp-class--show=\"state.isContentVisible\" data-wp-init=\"callbacks.setButtonStyles\" data-wp-on--click=\"actions.showLightbox\" data-wp-on--load=\"callbacks.setButtonStyles\" data-wp-on--pointerdown=\"actions.preloadImage\" data-wp-on--pointerenter=\"actions.preloadImageWithDelay\" data-wp-on--pointerleave=\"actions.cancelPreload\" data-wp-on-window--resize=\"callbacks.setButtonStyles\" src=\"https:\/\/loudavymkrokem.cz\/wp-content\/uploads\/2026\/09\/ponts-couverts-de-strasbourg.jpg\" alt=\"Ponts Couverts de Strasbourg\" class=\"wp-image-413186\" title=\"\" srcset=\"https:\/\/loudavymkrokem.cz\/wp-content\/uploads\/2026\/09\/ponts-couverts-de-strasbourg.jpg 1600w, https:\/\/loudavymkrokem.cz\/wp-content\/uploads\/2026\/09\/ponts-couverts-de-strasbourg-300x225.jpg 300w, https:\/\/loudavymkrokem.cz\/wp-content\/uploads\/2026\/09\/ponts-couverts-de-strasbourg-700x525.jpg 700w, https:\/\/loudavymkrokem.cz\/wp-content\/uploads\/2026\/09\/ponts-couverts-de-strasbourg-768x576.jpg 768w, https:\/\/loudavymkrokem.cz\/wp-content\/uploads\/2026\/09\/ponts-couverts-de-strasbourg-1536x1152.jpg 1536w, https:\/\/loudavymkrokem.cz\/wp-content\/uploads\/2026\/09\/ponts-couverts-de-strasbourg-80x60.jpg 80w, https:\/\/loudavymkrokem.cz\/wp-content\/uploads\/2026\/09\/ponts-couverts-de-strasbourg-160x120.jpg 160w, https:\/\/loudavymkrokem.cz\/wp-content\/uploads\/2026\/09\/ponts-couverts-de-strasbourg-696x522.jpg 696w, https:\/\/loudavymkrokem.cz\/wp-content\/uploads\/2026\/09\/ponts-couverts-de-strasbourg-1392x1044.jpg 1392w\" sizes=\"(max-width: 1600px) 100vw, 1600px\" \/><button\n\t\t\tclass=\"lightbox-trigger\"\n\t\t\ttype=\"button\"\n\t\t\taria-haspopup=\"dialog\"\n\t\t\tdata-wp-bind--aria-label=\"state.thisImage.triggerButtonAriaLabel\"\n\t\t\tdata-wp-init=\"callbacks.initTriggerButton\"\n\t\t\tdata-wp-on--click=\"actions.showLightbox\"\n\t\t\tdata-wp-style--right=\"state.thisImage.buttonRight\"\n\t\t\tdata-wp-style--top=\"state.thisImage.buttonTop\"\n\t\t>\n\t\t\t<svg xmlns=\"http:\/\/www.w3.org\/2000\/svg\" width=\"12\" height=\"12\" fill=\"none\" viewBox=\"0 0 12 12\">\n\t\t\t\t<path fill=\"#fff\" d=\"M2 0a2 2 0 0 0-2 2v2h1.5V2a.5.5 0 0 1 .5-.5h2V0H2Zm2 10.5H2a.5.5 0 0 1-.5-.5V8H0v2a2 2 0 0 0 2 2h2v-1.5ZM8 12v-1.5h2a.5.5 0 0 0 .5-.5V8H12v2a2 2 0 0 1-2 2H8Zm2-12a2 2 0 0 1 2 2v2h-1.5V2a.5.5 0 0 0-.5-.5H8V0h2Z\" \/>\n\t\t\t<\/svg>\n\t\t<\/button><figcaption class=\"wp-element-caption\">Foto: Lukas PL \/ Google Maps<\/figcaption><\/figure>\n\n\n\n<h3 class=\"wp-block-heading\"><span class=\"ez-toc-section\" id=\"5_Ponts_Couverts_de_Strasbourg\"><\/span>5. Ponts Couverts de Strasbourg<span class=\"ez-toc-section-end\"><\/span><\/h3>\n\n\n\n<p class=\"wp-block-paragraph\">Hne\u010f na samom okraji malebnej \u0161tvrte Petite France natraf\u00ed\u0161 na impozantn\u00e9 pozostatky stredovek\u00e9ho opevnenia, ktor\u00fdm sa hovor\u00ed Ponts Couverts. P\u00f4vodne i\u0161lo o d\u00f4myseln\u00fd syst\u00e9m troch mostov a \u0161tyroch obrann\u00fdch ve\u017e\u00ed z trin\u00e1steho storo\u010dia, ktor\u00e9 <strong>sl\u00fa\u017eili na ochranu mesta pred nepriate\u013esk\u00fdmi \u00fatokmi po rieke<\/strong>. Hoci mosty u\u017e d\u00e1vno stratili svoje p\u00f4vodn\u00e9 dreven\u00e9 strechy, meno kryt\u00e9 mosty im na prekvapenie mnoh\u00fdch turistov zostalo dodnes.<\/p>\n\n\n\n<p class=\"wp-block-paragraph\">Prech\u00e1dzka po t\u00fdchto kamenn\u00fdch mostoch pon\u00faka n\u00e1dhern\u00e9 v\u00fdh\u013eady na vodn\u00fa hladinu a hlboko do star\u00e9ho mesta. <strong>\u0160tyri mohutn\u00e9 \u0161tvorcov\u00e9 ve\u017ee p\u00f4sobia naozaj majest\u00e1tne<\/strong> a skvele dokres\u013euj\u00fa drsnej\u0161\u00ed historick\u00fd r\u00e1z tejto \u010dasti \u0160trasburgu. Cel\u00fd komplex je navy\u0161e v noci ve\u013emi vkusne a dramaticky nasvieten\u00fd, tak\u017ee ve\u010dern\u00e1 prech\u00e1dzka m\u00e1 svoje \u00faplne nezamenite\u013en\u00e9 a \u013eahko tajomn\u00e9 \u010daro.<\/p>\n\n\n\n<p class=\"wp-block-paragraph\">Pri pohybe v tejto oblasti natraf\u00ed\u0161 na kopu kr\u00e1snych z\u00e1kut\u00ed a skryt\u00fdch lavi\u010diek, kde si m\u00f4\u017ee\u0161 odd\u00fdchnu\u0165. Okolie mostov je pekne zarasten\u00e9 zele\u0148ou a vzrastl\u00fdmi stromami, tak\u017ee v hor\u00facom lete tam aspo\u0148 nesp\u00e1li\u0161 mozog pri oddychu.<\/p>\n\n\n\n<figure data-wp-context=\"{&quot;imageId&quot;:&quot;6a9c552500ce2&quot;}\" data-wp-interactive=\"core\/image\" data-wp-key=\"6a9c552500ce2\" class=\"wp-block-image size-full wp-lightbox-container\"><img decoding=\"async\" width=\"1600\" height=\"1200\" data-wp-class--hide=\"state.isContentHidden\" data-wp-class--show=\"state.isContentVisible\" data-wp-init=\"callbacks.setButtonStyles\" data-wp-on--click=\"actions.showLightbox\" data-wp-on--load=\"callbacks.setButtonStyles\" data-wp-on--pointerdown=\"actions.preloadImage\" data-wp-on--pointerenter=\"actions.preloadImageWithDelay\" data-wp-on--pointerleave=\"actions.cancelPreload\" data-wp-on-window--resize=\"callbacks.setButtonStyles\" src=\"https:\/\/loudavymkrokem.cz\/wp-content\/uploads\/2026\/09\/barrage-vauban.jpg\" alt=\"Barrage Vauban\" class=\"wp-image-413191\" title=\"\" srcset=\"https:\/\/loudavymkrokem.cz\/wp-content\/uploads\/2026\/09\/barrage-vauban.jpg 1600w, https:\/\/loudavymkrokem.cz\/wp-content\/uploads\/2026\/09\/barrage-vauban-300x225.jpg 300w, https:\/\/loudavymkrokem.cz\/wp-content\/uploads\/2026\/09\/barrage-vauban-700x525.jpg 700w, https:\/\/loudavymkrokem.cz\/wp-content\/uploads\/2026\/09\/barrage-vauban-768x576.jpg 768w, https:\/\/loudavymkrokem.cz\/wp-content\/uploads\/2026\/09\/barrage-vauban-1536x1152.jpg 1536w, https:\/\/loudavymkrokem.cz\/wp-content\/uploads\/2026\/09\/barrage-vauban-80x60.jpg 80w, https:\/\/loudavymkrokem.cz\/wp-content\/uploads\/2026\/09\/barrage-vauban-160x120.jpg 160w, https:\/\/loudavymkrokem.cz\/wp-content\/uploads\/2026\/09\/barrage-vauban-696x522.jpg 696w, https:\/\/loudavymkrokem.cz\/wp-content\/uploads\/2026\/09\/barrage-vauban-1392x1044.jpg 1392w\" sizes=\"(max-width: 1600px) 100vw, 1600px\" \/><button\n\t\t\tclass=\"lightbox-trigger\"\n\t\t\ttype=\"button\"\n\t\t\taria-haspopup=\"dialog\"\n\t\t\tdata-wp-bind--aria-label=\"state.thisImage.triggerButtonAriaLabel\"\n\t\t\tdata-wp-init=\"callbacks.initTriggerButton\"\n\t\t\tdata-wp-on--click=\"actions.showLightbox\"\n\t\t\tdata-wp-style--right=\"state.thisImage.buttonRight\"\n\t\t\tdata-wp-style--top=\"state.thisImage.buttonTop\"\n\t\t>\n\t\t\t<svg xmlns=\"http:\/\/www.w3.org\/2000\/svg\" width=\"12\" height=\"12\" fill=\"none\" viewBox=\"0 0 12 12\">\n\t\t\t\t<path fill=\"#fff\" d=\"M2 0a2 2 0 0 0-2 2v2h1.5V2a.5.5 0 0 1 .5-.5h2V0H2Zm2 10.5H2a.5.5 0 0 1-.5-.5V8H0v2a2 2 0 0 0 2 2h2v-1.5ZM8 12v-1.5h2a.5.5 0 0 0 .5-.5V8H12v2a2 2 0 0 1-2 2H8Zm2-12a2 2 0 0 1 2 2v2h-1.5V2a.5.5 0 0 0-.5-.5H8V0h2Z\" \/>\n\t\t\t<\/svg>\n\t\t<\/button><figcaption class=\"wp-element-caption\">Foto: cyril L. \/ Google Maps<\/figcaption><\/figure>\n\n\n\n<h3 class=\"wp-block-heading\"><span class=\"ez-toc-section\" id=\"6_Barrage_Vauban\"><\/span>6. Barrage Vauban<span class=\"ez-toc-section-end\"><\/span><\/h3>\n\n\n\n<p class=\"wp-block-paragraph\">Ak h\u013ead\u00e1\u0161 to \u00faplne najlep\u0161ie miesto na spravenie dokonalej fotografie \u0160trasburgu, mus\u00ed\u0161 vyrazi\u0165 na Barrage Vauban. T\u00e1to obrovsk\u00e1 priehrada a most v jednom z ru\u017eov\u00e9ho pieskovca bola postaven\u00e1 v sedemn\u00e1stom storo\u010d\u00ed pod\u013ea n\u00e1vrhu sl\u00e1vneho vojensk\u00e9ho in\u017einiera Vaubana. <strong>Jej hlavn\u00fdm \u00fa\u010delom bolo v pr\u00edpade ohrozenia zaplavi\u0165 ju\u017en\u00fa \u010das\u0165 mesta<\/strong> a zabr\u00e1ni\u0165 tak postupu nepriate\u013esk\u00fdch vojsk k samotn\u00e9mu centru.<\/p>\n\n\n\n<p class=\"wp-block-paragraph\">Dnes sa vn\u00fatri skr\u00fdva gal\u00e9ria s\u00f4ch a chrli\u010dov zachr\u00e1nen\u00fdch z katedr\u00e1ly. Je to s\u00edce zauj\u00edmav\u00e9, ale \u00faprimne, pri\u0161iel si sem kv\u00f4li streche. <strong>Na roz\u013eahlej terase sa toti\u017e nach\u00e1dza vyhliadkov\u00e1 plo\u0161ina, na ktor\u00fa je vstup pre v\u0161etk\u00fdch \u00faplne zadarmo<\/strong>. Pr\u00e1ve odtia\u013eto sa otv\u00e1ra ten najzn\u00e1mej\u0161\u00ed ikonick\u00fd poh\u013ead na ve\u017ee Ponts Couverts, hr\u00e1zden\u00fa \u0161tvr\u0165 Petite France a majest\u00e1tnu ve\u017eu katedr\u00e1ly v pozad\u00ed.<\/p>\n\n\n\n<p class=\"wp-block-paragraph\">\ud83d\udca1 Tip: Pr\u00edstup na vyhliadkov\u00fa terasu je be\u017ene zaisten\u00fd pomocou schodov, ale <strong>k dispoz\u00edcii je vn\u00fatri budovy aj v\u00fd\u0165ah<\/strong>, tak\u017ee sa nahor pohodlne dostan\u00fa aj rodiny s ko\u010d\u00edkmi alebo cestovatelia so zn\u00ed\u017eenou pohyblivos\u0165ou. Terasa sa na noc z bezpe\u010dnostn\u00fdch d\u00f4vodov zamyk\u00e1, preto si vopred skontroluj aktu\u00e1lnu otv\u00e1raciu dobu.<\/p>\n\n\n\n<figure data-wp-context=\"{&quot;imageId&quot;:&quot;6a9c552501389&quot;}\" data-wp-interactive=\"core\/image\" data-wp-key=\"6a9c552501389\" class=\"wp-block-image size-full wp-lightbox-container\"><img decoding=\"async\" width=\"1600\" height=\"1200\" data-wp-class--hide=\"state.isContentHidden\" data-wp-class--show=\"state.isContentVisible\" data-wp-init=\"callbacks.setButtonStyles\" data-wp-on--click=\"actions.showLightbox\" data-wp-on--load=\"callbacks.setButtonStyles\" data-wp-on--pointerdown=\"actions.preloadImage\" data-wp-on--pointerenter=\"actions.preloadImageWithDelay\" data-wp-on--pointerleave=\"actions.cancelPreload\" data-wp-on-window--resize=\"callbacks.setButtonStyles\" src=\"https:\/\/loudavymkrokem.cz\/wp-content\/uploads\/2026\/09\/swap-412754-7-b98b2d6c.jpg\" alt=\"Vyhliadkov\u00e1 plavba Batorama v \u0160trasburgu\" class=\"wp-image-413433\" title=\"\" srcset=\"https:\/\/loudavymkrokem.cz\/wp-content\/uploads\/2026\/09\/swap-412754-7-b98b2d6c.jpg 1600w, https:\/\/loudavymkrokem.cz\/wp-content\/uploads\/2026\/09\/swap-412754-7-b98b2d6c-300x225.jpg 300w, https:\/\/loudavymkrokem.cz\/wp-content\/uploads\/2026\/09\/swap-412754-7-b98b2d6c-700x525.jpg 700w, https:\/\/loudavymkrokem.cz\/wp-content\/uploads\/2026\/09\/swap-412754-7-b98b2d6c-768x576.jpg 768w, https:\/\/loudavymkrokem.cz\/wp-content\/uploads\/2026\/09\/swap-412754-7-b98b2d6c-1536x1152.jpg 1536w, https:\/\/loudavymkrokem.cz\/wp-content\/uploads\/2026\/09\/swap-412754-7-b98b2d6c-80x60.jpg 80w, https:\/\/loudavymkrokem.cz\/wp-content\/uploads\/2026\/09\/swap-412754-7-b98b2d6c-160x120.jpg 160w, https:\/\/loudavymkrokem.cz\/wp-content\/uploads\/2026\/09\/swap-412754-7-b98b2d6c-696x522.jpg 696w, https:\/\/loudavymkrokem.cz\/wp-content\/uploads\/2026\/09\/swap-412754-7-b98b2d6c-1392x1044.jpg 1392w\" sizes=\"(max-width: 1600px) 100vw, 1600px\" \/><button\n\t\t\tclass=\"lightbox-trigger\"\n\t\t\ttype=\"button\"\n\t\t\taria-haspopup=\"dialog\"\n\t\t\tdata-wp-bind--aria-label=\"state.thisImage.triggerButtonAriaLabel\"\n\t\t\tdata-wp-init=\"callbacks.initTriggerButton\"\n\t\t\tdata-wp-on--click=\"actions.showLightbox\"\n\t\t\tdata-wp-style--right=\"state.thisImage.buttonRight\"\n\t\t\tdata-wp-style--top=\"state.thisImage.buttonTop\"\n\t\t>\n\t\t\t<svg xmlns=\"http:\/\/www.w3.org\/2000\/svg\" width=\"12\" height=\"12\" fill=\"none\" viewBox=\"0 0 12 12\">\n\t\t\t\t<path fill=\"#fff\" d=\"M2 0a2 2 0 0 0-2 2v2h1.5V2a.5.5 0 0 1 .5-.5h2V0H2Zm2 10.5H2a.5.5 0 0 1-.5-.5V8H0v2a2 2 0 0 0 2 2h2v-1.5ZM8 12v-1.5h2a.5.5 0 0 0 .5-.5V8H12v2a2 2 0 0 1-2 2H8Zm2-12a2 2 0 0 1 2 2v2h-1.5V2a.5.5 0 0 0-.5-.5H8V0h2Z\" \/>\n\t\t\t<\/svg>\n\t\t<\/button><figcaption class=\"wp-element-caption\">Foto: Chris Jeffery \/ Google Maps<\/figcaption><\/figure>\n\n\n\n<h3 class=\"wp-block-heading\"><span class=\"ez-toc-section\" id=\"7_Plavba_kanalmi_Batorama\"><\/span>7. Plavba kan\u00e1lmi Batorama<span class=\"ez-toc-section-end\"><\/span><\/h3>\n\n\n\n<p class=\"wp-block-paragraph\">Ak si chce\u0161 spravi\u0165 o meste r\u00fdchly a ucelen\u00fd obraz z \u00faplne inej perspekt\u00edvy, <a href=\"https:\/\/www.batorama.com\/\" target=\"_blank\" rel=\"nofollow noopener\">vyhliadkov\u00e1 plavba lo\u010fou Batorama<\/a> je vec, ktor\u00fa jednoducho nechce\u0161 presko\u010di\u0165, hlavne ke\u010f \u0165a za\u010d\u00ednaj\u00fa bolie\u0165 nohy. N\u00e1stupi\u0161te n\u00e1jde\u0161 ve\u013emi \u013eahko priamo pri katedr\u00e1le pri pr\u00edstavisku Embarcad\u00e8re Batorama Cath\u00e9drale, odkia\u013e lode pravidelne vypl\u00e1vaj\u00fa na sedemdesiat min\u00fat dlh\u00fa trasu naprie\u010d cel\u00fdm historick\u00fdm centrom aj modernej\u0161ou eur\u00f3pskou \u0161tvr\u0165ou. Je to ten najlep\u0161\u00ed sp\u00f4sob, ako pochopi\u0165 mesto, ke\u010f \u0165a pr\u00e1ve bolia nohy.<\/p>\n\n\n\n<p class=\"wp-block-paragraph\">Po\u010das plavby prejde\u0161 romantickou \u0161tvr\u0165ou Petite France, kde lo\u010f prekon\u00e1va v\u00fd\u0161kov\u00e9 rozdiely pomocou \u00fazkych star\u00fdch zdymadiel, \u010do je samo o sebe pod\u00edvan\u00e1, na ktor\u00fa sa nezab\u00fada. <strong>M\u00f4\u017ee\u0161 si vybra\u0165 medzi \u00faplne otvoren\u00fdmi a presklen\u00fdmi lo\u010fami<\/strong>, pri\u010dom tie presklen\u00e9 ocen\u00ed\u0161 predov\u0161etk\u00fdm v chladnej\u0161\u00edch jarn\u00fdch alebo jesenn\u00fdch mesiacoch, preto\u017ee s\u00fa perfektne vykurovan\u00e9 a chr\u00e1nen\u00e9 pred da\u017e\u010fom. K dispoz\u00edcii s\u00fa aj audiosprievodcovia s v\u00fdkladom.<\/p>\n\n\n\n<p class=\"wp-block-paragraph\">\ud83d\udca1 Tip: Najm\u00e4 v hlavnej letnej sez\u00f3ne a po\u010das slne\u010dn\u00fdch v\u00edkendov b\u00fdvaj\u00fa l\u00edstky ve\u013emi r\u00fdchlo vypredan\u00e9 na cel\u00fd de\u0148 dopredu. <strong>Odpor\u00fa\u010dam ti rezerv\u00e1ciu l\u00edstkov online s dostato\u010dn\u00fdm predstihom<\/strong>, aby si si u\u0161etril zbyto\u010dn\u00e9 \u010dakanie v radoch a mal istotu, \u017ee sa na palubu dostane\u0161 presne v tebou zvolen\u00fd \u010das.<\/p>\n\n\n\n<figure data-wp-context=\"{&quot;imageId&quot;:&quot;6a9c552501b28&quot;}\" data-wp-interactive=\"core\/image\" data-wp-key=\"6a9c552501b28\" class=\"wp-block-image size-full wp-lightbox-container\"><img decoding=\"async\" width=\"1280\" height=\"960\" data-wp-class--hide=\"state.isContentHidden\" data-wp-class--show=\"state.isContentVisible\" data-wp-init=\"callbacks.setButtonStyles\" data-wp-on--click=\"actions.showLightbox\" data-wp-on--load=\"callbacks.setButtonStyles\" data-wp-on--pointerdown=\"actions.preloadImage\" data-wp-on--pointerenter=\"actions.preloadImageWithDelay\" data-wp-on--pointerleave=\"actions.cancelPreload\" data-wp-on-window--resize=\"callbacks.setButtonStyles\" src=\"https:\/\/loudavymkrokem.cz\/wp-content\/uploads\/2026\/09\/evropsk-parlament.jpg\" alt=\"Eur\u00f3psky parlament v \u0160trasburgu\" class=\"wp-image-413197\" title=\"\" srcset=\"https:\/\/loudavymkrokem.cz\/wp-content\/uploads\/2026\/09\/evropsk-parlament.jpg 1280w, https:\/\/loudavymkrokem.cz\/wp-content\/uploads\/2026\/09\/evropsk-parlament-300x225.jpg 300w, https:\/\/loudavymkrokem.cz\/wp-content\/uploads\/2026\/09\/evropsk-parlament-700x525.jpg 700w, https:\/\/loudavymkrokem.cz\/wp-content\/uploads\/2026\/09\/evropsk-parlament-768x576.jpg 768w, https:\/\/loudavymkrokem.cz\/wp-content\/uploads\/2026\/09\/evropsk-parlament-80x60.jpg 80w, https:\/\/loudavymkrokem.cz\/wp-content\/uploads\/2026\/09\/evropsk-parlament-160x120.jpg 160w, https:\/\/loudavymkrokem.cz\/wp-content\/uploads\/2026\/09\/evropsk-parlament-696x522.jpg 696w\" sizes=\"(max-width: 1280px) 100vw, 1280px\" \/><button\n\t\t\tclass=\"lightbox-trigger\"\n\t\t\ttype=\"button\"\n\t\t\taria-haspopup=\"dialog\"\n\t\t\tdata-wp-bind--aria-label=\"state.thisImage.triggerButtonAriaLabel\"\n\t\t\tdata-wp-init=\"callbacks.initTriggerButton\"\n\t\t\tdata-wp-on--click=\"actions.showLightbox\"\n\t\t\tdata-wp-style--right=\"state.thisImage.buttonRight\"\n\t\t\tdata-wp-style--top=\"state.thisImage.buttonTop\"\n\t\t>\n\t\t\t<svg xmlns=\"http:\/\/www.w3.org\/2000\/svg\" width=\"12\" height=\"12\" fill=\"none\" viewBox=\"0 0 12 12\">\n\t\t\t\t<path fill=\"#fff\" d=\"M2 0a2 2 0 0 0-2 2v2h1.5V2a.5.5 0 0 1 .5-.5h2V0H2Zm2 10.5H2a.5.5 0 0 1-.5-.5V8H0v2a2 2 0 0 0 2 2h2v-1.5ZM8 12v-1.5h2a.5.5 0 0 0 .5-.5V8H12v2a2 2 0 0 1-2 2H8Zm2-12a2 2 0 0 1 2 2v2h-1.5V2a.5.5 0 0 0-.5-.5H8V0h2Z\" \/>\n\t\t\t<\/svg>\n\t\t<\/button><figcaption class=\"wp-element-caption\">Foto: Ryan Jose Ruiz III \/ Google Maps<\/figcaption><\/figure>\n\n\n\n<h3 class=\"wp-block-heading\"><span class=\"ez-toc-section\" id=\"8_Strasburg_%E2%80%93_parlament_Europsky_parlament\"><\/span>8. \u0160trasburg \u2013 parlament (Eur\u00f3psky parlament)<span class=\"ez-toc-section-end\"><\/span><\/h3>\n\n\n\n<p class=\"wp-block-paragraph\">\u0160trasburg je ofici\u00e1lnym s\u00eddlom <a href=\"https:\/\/visiting.europarl.europa.eu\/cs\/\" target=\"_blank\" rel=\"nofollow noopener\">Eur\u00f3pskeho parlamentu<\/a> a n\u00e1v\u0161teva tejto impozantnej modernej budovy by rozhodne nemala ch\u00fdba\u0165 na tvojom zozname zauj\u00edmavost\u00ed. Obrovsk\u00e1 presklen\u00e1 stavba s kruhov\u00fdm p\u00f4dorysom a prehnutou strechou dominuje celej \u0161tvrti a <strong>predstavuje fascinuj\u00faci vizu\u00e1lny kontrast k historick\u00e9mu centru mesta<\/strong>. Najjednoduch\u0161ie sa sem dostane\u0161 pohodlnou elektri\u010dkou linky E, sta\u010d\u00ed vyst\u00fapi\u0165 na rovnomennej zast\u00e1vke Parlement Europ\u00e9en.<\/p>\n\n\n\n<p class=\"wp-block-paragraph\">To \u00faplne najlep\u0161ie na celej veci je, \u017ee <strong>prehliadky pre verejnos\u0165 s\u00fa \u00faplne zadarmo<\/strong>, sta\u010d\u00ed sa len pri vstupe preuk\u00e1za\u0165 platn\u00fdm ob\u010dianskym preukazom alebo cestovn\u00fdm pasom. Po\u010das prehliadky nahliadne\u0161 priamo do sl\u00e1vnej rokovacej s\u00e1ly hemicyklu, kde zasadaj\u00fa europoslanci a kde sa tvor\u00ed d\u00f4le\u017eit\u00e1 eur\u00f3pska legislat\u00edva. Atmosf\u00e9ra tohto obrovsk\u00e9ho a modern\u00e9ho priestoru je naozaj p\u00f4sobiv\u00e1 a zrazu ti d\u00f4jde, \u017ee t\u00e1 bruselsk\u00e1 byrokracia m\u00e1 tie\u017e svoju fyzick\u00fa adresu \ud83d\ude04.<\/p>\n\n\n\n<p class=\"wp-block-paragraph\">N\u00e1v\u0161tevu parlamentu si napl\u00e1nuj dostato\u010dne dopredu a <strong>po\u010d\u00edtaj s t\u00fdm, \u017ee ti cel\u00e1 prehliadka zaberie zhruba dve a\u017e tri hodiny<\/strong> vr\u00e1tane pomerne d\u00f4kladnej bezpe\u010dnostnej kontroly pri vstupe. Prehliadky prebiehaj\u00fa za pomoci multimedi\u00e1lnych sprievodcov vo v\u0161etk\u00fdch \u00faradn\u00fdch jazykoch Eur\u00f3pskej \u00fanie, tak\u017ee si v\u0161etky inform\u00e1cie m\u00f4\u017ee\u0161 vypo\u010du\u0165 pohodlne po slovensky.<\/p>\n\n\n\n<figure data-wp-context=\"{&quot;imageId&quot;:&quot;6a9c552502262&quot;}\" data-wp-interactive=\"core\/image\" data-wp-key=\"6a9c552502262\" class=\"wp-block-image size-full wp-lightbox-container\"><img decoding=\"async\" width=\"1440\" height=\"1080\" data-wp-class--hide=\"state.isContentHidden\" data-wp-class--show=\"state.isContentVisible\" data-wp-init=\"callbacks.setButtonStyles\" data-wp-on--click=\"actions.showLightbox\" data-wp-on--load=\"callbacks.setButtonStyles\" data-wp-on--pointerdown=\"actions.preloadImage\" data-wp-on--pointerenter=\"actions.preloadImageWithDelay\" data-wp-on--pointerleave=\"actions.cancelPreload\" data-wp-on-window--resize=\"callbacks.setButtonStyles\" src=\"https:\/\/loudavymkrokem.cz\/wp-content\/uploads\/2026\/09\/parlamentarium-simone-veil.jpg\" alt=\"Parlamentarium Simone Veil\" class=\"wp-image-413201\" title=\"\" srcset=\"https:\/\/loudavymkrokem.cz\/wp-content\/uploads\/2026\/09\/parlamentarium-simone-veil.jpg 1440w, https:\/\/loudavymkrokem.cz\/wp-content\/uploads\/2026\/09\/parlamentarium-simone-veil-300x225.jpg 300w, https:\/\/loudavymkrokem.cz\/wp-content\/uploads\/2026\/09\/parlamentarium-simone-veil-700x525.jpg 700w, https:\/\/loudavymkrokem.cz\/wp-content\/uploads\/2026\/09\/parlamentarium-simone-veil-768x576.jpg 768w, https:\/\/loudavymkrokem.cz\/wp-content\/uploads\/2026\/09\/parlamentarium-simone-veil-80x60.jpg 80w, https:\/\/loudavymkrokem.cz\/wp-content\/uploads\/2026\/09\/parlamentarium-simone-veil-160x120.jpg 160w, https:\/\/loudavymkrokem.cz\/wp-content\/uploads\/2026\/09\/parlamentarium-simone-veil-696x522.jpg 696w, https:\/\/loudavymkrokem.cz\/wp-content\/uploads\/2026\/09\/parlamentarium-simone-veil-1392x1044.jpg 1392w\" sizes=\"(max-width: 1440px) 100vw, 1440px\" \/><button\n\t\t\tclass=\"lightbox-trigger\"\n\t\t\ttype=\"button\"\n\t\t\taria-haspopup=\"dialog\"\n\t\t\tdata-wp-bind--aria-label=\"state.thisImage.triggerButtonAriaLabel\"\n\t\t\tdata-wp-init=\"callbacks.initTriggerButton\"\n\t\t\tdata-wp-on--click=\"actions.showLightbox\"\n\t\t\tdata-wp-style--right=\"state.thisImage.buttonRight\"\n\t\t\tdata-wp-style--top=\"state.thisImage.buttonTop\"\n\t\t>\n\t\t\t<svg xmlns=\"http:\/\/www.w3.org\/2000\/svg\" width=\"12\" height=\"12\" fill=\"none\" viewBox=\"0 0 12 12\">\n\t\t\t\t<path fill=\"#fff\" d=\"M2 0a2 2 0 0 0-2 2v2h1.5V2a.5.5 0 0 1 .5-.5h2V0H2Zm2 10.5H2a.5.5 0 0 1-.5-.5V8H0v2a2 2 0 0 0 2 2h2v-1.5ZM8 12v-1.5h2a.5.5 0 0 0 .5-.5V8H12v2a2 2 0 0 1-2 2H8Zm2-12a2 2 0 0 1 2 2v2h-1.5V2a.5.5 0 0 0-.5-.5H8V0h2Z\" \/>\n\t\t\t<\/svg>\n\t\t<\/button><figcaption class=\"wp-element-caption\">Foto: Bianca K. \/ Google Maps<\/figcaption><\/figure>\n\n\n\n<h3 class=\"wp-block-heading\"><span class=\"ez-toc-section\" id=\"9_Parlamentarium_Simone_Veil\"><\/span>9. Parlamentarium Simone Veil<span class=\"ez-toc-section-end\"><\/span><\/h3>\n\n\n\n<p class=\"wp-block-paragraph\">S\u00fa\u010das\u0165ou rozsiahleho komplexu Eur\u00f3pskeho parlamentu je aj ned\u00e1vno otvoren\u00fd n\u00e1v\u0161tevn\u00edcky priestor nazvan\u00fd <a href=\"https:\/\/visiting.europarl.europa.eu\/cs\/visitor-offer\/strasbourg\/parlamentarium-simone-veil\" target=\"_blank\" rel=\"nofollow noopener\">Parlamentarium Simone Veil<\/a>. Centrum je navrhnut\u00e9 tak, aby eur\u00f3pska integr\u00e1cia znela vzru\u0161uj\u00faco, a prekvapivo sa im to dar\u00ed. Je to skvel\u00e9 miesto nielen pre dospel\u00fdch n\u00e1v\u0161tevn\u00edkov, ale aj pre star\u0161ie zvedav\u00e9 deti.<\/p>\n\n\n\n<p class=\"wp-block-paragraph\">Hlavn\u00fdm \u0165ah\u00e1kom cel\u00e9ho centra je bezpochyby <strong>ve\u013ekolep\u00e1 360\u00b0 projek\u010dn\u00e1 s\u00e1la<\/strong>, kde sa premieta dynamick\u00fd film o fungovan\u00ed Eur\u00f3pskeho parlamentu, v\u010faka ktor\u00e9mu sa vizu\u00e1lne ocitne\u0161 priamo v samotnom centre diania. K dispoz\u00edcii s\u00fa aj r\u00f4zne interakt\u00edvne moduly a dotykov\u00e9 obrazovky, cez ktor\u00e9 m\u00f4\u017ee\u0161 jednoducho zisti\u0165, ak\u00e9 rozhodnutia sa v minulosti prij\u00edmali pr\u00e1ve pre tvoj konkr\u00e9tny domovsk\u00fd regi\u00f3n.<\/p>\n\n\n\n<p class=\"wp-block-paragraph\">Pre v\u00e4\u010d\u0161ie organizovan\u00e9 skupiny centrum pon\u00faka aj <strong>\u0161peci\u00e1lnu rolov\u00fa hru<\/strong>, pri ktorej si \u00fa\u010dastn\u00edci m\u00f4\u017eu na vlastnej ko\u017ei vysk\u00fa\u0161a\u0165, ak\u00e9 to je by\u0165 skuto\u010dn\u00fdm poslancom a zlo\u017eito vyjedn\u00e1va\u0165 o nov\u00fdch z\u00e1konoch. Zast\u00e1vka v tomto centre perfektne dop\u013a\u0148a prehliadku samotnej rokovacej s\u00e1ly a vstup je tu pre v\u0161etk\u00fdch takisto bezplatn\u00fd.<\/p>\n\n\n\n<figure data-wp-context=\"{&quot;imageId&quot;:&quot;6a9c55250296d&quot;}\" data-wp-interactive=\"core\/image\" data-wp-key=\"6a9c55250296d\" class=\"wp-block-image size-full wp-lightbox-container\"><img decoding=\"async\" width=\"1600\" height=\"1200\" data-wp-class--hide=\"state.isContentHidden\" data-wp-class--show=\"state.isContentVisible\" data-wp-init=\"callbacks.setButtonStyles\" data-wp-on--click=\"actions.showLightbox\" data-wp-on--load=\"callbacks.setButtonStyles\" data-wp-on--pointerdown=\"actions.preloadImage\" data-wp-on--pointerenter=\"actions.preloadImageWithDelay\" data-wp-on--pointerleave=\"actions.cancelPreload\" data-wp-on-window--resize=\"callbacks.setButtonStyles\" src=\"https:\/\/loudavymkrokem.cz\/wp-content\/uploads\/2026\/09\/rada-evropy.jpg\" alt=\"Rada Eur\u00f3py a \u0161tvr\u0165 in\u0161tit\u00faci\u00ed\" class=\"wp-image-413204\" title=\"\" srcset=\"https:\/\/loudavymkrokem.cz\/wp-content\/uploads\/2026\/09\/rada-evropy.jpg 1600w, https:\/\/loudavymkrokem.cz\/wp-content\/uploads\/2026\/09\/rada-evropy-300x225.jpg 300w, https:\/\/loudavymkrokem.cz\/wp-content\/uploads\/2026\/09\/rada-evropy-700x525.jpg 700w, https:\/\/loudavymkrokem.cz\/wp-content\/uploads\/2026\/09\/rada-evropy-768x576.jpg 768w, https:\/\/loudavymkrokem.cz\/wp-content\/uploads\/2026\/09\/rada-evropy-1536x1152.jpg 1536w, https:\/\/loudavymkrokem.cz\/wp-content\/uploads\/2026\/09\/rada-evropy-80x60.jpg 80w, https:\/\/loudavymkrokem.cz\/wp-content\/uploads\/2026\/09\/rada-evropy-160x120.jpg 160w, https:\/\/loudavymkrokem.cz\/wp-content\/uploads\/2026\/09\/rada-evropy-696x522.jpg 696w, https:\/\/loudavymkrokem.cz\/wp-content\/uploads\/2026\/09\/rada-evropy-1392x1044.jpg 1392w\" sizes=\"(max-width: 1600px) 100vw, 1600px\" \/><button\n\t\t\tclass=\"lightbox-trigger\"\n\t\t\ttype=\"button\"\n\t\t\taria-haspopup=\"dialog\"\n\t\t\tdata-wp-bind--aria-label=\"state.thisImage.triggerButtonAriaLabel\"\n\t\t\tdata-wp-init=\"callbacks.initTriggerButton\"\n\t\t\tdata-wp-on--click=\"actions.showLightbox\"\n\t\t\tdata-wp-style--right=\"state.thisImage.buttonRight\"\n\t\t\tdata-wp-style--top=\"state.thisImage.buttonTop\"\n\t\t>\n\t\t\t<svg xmlns=\"http:\/\/www.w3.org\/2000\/svg\" width=\"12\" height=\"12\" fill=\"none\" viewBox=\"0 0 12 12\">\n\t\t\t\t<path fill=\"#fff\" d=\"M2 0a2 2 0 0 0-2 2v2h1.5V2a.5.5 0 0 1 .5-.5h2V0H2Zm2 10.5H2a.5.5 0 0 1-.5-.5V8H0v2a2 2 0 0 0 2 2h2v-1.5ZM8 12v-1.5h2a.5.5 0 0 0 .5-.5V8H12v2a2 2 0 0 1-2 2H8Zm2-12a2 2 0 0 1 2 2v2h-1.5V2a.5.5 0 0 0-.5-.5H8V0h2Z\" \/>\n\t\t\t<\/svg>\n\t\t<\/button><figcaption class=\"wp-element-caption\">Foto: Anton Nyberg \/ Google Maps<\/figcaption><\/figure>\n\n\n\n<!-- LKM_GYG_CARD start q=\"strasbourg\" lang=\"sk\" rendered=\"2026-09-05T16:09:49+00:00\" v=\"1\" -->\n<style id=\"lk-gyg-styles\">\n@import url(\"https:\/\/fonts.googleapis.com\/css2?family=Playfair+Display:wght@700&family=DM+Sans:wght@300;400;500;600&display=swap\");\n\/* === LK GYG karty \u2014 CRO redesign 2026-05 (namespace .lkx-) ===\n   C\u00edl: vy\u0161\u0161\u00ed CTR (hero + v\u00fdrazn\u00fd social proof + ak\u010dn\u00ed CTA, m\u00e9n\u011b \"reklamn\u00ed\").\n   Injektuje se inline do prvn\u00edho markeru postu (refresh_cards.py --inline-css). *\/\n.lkx-module, .lkx-module *{box-sizing:border-box;margin:0;padding:0}\n.lkx-module{\n  font-family:'DM Sans',-apple-system,Segoe UI,Roboto,Georgia,sans-serif;\n  max-width:860px;margin:2.5rem auto;color:#1f2328;\n}\n\n\/* HEADER \u2014 lehk\u00fd editorsk\u00fd, \u017e\u00e1dn\u00fd bannerov\u00fd blok; nadpis + popisek pod n\u00edm *\/\n.lkx-head{margin-bottom:16px}\n.lkx-head-main{display:flex;align-items:center;gap:10px}\n.lkx-head-accent{width:26px;height:3px;border-radius:2px;background:#c39f76;flex-shrink:0}\n.lkx-head-title{font-family:'Playfair Display',Georgia,serif;font-size:21px;font-weight:700;color:#1a1a1a;line-height:1.25}\n.lkx-head-meta{display:block;font-size:11px;letter-spacing:.3px;color:#9aa0a6;margin-top:4px;margin-left:36px}\n\n\/* HERO *\/\n.lkx-hero{display:grid;grid-template-columns:300px 1fr;background:#fff;border:1px solid #ece7df;border-radius:14px;overflow:hidden;text-decoration:none!important;color:inherit;box-shadow:0 6px 20px rgba(0,0,0,.06);transition:box-shadow .2s,transform .2s;margin-bottom:14px}\n.lkx-hero:hover{box-shadow:0 12px 30px rgba(0,0,0,.12);transform:translateY(-2px)}\n.lkx-hero-img{position:relative;min-height:230px;background-size:cover;background-position:center;background-color:#eee}\n.lkx-hero-body{padding:22px 24px;display:flex;flex-direction:column}\n.lkx-pick{position:absolute;top:12px;left:12px;background:#1a1a1a;color:#fff;font-size:11px;font-weight:700;letter-spacing:.5px;padding:5px 11px;border-radius:20px}\n\n\/* TITLE *\/\n.lkx-title{font-size:19px;font-weight:700;color:#161616;line-height:1.3}\n.lkx-title-sm{font-size:14.5px;line-height:1.35;display:-webkit-box;-webkit-line-clamp:2;-webkit-box-orient:vertical;overflow:hidden}\n\n\/* SOCIAL PROOF \u2014 v\u00fdrazn\u011b, naho\u0159e *\/\n.lkx-proof{display:flex;align-items:center;gap:7px;margin-top:12px;font-size:15px;color:#3a3a3a}\n.lkx-proof b{font-size:16px;color:#161616}\n.lkx-stars{color:#f5a623;letter-spacing:1px}\n.lkx-proof-sm{font-size:12.5px;margin-top:8px;gap:5px}\n.lkx-proof-sm b{font-size:13px}\n.lkx-proof-new{color:#3685fc;font-weight:600}\n\n\/* PRICE \u2014 n\u00edzk\u00e1 kotva *\/\n.lkx-price{font-size:14px;color:#6b7280}\n.lkx-price b{font-size:20px;color:#161616;font-weight:700}\n.lkx-price-sm b{font-size:15px}\n\n\/* CTA \u2014 tepl\u00e9 ak\u010dn\u00ed tla\u010d\u00edtko *\/\n.lkx-cta{display:inline-flex;align-items:center;justify-content:center;text-decoration:none!important;font-weight:700;color:#fff!important;background:linear-gradient(135deg,#f6743f,#e8552a);border-radius:10px;box-shadow:0 6px 16px rgba(232,85,42,.32);transition:box-shadow .2s}\n.lkx-cta-hero{font-size:15px;padding:13px 22px}\n.lkx-hero:hover .lkx-cta-hero{box-shadow:0 8px 22px rgba(232,85,42,.45)}\n.lkx-cta-sm{font-size:12.5px;padding:9px 14px;width:100%;margin-top:2px}\n.lkx-hero-bottom{margin-top:auto;padding-top:18px;display:flex;align-items:center;justify-content:space-between;gap:14px;flex-wrap:wrap}\n\n\/* BADGE \u2014 jeden v\u00fdrazn\u00fd na fotce *\/\n.lkx-badge{position:absolute;top:12px;right:12px;font-size:10.5px;font-weight:700;letter-spacing:.3px;padding:5px 10px;border-radius:16px;color:#fff}\n.lkx-badge.badge-urgency{background:rgba(214,40,40,.92)}\n.lkx-badge.badge-new{background:rgba(54,133,252,.92)}\n.lkx-badge.badge-top{background:rgba(195,159,118,.95)}\n.lkx-badge.badge-info{background:rgba(40,40,40,.78)}\n\n\/* SECONDARY GRID *\/\n.lkx-grid{display:grid;grid-template-columns:1fr 1fr;gap:14px}\n.lkx-card{background:#fff;border:1px solid #ece7df;border-radius:14px;overflow:hidden;text-decoration:none!important;color:inherit;box-shadow:0 4px 14px rgba(0,0,0,.05);display:flex;flex-direction:column;transition:box-shadow .2s,transform .2s}\n.lkx-card:hover{box-shadow:0 10px 24px rgba(0,0,0,.1);transform:translateY(-2px)}\n.lkx-card-img{position:relative;aspect-ratio:16\/10;background-size:cover;background-position:center;background-color:#eee}\n.lkx-card-body{padding:14px 16px 16px;display:flex;flex-direction:column;gap:7px;flex:1}\n.lkx-card-bottom{margin-top:auto;padding-top:10px;display:flex;align-items:center;justify-content:space-between;gap:8px}\n\n\/* DISCLOSURE \u2014 drobn\u00e1, kv\u016fli d\u016fv\u011b\u0159e\/z\u00e1konu *\/\n.lkx-disclosure{font-size:11px;color:#a7adb3;text-align:center;margin-top:14px;line-height:1.6}\n.lkx-disclosure a{color:#c39f76;text-decoration:none}\n\n@media(max-width:680px){\n  .lkx-hero{grid-template-columns:1fr}\n  .lkx-hero-img{min-height:180px}\n  .lkx-grid{grid-template-columns:1fr}\n  .lkx-head-meta{margin-left:0;width:100%}\n  .lkx-head-title{font-size:19px}\n}\n\n<\/style>\n<div class=\"lkx-module\" data-query=\"strasbourg\">\n  <div class=\"lkx-head\">\n    <div class=\"lkx-head-main\">\n      <span class=\"lkx-head-accent\"><\/span>\n      <span class=\"lkx-head-title\">Z\u00e1\u017eitky a vstupenky<\/span>\n    <\/div>\n    <span class=\"lkx-head-meta\">overen\u00e9 cestovate\u013emi \u00b7 <a class=\"thirstylink\" rel=\"nofollow\" target=\"_blank\" title=\"GetYourGuide\" href=\"https:\/\/loudavymkrokem.cz\/sk\/doporucujeme\/getyourguide\/\" data-shortcode=\"true\">GetYourGuide<\/a><\/span>\n  <\/div><a class=\"lkx-hero\" href=\"https:\/\/www.getyourguide.com\/sk-sk\/strasburg-l293\/strasburg-pesia-prehliadka-s-miestnym-sprievodcom-t877665\/?partner_id=MKZ64IS&amp;utm_medium=online_publisher&amp;cmp=strasburg-francuzsko-tipy\" target=\"_blank\" rel=\"sponsored noopener nofollow\">\n    <div class=\"lkx-hero-img\" style=\"background-image:url('https:\/\/cdn.getyourguide.com\/img\/tour\/55865d3f8d08e2193af59ad660b04fb53bbd1f5148dde1eff9892481aee3de49.png\/132.jpg')\" role=\"img\" aria-label=\"\u0160trasburg: Pe\u0161ia prehliadka s miestnym sprievodcom\">\n      <span class=\"lkx-pick\">\u2605 N\u00e1\u0161 tip<\/span><\/div>\n    <div class=\"lkx-hero-body\">\n      <div class=\"lkx-title\">\u0160trasburg: Pe\u0161ia prehliadka s miestnym sprievodcom<\/div>\n      <div class=\"lkx-proof\">\n      <span class=\"lkx-stars\">\u2605\u2605\u2605\u2605\u2605<\/span>\n      <b>4.4<\/b> \u00b7 904 hodnoten\u00ed\n    <\/div>\n      <div class=\"lkx-hero-bottom\"><div class=\"lkx-price\">od <b>28\u00a0EUR<\/b><\/div><span class=\"lkx-cta lkx-cta-hero\">Chcem tento z\u00e1\u017eitok \u2192<\/span>\n      <\/div>\n    <\/div>\n  <\/a><div class=\"lkx-grid\"><a class=\"lkx-card\" href=\"https:\/\/www.getyourguide.com\/sk-sk\/strasburg-l293\/zo-strasburgu-tradicna-vinarska-cesta-do-colmaru-t1066634\/?partner_id=MKZ64IS&amp;utm_medium=online_publisher&amp;cmp=strasburg-francuzsko-tipy\" target=\"_blank\" rel=\"sponsored noopener nofollow\">\n      <div class=\"lkx-card-img\" style=\"background-image:url('https:\/\/cdn.getyourguide.com\/img\/tour\/ad6c161500ce5ceaabb182d1ab2f151c62d5b59124194ab758ce97e60c9bfaf1.jpg\/132.jpg')\" role=\"img\" aria-label=\"Zo \u0160trasburgu: tradi\u010dn\u00e1 vin\u00e1rska cesta do Colmaru\"><\/div>\n      <div class=\"lkx-card-body\">\n        <div class=\"lkx-title lkx-title-sm\">Zo \u0160trasburgu: tradi\u010dn\u00e1 vin\u00e1rska cesta do Colmaru<\/div>\n        <div class=\"lkx-proof lkx-proof-sm\">\n      <span class=\"lkx-stars\">\u2605<\/span>\n      <b>3.6<\/b> \u00b7 18\n    <\/div>\n        <div class=\"lkx-card-bottom\"><span class=\"lkx-price lkx-price-sm\">od <b>125\u00a0EUR<\/b><\/span><span class=\"lkx-cta lkx-cta-sm\">Zobrazi\u0165 term\u00edny \u2192<\/span>\n        <\/div>\n      <\/div>\n    <\/a><a class=\"lkx-card\" href=\"https:\/\/www.getyourguide.com\/sk-sk\/strasburg-l293\/strasburg-prechadzka-s-ochutnavkou-alzackeho-jedla-s-5-ochutnavkami-t1458211\/?partner_id=MKZ64IS&amp;utm_medium=online_publisher&amp;cmp=strasburg-francuzsko-tipy\" target=\"_blank\" rel=\"sponsored noopener nofollow\">\n      <div class=\"lkx-card-img\" style=\"background-image:url('https:\/\/cdn.getyourguide.com\/img\/tour\/e965587a48bc449a08b2ef17afbfc818a8ca05db25bccd1e896e40df12dc7ce3.jpg\/132.jpg')\" role=\"img\" aria-label=\"\u0160trasburg: Prech\u00e1dzka s ochutn\u00e1vkou alz\u00e1ckeho jedla s 5 ochutn\u00e1vkami\"><\/div>\n      <div class=\"lkx-card-body\">\n        <div class=\"lkx-title lkx-title-sm\">\u0160trasburg: Prech\u00e1dzka s ochutn\u00e1vkou alz\u00e1ckeho jedla s 5 ochutn\u00e1vkami<\/div>\n        <div class=\"lkx-proof lkx-proof-sm\">\n      <span class=\"lkx-stars\">\u2605<\/span>\n      <b>0.0<\/b> \u00b7 0\n    <\/div>\n        <div class=\"lkx-card-bottom\"><span class=\"lkx-price lkx-price-sm\">od <b>45\u00a0EUR<\/b><\/span><span class=\"lkx-cta lkx-cta-sm\">Zobrazi\u0165 term\u00edny \u2192<\/span>\n        <\/div>\n      <\/div>\n    <\/a><\/div><div class=\"lkx-disclosure\">\ud83d\udd17 Odkazy s\u00fa partnersk\u00e9 \u2014 cenu v\u00e1m nezmenia, n\u00e1m pom\u00e1haj\u00fa tvori\u0165 obsah. \u00b7 <a href=\"https:\/\/www.getyourguide.com\/sk-sk\/s\/?q=strasbourg&amp;partner_id=MKZ64IS&amp;utm_medium=online_publisher\" target=\"_blank\" rel=\"sponsored noopener nofollow\">V\u0161etky z\u00e1\u017eitky \u2192<\/a><\/div>\n<\/div>\n<!-- LKM_GYG_CARD end -->\n\n\n\n\n<div class=\"lk-stays-module\">\n<style>\n\/* \u2500\u2500\u2500 RESET PRO GUTENBERG \u2500\u2500\u2500 *\/\n.lk-stays-module * { box-sizing: border-box; margin: 0; padding: 0; }\n\n\/* \u2500\u2500\u2500 WRAPPER \u2500\u2500\u2500 *\/\n.lk-stays-module {\n  font-family: 'DM Sans', Georgia, sans-serif;\n  max-width: 100%;\n  margin: 2.5rem auto;\n  background: linear-gradient(135deg, #fdfaf5 0%, #fcf8f0 100%);\n  border: 1px solid #e8dfd4;\n  border-radius: 16px;\n  overflow: hidden;\n  box-shadow: 0 16px 48px rgba(195, 159, 118, 0.25), 0 4px 12px rgba(0,0,0,0.08);\n}\n\n\/* \u2500\u2500\u2500 HEADER \u2500\u2500\u2500 *\/\n.lk-stays-header {\n  position: relative;\n  padding: 24px 36px 24px;\n  background: linear-gradient(135deg, #c39f76 0%, #d4b188 60%, #c39f76 100%);\n  border-bottom: 1px solid rgba(255,255,255,.15);\n  display: flex;\n  align-items: center;\n  gap: 18px;\n}\n.lk-stays-header::before {\n  content: '';\n  position: absolute;\n  inset: 0;\n  background: url(\"data:image\/svg+xml,%3Csvg width='60' height='60' viewBox='0 0 60 60' xmlns='http:\/\/www.w3.org\/2000\/svg'%3E%3Cg fill='none' fill-rule='evenodd'%3E%3Cg fill='%23ffffff' fill-opacity='0.05'%3E%3Cpath d='M36 34v-4h-2v4h-4v2h4v4h2v-4h4v-2h-4zm0-30V0h-2v4h-4v2h4v4h2V6h4V4h-4zM6 34v-4H4v4H0v2h4v4h2v-4h4v-2H6zM6 4V0H4v4H0v2h4v4h2V6h4V4H6z'\/%3E%3C\/g%3E%3C\/g%3E%3C\/svg%3E\") repeat;\n  pointer-events: none;\n}\n.lk-stays-icon {\n  flex-shrink: 0;\n  width: 68px;\n  height: 68px;\n  border-radius: 14px;\n  background: linear-gradient(135deg, #fff 0%, #f9f6f0 100%);\n  display: flex;\n  align-items: center;\n  justify-content: center;\n  font-size: 26px;\n  box-shadow: 0 4px 12px rgba(0,0,0,0.15);\n}\n.lk-stays-eyebrow {\n  font-size: 10px;\n  font-weight: 500;\n  letter-spacing: 2.5px;\n  text-transform: uppercase;\n  color: rgba(255,255,255,.85);\n  margin: 0 0 5px 0;\n}\n.lk-stays-title {\n  font-family: 'Playfair Display', Georgia, serif;\n  font-size: 24px;\n  font-weight: 700;\n  color: #fff;\n  line-height: 1.2;\n  text-shadow: 0 1px 2px rgba(0,0,0,0.1);\n  margin: 0;\n}\n.lk-stays-subtitle {\n  font-size: 13px;\n  color: rgba(255,255,255,.75);\n  margin: 4px 0 0 0;\n  font-weight: 300;\n}\n\n\/* \u2500\u2500\u2500 CARDS GRID \u2500\u2500\u2500 *\/\n.lk-stays-grid {\n  display: grid;\n  grid-template-columns: 1fr 1fr;\n  gap: 1px;\n  background: rgba(195, 159, 118, 0.12);\n}\n\n\/* \u2500\u2500\u2500 SINGLE CARD \u2500\u2500\u2500 *\/\n.lk-stay-card {\n  background: #ffffff;\n  padding: 26px;\n  display: flex;\n  flex-direction: column;\n  gap: 11px;\n  transition: all 0.3s ease;\n  text-decoration: none;\n  color: inherit;\n  position: relative;\n}\n.lk-stay-card:hover {\n  background: #fffbf5;\n  transform: translateY(-2px);\n  box-shadow: 0 8px 24px rgba(195, 159, 118, 0.18);\n  z-index: 1;\n}\n.lk-stay-card.featured {\n  background: linear-gradient(135deg, #fffdf9 0%, #fff9f0 100%);\n  box-shadow: 0 4px 16px rgba(195, 159, 118, 0.15), inset 0 1px 0 rgba(195, 159, 118, 0.1);\n}\n.lk-stay-card.featured:hover {\n  background: linear-gradient(135deg, #fffbf5 0%, #fff8ed 100%);\n  box-shadow: 0 8px 24px rgba(195, 159, 118, 0.25), inset 0 1px 0 rgba(195, 159, 118, 0.15);\n}\n\n.lk-stay-badge {\n  display: inline-flex;\n  align-items: center;\n  gap: 5px;\n  font-size: 10px;\n  font-weight: 500;\n  letter-spacing: 1.5px;\n  text-transform: uppercase;\n  padding: 5px 11px;\n  border-radius: 20px;\n  width: fit-content;\n}\n.badge-top     { background: linear-gradient(135deg, #c39f76 0%, #d4b188 100%); color: #fff; border: 1px solid #c39f76; font-weight: 600; box-shadow: 0 2px 8px rgba(195,159,118,0.3); }\n.badge-luxury  { background: rgba(195,159,118,.12); color: #c39f76; border: 1px solid rgba(195,159,118,.25); }\n.badge-boutique{ background: rgba(54,133,252,.08); color: #3685fc; border: 1px solid rgba(54,133,252,.2); }\n.badge-nature  { background: rgba(130,190,100,.1); color: #6b9c4a; border: 1px solid rgba(130,190,100,.2); }\n.badge-remote  { background: rgba(195,159,118,.12); color: #a67e50; border: 1px solid rgba(195,159,118,.25); }\n\n.lk-stay-name {\n  font-family: 'Playfair Display', Georgia, serif;\n  font-size: 18px;\n  font-weight: 700;\n  color: #111827;\n  line-height: 1.3;\n}\n.lk-stay-desc {\n  font-size: 13.5px;\n  color: #525252;\n  line-height: 1.65;\n  font-weight: 300;\n  flex: 1;\n}\n\n.lk-stay-meta {\n  display: flex;\n  align-items: center;\n  gap: 12px;\n  flex-wrap: wrap;\n  margin-top: 4px;\n}\n.lk-stay-price {\n  font-size: 13px;\n  color: #6b7280;\n}\n.lk-stay-price strong {\n  color: #c39f76;\n  font-weight: 500;\n}\n.lk-stay-stars {\n  color: #c39f76;\n  font-size: 11px;\n  letter-spacing: 1px;\n}\n\n\/* \u2500\u2500\u2500 CTA BUTTON \u2500\u2500\u2500 *\/\n.lk-stay-cta {\n  display: inline-flex;\n  align-items: center;\n  justify-content: center;\n  gap: 7px;\n  margin-top: 8px;\n  padding: 11px 20px;\n  border-radius: 8px;\n  background: linear-gradient(135deg, #3685fc 0%, #2a6fd9 100%);\n  color: #fff;\n  font-size: 13px;\n  font-weight: 500;\n  text-decoration: none;\n  letter-spacing: .3px;\n  transition: all .2s ease;\n  cursor: pointer;\n  border: none;\n  text-align: center;\n  box-shadow: 0 4px 12px rgba(54, 133, 252, 0.25);\n}\n.lk-stay-cta:hover {\n  background: linear-gradient(135deg, #2a6fd9 0%, #1e5bc4 100%);\n  transform: translateY(-1px);\n  box-shadow: 0 6px 16px rgba(54, 133, 252, 0.35);\n}\n.lk-stay-cta svg { flex-shrink: 0; }\n\n\/* \u2500\u2500\u2500 FOOTER \u2500\u2500\u2500 *\/\n.lk-stays-footer {\n  padding: 18px 36px;\n  background: linear-gradient(to bottom, #fdfaf5 0%, #f9f4ed 100%);\n  border-top: 1px solid rgba(195, 159, 118, 0.15);\n  display: flex;\n  align-items: center;\n  justify-content: space-between;\n  flex-wrap: wrap;\n  gap: 12px;\n}\n.lk-stays-footer-note {\n  font-size: 11.5px;\n  color: #6b7280;\n  font-weight: 300;\n  line-height: 1.5;\n}\n.lk-stays-footer-note a {\n  color: #c39f76;\n  text-decoration: none;\n  font-weight: 400;\n}\n.lk-stays-footer-note a:hover {\n  text-decoration: underline;\n}\n.lk-stays-all-btn {\n  display: inline-flex;\n  align-items: center;\n  gap: 6px;\n  font-size: 12.5px;\n  font-weight: 500;\n  color: #c39f76;\n  text-decoration: none;\n  border: 1px solid rgba(195, 159, 118, 0.35);\n  padding: 8px 18px;\n  border-radius: 8px;\n  transition: all .2s ease;\n}\n.lk-stays-all-btn:hover {\n  background: rgba(195, 159, 118, 0.08);\n  border-color: rgba(195, 159, 118, 0.5);\n}\n\n\/* \u2500\u2500\u2500 RESPONSIVE \u2500\u2500\u2500 *\/\n@media (max-width: 600px) {\n  .lk-stays-grid { grid-template-columns: 1fr; }\n  .lk-stays-header { padding: 24px 20px; }\n  .lk-stays-footer { padding: 16px 20px; }\n  .lk-stay-card { padding: 22px; }\n  .lk-stays-title { font-size: 20px; }\n}\n<\/style>\n\n  <!-- HEADER -->\n  <div class=\"lk-stays-header\">\n    <img decoding=\"async\" src=\"https:\/\/loudavymkrokem.cz\/wp-content\/uploads\/2026\/02\/lukas-a-lucka.jpg\" alt=\"\" style=\"width: 75px; height: 75px; border-radius: 8px; flex-shrink: 0; object-fit: cover; display: block; margin: 4px 0;\" title=\"\">\n    <div class=\"lk-stays-header-text\">\n      <div class=\"lk-stays-eyebrow\">Luk\u00e1\u0161 a Lucie odpor\u00fa\u010daj\u00fa<\/div>\n      <div class=\"lk-stays-title\">Kde sa ubytova\u0165 v \u0160trasburgu<\/div>\n      <div class=\"lk-stays-subtitle\">4 ubytovania \u2014 hotely a \u010fal\u0161ie mo\u017enosti ubytovania<\/div>\n    <\/div>\n  <\/div>\n\n  <!-- CARDS -->\n  <div class=\"lk-stays-grid\">\n\n    <a class=\"lk-stay-card featured\" href=\"https:\/\/www.stay22.com\/allez\/roam?aid=lukaskonecny&#038;campaign=loudavymkrokemcz&#038;campaign=sk&#038;campaign=covidetvestrasburku&#038;address=%C5%A0trasburk&#038;hotelname=H%C3%B4tel+Cour+du+Corbeau+Strasbourg+-+MGallery&#038;search=H%C3%B4tel+Cour+du+Corbeau+Strasbourg+-+MGallery&#038;category=accommodation\" target=\"_blank\" rel=\"nofollow noopener\">\n      <span class=\"lk-stay-badge badge-top\">\u2b50 TOP VO\u013dBA<\/span>\n      <span class=\"lk-stay-badge badge-nature\">\ud83c\udfe8 Hotel<\/span>\n      <div class=\"lk-stay-name\">H\u00f4tel Cour du Corbeau Strasbourg &#8211; MGallery<\/div>\n      <div class=\"lk-stay-desc\">Architektonick\u00fd skvost v zrekon\u0161truovanom historickom dome zo 16. storo\u010dia s dreven\u00fdmi pavla\u010dami, pon\u00faka romantick\u00fa atmosf\u00e9ru pri vodnom kan\u00e1li.<\/div>\n      <div class=\"lk-stay-meta\">\n        <span class=\"lk-stay-stars\">\u2605\u2605\u2605\u2605<\/span>\n        <span class=\"lk-stay-price\">Skontrolova\u0165 ceny<\/span>\n      <\/div>\n      <span class=\"lk-stay-cta\">\n        <svg width=\"14\" height=\"14\" viewBox=\"0 0 24 24\" fill=\"none\" stroke=\"currentColor\" stroke-width=\"2\"><path d=\"M18 13v6a2 2 0 0 1-2 2H5a2 2 0 0 1-2-2V8a2 2 0 0 1 2-2h6\"\/><polyline points=\"15 3 21 3 21 9\"\/><line x1=\"10\" y1=\"14\" x2=\"21\" y2=\"3\"\/><\/svg>\n        Skontrolova\u0165 dostupnos\u0165\n      <\/span>\n    <\/a>\n\n    <a class=\"lk-stay-card\" href=\"https:\/\/www.stay22.com\/allez\/roam?aid=lukaskonecny&#038;campaign=loudavymkrokemcz&#038;campaign=sk&#038;campaign=covidetvestrasburku&#038;address=%C5%A0trasburk&#038;hotelname=H%C3%B4tel+L%C3%89ONOR+the+place+to+live&#038;search=H%C3%B4tel+L%C3%89ONOR+the+place+to+live&#038;category=accommodation\" target=\"_blank\" rel=\"nofollow noopener\">\n      <span class=\"lk-stay-badge badge-nature\">\ud83c\udfe8 Hotel<\/span>\n      <div class=\"lk-stay-name\">H\u00f4tel L\u00c9ONOR the place to live<\/div>\n      <div class=\"lk-stay-desc\">Modern\u00fd dizajn v historickej budove k\u00fasok od n\u00e1mestia Broglie s n\u00e1dhern\u00fdm vn\u00fatorn\u00fdm n\u00e1dvor\u00edm na posedenie.<\/div>\n      <div class=\"lk-stay-meta\">\n        <span class=\"lk-stay-stars\">\u2605\u2605\u2605\u2605<\/span>\n        <span class=\"lk-stay-price\">Skontrolova\u0165 ceny<\/span>\n      <\/div>\n      <span class=\"lk-stay-cta\">\n        <svg width=\"14\" height=\"14\" viewBox=\"0 0 24 24\" fill=\"none\" stroke=\"currentColor\" stroke-width=\"2\"><path d=\"M18 13v6a2 2 0 0 1-2 2H5a2 2 0 0 1-2-2V8a2 2 0 0 1 2-2h6\"\/><polyline points=\"15 3 21 3 21 9\"\/><line x1=\"10\" y1=\"14\" x2=\"21\" y2=\"3\"\/><\/svg>\n        Skontrolova\u0165 dostupnos\u0165\n      <\/span>\n    <\/a>\n\n    <a class=\"lk-stay-card\" href=\"https:\/\/www.stay22.com\/allez\/roam?aid=lukaskonecny&#038;campaign=loudavymkrokemcz&#038;campaign=sk&#038;campaign=covidetvestrasburku&#038;address=%C5%A0trasburk&#038;hotelname=H%C3%B4tel+Gutenberg&#038;search=H%C3%B4tel+Gutenberg&#038;category=accommodation\" target=\"_blank\" rel=\"nofollow noopener\">\n      <span class=\"lk-stay-badge badge-nature\">\ud83c\udfe8 Hotel<\/span>\n      <div class=\"lk-stay-name\">H\u00f4tel Gutenberg<\/div>\n      <div class=\"lk-stay-desc\">Strategick\u00e1 lokalita k\u00fasok od hlavnej pe\u0161ej z\u00f3ny, men\u0161ie izby vynikaj\u00face \u010distotou a pohodln\u00fdmi poste\u013eami, ve\u013emi ochotn\u00fd person\u00e1l.<\/div>\n      <div class=\"lk-stay-meta\">\n        <span class=\"lk-stay-stars\">\u2605\u2605\u2605\u2605<\/span>\n        <span class=\"lk-stay-price\">Skontrolova\u0165 ceny<\/span>\n      <\/div>\n      <span class=\"lk-stay-cta\">\n        <svg width=\"14\" height=\"14\" viewBox=\"0 0 24 24\" fill=\"none\" stroke=\"currentColor\" stroke-width=\"2\"><path d=\"M18 13v6a2 2 0 0 1-2 2H5a2 2 0 0 1-2-2V8a2 2 0 0 1 2-2h6\"\/><polyline points=\"15 3 21 3 21 9\"\/><line x1=\"10\" y1=\"14\" x2=\"21\" y2=\"3\"\/><\/svg>\n        Skontrolova\u0165 dostupnos\u0165\n      <\/span>\n    <\/a>\n\n    <a class=\"lk-stay-card\" href=\"https:\/\/www.stay22.com\/allez\/roam?aid=lukaskonecny&#038;campaign=loudavymkrokemcz&#038;campaign=sk&#038;campaign=covidetvestrasburku&#038;address=\u0161trasburk\" target=\"_blank\" rel=\"nofollow noopener\">\n      <span class=\"lk-stay-badge badge-nature\">\ud83d\udd0d H\u013eada\u0165<\/span>\n      <div class=\"lk-stay-name\">Zobrazi\u0165 v\u0161etky ubytovania v \u0160trasburgu<\/div>\n      <div class=\"lk-stay-desc\">Presk\u00famajte v\u0161etky dostupn\u00e9 mo\u017enosti ubytovania v \u0160trasburgu a n\u00e1jdite to najlep\u0161ie pod\u013ea va\u0161ich preferenci\u00ed a rozpo\u010dtu.<\/div>\n      <div class=\"lk-stay-meta\">\n        <span class=\"lk-stay-stars\">\u2605\u2605\u2605\u2605<\/span>\n        <span class=\"lk-stay-price\">Porovna\u0165 ceny<\/span>\n      <\/div>\n      <span class=\"lk-stay-cta\">\n        <svg width=\"14\" height=\"14\" viewBox=\"0 0 24 24\" fill=\"none\" stroke=\"currentColor\" stroke-width=\"2\"><path d=\"M18 13v6a2 2 0 0 1-2 2H5a2 2 0 0 1-2-2V8a2 2 0 0 1 2-2h6\"\/><polyline points=\"15 3 21 3 21 9\"\/><line x1=\"10\" y1=\"14\" x2=\"21\" y2=\"3\"\/><\/svg>\n        Skontrolova\u0165 dostupnos\u0165\n      <\/span>\n    <\/a>\n\n  <\/div>\n\n  \n<\/div>\n\n\n\n\n<h3 class=\"wp-block-heading\"><span class=\"ez-toc-section\" id=\"10_Rada_Europy_a_stvrt_institucii\"><\/span>10. Rada Eur\u00f3py a \u0161tvr\u0165 in\u0161tit\u00faci\u00ed<span class=\"ez-toc-section-end\"><\/span><\/h3>\n\n\n\n<p class=\"wp-block-paragraph\">Eur\u00f3psky parlament rozhodne nie je jedinou d\u00f4le\u017eitou in\u0161tit\u00faciou v tomto meste. Hne\u010f v tesnom susedstve sa nach\u00e1dza <strong>impozantn\u00e1 budova Rady Eur\u00f3py a tie\u017e sl\u00e1vny Eur\u00f3psky s\u00fad pre \u013eudsk\u00e9 pr\u00e1va<\/strong>. Cel\u00e1 t\u00e1to modern\u00e1 \u0161tvr\u0165 rozprestieraj\u00faca sa okolo tich\u00e9ho s\u00fatoku riek Ill a Marne je architektonicky nesmierne zauj\u00edmav\u00e1 a p\u00faha prech\u00e1dzka medzi t\u00fdmito sklenen\u00fdmi pal\u00e1cmi \u0165a poriadne nalad\u00ed.<\/p>\n\n\n\n<p class=\"wp-block-paragraph\">Samotn\u00e1 budova Eur\u00f3pskeho s\u00fadu pre \u013eudsk\u00e9 pr\u00e1va, ktor\u00fa navrhol vych\u00fdren\u00fd architekt Richard Rogers, <strong>pripom\u00edna svojimi odv\u00e1\u017enymi tvarmi dve obrovsk\u00e9 oce\u013eov\u00e9 lode na brehu rieky<\/strong> a patr\u00ed k najpozoruhodnej\u0161\u00edm modern\u00fdm stavb\u00e1m v celom Franc\u00fazsku. Prehliadky t\u00fdchto \u0161pecifick\u00fdch in\u0161tit\u00faci\u00ed pre jednotlivcov s\u00fa s\u00edce zlo\u017eitej\u0161ie a \u010dasto vy\u017eaduj\u00fa predch\u00e1dzaj\u00face zd\u013ahav\u00e9 schv\u00e1lenie, ale u\u017e len poh\u013ead zvonka a prech\u00e1dzka po okolit\u00fdch \u0161irok\u00fdch promen\u00e1dach rozhodne stoja za to.<\/p>\n\n\n\n<p class=\"wp-block-paragraph\">Cel\u00e1 t\u00e1to administrat\u00edvna oblas\u0165 je prekvapivo husto obklopen\u00e1 zele\u0148ou a vodn\u00fdmi kan\u00e1lmi, tak\u017ee <strong>kontrast medzi pr\u00edsnou modernou architekt\u00farou a pokojnou pr\u00edrodou je tu ve\u013emi siln\u00fd<\/strong>. Je to skvel\u00e9 miesto na popolud\u0148aj\u0161iu prech\u00e1dzku, ke\u010f si chce\u0161 na chv\u00ed\u013eu odd\u00fdchnu\u0165 od ob\u010das ru\u0161n\u00fdch historick\u00fdch uli\u010diek v samom centre.<\/p>\n\n\n\n<figure data-wp-context=\"{&quot;imageId&quot;:&quot;6a9c552503193&quot;}\" data-wp-interactive=\"core\/image\" data-wp-key=\"6a9c552503193\" class=\"wp-block-image size-full wp-lightbox-container\"><img decoding=\"async\" width=\"1600\" height=\"2400\" data-wp-class--hide=\"state.isContentHidden\" data-wp-class--show=\"state.isContentVisible\" data-wp-init=\"callbacks.setButtonStyles\" data-wp-on--click=\"actions.showLightbox\" data-wp-on--load=\"callbacks.setButtonStyles\" data-wp-on--pointerdown=\"actions.preloadImage\" data-wp-on--pointerenter=\"actions.preloadImageWithDelay\" data-wp-on--pointerleave=\"actions.cancelPreload\" data-wp-on-window--resize=\"callbacks.setButtonStyles\" src=\"https:\/\/loudavymkrokem.cz\/wp-content\/uploads\/2026\/09\/grande-le.jpg\" alt=\"Grande \u00cele (prv\u00e1 \u0161tvr\u0165 v UNESCO)\" class=\"wp-image-413208\" title=\"\" srcset=\"https:\/\/loudavymkrokem.cz\/wp-content\/uploads\/2026\/09\/grande-le.jpg 1600w, https:\/\/loudavymkrokem.cz\/wp-content\/uploads\/2026\/09\/grande-le-200x300.jpg 200w, https:\/\/loudavymkrokem.cz\/wp-content\/uploads\/2026\/09\/grande-le-700x1050.jpg 700w, https:\/\/loudavymkrokem.cz\/wp-content\/uploads\/2026\/09\/grande-le-768x1152.jpg 768w, https:\/\/loudavymkrokem.cz\/wp-content\/uploads\/2026\/09\/grande-le-1024x1536.jpg 1024w, https:\/\/loudavymkrokem.cz\/wp-content\/uploads\/2026\/09\/grande-le-1365x2048.jpg 1365w, https:\/\/loudavymkrokem.cz\/wp-content\/uploads\/2026\/09\/grande-le-696x1044.jpg 696w, https:\/\/loudavymkrokem.cz\/wp-content\/uploads\/2026\/09\/grande-le-1392x2088.jpg 1392w\" sizes=\"(max-width: 1600px) 100vw, 1600px\" \/><button\n\t\t\tclass=\"lightbox-trigger\"\n\t\t\ttype=\"button\"\n\t\t\taria-haspopup=\"dialog\"\n\t\t\tdata-wp-bind--aria-label=\"state.thisImage.triggerButtonAriaLabel\"\n\t\t\tdata-wp-init=\"callbacks.initTriggerButton\"\n\t\t\tdata-wp-on--click=\"actions.showLightbox\"\n\t\t\tdata-wp-style--right=\"state.thisImage.buttonRight\"\n\t\t\tdata-wp-style--top=\"state.thisImage.buttonTop\"\n\t\t>\n\t\t\t<svg xmlns=\"http:\/\/www.w3.org\/2000\/svg\" width=\"12\" height=\"12\" fill=\"none\" viewBox=\"0 0 12 12\">\n\t\t\t\t<path fill=\"#fff\" d=\"M2 0a2 2 0 0 0-2 2v2h1.5V2a.5.5 0 0 1 .5-.5h2V0H2Zm2 10.5H2a.5.5 0 0 1-.5-.5V8H0v2a2 2 0 0 0 2 2h2v-1.5ZM8 12v-1.5h2a.5.5 0 0 0 .5-.5V8H12v2a2 2 0 0 1-2 2H8Zm2-12a2 2 0 0 1 2 2v2h-1.5V2a.5.5 0 0 0-.5-.5H8V0h2Z\" \/>\n\t\t\t<\/svg>\n\t\t<\/button><figcaption class=\"wp-element-caption\">Foto: Alberto Belli \/ Google Maps<\/figcaption><\/figure>\n\n\n\n<h3 class=\"wp-block-heading\"><span class=\"ez-toc-section\" id=\"11_Grande_Ile_prva_stvrt_v_UNESCO\"><\/span>11. Grande \u00cele (prv\u00e1 \u0161tvr\u0165 v UNESCO)<span class=\"ez-toc-section-end\"><\/span><\/h3>\n\n\n\n<p class=\"wp-block-paragraph\">Historick\u00e9 jadro \u0160trasburgu sa rozprestiera na n\u00e1dhernom ostrove Grande \u00cele, ktor\u00fd lenivo obtek\u00e1 dve ramen\u00e1 rieky Ill. Tento ostrov je \u00fapln\u00fdm svetov\u00fdm unik\u00e1tom, preto\u017ee <strong>v roku 1988 bol zap\u00edsan\u00fd do zoznamu svetov\u00e9ho dedi\u010dstva UNESCO ako v\u00f4bec prv\u00e1 cel\u00e1 mestsk\u00e1 \u0161tvr\u0165<\/strong> v hist\u00f3rii. Niet sa \u010domu divi\u0165, preto\u017ee koncentr\u00e1cia n\u00e1dhern\u00fdch historick\u00fdch pamiatok na tak malom priestore je tu naozaj \u00faplne v\u00fdnimo\u010dn\u00e1.<\/p>\n\n\n\n<p class=\"wp-block-paragraph\">Pri pomalej prech\u00e1dzke ostrovom natraf\u00ed\u0161 na dokonal\u00fa uk\u00e1\u017eku toho, ako sa mesto plynulo vyv\u00edjalo od stredoveku cez renesanciu a\u017e po \u00fah\u013eadn\u00fd klasicizmus. <strong>Domy s neobvykle vysok\u00fdmi strm\u00fdmi strechami a kopou vikierov, ktor\u00e9 p\u00f4vodne sl\u00fa\u017eili na su\u0161enie zvierac\u00edch ko\u017e\u00ed a uskladnenie obilia<\/strong>, sa striedaj\u00fa s v\u00fdstavn\u00fdmi pal\u00e1cmi a malebn\u00fdmi skryt\u00fdmi n\u00e1mest\u00ed\u010dkami. V\u0161etko je navy\u0161e prepojen\u00e9 sie\u0165ou \u00fazkych dl\u00e1\u017eden\u00fdch uli\u010diek, ktor\u00e9 priamo vyb\u00edzaj\u00fa k bezcie\u013enemu romantick\u00e9mu t\u00falaniu.<\/p>\n\n\n\n<p class=\"wp-block-paragraph\">Najlep\u0161\u00ed sp\u00f4sob, ako ostrov presk\u00fama\u0165, je jednoducho vyrazi\u0165 bez pl\u00e1nu. Tu sa strati\u0165 vlastne ani ned\u00e1. <strong>Na ka\u017edom rohu tu objav\u00ed\u0161 nejak\u00fd zauj\u00edmav\u00fd architektonick\u00fd detail<\/strong>, skryt\u00e9 zelen\u00e9 n\u00e1dvorie alebo mal\u00fa pek\u00e1re\u0148 vo\u0148aj\u00facu \u010derstvo upe\u010den\u00fdm pe\u010divom. Cel\u00fd ostrov sa d\u00e1 pohodlne ob\u00eds\u0165 pe\u0161o za jedno pr\u00edjemn\u00e9 popoludnie.<\/p>\n\n\n\n<figure data-wp-context=\"{&quot;imageId&quot;:&quot;6a9c552503a5e&quot;}\" data-wp-interactive=\"core\/image\" data-wp-key=\"6a9c552503a5e\" class=\"wp-block-image size-full wp-lightbox-container\"><img decoding=\"async\" width=\"1440\" height=\"1080\" data-wp-class--hide=\"state.isContentHidden\" data-wp-class--show=\"state.isContentVisible\" data-wp-init=\"callbacks.setButtonStyles\" data-wp-on--click=\"actions.showLightbox\" data-wp-on--load=\"callbacks.setButtonStyles\" data-wp-on--pointerdown=\"actions.preloadImage\" data-wp-on--pointerenter=\"actions.preloadImageWithDelay\" data-wp-on--pointerleave=\"actions.cancelPreload\" data-wp-on-window--resize=\"callbacks.setButtonStyles\" src=\"https:\/\/loudavymkrokem.cz\/wp-content\/uploads\/2026\/09\/neustadt.jpg\" alt=\"Neustadt (nemeck\u00e1 cis\u00e1rska \u0161tvr\u0165) v \u0160trasburgu\" class=\"wp-image-413212\" title=\"\" srcset=\"https:\/\/loudavymkrokem.cz\/wp-content\/uploads\/2026\/09\/neustadt.jpg 1440w, https:\/\/loudavymkrokem.cz\/wp-content\/uploads\/2026\/09\/neustadt-300x225.jpg 300w, https:\/\/loudavymkrokem.cz\/wp-content\/uploads\/2026\/09\/neustadt-700x525.jpg 700w, https:\/\/loudavymkrokem.cz\/wp-content\/uploads\/2026\/09\/neustadt-768x576.jpg 768w, https:\/\/loudavymkrokem.cz\/wp-content\/uploads\/2026\/09\/neustadt-80x60.jpg 80w, https:\/\/loudavymkrokem.cz\/wp-content\/uploads\/2026\/09\/neustadt-160x120.jpg 160w, https:\/\/loudavymkrokem.cz\/wp-content\/uploads\/2026\/09\/neustadt-696x522.jpg 696w, https:\/\/loudavymkrokem.cz\/wp-content\/uploads\/2026\/09\/neustadt-1392x1044.jpg 1392w\" sizes=\"(max-width: 1440px) 100vw, 1440px\" \/><button\n\t\t\tclass=\"lightbox-trigger\"\n\t\t\ttype=\"button\"\n\t\t\taria-haspopup=\"dialog\"\n\t\t\tdata-wp-bind--aria-label=\"state.thisImage.triggerButtonAriaLabel\"\n\t\t\tdata-wp-init=\"callbacks.initTriggerButton\"\n\t\t\tdata-wp-on--click=\"actions.showLightbox\"\n\t\t\tdata-wp-style--right=\"state.thisImage.buttonRight\"\n\t\t\tdata-wp-style--top=\"state.thisImage.buttonTop\"\n\t\t>\n\t\t\t<svg xmlns=\"http:\/\/www.w3.org\/2000\/svg\" width=\"12\" height=\"12\" fill=\"none\" viewBox=\"0 0 12 12\">\n\t\t\t\t<path fill=\"#fff\" d=\"M2 0a2 2 0 0 0-2 2v2h1.5V2a.5.5 0 0 1 .5-.5h2V0H2Zm2 10.5H2a.5.5 0 0 1-.5-.5V8H0v2a2 2 0 0 0 2 2h2v-1.5ZM8 12v-1.5h2a.5.5 0 0 0 .5-.5V8H12v2a2 2 0 0 1-2 2H8Zm2-12a2 2 0 0 1 2 2v2h-1.5V2a.5.5 0 0 0-.5-.5H8V0h2Z\" \/>\n\t\t\t<\/svg>\n\t\t<\/button><figcaption class=\"wp-element-caption\">Foto: M. E. \/ Google Maps<\/figcaption><\/figure>\n\n\n\n<h3 class=\"wp-block-heading\"><span class=\"ez-toc-section\" id=\"12_Neustadt_nemecka_cisarska_stvrt\"><\/span>12. Neustadt (nemeck\u00e1 cis\u00e1rska \u0161tvr\u0165)<span class=\"ez-toc-section-end\"><\/span><\/h3>\n\n\n\n<p class=\"wp-block-paragraph\">Potom, \u010do bolo mesto na konci dev\u00e4tn\u00e1steho storo\u010dia n\u00fatene pripojen\u00e9 k Nemeckej r\u00ed\u0161i, rozhodli sa Nemci vybudova\u0165 \u00faplne nov\u00fa, vysoko reprezentat\u00edvnu \u0161tvr\u0165, ktor\u00e1 by uk\u00e1zala ich vtedaj\u0161iu moc a nezmern\u00e9 bohatstvo. Tak vznikol Neustadt \u010di\u017ee Nov\u00e9 mesto, ktor\u00e9 sa <strong>od roku 2017 stalo \u010fal\u0161\u00edm ofici\u00e1lnym roz\u0161\u00edren\u00edm z\u00e1pisu v prest\u00ed\u017enom zozname UNESCO<\/strong>. T\u00e1to \u0161tvr\u0165 predstavuje \u00fapln\u00fd a fascinuj\u00faci protiklad k \u00fazkym uli\u010dk\u00e1m star\u00e9ho mesta.<\/p>\n\n\n\n<p class=\"wp-block-paragraph\">N\u00e1jde\u0161 tu <strong>obrovsk\u00e9 a \u0161irok\u00e1nske bulv\u00e1re lemovan\u00e9 vzrastl\u00fdmi stromami, obrie kruhov\u00e9 n\u00e1mestia a monument\u00e1lne verejn\u00e9 budovy<\/strong> postaven\u00e9 v zvl\u00e1\u0161tnej zmesici novogotiky, neorenesancie a zdobnej secesie. Hlavn\u00fdm stredobodom celej tejto honosnej \u0161tvrte je n\u00e1mestie Place de la R\u00e9publique s budovou N\u00e1rodn\u00e9ho divadla a \u00fachvatnou univerzitnou kni\u017enicou, ktor\u00e1 berie dych.<\/p>\n\n\n\n<p class=\"wp-block-paragraph\">Prech\u00e1dzka touto pokojnou \u0161tvr\u0165ou ti <strong>dokonale ilustruje on\u00fa \u010dasto spom\u00ednan\u00fa dvojit\u00fa identitu \u0160trasburgu<\/strong>, ke\u010f prech\u00e1dza\u0161 z typicky franc\u00fazskeho stredoveku do uk\u00e1\u017ekov\u00e9ho nemeck\u00e9ho urbanizmu konca dev\u00e4tn\u00e1steho storo\u010dia. Mnoh\u00e9 reziden\u010dn\u00e9 domy tu maj\u00fa n\u00e1dhern\u00e9 secesn\u00e9 fas\u00e1dy s bohatou kvetinovou v\u00fdzdobou, ktor\u00e9 rozhodne stoja za bli\u017e\u0161ie presk\u00famanie s fotoapar\u00e1tom v ruke.<\/p>\n\n\n\n<figure data-wp-context=\"{&quot;imageId&quot;:&quot;6a9c55250460d&quot;}\" data-wp-interactive=\"core\/image\" data-wp-key=\"6a9c55250460d\" class=\"wp-block-image size-full wp-lightbox-container\"><img decoding=\"async\" width=\"1600\" height=\"1200\" data-wp-class--hide=\"state.isContentHidden\" data-wp-class--show=\"state.isContentVisible\" data-wp-init=\"callbacks.setButtonStyles\" data-wp-on--click=\"actions.showLightbox\" data-wp-on--load=\"callbacks.setButtonStyles\" data-wp-on--pointerdown=\"actions.preloadImage\" data-wp-on--pointerenter=\"actions.preloadImageWithDelay\" data-wp-on--pointerleave=\"actions.cancelPreload\" data-wp-on-window--resize=\"callbacks.setButtonStyles\" src=\"https:\/\/loudavymkrokem.cz\/wp-content\/uploads\/2026\/09\/place-kl-ber.jpg\" alt=\"Place Kl\u00e9ber\" class=\"wp-image-413217\" title=\"\" srcset=\"https:\/\/loudavymkrokem.cz\/wp-content\/uploads\/2026\/09\/place-kl-ber.jpg 1600w, https:\/\/loudavymkrokem.cz\/wp-content\/uploads\/2026\/09\/place-kl-ber-300x225.jpg 300w, https:\/\/loudavymkrokem.cz\/wp-content\/uploads\/2026\/09\/place-kl-ber-700x525.jpg 700w, https:\/\/loudavymkrokem.cz\/wp-content\/uploads\/2026\/09\/place-kl-ber-768x576.jpg 768w, https:\/\/loudavymkrokem.cz\/wp-content\/uploads\/2026\/09\/place-kl-ber-1536x1152.jpg 1536w, https:\/\/loudavymkrokem.cz\/wp-content\/uploads\/2026\/09\/place-kl-ber-80x60.jpg 80w, https:\/\/loudavymkrokem.cz\/wp-content\/uploads\/2026\/09\/place-kl-ber-160x120.jpg 160w, https:\/\/loudavymkrokem.cz\/wp-content\/uploads\/2026\/09\/place-kl-ber-696x522.jpg 696w, https:\/\/loudavymkrokem.cz\/wp-content\/uploads\/2026\/09\/place-kl-ber-1392x1044.jpg 1392w\" sizes=\"(max-width: 1600px) 100vw, 1600px\" \/><button\n\t\t\tclass=\"lightbox-trigger\"\n\t\t\ttype=\"button\"\n\t\t\taria-haspopup=\"dialog\"\n\t\t\tdata-wp-bind--aria-label=\"state.thisImage.triggerButtonAriaLabel\"\n\t\t\tdata-wp-init=\"callbacks.initTriggerButton\"\n\t\t\tdata-wp-on--click=\"actions.showLightbox\"\n\t\t\tdata-wp-style--right=\"state.thisImage.buttonRight\"\n\t\t\tdata-wp-style--top=\"state.thisImage.buttonTop\"\n\t\t>\n\t\t\t<svg xmlns=\"http:\/\/www.w3.org\/2000\/svg\" width=\"12\" height=\"12\" fill=\"none\" viewBox=\"0 0 12 12\">\n\t\t\t\t<path fill=\"#fff\" d=\"M2 0a2 2 0 0 0-2 2v2h1.5V2a.5.5 0 0 1 .5-.5h2V0H2Zm2 10.5H2a.5.5 0 0 1-.5-.5V8H0v2a2 2 0 0 0 2 2h2v-1.5ZM8 12v-1.5h2a.5.5 0 0 0 .5-.5V8H12v2a2 2 0 0 1-2 2H8Zm2-12a2 2 0 0 1 2 2v2h-1.5V2a.5.5 0 0 0-.5-.5H8V0h2Z\" \/>\n\t\t\t<\/svg>\n\t\t<\/button><figcaption class=\"wp-element-caption\">Foto: Curzio Pinnelli \/ Google Maps<\/figcaption><\/figure>\n\n\n\n<h3 class=\"wp-block-heading\"><span class=\"ez-toc-section\" id=\"13_Place_Kleber\"><\/span>13. Place Kl\u00e9ber<span class=\"ez-toc-section-end\"><\/span><\/h3>\n\n\n\n<p class=\"wp-block-paragraph\">Hlavn\u00fdm a rozlohou najv\u00e4\u010d\u0161\u00edm n\u00e1mest\u00edm v celom centre mesta je Place Kl\u00e9ber, ktor\u00e9 spo\u013eahlivo sl\u00fa\u017ei ako prirodzen\u00e9 miesto stret\u00e1vania sa v\u0161etk\u00fdch miestnych obyvate\u013eov. Cel\u00fd obrovsk\u00fd priestor funguje ako <strong>roz\u013eahl\u00e1 pe\u0161ia z\u00f3na obklopen\u00e1 kr\u00e1snymi historick\u00fdmi budovami<\/strong>, v ktor\u00fdch dnes s\u00eddlia obchody luxusn\u00fdch svetov\u00fdch zna\u010diek, priestrann\u00e9 kaviarne a vych\u00fdren\u00e9 re\u0161taur\u00e1cie. N\u00e1mestie je pomenovan\u00e9 po sl\u00e1vnom gener\u00e1lovi Jean-Baptistovi Kl\u00e9berovi, ktor\u00e9ho bronzov\u00e1 socha stoj\u00ed priamo uprostred a pod ktorou s\u00fa dokonca ulo\u017een\u00e9 jeho skuto\u010dn\u00e9 pozostatky.<\/p>\n\n\n\n<p class=\"wp-block-paragraph\">Toto n\u00e1mestie je naozaj po cel\u00fd rok pln\u00e9 neut\u00edchaj\u00faceho \u017eivota. Miestni sem chodia nakupova\u0165, posedie\u0165 pri popolud\u0148aj\u0161ej k\u00e1ve alebo sledova\u0165 najrozli\u010dnej\u0161\u00edch pouli\u010dn\u00fdch umelcov. <strong>Najkraj\u0161ou budovou na n\u00e1mest\u00ed je bezpochyby Aubette<\/strong>, klasicistick\u00fd pal\u00e1c z osemn\u00e1steho storo\u010dia, ktor\u00fd v minulosti sl\u00fa\u017eil ako vojensk\u00e1 str\u00e1\u017enica a dnes ukr\u00fdva n\u00e1kupn\u00fa gal\u00e9riu a historick\u00e9 s\u00e1ly s unik\u00e1tnou avantgardnou v\u00fdzdobou z dvadsiatych rokov dvadsiateho storo\u010dia.<\/p>\n\n\n\n<p class=\"wp-block-paragraph\">V \u010dase adventu sa n\u00e1mestie magicky premen\u00ed na \u00fapln\u00e9 centrum diania, preto\u017ee pr\u00e1ve <strong>tu sa s ve\u013ekou sl\u00e1vou vzty\u010duje obrovsk\u00fd, n\u00e1dherne nazdoben\u00fd viano\u010dn\u00fd strom<\/strong>, ktor\u00fd je jedn\u00fdm z najv\u00e4\u010d\u0161\u00edch symbolov cel\u00e9ho mesta. Aj mimo adventu si tu ale naplno u\u017eije\u0161 skvel\u00fa atmosf\u00e9ru pulzuj\u00faceho a modern\u00e9ho eur\u00f3pskeho ve\u013ekomesta.<\/p>\n\n\n\n<figure data-wp-context=\"{&quot;imageId&quot;:&quot;6a9c552504ce0&quot;}\" data-wp-interactive=\"core\/image\" data-wp-key=\"6a9c552504ce0\" class=\"wp-block-image size-full wp-lightbox-container\"><img decoding=\"async\" width=\"1600\" height=\"1200\" data-wp-class--hide=\"state.isContentHidden\" data-wp-class--show=\"state.isContentVisible\" data-wp-init=\"callbacks.setButtonStyles\" data-wp-on--click=\"actions.showLightbox\" data-wp-on--load=\"callbacks.setButtonStyles\" data-wp-on--pointerdown=\"actions.preloadImage\" data-wp-on--pointerenter=\"actions.preloadImageWithDelay\" data-wp-on--pointerleave=\"actions.cancelPreload\" data-wp-on-window--resize=\"callbacks.setButtonStyles\" src=\"https:\/\/loudavymkrokem.cz\/wp-content\/uploads\/2026\/09\/parc-de-l-orangerie.jpg\" alt=\"Parc de l&#039;Orangerie\" class=\"wp-image-413221\" title=\"\" srcset=\"https:\/\/loudavymkrokem.cz\/wp-content\/uploads\/2026\/09\/parc-de-l-orangerie.jpg 1600w, https:\/\/loudavymkrokem.cz\/wp-content\/uploads\/2026\/09\/parc-de-l-orangerie-300x225.jpg 300w, https:\/\/loudavymkrokem.cz\/wp-content\/uploads\/2026\/09\/parc-de-l-orangerie-700x525.jpg 700w, https:\/\/loudavymkrokem.cz\/wp-content\/uploads\/2026\/09\/parc-de-l-orangerie-768x576.jpg 768w, https:\/\/loudavymkrokem.cz\/wp-content\/uploads\/2026\/09\/parc-de-l-orangerie-1536x1152.jpg 1536w, https:\/\/loudavymkrokem.cz\/wp-content\/uploads\/2026\/09\/parc-de-l-orangerie-80x60.jpg 80w, https:\/\/loudavymkrokem.cz\/wp-content\/uploads\/2026\/09\/parc-de-l-orangerie-160x120.jpg 160w, https:\/\/loudavymkrokem.cz\/wp-content\/uploads\/2026\/09\/parc-de-l-orangerie-696x522.jpg 696w, https:\/\/loudavymkrokem.cz\/wp-content\/uploads\/2026\/09\/parc-de-l-orangerie-1392x1044.jpg 1392w\" sizes=\"(max-width: 1600px) 100vw, 1600px\" \/><button\n\t\t\tclass=\"lightbox-trigger\"\n\t\t\ttype=\"button\"\n\t\t\taria-haspopup=\"dialog\"\n\t\t\tdata-wp-bind--aria-label=\"state.thisImage.triggerButtonAriaLabel\"\n\t\t\tdata-wp-init=\"callbacks.initTriggerButton\"\n\t\t\tdata-wp-on--click=\"actions.showLightbox\"\n\t\t\tdata-wp-style--right=\"state.thisImage.buttonRight\"\n\t\t\tdata-wp-style--top=\"state.thisImage.buttonTop\"\n\t\t>\n\t\t\t<svg xmlns=\"http:\/\/www.w3.org\/2000\/svg\" width=\"12\" height=\"12\" fill=\"none\" viewBox=\"0 0 12 12\">\n\t\t\t\t<path fill=\"#fff\" d=\"M2 0a2 2 0 0 0-2 2v2h1.5V2a.5.5 0 0 1 .5-.5h2V0H2Zm2 10.5H2a.5.5 0 0 1-.5-.5V8H0v2a2 2 0 0 0 2 2h2v-1.5ZM8 12v-1.5h2a.5.5 0 0 0 .5-.5V8H12v2a2 2 0 0 1-2 2H8Zm2-12a2 2 0 0 1 2 2v2h-1.5V2a.5.5 0 0 0-.5-.5H8V0h2Z\" \/>\n\t\t\t<\/svg>\n\t\t<\/button><figcaption class=\"wp-element-caption\">Foto: dante coccia \/ Google Maps<\/figcaption><\/figure>\n\n\n\n<h3 class=\"wp-block-heading\"><span class=\"ez-toc-section\" id=\"14_Parc_de_lOrangerie\"><\/span>14. Parc de l&#8217;Orangerie<span class=\"ez-toc-section-end\"><\/span><\/h3>\n\n\n\n<p class=\"wp-block-paragraph\">Ak si bude\u0161 chcie\u0165 na chv\u00ed\u013eu odd\u00fdchnu\u0165 od hluku ve\u013ek\u00e9ho mesta a na\u010derpa\u0165 nov\u00fa energiu v pr\u00edrode, vyraz do Parc de l&#8217;Orangerie. Tento \u00fachvatn\u00fd park poch\u00e1dzaj\u00faci zo sedemn\u00e1steho storo\u010dia je <strong>najv\u00e4\u010d\u0161\u00edm a v\u00f4bec najstar\u0161\u00edm parkom v meste<\/strong> a nach\u00e1dza sa v tesnej bl\u00edzkosti modernej eur\u00f3pskej \u0161tvrte. P\u00f4vodne tu pestovali vz\u00e1cne pomaran\u010dovn\u00edky. Kto by to bol povedal, \u017ee z toho raz vznikne najv\u00e4\u010d\u0161\u00ed park v meste.<\/p>\n\n\n\n<p class=\"wp-block-paragraph\">Dnes je to obrovsk\u00e1 a starostlivo udr\u017eiavan\u00e1 o\u00e1za zelene s roz\u013eahl\u00fdm jazerom, kde si <strong>m\u00f4\u017ee\u0161 v tepl\u00fdch letn\u00fdch mesiacoch po\u017ei\u010da\u0165 mal\u00fa lo\u010fku a previez\u0165 sa po pokojnej vodnej hladine<\/strong>. Park je pretkan\u00fd hustou sie\u0165ou \u0161irok\u00fdch pieskov\u00fdch ciest, natraf\u00ed\u0161 tu na kr\u00e1sne kvetinov\u00e9 z\u00e1hony, \u017eblnkaj\u00face font\u00e1ny a dokonca aj mal\u00fa zoologick\u00fa z\u00e1hradu. V pavil\u00f3ne uprostred parku sa navy\u0161e nach\u00e1dza luxusn\u00e1 re\u0161taur\u00e1cia s kr\u00e1snou terasou na sviato\u010dn\u00fd obed.<\/p>\n\n\n\n<p class=\"wp-block-paragraph\">\ud83d\udca1 Tip: Park je aj domovom obrovsk\u00e9ho mno\u017estva divok\u00fdch bocianov, ktor\u00e9 s\u00fa zvierac\u00edm symbolom cel\u00e9ho Alsaska. <strong>M\u00f4\u017ee\u0161 ich tu vo\u013ene pozorova\u0165, ako si stavaj\u00fa svoje obrovsk\u00e9 hniezda vysoko v korun\u00e1ch vzrastl\u00fdch stromov<\/strong>, \u010do je z\u00e1\u017eitok, ktor\u00fd zaru\u010dene nadchne nielen mal\u00e9 deti, ale aj dospel\u00fdch n\u00e1v\u0161tevn\u00edkov.<\/p>\n\n\n\n<figure data-wp-context=\"{&quot;imageId&quot;:&quot;6a9c552505438&quot;}\" data-wp-interactive=\"core\/image\" data-wp-key=\"6a9c552505438\" class=\"wp-block-image size-full wp-lightbox-container\"><img decoding=\"async\" width=\"1600\" height=\"1183\" data-wp-class--hide=\"state.isContentHidden\" data-wp-class--show=\"state.isContentVisible\" data-wp-init=\"callbacks.setButtonStyles\" data-wp-on--click=\"actions.showLightbox\" data-wp-on--load=\"callbacks.setButtonStyles\" data-wp-on--pointerdown=\"actions.preloadImage\" data-wp-on--pointerenter=\"actions.preloadImageWithDelay\" data-wp-on--pointerleave=\"actions.cancelPreload\" data-wp-on-window--resize=\"callbacks.setButtonStyles\" src=\"https:\/\/loudavymkrokem.cz\/wp-content\/uploads\/2026\/09\/parc-de-l-toile.jpg\" alt=\"Parc de l&#039;\u00c9toile\" class=\"wp-image-413224\" title=\"\" srcset=\"https:\/\/loudavymkrokem.cz\/wp-content\/uploads\/2026\/09\/parc-de-l-toile.jpg 1600w, https:\/\/loudavymkrokem.cz\/wp-content\/uploads\/2026\/09\/parc-de-l-toile-300x222.jpg 300w, https:\/\/loudavymkrokem.cz\/wp-content\/uploads\/2026\/09\/parc-de-l-toile-700x518.jpg 700w, https:\/\/loudavymkrokem.cz\/wp-content\/uploads\/2026\/09\/parc-de-l-toile-768x568.jpg 768w, https:\/\/loudavymkrokem.cz\/wp-content\/uploads\/2026\/09\/parc-de-l-toile-1536x1136.jpg 1536w, https:\/\/loudavymkrokem.cz\/wp-content\/uploads\/2026\/09\/parc-de-l-toile-80x60.jpg 80w, https:\/\/loudavymkrokem.cz\/wp-content\/uploads\/2026\/09\/parc-de-l-toile-696x515.jpg 696w, https:\/\/loudavymkrokem.cz\/wp-content\/uploads\/2026\/09\/parc-de-l-toile-1392x1029.jpg 1392w\" sizes=\"(max-width: 1600px) 100vw, 1600px\" \/><button\n\t\t\tclass=\"lightbox-trigger\"\n\t\t\ttype=\"button\"\n\t\t\taria-haspopup=\"dialog\"\n\t\t\tdata-wp-bind--aria-label=\"state.thisImage.triggerButtonAriaLabel\"\n\t\t\tdata-wp-init=\"callbacks.initTriggerButton\"\n\t\t\tdata-wp-on--click=\"actions.showLightbox\"\n\t\t\tdata-wp-style--right=\"state.thisImage.buttonRight\"\n\t\t\tdata-wp-style--top=\"state.thisImage.buttonTop\"\n\t\t>\n\t\t\t<svg xmlns=\"http:\/\/www.w3.org\/2000\/svg\" width=\"12\" height=\"12\" fill=\"none\" viewBox=\"0 0 12 12\">\n\t\t\t\t<path fill=\"#fff\" d=\"M2 0a2 2 0 0 0-2 2v2h1.5V2a.5.5 0 0 1 .5-.5h2V0H2Zm2 10.5H2a.5.5 0 0 1-.5-.5V8H0v2a2 2 0 0 0 2 2h2v-1.5ZM8 12v-1.5h2a.5.5 0 0 0 .5-.5V8H12v2a2 2 0 0 1-2 2H8Zm2-12a2 2 0 0 1 2 2v2h-1.5V2a.5.5 0 0 0-.5-.5H8V0h2Z\" \/>\n\t\t\t<\/svg>\n\t\t<\/button><figcaption class=\"wp-element-caption\">Foto: Zulfikar CEKIC \/ Google Maps<\/figcaption><\/figure>\n\n\n\n<h3 class=\"wp-block-heading\"><span class=\"ez-toc-section\" id=\"15_Parc_de_lEtoile\"><\/span>15. Parc de l&#8217;\u00c9toile<span class=\"ez-toc-section-end\"><\/span><\/h3>\n\n\n\n<p class=\"wp-block-paragraph\">\u010eal\u0161\u00edm ve\u013emi zauj\u00edmav\u00fdm zelen\u00fdm priestorom, ktor\u00fd rozhodne stoj\u00ed za tvoju n\u00e1v\u0161tevu, je Parc de l&#8217;\u00c9toile. Oproti klasick\u00e9mu a pr\u00edsne symetrick\u00e9mu franc\u00fazskemu \u0161t\u00fdlu parku Orangerie je tento priestor koncipovan\u00fd ove\u013ea uvo\u013enenej\u0161ie a modernej\u0161ie. <strong>N\u00e1jde\u0161 tu roz\u013eahl\u00e9 tr\u00e1vnat\u00e9 kopce, dreven\u00e9 l\u00e1vky a \u0161irok\u00e9 cesty lemuj\u00face vodn\u00e9 kan\u00e1ly<\/strong>, \u010do z neho rob\u00ed nesmierne ob\u013e\u00faben\u00e9 miesto na pikniky a popolud\u0148aj\u0161iu relax\u00e1ciu \u0161tudentov z ne\u010falekej univerzity.<\/p>\n\n\n\n<p class=\"wp-block-paragraph\">Jednou z hlavn\u00fdch umeleck\u00fdch zauj\u00edmavost\u00ed tohto parku je <strong>bronzov\u00e1 socha Mah\u00e1tmu G\u00e1ndh\u00edho<\/strong>, ktor\u00fa mestu ofici\u00e1lne darovala indick\u00e1 vl\u00e1da ako trval\u00fd symbol mieru a nen\u00e1silia. Park funguje ako skvel\u00e1 a zelen\u00e1 spojnica medzi historick\u00fdm centrom mesta a modernej\u0161\u00edmi ju\u017en\u00fdmi \u0161tvr\u0165ami, a v\u010faka kope rozmiestnen\u00fdch lavi\u010diek pon\u00faka ve\u013emi pr\u00edjemn\u00e9 miesto na oddych.<\/p>\n\n\n\n<p class=\"wp-block-paragraph\">Cel\u00fd priestor je aj ve\u013emi ob\u013e\u00faben\u00fd medzi miestnymi cyklistami a be\u017ecami, preto\u017ee sa odtia\u013eto m\u00f4\u017ee\u0161 plynulo napoji\u0165 na rozsiahlu sie\u0165 upraven\u00fdch cyklotr\u00e1s ved\u00facich pozd\u013a\u017e vodn\u00fdch kan\u00e1lov a\u017e \u010faleko za hranice mesta. <strong>Ak si v meste pl\u00e1nuje\u0161 po\u017ei\u010da\u0165 bicykel, ur\u010dite ti odpor\u00fa\u010dam za\u010da\u0165 svoju vyjazdu pr\u00e1ve tu<\/strong>.<\/p>\n\n\n\n<figure data-wp-context=\"{&quot;imageId&quot;:&quot;6a9c552505ab4&quot;}\" data-wp-interactive=\"core\/image\" data-wp-key=\"6a9c552505ab4\" class=\"wp-block-image size-full wp-lightbox-container\"><img decoding=\"async\" width=\"1600\" height=\"1200\" data-wp-class--hide=\"state.isContentHidden\" data-wp-class--show=\"state.isContentVisible\" data-wp-init=\"callbacks.setButtonStyles\" data-wp-on--click=\"actions.showLightbox\" data-wp-on--load=\"callbacks.setButtonStyles\" data-wp-on--pointerdown=\"actions.preloadImage\" data-wp-on--pointerenter=\"actions.preloadImageWithDelay\" data-wp-on--pointerleave=\"actions.cancelPreload\" data-wp-on-window--resize=\"callbacks.setButtonStyles\" src=\"https:\/\/loudavymkrokem.cz\/wp-content\/uploads\/2026\/09\/palais-rohan.jpg\" alt=\"Palais Rohan\" class=\"wp-image-413228\" title=\"\" srcset=\"https:\/\/loudavymkrokem.cz\/wp-content\/uploads\/2026\/09\/palais-rohan.jpg 1600w, https:\/\/loudavymkrokem.cz\/wp-content\/uploads\/2026\/09\/palais-rohan-300x225.jpg 300w, https:\/\/loudavymkrokem.cz\/wp-content\/uploads\/2026\/09\/palais-rohan-700x525.jpg 700w, https:\/\/loudavymkrokem.cz\/wp-content\/uploads\/2026\/09\/palais-rohan-768x576.jpg 768w, https:\/\/loudavymkrokem.cz\/wp-content\/uploads\/2026\/09\/palais-rohan-1536x1152.jpg 1536w, https:\/\/loudavymkrokem.cz\/wp-content\/uploads\/2026\/09\/palais-rohan-80x60.jpg 80w, https:\/\/loudavymkrokem.cz\/wp-content\/uploads\/2026\/09\/palais-rohan-160x120.jpg 160w, https:\/\/loudavymkrokem.cz\/wp-content\/uploads\/2026\/09\/palais-rohan-696x522.jpg 696w, https:\/\/loudavymkrokem.cz\/wp-content\/uploads\/2026\/09\/palais-rohan-1392x1044.jpg 1392w\" sizes=\"(max-width: 1600px) 100vw, 1600px\" \/><button\n\t\t\tclass=\"lightbox-trigger\"\n\t\t\ttype=\"button\"\n\t\t\taria-haspopup=\"dialog\"\n\t\t\tdata-wp-bind--aria-label=\"state.thisImage.triggerButtonAriaLabel\"\n\t\t\tdata-wp-init=\"callbacks.initTriggerButton\"\n\t\t\tdata-wp-on--click=\"actions.showLightbox\"\n\t\t\tdata-wp-style--right=\"state.thisImage.buttonRight\"\n\t\t\tdata-wp-style--top=\"state.thisImage.buttonTop\"\n\t\t>\n\t\t\t<svg xmlns=\"http:\/\/www.w3.org\/2000\/svg\" width=\"12\" height=\"12\" fill=\"none\" viewBox=\"0 0 12 12\">\n\t\t\t\t<path fill=\"#fff\" d=\"M2 0a2 2 0 0 0-2 2v2h1.5V2a.5.5 0 0 1 .5-.5h2V0H2Zm2 10.5H2a.5.5 0 0 1-.5-.5V8H0v2a2 2 0 0 0 2 2h2v-1.5ZM8 12v-1.5h2a.5.5 0 0 0 .5-.5V8H12v2a2 2 0 0 1-2 2H8Zm2-12a2 2 0 0 1 2 2v2h-1.5V2a.5.5 0 0 0-.5-.5H8V0h2Z\" \/>\n\t\t\t<\/svg>\n\t\t<\/button><figcaption class=\"wp-element-caption\">Foto: Kent Wang \/ Google Maps<\/figcaption><\/figure>\n\n\n\n<h3 class=\"wp-block-heading\"><span class=\"ez-toc-section\" id=\"16_Palais_Rohan\"><\/span>16. Palais Rohan<span class=\"ez-toc-section-end\"><\/span><\/h3>\n\n\n\n<p class=\"wp-block-paragraph\">Len nepatrn\u00fd k\u00fasok od hlavnej katedr\u00e1ly sa majest\u00e1tne t\u00fd\u010di <a href=\"https:\/\/en.musees.strasbourg.eu\/palais-rohan\" target=\"_blank\" rel=\"nofollow noopener\">Palais Rohan<\/a>, n\u00e1dhern\u00fd a roz\u013eahl\u00fd barokov\u00fd pal\u00e1c z osemn\u00e1steho storo\u010dia, ktor\u00fd kedysi sl\u00fa\u017eil ako honosn\u00e1 rezidencia \u0161trasbursk\u00fdch biskupov z ve\u013emi vplyvn\u00e9ho rodu Rohanovcov. <strong>T\u00e1to ohromuj\u00faca stavba je pre svoju kr\u00e1su \u010dasto prirovn\u00e1van\u00e1 k par\u00ed\u017eskym pal\u00e1com<\/strong> a jej noblesn\u00e1 fas\u00e1da odr\u00e1\u017eaj\u00faca sa vo vod\u00e1ch rieky Ill patr\u00ed k absol\u00fatne najkraj\u0161\u00edm poh\u013eadom v meste.<\/p>\n\n\n\n<p class=\"wp-block-paragraph\">Dnes je tento obrovsk\u00fd pal\u00e1c domovom hne\u010f troch v\u00fdznamn\u00fdch mestsk\u00fdch m\u00faze\u00ed, tak\u017ee v\u0161etci milovn\u00edci umenia a hlbokej hist\u00f3rie si tu zaru\u010dene pr\u00eddu na svoje. <strong>Na pr\u00edzem\u00ed s\u00eddli M\u00fazeum dekorat\u00edvneho umenia s n\u00e1dherne zachoval\u00fdmi p\u00f4vodn\u00fdmi biskupsk\u00fdmi komnatami<\/strong>, v suter\u00e9ne n\u00e1jde\u0161 rozsiahle Archeologick\u00e9 m\u00fazeum a na prvom poschod\u00ed potom M\u00fazeum v\u00fdtvarn\u00e9ho umenia s p\u00f4sobivou zbierkou klasick\u00e9ho eur\u00f3pskeho maliarstva.<\/p>\n\n\n\n<p class=\"wp-block-paragraph\">Aj ke\u010f nie si pr\u00e1ve ve\u013ek\u00fdm fan\u00fa\u0161ikom dlh\u00fdch a n\u00e1ro\u010dn\u00fdch m\u00fazejn\u00fdch prehliadok, aspo\u0148 na centr\u00e1lne n\u00e1dvorie sa ur\u010dite pozri, vstup je zadarmo a fas\u00e1da stoj\u00ed za to. M\u00f4\u017ee\u0161 tu v pokoji obdivova\u0165 dokonal\u00fa symetriu a neuverite\u013en\u00fa zdobnos\u0165 klasickej franc\u00fazskej pal\u00e1covej architekt\u00fary.<\/p>\n\n\n\n<figure data-wp-context=\"{&quot;imageId&quot;:&quot;6a9c5525060d6&quot;}\" data-wp-interactive=\"core\/image\" data-wp-key=\"6a9c5525060d6\" class=\"wp-block-image size-full wp-lightbox-container\"><img decoding=\"async\" width=\"1600\" height=\"1105\" data-wp-class--hide=\"state.isContentHidden\" data-wp-class--show=\"state.isContentVisible\" data-wp-init=\"callbacks.setButtonStyles\" data-wp-on--click=\"actions.showLightbox\" data-wp-on--load=\"callbacks.setButtonStyles\" data-wp-on--pointerdown=\"actions.preloadImage\" data-wp-on--pointerenter=\"actions.preloadImageWithDelay\" data-wp-on--pointerleave=\"actions.cancelPreload\" data-wp-on-window--resize=\"callbacks.setButtonStyles\" src=\"https:\/\/loudavymkrokem.cz\/wp-content\/uploads\/2026\/09\/strasbourg-museum-of-modern-and-contemporary-art.jpg\" alt=\"Strasbourg Museum of Modern and Contemporary Art (MAMCS)\" class=\"wp-image-413231\" title=\"\" srcset=\"https:\/\/loudavymkrokem.cz\/wp-content\/uploads\/2026\/09\/strasbourg-museum-of-modern-and-contemporary-art.jpg 1600w, https:\/\/loudavymkrokem.cz\/wp-content\/uploads\/2026\/09\/strasbourg-museum-of-modern-and-contemporary-art-300x207.jpg 300w, https:\/\/loudavymkrokem.cz\/wp-content\/uploads\/2026\/09\/strasbourg-museum-of-modern-and-contemporary-art-700x483.jpg 700w, https:\/\/loudavymkrokem.cz\/wp-content\/uploads\/2026\/09\/strasbourg-museum-of-modern-and-contemporary-art-768x530.jpg 768w, https:\/\/loudavymkrokem.cz\/wp-content\/uploads\/2026\/09\/strasbourg-museum-of-modern-and-contemporary-art-1536x1061.jpg 1536w, https:\/\/loudavymkrokem.cz\/wp-content\/uploads\/2026\/09\/strasbourg-museum-of-modern-and-contemporary-art-696x481.jpg 696w, https:\/\/loudavymkrokem.cz\/wp-content\/uploads\/2026\/09\/strasbourg-museum-of-modern-and-contemporary-art-1392x961.jpg 1392w\" sizes=\"(max-width: 1600px) 100vw, 1600px\" \/><button\n\t\t\tclass=\"lightbox-trigger\"\n\t\t\ttype=\"button\"\n\t\t\taria-haspopup=\"dialog\"\n\t\t\tdata-wp-bind--aria-label=\"state.thisImage.triggerButtonAriaLabel\"\n\t\t\tdata-wp-init=\"callbacks.initTriggerButton\"\n\t\t\tdata-wp-on--click=\"actions.showLightbox\"\n\t\t\tdata-wp-style--right=\"state.thisImage.buttonRight\"\n\t\t\tdata-wp-style--top=\"state.thisImage.buttonTop\"\n\t\t>\n\t\t\t<svg xmlns=\"http:\/\/www.w3.org\/2000\/svg\" width=\"12\" height=\"12\" fill=\"none\" viewBox=\"0 0 12 12\">\n\t\t\t\t<path fill=\"#fff\" d=\"M2 0a2 2 0 0 0-2 2v2h1.5V2a.5.5 0 0 1 .5-.5h2V0H2Zm2 10.5H2a.5.5 0 0 1-.5-.5V8H0v2a2 2 0 0 0 2 2h2v-1.5ZM8 12v-1.5h2a.5.5 0 0 0 .5-.5V8H12v2a2 2 0 0 1-2 2H8Zm2-12a2 2 0 0 1 2 2v2h-1.5V2a.5.5 0 0 0-.5-.5H8V0h2Z\" \/>\n\t\t\t<\/svg>\n\t\t<\/button><figcaption class=\"wp-element-caption\">Foto: Mus\u00e9e d&#8217;Art Moderne et Contemporain de Strasbourg \/ Google Maps<\/figcaption><\/figure>\n\n\n\n<h3 class=\"wp-block-heading\"><span class=\"ez-toc-section\" id=\"17_Strasbourg_Museum_of_Modern_and_Contemporary_Art_MAMCS\"><\/span>17. Strasbourg Museum of Modern and Contemporary Art (MAMCS)<span class=\"ez-toc-section-end\"><\/span><\/h3>\n\n\n\n<p class=\"wp-block-paragraph\">Pre v\u0161etk\u00fdch milovn\u00edkov o nie\u010do modernej\u0161ieho umenia je \u00faplnou nutnos\u0165ou n\u00e1v\u0161teva M\u00fazea modern\u00e9ho a s\u00fa\u010dasn\u00e9ho umenia, ktor\u00e9 miestni obyvatelia skr\u00e1tene naz\u00fdvaj\u00fa <a href=\"https:\/\/en.musees.strasbourg.eu\/mamcs\" target=\"_blank\" rel=\"nofollow noopener\">MAMCS<\/a>. U\u017e samotn\u00e1 budova tohto m\u00fazea je ve\u013ek\u00fdm architektonick\u00fdm z\u00e1\u017eitkom. <strong>Ide o obrovsk\u00fa presklen\u00fa stavbu le\u017eiacu priamo na brehu rieky<\/strong>, ktor\u00e1 tvor\u00ed fantastick\u00fd a ve\u013emi fotogenick\u00fd vizu\u00e1lny kontrast k ne\u010falekej historickej \u0161tvrti Petite France.<\/p>\n\n\n\n<p class=\"wp-block-paragraph\">Vn\u00fatri \u0165a \u010dakaj\u00fa naozaj rozsiahle zbierky umenia od konca dev\u00e4tn\u00e1steho storo\u010dia a\u017e po s\u00fa\u010dasnos\u0165, <strong>vr\u00e1tane ve\u013emi bohatej kolekcie modernej fotografie a grafiky<\/strong>. N\u00e1jde\u0161 tu vystaven\u00e9 diela sl\u00e1vnych majstrov ako bol Kandinsky, Picasso alebo Monet, ale ve\u013ekorys\u00fd priestor je tu venovan\u00fd aj s\u00fa\u010dasn\u00fdm priestorov\u00fdm in\u0161tal\u00e1ci\u00e1m a n\u00e1dejn\u00fdm lok\u00e1lnym alsask\u00fdm umelcom.<\/p>\n\n\n\n<p class=\"wp-block-paragraph\">\ud83d\udca1 Tip: Po dlhej prehliadke expoz\u00edci\u00ed si rozhodne nenechaj ujs\u0165 n\u00e1v\u0161tevu m\u00fazejnej kaviarne, ktor\u00e1 sa nach\u00e1dza na otvorenej stre\u0161nej terase. <strong>Pon\u00faka sa odtia\u013eto jeden z najkraj\u0161\u00edch a medzi turistami najmenej zn\u00e1mych v\u00fdh\u013eadov na historick\u00e9 centrum a ve\u017ee Ponts Couverts<\/strong>, navy\u0161e v \u00faplnom pokoji \u010faleko od hlavn\u00fdch turistick\u00fdch davov v uliciach pod tebou.<\/p>\n\n\n\n<figure data-wp-context=\"{&quot;imageId&quot;:&quot;6a9c552506772&quot;}\" data-wp-interactive=\"core\/image\" data-wp-key=\"6a9c552506772\" class=\"wp-block-image size-full wp-lightbox-container\"><img decoding=\"async\" width=\"1600\" height=\"1066\" data-wp-class--hide=\"state.isContentHidden\" data-wp-class--show=\"state.isContentVisible\" data-wp-init=\"callbacks.setButtonStyles\" data-wp-on--click=\"actions.showLightbox\" data-wp-on--load=\"callbacks.setButtonStyles\" data-wp-on--pointerdown=\"actions.preloadImage\" data-wp-on--pointerenter=\"actions.preloadImageWithDelay\" data-wp-on--pointerleave=\"actions.cancelPreload\" data-wp-on-window--resize=\"callbacks.setButtonStyles\" src=\"https:\/\/loudavymkrokem.cz\/wp-content\/uploads\/2026\/09\/mus-e-alsacien.jpg\" alt=\"Mus\u00e9e Alsacien\" class=\"wp-image-413235\" title=\"\" srcset=\"https:\/\/loudavymkrokem.cz\/wp-content\/uploads\/2026\/09\/mus-e-alsacien.jpg 1600w, https:\/\/loudavymkrokem.cz\/wp-content\/uploads\/2026\/09\/mus-e-alsacien-300x200.jpg 300w, https:\/\/loudavymkrokem.cz\/wp-content\/uploads\/2026\/09\/mus-e-alsacien-700x466.jpg 700w, https:\/\/loudavymkrokem.cz\/wp-content\/uploads\/2026\/09\/mus-e-alsacien-768x512.jpg 768w, https:\/\/loudavymkrokem.cz\/wp-content\/uploads\/2026\/09\/mus-e-alsacien-1536x1023.jpg 1536w, https:\/\/loudavymkrokem.cz\/wp-content\/uploads\/2026\/09\/mus-e-alsacien-696x464.jpg 696w, https:\/\/loudavymkrokem.cz\/wp-content\/uploads\/2026\/09\/mus-e-alsacien-1392x927.jpg 1392w\" sizes=\"(max-width: 1600px) 100vw, 1600px\" \/><button\n\t\t\tclass=\"lightbox-trigger\"\n\t\t\ttype=\"button\"\n\t\t\taria-haspopup=\"dialog\"\n\t\t\tdata-wp-bind--aria-label=\"state.thisImage.triggerButtonAriaLabel\"\n\t\t\tdata-wp-init=\"callbacks.initTriggerButton\"\n\t\t\tdata-wp-on--click=\"actions.showLightbox\"\n\t\t\tdata-wp-style--right=\"state.thisImage.buttonRight\"\n\t\t\tdata-wp-style--top=\"state.thisImage.buttonTop\"\n\t\t>\n\t\t\t<svg xmlns=\"http:\/\/www.w3.org\/2000\/svg\" width=\"12\" height=\"12\" fill=\"none\" viewBox=\"0 0 12 12\">\n\t\t\t\t<path fill=\"#fff\" d=\"M2 0a2 2 0 0 0-2 2v2h1.5V2a.5.5 0 0 1 .5-.5h2V0H2Zm2 10.5H2a.5.5 0 0 1-.5-.5V8H0v2a2 2 0 0 0 2 2h2v-1.5ZM8 12v-1.5h2a.5.5 0 0 0 .5-.5V8H12v2a2 2 0 0 1-2 2H8Zm2-12a2 2 0 0 1 2 2v2h-1.5V2a.5.5 0 0 0-.5-.5H8V0h2Z\" \/>\n\t\t\t<\/svg>\n\t\t<\/button><figcaption class=\"wp-element-caption\">Foto: Bertrand Strasbourg \/ Google Maps<\/figcaption><\/figure>\n\n\n\n<h3 class=\"wp-block-heading\"><span class=\"ez-toc-section\" id=\"18_Musee_Alsacien\"><\/span>18. Mus\u00e9e Alsacien<span class=\"ez-toc-section-end\"><\/span><\/h3>\n\n\n\n<p class=\"wp-block-paragraph\">Ak chce\u0161 naozaj hlboko prenikn\u00fa\u0165 do du\u0161e tohto regi\u00f3nu, nav\u0161t\u00edv najprv <a href=\"https:\/\/en.musees.strasbourg.eu\/alsatian-museum\" target=\"_blank\" rel=\"nofollow noopener\">Mus\u00e9e Alsacien<\/a>. Nach\u00e1dza sa v nieko\u013ek\u00fdch vz\u00e1jomne prepojen\u00fdch historick\u00fdch hr\u00e1zden\u00fdch domoch a <strong>n\u00e1dherne mapuje tradi\u010dn\u00fd alsask\u00fd \u013eudov\u00fd \u017eivot, vidiecke zvyky a dobov\u00e9 remesl\u00e1<\/strong>. V\u0161etko je zasaden\u00e9 do \u00faplne autentick\u00e9ho a \u013eahko spletit\u00e9ho historick\u00e9ho prostredia pln\u00e9ho vrzaj\u00facich dreven\u00fdch schodov.<\/p>\n\n\n\n<p class=\"wp-block-paragraph\">Z\u00edska\u0161 v\u010faka tomu skvel\u00fd kontext k tomu, \u010do potom uvid\u00ed\u0161 v uliciach, a lep\u0161ie pochop\u00ed\u0161, ako sa tu \u013eu\u010fom vlastne \u017eilo. Zist\u00ed\u0161, ak\u00e9 remesl\u00e1 v oblasti dominovali, uvid\u00ed\u0161 typick\u00e9 kroje a hne\u010f ti bude okolit\u00e1 architekt\u00fara d\u00e1va\u0165 e\u0161te v\u00e4\u010d\u0161\u00ed zmysel.<\/p>\n\n\n\n<h2 class=\"wp-block-heading\"><span class=\"ez-toc-section\" id=\"Kam_dalej_zo_Strasburgu\"><\/span>Kam \u010falej zo \u0160trasburgu<span class=\"ez-toc-section-end\"><\/span><\/h2>\n\n\n\n<p class=\"wp-block-paragraph\">\u0160trasburg funguje ako <strong>\u00faplne ide\u00e1lna z\u00e1klad\u0148a na objavovanie cel\u00e9ho Alsaska<\/strong>. Po\u010das necelej hodiny jazdy sa dostane\u0161 do rozpr\u00e1vkov\u00fdch dedin\u010diek, ktor\u00e9 vyzeraj\u00fa ako kulisy z historick\u00e9ho filmu. Ak m\u00e1\u0161 k dispoz\u00edcii auto, <strong>ur\u010dite si nenechaj ujs\u0165 na\u0161u trasu v \u010dl\u00e1nku <a href=\"https:\/\/loudavymkrokem.cz\/sk\/alsasko-francuzsko-vinna-cesta\/\">Alsask\u00e1 v\u00ednna cesta: 12 najkraj\u0161\u00edch ded\u00edn<\/a><\/strong>, kde detailne popisujeme zast\u00e1vky na trase cez meste\u010dk\u00e1 ako je Riquewihr alebo Kaysersberg.<\/p>\n\n\n\n<p class=\"wp-block-paragraph\">Za samostatn\u00fa n\u00e1v\u0161tevu rozhodne stoj\u00ed hlavn\u00e9 mesto alsask\u00e9ho v\u00edna, o ktorom sme sa rozp\u00edsali v sprievodcovi <a href=\"https:\/\/loudavymkrokem.cz\/sk\/colmar-francuzsko-benatky\/\">Colmar, Franc\u00fazsko<\/a>. Je to men\u0161ia a e\u0161te o nie\u010do koncentrovanej\u0161ia verzia \u0160trasburgu s \u00fachvatnou \u0161tvr\u0165ou zvanou Mal\u00e9 Ben\u00e1tky.<\/p>\n\n\n\n<p class=\"wp-block-paragraph\">Ke\u010f bude\u0161 h\u013eada\u0165 \u010fal\u0161iu in\u0161pir\u00e1ciu na v\u00fdlety v okol\u00ed, mo\u017eno na map\u00e1ch natraf\u00ed\u0161 na \u00c9comus\u00e9e d&#8217;Alsace alebo vojensk\u00e9 m\u00fazeum MM Park, ale nenechaj sa zmias\u0165. \u00c9comus\u00e9e le\u017e\u00ed v Ungersheime asi \u0161es\u0165desiat kilometrov od mesta a MM Park n\u00e1jde\u0161 v obci La Wantzenau, tak\u017ee <strong>obe miesta si vy\u017eaduj\u00fa sk\u00f4r poldenn\u00fd a\u017e celodenn\u00fd v\u00fdlet autom<\/strong> a rozhodne sa nenach\u00e1dzaj\u00fa v doch\u00e1dzkovej vzdialenosti od centra mesta.<\/p>\n\n\n\n<p class=\"wp-block-paragraph\">Ak pl\u00e1nuje\u0161 \u0161ir\u0161ie objavovanie krajiny syrov a v\u00edna, pozri sa na n\u00e1\u0161 <a href=\"https:\/\/loudavymkrokem.cz\/sk\/roadtrip-po-francuzsku-itinerar\/\">Roadtrip po Franc\u00fazsku: itiner\u00e1r na 14 dn\u00ed<\/a>, kde n\u00e1jde\u0161 kopu praktick\u00fdch tipov na dlh\u00e9 presuny. A ak by si sa predsa len rozhodol vyrazi\u0165 na konci roka, nezabudni nahliadnu\u0165 do n\u00e1\u0161ho \u0161peci\u00e1lu <a href=\"https:\/\/loudavymkrokem.cz\/sk\/vianocne-trhy-strasburg\/\">Viano\u010dn\u00e9 trhy \u0160trasburg<\/a>.<\/p>\n\n\n\n<h2 class=\"wp-block-heading\"><span class=\"ez-toc-section\" id=\"Casto_kladene_otazky\"><\/span>\u010casto kladen\u00e9 ot\u00e1zky<span class=\"ez-toc-section-end\"><\/span><\/h2>\n\n\n<div id=\"rank-math-faq\" class=\"rank-math-block\">\n<div class=\"rank-math-list \">\n<div id=\"faq-question-1788283122000\" class=\"rank-math-list-item\">\n<h3 class=\"rank-math-question \"><span class=\"ez-toc-section\" id=\"Kedy_sa_konaju_vianocne_trhy_v_roku_2026\"><\/span>Kedy sa konaj\u00fa viano\u010dn\u00e9 trhy v roku 2026?<span class=\"ez-toc-section-end\"><\/span><\/h3>\n<div class=\"rank-math-answer \">\n\n<p>V roku 2026 prebiehaj\u00fa sl\u00e1vne adventn\u00e9 trhy od piatku 27. novembra do nedele 27. decembra. Rozprestieraj\u00fa sa na jeden\u00e1stich r\u00f4znych miestach po celej historickej \u0161tvrti Grande \u00cele, pricom tie v\u00f4bec najzn\u00e1mej\u0161ie a najv\u00e4\u010d\u0161ie n\u00e1jdete na Place Broglie a na hlavnom n\u00e1mest\u00ed Place Kl\u00e9ber.<\/p>\n\n<\/div>\n<\/div>\n<div id=\"faq-question-1788283122001\" class=\"rank-math-list-item\">\n<h3 class=\"rank-math-question \"><span class=\"ez-toc-section\" id=\"Ako_funguje_system_parkovania_Park_and_Ride\"><\/span>Ako funguje syst\u00e9m parkovania Park and Ride?<span class=\"ez-toc-section-end\"><\/span><\/h3>\n<div class=\"rank-math-answer \">\n\n<p>Je to suver\u00e9nne najchytrej\u0161\u00ed spos\u00f4b, ako sa dosta\u0165 do mesta bez stresu. Zaplat\u00edte jednorazov\u00fd a ve\u013emi priazniv\u00fd poplatok za celodenn\u00e9 st\u00e1tie na z\u00e1chytnom parkovisku pri okraji mesta. Za t\u00fato cenu potom v\u0161etci pasa\u017eieri z v\u00e1\u0161ho auta automaticky dostan\u00fa sp\u00e4tn\u00fa jazdenku na elektri\u010dku priamo do centra. U\u0161etr\u00edte tak kopec pe\u0148az\u00ed za drah\u00e9 podzemn\u00e9 gar\u00e1\u017ee i nervov pri k\u013eu\u010dkovan\u00ed v \u00fazkych jednosmern\u00fdch uli\u010dk\u00e1ch.<\/p>\n\n<\/div>\n<\/div>\n<div id=\"faq-question-1788283122002\" class=\"rank-math-list-item\">\n<h3 class=\"rank-math-question \"><span class=\"ez-toc-section\" id=\"Kolko_dni_si_vyhradit_na_navstevu_mesta\"><\/span>Ko\u013eko dn\u00ed si vyhradi\u0165 na n\u00e1v\u0161tevu mesta?<span class=\"ez-toc-section-end\"><\/span><\/h3>\n<div class=\"rank-math-answer \">\n\n<p>Aby sa v\u00e1m podarilo nasa\u0165 t\u00fa spr\u00e1vnu pokojn\u00fa atmosf\u00e9ru a stihli ste prejs\u0165 v\u0161etky hlavn\u00e9 pamiatky bez zbyto\u010dn\u00e9ho stresu, odpor\u00fa\u010dam vyhradi\u0165 si na mesto dva a\u017e tri cel\u00e9 dni. Ak pl\u00e1nujete nav\u0161t\u00edvi\u0165 aj miestne m\u00faze\u00e1 alebo priestory Eur\u00f3pskeho parlamentu, tri dni bud\u00fa naprosto ide\u00e1lne.<\/p>\n\n<\/div>\n<\/div>\n<div id=\"faq-question-1788283122003\" class=\"rank-math-list-item\">\n<h3 class=\"rank-math-question \"><span class=\"ez-toc-section\" id=\"Su_prehliadky_Europskeho_parlamentu_spoplatnene\"><\/span>S\u00fa prehliadky Eur\u00f3pskeho parlamentu spoplatnen\u00e9?<span class=\"ez-toc-section-end\"><\/span><\/h3>\n<div class=\"rank-math-answer \">\n\n<p>Nie, prehliadky pre verejnos\u0165 i vstup do modern\u00e9ho interakt\u00edvneho centra Parlamentarium Simone Veil s\u00fa pre v\u0161etk\u00fdch n\u00e1v\u0161tevn\u00edkov \u00faplne zadarmo. Je v\u0161ak nutn\u00e9 ma\u0165 so sebou platn\u00fd preukaz toto\u017enosti v podobe ob\u010dianskeho preukazu alebo pasu a po\u010d\u00edta\u0165 so zdr\u017ean\u00edm pri pr\u00edsnych bezpe\u010dnostn\u00fdch kontrol\u00e1ch pri vstupe.<\/p>\n\n<\/div>\n<\/div>\n<div id=\"faq-question-1788283122004\" class=\"rank-math-list-item\">\n<h3 class=\"rank-math-question \"><span class=\"ez-toc-section\" id=\"Ako_sa_najlepsie_pohybovat_po_centre_mesta\"><\/span>Ako sa najlep\u0161ie pohybova\u0165 po centre mesta?<span class=\"ez-toc-section-end\"><\/span><\/h3>\n<div class=\"rank-math-answer \">\n\n<p>Historick\u00e9 jadro na ostrove Grande \u00cele je pomerne kompaktn\u00e9 a \u00faplne najlep\u0161ie ho presk\u00famate po svojich. Pre dlh\u0161ie presuny, napr\u00edklad k Eur\u00f3pskemu parlamentu alebo do vzdialenej\u0161\u00edch parkov, odpor\u00fa\u010dam vyu\u017ei\u0165 skvele funguj\u00faci syst\u00e9m elektri\u010diek, ktor\u00e9 maj\u00fa \u0161es\u0165 liniek pokr\u00fdvaj\u00facich spo\u013eahlivo cel\u00e9 mesto.<\/p>\n\n<\/div>\n<\/div>\n<div id=\"faq-question-1788283122005\" class=\"rank-math-list-item\">\n<h3 class=\"rank-math-question \"><span class=\"ez-toc-section\" id=\"Je_Strasburk_drahe_mesto\"><\/span>Je \u0160trasburk drah\u00e9 mesto?<span class=\"ez-toc-section-end\"><\/span><\/h3>\n<div class=\"rank-math-answer \">\n\n<p>Z\u00e1le\u017e\u00ed \u010disto na tom, v akom term\u00edne vyraz\u00edte. V \u010dase adventn\u00fdch trhov sa ceny ubytovania v centre \u0161plhaj\u00fa do astronomick\u00fdch v\u00fd\u0161in. Ak v\u0161ak pr\u00eddete mimo december, napr\u00edklad v janu\u00e1ri alebo vo febru\u00e1ri, ceny hotelov klesaj\u00fa na zlomok a mesto je cenovo naprosto porovnate\u013en\u00e9 s in\u00fdmi be\u017en\u00fdmi eur\u00f3pskymi destin\u00e1ciami.<\/p>\n\n<\/div>\n<\/div>\n<div id=\"faq-question-1788283122006\" class=\"rank-math-list-item\">\n<h3 class=\"rank-math-question \"><span class=\"ez-toc-section\" id=\"Hodi_sa_mesto_pre_vegetarianov\"><\/span>Hod\u00ed sa mesto pre vegetari\u00e1nov?<span class=\"ez-toc-section-end\"><\/span><\/h3>\n<div class=\"rank-math-answer \">\n\n<p>Rozhodne \u00e1no. Napriek tomu, \u017ee alsask\u00e1 kuchy\u0148a je zn\u00e1ma svojimi m\u00e4sov\u00fdmi pokrmami, vegetari\u00e1ni tu hladom rozhodne trpie\u0165 nebud\u00fa. V ka\u017edej re\u0161taur\u00e1cii naraz\u00edte na v\u00fdborn\u00e9 syrov\u00e9 \u0161pecle, v pek\u00e1r\u0148ach vonia tradi\u010dn\u00fd bretzel a v\u0161ade sa pon\u00faka bezm\u00e4sov\u00e1 varianta chrumkav\u00e9ho kol\u00e1\u010da tarte flamb\u00e9e so syrom a hubami.<\/p>\n\n<\/div>\n<\/div>\n<div id=\"faq-question-1788283122007\" class=\"rank-math-list-item\">\n<h3 class=\"rank-math-question \"><span class=\"ez-toc-section\" id=\"Ktore_miesta_su_najlepsie_pre_fotenie\"><\/span>Ktor\u00e9 miesta s\u00fa najlep\u0161ie pre fotenie?<span class=\"ez-toc-section-end\"><\/span><\/h3>\n<div class=\"rank-math-answer \">\n\n<p>Najzn\u00e1mej\u0161ie poh\u013eadnicov\u00e9 fotografie zaru\u010dene porob\u00edte z vyhliadkovej terasy na historickej priehrade Barrage Vauban, odkia\u013e je kr\u00e1sne vidie\u0165 na kamenn\u00e9 mosty Ponts Couverts a majest\u00e1tnu ve\u017eu katedr\u00e1ly. \u010eal\u0161ie ve\u013emi fotogenick\u00e9 miesta sa nach\u00e1dzaj\u00fa pozd\u013a\u017e vodn\u00fdch kan\u00e1lov v historickej \u0161tvrti Petite France.<\/p>\n\n<\/div>\n<\/div>\n<\/div>\n<\/div>","protected":false},"excerpt":{"rendered":"<p>Spoznaj \u0160trasburg vo Franc\u00fazsku bez davov turistov. Porad\u00edm ti, kedy vyrazi\u0165, kde n\u00e1jde\u0161 najlep\u0161ie v\u00fdh\u013eady zadarmo aj ako si u\u017ei\u0165 toto \u010darovn\u00e9 alsask\u00e9 mesto pln\u00fdmi d\u00fa\u0161kami.<\/p>\n","protected":false},"author":3,"featured_media":413378,"comment_status":"open","ping_status":"open","sticky":false,"template":"","format":"standard","meta":{"_acf_changed":false,"footnotes":"","rank_math_title":"\u0160trasburg, Franc\u00fazsko: 18 tipov, \u010do vidie\u0165","rank_math_description":"Objav \u0160trasburg vo Franc\u00fazsku: 18 tipov, \u010do vidie\u0165 a robi\u0165, kedy vyrazi\u0165 a kde n\u00e1jde\u0161 najkraj\u0161ie v\u00fdh\u013eady zadarmo. Napl\u00e1nuj si dokonal\u00fd v\u00edkend v Alsasku!","rank_math_focus_keyword":"\u0161trasburg franc\u00fazsko","rank_math_seo_score":""},"categories":[952,955,256],"tags":[],"class_list":["post-417796","post","type-post","status-publish","format-standard","has-post-thumbnail","category-cestovanie","category-europa","category-francuzsko"],"acf":[],"featured_image_src":"https:\/\/loudavymkrokem.cz\/wp-content\/uploads\/2026\/09\/strasburska-katedrala-7353a339.jpg","author_info":{"display_name":"Lucie Kone\u010dn\u00e1","author_link":"https:\/\/loudavymkrokem.cz\/sk\/author\/lucie-konecna\/"},"_links":{"self":[{"href":"https:\/\/loudavymkrokem.cz\/sk\/wp-json\/wp\/v2\/posts\/417796","targetHints":{"allow":["GET"]}}],"collection":[{"href":"https:\/\/loudavymkrokem.cz\/sk\/wp-json\/wp\/v2\/posts"}],"about":[{"href":"https:\/\/loudavymkrokem.cz\/sk\/wp-json\/wp\/v2\/types\/post"}],"author":[{"embeddable":true,"href":"https:\/\/loudavymkrokem.cz\/sk\/wp-json\/wp\/v2\/users\/3"}],"replies":[{"embeddable":true,"href":"https:\/\/loudavymkrokem.cz\/sk\/wp-json\/wp\/v2\/comments?post=417796"}],"version-history":[{"count":2,"href":"https:\/\/loudavymkrokem.cz\/sk\/wp-json\/wp\/v2\/posts\/417796\/revisions"}],"predecessor-version":[{"id":417798,"href":"https:\/\/loudavymkrokem.cz\/sk\/wp-json\/wp\/v2\/posts\/417796\/revisions\/417798"}],"wp:featuredmedia":[{"embeddable":true,"href":"https:\/\/loudavymkrokem.cz\/sk\/wp-json\/wp\/v2\/media\/413378"}],"wp:attachment":[{"href":"https:\/\/loudavymkrokem.cz\/sk\/wp-json\/wp\/v2\/media?parent=417796"}],"wp:term":[{"taxonomy":"category","embeddable":true,"href":"https:\/\/loudavymkrokem.cz\/sk\/wp-json\/wp\/v2\/categories?post=417796"},{"taxonomy":"post_tag","embeddable":true,"href":"https:\/\/loudavymkrokem.cz\/sk\/wp-json\/wp\/v2\/tags?post=417796"}],"curies":[{"name":"wp","href":"https:\/\/api.w.org\/{rel}","templated":true}]}}