{"id":409096,"date":"2026-08-26T17:25:43","date_gmt":"2026-08-26T15:25:43","guid":{"rendered":"https:\/\/loudavymkrokem.cz\/kypr-dovolena-tipy\/"},"modified":"2026-09-01T08:57:40","modified_gmt":"2026-09-01T06:57:40","slug":"kypr-dovolena-tipy","status":"publish","type":"post","link":"https:\/\/loudavymkrokem.cz\/sk\/kypr-dovolena-tipy\/","title":{"rendered":"Dovolenka na Cypre: 24 tipov, \u010do vidie\u0165 a kam k moru v roku 2026"},"content":{"rendered":"\n<!-- lk-tldr -->\n<div class=\"lk-tldr\" style=\"background:#f7f5f0;border-left:4px solid #c39f76;border-radius:0 10px 10px 0;padding:14px 18px;margin:0 0 26px;font-size:15px;line-height:1.65;\"><strong style=\"display:block;font-size:12px;text-transform:uppercase;letter-spacing:.06em;color:#a9885a;margin-bottom:5px;\">TL;DR<\/strong>Cyprus m\u00e1 <strong>najdlh\u0161iu k\u00fapaciu sez\u00f3nu v Eur\u00f3pe<\/strong>: v j\u00fani m\u00e1 more v Ayia Nape 25,7 \u00b0C a e\u0161te v novembri 24,5 \u00b0C. V j\u00fali a auguste je cez 32 \u00b0C a pr\u0161\u00ed 0,1 d\u0148a v mesiaci. <strong>Paphos<\/strong> je antika a UNESCO, <strong>Ayia Napa<\/strong> pl\u00e1\u017ee a p\u00e1rty, <strong>Protaras<\/strong> rodinn\u00fd pokoj a <strong>hory Troodos<\/strong> s\u00fa o 8 a\u017e 10 stup\u0148ov chladnej\u0161ie, v zime sa tam ly\u017euje. \u26a0\ufe0f Ostrov je rozdelen\u00fd, na sever sa d\u00e1 prejs\u0165 cez ofici\u00e1lne priechody, ale <strong>potrebuje\u0161 pas<\/strong> a s po\u017ei\u010dan\u00fdm autom len so s\u00fahlasom po\u017ei\u010dovne a dok\u00fapen\u00fdm poisten\u00edm. Jazd\u00ed sa v\u013eavo, plat\u00ed sa eurom a halloumi poch\u00e1dza pr\u00e1ve odtia\u013eto.<\/div>\n<!-- \/lk-tldr -->\n\n\n\n<!-- lk-navbar -->\n<div class=\"lk-navbar\" style=\"margin:0 0 28px;\"><div style=\"font-size:12px;text-transform:uppercase;letter-spacing:.06em;color:#a9885a;font-weight:700;margin-bottom:9px;\">R\u00fdchle odkazy<\/div><div style=\"display:flex;flex-wrap:wrap;gap:9px;\"><a href=\"#Kdy_jet_na_Kypr_pocasi_mesic_po_mesici\" style=\"background:#c39f76;color:#fff;border:1px solid #c39f76;font-weight:700;padding:9px 15px;border-radius:22px;font-size:14px;text-decoration:none;display:inline-block;line-height:1;\">\ud83c\udf21\ufe0f Kedy \u00eds\u0165<\/a><a href=\"#Co_videt_na_Kypru_24_tipu_od_antickych_mozaik_po_hory\" style=\"background:#fff;color:#6b5a44;border:1px solid #e2d6c1;font-weight:600;padding:9px 15px;border-radius:22px;font-size:14px;text-decoration:none;display:inline-block;line-height:1;\">\ud83d\udccd 24 tipov<\/a><a href=\"#Kde_se_ubytovat_na_Kypru_ktera_oblast_sedne_komu\" style=\"background:#fff;color:#6b5a44;border:1px solid #e2d6c1;font-weight:600;padding:9px 15px;border-radius:22px;font-size:14px;text-decoration:none;display:inline-block;line-height:1;\">\ud83c\udfe8 Kde b\u00fdva\u0165<\/a><a href=\"#Co_jist_na_Kypru_raj_pro_vegetariany\" style=\"background:#fff;color:#6b5a44;border:1px solid #e2d6c1;font-weight:600;padding:9px 15px;border-radius:22px;font-size:14px;text-decoration:none;display:inline-block;line-height:1;\">\ud83c\udf7d\ufe0f \u010co jes\u0165<\/a><a href=\"#Doprava_po_Kypru_auto_autobusy_a_prechod_na_sever\" style=\"background:#fff;color:#6b5a44;border:1px solid #e2d6c1;font-weight:600;padding:9px 15px;border-radius:22px;font-size:14px;text-decoration:none;display:inline-block;line-height:1;\">\ud83d\ude97 Doprava<\/a><a href=\"#Kolik_stoji_dovolena_na_Kypru\" style=\"background:#fff;color:#6b5a44;border:1px solid #e2d6c1;font-weight:600;padding:9px 15px;border-radius:22px;font-size:14px;text-decoration:none;display:inline-block;line-height:1;\">\ud83d\udcb0 Ceny<\/a><a href=\"#Casto_kladene_otazky\" style=\"background:#fff;color:#6b5a44;border:1px solid #e2d6c1;font-weight:600;padding:9px 15px;border-radius:22px;font-size:14px;text-decoration:none;display:inline-block;line-height:1;\">\u2753 FAQ<\/a><\/div><\/div>\n<!-- \/lk-navbar -->\n\n\n\n<p class=\"wp-block-paragraph\">Vie\u0161, \u017ee tento stredomorsk\u00fd ostrov m\u00e1 \u00faplne <strong>najdlh\u0161iu k\u00fapaciu sez\u00f3nu v celej Eur\u00f3pe<\/strong>, tak\u017ee sa tu do v\u013an ponor\u00ed\u0161 u\u017e v m\u00e1ji a e\u0161te v novembri m\u00e1 more st\u00e1le neuverite\u013en\u00fdch 23 \u00b0C? Presne tento letn\u00fd raj je ale z\u00e1rove\u0148 miestom hlbok\u00fdch kontrastov, preto\u017ee ceze\u0148 dodnes vedie ostnat\u00fd dr\u00f4t a ukr\u00fdva v s\u00fa\u010dasnosti <strong>posledn\u00e9 rozdelen\u00e9 hlavn\u00e9 mesto v Eur\u00f3pe<\/strong>. Slnenie na pl\u00e1\u017ei sa tu tak \u00faplne prirodzene mie\u0161a s objavovan\u00edm zlo\u017eitej ned\u00e1vnej hist\u00f3rie, \u010do z destin\u00e1cie rob\u00ed fascinuj\u00faci cie\u013e pre ka\u017ed\u00e9ho zvedav\u00e9ho cestovate\u013ea.<\/p>\n\n\n\n<p class=\"wp-block-paragraph\">Ak \u0165a pr\u00e1ve teraz l\u00e1ka <strong>dovolenka na Cypre<\/strong>, rozhodne nebude\u0161 \u013eutova\u0165, preto\u017ee t\u00e1to lokalita spo\u013eahlivo uspokoj\u00ed milovn\u00edkov pamiatok, horsk\u00fdch trekov aj nekone\u010dn\u00e9ho le\u0148o\u0161enia na pl\u00e1\u017ei. Pri pl\u00e1novan\u00ed itiner\u00e1ra a h\u013eadan\u00ed inform\u00e1ci\u00ed, <strong>\u010do vidie\u0165 na Cypre<\/strong>, mo\u017eno bude\u0161 trochu zasko\u010den\u00fd ve\u013ekos\u0165ou ostrova, ke\u010f\u017ee prejs\u0165 z jedn\u00e9ho konca na druh\u00fd zaberie k\u013eudne aj nieko\u013eko hod\u00edn. Cestovatelia sa \u010dasto p\u00fdtaj\u00fa, ako to vlastne funguje s tou hranicou medzi severom a juhom, a pr\u00e1ve preto som sa rozhodla da\u0165 dokopy kompletn\u00e9ho sprievodcu, ktor\u00fd ti odpovie na v\u0161etky praktick\u00e9 ot\u00e1zky.<\/p>\n\n\n\n<p class=\"wp-block-paragraph\">V tomto \u010dl\u00e1nku na teba \u010dak\u00e1 hne\u010f <strong>24 konkr\u00e9tnych tipov<\/strong>, kam sa vyda\u0165 a \u010do rozhodne nesmie\u0161 vynecha\u0165. Pripravila som pre teba <strong>podrobn\u00e9 tabu\u013eky po\u010dasia mesiac po mesiaci<\/strong>, ktor\u00e9 vych\u00e1dzaj\u00fa zo skuto\u010dn\u00fdch desa\u0165ro\u010dn\u00fdch d\u00e1t, a pozrieme sa detailne na juh aj sever ostrova. Zist\u00ed\u0161 tie\u017e, kde sa najlep\u0161ie ubytova\u0165, \u017ee z Bratislavy sa na Cyprus dostane\u0161 s prestupom (napr\u00edklad s Austrian Airlines cez Viede\u0148), pr\u00edpadne priamymi letmi Wizz Air \u010di Ryanair na Larnaku a Paphos zo susednej Viedne s dobou letu zhruba 3 hodiny 20 min\u00fat, a ako funguje miestna doprava. Cypersk\u00e1 republika je plnohodnotn\u00fdm \u010dlenom E\u00da a plat\u00ed sa v nej eurom, tak\u017ee z\u00edska\u0161 jasn\u00fa predstavu, s ak\u00fdmi cenami mus\u00ed\u0161 po\u010d\u00edta\u0165 a kde n\u00e1jde\u0161 to najlep\u0161ie jedlo pre vegetari\u00e1nov. \u263a\ufe0f<\/p>\n\n\n\n<figure data-wp-context=\"{&quot;imageId&quot;:&quot;6a9944f305ba3&quot;}\" data-wp-interactive=\"core\/image\" data-wp-key=\"6a9944f305ba3\" class=\"wp-block-image size-full wp-lightbox-container\"><img decoding=\"async\" width=\"1500\" height=\"1124\" data-wp-class--hide=\"state.isContentHidden\" data-wp-class--show=\"state.isContentVisible\" data-wp-init=\"callbacks.setButtonStyles\" data-wp-on--click=\"actions.showLightbox\" data-wp-on--load=\"callbacks.setButtonStyles\" data-wp-on--pointerdown=\"actions.preloadImage\" data-wp-on--pointerenter=\"actions.preloadImageWithDelay\" data-wp-on--pointerleave=\"actions.cancelPreload\" data-wp-on-window--resize=\"callbacks.setButtonStyles\" src=\"https:\/\/loudavymkrokem.cz\/wp-content\/uploads\/2026\/08\/dovolena-kypr-uvod.jpg\" alt=\"Tyrkysov\u00e9 more pri Ayia Nape\" class=\"wp-image-399836\" title=\"\" srcset=\"https:\/\/loudavymkrokem.cz\/wp-content\/uploads\/2026\/08\/dovolena-kypr-uvod.jpg 1500w, https:\/\/loudavymkrokem.cz\/wp-content\/uploads\/2026\/08\/dovolena-kypr-uvod-300x225.jpg 300w, https:\/\/loudavymkrokem.cz\/wp-content\/uploads\/2026\/08\/dovolena-kypr-uvod-700x525.jpg 700w, https:\/\/loudavymkrokem.cz\/wp-content\/uploads\/2026\/08\/dovolena-kypr-uvod-768x575.jpg 768w, https:\/\/loudavymkrokem.cz\/wp-content\/uploads\/2026\/08\/dovolena-kypr-uvod-80x60.jpg 80w, https:\/\/loudavymkrokem.cz\/wp-content\/uploads\/2026\/08\/dovolena-kypr-uvod-160x120.jpg 160w, https:\/\/loudavymkrokem.cz\/wp-content\/uploads\/2026\/08\/dovolena-kypr-uvod-696x522.jpg 696w, https:\/\/loudavymkrokem.cz\/wp-content\/uploads\/2026\/08\/dovolena-kypr-uvod-1392x1043.jpg 1392w\" sizes=\"(max-width: 1500px) 100vw, 1500px\" \/><button\n\t\t\tclass=\"lightbox-trigger\"\n\t\t\ttype=\"button\"\n\t\t\taria-haspopup=\"dialog\"\n\t\t\tdata-wp-bind--aria-label=\"state.thisImage.triggerButtonAriaLabel\"\n\t\t\tdata-wp-init=\"callbacks.initTriggerButton\"\n\t\t\tdata-wp-on--click=\"actions.showLightbox\"\n\t\t\tdata-wp-style--right=\"state.thisImage.buttonRight\"\n\t\t\tdata-wp-style--top=\"state.thisImage.buttonTop\"\n\t\t>\n\t\t\t<svg xmlns=\"http:\/\/www.w3.org\/2000\/svg\" width=\"12\" height=\"12\" fill=\"none\" viewBox=\"0 0 12 12\">\n\t\t\t\t<path fill=\"#fff\" d=\"M2 0a2 2 0 0 0-2 2v2h1.5V2a.5.5 0 0 1 .5-.5h2V0H2Zm2 10.5H2a.5.5 0 0 1-.5-.5V8H0v2a2 2 0 0 0 2 2h2v-1.5ZM8 12v-1.5h2a.5.5 0 0 0 .5-.5V8H12v2a2 2 0 0 1-2 2H8Zm2-12a2 2 0 0 1 2 2v2h-1.5V2a.5.5 0 0 0-.5-.5H8V0h2Z\" \/>\n\t\t\t<\/svg>\n\t\t<\/button><figcaption class=\"wp-element-caption\">Tyrkysov\u00e9 more pri Ayia Nape (Foto: Gerda Arendt \/ Wikimedia Commons, CC0)<\/figcaption><\/figure>\n\n\n\n<div id=\"ez-toc-container\" class=\"ez-toc-v2_0_87 ez-toc-wrap-left counter-hierarchy ez-toc-counter ez-toc-grey ez-toc-container-direction\">\n<div class=\"ez-toc-title-container\">\n<p class=\"ez-toc-title\" style=\"cursor:inherit\">Obsah \u010dl\u00e1nku<\/p>\n<span class=\"ez-toc-title-toggle\"><a href=\"#\" class=\"ez-toc-pull-right ez-toc-btn ez-toc-btn-xs ez-toc-btn-default ez-toc-toggle\" aria-label=\"Toggle Table of Content\"><span class=\"ez-toc-js-icon-con\"><span class=\"\"><span class=\"eztoc-hide\" style=\"display:none;\">Toggle<\/span><span class=\"ez-toc-icon-toggle-span\"><svg style=\"fill: #999;color:#999\" xmlns=\"http:\/\/www.w3.org\/2000\/svg\" class=\"list-377408\" width=\"20px\" height=\"20px\" viewBox=\"0 0 24 24\" fill=\"none\"><path d=\"M6 6H4v2h2V6zm14 0H8v2h12V6zM4 11h2v2H4v-2zm16 0H8v2h12v-2zM4 16h2v2H4v-2zm16 0H8v2h12v-2z\" fill=\"currentColor\"><\/path><\/svg><svg style=\"fill: #999;color:#999\" class=\"arrow-unsorted-368013\" xmlns=\"http:\/\/www.w3.org\/2000\/svg\" width=\"10px\" height=\"10px\" viewBox=\"0 0 24 24\" version=\"1.2\" baseProfile=\"tiny\"><path d=\"M18.2 9.3l-6.2-6.3-6.2 6.3c-.2.2-.3.4-.3.7s.1.5.3.7c.2.2.4.3.7.3h11c.3 0 .5-.1.7-.3.2-.2.3-.5.3-.7s-.1-.5-.3-.7zM5.8 14.7l6.2 6.3 6.2-6.3c.2-.2.3-.5.3-.7s-.1-.5-.3-.7c-.2-.2-.4-.3-.7-.3h-11c-.3 0-.5.1-.7.3-.2.2-.3.5-.3.7s.1.5.3.7z\"\/><\/svg><\/span><\/span><\/span><\/a><\/span><\/div>\n<nav><ul class='ez-toc-list ez-toc-list-level-1 ' ><li class='ez-toc-page-1 ez-toc-heading-level-2'><a class=\"ez-toc-link ez-toc-heading-1\" href=\"https:\/\/loudavymkrokem.cz\/sk\/kypr-dovolena-tipy\/#Zhrnutie_ak_nestihas_citat_cely_clanok\" >Zhrnutie, ak nest\u00edha\u0161 \u010d\u00edta\u0165 cel\u00fd \u010dl\u00e1nok<\/a><\/li><li class='ez-toc-page-1 ez-toc-heading-level-2'><a class=\"ez-toc-link ez-toc-heading-2\" href=\"https:\/\/loudavymkrokem.cz\/sk\/kypr-dovolena-tipy\/#Preco_ist_na_Cyprus_a_pre_koho_sa_nehodi\" >Pre\u010do \u00eds\u0165 na Cyprus (a pre koho sa nehod\u00ed)<\/a><ul class='ez-toc-list-level-3' ><li class='ez-toc-heading-level-3'><a class=\"ez-toc-link ez-toc-heading-3\" href=\"https:\/\/loudavymkrokem.cz\/sk\/kypr-dovolena-tipy\/#6_dovodov_preco_Cyprus_stoji_za_cestu\" >6 d\u00f4vodov, pre\u010do Cyprus stoj\u00ed za cestu<\/a><\/li><li class='ez-toc-page-1 ez-toc-heading-level-3'><a class=\"ez-toc-link ez-toc-heading-4\" href=\"https:\/\/loudavymkrokem.cz\/sk\/kypr-dovolena-tipy\/#Komu_Cyprus_nesadne\" >Komu Cyprus nesadne<\/a><\/li><\/ul><\/li><li class='ez-toc-page-1 ez-toc-heading-level-2'><a class=\"ez-toc-link ez-toc-heading-5\" href=\"https:\/\/loudavymkrokem.cz\/sk\/kypr-dovolena-tipy\/#Kedy_ist_na_Cyprus_pocasie_mesiac_po_mesiaci\" >Kedy \u00eds\u0165 na Cyprus: po\u010dasie mesiac po mesiaci<\/a><ul class='ez-toc-list-level-3' ><li class='ez-toc-heading-level-3'><a class=\"ez-toc-link ez-toc-heading-6\" href=\"https:\/\/loudavymkrokem.cz\/sk\/kypr-dovolena-tipy\/#Paphos_zapad_ostrova_je_o_nieco_miernejsi\" >Paphos: z\u00e1pad ostrova je o nie\u010do miernej\u0161\u00ed<\/a><\/li><li class='ez-toc-page-1 ez-toc-heading-level-3'><a class=\"ez-toc-link ez-toc-heading-7\" href=\"https:\/\/loudavymkrokem.cz\/sk\/kypr-dovolena-tipy\/#Hory_Troodos_uplne_iny_ostrov\" >Hory Troodos: \u00faplne in\u00fd ostrov<\/a><\/li><li class='ez-toc-page-1 ez-toc-heading-level-3'><a class=\"ez-toc-link ez-toc-heading-8\" href=\"https:\/\/loudavymkrokem.cz\/sk\/kypr-dovolena-tipy\/#Najlepsie_mesiace_podla_typu_dovolenky\" >Najlep\u0161ie mesiace pod\u013ea typu dovolenky<\/a><\/li><\/ul><\/li><li class='ez-toc-page-1 ez-toc-heading-level-2'><a class=\"ez-toc-link ez-toc-heading-9\" href=\"https:\/\/loudavymkrokem.cz\/sk\/kypr-dovolena-tipy\/#Co_vidiet_na_Cypre_24_tipov_od_antickych_mozaik_po_hory\" >\u010co vidie\u0165 na Cypre: 24 tipov od antick\u00fdch moza\u00edk po hory<\/a><ul class='ez-toc-list-level-3' ><li class='ez-toc-heading-level-3'><a class=\"ez-toc-link ez-toc-heading-10\" href=\"https:\/\/loudavymkrokem.cz\/sk\/kypr-dovolena-tipy\/#1_Archeologicky_park_v_Paphose_mozaiky_kvoli_ktorym_sem_ludia_chodia\" >1. Archeologick\u00fd park v Paphose: mozaiky, kv\u00f4li ktor\u00fdm sem \u013eudia chodia<\/a><\/li><li class='ez-toc-page-1 ez-toc-heading-level-3'><a class=\"ez-toc-link ez-toc-heading-11\" href=\"https:\/\/loudavymkrokem.cz\/sk\/kypr-dovolena-tipy\/#2_Kralovske_hrobky_Tombs_of_the_Kings\" >2. Kr\u00e1\u013eovsk\u00e9 hrobky (Tombs of the Kings)<\/a><\/li><li class='ez-toc-page-1 ez-toc-heading-level-3'><a class=\"ez-toc-link ez-toc-heading-12\" href=\"https:\/\/loudavymkrokem.cz\/sk\/kypr-dovolena-tipy\/#3_Petra_tou_Romiou_Afroditina_skala_na_Cypre\" >3. Petra tou Romiou: Afroditina sk\u00e1la na Cypre<\/a><\/li><li class='ez-toc-page-1 ez-toc-heading-level-3'><a class=\"ez-toc-link ez-toc-heading-13\" href=\"https:\/\/loudavymkrokem.cz\/sk\/kypr-dovolena-tipy\/#4_Polostrov_Akamas_a_Modra_laguna\" >4. Polostrov Akamas a Modr\u00e1 lag\u00fana<\/a><\/li><li class='ez-toc-page-1 ez-toc-heading-level-3'><a class=\"ez-toc-link ez-toc-heading-14\" href=\"https:\/\/loudavymkrokem.cz\/sk\/kypr-dovolena-tipy\/#5_Roklina_Avakas\" >5. Roklina Avakas<\/a><\/li><li class='ez-toc-page-1 ez-toc-heading-level-3'><a class=\"ez-toc-link ez-toc-heading-15\" href=\"https:\/\/loudavymkrokem.cz\/sk\/kypr-dovolena-tipy\/#6_Lara_Bay_a_morske_korytnacky\" >6. Lara Bay a morsk\u00e9 korytna\u010dky<\/a><\/li><li class='ez-toc-page-1 ez-toc-heading-level-3'><a class=\"ez-toc-link ez-toc-heading-16\" href=\"https:\/\/loudavymkrokem.cz\/sk\/kypr-dovolena-tipy\/#7_Morske_jaskyne_pri_Peyii_a_Coral_Bay\" >7. Morsk\u00e9 jaskyne pri Peyii a Coral Bay<\/a><\/li><li class='ez-toc-page-1 ez-toc-heading-level-3'><a class=\"ez-toc-link ez-toc-heading-17\" href=\"https:\/\/loudavymkrokem.cz\/sk\/kypr-dovolena-tipy\/#8_Limassol_nabrezie_hrad_a_najzivsie_mesto_juhu\" >8. Limassol: n\u00e1bre\u017eie, hrad a naj\u017eiv\u0161ie mesto juhu<\/a><\/li><li class='ez-toc-page-1 ez-toc-heading-level-3'><a class=\"ez-toc-link ez-toc-heading-18\" href=\"https:\/\/loudavymkrokem.cz\/sk\/kypr-dovolena-tipy\/#9_Kourion_anticke_divadlo_nad_morom\" >9. Kourion: antick\u00e9 divadlo nad morom<\/a><\/li><li class='ez-toc-page-1 ez-toc-heading-level-3'><a class=\"ez-toc-link ez-toc-heading-19\" href=\"https:\/\/loudavymkrokem.cz\/sk\/kypr-dovolena-tipy\/#10_Hrad_Kolossi\" >10. Hrad Kolossi<\/a><\/li><li class='ez-toc-page-1 ez-toc-heading-level-3'><a class=\"ez-toc-link ez-toc-heading-20\" href=\"https:\/\/loudavymkrokem.cz\/sk\/kypr-dovolena-tipy\/#11_Mys_Cape_Greco_a_Kamara_tou_Koraka\" >11. Mys Cape Greco a Kamara tou Koraka<\/a><\/li><li class='ez-toc-page-1 ez-toc-heading-level-3'><a class=\"ez-toc-link ez-toc-heading-21\" href=\"https:\/\/loudavymkrokem.cz\/sk\/kypr-dovolena-tipy\/#12_Larnaka_Slane_jazero_a_plameniaky\" >12. Larnaka: Slan\u00e9 jazero a plameniaky<\/a><\/li><li class='ez-toc-page-1 ez-toc-heading-level-3'><a class=\"ez-toc-link ez-toc-heading-22\" href=\"https:\/\/loudavymkrokem.cz\/sk\/kypr-dovolena-tipy\/#13_Nissi_Beach_najslavnejsia_plaz_Cypru\" >13. Nissi Beach: najsl\u00e1vnej\u0161ia pl\u00e1\u017e Cypru<\/a><\/li><li class='ez-toc-page-1 ez-toc-heading-level-3'><a class=\"ez-toc-link ez-toc-heading-23\" href=\"https:\/\/loudavymkrokem.cz\/sk\/kypr-dovolena-tipy\/#14_Ayia_Napa_party_ale_aj_klastor_a_morske_jaskyne\" >14. Ayia Napa: p\u00e1rty, ale aj kl\u00e1\u0161tor a morsk\u00e9 jaskyne<\/a><\/li><li class='ez-toc-page-1 ez-toc-heading-level-3'><a class=\"ez-toc-link ez-toc-heading-24\" href=\"https:\/\/loudavymkrokem.cz\/sk\/kypr-dovolena-tipy\/#15_Protaras_a_Fig_Tree_Bay\" >15. Protaras a Fig Tree Bay<\/a><\/li><li class='ez-toc-page-1 ez-toc-heading-level-3'><a class=\"ez-toc-link ez-toc-heading-25\" href=\"https:\/\/loudavymkrokem.cz\/sk\/kypr-dovolena-tipy\/#16_Ayia_Napa_Sculpture_Park_a_chodniky_Cape_Greco\" >16. Ayia Napa Sculpture Park a chodn\u00edky Cape Greco<\/a><\/li><li class='ez-toc-page-1 ez-toc-heading-level-3'><a class=\"ez-toc-link ez-toc-heading-26\" href=\"https:\/\/loudavymkrokem.cz\/sk\/kypr-dovolena-tipy\/#17_Vodny_park_WaterWorld_v_Ayia_Nape\" >17. Vodn\u00fd park WaterWorld v Ayia Nape<\/a><\/li><li class='ez-toc-page-1 ez-toc-heading-level-3'><a class=\"ez-toc-link ez-toc-heading-27\" href=\"https:\/\/loudavymkrokem.cz\/sk\/kypr-dovolena-tipy\/#18_Dedinky_Troodosu_Omodos_Lefkara_a_Kakopetria\" >18. Dedinky Troodosu: Omodos, Lefkara a Kakopetria<\/a><\/li><li class='ez-toc-page-1 ez-toc-heading-level-3'><a class=\"ez-toc-link ez-toc-heading-28\" href=\"https:\/\/loudavymkrokem.cz\/sk\/kypr-dovolena-tipy\/#19_Byzantske_kostoly_na_zozname_UNESCO\" >19. Byzantsk\u00e9 kostoly na zozname UNESCO<\/a><\/li><li class='ez-toc-page-1 ez-toc-heading-level-3'><a class=\"ez-toc-link ez-toc-heading-29\" href=\"https:\/\/loudavymkrokem.cz\/sk\/kypr-dovolena-tipy\/#20_Vodopady_Kalidonia_a_Mount_Olympus\" >20. Vodop\u00e1dy Kalidonia a Mount Olympus<\/a><\/li><li class='ez-toc-page-1 ez-toc-heading-level-3'><a class=\"ez-toc-link ez-toc-heading-30\" href=\"https:\/\/loudavymkrokem.cz\/sk\/kypr-dovolena-tipy\/#21_Cyperske_vinarstva_a_vinne_trasy\" >21. Cypersk\u00e9 vin\u00e1rstva a v\u00ednne trasy<\/a><\/li><li class='ez-toc-page-1 ez-toc-heading-level-3'><a class=\"ez-toc-link ez-toc-heading-31\" href=\"https:\/\/loudavymkrokem.cz\/sk\/kypr-dovolena-tipy\/#22_Nikozia_posledne_rozdelene_hlavne_mesto_Europy\" >22. Nik\u00f3zia: posledn\u00e9 rozdelen\u00e9 hlavn\u00e9 mesto Eur\u00f3py<\/a><\/li><li class='ez-toc-page-1 ez-toc-heading-level-3'><a class=\"ez-toc-link ez-toc-heading-32\" href=\"https:\/\/loudavymkrokem.cz\/sk\/kypr-dovolena-tipy\/#23_Kyrenia_Girne_a_hrad_nad_pristavom\" >23. Kyrenia (Girne) a hrad nad pr\u00edstavom<\/a><\/li><li class='ez-toc-page-1 ez-toc-heading-level-3'><a class=\"ez-toc-link ez-toc-heading-33\" href=\"https:\/\/loudavymkrokem.cz\/sk\/kypr-dovolena-tipy\/#24_Famagusta_a_duchmi_opustena_Varosha\" >24. Famagusta a duchmi opusten\u00e1 Varosha<\/a><\/li><\/ul><\/li><li class='ez-toc-page-1 ez-toc-heading-level-2'><a class=\"ez-toc-link ez-toc-heading-34\" href=\"https:\/\/loudavymkrokem.cz\/sk\/kypr-dovolena-tipy\/#Kde_sa_ubytovat_na_Cypre_ktora_oblast_sadne_komu\" >Kde sa ubytova\u0165 na Cypre: ktor\u00e1 oblas\u0165 sadne komu<\/a><ul class='ez-toc-list-level-3' ><li class='ez-toc-heading-level-3'><a class=\"ez-toc-link ez-toc-heading-35\" href=\"https:\/\/loudavymkrokem.cz\/sk\/kypr-dovolena-tipy\/#Prehlad_oblasti\" >Preh\u013ead oblast\u00ed<\/a><\/li><li class='ez-toc-page-1 ez-toc-heading-level-3'><a class=\"ez-toc-link ez-toc-heading-36\" href=\"https:\/\/loudavymkrokem.cz\/sk\/kypr-dovolena-tipy\/#Konkretne_tipy_na_ubytovanie\" >Konkr\u00e9tne tipy na ubytovanie<\/a><\/li><\/ul><\/li><li class='ez-toc-page-1 ez-toc-heading-level-2'><a class=\"ez-toc-link ez-toc-heading-37\" href=\"https:\/\/loudavymkrokem.cz\/sk\/kypr-dovolena-tipy\/#Co_jest_na_Cypre_raj_pre_vegetarianov\" >\u010co jes\u0165 na Cypre: raj pre vegetari\u00e1nov<\/a><\/li><li class='ez-toc-page-1 ez-toc-heading-level-2'><a class=\"ez-toc-link ez-toc-heading-38\" href=\"https:\/\/loudavymkrokem.cz\/sk\/kypr-dovolena-tipy\/#Doprava_po_Cypre_auto_autobusy_a_priechod_na_sever\" >Doprava po Cypre: auto, autobusy a priechod na sever<\/a><ul class='ez-toc-list-level-3' ><li class='ez-toc-heading-level-3'><a class=\"ez-toc-link ez-toc-heading-39\" href=\"https:\/\/loudavymkrokem.cz\/sk\/kypr-dovolena-tipy\/#Jazdi_sa_vlavo\" >Jazd\u00ed sa v\u013eavo<\/a><\/li><li class='ez-toc-page-1 ez-toc-heading-level-3'><a class=\"ez-toc-link ez-toc-heading-40\" href=\"https:\/\/loudavymkrokem.cz\/sk\/kypr-dovolena-tipy\/#Autobusy_verzus_pozicane_auto\" >Autobusy verzus po\u017ei\u010dan\u00e9 auto<\/a><\/li><li class='ez-toc-page-1 ez-toc-heading-level-3'><a class=\"ez-toc-link ez-toc-heading-41\" href=\"https:\/\/loudavymkrokem.cz\/sk\/kypr-dovolena-tipy\/#Ako_prejst_Zelenu_liniu_na_sever\" >Ako prejs\u0165 Zelen\u00fa l\u00edniu na sever<\/a><\/li><\/ul><\/li><li class='ez-toc-page-1 ez-toc-heading-level-2'><a class=\"ez-toc-link ez-toc-heading-42\" href=\"https:\/\/loudavymkrokem.cz\/sk\/kypr-dovolena-tipy\/#Kolko_stoji_dovolenka_na_Cypre\" >Ko\u013eko stoj\u00ed dovolenka na Cypre<\/a><\/li><li class='ez-toc-page-1 ez-toc-heading-level-2'><a class=\"ez-toc-link ez-toc-heading-43\" href=\"https:\/\/loudavymkrokem.cz\/sk\/kypr-dovolena-tipy\/#Na_co_si_dat_na_Cypre_pozor\" >Na \u010do si da\u0165 na Cypre pozor<\/a><\/li><li class='ez-toc-page-1 ez-toc-heading-level-2'><a class=\"ez-toc-link ez-toc-heading-44\" href=\"https:\/\/loudavymkrokem.cz\/sk\/kypr-dovolena-tipy\/#Cyprus_s_detmi\" >Cyprus s de\u0165mi<\/a><\/li><li class='ez-toc-page-1 ez-toc-heading-level-2'><a class=\"ez-toc-link ez-toc-heading-45\" href=\"https:\/\/loudavymkrokem.cz\/sk\/kypr-dovolena-tipy\/#Kam_dalej_dalsie_tipy_na_dovolenku_pri_mori\" >Kam \u010falej: \u010fal\u0161ie tipy na dovolenku pri mori<\/a><\/li><li class='ez-toc-page-1 ez-toc-heading-level-2'><a class=\"ez-toc-link ez-toc-heading-46\" href=\"https:\/\/loudavymkrokem.cz\/sk\/kypr-dovolena-tipy\/#Casto_kladene_otazky\" >\u010casto kladen\u00e9 ot\u00e1zky<\/a><ul class='ez-toc-list-level-3' ><li class='ez-toc-heading-level-3'><a class=\"ez-toc-link ez-toc-heading-47\" href=\"https:\/\/loudavymkrokem.cz\/sk\/kypr-dovolena-tipy\/#Kedy_je_najlepsie_ist_na_Cyprus\" >Kedy je najlep\u0161ie \u00eds\u0165 na Cyprus?<\/a><\/li><li class='ez-toc-page-1 ez-toc-heading-level-3'><a class=\"ez-toc-link ez-toc-heading-48\" href=\"https:\/\/loudavymkrokem.cz\/sk\/kypr-dovolena-tipy\/#Ako_dlho_na_Cyprus_potrebujete\" >Ako dlho na Cyprus potrebujete?<\/a><\/li><li class='ez-toc-page-1 ez-toc-heading-level-3'><a class=\"ez-toc-link ez-toc-heading-49\" href=\"https:\/\/loudavymkrokem.cz\/sk\/kypr-dovolena-tipy\/#Da_sa_na_Cypre_kupat_v_oktobri_a_novembri\" >D\u00e1 sa na Cypre k\u00fapa\u0165 v okt\u00f3bri a novembri?<\/a><\/li><li class='ez-toc-page-1 ez-toc-heading-level-3'><a class=\"ez-toc-link ez-toc-heading-50\" href=\"https:\/\/loudavymkrokem.cz\/sk\/kypr-dovolena-tipy\/#Potrebujem_na_Cypre_auto\" >Potrebujem na Cypre auto?<\/a><\/li><li class='ez-toc-page-1 ez-toc-heading-level-3'><a class=\"ez-toc-link ez-toc-heading-51\" href=\"https:\/\/loudavymkrokem.cz\/sk\/kypr-dovolena-tipy\/#Mozem_z_juhu_na_sever_Cypru\" >M\u00f4\u017eem z juhu na sever Cypru?<\/a><\/li><li class='ez-toc-page-1 ez-toc-heading-level-3'><a class=\"ez-toc-link ez-toc-heading-52\" href=\"https:\/\/loudavymkrokem.cz\/sk\/kypr-dovolena-tipy\/#Je_Cyprus_drahy\" >Je Cyprus drah\u00fd?<\/a><\/li><li class='ez-toc-page-1 ez-toc-heading-level-3'><a class=\"ez-toc-link ez-toc-heading-53\" href=\"https:\/\/loudavymkrokem.cz\/sk\/kypr-dovolena-tipy\/#Ake_je_na_Cypre_jedlo_pre_vegetarianov\" >Ak\u00e9 je na Cypre jedlo pre vegetari\u00e1nov?<\/a><\/li><li class='ez-toc-page-1 ez-toc-heading-level-3'><a class=\"ez-toc-link ez-toc-heading-54\" href=\"https:\/\/loudavymkrokem.cz\/sk\/kypr-dovolena-tipy\/#Je_Cyprus_bezpecny\" >Je Cyprus bezpe\u010dn\u00fd?<\/a><\/li><\/ul><\/li><\/ul><\/nav><\/div>\n<h2 id=\"Shrnuti_pokud_nestihate_cist_cely_clanek\" class=\"wp-block-heading\"><span class=\"ez-toc-section\" id=\"Zhrnutie_ak_nestihas_citat_cely_clanok\"><\/span>Zhrnutie, ak nest\u00edha\u0161 \u010d\u00edta\u0165 cel\u00fd \u010dl\u00e1nok<span class=\"ez-toc-section-end\"><\/span><\/h2>\n\n\n\n<p class=\"wp-block-paragraph\">Ak nem\u00e1\u0161 \u010das pre\u010d\u00edta\u0165 si detailn\u00e9ho sprievodcu, pripravila som pre teba r\u00fdchly v\u00fd\u0165ah toho najd\u00f4le\u017eitej\u0161ieho. Tu s\u00fa z\u00e1kladn\u00e9 fakty, ktor\u00e9 by si pred cestou rozhodne mal pozna\u0165:<\/p>\n\n\n\n<ul class=\"wp-block-list\">\n<li>Ostrov sa p\u00fd\u0161i <strong>najdlh\u0161ou k\u00fapacou sez\u00f3nou v Eur\u00f3pe<\/strong>, pri\u010dom more v ob\u013e\u00fabenej Ayia Nape m\u00e1 aj v novembri kr\u00e1snych 24,5 \u00b0C.<\/li>\n\n\n\n<li>Ak sem vyraz\u00ed\u0161 v j\u00fali a auguste, \u010dakaj\u00fa \u0165a v Ayia Nape teploty <strong>32,1 a 32,4 \u00b0C<\/strong> a pr\u0161\u00ed tu v priemere iba 0,1 d\u0148a v mesiaci.<\/li>\n\n\n\n<li>\u00daplne najkraj\u0161ia je pod\u013ea miestnych <strong>jar (apr\u00edl, m\u00e1j)<\/strong>, ke\u010f je cel\u00fd ostrov n\u00e1dherne zelen\u00fd a pln\u00fd rozkvitnut\u00fdch kvetov.<\/li>\n\n\n\n<li>Ostrov je politicky rozdelen\u00fd a Zelen\u00e1 l\u00ednia sa s\u00edce d\u00e1 be\u017ene prejs\u0165, ale v\u017edy k tomu <strong>POTREBUJE\u0160 PAS<\/strong>, preto\u017ee na ob\u010diansky preukaz sa ned\u00e1 spo\u013eahn\u00fa\u0165.<\/li>\n\n\n\n<li>V\u010faka britskej koloni\u00e1lnej minulosti sa tu <strong>jazd\u00ed v\u013eavo<\/strong>, \u010do ve\u013ea nepripraven\u00fdch turistov po po\u017ei\u010dan\u00ed auta na letisku poriadne prekvap\u00ed.<\/li>\n\n\n\n<li>Hory Troodos vo vn\u00fatrozem\u00ed s\u00fa be\u017ene <strong>o 8 a\u017e 10 stup\u0148ov chladnej\u0161ie<\/strong> ako pobre\u017eie a v zime sa tam dokonca ly\u017euje na pr\u00edrodnom snehu.<\/li>\n\n\n\n<li>Zatia\u013e \u010do <strong>Paphos je pln\u00fd archeol\u00f3gie<\/strong> a pamiatok UNESCO, Ayia Napa l\u00e1ka na pl\u00e1\u017ee a p\u00e1rty, a Protaras zase pon\u00faka rodinn\u00fd pokoj.<\/li>\n\n\n\n<li>Sl\u00e1vny syr <strong>halloumi poch\u00e1dza pr\u00e1ve z Cypru<\/strong> a vegetari\u00e1nske meze pln\u00e9 mal\u00fdch bezm\u00e4sit\u00fdch dobr\u00f4t je tu \u00faplne be\u017enou z\u00e1le\u017eitos\u0165ou.<\/li>\n<\/ul>\n\n\n\n<h2 id=\"Proc_jet_na_Kypr_a_pro_koho_se_nehodi\" class=\"wp-block-heading\"><span class=\"ez-toc-section\" id=\"Preco_ist_na_Cyprus_a_pre_koho_sa_nehodi\"><\/span>Pre\u010do \u00eds\u0165 na Cyprus (a pre koho sa nehod\u00ed)<span class=\"ez-toc-section-end\"><\/span><\/h2>\n\n\n\n<p class=\"wp-block-paragraph\">Ak st\u00e1le v\u00e1ha\u0161, \u010di je tento slne\u010dn\u00fd ostrov v Stredozemnom mori tou pravou vo\u013ebou pre tvoje tohtoro\u010dn\u00e9 vo\u013en\u00e9 dni, po\u010fme si to trochu rozobra\u0165. Destin\u00e1cia pon\u00faka <strong>naozaj unik\u00e1tny mix z\u00e1\u017eitkov<\/strong>, ktor\u00fd spo\u013eahlivo uspokoj\u00ed tak akt\u00edvnych turistov, ako aj t\u00fdch, ktor\u00ed si chc\u00fa len \u013eahn\u00fa\u0165 na le\u017eadlo s dobrou knihou. Z\u00e1rove\u0148 je ale dobr\u00e9 vedie\u0165 o nieko\u013ek\u00fdch \u0161pecifik\u00e1ch, ktor\u00e9 by niekomu mohli dovolenku sk\u00f4r pokazi\u0165.<\/p>\n\n\n\n<h3 id=\"6_duvodu_proc_Kypr_stoji_za_cestu\" class=\"wp-block-heading\"><span class=\"ez-toc-section\" id=\"6_dovodov_preco_Cyprus_stoji_za_cestu\"><\/span>6 d\u00f4vodov, pre\u010do Cyprus stoj\u00ed za cestu<span class=\"ez-toc-section-end\"><\/span><\/h3>\n\n\n\n<p class=\"wp-block-paragraph\"><strong>Najdlh\u0161ia k\u00fapacia sez\u00f3na:<\/strong> Pod\u013ea dlhodob\u00fdch meran\u00ed tu stabiln\u00e9 teplo vl\u00e1dne od skorej jari a\u017e do neskorej jesene, \u010do je v r\u00e1mci Eur\u00f3py obrovsk\u00e1 v\u00fdhoda. Zatia\u013e \u010do v Gr\u00e9cku alebo \u0160panielsku u\u017e v okt\u00f3bri \u010dasto vy\u0165ahuje\u0161 svetre, tu sa miestni aj turisti st\u00e1le <strong>k\u00fapu v prehriatom mori<\/strong>.<\/p>\n\n\n\n<p class=\"wp-block-paragraph\"><strong>Antick\u00e9 pamiatky na zozname UNESCO:<\/strong> Ak \u0165a bav\u00ed hist\u00f3ria, bude\u0161 tu vo svojom \u017eivle, preto\u017ee cel\u00fd ostrov funguje ako obrovsk\u00e9 m\u00fazeum pod hol\u00fdm nebom. Cypersk\u00e1 republika sa p\u00fd\u0161i <strong>n\u00e1dhern\u00fdmi archeologick\u00fdmi parkami<\/strong>, zachoval\u00fdmi mozaikami a starovek\u00fdmi hrobkami, ktor\u00e9 pote\u0161ia sn\u00e1\u010f ka\u017ed\u00e9ho milovn\u00edka star\u00fdch pr\u00edbehov.<\/p>\n\n\n\n<p class=\"wp-block-paragraph\"><strong>Hory a more v jeden de\u0148:<\/strong> R\u00e1no sa m\u00f4\u017ee\u0161 prech\u00e1dza\u0165 v hlbok\u00fdch borovicov\u00fdch lesoch, objavova\u0165 skryt\u00e9 vodop\u00e1dy a d\u00fdcha\u0165 svie\u017ei horsk\u00fd vzduch. Popoludn\u00ed potom z\u00edde\u0161 autom dolu na pobre\u017eie a <strong>sko\u010d\u00ed\u0161 do tyrkysov\u00fdch v\u013an<\/strong>, \u010do tvor\u00ed neuverite\u013ene osvie\u017euj\u00faci kontrast, ktor\u00fd sa len tak neomrz\u00ed.<\/p>\n\n\n\n<p class=\"wp-block-paragraph\"><strong>Angli\u010dtina a \u013eavostrann\u00e1 prem\u00e1vka:<\/strong> Ostrov bol dlho pod britskou spr\u00e1vou, tak\u017ee sa tu \u00faplne bez probl\u00e9mov a plynule dohovor\u00ed\u0161 anglicky aj v tej najzapadnutej\u0161ej dedinke. Britsk\u00e9 dedi\u010dstvo so sebou nesie aj jazdu v\u013eavo a tradi\u010dn\u00e9 trojkol\u00edkov\u00e9 z\u00e1suvky typu G, ku ktor\u00fdm <strong>bude\u0161 nutne potrebova\u0165 adapt\u00e9r<\/strong>, a pam\u00e4taj, \u017ee hoci verejn\u00e1 doprava sp\u00e1ja hlavn\u00e9 mest\u00e1, do h\u00f4r Troodos, na polostrov Akamas a k v\u00e4\u010d\u0161ine trekov sa re\u00e1lne dostane\u0161 len autom.<\/p>\n\n\n\n<p class=\"wp-block-paragraph\"><strong>V\u00fdborn\u00e1 vegetari\u00e1nska kuchy\u0148a a halloumi:<\/strong> Jedlo je tu skr\u00e1tka fam\u00f3zne a pote\u0161\u00ed aj t\u00fdch, ktor\u00ed nejedia m\u00e4so, preto\u017ee tradi\u010dn\u00e9 taverny pon\u00fakaj\u00fa obrovsk\u00e9 mno\u017estvo bezm\u00e4sit\u00fdch variantov. Ur\u010dite \u0165a nadchne <strong>grilovan\u00fd syr halloumi<\/strong>, ktor\u00fd je miestnym pokladom a v kombin\u00e1cii s \u010derstvou zeleninou a olivov\u00fdm olejom chut\u00ed \u00faplne bo\u017esky.<\/p>\n\n\n\n<p class=\"wp-block-paragraph\"><strong>Dve kult\u00fary na jednom ostrove:<\/strong> Prekro\u010denie Zelenej l\u00ednie do severnej \u010dasti ostrova \u0165a prenesie do \u00faplne in\u00e9ho sveta pln\u00e9ho me\u0161\u00edt, tureck\u00e9ho \u010daju a trhov\u00edsk, kde sa mimochodom <strong>be\u017ene plat\u00ed tureckou l\u00edrou<\/strong>, aj ke\u010f eur\u00e1 miestami vezm\u00fa. Ma\u0165 mo\u017enos\u0165 presk\u00fama\u0165 po\u010das jednej dovolenky gr\u00e9cku aj tureck\u00fa kult\u00faru je obrovsk\u00fd bonus, ale pam\u00e4taj, \u017ee na sever sa s po\u017ei\u010dan\u00fdm autom z juhu smie len so s\u00fahlasom po\u017ei\u010dovne a je nutn\u00e9 si <strong>na priechode k\u00fapi\u0165 do\u010dasn\u00e9 tureck\u00e9 poistenie<\/strong>, ke\u010f\u017ee ju\u017en\u00e1 poistka tam neplat\u00ed (a autom po\u017ei\u010dan\u00fdm na severe sa na juh \u00eds\u0165 nesmie v\u00f4bec).<\/p>\n\n\n\n<h3 id=\"Komu_Kypr_nesedne\" class=\"wp-block-heading\"><span class=\"ez-toc-section\" id=\"Komu_Cyprus_nesadne\"><\/span>Komu Cyprus nesadne<span class=\"ez-toc-section-end\"><\/span><\/h3>\n\n\n\n<p class=\"wp-block-paragraph\">Hoci je ostrov n\u00e1dhern\u00fd, rozhodne to nie je univerz\u00e1lny raj \u00faplne pre v\u0161etk\u00fdch a m\u00e1 svoje jasn\u00e9 \u00faskalia. Ak sa n\u00e1jde\u0161 v niektorom z nasleduj\u00facich bodov, mo\u017eno by si mal zv\u00e1\u017ei\u0165 in\u00fa destin\u00e1ciu, aby si sa <strong>vyhol zbyto\u010dn\u00e9mu sklamaniu<\/strong>.<\/p>\n\n\n\n<ul class=\"wp-block-list\">\n<li>Kto <strong>nezn\u00e1\u0161a ve\u013ek\u00e9 teplo<\/strong>, preto\u017ee v lete sa tu teploty be\u017ene \u0161plhaj\u00fa cez 32 \u00b0C a v Larnake atakuj\u00fa aj 33,4 \u00b0C.<\/li>\n\n\n\n<li>Kto h\u013ead\u00e1 <strong>svie\u017eo zelen\u00fa pr\u00edrodu aj v lete<\/strong>, ke\u010f\u017ee pod n\u00e1porom siln\u00e9ho slnka je ostrov od j\u00fana do jesene poriadne vyprahnut\u00fd a \u017elt\u00fd.<\/li>\n\n\n\n<li>Kto m\u00e1 <strong>panick\u00fa hr\u00f4zu z riadenia v\u013eavo<\/strong> a nechce sa spolieha\u0165 len na dia\u013ekov\u00e9 autobusy, ktor\u00e9 do pr\u00edrody nejazdia.<\/li>\n\n\n\n<li>Kto h\u013ead\u00e1 <strong>v\u00fdhradne lacn\u00fa dovolenku<\/strong>, preto\u017ee t\u00e1to destin\u00e1cia patr\u00ed v r\u00e1mci Stredomoria sk\u00f4r k t\u00fdm drah\u0161\u00edm a ceny slu\u017eieb to jasne odr\u00e1\u017eaj\u00fa.<\/li>\n\n\n\n<li>Kto chce <strong>absol\u00fatny pokoj v Ayia Nape<\/strong> po\u010das hlavnej letnej sez\u00f3ny, ke\u010f sa z tejto oblasti st\u00e1va jedno obrovsk\u00e9 a hlu\u010dn\u00e9 p\u00e1rty centrum.<\/li>\n<\/ul>\n\n\n\n<h2 id=\"Kdy_jet_na_Kypr_pocasi_mesic_po_mesici\" class=\"wp-block-heading\"><span class=\"ez-toc-section\" id=\"Kedy_ist_na_Cyprus_pocasie_mesiac_po_mesiaci\"><\/span>Kedy \u00eds\u0165 na Cyprus: po\u010dasie mesiac po mesiaci<span class=\"ez-toc-section-end\"><\/span><\/h2>\n\n\n\n<p class=\"wp-block-paragraph\">Pl\u00e1novanie ide\u00e1lneho term\u00ednu je k\u013e\u00fa\u010dov\u00e9, preto\u017ee po\u010dasie sa tu po\u010das roka naozaj poriadne men\u00ed a ur\u010duje, ak\u00e9 aktivity bude\u0161 m\u00f4c\u0165 re\u00e1lne podnika\u0165. Aby sme ti poskytli tie najpresnej\u0161ie inform\u00e1cie, dali sme dokopy d\u00e1ta, ktor\u00e9 <strong>nevych\u00e1dzaj\u00fa zo \u017eiadnych pocitov<\/strong>, ale z tvrd\u00fdch meteorologick\u00fdch meran\u00ed.<\/p>\n\n\n\n<p class=\"wp-block-paragraph\">V\u0161etky teploty vzduchu v nasleduj\u00facich preh\u013eadoch predstavuj\u00fa <strong>desa\u0165ro\u010dn\u00e9 priemery z rokov 2015 a\u017e 2024<\/strong> z\u00edskan\u00e9 z presnej klimatickej reanal\u00fdzy ERA5. \u010co sa t\u00fdka teploty mora, t\u00e1 vych\u00e1dza z modern\u00e9ho morsk\u00e9ho modelu pre roky 2019 a\u017e 2024, tak\u017ee m\u00e1\u0161 pred sebou tie najaktu\u00e1lnej\u0161ie a najspo\u013eahlivej\u0161ie hodnoty, ak\u00e9 sa daj\u00fa v\u00f4bec zohna\u0165.<\/p>\n\n\n\n<figure class=\"wp-block-table is-style-stripes\" style=\"overflow-x:auto\"><table><thead><tr><th>Mesiac<\/th><th>Cez de\u0148<\/th><th>V noci<\/th><th>More<\/th><th>Dn\u00ed s da\u017e\u010fom<\/th><th>Slnko\/de\u0148<\/th><\/tr><\/thead><tbody><tr><td><strong>janu\u00e1r<\/strong><\/td><td>16 \u00b0C<\/td><td>10 \u00b0C<\/td><td>19 \u00b0C<\/td><td>8,8<\/td><td>8,6 h<\/td><\/tr><tr><td><strong>febru\u00e1r<\/strong><\/td><td>17 \u00b0C<\/td><td>10 \u00b0C<\/td><td>18 \u00b0C<\/td><td>5,6<\/td><td>9,0 h<\/td><\/tr><tr><td><strong>marec<\/strong><\/td><td>19 \u00b0C<\/td><td>12 \u00b0C<\/td><td>18 \u00b0C<\/td><td>5,1<\/td><td>10,4 h<\/td><\/tr><tr><td><strong>apr\u00edl<\/strong><\/td><td>22 \u00b0C<\/td><td>14 \u00b0C<\/td><td>19 \u00b0C<\/td><td>3,8<\/td><td>11,6 h<\/td><\/tr><tr><td><strong>m\u00e1j<\/strong><\/td><td>26 \u00b0C<\/td><td>18 \u00b0C<\/td><td>21 \u00b0C<\/td><td>2,8<\/td><td>12,7 h<\/td><\/tr><tr><td><strong>j\u00fan<\/strong><\/td><td>29 \u00b0C<\/td><td>22 \u00b0C<\/td><td>26 \u00b0C<\/td><td>1,1<\/td><td>13,7 h<\/td><\/tr><tr><td><strong>j\u00fal<\/strong><\/td><td>32 \u00b0C<\/td><td>24 \u00b0C<\/td><td>29 \u00b0C<\/td><td>0,0<\/td><td>13,8 h<\/td><\/tr><tr><td><strong>august<\/strong><\/td><td>32 \u00b0C<\/td><td>25 \u00b0C<\/td><td>30 \u00b0C<\/td><td>0,3<\/td><td>12,8 h<\/td><\/tr><tr><td><strong>september<\/strong><\/td><td>31 \u00b0C<\/td><td>23 \u00b0C<\/td><td>29 \u00b0C<\/td><td>1,1<\/td><td>11,6 h<\/td><\/tr><tr><td><strong>okt\u00f3ber<\/strong><\/td><td>27 \u00b0C<\/td><td>20 \u00b0C<\/td><td>27 \u00b0C<\/td><td>3,6<\/td><td>10,6 h<\/td><\/tr><tr><td><strong>november<\/strong><\/td><td>22 \u00b0C<\/td><td>16 \u00b0C<\/td><td>24 \u00b0C<\/td><td>6,7<\/td><td>8,9 h<\/td><\/tr><tr><td><strong>december<\/strong><\/td><td>18 \u00b0C<\/td><td>12 \u00b0C<\/td><td>21 \u00b0C<\/td><td>9,5<\/td><td>8,0 h<\/td><\/tr><\/tbody><\/table><figcaption class=\"wp-element-caption\">Priemern\u00e9 teploty v Ayia Nape mesiac po mesiaci. Vzduch a zr\u00e1\u017eky s\u00fa desa\u0165ro\u010dn\u00e9 priemery 2015\u20132024 z reanal\u00fdzy ERA5, teplota mora z morsk\u00e9ho modelu 2019\u20132024.<\/figcaption><\/figure>\n\n\n\n<p class=\"wp-block-paragraph\">Pre lep\u0161iu predstavu sa po\u010fme pozrie\u0165 na konkr\u00e9tne \u010d\u00edsla pre letovisko Ayia Napa, ktor\u00e9 le\u017e\u00ed na ob\u013e\u00fabenom v\u00fdchodnom pobre\u017e\u00ed a l\u00e1ka na tie najkraj\u0161ie pl\u00e1\u017ee. <strong>Tu s\u00fa presn\u00e9 priemern\u00e9 hodnoty<\/strong> pre jednotliv\u00e9 mesiace:<\/p>\n\n\n\n<ul class=\"wp-block-list\">\n<li><strong>Janu\u00e1r:<\/strong> de\u0148 15,9 \u00b0C, noc 10,3 \u00b0C, more 18,8 \u00b0C, dn\u00ed s da\u017e\u010fom 8,8, slnko 8,6 h\/de\u0148.<\/li>\n\n\n\n<li><strong>Febru\u00e1r:<\/strong> de\u0148 16,7 \u00b0C, noc 10,3 \u00b0C, more 18,0 \u00b0C, dn\u00ed s da\u017e\u010fom 5,6, slnko 9,0 h\/de\u0148.<\/li>\n\n\n\n<li><strong>Marec:<\/strong> de\u0148 18,6 \u00b0C, noc 11,6 \u00b0C, more 18,0 \u00b0C, dn\u00ed s da\u017e\u010fom 5,1, slnko 10,4 h\/de\u0148.<\/li>\n\n\n\n<li><strong>Apr\u00edl:<\/strong> de\u0148 22,1 \u00b0C, noc 14,0 \u00b0C, more 19,3 \u00b0C, dn\u00ed s da\u017e\u010fom 3,8, slnko 11,6 h\/de\u0148.<\/li>\n\n\n\n<li><strong>M\u00e1j:<\/strong> de\u0148 25,8 \u00b0C, noc 17,9 \u00b0C, more 21,4 \u00b0C, dn\u00ed s da\u017e\u010fom 2,8, slnko 12,7 h\/de\u0148.<\/li>\n\n\n\n<li><strong>J\u00fan:<\/strong> de\u0148 29,1 \u00b0C, noc 21,5 \u00b0C, more 25,5 \u00b0C, dn\u00ed s da\u017e\u010fom 1,1, slnko 13,7 h\/de\u0148.<\/li>\n\n\n\n<li><strong>J\u00fal:<\/strong> de\u0148 32,1 \u00b0C, noc 24,4 \u00b0C, more 28,6 \u00b0C, dn\u00ed s da\u017e\u010fom 0,0, slnko 13,8 h\/de\u0148.<\/li>\n\n\n\n<li><strong>August:<\/strong> de\u0148 32,2 \u00b0C, noc 24,9 \u00b0C, more 29,8 \u00b0C, dn\u00ed s da\u017e\u010fom 0,3, slnko 12,8 h\/de\u0148.<\/li>\n\n\n\n<li><strong>September:<\/strong> de\u0148 30,7 \u00b0C, noc 23,0 \u00b0C, more 28,7 \u00b0C, dn\u00ed s da\u017e\u010fom 1,1, slnko 11,6 h\/de\u0148.<\/li>\n\n\n\n<li><strong>Okt\u00f3ber:<\/strong> de\u0148 27,3 \u00b0C, noc 20,0 \u00b0C, more 26,8 \u00b0C, dn\u00ed s da\u017e\u010fom 3,6, slnko 10,6 h\/de\u0148.<\/li>\n\n\n\n<li><strong>November:<\/strong> de\u0148 22,2 \u00b0C, noc 16,3 \u00b0C, more 23,8 \u00b0C, dn\u00ed s da\u017e\u010fom 6,7, slnko 8,9 h\/de\u0148.<\/li>\n\n\n\n<li><strong>December:<\/strong> de\u0148 18,1 \u00b0C, noc 12,4 \u00b0C, more 20,6 \u00b0C, dn\u00ed s da\u017e\u010fom 9,5, slnko 8,0 h\/de\u0148.<\/li>\n<\/ul>\n\n\n\n<h3 id=\"Paphos_zapad_ostrova_je_o_neco_mirnejsi\" class=\"wp-block-heading\"><span class=\"ez-toc-section\" id=\"Paphos_zapad_ostrova_je_o_nieco_miernejsi\"><\/span>Paphos: z\u00e1pad ostrova je o nie\u010do miernej\u0161\u00ed<span class=\"ez-toc-section-end\"><\/span><\/h3>\n\n\n\n<p class=\"wp-block-paragraph\">Z\u00e1padn\u00e9 pobre\u017eie m\u00e1 tro\u0161ku in\u00e9 mikrokl\u00edma, tak\u017ee v oblasti Paphosu b\u00fdva o \u010dosi chladnej\u0161ie a tie\u017e tam o nie\u010do \u010dastej\u0161ie sprchne, \u010do ale na druh\u00fa stranu znamen\u00e1, \u017ee <strong>krajina zost\u00e1va dlh\u0161ie zelen\u00e1<\/strong>. Pre porovnanie, v janu\u00e1ri tu cez de\u0148 nameria\u0161 15,6 \u00b0C (noc 9,4 \u00b0C, more 19,4 \u00b0C, d\u00e1\u017e\u010f 13,6 d\u0148a, slnko 8,5 h\/de\u0148) a vo febru\u00e1ri 16,5 \u00b0C (noc 9,5 \u00b0C, more 18,1 \u00b0C, d\u00e1\u017e\u010f 8,2 d\u0148a, slnko 9,1 h\/de\u0148). Jarn\u00fd marec prin\u00e1\u0161a denn\u00fdch 17,9 \u00b0C (noc 10,9 \u00b0C, more 17,8 \u00b0C, d\u00e1\u017e\u010f 9,6 d\u0148a, slnko 10,6 h\/de\u0148) a apr\u00edl u\u017e ve\u013emi pr\u00edjemn\u00fdch 21,3 \u00b0C (noc 13,3 \u00b0C, more 18,9 \u00b0C, d\u00e1\u017e\u010f 4,8 d\u0148a, slnko 11,6 h\/de\u0148). M\u00e1jov\u00e9 dni sa vyhrej\u00fa na 24,8 \u00b0C (noc 17,0 \u00b0C, more 20,8 \u00b0C, d\u00e1\u017e\u010f 4,4 d\u0148a, slnko 12,8 h\/de\u0148) a j\u00fanov\u00e9 na 27,8 \u00b0C (noc 20,6 \u00b0C, more 24,8 \u00b0C, d\u00e1\u017e\u010f 1,4 d\u0148a, slnko 13,9 h\/de\u0148). V hor\u00facom j\u00fali po\u010d\u00edtaj s 31,0 \u00b0C (noc 23,4 \u00b0C, more 27,4 \u00b0C, d\u00e1\u017e\u010f 0,4 d\u0148a, slnko 13,9 h\/de\u0148) a v auguste s 30,7 \u00b0C (noc 23,8 \u00b0C, more 28,8 \u00b0C, d\u00e1\u017e\u010f 0,7 d\u0148a, slnko 12,7 h\/de\u0148). September st\u00e1le s\u013eubuje letn\u00fdch 29,2 \u00b0C (noc 22,0 \u00b0C, more 27,7 \u00b0C, d\u00e1\u017e\u010f 1,5 d\u0148a, slnko 11,7 h\/de\u0148) a okt\u00f3ber kles\u00e1 na 26,3 \u00b0C (noc 18,5 \u00b0C, more 26,0 \u00b0C, d\u00e1\u017e\u010f 4,0 d\u0148a, slnko 10,6 h\/de\u0148). November potom pon\u00faka 22,3 \u00b0C (noc 14,7 \u00b0C, more 23,3 \u00b0C, d\u00e1\u017e\u010f 5,9 d\u0148a, slnko 9,2 h\/de\u0148) a rok uzatv\u00e1ra december so 17,9 \u00b0C (noc 11,4 \u00b0C, more 20,8 \u00b0C, d\u00e1\u017e\u010f 10,9 d\u0148a, slnko 8,3 h\/de\u0148).<\/p>\n\n\n\n<h3 id=\"Hory_Troodos_uplne_jiny_ostrov\" class=\"wp-block-heading\"><span class=\"ez-toc-section\" id=\"Hory_Troodos_uplne_iny_ostrov\"><\/span>Hory Troodos: \u00faplne in\u00fd ostrov<span class=\"ez-toc-section-end\"><\/span><\/h3>\n\n\n\n<p class=\"wp-block-paragraph\">Ke\u010f sa vyd\u00e1\u0161 z rozp\u00e1len\u00e9ho pobre\u017eia do vn\u00fatrozemia, ocitne\u0161 sa v \u00faplne odli\u0161nom klimatickom p\u00e1sme, ktor\u00e9 \u0165a svojou ne\u010dakanou svie\u017eos\u0165ou zaru\u010dene prekvap\u00ed. Merania z nadmorskej v\u00fd\u0161ky okolo 1 830 metrov jasne ukazuj\u00fa, \u017ee zatia\u013e \u010do dole pri mori sa \u013eudia prech\u00e1dzaj\u00fa v tri\u010dku pri 15 \u00b0C, <strong>hore v hor\u00e1ch be\u017ene le\u017e\u00ed sneh<\/strong>. V janu\u00e1ri je tam priemern\u00e9 denn\u00e9 maximum iba 4,0 \u00b0C a dokonca tam spo\u013eahlivo funguje ly\u017eiarske stredisko, \u010do je na stredomorsk\u00fd ostrov dos\u0165 kuri\u00f3zna z\u00e1le\u017eitos\u0165.<\/p>\n\n\n\n<figure class=\"wp-block-table is-style-stripes\"><table class=\"has-fixed-layout\"><thead><tr><th>Mesiac<\/th><th>Cez de\u0148<\/th><th>V noci<\/th><th>Dn\u00ed s da\u017e\u010fom<\/th><th>Slnko\/de\u0148<\/th><\/tr><\/thead><tbody><tr><td><strong>janu\u00e1r<\/strong><\/td><td>4 \u00b0C<\/td><td>-3 \u00b0C<\/td><td>12,9<\/td><td>7,9 h<\/td><\/tr><tr><td><strong>febru\u00e1r<\/strong><\/td><td>6 \u00b0C<\/td><td>-2 \u00b0C<\/td><td>10,7<\/td><td>8,6 h<\/td><\/tr><tr><td><strong>marec<\/strong><\/td><td>8 \u00b0C<\/td><td>-0 \u00b0C<\/td><td>10,4<\/td><td>10,2 h<\/td><\/tr><tr><td><strong>apr\u00edl<\/strong><\/td><td>13 \u00b0C<\/td><td>4 \u00b0C<\/td><td>6,9<\/td><td>11,5 h<\/td><\/tr><tr><td><strong>m\u00e1j<\/strong><\/td><td>18 \u00b0C<\/td><td>8 \u00b0C<\/td><td>6,4<\/td><td>12,8 h<\/td><\/tr><tr><td><strong>j\u00fan<\/strong><\/td><td>22 \u00b0C<\/td><td>11 \u00b0C<\/td><td>3,8<\/td><td>13,8 h<\/td><\/tr><tr><td><strong>j\u00fal<\/strong><\/td><td>26 \u00b0C<\/td><td>15 \u00b0C<\/td><td>0,8<\/td><td>13,9 h<\/td><\/tr><tr><td><strong>august<\/strong><\/td><td>26 \u00b0C<\/td><td>15 \u00b0C<\/td><td>1,1<\/td><td>12,9 h<\/td><\/tr><tr><td><strong>september<\/strong><\/td><td>23 \u00b0C<\/td><td>12 \u00b0C<\/td><td>3,3<\/td><td>11,7 h<\/td><\/tr><tr><td><strong>okt\u00f3ber<\/strong><\/td><td>18 \u00b0C<\/td><td>8 \u00b0C<\/td><td>5,4<\/td><td>10,6 h<\/td><\/tr><tr><td><strong>november<\/strong><\/td><td>12 \u00b0C<\/td><td>3 \u00b0C<\/td><td>6,7<\/td><td>9,1 h<\/td><\/tr><tr><td><strong>december<\/strong><\/td><td>7 \u00b0C<\/td><td>-0 \u00b0C<\/td><td>11,1<\/td><td>7,9 h<\/td><\/tr><\/tbody><\/table><figcaption class=\"wp-element-caption\">Pohorie Troodos vo v\u00fd\u0161ke okolo 1 830 m. Septembrov\u00e9 aj zimn\u00e9 hodnoty ukazuj\u00fa, o ko\u013eko je hore chladnej\u0161ie ako na pobre\u017e\u00ed (priemery 2015\u20132024, ERA5).<\/figcaption><\/figure>\n\n\n\n<p class=\"wp-block-paragraph\">Tu s\u00fa presn\u00e9 d\u00e1ta pre horsk\u00e9 oblasti, aby si vedel, <strong>ak\u00e9 oble\u010denie si so sebou pribali\u0165<\/strong>:<\/p>\n\n\n\n<ul class=\"wp-block-list\">\n<li><strong>Janu\u00e1r:<\/strong> de\u0148 4,0 \u00b0C, noc -2,9 \u00b0C, dn\u00ed s da\u017e\u010fom 12,9, slnko 7,9 h\/de\u0148.<\/li>\n\n\n\n<li><strong>Febru\u00e1r:<\/strong> de\u0148 5,9 \u00b0C, noc -2,1 \u00b0C, dn\u00ed s da\u017e\u010fom 10,7, slnko 8,6 h\/de\u0148.<\/li>\n\n\n\n<li><strong>Marec:<\/strong> de\u0148 8,2 \u00b0C, noc -0,5 \u00b0C, dn\u00ed s da\u017e\u010fom 10,4, slnko 10,2 h\/de\u0148.<\/li>\n\n\n\n<li><strong>Apr\u00edl:<\/strong> de\u0148 13,4 \u00b0C, noc 3,6 \u00b0C, dn\u00ed s da\u017e\u010fom 6,9, slnko 11,5 h\/de\u0148.<\/li>\n\n\n\n<li><strong>M\u00e1j:<\/strong> de\u0148 18,1 \u00b0C, noc 7,7 \u00b0C, dn\u00ed s da\u017e\u010fom 6,4, slnko 12,8 h\/de\u0148.<\/li>\n\n\n\n<li><strong>J\u00fan:<\/strong> de\u0148 22,1 \u00b0C, noc 11,3 \u00b0C, dn\u00ed s da\u017e\u010fom 3,8, slnko 13,8 h\/de\u0148.<\/li>\n\n\n\n<li><strong>J\u00fal:<\/strong> de\u0148 26,1 \u00b0C, noc 14,8 \u00b0C, dn\u00ed s da\u017e\u010fom 0,8, slnko 13,9 h\/de\u0148.<\/li>\n\n\n\n<li><strong>August:<\/strong> de\u0148 25,7 \u00b0C, noc 14,8 \u00b0C, dn\u00ed s da\u017e\u010fom 1,1, slnko 12,9 h\/de\u0148.<\/li>\n\n\n\n<li><strong>September:<\/strong> de\u0148 22,6 \u00b0C, noc 12,0 \u00b0C, dn\u00ed s da\u017e\u010fom 3,3, slnko 11,7 h\/de\u0148.<\/li>\n\n\n\n<li><strong>Okt\u00f3ber:<\/strong> de\u0148 17,6 \u00b0C, noc 7,9 \u00b0C, dn\u00ed s da\u017e\u010fom 5,4, slnko 10,6 h\/de\u0148.<\/li>\n\n\n\n<li><strong>November:<\/strong> de\u0148 11,6 \u00b0C, noc 3,1 \u00b0C, dn\u00ed s da\u017e\u010fom 6,7, slnko 9,1 h\/de\u0148.<\/li>\n\n\n\n<li><strong>December:<\/strong> de\u0148 6,7 \u00b0C, noc -0,5 \u00b0C, dn\u00ed s da\u017e\u010fom 11,1, slnko 7,9 h\/de\u0148.<\/li>\n<\/ul>\n\n\n\n<h3 id=\"Nejlepsi_mesice_podle_typu_dovolene\" class=\"wp-block-heading\"><span class=\"ez-toc-section\" id=\"Najlepsie_mesiace_podla_typu_dovolenky\"><\/span>Najlep\u0161ie mesiace pod\u013ea typu dovolenky<span class=\"ez-toc-section-end\"><\/span><\/h3>\n\n\n\n<ul class=\"wp-block-list\">\n<li><strong>Pre dokonal\u00e9 k\u00fapanie:<\/strong> Ide\u00e1lne je vyrazi\u0165 od j\u00fana a\u017e do novembra, ke\u010f m\u00e1 more neuverite\u013en\u00fdch 25 a\u017e 29 \u00b0C a voda je kr\u00e1sne prehriata.<\/li>\n\n\n\n<li><strong>Pre spozn\u00e1vanie a treky:<\/strong> Najviac si turistiku u\u017eije\u0161 v apr\u00edli, m\u00e1ji alebo okt\u00f3bri, preto\u017ee teploty s\u00fa znesite\u013en\u00e9 a jarn\u00e1 pr\u00edroda navy\u0161e kr\u00e1sne kvitne.<\/li>\n\n\n\n<li><strong>Pre najlacnej\u0161ie term\u00edny:<\/strong> Ak chce\u0161 v\u00fdrazne u\u0161etri\u0165, napl\u00e1nuj si cestu na obdobie od novembra do marca, ke\u010f klesaj\u00fa ceny leteniek aj ubytovania.<\/li>\n\n\n\n<li><strong>Kedy sa rad\u0161ej vyhn\u00fa\u0165:<\/strong> August je mesiac, ke\u010f ostrov prask\u00e1 vo \u0161v\u00edkoch, vl\u00e1dne tu spa\u013euj\u00face teplo a ceny za slu\u017eby letia raketovo hore.<\/li>\n<\/ul>\n\n\n\n<h2 id=\"Co_videt_na_Kypru_24_tipu_od_antickych_mozaik_po_hory\" class=\"wp-block-heading\"><span class=\"ez-toc-section\" id=\"Co_vidiet_na_Cypre_24_tipov_od_antickych_mozaik_po_hory\"><\/span>\u010co vidie\u0165 na Cypre: 24 tipov od antick\u00fdch moza\u00edk po hory<span class=\"ez-toc-section-end\"><\/span><\/h2>\n\n\n\n<p class=\"wp-block-paragraph\">Cypersk\u00e1 republika pon\u00faka obrovsk\u00fa rozmanitos\u0165 a rozdelenie ostrova ti u\u013eah\u010d\u00ed pl\u00e1novanie cel\u00e9ho v\u00fdletu. Z\u00e1padn\u00e1 \u010das\u0165 okolo Paphosu l\u00e1ka na antick\u00e9 pamiatky a divok\u00fa pr\u00edrodu, zatia\u013e \u010do juh s Limassolom tvor\u00ed ru\u0161nej\u0161ie kult\u00farne aj historick\u00e9 centrum. Na v\u00fdchode v okol\u00ed letoviska Ayia Napa n\u00e1jde\u0161 tie najkraj\u0161ie pieso\u010dn\u00e9 pl\u00e1\u017ee a vn\u00fatrozemie ukr\u00fdva zelen\u00e9 pohorie Troodos. Ostrov je od roku 1974 rozdelen\u00fd n\u00e1razn\u00edkovou z\u00f3nou OSN na ju\u017en\u00fa Cypersk\u00fa republiku, ktor\u00e1 je \u010dlenom E\u00da a euroz\u00f3ny, a na Severn\u00fd Cyprus, ktor\u00fd <strong>ako \u0161t\u00e1t uzn\u00e1va len Turecko<\/strong>. Cel\u00fd ostrov sa d\u00e1 na\u0161\u0165astie ob\u00eds\u0165 autom za p\u00e1r dn\u00ed, \u010do je pod\u013ea mnoh\u00fdch cestovate\u013eov z\u010faleka najlep\u0161\u00ed sp\u00f4sob cestovania.<\/p>\n\n\n\n<p class=\"wp-block-paragraph\">Aj ke\u010f medzi hlavn\u00fdmi mestami funguje spo\u013eahliv\u00e1 verejn\u00e1 doprava, bez vlastn\u00e9ho auta sa do h\u00f4r Troodos alebo na od\u013eahl\u00fd polostrov Akamas re\u00e1lne nedostane\u0161. Zo susednej Viedne sa d\u00e1 na letisko do Larnaky a Paphosu dosta\u0165 priamymi spojmi, pr\u00edpadne s prestupom z Bratislavy, pri\u010dom cesta trv\u00e1 pr\u00edjemn\u00e9 tri hodiny a dvadsa\u0165 min\u00fat, tak\u017ee ak rie\u0161i\u0161, <a href=\"https:\/\/loudavymkrokem.cz\/sk\/ako-na-letenky\/\">ako na lacn\u00e9 letenky<\/a>, Cyprus je ve\u013emi dostupn\u00e1 destin\u00e1cia. Pam\u00e4taj ale na to, \u017ee <strong>na Cypre sa jazd\u00ed v\u013eavo<\/strong>, bude\u0161 potrebova\u0165 britsk\u00e9 trojkol\u00edkov\u00e9 z\u00e1suvky typu G a plat\u00ed sa tu be\u017ene eurom.<\/p>\n\n\n\n<h3 id=\"1_Archeologicky_park_v_Paphosu_mozaiky_kvuli_kterym_sem_lide_jezdi\" class=\"wp-block-heading\"><span class=\"ez-toc-section\" id=\"1_Archeologicky_park_v_Paphose_mozaiky_kvoli_ktorym_sem_ludia_chodia\"><\/span>1. Archeologick\u00fd park v Paphose: mozaiky, kv\u00f4li ktor\u00fdm sem \u013eudia chodia<span class=\"ez-toc-section-end\"><\/span><\/h3>\n\n\n\n<p class=\"wp-block-paragraph\">Archeologick\u00fd park v Paphose figuruje na zozname svetov\u00e9ho dedi\u010dstva UNESCO a pre milovn\u00edkov hist\u00f3rie je to \u00fapln\u00e1 povinnos\u0165. Hlavn\u00fdm l\u00e1kadlom s\u00fa <strong>r\u00edmske vily s neuverite\u013ene zachoval\u00fdmi podlahov\u00fdmi mozaikami<\/strong>, ktor\u00e9 zn\u00e1zor\u0148uj\u00fa v\u00fdjavy z gr\u00e9ckej mytol\u00f3gie. Najzn\u00e1mej\u0161\u00ed je takzvan\u00fd Dom Dion\u00fdza, kde si m\u00f4\u017ee\u0161 prezrie\u0165 detailn\u00e9 umeleck\u00e9 diela star\u00e9 tis\u00edce rokov, ale za presk\u00famanie stoj\u00ed aj ve\u013ekolep\u00e9 antick\u00e9 divadlo Odeon. Cel\u00fd are\u00e1l je ve\u013emi roz\u013eahl\u00fd a pon\u00faka kr\u00e1sne v\u00fdh\u013eady na modr\u00fa hladinu Stredozemn\u00e9ho mora.<\/p>\n\n\n\n<figure data-wp-context=\"{&quot;imageId&quot;:&quot;6a9944f307017&quot;}\" data-wp-interactive=\"core\/image\" data-wp-key=\"6a9944f307017\" class=\"wp-block-image size-full wp-lightbox-container\"><img decoding=\"async\" width=\"1500\" height=\"1023\" data-wp-class--hide=\"state.isContentHidden\" data-wp-class--show=\"state.isContentVisible\" data-wp-init=\"callbacks.setButtonStyles\" data-wp-on--click=\"actions.showLightbox\" data-wp-on--load=\"callbacks.setButtonStyles\" data-wp-on--pointerdown=\"actions.preloadImage\" data-wp-on--pointerenter=\"actions.preloadImageWithDelay\" data-wp-on--pointerleave=\"actions.cancelPreload\" data-wp-on-window--resize=\"callbacks.setButtonStyles\" src=\"https:\/\/loudavymkrokem.cz\/wp-content\/uploads\/2026\/08\/dovolena-kypr-t01.jpg\" alt=\"Antick\u00e9 mozaiky v archeologickom parku v Paphose\" class=\"wp-image-399841\" title=\"\" srcset=\"https:\/\/loudavymkrokem.cz\/wp-content\/uploads\/2026\/08\/dovolena-kypr-t01.jpg 1500w, https:\/\/loudavymkrokem.cz\/wp-content\/uploads\/2026\/08\/dovolena-kypr-t01-300x205.jpg 300w, https:\/\/loudavymkrokem.cz\/wp-content\/uploads\/2026\/08\/dovolena-kypr-t01-700x477.jpg 700w, https:\/\/loudavymkrokem.cz\/wp-content\/uploads\/2026\/08\/dovolena-kypr-t01-768x524.jpg 768w, https:\/\/loudavymkrokem.cz\/wp-content\/uploads\/2026\/08\/dovolena-kypr-t01-696x475.jpg 696w, https:\/\/loudavymkrokem.cz\/wp-content\/uploads\/2026\/08\/dovolena-kypr-t01-1392x949.jpg 1392w\" sizes=\"(max-width: 1500px) 100vw, 1500px\" \/><button\n\t\t\tclass=\"lightbox-trigger\"\n\t\t\ttype=\"button\"\n\t\t\taria-haspopup=\"dialog\"\n\t\t\tdata-wp-bind--aria-label=\"state.thisImage.triggerButtonAriaLabel\"\n\t\t\tdata-wp-init=\"callbacks.initTriggerButton\"\n\t\t\tdata-wp-on--click=\"actions.showLightbox\"\n\t\t\tdata-wp-style--right=\"state.thisImage.buttonRight\"\n\t\t\tdata-wp-style--top=\"state.thisImage.buttonTop\"\n\t\t>\n\t\t\t<svg xmlns=\"http:\/\/www.w3.org\/2000\/svg\" width=\"12\" height=\"12\" fill=\"none\" viewBox=\"0 0 12 12\">\n\t\t\t\t<path fill=\"#fff\" d=\"M2 0a2 2 0 0 0-2 2v2h1.5V2a.5.5 0 0 1 .5-.5h2V0H2Zm2 10.5H2a.5.5 0 0 1-.5-.5V8H0v2a2 2 0 0 0 2 2h2v-1.5ZM8 12v-1.5h2a.5.5 0 0 0 .5-.5V8H12v2a2 2 0 0 1-2 2H8Zm2-12a2 2 0 0 1 2 2v2h-1.5V2a.5.5 0 0 0-.5-.5H8V0h2Z\" \/>\n\t\t\t<\/svg>\n\t\t<\/button><figcaption class=\"wp-element-caption\">Antick\u00e9 mozaiky v archeologickom parku v Paphose (Foto: Institute for the Study of the Ancient World from New York,  \/ Wikimedia Commons, CC BY 2.0)<\/figcaption><\/figure>\n\n\n\n<p class=\"wp-block-paragraph\">Pod\u013ea recenzi\u00ed cestovate\u013eov je najlep\u0161ie vyrazi\u0165 na prehliadku hne\u010f skoro r\u00e1no alebo naopak v neskorom popoludn\u00ed. Vn\u00fatri roz\u013eahl\u00e9ho are\u00e1lu <strong>toti\u017e nen\u00e1jde\u0161 takmer \u017eiadny tie\u0148<\/strong> a cez poludnie sa prech\u00e1dzka medzi rozp\u00e1len\u00fdmi kame\u0148mi men\u00ed na dos\u0165 n\u00e1ro\u010dn\u00fd \u0161portov\u00fd v\u00fdkon. Ur\u010dite si so sebou vezmi dostatok pitnej vody, pohodln\u00e9 top\u00e1nky a siln\u00fd opa\u013eovac\u00ed kr\u00e9m, aby si si prehliadku u\u017eil v \u010do najv\u00e4\u010d\u0161om pohodl\u00ed.<\/p>\n\n\n\n<h3 id=\"2_Kralovske_hrobky_Tombs_of_the_Kings\" class=\"wp-block-heading\"><span class=\"ez-toc-section\" id=\"2_Kralovske_hrobky_Tombs_of_the_Kings\"><\/span>2. Kr\u00e1\u013eovsk\u00e9 hrobky (Tombs of the Kings)<span class=\"ez-toc-section-end\"><\/span><\/h3>\n\n\n\n<p class=\"wp-block-paragraph\">Kr\u00e1\u013eovsk\u00e9 hrobky predstavuj\u00fa fascinuj\u00faci podzemn\u00fd komplex vytesan\u00fd priamo do pevnej skaly ne\u010faleko centra Paphosu. Aj ke\u010f n\u00e1zov znie ve\u013emi vzne\u0161ene, v skuto\u010dnosti tu <strong>nikdy neboli pochovan\u00ed \u017eiadni kr\u00e1li<\/strong>, miesto sl\u00fa\u017eilo ako miesto posledn\u00e9ho odpo\u010dinku pre vysok\u00fdch \u00faradn\u00edkov a miestnu aristokraciu. Honosn\u00fd n\u00e1zov dostala pamiatka sk\u00f4r v\u010faka ve\u013ekolepej architekt\u00fare a ty sa tu m\u00f4\u017ee\u0161 vo\u013ene prech\u00e1dza\u0165 medzi mohutn\u00fdmi d\u00f3rskymi st\u013apmi a zostupova\u0165 do tajupln\u00fdch podzemn\u00fdch \u00e1tri\u00ed.<\/p>\n\n\n\n<figure data-wp-context=\"{&quot;imageId&quot;:&quot;6a9944f30744c&quot;}\" data-wp-interactive=\"core\/image\" data-wp-key=\"6a9944f30744c\" class=\"wp-block-image size-full wp-lightbox-container\"><img decoding=\"async\" width=\"1500\" height=\"894\" data-wp-class--hide=\"state.isContentHidden\" data-wp-class--show=\"state.isContentVisible\" data-wp-init=\"callbacks.setButtonStyles\" data-wp-on--click=\"actions.showLightbox\" data-wp-on--load=\"callbacks.setButtonStyles\" data-wp-on--pointerdown=\"actions.preloadImage\" data-wp-on--pointerenter=\"actions.preloadImageWithDelay\" data-wp-on--pointerleave=\"actions.cancelPreload\" data-wp-on-window--resize=\"callbacks.setButtonStyles\" src=\"https:\/\/loudavymkrokem.cz\/wp-content\/uploads\/2026\/08\/dovolena-kypr-t02.jpg\" alt=\"Kr\u00e1\u013eovsk\u00e9 hrobky v Paphose\" class=\"wp-image-399844\" title=\"\" srcset=\"https:\/\/loudavymkrokem.cz\/wp-content\/uploads\/2026\/08\/dovolena-kypr-t02.jpg 1500w, https:\/\/loudavymkrokem.cz\/wp-content\/uploads\/2026\/08\/dovolena-kypr-t02-300x179.jpg 300w, https:\/\/loudavymkrokem.cz\/wp-content\/uploads\/2026\/08\/dovolena-kypr-t02-700x417.jpg 700w, https:\/\/loudavymkrokem.cz\/wp-content\/uploads\/2026\/08\/dovolena-kypr-t02-768x458.jpg 768w, https:\/\/loudavymkrokem.cz\/wp-content\/uploads\/2026\/08\/dovolena-kypr-t02-696x415.jpg 696w, https:\/\/loudavymkrokem.cz\/wp-content\/uploads\/2026\/08\/dovolena-kypr-t02-1392x830.jpg 1392w\" sizes=\"(max-width: 1500px) 100vw, 1500px\" \/><button\n\t\t\tclass=\"lightbox-trigger\"\n\t\t\ttype=\"button\"\n\t\t\taria-haspopup=\"dialog\"\n\t\t\tdata-wp-bind--aria-label=\"state.thisImage.triggerButtonAriaLabel\"\n\t\t\tdata-wp-init=\"callbacks.initTriggerButton\"\n\t\t\tdata-wp-on--click=\"actions.showLightbox\"\n\t\t\tdata-wp-style--right=\"state.thisImage.buttonRight\"\n\t\t\tdata-wp-style--top=\"state.thisImage.buttonTop\"\n\t\t>\n\t\t\t<svg xmlns=\"http:\/\/www.w3.org\/2000\/svg\" width=\"12\" height=\"12\" fill=\"none\" viewBox=\"0 0 12 12\">\n\t\t\t\t<path fill=\"#fff\" d=\"M2 0a2 2 0 0 0-2 2v2h1.5V2a.5.5 0 0 1 .5-.5h2V0H2Zm2 10.5H2a.5.5 0 0 1-.5-.5V8H0v2a2 2 0 0 0 2 2h2v-1.5ZM8 12v-1.5h2a.5.5 0 0 0 .5-.5V8H12v2a2 2 0 0 1-2 2H8Zm2-12a2 2 0 0 1 2 2v2h-1.5V2a.5.5 0 0 0-.5-.5H8V0h2Z\" \/>\n\t\t\t<\/svg>\n\t\t<\/button><figcaption class=\"wp-element-caption\">Kr\u00e1\u013eovsk\u00e9 hrobky v Paphose (Foto: Nikodem Nijaki \/ Wikimedia Commons, CC BY-SA 3.0)<\/figcaption><\/figure>\n\n\n\n<p class=\"wp-block-paragraph\">T\u00e1to archeologick\u00e1 lokalita je prekvapivo roz\u013eahl\u00e1 a prieskum spletit\u00fdch podzemn\u00fdch chodieb zaberie minim\u00e1lne hodinu a\u017e dve. Miestni sprievodcovia odpor\u00fa\u010daj\u00fa <strong>spoji\u0165 n\u00e1v\u0161tevu hrobiek s ne\u010falek\u00fdm archeologick\u00fdm parkom<\/strong>, preto\u017ee sa nach\u00e1dzaj\u00fa ve\u013emi bl\u00edzko pri sebe. Najkraj\u0161iu atmosf\u00e9ru za\u017eije\u0161 v podve\u010der, ke\u010f zapadaj\u00face slnko farb\u00ed pieskovcov\u00e9 skaly do zlatist\u00fdch odtie\u0148ov a vytv\u00e1ra n\u00e1dhern\u00e9 tiene medzi st\u013apmi.<\/p>\n\n\n\n<h3 id=\"3_Petra_tou_Romiou_skala_kde_se_podle_mytu_zrodila_Afrodita\" class=\"wp-block-heading\"><span class=\"ez-toc-section\" id=\"3_Petra_tou_Romiou_Afroditina_skala_na_Cypre\"><\/span>3. Petra tou Romiou: Afroditina sk\u00e1la na Cypre<span class=\"ez-toc-section-end\"><\/span><\/h3>\n\n\n\n<p class=\"wp-block-paragraph\">Petra tou Romiou je ikonick\u00e1 obl\u00e1zkov\u00e1 pl\u00e1\u017e so skaliskami, kde sa pod\u013ea starod\u00e1vneho m\u00fdtu zrodila z morskej peny samotn\u00e1 bohy\u0148a l\u00e1sky a kr\u00e1sy Afrodita. T\u00e1to Afroditina sk\u00e1la na Cypre m\u00e1 \u00fadajne magick\u00fa atmosf\u00e9ru a povera hovor\u00ed, \u017ee kto obpl\u00e1va hlavn\u00fa skalu trikr\u00e1t dookola, z\u00edska ve\u010dn\u00fa mlados\u0165 a kr\u00e1su. Legend\u00e1m samozrejme veri\u0165 nemus\u00ed\u0161, ale <strong>v\u00fdh\u013ead na mohutn\u00e9 v\u00e1pencov\u00e9 \u00fatesy vystupuj\u00face z tyrkysovej vody<\/strong> patr\u00ed k najfotografovanej\u0161\u00edm mot\u00edvom cel\u00e9ho ostrova.<\/p>\n\n\n\n<figure data-wp-context=\"{&quot;imageId&quot;:&quot;6a9944f30784f&quot;}\" data-wp-interactive=\"core\/image\" data-wp-key=\"6a9944f30784f\" class=\"wp-block-image size-full wp-lightbox-container\"><img decoding=\"async\" width=\"1500\" height=\"999\" data-wp-class--hide=\"state.isContentHidden\" data-wp-class--show=\"state.isContentVisible\" data-wp-init=\"callbacks.setButtonStyles\" data-wp-on--click=\"actions.showLightbox\" data-wp-on--load=\"callbacks.setButtonStyles\" data-wp-on--pointerdown=\"actions.preloadImage\" data-wp-on--pointerenter=\"actions.preloadImageWithDelay\" data-wp-on--pointerleave=\"actions.cancelPreload\" data-wp-on-window--resize=\"callbacks.setButtonStyles\" src=\"https:\/\/loudavymkrokem.cz\/wp-content\/uploads\/2026\/08\/dovolena-kypr-t03.jpg\" alt=\"Afroditina sk\u00e1la Petra tou Romiou na Cypre\" class=\"wp-image-399849\" title=\"\" srcset=\"https:\/\/loudavymkrokem.cz\/wp-content\/uploads\/2026\/08\/dovolena-kypr-t03.jpg 1500w, https:\/\/loudavymkrokem.cz\/wp-content\/uploads\/2026\/08\/dovolena-kypr-t03-300x200.jpg 300w, https:\/\/loudavymkrokem.cz\/wp-content\/uploads\/2026\/08\/dovolena-kypr-t03-700x466.jpg 700w, https:\/\/loudavymkrokem.cz\/wp-content\/uploads\/2026\/08\/dovolena-kypr-t03-768x511.jpg 768w, https:\/\/loudavymkrokem.cz\/wp-content\/uploads\/2026\/08\/dovolena-kypr-t03-696x464.jpg 696w, https:\/\/loudavymkrokem.cz\/wp-content\/uploads\/2026\/08\/dovolena-kypr-t03-1392x927.jpg 1392w\" sizes=\"(max-width: 1500px) 100vw, 1500px\" \/><button\n\t\t\tclass=\"lightbox-trigger\"\n\t\t\ttype=\"button\"\n\t\t\taria-haspopup=\"dialog\"\n\t\t\tdata-wp-bind--aria-label=\"state.thisImage.triggerButtonAriaLabel\"\n\t\t\tdata-wp-init=\"callbacks.initTriggerButton\"\n\t\t\tdata-wp-on--click=\"actions.showLightbox\"\n\t\t\tdata-wp-style--right=\"state.thisImage.buttonRight\"\n\t\t\tdata-wp-style--top=\"state.thisImage.buttonTop\"\n\t\t>\n\t\t\t<svg xmlns=\"http:\/\/www.w3.org\/2000\/svg\" width=\"12\" height=\"12\" fill=\"none\" viewBox=\"0 0 12 12\">\n\t\t\t\t<path fill=\"#fff\" d=\"M2 0a2 2 0 0 0-2 2v2h1.5V2a.5.5 0 0 1 .5-.5h2V0H2Zm2 10.5H2a.5.5 0 0 1-.5-.5V8H0v2a2 2 0 0 0 2 2h2v-1.5ZM8 12v-1.5h2a.5.5 0 0 0 .5-.5V8H12v2a2 2 0 0 1-2 2H8Zm2-12a2 2 0 0 1 2 2v2h-1.5V2a.5.5 0 0 0-.5-.5H8V0h2Z\" \/>\n\t\t\t<\/svg>\n\t\t<\/button><figcaption class=\"wp-element-caption\">Skala Petra tou Romiou, rodisko Afrodity (Foto: This photo was taken by Anton Zelenov.\nPlease credit this wi \/ Wikimedia Commons, CC BY-SA 4.0)<\/figcaption><\/figure>\n\n\n\n<p class=\"wp-block-paragraph\">K\u00fapanie na t\u00fdchto miestach b\u00fdva kv\u00f4li silnej\u0161\u00edm pr\u00fadom a v\u00e4\u010d\u0161\u00edm vln\u00e1m ob\u010das n\u00e1ro\u010dnej\u0161ie, tak\u017ee na pokojn\u00e9 rodinn\u00e9 pl\u00e1vanie to obvykle ve\u013emi nie je. Ide\u00e1lne je <strong>pr\u00eds\u0165 na t\u00fato Afroditinu pl\u00e1\u017e na Cypre na z\u00e1pad slnka<\/strong>, ke\u010f sa davy z v\u00fdletn\u00fdch autobusov mierne rozpt\u00fdlia a cel\u00e1 scen\u00e9ria dostane \u00fa\u017easn\u00fd romantick\u00fd n\u00e1dych. Cestovatelia si pochva\u013euj\u00fa aj ne\u010falek\u00fa vyhliadku na \u00fatese nad pl\u00e1\u017eou, odkia\u013e sprav\u00ed\u0161 tie najlep\u0161ie panoramatick\u00e9 z\u00e1bery.<\/p>\n\n\n\n<h3 id=\"4_Poloostrov_Akamas_a_Modra_laguna\" class=\"wp-block-heading\"><span class=\"ez-toc-section\" id=\"4_Polostrov_Akamas_a_Modra_laguna\"><\/span>4. Polostrov Akamas a Modr\u00e1 lag\u00fana<span class=\"ez-toc-section-end\"><\/span><\/h3>\n\n\n\n<p class=\"wp-block-paragraph\">Polostrov Akamas a Modr\u00e1 lag\u00fana predstavuj\u00fa t\u00fa najviac divok\u00fa a nedotknut\u00fa chr\u00e1nen\u00fa oblas\u0165 na z\u00e1padnom c\u00edpe ostrova. N\u00e1jde\u0161 tu hust\u00e9 lesy, pr\u00e1zdne z\u00e1toky a predov\u0161etk\u00fdm ob\u013e\u00faben\u00fa Modr\u00fa lag\u00fanu s tak <strong>priezra\u010dnou a kri\u0161t\u00e1\u013eovo \u010distou vodou<\/strong>, \u017ee si bude\u0161 pripada\u0165 sk\u00f4r ako niekde v exotickom Karibiku. Pr\u00edroda je tu chr\u00e1nen\u00e1 pred mas\u00edvnou z\u00e1stavbou, tak\u017ee ne\u010dakaj \u017eiadne ve\u013ek\u00e9 hotelov\u00e9 rezorty, ale sk\u00f4r pra\u0161n\u00e9 cesty a \u00fapln\u00fd pokoj.<\/p>\n\n\n\n<figure data-wp-context=\"{&quot;imageId&quot;:&quot;6a9944f307e2e&quot;}\" data-wp-interactive=\"core\/image\" data-wp-key=\"6a9944f307e2e\" class=\"wp-block-image size-full wp-lightbox-container\"><img decoding=\"async\" width=\"1500\" height=\"959\" data-wp-class--hide=\"state.isContentHidden\" data-wp-class--show=\"state.isContentVisible\" data-wp-init=\"callbacks.setButtonStyles\" data-wp-on--click=\"actions.showLightbox\" data-wp-on--load=\"callbacks.setButtonStyles\" data-wp-on--pointerdown=\"actions.preloadImage\" data-wp-on--pointerenter=\"actions.preloadImageWithDelay\" data-wp-on--pointerleave=\"actions.cancelPreload\" data-wp-on-window--resize=\"callbacks.setButtonStyles\" src=\"https:\/\/loudavymkrokem.cz\/wp-content\/uploads\/2026\/08\/dovolena-kypr-t04.jpg\" alt=\"Modr\u00e1 lag\u00fana na polostrove Akamas\" class=\"wp-image-399854\" title=\"\" srcset=\"https:\/\/loudavymkrokem.cz\/wp-content\/uploads\/2026\/08\/dovolena-kypr-t04.jpg 1500w, https:\/\/loudavymkrokem.cz\/wp-content\/uploads\/2026\/08\/dovolena-kypr-t04-300x192.jpg 300w, https:\/\/loudavymkrokem.cz\/wp-content\/uploads\/2026\/08\/dovolena-kypr-t04-700x448.jpg 700w, https:\/\/loudavymkrokem.cz\/wp-content\/uploads\/2026\/08\/dovolena-kypr-t04-768x491.jpg 768w, https:\/\/loudavymkrokem.cz\/wp-content\/uploads\/2026\/08\/dovolena-kypr-t04-696x445.jpg 696w, https:\/\/loudavymkrokem.cz\/wp-content\/uploads\/2026\/08\/dovolena-kypr-t04-1392x890.jpg 1392w\" sizes=\"(max-width: 1500px) 100vw, 1500px\" \/><button\n\t\t\tclass=\"lightbox-trigger\"\n\t\t\ttype=\"button\"\n\t\t\taria-haspopup=\"dialog\"\n\t\t\tdata-wp-bind--aria-label=\"state.thisImage.triggerButtonAriaLabel\"\n\t\t\tdata-wp-init=\"callbacks.initTriggerButton\"\n\t\t\tdata-wp-on--click=\"actions.showLightbox\"\n\t\t\tdata-wp-style--right=\"state.thisImage.buttonRight\"\n\t\t\tdata-wp-style--top=\"state.thisImage.buttonTop\"\n\t\t>\n\t\t\t<svg xmlns=\"http:\/\/www.w3.org\/2000\/svg\" width=\"12\" height=\"12\" fill=\"none\" viewBox=\"0 0 12 12\">\n\t\t\t\t<path fill=\"#fff\" d=\"M2 0a2 2 0 0 0-2 2v2h1.5V2a.5.5 0 0 1 .5-.5h2V0H2Zm2 10.5H2a.5.5 0 0 1-.5-.5V8H0v2a2 2 0 0 0 2 2h2v-1.5ZM8 12v-1.5h2a.5.5 0 0 0 .5-.5V8H12v2a2 2 0 0 1-2 2H8Zm2-12a2 2 0 0 1 2 2v2h-1.5V2a.5.5 0 0 0-.5-.5H8V0h2Z\" \/>\n\t\t\t<\/svg>\n\t\t<\/button><figcaption class=\"wp-element-caption\">Modr\u00e1 lag\u00fana na polostrove Akamas (Foto: Michal Klajban \/ Wikimedia Commons, CC BY-SA 4.0)<\/figcaption><\/figure>\n\n\n\n<p class=\"wp-block-paragraph\">K Modrej lag\u00fane sa be\u017en\u00fdm osobn\u00fdm autom z po\u017ei\u010dovne bohu\u017eia\u013e nedostane\u0161, preto\u017ee nespevnen\u00e9 cesty s\u00fa pln\u00e9 hlbok\u00fdch v\u00fdmo\u013eov a ostr\u00fdch kame\u0148ov. Praktick\u00fdm rie\u0161en\u00edm je <strong>po\u017ei\u010danie ter\u00e9nneho auta alebo pohodln\u00fd v\u00fdlet lo\u010fou<\/strong> z ne\u010falek\u00e9ho pr\u00edstavu Latchi. Lodn\u00e9 v\u00fdlety \u010dasto zah\u0155\u0148aj\u00fa aj dlh\u0161iu zast\u00e1vku na k\u00fapanie priamo v lag\u00fane, \u010do je pod\u013ea mnoh\u00fdch n\u00e1v\u0161tevn\u00edkov ten v\u00f4bec najpr\u00edjemnej\u0161\u00ed sp\u00f4sob spozn\u00e1vania tohto kraja.<\/p>\n\n\n\n<h3 id=\"5_Souteska_Avakas\" class=\"wp-block-heading\"><span class=\"ez-toc-section\" id=\"5_Roklina_Avakas\"><\/span>5. Roklina Avakas<span class=\"ez-toc-section-end\"><\/span><\/h3>\n\n\n\n<p class=\"wp-block-paragraph\">Roklina Avakas je \u00fa\u017easn\u00fd pr\u00edrodn\u00fd \u00fakaz a \u00fazky ka\u0148on vytesan\u00fd do v\u00e1pencovej skaly, ktor\u00fd l\u00e1ka milovn\u00edkov akt\u00edvneho pohybu a pr\u00edrody. Steny rokliny dosahuj\u00fa v\u00fd\u0161ku a\u017e tridsa\u0165 metrov a v naju\u017e\u0161\u00edch miestach sa k sebe pribli\u017euj\u00fa tak bl\u00edzko, \u017ee sa ich m\u00f4\u017ee\u0161 dotkn\u00fa\u0165 oboma rukami s\u00fa\u010dasne. Samotn\u00fd <strong>trek ka\u0148onom trv\u00e1 zhruba dve hodiny<\/strong> a pon\u00faka pr\u00edjemn\u00e9 ochladenie aj v t\u00fdch najhor\u00facej\u0161\u00edch letn\u00fdch d\u0148och, preto\u017ee ostr\u00e9 slnko sem prenikne len zriedka.<\/p>\n\n\n\n<figure data-wp-context=\"{&quot;imageId&quot;:&quot;6a9944f308419&quot;}\" data-wp-interactive=\"core\/image\" data-wp-key=\"6a9944f308419\" class=\"wp-block-image size-full wp-lightbox-container\"><img decoding=\"async\" width=\"1500\" height=\"1000\" data-wp-class--hide=\"state.isContentHidden\" data-wp-class--show=\"state.isContentVisible\" data-wp-init=\"callbacks.setButtonStyles\" data-wp-on--click=\"actions.showLightbox\" data-wp-on--load=\"callbacks.setButtonStyles\" data-wp-on--pointerdown=\"actions.preloadImage\" data-wp-on--pointerenter=\"actions.preloadImageWithDelay\" data-wp-on--pointerleave=\"actions.cancelPreload\" data-wp-on-window--resize=\"callbacks.setButtonStyles\" src=\"https:\/\/loudavymkrokem.cz\/wp-content\/uploads\/2026\/08\/dovolena-kypr-t05.jpg\" alt=\"Roklina Avakas na z\u00e1pade Cypru\" class=\"wp-image-399859\" title=\"\" srcset=\"https:\/\/loudavymkrokem.cz\/wp-content\/uploads\/2026\/08\/dovolena-kypr-t05.jpg 1500w, https:\/\/loudavymkrokem.cz\/wp-content\/uploads\/2026\/08\/dovolena-kypr-t05-300x200.jpg 300w, https:\/\/loudavymkrokem.cz\/wp-content\/uploads\/2026\/08\/dovolena-kypr-t05-700x467.jpg 700w, https:\/\/loudavymkrokem.cz\/wp-content\/uploads\/2026\/08\/dovolena-kypr-t05-768x512.jpg 768w, https:\/\/loudavymkrokem.cz\/wp-content\/uploads\/2026\/08\/dovolena-kypr-t05-696x464.jpg 696w, https:\/\/loudavymkrokem.cz\/wp-content\/uploads\/2026\/08\/dovolena-kypr-t05-1392x928.jpg 1392w\" sizes=\"(max-width: 1500px) 100vw, 1500px\" \/><button\n\t\t\tclass=\"lightbox-trigger\"\n\t\t\ttype=\"button\"\n\t\t\taria-haspopup=\"dialog\"\n\t\t\tdata-wp-bind--aria-label=\"state.thisImage.triggerButtonAriaLabel\"\n\t\t\tdata-wp-init=\"callbacks.initTriggerButton\"\n\t\t\tdata-wp-on--click=\"actions.showLightbox\"\n\t\t\tdata-wp-style--right=\"state.thisImage.buttonRight\"\n\t\t\tdata-wp-style--top=\"state.thisImage.buttonTop\"\n\t\t>\n\t\t\t<svg xmlns=\"http:\/\/www.w3.org\/2000\/svg\" width=\"12\" height=\"12\" fill=\"none\" viewBox=\"0 0 12 12\">\n\t\t\t\t<path fill=\"#fff\" d=\"M2 0a2 2 0 0 0-2 2v2h1.5V2a.5.5 0 0 1 .5-.5h2V0H2Zm2 10.5H2a.5.5 0 0 1-.5-.5V8H0v2a2 2 0 0 0 2 2h2v-1.5ZM8 12v-1.5h2a.5.5 0 0 0 .5-.5V8H12v2a2 2 0 0 1-2 2H8Zm2-12a2 2 0 0 1 2 2v2h-1.5V2a.5.5 0 0 0-.5-.5H8V0h2Z\" \/>\n\t\t\t<\/svg>\n\t\t<\/button><figcaption class=\"wp-element-caption\">Roklina Avakas na z\u00e1pade Cypru (Foto: Krzysztof Ziarnek, Kenraiz \/ Wikimedia Commons, CC BY-SA 4.0)<\/figcaption><\/figure>\n\n\n\n<p class=\"wp-block-paragraph\">Pred cestou si v\u017edy ve\u013emi starostlivo skontroluj aktu\u00e1lnu predpove\u010f po\u010dasia, ke\u010f\u017ee po silnej\u0161\u00edch da\u017e\u010foch b\u00fdva roklina uzavret\u00e1 kv\u00f4li hroziacemu nebezpe\u010denstvu padaj\u00facich kame\u0148ov a bleskov\u00fdm povodniam. Trasa vedie z ve\u013ekej \u010dasti korytom potoka po mokr\u00fdch a klzk\u00fdch kame\u0148och, tak\u017ee sa ti bude hodi\u0165 aj dobre nastaven\u00e9 <a href=\"https:\/\/loudavymkrokem.cz\/jak-vybrat-cestovni-pojisteni-na-dovolenou\/\">cestovn\u00e9 poistenie<\/a>, preto\u017ee drobn\u00e9 po\u0161myknutie tu hroz\u00ed prakticky neust\u00e1le.<\/p>\n\n\n\n<h3 id=\"6_Lara_Bay_a_morske_zelvy\" class=\"wp-block-heading\"><span class=\"ez-toc-section\" id=\"6_Lara_Bay_a_morske_korytnacky\"><\/span>6. Lara Bay a morsk\u00e9 korytna\u010dky<span class=\"ez-toc-section-end\"><\/span><\/h3>\n\n\n\n<p class=\"wp-block-paragraph\">Lara Bay je kr\u00e1sna a pr\u00edsne chr\u00e1nen\u00e1 pl\u00e1\u017e, ktor\u00e1 sa presl\u00e1vila ako bezpe\u010dn\u00e9 \u00fato\u010disko pre ohrozen\u00e9 morsk\u00e9 korytna\u010dky. Od j\u00fana do okt\u00f3bra sem <strong>pripl\u00e1vaj\u00fa kl\u00e1s\u0165 vajcia obrovsk\u00e9 karety obrovsk\u00e9 a karety prav\u00e9<\/strong>, \u010do z miesta rob\u00ed mimoriadne d\u00f4le\u017eit\u00fa ekologick\u00fa lokalitu v celom Stredomor\u00ed. Dobrovo\u013en\u00edci hniezda v piesku starostlivo ozna\u010duj\u00fa \u0161peci\u00e1lnymi kovov\u00fdmi klietkami, aby ich ochr\u00e1nili pred pred\u00e1tormi a neopatrn\u00fdmi turistami.<\/p>\n\n\n\n<figure data-wp-context=\"{&quot;imageId&quot;:&quot;6a9944f3087ee&quot;}\" data-wp-interactive=\"core\/image\" data-wp-key=\"6a9944f3087ee\" class=\"wp-block-image size-full wp-lightbox-container\"><img decoding=\"async\" width=\"1500\" height=\"1000\" data-wp-class--hide=\"state.isContentHidden\" data-wp-class--show=\"state.isContentVisible\" data-wp-init=\"callbacks.setButtonStyles\" data-wp-on--click=\"actions.showLightbox\" data-wp-on--load=\"callbacks.setButtonStyles\" data-wp-on--pointerdown=\"actions.preloadImage\" data-wp-on--pointerenter=\"actions.preloadImageWithDelay\" data-wp-on--pointerleave=\"actions.cancelPreload\" data-wp-on-window--resize=\"callbacks.setButtonStyles\" src=\"https:\/\/loudavymkrokem.cz\/wp-content\/uploads\/2026\/08\/dovolena-kypr-t06.jpg\" alt=\"Chr\u00e1nen\u00e1 pl\u00e1\u017e Lara Bay\" class=\"wp-image-399863\" title=\"\" srcset=\"https:\/\/loudavymkrokem.cz\/wp-content\/uploads\/2026\/08\/dovolena-kypr-t06.jpg 1500w, https:\/\/loudavymkrokem.cz\/wp-content\/uploads\/2026\/08\/dovolena-kypr-t06-300x200.jpg 300w, https:\/\/loudavymkrokem.cz\/wp-content\/uploads\/2026\/08\/dovolena-kypr-t06-700x467.jpg 700w, https:\/\/loudavymkrokem.cz\/wp-content\/uploads\/2026\/08\/dovolena-kypr-t06-768x512.jpg 768w, https:\/\/loudavymkrokem.cz\/wp-content\/uploads\/2026\/08\/dovolena-kypr-t06-696x464.jpg 696w, https:\/\/loudavymkrokem.cz\/wp-content\/uploads\/2026\/08\/dovolena-kypr-t06-1392x928.jpg 1392w\" sizes=\"(max-width: 1500px) 100vw, 1500px\" \/><button\n\t\t\tclass=\"lightbox-trigger\"\n\t\t\ttype=\"button\"\n\t\t\taria-haspopup=\"dialog\"\n\t\t\tdata-wp-bind--aria-label=\"state.thisImage.triggerButtonAriaLabel\"\n\t\t\tdata-wp-init=\"callbacks.initTriggerButton\"\n\t\t\tdata-wp-on--click=\"actions.showLightbox\"\n\t\t\tdata-wp-style--right=\"state.thisImage.buttonRight\"\n\t\t\tdata-wp-style--top=\"state.thisImage.buttonTop\"\n\t\t>\n\t\t\t<svg xmlns=\"http:\/\/www.w3.org\/2000\/svg\" width=\"12\" height=\"12\" fill=\"none\" viewBox=\"0 0 12 12\">\n\t\t\t\t<path fill=\"#fff\" d=\"M2 0a2 2 0 0 0-2 2v2h1.5V2a.5.5 0 0 1 .5-.5h2V0H2Zm2 10.5H2a.5.5 0 0 1-.5-.5V8H0v2a2 2 0 0 0 2 2h2v-1.5ZM8 12v-1.5h2a.5.5 0 0 0 .5-.5V8H12v2a2 2 0 0 1-2 2H8Zm2-12a2 2 0 0 1 2 2v2h-1.5V2a.5.5 0 0 0-.5-.5H8V0h2Z\" \/>\n\t\t\t<\/svg>\n\t\t<\/button><figcaption class=\"wp-element-caption\">Chr\u00e1nen\u00e1 pl\u00e1\u017e Lara Bay (Foto: Dm Bsg \/ Wikimedia Commons, CC BY 3.0)<\/figcaption><\/figure>\n\n\n\n<p class=\"wp-block-paragraph\">Pravidl\u00e1 pre n\u00e1v\u0161tevu s\u00fa na tomto mieste dos\u0165 pr\u00edsne a je \u00faplne nutn\u00e9 ich bez v\u00fdnimky re\u0161pektova\u0165. Na pl\u00e1\u017e sa <strong>nesmie vstupova\u0165 v noci a plat\u00ed pr\u00edsny z\u00e1kaz svietenia<\/strong>, preto\u017ee umel\u00e9 svetlo m\u00e4tie \u010derstvo vyliahnut\u00e9 korytna\u010dky, ktor\u00e9 by kv\u00f4li tomu nena\u0161li cestu do mora. Zabudni tie\u017e na zapichovanie slne\u010dn\u00edkov do piesku, ke\u010f\u017ee by si mohol nechtiac zni\u010di\u0165 korytna\u010die vaj\u00ed\u010dka ukryt\u00e9 hlboko pod povrchom.<\/p>\n\n\n\n<h3 id=\"7_Morske_jeskyne_u_Peyie_a_Coral_Bay\" class=\"wp-block-heading\"><span class=\"ez-toc-section\" id=\"7_Morske_jaskyne_pri_Peyii_a_Coral_Bay\"><\/span>7. Morsk\u00e9 jaskyne pri Peyii a Coral Bay<span class=\"ez-toc-section-end\"><\/span><\/h3>\n\n\n\n<p class=\"wp-block-paragraph\">Morsk\u00e9 jaskyne pri Peyii a susedn\u00e9 letovisko Coral Bay tvoria \u00fa\u017easn\u00fd kontrast medzi divok\u00fdm skalnat\u00fdm pobre\u017e\u00edm a pohodln\u00fdm k\u00fapan\u00edm. Oblas\u0165 takzvan\u00fdch sea caves je pln\u00e1 bizarn\u00fdch skaln\u00fdch \u00fatvarov, obl\u00fakov a jask\u00fd\u0148, do ktor\u00fdch vytrvalo nar\u00e1\u017eaj\u00fa morsk\u00e9 vlny a vytv\u00e1raj\u00fa dramatick\u00fa pod\u00edvan\u00fa. Hne\u010f o k\u00fasok ved\u013ea potom le\u017e\u00ed Coral Bay, \u010do je <strong>jedna z m\u00e1la naozaj kr\u00e1snych pieso\u010dn\u00fdch pl\u00e1\u017e\u00ed<\/strong> na inak preva\u017ene kamenistom z\u00e1padnom pobre\u017e\u00ed ostrova.<\/p>\n\n\n\n<figure data-wp-context=\"{&quot;imageId&quot;:&quot;6a9944f308b99&quot;}\" data-wp-interactive=\"core\/image\" data-wp-key=\"6a9944f308b99\" class=\"wp-block-image size-full wp-lightbox-container\"><img decoding=\"async\" width=\"1500\" height=\"1125\" data-wp-class--hide=\"state.isContentHidden\" data-wp-class--show=\"state.isContentVisible\" data-wp-init=\"callbacks.setButtonStyles\" data-wp-on--click=\"actions.showLightbox\" data-wp-on--load=\"callbacks.setButtonStyles\" data-wp-on--pointerdown=\"actions.preloadImage\" data-wp-on--pointerenter=\"actions.preloadImageWithDelay\" data-wp-on--pointerleave=\"actions.cancelPreload\" data-wp-on-window--resize=\"callbacks.setButtonStyles\" src=\"https:\/\/loudavymkrokem.cz\/wp-content\/uploads\/2026\/08\/dovolena-kypr-t07.jpg\" alt=\"Pl\u00e1\u017e Coral Bay pri Paphose\" class=\"wp-image-399867\" title=\"\" srcset=\"https:\/\/loudavymkrokem.cz\/wp-content\/uploads\/2026\/08\/dovolena-kypr-t07.jpg 1500w, https:\/\/loudavymkrokem.cz\/wp-content\/uploads\/2026\/08\/dovolena-kypr-t07-300x225.jpg 300w, https:\/\/loudavymkrokem.cz\/wp-content\/uploads\/2026\/08\/dovolena-kypr-t07-700x525.jpg 700w, https:\/\/loudavymkrokem.cz\/wp-content\/uploads\/2026\/08\/dovolena-kypr-t07-768x576.jpg 768w, https:\/\/loudavymkrokem.cz\/wp-content\/uploads\/2026\/08\/dovolena-kypr-t07-80x60.jpg 80w, https:\/\/loudavymkrokem.cz\/wp-content\/uploads\/2026\/08\/dovolena-kypr-t07-160x120.jpg 160w, https:\/\/loudavymkrokem.cz\/wp-content\/uploads\/2026\/08\/dovolena-kypr-t07-696x522.jpg 696w, https:\/\/loudavymkrokem.cz\/wp-content\/uploads\/2026\/08\/dovolena-kypr-t07-1392x1044.jpg 1392w\" sizes=\"(max-width: 1500px) 100vw, 1500px\" \/><button\n\t\t\tclass=\"lightbox-trigger\"\n\t\t\ttype=\"button\"\n\t\t\taria-haspopup=\"dialog\"\n\t\t\tdata-wp-bind--aria-label=\"state.thisImage.triggerButtonAriaLabel\"\n\t\t\tdata-wp-init=\"callbacks.initTriggerButton\"\n\t\t\tdata-wp-on--click=\"actions.showLightbox\"\n\t\t\tdata-wp-style--right=\"state.thisImage.buttonRight\"\n\t\t\tdata-wp-style--top=\"state.thisImage.buttonTop\"\n\t\t>\n\t\t\t<svg xmlns=\"http:\/\/www.w3.org\/2000\/svg\" width=\"12\" height=\"12\" fill=\"none\" viewBox=\"0 0 12 12\">\n\t\t\t\t<path fill=\"#fff\" d=\"M2 0a2 2 0 0 0-2 2v2h1.5V2a.5.5 0 0 1 .5-.5h2V0H2Zm2 10.5H2a.5.5 0 0 1-.5-.5V8H0v2a2 2 0 0 0 2 2h2v-1.5ZM8 12v-1.5h2a.5.5 0 0 0 .5-.5V8H12v2a2 2 0 0 1-2 2H8Zm2-12a2 2 0 0 1 2 2v2h-1.5V2a.5.5 0 0 0-.5-.5H8V0h2Z\" \/>\n\t\t\t<\/svg>\n\t\t<\/button><figcaption class=\"wp-element-caption\">Pl\u00e1\u017e Coral Bay pri Paphose (Foto: TomasNY (talk) \/ Wikimedia Commons, CC BY-SA 3.0)<\/figcaption><\/figure>\n\n\n\n<p class=\"wp-block-paragraph\">Zatia\u013e \u010do morsk\u00e9 jaskyne obdivuj\u00fa sk\u00f4r fotografi z \u00fatesov, Coral Bay pon\u00faka perfektn\u00e9 z\u00e1zemie s le\u017eadlami, \u010dist\u00fdm pieskom a ve\u013emi pozvo\u013en\u00fdm vstupom do mora. Miestni odpor\u00fa\u010daj\u00fa obe lokality \u0161ikovne skombinova\u0165, tak\u017ee sa m\u00f4\u017ee\u0161 <strong>najprv pohodlne vyk\u00fapa\u0165 na pieso\u010dnej pl\u00e1\u017ei<\/strong> a n\u00e1sledne prejs\u0165 p\u00e1r kilometrov k jaskyniam, kde na teba \u010dak\u00e1 fantastick\u00fd z\u00e1pad slnka.<\/p>\n\n\n\n<h3 id=\"8_Limassol_nabrezi_hrad_a_nejzivejsi_mesto_jihu\" class=\"wp-block-heading\"><span class=\"ez-toc-section\" id=\"8_Limassol_nabrezie_hrad_a_najzivsie_mesto_juhu\"><\/span>8. Limassol: n\u00e1bre\u017eie, hrad a naj\u017eiv\u0161ie mesto juhu<span class=\"ez-toc-section-end\"><\/span><\/h3>\n\n\n\n<p class=\"wp-block-paragraph\">Limassol je bezpochyby to naj\u017eiv\u0161ie a najkozmopolitnej\u0161ie mesto cel\u00e9ho gr\u00e9ckeho juhu, ktor\u00e9 dokonale mie\u0161a hist\u00f3riu s modern\u00fdm \u017eivotom. Jeho srdcom je ob\u013e\u00faben\u00e1 dlh\u00e1 promen\u00e1da Molos, ktor\u00e1 lemuje pobre\u017eie a pon\u00faka kopu zelene, lavi\u010diek, modern\u00fdch s\u00f4ch a \u00fatuln\u00fdch kaviarni\u010diek s v\u00fdh\u013eadom na more. Historick\u00fdm centrom mesta je potom star\u00fd stredovek\u00fd hrad, kde sa <strong>pod\u013ea dobov\u00fdch prame\u0148ov vraj o\u017eenil sl\u00e1vny kr\u00e1\u013e Richard Levie srdce<\/strong> so svojou sn\u00fabenicou Bereng\u00e1riou Navarrskou.<\/p>\n\n\n\n<figure data-wp-context=\"{&quot;imageId&quot;:&quot;6a9944f308f4c&quot;}\" data-wp-interactive=\"core\/image\" data-wp-key=\"6a9944f308f4c\" class=\"wp-block-image size-full wp-lightbox-container\"><img decoding=\"async\" width=\"1500\" height=\"1125\" data-wp-class--hide=\"state.isContentHidden\" data-wp-class--show=\"state.isContentVisible\" data-wp-init=\"callbacks.setButtonStyles\" data-wp-on--click=\"actions.showLightbox\" data-wp-on--load=\"callbacks.setButtonStyles\" data-wp-on--pointerdown=\"actions.preloadImage\" data-wp-on--pointerenter=\"actions.preloadImageWithDelay\" data-wp-on--pointerleave=\"actions.cancelPreload\" data-wp-on-window--resize=\"callbacks.setButtonStyles\" src=\"https:\/\/loudavymkrokem.cz\/wp-content\/uploads\/2026\/08\/dovolena-kypr-t08.jpg\" alt=\"N\u00e1bre\u017eie Molos v Limassole\" class=\"wp-image-399872\" title=\"\" srcset=\"https:\/\/loudavymkrokem.cz\/wp-content\/uploads\/2026\/08\/dovolena-kypr-t08.jpg 1500w, https:\/\/loudavymkrokem.cz\/wp-content\/uploads\/2026\/08\/dovolena-kypr-t08-300x225.jpg 300w, https:\/\/loudavymkrokem.cz\/wp-content\/uploads\/2026\/08\/dovolena-kypr-t08-700x525.jpg 700w, https:\/\/loudavymkrokem.cz\/wp-content\/uploads\/2026\/08\/dovolena-kypr-t08-768x576.jpg 768w, https:\/\/loudavymkrokem.cz\/wp-content\/uploads\/2026\/08\/dovolena-kypr-t08-80x60.jpg 80w, https:\/\/loudavymkrokem.cz\/wp-content\/uploads\/2026\/08\/dovolena-kypr-t08-160x120.jpg 160w, https:\/\/loudavymkrokem.cz\/wp-content\/uploads\/2026\/08\/dovolena-kypr-t08-696x522.jpg 696w, https:\/\/loudavymkrokem.cz\/wp-content\/uploads\/2026\/08\/dovolena-kypr-t08-1392x1044.jpg 1392w\" sizes=\"(max-width: 1500px) 100vw, 1500px\" \/><button\n\t\t\tclass=\"lightbox-trigger\"\n\t\t\ttype=\"button\"\n\t\t\taria-haspopup=\"dialog\"\n\t\t\tdata-wp-bind--aria-label=\"state.thisImage.triggerButtonAriaLabel\"\n\t\t\tdata-wp-init=\"callbacks.initTriggerButton\"\n\t\t\tdata-wp-on--click=\"actions.showLightbox\"\n\t\t\tdata-wp-style--right=\"state.thisImage.buttonRight\"\n\t\t\tdata-wp-style--top=\"state.thisImage.buttonTop\"\n\t\t>\n\t\t\t<svg xmlns=\"http:\/\/www.w3.org\/2000\/svg\" width=\"12\" height=\"12\" fill=\"none\" viewBox=\"0 0 12 12\">\n\t\t\t\t<path fill=\"#fff\" d=\"M2 0a2 2 0 0 0-2 2v2h1.5V2a.5.5 0 0 1 .5-.5h2V0H2Zm2 10.5H2a.5.5 0 0 1-.5-.5V8H0v2a2 2 0 0 0 2 2h2v-1.5ZM8 12v-1.5h2a.5.5 0 0 0 .5-.5V8H12v2a2 2 0 0 1-2 2H8Zm2-12a2 2 0 0 1 2 2v2h-1.5V2a.5.5 0 0 0-.5-.5H8V0h2Z\" \/>\n\t\t\t<\/svg>\n\t\t<\/button><figcaption class=\"wp-element-caption\">N\u00e1bre\u017eie Molos v Limassole (Foto: A.Savin \/ Wikimedia Commons, FAL)<\/figcaption><\/figure>\n\n\n\n<p class=\"wp-block-paragraph\">Okolo hradu sa rozprestiera sie\u0165 \u00fazkych uli\u010diek pln\u00fdch tradi\u010dn\u00fdch re\u0161taur\u00e1ci\u00ed, mal\u00fdch remeseln\u00fdch obchodov a barov, ktor\u00e9 o\u017e\u00edvaj\u00fa hlavne po zotmen\u00ed. Limassol funguje ako skvel\u00fd v\u00fdchodiskov\u00fd bod pre objavovanie ostrova, preto\u017ee le\u017e\u00ed strategicky presne uprostred ju\u017en\u00e9ho pobre\u017eia. Ak h\u013ead\u00e1\u0161 <strong>kombin\u00e1ciu ru\u0161n\u00e9ho mestsk\u00e9ho \u017eivota, dobr\u00e9ho jedla a hist\u00f3rie<\/strong>, toto mesto \u0165a zaru\u010dene nesklame.<\/p>\n\n\n\n<h3 id=\"9_Kourion_anticke_divadlo_nad_morem\" class=\"wp-block-heading\"><span class=\"ez-toc-section\" id=\"9_Kourion_anticke_divadlo_nad_morom\"><\/span>9. Kourion: antick\u00e9 divadlo nad morom<span class=\"ez-toc-section-end\"><\/span><\/h3>\n\n\n\n<p class=\"wp-block-paragraph\">Kourion je roz\u013eahl\u00e9 gr\u00e9cko-r\u00edmske antick\u00e9 mesto, ktor\u00e9 sa \u00faplne dramaticky t\u00fd\u010di na vysokom \u00fatese priamo nad rozb\u00faren\u00fdm morom. Najsl\u00e1vnej\u0161ou stavbou cel\u00e9ho komplexu je n\u00e1dherne zrekon\u0161truovan\u00e9 antick\u00e9 divadlo, ktor\u00e9 v\u010faka svojej dokonalej akustike aj dnes sl\u00fa\u017ei pre letn\u00e9 koncerty pod hol\u00fdm nebom. Po\u010das prehliadky sa tu m\u00f4\u017ee\u0161 prech\u00e1dza\u0165 medzi zvy\u0161kami verejn\u00fdch k\u00fape\u013eov a <strong>sk\u00fama\u0165 zachoval\u00e9 podlahov\u00e9 mozaiky v domoch bohat\u00fdch ob\u010danov<\/strong>, ktor\u00e9 patria k t\u00fdm najlep\u0161\u00edm na ostrove.<\/p>\n\n\n\n<figure data-wp-context=\"{&quot;imageId&quot;:&quot;6a9944f309407&quot;}\" data-wp-interactive=\"core\/image\" data-wp-key=\"6a9944f309407\" class=\"wp-block-image size-full wp-lightbox-container\"><img decoding=\"async\" width=\"1500\" height=\"937\" data-wp-class--hide=\"state.isContentHidden\" data-wp-class--show=\"state.isContentVisible\" data-wp-init=\"callbacks.setButtonStyles\" data-wp-on--click=\"actions.showLightbox\" data-wp-on--load=\"callbacks.setButtonStyles\" data-wp-on--pointerdown=\"actions.preloadImage\" data-wp-on--pointerenter=\"actions.preloadImageWithDelay\" data-wp-on--pointerleave=\"actions.cancelPreload\" data-wp-on-window--resize=\"callbacks.setButtonStyles\" src=\"https:\/\/loudavymkrokem.cz\/wp-content\/uploads\/2026\/08\/dovolena-kypr-t09.jpg\" alt=\"Antick\u00e9 divadlo v Kourione\" class=\"wp-image-399874\" title=\"\" srcset=\"https:\/\/loudavymkrokem.cz\/wp-content\/uploads\/2026\/08\/dovolena-kypr-t09.jpg 1500w, https:\/\/loudavymkrokem.cz\/wp-content\/uploads\/2026\/08\/dovolena-kypr-t09-300x187.jpg 300w, https:\/\/loudavymkrokem.cz\/wp-content\/uploads\/2026\/08\/dovolena-kypr-t09-700x437.jpg 700w, https:\/\/loudavymkrokem.cz\/wp-content\/uploads\/2026\/08\/dovolena-kypr-t09-768x480.jpg 768w, https:\/\/loudavymkrokem.cz\/wp-content\/uploads\/2026\/08\/dovolena-kypr-t09-696x435.jpg 696w, https:\/\/loudavymkrokem.cz\/wp-content\/uploads\/2026\/08\/dovolena-kypr-t09-1392x870.jpg 1392w\" sizes=\"(max-width: 1500px) 100vw, 1500px\" \/><button\n\t\t\tclass=\"lightbox-trigger\"\n\t\t\ttype=\"button\"\n\t\t\taria-haspopup=\"dialog\"\n\t\t\tdata-wp-bind--aria-label=\"state.thisImage.triggerButtonAriaLabel\"\n\t\t\tdata-wp-init=\"callbacks.initTriggerButton\"\n\t\t\tdata-wp-on--click=\"actions.showLightbox\"\n\t\t\tdata-wp-style--right=\"state.thisImage.buttonRight\"\n\t\t\tdata-wp-style--top=\"state.thisImage.buttonTop\"\n\t\t>\n\t\t\t<svg xmlns=\"http:\/\/www.w3.org\/2000\/svg\" width=\"12\" height=\"12\" fill=\"none\" viewBox=\"0 0 12 12\">\n\t\t\t\t<path fill=\"#fff\" d=\"M2 0a2 2 0 0 0-2 2v2h1.5V2a.5.5 0 0 1 .5-.5h2V0H2Zm2 10.5H2a.5.5 0 0 1-.5-.5V8H0v2a2 2 0 0 0 2 2h2v-1.5ZM8 12v-1.5h2a.5.5 0 0 0 .5-.5V8H12v2a2 2 0 0 1-2 2H8Zm2-12a2 2 0 0 1 2 2v2h-1.5V2a.5.5 0 0 0-.5-.5H8V0h2Z\" \/>\n\t\t\t<\/svg>\n\t\t<\/button><figcaption class=\"wp-element-caption\">Antick\u00e9 divadlo v Kourione (Foto: A.Savin \/ Wikimedia Commons, FAL)<\/figcaption><\/figure>\n\n\n\n<p class=\"wp-block-paragraph\">Archeologick\u00fd are\u00e1l je dos\u0165 ve\u013ek\u00fd a rozosiaty na roz\u013eahlom kopci, tak\u017ee ur\u010dite po\u010d\u00edtaj s dlh\u0161ou prech\u00e1dzkou na priamom slnku. Aj tu plat\u00ed osved\u010den\u00e9 pravidlo skor\u00e9ho rann\u00e9ho pr\u00edchodu, ke\u010f sa vyhne\u0161 najv\u00e4\u010d\u0161iemu teplu a ve\u013ek\u00fdm davom z v\u00fdletn\u00fdch autobusov. Z \u00fatesu potom m\u00f4\u017ee\u0161 <strong>z\u00eds\u0165 rovno dole na rovnomenn\u00fa pl\u00e1\u017e Kourion<\/strong>, ktor\u00e1 je ve\u013emi ob\u013e\u00faben\u00e1 medzi miestnymi a pon\u00faka v\u00fdborn\u00e9 podmienky pre popolud\u0148aj\u0161ie schladenie v mori.<\/p>\n\n\n\n<h3 id=\"10_Hrad_Kolossi\" class=\"wp-block-heading\"><span class=\"ez-toc-section\" id=\"10_Hrad_Kolossi\"><\/span>10. Hrad Kolossi<span class=\"ez-toc-section-end\"><\/span><\/h3>\n\n\n\n<p class=\"wp-block-paragraph\">Hrad Kolossi je mas\u00edvna kri\u017eiacka pevnos\u0165 z trin\u00e1steho storo\u010dia, ktor\u00e1 na prv\u00fd poh\u013ead p\u00f4sob\u00ed ako nedobytn\u00e1 kamenn\u00e1 kocka obklopen\u00e1 sadmi a vinicami. T\u00e1to stavba kedysi sl\u00fa\u017eila ako d\u00f4le\u017eit\u00e9 velite\u013esk\u00e9 centrum mocn\u00fdch johanitov a templ\u00e1rov, ktor\u00ed odtia\u013e spravovali svoje obrovsk\u00e9 majetky na ostrove. Miesto je sl\u00e1vne predov\u0161etk\u00fdm v\u010faka tomu, \u017ee sa tu za\u010dala p\u00edsa\u0165 <strong>hist\u00f3ria legend\u00e1rneho sladk\u00e9ho v\u00edna Commandaria<\/strong>, ktor\u00e9 rytieri vyr\u00e1bali a s ob\u013eubou vyv\u00e1\u017eali k eur\u00f3pskym kr\u00e1\u013eovsk\u00fdm dvorom.<\/p>\n\n\n\n<figure data-wp-context=\"{&quot;imageId&quot;:&quot;6a9944f309a47&quot;}\" data-wp-interactive=\"core\/image\" data-wp-key=\"6a9944f309a47\" class=\"wp-block-image size-full wp-lightbox-container\"><img decoding=\"async\" width=\"1500\" height=\"1000\" data-wp-class--hide=\"state.isContentHidden\" data-wp-class--show=\"state.isContentVisible\" data-wp-init=\"callbacks.setButtonStyles\" data-wp-on--click=\"actions.showLightbox\" data-wp-on--load=\"callbacks.setButtonStyles\" data-wp-on--pointerdown=\"actions.preloadImage\" data-wp-on--pointerenter=\"actions.preloadImageWithDelay\" data-wp-on--pointerleave=\"actions.cancelPreload\" data-wp-on-window--resize=\"callbacks.setButtonStyles\" src=\"https:\/\/loudavymkrokem.cz\/wp-content\/uploads\/2026\/08\/dovolena-kypr-t10.jpg\" alt=\"Kri\u017eiacka pevnos\u0165 Kolossi\" class=\"wp-image-399877\" title=\"\" srcset=\"https:\/\/loudavymkrokem.cz\/wp-content\/uploads\/2026\/08\/dovolena-kypr-t10.jpg 1500w, https:\/\/loudavymkrokem.cz\/wp-content\/uploads\/2026\/08\/dovolena-kypr-t10-300x200.jpg 300w, https:\/\/loudavymkrokem.cz\/wp-content\/uploads\/2026\/08\/dovolena-kypr-t10-700x467.jpg 700w, https:\/\/loudavymkrokem.cz\/wp-content\/uploads\/2026\/08\/dovolena-kypr-t10-768x512.jpg 768w, https:\/\/loudavymkrokem.cz\/wp-content\/uploads\/2026\/08\/dovolena-kypr-t10-696x464.jpg 696w, https:\/\/loudavymkrokem.cz\/wp-content\/uploads\/2026\/08\/dovolena-kypr-t10-1392x928.jpg 1392w\" sizes=\"(max-width: 1500px) 100vw, 1500px\" \/><button\n\t\t\tclass=\"lightbox-trigger\"\n\t\t\ttype=\"button\"\n\t\t\taria-haspopup=\"dialog\"\n\t\t\tdata-wp-bind--aria-label=\"state.thisImage.triggerButtonAriaLabel\"\n\t\t\tdata-wp-init=\"callbacks.initTriggerButton\"\n\t\t\tdata-wp-on--click=\"actions.showLightbox\"\n\t\t\tdata-wp-style--right=\"state.thisImage.buttonRight\"\n\t\t\tdata-wp-style--top=\"state.thisImage.buttonTop\"\n\t\t>\n\t\t\t<svg xmlns=\"http:\/\/www.w3.org\/2000\/svg\" width=\"12\" height=\"12\" fill=\"none\" viewBox=\"0 0 12 12\">\n\t\t\t\t<path fill=\"#fff\" d=\"M2 0a2 2 0 0 0-2 2v2h1.5V2a.5.5 0 0 1 .5-.5h2V0H2Zm2 10.5H2a.5.5 0 0 1-.5-.5V8H0v2a2 2 0 0 0 2 2h2v-1.5ZM8 12v-1.5h2a.5.5 0 0 0 .5-.5V8H12v2a2 2 0 0 1-2 2H8Zm2-12a2 2 0 0 1 2 2v2h-1.5V2a.5.5 0 0 0-.5-.5H8V0h2Z\" \/>\n\t\t\t<\/svg>\n\t\t<\/button><figcaption class=\"wp-element-caption\">Kri\u017eiacka pevnos\u0165 Kolossi (Foto: Diego Delso \/ Wikimedia Commons, CC BY-SA 4.0)<\/figcaption><\/figure>\n\n\n\n<p class=\"wp-block-paragraph\">Vn\u00fatri pevnosti uvid\u00ed\u0161 obrovsk\u00e9 star\u00e9 kozuby, zachoval\u00e9 fresky a m\u00f4\u017ee\u0161 bezpe\u010dne vyst\u00fapa\u0165 po to\u010ditom kamennom schodisku a\u017e na samotn\u00fa strechu. Odtia\u013e sa pon\u00faka <strong>kr\u00e1sny v\u00fdh\u013ead na okolit\u00e9 citrusov\u00e9 plant\u00e1\u017ee<\/strong> a ruiny star\u00e9ho stredovek\u00e9ho cukrovaru, ktor\u00fd hne\u010f tesne sused\u00ed s hradom. N\u00e1v\u0161teva tohto miesta nezaberie pr\u00edli\u0161 ve\u013ea \u010dasu, tak\u017ee sa ide\u00e1lne hod\u00ed ako kr\u00e1tka historick\u00e1 zast\u00e1vka pri dlh\u0161ej ceste pozd\u013a\u017e pobre\u017eia.<\/p>\n\n\n\n<h3 id=\"11_Mys_Cape_Greco_a_Kamara_tou_Koraka\" class=\"wp-block-heading\"><span class=\"ez-toc-section\" id=\"11_Mys_Cape_Greco_a_Kamara_tou_Koraka\"><\/span>11. Mys Cape Greco a Kamara tou Koraka<span class=\"ez-toc-section-end\"><\/span><\/h3>\n\n\n\n<p class=\"wp-block-paragraph\">Mys Cape Greco tvor\u00ed pomyseln\u00fa skalnat\u00fa hranicu medzi ju\u017en\u00fdm a v\u00fdchodn\u00fdm pobre\u017e\u00edm a n\u00e1jde\u0161 tu jedny z najdramatickej\u0161\u00edch \u00fatesov na celom ostrove. Pr\u00edrodn\u00fd park ukr\u00fdva kopu zauj\u00edmavost\u00ed, z ktor\u00fdch jednozna\u010dne najzn\u00e1mej\u0161\u00ed je obrovsk\u00fd skaln\u00fd obl\u00fak Kamara tou Koraka, ktor\u00fd balansuje priamo nad strmou priepas\u0165ou. Voda okolo cel\u00e9ho polostrova m\u00e1 neuverite\u013en\u00fa tyrkysov\u00fa farbu a <strong>hlbok\u00e9 morsk\u00e9 jaskyne l\u00e1kaj\u00fa na presk\u00famavanie<\/strong>, obzvl\u00e1\u0161\u0165 ak sa k nim vyd\u00e1\u0161 men\u0161ou v\u00fdletnou lo\u010fou \u010di po\u010das \u0161norchlovania.<\/p>\n\n\n\n<figure data-wp-context=\"{&quot;imageId&quot;:&quot;6a9944f309fd1&quot;}\" data-wp-interactive=\"core\/image\" data-wp-key=\"6a9944f309fd1\" class=\"wp-block-image size-full wp-lightbox-container\"><img decoding=\"async\" width=\"1500\" height=\"1125\" data-wp-class--hide=\"state.isContentHidden\" data-wp-class--show=\"state.isContentVisible\" data-wp-init=\"callbacks.setButtonStyles\" data-wp-on--click=\"actions.showLightbox\" data-wp-on--load=\"callbacks.setButtonStyles\" data-wp-on--pointerdown=\"actions.preloadImage\" data-wp-on--pointerenter=\"actions.preloadImageWithDelay\" data-wp-on--pointerleave=\"actions.cancelPreload\" data-wp-on-window--resize=\"callbacks.setButtonStyles\" src=\"https:\/\/loudavymkrokem.cz\/wp-content\/uploads\/2026\/08\/dovolena-kypr-t11.jpg\" alt=\"Skaln\u00fd obl\u00fak na myse Cape Greco\" class=\"wp-image-399881\" title=\"\" srcset=\"https:\/\/loudavymkrokem.cz\/wp-content\/uploads\/2026\/08\/dovolena-kypr-t11.jpg 1500w, https:\/\/loudavymkrokem.cz\/wp-content\/uploads\/2026\/08\/dovolena-kypr-t11-300x225.jpg 300w, https:\/\/loudavymkrokem.cz\/wp-content\/uploads\/2026\/08\/dovolena-kypr-t11-700x525.jpg 700w, https:\/\/loudavymkrokem.cz\/wp-content\/uploads\/2026\/08\/dovolena-kypr-t11-768x576.jpg 768w, https:\/\/loudavymkrokem.cz\/wp-content\/uploads\/2026\/08\/dovolena-kypr-t11-80x60.jpg 80w, https:\/\/loudavymkrokem.cz\/wp-content\/uploads\/2026\/08\/dovolena-kypr-t11-160x120.jpg 160w, https:\/\/loudavymkrokem.cz\/wp-content\/uploads\/2026\/08\/dovolena-kypr-t11-696x522.jpg 696w, https:\/\/loudavymkrokem.cz\/wp-content\/uploads\/2026\/08\/dovolena-kypr-t11-1392x1044.jpg 1392w\" sizes=\"(max-width: 1500px) 100vw, 1500px\" \/><button\n\t\t\tclass=\"lightbox-trigger\"\n\t\t\ttype=\"button\"\n\t\t\taria-haspopup=\"dialog\"\n\t\t\tdata-wp-bind--aria-label=\"state.thisImage.triggerButtonAriaLabel\"\n\t\t\tdata-wp-init=\"callbacks.initTriggerButton\"\n\t\t\tdata-wp-on--click=\"actions.showLightbox\"\n\t\t\tdata-wp-style--right=\"state.thisImage.buttonRight\"\n\t\t\tdata-wp-style--top=\"state.thisImage.buttonTop\"\n\t\t>\n\t\t\t<svg xmlns=\"http:\/\/www.w3.org\/2000\/svg\" width=\"12\" height=\"12\" fill=\"none\" viewBox=\"0 0 12 12\">\n\t\t\t\t<path fill=\"#fff\" d=\"M2 0a2 2 0 0 0-2 2v2h1.5V2a.5.5 0 0 1 .5-.5h2V0H2Zm2 10.5H2a.5.5 0 0 1-.5-.5V8H0v2a2 2 0 0 0 2 2h2v-1.5ZM8 12v-1.5h2a.5.5 0 0 0 .5-.5V8H12v2a2 2 0 0 1-2 2H8Zm2-12a2 2 0 0 1 2 2v2h-1.5V2a.5.5 0 0 0-.5-.5H8V0h2Z\" \/>\n\t\t\t<\/svg>\n\t\t<\/button><figcaption class=\"wp-element-caption\">Skaln\u00fd obl\u00fak na myse Cape Greco (Foto: Knowledge2need \/ Wikimedia Commons, CC BY-SA 4.0)<\/figcaption><\/figure>\n\n\n\n<p class=\"wp-block-paragraph\">T\u00e1to lokalita je \u00faplne fantastick\u00e1 pre milovn\u00edkov podmorsk\u00e9ho sveta, preto\u017ee vidite\u013enos\u0165 pod hladinou tu b\u00fdva po cel\u00fd rok vynikaj\u00faca. Na Cape Greco vedie kopa dobre udr\u017eiavan\u00fdch turistick\u00fdch chodn\u00edkov s lavi\u010dkami, ktor\u00e9 s\u00fa skvel\u00e9 pre ve\u010dern\u00e9 \u00faniky do pr\u00edrody. Cestovatelia sa zhoduj\u00fa, \u017ee pr\u00e1ve \u00fatesy na tomto myse pon\u00fakaj\u00fa <strong>jedny z najlep\u0161\u00edch v\u00fdh\u013eadov na magick\u00fd z\u00e1pad slnka<\/strong> v celej v\u00fdchodnej \u010dasti Cypru.<\/p>\n\n\n\n<h3 id=\"12_Larnaka_Slane_jezero_a_plamenaci\" class=\"wp-block-heading\"><span class=\"ez-toc-section\" id=\"12_Larnaka_Slane_jazero_a_plameniaky\"><\/span>12. Larnaka: Slan\u00e9 jazero a plameniaky<span class=\"ez-toc-section-end\"><\/span><\/h3>\n\n\n\n<p class=\"wp-block-paragraph\">Larnaka sp\u00e1ja uvo\u013enen\u00fa atmosf\u00e9ru pr\u00edmorsk\u00e9ho letoviska s bohatou hist\u00f3riou a zauj\u00edmav\u00fdmi pr\u00edrodn\u00fdmi \u00fakazmi v tesnom okol\u00ed. Hne\u010f za mestom sa rozklad\u00e1 roz\u013eahl\u00e9 Slan\u00e9 jazero, kde sa po\u010das zimn\u00fdch a jarn\u00fdch mesiacov <strong>zastavuj\u00fa obrovsk\u00e9 k\u0155dle n\u00e1dhern\u00fdch ru\u017eov\u00fdch plameniakov<\/strong>, \u010do tvor\u00ed neskuto\u010dne fotogenick\u00fa pod\u00edvan\u00fa. Na brehu tohto jazera sa kr\u010d\u00ed v\u00fdznamn\u00e1 islamsk\u00e1 sv\u00e4ty\u0148a me\u0161ita Hala Sultan Tekke a v samotnom centre mesta potom nesmie\u0161 min\u00fa\u0165 n\u00e1dhern\u00fd kamenn\u00fd kostol sv\u00e4t\u00e9ho Lazara z deviateho storo\u010dia.<\/p>\n\n\n\n<figure data-wp-context=\"{&quot;imageId&quot;:&quot;6a9944f30a487&quot;}\" data-wp-interactive=\"core\/image\" data-wp-key=\"6a9944f30a487\" class=\"wp-block-image size-full wp-lightbox-container\"><img decoding=\"async\" width=\"1500\" height=\"1124\" data-wp-class--hide=\"state.isContentHidden\" data-wp-class--show=\"state.isContentVisible\" data-wp-init=\"callbacks.setButtonStyles\" data-wp-on--click=\"actions.showLightbox\" data-wp-on--load=\"callbacks.setButtonStyles\" data-wp-on--pointerdown=\"actions.preloadImage\" data-wp-on--pointerenter=\"actions.preloadImageWithDelay\" data-wp-on--pointerleave=\"actions.cancelPreload\" data-wp-on-window--resize=\"callbacks.setButtonStyles\" src=\"https:\/\/loudavymkrokem.cz\/wp-content\/uploads\/2026\/08\/dovolena-kypr-t12.jpg\" alt=\"Slan\u00e9 jazero pri Larnake\" class=\"wp-image-399885\" title=\"\" srcset=\"https:\/\/loudavymkrokem.cz\/wp-content\/uploads\/2026\/08\/dovolena-kypr-t12.jpg 1500w, https:\/\/loudavymkrokem.cz\/wp-content\/uploads\/2026\/08\/dovolena-kypr-t12-300x225.jpg 300w, https:\/\/loudavymkrokem.cz\/wp-content\/uploads\/2026\/08\/dovolena-kypr-t12-700x525.jpg 700w, https:\/\/loudavymkrokem.cz\/wp-content\/uploads\/2026\/08\/dovolena-kypr-t12-768x575.jpg 768w, https:\/\/loudavymkrokem.cz\/wp-content\/uploads\/2026\/08\/dovolena-kypr-t12-80x60.jpg 80w, https:\/\/loudavymkrokem.cz\/wp-content\/uploads\/2026\/08\/dovolena-kypr-t12-160x120.jpg 160w, https:\/\/loudavymkrokem.cz\/wp-content\/uploads\/2026\/08\/dovolena-kypr-t12-696x522.jpg 696w, https:\/\/loudavymkrokem.cz\/wp-content\/uploads\/2026\/08\/dovolena-kypr-t12-1392x1043.jpg 1392w\" sizes=\"(max-width: 1500px) 100vw, 1500px\" \/><button\n\t\t\tclass=\"lightbox-trigger\"\n\t\t\ttype=\"button\"\n\t\t\taria-haspopup=\"dialog\"\n\t\t\tdata-wp-bind--aria-label=\"state.thisImage.triggerButtonAriaLabel\"\n\t\t\tdata-wp-init=\"callbacks.initTriggerButton\"\n\t\t\tdata-wp-on--click=\"actions.showLightbox\"\n\t\t\tdata-wp-style--right=\"state.thisImage.buttonRight\"\n\t\t\tdata-wp-style--top=\"state.thisImage.buttonTop\"\n\t\t>\n\t\t\t<svg xmlns=\"http:\/\/www.w3.org\/2000\/svg\" width=\"12\" height=\"12\" fill=\"none\" viewBox=\"0 0 12 12\">\n\t\t\t\t<path fill=\"#fff\" d=\"M2 0a2 2 0 0 0-2 2v2h1.5V2a.5.5 0 0 1 .5-.5h2V0H2Zm2 10.5H2a.5.5 0 0 1-.5-.5V8H0v2a2 2 0 0 0 2 2h2v-1.5ZM8 12v-1.5h2a.5.5 0 0 0 .5-.5V8H12v2a2 2 0 0 1-2 2H8Zm2-12a2 2 0 0 1 2 2v2h-1.5V2a.5.5 0 0 0-.5-.5H8V0h2Z\" \/>\n\t\t\t<\/svg>\n\t\t<\/button><figcaption class=\"wp-element-caption\">Slan\u00e9 jazero pri Larnake (Foto: Gerda Arendt \/ Wikimedia Commons, CC0)<\/figcaption><\/figure>\n\n\n\n<p class=\"wp-block-paragraph\">Ak pr\u00e1ve uva\u017euje\u0161, <a href=\"https:\/\/loudavymkrokem.cz\/sk\/september-najlepsie-miesta-dovolenku\/\">kam na dovolenku v septembri<\/a>, okolie Larnaky predstavuje skvel\u00fa vo\u013ebu s ide\u00e1lnymi teplotami a st\u00e1le kr\u00e1sne vyhriatym morom. V\u00e4\u010d\u0161ina turistov mestom len r\u00fdchlo prejde po pr\u00edlete na letisko, ale <strong>Larnaka si ur\u010dite zasl\u00fa\u017ei aspo\u0148 poldenn\u00fa zast\u00e1vku<\/strong>. M\u00f4\u017ee\u0161 sa v pokoji prejs\u0165 po palmovej promen\u00e1de Finikoudes, posedie\u0165 v miestnych kaviar\u0148ach a nasa\u0165 t\u00fa spr\u00e1vnu cypersk\u00fa pohodu.<\/p>\n\n\n\n<h3 id=\"13_Nissi_Beach_nejslavnejsi_plaz_Kypru\" class=\"wp-block-heading\"><span class=\"ez-toc-section\" id=\"13_Nissi_Beach_najslavnejsia_plaz_Cypru\"><\/span>13. Nissi Beach: najsl\u00e1vnej\u0161ia pl\u00e1\u017e Cypru<span class=\"ez-toc-section-end\"><\/span><\/h3>\n\n\n\n<p class=\"wp-block-paragraph\">Nissi Beach je pravdepodobne tou v\u00f4bec najsl\u00e1vnej\u0161ou a najfotografovanej\u0161ou pl\u00e1\u017eou cel\u00e9ho Cypru, ktor\u00e1 \u00faplne pravidelne vyhr\u00e1va rebr\u00ed\u010dky kr\u00e1sy. L\u00e1ka na oslnivo biely jemn\u00fd piesok, neuverite\u013ene plytk\u00fa vodu a typick\u00fa pieso\u010dn\u00fa kosu, po ktorej sa d\u00e1 suchou nohou d\u00f4js\u0165 na mal\u00fd ostrov\u010dek k\u00fasok od brehu. Voda je tu <strong>pr\u00edjemne vyhriata a v\u00e4\u010d\u0161inu \u010dasu ve\u013emi pokojn\u00e1<\/strong>, \u010do z nej rob\u00ed na prv\u00fd poh\u013ead dokonal\u00fd karibsk\u00fd raj pre v\u0161etk\u00fdch milovn\u00edkov k\u00fapania.<\/p>\n\n\n\n<figure data-wp-context=\"{&quot;imageId&quot;:&quot;6a9944f30aa8c&quot;}\" data-wp-interactive=\"core\/image\" data-wp-key=\"6a9944f30aa8c\" class=\"wp-block-image size-full wp-lightbox-container\"><img decoding=\"async\" width=\"1500\" height=\"1000\" data-wp-class--hide=\"state.isContentHidden\" data-wp-class--show=\"state.isContentVisible\" data-wp-init=\"callbacks.setButtonStyles\" data-wp-on--click=\"actions.showLightbox\" data-wp-on--load=\"callbacks.setButtonStyles\" data-wp-on--pointerdown=\"actions.preloadImage\" data-wp-on--pointerenter=\"actions.preloadImageWithDelay\" data-wp-on--pointerleave=\"actions.cancelPreload\" data-wp-on-window--resize=\"callbacks.setButtonStyles\" src=\"https:\/\/loudavymkrokem.cz\/wp-content\/uploads\/2026\/08\/dovolena-kypr-t13.jpg\" alt=\"Pl\u00e1\u017e Nissi Beach v Ayia Nape\" class=\"wp-image-399888\" title=\"\" srcset=\"https:\/\/loudavymkrokem.cz\/wp-content\/uploads\/2026\/08\/dovolena-kypr-t13.jpg 1500w, https:\/\/loudavymkrokem.cz\/wp-content\/uploads\/2026\/08\/dovolena-kypr-t13-300x200.jpg 300w, https:\/\/loudavymkrokem.cz\/wp-content\/uploads\/2026\/08\/dovolena-kypr-t13-700x467.jpg 700w, https:\/\/loudavymkrokem.cz\/wp-content\/uploads\/2026\/08\/dovolena-kypr-t13-768x512.jpg 768w, https:\/\/loudavymkrokem.cz\/wp-content\/uploads\/2026\/08\/dovolena-kypr-t13-696x464.jpg 696w, https:\/\/loudavymkrokem.cz\/wp-content\/uploads\/2026\/08\/dovolena-kypr-t13-1392x928.jpg 1392w\" sizes=\"(max-width: 1500px) 100vw, 1500px\" \/><button\n\t\t\tclass=\"lightbox-trigger\"\n\t\t\ttype=\"button\"\n\t\t\taria-haspopup=\"dialog\"\n\t\t\tdata-wp-bind--aria-label=\"state.thisImage.triggerButtonAriaLabel\"\n\t\t\tdata-wp-init=\"callbacks.initTriggerButton\"\n\t\t\tdata-wp-on--click=\"actions.showLightbox\"\n\t\t\tdata-wp-style--right=\"state.thisImage.buttonRight\"\n\t\t\tdata-wp-style--top=\"state.thisImage.buttonTop\"\n\t\t>\n\t\t\t<svg xmlns=\"http:\/\/www.w3.org\/2000\/svg\" width=\"12\" height=\"12\" fill=\"none\" viewBox=\"0 0 12 12\">\n\t\t\t\t<path fill=\"#fff\" d=\"M2 0a2 2 0 0 0-2 2v2h1.5V2a.5.5 0 0 1 .5-.5h2V0H2Zm2 10.5H2a.5.5 0 0 1-.5-.5V8H0v2a2 2 0 0 0 2 2h2v-1.5ZM8 12v-1.5h2a.5.5 0 0 0 .5-.5V8H12v2a2 2 0 0 1-2 2H8Zm2-12a2 2 0 0 1 2 2v2h-1.5V2a.5.5 0 0 0-.5-.5H8V0h2Z\" \/>\n\t\t\t<\/svg>\n\t\t<\/button><figcaption class=\"wp-element-caption\">Pl\u00e1\u017e Nissi Beach v Ayia Nape (Foto: Dmitry Panov \/ Wikimedia Commons, CC BY 3.0)<\/figcaption><\/figure>\n\n\n\n<p class=\"wp-block-paragraph\">Mus\u00edm \u0165a ale \u00faprimne varova\u0165, \u017ee v hlavnej letnej sez\u00f3ne je to jedna z najpreplnenej\u0161\u00edch pl\u00e1\u017e\u00ed cel\u00e9ho ostrova a pokoj tam naozaj neh\u013eadaj. Cez de\u0148 tu <strong>\u010dasto hr\u00e1 ve\u013emi hlasn\u00e1 hudba z pl\u00e1\u017eov\u00fdch klubov<\/strong>, poriadaj\u00fa sa tu bujar\u00e9 p\u00e1rty a n\u00e1js\u0165 vo\u013en\u00e9 le\u017eadlo po desiatej hodine r\u00e1no b\u00fdva nad\u013eudsk\u00e1 \u00faloha. Ak si chce\u0161 u\u017ei\u0165 jej kr\u00e1su v relat\u00edvnom pokoji, doraz rad\u0161ej naozaj skoro r\u00e1no, ke\u010f sa pl\u00e1\u017e e\u0161te len preb\u00fadza k \u017eivotu.<\/p>\n\n\n\n<h3 id=\"14_Ayia_Napa_party_ale_i_klaster_a_morske_jeskyne\" class=\"wp-block-heading\"><span class=\"ez-toc-section\" id=\"14_Ayia_Napa_party_ale_aj_klastor_a_morske_jaskyne\"><\/span>14. Ayia Napa: p\u00e1rty, ale aj kl\u00e1\u0161tor a morsk\u00e9 jaskyne<span class=\"ez-toc-section-end\"><\/span><\/h3>\n\n\n\n<p class=\"wp-block-paragraph\">Ayia Napa si vysl\u00fa\u017eila medzin\u00e1rodn\u00fa poves\u0165 divok\u00e9ho p\u00e1rty mesta, ktor\u00e9 nikdy nesp\u00ed a v lete sa men\u00ed na jedno obrovsk\u00e9 tane\u010dn\u00e9 parkovisko pre mlad\u00fdch z celej Eur\u00f3py. Epicentrom v\u0161etk\u00e9ho no\u010dn\u00e9ho diania je presl\u00e1ven\u00e1 ulica Nissi Avenue, kde n\u00e1jde\u0161 desiatky tematick\u00fdch barov a obrovsk\u00fdch diskot\u00e9k. Napriek tomu mesto pon\u00faka aj ve\u013emi pokojn\u00fa tv\u00e1r, preto\u017ee priamo uprostred v\u0161etk\u00e9ho toho modern\u00e9ho bl\u00e1znenia <strong>stoj\u00ed star\u00fd ben\u00e1tsky kl\u00e1\u0161tor z p\u00e4tn\u00e1steho storo\u010dia<\/strong>, ktor\u00fd p\u00f4sob\u00ed ako ne\u010dakan\u00e1 o\u00e1za \u00fapln\u00e9ho ticha.<\/p>\n\n\n\n<figure data-wp-context=\"{&quot;imageId&quot;:&quot;6a9944f30b12c&quot;}\" data-wp-interactive=\"core\/image\" data-wp-key=\"6a9944f30b12c\" class=\"wp-block-image size-full wp-lightbox-container\"><img decoding=\"async\" width=\"1500\" height=\"1086\" data-wp-class--hide=\"state.isContentHidden\" data-wp-class--show=\"state.isContentVisible\" data-wp-init=\"callbacks.setButtonStyles\" data-wp-on--click=\"actions.showLightbox\" data-wp-on--load=\"callbacks.setButtonStyles\" data-wp-on--pointerdown=\"actions.preloadImage\" data-wp-on--pointerenter=\"actions.preloadImageWithDelay\" data-wp-on--pointerleave=\"actions.cancelPreload\" data-wp-on-window--resize=\"callbacks.setButtonStyles\" src=\"https:\/\/loudavymkrokem.cz\/wp-content\/uploads\/2026\/08\/dovolena-kypr-t14.jpg\" alt=\"Kl\u00e1\u0161tor v Ayia Nape\" class=\"wp-image-399893\" title=\"\" srcset=\"https:\/\/loudavymkrokem.cz\/wp-content\/uploads\/2026\/08\/dovolena-kypr-t14.jpg 1500w, https:\/\/loudavymkrokem.cz\/wp-content\/uploads\/2026\/08\/dovolena-kypr-t14-300x217.jpg 300w, https:\/\/loudavymkrokem.cz\/wp-content\/uploads\/2026\/08\/dovolena-kypr-t14-700x507.jpg 700w, https:\/\/loudavymkrokem.cz\/wp-content\/uploads\/2026\/08\/dovolena-kypr-t14-768x556.jpg 768w, https:\/\/loudavymkrokem.cz\/wp-content\/uploads\/2026\/08\/dovolena-kypr-t14-696x504.jpg 696w, https:\/\/loudavymkrokem.cz\/wp-content\/uploads\/2026\/08\/dovolena-kypr-t14-1392x1008.jpg 1392w\" sizes=\"(max-width: 1500px) 100vw, 1500px\" \/><button\n\t\t\tclass=\"lightbox-trigger\"\n\t\t\ttype=\"button\"\n\t\t\taria-haspopup=\"dialog\"\n\t\t\tdata-wp-bind--aria-label=\"state.thisImage.triggerButtonAriaLabel\"\n\t\t\tdata-wp-init=\"callbacks.initTriggerButton\"\n\t\t\tdata-wp-on--click=\"actions.showLightbox\"\n\t\t\tdata-wp-style--right=\"state.thisImage.buttonRight\"\n\t\t\tdata-wp-style--top=\"state.thisImage.buttonTop\"\n\t\t>\n\t\t\t<svg xmlns=\"http:\/\/www.w3.org\/2000\/svg\" width=\"12\" height=\"12\" fill=\"none\" viewBox=\"0 0 12 12\">\n\t\t\t\t<path fill=\"#fff\" d=\"M2 0a2 2 0 0 0-2 2v2h1.5V2a.5.5 0 0 1 .5-.5h2V0H2Zm2 10.5H2a.5.5 0 0 1-.5-.5V8H0v2a2 2 0 0 0 2 2h2v-1.5ZM8 12v-1.5h2a.5.5 0 0 0 .5-.5V8H12v2a2 2 0 0 1-2 2H8Zm2-12a2 2 0 0 1 2 2v2h-1.5V2a.5.5 0 0 0-.5-.5H8V0h2Z\" \/>\n\t\t\t<\/svg>\n\t\t<\/button><figcaption class=\"wp-element-caption\">Kl\u00e1\u0161tor v Ayia Nape (Foto: Zairon \/ Wikimedia Commons, CC BY-SA 4.0)<\/figcaption><\/figure>\n\n\n\n<p class=\"wp-block-paragraph\">Okrem no\u010dn\u00e9ho \u017eivota sa Ayia Napa p\u00fd\u0161i vynikaj\u00facim pr\u00edstupom k moru a kopou n\u00e1dhern\u00fdch z\u00e1tok s kri\u0161t\u00e1\u013eovou vodou. Z miestneho \u017eiv\u00e9ho pr\u00edstavu denne <strong>vypl\u00e1vaj\u00fa men\u0161ie v\u00fdletn\u00e9 lode k morsk\u00fdm jaskyniam<\/strong> a pozd\u013a\u017e pobre\u017eia vedie kopa pekn\u00fdch pe\u0161\u00edch tr\u00e1s. Mesto teda funguje prekvapivo dobre tak pre milovn\u00edkov nekone\u010dn\u00fdch ve\u010dierkov, ako aj pre cestovate\u013eov, ktor\u00ed chc\u00fa cez de\u0148 presk\u00famava\u0165 pekn\u00e9 pr\u00edrodn\u00e9 \u00fakazy.<\/p>\n\n\n\n<!-- LKM_GYG_CARD start q=\"kypr\" lang=\"sk\" rendered=\"2026-09-01T06:57:17+00:00\" v=\"1\" -->\n\n<!-- LKM_GYG_CARD end -->\n\n\n\n\n<div class=\"lk-stays-module\">\n<style>\n\/* \u2500\u2500\u2500 RESET PRO GUTENBERG \u2500\u2500\u2500 *\/\n.lk-stays-module * { box-sizing: border-box; margin: 0; padding: 0; }\n\n\/* \u2500\u2500\u2500 WRAPPER \u2500\u2500\u2500 *\/\n.lk-stays-module {\n  font-family: 'DM Sans', Georgia, sans-serif;\n  max-width: 100%;\n  margin: 2.5rem auto;\n  background: linear-gradient(135deg, #fdfaf5 0%, #fcf8f0 100%);\n  border: 1px solid #e8dfd4;\n  border-radius: 16px;\n  overflow: hidden;\n  box-shadow: 0 16px 48px rgba(195, 159, 118, 0.25), 0 4px 12px rgba(0,0,0,0.08);\n}\n\n\/* \u2500\u2500\u2500 HEADER \u2500\u2500\u2500 *\/\n.lk-stays-header {\n  position: relative;\n  padding: 24px 36px 24px;\n  background: linear-gradient(135deg, #c39f76 0%, #d4b188 60%, #c39f76 100%);\n  border-bottom: 1px solid rgba(255,255,255,.15);\n  display: flex;\n  align-items: center;\n  gap: 18px;\n}\n.lk-stays-header::before {\n  content: '';\n  position: absolute;\n  inset: 0;\n  background: url(\"data:image\/svg+xml,%3Csvg width='60' height='60' viewBox='0 0 60 60' xmlns='http:\/\/www.w3.org\/2000\/svg'%3E%3Cg fill='none' fill-rule='evenodd'%3E%3Cg fill='%23ffffff' fill-opacity='0.05'%3E%3Cpath d='M36 34v-4h-2v4h-4v2h4v4h2v-4h4v-2h-4zm0-30V0h-2v4h-4v2h4v4h2V6h4V4h-4zM6 34v-4H4v4H0v2h4v4h2v-4h4v-2H6zM6 4V0H4v4H0v2h4v4h2V6h4V4H6z'\/%3E%3C\/g%3E%3C\/g%3E%3C\/svg%3E\") repeat;\n  pointer-events: none;\n}\n.lk-stays-icon {\n  flex-shrink: 0;\n  width: 68px;\n  height: 68px;\n  border-radius: 14px;\n  background: linear-gradient(135deg, #fff 0%, #f9f6f0 100%);\n  display: flex;\n  align-items: center;\n  justify-content: center;\n  font-size: 26px;\n  box-shadow: 0 4px 12px rgba(0,0,0,0.15);\n}\n.lk-stays-eyebrow {\n  font-size: 10px;\n  font-weight: 500;\n  letter-spacing: 2.5px;\n  text-transform: uppercase;\n  color: rgba(255,255,255,.85);\n  margin: 0 0 5px 0;\n}\n.lk-stays-title {\n  font-family: 'Playfair Display', Georgia, serif;\n  font-size: 24px;\n  font-weight: 700;\n  color: #fff;\n  line-height: 1.2;\n  text-shadow: 0 1px 2px rgba(0,0,0,0.1);\n  margin: 0;\n}\n.lk-stays-subtitle {\n  font-size: 13px;\n  color: rgba(255,255,255,.75);\n  margin: 4px 0 0 0;\n  font-weight: 300;\n}\n\n\/* \u2500\u2500\u2500 CARDS GRID \u2500\u2500\u2500 *\/\n.lk-stays-grid {\n  display: grid;\n  grid-template-columns: 1fr 1fr;\n  gap: 1px;\n  background: rgba(195, 159, 118, 0.12);\n}\n\n\/* \u2500\u2500\u2500 SINGLE CARD \u2500\u2500\u2500 *\/\n.lk-stay-card {\n  background: #ffffff;\n  padding: 26px;\n  display: flex;\n  flex-direction: column;\n  gap: 11px;\n  transition: all 0.3s ease;\n  text-decoration: none;\n  color: inherit;\n  position: relative;\n}\n.lk-stay-card:hover {\n  background: #fffbf5;\n  transform: translateY(-2px);\n  box-shadow: 0 8px 24px rgba(195, 159, 118, 0.18);\n  z-index: 1;\n}\n.lk-stay-card.featured {\n  background: linear-gradient(135deg, #fffdf9 0%, #fff9f0 100%);\n  box-shadow: 0 4px 16px rgba(195, 159, 118, 0.15), inset 0 1px 0 rgba(195, 159, 118, 0.1);\n}\n.lk-stay-card.featured:hover {\n  background: linear-gradient(135deg, #fffbf5 0%, #fff8ed 100%);\n  box-shadow: 0 8px 24px rgba(195, 159, 118, 0.25), inset 0 1px 0 rgba(195, 159, 118, 0.15);\n}\n\n.lk-stay-badge {\n  display: inline-flex;\n  align-items: center;\n  gap: 5px;\n  font-size: 10px;\n  font-weight: 500;\n  letter-spacing: 1.5px;\n  text-transform: uppercase;\n  padding: 5px 11px;\n  border-radius: 20px;\n  width: fit-content;\n}\n.badge-top     { background: linear-gradient(135deg, #c39f76 0%, #d4b188 100%); color: #fff; border: 1px solid #c39f76; font-weight: 600; box-shadow: 0 2px 8px rgba(195,159,118,0.3); }\n.badge-luxury  { background: rgba(195,159,118,.12); color: #c39f76; border: 1px solid rgba(195,159,118,.25); }\n.badge-boutique{ background: rgba(54,133,252,.08); color: #3685fc; border: 1px solid rgba(54,133,252,.2); }\n.badge-nature  { background: rgba(130,190,100,.1); color: #6b9c4a; border: 1px solid rgba(130,190,100,.2); }\n.badge-remote  { background: rgba(195,159,118,.12); color: #a67e50; border: 1px solid rgba(195,159,118,.25); }\n\n.lk-stay-name {\n  font-family: 'Playfair Display', Georgia, serif;\n  font-size: 18px;\n  font-weight: 700;\n  color: #111827;\n  line-height: 1.3;\n}\n.lk-stay-desc {\n  font-size: 13.5px;\n  color: #525252;\n  line-height: 1.65;\n  font-weight: 300;\n  flex: 1;\n}\n\n.lk-stay-meta {\n  display: flex;\n  align-items: center;\n  gap: 12px;\n  flex-wrap: wrap;\n  margin-top: 4px;\n}\n.lk-stay-price {\n  font-size: 13px;\n  color: #6b7280;\n}\n.lk-stay-price strong {\n  color: #c39f76;\n  font-weight: 500;\n}\n.lk-stay-stars {\n  color: #c39f76;\n  font-size: 11px;\n  letter-spacing: 1px;\n}\n\n\/* \u2500\u2500\u2500 CTA BUTTON \u2500\u2500\u2500 *\/\n.lk-stay-cta {\n  display: inline-flex;\n  align-items: center;\n  justify-content: center;\n  gap: 7px;\n  margin-top: 8px;\n  padding: 11px 20px;\n  border-radius: 8px;\n  background: linear-gradient(135deg, #3685fc 0%, #2a6fd9 100%);\n  color: #fff;\n  font-size: 13px;\n  font-weight: 500;\n  text-decoration: none;\n  letter-spacing: .3px;\n  transition: all .2s ease;\n  cursor: pointer;\n  border: none;\n  text-align: center;\n  box-shadow: 0 4px 12px rgba(54, 133, 252, 0.25);\n}\n.lk-stay-cta:hover {\n  background: linear-gradient(135deg, #2a6fd9 0%, #1e5bc4 100%);\n  transform: translateY(-1px);\n  box-shadow: 0 6px 16px rgba(54, 133, 252, 0.35);\n}\n.lk-stay-cta svg { flex-shrink: 0; }\n\n\/* \u2500\u2500\u2500 FOOTER \u2500\u2500\u2500 *\/\n.lk-stays-footer {\n  padding: 18px 36px;\n  background: linear-gradient(to bottom, #fdfaf5 0%, #f9f4ed 100%);\n  border-top: 1px solid rgba(195, 159, 118, 0.15);\n  display: flex;\n  align-items: center;\n  justify-content: space-between;\n  flex-wrap: wrap;\n  gap: 12px;\n}\n.lk-stays-footer-note {\n  font-size: 11.5px;\n  color: #6b7280;\n  font-weight: 300;\n  line-height: 1.5;\n}\n.lk-stays-footer-note a {\n  color: #c39f76;\n  text-decoration: none;\n  font-weight: 400;\n}\n.lk-stays-footer-note a:hover {\n  text-decoration: underline;\n}\n.lk-stays-all-btn {\n  display: inline-flex;\n  align-items: center;\n  gap: 6px;\n  font-size: 12.5px;\n  font-weight: 500;\n  color: #c39f76;\n  text-decoration: none;\n  border: 1px solid rgba(195, 159, 118, 0.35);\n  padding: 8px 18px;\n  border-radius: 8px;\n  transition: all .2s ease;\n}\n.lk-stays-all-btn:hover {\n  background: rgba(195, 159, 118, 0.08);\n  border-color: rgba(195, 159, 118, 0.5);\n}\n\n\/* \u2500\u2500\u2500 RESPONSIVE \u2500\u2500\u2500 *\/\n@media (max-width: 600px) {\n  .lk-stays-grid { grid-template-columns: 1fr; }\n  .lk-stays-header { padding: 24px 20px; }\n  .lk-stays-footer { padding: 16px 20px; }\n  .lk-stay-card { padding: 22px; }\n  .lk-stays-title { font-size: 20px; }\n}\n<\/style>\n\n  <!-- HEADER -->\n  <div class=\"lk-stays-header\">\n    <img decoding=\"async\" src=\"https:\/\/loudavymkrokem.cz\/wp-content\/uploads\/2026\/02\/lukas-a-lucka.jpg\" alt=\"\" style=\"width: 75px; height: 75px; border-radius: 8px; flex-shrink: 0; object-fit: cover; display: block; margin: 4px 0;\" title=\"\">\n    <div class=\"lk-stays-header-text\">\n      <div class=\"lk-stays-eyebrow\">Luk\u00e1\u0161 a Lucie odpor\u00fa\u010daj\u00fa<\/div>\n      <div class=\"lk-stays-title\">Kde sa ubytova\u0165 na Cypre<\/div>\n      <div class=\"lk-stays-subtitle\">6 ubytovan\u00ed \u2014 rezorty, hotely a \u010fal\u0161ie mo\u017enosti ubytovania<\/div>\n    <\/div>\n  <\/div>\n\n  <!-- CARDS -->\n  <div class=\"lk-stays-grid\">\n\n    <a class=\"lk-stay-card featured\" href=\"https:\/\/www.stay22.com\/allez\/roam?aid=lukaskonecny&#038;campaign=loudavymkrokemcz&#038;campaign=sk&#038;campaign=dovolena-kypr&#038;hotelname=Almyra%20Hotel&#038;address=Paphos%2C%20Kypr\" target=\"_blank\" rel=\"nofollow noopener\">\n      <span class=\"lk-stay-badge badge-top\">\u2b50 TOP VO\u013dBA<\/span>\n      <span class=\"lk-stay-badge badge-nature\">\ud83c\udfe8 Hotel<\/span>\n      <div class=\"lk-stay-name\">Almyra Hotel<\/div>\n      <div class=\"lk-stay-desc\">Kr\u00e1sny dizajnov\u00fd hotel priamo pri mori, ob\u013e\u00faben\u00fd u p\u00e1rov h\u013eadaj\u00facich romantiku a \u0161pi\u010dkov\u00e9 slu\u017eby.<\/div>\n      <div class=\"lk-stay-meta\">\n        <span class=\"lk-stay-stars\">\u2605\u2605\u2605\u2605<\/span>\n        <span class=\"lk-stay-price\">Skontrolova\u0165 ceny<\/span>\n      <\/div>\n      <span class=\"lk-stay-cta\">\n        <svg width=\"14\" height=\"14\" viewBox=\"0 0 24 24\" fill=\"none\" stroke=\"currentColor\" stroke-width=\"2\"><path d=\"M18 13v6a2 2 0 0 1-2 2H5a2 2 0 0 1-2-2V8a2 2 0 0 1 2-2h6\"\/><polyline points=\"15 3 21 3 21 9\"\/><line x1=\"10\" y1=\"14\" x2=\"21\" y2=\"3\"\/><\/svg>\n        Skontrolova\u0165 dostupnos\u0165\n      <\/span>\n    <\/a>\n\n    <a class=\"lk-stay-card\" href=\"https:\/\/www.stay22.com\/allez\/roam?aid=lukaskonecny&#038;campaign=loudavymkrokemcz&#038;campaign=sk&#038;campaign=dovolena-kypr&#038;hotelname=Elysium%20Hotel&#038;address=Paphos%2C%20Kypr\" target=\"_blank\" rel=\"nofollow noopener\">\n      <span class=\"lk-stay-badge badge-nature\">\u2b50 Luxury<\/span>\n      <div class=\"lk-stay-name\">Elysium Hotel<\/div>\n      <div class=\"lk-stay-desc\">Luxusn\u00fd rezort postaven\u00fd ved\u013ea Kr\u00e1\u013eovsk\u00fdch hrobiek, kde sa budete c\u00edti\u0165 ako v pravom pal\u00e1ci.<\/div>\n      <div class=\"lk-stay-meta\">\n        <span class=\"lk-stay-stars\">\u2605\u2605\u2605\u2605<\/span>\n        <span class=\"lk-stay-price\">Skontrolova\u0165 ceny<\/span>\n      <\/div>\n      <span class=\"lk-stay-cta\">\n        <svg width=\"14\" height=\"14\" viewBox=\"0 0 24 24\" fill=\"none\" stroke=\"currentColor\" stroke-width=\"2\"><path d=\"M18 13v6a2 2 0 0 1-2 2H5a2 2 0 0 1-2-2V8a2 2 0 0 1 2-2h6\"\/><polyline points=\"15 3 21 3 21 9\"\/><line x1=\"10\" y1=\"14\" x2=\"21\" y2=\"3\"\/><\/svg>\n        Skontrolova\u0165 dostupnos\u0165\n      <\/span>\n    <\/a>\n\n    <a class=\"lk-stay-card\" href=\"https:\/\/www.stay22.com\/allez\/roam?aid=lukaskonecny&#038;campaign=loudavymkrokemcz&#038;campaign=sk&#038;campaign=dovolena-kypr&#038;hotelname=Olympic%20Lagoon%20Resort%20Paphos&#038;address=Paphos%2C%20Kypr\" target=\"_blank\" rel=\"nofollow noopener\">\n      <span class=\"lk-stay-badge badge-nature\">\ud83c\udf32 Rezort<\/span>\n      <div class=\"lk-stay-name\">Olympic Lagoon Resort Paphos<\/div>\n      <div class=\"lk-stay-desc\">Obrovsk\u00fd komplex s all inclusive programom, perfektn\u00fd pre rodiny s de\u0165mi.<\/div>\n      <div class=\"lk-stay-meta\">\n        <span class=\"lk-stay-stars\">\u2605\u2605\u2605\u2605<\/span>\n        <span class=\"lk-stay-price\">Skontrolova\u0165 ceny<\/span>\n      <\/div>\n      <span class=\"lk-stay-cta\">\n        <svg width=\"14\" height=\"14\" viewBox=\"0 0 24 24\" fill=\"none\" stroke=\"currentColor\" stroke-width=\"2\"><path d=\"M18 13v6a2 2 0 0 1-2 2H5a2 2 0 0 1-2-2V8a2 2 0 0 1 2-2h6\"\/><polyline points=\"15 3 21 3 21 9\"\/><line x1=\"10\" y1=\"14\" x2=\"21\" y2=\"3\"\/><\/svg>\n        Skontrolova\u0165 dostupnos\u0165\n      <\/span>\n    <\/a>\n\n    <a class=\"lk-stay-card\" href=\"https:\/\/www.stay22.com\/allez\/roam?aid=lukaskonecny&#038;campaign=loudavymkrokemcz&#038;campaign=sk&#038;campaign=dovolena-kypr&#038;hotelname=Nissiblu%20Beach%20Resort&#038;address=Ayia%20Napa%2C%20Kypr\" target=\"_blank\" rel=\"nofollow noopener\">\n      <span class=\"lk-stay-badge badge-nature\">\ud83c\udfd6\ufe0f Beach<\/span>\n      <div class=\"lk-stay-name\">Nissiblu Beach Resort<\/div>\n      <div class=\"lk-stay-desc\">Modern\u00fd p\u00e4\u0165hviezdi\u010dkov\u00fd hotel priamo pri sl\u00e1vnej pl\u00e1\u017ei Nissi Beach, p\u00e1r krokov k vode.<\/div>\n      <div class=\"lk-stay-meta\">\n        <span class=\"lk-stay-stars\">\u2605\u2605\u2605\u2605\u2605<\/span>\n        <span class=\"lk-stay-price\">Skontrolova\u0165 ceny<\/span>\n      <\/div>\n      <span class=\"lk-stay-cta\">\n        <svg width=\"14\" height=\"14\" viewBox=\"0 0 24 24\" fill=\"none\" stroke=\"currentColor\" stroke-width=\"2\"><path d=\"M18 13v6a2 2 0 0 1-2 2H5a2 2 0 0 1-2-2V8a2 2 0 0 1 2-2h6\"\/><polyline points=\"15 3 21 3 21 9\"\/><line x1=\"10\" y1=\"14\" x2=\"21\" y2=\"3\"\/><\/svg>\n        Skontrolova\u0165 dostupnos\u0165\n      <\/span>\n    <\/a>\n\n    <a class=\"lk-stay-card\" href=\"https:\/\/www.stay22.com\/allez\/roam?aid=lukaskonecny&#038;campaign=loudavymkrokemcz&#038;campaign=sk&#038;campaign=dovolena-kypr&#038;hotelname=Adams%20Beach%20Hotel%20%26%20Spa&#038;address=Ayia%20Napa%2C%20Kypr\" target=\"_blank\" rel=\"nofollow noopener\">\n      <span class=\"lk-stay-badge badge-nature\">\ud83c\udf32 Rezort<\/span>\n      <div class=\"lk-stay-name\">Adams Beach Hotel &#038; Spa<\/div>\n      <div class=\"lk-stay-desc\">Rozsiahly rezort s vlastnou s\u00fakromnou pl\u00e1\u017eou, ide\u00e1lny \u00fakryt pred letn\u00fdmi davmi.<\/div>\n      <div class=\"lk-stay-meta\">\n        <span class=\"lk-stay-stars\">\u2605\u2605\u2605\u2605<\/span>\n        <span class=\"lk-stay-price\">Skontrolova\u0165 ceny<\/span>\n      <\/div>\n      <span class=\"lk-stay-cta\">\n        <svg width=\"14\" height=\"14\" viewBox=\"0 0 24 24\" fill=\"none\" stroke=\"currentColor\" stroke-width=\"2\"><path d=\"M18 13v6a2 2 0 0 1-2 2H5a2 2 0 0 1-2-2V8a2 2 0 0 1 2-2h6\"\/><polyline points=\"15 3 21 3 21 9\"\/><line x1=\"10\" y1=\"14\" x2=\"21\" y2=\"3\"\/><\/svg>\n        Skontrolova\u0165 dostupnos\u0165\n      <\/span>\n    <\/a>\n\n    <a class=\"lk-stay-card\" href=\"https:\/\/www.stay22.com\/allez\/roam?aid=lukaskonecny&#038;campaign=loudavymkrokemcz&#038;campaign=sk&#038;campaign=dovolena-kypr&#038;hotelname=Parklane%2C%20a%20Luxury%20Collection%20Resort%20%26%20Spa&#038;address=Limassol%2C%20Kypr\" target=\"_blank\" rel=\"nofollow noopener\">\n      <span class=\"lk-stay-badge badge-nature\">\u2b50 Luxury<\/span>\n      <div class=\"lk-stay-name\">Parklane, a Luxury Collection Resort &#038; Spa<\/div>\n      <div class=\"lk-stay-desc\">\u0160pi\u010dkov\u00fd elegantn\u00fd rezort s n\u00e1dhernou lag\u00fanou pre najn\u00e1ro\u010dnej\u0161\u00edch host\u00ed.<\/div>\n      <div class=\"lk-stay-meta\">\n        <span class=\"lk-stay-stars\">\u2605\u2605\u2605\u2605<\/span>\n        <span class=\"lk-stay-price\">Skontrolova\u0165 ceny<\/span>\n      <\/div>\n      <span class=\"lk-stay-cta\">\n        <svg width=\"14\" height=\"14\" viewBox=\"0 0 24 24\" fill=\"none\" stroke=\"currentColor\" stroke-width=\"2\"><path d=\"M18 13v6a2 2 0 0 1-2 2H5a2 2 0 0 1-2-2V8a2 2 0 0 1 2-2h6\"\/><polyline points=\"15 3 21 3 21 9\"\/><line x1=\"10\" y1=\"14\" x2=\"21\" y2=\"3\"\/><\/svg>\n        Skontrolova\u0165 dostupnos\u0165\n      <\/span>\n    <\/a>\n\n  <\/div>\n\n  \n<\/div>\n\n\n\n\n<h3 id=\"15_Protaras_a_Fig_Tree_Bay\" class=\"wp-block-heading\"><span class=\"ez-toc-section\" id=\"15_Protaras_a_Fig_Tree_Bay\"><\/span>15. Protaras a Fig Tree Bay<span class=\"ez-toc-section-end\"><\/span><\/h3>\n\n\n\n<p class=\"wp-block-paragraph\">Protaras je ob\u013e\u00faben\u00e9 rodinn\u00e9 letovisko na v\u00fdchodnom pobre\u017e\u00ed, ktor\u00e9 je oproti susednej hlu\u010dnej Ayia Nape ove\u013ea pokojnej\u0161ie a celkovo uvo\u013enenej\u0161ie. Jeho najv\u00e4\u010d\u0161\u00edm klenotom je \u00fa\u017easn\u00e1 pl\u00e1\u017e Fig Tree Bay, pomenovan\u00e1 pod\u013ea star\u00fdch figovn\u00edkov, ktor\u00e1 pon\u00faka n\u00e1dherne plytk\u00fa z\u00e1toku a dokonale zlatist\u00fd piesok. Zhruba sto metrov od pl\u00e1\u017ee sa t\u00fd\u010di mal\u00fd skalnat\u00fd ostrov\u010dek, ku ktor\u00e9mu <strong>si m\u00f4\u017ee\u0161 \u013eahko dopl\u00e1va\u0165 a neru\u0161ene \u0161norchlova\u0165<\/strong> v jeho bezprostrednom okol\u00ed.<\/p>\n\n\n\n<figure data-wp-context=\"{&quot;imageId&quot;:&quot;6a9944f30b5e6&quot;}\" data-wp-interactive=\"core\/image\" data-wp-key=\"6a9944f30b5e6\" class=\"wp-block-image size-full wp-lightbox-container\"><img decoding=\"async\" width=\"1500\" height=\"1124\" data-wp-class--hide=\"state.isContentHidden\" data-wp-class--show=\"state.isContentVisible\" data-wp-init=\"callbacks.setButtonStyles\" data-wp-on--click=\"actions.showLightbox\" data-wp-on--load=\"callbacks.setButtonStyles\" data-wp-on--pointerdown=\"actions.preloadImage\" data-wp-on--pointerenter=\"actions.preloadImageWithDelay\" data-wp-on--pointerleave=\"actions.cancelPreload\" data-wp-on-window--resize=\"callbacks.setButtonStyles\" src=\"https:\/\/loudavymkrokem.cz\/wp-content\/uploads\/2026\/08\/dovolena-kypr-t15.jpg\" alt=\"Z\u00e1toka Fig Tree Bay v Protarase\" class=\"wp-image-399898\" title=\"\" srcset=\"https:\/\/loudavymkrokem.cz\/wp-content\/uploads\/2026\/08\/dovolena-kypr-t15.jpg 1500w, https:\/\/loudavymkrokem.cz\/wp-content\/uploads\/2026\/08\/dovolena-kypr-t15-300x225.jpg 300w, https:\/\/loudavymkrokem.cz\/wp-content\/uploads\/2026\/08\/dovolena-kypr-t15-700x525.jpg 700w, https:\/\/loudavymkrokem.cz\/wp-content\/uploads\/2026\/08\/dovolena-kypr-t15-768x575.jpg 768w, https:\/\/loudavymkrokem.cz\/wp-content\/uploads\/2026\/08\/dovolena-kypr-t15-80x60.jpg 80w, https:\/\/loudavymkrokem.cz\/wp-content\/uploads\/2026\/08\/dovolena-kypr-t15-160x120.jpg 160w, https:\/\/loudavymkrokem.cz\/wp-content\/uploads\/2026\/08\/dovolena-kypr-t15-696x522.jpg 696w, https:\/\/loudavymkrokem.cz\/wp-content\/uploads\/2026\/08\/dovolena-kypr-t15-1392x1043.jpg 1392w\" sizes=\"(max-width: 1500px) 100vw, 1500px\" \/><button\n\t\t\tclass=\"lightbox-trigger\"\n\t\t\ttype=\"button\"\n\t\t\taria-haspopup=\"dialog\"\n\t\t\tdata-wp-bind--aria-label=\"state.thisImage.triggerButtonAriaLabel\"\n\t\t\tdata-wp-init=\"callbacks.initTriggerButton\"\n\t\t\tdata-wp-on--click=\"actions.showLightbox\"\n\t\t\tdata-wp-style--right=\"state.thisImage.buttonRight\"\n\t\t\tdata-wp-style--top=\"state.thisImage.buttonTop\"\n\t\t>\n\t\t\t<svg xmlns=\"http:\/\/www.w3.org\/2000\/svg\" width=\"12\" height=\"12\" fill=\"none\" viewBox=\"0 0 12 12\">\n\t\t\t\t<path fill=\"#fff\" d=\"M2 0a2 2 0 0 0-2 2v2h1.5V2a.5.5 0 0 1 .5-.5h2V0H2Zm2 10.5H2a.5.5 0 0 1-.5-.5V8H0v2a2 2 0 0 0 2 2h2v-1.5ZM8 12v-1.5h2a.5.5 0 0 0 .5-.5V8H12v2a2 2 0 0 1-2 2H8Zm2-12a2 2 0 0 1 2 2v2h-1.5V2a.5.5 0 0 0-.5-.5H8V0h2Z\" \/>\n\t\t\t<\/svg>\n\t\t<\/button><figcaption class=\"wp-element-caption\">Z\u00e1toka Fig Tree Bay v Protarase (Foto: Gerda Arendt \/ Wikimedia Commons, CC0)<\/figcaption><\/figure>\n\n\n\n<p class=\"wp-block-paragraph\">Nad cel\u00fdm letoviskom sa na strmom skalnatom kopci vyn\u00edma malebn\u00fd kostol\u00edk Profitis Ilias, ku ktor\u00e9mu vedie dos\u0165 dlh\u00e9 a strm\u00e9 schodisko. V\u00fdstup hore d\u00e1 v hor\u00facich letn\u00fdch d\u0148och trochu zabra\u0165, ale <strong>panoramatick\u00fd v\u00fdh\u013ead na cel\u00e9 pobre\u017eie a trblietaj\u00face sa more<\/strong> za t\u00fa fyzick\u00fa n\u00e1mahu rozhodne stoj\u00ed. Miestni odpor\u00fa\u010daj\u00fa vyrazi\u0165 sem v podve\u010der, ke\u010f je svetlo najm\u00e4k\u0161ie a stromy okolo kostol\u00edka s\u00fa romanticky ove\u0161an\u00e9 stovkami stu\u017eiek so \u017eelaniami.<\/p>\n\n\n\n<h3 id=\"16_Ayia_Napa_Sculpture_Park_a_Cape_Greco_stezky\" class=\"wp-block-heading\"><span class=\"ez-toc-section\" id=\"16_Ayia_Napa_Sculpture_Park_a_chodniky_Cape_Greco\"><\/span>16. Ayia Napa Sculpture Park a chodn\u00edky Cape Greco<span class=\"ez-toc-section-end\"><\/span><\/h3>\n\n\n\n<p class=\"wp-block-paragraph\">Ayia Napa Sculpture Park je unik\u00e1tna vonkaj\u0161ia gal\u00e9ria umelo umiestnen\u00e1 na miernom svahu, odkia\u013e sa otv\u00e1ra fantastick\u00fd v\u00fdh\u013ead na modr\u00fa hladinu mora. N\u00e1jde\u0161 tu desiatky modern\u00fdch s\u00f4ch a zauj\u00edmav\u00fdch in\u0161tal\u00e1ci\u00ed od umelcov z cel\u00e9ho sveta, ktor\u00e9 <strong>kr\u00e1sne kontrastuj\u00fa s drsnou kamenistou krajinou<\/strong> a n\u00edzkymi kr\u00edkmi. Hne\u010f ved\u013ea sa navy\u0161e nach\u00e1dza udr\u017eiavan\u00fd park kaktusov a sukulentov, tak\u017ee spojenie umenia a zvl\u00e1\u0161tnej suchomilnej fl\u00f3ry vytv\u00e1ra ve\u013emi fotogenick\u00e9 prostredie.<\/p>\n\n\n\n<figure data-wp-context=\"{&quot;imageId&quot;:&quot;6a9944f30b9eb&quot;}\" data-wp-interactive=\"core\/image\" data-wp-key=\"6a9944f30b9eb\" class=\"wp-block-image size-full wp-lightbox-container\"><img decoding=\"async\" width=\"1500\" height=\"843\" data-wp-class--hide=\"state.isContentHidden\" data-wp-class--show=\"state.isContentVisible\" data-wp-init=\"callbacks.setButtonStyles\" data-wp-on--click=\"actions.showLightbox\" data-wp-on--load=\"callbacks.setButtonStyles\" data-wp-on--pointerdown=\"actions.preloadImage\" data-wp-on--pointerenter=\"actions.preloadImageWithDelay\" data-wp-on--pointerleave=\"actions.cancelPreload\" data-wp-on-window--resize=\"callbacks.setButtonStyles\" src=\"https:\/\/loudavymkrokem.cz\/wp-content\/uploads\/2026\/08\/dovolena-kypr-t16.jpg\" alt=\"Park so sochami nad morom v Ayia Nape\" class=\"wp-image-399902\" title=\"\" srcset=\"https:\/\/loudavymkrokem.cz\/wp-content\/uploads\/2026\/08\/dovolena-kypr-t16.jpg 1500w, https:\/\/loudavymkrokem.cz\/wp-content\/uploads\/2026\/08\/dovolena-kypr-t16-300x169.jpg 300w, https:\/\/loudavymkrokem.cz\/wp-content\/uploads\/2026\/08\/dovolena-kypr-t16-700x393.jpg 700w, https:\/\/loudavymkrokem.cz\/wp-content\/uploads\/2026\/08\/dovolena-kypr-t16-768x432.jpg 768w, https:\/\/loudavymkrokem.cz\/wp-content\/uploads\/2026\/08\/dovolena-kypr-t16-696x391.jpg 696w, https:\/\/loudavymkrokem.cz\/wp-content\/uploads\/2026\/08\/dovolena-kypr-t16-1392x782.jpg 1392w\" sizes=\"(max-width: 1500px) 100vw, 1500px\" \/><button\n\t\t\tclass=\"lightbox-trigger\"\n\t\t\ttype=\"button\"\n\t\t\taria-haspopup=\"dialog\"\n\t\t\tdata-wp-bind--aria-label=\"state.thisImage.triggerButtonAriaLabel\"\n\t\t\tdata-wp-init=\"callbacks.initTriggerButton\"\n\t\t\tdata-wp-on--click=\"actions.showLightbox\"\n\t\t\tdata-wp-style--right=\"state.thisImage.buttonRight\"\n\t\t\tdata-wp-style--top=\"state.thisImage.buttonTop\"\n\t\t>\n\t\t\t<svg xmlns=\"http:\/\/www.w3.org\/2000\/svg\" width=\"12\" height=\"12\" fill=\"none\" viewBox=\"0 0 12 12\">\n\t\t\t\t<path fill=\"#fff\" d=\"M2 0a2 2 0 0 0-2 2v2h1.5V2a.5.5 0 0 1 .5-.5h2V0H2Zm2 10.5H2a.5.5 0 0 1-.5-.5V8H0v2a2 2 0 0 0 2 2h2v-1.5ZM8 12v-1.5h2a.5.5 0 0 0 .5-.5V8H12v2a2 2 0 0 1-2 2H8Zm2-12a2 2 0 0 1 2 2v2h-1.5V2a.5.5 0 0 0-.5-.5H8V0h2Z\" \/>\n\t\t\t<\/svg>\n\t\t<\/button><figcaption class=\"wp-element-caption\">Park so sochami nad morom v Ayia Nape (Foto: Qasinka \/ Wikimedia Commons, CC0)<\/figcaption><\/figure>\n\n\n\n<p class=\"wp-block-paragraph\">Parkom potom vo\u013ene nadv\u00e4zuj\u00fa upraven\u00e9 pobre\u017en\u00e9 chodn\u00edky, ktor\u00e9 \u0165a pohodlne doved\u00fa a\u017e k n\u00e1rodn\u00e9mu parku Cape Greco. Vstup do tohto obrovsk\u00e9ho soch\u00e1rskeho m\u00fazea pod hol\u00fdm nebom je \u00faplne vo\u013en\u00fd a are\u00e1l nem\u00e1 \u017eiadne obmedzuj\u00face otv\u00e1racie hodiny. Najlep\u0161\u00ed z\u00e1\u017eitok z umenia bude\u0161 ma\u0165, <strong>ke\u010f park nav\u0161t\u00edvi\u0161 tesne pred z\u00e1padom slnka<\/strong>, ke\u010f kamenn\u00e9 a kovov\u00e9 sochy vrhaj\u00fa dlh\u00e9 tiene.<\/p>\n\n\n\n<h3 id=\"17_Vodni_park_WaterWorld_v_Ayia_Nape\" class=\"wp-block-heading\"><span class=\"ez-toc-section\" id=\"17_Vodny_park_WaterWorld_v_Ayia_Nape\"><\/span>17. Vodn\u00fd park WaterWorld v Ayia Nape<span class=\"ez-toc-section-end\"><\/span><\/h3>\n\n\n\n<p class=\"wp-block-paragraph\">Vodn\u00fd park WaterWorld v Ayia Nape sa dlhodobo rad\u00ed k t\u00fdm v\u00f4bec najv\u00e4\u010d\u0161\u00edm a najlep\u0161ie hodnoten\u00fdm aquaparkom v celej Eur\u00f3pe. Cel\u00fd roz\u013eahl\u00fd are\u00e1l je ve\u013emi vtipne zasaden\u00fd do tematiky antick\u00e9ho Gr\u00e9cka, tak\u017ee sa m\u00f4\u017ee\u0161 te\u0161i\u0165 na tobogany pomenovan\u00e9 po bohoch, mohutn\u00e9 st\u013apy a baz\u00e9ny \u0161tylizovan\u00e9 ako r\u00edmske k\u00fapele. N\u00e1jde\u0161 tu <strong>v\u0161etko od adrenal\u00ednov\u00fdch \u0161myk\u013eaviek s vo\u013en\u00fdm p\u00e1dom a\u017e po obrovsk\u00e9 vlnobitie<\/strong> a dlh\u00fa leniv\u00fa rieku, kde si par\u00e1dne odd\u00fdchne\u0161 na nafukovacom kruhu.<\/p>\n\n\n\n<figure data-wp-context=\"{&quot;imageId&quot;:&quot;6a9944f30bde7&quot;}\" data-wp-interactive=\"core\/image\" data-wp-key=\"6a9944f30bde7\" class=\"wp-block-image size-full wp-lightbox-container\"><img decoding=\"async\" width=\"1500\" height=\"1125\" data-wp-class--hide=\"state.isContentHidden\" data-wp-class--show=\"state.isContentVisible\" data-wp-init=\"callbacks.setButtonStyles\" data-wp-on--click=\"actions.showLightbox\" data-wp-on--load=\"callbacks.setButtonStyles\" data-wp-on--pointerdown=\"actions.preloadImage\" data-wp-on--pointerenter=\"actions.preloadImageWithDelay\" data-wp-on--pointerleave=\"actions.cancelPreload\" data-wp-on-window--resize=\"callbacks.setButtonStyles\" src=\"https:\/\/loudavymkrokem.cz\/wp-content\/uploads\/2026\/08\/dovolena-kypr-t17.jpg\" alt=\"Aquapark v Ayia Nape\" class=\"wp-image-399905\" title=\"\" srcset=\"https:\/\/loudavymkrokem.cz\/wp-content\/uploads\/2026\/08\/dovolena-kypr-t17.jpg 1500w, https:\/\/loudavymkrokem.cz\/wp-content\/uploads\/2026\/08\/dovolena-kypr-t17-300x225.jpg 300w, https:\/\/loudavymkrokem.cz\/wp-content\/uploads\/2026\/08\/dovolena-kypr-t17-700x525.jpg 700w, https:\/\/loudavymkrokem.cz\/wp-content\/uploads\/2026\/08\/dovolena-kypr-t17-768x576.jpg 768w, https:\/\/loudavymkrokem.cz\/wp-content\/uploads\/2026\/08\/dovolena-kypr-t17-80x60.jpg 80w, https:\/\/loudavymkrokem.cz\/wp-content\/uploads\/2026\/08\/dovolena-kypr-t17-160x120.jpg 160w, https:\/\/loudavymkrokem.cz\/wp-content\/uploads\/2026\/08\/dovolena-kypr-t17-696x522.jpg 696w, https:\/\/loudavymkrokem.cz\/wp-content\/uploads\/2026\/08\/dovolena-kypr-t17-1392x1044.jpg 1392w\" sizes=\"(max-width: 1500px) 100vw, 1500px\" \/><button\n\t\t\tclass=\"lightbox-trigger\"\n\t\t\ttype=\"button\"\n\t\t\taria-haspopup=\"dialog\"\n\t\t\tdata-wp-bind--aria-label=\"state.thisImage.triggerButtonAriaLabel\"\n\t\t\tdata-wp-init=\"callbacks.initTriggerButton\"\n\t\t\tdata-wp-on--click=\"actions.showLightbox\"\n\t\t\tdata-wp-style--right=\"state.thisImage.buttonRight\"\n\t\t\tdata-wp-style--top=\"state.thisImage.buttonTop\"\n\t\t>\n\t\t\t<svg xmlns=\"http:\/\/www.w3.org\/2000\/svg\" width=\"12\" height=\"12\" fill=\"none\" viewBox=\"0 0 12 12\">\n\t\t\t\t<path fill=\"#fff\" d=\"M2 0a2 2 0 0 0-2 2v2h1.5V2a.5.5 0 0 1 .5-.5h2V0H2Zm2 10.5H2a.5.5 0 0 1-.5-.5V8H0v2a2 2 0 0 0 2 2h2v-1.5ZM8 12v-1.5h2a.5.5 0 0 0 .5-.5V8H12v2a2 2 0 0 1-2 2H8Zm2-12a2 2 0 0 1 2 2v2h-1.5V2a.5.5 0 0 0-.5-.5H8V0h2Z\" \/>\n\t\t\t<\/svg>\n\t\t<\/button><figcaption class=\"wp-element-caption\">Aquapark v Ayia Nape (Foto: Vsatinet \/ Wikimedia Commons, CC BY-SA 4.0)<\/figcaption><\/figure>\n\n\n\n<p class=\"wp-block-paragraph\">Pod\u013ea cestovate\u013esk\u00fdch recenzi\u00ed je to \u00faplne fantastick\u00e9 miesto pre rodiny s de\u0165mi, ale par\u00e1dne sa tu zabavia aj dospel\u00ed, ktor\u00ed maj\u00fa radi trochu vodn\u00e9ho adrenal\u00ednu. V are\u00e1li sa d\u00e1 bez probl\u00e9mov str\u00e1vi\u0165 cel\u00fd dlh\u00fd de\u0148, ke\u010f\u017ee pon\u00faka kopu dobr\u00fdch re\u0161taur\u00e1ci\u00ed, tienist\u00fdch miest na oddych a le\u017eadiel zadarmo. L\u00edstky sa <strong>rozhodne oplat\u00ed kupova\u0165 s predstihom online<\/strong>, preto\u017ee b\u00fdvaj\u00fa o nie\u010do lacnej\u0161ie a vyhne\u0161 sa tak vy\u010derp\u00e1vaj\u00facim radom pri pokladniach.<\/p>\n\n\n\n<h3 id=\"18_Vesnice_Troodosu_Omodos_Lefkara_a_Kakopetria\" class=\"wp-block-heading\"><span class=\"ez-toc-section\" id=\"18_Dedinky_Troodosu_Omodos_Lefkara_a_Kakopetria\"><\/span>18. Dedinky Troodosu: Omodos, Lefkara a Kakopetria<span class=\"ez-toc-section-end\"><\/span><\/h3>\n\n\n\n<p class=\"wp-block-paragraph\">Dedinky Troodosu predstavuj\u00fa \u00faplne in\u00fd Cyprus, ne\u017e ak\u00fd pozn\u00e1\u0161 z vyhriateho pobre\u017eia pln\u00e9ho hotelov\u00fdch komplexov a slne\u010dn\u00edkov. Tieto malebn\u00e9 kamenn\u00e9 dedinky s\u00fa zasaden\u00e9 vysoko v zelen\u00fdch kopcoch, vyzna\u010duj\u00fa sa \u00fazkymi uli\u010dkami, domami s \u010derven\u00fdmi strechami a neuverite\u013en\u00fdm pokojom. Za n\u00e1v\u0161tevu ur\u010dite stoj\u00ed dedina Lefkara, ktor\u00e1 je <strong>sl\u00e1vna po celom svete svoj\u00edm tradi\u010dn\u00fdm \u010dipk\u00e1rstvom<\/strong> a striebrotepectvom, alebo historick\u00e1 Kakopetria s dochovan\u00fdmi star\u00fdmi domami pozd\u013a\u017e horskej rie\u010dky.<\/p>\n\n\n\n<figure data-wp-context=\"{&quot;imageId&quot;:&quot;6a9944f30c1db&quot;}\" data-wp-interactive=\"core\/image\" data-wp-key=\"6a9944f30c1db\" class=\"wp-block-image size-full wp-lightbox-container\"><img decoding=\"async\" width=\"1500\" height=\"1000\" data-wp-class--hide=\"state.isContentHidden\" data-wp-class--show=\"state.isContentVisible\" data-wp-init=\"callbacks.setButtonStyles\" data-wp-on--click=\"actions.showLightbox\" data-wp-on--load=\"callbacks.setButtonStyles\" data-wp-on--pointerdown=\"actions.preloadImage\" data-wp-on--pointerenter=\"actions.preloadImageWithDelay\" data-wp-on--pointerleave=\"actions.cancelPreload\" data-wp-on-window--resize=\"callbacks.setButtonStyles\" src=\"https:\/\/loudavymkrokem.cz\/wp-content\/uploads\/2026\/08\/dovolena-kypr-t18.jpg\" alt=\"Horsk\u00e1 dedina v pohor\u00ed Troodos\" class=\"wp-image-399910\" title=\"\" srcset=\"https:\/\/loudavymkrokem.cz\/wp-content\/uploads\/2026\/08\/dovolena-kypr-t18.jpg 1500w, https:\/\/loudavymkrokem.cz\/wp-content\/uploads\/2026\/08\/dovolena-kypr-t18-300x200.jpg 300w, https:\/\/loudavymkrokem.cz\/wp-content\/uploads\/2026\/08\/dovolena-kypr-t18-700x467.jpg 700w, https:\/\/loudavymkrokem.cz\/wp-content\/uploads\/2026\/08\/dovolena-kypr-t18-768x512.jpg 768w, https:\/\/loudavymkrokem.cz\/wp-content\/uploads\/2026\/08\/dovolena-kypr-t18-696x464.jpg 696w, https:\/\/loudavymkrokem.cz\/wp-content\/uploads\/2026\/08\/dovolena-kypr-t18-1392x928.jpg 1392w\" sizes=\"(max-width: 1500px) 100vw, 1500px\" \/><button\n\t\t\tclass=\"lightbox-trigger\"\n\t\t\ttype=\"button\"\n\t\t\taria-haspopup=\"dialog\"\n\t\t\tdata-wp-bind--aria-label=\"state.thisImage.triggerButtonAriaLabel\"\n\t\t\tdata-wp-init=\"callbacks.initTriggerButton\"\n\t\t\tdata-wp-on--click=\"actions.showLightbox\"\n\t\t\tdata-wp-style--right=\"state.thisImage.buttonRight\"\n\t\t\tdata-wp-style--top=\"state.thisImage.buttonTop\"\n\t\t>\n\t\t\t<svg xmlns=\"http:\/\/www.w3.org\/2000\/svg\" width=\"12\" height=\"12\" fill=\"none\" viewBox=\"0 0 12 12\">\n\t\t\t\t<path fill=\"#fff\" d=\"M2 0a2 2 0 0 0-2 2v2h1.5V2a.5.5 0 0 1 .5-.5h2V0H2Zm2 10.5H2a.5.5 0 0 1-.5-.5V8H0v2a2 2 0 0 0 2 2h2v-1.5ZM8 12v-1.5h2a.5.5 0 0 0 .5-.5V8H12v2a2 2 0 0 1-2 2H8Zm2-12a2 2 0 0 1 2 2v2h-1.5V2a.5.5 0 0 0-.5-.5H8V0h2Z\" \/>\n\t\t\t<\/svg>\n\t\t<\/button><figcaption class=\"wp-element-caption\">Horsk\u00e1 dedina v pohor\u00ed Troodos (Foto: Hagai Agmon-Snir \u062d\u0686\u0627\u064a \u0627\u0686\u0645\u0648\u0646-\u0633\u0646\u064a\u0631 \u05d7\u05d2\u05d9 \u05d0\u05d2\u05de\u05d5\u05df-\u05e9\u05e0\u05d9\u05e8 \/ Wikimedia Commons, CC BY-SA 4.0)<\/figcaption><\/figure>\n\n\n\n<p class=\"wp-block-paragraph\">Ur\u010dite nesmie\u0161 vynecha\u0165 ani meste\u010dko Omodos, ktor\u00e9 funguje ako tradi\u010dn\u00e9 centrum miestneho vin\u00e1rstva a n\u00e1jde\u0161 v \u0148om kopu mal\u00fdch rodinn\u00fdch pivn\u00edc s obrovsk\u00fdmi sudmi. V horsk\u00fdch dedink\u00e1ch b\u00fdva celoro\u010dne v\u00fdrazne chladnej\u0161ie ako na pl\u00e1\u017each, tak\u017ee si <strong>nezabudni pribali\u0165 \u013eahk\u00fd sveter aj uprostred hor\u00faceho leta<\/strong>. \u013dudia si tu ve\u013emi pochva\u013euj\u00fa \u00fa\u017easn\u00fa pohostinnos\u0165 a skvel\u00e9 rodinn\u00e9 taverny.<\/p>\n\n\n\n<h3 id=\"19_Byzantske_kostely_na_seznamu_UNESCO\" class=\"wp-block-heading\"><span class=\"ez-toc-section\" id=\"19_Byzantske_kostoly_na_zozname_UNESCO\"><\/span>19. Byzantsk\u00e9 kostoly na zozname UNESCO<span class=\"ez-toc-section-end\"><\/span><\/h3>\n\n\n\n<p class=\"wp-block-paragraph\">Byzantsk\u00e9 kostoly ukryt\u00e9 hlboko v pohor\u00ed Troodos patria k najd\u00f4le\u017eitej\u0161\u00edm kult\u00farnym pamiatkam na ostrove a hne\u010f dev\u00e4\u0165 z nich sa p\u00fd\u0161i v\u00fdznamn\u00fdm z\u00e1pisom na zozname UNESCO. Zvonku \u010dasto vyzeraj\u00fa len ako oby\u010dajn\u00e9 kamenn\u00e9 stodoly so strm\u00fdmi dreven\u00fdmi strechami, ktor\u00e9 ich maj\u00fa v hor\u00e1ch chr\u00e1ni\u0165 pred zimn\u00fdm snehom. Vn\u00fatri ale <strong>skr\u00fdvaj\u00fa \u00faplne fantastick\u00e9 a skvele zachoval\u00e9 fresky<\/strong>, z ktor\u00fdch mnoh\u00e9 poch\u00e1dzaj\u00fa u\u017e z jeden\u00e1steho storo\u010dia a rozpr\u00e1vaj\u00fa biblick\u00e9 pr\u00edbehy v \u017eiariv\u00fdch farb\u00e1ch.<\/p>\n\n\n\n<figure data-wp-context=\"{&quot;imageId&quot;:&quot;6a9944f30c5bf&quot;}\" data-wp-interactive=\"core\/image\" data-wp-key=\"6a9944f30c5bf\" class=\"wp-block-image size-full wp-lightbox-container\"><img decoding=\"async\" width=\"1500\" height=\"751\" data-wp-class--hide=\"state.isContentHidden\" data-wp-class--show=\"state.isContentVisible\" data-wp-init=\"callbacks.setButtonStyles\" data-wp-on--click=\"actions.showLightbox\" data-wp-on--load=\"callbacks.setButtonStyles\" data-wp-on--pointerdown=\"actions.preloadImage\" data-wp-on--pointerenter=\"actions.preloadImageWithDelay\" data-wp-on--pointerleave=\"actions.cancelPreload\" data-wp-on-window--resize=\"callbacks.setButtonStyles\" src=\"https:\/\/loudavymkrokem.cz\/wp-content\/uploads\/2026\/08\/dovolena-kypr-t19.jpg\" alt=\"Byzantsk\u00fd kostol\u00edk v pohor\u00ed Troodos\" class=\"wp-image-399914\" title=\"\" srcset=\"https:\/\/loudavymkrokem.cz\/wp-content\/uploads\/2026\/08\/dovolena-kypr-t19.jpg 1500w, https:\/\/loudavymkrokem.cz\/wp-content\/uploads\/2026\/08\/dovolena-kypr-t19-300x150.jpg 300w, https:\/\/loudavymkrokem.cz\/wp-content\/uploads\/2026\/08\/dovolena-kypr-t19-700x350.jpg 700w, https:\/\/loudavymkrokem.cz\/wp-content\/uploads\/2026\/08\/dovolena-kypr-t19-768x385.jpg 768w, https:\/\/loudavymkrokem.cz\/wp-content\/uploads\/2026\/08\/dovolena-kypr-t19-696x348.jpg 696w, https:\/\/loudavymkrokem.cz\/wp-content\/uploads\/2026\/08\/dovolena-kypr-t19-1392x697.jpg 1392w\" sizes=\"(max-width: 1500px) 100vw, 1500px\" \/><button\n\t\t\tclass=\"lightbox-trigger\"\n\t\t\ttype=\"button\"\n\t\t\taria-haspopup=\"dialog\"\n\t\t\tdata-wp-bind--aria-label=\"state.thisImage.triggerButtonAriaLabel\"\n\t\t\tdata-wp-init=\"callbacks.initTriggerButton\"\n\t\t\tdata-wp-on--click=\"actions.showLightbox\"\n\t\t\tdata-wp-style--right=\"state.thisImage.buttonRight\"\n\t\t\tdata-wp-style--top=\"state.thisImage.buttonTop\"\n\t\t>\n\t\t\t<svg xmlns=\"http:\/\/www.w3.org\/2000\/svg\" width=\"12\" height=\"12\" fill=\"none\" viewBox=\"0 0 12 12\">\n\t\t\t\t<path fill=\"#fff\" d=\"M2 0a2 2 0 0 0-2 2v2h1.5V2a.5.5 0 0 1 .5-.5h2V0H2Zm2 10.5H2a.5.5 0 0 1-.5-.5V8H0v2a2 2 0 0 0 2 2h2v-1.5ZM8 12v-1.5h2a.5.5 0 0 0 .5-.5V8H12v2a2 2 0 0 1-2 2H8Zm2-12a2 2 0 0 1 2 2v2h-1.5V2a.5.5 0 0 0-.5-.5H8V0h2Z\" \/>\n\t\t\t<\/svg>\n\t\t<\/button><figcaption class=\"wp-element-caption\">Byzantsk\u00fd kostol\u00edk v pohor\u00ed Troodos (Foto: Zairon \/ Wikimedia Commons, CC BY-SA 4.0)<\/figcaption><\/figure>\n\n\n\n<p class=\"wp-block-paragraph\">Medzi tie \u00faplne najzauj\u00edmavej\u0161ie patr\u00ed kostol\u00edk Asinou alebo od\u013eahl\u00fd kl\u00e1\u0161tor Panagia tou Araka, ktor\u00e9 le\u017eia na kr\u00e1snych miestach uprostred vo\u0148aj\u00facich borovicov\u00fdch lesov. V\u00e4\u010d\u0161ina t\u00fdchto n\u00e1bo\u017eensk\u00fdch pamiatok je pomerne mal\u00e1 a bedlivo ich str\u00e1\u017eia miestni spr\u00e1vcovia s k\u013e\u00fa\u010dmi, s ktor\u00fdmi sa \u010dasto dohovor\u00ed\u0161 len s \u00fasmevom a posunkami. Vn\u00fatri kostolov <strong>plat\u00ed pr\u00edsny z\u00e1kaz fotografovania s bleskom<\/strong> a vy\u017eaduje sa vhodn\u00e9 oble\u010denie zakr\u00fdvaj\u00face ramen\u00e1 a kolen\u00e1.<\/p>\n\n\n\n<h3 id=\"20_Vodopady_Kalidonia_a_Mount_Olympus\" class=\"wp-block-heading\"><span class=\"ez-toc-section\" id=\"20_Vodopady_Kalidonia_a_Mount_Olympus\"><\/span>20. Vodop\u00e1dy Kalidonia a Mount Olympus<span class=\"ez-toc-section-end\"><\/span><\/h3>\n\n\n\n<p class=\"wp-block-paragraph\">Vodop\u00e1dy Kalidonia a ne\u010falek\u00fd vrchol\u010dek Mount Olympus jasne dokazuj\u00fa, \u017ee Cyprus nie je len vysu\u0161en\u00e1 zem s pl\u00e1\u017eami, ale pon\u00faka aj svie\u017eu a zelen\u00fa horsk\u00fa pr\u00edrodu s pr\u00edjemn\u00fdm kl\u00edmou. Trek k vodop\u00e1dom vedie hust\u00fdm borovicov\u00fdm lesom pozd\u013a\u017e chladiv\u00e9ho potoka a samotn\u00e1 trasa meria necel\u00e9 tri kilometre, \u010do zvl\u00e1dne\u0161 pohodln\u00fdm tempom za necel\u00fa hodinu. Najvy\u0161\u0161ia hora ostrova Olympos potom <strong>meria \u00factyhodn\u00fdch 1 952 metrov<\/strong> a pon\u00faka kr\u00e1sne panoramatick\u00e9 v\u00fdh\u013eady hlboko do zelen\u00e9ho \u00fadolia.<\/p>\n\n\n\n<figure data-wp-context=\"{&quot;imageId&quot;:&quot;6a9944f30c98a&quot;}\" data-wp-interactive=\"core\/image\" data-wp-key=\"6a9944f30c98a\" class=\"wp-block-image size-full wp-lightbox-container\"><img decoding=\"async\" width=\"1500\" height=\"1000\" data-wp-class--hide=\"state.isContentHidden\" data-wp-class--show=\"state.isContentVisible\" data-wp-init=\"callbacks.setButtonStyles\" data-wp-on--click=\"actions.showLightbox\" data-wp-on--load=\"callbacks.setButtonStyles\" data-wp-on--pointerdown=\"actions.preloadImage\" data-wp-on--pointerenter=\"actions.preloadImageWithDelay\" data-wp-on--pointerleave=\"actions.cancelPreload\" data-wp-on-window--resize=\"callbacks.setButtonStyles\" src=\"https:\/\/loudavymkrokem.cz\/wp-content\/uploads\/2026\/08\/dovolena-kypr-t20.jpg\" alt=\"Pohorie Troodos s borovicov\u00fdmi lesmi\" class=\"wp-image-399933\" title=\"\" srcset=\"https:\/\/loudavymkrokem.cz\/wp-content\/uploads\/2026\/08\/dovolena-kypr-t20.jpg 1500w, https:\/\/loudavymkrokem.cz\/wp-content\/uploads\/2026\/08\/dovolena-kypr-t20-300x200.jpg 300w, https:\/\/loudavymkrokem.cz\/wp-content\/uploads\/2026\/08\/dovolena-kypr-t20-700x467.jpg 700w, https:\/\/loudavymkrokem.cz\/wp-content\/uploads\/2026\/08\/dovolena-kypr-t20-768x512.jpg 768w, https:\/\/loudavymkrokem.cz\/wp-content\/uploads\/2026\/08\/dovolena-kypr-t20-696x464.jpg 696w, https:\/\/loudavymkrokem.cz\/wp-content\/uploads\/2026\/08\/dovolena-kypr-t20-1392x928.jpg 1392w\" sizes=\"(max-width: 1500px) 100vw, 1500px\" \/><button\n\t\t\tclass=\"lightbox-trigger\"\n\t\t\ttype=\"button\"\n\t\t\taria-haspopup=\"dialog\"\n\t\t\tdata-wp-bind--aria-label=\"state.thisImage.triggerButtonAriaLabel\"\n\t\t\tdata-wp-init=\"callbacks.initTriggerButton\"\n\t\t\tdata-wp-on--click=\"actions.showLightbox\"\n\t\t\tdata-wp-style--right=\"state.thisImage.buttonRight\"\n\t\t\tdata-wp-style--top=\"state.thisImage.buttonTop\"\n\t\t>\n\t\t\t<svg xmlns=\"http:\/\/www.w3.org\/2000\/svg\" width=\"12\" height=\"12\" fill=\"none\" viewBox=\"0 0 12 12\">\n\t\t\t\t<path fill=\"#fff\" d=\"M2 0a2 2 0 0 0-2 2v2h1.5V2a.5.5 0 0 1 .5-.5h2V0H2Zm2 10.5H2a.5.5 0 0 1-.5-.5V8H0v2a2 2 0 0 0 2 2h2v-1.5ZM8 12v-1.5h2a.5.5 0 0 0 .5-.5V8H12v2a2 2 0 0 1-2 2H8Zm2-12a2 2 0 0 1 2 2v2h-1.5V2a.5.5 0 0 0-.5-.5H8V0h2Z\" \/>\n\t\t\t<\/svg>\n\t\t<\/button><figcaption class=\"wp-element-caption\">Pohorie Troodos s borovicov\u00fdmi lesmi (Foto: Michal Klajban \/ Wikimedia Commons, CC BY-SA 4.0)<\/figcaption><\/figure>\n\n\n\n<p class=\"wp-block-paragraph\">Zauj\u00edmavos\u0165ou je, \u017ee na svahoch Olympu sa v janu\u00e1ri a febru\u00e1ri dos\u0165 be\u017ene dr\u017e\u00ed sneh a funguj\u00fa tu dokonca men\u0161ie ly\u017eiarske vleky pre miestnych nad\u0161encov. Po\u010das jedn\u00e9ho jarn\u00e9ho d\u0148a tak teoreticky m\u00f4\u017ee\u0161 <strong>doobeda ly\u017eova\u0165 v hor\u00e1ch a popoludn\u00ed sa k\u00fapa\u0165 vo vyhriatom mori<\/strong> dole na pobre\u017e\u00ed. Cesta do h\u00f4r je dos\u0165 k\u013eukat\u00e1 a strm\u00e1, tak\u017ee ak ob\u010das trp\u00ed\u0161 na nevo\u013enosti v aute, je dobr\u00e9 sa na tieto nekone\u010dn\u00e9 serpent\u00edny rad\u0161ej trochu pripravi\u0165.<\/p>\n\n\n\n<h3 id=\"21_Kyperska_vinarstvi_a_trasy_vin\" class=\"wp-block-heading\"><span class=\"ez-toc-section\" id=\"21_Cyperske_vinarstva_a_vinne_trasy\"><\/span>21. Cypersk\u00e9 vin\u00e1rstva a v\u00ednne trasy<span class=\"ez-toc-section-end\"><\/span><\/h3>\n\n\n\n<p class=\"wp-block-paragraph\">Cypersk\u00e9 vin\u00e1rstva a takzvan\u00e9 v\u00ednne trasy s\u00fa obrovsk\u00fdm l\u00e1kadlom pre v\u0161etk\u00fdch cestovate\u013eov, ktor\u00ed radi objavuj\u00fa lok\u00e1lnu gastron\u00f3miu a po\u013enohospod\u00e1rske trad\u00edcie. Cel\u00e9 \u00farodn\u00e9 podhorie Troodosu je husto pretkan\u00e9 zna\u010den\u00fdmi v\u00ednnymi chodn\u00edkmi, ktor\u00e9 \u0165a zaved\u00fa k mal\u00fdm rodinn\u00fdm podnikom aj ve\u013ek\u00fdm tradi\u010dn\u00fdm v\u00fdrobcom. Hlavnou hviezdou je sladk\u00e9 dezertn\u00e9 v\u00edno Commandaria, o ktorom sa vraj hovor\u00ed, \u017ee je to <strong>v\u00f4bec najstar\u0161ie st\u00e1le vyr\u00e1ban\u00e9 v\u00edno na svete<\/strong> s rovnak\u00fdm n\u00e1zvom a p\u00f4vodnou recept\u00farou.<\/p>\n\n\n\n<figure data-wp-context=\"{&quot;imageId&quot;:&quot;6a9944f30cd16&quot;}\" data-wp-interactive=\"core\/image\" data-wp-key=\"6a9944f30cd16\" class=\"wp-block-image size-full wp-lightbox-container\"><img decoding=\"async\" width=\"1500\" height=\"993\" data-wp-class--hide=\"state.isContentHidden\" data-wp-class--show=\"state.isContentVisible\" data-wp-init=\"callbacks.setButtonStyles\" data-wp-on--click=\"actions.showLightbox\" data-wp-on--load=\"callbacks.setButtonStyles\" data-wp-on--pointerdown=\"actions.preloadImage\" data-wp-on--pointerenter=\"actions.preloadImageWithDelay\" data-wp-on--pointerleave=\"actions.cancelPreload\" data-wp-on-window--resize=\"callbacks.setButtonStyles\" src=\"https:\/\/loudavymkrokem.cz\/wp-content\/uploads\/2026\/08\/dovolena-kypr-t21.jpg\" alt=\"Vinica v podhor\u00ed pohoria Troodos\" class=\"wp-image-399927\" title=\"\" srcset=\"https:\/\/loudavymkrokem.cz\/wp-content\/uploads\/2026\/08\/dovolena-kypr-t21.jpg 1500w, https:\/\/loudavymkrokem.cz\/wp-content\/uploads\/2026\/08\/dovolena-kypr-t21-300x199.jpg 300w, https:\/\/loudavymkrokem.cz\/wp-content\/uploads\/2026\/08\/dovolena-kypr-t21-700x463.jpg 700w, https:\/\/loudavymkrokem.cz\/wp-content\/uploads\/2026\/08\/dovolena-kypr-t21-768x508.jpg 768w, https:\/\/loudavymkrokem.cz\/wp-content\/uploads\/2026\/08\/dovolena-kypr-t21-696x461.jpg 696w, https:\/\/loudavymkrokem.cz\/wp-content\/uploads\/2026\/08\/dovolena-kypr-t21-1392x922.jpg 1392w\" sizes=\"(max-width: 1500px) 100vw, 1500px\" \/><button\n\t\t\tclass=\"lightbox-trigger\"\n\t\t\ttype=\"button\"\n\t\t\taria-haspopup=\"dialog\"\n\t\t\tdata-wp-bind--aria-label=\"state.thisImage.triggerButtonAriaLabel\"\n\t\t\tdata-wp-init=\"callbacks.initTriggerButton\"\n\t\t\tdata-wp-on--click=\"actions.showLightbox\"\n\t\t\tdata-wp-style--right=\"state.thisImage.buttonRight\"\n\t\t\tdata-wp-style--top=\"state.thisImage.buttonTop\"\n\t\t>\n\t\t\t<svg xmlns=\"http:\/\/www.w3.org\/2000\/svg\" width=\"12\" height=\"12\" fill=\"none\" viewBox=\"0 0 12 12\">\n\t\t\t\t<path fill=\"#fff\" d=\"M2 0a2 2 0 0 0-2 2v2h1.5V2a.5.5 0 0 1 .5-.5h2V0H2Zm2 10.5H2a.5.5 0 0 1-.5-.5V8H0v2a2 2 0 0 0 2 2h2v-1.5ZM8 12v-1.5h2a.5.5 0 0 0 .5-.5V8H12v2a2 2 0 0 1-2 2H8Zm2-12a2 2 0 0 1 2 2v2h-1.5V2a.5.5 0 0 0-.5-.5H8V0h2Z\" \/>\n\t\t\t<\/svg>\n\t\t<\/button><figcaption class=\"wp-element-caption\">Vinica v podhor\u00ed pohoria Troodos (Foto: Serhio Magpie \/ Wikimedia Commons, CC BY 4.0)<\/figcaption><\/figure>\n\n\n\n<p class=\"wp-block-paragraph\">V\u00e4\u010d\u0161ina rodinn\u00fdch vin\u00e1rstiev pon\u00faka po predch\u00e1dzaj\u00facej dohode prehliadky svojich pivn\u00edc s ochutn\u00e1vkami, kde ti miestni vin\u00e1ri radi vysvetlia cel\u00fd n\u00e1ro\u010dn\u00fd proces pestovania a spracovania hrozna. Vyrazi\u0165 na v\u00ednnu trasu odpor\u00fa\u010daj\u00fa sk\u00fasen\u00ed cestovatelia ide\u00e1lne s organizovan\u00fdm z\u00e1jazdom alebo si dohodn\u00fa\u0165 spo\u013eahliv\u00e9ho vodi\u010da, preto\u017ee <strong>pol\u00edcia na Cypre ve\u013emi pr\u00edsne str\u00e1\u017ei alkohol za volantom<\/strong>. Miestne v\u00edna s\u00fa prekvapivo kvalitn\u00e9 a f\u013ea\u0161a pravej Commandarie posl\u00fa\u017ei ako perfektn\u00fd suven\u00edr z dovolenky.<\/p>\n\n\n\n<h3 id=\"22_Nikosie_posledni_rozdelene_hlavni_mesto_Evropy\" class=\"wp-block-heading\"><span class=\"ez-toc-section\" id=\"22_Nikozia_posledne_rozdelene_hlavne_mesto_Europy\"><\/span>22. Nik\u00f3zia: posledn\u00e9 rozdelen\u00e9 hlavn\u00e9 mesto Eur\u00f3py<span class=\"ez-toc-section-end\"><\/span><\/h3>\n\n\n\n<p class=\"wp-block-paragraph\">Nik\u00f3zia je neuverite\u013ene fascinuj\u00faca metropola a dr\u017e\u00ed jeden ve\u013emi smutn\u00fd prim\u00e1t, ke\u010f\u017ee funguje ako <strong>posledn\u00e9 vojensky rozdelen\u00e9 hlavn\u00e9 mesto Eur\u00f3py<\/strong>. Hlavn\u00fa n\u00e1kupn\u00fa tepnu Ledra Street nekompromisne pret\u00edna ostro str\u00e1\u017een\u00e1 Zelen\u00e1 l\u00ednia pod kontrolou OSN, ktor\u00e1 mesto del\u00ed na gr\u00e9cky juh a tureck\u00fd sever. M\u00f4\u017ee\u0161 sa vo\u013ene prech\u00e1dza\u0165 po mohutn\u00fdch ben\u00e1tskych hradb\u00e1ch v tvare pravidelnej hviezdy, obdivova\u0165 star\u00e9 mesto a na vlastnej ko\u017ei vn\u00edma\u0165 ten obrovsk\u00fd kult\u00farny kontrast.<\/p>\n\n\n\n<figure data-wp-context=\"{&quot;imageId&quot;:&quot;6a9944f30d129&quot;}\" data-wp-interactive=\"core\/image\" data-wp-key=\"6a9944f30d129\" class=\"wp-block-image size-full wp-lightbox-container\"><img decoding=\"async\" width=\"1500\" height=\"937\" data-wp-class--hide=\"state.isContentHidden\" data-wp-class--show=\"state.isContentVisible\" data-wp-init=\"callbacks.setButtonStyles\" data-wp-on--click=\"actions.showLightbox\" data-wp-on--load=\"callbacks.setButtonStyles\" data-wp-on--pointerdown=\"actions.preloadImage\" data-wp-on--pointerenter=\"actions.preloadImageWithDelay\" data-wp-on--pointerleave=\"actions.cancelPreload\" data-wp-on-window--resize=\"callbacks.setButtonStyles\" src=\"https:\/\/loudavymkrokem.cz\/wp-content\/uploads\/2026\/08\/dovolena-kypr-t22.jpg\" alt=\"Ledra Street v rozdelenej Nik\u00f3zii\" class=\"wp-image-399918\" title=\"\" srcset=\"https:\/\/loudavymkrokem.cz\/wp-content\/uploads\/2026\/08\/dovolena-kypr-t22.jpg 1500w, https:\/\/loudavymkrokem.cz\/wp-content\/uploads\/2026\/08\/dovolena-kypr-t22-300x187.jpg 300w, https:\/\/loudavymkrokem.cz\/wp-content\/uploads\/2026\/08\/dovolena-kypr-t22-700x437.jpg 700w, https:\/\/loudavymkrokem.cz\/wp-content\/uploads\/2026\/08\/dovolena-kypr-t22-768x480.jpg 768w, https:\/\/loudavymkrokem.cz\/wp-content\/uploads\/2026\/08\/dovolena-kypr-t22-696x435.jpg 696w, https:\/\/loudavymkrokem.cz\/wp-content\/uploads\/2026\/08\/dovolena-kypr-t22-1392x870.jpg 1392w\" sizes=\"(max-width: 1500px) 100vw, 1500px\" \/><button\n\t\t\tclass=\"lightbox-trigger\"\n\t\t\ttype=\"button\"\n\t\t\taria-haspopup=\"dialog\"\n\t\t\tdata-wp-bind--aria-label=\"state.thisImage.triggerButtonAriaLabel\"\n\t\t\tdata-wp-init=\"callbacks.initTriggerButton\"\n\t\t\tdata-wp-on--click=\"actions.showLightbox\"\n\t\t\tdata-wp-style--right=\"state.thisImage.buttonRight\"\n\t\t\tdata-wp-style--top=\"state.thisImage.buttonTop\"\n\t\t>\n\t\t\t<svg xmlns=\"http:\/\/www.w3.org\/2000\/svg\" width=\"12\" height=\"12\" fill=\"none\" viewBox=\"0 0 12 12\">\n\t\t\t\t<path fill=\"#fff\" d=\"M2 0a2 2 0 0 0-2 2v2h1.5V2a.5.5 0 0 1 .5-.5h2V0H2Zm2 10.5H2a.5.5 0 0 1-.5-.5V8H0v2a2 2 0 0 0 2 2h2v-1.5ZM8 12v-1.5h2a.5.5 0 0 0 .5-.5V8H12v2a2 2 0 0 1-2 2H8Zm2-12a2 2 0 0 1 2 2v2h-1.5V2a.5.5 0 0 0-.5-.5H8V0h2Z\" \/>\n\t\t\t<\/svg>\n\t\t<\/button><figcaption class=\"wp-element-caption\">Ledra Street v rozdelenej Nik\u00f3zii (Foto: A.Savin \/ Wikimedia Commons, FAL)<\/figcaption><\/figure>\n\n\n\n<p class=\"wp-block-paragraph\">Pre prechod do severnej \u010dasti Nik\u00f3zie mus\u00ed\u0161 prejs\u0165 ofici\u00e1lnym hrani\u010dn\u00fdm priechodom pre pe\u0161\u00edch a <strong>bezpodmiene\u010dne k tomu potrebuje\u0161 platn\u00fd cestovn\u00fd pas<\/strong>, preto\u017ee ob\u010diansky preukaz spo\u013eahlivo nesta\u010d\u00ed. Cel\u00fd proces kontroly je obvykle r\u00fdchly a bezprobl\u00e9mov\u00fd, no je to pre Stredoeur\u00f3pana naozaj siln\u00fd z\u00e1\u017eitok. Prekro\u010den\u00edm hranice sa razom ocitne\u0161 v prostred\u00ed orient\u00e1lnych trhov\u00edsk, me\u0161\u00edt a v\u00f4ne korenia, kde je u\u017e na prv\u00fd poh\u013ead zjavn\u00fd \u00faplne in\u00fd \u017eivotn\u00fd \u0161t\u00fdl.<\/p>\n\n\n\n<h3 id=\"23_Kyrenia_Girne_a_hrad_nad_pristavem\" class=\"wp-block-heading\"><span class=\"ez-toc-section\" id=\"23_Kyrenia_Girne_a_hrad_nad_pristavom\"><\/span>23. Kyrenia (Girne) a hrad nad pr\u00edstavom<span class=\"ez-toc-section-end\"><\/span><\/h3>\n\n\n\n<p class=\"wp-block-paragraph\">Kyrenia le\u017e\u00ed na severnom pobre\u017e\u00ed a mnoho cestovate\u013eov ju po pr\u00e1ve pova\u017euje za ten v\u00f4bec najfotogenickej\u0161\u00ed pr\u00edstav cel\u00e9ho rozdelen\u00e9ho ostrova. Z\u00e1toka v tvare dokonalej podkovy je lemovan\u00e1 star\u00fdmi kamenn\u00fdmi domami, kotv\u00ed v nej starod\u00e1vne vyzeraj\u00face dreven\u00e9 lode a nad t\u00fdm v\u0161etk\u00fdm sa <strong>majest\u00e1tne t\u00fd\u010di obrovsk\u00fd byzantsk\u00fd hrad<\/strong>, ktor\u00fd predt\u00fdm chr\u00e1nil mesto pred n\u00e1jazdmi. K\u00fasok nad mestom sa potom v kopcoch ukr\u00fdvaj\u00fa n\u00e1dhern\u00e9 gotick\u00e9 ruiny op\u00e1tstva Bellapais s prekr\u00e1snym v\u00fdh\u013eadom na more.<\/p>\n\n\n\n<figure data-wp-context=\"{&quot;imageId&quot;:&quot;6a9944f30d761&quot;}\" data-wp-interactive=\"core\/image\" data-wp-key=\"6a9944f30d761\" class=\"wp-block-image size-full wp-lightbox-container\"><img decoding=\"async\" width=\"1500\" height=\"937\" data-wp-class--hide=\"state.isContentHidden\" data-wp-class--show=\"state.isContentVisible\" data-wp-init=\"callbacks.setButtonStyles\" data-wp-on--click=\"actions.showLightbox\" data-wp-on--load=\"callbacks.setButtonStyles\" data-wp-on--pointerdown=\"actions.preloadImage\" data-wp-on--pointerenter=\"actions.preloadImageWithDelay\" data-wp-on--pointerleave=\"actions.cancelPreload\" data-wp-on-window--resize=\"callbacks.setButtonStyles\" src=\"https:\/\/loudavymkrokem.cz\/wp-content\/uploads\/2026\/08\/dovolena-kypr-t23.jpg\" alt=\"Pr\u00edstav a hrad v Kyrenii\" class=\"wp-image-399919\" title=\"\" srcset=\"https:\/\/loudavymkrokem.cz\/wp-content\/uploads\/2026\/08\/dovolena-kypr-t23.jpg 1500w, https:\/\/loudavymkrokem.cz\/wp-content\/uploads\/2026\/08\/dovolena-kypr-t23-300x187.jpg 300w, https:\/\/loudavymkrokem.cz\/wp-content\/uploads\/2026\/08\/dovolena-kypr-t23-700x437.jpg 700w, https:\/\/loudavymkrokem.cz\/wp-content\/uploads\/2026\/08\/dovolena-kypr-t23-768x480.jpg 768w, https:\/\/loudavymkrokem.cz\/wp-content\/uploads\/2026\/08\/dovolena-kypr-t23-696x435.jpg 696w, https:\/\/loudavymkrokem.cz\/wp-content\/uploads\/2026\/08\/dovolena-kypr-t23-1392x870.jpg 1392w\" sizes=\"(max-width: 1500px) 100vw, 1500px\" \/><button\n\t\t\tclass=\"lightbox-trigger\"\n\t\t\ttype=\"button\"\n\t\t\taria-haspopup=\"dialog\"\n\t\t\tdata-wp-bind--aria-label=\"state.thisImage.triggerButtonAriaLabel\"\n\t\t\tdata-wp-init=\"callbacks.initTriggerButton\"\n\t\t\tdata-wp-on--click=\"actions.showLightbox\"\n\t\t\tdata-wp-style--right=\"state.thisImage.buttonRight\"\n\t\t\tdata-wp-style--top=\"state.thisImage.buttonTop\"\n\t\t>\n\t\t\t<svg xmlns=\"http:\/\/www.w3.org\/2000\/svg\" width=\"12\" height=\"12\" fill=\"none\" viewBox=\"0 0 12 12\">\n\t\t\t\t<path fill=\"#fff\" d=\"M2 0a2 2 0 0 0-2 2v2h1.5V2a.5.5 0 0 1 .5-.5h2V0H2Zm2 10.5H2a.5.5 0 0 1-.5-.5V8H0v2a2 2 0 0 0 2 2h2v-1.5ZM8 12v-1.5h2a.5.5 0 0 0 .5-.5V8H12v2a2 2 0 0 1-2 2H8Zm2-12a2 2 0 0 1 2 2v2h-1.5V2a.5.5 0 0 0-.5-.5H8V0h2Z\" \/>\n\t\t\t<\/svg>\n\t\t<\/button><figcaption class=\"wp-element-caption\">Pr\u00edstav a hrad v Kyrenii (Foto: A.Savin \/ Wikimedia Commons, FAL)<\/figcaption><\/figure>\n\n\n\n<p class=\"wp-block-paragraph\">Ke\u010f\u017ee t\u00e1to historick\u00e1 pamiatka le\u017e\u00ed v Severnom Cypre, mus\u00ed\u0161 k nej vyrazi\u0165 cez ofici\u00e1lny hrani\u010dn\u00fd priechod s platn\u00fdm cestovn\u00fdm pasom v ruke. Upozor\u0148ujem na ve\u013emi d\u00f4le\u017eit\u00fa vec, na sever sa <strong>s po\u017ei\u010dan\u00fdm autom z juhu smie len s v\u00fdslovn\u00fdm s\u00fahlasom po\u017ei\u010dovne<\/strong> a s nutnos\u0165ou dok\u00fapi\u0165 si priamo na hraniciach do\u010dasn\u00e9 tureck\u00e9 poistenie. Ak by si si naopak bl\u00e1hovo po\u017ei\u010dal auto na severe, na ju\u017en\u00fa stranu s n\u00edm nesmie\u0161 v\u00f4bec, \u010do je pod\u013ea miestnych ten naj\u010dastej\u0161\u00ed pr\u00faser neinformovan\u00fdch turistov.<\/p>\n\n\n\n<h3 id=\"24_Famagusta_a_duchem_opustene_Varosha\" class=\"wp-block-heading\"><span class=\"ez-toc-section\" id=\"24_Famagusta_a_duchmi_opustena_Varosha\"><\/span>24. Famagusta a duchmi opusten\u00e1 Varosha<span class=\"ez-toc-section-end\"><\/span><\/h3>\n\n\n\n<p class=\"wp-block-paragraph\">Famagusta na Cypre a duchmi opusten\u00e9 letovisko Varosha predstavuj\u00fa jeden z najsilnej\u0161\u00edch a najbizarnej\u0161\u00edch z\u00e1\u017eitkov, ak\u00fd m\u00f4\u017ee\u0161 po\u010das svojho putovania po severnej \u010dasti ostrova za\u017ei\u0165. V historickom centre Famagusty \u0165a ur\u010dite prekvap\u00ed obrovsk\u00e1 gotick\u00e1 katedr\u00e1la premenen\u00e1 na me\u0161itu pridan\u00edm \u0161t\u00edhleho minaretu a mohutn\u00e9 starovek\u00e9 hradby. Hne\u010f ved\u013ea ale le\u017e\u00ed \u0161tvr\u0165 Varosha, \u010do bolo kedysi luxusn\u00e9 letovisko filmov\u00fdch hviezd, ktor\u00e9 je <strong>od vojny v roku 1974 kompletne opusten\u00e9<\/strong> a ch\u00e1traj\u00face za ostnat\u00fdm dr\u00f4tom.<\/p>\n\n\n\n<figure data-wp-context=\"{&quot;imageId&quot;:&quot;6a9944f30db85&quot;}\" data-wp-interactive=\"core\/image\" data-wp-key=\"6a9944f30db85\" class=\"wp-block-image size-full wp-lightbox-container\"><img decoding=\"async\" width=\"1500\" height=\"999\" data-wp-class--hide=\"state.isContentHidden\" data-wp-class--show=\"state.isContentVisible\" data-wp-init=\"callbacks.setButtonStyles\" data-wp-on--click=\"actions.showLightbox\" data-wp-on--load=\"callbacks.setButtonStyles\" data-wp-on--pointerdown=\"actions.preloadImage\" data-wp-on--pointerenter=\"actions.preloadImageWithDelay\" data-wp-on--pointerleave=\"actions.cancelPreload\" data-wp-on-window--resize=\"callbacks.setButtonStyles\" src=\"https:\/\/loudavymkrokem.cz\/wp-content\/uploads\/2026\/08\/dovolena-kypr-t24.jpg\" alt=\"Gotick\u00e1 katedr\u00e1la vo Famaguste na Cypre\" class=\"wp-image-399923\" title=\"\" srcset=\"https:\/\/loudavymkrokem.cz\/wp-content\/uploads\/2026\/08\/dovolena-kypr-t24.jpg 1500w, https:\/\/loudavymkrokem.cz\/wp-content\/uploads\/2026\/08\/dovolena-kypr-t24-300x200.jpg 300w, https:\/\/loudavymkrokem.cz\/wp-content\/uploads\/2026\/08\/dovolena-kypr-t24-700x466.jpg 700w, https:\/\/loudavymkrokem.cz\/wp-content\/uploads\/2026\/08\/dovolena-kypr-t24-768x511.jpg 768w, https:\/\/loudavymkrokem.cz\/wp-content\/uploads\/2026\/08\/dovolena-kypr-t24-696x464.jpg 696w, https:\/\/loudavymkrokem.cz\/wp-content\/uploads\/2026\/08\/dovolena-kypr-t24-1392x927.jpg 1392w\" sizes=\"(max-width: 1500px) 100vw, 1500px\" \/><button\n\t\t\tclass=\"lightbox-trigger\"\n\t\t\ttype=\"button\"\n\t\t\taria-haspopup=\"dialog\"\n\t\t\tdata-wp-bind--aria-label=\"state.thisImage.triggerButtonAriaLabel\"\n\t\t\tdata-wp-init=\"callbacks.initTriggerButton\"\n\t\t\tdata-wp-on--click=\"actions.showLightbox\"\n\t\t\tdata-wp-style--right=\"state.thisImage.buttonRight\"\n\t\t\tdata-wp-style--top=\"state.thisImage.buttonTop\"\n\t\t>\n\t\t\t<svg xmlns=\"http:\/\/www.w3.org\/2000\/svg\" width=\"12\" height=\"12\" fill=\"none\" viewBox=\"0 0 12 12\">\n\t\t\t\t<path fill=\"#fff\" d=\"M2 0a2 2 0 0 0-2 2v2h1.5V2a.5.5 0 0 1 .5-.5h2V0H2Zm2 10.5H2a.5.5 0 0 1-.5-.5V8H0v2a2 2 0 0 0 2 2h2v-1.5ZM8 12v-1.5h2a.5.5 0 0 0 .5-.5V8H12v2a2 2 0 0 1-2 2H8Zm2-12a2 2 0 0 1 2 2v2h-1.5V2a.5.5 0 0 0-.5-.5H8V0h2Z\" \/>\n\t\t\t<\/svg>\n\t\t<\/button><figcaption class=\"wp-element-caption\">Gotick\u00e1 katedr\u00e1la vo Famaguste (Foto: A.Savin \/ Wikimedia Commons, FAL)<\/figcaption><\/figure>\n\n\n\n<p class=\"wp-block-paragraph\">T\u00e1to takzvan\u00e1 oblas\u0165 duchov sa ned\u00e1vno \u010diasto\u010dne otvorila n\u00e1v\u0161tevn\u00edkom, tak\u017ee sa m\u00f4\u017ee\u0161 prech\u00e1dza\u0165 po vyasfaltovan\u00fdch cest\u00e1ch priamo medzi rozpadaj\u00facimi sa hotelmi a zarasten\u00fdmi vilami. Rovnako ako v pr\u00edpade Kyrenie mus\u00ed\u0161 cez ofici\u00e1lny hrani\u010dn\u00fd priechod, tak\u017ee <strong>nezabudni pas a daj si ve\u013ek\u00fd pozor na poistenie<\/strong> pri svojom po\u017ei\u010danom aute. Eur\u00e1 tu s\u00edce na mnoh\u00fdch turistick\u00fdch miestach vezm\u00fa, ale ofici\u00e1lne sa tu plat\u00ed tureckou l\u00edrou, tak\u017ee sa na to pri v\u00fdlete za hranice dobre priprav.<\/p>\n\n\n\n<h2 id=\"Kde_se_ubytovat_na_Kypru_ktera_oblast_sedne_komu\" class=\"wp-block-heading\"><span class=\"ez-toc-section\" id=\"Kde_sa_ubytovat_na_Cypre_ktora_oblast_sadne_komu\"><\/span>Kde sa ubytova\u0165 na Cypre: ktor\u00e1 oblas\u0165 sadne komu<span class=\"ez-toc-section-end\"><\/span><\/h2>\n\n\n\n<p class=\"wp-block-paragraph\">V\u00fdber spr\u00e1vnej z\u00e1kladne je pre to, aby tvoja dovolenka na Cypre dopadla na jednotku, \u00faplne k\u013e\u00fa\u010dov\u00fd. Ostrov je pomerne ve\u013ek\u00fd a ka\u017ed\u00e9 pobre\u017eie pon\u00faka \u00faplne in\u00fa atmosf\u00e9ru, tak\u017ee sa oplat\u00ed chv\u00ed\u013eku zamyslie\u0165 nad t\u00fdm, \u010do od cesty vlastne o\u010dak\u00e1va\u0161. Zatia\u013e \u010do z\u00e1padn\u00e1 \u010das\u0165 l\u00e1ka na hist\u00f3riu a trochu pokojnej\u0161ie z\u00e1toky, v\u00fdchod ostrova tepe no\u010dn\u00fdm \u017eivotom a p\u00fd\u0161i sa t\u00fdmi najzn\u00e1mej\u0161\u00edmi pl\u00e1\u017eami s bielym pieskom.<\/p>\n\n\n\n<p class=\"wp-block-paragraph\"><strong>V\u00e4\u010d\u0161ina cestovate\u013eov odpor\u00fa\u010da vybra\u0165 si jedno strategick\u00e9 miesto<\/strong>, z ktor\u00e9ho potom m\u00f4\u017ee\u0161 podnika\u0165 v\u00fdlety, pr\u00edpadne si pobyt rozdeli\u0165 na dve polovice. Prejazdy naprie\u010d cel\u00fdm ostrovom by \u0165a toti\u017e zbyto\u010dne oberali o \u010das, ktor\u00fd by si inak mohol str\u00e1vi\u0165 s poh\u00e1rikom v\u00edna v nejakej zapadnutej taverne.<\/p>\n\n\n\n<p class=\"wp-block-paragraph\">\ud83d\udca1 <strong>Tip:<\/strong> Ne\u017e sa rozhodne\u0161 pre konkr\u00e9tny hotel, prezri si <a href=\"https:\/\/www.stay22.com\/allez\/roam?aid=lukaskonecny&amp;campaign=loudavymkrokemcz&amp;campaign=dovolena-kypr&amp;address=Kypr\" target=\"_blank\" rel=\"nofollow noopener sponsored\">aktu\u00e1lnu ponuku ubytovania na Cypre<\/a> a filtruj pod\u013ea bezplatn\u00e9ho storna. Na Cypre sa ceny medzi hlavnou a ved\u013eaj\u0161ou sez\u00f3nou l\u00ed\u0161ia aj o polovicu.<\/p>\n\n\n\n<h3 id=\"Prehled_oblasti\" class=\"wp-block-heading\"><span class=\"ez-toc-section\" id=\"Prehlad_oblasti\"><\/span>Preh\u013ead oblast\u00ed<span class=\"ez-toc-section-end\"><\/span><\/h3>\n\n\n\n<ul class=\"wp-block-list\">\n<li><strong>Paphos<\/strong> plat\u00ed za ide\u00e1lnu vo\u013ebu pre p\u00e1ry a milovn\u00edkov spozn\u00e1vania, preto\u017ee tu n\u00e1jde\u0161 neuverite\u013en\u00e9 archeologick\u00e9 pamiatky UNESCO a panuje tu o nie\u010do pokojnej\u0161ia atmosf\u00e9ra.<\/li>\n\n\n\n<li><strong>Coral Bay<\/strong> sa nach\u00e1dza len k\u00fasok od Paphosu a pon\u00faka kr\u00e1snu pieso\u010dn\u00fa pl\u00e1\u017e, \u010do z nej rob\u00ed obrovsk\u00e9 l\u00e1kadlo hlavne pre rodiny s men\u0161\u00edmi de\u0165mi.<\/li>\n\n\n\n<li><strong>Limassol<\/strong> je najv\u00e4\u010d\u0161ie mesto juhu s n\u00e1dhern\u00fdm n\u00e1bre\u017e\u00edm a kopou re\u0161taur\u00e1ci\u00ed, kde to \u017eije celoro\u010dne, ale mus\u00ed\u0161 po\u010d\u00edta\u0165 s t\u00fdm, \u017ee ide o drah\u0161iu lokalitu.<\/li>\n\n\n\n<li><strong>Ayia Napa<\/strong> sa chv\u00e1li t\u00fdmi \u00faplne najlep\u0161\u00edmi pl\u00e1\u017eami a b\u00farliv\u00fdm no\u010dn\u00fdm \u017eivotom, tak\u017ee tu v hlavnej letnej sez\u00f3ne b\u00fdva dos\u0165 hlu\u010dno a ve\u013emi \u017eivo.<\/li>\n\n\n\n<li><strong>Protaras<\/strong> le\u017e\u00ed k\u00fasok od Ayia Napy, ale pon\u00faka ove\u013ea v\u00e4\u010d\u0161\u00ed rodinn\u00fd pokoj a n\u00e1jde\u0161 tu sl\u00e1vnu z\u00e1toku Fig Tree Bay s kr\u00e1sne plytkou vodou.<\/li>\n\n\n\n<li><strong>Larnaka<\/strong> je skvel\u00e1 z\u00e1klad\u0148a pre v\u00fdlety, nach\u00e1dza sa tu medzin\u00e1rodn\u00e9 letisko aj sl\u00e1vne Slan\u00e9 jazero a vo v\u0161eobecnosti vych\u00e1dza ako t\u00e1 najlacnej\u0161ia varianta pre ubytovanie.<\/li>\n<\/ul>\n\n\n\n<h3 id=\"Konkretni_tipy_na_ubytovani\" class=\"wp-block-heading\"><span class=\"ez-toc-section\" id=\"Konkretne_tipy_na_ubytovanie\"><\/span>Konkr\u00e9tne tipy na ubytovanie<span class=\"ez-toc-section-end\"><\/span><\/h3>\n\n\n\n<ul class=\"wp-block-list\">\n<li><strong><a href=\"https:\/\/www.stay22.com\/allez\/roam?aid=lukaskonecny&amp;campaign=loudavymkrokemcz&amp;campaign=dovolena-kypr&amp;hotelname=Almyra%20Hotel&amp;address=Paphos%2C%20Kypr\" target=\"_blank\" rel=\"noopener nofollow sponsored\">Almyra Hotel<\/a><\/strong> (Paphos): Kr\u00e1sny dizajnov\u00fd hotel hne\u010f pri mori, ktor\u00fd je nesmierne ob\u013e\u00faben\u00fd u p\u00e1rov h\u013eadaj\u00facich romantiku a \u0161pi\u010dkov\u00e9 slu\u017eby.<\/li>\n\n\n\n<li><strong><a href=\"https:\/\/www.stay22.com\/allez\/roam?aid=lukaskonecny&amp;campaign=loudavymkrokemcz&amp;campaign=dovolena-kypr&amp;hotelname=Elysium%20Hotel&amp;address=Paphos%2C%20Kypr\" target=\"_blank\" rel=\"noopener nofollow sponsored\">Elysium Hotel<\/a><\/strong> (Paphos): Luxusn\u00fd rezort postaven\u00fd hne\u010f ved\u013ea Kr\u00e1\u013eovsk\u00fdch hrobiek, kde si bude\u0161 pripada\u0165 ako v ozajstnom pal\u00e1ci.<\/li>\n\n\n\n<li><strong><a href=\"https:\/\/www.stay22.com\/allez\/roam?aid=lukaskonecny&amp;campaign=loudavymkrokemcz&amp;campaign=dovolena-kypr&amp;hotelname=Olympic%20Lagoon%20Resort%20Paphos&amp;address=Paphos%2C%20Kypr\" target=\"_blank\" rel=\"noopener nofollow sponsored\">Olympic Lagoon Resort Paphos<\/a><\/strong> (Paphos): Obrovsk\u00fd komplex s programom all inclusive, ktor\u00fd cestovatelia hodnotia ako \u00faplne perfektn\u00fd pre rodiny s de\u0165mi.<\/li>\n\n\n\n<li><strong><a href=\"https:\/\/www.stay22.com\/allez\/roam?aid=lukaskonecny&amp;campaign=loudavymkrokemcz&amp;campaign=dovolena-kypr&amp;hotelname=Nissiblu%20Beach%20Resort&amp;address=Ayia%20Napa%2C%20Kypr\" target=\"_blank\" rel=\"noopener nofollow sponsored\">Nissiblu Beach Resort<\/a><\/strong> (Ayia Napa): Modern\u00fd p\u00e4\u0165hviezdi\u010dkov\u00fd klenot, ktor\u00fd stoj\u00ed priamo pri sl\u00e1vnej pl\u00e1\u017ei Nissi Beach, tak\u017ee to k vode m\u00e1\u0161 doslova p\u00e1r krokov.<\/li>\n\n\n\n<li><strong><a href=\"https:\/\/www.stay22.com\/allez\/roam?aid=lukaskonecny&amp;campaign=loudavymkrokemcz&amp;campaign=dovolena-kypr&amp;hotelname=Adams%20Beach%20Hotel%20%26%20Spa&amp;address=Ayia%20Napa%2C%20Kypr\" target=\"_blank\" rel=\"noopener nofollow sponsored\">Adams Beach Hotel &amp; Spa<\/a><\/strong> (Ayia Napa): Ve\u013emi roz\u013eahl\u00fd rezort s vlastnou s\u00fakromnou pl\u00e1\u017eou, kde sa skvele schov\u00e1\u0161 pred letn\u00fdmi davmi.<\/li>\n\n\n\n<li><strong><a href=\"https:\/\/www.stay22.com\/allez\/roam?aid=lukaskonecny&amp;campaign=loudavymkrokemcz&amp;campaign=dovolena-kypr&amp;hotelname=Parklane%2C%20a%20Luxury%20Collection%20Resort%20%26%20Spa&amp;address=Limassol%2C%20Kypr\" target=\"_blank\" rel=\"noopener nofollow sponsored\">Parklane, a Luxury Collection Resort &amp; Spa<\/a><\/strong> (Limassol): \u0160pi\u010dkov\u00fd a ve\u013emi elegantn\u00fd rezort s n\u00e1dhernou lag\u00fanou, ktor\u00fd uspokoj\u00ed aj t\u00fdch najn\u00e1ro\u010dnej\u0161\u00edch host\u00ed.<\/li>\n<\/ul>\n\n\n\n<h2 id=\"Co_jist_na_Kypru_raj_pro_vegetariany\" class=\"wp-block-heading\"><span class=\"ez-toc-section\" id=\"Co_jest_na_Cypre_raj_pre_vegetarianov\"><\/span>\u010co jes\u0165 na Cypre: raj pre vegetari\u00e1nov<span class=\"ez-toc-section-end\"><\/span><\/h2>\n\n\n\n<p class=\"wp-block-paragraph\">Cypersk\u00e1 kuchy\u0148a v sebe hravo kombinuje tie najlep\u0161ie gr\u00e9cke a bl\u00edzkov\u00fdchodn\u00e9 vplyvy, tak\u017ee na tanieri v\u017edy dostane\u0161 kopu slnka a \u010derstv\u00fdch byliniek. <strong>Obrovskou v\u00fdhodou je ve\u013ek\u00fd d\u00f4raz na lok\u00e1lnu zeleninu a syry<\/strong>, \u010do z ostrova rob\u00ed \u00faplne fantastick\u00fa destin\u00e1ciu pre v\u0161etk\u00fdch, ktor\u00ed nejedia m\u00e4so. Samozrejme plat\u00ed, \u017ee ostrov je presl\u00e1ven\u00fd aj m\u00e4sit\u00fdmi \u0161pecialitami ako pomaly pe\u010den\u00e9 jah\u0148acie kleftiko alebo tradi\u010dn\u00e9 klob\u00e1sky sheftalia, ktor\u00e9 vraj vo\u0148aj\u00fa na ka\u017edom rohu, ale my sa zameriame na to, \u010do pote\u0161\u00ed vegetari\u00e1nov.<\/p>\n\n\n\n<figure data-wp-context=\"{&quot;imageId&quot;:&quot;6a9944f30e822&quot;}\" data-wp-interactive=\"core\/image\" data-wp-key=\"6a9944f30e822\" class=\"wp-block-image size-full wp-lightbox-container\"><img decoding=\"async\" width=\"1500\" height=\"1125\" data-wp-class--hide=\"state.isContentHidden\" data-wp-class--show=\"state.isContentVisible\" data-wp-init=\"callbacks.setButtonStyles\" data-wp-on--click=\"actions.showLightbox\" data-wp-on--load=\"callbacks.setButtonStyles\" data-wp-on--pointerdown=\"actions.preloadImage\" data-wp-on--pointerenter=\"actions.preloadImageWithDelay\" data-wp-on--pointerleave=\"actions.cancelPreload\" data-wp-on-window--resize=\"callbacks.setButtonStyles\" src=\"https:\/\/loudavymkrokem.cz\/wp-content\/uploads\/2026\/08\/dovolena-kypr-food.jpg\" alt=\"Halloumi, syr, ktor\u00fd poch\u00e1dza z Cypru\" class=\"wp-image-399930\" title=\"\" srcset=\"https:\/\/loudavymkrokem.cz\/wp-content\/uploads\/2026\/08\/dovolena-kypr-food.jpg 1500w, https:\/\/loudavymkrokem.cz\/wp-content\/uploads\/2026\/08\/dovolena-kypr-food-300x225.jpg 300w, https:\/\/loudavymkrokem.cz\/wp-content\/uploads\/2026\/08\/dovolena-kypr-food-700x525.jpg 700w, https:\/\/loudavymkrokem.cz\/wp-content\/uploads\/2026\/08\/dovolena-kypr-food-768x576.jpg 768w, https:\/\/loudavymkrokem.cz\/wp-content\/uploads\/2026\/08\/dovolena-kypr-food-80x60.jpg 80w, https:\/\/loudavymkrokem.cz\/wp-content\/uploads\/2026\/08\/dovolena-kypr-food-160x120.jpg 160w, https:\/\/loudavymkrokem.cz\/wp-content\/uploads\/2026\/08\/dovolena-kypr-food-696x522.jpg 696w, https:\/\/loudavymkrokem.cz\/wp-content\/uploads\/2026\/08\/dovolena-kypr-food-1392x1044.jpg 1392w\" sizes=\"(max-width: 1500px) 100vw, 1500px\" \/><button\n\t\t\tclass=\"lightbox-trigger\"\n\t\t\ttype=\"button\"\n\t\t\taria-haspopup=\"dialog\"\n\t\t\tdata-wp-bind--aria-label=\"state.thisImage.triggerButtonAriaLabel\"\n\t\t\tdata-wp-init=\"callbacks.initTriggerButton\"\n\t\t\tdata-wp-on--click=\"actions.showLightbox\"\n\t\t\tdata-wp-style--right=\"state.thisImage.buttonRight\"\n\t\t\tdata-wp-style--top=\"state.thisImage.buttonTop\"\n\t\t>\n\t\t\t<svg xmlns=\"http:\/\/www.w3.org\/2000\/svg\" width=\"12\" height=\"12\" fill=\"none\" viewBox=\"0 0 12 12\">\n\t\t\t\t<path fill=\"#fff\" d=\"M2 0a2 2 0 0 0-2 2v2h1.5V2a.5.5 0 0 1 .5-.5h2V0H2Zm2 10.5H2a.5.5 0 0 1-.5-.5V8H0v2a2 2 0 0 0 2 2h2v-1.5ZM8 12v-1.5h2a.5.5 0 0 0 .5-.5V8H12v2a2 2 0 0 1-2 2H8Zm2-12a2 2 0 0 1 2 2v2h-1.5V2a.5.5 0 0 0-.5-.5H8V0h2Z\" \/>\n\t\t\t<\/svg>\n\t\t<\/button><figcaption class=\"wp-element-caption\">Halloumi, syr, ktor\u00fd poch\u00e1dza z Cypru (Foto: Hmioannou \/ Wikimedia Commons, CC BY 3.0)<\/figcaption><\/figure>\n\n\n\n<p class=\"wp-block-paragraph\">Pri n\u00e1v\u0161teve miestnych taverien ur\u010dite neurob\u00ed\u0161 chybu, ke\u010f bude\u0161 sk\u00fa\u0161a\u0165 najr\u00f4znej\u0161ie mal\u00e9 predjedl\u00e1 a zdie\u013ea\u0165 ich s priate\u013emi pri stole. <strong>Pohostinnos\u0165 je tu bran\u00e1 ve\u013emi v\u00e1\u017ene<\/strong>, tak\u017ee porcie b\u00fdvaj\u00fa naozaj \u0161tedr\u00e9 a \u010dasto k nim dostane\u0161 e\u0161te nejak\u00fa mal\u00fa pozornos\u0165 podniku.<\/p>\n\n\n\n<ul class=\"wp-block-list\">\n<li><strong>halloumi<\/strong>: Tento sl\u00e1vny syr z ov\u010dieho a kozieho mlieka poch\u00e1dza priamo z Cypru, kr\u00e1sne sa griluje, v\u00f4bec sa nerozte\u010die a chut\u00ed \u00faplne bo\u017esky.<\/li>\n\n\n\n<li><strong>meze<\/strong>: Tradi\u010dn\u00e1 hostina zlo\u017een\u00e1 z dvadsiatich a viac mal\u00fdch tanierikov, pri\u010dom kopa taverien pon\u00faka aj kompletn\u00e9 vegetari\u00e1nske meze pln\u00e9 dipov a syrov.<\/li>\n\n\n\n<li><strong>kolokotes<\/strong>: Tradi\u010dn\u00e9 a \u010disto vegetari\u00e1nske ta\u0161ti\u010dky, ktor\u00e9 sa plnia sladkou tekvicou, hrozienkami a p\u0161enicou, \u010do vytv\u00e1ra ve\u013emi zauj\u00edmav\u00fa chu\u0165ov\u00fa kombin\u00e1ciu.<\/li>\n\n\n\n<li><strong>louvi<\/strong>: Zdrav\u00e9 a v\u00fddatn\u00e9 jedlo z \u010diernook\u00e9ho hrachu varen\u00e9ho s \u010derstvou listovou zeleninou, ktor\u00e9 sa hojne zakvapk\u00e1 citr\u00f3nom a olivov\u00fdm olejom.<\/li>\n\n\n\n<li><strong>gemista<\/strong>: Dom\u00e4kka pe\u010den\u00e1 zelenina plnen\u00e1 ry\u017eou a bylinkami, naj\u010dastej\u0161ie ide o ve\u013ek\u00e9 paradajky, papriky alebo cukety.<\/li>\n\n\n\n<li><strong>kolokythokeftedes<\/strong>: Vynikaj\u00face vypr\u00e1\u017ean\u00e9 cuketov\u00e9 placi\u010dky so syrom feta a \u010derstvou m\u00e4tou, ktor\u00e9 skvele chutia s jogurtov\u00fdm dipom.<\/li>\n\n\n\n<li><strong>anari s karobov\u00fdm sirupom<\/strong>: \u010cerstv\u00fd srv\u00e1tkov\u00fd syr jemnej chuti, ktor\u00fd sa polieva sirupom zo sv\u00e4toj\u00e1nskeho chleba a pod\u00e1va sa ako typick\u00fd \u013eahk\u00fd dezert.<\/li>\n\n\n\n<li><strong>Commandaria<\/strong>: Sladk\u00e9 dezertn\u00e9 v\u00edno jant\u00e1rovej farby, o ktorom sa s ob\u013eubou hovor\u00ed, \u017ee ide o najstar\u0161ie st\u00e1le vyr\u00e1ban\u00e9 v\u00edno na celom svete.<\/li>\n<\/ul>\n\n\n\n<p class=\"wp-block-paragraph\">\ud83d\udca1 TIP: Ak si v re\u0161taur\u00e1cii objedn\u00e1\u0161 vegetari\u00e1nske meze, v\u017edy sa nos\u00ed pre cel\u00fd st\u00f4l a je ho \u00faplne obrovsk\u00e9 mno\u017estvo. Rozhodne si k nemu neobjedn\u00e1vaj e\u0161te hlavn\u00e9 jedlo, preto\u017ee by si to zaru\u010dene nezjedol. \ud83d\ude05<\/p>\n\n\n\n<h2 id=\"Doprava_po_Kypru_auto_autobusy_a_prechod_na_sever\" class=\"wp-block-heading\"><span class=\"ez-toc-section\" id=\"Doprava_po_Cypre_auto_autobusy_a_priechod_na_sever\"><\/span>Doprava po Cypre: auto, autobusy a priechod na sever<span class=\"ez-toc-section-end\"><\/span><\/h2>\n\n\n\n<p class=\"wp-block-paragraph\">Pohyb po ostrove m\u00e1 svoje \u0161pecifik\u00e1 a je dobr\u00e9 sa na ne vopred pripravi\u0165, aby si na mieste nebol zbyto\u010dne prekvapen\u00fd. <strong>Najv\u00e4\u010d\u0161ou z\u00e1ludnos\u0165ou pre n\u00e1s b\u00fdva riadenie<\/strong>, preto\u017ee Cyprus si z \u010dias britskej nadvl\u00e1dy zachoval kopu zvykov, ktor\u00e9 sa premietaj\u00fa do ka\u017edodenn\u00e9ho \u017eivota. Hne\u010f po pr\u00edlete tie\u017e zist\u00ed\u0161, \u017ee na elektroniku bude\u0161 potrebova\u0165 adapt\u00e9r, preto\u017ee tu funguj\u00fa klasick\u00e9 britsk\u00e9 trojkol\u00edkov\u00e9 z\u00e1suvky typu G.<\/p>\n\n\n\n<h3 id=\"Jezdi_se_vlevo\" class=\"wp-block-heading\"><span class=\"ez-toc-section\" id=\"Jazdi_sa_vlavo\"><\/span>Jazd\u00ed sa v\u013eavo<span class=\"ez-toc-section-end\"><\/span><\/h3>\n\n\n\n<p class=\"wp-block-paragraph\">Ako dedi\u010dstvo po Britoch sa na celom ostrove jazd\u00ed striktne v\u013eavo, s \u010d\u00edm sa mus\u00ed po\u010d\u00edta\u0165 hne\u010f pri prevzat\u00ed vozidla v po\u017ei\u010dovni. V\u0161etky aut\u00e1 maj\u00fa volant na pravej strane a radiacu p\u00e1ku bude\u0161 ovl\u00e1da\u0165 \u013eavou rukou, tak\u017ee cestovatelia \u010dasto odpor\u00fa\u010daj\u00fa priplati\u0165 si za automatick\u00fa prevodovku, \u010do ti u\u0161etr\u00ed kopu stresu. <strong>Zvl\u00e1\u0161tnu pozornos\u0165 venuj kruhov\u00fdm objazdom<\/strong>, na ktor\u00fdch sa jazd\u00ed v smere hodinov\u00fdch ru\u010di\u010diek, \u010do mozog spo\u010diatku trochu \u0165a\u017eko pochop\u00ed.<\/p>\n\n\n\n<h3 id=\"Autobusy_versus_pujcene_auto\" class=\"wp-block-heading\"><span class=\"ez-toc-section\" id=\"Autobusy_verzus_pozicane_auto\"><\/span>Autobusy verzus po\u017ei\u010dan\u00e9 auto<span class=\"ez-toc-section-end\"><\/span><\/h3>\n\n\n\n<p class=\"wp-block-paragraph\">Medzimestsk\u00e9 autobusy funguj\u00fa na juhu ostrova dos\u0165 spo\u013eahlivo a pomerne lacno s nimi prepoj\u00ed\u0161 v\u0161etky ve\u013ek\u00e9 hlavn\u00e9 mest\u00e1 pozd\u013a\u017e pobre\u017eia. Ak ale pl\u00e1nuje\u0161 vyrazi\u0165 do chladiv\u00fdch h\u00f4r Troodos, na divok\u00fd polostrov Akamas alebo k za\u010diatkom t\u00fdch najlep\u0161\u00edch trekov, <strong>re\u00e1lne sa tam dostane\u0161 len po\u017ei\u010dan\u00fdm autom<\/strong>. Verejn\u00e1 doprava do od\u013eahlej\u0161\u00edch miest bu\u010f nejazd\u00ed v\u00f4bec, alebo len raz denne, tak\u017ee bez vlastn\u00e9ho vozidla pr\u00edde\u0161 o tie najkraj\u0161ie pr\u00edrodn\u00e9 scen\u00e9rie.<\/p>\n\n\n\n<h3 id=\"Jak_prejit_Zelenou_linii_na_sever\" class=\"wp-block-heading\"><span class=\"ez-toc-section\" id=\"Ako_prejst_Zelenu_liniu_na_sever\"><\/span>Ako prejs\u0165 Zelen\u00fa l\u00edniu na sever<span class=\"ez-toc-section-end\"><\/span><\/h3>\n\n\n\n<p class=\"wp-block-paragraph\">Ostrov je od roku 1974 rozdelen\u00fd n\u00e1razn\u00edkovou z\u00f3nou OSN na ju\u017en\u00fa Cypersk\u00fa republiku a Severn\u00fd Cyprus, pri\u010dom Nik\u00f3zia funguje ako posledn\u00e9 rozdelen\u00e9 hlavn\u00e9 mesto Eur\u00f3py. T\u00fato Zelen\u00fa l\u00edniu mo\u017eno prejs\u0165 na ofici\u00e1lnych priechodoch, ale <strong>v\u017edy pri sebe potrebuje\u0161 platn\u00fd cestovn\u00fd pas<\/strong>, preto\u017ee be\u017en\u00fd ob\u010diansky preukaz \u00faradn\u00edkom ob\u010das nesta\u010d\u00ed a mohli by \u0165a vr\u00e1ti\u0165. Na severe sa tie\u017e plat\u00ed tureckou l\u00edrou, a hoci eur\u00e1 na kope miest vezm\u00fa, kurz b\u00fdva ve\u013emi nev\u00fdhodn\u00fd.<\/p>\n\n\n\n<p class=\"wp-block-paragraph\">Najv\u00e4\u010d\u0161\u00ed pr\u00faser turistov vznik\u00e1 pri po\u017ei\u010dan\u00fdch aut\u00e1ch, preto\u017ee s autom po\u017ei\u010dan\u00fdm na juhu smie\u0161 na sever iba s v\u00fdslovn\u00fdm s\u00fahlasom tvojej po\u017ei\u010dovne. Navy\u0161e tvoja ju\u017en\u00e1 poistka na severe v \u017eiadnom pr\u00edpade neplat\u00ed a <strong>mus\u00ed\u0161 si priamo na hrani\u010dnom priechode k\u00fapi\u0165 do\u010dasn\u00e9 tureck\u00e9 poistenie<\/strong>. Autom po\u017ei\u010dan\u00fdm na severe sa potom na juh nesmie \u00eds\u0165 u\u017e v\u00f4bec, na to si daj naozaj ve\u013ek\u00fd pozor.<\/p>\n\n\n\n<h2 id=\"Kolik_stoji_dovolena_na_Kypru\" class=\"wp-block-heading\"><span class=\"ez-toc-section\" id=\"Kolko_stoji_dovolenka_na_Cypre\"><\/span>Ko\u013eko stoj\u00ed dovolenka na Cypre<span class=\"ez-toc-section-end\"><\/span><\/h2>\n\n\n\n<p class=\"wp-block-paragraph\">Rozpo\u010det na cestu sa odv\u00edja hlavne od toho, v ktorom mesiaci sa rozhodne\u0161 vyrazi\u0165, preto\u017ee v j\u00fali a auguste letia ceny ubytovania strmo hore. <strong>Cyprus je vo v\u0161eobecnosti drah\u0161\u00ed ako pevninsk\u00e9 Gr\u00e9cko<\/strong> a cenovo vych\u00e1dza v\u00fdrazne drah\u0161ie ako ob\u013e\u00faben\u00e9 Bulharsko, no mimo hlavnej sez\u00f3ny vedia ceny pr\u00edjemne spadn\u00fa\u0165. V\u0161etky slu\u017eby sa na juhu platia v eur\u00e1ch a v turistick\u00fdch oblastiach bez probl\u00e9mov obstoj\u00ed\u0161 s platobnou kartou.<\/p>\n\n\n\n<p class=\"wp-block-paragraph\">Ni\u017e\u0161ie uv\u00e1dzam orienta\u010dn\u00fd odhad n\u00e1kladov pre dve osoby na jeden t\u00fd\u017ede\u0148, aby si si urobil lep\u0161iu predstavu o celkovom rozpo\u010dte. Sumy ber s rezervou, preto\u017ee ve\u013ea z\u00e1le\u017e\u00ed na tvojom \u0161t\u00fdle cestovania.<\/p>\n\n\n\n<ul class=\"wp-block-list\">\n<li><strong>Letenky:<\/strong> Zo susednej Viedne sa d\u00e1 na Larnaku aj Paphos letie\u0165 zhruba 3 hodiny a 20 min\u00fat, spiato\u010dn\u00e1 letenka obvykle stoj\u00ed 100 a\u017e 250 \u20ac na osobu.<\/li>\n\n\n\n<li><strong>Ubytovanie:<\/strong> Za slu\u0161n\u00fa izbu pre dvoch zaplat\u00ed\u0161 od 60 \u20ac do 150 \u20ac za noc, luxusn\u00e9 rezorty stoja k\u013eudne trojn\u00e1sobok.<\/li>\n\n\n\n<li><strong>Jedlo:<\/strong> Obed alebo ve\u010dera v priemernej taverne vyjde na 15 a\u017e 25 \u20ac na osobu, tak\u017ee za t\u00fd\u017ede\u0148 prejed\u00e1\u0161 zhruba 350 a\u017e 500 \u20ac.<\/li>\n\n\n\n<li><strong>Po\u017ei\u010danie auta:<\/strong> Mal\u00e9 auto s poisten\u00edm stoj\u00ed okolo 30 a\u017e 50 \u20ac na de\u0148, t\u00fd\u017edenn\u00fd pren\u00e1jom aj s benz\u00ednom prehltne zhruba 300 \u20ac.<\/li>\n\n\n\n<li><strong>Vstupy a aktivity:<\/strong> Vstupn\u00e9 do archeologick\u00fdch parkov b\u00fdva ve\u013emi lacn\u00e9, obvykle 4 a\u017e 5 \u20ac, tak\u017ee za t\u00fd\u017ede\u0148 ti bude sta\u010di\u0165 rozpo\u010det okolo 40 \u20ac.<\/li>\n<\/ul>\n\n\n\n<p class=\"wp-block-paragraph\">\ud83d\udca1 TIP: Ak chce\u0161 u\u0161etri\u0165 podstatn\u00fa \u010das\u0165 rozpo\u010dtu hne\u010f na za\u010diatku, mrkni na n\u00e1\u0161 podrobn\u00fd n\u00e1vod <a href=\"https:\/\/loudavymkrokem.cz\/sk\/ako-na-letenky\/\">ako na lacn\u00e9 letenky<\/a>, kde n\u00e1jde\u0161 kopu u\u017eito\u010dn\u00fdch r\u00e1d.<\/p>\n\n\n\n<h2 id=\"Na_co_si_dat_na_Kypru_pozor\" class=\"wp-block-heading\"><span class=\"ez-toc-section\" id=\"Na_co_si_dat_na_Cypre_pozor\"><\/span>Na \u010do si da\u0165 na Cypre pozor<span class=\"ez-toc-section-end\"><\/span><\/h2>\n\n\n\n<p class=\"wp-block-paragraph\">Ka\u017ed\u00e1 krajina m\u00e1 svoje mal\u00e9 n\u00e1strahy a je lep\u0161ie o nich vedie\u0165 dopredu, ne\u017e si nimi necha\u0165 pokazi\u0165 zasl\u00fa\u017een\u00e9 dni vo\u013ena. <strong>Najv\u00e4\u010d\u0161ie rizik\u00e1 tu nepramenia z kriminality<\/strong>, preto\u017ee ostrov patr\u00ed k t\u00fdm v\u00f4bec najbezpe\u010dnej\u0161\u00edm miestam, ale sk\u00f4r z miestnych pravidiel a nekompromisn\u00e9ho podnebia. \u00daradn\u00fdmi jazykmi s\u00fa gr\u00e9\u010dtina a ture\u010dtina, ale v\u010faka silnej britskej hist\u00f3rii sa tu anglicky dohovor\u00ed\u0161 \u00faplne be\u017ene a v\u0161ade.<\/p>\n\n\n\n<ul class=\"wp-block-list\">\n<li><strong>\u013davostrann\u00e1 prem\u00e1vka:<\/strong> Mozog ob\u010das zabudne, \u017ee riadi\u0161 v\u013eavo, tak\u017ee sa oplat\u00ed maxim\u00e1lna opatrnos\u0165 hlavne pri vch\u00e1dzan\u00ed na kruhov\u00e9 objazdy a pri prech\u00e1dzan\u00ed ulice.<\/li>\n\n\n\n<li><strong>Poistenie a auto na severe:<\/strong> Nikdy necho\u010f s po\u017ei\u010dan\u00fdm autom na sever bez s\u00fahlasu po\u017ei\u010dovne a v\u017edy si na hraniciach dok\u00fap tureck\u00e9 poistenie, inak pri nehode zaplat\u00ed\u0161 v\u0161etko zo svojho.<\/li>\n\n\n\n<li><strong>Pas na priechod Zelenej l\u00ednie:<\/strong> Na n\u00e1v\u0161tevu severnej \u010dasti ostrova potrebuje\u0161 cestovn\u00fd pas, samotn\u00e1 ob\u010dianka \u010dasto nesta\u010d\u00ed a coln\u00edci \u0165a na kontrolnom bode oto\u010dia sp\u00e4\u0165.<\/li>\n\n\n\n<li><strong>Extr\u00e9mne teplo v lete:<\/strong> V j\u00fali a auguste panuj\u00fa naozaj spa\u013euj\u00face teploty, napr\u00edklad Larnaka mieva be\u017ene priemer 33,4 \u00b0C, \u010do m\u00f4\u017ee by\u0165 pre citlivej\u0161ie povahy neznesite\u013en\u00e9.<\/li>\n\n\n\n<li><strong>Siln\u00e9 slnko na pamiatkach:<\/strong> Archeologick\u00e9 lokality ako Paphos alebo Kourion nemaj\u00fa takmer \u017eiadny tie\u0148, preto tam vyr\u00e1\u017eaj hne\u010f skoro r\u00e1no s ve\u013ekou z\u00e1sobou vody a pokr\u00fdvkou hlavy.<\/li>\n\n\n\n<li><strong>Med\u00fazy a morsk\u00ed je\u017ekovia:<\/strong> Okolo skalnat\u00fdch v\u00fdbe\u017ekov ob\u010das naraz\u00ed\u0161 na je\u017ekov, tak\u017ee top\u00e1nky do vody sa ur\u010dite nestratia, a v lete sa pri pobre\u017e\u00ed m\u00f4\u017eu v\u00fdnimo\u010dne objavi\u0165 med\u00fazy.<\/li>\n\n\n\n<li><strong>Uz\u00e1vierky rokliny Avakas:<\/strong> Ak zapr\u0161\u00ed, ob\u013e\u00faben\u00e1 roklina Avakas b\u00fdva kv\u00f4li riziku padaj\u00facich kame\u0148ov a bleskov\u00fdm povodniam nekompromisne uzavret\u00e1 pre v\u0161etk\u00fdch turistov.<\/li>\n<\/ul>\n\n\n\n<h2 id=\"Kypr_s_detmi\" class=\"wp-block-heading\"><span class=\"ez-toc-section\" id=\"Cyprus_s_detmi\"><\/span>Cyprus s de\u0165mi<span class=\"ez-toc-section-end\"><\/span><\/h2>\n\n\n\n<p class=\"wp-block-paragraph\">Miestni \u013eudia rodiny s de\u0165mi \u00faplne zbo\u017e\u0148uj\u00fa a v re\u0161taur\u00e1ci\u00e1ch sa na teba nikdy nebud\u00fa pozera\u0165 cez prsty, ke\u010f tvoja ratoles\u0165 pr\u00e1ve nem\u00e1 svoj de\u0148. <strong>Ostrov pon\u00faka skvel\u00fa infra\u0161trukt\u00faru pre mal\u00fdch cestovate\u013eov<\/strong>, od bezpe\u010dn\u00fdch rezortov a\u017e po zauj\u00edmav\u00e9 atrakcie, pri ktor\u00fdch sa zabav\u00ed cel\u00e1 rodina. V\u010faka tomu, \u017ee v\u0161ade zo\u017eenie\u0161 z\u00e1kladn\u00e9 detsk\u00e9 potreby a plienky, nemus\u00ed\u0161 z domu \u0165aha\u0165 zbyto\u010dne prepchan\u00e9 kufre.<\/p>\n\n\n\n<ul class=\"wp-block-list\">\n<li><strong>Fig Tree Bay a Nissi Beach:<\/strong> Tieto dve vyhl\u00e1sen\u00e9 pl\u00e1\u017ee maj\u00fa \u00fa\u017easne plytk\u00fa vodu a jemn\u00fd piesok, tak\u017ee sa tu deti m\u00f4\u017eu bezpe\u010dne hra\u0165 cel\u00e9 hodiny.<\/li>\n\n\n\n<li><strong>WaterWorld v Ayia Nape:<\/strong> Obrovsk\u00fd aquapark s mot\u00edvom starovek\u00e9ho Gr\u00e9cka vraj patr\u00ed k t\u00fdm najlep\u0161\u00edm v Eur\u00f3pe a dok\u00e1\u017ee bez probl\u00e9mov zabavi\u0165 star\u0161ie aj mlad\u0161ie deti na cel\u00fd de\u0148.<\/li>\n\n\n\n<li><strong>Morsk\u00e9 korytna\u010dky v Lara Bay:<\/strong> V sez\u00f3ne liahnutia m\u00f4\u017ee\u0161 na poludivokej pl\u00e1\u017ei Lara Bay opatrne pozorova\u0165 chr\u00e1nen\u00e9 korytna\u010die hniezda, \u010do b\u00fdva pre deti obrovsk\u00fd z\u00e1\u017eitok.<\/li>\n\n\n\n<li><strong>Kr\u00e1tke vzdialenosti a angli\u010dtina:<\/strong> Deti nebud\u00fa otr\u00e1ven\u00e9 z dlh\u00fdch prejazdov v aute a pr\u00edpadn\u00fd probl\u00e9m u lek\u00e1ra \u013eahko vyrie\u0161i\u0161 plynulou angli\u010dtinou.<\/li>\n\n\n\n<li><strong>Hory Troodos ako \u00fanik pred teplom:<\/strong> Ke\u010f u\u017e je pri mori prive\u013ek\u00e1 hor\u00fa\u010dava, v zalesnen\u00fdch hor\u00e1ch je v\u017edy o p\u00e1r stup\u0148ov chladnej\u0161ie a n\u00e1jde\u0161 tam kopu \u013eahk\u00fdch prech\u00e1dzok.<\/li>\n<\/ul>\n\n\n\n<h2 id=\"Kam_dal_dalsi_tipy_na_dovolenou_u_more\" class=\"wp-block-heading\"><span class=\"ez-toc-section\" id=\"Kam_dalej_dalsie_tipy_na_dovolenku_pri_mori\"><\/span>Kam \u010falej: \u010fal\u0161ie tipy na dovolenku pri mori<span class=\"ez-toc-section-end\"><\/span><\/h2>\n\n\n\n<p class=\"wp-block-paragraph\">Ak e\u0161te \u00faplne nevie\u0161, kam tento rok vyrazi\u0165, a zva\u017euje\u0161 viac mo\u017enost\u00ed, pripravili sme pre teba kopu \u010fal\u0161\u00edch sprievodcov. <strong>Stredomorie pon\u00faka nespo\u010det kr\u00e1snych ostrovov<\/strong>, tak\u017ee si ur\u010dite vyberie\u0161 ten prav\u00fd k\u00fasok pl\u00e1\u017ee presne pod\u013ea tvojho gusta. Mrkni na na\u0161e ob\u013e\u00faben\u00e9 \u010dl\u00e1nky, ktor\u00e9 ti pom\u00f4\u017eu s pl\u00e1novan\u00edm a u\u0161etria hodiny h\u013eadania na internete.<\/p>\n\n\n\n<ul class=\"wp-block-list\">\n<li><a href=\"https:\/\/loudavymkrokem.cz\/sk\/september-najlepsie-miesta-dovolenku\/\">Kam na dovolenku v septembri<\/a><\/li>\n\n\n\n<li><a href=\"https:\/\/loudavymkrokem.cz\/sk\/kedy-cestovat-do-grecka\/\">Kedy \u00eds\u0165 do Gr\u00e9cka<\/a><\/li>\n\n\n\n<li><a href=\"https:\/\/loudavymkrokem.cz\/sk\/dovolenka-rodos\/\">Dovolenka Rodos<\/a><\/li>\n\n\n\n<li><a href=\"https:\/\/loudavymkrokem.cz\/sk\/ako-na-letenky\/\">Ako na lacn\u00e9 letenky<\/a><\/li>\n\n\n\n<li><a href=\"https:\/\/loudavymkrokem.cz\/jak-vybrat-cestovni-pojisteni-na-dovolenou\/\">Cestovn\u00e9 poistenie<\/a><\/li>\n<\/ul>\n\n\n\n<h2 id=\"Casto_kladene_otazky\" class=\"wp-block-heading\"><span class=\"ez-toc-section\" id=\"Casto_kladene_otazky\"><\/span>\u010casto kladen\u00e9 ot\u00e1zky<span class=\"ez-toc-section-end\"><\/span><\/h2>\n\n\n\n<p class=\"wp-block-paragraph\">Niekedy sa pri pl\u00e1novan\u00ed cesty vyroja kopa drobn\u00fdch ot\u00e1zok, ktor\u00e9 potrebuje\u0161 r\u00fdchlo rozl\u00fasknu\u0165. Dali sme preto dokopy tie naj\u010dastej\u0161ie veci, na ktor\u00e9 sa \u013eudia pred odletom p\u00fdtaj\u00fa, aby si mal v\u0161etky d\u00f4le\u017eit\u00e9 inform\u00e1cie pekne pohromade a nestr\u00e1cal \u010das h\u013eadan\u00edm na f\u00f3rach.<\/p>\n\n\n<div id=\"rank-math-faq\" class=\"rank-math-block\">\n<div class=\"rank-math-list \">\n<div id=\"faq-question-1787756940000\" class=\"rank-math-list-item\">\n<h3 class=\"rank-math-question \"><span class=\"ez-toc-section\" id=\"Kedy_je_najlepsie_ist_na_Cyprus\"><\/span>Kedy je najlep\u0161ie \u00eds\u0165 na Cyprus?<span class=\"ez-toc-section-end\"><\/span><\/h3>\n<div class=\"rank-math-answer \">\n\n<p>Ide\u00e1lny \u010das na n\u00e1v\u0161tevu ostrova je od apr\u00edla do j\u00fana a n\u00e1sledne od septembra do novembra, kedy sa vyhnete t\u00fdm najv\u00e4\u010d\u0161\u00edm letn\u00fdm extr\u00e9mom. Pod\u013ea dlhodob\u00fdch statist\u00edk tu panuje v auguste naozaj \u00famorn\u00e9 hor\u00fa\u010davy, ke\u010f priemern\u00e9 teploty \u0161plhaj\u00fa k 32,4 \u00b0C, co\u017e spozn\u00e1vanie pamiatok ve\u013emi s\u0165a\u017euje. Naopak jesenn\u00e9 mesiace si cestovatelia nevedia vynachv\u00e1li\u0165, preto\u017ee more je kr\u00e1sne vyhriate po celom lete. Dokonca e\u0161te v novembri m\u00e1 voda pr\u00edjemn\u00fdch 24,5 \u00b0C, tak\u017ee sa bez probl\u00e9mov zohrejete a u\u017eijete si k\u00fapanie bez davov.<\/p>\n\n<\/div>\n<\/div>\n<div id=\"faq-question-1787756940001\" class=\"rank-math-list-item\">\n<h3 class=\"rank-math-question \"><span class=\"ez-toc-section\" id=\"Ako_dlho_na_Cyprus_potrebujete\"><\/span>Ako dlho na Cyprus potrebujete?<span class=\"ez-toc-section-end\"><\/span><\/h3>\n<div class=\"rank-math-answer \">\n\n<p>Ak si chcete odd\u00fdchnu\u0165 len v jednej oblasti a presk\u00fama\u0165 jej najbli\u017e\u0161ie okolie, bohat\u00fd v\u00e1m sta\u010d\u00ed p\u00e4\u0165 dn\u00ed. Pre klasick\u00fa dovolenku, ke\u010f pl\u00e1nujete prejs\u0165 cel\u00fd juh ostrova od Paphosu a\u017e po Ayia Napu, si vyhra\u010fte ide\u00e1lne cel\u00fd t\u00fd\u017ede\u0148, aby ste sa nemuseli zbyto\u010dneh\u00e1\u0148a\u0165. Cestovatelia, ktor\u00ed chc\u00fa zaradi\u0165 aj malebn\u00e9 horsk\u00e9 dedinky v pohor\u00ed Troodos a k tomu si spravi\u0165 v\u00fdlet na severn\u00fa stranu, naj\u010dastej\u0161ie volia desa\u0165d\u0148ov\u00fd itiner\u00e1r. Po\u010das desiatich dn\u00ed stihnete nasa\u0165 miestnu atmosf\u00e9ru a prejdete tie najzauj\u00edmavej\u0161ie historick\u00e9 pamiatky \u00faplne v pohode.<\/p>\n\n<\/div>\n<\/div>\n<div id=\"faq-question-1787756940002\" class=\"rank-math-list-item\">\n<h3 class=\"rank-math-question \"><span class=\"ez-toc-section\" id=\"Da_sa_na_Cypre_kupat_v_oktobri_a_novembri\"><\/span>D\u00e1 sa na Cypre k\u00fapa\u0165 v okt\u00f3bri a novembri?<span class=\"ez-toc-section-end\"><\/span><\/h3>\n<div class=\"rank-math-answer \">\n\n<p>\u00c1no, ostrov sa p\u00fd\u0161i pravdepodobne v\u00f4bec najdlh\u0161ou k\u00fapacou sez\u00f3nou v celej Eur\u00f3pe a jesenn\u00e9 k\u00fapanie je tu naozaj fantastick\u00e9. V okt\u00f3bri m\u00e1 more n\u00e1dhern\u00fdch 26,7 \u00b0C, \u010do je pre mno\u017estvo \u013eud\u00ed ove\u013ea pr\u00edjemnej\u0161ie ne\u017e vyhriat\u00e1 va\u0148a uprostred leta. V novembri teplota vody mierne klesne, ale st\u00e1le si dr\u017e\u00ed kr\u00e1snych 24,5 \u00b0C, tak\u017ee otu\u017eilej\u0161ie povahy sa do v\u013an vrhn\u00fa s obrovskou rados\u0165ou. Vzduch u\u017e s\u00edce neb\u00fdva tak\u00fd hor\u00faci, ale slnko st\u00e1le kr\u00e1sne hrieje a pl\u00e1\u017ee z\u00edjaj\u00fa pr\u00edjemnou pr\u00e1zdnotou.<\/p>\n\n<\/div>\n<\/div>\n<div id=\"faq-question-1787756940003\" class=\"rank-math-list-item\">\n<h3 class=\"rank-math-question \"><span class=\"ez-toc-section\" id=\"Potrebujem_na_Cypre_auto\"><\/span>Potrebujem na Cypre auto?<span class=\"ez-toc-section-end\"><\/span><\/h3>\n<div class=\"rank-math-answer \">\n\n<p>Z\u00e1le\u017e\u00ed hlavne na tom, ak\u00fd typ dovolenky pl\u00e1nujete pre\u017ei\u0165. Ak sa chyst\u00e1te zosta\u0165 len na pobre\u017e\u00ed a ob\u010das prejs\u0165 medzi ve\u013ek\u00fdmi mestami, auto nutne nepotrebujete, preto\u017ee autobusy funguj\u00fa celkom dobre. Ak v\u0161ak chcete vyrazi\u0165 do h\u00f4r Troodos, presk\u00fama\u0165 od\u013eahl\u00fd polostrov Akamas alebo objavova\u0165 zapadnut\u00e9 pl\u00e1\u017ee, bez po\u017ei\u010dan\u00e9ho auta sa re\u00e1lne neob\u00eddete. Nezabudnite v\u0161ak na to, \u017ee sa tu striktne jazd\u00ed v\u013eavo, \u010do m\u00f4\u017ee by\u0165 pre niektor\u00fdch vodi\u010dov zo za\u010diatku trochu stresuj\u00faca z\u00e1le\u017eitos\u0165.<\/p>\n\n<\/div>\n<\/div>\n<div id=\"faq-question-1787756940004\" class=\"rank-math-list-item\">\n<h3 class=\"rank-math-question \"><span class=\"ez-toc-section\" id=\"Mozem_z_juhu_na_sever_Cypru\"><\/span>M\u00f4\u017eem z juhu na sever Cypru?<span class=\"ez-toc-section-end\"><\/span><\/h3>\n<div class=\"rank-math-answer \">\n\n<p>Prechod Zelenej l\u00ednie je mo\u017en\u00fd cez ofici\u00e1lne hrani\u010dn\u00e9 priechody, ale v\u017edy k tomu potrebujete platn\u00fd cestovn\u00fd pas, preto\u017ee s ob\u010dianskym preukazom by ste mohli narazi\u0165 na probl\u00e9my. S autom po\u017ei\u010dan\u00fdm na juhu sa na sever smie prejs\u0165 len s v\u00fdslovn\u00fdm s\u00fahlasom va\u0161ej po\u017ei\u010dovne a mus\u00edte si na hraniciach dok\u00fapi\u0165 do\u010dasn\u00e9 tureck\u00e9 poistenie. Opa\u010dn\u00fdm smerom to v\u0161ak nefunguje v\u00f4bec, autom po\u017ei\u010dan\u00fdm na severe sa na juh za \u017eiadnych okolnost\u00ed nesmie \u00eds\u0165, na to si dajte naozaj obrovsk\u00fd pozor.<\/p>\n\n<\/div>\n<\/div>\n<div id=\"faq-question-1787756940005\" class=\"rank-math-list-item\">\n<h3 class=\"rank-math-question \"><span class=\"ez-toc-section\" id=\"Je_Cyprus_drahy\"><\/span>Je Cyprus drah\u00fd?<span class=\"ez-toc-section-end\"><\/span><\/h3>\n<div class=\"rank-math-answer \">\n\n<p>V\u0161eobecne sa d\u00e1 poveda\u0165, \u017ee ostrov vych\u00e1dza o nie\u010do drah\u0161ie ako pevninsk\u00e9 Gr\u00e9cko a je v\u00fdrazne drah\u0161\u00ed ako ob\u013e\u00faben\u00e9 Bulharsko. Hlavnou polo\u017ekou v rozpo\u010dte b\u00fdva ubytovanie po\u010das hlavnej letnej sez\u00f3ny, ke\u010f ceny hotelov \u0161plhaj\u00fa do z\u00e1vratn\u00fdch v\u00fd\u0161ok, a nemal\u00e9 peniaze pohlt\u00ed aj pren\u00e1jom auta. Ak v\u0161ak vyraz\u00edte mimo tie najvy\u0165a\u017eenej\u0161ie mesiace, ceny ubytovania pr\u00edjemne padaj\u00fa dolu a dovolenka sa d\u00e1 poreza\u0165 za ve\u013emi rozumn\u00e9 pen\u00edze. Jedlo v tavern\u00e1ch si dr\u017e\u00ed viac-menej stabiln\u00e9 ceny a kvalita porci\u00ed za tie pen\u00edaze rozhodne stoj\u00ed.<\/p>\n\n<\/div>\n<\/div>\n<div id=\"faq-question-1787756940006\" class=\"rank-math-list-item\">\n<h3 class=\"rank-math-question \"><span class=\"ez-toc-section\" id=\"Ake_je_na_Cypre_jedlo_pre_vegetarianov\"><\/span>Ak\u00e9 je na Cypre jedlo pre vegetari\u00e1nov?<span class=\"ez-toc-section-end\"><\/span><\/h3>\n<div class=\"rank-math-answer \">\n\n<p>Miestna kuchy\u0148a je pre \u013eud\u00ed bez m\u00e4sa naozaj fantastick\u00e1 a rozhodne tu nebudete trpie\u0165 hladom. Ostrov je domovom vyhl\u00e1sen\u00fdch syrov halloumi, ktor\u00fd sa skvelo griluje, a ka\u017ed\u00e1 lep\u0161ia taverna v\u00e1m rada priprav\u00ed \u0161tedr\u00e9 vegetari\u00e1nske meze pln\u00e9 dipov a \u0161al\u00e1tov. \u00dadajne by ste mali ochutna\u0165 aj tradi\u010dn\u00e9 kolokotes plnen\u00e9 tekvicou, vydatn\u00fd pokrm louvi z \u010diernook\u00e9ho hrachu alebo ob\u013e\u00faben\u00fa gemistu, \u010do je zelenina plnen\u00e1 ry\u017eou. Ponuka bezm\u00e4sov\u00fdch jed\u00e1l je tu tak \u0161irok\u00e1, \u017ee nebudete vedie\u0165, \u010do si z jed\u00e1lneho l\u00edstka vybra\u0165 sk\u00f4r.<\/p>\n\n<\/div>\n<\/div>\n<div id=\"faq-question-1787756940007\" class=\"rank-math-list-item\">\n<h3 class=\"rank-math-question \"><span class=\"ez-toc-section\" id=\"Je_Cyprus_bezpecny\"><\/span>Je Cyprus bezpe\u010dn\u00fd?<span class=\"ez-toc-section-end\"><\/span><\/h3>\n<div class=\"rank-math-answer \">\n\n<p>Ostrov stabilne patr\u00ed k t\u00fdm v\u00f4bec najbezpe\u010dnej\u0161\u00edm krajin\u00e1m v celej Eur\u00f3pe a z h\u013eadiska be\u017enej kriminality sa tu naozaj nemus\u00edte ni\u010doho b\u00e1\u0165. Najv\u00e4\u010d\u0161ie rizik\u00e1 pre turistov paradoxne predstavuje samotn\u00e1 doprava, preto\u017ee \u013eavostrann\u00e1 prem\u00e1vka vie nepripraven\u00fdch chodcov nepr\u00edjemne zasko\u010di\u0165 pri prech\u00e1dzan\u00ed ulice. \u010eal\u0161\u00edm ve\u013ek\u00fdm stra\u0161iakom je zradn\u00e9 letn\u00e9 slnko, ktor\u00e9 m\u00e1 neuverite\u013en\u00fa silu, tak\u017ee bez kvalitn\u00e9ho opa\u013eovacieho kr\u00e9mu a klob\u00faka by ste v\u00f4bec nemali vych\u00e1dza\u0165 von. Ak si pohl\u00edd\u00e1te tieto dve veci, u\u017eijete si naozaj pohodu a ni\u010d\u00edm neru\u0161en\u00fd pobyt.<\/p>\n\n<\/div>\n<\/div>\n<\/div>\n<\/div>","protected":false},"excerpt":{"rendered":"<p>Pl\u00e1nuje\u0161 cestu k Stredozemn\u00e9mu moru a zauj\u00edma \u0165a, ko\u013eko stoj\u00ed dovolenka na Cypre, \u010do v\u0161etko mus\u00ed\u0161 vidie\u0165 a na ak\u00e9 \u00faskalia si da\u0165 pri pl\u00e1novan\u00ed pozor?<\/p>\n","protected":false},"author":3,"featured_media":399834,"comment_status":"open","ping_status":"open","sticky":false,"template":"","format":"standard","meta":{"_acf_changed":false,"footnotes":"","rank_math_title":"Dovolenka na Cypre: 24 tipov, \u010do vidie\u0165 v roku 2026","rank_math_description":"Dovolenka na Cypre 2026: 24 tipov, \u010do vidie\u0165, po\u010dasie mesiac po mesiaci, kde b\u00fdva\u0165 a ko\u013eko to stoj\u00ed. Napl\u00e1nuj si perfektn\u00fa cestu k moru u\u017e dnes!","rank_math_focus_keyword":"kypr dovolen\u00e1","rank_math_seo_score":""},"categories":[952,955],"tags":[],"class_list":["post-409096","post","type-post","status-publish","format-standard","has-post-thumbnail","category-cestovanie","category-europa"],"acf":[],"featured_image_src":"https:\/\/loudavymkrokem.cz\/wp-content\/uploads\/2026\/08\/dovolena-kypr-hero.jpg","author_info":{"display_name":"Lucie Kone\u010dn\u00e1","author_link":"https:\/\/loudavymkrokem.cz\/sk\/author\/lucie-konecna\/"},"_links":{"self":[{"href":"https:\/\/loudavymkrokem.cz\/sk\/wp-json\/wp\/v2\/posts\/409096","targetHints":{"allow":["GET"]}}],"collection":[{"href":"https:\/\/loudavymkrokem.cz\/sk\/wp-json\/wp\/v2\/posts"}],"about":[{"href":"https:\/\/loudavymkrokem.cz\/sk\/wp-json\/wp\/v2\/types\/post"}],"author":[{"embeddable":true,"href":"https:\/\/loudavymkrokem.cz\/sk\/wp-json\/wp\/v2\/users\/3"}],"replies":[{"embeddable":true,"href":"https:\/\/loudavymkrokem.cz\/sk\/wp-json\/wp\/v2\/comments?post=409096"}],"version-history":[{"count":0,"href":"https:\/\/loudavymkrokem.cz\/sk\/wp-json\/wp\/v2\/posts\/409096\/revisions"}],"wp:featuredmedia":[{"embeddable":true,"href":"https:\/\/loudavymkrokem.cz\/sk\/wp-json\/wp\/v2\/media\/399834"}],"wp:attachment":[{"href":"https:\/\/loudavymkrokem.cz\/sk\/wp-json\/wp\/v2\/media?parent=409096"}],"wp:term":[{"taxonomy":"category","embeddable":true,"href":"https:\/\/loudavymkrokem.cz\/sk\/wp-json\/wp\/v2\/categories?post=409096"},{"taxonomy":"post_tag","embeddable":true,"href":"https:\/\/loudavymkrokem.cz\/sk\/wp-json\/wp\/v2\/tags?post=409096"}],"curies":[{"name":"wp","href":"https:\/\/api.w.org\/{rel}","templated":true}]}}