{"id":409093,"date":"2026-08-26T14:17:28","date_gmt":"2026-08-26T12:17:28","guid":{"rendered":"https:\/\/loudavymkrokem.cz\/hamburg-nemecko-tipy\/"},"modified":"2026-08-31T07:35:03","modified_gmt":"2026-08-31T05:35:03","slug":"hamburg-nemecko-tipy","status":"publish","type":"post","link":"https:\/\/loudavymkrokem.cz\/sk\/hamburg-nemecko-tipy\/","title":{"rendered":"\u010co vidie\u0165 v Hamburgu: 22 tipov, \u010do vidie\u0165 a robi\u0165 v severn\u00fdch Ben\u00e1tkach"},"content":{"rendered":"\n<p class=\"wp-block-paragraph\">Pr\u00edstavn\u00e9 mesto pln\u00e9 \u010derven\u00fdch teh\u00e1l, nekone\u010dn\u00fdch kan\u00e1lov a modernej architekt\u00fary, ktor\u00e1 sa majest\u00e1tne odr\u00e1\u017ea na hladine Labe. Hamburg v Nemecku je presne tou destin\u00e1ciou, ktor\u00e1 \u0165a zaru\u010dene prekvap\u00ed svojou uvo\u013enenou atmosf\u00e9rou a neuverite\u013enou rozmanitos\u0165ou, \u010di u\u017e miluje\u0161 fascinuj\u00facu hist\u00f3riu, alebo vyh\u013ead\u00e1va\u0161 tie najlep\u0161ie kaviarne. <strong>Nemeck\u00e9 severn\u00e9 Ben\u00e1tky toti\u017e skr\u00fdvaj\u00fa viac mostov ne\u017e Lond\u00fdn a Amsterdam dohromady<\/strong>, \u010do u\u017e samo osebe s\u013eubuje nezabudnute\u013en\u00e9 potulky popri vode.<\/p>\n\n\n\n<p class=\"wp-block-paragraph\">Nazbierala som pre teba <strong>22 tipov, \u010do vidie\u0165 a robi\u0165 v Hamburgu<\/strong>, aby si zo svojej n\u00e1v\u0161tevy vy\u0165a\u017eil \u00fapln\u00e9 maximum. Prejdeme si spolo\u010dne ikonick\u00fd tehlov\u00fd komplex Speicherstadt, porad\u00edm ti s rezerv\u00e1ciou na vyhliadku budovy Elbphilharmonie a nevynech\u00e1me ani nevyhnutn\u00e9 praktick\u00e9 inform\u00e1cie. <strong>Dozvie\u0161 sa aj to, kde sa strategicky ubytova\u0165<\/strong> a ako efekt\u00edvne vyu\u017e\u00edva\u0165 miestnu verejn\u00fa dopravu, aby \u0165a presuny po meste nest\u00e1li majland.<\/p>\n\n\n\n<p class=\"wp-block-paragraph\">\u010ci u\u017e pl\u00e1nuje\u0161 r\u00fdchly v\u00edkendov\u00fd \u00fanik z ka\u017edodennej rutiny, alebo dlh\u0161iu dovolenku pln\u00fa objavovania severn\u00e9ho Nemecka, toto mesto \u0165a zaru\u010dene chyt\u00ed za srdce. <strong>Hamburg pon\u00faka \u00faplne dokonal\u00fd mix drsnej pr\u00edstavnej romantiky a modern\u00e9ho dizajnu<\/strong>, ktor\u00fd si najlep\u0161ie u\u017eije\u0161 s dobrou k\u00e1vou v ruke, zatia\u013e \u010do bude\u0161 sledova\u0165 obrie kontajnerov\u00e9 lode prepl\u00e1vaj\u00face pr\u00edstavom.<\/p>\n\n\n\n<figure data-wp-context=\"{&quot;imageId&quot;:&quot;6a952c5e1552d&quot;}\" data-wp-interactive=\"core\/image\" data-wp-key=\"6a952c5e1552d\" class=\"wp-block-image size-full wp-lightbox-container\"><img decoding=\"async\" width=\"1800\" height=\"1200\" data-wp-class--hide=\"state.isContentHidden\" data-wp-class--show=\"state.isContentVisible\" data-wp-init=\"callbacks.setButtonStyles\" data-wp-on--click=\"actions.showLightbox\" data-wp-on--load=\"callbacks.setButtonStyles\" data-wp-on--pointerdown=\"actions.preloadImage\" data-wp-on--pointerenter=\"actions.preloadImageWithDelay\" data-wp-on--pointerleave=\"actions.cancelPreload\" data-wp-on-window--resize=\"callbacks.setButtonStyles\" src=\"https:\/\/loudavymkrokem.cz\/wp-content\/uploads\/2026\/08\/nemecko-clanky-co-videt-v-hamburku-01.jpg\" alt=\"Kan\u00e1ly Speicherstadtu za s\u00famraku\" class=\"wp-image-396933\" title=\"\" srcset=\"https:\/\/loudavymkrokem.cz\/wp-content\/uploads\/2026\/08\/nemecko-clanky-co-videt-v-hamburku-01.jpg 1800w, https:\/\/loudavymkrokem.cz\/wp-content\/uploads\/2026\/08\/nemecko-clanky-co-videt-v-hamburku-01-300x200.jpg 300w, https:\/\/loudavymkrokem.cz\/wp-content\/uploads\/2026\/08\/nemecko-clanky-co-videt-v-hamburku-01-700x467.jpg 700w, https:\/\/loudavymkrokem.cz\/wp-content\/uploads\/2026\/08\/nemecko-clanky-co-videt-v-hamburku-01-768x512.jpg 768w, https:\/\/loudavymkrokem.cz\/wp-content\/uploads\/2026\/08\/nemecko-clanky-co-videt-v-hamburku-01-1536x1024.jpg 1536w, https:\/\/loudavymkrokem.cz\/wp-content\/uploads\/2026\/08\/nemecko-clanky-co-videt-v-hamburku-01-696x464.jpg 696w, https:\/\/loudavymkrokem.cz\/wp-content\/uploads\/2026\/08\/nemecko-clanky-co-videt-v-hamburku-01-1392x928.jpg 1392w\" sizes=\"(max-width: 1800px) 100vw, 1800px\" \/><button\n\t\t\tclass=\"lightbox-trigger\"\n\t\t\ttype=\"button\"\n\t\t\taria-haspopup=\"dialog\"\n\t\t\tdata-wp-bind--aria-label=\"state.thisImage.triggerButtonAriaLabel\"\n\t\t\tdata-wp-init=\"callbacks.initTriggerButton\"\n\t\t\tdata-wp-on--click=\"actions.showLightbox\"\n\t\t\tdata-wp-style--right=\"state.thisImage.buttonRight\"\n\t\t\tdata-wp-style--top=\"state.thisImage.buttonTop\"\n\t\t>\n\t\t\t<svg xmlns=\"http:\/\/www.w3.org\/2000\/svg\" width=\"12\" height=\"12\" fill=\"none\" viewBox=\"0 0 12 12\">\n\t\t\t\t<path fill=\"#fff\" d=\"M2 0a2 2 0 0 0-2 2v2h1.5V2a.5.5 0 0 1 .5-.5h2V0H2Zm2 10.5H2a.5.5 0 0 1-.5-.5V8H0v2a2 2 0 0 0 2 2h2v-1.5ZM8 12v-1.5h2a.5.5 0 0 0 .5-.5V8H12v2a2 2 0 0 1-2 2H8Zm2-12a2 2 0 0 1 2 2v2h-1.5V2a.5.5 0 0 0-.5-.5H8V0h2Z\" \/>\n\t\t\t<\/svg>\n\t\t<\/button><figcaption class=\"wp-element-caption\">Foto: Dietmar Rabich \/ Wikimedia Commons, CC BY-SA 4.0<\/figcaption><\/figure>\n\n\n\n<div id=\"ez-toc-container\" class=\"ez-toc-v2_0_86 ez-toc-wrap-left counter-hierarchy ez-toc-counter ez-toc-grey ez-toc-container-direction\">\n<div class=\"ez-toc-title-container\">\n<p class=\"ez-toc-title\" style=\"cursor:inherit\">Obsah \u010dl\u00e1nku<\/p>\n<span class=\"ez-toc-title-toggle\"><a href=\"#\" class=\"ez-toc-pull-right ez-toc-btn ez-toc-btn-xs ez-toc-btn-default ez-toc-toggle\" aria-label=\"Toggle Table of Content\"><span class=\"ez-toc-js-icon-con\"><span class=\"\"><span class=\"eztoc-hide\" style=\"display:none;\">Toggle<\/span><span class=\"ez-toc-icon-toggle-span\"><svg style=\"fill: #999;color:#999\" xmlns=\"http:\/\/www.w3.org\/2000\/svg\" class=\"list-377408\" width=\"20px\" height=\"20px\" viewBox=\"0 0 24 24\" fill=\"none\"><path d=\"M6 6H4v2h2V6zm14 0H8v2h12V6zM4 11h2v2H4v-2zm16 0H8v2h12v-2zM4 16h2v2H4v-2zm16 0H8v2h12v-2z\" fill=\"currentColor\"><\/path><\/svg><svg style=\"fill: #999;color:#999\" class=\"arrow-unsorted-368013\" xmlns=\"http:\/\/www.w3.org\/2000\/svg\" width=\"10px\" height=\"10px\" viewBox=\"0 0 24 24\" version=\"1.2\" baseProfile=\"tiny\"><path d=\"M18.2 9.3l-6.2-6.3-6.2 6.3c-.2.2-.3.4-.3.7s.1.5.3.7c.2.2.4.3.7.3h11c.3 0 .5-.1.7-.3.2-.2.3-.5.3-.7s-.1-.5-.3-.7zM5.8 14.7l6.2 6.3 6.2-6.3c.2-.2.3-.5.3-.7s-.1-.5-.3-.7c-.2-.2-.4-.3-.7-.3h-11c-.3 0-.5.1-.7.3-.2.2-.3.5-.3.7s.1.5.3.7z\"\/><\/svg><\/span><\/span><\/span><\/a><\/span><\/div>\n<nav><ul class='ez-toc-list ez-toc-list-level-1 ' ><ul class='ez-toc-list-level-3' ><li class='ez-toc-heading-level-3'><a class=\"ez-toc-link ez-toc-heading-1\" href=\"https:\/\/loudavymkrokem.cz\/sk\/hamburg-nemecko-tipy\/#Zhrnutie_pre_tych_ktori_nemaju_cas_citat_cely_clanok\" >Zhrnutie pre t\u00fdch, ktor\u00ed nemaj\u00fa \u010das \u010d\u00edta\u0165 cel\u00fd \u010dl\u00e1nok<\/a><\/li><\/ul><\/li><li class='ez-toc-page-1 ez-toc-heading-level-2'><a class=\"ez-toc-link ez-toc-heading-2\" href=\"https:\/\/loudavymkrokem.cz\/sk\/hamburg-nemecko-tipy\/#Kedy_vyrazit_do_Hamburgu\" >Kedy vyrazi\u0165 do Hamburgu<\/a><\/li><li class='ez-toc-page-1 ez-toc-heading-level-2'><a class=\"ez-toc-link ez-toc-heading-3\" href=\"https:\/\/loudavymkrokem.cz\/sk\/hamburg-nemecko-tipy\/#Kde_sa_ubytovat_v_Hamburgu\" >Kde sa ubytova\u0165 v Hamburgu<\/a><\/li><li class='ez-toc-page-1 ez-toc-heading-level-2'><a class=\"ez-toc-link ez-toc-heading-4\" href=\"https:\/\/loudavymkrokem.cz\/sk\/hamburg-nemecko-tipy\/#22_tipov_co_vidiet_a_robit_v_Hamburgu\" >22 tipov, \u010do vidie\u0165 a robi\u0165 v Hamburgu<\/a><ul class='ez-toc-list-level-3' ><li class='ez-toc-heading-level-3'><a class=\"ez-toc-link ez-toc-heading-5\" href=\"https:\/\/loudavymkrokem.cz\/sk\/hamburg-nemecko-tipy\/#1_Speicherstadt\" >1. Speicherstadt<\/a><\/li><li class='ez-toc-page-1 ez-toc-heading-level-3'><a class=\"ez-toc-link ez-toc-heading-6\" href=\"https:\/\/loudavymkrokem.cz\/sk\/hamburg-nemecko-tipy\/#2_Miniatur_Wunderland\" >2. Miniatur Wunderland<\/a><\/li><li class='ez-toc-page-1 ez-toc-heading-level-3'><a class=\"ez-toc-link ez-toc-heading-7\" href=\"https:\/\/loudavymkrokem.cz\/sk\/hamburg-nemecko-tipy\/#3_Elbphilharmonie\" >3. Elbphilharmonie<\/a><\/li><li class='ez-toc-page-1 ez-toc-heading-level-3'><a class=\"ez-toc-link ez-toc-heading-8\" href=\"https:\/\/loudavymkrokem.cz\/sk\/hamburg-nemecko-tipy\/#4_Moderna_stvrt_HafenCity\" >4. Modern\u00e1 \u0161tvr\u0165 HafenCity<\/a><\/li><li class='ez-toc-page-1 ez-toc-heading-level-3'><a class=\"ez-toc-link ez-toc-heading-9\" href=\"https:\/\/loudavymkrokem.cz\/sk\/hamburg-nemecko-tipy\/#5_International_Maritime_Museum\" >5. International Maritime Museum<\/a><\/li><li class='ez-toc-page-1 ez-toc-heading-level-3'><a class=\"ez-toc-link ez-toc-heading-10\" href=\"https:\/\/loudavymkrokem.cz\/sk\/hamburg-nemecko-tipy\/#6_Prievoz_linka_62_ako_vyhliadkova_plavba\" >6. Prievoz linka 62 ako vyhliadkov\u00e1 plavba<\/a><\/li><li class='ez-toc-page-1 ez-toc-heading-level-3'><a class=\"ez-toc-link ez-toc-heading-11\" href=\"https:\/\/loudavymkrokem.cz\/sk\/hamburg-nemecko-tipy\/#7_Nedelny_Fischmarkt\" >7. Nede\u013en\u00fd Fischmarkt<\/a><\/li><li class='ez-toc-page-1 ez-toc-heading-level-3'><a class=\"ez-toc-link ez-toc-heading-12\" href=\"https:\/\/loudavymkrokem.cz\/sk\/hamburg-nemecko-tipy\/#8_Reeperbahn_a_St_Pauli\" >8. Reeperbahn a St. Pauli<\/a><\/li><li class='ez-toc-page-1 ez-toc-heading-level-3'><a class=\"ez-toc-link ez-toc-heading-13\" href=\"https:\/\/loudavymkrokem.cz\/sk\/hamburg-nemecko-tipy\/#9_Park_Planten_un_Blomen\" >9. Park Planten un Blomen<\/a><\/li><li class='ez-toc-page-1 ez-toc-heading-level-3'><a class=\"ez-toc-link ez-toc-heading-14\" href=\"https:\/\/loudavymkrokem.cz\/sk\/hamburg-nemecko-tipy\/#10_Radnica_Rathaus\" >10. Radnica Rathaus<\/a><\/li><li class='ez-toc-page-1 ez-toc-heading-level-3'><a class=\"ez-toc-link ez-toc-heading-15\" href=\"https:\/\/loudavymkrokem.cz\/sk\/hamburg-nemecko-tipy\/#11_Alsterske_jazera\" >11. Alstersk\u00e9 jazer\u00e1<\/a><\/li><li class='ez-toc-page-1 ez-toc-heading-level-3'><a class=\"ez-toc-link ez-toc-heading-16\" href=\"https:\/\/loudavymkrokem.cz\/sk\/hamburg-nemecko-tipy\/#12_Pamatnik_svateho_Mikulasa_St_Nikolai_Mahnmal\" >12. Pam\u00e4tn\u00edk sv\u00e4t\u00e9ho Mikul\u00e1\u0161a (St. Nikolai Mahnmal)<\/a><\/li><li class='ez-toc-page-1 ez-toc-heading-level-3'><a class=\"ez-toc-link ez-toc-heading-17\" href=\"https:\/\/loudavymkrokem.cz\/sk\/hamburg-nemecko-tipy\/#13_Stary_labsky_tunel_Alter_Elbtunnel\" >13. Star\u00fd labsk\u00fd tunel (Alter Elbtunnel)<\/a><\/li><li class='ez-toc-page-1 ez-toc-heading-level-3'><a class=\"ez-toc-link ez-toc-heading-18\" href=\"https:\/\/loudavymkrokem.cz\/sk\/hamburg-nemecko-tipy\/#14_Stvrt_Kontorhausviertel_a_Chilehaus\" >14. \u0160tvr\u0165 Kontorhausviertel a Chilehaus<\/a><\/li><li class='ez-toc-page-1 ez-toc-heading-level-3'><a class=\"ez-toc-link ez-toc-heading-19\" href=\"https:\/\/loudavymkrokem.cz\/sk\/hamburg-nemecko-tipy\/#15_Hamburger_Kunsthalle\" >15. Hamburger Kunsthalle<\/a><\/li><li class='ez-toc-page-1 ez-toc-heading-level-3'><a class=\"ez-toc-link ez-toc-heading-20\" href=\"https:\/\/loudavymkrokem.cz\/sk\/hamburg-nemecko-tipy\/#16_Dialog_im_Dunkeln\" >16. Dialog im Dunkeln<\/a><\/li><li class='ez-toc-page-1 ez-toc-heading-level-3'><a class=\"ez-toc-link ez-toc-heading-21\" href=\"https:\/\/loudavymkrokem.cz\/sk\/hamburg-nemecko-tipy\/#17_Stvrt_plna_schodov_Treppenviertel_Blankenese\" >17. \u0160tvr\u0165 pln\u00e1 schodov Treppenviertel Blankenese<\/a><\/li><li class='ez-toc-page-1 ez-toc-heading-level-3'><a class=\"ez-toc-link ez-toc-heading-22\" href=\"https:\/\/loudavymkrokem.cz\/sk\/hamburg-nemecko-tipy\/#18_Kostol_svateho_Michala_Michel\" >18. Kostol sv\u00e4t\u00e9ho Michala (Michel)<\/a><\/li><li class='ez-toc-page-1 ez-toc-heading-level-3'><a class=\"ez-toc-link ez-toc-heading-23\" href=\"https:\/\/loudavymkrokem.cz\/sk\/hamburg-nemecko-tipy\/#19_Muzeum_cokolady_Chocoversum\" >19. M\u00fazeum \u010dokol\u00e1dy Chocoversum<\/a><\/li><li class='ez-toc-page-1 ez-toc-heading-level-3'><a class=\"ez-toc-link ez-toc-heading-24\" href=\"https:\/\/loudavymkrokem.cz\/sk\/hamburg-nemecko-tipy\/#20_Hipsterska_stvrt_Schanzenviertel\" >20. Hipstersk\u00e1 \u0161tvr\u0165 Schanzenviertel<\/a><\/li><li class='ez-toc-page-1 ez-toc-heading-level-3'><a class=\"ez-toc-link ez-toc-heading-25\" href=\"https:\/\/loudavymkrokem.cz\/sk\/hamburg-nemecko-tipy\/#21_Muzejne_lode_Cap_San_Diego_a_Rickmer_Rickmers\" >21. M\u00fazejn\u00e9 lode Cap San Diego a Rickmer Rickmers<\/a><\/li><li class='ez-toc-page-1 ez-toc-heading-level-3'><a class=\"ez-toc-link ez-toc-heading-26\" href=\"https:\/\/loudavymkrokem.cz\/sk\/hamburg-nemecko-tipy\/#22_Zelena_a_udrzatelna_gastronomia\" >22. Zelen\u00e1 a udr\u017eate\u013en\u00e1 gastron\u00f3mia<\/a><\/li><\/ul><\/li><li class='ez-toc-page-1 ez-toc-heading-level-2'><a class=\"ez-toc-link ez-toc-heading-27\" href=\"https:\/\/loudavymkrokem.cz\/sk\/hamburg-nemecko-tipy\/#Kam_dalej_z_Hamburgu\" >Kam \u010falej z Hamburgu<\/a><\/li><li class='ez-toc-page-1 ez-toc-heading-level-2'><a class=\"ez-toc-link ez-toc-heading-28\" href=\"https:\/\/loudavymkrokem.cz\/sk\/hamburg-nemecko-tipy\/#Casto_kladene_otazky\" >\u010casto kladen\u00e9 ot\u00e1zky<\/a><ul class='ez-toc-list-level-3' ><li class='ez-toc-heading-level-3'><a class=\"ez-toc-link ez-toc-heading-29\" href=\"https:\/\/loudavymkrokem.cz\/sk\/hamburg-nemecko-tipy\/#Kolko_dni_potrebujem_na_navstevu_Hamburgu\" >Ko\u013eko dn\u00ed potrebujem na n\u00e1v\u0161tevu Hamburgu?<\/a><\/li><li class='ez-toc-page-1 ez-toc-heading-level-3'><a class=\"ez-toc-link ez-toc-heading-30\" href=\"https:\/\/loudavymkrokem.cz\/sk\/hamburg-nemecko-tipy\/#Ako_sa_najlepsie_dostat_z_letiska_do_centra_mesta\" >Ako sa najlep\u0161ie dosta\u0165 z letiska do centra mesta?<\/a><\/li><li class='ez-toc-page-1 ez-toc-heading-level-3'><a class=\"ez-toc-link ez-toc-heading-31\" href=\"https:\/\/loudavymkrokem.cz\/sk\/hamburg-nemecko-tipy\/#Je_mesto_vhodne_pre_rodiny_s_detmi\" >Je mesto vhodn\u00e9 pre rodiny s de\u0165mi?<\/a><\/li><li class='ez-toc-page-1 ez-toc-heading-level-3'><a class=\"ez-toc-link ez-toc-heading-32\" href=\"https:\/\/loudavymkrokem.cz\/sk\/hamburg-nemecko-tipy\/#Ako_je_to_s_dopravou_a_oplati_sa_Hamburg_Card\" >Ako je to s dopravou a oplat\u00ed sa Hamburg Card?<\/a><\/li><li class='ez-toc-page-1 ez-toc-heading-level-3'><a class=\"ez-toc-link ez-toc-heading-33\" href=\"https:\/\/loudavymkrokem.cz\/sk\/hamburg-nemecko-tipy\/#S_akym_rozpoctom_na_vstupy_mam_pocitat\" >S ak\u00fdm rozpo\u010dtom na vstupy m\u00e1m po\u010d\u00edta\u0165?<\/a><\/li><li class='ez-toc-page-1 ez-toc-heading-level-3'><a class=\"ez-toc-link ez-toc-heading-34\" href=\"https:\/\/loudavymkrokem.cz\/sk\/hamburg-nemecko-tipy\/#Musim_si_na_hlavne_pamiatky_kupovat_vstupenky_vopred\" >Mus\u00edm si na hlavn\u00e9 pamiatky kupova\u0165 vstupenky vopred?<\/a><\/li><li class='ez-toc-page-1 ez-toc-heading-level-3'><a class=\"ez-toc-link ez-toc-heading-35\" href=\"https:\/\/loudavymkrokem.cz\/sk\/hamburg-nemecko-tipy\/#Co_sa_da_v_meste_robit_ked_prave_prsi\" >\u010co sa d\u00e1 v meste robi\u0165, ke\u010f pr\u00e1ve pr\u0161\u00ed?<\/a><\/li><\/ul><\/li><\/ul><\/nav><\/div>\n<h3 class=\"wp-block-heading\"><span class=\"ez-toc-section\" id=\"Zhrnutie_pre_tych_ktori_nemaju_cas_citat_cely_clanok\"><\/span>Zhrnutie pre t\u00fdch, ktor\u00ed nemaj\u00fa \u010das \u010d\u00edta\u0165 cel\u00fd \u010dl\u00e1nok<span class=\"ez-toc-section-end\"><\/span><\/h3>\n\n\n\n<ul class=\"wp-block-list\">\n\n<li><strong>Miniatur Wunderland:<\/strong> Najv\u00e4\u010d\u0161ia modelov\u00e1 \u017eeleznica sveta za 25 eur, kde si <strong>mus\u00ed\u0161 rezervova\u0165 \u010dasov\u00fd vstup nieko\u013eko t\u00fd\u017ed\u0148ov vopred<\/strong>.<\/li>\n\n\n\n<li><strong>Speicherstadt:<\/strong> Fascinuj\u00faci komplex historick\u00fdch sklad\u00edsk chr\u00e1nen\u00fd organiz\u00e1ciou UNESCO, ktor\u00fd si <strong>najlep\u0161ie odfot\u00ed\u0161 po zotmen\u00ed<\/strong>.<\/li>\n\n\n\n<li><strong>Elbphilharmonie:<\/strong> Ikonick\u00e1 koncertn\u00e1 budova s vyhliadkovou terasou Plaza, <strong>kam sa dostane\u0161 zadarmo po predch\u00e1dzaj\u00facej online rezerv\u00e1cii<\/strong>.<\/li>\n\n\n\n<li><strong>Prievoz linka 62:<\/strong> Najlep\u0161\u00ed sp\u00f4sob, ako za\u017ei\u0165 vyhliadkov\u00fa plavbu po Labe <strong>\u00faplne zadarmo v r\u00e1mci be\u017enej cestovnej l\u00edstku na MHD<\/strong>.<\/li>\n\n\n\n<li><strong>HafenCity:<\/strong> Modern\u00e1 \u0161tvr\u0165 pln\u00e1 \u00fachvatnej architekt\u00fary, ktor\u00e1 ti spolu s hlavn\u00fdmi m\u00fazeami <strong>spo\u013eahlivo zaberie cel\u00fd jeden de\u0148<\/strong>.<\/li>\n\n\n\n<li><strong>St. Pauli a Reeperbahn:<\/strong> Legend\u00e1rna \u0161tvr\u0165 presl\u00e1ven\u00e1 bujar\u00fdm no\u010dn\u00fdm \u017eivotom, kde <strong>svoju kari\u00e9ru kedysi za\u010d\u00ednali sl\u00e1vni Beatles<\/strong>.<\/li>\n\n\n<\/ul>\n\n\n\n<figure data-wp-context=\"{&quot;imageId&quot;:&quot;6a952c5e159e5&quot;}\" data-wp-interactive=\"core\/image\" data-wp-key=\"6a952c5e159e5\" class=\"wp-block-image size-full wp-lightbox-container\"><img decoding=\"async\" width=\"1800\" height=\"1200\" data-wp-class--hide=\"state.isContentHidden\" data-wp-class--show=\"state.isContentVisible\" data-wp-init=\"callbacks.setButtonStyles\" data-wp-on--click=\"actions.showLightbox\" data-wp-on--load=\"callbacks.setButtonStyles\" data-wp-on--pointerdown=\"actions.preloadImage\" data-wp-on--pointerenter=\"actions.preloadImageWithDelay\" data-wp-on--pointerleave=\"actions.cancelPreload\" data-wp-on-window--resize=\"callbacks.setButtonStyles\" src=\"https:\/\/loudavymkrokem.cz\/wp-content\/uploads\/2026\/08\/nemecko-clanky-co-videt-v-hamburku-02.jpg\" alt=\"Hamburg a Alstersk\u00e9 jazero\" class=\"wp-image-396942\" title=\"\" srcset=\"https:\/\/loudavymkrokem.cz\/wp-content\/uploads\/2026\/08\/nemecko-clanky-co-videt-v-hamburku-02.jpg 1800w, https:\/\/loudavymkrokem.cz\/wp-content\/uploads\/2026\/08\/nemecko-clanky-co-videt-v-hamburku-02-300x200.jpg 300w, https:\/\/loudavymkrokem.cz\/wp-content\/uploads\/2026\/08\/nemecko-clanky-co-videt-v-hamburku-02-700x467.jpg 700w, https:\/\/loudavymkrokem.cz\/wp-content\/uploads\/2026\/08\/nemecko-clanky-co-videt-v-hamburku-02-768x512.jpg 768w, https:\/\/loudavymkrokem.cz\/wp-content\/uploads\/2026\/08\/nemecko-clanky-co-videt-v-hamburku-02-1536x1024.jpg 1536w, https:\/\/loudavymkrokem.cz\/wp-content\/uploads\/2026\/08\/nemecko-clanky-co-videt-v-hamburku-02-696x464.jpg 696w, https:\/\/loudavymkrokem.cz\/wp-content\/uploads\/2026\/08\/nemecko-clanky-co-videt-v-hamburku-02-1392x928.jpg 1392w\" sizes=\"(max-width: 1800px) 100vw, 1800px\" \/><button\n\t\t\tclass=\"lightbox-trigger\"\n\t\t\ttype=\"button\"\n\t\t\taria-haspopup=\"dialog\"\n\t\t\tdata-wp-bind--aria-label=\"state.thisImage.triggerButtonAriaLabel\"\n\t\t\tdata-wp-init=\"callbacks.initTriggerButton\"\n\t\t\tdata-wp-on--click=\"actions.showLightbox\"\n\t\t\tdata-wp-style--right=\"state.thisImage.buttonRight\"\n\t\t\tdata-wp-style--top=\"state.thisImage.buttonTop\"\n\t\t>\n\t\t\t<svg xmlns=\"http:\/\/www.w3.org\/2000\/svg\" width=\"12\" height=\"12\" fill=\"none\" viewBox=\"0 0 12 12\">\n\t\t\t\t<path fill=\"#fff\" d=\"M2 0a2 2 0 0 0-2 2v2h1.5V2a.5.5 0 0 1 .5-.5h2V0H2Zm2 10.5H2a.5.5 0 0 1-.5-.5V8H0v2a2 2 0 0 0 2 2h2v-1.5ZM8 12v-1.5h2a.5.5 0 0 0 .5-.5V8H12v2a2 2 0 0 1-2 2H8Zm2-12a2 2 0 0 1 2 2v2h-1.5V2a.5.5 0 0 0-.5-.5H8V0h2Z\" \/>\n\t\t\t<\/svg>\n\t\t<\/button><figcaption class=\"wp-element-caption\">Foto: Frank Rietsch \/ Pexels<\/figcaption><\/figure>\n\n\n\n<h2 class=\"wp-block-heading\"><span class=\"ez-toc-section\" id=\"Kedy_vyrazit_do_Hamburgu\"><\/span>Kedy vyrazi\u0165 do Hamburgu<span class=\"ez-toc-section-end\"><\/span><\/h2>\n\n\n\n<p class=\"wp-block-paragraph\">Severn\u00e9 Nemecko je \u00faplne \u0161pecifick\u00e9 svoj\u00edm premenliv\u00fdm pr\u00edmorsk\u00fdm po\u010das\u00edm, pre ktor\u00e9 maj\u00fa miestni dokonca vlastn\u00fd v\u00fdraz Schietwetter, tak\u017ee sa rozhodne oplat\u00ed nepodceni\u0165 pr\u00edpravu a pribali\u0165 si vrstvy oble\u010denia. <strong>Najlep\u0161\u00edm obdob\u00edm na n\u00e1v\u0161tevu s\u00fa jednozna\u010dne letn\u00e9 mesiace od j\u00fana do augusta<\/strong>, ke\u010f teploty zvy\u010dajne \u0161plhaj\u00fa k pr\u00edjemn\u00fdm dvadsiatim piatim stup\u0148om a dni s\u00fa kr\u00e1sne dlh\u00e9. Zapadaj\u00face slnko navy\u0161e prepo\u017ei\u010diava tehlov\u00fdm budov\u00e1m v pr\u00edstave n\u00e1dhern\u00fd zlatist\u00fd n\u00e1dych, ktor\u00fd si zamiluje\u0161. Mus\u00ed\u0161 v\u0161ak po\u010d\u00edta\u0165 s t\u00fdm, \u017ee ide o hlavn\u00fa turistick\u00fa sez\u00f3nu, tak\u017ee pri k\u013e\u00fa\u010dov\u00fdch pamiatkach stretne\u0161 najviac \u013eud\u00ed a ubytovanie b\u00fdva najdrah\u0161ie.<\/p>\n\n\n\n<p class=\"wp-block-paragraph\">Ak d\u00e1va\u0161 prednos\u0165 pokojnej\u0161iemu tempu a men\u0161\u00edm davom turistov, <strong>skvelou vo\u013ebou je neskor\u00e1 jar alebo za\u010diatok jesene<\/strong>, ke\u010f sa mesto sfarb\u00ed do n\u00e1dhern\u00fdch odtie\u0148ov a ceny hotelov klesaj\u00fa na prijate\u013enej\u0161iu \u00farove\u0148. Aj ke\u010f \u0165a v m\u00e1ji alebo v septembri m\u00f4\u017ee ob\u010das prekvapi\u0165 da\u017e\u010fov\u00e1 preh\u00e1nka a typick\u00fd siln\u00fd vietor od mora, mesto m\u00e1 v tomto obdob\u00ed \u00fa\u017easne melancholick\u00fa atmosf\u00e9ru. V\u017edy sa v\u0161ak oplat\u00ed ma\u0165 poruke kvalitn\u00fa nepremokav\u00fa bundu, preto\u017ee klasick\u00e9 d\u00e1\u017edniky v miestnom silnom vetre \u010dasto pr\u00edli\u0161 nefunguj\u00fa a sk\u00f4r by si s nimi bojoval.<\/p>\n\n\n\n<p class=\"wp-block-paragraph\">Zimn\u00e9 mesiace s\u00edce prin\u00e1\u0161aj\u00fa chladnej\u0161ie po\u010dasie a skor\u00e9 stmievanie, ale mesto v tomto \u010dase z\u00edskava \u00faplne in\u00e9 \u010daro, ktor\u00e9 stoj\u00ed za to za\u017ei\u0165. <strong>Predviano\u010dn\u00e9 obdobie je \u00faplne magick\u00e9 v\u010faka mnoh\u00fdm trhom rozosiatym po celom meste<\/strong>, ktor\u00e9 vo\u0148aj\u00fa pe\u010den\u00fdmi ga\u0161tanmi, hor\u00facim varen\u00fdm v\u00ednom a tradi\u010dn\u00fdmi medovn\u00edkmi. V zime si tie\u017e ove\u013ea lep\u0161ie vychutn\u00e1\u0161 vn\u00fatorn\u00e9 expoz\u00edcie, vyhriate kaviarne a m\u00faze\u00e1, ktor\u00fdch je tu naozaj nespo\u010detne, tak\u017ee \u0165a pr\u00edpadn\u00fd d\u00e1\u017e\u010f v\u00f4bec nemus\u00ed tr\u00e1pi\u0165. \u263a\ufe0f<\/p>\n\n\n\n<figure data-wp-context=\"{&quot;imageId&quot;:&quot;6a952c5e15dc3&quot;}\" data-wp-interactive=\"core\/image\" data-wp-key=\"6a952c5e15dc3\" class=\"wp-block-image size-full wp-lightbox-container\"><img decoding=\"async\" width=\"1800\" height=\"1200\" data-wp-class--hide=\"state.isContentHidden\" data-wp-class--show=\"state.isContentVisible\" data-wp-init=\"callbacks.setButtonStyles\" data-wp-on--click=\"actions.showLightbox\" data-wp-on--load=\"callbacks.setButtonStyles\" data-wp-on--pointerdown=\"actions.preloadImage\" data-wp-on--pointerenter=\"actions.preloadImageWithDelay\" data-wp-on--pointerleave=\"actions.cancelPreload\" data-wp-on-window--resize=\"callbacks.setButtonStyles\" src=\"https:\/\/loudavymkrokem.cz\/wp-content\/uploads\/2026\/08\/nemecko-clanky-co-videt-v-hamburku-03.jpg\" alt=\"Modern\u00e1 architekt\u00fara \u0161tvrte HafenCity\" class=\"wp-image-396944\" title=\"\" srcset=\"https:\/\/loudavymkrokem.cz\/wp-content\/uploads\/2026\/08\/nemecko-clanky-co-videt-v-hamburku-03.jpg 1800w, https:\/\/loudavymkrokem.cz\/wp-content\/uploads\/2026\/08\/nemecko-clanky-co-videt-v-hamburku-03-300x200.jpg 300w, https:\/\/loudavymkrokem.cz\/wp-content\/uploads\/2026\/08\/nemecko-clanky-co-videt-v-hamburku-03-700x467.jpg 700w, https:\/\/loudavymkrokem.cz\/wp-content\/uploads\/2026\/08\/nemecko-clanky-co-videt-v-hamburku-03-768x512.jpg 768w, https:\/\/loudavymkrokem.cz\/wp-content\/uploads\/2026\/08\/nemecko-clanky-co-videt-v-hamburku-03-1536x1024.jpg 1536w, https:\/\/loudavymkrokem.cz\/wp-content\/uploads\/2026\/08\/nemecko-clanky-co-videt-v-hamburku-03-696x464.jpg 696w, https:\/\/loudavymkrokem.cz\/wp-content\/uploads\/2026\/08\/nemecko-clanky-co-videt-v-hamburku-03-1392x928.jpg 1392w\" sizes=\"(max-width: 1800px) 100vw, 1800px\" \/><button\n\t\t\tclass=\"lightbox-trigger\"\n\t\t\ttype=\"button\"\n\t\t\taria-haspopup=\"dialog\"\n\t\t\tdata-wp-bind--aria-label=\"state.thisImage.triggerButtonAriaLabel\"\n\t\t\tdata-wp-init=\"callbacks.initTriggerButton\"\n\t\t\tdata-wp-on--click=\"actions.showLightbox\"\n\t\t\tdata-wp-style--right=\"state.thisImage.buttonRight\"\n\t\t\tdata-wp-style--top=\"state.thisImage.buttonTop\"\n\t\t>\n\t\t\t<svg xmlns=\"http:\/\/www.w3.org\/2000\/svg\" width=\"12\" height=\"12\" fill=\"none\" viewBox=\"0 0 12 12\">\n\t\t\t\t<path fill=\"#fff\" d=\"M2 0a2 2 0 0 0-2 2v2h1.5V2a.5.5 0 0 1 .5-.5h2V0H2Zm2 10.5H2a.5.5 0 0 1-.5-.5V8H0v2a2 2 0 0 0 2 2h2v-1.5ZM8 12v-1.5h2a.5.5 0 0 0 .5-.5V8H12v2a2 2 0 0 1-2 2H8Zm2-12a2 2 0 0 1 2 2v2h-1.5V2a.5.5 0 0 0-.5-.5H8V0h2Z\" \/>\n\t\t\t<\/svg>\n\t\t<\/button><figcaption class=\"wp-element-caption\">Foto: Dietmar Rabich \/ Wikimedia Commons, CC BY-SA 4.0<\/figcaption><\/figure>\n\n\n\n<h2 class=\"wp-block-heading\"><span class=\"ez-toc-section\" id=\"Kde_sa_ubytovat_v_Hamburgu\"><\/span>Kde sa ubytova\u0165 v Hamburgu<span class=\"ez-toc-section-end\"><\/span><\/h2>\n\n\n\n<p class=\"wp-block-paragraph\">\ud83d\udca1 <strong>Tip:<\/strong> Ponuku ubytovania v Hamburgu si m\u00f4\u017ee\u0161 rovno porovna\u0165 na jednom mieste \u2014 <a href=\"https:\/\/www.stay22.com\/allez\/roam?aid=lukaskonecny&#038;campaign=loudavymkrokemcz&#038;campaign=co-videt-v-hamburku&#038;address=Hamburk%2C%20N%C4%9Bmecko\" target=\"_blank\" rel=\"noopener nofollow sponsored\">skontrolova\u0165 dostupnos\u0165 a ceny v Hamburgu<\/a>. Oplat\u00ed sa rezervova\u0165 s predstihom, najlep\u0161\u00ed pomer ceny a polohy mizne prv\u00fd.<\/p>\n\n\n<p class=\"wp-block-paragraph\"><em>\ud83d\udca1 Tip na ubytovanie a z\u00e1\u017eitky: Ubytovanie si najrad\u0161ej h\u013ead\u00e1me na <a href=\"https:\/\/www.booking.com\/searchresults.html?ss=Hamburk%2C%20N%C4%9Bmecko&#038;aid=2397601\" target=\"_blank\" rel=\"nofollow noopener sponsored\">Booking.com<\/a>, kde b\u00fdvaj\u00fa <strong>najlep\u0161ie storno podmienky<\/strong>. <strong>Vstupenky, v\u00fdlety a aktivity<\/strong> sa potom oplat\u00ed porovna\u0165 a k\u00fapi\u0165 cez <a href=\"https:\/\/www.getyourguide.com\/s\/?q=Hamburk%2C%20N%C4%9Bmecko&#038;partner_id=MKZ64IS\" target=\"_blank\" rel=\"nofollow noopener sponsored\">GetYourGuide<\/a>.<\/em><\/p>\n\n\n\n<p class=\"wp-block-paragraph\">V\u00fdber spr\u00e1vnej \u0161tvrte na ubytovanie m\u00f4\u017ee tvoju sk\u00fasenos\u0165 s mestom \u00faplne z\u00e1sadne ovplyvni\u0165, preto si dopredu dobre rozmysli, \u010do presne od v\u00fdletu o\u010dak\u00e1va\u0161. <strong>Ak ide\u0161 do mesta prv\u00fdkr\u00e1t a chce\u0161 ma\u0165 v\u0161etky hlavn\u00e9 l\u00e1kadl\u00e1 na dosah ruky, zvo\u013e modern\u00fa \u0161tvr\u0165 HafenCity alebo centr\u00e1lny Neustadt a Altstadt<\/strong>. V historickom centre sa ceny za noc be\u017ene pohybuj\u00fa medzi 100 a\u017e 190 eurami, ale obrovskou v\u00fdhodou je, \u017ee v\u0161ade d\u00f4jde\u0161 pe\u0161o a u\u0161etr\u00ed\u0161 mno\u017estvo \u010dasu. Skvel\u00fdm z\u00e1\u017eitkom je napr\u00edklad \u0161t\u00fdlov\u00fd <strong>25hours Hotel HafenCity<\/strong>, ktor\u00fd pon\u00faka hrav\u00fd n\u00e1morn\u00edcky dizajn priamo v srdci najmodernej\u0161ej \u0161tvrte s v\u00fdh\u013eadom na doky.<\/p>\n\n\n\n<p class=\"wp-block-paragraph\">Lacnej\u0161ou a ve\u013emi trendy alternat\u00edvou je potom \u0161tvr\u0165 Altona, ktor\u00e1 pon\u00faka mno\u017estvo skvel\u00fdch nez\u00e1visl\u00fdch kaviarn\u00ed a kr\u00e1sne v\u00fdh\u013eady z \u00fatesov nad riekou Labe. Mlad\u0161\u00ed cestovatelia a milovn\u00edci bujar\u00e9ho no\u010dn\u00e9ho \u017eivota \u010dasto <strong>vyh\u013ead\u00e1vaj\u00fa ubytovanie v okol\u00ed Reeperbahnu vo \u0161tvrti St. Pauli<\/strong>, kde n\u00e1jde\u0161 tie najlep\u0161ie bary a cenovo dostupn\u00e9 hostely pokojne u\u017e od 40 eur za noc. Mus\u00ed\u0161 tu v\u0161ak po\u010d\u00edta\u0165 s t\u00fdm, \u017ee ulice \u017eij\u00fa a\u017e do skor\u00fdch rann\u00fdch hod\u00edn, tak\u017ee to nie je \u00faplne ide\u00e1lna lokalita na pokojn\u00fd rodinn\u00fd sp\u00e1nok.<\/p>\n\n\n\n<p class=\"wp-block-paragraph\">Na pokojnej\u0161\u00ed pobyt s v\u00fdbornou dostupnos\u0165ou verejnej dopravy sa naopak skvele hod\u00ed oblas\u0165 St. Georg, ktor\u00e1 le\u017e\u00ed len k\u00fasok od hlavnej stanice a pon\u00faka o nie\u010do priaznivej\u0161ie ceny ne\u017e samotn\u00e9 historick\u00e9 centrum. <strong>Odpor\u00fa\u010dam ve\u013emi ob\u013e\u00faben\u00fd Hotel Volksschule<\/strong>, ktor\u00fd vznikol citlivou rekon\u0161trukciou starej \u0161kolskej budovy a boduje fantastick\u00fdmi ra\u0148ajkami. Nech si vyberie\u0161 ak\u00fako\u013evek lokalitu, ubytovanie si v\u017edy rezervuj s dostato\u010dn\u00fdm predstihom, preto\u017ee Hamburg je celoro\u010dne ve\u013emi vyh\u013ead\u00e1vanou destin\u00e1ciou a tie najlep\u0161ie kapacity mizn\u00fa neuverite\u013ene r\u00fdchlo.<\/p>\n\n\n\n<p class=\"wp-block-paragraph\">Podrobn\u00fd preh\u013ead \u0161tvrt\u00ed aj konkr\u00e9tnych hotelov n\u00e1jde\u0161 v samostatnom \u010dl\u00e1nku <a href=\"https:\/\/loudavymkrokem.cz\/sk\/kde-byvat-v-hamburgu\/\">Kde b\u00fdva\u0165 v Hamburgu<\/a>, kde porovn\u00e1vame HafenCity, Altonu aj St. Pauli a odpor\u00fa\u010dame 12 hotelov od hostelu po luxus. <a href=\"https:\/\/www.stay22.com\/allez\/roam?aid=lukaskonecny&#038;campaign=loudavymkrokemcz&#038;campaign=co-videt-v-hamburku&#038;hotelname=Hotel%20Volksschule&#038;address=Hamburk%2C%20N%C4%9Bmecko\" target=\"_blank\" rel=\"noopener nofollow sponsored\">Skontrolova\u0165 dostupnos\u0165 ubytovania<\/a> sa oplat\u00ed \u010do najsk\u00f4r.<\/p>\n\n\n\n<figure data-wp-context=\"{&quot;imageId&quot;:&quot;6a952c5e162f2&quot;}\" data-wp-interactive=\"core\/image\" data-wp-key=\"6a952c5e162f2\" class=\"wp-block-image size-full wp-lightbox-container\"><img decoding=\"async\" width=\"1800\" height=\"621\" data-wp-class--hide=\"state.isContentHidden\" data-wp-class--show=\"state.isContentVisible\" data-wp-init=\"callbacks.setButtonStyles\" data-wp-on--click=\"actions.showLightbox\" data-wp-on--load=\"callbacks.setButtonStyles\" data-wp-on--pointerdown=\"actions.preloadImage\" data-wp-on--pointerenter=\"actions.preloadImageWithDelay\" data-wp-on--pointerleave=\"actions.cancelPreload\" data-wp-on-window--resize=\"callbacks.setButtonStyles\" src=\"https:\/\/loudavymkrokem.cz\/wp-content\/uploads\/2026\/08\/nemecko-clanky-co-videt-v-hamburku-04.jpg\" alt=\"Hambursk\u00fd pr\u00edstav z nadh\u013eadu\" class=\"wp-image-396962\" title=\"\" srcset=\"https:\/\/loudavymkrokem.cz\/wp-content\/uploads\/2026\/08\/nemecko-clanky-co-videt-v-hamburku-04.jpg 1800w, https:\/\/loudavymkrokem.cz\/wp-content\/uploads\/2026\/08\/nemecko-clanky-co-videt-v-hamburku-04-300x104.jpg 300w, https:\/\/loudavymkrokem.cz\/wp-content\/uploads\/2026\/08\/nemecko-clanky-co-videt-v-hamburku-04-700x242.jpg 700w, https:\/\/loudavymkrokem.cz\/wp-content\/uploads\/2026\/08\/nemecko-clanky-co-videt-v-hamburku-04-768x265.jpg 768w, https:\/\/loudavymkrokem.cz\/wp-content\/uploads\/2026\/08\/nemecko-clanky-co-videt-v-hamburku-04-1536x530.jpg 1536w, https:\/\/loudavymkrokem.cz\/wp-content\/uploads\/2026\/08\/nemecko-clanky-co-videt-v-hamburku-04-696x240.jpg 696w, https:\/\/loudavymkrokem.cz\/wp-content\/uploads\/2026\/08\/nemecko-clanky-co-videt-v-hamburku-04-1392x480.jpg 1392w\" sizes=\"(max-width: 1800px) 100vw, 1800px\" \/><button\n\t\t\tclass=\"lightbox-trigger\"\n\t\t\ttype=\"button\"\n\t\t\taria-haspopup=\"dialog\"\n\t\t\tdata-wp-bind--aria-label=\"state.thisImage.triggerButtonAriaLabel\"\n\t\t\tdata-wp-init=\"callbacks.initTriggerButton\"\n\t\t\tdata-wp-on--click=\"actions.showLightbox\"\n\t\t\tdata-wp-style--right=\"state.thisImage.buttonRight\"\n\t\t\tdata-wp-style--top=\"state.thisImage.buttonTop\"\n\t\t>\n\t\t\t<svg xmlns=\"http:\/\/www.w3.org\/2000\/svg\" width=\"12\" height=\"12\" fill=\"none\" viewBox=\"0 0 12 12\">\n\t\t\t\t<path fill=\"#fff\" d=\"M2 0a2 2 0 0 0-2 2v2h1.5V2a.5.5 0 0 1 .5-.5h2V0H2Zm2 10.5H2a.5.5 0 0 1-.5-.5V8H0v2a2 2 0 0 0 2 2h2v-1.5ZM8 12v-1.5h2a.5.5 0 0 0 .5-.5V8H12v2a2 2 0 0 1-2 2H8Zm2-12a2 2 0 0 1 2 2v2h-1.5V2a.5.5 0 0 0-.5-.5H8V0h2Z\" \/>\n\t\t\t<\/svg>\n\t\t<\/button><figcaption class=\"wp-element-caption\">Foto: Dietmar Rabich \/ Wikimedia Commons, CC BY-SA 4.0<\/figcaption><\/figure>\n\n\n\n<h2 class=\"wp-block-heading\"><span class=\"ez-toc-section\" id=\"22_tipov_co_vidiet_a_robit_v_Hamburgu\"><\/span>22 tipov, \u010do vidie\u0165 a robi\u0165 v Hamburgu<span class=\"ez-toc-section-end\"><\/span><\/h2>\n\n\n\n<p class=\"wp-block-paragraph\">Po\u010fme sa podrobne pozrie\u0165 na ucelen\u00fd zoznam t\u00fdch najkraj\u0161\u00edch miest a aktiv\u00edt, ktor\u00e9 by ti po\u010das n\u00e1v\u0161tevy rozhodne nemali unikn\u00fa\u0165. <strong>Priprav sa na objavovanie dychber\u00facej architekt\u00fary, obr\u00edch lod\u00ed aj skryt\u00fdch zelen\u00fdch o\u00e1z<\/strong>, ktor\u00e9 tvoria nezamenite\u013en\u00fd charakter tohto fascinuj\u00faceho mesta.<\/p>\n\n\n\n<figure data-wp-context=\"{&quot;imageId&quot;:&quot;6a952c5e1662d&quot;}\" data-wp-interactive=\"core\/image\" data-wp-key=\"6a952c5e1662d\" class=\"wp-block-image size-full wp-lightbox-container\"><img decoding=\"async\" width=\"1800\" height=\"1200\" data-wp-class--hide=\"state.isContentHidden\" data-wp-class--show=\"state.isContentVisible\" data-wp-init=\"callbacks.setButtonStyles\" data-wp-on--click=\"actions.showLightbox\" data-wp-on--load=\"callbacks.setButtonStyles\" data-wp-on--pointerdown=\"actions.preloadImage\" data-wp-on--pointerenter=\"actions.preloadImageWithDelay\" data-wp-on--pointerleave=\"actions.cancelPreload\" data-wp-on-window--resize=\"callbacks.setButtonStyles\" src=\"https:\/\/loudavymkrokem.cz\/wp-content\/uploads\/2026\/08\/nemecko-clanky-co-videt-v-hamburku-05.jpg\" alt=\"Tehlov\u00e9 skladisk\u00e1 Speicherstadtu\" class=\"wp-image-397158\" title=\"\" srcset=\"https:\/\/loudavymkrokem.cz\/wp-content\/uploads\/2026\/08\/nemecko-clanky-co-videt-v-hamburku-05.jpg 1800w, https:\/\/loudavymkrokem.cz\/wp-content\/uploads\/2026\/08\/nemecko-clanky-co-videt-v-hamburku-05-300x200.jpg 300w, https:\/\/loudavymkrokem.cz\/wp-content\/uploads\/2026\/08\/nemecko-clanky-co-videt-v-hamburku-05-700x467.jpg 700w, https:\/\/loudavymkrokem.cz\/wp-content\/uploads\/2026\/08\/nemecko-clanky-co-videt-v-hamburku-05-768x512.jpg 768w, https:\/\/loudavymkrokem.cz\/wp-content\/uploads\/2026\/08\/nemecko-clanky-co-videt-v-hamburku-05-1536x1024.jpg 1536w, https:\/\/loudavymkrokem.cz\/wp-content\/uploads\/2026\/08\/nemecko-clanky-co-videt-v-hamburku-05-696x464.jpg 696w, https:\/\/loudavymkrokem.cz\/wp-content\/uploads\/2026\/08\/nemecko-clanky-co-videt-v-hamburku-05-1392x928.jpg 1392w\" sizes=\"(max-width: 1800px) 100vw, 1800px\" \/><button\n\t\t\tclass=\"lightbox-trigger\"\n\t\t\ttype=\"button\"\n\t\t\taria-haspopup=\"dialog\"\n\t\t\tdata-wp-bind--aria-label=\"state.thisImage.triggerButtonAriaLabel\"\n\t\t\tdata-wp-init=\"callbacks.initTriggerButton\"\n\t\t\tdata-wp-on--click=\"actions.showLightbox\"\n\t\t\tdata-wp-style--right=\"state.thisImage.buttonRight\"\n\t\t\tdata-wp-style--top=\"state.thisImage.buttonTop\"\n\t\t>\n\t\t\t<svg xmlns=\"http:\/\/www.w3.org\/2000\/svg\" width=\"12\" height=\"12\" fill=\"none\" viewBox=\"0 0 12 12\">\n\t\t\t\t<path fill=\"#fff\" d=\"M2 0a2 2 0 0 0-2 2v2h1.5V2a.5.5 0 0 1 .5-.5h2V0H2Zm2 10.5H2a.5.5 0 0 1-.5-.5V8H0v2a2 2 0 0 0 2 2h2v-1.5ZM8 12v-1.5h2a.5.5 0 0 0 .5-.5V8H12v2a2 2 0 0 1-2 2H8Zm2-12a2 2 0 0 1 2 2v2h-1.5V2a.5.5 0 0 0-.5-.5H8V0h2Z\" \/>\n\t\t\t<\/svg>\n\t\t<\/button><figcaption class=\"wp-element-caption\">Foto: Dietmar Rabich \/ Wikimedia Commons, CC BY-SA 4.0<\/figcaption><\/figure>\n\n\n\n<h3 class=\"wp-block-heading\"><span class=\"ez-toc-section\" id=\"1_Speicherstadt\"><\/span>1. Speicherstadt<span class=\"ez-toc-section-end\"><\/span><\/h3>\n\n\n\n<p class=\"wp-block-paragraph\">Najv\u00e4\u010d\u0161\u00ed s\u00favisl\u00fd komplex historick\u00fdch sklad\u00edsk na svete je \u00faplnou dominantou mesta a <strong>pr\u00e1vom sa p\u00fd\u0161i z\u00e1pisom na zozname svetov\u00e9ho dedi\u010dstva UNESCO<\/strong>. Cel\u00e1 \u0161tvr\u0165 je popretk\u00e1van\u00e1 sple\u0165ou vodn\u00fdch kan\u00e1lov, nad ktor\u00fdmi sa t\u00fd\u010dia mas\u00edvne budovy z \u010derven\u00fdch teh\u00e1l zakon\u010den\u00e9 typick\u00fdmi meden\u00fdmi strie\u0161kami a ozdobn\u00fdmi novogotick\u00fdmi \u0161t\u00edtmi. Prech\u00e1dzanie sa t\u00fdmito uli\u010dkami je \u00faplne zadarmo a d\u00fdchne na teba nefal\u0161ovan\u00e1 atmosf\u00e9ra \u010dias, ke\u010f sa tu vo ve\u013ekom skladovala k\u00e1va, kakao, orient\u00e1lne koberce a drah\u00e9 korenie z cel\u00e9ho sveta.<\/p>\n\n\n\n<p class=\"wp-block-paragraph\">Komplex vznikal na konci dev\u00e4tn\u00e1steho storo\u010dia a jeho budovy stoja na tis\u00edckach dubov\u00fdch koloch, ktor\u00e9 s\u00fa zarazen\u00e9 hlboko do rie\u010dneho bahna. <strong>Ur\u010dite sa z\u00e1jdi pozrie\u0165 k takzvan\u00e9mu Wasserschloss \u010di\u017ee Vodn\u00e9mu z\u00e1mku<\/strong>, \u010do je nesmierne fotogenick\u00e1 budova stojaca presne na s\u00fatoku dvoch kan\u00e1lov a dnes v nej s\u00eddli \u00fatuln\u00e1 \u010dajov\u0148a. Prech\u00e1dzka medzi t\u00fdmito majest\u00e1tnymi budovami \u0165a doslova prenesie do \u010dias najv\u00e4\u010d\u0161ej sl\u00e1vy hanzovn\u00fdch obchodn\u00edkov.<\/p>\n\n\n\n<p class=\"wp-block-paragraph\">\ud83d\udca1 Tip: <strong>Najfotogenickej\u0161ia je cel\u00e1 oblas\u0165 tesne po z\u00e1pade slnka<\/strong>, ke\u010f sa rozsvieti romantick\u00e9 ve\u010dern\u00e9 osvetlenie. Tehlov\u00e9 steny a mosty sa za\u010dn\u00fa n\u00e1dherne zrkadli\u0165 na tmavej hladine kan\u00e1lov, \u010do vytv\u00e1ra \u00faplne magick\u00fa pod\u00edvan\u00fa.<\/p>\n\n\n\n<figure data-wp-context=\"{&quot;imageId&quot;:&quot;6a952c5e169d4&quot;}\" data-wp-interactive=\"core\/image\" data-wp-key=\"6a952c5e169d4\" class=\"wp-block-image size-full wp-lightbox-container\"><img decoding=\"async\" width=\"1800\" height=\"1192\" data-wp-class--hide=\"state.isContentHidden\" data-wp-class--show=\"state.isContentVisible\" data-wp-init=\"callbacks.setButtonStyles\" data-wp-on--click=\"actions.showLightbox\" data-wp-on--load=\"callbacks.setButtonStyles\" data-wp-on--pointerdown=\"actions.preloadImage\" data-wp-on--pointerenter=\"actions.preloadImageWithDelay\" data-wp-on--pointerleave=\"actions.cancelPreload\" data-wp-on-window--resize=\"callbacks.setButtonStyles\" src=\"https:\/\/loudavymkrokem.cz\/wp-content\/uploads\/2026\/08\/nemecko-clanky-co-videt-v-hamburku-06.jpg\" alt=\"Modelov\u00e1 \u017eeleznica v Miniatur Wunderlande\" class=\"wp-image-398123\" title=\"\" srcset=\"https:\/\/loudavymkrokem.cz\/wp-content\/uploads\/2026\/08\/nemecko-clanky-co-videt-v-hamburku-06.jpg 1800w, https:\/\/loudavymkrokem.cz\/wp-content\/uploads\/2026\/08\/nemecko-clanky-co-videt-v-hamburku-06-300x199.jpg 300w, https:\/\/loudavymkrokem.cz\/wp-content\/uploads\/2026\/08\/nemecko-clanky-co-videt-v-hamburku-06-700x464.jpg 700w, https:\/\/loudavymkrokem.cz\/wp-content\/uploads\/2026\/08\/nemecko-clanky-co-videt-v-hamburku-06-768x509.jpg 768w, https:\/\/loudavymkrokem.cz\/wp-content\/uploads\/2026\/08\/nemecko-clanky-co-videt-v-hamburku-06-1536x1017.jpg 1536w, https:\/\/loudavymkrokem.cz\/wp-content\/uploads\/2026\/08\/nemecko-clanky-co-videt-v-hamburku-06-696x461.jpg 696w, https:\/\/loudavymkrokem.cz\/wp-content\/uploads\/2026\/08\/nemecko-clanky-co-videt-v-hamburku-06-1392x922.jpg 1392w\" sizes=\"(max-width: 1800px) 100vw, 1800px\" \/><button\n\t\t\tclass=\"lightbox-trigger\"\n\t\t\ttype=\"button\"\n\t\t\taria-haspopup=\"dialog\"\n\t\t\tdata-wp-bind--aria-label=\"state.thisImage.triggerButtonAriaLabel\"\n\t\t\tdata-wp-init=\"callbacks.initTriggerButton\"\n\t\t\tdata-wp-on--click=\"actions.showLightbox\"\n\t\t\tdata-wp-style--right=\"state.thisImage.buttonRight\"\n\t\t\tdata-wp-style--top=\"state.thisImage.buttonTop\"\n\t\t>\n\t\t\t<svg xmlns=\"http:\/\/www.w3.org\/2000\/svg\" width=\"12\" height=\"12\" fill=\"none\" viewBox=\"0 0 12 12\">\n\t\t\t\t<path fill=\"#fff\" d=\"M2 0a2 2 0 0 0-2 2v2h1.5V2a.5.5 0 0 1 .5-.5h2V0H2Zm2 10.5H2a.5.5 0 0 1-.5-.5V8H0v2a2 2 0 0 0 2 2h2v-1.5ZM8 12v-1.5h2a.5.5 0 0 0 .5-.5V8H12v2a2 2 0 0 1-2 2H8Zm2-12a2 2 0 0 1 2 2v2h-1.5V2a.5.5 0 0 0-.5-.5H8V0h2Z\" \/>\n\t\t\t<\/svg>\n\t\t<\/button><figcaption class=\"wp-element-caption\">Foto: Steven Lek \/ Wikimedia Commons, CC BY-SA 4.0<\/figcaption><\/figure>\n\n\n\n<h3 class=\"wp-block-heading\"><span class=\"ez-toc-section\" id=\"2_Miniatur_Wunderland\"><\/span>2. Miniatur Wunderland<span class=\"ez-toc-section-end\"><\/span><\/h3>\n\n\n\n<p class=\"wp-block-paragraph\">Najv\u00e4\u010d\u0161ia modelov\u00e1 \u017eeleznica na svete sa nach\u00e1dza priamo v srdci Speicherstadtu a spo\u013eahlivo nadchne dospel\u00fdch aj deti bez oh\u013eadu na vek. <strong>T\u00e1to fascinuj\u00faca atrakcia neust\u00e1le rastie a do roku 2026 sa m\u00f4\u017ee\u0161 te\u0161i\u0165 na \u00faplne nov\u00e9 sekcie<\/strong>, ktor\u00e9 zah\u0155\u0148aj\u00fa detailn\u00e9 modely da\u017e\u010fov\u00e9ho pralesa, k\u00fasok pohoria \u00c1nd alebo napr\u00edklad such\u00fa p\u00fa\u0161\u0165 Atacama. Ka\u017ed\u00fd detail je tu prepracovan\u00fd do \u00faplnej dokonalosti, pri\u010dom sa tu v pravideln\u00fdch p\u00e4tn\u00e1s\u0165min\u00fatov\u00fdch intervaloch strieda de\u0148 a noc, tak\u017ee uvid\u00ed\u0161 v\u0161etky meste\u010dk\u00e1 n\u00e1dherne nasvieten\u00e9.<\/p>\n\n\n\n<p class=\"wp-block-paragraph\">Vstupn\u00e9 pre dospel\u00e9ho <strong>stoj\u00ed pribli\u017ene 25 eur a prehliadka ti zaberie pokojne pol d\u0148a<\/strong>, ak si chce\u0161 v\u0161etko poriadne a v pokoji prezrie\u0165. Bude\u0161 obdivova\u0165 miniat\u00farne letisko s re\u00e1lne \u0161tartuj\u00facimi a prist\u00e1vaj\u00facimi lietadlami, detailn\u00e9 alpsk\u00e9 dedinky, zasne\u017een\u00fa \u0160kandin\u00e1viu aj ru\u0161n\u00e9 mest\u00e1 pln\u00e9 drobn\u00fdch postavi\u010diek s vlastn\u00fdmi vtipn\u00fdmi pr\u00edbehmi. Miestni tvorcovia maj\u00fa obrovsk\u00fd zmysel pre humor, tak\u017ee ke\u010f sa poriadne zad\u00edva\u0161, objav\u00ed\u0161 mno\u017estvo vtipn\u00fdch sc\u00e9nok zo \u017eivota.<\/p>\n\n\n\n<p class=\"wp-block-paragraph\">\ud83d\udca1 Tip: <strong>Rezerv\u00e1cia \u010dasovej vstupenky online je \u00faplnou nutnos\u0165ou<\/strong>, preto\u017ee v hlavnej sez\u00f3ne b\u00fdva vypredan\u00e9 aj nieko\u013eko t\u00fd\u017ed\u0148ov dopredu. Na mieste l\u00edstky jednoducho nezo\u017eenie\u0161 a bola by obrovsk\u00e1 \u0161koda o tento z\u00e1\u017eitok pr\u00eds\u0165.<\/p>\n\n\n\n<figure data-wp-context=\"{&quot;imageId&quot;:&quot;6a952c5e16db0&quot;}\" data-wp-interactive=\"core\/image\" data-wp-key=\"6a952c5e16db0\" class=\"wp-block-image size-full wp-lightbox-container\"><img decoding=\"async\" width=\"1800\" height=\"1800\" data-wp-class--hide=\"state.isContentHidden\" data-wp-class--show=\"state.isContentVisible\" data-wp-init=\"callbacks.setButtonStyles\" data-wp-on--click=\"actions.showLightbox\" data-wp-on--load=\"callbacks.setButtonStyles\" data-wp-on--pointerdown=\"actions.preloadImage\" data-wp-on--pointerenter=\"actions.preloadImageWithDelay\" data-wp-on--pointerleave=\"actions.cancelPreload\" data-wp-on-window--resize=\"callbacks.setButtonStyles\" src=\"https:\/\/loudavymkrokem.cz\/wp-content\/uploads\/2026\/08\/nemecko-clanky-co-videt-v-hamburku-07.jpg\" alt=\"Budova Elbphilharmonie nad pr\u00edstavom\" class=\"wp-image-398583\" title=\"\" srcset=\"https:\/\/loudavymkrokem.cz\/wp-content\/uploads\/2026\/08\/nemecko-clanky-co-videt-v-hamburku-07.jpg 1800w, https:\/\/loudavymkrokem.cz\/wp-content\/uploads\/2026\/08\/nemecko-clanky-co-videt-v-hamburku-07-300x300.jpg 300w, https:\/\/loudavymkrokem.cz\/wp-content\/uploads\/2026\/08\/nemecko-clanky-co-videt-v-hamburku-07-700x700.jpg 700w, https:\/\/loudavymkrokem.cz\/wp-content\/uploads\/2026\/08\/nemecko-clanky-co-videt-v-hamburku-07-150x150.jpg 150w, https:\/\/loudavymkrokem.cz\/wp-content\/uploads\/2026\/08\/nemecko-clanky-co-videt-v-hamburku-07-768x768.jpg 768w, https:\/\/loudavymkrokem.cz\/wp-content\/uploads\/2026\/08\/nemecko-clanky-co-videt-v-hamburku-07-1536x1536.jpg 1536w, https:\/\/loudavymkrokem.cz\/wp-content\/uploads\/2026\/08\/nemecko-clanky-co-videt-v-hamburku-07-696x696.jpg 696w, https:\/\/loudavymkrokem.cz\/wp-content\/uploads\/2026\/08\/nemecko-clanky-co-videt-v-hamburku-07-1392x1392.jpg 1392w\" sizes=\"(max-width: 1800px) 100vw, 1800px\" \/><button\n\t\t\tclass=\"lightbox-trigger\"\n\t\t\ttype=\"button\"\n\t\t\taria-haspopup=\"dialog\"\n\t\t\tdata-wp-bind--aria-label=\"state.thisImage.triggerButtonAriaLabel\"\n\t\t\tdata-wp-init=\"callbacks.initTriggerButton\"\n\t\t\tdata-wp-on--click=\"actions.showLightbox\"\n\t\t\tdata-wp-style--right=\"state.thisImage.buttonRight\"\n\t\t\tdata-wp-style--top=\"state.thisImage.buttonTop\"\n\t\t>\n\t\t\t<svg xmlns=\"http:\/\/www.w3.org\/2000\/svg\" width=\"12\" height=\"12\" fill=\"none\" viewBox=\"0 0 12 12\">\n\t\t\t\t<path fill=\"#fff\" d=\"M2 0a2 2 0 0 0-2 2v2h1.5V2a.5.5 0 0 1 .5-.5h2V0H2Zm2 10.5H2a.5.5 0 0 1-.5-.5V8H0v2a2 2 0 0 0 2 2h2v-1.5ZM8 12v-1.5h2a.5.5 0 0 0 .5-.5V8H12v2a2 2 0 0 1-2 2H8Zm2-12a2 2 0 0 1 2 2v2h-1.5V2a.5.5 0 0 0-.5-.5H8V0h2Z\" \/>\n\t\t\t<\/svg>\n\t\t<\/button><figcaption class=\"wp-element-caption\">Foto: Dietmar Rabich \/ Wikimedia Commons, CC BY-SA 4.0<\/figcaption><\/figure>\n\n\n\n<h3 class=\"wp-block-heading\"><span class=\"ez-toc-section\" id=\"3_Elbphilharmonie\"><\/span>3. Elbphilharmonie<span class=\"ez-toc-section-end\"><\/span><\/h3>\n\n\n\n<p class=\"wp-block-paragraph\">Ikonick\u00e1 budova koncertnej siene, ktor\u00e1 svoj\u00edm tvarom pripom\u00edna napnut\u00e9 lodn\u00e9 plachty alebo rozb\u00faren\u00e9 vlny, sa od svojho otvorenia stala novodob\u00fdm symbolom mesta. <strong>Spodn\u00fa \u010das\u0165 tvor\u00ed star\u00e9 tehlov\u00e9 skladisko, na ktorom je posaden\u00e1 \u00fachvatn\u00e1 sklenen\u00e1 nadstavba<\/strong>, ktor\u00e1 n\u00e1dherne odr\u00e1\u017ea oblohu aj okolit\u00fa vodu a men\u00ed farbu pod\u013ea aktu\u00e1lneho po\u010dasia. Z architektonick\u00e9ho h\u013eadiska ide o \u00fapln\u00fd skvost, ktor\u00fd dominuje cel\u00e9mu pr\u00edstavu a pri\u0165ahuje zraky v\u0161etk\u00fdch n\u00e1v\u0161tevn\u00edkov u\u017e z dia\u013eky.<\/p>\n\n\n\n<p class=\"wp-block-paragraph\">Priamo medzi tehlovou a sklenenou \u010das\u0165ou sa nach\u00e1dza <strong>takzvan\u00e1 Plaza, \u010do je verejne pr\u00edstupn\u00e1 vyhliadkov\u00e1 terasa s fantastick\u00fdm v\u00fdh\u013eadom na mesto a obrie \u017eeriavy v dia\u013eke<\/strong>. Okolo dokola budovy sa m\u00f4\u017ee\u0161 prejs\u0165 a pozorova\u0165 ruch na rieke aj ve\u017ee historick\u00fdch kostolov. Nahor \u0165a vyvezie unik\u00e1tny zakriven\u00fd eskal\u00e1tor dlh\u00fd cez osemdesiat metrov, ktor\u00fd je s\u00e1m osebe obrovsk\u00fdm architektonick\u00fdm z\u00e1\u017eitkom, preto\u017ee na jeho koniec cez zakrivenie v\u00f4bec nevid\u00ed\u0161.<\/p>\n\n\n\n<p class=\"wp-block-paragraph\">\ud83d\udca1 Tip: <strong>Vstup na vyhliadkov\u00fa terasu je s\u00edce zadarmo, ale mus\u00ed\u0161 si vopred rezervova\u0165 \u010dasov\u00fd slot<\/strong> na ofici\u00e1lnom webe. Bez platnej rezerv\u00e1cie \u0165a k obl\u00fakov\u00e9mu eskal\u00e1toru bohu\u017eia\u013e nepustia a musel by si d\u00fafa\u0165, \u017ee bude vo\u013eno na pokladni.<\/p>\n\n\n\n<figure data-wp-context=\"{&quot;imageId&quot;:&quot;6a952c5e171a3&quot;}\" data-wp-interactive=\"core\/image\" data-wp-key=\"6a952c5e171a3\" class=\"wp-block-image size-full wp-lightbox-container\"><img decoding=\"async\" width=\"1800\" height=\"1350\" data-wp-class--hide=\"state.isContentHidden\" data-wp-class--show=\"state.isContentVisible\" data-wp-init=\"callbacks.setButtonStyles\" data-wp-on--click=\"actions.showLightbox\" data-wp-on--load=\"callbacks.setButtonStyles\" data-wp-on--pointerdown=\"actions.preloadImage\" data-wp-on--pointerenter=\"actions.preloadImageWithDelay\" data-wp-on--pointerleave=\"actions.cancelPreload\" data-wp-on-window--resize=\"callbacks.setButtonStyles\" src=\"https:\/\/loudavymkrokem.cz\/wp-content\/uploads\/2026\/08\/nemecko-clanky-co-videt-v-hamburku-08.jpg\" alt=\"N\u00e1bre\u017eie v HafenCity\" class=\"wp-image-398815\" title=\"\" srcset=\"https:\/\/loudavymkrokem.cz\/wp-content\/uploads\/2026\/08\/nemecko-clanky-co-videt-v-hamburku-08.jpg 1800w, https:\/\/loudavymkrokem.cz\/wp-content\/uploads\/2026\/08\/nemecko-clanky-co-videt-v-hamburku-08-300x225.jpg 300w, https:\/\/loudavymkrokem.cz\/wp-content\/uploads\/2026\/08\/nemecko-clanky-co-videt-v-hamburku-08-700x525.jpg 700w, https:\/\/loudavymkrokem.cz\/wp-content\/uploads\/2026\/08\/nemecko-clanky-co-videt-v-hamburku-08-768x576.jpg 768w, https:\/\/loudavymkrokem.cz\/wp-content\/uploads\/2026\/08\/nemecko-clanky-co-videt-v-hamburku-08-1536x1152.jpg 1536w, https:\/\/loudavymkrokem.cz\/wp-content\/uploads\/2026\/08\/nemecko-clanky-co-videt-v-hamburku-08-80x60.jpg 80w, https:\/\/loudavymkrokem.cz\/wp-content\/uploads\/2026\/08\/nemecko-clanky-co-videt-v-hamburku-08-160x120.jpg 160w, https:\/\/loudavymkrokem.cz\/wp-content\/uploads\/2026\/08\/nemecko-clanky-co-videt-v-hamburku-08-696x522.jpg 696w, https:\/\/loudavymkrokem.cz\/wp-content\/uploads\/2026\/08\/nemecko-clanky-co-videt-v-hamburku-08-1392x1044.jpg 1392w\" sizes=\"(max-width: 1800px) 100vw, 1800px\" \/><button\n\t\t\tclass=\"lightbox-trigger\"\n\t\t\ttype=\"button\"\n\t\t\taria-haspopup=\"dialog\"\n\t\t\tdata-wp-bind--aria-label=\"state.thisImage.triggerButtonAriaLabel\"\n\t\t\tdata-wp-init=\"callbacks.initTriggerButton\"\n\t\t\tdata-wp-on--click=\"actions.showLightbox\"\n\t\t\tdata-wp-style--right=\"state.thisImage.buttonRight\"\n\t\t\tdata-wp-style--top=\"state.thisImage.buttonTop\"\n\t\t>\n\t\t\t<svg xmlns=\"http:\/\/www.w3.org\/2000\/svg\" width=\"12\" height=\"12\" fill=\"none\" viewBox=\"0 0 12 12\">\n\t\t\t\t<path fill=\"#fff\" d=\"M2 0a2 2 0 0 0-2 2v2h1.5V2a.5.5 0 0 1 .5-.5h2V0H2Zm2 10.5H2a.5.5 0 0 1-.5-.5V8H0v2a2 2 0 0 0 2 2h2v-1.5ZM8 12v-1.5h2a.5.5 0 0 0 .5-.5V8H12v2a2 2 0 0 1-2 2H8Zm2-12a2 2 0 0 1 2 2v2h-1.5V2a.5.5 0 0 0-.5-.5H8V0h2Z\" \/>\n\t\t\t<\/svg>\n\t\t<\/button><figcaption class=\"wp-element-caption\">Foto: Miwa \/ Pexels<\/figcaption><\/figure>\n\n\n\n<h3 class=\"wp-block-heading\"><span class=\"ez-toc-section\" id=\"4_Moderna_stvrt_HafenCity\"><\/span>4. Modern\u00e1 \u0161tvr\u0165 HafenCity<span class=\"ez-toc-section-end\"><\/span><\/h3>\n\n\n\n<p class=\"wp-block-paragraph\">Priamo v susedstve historick\u00e9ho Speicherstadtu vyrast\u00e1 najv\u00e4\u010d\u0161\u00ed eur\u00f3psky projekt mestsk\u00e9ho rozvoja, ktor\u00fd \u00faplne men\u00ed tv\u00e1r star\u00e9ho pr\u00edstavu. <strong>HafenCity je prehliadkou \u0161pi\u010dkovej modernej architekt\u00fary, kde ka\u017ed\u00e1 budova vznikla pod rukami uzn\u00e1van\u00fdch svetov\u00fdch architektov<\/strong>, a tvor\u00ed neuverite\u013en\u00fd kontrast k tehlov\u00fdm skladisk\u00e1m opodia\u013e. N\u00e1jde\u0161 tu \u0161irok\u00e9 promen\u00e1dy popri vode, modern\u00e9 reziden\u010dn\u00e9 bloky, luxusn\u00e9 presklen\u00e9 kancel\u00e1rie, \u0161t\u00fdlov\u00e9 kaviarne aj futuristick\u00e9 mosty sp\u00e1jaj\u00face jednotliv\u00e9 ostrov\u010deky.<\/p>\n\n\n\n<p class=\"wp-block-paragraph\">Cel\u00e1 t\u00e1to obrovsk\u00e1 oblas\u0165 <strong>vr\u00e1tane n\u00e1v\u0161tevy Elbphilharmonie, Speicherstadtu a Miniatur Wunderlandu ti spo\u013eahlivo zaberie cel\u00fd jeden de\u0148<\/strong>. Rozhodne sa oplat\u00ed sem vyrazi\u0165 s pohodln\u00fdmi top\u00e1nkami a nepl\u00e1nova\u0165 si na rovnak\u00fd de\u0148 \u017eiadne ve\u013ek\u00e9 presuny do vzdialenej\u0161\u00edch \u010dast\u00ed mesta. Je fascinuj\u00face pozorova\u0165, ako sa mesto dok\u00e1zalo vyrovna\u0165 s hrozbou z\u00e1plav, preto\u017ee v\u0161etky nov\u00e9 budovy a promen\u00e1dy s\u00fa vyv\u00fd\u0161en\u00e9 na \u0161peci\u00e1lnych podstavcoch.<\/p>\n\n\n\n<p class=\"wp-block-paragraph\">\ud83d\udca1 Tip: <strong>Zastav sa pri takzvan\u00fdch Magellanov\u00fdch teras\u00e1ch<\/strong>, \u010do je kask\u00e1dovit\u00e9 n\u00e1mestie spadaj\u00face priamo k vode. Je to ide\u00e1lne miesto na oddych s poh\u00e1rom dobrej k\u00e1vy a pozorovan\u00edm prepl\u00e1vaj\u00facich lo\u010fok.<\/p>\n\n\n\n<figure data-wp-context=\"{&quot;imageId&quot;:&quot;6a952c5e17552&quot;}\" data-wp-interactive=\"core\/image\" data-wp-key=\"6a952c5e17552\" class=\"wp-block-image size-full wp-lightbox-container\"><img decoding=\"async\" width=\"1800\" height=\"1195\" data-wp-class--hide=\"state.isContentHidden\" data-wp-class--show=\"state.isContentVisible\" data-wp-init=\"callbacks.setButtonStyles\" data-wp-on--click=\"actions.showLightbox\" data-wp-on--load=\"callbacks.setButtonStyles\" data-wp-on--pointerdown=\"actions.preloadImage\" data-wp-on--pointerenter=\"actions.preloadImageWithDelay\" data-wp-on--pointerleave=\"actions.cancelPreload\" data-wp-on-window--resize=\"callbacks.setButtonStyles\" src=\"https:\/\/loudavymkrokem.cz\/wp-content\/uploads\/2026\/08\/nemecko-clanky-co-videt-v-hamburku-09.jpg\" alt=\"Medzin\u00e1rodn\u00e9 n\u00e1morn\u00e9 m\u00fazeum v Hamburgu\" class=\"wp-image-398820\" title=\"\" srcset=\"https:\/\/loudavymkrokem.cz\/wp-content\/uploads\/2026\/08\/nemecko-clanky-co-videt-v-hamburku-09.jpg 1800w, https:\/\/loudavymkrokem.cz\/wp-content\/uploads\/2026\/08\/nemecko-clanky-co-videt-v-hamburku-09-300x199.jpg 300w, https:\/\/loudavymkrokem.cz\/wp-content\/uploads\/2026\/08\/nemecko-clanky-co-videt-v-hamburku-09-700x465.jpg 700w, https:\/\/loudavymkrokem.cz\/wp-content\/uploads\/2026\/08\/nemecko-clanky-co-videt-v-hamburku-09-768x510.jpg 768w, https:\/\/loudavymkrokem.cz\/wp-content\/uploads\/2026\/08\/nemecko-clanky-co-videt-v-hamburku-09-1536x1020.jpg 1536w, https:\/\/loudavymkrokem.cz\/wp-content\/uploads\/2026\/08\/nemecko-clanky-co-videt-v-hamburku-09-696x462.jpg 696w, https:\/\/loudavymkrokem.cz\/wp-content\/uploads\/2026\/08\/nemecko-clanky-co-videt-v-hamburku-09-1392x924.jpg 1392w\" sizes=\"(max-width: 1800px) 100vw, 1800px\" \/><button\n\t\t\tclass=\"lightbox-trigger\"\n\t\t\ttype=\"button\"\n\t\t\taria-haspopup=\"dialog\"\n\t\t\tdata-wp-bind--aria-label=\"state.thisImage.triggerButtonAriaLabel\"\n\t\t\tdata-wp-init=\"callbacks.initTriggerButton\"\n\t\t\tdata-wp-on--click=\"actions.showLightbox\"\n\t\t\tdata-wp-style--right=\"state.thisImage.buttonRight\"\n\t\t\tdata-wp-style--top=\"state.thisImage.buttonTop\"\n\t\t>\n\t\t\t<svg xmlns=\"http:\/\/www.w3.org\/2000\/svg\" width=\"12\" height=\"12\" fill=\"none\" viewBox=\"0 0 12 12\">\n\t\t\t\t<path fill=\"#fff\" d=\"M2 0a2 2 0 0 0-2 2v2h1.5V2a.5.5 0 0 1 .5-.5h2V0H2Zm2 10.5H2a.5.5 0 0 1-.5-.5V8H0v2a2 2 0 0 0 2 2h2v-1.5ZM8 12v-1.5h2a.5.5 0 0 0 .5-.5V8H12v2a2 2 0 0 1-2 2H8Zm2-12a2 2 0 0 1 2 2v2h-1.5V2a.5.5 0 0 0-.5-.5H8V0h2Z\" \/>\n\t\t\t<\/svg>\n\t\t<\/button><figcaption class=\"wp-element-caption\">Foto: Frank Schulenburg \/ Wikimedia Commons, CC BY-SA 4.0<\/figcaption><\/figure>\n\n\n\n<h3 class=\"wp-block-heading\"><span class=\"ez-toc-section\" id=\"5_International_Maritime_Museum\"><\/span>5. International Maritime Museum<span class=\"ez-toc-section-end\"><\/span><\/h3>\n\n\n\n<p class=\"wp-block-paragraph\">Ak \u0165a fascinuje moreplavectvo a hist\u00f3ria n\u00e1morn\u00fdch objavov, toto m\u00fazeum s\u00eddliace v obrovskom historickom skladisku Kaispeicher B \u0165a \u00faplne pohlt\u00ed. <strong>Expoz\u00edcia sa rozklad\u00e1 na neuverite\u013en\u00fdch deviatich poschodiach a predstavuje tis\u00edce prec\u00edznych modelov lod\u00ed<\/strong>, n\u00e1morn\u00fdch m\u00e1p, uniforiem, lodn\u00fdch skrutiek a historick\u00fdch naviga\u010dn\u00fdch pr\u00edstrojov z cel\u00e9ho sveta. Zbierka je tak\u00e1 rozsiahla, \u017ee mapuje cel\u00fa hist\u00f3riu \u013eudsk\u00e9ho dob\u00fdjania oce\u00e1nov od staroveku cez sl\u00e1vne bitky a\u017e po s\u00fa\u010dasn\u00e9 obrie kontajnerov\u00e9 lode.<\/p>\n\n\n\n<p class=\"wp-block-paragraph\">Prehliadka je koncipovan\u00e1 ve\u013emi interakt\u00edvne, tak\u017ee si <strong>m\u00f4\u017ee\u0161 vysk\u00fa\u0161a\u0165 simul\u00e1tor riadenia modernej lode alebo si detailne prezrie\u0165 rekon\u0161truovan\u00e9 kajuty zaoce\u00e1nskych parn\u00edkov<\/strong>. M\u00fazeum je \u00faplne skvelou vo\u013ebou aj na da\u017ediv\u00e9 dni, ktor\u00fdch je v severnom Nemecku pomerne dos\u0165, a zaru\u010dene zabav\u00ed cel\u00fa rodinu na dlh\u00e9 hodiny.<\/p>\n\n\n\n<p class=\"wp-block-paragraph\">\ud83d\udca1 Tip: <strong>Na d\u00f4kladn\u00fa prehliadku v\u0161etk\u00fdch deviatich pal\u00fab si vy\u010dle\u0148 aspo\u0148 tri a\u017e \u0161tyri hodiny \u010dasu<\/strong>. Ak sa pon\u00e1h\u013ea\u0161, zameraj sa hlavne na poschodia venovan\u00e9 modernej lodnej doprave a ve\u013ek\u00fdm plachetniciam, ktor\u00e9 b\u00fdvaj\u00fa vizu\u00e1lne najatrakt\u00edvnej\u0161ie.<\/p>\n\n\n\n<figure data-wp-context=\"{&quot;imageId&quot;:&quot;6a952c5e17944&quot;}\" data-wp-interactive=\"core\/image\" data-wp-key=\"6a952c5e17944\" class=\"wp-block-image size-full wp-lightbox-container\"><img decoding=\"async\" width=\"1800\" height=\"1200\" data-wp-class--hide=\"state.isContentHidden\" data-wp-class--show=\"state.isContentVisible\" data-wp-init=\"callbacks.setButtonStyles\" data-wp-on--click=\"actions.showLightbox\" data-wp-on--load=\"callbacks.setButtonStyles\" data-wp-on--pointerdown=\"actions.preloadImage\" data-wp-on--pointerenter=\"actions.preloadImageWithDelay\" data-wp-on--pointerleave=\"actions.cancelPreload\" data-wp-on-window--resize=\"callbacks.setButtonStyles\" src=\"https:\/\/loudavymkrokem.cz\/wp-content\/uploads\/2026\/08\/nemecko-clanky-co-videt-v-hamburku-10.jpg\" alt=\"Prievoz na Labe v Hamburgu\" class=\"wp-image-398961\" title=\"\" srcset=\"https:\/\/loudavymkrokem.cz\/wp-content\/uploads\/2026\/08\/nemecko-clanky-co-videt-v-hamburku-10.jpg 1800w, https:\/\/loudavymkrokem.cz\/wp-content\/uploads\/2026\/08\/nemecko-clanky-co-videt-v-hamburku-10-300x200.jpg 300w, https:\/\/loudavymkrokem.cz\/wp-content\/uploads\/2026\/08\/nemecko-clanky-co-videt-v-hamburku-10-700x467.jpg 700w, https:\/\/loudavymkrokem.cz\/wp-content\/uploads\/2026\/08\/nemecko-clanky-co-videt-v-hamburku-10-768x512.jpg 768w, https:\/\/loudavymkrokem.cz\/wp-content\/uploads\/2026\/08\/nemecko-clanky-co-videt-v-hamburku-10-1536x1024.jpg 1536w, https:\/\/loudavymkrokem.cz\/wp-content\/uploads\/2026\/08\/nemecko-clanky-co-videt-v-hamburku-10-696x464.jpg 696w, https:\/\/loudavymkrokem.cz\/wp-content\/uploads\/2026\/08\/nemecko-clanky-co-videt-v-hamburku-10-1392x928.jpg 1392w\" sizes=\"(max-width: 1800px) 100vw, 1800px\" \/><button\n\t\t\tclass=\"lightbox-trigger\"\n\t\t\ttype=\"button\"\n\t\t\taria-haspopup=\"dialog\"\n\t\t\tdata-wp-bind--aria-label=\"state.thisImage.triggerButtonAriaLabel\"\n\t\t\tdata-wp-init=\"callbacks.initTriggerButton\"\n\t\t\tdata-wp-on--click=\"actions.showLightbox\"\n\t\t\tdata-wp-style--right=\"state.thisImage.buttonRight\"\n\t\t\tdata-wp-style--top=\"state.thisImage.buttonTop\"\n\t\t>\n\t\t\t<svg xmlns=\"http:\/\/www.w3.org\/2000\/svg\" width=\"12\" height=\"12\" fill=\"none\" viewBox=\"0 0 12 12\">\n\t\t\t\t<path fill=\"#fff\" d=\"M2 0a2 2 0 0 0-2 2v2h1.5V2a.5.5 0 0 1 .5-.5h2V0H2Zm2 10.5H2a.5.5 0 0 1-.5-.5V8H0v2a2 2 0 0 0 2 2h2v-1.5ZM8 12v-1.5h2a.5.5 0 0 0 .5-.5V8H12v2a2 2 0 0 1-2 2H8Zm2-12a2 2 0 0 1 2 2v2h-1.5V2a.5.5 0 0 0-.5-.5H8V0h2Z\" \/>\n\t\t\t<\/svg>\n\t\t<\/button><figcaption class=\"wp-element-caption\">Foto: Dietmar Rabich \/ Wikimedia Commons, CC BY-SA 4.0<\/figcaption><\/figure>\n\n\n\n<h3 class=\"wp-block-heading\"><span class=\"ez-toc-section\" id=\"6_Prievoz_linka_62_ako_vyhliadkova_plavba\"><\/span>6. Prievoz linka 62 ako vyhliadkov\u00e1 plavba<span class=\"ez-toc-section-end\"><\/span><\/h3>\n\n\n\n<p class=\"wp-block-paragraph\">Za\u017ei\u0165 mesto z vodnej hladiny je \u00fapln\u00e1 nutnos\u0165, ale nemus\u00ed\u0161 kv\u00f4li tomu hne\u010f kupova\u0165 drah\u00e9 l\u00edstky na komer\u010dn\u00e9 v\u00fdletn\u00e9 lode. <strong>Najlep\u0161\u00edm tajn\u00fdm tipom je vyu\u017eitie be\u017en\u00e9ho \u017elt\u00e9ho prievozu s \u010d\u00edslom 62<\/strong>, ktor\u00fd funguje ako s\u00fa\u010das\u0165 mestskej hromadnej dopravy a plat\u00ed na\u0148 \u0161tandardn\u00fd denn\u00fd cestovn\u00fd l\u00edstok. <a class=\"thirstylink\" rel=\"nofollow\" target=\"_blank\" title=\"FerryScanner\" href=\"https:\/\/loudavymkrokem.cz\/sk\/doporucujeme\/ferryscanner\/\" data-shortcode=\"true\">Trajekt<\/a> vypl\u00e1va z hlavn\u00e9ho pr\u00edstaviska Landungsbr\u00fccken a mieri smerom k ostrovu Finkenwerder, pri\u010dom plavba jedn\u00fdm smerom trv\u00e1 zhruba tridsa\u0165 min\u00fat.<\/p>\n\n\n\n<p class=\"wp-block-paragraph\">T\u00e1to trasa <strong>\u0165a prevezie okolo t\u00fdch najv\u00e4\u010d\u0161\u00edch pr\u00edstavn\u00fdch domin\u00e1nt, presl\u00e1venej rybej tr\u017enice aj obr\u00edch loden\u00edc<\/strong>, tak\u017ee z\u00edska\u0161 fantastick\u00fd preh\u013ead o mas\u00edvnej ve\u013ekosti cel\u00e9ho pr\u00edstavu. Ide o \u00faplne najlep\u0161\u00ed pomer ceny a z\u00e1\u017eitku, ak\u00fd m\u00f4\u017ee\u0161 v meste z\u00edska\u0165, a cestou uvid\u00ed\u0161 aj ohromn\u00e9 doky, kde sa opravuj\u00fa tie najv\u00e4\u010d\u0161ie lode sveta.<\/p>\n\n\n\n<p class=\"wp-block-paragraph\">\ud83d\udca1 Tip: <strong>Sk\u00fas si na lodi zabra\u0165 miesto na otvorenej hornej palube hne\u010f pri z\u00e1bradl\u00ed<\/strong>, odkia\u013e sa najlep\u0161ie fot\u00ed. Spiato\u010dn\u00fa cestu m\u00f4\u017ee\u0161 absolvova\u0165 rovnakou lo\u010fou, alebo si spravi\u0165 prech\u00e1dzku po pieso\u010dnej pl\u00e1\u017ei Elbstrand pri zast\u00e1vke Neum\u00fchlen.<\/p>\n\n\n\n<figure data-wp-context=\"{&quot;imageId&quot;:&quot;6a952c5e17d5a&quot;}\" data-wp-interactive=\"core\/image\" data-wp-key=\"6a952c5e17d5a\" class=\"wp-block-image size-full wp-lightbox-container\"><img decoding=\"async\" width=\"1800\" height=\"1193\" data-wp-class--hide=\"state.isContentHidden\" data-wp-class--show=\"state.isContentVisible\" data-wp-init=\"callbacks.setButtonStyles\" data-wp-on--click=\"actions.showLightbox\" data-wp-on--load=\"callbacks.setButtonStyles\" data-wp-on--pointerdown=\"actions.preloadImage\" data-wp-on--pointerenter=\"actions.preloadImageWithDelay\" data-wp-on--pointerleave=\"actions.cancelPreload\" data-wp-on-window--resize=\"callbacks.setButtonStyles\" src=\"https:\/\/loudavymkrokem.cz\/wp-content\/uploads\/2026\/08\/nemecko-clanky-co-videt-v-hamburku-11.jpg\" alt=\"Nede\u013en\u00fd Fischmarkt v Hamburgu\" class=\"wp-image-398967\" title=\"\" srcset=\"https:\/\/loudavymkrokem.cz\/wp-content\/uploads\/2026\/08\/nemecko-clanky-co-videt-v-hamburku-11.jpg 1800w, https:\/\/loudavymkrokem.cz\/wp-content\/uploads\/2026\/08\/nemecko-clanky-co-videt-v-hamburku-11-300x199.jpg 300w, https:\/\/loudavymkrokem.cz\/wp-content\/uploads\/2026\/08\/nemecko-clanky-co-videt-v-hamburku-11-700x464.jpg 700w, https:\/\/loudavymkrokem.cz\/wp-content\/uploads\/2026\/08\/nemecko-clanky-co-videt-v-hamburku-11-768x509.jpg 768w, https:\/\/loudavymkrokem.cz\/wp-content\/uploads\/2026\/08\/nemecko-clanky-co-videt-v-hamburku-11-1536x1018.jpg 1536w, https:\/\/loudavymkrokem.cz\/wp-content\/uploads\/2026\/08\/nemecko-clanky-co-videt-v-hamburku-11-696x461.jpg 696w, https:\/\/loudavymkrokem.cz\/wp-content\/uploads\/2026\/08\/nemecko-clanky-co-videt-v-hamburku-11-1392x923.jpg 1392w\" sizes=\"(max-width: 1800px) 100vw, 1800px\" \/><button\n\t\t\tclass=\"lightbox-trigger\"\n\t\t\ttype=\"button\"\n\t\t\taria-haspopup=\"dialog\"\n\t\t\tdata-wp-bind--aria-label=\"state.thisImage.triggerButtonAriaLabel\"\n\t\t\tdata-wp-init=\"callbacks.initTriggerButton\"\n\t\t\tdata-wp-on--click=\"actions.showLightbox\"\n\t\t\tdata-wp-style--right=\"state.thisImage.buttonRight\"\n\t\t\tdata-wp-style--top=\"state.thisImage.buttonTop\"\n\t\t>\n\t\t\t<svg xmlns=\"http:\/\/www.w3.org\/2000\/svg\" width=\"12\" height=\"12\" fill=\"none\" viewBox=\"0 0 12 12\">\n\t\t\t\t<path fill=\"#fff\" d=\"M2 0a2 2 0 0 0-2 2v2h1.5V2a.5.5 0 0 1 .5-.5h2V0H2Zm2 10.5H2a.5.5 0 0 1-.5-.5V8H0v2a2 2 0 0 0 2 2h2v-1.5ZM8 12v-1.5h2a.5.5 0 0 0 .5-.5V8H12v2a2 2 0 0 1-2 2H8Zm2-12a2 2 0 0 1 2 2v2h-1.5V2a.5.5 0 0 0-.5-.5H8V0h2Z\" \/>\n\t\t\t<\/svg>\n\t\t<\/button><figcaption class=\"wp-element-caption\">Foto: Darya Sannikova \/ Pexels<\/figcaption><\/figure>\n\n\n\n<h3 class=\"wp-block-heading\"><span class=\"ez-toc-section\" id=\"7_Nedelny_Fischmarkt\"><\/span>7. Nede\u013en\u00fd Fischmarkt<span class=\"ez-toc-section-end\"><\/span><\/h3>\n\n\n\n<p class=\"wp-block-paragraph\">Ak si cez v\u00edkend r\u00e1d privstane\u0161, nesmie\u0161 vynecha\u0165 legend\u00e1rny nede\u013en\u00fd trh v mestskej \u010dasti Altona, ktor\u00fd sa kon\u00e1 hne\u010f pri rieke a m\u00e1 trad\u00edciu siahaj\u00facu a\u017e do osemn\u00e1steho storo\u010dia. <strong>Altonaer Fischmarkt o\u017e\u00edva u\u017e za skor\u00e9ho svitania a pon\u00faka neuverite\u013en\u00fa hlu\u010dn\u00fa pod\u00edvan\u00fa<\/strong>, pri ktorej predajcovia s typick\u00fdm severonemeck\u00fdm humorom hlasno vyvol\u00e1vaj\u00fa svoj tovar a zjedn\u00e1vaj\u00fa s n\u00e1v\u0161tevn\u00edkmi z korieb n\u00e1kladiakov. Nen\u00e1jde\u0161 tu z\u010faleka len ryby, trh je pln\u00fd st\u00e1nkov s \u010derstv\u00fdm ovoc\u00edm, obrovsk\u00fdmi kyticami, oble\u010den\u00edm a najr\u00f4znej\u0161\u00edmi miestnymi delikatesami.<\/p>\n\n\n\n<p class=\"wp-block-paragraph\">Miestni obyvatelia si sem po preh\u00fdrenej noci na Reeperbahne <strong>be\u017ene chodia po tradi\u010dn\u00fa rybaciu \u017eem\u013eu zvan\u00fa Fischbr\u00f6tchen<\/strong>, \u010do je neodmyslite\u013en\u00e1 hambursk\u00e1 klasika, ktor\u00fa dop\u013a\u0148aj\u00fa hor\u00facou k\u00e1vou. Aj ke\u010f ryb\u00e1m neholduje\u0161 a preferuje\u0161 rastlinn\u00fa stravu, samotn\u00e1 atmosf\u00e9ra historickej auk\u010dnej haly s rannou \u017eivou hudbou a tancuj\u00facimi \u013eu\u010fmi rozhodne stoj\u00ed za skor\u00e9 vst\u00e1vanie.<\/p>\n\n\n\n<p class=\"wp-block-paragraph\">\ud83d\udca1 Tip: <strong>Trh kon\u010d\u00ed pomerne skoro, oby\u010dajne sa st\u00e1nky za\u010d\u00ednaj\u00fa bali\u0165 u\u017e okolo pol desiatej dopoludnia<\/strong>, tak\u017ee si nezabudni nastavi\u0165 bud\u00edk. Najlep\u0161ie je spoji\u0165 n\u00e1v\u0161tevu trhu s dlhou rannou prech\u00e1dzkou po n\u00e1bre\u017e\u00ed.<\/p>\n\n\n\n<figure data-wp-context=\"{&quot;imageId&quot;:&quot;6a952c5e18155&quot;}\" data-wp-interactive=\"core\/image\" data-wp-key=\"6a952c5e18155\" class=\"wp-block-image size-full wp-lightbox-container\"><img decoding=\"async\" width=\"1800\" height=\"1350\" data-wp-class--hide=\"state.isContentHidden\" data-wp-class--show=\"state.isContentVisible\" data-wp-init=\"callbacks.setButtonStyles\" data-wp-on--click=\"actions.showLightbox\" data-wp-on--load=\"callbacks.setButtonStyles\" data-wp-on--pointerdown=\"actions.preloadImage\" data-wp-on--pointerenter=\"actions.preloadImageWithDelay\" data-wp-on--pointerleave=\"actions.cancelPreload\" data-wp-on-window--resize=\"callbacks.setButtonStyles\" src=\"https:\/\/loudavymkrokem.cz\/wp-content\/uploads\/2026\/08\/nemecko-clanky-co-videt-v-hamburku-12.jpg\" alt=\"Reeperbahn vo \u0161tvrti St. Pauli\" class=\"wp-image-398969\" title=\"\" srcset=\"https:\/\/loudavymkrokem.cz\/wp-content\/uploads\/2026\/08\/nemecko-clanky-co-videt-v-hamburku-12.jpg 1800w, https:\/\/loudavymkrokem.cz\/wp-content\/uploads\/2026\/08\/nemecko-clanky-co-videt-v-hamburku-12-300x225.jpg 300w, https:\/\/loudavymkrokem.cz\/wp-content\/uploads\/2026\/08\/nemecko-clanky-co-videt-v-hamburku-12-700x525.jpg 700w, https:\/\/loudavymkrokem.cz\/wp-content\/uploads\/2026\/08\/nemecko-clanky-co-videt-v-hamburku-12-768x576.jpg 768w, https:\/\/loudavymkrokem.cz\/wp-content\/uploads\/2026\/08\/nemecko-clanky-co-videt-v-hamburku-12-1536x1152.jpg 1536w, https:\/\/loudavymkrokem.cz\/wp-content\/uploads\/2026\/08\/nemecko-clanky-co-videt-v-hamburku-12-80x60.jpg 80w, https:\/\/loudavymkrokem.cz\/wp-content\/uploads\/2026\/08\/nemecko-clanky-co-videt-v-hamburku-12-160x120.jpg 160w, https:\/\/loudavymkrokem.cz\/wp-content\/uploads\/2026\/08\/nemecko-clanky-co-videt-v-hamburku-12-696x522.jpg 696w, https:\/\/loudavymkrokem.cz\/wp-content\/uploads\/2026\/08\/nemecko-clanky-co-videt-v-hamburku-12-1392x1044.jpg 1392w\" sizes=\"(max-width: 1800px) 100vw, 1800px\" \/><button\n\t\t\tclass=\"lightbox-trigger\"\n\t\t\ttype=\"button\"\n\t\t\taria-haspopup=\"dialog\"\n\t\t\tdata-wp-bind--aria-label=\"state.thisImage.triggerButtonAriaLabel\"\n\t\t\tdata-wp-init=\"callbacks.initTriggerButton\"\n\t\t\tdata-wp-on--click=\"actions.showLightbox\"\n\t\t\tdata-wp-style--right=\"state.thisImage.buttonRight\"\n\t\t\tdata-wp-style--top=\"state.thisImage.buttonTop\"\n\t\t>\n\t\t\t<svg xmlns=\"http:\/\/www.w3.org\/2000\/svg\" width=\"12\" height=\"12\" fill=\"none\" viewBox=\"0 0 12 12\">\n\t\t\t\t<path fill=\"#fff\" d=\"M2 0a2 2 0 0 0-2 2v2h1.5V2a.5.5 0 0 1 .5-.5h2V0H2Zm2 10.5H2a.5.5 0 0 1-.5-.5V8H0v2a2 2 0 0 0 2 2h2v-1.5ZM8 12v-1.5h2a.5.5 0 0 0 .5-.5V8H12v2a2 2 0 0 1-2 2H8Zm2-12a2 2 0 0 1 2 2v2h-1.5V2a.5.5 0 0 0-.5-.5H8V0h2Z\" \/>\n\t\t\t<\/svg>\n\t\t<\/button><figcaption class=\"wp-element-caption\">Foto: Wusel007 \/ Wikimedia Commons, CC BY-SA 3.0<\/figcaption><\/figure>\n\n\n\n<h3 class=\"wp-block-heading\"><span class=\"ez-toc-section\" id=\"8_Reeperbahn_a_St_Pauli\"><\/span>8. Reeperbahn a St. Pauli<span class=\"ez-toc-section-end\"><\/span><\/h3>\n\n\n\n<p class=\"wp-block-paragraph\">Najsl\u00e1vnej\u0161ia z\u00e1bavn\u00e1 \u0161tvr\u0165 cel\u00e9ho Nemecka sa preb\u00fadza k \u017eivotu a\u017e so z\u00e1padom slnka a jej farebn\u00e9 ne\u00f3nov\u00e9 n\u00e1pisy \u017eiaria do dia\u013eky. <strong>Hlavn\u00e1 tepna Reeperbahn a okolit\u00e9 uli\u010dky vo \u0161tvrti St. Pauli tvoria pulzuj\u00face centrum no\u010dn\u00e9ho \u017eivota<\/strong>, kde n\u00e1jde\u0161 stovky barov, hudobn\u00fdch klubov, divadiel a ikonick\u00fdch kabaretov. Ide o miesto s drsnej\u0161ou, ale ve\u013emi autentickou atmosf\u00e9rou, ktor\u00e1 k pr\u00edstavn\u00e9mu mestu jednoducho neodmyslite\u013ene patr\u00ed u\u017e cel\u00e9 desa\u0165ro\u010dia.<\/p>\n\n\n\n<p class=\"wp-block-paragraph\">Pr\u00e1ve v miestnych mal\u00fdch kluboch <strong>svoju hviezdnu kari\u00e9ru na za\u010diatku \u0161es\u0165desiatych rokov od\u0161tartovali legend\u00e1rni Beatles<\/strong>, \u010do dnes pripom\u00edna \u0161peci\u00e1lne n\u00e1mestie Beatles-Platz v tvare obrej vinylovej platne. Aj ke\u010f m\u00e1 \u0161tvr\u0165 trochu divok\u00fa poves\u0165, je pomerne bezpe\u010dn\u00e1, len sa mus\u00ed\u0161 pripravi\u0165 na obrovsk\u00fa koncentr\u00e1ciu \u013eud\u00ed a hlu\u010dnej\u0161ie prostredie.<\/p>\n\n\n\n<p class=\"wp-block-paragraph\">\ud83d\udca1 Tip: <strong>Vyraz sem podve\u010der na skvel\u00fa ve\u010deru do niektorej z mnoh\u00fdch trendy re\u0161taur\u00e1ci\u00ed<\/strong> a potom sa len tak prejdi nasvieten\u00fdmi ulicami. \u00daplne sta\u010d\u00ed nasa\u0165 tunaj\u0161iu \u0161pecifick\u00fa atmosf\u00e9ru a da\u0165 si drink v niektorom z pokojnej\u0161\u00edch barov opodia\u013e.<\/p>\n\n\n\n<figure data-wp-context=\"{&quot;imageId&quot;:&quot;6a952c5e1863b&quot;}\" data-wp-interactive=\"core\/image\" data-wp-key=\"6a952c5e1863b\" class=\"wp-block-image size-full wp-lightbox-container\"><img decoding=\"async\" width=\"1800\" height=\"1200\" data-wp-class--hide=\"state.isContentHidden\" data-wp-class--show=\"state.isContentVisible\" data-wp-init=\"callbacks.setButtonStyles\" data-wp-on--click=\"actions.showLightbox\" data-wp-on--load=\"callbacks.setButtonStyles\" data-wp-on--pointerdown=\"actions.preloadImage\" data-wp-on--pointerenter=\"actions.preloadImageWithDelay\" data-wp-on--pointerleave=\"actions.cancelPreload\" data-wp-on-window--resize=\"callbacks.setButtonStyles\" src=\"https:\/\/loudavymkrokem.cz\/wp-content\/uploads\/2026\/08\/nemecko-clanky-co-videt-v-hamburku-13.jpg\" alt=\"Park Planten un Blomen\" class=\"wp-image-398973\" title=\"\" srcset=\"https:\/\/loudavymkrokem.cz\/wp-content\/uploads\/2026\/08\/nemecko-clanky-co-videt-v-hamburku-13.jpg 1800w, https:\/\/loudavymkrokem.cz\/wp-content\/uploads\/2026\/08\/nemecko-clanky-co-videt-v-hamburku-13-300x200.jpg 300w, https:\/\/loudavymkrokem.cz\/wp-content\/uploads\/2026\/08\/nemecko-clanky-co-videt-v-hamburku-13-700x467.jpg 700w, https:\/\/loudavymkrokem.cz\/wp-content\/uploads\/2026\/08\/nemecko-clanky-co-videt-v-hamburku-13-768x512.jpg 768w, https:\/\/loudavymkrokem.cz\/wp-content\/uploads\/2026\/08\/nemecko-clanky-co-videt-v-hamburku-13-1536x1024.jpg 1536w, https:\/\/loudavymkrokem.cz\/wp-content\/uploads\/2026\/08\/nemecko-clanky-co-videt-v-hamburku-13-696x464.jpg 696w, https:\/\/loudavymkrokem.cz\/wp-content\/uploads\/2026\/08\/nemecko-clanky-co-videt-v-hamburku-13-1392x928.jpg 1392w\" sizes=\"(max-width: 1800px) 100vw, 1800px\" \/><button\n\t\t\tclass=\"lightbox-trigger\"\n\t\t\ttype=\"button\"\n\t\t\taria-haspopup=\"dialog\"\n\t\t\tdata-wp-bind--aria-label=\"state.thisImage.triggerButtonAriaLabel\"\n\t\t\tdata-wp-init=\"callbacks.initTriggerButton\"\n\t\t\tdata-wp-on--click=\"actions.showLightbox\"\n\t\t\tdata-wp-style--right=\"state.thisImage.buttonRight\"\n\t\t\tdata-wp-style--top=\"state.thisImage.buttonTop\"\n\t\t>\n\t\t\t<svg xmlns=\"http:\/\/www.w3.org\/2000\/svg\" width=\"12\" height=\"12\" fill=\"none\" viewBox=\"0 0 12 12\">\n\t\t\t\t<path fill=\"#fff\" d=\"M2 0a2 2 0 0 0-2 2v2h1.5V2a.5.5 0 0 1 .5-.5h2V0H2Zm2 10.5H2a.5.5 0 0 1-.5-.5V8H0v2a2 2 0 0 0 2 2h2v-1.5ZM8 12v-1.5h2a.5.5 0 0 0 .5-.5V8H12v2a2 2 0 0 1-2 2H8Zm2-12a2 2 0 0 1 2 2v2h-1.5V2a.5.5 0 0 0-.5-.5H8V0h2Z\" \/>\n\t\t\t<\/svg>\n\t\t<\/button><figcaption class=\"wp-element-caption\">Foto: Dirtsc \/ Wikimedia Commons, CC BY-SA 4.0<\/figcaption><\/figure>\n\n\n\n<h3 class=\"wp-block-heading\"><span class=\"ez-toc-section\" id=\"9_Park_Planten_un_Blomen\"><\/span>9. Park Planten un Blomen<span class=\"ez-toc-section-end\"><\/span><\/h3>\n\n\n\n<p class=\"wp-block-paragraph\">Priamo v srdci ru\u0161n\u00e9ho mesta le\u017e\u00ed roz\u013eahl\u00e1 zelen\u00e1 o\u00e1za, ktor\u00e1 pon\u00faka dokonal\u00fd \u00fanik pred hlukom dopravy a davmi turistov. <strong>Park Planten un Blomen je starostlivo udr\u017eiavan\u00fd komplex n\u00e1dhern\u00fdch tematick\u00fdch z\u00e1hrad<\/strong>, kde n\u00e1jde\u0161 najv\u00e4\u010d\u0161iu japonsk\u00fa z\u00e1hradu v Eur\u00f3pe, romantick\u00e9 jazierka pln\u00e9 lekien, ru\u017eov\u00fa z\u00e1hradu a dokonca aj tropick\u00fd sklen\u00edk. Okrem nekone\u010dn\u00fdch prech\u00e1dzok sa tu d\u00e1 hra\u0165 minigolf, obrie \u0161achy, alebo si v lete zajazdi\u0165 na roz\u013eahlom kolieskovom klzisku.<\/p>\n\n\n\n<p class=\"wp-block-paragraph\">Zatia\u013e \u010do v zime sa \u010das\u0165 parku premen\u00ed na magick\u00e9 a ve\u013emi ob\u013e\u00faben\u00e9 klzisko, v lete sem davy \u013eud\u00ed l\u00e1kaj\u00fa <strong>ve\u010dern\u00e9 vodn\u00e9 sveteln\u00e9 koncerty, ktor\u00e9 s\u00fa pre v\u0161etk\u00fdch n\u00e1v\u0161tevn\u00edkov \u00faplne zadarmo<\/strong>. Font\u00e1ny tu tancuj\u00fa do rytmu klasickej aj modernej hudby, zatia\u013e \u010do farebn\u00e9 svetl\u00e1 vytv\u00e1raj\u00fa n\u00e1dhern\u00fa choreografiu premietan\u00fa priamo na vodn\u00fa stenu.<\/p>\n\n\n\n<p class=\"wp-block-paragraph\">\ud83d\udca1 Tip: <strong>Pred ve\u010dern\u00fdm predstaven\u00edm font\u00e1n si nezabudni prinies\u0165 vlastn\u00fa deku a nie\u010do dobr\u00e9 na pitie<\/strong>, preto\u017ee lavi\u010dky b\u00fdvaj\u00fa ve\u013emi r\u00fdchlo obsaden\u00e9. Atmosf\u00e9ra letn\u00e9ho pikniku na tr\u00e1ve pri z\u00e1pade slnka je tu \u00faplne \u010darovn\u00e1.<\/p>\n\n\n\n<figure data-wp-context=\"{&quot;imageId&quot;:&quot;6a952c5e18b55&quot;}\" data-wp-interactive=\"core\/image\" data-wp-key=\"6a952c5e18b55\" class=\"wp-block-image size-full wp-lightbox-container\"><img decoding=\"async\" width=\"1800\" height=\"1350\" data-wp-class--hide=\"state.isContentHidden\" data-wp-class--show=\"state.isContentVisible\" data-wp-init=\"callbacks.setButtonStyles\" data-wp-on--click=\"actions.showLightbox\" data-wp-on--load=\"callbacks.setButtonStyles\" data-wp-on--pointerdown=\"actions.preloadImage\" data-wp-on--pointerenter=\"actions.preloadImageWithDelay\" data-wp-on--pointerleave=\"actions.cancelPreload\" data-wp-on-window--resize=\"callbacks.setButtonStyles\" src=\"https:\/\/loudavymkrokem.cz\/wp-content\/uploads\/2026\/08\/nemecko-clanky-co-videt-v-hamburku-14.jpg\" alt=\"Hambursk\u00e1 radnica Rathaus\" class=\"wp-image-398978\" title=\"\" srcset=\"https:\/\/loudavymkrokem.cz\/wp-content\/uploads\/2026\/08\/nemecko-clanky-co-videt-v-hamburku-14.jpg 1800w, https:\/\/loudavymkrokem.cz\/wp-content\/uploads\/2026\/08\/nemecko-clanky-co-videt-v-hamburku-14-300x225.jpg 300w, https:\/\/loudavymkrokem.cz\/wp-content\/uploads\/2026\/08\/nemecko-clanky-co-videt-v-hamburku-14-700x525.jpg 700w, https:\/\/loudavymkrokem.cz\/wp-content\/uploads\/2026\/08\/nemecko-clanky-co-videt-v-hamburku-14-768x576.jpg 768w, https:\/\/loudavymkrokem.cz\/wp-content\/uploads\/2026\/08\/nemecko-clanky-co-videt-v-hamburku-14-1536x1152.jpg 1536w, https:\/\/loudavymkrokem.cz\/wp-content\/uploads\/2026\/08\/nemecko-clanky-co-videt-v-hamburku-14-80x60.jpg 80w, https:\/\/loudavymkrokem.cz\/wp-content\/uploads\/2026\/08\/nemecko-clanky-co-videt-v-hamburku-14-160x120.jpg 160w, https:\/\/loudavymkrokem.cz\/wp-content\/uploads\/2026\/08\/nemecko-clanky-co-videt-v-hamburku-14-696x522.jpg 696w, https:\/\/loudavymkrokem.cz\/wp-content\/uploads\/2026\/08\/nemecko-clanky-co-videt-v-hamburku-14-1392x1044.jpg 1392w\" sizes=\"(max-width: 1800px) 100vw, 1800px\" \/><button\n\t\t\tclass=\"lightbox-trigger\"\n\t\t\ttype=\"button\"\n\t\t\taria-haspopup=\"dialog\"\n\t\t\tdata-wp-bind--aria-label=\"state.thisImage.triggerButtonAriaLabel\"\n\t\t\tdata-wp-init=\"callbacks.initTriggerButton\"\n\t\t\tdata-wp-on--click=\"actions.showLightbox\"\n\t\t\tdata-wp-style--right=\"state.thisImage.buttonRight\"\n\t\t\tdata-wp-style--top=\"state.thisImage.buttonTop\"\n\t\t>\n\t\t\t<svg xmlns=\"http:\/\/www.w3.org\/2000\/svg\" width=\"12\" height=\"12\" fill=\"none\" viewBox=\"0 0 12 12\">\n\t\t\t\t<path fill=\"#fff\" d=\"M2 0a2 2 0 0 0-2 2v2h1.5V2a.5.5 0 0 1 .5-.5h2V0H2Zm2 10.5H2a.5.5 0 0 1-.5-.5V8H0v2a2 2 0 0 0 2 2h2v-1.5ZM8 12v-1.5h2a.5.5 0 0 0 .5-.5V8H12v2a2 2 0 0 1-2 2H8Zm2-12a2 2 0 0 1 2 2v2h-1.5V2a.5.5 0 0 0-.5-.5H8V0h2Z\" \/>\n\t\t\t<\/svg>\n\t\t<\/button><figcaption class=\"wp-element-caption\">Foto: Dietmar Rabich \/ Wikimedia Commons, CC BY-SA 4.0<\/figcaption><\/figure>\n\n\n\n<h3 class=\"wp-block-heading\"><span class=\"ez-toc-section\" id=\"10_Radnica_Rathaus\"><\/span>10. Radnica Rathaus<span class=\"ez-toc-section-end\"><\/span><\/h3>\n\n\n\n<p class=\"wp-block-paragraph\">Na hlavnom n\u00e1mest\u00ed sa do v\u00fd\u0161ky t\u00fd\u010di ohromuj\u00faca novorenesan\u010dn\u00e1 budova radnice, ktor\u00e1 sa okam\u017eite zarad\u00ed medzi najfotografovanej\u0161ie pamiatky tvojho v\u00fdletu. <strong>Rathaus sa p\u00fd\u0161i neuverite\u013en\u00fdmi 647 miestnos\u0165ami, \u010do je mimochodom viac, ne\u017e m\u00e1 lond\u00fdnsky Buckinghamsk\u00fd pal\u00e1c<\/strong>, a jej bohato zdoben\u00e1 pieskovcov\u00e1 fas\u00e1da jednoducho berie dych. Budova stoj\u00ed na tis\u00edckach dubov\u00fdch koloch zarazen\u00fdch hlboko do bahnit\u00e9ho podlo\u017eia, aby sa v m\u00e4kkej p\u00f4de neprepadla, \u010do je pre historick\u00fd Hamburg ve\u013emi typick\u00e9.<\/p>\n\n\n\n<p class=\"wp-block-paragraph\">Ak m\u00e1\u0161 r\u00e1d hist\u00f3riu a ok\u00e1zal\u00fa architekt\u00faru, <strong>ur\u010dite odpor\u00fa\u010dam z\u00fa\u010dastni\u0165 sa komentovanej prehliadky \u00fachvatn\u00fdch vn\u00fatorn\u00fdch s\u00e1l<\/strong>, ktor\u00e9 s\u00fa pln\u00e9 zlat\u00fdch lustrov, zlo\u017eit\u00fdch ko\u017een\u00fdch tapiet a vz\u00e1cnych obrazov. Aj bez zak\u00fapenej vstupenky sa ale m\u00f4\u017ee\u0161 vo\u013ene prejs\u0165 n\u00e1dhern\u00fdm vn\u00fatorn\u00fdm n\u00e1dvor\u00edm s ka\u0161nou bohyne Hygieia, ktor\u00e9 v\u010faka svojej v\u00fdzdobe p\u00f4sob\u00ed sk\u00f4r ako taliansky z\u00e1mock\u00fd park.<\/p>\n\n\n\n<p class=\"wp-block-paragraph\">\ud83d\udca1 Tip: <strong>Priamo pred radnicou sa zbiehaj\u00fa hlavn\u00e9 n\u00e1kupn\u00e9 triedy a elegantn\u00e9 promen\u00e1dy<\/strong>, tak\u017ee je to \u00faplne ide\u00e1lny v\u00fdchodiskov\u00fd bod na pe\u0161ie objavovanie historick\u00e9ho centra a n\u00e1kupy drobn\u00fdch suven\u00edrov.<\/p>\n\n\n\n<figure data-wp-context=\"{&quot;imageId&quot;:&quot;6a952c5e18f99&quot;}\" data-wp-interactive=\"core\/image\" data-wp-key=\"6a952c5e18f99\" class=\"wp-block-image size-full wp-lightbox-container\"><img decoding=\"async\" width=\"1800\" height=\"1012\" data-wp-class--hide=\"state.isContentHidden\" data-wp-class--show=\"state.isContentVisible\" data-wp-init=\"callbacks.setButtonStyles\" data-wp-on--click=\"actions.showLightbox\" data-wp-on--load=\"callbacks.setButtonStyles\" data-wp-on--pointerdown=\"actions.preloadImage\" data-wp-on--pointerenter=\"actions.preloadImageWithDelay\" data-wp-on--pointerleave=\"actions.cancelPreload\" data-wp-on-window--resize=\"callbacks.setButtonStyles\" src=\"https:\/\/loudavymkrokem.cz\/wp-content\/uploads\/2026\/08\/nemecko-clanky-co-videt-v-hamburku-15.jpg\" alt=\"Lo\u010fky na Alsterskom jazere\" class=\"wp-image-398983\" title=\"\" srcset=\"https:\/\/loudavymkrokem.cz\/wp-content\/uploads\/2026\/08\/nemecko-clanky-co-videt-v-hamburku-15.jpg 1800w, https:\/\/loudavymkrokem.cz\/wp-content\/uploads\/2026\/08\/nemecko-clanky-co-videt-v-hamburku-15-300x169.jpg 300w, https:\/\/loudavymkrokem.cz\/wp-content\/uploads\/2026\/08\/nemecko-clanky-co-videt-v-hamburku-15-700x394.jpg 700w, https:\/\/loudavymkrokem.cz\/wp-content\/uploads\/2026\/08\/nemecko-clanky-co-videt-v-hamburku-15-768x432.jpg 768w, https:\/\/loudavymkrokem.cz\/wp-content\/uploads\/2026\/08\/nemecko-clanky-co-videt-v-hamburku-15-1536x864.jpg 1536w, https:\/\/loudavymkrokem.cz\/wp-content\/uploads\/2026\/08\/nemecko-clanky-co-videt-v-hamburku-15-696x391.jpg 696w, https:\/\/loudavymkrokem.cz\/wp-content\/uploads\/2026\/08\/nemecko-clanky-co-videt-v-hamburku-15-1392x783.jpg 1392w\" sizes=\"(max-width: 1800px) 100vw, 1800px\" \/><button\n\t\t\tclass=\"lightbox-trigger\"\n\t\t\ttype=\"button\"\n\t\t\taria-haspopup=\"dialog\"\n\t\t\tdata-wp-bind--aria-label=\"state.thisImage.triggerButtonAriaLabel\"\n\t\t\tdata-wp-init=\"callbacks.initTriggerButton\"\n\t\t\tdata-wp-on--click=\"actions.showLightbox\"\n\t\t\tdata-wp-style--right=\"state.thisImage.buttonRight\"\n\t\t\tdata-wp-style--top=\"state.thisImage.buttonTop\"\n\t\t>\n\t\t\t<svg xmlns=\"http:\/\/www.w3.org\/2000\/svg\" width=\"12\" height=\"12\" fill=\"none\" viewBox=\"0 0 12 12\">\n\t\t\t\t<path fill=\"#fff\" d=\"M2 0a2 2 0 0 0-2 2v2h1.5V2a.5.5 0 0 1 .5-.5h2V0H2Zm2 10.5H2a.5.5 0 0 1-.5-.5V8H0v2a2 2 0 0 0 2 2h2v-1.5ZM8 12v-1.5h2a.5.5 0 0 0 .5-.5V8H12v2a2 2 0 0 1-2 2H8Zm2-12a2 2 0 0 1 2 2v2h-1.5V2a.5.5 0 0 0-.5-.5H8V0h2Z\" \/>\n\t\t\t<\/svg>\n\t\t<\/button><figcaption class=\"wp-element-caption\">Foto: Wolfgang Weiser \/ Pexels<\/figcaption><\/figure>\n\n\n\n<!-- LKM_GYG_CARD start q=\"hamburku\" lang=\"sk\" rendered=\"2026-08-31T05:34:40+00:00\" v=\"1\" -->\n\n<!-- LKM_GYG_CARD end -->\n\n\n\n\n<div class=\"lk-stays-module\">\n<style>\n\/* \u2500\u2500\u2500 RESET PRO GUTENBERG \u2500\u2500\u2500 *\/\n.lk-stays-module * { box-sizing: border-box; margin: 0; padding: 0; }\n\n\/* \u2500\u2500\u2500 WRAPPER \u2500\u2500\u2500 *\/\n.lk-stays-module {\n  font-family: 'DM Sans', Georgia, sans-serif;\n  max-width: 100%;\n  margin: 2.5rem auto;\n  background: linear-gradient(135deg, #fdfaf5 0%, #fcf8f0 100%);\n  border: 1px solid #e8dfd4;\n  border-radius: 16px;\n  overflow: hidden;\n  box-shadow: 0 16px 48px rgba(195, 159, 118, 0.25), 0 4px 12px rgba(0,0,0,0.08);\n}\n\n\/* \u2500\u2500\u2500 HEADER \u2500\u2500\u2500 *\/\n.lk-stays-header {\n  position: relative;\n  padding: 24px 36px 24px;\n  background: linear-gradient(135deg, #c39f76 0%, #d4b188 60%, #c39f76 100%);\n  border-bottom: 1px solid rgba(255,255,255,.15);\n  display: flex;\n  align-items: center;\n  gap: 18px;\n}\n.lk-stays-header::before {\n  content: '';\n  position: absolute;\n  inset: 0;\n  background: url(\"data:image\/svg+xml,%3Csvg width='60' height='60' viewBox='0 0 60 60' xmlns='http:\/\/www.w3.org\/2000\/svg'%3E%3Cg fill='none' fill-rule='evenodd'%3E%3Cg fill='%23ffffff' fill-opacity='0.05'%3E%3Cpath d='M36 34v-4h-2v4h-4v2h4v4h2v-4h4v-2h-4zm0-30V0h-2v4h-4v2h4v4h2V6h4V4h-4zM6 34v-4H4v4H0v2h4v4h2v-4h4v-2H6zM6 4V0H4v4H0v2h4v4h2V6h4V4H6z'\/%3E%3C\/g%3E%3C\/g%3E%3C\/svg%3E\") repeat;\n  pointer-events: none;\n}\n.lk-stays-icon {\n  flex-shrink: 0;\n  width: 68px;\n  height: 68px;\n  border-radius: 14px;\n  background: linear-gradient(135deg, #fff 0%, #f9f6f0 100%);\n  display: flex;\n  align-items: center;\n  justify-content: center;\n  font-size: 26px;\n  box-shadow: 0 4px 12px rgba(0,0,0,0.15);\n}\n.lk-stays-eyebrow {\n  font-size: 10px;\n  font-weight: 500;\n  letter-spacing: 2.5px;\n  text-transform: uppercase;\n  color: rgba(255,255,255,.85);\n  margin: 0 0 5px 0;\n}\n.lk-stays-title {\n  font-family: 'Playfair Display', Georgia, serif;\n  font-size: 24px;\n  font-weight: 700;\n  color: #fff;\n  line-height: 1.2;\n  text-shadow: 0 1px 2px rgba(0,0,0,0.1);\n  margin: 0;\n}\n.lk-stays-subtitle {\n  font-size: 13px;\n  color: rgba(255,255,255,.75);\n  margin: 4px 0 0 0;\n  font-weight: 300;\n}\n\n\/* \u2500\u2500\u2500 CARDS GRID \u2500\u2500\u2500 *\/\n.lk-stays-grid {\n  display: grid;\n  grid-template-columns: 1fr 1fr;\n  gap: 1px;\n  background: rgba(195, 159, 118, 0.12);\n}\n\n\/* \u2500\u2500\u2500 SINGLE CARD \u2500\u2500\u2500 *\/\n.lk-stay-card {\n  background: #ffffff;\n  padding: 26px;\n  display: flex;\n  flex-direction: column;\n  gap: 11px;\n  transition: all 0.3s ease;\n  text-decoration: none;\n  color: inherit;\n  position: relative;\n}\n.lk-stay-card:hover {\n  background: #fffbf5;\n  transform: translateY(-2px);\n  box-shadow: 0 8px 24px rgba(195, 159, 118, 0.18);\n  z-index: 1;\n}\n.lk-stay-card.featured {\n  background: linear-gradient(135deg, #fffdf9 0%, #fff9f0 100%);\n  box-shadow: 0 4px 16px rgba(195, 159, 118, 0.15), inset 0 1px 0 rgba(195, 159, 118, 0.1);\n}\n.lk-stay-card.featured:hover {\n  background: linear-gradient(135deg, #fffbf5 0%, #fff8ed 100%);\n  box-shadow: 0 8px 24px rgba(195, 159, 118, 0.25), inset 0 1px 0 rgba(195, 159, 118, 0.15);\n}\n\n.lk-stay-badge {\n  display: inline-flex;\n  align-items: center;\n  gap: 5px;\n  font-size: 10px;\n  font-weight: 500;\n  letter-spacing: 1.5px;\n  text-transform: uppercase;\n  padding: 5px 11px;\n  border-radius: 20px;\n  width: fit-content;\n}\n.badge-top     { background: linear-gradient(135deg, #c39f76 0%, #d4b188 100%); color: #fff; border: 1px solid #c39f76; font-weight: 600; box-shadow: 0 2px 8px rgba(195,159,118,0.3); }\n.badge-luxury  { background: rgba(195,159,118,.12); color: #c39f76; border: 1px solid rgba(195,159,118,.25); }\n.badge-boutique{ background: rgba(54,133,252,.08); color: #3685fc; border: 1px solid rgba(54,133,252,.2); }\n.badge-nature  { background: rgba(130,190,100,.1); color: #6b9c4a; border: 1px solid rgba(130,190,100,.2); }\n.badge-remote  { background: rgba(195,159,118,.12); color: #a67e50; border: 1px solid rgba(195,159,118,.25); }\n\n.lk-stay-name {\n  font-family: 'Playfair Display', Georgia, serif;\n  font-size: 18px;\n  font-weight: 700;\n  color: #111827;\n  line-height: 1.3;\n}\n.lk-stay-desc {\n  font-size: 13.5px;\n  color: #525252;\n  line-height: 1.65;\n  font-weight: 300;\n  flex: 1;\n}\n\n.lk-stay-meta {\n  display: flex;\n  align-items: center;\n  gap: 12px;\n  flex-wrap: wrap;\n  margin-top: 4px;\n}\n.lk-stay-price {\n  font-size: 13px;\n  color: #6b7280;\n}\n.lk-stay-price strong {\n  color: #c39f76;\n  font-weight: 500;\n}\n.lk-stay-stars {\n  color: #c39f76;\n  font-size: 11px;\n  letter-spacing: 1px;\n}\n\n\/* \u2500\u2500\u2500 CTA BUTTON \u2500\u2500\u2500 *\/\n.lk-stay-cta {\n  display: inline-flex;\n  align-items: center;\n  justify-content: center;\n  gap: 7px;\n  margin-top: 8px;\n  padding: 11px 20px;\n  border-radius: 8px;\n  background: linear-gradient(135deg, #3685fc 0%, #2a6fd9 100%);\n  color: #fff;\n  font-size: 13px;\n  font-weight: 500;\n  text-decoration: none;\n  letter-spacing: .3px;\n  transition: all .2s ease;\n  cursor: pointer;\n  border: none;\n  text-align: center;\n  box-shadow: 0 4px 12px rgba(54, 133, 252, 0.25);\n}\n.lk-stay-cta:hover {\n  background: linear-gradient(135deg, #2a6fd9 0%, #1e5bc4 100%);\n  transform: translateY(-1px);\n  box-shadow: 0 6px 16px rgba(54, 133, 252, 0.35);\n}\n.lk-stay-cta svg { flex-shrink: 0; }\n\n\/* \u2500\u2500\u2500 FOOTER \u2500\u2500\u2500 *\/\n.lk-stays-footer {\n  padding: 18px 36px;\n  background: linear-gradient(to bottom, #fdfaf5 0%, #f9f4ed 100%);\n  border-top: 1px solid rgba(195, 159, 118, 0.15);\n  display: flex;\n  align-items: center;\n  justify-content: space-between;\n  flex-wrap: wrap;\n  gap: 12px;\n}\n.lk-stays-footer-note {\n  font-size: 11.5px;\n  color: #6b7280;\n  font-weight: 300;\n  line-height: 1.5;\n}\n.lk-stays-footer-note a {\n  color: #c39f76;\n  text-decoration: none;\n  font-weight: 400;\n}\n.lk-stays-footer-note a:hover {\n  text-decoration: underline;\n}\n.lk-stays-all-btn {\n  display: inline-flex;\n  align-items: center;\n  gap: 6px;\n  font-size: 12.5px;\n  font-weight: 500;\n  color: #c39f76;\n  text-decoration: none;\n  border: 1px solid rgba(195, 159, 118, 0.35);\n  padding: 8px 18px;\n  border-radius: 8px;\n  transition: all .2s ease;\n}\n.lk-stays-all-btn:hover {\n  background: rgba(195, 159, 118, 0.08);\n  border-color: rgba(195, 159, 118, 0.5);\n}\n\n\/* \u2500\u2500\u2500 RESPONSIVE \u2500\u2500\u2500 *\/\n@media (max-width: 600px) {\n  .lk-stays-grid { grid-template-columns: 1fr; }\n  .lk-stays-header { padding: 24px 20px; }\n  .lk-stays-footer { padding: 16px 20px; }\n  .lk-stay-card { padding: 22px; }\n  .lk-stays-title { font-size: 20px; }\n}\n<\/style>\n\n  <!-- HEADER -->\n  <div class=\"lk-stays-header\">\n    <img decoding=\"async\" src=\"https:\/\/loudavymkrokem.cz\/wp-content\/uploads\/2026\/02\/lukas-a-lucka.jpg\" alt=\"\" style=\"width: 75px; height: 75px; border-radius: 8px; flex-shrink: 0; object-fit: cover; display: block; margin: 4px 0;\" title=\"\">\n    <div class=\"lk-stays-header-text\">\n      <div class=\"lk-stays-eyebrow\">Luk\u00e1\u0161 a Lucie odpor\u00fa\u010daj\u00fa<\/div>\n      <div class=\"lk-stays-title\">Kde sa ubytova\u0165 v Hamburgu<\/div>\n      <div class=\"lk-stays-subtitle\">3 ubytovania \u2014 hotely a \u010fal\u0161ie mo\u017enosti ubytovania<\/div>\n    <\/div>\n  <\/div>\n\n  <!-- CARDS -->\n  <div class=\"lk-stays-grid\">\n\n    <a class=\"lk-stay-card featured\" href=\"https:\/\/www.stay22.com\/allez\/roam?aid=lukaskonecny&#038;campaign=loudavymkrokemcz&#038;campaign=sk&#038;campaign=covidetvhamburku&#038;address=Hamburk&#038;hotelname=25hours+Hotel+HafenCity&#038;search=25hours+Hotel+HafenCity&#038;category=accommodation\" target=\"_blank\" rel=\"nofollow noopener\">\n      <span class=\"lk-stay-badge badge-top\">\u2b50 TOP VO\u013dBA<\/span>\n      <span class=\"lk-stay-badge badge-nature\">\ud83c\udfe8 Hotel<\/span>\n      <div class=\"lk-stay-name\">25hours Hotel HafenCity<\/div>\n      <div class=\"lk-stay-desc\">\u0160tylov\u00fd hotel s hrav\u00fdm n\u00e1morn\u00edckym dizajnom v najmodernej\u0161ej \u0161tvrti s v\u00fdh\u013eadom na doky.<\/div>\n      <div class=\"lk-stay-meta\">\n        <span class=\"lk-stay-stars\">\u2605\u2605\u2605\u2605<\/span>\n        <span class=\"lk-stay-price\"><\/span>\n      <\/div>\n      <span class=\"lk-stay-cta\">\n        <svg width=\"14\" height=\"14\" viewBox=\"0 0 24 24\" fill=\"none\" stroke=\"currentColor\" stroke-width=\"2\"><path d=\"M18 13v6a2 2 0 0 1-2 2H5a2 2 0 0 1-2-2V8a2 2 0 0 1 2-2h6\"\/><polyline points=\"15 3 21 3 21 9\"\/><line x1=\"10\" y1=\"14\" x2=\"21\" y2=\"3\"\/><\/svg>\n        Skontrolova\u0165 dostupnos\u0165\n      <\/span>\n    <\/a>\n\n    <a class=\"lk-stay-card\" href=\"https:\/\/www.stay22.com\/allez\/roam?aid=lukaskonecny&#038;campaign=loudavymkrokemcz&#038;campaign=sk&#038;campaign=co-videt-v-hamburku&#038;hotelname=Hotel%20Volksschule&#038;address=Hamburk%2C%20N%C4%9Bmecko\" target=\"_blank\" rel=\"nofollow noopener\">\n      <span class=\"lk-stay-badge badge-nature\">\ud83c\udfe8 Hotel<\/span>\n      <div class=\"lk-stay-name\">Hotel Volksschule<\/div>\n      <div class=\"lk-stay-desc\">Ob\u013e\u00faben\u00fd hotel v zrekon\u0161truovanej \u0161kolskej budove v St. Georg, bl\u00edzko stanice, boduje fantastick\u00fdmi ra\u0148ajkami.<\/div>\n      <div class=\"lk-stay-meta\">\n        <span class=\"lk-stay-stars\">\u2605\u2605\u2605\u2605<\/span>\n        <span class=\"lk-stay-price\"><\/span>\n      <\/div>\n      <span class=\"lk-stay-cta\">\n        <svg width=\"14\" height=\"14\" viewBox=\"0 0 24 24\" fill=\"none\" stroke=\"currentColor\" stroke-width=\"2\"><path d=\"M18 13v6a2 2 0 0 1-2 2H5a2 2 0 0 1-2-2V8a2 2 0 0 1 2-2h6\"\/><polyline points=\"15 3 21 3 21 9\"\/><line x1=\"10\" y1=\"14\" x2=\"21\" y2=\"3\"\/><\/svg>\n        Skontrolova\u0165 dostupnos\u0165\n      <\/span>\n    <\/a>\n\n    <a class=\"lk-stay-card\" href=\"https:\/\/www.stay22.com\/allez\/roam?aid=lukaskonecny&#038;campaign=loudavymkrokemcz&#038;campaign=sk&#038;campaign=covidetvhamburku&#038;address=hamburk\" target=\"_blank\" rel=\"nofollow noopener\">\n      <span class=\"lk-stay-badge badge-nature\">\ud83d\udd0d H\u013eada\u0165<\/span>\n      <div class=\"lk-stay-name\">Zobrazi\u0165 v\u0161etky ubytovania v Hamburgu<\/div>\n      <div class=\"lk-stay-desc\">Presk\u00famajte v\u0161etky dostupn\u00e9 mo\u017enosti ubytovania v Hamburgu a n\u00e1jdite to najlep\u0161ie pod\u013ea va\u0161ich preferenci\u00ed a rozpo\u010dtu.<\/div>\n      <div class=\"lk-stay-meta\">\n        <span class=\"lk-stay-stars\">\u2605\u2605\u2605\u2605<\/span>\n        <span class=\"lk-stay-price\">Porovna\u0165 ceny<\/span>\n      <\/div>\n      <span class=\"lk-stay-cta\">\n        <svg width=\"14\" height=\"14\" viewBox=\"0 0 24 24\" fill=\"none\" stroke=\"currentColor\" stroke-width=\"2\"><path d=\"M18 13v6a2 2 0 0 1-2 2H5a2 2 0 0 1-2-2V8a2 2 0 0 1 2-2h6\"\/><polyline points=\"15 3 21 3 21 9\"\/><line x1=\"10\" y1=\"14\" x2=\"21\" y2=\"3\"\/><\/svg>\n        Skontrolova\u0165 dostupnos\u0165\n      <\/span>\n    <\/a>\n\n  <\/div>\n\n  \n<\/div>\n\n\n\n\n<h3 class=\"wp-block-heading\"><span class=\"ez-toc-section\" id=\"11_Alsterske_jazera\"><\/span>11. Alstersk\u00e9 jazer\u00e1<span class=\"ez-toc-section-end\"><\/span><\/h3>\n\n\n\n<p class=\"wp-block-paragraph\">Priamo v centre mesta, len p\u00e1r krokov od historickej radnice, sa rozkladaj\u00fa dve ve\u013ek\u00e9 umel\u00e9 jazer\u00e1 Binnenalster a Aussenalster, ktor\u00e9 tvoria pomyseln\u00e9 modr\u00e9 srdce metropoly. <strong>Jazer\u00e1 obklopuj\u00fa \u0161irok\u00e9 promen\u00e1dy, starostlivo udr\u017eiavan\u00e9 zelen\u00e9 parky a elegantn\u00e9 vily<\/strong>, \u010do z nich rob\u00ed najob\u013e\u00fabenej\u0161iu rekrea\u010dn\u00fa z\u00f3nu pre v\u0161etk\u00fdch miestnych obyvate\u013eov. Okolo vody neust\u00e1le stretne\u0161 be\u017ecov, cyklistov a \u013eud\u00ed, ktor\u00ed si sem po pr\u00e1ci pri\u0161li odd\u00fdchnu\u0165 na lavi\u010dku s dobrou knihou.<\/p>\n\n\n\n<p class=\"wp-block-paragraph\">V teplej\u0161\u00edch mesiacoch je <strong>najlep\u0161ou aktivitou zapo\u017ei\u010danie \u0161liapadla, kanoe alebo paddleboardu<\/strong>, v\u010faka ktor\u00fdm si m\u00f4\u017ee\u0161 roz\u013eahl\u00e9 jazer\u00e1 a pri\u013eahl\u00e9 tich\u00e9 kan\u00e1ly prejs\u0165 na vlastn\u00fa p\u00e4s\u0165. Z vodnej hladiny toti\u017e z\u00edska\u0161 \u00faplne in\u00fa perspekt\u00edvu na luxusn\u00e9 reziden\u010dn\u00e9 \u0161tvrte a s\u00fakromn\u00e9 z\u00e1hrady, ktor\u00e9 z pevniny cez stromy \u010dasto v\u00f4bec neuvid\u00ed\u0161.<\/p>\n\n\n\n<p class=\"wp-block-paragraph\">\ud83d\udca1 Tip: <strong>Uprostred vn\u00fatorn\u00e9ho jazera trysk\u00e1 vysok\u00e1 font\u00e1na Alsterfont\u00e4ne<\/strong>, ktor\u00e1 je jedn\u00fdm z hlavn\u00fdch orienta\u010dn\u00fdch bodov mesta. Sadni si na schody pri sl\u00e1vnom n\u00e1bre\u017e\u00ed Jungfernstieg, k\u00fap si k\u00e1vu a u\u017e\u00edvaj si pohodov\u00fa atmosf\u00e9ru s v\u00fdh\u013eadom na vodu.<\/p>\n\n\n\n<figure data-wp-context=\"{&quot;imageId&quot;:&quot;6a952c5e194f3&quot;}\" data-wp-interactive=\"core\/image\" data-wp-key=\"6a952c5e194f3\" class=\"wp-block-image size-full wp-lightbox-container\"><img decoding=\"async\" width=\"1800\" height=\"1200\" data-wp-class--hide=\"state.isContentHidden\" data-wp-class--show=\"state.isContentVisible\" data-wp-init=\"callbacks.setButtonStyles\" data-wp-on--click=\"actions.showLightbox\" data-wp-on--load=\"callbacks.setButtonStyles\" data-wp-on--pointerdown=\"actions.preloadImage\" data-wp-on--pointerenter=\"actions.preloadImageWithDelay\" data-wp-on--pointerleave=\"actions.cancelPreload\" data-wp-on-window--resize=\"callbacks.setButtonStyles\" src=\"https:\/\/loudavymkrokem.cz\/wp-content\/uploads\/2026\/08\/nemecko-clanky-co-videt-v-hamburku-16.jpg\" alt=\"Pam\u00e4tn\u00edk sv\u00e4t\u00e9ho Mikul\u00e1\u0161a\" class=\"wp-image-398989\" title=\"\" srcset=\"https:\/\/loudavymkrokem.cz\/wp-content\/uploads\/2026\/08\/nemecko-clanky-co-videt-v-hamburku-16.jpg 1800w, https:\/\/loudavymkrokem.cz\/wp-content\/uploads\/2026\/08\/nemecko-clanky-co-videt-v-hamburku-16-300x200.jpg 300w, https:\/\/loudavymkrokem.cz\/wp-content\/uploads\/2026\/08\/nemecko-clanky-co-videt-v-hamburku-16-700x467.jpg 700w, https:\/\/loudavymkrokem.cz\/wp-content\/uploads\/2026\/08\/nemecko-clanky-co-videt-v-hamburku-16-768x512.jpg 768w, https:\/\/loudavymkrokem.cz\/wp-content\/uploads\/2026\/08\/nemecko-clanky-co-videt-v-hamburku-16-1536x1024.jpg 1536w, https:\/\/loudavymkrokem.cz\/wp-content\/uploads\/2026\/08\/nemecko-clanky-co-videt-v-hamburku-16-696x464.jpg 696w, https:\/\/loudavymkrokem.cz\/wp-content\/uploads\/2026\/08\/nemecko-clanky-co-videt-v-hamburku-16-1392x928.jpg 1392w\" sizes=\"(max-width: 1800px) 100vw, 1800px\" \/><button\n\t\t\tclass=\"lightbox-trigger\"\n\t\t\ttype=\"button\"\n\t\t\taria-haspopup=\"dialog\"\n\t\t\tdata-wp-bind--aria-label=\"state.thisImage.triggerButtonAriaLabel\"\n\t\t\tdata-wp-init=\"callbacks.initTriggerButton\"\n\t\t\tdata-wp-on--click=\"actions.showLightbox\"\n\t\t\tdata-wp-style--right=\"state.thisImage.buttonRight\"\n\t\t\tdata-wp-style--top=\"state.thisImage.buttonTop\"\n\t\t>\n\t\t\t<svg xmlns=\"http:\/\/www.w3.org\/2000\/svg\" width=\"12\" height=\"12\" fill=\"none\" viewBox=\"0 0 12 12\">\n\t\t\t\t<path fill=\"#fff\" d=\"M2 0a2 2 0 0 0-2 2v2h1.5V2a.5.5 0 0 1 .5-.5h2V0H2Zm2 10.5H2a.5.5 0 0 1-.5-.5V8H0v2a2 2 0 0 0 2 2h2v-1.5ZM8 12v-1.5h2a.5.5 0 0 0 .5-.5V8H12v2a2 2 0 0 1-2 2H8Zm2-12a2 2 0 0 1 2 2v2h-1.5V2a.5.5 0 0 0-.5-.5H8V0h2Z\" \/>\n\t\t\t<\/svg>\n\t\t<\/button><figcaption class=\"wp-element-caption\">Foto: Santiago Morales \/ Pexels<\/figcaption><\/figure>\n\n\n\n<h3 class=\"wp-block-heading\"><span class=\"ez-toc-section\" id=\"12_Pamatnik_svateho_Mikulasa_St_Nikolai_Mahnmal\"><\/span>12. Pam\u00e4tn\u00edk sv\u00e4t\u00e9ho Mikul\u00e1\u0161a (St. Nikolai Mahnmal)<span class=\"ez-toc-section-end\"><\/span><\/h3>\n\n\n\n<p class=\"wp-block-paragraph\">U\u017e z dia\u013eky uvid\u00ed\u0161 vysok\u00fa \u010diernu ve\u017eu, ktor\u00e1 p\u00f4sob\u00ed trochu ako zjavenie uprostred modernej sklenenej z\u00e1stavby. <strong>Kostol sv\u00e4t\u00e9ho Mikul\u00e1\u0161a bol po\u010das druhej svetovej vojny takmer zrovnan\u00fd so zemou pri mas\u00edvnom spojeneckom bombardovan\u00ed<\/strong> a jeho ohoren\u00e9 ruiny boli z\u00e1merne ponechan\u00e9 v tomto stave ako nesmierne p\u00f4sobiv\u00fd protivojnov\u00fd pam\u00e4tn\u00edk. Miesto m\u00e1 ve\u013emi siln\u00fa a pochm\u00farnu atmosf\u00e9ru, ktor\u00e1 \u0165a zaru\u010dene don\u00fati k zamysleniu nad pohnutou hist\u00f3riou cel\u00e9ho mesta.<\/p>\n\n\n\n<p class=\"wp-block-paragraph\">V roz\u013eahl\u00fdch podzemn\u00fdch priestoroch pod kostolom sa nach\u00e1dza <strong>ve\u013emi zauj\u00edmav\u00e1 expoz\u00edcia dokumentuj\u00faca skazu mesta, zatia\u013e \u010do presklen\u00fd v\u00fd\u0165ah \u0165a vyvezie na vrchol 76 metrov vysokej ve\u017ee<\/strong>. Odtia\u013e sa ti naskytne fantastick\u00fd panoramatick\u00fd v\u00fdh\u013ead na cel\u00e9 historick\u00e9 centrum, modern\u00fd pr\u00edstav aj ne\u010falek\u00fa radnicu.<\/p>\n\n\n\n<p class=\"wp-block-paragraph\">\ud83d\udca1 Tip: <strong>Ak m\u00e1\u0161 obmedzen\u00fd rozpo\u010det a zva\u017euje\u0161, za ktor\u00fa vyhliadku v meste zaplati\u0165<\/strong>, ve\u017ea sv\u00e4t\u00e9ho Mikul\u00e1\u0161a je v\u010faka centr\u00e1lnej polohe a hlbok\u00e9mu historick\u00e9mu presahu \u00faplne vynikaj\u00facou vo\u013ebou.<\/p>\n\n\n\n<figure data-wp-context=\"{&quot;imageId&quot;:&quot;6a952c5e19901&quot;}\" data-wp-interactive=\"core\/image\" data-wp-key=\"6a952c5e19901\" class=\"wp-block-image size-full wp-lightbox-container\"><img decoding=\"async\" width=\"1800\" height=\"1183\" data-wp-class--hide=\"state.isContentHidden\" data-wp-class--show=\"state.isContentVisible\" data-wp-init=\"callbacks.setButtonStyles\" data-wp-on--click=\"actions.showLightbox\" data-wp-on--load=\"callbacks.setButtonStyles\" data-wp-on--pointerdown=\"actions.preloadImage\" data-wp-on--pointerenter=\"actions.preloadImageWithDelay\" data-wp-on--pointerleave=\"actions.cancelPreload\" data-wp-on-window--resize=\"callbacks.setButtonStyles\" src=\"https:\/\/loudavymkrokem.cz\/wp-content\/uploads\/2026\/08\/nemecko-clanky-co-videt-v-hamburku-17.jpg\" alt=\"Star\u00fd labsk\u00fd tunel\" class=\"wp-image-398993\" title=\"\" srcset=\"https:\/\/loudavymkrokem.cz\/wp-content\/uploads\/2026\/08\/nemecko-clanky-co-videt-v-hamburku-17.jpg 1800w, https:\/\/loudavymkrokem.cz\/wp-content\/uploads\/2026\/08\/nemecko-clanky-co-videt-v-hamburku-17-300x197.jpg 300w, https:\/\/loudavymkrokem.cz\/wp-content\/uploads\/2026\/08\/nemecko-clanky-co-videt-v-hamburku-17-700x460.jpg 700w, https:\/\/loudavymkrokem.cz\/wp-content\/uploads\/2026\/08\/nemecko-clanky-co-videt-v-hamburku-17-768x505.jpg 768w, https:\/\/loudavymkrokem.cz\/wp-content\/uploads\/2026\/08\/nemecko-clanky-co-videt-v-hamburku-17-1536x1009.jpg 1536w, https:\/\/loudavymkrokem.cz\/wp-content\/uploads\/2026\/08\/nemecko-clanky-co-videt-v-hamburku-17-696x457.jpg 696w, https:\/\/loudavymkrokem.cz\/wp-content\/uploads\/2026\/08\/nemecko-clanky-co-videt-v-hamburku-17-1392x915.jpg 1392w\" sizes=\"(max-width: 1800px) 100vw, 1800px\" \/><button\n\t\t\tclass=\"lightbox-trigger\"\n\t\t\ttype=\"button\"\n\t\t\taria-haspopup=\"dialog\"\n\t\t\tdata-wp-bind--aria-label=\"state.thisImage.triggerButtonAriaLabel\"\n\t\t\tdata-wp-init=\"callbacks.initTriggerButton\"\n\t\t\tdata-wp-on--click=\"actions.showLightbox\"\n\t\t\tdata-wp-style--right=\"state.thisImage.buttonRight\"\n\t\t\tdata-wp-style--top=\"state.thisImage.buttonTop\"\n\t\t>\n\t\t\t<svg xmlns=\"http:\/\/www.w3.org\/2000\/svg\" width=\"12\" height=\"12\" fill=\"none\" viewBox=\"0 0 12 12\">\n\t\t\t\t<path fill=\"#fff\" d=\"M2 0a2 2 0 0 0-2 2v2h1.5V2a.5.5 0 0 1 .5-.5h2V0H2Zm2 10.5H2a.5.5 0 0 1-.5-.5V8H0v2a2 2 0 0 0 2 2h2v-1.5ZM8 12v-1.5h2a.5.5 0 0 0 .5-.5V8H12v2a2 2 0 0 1-2 2H8Zm2-12a2 2 0 0 1 2 2v2h-1.5V2a.5.5 0 0 0-.5-.5H8V0h2Z\" \/>\n\t\t\t<\/svg>\n\t\t<\/button><figcaption class=\"wp-element-caption\">Foto: Thomas Wolf, www.foto-tw.de \/ Wikimedia Commons, CC BY-SA 3.0<\/figcaption><\/figure>\n\n\n\n<h3 class=\"wp-block-heading\"><span class=\"ez-toc-section\" id=\"13_Stary_labsky_tunel_Alter_Elbtunnel\"><\/span>13. Star\u00fd labsk\u00fd tunel (Alter Elbtunnel)<span class=\"ez-toc-section-end\"><\/span><\/h3>\n\n\n\n<p class=\"wp-block-paragraph\">Tento historick\u00fd technick\u00fd unik\u00e1t z roku 1911 ti umo\u017en\u00ed prejs\u0165 pe\u0161o alebo prejs\u0165 na bicykli priamo pod korytom obrovskej rieky Labe. <strong>Do tunela sa zostupuje pomocou obr\u00edch historick\u00fdch v\u00fd\u0165ahov s dreven\u00fdm oblo\u017een\u00edm, ktor\u00e9 kedysi prev\u00e1\u017eali konsk\u00e9 povozy<\/strong>, a dodnes ich obsluhuje person\u00e1l v dobov\u00fdch uniform\u00e1ch. Samotn\u00fd tunel je n\u00e1dherne oblo\u017een\u00fd leskl\u00fdmi kachli\u010dkami s reli\u00e9fmi morsk\u00fdch \u017eivo\u010d\u00edchov a v\u010faka svojmu osvetleniu p\u00f4sob\u00ed neuverite\u013ene fotogenicky.<\/p>\n\n\n\n<p class=\"wp-block-paragraph\">Prech\u00e1dzka podzemn\u00fdm tubusom na druh\u00fa stranu rieky <strong>meria zhruba 400 metrov a pre pe\u0161\u00edch n\u00e1v\u0161tevn\u00edkov je po\u010das cel\u00e9ho d\u0148a \u00faplne zadarmo<\/strong>. Len \u010do vyjde\u0161 jedn\u00fdm z v\u00fd\u0165ahov na druhom brehu vo \u0161tvrti Steinwerder, naskytne sa ti jeden z najkraj\u0161\u00edch a najotvorenej\u0161\u00edch v\u00fdh\u013eadov na cel\u00fa panor\u00e1mu mesta.<\/p>\n\n\n\n<p class=\"wp-block-paragraph\">\ud83d\udca1 Tip: <strong>Najlep\u0161ie fotky panor\u00e1my s budovou Elbphilharmonie a ve\u017eami kostolov sprav\u00ed\u0161 pr\u00e1ve z vyhliadkovej plo\u0161iny na ju\u017enom brehu<\/strong> hne\u010f pri v\u00fdstupe z tunela. Najm\u00e4 pri z\u00e1pade slnka alebo tesne po \u0148om je to \u00fapln\u00e1 n\u00e1dhera.<\/p>\n\n\n\n<figure data-wp-context=\"{&quot;imageId&quot;:&quot;6a952c5e19d24&quot;}\" data-wp-interactive=\"core\/image\" data-wp-key=\"6a952c5e19d24\" class=\"wp-block-image size-full wp-lightbox-container\"><img decoding=\"async\" width=\"1800\" height=\"1215\" data-wp-class--hide=\"state.isContentHidden\" data-wp-class--show=\"state.isContentVisible\" data-wp-init=\"callbacks.setButtonStyles\" data-wp-on--click=\"actions.showLightbox\" data-wp-on--load=\"callbacks.setButtonStyles\" data-wp-on--pointerdown=\"actions.preloadImage\" data-wp-on--pointerenter=\"actions.preloadImageWithDelay\" data-wp-on--pointerleave=\"actions.cancelPreload\" data-wp-on-window--resize=\"callbacks.setButtonStyles\" src=\"https:\/\/loudavymkrokem.cz\/wp-content\/uploads\/2026\/08\/nemecko-clanky-co-videt-v-hamburku-18.jpg\" alt=\"Chilehaus vo \u0161tvrti Kontorhausviertel\" class=\"wp-image-399000\" title=\"\" srcset=\"https:\/\/loudavymkrokem.cz\/wp-content\/uploads\/2026\/08\/nemecko-clanky-co-videt-v-hamburku-18.jpg 1800w, https:\/\/loudavymkrokem.cz\/wp-content\/uploads\/2026\/08\/nemecko-clanky-co-videt-v-hamburku-18-300x203.jpg 300w, https:\/\/loudavymkrokem.cz\/wp-content\/uploads\/2026\/08\/nemecko-clanky-co-videt-v-hamburku-18-700x473.jpg 700w, https:\/\/loudavymkrokem.cz\/wp-content\/uploads\/2026\/08\/nemecko-clanky-co-videt-v-hamburku-18-768x518.jpg 768w, https:\/\/loudavymkrokem.cz\/wp-content\/uploads\/2026\/08\/nemecko-clanky-co-videt-v-hamburku-18-1536x1037.jpg 1536w, https:\/\/loudavymkrokem.cz\/wp-content\/uploads\/2026\/08\/nemecko-clanky-co-videt-v-hamburku-18-696x470.jpg 696w, https:\/\/loudavymkrokem.cz\/wp-content\/uploads\/2026\/08\/nemecko-clanky-co-videt-v-hamburku-18-1392x940.jpg 1392w\" sizes=\"(max-width: 1800px) 100vw, 1800px\" \/><button\n\t\t\tclass=\"lightbox-trigger\"\n\t\t\ttype=\"button\"\n\t\t\taria-haspopup=\"dialog\"\n\t\t\tdata-wp-bind--aria-label=\"state.thisImage.triggerButtonAriaLabel\"\n\t\t\tdata-wp-init=\"callbacks.initTriggerButton\"\n\t\t\tdata-wp-on--click=\"actions.showLightbox\"\n\t\t\tdata-wp-style--right=\"state.thisImage.buttonRight\"\n\t\t\tdata-wp-style--top=\"state.thisImage.buttonTop\"\n\t\t>\n\t\t\t<svg xmlns=\"http:\/\/www.w3.org\/2000\/svg\" width=\"12\" height=\"12\" fill=\"none\" viewBox=\"0 0 12 12\">\n\t\t\t\t<path fill=\"#fff\" d=\"M2 0a2 2 0 0 0-2 2v2h1.5V2a.5.5 0 0 1 .5-.5h2V0H2Zm2 10.5H2a.5.5 0 0 1-.5-.5V8H0v2a2 2 0 0 0 2 2h2v-1.5ZM8 12v-1.5h2a.5.5 0 0 0 .5-.5V8H12v2a2 2 0 0 1-2 2H8Zm2-12a2 2 0 0 1 2 2v2h-1.5V2a.5.5 0 0 0-.5-.5H8V0h2Z\" \/>\n\t\t\t<\/svg>\n\t\t<\/button><figcaption class=\"wp-element-caption\">Foto: Dietmar Rabich \/ Wikimedia Commons, CC BY-SA 4.0<\/figcaption><\/figure>\n\n\n\n<h3 class=\"wp-block-heading\"><span class=\"ez-toc-section\" id=\"14_Stvrt_Kontorhausviertel_a_Chilehaus\"><\/span>14. \u0160tvr\u0165 Kontorhausviertel a Chilehaus<span class=\"ez-toc-section-end\"><\/span><\/h3>\n\n\n\n<p class=\"wp-block-paragraph\">Milovn\u00edci unik\u00e1tnej expresionistickej architekt\u00fary z dvadsiatych rokov minul\u00e9ho storo\u010dia si v tejto historickej kancel\u00e1rskej \u0161tvrti zaru\u010dene pr\u00eddu na svoje. <strong>Najzn\u00e1mej\u0161ou budovou je ikonick\u00fd Chilehaus, ktor\u00fd svoj\u00edm neuverite\u013ene ostr\u00fdm n\u00e1ro\u017e\u00edm pripom\u00edna obrovsk\u00fa zaoce\u00e1nsku lo\u010f<\/strong>, a spolo\u010dne so Speicherstadtom pr\u00e1vom patr\u00ed na prest\u00ed\u017eny zoznam UNESCO. Cel\u00e1 oblas\u0165 je postaven\u00e1 z tmav\u00fdch p\u00e1len\u00fdch teh\u00e1l a vyzna\u010duje sa neuverite\u013en\u00fdm d\u00f4razom na geometrick\u00e9 detaily a prepracovan\u00e9 fas\u00e1dne ornamenty.<\/p>\n\n\n\n<p class=\"wp-block-paragraph\">Budovy p\u00f4vodne sl\u00fa\u017eili ako <strong>s\u00eddla ve\u013ek\u00fdch obchodn\u00fdch spolo\u010dnost\u00ed, takzvan\u00fdch kontorov, ktor\u00e9 odtia\u013eto riadili z\u00e1morsk\u00fd obchod<\/strong>. Dnes v nich s\u00edce s\u00eddlia modern\u00e9 kancel\u00e1rie, ale do mnoh\u00fdch n\u00e1dherne zdoben\u00fdch vstupn\u00fdch h\u00e1l, foyer a majest\u00e1tnych schod\u00edsk sa m\u00f4\u017ee\u0161 v pracovnej dobe bez probl\u00e9mov a zadarmo pozrie\u0165.<\/p>\n\n\n\n<p class=\"wp-block-paragraph\">\ud83d\udca1 Tip: <strong>Postav sa presne na roh ul\u00edc Burchardstra\u00dfe a Pumpen<\/strong>, odkia\u013e je \u0161pi\u010dka budovy Chilehaus vidie\u0165 v tom najdramatickej\u0161om a najostrej\u0161om uhle. Fotka z tohto miesta patr\u00ed k t\u00fdm najikonickej\u0161\u00edm architektonick\u00fdm z\u00e1berom mesta.<\/p>\n\n\n\n<figure data-wp-context=\"{&quot;imageId&quot;:&quot;6a952c5e1a14b&quot;}\" data-wp-interactive=\"core\/image\" data-wp-key=\"6a952c5e1a14b\" class=\"wp-block-image size-full wp-lightbox-container\"><img decoding=\"async\" width=\"1800\" height=\"1200\" data-wp-class--hide=\"state.isContentHidden\" data-wp-class--show=\"state.isContentVisible\" data-wp-init=\"callbacks.setButtonStyles\" data-wp-on--click=\"actions.showLightbox\" data-wp-on--load=\"callbacks.setButtonStyles\" data-wp-on--pointerdown=\"actions.preloadImage\" data-wp-on--pointerenter=\"actions.preloadImageWithDelay\" data-wp-on--pointerleave=\"actions.cancelPreload\" data-wp-on-window--resize=\"callbacks.setButtonStyles\" src=\"https:\/\/loudavymkrokem.cz\/wp-content\/uploads\/2026\/08\/nemecko-clanky-co-videt-v-hamburku-19.jpg\" alt=\"Budova gal\u00e9rie Hamburger Kunsthalle\" class=\"wp-image-399002\" title=\"\" srcset=\"https:\/\/loudavymkrokem.cz\/wp-content\/uploads\/2026\/08\/nemecko-clanky-co-videt-v-hamburku-19.jpg 1800w, https:\/\/loudavymkrokem.cz\/wp-content\/uploads\/2026\/08\/nemecko-clanky-co-videt-v-hamburku-19-300x200.jpg 300w, https:\/\/loudavymkrokem.cz\/wp-content\/uploads\/2026\/08\/nemecko-clanky-co-videt-v-hamburku-19-700x467.jpg 700w, https:\/\/loudavymkrokem.cz\/wp-content\/uploads\/2026\/08\/nemecko-clanky-co-videt-v-hamburku-19-768x512.jpg 768w, https:\/\/loudavymkrokem.cz\/wp-content\/uploads\/2026\/08\/nemecko-clanky-co-videt-v-hamburku-19-1536x1024.jpg 1536w, https:\/\/loudavymkrokem.cz\/wp-content\/uploads\/2026\/08\/nemecko-clanky-co-videt-v-hamburku-19-696x464.jpg 696w, https:\/\/loudavymkrokem.cz\/wp-content\/uploads\/2026\/08\/nemecko-clanky-co-videt-v-hamburku-19-1392x928.jpg 1392w\" sizes=\"(max-width: 1800px) 100vw, 1800px\" \/><button\n\t\t\tclass=\"lightbox-trigger\"\n\t\t\ttype=\"button\"\n\t\t\taria-haspopup=\"dialog\"\n\t\t\tdata-wp-bind--aria-label=\"state.thisImage.triggerButtonAriaLabel\"\n\t\t\tdata-wp-init=\"callbacks.initTriggerButton\"\n\t\t\tdata-wp-on--click=\"actions.showLightbox\"\n\t\t\tdata-wp-style--right=\"state.thisImage.buttonRight\"\n\t\t\tdata-wp-style--top=\"state.thisImage.buttonTop\"\n\t\t>\n\t\t\t<svg xmlns=\"http:\/\/www.w3.org\/2000\/svg\" width=\"12\" height=\"12\" fill=\"none\" viewBox=\"0 0 12 12\">\n\t\t\t\t<path fill=\"#fff\" d=\"M2 0a2 2 0 0 0-2 2v2h1.5V2a.5.5 0 0 1 .5-.5h2V0H2Zm2 10.5H2a.5.5 0 0 1-.5-.5V8H0v2a2 2 0 0 0 2 2h2v-1.5ZM8 12v-1.5h2a.5.5 0 0 0 .5-.5V8H12v2a2 2 0 0 1-2 2H8Zm2-12a2 2 0 0 1 2 2v2h-1.5V2a.5.5 0 0 0-.5-.5H8V0h2Z\" \/>\n\t\t\t<\/svg>\n\t\t<\/button><figcaption class=\"wp-element-caption\">Foto: Laura Paredis \/ Pexels<\/figcaption><\/figure>\n\n\n\n<h3 class=\"wp-block-heading\"><span class=\"ez-toc-section\" id=\"15_Hamburger_Kunsthalle\"><\/span>15. Hamburger Kunsthalle<span class=\"ez-toc-section-end\"><\/span><\/h3>\n\n\n\n<p class=\"wp-block-paragraph\">Ak chce\u0161 po\u010das v\u00fdletu obdivova\u0165 umenie, nesmie\u0161 min\u00fa\u0165 jedno z najv\u00e4\u010d\u0161\u00edch a najv\u00fdznamnej\u0161\u00edch m\u00faze\u00ed umenia v celom Nemecku, ktor\u00e9 s\u00eddli hne\u010f ne\u010faleko hlavnej stanice. <strong>Hamburger Kunsthalle sa sklad\u00e1 z troch prepojen\u00fdch budov r\u00f4zneho veku a ukr\u00fdva \u00fachvatn\u00e9 zbierky pokr\u00fdvaj\u00face osem storo\u010d\u00ed umeleckej tvorby<\/strong>, od ohromuj\u00facich stredovek\u00fdch olt\u00e1rov a\u017e po provokat\u00edvne s\u00fa\u010dasn\u00e9 in\u0161tal\u00e1cie. Komplex je obrovsk\u00fd a milovn\u00edci umenia tu bez najmen\u0161\u00edch probl\u00e9mov str\u00e1via pokojne cel\u00fd de\u0148.<\/p>\n\n\n\n<p class=\"wp-block-paragraph\">Najv\u00e4\u010d\u0161\u00edm \u0165ah\u00e1kom celej gal\u00e9rie je bezpochyby <strong>sl\u00e1vny obraz P\u00fatnik nad morom hmly od romantick\u00e9ho maliara Caspara Davida Friedricha<\/strong>, ktor\u00fd sa stal celosvetovou ikonou nemeck\u00e9ho romantizmu. Okrem neho tu samozrejme n\u00e1jde\u0161 aj \u00fachvatn\u00e9 diela \u010fal\u0161\u00edch ve\u013ek\u00fdch majstrov, ako je Rembrandt, Manet alebo Edvard Munch.<\/p>\n\n\n\n<p class=\"wp-block-paragraph\">\ud83d\udca1 Tip: <strong>Ak \u0165a zauj\u00edma predov\u0161etk\u00fdm modern\u00e9 umenie, m\u00f4\u017ee\u0161 zamieri\u0165 rovno do najnov\u0161ej svetlej budovy zvanej Galerie der Gegenwart<\/strong>, ktor\u00e1 sa zameriava na diela od roku 1960 do s\u00fa\u010dasnosti a je u\u017e sama osebe architektonicky ve\u013emi zauj\u00edmav\u00e1.<\/p>\n\n\n\n<figure data-wp-context=\"{&quot;imageId&quot;:&quot;6a952c5e1a682&quot;}\" data-wp-interactive=\"core\/image\" data-wp-key=\"6a952c5e1a682\" class=\"wp-block-image size-full wp-lightbox-container\"><img decoding=\"async\" width=\"1800\" height=\"1231\" data-wp-class--hide=\"state.isContentHidden\" data-wp-class--show=\"state.isContentVisible\" data-wp-init=\"callbacks.setButtonStyles\" data-wp-on--click=\"actions.showLightbox\" data-wp-on--load=\"callbacks.setButtonStyles\" data-wp-on--pointerdown=\"actions.preloadImage\" data-wp-on--pointerenter=\"actions.preloadImageWithDelay\" data-wp-on--pointerleave=\"actions.cancelPreload\" data-wp-on-window--resize=\"callbacks.setButtonStyles\" src=\"https:\/\/loudavymkrokem.cz\/wp-content\/uploads\/2026\/08\/nemecko-clanky-co-videt-v-hamburku-20.jpg\" alt=\"Interi\u00e9r hambursk\u00e9ho m\u00fazea\" class=\"wp-image-399008\" title=\"\" srcset=\"https:\/\/loudavymkrokem.cz\/wp-content\/uploads\/2026\/08\/nemecko-clanky-co-videt-v-hamburku-20.jpg 1800w, https:\/\/loudavymkrokem.cz\/wp-content\/uploads\/2026\/08\/nemecko-clanky-co-videt-v-hamburku-20-300x205.jpg 300w, https:\/\/loudavymkrokem.cz\/wp-content\/uploads\/2026\/08\/nemecko-clanky-co-videt-v-hamburku-20-700x479.jpg 700w, https:\/\/loudavymkrokem.cz\/wp-content\/uploads\/2026\/08\/nemecko-clanky-co-videt-v-hamburku-20-768x525.jpg 768w, https:\/\/loudavymkrokem.cz\/wp-content\/uploads\/2026\/08\/nemecko-clanky-co-videt-v-hamburku-20-1536x1050.jpg 1536w, https:\/\/loudavymkrokem.cz\/wp-content\/uploads\/2026\/08\/nemecko-clanky-co-videt-v-hamburku-20-696x476.jpg 696w, https:\/\/loudavymkrokem.cz\/wp-content\/uploads\/2026\/08\/nemecko-clanky-co-videt-v-hamburku-20-1392x952.jpg 1392w\" sizes=\"(max-width: 1800px) 100vw, 1800px\" \/><button\n\t\t\tclass=\"lightbox-trigger\"\n\t\t\ttype=\"button\"\n\t\t\taria-haspopup=\"dialog\"\n\t\t\tdata-wp-bind--aria-label=\"state.thisImage.triggerButtonAriaLabel\"\n\t\t\tdata-wp-init=\"callbacks.initTriggerButton\"\n\t\t\tdata-wp-on--click=\"actions.showLightbox\"\n\t\t\tdata-wp-style--right=\"state.thisImage.buttonRight\"\n\t\t\tdata-wp-style--top=\"state.thisImage.buttonTop\"\n\t\t>\n\t\t\t<svg xmlns=\"http:\/\/www.w3.org\/2000\/svg\" width=\"12\" height=\"12\" fill=\"none\" viewBox=\"0 0 12 12\">\n\t\t\t\t<path fill=\"#fff\" d=\"M2 0a2 2 0 0 0-2 2v2h1.5V2a.5.5 0 0 1 .5-.5h2V0H2Zm2 10.5H2a.5.5 0 0 1-.5-.5V8H0v2a2 2 0 0 0 2 2h2v-1.5ZM8 12v-1.5h2a.5.5 0 0 0 .5-.5V8H12v2a2 2 0 0 1-2 2H8Zm2-12a2 2 0 0 1 2 2v2h-1.5V2a.5.5 0 0 0-.5-.5H8V0h2Z\" \/>\n\t\t\t<\/svg>\n\t\t<\/button><figcaption class=\"wp-element-caption\">Foto: G\u00fcl I\u015f\u0131k \/ Pexels<\/figcaption><\/figure>\n\n\n\n<h3 class=\"wp-block-heading\"><span class=\"ez-toc-section\" id=\"16_Dialog_im_Dunkeln\"><\/span>16. Dialog im Dunkeln<span class=\"ez-toc-section-end\"><\/span><\/h3>\n\n\n\n<p class=\"wp-block-paragraph\">Tento jedine\u010dn\u00fd z\u00e1\u017eitok ti \u00faplne zmen\u00ed perspekt\u00edvu na be\u017en\u00fd \u017eivot a don\u00fati \u0165a vn\u00edma\u0165 svet \u00faplne in\u00fdmi zmyslami ne\u017e dominantn\u00fdm zrakom. <strong>Dial\u00f3g v tme je hlboko interakt\u00edvna v\u00fdstava, kde \u0165a nevidiaci sprievodcovia preved\u00fa v absol\u00fatnej temnote simulovan\u00fdmi situ\u00e1ciami be\u017en\u00e9ho d\u0148a<\/strong>, ako je prech\u00e1dzka ru\u0161n\u00fdm parkom, n\u00e1v\u0161teva trhu alebo posedenie v bare. Na hodinu a pol sa tak ocitne\u0161 vo svete, kde sa mus\u00ed\u0161 stopercentne spo\u013eahn\u00fa\u0165 len na hmat, sluch a \u010duch.<\/p>\n\n\n\n<p class=\"wp-block-paragraph\">Ide o <strong>neuverite\u013ene siln\u00fd a emot\u00edvny z\u00e1\u017eitok, ktor\u00fd prirodzene b\u00fara bari\u00e9ry medzi vidiacimi a nevidiacimi \u013eu\u010fmi<\/strong> a u\u010d\u00ed n\u00e1s ove\u013ea v\u00e4\u010d\u0161ej empatii. Prehliadky prebiehaj\u00fa v men\u0161\u00edch skupink\u00e1ch, tak\u017ee sa nemus\u00ed\u0161 b\u00e1\u0165, \u017ee by si sa stratil, a pre anglicky hovoriacich n\u00e1v\u0161tevn\u00edkov s\u00fa k dispoz\u00edcii \u0161peci\u00e1lne vyhraden\u00e9 \u010dasy.<\/p>\n\n\n\n<p class=\"wp-block-paragraph\">\ud83d\udca1 Tip: <strong>Vstupenky na prehliadku v angli\u010dtine si ur\u010dite zabezpe\u010d s dostato\u010dn\u00fdm predstihom online<\/strong>, preto\u017ee kapacita skupiniek je striktne obmedzen\u00e1 a na mieste b\u00fdva \u010dasto na cel\u00fd de\u0148 vypredan\u00e9.<\/p>\n\n\n\n<figure data-wp-context=\"{&quot;imageId&quot;:&quot;6a952c5e1aa9d&quot;}\" data-wp-interactive=\"core\/image\" data-wp-key=\"6a952c5e1aa9d\" class=\"wp-block-image size-full wp-lightbox-container\"><img decoding=\"async\" width=\"1800\" height=\"1350\" data-wp-class--hide=\"state.isContentHidden\" data-wp-class--show=\"state.isContentVisible\" data-wp-init=\"callbacks.setButtonStyles\" data-wp-on--click=\"actions.showLightbox\" data-wp-on--load=\"callbacks.setButtonStyles\" data-wp-on--pointerdown=\"actions.preloadImage\" data-wp-on--pointerenter=\"actions.preloadImageWithDelay\" data-wp-on--pointerleave=\"actions.cancelPreload\" data-wp-on-window--resize=\"callbacks.setButtonStyles\" src=\"https:\/\/loudavymkrokem.cz\/wp-content\/uploads\/2026\/08\/nemecko-clanky-co-videt-v-hamburku-21.jpg\" alt=\"Schodiskov\u00e1 \u0161tvr\u0165 Blankenese\" class=\"wp-image-399012\" title=\"\" srcset=\"https:\/\/loudavymkrokem.cz\/wp-content\/uploads\/2026\/08\/nemecko-clanky-co-videt-v-hamburku-21.jpg 1800w, https:\/\/loudavymkrokem.cz\/wp-content\/uploads\/2026\/08\/nemecko-clanky-co-videt-v-hamburku-21-300x225.jpg 300w, https:\/\/loudavymkrokem.cz\/wp-content\/uploads\/2026\/08\/nemecko-clanky-co-videt-v-hamburku-21-700x525.jpg 700w, https:\/\/loudavymkrokem.cz\/wp-content\/uploads\/2026\/08\/nemecko-clanky-co-videt-v-hamburku-21-768x576.jpg 768w, https:\/\/loudavymkrokem.cz\/wp-content\/uploads\/2026\/08\/nemecko-clanky-co-videt-v-hamburku-21-1536x1152.jpg 1536w, https:\/\/loudavymkrokem.cz\/wp-content\/uploads\/2026\/08\/nemecko-clanky-co-videt-v-hamburku-21-80x60.jpg 80w, https:\/\/loudavymkrokem.cz\/wp-content\/uploads\/2026\/08\/nemecko-clanky-co-videt-v-hamburku-21-160x120.jpg 160w, https:\/\/loudavymkrokem.cz\/wp-content\/uploads\/2026\/08\/nemecko-clanky-co-videt-v-hamburku-21-696x522.jpg 696w, https:\/\/loudavymkrokem.cz\/wp-content\/uploads\/2026\/08\/nemecko-clanky-co-videt-v-hamburku-21-1392x1044.jpg 1392w\" sizes=\"(max-width: 1800px) 100vw, 1800px\" \/><button\n\t\t\tclass=\"lightbox-trigger\"\n\t\t\ttype=\"button\"\n\t\t\taria-haspopup=\"dialog\"\n\t\t\tdata-wp-bind--aria-label=\"state.thisImage.triggerButtonAriaLabel\"\n\t\t\tdata-wp-init=\"callbacks.initTriggerButton\"\n\t\t\tdata-wp-on--click=\"actions.showLightbox\"\n\t\t\tdata-wp-style--right=\"state.thisImage.buttonRight\"\n\t\t\tdata-wp-style--top=\"state.thisImage.buttonTop\"\n\t\t>\n\t\t\t<svg xmlns=\"http:\/\/www.w3.org\/2000\/svg\" width=\"12\" height=\"12\" fill=\"none\" viewBox=\"0 0 12 12\">\n\t\t\t\t<path fill=\"#fff\" d=\"M2 0a2 2 0 0 0-2 2v2h1.5V2a.5.5 0 0 1 .5-.5h2V0H2Zm2 10.5H2a.5.5 0 0 1-.5-.5V8H0v2a2 2 0 0 0 2 2h2v-1.5ZM8 12v-1.5h2a.5.5 0 0 0 .5-.5V8H12v2a2 2 0 0 1-2 2H8Zm2-12a2 2 0 0 1 2 2v2h-1.5V2a.5.5 0 0 0-.5-.5H8V0h2Z\" \/>\n\t\t\t<\/svg>\n\t\t<\/button><figcaption class=\"wp-element-caption\">Foto: Pauli-Pirat \/ Wikimedia Commons, CC BY-SA 4.0<\/figcaption><\/figure>\n\n\n\n<h3 class=\"wp-block-heading\"><span class=\"ez-toc-section\" id=\"17_Stvrt_plna_schodov_Treppenviertel_Blankenese\"><\/span>17. \u0160tvr\u0165 pln\u00e1 schodov Treppenviertel Blankenese<span class=\"ez-toc-section-end\"><\/span><\/h3>\n\n\n\n<p class=\"wp-block-paragraph\">Na dokonal\u00fd \u00fanik z ru\u0161n\u00e9ho centra vyraz pr\u00edmestsk\u00fdm vlakom S-Bahn do malebnej \u0161tvrte Blankenese, ktor\u00e1 \u0165a okam\u017eite prekvap\u00ed svojou takmer stredomorskou atmosf\u00e9rou. <strong>T\u00e1to b\u00fdval\u00e1 ryb\u00e1rska dedinka je postaven\u00e1 na strmom svahu nad riekou a je popretk\u00e1van\u00e1 neuverite\u013en\u00fdm labyrintom takmer piatich tis\u00edc schodov<\/strong>, \u00fazkych spletit\u00fdch uli\u010diek a mal\u00fdch n\u00e1mest\u00ed\u010dok. Nen\u00e1jde\u0161 tu v\u00f4bec \u017eiadne aut\u00e1, len n\u00e1dhern\u00e9 star\u00e9 vily so starostlivo opatrovan\u00fdmi z\u00e1hradkami a dychber\u00face v\u00fdh\u013eady na prepl\u00e1vaj\u00face kontajnerov\u00e9 lode.<\/p>\n\n\n\n<p class=\"wp-block-paragraph\">Prech\u00e1dzka sple\u0165ou schod\u00edsk dolu k rieke a n\u00e1sledne sp\u00e4\u0165 je <strong>dos\u0165 slu\u0161n\u00fd \u0161portov\u00fd v\u00fdkon, ale odmenou ti bud\u00fa tie naj\u010darovnej\u0161ie scen\u00e9rie<\/strong>, ktor\u00e9 sk\u00f4r pripom\u00ednaj\u00fa slne\u010dn\u00fa taliansku rivi\u00e9ru ne\u017e chladn\u00e9 severn\u00e9 Nemecko. Dole pri vode sa navy\u0161e nach\u00e1dza kr\u00e1sna pieso\u010dn\u00e1 pl\u00e1\u017e a nieko\u013eko v\u00fdborn\u00fdch kaviarn\u00ed, kde m\u00f4\u017ee\u0161 nabra\u0165 sily.<\/p>\n\n\n\n<p class=\"wp-block-paragraph\">\ud83d\udca1 Tip: <strong>Najlep\u0161ie je necha\u0165 sa strati\u0165 v uli\u010dk\u00e1ch a v\u00f4bec nesledova\u0165 mapu v telef\u00f3ne<\/strong>, sk\u00f4r \u010di nesk\u00f4r aj tak v\u017edy d\u00f4jde\u0161 bu\u010f dole k rieke, alebo hore k hlavnej ceste, odkia\u013e pohodlne prem\u00e1vaj\u00fa autobusy sp\u00e4\u0165 k stanici.<\/p>\n\n\n\n<figure data-wp-context=\"{&quot;imageId&quot;:&quot;6a952c5e1ae91&quot;}\" data-wp-interactive=\"core\/image\" data-wp-key=\"6a952c5e1ae91\" class=\"wp-block-image size-full wp-lightbox-container\"><img decoding=\"async\" width=\"1800\" height=\"1200\" data-wp-class--hide=\"state.isContentHidden\" data-wp-class--show=\"state.isContentVisible\" data-wp-init=\"callbacks.setButtonStyles\" data-wp-on--click=\"actions.showLightbox\" data-wp-on--load=\"callbacks.setButtonStyles\" data-wp-on--pointerdown=\"actions.preloadImage\" data-wp-on--pointerenter=\"actions.preloadImageWithDelay\" data-wp-on--pointerleave=\"actions.cancelPreload\" data-wp-on-window--resize=\"callbacks.setButtonStyles\" src=\"https:\/\/loudavymkrokem.cz\/wp-content\/uploads\/2026\/08\/nemecko-clanky-co-videt-v-hamburku-22.jpg\" alt=\"Kostol sv\u00e4t\u00e9ho Michala\" class=\"wp-image-399016\" title=\"\" srcset=\"https:\/\/loudavymkrokem.cz\/wp-content\/uploads\/2026\/08\/nemecko-clanky-co-videt-v-hamburku-22.jpg 1800w, https:\/\/loudavymkrokem.cz\/wp-content\/uploads\/2026\/08\/nemecko-clanky-co-videt-v-hamburku-22-300x200.jpg 300w, https:\/\/loudavymkrokem.cz\/wp-content\/uploads\/2026\/08\/nemecko-clanky-co-videt-v-hamburku-22-700x467.jpg 700w, https:\/\/loudavymkrokem.cz\/wp-content\/uploads\/2026\/08\/nemecko-clanky-co-videt-v-hamburku-22-768x512.jpg 768w, https:\/\/loudavymkrokem.cz\/wp-content\/uploads\/2026\/08\/nemecko-clanky-co-videt-v-hamburku-22-1536x1024.jpg 1536w, https:\/\/loudavymkrokem.cz\/wp-content\/uploads\/2026\/08\/nemecko-clanky-co-videt-v-hamburku-22-696x464.jpg 696w, https:\/\/loudavymkrokem.cz\/wp-content\/uploads\/2026\/08\/nemecko-clanky-co-videt-v-hamburku-22-1392x928.jpg 1392w\" sizes=\"(max-width: 1800px) 100vw, 1800px\" \/><button\n\t\t\tclass=\"lightbox-trigger\"\n\t\t\ttype=\"button\"\n\t\t\taria-haspopup=\"dialog\"\n\t\t\tdata-wp-bind--aria-label=\"state.thisImage.triggerButtonAriaLabel\"\n\t\t\tdata-wp-init=\"callbacks.initTriggerButton\"\n\t\t\tdata-wp-on--click=\"actions.showLightbox\"\n\t\t\tdata-wp-style--right=\"state.thisImage.buttonRight\"\n\t\t\tdata-wp-style--top=\"state.thisImage.buttonTop\"\n\t\t>\n\t\t\t<svg xmlns=\"http:\/\/www.w3.org\/2000\/svg\" width=\"12\" height=\"12\" fill=\"none\" viewBox=\"0 0 12 12\">\n\t\t\t\t<path fill=\"#fff\" d=\"M2 0a2 2 0 0 0-2 2v2h1.5V2a.5.5 0 0 1 .5-.5h2V0H2Zm2 10.5H2a.5.5 0 0 1-.5-.5V8H0v2a2 2 0 0 0 2 2h2v-1.5ZM8 12v-1.5h2a.5.5 0 0 0 .5-.5V8H12v2a2 2 0 0 1-2 2H8Zm2-12a2 2 0 0 1 2 2v2h-1.5V2a.5.5 0 0 0-.5-.5H8V0h2Z\" \/>\n\t\t\t<\/svg>\n\t\t<\/button><figcaption class=\"wp-element-caption\">Foto: Dietmar Rabich \/ Wikimedia Commons, CC BY-SA 4.0<\/figcaption><\/figure>\n\n\n\n<h3 class=\"wp-block-heading\"><span class=\"ez-toc-section\" id=\"18_Kostol_svateho_Michala_Michel\"><\/span>18. Kostol sv\u00e4t\u00e9ho Michala (Michel)<span class=\"ez-toc-section-end\"><\/span><\/h3>\n\n\n\n<p class=\"wp-block-paragraph\">Najv\u00fdznamnej\u0161\u00ed barokov\u00fd kostol v meste, ktor\u00e9mu miestni po gener\u00e1cie l\u00e1skavo prez\u00fdvaj\u00fa Michel, sl\u00fa\u017eil po st\u00e1ro\u010dia ako ten najd\u00f4le\u017eitej\u0161\u00ed orienta\u010dn\u00fd bod pre n\u00e1morn\u00edkov vracaj\u00facich sa z dlh\u00fdch ciest domov. <strong>Jeho majest\u00e1tna ve\u017ea s obrovsk\u00fdmi hodinami sa t\u00fd\u010di do v\u00fd\u0161ky 132 metrov a skr\u00fdva v\u00f4bec najkraj\u0161iu vyhliadkov\u00fa plo\u0161inu<\/strong>, z ktorej m\u00e1\u0161 centrum mesta aj roz\u013eahl\u00fd pr\u00edstav ako na dlani. Nahor na\u0161\u0165astie nemus\u00ed\u0161 st\u00fapa\u0165 po svojich, preto\u017ee v\u00e4\u010d\u0161inu cesty mo\u017eno pohodlne prekona\u0165 modern\u00fdm v\u00fd\u0165ahom.<\/p>\n\n\n\n<p class=\"wp-block-paragraph\">Zauj\u00edmavos\u0165ou je, \u017ee <strong>kostol bol po\u010das svojej b\u00farlivej hist\u00f3rie dvakr\u00e1t kompletne zni\u010den\u00fd obrovsk\u00fdm po\u017eiarom a n\u00e1sledne znovu detailne zrekon\u0161truovan\u00fd<\/strong> do svojej p\u00f4vodnej kr\u00e1sy. Okrem v\u00fdh\u013eadu z ve\u017ee ur\u010dite stoj\u00ed za n\u00e1v\u0161tevu aj roz\u013eahl\u00e1 krypta v podzem\u00ed a ohromuj\u00faci svetl\u00fd interi\u00e9r, ktor\u00fd sa p\u00fd\u0161i hne\u010f nieko\u013ek\u00fdmi n\u00e1dhern\u00fdmi organmi.<\/p>\n\n\n\n<p class=\"wp-block-paragraph\">\ud83d\udca1 Tip: <strong>Sk\u00fas si n\u00e1v\u0161tevu napl\u00e1nova\u0165 na ve\u010dern\u00e9 hodiny, ke\u010f kostol pon\u00faka \u0161peci\u00e1lne no\u010dn\u00e9 v\u00fdstupy na ve\u017eu<\/strong>. Poh\u013ead na nekone\u010dn\u00e9 more svetiel pulzuj\u00faceho pr\u00edstavu a nasvieten\u00e9 no\u010dn\u00e9 mesto je \u00faplne nezabudnute\u013en\u00fd.<\/p>\n\n\n\n<figure data-wp-context=\"{&quot;imageId&quot;:&quot;6a952c5e1b2b8&quot;}\" data-wp-interactive=\"core\/image\" data-wp-key=\"6a952c5e1b2b8\" class=\"wp-block-image size-full wp-lightbox-container\"><img decoding=\"async\" width=\"1800\" height=\"1350\" data-wp-class--hide=\"state.isContentHidden\" data-wp-class--show=\"state.isContentVisible\" data-wp-init=\"callbacks.setButtonStyles\" data-wp-on--click=\"actions.showLightbox\" data-wp-on--load=\"callbacks.setButtonStyles\" data-wp-on--pointerdown=\"actions.preloadImage\" data-wp-on--pointerenter=\"actions.preloadImageWithDelay\" data-wp-on--pointerleave=\"actions.cancelPreload\" data-wp-on-window--resize=\"callbacks.setButtonStyles\" src=\"https:\/\/loudavymkrokem.cz\/wp-content\/uploads\/2026\/08\/nemecko-clanky-co-videt-v-hamburku-23.jpg\" alt=\"V\u00fdroba \u010dokol\u00e1dy\" class=\"wp-image-399022\" title=\"\" srcset=\"https:\/\/loudavymkrokem.cz\/wp-content\/uploads\/2026\/08\/nemecko-clanky-co-videt-v-hamburku-23.jpg 1800w, https:\/\/loudavymkrokem.cz\/wp-content\/uploads\/2026\/08\/nemecko-clanky-co-videt-v-hamburku-23-300x225.jpg 300w, https:\/\/loudavymkrokem.cz\/wp-content\/uploads\/2026\/08\/nemecko-clanky-co-videt-v-hamburku-23-700x525.jpg 700w, https:\/\/loudavymkrokem.cz\/wp-content\/uploads\/2026\/08\/nemecko-clanky-co-videt-v-hamburku-23-768x576.jpg 768w, https:\/\/loudavymkrokem.cz\/wp-content\/uploads\/2026\/08\/nemecko-clanky-co-videt-v-hamburku-23-1536x1152.jpg 1536w, https:\/\/loudavymkrokem.cz\/wp-content\/uploads\/2026\/08\/nemecko-clanky-co-videt-v-hamburku-23-80x60.jpg 80w, https:\/\/loudavymkrokem.cz\/wp-content\/uploads\/2026\/08\/nemecko-clanky-co-videt-v-hamburku-23-160x120.jpg 160w, https:\/\/loudavymkrokem.cz\/wp-content\/uploads\/2026\/08\/nemecko-clanky-co-videt-v-hamburku-23-696x522.jpg 696w, https:\/\/loudavymkrokem.cz\/wp-content\/uploads\/2026\/08\/nemecko-clanky-co-videt-v-hamburku-23-1392x1044.jpg 1392w\" sizes=\"(max-width: 1800px) 100vw, 1800px\" \/><button\n\t\t\tclass=\"lightbox-trigger\"\n\t\t\ttype=\"button\"\n\t\t\taria-haspopup=\"dialog\"\n\t\t\tdata-wp-bind--aria-label=\"state.thisImage.triggerButtonAriaLabel\"\n\t\t\tdata-wp-init=\"callbacks.initTriggerButton\"\n\t\t\tdata-wp-on--click=\"actions.showLightbox\"\n\t\t\tdata-wp-style--right=\"state.thisImage.buttonRight\"\n\t\t\tdata-wp-style--top=\"state.thisImage.buttonTop\"\n\t\t>\n\t\t\t<svg xmlns=\"http:\/\/www.w3.org\/2000\/svg\" width=\"12\" height=\"12\" fill=\"none\" viewBox=\"0 0 12 12\">\n\t\t\t\t<path fill=\"#fff\" d=\"M2 0a2 2 0 0 0-2 2v2h1.5V2a.5.5 0 0 1 .5-.5h2V0H2Zm2 10.5H2a.5.5 0 0 1-.5-.5V8H0v2a2 2 0 0 0 2 2h2v-1.5ZM8 12v-1.5h2a.5.5 0 0 0 .5-.5V8H12v2a2 2 0 0 1-2 2H8Zm2-12a2 2 0 0 1 2 2v2h-1.5V2a.5.5 0 0 0-.5-.5H8V0h2Z\" \/>\n\t\t\t<\/svg>\n\t\t<\/button><figcaption class=\"wp-element-caption\">Foto: MadayawDavao \/ Wikimedia Commons, CC BY-SA 4.0<\/figcaption><\/figure>\n\n\n\n<h3 class=\"wp-block-heading\"><span class=\"ez-toc-section\" id=\"19_Muzeum_cokolady_Chocoversum\"><\/span>19. M\u00fazeum \u010dokol\u00e1dy Chocoversum<span class=\"ez-toc-section-end\"><\/span><\/h3>\n\n\n\n<p class=\"wp-block-paragraph\">Ak ty alebo tvoje deti patr\u00edte medzi milovn\u00edkov sladk\u00e9ho, toto \u00fa\u017easne interakt\u00edvne m\u00fazeum by ste po\u010das potuliek mestom rozhodne nemali min\u00fa\u0165. <strong>Chocoversum \u0165a prevedie cel\u00fdm zlo\u017eit\u00fdm procesom v\u00fdroby \u010dokol\u00e1dy od pestovania kakaov\u00fdch b\u00f4bov v da\u017e\u010fovom pralese a\u017e po fin\u00e1lnu tabu\u013eku<\/strong>, a to v\u0161etko pod veden\u00edm ve\u013emi z\u00e1bavn\u00e9ho sprievodcu. Nejde o \u017eiadnu nudn\u00fa v\u00fdstavu za sklom, po\u010das prehliadky bude\u0161 na ka\u017edom kroku ochutn\u00e1va\u0165 r\u00f4zne f\u00e1zy spracovania kakaa vr\u00e1tane tekutej \u010dokol\u00e1dy priamo zo stroja.<\/p>\n\n\n\n<p class=\"wp-block-paragraph\">Najlep\u0161\u00edm bodom cel\u00e9ho programu je <strong>mo\u017enos\u0165 vyrobi\u0165 si a ozdobi\u0165 vlastn\u00fa tabu\u013eku \u010dokol\u00e1dy presne pod\u013ea svojich predst\u00e1v<\/strong>, ktor\u00fa si potom odnesie\u0161 domov ako ten v\u00f4bec najlep\u0161\u00ed a najchutnej\u0161\u00ed suven\u00edr. Po\u010das \u010dakania na stuhnutie \u010dokol\u00e1dy sa dozvie\u0161 mno\u017estvo fascinuj\u00facich faktov o historickom n\u00e1mornom obchode s touto cennou surovinou.<\/p>\n\n\n\n<p class=\"wp-block-paragraph\">\ud83d\udca1 Tip: <strong>N\u00e1v\u0161teva je mo\u017en\u00e1 len v r\u00e1mci organizovanej komentovanej prehliadky<\/strong>, tak\u017ee si vstupenky a preferovan\u00fd jazyk v\u00fdkladu (k dispoz\u00edcii je nem\u010dina alebo angli\u010dtina) rad\u0161ej zarezervuj na konkr\u00e9tny \u010das vopred cez internet.<\/p>\n\n\n\n<figure data-wp-context=\"{&quot;imageId&quot;:&quot;6a952c5e1b6c9&quot;}\" data-wp-interactive=\"core\/image\" data-wp-key=\"6a952c5e1b6c9\" class=\"wp-block-image size-full wp-lightbox-container\"><img decoding=\"async\" width=\"1800\" height=\"1350\" data-wp-class--hide=\"state.isContentHidden\" data-wp-class--show=\"state.isContentVisible\" data-wp-init=\"callbacks.setButtonStyles\" data-wp-on--click=\"actions.showLightbox\" data-wp-on--load=\"callbacks.setButtonStyles\" data-wp-on--pointerdown=\"actions.preloadImage\" data-wp-on--pointerenter=\"actions.preloadImageWithDelay\" data-wp-on--pointerleave=\"actions.cancelPreload\" data-wp-on-window--resize=\"callbacks.setButtonStyles\" src=\"https:\/\/loudavymkrokem.cz\/wp-content\/uploads\/2026\/08\/nemecko-clanky-co-videt-v-hamburku-24.jpg\" alt=\"Ulica vo \u0161tvrti Schanzenviertel\" class=\"wp-image-399026\" title=\"\" srcset=\"https:\/\/loudavymkrokem.cz\/wp-content\/uploads\/2026\/08\/nemecko-clanky-co-videt-v-hamburku-24.jpg 1800w, https:\/\/loudavymkrokem.cz\/wp-content\/uploads\/2026\/08\/nemecko-clanky-co-videt-v-hamburku-24-300x225.jpg 300w, https:\/\/loudavymkrokem.cz\/wp-content\/uploads\/2026\/08\/nemecko-clanky-co-videt-v-hamburku-24-700x525.jpg 700w, https:\/\/loudavymkrokem.cz\/wp-content\/uploads\/2026\/08\/nemecko-clanky-co-videt-v-hamburku-24-768x576.jpg 768w, https:\/\/loudavymkrokem.cz\/wp-content\/uploads\/2026\/08\/nemecko-clanky-co-videt-v-hamburku-24-1536x1152.jpg 1536w, https:\/\/loudavymkrokem.cz\/wp-content\/uploads\/2026\/08\/nemecko-clanky-co-videt-v-hamburku-24-80x60.jpg 80w, https:\/\/loudavymkrokem.cz\/wp-content\/uploads\/2026\/08\/nemecko-clanky-co-videt-v-hamburku-24-160x120.jpg 160w, https:\/\/loudavymkrokem.cz\/wp-content\/uploads\/2026\/08\/nemecko-clanky-co-videt-v-hamburku-24-696x522.jpg 696w, https:\/\/loudavymkrokem.cz\/wp-content\/uploads\/2026\/08\/nemecko-clanky-co-videt-v-hamburku-24-1392x1044.jpg 1392w\" sizes=\"(max-width: 1800px) 100vw, 1800px\" \/><button\n\t\t\tclass=\"lightbox-trigger\"\n\t\t\ttype=\"button\"\n\t\t\taria-haspopup=\"dialog\"\n\t\t\tdata-wp-bind--aria-label=\"state.thisImage.triggerButtonAriaLabel\"\n\t\t\tdata-wp-init=\"callbacks.initTriggerButton\"\n\t\t\tdata-wp-on--click=\"actions.showLightbox\"\n\t\t\tdata-wp-style--right=\"state.thisImage.buttonRight\"\n\t\t\tdata-wp-style--top=\"state.thisImage.buttonTop\"\n\t\t>\n\t\t\t<svg xmlns=\"http:\/\/www.w3.org\/2000\/svg\" width=\"12\" height=\"12\" fill=\"none\" viewBox=\"0 0 12 12\">\n\t\t\t\t<path fill=\"#fff\" d=\"M2 0a2 2 0 0 0-2 2v2h1.5V2a.5.5 0 0 1 .5-.5h2V0H2Zm2 10.5H2a.5.5 0 0 1-.5-.5V8H0v2a2 2 0 0 0 2 2h2v-1.5ZM8 12v-1.5h2a.5.5 0 0 0 .5-.5V8H12v2a2 2 0 0 1-2 2H8Zm2-12a2 2 0 0 1 2 2v2h-1.5V2a.5.5 0 0 0-.5-.5H8V0h2Z\" \/>\n\t\t\t<\/svg>\n\t\t<\/button><figcaption class=\"wp-element-caption\">Foto: Peter Jochim \/ Pexels<\/figcaption><\/figure>\n\n\n\n<h3 class=\"wp-block-heading\"><span class=\"ez-toc-section\" id=\"20_Hipsterska_stvrt_Schanzenviertel\"><\/span>20. Hipstersk\u00e1 \u0161tvr\u0165 Schanzenviertel<span class=\"ez-toc-section-end\"><\/span><\/h3>\n\n\n\n<p class=\"wp-block-paragraph\">Za tou najlep\u0161ou alternat\u00edvnou kult\u00farou, farebn\u00fdm street artom a nez\u00e1visl\u00fdmi butikmi mus\u00ed\u0161 vyrazi\u0165 do \u0161tvrte Sternschanze, skr\u00e1tene zvanej jednoducho len Schanze. <strong>T\u00e1to oblas\u0165 je dlhodobo centrom miestnych boh\u00e9mov, \u0161tudentov a nez\u00e1visl\u00fdch umelcov, \u010do sa odr\u00e1\u017ea v neuverite\u013enom mno\u017estve \u00fatuln\u00fdch kaviarn\u00ed<\/strong>, skvel\u00fdch vegansk\u00fdch bistier a mal\u00fdch obchod\u00edkov s udr\u017eate\u013enou m\u00f3dou. Cel\u00e1 \u0161tvr\u0165 p\u00f4sob\u00ed ve\u013emi uvo\u013enen\u00fdm a z\u00e1merne trochu o\u0161\u00fachan\u00fdm dojmom, \u010do jej dod\u00e1va ten spr\u00e1vny charakter.<\/p>\n\n\n\n<p class=\"wp-block-paragraph\">Srdcom a symbolom celej \u0161tvrte je <strong>b\u00fdval\u00e9 divadlo Rote Flora, ktor\u00e9 od konca osemdesiatych rokov funguje ako auton\u00f3mne kult\u00farne centrum<\/strong> a jeho fas\u00e1da je cel\u00e1 odhora nadol pokryt\u00e1 politick\u00fdmi n\u00e1pismi a graffiti. Cez v\u00edkendy sa tu konaj\u00fa skvel\u00e9 bl\u0161ie trhy a s bl\u00ed\u017eiacim sa ve\u010derom o\u017e\u00edvaj\u00fa desiatky ve\u013emi popul\u00e1rnych barov.<\/p>\n\n\n\n<p class=\"wp-block-paragraph\">\ud83d\udca1 Tip: <strong>Vyhra\u010f si \u010das na pomal\u00e9 bl\u00fadenie ulicami Susannenstra\u00dfe a Schulterblatt<\/strong>, kde n\u00e1jde\u0161 tie najlep\u0161ie nez\u00e1visl\u00e9 kaviarne a pek\u00e1rne. Je to \u00faplne ide\u00e1lne miesto na neskor\u00fd v\u00edkendov\u00fd brunch a pozorovanie zauj\u00edmav\u00fdch \u013eud\u00ed.<\/p>\n\n\n\n<figure data-wp-context=\"{&quot;imageId&quot;:&quot;6a952c5e1bb15&quot;}\" data-wp-interactive=\"core\/image\" data-wp-key=\"6a952c5e1bb15\" class=\"wp-block-image size-full wp-lightbox-container\"><img decoding=\"async\" width=\"1800\" height=\"1271\" data-wp-class--hide=\"state.isContentHidden\" data-wp-class--show=\"state.isContentVisible\" data-wp-init=\"callbacks.setButtonStyles\" data-wp-on--click=\"actions.showLightbox\" data-wp-on--load=\"callbacks.setButtonStyles\" data-wp-on--pointerdown=\"actions.preloadImage\" data-wp-on--pointerenter=\"actions.preloadImageWithDelay\" data-wp-on--pointerleave=\"actions.cancelPreload\" data-wp-on-window--resize=\"callbacks.setButtonStyles\" src=\"https:\/\/loudavymkrokem.cz\/wp-content\/uploads\/2026\/08\/nemecko-clanky-co-videt-v-hamburku-25.jpg\" alt=\"M\u00fazejn\u00e1 lo\u010f Cap San Diego\" class=\"wp-image-399030\" title=\"\" srcset=\"https:\/\/loudavymkrokem.cz\/wp-content\/uploads\/2026\/08\/nemecko-clanky-co-videt-v-hamburku-25.jpg 1800w, https:\/\/loudavymkrokem.cz\/wp-content\/uploads\/2026\/08\/nemecko-clanky-co-videt-v-hamburku-25-300x212.jpg 300w, https:\/\/loudavymkrokem.cz\/wp-content\/uploads\/2026\/08\/nemecko-clanky-co-videt-v-hamburku-25-700x494.jpg 700w, https:\/\/loudavymkrokem.cz\/wp-content\/uploads\/2026\/08\/nemecko-clanky-co-videt-v-hamburku-25-768x542.jpg 768w, https:\/\/loudavymkrokem.cz\/wp-content\/uploads\/2026\/08\/nemecko-clanky-co-videt-v-hamburku-25-1536x1085.jpg 1536w, https:\/\/loudavymkrokem.cz\/wp-content\/uploads\/2026\/08\/nemecko-clanky-co-videt-v-hamburku-25-696x491.jpg 696w, https:\/\/loudavymkrokem.cz\/wp-content\/uploads\/2026\/08\/nemecko-clanky-co-videt-v-hamburku-25-1392x983.jpg 1392w\" sizes=\"(max-width: 1800px) 100vw, 1800px\" \/><button\n\t\t\tclass=\"lightbox-trigger\"\n\t\t\ttype=\"button\"\n\t\t\taria-haspopup=\"dialog\"\n\t\t\tdata-wp-bind--aria-label=\"state.thisImage.triggerButtonAriaLabel\"\n\t\t\tdata-wp-init=\"callbacks.initTriggerButton\"\n\t\t\tdata-wp-on--click=\"actions.showLightbox\"\n\t\t\tdata-wp-style--right=\"state.thisImage.buttonRight\"\n\t\t\tdata-wp-style--top=\"state.thisImage.buttonTop\"\n\t\t>\n\t\t\t<svg xmlns=\"http:\/\/www.w3.org\/2000\/svg\" width=\"12\" height=\"12\" fill=\"none\" viewBox=\"0 0 12 12\">\n\t\t\t\t<path fill=\"#fff\" d=\"M2 0a2 2 0 0 0-2 2v2h1.5V2a.5.5 0 0 1 .5-.5h2V0H2Zm2 10.5H2a.5.5 0 0 1-.5-.5V8H0v2a2 2 0 0 0 2 2h2v-1.5ZM8 12v-1.5h2a.5.5 0 0 0 .5-.5V8H12v2a2 2 0 0 1-2 2H8Zm2-12a2 2 0 0 1 2 2v2h-1.5V2a.5.5 0 0 0-.5-.5H8V0h2Z\" \/>\n\t\t\t<\/svg>\n\t\t<\/button><figcaption class=\"wp-element-caption\">Foto: Peter Haas \/ Wikimedia Commons, CC BY-SA 3.0<\/figcaption><\/figure>\n\n\n\n<h3 class=\"wp-block-heading\"><span class=\"ez-toc-section\" id=\"21_Muzejne_lode_Cap_San_Diego_a_Rickmer_Rickmers\"><\/span>21. M\u00fazejn\u00e9 lode Cap San Diego a Rickmer Rickmers<span class=\"ez-toc-section-end\"><\/span><\/h3>\n\n\n\n<p class=\"wp-block-paragraph\">Pri prech\u00e1dzke po hlavnej pr\u00edstavnej promen\u00e1de Landungsbr\u00fccken si jednoducho nemo\u017eno nev\u0161imn\u00fa\u0165 dve obrie historick\u00e9 lode, ktor\u00e9 dnes funguj\u00fa ako fascinuj\u00face pl\u00e1vaj\u00face m\u00faze\u00e1. <strong>Cap San Diego je obrovsk\u00e1 a ve\u013emi elegantn\u00e1 n\u00e1kladn\u00e1 lo\u010f zo \u0161es\u0165desiatych rokov, ktorej sa prez\u00fdva Biela labu\u0165 ju\u017en\u00e9ho Atlantiku<\/strong>, a m\u00f4\u017ee\u0161 ju presk\u00fama\u0165 od hlu\u010dnej strojovne a\u017e po velite\u013esk\u00fd most\u00edk. Rickmer Rickmers je naopak n\u00e1dhern\u00e1 trojs\u0165a\u017e\u0148ov\u00e1 plachetnica z dev\u00e4tn\u00e1steho storo\u010dia, ktor\u00e1 d\u00fdcha tou pravou historickou n\u00e1mornou romantikou.<\/p>\n\n\n\n<p class=\"wp-block-paragraph\">Prehliadka oboch t\u00fdchto plavidiel je nesmierne zauj\u00edmav\u00e1, preto\u017ee <strong>ti umo\u017en\u00ed zbl\u00edzka nahliadnu\u0165 do stiesnen\u00fdch kaj\u00fat pos\u00e1dky, obrovsk\u00fdch n\u00e1kladov\u00fdch priestorov aj elegantn\u00fdch d\u00f4stojn\u00edckych jed\u00e1ln\u00ed<\/strong>. M\u00f4\u017ee\u0161 si tak ve\u013emi \u017eivo predstavi\u0165, ak\u00fd nesmierne \u0165a\u017ek\u00fd, ale z\u00e1rove\u0148 dobrodru\u017en\u00fd bol ka\u017edodenn\u00fd \u017eivot na \u0161\u00edrom oce\u00e1ne.<\/p>\n\n\n\n<p class=\"wp-block-paragraph\">\ud83d\udca1 Tip: <strong>Ak cestuje\u0161 s de\u0165mi, prelezanie \u00fazkych chodieb a strm\u00fdch schod\u00edsk na lodi ich zaru\u010dene bude bavi\u0165<\/strong> ove\u013ea viac ne\u017e klasick\u00e9 pokojn\u00e9 m\u00faze\u00e1. Len bu\u010f naozaj opatrn\u00fd na hlavu, stropy v podpalub\u00ed s\u00fa miestami zradne n\u00edzke.<\/p>\n\n\n\n<figure data-wp-context=\"{&quot;imageId&quot;:&quot;6a952c5e1c009&quot;}\" data-wp-interactive=\"core\/image\" data-wp-key=\"6a952c5e1c009\" class=\"wp-block-image size-full wp-lightbox-container\"><img decoding=\"async\" width=\"1800\" height=\"1797\" data-wp-class--hide=\"state.isContentHidden\" data-wp-class--show=\"state.isContentVisible\" data-wp-init=\"callbacks.setButtonStyles\" data-wp-on--click=\"actions.showLightbox\" data-wp-on--load=\"callbacks.setButtonStyles\" data-wp-on--pointerdown=\"actions.preloadImage\" data-wp-on--pointerenter=\"actions.preloadImageWithDelay\" data-wp-on--pointerleave=\"actions.cancelPreload\" data-wp-on-window--resize=\"callbacks.setButtonStyles\" src=\"https:\/\/loudavymkrokem.cz\/wp-content\/uploads\/2026\/08\/nemecko-clanky-co-videt-v-hamburku-26.jpg\" alt=\"Vegetari\u00e1nske jedlo v re\u0161taur\u00e1cii\" class=\"wp-image-399036\" title=\"\" srcset=\"https:\/\/loudavymkrokem.cz\/wp-content\/uploads\/2026\/08\/nemecko-clanky-co-videt-v-hamburku-26.jpg 1800w, https:\/\/loudavymkrokem.cz\/wp-content\/uploads\/2026\/08\/nemecko-clanky-co-videt-v-hamburku-26-300x300.jpg 300w, https:\/\/loudavymkrokem.cz\/wp-content\/uploads\/2026\/08\/nemecko-clanky-co-videt-v-hamburku-26-700x699.jpg 700w, https:\/\/loudavymkrokem.cz\/wp-content\/uploads\/2026\/08\/nemecko-clanky-co-videt-v-hamburku-26-150x150.jpg 150w, https:\/\/loudavymkrokem.cz\/wp-content\/uploads\/2026\/08\/nemecko-clanky-co-videt-v-hamburku-26-768x767.jpg 768w, https:\/\/loudavymkrokem.cz\/wp-content\/uploads\/2026\/08\/nemecko-clanky-co-videt-v-hamburku-26-1536x1533.jpg 1536w, https:\/\/loudavymkrokem.cz\/wp-content\/uploads\/2026\/08\/nemecko-clanky-co-videt-v-hamburku-26-696x695.jpg 696w, https:\/\/loudavymkrokem.cz\/wp-content\/uploads\/2026\/08\/nemecko-clanky-co-videt-v-hamburku-26-1392x1390.jpg 1392w\" sizes=\"(max-width: 1800px) 100vw, 1800px\" \/><button\n\t\t\tclass=\"lightbox-trigger\"\n\t\t\ttype=\"button\"\n\t\t\taria-haspopup=\"dialog\"\n\t\t\tdata-wp-bind--aria-label=\"state.thisImage.triggerButtonAriaLabel\"\n\t\t\tdata-wp-init=\"callbacks.initTriggerButton\"\n\t\t\tdata-wp-on--click=\"actions.showLightbox\"\n\t\t\tdata-wp-style--right=\"state.thisImage.buttonRight\"\n\t\t\tdata-wp-style--top=\"state.thisImage.buttonTop\"\n\t\t>\n\t\t\t<svg xmlns=\"http:\/\/www.w3.org\/2000\/svg\" width=\"12\" height=\"12\" fill=\"none\" viewBox=\"0 0 12 12\">\n\t\t\t\t<path fill=\"#fff\" d=\"M2 0a2 2 0 0 0-2 2v2h1.5V2a.5.5 0 0 1 .5-.5h2V0H2Zm2 10.5H2a.5.5 0 0 1-.5-.5V8H0v2a2 2 0 0 0 2 2h2v-1.5ZM8 12v-1.5h2a.5.5 0 0 0 .5-.5V8H12v2a2 2 0 0 1-2 2H8Zm2-12a2 2 0 0 1 2 2v2h-1.5V2a.5.5 0 0 0-.5-.5H8V0h2Z\" \/>\n\t\t\t<\/svg>\n\t\t<\/button><figcaption class=\"wp-element-caption\">Foto: Johor Haki, owner of the &#8222;joHoRkAki siNGApoRE TRAvEL FooD Li \/ Wikimedia Commons, CC BY-SA 4.0<\/figcaption><\/figure>\n\n\n\n<h3 class=\"wp-block-heading\"><span class=\"ez-toc-section\" id=\"22_Zelena_a_udrzatelna_gastronomia\"><\/span>22. Zelen\u00e1 a udr\u017eate\u013en\u00e1 gastron\u00f3mia<span class=\"ez-toc-section-end\"><\/span><\/h3>\n\n\n\n<p class=\"wp-block-paragraph\">Hamburg je k rastlinnej strave neuverite\u013ene priate\u013esk\u00fd a n\u00e1jde\u0161 tu obrovsk\u00e9 mno\u017estvo fantastick\u00fdch podnikov, ktor\u00e9 sa zameriavaj\u00fa na etick\u00e9 a udr\u017eate\u013en\u00e9 stravovanie. <strong>Ak h\u013ead\u00e1\u0161 \u00fatuln\u00fa dom\u00e1cku atmosf\u00e9ru, ur\u010dite zamier do kni\u017enej kaviarne Kapitel 3<\/strong> vo \u0161tvrti Altona, kde si ku skvelej k\u00e1ve m\u00f4\u017ee\u0161 vychutna\u0165 kompletne vegansk\u00e9 menu a za\u010d\u00edta\u0165 sa do niektorej z mnoh\u00fdch vystaven\u00fdch kn\u00edh, ktor\u00e9 zdobia steny podniku.<\/p>\n\n\n\n<p class=\"wp-block-paragraph\">\u010eal\u0161ou skvelou zast\u00e1vkou na obed alebo k\u00e1vu je ve\u013emi ob\u013e\u00faben\u00e9 <strong>Caf\u00e9 geen, ktor\u00e9 l\u00e1ka na \u00faplne vynikaj\u00facu celovegansk\u00fa ponuku nad\u00fdchan\u00fdch dezertov aj hlavn\u00fdch jed\u00e1l<\/strong> a za slne\u010dn\u00fdch dn\u00ed pon\u00faka ve\u013emi pr\u00edjemn\u00e9 vonkaj\u0161ie posedenie na z\u00e1hrade. Pre milovn\u00edkov kvalitnej \u00e1zijskej kuchyne je tu potom nesmierne popul\u00e1rny Citta Vegan House, kde majstrovsky kombinuj\u00fa vegansk\u00e9 \u00e1zijsk\u00e9 fusion pokrmy v n\u00e1dhernom fotogenickom prostred\u00ed.<\/p>\n\n\n\n<p class=\"wp-block-paragraph\">\ud83d\udca1 Tip: <strong>V\u00e4\u010d\u0161ina t\u00fdchto popul\u00e1rnych vegansk\u00fdch podnikov b\u00fdva cez obed a ve\u010deru pomerne pln\u00e1<\/strong>, preto sa oplat\u00ed pr\u00eds\u0165 bu\u010f hne\u010f po otvoren\u00ed, alebo si vopred spravi\u0165 rezerv\u00e1ciu stola. Najm\u00e4 cez v\u00edkendy je o miesta v t\u00fdchto lokalit\u00e1ch obrovsk\u00fd z\u00e1ujem.<\/p>\n\n\n\n<h2 class=\"wp-block-heading\"><span class=\"ez-toc-section\" id=\"Kam_dalej_z_Hamburgu\"><\/span>Kam \u010falej z Hamburgu<span class=\"ez-toc-section-end\"><\/span><\/h2>\n\n\n\n<p class=\"wp-block-paragraph\">Severn\u00e9 Nemecko je skvel\u00fdm v\u00fdchodiskov\u00fdm bodom na \u010fal\u0161ie objavovanie a v\u010faka vynikaj\u00facej sieti r\u00fdchlovlakov sa \u013eahko dostane\u0161 aj do vzdialenej\u0161\u00edch metropol. <strong>Ak \u0165a l\u00e1kaj\u00fa \u010fal\u0161ie ve\u013ek\u00e9 mest\u00e1, pre\u010d\u00edtaj si n\u00e1\u0161 \u010dl\u00e1nok o tom, <a href=\"https:\/\/loudavymkrokem.cz\/sk\/co-vidiet-v-berline-tipy\/\">\u010do vidie\u0165 v Berl\u00edne<\/a><\/strong>, kam docestuje\u0161 vlakom za necel\u00e9 dve hodiny. Pre milovn\u00edkov ju\u017enej\u0161\u00edch oblast\u00ed a bavorskej kult\u00fary potom odpor\u00fa\u010dam presk\u00fama\u0165 tipy na to, <strong><a href=\"https:\/\/loudavymkrokem.cz\/sk\/mnichov-nemecko-co-robit\/\">\u010do robi\u0165 v Mn\u00edchove<\/a><\/strong>.<\/p>\n\n\n\n<p class=\"wp-block-paragraph\">Ak pl\u00e1nuje\u0161 cestu v zimnom obdob\u00ed a chce\u0161 nasa\u0165 t\u00fa prav\u00fa sviato\u010dn\u00fa atmosf\u00e9ru, <strong>ur\u010dite sa pozri na n\u00e1\u0161 ve\u013ek\u00fd preh\u013ead pre <a href=\"https:\/\/loudavymkrokem.cz\/sk\/vianocne-trhy-nemecko\/\">viano\u010dn\u00e9 trhy v Nemecku<\/a><\/strong>, kde n\u00e1jde\u0161 in\u0161pir\u00e1ciu pre tie najkraj\u0161ie adventn\u00e9 destin\u00e1cie. A ak si po dlh\u00fdch prech\u00e1dzkach mestom potrebuje\u0161 poriadne odd\u00fdchnu\u0165, <strong>vyber si niektor\u00fd z \u00fa\u017easn\u00fdch relaxa\u010dn\u00fdch pobytov v \u010dl\u00e1nku o <a href=\"https:\/\/loudavymkrokem.cz\/sk\/wellness-hotely-nemecko\/\">wellness hoteloch v Nemecku<\/a><\/strong>.<\/p>\n\n\n\n<h2 class=\"wp-block-heading\"><span class=\"ez-toc-section\" id=\"Casto_kladene_otazky\"><\/span>\u010casto kladen\u00e9 ot\u00e1zky<span class=\"ez-toc-section-end\"><\/span><\/h2>\n\n\n<div id=\"rank-math-faq\" class=\"rank-math-block\">\n<div class=\"rank-math-list \">\n<div id=\"faq-question-1787731481000\" class=\"rank-math-list-item\">\n<h3 class=\"rank-math-question \"><span class=\"ez-toc-section\" id=\"Kolko_dni_potrebujem_na_navstevu_Hamburgu\"><\/span>Ko\u013eko dn\u00ed potrebujem na n\u00e1v\u0161tevu Hamburgu?<span class=\"ez-toc-section-end\"><\/span><\/h3>\n<div class=\"rank-math-answer \">\n\n<p>Pre pohodov\u00fa n\u00e1v\u0161tevu v\u0161etk\u00fdch hlavn\u00fdch pamiatok a nasatie lok\u00e1lnej atmosf\u00e9ry odpor\u00fa\u010dam vyhradi\u0165 si aspo\u0148 dva a\u017e tri cel\u00e9 dni. <strong>Len samotn\u00e1 \u0161tvr\u0165 HafenCity s Miniatur Wunderlandom, Speicherstadtom a Elbphilharmonie v\u00e1m spo\u013eahlivo zaberie takmer cel\u00fd jeden de\u0148<\/strong>, \u010fal\u0161\u00ed de\u0148 potom m\u00f4\u017eete venova\u0165 prech\u00e1dzke centrom, radnici, jazer\u00e1m a vyhliadkovej plavbe trajektom.<\/p>\n\n<\/div>\n<\/div>\n<div id=\"faq-question-1787731481001\" class=\"rank-math-list-item\">\n<h3 class=\"rank-math-question \"><span class=\"ez-toc-section\" id=\"Ako_sa_najlepsie_dostat_z_letiska_do_centra_mesta\"><\/span>Ako sa najlep\u0161ie dosta\u0165 z letiska do centra mesta?<span class=\"ez-toc-section-end\"><\/span><\/h3>\n<div class=\"rank-math-answer \">\n\n<p>Spojenie je neuverite\u013ene jednoduch\u00e9 a r\u00fdchle, preto\u017ee <strong>priamo pod termin\u00e1lom sa nach\u00e1dza stanica pr\u00edmestsk\u00e9ho vlaku S-Bahn linky S1<\/strong>, ktor\u00fd jazd\u00ed ka\u017ed\u00fdch desa\u0165 min\u00fat. Cesta na hlavn\u00fa stanicu (Hauptbahnhof) trv\u00e1 iba 25 min\u00fat a plat\u00ed na \u0148u be\u017en\u00e1 jazdenka pre mestsk\u00fa hromadn\u00fa dopravu, tak\u017ee nemus\u00edte kupova\u0165 \u017eiadne \u0161peci\u00e1lne letiskov\u00e9 l\u00edstky.<\/p>\n\n<\/div>\n<\/div>\n<div id=\"faq-question-1787731481002\" class=\"rank-math-list-item\">\n<h3 class=\"rank-math-question \"><span class=\"ez-toc-section\" id=\"Je_mesto_vhodne_pre_rodiny_s_detmi\"><\/span>Je mesto vhodn\u00e9 pre rodiny s de\u0165mi?<span class=\"ez-toc-section-end\"><\/span><\/h3>\n<div class=\"rank-math-answer \">\n\n<p>Rozhodne \u00e1no, pre deti je tu pripraven\u00e9 obrovsk\u00e9 mno\u017estvo atrakci\u00ed na \u010dele s ve\u013ekolep\u00fdm Miniatur Wunderlandom, ktor\u00fd je absol\u00fatnym hitom pre v\u0161etky gener\u00e1cie. <strong>V\u00e4\u010d\u0161ina m\u00faze\u00ed m\u00e1 skvel\u00e9 interakt\u00edvne prvky, v parkoch n\u00e1jdete ve\u013ea preliezok a ihr\u00edsk<\/strong> a sk\u00famanie historick\u00fdch m\u00fazejn\u00fdch lod\u00ed alebo jazda \u017elt\u00fdm trajektom bav\u00ed deti v\u0161etk\u00fdch vekov\u00fdch kateg\u00f3ri\u00ed.<\/p>\n\n<\/div>\n<\/div>\n<div id=\"faq-question-1787731481003\" class=\"rank-math-list-item\">\n<h3 class=\"rank-math-question \"><span class=\"ez-toc-section\" id=\"Ako_je_to_s_dopravou_a_oplati_sa_Hamburg_Card\"><\/span>Ako je to s dopravou a oplat\u00ed sa Hamburg Card?<span class=\"ez-toc-section-end\"><\/span><\/h3>\n<div class=\"rank-math-answer \">\n\n<p>Centrum mesta je pomerne roz\u013eahl\u00e9 a pamiatky s\u00fa od seba ob\u010das \u010falej, tak\u017ee sa ur\u010dite nevyhnete presunom metrom (U-Bahn) alebo vlakmi S-Bahn. <strong>Turistick\u00e1 karta Hamburg Card pon\u00faka neobmedzen\u00fa dopravu a z\u013eavy na vstupn\u00e9 do mnoh\u00fdch m\u00faze\u00ed<\/strong>, tak\u017ee ak pl\u00e1nujete nav\u0161t\u00edvi\u0165 viac platen\u00fdch pamiatok a nechcete chodi\u0165 len pe\u0161o, jej obstaranie sa v\u00e1m cenovo ve\u013emi oplat\u00ed.<\/p>\n\n<\/div>\n<\/div>\n<div id=\"faq-question-1787731481004\" class=\"rank-math-list-item\">\n<h3 class=\"rank-math-question \"><span class=\"ez-toc-section\" id=\"S_akym_rozpoctom_na_vstupy_mam_pocitat\"><\/span>S ak\u00fdm rozpo\u010dtom na vstupy m\u00e1m po\u010d\u00edta\u0165?<span class=\"ez-toc-section-end\"><\/span><\/h3>\n<div class=\"rank-math-answer \">\n\n<p>Vstupy do hlavn\u00fdch komer\u010dn\u00fdch atrakci\u00ed nie s\u00fa \u00faplne najlacnej\u0161ie, <strong>pre dospel\u00fa osobu si pripravte rozpo\u010det zhruba 70 a\u017e 95 eur<\/strong>, ak chcete vidie\u0165 to najd\u00f4le\u017eitej\u0161ie. Len vstupenka do Miniatur Wunderlandu stoj\u00ed 25 eur a prehliadky lod\u00ed alebo m\u00faze\u00ed sa pohybuj\u00fa okolo 10 a\u017e 15 eur za osobu, na\u0161\u0165astie je v\u0161ak ve\u013ea miest ako Speicherstadt alebo vyhliadka Elbphilharmonie \u00faplne zadarmo.<\/p>\n\n<\/div>\n<\/div>\n<div id=\"faq-question-1787731481005\" class=\"rank-math-list-item\">\n<h3 class=\"rank-math-question \"><span class=\"ez-toc-section\" id=\"Musim_si_na_hlavne_pamiatky_kupovat_vstupenky_vopred\"><\/span>Mus\u00edm si na hlavn\u00e9 pamiatky kupova\u0165 vstupenky vopred?<span class=\"ez-toc-section-end\"><\/span><\/h3>\n<div class=\"rank-math-answer \">\n\n<p>U t\u00fdch najpopul\u00e1rnej\u0161\u00edch atrakci\u00ed je to absol\u00fatna nutnos\u0165, <strong>najm\u00e4 u Miniatur Wunderlandu, kde b\u00fdva v sez\u00f3ne vypredan\u00e9 aj nieko\u013eko t\u00fd\u017ed\u0148ov dopredu<\/strong> a na mieste l\u00edstky nek\u00fapite. Rovnako si mus\u00edte s predstihom zadarmo zarezervova\u0165 \u010dasov\u00fd slot pre vstup na vyhliadkov\u00fa terasu Plaza v budove Elbphilharmonie, inak v\u00e1s k eskal\u00e1torom jednoducho nepustia.<\/p>\n\n<\/div>\n<\/div>\n<div id=\"faq-question-1787731481006\" class=\"rank-math-list-item\">\n<h3 class=\"rank-math-question \"><span class=\"ez-toc-section\" id=\"Co_sa_da_v_meste_robit_ked_prave_prsi\"><\/span>\u010co sa d\u00e1 v meste robi\u0165, ke\u010f pr\u00e1ve pr\u0161\u00ed?<span class=\"ez-toc-section-end\"><\/span><\/h3>\n<div class=\"rank-math-answer \">\n\n<p>Severn\u00e9 Nemecko je typick\u00fdm da\u017ediv\u00fdm po\u010das\u00edm, ktor\u00e9mu miestni hovoria Schietwetter, celkom zn\u00e1me, ale mesto je na to skvele pripraven\u00e9. <strong>Okrem Miniatur Wunderlandu sa m\u00f4\u017eete schova\u0165 do obrovsk\u00e9ho dev\u00e4\u0165poschodov\u00e9ho N\u00e1morn\u00e9ho m\u00fazea<\/strong>, nav\u0161t\u00edvi\u0165 interakt\u00edvne m\u00fazeum \u010dokol\u00e1dy Chocoversum, alebo str\u00e1vi\u0165 pokojne pol d\u0148a obdivovan\u00edm umenia v n\u00e1dhernej gal\u00e9rii Hamburger Kunsthalle.<\/p>\n\n<\/div>\n<\/div>\n<\/div>\n<\/div>","protected":false},"excerpt":{"rendered":"<p>Objav 22 najlep\u0161\u00edch miest v Hamburgu v Nemecku, od tehlov\u00e9ho Speicherstadtu po vyhliadku Elbphilharmonie, a napl\u00e1nuj si dokonal\u00fd v\u00fdlet do severn\u00fdch Ben\u00e1tok.<\/p>\n","protected":false},"author":3,"featured_media":396962,"comment_status":"open","ping_status":"open","sticky":false,"template":"","format":"standard","meta":{"_acf_changed":false,"footnotes":"","rank_math_title":"Hamburg v Nemecku: 22 tipov, \u010do vidie\u0165 a robi\u0165","rank_math_description":"Hamburg v Nemecku pon\u00faka kan\u00e1ly, pr\u00edstav aj modern\u00fa architekt\u00faru. Objav 22 tipov, \u010do vidie\u0165 a robi\u0165, a napl\u00e1nuj si dokonal\u00fd v\u00fdlet do severn\u00fdch Ben\u00e1tok!","rank_math_focus_keyword":"hamburg nemecko","rank_math_seo_score":""},"categories":[952,955,227],"tags":[],"class_list":["post-409093","post","type-post","status-publish","format-standard","has-post-thumbnail","category-cestovanie","category-europa","category-nemecko"],"acf":[],"featured_image_src":"https:\/\/loudavymkrokem.cz\/wp-content\/uploads\/2026\/08\/nemecko-clanky-co-videt-v-hamburku-04.jpg","author_info":{"display_name":"Lucie Kone\u010dn\u00e1","author_link":"https:\/\/loudavymkrokem.cz\/sk\/author\/lucie-konecna\/"},"_links":{"self":[{"href":"https:\/\/loudavymkrokem.cz\/sk\/wp-json\/wp\/v2\/posts\/409093","targetHints":{"allow":["GET"]}}],"collection":[{"href":"https:\/\/loudavymkrokem.cz\/sk\/wp-json\/wp\/v2\/posts"}],"about":[{"href":"https:\/\/loudavymkrokem.cz\/sk\/wp-json\/wp\/v2\/types\/post"}],"author":[{"embeddable":true,"href":"https:\/\/loudavymkrokem.cz\/sk\/wp-json\/wp\/v2\/users\/3"}],"replies":[{"embeddable":true,"href":"https:\/\/loudavymkrokem.cz\/sk\/wp-json\/wp\/v2\/comments?post=409093"}],"version-history":[{"count":2,"href":"https:\/\/loudavymkrokem.cz\/sk\/wp-json\/wp\/v2\/posts\/409093\/revisions"}],"predecessor-version":[{"id":409095,"href":"https:\/\/loudavymkrokem.cz\/sk\/wp-json\/wp\/v2\/posts\/409093\/revisions\/409095"}],"wp:featuredmedia":[{"embeddable":true,"href":"https:\/\/loudavymkrokem.cz\/sk\/wp-json\/wp\/v2\/media\/396962"}],"wp:attachment":[{"href":"https:\/\/loudavymkrokem.cz\/sk\/wp-json\/wp\/v2\/media?parent=409093"}],"wp:term":[{"taxonomy":"category","embeddable":true,"href":"https:\/\/loudavymkrokem.cz\/sk\/wp-json\/wp\/v2\/categories?post=409093"},{"taxonomy":"post_tag","embeddable":true,"href":"https:\/\/loudavymkrokem.cz\/sk\/wp-json\/wp\/v2\/tags?post=409093"}],"curies":[{"name":"wp","href":"https:\/\/api.w.org\/{rel}","templated":true}]}}