{"id":409089,"date":"2026-08-28T14:08:28","date_gmt":"2026-08-28T12:08:28","guid":{"rendered":"https:\/\/loudavymkrokem.cz\/vylety-v-okoli-pisku-2\/"},"modified":"2026-08-31T07:33:44","modified_gmt":"2026-08-31T05:33:44","slug":"vylety-v-okoli-pisku","status":"publish","type":"post","link":"https:\/\/loudavymkrokem.cz\/sk\/vylety-v-okoli-pisku\/","title":{"rendered":"V\u00fdlety v okol\u00ed P\u00edsku: 30 tipov na hrady, k\u00fapalisk\u00e1 aj rozh\u013eadne"},"content":{"rendered":"\n<p class=\"wp-block-paragraph\">P\u00edsek v \u010cesku je mesto, v ktorom som sa narodila, a hoci som potom na dlh\u00e9 roky zamierila do Prahy, dnes tu u\u017e zase b\u00fdvame spolo\u010dne s Luk\u00e1\u0161om a na\u0161\u00edm dvojro\u010dn\u00fdm Jon\u00e1\u0161kom. Ke\u010f\u017ee s rodinou radi h\u013ead\u00e1me tie najlep\u0161ie <strong>v\u00fdlety v okol\u00ed P\u00edsku<\/strong>, mus\u00edm \u00faprimne poveda\u0165, \u017ee ako z\u00e1klad\u0148a na objavovanie ju\u017en\u00fdch \u010ciech je toto mesto \u00faplne ide\u00e1lne a ned\u00e1m na\u0148 dopusti\u0165.<\/p>\n\n\n\n<p class=\"wp-block-paragraph\">V\u010faka skvelej polohe a napojeniu na dia\u013enicu D4 sa <strong>do hodiny autom dostane\u0161 k v\u00e4\u010d\u0161ine juho\u010desk\u00fdch pamiatok<\/strong>, \u010di u\u017e \u0165a l\u00e1ka hlbok\u00e1 hist\u00f3ria, roz\u013eahl\u00e9 rybn\u00edky alebo hust\u00e9 \u0161umavsk\u00e9 lesy. P\u00edsek jednoducho le\u017e\u00ed presne uprostred toho najlep\u0161ieho a v\u017edy m\u00e1\u0161 na v\u00fdber z desiatok mo\u017enost\u00ed.<\/p>\n\n\n\n<p class=\"wp-block-paragraph\">Po\u010f so mnou precestova\u0165 P\u00edsecko, tu je 30 miest, ktor\u00e9 milujeme, zoraden\u00fdch od t\u00fdch k\u00fasok za humnami a\u017e po celodenn\u00e9 dobrodru\u017estv\u00e1. Pozrime sa, kam vyrazi\u0165 za zvieratkami, na hrady, k vode alebo za par\u00e1dnymi v\u00fdh\u013eadmi do kraja.<\/p>\n\n\n\n<figure data-wp-context=\"{&quot;imageId&quot;:&quot;6a9527f90cae7&quot;}\" data-wp-interactive=\"core\/image\" data-wp-key=\"6a9527f90cae7\" class=\"wp-block-image size-full wp-lightbox-container\"><img decoding=\"async\" width=\"2200\" height=\"1467\" data-wp-class--hide=\"state.isContentHidden\" data-wp-class--show=\"state.isContentVisible\" data-wp-init=\"callbacks.setButtonStyles\" data-wp-on--click=\"actions.showLightbox\" data-wp-on--load=\"callbacks.setButtonStyles\" data-wp-on--pointerdown=\"actions.preloadImage\" data-wp-on--pointerenter=\"actions.preloadImageWithDelay\" data-wp-on--pointerleave=\"actions.cancelPreload\" data-wp-on-window--resize=\"callbacks.setButtonStyles\" src=\"https:\/\/loudavymkrokem.cz\/wp-content\/uploads\/2026\/08\/zvikov-nad-orlickou-prehradou.jpg\" alt=\"Hrad Zv\u00edkov nad hladinou Orlickej priehrady\" class=\"wp-image-404434\" title=\"\" srcset=\"https:\/\/loudavymkrokem.cz\/wp-content\/uploads\/2026\/08\/zvikov-nad-orlickou-prehradou.jpg 2200w, https:\/\/loudavymkrokem.cz\/wp-content\/uploads\/2026\/08\/zvikov-nad-orlickou-prehradou-300x200.jpg 300w, https:\/\/loudavymkrokem.cz\/wp-content\/uploads\/2026\/08\/zvikov-nad-orlickou-prehradou-700x467.jpg 700w, https:\/\/loudavymkrokem.cz\/wp-content\/uploads\/2026\/08\/zvikov-nad-orlickou-prehradou-768x512.jpg 768w, https:\/\/loudavymkrokem.cz\/wp-content\/uploads\/2026\/08\/zvikov-nad-orlickou-prehradou-1536x1024.jpg 1536w, https:\/\/loudavymkrokem.cz\/wp-content\/uploads\/2026\/08\/zvikov-nad-orlickou-prehradou-2048x1366.jpg 2048w, https:\/\/loudavymkrokem.cz\/wp-content\/uploads\/2026\/08\/zvikov-nad-orlickou-prehradou-696x464.jpg 696w, https:\/\/loudavymkrokem.cz\/wp-content\/uploads\/2026\/08\/zvikov-nad-orlickou-prehradou-1392x928.jpg 1392w, https:\/\/loudavymkrokem.cz\/wp-content\/uploads\/2026\/08\/zvikov-nad-orlickou-prehradou-1920x1280.jpg 1920w\" sizes=\"(max-width: 2200px) 100vw, 2200px\" \/><button\n\t\t\tclass=\"lightbox-trigger\"\n\t\t\ttype=\"button\"\n\t\t\taria-haspopup=\"dialog\"\n\t\t\tdata-wp-bind--aria-label=\"state.thisImage.triggerButtonAriaLabel\"\n\t\t\tdata-wp-init=\"callbacks.initTriggerButton\"\n\t\t\tdata-wp-on--click=\"actions.showLightbox\"\n\t\t\tdata-wp-style--right=\"state.thisImage.buttonRight\"\n\t\t\tdata-wp-style--top=\"state.thisImage.buttonTop\"\n\t\t>\n\t\t\t<svg xmlns=\"http:\/\/www.w3.org\/2000\/svg\" width=\"12\" height=\"12\" fill=\"none\" viewBox=\"0 0 12 12\">\n\t\t\t\t<path fill=\"#fff\" d=\"M2 0a2 2 0 0 0-2 2v2h1.5V2a.5.5 0 0 1 .5-.5h2V0H2Zm2 10.5H2a.5.5 0 0 1-.5-.5V8H0v2a2 2 0 0 0 2 2h2v-1.5ZM8 12v-1.5h2a.5.5 0 0 0 .5-.5V8H12v2a2 2 0 0 1-2 2H8Zm2-12a2 2 0 0 1 2 2v2h-1.5V2a.5.5 0 0 0-.5-.5H8V0h2Z\" \/>\n\t\t\t<\/svg>\n\t\t<\/button><\/figure>\n\n\n\n<div id=\"ez-toc-container\" class=\"ez-toc-v2_0_86 ez-toc-wrap-left counter-hierarchy ez-toc-counter ez-toc-grey ez-toc-container-direction\">\n<div class=\"ez-toc-title-container\">\n<p class=\"ez-toc-title\" style=\"cursor:inherit\">Obsah \u010dl\u00e1nku<\/p>\n<span class=\"ez-toc-title-toggle\"><a href=\"#\" class=\"ez-toc-pull-right ez-toc-btn ez-toc-btn-xs ez-toc-btn-default ez-toc-toggle\" aria-label=\"Toggle Table of Content\"><span class=\"ez-toc-js-icon-con\"><span class=\"\"><span class=\"eztoc-hide\" style=\"display:none;\">Toggle<\/span><span class=\"ez-toc-icon-toggle-span\"><svg style=\"fill: #999;color:#999\" xmlns=\"http:\/\/www.w3.org\/2000\/svg\" class=\"list-377408\" width=\"20px\" height=\"20px\" viewBox=\"0 0 24 24\" fill=\"none\"><path d=\"M6 6H4v2h2V6zm14 0H8v2h12V6zM4 11h2v2H4v-2zm16 0H8v2h12v-2zM4 16h2v2H4v-2zm16 0H8v2h12v-2z\" fill=\"currentColor\"><\/path><\/svg><svg style=\"fill: #999;color:#999\" class=\"arrow-unsorted-368013\" xmlns=\"http:\/\/www.w3.org\/2000\/svg\" width=\"10px\" height=\"10px\" viewBox=\"0 0 24 24\" version=\"1.2\" baseProfile=\"tiny\"><path d=\"M18.2 9.3l-6.2-6.3-6.2 6.3c-.2.2-.3.4-.3.7s.1.5.3.7c.2.2.4.3.7.3h11c.3 0 .5-.1.7-.3.2-.2.3-.5.3-.7s-.1-.5-.3-.7zM5.8 14.7l6.2 6.3 6.2-6.3c.2-.2.3-.5.3-.7s-.1-.5-.3-.7c-.2-.2-.4-.3-.7-.3h-11c-.3 0-.5.1-.7.3-.2.2-.3.5-.3.7s.1.5.3.7z\"\/><\/svg><\/span><\/span><\/span><\/a><\/span><\/div>\n<nav><ul class='ez-toc-list ez-toc-list-level-1 ' ><ul class='ez-toc-list-level-3' ><li class='ez-toc-heading-level-3'><a class=\"ez-toc-link ez-toc-heading-1\" href=\"https:\/\/loudavymkrokem.cz\/sk\/vylety-v-okoli-pisku\/#Zhrnutie\" >Zhrnutie<\/a><\/li><\/ul><\/li><li class='ez-toc-page-1 ez-toc-heading-level-2'><a class=\"ez-toc-link ez-toc-heading-2\" href=\"https:\/\/loudavymkrokem.cz\/sk\/vylety-v-okoli-pisku\/#Ako_planovat_vylety_z_Pisku\" >Ako pl\u00e1nova\u0165 v\u00fdlety z P\u00edsku<\/a><\/li><li class='ez-toc-page-1 ez-toc-heading-level-2'><a class=\"ez-toc-link ez-toc-heading-3\" href=\"https:\/\/loudavymkrokem.cz\/sk\/vylety-v-okoli-pisku\/#Kde_sa_ubytovat_ked_chces_objizdzat_okolie\" >Kde sa ubytova\u0165, ke\u010f chce\u0161 obj\u00ed\u017edza\u0165 okolie<\/a><\/li><li class='ez-toc-page-1 ez-toc-heading-level-2'><a class=\"ez-toc-link ez-toc-heading-4\" href=\"https:\/\/loudavymkrokem.cz\/sk\/vylety-v-okoli-pisku\/#Vylety_do_15_kilometrov_na_pol_dna_aj_na_bicykli\" >V\u00fdlety do 15 kilometrov: na pol d\u0148a aj na bicykli<\/a><ul class='ez-toc-list-level-3' ><li class='ez-toc-heading-level-3'><a class=\"ez-toc-link ez-toc-heading-5\" href=\"https:\/\/loudavymkrokem.cz\/sk\/vylety-v-okoli-pisku\/#1_Rozhladna_Jarnik\" >1. Rozh\u013ead\u0148a Jarn\u00edk<\/a><\/li><li class='ez-toc-page-1 ez-toc-heading-level-3'><a class=\"ez-toc-link ez-toc-heading-6\" href=\"https:\/\/loudavymkrokem.cz\/sk\/vylety-v-okoli-pisku\/#2_Pisecke_hory\" >2. P\u00edseck\u00e9 hory<\/a><\/li><li class='ez-toc-page-1 ez-toc-heading-level-3'><a class=\"ez-toc-link ez-toc-heading-7\" href=\"https:\/\/loudavymkrokem.cz\/sk\/vylety-v-okoli-pisku\/#3_Putim_Nase_zvieratka\" >3. Putim: Na\u0161e zvieratk\u00e1<\/a><\/li><li class='ez-toc-page-1 ez-toc-heading-level-3'><a class=\"ez-toc-link ez-toc-heading-8\" href=\"https:\/\/loudavymkrokem.cz\/sk\/vylety-v-okoli-pisku\/#4_Selibov_Rozpravkova_kovacna\" >4. Selibov: Rozpr\u00e1vkov\u00e1 kov\u00e1\u010d\u0148a<\/a><\/li><li class='ez-toc-page-1 ez-toc-heading-level-3'><a class=\"ez-toc-link ez-toc-heading-9\" href=\"https:\/\/loudavymkrokem.cz\/sk\/vylety-v-okoli-pisku\/#5_Kestrany_Horna_a_Dolna_tvrz\" >5. Kest\u0159any: Horn\u00e1 a Doln\u00e1 tvrz<\/a><\/li><li class='ez-toc-page-1 ez-toc-heading-level-3'><a class=\"ez-toc-link ez-toc-heading-10\" href=\"https:\/\/loudavymkrokem.cz\/sk\/vylety-v-okoli-pisku\/#6_Maletice_Farmapark\" >6. Maletice: Farmapark<\/a><\/li><li class='ez-toc-page-1 ez-toc-heading-level-3'><a class=\"ez-toc-link ez-toc-heading-11\" href=\"https:\/\/loudavymkrokem.cz\/sk\/vylety-v-okoli-pisku\/#7_Rezabinec_a_Rezabinecke_tone\" >7. \u0158e\u017eabinec a \u0158e\u017eabineck\u00e9 t\u00f4ne<\/a><\/li><li class='ez-toc-page-1 ez-toc-heading-level-3'><a class=\"ez-toc-link ez-toc-heading-12\" href=\"https:\/\/loudavymkrokem.cz\/sk\/vylety-v-okoli-pisku\/#8_Podolsky_most\" >8. Podolsk\u00fd most<\/a><\/li><li class='ez-toc-page-1 ez-toc-heading-level-3'><a class=\"ez-toc-link ez-toc-heading-13\" href=\"https:\/\/loudavymkrokem.cz\/sk\/vylety-v-okoli-pisku\/#9_Sudomer_Zizkova_mohyla\" >9. Sudom\u011b\u0159: \u017di\u017ekova mohyla<\/a><\/li><li class='ez-toc-page-1 ez-toc-heading-level-3'><a class=\"ez-toc-link ez-toc-heading-14\" href=\"https:\/\/loudavymkrokem.cz\/sk\/vylety-v-okoli-pisku\/#10_Protivin\" >10. Protiv\u00edn<\/a><\/li><\/ul><\/li><li class='ez-toc-page-1 ez-toc-heading-level-2'><a class=\"ez-toc-link ez-toc-heading-15\" href=\"https:\/\/loudavymkrokem.cz\/sk\/vylety-v-okoli-pisku\/#Hrady_zamky_a_klastory_v_okoli_Pisku\" >Hrady, z\u00e1mky a kl\u00e1\u0161tory v okol\u00ed P\u00edsku<\/a><ul class='ez-toc-list-level-3' ><li class='ez-toc-heading-level-3'><a class=\"ez-toc-link ez-toc-heading-16\" href=\"https:\/\/loudavymkrokem.cz\/sk\/vylety-v-okoli-pisku\/#11_Hrad_Zvikov_%E2%80%9Ekral_ceskych_hradov%E2%80%9C\" >11. Hrad Zv\u00edkov: \u201ekr\u00e1\u013e \u010desk\u00fdch hradov&#8220;<\/a><\/li><li class='ez-toc-page-1 ez-toc-heading-level-3'><a class=\"ez-toc-link ez-toc-heading-17\" href=\"https:\/\/loudavymkrokem.cz\/sk\/vylety-v-okoli-pisku\/#12_Zamok_Orlik_nad_Vltavou\" >12. Z\u00e1mok Orl\u00edk nad Vltavou<\/a><\/li><li class='ez-toc-page-1 ez-toc-heading-level-3'><a class=\"ez-toc-link ez-toc-heading-18\" href=\"https:\/\/loudavymkrokem.cz\/sk\/vylety-v-okoli-pisku\/#13_Zamok_Blatna\" >13. Z\u00e1mok Blatn\u00e1<\/a><\/li><li class='ez-toc-page-1 ez-toc-heading-level-3'><a class=\"ez-toc-link ez-toc-heading-19\" href=\"https:\/\/loudavymkrokem.cz\/sk\/vylety-v-okoli-pisku\/#14_Klastor_Milevsko\" >14. Kl\u00e1\u0161tor Milevsko<\/a><\/li><li class='ez-toc-page-1 ez-toc-heading-level-3'><a class=\"ez-toc-link ez-toc-heading-20\" href=\"https:\/\/loudavymkrokem.cz\/sk\/vylety-v-okoli-pisku\/#15_Hrad_Strakonice\" >15. Hrad Strakonice<\/a><\/li><li class='ez-toc-page-1 ez-toc-heading-level-3'><a class=\"ez-toc-link ez-toc-heading-21\" href=\"https:\/\/loudavymkrokem.cz\/sk\/vylety-v-okoli-pisku\/#16_Zamok_Bechyne_a_most_Duha\" >16. Z\u00e1mok Bechyn\u011b a most Duha<\/a><\/li><li class='ez-toc-page-1 ez-toc-heading-level-3'><a class=\"ez-toc-link ez-toc-heading-22\" href=\"https:\/\/loudavymkrokem.cz\/sk\/vylety-v-okoli-pisku\/#17_Zamok_Kratochvile_Netolice\" >17. Z\u00e1mok Kratochv\u00edle (Netolice)<\/a><\/li><li class='ez-toc-page-1 ez-toc-heading-level-3'><a class=\"ez-toc-link ez-toc-heading-23\" href=\"https:\/\/loudavymkrokem.cz\/sk\/vylety-v-okoli-pisku\/#18_Kostnica_a_cintorin_v_Albrechticiach_nad_Vltavou\" >18. Kostnica a cintor\u00edn v Albrechticiach nad Vltavou<\/a><\/li><\/ul><\/li><li class='ez-toc-page-1 ez-toc-heading-level-2'><a class=\"ez-toc-link ez-toc-heading-24\" href=\"https:\/\/loudavymkrokem.cz\/sk\/vylety-v-okoli-pisku\/#Voda_Orlicka_priehrada_Vltava_a_Otava\" >Voda: Orlick\u00e1 priehrada, Vltava a Otava<\/a><ul class='ez-toc-list-level-3' ><li class='ez-toc-heading-level-3'><a class=\"ez-toc-link ez-toc-heading-25\" href=\"https:\/\/loudavymkrokem.cz\/sk\/vylety-v-okoli-pisku\/#19_Plavba_Zvikov_%E2%86%94_Orlik\" >19. Plavba Zv\u00edkov \u2194 Orl\u00edk<\/a><\/li><li class='ez-toc-page-1 ez-toc-heading-level-3'><a class=\"ez-toc-link ez-toc-heading-26\" href=\"https:\/\/loudavymkrokem.cz\/sk\/vylety-v-okoli-pisku\/#20_Orlicka_priehrada_plaze_a_kempy\" >20. Orlick\u00e1 priehrada: pl\u00e1\u017ee a kempy<\/a><\/li><li class='ez-toc-page-1 ez-toc-heading-level-3'><a class=\"ez-toc-link ez-toc-heading-27\" href=\"https:\/\/loudavymkrokem.cz\/sk\/vylety-v-okoli-pisku\/#21_Cervena_nad_Vltavou\" >21. \u010cerven\u00e1 nad Vltavou<\/a><\/li><li class='ez-toc-page-1 ez-toc-heading-level-3'><a class=\"ez-toc-link ez-toc-heading-28\" href=\"https:\/\/loudavymkrokem.cz\/sk\/vylety-v-okoli-pisku\/#22_Vodnany_a_rybniky\" >22. Vod\u0148any a rybn\u00edky<\/a><\/li><\/ul><\/li><li class='ez-toc-page-1 ez-toc-heading-level-2'><a class=\"ez-toc-link ez-toc-heading-29\" href=\"https:\/\/loudavymkrokem.cz\/sk\/vylety-v-okoli-pisku\/#Juhoceske_mesta_a_ciele_na_cely_den\" >Juho\u010desk\u00e9 mest\u00e1 a ciele na cel\u00fd de\u0148<\/a><ul class='ez-toc-list-level-3' ><li class='ez-toc-heading-level-3'><a class=\"ez-toc-link ez-toc-heading-30\" href=\"https:\/\/loudavymkrokem.cz\/sk\/vylety-v-okoli-pisku\/#23_Hluboka_nad_Vltavou\" >23. Hlubok\u00e1 nad Vltavou<\/a><\/li><li class='ez-toc-page-1 ez-toc-heading-level-3'><a class=\"ez-toc-link ez-toc-heading-31\" href=\"https:\/\/loudavymkrokem.cz\/sk\/vylety-v-okoli-pisku\/#24_Tabor\" >24. T\u00e1bor<\/a><\/li><li class='ez-toc-page-1 ez-toc-heading-level-3'><a class=\"ez-toc-link ez-toc-heading-32\" href=\"https:\/\/loudavymkrokem.cz\/sk\/vylety-v-okoli-pisku\/#25_Holasovice\" >25. Hola\u0161ovice<\/a><\/li><li class='ez-toc-page-1 ez-toc-heading-level-3'><a class=\"ez-toc-link ez-toc-heading-33\" href=\"https:\/\/loudavymkrokem.cz\/sk\/vylety-v-okoli-pisku\/#26_Ceske_Budejovice\" >26. \u010cesk\u00e9 Bud\u011bjovice<\/a><\/li><li class='ez-toc-page-1 ez-toc-heading-level-3'><a class=\"ez-toc-link ez-toc-heading-34\" href=\"https:\/\/loudavymkrokem.cz\/sk\/vylety-v-okoli-pisku\/#27_Chynovska_jaskyna\" >27. Ch\u00fdnovsk\u00e1 jasky\u0148a<\/a><\/li><li class='ez-toc-page-1 ez-toc-heading-level-3'><a class=\"ez-toc-link ez-toc-heading-35\" href=\"https:\/\/loudavymkrokem.cz\/sk\/vylety-v-okoli-pisku\/#28_Cesky_Krumlov\" >28. \u010cesk\u00fd Krumlov<\/a><\/li><li class='ez-toc-page-1 ez-toc-heading-level-3'><a class=\"ez-toc-link ez-toc-heading-36\" href=\"https:\/\/loudavymkrokem.cz\/sk\/vylety-v-okoli-pisku\/#29_Trebon_a_rybnicna_krajina\" >29. T\u0159ebo\u0148 a rybni\u010dn\u00e1 krajina<\/a><\/li><li class='ez-toc-page-1 ez-toc-heading-level-3'><a class=\"ez-toc-link ez-toc-heading-37\" href=\"https:\/\/loudavymkrokem.cz\/sk\/vylety-v-okoli-pisku\/#30_Sumava\" >30. \u0160umava<\/a><\/li><\/ul><\/li><li class='ez-toc-page-1 ez-toc-heading-level-2'><a class=\"ez-toc-link ez-toc-heading-38\" href=\"https:\/\/loudavymkrokem.cz\/sk\/vylety-v-okoli-pisku\/#Co_je_v_okoli_Pisku_otvorene_aj_mimo_sezony\" >\u010co je v okol\u00ed P\u00edsku otvoren\u00e9 aj mimo sez\u00f3ny<\/a><\/li><li class='ez-toc-page-1 ez-toc-heading-level-2'><a class=\"ez-toc-link ez-toc-heading-39\" href=\"https:\/\/loudavymkrokem.cz\/sk\/vylety-v-okoli-pisku\/#Kam_vyrazit_z_Pisku_bez_auta\" >Kam vyrazi\u0165 z P\u00edsku bez auta<\/a><\/li><li class='ez-toc-page-1 ez-toc-heading-level-2'><a class=\"ez-toc-link ez-toc-heading-40\" href=\"https:\/\/loudavymkrokem.cz\/sk\/vylety-v-okoli-pisku\/#Kam_dalej\" >Kam \u010falej<\/a><\/li><li class='ez-toc-page-1 ez-toc-heading-level-2'><a class=\"ez-toc-link ez-toc-heading-41\" href=\"https:\/\/loudavymkrokem.cz\/sk\/vylety-v-okoli-pisku\/#Casto_kladene_otazky\" >\u010casto kladen\u00e9 ot\u00e1zky<\/a><ul class='ez-toc-list-level-3' ><li class='ez-toc-heading-level-3'><a class=\"ez-toc-link ez-toc-heading-42\" href=\"https:\/\/loudavymkrokem.cz\/sk\/vylety-v-okoli-pisku\/#Kam_na_jednodnovy_vylet_z_Pisku\" >Kam na jednod\u0148ov\u00fd v\u00fdlet z P\u00edsku?<\/a><\/li><li class='ez-toc-page-1 ez-toc-heading-level-3'><a class=\"ez-toc-link ez-toc-heading-43\" href=\"https:\/\/loudavymkrokem.cz\/sk\/vylety-v-okoli-pisku\/#Kam_cez_vikend_na_Pisecku\" >Kam cez v\u00edkend na P\u00edsecku?<\/a><\/li><li class='ez-toc-page-1 ez-toc-heading-level-3'><a class=\"ez-toc-link ez-toc-heading-44\" href=\"https:\/\/loudavymkrokem.cz\/sk\/vylety-v-okoli-pisku\/#Co_s_detmi_v_okoli_Pisku\" >\u010co s de\u0165mi v okol\u00ed P\u00edsku?<\/a><\/li><li class='ez-toc-page-1 ez-toc-heading-level-3'><a class=\"ez-toc-link ez-toc-heading-45\" href=\"https:\/\/loudavymkrokem.cz\/sk\/vylety-v-okoli-pisku\/#Ako_daleko_je_Zvikov_z_Pisku\" >Ako \u010faleko je Zv\u00edkov z P\u00edsku?<\/a><\/li><li class='ez-toc-page-1 ez-toc-heading-level-3'><a class=\"ez-toc-link ez-toc-heading-46\" href=\"https:\/\/loudavymkrokem.cz\/sk\/vylety-v-okoli-pisku\/#Jazdi_lod_zo_Zvikova_na_Orlik\" >Jazd\u00ed lo\u010f zo Zv\u00edkova na Orl\u00edk?<\/a><\/li><li class='ez-toc-page-1 ez-toc-heading-level-3'><a class=\"ez-toc-link ez-toc-heading-47\" href=\"https:\/\/loudavymkrokem.cz\/sk\/vylety-v-okoli-pisku\/#Co_je_najlepsi_vylet_do_15_minut_z_mesta\" >\u010co je najlep\u0161\u00ed v\u00fdlet do 15 min\u00fat z mesta?<\/a><\/li><li class='ez-toc-page-1 ez-toc-heading-level-3'><a class=\"ez-toc-link ez-toc-heading-48\" href=\"https:\/\/loudavymkrokem.cz\/sk\/vylety-v-okoli-pisku\/#Kam_v_okoli_Pisku_zadarmo\" >Kam v okol\u00ed P\u00edsku zadarmo?<\/a><\/li><li class='ez-toc-page-1 ez-toc-heading-level-3'><a class=\"ez-toc-link ez-toc-heading-49\" href=\"https:\/\/loudavymkrokem.cz\/sk\/vylety-v-okoli-pisku\/#Co_je_v_okoli_otvorene_v_zime\" >\u010co je v okol\u00ed otvoren\u00e9 v zime?<\/a><\/li><\/ul><\/li><\/ul><\/nav><\/div>\n<h3 class=\"wp-block-heading\"><span class=\"ez-toc-section\" id=\"Zhrnutie\"><\/span>Zhrnutie<span class=\"ez-toc-section-end\"><\/span><\/h3>\n\n\n\n<ul class=\"wp-block-list\">\n<li><strong>Najlep\u0161\u00ed v\u00fdlet celkovo:<\/strong> N\u00e1v\u0161teva majest\u00e1tneho hradu Zv\u00edkov spojen\u00e1 s vyhliadkovou plavbou lo\u010fou na ne\u010falek\u00fd z\u00e1mok Orl\u00edk.<\/li>\n\n\n\n<li><strong>Najbli\u017e\u0161\u00ed cie\u013e:<\/strong> Rozh\u013ead\u0148a Jarn\u00edk a nadv\u00e4zuj\u00face P\u00edseck\u00e9 hory, kam z centra mesta d\u00f4jde\u0161 pokojne aj pr\u00edjemnou prech\u00e1dzkou.<\/li>\n\n\n\n<li><strong>Najlep\u0161ie pre rodiny s de\u0165mi:<\/strong> Rozpr\u00e1vkov\u00e1 kov\u00e1\u010d\u0148a v Selibove a novootvoren\u00fd Farmapark Maletice pln\u00fd zvieratiek a atrakci\u00ed.<\/li>\n\n\n\n<li><strong>Na da\u017ediv\u00fd de\u0148:<\/strong> Protiv\u00ednska Krokod\u00edlia ZOO, ktor\u00e1 spo\u013eahlivo zabav\u00ed v teple, alebo zauj\u00edmav\u00e9 m\u00faze\u00e1 v okolit\u00fdch mest\u00e1ch.<\/li>\n\n\n\n<li><strong>Tip na pamiatku UNESCO:<\/strong> Dedinka Hola\u0161ovice, ktor\u00e1 sa p\u00fd\u0161i \u00faplne unik\u00e1tnym a zachovan\u00fdm sedliackym barokom.<\/li>\n\n\n\n<li><strong>Najnav\u0161tevovanej\u0161\u00ed cie\u013e:<\/strong> \u0160t\u00e1tny z\u00e1mok Hlubok\u00e1 nad Vltavou, ktor\u00fd v\u010faka svojej rozpr\u00e1vkovej architekt\u00fare l\u00e1ka davy turistov z cel\u00e9ho sveta.<\/li>\n\n\n\n<li><strong>Mimo sez\u00f3ny:<\/strong> Zatia\u013e \u010do hrady v zime spia, rozh\u013eadne, zoologick\u00e9 z\u00e1hrady a potulky po P\u00edseck\u00fdch hor\u00e1ch funguj\u00fa bez obmedzenia celoro\u010dne.<\/li>\n<\/ul>\n\n\n\n<figure data-wp-context=\"{&quot;imageId&quot;:&quot;6a9527f90d239&quot;}\" data-wp-interactive=\"core\/image\" data-wp-key=\"6a9527f90d239\" class=\"wp-block-image size-full wp-lightbox-container\"><img decoding=\"async\" width=\"2200\" height=\"1467\" data-wp-class--hide=\"state.isContentHidden\" data-wp-class--show=\"state.isContentVisible\" data-wp-init=\"callbacks.setButtonStyles\" data-wp-on--click=\"actions.showLightbox\" data-wp-on--load=\"callbacks.setButtonStyles\" data-wp-on--pointerdown=\"actions.preloadImage\" data-wp-on--pointerenter=\"actions.preloadImageWithDelay\" data-wp-on--pointerleave=\"actions.cancelPreload\" data-wp-on-window--resize=\"callbacks.setButtonStyles\" src=\"https:\/\/loudavymkrokem.cz\/wp-content\/uploads\/2026\/08\/reka-otava-kamenny-most-pisek.jpg\" alt=\"Rieka Otava a Kamenn\u00fd most v P\u00edsku za s\u00famraku\" class=\"wp-image-404438\" title=\"\" srcset=\"https:\/\/loudavymkrokem.cz\/wp-content\/uploads\/2026\/08\/reka-otava-kamenny-most-pisek.jpg 2200w, https:\/\/loudavymkrokem.cz\/wp-content\/uploads\/2026\/08\/reka-otava-kamenny-most-pisek-300x200.jpg 300w, https:\/\/loudavymkrokem.cz\/wp-content\/uploads\/2026\/08\/reka-otava-kamenny-most-pisek-700x467.jpg 700w, https:\/\/loudavymkrokem.cz\/wp-content\/uploads\/2026\/08\/reka-otava-kamenny-most-pisek-768x512.jpg 768w, https:\/\/loudavymkrokem.cz\/wp-content\/uploads\/2026\/08\/reka-otava-kamenny-most-pisek-1536x1024.jpg 1536w, https:\/\/loudavymkrokem.cz\/wp-content\/uploads\/2026\/08\/reka-otava-kamenny-most-pisek-2048x1366.jpg 2048w, https:\/\/loudavymkrokem.cz\/wp-content\/uploads\/2026\/08\/reka-otava-kamenny-most-pisek-696x464.jpg 696w, https:\/\/loudavymkrokem.cz\/wp-content\/uploads\/2026\/08\/reka-otava-kamenny-most-pisek-1392x928.jpg 1392w, https:\/\/loudavymkrokem.cz\/wp-content\/uploads\/2026\/08\/reka-otava-kamenny-most-pisek-1920x1280.jpg 1920w\" sizes=\"(max-width: 2200px) 100vw, 2200px\" \/><button\n\t\t\tclass=\"lightbox-trigger\"\n\t\t\ttype=\"button\"\n\t\t\taria-haspopup=\"dialog\"\n\t\t\tdata-wp-bind--aria-label=\"state.thisImage.triggerButtonAriaLabel\"\n\t\t\tdata-wp-init=\"callbacks.initTriggerButton\"\n\t\t\tdata-wp-on--click=\"actions.showLightbox\"\n\t\t\tdata-wp-style--right=\"state.thisImage.buttonRight\"\n\t\t\tdata-wp-style--top=\"state.thisImage.buttonTop\"\n\t\t>\n\t\t\t<svg xmlns=\"http:\/\/www.w3.org\/2000\/svg\" width=\"12\" height=\"12\" fill=\"none\" viewBox=\"0 0 12 12\">\n\t\t\t\t<path fill=\"#fff\" d=\"M2 0a2 2 0 0 0-2 2v2h1.5V2a.5.5 0 0 1 .5-.5h2V0H2Zm2 10.5H2a.5.5 0 0 1-.5-.5V8H0v2a2 2 0 0 0 2 2h2v-1.5ZM8 12v-1.5h2a.5.5 0 0 0 .5-.5V8H12v2a2 2 0 0 1-2 2H8Zm2-12a2 2 0 0 1 2 2v2h-1.5V2a.5.5 0 0 0-.5-.5H8V0h2Z\" \/>\n\t\t\t<\/svg>\n\t\t<\/button><\/figure>\n\n\n\n<h2 class=\"wp-block-heading\"><span class=\"ez-toc-section\" id=\"Ako_planovat_vylety_z_Pisku\"><\/span>Ako pl\u00e1nova\u0165 v\u00fdlety z P\u00edsku<span class=\"ez-toc-section-end\"><\/span><\/h2>\n\n\n\n<p class=\"wp-block-paragraph\">P\u00edsek m\u00e1 mimoriadne strategick\u00fa polohu bl\u00edzko dia\u013enice D4, \u010do v praxi znamen\u00e1, \u017ee <strong>presuny smerom na Prahu aj hlb\u0161ie na juh s\u00fa ve\u013emi r\u00fdchle a pohodln\u00e9<\/strong>. Pre lep\u0161iu orient\u00e1ciu si v\u00fdlety del\u00edm na krat\u0161ie poldenn\u00e9, ktor\u00e9 sa nach\u00e1dzaj\u00fa zhruba do tridsiatich kilometrov od mesta, a tie dlh\u0161ie celodenn\u00e9 nad \u0161tyridsa\u0165 kilometrov, na ktor\u00e9 si u\u017e rad\u0161ej vyhradzujeme cel\u00e9 vo\u013en\u00e9 dni.<\/p>\n\n\n\n<p class=\"wp-block-paragraph\">Pri pl\u00e1novan\u00ed ak\u00e9hoko\u013evek spozn\u00e1vania hradov a z\u00e1mkov spadaj\u00facich pod N\u00e1rodn\u00fd pamiatkov\u00fd \u00fastav <strong>po\u010d\u00edtaj s t\u00fdm, \u017ee v pondelok m\u00e1vaj\u00fa plo\u0161ne zatvoren\u00e9<\/strong>. T\u00e1to tich\u00e1 pamiatk\u00e1rska dohoda plat\u00ed aj pre tie najv\u00e4\u010d\u0161ie tah\u00e1ky v okol\u00ed, tak\u017ee si na za\u010diatok t\u00fd\u017ed\u0148a napl\u00e1nuj sk\u00f4r pr\u00edrodu, rozh\u013eadne alebo zoologick\u00e9 z\u00e1hrady, pri ktor\u00fdch b\u00fdva otv\u00e1racia doba ove\u013ea flexibilnej\u0161ia.<\/p>\n\n\n\n<p class=\"wp-block-paragraph\">Ju\u017en\u00e9 \u010cechy s\u00fa navy\u0161e nesmierne ob\u013e\u00faben\u00e9 medzi cyklistami a <strong>hust\u00e1 sie\u0165 cyklotr\u00e1s \u0165a bezpe\u010dne dovedie k mnoh\u00fdm cie\u013eom pozd\u013a\u017e rieky Otavy<\/strong>. Ak sa spolieha\u0161 na verejn\u00fa dopravu, vlakom sa odtia\u013eto kr\u00e1sne dostane\u0161 do okolit\u00fdch miest, ale k niektor\u00fdm osamotenej\u0161\u00edm pamiatkam je \u010dasto ove\u013ea lep\u0161ie a r\u00fdchlej\u0161ie vyu\u017ei\u0165 sk\u00f4r region\u00e1lne autobusov\u00e9 linky.<\/p>\n\n\n\n<figure data-wp-context=\"{&quot;imageId&quot;:&quot;6a9527f90d81f&quot;}\" data-wp-interactive=\"core\/image\" data-wp-key=\"6a9527f90d81f\" class=\"wp-block-image size-full wp-lightbox-container\"><img decoding=\"async\" width=\"2528\" height=\"1696\" data-wp-class--hide=\"state.isContentHidden\" data-wp-class--show=\"state.isContentVisible\" data-wp-init=\"callbacks.setButtonStyles\" data-wp-on--click=\"actions.showLightbox\" data-wp-on--load=\"callbacks.setButtonStyles\" data-wp-on--pointerdown=\"actions.preloadImage\" data-wp-on--pointerenter=\"actions.preloadImageWithDelay\" data-wp-on--pointerleave=\"actions.cancelPreload\" data-wp-on-window--resize=\"callbacks.setButtonStyles\" src=\"https:\/\/loudavymkrokem.cz\/wp-content\/uploads\/2026\/08\/lk-03.jpg\" alt=\"Poh\u013ead do krajiny z P\u00edseck\u00fdch h\u00f4r\" class=\"wp-image-403972\" title=\"\" srcset=\"https:\/\/loudavymkrokem.cz\/wp-content\/uploads\/2026\/08\/lk-03.jpg 2528w, https:\/\/loudavymkrokem.cz\/wp-content\/uploads\/2026\/08\/lk-03-300x201.jpg 300w, https:\/\/loudavymkrokem.cz\/wp-content\/uploads\/2026\/08\/lk-03-700x470.jpg 700w, https:\/\/loudavymkrokem.cz\/wp-content\/uploads\/2026\/08\/lk-03-768x515.jpg 768w, https:\/\/loudavymkrokem.cz\/wp-content\/uploads\/2026\/08\/lk-03-1536x1030.jpg 1536w, https:\/\/loudavymkrokem.cz\/wp-content\/uploads\/2026\/08\/lk-03-2048x1374.jpg 2048w, https:\/\/loudavymkrokem.cz\/wp-content\/uploads\/2026\/08\/lk-03-696x467.jpg 696w, https:\/\/loudavymkrokem.cz\/wp-content\/uploads\/2026\/08\/lk-03-1392x934.jpg 1392w, https:\/\/loudavymkrokem.cz\/wp-content\/uploads\/2026\/08\/lk-03-1920x1288.jpg 1920w\" sizes=\"(max-width: 2528px) 100vw, 2528px\" \/><button\n\t\t\tclass=\"lightbox-trigger\"\n\t\t\ttype=\"button\"\n\t\t\taria-haspopup=\"dialog\"\n\t\t\tdata-wp-bind--aria-label=\"state.thisImage.triggerButtonAriaLabel\"\n\t\t\tdata-wp-init=\"callbacks.initTriggerButton\"\n\t\t\tdata-wp-on--click=\"actions.showLightbox\"\n\t\t\tdata-wp-style--right=\"state.thisImage.buttonRight\"\n\t\t\tdata-wp-style--top=\"state.thisImage.buttonTop\"\n\t\t>\n\t\t\t<svg xmlns=\"http:\/\/www.w3.org\/2000\/svg\" width=\"12\" height=\"12\" fill=\"none\" viewBox=\"0 0 12 12\">\n\t\t\t\t<path fill=\"#fff\" d=\"M2 0a2 2 0 0 0-2 2v2h1.5V2a.5.5 0 0 1 .5-.5h2V0H2Zm2 10.5H2a.5.5 0 0 1-.5-.5V8H0v2a2 2 0 0 0 2 2h2v-1.5ZM8 12v-1.5h2a.5.5 0 0 0 .5-.5V8H12v2a2 2 0 0 1-2 2H8Zm2-12a2 2 0 0 1 2 2v2h-1.5V2a.5.5 0 0 0-.5-.5H8V0h2Z\" \/>\n\t\t\t<\/svg>\n\t\t<\/button><figcaption class=\"wp-element-caption\">Pod\u013ea fotografie: Chmee2 \/ Wikimedia Commons, CC BY-SA 3.0 \u00b7 farebne upraven\u00e9<\/figcaption><\/figure>\n\n\n\n<h2 class=\"wp-block-heading\"><span class=\"ez-toc-section\" id=\"Kde_sa_ubytovat_ked_chces_objizdzat_okolie\"><\/span>Kde sa ubytova\u0165, ke\u010f chce\u0161 obj\u00ed\u017edza\u0165 okolie<span class=\"ez-toc-section-end\"><\/span><\/h2>\n\n\n\n<p class=\"wp-block-paragraph\">Ak ide\u0161 na P\u00edsecko na v\u00edkend alebo na t\u00fd\u017ede\u0148, <strong>oplat\u00ed sa b\u00fdva\u0165 priamo v P\u00edsku<\/strong> a vyr\u00e1\u017ea\u0165 z neho po okol\u00ed. V\u00e4\u010d\u0161ina cie\u013eov z tohto \u010dl\u00e1nku je do pol hodiny jazdy a ve\u010der sa vracia\u0161 do mesta, kde je kde zaparkova\u0165, najes\u0165 sa a prejs\u0165 sa po n\u00e1bre\u017e\u00ed.<\/p>\n\n\n\n<p class=\"wp-block-paragraph\">Najlep\u0161iu adresu m\u00e1 <strong><a href=\"https:\/\/www.stay22.com\/allez\/roam?aid=lukaskonecny&amp;campaign=loudavymkrokemcz&amp;campaign=vylety-v-okoli-pisku&amp;hotelname=Hotel%20Biograf&amp;address=P%C3%ADsek%2C%20%C4%8Cesko\" target=\"_blank\" rel=\"nofollow sponsored noopener\">Hotel Biograf<\/a><\/strong> k\u00fasok od Ve\u013ek\u00e9ho n\u00e1mestia, ktor\u00fd je zrekon\u0161truovan\u00fd a dlhodobo patr\u00ed k najlep\u0161ie hodnoten\u00fdm v P\u00edsku. Pokojnej\u0161ou variantou je <strong><a href=\"https:\/\/www.stay22.com\/allez\/roam?aid=lukaskonecny&amp;campaign=loudavymkrokemcz&amp;campaign=vylety-v-okoli-pisku&amp;hotelname=Hotel%20U%20Kapli%C4%8Dky&amp;address=P%C3%ADsek%2C%20%C4%8Cesko\" target=\"_blank\" rel=\"nofollow sponsored noopener\">Hotel U Kapli\u010dky<\/a><\/strong> s vlastnou re\u0161taur\u00e1ciou a parkovan\u00edm, ktor\u00e9 ocen\u00ed\u0161, ke\u010f sa vracia\u0161 neskoro z v\u00fdletu.<\/p>\n\n\n\n<p class=\"wp-block-paragraph\">Lacnej\u0161ie vyjde <strong><a href=\"https:\/\/www.stay22.com\/allez\/roam?aid=lukaskonecny&amp;campaign=loudavymkrokemcz&amp;campaign=vylety-v-okoli-pisku&amp;hotelname=Penzion%20Sport&amp;address=P%C3%ADsek%2C%20%C4%8Cesko\" target=\"_blank\" rel=\"nofollow sponsored noopener\">Penzion Sport<\/a><\/strong>, kde je to na \u0161portov\u00fd are\u00e1l a plav\u00e1re\u0148 p\u00e1r min\u00fat pe\u0161o. A ak chce\u0161 by\u0165 priamo v historickom centre, sk\u00fas <strong><a href=\"https:\/\/www.stay22.com\/allez\/roam?aid=lukaskonecny&amp;campaign=loudavymkrokemcz&amp;campaign=vylety-v-okoli-pisku&amp;hotelname=Hotel%20Otava&amp;address=P%C3%ADsek%2C%20%C4%8Cesko\" target=\"_blank\" rel=\"nofollow sponsored noopener\">Hotel Otava<\/a><\/strong> v prvorepublikovej budove s Al\u0161ov\u00fdmi ma\u013ebami \u2014 izby sa ale zh\u00e1\u0148aj\u00fa hor\u0161ie, tak\u017ee si ich rezervuj s predstihom.<\/p>\n\n\n\n<p class=\"wp-block-paragraph\">\ud83d\udca1 <strong>Tip:<\/strong> Kompletn\u00fa ponuku ubytovania v P\u00edsku aj s aktu\u00e1lnymi cenami si prejdi <a href=\"https:\/\/www.stay22.com\/allez\/roam?aid=lukaskonecny&amp;campaign=loudavymkrokemcz&amp;campaign=vylety-v-okoli-pisku&amp;address=P%C3%ADsek%2C%20%C4%8Cesko\" target=\"_blank\" rel=\"nofollow sponsored noopener\">na mape ubytovania v P\u00edsku<\/a> \u2014 v hlavnej sez\u00f3ne a cez pred\u013a\u017een\u00e9 v\u00edkendy sa kapacity plnia r\u00fdchlo.<\/p>\n\n\n\n<h2 class=\"wp-block-heading\"><span class=\"ez-toc-section\" id=\"Vylety_do_15_kilometrov_na_pol_dna_aj_na_bicykli\"><\/span>V\u00fdlety do 15 kilometrov: na pol d\u0148a aj na bicykli<span class=\"ez-toc-section-end\"><\/span><\/h2>\n\n\n\n<p class=\"wp-block-paragraph\">Tieto najbli\u017e\u0161ie ciele m\u00e1me naozaj len k\u00fasok za humnami a p\u00edseck\u00e9 rodiny sem chodia hlavne cez v\u00edkendy, ke\u010f sa im nechce tr\u00e1vi\u0165 pr\u00edli\u0161 ve\u013ea \u010dasu v aute. Zvl\u00e1dne\u0161 ich pokojne aj po\u010das popoludnia alebo ako pr\u00edjemn\u00fd cie\u013e cyklistick\u00e9ho v\u00fdletu.<\/p>\n\n\n\n<figure data-wp-context=\"{&quot;imageId&quot;:&quot;6a9527f90de54&quot;}\" data-wp-interactive=\"core\/image\" data-wp-key=\"6a9527f90de54\" class=\"wp-block-image size-full wp-lightbox-container\"><img decoding=\"async\" width=\"2528\" height=\"1696\" data-wp-class--hide=\"state.isContentHidden\" data-wp-class--show=\"state.isContentVisible\" data-wp-init=\"callbacks.setButtonStyles\" data-wp-on--click=\"actions.showLightbox\" data-wp-on--load=\"callbacks.setButtonStyles\" data-wp-on--pointerdown=\"actions.preloadImage\" data-wp-on--pointerenter=\"actions.preloadImageWithDelay\" data-wp-on--pointerleave=\"actions.cancelPreload\" data-wp-on-window--resize=\"callbacks.setButtonStyles\" src=\"https:\/\/loudavymkrokem.cz\/wp-content\/uploads\/2026\/08\/lk-04.jpg\" alt=\"Rozh\u013ead\u0148a Jarn\u00edk v P\u00edseck\u00fdch hor\u00e1ch\" class=\"wp-image-403974\" title=\"\" srcset=\"https:\/\/loudavymkrokem.cz\/wp-content\/uploads\/2026\/08\/lk-04.jpg 2528w, https:\/\/loudavymkrokem.cz\/wp-content\/uploads\/2026\/08\/lk-04-300x201.jpg 300w, https:\/\/loudavymkrokem.cz\/wp-content\/uploads\/2026\/08\/lk-04-700x470.jpg 700w, https:\/\/loudavymkrokem.cz\/wp-content\/uploads\/2026\/08\/lk-04-768x515.jpg 768w, https:\/\/loudavymkrokem.cz\/wp-content\/uploads\/2026\/08\/lk-04-1536x1030.jpg 1536w, https:\/\/loudavymkrokem.cz\/wp-content\/uploads\/2026\/08\/lk-04-2048x1374.jpg 2048w, https:\/\/loudavymkrokem.cz\/wp-content\/uploads\/2026\/08\/lk-04-696x467.jpg 696w, https:\/\/loudavymkrokem.cz\/wp-content\/uploads\/2026\/08\/lk-04-1392x934.jpg 1392w, https:\/\/loudavymkrokem.cz\/wp-content\/uploads\/2026\/08\/lk-04-1920x1288.jpg 1920w\" sizes=\"(max-width: 2528px) 100vw, 2528px\" \/><button\n\t\t\tclass=\"lightbox-trigger\"\n\t\t\ttype=\"button\"\n\t\t\taria-haspopup=\"dialog\"\n\t\t\tdata-wp-bind--aria-label=\"state.thisImage.triggerButtonAriaLabel\"\n\t\t\tdata-wp-init=\"callbacks.initTriggerButton\"\n\t\t\tdata-wp-on--click=\"actions.showLightbox\"\n\t\t\tdata-wp-style--right=\"state.thisImage.buttonRight\"\n\t\t\tdata-wp-style--top=\"state.thisImage.buttonTop\"\n\t\t>\n\t\t\t<svg xmlns=\"http:\/\/www.w3.org\/2000\/svg\" width=\"12\" height=\"12\" fill=\"none\" viewBox=\"0 0 12 12\">\n\t\t\t\t<path fill=\"#fff\" d=\"M2 0a2 2 0 0 0-2 2v2h1.5V2a.5.5 0 0 1 .5-.5h2V0H2Zm2 10.5H2a.5.5 0 0 1-.5-.5V8H0v2a2 2 0 0 0 2 2h2v-1.5ZM8 12v-1.5h2a.5.5 0 0 0 .5-.5V8H12v2a2 2 0 0 1-2 2H8Zm2-12a2 2 0 0 1 2 2v2h-1.5V2a.5.5 0 0 0-.5-.5H8V0h2Z\" \/>\n\t\t\t<\/svg>\n\t\t<\/button><figcaption class=\"wp-element-caption\">Pod\u013ea fotografie: Chmee2 \/ Wikimedia Commons, CC BY 3.0 \u00b7 farebne upraven\u00e9<\/figcaption><\/figure>\n\n\n\n<h3 class=\"wp-block-heading\"><span class=\"ez-toc-section\" id=\"1_Rozhladna_Jarnik\"><\/span>1. Rozh\u013ead\u0148a Jarn\u00edk<span class=\"ez-toc-section-end\"><\/span><\/h3>\n\n\n\n<p class=\"wp-block-paragraph\">Z centra P\u00edsku je to k rozh\u013eadni len <strong>5,1 kilometra, \u010do autom zaberie zhruba 21 min\u00fat<\/strong> a\u017e na z\u00e1chytn\u00e9 parkovisko. Nach\u00e1dza sa priamo v P\u00edseck\u00fdch hor\u00e1ch nad mestom a od bezplatn\u00e9ho parkoviska U Vod\u00e1ka je to k samotnej ve\u017ei e\u0161te asi 1,7 kilometra pe\u0161o kr\u00e1snym lesom.<\/p>\n\n\n\n<p class=\"wp-block-paragraph\">V\u00fdstup je zadarmo a nonstop, hodnot\u00ed ju skoro tis\u00edcka \u013eud\u00ed priemernou \u0161tvorkou s pol hviezdi\u010dkou, a aj ke\u010f je to technicky telekomunika\u010dn\u00e1 ve\u017ea, vyhliadkov\u00e1 plo\u0161ina pon\u00fakne kr\u00e1sny kruhov\u00fd rozh\u013ead na mesto a okolie, ak pr\u00e1ve nep\u00e1li hmla.<\/p>\n\n\n\n<p class=\"wp-block-paragraph\">Tento v\u00fdlet sa navy\u0161e <strong>ide\u00e1lne kombinuje s ne\u010falekou oborou U Vod\u00e1ka<\/strong>, kde m\u00f4\u017ee\u0161 pozorova\u0165 daniele a mufl\u00f3ny. K\u00fasok odtia\u013e pri chate \u017divec potom n\u00e1jde\u0161 ob\u013e\u00faben\u00e9 3D bludisko v korun\u00e1ch stromov, \u010do z tejto lokality rob\u00ed perfektn\u00fd poldenn\u00fd cie\u013e pre v\u0161etky vekov\u00e9 kateg\u00f3rie.<\/p>\n\n\n\n<figure data-wp-context=\"{&quot;imageId&quot;:&quot;6a9527f90e264&quot;}\" data-wp-interactive=\"core\/image\" data-wp-key=\"6a9527f90e264\" class=\"wp-block-image size-full wp-lightbox-container\"><img decoding=\"async\" width=\"2528\" height=\"1696\" data-wp-class--hide=\"state.isContentHidden\" data-wp-class--show=\"state.isContentVisible\" data-wp-init=\"callbacks.setButtonStyles\" data-wp-on--click=\"actions.showLightbox\" data-wp-on--load=\"callbacks.setButtonStyles\" data-wp-on--pointerdown=\"actions.preloadImage\" data-wp-on--pointerenter=\"actions.preloadImageWithDelay\" data-wp-on--pointerleave=\"actions.cancelPreload\" data-wp-on-window--resize=\"callbacks.setButtonStyles\" src=\"https:\/\/loudavymkrokem.cz\/wp-content\/uploads\/2026\/08\/lk-05.jpg\" alt=\"V\u00fdh\u013ead na P\u00edsek z P\u00edseck\u00fdch h\u00f4r\" class=\"wp-image-403977\" title=\"\" srcset=\"https:\/\/loudavymkrokem.cz\/wp-content\/uploads\/2026\/08\/lk-05.jpg 2528w, https:\/\/loudavymkrokem.cz\/wp-content\/uploads\/2026\/08\/lk-05-300x201.jpg 300w, https:\/\/loudavymkrokem.cz\/wp-content\/uploads\/2026\/08\/lk-05-700x470.jpg 700w, https:\/\/loudavymkrokem.cz\/wp-content\/uploads\/2026\/08\/lk-05-768x515.jpg 768w, https:\/\/loudavymkrokem.cz\/wp-content\/uploads\/2026\/08\/lk-05-1536x1030.jpg 1536w, https:\/\/loudavymkrokem.cz\/wp-content\/uploads\/2026\/08\/lk-05-2048x1374.jpg 2048w, https:\/\/loudavymkrokem.cz\/wp-content\/uploads\/2026\/08\/lk-05-696x467.jpg 696w, https:\/\/loudavymkrokem.cz\/wp-content\/uploads\/2026\/08\/lk-05-1392x934.jpg 1392w, https:\/\/loudavymkrokem.cz\/wp-content\/uploads\/2026\/08\/lk-05-1920x1288.jpg 1920w\" sizes=\"(max-width: 2528px) 100vw, 2528px\" \/><button\n\t\t\tclass=\"lightbox-trigger\"\n\t\t\ttype=\"button\"\n\t\t\taria-haspopup=\"dialog\"\n\t\t\tdata-wp-bind--aria-label=\"state.thisImage.triggerButtonAriaLabel\"\n\t\t\tdata-wp-init=\"callbacks.initTriggerButton\"\n\t\t\tdata-wp-on--click=\"actions.showLightbox\"\n\t\t\tdata-wp-style--right=\"state.thisImage.buttonRight\"\n\t\t\tdata-wp-style--top=\"state.thisImage.buttonTop\"\n\t\t>\n\t\t\t<svg xmlns=\"http:\/\/www.w3.org\/2000\/svg\" width=\"12\" height=\"12\" fill=\"none\" viewBox=\"0 0 12 12\">\n\t\t\t\t<path fill=\"#fff\" d=\"M2 0a2 2 0 0 0-2 2v2h1.5V2a.5.5 0 0 1 .5-.5h2V0H2Zm2 10.5H2a.5.5 0 0 1-.5-.5V8H0v2a2 2 0 0 0 2 2h2v-1.5ZM8 12v-1.5h2a.5.5 0 0 0 .5-.5V8H12v2a2 2 0 0 1-2 2H8Zm2-12a2 2 0 0 1 2 2v2h-1.5V2a.5.5 0 0 0-.5-.5H8V0h2Z\" \/>\n\t\t\t<\/svg>\n\t\t<\/button><figcaption class=\"wp-element-caption\">Pod\u013ea fotografie: Chmee2 \/ Wikimedia Commons, CC BY-SA 3.0 \u00b7 farebne upraven\u00e9<\/figcaption><\/figure>\n\n\n\n<h3 class=\"wp-block-heading\"><span class=\"ez-toc-section\" id=\"2_Pisecke_hory\"><\/span>2. P\u00edseck\u00e9 hory<span class=\"ez-toc-section-end\"><\/span><\/h3>\n\n\n\n<p class=\"wp-block-paragraph\">K okraju tohto rozsiahleho lesn\u00e9ho komplexu je to <strong>pribli\u017ene 9,4 kilometra, \u010do zodpoved\u00e1 24 min\u00fatam jazdy<\/strong> z centra mesta. P\u00edseck\u00e9 hory vlastne nie s\u00fa skuto\u010dn\u00fdmi horami v pravom slova zmysle, ale sk\u00f4r n\u00e1dhernou zalesnenou pahorkatinou, ktor\u00e1 tvor\u00ed zelen\u00e9 p\u013e\u00faca cel\u00e9ho P\u00edsecka.<\/p>\n\n\n\n<p class=\"wp-block-paragraph\">N\u00e1jde\u0161 tu <strong>obrovsk\u00fa sie\u0165 perfektne zna\u010den\u00fdch ciest a tich\u00fdch rybn\u00edkov<\/strong>, ktor\u00e9 priamo l\u00e1kaj\u00fa na dlh\u00e9 prech\u00e1dzky. Ve\u013emi odpor\u00fa\u010dam nav\u0161t\u00edvi\u0165 Vyhliadku p\u00edseck\u00fdch lesn\u00edkov, kde je posedenie, popis hist\u00f3rie p\u00edseck\u00e9ho lesn\u00edctva a pokojn\u00fd poh\u013ead do \u00fadolia. \u010ci u\u017e vyraz\u00ed\u0161 pe\u0161o z centra alebo popojde\u0161 autom k chate \u017divec, v\u017edy na teba \u010dak\u00e1 neskuto\u010dn\u00fd pokoj.<\/p>\n\n\n\n<p class=\"wp-block-paragraph\">Cesty s\u00fa spevnen\u00e9 a ko\u010d\u00edk tu prejde bez probl\u00e9mov. Pritom tu aj v sez\u00f3ne \u013eahko n\u00e1jde\u0161 k\u00fat, kde za cel\u00fd de\u0148 nestretne\u0161 \u017eiv\u00fa du\u0161u, \u010di u\u017e zbiera\u0161 huby, beh\u00e1\u00e1\u0161 alebo len tak bl\u00fadi\u0161.<\/p>\n\n\n\n<figure data-wp-context=\"{&quot;imageId&quot;:&quot;6a9527f90e672&quot;}\" data-wp-interactive=\"core\/image\" data-wp-key=\"6a9527f90e672\" class=\"wp-block-image size-full wp-lightbox-container\"><img decoding=\"async\" width=\"2200\" height=\"1467\" data-wp-class--hide=\"state.isContentHidden\" data-wp-class--show=\"state.isContentVisible\" data-wp-init=\"callbacks.setButtonStyles\" data-wp-on--click=\"actions.showLightbox\" data-wp-on--load=\"callbacks.setButtonStyles\" data-wp-on--pointerdown=\"actions.preloadImage\" data-wp-on--pointerenter=\"actions.preloadImageWithDelay\" data-wp-on--pointerleave=\"actions.cancelPreload\" data-wp-on-window--resize=\"callbacks.setButtonStyles\" src=\"https:\/\/loudavymkrokem.cz\/wp-content\/uploads\/2026\/08\/putim-nase-zviratka.jpg\" alt=\"Zook\u00fatik Na\u0161e zvieratk\u00e1 v Putime\" class=\"wp-image-404439\" title=\"\" srcset=\"https:\/\/loudavymkrokem.cz\/wp-content\/uploads\/2026\/08\/putim-nase-zviratka.jpg 2200w, https:\/\/loudavymkrokem.cz\/wp-content\/uploads\/2026\/08\/putim-nase-zviratka-300x200.jpg 300w, https:\/\/loudavymkrokem.cz\/wp-content\/uploads\/2026\/08\/putim-nase-zviratka-700x467.jpg 700w, https:\/\/loudavymkrokem.cz\/wp-content\/uploads\/2026\/08\/putim-nase-zviratka-768x512.jpg 768w, https:\/\/loudavymkrokem.cz\/wp-content\/uploads\/2026\/08\/putim-nase-zviratka-1536x1024.jpg 1536w, https:\/\/loudavymkrokem.cz\/wp-content\/uploads\/2026\/08\/putim-nase-zviratka-2048x1366.jpg 2048w, https:\/\/loudavymkrokem.cz\/wp-content\/uploads\/2026\/08\/putim-nase-zviratka-696x464.jpg 696w, https:\/\/loudavymkrokem.cz\/wp-content\/uploads\/2026\/08\/putim-nase-zviratka-1392x928.jpg 1392w, https:\/\/loudavymkrokem.cz\/wp-content\/uploads\/2026\/08\/putim-nase-zviratka-1920x1280.jpg 1920w\" sizes=\"(max-width: 2200px) 100vw, 2200px\" \/><button\n\t\t\tclass=\"lightbox-trigger\"\n\t\t\ttype=\"button\"\n\t\t\taria-haspopup=\"dialog\"\n\t\t\tdata-wp-bind--aria-label=\"state.thisImage.triggerButtonAriaLabel\"\n\t\t\tdata-wp-init=\"callbacks.initTriggerButton\"\n\t\t\tdata-wp-on--click=\"actions.showLightbox\"\n\t\t\tdata-wp-style--right=\"state.thisImage.buttonRight\"\n\t\t\tdata-wp-style--top=\"state.thisImage.buttonTop\"\n\t\t>\n\t\t\t<svg xmlns=\"http:\/\/www.w3.org\/2000\/svg\" width=\"12\" height=\"12\" fill=\"none\" viewBox=\"0 0 12 12\">\n\t\t\t\t<path fill=\"#fff\" d=\"M2 0a2 2 0 0 0-2 2v2h1.5V2a.5.5 0 0 1 .5-.5h2V0H2Zm2 10.5H2a.5.5 0 0 1-.5-.5V8H0v2a2 2 0 0 0 2 2h2v-1.5ZM8 12v-1.5h2a.5.5 0 0 0 .5-.5V8H12v2a2 2 0 0 1-2 2H8Zm2-12a2 2 0 0 1 2 2v2h-1.5V2a.5.5 0 0 0-.5-.5H8V0h2Z\" \/>\n\t\t\t<\/svg>\n\t\t<\/button><\/figure>\n\n\n\n<h3 class=\"wp-block-heading\"><span class=\"ez-toc-section\" id=\"3_Putim_Nase_zvieratka\"><\/span>3. Putim: Na\u0161e zvieratk\u00e1<span class=\"ez-toc-section-end\"><\/span><\/h3>\n\n\n\n<p class=\"wp-block-paragraph\">Do sl\u00e1vnej dedinky Putim to m\u00e1me iba <strong>6,5 kilometra a cesta autom trv\u00e1 cel\u00fdch 9 min\u00fat<\/strong>. Obec je \u0161iroko-\u010faleko zn\u00e1ma predov\u0161etk\u00fdm v\u010faka sl\u00e1vnemu rom\u00e1nu o dobrom vojakovi \u0160vejkovi, ale pre miestne rodiny je tu ve\u013ek\u00fdm l\u00e1kadlom kr\u00e1sny zook\u00fatik zvan\u00fd Na\u0161e zvieratk\u00e1.<\/p>\n\n\n\n<p class=\"wp-block-paragraph\">Tento mal\u00fd are\u00e1l <strong>m\u00e1 vstup \u00faplne zadarmo a uvid\u00ed\u0161 tu klokany aj nezbedn\u00e9 surikaty<\/strong>. Zvieratk\u00e1 s\u00fa zvyknut\u00e9 na \u013eud\u00ed a are\u00e1l je starostlivo udr\u017eiavan\u00fd, tak\u017ee sa tu ur\u010dite zdr\u017e\u00ed\u0161 dlh\u0161ie, ne\u017e by si mo\u017eno na prv\u00fd poh\u013ead \u010dakal. Aktu\u00e1lnu otv\u00e1raciu dobu n\u00e1jde\u0161 na <a href=\"https:\/\/nasezviratkaputim.cz\" rel=\"nofollow noopener\" target=\"_blank\">nasezviratkaputim.cz<\/a>.<\/p>\n\n\n\n<p class=\"wp-block-paragraph\">Ke\u010f sa naba\u017e\u00ed\u0161 zvieratiek, z\u00e1jdi e\u0161te k star\u00e9mu kamenn\u00e9mu mostu cez Blanicu a ku kostolu sv\u00e4t\u00e9ho Vavrinca, t\u00e1 dedinsk\u00e1 pohoda \u0165a tam jednoducho chyt\u00ed za srdce, aj ke\u010f tam ide\u0161 len na pol hodiny.<\/p>\n\n\n\n<figure data-wp-context=\"{&quot;imageId&quot;:&quot;6a9527f90ea58&quot;}\" data-wp-interactive=\"core\/image\" data-wp-key=\"6a9527f90ea58\" class=\"wp-block-image size-full wp-lightbox-container\"><img decoding=\"async\" width=\"2200\" height=\"1467\" data-wp-class--hide=\"state.isContentHidden\" data-wp-class--show=\"state.isContentVisible\" data-wp-init=\"callbacks.setButtonStyles\" data-wp-on--click=\"actions.showLightbox\" data-wp-on--load=\"callbacks.setButtonStyles\" data-wp-on--pointerdown=\"actions.preloadImage\" data-wp-on--pointerenter=\"actions.preloadImageWithDelay\" data-wp-on--pointerleave=\"actions.cancelPreload\" data-wp-on-window--resize=\"callbacks.setButtonStyles\" src=\"https:\/\/loudavymkrokem.cz\/wp-content\/uploads\/2026\/08\/selibov-pohadkova-kovarna.jpg\" alt=\"Rozpr\u00e1vkov\u00e1 kov\u00e1\u010d\u0148a v Selibove\" class=\"wp-image-404443\" title=\"\" srcset=\"https:\/\/loudavymkrokem.cz\/wp-content\/uploads\/2026\/08\/selibov-pohadkova-kovarna.jpg 2200w, https:\/\/loudavymkrokem.cz\/wp-content\/uploads\/2026\/08\/selibov-pohadkova-kovarna-300x200.jpg 300w, https:\/\/loudavymkrokem.cz\/wp-content\/uploads\/2026\/08\/selibov-pohadkova-kovarna-700x467.jpg 700w, https:\/\/loudavymkrokem.cz\/wp-content\/uploads\/2026\/08\/selibov-pohadkova-kovarna-768x512.jpg 768w, https:\/\/loudavymkrokem.cz\/wp-content\/uploads\/2026\/08\/selibov-pohadkova-kovarna-1536x1024.jpg 1536w, https:\/\/loudavymkrokem.cz\/wp-content\/uploads\/2026\/08\/selibov-pohadkova-kovarna-2048x1366.jpg 2048w, https:\/\/loudavymkrokem.cz\/wp-content\/uploads\/2026\/08\/selibov-pohadkova-kovarna-696x464.jpg 696w, https:\/\/loudavymkrokem.cz\/wp-content\/uploads\/2026\/08\/selibov-pohadkova-kovarna-1392x928.jpg 1392w, https:\/\/loudavymkrokem.cz\/wp-content\/uploads\/2026\/08\/selibov-pohadkova-kovarna-1920x1280.jpg 1920w\" sizes=\"(max-width: 2200px) 100vw, 2200px\" \/><button\n\t\t\tclass=\"lightbox-trigger\"\n\t\t\ttype=\"button\"\n\t\t\taria-haspopup=\"dialog\"\n\t\t\tdata-wp-bind--aria-label=\"state.thisImage.triggerButtonAriaLabel\"\n\t\t\tdata-wp-init=\"callbacks.initTriggerButton\"\n\t\t\tdata-wp-on--click=\"actions.showLightbox\"\n\t\t\tdata-wp-style--right=\"state.thisImage.buttonRight\"\n\t\t\tdata-wp-style--top=\"state.thisImage.buttonTop\"\n\t\t>\n\t\t\t<svg xmlns=\"http:\/\/www.w3.org\/2000\/svg\" width=\"12\" height=\"12\" fill=\"none\" viewBox=\"0 0 12 12\">\n\t\t\t\t<path fill=\"#fff\" d=\"M2 0a2 2 0 0 0-2 2v2h1.5V2a.5.5 0 0 1 .5-.5h2V0H2Zm2 10.5H2a.5.5 0 0 1-.5-.5V8H0v2a2 2 0 0 0 2 2h2v-1.5ZM8 12v-1.5h2a.5.5 0 0 0 .5-.5V8H12v2a2 2 0 0 1-2 2H8Zm2-12a2 2 0 0 1 2 2v2h-1.5V2a.5.5 0 0 0-.5-.5H8V0h2Z\" \/>\n\t\t\t<\/svg>\n\t\t<\/button><\/figure>\n\n\n\n<h3 class=\"wp-block-heading\"><span class=\"ez-toc-section\" id=\"4_Selibov_Rozpravkova_kovacna\"><\/span>4. Selibov: Rozpr\u00e1vkov\u00e1 kov\u00e1\u010d\u0148a<span class=\"ez-toc-section-end\"><\/span><\/h3>\n\n\n\n<p class=\"wp-block-paragraph\">Cesta do Selibova predstavuje vzdialenos\u0165 <strong>8,2 kilometra a potrv\u00e1 ti zhruba 9 min\u00fat jazdy<\/strong> z p\u00edseck\u00e9ho n\u00e1mestia. Nach\u00e1dza sa tu \u00fa\u017easn\u00e1 Rozpr\u00e1vkov\u00e1 kov\u00e1\u010d\u0148a, ktor\u00e1 patr\u00ed medzi v\u00f4bec najob\u013e\u00fabenej\u0161ie ciele rod\u00edn z cel\u00e9ho \u0161irok\u00e9ho okolia a p\u00fd\u0161i sa hodnoten\u00edm 4,7 hviezdi\u010dky od tis\u00edcok \u013eud\u00ed.<\/p>\n\n\n\n<p class=\"wp-block-paragraph\">Vn\u00fatri historick\u00e9ho stavania na teba \u010dakaj\u00fa \u010derti, vodn\u00edci a roztomil\u00e9 v\u00edly, hlavne pre men\u0161ie deti, ale \u00faprimne, dospel\u00ed tam tie\u017e zostan\u00fa s otvoren\u00fdmi \u00fastami. Postavi\u010dky s\u00fa neuverite\u013ene prepracovan\u00e9 a t\u00e1 trochu tajupln\u00e1 atmosf\u00e9ra star\u00fdch \u010desk\u00fdch b\u00e1j\u00ed tu jednoducho sed\u00ed.<\/p>\n\n\n\n<p class=\"wp-block-paragraph\">S\u00fa\u010das\u0165ou are\u00e1lu je aj <strong>tvoriv\u00e1 dielni\u010dka pre \u0161ikovn\u00e9 ruky a na dvore chovaj\u00fa \u017eiv\u00e9 osl\u00edky<\/strong>, ktor\u00e9 n\u00e1v\u0161tevu kr\u00e1sne o\u017eivia. Otv\u00e1raciu dobu a aktu\u00e1lne vstupn\u00e9 si pre istotu v\u017edy over na ich webe <a href=\"https:\/\/pohadkovakovarna.cz\" rel=\"nofollow noopener\" target=\"_blank\">pohadkovakovarna.cz<\/a>, preto\u017ee prev\u00e1dzka sa mimo hlavnej letnej sez\u00f3ny m\u00f4\u017ee mierne meni\u0165.<\/p>\n\n\n\n<figure data-wp-context=\"{&quot;imageId&quot;:&quot;6a9527f90eea1&quot;}\" data-wp-interactive=\"core\/image\" data-wp-key=\"6a9527f90eea1\" class=\"wp-block-image size-full wp-lightbox-container\"><img decoding=\"async\" width=\"2528\" height=\"1696\" data-wp-class--hide=\"state.isContentHidden\" data-wp-class--show=\"state.isContentVisible\" data-wp-init=\"callbacks.setButtonStyles\" data-wp-on--click=\"actions.showLightbox\" data-wp-on--load=\"callbacks.setButtonStyles\" data-wp-on--pointerdown=\"actions.preloadImage\" data-wp-on--pointerenter=\"actions.preloadImageWithDelay\" data-wp-on--pointerleave=\"actions.cancelPreload\" data-wp-on-window--resize=\"callbacks.setButtonStyles\" src=\"https:\/\/loudavymkrokem.cz\/wp-content\/uploads\/2026\/08\/lk-08.jpg\" alt=\"Horn\u00e1 tvrz v Kest\u0159anoch\" class=\"wp-image-403988\" title=\"\" srcset=\"https:\/\/loudavymkrokem.cz\/wp-content\/uploads\/2026\/08\/lk-08.jpg 2528w, https:\/\/loudavymkrokem.cz\/wp-content\/uploads\/2026\/08\/lk-08-300x201.jpg 300w, https:\/\/loudavymkrokem.cz\/wp-content\/uploads\/2026\/08\/lk-08-700x470.jpg 700w, https:\/\/loudavymkrokem.cz\/wp-content\/uploads\/2026\/08\/lk-08-768x515.jpg 768w, https:\/\/loudavymkrokem.cz\/wp-content\/uploads\/2026\/08\/lk-08-1536x1030.jpg 1536w, https:\/\/loudavymkrokem.cz\/wp-content\/uploads\/2026\/08\/lk-08-2048x1374.jpg 2048w, https:\/\/loudavymkrokem.cz\/wp-content\/uploads\/2026\/08\/lk-08-696x467.jpg 696w, https:\/\/loudavymkrokem.cz\/wp-content\/uploads\/2026\/08\/lk-08-1392x934.jpg 1392w, https:\/\/loudavymkrokem.cz\/wp-content\/uploads\/2026\/08\/lk-08-1920x1288.jpg 1920w\" sizes=\"(max-width: 2528px) 100vw, 2528px\" \/><button\n\t\t\tclass=\"lightbox-trigger\"\n\t\t\ttype=\"button\"\n\t\t\taria-haspopup=\"dialog\"\n\t\t\tdata-wp-bind--aria-label=\"state.thisImage.triggerButtonAriaLabel\"\n\t\t\tdata-wp-init=\"callbacks.initTriggerButton\"\n\t\t\tdata-wp-on--click=\"actions.showLightbox\"\n\t\t\tdata-wp-style--right=\"state.thisImage.buttonRight\"\n\t\t\tdata-wp-style--top=\"state.thisImage.buttonTop\"\n\t\t>\n\t\t\t<svg xmlns=\"http:\/\/www.w3.org\/2000\/svg\" width=\"12\" height=\"12\" fill=\"none\" viewBox=\"0 0 12 12\">\n\t\t\t\t<path fill=\"#fff\" d=\"M2 0a2 2 0 0 0-2 2v2h1.5V2a.5.5 0 0 1 .5-.5h2V0H2Zm2 10.5H2a.5.5 0 0 1-.5-.5V8H0v2a2 2 0 0 0 2 2h2v-1.5ZM8 12v-1.5h2a.5.5 0 0 0 .5-.5V8H12v2a2 2 0 0 1-2 2H8Zm2-12a2 2 0 0 1 2 2v2h-1.5V2a.5.5 0 0 0-.5-.5H8V0h2Z\" \/>\n\t\t\t<\/svg>\n\t\t<\/button><figcaption class=\"wp-element-caption\">Pod\u013ea fotografie: donald judge \/ Wikimedia Commons, CC BY 2.0 \u00b7 farebne upraven\u00e9<\/figcaption><\/figure>\n\n\n\n<h3 class=\"wp-block-heading\"><span class=\"ez-toc-section\" id=\"5_Kestrany_Horna_a_Dolna_tvrz\"><\/span>5. Kest\u0159any: Horn\u00e1 a Doln\u00e1 tvrz<span class=\"ez-toc-section-end\"><\/span><\/h3>\n\n\n\n<p class=\"wp-block-paragraph\">Tento historick\u00fd unik\u00e1t le\u017e\u00ed <strong>8,9 kilometra od P\u00edsku a autom sem doraz\u00ed\u0161 za 13 min\u00fat<\/strong>. Kest\u0159any s\u00fa medzi milovn\u00edkmi hist\u00f3rie ve\u013ek\u00fdm pojmom, preto\u017ee sa tu nach\u00e1dza \u00faplne ojedinel\u00fd s\u00fabor dvoch stredovek\u00fdch tvrz\u00ed stojacich tesne ved\u013ea seba, \u010do v \u010cesku sn\u00e1\u010f nikde inde neuvid\u00ed\u0161.<\/p>\n\n\n\n<p class=\"wp-block-paragraph\">Are\u00e1l Hornej tvrze b\u00fdva <strong>v letnej sez\u00f3ne pr\u00edstupn\u00fd od 9 do 19 hodiny a p\u00f4sob\u00ed ako nefal\u0161ovan\u00e1 romantick\u00e1 zr\u00facanina<\/strong>. Obe tvrze si zachovali svoj surov\u00fd stredovek\u00fd r\u00e1z bez zbyto\u010dn\u00fdch modern\u00fdch z\u00e1sahov, tak\u017ee si tu pripad\u00e1\u0161, akoby si sem pri\u0161iel rovno z nejak\u00e9ho hrdinsk\u00e9ho rom\u00e1nu a zabudol cestu sp\u00e4\u0165.<\/p>\n\n\n\n<p class=\"wp-block-paragraph\">Ve\u013ekou v\u00fdhodou tohto miesta je, \u017ee <strong>sem nepr\u00fadia davy turistov a panuje tu \u00fa\u017easn\u00fd pokoj<\/strong>, tak\u017ee si fotenie a prieskum hradieb m\u00f4\u017ee\u0161 u\u017ei\u0165 naplno. Detailn\u00e9 inform\u00e1cie k prehliadkam aj aktu\u00e1lnu otv\u00e1raciu dobu n\u00e1jde\u0161 na webe <a href=\"https:\/\/kestrany.cz\" rel=\"nofollow noopener\" target=\"_blank\">kestrany.cz<\/a>.<\/p>\n\n\n\n<figure data-wp-context=\"{&quot;imageId&quot;:&quot;6a9527f90f2b0&quot;}\" data-wp-interactive=\"core\/image\" data-wp-key=\"6a9527f90f2b0\" class=\"wp-block-image size-full wp-lightbox-container\"><img decoding=\"async\" width=\"2200\" height=\"1467\" data-wp-class--hide=\"state.isContentHidden\" data-wp-class--show=\"state.isContentVisible\" data-wp-init=\"callbacks.setButtonStyles\" data-wp-on--click=\"actions.showLightbox\" data-wp-on--load=\"callbacks.setButtonStyles\" data-wp-on--pointerdown=\"actions.preloadImage\" data-wp-on--pointerenter=\"actions.preloadImageWithDelay\" data-wp-on--pointerleave=\"actions.cancelPreload\" data-wp-on-window--resize=\"callbacks.setButtonStyles\" src=\"https:\/\/loudavymkrokem.cz\/wp-content\/uploads\/2026\/08\/maletice-farmapark-zviratka.jpg\" alt=\"Kontaktn\u00e9 zvierat\u00e1 vo Farmaparku Maletice\" class=\"wp-image-404445\" title=\"\" srcset=\"https:\/\/loudavymkrokem.cz\/wp-content\/uploads\/2026\/08\/maletice-farmapark-zviratka.jpg 2200w, https:\/\/loudavymkrokem.cz\/wp-content\/uploads\/2026\/08\/maletice-farmapark-zviratka-300x200.jpg 300w, https:\/\/loudavymkrokem.cz\/wp-content\/uploads\/2026\/08\/maletice-farmapark-zviratka-700x467.jpg 700w, https:\/\/loudavymkrokem.cz\/wp-content\/uploads\/2026\/08\/maletice-farmapark-zviratka-768x512.jpg 768w, https:\/\/loudavymkrokem.cz\/wp-content\/uploads\/2026\/08\/maletice-farmapark-zviratka-1536x1024.jpg 1536w, https:\/\/loudavymkrokem.cz\/wp-content\/uploads\/2026\/08\/maletice-farmapark-zviratka-2048x1366.jpg 2048w, https:\/\/loudavymkrokem.cz\/wp-content\/uploads\/2026\/08\/maletice-farmapark-zviratka-696x464.jpg 696w, https:\/\/loudavymkrokem.cz\/wp-content\/uploads\/2026\/08\/maletice-farmapark-zviratka-1392x928.jpg 1392w, https:\/\/loudavymkrokem.cz\/wp-content\/uploads\/2026\/08\/maletice-farmapark-zviratka-1920x1280.jpg 1920w\" sizes=\"(max-width: 2200px) 100vw, 2200px\" \/><button\n\t\t\tclass=\"lightbox-trigger\"\n\t\t\ttype=\"button\"\n\t\t\taria-haspopup=\"dialog\"\n\t\t\tdata-wp-bind--aria-label=\"state.thisImage.triggerButtonAriaLabel\"\n\t\t\tdata-wp-init=\"callbacks.initTriggerButton\"\n\t\t\tdata-wp-on--click=\"actions.showLightbox\"\n\t\t\tdata-wp-style--right=\"state.thisImage.buttonRight\"\n\t\t\tdata-wp-style--top=\"state.thisImage.buttonTop\"\n\t\t>\n\t\t\t<svg xmlns=\"http:\/\/www.w3.org\/2000\/svg\" width=\"12\" height=\"12\" fill=\"none\" viewBox=\"0 0 12 12\">\n\t\t\t\t<path fill=\"#fff\" d=\"M2 0a2 2 0 0 0-2 2v2h1.5V2a.5.5 0 0 1 .5-.5h2V0H2Zm2 10.5H2a.5.5 0 0 1-.5-.5V8H0v2a2 2 0 0 0 2 2h2v-1.5ZM8 12v-1.5h2a.5.5 0 0 0 .5-.5V8H12v2a2 2 0 0 1-2 2H8Zm2-12a2 2 0 0 1 2 2v2h-1.5V2a.5.5 0 0 0-.5-.5H8V0h2Z\" \/>\n\t\t\t<\/svg>\n\t\t<\/button><\/figure>\n\n\n\n<h3 class=\"wp-block-heading\"><span class=\"ez-toc-section\" id=\"6_Maletice_Farmapark\"><\/span>6. Maletice: Farmapark<span class=\"ez-toc-section-end\"><\/span><\/h3>\n\n\n\n<p class=\"wp-block-paragraph\">Do novovybudovan\u00e9ho farmaparku v Maleticiach prejde\u0161 <strong>11,2 kilometra, \u010do znamen\u00e1 pohodov\u00fdch 12 min\u00fat v aute<\/strong>. Ide o relat\u00edvne nov\u00fd projekt, ktor\u00fd si ale neuverite\u013ene r\u00fdchlo z\u00edskal srdcia miestnych rod\u00edn a dnes patr\u00ed k najob\u013e\u00fabenej\u0161\u00edm rodinn\u00fdm cie\u013eom v dosahu mesta.<\/p>\n\n\n\n<p class=\"wp-block-paragraph\">Are\u00e1l je obrovsk\u00fd a <strong>pon\u00faka mno\u017estvo zvierat kontaktn\u00e9ho charakteru spolu s obr\u00edmi trampol\u00ednami<\/strong>, kde sa deti m\u00f4\u017eu \u00faplne bezpe\u010dne vy\u0161anti\u0165. V\u0161etko je koncipovan\u00e9 tak, aby si rodi\u010dia mohli v pokoji vypi\u0165 k\u00e1vu, zatia\u013e \u010do ratolesti maj\u00fa na doh\u013ead a tie sa zab\u00e1vaj\u00fa na roz\u013eahl\u00fdch hern\u00fdch prvkoch. Farmapark je uroben\u00fd neskuto\u010dne \u0161ikovne a medzi p\u00edseck\u00fdmi rodinami sa stal po\u010das chv\u00ed\u013eky st\u00e1licou. Vstupn\u00e9 aj otv\u00e1raciu dobu si over na <a href=\"https:\/\/farmaparkmaletice.cz\" rel=\"nofollow noopener\" target=\"_blank\">farmaparkmaletice.cz<\/a>.<\/p>\n\n\n\n<p class=\"wp-block-paragraph\">Tento cie\u013e je <strong>hlavne pre rodiny \u00faplnou povinnos\u0165ou a dok\u00e1\u017ee\u0161 tu bez probl\u00e9mov str\u00e1vi\u0165 cel\u00e9 popoludnie<\/strong>. Ak h\u013ead\u00e1\u0161 \u010fal\u0161ie podobn\u00e9 n\u00e1pady, ur\u010dite mrkni na n\u00e1\u0161 \u010dl\u00e1nok <a href=\"https:\/\/loudavymkrokem.cz\/sk\/pisek-cesko-s-detmi\/\">P\u00edsek s de\u0165mi: 40 tipov od miestnej mamy<\/a>, kde n\u00e1jde\u0161 kopu \u010fal\u0161\u00edch preveren\u00fdch miest v okol\u00ed.<\/p>\n\n\n\n<figure data-wp-context=\"{&quot;imageId&quot;:&quot;6a9527f90f676&quot;}\" data-wp-interactive=\"core\/image\" data-wp-key=\"6a9527f90f676\" class=\"wp-block-image size-full wp-lightbox-container\"><img decoding=\"async\" width=\"2528\" height=\"1696\" data-wp-class--hide=\"state.isContentHidden\" data-wp-class--show=\"state.isContentVisible\" data-wp-init=\"callbacks.setButtonStyles\" data-wp-on--click=\"actions.showLightbox\" data-wp-on--load=\"callbacks.setButtonStyles\" data-wp-on--pointerdown=\"actions.preloadImage\" data-wp-on--pointerenter=\"actions.preloadImageWithDelay\" data-wp-on--pointerleave=\"actions.cancelPreload\" data-wp-on-window--resize=\"callbacks.setButtonStyles\" src=\"https:\/\/loudavymkrokem.cz\/wp-content\/uploads\/2026\/08\/lk-10.jpg\" alt=\"Rybn\u00edk \u0158e\u017eabinec pri Ra\u017eiciach\" class=\"wp-image-404016\" title=\"\" srcset=\"https:\/\/loudavymkrokem.cz\/wp-content\/uploads\/2026\/08\/lk-10.jpg 2528w, https:\/\/loudavymkrokem.cz\/wp-content\/uploads\/2026\/08\/lk-10-300x201.jpg 300w, https:\/\/loudavymkrokem.cz\/wp-content\/uploads\/2026\/08\/lk-10-700x470.jpg 700w, https:\/\/loudavymkrokem.cz\/wp-content\/uploads\/2026\/08\/lk-10-768x515.jpg 768w, https:\/\/loudavymkrokem.cz\/wp-content\/uploads\/2026\/08\/lk-10-1536x1030.jpg 1536w, https:\/\/loudavymkrokem.cz\/wp-content\/uploads\/2026\/08\/lk-10-2048x1374.jpg 2048w, https:\/\/loudavymkrokem.cz\/wp-content\/uploads\/2026\/08\/lk-10-696x467.jpg 696w, https:\/\/loudavymkrokem.cz\/wp-content\/uploads\/2026\/08\/lk-10-1392x934.jpg 1392w, https:\/\/loudavymkrokem.cz\/wp-content\/uploads\/2026\/08\/lk-10-1920x1288.jpg 1920w\" sizes=\"(max-width: 2528px) 100vw, 2528px\" \/><button\n\t\t\tclass=\"lightbox-trigger\"\n\t\t\ttype=\"button\"\n\t\t\taria-haspopup=\"dialog\"\n\t\t\tdata-wp-bind--aria-label=\"state.thisImage.triggerButtonAriaLabel\"\n\t\t\tdata-wp-init=\"callbacks.initTriggerButton\"\n\t\t\tdata-wp-on--click=\"actions.showLightbox\"\n\t\t\tdata-wp-style--right=\"state.thisImage.buttonRight\"\n\t\t\tdata-wp-style--top=\"state.thisImage.buttonTop\"\n\t\t>\n\t\t\t<svg xmlns=\"http:\/\/www.w3.org\/2000\/svg\" width=\"12\" height=\"12\" fill=\"none\" viewBox=\"0 0 12 12\">\n\t\t\t\t<path fill=\"#fff\" d=\"M2 0a2 2 0 0 0-2 2v2h1.5V2a.5.5 0 0 1 .5-.5h2V0H2Zm2 10.5H2a.5.5 0 0 1-.5-.5V8H0v2a2 2 0 0 0 2 2h2v-1.5ZM8 12v-1.5h2a.5.5 0 0 0 .5-.5V8H12v2a2 2 0 0 1-2 2H8Zm2-12a2 2 0 0 1 2 2v2h-1.5V2a.5.5 0 0 0-.5-.5H8V0h2Z\" \/>\n\t\t\t<\/svg>\n\t\t<\/button><figcaption class=\"wp-element-caption\">Pod\u013ea fotografie: Chmee2 \/ Wikimedia Commons, CC BY 3.0 \u00b7 farebne upraven\u00e9<\/figcaption><\/figure>\n\n\n\n<h3 class=\"wp-block-heading\"><span class=\"ez-toc-section\" id=\"7_Rezabinec_a_Rezabinecke_tone\"><\/span>7. \u0158e\u017eabinec a \u0158e\u017eabineck\u00e9 t\u00f4ne<span class=\"ez-toc-section-end\"><\/span><\/h3>\n\n\n\n<p class=\"wp-block-paragraph\">K tejto n\u00e1dhernej pr\u00edrodnej rezerv\u00e1cii pri obci Ra\u017eice prejde\u0161 <strong>11,3 kilometra a zaberie ti to zhruba 25 min\u00fat<\/strong>. Rybn\u00edk \u0158e\u017eabinec predstavuje jednu z najv\u00fdznamnej\u0161\u00edch ornitologick\u00fdch lokal\u00edt cel\u00fdch ju\u017en\u00fdch \u010ciech a cel\u00e1 oblas\u0165 je pr\u00edsne chr\u00e1nen\u00e1 ako n\u00e1rodn\u00e1 pr\u00edrodn\u00e1 rezerv\u00e1cia.<\/p>\n\n\n\n<p class=\"wp-block-paragraph\">Okolo vodnej plochy <strong>vedie pekn\u00fd n\u00e1u\u010dn\u00fd chodn\u00edk doplnen\u00fd o dreven\u00fa vt\u00e1\u010diu pozorovate\u013e\u0148u<\/strong>, z ktorej m\u00f4\u017ee\u0161 neru\u0161ene sledova\u0165 \u017eivot na hladine. Odpor\u00fa\u010dam pribali\u0165 si so sebou \u010falekoh\u013ead, preto\u017ee mno\u017estvo vt\u00e1ctva, ktor\u00e9 tu hniezdi alebo sa zastavuje pri \u0165ahu, je naozaj fascinuj\u00face.<\/p>\n\n\n\n<p class=\"wp-block-paragraph\">T\u00e1to lokalita je <strong>ide\u00e1lna pre v\u0161etk\u00fdch, ktor\u00ed h\u013eadaj\u00fa ticho a \u00fapln\u00fd \u00fanik od civiliz\u00e1cie<\/strong>, preto\u017ee sem mieria sk\u00f4r milovn\u00edci pr\u00edrody ne\u017e masov\u00ed turisti. Chodn\u00edk je navy\u0161e nen\u00e1ro\u010dn\u00fd a rovinat\u00fd, tak\u017ee ho v pohode zvl\u00e1dnu aj star\u0161ie ro\u010dn\u00edky alebo sviato\u010dn\u00ed v\u00fdletn\u00edci.<\/p>\n\n\n\n<figure data-wp-context=\"{&quot;imageId&quot;:&quot;6a9527f90fa45&quot;}\" data-wp-interactive=\"core\/image\" data-wp-key=\"6a9527f90fa45\" class=\"wp-block-image size-full wp-lightbox-container\"><img decoding=\"async\" width=\"2528\" height=\"1696\" data-wp-class--hide=\"state.isContentHidden\" data-wp-class--show=\"state.isContentVisible\" data-wp-init=\"callbacks.setButtonStyles\" data-wp-on--click=\"actions.showLightbox\" data-wp-on--load=\"callbacks.setButtonStyles\" data-wp-on--pointerdown=\"actions.preloadImage\" data-wp-on--pointerenter=\"actions.preloadImageWithDelay\" data-wp-on--pointerleave=\"actions.cancelPreload\" data-wp-on-window--resize=\"callbacks.setButtonStyles\" src=\"https:\/\/loudavymkrokem.cz\/wp-content\/uploads\/2026\/08\/lk-11.jpg\" alt=\"Podolsk\u00fd most cez Orlick\u00fa priehradu\" class=\"wp-image-404022\" title=\"\" srcset=\"https:\/\/loudavymkrokem.cz\/wp-content\/uploads\/2026\/08\/lk-11.jpg 2528w, https:\/\/loudavymkrokem.cz\/wp-content\/uploads\/2026\/08\/lk-11-300x201.jpg 300w, https:\/\/loudavymkrokem.cz\/wp-content\/uploads\/2026\/08\/lk-11-700x470.jpg 700w, https:\/\/loudavymkrokem.cz\/wp-content\/uploads\/2026\/08\/lk-11-768x515.jpg 768w, https:\/\/loudavymkrokem.cz\/wp-content\/uploads\/2026\/08\/lk-11-1536x1030.jpg 1536w, https:\/\/loudavymkrokem.cz\/wp-content\/uploads\/2026\/08\/lk-11-2048x1374.jpg 2048w, https:\/\/loudavymkrokem.cz\/wp-content\/uploads\/2026\/08\/lk-11-696x467.jpg 696w, https:\/\/loudavymkrokem.cz\/wp-content\/uploads\/2026\/08\/lk-11-1392x934.jpg 1392w, https:\/\/loudavymkrokem.cz\/wp-content\/uploads\/2026\/08\/lk-11-1920x1288.jpg 1920w\" sizes=\"(max-width: 2528px) 100vw, 2528px\" \/><button\n\t\t\tclass=\"lightbox-trigger\"\n\t\t\ttype=\"button\"\n\t\t\taria-haspopup=\"dialog\"\n\t\t\tdata-wp-bind--aria-label=\"state.thisImage.triggerButtonAriaLabel\"\n\t\t\tdata-wp-init=\"callbacks.initTriggerButton\"\n\t\t\tdata-wp-on--click=\"actions.showLightbox\"\n\t\t\tdata-wp-style--right=\"state.thisImage.buttonRight\"\n\t\t\tdata-wp-style--top=\"state.thisImage.buttonTop\"\n\t\t>\n\t\t\t<svg xmlns=\"http:\/\/www.w3.org\/2000\/svg\" width=\"12\" height=\"12\" fill=\"none\" viewBox=\"0 0 12 12\">\n\t\t\t\t<path fill=\"#fff\" d=\"M2 0a2 2 0 0 0-2 2v2h1.5V2a.5.5 0 0 1 .5-.5h2V0H2Zm2 10.5H2a.5.5 0 0 1-.5-.5V8H0v2a2 2 0 0 0 2 2h2v-1.5ZM8 12v-1.5h2a.5.5 0 0 0 .5-.5V8H12v2a2 2 0 0 1-2 2H8Zm2-12a2 2 0 0 1 2 2v2h-1.5V2a.5.5 0 0 0-.5-.5H8V0h2Z\" \/>\n\t\t\t<\/svg>\n\t\t<\/button><figcaption class=\"wp-element-caption\">Pod\u013ea fotografie: Honza and Ivana Ebr \/ Wikimedia Commons, CC BY 3.0 \u00b7 farebne upraven\u00e9<\/figcaption><\/figure>\n\n\n\n<h3 class=\"wp-block-heading\"><span class=\"ez-toc-section\" id=\"8_Podolsky_most\"><\/span>8. Podolsk\u00fd most<span class=\"ez-toc-section-end\"><\/span><\/h3>\n\n\n\n<p class=\"wp-block-paragraph\">K tomuto technick\u00e9mu skvostu je to z P\u00edsku <strong>12,1 kilometra a jazda trv\u00e1 len 13 min\u00fat<\/strong>. Podolsk\u00fd most, klen\u00faci sa cez Orlick\u00fa priehradu, je nesmierne elegantn\u00e1 obl\u00fakov\u00e1 stavba budovan\u00e1 v rokoch 1938 a\u017e 1942 a dodnes predstavuje \u00fachvatn\u00fa uk\u00e1\u017eku vtedaj\u0161ieho in\u017einierstva.<\/p>\n\n\n\n<p class=\"wp-block-paragraph\">Mostovka sa p\u00fd\u0161i <strong>hlavn\u00fdm rozp\u00e4t\u00edm 150 metrov a pon\u00faka dych vyr\u00e1\u017eaj\u00facu vyhliadku priamo na vodn\u00fa hladinu<\/strong> hlboko pod tebou. Na vyhraden\u00fdch miestach sa d\u00e1 bezpe\u010dne zastavi\u0165, pokocha\u0165 sa v\u00fdh\u013eadom a nafoti\u0165 kr\u00e1sne z\u00e1bery \u00fadolia, ktor\u00e9 most tak elegantne prekra\u010duje.<\/p>\n\n\n\n<p class=\"wp-block-paragraph\">Pri moste navy\u0161e <strong>\u010dasto b\u00fdva otvoren\u00e9 drobn\u00e9 ob\u010derstvenie, kde si m\u00f4\u017ee\u0161 da\u0165 k\u00e1vu<\/strong>, a cel\u00e9 sa to skvele kombinuje s n\u00e1v\u0161tevou ne\u010falek\u00e9ho hradu Zv\u00edkov. Na Google map\u00e1ch m\u00e1 most fam\u00f3zne hodnotenie 4,7 hviezdi\u010dky od viac ne\u017e dvoch tis\u00edcok \u013eud\u00ed, \u010do dokazuje, \u017ee za t\u00fa zast\u00e1vku rozhodne stoj\u00ed.<\/p>\n\n\n\n<figure data-wp-context=\"{&quot;imageId&quot;:&quot;6a9527f90fe0f&quot;}\" data-wp-interactive=\"core\/image\" data-wp-key=\"6a9527f90fe0f\" class=\"wp-block-image size-full wp-lightbox-container\"><img decoding=\"async\" width=\"2528\" height=\"1696\" data-wp-class--hide=\"state.isContentHidden\" data-wp-class--show=\"state.isContentVisible\" data-wp-init=\"callbacks.setButtonStyles\" data-wp-on--click=\"actions.showLightbox\" data-wp-on--load=\"callbacks.setButtonStyles\" data-wp-on--pointerdown=\"actions.preloadImage\" data-wp-on--pointerenter=\"actions.preloadImageWithDelay\" data-wp-on--pointerleave=\"actions.cancelPreload\" data-wp-on-window--resize=\"callbacks.setButtonStyles\" src=\"https:\/\/loudavymkrokem.cz\/wp-content\/uploads\/2026\/08\/lk-12.jpg\" alt=\"\u017di\u017ekova mohyla pri Sudom\u011b\u0159i\" class=\"wp-image-404027\" title=\"\" srcset=\"https:\/\/loudavymkrokem.cz\/wp-content\/uploads\/2026\/08\/lk-12.jpg 2528w, https:\/\/loudavymkrokem.cz\/wp-content\/uploads\/2026\/08\/lk-12-300x201.jpg 300w, https:\/\/loudavymkrokem.cz\/wp-content\/uploads\/2026\/08\/lk-12-700x470.jpg 700w, https:\/\/loudavymkrokem.cz\/wp-content\/uploads\/2026\/08\/lk-12-768x515.jpg 768w, https:\/\/loudavymkrokem.cz\/wp-content\/uploads\/2026\/08\/lk-12-1536x1030.jpg 1536w, https:\/\/loudavymkrokem.cz\/wp-content\/uploads\/2026\/08\/lk-12-2048x1374.jpg 2048w, https:\/\/loudavymkrokem.cz\/wp-content\/uploads\/2026\/08\/lk-12-696x467.jpg 696w, https:\/\/loudavymkrokem.cz\/wp-content\/uploads\/2026\/08\/lk-12-1392x934.jpg 1392w, https:\/\/loudavymkrokem.cz\/wp-content\/uploads\/2026\/08\/lk-12-1920x1288.jpg 1920w\" sizes=\"(max-width: 2528px) 100vw, 2528px\" \/><button\n\t\t\tclass=\"lightbox-trigger\"\n\t\t\ttype=\"button\"\n\t\t\taria-haspopup=\"dialog\"\n\t\t\tdata-wp-bind--aria-label=\"state.thisImage.triggerButtonAriaLabel\"\n\t\t\tdata-wp-init=\"callbacks.initTriggerButton\"\n\t\t\tdata-wp-on--click=\"actions.showLightbox\"\n\t\t\tdata-wp-style--right=\"state.thisImage.buttonRight\"\n\t\t\tdata-wp-style--top=\"state.thisImage.buttonTop\"\n\t\t>\n\t\t\t<svg xmlns=\"http:\/\/www.w3.org\/2000\/svg\" width=\"12\" height=\"12\" fill=\"none\" viewBox=\"0 0 12 12\">\n\t\t\t\t<path fill=\"#fff\" d=\"M2 0a2 2 0 0 0-2 2v2h1.5V2a.5.5 0 0 1 .5-.5h2V0H2Zm2 10.5H2a.5.5 0 0 1-.5-.5V8H0v2a2 2 0 0 0 2 2h2v-1.5ZM8 12v-1.5h2a.5.5 0 0 0 .5-.5V8H12v2a2 2 0 0 1-2 2H8Zm2-12a2 2 0 0 1 2 2v2h-1.5V2a.5.5 0 0 0-.5-.5H8V0h2Z\" \/>\n\t\t\t<\/svg>\n\t\t<\/button><\/figure>\n\n\n\n<h3 class=\"wp-block-heading\"><span class=\"ez-toc-section\" id=\"9_Sudomer_Zizkova_mohyla\"><\/span>9. Sudom\u011b\u0159: \u017di\u017ekova mohyla<span class=\"ez-toc-section-end\"><\/span><\/h3>\n\n\n\n<p class=\"wp-block-paragraph\">Na miesto sl\u00e1vnej bitky prejde\u0161 <strong>13,7 kilometra a z mesta sem doraz\u00ed\u0161 za pouh\u00fdch 18 min\u00fat<\/strong>. Pr\u00e1ve tu, v krajine medzi rybn\u00edkmi, sa v roku 1420 odohrala legend\u00e1rna bitka pri Sudom\u011b\u0159i, kde husitsk\u00e9 vojsk\u00e1 pod veden\u00edm Jana \u017di\u017eku z Trocnova sl\u00e1vne zv\u00ed\u0165azili nad kri\u017eiakmi.<\/p>\n\n\n\n<p class=\"wp-block-paragraph\">Dnes tu stoj\u00ed <strong>monument\u00e1lny kamenn\u00fd pam\u00e4tn\u00edk v tvare husitsk\u00e9ho bojovn\u00edka<\/strong>, ktor\u00fd je vo\u013ene pr\u00edstupn\u00fd a samozrejme \u00faplne zadarmo. Miesto m\u00e1 siln\u00e9ho genia loci a na informa\u010dn\u00fdch tabuliach si m\u00f4\u017ee\u0161 detailne na\u0161tudova\u0165, ako presne vtedaj\u0161ia vojensk\u00e1 taktika s vyu\u017eit\u00edm bahnit\u00fdch rybn\u00edkov fungovala.<\/p>\n\n\n\n<p class=\"wp-block-paragraph\">Okolo mohyly <strong>vedie pr\u00edjemn\u00e1 trasa medzi vodn\u00fdmi plochami, ktor\u00e1 je ako stvoren\u00e1 na popolud\u0148aj\u0161iu prech\u00e1dzku<\/strong>, a \u013eudia miesto hodnotia kr\u00e1snymi 4,7 hviezdi\u010dkami. Je to k\u00fasok hist\u00f3rie zasaden\u00fd do typicky pokojnej juho\u010deskej krajiny, ktor\u00fa si jednoducho zamiluje\u0161.<\/p>\n\n\n\n<figure data-wp-context=\"{&quot;imageId&quot;:&quot;6a9527f91020a&quot;}\" data-wp-interactive=\"core\/image\" data-wp-key=\"6a9527f91020a\" class=\"wp-block-image size-full wp-lightbox-container\"><img decoding=\"async\" width=\"2528\" height=\"1696\" data-wp-class--hide=\"state.isContentHidden\" data-wp-class--show=\"state.isContentVisible\" data-wp-init=\"callbacks.setButtonStyles\" data-wp-on--click=\"actions.showLightbox\" data-wp-on--load=\"callbacks.setButtonStyles\" data-wp-on--pointerdown=\"actions.preloadImage\" data-wp-on--pointerenter=\"actions.preloadImageWithDelay\" data-wp-on--pointerleave=\"actions.cancelPreload\" data-wp-on-window--resize=\"callbacks.setButtonStyles\" src=\"https:\/\/loudavymkrokem.cz\/wp-content\/uploads\/2026\/08\/lk-13.jpg\" alt=\"Krokod\u00edlia ZOO v Protiv\u00edne\" class=\"wp-image-404033\" title=\"\" srcset=\"https:\/\/loudavymkrokem.cz\/wp-content\/uploads\/2026\/08\/lk-13.jpg 2528w, https:\/\/loudavymkrokem.cz\/wp-content\/uploads\/2026\/08\/lk-13-300x201.jpg 300w, https:\/\/loudavymkrokem.cz\/wp-content\/uploads\/2026\/08\/lk-13-700x470.jpg 700w, https:\/\/loudavymkrokem.cz\/wp-content\/uploads\/2026\/08\/lk-13-768x515.jpg 768w, https:\/\/loudavymkrokem.cz\/wp-content\/uploads\/2026\/08\/lk-13-1536x1030.jpg 1536w, https:\/\/loudavymkrokem.cz\/wp-content\/uploads\/2026\/08\/lk-13-2048x1374.jpg 2048w, https:\/\/loudavymkrokem.cz\/wp-content\/uploads\/2026\/08\/lk-13-696x467.jpg 696w, https:\/\/loudavymkrokem.cz\/wp-content\/uploads\/2026\/08\/lk-13-1392x934.jpg 1392w, https:\/\/loudavymkrokem.cz\/wp-content\/uploads\/2026\/08\/lk-13-1920x1288.jpg 1920w\" sizes=\"(max-width: 2528px) 100vw, 2528px\" \/><button\n\t\t\tclass=\"lightbox-trigger\"\n\t\t\ttype=\"button\"\n\t\t\taria-haspopup=\"dialog\"\n\t\t\tdata-wp-bind--aria-label=\"state.thisImage.triggerButtonAriaLabel\"\n\t\t\tdata-wp-init=\"callbacks.initTriggerButton\"\n\t\t\tdata-wp-on--click=\"actions.showLightbox\"\n\t\t\tdata-wp-style--right=\"state.thisImage.buttonRight\"\n\t\t\tdata-wp-style--top=\"state.thisImage.buttonTop\"\n\t\t>\n\t\t\t<svg xmlns=\"http:\/\/www.w3.org\/2000\/svg\" width=\"12\" height=\"12\" fill=\"none\" viewBox=\"0 0 12 12\">\n\t\t\t\t<path fill=\"#fff\" d=\"M2 0a2 2 0 0 0-2 2v2h1.5V2a.5.5 0 0 1 .5-.5h2V0H2Zm2 10.5H2a.5.5 0 0 1-.5-.5V8H0v2a2 2 0 0 0 2 2h2v-1.5ZM8 12v-1.5h2a.5.5 0 0 0 .5-.5V8H12v2a2 2 0 0 1-2 2H8Zm2-12a2 2 0 0 1 2 2v2h-1.5V2a.5.5 0 0 0-.5-.5H8V0h2Z\" \/>\n\t\t\t<\/svg>\n\t\t<\/button><\/figure>\n\n\n\n<h3 class=\"wp-block-heading\"><span class=\"ez-toc-section\" id=\"10_Protivin\"><\/span>10. Protiv\u00edn<span class=\"ez-toc-section-end\"><\/span><\/h3>\n\n\n\n<p class=\"wp-block-paragraph\">Meste\u010dko Protiv\u00edn le\u017e\u00ed <strong>14,1 kilometra \u010faleko a doraz\u00ed\u0161 sem ve\u013emi r\u00fdchlo za 14 min\u00fat<\/strong>. Toto mesto je neuverite\u013ene ob\u013e\u00faben\u00fdm cie\u013eom a skr\u00fdva to\u013eko atrakci\u00ed, \u017ee by tu \u010dlovek mohol str\u00e1vi\u0165 rovno cel\u00fd v\u00edkend, po\u010dn\u00fac povestnou Krokod\u00edliou ZOO s hodnoten\u00edm 4,5 hviezdi\u010dky z viac ne\u017e piatich tis\u00edc recenzi\u00ed.<\/p>\n\n\n\n<p class=\"wp-block-paragraph\">T\u00e1to zoologick\u00e1 z\u00e1hrada <strong>prev\u00e1dzkuje najv\u00e4\u010d\u0161\u00ed \u0161pecializovan\u00fd chov krokod\u00edlov v Eur\u00f3pe<\/strong> a v letnej sez\u00f3ne m\u00e1va otvoren\u00e9 denne od 10 do 17 hodiny. Okrem toho tu n\u00e1jde\u0161 \u00fachvatn\u00e9 Kr\u00e1\u013eovstvo \u010dasu, \u010do je secesn\u00e1 vila ukr\u00fdvaj\u00faca m\u00fazeum hod\u00edn, ku ktor\u00e9mu patr\u00ed aj vn\u00fatorn\u00e1 her\u0148a a z\u00e1hrada.<\/p>\n\n\n\n<p class=\"wp-block-paragraph\">Za videnie rozhodne <strong>stoj\u00ed aj exkurzia do historick\u00e9ho Pivovaru Platan<\/strong>, a ak m\u00e1\u0161 men\u0161ie deti, mo\u017eno \u0165a zachr\u00e1ni vn\u00fatorn\u00e9 z\u00e1bavn\u00e9 centrum Fiziland. Vstupn\u00e9 do jednotliv\u00fdch atrakci\u00ed si rad\u0161ej vopred over na weboch <a href=\"https:\/\/krokodylizoo.cz\" rel=\"nofollow noopener\" target=\"_blank\">krokodylizoo.cz<\/a> a \u010fal\u0161\u00edch, nech \u0165a na mieste ni\u010d neprekvap\u00ed.<\/p>\n\n\n\n<figure data-wp-context=\"{&quot;imageId&quot;:&quot;6a9527f910657&quot;}\" data-wp-interactive=\"core\/image\" data-wp-key=\"6a9527f910657\" class=\"wp-block-image size-full wp-lightbox-container\"><img decoding=\"async\" width=\"1152\" height=\"768\" data-wp-class--hide=\"state.isContentHidden\" data-wp-class--show=\"state.isContentVisible\" data-wp-init=\"callbacks.setButtonStyles\" data-wp-on--click=\"actions.showLightbox\" data-wp-on--load=\"callbacks.setButtonStyles\" data-wp-on--pointerdown=\"actions.preloadImage\" data-wp-on--pointerenter=\"actions.preloadImageWithDelay\" data-wp-on--pointerleave=\"actions.cancelPreload\" data-wp-on-window--resize=\"callbacks.setButtonStyles\" src=\"https:\/\/loudavymkrokem.cz\/wp-content\/uploads\/2026\/08\/hrad-zvikov-v-zime.jpg\" alt=\"Hrad Zv\u00edkov so zasne\u017eenou cestou k br\u00e1ne v zime\" class=\"wp-image-404450\" title=\"\" srcset=\"https:\/\/loudavymkrokem.cz\/wp-content\/uploads\/2026\/08\/hrad-zvikov-v-zime.jpg 1152w, https:\/\/loudavymkrokem.cz\/wp-content\/uploads\/2026\/08\/hrad-zvikov-v-zime-300x200.jpg 300w, https:\/\/loudavymkrokem.cz\/wp-content\/uploads\/2026\/08\/hrad-zvikov-v-zime-700x467.jpg 700w, https:\/\/loudavymkrokem.cz\/wp-content\/uploads\/2026\/08\/hrad-zvikov-v-zime-768x512.jpg 768w, https:\/\/loudavymkrokem.cz\/wp-content\/uploads\/2026\/08\/hrad-zvikov-v-zime-696x464.jpg 696w\" sizes=\"(max-width: 1152px) 100vw, 1152px\" \/><button\n\t\t\tclass=\"lightbox-trigger\"\n\t\t\ttype=\"button\"\n\t\t\taria-haspopup=\"dialog\"\n\t\t\tdata-wp-bind--aria-label=\"state.thisImage.triggerButtonAriaLabel\"\n\t\t\tdata-wp-init=\"callbacks.initTriggerButton\"\n\t\t\tdata-wp-on--click=\"actions.showLightbox\"\n\t\t\tdata-wp-style--right=\"state.thisImage.buttonRight\"\n\t\t\tdata-wp-style--top=\"state.thisImage.buttonTop\"\n\t\t>\n\t\t\t<svg xmlns=\"http:\/\/www.w3.org\/2000\/svg\" width=\"12\" height=\"12\" fill=\"none\" viewBox=\"0 0 12 12\">\n\t\t\t\t<path fill=\"#fff\" d=\"M2 0a2 2 0 0 0-2 2v2h1.5V2a.5.5 0 0 1 .5-.5h2V0H2Zm2 10.5H2a.5.5 0 0 1-.5-.5V8H0v2a2 2 0 0 0 2 2h2v-1.5ZM8 12v-1.5h2a.5.5 0 0 0 .5-.5V8H12v2a2 2 0 0 1-2 2H8Zm2-12a2 2 0 0 1 2 2v2h-1.5V2a.5.5 0 0 0-.5-.5H8V0h2Z\" \/>\n\t\t\t<\/svg>\n\t\t<\/button><\/figure>\n\n\n\n<h2 class=\"wp-block-heading\"><span class=\"ez-toc-section\" id=\"Hrady_zamky_a_klastory_v_okoli_Pisku\"><\/span>Hrady, z\u00e1mky a kl\u00e1\u0161tory v okol\u00ed P\u00edsku<span class=\"ez-toc-section-end\"><\/span><\/h2>\n\n\n\n<p class=\"wp-block-paragraph\">T\u00e1to \u010das\u0165 v\u00fdletov u\u017e zaberie tro\u0161ku viac \u010dasu, preto\u017ee historick\u00e9 objekty sa nach\u00e1dzaj\u00fa vo vzdialenosti zhruba od 15 do 40 kilometrov. V\u0161etky ale patria k absolutnej \u0161pi\u010dke toho, \u010do m\u00f4\u017ee\u0161 v na\u0161om kraji vidie\u0165.<\/p>\n\n\n\n<figure data-wp-context=\"{&quot;imageId&quot;:&quot;6a9527f910c78&quot;}\" data-wp-interactive=\"core\/image\" data-wp-key=\"6a9527f910c78\" class=\"wp-block-image size-full wp-lightbox-container\"><img decoding=\"async\" width=\"2528\" height=\"1696\" data-wp-class--hide=\"state.isContentHidden\" data-wp-class--show=\"state.isContentVisible\" data-wp-init=\"callbacks.setButtonStyles\" data-wp-on--click=\"actions.showLightbox\" data-wp-on--load=\"callbacks.setButtonStyles\" data-wp-on--pointerdown=\"actions.preloadImage\" data-wp-on--pointerenter=\"actions.preloadImageWithDelay\" data-wp-on--pointerleave=\"actions.cancelPreload\" data-wp-on-window--resize=\"callbacks.setButtonStyles\" src=\"https:\/\/loudavymkrokem.cz\/wp-content\/uploads\/2026\/08\/lk-15.jpg\" alt=\"Gotick\u00e9 ark\u00e1dy na hrade Zv\u00edkov\" class=\"wp-image-404047\" title=\"\" srcset=\"https:\/\/loudavymkrokem.cz\/wp-content\/uploads\/2026\/08\/lk-15.jpg 2528w, https:\/\/loudavymkrokem.cz\/wp-content\/uploads\/2026\/08\/lk-15-300x201.jpg 300w, https:\/\/loudavymkrokem.cz\/wp-content\/uploads\/2026\/08\/lk-15-700x470.jpg 700w, https:\/\/loudavymkrokem.cz\/wp-content\/uploads\/2026\/08\/lk-15-768x515.jpg 768w, https:\/\/loudavymkrokem.cz\/wp-content\/uploads\/2026\/08\/lk-15-1536x1030.jpg 1536w, https:\/\/loudavymkrokem.cz\/wp-content\/uploads\/2026\/08\/lk-15-2048x1374.jpg 2048w, https:\/\/loudavymkrokem.cz\/wp-content\/uploads\/2026\/08\/lk-15-696x467.jpg 696w, https:\/\/loudavymkrokem.cz\/wp-content\/uploads\/2026\/08\/lk-15-1392x934.jpg 1392w, https:\/\/loudavymkrokem.cz\/wp-content\/uploads\/2026\/08\/lk-15-1920x1288.jpg 1920w\" sizes=\"(max-width: 2528px) 100vw, 2528px\" \/><button\n\t\t\tclass=\"lightbox-trigger\"\n\t\t\ttype=\"button\"\n\t\t\taria-haspopup=\"dialog\"\n\t\t\tdata-wp-bind--aria-label=\"state.thisImage.triggerButtonAriaLabel\"\n\t\t\tdata-wp-init=\"callbacks.initTriggerButton\"\n\t\t\tdata-wp-on--click=\"actions.showLightbox\"\n\t\t\tdata-wp-style--right=\"state.thisImage.buttonRight\"\n\t\t\tdata-wp-style--top=\"state.thisImage.buttonTop\"\n\t\t>\n\t\t\t<svg xmlns=\"http:\/\/www.w3.org\/2000\/svg\" width=\"12\" height=\"12\" fill=\"none\" viewBox=\"0 0 12 12\">\n\t\t\t\t<path fill=\"#fff\" d=\"M2 0a2 2 0 0 0-2 2v2h1.5V2a.5.5 0 0 1 .5-.5h2V0H2Zm2 10.5H2a.5.5 0 0 1-.5-.5V8H0v2a2 2 0 0 0 2 2h2v-1.5ZM8 12v-1.5h2a.5.5 0 0 0 .5-.5V8H12v2a2 2 0 0 1-2 2H8Zm2-12a2 2 0 0 1 2 2v2h-1.5V2a.5.5 0 0 0-.5-.5H8V0h2Z\" \/>\n\t\t\t<\/svg>\n\t\t<\/button><figcaption class=\"wp-element-caption\">Pod\u013ea fotografie: Klaus Kettner \/ Wikimedia Commons, CC BY 2.5 \u00b7 farebne upraven\u00e9<\/figcaption><\/figure>\n\n\n\n<h3 class=\"wp-block-heading\"><span class=\"ez-toc-section\" id=\"11_Hrad_Zvikov_%E2%80%9Ekral_ceskych_hradov%E2%80%9C\"><\/span>11. Hrad Zv\u00edkov: \u201ekr\u00e1\u013e \u010desk\u00fdch hradov&#8220;<span class=\"ez-toc-section-end\"><\/span><\/h3>\n\n\n\n<p class=\"wp-block-paragraph\">K tomuto majest\u00e1tnemu hradu prejde\u0161 <strong>26,4 kilometra a cesta autom trv\u00e1 zhruba 32 min\u00fat<\/strong>. Zv\u00edkov je pr\u00e1vom ozna\u010dovan\u00fd za kr\u00e1\u013ea \u010desk\u00fdch hradov a jeho poloha na skalnatom ostrohu nad s\u00fatokom Vltavy a Otavy, dnes zdvihnut\u00fdm hladinou Orlickej priehrady, je \u00faplne ikonick\u00e1.<\/p>\n\n\n\n<p class=\"wp-block-paragraph\">Pod\u013ea overen\u00e9ho cenn\u00edka na rok 2026 <strong>stoj\u00ed z\u00e1kladn\u00fd okruh Kr\u00e1\u013eovsk\u00fd pal\u00e1c 180 K\u010d (asi 7,50 \u20ac) pre dospel\u00fdch<\/strong>, zn\u00ed\u017een\u00e9 vstupn\u00e9 pre seniorov a ml\u00e1de\u017e je 140 K\u010d (asi 5,70 \u20ac) a deti platia 50 K\u010d (asi 2 \u20ac). Prejde\u0161 si to s\u00e1m svoj\u00edm tempom, zhruba za hodinu stihne\u0161 gotick\u00e9 ark\u00e1dy aj t\u00fa \u00fa\u017easn\u00fa rom\u00e1nsku Hl\u00edzov\u00fa ve\u017eu, pri ktorej sa jednoducho mus\u00ed\u0161 zastavi\u0165.<\/p>\n\n\n\n<p class=\"wp-block-paragraph\">V j\u00fali a auguste <strong>maj\u00fa otvoren\u00e9 od utorka do nedele v \u010dase 9 \u2013 17 hodiny, v pondelok je zatvoren\u00e9<\/strong>, a po\u010d\u00edtaj s t\u00fdm, \u017ee sa kapacita v sez\u00f3ne \u010dasto vypred\u00e1va. Mimo letn\u00fdch pr\u00e1zdnin si daj pozor na obed\u0148aj\u0161iu prest\u00e1vku, ke\u010f je poklad\u0148a medzi 12. a 13. hodinou uzavret\u00e1. Aktu\u00e1lny cenn\u00edk aj otv\u00e1raciu dobu n\u00e1jde\u0161 na <a href=\"https:\/\/hrad-zvikov.cz\" rel=\"nofollow noopener\" target=\"_blank\">hrad-zvikov.cz<\/a>.<\/p>\n\n\n\n<figure data-wp-context=\"{&quot;imageId&quot;:&quot;6a9527f911331&quot;}\" data-wp-interactive=\"core\/image\" data-wp-key=\"6a9527f911331\" class=\"wp-block-image size-full wp-lightbox-container\"><img decoding=\"async\" width=\"2528\" height=\"1696\" data-wp-class--hide=\"state.isContentHidden\" data-wp-class--show=\"state.isContentVisible\" data-wp-init=\"callbacks.setButtonStyles\" data-wp-on--click=\"actions.showLightbox\" data-wp-on--load=\"callbacks.setButtonStyles\" data-wp-on--pointerdown=\"actions.preloadImage\" data-wp-on--pointerenter=\"actions.preloadImageWithDelay\" data-wp-on--pointerleave=\"actions.cancelPreload\" data-wp-on-window--resize=\"callbacks.setButtonStyles\" src=\"https:\/\/loudavymkrokem.cz\/wp-content\/uploads\/2026\/08\/lk-16.jpg\" alt=\"Z\u00e1mok Orl\u00edk nad hladinou Orlickej priehrady\" class=\"wp-image-404051\" title=\"\" srcset=\"https:\/\/loudavymkrokem.cz\/wp-content\/uploads\/2026\/08\/lk-16.jpg 2528w, https:\/\/loudavymkrokem.cz\/wp-content\/uploads\/2026\/08\/lk-16-300x201.jpg 300w, https:\/\/loudavymkrokem.cz\/wp-content\/uploads\/2026\/08\/lk-16-700x470.jpg 700w, https:\/\/loudavymkrokem.cz\/wp-content\/uploads\/2026\/08\/lk-16-768x515.jpg 768w, https:\/\/loudavymkrokem.cz\/wp-content\/uploads\/2026\/08\/lk-16-1536x1030.jpg 1536w, https:\/\/loudavymkrokem.cz\/wp-content\/uploads\/2026\/08\/lk-16-2048x1374.jpg 2048w, https:\/\/loudavymkrokem.cz\/wp-content\/uploads\/2026\/08\/lk-16-696x467.jpg 696w, https:\/\/loudavymkrokem.cz\/wp-content\/uploads\/2026\/08\/lk-16-1392x934.jpg 1392w, https:\/\/loudavymkrokem.cz\/wp-content\/uploads\/2026\/08\/lk-16-1920x1288.jpg 1920w\" sizes=\"(max-width: 2528px) 100vw, 2528px\" \/><button\n\t\t\tclass=\"lightbox-trigger\"\n\t\t\ttype=\"button\"\n\t\t\taria-haspopup=\"dialog\"\n\t\t\tdata-wp-bind--aria-label=\"state.thisImage.triggerButtonAriaLabel\"\n\t\t\tdata-wp-init=\"callbacks.initTriggerButton\"\n\t\t\tdata-wp-on--click=\"actions.showLightbox\"\n\t\t\tdata-wp-style--right=\"state.thisImage.buttonRight\"\n\t\t\tdata-wp-style--top=\"state.thisImage.buttonTop\"\n\t\t>\n\t\t\t<svg xmlns=\"http:\/\/www.w3.org\/2000\/svg\" width=\"12\" height=\"12\" fill=\"none\" viewBox=\"0 0 12 12\">\n\t\t\t\t<path fill=\"#fff\" d=\"M2 0a2 2 0 0 0-2 2v2h1.5V2a.5.5 0 0 1 .5-.5h2V0H2Zm2 10.5H2a.5.5 0 0 1-.5-.5V8H0v2a2 2 0 0 0 2 2h2v-1.5ZM8 12v-1.5h2a.5.5 0 0 0 .5-.5V8H12v2a2 2 0 0 1-2 2H8Zm2-12a2 2 0 0 1 2 2v2h-1.5V2a.5.5 0 0 0-.5-.5H8V0h2Z\" \/>\n\t\t\t<\/svg>\n\t\t<\/button><figcaption class=\"wp-element-caption\">Pod\u013ea fotografie: Bjalek Michal \/ Wikimedia Commons, CC BY-SA 3.0 \u00b7 farebne upraven\u00e9<\/figcaption><\/figure>\n\n\n\n<h3 class=\"wp-block-heading\"><span class=\"ez-toc-section\" id=\"12_Zamok_Orlik_nad_Vltavou\"><\/span>12. Z\u00e1mok Orl\u00edk nad Vltavou<span class=\"ez-toc-section-end\"><\/span><\/h3>\n\n\n\n<p class=\"wp-block-paragraph\">Cesta na Orl\u00edk predstavuje <strong>40,1 kilometra a z P\u00edsku tam pohodlne d\u00f4jde\u0161 za 36 min\u00fat<\/strong>. Tento n\u00e1dhern\u00fd lobkowiczk\u00fd z\u00e1mok sa t\u00fd\u010di priamo nad hladinou Orlickej priehrady a patr\u00ed k najfotogenickej\u0161\u00edm \u0161\u013eachtick\u00fdm s\u00eddlam v celej republike.<\/p>\n\n\n\n<p class=\"wp-block-paragraph\">V letnej sez\u00f3ne <strong>b\u00fdva z\u00e1mok otvoren\u00fd od utorka do nedele medzi 9. a 17. hodinou<\/strong>, pri\u010dom pondelky zost\u00e1vaj\u00fa tradi\u010dne zatvoren\u00e9. Po prehliadke bohato vybaven\u00fdch interi\u00e9rov ur\u010dite odpor\u00fa\u010dam prejs\u0165 si roz\u013eahl\u00fd z\u00e1mock\u00fd park, v ktorom sa ukr\u00fdva aj monument\u00e1lna hrobka rodu Schwarzenbergovcov.<\/p>\n\n\n\n<p class=\"wp-block-paragraph\">Ceny vstupn\u00e9ho nie s\u00fa plo\u0161ne uveden\u00e9, tak\u017ee si <strong>aktu\u00e1lne vstupn\u00e9 over na ofici\u00e1lnom webe <a href=\"https:\/\/zamekorlik.cz\" rel=\"nofollow noopener\" target=\"_blank\">zamekorlik.cz<\/a><\/strong>, a daj si ve\u013ek\u00fd pozor na z\u00e1menu s webom zamek-orlik.cz, \u010do je \u00faplne in\u00e1 zr\u00facanina pri Humpolci. Pr\u00edpadn\u00e9 ot\u00e1zky m\u00f4\u017ee\u0161 smerova\u0165 aj na ich telef\u00f3n +420 382 275 101.<\/p>\n\n\n\n<figure data-wp-context=\"{&quot;imageId&quot;:&quot;6a9527f911a1d&quot;}\" data-wp-interactive=\"core\/image\" data-wp-key=\"6a9527f911a1d\" class=\"wp-block-image size-full wp-lightbox-container\"><img decoding=\"async\" width=\"2528\" height=\"1696\" data-wp-class--hide=\"state.isContentHidden\" data-wp-class--show=\"state.isContentVisible\" data-wp-init=\"callbacks.setButtonStyles\" data-wp-on--click=\"actions.showLightbox\" data-wp-on--load=\"callbacks.setButtonStyles\" data-wp-on--pointerdown=\"actions.preloadImage\" data-wp-on--pointerenter=\"actions.preloadImageWithDelay\" data-wp-on--pointerleave=\"actions.cancelPreload\" data-wp-on-window--resize=\"callbacks.setButtonStyles\" src=\"https:\/\/loudavymkrokem.cz\/wp-content\/uploads\/2026\/08\/lk-17.jpg\" alt=\"Vodn\u00fd z\u00e1mok Blatn\u00e1\" class=\"wp-image-404055\" title=\"\" srcset=\"https:\/\/loudavymkrokem.cz\/wp-content\/uploads\/2026\/08\/lk-17.jpg 2528w, https:\/\/loudavymkrokem.cz\/wp-content\/uploads\/2026\/08\/lk-17-300x201.jpg 300w, https:\/\/loudavymkrokem.cz\/wp-content\/uploads\/2026\/08\/lk-17-700x470.jpg 700w, https:\/\/loudavymkrokem.cz\/wp-content\/uploads\/2026\/08\/lk-17-768x515.jpg 768w, https:\/\/loudavymkrokem.cz\/wp-content\/uploads\/2026\/08\/lk-17-1536x1030.jpg 1536w, https:\/\/loudavymkrokem.cz\/wp-content\/uploads\/2026\/08\/lk-17-2048x1374.jpg 2048w, https:\/\/loudavymkrokem.cz\/wp-content\/uploads\/2026\/08\/lk-17-696x467.jpg 696w, https:\/\/loudavymkrokem.cz\/wp-content\/uploads\/2026\/08\/lk-17-1392x934.jpg 1392w, https:\/\/loudavymkrokem.cz\/wp-content\/uploads\/2026\/08\/lk-17-1920x1288.jpg 1920w\" sizes=\"(max-width: 2528px) 100vw, 2528px\" \/><button\n\t\t\tclass=\"lightbox-trigger\"\n\t\t\ttype=\"button\"\n\t\t\taria-haspopup=\"dialog\"\n\t\t\tdata-wp-bind--aria-label=\"state.thisImage.triggerButtonAriaLabel\"\n\t\t\tdata-wp-init=\"callbacks.initTriggerButton\"\n\t\t\tdata-wp-on--click=\"actions.showLightbox\"\n\t\t\tdata-wp-style--right=\"state.thisImage.buttonRight\"\n\t\t\tdata-wp-style--top=\"state.thisImage.buttonTop\"\n\t\t>\n\t\t\t<svg xmlns=\"http:\/\/www.w3.org\/2000\/svg\" width=\"12\" height=\"12\" fill=\"none\" viewBox=\"0 0 12 12\">\n\t\t\t\t<path fill=\"#fff\" d=\"M2 0a2 2 0 0 0-2 2v2h1.5V2a.5.5 0 0 1 .5-.5h2V0H2Zm2 10.5H2a.5.5 0 0 1-.5-.5V8H0v2a2 2 0 0 0 2 2h2v-1.5ZM8 12v-1.5h2a.5.5 0 0 0 .5-.5V8H12v2a2 2 0 0 1-2 2H8Zm2-12a2 2 0 0 1 2 2v2h-1.5V2a.5.5 0 0 0-.5-.5H8V0h2Z\" \/>\n\t\t\t<\/svg>\n\t\t<\/button><figcaption class=\"wp-element-caption\">Pod\u013ea fotografie: Ludmila Zellner Rotbauerov\u00e1 \/ Wikimedia Commons, CC BY-SA 4.0 \u00b7 farebne upraven\u00e9<\/figcaption><\/figure>\n\n\n\n<h3 class=\"wp-block-heading\"><span class=\"ez-toc-section\" id=\"13_Zamok_Blatna\"><\/span>13. Z\u00e1mok Blatn\u00e1<span class=\"ez-toc-section-end\"><\/span><\/h3>\n\n\n\n<p class=\"wp-block-paragraph\">K blatensk\u00e9mu z\u00e1mku je to <strong>27,1 kilometra a jazda ti zaberie pr\u00edjemn\u00fdch 27 min\u00fat<\/strong>. Ide o jeden z najzachovalej\u0161\u00edch vodn\u00fdch z\u00e1mkov u n\u00e1s. Vodn\u00e1 priekopa ho obklopuje zo v\u0161etk\u00fdch str\u00e1n a cel\u00e1 t\u00e1 romantick\u00e1 kulisa m\u00e1 korene niekedy v 13. storo\u010d\u00ed.<\/p>\n\n\n\n<p class=\"wp-block-paragraph\">Najv\u00e4\u010d\u0161\u00edm \u0165ah\u00e1kom je tu v\u0161ak <strong>roz\u013eahl\u00fd z\u00e1mock\u00fd park s vo\u013ene \u017eij\u00facimi danielmi, ktor\u00e9 je mo\u017en\u00e9 k\u0155mi\u0165<\/strong>, a novo tu chovaj\u00fa dokonca aj roztomil\u00e9 alpaky. Park je obrovsk\u00fd, pln\u00fd star\u00fdch dubov a pretkan\u00fd vodn\u00fdmi kan\u00e1lmi, tak\u017ee tu bez zveli\u010dovania str\u00e1v\u00ed\u0161 pokojne pol d\u0148a len samotn\u00fdm prech\u00e1dzan\u00edm. Toto je presne ten v\u00fdlet, kam radi berieme n\u00e1v\u0161tevy, preto\u017ee k\u0155menie danielov z ruky dostane ka\u017ed\u00e9ho. K\u00fap si rovno dve balenia krmiva pri pokladni, ver mi, jedno ti sta\u010di\u0165 nebude.<\/p>\n\n\n\n<p class=\"wp-block-paragraph\">V sez\u00f3ne <strong>b\u00fdva are\u00e1l otvoren\u00fd od 9 do 18 hodiny a vn\u00fatri n\u00e1jde\u0161 aj skvel\u00fa kaviare\u0148 Oh My Deer Caf\u00e9<\/strong>, kde si m\u00f4\u017ee\u0161 odd\u00fdchnu\u0165. Vstupn\u00e9 do z\u00e1mku aj do parku si vopred over na webe <a href=\"https:\/\/zamek-blatna.cz\" rel=\"nofollow noopener\" target=\"_blank\">zamek-blatna.cz<\/a>, preto\u017ee sa m\u00f4\u017ee v z\u00e1vislosti od prebiehaj\u00facich akci\u00ed meni\u0165.<\/p>\n\n\n\n<figure data-wp-context=\"{&quot;imageId&quot;:&quot;6a9527f9120b8&quot;}\" data-wp-interactive=\"core\/image\" data-wp-key=\"6a9527f9120b8\" class=\"wp-block-image size-full wp-lightbox-container\"><img decoding=\"async\" width=\"2528\" height=\"1696\" data-wp-class--hide=\"state.isContentHidden\" data-wp-class--show=\"state.isContentVisible\" data-wp-init=\"callbacks.setButtonStyles\" data-wp-on--click=\"actions.showLightbox\" data-wp-on--load=\"callbacks.setButtonStyles\" data-wp-on--pointerdown=\"actions.preloadImage\" data-wp-on--pointerenter=\"actions.preloadImageWithDelay\" data-wp-on--pointerleave=\"actions.cancelPreload\" data-wp-on-window--resize=\"callbacks.setButtonStyles\" src=\"https:\/\/loudavymkrokem.cz\/wp-content\/uploads\/2026\/08\/lk-18.jpg\" alt=\"Kl\u00e1\u0161tor Milevsko\" class=\"wp-image-404063\" title=\"\" srcset=\"https:\/\/loudavymkrokem.cz\/wp-content\/uploads\/2026\/08\/lk-18.jpg 2528w, https:\/\/loudavymkrokem.cz\/wp-content\/uploads\/2026\/08\/lk-18-300x201.jpg 300w, https:\/\/loudavymkrokem.cz\/wp-content\/uploads\/2026\/08\/lk-18-700x470.jpg 700w, https:\/\/loudavymkrokem.cz\/wp-content\/uploads\/2026\/08\/lk-18-768x515.jpg 768w, https:\/\/loudavymkrokem.cz\/wp-content\/uploads\/2026\/08\/lk-18-1536x1030.jpg 1536w, https:\/\/loudavymkrokem.cz\/wp-content\/uploads\/2026\/08\/lk-18-2048x1374.jpg 2048w, https:\/\/loudavymkrokem.cz\/wp-content\/uploads\/2026\/08\/lk-18-696x467.jpg 696w, https:\/\/loudavymkrokem.cz\/wp-content\/uploads\/2026\/08\/lk-18-1392x934.jpg 1392w, https:\/\/loudavymkrokem.cz\/wp-content\/uploads\/2026\/08\/lk-18-1920x1288.jpg 1920w\" sizes=\"(max-width: 2528px) 100vw, 2528px\" \/><button\n\t\t\tclass=\"lightbox-trigger\"\n\t\t\ttype=\"button\"\n\t\t\taria-haspopup=\"dialog\"\n\t\t\tdata-wp-bind--aria-label=\"state.thisImage.triggerButtonAriaLabel\"\n\t\t\tdata-wp-init=\"callbacks.initTriggerButton\"\n\t\t\tdata-wp-on--click=\"actions.showLightbox\"\n\t\t\tdata-wp-style--right=\"state.thisImage.buttonRight\"\n\t\t\tdata-wp-style--top=\"state.thisImage.buttonTop\"\n\t\t>\n\t\t\t<svg xmlns=\"http:\/\/www.w3.org\/2000\/svg\" width=\"12\" height=\"12\" fill=\"none\" viewBox=\"0 0 12 12\">\n\t\t\t\t<path fill=\"#fff\" d=\"M2 0a2 2 0 0 0-2 2v2h1.5V2a.5.5 0 0 1 .5-.5h2V0H2Zm2 10.5H2a.5.5 0 0 1-.5-.5V8H0v2a2 2 0 0 0 2 2h2v-1.5ZM8 12v-1.5h2a.5.5 0 0 0 .5-.5V8H12v2a2 2 0 0 1-2 2H8Zm2-12a2 2 0 0 1 2 2v2h-1.5V2a.5.5 0 0 0-.5-.5H8V0h2Z\" \/>\n\t\t\t<\/svg>\n\t\t<\/button><figcaption class=\"wp-element-caption\">Pod\u013ea fotografie: VitVit \/ Wikimedia Commons, CC BY-SA 4.0 \u00b7 farebne upraven\u00e9<\/figcaption><\/figure>\n\n\n\n<h3 class=\"wp-block-heading\"><span class=\"ez-toc-section\" id=\"14_Klastor_Milevsko\"><\/span>14. Kl\u00e1\u0161tor Milevsko<span class=\"ez-toc-section-end\"><\/span><\/h3>\n\n\n\n<p class=\"wp-block-paragraph\">Do Milevska prejde\u0161 presne <strong>28,8 kilometra, \u010do \u010dasovo vych\u00e1dza na 32 min\u00fat cesty<\/strong>. Tunaj\u0161\u00ed kl\u00e1\u0161tor premon\u0161tr\u00e1tov bol zalo\u017een\u00fd u\u017e v roku 1187, \u010do z neho rob\u00ed v\u00f4bec najstar\u0161iu kl\u00e1\u0161torn\u00fa in\u0161tit\u00faciu v ju\u017en\u00fdch \u010cech\u00e1ch, a dodnes je to \u00fa\u017easne pokojn\u00e9 miesto na zamyslenie.<\/p>\n\n\n\n<p class=\"wp-block-paragraph\">V hlavnej n\u00e1v\u0161tevn\u00edckej sez\u00f3ne <strong>je are\u00e1l otvoren\u00fd od 9:30 do 17 hodiny a pon\u00faka nieko\u013eko prehliadkov\u00fdch tr\u00e1s<\/strong>, ktor\u00e9 \u0165a zozn\u00e1mia s bohatou duchovnou hist\u00f3riou regi\u00f3nu. Konkr\u00e9tne vstupn\u00e9 do expoz\u00edci\u00ed si pros\u00edm over priamo na ich str\u00e1nkach <a href=\"https:\/\/klastermilevsko.cz\" rel=\"nofollow noopener\" target=\"_blank\">klastermilevsko.cz<\/a>.<\/p>\n\n\n\n<p class=\"wp-block-paragraph\">Pri n\u00e1v\u0161teve mesta <strong>rozhodne nevynechaj ani vynikaj\u00face M\u00fazeum milevsk\u00fdch ma\u0161k\u00e1r<\/strong>, ktor\u00e9 mapuje sl\u00e1vnu fa\u0161iangov\u00fa trad\u00edciu a\u0161piruj\u00facu na z\u00e1pis do zoznamu UNESCO. Je to ve\u013emi hrav\u00e1 a farebn\u00e1 expoz\u00edcia, ktor\u00e1 skvele dop\u013a\u0148a v\u00e1\u017enej\u0161iu atmosf\u00e9ru ne\u010falek\u00e9ho kl\u00e1\u0161tora.<\/p>\n\n\n\n<figure data-wp-context=\"{&quot;imageId&quot;:&quot;6a9527f9126b5&quot;}\" data-wp-interactive=\"core\/image\" data-wp-key=\"6a9527f9126b5\" class=\"wp-block-image size-full wp-lightbox-container\"><img decoding=\"async\" width=\"2528\" height=\"1696\" data-wp-class--hide=\"state.isContentHidden\" data-wp-class--show=\"state.isContentVisible\" data-wp-init=\"callbacks.setButtonStyles\" data-wp-on--click=\"actions.showLightbox\" data-wp-on--load=\"callbacks.setButtonStyles\" data-wp-on--pointerdown=\"actions.preloadImage\" data-wp-on--pointerenter=\"actions.preloadImageWithDelay\" data-wp-on--pointerleave=\"actions.cancelPreload\" data-wp-on-window--resize=\"callbacks.setButtonStyles\" src=\"https:\/\/loudavymkrokem.cz\/wp-content\/uploads\/2026\/08\/lk-19.jpg\" alt=\"Hrad Strakonice nad s\u00fatokom Otavy a Voly\u0148ky\" class=\"wp-image-404070\" title=\"\" srcset=\"https:\/\/loudavymkrokem.cz\/wp-content\/uploads\/2026\/08\/lk-19.jpg 2528w, https:\/\/loudavymkrokem.cz\/wp-content\/uploads\/2026\/08\/lk-19-300x201.jpg 300w, https:\/\/loudavymkrokem.cz\/wp-content\/uploads\/2026\/08\/lk-19-700x470.jpg 700w, https:\/\/loudavymkrokem.cz\/wp-content\/uploads\/2026\/08\/lk-19-768x515.jpg 768w, https:\/\/loudavymkrokem.cz\/wp-content\/uploads\/2026\/08\/lk-19-1536x1030.jpg 1536w, https:\/\/loudavymkrokem.cz\/wp-content\/uploads\/2026\/08\/lk-19-2048x1374.jpg 2048w, https:\/\/loudavymkrokem.cz\/wp-content\/uploads\/2026\/08\/lk-19-696x467.jpg 696w, https:\/\/loudavymkrokem.cz\/wp-content\/uploads\/2026\/08\/lk-19-1392x934.jpg 1392w, https:\/\/loudavymkrokem.cz\/wp-content\/uploads\/2026\/08\/lk-19-1920x1288.jpg 1920w\" sizes=\"(max-width: 2528px) 100vw, 2528px\" \/><button\n\t\t\tclass=\"lightbox-trigger\"\n\t\t\ttype=\"button\"\n\t\t\taria-haspopup=\"dialog\"\n\t\t\tdata-wp-bind--aria-label=\"state.thisImage.triggerButtonAriaLabel\"\n\t\t\tdata-wp-init=\"callbacks.initTriggerButton\"\n\t\t\tdata-wp-on--click=\"actions.showLightbox\"\n\t\t\tdata-wp-style--right=\"state.thisImage.buttonRight\"\n\t\t\tdata-wp-style--top=\"state.thisImage.buttonTop\"\n\t\t>\n\t\t\t<svg xmlns=\"http:\/\/www.w3.org\/2000\/svg\" width=\"12\" height=\"12\" fill=\"none\" viewBox=\"0 0 12 12\">\n\t\t\t\t<path fill=\"#fff\" d=\"M2 0a2 2 0 0 0-2 2v2h1.5V2a.5.5 0 0 1 .5-.5h2V0H2Zm2 10.5H2a.5.5 0 0 1-.5-.5V8H0v2a2 2 0 0 0 2 2h2v-1.5ZM8 12v-1.5h2a.5.5 0 0 0 .5-.5V8H12v2a2 2 0 0 1-2 2H8Zm2-12a2 2 0 0 1 2 2v2h-1.5V2a.5.5 0 0 0-.5-.5H8V0h2Z\" \/>\n\t\t\t<\/svg>\n\t\t<\/button><figcaption class=\"wp-element-caption\">Pod\u013ea fotografie: Michielverbeek \/ Wikimedia Commons, CC BY-SA 4.0 \u00b7 farebne upraven\u00e9<\/figcaption><\/figure>\n\n\n\n<h3 class=\"wp-block-heading\"><span class=\"ez-toc-section\" id=\"15_Hrad_Strakonice\"><\/span>15. Hrad Strakonice<span class=\"ez-toc-section-end\"><\/span><\/h3>\n\n\n\n<p class=\"wp-block-paragraph\">Strakonick\u00fd hrad le\u017e\u00ed vo vzdialenosti <strong>25,6 kilometra a z mesta tam doraz\u00ed\u0161 za svi\u017en\u00fdch 24 min\u00fat<\/strong>. Tento roz\u013eahl\u00fd hradn\u00fd komplex sa t\u00fd\u010di priamo nad s\u00fatokom Otavy a Voly\u0148ky a pre\u0161iel v posledn\u00fdch rokoch ve\u013emi rozsiahlou a vydarenou rekon\u0161trukciou.<\/p>\n\n\n\n<p class=\"wp-block-paragraph\">Dnes v jeho priestoroch <strong>s\u00eddli fantastick\u00e9 M\u00fazeum stredn\u00e9ho Pootav\u00ed s obrovskou zbierkou g\u00e1jd<\/strong>, ktor\u00e1 dokonale mapuje tunaj\u0161iu sl\u00e1vnu gajdo\u0161sk\u00fa trad\u00edciu, a fan\u00fa\u0161ikov motorizmu nadchne expoz\u00edcia motocyklov zna\u010dky \u010cZ. Podrobnosti k n\u00e1v\u0161teve aj program akci\u00ed n\u00e1jde\u0161 na <a href=\"https:\/\/hradstrakonice.cz\" rel=\"nofollow noopener\" target=\"_blank\">hradstrakonice.cz<\/a>. Strakonice navy\u0161e ned\u00e1vno pre\u0161li ve\u013ekou \u00fapravou okolia rieky, tak\u017ee po prehliadke hradu odpor\u00fa\u010dam len tak posedie\u0165 na brehu s dobrou k\u00e1vou a u\u017e\u00edva\u0165 si v\u00fdh\u013eady na historick\u00e9 hradby.<\/p>\n\n\n\n<p class=\"wp-block-paragraph\">Ak do Strakon\u00edc vyraz\u00ed\u0161 s de\u0165mi, <strong>m\u00f4\u017ee\u0161 vysk\u00fa\u0161a\u0165 aj ne\u010falek\u00e9 Bagr\u00e1rium ur\u010den\u00e9 pre deti od 6 rokov<\/strong>, kde si vysk\u00fa\u0161a\u0161 ovl\u00e1danie skuto\u010dn\u00fdch strojov. Ide s\u00edce o men\u0161\u00ed podnik s pouh\u00fdmi desiatimi recenziami, ale z\u00e1\u017eitok je to pre mal\u00fdch stavite\u013eov \u00faplne nezabudnute\u013en\u00fd.<\/p>\n\n\n\n<figure data-wp-context=\"{&quot;imageId&quot;:&quot;6a9527f912cd5&quot;}\" data-wp-interactive=\"core\/image\" data-wp-key=\"6a9527f912cd5\" class=\"wp-block-image size-full wp-lightbox-container\"><img decoding=\"async\" width=\"2048\" height=\"1365\" data-wp-class--hide=\"state.isContentHidden\" data-wp-class--show=\"state.isContentVisible\" data-wp-init=\"callbacks.setButtonStyles\" data-wp-on--click=\"actions.showLightbox\" data-wp-on--load=\"callbacks.setButtonStyles\" data-wp-on--pointerdown=\"actions.preloadImage\" data-wp-on--pointerenter=\"actions.preloadImageWithDelay\" data-wp-on--pointerleave=\"actions.cancelPreload\" data-wp-on-window--resize=\"callbacks.setButtonStyles\" src=\"https:\/\/loudavymkrokem.cz\/wp-content\/uploads\/2026\/08\/bechyne-zamek.jpg\" alt=\"Z\u00e1mok Bechyn\u011b nad \u00fadol\u00edm rieky Lu\u017enice\" class=\"wp-image-403571\" title=\"\" srcset=\"https:\/\/loudavymkrokem.cz\/wp-content\/uploads\/2026\/08\/bechyne-zamek.jpg 2048w, https:\/\/loudavymkrokem.cz\/wp-content\/uploads\/2026\/08\/bechyne-zamek-300x200.jpg 300w, https:\/\/loudavymkrokem.cz\/wp-content\/uploads\/2026\/08\/bechyne-zamek-700x467.jpg 700w, https:\/\/loudavymkrokem.cz\/wp-content\/uploads\/2026\/08\/bechyne-zamek-768x512.jpg 768w, https:\/\/loudavymkrokem.cz\/wp-content\/uploads\/2026\/08\/bechyne-zamek-1536x1024.jpg 1536w, https:\/\/loudavymkrokem.cz\/wp-content\/uploads\/2026\/08\/bechyne-zamek-696x464.jpg 696w, https:\/\/loudavymkrokem.cz\/wp-content\/uploads\/2026\/08\/bechyne-zamek-1392x928.jpg 1392w, https:\/\/loudavymkrokem.cz\/wp-content\/uploads\/2026\/08\/bechyne-zamek-1920x1280.jpg 1920w\" sizes=\"(max-width: 2048px) 100vw, 2048px\" \/><button\n\t\t\tclass=\"lightbox-trigger\"\n\t\t\ttype=\"button\"\n\t\t\taria-haspopup=\"dialog\"\n\t\t\tdata-wp-bind--aria-label=\"state.thisImage.triggerButtonAriaLabel\"\n\t\t\tdata-wp-init=\"callbacks.initTriggerButton\"\n\t\t\tdata-wp-on--click=\"actions.showLightbox\"\n\t\t\tdata-wp-style--right=\"state.thisImage.buttonRight\"\n\t\t\tdata-wp-style--top=\"state.thisImage.buttonTop\"\n\t\t>\n\t\t\t<svg xmlns=\"http:\/\/www.w3.org\/2000\/svg\" width=\"12\" height=\"12\" fill=\"none\" viewBox=\"0 0 12 12\">\n\t\t\t\t<path fill=\"#fff\" d=\"M2 0a2 2 0 0 0-2 2v2h1.5V2a.5.5 0 0 1 .5-.5h2V0H2Zm2 10.5H2a.5.5 0 0 1-.5-.5V8H0v2a2 2 0 0 0 2 2h2v-1.5ZM8 12v-1.5h2a.5.5 0 0 0 .5-.5V8H12v2a2 2 0 0 1-2 2H8Zm2-12a2 2 0 0 1 2 2v2h-1.5V2a.5.5 0 0 0-.5-.5H8V0h2Z\" \/>\n\t\t\t<\/svg>\n\t\t<\/button><\/figure>\n\n\n\n<h3 class=\"wp-block-heading\"><span class=\"ez-toc-section\" id=\"16_Zamok_Bechyne_a_most_Duha\"><\/span>16. Z\u00e1mok Bechyn\u011b a most Duha<span class=\"ez-toc-section-end\"><\/span><\/h3>\n\n\n\n<p class=\"wp-block-paragraph\">Do k\u00fape\u013en\u00e9ho mesta Bechyn\u011b prejde\u0161 <strong>31,9 kilometra a cesta po ved\u013eaj\u0161\u00edch cest\u00e1ch trv\u00e1 zhruba 39 min\u00fat<\/strong>. Tunaj\u0161\u00ed renesan\u010dn\u00fd z\u00e1mok, ktor\u00fd spravuje <a href=\"https:\/\/panstvi-bechyne.cz\" rel=\"nofollow noopener\" target=\"_blank\">Panstvo Bechyn\u011b<\/a>, pon\u00faka kr\u00e1sne v\u00fdh\u013eady do hlbok\u00e9ho \u00fadolia rieky Lu\u017enice.<\/p>\n\n\n\n<p class=\"wp-block-paragraph\">Mesto je ale presl\u00e1ven\u00e9 hlavne v\u010faka <strong>Bechy\u0148sk\u00e9mu mostu Duha z rokov 1926 a\u017e 1928, \u010do je technick\u00e1 rarita<\/strong>, preto\u017ee ako jedin\u00fd most v \u010cesku zdru\u017euje cestu aj \u017eeleznicu v jednom jedinom obl\u00faku pln\u00fdch 50 metrov nad riekou. Priamo do mesta navy\u0161e vedie historick\u00e1 elektrick\u00e1 dr\u00e1ha Elinka z T\u00e1bora, \u010do bolo prv\u00e9 K\u0159i\u017e\u00edkovo dielo svojho druhu v monarchii.<\/p>\n\n\n\n<p class=\"wp-block-paragraph\">Zauj\u00edmavos\u0165ou je, \u017ee <strong>t\u00e1to dr\u00e1ha m\u00e1 priamu historick\u00fa v\u00e4zbu na p\u00edseck\u00fa K\u0159i\u017e\u00edkovu elektr\u00e1re\u0148<\/strong>, tak\u017ee sa tu technick\u00e1 hist\u00f3ria kr\u00e1sne prep\u00e1ja. Po\u010das n\u00e1v\u0161tevy m\u00f4\u017ee\u0161 nahliadnu\u0165 aj do Medzin\u00e1rodn\u00e9ho m\u00fazea keramiky pod hlavi\u010dkou Al\u0161ovej juho\u010deskej gal\u00e9rie.<\/p>\n\n\n\n<p class=\"wp-block-paragraph\">Ke\u010f sme boli v Bechyni my, <strong>najviac n\u00e1s dostal poh\u013ead na z\u00e1mok z druhej strany \u00fadolia<\/strong> \u2014 odtia\u013e teprve docen\u00ed\u0161, ako vysoko nad Lu\u017enicou stoj\u00ed. Na most sa oplat\u00ed d\u00f4js\u0165 pe\u0161o a prejs\u0165 ho cel\u00fd, preto\u017ee fotky zdola aj zhora vyzeraj\u00fa zaka\u017ed\u00fdm \u00faplne inak.<\/p>\n\n\n\n<p class=\"wp-block-paragraph\">\ud83d\udca1 <strong>Tip:<\/strong> Bechy\u0148u si m\u00f4\u017ee\u0161 spoji\u0165 s <strong>vodn\u00fdm z\u00e1mkom \u010cerven\u00e1 Lhota<\/strong>, ktor\u00fd le\u017e\u00ed \u010falej na v\u00fdchod (z P\u00edsku je to 82 kilometrov, teda skoro hodina a pol). My sme obe miesta stihli po\u010das jedn\u00e9ho d\u0148a a t\u00e1 kombin\u00e1cia d\u00e1va zmysel.<\/p>\n\n\n\n<figure data-wp-context=\"{&quot;imageId&quot;:&quot;6a9527f913484&quot;}\" data-wp-interactive=\"core\/image\" data-wp-key=\"6a9527f913484\" class=\"wp-block-image size-full wp-lightbox-container\"><img decoding=\"async\" width=\"2528\" height=\"1696\" data-wp-class--hide=\"state.isContentHidden\" data-wp-class--show=\"state.isContentVisible\" data-wp-init=\"callbacks.setButtonStyles\" data-wp-on--click=\"actions.showLightbox\" data-wp-on--load=\"callbacks.setButtonStyles\" data-wp-on--pointerdown=\"actions.preloadImage\" data-wp-on--pointerenter=\"actions.preloadImageWithDelay\" data-wp-on--pointerleave=\"actions.cancelPreload\" data-wp-on-window--resize=\"callbacks.setButtonStyles\" src=\"https:\/\/loudavymkrokem.cz\/wp-content\/uploads\/2026\/08\/lk-21.jpg\" alt=\"Renesan\u010dn\u00fd z\u00e1mok Kratochv\u00edle pri Netoliciach\" class=\"wp-image-404074\" title=\"\" srcset=\"https:\/\/loudavymkrokem.cz\/wp-content\/uploads\/2026\/08\/lk-21.jpg 2528w, https:\/\/loudavymkrokem.cz\/wp-content\/uploads\/2026\/08\/lk-21-300x201.jpg 300w, https:\/\/loudavymkrokem.cz\/wp-content\/uploads\/2026\/08\/lk-21-700x470.jpg 700w, https:\/\/loudavymkrokem.cz\/wp-content\/uploads\/2026\/08\/lk-21-768x515.jpg 768w, https:\/\/loudavymkrokem.cz\/wp-content\/uploads\/2026\/08\/lk-21-1536x1030.jpg 1536w, https:\/\/loudavymkrokem.cz\/wp-content\/uploads\/2026\/08\/lk-21-2048x1374.jpg 2048w, https:\/\/loudavymkrokem.cz\/wp-content\/uploads\/2026\/08\/lk-21-696x467.jpg 696w, https:\/\/loudavymkrokem.cz\/wp-content\/uploads\/2026\/08\/lk-21-1392x934.jpg 1392w, https:\/\/loudavymkrokem.cz\/wp-content\/uploads\/2026\/08\/lk-21-1920x1288.jpg 1920w\" sizes=\"(max-width: 2528px) 100vw, 2528px\" \/><button\n\t\t\tclass=\"lightbox-trigger\"\n\t\t\ttype=\"button\"\n\t\t\taria-haspopup=\"dialog\"\n\t\t\tdata-wp-bind--aria-label=\"state.thisImage.triggerButtonAriaLabel\"\n\t\t\tdata-wp-init=\"callbacks.initTriggerButton\"\n\t\t\tdata-wp-on--click=\"actions.showLightbox\"\n\t\t\tdata-wp-style--right=\"state.thisImage.buttonRight\"\n\t\t\tdata-wp-style--top=\"state.thisImage.buttonTop\"\n\t\t>\n\t\t\t<svg xmlns=\"http:\/\/www.w3.org\/2000\/svg\" width=\"12\" height=\"12\" fill=\"none\" viewBox=\"0 0 12 12\">\n\t\t\t\t<path fill=\"#fff\" d=\"M2 0a2 2 0 0 0-2 2v2h1.5V2a.5.5 0 0 1 .5-.5h2V0H2Zm2 10.5H2a.5.5 0 0 1-.5-.5V8H0v2a2 2 0 0 0 2 2h2v-1.5ZM8 12v-1.5h2a.5.5 0 0 0 .5-.5V8H12v2a2 2 0 0 1-2 2H8Zm2-12a2 2 0 0 1 2 2v2h-1.5V2a.5.5 0 0 0-.5-.5H8V0h2Z\" \/>\n\t\t\t<\/svg>\n\t\t<\/button><figcaption class=\"wp-element-caption\">Pod\u013ea fotografie: Palickap \/ Wikimedia Commons, CC BY-SA 4.0 \u00b7 farebne upraven\u00e9<\/figcaption><\/figure>\n\n\n\n<!-- LKM_GYG_CARD start q=\"okoli pisku\" lang=\"sk\" rendered=\"2026-08-31T05:33:21+00:00\" v=\"1\" -->\n<style id=\"lk-gyg-styles\">\n@import url(\"https:\/\/fonts.googleapis.com\/css2?family=Playfair+Display:wght@700&family=DM+Sans:wght@300;400;500;600&display=swap\");\n\/* === LK GYG karty \u2014 CRO redesign 2026-05 (namespace .lkx-) ===\n   C\u00edl: vy\u0161\u0161\u00ed CTR (hero + v\u00fdrazn\u00fd social proof + ak\u010dn\u00ed CTA, m\u00e9n\u011b \"reklamn\u00ed\").\n   Injektuje se inline do prvn\u00edho markeru postu (refresh_cards.py --inline-css). *\/\n.lkx-module, .lkx-module *{box-sizing:border-box;margin:0;padding:0}\n.lkx-module{\n  font-family:'DM Sans',-apple-system,Segoe UI,Roboto,Georgia,sans-serif;\n  max-width:860px;margin:2.5rem auto;color:#1f2328;\n}\n\n\/* HEADER \u2014 lehk\u00fd editorsk\u00fd, \u017e\u00e1dn\u00fd bannerov\u00fd blok; nadpis + popisek pod n\u00edm *\/\n.lkx-head{margin-bottom:16px}\n.lkx-head-main{display:flex;align-items:center;gap:10px}\n.lkx-head-accent{width:26px;height:3px;border-radius:2px;background:#c39f76;flex-shrink:0}\n.lkx-head-title{font-family:'Playfair Display',Georgia,serif;font-size:21px;font-weight:700;color:#1a1a1a;line-height:1.25}\n.lkx-head-meta{display:block;font-size:11px;letter-spacing:.3px;color:#9aa0a6;margin-top:4px;margin-left:36px}\n\n\/* HERO *\/\n.lkx-hero{display:grid;grid-template-columns:300px 1fr;background:#fff;border:1px solid #ece7df;border-radius:14px;overflow:hidden;text-decoration:none!important;color:inherit;box-shadow:0 6px 20px rgba(0,0,0,.06);transition:box-shadow .2s,transform .2s;margin-bottom:14px}\n.lkx-hero:hover{box-shadow:0 12px 30px rgba(0,0,0,.12);transform:translateY(-2px)}\n.lkx-hero-img{position:relative;min-height:230px;background-size:cover;background-position:center;background-color:#eee}\n.lkx-hero-body{padding:22px 24px;display:flex;flex-direction:column}\n.lkx-pick{position:absolute;top:12px;left:12px;background:#1a1a1a;color:#fff;font-size:11px;font-weight:700;letter-spacing:.5px;padding:5px 11px;border-radius:20px}\n\n\/* TITLE *\/\n.lkx-title{font-size:19px;font-weight:700;color:#161616;line-height:1.3}\n.lkx-title-sm{font-size:14.5px;line-height:1.35;display:-webkit-box;-webkit-line-clamp:2;-webkit-box-orient:vertical;overflow:hidden}\n\n\/* SOCIAL PROOF \u2014 v\u00fdrazn\u011b, naho\u0159e *\/\n.lkx-proof{display:flex;align-items:center;gap:7px;margin-top:12px;font-size:15px;color:#3a3a3a}\n.lkx-proof b{font-size:16px;color:#161616}\n.lkx-stars{color:#f5a623;letter-spacing:1px}\n.lkx-proof-sm{font-size:12.5px;margin-top:8px;gap:5px}\n.lkx-proof-sm b{font-size:13px}\n.lkx-proof-new{color:#3685fc;font-weight:600}\n\n\/* PRICE \u2014 n\u00edzk\u00e1 kotva *\/\n.lkx-price{font-size:14px;color:#6b7280}\n.lkx-price b{font-size:20px;color:#161616;font-weight:700}\n.lkx-price-sm b{font-size:15px}\n\n\/* CTA \u2014 tepl\u00e9 ak\u010dn\u00ed tla\u010d\u00edtko *\/\n.lkx-cta{display:inline-flex;align-items:center;justify-content:center;text-decoration:none!important;font-weight:700;color:#fff!important;background:linear-gradient(135deg,#f6743f,#e8552a);border-radius:10px;box-shadow:0 6px 16px rgba(232,85,42,.32);transition:box-shadow .2s}\n.lkx-cta-hero{font-size:15px;padding:13px 22px}\n.lkx-hero:hover .lkx-cta-hero{box-shadow:0 8px 22px rgba(232,85,42,.45)}\n.lkx-cta-sm{font-size:12.5px;padding:9px 14px;width:100%;margin-top:2px}\n.lkx-hero-bottom{margin-top:auto;padding-top:18px;display:flex;align-items:center;justify-content:space-between;gap:14px;flex-wrap:wrap}\n\n\/* BADGE \u2014 jeden v\u00fdrazn\u00fd na fotce *\/\n.lkx-badge{position:absolute;top:12px;right:12px;font-size:10.5px;font-weight:700;letter-spacing:.3px;padding:5px 10px;border-radius:16px;color:#fff}\n.lkx-badge.badge-urgency{background:rgba(214,40,40,.92)}\n.lkx-badge.badge-new{background:rgba(54,133,252,.92)}\n.lkx-badge.badge-top{background:rgba(195,159,118,.95)}\n.lkx-badge.badge-info{background:rgba(40,40,40,.78)}\n\n\/* SECONDARY GRID *\/\n.lkx-grid{display:grid;grid-template-columns:1fr 1fr;gap:14px}\n.lkx-card{background:#fff;border:1px solid #ece7df;border-radius:14px;overflow:hidden;text-decoration:none!important;color:inherit;box-shadow:0 4px 14px rgba(0,0,0,.05);display:flex;flex-direction:column;transition:box-shadow .2s,transform .2s}\n.lkx-card:hover{box-shadow:0 10px 24px rgba(0,0,0,.1);transform:translateY(-2px)}\n.lkx-card-img{position:relative;aspect-ratio:16\/10;background-size:cover;background-position:center;background-color:#eee}\n.lkx-card-body{padding:14px 16px 16px;display:flex;flex-direction:column;gap:7px;flex:1}\n.lkx-card-bottom{margin-top:auto;padding-top:10px;display:flex;align-items:center;justify-content:space-between;gap:8px}\n\n\/* DISCLOSURE \u2014 drobn\u00e1, kv\u016fli d\u016fv\u011b\u0159e\/z\u00e1konu *\/\n.lkx-disclosure{font-size:11px;color:#a7adb3;text-align:center;margin-top:14px;line-height:1.6}\n.lkx-disclosure a{color:#c39f76;text-decoration:none}\n\n@media(max-width:680px){\n  .lkx-hero{grid-template-columns:1fr}\n  .lkx-hero-img{min-height:180px}\n  .lkx-grid{grid-template-columns:1fr}\n  .lkx-head-meta{margin-left:0;width:100%}\n  .lkx-head-title{font-size:19px}\n}\n\n<\/style>\n<div class=\"lkx-module\" data-query=\"okoli pisku\">\n  <div class=\"lkx-head\">\n    <div class=\"lkx-head-main\">\n      <span class=\"lkx-head-accent\"><\/span>\n      <span class=\"lkx-head-title\">Z\u00e1\u017eitky a vstupenky<\/span>\n    <\/div>\n    <span class=\"lkx-head-meta\">overen\u00e9 cestovate\u013emi \u00b7 <a class=\"thirstylink\" rel=\"nofollow\" target=\"_blank\" title=\"GetYourGuide\" href=\"https:\/\/loudavymkrokem.cz\/sk\/doporucujeme\/getyourguide\/\" data-shortcode=\"true\">GetYourGuide<\/a><\/span>\n  <\/div><a class=\"lkx-hero\" href=\"https:\/\/www.getyourguide.com\/sk-sk\/plzen-l41578\/plzen-plzen-prehliadka-pivovaru-pilsner-urquell-s-ochutnavkou-piva-t263452\/?partner_id=MKZ64IS&amp;utm_medium=online_publisher&amp;cmp=vylety-v-okoli-pisku\" target=\"_blank\" rel=\"sponsored noopener nofollow\">\n    <div class=\"lkx-hero-img\" style=\"background-image:url('https:\/\/cdn.getyourguide.com\/img\/tour\/64b65b7099cec.jpeg\/132.jpg')\" role=\"img\" aria-label=\"Plze\u0148: Prehliadka pivovaru Pilsner Urquell s ochutn\u00e1vkou piva\">\n      <span class=\"lkx-pick\">\u2605 N\u00e1\u0161 tip<\/span><\/div>\n    <div class=\"lkx-hero-body\">\n      <div class=\"lkx-title\">Plze\u0148: Prehliadka pivovaru Pilsner Urquell s ochutn\u00e1vkou piva<\/div>\n      <div class=\"lkx-proof\">\n      <span class=\"lkx-stars\">\u2605\u2605\u2605\u2605\u2605<\/span>\n      <b>4.6<\/b> \u00b7 2 864 hodnoten\u00ed\n    <\/div>\n      <div class=\"lkx-hero-bottom\"><div class=\"lkx-price\">od <b>18\u00a0EUR<\/b><\/div><span class=\"lkx-cta lkx-cta-hero\">Chcem tento z\u00e1\u017eitok \u2192<\/span>\n      <\/div>\n    <\/div>\n  <\/a><div class=\"lkx-grid\"><a class=\"lkx-card\" href=\"https:\/\/www.getyourguide.com\/sk-sk\/plzen-l41578\/prehliadka-historickeho-podzemia-plzne-vratane-pohara-piva-t440018\/?partner_id=MKZ64IS&amp;utm_medium=online_publisher&amp;cmp=vylety-v-okoli-pisku\" target=\"_blank\" rel=\"sponsored noopener nofollow\">\n      <div class=\"lkx-card-img\" style=\"background-image:url('https:\/\/cdn.getyourguide.com\/img\/tour\/644a59721e6fc.jpeg\/132.jpg')\" role=\"img\" aria-label=\"Plze\u0148: Prehliadka historick\u00e9ho podzemia s plechovkou piva\"><\/div>\n      <div class=\"lkx-card-body\">\n        <div class=\"lkx-title lkx-title-sm\">Plze\u0148: Prehliadka historick\u00e9ho podzemia s plechovkou piva<\/div>\n        <div class=\"lkx-proof lkx-proof-sm\">\n      <span class=\"lkx-stars\">\u2605<\/span>\n      <b>4.6<\/b> \u00b7 808\n    <\/div>\n        <div class=\"lkx-card-bottom\"><span class=\"lkx-price lkx-price-sm\">od <b>10\u00a0EUR<\/b><\/span><span class=\"lkx-cta lkx-cta-sm\">Zobrazi\u0165 term\u00edny \u2192<\/span>\n        <\/div>\n      <\/div>\n    <\/a><\/div><div class=\"lkx-disclosure\">\ud83d\udd17 Odkazy s\u00fa partnersk\u00e9 \u2014 cenu v\u00e1m nezmenia, n\u00e1m pom\u00e1haj\u00fa tvori\u0165 obsah. \u00b7 <a href=\"https:\/\/www.getyourguide.com\/sk-sk\/s\/?q=okoli+pisku&amp;partner_id=MKZ64IS&amp;utm_medium=online_publisher\" target=\"_blank\" rel=\"sponsored noopener nofollow\">V\u0161etky z\u00e1\u017eitky \u2192<\/a><\/div>\n<\/div>\n<!-- LKM_GYG_CARD end -->\n\n\n\n\n<div class=\"lk-stays-module\">\n<style>\n\/* \u2500\u2500\u2500 RESET PRO GUTENBERG \u2500\u2500\u2500 *\/\n.lk-stays-module * { box-sizing: border-box; margin: 0; padding: 0; }\n\n\/* \u2500\u2500\u2500 WRAPPER \u2500\u2500\u2500 *\/\n.lk-stays-module {\n  font-family: 'DM Sans', Georgia, sans-serif;\n  max-width: 100%;\n  margin: 2.5rem auto;\n  background: linear-gradient(135deg, #fdfaf5 0%, #fcf8f0 100%);\n  border: 1px solid #e8dfd4;\n  border-radius: 16px;\n  overflow: hidden;\n  box-shadow: 0 16px 48px rgba(195, 159, 118, 0.25), 0 4px 12px rgba(0,0,0,0.08);\n}\n\n\/* \u2500\u2500\u2500 HEADER \u2500\u2500\u2500 *\/\n.lk-stays-header {\n  position: relative;\n  padding: 24px 36px 24px;\n  background: linear-gradient(135deg, #c39f76 0%, #d4b188 60%, #c39f76 100%);\n  border-bottom: 1px solid rgba(255,255,255,.15);\n  display: flex;\n  align-items: center;\n  gap: 18px;\n}\n.lk-stays-header::before {\n  content: '';\n  position: absolute;\n  inset: 0;\n  background: url(\"data:image\/svg+xml,%3Csvg width='60' height='60' viewBox='0 0 60 60' xmlns='http:\/\/www.w3.org\/2000\/svg'%3E%3Cg fill='none' fill-rule='evenodd'%3E%3Cg fill='%23ffffff' fill-opacity='0.05'%3E%3Cpath d='M36 34v-4h-2v4h-4v2h4v4h2v-4h4v-2h-4zm0-30V0h-2v4h-4v2h4v4h2V6h4V4h-4zM6 34v-4H4v4H0v2h4v4h2v-4h4v-2H6zM6 4V0H4v4H0v2h4v4h2V6h4V4H6z'\/%3E%3C\/g%3E%3C\/g%3E%3C\/svg%3E\") repeat;\n  pointer-events: none;\n}\n.lk-stays-icon {\n  flex-shrink: 0;\n  width: 68px;\n  height: 68px;\n  border-radius: 14px;\n  background: linear-gradient(135deg, #fff 0%, #f9f6f0 100%);\n  display: flex;\n  align-items: center;\n  justify-content: center;\n  font-size: 26px;\n  box-shadow: 0 4px 12px rgba(0,0,0,0.15);\n}\n.lk-stays-eyebrow {\n  font-size: 10px;\n  font-weight: 500;\n  letter-spacing: 2.5px;\n  text-transform: uppercase;\n  color: rgba(255,255,255,.85);\n  margin: 0 0 5px 0;\n}\n.lk-stays-title {\n  font-family: 'Playfair Display', Georgia, serif;\n  font-size: 24px;\n  font-weight: 700;\n  color: #fff;\n  line-height: 1.2;\n  text-shadow: 0 1px 2px rgba(0,0,0,0.1);\n  margin: 0;\n}\n.lk-stays-subtitle {\n  font-size: 13px;\n  color: rgba(255,255,255,.75);\n  margin: 4px 0 0 0;\n  font-weight: 300;\n}\n\n\/* \u2500\u2500\u2500 CARDS GRID \u2500\u2500\u2500 *\/\n.lk-stays-grid {\n  display: grid;\n  grid-template-columns: 1fr 1fr;\n  gap: 1px;\n  background: rgba(195, 159, 118, 0.12);\n}\n\n\/* \u2500\u2500\u2500 SINGLE CARD \u2500\u2500\u2500 *\/\n.lk-stay-card {\n  background: #ffffff;\n  padding: 26px;\n  display: flex;\n  flex-direction: column;\n  gap: 11px;\n  transition: all 0.3s ease;\n  text-decoration: none;\n  color: inherit;\n  position: relative;\n}\n.lk-stay-card:hover {\n  background: #fffbf5;\n  transform: translateY(-2px);\n  box-shadow: 0 8px 24px rgba(195, 159, 118, 0.18);\n  z-index: 1;\n}\n.lk-stay-card.featured {\n  background: linear-gradient(135deg, #fffdf9 0%, #fff9f0 100%);\n  box-shadow: 0 4px 16px rgba(195, 159, 118, 0.15), inset 0 1px 0 rgba(195, 159, 118, 0.1);\n}\n.lk-stay-card.featured:hover {\n  background: linear-gradient(135deg, #fffbf5 0%, #fff8ed 100%);\n  box-shadow: 0 8px 24px rgba(195, 159, 118, 0.25), inset 0 1px 0 rgba(195, 159, 118, 0.15);\n}\n\n.lk-stay-badge {\n  display: inline-flex;\n  align-items: center;\n  gap: 5px;\n  font-size: 10px;\n  font-weight: 500;\n  letter-spacing: 1.5px;\n  text-transform: uppercase;\n  padding: 5px 11px;\n  border-radius: 20px;\n  width: fit-content;\n}\n.badge-top     { background: linear-gradient(135deg, #c39f76 0%, #d4b188 100%); color: #fff; border: 1px solid #c39f76; font-weight: 600; box-shadow: 0 2px 8px rgba(195,159,118,0.3); }\n.badge-luxury  { background: rgba(195,159,118,.12); color: #c39f76; border: 1px solid rgba(195,159,118,.25); }\n.badge-boutique{ background: rgba(54,133,252,.08); color: #3685fc; border: 1px solid rgba(54,133,252,.2); }\n.badge-nature  { background: rgba(130,190,100,.1); color: #6b9c4a; border: 1px solid rgba(130,190,100,.2); }\n.badge-remote  { background: rgba(195,159,118,.12); color: #a67e50; border: 1px solid rgba(195,159,118,.25); }\n\n.lk-stay-name {\n  font-family: 'Playfair Display', Georgia, serif;\n  font-size: 18px;\n  font-weight: 700;\n  color: #111827;\n  line-height: 1.3;\n}\n.lk-stay-desc {\n  font-size: 13.5px;\n  color: #525252;\n  line-height: 1.65;\n  font-weight: 300;\n  flex: 1;\n}\n\n.lk-stay-meta {\n  display: flex;\n  align-items: center;\n  gap: 12px;\n  flex-wrap: wrap;\n  margin-top: 4px;\n}\n.lk-stay-price {\n  font-size: 13px;\n  color: #6b7280;\n}\n.lk-stay-price strong {\n  color: #c39f76;\n  font-weight: 500;\n}\n.lk-stay-stars {\n  color: #c39f76;\n  font-size: 11px;\n  letter-spacing: 1px;\n}\n\n\/* \u2500\u2500\u2500 CTA BUTTON \u2500\u2500\u2500 *\/\n.lk-stay-cta {\n  display: inline-flex;\n  align-items: center;\n  justify-content: center;\n  gap: 7px;\n  margin-top: 8px;\n  padding: 11px 20px;\n  border-radius: 8px;\n  background: linear-gradient(135deg, #3685fc 0%, #2a6fd9 100%);\n  color: #fff;\n  font-size: 13px;\n  font-weight: 500;\n  text-decoration: none;\n  letter-spacing: .3px;\n  transition: all .2s ease;\n  cursor: pointer;\n  border: none;\n  text-align: center;\n  box-shadow: 0 4px 12px rgba(54, 133, 252, 0.25);\n}\n.lk-stay-cta:hover {\n  background: linear-gradient(135deg, #2a6fd9 0%, #1e5bc4 100%);\n  transform: translateY(-1px);\n  box-shadow: 0 6px 16px rgba(54, 133, 252, 0.35);\n}\n.lk-stay-cta svg { flex-shrink: 0; }\n\n\/* \u2500\u2500\u2500 FOOTER \u2500\u2500\u2500 *\/\n.lk-stays-footer {\n  padding: 18px 36px;\n  background: linear-gradient(to bottom, #fdfaf5 0%, #f9f4ed 100%);\n  border-top: 1px solid rgba(195, 159, 118, 0.15);\n  display: flex;\n  align-items: center;\n  justify-content: space-between;\n  flex-wrap: wrap;\n  gap: 12px;\n}\n.lk-stays-footer-note {\n  font-size: 11.5px;\n  color: #6b7280;\n  font-weight: 300;\n  line-height: 1.5;\n}\n.lk-stays-footer-note a {\n  color: #c39f76;\n  text-decoration: none;\n  font-weight: 400;\n}\n.lk-stays-footer-note a:hover {\n  text-decoration: underline;\n}\n.lk-stays-all-btn {\n  display: inline-flex;\n  align-items: center;\n  gap: 6px;\n  font-size: 12.5px;\n  font-weight: 500;\n  color: #c39f76;\n  text-decoration: none;\n  border: 1px solid rgba(195, 159, 118, 0.35);\n  padding: 8px 18px;\n  border-radius: 8px;\n  transition: all .2s ease;\n}\n.lk-stays-all-btn:hover {\n  background: rgba(195, 159, 118, 0.08);\n  border-color: rgba(195, 159, 118, 0.5);\n}\n\n\/* \u2500\u2500\u2500 RESPONSIVE \u2500\u2500\u2500 *\/\n@media (max-width: 600px) {\n  .lk-stays-grid { grid-template-columns: 1fr; }\n  .lk-stays-header { padding: 24px 20px; }\n  .lk-stays-footer { padding: 16px 20px; }\n  .lk-stay-card { padding: 22px; }\n  .lk-stays-title { font-size: 20px; }\n}\n<\/style>\n\n  <!-- HEADER -->\n  <div class=\"lk-stays-header\">\n    <img decoding=\"async\" src=\"https:\/\/loudavymkrokem.cz\/wp-content\/uploads\/2026\/02\/lukas-a-lucka.jpg\" alt=\"\" style=\"width: 75px; height: 75px; border-radius: 8px; flex-shrink: 0; object-fit: cover; display: block; margin: 4px 0;\" title=\"\">\n    <div class=\"lk-stays-header-text\">\n      <div class=\"lk-stays-eyebrow\">Luk\u00e1\u0161 a Lucie odpor\u00fa\u010daj\u00fa<\/div>\n      <div class=\"lk-stays-title\">Kde sa ubytova\u0165 v P\u00edsku<\/div>\n      <div class=\"lk-stays-subtitle\">5 ubytovan\u00ed \u2014 hotely a \u010fal\u0161ie mo\u017enosti ubytovania<\/div>\n    <\/div>\n  <\/div>\n\n  <!-- CARDS -->\n  <div class=\"lk-stays-grid\">\n\n    <a class=\"lk-stay-card featured\" href=\"https:\/\/www.stay22.com\/allez\/roam?aid=lukaskonecny&#038;campaign=loudavymkrokemcz&#038;campaign=sk&#038;campaign=vylety-v-okoli-pisku&#038;hotelname=Hotel%20Biograf&#038;address=P%C3%ADsek%2C%20%C4%8Cesko\" target=\"_blank\" rel=\"nofollow noopener\">\n      <span class=\"lk-stay-badge badge-top\">\u2b50 TOP VO\u013dBA<\/span>\n      <span class=\"lk-stay-badge badge-nature\">\ud83c\udfe8 Hotel<\/span>\n      <div class=\"lk-stay-name\">Hotel Biograf<\/div>\n      <div class=\"lk-stay-desc\">Najlep\u0161iu adresu m\u00e1 tento zrekon\u0161truovan\u00fd hotel k\u00fasok od Ve\u013ek\u00e9ho n\u00e1mestia, dlhodobo najlep\u0161ie hodnoten\u00fd v P\u00edsku.<\/div>\n      <div class=\"lk-stay-meta\">\n        <span class=\"lk-stay-stars\">\u2605\u2605\u2605\u2605<\/span>\n        <span class=\"lk-stay-price\">Skontrolova\u0165 ceny<\/span>\n      <\/div>\n      <span class=\"lk-stay-cta\">\n        <svg width=\"14\" height=\"14\" viewBox=\"0 0 24 24\" fill=\"none\" stroke=\"currentColor\" stroke-width=\"2\"><path d=\"M18 13v6a2 2 0 0 1-2 2H5a2 2 0 0 1-2-2V8a2 2 0 0 1 2-2h6\"\/><polyline points=\"15 3 21 3 21 9\"\/><line x1=\"10\" y1=\"14\" x2=\"21\" y2=\"3\"\/><\/svg>\n        Skontrolova\u0165 dostupnos\u0165\n      <\/span>\n    <\/a>\n\n    <a class=\"lk-stay-card\" href=\"https:\/\/www.stay22.com\/allez\/roam?aid=lukaskonecny&#038;campaign=loudavymkrokemcz&#038;campaign=sk&#038;campaign=vylety-v-okoli-pisku&#038;hotelname=Hotel%20U%20Kapli%C4%8Dky&#038;address=P%C3%ADsek%2C%20%C4%8Cesko\" target=\"_blank\" rel=\"nofollow noopener\">\n      <span class=\"lk-stay-badge badge-nature\">\ud83c\udfe8 Hotel<\/span>\n      <div class=\"lk-stay-name\">Hotel U Kapli\u010dky<\/div>\n      <div class=\"lk-stay-desc\">Pokojnej\u0161ia varianta s vlastnou re\u0161taur\u00e1ciou a parkovan\u00edm, ocenite pri neskor\u00fdch n\u00e1vratoch z v\u00fdletov.<\/div>\n      <div class=\"lk-stay-meta\">\n        <span class=\"lk-stay-stars\">\u2605\u2605\u2605\u2605<\/span>\n        <span class=\"lk-stay-price\">Skontrolova\u0165 ceny<\/span>\n      <\/div>\n      <span class=\"lk-stay-cta\">\n        <svg width=\"14\" height=\"14\" viewBox=\"0 0 24 24\" fill=\"none\" stroke=\"currentColor\" stroke-width=\"2\"><path d=\"M18 13v6a2 2 0 0 1-2 2H5a2 2 0 0 1-2-2V8a2 2 0 0 1 2-2h6\"\/><polyline points=\"15 3 21 3 21 9\"\/><line x1=\"10\" y1=\"14\" x2=\"21\" y2=\"3\"\/><\/svg>\n        Skontrolova\u0165 dostupnos\u0165\n      <\/span>\n    <\/a>\n\n    <a class=\"lk-stay-card\" href=\"https:\/\/www.stay22.com\/allez\/roam?aid=lukaskonecny&#038;campaign=loudavymkrokemcz&#038;campaign=sk&#038;campaign=vylety-v-okoli-pisku&#038;hotelname=Penzion%20Sport&#038;address=P%C3%ADsek%2C%20%C4%8Cesko\" target=\"_blank\" rel=\"nofollow noopener\">\n      <span class=\"lk-stay-badge badge-nature\">\ud83c\udfe1 Penzi\u00f3n<\/span>\n      <div class=\"lk-stay-name\">Penzion Sport<\/div>\n      <div class=\"lk-stay-desc\">Lacnej\u0161ie ubytovanie na \u0161portov\u00fd are\u00e1l a k\u00fapalisko p\u00e1r min\u00fat pe\u0161o.<\/div>\n      <div class=\"lk-stay-meta\">\n        <span class=\"lk-stay-stars\">\u2605\u2605\u2605\u2605<\/span>\n        <span class=\"lk-stay-price\">Skontrolova\u0165 ceny<\/span>\n      <\/div>\n      <span class=\"lk-stay-cta\">\n        <svg width=\"14\" height=\"14\" viewBox=\"0 0 24 24\" fill=\"none\" stroke=\"currentColor\" stroke-width=\"2\"><path d=\"M18 13v6a2 2 0 0 1-2 2H5a2 2 0 0 1-2-2V8a2 2 0 0 1 2-2h6\"\/><polyline points=\"15 3 21 3 21 9\"\/><line x1=\"10\" y1=\"14\" x2=\"21\" y2=\"3\"\/><\/svg>\n        Skontrolova\u0165 dostupnos\u0165\n      <\/span>\n    <\/a>\n\n    <a class=\"lk-stay-card\" href=\"https:\/\/www.stay22.com\/allez\/roam?aid=lukaskonecny&#038;campaign=loudavymkrokemcz&#038;campaign=sk&#038;campaign=vylety-v-okoli-pisku&#038;hotelname=Hotel%20Otava&#038;address=P%C3%ADsek%2C%20%C4%8Cesko\" target=\"_blank\" rel=\"nofollow noopener\">\n      <span class=\"lk-stay-badge badge-nature\">\ud83c\udfe8 Hotel<\/span>\n      <div class=\"lk-stay-name\">Hotel Otava<\/div>\n      <div class=\"lk-stay-desc\">Priamo v historickom centre, prvorepublikov\u00e1 budova s Al\u0161ov\u00fdmi ma\u013ebami, izby sa \u0165a\u017e\u0161ie zh\u00e1\u0148aj\u00fa, rezervujte vopred.<\/div>\n      <div class=\"lk-stay-meta\">\n        <span class=\"lk-stay-stars\">\u2605\u2605\u2605\u2605<\/span>\n        <span class=\"lk-stay-price\">Skontrolova\u0165 ceny<\/span>\n      <\/div>\n      <span class=\"lk-stay-cta\">\n        <svg width=\"14\" height=\"14\" viewBox=\"0 0 24 24\" fill=\"none\" stroke=\"currentColor\" stroke-width=\"2\"><path d=\"M18 13v6a2 2 0 0 1-2 2H5a2 2 0 0 1-2-2V8a2 2 0 0 1 2-2h6\"\/><polyline points=\"15 3 21 3 21 9\"\/><line x1=\"10\" y1=\"14\" x2=\"21\" y2=\"3\"\/><\/svg>\n        Skontrolova\u0165 dostupnos\u0165\n      <\/span>\n    <\/a>\n\n    <a class=\"lk-stay-card\" href=\"https:\/\/www.stay22.com\/allez\/roam?aid=lukaskonecny&#038;campaign=loudavymkrokemcz&#038;campaign=sk&#038;campaign=vyletyvokolipisku&#038;address=p\u00edsek\" target=\"_blank\" rel=\"nofollow noopener\">\n      <span class=\"lk-stay-badge badge-nature\">\ud83d\udd0d H\u013eada\u0165<\/span>\n      <div class=\"lk-stay-name\">Zobrazi\u0165 v\u0161etky ubytovania v P\u00edsku<\/div>\n      <div class=\"lk-stay-desc\">Presk\u00famajte v\u0161etky dostupn\u00e9 mo\u017enosti ubytovania v P\u00edsku a n\u00e1jdite to najlep\u0161ie pod\u013ea va\u0161ich preferenci\u00ed a rozpo\u010dtu.<\/div>\n      <div class=\"lk-stay-meta\">\n        <span class=\"lk-stay-stars\">\u2605\u2605\u2605\u2605<\/span>\n        <span class=\"lk-stay-price\">Porovna\u0165 ceny<\/span>\n      <\/div>\n      <span class=\"lk-stay-cta\">\n        <svg width=\"14\" height=\"14\" viewBox=\"0 0 24 24\" fill=\"none\" stroke=\"currentColor\" stroke-width=\"2\"><path d=\"M18 13v6a2 2 0 0 1-2 2H5a2 2 0 0 1-2-2V8a2 2 0 0 1 2-2h6\"\/><polyline points=\"15 3 21 3 21 9\"\/><line x1=\"10\" y1=\"14\" x2=\"21\" y2=\"3\"\/><\/svg>\n        Skontrolova\u0165 dostupnos\u0165\n      <\/span>\n    <\/a>\n\n  <\/div>\n\n  \n<\/div>\n\n\n\n\n<h3 class=\"wp-block-heading\"><span class=\"ez-toc-section\" id=\"17_Zamok_Kratochvile_Netolice\"><\/span>17. Z\u00e1mok Kratochv\u00edle (Netolice)<span class=\"ez-toc-section-end\"><\/span><\/h3>\n\n\n\n<p class=\"wp-block-paragraph\">Tento renesan\u010dn\u00fd skvost sa nach\u00e1dza <strong>36,1 kilometra \u010faleko a autom sem d\u00f4jde\u0161 za 34 min\u00fat<\/strong>. Kratochv\u00edle je n\u00e1dhern\u00e1 talianska renesan\u010dn\u00e1 vila obklopen\u00e1 dokonalou vodnou priekopou, ktor\u00fa si nechal ako svoj letn\u00fd letohr\u00e1dok postavi\u0165 sl\u00e1vny Vil\u00e9m z Ro\u017emberka.<\/p>\n\n\n\n<p class=\"wp-block-paragraph\">Pre rok 2026 plat\u00ed overen\u00e9 vstupn\u00e9, kedy <strong>prehliadka vily stoj\u00ed 220 K\u010d (asi 9 \u20ac) pre dospel\u00fdch, 180 K\u010d (asi 7,50 \u20ac) pre seniorov a 70 K\u010d (asi 2,90 \u20ac) pre deti<\/strong>, zatia\u013e \u010do ve\u013ek\u00fd okruh Grand vyjde na 280 K\u010d (asi 11,50 \u20ac). Ak sa chce\u0161 len prejs\u0165, vstup do samotnej geometricky presnej z\u00e1mockej z\u00e1hrady k\u00fapi\u0161 za 60 K\u010d (asi 2,50 \u20ac).<\/p>\n\n\n\n<p class=\"wp-block-paragraph\">Atmosf\u00e9ra je tu <strong>neuverite\u013ene fotogenick\u00e1 a cel\u00e9 miesto p\u00f4sob\u00ed ako vystrihnut\u00e9 z rozpr\u00e1vky<\/strong>, hlavne v\u010faka vodnej priekope, ktor\u00e1 vilu obklopuje zo v\u0161etk\u00fdch str\u00e1n. Aktu\u00e1lne otv\u00e1racie hodiny si prejdi na ofici\u00e1lnom webe <a href=\"https:\/\/zamek-kratochvile.cz\" rel=\"nofollow noopener\" target=\"_blank\">zamek-kratochvile.cz<\/a>.<\/p>\n\n\n\n<figure data-wp-context=\"{&quot;imageId&quot;:&quot;6a9527f913c5b&quot;}\" data-wp-interactive=\"core\/image\" data-wp-key=\"6a9527f913c5b\" class=\"wp-block-image size-full wp-lightbox-container\"><img decoding=\"async\" width=\"2528\" height=\"1696\" data-wp-class--hide=\"state.isContentHidden\" data-wp-class--show=\"state.isContentVisible\" data-wp-init=\"callbacks.setButtonStyles\" data-wp-on--click=\"actions.showLightbox\" data-wp-on--load=\"callbacks.setButtonStyles\" data-wp-on--pointerdown=\"actions.preloadImage\" data-wp-on--pointerenter=\"actions.preloadImageWithDelay\" data-wp-on--pointerleave=\"actions.cancelPreload\" data-wp-on-window--resize=\"callbacks.setButtonStyles\" src=\"https:\/\/loudavymkrokem.cz\/wp-content\/uploads\/2026\/08\/lk-22.jpg\" alt=\"Kostol sv\u00e4t\u00e9ho Petra a Pavla v Albrechticiach nad Vltavou\" class=\"wp-image-404078\" title=\"\" srcset=\"https:\/\/loudavymkrokem.cz\/wp-content\/uploads\/2026\/08\/lk-22.jpg 2528w, https:\/\/loudavymkrokem.cz\/wp-content\/uploads\/2026\/08\/lk-22-300x201.jpg 300w, https:\/\/loudavymkrokem.cz\/wp-content\/uploads\/2026\/08\/lk-22-700x470.jpg 700w, https:\/\/loudavymkrokem.cz\/wp-content\/uploads\/2026\/08\/lk-22-768x515.jpg 768w, https:\/\/loudavymkrokem.cz\/wp-content\/uploads\/2026\/08\/lk-22-1536x1030.jpg 1536w, https:\/\/loudavymkrokem.cz\/wp-content\/uploads\/2026\/08\/lk-22-2048x1374.jpg 2048w, https:\/\/loudavymkrokem.cz\/wp-content\/uploads\/2026\/08\/lk-22-696x467.jpg 696w, https:\/\/loudavymkrokem.cz\/wp-content\/uploads\/2026\/08\/lk-22-1392x934.jpg 1392w, https:\/\/loudavymkrokem.cz\/wp-content\/uploads\/2026\/08\/lk-22-1920x1288.jpg 1920w\" sizes=\"(max-width: 2528px) 100vw, 2528px\" \/><button\n\t\t\tclass=\"lightbox-trigger\"\n\t\t\ttype=\"button\"\n\t\t\taria-haspopup=\"dialog\"\n\t\t\tdata-wp-bind--aria-label=\"state.thisImage.triggerButtonAriaLabel\"\n\t\t\tdata-wp-init=\"callbacks.initTriggerButton\"\n\t\t\tdata-wp-on--click=\"actions.showLightbox\"\n\t\t\tdata-wp-style--right=\"state.thisImage.buttonRight\"\n\t\t\tdata-wp-style--top=\"state.thisImage.buttonTop\"\n\t\t>\n\t\t\t<svg xmlns=\"http:\/\/www.w3.org\/2000\/svg\" width=\"12\" height=\"12\" fill=\"none\" viewBox=\"0 0 12 12\">\n\t\t\t\t<path fill=\"#fff\" d=\"M2 0a2 2 0 0 0-2 2v2h1.5V2a.5.5 0 0 1 .5-.5h2V0H2Zm2 10.5H2a.5.5 0 0 1-.5-.5V8H0v2a2 2 0 0 0 2 2h2v-1.5ZM8 12v-1.5h2a.5.5 0 0 0 .5-.5V8H12v2a2 2 0 0 1-2 2H8Zm2-12a2 2 0 0 1 2 2v2h-1.5V2a.5.5 0 0 0-.5-.5H8V0h2Z\" \/>\n\t\t\t<\/svg>\n\t\t<\/button><figcaption class=\"wp-element-caption\">Pod\u013ea fotografie: Manka \/ Wikimedia Commons, CC BY 3.0 \u00b7 farebne upraven\u00e9<\/figcaption><\/figure>\n\n\n\n<h3 class=\"wp-block-heading\"><span class=\"ez-toc-section\" id=\"18_Kostnica_a_cintorin_v_Albrechticiach_nad_Vltavou\"><\/span>18. Kostnica a cintor\u00edn v Albrechticiach nad Vltavou<span class=\"ez-toc-section-end\"><\/span><\/h3>\n\n\n\n<p class=\"wp-block-paragraph\">Na tento nen\u00e1padn\u00fd, ale unik\u00e1tny v\u00fdlet prejde\u0161 <strong>16,4 kilometra a zaberie ti to len 18 min\u00fat<\/strong>. V Albrechticiach nad Vltavou n\u00e1jde\u0161 kostol sv\u00e4t\u00e9ho Petra a Pavla s pri\u013eahl\u00fdm cintor\u00ednom, ktor\u00fd obop\u00edna \u00faplne unik\u00e1tny m\u00far s ma\u013eovan\u00fdmi v\u00fdklenkov\u00fdmi kaplnkami sl\u00fa\u017eiacimi ako miniat\u00farne kostnice.<\/p>\n\n\n\n<p class=\"wp-block-paragraph\">Ide o <strong>ve\u013emi m\u00e1lo zn\u00e1me miesto s \u00fa\u017easnou a tichou atmosf\u00e9rou, ktor\u00e9 je vo\u013ene pr\u00edstupn\u00e9 zadarmo<\/strong>. Recenzi\u00ed m\u00e1 na map\u00e1ch len p\u00e1r desiatok, ale kto sem zabl\u00fadi, odch\u00e1dza nad\u0161en\u00fd. Ma\u013eby v kaplnk\u00e1ch rozpr\u00e1vaj\u00fa pr\u00edbehy a nes\u00fa mravou\u010dn\u00e9 n\u00e1pisy z 19. storo\u010dia, \u010do z miesta rob\u00ed fantastick\u00fd skryt\u00fd poklad regi\u00f3nu.<\/p>\n\n\n\n<p class=\"wp-block-paragraph\">Daj si ale ve\u013ek\u00fd pozor, aby si <strong>t\u00fato mal\u00fa kostnicu nezamenil so sl\u00e1vnou kostnicou v Sedlci pri Kutnej Hore<\/strong>, preto\u017ee vyh\u013ead\u00e1va\u010de ich \u010dasto plet\u00fa dohromady. Tunaj\u0161ia albrechtick\u00e1 verzia je ove\u013ea int\u00edmnej\u0161ia, tich\u0161ia a turisticky takmer neobjaven\u00e1. Praktick\u00e9 inform\u00e1cie k miestu n\u00e1jde\u0161 na webe obce <a href=\"https:\/\/albrechticenadvltavou.cz\" rel=\"nofollow noopener\" target=\"_blank\">albrechticenadvltavou.cz<\/a>.<\/p>\n\n\n\n<figure data-wp-context=\"{&quot;imageId&quot;:&quot;6a9527f9142bd&quot;}\" data-wp-interactive=\"core\/image\" data-wp-key=\"6a9527f9142bd\" class=\"wp-block-image size-full wp-lightbox-container\"><img decoding=\"async\" width=\"2200\" height=\"1467\" data-wp-class--hide=\"state.isContentHidden\" data-wp-class--show=\"state.isContentVisible\" data-wp-init=\"callbacks.setButtonStyles\" data-wp-on--click=\"actions.showLightbox\" data-wp-on--load=\"callbacks.setButtonStyles\" data-wp-on--pointerdown=\"actions.preloadImage\" data-wp-on--pointerenter=\"actions.preloadImageWithDelay\" data-wp-on--pointerleave=\"actions.cancelPreload\" data-wp-on-window--resize=\"callbacks.setButtonStyles\" src=\"https:\/\/loudavymkrokem.cz\/wp-content\/uploads\/2026\/08\/orlicka-prehrada-lod-pod-zvikovem.jpg\" alt=\"Motorov\u00e1 lo\u010f na Orlickej priehrade pod hradom Zv\u00edkov\" class=\"wp-image-404454\" title=\"\" srcset=\"https:\/\/loudavymkrokem.cz\/wp-content\/uploads\/2026\/08\/orlicka-prehrada-lod-pod-zvikovem.jpg 2200w, https:\/\/loudavymkrokem.cz\/wp-content\/uploads\/2026\/08\/orlicka-prehrada-lod-pod-zvikovem-300x200.jpg 300w, https:\/\/loudavymkrokem.cz\/wp-content\/uploads\/2026\/08\/orlicka-prehrada-lod-pod-zvikovem-700x467.jpg 700w, https:\/\/loudavymkrokem.cz\/wp-content\/uploads\/2026\/08\/orlicka-prehrada-lod-pod-zvikovem-768x512.jpg 768w, https:\/\/loudavymkrokem.cz\/wp-content\/uploads\/2026\/08\/orlicka-prehrada-lod-pod-zvikovem-1536x1024.jpg 1536w, https:\/\/loudavymkrokem.cz\/wp-content\/uploads\/2026\/08\/orlicka-prehrada-lod-pod-zvikovem-2048x1366.jpg 2048w, https:\/\/loudavymkrokem.cz\/wp-content\/uploads\/2026\/08\/orlicka-prehrada-lod-pod-zvikovem-696x464.jpg 696w, https:\/\/loudavymkrokem.cz\/wp-content\/uploads\/2026\/08\/orlicka-prehrada-lod-pod-zvikovem-1392x928.jpg 1392w, https:\/\/loudavymkrokem.cz\/wp-content\/uploads\/2026\/08\/orlicka-prehrada-lod-pod-zvikovem-1920x1280.jpg 1920w\" sizes=\"(max-width: 2200px) 100vw, 2200px\" \/><button\n\t\t\tclass=\"lightbox-trigger\"\n\t\t\ttype=\"button\"\n\t\t\taria-haspopup=\"dialog\"\n\t\t\tdata-wp-bind--aria-label=\"state.thisImage.triggerButtonAriaLabel\"\n\t\t\tdata-wp-init=\"callbacks.initTriggerButton\"\n\t\t\tdata-wp-on--click=\"actions.showLightbox\"\n\t\t\tdata-wp-style--right=\"state.thisImage.buttonRight\"\n\t\t\tdata-wp-style--top=\"state.thisImage.buttonTop\"\n\t\t>\n\t\t\t<svg xmlns=\"http:\/\/www.w3.org\/2000\/svg\" width=\"12\" height=\"12\" fill=\"none\" viewBox=\"0 0 12 12\">\n\t\t\t\t<path fill=\"#fff\" d=\"M2 0a2 2 0 0 0-2 2v2h1.5V2a.5.5 0 0 1 .5-.5h2V0H2Zm2 10.5H2a.5.5 0 0 1-.5-.5V8H0v2a2 2 0 0 0 2 2h2v-1.5ZM8 12v-1.5h2a.5.5 0 0 0 .5-.5V8H12v2a2 2 0 0 1-2 2H8Zm2-12a2 2 0 0 1 2 2v2h-1.5V2a.5.5 0 0 0-.5-.5H8V0h2Z\" \/>\n\t\t\t<\/svg>\n\t\t<\/button><\/figure>\n\n\n\n<h2 class=\"wp-block-heading\"><span class=\"ez-toc-section\" id=\"Voda_Orlicka_priehrada_Vltava_a_Otava\"><\/span>Voda: Orlick\u00e1 priehrada, Vltava a Otava<span class=\"ez-toc-section-end\"><\/span><\/h2>\n\n\n\n<p class=\"wp-block-paragraph\">Juho\u010desk\u00e9 rieky a priehrady s\u00fa kapitola sama pre seba. V lete pon\u00fakaj\u00fa skvel\u00e9 k\u00fapanie, na jar a na jese\u0148 zase \u00fa\u017easn\u00e9 scen\u00e9rie zarezan\u00fdch ka\u0148onov. Tieto v\u00fdlety odpor\u00fa\u010dam pl\u00e1nova\u0165 hlavne na dni, ke\u010f je pekn\u00e9 po\u010dasie.<\/p>\n\n\n\n<figure data-wp-context=\"{&quot;imageId&quot;:&quot;6a9527f914840&quot;}\" data-wp-interactive=\"core\/image\" data-wp-key=\"6a9527f914840\" class=\"wp-block-image size-full wp-lightbox-container\"><img decoding=\"async\" width=\"2528\" height=\"1696\" data-wp-class--hide=\"state.isContentHidden\" data-wp-class--show=\"state.isContentVisible\" data-wp-init=\"callbacks.setButtonStyles\" data-wp-on--click=\"actions.showLightbox\" data-wp-on--load=\"callbacks.setButtonStyles\" data-wp-on--pointerdown=\"actions.preloadImage\" data-wp-on--pointerenter=\"actions.preloadImageWithDelay\" data-wp-on--pointerleave=\"actions.cancelPreload\" data-wp-on-window--resize=\"callbacks.setButtonStyles\" src=\"https:\/\/loudavymkrokem.cz\/wp-content\/uploads\/2026\/08\/lk-24.jpg\" alt=\"V\u00fdletn\u00e1 lo\u010f na Orlickej priehrade\" class=\"wp-image-404086\" title=\"\" srcset=\"https:\/\/loudavymkrokem.cz\/wp-content\/uploads\/2026\/08\/lk-24.jpg 2528w, https:\/\/loudavymkrokem.cz\/wp-content\/uploads\/2026\/08\/lk-24-300x201.jpg 300w, https:\/\/loudavymkrokem.cz\/wp-content\/uploads\/2026\/08\/lk-24-700x470.jpg 700w, https:\/\/loudavymkrokem.cz\/wp-content\/uploads\/2026\/08\/lk-24-768x515.jpg 768w, https:\/\/loudavymkrokem.cz\/wp-content\/uploads\/2026\/08\/lk-24-1536x1030.jpg 1536w, https:\/\/loudavymkrokem.cz\/wp-content\/uploads\/2026\/08\/lk-24-2048x1374.jpg 2048w, https:\/\/loudavymkrokem.cz\/wp-content\/uploads\/2026\/08\/lk-24-696x467.jpg 696w, https:\/\/loudavymkrokem.cz\/wp-content\/uploads\/2026\/08\/lk-24-1392x934.jpg 1392w, https:\/\/loudavymkrokem.cz\/wp-content\/uploads\/2026\/08\/lk-24-1920x1288.jpg 1920w\" sizes=\"(max-width: 2528px) 100vw, 2528px\" \/><button\n\t\t\tclass=\"lightbox-trigger\"\n\t\t\ttype=\"button\"\n\t\t\taria-haspopup=\"dialog\"\n\t\t\tdata-wp-bind--aria-label=\"state.thisImage.triggerButtonAriaLabel\"\n\t\t\tdata-wp-init=\"callbacks.initTriggerButton\"\n\t\t\tdata-wp-on--click=\"actions.showLightbox\"\n\t\t\tdata-wp-style--right=\"state.thisImage.buttonRight\"\n\t\t\tdata-wp-style--top=\"state.thisImage.buttonTop\"\n\t\t>\n\t\t\t<svg xmlns=\"http:\/\/www.w3.org\/2000\/svg\" width=\"12\" height=\"12\" fill=\"none\" viewBox=\"0 0 12 12\">\n\t\t\t\t<path fill=\"#fff\" d=\"M2 0a2 2 0 0 0-2 2v2h1.5V2a.5.5 0 0 1 .5-.5h2V0H2Zm2 10.5H2a.5.5 0 0 1-.5-.5V8H0v2a2 2 0 0 0 2 2h2v-1.5ZM8 12v-1.5h2a.5.5 0 0 0 .5-.5V8H12v2a2 2 0 0 1-2 2H8Zm2-12a2 2 0 0 1 2 2v2h-1.5V2a.5.5 0 0 0-.5-.5H8V0h2Z\" \/>\n\t\t\t<\/svg>\n\t\t<\/button><figcaption class=\"wp-element-caption\">Pod\u013ea fotografie: Ji\u0159\u00ed Sedl\u00e1\u010dek \/ Wikimedia Commons, CC BY-SA 4.0 \u00b7 farebne upraven\u00e9<\/figcaption><\/figure>\n\n\n\n<h3 class=\"wp-block-heading\"><span class=\"ez-toc-section\" id=\"19_Plavba_Zvikov_%E2%86%94_Orlik\"><\/span>19. Plavba Zv\u00edkov \u2194 Orl\u00edk<span class=\"ez-toc-section-end\"><\/span><\/h3>\n\n\n\n<p class=\"wp-block-paragraph\">K pr\u00edstavisku pod zv\u00edkovsk\u00fdm hradom je to <strong>26 kilometrov a cesta autom trv\u00e1 zhruba 32 min\u00fat<\/strong>. Pr\u00e1ve odtia\u013eto toti\u017e vypl\u00e1va Orlick\u00e1 lodn\u00e1 doprava, \u010do je pod\u013ea m\u0148a t\u00e1 v\u00f4bec najkraj\u0161ia kombin\u00e1cia v\u00fdletu na celom P\u00edsecku, preto\u017ee prep\u00e1ja dva \u00fachvatn\u00e9 hrady s relax\u00e1ciou na vode.<\/p>\n\n\n\n<p class=\"wp-block-paragraph\">Lode tento rok <strong>jazdia pravideln\u00fa trasu medzi z\u00e1mkom Orl\u00edk a hradom Zv\u00edkov oboma smermi<\/strong>, pri\u010dom prev\u00e1dzka funguje od utorka do nedele a pondelky maj\u00fa vo\u013eno. Daj si pozor na to, \u017ee ob\u013e\u00faben\u00e1 trasa a\u017e k samotnej priehradnej hr\u00e1dzi sa moment\u00e1lne z d\u00f4vodu rizikov\u00e9ho pr\u00edstupu v\u00f4bec nekon\u00e1.<\/p>\n\n\n\n<p class=\"wp-block-paragraph\">Cestovn\u00e9 a presn\u00fd lodn\u00fd poriadok bohu\u017eia\u013e nie s\u00fa pevne uveden\u00e9, tak\u017ee si <strong>v\u0161etky inform\u00e1cie rad\u0161ej over telefonicky alebo na webe <a href=\"https:\/\/lodnidopravanaorliku.cz\" rel=\"nofollow noopener\" target=\"_blank\">lodnidopravanaorliku.cz<\/a><\/strong>. \ud83d\udca1 Tip: Po\u010das pr\u00e1zdnin b\u00fdvaj\u00fa lode pln\u00e9, tak\u017ee odpor\u00fa\u010dam d\u00f4js\u0165 k pr\u00edstavisku s dostato\u010dn\u00fdm predstihom.<\/p>\n\n\n\n<figure data-wp-context=\"{&quot;imageId&quot;:&quot;6a9527f914ee6&quot;}\" data-wp-interactive=\"core\/image\" data-wp-key=\"6a9527f914ee6\" class=\"wp-block-image size-full wp-lightbox-container\"><img decoding=\"async\" width=\"2200\" height=\"1467\" data-wp-class--hide=\"state.isContentHidden\" data-wp-class--show=\"state.isContentVisible\" data-wp-init=\"callbacks.setButtonStyles\" data-wp-on--click=\"actions.showLightbox\" data-wp-on--load=\"callbacks.setButtonStyles\" data-wp-on--pointerdown=\"actions.preloadImage\" data-wp-on--pointerenter=\"actions.preloadImageWithDelay\" data-wp-on--pointerleave=\"actions.cancelPreload\" data-wp-on-window--resize=\"callbacks.setButtonStyles\" src=\"https:\/\/loudavymkrokem.cz\/wp-content\/uploads\/2026\/08\/orlicka-prehrada-prirodni-plaz.jpg\" alt=\"Pr\u00edrodn\u00e1 pl\u00e1\u017e v z\u00e1toke Orlickej priehrady\" class=\"wp-image-404455\" title=\"\" srcset=\"https:\/\/loudavymkrokem.cz\/wp-content\/uploads\/2026\/08\/orlicka-prehrada-prirodni-plaz.jpg 2200w, https:\/\/loudavymkrokem.cz\/wp-content\/uploads\/2026\/08\/orlicka-prehrada-prirodni-plaz-300x200.jpg 300w, https:\/\/loudavymkrokem.cz\/wp-content\/uploads\/2026\/08\/orlicka-prehrada-prirodni-plaz-700x467.jpg 700w, https:\/\/loudavymkrokem.cz\/wp-content\/uploads\/2026\/08\/orlicka-prehrada-prirodni-plaz-768x512.jpg 768w, https:\/\/loudavymkrokem.cz\/wp-content\/uploads\/2026\/08\/orlicka-prehrada-prirodni-plaz-1536x1024.jpg 1536w, https:\/\/loudavymkrokem.cz\/wp-content\/uploads\/2026\/08\/orlicka-prehrada-prirodni-plaz-2048x1366.jpg 2048w, https:\/\/loudavymkrokem.cz\/wp-content\/uploads\/2026\/08\/orlicka-prehrada-prirodni-plaz-696x464.jpg 696w, https:\/\/loudavymkrokem.cz\/wp-content\/uploads\/2026\/08\/orlicka-prehrada-prirodni-plaz-1392x928.jpg 1392w, https:\/\/loudavymkrokem.cz\/wp-content\/uploads\/2026\/08\/orlicka-prehrada-prirodni-plaz-1920x1280.jpg 1920w\" sizes=\"(max-width: 2200px) 100vw, 2200px\" \/><button\n\t\t\tclass=\"lightbox-trigger\"\n\t\t\ttype=\"button\"\n\t\t\taria-haspopup=\"dialog\"\n\t\t\tdata-wp-bind--aria-label=\"state.thisImage.triggerButtonAriaLabel\"\n\t\t\tdata-wp-init=\"callbacks.initTriggerButton\"\n\t\t\tdata-wp-on--click=\"actions.showLightbox\"\n\t\t\tdata-wp-style--right=\"state.thisImage.buttonRight\"\n\t\t\tdata-wp-style--top=\"state.thisImage.buttonTop\"\n\t\t>\n\t\t\t<svg xmlns=\"http:\/\/www.w3.org\/2000\/svg\" width=\"12\" height=\"12\" fill=\"none\" viewBox=\"0 0 12 12\">\n\t\t\t\t<path fill=\"#fff\" d=\"M2 0a2 2 0 0 0-2 2v2h1.5V2a.5.5 0 0 1 .5-.5h2V0H2Zm2 10.5H2a.5.5 0 0 1-.5-.5V8H0v2a2 2 0 0 0 2 2h2v-1.5ZM8 12v-1.5h2a.5.5 0 0 0 .5-.5V8H12v2a2 2 0 0 1-2 2H8Zm2-12a2 2 0 0 1 2 2v2h-1.5V2a.5.5 0 0 0-.5-.5H8V0h2Z\" \/>\n\t\t\t<\/svg>\n\t\t<\/button><\/figure>\n\n\n\n<h3 class=\"wp-block-heading\"><span class=\"ez-toc-section\" id=\"20_Orlicka_priehrada_plaze_a_kempy\"><\/span>20. Orlick\u00e1 priehrada: pl\u00e1\u017ee a kempy<span class=\"ez-toc-section-end\"><\/span><\/h3>\n\n\n\n<p class=\"wp-block-paragraph\">K brehom tejto obrovskej vodnej n\u00e1dr\u017ee prejde\u0161 <strong>zhruba 26 a\u017e 40 kilometrov pod\u013ea toho, ak\u00fa pl\u00e1\u017e si presne vyberie\u0161<\/strong>. Orl\u00edk je najobjemnej\u0161ou priehradou na Vltave a jeho hlboko zatopen\u00e9 ka\u0148ony maj\u00fa dos\u0165 neskuto\u010dn\u00fa atmosf\u00e9ru. Zdvihnut\u00e1 hladina prehltla \u00fadolie a z lode to vyzer\u00e1, akoby si pl\u00e1val niekde v \u0160kandin\u00e1vii, nie k\u00fasok od P\u00edsku.<\/p>\n\n\n\n<p class=\"wp-block-paragraph\">N\u00e1jde\u0161 tu <strong>obrovsk\u00e9 mno\u017estvo pr\u00edrodn\u00fdch pl\u00e1\u017e\u00ed, dobre vybaven\u00fdch kempov a po\u017ei\u010dovn\u00ed lod\u00ed<\/strong>, tak\u017ee sa tu d\u00e1 \u013eahko str\u00e1vi\u0165 cel\u00e1 letn\u00e1 dovolenka. Voda b\u00fdva v hor\u00facich mesiacoch pr\u00edjemne prehriata, aj ke\u010f kvalita sa v z\u00e1vislosti od konkr\u00e9tnej z\u00e1toky m\u00f4\u017ee po\u010das augusta ob\u010das zhor\u0161ova\u0165.<\/p>\n\n\n\n<p class=\"wp-block-paragraph\">Ak h\u013ead\u00e1\u0161 pokojnej\u0161ie miesta, <strong>vyhni sa najv\u00e4\u010d\u0161\u00edm kempom a sk\u00fas zap\u00e1tra\u0165 v men\u0161\u00edch z\u00e1tok\u00e1ch<\/strong>, kam sa d\u00e1 \u010dasto d\u00f4js\u0165 len pe\u0161o lesom. Je to ide\u00e1lny cie\u013e pre t\u00fdch, ktor\u00ed miluj\u00fa paddleboardy alebo si chc\u00fa po\u017ei\u010da\u0165 mal\u00fa motorov\u00fa lo\u010fku a presk\u00fama\u0165 skaly zbl\u00edzka. My sem radi chod\u00edme na popolud\u0148aj\u0161\u00ed paddleboarding, sta\u010d\u00ed si n\u00e1js\u0165 nejak\u00fa z\u00e1toku, kde nie je to\u013eko lod\u00ed.<\/p>\n\n\n\n<figure data-wp-context=\"{&quot;imageId&quot;:&quot;6a9527f915506&quot;}\" data-wp-interactive=\"core\/image\" data-wp-key=\"6a9527f915506\" class=\"wp-block-image size-full wp-lightbox-container\"><img decoding=\"async\" width=\"2528\" height=\"1696\" data-wp-class--hide=\"state.isContentHidden\" data-wp-class--show=\"state.isContentVisible\" data-wp-init=\"callbacks.setButtonStyles\" data-wp-on--click=\"actions.showLightbox\" data-wp-on--load=\"callbacks.setButtonStyles\" data-wp-on--pointerdown=\"actions.preloadImage\" data-wp-on--pointerenter=\"actions.preloadImageWithDelay\" data-wp-on--pointerleave=\"actions.cancelPreload\" data-wp-on-window--resize=\"callbacks.setButtonStyles\" src=\"https:\/\/loudavymkrokem.cz\/wp-content\/uploads\/2026\/08\/lk-26.jpg\" alt=\"Most pri \u010cervenej nad Vltavou\" class=\"wp-image-404094\" title=\"\" srcset=\"https:\/\/loudavymkrokem.cz\/wp-content\/uploads\/2026\/08\/lk-26.jpg 2528w, https:\/\/loudavymkrokem.cz\/wp-content\/uploads\/2026\/08\/lk-26-300x201.jpg 300w, https:\/\/loudavymkrokem.cz\/wp-content\/uploads\/2026\/08\/lk-26-700x470.jpg 700w, https:\/\/loudavymkrokem.cz\/wp-content\/uploads\/2026\/08\/lk-26-768x515.jpg 768w, https:\/\/loudavymkrokem.cz\/wp-content\/uploads\/2026\/08\/lk-26-1536x1030.jpg 1536w, https:\/\/loudavymkrokem.cz\/wp-content\/uploads\/2026\/08\/lk-26-2048x1374.jpg 2048w, https:\/\/loudavymkrokem.cz\/wp-content\/uploads\/2026\/08\/lk-26-696x467.jpg 696w, https:\/\/loudavymkrokem.cz\/wp-content\/uploads\/2026\/08\/lk-26-1392x934.jpg 1392w, https:\/\/loudavymkrokem.cz\/wp-content\/uploads\/2026\/08\/lk-26-1920x1288.jpg 1920w\" sizes=\"(max-width: 2528px) 100vw, 2528px\" \/><button\n\t\t\tclass=\"lightbox-trigger\"\n\t\t\ttype=\"button\"\n\t\t\taria-haspopup=\"dialog\"\n\t\t\tdata-wp-bind--aria-label=\"state.thisImage.triggerButtonAriaLabel\"\n\t\t\tdata-wp-init=\"callbacks.initTriggerButton\"\n\t\t\tdata-wp-on--click=\"actions.showLightbox\"\n\t\t\tdata-wp-style--right=\"state.thisImage.buttonRight\"\n\t\t\tdata-wp-style--top=\"state.thisImage.buttonTop\"\n\t\t>\n\t\t\t<svg xmlns=\"http:\/\/www.w3.org\/2000\/svg\" width=\"12\" height=\"12\" fill=\"none\" viewBox=\"0 0 12 12\">\n\t\t\t\t<path fill=\"#fff\" d=\"M2 0a2 2 0 0 0-2 2v2h1.5V2a.5.5 0 0 1 .5-.5h2V0H2Zm2 10.5H2a.5.5 0 0 1-.5-.5V8H0v2a2 2 0 0 0 2 2h2v-1.5ZM8 12v-1.5h2a.5.5 0 0 0 .5-.5V8H12v2a2 2 0 0 1-2 2H8Zm2-12a2 2 0 0 1 2 2v2h-1.5V2a.5.5 0 0 0-.5-.5H8V0h2Z\" \/>\n\t\t\t<\/svg>\n\t\t<\/button><figcaption class=\"wp-element-caption\">Pod\u013ea fotografie: Jan Tichavsk\u00fd \/ Wikimedia Commons, CC BY-SA 4.0 \u00b7 farebne upraven\u00e9<\/figcaption><\/figure>\n\n\n\n<h3 class=\"wp-block-heading\"><span class=\"ez-toc-section\" id=\"21_Cervena_nad_Vltavou\"><\/span>21. \u010cerven\u00e1 nad Vltavou<span class=\"ez-toc-section-end\"><\/span><\/h3>\n\n\n\n<p class=\"wp-block-paragraph\">K tomuto zauj\u00edmav\u00e9mu miestu prejde\u0161 <strong>18,8 kilometra a v cieli bude\u0161 za 22 min\u00fat<\/strong>. \u010cerven\u00e1 nad Vltavou je historicky ve\u013emi v\u00fdznamn\u00fd bod, preto\u017ee pr\u00e1ve tu Vltava vstupuje do svojho hlbok\u00e9ho ka\u0148onu a nach\u00e1dza sa tu impozantn\u00fd b\u00fdval\u00fd \u017eelezni\u010dn\u00fd most, ktor\u00fd sa klenie vysoko nad hladinou.<\/p>\n\n\n\n<p class=\"wp-block-paragraph\">Miesto <strong>sl\u00fa\u017eilo dlh\u00e9 roky ako d\u00f4le\u017eit\u00fd prievoz a dodnes m\u00e1 trampsk\u00fa atmosf\u00e9ru<\/strong>, ktor\u00fa tu udr\u017eiavaj\u00fa chatov\u00e9 osady po oboch brehoch. Kon\u0161trukcia mostu je naozaj fotogenick\u00e1 a poh\u013ead na\u0148 z \u00farovne vodnej hladiny stoj\u00ed za zast\u00e1vku.<\/p>\n\n\n\n<p class=\"wp-block-paragraph\">Dnes je to <strong>ve\u013emi ob\u013e\u00faben\u00e1 zast\u00e1vka pre cyklistov a pe\u0161\u00edch turistov<\/strong>, ktor\u00ed sa pohybuj\u00fa pozd\u013a\u017e rieky. D\u00e1 sa tu pekne posedie\u0165, odd\u00fdchnu\u0165 si a len tak sledova\u0165 plyn\u00facu vodu a lode mieriace \u010falej po priehrade.<\/p>\n\n\n\n<figure data-wp-context=\"{&quot;imageId&quot;:&quot;6a9527f915b38&quot;}\" data-wp-interactive=\"core\/image\" data-wp-key=\"6a9527f915b38\" class=\"wp-block-image size-full wp-lightbox-container\"><img decoding=\"async\" width=\"2528\" height=\"1696\" data-wp-class--hide=\"state.isContentHidden\" data-wp-class--show=\"state.isContentVisible\" data-wp-init=\"callbacks.setButtonStyles\" data-wp-on--click=\"actions.showLightbox\" data-wp-on--load=\"callbacks.setButtonStyles\" data-wp-on--pointerdown=\"actions.preloadImage\" data-wp-on--pointerenter=\"actions.preloadImageWithDelay\" data-wp-on--pointerleave=\"actions.cancelPreload\" data-wp-on-window--resize=\"callbacks.setButtonStyles\" src=\"https:\/\/loudavymkrokem.cz\/wp-content\/uploads\/2026\/08\/lk-27.jpg\" alt=\"N\u00e1mestie vo Vod\u0148anoch\" class=\"wp-image-404102\" title=\"\" srcset=\"https:\/\/loudavymkrokem.cz\/wp-content\/uploads\/2026\/08\/lk-27.jpg 2528w, https:\/\/loudavymkrokem.cz\/wp-content\/uploads\/2026\/08\/lk-27-300x201.jpg 300w, https:\/\/loudavymkrokem.cz\/wp-content\/uploads\/2026\/08\/lk-27-700x470.jpg 700w, https:\/\/loudavymkrokem.cz\/wp-content\/uploads\/2026\/08\/lk-27-768x515.jpg 768w, https:\/\/loudavymkrokem.cz\/wp-content\/uploads\/2026\/08\/lk-27-1536x1030.jpg 1536w, https:\/\/loudavymkrokem.cz\/wp-content\/uploads\/2026\/08\/lk-27-2048x1374.jpg 2048w, https:\/\/loudavymkrokem.cz\/wp-content\/uploads\/2026\/08\/lk-27-696x467.jpg 696w, https:\/\/loudavymkrokem.cz\/wp-content\/uploads\/2026\/08\/lk-27-1392x934.jpg 1392w, https:\/\/loudavymkrokem.cz\/wp-content\/uploads\/2026\/08\/lk-27-1920x1288.jpg 1920w\" sizes=\"(max-width: 2528px) 100vw, 2528px\" \/><button\n\t\t\tclass=\"lightbox-trigger\"\n\t\t\ttype=\"button\"\n\t\t\taria-haspopup=\"dialog\"\n\t\t\tdata-wp-bind--aria-label=\"state.thisImage.triggerButtonAriaLabel\"\n\t\t\tdata-wp-init=\"callbacks.initTriggerButton\"\n\t\t\tdata-wp-on--click=\"actions.showLightbox\"\n\t\t\tdata-wp-style--right=\"state.thisImage.buttonRight\"\n\t\t\tdata-wp-style--top=\"state.thisImage.buttonTop\"\n\t\t>\n\t\t\t<svg xmlns=\"http:\/\/www.w3.org\/2000\/svg\" width=\"12\" height=\"12\" fill=\"none\" viewBox=\"0 0 12 12\">\n\t\t\t\t<path fill=\"#fff\" d=\"M2 0a2 2 0 0 0-2 2v2h1.5V2a.5.5 0 0 1 .5-.5h2V0H2Zm2 10.5H2a.5.5 0 0 1-.5-.5V8H0v2a2 2 0 0 0 2 2h2v-1.5ZM8 12v-1.5h2a.5.5 0 0 0 .5-.5V8H12v2a2 2 0 0 1-2 2H8Zm2-12a2 2 0 0 1 2 2v2h-1.5V2a.5.5 0 0 0-.5-.5H8V0h2Z\" \/>\n\t\t\t<\/svg>\n\t\t<\/button><\/figure>\n\n\n\n<h3 class=\"wp-block-heading\"><span class=\"ez-toc-section\" id=\"22_Vodnany_a_rybniky\"><\/span>22. Vod\u0148any a rybn\u00edky<span class=\"ez-toc-section-end\"><\/span><\/h3>\n\n\n\n<p class=\"wp-block-paragraph\">Do tohto mesta zasv\u00e4ten\u00e9ho ryb\u00e1rom je to <strong>22,3 kilometra a cesta potrv\u00e1 presne 22 min\u00fat<\/strong>. Vod\u0148any s\u00fa vlastne synonymom pre ryb\u00e1rsku trad\u00edciu, s\u00eddli tu sl\u00e1vna Stredn\u00e1 ryb\u00e1rska \u0161kola a cel\u00e9 okolie je pretkan\u00e9 hustou sie\u0165ou n\u00e1dhern\u00fdch rybn\u00edkov.<\/p>\n\n\n\n<p class=\"wp-block-paragraph\">V centre ur\u010dite <strong>nevynechaj Mestsk\u00e9 m\u00fazeum a gal\u00e9riu Vod\u0148any, ktor\u00e9 m\u00e1va otvoren\u00e9 od utorka do nedele<\/strong>, a vstupn\u00e9 si pre istotu over na webe <a href=\"https:\/\/muzeumvodnany.cz\" rel=\"nofollow noopener\" target=\"_blank\">muzeumvodnany.cz<\/a>. Miestne m\u00fazeum skvele mapuje hist\u00f3riu rybn\u00edk\u00e1rstva, ktor\u00e9 formovalo cel\u00fa tunaj\u0161iu krajinu do dne\u0161nej podoby.<\/p>\n\n\n\n<p class=\"wp-block-paragraph\">Na rodinn\u00fa prech\u00e1dzku <strong>m\u00f4\u017eem vrelo odporu\u010di\u0165 n\u00e1u\u010dn\u00fd chodn\u00edk V Z\u00e1ti\u0161\u00ed okolo miestnych rybn\u00edkov<\/strong>, ktor\u00fd je ve\u013emi pokojn\u00fd a udr\u017eiavan\u00fd. Vod\u0148any s\u00fa sl\u00e1vne svojou ryb\u00e1rskou trad\u00edciou a miestny kapor je pojem, o ktorom sa hovor\u00ed \u0161iroko-\u010faleko v t\u00fdch najlep\u0161\u00edch re\u0161taur\u00e1ci\u00e1ch.<\/p>\n\n\n\n<figure data-wp-context=\"{&quot;imageId&quot;:&quot;6a9527f916276&quot;}\" data-wp-interactive=\"core\/image\" data-wp-key=\"6a9527f916276\" class=\"wp-block-image size-full wp-lightbox-container\"><img decoding=\"async\" width=\"2528\" height=\"1696\" data-wp-class--hide=\"state.isContentHidden\" data-wp-class--show=\"state.isContentVisible\" data-wp-init=\"callbacks.setButtonStyles\" data-wp-on--click=\"actions.showLightbox\" data-wp-on--load=\"callbacks.setButtonStyles\" data-wp-on--pointerdown=\"actions.preloadImage\" data-wp-on--pointerenter=\"actions.preloadImageWithDelay\" data-wp-on--pointerleave=\"actions.cancelPreload\" data-wp-on-window--resize=\"callbacks.setButtonStyles\" src=\"https:\/\/loudavymkrokem.cz\/wp-content\/uploads\/2026\/08\/lk-28.jpg\" alt=\"Z\u00e1mok Hlubok\u00e1 nad Vltavou\" class=\"wp-image-404105\" title=\"\" srcset=\"https:\/\/loudavymkrokem.cz\/wp-content\/uploads\/2026\/08\/lk-28.jpg 2528w, https:\/\/loudavymkrokem.cz\/wp-content\/uploads\/2026\/08\/lk-28-300x201.jpg 300w, https:\/\/loudavymkrokem.cz\/wp-content\/uploads\/2026\/08\/lk-28-700x470.jpg 700w, https:\/\/loudavymkrokem.cz\/wp-content\/uploads\/2026\/08\/lk-28-768x515.jpg 768w, https:\/\/loudavymkrokem.cz\/wp-content\/uploads\/2026\/08\/lk-28-1536x1030.jpg 1536w, https:\/\/loudavymkrokem.cz\/wp-content\/uploads\/2026\/08\/lk-28-2048x1374.jpg 2048w, https:\/\/loudavymkrokem.cz\/wp-content\/uploads\/2026\/08\/lk-28-696x467.jpg 696w, https:\/\/loudavymkrokem.cz\/wp-content\/uploads\/2026\/08\/lk-28-1392x934.jpg 1392w, https:\/\/loudavymkrokem.cz\/wp-content\/uploads\/2026\/08\/lk-28-1920x1288.jpg 1920w\" sizes=\"(max-width: 2528px) 100vw, 2528px\" \/><button\n\t\t\tclass=\"lightbox-trigger\"\n\t\t\ttype=\"button\"\n\t\t\taria-haspopup=\"dialog\"\n\t\t\tdata-wp-bind--aria-label=\"state.thisImage.triggerButtonAriaLabel\"\n\t\t\tdata-wp-init=\"callbacks.initTriggerButton\"\n\t\t\tdata-wp-on--click=\"actions.showLightbox\"\n\t\t\tdata-wp-style--right=\"state.thisImage.buttonRight\"\n\t\t\tdata-wp-style--top=\"state.thisImage.buttonTop\"\n\t\t>\n\t\t\t<svg xmlns=\"http:\/\/www.w3.org\/2000\/svg\" width=\"12\" height=\"12\" fill=\"none\" viewBox=\"0 0 12 12\">\n\t\t\t\t<path fill=\"#fff\" d=\"M2 0a2 2 0 0 0-2 2v2h1.5V2a.5.5 0 0 1 .5-.5h2V0H2Zm2 10.5H2a.5.5 0 0 1-.5-.5V8H0v2a2 2 0 0 0 2 2h2v-1.5ZM8 12v-1.5h2a.5.5 0 0 0 .5-.5V8H12v2a2 2 0 0 1-2 2H8Zm2-12a2 2 0 0 1 2 2v2h-1.5V2a.5.5 0 0 0-.5-.5H8V0h2Z\" \/>\n\t\t\t<\/svg>\n\t\t<\/button><figcaption class=\"wp-element-caption\">Pod\u013ea fotografie: Michal Klajban \/ Wikimedia Commons, CC BY 4.0 \u00b7 farebne upraven\u00e9<\/figcaption><\/figure>\n\n\n\n<h2 class=\"wp-block-heading\"><span class=\"ez-toc-section\" id=\"Juhoceske_mesta_a_ciele_na_cely_den\"><\/span>Juho\u010desk\u00e9 mest\u00e1 a ciele na cel\u00fd de\u0148<span class=\"ez-toc-section-end\"><\/span><\/h2>\n\n\n\n<p class=\"wp-block-paragraph\">Ak ti nevad\u00ed str\u00e1vi\u0165 v aute zhruba tri \u0161tvrte hodiny, otv\u00e1ra sa ti z P\u00edsku mo\u017enos\u0165 nav\u0161t\u00edvi\u0165 tie v\u00f4bec najsl\u00e1vnej\u0161ie miesta cel\u00fdch ju\u017en\u00fdch \u010ciech. Tu u\u017e sa bav\u00edme o plnohodnotn\u00fdch celodenn\u00fdch v\u00fdletoch.<\/p>\n\n\n\n<figure data-wp-context=\"{&quot;imageId&quot;:&quot;6a9527f916968&quot;}\" data-wp-interactive=\"core\/image\" data-wp-key=\"6a9527f916968\" class=\"wp-block-image size-full wp-lightbox-container\"><img decoding=\"async\" width=\"2528\" height=\"1696\" data-wp-class--hide=\"state.isContentHidden\" data-wp-class--show=\"state.isContentVisible\" data-wp-init=\"callbacks.setButtonStyles\" data-wp-on--click=\"actions.showLightbox\" data-wp-on--load=\"callbacks.setButtonStyles\" data-wp-on--pointerdown=\"actions.preloadImage\" data-wp-on--pointerenter=\"actions.preloadImageWithDelay\" data-wp-on--pointerleave=\"actions.cancelPreload\" data-wp-on-window--resize=\"callbacks.setButtonStyles\" src=\"https:\/\/loudavymkrokem.cz\/wp-content\/uploads\/2026\/08\/lk-29.jpg\" alt=\"Tudorovsk\u00e1 fas\u00e1da z\u00e1mku Hlubok\u00e1\" class=\"wp-image-404109\" title=\"\" srcset=\"https:\/\/loudavymkrokem.cz\/wp-content\/uploads\/2026\/08\/lk-29.jpg 2528w, https:\/\/loudavymkrokem.cz\/wp-content\/uploads\/2026\/08\/lk-29-300x201.jpg 300w, https:\/\/loudavymkrokem.cz\/wp-content\/uploads\/2026\/08\/lk-29-700x470.jpg 700w, https:\/\/loudavymkrokem.cz\/wp-content\/uploads\/2026\/08\/lk-29-768x515.jpg 768w, https:\/\/loudavymkrokem.cz\/wp-content\/uploads\/2026\/08\/lk-29-1536x1030.jpg 1536w, https:\/\/loudavymkrokem.cz\/wp-content\/uploads\/2026\/08\/lk-29-2048x1374.jpg 2048w, https:\/\/loudavymkrokem.cz\/wp-content\/uploads\/2026\/08\/lk-29-696x467.jpg 696w, https:\/\/loudavymkrokem.cz\/wp-content\/uploads\/2026\/08\/lk-29-1392x934.jpg 1392w, https:\/\/loudavymkrokem.cz\/wp-content\/uploads\/2026\/08\/lk-29-1920x1288.jpg 1920w\" sizes=\"(max-width: 2528px) 100vw, 2528px\" \/><button\n\t\t\tclass=\"lightbox-trigger\"\n\t\t\ttype=\"button\"\n\t\t\taria-haspopup=\"dialog\"\n\t\t\tdata-wp-bind--aria-label=\"state.thisImage.triggerButtonAriaLabel\"\n\t\t\tdata-wp-init=\"callbacks.initTriggerButton\"\n\t\t\tdata-wp-on--click=\"actions.showLightbox\"\n\t\t\tdata-wp-style--right=\"state.thisImage.buttonRight\"\n\t\t\tdata-wp-style--top=\"state.thisImage.buttonTop\"\n\t\t>\n\t\t\t<svg xmlns=\"http:\/\/www.w3.org\/2000\/svg\" width=\"12\" height=\"12\" fill=\"none\" viewBox=\"0 0 12 12\">\n\t\t\t\t<path fill=\"#fff\" d=\"M2 0a2 2 0 0 0-2 2v2h1.5V2a.5.5 0 0 1 .5-.5h2V0H2Zm2 10.5H2a.5.5 0 0 1-.5-.5V8H0v2a2 2 0 0 0 2 2h2v-1.5ZM8 12v-1.5h2a.5.5 0 0 0 .5-.5V8H12v2a2 2 0 0 1-2 2H8Zm2-12a2 2 0 0 1 2 2v2h-1.5V2a.5.5 0 0 0-.5-.5H8V0h2Z\" \/>\n\t\t\t<\/svg>\n\t\t<\/button><\/figure>\n\n\n\n<h3 class=\"wp-block-heading\"><span class=\"ez-toc-section\" id=\"23_Hluboka_nad_Vltavou\"><\/span>23. Hlubok\u00e1 nad Vltavou<span class=\"ez-toc-section-end\"><\/span><\/h3>\n\n\n\n<p class=\"wp-block-paragraph\">K n\u00e1\u0161mu najsl\u00e1vnej\u0161iemu z\u00e1mku prejde\u0161 <strong>45,1 kilometra a jazda trv\u00e1 pribli\u017ene 42 min\u00fat<\/strong>. Hlubok\u00e1 je \u00fapln\u00fd fenom\u00e9n, s viac ne\u017e 28 tis\u00edc recenziami ide o suver\u00e9nne najnav\u0161tevovanej\u0161\u00ed cie\u013e v \u0161irokom okol\u00ed a jej tudorovsk\u00e1 gotika pri\u0165ahuje turistov ako magnet.<\/p>\n\n\n\n<p class=\"wp-block-paragraph\">Overen\u00e9 vstupn\u00e9 pre rok 2026 <strong>na z\u00e1kladn\u00fd okruh Reprezenta\u010dn\u00e9 izby \u010din\u00ed 300 K\u010d (asi 12,50 \u20ac) pre dospel\u00fdch<\/strong>, seniori a ml\u00e1de\u017e zaplatia 240 K\u010d (asi 10 \u20ac) a deti 90 K\u010d (asi 3,70 \u20ac). Z\u00e1mok pon\u00faka aj \u010fal\u0161ie trasy, ako s\u00fa s\u00fakromn\u00e9 apartm\u00e1ny za 220 K\u010d (asi 9 \u20ac), vyhliadkov\u00e1 ve\u017ea za 180 K\u010d (asi 7,50 \u20ac) alebo dokonca \u0161peci\u00e1lna zimn\u00e1 trasa, ktor\u00e1 funguje aj mimo hlavnej sez\u00f3ny. Rezerv\u00e1ciu prehliadky aj aktu\u00e1lny cenn\u00edk n\u00e1jde\u0161 na <a href=\"https:\/\/zamek-hluboka.cz\" rel=\"nofollow noopener\" target=\"_blank\">zamek-hluboka.cz<\/a>.<\/p>\n\n\n\n<p class=\"wp-block-paragraph\">Cel\u00fd are\u00e1l <strong>dop\u013a\u0148a n\u00e1dhern\u00e1 Al\u0161ova juho\u010desk\u00e1 gal\u00e9ria umiestnen\u00e1 v b\u00fdvalej z\u00e1mockej jazdiarni<\/strong> a v podz\u00e1m\u010d\u00ed n\u00e1jde\u0161 skvel\u00fa ZOO Ohrada. Vyhra\u010f si na Hlubok\u00fa pokojne cel\u00fd de\u0148, preto\u017ee samotn\u00e1 prehliadka z\u00e1mku je len \u010das\u0165 programu a park okolo sa d\u00e1 prech\u00e1dza\u0165 dlho. V podz\u00e1m\u010d\u00ed je potom dos\u0165 kaviarn\u00ed na to, aby si si dal prest\u00e1vku, ne\u017e vyraz\u00ed\u0161 sp\u00e4\u0165.<\/p>\n\n\n\n<figure data-wp-context=\"{&quot;imageId&quot;:&quot;6a9527f917084&quot;}\" data-wp-interactive=\"core\/image\" data-wp-key=\"6a9527f917084\" class=\"wp-block-image size-full wp-lightbox-container\"><img decoding=\"async\" width=\"2528\" height=\"1696\" data-wp-class--hide=\"state.isContentHidden\" data-wp-class--show=\"state.isContentVisible\" data-wp-init=\"callbacks.setButtonStyles\" data-wp-on--click=\"actions.showLightbox\" data-wp-on--load=\"callbacks.setButtonStyles\" data-wp-on--pointerdown=\"actions.preloadImage\" data-wp-on--pointerenter=\"actions.preloadImageWithDelay\" data-wp-on--pointerleave=\"actions.cancelPreload\" data-wp-on-window--resize=\"callbacks.setButtonStyles\" src=\"https:\/\/loudavymkrokem.cz\/wp-content\/uploads\/2026\/08\/lk-30.jpg\" alt=\"\u017di\u017ekovo n\u00e1mestie v T\u00e1bore\" class=\"wp-image-404112\" title=\"\" srcset=\"https:\/\/loudavymkrokem.cz\/wp-content\/uploads\/2026\/08\/lk-30.jpg 2528w, https:\/\/loudavymkrokem.cz\/wp-content\/uploads\/2026\/08\/lk-30-300x201.jpg 300w, https:\/\/loudavymkrokem.cz\/wp-content\/uploads\/2026\/08\/lk-30-700x470.jpg 700w, https:\/\/loudavymkrokem.cz\/wp-content\/uploads\/2026\/08\/lk-30-768x515.jpg 768w, https:\/\/loudavymkrokem.cz\/wp-content\/uploads\/2026\/08\/lk-30-1536x1030.jpg 1536w, https:\/\/loudavymkrokem.cz\/wp-content\/uploads\/2026\/08\/lk-30-2048x1374.jpg 2048w, https:\/\/loudavymkrokem.cz\/wp-content\/uploads\/2026\/08\/lk-30-696x467.jpg 696w, https:\/\/loudavymkrokem.cz\/wp-content\/uploads\/2026\/08\/lk-30-1392x934.jpg 1392w, https:\/\/loudavymkrokem.cz\/wp-content\/uploads\/2026\/08\/lk-30-1920x1288.jpg 1920w\" sizes=\"(max-width: 2528px) 100vw, 2528px\" \/><button\n\t\t\tclass=\"lightbox-trigger\"\n\t\t\ttype=\"button\"\n\t\t\taria-haspopup=\"dialog\"\n\t\t\tdata-wp-bind--aria-label=\"state.thisImage.triggerButtonAriaLabel\"\n\t\t\tdata-wp-init=\"callbacks.initTriggerButton\"\n\t\t\tdata-wp-on--click=\"actions.showLightbox\"\n\t\t\tdata-wp-style--right=\"state.thisImage.buttonRight\"\n\t\t\tdata-wp-style--top=\"state.thisImage.buttonTop\"\n\t\t>\n\t\t\t<svg xmlns=\"http:\/\/www.w3.org\/2000\/svg\" width=\"12\" height=\"12\" fill=\"none\" viewBox=\"0 0 12 12\">\n\t\t\t\t<path fill=\"#fff\" d=\"M2 0a2 2 0 0 0-2 2v2h1.5V2a.5.5 0 0 1 .5-.5h2V0H2Zm2 10.5H2a.5.5 0 0 1-.5-.5V8H0v2a2 2 0 0 0 2 2h2v-1.5ZM8 12v-1.5h2a.5.5 0 0 0 .5-.5V8H12v2a2 2 0 0 1-2 2H8Zm2-12a2 2 0 0 1 2 2v2h-1.5V2a.5.5 0 0 0-.5-.5H8V0h2Z\" \/>\n\t\t\t<\/svg>\n\t\t<\/button><figcaption class=\"wp-element-caption\">Pod\u013ea fotografie: VitVit \/ Wikimedia Commons, CC BY-SA 4.0 \u00b7 farebne upraven\u00e9<\/figcaption><\/figure>\n\n\n\n<h3 class=\"wp-block-heading\"><span class=\"ez-toc-section\" id=\"24_Tabor\"><\/span>24. T\u00e1bor<span class=\"ez-toc-section-end\"><\/span><\/h3>\n\n\n\n<p class=\"wp-block-paragraph\">Do historick\u00e9ho T\u00e1bora je to <strong>46,6 kilometra a z P\u00edsku tam doraz\u00ed\u0161 za 48 min\u00fat<\/strong>. Toto mesto je presl\u00e1ven\u00e9 husitskou hist\u00f3riou a jeho k\u013eukat\u00e9 uli\u010dky okolo mas\u00edvneho \u017di\u017ekovho n\u00e1mestia maj\u00fa neopakovate\u013en\u00e9 \u010daro, ktor\u00e9 si jednoducho zamiluje\u0161.<\/p>\n\n\n\n<p class=\"wp-block-paragraph\">Po\u010das n\u00e1v\u0161tevy <strong>ur\u010dite zamier do skvel\u00e9ho <a href=\"https:\/\/husitskemuzeum.cz\" rel=\"nofollow noopener\" target=\"_blank\">Husitsk\u00e9ho m\u00fazea<\/a> a nezabudni presk\u00fama\u0165 tajomn\u00e9 t\u00e1borsk\u00e9 podzemie<\/strong>, ktor\u00e9 sa tiahne priamo pod stredovek\u00fdmi domami. Ve\u013ek\u00fdm l\u00e1kadlom je aj modern\u00e1 expoz\u00edcia T\u00e1borsk\u00fd poklad, ktor\u00e1 predstavuje cenn\u00e9 historick\u00e9 n\u00e1lezy z regi\u00f3nu.<\/p>\n\n\n\n<p class=\"wp-block-paragraph\">Mesto navy\u0161e <strong>\u017eije skvelou gastron\u00f3miou, n\u00e1jde\u0161 tu v\u00fdborn\u00e9 kaviarne a vegetari\u00e1nske bistr\u00e1<\/strong>, kde robia fantastick\u00fd hummus a \u010derstv\u00e9 \u0161al\u00e1ty. My s Luk\u00e1\u0161om m\u00e1me navy\u0161e ve\u013emi radi miestne uli\u010dky, ktor\u00e9 sa kr\u00fatia hore a dole, a zaka\u017ed\u00fdm v nich objav\u00edme nejak\u00fd nov\u00fd mal\u00fd obchod\u00edk alebo \u0161t\u00fdlov\u00e9 bistro. Ak \u0165a mesto l\u00e1ka viac do h\u013abky, sp\u00edsali sme pre teba samostatn\u00fd \u010dl\u00e1nok s tipmi, <a href=\"https:\/\/loudavymkrokem.cz\/sk\/tabor-cesko-co-vidiet\/\">\u010do vidie\u0165 v T\u00e1bore<\/a>.<\/p>\n\n\n\n<figure data-wp-context=\"{&quot;imageId&quot;:&quot;6a9527f917740&quot;}\" data-wp-interactive=\"core\/image\" data-wp-key=\"6a9527f917740\" class=\"wp-block-image size-full wp-lightbox-container\"><img decoding=\"async\" width=\"2048\" height=\"1366\" data-wp-class--hide=\"state.isContentHidden\" data-wp-class--show=\"state.isContentVisible\" data-wp-init=\"callbacks.setButtonStyles\" data-wp-on--click=\"actions.showLightbox\" data-wp-on--load=\"callbacks.setButtonStyles\" data-wp-on--pointerdown=\"actions.preloadImage\" data-wp-on--pointerenter=\"actions.preloadImageWithDelay\" data-wp-on--pointerleave=\"actions.cancelPreload\" data-wp-on-window--resize=\"callbacks.setButtonStyles\" src=\"https:\/\/loudavymkrokem.cz\/wp-content\/uploads\/2026\/08\/holasovice-naves.jpg\" alt=\"Sedliacke baroko na n\u00e1vsi v Hola\u0161oviciach\" class=\"wp-image-403572\" title=\"\" srcset=\"https:\/\/loudavymkrokem.cz\/wp-content\/uploads\/2026\/08\/holasovice-naves.jpg 2048w, https:\/\/loudavymkrokem.cz\/wp-content\/uploads\/2026\/08\/holasovice-naves-300x200.jpg 300w, https:\/\/loudavymkrokem.cz\/wp-content\/uploads\/2026\/08\/holasovice-naves-700x467.jpg 700w, https:\/\/loudavymkrokem.cz\/wp-content\/uploads\/2026\/08\/holasovice-naves-768x512.jpg 768w, https:\/\/loudavymkrokem.cz\/wp-content\/uploads\/2026\/08\/holasovice-naves-1536x1025.jpg 1536w, https:\/\/loudavymkrokem.cz\/wp-content\/uploads\/2026\/08\/holasovice-naves-696x464.jpg 696w, https:\/\/loudavymkrokem.cz\/wp-content\/uploads\/2026\/08\/holasovice-naves-1392x928.jpg 1392w, https:\/\/loudavymkrokem.cz\/wp-content\/uploads\/2026\/08\/holasovice-naves-1920x1281.jpg 1920w\" sizes=\"(max-width: 2048px) 100vw, 2048px\" \/><button\n\t\t\tclass=\"lightbox-trigger\"\n\t\t\ttype=\"button\"\n\t\t\taria-haspopup=\"dialog\"\n\t\t\tdata-wp-bind--aria-label=\"state.thisImage.triggerButtonAriaLabel\"\n\t\t\tdata-wp-init=\"callbacks.initTriggerButton\"\n\t\t\tdata-wp-on--click=\"actions.showLightbox\"\n\t\t\tdata-wp-style--right=\"state.thisImage.buttonRight\"\n\t\t\tdata-wp-style--top=\"state.thisImage.buttonTop\"\n\t\t>\n\t\t\t<svg xmlns=\"http:\/\/www.w3.org\/2000\/svg\" width=\"12\" height=\"12\" fill=\"none\" viewBox=\"0 0 12 12\">\n\t\t\t\t<path fill=\"#fff\" d=\"M2 0a2 2 0 0 0-2 2v2h1.5V2a.5.5 0 0 1 .5-.5h2V0H2Zm2 10.5H2a.5.5 0 0 1-.5-.5V8H0v2a2 2 0 0 0 2 2h2v-1.5ZM8 12v-1.5h2a.5.5 0 0 0 .5-.5V8H12v2a2 2 0 0 1-2 2H8Zm2-12a2 2 0 0 1 2 2v2h-1.5V2a.5.5 0 0 0-.5-.5H8V0h2Z\" \/>\n\t\t\t<\/svg>\n\t\t<\/button><\/figure>\n\n\n\n<figure data-wp-context=\"{&quot;imageId&quot;:&quot;6a9527f917bb2&quot;}\" data-wp-interactive=\"core\/image\" data-wp-key=\"6a9527f917bb2\" class=\"wp-block-image size-full wp-lightbox-container\"><img decoding=\"async\" width=\"2048\" height=\"1366\" data-wp-class--hide=\"state.isContentHidden\" data-wp-class--show=\"state.isContentVisible\" data-wp-init=\"callbacks.setButtonStyles\" data-wp-on--click=\"actions.showLightbox\" data-wp-on--load=\"callbacks.setButtonStyles\" data-wp-on--pointerdown=\"actions.preloadImage\" data-wp-on--pointerenter=\"actions.preloadImageWithDelay\" data-wp-on--pointerleave=\"actions.cancelPreload\" data-wp-on-window--resize=\"callbacks.setButtonStyles\" src=\"https:\/\/loudavymkrokem.cz\/wp-content\/uploads\/2026\/08\/holasovice-selske-baroko.jpg\" alt=\"Ma\u013eovan\u00e9 \u0161t\u00edty sedliackeho baroka v Hola\u0161oviciach\" class=\"wp-image-403573\" title=\"\" srcset=\"https:\/\/loudavymkrokem.cz\/wp-content\/uploads\/2026\/08\/holasovice-selske-baroko.jpg 2048w, https:\/\/loudavymkrokem.cz\/wp-content\/uploads\/2026\/08\/holasovice-selske-baroko-300x200.jpg 300w, https:\/\/loudavymkrokem.cz\/wp-content\/uploads\/2026\/08\/holasovice-selske-baroko-700x467.jpg 700w, https:\/\/loudavymkrokem.cz\/wp-content\/uploads\/2026\/08\/holasovice-selske-baroko-768x512.jpg 768w, https:\/\/loudavymkrokem.cz\/wp-content\/uploads\/2026\/08\/holasovice-selske-baroko-1536x1025.jpg 1536w, https:\/\/loudavymkrokem.cz\/wp-content\/uploads\/2026\/08\/holasovice-selske-baroko-696x464.jpg 696w, https:\/\/loudavymkrokem.cz\/wp-content\/uploads\/2026\/08\/holasovice-selske-baroko-1392x928.jpg 1392w, https:\/\/loudavymkrokem.cz\/wp-content\/uploads\/2026\/08\/holasovice-selske-baroko-1920x1281.jpg 1920w\" sizes=\"(max-width: 2048px) 100vw, 2048px\" \/><button\n\t\t\tclass=\"lightbox-trigger\"\n\t\t\ttype=\"button\"\n\t\t\taria-haspopup=\"dialog\"\n\t\t\tdata-wp-bind--aria-label=\"state.thisImage.triggerButtonAriaLabel\"\n\t\t\tdata-wp-init=\"callbacks.initTriggerButton\"\n\t\t\tdata-wp-on--click=\"actions.showLightbox\"\n\t\t\tdata-wp-style--right=\"state.thisImage.buttonRight\"\n\t\t\tdata-wp-style--top=\"state.thisImage.buttonTop\"\n\t\t>\n\t\t\t<svg xmlns=\"http:\/\/www.w3.org\/2000\/svg\" width=\"12\" height=\"12\" fill=\"none\" viewBox=\"0 0 12 12\">\n\t\t\t\t<path fill=\"#fff\" d=\"M2 0a2 2 0 0 0-2 2v2h1.5V2a.5.5 0 0 1 .5-.5h2V0H2Zm2 10.5H2a.5.5 0 0 1-.5-.5V8H0v2a2 2 0 0 0 2 2h2v-1.5ZM8 12v-1.5h2a.5.5 0 0 0 .5-.5V8H12v2a2 2 0 0 1-2 2H8Zm2-12a2 2 0 0 1 2 2v2h-1.5V2a.5.5 0 0 0-.5-.5H8V0h2Z\" \/>\n\t\t\t<\/svg>\n\t\t<\/button><\/figure>\n\n\n\n<h3 class=\"wp-block-heading\"><span class=\"ez-toc-section\" id=\"25_Holasovice\"><\/span>25. Hola\u0161ovice<span class=\"ez-toc-section-end\"><\/span><\/h3>\n\n\n\n<p class=\"wp-block-paragraph\">Za sedliackym barokom prejde\u0161 <strong>48,7 kilometra, \u010do \u010dasovo vych\u00e1dza na 46 min\u00fat jazdy<\/strong>. Hola\u0161ovice s\u00fa po pr\u00e1ve zap\u00edsan\u00e9 na zozname svetov\u00e9ho dedi\u010dstva UNESCO a ich obrovsk\u00e1 obd\u013a\u017enikov\u00e1 n\u00e1ves lemovan\u00e1 rozpr\u00e1vkovo zdoben\u00fdmi statkami patr\u00ed k tomu najkraj\u0161iemu v na\u0161ej zemi.<\/p>\n\n\n\n<p class=\"wp-block-paragraph\">Tunaj\u0161ia <strong>architekt\u00fara juho\u010desk\u00e9ho sedliackeho baroka je zachovan\u00e1 v \u00faplne unik\u00e1tnej celistvosti<\/strong>, a navy\u0161e nejde o \u017eiadny m\u0155tvy skanzen, ale o be\u017ene \u017eij\u00facu dedinu. M\u00f4\u017ee\u0161 sa tu vo\u013ene prech\u00e1dza\u0165, obdivova\u0165 \u0161tuky na \u0161t\u00edtoch domov a nas\u00e1va\u0165 neuverite\u013ene pokojn\u00fa atmosf\u00e9ru star\u00fdch \u010dias.<\/p>\n\n\n\n<p class=\"wp-block-paragraph\">Pri n\u00e1v\u0161teve <strong>odpor\u00fa\u010dam zastavi\u0165 sa v miestnej kaviarni alebo si prejs\u0165 ne\u010falek\u00fd hola\u0161ovick\u00fd Stonehenge<\/strong>, \u010do je novodob\u00e1 megalitick\u00e1 stavba na kopci za dedinou. Vstupn\u00e9 do dediny sa samozrejme neplat\u00ed, je to verejn\u00fd priestor otvoren\u00fd v\u0161etk\u00fdm slu\u0161n\u00fdm n\u00e1v\u0161tevn\u00edkom. Inform\u00e1cie o dedine aj o akci\u00e1ch n\u00e1jde\u0161 na <a href=\"https:\/\/holasovice.eu\" rel=\"nofollow noopener\" target=\"_blank\">holasovice.eu<\/a>.<\/p>\n\n\n\n<p class=\"wp-block-paragraph\">N\u00e1s pri prech\u00e1dzke n\u00e1vsou najviac <strong>bavilo porovn\u00e1va\u0165 \u0161t\u00edty jednotliv\u00fdch statkov<\/strong> \u2014 ka\u017ed\u00fd m\u00e1 in\u00fa kombin\u00e1ciu obl\u00fakov, vol\u00fat a ma\u013eovan\u00fdch detailov, aj ke\u010f na prv\u00fd poh\u013ead p\u00f4sob\u00ed cel\u00e1 n\u00e1ves jednotne. Po\u010d\u00edtaj tak s hodinou a\u017e dvomi, nech si to nemus\u00ed\u0161 odbavi\u0165.<\/p>\n\n\n\n<figure data-wp-context=\"{&quot;imageId&quot;:&quot;6a9527f918253&quot;}\" data-wp-interactive=\"core\/image\" data-wp-key=\"6a9527f918253\" class=\"wp-block-image size-full wp-lightbox-container\"><img decoding=\"async\" width=\"2528\" height=\"1696\" data-wp-class--hide=\"state.isContentHidden\" data-wp-class--show=\"state.isContentVisible\" data-wp-init=\"callbacks.setButtonStyles\" data-wp-on--click=\"actions.showLightbox\" data-wp-on--load=\"callbacks.setButtonStyles\" data-wp-on--pointerdown=\"actions.preloadImage\" data-wp-on--pointerenter=\"actions.preloadImageWithDelay\" data-wp-on--pointerleave=\"actions.cancelPreload\" data-wp-on-window--resize=\"callbacks.setButtonStyles\" src=\"https:\/\/loudavymkrokem.cz\/wp-content\/uploads\/2026\/08\/lk-32.jpg\" alt=\"N\u00e1mestie P\u0159emysla Otakara II. v \u010cesk\u00fdch Bud\u011bjoviciach\" class=\"wp-image-404113\" title=\"\" srcset=\"https:\/\/loudavymkrokem.cz\/wp-content\/uploads\/2026\/08\/lk-32.jpg 2528w, https:\/\/loudavymkrokem.cz\/wp-content\/uploads\/2026\/08\/lk-32-300x201.jpg 300w, https:\/\/loudavymkrokem.cz\/wp-content\/uploads\/2026\/08\/lk-32-700x470.jpg 700w, https:\/\/loudavymkrokem.cz\/wp-content\/uploads\/2026\/08\/lk-32-768x515.jpg 768w, https:\/\/loudavymkrokem.cz\/wp-content\/uploads\/2026\/08\/lk-32-1536x1030.jpg 1536w, https:\/\/loudavymkrokem.cz\/wp-content\/uploads\/2026\/08\/lk-32-2048x1374.jpg 2048w, https:\/\/loudavymkrokem.cz\/wp-content\/uploads\/2026\/08\/lk-32-696x467.jpg 696w, https:\/\/loudavymkrokem.cz\/wp-content\/uploads\/2026\/08\/lk-32-1392x934.jpg 1392w, https:\/\/loudavymkrokem.cz\/wp-content\/uploads\/2026\/08\/lk-32-1920x1288.jpg 1920w\" sizes=\"(max-width: 2528px) 100vw, 2528px\" \/><button\n\t\t\tclass=\"lightbox-trigger\"\n\t\t\ttype=\"button\"\n\t\t\taria-haspopup=\"dialog\"\n\t\t\tdata-wp-bind--aria-label=\"state.thisImage.triggerButtonAriaLabel\"\n\t\t\tdata-wp-init=\"callbacks.initTriggerButton\"\n\t\t\tdata-wp-on--click=\"actions.showLightbox\"\n\t\t\tdata-wp-style--right=\"state.thisImage.buttonRight\"\n\t\t\tdata-wp-style--top=\"state.thisImage.buttonTop\"\n\t\t>\n\t\t\t<svg xmlns=\"http:\/\/www.w3.org\/2000\/svg\" width=\"12\" height=\"12\" fill=\"none\" viewBox=\"0 0 12 12\">\n\t\t\t\t<path fill=\"#fff\" d=\"M2 0a2 2 0 0 0-2 2v2h1.5V2a.5.5 0 0 1 .5-.5h2V0H2Zm2 10.5H2a.5.5 0 0 1-.5-.5V8H0v2a2 2 0 0 0 2 2h2v-1.5ZM8 12v-1.5h2a.5.5 0 0 0 .5-.5V8H12v2a2 2 0 0 1-2 2H8Zm2-12a2 2 0 0 1 2 2v2h-1.5V2a.5.5 0 0 0-.5-.5H8V0h2Z\" \/>\n\t\t\t<\/svg>\n\t\t<\/button><figcaption class=\"wp-element-caption\">Pod\u013ea fotografie: Jakub Ha\u0142un \/ Wikimedia Commons, CC BY 4.0 \u00b7 farebne upraven\u00e9<\/figcaption><\/figure>\n\n\n\n<h3 class=\"wp-block-heading\"><span class=\"ez-toc-section\" id=\"26_Ceske_Budejovice\"><\/span>26. \u010cesk\u00e9 Bud\u011bjovice<span class=\"ez-toc-section-end\"><\/span><\/h3>\n\n\n\n<p class=\"wp-block-paragraph\">Do juho\u010deskej metropoly je to <strong>51,1 kilometra a autom tam bude\u0161 za 49 min\u00fat<\/strong>. Bud\u011bjovice s\u00fa pulzuj\u00face mesto, ktor\u00e9mu vl\u00e1dne ikonick\u00e9 n\u00e1mestie P\u0159emysla Otakara II., ktor\u00e9 sa rad\u00ed k t\u00fdm v\u00f4bec najv\u00e4\u010d\u0161\u00edm \u0161tvorcov\u00fdm n\u00e1mestiam v celej republike a je lemovan\u00e9 n\u00e1dhern\u00fdm podlub\u00edm. Na Bud\u011bjoviciach je skvel\u00e9, \u017ee sa tu d\u00e1 sk\u013abi\u0165 hist\u00f3ria s n\u00e1kupmi a v\u00fdborn\u00fdm jedlom. Zastav sa na n\u00e1mest\u00ed na povestn\u00fa k\u00e1vu a nasaj t\u00fa prav\u00fa juho\u010desk\u00fa mestsk\u00fa atmosf\u00e9ru.<\/p>\n\n\n\n<p class=\"wp-block-paragraph\">Tvoje kroky <strong>by mali smerova\u0165 na vrchol sl\u00e1vnej \u010ciernej ve\u017ee, odkia\u013e je fantastick\u00fd v\u00fdh\u013ead na cel\u00e9 mesto<\/strong> aj na vzdialen\u00e9 vrcholky \u0160umavy. Mesto je zn\u00e1me aj v\u010faka pivovaru Budvar a skvel\u00fdm cyklotras\u00e1m, ktor\u00e9 sa vin\u00fa pozd\u013a\u017e brehov rieky Vltavy a Mal\u0161e priamo v centre. Otv\u00e1raciu dobu \u010ciernej ve\u017ee aj tipy na akcie n\u00e1jde\u0161 na turistickom port\u00e1li <a href=\"https:\/\/budejce.cz\" rel=\"nofollow noopener\" target=\"_blank\">budejce.cz<\/a>.<\/p>\n\n\n\n<p class=\"wp-block-paragraph\">Ak chce\u0161 mesto presk\u00fama\u0165 detailnej\u0161ie a h\u013ead\u00e1\u0161 tipy na dobr\u00e9 jedlo alebo skryt\u00e9 kaviarne, <strong>ur\u010dite si otvor n\u00e1\u0161ho podrobn\u00e9ho sprievodcu pre<\/strong> <a href=\"https:\/\/loudavymkrokem.cz\/sk\/ceske-budejovice-cesko-tipy\/\">\u010cesk\u00e9 Bud\u011bjovice<\/a>, kde n\u00e1jde\u0161 v\u0161etko potrebn\u00e9.<\/p>\n\n\n\n<figure data-wp-context=\"{&quot;imageId&quot;:&quot;6a9527f918894&quot;}\" data-wp-interactive=\"core\/image\" data-wp-key=\"6a9527f918894\" class=\"wp-block-image size-full wp-lightbox-container\"><img decoding=\"async\" width=\"2528\" height=\"1696\" data-wp-class--hide=\"state.isContentHidden\" data-wp-class--show=\"state.isContentVisible\" data-wp-init=\"callbacks.setButtonStyles\" data-wp-on--click=\"actions.showLightbox\" data-wp-on--load=\"callbacks.setButtonStyles\" data-wp-on--pointerdown=\"actions.preloadImage\" data-wp-on--pointerenter=\"actions.preloadImageWithDelay\" data-wp-on--pointerleave=\"actions.cancelPreload\" data-wp-on-window--resize=\"callbacks.setButtonStyles\" src=\"https:\/\/loudavymkrokem.cz\/wp-content\/uploads\/2026\/08\/lk-33.jpg\" alt=\"Ch\u00fdnovsk\u00e1 jasky\u0148a\" class=\"wp-image-404114\" title=\"\" srcset=\"https:\/\/loudavymkrokem.cz\/wp-content\/uploads\/2026\/08\/lk-33.jpg 2528w, https:\/\/loudavymkrokem.cz\/wp-content\/uploads\/2026\/08\/lk-33-300x201.jpg 300w, https:\/\/loudavymkrokem.cz\/wp-content\/uploads\/2026\/08\/lk-33-700x470.jpg 700w, https:\/\/loudavymkrokem.cz\/wp-content\/uploads\/2026\/08\/lk-33-768x515.jpg 768w, https:\/\/loudavymkrokem.cz\/wp-content\/uploads\/2026\/08\/lk-33-1536x1030.jpg 1536w, https:\/\/loudavymkrokem.cz\/wp-content\/uploads\/2026\/08\/lk-33-2048x1374.jpg 2048w, https:\/\/loudavymkrokem.cz\/wp-content\/uploads\/2026\/08\/lk-33-696x467.jpg 696w, https:\/\/loudavymkrokem.cz\/wp-content\/uploads\/2026\/08\/lk-33-1392x934.jpg 1392w, https:\/\/loudavymkrokem.cz\/wp-content\/uploads\/2026\/08\/lk-33-1920x1288.jpg 1920w\" sizes=\"(max-width: 2528px) 100vw, 2528px\" \/><button\n\t\t\tclass=\"lightbox-trigger\"\n\t\t\ttype=\"button\"\n\t\t\taria-haspopup=\"dialog\"\n\t\t\tdata-wp-bind--aria-label=\"state.thisImage.triggerButtonAriaLabel\"\n\t\t\tdata-wp-init=\"callbacks.initTriggerButton\"\n\t\t\tdata-wp-on--click=\"actions.showLightbox\"\n\t\t\tdata-wp-style--right=\"state.thisImage.buttonRight\"\n\t\t\tdata-wp-style--top=\"state.thisImage.buttonTop\"\n\t\t>\n\t\t\t<svg xmlns=\"http:\/\/www.w3.org\/2000\/svg\" width=\"12\" height=\"12\" fill=\"none\" viewBox=\"0 0 12 12\">\n\t\t\t\t<path fill=\"#fff\" d=\"M2 0a2 2 0 0 0-2 2v2h1.5V2a.5.5 0 0 1 .5-.5h2V0H2Zm2 10.5H2a.5.5 0 0 1-.5-.5V8H0v2a2 2 0 0 0 2 2h2v-1.5ZM8 12v-1.5h2a.5.5 0 0 0 .5-.5V8H12v2a2 2 0 0 1-2 2H8Zm2-12a2 2 0 0 1 2 2v2h-1.5V2a.5.5 0 0 0-.5-.5H8V0h2Z\" \/>\n\t\t\t<\/svg>\n\t\t<\/button><figcaption class=\"wp-element-caption\">Pod\u013ea fotografie: Chmee2 \/ Wikimedia Commons, CC BY-SA 3.0 \u00b7 farebne upraven\u00e9<\/figcaption><\/figure>\n\n\n\n<h3 class=\"wp-block-heading\"><span class=\"ez-toc-section\" id=\"27_Chynovska_jaskyna\"><\/span>27. Ch\u00fdnovsk\u00e1 jasky\u0148a<span class=\"ez-toc-section-end\"><\/span><\/h3>\n\n\n\n<p class=\"wp-block-paragraph\">K tomuto podzemn\u00e9mu unik\u00e1tu prejde\u0161 <strong>62 kilometrov a cesta zaberie zhruba 63 min\u00fat<\/strong>. Ch\u00fdnovsk\u00e1 jasky\u0148a je historicky v\u00f4bec prvou spr\u00edstupnenou jasky\u0148ou na \u00fazem\u00ed \u010ceska, otvoren\u00e1 u\u017e v roku 1863, a na rozdiel od Moravsk\u00e9ho krasu tu neuvid\u00ed\u0161 klasick\u00e9 kvaple.<\/p>\n\n\n\n<p class=\"wp-block-paragraph\">T\u00e1to jasky\u0148a <strong>je fascinuj\u00faca svojimi strm\u00fdmi chodbami a neuverite\u013ene sfarben\u00fdmi mramorov\u00fdmi stenami<\/strong>, ktor\u00e9 hraj\u00fa v\u0161etk\u00fdmi odtie\u0148mi od bielej cez \u017elt\u00fa a\u017e po s\u00fdto hned\u00fa. Prehliadka je fyzicky o nie\u010do n\u00e1ro\u010dnej\u0161ia kv\u00f4li ve\u013ek\u00e9mu mno\u017estvu schodov, ale ten z\u00e1\u017eitok za to rozhodne stoj\u00ed.<\/p>\n\n\n\n<p class=\"wp-block-paragraph\">Ke\u010f\u017ee ide o chr\u00e1nen\u00fd pr\u00edrodn\u00fd \u00fatvar, <strong>aktu\u00e1lny cenn\u00edk a otv\u00e1raciu dobu si v\u017edy over na webe <a href=\"https:\/\/chynovska.caves.cz\" rel=\"nofollow noopener\" target=\"_blank\">chynovska.caves.cz<\/a><\/strong>, preto\u017ee v zimn\u00fdch mesiacoch b\u00fdva jasky\u0148a tradi\u010dne uzavret\u00e1 kv\u00f4li zimovaniu chr\u00e1nen\u00fdch netopierov.<\/p>\n\n\n\n<figure data-wp-context=\"{&quot;imageId&quot;:&quot;6a9527f918f86&quot;}\" data-wp-interactive=\"core\/image\" data-wp-key=\"6a9527f918f86\" class=\"wp-block-image size-full wp-lightbox-container\"><img decoding=\"async\" width=\"2528\" height=\"1696\" data-wp-class--hide=\"state.isContentHidden\" data-wp-class--show=\"state.isContentVisible\" data-wp-init=\"callbacks.setButtonStyles\" data-wp-on--click=\"actions.showLightbox\" data-wp-on--load=\"callbacks.setButtonStyles\" data-wp-on--pointerdown=\"actions.preloadImage\" data-wp-on--pointerenter=\"actions.preloadImageWithDelay\" data-wp-on--pointerleave=\"actions.cancelPreload\" data-wp-on-window--resize=\"callbacks.setButtonStyles\" src=\"https:\/\/loudavymkrokem.cz\/wp-content\/uploads\/2026\/08\/lk-34.jpg\" alt=\"Historick\u00e9 centrum \u010cesk\u00e9ho Krumlova\" class=\"wp-image-404117\" title=\"\" srcset=\"https:\/\/loudavymkrokem.cz\/wp-content\/uploads\/2026\/08\/lk-34.jpg 2528w, https:\/\/loudavymkrokem.cz\/wp-content\/uploads\/2026\/08\/lk-34-300x201.jpg 300w, https:\/\/loudavymkrokem.cz\/wp-content\/uploads\/2026\/08\/lk-34-700x470.jpg 700w, https:\/\/loudavymkrokem.cz\/wp-content\/uploads\/2026\/08\/lk-34-768x515.jpg 768w, https:\/\/loudavymkrokem.cz\/wp-content\/uploads\/2026\/08\/lk-34-1536x1030.jpg 1536w, https:\/\/loudavymkrokem.cz\/wp-content\/uploads\/2026\/08\/lk-34-2048x1374.jpg 2048w, https:\/\/loudavymkrokem.cz\/wp-content\/uploads\/2026\/08\/lk-34-696x467.jpg 696w, https:\/\/loudavymkrokem.cz\/wp-content\/uploads\/2026\/08\/lk-34-1392x934.jpg 1392w, https:\/\/loudavymkrokem.cz\/wp-content\/uploads\/2026\/08\/lk-34-1920x1288.jpg 1920w\" sizes=\"(max-width: 2528px) 100vw, 2528px\" \/><button\n\t\t\tclass=\"lightbox-trigger\"\n\t\t\ttype=\"button\"\n\t\t\taria-haspopup=\"dialog\"\n\t\t\tdata-wp-bind--aria-label=\"state.thisImage.triggerButtonAriaLabel\"\n\t\t\tdata-wp-init=\"callbacks.initTriggerButton\"\n\t\t\tdata-wp-on--click=\"actions.showLightbox\"\n\t\t\tdata-wp-style--right=\"state.thisImage.buttonRight\"\n\t\t\tdata-wp-style--top=\"state.thisImage.buttonTop\"\n\t\t>\n\t\t\t<svg xmlns=\"http:\/\/www.w3.org\/2000\/svg\" width=\"12\" height=\"12\" fill=\"none\" viewBox=\"0 0 12 12\">\n\t\t\t\t<path fill=\"#fff\" d=\"M2 0a2 2 0 0 0-2 2v2h1.5V2a.5.5 0 0 1 .5-.5h2V0H2Zm2 10.5H2a.5.5 0 0 1-.5-.5V8H0v2a2 2 0 0 0 2 2h2v-1.5ZM8 12v-1.5h2a.5.5 0 0 0 .5-.5V8H12v2a2 2 0 0 1-2 2H8Zm2-12a2 2 0 0 1 2 2v2h-1.5V2a.5.5 0 0 0-.5-.5H8V0h2Z\" \/>\n\t\t\t<\/svg>\n\t\t<\/button><figcaption class=\"wp-element-caption\">Pod\u013ea fotografie: Jakub Ha\u0142un \/ Wikimedia Commons, CC BY 4.0 \u00b7 farebne upraven\u00e9<\/figcaption><\/figure>\n\n\n\n<h3 class=\"wp-block-heading\"><span class=\"ez-toc-section\" id=\"28_Cesky_Krumlov\"><\/span>28. \u010cesk\u00fd Krumlov<span class=\"ez-toc-section-end\"><\/span><\/h3>\n\n\n\n<p class=\"wp-block-paragraph\">Do n\u00e1\u0161ho najkraj\u0161ieho mesta prejde\u0161 <strong>69,9 kilometra a z P\u00edsku tam doraz\u00ed\u0161 za 68 min\u00fat<\/strong>. \u010cesk\u00fd Krumlov, zap\u00edsan\u00fd na zozname UNESCO, netreba dlho predstavova\u0165, jeho renesan\u010dn\u00fd z\u00e1mok t\u00fd\u010diaci sa nad meandrom Vltavy pozn\u00e1 sn\u00e1\u010f \u00faplne ka\u017ed\u00fd a jeho n\u00e1v\u0161teva je jednoducho povinnos\u0165.<\/p>\n\n\n\n<p class=\"wp-block-paragraph\">Mesto <strong>je pln\u00e9 k\u013eukat\u00fdch uli\u010diek, historick\u00fdch domov a romantick\u00fdch v\u00fdh\u013eadov z ka\u017ed\u00e9ho rohu<\/strong>, tak\u017ee sa tu d\u00e1 s preh\u013eadom bl\u00fadi\u0165 cel\u00fd de\u0148. Mimo letn\u00fdch pr\u00e1zdnin tu b\u00fdva aj o nie\u010do menej \u013eud\u00ed, \u010do atmosf\u00e9re stredovek\u00e9ho mesta ohromne prospieva. Aj ke\u010f je Krumlov niekedy pln\u00fd turistov, m\u00e1 jednoducho nie\u010do do seba. V\u017edy si rad\u0161ej privstaneme a prejdeme si centrum hne\u010f r\u00e1no, k\u00fdm v\u00e4\u010d\u0161ina \u013eud\u00ed e\u0161te sp\u00ed ubytovan\u00e1 v hoteloch. Prehliadkov\u00e9 okruhy z\u00e1mku a vstupn\u00e9 n\u00e1jde\u0161 na <a href=\"https:\/\/zamek-ceskykrumlov.cz\" rel=\"nofollow noopener\" target=\"_blank\">zamek-ceskykrumlov.cz<\/a>.<\/p>\n\n\n\n<p class=\"wp-block-paragraph\">Pre kompletn\u00e9 napl\u00e1novanie v\u00fdletu, vr\u00e1tane parkovania a najlep\u0161\u00edch vyhliadok, <strong>mrkni na n\u00e1\u0161 samostatn\u00fd \u010dl\u00e1nok o tom, \u010do skr\u00fdva<\/strong> <a href=\"https:\/\/loudavymkrokem.cz\/sk\/cesky-krumlov-co-vidiet\/\">\u010cesk\u00fd Krumlov<\/a>, kde sme v\u0161etko podrobne sp\u00edsali.<\/p>\n\n\n\n<figure data-wp-context=\"{&quot;imageId&quot;:&quot;6a9527f9195c8&quot;}\" data-wp-interactive=\"core\/image\" data-wp-key=\"6a9527f9195c8\" class=\"wp-block-image size-full wp-lightbox-container\"><img decoding=\"async\" width=\"2528\" height=\"1696\" data-wp-class--hide=\"state.isContentHidden\" data-wp-class--show=\"state.isContentVisible\" data-wp-init=\"callbacks.setButtonStyles\" data-wp-on--click=\"actions.showLightbox\" data-wp-on--load=\"callbacks.setButtonStyles\" data-wp-on--pointerdown=\"actions.preloadImage\" data-wp-on--pointerenter=\"actions.preloadImageWithDelay\" data-wp-on--pointerleave=\"actions.cancelPreload\" data-wp-on-window--resize=\"callbacks.setButtonStyles\" src=\"https:\/\/loudavymkrokem.cz\/wp-content\/uploads\/2026\/08\/lk-35.jpg\" alt=\"Rybn\u00edk Sv\u011bt pri T\u0159eboni\" class=\"wp-image-404118\" title=\"\" srcset=\"https:\/\/loudavymkrokem.cz\/wp-content\/uploads\/2026\/08\/lk-35.jpg 2528w, https:\/\/loudavymkrokem.cz\/wp-content\/uploads\/2026\/08\/lk-35-300x201.jpg 300w, https:\/\/loudavymkrokem.cz\/wp-content\/uploads\/2026\/08\/lk-35-700x470.jpg 700w, https:\/\/loudavymkrokem.cz\/wp-content\/uploads\/2026\/08\/lk-35-768x515.jpg 768w, https:\/\/loudavymkrokem.cz\/wp-content\/uploads\/2026\/08\/lk-35-1536x1030.jpg 1536w, https:\/\/loudavymkrokem.cz\/wp-content\/uploads\/2026\/08\/lk-35-2048x1374.jpg 2048w, https:\/\/loudavymkrokem.cz\/wp-content\/uploads\/2026\/08\/lk-35-696x467.jpg 696w, https:\/\/loudavymkrokem.cz\/wp-content\/uploads\/2026\/08\/lk-35-1392x934.jpg 1392w, https:\/\/loudavymkrokem.cz\/wp-content\/uploads\/2026\/08\/lk-35-1920x1288.jpg 1920w\" sizes=\"(max-width: 2528px) 100vw, 2528px\" \/><button\n\t\t\tclass=\"lightbox-trigger\"\n\t\t\ttype=\"button\"\n\t\t\taria-haspopup=\"dialog\"\n\t\t\tdata-wp-bind--aria-label=\"state.thisImage.triggerButtonAriaLabel\"\n\t\t\tdata-wp-init=\"callbacks.initTriggerButton\"\n\t\t\tdata-wp-on--click=\"actions.showLightbox\"\n\t\t\tdata-wp-style--right=\"state.thisImage.buttonRight\"\n\t\t\tdata-wp-style--top=\"state.thisImage.buttonTop\"\n\t\t>\n\t\t\t<svg xmlns=\"http:\/\/www.w3.org\/2000\/svg\" width=\"12\" height=\"12\" fill=\"none\" viewBox=\"0 0 12 12\">\n\t\t\t\t<path fill=\"#fff\" d=\"M2 0a2 2 0 0 0-2 2v2h1.5V2a.5.5 0 0 1 .5-.5h2V0H2Zm2 10.5H2a.5.5 0 0 1-.5-.5V8H0v2a2 2 0 0 0 2 2h2v-1.5ZM8 12v-1.5h2a.5.5 0 0 0 .5-.5V8H12v2a2 2 0 0 1-2 2H8Zm2-12a2 2 0 0 1 2 2v2h-1.5V2a.5.5 0 0 0-.5-.5H8V0h2Z\" \/>\n\t\t\t<\/svg>\n\t\t<\/button><\/figure>\n\n\n\n<h3 class=\"wp-block-heading\"><span class=\"ez-toc-section\" id=\"29_Trebon_a_rybnicna_krajina\"><\/span>29. T\u0159ebo\u0148 a rybni\u010dn\u00e1 krajina<span class=\"ez-toc-section-end\"><\/span><\/h3>\n\n\n\n<p class=\"wp-block-paragraph\">Do srdca rybn\u00edk\u00e1rov je to <strong>73,7 kilometra, \u010do zodpoved\u00e1 zhruba 68 min\u00fatam jazdy<\/strong>. T\u0159ebo\u0148 je neuverite\u013ene malebn\u00e9 k\u00fape\u013en\u00e9 mesto s renesan\u010dn\u00fdm z\u00e1mkom a historick\u00fdm centrom, ktor\u00e9 je zo v\u0161etk\u00fdch str\u00e1n obklopen\u00e9 hr\u00e1dzami sl\u00e1vnych rybn\u00edkov na \u010dele s obrovsk\u00fdm rybn\u00edkom Sv\u011bt.<\/p>\n\n\n\n<p class=\"wp-block-paragraph\">Tunaj\u0161ia <strong>rovinat\u00e1 krajina je absol\u00fatnym rajom pre nen\u00e1ro\u010dn\u00fdch cyklistov a k\u00fape\u013en\u00fdch host\u00ed<\/strong>, pri\u010dom k povinn\u00fdm zast\u00e1vkam patr\u00ed aj monument\u00e1lna Schwarzenbersk\u00e1 hrobka ukryt\u00e1 v anglickom parku. V\u00fdlet si napl\u00e1nuj na cel\u00fd de\u0148, preto\u017ee tempo je tu n\u00e1kazlivo pomal\u00e9 a uvo\u013enen\u00e9. Prehliadkov\u00e9 trasy z\u00e1mku a vstupn\u00e9 n\u00e1jde\u0161 na <a href=\"https:\/\/zamek-trebon.cz\" rel=\"nofollow noopener\" target=\"_blank\">zamek-trebon.cz<\/a>.<\/p>\n\n\n\n<p class=\"wp-block-paragraph\">Kaviarne na n\u00e1mest\u00ed s\u00fa presne ten typ miesta, kde si objedn\u00e1\u0161 jeden \u010daj a sed\u00ed\u0161 tam hodinu. A vie\u0161 \u010do? Je to \u00faplne v poriadku, preto\u017ee T\u0159ebo\u0148 na toto tempo jednoducho nastavuje.<\/p>\n\n\n\n<figure data-wp-context=\"{&quot;imageId&quot;:&quot;6a9527f919c0e&quot;}\" data-wp-interactive=\"core\/image\" data-wp-key=\"6a9527f919c0e\" class=\"wp-block-image size-full wp-lightbox-container\"><img decoding=\"async\" width=\"2528\" height=\"1696\" data-wp-class--hide=\"state.isContentHidden\" data-wp-class--show=\"state.isContentVisible\" data-wp-init=\"callbacks.setButtonStyles\" data-wp-on--click=\"actions.showLightbox\" data-wp-on--load=\"callbacks.setButtonStyles\" data-wp-on--pointerdown=\"actions.preloadImage\" data-wp-on--pointerenter=\"actions.preloadImageWithDelay\" data-wp-on--pointerleave=\"actions.cancelPreload\" data-wp-on-window--resize=\"callbacks.setButtonStyles\" src=\"https:\/\/loudavymkrokem.cz\/wp-content\/uploads\/2026\/08\/lk-36.jpg\" alt=\"Hrad Ka\u0161perk na \u0160umave\" class=\"wp-image-404119\" title=\"\" srcset=\"https:\/\/loudavymkrokem.cz\/wp-content\/uploads\/2026\/08\/lk-36.jpg 2528w, https:\/\/loudavymkrokem.cz\/wp-content\/uploads\/2026\/08\/lk-36-300x201.jpg 300w, https:\/\/loudavymkrokem.cz\/wp-content\/uploads\/2026\/08\/lk-36-700x470.jpg 700w, https:\/\/loudavymkrokem.cz\/wp-content\/uploads\/2026\/08\/lk-36-768x515.jpg 768w, https:\/\/loudavymkrokem.cz\/wp-content\/uploads\/2026\/08\/lk-36-1536x1030.jpg 1536w, https:\/\/loudavymkrokem.cz\/wp-content\/uploads\/2026\/08\/lk-36-2048x1374.jpg 2048w, https:\/\/loudavymkrokem.cz\/wp-content\/uploads\/2026\/08\/lk-36-696x467.jpg 696w, https:\/\/loudavymkrokem.cz\/wp-content\/uploads\/2026\/08\/lk-36-1392x934.jpg 1392w, https:\/\/loudavymkrokem.cz\/wp-content\/uploads\/2026\/08\/lk-36-1920x1288.jpg 1920w\" sizes=\"(max-width: 2528px) 100vw, 2528px\" \/><button\n\t\t\tclass=\"lightbox-trigger\"\n\t\t\ttype=\"button\"\n\t\t\taria-haspopup=\"dialog\"\n\t\t\tdata-wp-bind--aria-label=\"state.thisImage.triggerButtonAriaLabel\"\n\t\t\tdata-wp-init=\"callbacks.initTriggerButton\"\n\t\t\tdata-wp-on--click=\"actions.showLightbox\"\n\t\t\tdata-wp-style--right=\"state.thisImage.buttonRight\"\n\t\t\tdata-wp-style--top=\"state.thisImage.buttonTop\"\n\t\t>\n\t\t\t<svg xmlns=\"http:\/\/www.w3.org\/2000\/svg\" width=\"12\" height=\"12\" fill=\"none\" viewBox=\"0 0 12 12\">\n\t\t\t\t<path fill=\"#fff\" d=\"M2 0a2 2 0 0 0-2 2v2h1.5V2a.5.5 0 0 1 .5-.5h2V0H2Zm2 10.5H2a.5.5 0 0 1-.5-.5V8H0v2a2 2 0 0 0 2 2h2v-1.5ZM8 12v-1.5h2a.5.5 0 0 0 .5-.5V8H12v2a2 2 0 0 1-2 2H8Zm2-12a2 2 0 0 1 2 2v2h-1.5V2a.5.5 0 0 0-.5-.5H8V0h2Z\" \/>\n\t\t\t<\/svg>\n\t\t<\/button><figcaption class=\"wp-element-caption\">Pod\u013ea fotografie: Huhulenik \/ Wikimedia Commons, CC BY 3.0 \u00b7 farebne upraven\u00e9<\/figcaption><\/figure>\n\n\n\n<h3 class=\"wp-block-heading\"><span class=\"ez-toc-section\" id=\"30_Sumava\"><\/span>30. \u0160umava<span class=\"ez-toc-section-end\"><\/span><\/h3>\n\n\n\n<p class=\"wp-block-paragraph\">Na najbli\u017e\u0161\u00ed okraj \u0160umavy prejde\u0161 <strong>okolo 40 a\u017e 60 kilometrov, napr\u00edklad do Prachat\u00edc doraz\u00ed\u0161 za 44 min\u00fat<\/strong>. <a href=\"https:\/\/npsumava.cz\" rel=\"nofollow noopener\" target=\"_blank\">N\u00e1rodn\u00fd park \u0160umava<\/a> pon\u00faka nekone\u010dn\u00e9 mo\u017enosti pre turistiku, \u010di u\u017e vyraz\u00ed\u0161 k tajupln\u00e9mu hradu Ka\u0161perk, do divok\u00e9ho pralesa Boub\u00edn alebo a\u017e k vodnej n\u00e1dr\u017ei Lipno.<\/p>\n\n\n\n<p class=\"wp-block-paragraph\">Hrad Ka\u0161perk <strong>patr\u00ed k najvy\u0161\u0161ie polo\u017een\u00fdm kr\u00e1\u013eovsk\u00fdm hradom v \u010cech\u00e1ch a hodnotenie cez dev\u00e4\u0165 tis\u00edc \u013eud\u00ed hovor\u00ed za v\u0161etko<\/strong>. A ak sa vyd\u00e1\u0161 e\u0161te o kus \u010falej na Lipno, rovno si z toho urob v\u00edkend, atrakci\u00ed je tam na dva dni v pohode.<\/p>\n\n\n\n<p class=\"wp-block-paragraph\">Pre rodiny, ktor\u00e9 sa chystaj\u00fa vyrazi\u0165 do h\u00f4r aj s t\u00fdmi najmen\u0161\u00edmi, <strong>sme pripravili ve\u013emi praktick\u00fd \u010dl\u00e1nok<\/strong> <a href=\"https:\/\/loudavymkrokem.cz\/sk\/sumava-cesko-kocik-vylet\/\">\u0160umava s ko\u010d\u00edkom<\/a>, kde n\u00e1jde\u0161 presn\u00e9 trasy, ktor\u00e9 zvl\u00e1dne\u0161 bez v\u00e4\u010d\u0161\u00edch probl\u00e9mov prejs\u0165 aj na mal\u00fdch kolieskach.<\/p>\n\n\n\n<figure data-wp-context=\"{&quot;imageId&quot;:&quot;6a9527f91a277&quot;}\" data-wp-interactive=\"core\/image\" data-wp-key=\"6a9527f91a277\" class=\"wp-block-image size-full wp-lightbox-container\"><img decoding=\"async\" width=\"2528\" height=\"1696\" data-wp-class--hide=\"state.isContentHidden\" data-wp-class--show=\"state.isContentVisible\" data-wp-init=\"callbacks.setButtonStyles\" data-wp-on--click=\"actions.showLightbox\" data-wp-on--load=\"callbacks.setButtonStyles\" data-wp-on--pointerdown=\"actions.preloadImage\" data-wp-on--pointerenter=\"actions.preloadImageWithDelay\" data-wp-on--pointerleave=\"actions.cancelPreload\" data-wp-on-window--resize=\"callbacks.setButtonStyles\" src=\"https:\/\/loudavymkrokem.cz\/wp-content\/uploads\/2026\/08\/lk-37.jpg\" alt=\"P\u00edseck\u00e9 hory v zime\" class=\"wp-image-404121\" title=\"\" srcset=\"https:\/\/loudavymkrokem.cz\/wp-content\/uploads\/2026\/08\/lk-37.jpg 2528w, https:\/\/loudavymkrokem.cz\/wp-content\/uploads\/2026\/08\/lk-37-300x201.jpg 300w, https:\/\/loudavymkrokem.cz\/wp-content\/uploads\/2026\/08\/lk-37-700x470.jpg 700w, https:\/\/loudavymkrokem.cz\/wp-content\/uploads\/2026\/08\/lk-37-768x515.jpg 768w, https:\/\/loudavymkrokem.cz\/wp-content\/uploads\/2026\/08\/lk-37-1536x1030.jpg 1536w, https:\/\/loudavymkrokem.cz\/wp-content\/uploads\/2026\/08\/lk-37-2048x1374.jpg 2048w, https:\/\/loudavymkrokem.cz\/wp-content\/uploads\/2026\/08\/lk-37-696x467.jpg 696w, https:\/\/loudavymkrokem.cz\/wp-content\/uploads\/2026\/08\/lk-37-1392x934.jpg 1392w, https:\/\/loudavymkrokem.cz\/wp-content\/uploads\/2026\/08\/lk-37-1920x1288.jpg 1920w\" sizes=\"(max-width: 2528px) 100vw, 2528px\" \/><button\n\t\t\tclass=\"lightbox-trigger\"\n\t\t\ttype=\"button\"\n\t\t\taria-haspopup=\"dialog\"\n\t\t\tdata-wp-bind--aria-label=\"state.thisImage.triggerButtonAriaLabel\"\n\t\t\tdata-wp-init=\"callbacks.initTriggerButton\"\n\t\t\tdata-wp-on--click=\"actions.showLightbox\"\n\t\t\tdata-wp-style--right=\"state.thisImage.buttonRight\"\n\t\t\tdata-wp-style--top=\"state.thisImage.buttonTop\"\n\t\t>\n\t\t\t<svg xmlns=\"http:\/\/www.w3.org\/2000\/svg\" width=\"12\" height=\"12\" fill=\"none\" viewBox=\"0 0 12 12\">\n\t\t\t\t<path fill=\"#fff\" d=\"M2 0a2 2 0 0 0-2 2v2h1.5V2a.5.5 0 0 1 .5-.5h2V0H2Zm2 10.5H2a.5.5 0 0 1-.5-.5V8H0v2a2 2 0 0 0 2 2h2v-1.5ZM8 12v-1.5h2a.5.5 0 0 0 .5-.5V8H12v2a2 2 0 0 1-2 2H8Zm2-12a2 2 0 0 1 2 2v2h-1.5V2a.5.5 0 0 0-.5-.5H8V0h2Z\" \/>\n\t\t\t<\/svg>\n\t\t<\/button><figcaption class=\"wp-element-caption\">Pod\u013ea fotografie: \u0160J\u016f (cs:\u0160J\u016f) \/ Wikimedia Commons, CC BY-SA 3.0 \u00b7 farebne upraven\u00e9<\/figcaption><\/figure>\n\n\n\n<h2 class=\"wp-block-heading\"><span class=\"ez-toc-section\" id=\"Co_je_v_okoli_Pisku_otvorene_aj_mimo_sezony\"><\/span>\u010co je v okol\u00ed P\u00edsku otvoren\u00e9 aj mimo sez\u00f3ny<span class=\"ez-toc-section-end\"><\/span><\/h2>\n\n\n\n<p class=\"wp-block-paragraph\">Zatia\u013e \u010do v\u00e4\u010d\u0161ina hradov a z\u00e1mkov spadaj\u00facich pod \u0161t\u00e1tnu spr\u00e1vu sp\u00ed od novembra do marca hlbok\u00fdm zimn\u00fdm sp\u00e1nkom, v okol\u00ed P\u00edsku n\u00e1jde\u0161 mno\u017estvo miest, kam sa d\u00e1 v pohode vyrazi\u0165 aj v chladnej\u0161\u00edch mesiacoch.<\/p>\n\n\n\n<ul class=\"wp-block-list\">\n<li><strong>P\u00edseck\u00e9 hory a rozh\u013eadne:<\/strong> Pr\u00edroda nikdy nezatv\u00e1ra. Prech\u00e1dzky po spevnen\u00fdch cest\u00e1ch a v\u00fdstup na vo\u013ene pr\u00edstupn\u00fa rozh\u013ead\u0148u Jarn\u00edk s\u00fa skvel\u00e9 aj za mrazu.<\/li>\n\n\n\n<li><strong>Protiv\u00ednska Krokod\u00edlia ZOO:<\/strong> Vn\u00fatorn\u00e9 vyhrievan\u00e9 pavil\u00f3ny pln\u00e9 plazov funguj\u00fa celoro\u010dne a predstavuj\u00fa ide\u00e1lny \u00fakryt pred plieskan\u00edm.<\/li>\n\n\n\n<li><strong>Mestsk\u00e9 m\u00faze\u00e1 a gal\u00e9rie:<\/strong> Expoz\u00edcie v P\u00edsku, T\u00e1bore alebo Vod\u0148anoch b\u00fdvaj\u00fa otvoren\u00e9 nez\u00e1visle na letnej turistickej sez\u00f3ne.<\/li>\n\n\n\n<li><strong>Ve\u013ek\u00e9 juho\u010desk\u00e9 mest\u00e1:<\/strong> N\u00e1v\u0161teva \u010cesk\u00fdch Bud\u011bjov\u00edc, \u010cesk\u00e9ho Krumlova alebo T\u00e1bora je mimo leta sn\u00e1\u010f e\u0161te \u010darovnej\u0161ia, preto\u017ee sa vyhne\u0161 najv\u00e4\u010d\u0161\u00edm davom na n\u00e1mestiach.<\/li>\n\n\n\n<li><strong>Zimn\u00e9 prehliadky Hlubokej:<\/strong> Z\u00e1mok Hlubok\u00e1 nad Vltavou ako jeden z m\u00e1la pon\u00faka \u0161peci\u00e1lnu temperovan\u00fa zimn\u00fa trasu, tak\u017ee o \u0161\u013eachtick\u00e9 interi\u00e9ry nepr\u00edde\u0161 ani v janu\u00e1ri.<\/li>\n<\/ul>\n\n\n\n<figure data-wp-context=\"{&quot;imageId&quot;:&quot;6a9527f91a99e&quot;}\" data-wp-interactive=\"core\/image\" data-wp-key=\"6a9527f91a99e\" class=\"wp-block-image size-full wp-lightbox-container\"><img decoding=\"async\" width=\"2200\" height=\"1467\" data-wp-class--hide=\"state.isContentHidden\" data-wp-class--show=\"state.isContentVisible\" data-wp-init=\"callbacks.setButtonStyles\" data-wp-on--click=\"actions.showLightbox\" data-wp-on--load=\"callbacks.setButtonStyles\" data-wp-on--pointerdown=\"actions.preloadImage\" data-wp-on--pointerenter=\"actions.preloadImageWithDelay\" data-wp-on--pointerleave=\"actions.cancelPreload\" data-wp-on-window--resize=\"callbacks.setButtonStyles\" src=\"https:\/\/loudavymkrokem.cz\/wp-content\/uploads\/2026\/08\/otava-breh-pod-kamennym-mostem.jpg\" alt=\"Posedenie na brehu Otavy pod Kamenn\u00fdm mostom v P\u00edsku\" class=\"wp-image-404458\" title=\"\" srcset=\"https:\/\/loudavymkrokem.cz\/wp-content\/uploads\/2026\/08\/otava-breh-pod-kamennym-mostem.jpg 2200w, https:\/\/loudavymkrokem.cz\/wp-content\/uploads\/2026\/08\/otava-breh-pod-kamennym-mostem-300x200.jpg 300w, https:\/\/loudavymkrokem.cz\/wp-content\/uploads\/2026\/08\/otava-breh-pod-kamennym-mostem-700x467.jpg 700w, https:\/\/loudavymkrokem.cz\/wp-content\/uploads\/2026\/08\/otava-breh-pod-kamennym-mostem-768x512.jpg 768w, https:\/\/loudavymkrokem.cz\/wp-content\/uploads\/2026\/08\/otava-breh-pod-kamennym-mostem-1536x1024.jpg 1536w, https:\/\/loudavymkrokem.cz\/wp-content\/uploads\/2026\/08\/otava-breh-pod-kamennym-mostem-2048x1366.jpg 2048w, https:\/\/loudavymkrokem.cz\/wp-content\/uploads\/2026\/08\/otava-breh-pod-kamennym-mostem-696x464.jpg 696w, https:\/\/loudavymkrokem.cz\/wp-content\/uploads\/2026\/08\/otava-breh-pod-kamennym-mostem-1392x928.jpg 1392w, https:\/\/loudavymkrokem.cz\/wp-content\/uploads\/2026\/08\/otava-breh-pod-kamennym-mostem-1920x1280.jpg 1920w\" sizes=\"(max-width: 2200px) 100vw, 2200px\" \/><button\n\t\t\tclass=\"lightbox-trigger\"\n\t\t\ttype=\"button\"\n\t\t\taria-haspopup=\"dialog\"\n\t\t\tdata-wp-bind--aria-label=\"state.thisImage.triggerButtonAriaLabel\"\n\t\t\tdata-wp-init=\"callbacks.initTriggerButton\"\n\t\t\tdata-wp-on--click=\"actions.showLightbox\"\n\t\t\tdata-wp-style--right=\"state.thisImage.buttonRight\"\n\t\t\tdata-wp-style--top=\"state.thisImage.buttonTop\"\n\t\t>\n\t\t\t<svg xmlns=\"http:\/\/www.w3.org\/2000\/svg\" width=\"12\" height=\"12\" fill=\"none\" viewBox=\"0 0 12 12\">\n\t\t\t\t<path fill=\"#fff\" d=\"M2 0a2 2 0 0 0-2 2v2h1.5V2a.5.5 0 0 1 .5-.5h2V0H2Zm2 10.5H2a.5.5 0 0 1-.5-.5V8H0v2a2 2 0 0 0 2 2h2v-1.5ZM8 12v-1.5h2a.5.5 0 0 0 .5-.5V8H12v2a2 2 0 0 1-2 2H8Zm2-12a2 2 0 0 1 2 2v2h-1.5V2a.5.5 0 0 0-.5-.5H8V0h2Z\" \/>\n\t\t\t<\/svg>\n\t\t<\/button><\/figure>\n\n\n\n<h2 class=\"wp-block-heading\"><span class=\"ez-toc-section\" id=\"Kam_vyrazit_z_Pisku_bez_auta\"><\/span>Kam vyrazi\u0165 z P\u00edsku bez auta<span class=\"ez-toc-section-end\"><\/span><\/h2>\n\n\n\n<p class=\"wp-block-paragraph\">Hoci je auto pre objavovanie men\u0161\u00edch dedinek nespornou v\u00fdhodou, z P\u00edsku sa d\u00e1 podnikn\u00fa\u0165 mno\u017estvo par\u00e1dnych v\u00fdletov aj bez neho. Len <strong>po\u010d\u00edtaj s t\u00fdm, \u017ee na popul\u00e1rne hrady Zv\u00edkov a Orl\u00edk sa vlakom jednoducho nedostane\u0161<\/strong>, preto\u017ee tam ko\u013eaje neved\u00fa a mus\u00ed\u0161 sa spolieha\u0165 na autobusy, ktor\u00e9 cez v\u00edkendy nejazdia \u00faplne naj\u010dastej\u0161ie.<\/p>\n\n\n\n<p class=\"wp-block-paragraph\">Vlakov\u00e9 spojenie z P\u00edsku je ale <strong>\u00faplne fantastick\u00e9 pre v\u00fdlety do v\u00e4\u010d\u0161\u00edch miest, ako s\u00fa Strakonice, Vod\u0148any, T\u00e1bor alebo \u010cesk\u00e9 Bud\u011bjovice<\/strong>, kam sa dostane\u0161 ve\u013emi pohodlne a r\u00fdchlo. Miestna stanica pre\u0161la rekon\u0161trukciou a spoje nadv\u00e4zuj\u00fa pomerne spo\u013eahlivo, tak\u017ee celodenn\u00e1 mestsk\u00e1 turistika s vyu\u017eit\u00edm dr\u00e1hy d\u00e1va ve\u013ek\u00fd zmysel.<\/p>\n\n\n\n<p class=\"wp-block-paragraph\">Pre milovn\u00edkov cyklistiky <strong>existuje kr\u00e1sna a nen\u00e1ro\u010dn\u00e1 cyklotrasa ved\u00faca priamo z mesta pozd\u013a\u017e rieky Otavy<\/strong>, po ktorej d\u00f4jde\u0161 k mnoh\u00fdm zauj\u00edmav\u00fdm cie\u013eom \u00faplne bez motora. Ak si chce\u0161 v\u00fdlet u\u013eah\u010di\u0165, mno\u017estvo region\u00e1lnych autobusov navy\u0161e v letnej sez\u00f3ne pon\u00faka prepravu bicyklov na \u0161peci\u00e1lnych vle\u010dk\u00e1ch.<\/p>\n\n\n\n<h2 class=\"wp-block-heading\"><span class=\"ez-toc-section\" id=\"Kam_dalej\"><\/span>Kam \u010falej<span class=\"ez-toc-section-end\"><\/span><\/h2>\n\n\n\n<p class=\"wp-block-paragraph\">Ak \u0165a zauj\u00edmaj\u00fa \u010fal\u0161ie tipy na cestovanie po \u010cesku alebo chce\u0161 P\u00edsek presk\u00fama\u0165 naozaj do h\u013abky, mrkni na t\u00fdchto overen\u00fdch sprievodcov:<\/p>\n\n\n\n<ul class=\"wp-block-list\">\n<li><a href=\"https:\/\/loudavymkrokem.cz\/sk\/co-vidiet-v-pisku\/\">\u010co vidie\u0165 v P\u00edsku: 39 tipov od rod\u00e1\u010dky<\/a><\/li>\n\n\n\n<li><a href=\"https:\/\/loudavymkrokem.cz\/sk\/juzne-cechy-najkrajsie-miesta\/\">Kam na dovolenku v ju\u017en\u00fdch \u010cech\u00e1ch<\/a><\/li>\n\n\n\n<li><a href=\"https:\/\/loudavymkrokem.cz\/sk\/juzne-cechy-najkrajsie-mesta\/\">8 v\u00fdletov po ju\u017en\u00fdch \u010cech\u00e1ch<\/a><\/li>\n\n\n\n<li><a href=\"https:\/\/loudavymkrokem.cz\/sk\/dovolenka-v-cesku-tipy\/\">Kam na dovolenku v \u010cesku<\/a><\/li>\n<\/ul>\n\n\n\n<h2 class=\"wp-block-heading\"><span class=\"ez-toc-section\" id=\"Casto_kladene_otazky\"><\/span>\u010casto kladen\u00e9 ot\u00e1zky<span class=\"ez-toc-section-end\"><\/span><\/h2>\n\n\n<div id=\"rank-math-faq\" class=\"rank-math-block\">\n<div class=\"rank-math-list \">\n<div id=\"faq-question-1787814183000\" class=\"rank-math-list-item\">\n<h3 class=\"rank-math-question \"><span class=\"ez-toc-section\" id=\"Kam_na_jednodnovy_vylet_z_Pisku\"><\/span>Kam na jednod\u0148ov\u00fd v\u00fdlet z P\u00edsku?<span class=\"ez-toc-section-end\"><\/span><\/h3>\n<div class=\"rank-math-answer \">\n\n<p>Najlep\u0161ou vo\u013ebou na jednod\u0148ov\u00fd v\u00fdlet je spojenie n\u00e1v\u0161tevy hradu Zv\u00edkov a plavby lo\u010fou na ne\u010falek\u00fd z\u00e1mok Orl\u00edk. Ak h\u013ead\u00e1te sk\u00f4r mestsk\u00fa turistiku, ur\u010dite odpor\u00fa\u010dam vyrazi\u0165 do historick\u00e9ho T\u00e1bora s jeho \u00fa\u017easn\u00fdm podzem\u00edm, alebo na romantick\u00fd z\u00e1mok Hlubok\u00e1 nad Vltavou s pri\u013eahlou zoologickou z\u00e1hradou.<\/p>\n\n<\/div>\n<\/div>\n<div id=\"faq-question-1787814183001\" class=\"rank-math-list-item\">\n<h3 class=\"rank-math-question \"><span class=\"ez-toc-section\" id=\"Kam_cez_vikend_na_Pisecku\"><\/span>Kam cez v\u00edkend na P\u00edsecku?<span class=\"ez-toc-section-end\"><\/span><\/h3>\n<div class=\"rank-math-answer \">\n\n<p>Cez v\u00edkendy s\u00fa ve\u013emi popul\u00e1rne krat\u0161ie v\u00fdlety do ne\u010falek\u00fdch P\u00edseck\u00fdch h\u00f4r spojen\u00e9 s v\u00fdstupom na rozh\u013ead\u0148u Jarn\u00edk a n\u00e1v\u0161tevou ob\u00f4rky U Vod\u00e1ka. Kr\u00e1snou zast\u00e1vkou je tie\u017e Putim so zook\u00fatikom, alebo monument\u00e1lny Podolsk\u00fd most, z ktor\u00e9ho je fascinuj\u00faci v\u00fdh\u013ead na hladinu Orlickej priehrady.<\/p>\n\n<\/div>\n<\/div>\n<div id=\"faq-question-1787814183002\" class=\"rank-math-list-item\">\n<h3 class=\"rank-math-question \"><span class=\"ez-toc-section\" id=\"Co_s_detmi_v_okoli_Pisku\"><\/span>\u010co s de\u0165mi v okol\u00ed P\u00edsku?<span class=\"ez-toc-section-end\"><\/span><\/h3>\n<div class=\"rank-math-answer \">\n\n<p>Rodiny s de\u0165mi absol\u00fatne miluj\u00fa Rozpr\u00e1vkov\u00fa kov\u00e1\u010d\u0148u v Selibov\u011b, kde je mo\u017en\u00e9 vidie\u0165 \u010dertov a vodn\u00edkov, alebo novo vybudovan\u00fd Farmapark Maletice s obrovsk\u00fdmi trampol\u00ednami. Skvelou vo\u013ebou je tie\u017e Krokod\u00fdl\u00ed ZOO v Protiv\u00edne, ktor\u00e1 funguje celoro\u010dne a deti z nej b\u00fdvaj\u00fa \u00faplne nad\u0161en\u00e9.<\/p>\n\n<\/div>\n<\/div>\n<div id=\"faq-question-1787814183003\" class=\"rank-math-list-item\">\n<h3 class=\"rank-math-question \"><span class=\"ez-toc-section\" id=\"Ako_daleko_je_Zvikov_z_Pisku\"><\/span>Ako \u010faleko je Zv\u00edkov z P\u00edsku?<span class=\"ez-toc-section-end\"><\/span><\/h3>\n<div class=\"rank-math-answer \">\n\n<p>Majest\u00e1tny hrad Zv\u00edkov le\u017e\u00ed pribli\u017ene 26 kilometrov od P\u00edsku a cesta autom v\u00e1m zaberie pribli\u017en\u011b 32 min\u00fat pohodovej jazdy. Hrad sa t\u00fd\u010di na skalnatom ostrove nad s\u00fatokom Vltavy a Otavy a predstavuje jeden z v\u00f4bec najob\u013e\u00fabenej\u0161\u00edch a najkraj\u0161\u00edch turistick\u00fdch cie\u013eov v cel\u00fdch ju\u017en\u00fdch \u010cech\u00e1ch.<\/p>\n\n<\/div>\n<\/div>\n<div id=\"faq-question-1787814183004\" class=\"rank-math-list-item\">\n<h3 class=\"rank-math-question \"><span class=\"ez-toc-section\" id=\"Jazdi_lod_zo_Zvikova_na_Orlik\"><\/span>Jazd\u00ed lo\u010f zo Zv\u00edkova na Orl\u00edk?<span class=\"ez-toc-section-end\"><\/span><\/h3>\n<div class=\"rank-math-answer \">\n\n<p>\u00c1no, pravideln\u00e1 lodn\u00e1 doprava medzi hradom Zv\u00edkov a z\u00e1mkom Orl\u00edk funguje, pri\u010dom lode jazdia oboma smermi od utorka do nedele. Dajte si v\u0161ak pozor na to, \u017ee v pondelok maj\u00fa lode vo\u013eno a odpor\u00fa\u010dam si vopred overi\u0165 presn\u00fd cestovn\u00fd poriadok aj aktu\u00e1lne ceny na ofici\u00e1lnej webovej str\u00e1nke prepravcu.<\/p>\n\n<\/div>\n<\/div>\n<div id=\"faq-question-1787814183005\" class=\"rank-math-list-item\">\n<h3 class=\"rank-math-question \"><span class=\"ez-toc-section\" id=\"Co_je_najlepsi_vylet_do_15_minut_z_mesta\"><\/span>\u010co je najlep\u0161\u00ed v\u00fdlet do 15 min\u00fat z mesta?<span class=\"ez-toc-section-end\"><\/span><\/h3>\n<div class=\"rank-math-answer \">\n\n<p>Za pouh\u00fdch p\u00e4tn\u00e1s\u0165 min\u00fat dojedete do kr\u00e1snej dedinka Putim s ob\u013e\u00faben\u00fdm zook\u00fatikom alebo do Kest\u0159an, kde n\u00e1jdete absol\u00fatny unik\u00e1t v podobe dvoch zachoval\u00fdch stredovek\u00fdch tv\u0155dz stojacich tesne ved\u013ea seba. \u010eal\u0161ou r\u00fdchlou vo\u013ebou je Protiv\u00edn s m\u00fazeom hod\u00edn a vyhl\u00e1s\u011bnou zoologickou z\u00e1hradou.<\/p>\n\n<\/div>\n<\/div>\n<div id=\"faq-question-1787814183006\" class=\"rank-math-list-item\">\n<h3 class=\"rank-math-question \"><span class=\"ez-toc-section\" id=\"Kam_v_okoli_Pisku_zadarmo\"><\/span>Kam v okol\u00ed P\u00edsku zadarmo?<span class=\"ez-toc-section-end\"><\/span><\/h3>\n<div class=\"rank-math-answer \">\n\n<p>\u00daplne zadarmo m\u00f4\u017eete nav\u0161t\u00edvi\u0165 rozh\u013ead\u0148u Jarn\u00edk v P\u00edseck\u00fdch hor\u00e1ch, vo\u013ene pr\u00edstupn\u00fd zook\u00fatik Na\u0161e zvieratk\u00e1 v Putimi alebo pam\u00e4tn\u00edk husitskej bitky pri rybn\u00edkoch v Sudom\u011b\u0159i. Vstupn\u00e9 sa neplat\u00ed ani do unik\u00e1tnej vonkaj\u0161ej kostnice s ma\u013eovan\u00fdmi kaplnkami, ktor\u00e1 sa nach\u00e1dza v Albrechtic\u00edch nad Vltavou.<\/p>\n\n<\/div>\n<\/div>\n<div id=\"faq-question-1787814183007\" class=\"rank-math-list-item\">\n<h3 class=\"rank-math-question \"><span class=\"ez-toc-section\" id=\"Co_je_v_okoli_otvorene_v_zime\"><\/span>\u010co je v okol\u00ed otvoren\u00e9 v zime?<span class=\"ez-toc-section-end\"><\/span><\/h3>\n<div class=\"rank-math-answer \">\n\n<p>Zatia\u013e \u010do v\u00e4\u010d\u0161ina \u0161t\u00e1tnych hradov a z\u00e1mkov mimo letnej sez\u00f3ny zatv\u00e1ra, celoro\u010dne m\u00f4\u017eete nav\u0161t\u00edvi\u0165 Krokod\u00fdl\u00ed ZOO v Protiv\u00edne, mestsk\u00e9 m\u00faze\u00e1 v T\u00e1bo\u0159e \u010di Strakonic\u00edch a samozrejme P\u00edseck\u00e9 hory. V\u00fdnimkou medzi z\u00e1mkami je Hlubok\u00e1 nad Vltavou, ktor\u00e1 pon\u00faka \u0161peci\u00e1lny zimn\u00fd prehliadkov\u00fd okruh.<\/p>\n\n<\/div>\n<\/div>\n<\/div>\n<\/div>","protected":false},"excerpt":{"rendered":"<p>Objav 30 najlep\u0161\u00edch v\u00fdletov v okol\u00ed P\u00edsku v \u010cesku! Od rozh\u013eadne Jarn\u00edk cez majest\u00e1tny hrad Zv\u00edkov a zvieratk\u00e1 v Maleticiach a\u017e po sl\u00e1vnu Hlubok\u00fa.<\/p>\n","protected":false},"author":3,"featured_media":404086,"comment_status":"open","ping_status":"open","sticky":false,"template":"","format":"standard","meta":{"_acf_changed":false,"footnotes":"","rank_math_title":"V\u00fdlety v okol\u00ed P\u00edsku v \u010cesku: 30 tipov na hrady aj vodu","rank_math_description":"Objav 30 najlep\u0161\u00edch v\u00fdletov v okol\u00ed P\u00edsku v \u010cesku \u2014 hrady, k\u00fapalisk\u00e1, rozh\u013eadne aj zvieratk\u00e1 pre cel\u00fa rodinu. Napl\u00e1nuj si v\u00fdlet e\u0161te dnes!","rank_math_focus_keyword":"p\u00edsek \u010desko","rank_math_seo_score":""},"categories":[82],"tags":[],"class_list":["post-409089","post","type-post","status-publish","format-standard","has-post-thumbnail","category-cestovani"],"acf":[],"featured_image_src":"https:\/\/loudavymkrokem.cz\/wp-content\/uploads\/2026\/08\/lk-24.jpg","author_info":{"display_name":"Lucie Kone\u010dn\u00e1","author_link":"https:\/\/loudavymkrokem.cz\/sk\/author\/lucie-konecna\/"},"_links":{"self":[{"href":"https:\/\/loudavymkrokem.cz\/sk\/wp-json\/wp\/v2\/posts\/409089","targetHints":{"allow":["GET"]}}],"collection":[{"href":"https:\/\/loudavymkrokem.cz\/sk\/wp-json\/wp\/v2\/posts"}],"about":[{"href":"https:\/\/loudavymkrokem.cz\/sk\/wp-json\/wp\/v2\/types\/post"}],"author":[{"embeddable":true,"href":"https:\/\/loudavymkrokem.cz\/sk\/wp-json\/wp\/v2\/users\/3"}],"replies":[{"embeddable":true,"href":"https:\/\/loudavymkrokem.cz\/sk\/wp-json\/wp\/v2\/comments?post=409089"}],"version-history":[{"count":3,"href":"https:\/\/loudavymkrokem.cz\/sk\/wp-json\/wp\/v2\/posts\/409089\/revisions"}],"predecessor-version":[{"id":409092,"href":"https:\/\/loudavymkrokem.cz\/sk\/wp-json\/wp\/v2\/posts\/409089\/revisions\/409092"}],"wp:featuredmedia":[{"embeddable":true,"href":"https:\/\/loudavymkrokem.cz\/sk\/wp-json\/wp\/v2\/media\/404086"}],"wp:attachment":[{"href":"https:\/\/loudavymkrokem.cz\/sk\/wp-json\/wp\/v2\/media?parent=409089"}],"wp:term":[{"taxonomy":"category","embeddable":true,"href":"https:\/\/loudavymkrokem.cz\/sk\/wp-json\/wp\/v2\/categories?post=409089"},{"taxonomy":"post_tag","embeddable":true,"href":"https:\/\/loudavymkrokem.cz\/sk\/wp-json\/wp\/v2\/tags?post=409089"}],"curies":[{"name":"wp","href":"https:\/\/api.w.org\/{rel}","templated":true}]}}