{"id":409065,"date":"2026-08-27T11:40:20","date_gmt":"2026-08-27T09:40:20","guid":{"rendered":"https:\/\/loudavymkrokem.cz\/olomouc-s-detmi-2\/"},"modified":"2026-08-31T07:23:53","modified_gmt":"2026-08-31T05:23:53","slug":"olomouc-s-detmi","status":"publish","type":"post","link":"https:\/\/loudavymkrokem.cz\/sk\/olomouc-s-detmi\/","title":{"rendered":"Olomouc s de\u0165mi: 34 tipov, kam vyrazi\u0165 a \u010do robi\u0165 v roku 2026"},"content":{"rendered":"\n<p class=\"wp-block-paragraph\"><strong>Olomouc s de\u0165mi<\/strong> znie na prv\u00e9 po\u010dutie ako dos\u0165 riskantn\u00fd pl\u00e1n. Ke\u010f sa toti\u017e povie druh\u00e1 najv\u00e4\u010d\u0161ia mestsk\u00e1 pamiatkov\u00e1 rezerv\u00e1cia v \u010cesku, sp\u00fasta rodi\u010dov si rovno predstav\u00ed znuden\u00e9 deti, ktor\u00e9 sa otr\u00e1vene \u0165ahaj\u00fa po dla\u017eobn\u00fdch kock\u00e1ch a ka\u017ed\u00fdch p\u00e4\u0165 min\u00fat sa p\u00fdtaj\u00fa, kedy u\u017e kone\u010dne p\u00f4jdu na ihrisko. Olomouc ale klame telom. Je to neuverite\u013ene kompaktn\u00e9 mesto, kde m\u00e1\u0161 v\u0161etko podstatn\u00e9 v doch\u00e1dzkovej vzdialenosti, historick\u00e9 centrum funguje ako roz\u013eahl\u00e1 pe\u0161ia z\u00f3na, a \u010do je hlavn\u00e9, pon\u00faka to\u013eko interakt\u00edvnej z\u00e1bavy, \u017ee nebude\u0161 vedie\u0165, kam sk\u00f4r sko\u010di\u0165. Ak teda prem\u00fd\u0161\u013ea\u0161, <strong>kam s de\u0165mi v Olomouci<\/strong> vyrazi\u0165, priprav sa na to, \u017ee jeden v\u00edkend ti dos\u0165 mo\u017eno nebude sta\u010di\u0165.<\/p>\n\n\n\n<p class=\"wp-block-paragraph\">Na\u0161a rodina si toto mesto \u00faplne zamilovala, preto\u017ee z poh\u013eadu rodi\u010da je to jednoducho ide\u00e1lna destin\u00e1cia. Nepotrebuje\u0161 sa neust\u00e1le pres\u00fava\u0165 preplnenou hromadnou dopravou, s ko\u010d\u00edkom sa tu manipuluje prekvapivo dobre a miestna kaviarensk\u00e1 kult\u00fara je vych\u00fdren\u00e1. Sp\u00edsala som preto tipy na <strong>Olomouc s de\u0165mi<\/strong> tak, aby posl\u00fa\u017eili za ka\u017ed\u00e9ho po\u010dasia: \u010do robi\u0165 vonku, ke\u010f svieti slnie\u010dko, kam sa schova\u0165, ke\u010f za\u010dne pr\u0161a\u0165, a kam vyrazi\u0165, ke\u010f ti na mesto zostane e\u0161te jeden de\u0148 navy\u0161e.<\/p>\n\n\n\n<p class=\"wp-block-paragraph\">\u010ci u\u017e m\u00e1\u0161 doma mal\u00e9 bato\u013ea, ktor\u00e9 potrebuje hlavne bezpe\u010dn\u00fd priestor na behanie, alebo star\u0161ieho \u0161kol\u00e1ka, ktor\u00fd ocen\u00ed sk\u00f4r adrenal\u00edn a vedeck\u00e9 experimenty, n\u00e1jde\u0161 tu to svoje. N\u00e1jde\u0161 tu tie najlep\u0161ie atrakcie, ob\u013e\u00faben\u00e9 herni\u010dky, zoologick\u00fa z\u00e1hradu na kopci nad mestom aj tipy na miesta, kde sa s rodinou bez stresu najete.<\/p>\n\n\n\n<figure data-wp-context=\"{&quot;imageId&quot;:&quot;6a952c66d175f&quot;}\" data-wp-interactive=\"core\/image\" data-wp-key=\"6a952c66d175f\" class=\"wp-block-image size-full wp-lightbox-container\"><img decoding=\"async\" width=\"1650\" height=\"2200\" data-wp-class--hide=\"state.isContentHidden\" data-wp-class--show=\"state.isContentVisible\" data-wp-init=\"callbacks.setButtonStyles\" data-wp-on--click=\"actions.showLightbox\" data-wp-on--load=\"callbacks.setButtonStyles\" data-wp-on--pointerdown=\"actions.preloadImage\" data-wp-on--pointerenter=\"actions.preloadImageWithDelay\" data-wp-on--pointerleave=\"actions.cancelPreload\" data-wp-on-window--resize=\"callbacks.setButtonStyles\" src=\"https:\/\/loudavymkrokem.cz\/wp-content\/uploads\/2026\/08\/olomouc-s-detmi-hernicka-drevene-hracky.jpg\" alt=\"Detsk\u00e1 herni\u010dka v centre Olomouca s dreven\u00fdmi hra\u010dkami a dom\u010dekom\" class=\"wp-image-401018\" title=\"\" srcset=\"https:\/\/loudavymkrokem.cz\/wp-content\/uploads\/2026\/08\/olomouc-s-detmi-hernicka-drevene-hracky.jpg 1650w, https:\/\/loudavymkrokem.cz\/wp-content\/uploads\/2026\/08\/olomouc-s-detmi-hernicka-drevene-hracky-225x300.jpg 225w, https:\/\/loudavymkrokem.cz\/wp-content\/uploads\/2026\/08\/olomouc-s-detmi-hernicka-drevene-hracky-700x933.jpg 700w, https:\/\/loudavymkrokem.cz\/wp-content\/uploads\/2026\/08\/olomouc-s-detmi-hernicka-drevene-hracky-768x1024.jpg 768w, https:\/\/loudavymkrokem.cz\/wp-content\/uploads\/2026\/08\/olomouc-s-detmi-hernicka-drevene-hracky-1152x1536.jpg 1152w, https:\/\/loudavymkrokem.cz\/wp-content\/uploads\/2026\/08\/olomouc-s-detmi-hernicka-drevene-hracky-1536x2048.jpg 1536w, https:\/\/loudavymkrokem.cz\/wp-content\/uploads\/2026\/08\/olomouc-s-detmi-hernicka-drevene-hracky-696x928.jpg 696w, https:\/\/loudavymkrokem.cz\/wp-content\/uploads\/2026\/08\/olomouc-s-detmi-hernicka-drevene-hracky-1392x1856.jpg 1392w\" sizes=\"(max-width: 1650px) 100vw, 1650px\" \/><button\n\t\t\tclass=\"lightbox-trigger\"\n\t\t\ttype=\"button\"\n\t\t\taria-haspopup=\"dialog\"\n\t\t\tdata-wp-bind--aria-label=\"state.thisImage.triggerButtonAriaLabel\"\n\t\t\tdata-wp-init=\"callbacks.initTriggerButton\"\n\t\t\tdata-wp-on--click=\"actions.showLightbox\"\n\t\t\tdata-wp-style--right=\"state.thisImage.buttonRight\"\n\t\t\tdata-wp-style--top=\"state.thisImage.buttonTop\"\n\t\t>\n\t\t\t<svg xmlns=\"http:\/\/www.w3.org\/2000\/svg\" width=\"12\" height=\"12\" fill=\"none\" viewBox=\"0 0 12 12\">\n\t\t\t\t<path fill=\"#fff\" d=\"M2 0a2 2 0 0 0-2 2v2h1.5V2a.5.5 0 0 1 .5-.5h2V0H2Zm2 10.5H2a.5.5 0 0 1-.5-.5V8H0v2a2 2 0 0 0 2 2h2v-1.5ZM8 12v-1.5h2a.5.5 0 0 0 .5-.5V8H12v2a2 2 0 0 1-2 2H8Zm2-12a2 2 0 0 1 2 2v2h-1.5V2a.5.5 0 0 0-.5-.5H8V0h2Z\" \/>\n\t\t\t<\/svg>\n\t\t<\/button><figcaption class=\"wp-element-caption\">Olomouck\u00e9 herni\u010dky v centre zachr\u00e1nia ka\u017ed\u00fd da\u017ediv\u00fd de\u0148<\/figcaption><\/figure>\n\n\n\n<div id=\"ez-toc-container\" class=\"ez-toc-v2_0_86 ez-toc-wrap-left counter-hierarchy ez-toc-counter ez-toc-grey ez-toc-container-direction\">\n<div class=\"ez-toc-title-container\">\n<p class=\"ez-toc-title\" style=\"cursor:inherit\">Obsah \u010dl\u00e1nku<\/p>\n<span class=\"ez-toc-title-toggle\"><a href=\"#\" class=\"ez-toc-pull-right ez-toc-btn ez-toc-btn-xs ez-toc-btn-default ez-toc-toggle\" aria-label=\"Toggle Table of Content\"><span class=\"ez-toc-js-icon-con\"><span class=\"\"><span class=\"eztoc-hide\" style=\"display:none;\">Toggle<\/span><span class=\"ez-toc-icon-toggle-span\"><svg style=\"fill: #999;color:#999\" xmlns=\"http:\/\/www.w3.org\/2000\/svg\" class=\"list-377408\" width=\"20px\" height=\"20px\" viewBox=\"0 0 24 24\" fill=\"none\"><path d=\"M6 6H4v2h2V6zm14 0H8v2h12V6zM4 11h2v2H4v-2zm16 0H8v2h12v-2zM4 16h2v2H4v-2zm16 0H8v2h12v-2z\" fill=\"currentColor\"><\/path><\/svg><svg style=\"fill: #999;color:#999\" class=\"arrow-unsorted-368013\" xmlns=\"http:\/\/www.w3.org\/2000\/svg\" width=\"10px\" height=\"10px\" viewBox=\"0 0 24 24\" version=\"1.2\" baseProfile=\"tiny\"><path d=\"M18.2 9.3l-6.2-6.3-6.2 6.3c-.2.2-.3.4-.3.7s.1.5.3.7c.2.2.4.3.7.3h11c.3 0 .5-.1.7-.3.2-.2.3-.5.3-.7s-.1-.5-.3-.7zM5.8 14.7l6.2 6.3 6.2-6.3c.2-.2.3-.5.3-.7s-.1-.5-.3-.7c-.2-.2-.4-.3-.7-.3h-11c-.3 0-.5.1-.7.3-.2.2-.3.5-.3.7s.1.5.3.7z\"\/><\/svg><\/span><\/span><\/span><\/a><\/span><\/div>\n<nav><ul class='ez-toc-list ez-toc-list-level-1 ' ><ul class='ez-toc-list-level-3' ><li class='ez-toc-heading-level-3'><a class=\"ez-toc-link ez-toc-heading-1\" href=\"https:\/\/loudavymkrokem.cz\/sk\/olomouc-s-detmi\/#Zhrnutie_Olomouc_s_detmi_v_kocke\" >Zhrnutie: Olomouc s de\u0165mi v kocke<\/a><\/li><\/ul><\/li><li class='ez-toc-page-1 ez-toc-heading-level-2'><a class=\"ez-toc-link ez-toc-heading-2\" href=\"https:\/\/loudavymkrokem.cz\/sk\/olomouc-s-detmi\/#Kedy_vyrazit_do_Olomouca_s_detmi\" >Kedy vyrazi\u0165 do Olomouca s de\u0165mi<\/a><\/li><li class='ez-toc-page-1 ez-toc-heading-level-2'><a class=\"ez-toc-link ez-toc-heading-3\" href=\"https:\/\/loudavymkrokem.cz\/sk\/olomouc-s-detmi\/#Kde_byvat_v_Olomouci_s_detmi\" >Kde b\u00fdva\u0165 v Olomouci s de\u0165mi<\/a><\/li><li class='ez-toc-page-1 ez-toc-heading-level-2'><a class=\"ez-toc-link ez-toc-heading-4\" href=\"https:\/\/loudavymkrokem.cz\/sk\/olomouc-s-detmi\/#Co_robit_v_Olomouci_s_detmi_vonku\" >\u010co robi\u0165 v Olomouci s de\u0165mi vonku<\/a><ul class='ez-toc-list-level-3' ><li class='ez-toc-heading-level-3'><a class=\"ez-toc-link ez-toc-heading-5\" href=\"https:\/\/loudavymkrokem.cz\/sk\/olomouc-s-detmi\/#1_Olomoucky_orloj\" >1. Olomouck\u00fd orloj<\/a><\/li><li class='ez-toc-page-1 ez-toc-heading-level-3'><a class=\"ez-toc-link ez-toc-heading-6\" href=\"https:\/\/loudavymkrokem.cz\/sk\/olomouc-s-detmi\/#2_Stlp_Najsvatejsej_Trojice\" >2. St\u013ap Najsv\u00e4tej\u0161ej Trojice<\/a><\/li><li class='ez-toc-page-1 ez-toc-heading-level-3'><a class=\"ez-toc-link ez-toc-heading-7\" href=\"https:\/\/loudavymkrokem.cz\/sk\/olomouc-s-detmi\/#3_Hladacka_barokovych_fontan\" >3. H\u013eada\u010dka barokov\u00fdch font\u00e1n<\/a><\/li><li class='ez-toc-page-1 ez-toc-heading-level-3'><a class=\"ez-toc-link ez-toc-heading-8\" href=\"https:\/\/loudavymkrokem.cz\/sk\/olomouc-s-detmi\/#4_Radnicna_veza\" >4. Radni\u010dn\u00e1 ve\u017ea<\/a><\/li><li class='ez-toc-page-1 ez-toc-heading-level-3'><a class=\"ez-toc-link ez-toc-heading-9\" href=\"https:\/\/loudavymkrokem.cz\/sk\/olomouc-s-detmi\/#5_Kostol_sv_Morica_a_vystup_na_vezu\" >5. Kostol sv. M\u00f3rica a v\u00fdstup na ve\u017eu<\/a><\/li><li class='ez-toc-page-1 ez-toc-heading-level-3'><a class=\"ez-toc-link ez-toc-heading-10\" href=\"https:\/\/loudavymkrokem.cz\/sk\/olomouc-s-detmi\/#6_Smetanove_sady\" >6. Smetanove sady<\/a><\/li><li class='ez-toc-page-1 ez-toc-heading-level-3'><a class=\"ez-toc-link ez-toc-heading-11\" href=\"https:\/\/loudavymkrokem.cz\/sk\/olomouc-s-detmi\/#7_Bezrucove_sady_a_hradby\" >7. Bezru\u010dove sady a hradby<\/a><\/li><li class='ez-toc-page-1 ez-toc-heading-level-3'><a class=\"ez-toc-link ez-toc-heading-12\" href=\"https:\/\/loudavymkrokem.cz\/sk\/olomouc-s-detmi\/#8_Rozarium\" >8. Roz\u00e1rium<\/a><\/li><li class='ez-toc-page-1 ez-toc-heading-level-3'><a class=\"ez-toc-link ez-toc-heading-13\" href=\"https:\/\/loudavymkrokem.cz\/sk\/olomouc-s-detmi\/#9_Korunna_pevnostka\" >9. Korunn\u00e1 pevn\u00f4stka<\/a><\/li><li class='ez-toc-page-1 ez-toc-heading-level-3'><a class=\"ez-toc-link ez-toc-heading-14\" href=\"https:\/\/loudavymkrokem.cz\/sk\/olomouc-s-detmi\/#10_Muraly_a_street_art_v_priechodoch\" >10. Mur\u00e1ly a street art v priechodoch<\/a><\/li><\/ul><\/li><li class='ez-toc-page-1 ez-toc-heading-level-2'><a class=\"ez-toc-link ez-toc-heading-15\" href=\"https:\/\/loudavymkrokem.cz\/sk\/olomouc-s-detmi\/#Ked_prsi_herne_muzea_a_zabavne_centra\" >Ke\u010f pr\u0161\u00ed: herne, m\u00faze\u00e1 a z\u00e1bavn\u00e9 centr\u00e1<\/a><ul class='ez-toc-list-level-3' ><li class='ez-toc-heading-level-3'><a class=\"ez-toc-link ez-toc-heading-16\" href=\"https:\/\/loudavymkrokem.cz\/sk\/olomouc-s-detmi\/#11_Pevnost_poznania\" >11. Pevnos\u0165 poznania<\/a><\/li><li class='ez-toc-page-1 ez-toc-heading-level-3'><a class=\"ez-toc-link ez-toc-heading-17\" href=\"https:\/\/loudavymkrokem.cz\/sk\/olomouc-s-detmi\/#12_JaSam\" >12. J\u00e1S\u00e1m<\/a><\/li><li class='ez-toc-page-1 ez-toc-heading-level-3'><a class=\"ez-toc-link ez-toc-heading-18\" href=\"https:\/\/loudavymkrokem.cz\/sk\/olomouc-s-detmi\/#13_V_lese\" >13. V lese<\/a><\/li><li class='ez-toc-page-1 ez-toc-heading-level-3'><a class=\"ez-toc-link ez-toc-heading-19\" href=\"https:\/\/loudavymkrokem.cz\/sk\/olomouc-s-detmi\/#14_Clovickov\" >14. \u010clov\u00ed\u010dkov<\/a><\/li><li class='ez-toc-page-1 ez-toc-heading-level-3'><a class=\"ez-toc-link ez-toc-heading-20\" href=\"https:\/\/loudavymkrokem.cz\/sk\/olomouc-s-detmi\/#15_Snoezelen_Olomouc\" >15. Snoezelen Olomouc<\/a><\/li><li class='ez-toc-page-1 ez-toc-heading-level-3'><a class=\"ez-toc-link ez-toc-heading-21\" href=\"https:\/\/loudavymkrokem.cz\/sk\/olomouc-s-detmi\/#16_Rodinny_zabavny_park_Krokodylek\" >16. Rodinn\u00fd z\u00e1bavn\u00fd park Krokod\u00fdlek<\/a><\/li><li class='ez-toc-page-1 ez-toc-heading-level-3'><a class=\"ez-toc-link ez-toc-heading-22\" href=\"https:\/\/loudavymkrokem.cz\/sk\/olomouc-s-detmi\/#17_Amazonie_Olomouc\" >17. Amazonie Olomouc<\/a><\/li><li class='ez-toc-page-1 ez-toc-heading-level-3'><a class=\"ez-toc-link ez-toc-heading-23\" href=\"https:\/\/loudavymkrokem.cz\/sk\/olomouc-s-detmi\/#18_Lanove_centrum_PROUD\" >18. Lanov\u00e9 centrum PROUD<\/a><\/li><li class='ez-toc-page-1 ez-toc-heading-level-3'><a class=\"ez-toc-link ez-toc-heading-24\" href=\"https:\/\/loudavymkrokem.cz\/sk\/olomouc-s-detmi\/#19_Vlastivedne_muzeum_Olomouc\" >19. Vlastivedn\u00e9 m\u00fazeum Olomouc<\/a><\/li><li class='ez-toc-page-1 ez-toc-heading-level-3'><a class=\"ez-toc-link ez-toc-heading-25\" href=\"https:\/\/loudavymkrokem.cz\/sk\/olomouc-s-detmi\/#20_Strasidelny_dom\" >20. Stra\u0161ideln\u00fd dom<\/a><\/li><\/ul><\/li><li class='ez-toc-page-1 ez-toc-heading-level-2'><a class=\"ez-toc-link ez-toc-heading-26\" href=\"https:\/\/loudavymkrokem.cz\/sk\/olomouc-s-detmi\/#Voda_sport_a_vyvadzanie\" >Voda, \u0161port a vyv\u00e1dzanie<\/a><ul class='ez-toc-list-level-3' ><li class='ez-toc-heading-level-3'><a class=\"ez-toc-link ez-toc-heading-27\" href=\"https:\/\/loudavymkrokem.cz\/sk\/olomouc-s-detmi\/#21_Aquapark_Olomouc\" >21. Aquapark Olomouc<\/a><\/li><li class='ez-toc-page-1 ez-toc-heading-level-3'><a class=\"ez-toc-link ez-toc-heading-28\" href=\"https:\/\/loudavymkrokem.cz\/sk\/olomouc-s-detmi\/#22_Centrum_Semafor\" >22. Centrum Semafor<\/a><\/li><li class='ez-toc-page-1 ez-toc-heading-level-3'><a class=\"ez-toc-link ez-toc-heading-29\" href=\"https:\/\/loudavymkrokem.cz\/sk\/olomouc-s-detmi\/#23_Lanovy_park_Veverak\" >23. Lanov\u00fd park Vever\u00e1k<\/a><\/li><li class='ez-toc-page-1 ez-toc-heading-level-3'><a class=\"ez-toc-link ez-toc-heading-30\" href=\"https:\/\/loudavymkrokem.cz\/sk\/olomouc-s-detmi\/#24_Ihriska_v_parkoch\" >24. Ihrisk\u00e1 v parkoch<\/a><\/li><\/ul><\/li><li class='ez-toc-page-1 ez-toc-heading-level-2'><a class=\"ez-toc-link ez-toc-heading-31\" href=\"https:\/\/loudavymkrokem.cz\/sk\/olomouc-s-detmi\/#Svaty_Kopecek_ZOO_a_cely_den_nad_mestom\" >Sv\u00e4t\u00fd Kope\u010dek: ZOO a cel\u00fd de\u0148 nad mestom<\/a><ul class='ez-toc-list-level-3' ><li class='ez-toc-heading-level-3'><a class=\"ez-toc-link ez-toc-heading-32\" href=\"https:\/\/loudavymkrokem.cz\/sk\/olomouc-s-detmi\/#25_ZOO_Olomouc_na_Svatom_Kopecku\" >25. ZOO Olomouc na Sv\u00e4tom Kope\u010dku<\/a><\/li><li class='ez-toc-page-1 ez-toc-heading-level-3'><a class=\"ez-toc-link ez-toc-heading-33\" href=\"https:\/\/loudavymkrokem.cz\/sk\/olomouc-s-detmi\/#26_Vyhliadkova_veza_v_ZOO\" >26. Vyhliadkov\u00e1 ve\u017ea v ZOO<\/a><\/li><li class='ez-toc-page-1 ez-toc-heading-level-3'><a class=\"ez-toc-link ez-toc-heading-34\" href=\"https:\/\/loudavymkrokem.cz\/sk\/olomouc-s-detmi\/#27_Bazilika_Navstivenia_Panny_Marie\" >27. Bazilika Nav\u0161t\u00edvenia Panny M\u00e1rie<\/a><\/li><\/ul><\/li><li class='ez-toc-page-1 ez-toc-heading-level-2'><a class=\"ez-toc-link ez-toc-heading-35\" href=\"https:\/\/loudavymkrokem.cz\/sk\/olomouc-s-detmi\/#Vylety_z_Olomouca_s_detmi\" >V\u00fdlety z Olomouca s de\u0165mi<\/a><ul class='ez-toc-list-level-3' ><li class='ez-toc-heading-level-3'><a class=\"ez-toc-link ez-toc-heading-36\" href=\"https:\/\/loudavymkrokem.cz\/sk\/olomouc-s-detmi\/#28_DinoPark_a_ZOO_Park_Vyskov\" >28. DinoPark a ZOO Park Vy\u0161kov<\/a><\/li><li class='ez-toc-page-1 ez-toc-heading-level-3'><a class=\"ez-toc-link ez-toc-heading-37\" href=\"https:\/\/loudavymkrokem.cz\/sk\/olomouc-s-detmi\/#29_Hrad_Bouzov\" >29. Hrad Bouzov<\/a><\/li><li class='ez-toc-page-1 ez-toc-heading-level-3'><a class=\"ez-toc-link ez-toc-heading-38\" href=\"https:\/\/loudavymkrokem.cz\/sk\/olomouc-s-detmi\/#30_Mladecske_jaskyne\" >30. Mlade\u010dsk\u00e9 jaskyne<\/a><\/li><li class='ez-toc-page-1 ez-toc-heading-level-3'><a class=\"ez-toc-link ez-toc-heading-39\" href=\"https:\/\/loudavymkrokem.cz\/sk\/olomouc-s-detmi\/#31_Javoricske_jaskyne\" >31. Javo\u0159\u00ed\u010dsk\u00e9 jaskyne<\/a><\/li><li class='ez-toc-page-1 ez-toc-heading-level-3'><a class=\"ez-toc-link ez-toc-heading-40\" href=\"https:\/\/loudavymkrokem.cz\/sk\/olomouc-s-detmi\/#32_Muzeum_olomouckych_tvarozkov_v_Losticiach\" >32. M\u00fazeum olomouck\u00fdch tvar\u00f4\u017ekov v Lo\u0161ticiach<\/a><\/li><li class='ez-toc-page-1 ez-toc-heading-level-3'><a class=\"ez-toc-link ez-toc-heading-41\" href=\"https:\/\/loudavymkrokem.cz\/sk\/olomouc-s-detmi\/#33_Pradedovo_detske_muzeum_v_Bludove\" >33. Prad\u011bdovo detsk\u00e9 m\u00fazeum v Bludove<\/a><\/li><li class='ez-toc-page-1 ez-toc-heading-level-3'><a class=\"ez-toc-link ez-toc-heading-42\" href=\"https:\/\/loudavymkrokem.cz\/sk\/olomouc-s-detmi\/#34_Fort_Radikov\" >34. Fort Rad\u00edkov<\/a><\/li><\/ul><\/li><li class='ez-toc-page-1 ez-toc-heading-level-2'><a class=\"ez-toc-link ez-toc-heading-43\" href=\"https:\/\/loudavymkrokem.cz\/sk\/olomouc-s-detmi\/#Kde_sa_s_detmi_najest\" >Kde sa s de\u0165mi najes\u0165<\/a><\/li><li class='ez-toc-page-1 ez-toc-heading-level-2'><a class=\"ez-toc-link ez-toc-heading-44\" href=\"https:\/\/loudavymkrokem.cz\/sk\/olomouc-s-detmi\/#Prakticke_info\" >Praktick\u00e9 info<\/a><\/li><li class='ez-toc-page-1 ez-toc-heading-level-2'><a class=\"ez-toc-link ez-toc-heading-45\" href=\"https:\/\/loudavymkrokem.cz\/sk\/olomouc-s-detmi\/#Kam_dalej\" >Kam \u010falej<\/a><\/li><li class='ez-toc-page-1 ez-toc-heading-level-2'><a class=\"ez-toc-link ez-toc-heading-46\" href=\"https:\/\/loudavymkrokem.cz\/sk\/olomouc-s-detmi\/#Casto_kladene_otazky\" >\u010casto kladen\u00e9 ot\u00e1zky<\/a><ul class='ez-toc-list-level-3' ><li class='ez-toc-heading-level-3'><a class=\"ez-toc-link ez-toc-heading-47\" href=\"https:\/\/loudavymkrokem.cz\/sk\/olomouc-s-detmi\/#Kam_v_Olomouci_s_detmi_ked_prsi\" >Kam v Olomouci s de\u0165mi, ke\u010f pr\u0161\u00ed?<\/a><\/li><li class='ez-toc-page-1 ez-toc-heading-level-3'><a class=\"ez-toc-link ez-toc-heading-48\" href=\"https:\/\/loudavymkrokem.cz\/sk\/olomouc-s-detmi\/#Kolko_stoji_ZOO_Olomouc\" >Ko\u013eko stoj\u00ed ZOO Olomouc?<\/a><\/li><li class='ez-toc-page-1 ez-toc-heading-level-3'><a class=\"ez-toc-link ez-toc-heading-49\" href=\"https:\/\/loudavymkrokem.cz\/sk\/olomouc-s-detmi\/#Ako_sa_dostat_na_Svaty_Kopecek\" >Ako sa dosta\u0165 na Svat\u00fd Kope\u010dek?<\/a><\/li><li class='ez-toc-page-1 ez-toc-heading-level-3'><a class=\"ez-toc-link ez-toc-heading-50\" href=\"https:\/\/loudavymkrokem.cz\/sk\/olomouc-s-detmi\/#Je_Olomouc_vhodna_s_kocikom\" >Je Olomouc vhodn\u00e1 s ko\u010d\u00edkom?<\/a><\/li><li class='ez-toc-page-1 ez-toc-heading-level-3'><a class=\"ez-toc-link ez-toc-heading-51\" href=\"https:\/\/loudavymkrokem.cz\/sk\/olomouc-s-detmi\/#Kam_s_detmi_v_Olomouci_zdarma\" >Kam s de\u0165mi v Olomouci zdarma?<\/a><\/li><li class='ez-toc-page-1 ez-toc-heading-level-3'><a class=\"ez-toc-link ez-toc-heading-52\" href=\"https:\/\/loudavymkrokem.cz\/sk\/olomouc-s-detmi\/#Kolko_dni_potrebujeme_na_Olomouc_s_detmi\" >Ko\u013eko dn\u00ed potrebujeme na Olomouc s de\u0165mi?<\/a><\/li><li class='ez-toc-page-1 ez-toc-heading-level-3'><a class=\"ez-toc-link ez-toc-heading-53\" href=\"https:\/\/loudavymkrokem.cz\/sk\/olomouc-s-detmi\/#Kam_na_vylet_z_Olomouca_s_detmi\" >Kam na v\u00fdlet z Olomouca s de\u0165mi?<\/a><\/li><li class='ez-toc-page-1 ez-toc-heading-level-3'><a class=\"ez-toc-link ez-toc-heading-54\" href=\"https:\/\/loudavymkrokem.cz\/sk\/olomouc-s-detmi\/#Ako_daleko_je_DinoPark_Vyskov_z_Olomouca\" >Ako \u010faleko je DinoPark Vy\u0161kov z Olomouca?<\/a><\/li><\/ul><\/li><\/ul><\/nav><\/div>\n<h3 class=\"wp-block-heading\"><span class=\"ez-toc-section\" id=\"Zhrnutie_Olomouc_s_detmi_v_kocke\"><\/span>Zhrnutie: Olomouc s de\u0165mi v kocke<span class=\"ez-toc-section-end\"><\/span><\/h3>\n\n\n\n<ul class=\"wp-block-list\">\n\n<li><strong>Za pekn\u00e9ho po\u010dasia:<\/strong> Sprav si h\u013eada\u010dku barokov\u00fdch font\u00e1n v centre, po\u010dkaj si na polud\u0148aj\u0161ie odb\u00edjanie netradi\u010dn\u00e9ho orloja, vyraz do roz\u013eahl\u00fdch Smetanov\u00fdch sadov alebo sa vyber na prieskum Korunnej pevn\u00f4stky.<\/li>\n\n\n\n<li><strong>Ke\u010f pr\u0161\u00ed:<\/strong> Olomouc je raj pre da\u017ediv\u00e9 dni. \u010cak\u00e1 tu na teba obrovsk\u00e1 Pevnos\u0165 poznania pln\u00e1 vedy, ve\u013ek\u00fd z\u00e1bavn\u00fd park Krokod\u00fdlek a \u00faplne nev\u00eddan\u00e1 koncentr\u00e1cia n\u00e1dhern\u00fdch detsk\u00fdch herni\u010diek priamo v centre s v\u00fdberovou k\u00e1vou pre rodi\u010dov.<\/li>\n\n\n\n<li><strong>Kam na v\u00fdlet:<\/strong> Sv\u00e4t\u00fd Kope\u010dek so zoologickou z\u00e1hradou je \u00fapln\u00e1 nutnos\u0165, ale ak m\u00e1\u0161 auto, ur\u010dite zv\u00e1\u017e aj fantastick\u00fd DinoPark vo Vy\u0161kove alebo rozpr\u00e1vkov\u00fd hrad Bouzov.<\/li>\n\n\n\n<li><strong>Kde b\u00fdva\u0165:<\/strong> Skvelou vo\u013ebou v centre je OREA Hotel Arigone, kde deti do 5,99 rokov b\u00fdvaj\u00fa zadarmo a rodi\u010dia si po ich uspan\u00ed m\u00f4\u017eu vliez\u0165 do v\u00edrivky na izbe.<\/li>\n\n\n\n<li><strong>Ko\u013eko dn\u00ed potrebuje\u0161:<\/strong> Historick\u00e9 jadro prebehne\u0161 za de\u0148, ale ak chce\u0161 vidie\u0165 aj ZOO a u\u017ei\u0165 si herne alebo aquapark, ide\u00e1lne s\u00fa 2 a\u017e 3 dni.<\/li>\n\n\n<\/ul>\n\n\n\n<h2 class=\"wp-block-heading\"><span class=\"ez-toc-section\" id=\"Kedy_vyrazit_do_Olomouca_s_detmi\"><\/span>Kedy vyrazi\u0165 do Olomouca s de\u0165mi<span class=\"ez-toc-section-end\"><\/span><\/h2>\n\n\n\n<figure data-wp-context=\"{&quot;imageId&quot;:&quot;6a952c66d1bd6&quot;}\" data-wp-interactive=\"core\/image\" data-wp-key=\"6a952c66d1bd6\" class=\"wp-block-image size-full wp-lightbox-container\"><img decoding=\"async\" width=\"2200\" height=\"1467\" data-wp-class--hide=\"state.isContentHidden\" data-wp-class--show=\"state.isContentVisible\" data-wp-init=\"callbacks.setButtonStyles\" data-wp-on--click=\"actions.showLightbox\" data-wp-on--load=\"callbacks.setButtonStyles\" data-wp-on--pointerdown=\"actions.preloadImage\" data-wp-on--pointerenter=\"actions.preloadImageWithDelay\" data-wp-on--pointerleave=\"actions.cancelPreload\" data-wp-on-window--resize=\"callbacks.setButtonStyles\" src=\"https:\/\/loudavymkrokem.cz\/wp-content\/uploads\/2026\/08\/olomouc-s-detmi-namesti-se-stromy.jpg\" alt=\"Barokov\u00fd dom a socha na olomouckom n\u00e1mest\u00ed so stromami\" class=\"wp-image-401042\" title=\"\" srcset=\"https:\/\/loudavymkrokem.cz\/wp-content\/uploads\/2026\/08\/olomouc-s-detmi-namesti-se-stromy.jpg 2200w, https:\/\/loudavymkrokem.cz\/wp-content\/uploads\/2026\/08\/olomouc-s-detmi-namesti-se-stromy-300x200.jpg 300w, https:\/\/loudavymkrokem.cz\/wp-content\/uploads\/2026\/08\/olomouc-s-detmi-namesti-se-stromy-700x467.jpg 700w, https:\/\/loudavymkrokem.cz\/wp-content\/uploads\/2026\/08\/olomouc-s-detmi-namesti-se-stromy-768x512.jpg 768w, https:\/\/loudavymkrokem.cz\/wp-content\/uploads\/2026\/08\/olomouc-s-detmi-namesti-se-stromy-1536x1024.jpg 1536w, https:\/\/loudavymkrokem.cz\/wp-content\/uploads\/2026\/08\/olomouc-s-detmi-namesti-se-stromy-2048x1366.jpg 2048w, https:\/\/loudavymkrokem.cz\/wp-content\/uploads\/2026\/08\/olomouc-s-detmi-namesti-se-stromy-696x464.jpg 696w, https:\/\/loudavymkrokem.cz\/wp-content\/uploads\/2026\/08\/olomouc-s-detmi-namesti-se-stromy-1392x928.jpg 1392w, https:\/\/loudavymkrokem.cz\/wp-content\/uploads\/2026\/08\/olomouc-s-detmi-namesti-se-stromy-1920x1280.jpg 1920w\" sizes=\"(max-width: 2200px) 100vw, 2200px\" \/><button\n\t\t\tclass=\"lightbox-trigger\"\n\t\t\ttype=\"button\"\n\t\t\taria-haspopup=\"dialog\"\n\t\t\tdata-wp-bind--aria-label=\"state.thisImage.triggerButtonAriaLabel\"\n\t\t\tdata-wp-init=\"callbacks.initTriggerButton\"\n\t\t\tdata-wp-on--click=\"actions.showLightbox\"\n\t\t\tdata-wp-style--right=\"state.thisImage.buttonRight\"\n\t\t\tdata-wp-style--top=\"state.thisImage.buttonTop\"\n\t\t>\n\t\t\t<svg xmlns=\"http:\/\/www.w3.org\/2000\/svg\" width=\"12\" height=\"12\" fill=\"none\" viewBox=\"0 0 12 12\">\n\t\t\t\t<path fill=\"#fff\" d=\"M2 0a2 2 0 0 0-2 2v2h1.5V2a.5.5 0 0 1 .5-.5h2V0H2Zm2 10.5H2a.5.5 0 0 1-.5-.5V8H0v2a2 2 0 0 0 2 2h2v-1.5ZM8 12v-1.5h2a.5.5 0 0 0 .5-.5V8H12v2a2 2 0 0 1-2 2H8Zm2-12a2 2 0 0 1 2 2v2h-1.5V2a.5.5 0 0 0-.5-.5H8V0h2Z\" \/>\n\t\t\t<\/svg>\n\t\t<\/button><figcaption class=\"wp-element-caption\">Pokojn\u00e9 olomouck\u00e9 n\u00e1mestia so stromami, kde sa d\u00e1 s de\u0165mi vyd\u00fdchnu\u0165<\/figcaption><\/figure>\n\n\n\n<p class=\"wp-block-paragraph\">Olomouc m\u00e1 obrovsk\u00fa v\u00fdhodu v tom, \u017ee je to celoro\u010dn\u00e1 destin\u00e1cia, ktor\u00e1 nezatv\u00e1ra br\u00e1ny \u00faderom konca letn\u00fdch pr\u00e1zdnin. Kedy sa sem teda oplat\u00ed vyrazi\u0165 najviac? Z\u00e1le\u017e\u00ed hlavne na tom, \u010do od v\u00fdletu \u010dak\u00e1\u0161 a ak\u00e9 star\u00e9 deti so sebou berie\u0161. Z\u00e1le\u017e\u00ed toti\u017e najm\u00e4 na tom, ak\u00e9 aktivity s rodinou preferuje\u0161 a ak\u00e9 star\u00e9 ratolesti so sebou berie\u0161.<\/p>\n\n\n\n<p class=\"wp-block-paragraph\">Jar je v Olomouci \u00faplne magick\u00e1, obzvl\u00e1\u0161\u0165 apr\u00edl a m\u00e1j. Ak sa traf\u00ed\u0161 do spr\u00e1vneho t\u00fd\u017ed\u0148a, za\u017eije\u0161 v Bezru\u010dov\u00fdch sadoch pod hradbami rozkvitnut\u00e9 magn\u00f3lie, \u010do je poh\u013ead, ktor\u00fd nadchne aj zaryt\u00fdch odporcov romantiky, a k\u00fasok \u010falej sa pomaly za\u010d\u00edna preb\u00fadza\u0165 n\u00e1dhern\u00e9 Roz\u00e1rium. Leto zase pon\u00faka mo\u017enos\u0165 schladi\u0165 sa v miestnom aquaparku, tr\u00e1vi\u0165 dlh\u00e9 dni v zoologickej z\u00e1hrade na Sv\u00e4tom Kope\u010dku a u\u017e\u00edva\u0165 si podve\u010dern\u00e9 prech\u00e1dzky vy\u013eudnen\u00fdm centrom s to\u010denou zmrzlinou v ruke.<\/p>\n\n\n\n<p class=\"wp-block-paragraph\">Jese\u0148 farb\u00ed roz\u013eahl\u00e9 olomouck\u00e9 parky do zlata a je to ide\u00e1lny \u010das na prezeranie m\u00faze\u00ed a vn\u00fatorn\u00fdch hern\u00ed, ktor\u00fdch tu n\u00e1jde\u0161 po\u017eehnane. A nesmiem zabudn\u00fa\u0165 na zimu, presnej\u0161ie na advent. Olomouck\u00e9 viano\u010dn\u00e9 trhy na Hornom a Dolnom n\u00e1mest\u00ed sa pravidelne radia k t\u00fdm v\u00f4bec najkraj\u0161\u00edm v celej republike, vonia tu pun\u010d, roz\u017eiari sa v\u00fdzdoba a pre deti je to \u00fapln\u00e1 rozpr\u00e1vka. Na to hlavn\u00e9, teda centrum a ZOO, ti bud\u00fa sta\u010di\u0165 dva dni, ale ak chce\u0161 pripoji\u0165 aj v\u00fdlety do okolia, pokojne si vyhra\u010f pred\u013a\u017een\u00fd v\u00edkend.<\/p>\n\n\n\n<h2 class=\"wp-block-heading\"><span class=\"ez-toc-section\" id=\"Kde_byvat_v_Olomouci_s_detmi\"><\/span>Kde b\u00fdva\u0165 v Olomouci s de\u0165mi<span class=\"ez-toc-section-end\"><\/span><\/h2>\n\n\n\n<figure data-wp-context=\"{&quot;imageId&quot;:&quot;6a952c66d1faf&quot;}\" data-wp-interactive=\"core\/image\" data-wp-key=\"6a952c66d1faf\" class=\"wp-block-image size-full wp-lightbox-container\"><img decoding=\"async\" width=\"2200\" height=\"1467\" data-wp-class--hide=\"state.isContentHidden\" data-wp-class--show=\"state.isContentVisible\" data-wp-init=\"callbacks.setButtonStyles\" data-wp-on--click=\"actions.showLightbox\" data-wp-on--load=\"callbacks.setButtonStyles\" data-wp-on--pointerdown=\"actions.preloadImage\" data-wp-on--pointerenter=\"actions.preloadImageWithDelay\" data-wp-on--pointerleave=\"actions.cancelPreload\" data-wp-on-window--resize=\"callbacks.setButtonStyles\" src=\"https:\/\/loudavymkrokem.cz\/wp-content\/uploads\/2026\/08\/olomouc-s-detmi-hotel-arigone-wellness.jpg\" alt=\"Die\u0165a na le\u017eadle vo wellness izbe hotela Arigone v Olomouci\" class=\"wp-image-401101\" title=\"\" srcset=\"https:\/\/loudavymkrokem.cz\/wp-content\/uploads\/2026\/08\/olomouc-s-detmi-hotel-arigone-wellness.jpg 2200w, https:\/\/loudavymkrokem.cz\/wp-content\/uploads\/2026\/08\/olomouc-s-detmi-hotel-arigone-wellness-300x200.jpg 300w, https:\/\/loudavymkrokem.cz\/wp-content\/uploads\/2026\/08\/olomouc-s-detmi-hotel-arigone-wellness-700x467.jpg 700w, https:\/\/loudavymkrokem.cz\/wp-content\/uploads\/2026\/08\/olomouc-s-detmi-hotel-arigone-wellness-768x512.jpg 768w, https:\/\/loudavymkrokem.cz\/wp-content\/uploads\/2026\/08\/olomouc-s-detmi-hotel-arigone-wellness-1536x1024.jpg 1536w, https:\/\/loudavymkrokem.cz\/wp-content\/uploads\/2026\/08\/olomouc-s-detmi-hotel-arigone-wellness-2048x1366.jpg 2048w, https:\/\/loudavymkrokem.cz\/wp-content\/uploads\/2026\/08\/olomouc-s-detmi-hotel-arigone-wellness-696x464.jpg 696w, https:\/\/loudavymkrokem.cz\/wp-content\/uploads\/2026\/08\/olomouc-s-detmi-hotel-arigone-wellness-1392x928.jpg 1392w, https:\/\/loudavymkrokem.cz\/wp-content\/uploads\/2026\/08\/olomouc-s-detmi-hotel-arigone-wellness-1920x1280.jpg 1920w\" sizes=\"(max-width: 2200px) 100vw, 2200px\" \/><button\n\t\t\tclass=\"lightbox-trigger\"\n\t\t\ttype=\"button\"\n\t\t\taria-haspopup=\"dialog\"\n\t\t\tdata-wp-bind--aria-label=\"state.thisImage.triggerButtonAriaLabel\"\n\t\t\tdata-wp-init=\"callbacks.initTriggerButton\"\n\t\t\tdata-wp-on--click=\"actions.showLightbox\"\n\t\t\tdata-wp-style--right=\"state.thisImage.buttonRight\"\n\t\t\tdata-wp-style--top=\"state.thisImage.buttonTop\"\n\t\t>\n\t\t\t<svg xmlns=\"http:\/\/www.w3.org\/2000\/svg\" width=\"12\" height=\"12\" fill=\"none\" viewBox=\"0 0 12 12\">\n\t\t\t\t<path fill=\"#fff\" d=\"M2 0a2 2 0 0 0-2 2v2h1.5V2a.5.5 0 0 1 .5-.5h2V0H2Zm2 10.5H2a.5.5 0 0 1-.5-.5V8H0v2a2 2 0 0 0 2 2h2v-1.5ZM8 12v-1.5h2a.5.5 0 0 0 .5-.5V8H12v2a2 2 0 0 1-2 2H8Zm2-12a2 2 0 0 1 2 2v2h-1.5V2a.5.5 0 0 0-.5-.5H8V0h2Z\" \/>\n\t\t\t<\/svg>\n\t\t<\/button><figcaption class=\"wp-element-caption\">Wellness izba v hoteli Arigone: die\u0165a zasp\u00ed a rodi\u010dia maj\u00fa kone\u010dne chv\u00ed\u013eu pre seba<\/figcaption><\/figure>\n\n\n\n<p class=\"wp-block-paragraph\">B\u00fdvanie s de\u0165mi v historick\u00fdch mest\u00e1ch b\u00fdva ob\u010das orie\u0161ok, preto\u017ee potrebuje\u0161 sk\u013abi\u0165 dostupnos\u0165 pamiatok s pohodl\u00edm, dobr\u00fdm parkovan\u00edm a pokia\u013e mo\u017eno aj trochou toho rodi\u010dovsk\u00e9ho luxusu. My sme pri na\u0161ej n\u00e1v\u0161teve mali obrovsk\u00e9 \u0161\u0165astie na v\u00fdber hotela a mus\u00edm poveda\u0165, \u017ee n\u00e1m to pobyt neskuto\u010dne spr\u00edjemnilo.<\/p>\n\n\n\n<p class=\"wp-block-paragraph\">B\u00fdvali sme v <strong>OREA Hotel Arigone<\/strong> priamo v historickom jadre a bola to trefa do \u010dierneho. Nie je to s\u00edce typick\u00fd hotel s hlu\u010dn\u00fdm anima\u010dn\u00fdm programom a maskotmi pri ra\u0148ajk\u00e1ch, ale pre n\u00e1s rodi\u010dov fungoval ako dokonal\u00e1 terapia. Mali sme toti\u017e wellness izbu s vlastnou v\u00edrivkou a saunou. Dok\u00e1\u017ee\u0161 si asi predstavi\u0165 t\u00fa \u00fa\u013eavu, ke\u010f sme ve\u010der mal\u00e9ho Jon\u00e1\u0161a kone\u010dne uspali a mohli sme sa s Luk\u00e1\u0161om nalo\u017ei\u0165 do bubliniek bez toho, aby sme museli vytiahnu\u0165 p\u00e4ty z izby. K tomu v\u0161etk\u00e9mu tu maj\u00fa \u00faplne fantastick\u00e9 ra\u0148ajky, deti do 5,99 rokov b\u00fdvaj\u00fa \u00faplne zadarmo a tie najlep\u0161ie detsk\u00e9 herni\u010dky aj kaviarne m\u00e1\u0161 len p\u00e1r min\u00fat pe\u0161o pomalou ch\u00f4dzou.<\/p>\n\n\n\n<p class=\"wp-block-paragraph\">\ud83d\udc49 <strong><a href=\"https:\/\/www.stay22.com\/allez\/roam?aid=lukaskonecny&#038;campaign=loudavymkrokemcz&#038;campaign=olomoucsdetmi&#038;hotelname=OREA%20Hotel%20Arigone%20Olomouc&#038;address=Olomouc%2C%20Cesko&#038;category=accommodation\" target=\"_blank\" rel=\"nofollow sponsored noopener\">Skontrolova\u0165 ceny a dostupnos\u0165 hotela Arigone<\/a><\/strong> \u00b7 podrobne sme ho op\u00edsali v <a href=\"https:\/\/loudavymkrokem.cz\/sk\/orea-hotel-arigone-olomouc\/\">recenzii OREA Hotel Arigone<\/a>.<\/p>\n\n\n\n<p class=\"wp-block-paragraph\">Ak by bol tento hotel pln\u00fd, <strong><a href=\"https:\/\/www.stay22.com\/allez\/roam?aid=lukaskonecny&amp;campaign=loudavymkrokemcz&amp;campaign=olomouc-s-detmi&amp;address=Olomouc%2C%20Cesko\" target=\"_blank\" rel=\"nofollow sponsored noopener\">mrkni na \u010fal\u0161ie ubytovanie v Olomouci<\/a><\/strong>, mo\u017enost\u00ed je tu ve\u013ea. Rodi\u010dia si v recenzi\u00e1ch \u010dasto pochva\u013euj\u00fa najr\u00f4znej\u0161ie rodinn\u00e9 apartm\u00e1ny roztr\u00fasen\u00e9 po centre, ktor\u00e9 ti daj\u00fa mo\u017enos\u0165 uvari\u0165 si vlastn\u00e9 jedlo, \u010do sa pri men\u0161\u00edch de\u0165och v\u017edy hod\u00ed. Len si pri rezerv\u00e1cii ubytovania v samotnom srdci mesta v\u017edy d\u00f4kladne skontroluj, ako je to s parkovan\u00edm, preto\u017ee pe\u0161ia z\u00f3na m\u00e1 svoje pr\u00edsne pravidl\u00e1 a verejn\u00e9 parkovisk\u00e1 v okol\u00ed vedia rodinn\u00fd rozpo\u010det poriadne potr\u00e1pi\u0165.<\/p>\n\n\n\n<h2 class=\"wp-block-heading\"><span class=\"ez-toc-section\" id=\"Co_robit_v_Olomouci_s_detmi_vonku\"><\/span>\u010co robi\u0165 v Olomouci s de\u0165mi vonku<span class=\"ez-toc-section-end\"><\/span><\/h2>\n\n\n\n<p class=\"wp-block-paragraph\">Ke\u010f vykukne slnie\u010dko a po\u010dasie ti praje, je historick\u00e9 centrum Olomouca jedno ve\u013ek\u00e9 vonkaj\u0161ie ihrisko pln\u00e9 prekvapen\u00ed. Nie je to len o suchom pozorovan\u00ed star\u00fdch fas\u00e1d, mesto m\u00e1 hrav\u00fa du\u0161u a sp\u00fastu z\u00e1kut\u00ed, ktor\u00e9 bud\u00fa bavi\u0165 aj t\u00fdch najmen\u0161\u00edch cestovate\u013eov. Pripravila som pre teba desa\u0165 tipov na vonkaj\u0161ie aktivity, v\u010faka ktor\u00fdm bude <strong>Olomouc pre deti<\/strong> z\u00e1\u017eitok, a nie trest.<\/p>\n\n\n\n<h3 class=\"wp-block-heading\"><span class=\"ez-toc-section\" id=\"1_Olomoucky_orloj\"><\/span>1. Olomouck\u00fd orloj<span class=\"ez-toc-section-end\"><\/span><\/h3>\n\n\n\n<figure data-wp-context=\"{&quot;imageId&quot;:&quot;6a952c66d2460&quot;}\" data-wp-interactive=\"core\/image\" data-wp-key=\"6a952c66d2460\" class=\"wp-block-image size-full wp-lightbox-container\"><img decoding=\"async\" width=\"2200\" height=\"1467\" data-wp-class--hide=\"state.isContentHidden\" data-wp-class--show=\"state.isContentVisible\" data-wp-init=\"callbacks.setButtonStyles\" data-wp-on--click=\"actions.showLightbox\" data-wp-on--load=\"callbacks.setButtonStyles\" data-wp-on--pointerdown=\"actions.preloadImage\" data-wp-on--pointerenter=\"actions.preloadImageWithDelay\" data-wp-on--pointerleave=\"actions.cancelPreload\" data-wp-on-window--resize=\"callbacks.setButtonStyles\" src=\"https:\/\/loudavymkrokem.cz\/wp-content\/uploads\/2026\/08\/olomouc-s-detmi-orloj-detail.jpg\" alt=\"Detail olomouck\u00e9ho orloja s postavami robotn\u00edkov a cifern\u00edkmi\" class=\"wp-image-401020\" title=\"\" srcset=\"https:\/\/loudavymkrokem.cz\/wp-content\/uploads\/2026\/08\/olomouc-s-detmi-orloj-detail.jpg 2200w, https:\/\/loudavymkrokem.cz\/wp-content\/uploads\/2026\/08\/olomouc-s-detmi-orloj-detail-300x200.jpg 300w, https:\/\/loudavymkrokem.cz\/wp-content\/uploads\/2026\/08\/olomouc-s-detmi-orloj-detail-700x467.jpg 700w, https:\/\/loudavymkrokem.cz\/wp-content\/uploads\/2026\/08\/olomouc-s-detmi-orloj-detail-768x512.jpg 768w, https:\/\/loudavymkrokem.cz\/wp-content\/uploads\/2026\/08\/olomouc-s-detmi-orloj-detail-1536x1024.jpg 1536w, https:\/\/loudavymkrokem.cz\/wp-content\/uploads\/2026\/08\/olomouc-s-detmi-orloj-detail-2048x1366.jpg 2048w, https:\/\/loudavymkrokem.cz\/wp-content\/uploads\/2026\/08\/olomouc-s-detmi-orloj-detail-696x464.jpg 696w, https:\/\/loudavymkrokem.cz\/wp-content\/uploads\/2026\/08\/olomouc-s-detmi-orloj-detail-1392x928.jpg 1392w, https:\/\/loudavymkrokem.cz\/wp-content\/uploads\/2026\/08\/olomouc-s-detmi-orloj-detail-1920x1280.jpg 1920w\" sizes=\"(max-width: 2200px) 100vw, 2200px\" \/><button\n\t\t\tclass=\"lightbox-trigger\"\n\t\t\ttype=\"button\"\n\t\t\taria-haspopup=\"dialog\"\n\t\t\tdata-wp-bind--aria-label=\"state.thisImage.triggerButtonAriaLabel\"\n\t\t\tdata-wp-init=\"callbacks.initTriggerButton\"\n\t\t\tdata-wp-on--click=\"actions.showLightbox\"\n\t\t\tdata-wp-style--right=\"state.thisImage.buttonRight\"\n\t\t\tdata-wp-style--top=\"state.thisImage.buttonTop\"\n\t\t>\n\t\t\t<svg xmlns=\"http:\/\/www.w3.org\/2000\/svg\" width=\"12\" height=\"12\" fill=\"none\" viewBox=\"0 0 12 12\">\n\t\t\t\t<path fill=\"#fff\" d=\"M2 0a2 2 0 0 0-2 2v2h1.5V2a.5.5 0 0 1 .5-.5h2V0H2Zm2 10.5H2a.5.5 0 0 1-.5-.5V8H0v2a2 2 0 0 0 2 2h2v-1.5ZM8 12v-1.5h2a.5.5 0 0 0 .5-.5V8H12v2a2 2 0 0 1-2 2H8Zm2-12a2 2 0 0 1 2 2v2h-1.5V2a.5.5 0 0 0-.5-.5H8V0h2Z\" \/>\n\t\t\t<\/svg>\n\t\t<\/button><figcaption class=\"wp-element-caption\">Na orloji defiluj\u00fa namiesto apo\u0161tolov robotn\u00edci. Deti to v\u00e4\u010d\u0161inou pobav\u00ed.<\/figcaption><\/figure>\n\n\n\n<p class=\"wp-block-paragraph\">Zatia\u013e \u010do pra\u017esk\u00fd orloj ukazuje apo\u0161tolov kdesi vysoko nad hlavami davov, ten olomouck\u00fd na Hornom n\u00e1mest\u00ed priamo na budove radnice m\u00e1 hne\u010f dve obrovsk\u00e9 v\u00fdhody pre rodiny s de\u0165mi. Po prv\u00e9 sa nach\u00e1dza kr\u00e1sne v \u00farovni o\u010d\u00ed, tak\u017ee aj men\u0161ie deti bez probl\u00e9mov dovidia na v\u0161etky tie h\u00fdbaj\u00face sa postavi\u010dky, a po druh\u00e9 je to jednoducho svetov\u00fd unik\u00e1t. Je to toti\u017e jeden z m\u00e1la orlojov na svete, ktor\u00fd bol po zni\u010den\u00ed na konci vojny prestavan\u00fd v rokoch 1947 a\u017e 1955 v duchu socialistick\u00e9ho realizmu pod\u013ea n\u00e1vrhu Karla Svolinsk\u00e9ho.<\/p>\n\n\n\n<p class=\"wp-block-paragraph\">Namiesto sv\u00e4t\u00fdch tu tak uvid\u00ed\u0161 defilova\u0165 kov\u00e1\u010da, pek\u00e1ra, chemika a \u010fal\u0161\u00edch poctiv\u00fdch prolet\u00e1rov, \u010do deti v\u00e4\u010d\u0161inou stra\u0161ne bav\u00ed, preto\u017ee t\u00fdmto profesi\u00e1m rozumej\u00fa viac ne\u017e historick\u00fdm postav\u00e1m. Cel\u00e1 t\u00e1 kr\u00e1sa sa d\u00e1va do pohybu ka\u017ed\u00fd de\u0148 <strong>presne na prav\u00e9 poludnie<\/strong>, tak\u017ee si prech\u00e1dzku mestom napl\u00e1nuj tak, aby si tu pred dvan\u00e1stou st\u00e1l pripraven\u00fd.<\/p>\n\n\n\n<h3 class=\"wp-block-heading\"><span class=\"ez-toc-section\" id=\"2_Stlp_Najsvatejsej_Trojice\"><\/span>2. St\u013ap Najsv\u00e4tej\u0161ej Trojice<span class=\"ez-toc-section-end\"><\/span><\/h3>\n\n\n\n<figure data-wp-context=\"{&quot;imageId&quot;:&quot;6a952c66d27fa&quot;}\" data-wp-interactive=\"core\/image\" data-wp-key=\"6a952c66d27fa\" class=\"wp-block-image size-full wp-lightbox-container\"><img decoding=\"async\" width=\"1800\" height=\"1208\" data-wp-class--hide=\"state.isContentHidden\" data-wp-class--show=\"state.isContentVisible\" data-wp-init=\"callbacks.setButtonStyles\" data-wp-on--click=\"actions.showLightbox\" data-wp-on--load=\"callbacks.setButtonStyles\" data-wp-on--pointerdown=\"actions.preloadImage\" data-wp-on--pointerenter=\"actions.preloadImageWithDelay\" data-wp-on--pointerleave=\"actions.cancelPreload\" data-wp-on-window--resize=\"callbacks.setButtonStyles\" src=\"https:\/\/loudavymkrokem.cz\/wp-content\/uploads\/2026\/08\/olomouc-s-detmi-sloup-horni-namesti.jpg\" alt=\"St\u013ap Najsv\u00e4tej\u0161ej Trojice na Hornom n\u00e1mest\u00ed v Olomouci\" class=\"wp-image-401195\" title=\"\" srcset=\"https:\/\/loudavymkrokem.cz\/wp-content\/uploads\/2026\/08\/olomouc-s-detmi-sloup-horni-namesti.jpg 1800w, https:\/\/loudavymkrokem.cz\/wp-content\/uploads\/2026\/08\/olomouc-s-detmi-sloup-horni-namesti-300x201.jpg 300w, https:\/\/loudavymkrokem.cz\/wp-content\/uploads\/2026\/08\/olomouc-s-detmi-sloup-horni-namesti-700x470.jpg 700w, https:\/\/loudavymkrokem.cz\/wp-content\/uploads\/2026\/08\/olomouc-s-detmi-sloup-horni-namesti-768x515.jpg 768w, https:\/\/loudavymkrokem.cz\/wp-content\/uploads\/2026\/08\/olomouc-s-detmi-sloup-horni-namesti-1536x1031.jpg 1536w, https:\/\/loudavymkrokem.cz\/wp-content\/uploads\/2026\/08\/olomouc-s-detmi-sloup-horni-namesti-696x467.jpg 696w, https:\/\/loudavymkrokem.cz\/wp-content\/uploads\/2026\/08\/olomouc-s-detmi-sloup-horni-namesti-1392x934.jpg 1392w\" sizes=\"(max-width: 1800px) 100vw, 1800px\" \/><button\n\t\t\tclass=\"lightbox-trigger\"\n\t\t\ttype=\"button\"\n\t\t\taria-haspopup=\"dialog\"\n\t\t\tdata-wp-bind--aria-label=\"state.thisImage.triggerButtonAriaLabel\"\n\t\t\tdata-wp-init=\"callbacks.initTriggerButton\"\n\t\t\tdata-wp-on--click=\"actions.showLightbox\"\n\t\t\tdata-wp-style--right=\"state.thisImage.buttonRight\"\n\t\t\tdata-wp-style--top=\"state.thisImage.buttonTop\"\n\t\t>\n\t\t\t<svg xmlns=\"http:\/\/www.w3.org\/2000\/svg\" width=\"12\" height=\"12\" fill=\"none\" viewBox=\"0 0 12 12\">\n\t\t\t\t<path fill=\"#fff\" d=\"M2 0a2 2 0 0 0-2 2v2h1.5V2a.5.5 0 0 1 .5-.5h2V0H2Zm2 10.5H2a.5.5 0 0 1-.5-.5V8H0v2a2 2 0 0 0 2 2h2v-1.5ZM8 12v-1.5h2a.5.5 0 0 0 .5-.5V8H12v2a2 2 0 0 1-2 2H8Zm2-12a2 2 0 0 1 2 2v2h-1.5V2a.5.5 0 0 0-.5-.5H8V0h2Z\" \/>\n\t\t\t<\/svg>\n\t\t<\/button><figcaption class=\"wp-element-caption\">St\u013ap Najsv\u00e4tej\u0161ej Trojice je najv\u00e4\u010d\u0161ie barokov\u00e9 s\u00faso\u0161ie v strednej Eur\u00f3pe<\/figcaption><\/figure>\n\n\n\n<p class=\"wp-block-paragraph\">Hne\u010f k\u00fasok od orloja na Hornom n\u00e1mest\u00ed tr\u00f3ni pamiatka, ktor\u00fa by bol hriech min\u00fa\u0165, preto\u017ee sa p\u00fd\u0161i z\u00e1pisom na zoznam <strong>UNESCO od roku 2000<\/strong>. Ide o obrovsk\u00fd, zhruba 32 metrov vysok\u00fd morov\u00fd st\u013ap, ktor\u00fd je t\u00fdm v\u00f4bec najv\u00e4\u010d\u0161\u00edm barokov\u00fdm s\u00faso\u0161\u00edm v jedinej skulpt\u00fare v celej strednej Eur\u00f3pe.<\/p>\n\n\n\n<p class=\"wp-block-paragraph\">Pre deti samotn\u00e1 ve\u013ekos\u0165 st\u013apa p\u00f4sob\u00ed ohromuj\u00facim dojmom, a \u010do viac, v jeho mohutnom podstavci sa ukr\u00fdva mal\u00e1 kaplnka. Aj ke\u010f sa dovn\u00fatra ned\u00e1 be\u017ene vojs\u0165 hocikedy, u\u017e len to vedomie, \u017ee je v tom \u201eve\u013ekom st\u013ape schovan\u00fd dom\u010dek\u201c, funguje na detsk\u00fa fant\u00e1ziu \u00faplne spo\u013eahlivo.<\/p>\n\n\n\n<h3 class=\"wp-block-heading\"><span class=\"ez-toc-section\" id=\"3_Hladacka_barokovych_fontan\"><\/span>3. H\u013eada\u010dka barokov\u00fdch font\u00e1n<span class=\"ez-toc-section-end\"><\/span><\/h3>\n\n\n\n<figure data-wp-context=\"{&quot;imageId&quot;:&quot;6a952c66d2bb0&quot;}\" data-wp-interactive=\"core\/image\" data-wp-key=\"6a952c66d2bb0\" class=\"wp-block-image size-full wp-lightbox-container\"><img decoding=\"async\" width=\"2200\" height=\"1467\" data-wp-class--hide=\"state.isContentHidden\" data-wp-class--show=\"state.isContentVisible\" data-wp-init=\"callbacks.setButtonStyles\" data-wp-on--click=\"actions.showLightbox\" data-wp-on--load=\"callbacks.setButtonStyles\" data-wp-on--pointerdown=\"actions.preloadImage\" data-wp-on--pointerenter=\"actions.preloadImageWithDelay\" data-wp-on--pointerleave=\"actions.cancelPreload\" data-wp-on-window--resize=\"callbacks.setButtonStyles\" src=\"https:\/\/loudavymkrokem.cz\/wp-content\/uploads\/2026\/08\/olomouc-s-detmi-caesarova-kasna.jpg\" alt=\"Caesarova font\u00e1na na Hornom n\u00e1mest\u00ed v Olomouci\" class=\"wp-image-401030\" title=\"\" srcset=\"https:\/\/loudavymkrokem.cz\/wp-content\/uploads\/2026\/08\/olomouc-s-detmi-caesarova-kasna.jpg 2200w, https:\/\/loudavymkrokem.cz\/wp-content\/uploads\/2026\/08\/olomouc-s-detmi-caesarova-kasna-300x200.jpg 300w, https:\/\/loudavymkrokem.cz\/wp-content\/uploads\/2026\/08\/olomouc-s-detmi-caesarova-kasna-700x467.jpg 700w, https:\/\/loudavymkrokem.cz\/wp-content\/uploads\/2026\/08\/olomouc-s-detmi-caesarova-kasna-768x512.jpg 768w, https:\/\/loudavymkrokem.cz\/wp-content\/uploads\/2026\/08\/olomouc-s-detmi-caesarova-kasna-1536x1024.jpg 1536w, https:\/\/loudavymkrokem.cz\/wp-content\/uploads\/2026\/08\/olomouc-s-detmi-caesarova-kasna-2048x1366.jpg 2048w, https:\/\/loudavymkrokem.cz\/wp-content\/uploads\/2026\/08\/olomouc-s-detmi-caesarova-kasna-696x464.jpg 696w, https:\/\/loudavymkrokem.cz\/wp-content\/uploads\/2026\/08\/olomouc-s-detmi-caesarova-kasna-1392x928.jpg 1392w, https:\/\/loudavymkrokem.cz\/wp-content\/uploads\/2026\/08\/olomouc-s-detmi-caesarova-kasna-1920x1280.jpg 1920w\" sizes=\"(max-width: 2200px) 100vw, 2200px\" \/><button\n\t\t\tclass=\"lightbox-trigger\"\n\t\t\ttype=\"button\"\n\t\t\taria-haspopup=\"dialog\"\n\t\t\tdata-wp-bind--aria-label=\"state.thisImage.triggerButtonAriaLabel\"\n\t\t\tdata-wp-init=\"callbacks.initTriggerButton\"\n\t\t\tdata-wp-on--click=\"actions.showLightbox\"\n\t\t\tdata-wp-style--right=\"state.thisImage.buttonRight\"\n\t\t\tdata-wp-style--top=\"state.thisImage.buttonTop\"\n\t\t>\n\t\t\t<svg xmlns=\"http:\/\/www.w3.org\/2000\/svg\" width=\"12\" height=\"12\" fill=\"none\" viewBox=\"0 0 12 12\">\n\t\t\t\t<path fill=\"#fff\" d=\"M2 0a2 2 0 0 0-2 2v2h1.5V2a.5.5 0 0 1 .5-.5h2V0H2Zm2 10.5H2a.5.5 0 0 1-.5-.5V8H0v2a2 2 0 0 0 2 2h2v-1.5ZM8 12v-1.5h2a.5.5 0 0 0 .5-.5V8H12v2a2 2 0 0 1-2 2H8Zm2-12a2 2 0 0 1 2 2v2h-1.5V2a.5.5 0 0 0-.5-.5H8V0h2Z\" \/>\n\t\t\t<\/svg>\n\t\t<\/button><figcaption class=\"wp-element-caption\">Caesarova font\u00e1na na Hornom n\u00e1mest\u00ed. H\u013eadaj pod ko\u0148om psa, symbol vernosti mesta.<\/figcaption><\/figure>\n\n\n\n<p class=\"wp-block-paragraph\">Toto je pod\u013ea m\u00f4jho n\u00e1zoru v\u00f4bec najlep\u0161\u00ed sp\u00f4sob, ako deti previes\u0165 cel\u00fdm historick\u00fdm centrom bez toho, aby si v\u00f4bec v\u0161imli, \u017ee vlastne \u201echodia po pamiatkach\u201c. Olomouc m\u00e1 toti\u017e jedin\u00fd takto rozsiahly zachovan\u00fd s\u00fabor barokov\u00fdch font\u00e1n v celom \u010cesku a ty z toho m\u00f4\u017ee\u0161 urobi\u0165 par\u00e1dnu rodinn\u00fa hru.<\/p>\n\n\n\n<p class=\"wp-block-paragraph\">Rozdaj de\u0165om pl\u00e1nik a nechaj ich h\u013eada\u0165 Nept\u00fanovu font\u00e1nu z roku 1683, ktor\u00e1 je t\u00e1 \u00faplne najstar\u0161ia, Herkulovu, Jupiterovu, Merk\u00farovu, font\u00e1nu Trit\u00f3nov a majest\u00e1tnu <strong>Caesarovu font\u00e1nu<\/strong>, kde musia n\u00e1js\u0165 psa pod ko\u0148om, ktor\u00fd symbolizuje vernos\u0165 mesta panovn\u00edkovi. \u00dapln\u00fdm hitom pre deti je ale modern\u00e1 <strong>Ari\u00f3nova font\u00e1na<\/strong> z roku 2002 od soch\u00e1ra Ivana Theimera. Jej s\u00fa\u010das\u0165ou je toti\u017e ve\u013ek\u00e1 bronzov\u00e1 <strong>korytna\u010dka<\/strong>, pri ktorej sa zastav\u00ed sn\u00e1\u010f ka\u017ed\u00e9 die\u0165a, \u010do ide okolo.<\/p>\n\n\n\n<h3 class=\"wp-block-heading\"><span class=\"ez-toc-section\" id=\"4_Radnicna_veza\"><\/span>4. Radni\u010dn\u00e1 ve\u017ea<span class=\"ez-toc-section-end\"><\/span><\/h3>\n\n\n\n<figure data-wp-context=\"{&quot;imageId&quot;:&quot;6a952c66d2f6c&quot;}\" data-wp-interactive=\"core\/image\" data-wp-key=\"6a952c66d2f6c\" class=\"wp-block-image size-full wp-lightbox-container\"><img decoding=\"async\" width=\"2200\" height=\"1467\" data-wp-class--hide=\"state.isContentHidden\" data-wp-class--show=\"state.isContentVisible\" data-wp-init=\"callbacks.setButtonStyles\" data-wp-on--click=\"actions.showLightbox\" data-wp-on--load=\"callbacks.setButtonStyles\" data-wp-on--pointerdown=\"actions.preloadImage\" data-wp-on--pointerenter=\"actions.preloadImageWithDelay\" data-wp-on--pointerleave=\"actions.cancelPreload\" data-wp-on-window--resize=\"callbacks.setButtonStyles\" src=\"https:\/\/loudavymkrokem.cz\/wp-content\/uploads\/2026\/08\/olomouc-s-detmi-radnice-orloj.jpg\" alt=\"Olomouck\u00e1 radnica s orlojom na Hornom n\u00e1mest\u00ed\" class=\"wp-image-401026\" title=\"\" srcset=\"https:\/\/loudavymkrokem.cz\/wp-content\/uploads\/2026\/08\/olomouc-s-detmi-radnice-orloj.jpg 2200w, https:\/\/loudavymkrokem.cz\/wp-content\/uploads\/2026\/08\/olomouc-s-detmi-radnice-orloj-300x200.jpg 300w, https:\/\/loudavymkrokem.cz\/wp-content\/uploads\/2026\/08\/olomouc-s-detmi-radnice-orloj-700x467.jpg 700w, https:\/\/loudavymkrokem.cz\/wp-content\/uploads\/2026\/08\/olomouc-s-detmi-radnice-orloj-768x512.jpg 768w, https:\/\/loudavymkrokem.cz\/wp-content\/uploads\/2026\/08\/olomouc-s-detmi-radnice-orloj-1536x1024.jpg 1536w, https:\/\/loudavymkrokem.cz\/wp-content\/uploads\/2026\/08\/olomouc-s-detmi-radnice-orloj-2048x1366.jpg 2048w, https:\/\/loudavymkrokem.cz\/wp-content\/uploads\/2026\/08\/olomouc-s-detmi-radnice-orloj-696x464.jpg 696w, https:\/\/loudavymkrokem.cz\/wp-content\/uploads\/2026\/08\/olomouc-s-detmi-radnice-orloj-1392x928.jpg 1392w, https:\/\/loudavymkrokem.cz\/wp-content\/uploads\/2026\/08\/olomouc-s-detmi-radnice-orloj-1920x1280.jpg 1920w\" sizes=\"(max-width: 2200px) 100vw, 2200px\" \/><button\n\t\t\tclass=\"lightbox-trigger\"\n\t\t\ttype=\"button\"\n\t\t\taria-haspopup=\"dialog\"\n\t\t\tdata-wp-bind--aria-label=\"state.thisImage.triggerButtonAriaLabel\"\n\t\t\tdata-wp-init=\"callbacks.initTriggerButton\"\n\t\t\tdata-wp-on--click=\"actions.showLightbox\"\n\t\t\tdata-wp-style--right=\"state.thisImage.buttonRight\"\n\t\t\tdata-wp-style--top=\"state.thisImage.buttonTop\"\n\t\t>\n\t\t\t<svg xmlns=\"http:\/\/www.w3.org\/2000\/svg\" width=\"12\" height=\"12\" fill=\"none\" viewBox=\"0 0 12 12\">\n\t\t\t\t<path fill=\"#fff\" d=\"M2 0a2 2 0 0 0-2 2v2h1.5V2a.5.5 0 0 1 .5-.5h2V0H2Zm2 10.5H2a.5.5 0 0 1-.5-.5V8H0v2a2 2 0 0 0 2 2h2v-1.5ZM8 12v-1.5h2a.5.5 0 0 0 .5-.5V8H12v2a2 2 0 0 1-2 2H8Zm2-12a2 2 0 0 1 2 2v2h-1.5V2a.5.5 0 0 0-.5-.5H8V0h2Z\" \/>\n\t\t\t<\/svg>\n\t\t<\/button><figcaption class=\"wp-element-caption\">Radnica s orlojom a ve\u017eou, na ktor\u00fa sa d\u00e1 vyst\u00fapa\u0165 so sprievodcom<\/figcaption><\/figure>\n\n\n\n<p class=\"wp-block-paragraph\">Ak m\u00e1\u0161 so sebou trochu odrastenej\u0161ie deti, ktor\u00e9 u\u017e zvl\u00e1dnu vy\u0161liapa\u0165 nejak\u00e9 tie schody, ur\u010dite si nenechaj ujs\u0165 poh\u013ead na mesto z vt\u00e1\u010dej perspekt\u00edvy. Radni\u010dn\u00e1 ve\u017ea meria \u00factyhodn\u00fdch 75 metrov a t\u00fd\u010di sa priamo nad Horn\u00fdm n\u00e1mest\u00edm, hne\u010f ved\u013ea sl\u00e1vneho orloja.<\/p>\n\n\n\n<p class=\"wp-block-paragraph\">V\u00fdstup prebieha sez\u00f3nne a v\u017edy so sprievodcom, tak\u017ee sa dozvie\u0161 aj nie\u010do zauj\u00edmav\u00e9 z hist\u00f3rie. V\u00fdh\u013ead z ochodze je \u00faplne dychber\u00faci, uvid\u00ed\u0161 odtia\u013e v\u0161etky tie \u010derven\u00e9 strechy, spletit\u00e9 uli\u010dky aj okolit\u00e9 kopce, \u010do za t\u00fa n\u00e1mahu v noh\u00e1ch rozhodne stoj\u00ed.<\/p>\n\n\n\n<h3 class=\"wp-block-heading\"><span class=\"ez-toc-section\" id=\"5_Kostol_sv_Morica_a_vystup_na_vezu\"><\/span>5. Kostol sv. M\u00f3rica a v\u00fdstup na ve\u017eu<span class=\"ez-toc-section-end\"><\/span><\/h3>\n\n\n\n<figure data-wp-context=\"{&quot;imageId&quot;:&quot;6a952c66d3350&quot;}\" data-wp-interactive=\"core\/image\" data-wp-key=\"6a952c66d3350\" class=\"wp-block-image size-full wp-lightbox-container\"><img decoding=\"async\" width=\"1467\" height=\"2200\" data-wp-class--hide=\"state.isContentHidden\" data-wp-class--show=\"state.isContentVisible\" data-wp-init=\"callbacks.setButtonStyles\" data-wp-on--click=\"actions.showLightbox\" data-wp-on--load=\"callbacks.setButtonStyles\" data-wp-on--pointerdown=\"actions.preloadImage\" data-wp-on--pointerenter=\"actions.preloadImageWithDelay\" data-wp-on--pointerleave=\"actions.cancelPreload\" data-wp-on-window--resize=\"callbacks.setButtonStyles\" src=\"https:\/\/loudavymkrokem.cz\/wp-content\/uploads\/2026\/08\/olomouc-s-detmi-ulicka-s-vezi.jpg\" alt=\"Olomouck\u00e1 uli\u010dka s kostolnou ve\u017eou v pozad\u00ed\" class=\"wp-image-401159\" title=\"\" srcset=\"https:\/\/loudavymkrokem.cz\/wp-content\/uploads\/2026\/08\/olomouc-s-detmi-ulicka-s-vezi.jpg 1467w, https:\/\/loudavymkrokem.cz\/wp-content\/uploads\/2026\/08\/olomouc-s-detmi-ulicka-s-vezi-200x300.jpg 200w, https:\/\/loudavymkrokem.cz\/wp-content\/uploads\/2026\/08\/olomouc-s-detmi-ulicka-s-vezi-700x1050.jpg 700w, https:\/\/loudavymkrokem.cz\/wp-content\/uploads\/2026\/08\/olomouc-s-detmi-ulicka-s-vezi-768x1152.jpg 768w, https:\/\/loudavymkrokem.cz\/wp-content\/uploads\/2026\/08\/olomouc-s-detmi-ulicka-s-vezi-1024x1536.jpg 1024w, https:\/\/loudavymkrokem.cz\/wp-content\/uploads\/2026\/08\/olomouc-s-detmi-ulicka-s-vezi-1366x2048.jpg 1366w, https:\/\/loudavymkrokem.cz\/wp-content\/uploads\/2026\/08\/olomouc-s-detmi-ulicka-s-vezi-696x1044.jpg 696w, https:\/\/loudavymkrokem.cz\/wp-content\/uploads\/2026\/08\/olomouc-s-detmi-ulicka-s-vezi-1392x2088.jpg 1392w\" sizes=\"(max-width: 1467px) 100vw, 1467px\" \/><button\n\t\t\tclass=\"lightbox-trigger\"\n\t\t\ttype=\"button\"\n\t\t\taria-haspopup=\"dialog\"\n\t\t\tdata-wp-bind--aria-label=\"state.thisImage.triggerButtonAriaLabel\"\n\t\t\tdata-wp-init=\"callbacks.initTriggerButton\"\n\t\t\tdata-wp-on--click=\"actions.showLightbox\"\n\t\t\tdata-wp-style--right=\"state.thisImage.buttonRight\"\n\t\t\tdata-wp-style--top=\"state.thisImage.buttonTop\"\n\t\t>\n\t\t\t<svg xmlns=\"http:\/\/www.w3.org\/2000\/svg\" width=\"12\" height=\"12\" fill=\"none\" viewBox=\"0 0 12 12\">\n\t\t\t\t<path fill=\"#fff\" d=\"M2 0a2 2 0 0 0-2 2v2h1.5V2a.5.5 0 0 1 .5-.5h2V0H2Zm2 10.5H2a.5.5 0 0 1-.5-.5V8H0v2a2 2 0 0 0 2 2h2v-1.5ZM8 12v-1.5h2a.5.5 0 0 0 .5-.5V8H12v2a2 2 0 0 1-2 2H8Zm2-12a2 2 0 0 1 2 2v2h-1.5V2a.5.5 0 0 0-.5-.5H8V0h2Z\" \/>\n\t\t\t<\/svg>\n\t\t<\/button><figcaption class=\"wp-element-caption\">Kostoln\u00e9 ve\u017ee vyk\u00fakaj\u00fa nad olomouck\u00fdmi uli\u010dkami skoro na ka\u017edom rohu<\/figcaption><\/figure>\n\n\n\n<p class=\"wp-block-paragraph\">E\u0161te lep\u0161\u00ed v\u00fdh\u013ead sa vraj pon\u00faka z ve\u017ee Kostola sv. M\u00f3rica, ktor\u00e1 meria 46 metrov a nahor vedie kr\u00e1sne star\u00e9 to\u010dit\u00e9 schodisko, ktor\u00e9 samo o sebe p\u00f4sob\u00ed tak trochu ako z dobrodru\u017en\u00e9ho filmu. Otvoren\u00e9 tu b\u00fdva zhruba od m\u00e1ja do septembra a iba za dobr\u00e9ho po\u010dasia, aby to bolo bezpe\u010dn\u00e9.<\/p>\n\n\n\n<p class=\"wp-block-paragraph\">Okrem par\u00e1dneho rozh\u013eadu m\u00e1 tento kostol e\u0161te jedno ve\u013ek\u00e9 l\u00e1kadlo. Ukr\u00fdvaj\u00fa sa v \u0148om toti\u017e <strong>najv\u00e4\u010d\u0161ie organy v strednej Eur\u00f3pe<\/strong>. Ke\u010f bude\u0161 ma\u0165 \u0161\u0165astie a pr\u00e1ve bude niekto cvi\u010di\u0165 alebo sa bude kona\u0165 koncert, ten majest\u00e1tny zvuk rozliehaj\u00faci sa obrovskou lo\u010fou kostola \u0165a zaru\u010dene prikuje na miesto.<\/p>\n\n\n\n<h3 class=\"wp-block-heading\"><span class=\"ez-toc-section\" id=\"6_Smetanove_sady\"><\/span>6. Smetanove sady<span class=\"ez-toc-section-end\"><\/span><\/h3>\n\n\n\n<figure data-wp-context=\"{&quot;imageId&quot;:&quot;6a952c66d36e8&quot;}\" data-wp-interactive=\"core\/image\" data-wp-key=\"6a952c66d36e8\" class=\"wp-block-image size-full wp-lightbox-container\"><img decoding=\"async\" width=\"1350\" height=\"1800\" data-wp-class--hide=\"state.isContentHidden\" data-wp-class--show=\"state.isContentVisible\" data-wp-init=\"callbacks.setButtonStyles\" data-wp-on--click=\"actions.showLightbox\" data-wp-on--load=\"callbacks.setButtonStyles\" data-wp-on--pointerdown=\"actions.preloadImage\" data-wp-on--pointerenter=\"actions.preloadImageWithDelay\" data-wp-on--pointerleave=\"actions.cancelPreload\" data-wp-on-window--resize=\"callbacks.setButtonStyles\" src=\"https:\/\/loudavymkrokem.cz\/wp-content\/uploads\/2026\/08\/olomouc-s-detmi-smetanovy-sady.jpg\" alt=\"Alej a z\u00e1hony v Smetanov\u00fdch sadoch v Olomouci\" class=\"wp-image-401155\" title=\"\" srcset=\"https:\/\/loudavymkrokem.cz\/wp-content\/uploads\/2026\/08\/olomouc-s-detmi-smetanovy-sady.jpg 1350w, https:\/\/loudavymkrokem.cz\/wp-content\/uploads\/2026\/08\/olomouc-s-detmi-smetanovy-sady-225x300.jpg 225w, https:\/\/loudavymkrokem.cz\/wp-content\/uploads\/2026\/08\/olomouc-s-detmi-smetanovy-sady-700x933.jpg 700w, https:\/\/loudavymkrokem.cz\/wp-content\/uploads\/2026\/08\/olomouc-s-detmi-smetanovy-sady-768x1024.jpg 768w, https:\/\/loudavymkrokem.cz\/wp-content\/uploads\/2026\/08\/olomouc-s-detmi-smetanovy-sady-1152x1536.jpg 1152w, https:\/\/loudavymkrokem.cz\/wp-content\/uploads\/2026\/08\/olomouc-s-detmi-smetanovy-sady-696x928.jpg 696w\" sizes=\"(max-width: 1350px) 100vw, 1350px\" \/><button\n\t\t\tclass=\"lightbox-trigger\"\n\t\t\ttype=\"button\"\n\t\t\taria-haspopup=\"dialog\"\n\t\t\tdata-wp-bind--aria-label=\"state.thisImage.triggerButtonAriaLabel\"\n\t\t\tdata-wp-init=\"callbacks.initTriggerButton\"\n\t\t\tdata-wp-on--click=\"actions.showLightbox\"\n\t\t\tdata-wp-style--right=\"state.thisImage.buttonRight\"\n\t\t\tdata-wp-style--top=\"state.thisImage.buttonTop\"\n\t\t>\n\t\t\t<svg xmlns=\"http:\/\/www.w3.org\/2000\/svg\" width=\"12\" height=\"12\" fill=\"none\" viewBox=\"0 0 12 12\">\n\t\t\t\t<path fill=\"#fff\" d=\"M2 0a2 2 0 0 0-2 2v2h1.5V2a.5.5 0 0 1 .5-.5h2V0H2Zm2 10.5H2a.5.5 0 0 1-.5-.5V8H0v2a2 2 0 0 0 2 2h2v-1.5ZM8 12v-1.5h2a.5.5 0 0 0 .5-.5V8H12v2a2 2 0 0 1-2 2H8Zm2-12a2 2 0 0 1 2 2v2h-1.5V2a.5.5 0 0 0-.5-.5H8V0h2Z\" \/>\n\t\t\t<\/svg>\n\t\t<\/button><figcaption class=\"wp-element-caption\">\u0160irok\u00e9 aleje v Smetanov\u00fdch sadoch s\u00fa ide\u00e1lne na odr\u00e1\u017eadl\u00e1 aj ko\u010d\u00edk<\/figcaption><\/figure>\n\n\n\n<p class=\"wp-block-paragraph\">Ke\u010f u\u017e maj\u00fa v\u0161etci dos\u0165 dla\u017eobn\u00fdch kociek a potrebuje\u0161 necha\u0165 deti trochu vybeha\u0165, namier si to do Smetanov\u00fdch sadov. Je to roz\u013eahl\u00fd a n\u00e1dherne udr\u017eiavan\u00fd park len k\u00fasok od samotn\u00e9ho centra, ktor\u00fd sa na map\u00e1ch p\u00fd\u0161i skvel\u00fdm hodnoten\u00edm 4,6 hviezdi\u010dky. N\u00e1jde\u0161 tu sp\u00fastu vzrastl\u00fdch stromov poskytuj\u00facich blahodarn\u00fd tie\u0148 v hor\u00facich letn\u00fdch d\u0148och a nekone\u010dn\u00e9 asfaltov\u00e9 cesti\u010dky ide\u00e1lne na jazdu na odr\u00e1\u017eadl\u00e1ch.<\/p>\n\n\n\n<p class=\"wp-block-paragraph\">Je tu obrovsk\u00fd pokoj a priestor na piknik na tr\u00e1ve. Rodi\u010dia ale v recenzi\u00e1ch \u010dasto \u00faprimne upozor\u0148uj\u00fa na jednu drobn\u00fa nev\u00fdhodu, na takto obrovsk\u00fd park je tu k dispoz\u00edcii len jedno jedin\u00e9 detsk\u00e9 ihrisko, tak\u017ee v exponovan\u00fdch \u010dasoch na \u0148om m\u00f4\u017ee by\u0165 dos\u0165 n\u00e1val.<\/p>\n\n\n\n<h3 class=\"wp-block-heading\"><span class=\"ez-toc-section\" id=\"7_Bezrucove_sady_a_hradby\"><\/span>7. Bezru\u010dove sady a hradby<span class=\"ez-toc-section-end\"><\/span><\/h3>\n\n\n\n<figure data-wp-context=\"{&quot;imageId&quot;:&quot;6a952c66d3a76&quot;}\" data-wp-interactive=\"core\/image\" data-wp-key=\"6a952c66d3a76\" class=\"wp-block-image size-full wp-lightbox-container\"><img decoding=\"async\" width=\"1800\" height=\"1350\" data-wp-class--hide=\"state.isContentHidden\" data-wp-class--show=\"state.isContentVisible\" data-wp-init=\"callbacks.setButtonStyles\" data-wp-on--click=\"actions.showLightbox\" data-wp-on--load=\"callbacks.setButtonStyles\" data-wp-on--pointerdown=\"actions.preloadImage\" data-wp-on--pointerenter=\"actions.preloadImageWithDelay\" data-wp-on--pointerleave=\"actions.cancelPreload\" data-wp-on-window--resize=\"callbacks.setButtonStyles\" src=\"https:\/\/loudavymkrokem.cz\/wp-content\/uploads\/2026\/08\/olomouc-s-detmi-bezrucovy-sady.jpg\" alt=\"Mestsk\u00e9 hradby s ve\u017ei\u010dkou v Bezru\u010dov\u00fdch sadoch v Olomouci\" class=\"wp-image-401121\" title=\"\" srcset=\"https:\/\/loudavymkrokem.cz\/wp-content\/uploads\/2026\/08\/olomouc-s-detmi-bezrucovy-sady.jpg 1800w, https:\/\/loudavymkrokem.cz\/wp-content\/uploads\/2026\/08\/olomouc-s-detmi-bezrucovy-sady-300x225.jpg 300w, https:\/\/loudavymkrokem.cz\/wp-content\/uploads\/2026\/08\/olomouc-s-detmi-bezrucovy-sady-700x525.jpg 700w, https:\/\/loudavymkrokem.cz\/wp-content\/uploads\/2026\/08\/olomouc-s-detmi-bezrucovy-sady-768x576.jpg 768w, https:\/\/loudavymkrokem.cz\/wp-content\/uploads\/2026\/08\/olomouc-s-detmi-bezrucovy-sady-1536x1152.jpg 1536w, https:\/\/loudavymkrokem.cz\/wp-content\/uploads\/2026\/08\/olomouc-s-detmi-bezrucovy-sady-80x60.jpg 80w, https:\/\/loudavymkrokem.cz\/wp-content\/uploads\/2026\/08\/olomouc-s-detmi-bezrucovy-sady-160x120.jpg 160w, https:\/\/loudavymkrokem.cz\/wp-content\/uploads\/2026\/08\/olomouc-s-detmi-bezrucovy-sady-696x522.jpg 696w, https:\/\/loudavymkrokem.cz\/wp-content\/uploads\/2026\/08\/olomouc-s-detmi-bezrucovy-sady-1392x1044.jpg 1392w\" sizes=\"(max-width: 1800px) 100vw, 1800px\" \/><button\n\t\t\tclass=\"lightbox-trigger\"\n\t\t\ttype=\"button\"\n\t\t\taria-haspopup=\"dialog\"\n\t\t\tdata-wp-bind--aria-label=\"state.thisImage.triggerButtonAriaLabel\"\n\t\t\tdata-wp-init=\"callbacks.initTriggerButton\"\n\t\t\tdata-wp-on--click=\"actions.showLightbox\"\n\t\t\tdata-wp-style--right=\"state.thisImage.buttonRight\"\n\t\t\tdata-wp-style--top=\"state.thisImage.buttonTop\"\n\t\t>\n\t\t\t<svg xmlns=\"http:\/\/www.w3.org\/2000\/svg\" width=\"12\" height=\"12\" fill=\"none\" viewBox=\"0 0 12 12\">\n\t\t\t\t<path fill=\"#fff\" d=\"M2 0a2 2 0 0 0-2 2v2h1.5V2a.5.5 0 0 1 .5-.5h2V0H2Zm2 10.5H2a.5.5 0 0 1-.5-.5V8H0v2a2 2 0 0 0 2 2h2v-1.5ZM8 12v-1.5h2a.5.5 0 0 0 .5-.5V8H12v2a2 2 0 0 1-2 2H8Zm2-12a2 2 0 0 1 2 2v2h-1.5V2a.5.5 0 0 0-.5-.5H8V0h2Z\" \/>\n\t\t\t<\/svg>\n\t\t<\/button><figcaption class=\"wp-element-caption\">Hradby s ve\u017ei\u010dkou v Bezru\u010dov\u00fdch sadoch, ide\u00e1lna kulisa na rytierske hry<\/figcaption><\/figure>\n\n\n\n<p class=\"wp-block-paragraph\">Hne\u010f na doh\u013ead od Smetanov\u00fdch sadov, tiahnuce sa pod star\u00fdmi mestsk\u00fdmi hradbami, le\u017eia Bezru\u010dove sady. Ak sa sem vyberie\u0161 na jar, za\u017eije\u0161 neuverite\u013en\u00fa pod\u00edvan\u00fa, preto\u017ee cel\u00fd park roz\u017eiaria n\u00e1dherne kvitn\u00face magn\u00f3lie, pod ktor\u00fdmi sa fot\u00ed sn\u00e1\u010f ka\u017ed\u00fd n\u00e1v\u0161tevn\u00edk mesta.<\/p>\n\n\n\n<p class=\"wp-block-paragraph\">Pre deti je tu super atrakciou n\u00e1u\u010dn\u00fd chodn\u00edk ved\u00faci popri star\u00fdch barokov\u00fdch pevn\u00f4stkach. D\u00fdchne tu na teba hist\u00f3ria star\u00e9ho opevnen\u00e9ho mesta a pre chlapcov, ktor\u00ed miluj\u00fa rytierov a hrady, s\u00fa tieto mohutn\u00e9 tehlov\u00e9 steny ako stvoren\u00e9 na najr\u00f4znej\u0161ie bojov\u00e9 hry pln\u00e9 fant\u00e1zie.<\/p>\n\n\n\n<h3 class=\"wp-block-heading\"><span class=\"ez-toc-section\" id=\"8_Rozarium\"><\/span>8. Roz\u00e1rium<span class=\"ez-toc-section-end\"><\/span><\/h3>\n\n\n\n<figure data-wp-context=\"{&quot;imageId&quot;:&quot;6a952c66d3e08&quot;}\" data-wp-interactive=\"core\/image\" data-wp-key=\"6a952c66d3e08\" class=\"wp-block-image size-full wp-lightbox-container\"><img decoding=\"async\" width=\"1800\" height=\"1347\" data-wp-class--hide=\"state.isContentHidden\" data-wp-class--show=\"state.isContentVisible\" data-wp-init=\"callbacks.setButtonStyles\" data-wp-on--click=\"actions.showLightbox\" data-wp-on--load=\"callbacks.setButtonStyles\" data-wp-on--pointerdown=\"actions.preloadImage\" data-wp-on--pointerenter=\"actions.preloadImageWithDelay\" data-wp-on--pointerleave=\"actions.cancelPreload\" data-wp-on-window--resize=\"callbacks.setButtonStyles\" src=\"https:\/\/loudavymkrokem.cz\/wp-content\/uploads\/2026\/08\/olomouc-s-detmi-rozarium.jpg\" alt=\"Roz\u00e1rium v Olomouci s kvitn\u00facimi z\u00e1honmi ru\u017e\u00ed\" class=\"wp-image-401109\" title=\"\" srcset=\"https:\/\/loudavymkrokem.cz\/wp-content\/uploads\/2026\/08\/olomouc-s-detmi-rozarium.jpg 1800w, https:\/\/loudavymkrokem.cz\/wp-content\/uploads\/2026\/08\/olomouc-s-detmi-rozarium-300x225.jpg 300w, https:\/\/loudavymkrokem.cz\/wp-content\/uploads\/2026\/08\/olomouc-s-detmi-rozarium-700x524.jpg 700w, https:\/\/loudavymkrokem.cz\/wp-content\/uploads\/2026\/08\/olomouc-s-detmi-rozarium-768x575.jpg 768w, https:\/\/loudavymkrokem.cz\/wp-content\/uploads\/2026\/08\/olomouc-s-detmi-rozarium-1536x1149.jpg 1536w, https:\/\/loudavymkrokem.cz\/wp-content\/uploads\/2026\/08\/olomouc-s-detmi-rozarium-80x60.jpg 80w, https:\/\/loudavymkrokem.cz\/wp-content\/uploads\/2026\/08\/olomouc-s-detmi-rozarium-160x120.jpg 160w, https:\/\/loudavymkrokem.cz\/wp-content\/uploads\/2026\/08\/olomouc-s-detmi-rozarium-696x521.jpg 696w, https:\/\/loudavymkrokem.cz\/wp-content\/uploads\/2026\/08\/olomouc-s-detmi-rozarium-1392x1042.jpg 1392w\" sizes=\"(max-width: 1800px) 100vw, 1800px\" \/><button\n\t\t\tclass=\"lightbox-trigger\"\n\t\t\ttype=\"button\"\n\t\t\taria-haspopup=\"dialog\"\n\t\t\tdata-wp-bind--aria-label=\"state.thisImage.triggerButtonAriaLabel\"\n\t\t\tdata-wp-init=\"callbacks.initTriggerButton\"\n\t\t\tdata-wp-on--click=\"actions.showLightbox\"\n\t\t\tdata-wp-style--right=\"state.thisImage.buttonRight\"\n\t\t\tdata-wp-style--top=\"state.thisImage.buttonTop\"\n\t\t>\n\t\t\t<svg xmlns=\"http:\/\/www.w3.org\/2000\/svg\" width=\"12\" height=\"12\" fill=\"none\" viewBox=\"0 0 12 12\">\n\t\t\t\t<path fill=\"#fff\" d=\"M2 0a2 2 0 0 0-2 2v2h1.5V2a.5.5 0 0 1 .5-.5h2V0H2Zm2 10.5H2a.5.5 0 0 1-.5-.5V8H0v2a2 2 0 0 0 2 2h2v-1.5ZM8 12v-1.5h2a.5.5 0 0 0 .5-.5V8H12v2a2 2 0 0 1-2 2H8Zm2-12a2 2 0 0 1 2 2v2h-1.5V2a.5.5 0 0 0-.5-.5H8V0h2Z\" \/>\n\t\t\t<\/svg>\n\t\t<\/button><figcaption class=\"wp-element-caption\">Roz\u00e1rium m\u00e1 \u0161irok\u00e9 rovn\u00e9 cesty, tak\u017ee sa tu dobre jazd\u00ed s ko\u010d\u00edkom<\/figcaption><\/figure>\n\n\n\n<p class=\"wp-block-paragraph\">Na ulici 17. novembra n\u00e1jde\u0161 \u010fal\u0161iu zelen\u00fa o\u00e1zu, ktorou je olomouck\u00e9 Roz\u00e1rium, funguj\u00face ako botanick\u00e1 a ru\u017eov\u00e1 z\u00e1hrada v jednom. Je to ohromne ob\u013e\u00faben\u00e9 miesto, \u010do dokazuje hodnotenie <strong>4,7 z 1 877 recenzi\u00ed<\/strong>, a miestni sem ve\u013emi radi chodia na v\u00edkendov\u00e9 prech\u00e1dzky.<\/p>\n\n\n\n<p class=\"wp-block-paragraph\">Obrovskou v\u00fdhodou pre rodiny je fakt, \u017ee are\u00e1l je \u010diasto\u010dne bezbari\u00e9rov\u00fd a p\u00fd\u0161i sa \u0161irok\u00fdmi, rovn\u00fdmi cestami, tak\u017ee je to \u00fapln\u00e1 par\u00e1da, ak sa pohybuje\u0161 <strong>s ko\u010d\u00edkom<\/strong>. V \u010dase kvitnutia ru\u017e\u00ed je tu navy\u0161e tak\u00e1 v\u00f4\u0148a, \u017ee sa ti odtia\u013e v\u00f4bec nebude chcie\u0165 od\u00eds\u0165.<\/p>\n\n\n\n<h3 class=\"wp-block-heading\"><span class=\"ez-toc-section\" id=\"9_Korunna_pevnostka\"><\/span>9. Korunn\u00e1 pevn\u00f4stka<span class=\"ez-toc-section-end\"><\/span><\/h3>\n\n\n\n<figure data-wp-context=\"{&quot;imageId&quot;:&quot;6a952c66d418e&quot;}\" data-wp-interactive=\"core\/image\" data-wp-key=\"6a952c66d418e\" class=\"wp-block-image size-full wp-lightbox-container\"><img decoding=\"async\" width=\"1800\" height=\"1350\" data-wp-class--hide=\"state.isContentHidden\" data-wp-class--show=\"state.isContentVisible\" data-wp-init=\"callbacks.setButtonStyles\" data-wp-on--click=\"actions.showLightbox\" data-wp-on--load=\"callbacks.setButtonStyles\" data-wp-on--pointerdown=\"actions.preloadImage\" data-wp-on--pointerenter=\"actions.preloadImageWithDelay\" data-wp-on--pointerleave=\"actions.cancelPreload\" data-wp-on-window--resize=\"callbacks.setButtonStyles\" src=\"https:\/\/loudavymkrokem.cz\/wp-content\/uploads\/2026\/08\/olomouc-s-detmi-korunni-pevnustka.jpg\" alt=\"Hradby Korunnej pevn\u00f4stky v Olomouci\" class=\"wp-image-401103\" title=\"\" srcset=\"https:\/\/loudavymkrokem.cz\/wp-content\/uploads\/2026\/08\/olomouc-s-detmi-korunni-pevnustka.jpg 1800w, https:\/\/loudavymkrokem.cz\/wp-content\/uploads\/2026\/08\/olomouc-s-detmi-korunni-pevnustka-300x225.jpg 300w, https:\/\/loudavymkrokem.cz\/wp-content\/uploads\/2026\/08\/olomouc-s-detmi-korunni-pevnustka-700x525.jpg 700w, https:\/\/loudavymkrokem.cz\/wp-content\/uploads\/2026\/08\/olomouc-s-detmi-korunni-pevnustka-768x576.jpg 768w, https:\/\/loudavymkrokem.cz\/wp-content\/uploads\/2026\/08\/olomouc-s-detmi-korunni-pevnustka-1536x1152.jpg 1536w, https:\/\/loudavymkrokem.cz\/wp-content\/uploads\/2026\/08\/olomouc-s-detmi-korunni-pevnustka-80x60.jpg 80w, https:\/\/loudavymkrokem.cz\/wp-content\/uploads\/2026\/08\/olomouc-s-detmi-korunni-pevnustka-160x120.jpg 160w, https:\/\/loudavymkrokem.cz\/wp-content\/uploads\/2026\/08\/olomouc-s-detmi-korunni-pevnustka-696x522.jpg 696w, https:\/\/loudavymkrokem.cz\/wp-content\/uploads\/2026\/08\/olomouc-s-detmi-korunni-pevnustka-1392x1044.jpg 1392w\" sizes=\"(max-width: 1800px) 100vw, 1800px\" \/><button\n\t\t\tclass=\"lightbox-trigger\"\n\t\t\ttype=\"button\"\n\t\t\taria-haspopup=\"dialog\"\n\t\t\tdata-wp-bind--aria-label=\"state.thisImage.triggerButtonAriaLabel\"\n\t\t\tdata-wp-init=\"callbacks.initTriggerButton\"\n\t\t\tdata-wp-on--click=\"actions.showLightbox\"\n\t\t\tdata-wp-style--right=\"state.thisImage.buttonRight\"\n\t\t\tdata-wp-style--top=\"state.thisImage.buttonTop\"\n\t\t>\n\t\t\t<svg xmlns=\"http:\/\/www.w3.org\/2000\/svg\" width=\"12\" height=\"12\" fill=\"none\" viewBox=\"0 0 12 12\">\n\t\t\t\t<path fill=\"#fff\" d=\"M2 0a2 2 0 0 0-2 2v2h1.5V2a.5.5 0 0 1 .5-.5h2V0H2Zm2 10.5H2a.5.5 0 0 1-.5-.5V8H0v2a2 2 0 0 0 2 2h2v-1.5ZM8 12v-1.5h2a.5.5 0 0 0 .5-.5V8H12v2a2 2 0 0 1-2 2H8Zm2-12a2 2 0 0 1 2 2v2h-1.5V2a.5.5 0 0 0-.5-.5H8V0h2Z\" \/>\n\t\t\t<\/svg>\n\t\t<\/button><figcaption class=\"wp-element-caption\">Hradby Korunnej pevn\u00f4stky, kde s\u00eddli aj Pevnos\u0165 poznania<\/figcaption><\/figure>\n\n\n\n<p class=\"wp-block-paragraph\">Olomouc b\u00fdvala mocnou pevnos\u0165ou a kus tejto vojenskej hist\u00f3rie si m\u00f4\u017ee\u0161 osaha\u0165 v are\u00e1li Korunnej pevn\u00f4stky na adrese Michalsk\u00e1 8. Nach\u00e1dza sa tu zachovan\u00fd kus barokovej terezi\u00e1n\u00adskej pevnosti a v b\u00fdvalej vojnovej prach\u00e1rni dnes s\u00eddli m\u00fazeum, kde si m\u00f4\u017ee\u0161 prezrie\u0165 obrovsk\u00fd sadrov\u00fd model p\u00f4vodn\u00e9ho opevnenia mesta. \u013dudia toto miesto maj\u00fa ve\u013emi radi a d\u00e1vaj\u00fa mu kr\u00e1sne hodnotenie <strong>4,6 zo 733 recenzi\u00ed<\/strong>.<\/p>\n\n\n\n<p class=\"wp-block-paragraph\">Are\u00e1l je otvoren\u00fd od apr\u00edla do okt\u00f3bra (v pondelok je zatvoren\u00e9, inak utorok a\u017e piatok 9\u201317, cez v\u00edkend 10\u201317) s poslednou mo\u017enou prehliadkou o 16:30. Vstupn\u00e9 je ve\u013emi priate\u013esk\u00e9, dospel\u00ed platia <strong>2,50 \u20ac (60 K\u010d)<\/strong>, deti od 6 do 15 rokov <strong>1,20 \u20ac (30 K\u010d)<\/strong>, pri\u010dom najmen\u0161\u00ed drobci do 6 rokov id\u00fa \u00faplne zadarmo. K dispoz\u00edcii s\u00fa aj v\u00fdhodn\u00e9 rodinn\u00e9 vstupenky za 5 \u20ac (120 K\u010d, 2+1) alebo 6 \u20ac (150 K\u010d) pre v\u00e4\u010d\u0161ie rodiny.<\/p>\n\n\n\n<h3 class=\"wp-block-heading\"><span class=\"ez-toc-section\" id=\"10_Muraly_a_street_art_v_priechodoch\"><\/span>10. Mur\u00e1ly a street art v priechodoch<span class=\"ez-toc-section-end\"><\/span><\/h3>\n\n\n\n<figure data-wp-context=\"{&quot;imageId&quot;:&quot;6a952c66d456b&quot;}\" data-wp-interactive=\"core\/image\" data-wp-key=\"6a952c66d456b\" class=\"wp-block-image size-full wp-lightbox-container\"><img decoding=\"async\" width=\"2200\" height=\"1467\" data-wp-class--hide=\"state.isContentHidden\" data-wp-class--show=\"state.isContentVisible\" data-wp-init=\"callbacks.setButtonStyles\" data-wp-on--click=\"actions.showLightbox\" data-wp-on--load=\"callbacks.setButtonStyles\" data-wp-on--pointerdown=\"actions.preloadImage\" data-wp-on--pointerenter=\"actions.preloadImageWithDelay\" data-wp-on--pointerleave=\"actions.cancelPreload\" data-wp-on-window--resize=\"callbacks.setButtonStyles\" src=\"https:\/\/loudavymkrokem.cz\/wp-content\/uploads\/2026\/08\/olomouc-s-detmi-mural-detail-klenba.jpg\" alt=\"Modr\u00e1 ma\u013eba na klenbe priechodu v centre Olomouca\" class=\"wp-image-401048\" title=\"\" srcset=\"https:\/\/loudavymkrokem.cz\/wp-content\/uploads\/2026\/08\/olomouc-s-detmi-mural-detail-klenba.jpg 2200w, https:\/\/loudavymkrokem.cz\/wp-content\/uploads\/2026\/08\/olomouc-s-detmi-mural-detail-klenba-300x200.jpg 300w, https:\/\/loudavymkrokem.cz\/wp-content\/uploads\/2026\/08\/olomouc-s-detmi-mural-detail-klenba-700x467.jpg 700w, https:\/\/loudavymkrokem.cz\/wp-content\/uploads\/2026\/08\/olomouc-s-detmi-mural-detail-klenba-768x512.jpg 768w, https:\/\/loudavymkrokem.cz\/wp-content\/uploads\/2026\/08\/olomouc-s-detmi-mural-detail-klenba-1536x1024.jpg 1536w, https:\/\/loudavymkrokem.cz\/wp-content\/uploads\/2026\/08\/olomouc-s-detmi-mural-detail-klenba-2048x1366.jpg 2048w, https:\/\/loudavymkrokem.cz\/wp-content\/uploads\/2026\/08\/olomouc-s-detmi-mural-detail-klenba-696x464.jpg 696w, https:\/\/loudavymkrokem.cz\/wp-content\/uploads\/2026\/08\/olomouc-s-detmi-mural-detail-klenba-1392x928.jpg 1392w, https:\/\/loudavymkrokem.cz\/wp-content\/uploads\/2026\/08\/olomouc-s-detmi-mural-detail-klenba-1920x1280.jpg 1920w\" sizes=\"(max-width: 2200px) 100vw, 2200px\" \/><button\n\t\t\tclass=\"lightbox-trigger\"\n\t\t\ttype=\"button\"\n\t\t\taria-haspopup=\"dialog\"\n\t\t\tdata-wp-bind--aria-label=\"state.thisImage.triggerButtonAriaLabel\"\n\t\t\tdata-wp-init=\"callbacks.initTriggerButton\"\n\t\t\tdata-wp-on--click=\"actions.showLightbox\"\n\t\t\tdata-wp-style--right=\"state.thisImage.buttonRight\"\n\t\t\tdata-wp-style--top=\"state.thisImage.buttonTop\"\n\t\t>\n\t\t\t<svg xmlns=\"http:\/\/www.w3.org\/2000\/svg\" width=\"12\" height=\"12\" fill=\"none\" viewBox=\"0 0 12 12\">\n\t\t\t\t<path fill=\"#fff\" d=\"M2 0a2 2 0 0 0-2 2v2h1.5V2a.5.5 0 0 1 .5-.5h2V0H2Zm2 10.5H2a.5.5 0 0 1-.5-.5V8H0v2a2 2 0 0 0 2 2h2v-1.5ZM8 12v-1.5h2a.5.5 0 0 0 .5-.5V8H12v2a2 2 0 0 1-2 2H8Zm2-12a2 2 0 0 1 2 2v2h-1.5V2a.5.5 0 0 0-.5-.5H8V0h2Z\" \/>\n\t\t\t<\/svg>\n\t\t<\/button><figcaption class=\"wp-element-caption\">Priechody s ma\u013ebami s\u00fa pre deti najlep\u0161ia \u010das\u0165 prech\u00e1dzky centrom<\/figcaption><\/figure>\n\n\n\n<figure data-wp-context=\"{&quot;imageId&quot;:&quot;6a952c66d4880&quot;}\" data-wp-interactive=\"core\/image\" data-wp-key=\"6a952c66d4880\" class=\"wp-block-image size-full wp-lightbox-container\"><img decoding=\"async\" width=\"2200\" height=\"1467\" data-wp-class--hide=\"state.isContentHidden\" data-wp-class--show=\"state.isContentVisible\" data-wp-init=\"callbacks.setButtonStyles\" data-wp-on--click=\"actions.showLightbox\" data-wp-on--load=\"callbacks.setButtonStyles\" data-wp-on--pointerdown=\"actions.preloadImage\" data-wp-on--pointerenter=\"actions.preloadImageWithDelay\" data-wp-on--pointerleave=\"actions.cancelPreload\" data-wp-on-window--resize=\"callbacks.setButtonStyles\" src=\"https:\/\/loudavymkrokem.cz\/wp-content\/uploads\/2026\/08\/olomouc-s-detmi-mural-stit-domu.jpg\" alt=\"Ve\u013ekoform\u00e1tov\u00e1 ma\u013eba na \u0161t\u00edte domu v Olomouci\" class=\"wp-image-401040\" title=\"\" srcset=\"https:\/\/loudavymkrokem.cz\/wp-content\/uploads\/2026\/08\/olomouc-s-detmi-mural-stit-domu.jpg 2200w, https:\/\/loudavymkrokem.cz\/wp-content\/uploads\/2026\/08\/olomouc-s-detmi-mural-stit-domu-300x200.jpg 300w, https:\/\/loudavymkrokem.cz\/wp-content\/uploads\/2026\/08\/olomouc-s-detmi-mural-stit-domu-700x467.jpg 700w, https:\/\/loudavymkrokem.cz\/wp-content\/uploads\/2026\/08\/olomouc-s-detmi-mural-stit-domu-768x512.jpg 768w, https:\/\/loudavymkrokem.cz\/wp-content\/uploads\/2026\/08\/olomouc-s-detmi-mural-stit-domu-1536x1024.jpg 1536w, https:\/\/loudavymkrokem.cz\/wp-content\/uploads\/2026\/08\/olomouc-s-detmi-mural-stit-domu-2048x1366.jpg 2048w, https:\/\/loudavymkrokem.cz\/wp-content\/uploads\/2026\/08\/olomouc-s-detmi-mural-stit-domu-696x464.jpg 696w, https:\/\/loudavymkrokem.cz\/wp-content\/uploads\/2026\/08\/olomouc-s-detmi-mural-stit-domu-1392x928.jpg 1392w, https:\/\/loudavymkrokem.cz\/wp-content\/uploads\/2026\/08\/olomouc-s-detmi-mural-stit-domu-1920x1280.jpg 1920w\" sizes=\"(max-width: 2200px) 100vw, 2200px\" \/><button\n\t\t\tclass=\"lightbox-trigger\"\n\t\t\ttype=\"button\"\n\t\t\taria-haspopup=\"dialog\"\n\t\t\tdata-wp-bind--aria-label=\"state.thisImage.triggerButtonAriaLabel\"\n\t\t\tdata-wp-init=\"callbacks.initTriggerButton\"\n\t\t\tdata-wp-on--click=\"actions.showLightbox\"\n\t\t\tdata-wp-style--right=\"state.thisImage.buttonRight\"\n\t\t\tdata-wp-style--top=\"state.thisImage.buttonTop\"\n\t\t>\n\t\t\t<svg xmlns=\"http:\/\/www.w3.org\/2000\/svg\" width=\"12\" height=\"12\" fill=\"none\" viewBox=\"0 0 12 12\">\n\t\t\t\t<path fill=\"#fff\" d=\"M2 0a2 2 0 0 0-2 2v2h1.5V2a.5.5 0 0 1 .5-.5h2V0H2Zm2 10.5H2a.5.5 0 0 1-.5-.5V8H0v2a2 2 0 0 0 2 2h2v-1.5ZM8 12v-1.5h2a.5.5 0 0 0 .5-.5V8H12v2a2 2 0 0 1-2 2H8Zm2-12a2 2 0 0 1 2 2v2h-1.5V2a.5.5 0 0 0-.5-.5H8V0h2Z\" \/>\n\t\t\t<\/svg>\n\t\t<\/button><figcaption class=\"wp-element-caption\">Ve\u013ekoform\u00e1tov\u00e9 ma\u013eby n\u00e1jde\u0161 aj na \u0161t\u00edtoch oby\u010dajn\u00fdch domov<\/figcaption><\/figure>\n\n\n\n<p class=\"wp-block-paragraph\">Posledn\u00fd tip na vonkaj\u0161ie aktivity je tak\u00e1 mestsk\u00e1 stopova\u010dka. Olomouc s\u00edce d\u00fdcha hist\u00f3riou, ale neboj\u00ed sa ani modern\u00e9ho umenia. Priamo v centre, \u010dasto schovan\u00e9 v priechodoch, podlubiach alebo na vysok\u00fdch \u0161t\u00edtoch star\u00fdch domov, sa nach\u00e1dza nieko\u013eko \u00fachvatn\u00fdch ve\u013ekoform\u00e1tov\u00fdch malieb takzvan\u00fdch mur\u00e1lov.<\/p>\n\n\n\n<p class=\"wp-block-paragraph\">Sk\u00fas si vopred n\u00e1js\u0165 ich lok\u00e1cie a sprav z prech\u00e1dzky po meste hru na p\u00e1tra\u010dov. Deti v\u00e4\u010d\u0161inou tieto obrie farebn\u00e9 obrazy objavuj\u00fa s obrovsk\u00fdm nad\u0161en\u00edm a d\u00e1 sa to \u00faplne ide\u00e1lne spoji\u0165 napr\u00edklad s u\u017e spom\u00ednan\u00fdm loven\u00edm barokov\u00fdch font\u00e1n.<\/p>\n\n\n\n<h2 class=\"wp-block-heading\"><span class=\"ez-toc-section\" id=\"Ked_prsi_herne_muzea_a_zabavne_centra\"><\/span>Ke\u010f pr\u0161\u00ed: herne, m\u00faze\u00e1 a z\u00e1bavn\u00e9 centr\u00e1<span class=\"ez-toc-section-end\"><\/span><\/h2>\n\n\n\n<p class=\"wp-block-paragraph\">Ak sa p\u00fdta\u0161, <strong>kam v Olomouci s de\u0165mi, ke\u010f pr\u0161\u00ed<\/strong>, m\u00e1m pre teba skvel\u00fa spr\u00e1vu. Toto mesto je na da\u017ediv\u00e9 dni vybaven\u00e9 sn\u00e1\u010f najlep\u0161ie z celej republiky. Koncentr\u00e1cia kvalitn\u00fdch vn\u00fatorn\u00fdch hern\u00ed a interakt\u00edvnych expoz\u00edci\u00ed je tu \u00faplne nev\u00eddan\u00e1 a n\u00e1m samotn\u00fdm jedna z t\u00fdch n\u00e1dhern\u00fdch herni\u010diek v centre zachr\u00e1nila cel\u00e9 popoludnie. Po\u010fme sa pozrie\u0165 na tie najlep\u0161ie mo\u017enosti.<\/p>\n\n\n\n<h3 class=\"wp-block-heading\"><span class=\"ez-toc-section\" id=\"11_Pevnost_poznania\"><\/span>11. Pevnos\u0165 poznania<span class=\"ez-toc-section-end\"><\/span><\/h3>\n\n\n\n<figure data-wp-context=\"{&quot;imageId&quot;:&quot;6a952c66d4c83&quot;}\" data-wp-interactive=\"core\/image\" data-wp-key=\"6a952c66d4c83\" class=\"wp-block-image size-full wp-lightbox-container\"><img decoding=\"async\" width=\"1800\" height=\"1347\" data-wp-class--hide=\"state.isContentHidden\" data-wp-class--show=\"state.isContentVisible\" data-wp-init=\"callbacks.setButtonStyles\" data-wp-on--click=\"actions.showLightbox\" data-wp-on--load=\"callbacks.setButtonStyles\" data-wp-on--pointerdown=\"actions.preloadImage\" data-wp-on--pointerenter=\"actions.preloadImageWithDelay\" data-wp-on--pointerleave=\"actions.cancelPreload\" data-wp-on-window--resize=\"callbacks.setButtonStyles\" src=\"https:\/\/loudavymkrokem.cz\/wp-content\/uploads\/2026\/08\/olomouc-s-detmi-pevnost-poznani.jpg\" alt=\"Interakt\u00edvna expoz\u00edcia v Pevnosti poznania v Olomouci\" class=\"wp-image-401123\" title=\"\" srcset=\"https:\/\/loudavymkrokem.cz\/wp-content\/uploads\/2026\/08\/olomouc-s-detmi-pevnost-poznani.jpg 1800w, https:\/\/loudavymkrokem.cz\/wp-content\/uploads\/2026\/08\/olomouc-s-detmi-pevnost-poznani-300x225.jpg 300w, https:\/\/loudavymkrokem.cz\/wp-content\/uploads\/2026\/08\/olomouc-s-detmi-pevnost-poznani-700x524.jpg 700w, https:\/\/loudavymkrokem.cz\/wp-content\/uploads\/2026\/08\/olomouc-s-detmi-pevnost-poznani-768x575.jpg 768w, https:\/\/loudavymkrokem.cz\/wp-content\/uploads\/2026\/08\/olomouc-s-detmi-pevnost-poznani-1536x1149.jpg 1536w, https:\/\/loudavymkrokem.cz\/wp-content\/uploads\/2026\/08\/olomouc-s-detmi-pevnost-poznani-80x60.jpg 80w, https:\/\/loudavymkrokem.cz\/wp-content\/uploads\/2026\/08\/olomouc-s-detmi-pevnost-poznani-160x120.jpg 160w, https:\/\/loudavymkrokem.cz\/wp-content\/uploads\/2026\/08\/olomouc-s-detmi-pevnost-poznani-696x521.jpg 696w, https:\/\/loudavymkrokem.cz\/wp-content\/uploads\/2026\/08\/olomouc-s-detmi-pevnost-poznani-1392x1042.jpg 1392w\" sizes=\"(max-width: 1800px) 100vw, 1800px\" \/><button\n\t\t\tclass=\"lightbox-trigger\"\n\t\t\ttype=\"button\"\n\t\t\taria-haspopup=\"dialog\"\n\t\t\tdata-wp-bind--aria-label=\"state.thisImage.triggerButtonAriaLabel\"\n\t\t\tdata-wp-init=\"callbacks.initTriggerButton\"\n\t\t\tdata-wp-on--click=\"actions.showLightbox\"\n\t\t\tdata-wp-style--right=\"state.thisImage.buttonRight\"\n\t\t\tdata-wp-style--top=\"state.thisImage.buttonTop\"\n\t\t>\n\t\t\t<svg xmlns=\"http:\/\/www.w3.org\/2000\/svg\" width=\"12\" height=\"12\" fill=\"none\" viewBox=\"0 0 12 12\">\n\t\t\t\t<path fill=\"#fff\" d=\"M2 0a2 2 0 0 0-2 2v2h1.5V2a.5.5 0 0 1 .5-.5h2V0H2Zm2 10.5H2a.5.5 0 0 1-.5-.5V8H0v2a2 2 0 0 0 2 2h2v-1.5ZM8 12v-1.5h2a.5.5 0 0 0 .5-.5V8H12v2a2 2 0 0 1-2 2H8Zm2-12a2 2 0 0 1 2 2v2h-1.5V2a.5.5 0 0 0-.5-.5H8V0h2Z\" \/>\n\t\t\t<\/svg>\n\t\t<\/button><figcaption class=\"wp-element-caption\">Cez sto interakt\u00edvnych expon\u00e1tov, pri ktor\u00fdch si deti m\u00f4\u017eu v\u0161etko osaha\u0165<\/figcaption><\/figure>\n\n\n\n<p class=\"wp-block-paragraph\">Ak h\u013ead\u00e1\u0161 program na cel\u00e9 da\u017ediv\u00e9 popoludnie, interakt\u00edvne science centrum Univerzity Palack\u00e9ho <a href=\"https:\/\/www.pevnostpoznani.cz\/\" target=\"_blank\" rel=\"nofollow noopener\">Pevnos\u0165 poznania<\/a>, umiestnen\u00e9 v are\u00e1li Korunnej pevn\u00f4stky (17. listopadu 939), je absol\u00fatna jednotka. Pevnos\u0165 poznania m\u00e1 neuverite\u013en\u00e9 hodnotenie <strong>4,7 z takmer troch tis\u00edc recenzi\u00ed<\/strong> a na ploche starej vojenskej budovy sa tu rozkladaj\u00fa \u0161tyri hlavn\u00e9 expoz\u00edcie: Do hist\u00f3rie!, \u017div\u00e1 voda, Rozum v hrsti a Svetlo a tma.<\/p>\n\n\n\n<p class=\"wp-block-paragraph\">Celkovo tu na teba \u010dak\u00e1 cez <strong>100 interakt\u00edvnych expon\u00e1tov<\/strong>, pri ktor\u00fdch si deti m\u00f4\u017eu v\u0161etko osaha\u0165, vysk\u00fa\u0161a\u0165 a presk\u00fama\u0165, plus \u00fa\u017easn\u00e9 <strong>digit\u00e1lne planet\u00e1rium<\/strong>. Otvoren\u00e9 maj\u00fa v pracovn\u00e9 dni od 9 do 17 hod\u00edn a cez v\u00edkendy od 10 do 18 hod\u00edn (pozor, od septembra do m\u00e1ja je v pondelok zatvoren\u00e9). Dospel\u00fd zaplat\u00ed <strong>7,80 \u20ac (190 K\u010d)<\/strong>, zn\u00ed\u017een\u00e9 vstupn\u00e9 pre deti, \u0161tudentov a seniorov je <strong>6,60 \u20ac (160 K\u010d)<\/strong>, pri\u010dom rodinn\u00e9 vstupenky sa pohybuj\u00fa od 19 do 32 \u20ac (460 a\u017e 775 K\u010d) pod\u013ea po\u010dtu \u010dlenov. Ak chce\u0161 len do jednej konkr\u00e9tnej expoz\u00edcie, vyjde \u0165a to na 3 \u20ac (70 K\u010d).<\/p>\n\n\n\n<h3 class=\"wp-block-heading\"><span class=\"ez-toc-section\" id=\"12_JaSam\"><\/span>12. J\u00e1S\u00e1m<span class=\"ez-toc-section-end\"><\/span><\/h3>\n\n\n\n<p class=\"wp-block-paragraph\">Priamo v srdci mesta na <strong>Hornom n\u00e1mest\u00ed 7<\/strong>, p\u00e1r krokov oproti orloju, sa medzi levandu\u013eov\u00fdm bistrom a predaj\u0148ou tvar\u00f4\u017ekov ukr\u00fdva detsk\u00e1 her\u0148a s kaviar\u0148ou J\u00e1S\u00e1m. Toto miesto je stelesnen\u00edm sna ka\u017ed\u00e9ho rodi\u010da, ktor\u00fd si chce v pokoji vypi\u0165 tepl\u00fa k\u00e1vu, zatia\u013e \u010do sa die\u0165a bezpe\u010dne hr\u00e1. Hodnotenie <strong>4,7 z 219 n\u00e1v\u0161tevn\u00edkov<\/strong> hovor\u00ed samo za seba.<\/p>\n\n\n\n<p class=\"wp-block-paragraph\">Je to tu obrovsky \u00fatuln\u00e9, pln\u00e9 kvalitn\u00fdch dreven\u00fdch hra\u010diek. Deti tu n\u00e1jdu detsk\u00fa kuchynku, obchod\u00edk, doktorsk\u00fa v\u00fdbavu, par\u00e1dny ponk pre mal\u00fdch kutilov a ve\u013ek\u00e9 prelieza\u010dky s rebrinami a \u0161myk\u013eavkami. Rodi\u010dia si zatia\u013e m\u00f4\u017eu vychutn\u00e1va\u0165 v\u00fdberov\u00fa k\u00e1vu z miestnej pra\u017eiarne alebo skvel\u00e9 dom\u00e1ce torty a ra\u0148ajkov\u00e9 menu. Otvoren\u00e9 je ka\u017ed\u00fd pracovn\u00fd de\u0148 od 8:00 do 19:00 a cez v\u00edkendy od 9:00 do 19:00. Obrovsk\u00fdm plusom je, \u017ee vstupn\u00e9 sa plat\u00ed iba za hraj\u00face sa deti, dospel\u00fd sprievod neplat\u00ed ni\u010d.<\/p>\n\n\n\n<h3 class=\"wp-block-heading\"><span class=\"ez-toc-section\" id=\"13_V_lese\"><\/span>13. V lese<span class=\"ez-toc-section-end\"><\/span><\/h3>\n\n\n\n<figure data-wp-context=\"{&quot;imageId&quot;:&quot;6a952c66d50a4&quot;}\" data-wp-interactive=\"core\/image\" data-wp-key=\"6a952c66d50a4\" class=\"wp-block-image size-full wp-lightbox-container\"><img decoding=\"async\" width=\"2200\" height=\"1467\" data-wp-class--hide=\"state.isContentHidden\" data-wp-class--show=\"state.isContentVisible\" data-wp-init=\"callbacks.setButtonStyles\" data-wp-on--click=\"actions.showLightbox\" data-wp-on--load=\"callbacks.setButtonStyles\" data-wp-on--pointerdown=\"actions.preloadImage\" data-wp-on--pointerenter=\"actions.preloadImageWithDelay\" data-wp-on--pointerleave=\"actions.cancelPreload\" data-wp-on-window--resize=\"callbacks.setButtonStyles\" src=\"https:\/\/loudavymkrokem.cz\/wp-content\/uploads\/2026\/08\/olomouc-s-detmi-zerotinovo-namesti.jpg\" alt=\"Domy na \u017derot\u00ednovom n\u00e1mest\u00ed v Olomouci\" class=\"wp-image-401044\" title=\"\" srcset=\"https:\/\/loudavymkrokem.cz\/wp-content\/uploads\/2026\/08\/olomouc-s-detmi-zerotinovo-namesti.jpg 2200w, https:\/\/loudavymkrokem.cz\/wp-content\/uploads\/2026\/08\/olomouc-s-detmi-zerotinovo-namesti-300x200.jpg 300w, https:\/\/loudavymkrokem.cz\/wp-content\/uploads\/2026\/08\/olomouc-s-detmi-zerotinovo-namesti-700x467.jpg 700w, https:\/\/loudavymkrokem.cz\/wp-content\/uploads\/2026\/08\/olomouc-s-detmi-zerotinovo-namesti-768x512.jpg 768w, https:\/\/loudavymkrokem.cz\/wp-content\/uploads\/2026\/08\/olomouc-s-detmi-zerotinovo-namesti-1536x1024.jpg 1536w, https:\/\/loudavymkrokem.cz\/wp-content\/uploads\/2026\/08\/olomouc-s-detmi-zerotinovo-namesti-2048x1366.jpg 2048w, https:\/\/loudavymkrokem.cz\/wp-content\/uploads\/2026\/08\/olomouc-s-detmi-zerotinovo-namesti-696x464.jpg 696w, https:\/\/loudavymkrokem.cz\/wp-content\/uploads\/2026\/08\/olomouc-s-detmi-zerotinovo-namesti-1392x928.jpg 1392w, https:\/\/loudavymkrokem.cz\/wp-content\/uploads\/2026\/08\/olomouc-s-detmi-zerotinovo-namesti-1920x1280.jpg 1920w\" sizes=\"(max-width: 2200px) 100vw, 2200px\" \/><button\n\t\t\tclass=\"lightbox-trigger\"\n\t\t\ttype=\"button\"\n\t\t\taria-haspopup=\"dialog\"\n\t\t\tdata-wp-bind--aria-label=\"state.thisImage.triggerButtonAriaLabel\"\n\t\t\tdata-wp-init=\"callbacks.initTriggerButton\"\n\t\t\tdata-wp-on--click=\"actions.showLightbox\"\n\t\t\tdata-wp-style--right=\"state.thisImage.buttonRight\"\n\t\t\tdata-wp-style--top=\"state.thisImage.buttonTop\"\n\t\t>\n\t\t\t<svg xmlns=\"http:\/\/www.w3.org\/2000\/svg\" width=\"12\" height=\"12\" fill=\"none\" viewBox=\"0 0 12 12\">\n\t\t\t\t<path fill=\"#fff\" d=\"M2 0a2 2 0 0 0-2 2v2h1.5V2a.5.5 0 0 1 .5-.5h2V0H2Zm2 10.5H2a.5.5 0 0 1-.5-.5V8H0v2a2 2 0 0 0 2 2h2v-1.5ZM8 12v-1.5h2a.5.5 0 0 0 .5-.5V8H12v2a2 2 0 0 1-2 2H8Zm2-12a2 2 0 0 1 2 2v2h-1.5V2a.5.5 0 0 0-.5-.5H8V0h2Z\" \/>\n\t\t\t<\/svg>\n\t\t<\/button><figcaption class=\"wp-element-caption\">\u017derot\u00ednovo n\u00e1mestie, kde n\u00e1jde\u0161 kaviare\u0148 s montessori her\u0148ou<\/figcaption><\/figure>\n\n\n\n<figure data-wp-context=\"{&quot;imageId&quot;:&quot;6a952c66d5391&quot;}\" data-wp-interactive=\"core\/image\" data-wp-key=\"6a952c66d5391\" class=\"wp-block-image size-full wp-lightbox-container\"><img decoding=\"async\" width=\"2200\" height=\"1467\" data-wp-class--hide=\"state.isContentHidden\" data-wp-class--show=\"state.isContentVisible\" data-wp-init=\"callbacks.setButtonStyles\" data-wp-on--click=\"actions.showLightbox\" data-wp-on--load=\"callbacks.setButtonStyles\" data-wp-on--pointerdown=\"actions.preloadImage\" data-wp-on--pointerenter=\"actions.preloadImageWithDelay\" data-wp-on--pointerleave=\"actions.cancelPreload\" data-wp-on-window--resize=\"callbacks.setButtonStyles\" src=\"https:\/\/loudavymkrokem.cz\/wp-content\/uploads\/2026\/08\/olomouc-s-detmi-kavarna-interier.jpg\" alt=\"Interi\u00e9r olomouckej kaviarne s pr\u00edrodn\u00fdm dizajnom\" class=\"wp-image-401023\" title=\"\" srcset=\"https:\/\/loudavymkrokem.cz\/wp-content\/uploads\/2026\/08\/olomouc-s-detmi-kavarna-interier.jpg 2200w, https:\/\/loudavymkrokem.cz\/wp-content\/uploads\/2026\/08\/olomouc-s-detmi-kavarna-interier-300x200.jpg 300w, https:\/\/loudavymkrokem.cz\/wp-content\/uploads\/2026\/08\/olomouc-s-detmi-kavarna-interier-700x467.jpg 700w, https:\/\/loudavymkrokem.cz\/wp-content\/uploads\/2026\/08\/olomouc-s-detmi-kavarna-interier-768x512.jpg 768w, https:\/\/loudavymkrokem.cz\/wp-content\/uploads\/2026\/08\/olomouc-s-detmi-kavarna-interier-1536x1024.jpg 1536w, https:\/\/loudavymkrokem.cz\/wp-content\/uploads\/2026\/08\/olomouc-s-detmi-kavarna-interier-2048x1366.jpg 2048w, https:\/\/loudavymkrokem.cz\/wp-content\/uploads\/2026\/08\/olomouc-s-detmi-kavarna-interier-696x464.jpg 696w, https:\/\/loudavymkrokem.cz\/wp-content\/uploads\/2026\/08\/olomouc-s-detmi-kavarna-interier-1392x928.jpg 1392w, https:\/\/loudavymkrokem.cz\/wp-content\/uploads\/2026\/08\/olomouc-s-detmi-kavarna-interier-1920x1280.jpg 1920w\" sizes=\"(max-width: 2200px) 100vw, 2200px\" \/><button\n\t\t\tclass=\"lightbox-trigger\"\n\t\t\ttype=\"button\"\n\t\t\taria-haspopup=\"dialog\"\n\t\t\tdata-wp-bind--aria-label=\"state.thisImage.triggerButtonAriaLabel\"\n\t\t\tdata-wp-init=\"callbacks.initTriggerButton\"\n\t\t\tdata-wp-on--click=\"actions.showLightbox\"\n\t\t\tdata-wp-style--right=\"state.thisImage.buttonRight\"\n\t\t\tdata-wp-style--top=\"state.thisImage.buttonTop\"\n\t\t>\n\t\t\t<svg xmlns=\"http:\/\/www.w3.org\/2000\/svg\" width=\"12\" height=\"12\" fill=\"none\" viewBox=\"0 0 12 12\">\n\t\t\t\t<path fill=\"#fff\" d=\"M2 0a2 2 0 0 0-2 2v2h1.5V2a.5.5 0 0 1 .5-.5h2V0H2Zm2 10.5H2a.5.5 0 0 1-.5-.5V8H0v2a2 2 0 0 0 2 2h2v-1.5ZM8 12v-1.5h2a.5.5 0 0 0 .5-.5V8H12v2a2 2 0 0 1-2 2H8Zm2-12a2 2 0 0 1 2 2v2h-1.5V2a.5.5 0 0 0-.5-.5H8V0h2Z\" \/>\n\t\t\t<\/svg>\n\t\t<\/button><figcaption class=\"wp-element-caption\">Kaviarne v centre Olomouca myslia na deti aj na rodi\u010dov<\/figcaption><\/figure>\n\n\n\n<p class=\"wp-block-paragraph\">K\u00fasok opodia\u013e na \u017derot\u00ednovom n\u00e1mest\u00ed 3 n\u00e1jde\u0161 \u010fal\u0161\u00ed klenot medzi kaviar\u0148ami s detskou her\u0148ou. Podnik V lese raz\u00ed sympatick\u00fd montessori a zero waste pr\u00edstup a z recenzi\u00ed s priemerom <strong>4,7 od viac ne\u017e p\u00e4\u0165sto \u013eud\u00ed<\/strong> je jasn\u00e9, \u017ee to robia skvelo. Namiesto hlu\u010dn\u00fdch plastov\u00fdch hra\u010diek tu vl\u00e1dne pokoj a hromada poctiv\u00fdch <strong>dreven\u00fdch hra\u010diek<\/strong>.<\/p>\n\n\n\n<p class=\"wp-block-paragraph\">Deti tu m\u00f4\u017eu vyv\u00e1dza\u0165 na hojda\u010dke, objavova\u0165 zvukostrom, hra\u0165 sa s drevenou d\u00fahou, sk\u00fama\u0165 obr\u00ed activity board alebo hmatov\u00e9 pexeso. Celodenn\u00e9 vstupn\u00e9 stoj\u00ed \u013eudov\u00fdch <strong>2,50 \u20ac (60 K\u010d)<\/strong> (zn\u00ed\u017een\u00e9 1,20 \u20ac \/ 30 K\u010d) a obrovskou v\u00fdhodou je, \u017ee s p\u00e1skou na ruke m\u00f4\u017ee\u0161 po\u010das d\u0148a od\u00eds\u0165 a zase sa vr\u00e1ti\u0165. Vzh\u013eadom na popularitu tu ale ob\u010das b\u00fdva plno. Otvoren\u00e9 maj\u00fa od pondelka do piatka 9:00\u201319:00 a cez v\u00edkendy 10:00\u201319:00.<\/p>\n\n\n\n<h3 class=\"wp-block-heading\"><span class=\"ez-toc-section\" id=\"14_Clovickov\"><\/span>14. \u010clov\u00ed\u010dkov<span class=\"ez-toc-section-end\"><\/span><\/h3>\n\n\n\n<p class=\"wp-block-paragraph\">Ak potrebuje\u0161 vyslovene ve\u013ek\u00fa plochu na to, aby deti sp\u00e1lili nahromaden\u00fa energiu, na ulici 8. kv\u011btna 24 n\u00e1jde\u0161 ob\u013e\u00faben\u00fa her\u0148u \u010clov\u00ed\u010dkov (hodnotenie 4,1). Je to klasick\u00e1 ve\u013ek\u00e1 hern\u00e1 plocha s prelieza\u010dkami, kde sa men\u0161ie deti spo\u013eahlivo zabavia na nieko\u013eko hod\u00edn.<\/p>\n\n\n\n<p class=\"wp-block-paragraph\">Rodi\u010dia tu maj\u00fa k dispoz\u00edcii posedenie s ponukou k\u00e1vy a \u010dajov a ve\u013ek\u00fdm \u0165ah\u00e1kom je bezpochyby cena. Vstupn\u00e9 toti\u017e \u010din\u00ed kr\u00e1snych <strong>2,50 \u20ac (59 K\u010d) za die\u0165a na dobu neobmedzen\u00fa<\/strong>, \u010do je v dne\u0161nej dobe naozaj ve\u013emi pr\u00edjemn\u00e1 suma za z\u00e1chranu da\u017ediv\u00e9ho popoludnia.<\/p>\n\n\n\n<h3 class=\"wp-block-heading\"><span class=\"ez-toc-section\" id=\"15_Snoezelen_Olomouc\"><\/span>15. Snoezelen Olomouc<span class=\"ez-toc-section-end\"><\/span><\/h3>\n\n\n\n<figure data-wp-context=\"{&quot;imageId&quot;:&quot;6a952c66d57e8&quot;}\" data-wp-interactive=\"core\/image\" data-wp-key=\"6a952c66d57e8\" class=\"wp-block-image size-full wp-lightbox-container\"><img decoding=\"async\" width=\"1200\" height=\"800\" data-wp-class--hide=\"state.isContentHidden\" data-wp-class--show=\"state.isContentVisible\" data-wp-init=\"callbacks.setButtonStyles\" data-wp-on--click=\"actions.showLightbox\" data-wp-on--load=\"callbacks.setButtonStyles\" data-wp-on--pointerdown=\"actions.preloadImage\" data-wp-on--pointerenter=\"actions.preloadImageWithDelay\" data-wp-on--pointerleave=\"actions.cancelPreload\" data-wp-on-window--resize=\"callbacks.setButtonStyles\" src=\"https:\/\/loudavymkrokem.cz\/wp-content\/uploads\/2026\/08\/olomouc-s-detmi-snoezelen.jpg\" alt=\"Multismyslov\u00e1 her\u0148a Snoezelen Olomouc s farebn\u00fdm osvetlen\u00edm\" class=\"wp-image-403598\" title=\"\" srcset=\"https:\/\/loudavymkrokem.cz\/wp-content\/uploads\/2026\/08\/olomouc-s-detmi-snoezelen.jpg 1200w, https:\/\/loudavymkrokem.cz\/wp-content\/uploads\/2026\/08\/olomouc-s-detmi-snoezelen-300x200.jpg 300w, https:\/\/loudavymkrokem.cz\/wp-content\/uploads\/2026\/08\/olomouc-s-detmi-snoezelen-700x467.jpg 700w, https:\/\/loudavymkrokem.cz\/wp-content\/uploads\/2026\/08\/olomouc-s-detmi-snoezelen-768x512.jpg 768w, https:\/\/loudavymkrokem.cz\/wp-content\/uploads\/2026\/08\/olomouc-s-detmi-snoezelen-696x464.jpg 696w\" sizes=\"(max-width: 1200px) 100vw, 1200px\" \/><button\n\t\t\tclass=\"lightbox-trigger\"\n\t\t\ttype=\"button\"\n\t\t\taria-haspopup=\"dialog\"\n\t\t\tdata-wp-bind--aria-label=\"state.thisImage.triggerButtonAriaLabel\"\n\t\t\tdata-wp-init=\"callbacks.initTriggerButton\"\n\t\t\tdata-wp-on--click=\"actions.showLightbox\"\n\t\t\tdata-wp-style--right=\"state.thisImage.buttonRight\"\n\t\t\tdata-wp-style--top=\"state.thisImage.buttonTop\"\n\t\t>\n\t\t\t<svg xmlns=\"http:\/\/www.w3.org\/2000\/svg\" width=\"12\" height=\"12\" fill=\"none\" viewBox=\"0 0 12 12\">\n\t\t\t\t<path fill=\"#fff\" d=\"M2 0a2 2 0 0 0-2 2v2h1.5V2a.5.5 0 0 1 .5-.5h2V0H2Zm2 10.5H2a.5.5 0 0 1-.5-.5V8H0v2a2 2 0 0 0 2 2h2v-1.5ZM8 12v-1.5h2a.5.5 0 0 0 .5-.5V8H12v2a2 2 0 0 1-2 2H8Zm2-12a2 2 0 0 1 2 2v2h-1.5V2a.5.5 0 0 0-.5-.5H8V0h2Z\" \/>\n\t\t\t<\/svg>\n\t\t<\/button><figcaption class=\"wp-element-caption\">Multismyslov\u00e1 her\u0148a Snoezelen funguje \u00faplne in\u00fdm tempom ne\u017e be\u017en\u00e9 herne | Foto: Snoezelen Olomouc<\/figcaption><\/figure>\n\n\n\n<p class=\"wp-block-paragraph\">Na Mari\u00e1nskej 7 sa ukr\u00fdva trochu in\u00fd typ herne, ktor\u00fd ocen\u00ed\u0161 najm\u00e4 vtedy, ak m\u00e1\u0161 ve\u013emi mal\u00e9 deti alebo deti so \u0161peci\u00e1lnymi potrebami, ktor\u00e9 nezvl\u00e1daj\u00fa be\u017en\u00fd hluk ve\u013ek\u00fdch hern\u00ed. Snoezelen je toti\u017e relaxa\u010dn\u00e1 multismyslov\u00e1 her\u0148a navrhnut\u00e1 tak, aby upokojovala a jemne stimulovala zmysly (hodnotenie 4,5).<\/p>\n\n\n\n<p class=\"wp-block-paragraph\">N\u00e1jde\u0161 tu najr\u00f4znej\u0161ie sveteln\u00e9 prvky, bublinkov\u00e9 valce, relaxa\u010dn\u00fa hudbu a pr\u00edjemn\u00e9 hmatov\u00e9 materi\u00e1ly. Je to o\u00e1za pokoja uprostred mesta, kam sa chod\u00ed naozaj oddychova\u0165 a vn\u00edma\u0165 svet trochu in\u00fdm, pomal\u0161\u00edm tempom.<\/p>\n\n\n\n<h3 class=\"wp-block-heading\"><span class=\"ez-toc-section\" id=\"16_Rodinny_zabavny_park_Krokodylek\"><\/span>16. Rodinn\u00fd z\u00e1bavn\u00fd park Krokod\u00fdlek<span class=\"ez-toc-section-end\"><\/span><\/h3>\n\n\n\n<figure data-wp-context=\"{&quot;imageId&quot;:&quot;6a952c66d5b93&quot;}\" data-wp-interactive=\"core\/image\" data-wp-key=\"6a952c66d5b93\" class=\"wp-block-image size-full wp-lightbox-container\"><img decoding=\"async\" width=\"1498\" height=\"1000\" data-wp-class--hide=\"state.isContentHidden\" data-wp-class--show=\"state.isContentVisible\" data-wp-init=\"callbacks.setButtonStyles\" data-wp-on--click=\"actions.showLightbox\" data-wp-on--load=\"callbacks.setButtonStyles\" data-wp-on--pointerdown=\"actions.preloadImage\" data-wp-on--pointerenter=\"actions.preloadImageWithDelay\" data-wp-on--pointerleave=\"actions.cancelPreload\" data-wp-on-window--resize=\"callbacks.setButtonStyles\" src=\"https:\/\/loudavymkrokem.cz\/wp-content\/uploads\/2026\/08\/olomouc-s-detmi-krokodylek.jpg\" alt=\"Deti na nafukovacej atrakcii v z\u00e1bavnom parku Krokod\u00fdlek v Olomouci\" class=\"wp-image-403596\" title=\"\" srcset=\"https:\/\/loudavymkrokem.cz\/wp-content\/uploads\/2026\/08\/olomouc-s-detmi-krokodylek.jpg 1498w, https:\/\/loudavymkrokem.cz\/wp-content\/uploads\/2026\/08\/olomouc-s-detmi-krokodylek-300x200.jpg 300w, https:\/\/loudavymkrokem.cz\/wp-content\/uploads\/2026\/08\/olomouc-s-detmi-krokodylek-700x467.jpg 700w, https:\/\/loudavymkrokem.cz\/wp-content\/uploads\/2026\/08\/olomouc-s-detmi-krokodylek-768x513.jpg 768w, https:\/\/loudavymkrokem.cz\/wp-content\/uploads\/2026\/08\/olomouc-s-detmi-krokodylek-696x465.jpg 696w, https:\/\/loudavymkrokem.cz\/wp-content\/uploads\/2026\/08\/olomouc-s-detmi-krokodylek-1392x929.jpg 1392w\" sizes=\"(max-width: 1498px) 100vw, 1498px\" \/><button\n\t\t\tclass=\"lightbox-trigger\"\n\t\t\ttype=\"button\"\n\t\t\taria-haspopup=\"dialog\"\n\t\t\tdata-wp-bind--aria-label=\"state.thisImage.triggerButtonAriaLabel\"\n\t\t\tdata-wp-init=\"callbacks.initTriggerButton\"\n\t\t\tdata-wp-on--click=\"actions.showLightbox\"\n\t\t\tdata-wp-style--right=\"state.thisImage.buttonRight\"\n\t\t\tdata-wp-style--top=\"state.thisImage.buttonTop\"\n\t\t>\n\t\t\t<svg xmlns=\"http:\/\/www.w3.org\/2000\/svg\" width=\"12\" height=\"12\" fill=\"none\" viewBox=\"0 0 12 12\">\n\t\t\t\t<path fill=\"#fff\" d=\"M2 0a2 2 0 0 0-2 2v2h1.5V2a.5.5 0 0 1 .5-.5h2V0H2Zm2 10.5H2a.5.5 0 0 1-.5-.5V8H0v2a2 2 0 0 0 2 2h2v-1.5ZM8 12v-1.5h2a.5.5 0 0 0 .5-.5V8H12v2a2 2 0 0 1-2 2H8Zm2-12a2 2 0 0 1 2 2v2h-1.5V2a.5.5 0 0 0-.5-.5H8V0h2Z\" \/>\n\t\t\t<\/svg>\n\t\t<\/button><figcaption class=\"wp-element-caption\">Krokod\u00fdlek m\u00e1 25 atrakci\u00ed na ploche 3 000 m\u00b2 | Foto: Krokod\u00fdlek Olomouc<\/figcaption><\/figure>\n\n\n\n<p class=\"wp-block-paragraph\">Ke\u010f potrebuje\u0161 vytiahnu\u0165 tie naj\u0165a\u017e\u0161ie zbrane proti detskej nude, mus\u00ed\u0161 vyrazi\u0165 do \u0161tvrte Lazce na ulicu Florykova 556. Tu toti\u017e stoj\u00ed <a href=\"https:\/\/www.krokodylek-olomouc.cz\/\" target=\"_blank\" rel=\"nofollow noopener\">Krokod\u00fdlek<\/a>, jeden z najv\u00e4\u010d\u0161\u00edch detsk\u00fdch z\u00e1bavn\u00fdch parkov na celej Morave, p\u00fd\u0161iaci sa \u00factyhodn\u00fdm hodnoten\u00edm <strong>4,5 z 1 659 recenzi\u00ed<\/strong>. Na ploche cez <strong>3 000 metrov \u0161tvorcov\u00fdch<\/strong> sa tu rozklad\u00e1 neskuto\u010dn\u00fdch <strong>25 obr\u00edch atrakci\u00ed<\/strong>.<\/p>\n\n\n\n<p class=\"wp-block-paragraph\">Deti tu nebud\u00fa vedie\u0165, kam sk\u00f4r. Je tu mohutn\u00e1 dreven\u00e1 pir\u00e1tska lo\u010f, trojposchodov\u00e9 prelieza\u010dky so \u0161myk\u013eavkami, trampol\u00edny, horolezeck\u00e1 stena, jazierko s atrakciami, delov\u00e1 ar\u00e9na na bitky s molitanov\u00fdmi lopti\u010dkami, motorkov\u00e1 dr\u00e1ha a unik\u00e1tny pin-art panel so 40 000 ty\u010dinkami na odtl\u00e1\u010danie tela. K dispoz\u00edcii je aj re\u0161taur\u00e1cia a pokojnej\u0161\u00ed k\u00fatik so stolov\u00fdmi hrami. Celodenn\u00e9 vstupn\u00e9 od piatka do nedele vyjde na <strong>14 \u20ac (339 K\u010d) za die\u0165a a 5,50 \u20ac (139 K\u010d) za dospel\u00e9ho<\/strong> (rodinn\u00e9 36 \u20ac \/ 879 K\u010d), od pondelka do \u0161tvrtka je to lacnej\u0161ie: <strong>11 \u20ac (259 K\u010d) za die\u0165a a 5 \u20ac (119 K\u010d) za dospel\u00e9ho<\/strong> (rodinn\u00e9 29 \u20ac \/ 699 K\u010d). Zvoli\u0165 m\u00f4\u017ee\u0161 aj hodinov\u00e9 vstupn\u00e9 od 4,50 \u20ac (109 K\u010d) za die\u0165a.<\/p>\n\n\n\n<h3 class=\"wp-block-heading\"><span class=\"ez-toc-section\" id=\"17_Amazonie_Olomouc\"><\/span>17. Amazonie Olomouc<span class=\"ez-toc-section-end\"><\/span><\/h3>\n\n\n\n<p class=\"wp-block-paragraph\">\u010eal\u0161\u00edm ob\u013e\u00faben\u00fdm z\u00e1chytn\u00fdm bodom na mape da\u017ediv\u00fdch dn\u00ed je detsk\u00e9 centrum Amazonie na adrese Pra\u017esk\u00e1 255\/41 (hodnotenie 4,3). Je to klasick\u00e1, ale ve\u013emi dobre vybaven\u00e1 vn\u00fatorn\u00e1 her\u0148a, ktor\u00e1 je ide\u00e1lna na tie dni, ke\u010f deti jednoducho potrebuj\u00fa liez\u0165, sk\u00e1ka\u0165 a \u0161m\u00fdka\u0165 sa.<\/p>\n\n\n\n<p class=\"wp-block-paragraph\">Vn\u00fatri na ne \u010dak\u00e1 obria prelieza\u010dka tiahnuca sa cez nieko\u013eko poschod\u00ed, sk\u00e1kac\u00ed hrad pre milovn\u00edkov odrazov, sp\u00fasta bezpe\u010dne polstrovan\u00fdch hojda\u010diek, r\u00fdchle \u0161myk\u013eavky a samozrejme tak ob\u013e\u00faben\u00fd obrovsk\u00fd baz\u00e9n pln\u00fd farebn\u00fdch plastov\u00fdch lopti\u010diek, z ktor\u00e9ho v\u00e4\u010d\u0161inou deti nem\u00f4\u017ee\u0161 dosta\u0165 von.<\/p>\n\n\n\n<h3 class=\"wp-block-heading\"><span class=\"ez-toc-section\" id=\"18_Lanove_centrum_PROUD\"><\/span>18. Lanov\u00e9 centrum PROUD<span class=\"ez-toc-section-end\"><\/span><\/h3>\n\n\n\n<p class=\"wp-block-paragraph\">Mo\u017eno si hovor\u00ed\u0161, \u017ee lanov\u00e9 centrum s mal\u00fdmi de\u0165mi ned\u00e1va zmysel, ale pobo\u010dka PROUD na Lazeckej ulici 50\/49 \u0165a vyvedie z omylu (skvel\u00e9 hodnotenie <strong>4,6 z 347 recenzi\u00ed<\/strong>). Maj\u00fa tu toti\u017e vy\u017eitie vymyslen\u00e9 tak, aby si pri\u0161li na svoje \u00faplne v\u0161etky vekov\u00e9 kateg\u00f3rie.<\/p>\n\n\n\n<p class=\"wp-block-paragraph\">Okrem vysok\u00fdch prek\u00e1\u017eok pre star\u0161ie deti a dospel\u00fdch tu n\u00e1jde\u0161 najr\u00f4znej\u0161ie hojda\u010dky, obrovsk\u00e9 vzduchov\u00e9 trampol\u00edny zabudovan\u00e9 v zemi, vodn\u00e9 vank\u00fa\u0161e a hlavne n\u00edzke lanov\u00e9 prek\u00e1\u017eky pri zemi, ktor\u00e9 s\u00fa bezpe\u010dn\u00e9 a <strong>vhodn\u00e9 u\u017e pre deti od 1 roka<\/strong>. Je to skvel\u00e9 miesto na tr\u00e9novanie hrubej motoriky a rovnov\u00e1hy.<\/p>\n\n\n\n<h3 class=\"wp-block-heading\"><span class=\"ez-toc-section\" id=\"19_Vlastivedne_muzeum_Olomouc\"><\/span>19. Vlastivedn\u00e9 m\u00fazeum Olomouc<span class=\"ez-toc-section-end\"><\/span><\/h3>\n\n\n\n<figure data-wp-context=\"{&quot;imageId&quot;:&quot;6a952c66d6092&quot;}\" data-wp-interactive=\"core\/image\" data-wp-key=\"6a952c66d6092\" class=\"wp-block-image size-full wp-lightbox-container\"><img decoding=\"async\" width=\"2200\" height=\"1467\" data-wp-class--hide=\"state.isContentHidden\" data-wp-class--show=\"state.isContentVisible\" data-wp-init=\"callbacks.setButtonStyles\" data-wp-on--click=\"actions.showLightbox\" data-wp-on--load=\"callbacks.setButtonStyles\" data-wp-on--pointerdown=\"actions.preloadImage\" data-wp-on--pointerenter=\"actions.preloadImageWithDelay\" data-wp-on--pointerleave=\"actions.cancelPreload\" data-wp-on-window--resize=\"callbacks.setButtonStyles\" src=\"https:\/\/loudavymkrokem.cz\/wp-content\/uploads\/2026\/08\/olomouc-s-detmi-muzeum-umeni.jpg\" alt=\"Budova M\u00fazea umenia Olomouc\" class=\"wp-image-401036\" title=\"\" srcset=\"https:\/\/loudavymkrokem.cz\/wp-content\/uploads\/2026\/08\/olomouc-s-detmi-muzeum-umeni.jpg 2200w, https:\/\/loudavymkrokem.cz\/wp-content\/uploads\/2026\/08\/olomouc-s-detmi-muzeum-umeni-300x200.jpg 300w, https:\/\/loudavymkrokem.cz\/wp-content\/uploads\/2026\/08\/olomouc-s-detmi-muzeum-umeni-700x467.jpg 700w, https:\/\/loudavymkrokem.cz\/wp-content\/uploads\/2026\/08\/olomouc-s-detmi-muzeum-umeni-768x512.jpg 768w, https:\/\/loudavymkrokem.cz\/wp-content\/uploads\/2026\/08\/olomouc-s-detmi-muzeum-umeni-1536x1024.jpg 1536w, https:\/\/loudavymkrokem.cz\/wp-content\/uploads\/2026\/08\/olomouc-s-detmi-muzeum-umeni-2048x1366.jpg 2048w, https:\/\/loudavymkrokem.cz\/wp-content\/uploads\/2026\/08\/olomouc-s-detmi-muzeum-umeni-696x464.jpg 696w, https:\/\/loudavymkrokem.cz\/wp-content\/uploads\/2026\/08\/olomouc-s-detmi-muzeum-umeni-1392x928.jpg 1392w, https:\/\/loudavymkrokem.cz\/wp-content\/uploads\/2026\/08\/olomouc-s-detmi-muzeum-umeni-1920x1280.jpg 1920w\" sizes=\"(max-width: 2200px) 100vw, 2200px\" \/><button\n\t\t\tclass=\"lightbox-trigger\"\n\t\t\ttype=\"button\"\n\t\t\taria-haspopup=\"dialog\"\n\t\t\tdata-wp-bind--aria-label=\"state.thisImage.triggerButtonAriaLabel\"\n\t\t\tdata-wp-init=\"callbacks.initTriggerButton\"\n\t\t\tdata-wp-on--click=\"actions.showLightbox\"\n\t\t\tdata-wp-style--right=\"state.thisImage.buttonRight\"\n\t\t\tdata-wp-style--top=\"state.thisImage.buttonTop\"\n\t\t>\n\t\t\t<svg xmlns=\"http:\/\/www.w3.org\/2000\/svg\" width=\"12\" height=\"12\" fill=\"none\" viewBox=\"0 0 12 12\">\n\t\t\t\t<path fill=\"#fff\" d=\"M2 0a2 2 0 0 0-2 2v2h1.5V2a.5.5 0 0 1 .5-.5h2V0H2Zm2 10.5H2a.5.5 0 0 1-.5-.5V8H0v2a2 2 0 0 0 2 2h2v-1.5ZM8 12v-1.5h2a.5.5 0 0 0 .5-.5V8H12v2a2 2 0 0 1-2 2H8Zm2-12a2 2 0 0 1 2 2v2h-1.5V2a.5.5 0 0 0-.5-.5H8V0h2Z\" \/>\n\t\t\t<\/svg>\n\t\t<\/button><figcaption class=\"wp-element-caption\">Olomouck\u00e9 m\u00faze\u00e1 s\u00eddlia v historick\u00fdch budov\u00e1ch priamo v centre<\/figcaption><\/figure>\n\n\n\n<p class=\"wp-block-paragraph\">Ak chce\u0161 rad\u0161ej trochu tej kult\u00fary a vzdelania v suchu, Vlastivedn\u00e9 m\u00fazeum na n\u00e1mest\u00ed Republiky 5 je v\u00fdborn\u00e1 vo\u013eba, ktor\u00fa si pochva\u013euje cez 900 n\u00e1v\u0161tevn\u00edkov s priemernou zn\u00e1mkou 4,5. Nie je to \u017eiadna zapr\u00e1\u0161en\u00e1 nuda pln\u00e1 z\u00e1kazov siahania na vitr\u00edny.<\/p>\n\n\n\n<p class=\"wp-block-paragraph\">M\u00fazeum ve\u013emi pekne a p\u00fatavo mapuje hist\u00f3riu mesta aj cel\u00e9ho kraja a m\u00e1 kr\u00e1snu expoz\u00edciu pr\u00edrody. Expoz\u00edcie sa sna\u017eia \u00eds\u0165 s dobou, tak\u017ee v nich n\u00e1jde\u0161 sp\u00fastu interakt\u00edvnych prvkov, dotykov\u00fdch obrazoviek a uk\u00e1\u017eok, ktor\u00e9 deti dok\u00e1\u017eu bez probl\u00e9mov udr\u017ea\u0165 v pozornosti.<\/p>\n\n\n\n<h3 class=\"wp-block-heading\"><span class=\"ez-toc-section\" id=\"20_Strasidelny_dom\"><\/span>20. Stra\u0161ideln\u00fd dom<span class=\"ez-toc-section-end\"><\/span><\/h3>\n\n\n\n<figure data-wp-context=\"{&quot;imageId&quot;:&quot;6a952c66d6440&quot;}\" data-wp-interactive=\"core\/image\" data-wp-key=\"6a952c66d6440\" class=\"wp-block-image size-full wp-lightbox-container\"><img decoding=\"async\" width=\"1024\" height=\"1536\" data-wp-class--hide=\"state.isContentHidden\" data-wp-class--show=\"state.isContentVisible\" data-wp-init=\"callbacks.setButtonStyles\" data-wp-on--click=\"actions.showLightbox\" data-wp-on--load=\"callbacks.setButtonStyles\" data-wp-on--pointerdown=\"actions.preloadImage\" data-wp-on--pointerenter=\"actions.preloadImageWithDelay\" data-wp-on--pointerleave=\"actions.cancelPreload\" data-wp-on-window--resize=\"callbacks.setButtonStyles\" src=\"https:\/\/loudavymkrokem.cz\/wp-content\/uploads\/2026\/08\/olomouc-s-detmi-strasidelny-dum.jpg\" alt=\"Stra\u0161ideln\u00e1 postava v olomouckom Stra\u0161idelnom dome\" class=\"wp-image-403603\" title=\"\" srcset=\"https:\/\/loudavymkrokem.cz\/wp-content\/uploads\/2026\/08\/olomouc-s-detmi-strasidelny-dum.jpg 1024w, https:\/\/loudavymkrokem.cz\/wp-content\/uploads\/2026\/08\/olomouc-s-detmi-strasidelny-dum-200x300.jpg 200w, https:\/\/loudavymkrokem.cz\/wp-content\/uploads\/2026\/08\/olomouc-s-detmi-strasidelny-dum-700x1050.jpg 700w, https:\/\/loudavymkrokem.cz\/wp-content\/uploads\/2026\/08\/olomouc-s-detmi-strasidelny-dum-768x1152.jpg 768w, https:\/\/loudavymkrokem.cz\/wp-content\/uploads\/2026\/08\/olomouc-s-detmi-strasidelny-dum-696x1044.jpg 696w\" sizes=\"(max-width: 1024px) 100vw, 1024px\" \/><button\n\t\t\tclass=\"lightbox-trigger\"\n\t\t\ttype=\"button\"\n\t\t\taria-haspopup=\"dialog\"\n\t\t\tdata-wp-bind--aria-label=\"state.thisImage.triggerButtonAriaLabel\"\n\t\t\tdata-wp-init=\"callbacks.initTriggerButton\"\n\t\t\tdata-wp-on--click=\"actions.showLightbox\"\n\t\t\tdata-wp-style--right=\"state.thisImage.buttonRight\"\n\t\t\tdata-wp-style--top=\"state.thisImage.buttonTop\"\n\t\t>\n\t\t\t<svg xmlns=\"http:\/\/www.w3.org\/2000\/svg\" width=\"12\" height=\"12\" fill=\"none\" viewBox=\"0 0 12 12\">\n\t\t\t\t<path fill=\"#fff\" d=\"M2 0a2 2 0 0 0-2 2v2h1.5V2a.5.5 0 0 1 .5-.5h2V0H2Zm2 10.5H2a.5.5 0 0 1-.5-.5V8H0v2a2 2 0 0 0 2 2h2v-1.5ZM8 12v-1.5h2a.5.5 0 0 0 .5-.5V8H12v2a2 2 0 0 1-2 2H8Zm2-12a2 2 0 0 1 2 2v2h-1.5V2a.5.5 0 0 0-.5-.5H8V0h2Z\" \/>\n\t\t\t<\/svg>\n\t\t<\/button><figcaption class=\"wp-element-caption\">Stra\u0161ideln\u00fd dom je naozaj len pre v\u00e4\u010d\u0161ie deti | Foto: Stra\u0161ideln\u00fd d\u016fm Olomouc<\/figcaption><\/figure>\n\n\n\n<p class=\"wp-block-paragraph\">M\u00e1\u0161 doma u\u017e trochu star\u0161ie deti, ktor\u00e9 klasick\u00e9 herni\u010dky nudia a vyh\u013ead\u00e1vaj\u00fa sk\u00f4r adrenal\u00edn? Potom vyraz na ulicu Komensk\u00e9ho 865, kde n\u00e1jde\u0161 Stra\u0161ideln\u00fd dom s \u00faplne neuverite\u013en\u00fdm hodnoten\u00edm <strong>4,9 z viac ne\u017e 400 recenzi\u00ed<\/strong>. Znovu ale \u00faprimne varujem, toto je <strong>naozaj len pre v\u00e4\u010d\u0161ie a odv\u00e1\u017enej\u0161ie deti<\/strong>, tie mal\u00e9 by to zaru\u010dene vydesilo k pla\u010du.<\/p>\n\n\n\n<p class=\"wp-block-paragraph\">Ide o temn\u00fa adrenal\u00ednov\u00fa prehliadku s prepracovan\u00fdm hororov\u00fdm pr\u00edbehom, ktor\u00e9ho t\u00e9ma sa navy\u0161e ka\u017ed\u00fd rok inovuje a men\u00ed, tak\u017ee to neomrz\u00ed. Ak by si h\u013eadal e\u0161te \u010fal\u0161iu z\u00e1bavu pre t\u00edned\u017eerov, k\u00fasok \u010falej v meste funguje aj perfektne hodnoten\u00e1 \u00fanikov\u00e1 hra <strong>Mistr \u00faniku<\/strong>, kde musia zapoji\u0165 hlavy, aby sa dostali von v \u010dasovom limite.<\/p>\n\n\n\n<!-- LKM_GYG_CARD start q=\"olomouc detmi\" lang=\"sk\" rendered=\"2026-08-31T05:23:31+00:00\" v=\"1\" -->\n\n<!-- LKM_GYG_CARD end -->\n\n\n\n\n<div class=\"lk-stays-module\">\n<style>\n\/* \u2500\u2500\u2500 RESET PRO GUTENBERG \u2500\u2500\u2500 *\/\n.lk-stays-module * { box-sizing: border-box; margin: 0; padding: 0; }\n\n\/* \u2500\u2500\u2500 WRAPPER \u2500\u2500\u2500 *\/\n.lk-stays-module {\n  font-family: 'DM Sans', Georgia, sans-serif;\n  max-width: 100%;\n  margin: 2.5rem auto;\n  background: linear-gradient(135deg, #fdfaf5 0%, #fcf8f0 100%);\n  border: 1px solid #e8dfd4;\n  border-radius: 16px;\n  overflow: hidden;\n  box-shadow: 0 16px 48px rgba(195, 159, 118, 0.25), 0 4px 12px rgba(0,0,0,0.08);\n}\n\n\/* \u2500\u2500\u2500 HEADER \u2500\u2500\u2500 *\/\n.lk-stays-header {\n  position: relative;\n  padding: 24px 36px 24px;\n  background: linear-gradient(135deg, #c39f76 0%, #d4b188 60%, #c39f76 100%);\n  border-bottom: 1px solid rgba(255,255,255,.15);\n  display: flex;\n  align-items: center;\n  gap: 18px;\n}\n.lk-stays-header::before {\n  content: '';\n  position: absolute;\n  inset: 0;\n  background: url(\"data:image\/svg+xml,%3Csvg width='60' height='60' viewBox='0 0 60 60' xmlns='http:\/\/www.w3.org\/2000\/svg'%3E%3Cg fill='none' fill-rule='evenodd'%3E%3Cg fill='%23ffffff' fill-opacity='0.05'%3E%3Cpath d='M36 34v-4h-2v4h-4v2h4v4h2v-4h4v-2h-4zm0-30V0h-2v4h-4v2h4v4h2V6h4V4h-4zM6 34v-4H4v4H0v2h4v4h2v-4h4v-2H6zM6 4V0H4v4H0v2h4v4h2V6h4V4H6z'\/%3E%3C\/g%3E%3C\/g%3E%3C\/svg%3E\") repeat;\n  pointer-events: none;\n}\n.lk-stays-icon {\n  flex-shrink: 0;\n  width: 68px;\n  height: 68px;\n  border-radius: 14px;\n  background: linear-gradient(135deg, #fff 0%, #f9f6f0 100%);\n  display: flex;\n  align-items: center;\n  justify-content: center;\n  font-size: 26px;\n  box-shadow: 0 4px 12px rgba(0,0,0,0.15);\n}\n.lk-stays-eyebrow {\n  font-size: 10px;\n  font-weight: 500;\n  letter-spacing: 2.5px;\n  text-transform: uppercase;\n  color: rgba(255,255,255,.85);\n  margin: 0 0 5px 0;\n}\n.lk-stays-title {\n  font-family: 'Playfair Display', Georgia, serif;\n  font-size: 24px;\n  font-weight: 700;\n  color: #fff;\n  line-height: 1.2;\n  text-shadow: 0 1px 2px rgba(0,0,0,0.1);\n  margin: 0;\n}\n.lk-stays-subtitle {\n  font-size: 13px;\n  color: rgba(255,255,255,.75);\n  margin: 4px 0 0 0;\n  font-weight: 300;\n}\n\n\/* \u2500\u2500\u2500 CARDS GRID \u2500\u2500\u2500 *\/\n.lk-stays-grid {\n  display: grid;\n  grid-template-columns: 1fr 1fr;\n  gap: 1px;\n  background: rgba(195, 159, 118, 0.12);\n}\n\n\/* \u2500\u2500\u2500 SINGLE CARD \u2500\u2500\u2500 *\/\n.lk-stay-card {\n  background: #ffffff;\n  padding: 26px;\n  display: flex;\n  flex-direction: column;\n  gap: 11px;\n  transition: all 0.3s ease;\n  text-decoration: none;\n  color: inherit;\n  position: relative;\n}\n.lk-stay-card:hover {\n  background: #fffbf5;\n  transform: translateY(-2px);\n  box-shadow: 0 8px 24px rgba(195, 159, 118, 0.18);\n  z-index: 1;\n}\n.lk-stay-card.featured {\n  background: linear-gradient(135deg, #fffdf9 0%, #fff9f0 100%);\n  box-shadow: 0 4px 16px rgba(195, 159, 118, 0.15), inset 0 1px 0 rgba(195, 159, 118, 0.1);\n}\n.lk-stay-card.featured:hover {\n  background: linear-gradient(135deg, #fffbf5 0%, #fff8ed 100%);\n  box-shadow: 0 8px 24px rgba(195, 159, 118, 0.25), inset 0 1px 0 rgba(195, 159, 118, 0.15);\n}\n\n.lk-stay-badge {\n  display: inline-flex;\n  align-items: center;\n  gap: 5px;\n  font-size: 10px;\n  font-weight: 500;\n  letter-spacing: 1.5px;\n  text-transform: uppercase;\n  padding: 5px 11px;\n  border-radius: 20px;\n  width: fit-content;\n}\n.badge-top     { background: linear-gradient(135deg, #c39f76 0%, #d4b188 100%); color: #fff; border: 1px solid #c39f76; font-weight: 600; box-shadow: 0 2px 8px rgba(195,159,118,0.3); }\n.badge-luxury  { background: rgba(195,159,118,.12); color: #c39f76; border: 1px solid rgba(195,159,118,.25); }\n.badge-boutique{ background: rgba(54,133,252,.08); color: #3685fc; border: 1px solid rgba(54,133,252,.2); }\n.badge-nature  { background: rgba(130,190,100,.1); color: #6b9c4a; border: 1px solid rgba(130,190,100,.2); }\n.badge-remote  { background: rgba(195,159,118,.12); color: #a67e50; border: 1px solid rgba(195,159,118,.25); }\n\n.lk-stay-name {\n  font-family: 'Playfair Display', Georgia, serif;\n  font-size: 18px;\n  font-weight: 700;\n  color: #111827;\n  line-height: 1.3;\n}\n.lk-stay-desc {\n  font-size: 13.5px;\n  color: #525252;\n  line-height: 1.65;\n  font-weight: 300;\n  flex: 1;\n}\n\n.lk-stay-meta {\n  display: flex;\n  align-items: center;\n  gap: 12px;\n  flex-wrap: wrap;\n  margin-top: 4px;\n}\n.lk-stay-price {\n  font-size: 13px;\n  color: #6b7280;\n}\n.lk-stay-price strong {\n  color: #c39f76;\n  font-weight: 500;\n}\n.lk-stay-stars {\n  color: #c39f76;\n  font-size: 11px;\n  letter-spacing: 1px;\n}\n\n\/* \u2500\u2500\u2500 CTA BUTTON \u2500\u2500\u2500 *\/\n.lk-stay-cta {\n  display: inline-flex;\n  align-items: center;\n  justify-content: center;\n  gap: 7px;\n  margin-top: 8px;\n  padding: 11px 20px;\n  border-radius: 8px;\n  background: linear-gradient(135deg, #3685fc 0%, #2a6fd9 100%);\n  color: #fff;\n  font-size: 13px;\n  font-weight: 500;\n  text-decoration: none;\n  letter-spacing: .3px;\n  transition: all .2s ease;\n  cursor: pointer;\n  border: none;\n  text-align: center;\n  box-shadow: 0 4px 12px rgba(54, 133, 252, 0.25);\n}\n.lk-stay-cta:hover {\n  background: linear-gradient(135deg, #2a6fd9 0%, #1e5bc4 100%);\n  transform: translateY(-1px);\n  box-shadow: 0 6px 16px rgba(54, 133, 252, 0.35);\n}\n.lk-stay-cta svg { flex-shrink: 0; }\n\n\/* \u2500\u2500\u2500 FOOTER \u2500\u2500\u2500 *\/\n.lk-stays-footer {\n  padding: 18px 36px;\n  background: linear-gradient(to bottom, #fdfaf5 0%, #f9f4ed 100%);\n  border-top: 1px solid rgba(195, 159, 118, 0.15);\n  display: flex;\n  align-items: center;\n  justify-content: space-between;\n  flex-wrap: wrap;\n  gap: 12px;\n}\n.lk-stays-footer-note {\n  font-size: 11.5px;\n  color: #6b7280;\n  font-weight: 300;\n  line-height: 1.5;\n}\n.lk-stays-footer-note a {\n  color: #c39f76;\n  text-decoration: none;\n  font-weight: 400;\n}\n.lk-stays-footer-note a:hover {\n  text-decoration: underline;\n}\n.lk-stays-all-btn {\n  display: inline-flex;\n  align-items: center;\n  gap: 6px;\n  font-size: 12.5px;\n  font-weight: 500;\n  color: #c39f76;\n  text-decoration: none;\n  border: 1px solid rgba(195, 159, 118, 0.35);\n  padding: 8px 18px;\n  border-radius: 8px;\n  transition: all .2s ease;\n}\n.lk-stays-all-btn:hover {\n  background: rgba(195, 159, 118, 0.08);\n  border-color: rgba(195, 159, 118, 0.5);\n}\n\n\/* \u2500\u2500\u2500 RESPONSIVE \u2500\u2500\u2500 *\/\n@media (max-width: 600px) {\n  .lk-stays-grid { grid-template-columns: 1fr; }\n  .lk-stays-header { padding: 24px 20px; }\n  .lk-stays-footer { padding: 16px 20px; }\n  .lk-stay-card { padding: 22px; }\n  .lk-stays-title { font-size: 20px; }\n}\n<\/style>\n\n  <!-- HEADER -->\n  <div class=\"lk-stays-header\">\n    <img decoding=\"async\" src=\"https:\/\/loudavymkrokem.cz\/wp-content\/uploads\/2026\/02\/lukas-a-lucka.jpg\" alt=\"\" style=\"width: 75px; height: 75px; border-radius: 8px; flex-shrink: 0; object-fit: cover; display: block; margin: 4px 0;\" title=\"\">\n    <div class=\"lk-stays-header-text\">\n      <div class=\"lk-stays-eyebrow\">Luk\u00e1\u0161 a Lucie odpor\u00fa\u010daj\u00fa<\/div>\n      <div class=\"lk-stays-title\">Kde sa ubytova\u0165 v Olomouci<\/div>\n      <div class=\"lk-stays-subtitle\">2 ubytovania \u2014 wellness hotely a \u010fal\u0161ie mo\u017enosti ubytovania<\/div>\n    <\/div>\n  <\/div>\n\n  <!-- CARDS -->\n  <div class=\"lk-stays-grid\">\n\n    <a class=\"lk-stay-card featured\" href=\"https:\/\/www.stay22.com\/allez\/roam?aid=lukaskonecny&#038;campaign=loudavymkrokemcz&#038;campaign=sk&#038;campaign=olomoucsdetmi&#038;hotelname=OREA%20Hotel%20Arigone%20Olomouc&#038;address=Olomouc%2C%20Cesko&#038;category=accommodation\" target=\"_blank\" rel=\"nofollow noopener\">\n      <span class=\"lk-stay-badge badge-top\">\u2b50 TOP VO\u013dBA<\/span>\n      <span class=\"lk-stay-badge badge-nature\">\u2b50 Luxury<\/span>\n      <div class=\"lk-stay-name\">OREA Hotel Arigone<\/div>\n      <div class=\"lk-stay-desc\">Hotel v historickom centre s wellness izbami, vlastnou v\u00edrivkou a saunou. Deti do 5,99 rokov zadarmo, fantastick\u00e9 ra\u0148ajky.<\/div>\n      <div class=\"lk-stay-meta\">\n        <span class=\"lk-stay-stars\">\u2605\u2605\u2605\u2605<\/span>\n        <span class=\"lk-stay-price\">Skontrolova\u0165 ceny<\/span>\n      <\/div>\n      <span class=\"lk-stay-cta\">\n        <svg width=\"14\" height=\"14\" viewBox=\"0 0 24 24\" fill=\"none\" stroke=\"currentColor\" stroke-width=\"2\"><path d=\"M18 13v6a2 2 0 0 1-2 2H5a2 2 0 0 1-2-2V8a2 2 0 0 1 2-2h6\"\/><polyline points=\"15 3 21 3 21 9\"\/><line x1=\"10\" y1=\"14\" x2=\"21\" y2=\"3\"\/><\/svg>\n        Skontrolova\u0165 dostupnos\u0165\n      <\/span>\n    <\/a>\n\n    <a class=\"lk-stay-card\" href=\"https:\/\/www.stay22.com\/allez\/roam?aid=lukaskonecny&#038;campaign=loudavymkrokemcz&#038;campaign=sk&#038;campaign=olomouc-s-detmi&#038;address=Olomouc%2C%20Cesko\" target=\"_blank\" rel=\"nofollow noopener\">\n      <span class=\"lk-stay-badge badge-nature\">\ud83c\udfe1 Pension\/B&#038;B<\/span>\n      <div class=\"lk-stay-name\">\u010eal\u0161ie ubytovanie v Olomouci<\/div>\n      <div class=\"lk-stay-desc\">Rodinn\u00e9 apartm\u00e1ny v centre s mo\u017enos\u0165ou vlastn\u00e9ho varenia. Vhodn\u00e9 pre rodiny s men\u0161\u00edmi de\u0165mi.<\/div>\n      <div class=\"lk-stay-meta\">\n        <span class=\"lk-stay-stars\">\u2605\u2605\u2605\u2605<\/span>\n        <span class=\"lk-stay-price\">Skontrolova\u0165 ceny<\/span>\n      <\/div>\n      <span class=\"lk-stay-cta\">\n        <svg width=\"14\" height=\"14\" viewBox=\"0 0 24 24\" fill=\"none\" stroke=\"currentColor\" stroke-width=\"2\"><path d=\"M18 13v6a2 2 0 0 1-2 2H5a2 2 0 0 1-2-2V8a2 2 0 0 1 2-2h6\"\/><polyline points=\"15 3 21 3 21 9\"\/><line x1=\"10\" y1=\"14\" x2=\"21\" y2=\"3\"\/><\/svg>\n        Skontrolova\u0165 dostupnos\u0165\n      <\/span>\n    <\/a>\n\n  <\/div>\n\n  \n<\/div>\n\n\n\n\n<h2 class=\"wp-block-heading\"><span class=\"ez-toc-section\" id=\"Voda_sport_a_vyvadzanie\"><\/span>Voda, \u0161port a vyv\u00e1dzanie<span class=\"ez-toc-section-end\"><\/span><\/h2>\n\n\n\n<p class=\"wp-block-paragraph\">Ke\u010f ortu\u0165 teplomeru \u0161plh\u00e1 vysoko alebo naopak potrebuje\u0161 unavi\u0165 deti akt\u00edvnym \u0161portom, Olomouc pon\u00faka par\u00e1dne mo\u017enosti, kde sa vy\u0161anti\u0165. \u010ci u\u017e si milovn\u00edk tobog\u00e1nov alebo sk\u00f4r uprednost\u0148uje\u0161 bicykle a prelieza\u010dky, nudi\u0165 sa tu rozhodne nebude\u0161.<\/p>\n\n\n\n<h3 class=\"wp-block-heading\"><span class=\"ez-toc-section\" id=\"21_Aquapark_Olomouc\"><\/span>21. Aquapark Olomouc<span class=\"ez-toc-section-end\"><\/span><\/h3>\n\n\n\n<figure data-wp-context=\"{&quot;imageId&quot;:&quot;6a952c66d68f3&quot;}\" data-wp-interactive=\"core\/image\" data-wp-key=\"6a952c66d68f3\" class=\"wp-block-image size-full wp-lightbox-container\"><img decoding=\"async\" width=\"1800\" height=\"1013\" data-wp-class--hide=\"state.isContentHidden\" data-wp-class--show=\"state.isContentVisible\" data-wp-init=\"callbacks.setButtonStyles\" data-wp-on--click=\"actions.showLightbox\" data-wp-on--load=\"callbacks.setButtonStyles\" data-wp-on--pointerdown=\"actions.preloadImage\" data-wp-on--pointerenter=\"actions.preloadImageWithDelay\" data-wp-on--pointerleave=\"actions.cancelPreload\" data-wp-on-window--resize=\"callbacks.setButtonStyles\" src=\"https:\/\/loudavymkrokem.cz\/wp-content\/uploads\/2026\/08\/olomouc-s-detmi-aquapark.jpg\" alt=\"Budova Aquaparku Olomouc v Slavon\u00edne\" class=\"wp-image-401126\" title=\"\" srcset=\"https:\/\/loudavymkrokem.cz\/wp-content\/uploads\/2026\/08\/olomouc-s-detmi-aquapark.jpg 1800w, https:\/\/loudavymkrokem.cz\/wp-content\/uploads\/2026\/08\/olomouc-s-detmi-aquapark-300x169.jpg 300w, https:\/\/loudavymkrokem.cz\/wp-content\/uploads\/2026\/08\/olomouc-s-detmi-aquapark-700x394.jpg 700w, https:\/\/loudavymkrokem.cz\/wp-content\/uploads\/2026\/08\/olomouc-s-detmi-aquapark-768x432.jpg 768w, https:\/\/loudavymkrokem.cz\/wp-content\/uploads\/2026\/08\/olomouc-s-detmi-aquapark-1536x864.jpg 1536w, https:\/\/loudavymkrokem.cz\/wp-content\/uploads\/2026\/08\/olomouc-s-detmi-aquapark-696x392.jpg 696w, https:\/\/loudavymkrokem.cz\/wp-content\/uploads\/2026\/08\/olomouc-s-detmi-aquapark-1392x783.jpg 1392w\" sizes=\"(max-width: 1800px) 100vw, 1800px\" \/><button\n\t\t\tclass=\"lightbox-trigger\"\n\t\t\ttype=\"button\"\n\t\t\taria-haspopup=\"dialog\"\n\t\t\tdata-wp-bind--aria-label=\"state.thisImage.triggerButtonAriaLabel\"\n\t\t\tdata-wp-init=\"callbacks.initTriggerButton\"\n\t\t\tdata-wp-on--click=\"actions.showLightbox\"\n\t\t\tdata-wp-style--right=\"state.thisImage.buttonRight\"\n\t\t\tdata-wp-style--top=\"state.thisImage.buttonTop\"\n\t\t>\n\t\t\t<svg xmlns=\"http:\/\/www.w3.org\/2000\/svg\" width=\"12\" height=\"12\" fill=\"none\" viewBox=\"0 0 12 12\">\n\t\t\t\t<path fill=\"#fff\" d=\"M2 0a2 2 0 0 0-2 2v2h1.5V2a.5.5 0 0 1 .5-.5h2V0H2Zm2 10.5H2a.5.5 0 0 1-.5-.5V8H0v2a2 2 0 0 0 2 2h2v-1.5ZM8 12v-1.5h2a.5.5 0 0 0 .5-.5V8H12v2a2 2 0 0 1-2 2H8Zm2-12a2 2 0 0 1 2 2v2h-1.5V2a.5.5 0 0 0-.5-.5H8V0h2Z\" \/>\n\t\t\t<\/svg>\n\t\t<\/button><figcaption class=\"wp-element-caption\">Aquapark v Slavon\u00edne m\u00e1 kryt\u00fa aj vonkaj\u0161iu \u010das\u0165 a detsk\u00fd svet Akv\u00e1rko<\/figcaption><\/figure>\n\n\n\n<p class=\"wp-block-paragraph\">Ve\u013ek\u00fd <a href=\"https:\/\/www.aqua-olomouc.cz\/\" target=\"_blank\" rel=\"nofollow noopener\">olomouck\u00fd vodn\u00fd svet<\/a> n\u00e1jde\u0161 na adrese Kafkova 526\/21 v \u0161tvrti Slavon\u00edn. Je to obrovsk\u00fd komplex s hodnoten\u00edm 4,2 od takmer \u0161tyroch tis\u00edc \u013eud\u00ed, ktor\u00fd kombinuje roz\u013eahl\u00fa kryt\u00fa \u010das\u0165 na zimu a par\u00e1dny vonkaj\u0161\u00ed are\u00e1l na leto. N\u00e1jde\u0161 tu poriadne tobog\u00e1ny, sp\u00fastu r\u00fdchlych \u0161myk\u013eaviek, z\u00f3nu so saunami pre dospel\u00fdch, aktivity park aj re\u0161taur\u00e1ciu, kde \u013eahko za\u017eenie\u0161 vl\u010d\u00ed hlad po pl\u00e1van\u00ed.<\/p>\n\n\n\n<p class=\"wp-block-paragraph\">Pre najmen\u0161\u00edch je tu pripraven\u00fd \u0161peci\u00e1lny detsk\u00fd svet <strong>Akv\u00e1rko<\/strong>. \u010co sa t\u00fdka teploty vody, <strong>detsk\u00fd baz\u00e9n m\u00e1 kr\u00e1snych 32 \u00b0C<\/strong>, mas\u00e1\u017eny baz\u00e9n tie\u017e 32 \u00b0C a whirlpooly hrej\u00fa a\u017e na 34\u201336 \u00b0C. Z recenzi\u00ed od rodi\u010dov ale vypl\u00fdva jedno d\u00f4le\u017eit\u00e9 varovanie: ve\u013ek\u00fd rekrea\u010dn\u00fd baz\u00e9n m\u00e1 iba 28 \u00b0C, \u010do m\u00f4\u017ee by\u0165 pre men\u0161ie deti po chv\u00edli pocitovo chladn\u00e9, preto je s t\u00fdmi \u00faplne najmen\u0161\u00edmi lep\u0161ie tr\u00e1vi\u0165 \u010das prim\u00e1rne v oddelenom Akv\u00e1rku. Aquapark m\u00e1 jednu praktick\u00fa v\u00fdhodu, ktor\u00fa s de\u0165mi v aute ocen\u00ed\u0161: z\u00edde\u0161 k nemu rovno z dia\u013enice a zaparkuje\u0161 bez h\u013eadania miesta.<\/p>\n\n\n\n<h3 class=\"wp-block-heading\"><span class=\"ez-toc-section\" id=\"22_Centrum_Semafor\"><\/span>22. Centrum Semafor<span class=\"ez-toc-section-end\"><\/span><\/h3>\n\n\n\n<figure data-wp-context=\"{&quot;imageId&quot;:&quot;6a952c66d6c8b&quot;}\" data-wp-interactive=\"core\/image\" data-wp-key=\"6a952c66d6c8b\" class=\"wp-block-image size-full wp-lightbox-container\"><img decoding=\"async\" width=\"1216\" height=\"913\" data-wp-class--hide=\"state.isContentHidden\" data-wp-class--show=\"state.isContentVisible\" data-wp-init=\"callbacks.setButtonStyles\" data-wp-on--click=\"actions.showLightbox\" data-wp-on--load=\"callbacks.setButtonStyles\" data-wp-on--pointerdown=\"actions.preloadImage\" data-wp-on--pointerenter=\"actions.preloadImageWithDelay\" data-wp-on--pointerleave=\"actions.cancelPreload\" data-wp-on-window--resize=\"callbacks.setButtonStyles\" src=\"https:\/\/loudavymkrokem.cz\/wp-content\/uploads\/2026\/08\/olomouc-s-detmi-centrum-semafor.jpg\" alt=\"Dopravn\u00e9 ihrisko Centrum Semafor v Olomouci so semaformi a zna\u010dkami\" class=\"wp-image-403597\" title=\"\" srcset=\"https:\/\/loudavymkrokem.cz\/wp-content\/uploads\/2026\/08\/olomouc-s-detmi-centrum-semafor.jpg 1216w, https:\/\/loudavymkrokem.cz\/wp-content\/uploads\/2026\/08\/olomouc-s-detmi-centrum-semafor-300x225.jpg 300w, https:\/\/loudavymkrokem.cz\/wp-content\/uploads\/2026\/08\/olomouc-s-detmi-centrum-semafor-700x526.jpg 700w, https:\/\/loudavymkrokem.cz\/wp-content\/uploads\/2026\/08\/olomouc-s-detmi-centrum-semafor-768x577.jpg 768w, https:\/\/loudavymkrokem.cz\/wp-content\/uploads\/2026\/08\/olomouc-s-detmi-centrum-semafor-80x60.jpg 80w, https:\/\/loudavymkrokem.cz\/wp-content\/uploads\/2026\/08\/olomouc-s-detmi-centrum-semafor-160x120.jpg 160w, https:\/\/loudavymkrokem.cz\/wp-content\/uploads\/2026\/08\/olomouc-s-detmi-centrum-semafor-696x523.jpg 696w\" sizes=\"(max-width: 1216px) 100vw, 1216px\" \/><button\n\t\t\tclass=\"lightbox-trigger\"\n\t\t\ttype=\"button\"\n\t\t\taria-haspopup=\"dialog\"\n\t\t\tdata-wp-bind--aria-label=\"state.thisImage.triggerButtonAriaLabel\"\n\t\t\tdata-wp-init=\"callbacks.initTriggerButton\"\n\t\t\tdata-wp-on--click=\"actions.showLightbox\"\n\t\t\tdata-wp-style--right=\"state.thisImage.buttonRight\"\n\t\t\tdata-wp-style--top=\"state.thisImage.buttonTop\"\n\t\t>\n\t\t\t<svg xmlns=\"http:\/\/www.w3.org\/2000\/svg\" width=\"12\" height=\"12\" fill=\"none\" viewBox=\"0 0 12 12\">\n\t\t\t\t<path fill=\"#fff\" d=\"M2 0a2 2 0 0 0-2 2v2h1.5V2a.5.5 0 0 1 .5-.5h2V0H2Zm2 10.5H2a.5.5 0 0 1-.5-.5V8H0v2a2 2 0 0 0 2 2h2v-1.5ZM8 12v-1.5h2a.5.5 0 0 0 .5-.5V8H12v2a2 2 0 0 1-2 2H8Zm2-12a2 2 0 0 1 2 2v2h-1.5V2a.5.5 0 0 0-.5-.5H8V0h2Z\" \/>\n\t\t\t<\/svg>\n\t\t<\/button><figcaption class=\"wp-element-caption\">Jedin\u00e9 dopravn\u00e9 ihrisko v Olomouci m\u00e1 funk\u010dn\u00e9 semafory aj priecestie | Foto: Centrum Semafor Olomouc<\/figcaption><\/figure>\n\n\n\n<p class=\"wp-block-paragraph\">Ak tvoje deti miluj\u00fa jazdu na \u010domko\u013evek, \u010do m\u00e1 koles\u00e1, nesmie\u0161 vynecha\u0165 Centrum Semafor na Legion\u00e1rskej 15 (fantastick\u00e9 hodnotenie <strong>4,8 zo 140 recenzi\u00ed<\/strong>). Je to <strong>jedin\u00e9 \u0161pecializovan\u00e9 dopravn\u00e9 ihrisko v celej Olomouci<\/strong> a je naozaj na \u00farovni. Cesty tu lemuj\u00fa re\u00e1lne zna\u010dky, na kri\u017eovatk\u00e1ch blikaj\u00fa funk\u010dn\u00e9 semafory, nech\u00fdbaj\u00fa priechody ani \u017eelezni\u010dn\u00e9 priecestie so zvukov\u00fdmi a sveteln\u00fdmi prvkami.<\/p>\n\n\n\n<p class=\"wp-block-paragraph\">Ak so sebou nem\u00e1\u0161 vlastn\u00fd vozov\u00fd park, v\u00f4bec to nevad\u00ed. Funguje tu skvel\u00e1 <strong>po\u017ei\u010dov\u0148a za 2 \u20ac (50 K\u010d) na hodinu alebo 8 \u20ac (200 K\u010d) na cel\u00fd de\u0148<\/strong>. Po\u017ei\u010da\u0165 detsk\u00e9 bicykle do 24 palcov vyjde dokonca na polovi\u010dn\u00fa cenu, a k dispoz\u00edcii maj\u00fa okolo 50 bicyklov, \u010falej kolobe\u017eky, ob\u013e\u00faben\u00e9 \u0161liapacie motok\u00e1ry a dokonca aj handbiky. Otvoren\u00e9 maj\u00fa od apr\u00edla do j\u00fana a na jese\u0148 v septembri a okt\u00f3bri (pracovn\u00e9 dni 14\u201318, v\u00edkendy a sviatky 10\u201312 a 14\u201318), v letn\u00fdch pr\u00e1zdninov\u00fdch mesiacoch sa prev\u00e1dzkov\u00e1 doba mierne l\u00ed\u0161i, preto si ju rad\u0161ej over.<\/p>\n\n\n\n<h3 class=\"wp-block-heading\"><span class=\"ez-toc-section\" id=\"23_Lanovy_park_Veverak\"><\/span>23. Lanov\u00fd park Vever\u00e1k<span class=\"ez-toc-section-end\"><\/span><\/h3>\n\n\n\n<figure data-wp-context=\"{&quot;imageId&quot;:&quot;6a952c66d7030&quot;}\" data-wp-interactive=\"core\/image\" data-wp-key=\"6a952c66d7030\" class=\"wp-block-image size-full wp-lightbox-container\"><img decoding=\"async\" width=\"1800\" height=\"1013\" data-wp-class--hide=\"state.isContentHidden\" data-wp-class--show=\"state.isContentVisible\" data-wp-init=\"callbacks.setButtonStyles\" data-wp-on--click=\"actions.showLightbox\" data-wp-on--load=\"callbacks.setButtonStyles\" data-wp-on--pointerdown=\"actions.preloadImage\" data-wp-on--pointerenter=\"actions.preloadImageWithDelay\" data-wp-on--pointerleave=\"actions.cancelPreload\" data-wp-on-window--resize=\"callbacks.setButtonStyles\" src=\"https:\/\/loudavymkrokem.cz\/wp-content\/uploads\/2026\/08\/olomouc-s-detmi-lanovy-park-veverak.jpg\" alt=\"Die\u0165a na lanovej prek\u00e1\u017eke v Lanovom parku Vever\u00e1k na Sv\u00e4tom Kope\u010dku\" class=\"wp-image-403608\" title=\"\" srcset=\"https:\/\/loudavymkrokem.cz\/wp-content\/uploads\/2026\/08\/olomouc-s-detmi-lanovy-park-veverak.jpg 1800w, https:\/\/loudavymkrokem.cz\/wp-content\/uploads\/2026\/08\/olomouc-s-detmi-lanovy-park-veverak-300x169.jpg 300w, https:\/\/loudavymkrokem.cz\/wp-content\/uploads\/2026\/08\/olomouc-s-detmi-lanovy-park-veverak-700x394.jpg 700w, https:\/\/loudavymkrokem.cz\/wp-content\/uploads\/2026\/08\/olomouc-s-detmi-lanovy-park-veverak-768x432.jpg 768w, https:\/\/loudavymkrokem.cz\/wp-content\/uploads\/2026\/08\/olomouc-s-detmi-lanovy-park-veverak-1536x864.jpg 1536w, https:\/\/loudavymkrokem.cz\/wp-content\/uploads\/2026\/08\/olomouc-s-detmi-lanovy-park-veverak-696x392.jpg 696w, https:\/\/loudavymkrokem.cz\/wp-content\/uploads\/2026\/08\/olomouc-s-detmi-lanovy-park-veverak-1392x783.jpg 1392w\" sizes=\"(max-width: 1800px) 100vw, 1800px\" \/><button\n\t\t\tclass=\"lightbox-trigger\"\n\t\t\ttype=\"button\"\n\t\t\taria-haspopup=\"dialog\"\n\t\t\tdata-wp-bind--aria-label=\"state.thisImage.triggerButtonAriaLabel\"\n\t\t\tdata-wp-init=\"callbacks.initTriggerButton\"\n\t\t\tdata-wp-on--click=\"actions.showLightbox\"\n\t\t\tdata-wp-style--right=\"state.thisImage.buttonRight\"\n\t\t\tdata-wp-style--top=\"state.thisImage.buttonTop\"\n\t\t>\n\t\t\t<svg xmlns=\"http:\/\/www.w3.org\/2000\/svg\" width=\"12\" height=\"12\" fill=\"none\" viewBox=\"0 0 12 12\">\n\t\t\t\t<path fill=\"#fff\" d=\"M2 0a2 2 0 0 0-2 2v2h1.5V2a.5.5 0 0 1 .5-.5h2V0H2Zm2 10.5H2a.5.5 0 0 1-.5-.5V8H0v2a2 2 0 0 0 2 2h2v-1.5ZM8 12v-1.5h2a.5.5 0 0 0 .5-.5V8H12v2a2 2 0 0 1-2 2H8Zm2-12a2 2 0 0 1 2 2v2h-1.5V2a.5.5 0 0 0-.5-.5H8V0h2Z\" \/>\n\t\t\t<\/svg>\n\t\t<\/button><figcaption class=\"wp-element-caption\">Lanov\u00fd park Vever\u00e1k sa d\u00e1 skvele spoji\u0165 s n\u00e1v\u0161tevou zoo | Foto: Lanov\u00fd park Vever\u00e1k<\/figcaption><\/figure>\n\n\n\n<p class=\"wp-block-paragraph\">\u010eal\u0161iu par\u00e1dnu d\u00e1vku pohybu si m\u00f4\u017ee\u0161 dopria\u0165 v lanovom parku Vever\u00e1k, ktor\u00fd sa nach\u00e1dza pri Darwinovej ulici priamo na Sv\u00e4tom Kope\u010dku. Rodi\u010dia ho chv\u00e1lia ve\u013emi vysok\u00fdm hodnoten\u00edm <strong>4,7<\/strong>, preto\u017ee pon\u00faka trasy rozdelen\u00e9 pod\u013ea obtia\u017enosti tak, aby si na svoje pri\u0161li tak men\u0161ie deti, ako aj dospel\u00ed, ktor\u00ed h\u013eadaj\u00fa trochu adrenal\u00ednu vo v\u00fd\u0161kach.<\/p>\n\n\n\n<p class=\"wp-block-paragraph\">Na v\u0161etko navy\u0161e dohliadaj\u00fa profi in\u0161truktori, ktor\u00ed vysvetlia istenie a pom\u00f4\u017eu, ke\u010f sa niekto pr\u00e1ve zasekne na zlo\u017eitej\u0161ej prek\u00e1\u017eke. Obrovskou v\u00fdhodou tohto parku je jeho poloha, n\u00e1v\u0161teva sa d\u00e1 toti\u017e \u00faplne geni\u00e1lne spoji\u0165 s celodenn\u00fdm v\u00fdletom do ne\u010falekej zoologickej z\u00e1hrady.<\/p>\n\n\n\n<h3 class=\"wp-block-heading\"><span class=\"ez-toc-section\" id=\"24_Ihriska_v_parkoch\"><\/span>24. Ihrisk\u00e1 v parkoch<span class=\"ez-toc-section-end\"><\/span><\/h3>\n\n\n\n<p class=\"wp-block-paragraph\">Ke\u010f nepotrebuje\u0161 \u017eiadne ve\u013ek\u00e9 organizovan\u00e9 aktivity a chce\u0161 len chv\u00ed\u013eu posedie\u0165 na lavi\u010dke, zatia\u013e \u010do sa deti hojdaj\u00fa, Olomouc pon\u00faka rad klasick\u00fdch verejn\u00fdch ihr\u00edsk. Tie najob\u013e\u00fabenej\u0161ie a najudr\u017eiavanej\u0161ie n\u00e1jde\u0161 v u\u017e spom\u00ednan\u00fdch Smetanov\u00fdch a Bezru\u010dov\u00fdch sadoch, ale men\u0161ie prelieza\u010dky a pieskovisk\u00e1 s\u00fa priebe\u017ene roztr\u00fasen\u00e9 aj po \u010fal\u0161\u00edch \u010dastiach centra a \u0161ir\u0161ieho okolia, tak\u017ee na ne pri potulk\u00e1ch mestom sk\u00f4r \u010di nesk\u00f4r spo\u013eahlivo naraz\u00ed\u0161.<\/p>\n\n\n\n<h2 class=\"wp-block-heading\"><span class=\"ez-toc-section\" id=\"Svaty_Kopecek_ZOO_a_cely_den_nad_mestom\"><\/span>Sv\u00e4t\u00fd Kope\u010dek: ZOO a cel\u00fd de\u0148 nad mestom<span class=\"ez-toc-section-end\"><\/span><\/h2>\n\n\n\n<p class=\"wp-block-paragraph\">Ak sa chyst\u00e1\u0161 do Olomouca na viac ne\u017e jeden de\u0148, Sv\u00e4t\u00fd Kope\u010dek jednoducho mus\u00ed\u0161 zaradi\u0165 do itiner\u00e1ra. T\u00e1to zalesnen\u00e1 \u0161tvr\u0165 t\u00fd\u010diaca sa nad mestom je toti\u017e synonymom pre perfektn\u00fd rodinn\u00fd de\u0148 pln\u00fd zvieratiek, kr\u00e1snych v\u00fdh\u013eadov a prech\u00e1dzok v pr\u00edrode.<\/p>\n\n\n\n<h3 class=\"wp-block-heading\"><span class=\"ez-toc-section\" id=\"25_ZOO_Olomouc_na_Svatom_Kopecku\"><\/span>25. ZOO Olomouc na Sv\u00e4tom Kope\u010dku<span class=\"ez-toc-section-end\"><\/span><\/h3>\n\n\n\n<figure data-wp-context=\"{&quot;imageId&quot;:&quot;6a952c66d7524&quot;}\" data-wp-interactive=\"core\/image\" data-wp-key=\"6a952c66d7524\" class=\"wp-block-image size-full wp-lightbox-container\"><img decoding=\"async\" width=\"1800\" height=\"1350\" data-wp-class--hide=\"state.isContentHidden\" data-wp-class--show=\"state.isContentVisible\" data-wp-init=\"callbacks.setButtonStyles\" data-wp-on--click=\"actions.showLightbox\" data-wp-on--load=\"callbacks.setButtonStyles\" data-wp-on--pointerdown=\"actions.preloadImage\" data-wp-on--pointerenter=\"actions.preloadImageWithDelay\" data-wp-on--pointerleave=\"actions.cancelPreload\" data-wp-on-window--resize=\"callbacks.setButtonStyles\" src=\"https:\/\/loudavymkrokem.cz\/wp-content\/uploads\/2026\/08\/olomouc-s-detmi-zoo-voliera.jpg\" alt=\"\u017deriavy vo voli\u00e9re v ZOO Olomouc na Sv\u00e4tom Kope\u010dku\" class=\"wp-image-401082\" title=\"\" srcset=\"https:\/\/loudavymkrokem.cz\/wp-content\/uploads\/2026\/08\/olomouc-s-detmi-zoo-voliera.jpg 1800w, https:\/\/loudavymkrokem.cz\/wp-content\/uploads\/2026\/08\/olomouc-s-detmi-zoo-voliera-300x225.jpg 300w, https:\/\/loudavymkrokem.cz\/wp-content\/uploads\/2026\/08\/olomouc-s-detmi-zoo-voliera-700x525.jpg 700w, https:\/\/loudavymkrokem.cz\/wp-content\/uploads\/2026\/08\/olomouc-s-detmi-zoo-voliera-768x576.jpg 768w, https:\/\/loudavymkrokem.cz\/wp-content\/uploads\/2026\/08\/olomouc-s-detmi-zoo-voliera-1536x1152.jpg 1536w, https:\/\/loudavymkrokem.cz\/wp-content\/uploads\/2026\/08\/olomouc-s-detmi-zoo-voliera-80x60.jpg 80w, https:\/\/loudavymkrokem.cz\/wp-content\/uploads\/2026\/08\/olomouc-s-detmi-zoo-voliera-160x120.jpg 160w, https:\/\/loudavymkrokem.cz\/wp-content\/uploads\/2026\/08\/olomouc-s-detmi-zoo-voliera-696x522.jpg 696w, https:\/\/loudavymkrokem.cz\/wp-content\/uploads\/2026\/08\/olomouc-s-detmi-zoo-voliera-1392x1044.jpg 1392w\" sizes=\"(max-width: 1800px) 100vw, 1800px\" \/><button\n\t\t\tclass=\"lightbox-trigger\"\n\t\t\ttype=\"button\"\n\t\t\taria-haspopup=\"dialog\"\n\t\t\tdata-wp-bind--aria-label=\"state.thisImage.triggerButtonAriaLabel\"\n\t\t\tdata-wp-init=\"callbacks.initTriggerButton\"\n\t\t\tdata-wp-on--click=\"actions.showLightbox\"\n\t\t\tdata-wp-style--right=\"state.thisImage.buttonRight\"\n\t\t\tdata-wp-style--top=\"state.thisImage.buttonTop\"\n\t\t>\n\t\t\t<svg xmlns=\"http:\/\/www.w3.org\/2000\/svg\" width=\"12\" height=\"12\" fill=\"none\" viewBox=\"0 0 12 12\">\n\t\t\t\t<path fill=\"#fff\" d=\"M2 0a2 2 0 0 0-2 2v2h1.5V2a.5.5 0 0 1 .5-.5h2V0H2Zm2 10.5H2a.5.5 0 0 1-.5-.5V8H0v2a2 2 0 0 0 2 2h2v-1.5ZM8 12v-1.5h2a.5.5 0 0 0 .5-.5V8H12v2a2 2 0 0 1-2 2H8Zm2-12a2 2 0 0 1 2 2v2h-1.5V2a.5.5 0 0 0-.5-.5H8V0h2Z\" \/>\n\t\t\t<\/svg>\n\t\t<\/button><figcaption class=\"wp-element-caption\">V\u00fdbehy s\u00fa zasaden\u00e9 priamo do lesn\u00e9ho ter\u00e9nu<\/figcaption><\/figure>\n\n\n\n<figure data-wp-context=\"{&quot;imageId&quot;:&quot;6a952c66d77ff&quot;}\" data-wp-interactive=\"core\/image\" data-wp-key=\"6a952c66d77ff\" class=\"wp-block-image size-full wp-lightbox-container\"><img decoding=\"async\" width=\"1800\" height=\"1195\" data-wp-class--hide=\"state.isContentHidden\" data-wp-class--show=\"state.isContentVisible\" data-wp-init=\"callbacks.setButtonStyles\" data-wp-on--click=\"actions.showLightbox\" data-wp-on--load=\"callbacks.setButtonStyles\" data-wp-on--pointerdown=\"actions.preloadImage\" data-wp-on--pointerenter=\"actions.preloadImageWithDelay\" data-wp-on--pointerleave=\"actions.cancelPreload\" data-wp-on-window--resize=\"callbacks.setButtonStyles\" src=\"https:\/\/loudavymkrokem.cz\/wp-content\/uploads\/2026\/08\/olomouc-s-detmi-zoo-vstup.jpg\" alt=\"Vstupn\u00e1 budova ZOO Olomouc na Sv\u00e4tom Kope\u010dku\" class=\"wp-image-401078\" title=\"\" srcset=\"https:\/\/loudavymkrokem.cz\/wp-content\/uploads\/2026\/08\/olomouc-s-detmi-zoo-vstup.jpg 1800w, https:\/\/loudavymkrokem.cz\/wp-content\/uploads\/2026\/08\/olomouc-s-detmi-zoo-vstup-300x199.jpg 300w, https:\/\/loudavymkrokem.cz\/wp-content\/uploads\/2026\/08\/olomouc-s-detmi-zoo-vstup-700x465.jpg 700w, https:\/\/loudavymkrokem.cz\/wp-content\/uploads\/2026\/08\/olomouc-s-detmi-zoo-vstup-768x510.jpg 768w, https:\/\/loudavymkrokem.cz\/wp-content\/uploads\/2026\/08\/olomouc-s-detmi-zoo-vstup-1536x1020.jpg 1536w, https:\/\/loudavymkrokem.cz\/wp-content\/uploads\/2026\/08\/olomouc-s-detmi-zoo-vstup-696x462.jpg 696w, https:\/\/loudavymkrokem.cz\/wp-content\/uploads\/2026\/08\/olomouc-s-detmi-zoo-vstup-1392x924.jpg 1392w\" sizes=\"(max-width: 1800px) 100vw, 1800px\" \/><button\n\t\t\tclass=\"lightbox-trigger\"\n\t\t\ttype=\"button\"\n\t\t\taria-haspopup=\"dialog\"\n\t\t\tdata-wp-bind--aria-label=\"state.thisImage.triggerButtonAriaLabel\"\n\t\t\tdata-wp-init=\"callbacks.initTriggerButton\"\n\t\t\tdata-wp-on--click=\"actions.showLightbox\"\n\t\t\tdata-wp-style--right=\"state.thisImage.buttonRight\"\n\t\t\tdata-wp-style--top=\"state.thisImage.buttonTop\"\n\t\t>\n\t\t\t<svg xmlns=\"http:\/\/www.w3.org\/2000\/svg\" width=\"12\" height=\"12\" fill=\"none\" viewBox=\"0 0 12 12\">\n\t\t\t\t<path fill=\"#fff\" d=\"M2 0a2 2 0 0 0-2 2v2h1.5V2a.5.5 0 0 1 .5-.5h2V0H2Zm2 10.5H2a.5.5 0 0 1-.5-.5V8H0v2a2 2 0 0 0 2 2h2v-1.5ZM8 12v-1.5h2a.5.5 0 0 0 .5-.5V8H12v2a2 2 0 0 1-2 2H8Zm2-12a2 2 0 0 1 2 2v2h-1.5V2a.5.5 0 0 0-.5-.5H8V0h2Z\" \/>\n\t\t\t<\/svg>\n\t\t<\/button><figcaption class=\"wp-element-caption\">Vstup do ZOO Olomouc, schovanej v lese nad mestom<\/figcaption><\/figure>\n\n\n\n<p class=\"wp-block-paragraph\">Toto je bez debaty hlavn\u00e9 rodinn\u00e9 l\u00e1kadlo cel\u00e9ho regi\u00f3nu. <a href=\"https:\/\/www.zoo-olomouc.cz\/\" target=\"_blank\" rel=\"nofollow noopener\">Olomouck\u00e1 ZOO<\/a>, schovan\u00e1 v kr\u00e1snom ihli\u010dnatom lese, zbiera nad\u0161en\u00e9 ohlasy a jej sk\u00f3re <strong>4,4 z viac ne\u017e 16 500 recenzi\u00ed<\/strong> ukazuje, ak\u00e1 ve\u013emi je ob\u013e\u00faben\u00e1. Zvierat\u00e1 tu maj\u00fa roz\u013eahl\u00e9 v\u00fdbehy zasaden\u00e9 priamo do svahovit\u00e9ho lesn\u00e9ho ter\u00e9nu, tak\u017ee n\u00e1v\u0161teva je z\u00e1rove\u0148 pr\u00edjemn\u00e1 prech\u00e1dzka medzi stromami, kde je aj v lete pr\u00edjemn\u00fd tie\u0148.<\/p>\n\n\n\n<p class=\"wp-block-paragraph\">Ceny vstupn\u00e9ho sa l\u00ed\u0161ia pod\u013ea sez\u00f3ny. V tej hlavnej (od marca do okt\u00f3bra) zaplat\u00ed dospel\u00fd <strong>7,40 \u20ac (180 K\u010d)<\/strong> a deti, \u0161tudenti \u010di seniori <strong>5,70 \u20ac (140 K\u010d)<\/strong>. Mimo sez\u00f3ny v zimn\u00fdch mesiacoch (november a\u017e febru\u00e1r) s\u00fa ceny priate\u013eskej\u0161ie: 6,20 \u20ac (150 K\u010d) za dospel\u00e9ho a 4,90 \u20ac (120 K\u010d) zn\u00ed\u017een\u00e9. \u00daplne najmen\u0161ie deti do 3 rokov maj\u00fa vstup \u00faplne zadarmo a rodinn\u00e1 vstupenka (2+2) vyjde na f\u00e9rov\u00fdch <strong>25 \u20ac (600 K\u010d)<\/strong>. Otv\u00e1racia doba sa tie\u017e men\u00ed s ro\u010dn\u00fdm obdob\u00edm. V janu\u00e1ri a febru\u00e1ri je otvoren\u00e9 9\u201316, v marci a septembri 9\u201317, od apr\u00edla do augusta sa predl\u017euje na 9\u201318 a od okt\u00f3bra do decembra sa br\u00e1ny zatv\u00e1raj\u00fa op\u00e4\u0165 o 16 hodine.<\/p>\n\n\n\n<p class=\"wp-block-paragraph\">A ako sa sem dosta\u0165, ak nechce\u0161 plati\u0165 za parkovanie pri ZOO? \u00daplne jednoducho. Z hlavnej stanice (stanovi\u0161te D) jazd\u00ed pravidelne <strong>autobus \u010d. 11<\/strong>. Spoje nadv\u00e4zuj\u00fa v par\u00e1dnych 10 a\u017e 15-min\u00fatov\u00fdch intervaloch, samotn\u00e1 jazda trv\u00e1 zhruba 20 min\u00fat a od zast\u00e1vky \u0165a \u010dak\u00e1 u\u017e len kr\u00e1tka, p\u00e4\u0165- a\u017e desa\u0165min\u00fatov\u00e1 prech\u00e1dzka do mierneho kop\u010deka priamo ku vstupu do are\u00e1lu.<\/p>\n\n\n\n<h3 class=\"wp-block-heading\"><span class=\"ez-toc-section\" id=\"26_Vyhliadkova_veza_v_ZOO\"><\/span>26. Vyhliadkov\u00e1 ve\u017ea v ZOO<span class=\"ez-toc-section-end\"><\/span><\/h3>\n\n\n\n<figure data-wp-context=\"{&quot;imageId&quot;:&quot;6a952c66d7bda&quot;}\" data-wp-interactive=\"core\/image\" data-wp-key=\"6a952c66d7bda\" class=\"wp-block-image size-full wp-lightbox-container\"><img decoding=\"async\" width=\"1800\" height=\"1202\" data-wp-class--hide=\"state.isContentHidden\" data-wp-class--show=\"state.isContentVisible\" data-wp-init=\"callbacks.setButtonStyles\" data-wp-on--click=\"actions.showLightbox\" data-wp-on--load=\"callbacks.setButtonStyles\" data-wp-on--pointerdown=\"actions.preloadImage\" data-wp-on--pointerenter=\"actions.preloadImageWithDelay\" data-wp-on--pointerleave=\"actions.cancelPreload\" data-wp-on-window--resize=\"callbacks.setButtonStyles\" src=\"https:\/\/loudavymkrokem.cz\/wp-content\/uploads\/2026\/08\/olomouc-s-detmi-vyhlidkova-vez-zoo.jpg\" alt=\"Vyhliadkov\u00e1 ve\u017ea v ZOO Olomouc na Sv\u00e4tom Kope\u010dku\" class=\"wp-image-403612\" title=\"\" srcset=\"https:\/\/loudavymkrokem.cz\/wp-content\/uploads\/2026\/08\/olomouc-s-detmi-vyhlidkova-vez-zoo.jpg 1800w, https:\/\/loudavymkrokem.cz\/wp-content\/uploads\/2026\/08\/olomouc-s-detmi-vyhlidkova-vez-zoo-300x200.jpg 300w, https:\/\/loudavymkrokem.cz\/wp-content\/uploads\/2026\/08\/olomouc-s-detmi-vyhlidkova-vez-zoo-700x467.jpg 700w, https:\/\/loudavymkrokem.cz\/wp-content\/uploads\/2026\/08\/olomouc-s-detmi-vyhlidkova-vez-zoo-768x513.jpg 768w, https:\/\/loudavymkrokem.cz\/wp-content\/uploads\/2026\/08\/olomouc-s-detmi-vyhlidkova-vez-zoo-1536x1026.jpg 1536w, https:\/\/loudavymkrokem.cz\/wp-content\/uploads\/2026\/08\/olomouc-s-detmi-vyhlidkova-vez-zoo-696x465.jpg 696w, https:\/\/loudavymkrokem.cz\/wp-content\/uploads\/2026\/08\/olomouc-s-detmi-vyhlidkova-vez-zoo-1392x930.jpg 1392w\" sizes=\"(max-width: 1800px) 100vw, 1800px\" \/><button\n\t\t\tclass=\"lightbox-trigger\"\n\t\t\ttype=\"button\"\n\t\t\taria-haspopup=\"dialog\"\n\t\t\tdata-wp-bind--aria-label=\"state.thisImage.triggerButtonAriaLabel\"\n\t\t\tdata-wp-init=\"callbacks.initTriggerButton\"\n\t\t\tdata-wp-on--click=\"actions.showLightbox\"\n\t\t\tdata-wp-style--right=\"state.thisImage.buttonRight\"\n\t\t\tdata-wp-style--top=\"state.thisImage.buttonTop\"\n\t\t>\n\t\t\t<svg xmlns=\"http:\/\/www.w3.org\/2000\/svg\" width=\"12\" height=\"12\" fill=\"none\" viewBox=\"0 0 12 12\">\n\t\t\t\t<path fill=\"#fff\" d=\"M2 0a2 2 0 0 0-2 2v2h1.5V2a.5.5 0 0 1 .5-.5h2V0H2Zm2 10.5H2a.5.5 0 0 1-.5-.5V8H0v2a2 2 0 0 0 2 2h2v-1.5ZM8 12v-1.5h2a.5.5 0 0 0 .5-.5V8H12v2a2 2 0 0 1-2 2H8Zm2-12a2 2 0 0 1 2 2v2h-1.5V2a.5.5 0 0 0-.5-.5H8V0h2Z\" \/>\n\t\t\t<\/svg>\n\t\t<\/button><figcaption class=\"wp-element-caption\">Z vyhliadkovej ve\u017ee dovid\u00ed\u0161 za dobrej vidite\u013enosti a\u017e na Jesen\u00edky | Foto: Zoo Olomouc<\/figcaption><\/figure>\n\n\n\n<p class=\"wp-block-paragraph\">Priamo v are\u00e1li zoologickej z\u00e1hrady stoj\u00ed obrovsk\u00e1 oce\u013eov\u00e1 vyhliadkov\u00e1 ve\u017ea (hodnotenie 4,6), ktor\u00fa by si ur\u010dite nemal min\u00fa\u0165, ak netrp\u00ed\u0161 z\u00e1vratmi. V\u00fd\u0161lap po mre\u017eovan\u00fdch schodoch d\u00e1 s\u00edce trochu zabra\u0165, ale hore \u0165a \u010dak\u00e1 odmena v podobe v\u00fdh\u013eadu, ktor\u00fd neuvid\u00ed\u0161 nikde inde.<\/p>\n\n\n\n<p class=\"wp-block-paragraph\">Pri dobrej vidite\u013enosti sa ti otvor\u00ed dychber\u00faca panor\u00e1ma na cel\u00fa Olomouc rozprestret\u00fa dole v n\u00ed\u017eine, a ke\u010f sa oto\u010d\u00ed\u0161 na druh\u00fa stranu, dovid\u00ed\u0161 a\u017e na hrebene majest\u00e1tnych Jesen\u00edkov. A pre t\u00fdch, ktor\u00ed sa potrebuj\u00fa po v\u00fdkone ob\u010derstvi\u0165, funguje hne\u010f pod ve\u017eou pr\u00edjemn\u00e1 kaviare\u0148.<\/p>\n\n\n\n<h3 class=\"wp-block-heading\"><span class=\"ez-toc-section\" id=\"27_Bazilika_Navstivenia_Panny_Marie\"><\/span>27. Bazilika Nav\u0161t\u00edvenia Panny M\u00e1rie<span class=\"ez-toc-section-end\"><\/span><\/h3>\n\n\n\n<figure data-wp-context=\"{&quot;imageId&quot;:&quot;6a952c66d7f7b&quot;}\" data-wp-interactive=\"core\/image\" data-wp-key=\"6a952c66d7f7b\" class=\"wp-block-image size-full wp-lightbox-container\"><img decoding=\"async\" width=\"1800\" height=\"1350\" data-wp-class--hide=\"state.isContentHidden\" data-wp-class--show=\"state.isContentVisible\" data-wp-init=\"callbacks.setButtonStyles\" data-wp-on--click=\"actions.showLightbox\" data-wp-on--load=\"callbacks.setButtonStyles\" data-wp-on--pointerdown=\"actions.preloadImage\" data-wp-on--pointerenter=\"actions.preloadImageWithDelay\" data-wp-on--pointerleave=\"actions.cancelPreload\" data-wp-on-window--resize=\"callbacks.setButtonStyles\" src=\"https:\/\/loudavymkrokem.cz\/wp-content\/uploads\/2026\/08\/olomouc-s-detmi-bazilika-svaty-kopecek.jpg\" alt=\"Bazilika Nav\u0161t\u00edvenia Panny M\u00e1rie na Sv\u00e4tom Kope\u010dku pri Olomouci\" class=\"wp-image-401087\" title=\"\" srcset=\"https:\/\/loudavymkrokem.cz\/wp-content\/uploads\/2026\/08\/olomouc-s-detmi-bazilika-svaty-kopecek.jpg 1800w, https:\/\/loudavymkrokem.cz\/wp-content\/uploads\/2026\/08\/olomouc-s-detmi-bazilika-svaty-kopecek-300x225.jpg 300w, https:\/\/loudavymkrokem.cz\/wp-content\/uploads\/2026\/08\/olomouc-s-detmi-bazilika-svaty-kopecek-700x525.jpg 700w, https:\/\/loudavymkrokem.cz\/wp-content\/uploads\/2026\/08\/olomouc-s-detmi-bazilika-svaty-kopecek-768x576.jpg 768w, https:\/\/loudavymkrokem.cz\/wp-content\/uploads\/2026\/08\/olomouc-s-detmi-bazilika-svaty-kopecek-1536x1152.jpg 1536w, https:\/\/loudavymkrokem.cz\/wp-content\/uploads\/2026\/08\/olomouc-s-detmi-bazilika-svaty-kopecek-80x60.jpg 80w, https:\/\/loudavymkrokem.cz\/wp-content\/uploads\/2026\/08\/olomouc-s-detmi-bazilika-svaty-kopecek-160x120.jpg 160w, https:\/\/loudavymkrokem.cz\/wp-content\/uploads\/2026\/08\/olomouc-s-detmi-bazilika-svaty-kopecek-696x522.jpg 696w, https:\/\/loudavymkrokem.cz\/wp-content\/uploads\/2026\/08\/olomouc-s-detmi-bazilika-svaty-kopecek-1392x1044.jpg 1392w\" sizes=\"(max-width: 1800px) 100vw, 1800px\" \/><button\n\t\t\tclass=\"lightbox-trigger\"\n\t\t\ttype=\"button\"\n\t\t\taria-haspopup=\"dialog\"\n\t\t\tdata-wp-bind--aria-label=\"state.thisImage.triggerButtonAriaLabel\"\n\t\t\tdata-wp-init=\"callbacks.initTriggerButton\"\n\t\t\tdata-wp-on--click=\"actions.showLightbox\"\n\t\t\tdata-wp-style--right=\"state.thisImage.buttonRight\"\n\t\t\tdata-wp-style--top=\"state.thisImage.buttonTop\"\n\t\t>\n\t\t\t<svg xmlns=\"http:\/\/www.w3.org\/2000\/svg\" width=\"12\" height=\"12\" fill=\"none\" viewBox=\"0 0 12 12\">\n\t\t\t\t<path fill=\"#fff\" d=\"M2 0a2 2 0 0 0-2 2v2h1.5V2a.5.5 0 0 1 .5-.5h2V0H2Zm2 10.5H2a.5.5 0 0 1-.5-.5V8H0v2a2 2 0 0 0 2 2h2v-1.5ZM8 12v-1.5h2a.5.5 0 0 0 .5-.5V8H12v2a2 2 0 0 1-2 2H8Zm2-12a2 2 0 0 1 2 2v2h-1.5V2a.5.5 0 0 0-.5-.5H8V0h2Z\" \/>\n\t\t\t<\/svg>\n\t\t<\/button><figcaption class=\"wp-element-caption\">P\u00fatnick\u00e1 bazilika na Sv\u00e4tom Kope\u010dku je vidie\u0165 u\u017e pri pr\u00edchode k Olomouci<\/figcaption><\/figure>\n\n\n\n<p class=\"wp-block-paragraph\">Ke\u010f u\u017e bude\u0161 na Sv\u00e4tom Kope\u010dku, popojdi k\u00fasok na n\u00e1mestie Sadov\u00e9 1, kde sa nach\u00e1dza ohromuj\u00faca p\u00fatnick\u00e1 Bazilika Nav\u0161t\u00edvenia Panny M\u00e1rie (fantastick\u00e9 hodnotenie <strong>4,8 z 2 572 recenzi\u00ed<\/strong>). Je to dominanta, ktor\u00fa uvid\u00ed\u0161 svieti\u0165 do kraja u\u017e pri pr\u00edchode k Olomouci.<\/p>\n\n\n\n<p class=\"wp-block-paragraph\">T\u00fato n\u00e1dhern\u00fa barokov\u00fa stavbu mimochodom nav\u0161t\u00edvil aj samotn\u00fd p\u00e1pe\u017e J\u00e1n Pavol II. Aj ke\u010f to na prv\u00fd poh\u013ead nemus\u00ed znie\u0165 ako typick\u00e1 detsk\u00e1 atrakcia, t\u00e1 stavba je tak\u00e1 obrovsk\u00e1 a majest\u00e1tna, \u017ee dok\u00e1\u017ee zauja\u0165 aj mal\u00fdch objavite\u013eov, a navy\u0161e sa okolo nej daj\u00fa podnika\u0165 ve\u013emi pekn\u00e9 a pokojn\u00e9 prech\u00e1dzky v pri\u013eahlom okol\u00ed.<\/p>\n\n\n\n<h2 class=\"wp-block-heading\"><span class=\"ez-toc-section\" id=\"Vylety_z_Olomouca_s_detmi\"><\/span>V\u00fdlety z Olomouca s de\u0165mi<span class=\"ez-toc-section-end\"><\/span><\/h2>\n\n\n\n<p class=\"wp-block-paragraph\">Olomouc je strategicky umiestnen\u00e1 v srdci Moravy, \u010do znamen\u00e1, \u017ee ak m\u00e1\u0161 k dispoz\u00edcii auto, do hodinky jazdy sa ti otv\u00e1ra neuverite\u013en\u00e9 mno\u017estvo \u010fal\u0161\u00edch atrakt\u00edvnych cie\u013eov. Ak ti teda zostane \u010das a bude\u0161 chcie\u0165 vyrazi\u0165 k\u00fasok za hranice mesta, tu s\u00fa tie najlep\u0161ie tipy na poldenn\u00e9 \u010di celodenn\u00e9 v\u00fdlety.<\/p>\n\n\n\n<h3 class=\"wp-block-heading\"><span class=\"ez-toc-section\" id=\"28_DinoPark_a_ZOO_Park_Vyskov\"><\/span>28. DinoPark a ZOO Park Vy\u0161kov<span class=\"ez-toc-section-end\"><\/span><\/h3>\n\n\n\n<figure data-wp-context=\"{&quot;imageId&quot;:&quot;6a952c66d83c8&quot;}\" data-wp-interactive=\"core\/image\" data-wp-key=\"6a952c66d83c8\" class=\"wp-block-image size-full wp-lightbox-container\"><img decoding=\"async\" width=\"1800\" height=\"1209\" data-wp-class--hide=\"state.isContentHidden\" data-wp-class--show=\"state.isContentVisible\" data-wp-init=\"callbacks.setButtonStyles\" data-wp-on--click=\"actions.showLightbox\" data-wp-on--load=\"callbacks.setButtonStyles\" data-wp-on--pointerdown=\"actions.preloadImage\" data-wp-on--pointerenter=\"actions.preloadImageWithDelay\" data-wp-on--pointerleave=\"actions.cancelPreload\" data-wp-on-window--resize=\"callbacks.setButtonStyles\" src=\"https:\/\/loudavymkrokem.cz\/wp-content\/uploads\/2026\/08\/olomouc-s-detmi-zoopark-vyskov.jpg\" alt=\"\u0164ava jednohrb\u00e1 v ZOO Parku Vy\u0161kov\" class=\"wp-image-401131\" title=\"\" srcset=\"https:\/\/loudavymkrokem.cz\/wp-content\/uploads\/2026\/08\/olomouc-s-detmi-zoopark-vyskov.jpg 1800w, https:\/\/loudavymkrokem.cz\/wp-content\/uploads\/2026\/08\/olomouc-s-detmi-zoopark-vyskov-300x202.jpg 300w, https:\/\/loudavymkrokem.cz\/wp-content\/uploads\/2026\/08\/olomouc-s-detmi-zoopark-vyskov-700x470.jpg 700w, https:\/\/loudavymkrokem.cz\/wp-content\/uploads\/2026\/08\/olomouc-s-detmi-zoopark-vyskov-768x516.jpg 768w, https:\/\/loudavymkrokem.cz\/wp-content\/uploads\/2026\/08\/olomouc-s-detmi-zoopark-vyskov-1536x1032.jpg 1536w, https:\/\/loudavymkrokem.cz\/wp-content\/uploads\/2026\/08\/olomouc-s-detmi-zoopark-vyskov-696x467.jpg 696w, https:\/\/loudavymkrokem.cz\/wp-content\/uploads\/2026\/08\/olomouc-s-detmi-zoopark-vyskov-1392x935.jpg 1392w\" sizes=\"(max-width: 1800px) 100vw, 1800px\" \/><button\n\t\t\tclass=\"lightbox-trigger\"\n\t\t\ttype=\"button\"\n\t\t\taria-haspopup=\"dialog\"\n\t\t\tdata-wp-bind--aria-label=\"state.thisImage.triggerButtonAriaLabel\"\n\t\t\tdata-wp-init=\"callbacks.initTriggerButton\"\n\t\t\tdata-wp-on--click=\"actions.showLightbox\"\n\t\t\tdata-wp-style--right=\"state.thisImage.buttonRight\"\n\t\t\tdata-wp-style--top=\"state.thisImage.buttonTop\"\n\t\t>\n\t\t\t<svg xmlns=\"http:\/\/www.w3.org\/2000\/svg\" width=\"12\" height=\"12\" fill=\"none\" viewBox=\"0 0 12 12\">\n\t\t\t\t<path fill=\"#fff\" d=\"M2 0a2 2 0 0 0-2 2v2h1.5V2a.5.5 0 0 1 .5-.5h2V0H2Zm2 10.5H2a.5.5 0 0 1-.5-.5V8H0v2a2 2 0 0 0 2 2h2v-1.5ZM8 12v-1.5h2a.5.5 0 0 0 .5-.5V8H12v2a2 2 0 0 1-2 2H8Zm2-12a2 2 0 0 1 2 2v2h-1.5V2a.5.5 0 0 0-.5-.5H8V0h2Z\" \/>\n\t\t\t<\/svg>\n\t\t<\/button><figcaption class=\"wp-element-caption\">V tej istej vstupenke m\u00e1\u0161 aj ZOO Park Vy\u0161kov s \u0165avami a hospod\u00e1rskymi zvieratami<\/figcaption><\/figure>\n\n\n\n<figure data-wp-context=\"{&quot;imageId&quot;:&quot;6a952c66d86a4&quot;}\" data-wp-interactive=\"core\/image\" data-wp-key=\"6a952c66d86a4\" class=\"wp-block-image size-full wp-lightbox-container\"><img decoding=\"async\" width=\"1800\" height=\"1350\" data-wp-class--hide=\"state.isContentHidden\" data-wp-class--show=\"state.isContentVisible\" data-wp-init=\"callbacks.setButtonStyles\" data-wp-on--click=\"actions.showLightbox\" data-wp-on--load=\"callbacks.setButtonStyles\" data-wp-on--pointerdown=\"actions.preloadImage\" data-wp-on--pointerenter=\"actions.preloadImageWithDelay\" data-wp-on--pointerleave=\"actions.cancelPreload\" data-wp-on-window--resize=\"callbacks.setButtonStyles\" src=\"https:\/\/loudavymkrokem.cz\/wp-content\/uploads\/2026\/08\/olomouc-s-detmi-dinopark-vyskov.jpg\" alt=\"Model dinosaura v DinoParku vo Vy\u0161kove\" class=\"wp-image-401129\" title=\"\" srcset=\"https:\/\/loudavymkrokem.cz\/wp-content\/uploads\/2026\/08\/olomouc-s-detmi-dinopark-vyskov.jpg 1800w, https:\/\/loudavymkrokem.cz\/wp-content\/uploads\/2026\/08\/olomouc-s-detmi-dinopark-vyskov-300x225.jpg 300w, https:\/\/loudavymkrokem.cz\/wp-content\/uploads\/2026\/08\/olomouc-s-detmi-dinopark-vyskov-700x525.jpg 700w, https:\/\/loudavymkrokem.cz\/wp-content\/uploads\/2026\/08\/olomouc-s-detmi-dinopark-vyskov-768x576.jpg 768w, https:\/\/loudavymkrokem.cz\/wp-content\/uploads\/2026\/08\/olomouc-s-detmi-dinopark-vyskov-1536x1152.jpg 1536w, https:\/\/loudavymkrokem.cz\/wp-content\/uploads\/2026\/08\/olomouc-s-detmi-dinopark-vyskov-80x60.jpg 80w, https:\/\/loudavymkrokem.cz\/wp-content\/uploads\/2026\/08\/olomouc-s-detmi-dinopark-vyskov-160x120.jpg 160w, https:\/\/loudavymkrokem.cz\/wp-content\/uploads\/2026\/08\/olomouc-s-detmi-dinopark-vyskov-696x522.jpg 696w, https:\/\/loudavymkrokem.cz\/wp-content\/uploads\/2026\/08\/olomouc-s-detmi-dinopark-vyskov-1392x1044.jpg 1392w\" sizes=\"(max-width: 1800px) 100vw, 1800px\" \/><button\n\t\t\tclass=\"lightbox-trigger\"\n\t\t\ttype=\"button\"\n\t\t\taria-haspopup=\"dialog\"\n\t\t\tdata-wp-bind--aria-label=\"state.thisImage.triggerButtonAriaLabel\"\n\t\t\tdata-wp-init=\"callbacks.initTriggerButton\"\n\t\t\tdata-wp-on--click=\"actions.showLightbox\"\n\t\t\tdata-wp-style--right=\"state.thisImage.buttonRight\"\n\t\t\tdata-wp-style--top=\"state.thisImage.buttonTop\"\n\t\t>\n\t\t\t<svg xmlns=\"http:\/\/www.w3.org\/2000\/svg\" width=\"12\" height=\"12\" fill=\"none\" viewBox=\"0 0 12 12\">\n\t\t\t\t<path fill=\"#fff\" d=\"M2 0a2 2 0 0 0-2 2v2h1.5V2a.5.5 0 0 1 .5-.5h2V0H2Zm2 10.5H2a.5.5 0 0 1-.5-.5V8H0v2a2 2 0 0 0 2 2h2v-1.5ZM8 12v-1.5h2a.5.5 0 0 0 .5-.5V8H12v2a2 2 0 0 1-2 2H8Zm2-12a2 2 0 0 1 2 2v2h-1.5V2a.5.5 0 0 0-.5-.5H8V0h2Z\" \/>\n\t\t\t<\/svg>\n\t\t<\/button><figcaption class=\"wp-element-caption\">V DinoParku vo Vy\u0161kove je cez sto dinosaurov, \u010das\u0165 z nich sa h\u00fdbe a reve<\/figcaption><\/figure>\n\n\n\n<p class=\"wp-block-paragraph\">Tento v\u00fdlet do <a href=\"https:\/\/www.dinopark.cz\/vyskov\" target=\"_blank\" rel=\"nofollow noopener\">DinoParku Vy\u0161kov<\/a> zhruba 45 kilometrov od Olomouca (Cukrovarsk\u00e1 9, Vy\u0161kov) jednoducho mus\u00edm odporu\u010di\u0165 v\u0161etk\u00fdmi desiatimi, preto\u017ee sem sme s Luk\u00e1\u0161om a Jon\u00e1\u0161om vyrazili osobne a bol to \u00fapln\u00fd hit. Pozn\u00e1\u0161 tie momenty, ke\u010f die\u0165a\u0165u \u017eiaria o\u010di \u00fa\u017easom? Presne to sa stalo, ke\u010f sme objavili obrovsk\u00e9ho chodiaceho robotick\u00e9ho stegosaura. V celom are\u00e1li je toti\u017e cez <strong>100 dinosaurov<\/strong>, \u010das\u0165 z nich je statick\u00e1, ale sp\u00fasta je \u00fa\u017easne ozvu\u010den\u00e1 a pohybliv\u00e1. N\u00e1jde\u0161 tu aj <strong>4D kino<\/strong>, vetern\u00fd DinoHurik\u00e1n, par\u00e1dne paleontologick\u00e9 ihrisko pre mal\u00fdch objavite\u013eov, prepracovan\u00fa sc\u00e9nu s havarovan\u00fdm lietadlom a hmlostromy, ktor\u00e9 v lete skvele osvie\u017eia.<\/p>\n\n\n\n<p class=\"wp-block-paragraph\">Zauj\u00edmavos\u0165ou je, \u017ee vstupenka plat\u00ed spolo\u010dne aj pre pri\u013eahl\u00fd <strong>ZOO Park Vy\u0161kov<\/strong>, ktor\u00fd je s\u00edce men\u0161\u00ed a s\u00fastred\u00ed sa hlavne na zvieratk\u00e1 zo sedliackych dvorov a hospod\u00e1rske zvierat\u00e1, ale naraz\u00ed\u0161 tu aj na \u0165avy, zvedav\u00e9 opice alebo p\u0161trosy. Medzi dinosaurami a zoologickou z\u00e1hradou prem\u00e1va \u0161peci\u00e1lny vl\u00e1\u010dik zvan\u00fd <strong>DinoExpres<\/strong>, ktor\u00fd je pre deti atrakcia s\u00e1m o sebe. \u013dudia are\u00e1ly miluj\u00fa, DinoPark m\u00e1 hodnotenie <strong>4,5 z takmer 7 tis\u00edc recenzi\u00ed<\/strong> a ZOO Park dokonca <strong>4,5 z viac ne\u017e 7 700 hodnoten\u00ed<\/strong>. \ud83d\udca1 Z praktick\u00e9ho h\u013eadiska ale mus\u00edm potvrdi\u0165 jednu vec, na ktor\u00fa \u010dasto upozor\u0148uj\u00fa recenzie: ponuka ob\u010derstvenia priamo v are\u00e1li je dos\u0165 slab\u00e1 a na niektor\u00fdch miestach v ZOO Parku sa ned\u00e1 plati\u0165 kartou. Ur\u010dite si teda do bat\u00f4\u017eteka priba\u013e poriadnu vlastn\u00fa desiatu a nezabudni hotovos\u0165, nech \u0165a nezasko\u010d\u00ed chu\u0165 na zmrzlinu.<\/p>\n\n\n\n<h3 class=\"wp-block-heading\"><span class=\"ez-toc-section\" id=\"29_Hrad_Bouzov\"><\/span>29. Hrad Bouzov<span class=\"ez-toc-section-end\"><\/span><\/h3>\n\n\n\n<figure data-wp-context=\"{&quot;imageId&quot;:&quot;6a952c66d8a43&quot;}\" data-wp-interactive=\"core\/image\" data-wp-key=\"6a952c66d8a43\" class=\"wp-block-image size-full wp-lightbox-container\"><img decoding=\"async\" width=\"1800\" height=\"1056\" data-wp-class--hide=\"state.isContentHidden\" data-wp-class--show=\"state.isContentVisible\" data-wp-init=\"callbacks.setButtonStyles\" data-wp-on--click=\"actions.showLightbox\" data-wp-on--load=\"callbacks.setButtonStyles\" data-wp-on--pointerdown=\"actions.preloadImage\" data-wp-on--pointerenter=\"actions.preloadImageWithDelay\" data-wp-on--pointerleave=\"actions.cancelPreload\" data-wp-on-window--resize=\"callbacks.setButtonStyles\" src=\"https:\/\/loudavymkrokem.cz\/wp-content\/uploads\/2026\/08\/olomouc-s-detmi-hrad-bouzov.jpg\" alt=\"Rozpr\u00e1vkov\u00fd hrad Bouzov nad krajinou ne\u010faleko Olomouca\" class=\"wp-image-401093\" title=\"\" srcset=\"https:\/\/loudavymkrokem.cz\/wp-content\/uploads\/2026\/08\/olomouc-s-detmi-hrad-bouzov.jpg 1800w, https:\/\/loudavymkrokem.cz\/wp-content\/uploads\/2026\/08\/olomouc-s-detmi-hrad-bouzov-300x176.jpg 300w, https:\/\/loudavymkrokem.cz\/wp-content\/uploads\/2026\/08\/olomouc-s-detmi-hrad-bouzov-700x411.jpg 700w, https:\/\/loudavymkrokem.cz\/wp-content\/uploads\/2026\/08\/olomouc-s-detmi-hrad-bouzov-768x451.jpg 768w, https:\/\/loudavymkrokem.cz\/wp-content\/uploads\/2026\/08\/olomouc-s-detmi-hrad-bouzov-1536x901.jpg 1536w, https:\/\/loudavymkrokem.cz\/wp-content\/uploads\/2026\/08\/olomouc-s-detmi-hrad-bouzov-696x408.jpg 696w, https:\/\/loudavymkrokem.cz\/wp-content\/uploads\/2026\/08\/olomouc-s-detmi-hrad-bouzov-1392x817.jpg 1392w\" sizes=\"(max-width: 1800px) 100vw, 1800px\" \/><button\n\t\t\tclass=\"lightbox-trigger\"\n\t\t\ttype=\"button\"\n\t\t\taria-haspopup=\"dialog\"\n\t\t\tdata-wp-bind--aria-label=\"state.thisImage.triggerButtonAriaLabel\"\n\t\t\tdata-wp-init=\"callbacks.initTriggerButton\"\n\t\t\tdata-wp-on--click=\"actions.showLightbox\"\n\t\t\tdata-wp-style--right=\"state.thisImage.buttonRight\"\n\t\t\tdata-wp-style--top=\"state.thisImage.buttonTop\"\n\t\t>\n\t\t\t<svg xmlns=\"http:\/\/www.w3.org\/2000\/svg\" width=\"12\" height=\"12\" fill=\"none\" viewBox=\"0 0 12 12\">\n\t\t\t\t<path fill=\"#fff\" d=\"M2 0a2 2 0 0 0-2 2v2h1.5V2a.5.5 0 0 1 .5-.5h2V0H2Zm2 10.5H2a.5.5 0 0 1-.5-.5V8H0v2a2 2 0 0 0 2 2h2v-1.5ZM8 12v-1.5h2a.5.5 0 0 0 .5-.5V8H12v2a2 2 0 0 1-2 2H8Zm2-12a2 2 0 0 1 2 2v2h-1.5V2a.5.5 0 0 0-.5-.5H8V0h2Z\" \/>\n\t\t\t<\/svg>\n\t\t<\/button><figcaption class=\"wp-element-caption\">Bouzov vyzer\u00e1 ako z rozpr\u00e1vky. Napokon sa ich tu nakr\u00fatilo ve\u013ea.<\/figcaption><\/figure>\n\n\n\n<p class=\"wp-block-paragraph\">Zhruba 30 kilometrov od Olomouca stoj\u00ed hrad, ktor\u00fd vyzer\u00e1, akoby ho niekto vystrihol priamo z leporela. Niet divu, \u017ee sa na rozpr\u00e1vkovom Bouzove nakr\u00facala obrovsk\u00e1 sp\u00fasta \u010desk\u00fdch rozpr\u00e1vok (napr\u00edklad legend\u00e1rna O princezn\u00e9 Jasienke a lietaj\u00facom \u0161evcovi). N\u00e1v\u0161tevn\u00edci ho miluj\u00fa a udelili mu neuverite\u013en\u00e9 sk\u00f3re <strong>4,8 z takmer 12 000 recenzi\u00ed<\/strong>.<\/p>\n\n\n\n<p class=\"wp-block-paragraph\">S mal\u00fdmi de\u0165mi, ktor\u00e9 by dlh\u00fd v\u00fdklad p\u00e1na sprievodcu nebavil, je super spr\u00e1va t\u00e1, \u017ee na prv\u00e9 hradn\u00e9 n\u00e1dvorie sa dostane\u0161 \u00faplne vo\u013ene aj bez zak\u00fapenia vstupenky. M\u00f4\u017ee\u0161 si tak hrad prezrie\u0165, nasa\u0165 t\u00fa \u010darovn\u00fa rytiersku atmosf\u00e9ru, odfoti\u0165 sa pri padacom moste a zase v pokoji pokra\u010dova\u0165 \u010falej.<\/p>\n\n\n\n<h3 class=\"wp-block-heading\"><span class=\"ez-toc-section\" id=\"30_Mladecske_jaskyne\"><\/span>30. Mlade\u010dsk\u00e9 jaskyne<span class=\"ez-toc-section-end\"><\/span><\/h3>\n\n\n\n<figure data-wp-context=\"{&quot;imageId&quot;:&quot;6a952c66d8de7&quot;}\" data-wp-interactive=\"core\/image\" data-wp-key=\"6a952c66d8de7\" class=\"wp-block-image size-full wp-lightbox-container\"><img decoding=\"async\" width=\"1350\" height=\"1800\" data-wp-class--hide=\"state.isContentHidden\" data-wp-class--show=\"state.isContentVisible\" data-wp-init=\"callbacks.setButtonStyles\" data-wp-on--click=\"actions.showLightbox\" data-wp-on--load=\"callbacks.setButtonStyles\" data-wp-on--pointerdown=\"actions.preloadImage\" data-wp-on--pointerenter=\"actions.preloadImageWithDelay\" data-wp-on--pointerleave=\"actions.cancelPreload\" data-wp-on-window--resize=\"callbacks.setButtonStyles\" src=\"https:\/\/loudavymkrokem.cz\/wp-content\/uploads\/2026\/08\/olomouc-s-detmi-mladecske-jeskyne.jpg\" alt=\"Osvetlen\u00fd kvape\u013e v Mlade\u010dsk\u00fdch jaskyniach\" class=\"wp-image-401100\" title=\"\" srcset=\"https:\/\/loudavymkrokem.cz\/wp-content\/uploads\/2026\/08\/olomouc-s-detmi-mladecske-jeskyne.jpg 1350w, https:\/\/loudavymkrokem.cz\/wp-content\/uploads\/2026\/08\/olomouc-s-detmi-mladecske-jeskyne-225x300.jpg 225w, https:\/\/loudavymkrokem.cz\/wp-content\/uploads\/2026\/08\/olomouc-s-detmi-mladecske-jeskyne-700x933.jpg 700w, https:\/\/loudavymkrokem.cz\/wp-content\/uploads\/2026\/08\/olomouc-s-detmi-mladecske-jeskyne-768x1024.jpg 768w, https:\/\/loudavymkrokem.cz\/wp-content\/uploads\/2026\/08\/olomouc-s-detmi-mladecske-jeskyne-1152x1536.jpg 1152w, https:\/\/loudavymkrokem.cz\/wp-content\/uploads\/2026\/08\/olomouc-s-detmi-mladecske-jeskyne-696x928.jpg 696w\" sizes=\"(max-width: 1350px) 100vw, 1350px\" \/><button\n\t\t\tclass=\"lightbox-trigger\"\n\t\t\ttype=\"button\"\n\t\t\taria-haspopup=\"dialog\"\n\t\t\tdata-wp-bind--aria-label=\"state.thisImage.triggerButtonAriaLabel\"\n\t\t\tdata-wp-init=\"callbacks.initTriggerButton\"\n\t\t\tdata-wp-on--click=\"actions.showLightbox\"\n\t\t\tdata-wp-style--right=\"state.thisImage.buttonRight\"\n\t\t\tdata-wp-style--top=\"state.thisImage.buttonTop\"\n\t\t>\n\t\t\t<svg xmlns=\"http:\/\/www.w3.org\/2000\/svg\" width=\"12\" height=\"12\" fill=\"none\" viewBox=\"0 0 12 12\">\n\t\t\t\t<path fill=\"#fff\" d=\"M2 0a2 2 0 0 0-2 2v2h1.5V2a.5.5 0 0 1 .5-.5h2V0H2Zm2 10.5H2a.5.5 0 0 1-.5-.5V8H0v2a2 2 0 0 0 2 2h2v-1.5ZM8 12v-1.5h2a.5.5 0 0 0 .5-.5V8H12v2a2 2 0 0 1-2 2H8Zm2-12a2 2 0 0 1 2 2v2h-1.5V2a.5.5 0 0 0-.5-.5H8V0h2Z\" \/>\n\t\t\t<\/svg>\n\t\t<\/button><figcaption class=\"wp-element-caption\">Prehliadka Mlade\u010dsk\u00fdch jask\u00fd\u0148 trv\u00e1 necel\u00fa hodinu a zvl\u00e1dnu ju aj men\u0161ie deti<\/figcaption><\/figure>\n\n\n\n<p class=\"wp-block-paragraph\">Ak h\u013ead\u00e1\u0161 krat\u0161ie podzemn\u00e9 dobrodru\u017estvo, zhruba 25 kilometrov \u010faleko v dedine Mlade\u010d sa nach\u00e1dzaj\u00fa kr\u00e1sne krasov\u00e9 jaskyne s hodnoten\u00edm <strong>4,7<\/strong>. S\u00fa zn\u00e1me okrem in\u00e9ho v\u010faka archeologick\u00fdm n\u00e1lezom kost\u00ed pravek\u00fdch \u013eud\u00ed.<\/p>\n\n\n\n<p class=\"wp-block-paragraph\">Pre\u010do s\u00fa ale skvel\u00e9 pre rodiny? Samotn\u00e1 prehliadkov\u00e1 trasa trv\u00e1 toti\u017e necel\u00fa hodinku, nie je nijako fyzicky extr\u00e9mne n\u00e1ro\u010dn\u00e1 a pod\u013ea sk\u00fasenost\u00ed mnoh\u00fdch n\u00e1v\u0161tevn\u00edkov je <strong>ve\u013emi vhodn\u00e1 aj pre mal\u00e9 deti<\/strong>, ktor\u00e9 by dlh\u0161\u00ed pobyt v chladnom podzem\u00ed nemuseli dobre zn\u00e1\u0161a\u0165.<\/p>\n\n\n\n<h3 class=\"wp-block-heading\"><span class=\"ez-toc-section\" id=\"31_Javoricske_jaskyne\"><\/span>31. Javo\u0159\u00ed\u010dsk\u00e9 jaskyne<span class=\"ez-toc-section-end\"><\/span><\/h3>\n\n\n\n<figure data-wp-context=\"{&quot;imageId&quot;:&quot;6a952c66d9203&quot;}\" data-wp-interactive=\"core\/image\" data-wp-key=\"6a952c66d9203\" class=\"wp-block-image size-full wp-lightbox-container\"><img decoding=\"async\" width=\"1350\" height=\"1800\" data-wp-class--hide=\"state.isContentHidden\" data-wp-class--show=\"state.isContentVisible\" data-wp-init=\"callbacks.setButtonStyles\" data-wp-on--click=\"actions.showLightbox\" data-wp-on--load=\"callbacks.setButtonStyles\" data-wp-on--pointerdown=\"actions.preloadImage\" data-wp-on--pointerenter=\"actions.preloadImageWithDelay\" data-wp-on--pointerleave=\"actions.cancelPreload\" data-wp-on-window--resize=\"callbacks.setButtonStyles\" src=\"https:\/\/loudavymkrokem.cz\/wp-content\/uploads\/2026\/08\/olomouc-s-detmi-javoricske-jeskyne.jpg\" alt=\"Kvap\u013eov\u00e1 v\u00fdzdoba v Javo\u0159\u00ed\u010dsk\u00fdch jaskyniach\" class=\"wp-image-401096\" title=\"\" srcset=\"https:\/\/loudavymkrokem.cz\/wp-content\/uploads\/2026\/08\/olomouc-s-detmi-javoricske-jeskyne.jpg 1350w, https:\/\/loudavymkrokem.cz\/wp-content\/uploads\/2026\/08\/olomouc-s-detmi-javoricske-jeskyne-225x300.jpg 225w, https:\/\/loudavymkrokem.cz\/wp-content\/uploads\/2026\/08\/olomouc-s-detmi-javoricske-jeskyne-700x933.jpg 700w, https:\/\/loudavymkrokem.cz\/wp-content\/uploads\/2026\/08\/olomouc-s-detmi-javoricske-jeskyne-768x1024.jpg 768w, https:\/\/loudavymkrokem.cz\/wp-content\/uploads\/2026\/08\/olomouc-s-detmi-javoricske-jeskyne-1152x1536.jpg 1152w, https:\/\/loudavymkrokem.cz\/wp-content\/uploads\/2026\/08\/olomouc-s-detmi-javoricske-jeskyne-696x928.jpg 696w\" sizes=\"(max-width: 1350px) 100vw, 1350px\" \/><button\n\t\t\tclass=\"lightbox-trigger\"\n\t\t\ttype=\"button\"\n\t\t\taria-haspopup=\"dialog\"\n\t\t\tdata-wp-bind--aria-label=\"state.thisImage.triggerButtonAriaLabel\"\n\t\t\tdata-wp-init=\"callbacks.initTriggerButton\"\n\t\t\tdata-wp-on--click=\"actions.showLightbox\"\n\t\t\tdata-wp-style--right=\"state.thisImage.buttonRight\"\n\t\t\tdata-wp-style--top=\"state.thisImage.buttonTop\"\n\t\t>\n\t\t\t<svg xmlns=\"http:\/\/www.w3.org\/2000\/svg\" width=\"12\" height=\"12\" fill=\"none\" viewBox=\"0 0 12 12\">\n\t\t\t\t<path fill=\"#fff\" d=\"M2 0a2 2 0 0 0-2 2v2h1.5V2a.5.5 0 0 1 .5-.5h2V0H2Zm2 10.5H2a.5.5 0 0 1-.5-.5V8H0v2a2 2 0 0 0 2 2h2v-1.5ZM8 12v-1.5h2a.5.5 0 0 0 .5-.5V8H12v2a2 2 0 0 1-2 2H8Zm2-12a2 2 0 0 1 2 2v2h-1.5V2a.5.5 0 0 0-.5-.5H8V0h2Z\" \/>\n\t\t\t<\/svg>\n\t\t<\/button><figcaption class=\"wp-element-caption\">Javo\u0159\u00ed\u010dsk\u00e9 jaskyne maj\u00fa n\u00e1dhern\u00fa kvap\u013eov\u00fa v\u00fdzdobu, ale aj 250 schodov<\/figcaption><\/figure>\n\n\n\n<p class=\"wp-block-paragraph\">O trochu \u010falej, asi 35 kilometrov od mesta, sa ukr\u00fdva \u010fal\u0161\u00ed a e\u0161te v\u00e4\u010d\u0161\u00ed podzemn\u00fd klenot, Javo\u0159\u00ed\u010dsk\u00e9 jaskyne s dychber\u00facou kvap\u013eovou v\u00fdzdobou (skvel\u00e9 hodnotenie <strong>4,8 z takmer 3 tis\u00edc recenzi\u00ed<\/strong>). N\u00e1v\u0161teva tohto miesta je obrovsk\u00fd z\u00e1\u017eitok, ale \u00faprimne varujem, \u017ee je to v\u00fdlet vhodn\u00fd sk\u00f4r pre v\u00e4\u010d\u0161ie a fyzicky zdatnej\u0161ie deti.<\/p>\n\n\n\n<p class=\"wp-block-paragraph\">Ak sa toti\u017e vyberie\u0161 na neskr\u00e1ten\u00fa trasu dlh\u00fa necel\u00fdch 800 metrov, str\u00e1vi\u0161 v jaskyni cez hodinu, miestami sa bude\u0161 pre\u0165ahova\u0165 dos\u0165 \u00fazkymi chodbami a hlavne bude\u0161 musie\u0165 po\u010das prehliadky zdola\u0165 zhruba <strong>250 schodov<\/strong>. S bato\u013ea\u0165om v n\u00e1ru\u010d\u00ed by to bol naozaj o\u010distec.<\/p>\n\n\n\n<h3 class=\"wp-block-heading\"><span class=\"ez-toc-section\" id=\"32_Muzeum_olomouckych_tvarozkov_v_Losticiach\"><\/span>32. M\u00fazeum olomouck\u00fdch tvar\u00f4\u017ekov v Lo\u0161ticiach<span class=\"ez-toc-section-end\"><\/span><\/h3>\n\n\n\n<figure data-wp-context=\"{&quot;imageId&quot;:&quot;6a952c66d95aa&quot;}\" data-wp-interactive=\"core\/image\" data-wp-key=\"6a952c66d95aa\" class=\"wp-block-image size-full wp-lightbox-container\"><img decoding=\"async\" width=\"1800\" height=\"1246\" data-wp-class--hide=\"state.isContentHidden\" data-wp-class--show=\"state.isContentVisible\" data-wp-init=\"callbacks.setButtonStyles\" data-wp-on--click=\"actions.showLightbox\" data-wp-on--load=\"callbacks.setButtonStyles\" data-wp-on--pointerdown=\"actions.preloadImage\" data-wp-on--pointerenter=\"actions.preloadImageWithDelay\" data-wp-on--pointerleave=\"actions.cancelPreload\" data-wp-on-window--resize=\"callbacks.setButtonStyles\" src=\"https:\/\/loudavymkrokem.cz\/wp-content\/uploads\/2026\/08\/olomouc-s-detmi-muzeum-tvaruzku.jpg\" alt=\"Expoz\u00edcia v M\u00fazeu olomouck\u00fdch tvar\u00f4\u017ekov v Lo\u0161ticiach\" class=\"wp-image-401116\" title=\"\" srcset=\"https:\/\/loudavymkrokem.cz\/wp-content\/uploads\/2026\/08\/olomouc-s-detmi-muzeum-tvaruzku.jpg 1800w, https:\/\/loudavymkrokem.cz\/wp-content\/uploads\/2026\/08\/olomouc-s-detmi-muzeum-tvaruzku-300x208.jpg 300w, https:\/\/loudavymkrokem.cz\/wp-content\/uploads\/2026\/08\/olomouc-s-detmi-muzeum-tvaruzku-700x485.jpg 700w, https:\/\/loudavymkrokem.cz\/wp-content\/uploads\/2026\/08\/olomouc-s-detmi-muzeum-tvaruzku-768x532.jpg 768w, https:\/\/loudavymkrokem.cz\/wp-content\/uploads\/2026\/08\/olomouc-s-detmi-muzeum-tvaruzku-1536x1063.jpg 1536w, https:\/\/loudavymkrokem.cz\/wp-content\/uploads\/2026\/08\/olomouc-s-detmi-muzeum-tvaruzku-696x482.jpg 696w, https:\/\/loudavymkrokem.cz\/wp-content\/uploads\/2026\/08\/olomouc-s-detmi-muzeum-tvaruzku-1392x964.jpg 1392w\" sizes=\"(max-width: 1800px) 100vw, 1800px\" \/><button\n\t\t\tclass=\"lightbox-trigger\"\n\t\t\ttype=\"button\"\n\t\t\taria-haspopup=\"dialog\"\n\t\t\tdata-wp-bind--aria-label=\"state.thisImage.triggerButtonAriaLabel\"\n\t\t\tdata-wp-init=\"callbacks.initTriggerButton\"\n\t\t\tdata-wp-on--click=\"actions.showLightbox\"\n\t\t\tdata-wp-style--right=\"state.thisImage.buttonRight\"\n\t\t\tdata-wp-style--top=\"state.thisImage.buttonTop\"\n\t\t>\n\t\t\t<svg xmlns=\"http:\/\/www.w3.org\/2000\/svg\" width=\"12\" height=\"12\" fill=\"none\" viewBox=\"0 0 12 12\">\n\t\t\t\t<path fill=\"#fff\" d=\"M2 0a2 2 0 0 0-2 2v2h1.5V2a.5.5 0 0 1 .5-.5h2V0H2Zm2 10.5H2a.5.5 0 0 1-.5-.5V8H0v2a2 2 0 0 0 2 2h2v-1.5ZM8 12v-1.5h2a.5.5 0 0 0 .5-.5V8H12v2a2 2 0 0 1-2 2H8Zm2-12a2 2 0 0 1 2 2v2h-1.5V2a.5.5 0 0 0-.5-.5H8V0h2Z\" \/>\n\t\t\t<\/svg>\n\t\t<\/button><figcaption class=\"wp-element-caption\">V Lo\u0161ticiach uvid\u00ed\u0161, ako sa tvar\u00f4\u017eky vyr\u00e1baj\u00fa u\u017e cez 400 rokov<\/figcaption><\/figure>\n\n\n\n<p class=\"wp-block-paragraph\">Tvar\u00f4\u017eky k tomuto regi\u00f3nu jednoducho patria, a ak chce\u0161 vidie\u0165, ako sa tento vo\u0148av\u00fd (a pre niekoho sk\u00f4r p\u00e1chnuci) poklad rob\u00ed, vyber sa zhruba 35 kilometrov do Lo\u0161t\u00edc na Palack\u00e9ho ulicu \u010d\u00edslo 56. Miestne m\u00fazeum (hodnotenie <strong>4,8<\/strong>) je venovan\u00e9 jedin\u00e9mu p\u00f4vodn\u00e9mu \u010desk\u00e9mu syru, ktor\u00fd sa tu nepreru\u0161ene vyr\u00e1ba u\u017e \u00factyhodn\u00fdch 400 rokov.<\/p>\n\n\n\n<p class=\"wp-block-paragraph\">Aj ke\u010f to znie ako nuda pre dospel\u00fdch, deti v\u00e4\u010d\u0161inou t\u00e1to exkurzia stra\u0161ne bav\u00ed, a to hlavne v\u010faka tej \u0161pecifickej a v\u0161adepr\u00edtomnej v\u00f4ni zrenia, nad ktorou sa m\u00f4\u017eu postrkova\u0165 a smia\u0165. \ud83d\ude05 Syr je samozrejme z poh\u013eadu surov\u00edn vegetari\u00e1nsky \u00faplne v pohode, tak\u017ee ho po prehliadke m\u00f4\u017ee\u0161 bez v\u00fd\u010ditiek nak\u00fapi\u0165 domov.<\/p>\n\n\n\n<h3 class=\"wp-block-heading\"><span class=\"ez-toc-section\" id=\"33_Pradedovo_detske_muzeum_v_Bludove\"><\/span>33. Prad\u011bdovo detsk\u00e9 m\u00fazeum v Bludove<span class=\"ez-toc-section-end\"><\/span><\/h3>\n\n\n\n<figure data-wp-context=\"{&quot;imageId&quot;:&quot;6a952c66d9935&quot;}\" data-wp-interactive=\"core\/image\" data-wp-key=\"6a952c66d9935\" class=\"wp-block-image size-full wp-lightbox-container\"><img decoding=\"async\" width=\"800\" height=\"533\" data-wp-class--hide=\"state.isContentHidden\" data-wp-class--show=\"state.isContentVisible\" data-wp-init=\"callbacks.setButtonStyles\" data-wp-on--click=\"actions.showLightbox\" data-wp-on--load=\"callbacks.setButtonStyles\" data-wp-on--pointerdown=\"actions.preloadImage\" data-wp-on--pointerenter=\"actions.preloadImageWithDelay\" data-wp-on--pointerleave=\"actions.cancelPreload\" data-wp-on-window--resize=\"callbacks.setButtonStyles\" src=\"https:\/\/loudavymkrokem.cz\/wp-content\/uploads\/2026\/08\/olomouc-s-detmi-pradedovo-muzeum.jpg\" alt=\"Dreven\u00fd dom\u010dek v Prad\u011bdovom detskom m\u00fazeu v Bludove\" class=\"wp-image-403605\" title=\"\" srcset=\"https:\/\/loudavymkrokem.cz\/wp-content\/uploads\/2026\/08\/olomouc-s-detmi-pradedovo-muzeum.jpg 800w, https:\/\/loudavymkrokem.cz\/wp-content\/uploads\/2026\/08\/olomouc-s-detmi-pradedovo-muzeum-300x200.jpg 300w, https:\/\/loudavymkrokem.cz\/wp-content\/uploads\/2026\/08\/olomouc-s-detmi-pradedovo-muzeum-700x466.jpg 700w, https:\/\/loudavymkrokem.cz\/wp-content\/uploads\/2026\/08\/olomouc-s-detmi-pradedovo-muzeum-768x512.jpg 768w, https:\/\/loudavymkrokem.cz\/wp-content\/uploads\/2026\/08\/olomouc-s-detmi-pradedovo-muzeum-696x464.jpg 696w\" sizes=\"(max-width: 800px) 100vw, 800px\" \/><button\n\t\t\tclass=\"lightbox-trigger\"\n\t\t\ttype=\"button\"\n\t\t\taria-haspopup=\"dialog\"\n\t\t\tdata-wp-bind--aria-label=\"state.thisImage.triggerButtonAriaLabel\"\n\t\t\tdata-wp-init=\"callbacks.initTriggerButton\"\n\t\t\tdata-wp-on--click=\"actions.showLightbox\"\n\t\t\tdata-wp-style--right=\"state.thisImage.buttonRight\"\n\t\t\tdata-wp-style--top=\"state.thisImage.buttonTop\"\n\t\t>\n\t\t\t<svg xmlns=\"http:\/\/www.w3.org\/2000\/svg\" width=\"12\" height=\"12\" fill=\"none\" viewBox=\"0 0 12 12\">\n\t\t\t\t<path fill=\"#fff\" d=\"M2 0a2 2 0 0 0-2 2v2h1.5V2a.5.5 0 0 1 .5-.5h2V0H2Zm2 10.5H2a.5.5 0 0 1-.5-.5V8H0v2a2 2 0 0 0 2 2h2v-1.5ZM8 12v-1.5h2a.5.5 0 0 0 .5-.5V8H12v2a2 2 0 0 1-2 2H8Zm2-12a2 2 0 0 1 2 2v2h-1.5V2a.5.5 0 0 0-.5-.5H8V0h2Z\" \/>\n\t\t\t<\/svg>\n\t\t<\/button><figcaption class=\"wp-element-caption\">Prad\u011bdovo m\u00fazeum je postaven\u00e9 tak, aby sa deti mohli so v\u0161etk\u00fdm hra\u0165 | Foto: Prad\u011bdovo d\u011btsk\u00e9 muzeum<\/figcaption><\/figure>\n\n\n\n<p class=\"wp-block-paragraph\">Ak si urob\u00ed\u0161 trochu dlh\u0161\u00ed, asi 45 kilometrov dlh\u00fd v\u00fdlet na sever do Bludova, naraz\u00ed\u0161 na raj stvoren\u00fd \u010disto pre t\u00fdch najmen\u0161\u00edch. Prad\u011bdovo detsk\u00e9 m\u00fazeum si dr\u017e\u00ed par\u00e1dne hodnotenie <strong>4,7 z takmer tis\u00edcky recenzi\u00ed<\/strong> a je to miesto, kde sa myslelo naozaj na ka\u017ed\u00fd detsk\u00fd rozmar.<\/p>\n\n\n\n<p class=\"wp-block-paragraph\">Cel\u00e1 expoz\u00edcia aj pri\u013eahl\u00fd vonkaj\u0161\u00ed are\u00e1l s\u00fa postaven\u00e9 tak, aby sa deti mohli so v\u0161etk\u00fdm hra\u0165, objavova\u0165 pr\u00edrodu Jesen\u00edkov hravou formou, beha\u0165 a u\u017e\u00edva\u0165 si slobodu bez neust\u00e1leho napom\u00ednania, \u017ee sa na veci v m\u00fazeu nesiaha.<\/p>\n\n\n\n<h3 class=\"wp-block-heading\"><span class=\"ez-toc-section\" id=\"34_Fort_Radikov\"><\/span>34. Fort Rad\u00edkov<span class=\"ez-toc-section-end\"><\/span><\/h3>\n\n\n\n<figure data-wp-context=\"{&quot;imageId&quot;:&quot;6a952c66d9d2b&quot;}\" data-wp-interactive=\"core\/image\" data-wp-key=\"6a952c66d9d2b\" class=\"wp-block-image size-full wp-lightbox-container\"><img decoding=\"async\" width=\"1800\" height=\"1350\" data-wp-class--hide=\"state.isContentHidden\" data-wp-class--show=\"state.isContentVisible\" data-wp-init=\"callbacks.setButtonStyles\" data-wp-on--click=\"actions.showLightbox\" data-wp-on--load=\"callbacks.setButtonStyles\" data-wp-on--pointerdown=\"actions.preloadImage\" data-wp-on--pointerenter=\"actions.preloadImageWithDelay\" data-wp-on--pointerleave=\"actions.cancelPreload\" data-wp-on-window--resize=\"callbacks.setButtonStyles\" src=\"https:\/\/loudavymkrokem.cz\/wp-content\/uploads\/2026\/08\/olomouc-s-detmi-fort-radikov.jpg\" alt=\"Vstup do Fortu Rad\u00edkov na okraji Olomouca\" class=\"wp-image-401112\" title=\"\" srcset=\"https:\/\/loudavymkrokem.cz\/wp-content\/uploads\/2026\/08\/olomouc-s-detmi-fort-radikov.jpg 1800w, https:\/\/loudavymkrokem.cz\/wp-content\/uploads\/2026\/08\/olomouc-s-detmi-fort-radikov-300x225.jpg 300w, https:\/\/loudavymkrokem.cz\/wp-content\/uploads\/2026\/08\/olomouc-s-detmi-fort-radikov-700x525.jpg 700w, https:\/\/loudavymkrokem.cz\/wp-content\/uploads\/2026\/08\/olomouc-s-detmi-fort-radikov-768x576.jpg 768w, https:\/\/loudavymkrokem.cz\/wp-content\/uploads\/2026\/08\/olomouc-s-detmi-fort-radikov-1536x1152.jpg 1536w, https:\/\/loudavymkrokem.cz\/wp-content\/uploads\/2026\/08\/olomouc-s-detmi-fort-radikov-80x60.jpg 80w, https:\/\/loudavymkrokem.cz\/wp-content\/uploads\/2026\/08\/olomouc-s-detmi-fort-radikov-160x120.jpg 160w, https:\/\/loudavymkrokem.cz\/wp-content\/uploads\/2026\/08\/olomouc-s-detmi-fort-radikov-696x522.jpg 696w, https:\/\/loudavymkrokem.cz\/wp-content\/uploads\/2026\/08\/olomouc-s-detmi-fort-radikov-1392x1044.jpg 1392w\" sizes=\"(max-width: 1800px) 100vw, 1800px\" \/><button\n\t\t\tclass=\"lightbox-trigger\"\n\t\t\ttype=\"button\"\n\t\t\taria-haspopup=\"dialog\"\n\t\t\tdata-wp-bind--aria-label=\"state.thisImage.triggerButtonAriaLabel\"\n\t\t\tdata-wp-init=\"callbacks.initTriggerButton\"\n\t\t\tdata-wp-on--click=\"actions.showLightbox\"\n\t\t\tdata-wp-style--right=\"state.thisImage.buttonRight\"\n\t\t\tdata-wp-style--top=\"state.thisImage.buttonTop\"\n\t\t>\n\t\t\t<svg xmlns=\"http:\/\/www.w3.org\/2000\/svg\" width=\"12\" height=\"12\" fill=\"none\" viewBox=\"0 0 12 12\">\n\t\t\t\t<path fill=\"#fff\" d=\"M2 0a2 2 0 0 0-2 2v2h1.5V2a.5.5 0 0 1 .5-.5h2V0H2Zm2 10.5H2a.5.5 0 0 1-.5-.5V8H0v2a2 2 0 0 0 2 2h2v-1.5ZM8 12v-1.5h2a.5.5 0 0 0 .5-.5V8H12v2a2 2 0 0 1-2 2H8Zm2-12a2 2 0 0 1 2 2v2h-1.5V2a.5.5 0 0 0-.5-.5H8V0h2Z\" \/>\n\t\t\t<\/svg>\n\t\t<\/button><figcaption class=\"wp-element-caption\">Fort Rad\u00edkov na okraji mesta, okolo ktor\u00e9ho vedie pekn\u00e1 prech\u00e1dzka lesom<\/figcaption><\/figure>\n\n\n\n<p class=\"wp-block-paragraph\">A posledn\u00fd tip \u0165a vr\u00e1ti na samotn\u00fd okraj Olomouca. Ak \u0165a zaujala Korunn\u00e1 pevn\u00f4stka v centre, ur\u010dite sa z\u00e1jdi pozrie\u0165 aj na Fort Rad\u00edkov (hodnotenie 4,3), \u010do je jedna z \u010fal\u0161\u00edch zachovan\u00fdch pevn\u00f4stok, ktor\u00e9 kedysi tvorili d\u00f4myseln\u00fd obrann\u00fd prstenec okolo mesta.<\/p>\n\n\n\n<p class=\"wp-block-paragraph\">Okrem samotnej zauj\u00edmavej vojenskej stavby je tu hlavn\u00fdm l\u00e1kadlom kr\u00e1sna pr\u00edroda. Okolo opevnenia vedie ve\u013emi pekn\u00e1, nen\u00e1ro\u010dn\u00e1 prech\u00e1dzka lesom, kde m\u00f4\u017ee\u0161 zbiera\u0165 \u0161i\u0161ky, postavi\u0165 dom\u010dek pre \u0161kriatkov a u\u017ei\u0165 si chv\u00ed\u013eu pokoja \u010faleko od ruchu mesta.<\/p>\n\n\n\n<h2 class=\"wp-block-heading\"><span class=\"ez-toc-section\" id=\"Kde_sa_s_detmi_najest\"><\/span>Kde sa s de\u0165mi najes\u0165<span class=\"ez-toc-section-end\"><\/span><\/h2>\n\n\n\n<p class=\"wp-block-paragraph\">Ako vegetari\u00e1ni s bato\u013ea\u0165om m\u00e1me na re\u0161taur\u00e1cie pomerne \u0161pecifick\u00e9 n\u00e1roky a v Olomouci sme s nimi nemali ani najmen\u0161\u00ed probl\u00e9m. Ako rodina, ktor\u00e1 m\u00e4so nejie, m\u00e1m pre teba tipy na miesta, ktor\u00e9 miestni stravn\u00edci, a \u0161peci\u00e1lne t\u00ed vegetari\u00e1nski, vyn\u00e1\u0161aj\u00fa v recenzi\u00e1ch do neba. A pri pizzi sa s de\u0165mi jednoducho nikdy nepom\u00fdli\u0161.<\/p>\n\n\n\n<ul class=\"wp-block-list\">\n\n<li><strong>Koza zostala cel\u00e1<\/strong> (Ml\u00fdnsk\u00e1 952): \u00daplne fantastick\u00e1 a vych\u00fdren\u00e1 vegetari\u00e1nska re\u0161taur\u00e1cia, ktor\u00e1 si dr\u017e\u00ed \u0161pi\u010dkov\u00e9 hodnotenie <strong>4,8 z 517 recenzi\u00ed<\/strong>. Stravn\u00edci si tu chv\u00e1lia obrovsk\u00fa kreativitu na tanieri a v lete navy\u0161e m\u00f4\u017ee\u0161 posedie\u0165 na kr\u00e1snej a pokojnej terase, kde deti nebud\u00fa nikomu prek\u00e1\u017ea\u0165.<\/li>\n\n\n\n<li><strong>Bistro ROZMAR\u00ddNY<\/strong> (Masarykova t\u0159. 61): \u010eal\u0161\u00ed \u010disto vegetari\u00e1nsky podnik (hodnotenie <strong>4,8 zo 184<\/strong>), ktor\u00fd funguje ako bistro. Je to ide\u00e1lna vo\u013eba, ke\u010f potrebuje\u0161 do det\u00ed dosta\u0165 nejak\u00fd r\u00fdchly, ale nutri\u010dne vyv\u00e1\u017een\u00fd a zdrav\u00fd obed pln\u00fd zeleniny a strukov\u00edn.<\/li>\n\n\n\n<li><strong>GREEN BAR<\/strong> (Ztracen\u00e1 3): Ak \u0165a prepadne hlad uprostred doobed\u0148aj\u0161\u00edch potuliek centrom, zachr\u00e1ni \u0165a toto miesto (hodnotenie 4,6 z 379). Maj\u00fa tu otvoren\u00e9 u\u017e od 10 hod\u00edn a pon\u00fakaj\u00fa v\u00fdborn\u00e9 a hlavne r\u00fdchle vegetari\u00e1nske jedlo formou bufetu, tak\u017ee presne vid\u00ed\u0161, \u010do si d\u00e1va\u0161 na tanier.<\/li>\n\n\n\n<li><strong>Kathmandu<\/strong> (Doln\u00ed n\u00e1m. 25): M\u00e1\u0161 r\u00e1d trochu exotiky? T\u00e1to nep\u00e1lska re\u0161taur\u00e1cia je v Olomouci obrovsk\u00fd hit (fantastick\u00fdch <strong>4,7 z 1 789 hodnoten\u00ed<\/strong>). Rodi\u010dia ve\u013emi \u010dasto spom\u00ednaj\u00fa nesmierne ochotn\u00fd person\u00e1l, ktor\u00fd ti ve\u013emi r\u00e1d a trpezlivo porad\u00ed s v\u00fdberom t\u00fdch najlep\u0161\u00edch vegetari\u00e1nskych variantov, aby nep\u00e1lili a chutili aj mal\u00fdm stravn\u00edkom.<\/li>\n\n\n\n<li><strong>Pizza Hradlo<\/strong> (Mr\u0161t\u00edkovo n\u00e1m. 6): Hodnotenie 4,7 z viac ne\u017e tis\u00edcky recenzi\u00ed hovor\u00ed jasne. S de\u0165mi je pizza jednoducho v\u017edy st\u00e1vka na obrovsk\u00fa istotu, a ke\u010f si d\u00e1\u0161 klasick\u00fa Margheritu, pochutnaj\u00fa si v\u0161etci.<\/li>\n\n\n\n<li><strong>Buon Gusto<\/strong> (Velkomoravsk\u00e1 8) a <strong>La Scala<\/strong> (Masarykova t\u0159. 15): \u010eal\u0161ie dve \u00fa\u017easn\u00e9 pizzerie s vynikaj\u00facimi hodnoteniami (4,9 a 4,7). Pon\u00fakaj\u00fa sp\u00fastu skvel\u00fdch cestov\u00edn a bezm\u00e4sit\u00fdch p\u00edzz, ktor\u00e9 vo\u0148aj\u00fa prav\u00fdm Talianskom.<\/li>\n\n\n\n<li><strong>Zmrzlin\u00e1rium Caf\u00e9 Centro<\/strong> (Na St\u0159elnici 37): \u017diadny rodinn\u00fd v\u00fdlet sa nezaob\u00edde bez sladkej bodky. Toto miesto m\u00e1 hodnotenie 4,7 z takmer 1 700 hodnoten\u00ed a pod\u013ea miestnych tu robia tie najlep\u0161ie dezerty a zmrzlinu \u0161iroko-\u010faleko.<\/li>\n\n\n\n<li><strong>Olomouck\u00e9 tvar\u00f4\u017eky<\/strong>: Na z\u00e1ver nesmiem zabudn\u00fa\u0165 na miestnu chl\u00fabu. Jedin\u00fd p\u00f4vodn\u00fd \u010desk\u00fd syr s chr\u00e1nen\u00fdm ozna\u010den\u00edm E\u00da je samozrejme bez m\u00e4sa, tak\u017ee ho m\u00f4\u017ee\u0161 s pokojom ochutna\u0165. Priamo v centre n\u00e1jde\u0161 \u0161pecializovan\u00fa predaj\u0148u. Ak by boli na teba za studena pr\u00edli\u0161 aromatick\u00e9, sk\u00fas ich v nejakej kr\u010dmi\u010dke ochutna\u0165 vypr\u00e1\u017ean\u00e9 alebo rozpusten\u00e9 v hor\u00facej cesnakovej polievke, vraj chutia ove\u013ea jemnej\u0161ie.<\/li>\n\n\n<\/ul>\n\n\n\n<h2 class=\"wp-block-heading\"><span class=\"ez-toc-section\" id=\"Prakticke_info\"><\/span>Praktick\u00e9 info<span class=\"ez-toc-section-end\"><\/span><\/h2>\n\n\n\n<figure data-wp-context=\"{&quot;imageId&quot;:&quot;6a952c66da2ad&quot;}\" data-wp-interactive=\"core\/image\" data-wp-key=\"6a952c66da2ad\" class=\"wp-block-image size-full wp-lightbox-container\"><img decoding=\"async\" width=\"2200\" height=\"1467\" data-wp-class--hide=\"state.isContentHidden\" data-wp-class--show=\"state.isContentVisible\" data-wp-init=\"callbacks.setButtonStyles\" data-wp-on--click=\"actions.showLightbox\" data-wp-on--load=\"callbacks.setButtonStyles\" data-wp-on--pointerdown=\"actions.preloadImage\" data-wp-on--pointerenter=\"actions.preloadImageWithDelay\" data-wp-on--pointerleave=\"actions.cancelPreload\" data-wp-on-window--resize=\"callbacks.setButtonStyles\" src=\"https:\/\/loudavymkrokem.cz\/wp-content\/uploads\/2026\/08\/olomouc-s-detmi-ulice-tramvaj.jpg\" alt=\"Olomouck\u00e1 ulica s elektri\u010dkov\u00fdmi ko\u013eajami v centre mesta\" class=\"wp-image-401032\" title=\"\" srcset=\"https:\/\/loudavymkrokem.cz\/wp-content\/uploads\/2026\/08\/olomouc-s-detmi-ulice-tramvaj.jpg 2200w, https:\/\/loudavymkrokem.cz\/wp-content\/uploads\/2026\/08\/olomouc-s-detmi-ulice-tramvaj-300x200.jpg 300w, https:\/\/loudavymkrokem.cz\/wp-content\/uploads\/2026\/08\/olomouc-s-detmi-ulice-tramvaj-700x467.jpg 700w, https:\/\/loudavymkrokem.cz\/wp-content\/uploads\/2026\/08\/olomouc-s-detmi-ulice-tramvaj-768x512.jpg 768w, https:\/\/loudavymkrokem.cz\/wp-content\/uploads\/2026\/08\/olomouc-s-detmi-ulice-tramvaj-1536x1024.jpg 1536w, https:\/\/loudavymkrokem.cz\/wp-content\/uploads\/2026\/08\/olomouc-s-detmi-ulice-tramvaj-2048x1366.jpg 2048w, https:\/\/loudavymkrokem.cz\/wp-content\/uploads\/2026\/08\/olomouc-s-detmi-ulice-tramvaj-696x464.jpg 696w, https:\/\/loudavymkrokem.cz\/wp-content\/uploads\/2026\/08\/olomouc-s-detmi-ulice-tramvaj-1392x928.jpg 1392w, https:\/\/loudavymkrokem.cz\/wp-content\/uploads\/2026\/08\/olomouc-s-detmi-ulice-tramvaj-1920x1280.jpg 1920w\" sizes=\"(max-width: 2200px) 100vw, 2200px\" \/><button\n\t\t\tclass=\"lightbox-trigger\"\n\t\t\ttype=\"button\"\n\t\t\taria-haspopup=\"dialog\"\n\t\t\tdata-wp-bind--aria-label=\"state.thisImage.triggerButtonAriaLabel\"\n\t\t\tdata-wp-init=\"callbacks.initTriggerButton\"\n\t\t\tdata-wp-on--click=\"actions.showLightbox\"\n\t\t\tdata-wp-style--right=\"state.thisImage.buttonRight\"\n\t\t\tdata-wp-style--top=\"state.thisImage.buttonTop\"\n\t\t>\n\t\t\t<svg xmlns=\"http:\/\/www.w3.org\/2000\/svg\" width=\"12\" height=\"12\" fill=\"none\" viewBox=\"0 0 12 12\">\n\t\t\t\t<path fill=\"#fff\" d=\"M2 0a2 2 0 0 0-2 2v2h1.5V2a.5.5 0 0 1 .5-.5h2V0H2Zm2 10.5H2a.5.5 0 0 1-.5-.5V8H0v2a2 2 0 0 0 2 2h2v-1.5ZM8 12v-1.5h2a.5.5 0 0 0 .5-.5V8H12v2a2 2 0 0 1-2 2H8Zm2-12a2 2 0 0 1 2 2v2h-1.5V2a.5.5 0 0 0-.5-.5H8V0h2Z\" \/>\n\t\t\t<\/svg>\n\t\t<\/button><figcaption class=\"wp-element-caption\">Centrum je pe\u0161ia z\u00f3na, tak\u017ee sa tu s ko\u010d\u00edkom jazd\u00ed dobre<\/figcaption><\/figure>\n\n\n\n<p class=\"wp-block-paragraph\">Ne\u017e vyraz\u00ed\u0161, je dobr\u00e9 pozna\u0165 p\u00e1r praktick\u00fdch detailov, ktor\u00e9 ti u\u0161etria sp\u00fastu nervov aj pe\u0148az\u00ed hne\u010f po pr\u00edchode. Olomouc je skvele dostupn\u00e1, najm\u00e4 ak sa rozhodne\u0161 necha\u0165 auto doma a zvol\u00ed\u0161 vlak. Z Bratislavy sem d\u00f4jde\u0161 s jedn\u00fdm prestupom (obvykle v B\u0159eclavi) zhruba za <strong>3 hodiny<\/strong>, z Brna ti cesta zaberie iba <strong>1,5 hodiny<\/strong>. Cesta vlakom s de\u0165mi je navy\u0161e sama o sebe ove\u013ea pokojnej\u0161ia ne\u017e stresova\u0165 sa v z\u00e1pchach na dia\u013enici.<\/p>\n\n\n\n<p class=\"wp-block-paragraph\">\u010co sa t\u00fdka pohybu po meste, historick\u00e9 centrum funguje ako jedna ve\u013ek\u00e1 pe\u0161ia z\u00f3na a rozlohou je ve\u013emi kompaktn\u00e9, tak\u017ee tu v\u0161etko bez probl\u00e9mu prejde\u0161 pe\u0161o. S ko\u010d\u00edkom sa tu jazd\u00ed pomerne dobre a pohodlne, len si mus\u00ed\u0161 d\u00e1va\u0165 trochu pozor na hrkotav\u00e9 dla\u017eobn\u00e9 kocky, ktor\u00e9 pokr\u00fdvaj\u00fa hlavn\u00e9 n\u00e1mestie, \u010do ale m\u00f4\u017ee pri men\u0161\u00edch b\u00e1b\u00e4tk\u00e1ch posl\u00fa\u017ei\u0165 ako skvel\u00fd usp\u00e1vac\u00ed prostriedok. \u263a\ufe0f<\/p>\n\n\n\n<p class=\"wp-block-paragraph\">Ak predsa len cestuje\u0161 autom, priprav sa na to, \u017ee parkovanie priamo v historickom jadre je ve\u013emi drah\u00e9 a parkovac\u00edch miest je z\u00fafal\u00fd nedostatok. Nezabudni, \u017ee na jazdu po \u010desk\u00fdch dia\u013eniciach potrebuje\u0161 dia\u013eni\u010dn\u00fa zn\u00e1mku (kupuje sa elektronicky online). Rozhodne sa oplat\u00ed vyh\u013eada\u0165 rad\u0161ej niektor\u00fd z kryt\u00fdch parkovac\u00edch domov na okraji centra, alebo e\u0161te lep\u0161ie, zamluvi\u0165 si hotel, ktor\u00fd pon\u00faka vlastn\u00e9 parkovanie pre host\u00ed. Na vzdialenej\u0161ie miesta potom skvele funguje miestna spo\u013eahliv\u00e1 MHD tvoren\u00e1 sie\u0165ou elektri\u010diek a autobusov, pri\u010dom na ob\u013e\u00faben\u00fd Sv\u00e4t\u00fd Kope\u010dek \u0165a spo\u013eahlivo dovezie u\u017e spom\u00ednan\u00fd <strong>autobus \u010d. 11<\/strong> vyr\u00e1\u017eaj\u00faci z hlavnej stanice.<\/p>\n\n\n\n<h2 class=\"wp-block-heading\"><span class=\"ez-toc-section\" id=\"Kam_dalej\"><\/span>Kam \u010falej<span class=\"ez-toc-section-end\"><\/span><\/h2>\n\n\n\n<p class=\"wp-block-paragraph\">Chyst\u00e1\u0161 sa na Moravu alebo h\u013ead\u00e1\u0161 \u010fal\u0161ie tipy na v\u00fdlety s de\u0165mi? Mrkni na na\u0161e \u010fal\u0161ie \u010dl\u00e1nky:<\/p>\n\n\n\n<ul class=\"wp-block-list\">\n\n<li><a href=\"https:\/\/loudavymkrokem.cz\/sk\/co-vidiet-v-olomouci\/\">\u010co vidie\u0165 v Olomouci<\/a>: 14 tipov na pamiatky, ktor\u00e9 stoja za to vidie\u0165 aj bez det\u00ed.<\/li>\n\n\n\n<li><a href=\"https:\/\/loudavymkrokem.cz\/sk\/orea-hotel-arigone-olomouc\/\">Recenzia OREA Hotel Arigone<\/a>: hotel v centre s v\u00edrivkou a saunou priamo na izbe.<\/li>\n\n\n\n<li><a href=\"https:\/\/loudavymkrokem.cz\/sk\/najlepsie-aquaparky-cesko\/\">Najlep\u0161ie aquaparky v \u010cR<\/a>: 13 tipov, kam vyrazi\u0165 s de\u0165mi za vodou.<\/li>\n\n\n\n<li><a href=\"https:\/\/loudavymkrokem.cz\/sk\/hrady-zamky-stredna-morava\/\">Kam na dovolenku na strednej Morave<\/a>: 15 tipov na Han\u00fa aj Vala\u0161sko.<\/li>\n\n\n\n<li><a href=\"https:\/\/loudavymkrokem.cz\/sk\/pisek-cesko-s-detmi\/\">P\u00edsek s de\u0165mi<\/a>: \u010fal\u0161ie kompaktn\u00e9 \u010desk\u00e9 mesto, kde sa deti nenudia.<\/li>\n\n\n<\/ul>\n\n\n\n<h2 class=\"wp-block-heading\"><span class=\"ez-toc-section\" id=\"Casto_kladene_otazky\"><\/span>\u010casto kladen\u00e9 ot\u00e1zky<span class=\"ez-toc-section-end\"><\/span><\/h2>\n\n\n\n<p class=\"wp-block-paragraph\">Na z\u00e1ver som pozbierala ot\u00e1zky, ktor\u00e9 rodi\u010dia pred cestou do Olomouca rie\u0161ia naj\u010dastej\u0161ie. <strong>Ceny a otv\u00e1racie doby sa ale menia, tak\u017ee si ich pred v\u00fdletom rad\u0161ej e\u0161te over.<\/strong><\/p>\n\n\n<div id=\"rank-math-faq\" class=\"rank-math-block\">\n<div class=\"rank-math-list \">\n<div id=\"faq-question-1787773774000\" class=\"rank-math-list-item\">\n<h3 class=\"rank-math-question \"><span class=\"ez-toc-section\" id=\"Kam_v_Olomouci_s_detmi_ked_prsi\"><\/span>Kam v Olomouci s de\u0165mi, ke\u010f pr\u0161\u00ed?<span class=\"ez-toc-section-end\"><\/span><\/h3>\n<div class=\"rank-math-answer \">\n\n<p>Olomouc je na d\u00e1\u017e\u010f skvele pripraven\u00e1. Najv\u00e4\u010d\u0161\u00edm hitom je interakt\u00edvne science centrum Pevnost pozn\u00e1n\u00ed v Korunn\u00ed pevn\u016fstke, pre men\u0161ie deti odpor\u00fa\u010dam n\u00e1dhern\u00e9 kaviarne s her\u0148ami priamo v centre (J\u00e1S\u00e1m alebo montessori her\u0148u V lese). Star\u0161ie deti sa na dlh\u00e9 hodiny vy\u0161antia v obrovskom z\u00e1bavnom parku Krokod\u00fdlek alebo v Amazonii.<\/p>\n\n<\/div>\n<\/div>\n<div id=\"faq-question-1787773774001\" class=\"rank-math-list-item\">\n<h3 class=\"rank-math-question \"><span class=\"ez-toc-section\" id=\"Kolko_stoji_ZOO_Olomouc\"><\/span>Ko\u013eko stoj\u00ed ZOO Olomouc?<span class=\"ez-toc-section-end\"><\/span><\/h3>\n<div class=\"rank-math-answer \">\n\n<p>Ceny v ZOO na Svatom Kope\u010dku sa l\u00ed\u0161ia pod\u013ea aktu\u00e1lnej sez\u00f3ny. V tej hlavnej (od marca do okt\u00f3bra) zaplatia dospel\u00ed 7 \u20ac (180 K\u010d), z\u013eavnen\u00e9 vstupn\u00e9 pre deti a \u0161tudentov je 5,50 \u20ac (140 K\u010d). Mimo sez\u00f3ny (od novembra do febru\u00e1ra) s\u00fa ceny 6 \u20ac (150 K\u010d) a 5 \u20ac (120 K\u010d). Deti do 3 rokov maj\u00fa vstup v\u017edy \u00faplne zdarma a rodinn\u00e1 vstupenka pre dvoch dospel\u00fdch a dve deti vyjde v\u00fdhodne na 24 \u20ac (600 K\u010d).<\/p>\n\n<\/div>\n<\/div>\n<div id=\"faq-question-1787773774002\" class=\"rank-math-list-item\">\n<h3 class=\"rank-math-question \"><span class=\"ez-toc-section\" id=\"Ako_sa_dostat_na_Svaty_Kopecek\"><\/span>Ako sa dosta\u0165 na Svat\u00fd Kope\u010dek?<span class=\"ez-toc-section-end\"><\/span><\/h3>\n<div class=\"rank-math-answer \">\n\n<p>Najjednoduch\u0161ia a najpohodlnej\u0161ia cesta je vyu\u017ei\u0165 mestsk\u00fa hromadn\u00fa dopravu. Z hlavnej vlakovej stanice v Olomouci (konkr\u00e9tne zo stanovi\u0161\u0165a D) jazd\u00ed pravidelne autobus \u010d\u00edslo 11. Spoje jazdia v perfektn\u00fdch 10 a\u017e 15-min\u00fatov\u00fdch intervaloch, samotn\u00e1 cesta trv\u00e1 asi 20 min\u00fat a od zast\u00e1vky na kopci d\u00f4jdete k ZOO pe\u0161o za necel\u00fdch desa\u0165 min\u00fat.<\/p>\n\n<\/div>\n<\/div>\n<div id=\"faq-question-1787773774003\" class=\"rank-math-list-item\">\n<h3 class=\"rank-math-question \"><span class=\"ez-toc-section\" id=\"Je_Olomouc_vhodna_s_kocikom\"><\/span>Je Olomouc vhodn\u00e1 s ko\u010d\u00edkom?<span class=\"ez-toc-section-end\"><\/span><\/h3>\n<div class=\"rank-math-answer \">\n\n<p>\u00c1no, ve\u013emi. Cel\u00e9 historick\u00e9 jadro je vlastne jedna ve\u013ek\u00e1 kompaktn\u00e1 pe\u0161ia z\u00f3na, tak\u017ee sa nemus\u00edte neust\u00e1le vyh\u00fdba\u0165 aut\u00e1m. Jedin\u00fdm z\u00e1drhelom pre mal\u00e9 kolieska m\u00f4\u017eu by\u0165 ma\u010dacie hlavy a dla\u017eobn\u00e9 kocky na hlavn\u00fdch n\u00e1mestiach. Prech\u00e1dzky s ko\u010d\u00edkom s\u00fa potom \u00faplne ide\u00e1lne v roz\u013eahl\u00fdch a rovn\u00fdch mestsk\u00fdch parkoch, ako s\u00fa Smetanove sady alebo kr\u00e1sne Roz\u00e1rium.<\/p>\n\n<\/div>\n<\/div>\n<div id=\"faq-question-1787773774004\" class=\"rank-math-list-item\">\n<h3 class=\"rank-math-question \"><span class=\"ez-toc-section\" id=\"Kam_s_detmi_v_Olomouci_zdarma\"><\/span>Kam s de\u0165mi v Olomouci zdarma?<span class=\"ez-toc-section-end\"><\/span><\/h3>\n<div class=\"rank-math-answer \">\n\n<p>\u00daplne bez platenia si m\u00f4\u017eete vychutna\u0165 h\u013eada\u010dku v\u0161etk\u00fdch barokov\u00fdch font\u00e1n v centre mesta, po\u010dka\u0165 si na polud\u0148aj\u0161ie odznievanie sl\u00e1vneho orloja na radnici alebo h\u013eada\u0165 obrovsk\u00e9 farebn\u00e9 mur\u00e1ly a street art na fas\u00e1dach domov. Vo\u013ene pr\u00edstupn\u00e9 s\u00fa aj v\u0161etky roz\u013eahl\u00e9 mestsk\u00e9 parky vr\u00e1tane kr\u00e1sneho Roz\u00e1ria a Bezru\u010dov\u00fdch sadov pod hradbami.<\/p>\n\n<\/div>\n<\/div>\n<div id=\"faq-question-1787773774005\" class=\"rank-math-list-item\">\n<h3 class=\"rank-math-question \"><span class=\"ez-toc-section\" id=\"Kolko_dni_potrebujeme_na_Olomouc_s_detmi\"><\/span>Ko\u013eko dn\u00ed potrebujeme na Olomouc s de\u0165mi?<span class=\"ez-toc-section-end\"><\/span><\/h3>\n<div class=\"rank-math-answer \">\n\n<p>Historick\u00e9 centrum mesta so v\u0161etk\u00fdmi font\u00e1nami a orlojom v pokoji zvl\u00e1dnete prejs\u0165 za jeden de\u0148. Ak v\u0161ak chcete n\u00e1v\u0161tevu spoji\u0165 s poldenn\u00fdm v\u00fdletom na Svat\u00fd Kope\u010dek do ZOO, n\u00e1v\u0161tevou Pevnosti pozn\u00e1n\u00ed alebo k\u00fapan\u00edm v aquaparku, ide\u00e1lna doba na n\u00e1v\u0161tevu je 2 a\u017e 3 dni, teda perfektn\u00fd pred\u013a\u017een\u00fd v\u00edkend.<\/p>\n\n<\/div>\n<\/div>\n<div id=\"faq-question-1787773774006\" class=\"rank-math-list-item\">\n<h3 class=\"rank-math-question \"><span class=\"ez-toc-section\" id=\"Kam_na_vylet_z_Olomouca_s_detmi\"><\/span>Kam na v\u00fdlet z Olomouca s de\u0165mi?<span class=\"ez-toc-section-end\"><\/span><\/h3>\n<div class=\"rank-math-answer \">\n\n<p>Ak m\u00e1te auto, zhruba do 45 min\u00fat jazdy od Olomouca sa pon\u00faka spousta kr\u00e1snych miest. Obrovsk\u00fdm hitom je DinoPark a ZOO Park Vy\u0161kov, za hist\u00f3riou m\u00f4\u017eete vyrazi\u0165 na rozpr\u00e1vkov\u00fd hrad Bouzov a za objavovan\u00edm podzemn\u00e9ho sveta do krat\u0161\u00edch a menej n\u00e1ro\u010dn\u00fdch Mlade\u010dsk\u00fdch jask\u00fd\u0148. Pre men\u0161ie deti je fantastick\u00e9 aj Prad\u011bdovo detsk\u00e9 m\u00fazeum v Bludov\u011b.<\/p>\n\n<\/div>\n<\/div>\n<div id=\"faq-question-1787773774007\" class=\"rank-math-list-item\">\n<h3 class=\"rank-math-question \"><span class=\"ez-toc-section\" id=\"Ako_daleko_je_DinoPark_Vyskov_z_Olomouca\"><\/span>Ako \u010faleko je DinoPark Vy\u0161kov z Olomouca?<span class=\"ez-toc-section-end\"><\/span><\/h3>\n<div class=\"rank-math-answer \">\n\n<p>DinoPark a ZOO Park vo Vy\u0161kov\u011b sa nach\u00e1dza zhruba 45 kilometrov od Olomouca. Cesta autom po dia\u013enici v\u00e1m zaberie pribli\u017ene pol hodiny, tak\u017ee je to naprosto ide\u00e1lny a nen\u00e1ro\u010dn\u00fd cie\u013e na skvel\u00fd poldenn\u00fd rodinn\u00fd v\u00fdlet.<\/p>\n\n<\/div>\n<\/div>\n<\/div>\n<\/div>","protected":false},"excerpt":{"rendered":"<p>Herni\u010dky priamo na Hornom n\u00e1mest\u00ed, Pevnos\u0165 poznania, zoo na Sv\u00e4tom Kope\u010dku aj DinoPark vo Vy\u0161kove. 34 tipov, kam v Olomouci s de\u0165mi za pekn\u00e9ho po\u010dasia aj ke\u010f pr\u0161\u00ed, s cenami a otv\u00e1racou dobou.<\/p>\n","protected":false},"author":3,"featured_media":401014,"comment_status":"open","ping_status":"open","sticky":false,"template":"","format":"standard","meta":{"_acf_changed":false,"footnotes":"","rank_math_title":"Olomouc s de\u0165mi: 34 tipov, kam vyrazi\u0165 v 2026","rank_math_description":"Olomouc s de\u0165mi: 34 tipov, kam vyrazi\u0165 za pekn\u00e9ho po\u010dasia aj ke\u010f pr\u0161\u00ed. Herne, zoo, aquapark aj DinoPark s cenami a otv\u00e1racou dobou. Napl\u00e1nuj si v\u00fdlet e\u0161te dnes!","rank_math_focus_keyword":"Olomouc s de\u0165mi","rank_math_seo_score":""},"categories":[977,952,955],"tags":[],"class_list":["post-409065","post","type-post","status-publish","format-standard","has-post-thumbnail","category-ceska-republika","category-cestovanie","category-europa"],"acf":[],"featured_image_src":"https:\/\/loudavymkrokem.cz\/wp-content\/uploads\/2026\/08\/olomouc-s-detmi-mural-prujezd.jpg","author_info":{"display_name":"Lucie Kone\u010dn\u00e1","author_link":"https:\/\/loudavymkrokem.cz\/sk\/author\/lucie-konecna\/"},"_links":{"self":[{"href":"https:\/\/loudavymkrokem.cz\/sk\/wp-json\/wp\/v2\/posts\/409065","targetHints":{"allow":["GET"]}}],"collection":[{"href":"https:\/\/loudavymkrokem.cz\/sk\/wp-json\/wp\/v2\/posts"}],"about":[{"href":"https:\/\/loudavymkrokem.cz\/sk\/wp-json\/wp\/v2\/types\/post"}],"author":[{"embeddable":true,"href":"https:\/\/loudavymkrokem.cz\/sk\/wp-json\/wp\/v2\/users\/3"}],"replies":[{"embeddable":true,"href":"https:\/\/loudavymkrokem.cz\/sk\/wp-json\/wp\/v2\/comments?post=409065"}],"version-history":[{"count":3,"href":"https:\/\/loudavymkrokem.cz\/sk\/wp-json\/wp\/v2\/posts\/409065\/revisions"}],"predecessor-version":[{"id":409068,"href":"https:\/\/loudavymkrokem.cz\/sk\/wp-json\/wp\/v2\/posts\/409065\/revisions\/409068"}],"wp:featuredmedia":[{"embeddable":true,"href":"https:\/\/loudavymkrokem.cz\/sk\/wp-json\/wp\/v2\/media\/401014"}],"wp:attachment":[{"href":"https:\/\/loudavymkrokem.cz\/sk\/wp-json\/wp\/v2\/media?parent=409065"}],"wp:term":[{"taxonomy":"category","embeddable":true,"href":"https:\/\/loudavymkrokem.cz\/sk\/wp-json\/wp\/v2\/categories?post=409065"},{"taxonomy":"post_tag","embeddable":true,"href":"https:\/\/loudavymkrokem.cz\/sk\/wp-json\/wp\/v2\/tags?post=409065"}],"curies":[{"name":"wp","href":"https:\/\/api.w.org\/{rel}","templated":true}]}}