{"id":409049,"date":"2026-08-29T20:24:18","date_gmt":"2026-08-29T18:24:18","guid":{"rendered":"https:\/\/loudavymkrokem.cz\/tartu-estonsko-co-vidiet\/"},"modified":"2026-08-31T07:17:36","modified_gmt":"2026-08-31T05:17:36","slug":"tartu-estonsko-co-vidiet","status":"publish","type":"post","link":"https:\/\/loudavymkrokem.cz\/sk\/tartu-estonsko-co-vidiet\/","title":{"rendered":"Tartu, Est\u00f3nsko: 12 tipov, \u010do vidie\u0165 v \u0161tudentskom srdci krajiny v roku 2026"},"content":{"rendered":"\n<p class=\"wp-block-paragraph\">Zatia\u013e \u010do Tallinn cez de\u0148 \u010dasto upchaj\u00fa davy turistov z v\u00fdletn\u00fdch lod\u00ed, Tartu v Est\u00f3nsku \u017eije \u00faplne in\u00fdm tempom. Toto <strong>druh\u00e9 najv\u00e4\u010d\u0161ie mesto Est\u00f3nska<\/strong> le\u017e\u00ed zhruba dve hodiny cesty na juh a patr\u00ed predov\u0161etk\u00fdm \u0161tudentom. N\u00e1jde\u0161 tu ove\u013ea uvo\u013enenej\u0161iu atmosf\u00e9ru, ktor\u00e1 \u0165a okam\u017eite vtiahne do svojho pokojn\u00e9ho rytmu.<\/p>\n\n\n\n<p class=\"wp-block-paragraph\">Hovor\u00ed sa mu mesto dobr\u00fdch my\u0161lienok a miestna univerzita, <strong>zalo\u017een\u00e1 u\u017e v roku 1632<\/strong>, z neho rob\u00ed skuto\u010dn\u00e9 intelektu\u00e1lne srdce krajiny. Turisti sem s\u00edce tak ve\u013emi nemieria, ale o to autentickej\u0161\u00ed z\u00e1\u017eitok \u0165a pod\u013ea mnoh\u00fdch cestovate\u013eov \u010dak\u00e1. Nie je tu toti\u017e n\u00fadza o skvel\u00e9 kaviarne, n\u00e1dhern\u00e9 parky a neokukan\u00fa architekt\u00faru.<\/p>\n\n\n\n<p class=\"wp-block-paragraph\">D\u00e1m ti <strong>12 tipov<\/strong>, \u010do v meste rozhodne nevynecha\u0165 \u2014 od kaviarni\u010diek v kreat\u00edvnych dvoroch po m\u00fazeum, ktor\u00e9 \u0165a posad\u00ed na zadok. A tie\u017e porad\u00edm, ako sa sem najlep\u0161ie dosta\u0165, <strong>ko\u013eko \u010dasu si na prehliadku vyhradi\u0165<\/strong> a kde sa strategicky ubytova\u0165, aby si mal v\u0161etko pekne po ruke.<\/p>\n\n\n\n<figure data-wp-context=\"{&quot;imageId&quot;:&quot;6a9527fde3bec&quot;}\" data-wp-interactive=\"core\/image\" data-wp-key=\"6a9527fde3bec\" class=\"wp-block-image size-full wp-lightbox-container\"><img decoding=\"async\" width=\"1800\" height=\"872\" data-wp-class--hide=\"state.isContentHidden\" data-wp-class--show=\"state.isContentVisible\" data-wp-init=\"callbacks.setButtonStyles\" data-wp-on--click=\"actions.showLightbox\" data-wp-on--load=\"callbacks.setButtonStyles\" data-wp-on--pointerdown=\"actions.preloadImage\" data-wp-on--pointerenter=\"actions.preloadImageWithDelay\" data-wp-on--pointerleave=\"actions.cancelPreload\" data-wp-on-window--resize=\"callbacks.setButtonStyles\" src=\"https:\/\/loudavymkrokem.cz\/wp-content\/uploads\/2026\/07\/estonsko-clanky-tartu-co-videt-01.jpg\" alt=\"Radni\u010dn\u00e9 n\u00e1mestie v Tartu\" class=\"wp-image-350586\" title=\"\" srcset=\"https:\/\/loudavymkrokem.cz\/wp-content\/uploads\/2026\/07\/estonsko-clanky-tartu-co-videt-01.jpg 1800w, https:\/\/loudavymkrokem.cz\/wp-content\/uploads\/2026\/07\/estonsko-clanky-tartu-co-videt-01-300x145.jpg 300w, https:\/\/loudavymkrokem.cz\/wp-content\/uploads\/2026\/07\/estonsko-clanky-tartu-co-videt-01-700x339.jpg 700w, https:\/\/loudavymkrokem.cz\/wp-content\/uploads\/2026\/07\/estonsko-clanky-tartu-co-videt-01-768x372.jpg 768w, https:\/\/loudavymkrokem.cz\/wp-content\/uploads\/2026\/07\/estonsko-clanky-tartu-co-videt-01-1536x744.jpg 1536w, https:\/\/loudavymkrokem.cz\/wp-content\/uploads\/2026\/07\/estonsko-clanky-tartu-co-videt-01-696x337.jpg 696w, https:\/\/loudavymkrokem.cz\/wp-content\/uploads\/2026\/07\/estonsko-clanky-tartu-co-videt-01-1392x674.jpg 1392w\" sizes=\"(max-width: 1800px) 100vw, 1800px\" \/><button\n\t\t\tclass=\"lightbox-trigger\"\n\t\t\ttype=\"button\"\n\t\t\taria-haspopup=\"dialog\"\n\t\t\tdata-wp-bind--aria-label=\"state.thisImage.triggerButtonAriaLabel\"\n\t\t\tdata-wp-init=\"callbacks.initTriggerButton\"\n\t\t\tdata-wp-on--click=\"actions.showLightbox\"\n\t\t\tdata-wp-style--right=\"state.thisImage.buttonRight\"\n\t\t\tdata-wp-style--top=\"state.thisImage.buttonTop\"\n\t\t>\n\t\t\t<svg xmlns=\"http:\/\/www.w3.org\/2000\/svg\" width=\"12\" height=\"12\" fill=\"none\" viewBox=\"0 0 12 12\">\n\t\t\t\t<path fill=\"#fff\" d=\"M2 0a2 2 0 0 0-2 2v2h1.5V2a.5.5 0 0 1 .5-.5h2V0H2Zm2 10.5H2a.5.5 0 0 1-.5-.5V8H0v2a2 2 0 0 0 2 2h2v-1.5ZM8 12v-1.5h2a.5.5 0 0 0 .5-.5V8H12v2a2 2 0 0 1-2 2H8Zm2-12a2 2 0 0 1 2 2v2h-1.5V2a.5.5 0 0 0-.5-.5H8V0h2Z\" \/>\n\t\t\t<\/svg>\n\t\t<\/button><figcaption class=\"wp-element-caption\">Foto: Cayambe \/ Wikimedia Commons, CC BY-SA 4.0<\/figcaption><\/figure>\n\n\n\n<div id=\"ez-toc-container\" class=\"ez-toc-v2_0_86 ez-toc-wrap-left counter-hierarchy ez-toc-counter ez-toc-grey ez-toc-container-direction\">\n<div class=\"ez-toc-title-container\">\n<p class=\"ez-toc-title\" style=\"cursor:inherit\">Obsah \u010dl\u00e1nku<\/p>\n<span class=\"ez-toc-title-toggle\"><a href=\"#\" class=\"ez-toc-pull-right ez-toc-btn ez-toc-btn-xs ez-toc-btn-default ez-toc-toggle\" aria-label=\"Toggle Table of Content\"><span class=\"ez-toc-js-icon-con\"><span class=\"\"><span class=\"eztoc-hide\" style=\"display:none;\">Toggle<\/span><span class=\"ez-toc-icon-toggle-span\"><svg style=\"fill: #999;color:#999\" xmlns=\"http:\/\/www.w3.org\/2000\/svg\" class=\"list-377408\" width=\"20px\" height=\"20px\" viewBox=\"0 0 24 24\" fill=\"none\"><path d=\"M6 6H4v2h2V6zm14 0H8v2h12V6zM4 11h2v2H4v-2zm16 0H8v2h12v-2zM4 16h2v2H4v-2zm16 0H8v2h12v-2z\" fill=\"currentColor\"><\/path><\/svg><svg style=\"fill: #999;color:#999\" class=\"arrow-unsorted-368013\" xmlns=\"http:\/\/www.w3.org\/2000\/svg\" width=\"10px\" height=\"10px\" viewBox=\"0 0 24 24\" version=\"1.2\" baseProfile=\"tiny\"><path d=\"M18.2 9.3l-6.2-6.3-6.2 6.3c-.2.2-.3.4-.3.7s.1.5.3.7c.2.2.4.3.7.3h11c.3 0 .5-.1.7-.3.2-.2.3-.5.3-.7s-.1-.5-.3-.7zM5.8 14.7l6.2 6.3 6.2-6.3c.2-.2.3-.5.3-.7s-.1-.5-.3-.7c-.2-.2-.4-.3-.7-.3h-11c-.3 0-.5.1-.7.3-.2.2-.3.5-.3.7s.1.5.3.7z\"\/><\/svg><\/span><\/span><\/span><\/a><\/span><\/div>\n<nav><ul class='ez-toc-list ez-toc-list-level-1 ' ><ul class='ez-toc-list-level-3' ><li class='ez-toc-heading-level-3'><a class=\"ez-toc-link ez-toc-heading-1\" href=\"https:\/\/loudavymkrokem.cz\/sk\/tartu-estonsko-co-vidiet\/#Zhrnutie\" >Zhrnutie<\/a><\/li><\/ul><\/li><li class='ez-toc-page-1 ez-toc-heading-level-2'><a class=\"ez-toc-link ez-toc-heading-2\" href=\"https:\/\/loudavymkrokem.cz\/sk\/tartu-estonsko-co-vidiet\/#Kedy_do_Tartu_vyrazit\" >Kedy do Tartu vyrazi\u0165<\/a><\/li><li class='ez-toc-page-1 ez-toc-heading-level-2'><a class=\"ez-toc-link ez-toc-heading-3\" href=\"https:\/\/loudavymkrokem.cz\/sk\/tartu-estonsko-co-vidiet\/#Ako_sa_do_Tartu_dostat\" >Ako sa do Tartu dosta\u0165<\/a><\/li><li class='ez-toc-page-1 ez-toc-heading-level-2'><a class=\"ez-toc-link ez-toc-heading-4\" href=\"https:\/\/loudavymkrokem.cz\/sk\/tartu-estonsko-co-vidiet\/#Kde_sa_ubytovat_v_Tartu\" >Kde sa ubytova\u0165 v Tartu<\/a><\/li><li class='ez-toc-page-1 ez-toc-heading-level-2'><a class=\"ez-toc-link ez-toc-heading-5\" href=\"https:\/\/loudavymkrokem.cz\/sk\/tartu-estonsko-co-vidiet\/#12_tipov_co_v_Tartu_vidiet_a_zazit\" >12 tipov, \u010do v Tartu vidie\u0165 a za\u017ei\u0165<\/a><ul class='ez-toc-list-level-3' ><li class='ez-toc-heading-level-3'><a class=\"ez-toc-link ez-toc-heading-6\" href=\"https:\/\/loudavymkrokem.cz\/sk\/tartu-estonsko-co-vidiet\/#1_Radnicne_namestie_a_fontana_s_bozkavajucimi_sa_studentmi\" >1. Radni\u010dn\u00e9 n\u00e1mestie a font\u00e1na s bozk\u00e1vaj\u00facimi sa \u0161tudentmi<\/a><\/li><li class='ez-toc-page-1 ez-toc-heading-level-3'><a class=\"ez-toc-link ez-toc-heading-7\" href=\"https:\/\/loudavymkrokem.cz\/sk\/tartu-estonsko-co-vidiet\/#2_Hlavna_budova_univerzity_a_historicky_karcer\" >2. Hlavn\u00e1 budova univerzity a historick\u00fd karcer<\/a><\/li><li class='ez-toc-page-1 ez-toc-heading-level-3'><a class=\"ez-toc-link ez-toc-heading-8\" href=\"https:\/\/loudavymkrokem.cz\/sk\/tartu-estonsko-co-vidiet\/#3_Kopec_Toomemagi_a_ruiny_gotickej_katedraly\" >3. Kopec Toomem\u00e4gi a ruiny gotickej katedr\u00e1ly<\/a><\/li><li class='ez-toc-page-1 ez-toc-heading-level-3'><a class=\"ez-toc-link ez-toc-heading-9\" href=\"https:\/\/loudavymkrokem.cz\/sk\/tartu-estonsko-co-vidiet\/#4_Anjelsky_a_Diablov_most_plne_povier\" >4. Anjelsk\u00fd a Diablov most pln\u00e9 povier<\/a><\/li><li class='ez-toc-page-1 ez-toc-heading-level-3'><a class=\"ez-toc-link ez-toc-heading-10\" href=\"https:\/\/loudavymkrokem.cz\/sk\/tartu-estonsko-co-vidiet\/#5_Vedecke_centrum_AHHAA\" >5. Vedeck\u00e9 centrum AHHAA<\/a><\/li><li class='ez-toc-page-1 ez-toc-heading-level-3'><a class=\"ez-toc-link ez-toc-heading-11\" href=\"https:\/\/loudavymkrokem.cz\/sk\/tartu-estonsko-co-vidiet\/#6_Estonske_narodne_muzeum_ERM\" >6. Est\u00f3nske n\u00e1rodn\u00e9 m\u00fazeum (ERM)<\/a><\/li><li class='ez-toc-page-1 ez-toc-heading-level-3'><a class=\"ez-toc-link ez-toc-heading-12\" href=\"https:\/\/loudavymkrokem.cz\/sk\/tartu-estonsko-co-vidiet\/#7_Drevena_stvrt_Supilinn_Polievkove_mesto\" >7. Dreven\u00e1 \u0161tvr\u0165 Supilinn (Polievkov\u00e9 mesto)<\/a><\/li><li class='ez-toc-page-1 ez-toc-heading-level-3'><a class=\"ez-toc-link ez-toc-heading-13\" href=\"https:\/\/loudavymkrokem.cz\/sk\/tartu-estonsko-co-vidiet\/#8_Kreativne_centrum_Aparaaditehas\" >8. Kreat\u00edvne centrum Aparaaditehas<\/a><\/li><li class='ez-toc-page-1 ez-toc-heading-level-3'><a class=\"ez-toc-link ez-toc-heading-14\" href=\"https:\/\/loudavymkrokem.cz\/sk\/tartu-estonsko-co-vidiet\/#9_Rieka_Emajogi_a_oblukovy_most_Kaarsild\" >9. Rieka Emaj\u00f5gi a obl\u00fakov\u00fd most Kaarsild<\/a><\/li><li class='ez-toc-page-1 ez-toc-heading-level-3'><a class=\"ez-toc-link ez-toc-heading-15\" href=\"https:\/\/loudavymkrokem.cz\/sk\/tartu-estonsko-co-vidiet\/#10_Botanicka_zahrada_univerzity\" >10. Botanick\u00e1 z\u00e1hrada univerzity<\/a><\/li><li class='ez-toc-page-1 ez-toc-heading-level-3'><a class=\"ez-toc-link ez-toc-heading-16\" href=\"https:\/\/loudavymkrokem.cz\/sk\/tartu-estonsko-co-vidiet\/#11_Observatorium_Tartu_na_zozname_UNESCO\" >11. Observat\u00f3rium Tartu na zozname UNESCO<\/a><\/li><li class='ez-toc-page-1 ez-toc-heading-level-3'><a class=\"ez-toc-link ez-toc-heading-17\" href=\"https:\/\/loudavymkrokem.cz\/sk\/tartu-estonsko-co-vidiet\/#12_Pussirohukelder_Pracharen_s_rekordnym_stropom\" >12. P\u00fcssirohukelder (Prach\u00e1re\u0148) s rekordn\u00fdm stropom<\/a><\/li><\/ul><\/li><li class='ez-toc-page-1 ez-toc-heading-level-2'><a class=\"ez-toc-link ez-toc-heading-18\" href=\"https:\/\/loudavymkrokem.cz\/sk\/tartu-estonsko-co-vidiet\/#Co_po_Tartu_zostalo_z_Europskeho_hlavneho_mesta_kultury\" >\u010co po Tartu zostalo z Eur\u00f3pskeho hlavn\u00e9ho mesta kult\u00fary<\/a><\/li><li class='ez-toc-page-1 ez-toc-heading-level-2'><a class=\"ez-toc-link ez-toc-heading-19\" href=\"https:\/\/loudavymkrokem.cz\/sk\/tartu-estonsko-co-vidiet\/#Vylety_z_Tartu\" >V\u00fdlety z Tartu<\/a><\/li><li class='ez-toc-page-1 ez-toc-heading-level-2'><a class=\"ez-toc-link ez-toc-heading-20\" href=\"https:\/\/loudavymkrokem.cz\/sk\/tartu-estonsko-co-vidiet\/#Kde_sa_najest\" >Kde sa najes\u0165<\/a><\/li><li class='ez-toc-page-1 ez-toc-heading-level-2'><a class=\"ez-toc-link ez-toc-heading-21\" href=\"https:\/\/loudavymkrokem.cz\/sk\/tartu-estonsko-co-vidiet\/#Kam_dalej\" >Kam \u010falej<\/a><\/li><li class='ez-toc-page-1 ez-toc-heading-level-2'><a class=\"ez-toc-link ez-toc-heading-22\" href=\"https:\/\/loudavymkrokem.cz\/sk\/tartu-estonsko-co-vidiet\/#Casto_kladene_otazky\" >\u010casto kladen\u00e9 ot\u00e1zky<\/a><ul class='ez-toc-list-level-3' ><li class='ez-toc-heading-level-3'><a class=\"ez-toc-link ez-toc-heading-23\" href=\"https:\/\/loudavymkrokem.cz\/sk\/tartu-estonsko-co-vidiet\/#Oplati_sa_vobec_vylet_do_Tartu\" >Oplat\u00ed sa v\u00f4bec v\u00fdlet do Tartu?<\/a><\/li><li class='ez-toc-page-1 ez-toc-heading-level-3'><a class=\"ez-toc-link ez-toc-heading-24\" href=\"https:\/\/loudavymkrokem.cz\/sk\/tartu-estonsko-co-vidiet\/#Ako_sa_najlepsie_dostat_z_Tallinnu_do_Tartu\" >Ako sa najlep\u0161ie dosta\u0165 z Tallinnu do Tartu?<\/a><\/li><li class='ez-toc-page-1 ez-toc-heading-level-3'><a class=\"ez-toc-link ez-toc-heading-25\" href=\"https:\/\/loudavymkrokem.cz\/sk\/tartu-estonsko-co-vidiet\/#Kolko_dni_mi_staci_na_prehliadku\" >Ko\u013eko dn\u00ed mi sta\u010d\u00ed na prehliadku?<\/a><\/li><li class='ez-toc-page-1 ez-toc-heading-level-3'><a class=\"ez-toc-link ez-toc-heading-26\" href=\"https:\/\/loudavymkrokem.cz\/sk\/tartu-estonsko-co-vidiet\/#Co_by_som_mal_v_Tartu_urcite_vidiet\" >\u010co by som mal v Tartu ur\u010dite vidie\u0165?<\/a><\/li><li class='ez-toc-page-1 ez-toc-heading-level-3'><a class=\"ez-toc-link ez-toc-heading-27\" href=\"https:\/\/loudavymkrokem.cz\/sk\/tartu-estonsko-co-vidiet\/#Je_vedecke_centrum_AHHAA_vhodne_pre_deti\" >Je vedeck\u00e9 centrum AHHAA vhodn\u00e9 pre deti?<\/a><\/li><li class='ez-toc-page-1 ez-toc-heading-level-3'><a class=\"ez-toc-link ez-toc-heading-28\" href=\"https:\/\/loudavymkrokem.cz\/sk\/tartu-estonsko-co-vidiet\/#Kolko_orientacne_stoji_vstupne_do_hlavnych_muzei\" >Ko\u013eko orienta\u010dne stoj\u00ed vstupn\u00e9 do hlavn\u00fdch m\u00faze\u00ed?<\/a><\/li><li class='ez-toc-page-1 ez-toc-heading-level-3'><a class=\"ez-toc-link ez-toc-heading-29\" href=\"https:\/\/loudavymkrokem.cz\/sk\/tartu-estonsko-co-vidiet\/#Kedy_je_najlepsi_cas_na_navstevu\" >Kedy je najlep\u0161\u00ed \u010das na n\u00e1v\u0161tevu?<\/a><\/li><li class='ez-toc-page-1 ez-toc-heading-level-3'><a class=\"ez-toc-link ez-toc-heading-30\" href=\"https:\/\/loudavymkrokem.cz\/sk\/tartu-estonsko-co-vidiet\/#Co_vo_meste_zostalo_z_titulu_Europskeho_hlavneho_mesta_kultury\" >\u010co vo meste zostalo z titulu Eur\u00f3pskeho hlavn\u00e9ho mesta kult\u00fary?<\/a><\/li><li class='ez-toc-page-1 ez-toc-heading-level-3'><a class=\"ez-toc-link ez-toc-heading-31\" href=\"https:\/\/loudavymkrokem.cz\/sk\/tartu-estonsko-co-vidiet\/#Kde_sa_da_dobre_a_lacno_najest\" >Kde sa d\u00e1 dobre a lacno najes\u0165?<\/a><\/li><\/ul><\/li><\/ul><\/nav><\/div>\n<h3 class=\"wp-block-heading\"><span class=\"ez-toc-section\" id=\"Zhrnutie\"><\/span>Zhrnutie<span class=\"ez-toc-section-end\"><\/span><\/h3>\n\n\n\n<ul class=\"wp-block-list\">\n\n<li>  <strong>Pre\u010do do Tartu \u00eds\u0165:<\/strong> Ide o univerzitn\u00e9 mesto s neuverite\u013ene uvo\u013enenou atmosf\u00e9rou, ktor\u00e9 nie je preplnen\u00e9 turistami.<\/li>\n\n\n\n<li>  <strong>Ko\u013eko dn\u00ed si vyhradi\u0165:<\/strong> Na samotn\u00e9 pamiatky v meste ti bohato posta\u010d\u00ed jeden a\u017e dva dni, ale s v\u00fdletmi do okolia tu str\u00e1v\u00ed\u0161 pokojne tri dni.<\/li>\n\n\n\n<li>  <strong>Ako sa sem dosta\u0165:<\/strong> Z Tallinnu jazdia ve\u013emi pohodln\u00e9 vlaky Elron a autobusy Lux Express, pri\u010dom cesta trv\u00e1 zhruba dve hodiny.<\/li>\n\n\n\n<li>  <strong>\u010co rozhodne nevynecha\u0165:<\/strong> Vedeck\u00e9 centrum AHHAA, Est\u00f3nske n\u00e1rodn\u00e9 m\u00fazeum (ERM) a romantick\u00fd kopec Toomem\u00e4gi.<\/li>\n\n\n\n<li>  <strong>Ko\u013eko to stoj\u00ed:<\/strong> Ceny s\u00fa o nie\u010do priate\u013eskej\u0161ie ne\u017e v hlavnom meste, za obedov\u00e9 menu d\u00e1\u0161 be\u017ene okolo 5 a\u017e 8 eur.<\/li>\n\n\n\n<li>  <strong>Kedy vyrazi\u0165:<\/strong> Najlep\u0161iu atmosf\u00e9ru za\u017eije\u0161 po\u010das akademick\u00e9ho roka na jar alebo na jese\u0148, ke\u010f mesto pulzuje \u0161tudentsk\u00fdm \u017eivotom.<\/li>\n\n\n<\/ul>\n\n\n\n<figure data-wp-context=\"{&quot;imageId&quot;:&quot;6a9527fde44a1&quot;}\" data-wp-interactive=\"core\/image\" data-wp-key=\"6a9527fde44a1\" class=\"wp-block-image size-full wp-lightbox-container\"><img decoding=\"async\" width=\"1800\" height=\"1200\" data-wp-class--hide=\"state.isContentHidden\" data-wp-class--show=\"state.isContentVisible\" data-wp-init=\"callbacks.setButtonStyles\" data-wp-on--click=\"actions.showLightbox\" data-wp-on--load=\"callbacks.setButtonStyles\" data-wp-on--pointerdown=\"actions.preloadImage\" data-wp-on--pointerenter=\"actions.preloadImageWithDelay\" data-wp-on--pointerleave=\"actions.cancelPreload\" data-wp-on-window--resize=\"callbacks.setButtonStyles\" src=\"https:\/\/loudavymkrokem.cz\/wp-content\/uploads\/2026\/07\/estonsko-clanky-tartu-co-videt-02.jpg\" alt=\"Jesenn\u00e9 Tartu\" class=\"wp-image-350592\" title=\"\" srcset=\"https:\/\/loudavymkrokem.cz\/wp-content\/uploads\/2026\/07\/estonsko-clanky-tartu-co-videt-02.jpg 1800w, https:\/\/loudavymkrokem.cz\/wp-content\/uploads\/2026\/07\/estonsko-clanky-tartu-co-videt-02-300x200.jpg 300w, https:\/\/loudavymkrokem.cz\/wp-content\/uploads\/2026\/07\/estonsko-clanky-tartu-co-videt-02-700x467.jpg 700w, https:\/\/loudavymkrokem.cz\/wp-content\/uploads\/2026\/07\/estonsko-clanky-tartu-co-videt-02-768x512.jpg 768w, https:\/\/loudavymkrokem.cz\/wp-content\/uploads\/2026\/07\/estonsko-clanky-tartu-co-videt-02-1536x1024.jpg 1536w, https:\/\/loudavymkrokem.cz\/wp-content\/uploads\/2026\/07\/estonsko-clanky-tartu-co-videt-02-696x464.jpg 696w, https:\/\/loudavymkrokem.cz\/wp-content\/uploads\/2026\/07\/estonsko-clanky-tartu-co-videt-02-1392x928.jpg 1392w\" sizes=\"(max-width: 1800px) 100vw, 1800px\" \/><button\n\t\t\tclass=\"lightbox-trigger\"\n\t\t\ttype=\"button\"\n\t\t\taria-haspopup=\"dialog\"\n\t\t\tdata-wp-bind--aria-label=\"state.thisImage.triggerButtonAriaLabel\"\n\t\t\tdata-wp-init=\"callbacks.initTriggerButton\"\n\t\t\tdata-wp-on--click=\"actions.showLightbox\"\n\t\t\tdata-wp-style--right=\"state.thisImage.buttonRight\"\n\t\t\tdata-wp-style--top=\"state.thisImage.buttonTop\"\n\t\t>\n\t\t\t<svg xmlns=\"http:\/\/www.w3.org\/2000\/svg\" width=\"12\" height=\"12\" fill=\"none\" viewBox=\"0 0 12 12\">\n\t\t\t\t<path fill=\"#fff\" d=\"M2 0a2 2 0 0 0-2 2v2h1.5V2a.5.5 0 0 1 .5-.5h2V0H2Zm2 10.5H2a.5.5 0 0 1-.5-.5V8H0v2a2 2 0 0 0 2 2h2v-1.5ZM8 12v-1.5h2a.5.5 0 0 0 .5-.5V8H12v2a2 2 0 0 1-2 2H8Zm2-12a2 2 0 0 1 2 2v2h-1.5V2a.5.5 0 0 0-.5-.5H8V0h2Z\" \/>\n\t\t\t<\/svg>\n\t\t<\/button><figcaption class=\"wp-element-caption\">Foto: Aira Evard \/ Pexels<\/figcaption><\/figure>\n\n\n\n<h2 class=\"wp-block-heading\"><span class=\"ez-toc-section\" id=\"Kedy_do_Tartu_vyrazit\"><\/span>Kedy do Tartu vyrazi\u0165<span class=\"ez-toc-section-end\"><\/span><\/h2>\n\n\n\n<p class=\"wp-block-paragraph\">Pri pl\u00e1novan\u00ed cesty je dobr\u00e9 si uvedomi\u0165, \u017ee Tartu je <strong>prim\u00e1rne \u0161tudentsk\u00e9 mesto<\/strong>. Jeho n\u00e1lada sa preto radik\u00e1lne men\u00ed v z\u00e1vislosti od akademick\u00e9ho kalend\u00e1ra.<\/p>\n\n\n\n<p class=\"wp-block-paragraph\">Ak pr\u00edde\u0161 po\u010das pr\u00e1zdninov\u00e9ho augusta, mesto bude s\u00edce <strong>kr\u00e1sne pr\u00e1zdne a pokojn\u00e9<\/strong>, ale bude mu ch\u00fdba\u0165 t\u00e1 prav\u00e1 energia. Najlep\u0161\u00ed \u010das na n\u00e1v\u0161tevu je preto neskor\u00e1 jar alebo za\u010diatok jesene, ke\u010f sa ulice zaplnia mlad\u00fdmi \u013eu\u010fmi a v\u0161ade to \u017eije.<\/p>\n\n\n\n<p class=\"wp-block-paragraph\">Na jar navy\u0161e m\u00f4\u017ee\u0161 za\u017ei\u0165 vych\u00fdren\u00e9 <strong>\u0161tudentsk\u00e9 festivaly<\/strong>, ktor\u00e9 menia cel\u00e9 centrum na jednu ve\u013ek\u00fa oslavu. Po\u010dasie v Est\u00f3nsku vie by\u0165 dos\u0165 nevyspytate\u013en\u00e9, tak\u017ee si ur\u010dite priba\u013e vrstvy oble\u010denia aj na letn\u00e9 mesiace. Zimy tu b\u00fdvaj\u00fa naopak mraziv\u00e9 a pln\u00e9 snehu, \u010do m\u00e1 svoje nezamenite\u013en\u00e9 \u010daro, najm\u00e4 ke\u010f sa prech\u00e1dza\u0161 zasne\u017een\u00fdmi parkami a potom sa zahreje\u0161 v niektorej z miestnych \u00fatuln\u00fdch kaviarn\u00ed.<\/p>\n\n\n\n<p class=\"wp-block-paragraph\">Ko\u013eko dn\u00ed si na n\u00e1v\u0161tevu vyhradi\u0165? Na samotn\u00e9 centrum a hlavn\u00e9 m\u00faze\u00e1 <strong>ti sta\u010d\u00ed de\u0148 a\u017e dva<\/strong>. Ak v\u0161ak chce\u0161 objavova\u0165 aj okolit\u00fa pr\u00edrodu a jazer\u00e1, odpor\u00fa\u010dam ti napl\u00e1nova\u0165 si rovno tri dni.<\/p>\n\n\n\n<figure data-wp-context=\"{&quot;imageId&quot;:&quot;6a9527fde4fa7&quot;}\" data-wp-interactive=\"core\/image\" data-wp-key=\"6a9527fde4fa7\" class=\"wp-block-image size-full wp-lightbox-container\"><img decoding=\"async\" width=\"1800\" height=\"1350\" data-wp-class--hide=\"state.isContentHidden\" data-wp-class--show=\"state.isContentVisible\" data-wp-init=\"callbacks.setButtonStyles\" data-wp-on--click=\"actions.showLightbox\" data-wp-on--load=\"callbacks.setButtonStyles\" data-wp-on--pointerdown=\"actions.preloadImage\" data-wp-on--pointerenter=\"actions.preloadImageWithDelay\" data-wp-on--pointerleave=\"actions.cancelPreload\" data-wp-on-window--resize=\"callbacks.setButtonStyles\" src=\"https:\/\/loudavymkrokem.cz\/wp-content\/uploads\/2026\/07\/estonsko-clanky-tartu-co-videt-03.jpg\" alt=\"Vlak Elron, ktor\u00fdm sa z Tallinnu ide do Tartu\" class=\"wp-image-350602\" title=\"\" srcset=\"https:\/\/loudavymkrokem.cz\/wp-content\/uploads\/2026\/07\/estonsko-clanky-tartu-co-videt-03.jpg 1800w, https:\/\/loudavymkrokem.cz\/wp-content\/uploads\/2026\/07\/estonsko-clanky-tartu-co-videt-03-300x225.jpg 300w, https:\/\/loudavymkrokem.cz\/wp-content\/uploads\/2026\/07\/estonsko-clanky-tartu-co-videt-03-700x525.jpg 700w, https:\/\/loudavymkrokem.cz\/wp-content\/uploads\/2026\/07\/estonsko-clanky-tartu-co-videt-03-768x576.jpg 768w, https:\/\/loudavymkrokem.cz\/wp-content\/uploads\/2026\/07\/estonsko-clanky-tartu-co-videt-03-1536x1152.jpg 1536w, https:\/\/loudavymkrokem.cz\/wp-content\/uploads\/2026\/07\/estonsko-clanky-tartu-co-videt-03-80x60.jpg 80w, https:\/\/loudavymkrokem.cz\/wp-content\/uploads\/2026\/07\/estonsko-clanky-tartu-co-videt-03-160x120.jpg 160w, https:\/\/loudavymkrokem.cz\/wp-content\/uploads\/2026\/07\/estonsko-clanky-tartu-co-videt-03-696x522.jpg 696w, https:\/\/loudavymkrokem.cz\/wp-content\/uploads\/2026\/07\/estonsko-clanky-tartu-co-videt-03-1392x1044.jpg 1392w\" sizes=\"(max-width: 1800px) 100vw, 1800px\" \/><button\n\t\t\tclass=\"lightbox-trigger\"\n\t\t\ttype=\"button\"\n\t\t\taria-haspopup=\"dialog\"\n\t\t\tdata-wp-bind--aria-label=\"state.thisImage.triggerButtonAriaLabel\"\n\t\t\tdata-wp-init=\"callbacks.initTriggerButton\"\n\t\t\tdata-wp-on--click=\"actions.showLightbox\"\n\t\t\tdata-wp-style--right=\"state.thisImage.buttonRight\"\n\t\t\tdata-wp-style--top=\"state.thisImage.buttonTop\"\n\t\t>\n\t\t\t<svg xmlns=\"http:\/\/www.w3.org\/2000\/svg\" width=\"12\" height=\"12\" fill=\"none\" viewBox=\"0 0 12 12\">\n\t\t\t\t<path fill=\"#fff\" d=\"M2 0a2 2 0 0 0-2 2v2h1.5V2a.5.5 0 0 1 .5-.5h2V0H2Zm2 10.5H2a.5.5 0 0 1-.5-.5V8H0v2a2 2 0 0 0 2 2h2v-1.5ZM8 12v-1.5h2a.5.5 0 0 0 .5-.5V8H12v2a2 2 0 0 1-2 2H8Zm2-12a2 2 0 0 1 2 2v2h-1.5V2a.5.5 0 0 0-.5-.5H8V0h2Z\" \/>\n\t\t\t<\/svg>\n\t\t<\/button><figcaption class=\"wp-element-caption\">Foto: Leonid Malikov \/ Wikimedia Commons, CC BY-SA 4.0<\/figcaption><\/figure>\n\n\n\n<h2 class=\"wp-block-heading\"><span class=\"ez-toc-section\" id=\"Ako_sa_do_Tartu_dostat\"><\/span>Ako sa do Tartu dosta\u0165<span class=\"ez-toc-section-end\"><\/span><\/h2>\n\n\n\n<p class=\"wp-block-paragraph\">Cesta zo severu na juh je v Est\u00f3nsku neuverite\u013ene jednoduch\u00e1 a komfortn\u00e1. Z Tallinnu do Tartu \u0165a najlep\u0161ie dopravia <a href=\"https:\/\/elron.ee\/\" rel=\"nofollow noopener\" target=\"_blank\"><strong>oran\u017eov\u00e9 vlaky spolo\u010dnosti Elron<\/strong><\/a>, ktor\u00e9 jazdia ve\u013emi \u010dasto a spo\u013eahlivo.<\/p>\n\n\n\n<p class=\"wp-block-paragraph\">Cesta vlakom trv\u00e1 zhruba dve a\u017e dve a pol hodiny a l\u00edstky zo\u017eenie\u0161 <strong>orienta\u010dne okolo 10 eur<\/strong>. Vlaky s\u00fa \u010dist\u00e9, priestrann\u00e9 a pon\u00fakaj\u00fa bezplatn\u00e9 Wi-Fi pripojenie, tak\u017ee si cestou m\u00f4\u017ee\u0161 v pokoji napl\u00e1nova\u0165 itiner\u00e1r. Ak si l\u00edstok k\u00fapi\u0161 vopred online na ich webe, z\u00edska\u0161 navy\u0161e pr\u00edjemn\u00fa z\u013eavu, aj ke\u010f zaplati\u0165 sa d\u00e1 bez probl\u00e9mov aj kartou priamo u sprievodcu.<\/p>\n\n\n\n<p class=\"wp-block-paragraph\">\u010eal\u0161ou skvelou variantou s\u00fa <a href=\"https:\/\/luxexpress.eu\/\" rel=\"nofollow noopener\" target=\"_blank\"><strong>autobusy Lux Express<\/strong><\/a>, ktor\u00e9 pon\u00fakaj\u00fa obrovsk\u00fd komfort vr\u00e1tane obrazoviek v seda\u010dk\u00e1ch a k\u00e1vovaru zadarmo. Zavez\u00fa \u0165a priamo do centra Tartu a cenovo vych\u00e1dzaj\u00fa ve\u013emi podobne ako vlaky.<\/p>\n\n\n\n<p class=\"wp-block-paragraph\">Ak pl\u00e1nuje\u0161 \u0161ir\u0161\u00ed roadtrip po Pobalt\u00ed, d\u00e1va zmysel <strong>po\u017ei\u010da\u0165 si auto<\/strong>. Cesty s\u00fa v Est\u00f3nsku vo v\u00fdbornom stave a samotn\u00e9 Tartu m\u00e1 aj mal\u00e9 letisko, hoci v\u00e4\u010d\u0161ina medzin\u00e1rodn\u00fdch letov mieri pr\u00e1ve do Tallinnu.<\/p>\n\n\n\n<figure data-wp-context=\"{&quot;imageId&quot;:&quot;6a9527fde56e3&quot;}\" data-wp-interactive=\"core\/image\" data-wp-key=\"6a9527fde56e3\" class=\"wp-block-image size-full wp-lightbox-container\"><img decoding=\"async\" width=\"1800\" height=\"1201\" data-wp-class--hide=\"state.isContentHidden\" data-wp-class--show=\"state.isContentVisible\" data-wp-init=\"callbacks.setButtonStyles\" data-wp-on--click=\"actions.showLightbox\" data-wp-on--load=\"callbacks.setButtonStyles\" data-wp-on--pointerdown=\"actions.preloadImage\" data-wp-on--pointerenter=\"actions.preloadImageWithDelay\" data-wp-on--pointerleave=\"actions.cancelPreload\" data-wp-on-window--resize=\"callbacks.setButtonStyles\" src=\"https:\/\/loudavymkrokem.cz\/wp-content\/uploads\/2026\/07\/estonsko-clanky-tartu-co-videt-04.jpg\" alt=\"Hotelov\u00e1 izba v Tartu\" class=\"wp-image-350609\" title=\"\" srcset=\"https:\/\/loudavymkrokem.cz\/wp-content\/uploads\/2026\/07\/estonsko-clanky-tartu-co-videt-04.jpg 1800w, https:\/\/loudavymkrokem.cz\/wp-content\/uploads\/2026\/07\/estonsko-clanky-tartu-co-videt-04-300x200.jpg 300w, https:\/\/loudavymkrokem.cz\/wp-content\/uploads\/2026\/07\/estonsko-clanky-tartu-co-videt-04-700x467.jpg 700w, https:\/\/loudavymkrokem.cz\/wp-content\/uploads\/2026\/07\/estonsko-clanky-tartu-co-videt-04-768x512.jpg 768w, https:\/\/loudavymkrokem.cz\/wp-content\/uploads\/2026\/07\/estonsko-clanky-tartu-co-videt-04-1536x1025.jpg 1536w, https:\/\/loudavymkrokem.cz\/wp-content\/uploads\/2026\/07\/estonsko-clanky-tartu-co-videt-04-696x464.jpg 696w, https:\/\/loudavymkrokem.cz\/wp-content\/uploads\/2026\/07\/estonsko-clanky-tartu-co-videt-04-1392x929.jpg 1392w\" sizes=\"(max-width: 1800px) 100vw, 1800px\" \/><button\n\t\t\tclass=\"lightbox-trigger\"\n\t\t\ttype=\"button\"\n\t\t\taria-haspopup=\"dialog\"\n\t\t\tdata-wp-bind--aria-label=\"state.thisImage.triggerButtonAriaLabel\"\n\t\t\tdata-wp-init=\"callbacks.initTriggerButton\"\n\t\t\tdata-wp-on--click=\"actions.showLightbox\"\n\t\t\tdata-wp-style--right=\"state.thisImage.buttonRight\"\n\t\t\tdata-wp-style--top=\"state.thisImage.buttonTop\"\n\t\t>\n\t\t\t<svg xmlns=\"http:\/\/www.w3.org\/2000\/svg\" width=\"12\" height=\"12\" fill=\"none\" viewBox=\"0 0 12 12\">\n\t\t\t\t<path fill=\"#fff\" d=\"M2 0a2 2 0 0 0-2 2v2h1.5V2a.5.5 0 0 1 .5-.5h2V0H2Zm2 10.5H2a.5.5 0 0 1-.5-.5V8H0v2a2 2 0 0 0 2 2h2v-1.5ZM8 12v-1.5h2a.5.5 0 0 0 .5-.5V8H12v2a2 2 0 0 1-2 2H8Zm2-12a2 2 0 0 1 2 2v2h-1.5V2a.5.5 0 0 0-.5-.5H8V0h2Z\" \/>\n\t\t\t<\/svg>\n\t\t<\/button><figcaption class=\"wp-element-caption\">Foto: Max Vakhtbovych \/ Pexels<\/figcaption><\/figure>\n\n\n\n<h2 class=\"wp-block-heading\"><span class=\"ez-toc-section\" id=\"Kde_sa_ubytovat_v_Tartu\"><\/span>Kde sa ubytova\u0165 v Tartu<span class=\"ez-toc-section-end\"><\/span><\/h2>\n\n\n\n<p class=\"wp-block-paragraph\"><em>\ud83d\udca1 Tip na ubytovanie a z\u00e1\u017eitky: Ubytovanie najrad\u0161ej h\u013ead\u00e1me na <a class=\"thirstylink\" rel=\"nofollow\" target=\"_blank\" title=\"Booking.com\" href=\"https:\/\/loudavymkrokem.cz\/doporucujeme\/booking-com\/\" data-shortcode=\"true\">Booking.com<\/a>, kde b\u00fdvaj\u00fa <strong>najlep\u0161ie storno podmienky<\/strong>. <strong>Vstupenky, v\u00fdlety a aktivity<\/strong> sa potom oplat\u00ed porovna\u0165 a k\u00fapi\u0165 cez <a class=\"thirstylink\" rel=\"nofollow\" target=\"_blank\" title=\"GetYourGuide\" href=\"https:\/\/loudavymkrokem.cz\/doporucujeme\/getyourguide\/\" data-shortcode=\"true\">GetYourGuide<\/a>.<\/em><\/p>\n\n\n\n<p class=\"wp-block-paragraph\">V\u00fdber ubytovania v univerzitnom meste je ve\u013emi pestr\u00fd a uspokoj\u00ed ako bat\u00f4\u017ek\u00e1rov, tak aj milovn\u00edkov luxusu. V\u00e4\u010d\u0161ina zauj\u00edmav\u00fdch miest sa nach\u00e1dza v doch\u00e1dzkovej vzdialenosti od centra, tak\u017ee <strong>lokalita okolo Star\u00e9ho Mesta<\/strong> je \u00faplne ide\u00e1lna.<\/p>\n\n\n\n<p class=\"wp-block-paragraph\"><a href=\"https:\/\/www.stay22.com\/allez\/roam?aid=lukaskonecny&#038;campaign=loudavymkrokemcz&#038;campaign=tartu-co-videt&#038;hotelname=Lydia%20Hotel&#038;address=Tartu%2C%20Estonsko\" rel=\"nofollow noopener\" target=\"_blank\"><strong>Lydia Hotel<\/strong><\/a> na \u00dclikooli 14 je jednou z najlep\u0161ie hodnoten\u00fdch adries priamo v srdci mesta, navy\u0161e s baz\u00e9nom a saunou, tak\u017ee po celodennom \u0161liapan\u00ed po uli\u010dk\u00e1ch je to hotov\u00e1 z\u00e1chrana.<\/p>\n\n\n\n<p class=\"wp-block-paragraph\">Ak h\u013ead\u00e1\u0161 sk\u00f4r wellness z\u00e1\u017eitok ne\u017e z\u00e1kladn\u00fd t\u00e1bor, cestovatelia si pochva\u013euj\u00fa <a href=\"https:\/\/www.stay22.com\/allez\/roam?aid=lukaskonecny&#038;campaign=loudavymkrokemcz&#038;campaign=tartu-co-videt&#038;hotelname=V%20Spa%20Hotel%20and%20Conference%20centre&#038;address=Tartu%2C%20Estonsko\" rel=\"nofollow noopener\" target=\"_blank\"><strong>V Spa &amp; Conference Hotel<\/strong><\/a>, kde k izbe dostane\u0161 aj poriadny k\u00fape\u013en\u00fd komplex. Pre milovn\u00edkov historickej atmosf\u00e9ry je potom skvelou vo\u013ebou butikov\u00fd <strong><a href=\"https:\/\/www.stay22.com\/allez\/roam?aid=lukaskonecny&#038;campaign=loudavymkrokemcz&#038;campaign=tartu-co-videt&#038;hotelname=Hotel%20Antonius&#038;address=Tartu%2C%20Estonsko\" target=\"_blank\" rel=\"noopener nofollow sponsored\">Hotel Antonius<\/a><\/strong> s \u00fa\u017easn\u00fdmi staro\u017eitn\u00fdmi interi\u00e9rmi.<\/p>\n\n\n\n<p class=\"wp-block-paragraph\">Pre cestovate\u013eov s obmedzen\u00fdm rozpo\u010dtom sa pon\u00faka \u0161t\u00fdlov\u00fd <strong><a href=\"https:\/\/www.stay22.com\/allez\/roam?aid=lukaskonecny&#038;campaign=loudavymkrokemcz&#038;campaign=tartu-co-videt&#038;hotelname=Hektor%20Design%20Hostel&#038;address=Tartu%2C%20Estonsko\" target=\"_blank\" rel=\"noopener nofollow sponsored\">Hektor Design Hostel<\/a><\/strong>, ktor\u00fd kombinuje cenov\u00fa dostupnos\u0165 so skvel\u00fdm seversk\u00fdm dizajnom. \u010eal\u0161ou spo\u013eahlivou vo\u013ebou strednej triedy je <strong><a href=\"https:\/\/www.stay22.com\/allez\/roam?aid=lukaskonecny&#038;campaign=loudavymkrokemcz&#038;campaign=tartu-co-videt&#038;hotelname=Dorpat%20Hotel&#038;address=Tartu%2C%20Estonsko\" target=\"_blank\" rel=\"noopener nofollow sponsored\">Dorpat Hotel<\/a><\/strong> le\u017eiaci priamo na brehu rieky Emaj\u00f5gi.<\/p>\n\n\n\n<p class=\"wp-block-paragraph\">\ud83d\udca1 Tip: Nech si vyberie\u0161 ak\u00fdko\u013evek typ noclahu, rezerv\u00e1ciu \u013eahko vyrie\u0161i\u0161 klasicky cez Booking, kde n\u00e1jde\u0161 <strong>sp\u00fastu \u010fal\u0161\u00edch apartm\u00e1nov<\/strong> vhodn\u00fdch pre \u0161tudentsk\u00fd rozpo\u010det.<\/p>\n\n\n\n<figure data-wp-context=\"{&quot;imageId&quot;:&quot;6a9527fde5e8a&quot;}\" data-wp-interactive=\"core\/image\" data-wp-key=\"6a9527fde5e8a\" class=\"wp-block-image size-full wp-lightbox-container\"><img decoding=\"async\" width=\"1800\" height=\"1348\" data-wp-class--hide=\"state.isContentHidden\" data-wp-class--show=\"state.isContentVisible\" data-wp-init=\"callbacks.setButtonStyles\" data-wp-on--click=\"actions.showLightbox\" data-wp-on--load=\"callbacks.setButtonStyles\" data-wp-on--pointerdown=\"actions.preloadImage\" data-wp-on--pointerenter=\"actions.preloadImageWithDelay\" data-wp-on--pointerleave=\"actions.cancelPreload\" data-wp-on-window--resize=\"callbacks.setButtonStyles\" src=\"https:\/\/loudavymkrokem.cz\/wp-content\/uploads\/2026\/07\/estonsko-clanky-tartu-co-videt-05.jpg\" alt=\"Tartu a rieka Emaj\u00f5gi\" class=\"wp-image-350616\" title=\"\" srcset=\"https:\/\/loudavymkrokem.cz\/wp-content\/uploads\/2026\/07\/estonsko-clanky-tartu-co-videt-05.jpg 1800w, https:\/\/loudavymkrokem.cz\/wp-content\/uploads\/2026\/07\/estonsko-clanky-tartu-co-videt-05-300x225.jpg 300w, https:\/\/loudavymkrokem.cz\/wp-content\/uploads\/2026\/07\/estonsko-clanky-tartu-co-videt-05-700x524.jpg 700w, https:\/\/loudavymkrokem.cz\/wp-content\/uploads\/2026\/07\/estonsko-clanky-tartu-co-videt-05-768x575.jpg 768w, https:\/\/loudavymkrokem.cz\/wp-content\/uploads\/2026\/07\/estonsko-clanky-tartu-co-videt-05-1536x1150.jpg 1536w, https:\/\/loudavymkrokem.cz\/wp-content\/uploads\/2026\/07\/estonsko-clanky-tartu-co-videt-05-80x60.jpg 80w, https:\/\/loudavymkrokem.cz\/wp-content\/uploads\/2026\/07\/estonsko-clanky-tartu-co-videt-05-160x120.jpg 160w, https:\/\/loudavymkrokem.cz\/wp-content\/uploads\/2026\/07\/estonsko-clanky-tartu-co-videt-05-696x521.jpg 696w, https:\/\/loudavymkrokem.cz\/wp-content\/uploads\/2026\/07\/estonsko-clanky-tartu-co-videt-05-1392x1042.jpg 1392w\" sizes=\"(max-width: 1800px) 100vw, 1800px\" \/><button\n\t\t\tclass=\"lightbox-trigger\"\n\t\t\ttype=\"button\"\n\t\t\taria-haspopup=\"dialog\"\n\t\t\tdata-wp-bind--aria-label=\"state.thisImage.triggerButtonAriaLabel\"\n\t\t\tdata-wp-init=\"callbacks.initTriggerButton\"\n\t\t\tdata-wp-on--click=\"actions.showLightbox\"\n\t\t\tdata-wp-style--right=\"state.thisImage.buttonRight\"\n\t\t\tdata-wp-style--top=\"state.thisImage.buttonTop\"\n\t\t>\n\t\t\t<svg xmlns=\"http:\/\/www.w3.org\/2000\/svg\" width=\"12\" height=\"12\" fill=\"none\" viewBox=\"0 0 12 12\">\n\t\t\t\t<path fill=\"#fff\" d=\"M2 0a2 2 0 0 0-2 2v2h1.5V2a.5.5 0 0 1 .5-.5h2V0H2Zm2 10.5H2a.5.5 0 0 1-.5-.5V8H0v2a2 2 0 0 0 2 2h2v-1.5ZM8 12v-1.5h2a.5.5 0 0 0 .5-.5V8H12v2a2 2 0 0 1-2 2H8Zm2-12a2 2 0 0 1 2 2v2h-1.5V2a.5.5 0 0 0-.5-.5H8V0h2Z\" \/>\n\t\t\t<\/svg>\n\t\t<\/button><figcaption class=\"wp-element-caption\">Foto: Sergei Gussev \/ Wikimedia Commons, CC BY 4.0<\/figcaption><\/figure>\n\n\n\n<h2 class=\"wp-block-heading\"><span class=\"ez-toc-section\" id=\"12_tipov_co_v_Tartu_vidiet_a_zazit\"><\/span>12 tipov, \u010do v Tartu vidie\u0165 a za\u017ei\u0165<span class=\"ez-toc-section-end\"><\/span><\/h2>\n\n\n\n<p class=\"wp-block-paragraph\">Po\u010fme sa spolu pozrie\u0165 na to najzauj\u00edmavej\u0161ie, \u010do ti toto sympatick\u00e9 mesto m\u00f4\u017ee pon\u00faknu\u0165. Od historick\u00fdch uli\u010diek cez modern\u00e9 m\u00faze\u00e1 a\u017e po <strong>kreat\u00edvne centr\u00e1 pln\u00e9 dobrej k\u00e1vy<\/strong>, skr\u00e1tka pre ka\u017ed\u00e9ho nie\u010do.<\/p>\n\n\n\n<figure data-wp-context=\"{&quot;imageId&quot;:&quot;6a9527fde61f4&quot;}\" data-wp-interactive=\"core\/image\" data-wp-key=\"6a9527fde61f4\" class=\"wp-block-image size-full wp-lightbox-container\"><img decoding=\"async\" width=\"1800\" height=\"1350\" data-wp-class--hide=\"state.isContentHidden\" data-wp-class--show=\"state.isContentVisible\" data-wp-init=\"callbacks.setButtonStyles\" data-wp-on--click=\"actions.showLightbox\" data-wp-on--load=\"callbacks.setButtonStyles\" data-wp-on--pointerdown=\"actions.preloadImage\" data-wp-on--pointerenter=\"actions.preloadImageWithDelay\" data-wp-on--pointerleave=\"actions.cancelPreload\" data-wp-on-window--resize=\"callbacks.setButtonStyles\" src=\"https:\/\/loudavymkrokem.cz\/wp-content\/uploads\/2026\/07\/estonsko-clanky-tartu-co-videt-06.jpg\" alt=\"Font\u00e1na s bozk\u00e1vaj\u00facimi sa \u0161tudentmi\" class=\"wp-image-350623\" title=\"\" srcset=\"https:\/\/loudavymkrokem.cz\/wp-content\/uploads\/2026\/07\/estonsko-clanky-tartu-co-videt-06.jpg 1800w, https:\/\/loudavymkrokem.cz\/wp-content\/uploads\/2026\/07\/estonsko-clanky-tartu-co-videt-06-300x225.jpg 300w, https:\/\/loudavymkrokem.cz\/wp-content\/uploads\/2026\/07\/estonsko-clanky-tartu-co-videt-06-700x525.jpg 700w, https:\/\/loudavymkrokem.cz\/wp-content\/uploads\/2026\/07\/estonsko-clanky-tartu-co-videt-06-768x576.jpg 768w, https:\/\/loudavymkrokem.cz\/wp-content\/uploads\/2026\/07\/estonsko-clanky-tartu-co-videt-06-1536x1152.jpg 1536w, https:\/\/loudavymkrokem.cz\/wp-content\/uploads\/2026\/07\/estonsko-clanky-tartu-co-videt-06-80x60.jpg 80w, https:\/\/loudavymkrokem.cz\/wp-content\/uploads\/2026\/07\/estonsko-clanky-tartu-co-videt-06-160x120.jpg 160w, https:\/\/loudavymkrokem.cz\/wp-content\/uploads\/2026\/07\/estonsko-clanky-tartu-co-videt-06-696x522.jpg 696w, https:\/\/loudavymkrokem.cz\/wp-content\/uploads\/2026\/07\/estonsko-clanky-tartu-co-videt-06-1392x1044.jpg 1392w\" sizes=\"(max-width: 1800px) 100vw, 1800px\" \/><button\n\t\t\tclass=\"lightbox-trigger\"\n\t\t\ttype=\"button\"\n\t\t\taria-haspopup=\"dialog\"\n\t\t\tdata-wp-bind--aria-label=\"state.thisImage.triggerButtonAriaLabel\"\n\t\t\tdata-wp-init=\"callbacks.initTriggerButton\"\n\t\t\tdata-wp-on--click=\"actions.showLightbox\"\n\t\t\tdata-wp-style--right=\"state.thisImage.buttonRight\"\n\t\t\tdata-wp-style--top=\"state.thisImage.buttonTop\"\n\t\t>\n\t\t\t<svg xmlns=\"http:\/\/www.w3.org\/2000\/svg\" width=\"12\" height=\"12\" fill=\"none\" viewBox=\"0 0 12 12\">\n\t\t\t\t<path fill=\"#fff\" d=\"M2 0a2 2 0 0 0-2 2v2h1.5V2a.5.5 0 0 1 .5-.5h2V0H2Zm2 10.5H2a.5.5 0 0 1-.5-.5V8H0v2a2 2 0 0 0 2 2h2v-1.5ZM8 12v-1.5h2a.5.5 0 0 0 .5-.5V8H12v2a2 2 0 0 1-2 2H8Zm2-12a2 2 0 0 1 2 2v2h-1.5V2a.5.5 0 0 0-.5-.5H8V0h2Z\" \/>\n\t\t\t<\/svg>\n\t\t<\/button><figcaption class=\"wp-element-caption\">Foto: HendrixEesti \/ Wikimedia Commons, Public domain<\/figcaption><\/figure>\n\n\n\n<h3 class=\"wp-block-heading\"><span class=\"ez-toc-section\" id=\"1_Radnicne_namestie_a_fontana_s_bozkavajucimi_sa_studentmi\"><\/span>1. Radni\u010dn\u00e9 n\u00e1mestie a font\u00e1na s bozk\u00e1vaj\u00facimi sa \u0161tudentmi<span class=\"ez-toc-section-end\"><\/span><\/h3>\n\n\n\n<p class=\"wp-block-paragraph\">Prehliadku odpor\u00fa\u010dam za\u010da\u0165 priamo v srdci mesta na <strong>Radni\u010dnom n\u00e1mest\u00ed<\/strong> (Raekoja plats). Tento podlhovast\u00fd priestor sa mierne zva\u017euje k rieke a je obklopen\u00fd n\u00e1dhern\u00fdmi klasicistick\u00fdmi budovami v pastelov\u00fdch farb\u00e1ch.<\/p>\n\n\n\n<p class=\"wp-block-paragraph\">Dominantou cel\u00e9ho n\u00e1mestia je <strong>majest\u00e1tna budova radnice<\/strong> a hne\u010f pred \u0148ou stoj\u00ed <strong>socha bozk\u00e1vaj\u00facich sa \u0161tudentov<\/strong>. Ide o najfotografovanej\u0161\u00ed symbol mesta a \u00faprimne, t\u00e1 so\u0161ka ti vylo\u017eene zlom\u00ed srdce \u2014 dvaja \u0161tudenti, jeden d\u00e1\u017ednik, cel\u00fd svet okolo nich mokr\u00fd.<\/p>\n\n\n\n<p class=\"wp-block-paragraph\">V okol\u00ed n\u00e1mestia n\u00e1jde\u0161 sp\u00fastu ter\u00e1s, kde si m\u00f4\u017ee\u0161 da\u0165 k\u00e1vu a nas\u00e1va\u0165 miestnu pohodu. Prehliadka tohto miesta ti <strong>zaberie zhruba 30 min\u00fat<\/strong> a pr\u00edstup je pochopite\u013ene \u00faplne zadarmo.<\/p>\n\n\n\n<p class=\"wp-block-paragraph\">\ud83d\udca1 Tip: V zimn\u00fdch mesiacoch sa pr\u00e1ve na tomto n\u00e1mest\u00ed konaj\u00fa <strong>\u010darovn\u00e9 viano\u010dn\u00e9 trhy<\/strong>, ktor\u00e9 cestovatelia hodnotia ako jedny z najkraj\u0161\u00edch v Pobalt\u00ed.<\/p>\n\n\n\n<figure data-wp-context=\"{&quot;imageId&quot;:&quot;6a9527fde669e&quot;}\" data-wp-interactive=\"core\/image\" data-wp-key=\"6a9527fde669e\" class=\"wp-block-image size-full wp-lightbox-container\"><img decoding=\"async\" width=\"1800\" height=\"1125\" data-wp-class--hide=\"state.isContentHidden\" data-wp-class--show=\"state.isContentVisible\" data-wp-init=\"callbacks.setButtonStyles\" data-wp-on--click=\"actions.showLightbox\" data-wp-on--load=\"callbacks.setButtonStyles\" data-wp-on--pointerdown=\"actions.preloadImage\" data-wp-on--pointerenter=\"actions.preloadImageWithDelay\" data-wp-on--pointerleave=\"actions.cancelPreload\" data-wp-on-window--resize=\"callbacks.setButtonStyles\" src=\"https:\/\/loudavymkrokem.cz\/wp-content\/uploads\/2026\/07\/estonsko-clanky-tartu-co-videt-07.jpg\" alt=\"Hlavn\u00e1 budova univerzity v Tartu\" class=\"wp-image-350629\" title=\"\" srcset=\"https:\/\/loudavymkrokem.cz\/wp-content\/uploads\/2026\/07\/estonsko-clanky-tartu-co-videt-07.jpg 1800w, https:\/\/loudavymkrokem.cz\/wp-content\/uploads\/2026\/07\/estonsko-clanky-tartu-co-videt-07-300x188.jpg 300w, https:\/\/loudavymkrokem.cz\/wp-content\/uploads\/2026\/07\/estonsko-clanky-tartu-co-videt-07-700x438.jpg 700w, https:\/\/loudavymkrokem.cz\/wp-content\/uploads\/2026\/07\/estonsko-clanky-tartu-co-videt-07-768x480.jpg 768w, https:\/\/loudavymkrokem.cz\/wp-content\/uploads\/2026\/07\/estonsko-clanky-tartu-co-videt-07-1536x960.jpg 1536w, https:\/\/loudavymkrokem.cz\/wp-content\/uploads\/2026\/07\/estonsko-clanky-tartu-co-videt-07-696x435.jpg 696w, https:\/\/loudavymkrokem.cz\/wp-content\/uploads\/2026\/07\/estonsko-clanky-tartu-co-videt-07-1392x870.jpg 1392w\" sizes=\"(max-width: 1800px) 100vw, 1800px\" \/><button\n\t\t\tclass=\"lightbox-trigger\"\n\t\t\ttype=\"button\"\n\t\t\taria-haspopup=\"dialog\"\n\t\t\tdata-wp-bind--aria-label=\"state.thisImage.triggerButtonAriaLabel\"\n\t\t\tdata-wp-init=\"callbacks.initTriggerButton\"\n\t\t\tdata-wp-on--click=\"actions.showLightbox\"\n\t\t\tdata-wp-style--right=\"state.thisImage.buttonRight\"\n\t\t\tdata-wp-style--top=\"state.thisImage.buttonTop\"\n\t\t>\n\t\t\t<svg xmlns=\"http:\/\/www.w3.org\/2000\/svg\" width=\"12\" height=\"12\" fill=\"none\" viewBox=\"0 0 12 12\">\n\t\t\t\t<path fill=\"#fff\" d=\"M2 0a2 2 0 0 0-2 2v2h1.5V2a.5.5 0 0 1 .5-.5h2V0H2Zm2 10.5H2a.5.5 0 0 1-.5-.5V8H0v2a2 2 0 0 0 2 2h2v-1.5ZM8 12v-1.5h2a.5.5 0 0 0 .5-.5V8H12v2a2 2 0 0 1-2 2H8Zm2-12a2 2 0 0 1 2 2v2h-1.5V2a.5.5 0 0 0-.5-.5H8V0h2Z\" \/>\n\t\t\t<\/svg>\n\t\t<\/button><figcaption class=\"wp-element-caption\">Foto: A.Savin \/ Wikimedia Commons, FAL<\/figcaption><\/figure>\n\n\n\n<h3 class=\"wp-block-heading\"><span class=\"ez-toc-section\" id=\"2_Hlavna_budova_univerzity_a_historicky_karcer\"><\/span>2. Hlavn\u00e1 budova univerzity a historick\u00fd karcer<span class=\"ez-toc-section-end\"><\/span><\/h3>\n\n\n\n<p class=\"wp-block-paragraph\">Len p\u00e1r krokov od radnice naraz\u00ed\u0161 na hlavn\u00fa budovu miestnej univerzity, ktor\u00e1 sa p\u00fd\u0161i <strong>impozantn\u00fdm klasicistick\u00fdm prie\u010del\u00edm<\/strong> so \u0161iestimi mohutn\u00fdmi st\u013apmi. T\u00e1to in\u0161tit\u00facia je pre mesto \u00faplne k\u013e\u00fa\u010dov\u00e1, preto\u017ee ju zalo\u017eil \u0161v\u00e9dsky kr\u00e1\u013e Gust\u00e1v II. Adolf u\u017e v roku 1632.<\/p>\n\n\n\n<p class=\"wp-block-paragraph\">Zauj\u00edmavos\u0165ou je, \u017ee v podkrov\u00ed budovy sa ukr\u00fdva takzvan\u00fd <strong>\u0161tudentsk\u00fd karcer<\/strong>, \u010do bola historick\u00e1 cela pre neposlu\u0161n\u00fdch \u0161tudentov. T\u00ed tu boli zatv\u00e1ran\u00ed za previnenia ako boli bitky, ur\u00e1\u017eky d\u00e1m alebo nevr\u00e1tenie kn\u00edh do kni\u017enice.<\/p>\n\n\n\n<p class=\"wp-block-paragraph\">Steny karceru s\u00fa dodnes <strong>pokryt\u00e9 dobov\u00fdmi n\u00e1pismi a kresbami<\/strong>, ktor\u00e9 tu potrestan\u00ed \u0161tudenti z nudy zanechali. N\u00e1jde\u0161 tam b\u00e1sni\u010dky, karikat\u00fary profesorov aj z\u00fafal\u00e9 povzdychy. Ide o fascinuj\u00facu exkurziu do hist\u00f3rie \u0161tudentsk\u00e9ho \u017eivota.<\/p>\n\n\n\n<p class=\"wp-block-paragraph\">\ud83d\udca1 Tip: N\u00e1v\u0161teva hlavnej budovy a karceru ti zaberie <strong>asi jednu hodinu<\/strong>. Orienta\u010dn\u00e9 vstupn\u00e9 sa pohybuje okolo 2 eur.<\/p>\n\n\n\n<figure data-wp-context=\"{&quot;imageId&quot;:&quot;6a9527fde6e61&quot;}\" data-wp-interactive=\"core\/image\" data-wp-key=\"6a9527fde6e61\" class=\"wp-block-image size-full wp-lightbox-container\"><img decoding=\"async\" width=\"1800\" height=\"1350\" data-wp-class--hide=\"state.isContentHidden\" data-wp-class--show=\"state.isContentVisible\" data-wp-init=\"callbacks.setButtonStyles\" data-wp-on--click=\"actions.showLightbox\" data-wp-on--load=\"callbacks.setButtonStyles\" data-wp-on--pointerdown=\"actions.preloadImage\" data-wp-on--pointerenter=\"actions.preloadImageWithDelay\" data-wp-on--pointerleave=\"actions.cancelPreload\" data-wp-on-window--resize=\"callbacks.setButtonStyles\" src=\"https:\/\/loudavymkrokem.cz\/wp-content\/uploads\/2026\/07\/estonsko-clanky-tartu-co-videt-08.jpg\" alt=\"Ruiny gotickej katedr\u00e1ly na Toomem\u00e4gi\" class=\"wp-image-350635\" title=\"\" srcset=\"https:\/\/loudavymkrokem.cz\/wp-content\/uploads\/2026\/07\/estonsko-clanky-tartu-co-videt-08.jpg 1800w, https:\/\/loudavymkrokem.cz\/wp-content\/uploads\/2026\/07\/estonsko-clanky-tartu-co-videt-08-300x225.jpg 300w, https:\/\/loudavymkrokem.cz\/wp-content\/uploads\/2026\/07\/estonsko-clanky-tartu-co-videt-08-700x525.jpg 700w, https:\/\/loudavymkrokem.cz\/wp-content\/uploads\/2026\/07\/estonsko-clanky-tartu-co-videt-08-768x576.jpg 768w, https:\/\/loudavymkrokem.cz\/wp-content\/uploads\/2026\/07\/estonsko-clanky-tartu-co-videt-08-1536x1152.jpg 1536w, https:\/\/loudavymkrokem.cz\/wp-content\/uploads\/2026\/07\/estonsko-clanky-tartu-co-videt-08-80x60.jpg 80w, https:\/\/loudavymkrokem.cz\/wp-content\/uploads\/2026\/07\/estonsko-clanky-tartu-co-videt-08-160x120.jpg 160w, https:\/\/loudavymkrokem.cz\/wp-content\/uploads\/2026\/07\/estonsko-clanky-tartu-co-videt-08-696x522.jpg 696w, https:\/\/loudavymkrokem.cz\/wp-content\/uploads\/2026\/07\/estonsko-clanky-tartu-co-videt-08-1392x1044.jpg 1392w\" sizes=\"(max-width: 1800px) 100vw, 1800px\" \/><button\n\t\t\tclass=\"lightbox-trigger\"\n\t\t\ttype=\"button\"\n\t\t\taria-haspopup=\"dialog\"\n\t\t\tdata-wp-bind--aria-label=\"state.thisImage.triggerButtonAriaLabel\"\n\t\t\tdata-wp-init=\"callbacks.initTriggerButton\"\n\t\t\tdata-wp-on--click=\"actions.showLightbox\"\n\t\t\tdata-wp-style--right=\"state.thisImage.buttonRight\"\n\t\t\tdata-wp-style--top=\"state.thisImage.buttonTop\"\n\t\t>\n\t\t\t<svg xmlns=\"http:\/\/www.w3.org\/2000\/svg\" width=\"12\" height=\"12\" fill=\"none\" viewBox=\"0 0 12 12\">\n\t\t\t\t<path fill=\"#fff\" d=\"M2 0a2 2 0 0 0-2 2v2h1.5V2a.5.5 0 0 1 .5-.5h2V0H2Zm2 10.5H2a.5.5 0 0 1-.5-.5V8H0v2a2 2 0 0 0 2 2h2v-1.5ZM8 12v-1.5h2a.5.5 0 0 0 .5-.5V8H12v2a2 2 0 0 1-2 2H8Zm2-12a2 2 0 0 1 2 2v2h-1.5V2a.5.5 0 0 0-.5-.5H8V0h2Z\" \/>\n\t\t\t<\/svg>\n\t\t<\/button><figcaption class=\"wp-element-caption\">Foto: Adam Jones \/ Wikimedia Commons, CC BY-SA 2.0<\/figcaption><\/figure>\n\n\n\n<h3 class=\"wp-block-heading\"><span class=\"ez-toc-section\" id=\"3_Kopec_Toomemagi_a_ruiny_gotickej_katedraly\"><\/span>3. Kopec Toomem\u00e4gi a ruiny gotickej katedr\u00e1ly<span class=\"ez-toc-section-end\"><\/span><\/h3>\n\n\n\n<p class=\"wp-block-paragraph\">Hne\u010f za radnicou sa dv\u00edha roz\u013eahl\u00fd zalesnen\u00fd kopec Toomem\u00e4gi, ktor\u00fd funguje ako zelen\u00e9 p\u013e\u00faca cel\u00e9ho mesta. Tento obrovsk\u00fd park je pln\u00fd star\u00fdch stromov a lavi\u010diek, tak\u017ee ho \u0161tudenti <strong>s ob\u013eubou vyu\u017e\u00edvaj\u00fa ako vonkaj\u0161iu \u010dit\u00e1re\u0148<\/strong> pred sk\u00fa\u0161kami.<\/p>\n\n\n\n<p class=\"wp-block-paragraph\">Na samotnom vrchole kopca sa t\u00fd\u010dia <strong>monument\u00e1lne tehlov\u00e9 ruiny<\/strong> gotickej katedr\u00e1ly z 13. storo\u010dia. Obna\u017een\u00e9 klenby tr\u010diace do neba maj\u00fa neskuto\u010dne tajomn\u00fa atmosf\u00e9ru a patria k najkraj\u0161\u00edm miestam v Tartu.<\/p>\n\n\n\n<p class=\"wp-block-paragraph\">\u010cas\u0165 katedr\u00e1ly bola v 19. storo\u010d\u00ed prestavan\u00e1 a dnes v nej s\u00eddli <strong>univerzitn\u00e9 m\u00fazeum<\/strong>, odkia\u013e sa po v\u00fdstupe na zachovan\u00e9 ve\u017ee naskytne <strong>n\u00e1dhern\u00fd v\u00fdh\u013ead na cel\u00e9 mesto<\/strong>.<\/p>\n\n\n\n<p class=\"wp-block-paragraph\">\ud83d\udca1 Tip: Prech\u00e1dzka parkom je zadarmo a <strong>vyhra\u010f si na \u0148u pokojne dve hodiny<\/strong>. Vstup na ve\u017ee a do m\u00fazea vyjde orienta\u010dne na 7 eur.<\/p>\n\n\n\n<figure data-wp-context=\"{&quot;imageId&quot;:&quot;6a9527fde74cd&quot;}\" data-wp-interactive=\"core\/image\" data-wp-key=\"6a9527fde74cd\" class=\"wp-block-image size-full wp-lightbox-container\"><img decoding=\"async\" width=\"1800\" height=\"1350\" data-wp-class--hide=\"state.isContentHidden\" data-wp-class--show=\"state.isContentVisible\" data-wp-init=\"callbacks.setButtonStyles\" data-wp-on--click=\"actions.showLightbox\" data-wp-on--load=\"callbacks.setButtonStyles\" data-wp-on--pointerdown=\"actions.preloadImage\" data-wp-on--pointerenter=\"actions.preloadImageWithDelay\" data-wp-on--pointerleave=\"actions.cancelPreload\" data-wp-on-window--resize=\"callbacks.setButtonStyles\" src=\"https:\/\/loudavymkrokem.cz\/wp-content\/uploads\/2026\/07\/estonsko-clanky-tartu-co-videt-09.jpg\" alt=\"Anjelsk\u00fd most na Toomem\u00e4gi\" class=\"wp-image-350644\" title=\"\" srcset=\"https:\/\/loudavymkrokem.cz\/wp-content\/uploads\/2026\/07\/estonsko-clanky-tartu-co-videt-09.jpg 1800w, https:\/\/loudavymkrokem.cz\/wp-content\/uploads\/2026\/07\/estonsko-clanky-tartu-co-videt-09-300x225.jpg 300w, https:\/\/loudavymkrokem.cz\/wp-content\/uploads\/2026\/07\/estonsko-clanky-tartu-co-videt-09-700x525.jpg 700w, https:\/\/loudavymkrokem.cz\/wp-content\/uploads\/2026\/07\/estonsko-clanky-tartu-co-videt-09-768x576.jpg 768w, https:\/\/loudavymkrokem.cz\/wp-content\/uploads\/2026\/07\/estonsko-clanky-tartu-co-videt-09-1536x1152.jpg 1536w, https:\/\/loudavymkrokem.cz\/wp-content\/uploads\/2026\/07\/estonsko-clanky-tartu-co-videt-09-80x60.jpg 80w, https:\/\/loudavymkrokem.cz\/wp-content\/uploads\/2026\/07\/estonsko-clanky-tartu-co-videt-09-160x120.jpg 160w, https:\/\/loudavymkrokem.cz\/wp-content\/uploads\/2026\/07\/estonsko-clanky-tartu-co-videt-09-696x522.jpg 696w, https:\/\/loudavymkrokem.cz\/wp-content\/uploads\/2026\/07\/estonsko-clanky-tartu-co-videt-09-1392x1044.jpg 1392w\" sizes=\"(max-width: 1800px) 100vw, 1800px\" \/><button\n\t\t\tclass=\"lightbox-trigger\"\n\t\t\ttype=\"button\"\n\t\t\taria-haspopup=\"dialog\"\n\t\t\tdata-wp-bind--aria-label=\"state.thisImage.triggerButtonAriaLabel\"\n\t\t\tdata-wp-init=\"callbacks.initTriggerButton\"\n\t\t\tdata-wp-on--click=\"actions.showLightbox\"\n\t\t\tdata-wp-style--right=\"state.thisImage.buttonRight\"\n\t\t\tdata-wp-style--top=\"state.thisImage.buttonTop\"\n\t\t>\n\t\t\t<svg xmlns=\"http:\/\/www.w3.org\/2000\/svg\" width=\"12\" height=\"12\" fill=\"none\" viewBox=\"0 0 12 12\">\n\t\t\t\t<path fill=\"#fff\" d=\"M2 0a2 2 0 0 0-2 2v2h1.5V2a.5.5 0 0 1 .5-.5h2V0H2Zm2 10.5H2a.5.5 0 0 1-.5-.5V8H0v2a2 2 0 0 0 2 2h2v-1.5ZM8 12v-1.5h2a.5.5 0 0 0 .5-.5V8H12v2a2 2 0 0 1-2 2H8Zm2-12a2 2 0 0 1 2 2v2h-1.5V2a.5.5 0 0 0-.5-.5H8V0h2Z\" \/>\n\t\t\t<\/svg>\n\t\t<\/button><figcaption class=\"wp-element-caption\">Foto: Tusklikupreili \/ Wikimedia Commons, CC BY-SA 4.0<\/figcaption><\/figure>\n\n\n\n<h3 class=\"wp-block-heading\"><span class=\"ez-toc-section\" id=\"4_Anjelsky_a_Diablov_most_plne_povier\"><\/span>4. Anjelsk\u00fd a Diablov most pln\u00e9 povier<span class=\"ez-toc-section-end\"><\/span><\/h3>\n\n\n\n<p class=\"wp-block-paragraph\">Ke\u010f sa bude\u0161 prech\u00e1dza\u0165 po kopci Toomem\u00e4gi, ur\u010dite naraz\u00ed\u0161 na dva sl\u00e1vne mosty. Ten svetlej\u0161\u00ed sa vol\u00e1 <strong>Anjelsk\u00fd most<\/strong> (Inglisild) a bol postaven\u00fd na po\u010des\u0165 prv\u00e9ho rektora obnovenej univerzity.<\/p>\n\n\n\n<p class=\"wp-block-paragraph\">K tomuto mostu sa via\u017ee kr\u00e1sna \u0161tudentsk\u00e1 povera. Hovor\u00ed sa, \u017ee ke\u010f ceze\u0148 prejde\u0161 prv\u00fdkr\u00e1t, <strong>mus\u00ed\u0161 zadr\u017ea\u0165 dych<\/strong> a nie\u010do si pria\u0165. Ak to zvl\u00e1dne\u0161 a\u017e na druh\u00fa stranu, tvoje \u017eelanie sa zaru\u010dene spln\u00ed. Sk\u00fas si v\u0161ak pria\u0165 nie\u010do, na \u010do ti dych vydr\u017e\u00ed, preto\u017ee most nie je \u00faplne najkrat\u0161\u00ed.<\/p>\n\n\n\n<p class=\"wp-block-paragraph\">O k\u00fasok \u010falej stoj\u00ed tmav\u0161\u00ed <strong>Diablov most<\/strong> (Kuradisild), ktor\u00fd bol postaven\u00fd k v\u00fdro\u010diu dynastie Romanovcov. Kontrast oboch stavieb kr\u00e1sne dokres\u013euje historick\u00fa rozmanitos\u0165 cel\u00e9ho kopca.<\/p>\n\n\n\n<p class=\"wp-block-paragraph\">\ud83d\udca1 Tip: Prehliadka oboch mostov a sk\u00fa\u0161anie \u0161\u0165astia so zadr\u017ean\u00fdm dychom ti <strong>zaberie zhruba 30 min\u00fat<\/strong> a je pochopite\u013ene zadarmo.<\/p>\n\n\n\n<figure data-wp-context=\"{&quot;imageId&quot;:&quot;6a9527fde7b37&quot;}\" data-wp-interactive=\"core\/image\" data-wp-key=\"6a9527fde7b37\" class=\"wp-block-image size-full wp-lightbox-container\"><img decoding=\"async\" width=\"1800\" height=\"1200\" data-wp-class--hide=\"state.isContentHidden\" data-wp-class--show=\"state.isContentVisible\" data-wp-init=\"callbacks.setButtonStyles\" data-wp-on--click=\"actions.showLightbox\" data-wp-on--load=\"callbacks.setButtonStyles\" data-wp-on--pointerdown=\"actions.preloadImage\" data-wp-on--pointerenter=\"actions.preloadImageWithDelay\" data-wp-on--pointerleave=\"actions.cancelPreload\" data-wp-on-window--resize=\"callbacks.setButtonStyles\" src=\"https:\/\/loudavymkrokem.cz\/wp-content\/uploads\/2026\/07\/estonsko-clanky-tartu-co-videt-10.jpg\" alt=\"Vedeck\u00e9 centrum AHHAA\" class=\"wp-image-350651\" title=\"\" srcset=\"https:\/\/loudavymkrokem.cz\/wp-content\/uploads\/2026\/07\/estonsko-clanky-tartu-co-videt-10.jpg 1800w, https:\/\/loudavymkrokem.cz\/wp-content\/uploads\/2026\/07\/estonsko-clanky-tartu-co-videt-10-300x200.jpg 300w, https:\/\/loudavymkrokem.cz\/wp-content\/uploads\/2026\/07\/estonsko-clanky-tartu-co-videt-10-700x467.jpg 700w, https:\/\/loudavymkrokem.cz\/wp-content\/uploads\/2026\/07\/estonsko-clanky-tartu-co-videt-10-768x512.jpg 768w, https:\/\/loudavymkrokem.cz\/wp-content\/uploads\/2026\/07\/estonsko-clanky-tartu-co-videt-10-1536x1024.jpg 1536w, https:\/\/loudavymkrokem.cz\/wp-content\/uploads\/2026\/07\/estonsko-clanky-tartu-co-videt-10-696x464.jpg 696w, https:\/\/loudavymkrokem.cz\/wp-content\/uploads\/2026\/07\/estonsko-clanky-tartu-co-videt-10-1392x928.jpg 1392w\" sizes=\"(max-width: 1800px) 100vw, 1800px\" \/><button\n\t\t\tclass=\"lightbox-trigger\"\n\t\t\ttype=\"button\"\n\t\t\taria-haspopup=\"dialog\"\n\t\t\tdata-wp-bind--aria-label=\"state.thisImage.triggerButtonAriaLabel\"\n\t\t\tdata-wp-init=\"callbacks.initTriggerButton\"\n\t\t\tdata-wp-on--click=\"actions.showLightbox\"\n\t\t\tdata-wp-style--right=\"state.thisImage.buttonRight\"\n\t\t\tdata-wp-style--top=\"state.thisImage.buttonTop\"\n\t\t>\n\t\t\t<svg xmlns=\"http:\/\/www.w3.org\/2000\/svg\" width=\"12\" height=\"12\" fill=\"none\" viewBox=\"0 0 12 12\">\n\t\t\t\t<path fill=\"#fff\" d=\"M2 0a2 2 0 0 0-2 2v2h1.5V2a.5.5 0 0 1 .5-.5h2V0H2Zm2 10.5H2a.5.5 0 0 1-.5-.5V8H0v2a2 2 0 0 0 2 2h2v-1.5ZM8 12v-1.5h2a.5.5 0 0 0 .5-.5V8H12v2a2 2 0 0 1-2 2H8Zm2-12a2 2 0 0 1 2 2v2h-1.5V2a.5.5 0 0 0-.5-.5H8V0h2Z\" \/>\n\t\t\t<\/svg>\n\t\t<\/button><figcaption class=\"wp-element-caption\">Foto: M\u00e4rt Kose \/ Wikimedia Commons, CC BY 4.0<\/figcaption><\/figure>\n\n\n\n<h3 class=\"wp-block-heading\"><span class=\"ez-toc-section\" id=\"5_Vedecke_centrum_AHHAA\"><\/span>5. Vedeck\u00e9 centrum AHHAA<span class=\"ez-toc-section-end\"><\/span><\/h3>\n\n\n\n<p class=\"wp-block-paragraph\">Ak sa zauj\u00edma\u0161 o vedu alebo cestuje\u0161 s de\u0165mi, toto miesto nesmie\u0161 vynecha\u0165. AHHAA je <a href=\"https:\/\/ahhaa.ee\/\" rel=\"nofollow noopener\" target=\"_blank\"><strong>najv\u00e4\u010d\u0161ie vedeck\u00e9 centrum v Pobalt\u00ed<\/strong><\/a> a predstavuje \u00fapln\u00fd raj pre zvedav\u00e9 povahy.<\/p>\n\n\n\n<p class=\"wp-block-paragraph\">Ne\u010dakaj \u017eiadne nudn\u00e9 vitr\u00edny, tu si mus\u00ed\u0161 <strong>v\u0161etko ohmata\u0165 a vysk\u00fa\u0161a\u0165<\/strong>. M\u00f4\u017ee\u0161 sa previez\u0165 na bicykli po lane napnutom vysoko pod stropom, zabl\u00fadi\u0165 v zrkadlovom bludisku alebo sk\u00fama\u0165 vodn\u00fd svet.<\/p>\n\n\n\n<p class=\"wp-block-paragraph\">Je to tie\u017e \u00faplne ide\u00e1lne \u00fato\u010disko pre pr\u00edpad, \u017ee by ti v Est\u00f3nsku neprialo po\u010dasie a za\u010dalo pr\u0161a\u0165. Vstupenky si do podobn\u00fdch atrakci\u00ed m\u00f4\u017ee\u0161 ob\u010das zaisti\u0165 aj <strong>online cez port\u00e1ly ako <a class=\"thirstylink\" rel=\"nofollow\" target=\"_blank\" title=\"GetYourGuide\" href=\"https:\/\/loudavymkrokem.cz\/sk\/doporucujeme\/getyourguide\/\" data-shortcode=\"true\">GetYourGuide<\/a><\/strong>.<\/p>\n\n\n\n<p class=\"wp-block-paragraph\">\ud83d\udca1 Tip: N\u00e1v\u0161teva \u0165a bez probl\u00e9mov zabav\u00ed na <strong>tri a\u017e \u0161tyri hodiny<\/strong>. Orienta\u010dn\u00e9 vstupn\u00e9 pre rodinu vych\u00e1dza okolo 45 eur, dospel\u00fd zaplat\u00ed 20 eur.<\/p>\n\n\n\n<figure data-wp-context=\"{&quot;imageId&quot;:&quot;6a9527fde81ee&quot;}\" data-wp-interactive=\"core\/image\" data-wp-key=\"6a9527fde81ee\" class=\"wp-block-image size-full wp-lightbox-container\"><img decoding=\"async\" width=\"1800\" height=\"1200\" data-wp-class--hide=\"state.isContentHidden\" data-wp-class--show=\"state.isContentVisible\" data-wp-init=\"callbacks.setButtonStyles\" data-wp-on--click=\"actions.showLightbox\" data-wp-on--load=\"callbacks.setButtonStyles\" data-wp-on--pointerdown=\"actions.preloadImage\" data-wp-on--pointerenter=\"actions.preloadImageWithDelay\" data-wp-on--pointerleave=\"actions.cancelPreload\" data-wp-on-window--resize=\"callbacks.setButtonStyles\" src=\"https:\/\/loudavymkrokem.cz\/wp-content\/uploads\/2026\/07\/estonsko-clanky-tartu-co-videt-11.jpg\" alt=\"Est\u00f3nske n\u00e1rodn\u00e9 m\u00fazeum na b\u00fdvalom letisku\" class=\"wp-image-350661\" title=\"\" srcset=\"https:\/\/loudavymkrokem.cz\/wp-content\/uploads\/2026\/07\/estonsko-clanky-tartu-co-videt-11.jpg 1800w, https:\/\/loudavymkrokem.cz\/wp-content\/uploads\/2026\/07\/estonsko-clanky-tartu-co-videt-11-300x200.jpg 300w, https:\/\/loudavymkrokem.cz\/wp-content\/uploads\/2026\/07\/estonsko-clanky-tartu-co-videt-11-700x467.jpg 700w, https:\/\/loudavymkrokem.cz\/wp-content\/uploads\/2026\/07\/estonsko-clanky-tartu-co-videt-11-768x512.jpg 768w, https:\/\/loudavymkrokem.cz\/wp-content\/uploads\/2026\/07\/estonsko-clanky-tartu-co-videt-11-1536x1024.jpg 1536w, https:\/\/loudavymkrokem.cz\/wp-content\/uploads\/2026\/07\/estonsko-clanky-tartu-co-videt-11-696x464.jpg 696w, https:\/\/loudavymkrokem.cz\/wp-content\/uploads\/2026\/07\/estonsko-clanky-tartu-co-videt-11-1392x928.jpg 1392w\" sizes=\"(max-width: 1800px) 100vw, 1800px\" \/><button\n\t\t\tclass=\"lightbox-trigger\"\n\t\t\ttype=\"button\"\n\t\t\taria-haspopup=\"dialog\"\n\t\t\tdata-wp-bind--aria-label=\"state.thisImage.triggerButtonAriaLabel\"\n\t\t\tdata-wp-init=\"callbacks.initTriggerButton\"\n\t\t\tdata-wp-on--click=\"actions.showLightbox\"\n\t\t\tdata-wp-style--right=\"state.thisImage.buttonRight\"\n\t\t\tdata-wp-style--top=\"state.thisImage.buttonTop\"\n\t\t>\n\t\t\t<svg xmlns=\"http:\/\/www.w3.org\/2000\/svg\" width=\"12\" height=\"12\" fill=\"none\" viewBox=\"0 0 12 12\">\n\t\t\t\t<path fill=\"#fff\" d=\"M2 0a2 2 0 0 0-2 2v2h1.5V2a.5.5 0 0 1 .5-.5h2V0H2Zm2 10.5H2a.5.5 0 0 1-.5-.5V8H0v2a2 2 0 0 0 2 2h2v-1.5ZM8 12v-1.5h2a.5.5 0 0 0 .5-.5V8H12v2a2 2 0 0 1-2 2H8Zm2-12a2 2 0 0 1 2 2v2h-1.5V2a.5.5 0 0 0-.5-.5H8V0h2Z\" \/>\n\t\t\t<\/svg>\n\t\t<\/button><figcaption class=\"wp-element-caption\">Foto: WanderingTrad \/ Wikimedia Commons, CC BY-SA 4.0<\/figcaption><\/figure>\n\n\n\n<h3 class=\"wp-block-heading\"><span class=\"ez-toc-section\" id=\"6_Estonske_narodne_muzeum_ERM\"><\/span>6. Est\u00f3nske n\u00e1rodn\u00e9 m\u00fazeum (ERM)<span class=\"ez-toc-section-end\"><\/span><\/h3>\n\n\n\n<p class=\"wp-block-paragraph\">Aj ke\u010f m\u00faze\u00e1 be\u017ene nevyh\u013ead\u00e1va\u0161, toto \u0165a pravdepodobne posad\u00ed na zadok. <a href=\"https:\/\/www.erm.ee\/\" rel=\"nofollow noopener\" target=\"_blank\"><strong>Est\u00f3nske n\u00e1rodn\u00e9 m\u00fazeum (ERM)<\/strong><\/a> s\u00eddli na okraji mesta v \u0161tvrti Raadi a stoj\u00ed na mieste b\u00fdval\u00e9ho sovietskeho vojensk\u00e9ho letiska.<\/p>\n\n\n\n<p class=\"wp-block-paragraph\">Samotn\u00e1 budova je <strong>obrovsk\u00fd architektonick\u00fd triumf<\/strong>, ohromn\u00fd <strong>350 metrov dlh\u00fd sklenen\u00fd klin<\/strong>, ktor\u00fd plynulo nadv\u00e4zuje na star\u00fa prist\u00e1vaciu dr\u00e1hu.<\/p>\n\n\n\n<p class=\"wp-block-paragraph\">Vn\u00fatri n\u00e1jde\u0161 \u0161pi\u010dkovo spracovan\u00e9 a interakt\u00edvne expoz\u00edcie, ktor\u00e9 mapuj\u00fa hist\u00f3riu Est\u00f3nska a ugrof\u00ednskych n\u00e1rodov. V\u0161etky texty s\u00fa navy\u0161e na \u0161peci\u00e1lnych chytr\u00fdch kart\u00e1ch, ktor\u00e9 si pri vstupe nastav\u00ed\u0161 na svoj jazyk, \u010do je neuverite\u013ene praktick\u00e9. Obzvl\u00e1\u0161\u0165 siln\u00e1 je \u010das\u0165 venovan\u00e1 <strong>ka\u017edodenn\u00e9mu \u017eivotu za sovietskej okup\u00e1cie<\/strong>, ktor\u00e1 ti ve\u013ea vysvetl\u00ed o miestnej mentalite.<\/p>\n\n\n\n<p class=\"wp-block-paragraph\">\ud83d\udca1 Tip: Na toto \u00fachvatn\u00e9 miesto si vyhra\u010f <strong>minim\u00e1lne tri hodiny \u010dasu<\/strong>. Orienta\u010dn\u00e9 vstupn\u00e9 \u010din\u00ed zhruba 15 eur.<\/p>\n\n\n\n<figure data-wp-context=\"{&quot;imageId&quot;:&quot;6a9527fde886c&quot;}\" data-wp-interactive=\"core\/image\" data-wp-key=\"6a9527fde886c\" class=\"wp-block-image size-full wp-lightbox-container\"><img decoding=\"async\" width=\"1800\" height=\"1224\" data-wp-class--hide=\"state.isContentHidden\" data-wp-class--show=\"state.isContentVisible\" data-wp-init=\"callbacks.setButtonStyles\" data-wp-on--click=\"actions.showLightbox\" data-wp-on--load=\"callbacks.setButtonStyles\" data-wp-on--pointerdown=\"actions.preloadImage\" data-wp-on--pointerenter=\"actions.preloadImageWithDelay\" data-wp-on--pointerleave=\"actions.cancelPreload\" data-wp-on-window--resize=\"callbacks.setButtonStyles\" src=\"https:\/\/loudavymkrokem.cz\/wp-content\/uploads\/2026\/07\/estonsko-clanky-tartu-co-videt-12.jpg\" alt=\"Dreven\u00e9 dom\u010deky v \u0161tvrti Supilinn\" class=\"wp-image-350671\" title=\"\" srcset=\"https:\/\/loudavymkrokem.cz\/wp-content\/uploads\/2026\/07\/estonsko-clanky-tartu-co-videt-12.jpg 1800w, https:\/\/loudavymkrokem.cz\/wp-content\/uploads\/2026\/07\/estonsko-clanky-tartu-co-videt-12-300x204.jpg 300w, https:\/\/loudavymkrokem.cz\/wp-content\/uploads\/2026\/07\/estonsko-clanky-tartu-co-videt-12-700x476.jpg 700w, https:\/\/loudavymkrokem.cz\/wp-content\/uploads\/2026\/07\/estonsko-clanky-tartu-co-videt-12-768x522.jpg 768w, https:\/\/loudavymkrokem.cz\/wp-content\/uploads\/2026\/07\/estonsko-clanky-tartu-co-videt-12-1536x1044.jpg 1536w, https:\/\/loudavymkrokem.cz\/wp-content\/uploads\/2026\/07\/estonsko-clanky-tartu-co-videt-12-696x473.jpg 696w, https:\/\/loudavymkrokem.cz\/wp-content\/uploads\/2026\/07\/estonsko-clanky-tartu-co-videt-12-1392x947.jpg 1392w\" sizes=\"(max-width: 1800px) 100vw, 1800px\" \/><button\n\t\t\tclass=\"lightbox-trigger\"\n\t\t\ttype=\"button\"\n\t\t\taria-haspopup=\"dialog\"\n\t\t\tdata-wp-bind--aria-label=\"state.thisImage.triggerButtonAriaLabel\"\n\t\t\tdata-wp-init=\"callbacks.initTriggerButton\"\n\t\t\tdata-wp-on--click=\"actions.showLightbox\"\n\t\t\tdata-wp-style--right=\"state.thisImage.buttonRight\"\n\t\t\tdata-wp-style--top=\"state.thisImage.buttonTop\"\n\t\t>\n\t\t\t<svg xmlns=\"http:\/\/www.w3.org\/2000\/svg\" width=\"12\" height=\"12\" fill=\"none\" viewBox=\"0 0 12 12\">\n\t\t\t\t<path fill=\"#fff\" d=\"M2 0a2 2 0 0 0-2 2v2h1.5V2a.5.5 0 0 1 .5-.5h2V0H2Zm2 10.5H2a.5.5 0 0 1-.5-.5V8H0v2a2 2 0 0 0 2 2h2v-1.5ZM8 12v-1.5h2a.5.5 0 0 0 .5-.5V8H12v2a2 2 0 0 1-2 2H8Zm2-12a2 2 0 0 1 2 2v2h-1.5V2a.5.5 0 0 0-.5-.5H8V0h2Z\" \/>\n\t\t\t<\/svg>\n\t\t<\/button><figcaption class=\"wp-element-caption\">Foto: Kurt Smith \/ Pexels<\/figcaption><\/figure>\n\n\n\n<!-- LKM_GYG_CARD start q=\"tartu\" lang=\"sk\" rendered=\"2026-08-31T05:17:14+00:00\" v=\"1\" -->\n<style id=\"lk-gyg-styles\">\n@import url(\"https:\/\/fonts.googleapis.com\/css2?family=Playfair+Display:wght@700&family=DM+Sans:wght@300;400;500;600&display=swap\");\n\/* === LK GYG karty \u2014 CRO redesign 2026-05 (namespace .lkx-) ===\n   C\u00edl: vy\u0161\u0161\u00ed CTR (hero + v\u00fdrazn\u00fd social proof + ak\u010dn\u00ed CTA, m\u00e9n\u011b \"reklamn\u00ed\").\n   Injektuje se inline do prvn\u00edho markeru postu (refresh_cards.py --inline-css). *\/\n.lkx-module, .lkx-module *{box-sizing:border-box;margin:0;padding:0}\n.lkx-module{\n  font-family:'DM Sans',-apple-system,Segoe UI,Roboto,Georgia,sans-serif;\n  max-width:860px;margin:2.5rem auto;color:#1f2328;\n}\n\n\/* HEADER \u2014 lehk\u00fd editorsk\u00fd, \u017e\u00e1dn\u00fd bannerov\u00fd blok; nadpis + popisek pod n\u00edm *\/\n.lkx-head{margin-bottom:16px}\n.lkx-head-main{display:flex;align-items:center;gap:10px}\n.lkx-head-accent{width:26px;height:3px;border-radius:2px;background:#c39f76;flex-shrink:0}\n.lkx-head-title{font-family:'Playfair Display',Georgia,serif;font-size:21px;font-weight:700;color:#1a1a1a;line-height:1.25}\n.lkx-head-meta{display:block;font-size:11px;letter-spacing:.3px;color:#9aa0a6;margin-top:4px;margin-left:36px}\n\n\/* HERO *\/\n.lkx-hero{display:grid;grid-template-columns:300px 1fr;background:#fff;border:1px solid #ece7df;border-radius:14px;overflow:hidden;text-decoration:none!important;color:inherit;box-shadow:0 6px 20px rgba(0,0,0,.06);transition:box-shadow .2s,transform .2s;margin-bottom:14px}\n.lkx-hero:hover{box-shadow:0 12px 30px rgba(0,0,0,.12);transform:translateY(-2px)}\n.lkx-hero-img{position:relative;min-height:230px;background-size:cover;background-position:center;background-color:#eee}\n.lkx-hero-body{padding:22px 24px;display:flex;flex-direction:column}\n.lkx-pick{position:absolute;top:12px;left:12px;background:#1a1a1a;color:#fff;font-size:11px;font-weight:700;letter-spacing:.5px;padding:5px 11px;border-radius:20px}\n\n\/* TITLE *\/\n.lkx-title{font-size:19px;font-weight:700;color:#161616;line-height:1.3}\n.lkx-title-sm{font-size:14.5px;line-height:1.35;display:-webkit-box;-webkit-line-clamp:2;-webkit-box-orient:vertical;overflow:hidden}\n\n\/* SOCIAL PROOF \u2014 v\u00fdrazn\u011b, naho\u0159e *\/\n.lkx-proof{display:flex;align-items:center;gap:7px;margin-top:12px;font-size:15px;color:#3a3a3a}\n.lkx-proof b{font-size:16px;color:#161616}\n.lkx-stars{color:#f5a623;letter-spacing:1px}\n.lkx-proof-sm{font-size:12.5px;margin-top:8px;gap:5px}\n.lkx-proof-sm b{font-size:13px}\n.lkx-proof-new{color:#3685fc;font-weight:600}\n\n\/* PRICE \u2014 n\u00edzk\u00e1 kotva *\/\n.lkx-price{font-size:14px;color:#6b7280}\n.lkx-price b{font-size:20px;color:#161616;font-weight:700}\n.lkx-price-sm b{font-size:15px}\n\n\/* CTA \u2014 tepl\u00e9 ak\u010dn\u00ed tla\u010d\u00edtko *\/\n.lkx-cta{display:inline-flex;align-items:center;justify-content:center;text-decoration:none!important;font-weight:700;color:#fff!important;background:linear-gradient(135deg,#f6743f,#e8552a);border-radius:10px;box-shadow:0 6px 16px rgba(232,85,42,.32);transition:box-shadow .2s}\n.lkx-cta-hero{font-size:15px;padding:13px 22px}\n.lkx-hero:hover .lkx-cta-hero{box-shadow:0 8px 22px rgba(232,85,42,.45)}\n.lkx-cta-sm{font-size:12.5px;padding:9px 14px;width:100%;margin-top:2px}\n.lkx-hero-bottom{margin-top:auto;padding-top:18px;display:flex;align-items:center;justify-content:space-between;gap:14px;flex-wrap:wrap}\n\n\/* BADGE \u2014 jeden v\u00fdrazn\u00fd na fotce *\/\n.lkx-badge{position:absolute;top:12px;right:12px;font-size:10.5px;font-weight:700;letter-spacing:.3px;padding:5px 10px;border-radius:16px;color:#fff}\n.lkx-badge.badge-urgency{background:rgba(214,40,40,.92)}\n.lkx-badge.badge-new{background:rgba(54,133,252,.92)}\n.lkx-badge.badge-top{background:rgba(195,159,118,.95)}\n.lkx-badge.badge-info{background:rgba(40,40,40,.78)}\n\n\/* SECONDARY GRID *\/\n.lkx-grid{display:grid;grid-template-columns:1fr 1fr;gap:14px}\n.lkx-card{background:#fff;border:1px solid #ece7df;border-radius:14px;overflow:hidden;text-decoration:none!important;color:inherit;box-shadow:0 4px 14px rgba(0,0,0,.05);display:flex;flex-direction:column;transition:box-shadow .2s,transform .2s}\n.lkx-card:hover{box-shadow:0 10px 24px rgba(0,0,0,.1);transform:translateY(-2px)}\n.lkx-card-img{position:relative;aspect-ratio:16\/10;background-size:cover;background-position:center;background-color:#eee}\n.lkx-card-body{padding:14px 16px 16px;display:flex;flex-direction:column;gap:7px;flex:1}\n.lkx-card-bottom{margin-top:auto;padding-top:10px;display:flex;align-items:center;justify-content:space-between;gap:8px}\n\n\/* DISCLOSURE \u2014 drobn\u00e1, kv\u016fli d\u016fv\u011b\u0159e\/z\u00e1konu *\/\n.lkx-disclosure{font-size:11px;color:#a7adb3;text-align:center;margin-top:14px;line-height:1.6}\n.lkx-disclosure a{color:#c39f76;text-decoration:none}\n\n@media(max-width:680px){\n  .lkx-hero{grid-template-columns:1fr}\n  .lkx-hero-img{min-height:180px}\n  .lkx-grid{grid-template-columns:1fr}\n  .lkx-head-meta{margin-left:0;width:100%}\n  .lkx-head-title{font-size:19px}\n}\n\n<\/style>\n<div class=\"lkx-module\" data-query=\"tartu\">\n  <div class=\"lkx-head\">\n    <div class=\"lkx-head-main\">\n      <span class=\"lkx-head-accent\"><\/span>\n      <span class=\"lkx-head-title\">Z\u00e1\u017eitky a vstupenky<\/span>\n    <\/div>\n    <span class=\"lkx-head-meta\">overen\u00e9 cestovate\u013emi \u00b7 <a class=\"thirstylink\" rel=\"nofollow\" target=\"_blank\" title=\"GetYourGuide\" href=\"https:\/\/loudavymkrokem.cz\/sk\/doporucujeme\/getyourguide\/\" data-shortcode=\"true\">GetYourGuide<\/a><\/span>\n  <\/div><a class=\"lkx-hero\" href=\"https:\/\/www.getyourguide.com\/sk-sk\/tartu-l1996\/vana-lugu-uryvky-a-pribehy-z-historie-tartu-t1309634\/?partner_id=MKZ64IS&amp;utm_medium=online_publisher&amp;cmp=tartu-estonsko-co-vidiet\" target=\"_blank\" rel=\"sponsored noopener nofollow\">\n    <div class=\"lkx-hero-img\" style=\"background-image:url('https:\/\/cdn.getyourguide.com\/img\/tour\/2ebc002e7a10bd7e957508b61175b85938e9f3adfe617a00b910a2f0763ae5f2.png\/132.jpg')\" role=\"img\" aria-label=\"Vana Lugu: \u00daryvky a pr\u00edbehy z hist\u00f3rie Tartu\">\n      <span class=\"lkx-pick\">\u2605 N\u00e1\u0161 tip<\/span><\/div>\n    <div class=\"lkx-hero-body\">\n      <div class=\"lkx-title\">Vana Lugu: \u00daryvky a pr\u00edbehy z hist\u00f3rie Tartu<\/div>\n      <div class=\"lkx-proof\">\n      <span class=\"lkx-stars\">\u2605\u2605\u2605\u2605\u2605<\/span>\n      <b>5.0<\/b> \u00b7 15 hodnoten\u00ed\n    <\/div>\n      <div class=\"lkx-hero-bottom\"><div class=\"lkx-price\">od <b>30\u00a0EUR<\/b><\/div><span class=\"lkx-cta lkx-cta-hero\">Chcem tento z\u00e1\u017eitok \u2192<\/span>\n      <\/div>\n    <\/div>\n  <\/a><div class=\"lkx-grid\"><a class=\"lkx-card\" href=\"https:\/\/www.getyourguide.com\/sk-sk\/tartu-l1996\/tartu-sukromna-prehliadka-na-bicykli-s-krajinnou-architektkou-t1301964\/?partner_id=MKZ64IS&amp;utm_medium=online_publisher&amp;cmp=tartu-estonsko-co-vidiet\" target=\"_blank\" rel=\"sponsored noopener nofollow\">\n      <div class=\"lkx-card-img\" style=\"background-image:url('https:\/\/cdn.getyourguide.com\/img\/tour\/60f534c78fcc3958a38e9e3b7208a42a362b36d76f7c897d2943b10164d46fce.jpeg\/132.jpg')\" role=\"img\" aria-label=\"Tartu: S\u00fakromn\u00e1 prehliadka na bicykli s krajinn\u00fdm architektom\"><\/div>\n      <div class=\"lkx-card-body\">\n        <div class=\"lkx-title lkx-title-sm\">Tartu: S\u00fakromn\u00e1 prehliadka na bicykli s krajinn\u00fdm architektom<\/div>\n        <div class=\"lkx-proof lkx-proof-sm\">\n      <span class=\"lkx-stars\">\u2605<\/span>\n      <b>5.0<\/b> \u00b7 1\n    <\/div>\n        <div class=\"lkx-card-bottom\"><span class=\"lkx-price lkx-price-sm\">od <b>30\u00a0EUR<\/b><\/span><span class=\"lkx-cta lkx-cta-sm\">Zobrazi\u0165 term\u00edny \u2192<\/span>\n        <\/div>\n      <\/div>\n    <\/a><a class=\"lkx-card\" href=\"https:\/\/www.getyourguide.com\/sk-sk\/tartu-l1996\/vana-lugu-tartu-alternativna-pesia-prehliadka-so-street-artom-t1309678\/?partner_id=MKZ64IS&amp;utm_medium=online_publisher&amp;cmp=tartu-estonsko-co-vidiet\" target=\"_blank\" rel=\"sponsored noopener nofollow\">\n      <div class=\"lkx-card-img\" style=\"background-image:url('https:\/\/cdn.getyourguide.com\/img\/tour\/ee2c73ea5e2ea41f307785cb5431484f13591a6e82f0bd9549ae1ca617130c12.jpg\/132.jpg')\" role=\"img\" aria-label=\"Vana Lugu: Tartu: Alternat\u00edvna pe\u0161ia prehliadka so street artom\"><\/div>\n      <div class=\"lkx-card-body\">\n        <div class=\"lkx-title lkx-title-sm\">Vana Lugu: Tartu: Alternat\u00edvna pe\u0161ia prehliadka so street artom<\/div>\n        <div class=\"lkx-proof lkx-proof-sm\">\n      <span class=\"lkx-stars\">\u2605<\/span>\n      <b>0.0<\/b> \u00b7 0\n    <\/div>\n        <div class=\"lkx-card-bottom\"><span class=\"lkx-price lkx-price-sm\">od <b>20\u00a0EUR<\/b><\/span><span class=\"lkx-cta lkx-cta-sm\">Zobrazi\u0165 term\u00edny \u2192<\/span>\n        <\/div>\n      <\/div>\n    <\/a><\/div><div class=\"lkx-disclosure\">\ud83d\udd17 Odkazy s\u00fa partnersk\u00e9 \u2014 cenu v\u00e1m nezmenia, n\u00e1m pom\u00e1haj\u00fa tvori\u0165 obsah. \u00b7 <a href=\"https:\/\/www.getyourguide.com\/sk-sk\/s\/?q=tartu&amp;partner_id=MKZ64IS&amp;utm_medium=online_publisher\" target=\"_blank\" rel=\"sponsored noopener nofollow\">V\u0161etky z\u00e1\u017eitky \u2192<\/a><\/div>\n<\/div>\n<!-- LKM_GYG_CARD end -->\n\n\n\n\n<div class=\"lk-stays-module\">\n<style>\n\/* \u2500\u2500\u2500 RESET PRO GUTENBERG \u2500\u2500\u2500 *\/\n.lk-stays-module * { box-sizing: border-box; margin: 0; padding: 0; }\n\n\/* \u2500\u2500\u2500 WRAPPER \u2500\u2500\u2500 *\/\n.lk-stays-module {\n  font-family: 'DM Sans', Georgia, sans-serif;\n  max-width: 100%;\n  margin: 2.5rem auto;\n  background: linear-gradient(135deg, #fdfaf5 0%, #fcf8f0 100%);\n  border: 1px solid #e8dfd4;\n  border-radius: 16px;\n  overflow: hidden;\n  box-shadow: 0 16px 48px rgba(195, 159, 118, 0.25), 0 4px 12px rgba(0,0,0,0.08);\n}\n\n\/* \u2500\u2500\u2500 HEADER \u2500\u2500\u2500 *\/\n.lk-stays-header {\n  position: relative;\n  padding: 24px 36px 24px;\n  background: linear-gradient(135deg, #c39f76 0%, #d4b188 60%, #c39f76 100%);\n  border-bottom: 1px solid rgba(255,255,255,.15);\n  display: flex;\n  align-items: center;\n  gap: 18px;\n}\n.lk-stays-header::before {\n  content: '';\n  position: absolute;\n  inset: 0;\n  background: url(\"data:image\/svg+xml,%3Csvg width='60' height='60' viewBox='0 0 60 60' xmlns='http:\/\/www.w3.org\/2000\/svg'%3E%3Cg fill='none' fill-rule='evenodd'%3E%3Cg fill='%23ffffff' fill-opacity='0.05'%3E%3Cpath d='M36 34v-4h-2v4h-4v2h4v4h2v-4h4v-2h-4zm0-30V0h-2v4h-4v2h4v4h2V6h4V4h-4zM6 34v-4H4v4H0v2h4v4h2v-4h4v-2H6zM6 4V0H4v4H0v2h4v4h2V6h4V4H6z'\/%3E%3C\/g%3E%3C\/g%3E%3C\/svg%3E\") repeat;\n  pointer-events: none;\n}\n.lk-stays-icon {\n  flex-shrink: 0;\n  width: 68px;\n  height: 68px;\n  border-radius: 14px;\n  background: linear-gradient(135deg, #fff 0%, #f9f6f0 100%);\n  display: flex;\n  align-items: center;\n  justify-content: center;\n  font-size: 26px;\n  box-shadow: 0 4px 12px rgba(0,0,0,0.15);\n}\n.lk-stays-eyebrow {\n  font-size: 10px;\n  font-weight: 500;\n  letter-spacing: 2.5px;\n  text-transform: uppercase;\n  color: rgba(255,255,255,.85);\n  margin: 0 0 5px 0;\n}\n.lk-stays-title {\n  font-family: 'Playfair Display', Georgia, serif;\n  font-size: 24px;\n  font-weight: 700;\n  color: #fff;\n  line-height: 1.2;\n  text-shadow: 0 1px 2px rgba(0,0,0,0.1);\n  margin: 0;\n}\n.lk-stays-subtitle {\n  font-size: 13px;\n  color: rgba(255,255,255,.75);\n  margin: 4px 0 0 0;\n  font-weight: 300;\n}\n\n\/* \u2500\u2500\u2500 CARDS GRID \u2500\u2500\u2500 *\/\n.lk-stays-grid {\n  display: grid;\n  grid-template-columns: 1fr 1fr;\n  gap: 1px;\n  background: rgba(195, 159, 118, 0.12);\n}\n\n\/* \u2500\u2500\u2500 SINGLE CARD \u2500\u2500\u2500 *\/\n.lk-stay-card {\n  background: #ffffff;\n  padding: 26px;\n  display: flex;\n  flex-direction: column;\n  gap: 11px;\n  transition: all 0.3s ease;\n  text-decoration: none;\n  color: inherit;\n  position: relative;\n}\n.lk-stay-card:hover {\n  background: #fffbf5;\n  transform: translateY(-2px);\n  box-shadow: 0 8px 24px rgba(195, 159, 118, 0.18);\n  z-index: 1;\n}\n.lk-stay-card.featured {\n  background: linear-gradient(135deg, #fffdf9 0%, #fff9f0 100%);\n  box-shadow: 0 4px 16px rgba(195, 159, 118, 0.15), inset 0 1px 0 rgba(195, 159, 118, 0.1);\n}\n.lk-stay-card.featured:hover {\n  background: linear-gradient(135deg, #fffbf5 0%, #fff8ed 100%);\n  box-shadow: 0 8px 24px rgba(195, 159, 118, 0.25), inset 0 1px 0 rgba(195, 159, 118, 0.15);\n}\n\n.lk-stay-badge {\n  display: inline-flex;\n  align-items: center;\n  gap: 5px;\n  font-size: 10px;\n  font-weight: 500;\n  letter-spacing: 1.5px;\n  text-transform: uppercase;\n  padding: 5px 11px;\n  border-radius: 20px;\n  width: fit-content;\n}\n.badge-top     { background: linear-gradient(135deg, #c39f76 0%, #d4b188 100%); color: #fff; border: 1px solid #c39f76; font-weight: 600; box-shadow: 0 2px 8px rgba(195,159,118,0.3); }\n.badge-luxury  { background: rgba(195,159,118,.12); color: #c39f76; border: 1px solid rgba(195,159,118,.25); }\n.badge-boutique{ background: rgba(54,133,252,.08); color: #3685fc; border: 1px solid rgba(54,133,252,.2); }\n.badge-nature  { background: rgba(130,190,100,.1); color: #6b9c4a; border: 1px solid rgba(130,190,100,.2); }\n.badge-remote  { background: rgba(195,159,118,.12); color: #a67e50; border: 1px solid rgba(195,159,118,.25); }\n\n.lk-stay-name {\n  font-family: 'Playfair Display', Georgia, serif;\n  font-size: 18px;\n  font-weight: 700;\n  color: #111827;\n  line-height: 1.3;\n}\n.lk-stay-desc {\n  font-size: 13.5px;\n  color: #525252;\n  line-height: 1.65;\n  font-weight: 300;\n  flex: 1;\n}\n\n.lk-stay-meta {\n  display: flex;\n  align-items: center;\n  gap: 12px;\n  flex-wrap: wrap;\n  margin-top: 4px;\n}\n.lk-stay-price {\n  font-size: 13px;\n  color: #6b7280;\n}\n.lk-stay-price strong {\n  color: #c39f76;\n  font-weight: 500;\n}\n.lk-stay-stars {\n  color: #c39f76;\n  font-size: 11px;\n  letter-spacing: 1px;\n}\n\n\/* \u2500\u2500\u2500 CTA BUTTON \u2500\u2500\u2500 *\/\n.lk-stay-cta {\n  display: inline-flex;\n  align-items: center;\n  justify-content: center;\n  gap: 7px;\n  margin-top: 8px;\n  padding: 11px 20px;\n  border-radius: 8px;\n  background: linear-gradient(135deg, #3685fc 0%, #2a6fd9 100%);\n  color: #fff;\n  font-size: 13px;\n  font-weight: 500;\n  text-decoration: none;\n  letter-spacing: .3px;\n  transition: all .2s ease;\n  cursor: pointer;\n  border: none;\n  text-align: center;\n  box-shadow: 0 4px 12px rgba(54, 133, 252, 0.25);\n}\n.lk-stay-cta:hover {\n  background: linear-gradient(135deg, #2a6fd9 0%, #1e5bc4 100%);\n  transform: translateY(-1px);\n  box-shadow: 0 6px 16px rgba(54, 133, 252, 0.35);\n}\n.lk-stay-cta svg { flex-shrink: 0; }\n\n\/* \u2500\u2500\u2500 FOOTER \u2500\u2500\u2500 *\/\n.lk-stays-footer {\n  padding: 18px 36px;\n  background: linear-gradient(to bottom, #fdfaf5 0%, #f9f4ed 100%);\n  border-top: 1px solid rgba(195, 159, 118, 0.15);\n  display: flex;\n  align-items: center;\n  justify-content: space-between;\n  flex-wrap: wrap;\n  gap: 12px;\n}\n.lk-stays-footer-note {\n  font-size: 11.5px;\n  color: #6b7280;\n  font-weight: 300;\n  line-height: 1.5;\n}\n.lk-stays-footer-note a {\n  color: #c39f76;\n  text-decoration: none;\n  font-weight: 400;\n}\n.lk-stays-footer-note a:hover {\n  text-decoration: underline;\n}\n.lk-stays-all-btn {\n  display: inline-flex;\n  align-items: center;\n  gap: 6px;\n  font-size: 12.5px;\n  font-weight: 500;\n  color: #c39f76;\n  text-decoration: none;\n  border: 1px solid rgba(195, 159, 118, 0.35);\n  padding: 8px 18px;\n  border-radius: 8px;\n  transition: all .2s ease;\n}\n.lk-stays-all-btn:hover {\n  background: rgba(195, 159, 118, 0.08);\n  border-color: rgba(195, 159, 118, 0.5);\n}\n\n\/* \u2500\u2500\u2500 RESPONSIVE \u2500\u2500\u2500 *\/\n@media (max-width: 600px) {\n  .lk-stays-grid { grid-template-columns: 1fr; }\n  .lk-stays-header { padding: 24px 20px; }\n  .lk-stays-footer { padding: 16px 20px; }\n  .lk-stay-card { padding: 22px; }\n  .lk-stays-title { font-size: 20px; }\n}\n<\/style>\n\n  <!-- HEADER -->\n  <div class=\"lk-stays-header\">\n    <img decoding=\"async\" src=\"https:\/\/loudavymkrokem.cz\/wp-content\/uploads\/2026\/02\/lukas-a-lucka.jpg\" alt=\"\" style=\"width: 75px; height: 75px; border-radius: 8px; flex-shrink: 0; object-fit: cover; display: block; margin: 4px 0;\" title=\"\">\n    <div class=\"lk-stays-header-text\">\n      <div class=\"lk-stays-eyebrow\">Luk\u00e1\u0161 a Lucie odpor\u00fa\u010daj\u00fa<\/div>\n      <div class=\"lk-stays-title\">Kde sa ubytova\u0165 v Tartu<\/div>\n      <div class=\"lk-stays-subtitle\">6 ubytovan\u00ed \u2014 hotely, wellness hotely a \u010fal\u0161ie mo\u017enosti ubytovania<\/div>\n    <\/div>\n  <\/div>\n\n  <!-- CARDS -->\n  <div class=\"lk-stays-grid\">\n\n    <a class=\"lk-stay-card featured\" href=\"https:\/\/www.stay22.com\/allez\/roam?aid=lukaskonecny&#038;campaign=loudavymkrokemcz&#038;campaign=sk&#038;campaign=tartu-co-videt&#038;hotelname=Lydia%20Hotel&#038;address=Tartu%2C%20Estonsko\" target=\"_blank\" rel=\"nofollow noopener\">\n      <span class=\"lk-stay-badge badge-top\">\u2b50 TOP VO\u013dBA<\/span>\n      <span class=\"lk-stay-badge badge-nature\">\ud83c\udfe8 Hotel<\/span>\n      <div class=\"lk-stay-name\">Lydia Hotel<\/div>\n      <div class=\"lk-stay-desc\">Jedna z najlep\u0161ie hodnoten\u00fdch adries priamo v srdci mesta, s baz\u00e9nom a saunou.<\/div>\n      <div class=\"lk-stay-meta\">\n        <span class=\"lk-stay-stars\">\u2605\u2605\u2605\u2605<\/span>\n        <span class=\"lk-stay-price\">Skontrolova\u0165 ceny<\/span>\n      <\/div>\n      <span class=\"lk-stay-cta\">\n        <svg width=\"14\" height=\"14\" viewBox=\"0 0 24 24\" fill=\"none\" stroke=\"currentColor\" stroke-width=\"2\"><path d=\"M18 13v6a2 2 0 0 1-2 2H5a2 2 0 0 1-2-2V8a2 2 0 0 1 2-2h6\"\/><polyline points=\"15 3 21 3 21 9\"\/><line x1=\"10\" y1=\"14\" x2=\"21\" y2=\"3\"\/><\/svg>\n        Skontrolova\u0165 dostupnos\u0165\n      <\/span>\n    <\/a>\n\n    <a class=\"lk-stay-card\" href=\"https:\/\/www.stay22.com\/allez\/roam?aid=lukaskonecny&#038;campaign=loudavymkrokemcz&#038;campaign=sk&#038;campaign=tartu-co-videt&#038;hotelname=V%20Spa%20Hotel%20and%20Conference%20centre&#038;address=Tartu%2C%20Estonsko\" target=\"_blank\" rel=\"nofollow noopener\">\n      <span class=\"lk-stay-badge badge-nature\">\u2b50 Luxury<\/span>\n      <div class=\"lk-stay-name\">V Spa Hotel and Conference centre<\/div>\n      <div class=\"lk-stay-desc\">Wellness z\u00e1\u017eitok s poriadnym k\u00fape\u013en\u00fdm komplexom priamo v hoteli.<\/div>\n      <div class=\"lk-stay-meta\">\n        <span class=\"lk-stay-stars\">\u2605\u2605\u2605\u2605<\/span>\n        <span class=\"lk-stay-price\">Skontrolova\u0165 ceny<\/span>\n      <\/div>\n      <span class=\"lk-stay-cta\">\n        <svg width=\"14\" height=\"14\" viewBox=\"0 0 24 24\" fill=\"none\" stroke=\"currentColor\" stroke-width=\"2\"><path d=\"M18 13v6a2 2 0 0 1-2 2H5a2 2 0 0 1-2-2V8a2 2 0 0 1 2-2h6\"\/><polyline points=\"15 3 21 3 21 9\"\/><line x1=\"10\" y1=\"14\" x2=\"21\" y2=\"3\"\/><\/svg>\n        Skontrolova\u0165 dostupnos\u0165\n      <\/span>\n    <\/a>\n\n    <a class=\"lk-stay-card\" href=\"https:\/\/www.stay22.com\/allez\/roam?aid=lukaskonecny&#038;campaign=loudavymkrokemcz&#038;campaign=sk&#038;campaign=tartu-co-videt&#038;hotelname=Hotel%20Antonius&#038;address=Tartu%2C%20Estonsko\" target=\"_blank\" rel=\"nofollow noopener\">\n      <span class=\"lk-stay-badge badge-nature\">\ud83c\udfe8 Hotel<\/span>\n      <div class=\"lk-stay-name\">Hotel Antonius<\/div>\n      <div class=\"lk-stay-desc\">Butikov\u00fd hotel s historickou atmosf\u00e9rou a \u00fa\u017easn\u00fdmi starobyl\u00fdmi interi\u00e9rmi.<\/div>\n      <div class=\"lk-stay-meta\">\n        <span class=\"lk-stay-stars\">\u2605\u2605\u2605\u2605<\/span>\n        <span class=\"lk-stay-price\">Skontrolova\u0165 ceny<\/span>\n      <\/div>\n      <span class=\"lk-stay-cta\">\n        <svg width=\"14\" height=\"14\" viewBox=\"0 0 24 24\" fill=\"none\" stroke=\"currentColor\" stroke-width=\"2\"><path d=\"M18 13v6a2 2 0 0 1-2 2H5a2 2 0 0 1-2-2V8a2 2 0 0 1 2-2h6\"\/><polyline points=\"15 3 21 3 21 9\"\/><line x1=\"10\" y1=\"14\" x2=\"21\" y2=\"3\"\/><\/svg>\n        Skontrolova\u0165 dostupnos\u0165\n      <\/span>\n    <\/a>\n\n    <a class=\"lk-stay-card\" href=\"https:\/\/www.stay22.com\/allez\/roam?aid=lukaskonecny&#038;campaign=loudavymkrokemcz&#038;campaign=sk&#038;campaign=tartu-co-videt&#038;hotelname=Hektor%20Design%20Hostel&#038;address=Tartu%2C%20Estonsko\" target=\"_blank\" rel=\"nofollow noopener\">\n      <span class=\"lk-stay-badge badge-nature\">\ud83c\udfe1 Pension\/B&#038;B<\/span>\n      <div class=\"lk-stay-name\">Hektor Design Hostel<\/div>\n      <div class=\"lk-stay-desc\">\u0160t\u00fdlov\u00fd hostel kombinuj\u00faci cenov\u00fa dostupnos\u0165 so skvel\u00fdm seversk\u00fdm dizajnom pre cestovate\u013eov s obmedzen\u00fdm rozpo\u010dtom.<\/div>\n      <div class=\"lk-stay-meta\">\n        <span class=\"lk-stay-stars\">\u2605\u2605\u2605\u2605<\/span>\n        <span class=\"lk-stay-price\">Skontrolova\u0165 ceny<\/span>\n      <\/div>\n      <span class=\"lk-stay-cta\">\n        <svg width=\"14\" height=\"14\" viewBox=\"0 0 24 24\" fill=\"none\" stroke=\"currentColor\" stroke-width=\"2\"><path d=\"M18 13v6a2 2 0 0 1-2 2H5a2 2 0 0 1-2-2V8a2 2 0 0 1 2-2h6\"\/><polyline points=\"15 3 21 3 21 9\"\/><line x1=\"10\" y1=\"14\" x2=\"21\" y2=\"3\"\/><\/svg>\n        Skontrolova\u0165 dostupnos\u0165\n      <\/span>\n    <\/a>\n\n    <a class=\"lk-stay-card\" href=\"https:\/\/www.stay22.com\/allez\/roam?aid=lukaskonecny&#038;campaign=loudavymkrokemcz&#038;campaign=sk&#038;campaign=tartu-co-videt&#038;hotelname=Dorpat%20Hotel&#038;address=Tartu%2C%20Estonsko\" target=\"_blank\" rel=\"nofollow noopener\">\n      <span class=\"lk-stay-badge badge-nature\">\ud83c\udfe8 Hotel<\/span>\n      <div class=\"lk-stay-name\">Dorpat Hotel<\/div>\n      <div class=\"lk-stay-desc\">Spo\u013eahliv\u00e1 vo\u013eba strednej triedy le\u017eiaca priamo na brehu rieky Emaj\u00f5gi.<\/div>\n      <div class=\"lk-stay-meta\">\n        <span class=\"lk-stay-stars\">\u2605\u2605\u2605\u2605<\/span>\n        <span class=\"lk-stay-price\">Skontrolova\u0165 ceny<\/span>\n      <\/div>\n      <span class=\"lk-stay-cta\">\n        <svg width=\"14\" height=\"14\" viewBox=\"0 0 24 24\" fill=\"none\" stroke=\"currentColor\" stroke-width=\"2\"><path d=\"M18 13v6a2 2 0 0 1-2 2H5a2 2 0 0 1-2-2V8a2 2 0 0 1 2-2h6\"\/><polyline points=\"15 3 21 3 21 9\"\/><line x1=\"10\" y1=\"14\" x2=\"21\" y2=\"3\"\/><\/svg>\n        Skontrolova\u0165 dostupnos\u0165\n      <\/span>\n    <\/a>\n\n    <a class=\"lk-stay-card\" href=\"https:\/\/www.stay22.com\/allez\/roam?aid=lukaskonecny&#038;campaign=loudavymkrokemcz&#038;campaign=sk&#038;campaign=tartucovidet&#038;address=tartu\" target=\"_blank\" rel=\"nofollow noopener\">\n      <span class=\"lk-stay-badge badge-nature\">\ud83d\udd0d H\u013eada\u0165<\/span>\n      <div class=\"lk-stay-name\">Zobrazi\u0165 v\u0161etky ubytovanie v Tartu<\/div>\n      <div class=\"lk-stay-desc\">Presk\u00famajte v\u0161etky dostupn\u00e9 mo\u017enosti ubytovania v Tartu a n\u00e1jdite to najlep\u0161ie pod\u013ea va\u0161ich preferenci\u00ed a rozpo\u010dtu.<\/div>\n      <div class=\"lk-stay-meta\">\n        <span class=\"lk-stay-stars\">\u2605\u2605\u2605\u2605<\/span>\n        <span class=\"lk-stay-price\">Porovna\u0165 ceny<\/span>\n      <\/div>\n      <span class=\"lk-stay-cta\">\n        <svg width=\"14\" height=\"14\" viewBox=\"0 0 24 24\" fill=\"none\" stroke=\"currentColor\" stroke-width=\"2\"><path d=\"M18 13v6a2 2 0 0 1-2 2H5a2 2 0 0 1-2-2V8a2 2 0 0 1 2-2h6\"\/><polyline points=\"15 3 21 3 21 9\"\/><line x1=\"10\" y1=\"14\" x2=\"21\" y2=\"3\"\/><\/svg>\n        Skontrolova\u0165 dostupnos\u0165\n      <\/span>\n    <\/a>\n\n  <\/div>\n\n  \n<\/div>\n\n\n\n\n<h3 class=\"wp-block-heading\"><span class=\"ez-toc-section\" id=\"7_Drevena_stvrt_Supilinn_Polievkove_mesto\"><\/span>7. Dreven\u00e1 \u0161tvr\u0165 Supilinn (Polievkov\u00e9 mesto)<span class=\"ez-toc-section-end\"><\/span><\/h3>\n\n\n\n<p class=\"wp-block-paragraph\">K\u00fasok od centra smerom k rieke le\u017e\u00ed \u0161tvr\u0165, ktor\u00e1 akoby vypadla z minul\u00e9ho storo\u010dia. Supilinn tvor\u00ed <strong>labyrint star\u00fdch farebn\u00fdch dreven\u00fdch dom\u010dekov<\/strong>, ktor\u00e9 maj\u00fa neskuto\u010dn\u00e9 \u010daro.<\/p>\n\n\n\n<p class=\"wp-block-paragraph\">Jej n\u00e1zov v preklade znamen\u00e1 Polievkov\u00e9 mesto a pramen\u00ed z toho, \u017ee miestne ulice s\u00fa <strong>pomenovan\u00e9 pod\u013ea r\u00f4znych druhov zeleniny<\/strong>. Naraz\u00ed\u0161 tu na ulicu Hrachov\u00fa, Zemiakov\u00fa, Fazu\u013eov\u00fa alebo Mel\u00f3nov\u00fa.<\/p>\n\n\n\n<p class=\"wp-block-paragraph\">Kedysi i\u0161lo o zanedban\u00fa robotn\u00edcku kol\u00f3niu, ale dnes je to <strong>vyh\u013ead\u00e1van\u00e1 boh\u00e9mska adresa<\/strong> pln\u00e1 komunitn\u00fdch z\u00e1hrad a pouli\u010dn\u00e9ho umenia, kde sa v pokoji strat\u00ed\u0161 s fo\u0165\u00e1kom na hodinu.<\/p>\n\n\n\n<p class=\"wp-block-paragraph\">\ud83d\udca1 Tip: Stra\u0165 sa v uli\u010dk\u00e1ch s fotoapar\u00e1tom v ruke, prech\u00e1dzka ti <strong>zaberie zhruba hodinu<\/strong> a nestoj\u00ed ani cent.<\/p>\n\n\n\n<figure data-wp-context=\"{&quot;imageId&quot;:&quot;6a9527fde91dd&quot;}\" data-wp-interactive=\"core\/image\" data-wp-key=\"6a9527fde91dd\" class=\"wp-block-image size-full wp-lightbox-container\"><img decoding=\"async\" width=\"1800\" height=\"1200\" data-wp-class--hide=\"state.isContentHidden\" data-wp-class--show=\"state.isContentVisible\" data-wp-init=\"callbacks.setButtonStyles\" data-wp-on--click=\"actions.showLightbox\" data-wp-on--load=\"callbacks.setButtonStyles\" data-wp-on--pointerdown=\"actions.preloadImage\" data-wp-on--pointerenter=\"actions.preloadImageWithDelay\" data-wp-on--pointerleave=\"actions.cancelPreload\" data-wp-on-window--resize=\"callbacks.setButtonStyles\" src=\"https:\/\/loudavymkrokem.cz\/wp-content\/uploads\/2026\/07\/estonsko-clanky-tartu-co-videt-13.jpg\" alt=\"Kreat\u00edvne centrum Aparaaditehas\" class=\"wp-image-350682\" title=\"\" srcset=\"https:\/\/loudavymkrokem.cz\/wp-content\/uploads\/2026\/07\/estonsko-clanky-tartu-co-videt-13.jpg 1800w, https:\/\/loudavymkrokem.cz\/wp-content\/uploads\/2026\/07\/estonsko-clanky-tartu-co-videt-13-300x200.jpg 300w, https:\/\/loudavymkrokem.cz\/wp-content\/uploads\/2026\/07\/estonsko-clanky-tartu-co-videt-13-700x467.jpg 700w, https:\/\/loudavymkrokem.cz\/wp-content\/uploads\/2026\/07\/estonsko-clanky-tartu-co-videt-13-768x512.jpg 768w, https:\/\/loudavymkrokem.cz\/wp-content\/uploads\/2026\/07\/estonsko-clanky-tartu-co-videt-13-1536x1024.jpg 1536w, https:\/\/loudavymkrokem.cz\/wp-content\/uploads\/2026\/07\/estonsko-clanky-tartu-co-videt-13-696x464.jpg 696w, https:\/\/loudavymkrokem.cz\/wp-content\/uploads\/2026\/07\/estonsko-clanky-tartu-co-videt-13-1392x928.jpg 1392w\" sizes=\"(max-width: 1800px) 100vw, 1800px\" \/><button\n\t\t\tclass=\"lightbox-trigger\"\n\t\t\ttype=\"button\"\n\t\t\taria-haspopup=\"dialog\"\n\t\t\tdata-wp-bind--aria-label=\"state.thisImage.triggerButtonAriaLabel\"\n\t\t\tdata-wp-init=\"callbacks.initTriggerButton\"\n\t\t\tdata-wp-on--click=\"actions.showLightbox\"\n\t\t\tdata-wp-style--right=\"state.thisImage.buttonRight\"\n\t\t\tdata-wp-style--top=\"state.thisImage.buttonTop\"\n\t\t>\n\t\t\t<svg xmlns=\"http:\/\/www.w3.org\/2000\/svg\" width=\"12\" height=\"12\" fill=\"none\" viewBox=\"0 0 12 12\">\n\t\t\t\t<path fill=\"#fff\" d=\"M2 0a2 2 0 0 0-2 2v2h1.5V2a.5.5 0 0 1 .5-.5h2V0H2Zm2 10.5H2a.5.5 0 0 1-.5-.5V8H0v2a2 2 0 0 0 2 2h2v-1.5ZM8 12v-1.5h2a.5.5 0 0 0 .5-.5V8H12v2a2 2 0 0 1-2 2H8Zm2-12a2 2 0 0 1 2 2v2h-1.5V2a.5.5 0 0 0-.5-.5H8V0h2Z\" \/>\n\t\t\t<\/svg>\n\t\t<\/button><figcaption class=\"wp-element-caption\">Foto: Ivo Kruusam\u00e4gi \/ Wikimedia Commons, CC BY-SA 4.0<\/figcaption><\/figure>\n\n\n\n<h3 class=\"wp-block-heading\"><span class=\"ez-toc-section\" id=\"8_Kreativne_centrum_Aparaaditehas\"><\/span>8. Kreat\u00edvne centrum Aparaaditehas<span class=\"ez-toc-section-end\"><\/span><\/h3>\n\n\n\n<p class=\"wp-block-paragraph\">Podobnou hipsterskou premenou pre\u0161la aj b\u00fdval\u00e1 sovietska tov\u00e1re\u0148 Aparaaditehas. Kedysi sa tu vyr\u00e1bali chladiace zariadenia a tajn\u00e9 ponorkov\u00e9 s\u00fa\u010diastky, dnes je to <strong>tartusk\u00e1 odpove\u010f na tallinnsk\u00e9 Telliskivi<\/strong>.<\/p>\n\n\n\n<p class=\"wp-block-paragraph\">Tento ohromn\u00fd industri\u00e1lny komplex sa premenil na kreat\u00edvne centrum. N\u00e1dvorie je pln\u00e9 le\u017eadiel, n\u00e1jde\u0161 tu <strong>nez\u00e1visl\u00e9 butiky, umeleck\u00e9 ateli\u00e9ry<\/strong> a \u00faplne skvel\u00e9 kaviarne s v\u00fdberovou k\u00e1vou. Objav\u00ed\u0161 tam dokonca aj antikvari\u00e1ty a obchod\u00edky s lok\u00e1lnym udr\u017eate\u013en\u00fdm dizajnom.<\/p>\n\n\n\n<p class=\"wp-block-paragraph\">Je to presne to miesto, kam si \u0161tudenti chodia v sobotu dopoludnia <strong>sadn\u00fa\u0165 na brunch<\/strong> alebo pracova\u0165 s notebookom v ruke.<\/p>\n\n\n\n<p class=\"wp-block-paragraph\">\ud83d\udca1 Tip: Vstup do are\u00e1lu je zadarmo, ale ur\u010dite si vyhra\u010f <strong>jednu a\u017e dve hodiny<\/strong> na presk\u00famanie obchod\u00edkov a posedenie pri dobrom jedle.<\/p>\n\n\n\n<figure data-wp-context=\"{&quot;imageId&quot;:&quot;6a9527fde986b&quot;}\" data-wp-interactive=\"core\/image\" data-wp-key=\"6a9527fde986b\" class=\"wp-block-image size-full wp-lightbox-container\"><img decoding=\"async\" width=\"1800\" height=\"970\" data-wp-class--hide=\"state.isContentHidden\" data-wp-class--show=\"state.isContentVisible\" data-wp-init=\"callbacks.setButtonStyles\" data-wp-on--click=\"actions.showLightbox\" data-wp-on--load=\"callbacks.setButtonStyles\" data-wp-on--pointerdown=\"actions.preloadImage\" data-wp-on--pointerenter=\"actions.preloadImageWithDelay\" data-wp-on--pointerleave=\"actions.cancelPreload\" data-wp-on-window--resize=\"callbacks.setButtonStyles\" src=\"https:\/\/loudavymkrokem.cz\/wp-content\/uploads\/2026\/07\/estonsko-clanky-tartu-co-videt-14.jpg\" alt=\"Obl\u00fakov\u00fd most Kaarsild cez Emaj\u00f5gi\" class=\"wp-image-350689\" title=\"\" srcset=\"https:\/\/loudavymkrokem.cz\/wp-content\/uploads\/2026\/07\/estonsko-clanky-tartu-co-videt-14.jpg 1800w, https:\/\/loudavymkrokem.cz\/wp-content\/uploads\/2026\/07\/estonsko-clanky-tartu-co-videt-14-300x162.jpg 300w, https:\/\/loudavymkrokem.cz\/wp-content\/uploads\/2026\/07\/estonsko-clanky-tartu-co-videt-14-700x377.jpg 700w, https:\/\/loudavymkrokem.cz\/wp-content\/uploads\/2026\/07\/estonsko-clanky-tartu-co-videt-14-768x414.jpg 768w, https:\/\/loudavymkrokem.cz\/wp-content\/uploads\/2026\/07\/estonsko-clanky-tartu-co-videt-14-1536x828.jpg 1536w, https:\/\/loudavymkrokem.cz\/wp-content\/uploads\/2026\/07\/estonsko-clanky-tartu-co-videt-14-696x375.jpg 696w, https:\/\/loudavymkrokem.cz\/wp-content\/uploads\/2026\/07\/estonsko-clanky-tartu-co-videt-14-1392x750.jpg 1392w\" sizes=\"(max-width: 1800px) 100vw, 1800px\" \/><button\n\t\t\tclass=\"lightbox-trigger\"\n\t\t\ttype=\"button\"\n\t\t\taria-haspopup=\"dialog\"\n\t\t\tdata-wp-bind--aria-label=\"state.thisImage.triggerButtonAriaLabel\"\n\t\t\tdata-wp-init=\"callbacks.initTriggerButton\"\n\t\t\tdata-wp-on--click=\"actions.showLightbox\"\n\t\t\tdata-wp-style--right=\"state.thisImage.buttonRight\"\n\t\t\tdata-wp-style--top=\"state.thisImage.buttonTop\"\n\t\t>\n\t\t\t<svg xmlns=\"http:\/\/www.w3.org\/2000\/svg\" width=\"12\" height=\"12\" fill=\"none\" viewBox=\"0 0 12 12\">\n\t\t\t\t<path fill=\"#fff\" d=\"M2 0a2 2 0 0 0-2 2v2h1.5V2a.5.5 0 0 1 .5-.5h2V0H2Zm2 10.5H2a.5.5 0 0 1-.5-.5V8H0v2a2 2 0 0 0 2 2h2v-1.5ZM8 12v-1.5h2a.5.5 0 0 0 .5-.5V8H12v2a2 2 0 0 1-2 2H8Zm2-12a2 2 0 0 1 2 2v2h-1.5V2a.5.5 0 0 0-.5-.5H8V0h2Z\" \/>\n\t\t\t<\/svg>\n\t\t<\/button><figcaption class=\"wp-element-caption\">Foto: Cayambe \/ Wikimedia Commons, CC BY-SA 4.0<\/figcaption><\/figure>\n\n\n\n<h3 class=\"wp-block-heading\"><span class=\"ez-toc-section\" id=\"9_Rieka_Emajogi_a_oblukovy_most_Kaarsild\"><\/span>9. Rieka Emaj\u00f5gi a obl\u00fakov\u00fd most Kaarsild<span class=\"ez-toc-section-end\"><\/span><\/h3>\n\n\n\n<p class=\"wp-block-paragraph\">Tartu pret\u00edna \u0161irok\u00e1 rieka Emaj\u00f5gi, ktorej n\u00e1bre\u017eie predstavuje \u010fal\u0161iu ob\u013e\u00faben\u00fa oddychov\u00fa z\u00f3nu. V lete tu funguj\u00fa <strong>vonkaj\u0161ie kaviarne a bary<\/strong>, kde to \u017eije dlho do noci.<\/p>\n\n\n\n<p class=\"wp-block-paragraph\">Oba brehy sp\u00e1ja neprehliadnute\u013en\u00fd <strong>obl\u00fakov\u00fd most Kaarsild<\/strong>, ktor\u00fd vznikol na mieste p\u00f4vodn\u00e9ho kamenn\u00e9ho mosta zni\u010den\u00e9ho za vojny. Cez most vedie len pe\u0161ia z\u00f3na, tak\u017ee sa po \u0148om m\u00f4\u017ee\u0161 v pokoji prejs\u0165.<\/p>\n\n\n\n<p class=\"wp-block-paragraph\">Pod\u013ea miestnych trad\u00edci\u00ed sa niektor\u00ed odv\u00e1\u017eni \u0161tudenti ob\u010das <strong>sna\u017eia prejs\u0165 most priamo po jeho vysokom obl\u00faku<\/strong>, \u010do je s\u00edce pr\u00edsne zak\u00e1zan\u00e9, ale dod\u00e1va to miestu na legend\u00e1rnosti.<\/p>\n\n\n\n<p class=\"wp-block-paragraph\">\ud83d\udca1 Tip: Pomal\u00e1 prech\u00e1dzka po n\u00e1bre\u017e\u00ed s v\u00fdh\u013eadom na most ti <strong>zaberie asi 45 min\u00fat<\/strong>. V noci b\u00fdva most navy\u0161e kr\u00e1sne nasvieten\u00fd.<\/p>\n\n\n\n<figure data-wp-context=\"{&quot;imageId&quot;:&quot;6a9527fde9f66&quot;}\" data-wp-interactive=\"core\/image\" data-wp-key=\"6a9527fde9f66\" class=\"wp-block-image size-full wp-lightbox-container\"><img decoding=\"async\" width=\"1800\" height=\"1012\" data-wp-class--hide=\"state.isContentHidden\" data-wp-class--show=\"state.isContentVisible\" data-wp-init=\"callbacks.setButtonStyles\" data-wp-on--click=\"actions.showLightbox\" data-wp-on--load=\"callbacks.setButtonStyles\" data-wp-on--pointerdown=\"actions.preloadImage\" data-wp-on--pointerenter=\"actions.preloadImageWithDelay\" data-wp-on--pointerleave=\"actions.cancelPreload\" data-wp-on-window--resize=\"callbacks.setButtonStyles\" src=\"https:\/\/loudavymkrokem.cz\/wp-content\/uploads\/2026\/07\/estonsko-clanky-tartu-co-videt-15.jpg\" alt=\"Botanick\u00e1 z\u00e1hrada univerzity\" class=\"wp-image-350695\" title=\"\" srcset=\"https:\/\/loudavymkrokem.cz\/wp-content\/uploads\/2026\/07\/estonsko-clanky-tartu-co-videt-15.jpg 1800w, https:\/\/loudavymkrokem.cz\/wp-content\/uploads\/2026\/07\/estonsko-clanky-tartu-co-videt-15-300x169.jpg 300w, https:\/\/loudavymkrokem.cz\/wp-content\/uploads\/2026\/07\/estonsko-clanky-tartu-co-videt-15-700x394.jpg 700w, https:\/\/loudavymkrokem.cz\/wp-content\/uploads\/2026\/07\/estonsko-clanky-tartu-co-videt-15-768x432.jpg 768w, https:\/\/loudavymkrokem.cz\/wp-content\/uploads\/2026\/07\/estonsko-clanky-tartu-co-videt-15-1536x864.jpg 1536w, https:\/\/loudavymkrokem.cz\/wp-content\/uploads\/2026\/07\/estonsko-clanky-tartu-co-videt-15-696x391.jpg 696w, https:\/\/loudavymkrokem.cz\/wp-content\/uploads\/2026\/07\/estonsko-clanky-tartu-co-videt-15-1392x783.jpg 1392w\" sizes=\"(max-width: 1800px) 100vw, 1800px\" \/><button\n\t\t\tclass=\"lightbox-trigger\"\n\t\t\ttype=\"button\"\n\t\t\taria-haspopup=\"dialog\"\n\t\t\tdata-wp-bind--aria-label=\"state.thisImage.triggerButtonAriaLabel\"\n\t\t\tdata-wp-init=\"callbacks.initTriggerButton\"\n\t\t\tdata-wp-on--click=\"actions.showLightbox\"\n\t\t\tdata-wp-style--right=\"state.thisImage.buttonRight\"\n\t\t\tdata-wp-style--top=\"state.thisImage.buttonTop\"\n\t\t>\n\t\t\t<svg xmlns=\"http:\/\/www.w3.org\/2000\/svg\" width=\"12\" height=\"12\" fill=\"none\" viewBox=\"0 0 12 12\">\n\t\t\t\t<path fill=\"#fff\" d=\"M2 0a2 2 0 0 0-2 2v2h1.5V2a.5.5 0 0 1 .5-.5h2V0H2Zm2 10.5H2a.5.5 0 0 1-.5-.5V8H0v2a2 2 0 0 0 2 2h2v-1.5ZM8 12v-1.5h2a.5.5 0 0 0 .5-.5V8H12v2a2 2 0 0 1-2 2H8Zm2-12a2 2 0 0 1 2 2v2h-1.5V2a.5.5 0 0 0-.5-.5H8V0h2Z\" \/>\n\t\t\t<\/svg>\n\t\t<\/button><figcaption class=\"wp-element-caption\">Foto: Sillerkiil \/ Wikimedia Commons, CC BY-SA 4.0<\/figcaption><\/figure>\n\n\n\n<h3 class=\"wp-block-heading\"><span class=\"ez-toc-section\" id=\"10_Botanicka_zahrada_univerzity\"><\/span>10. Botanick\u00e1 z\u00e1hrada univerzity<span class=\"ez-toc-section-end\"><\/span><\/h3>\n\n\n\n<p class=\"wp-block-paragraph\">Milovn\u00edci pr\u00edrody by si rozhodne nemali necha\u0165 ujs\u0165 univerzitn\u00fa botanick\u00fa z\u00e1hradu, ktor\u00e1 le\u017e\u00ed <strong>len k\u00fasok od star\u00fdch hradieb<\/strong>. Ide o jednu z najstar\u0161\u00edch botanick\u00fdch z\u00e1hrad v Pobalt\u00ed a pon\u00faka n\u00e1dhern\u00fa o\u00e1zu pokoja.<\/p>\n\n\n\n<p class=\"wp-block-paragraph\">N\u00e1jde\u0161 tu prec\u00edzne udr\u017eiavan\u00e9 vonkaj\u0161ie expoz\u00edcie, jazierka a stovky druhov rastl\u00edn. Je to <strong>ide\u00e1lne miesto na popolud\u0148aj\u0161\u00ed piknik<\/strong> alebo len tich\u00e9 \u010d\u00edtanie knihy na lavi\u010dke.<\/p>\n\n\n\n<p class=\"wp-block-paragraph\">Za mierny poplatok sa potom m\u00f4\u017ee\u0161 pozrie\u0165 aj do <strong>ve\u013ek\u00fdch palmov\u00fdch sklen\u00edkov<\/strong>, ktor\u00e9 \u0165a okam\u017eite prenes\u00fa do tropick\u00e9ho podnebia.<\/p>\n\n\n\n<p class=\"wp-block-paragraph\">\ud83d\udca1 Tip: Vonkaj\u0161\u00ed are\u00e1l je pr\u00edstupn\u00fd zadarmo, vstup do sklen\u00edkov stoj\u00ed <strong>orienta\u010dne 3 eur\u00e1<\/strong>. Prehliadka ti zaberie zhruba hodinu a\u017e hodinu a pol.<\/p>\n\n\n\n<figure data-wp-context=\"{&quot;imageId&quot;:&quot;6a9527fdea599&quot;}\" data-wp-interactive=\"core\/image\" data-wp-key=\"6a9527fdea599\" class=\"wp-block-image size-full wp-lightbox-container\"><img decoding=\"async\" width=\"1800\" height=\"1350\" data-wp-class--hide=\"state.isContentHidden\" data-wp-class--show=\"state.isContentVisible\" data-wp-init=\"callbacks.setButtonStyles\" data-wp-on--click=\"actions.showLightbox\" data-wp-on--load=\"callbacks.setButtonStyles\" data-wp-on--pointerdown=\"actions.preloadImage\" data-wp-on--pointerenter=\"actions.preloadImageWithDelay\" data-wp-on--pointerleave=\"actions.cancelPreload\" data-wp-on-window--resize=\"callbacks.setButtonStyles\" src=\"https:\/\/loudavymkrokem.cz\/wp-content\/uploads\/2026\/07\/estonsko-clanky-tartu-co-videt-16.jpg\" alt=\"Observat\u00f3rium Tartu zap\u00edsan\u00e9 v zozname UNESCO\" class=\"wp-image-350703\" title=\"\" srcset=\"https:\/\/loudavymkrokem.cz\/wp-content\/uploads\/2026\/07\/estonsko-clanky-tartu-co-videt-16.jpg 1800w, https:\/\/loudavymkrokem.cz\/wp-content\/uploads\/2026\/07\/estonsko-clanky-tartu-co-videt-16-300x225.jpg 300w, https:\/\/loudavymkrokem.cz\/wp-content\/uploads\/2026\/07\/estonsko-clanky-tartu-co-videt-16-700x525.jpg 700w, https:\/\/loudavymkrokem.cz\/wp-content\/uploads\/2026\/07\/estonsko-clanky-tartu-co-videt-16-768x576.jpg 768w, https:\/\/loudavymkrokem.cz\/wp-content\/uploads\/2026\/07\/estonsko-clanky-tartu-co-videt-16-1536x1152.jpg 1536w, https:\/\/loudavymkrokem.cz\/wp-content\/uploads\/2026\/07\/estonsko-clanky-tartu-co-videt-16-80x60.jpg 80w, https:\/\/loudavymkrokem.cz\/wp-content\/uploads\/2026\/07\/estonsko-clanky-tartu-co-videt-16-160x120.jpg 160w, https:\/\/loudavymkrokem.cz\/wp-content\/uploads\/2026\/07\/estonsko-clanky-tartu-co-videt-16-696x522.jpg 696w, https:\/\/loudavymkrokem.cz\/wp-content\/uploads\/2026\/07\/estonsko-clanky-tartu-co-videt-16-1392x1044.jpg 1392w\" sizes=\"(max-width: 1800px) 100vw, 1800px\" \/><button\n\t\t\tclass=\"lightbox-trigger\"\n\t\t\ttype=\"button\"\n\t\t\taria-haspopup=\"dialog\"\n\t\t\tdata-wp-bind--aria-label=\"state.thisImage.triggerButtonAriaLabel\"\n\t\t\tdata-wp-init=\"callbacks.initTriggerButton\"\n\t\t\tdata-wp-on--click=\"actions.showLightbox\"\n\t\t\tdata-wp-style--right=\"state.thisImage.buttonRight\"\n\t\t\tdata-wp-style--top=\"state.thisImage.buttonTop\"\n\t\t>\n\t\t\t<svg xmlns=\"http:\/\/www.w3.org\/2000\/svg\" width=\"12\" height=\"12\" fill=\"none\" viewBox=\"0 0 12 12\">\n\t\t\t\t<path fill=\"#fff\" d=\"M2 0a2 2 0 0 0-2 2v2h1.5V2a.5.5 0 0 1 .5-.5h2V0H2Zm2 10.5H2a.5.5 0 0 1-.5-.5V8H0v2a2 2 0 0 0 2 2h2v-1.5ZM8 12v-1.5h2a.5.5 0 0 0 .5-.5V8H12v2a2 2 0 0 1-2 2H8Zm2-12a2 2 0 0 1 2 2v2h-1.5V2a.5.5 0 0 0-.5-.5H8V0h2Z\" \/>\n\t\t\t<\/svg>\n\t\t<\/button><figcaption class=\"wp-element-caption\">Foto: Oth \/ Wikimedia Commons, CC BY-SA 3.0<\/figcaption><\/figure>\n\n\n\n<h3 class=\"wp-block-heading\"><span class=\"ez-toc-section\" id=\"11_Observatorium_Tartu_na_zozname_UNESCO\"><\/span>11. Observat\u00f3rium Tartu na zozname UNESCO<span class=\"ez-toc-section-end\"><\/span><\/h3>\n\n\n\n<p class=\"wp-block-paragraph\">Priamo na kopci Toomem\u00e4gi n\u00e1jde\u0161 e\u0161te jeden unik\u00e1t, ktor\u00fdm je historick\u00e9 univerzitn\u00e9 observat\u00f3rium. T\u00e1to nen\u00e1padn\u00e1 budova zohrala <strong>obrovsk\u00fa \u00falohu v dejin\u00e1ch svetovej astron\u00f3mie<\/strong>.<\/p>\n\n\n\n<p class=\"wp-block-paragraph\">Pr\u00e1ve odtia\u013eto toti\u017e v 19. storo\u010d\u00ed viedol astron\u00f3m Friedrich Georg Wilhelm von Struve svoje sl\u00e1vne merania tvaru a ve\u013ekosti Zeme. V\u010faka takzvan\u00e9mu Struveho geodetick\u00e9mu obl\u00faku sa observat\u00f3rium <strong>dostalo a\u017e na zoznam svetov\u00e9ho dedi\u010dstva UNESCO<\/strong>.<\/p>\n\n\n\n<p class=\"wp-block-paragraph\">Vn\u00fatri si m\u00f4\u017ee\u0161 prezrie\u0165 <strong>historick\u00e9 \u010falekoh\u013eady a star\u00e9 mapy hviezdnej oblohy<\/strong>, \u010do nadchne nielen fan\u00fa\u0161ikov vedy, ale ka\u017ed\u00e9ho, kto m\u00e1 r\u00e1d star\u00e9 pr\u00edstroje.<\/p>\n\n\n\n<p class=\"wp-block-paragraph\">\ud83d\udca1 Tip: Prehliadka m\u00fazea vn\u00fatri observat\u00f3ria ti <strong>zaberie zhruba hodinu<\/strong>. Orienta\u010dn\u00e9 vstupn\u00e9 sa pohybuje okolo 5 eur.<\/p>\n\n\n\n<figure data-wp-context=\"{&quot;imageId&quot;:&quot;6a9527fdeabfd&quot;}\" data-wp-interactive=\"core\/image\" data-wp-key=\"6a9527fdeabfd\" class=\"wp-block-image size-full wp-lightbox-container\"><img decoding=\"async\" width=\"1800\" height=\"1036\" data-wp-class--hide=\"state.isContentHidden\" data-wp-class--show=\"state.isContentVisible\" data-wp-init=\"callbacks.setButtonStyles\" data-wp-on--click=\"actions.showLightbox\" data-wp-on--load=\"callbacks.setButtonStyles\" data-wp-on--pointerdown=\"actions.preloadImage\" data-wp-on--pointerenter=\"actions.preloadImageWithDelay\" data-wp-on--pointerleave=\"actions.cancelPreload\" data-wp-on-window--resize=\"callbacks.setButtonStyles\" src=\"https:\/\/loudavymkrokem.cz\/wp-content\/uploads\/2026\/07\/estonsko-clanky-tartu-co-videt-17.jpg\" alt=\"Prach\u00e1re\u0148 P\u00fcssirohukelder\" class=\"wp-image-350709\" title=\"\" srcset=\"https:\/\/loudavymkrokem.cz\/wp-content\/uploads\/2026\/07\/estonsko-clanky-tartu-co-videt-17.jpg 1800w, https:\/\/loudavymkrokem.cz\/wp-content\/uploads\/2026\/07\/estonsko-clanky-tartu-co-videt-17-300x173.jpg 300w, https:\/\/loudavymkrokem.cz\/wp-content\/uploads\/2026\/07\/estonsko-clanky-tartu-co-videt-17-700x403.jpg 700w, https:\/\/loudavymkrokem.cz\/wp-content\/uploads\/2026\/07\/estonsko-clanky-tartu-co-videt-17-768x442.jpg 768w, https:\/\/loudavymkrokem.cz\/wp-content\/uploads\/2026\/07\/estonsko-clanky-tartu-co-videt-17-1536x884.jpg 1536w, https:\/\/loudavymkrokem.cz\/wp-content\/uploads\/2026\/07\/estonsko-clanky-tartu-co-videt-17-696x401.jpg 696w, https:\/\/loudavymkrokem.cz\/wp-content\/uploads\/2026\/07\/estonsko-clanky-tartu-co-videt-17-1392x801.jpg 1392w\" sizes=\"(max-width: 1800px) 100vw, 1800px\" \/><button\n\t\t\tclass=\"lightbox-trigger\"\n\t\t\ttype=\"button\"\n\t\t\taria-haspopup=\"dialog\"\n\t\t\tdata-wp-bind--aria-label=\"state.thisImage.triggerButtonAriaLabel\"\n\t\t\tdata-wp-init=\"callbacks.initTriggerButton\"\n\t\t\tdata-wp-on--click=\"actions.showLightbox\"\n\t\t\tdata-wp-style--right=\"state.thisImage.buttonRight\"\n\t\t\tdata-wp-style--top=\"state.thisImage.buttonTop\"\n\t\t>\n\t\t\t<svg xmlns=\"http:\/\/www.w3.org\/2000\/svg\" width=\"12\" height=\"12\" fill=\"none\" viewBox=\"0 0 12 12\">\n\t\t\t\t<path fill=\"#fff\" d=\"M2 0a2 2 0 0 0-2 2v2h1.5V2a.5.5 0 0 1 .5-.5h2V0H2Zm2 10.5H2a.5.5 0 0 1-.5-.5V8H0v2a2 2 0 0 0 2 2h2v-1.5ZM8 12v-1.5h2a.5.5 0 0 0 .5-.5V8H12v2a2 2 0 0 1-2 2H8Zm2-12a2 2 0 0 1 2 2v2h-1.5V2a.5.5 0 0 0-.5-.5H8V0h2Z\" \/>\n\t\t\t<\/svg>\n\t\t<\/button><figcaption class=\"wp-element-caption\">Foto: Lauri Veerde \/ Wikimedia Commons, CC BY-SA 4.0<\/figcaption><\/figure>\n\n\n\n<h3 class=\"wp-block-heading\"><span class=\"ez-toc-section\" id=\"12_Pussirohukelder_Pracharen_s_rekordnym_stropom\"><\/span>12. P\u00fcssirohukelder (Prach\u00e1re\u0148) s rekordn\u00fdm stropom<span class=\"ez-toc-section-end\"><\/span><\/h3>\n\n\n\n<p class=\"wp-block-paragraph\">Ke\u010f bude\u0161 sch\u00e1dza\u0165 z kopca Toomem\u00e4gi, nesmie\u0161 min\u00fa\u0165 legend\u00e1rnu kr\u010dmu P\u00fcssirohukelder. Tento podnik toti\u017e s\u00eddli v <strong>b\u00fdvalom prachovom sklade<\/strong>, ktor\u00fd bol vyh\u013aben\u00fd priamo do strm\u00e9ho svahu kopca.<\/p>\n\n\n\n<p class=\"wp-block-paragraph\">Kr\u010dma sa navy\u0161e p\u00fd\u0161i \u00faplne unik\u00e1tnym rekordom, m\u00e1 toti\u017e <strong>\u00fadajne najvy\u0161\u0161\u00ed kr\u010dmov\u00fd strop v Eur\u00f3pe<\/strong>. Pod\u013ea miestnych meria cez 10 metrov a cel\u00e9mu priestoru to dod\u00e1va atmosf\u00e9ru obrovskej jaskyne.<\/p>\n\n\n\n<p class=\"wp-block-paragraph\">Aj ke\u010f si sem v\u00e4\u010d\u0161inou chodia \u013eudia sadn\u00fa\u0165 ve\u010der, odpor\u00fa\u010dam ti nakukn\u00fa\u0165 dovn\u00fatra u\u017e cez de\u0148, preto\u017ee <strong>samotn\u00fd interi\u00e9r z \u010derven\u00fdch teh\u00e1l<\/strong> naozaj stoj\u00ed za videnie.<\/p>\n\n\n\n<p class=\"wp-block-paragraph\">\ud83d\udca1 Tip: N\u00e1v\u0161tevu m\u00f4\u017ee\u0161 spoji\u0165 s obedom, posedenie ti tu <strong>zaberie zhruba hodinu<\/strong>. Vstup je pochopite\u013ene zadarmo, plat\u00ed\u0161 len za svoju \u00fatratu.<\/p>\n\n\n\n<figure data-wp-context=\"{&quot;imageId&quot;:&quot;6a9527fdeb220&quot;}\" data-wp-interactive=\"core\/image\" data-wp-key=\"6a9527fdeb220\" class=\"wp-block-image size-full wp-lightbox-container\"><img decoding=\"async\" width=\"1800\" height=\"1350\" data-wp-class--hide=\"state.isContentHidden\" data-wp-class--show=\"state.isContentVisible\" data-wp-init=\"callbacks.setButtonStyles\" data-wp-on--click=\"actions.showLightbox\" data-wp-on--load=\"callbacks.setButtonStyles\" data-wp-on--pointerdown=\"actions.preloadImage\" data-wp-on--pointerenter=\"actions.preloadImageWithDelay\" data-wp-on--pointerleave=\"actions.cancelPreload\" data-wp-on-window--resize=\"callbacks.setButtonStyles\" src=\"https:\/\/loudavymkrokem.cz\/wp-content\/uploads\/2026\/07\/estonsko-clanky-tartu-co-videt-18.jpg\" alt=\"Tartu ako Eur\u00f3pske hlavn\u00e9 mesto kult\u00fary\" class=\"wp-image-350715\" title=\"\" srcset=\"https:\/\/loudavymkrokem.cz\/wp-content\/uploads\/2026\/07\/estonsko-clanky-tartu-co-videt-18.jpg 1800w, https:\/\/loudavymkrokem.cz\/wp-content\/uploads\/2026\/07\/estonsko-clanky-tartu-co-videt-18-300x225.jpg 300w, https:\/\/loudavymkrokem.cz\/wp-content\/uploads\/2026\/07\/estonsko-clanky-tartu-co-videt-18-700x525.jpg 700w, https:\/\/loudavymkrokem.cz\/wp-content\/uploads\/2026\/07\/estonsko-clanky-tartu-co-videt-18-768x576.jpg 768w, https:\/\/loudavymkrokem.cz\/wp-content\/uploads\/2026\/07\/estonsko-clanky-tartu-co-videt-18-1536x1152.jpg 1536w, https:\/\/loudavymkrokem.cz\/wp-content\/uploads\/2026\/07\/estonsko-clanky-tartu-co-videt-18-80x60.jpg 80w, https:\/\/loudavymkrokem.cz\/wp-content\/uploads\/2026\/07\/estonsko-clanky-tartu-co-videt-18-160x120.jpg 160w, https:\/\/loudavymkrokem.cz\/wp-content\/uploads\/2026\/07\/estonsko-clanky-tartu-co-videt-18-696x522.jpg 696w, https:\/\/loudavymkrokem.cz\/wp-content\/uploads\/2026\/07\/estonsko-clanky-tartu-co-videt-18-1392x1044.jpg 1392w\" sizes=\"(max-width: 1800px) 100vw, 1800px\" \/><button\n\t\t\tclass=\"lightbox-trigger\"\n\t\t\ttype=\"button\"\n\t\t\taria-haspopup=\"dialog\"\n\t\t\tdata-wp-bind--aria-label=\"state.thisImage.triggerButtonAriaLabel\"\n\t\t\tdata-wp-init=\"callbacks.initTriggerButton\"\n\t\t\tdata-wp-on--click=\"actions.showLightbox\"\n\t\t\tdata-wp-style--right=\"state.thisImage.buttonRight\"\n\t\t\tdata-wp-style--top=\"state.thisImage.buttonTop\"\n\t\t>\n\t\t\t<svg xmlns=\"http:\/\/www.w3.org\/2000\/svg\" width=\"12\" height=\"12\" fill=\"none\" viewBox=\"0 0 12 12\">\n\t\t\t\t<path fill=\"#fff\" d=\"M2 0a2 2 0 0 0-2 2v2h1.5V2a.5.5 0 0 1 .5-.5h2V0H2Zm2 10.5H2a.5.5 0 0 1-.5-.5V8H0v2a2 2 0 0 0 2 2h2v-1.5ZM8 12v-1.5h2a.5.5 0 0 0 .5-.5V8H12v2a2 2 0 0 1-2 2H8Zm2-12a2 2 0 0 1 2 2v2h-1.5V2a.5.5 0 0 0-.5-.5H8V0h2Z\" \/>\n\t\t\t<\/svg>\n\t\t<\/button><figcaption class=\"wp-element-caption\">Foto: Loode-Boreaallane \/ Wikimedia Commons, CC BY-SA 4.0<\/figcaption><\/figure>\n\n\n\n<h2 class=\"wp-block-heading\"><span class=\"ez-toc-section\" id=\"Co_po_Tartu_zostalo_z_Europskeho_hlavneho_mesta_kultury\"><\/span>\u010co po Tartu zostalo z Eur\u00f3pskeho hlavn\u00e9ho mesta kult\u00fary<span class=\"ez-toc-section-end\"><\/span><\/h2>\n\n\n\n<p class=\"wp-block-paragraph\">Rok 2024 bol pre mesto \u00faplne zlomov\u00fd, preto\u017ee hrdo nosilo titul <strong>Eur\u00f3pske hlavn\u00e9 mesto kult\u00fary<\/strong>. Na rozdiel od in\u00fdch miest, kde po oh\u0148ostrojoch zostan\u00fa len dlhy, tu sa to podarilo na jednotku a pozit\u00edvne efekty trvaj\u00fa dodnes.<\/p>\n\n\n\n<p class=\"wp-block-paragraph\">Pod\u013ea ofici\u00e1lnych \u010d\u00edsel pril\u00e1kal program cez <strong>1,34 mili\u00f3na n\u00e1v\u0161tevn\u00edkov<\/strong>, \u010do \u00faplne pred\u010dilo v\u0161etky o\u010dak\u00e1vania. Mesto si zvyklo organizova\u0165 skvel\u00e9 akcie a turisti si zvykli prich\u00e1dza\u0165, tak\u017ee e\u0161te v roku 2025 r\u00e1stol po\u010det prenocovan\u00ed o 15 %, a to nie je m\u00e1lo.<\/p>\n\n\n\n<p class=\"wp-block-paragraph\">Z tohto kult\u00farneho dopingu \u0165a\u017e\u00ed Tartu \u010falej. Zostali tu <strong>kr\u00e1sne opraven\u00e9 parky, nov\u00e9 komunitn\u00e9 z\u00e1hrady<\/strong> a sp\u00fasta drobn\u00fdch umeleck\u00fdch in\u0161tal\u00e1ci\u00ed vo verejnom priestore. Kreat\u00edvne centr\u00e1 v star\u00fdch tov\u00e1r\u0148ach id\u00fa naplno a mesto si dr\u017e\u00ed fantastick\u00fd kult\u00farny vibe.<\/p>\n\n\n\n<figure data-wp-context=\"{&quot;imageId&quot;:&quot;6a9527fdeb7ee&quot;}\" data-wp-interactive=\"core\/image\" data-wp-key=\"6a9527fdeb7ee\" class=\"wp-block-image size-full wp-lightbox-container\"><img decoding=\"async\" width=\"1800\" height=\"1350\" data-wp-class--hide=\"state.isContentHidden\" data-wp-class--show=\"state.isContentVisible\" data-wp-init=\"callbacks.setButtonStyles\" data-wp-on--click=\"actions.showLightbox\" data-wp-on--load=\"callbacks.setButtonStyles\" data-wp-on--pointerdown=\"actions.preloadImage\" data-wp-on--pointerenter=\"actions.preloadImageWithDelay\" data-wp-on--pointerleave=\"actions.cancelPreload\" data-wp-on-window--resize=\"callbacks.setButtonStyles\" src=\"https:\/\/loudavymkrokem.cz\/wp-content\/uploads\/2026\/07\/estonsko-clanky-tartu-co-videt-19.jpg\" alt=\"\u010cudsk\u00e9 jazero ne\u010faleko Tartu\" class=\"wp-image-350720\" title=\"\" srcset=\"https:\/\/loudavymkrokem.cz\/wp-content\/uploads\/2026\/07\/estonsko-clanky-tartu-co-videt-19.jpg 1800w, https:\/\/loudavymkrokem.cz\/wp-content\/uploads\/2026\/07\/estonsko-clanky-tartu-co-videt-19-300x225.jpg 300w, https:\/\/loudavymkrokem.cz\/wp-content\/uploads\/2026\/07\/estonsko-clanky-tartu-co-videt-19-700x525.jpg 700w, https:\/\/loudavymkrokem.cz\/wp-content\/uploads\/2026\/07\/estonsko-clanky-tartu-co-videt-19-768x576.jpg 768w, https:\/\/loudavymkrokem.cz\/wp-content\/uploads\/2026\/07\/estonsko-clanky-tartu-co-videt-19-1536x1152.jpg 1536w, https:\/\/loudavymkrokem.cz\/wp-content\/uploads\/2026\/07\/estonsko-clanky-tartu-co-videt-19-80x60.jpg 80w, https:\/\/loudavymkrokem.cz\/wp-content\/uploads\/2026\/07\/estonsko-clanky-tartu-co-videt-19-160x120.jpg 160w, https:\/\/loudavymkrokem.cz\/wp-content\/uploads\/2026\/07\/estonsko-clanky-tartu-co-videt-19-696x522.jpg 696w, https:\/\/loudavymkrokem.cz\/wp-content\/uploads\/2026\/07\/estonsko-clanky-tartu-co-videt-19-1392x1044.jpg 1392w\" sizes=\"(max-width: 1800px) 100vw, 1800px\" \/><button\n\t\t\tclass=\"lightbox-trigger\"\n\t\t\ttype=\"button\"\n\t\t\taria-haspopup=\"dialog\"\n\t\t\tdata-wp-bind--aria-label=\"state.thisImage.triggerButtonAriaLabel\"\n\t\t\tdata-wp-init=\"callbacks.initTriggerButton\"\n\t\t\tdata-wp-on--click=\"actions.showLightbox\"\n\t\t\tdata-wp-style--right=\"state.thisImage.buttonRight\"\n\t\t\tdata-wp-style--top=\"state.thisImage.buttonTop\"\n\t\t>\n\t\t\t<svg xmlns=\"http:\/\/www.w3.org\/2000\/svg\" width=\"12\" height=\"12\" fill=\"none\" viewBox=\"0 0 12 12\">\n\t\t\t\t<path fill=\"#fff\" d=\"M2 0a2 2 0 0 0-2 2v2h1.5V2a.5.5 0 0 1 .5-.5h2V0H2Zm2 10.5H2a.5.5 0 0 1-.5-.5V8H0v2a2 2 0 0 0 2 2h2v-1.5ZM8 12v-1.5h2a.5.5 0 0 0 .5-.5V8H12v2a2 2 0 0 1-2 2H8Zm2-12a2 2 0 0 1 2 2v2h-1.5V2a.5.5 0 0 0-.5-.5H8V0h2Z\" \/>\n\t\t\t<\/svg>\n\t\t<\/button><figcaption class=\"wp-element-caption\">Foto: Shi Annan \/ Wikimedia Commons, CC BY-SA 4.0<\/figcaption><\/figure>\n\n\n\n<h2 class=\"wp-block-heading\"><span class=\"ez-toc-section\" id=\"Vylety_z_Tartu\"><\/span>V\u00fdlety z Tartu<span class=\"ez-toc-section-end\"><\/span><\/h2>\n\n\n\n<p class=\"wp-block-paragraph\">Ke\u010f u\u017e bude\u0161 na juhu Est\u00f3nska, bola by \u0161koda nezamieri\u0165 za hranice mesta. Zhruba hodinu cesty na severov\u00fdchod le\u017e\u00ed <strong>obrovsk\u00e9 \u010cudsk\u00e9 jazero<\/strong> (Peipsi j\u00e4rv), ktor\u00e9 tvor\u00ed prirodzen\u00fa hranicu s Ruskom.<\/p>\n\n\n\n<p class=\"wp-block-paragraph\">Pozd\u013a\u017e jeho brehov sa tiahne takzvan\u00e1 <strong>Cibu\u013eov\u00e1 cesta<\/strong>, kde \u017eije komunita rusk\u00fdch staroverov. Miestni si tu pred dreven\u00fdmi dom\u010dekmi pred\u00e1vaj\u00fa obrovsk\u00e9 cop\u00e1nky vlastnoru\u010dne vypestovanej cibule a rozhodne sa oplat\u00ed zastavi\u0165 sa v niektorej z \u010dajovn\u00ed, kde ti k posedeniu uvaria \u010daj v historickom samovare (atmosf\u00e9ra je ako z in\u00e9ho sveta).<\/p>\n\n\n\n<p class=\"wp-block-paragraph\">Smerom na juh od Tartu sa krajina ne\u010dakane zvln\u00ed. V regi\u00f3ne Otep\u00e4\u00e4, ktor\u00fd funguje ako <strong>vych\u00fdren\u00e9 zimn\u00e9 stredisko<\/strong>, n\u00e1jde\u0161 hlbok\u00e9 \u00fadolia a stovky jazier. E\u0161te hlb\u0161ie na juhov\u00fdchode potom le\u017e\u00ed regi\u00f3n V\u00f5romaa, ktor\u00fd je domovom sl\u00e1vnych dymov\u00fdch s\u00e1un zap\u00edsan\u00fdch v zozname UNESCO. K t\u00fdmto v\u00fdletom je v\u0161ak ide\u00e1lne ma\u0165 k dispoz\u00edcii po\u017ei\u010dan\u00e9 auto, preto\u017ee vidiecke autobusy jazdia dos\u0165 sporadicky.<\/p>\n\n\n\n<figure data-wp-context=\"{&quot;imageId&quot;:&quot;6a9527fdebdbe&quot;}\" data-wp-interactive=\"core\/image\" data-wp-key=\"6a9527fdebdbe\" class=\"wp-block-image size-full wp-lightbox-container\"><img decoding=\"async\" width=\"1800\" height=\"1013\" data-wp-class--hide=\"state.isContentHidden\" data-wp-class--show=\"state.isContentVisible\" data-wp-init=\"callbacks.setButtonStyles\" data-wp-on--click=\"actions.showLightbox\" data-wp-on--load=\"callbacks.setButtonStyles\" data-wp-on--pointerdown=\"actions.preloadImage\" data-wp-on--pointerenter=\"actions.preloadImageWithDelay\" data-wp-on--pointerleave=\"actions.cancelPreload\" data-wp-on-window--resize=\"callbacks.setButtonStyles\" src=\"https:\/\/loudavymkrokem.cz\/wp-content\/uploads\/2026\/07\/estonsko-clanky-tartu-co-videt-20.jpg\" alt=\"Bezm\u00e4sit\u00fd obed v \u0161tudentskej kaviarni\" class=\"wp-image-350725\" title=\"\" srcset=\"https:\/\/loudavymkrokem.cz\/wp-content\/uploads\/2026\/07\/estonsko-clanky-tartu-co-videt-20.jpg 1800w, https:\/\/loudavymkrokem.cz\/wp-content\/uploads\/2026\/07\/estonsko-clanky-tartu-co-videt-20-300x169.jpg 300w, https:\/\/loudavymkrokem.cz\/wp-content\/uploads\/2026\/07\/estonsko-clanky-tartu-co-videt-20-700x394.jpg 700w, https:\/\/loudavymkrokem.cz\/wp-content\/uploads\/2026\/07\/estonsko-clanky-tartu-co-videt-20-768x432.jpg 768w, https:\/\/loudavymkrokem.cz\/wp-content\/uploads\/2026\/07\/estonsko-clanky-tartu-co-videt-20-1536x864.jpg 1536w, https:\/\/loudavymkrokem.cz\/wp-content\/uploads\/2026\/07\/estonsko-clanky-tartu-co-videt-20-696x392.jpg 696w, https:\/\/loudavymkrokem.cz\/wp-content\/uploads\/2026\/07\/estonsko-clanky-tartu-co-videt-20-1392x783.jpg 1392w\" sizes=\"(max-width: 1800px) 100vw, 1800px\" \/><button\n\t\t\tclass=\"lightbox-trigger\"\n\t\t\ttype=\"button\"\n\t\t\taria-haspopup=\"dialog\"\n\t\t\tdata-wp-bind--aria-label=\"state.thisImage.triggerButtonAriaLabel\"\n\t\t\tdata-wp-init=\"callbacks.initTriggerButton\"\n\t\t\tdata-wp-on--click=\"actions.showLightbox\"\n\t\t\tdata-wp-style--right=\"state.thisImage.buttonRight\"\n\t\t\tdata-wp-style--top=\"state.thisImage.buttonTop\"\n\t\t>\n\t\t\t<svg xmlns=\"http:\/\/www.w3.org\/2000\/svg\" width=\"12\" height=\"12\" fill=\"none\" viewBox=\"0 0 12 12\">\n\t\t\t\t<path fill=\"#fff\" d=\"M2 0a2 2 0 0 0-2 2v2h1.5V2a.5.5 0 0 1 .5-.5h2V0H2Zm2 10.5H2a.5.5 0 0 1-.5-.5V8H0v2a2 2 0 0 0 2 2h2v-1.5ZM8 12v-1.5h2a.5.5 0 0 0 .5-.5V8H12v2a2 2 0 0 1-2 2H8Zm2-12a2 2 0 0 1 2 2v2h-1.5V2a.5.5 0 0 0-.5-.5H8V0h2Z\" \/>\n\t\t\t<\/svg>\n\t\t<\/button><figcaption class=\"wp-element-caption\">Foto: thecactusena \u200e \/ Pexels<\/figcaption><\/figure>\n\n\n\n<h2 class=\"wp-block-heading\"><span class=\"ez-toc-section\" id=\"Kde_sa_najest\"><\/span>Kde sa najes\u0165<span class=\"ez-toc-section-end\"><\/span><\/h2>\n\n\n\n<p class=\"wp-block-paragraph\">Est\u00f3nska gastron\u00f3mia \u0165a ve\u013emi pr\u00edjemne prekvap\u00ed, ale priprav sa na to, \u017ee ceny u\u017e d\u00e1vno nie s\u00fa tak\u00e9 n\u00edzke ako kedysi. Tajn\u00fdm k\u013e\u00fa\u010dom k lacn\u00e9mu jedlu je <strong>\u010darovn\u00e9 slovo p\u00e4evapraad<\/strong> (denn\u00e9 obedov\u00e9 menu).<\/p>\n\n\n\n<p class=\"wp-block-paragraph\">Ka\u017ed\u00fd v\u0161edn\u00fd de\u0148 okolo obeda pon\u00fakaj\u00fa miestne bistr\u00e1 a kaviarne kompletn\u00e9 menu, ktor\u00e9 <strong>vych\u00e1dza zhruba na 5 a\u017e 8 eur<\/strong>. Najie\u0161 sa tak po boku miestnych \u0161tudentov za ve\u013emi f\u00e9rov\u00fa cenu. Sp\u00fastu tak\u00fdch podnikov n\u00e1jde\u0161 pr\u00e1ve v okol\u00ed univerzity alebo v kreat\u00edvnej \u0161tvrti Aparaaditehas. Skvelou vo\u013ebou pre denn\u00e9 menu je napr\u00edklad <strong>Kolm Tilli<\/strong> priamo v Aparaaditehas alebo vych\u00fdren\u00e1 kaviare\u0148 <strong>Werner Caf\u00e9<\/strong> k\u00fasok od univerzity, kde maj\u00fa mimochodom tie najlep\u0161ie torty v meste.<\/p>\n\n\n\n<p class=\"wp-block-paragraph\">Miestne re\u0161taur\u00e1cie na pobre\u017e\u00ed s\u00edce l\u00e1kaj\u00fa na rybie \u0161peciality a <strong>\u00faden\u00e9 m\u00e4so z dymovej sauny<\/strong> (a \u00e1no, t\u00e1 saunov\u00e1 kuchy\u0148a je tu naozaj ve\u013ek\u00e1 vec), ale pokojne si z\u00e1jdi aj pre <strong>vegetari\u00e1nske pelmene<\/strong> alebo kr\u00e9mov\u00fa zeleninov\u00fa polievku, neoplat\u00ed sa ich prehliada\u0165.<\/p>\n\n\n\n<h2 class=\"wp-block-heading\"><span class=\"ez-toc-section\" id=\"Kam_dalej\"><\/span>Kam \u010falej<span class=\"ez-toc-section-end\"><\/span><\/h2>\n\n\n\n<p class=\"wp-block-paragraph\">Ak \u0165a Pobaltie l\u00e1ka a pl\u00e1nuje\u0161 dlh\u0161iu cestu, pripravili sme pre teba <strong>sp\u00fastu \u010fal\u0161\u00edch u\u017eito\u010dn\u00fdch \u010dl\u00e1nkov<\/strong>.<\/p>\n\n\n\n<ul class=\"wp-block-list\">\n\n<li>  Zauj\u00edma \u0165a, \u010do \u010fal\u0161ie pon\u00faka zvy\u0161ok krajiny? Pre\u010d\u00edtaj si \u010dl\u00e1nok <a href=\"https:\/\/loudavymkrokem.cz\/sk\/co-vidiet-v-estonsku\/\">Est\u00f3nsko: 25 tipov, \u010do vidie\u0165 a za\u017ei\u0165<\/a>.<\/li>\n\n\n\n<li>  Alebo rovno zamier do hlavn\u00e9ho mesta so sprievodcom <a href=\"https:\/\/loudavymkrokem.cz\/sk\/tallinn-estonsko-co-vidiet\/\">Tallinn: 20 tipov, \u010do vidie\u0165 a robi\u0165 v est\u00f3nskej metropole<\/a>.<\/li>\n\n\n\n<li>  Aby \u0165a neprekvapilo po\u010dasie, pozri sa na <a href=\"https:\/\/loudavymkrokem.cz\/sk\/kedy-ist-do-estonska\/\">Kedy \u00eds\u0165 do Est\u00f3nska: po\u010dasie mesiac po mesiaci<\/a>.<\/li>\n\n\n\n<li>  L\u00e1ka \u0165a poriadny roadtrip? Prejdi si n\u00e1\u0161 <a href=\"https:\/\/loudavymkrokem.cz\/sk\/pobaltie-itinerar-10-dni\/\">Pobaltie na 10 dn\u00ed: itiner\u00e1r Est\u00f3nskom, Loty\u0161skom a Litvou<\/a>.<\/li>\n\n\n\n<li>  A ak miluje\u0161 wellness, nesmie\u0161 min\u00fa\u0165 text <a href=\"https:\/\/loudavymkrokem.cz\/sk\/estonske-kupele-sauny\/\">Est\u00f3nske k\u00fapele a sauny: 200 rokov trad\u00edcie<\/a>.<\/li>\n\n\n\n<li>  Praktick\u00e9 rady k ceste n\u00e1jde\u0161 v \u010dl\u00e1nku <a href=\"https:\/\/loudavymkrokem.cz\/sk\/ako-sa-dostat-do-estonska\/\">Ako sa dosta\u0165 do Est\u00f3nska: letenky, trajekt aj autom<\/a>.<\/li>\n\n\n<\/ul>\n\n\n\n<h2 class=\"wp-block-heading\"><span class=\"ez-toc-section\" id=\"Casto_kladene_otazky\"><\/span>\u010casto kladen\u00e9 ot\u00e1zky<span class=\"ez-toc-section-end\"><\/span><\/h2>\n\n\n<div id=\"rank-math-faq\" class=\"rank-math-block\">\n<div class=\"rank-math-list \">\n<div id=\"faq-question-1785261104000\" class=\"rank-math-list-item\">\n<h3 class=\"rank-math-question \"><span class=\"ez-toc-section\" id=\"Oplati_sa_vobec_vylet_do_Tartu\"><\/span>Oplat\u00ed sa v\u00f4bec v\u00fdlet do Tartu?<span class=\"ez-toc-section-end\"><\/span><\/h3>\n<div class=\"rank-math-answer \">\n\n<p>Rozhodne \u00e1no. Zatia\u013e \u010do hlavn\u00e9 mesto b\u00fdva cez de\u0148 pln\u00e9 turistov, Tartu v\u00e1m pon\u00fakne ove\u013ea <strong>autentickej\u0161\u00ed a pokojnej\u0161\u00ed poh\u013ead<\/strong> na est\u00f3nsk\u00fd \u017eivot s neuverite\u013ene pohodovou \u0161tudentskou atmosf\u00e9rou.<\/p>\n\n<\/div>\n<\/div>\n<div id=\"faq-question-1785261104001\" class=\"rank-math-list-item\">\n<h3 class=\"rank-math-question \"><span class=\"ez-toc-section\" id=\"Ako_sa_najlepsie_dostat_z_Tallinnu_do_Tartu\"><\/span>Ako sa najlep\u0161ie dosta\u0165 z Tallinnu do Tartu?<span class=\"ez-toc-section-end\"><\/span><\/h3>\n<div class=\"rank-math-answer \">\n\n<p>Najpohodlnej\u0161ou a najr\u00fdchlej\u0161ou cestou s\u00fa <strong>oran\u017eov\u00e9 vlaky Elron<\/strong>, ktor\u00e9 jazdia ve\u013emi \u010dasto. Cesta trv\u00e1 nie\u010do cez dve hodiny a l\u00edstok v\u00e1s vyjde orienta\u010dne na 10 eur. \u010eal\u0161ou skvelou variantou s\u00fa luxusn\u00e9 autobusy Lux Express.<\/p>\n\n<\/div>\n<\/div>\n<div id=\"faq-question-1785261104002\" class=\"rank-math-list-item\">\n<h3 class=\"rank-math-question \"><span class=\"ez-toc-section\" id=\"Kolko_dni_mi_staci_na_prehliadku\"><\/span>Ko\u013eko dn\u00ed mi sta\u010d\u00ed na prehliadku?<span class=\"ez-toc-section-end\"><\/span><\/h3>\n<div class=\"rank-math-answer \">\n\n<p>Ak chcete vidie\u0165 len to hlavn\u00e9 v centre a nav\u0161t\u00edvi\u0165 jedno m\u00fazeum, <strong>d\u00e1 sa to stihn\u00fa\u0165 na jeden nabit\u00fd de\u0148<\/strong>. Ide\u00e1lne je ale vyhradi\u0165 si dva dni, a ak chcete vyrazi\u0165 aj k jazeru Peipus, napl\u00e1nujte si rovno tri dni.<\/p>\n\n<\/div>\n<\/div>\n<div id=\"faq-question-1785261104003\" class=\"rank-math-list-item\">\n<h3 class=\"rank-math-question \"><span class=\"ez-toc-section\" id=\"Co_by_som_mal_v_Tartu_urcite_vidiet\"><\/span>\u010co by som mal v Tartu ur\u010dite vidie\u0165?<span class=\"ez-toc-section-end\"><\/span><\/h3>\n<div class=\"rank-math-answer \">\n\n<p>Ur\u010dite nevynechajte romantick\u00fd kopec Toomem\u00e4gi s ruinami gotickej katedr\u00e1ly, Radni\u010dn\u00e9 n\u00e1mestie so sochou bozk\u00e1vaj\u00facich sa \u0161tudentov a <strong>kreat\u00edvnu \u0161tvr\u0165 Aparaaditehas<\/strong>. Za n\u00e1v\u0161tevu stoj\u00ed aj Est\u00f3nske n\u00e1rodn\u00e9 m\u00fazeum (ERM).<\/p>\n\n<\/div>\n<\/div>\n<div id=\"faq-question-1785261104004\" class=\"rank-math-list-item\">\n<h3 class=\"rank-math-question \"><span class=\"ez-toc-section\" id=\"Je_vedecke_centrum_AHHAA_vhodne_pre_deti\"><\/span>Je vedeck\u00e9 centrum AHHAA vhodn\u00e9 pre deti?<span class=\"ez-toc-section-end\"><\/span><\/h3>\n<div class=\"rank-math-answer \">\n\n<p>Je to pre ne hotov\u00fd raj. Ide o <strong>najv\u00e4\u010d\u0161ie interakt\u00edvne m\u00fazeum v Pobalt\u00ed<\/strong>, kde si deti (aj dospel\u00ed) m\u00f4\u017eu v\u0161etko ohmata\u0165, vysk\u00fa\u0161a\u0165 a presk\u00fama\u0165. Str\u00e1vite tu pokojne pol d\u0148a.<\/p>\n\n<\/div>\n<\/div>\n<div id=\"faq-question-1785261104005\" class=\"rank-math-list-item\">\n<h3 class=\"rank-math-question \"><span class=\"ez-toc-section\" id=\"Kolko_orientacne_stoji_vstupne_do_hlavnych_muzei\"><\/span>Ko\u013eko orienta\u010dne stoj\u00ed vstupn\u00e9 do hlavn\u00fdch m\u00faze\u00ed?<span class=\"ez-toc-section-end\"><\/span><\/h3>\n<div class=\"rank-math-answer \">\n\n<p>Ceny s\u00fa ve\u013emi r\u00f4zne. V\u00e4\u010d\u0161ina parkov a vonkaj\u0161\u00edch pamiatok je zadarmo. Vstup do Est\u00f3nskeho n\u00e1rodn\u00e9ho m\u00fazea (ERM) stoj\u00ed <strong>okolo 15 eur<\/strong>, rodinn\u00e1 vstupenka do centra AHHAA potom vych\u00e1dza zhruba na 45 eur.<\/p>\n\n<\/div>\n<\/div>\n<div id=\"faq-question-1785261104006\" class=\"rank-math-list-item\">\n<h3 class=\"rank-math-question \"><span class=\"ez-toc-section\" id=\"Kedy_je_najlepsi_cas_na_navstevu\"><\/span>Kedy je najlep\u0161\u00ed \u010das na n\u00e1v\u0161tevu?<span class=\"ez-toc-section-end\"><\/span><\/h3>\n<div class=\"rank-math-answer \">\n\n<p>Najviac si mesto u\u017eijete <strong>na jar alebo na za\u010diatku jesene<\/strong>, ke\u010f tu vl\u00e1dne prav\u00e1 akademick\u00e1 atmosf\u00e9ra a ulice s\u00fa pln\u00e9 \u0161tudentov. V auguste je mesto s\u00edce kr\u00e1sne, ale o poznanie pr\u00e1zdnej\u0161ie.<\/p>\n\n<\/div>\n<\/div>\n<div id=\"faq-question-1785261104007\" class=\"rank-math-list-item\">\n<h3 class=\"rank-math-question \"><span class=\"ez-toc-section\" id=\"Co_vo_meste_zostalo_z_titulu_Europskeho_hlavneho_mesta_kultury\"><\/span>\u010co vo meste zostalo z titulu Eur\u00f3pskeho hlavn\u00e9ho mesta kult\u00fary?<span class=\"ez-toc-section-end\"><\/span><\/h3>\n<div class=\"rank-math-answer \">\n\n<p>Mesto z tohto titulu z roku 2024 \u0165a\u017e\u00ed dodnes. Zostali tu <strong>opraven\u00e9 komunitn\u00e9 parky, novo otvoren\u00e9 kaviarne<\/strong> a mno\u017estvo drobn\u00fdch umeleck\u00fdch in\u0161tal\u00e1ci\u00ed, ktor\u00e9 dod\u00e1vaj\u00fa uliciam modern\u00fd r\u00e1z.<\/p>\n\n<\/div>\n<\/div>\n<div id=\"faq-question-1785261104008\" class=\"rank-math-list-item\">\n<h3 class=\"rank-math-question \"><span class=\"ez-toc-section\" id=\"Kde_sa_da_dobre_a_lacno_najest\"><\/span>Kde sa d\u00e1 dobre a lacno najes\u0165?<span class=\"ez-toc-section-end\"><\/span><\/h3>\n<div class=\"rank-math-answer \">\n\n<p>H\u013eadajte n\u00e1pisy s ozna\u010den\u00edm <strong>p\u00e4evapraad<\/strong>, \u010do znamen\u00e1 denn\u00e9 obedov\u00e9 menu. V t\u00fdchto bistr\u00e1ch a kaviar\u0148ach sa vo v\u0161edn\u00e9 dni naobedujete ve\u013emi kvalitne za orienta\u010dn\u00fa cenu medzi 5 a\u017e 8 eur.<\/p>\n\n<\/div>\n<\/div>\n<\/div>\n<\/div>","protected":false},"excerpt":{"rendered":"<p>Objav univerzitn\u00e9 srdce Est\u00f3nska pln\u00e9 kaviarn\u00ed, romantick\u00fdch parkov a interakt\u00edvnych m\u00faze\u00ed, kam zatia\u013e nechodia davy turistov. Z Tallinnu sem navy\u0161e d\u00f4jde\u0161 za pouh\u00e9 dve hodiny.<\/p>\n","protected":false},"author":3,"featured_media":351025,"comment_status":"open","ping_status":"open","sticky":false,"template":"","format":"standard","meta":{"_acf_changed":false,"footnotes":"","rank_math_title":"Tartu, Est\u00f3nsko: 12 tipov, \u010do vidie\u0165 v meste","rank_math_description":"Tartu v Est\u00f3nsku \u0165a o\u010dar\u00ed kaviar\u0148ami, parkami aj m\u00fazeami. Pozri si 12 tipov, \u010do vidie\u0165 v \u0161tudentskom srdci krajiny, ako sa sem dosta\u0165 a kde sa ubytova\u0165.","rank_math_focus_keyword":"tartu est\u00f3nsko","rank_math_seo_score":""},"categories":[952,955],"tags":[],"class_list":["post-409049","post","type-post","status-publish","format-standard","has-post-thumbnail","category-cestovanie","category-europa"],"acf":[],"featured_image_src":"https:\/\/loudavymkrokem.cz\/wp-content\/uploads\/2026\/07\/tartu-co-videt-hero.jpg","author_info":{"display_name":"Lucie Kone\u010dn\u00e1","author_link":"https:\/\/loudavymkrokem.cz\/sk\/author\/lucie-konecna\/"},"_links":{"self":[{"href":"https:\/\/loudavymkrokem.cz\/sk\/wp-json\/wp\/v2\/posts\/409049","targetHints":{"allow":["GET"]}}],"collection":[{"href":"https:\/\/loudavymkrokem.cz\/sk\/wp-json\/wp\/v2\/posts"}],"about":[{"href":"https:\/\/loudavymkrokem.cz\/sk\/wp-json\/wp\/v2\/types\/post"}],"author":[{"embeddable":true,"href":"https:\/\/loudavymkrokem.cz\/sk\/wp-json\/wp\/v2\/users\/3"}],"replies":[{"embeddable":true,"href":"https:\/\/loudavymkrokem.cz\/sk\/wp-json\/wp\/v2\/comments?post=409049"}],"version-history":[{"count":2,"href":"https:\/\/loudavymkrokem.cz\/sk\/wp-json\/wp\/v2\/posts\/409049\/revisions"}],"predecessor-version":[{"id":409051,"href":"https:\/\/loudavymkrokem.cz\/sk\/wp-json\/wp\/v2\/posts\/409049\/revisions\/409051"}],"wp:featuredmedia":[{"embeddable":true,"href":"https:\/\/loudavymkrokem.cz\/sk\/wp-json\/wp\/v2\/media\/351025"}],"wp:attachment":[{"href":"https:\/\/loudavymkrokem.cz\/sk\/wp-json\/wp\/v2\/media?parent=409049"}],"wp:term":[{"taxonomy":"category","embeddable":true,"href":"https:\/\/loudavymkrokem.cz\/sk\/wp-json\/wp\/v2\/categories?post=409049"},{"taxonomy":"post_tag","embeddable":true,"href":"https:\/\/loudavymkrokem.cz\/sk\/wp-json\/wp\/v2\/tags?post=409049"}],"curies":[{"name":"wp","href":"https:\/\/api.w.org\/{rel}","templated":true}]}}