{"id":409038,"date":"2026-08-30T09:00:18","date_gmt":"2026-08-30T07:00:18","guid":{"rendered":"https:\/\/loudavymkrokem.cz\/bonigen-brienzske-jazero\/"},"modified":"2026-08-31T07:13:50","modified_gmt":"2026-08-31T05:13:50","slug":"bonigen-brienzske-jazero","status":"publish","type":"post","link":"https:\/\/loudavymkrokem.cz\/sk\/bonigen-brienzske-jazero\/","title":{"rendered":"B\u00f6nigen: 24 tipov, \u010do robi\u0165 pri Brienzskom jazere 2026"},"content":{"rendered":"\n<p class=\"wp-block-paragraph\">\u0160vaj\u010diarsky Bernsk\u00fd Oberland vie by\u0165 divok\u00fd a pln\u00fd turistov, no sta\u010d\u00ed popojs\u0165 k\u00fasok \u010falej a ocitne\u0161 sa v \u00faplnej o\u00e1ze pokoja. Presne tak\u00fd je <strong>B\u00f6nigen<\/strong> (\u010d\u00edta sa b\u00e9ningen), n\u00e1dhern\u00e1 dedinka le\u017eiaca priamo na brehu \u013eadovcov\u00e9ho jazera. Zatia\u013e \u010do susedn\u00fd Interlaken prask\u00e1 vo \u0161v\u00edkoch, tu sa zastavil \u010das medzi <strong>bohato vyrez\u00e1van\u00fdmi dreven\u00fdmi domami<\/strong> a \u00fachvatnou pr\u00edrodou. \u263a\ufe0f<\/p>\n\n\n\n<p class=\"wp-block-paragraph\">Voda m\u00e1 \u00faplne <strong>neskuto\u010dn\u00fa smaragdovo tyrkysov\u00fa farbu<\/strong> a horsk\u00e9 \u0161t\u00edty sa v nej odr\u00e1\u017eaj\u00fa ako v dokonalom zrkadle. Pr\u00e1ve <strong>Brienzske jazero<\/strong> tvor\u00ed hlavn\u00fd \u0165ah\u00e1k celej oblasti a pon\u00faka nekone\u010dn\u00e9 mo\u017enosti, <strong>\u010do robi\u0165<\/strong> od jari a\u017e do hlbokej jesene. M\u00f4\u017ee\u0161 tu nasko\u010di\u0165 na historick\u00fd kolesov\u00fd parn\u00edk, po\u017ei\u010da\u0165 si kajak alebo len tak le\u0148o\u0161i\u0165 na pl\u00e1\u017ei.<\/p>\n\n\n\n<p class=\"wp-block-paragraph\">Aby sa ti dovolenka pl\u00e1novala \u010do najlep\u0161ie, sp\u00edsala som pre teba podrobn\u00e9ho sprievodcu. V \u010dl\u00e1nku n\u00e1jde\u0161 <strong>24 tipov, \u010do vidie\u0165 a robi\u0165, kde b\u00fdva\u0165, ak\u00e9 trasy si vyjs\u0165, kam sa vyviez\u0165 lanovkou a \u010do podnikn\u00fa\u0165 s de\u0165mi<\/strong>. \u0160vaj\u010diarsko je toti\u017e l\u00e1ska na cel\u00fd \u017eivot a tipujem, \u017ee po n\u00e1v\u0161teve tohto regi\u00f3nu bude\u0161 ka\u017ed\u00e9 leto prem\u00fd\u0161\u013ea\u0165, ako sa sem zase dosta\u0165. \u263a\ufe0f<\/p>\n\n\n\n<figure data-wp-context=\"{&quot;imageId&quot;:&quot;6a9523940d63d&quot;}\" data-wp-interactive=\"core\/image\" data-wp-key=\"6a9523940d63d\" class=\"wp-block-image size-full wp-lightbox-container\"><img decoding=\"async\" width=\"1800\" height=\"1012\" data-wp-class--hide=\"state.isContentHidden\" data-wp-class--show=\"state.isContentVisible\" data-wp-init=\"callbacks.setButtonStyles\" data-wp-on--click=\"actions.showLightbox\" data-wp-on--load=\"callbacks.setButtonStyles\" data-wp-on--pointerdown=\"actions.preloadImage\" data-wp-on--pointerenter=\"actions.preloadImageWithDelay\" data-wp-on--pointerleave=\"actions.cancelPreload\" data-wp-on-window--resize=\"callbacks.setButtonStyles\" src=\"https:\/\/loudavymkrokem.cz\/wp-content\/uploads\/2026\/08\/articles-bonigen-01.jpg\" alt=\"B\u00f6nigen a Brienzske jazero z v\u00fd\u0161ky\" class=\"wp-image-404460\" title=\"\" srcset=\"https:\/\/loudavymkrokem.cz\/wp-content\/uploads\/2026\/08\/articles-bonigen-01.jpg 1800w, https:\/\/loudavymkrokem.cz\/wp-content\/uploads\/2026\/08\/articles-bonigen-01-300x169.jpg 300w, https:\/\/loudavymkrokem.cz\/wp-content\/uploads\/2026\/08\/articles-bonigen-01-700x394.jpg 700w, https:\/\/loudavymkrokem.cz\/wp-content\/uploads\/2026\/08\/articles-bonigen-01-768x432.jpg 768w, https:\/\/loudavymkrokem.cz\/wp-content\/uploads\/2026\/08\/articles-bonigen-01-1536x864.jpg 1536w, https:\/\/loudavymkrokem.cz\/wp-content\/uploads\/2026\/08\/articles-bonigen-01-696x391.jpg 696w, https:\/\/loudavymkrokem.cz\/wp-content\/uploads\/2026\/08\/articles-bonigen-01-1392x783.jpg 1392w\" sizes=\"(max-width: 1800px) 100vw, 1800px\" \/><button\n\t\t\tclass=\"lightbox-trigger\"\n\t\t\ttype=\"button\"\n\t\t\taria-haspopup=\"dialog\"\n\t\t\tdata-wp-bind--aria-label=\"state.thisImage.triggerButtonAriaLabel\"\n\t\t\tdata-wp-init=\"callbacks.initTriggerButton\"\n\t\t\tdata-wp-on--click=\"actions.showLightbox\"\n\t\t\tdata-wp-style--right=\"state.thisImage.buttonRight\"\n\t\t\tdata-wp-style--top=\"state.thisImage.buttonTop\"\n\t\t>\n\t\t\t<svg xmlns=\"http:\/\/www.w3.org\/2000\/svg\" width=\"12\" height=\"12\" fill=\"none\" viewBox=\"0 0 12 12\">\n\t\t\t\t<path fill=\"#fff\" d=\"M2 0a2 2 0 0 0-2 2v2h1.5V2a.5.5 0 0 1 .5-.5h2V0H2Zm2 10.5H2a.5.5 0 0 1-.5-.5V8H0v2a2 2 0 0 0 2 2h2v-1.5ZM8 12v-1.5h2a.5.5 0 0 0 .5-.5V8H12v2a2 2 0 0 1-2 2H8Zm2-12a2 2 0 0 1 2 2v2h-1.5V2a.5.5 0 0 0-.5-.5H8V0h2Z\" \/>\n\t\t\t<\/svg>\n\t\t<\/button><figcaption class=\"wp-element-caption\">Foto: Christian David \/ Wikimedia Commons, CC BY-SA 4.0<\/figcaption><\/figure>\n\n\n\n<div id=\"ez-toc-container\" class=\"ez-toc-v2_0_86 ez-toc-wrap-left counter-hierarchy ez-toc-counter ez-toc-grey ez-toc-container-direction\">\n<div class=\"ez-toc-title-container\">\n<p class=\"ez-toc-title\" style=\"cursor:inherit\">Obsah \u010dl\u00e1nku<\/p>\n<span class=\"ez-toc-title-toggle\"><a href=\"#\" class=\"ez-toc-pull-right ez-toc-btn ez-toc-btn-xs ez-toc-btn-default ez-toc-toggle\" aria-label=\"Toggle Table of Content\"><span class=\"ez-toc-js-icon-con\"><span class=\"\"><span class=\"eztoc-hide\" style=\"display:none;\">Toggle<\/span><span class=\"ez-toc-icon-toggle-span\"><svg style=\"fill: #999;color:#999\" xmlns=\"http:\/\/www.w3.org\/2000\/svg\" class=\"list-377408\" width=\"20px\" height=\"20px\" viewBox=\"0 0 24 24\" fill=\"none\"><path d=\"M6 6H4v2h2V6zm14 0H8v2h12V6zM4 11h2v2H4v-2zm16 0H8v2h12v-2zM4 16h2v2H4v-2zm16 0H8v2h12v-2z\" fill=\"currentColor\"><\/path><\/svg><svg style=\"fill: #999;color:#999\" class=\"arrow-unsorted-368013\" xmlns=\"http:\/\/www.w3.org\/2000\/svg\" width=\"10px\" height=\"10px\" viewBox=\"0 0 24 24\" version=\"1.2\" baseProfile=\"tiny\"><path d=\"M18.2 9.3l-6.2-6.3-6.2 6.3c-.2.2-.3.4-.3.7s.1.5.3.7c.2.2.4.3.7.3h11c.3 0 .5-.1.7-.3.2-.2.3-.5.3-.7s-.1-.5-.3-.7zM5.8 14.7l6.2 6.3 6.2-6.3c.2-.2.3-.5.3-.7s-.1-.5-.3-.7c-.2-.2-.4-.3-.7-.3h-11c-.3 0-.5.1-.7.3-.2.2-.3.5-.3.7s.1.5.3.7z\"\/><\/svg><\/span><\/span><\/span><\/a><\/span><\/div>\n<nav><ul class='ez-toc-list ez-toc-list-level-1 ' ><ul class='ez-toc-list-level-3' ><li class='ez-toc-heading-level-3'><a class=\"ez-toc-link ez-toc-heading-1\" href=\"https:\/\/loudavymkrokem.cz\/sk\/bonigen-brienzske-jazero\/#Zhrnutie_pre_tych_ktori_nemaju_cas_citat_cely_clanok\" >Zhrnutie pre t\u00fdch, ktor\u00ed nemaj\u00fa \u010das \u010d\u00edta\u0165 cel\u00fd \u010dl\u00e1nok<\/a><\/li><\/ul><\/li><li class='ez-toc-page-1 ez-toc-heading-level-2'><a class=\"ez-toc-link ez-toc-heading-2\" href=\"https:\/\/loudavymkrokem.cz\/sk\/bonigen-brienzske-jazero\/#Kedy_vyrazit_do_Bonigenu_a_ako_sa_sem_dostat\" >Kedy vyrazi\u0165 do B\u00f6nigenu a ako sa sem dosta\u0165<\/a><\/li><li class='ez-toc-page-1 ez-toc-heading-level-2'><a class=\"ez-toc-link ez-toc-heading-3\" href=\"https:\/\/loudavymkrokem.cz\/sk\/bonigen-brienzske-jazero\/#Kde_sa_ubytovat_v_Bonigene_a_kolko_to_stoji\" >Kde sa ubytova\u0165 v B\u00f6nigene a ko\u013eko to stoj\u00ed<\/a><\/li><li class='ez-toc-page-1 ez-toc-heading-level-2'><a class=\"ez-toc-link ez-toc-heading-4\" href=\"https:\/\/loudavymkrokem.cz\/sk\/bonigen-brienzske-jazero\/#Priamo_v_Bonigene_6_tipov_co_vidiet_a_robit_pri_vode\" >Priamo v B\u00f6nigene: 6 tipov, \u010do vidie\u0165 a robi\u0165 pri vode<\/a><ul class='ez-toc-list-level-3' ><li class='ez-toc-heading-level-3'><a class=\"ez-toc-link ez-toc-heading-5\" href=\"https:\/\/loudavymkrokem.cz\/sk\/bonigen-brienzske-jazero\/#1_Historicke_drevene_domy_a_Hauserweg\" >1. Historick\u00e9 dreven\u00e9 domy a H\u00e4userweg<\/a><\/li><li class='ez-toc-page-1 ez-toc-heading-level-3'><a class=\"ez-toc-link ez-toc-heading-6\" href=\"https:\/\/loudavymkrokem.cz\/sk\/bonigen-brienzske-jazero\/#2_Dedinske_muzeum_Dorfmuseum_%E2%80%9Ealte_Pinte%E2%80%9C\" >2. Dedinsk\u00e9 m\u00fazeum Dorfmuseum \u201ealte Pinte\u201c<\/a><\/li><li class='ez-toc-page-1 ez-toc-heading-level-3'><a class=\"ez-toc-link ez-toc-heading-7\" href=\"https:\/\/loudavymkrokem.cz\/sk\/bonigen-brienzske-jazero\/#3_Nabrezie_molo_a_Brienzersee_Lakewalk\" >3. N\u00e1bre\u017eie, m\u00f3lo a Brienzersee Lakewalk<\/a><\/li><li class='ez-toc-page-1 ez-toc-heading-level-3'><a class=\"ez-toc-link ez-toc-heading-8\" href=\"https:\/\/loudavymkrokem.cz\/sk\/bonigen-brienzske-jazero\/#4_Plaz_a_kupalisko_The_Beach\" >4. Pl\u00e1\u017e a k\u00fapalisko The Beach<\/a><\/li><li class='ez-toc-page-1 ez-toc-heading-level-3'><a class=\"ez-toc-link ez-toc-heading-9\" href=\"https:\/\/loudavymkrokem.cz\/sk\/bonigen-brienzske-jazero\/#5_Kajak_a_SUP_na_hladine_jazera\" >5. Kajak a SUP na hladine jazera<\/a><\/li><li class='ez-toc-page-1 ez-toc-heading-level-3'><a class=\"ez-toc-link ez-toc-heading-10\" href=\"https:\/\/loudavymkrokem.cz\/sk\/bonigen-brienzske-jazero\/#6_Plavba_historickym_parnikom_Lotschberg\" >6. Plavba historick\u00fdm parn\u00edkom L\u00f6tschberg<\/a><\/li><\/ul><\/li><li class='ez-toc-page-1 ez-toc-heading-level-2'><a class=\"ez-toc-link ez-toc-heading-11\" href=\"https:\/\/loudavymkrokem.cz\/sk\/bonigen-brienzske-jazero\/#Turistika_z_Bonigenu_6_tras_ktore_stoja_za_to\" >Turistika z B\u00f6nigenu: 6 tr\u00e1s, ktor\u00e9 stoja za to<\/a><ul class='ez-toc-list-level-3' ><li class='ez-toc-heading-level-3'><a class=\"ez-toc-link ez-toc-heading-12\" href=\"https:\/\/loudavymkrokem.cz\/sk\/bonigen-brienzske-jazero\/#7_Cesta_troch_vodopadov_po_etapach\" >7. Cesta troch vodop\u00e1dov po etap\u00e1ch<\/a><\/li><li class='ez-toc-page-1 ez-toc-heading-level-3'><a class=\"ez-toc-link ez-toc-heading-13\" href=\"https:\/\/loudavymkrokem.cz\/sk\/bonigen-brienzske-jazero\/#8_Okruh_na_Sytiberg_55_km_aj_s_terennym_kocikom\" >8. Okruh na Sytiberg: 5,5 km aj s ter\u00e9nnym ko\u010d\u00edkom<\/a><\/li><li class='ez-toc-page-1 ez-toc-heading-level-3'><a class=\"ez-toc-link ez-toc-heading-14\" href=\"https:\/\/loudavymkrokem.cz\/sk\/bonigen-brienzske-jazero\/#9_Okruh_Haslerenegg_854_m_s_vrcholovou_knihou\" >9. Okruh Haslerenegg (854 m) s vrcholovou knihou<\/a><\/li><li class='ez-toc-page-1 ez-toc-heading-level-3'><a class=\"ez-toc-link ez-toc-heading-15\" href=\"https:\/\/loudavymkrokem.cz\/sk\/bonigen-brienzske-jazero\/#10_Okruh_k_vodopadu_Erschwandenbach\" >10. Okruh k vodop\u00e1du Erschwandenbach<\/a><\/li><li class='ez-toc-page-1 ez-toc-heading-level-3'><a class=\"ez-toc-link ez-toc-heading-16\" href=\"https:\/\/loudavymkrokem.cz\/sk\/bonigen-brienzske-jazero\/#11_Pobrezny_chodnik_Uferweg_z_Iseltwaldu_na_Giessbach\" >11. Pobre\u017en\u00fd chodn\u00edk Uferweg z Iseltwaldu na Giessbach<\/a><\/li><li class='ez-toc-page-1 ez-toc-heading-level-3'><a class=\"ez-toc-link ez-toc-heading-17\" href=\"https:\/\/loudavymkrokem.cz\/sk\/bonigen-brienzske-jazero\/#12_Pesia_vyzva_Vystup_na_Harder_Kulm\" >12. Pe\u0161ia v\u00fdzva: V\u00fdstup na Harder Kulm<\/a><\/li><\/ul><\/li><li class='ez-toc-page-1 ez-toc-heading-level-2'><a class=\"ez-toc-link ez-toc-heading-18\" href=\"https:\/\/loudavymkrokem.cz\/sk\/bonigen-brienzske-jazero\/#Tury_kam_ta_vyvezie_lanovka_6_tras_nad_udolim\" >T\u00fary, kam \u0165a vyvezie lanovka: 6 tr\u00e1s nad \u00fadol\u00edm<\/a><ul class='ez-toc-list-level-3' ><li class='ez-toc-heading-level-3'><a class=\"ez-toc-link ez-toc-heading-19\" href=\"https:\/\/loudavymkrokem.cz\/sk\/bonigen-brienzske-jazero\/#13_Od_First_k_jazeru_Bachalpsee\" >13. Od First k jazeru Bachalpsee<\/a><\/li><li class='ez-toc-page-1 ez-toc-heading-level-3'><a class=\"ez-toc-link ez-toc-heading-20\" href=\"https:\/\/loudavymkrokem.cz\/sk\/bonigen-brienzske-jazero\/#14_Kralovska_hrebenovka_Schynige_Platte_%E2%80%93_Faulhorn_%E2%80%93_First\" >14. Kr\u00e1\u013eovsk\u00e1 hrebe\u0148ovka Schynige Platte \u2013 Faulhorn \u2013 First<\/a><\/li><li class='ez-toc-page-1 ez-toc-heading-level-3'><a class=\"ez-toc-link ez-toc-heading-21\" href=\"https:\/\/loudavymkrokem.cz\/sk\/bonigen-brienzske-jazero\/#15_Mannlichen_a_panoramaticka_cesta_na_Kleine_Scheidegg\" >15. M\u00e4nnlichen a panoramatick\u00e1 cesta na Kleine Scheidegg<\/a><\/li><li class='ez-toc-page-1 ez-toc-heading-level-3'><a class=\"ez-toc-link ez-toc-heading-22\" href=\"https:\/\/loudavymkrokem.cz\/sk\/bonigen-brienzske-jazero\/#16_Eiger_Trail_priamo_pod_severnou_stenou\" >16. Eiger Trail priamo pod severnou stenou<\/a><\/li><li class='ez-toc-page-1 ez-toc-heading-level-3'><a class=\"ez-toc-link ez-toc-heading-23\" href=\"https:\/\/loudavymkrokem.cz\/sk\/bonigen-brienzske-jazero\/#17_Niederhorn_a_kozorozce_nad_Thunskym_jazerom\" >17. Niederhorn a kozoro\u017ece nad Thunsk\u00fdm jazerom<\/a><\/li><li class='ez-toc-page-1 ez-toc-heading-level-3'><a class=\"ez-toc-link ez-toc-heading-24\" href=\"https:\/\/loudavymkrokem.cz\/sk\/bonigen-brienzske-jazero\/#18_Parnou_zubackou_na_Brienzer_Rothorn\" >18. Parnou zuba\u010dkou na Brienzer Rothorn<\/a><\/li><\/ul><\/li><li class='ez-toc-page-1 ez-toc-heading-level-2'><a class=\"ez-toc-link ez-toc-heading-25\" href=\"https:\/\/loudavymkrokem.cz\/sk\/bonigen-brienzske-jazero\/#Vylety_z_Bonigenu_6_tipov_na_okolie\" >V\u00fdlety z B\u00f6nigenu: 6 tipov na okolie<\/a><ul class='ez-toc-list-level-3' ><li class='ez-toc-heading-level-3'><a class=\"ez-toc-link ez-toc-heading-26\" href=\"https:\/\/loudavymkrokem.cz\/sk\/bonigen-brienzske-jazero\/#19_Harder_Kulm_Domaca_hora_Interlakenu\" >19. Harder Kulm: Dom\u00e1ca hora Interlakenu<\/a><\/li><li class='ez-toc-page-1 ez-toc-heading-level-3'><a class=\"ez-toc-link ez-toc-heading-27\" href=\"https:\/\/loudavymkrokem.cz\/sk\/bonigen-brienzske-jazero\/#20_Giessbasske_vodopady_a_prechod_za_vodou\" >20. Giessba\u0161sk\u00e9 vodop\u00e1dy a prechod za vodou<\/a><\/li><li class='ez-toc-page-1 ez-toc-heading-level-3'><a class=\"ez-toc-link ez-toc-heading-28\" href=\"https:\/\/loudavymkrokem.cz\/sk\/bonigen-brienzske-jazero\/#21_Najstarsia_svajciarska_turisticka_lanovka_a_Grandhotel\" >21. Najstar\u0161ia \u0161vaj\u010diarska turistick\u00e1 lanovka a Grandhotel<\/a><\/li><li class='ez-toc-page-1 ez-toc-heading-level-3'><a class=\"ez-toc-link ez-toc-heading-29\" href=\"https:\/\/loudavymkrokem.cz\/sk\/bonigen-brienzske-jazero\/#22_Iseltwald_a_ikonicke_molo_zo_serialu\" >22. Iseltwald a ikonick\u00e9 m\u00f3lo zo seri\u00e1lu<\/a><\/li><li class='ez-toc-page-1 ez-toc-heading-level-3'><a class=\"ez-toc-link ez-toc-heading-30\" href=\"https:\/\/loudavymkrokem.cz\/sk\/bonigen-brienzske-jazero\/#23_Schynige_Platte_Zubacka_a_alpska_zahrada\" >23. Schynige Platte: Zuba\u010dka a alpsk\u00e1 z\u00e1hrada<\/a><\/li><li class='ez-toc-page-1 ez-toc-heading-level-3'><a class=\"ez-toc-link ez-toc-heading-31\" href=\"https:\/\/loudavymkrokem.cz\/sk\/bonigen-brienzske-jazero\/#24_Interlaken_Susedna_turisticka_zakladna\" >24. Interlaken: Susedn\u00e1 turistick\u00e1 z\u00e1klad\u0148a<\/a><\/li><\/ul><\/li><li class='ez-toc-page-1 ez-toc-heading-level-2'><a class=\"ez-toc-link ez-toc-heading-32\" href=\"https:\/\/loudavymkrokem.cz\/sk\/bonigen-brienzske-jazero\/#Bonigen_s_detmi_co_podniknut_s_rodinou\" >B\u00f6nigen s de\u0165mi: \u010do podnikn\u00fa\u0165 s rodinou<\/a><ul class='ez-toc-list-level-3' ><li class='ez-toc-heading-level-3'><a class=\"ez-toc-link ez-toc-heading-33\" href=\"https:\/\/loudavymkrokem.cz\/sk\/bonigen-brienzske-jazero\/#Plaz_The_Beach_a_velkoryse_ihrisko\" >Pl\u00e1\u017e The Beach a ve\u013ekorys\u00e9 ihrisko<\/a><\/li><li class='ez-toc-page-1 ez-toc-heading-level-3'><a class=\"ez-toc-link ez-toc-heading-34\" href=\"https:\/\/loudavymkrokem.cz\/sk\/bonigen-brienzske-jazero\/#Hladanie_pokladu_a_detektivna_hra_v_Iseltwalde\" >H\u013eadanie pokladu a detekt\u00edvna hra v Iseltwalde<\/a><\/li><li class='ez-toc-page-1 ez-toc-heading-level-3'><a class=\"ez-toc-link ez-toc-heading-35\" href=\"https:\/\/loudavymkrokem.cz\/sk\/bonigen-brienzske-jazero\/#Kemp_TCS_skvela_poloha_ale_s_velkou_vyhradou\" >Kemp TCS: skvel\u00e1 poloha, ale s ve\u013ekou v\u00fdhradou<\/a><\/li><li class='ez-toc-page-1 ez-toc-heading-level-3'><a class=\"ez-toc-link ez-toc-heading-36\" href=\"https:\/\/loudavymkrokem.cz\/sk\/bonigen-brienzske-jazero\/#Lilys_Alpenspielplatz_a_Panoramaweg_na_Schynige_Platte\" >Lily&#8217;s Alpenspielplatz a Panoramaweg na Schynige Platte<\/a><\/li><li class='ez-toc-page-1 ez-toc-heading-level-3'><a class=\"ez-toc-link ez-toc-heading-37\" href=\"https:\/\/loudavymkrokem.cz\/sk\/bonigen-brienzske-jazero\/#Lod_a_bezbarierova_promenada_s_kocikom\" >Lo\u010f a bezbari\u00e9rov\u00e1 promen\u00e1da s ko\u010d\u00edkom<\/a><\/li><\/ul><\/li><li class='ez-toc-page-1 ez-toc-heading-level-2'><a class=\"ez-toc-link ez-toc-heading-38\" href=\"https:\/\/loudavymkrokem.cz\/sk\/bonigen-brienzske-jazero\/#Kde_sa_najest_v_Bonigene\" >Kde sa najes\u0165 v B\u00f6nigene<\/a><ul class='ez-toc-list-level-3' ><li class='ez-toc-heading-level-3'><a class=\"ez-toc-link ez-toc-heading-39\" href=\"https:\/\/loudavymkrokem.cz\/sk\/bonigen-brienzske-jazero\/#Pizzeria_La_Boheme\" >Pizzeria La Boh\u00e8me<\/a><\/li><li class='ez-toc-page-1 ez-toc-heading-level-3'><a class=\"ez-toc-link ez-toc-heading-40\" href=\"https:\/\/loudavymkrokem.cz\/sk\/bonigen-brienzske-jazero\/#Sweet_Ride\" >Sweet Ride<\/a><\/li><li class='ez-toc-page-1 ez-toc-heading-level-3'><a class=\"ez-toc-link ez-toc-heading-41\" href=\"https:\/\/loudavymkrokem.cz\/sk\/bonigen-brienzske-jazero\/#Restaurant_Baren_Bonigen\" >Restaurant B\u00e4ren B\u00f6nigen<\/a><\/li><\/ul><\/li><li class='ez-toc-page-1 ez-toc-heading-level-2'><a class=\"ez-toc-link ez-toc-heading-42\" href=\"https:\/\/loudavymkrokem.cz\/sk\/bonigen-brienzske-jazero\/#Kam_dalej_z_Bonigenu\" >Kam \u010falej z B\u00f6nigenu<\/a><\/li><li class='ez-toc-page-1 ez-toc-heading-level-2'><a class=\"ez-toc-link ez-toc-heading-43\" href=\"https:\/\/loudavymkrokem.cz\/sk\/bonigen-brienzske-jazero\/#Casto_kladene_otazky\" >\u010casto kladen\u00e9 ot\u00e1zky<\/a><ul class='ez-toc-list-level-3' ><li class='ez-toc-heading-level-3'><a class=\"ez-toc-link ez-toc-heading-44\" href=\"https:\/\/loudavymkrokem.cz\/sk\/bonigen-brienzske-jazero\/#Oplati_sa_byvat_v_Bonigene_namiesto_Interlakenu\" >Oplat\u00ed sa b\u00fdva\u0165 v B\u00f6nigene namiesto Interlakenu?<\/a><\/li><li class='ez-toc-page-1 ez-toc-heading-level-3'><a class=\"ez-toc-link ez-toc-heading-45\" href=\"https:\/\/loudavymkrokem.cz\/sk\/bonigen-brienzske-jazero\/#Ako_sa_tam_dostat_z_Interlakenu\" >Ako sa tam dosta\u0165 z Interlakenu?<\/a><\/li><li class='ez-toc-page-1 ez-toc-heading-level-3'><a class=\"ez-toc-link ez-toc-heading-46\" href=\"https:\/\/loudavymkrokem.cz\/sk\/bonigen-brienzske-jazero\/#Da_sa_kupat_v_Brienzskom_jazere\" >D\u00e1 sa k\u00fapa\u0165 v Brienzskom jazere?<\/a><\/li><li class='ez-toc-page-1 ez-toc-heading-level-3'><a class=\"ez-toc-link ez-toc-heading-47\" href=\"https:\/\/loudavymkrokem.cz\/sk\/bonigen-brienzske-jazero\/#Kolko_dni_staci_na_navstevu\" >Ko\u013eko dn\u00ed sta\u010d\u00ed na n\u00e1v\u0161tevu?<\/a><\/li><li class='ez-toc-page-1 ez-toc-heading-level-3'><a class=\"ez-toc-link ez-toc-heading-48\" href=\"https:\/\/loudavymkrokem.cz\/sk\/bonigen-brienzske-jazero\/#Co_robit_za_dazda\" >\u010co robi\u0165 za da\u017e\u010fa?<\/a><\/li><li class='ez-toc-page-1 ez-toc-heading-level-3'><a class=\"ez-toc-link ez-toc-heading-49\" href=\"https:\/\/loudavymkrokem.cz\/sk\/bonigen-brienzske-jazero\/#Je_to_vhodne_pre_deti\" >Je to vhodn\u00e9 pre deti?<\/a><\/li><li class='ez-toc-page-1 ez-toc-heading-level-3'><a class=\"ez-toc-link ez-toc-heading-50\" href=\"https:\/\/loudavymkrokem.cz\/sk\/bonigen-brienzske-jazero\/#Kolko_stoji_vylet_na_Harder_Kulm\" >Ko\u013eko stoj\u00ed v\u00fdlet na Harder Kulm?<\/a><\/li><li class='ez-toc-page-1 ez-toc-heading-level-3'><a class=\"ez-toc-link ez-toc-heading-51\" href=\"https:\/\/loudavymkrokem.cz\/sk\/bonigen-brienzske-jazero\/#Je_molo_v_Iseltwald_placene\" >Je m\u00f3lo v Iseltwald placen\u00e9?<\/a><\/li><\/ul><\/li><\/ul><\/nav><\/div>\n<h3 class=\"wp-block-heading\"><span class=\"ez-toc-section\" id=\"Zhrnutie_pre_tych_ktori_nemaju_cas_citat_cely_clanok\"><\/span>Zhrnutie pre t\u00fdch, ktor\u00ed nemaj\u00fa \u010das \u010d\u00edta\u0165 cel\u00fd \u010dl\u00e1nok<span class=\"ez-toc-section-end\"><\/span><\/h3>\n\n\n\n<ul class=\"wp-block-list\">\n<li><strong>B\u00f6nigen le\u017e\u00ed pri Brienzskom jazere<\/strong> a je to dokonal\u00e1, pokojn\u00e1 z\u00e1klad\u0148a na objavovanie Bernsk\u00e9ho Oberlandu.<\/li>\n\n\n\n<li><strong>Interlaken Guest Card<\/strong> dostane\u0161 k ubytovaniu a zaist\u00ed ti autobusy po okol\u00ed \u00faplne zadarmo.<\/li>\n\n\n\n<li><strong>Historick\u00e9 centrum<\/strong> je pln\u00e9 chr\u00e1nen\u00fdch dreven\u00fdch domov zo 16. a\u017e 18. storo\u010dia.<\/li>\n\n\n\n<li><strong>K\u00fapanie v jazere je len pre otu\u017eilcov<\/strong>, voda mieva v lete okolo 20 \u00b0C, ale miestna pl\u00e1\u017e m\u00e1 vyhrievan\u00fd baz\u00e9n.<\/li>\n\n\n\n<li><strong>Turistika je tu fenomen\u00e1lna<\/strong>, priamo z dediny m\u00f4\u017ee\u0161 vyrazi\u0165 na Cestu troch vodop\u00e1dov alebo okruh na Sytiberg.<\/li>\n\n\n\n<li>Na <strong>tie najkraj\u0161ie t\u00fary sa vyvezie\u0161 lanovkou<\/strong> \u2014 k jazeru Bachalpsee, na M\u00e4nnlichen alebo parnou zuba\u010dkou na Brienzer Rothorn.<\/li>\n\n\n\n<li><strong>Ubytovanie s kuchynkou<\/strong> ti vo \u0160vaj\u010diarsku u\u0161etr\u00ed obrovsk\u00e9 peniaze za drah\u00e9 re\u0161taur\u00e1cie.<\/li>\n\n\n\n<li><strong>Najlep\u0161ie v\u00fdlety do okolia<\/strong> zah\u0155\u0148aj\u00fa lanovku na Harder Kulm, Giessba\u0161sk\u00e9 vodop\u00e1dy a fotogenick\u00fd Iseltwald.<\/li>\n<\/ul>\n\n\n\n<figure data-wp-context=\"{&quot;imageId&quot;:&quot;6a9523940dd7b&quot;}\" data-wp-interactive=\"core\/image\" data-wp-key=\"6a9523940dd7b\" class=\"wp-block-image size-full wp-lightbox-container\"><img decoding=\"async\" width=\"1800\" height=\"785\" data-wp-class--hide=\"state.isContentHidden\" data-wp-class--show=\"state.isContentVisible\" data-wp-init=\"callbacks.setButtonStyles\" data-wp-on--click=\"actions.showLightbox\" data-wp-on--load=\"callbacks.setButtonStyles\" data-wp-on--pointerdown=\"actions.preloadImage\" data-wp-on--pointerenter=\"actions.preloadImageWithDelay\" data-wp-on--pointerleave=\"actions.cancelPreload\" data-wp-on-window--resize=\"callbacks.setButtonStyles\" src=\"https:\/\/loudavymkrokem.cz\/wp-content\/uploads\/2026\/08\/articles-bonigen-02.jpg\" alt=\"Brienzske jazero s horsk\u00fdmi \u0161t\u00edtmi\" class=\"wp-image-404462\" title=\"\" srcset=\"https:\/\/loudavymkrokem.cz\/wp-content\/uploads\/2026\/08\/articles-bonigen-02.jpg 1800w, https:\/\/loudavymkrokem.cz\/wp-content\/uploads\/2026\/08\/articles-bonigen-02-300x131.jpg 300w, https:\/\/loudavymkrokem.cz\/wp-content\/uploads\/2026\/08\/articles-bonigen-02-700x305.jpg 700w, https:\/\/loudavymkrokem.cz\/wp-content\/uploads\/2026\/08\/articles-bonigen-02-768x335.jpg 768w, https:\/\/loudavymkrokem.cz\/wp-content\/uploads\/2026\/08\/articles-bonigen-02-1536x670.jpg 1536w, https:\/\/loudavymkrokem.cz\/wp-content\/uploads\/2026\/08\/articles-bonigen-02-696x304.jpg 696w, https:\/\/loudavymkrokem.cz\/wp-content\/uploads\/2026\/08\/articles-bonigen-02-1392x607.jpg 1392w\" sizes=\"(max-width: 1800px) 100vw, 1800px\" \/><button\n\t\t\tclass=\"lightbox-trigger\"\n\t\t\ttype=\"button\"\n\t\t\taria-haspopup=\"dialog\"\n\t\t\tdata-wp-bind--aria-label=\"state.thisImage.triggerButtonAriaLabel\"\n\t\t\tdata-wp-init=\"callbacks.initTriggerButton\"\n\t\t\tdata-wp-on--click=\"actions.showLightbox\"\n\t\t\tdata-wp-style--right=\"state.thisImage.buttonRight\"\n\t\t\tdata-wp-style--top=\"state.thisImage.buttonTop\"\n\t\t>\n\t\t\t<svg xmlns=\"http:\/\/www.w3.org\/2000\/svg\" width=\"12\" height=\"12\" fill=\"none\" viewBox=\"0 0 12 12\">\n\t\t\t\t<path fill=\"#fff\" d=\"M2 0a2 2 0 0 0-2 2v2h1.5V2a.5.5 0 0 1 .5-.5h2V0H2Zm2 10.5H2a.5.5 0 0 1-.5-.5V8H0v2a2 2 0 0 0 2 2h2v-1.5ZM8 12v-1.5h2a.5.5 0 0 0 .5-.5V8H12v2a2 2 0 0 1-2 2H8Zm2-12a2 2 0 0 1 2 2v2h-1.5V2a.5.5 0 0 0-.5-.5H8V0h2Z\" \/>\n\t\t\t<\/svg>\n\t\t<\/button><figcaption class=\"wp-element-caption\">Foto: Adrian Farwell \/ Wikimedia Commons, CC BY 3.0<\/figcaption><\/figure>\n\n\n\n<h2 class=\"wp-block-heading\"><span class=\"ez-toc-section\" id=\"Kedy_vyrazit_do_Bonigenu_a_ako_sa_sem_dostat\"><\/span>Kedy vyrazi\u0165 do B\u00f6nigenu a ako sa sem dosta\u0165<span class=\"ez-toc-section-end\"><\/span><\/h2>\n\n\n\n<p class=\"wp-block-paragraph\">Hlavn\u00e1 turistick\u00e1 sez\u00f3na v Bernskom Oberlande prebieha od <strong>m\u00e1ja do septembra<\/strong>, ke\u010f denn\u00e9 teploty v \u00fadol\u00ed \u0161plhaj\u00fa k pr\u00edjemn\u00fdm <strong>24 \u00b0C<\/strong>. Mus\u00ed\u0161 v\u0161ak po\u010d\u00edta\u0165 s t\u00fdm, \u017ee si v hor\u00e1ch, tak\u017ee aj uprostred leta tu spadne p\u00e1r kvapiek da\u017e\u010fa. \u0160tatisticky tu pr\u0161\u00ed zhruba <strong>9 a\u017e 12 dn\u00ed za mesiac<\/strong>, preto sa oplat\u00ed ma\u0165 v batohu v\u017edy pripraven\u00fa nepremokav\u00fa bundu.<\/p>\n\n\n\n<p class=\"wp-block-paragraph\">Ak sa te\u0161\u00ed\u0161 na k\u00fapanie, <strong>teplota vody v Brienzskom jazere<\/strong> \u0165a mo\u017eno trochu prekvap\u00ed. Jazero je \u013eadovcov\u00e9ho p\u00f4vodu, je ve\u013emi hlbok\u00e9 a aj v najteplej\u0161om auguste m\u00e1 voda obvykle len <strong>18 a\u017e 22 \u00b0C<\/strong>. September je potom so svojimi 15 a\u017e 19 \u00b0C vhodn\u00fd sk\u00f4r pre otu\u017eilcov. Pl\u00e1\u017eov\u00e9 k\u00fapalisko The Beach je na\u0161\u0165astie otvoren\u00e9 od polovice m\u00e1ja do polovice septembra a pon\u00faka aj vyhrievan\u00fa alternat\u00edvu.<\/p>\n\n\n\n<p class=\"wp-block-paragraph\">Doprava do dediny je neuverite\u013ene jednoduch\u00e1 v\u010faka \u0161vaj\u010diarskej prec\u00edznosti. Vlakom sa dostane\u0161 z Z\u00fcrichu (za necel\u00e9 dve hodiny) alebo z Bernu priamo na stanicu <strong>Interlaken Ost<\/strong>. Odtia\u013e jazd\u00ed <strong>autobusov\u00e1 linka 103<\/strong>, ktor\u00e1 \u0165a do centra B\u00f6nigenu dovezie za p\u00fahych 9 min\u00fat. Autobusy jazdia ka\u017ed\u00fa polhodinu a stoja priamo pri n\u00e1bre\u017e\u00ed aj v centre dediny.<\/p>\n\n\n\n<p class=\"wp-block-paragraph\">A teraz t\u00e1 najlep\u0161ia spr\u00e1va: <strong>Interlaken Guest Card<\/strong>, ktor\u00fa dostane\u0161 k ubytovaniu, ti zaist\u00ed cestovn\u00e9 v miestnej <strong>verejnej doprave \u00faplne zadarmo<\/strong>, a to vr\u00e1tane spom\u00ednan\u00e9ho autobusu \u010d\u00edslo 103. Kto teda b\u00fdva v B\u00f6nigene, cestuje do Interlakenu alebo do susedn\u00e9ho Iseltwaldu \u00faplne bez platenia.<\/p>\n\n\n\n<figure data-wp-context=\"{&quot;imageId&quot;:&quot;6a9523940e547&quot;}\" data-wp-interactive=\"core\/image\" data-wp-key=\"6a9523940e547\" class=\"wp-block-image size-full wp-lightbox-container\"><img decoding=\"async\" width=\"1800\" height=\"1125\" data-wp-class--hide=\"state.isContentHidden\" data-wp-class--show=\"state.isContentVisible\" data-wp-init=\"callbacks.setButtonStyles\" data-wp-on--click=\"actions.showLightbox\" data-wp-on--load=\"callbacks.setButtonStyles\" data-wp-on--pointerdown=\"actions.preloadImage\" data-wp-on--pointerenter=\"actions.preloadImageWithDelay\" data-wp-on--pointerleave=\"actions.cancelPreload\" data-wp-on-window--resize=\"callbacks.setButtonStyles\" src=\"https:\/\/loudavymkrokem.cz\/wp-content\/uploads\/2026\/08\/articles-bonigen-03.jpg\" alt=\"N\u00e1bre\u017eie v B\u00f6nigene pri Brienzskom jazere\" class=\"wp-image-404464\" title=\"\" srcset=\"https:\/\/loudavymkrokem.cz\/wp-content\/uploads\/2026\/08\/articles-bonigen-03.jpg 1800w, https:\/\/loudavymkrokem.cz\/wp-content\/uploads\/2026\/08\/articles-bonigen-03-300x188.jpg 300w, https:\/\/loudavymkrokem.cz\/wp-content\/uploads\/2026\/08\/articles-bonigen-03-700x438.jpg 700w, https:\/\/loudavymkrokem.cz\/wp-content\/uploads\/2026\/08\/articles-bonigen-03-768x480.jpg 768w, https:\/\/loudavymkrokem.cz\/wp-content\/uploads\/2026\/08\/articles-bonigen-03-1536x960.jpg 1536w, https:\/\/loudavymkrokem.cz\/wp-content\/uploads\/2026\/08\/articles-bonigen-03-696x435.jpg 696w, https:\/\/loudavymkrokem.cz\/wp-content\/uploads\/2026\/08\/articles-bonigen-03-1392x870.jpg 1392w\" sizes=\"(max-width: 1800px) 100vw, 1800px\" \/><button\n\t\t\tclass=\"lightbox-trigger\"\n\t\t\ttype=\"button\"\n\t\t\taria-haspopup=\"dialog\"\n\t\t\tdata-wp-bind--aria-label=\"state.thisImage.triggerButtonAriaLabel\"\n\t\t\tdata-wp-init=\"callbacks.initTriggerButton\"\n\t\t\tdata-wp-on--click=\"actions.showLightbox\"\n\t\t\tdata-wp-style--right=\"state.thisImage.buttonRight\"\n\t\t\tdata-wp-style--top=\"state.thisImage.buttonTop\"\n\t\t>\n\t\t\t<svg xmlns=\"http:\/\/www.w3.org\/2000\/svg\" width=\"12\" height=\"12\" fill=\"none\" viewBox=\"0 0 12 12\">\n\t\t\t\t<path fill=\"#fff\" d=\"M2 0a2 2 0 0 0-2 2v2h1.5V2a.5.5 0 0 1 .5-.5h2V0H2Zm2 10.5H2a.5.5 0 0 1-.5-.5V8H0v2a2 2 0 0 0 2 2h2v-1.5ZM8 12v-1.5h2a.5.5 0 0 0 .5-.5V8H12v2a2 2 0 0 1-2 2H8Zm2-12a2 2 0 0 1 2 2v2h-1.5V2a.5.5 0 0 0-.5-.5H8V0h2Z\" \/>\n\t\t\t<\/svg>\n\t\t<\/button><figcaption class=\"wp-element-caption\">Foto: JoachimKohler-HB \/ Wikimedia Commons, CC BY-SA 4.0<\/figcaption><\/figure>\n\n\n\n<h2 class=\"wp-block-heading\"><span class=\"ez-toc-section\" id=\"Kde_sa_ubytovat_v_Bonigene_a_kolko_to_stoji\"><\/span>Kde sa ubytova\u0165 v B\u00f6nigene a ko\u013eko to stoj\u00ed<span class=\"ez-toc-section-end\"><\/span><\/h2>\n\n\n\n<p class=\"wp-block-paragraph\"><em>\ud83d\udca1 Tip na ubytovanie a z\u00e1\u017eitky: Ubytovanie v mieste <a href=\"https:\/\/www.stay22.com\/allez\/roam?aid=lukaskonecny&amp;campaign=loudavymkrokemcz&amp;address=Bonigen\" target=\"_blank\" rel=\"nofollow noopener sponsored\">porovn\u00e1vame tu<\/a>, nech je vidie\u0165, \u010do je vo\u013en\u00e9 a za ko\u013eko. H\u013ead\u00e1me ho najrad\u0161ej na <a href=\"https:\/\/www.booking.com\/searchresults.html?ss=Bonigen&amp;aid=2397601\" target=\"_blank\" rel=\"nofollow noopener sponsored\">Booking.com<\/a>, kde b\u00fdvaj\u00fa najlep\u0161ie storno podmienky. Vstupenky, v\u00fdlety a aktivity sa potom oplat\u00ed porovna\u0165 a k\u00fapi\u0165 cez <a href=\"https:\/\/www.getyourguide.com\/s\/?q=Bonigen&amp;partner_id=MKZ64IS\" target=\"_blank\" rel=\"nofollow noopener sponsored\">GetYourGuide<\/a>.<\/em><\/p>\n\n\n\n<p class=\"wp-block-paragraph\">B\u00fdva\u0165 priamo v B\u00f6nigene je ten najm\u00fadrej\u0161\u00ed \u0165ah, ktor\u00fd m\u00f4\u017ee\u0161 pri pl\u00e1novan\u00ed dovolenky vo \u0160vaj\u010diarsku urobi\u0165. Zatia\u013e \u010do susedn\u00fd Interlaken je \u010dasto predra\u017een\u00fd a pln\u00fd hlu\u010dn\u00fdch turistick\u00fdch skup\u00edn, tu n\u00e1jde\u0161 <strong>autentick\u00fd pokoj a ove\u013ea priate\u013eskej\u0161ie ceny<\/strong>. Autobusom si pritom v centre diania za necel\u00fdch desa\u0165 min\u00fat.<\/p>\n\n\n\n<p class=\"wp-block-paragraph\">Vo \u0160vaj\u010diarsku sa tie\u017e neuverite\u013ene <strong>oplat\u00ed ubytovanie s vlastnou kuchynkou<\/strong>. Ceny v re\u0161taur\u00e1ci\u00e1ch s\u00fa astronomick\u00e9, tak\u017ee mo\u017enos\u0165 uvari\u0165 si vlastn\u00fa ve\u010deru alebo pripravi\u0165 desiatu na t\u00faru ti zraz\u00ed rozpo\u010det o pekn\u00fdch p\u00e1r stoviek eur. Nezabudni v\u0161ak <strong>rezervova\u0165 s obrovsk\u00fdm predstihom<\/strong>, preto\u017ee v letnej sez\u00f3ne b\u00fdvaj\u00fa tie najlep\u0161ie kapacity vypredan\u00e9 dlh\u00e9 mesiace dopredu.<\/p>\n\n\n\n<p class=\"wp-block-paragraph\">Tu s\u00fa konkr\u00e9tne tipy na skvel\u00e9 ubytovanie pod\u013ea recenzi\u00ed cestovate\u013eov:<\/p>\n\n\n\n<ul class=\"wp-block-list\">\n<li><strong><a href=\"https:\/\/www.stay22.com\/allez\/roam?aid=lukaskonecny&amp;campaign=loudavymkrokemcz&amp;campaign=bonigen&amp;hotelname=Hotel%20Seiler%20au%20Lac&amp;address=B%C3%B6nigen%2C%20%C5%A0v%C3%BDcarsko\" target=\"_blank\" rel=\"noopener nofollow sponsored\">Hotel Seiler au Lac<\/a>:<\/strong> Hotel Seiler au Lac sed\u00ed priamo na brehu a parn\u00edk stoj\u00ed priamo pred dverami, tak\u017ee ani nemus\u00ed\u0161 rie\u0161i\u0165, ako sa dosta\u0165 na lo\u010f. \u0160tyridsa\u0165 izieb, v\u00fdh\u013ead na hory a vodu \u2014 to je t\u00e1 spr\u00e1vna adresa, ke\u010f chce\u0161 by\u0165 v centre diania.<\/li>\n\n\n\n<li><strong><a href=\"https:\/\/www.stay22.com\/allez\/roam?aid=lukaskonecny&amp;campaign=loudavymkrokemcz&amp;campaign=bonigen&amp;hotelname=Seehotel%20B%C3%B6nigen&amp;address=B%C3%B6nigen%2C%20%C5%A0v%C3%BDcarsko\" target=\"_blank\" rel=\"noopener nofollow sponsored\">Seehotel B\u00f6nigen<\/a>:<\/strong> Skvel\u00e1 <strong>rodinn\u00e1 vo\u013eba s panoramatick\u00fdm v\u00fdh\u013eadom<\/strong>, ktor\u00e1 pon\u00faka pokojnej\u0161iu atmosf\u00e9ru a vlastn\u00fa vych\u00fdren\u00fa re\u0161taur\u00e1ciu. Hostia si ve\u013emi pochva\u013euj\u00fa osobn\u00fd pr\u00edstup majite\u013eov a bohat\u00e9 ra\u0148ajky.<\/li>\n\n\n\n<li><strong><a href=\"https:\/\/www.stay22.com\/allez\/roam?aid=lukaskonecny&amp;campaign=loudavymkrokemcz&amp;campaign=bonigen&amp;hotelname=TCS%20Camping%20B%C3%B6nigen%20Brienzersee&amp;address=B%C3%B6nigen%2C%20%C5%A0v%C3%BDcarsko\" target=\"_blank\" rel=\"noopener nofollow sponsored\">TCS Camping B\u00f6nigen Brienzersee<\/a>:<\/strong> Dokonal\u00e1 <strong>rozpo\u010dtov\u00e1 varianta s najlep\u0161ou polohou v obci<\/strong> \u2014 priamo pri jazere a 200 metrov od pl\u00e1\u017ee. Pozor v\u0161ak na dve veci: <strong>v kempe nie je baz\u00e9n ani \u0161myk\u013eavka<\/strong> (len brodisko) a s pr\u00edstupom person\u00e1lu k rodin\u00e1m s bato\u013eatami m\u00e1me vlastn\u00fa zl\u00fa sk\u00fasenos\u0165, ktor\u00fa opisujem ni\u017e\u0161ie.<\/li>\n\n\n\n<li><strong><a href=\"https:\/\/www.stay22.com\/allez\/roam?aid=lukaskonecny&amp;campaign=loudavymkrokemcz&amp;campaign=bonigen&amp;hotelname=Mountain%20and%20Lake&amp;address=B%C3%B6nigen%2C%20%C5%A0v%C3%BDcarsko\" target=\"_blank\" rel=\"noopener nofollow sponsored\">Mountain and Lake<\/a>:<\/strong> Fantasticky hodnoten\u00fd <strong>s\u00fakromn\u00fd apartm\u00e1n s plne vybavenou kuchy\u0148ou<\/strong>, ktor\u00fd ti poskytne maxim\u00e1lnu nez\u00e1vislos\u0165. M\u00e1 kr\u00e1snu terasu a pod\u013ea recenzi\u00ed je to ide\u00e1lne miesto na dlh\u0161\u00ed pobyt s vlastn\u00fdm varen\u00edm.<\/li>\n\n\n\n<li><strong><a href=\"https:\/\/www.stay22.com\/allez\/roam?aid=lukaskonecny&amp;campaign=loudavymkrokemcz&amp;campaign=bonigen&amp;hotelname=Walida&amp;address=B%C3%B6nigen%2C%20%C5%A0v%C3%BDcarsko\" target=\"_blank\" rel=\"noopener nofollow sponsored\">Walida<\/a>:<\/strong> Jednoduch\u0161\u00ed, ale ve\u013emi <strong>pr\u00edjemn\u00fd hotel za rozumn\u00fa cenu<\/strong>, kde \u0165a pote\u0161\u00ed balk\u00f3ny s v\u00fdh\u013eadom na alpsk\u00e9 vrcholky. Hostia oce\u0148uj\u00fa \u010distotu a \u00fatuln\u00fa dom\u00e1cu atmosf\u00e9ru.<\/li>\n<\/ul>\n\n\n\n<figure data-wp-context=\"{&quot;imageId&quot;:&quot;6a9523940ede8&quot;}\" data-wp-interactive=\"core\/image\" data-wp-key=\"6a9523940ede8\" class=\"wp-block-image size-full wp-lightbox-container\"><img decoding=\"async\" width=\"1800\" height=\"1350\" data-wp-class--hide=\"state.isContentHidden\" data-wp-class--show=\"state.isContentVisible\" data-wp-init=\"callbacks.setButtonStyles\" data-wp-on--click=\"actions.showLightbox\" data-wp-on--load=\"callbacks.setButtonStyles\" data-wp-on--pointerdown=\"actions.preloadImage\" data-wp-on--pointerenter=\"actions.preloadImageWithDelay\" data-wp-on--pointerleave=\"actions.cancelPreload\" data-wp-on-window--resize=\"callbacks.setButtonStyles\" src=\"https:\/\/loudavymkrokem.cz\/wp-content\/uploads\/2026\/08\/articles-bonigen-04.jpg\" alt=\"B\u00f6nigen a jeho n\u00e1bre\u017eie pri Brienzskom jazere\" class=\"wp-image-404465\" title=\"\" srcset=\"https:\/\/loudavymkrokem.cz\/wp-content\/uploads\/2026\/08\/articles-bonigen-04.jpg 1800w, https:\/\/loudavymkrokem.cz\/wp-content\/uploads\/2026\/08\/articles-bonigen-04-300x225.jpg 300w, https:\/\/loudavymkrokem.cz\/wp-content\/uploads\/2026\/08\/articles-bonigen-04-700x525.jpg 700w, https:\/\/loudavymkrokem.cz\/wp-content\/uploads\/2026\/08\/articles-bonigen-04-768x576.jpg 768w, https:\/\/loudavymkrokem.cz\/wp-content\/uploads\/2026\/08\/articles-bonigen-04-1536x1152.jpg 1536w, https:\/\/loudavymkrokem.cz\/wp-content\/uploads\/2026\/08\/articles-bonigen-04-80x60.jpg 80w, https:\/\/loudavymkrokem.cz\/wp-content\/uploads\/2026\/08\/articles-bonigen-04-160x120.jpg 160w, https:\/\/loudavymkrokem.cz\/wp-content\/uploads\/2026\/08\/articles-bonigen-04-696x522.jpg 696w, https:\/\/loudavymkrokem.cz\/wp-content\/uploads\/2026\/08\/articles-bonigen-04-1392x1044.jpg 1392w\" sizes=\"(max-width: 1800px) 100vw, 1800px\" \/><button\n\t\t\tclass=\"lightbox-trigger\"\n\t\t\ttype=\"button\"\n\t\t\taria-haspopup=\"dialog\"\n\t\t\tdata-wp-bind--aria-label=\"state.thisImage.triggerButtonAriaLabel\"\n\t\t\tdata-wp-init=\"callbacks.initTriggerButton\"\n\t\t\tdata-wp-on--click=\"actions.showLightbox\"\n\t\t\tdata-wp-style--right=\"state.thisImage.buttonRight\"\n\t\t\tdata-wp-style--top=\"state.thisImage.buttonTop\"\n\t\t>\n\t\t\t<svg xmlns=\"http:\/\/www.w3.org\/2000\/svg\" width=\"12\" height=\"12\" fill=\"none\" viewBox=\"0 0 12 12\">\n\t\t\t\t<path fill=\"#fff\" d=\"M2 0a2 2 0 0 0-2 2v2h1.5V2a.5.5 0 0 1 .5-.5h2V0H2Zm2 10.5H2a.5.5 0 0 1-.5-.5V8H0v2a2 2 0 0 0 2 2h2v-1.5ZM8 12v-1.5h2a.5.5 0 0 0 .5-.5V8H12v2a2 2 0 0 1-2 2H8Zm2-12a2 2 0 0 1 2 2v2h-1.5V2a.5.5 0 0 0-.5-.5H8V0h2Z\" \/>\n\t\t\t<\/svg>\n\t\t<\/button><figcaption class=\"wp-element-caption\">Foto: Sven Huls \/ Pexels<\/figcaption><\/figure>\n\n\n\n<h2 class=\"wp-block-heading\"><span class=\"ez-toc-section\" id=\"Priamo_v_Bonigene_6_tipov_co_vidiet_a_robit_pri_vode\"><\/span>Priamo v B\u00f6nigene: 6 tipov, \u010do vidie\u0165 a robi\u0165 pri vode<span class=\"ez-toc-section-end\"><\/span><\/h2>\n\n\n\n<p class=\"wp-block-paragraph\">Samotn\u00e1 dedina je ide\u00e1lnym <strong>miestom na pomal\u00e9 dni<\/strong>, ke\u010f sa ti nechce \u0161plha\u0165 do vysok\u00fdch h\u00f4r. M\u00f4\u017ee\u0161 sa tu len tak t\u00fala\u0165 \u00fazkymi uli\u010dkami, obdivova\u0165 remeseln\u00fa zru\u010dnos\u0165 star\u00fdch majstrov tes\u00e1rov alebo tr\u00e1vi\u0165 \u010das priamo na <strong>brehu tyrkysov\u00e9ho jazera<\/strong>.<\/p>\n\n\n\n<p class=\"wp-block-paragraph\">N\u00e1jde\u0161 tu dokonal\u00fd mix hist\u00f3rie a vodn\u00fdch aktiv\u00edt, ktor\u00e9 \u0165a zabavia minim\u00e1lne na jeden cel\u00fd v\u00edkend. V\u0161etko je tu navy\u0161e <strong>kr\u00e1sne po ruke a v pe\u0161ej vzdialenosti<\/strong>, tak\u017ee auto m\u00f4\u017ee\u0161 pokojne necha\u0165 zaparkovan\u00e9 pri hoteli.<\/p>\n\n\n\n<p class=\"wp-block-paragraph\">\ud83d\udca1 Tip: V\u00e4\u010d\u0161inu z\u00e1\u017eitkov v okol\u00ed (plavby po jazere, kajakov\u00e9 t\u00fary, jazdy jetboatom aj v\u00fdlety na Jungfraujoch) si m\u00f4\u017ee\u0161 rezervova\u0165 vopred na <a href=\"https:\/\/www.getyourguide.com\/s\/?q=Interlaken%20Lake%20Brienz&amp;partner_id=MKZ64IS\" target=\"_blank\" rel=\"nofollow noopener sponsored\">GetYourGuide<\/a>. V hlavnej sez\u00f3ne sa ob\u013e\u00faben\u00e9 term\u00edny plnia aj nieko\u013eko dn\u00ed dopredu.<\/p>\n\n\n\n<figure data-wp-context=\"{&quot;imageId&quot;:&quot;6a9523940f56c&quot;}\" data-wp-interactive=\"core\/image\" data-wp-key=\"6a9523940f56c\" class=\"wp-block-image size-full wp-lightbox-container\"><img decoding=\"async\" width=\"1800\" height=\"1350\" data-wp-class--hide=\"state.isContentHidden\" data-wp-class--show=\"state.isContentVisible\" data-wp-init=\"callbacks.setButtonStyles\" data-wp-on--click=\"actions.showLightbox\" data-wp-on--load=\"callbacks.setButtonStyles\" data-wp-on--pointerdown=\"actions.preloadImage\" data-wp-on--pointerenter=\"actions.preloadImageWithDelay\" data-wp-on--pointerleave=\"actions.cancelPreload\" data-wp-on-window--resize=\"callbacks.setButtonStyles\" src=\"https:\/\/loudavymkrokem.cz\/wp-content\/uploads\/2026\/08\/articles-bonigen-05.jpg\" alt=\"Historick\u00fd vyrez\u00e1van\u00fd dreven\u00fd dom v B\u00f6nigene\" class=\"wp-image-404467\" title=\"\" srcset=\"https:\/\/loudavymkrokem.cz\/wp-content\/uploads\/2026\/08\/articles-bonigen-05.jpg 1800w, https:\/\/loudavymkrokem.cz\/wp-content\/uploads\/2026\/08\/articles-bonigen-05-300x225.jpg 300w, https:\/\/loudavymkrokem.cz\/wp-content\/uploads\/2026\/08\/articles-bonigen-05-700x525.jpg 700w, https:\/\/loudavymkrokem.cz\/wp-content\/uploads\/2026\/08\/articles-bonigen-05-768x576.jpg 768w, https:\/\/loudavymkrokem.cz\/wp-content\/uploads\/2026\/08\/articles-bonigen-05-1536x1152.jpg 1536w, https:\/\/loudavymkrokem.cz\/wp-content\/uploads\/2026\/08\/articles-bonigen-05-80x60.jpg 80w, https:\/\/loudavymkrokem.cz\/wp-content\/uploads\/2026\/08\/articles-bonigen-05-160x120.jpg 160w, https:\/\/loudavymkrokem.cz\/wp-content\/uploads\/2026\/08\/articles-bonigen-05-696x522.jpg 696w, https:\/\/loudavymkrokem.cz\/wp-content\/uploads\/2026\/08\/articles-bonigen-05-1392x1044.jpg 1392w\" sizes=\"(max-width: 1800px) 100vw, 1800px\" \/><button\n\t\t\tclass=\"lightbox-trigger\"\n\t\t\ttype=\"button\"\n\t\t\taria-haspopup=\"dialog\"\n\t\t\tdata-wp-bind--aria-label=\"state.thisImage.triggerButtonAriaLabel\"\n\t\t\tdata-wp-init=\"callbacks.initTriggerButton\"\n\t\t\tdata-wp-on--click=\"actions.showLightbox\"\n\t\t\tdata-wp-style--right=\"state.thisImage.buttonRight\"\n\t\t\tdata-wp-style--top=\"state.thisImage.buttonTop\"\n\t\t>\n\t\t\t<svg xmlns=\"http:\/\/www.w3.org\/2000\/svg\" width=\"12\" height=\"12\" fill=\"none\" viewBox=\"0 0 12 12\">\n\t\t\t\t<path fill=\"#fff\" d=\"M2 0a2 2 0 0 0-2 2v2h1.5V2a.5.5 0 0 1 .5-.5h2V0H2Zm2 10.5H2a.5.5 0 0 1-.5-.5V8H0v2a2 2 0 0 0 2 2h2v-1.5ZM8 12v-1.5h2a.5.5 0 0 0 .5-.5V8H12v2a2 2 0 0 1-2 2H8Zm2-12a2 2 0 0 1 2 2v2h-1.5V2a.5.5 0 0 0-.5-.5H8V0h2Z\" \/>\n\t\t\t<\/svg>\n\t\t<\/button><figcaption class=\"wp-element-caption\">Foto: Freek Wolsink \/ Pexels<\/figcaption><\/figure>\n\n\n\n<h3 class=\"wp-block-heading\"><span class=\"ez-toc-section\" id=\"1_Historicke_drevene_domy_a_Hauserweg\"><\/span>1. Historick\u00e9 dreven\u00e9 domy a H\u00e4userweg<span class=\"ez-toc-section-end\"><\/span><\/h3>\n\n\n\n<p class=\"wp-block-paragraph\">Jadro dediny tvor\u00ed unik\u00e1tny s\u00fabor <strong>vyrez\u00e1van\u00fdch dreven\u00fdch domov zo 16. a\u017e 19. storo\u010dia<\/strong>. B\u00f6nigen mal v hist\u00f3rii obrovsk\u00e9 \u0161\u0165astie, \u017ee ho nikdy nezasiahol ve\u013ek\u00fd ni\u010div\u00fd po\u017eiar. V\u010faka tomu sa tu zachovala s\u00favisl\u00e1 z\u00e1stavba z ka\u017ed\u00e9ho stavebn\u00e9ho obdobia od roku 1549, \u010do je vo \u0160vaj\u010diarsku obrovsk\u00e1 vz\u00e1cnos\u0165.<\/p>\n\n\n\n<p class=\"wp-block-paragraph\">Pri prech\u00e1dzke po n\u00e1u\u010dnom chodn\u00edku <strong>Historischer H\u00e4userweg<\/strong> \u0165a ohrom\u00ed detailn\u00e1 rezb\u00e1rska pr\u00e1ca na fas\u00e1dach. Uvid\u00ed\u0161 zlo\u017eit\u00e9 ornamenty, star\u00e9 n\u00e1pisy a prec\u00edzne tvarovan\u00e9 balk\u00f3ny. K trase je k dispoz\u00edcii interakt\u00edvny SmartTrail sprievodca, ktor\u00fd si \u013eahko stiahne\u0161 do telef\u00f3nu a ktor\u00fd ti prezrad\u00ed pr\u00edbehy jednotliv\u00fdch rod\u00edn.<\/p>\n\n\n\n<p class=\"wp-block-paragraph\">Najzn\u00e1mej\u0161ou stavbou je takzvan\u00fd <strong>Housihuus z roku 1757<\/strong>, ktor\u00fd sl\u00fa\u017eil ako prv\u00fd miestny hostinec. M\u00e1 dokonca kr\u00e1\u013eovsk\u00fa hist\u00f3riu, preto\u017ee v roku 1808 tu prespal w\u00fcrttembersk\u00fd kr\u00e1\u013e Friedrich. Za pozornos\u0165 stoj\u00ed aj star\u00fd s\u00fdpka Christi&#8217;s Spycher z roku 1746, ktor\u00e1 ukazuje, ako sa kedysi skladovali cenn\u00e9 z\u00e1soby jedla.<\/p>\n\n\n\n<p class=\"wp-block-paragraph\">\ud83d\udca1 Tip: Ka\u017ed\u00e9 r\u00e1no o 9:15 sa pred <a href=\"https:\/\/www.boenigen-iseltwald.ch\" target=\"_blank\" rel=\"nofollow noopener\">turistickou informa\u010dnou kancel\u00e1riou<\/a> konaj\u00fa <strong>komentovan\u00e9 prehliadky dediny<\/strong>. Je to skvel\u00e1 pr\u00edle\u017eitos\u0165, ako sa od miestnych dozvedie\u0165 pikantnosti, ktor\u00e9 v \u017eiadnom tla\u010denom sprievodcovi nen\u00e1jde\u0161.<\/p>\n\n\n\n<figure data-wp-context=\"{&quot;imageId&quot;:&quot;6a9523940fce3&quot;}\" data-wp-interactive=\"core\/image\" data-wp-key=\"6a9523940fce3\" class=\"wp-block-image size-full wp-lightbox-container\"><img decoding=\"async\" width=\"1800\" height=\"1341\" data-wp-class--hide=\"state.isContentHidden\" data-wp-class--show=\"state.isContentVisible\" data-wp-init=\"callbacks.setButtonStyles\" data-wp-on--click=\"actions.showLightbox\" data-wp-on--load=\"callbacks.setButtonStyles\" data-wp-on--pointerdown=\"actions.preloadImage\" data-wp-on--pointerenter=\"actions.preloadImageWithDelay\" data-wp-on--pointerleave=\"actions.cancelPreload\" data-wp-on-window--resize=\"callbacks.setButtonStyles\" src=\"https:\/\/loudavymkrokem.cz\/wp-content\/uploads\/2026\/08\/articles-bonigen-06.jpg\" alt=\"Interi\u00e9r tradi\u010dn\u00e9ho oberlandsk\u00e9ho domu\" class=\"wp-image-404469\" title=\"\" srcset=\"https:\/\/loudavymkrokem.cz\/wp-content\/uploads\/2026\/08\/articles-bonigen-06.jpg 1800w, https:\/\/loudavymkrokem.cz\/wp-content\/uploads\/2026\/08\/articles-bonigen-06-300x224.jpg 300w, https:\/\/loudavymkrokem.cz\/wp-content\/uploads\/2026\/08\/articles-bonigen-06-700x522.jpg 700w, https:\/\/loudavymkrokem.cz\/wp-content\/uploads\/2026\/08\/articles-bonigen-06-768x572.jpg 768w, https:\/\/loudavymkrokem.cz\/wp-content\/uploads\/2026\/08\/articles-bonigen-06-1536x1144.jpg 1536w, https:\/\/loudavymkrokem.cz\/wp-content\/uploads\/2026\/08\/articles-bonigen-06-80x60.jpg 80w, https:\/\/loudavymkrokem.cz\/wp-content\/uploads\/2026\/08\/articles-bonigen-06-160x120.jpg 160w, https:\/\/loudavymkrokem.cz\/wp-content\/uploads\/2026\/08\/articles-bonigen-06-696x519.jpg 696w, https:\/\/loudavymkrokem.cz\/wp-content\/uploads\/2026\/08\/articles-bonigen-06-1392x1037.jpg 1392w\" sizes=\"(max-width: 1800px) 100vw, 1800px\" \/><button\n\t\t\tclass=\"lightbox-trigger\"\n\t\t\ttype=\"button\"\n\t\t\taria-haspopup=\"dialog\"\n\t\t\tdata-wp-bind--aria-label=\"state.thisImage.triggerButtonAriaLabel\"\n\t\t\tdata-wp-init=\"callbacks.initTriggerButton\"\n\t\t\tdata-wp-on--click=\"actions.showLightbox\"\n\t\t\tdata-wp-style--right=\"state.thisImage.buttonRight\"\n\t\t\tdata-wp-style--top=\"state.thisImage.buttonTop\"\n\t\t>\n\t\t\t<svg xmlns=\"http:\/\/www.w3.org\/2000\/svg\" width=\"12\" height=\"12\" fill=\"none\" viewBox=\"0 0 12 12\">\n\t\t\t\t<path fill=\"#fff\" d=\"M2 0a2 2 0 0 0-2 2v2h1.5V2a.5.5 0 0 1 .5-.5h2V0H2Zm2 10.5H2a.5.5 0 0 1-.5-.5V8H0v2a2 2 0 0 0 2 2h2v-1.5ZM8 12v-1.5h2a.5.5 0 0 0 .5-.5V8H12v2a2 2 0 0 1-2 2H8Zm2-12a2 2 0 0 1 2 2v2h-1.5V2a.5.5 0 0 0-.5-.5H8V0h2Z\" \/>\n\t\t\t<\/svg>\n\t\t<\/button><figcaption class=\"wp-element-caption\">Foto: Abhishek  Navlakha \/ Pexels<\/figcaption><\/figure>\n\n\n\n<h3 class=\"wp-block-heading\"><span class=\"ez-toc-section\" id=\"2_Dedinske_muzeum_Dorfmuseum_%E2%80%9Ealte_Pinte%E2%80%9C\"><\/span>2. Dedinsk\u00e9 m\u00fazeum Dorfmuseum \u201ealte Pinte\u201c<span class=\"ez-toc-section-end\"><\/span><\/h3>\n\n\n\n<p class=\"wp-block-paragraph\">Ak chce\u0161 vidie\u0165, ako sa v tak\u00fdch dreven\u00fdch domoch re\u00e1lne \u017eilo, mus\u00ed\u0161 zav\u00edta\u0165 do miestneho m\u00fazea. S\u00eddli v kr\u00e1sne zachovalom <strong>dome z roku 1772<\/strong> a d\u00fdchne na teba atmosf\u00e9rou star\u00fdch \u010dias, ke\u010f bol \u017eivot v hor\u00e1ch ove\u013ea tvrd\u0161\u00ed ne\u017e dnes.<\/p>\n\n\n\n<p class=\"wp-block-paragraph\">Expoz\u00edcia ukazuje typick\u00e9 oberlandsk\u00e9 obydlie do t\u00fdch najmen\u0161\u00edch detailov. N\u00e1jde\u0161 tu <strong>historick\u00fd n\u00e1bytok a predmety z rokov 1730 a\u017e 1920<\/strong>, od star\u00fdch kolovr\u00e1tkov a\u017e po ru\u010dne ma\u013eovan\u00e9 truhly na veno. Je fascinuj\u00face vidie\u0165, ako majstrovsky dok\u00e1zali miestni remeseln\u00edci pracova\u0165 s drevom.<\/p>\n\n\n\n<p class=\"wp-block-paragraph\">Prehliadka ti nezaberie viac ne\u017e hodinu, ale z\u00edska\u0161 v\u010faka nej obrovsk\u00fd <strong>re\u0161pekt k miestnej kult\u00fare a trad\u00edci\u00e1m<\/strong>. Zist\u00ed\u0161, ako sa kedysi k\u00farilo, ako sa spracov\u00e1valo mlieko z horsk\u00fdch pastv\u00edn a ako vyzerala ka\u017edodenn\u00e1 rutina oby\u010dajnej \u0161vaj\u010diarskej rodiny.<\/p>\n\n\n\n<p class=\"wp-block-paragraph\">\ud83d\udca1 Tip: <strong>Otv\u00e1racie hodiny m\u00fazea<\/strong> b\u00fdvaj\u00fa <strong>mimo sez\u00f3ny dos\u0165 obmedzen\u00e9<\/strong>, preto si vopred na webe skontroluj, v ktor\u00e9 dni maj\u00fa pr\u00e1ve otvoren\u00e9, nech nestoj\u00ed\u0161 pred zamknut\u00fdmi dverami.<\/p>\n\n\n\n<figure data-wp-context=\"{&quot;imageId&quot;:&quot;6a9523941054c&quot;}\" data-wp-interactive=\"core\/image\" data-wp-key=\"6a9523941054c\" class=\"wp-block-image size-full wp-lightbox-container\"><img decoding=\"async\" width=\"1800\" height=\"1350\" data-wp-class--hide=\"state.isContentHidden\" data-wp-class--show=\"state.isContentVisible\" data-wp-init=\"callbacks.setButtonStyles\" data-wp-on--click=\"actions.showLightbox\" data-wp-on--load=\"callbacks.setButtonStyles\" data-wp-on--pointerdown=\"actions.preloadImage\" data-wp-on--pointerenter=\"actions.preloadImageWithDelay\" data-wp-on--pointerleave=\"actions.cancelPreload\" data-wp-on-window--resize=\"callbacks.setButtonStyles\" src=\"https:\/\/loudavymkrokem.cz\/wp-content\/uploads\/2026\/08\/articles-bonigen-07.jpg\" alt=\"B\u00f6nigen z paluby lode na Brienzskom jazere\" class=\"wp-image-404470\" title=\"\" srcset=\"https:\/\/loudavymkrokem.cz\/wp-content\/uploads\/2026\/08\/articles-bonigen-07.jpg 1800w, https:\/\/loudavymkrokem.cz\/wp-content\/uploads\/2026\/08\/articles-bonigen-07-300x225.jpg 300w, https:\/\/loudavymkrokem.cz\/wp-content\/uploads\/2026\/08\/articles-bonigen-07-700x525.jpg 700w, https:\/\/loudavymkrokem.cz\/wp-content\/uploads\/2026\/08\/articles-bonigen-07-768x576.jpg 768w, https:\/\/loudavymkrokem.cz\/wp-content\/uploads\/2026\/08\/articles-bonigen-07-1536x1152.jpg 1536w, https:\/\/loudavymkrokem.cz\/wp-content\/uploads\/2026\/08\/articles-bonigen-07-80x60.jpg 80w, https:\/\/loudavymkrokem.cz\/wp-content\/uploads\/2026\/08\/articles-bonigen-07-160x120.jpg 160w, https:\/\/loudavymkrokem.cz\/wp-content\/uploads\/2026\/08\/articles-bonigen-07-696x522.jpg 696w, https:\/\/loudavymkrokem.cz\/wp-content\/uploads\/2026\/08\/articles-bonigen-07-1392x1044.jpg 1392w\" sizes=\"(max-width: 1800px) 100vw, 1800px\" \/><button\n\t\t\tclass=\"lightbox-trigger\"\n\t\t\ttype=\"button\"\n\t\t\taria-haspopup=\"dialog\"\n\t\t\tdata-wp-bind--aria-label=\"state.thisImage.triggerButtonAriaLabel\"\n\t\t\tdata-wp-init=\"callbacks.initTriggerButton\"\n\t\t\tdata-wp-on--click=\"actions.showLightbox\"\n\t\t\tdata-wp-style--right=\"state.thisImage.buttonRight\"\n\t\t\tdata-wp-style--top=\"state.thisImage.buttonTop\"\n\t\t>\n\t\t\t<svg xmlns=\"http:\/\/www.w3.org\/2000\/svg\" width=\"12\" height=\"12\" fill=\"none\" viewBox=\"0 0 12 12\">\n\t\t\t\t<path fill=\"#fff\" d=\"M2 0a2 2 0 0 0-2 2v2h1.5V2a.5.5 0 0 1 .5-.5h2V0H2Zm2 10.5H2a.5.5 0 0 1-.5-.5V8H0v2a2 2 0 0 0 2 2h2v-1.5ZM8 12v-1.5h2a.5.5 0 0 0 .5-.5V8H12v2a2 2 0 0 1-2 2H8Zm2-12a2 2 0 0 1 2 2v2h-1.5V2a.5.5 0 0 0-.5-.5H8V0h2Z\" \/>\n\t\t\t<\/svg>\n\t\t<\/button><figcaption class=\"wp-element-caption\">Foto: Andrew Bossi \/ Wikimedia Commons, CC BY-SA 2.5<\/figcaption><\/figure>\n\n\n\n<h3 class=\"wp-block-heading\"><span class=\"ez-toc-section\" id=\"3_Nabrezie_molo_a_Brienzersee_Lakewalk\"><\/span>3. N\u00e1bre\u017eie, m\u00f3lo a Brienzersee Lakewalk<span class=\"ez-toc-section-end\"><\/span><\/h3>\n\n\n\n<p class=\"wp-block-paragraph\">Srdcom cel\u00e9ho B\u00f6nigenu je bezpochyby jeho n\u00e1bre\u017eie. Tunaj\u0161\u00ed <strong>Brienzersee Lakewalk<\/strong> m\u00e1 na Googli fantastick\u00e9 hodnotenie 4,8 z takmer tis\u00edc recenzi\u00ed a je to prv\u00e9 miesto, kam by mali vies\u0165 tvoje kroky po pr\u00edchode. V\u00fdh\u013ead z m\u00f3la na okolit\u00e9 vrcholy a tyrkysov\u00fa hladinu je jednoducho ikonick\u00fd.<\/p>\n\n\n\n<p class=\"wp-block-paragraph\">Cel\u00e1 promen\u00e1da je navrhnut\u00e1 ako <strong>bezbari\u00e9rov\u00e1 cesta pozd\u013a\u017e jazera a rieky Aare<\/strong>. Je \u00faplne ide\u00e1lna pre rodiny s ko\u010d\u00edkmi, voz\u00ed\u010dkarov alebo na pomal\u00fa ve\u010dern\u00fa prech\u00e1dzku, ke\u010f \u0165a u\u017e bolia nohy po celodennej t\u00fare. Voda tu m\u00e1 neuverite\u013en\u00fa farbu, ktor\u00fa sp\u00f4sobuje takzvan\u00e1 \u013eadovcov\u00e1 m\u00fa\u010dka splaven\u00e1 z okolit\u00fdch mas\u00edvov.<\/p>\n\n\n\n<p class=\"wp-block-paragraph\">V letnej sez\u00f3ne n\u00e1bre\u017eie o\u017e\u00edva kult\u00farou. Priamo pri hlavnom m\u00f3le sa pravidelne konaj\u00fa <strong>tradi\u010dn\u00e9 folkl\u00f3rne koncerty<\/strong>, kde m\u00f4\u017ee\u0161 po\u010du\u0165 na\u017eivo hra\u0165 alpsk\u00e9 rohy a vidie\u0165 miestnych obyvate\u013eov v n\u00e1dhern\u00fdch historick\u00fdch krojoch. Je to z\u00e1\u017eitok, ktor\u00fd k pobytu v Bernskom Oberlande neodmyslite\u013ene patr\u00ed.<\/p>\n\n\n\n<p class=\"wp-block-paragraph\">\ud83d\udca1 Tip: K\u00fasok od promen\u00e1dy le\u017e\u00ed <strong>mal\u00e9 jazierko Depotseeli<\/strong>, ktor\u00e9 zauj\u00edmavo vzniklo umelo pri historickej stavbe \u017eeleznice. Dnes sl\u00fa\u017ei hlavne miestnym ryb\u00e1rom, ale je to pekn\u00e9 tich\u00e9 miesto na kr\u00e1tku zast\u00e1vku.<\/p>\n\n\n\n<figure data-wp-context=\"{&quot;imageId&quot;:&quot;6a95239410cbe&quot;}\" data-wp-interactive=\"core\/image\" data-wp-key=\"6a95239410cbe\" class=\"wp-block-image size-full wp-lightbox-container\"><img decoding=\"async\" width=\"1800\" height=\"1199\" data-wp-class--hide=\"state.isContentHidden\" data-wp-class--show=\"state.isContentVisible\" data-wp-init=\"callbacks.setButtonStyles\" data-wp-on--click=\"actions.showLightbox\" data-wp-on--load=\"callbacks.setButtonStyles\" data-wp-on--pointerdown=\"actions.preloadImage\" data-wp-on--pointerenter=\"actions.preloadImageWithDelay\" data-wp-on--pointerleave=\"actions.cancelPreload\" data-wp-on-window--resize=\"callbacks.setButtonStyles\" src=\"https:\/\/loudavymkrokem.cz\/wp-content\/uploads\/2026\/08\/articles-bonigen-08.jpg\" alt=\"K\u00fapalisko pri jazere s baz\u00e9nom\" class=\"wp-image-404472\" title=\"\" srcset=\"https:\/\/loudavymkrokem.cz\/wp-content\/uploads\/2026\/08\/articles-bonigen-08.jpg 1800w, https:\/\/loudavymkrokem.cz\/wp-content\/uploads\/2026\/08\/articles-bonigen-08-300x200.jpg 300w, https:\/\/loudavymkrokem.cz\/wp-content\/uploads\/2026\/08\/articles-bonigen-08-700x466.jpg 700w, https:\/\/loudavymkrokem.cz\/wp-content\/uploads\/2026\/08\/articles-bonigen-08-768x512.jpg 768w, https:\/\/loudavymkrokem.cz\/wp-content\/uploads\/2026\/08\/articles-bonigen-08-1536x1023.jpg 1536w, https:\/\/loudavymkrokem.cz\/wp-content\/uploads\/2026\/08\/articles-bonigen-08-696x464.jpg 696w, https:\/\/loudavymkrokem.cz\/wp-content\/uploads\/2026\/08\/articles-bonigen-08-1392x927.jpg 1392w\" sizes=\"(max-width: 1800px) 100vw, 1800px\" \/><button\n\t\t\tclass=\"lightbox-trigger\"\n\t\t\ttype=\"button\"\n\t\t\taria-haspopup=\"dialog\"\n\t\t\tdata-wp-bind--aria-label=\"state.thisImage.triggerButtonAriaLabel\"\n\t\t\tdata-wp-init=\"callbacks.initTriggerButton\"\n\t\t\tdata-wp-on--click=\"actions.showLightbox\"\n\t\t\tdata-wp-style--right=\"state.thisImage.buttonRight\"\n\t\t\tdata-wp-style--top=\"state.thisImage.buttonTop\"\n\t\t>\n\t\t\t<svg xmlns=\"http:\/\/www.w3.org\/2000\/svg\" width=\"12\" height=\"12\" fill=\"none\" viewBox=\"0 0 12 12\">\n\t\t\t\t<path fill=\"#fff\" d=\"M2 0a2 2 0 0 0-2 2v2h1.5V2a.5.5 0 0 1 .5-.5h2V0H2Zm2 10.5H2a.5.5 0 0 1-.5-.5V8H0v2a2 2 0 0 0 2 2h2v-1.5ZM8 12v-1.5h2a.5.5 0 0 0 .5-.5V8H12v2a2 2 0 0 1-2 2H8Zm2-12a2 2 0 0 1 2 2v2h-1.5V2a.5.5 0 0 0-.5-.5H8V0h2Z\" \/>\n\t\t\t<\/svg>\n\t\t<\/button><figcaption class=\"wp-element-caption\">Foto: Jean-Paul Wettstein \/ Pexels<\/figcaption><\/figure>\n\n\n\n<h3 class=\"wp-block-heading\"><span class=\"ez-toc-section\" id=\"4_Plaz_a_kupalisko_The_Beach\"><\/span>4. Pl\u00e1\u017e a k\u00fapalisko The Beach<span class=\"ez-toc-section-end\"><\/span><\/h3>\n\n\n\n<p class=\"wp-block-paragraph\">Hoci je jazero studen\u00e9, B\u00f6nigen m\u00e1 pre milovn\u00edkov vody pripraven\u00fd dokonal\u00fd z\u00e1lo\u017en\u00fd pl\u00e1n. Miestne k\u00fapalisko The Beach (Strandbad B\u00f6nigen) funguje zhruba od polovice m\u00e1ja do polovice septembra a vstupenka na rok 2026 stoj\u00ed <strong>ve\u013emi pr\u00edjemn\u00fdch 6 CHF pre dospel\u00e9ho<\/strong>.<\/p>\n\n\n\n<p class=\"wp-block-paragraph\">Are\u00e1l pon\u00faka okrem pr\u00edstupu k jazeru aj <strong>vyhrievan\u00fd 25-metrov\u00fd baz\u00e9n<\/strong>, \u010do ocen\u00ed\u0161 v d\u0148och, ke\u010f sa ti do \u013eadovcovej vody naozaj nechce. Pre plavcov je v jazere vyhraden\u00fd ohrani\u010den\u00fd priestor a okolo sa rozprestiera roz\u013eahl\u00e1 tr\u00e1vnat\u00e1 l\u00faka s ve\u013ek\u00fdmi stromami, ktor\u00e9 poskytuj\u00fa dostatok prirodzen\u00e9ho tie\u0148a.<\/p>\n\n\n\n<p class=\"wp-block-paragraph\">Z\u00e1zemie je tu na \u0161vaj\u010diarske pomery nad\u0161tandardn\u00e9. N\u00e1jde\u0161 tu prezliek\u00e1rne, \u010dist\u00e9 toalety, ihrisko na p\u00e9tanque a pr\u00edjemn\u00fa re\u0161taur\u00e1ciu. Cel\u00fd are\u00e1l je navy\u0161e <strong>plne pr\u00edstupn\u00fd s ko\u010d\u00edkom aj na voz\u00edku<\/strong>, tak\u017ee sa tu pohodlne us\u00eddli \u00faplne ka\u017ed\u00fd. Od 17:00 potom plat\u00ed z\u013eavnen\u00e9 ve\u010dern\u00e9 vstupn\u00e9.<\/p>\n\n\n\n<p class=\"wp-block-paragraph\">\ud83d\udca1 Tip: <strong>Aktu\u00e1lne otv\u00e1racie hodiny<\/strong>, ktor\u00e9 sa menia pod\u013ea mesiacov a po\u010dasia, n\u00e1jde\u0161 v\u017edy na ofici\u00e1lnom webe <a href=\"https:\/\/www.strandbadboenigen.ch\" target=\"_blank\" rel=\"nofollow noopener\">The Beach<\/a>. Za siln\u00e9ho da\u017e\u010fa b\u00fdva are\u00e1l <strong>z bezpe\u010dnostn\u00fdch d\u00f4vodov zatvoren\u00fd<\/strong>.<\/p>\n\n\n\n<figure data-wp-context=\"{&quot;imageId&quot;:&quot;6a95239411495&quot;}\" data-wp-interactive=\"core\/image\" data-wp-key=\"6a95239411495\" class=\"wp-block-image size-full wp-lightbox-container\"><img decoding=\"async\" width=\"1800\" height=\"1011\" data-wp-class--hide=\"state.isContentHidden\" data-wp-class--show=\"state.isContentVisible\" data-wp-init=\"callbacks.setButtonStyles\" data-wp-on--click=\"actions.showLightbox\" data-wp-on--load=\"callbacks.setButtonStyles\" data-wp-on--pointerdown=\"actions.preloadImage\" data-wp-on--pointerenter=\"actions.preloadImageWithDelay\" data-wp-on--pointerleave=\"actions.cancelPreload\" data-wp-on-window--resize=\"callbacks.setButtonStyles\" src=\"https:\/\/loudavymkrokem.cz\/wp-content\/uploads\/2026\/08\/articles-bonigen-09.jpg\" alt=\"Kajak na horskom jazere\" class=\"wp-image-404475\" title=\"\" srcset=\"https:\/\/loudavymkrokem.cz\/wp-content\/uploads\/2026\/08\/articles-bonigen-09.jpg 1800w, https:\/\/loudavymkrokem.cz\/wp-content\/uploads\/2026\/08\/articles-bonigen-09-300x169.jpg 300w, https:\/\/loudavymkrokem.cz\/wp-content\/uploads\/2026\/08\/articles-bonigen-09-700x393.jpg 700w, https:\/\/loudavymkrokem.cz\/wp-content\/uploads\/2026\/08\/articles-bonigen-09-768x431.jpg 768w, https:\/\/loudavymkrokem.cz\/wp-content\/uploads\/2026\/08\/articles-bonigen-09-1536x863.jpg 1536w, https:\/\/loudavymkrokem.cz\/wp-content\/uploads\/2026\/08\/articles-bonigen-09-696x391.jpg 696w, https:\/\/loudavymkrokem.cz\/wp-content\/uploads\/2026\/08\/articles-bonigen-09-1392x782.jpg 1392w\" sizes=\"(max-width: 1800px) 100vw, 1800px\" \/><button\n\t\t\tclass=\"lightbox-trigger\"\n\t\t\ttype=\"button\"\n\t\t\taria-haspopup=\"dialog\"\n\t\t\tdata-wp-bind--aria-label=\"state.thisImage.triggerButtonAriaLabel\"\n\t\t\tdata-wp-init=\"callbacks.initTriggerButton\"\n\t\t\tdata-wp-on--click=\"actions.showLightbox\"\n\t\t\tdata-wp-style--right=\"state.thisImage.buttonRight\"\n\t\t\tdata-wp-style--top=\"state.thisImage.buttonTop\"\n\t\t>\n\t\t\t<svg xmlns=\"http:\/\/www.w3.org\/2000\/svg\" width=\"12\" height=\"12\" fill=\"none\" viewBox=\"0 0 12 12\">\n\t\t\t\t<path fill=\"#fff\" d=\"M2 0a2 2 0 0 0-2 2v2h1.5V2a.5.5 0 0 1 .5-.5h2V0H2Zm2 10.5H2a.5.5 0 0 1-.5-.5V8H0v2a2 2 0 0 0 2 2h2v-1.5ZM8 12v-1.5h2a.5.5 0 0 0 .5-.5V8H12v2a2 2 0 0 1-2 2H8Zm2-12a2 2 0 0 1 2 2v2h-1.5V2a.5.5 0 0 0-.5-.5H8V0h2Z\" \/>\n\t\t\t<\/svg>\n\t\t<\/button><figcaption class=\"wp-element-caption\">Foto: K \/ Pexels<\/figcaption><\/figure>\n\n\n\n<h3 class=\"wp-block-heading\"><span class=\"ez-toc-section\" id=\"5_Kajak_a_SUP_na_hladine_jazera\"><\/span>5. Kajak a SUP na hladine jazera<span class=\"ez-toc-section-end\"><\/span><\/h3>\n\n\n\n<p class=\"wp-block-paragraph\">Najlep\u0161\u00ed sp\u00f4sob, ako nasa\u0165 atmosf\u00e9ru Brienzskeho jazera, je vyda\u0165 sa priamo na jeho hladinu. Priamo na brehu (oproti zast\u00e1vke autobusu 103) n\u00e1jde\u0161 z\u00e1klad\u0148u <strong>Hightide Kayak School<\/strong>, ktor\u00e1 od m\u00e1ja do okt\u00f3bra po\u017ei\u010diava \u0161pi\u010dkov\u00e9 vybavenie na vodn\u00e9 \u0161porty.<\/p>\n\n\n\n<p class=\"wp-block-paragraph\">Ceny na rok 2026 s\u00fa nastaven\u00e9 rozumne. Za <strong>jednomiestny kajak zaplat\u00ed\u0161 od 30 CHF na hodinu<\/strong>, dvojmiestna varianta vyjde na 45 CHF. Ak si tr\u00fafa\u0161 na dlh\u0161iu v\u00fdpravu, m\u00f4\u017ee\u0161 si prenaja\u0165 pevn\u00fd morsk\u00fd kajak na cel\u00fdch sedem hod\u00edn za 70 CHF a presk\u00fama\u0165 vzdialenej\u0161ie z\u00e1toky. K dispoz\u00edcii s\u00fa samozrejme aj popul\u00e1rne paddleboardy (SUP).<\/p>\n\n\n\n<p class=\"wp-block-paragraph\">Ak nem\u00e1\u0161 s p\u00e1dlovan\u00edm sk\u00fasenosti, odpor\u00fa\u010dam zaplati\u0165 si <strong>organizovan\u00fa kajakov\u00fa t\u00faru s in\u0161truktorom<\/strong>. Uk\u00e1\u017eu ti tie najkraj\u0161ie skryt\u00e9 z\u00e1toky, nau\u010dia \u0165a spr\u00e1vnu techniku a postaraj\u00fa sa o tvoju bezpe\u010dnos\u0165, preto\u017ee po\u010dasie na jazere sa dok\u00e1\u017ee v hor\u00e1ch ne\u010dakane r\u00fdchlo zmeni\u0165.<\/p>\n\n\n\n<p class=\"wp-block-paragraph\">\ud83d\udca1 Tip: Medzi vod\u00e1kmi je absol\u00fatnym hitom <strong>trasa z B\u00f6nigenu pozd\u013a\u017e ju\u017en\u00e9ho brehu a\u017e ku Giessba\u0161sk\u00fdm vodop\u00e1dom<\/strong>. Rezerv\u00e1ciu vybavenia urob rad\u0161ej s predstihom cez web <a href=\"https:\/\/www.hightide.ch\" target=\"_blank\" rel=\"nofollow noopener\">Hightide<\/a>, v j\u00fali a auguste b\u00fdva \u010dasto vypredan\u00e9.<\/p>\n\n\n\n<figure data-wp-context=\"{&quot;imageId&quot;:&quot;6a95239411c06&quot;}\" data-wp-interactive=\"core\/image\" data-wp-key=\"6a95239411c06\" class=\"wp-block-image size-full wp-lightbox-container\"><img decoding=\"async\" width=\"1800\" height=\"1200\" data-wp-class--hide=\"state.isContentHidden\" data-wp-class--show=\"state.isContentVisible\" data-wp-init=\"callbacks.setButtonStyles\" data-wp-on--click=\"actions.showLightbox\" data-wp-on--load=\"callbacks.setButtonStyles\" data-wp-on--pointerdown=\"actions.preloadImage\" data-wp-on--pointerenter=\"actions.preloadImageWithDelay\" data-wp-on--pointerleave=\"actions.cancelPreload\" data-wp-on-window--resize=\"callbacks.setButtonStyles\" src=\"https:\/\/loudavymkrokem.cz\/wp-content\/uploads\/2026\/08\/articles-bonigen-10.jpg\" alt=\"Historick\u00fd kolesov\u00fd parn\u00edk L\u00f6tschberg\" class=\"wp-image-404478\" title=\"\" srcset=\"https:\/\/loudavymkrokem.cz\/wp-content\/uploads\/2026\/08\/articles-bonigen-10.jpg 1800w, https:\/\/loudavymkrokem.cz\/wp-content\/uploads\/2026\/08\/articles-bonigen-10-300x200.jpg 300w, https:\/\/loudavymkrokem.cz\/wp-content\/uploads\/2026\/08\/articles-bonigen-10-700x467.jpg 700w, https:\/\/loudavymkrokem.cz\/wp-content\/uploads\/2026\/08\/articles-bonigen-10-768x512.jpg 768w, https:\/\/loudavymkrokem.cz\/wp-content\/uploads\/2026\/08\/articles-bonigen-10-1536x1024.jpg 1536w, https:\/\/loudavymkrokem.cz\/wp-content\/uploads\/2026\/08\/articles-bonigen-10-696x464.jpg 696w, https:\/\/loudavymkrokem.cz\/wp-content\/uploads\/2026\/08\/articles-bonigen-10-1392x928.jpg 1392w\" sizes=\"(max-width: 1800px) 100vw, 1800px\" \/><button\n\t\t\tclass=\"lightbox-trigger\"\n\t\t\ttype=\"button\"\n\t\t\taria-haspopup=\"dialog\"\n\t\t\tdata-wp-bind--aria-label=\"state.thisImage.triggerButtonAriaLabel\"\n\t\t\tdata-wp-init=\"callbacks.initTriggerButton\"\n\t\t\tdata-wp-on--click=\"actions.showLightbox\"\n\t\t\tdata-wp-style--right=\"state.thisImage.buttonRight\"\n\t\t\tdata-wp-style--top=\"state.thisImage.buttonTop\"\n\t\t>\n\t\t\t<svg xmlns=\"http:\/\/www.w3.org\/2000\/svg\" width=\"12\" height=\"12\" fill=\"none\" viewBox=\"0 0 12 12\">\n\t\t\t\t<path fill=\"#fff\" d=\"M2 0a2 2 0 0 0-2 2v2h1.5V2a.5.5 0 0 1 .5-.5h2V0H2Zm2 10.5H2a.5.5 0 0 1-.5-.5V8H0v2a2 2 0 0 0 2 2h2v-1.5ZM8 12v-1.5h2a.5.5 0 0 0 .5-.5V8H12v2a2 2 0 0 1-2 2H8Zm2-12a2 2 0 0 1 2 2v2h-1.5V2a.5.5 0 0 0-.5-.5H8V0h2Z\" \/>\n\t\t\t<\/svg>\n\t\t<\/button><figcaption class=\"wp-element-caption\">Foto: Martin Abegglen from Bern, Switzerland \/ Wikimedia Commons, CC BY-SA 2.0<\/figcaption><\/figure>\n\n\n\n<h3 class=\"wp-block-heading\"><span class=\"ez-toc-section\" id=\"6_Plavba_historickym_parnikom_Lotschberg\"><\/span>6. Plavba historick\u00fdm parn\u00edkom L\u00f6tschberg<span class=\"ez-toc-section-end\"><\/span><\/h3>\n\n\n\n<p class=\"wp-block-paragraph\">Ak d\u00e1va\u0161 prednos\u0165 pohodliu pred fyzickou n\u00e1mahou, mus\u00ed\u0161 sa zviez\u0165 lo\u010fou. Po jazere operuje flotila spolo\u010dnosti BLS, ktorej najv\u00e4\u010d\u0161ou p\u00fdchou je <strong>kolesov\u00fd parn\u00edk DS L\u00f6tschberg z roku 1914<\/strong>. Plavba na tejto n\u00e1dherne zre\u0161taurovanej lodi \u0165a okam\u017eite prenesie do doby bezstarostnej Belle \u00c9poque.<\/p>\n\n\n\n<p class=\"wp-block-paragraph\">Flotila kri\u017euje jazero od za\u010diatku apr\u00edla do za\u010diatku decembra 2026. Be\u017en\u00e1 trasa vedie z Interlakenu cez B\u00f6nigen, Iseltwald a Giessbach a\u017e do mesta Brienz. <strong>Z\u00e1kladn\u00e1 cestovn\u00e1 l\u00edstok vyjde na 39 CHF<\/strong>, ale ak vlastn\u00ed\u0161 Bernese Oberland Pass alebo Swiss Travel Pass, m\u00e1\u0161 plavbu \u00faplne zadarmo. Deti od 6 do 15 rokov cestuj\u00fa za polovicu.<\/p>\n\n\n\n<p class=\"wp-block-paragraph\">Okrem be\u017en\u00fdch denn\u00fdch spojov sa v j\u00fali a auguste konaj\u00fa aj <strong>\u0161peci\u00e1lne sobotn\u00e9 ve\u010dern\u00e9 plavby<\/strong>. Sledova\u0165 z\u00e1pad slnka z paluby historick\u00e9ho parn\u00edka, zatia\u013e \u010do okolo teba ubiehaj\u00fa dramatick\u00e9 horsk\u00e9 zr\u00e1zy \u2014 to je ten najromantickej\u0161\u00ed z\u00e1\u017eitok, ak\u00fd si tu m\u00f4\u017ee\u0161 dopria\u0165.<\/p>\n\n\n\n<p class=\"wp-block-paragraph\">\ud83d\udca1 Tip: <strong>Cestovn\u00e9 poriadky a n\u00e1kup l\u00edstkov<\/strong> vopred vyrie\u0161i\u0161 na port\u00e1li <a href=\"https:\/\/www.bls-schiff.ch\" target=\"_blank\" rel=\"nofollow noopener\">BLS lode<\/a>. Odpor\u00fa\u010dam <strong>nalo\u010fova\u0165 sa u\u017e v Interlakene<\/strong>, aby si mal istotu, \u017ee zaberie\u0161 tie najlep\u0161ie miesta na hornej palube sk\u00f4r, ne\u017e lo\u010f doraz\u00ed do B\u00f6nigenu.<\/p>\n\n\n\n<figure data-wp-context=\"{&quot;imageId&quot;:&quot;6a95239412399&quot;}\" data-wp-interactive=\"core\/image\" data-wp-key=\"6a95239412399\" class=\"wp-block-image size-full wp-lightbox-container\"><img decoding=\"async\" width=\"1800\" height=\"1013\" data-wp-class--hide=\"state.isContentHidden\" data-wp-class--show=\"state.isContentVisible\" data-wp-init=\"callbacks.setButtonStyles\" data-wp-on--click=\"actions.showLightbox\" data-wp-on--load=\"callbacks.setButtonStyles\" data-wp-on--pointerdown=\"actions.preloadImage\" data-wp-on--pointerenter=\"actions.preloadImageWithDelay\" data-wp-on--pointerleave=\"actions.cancelPreload\" data-wp-on-window--resize=\"callbacks.setButtonStyles\" src=\"https:\/\/loudavymkrokem.cz\/wp-content\/uploads\/2026\/08\/articles-bonigen-11.jpg\" alt=\"Zna\u010den\u00e1 turistick\u00e1 stezka nad jazerom\" class=\"wp-image-404479\" title=\"\" srcset=\"https:\/\/loudavymkrokem.cz\/wp-content\/uploads\/2026\/08\/articles-bonigen-11.jpg 1800w, https:\/\/loudavymkrokem.cz\/wp-content\/uploads\/2026\/08\/articles-bonigen-11-300x169.jpg 300w, https:\/\/loudavymkrokem.cz\/wp-content\/uploads\/2026\/08\/articles-bonigen-11-700x394.jpg 700w, https:\/\/loudavymkrokem.cz\/wp-content\/uploads\/2026\/08\/articles-bonigen-11-768x432.jpg 768w, https:\/\/loudavymkrokem.cz\/wp-content\/uploads\/2026\/08\/articles-bonigen-11-1536x864.jpg 1536w, https:\/\/loudavymkrokem.cz\/wp-content\/uploads\/2026\/08\/articles-bonigen-11-696x392.jpg 696w, https:\/\/loudavymkrokem.cz\/wp-content\/uploads\/2026\/08\/articles-bonigen-11-1392x783.jpg 1392w\" sizes=\"(max-width: 1800px) 100vw, 1800px\" \/><button\n\t\t\tclass=\"lightbox-trigger\"\n\t\t\ttype=\"button\"\n\t\t\taria-haspopup=\"dialog\"\n\t\t\tdata-wp-bind--aria-label=\"state.thisImage.triggerButtonAriaLabel\"\n\t\t\tdata-wp-init=\"callbacks.initTriggerButton\"\n\t\t\tdata-wp-on--click=\"actions.showLightbox\"\n\t\t\tdata-wp-style--right=\"state.thisImage.buttonRight\"\n\t\t\tdata-wp-style--top=\"state.thisImage.buttonTop\"\n\t\t>\n\t\t\t<svg xmlns=\"http:\/\/www.w3.org\/2000\/svg\" width=\"12\" height=\"12\" fill=\"none\" viewBox=\"0 0 12 12\">\n\t\t\t\t<path fill=\"#fff\" d=\"M2 0a2 2 0 0 0-2 2v2h1.5V2a.5.5 0 0 1 .5-.5h2V0H2Zm2 10.5H2a.5.5 0 0 1-.5-.5V8H0v2a2 2 0 0 0 2 2h2v-1.5ZM8 12v-1.5h2a.5.5 0 0 0 .5-.5V8H12v2a2 2 0 0 1-2 2H8Zm2-12a2 2 0 0 1 2 2v2h-1.5V2a.5.5 0 0 0-.5-.5H8V0h2Z\" \/>\n\t\t\t<\/svg>\n\t\t<\/button><figcaption class=\"wp-element-caption\">Foto: Tina P. \/ Pexels<\/figcaption><\/figure>\n\n\n\n<h2 class=\"wp-block-heading\"><span class=\"ez-toc-section\" id=\"Turistika_z_Bonigenu_6_tras_ktore_stoja_za_to\"><\/span>Turistika z B\u00f6nigenu: 6 tr\u00e1s, ktor\u00e9 stoja za to<span class=\"ez-toc-section-end\"><\/span><\/h2>\n\n\n\n<p class=\"wp-block-paragraph\">Ak patr\u00ed\u0161 k t\u00fdm, \u010do si radi od\u0161liapu svoj v\u00fdlet od hotela bez nutnosti niekam doch\u00e1dza\u0165, B\u00f6nigen je tvoje miesto. Desiatky kilometrov <strong>perfektne zna\u010den\u00fdch chodn\u00edkov<\/strong> ti za\u010d\u00ednaj\u00fa hne\u010f za prahom. Regi\u00f3n pon\u00faka v\u0161etko od nen\u00e1ro\u010dn\u00fdch prech\u00e1dzok po brehu a\u017e po <strong>celodenn\u00e9 v\u00fdstupy s brut\u00e1lnym prev\u00fd\u0161en\u00edm<\/strong>.<\/p>\n\n\n\n<p class=\"wp-block-paragraph\">\u0160vaj\u010diarske turistick\u00e9 zna\u010denie je prec\u00edzne, ale nezab\u00fadaj, \u017ee si v Alp\u00e1ch. V\u017edy so sebou <strong>nos dostatok vody<\/strong>, kvalitn\u00fa mapu v telef\u00f3ne (napr\u00edklad aplik\u00e1ciu Komoot alebo Mapy.cz) a <strong>pevn\u00fa obuv<\/strong>. Po\u010dasie tu vie uk\u00e1za\u0165 svoju drsnej\u0161iu tv\u00e1r ve\u013emi ne\u010dakane.<\/p>\n\n\n\n<figure data-wp-context=\"{&quot;imageId&quot;:&quot;6a95239412a56&quot;}\" data-wp-interactive=\"core\/image\" data-wp-key=\"6a95239412a56\" class=\"wp-block-image size-full wp-lightbox-container\"><img decoding=\"async\" width=\"1800\" height=\"1200\" data-wp-class--hide=\"state.isContentHidden\" data-wp-class--show=\"state.isContentVisible\" data-wp-init=\"callbacks.setButtonStyles\" data-wp-on--click=\"actions.showLightbox\" data-wp-on--load=\"callbacks.setButtonStyles\" data-wp-on--pointerdown=\"actions.preloadImage\" data-wp-on--pointerenter=\"actions.preloadImageWithDelay\" data-wp-on--pointerleave=\"actions.cancelPreload\" data-wp-on-window--resize=\"callbacks.setButtonStyles\" src=\"https:\/\/loudavymkrokem.cz\/wp-content\/uploads\/2026\/08\/articles-bonigen-12.jpg\" alt=\"Vodop\u00e1d padaj\u00faci k Brienzsk\u00e9mu jazeru\" class=\"wp-image-404480\" title=\"\" srcset=\"https:\/\/loudavymkrokem.cz\/wp-content\/uploads\/2026\/08\/articles-bonigen-12.jpg 1800w, https:\/\/loudavymkrokem.cz\/wp-content\/uploads\/2026\/08\/articles-bonigen-12-300x200.jpg 300w, https:\/\/loudavymkrokem.cz\/wp-content\/uploads\/2026\/08\/articles-bonigen-12-700x467.jpg 700w, https:\/\/loudavymkrokem.cz\/wp-content\/uploads\/2026\/08\/articles-bonigen-12-768x512.jpg 768w, https:\/\/loudavymkrokem.cz\/wp-content\/uploads\/2026\/08\/articles-bonigen-12-1536x1024.jpg 1536w, https:\/\/loudavymkrokem.cz\/wp-content\/uploads\/2026\/08\/articles-bonigen-12-696x464.jpg 696w, https:\/\/loudavymkrokem.cz\/wp-content\/uploads\/2026\/08\/articles-bonigen-12-1392x928.jpg 1392w\" sizes=\"(max-width: 1800px) 100vw, 1800px\" \/><button\n\t\t\tclass=\"lightbox-trigger\"\n\t\t\ttype=\"button\"\n\t\t\taria-haspopup=\"dialog\"\n\t\t\tdata-wp-bind--aria-label=\"state.thisImage.triggerButtonAriaLabel\"\n\t\t\tdata-wp-init=\"callbacks.initTriggerButton\"\n\t\t\tdata-wp-on--click=\"actions.showLightbox\"\n\t\t\tdata-wp-style--right=\"state.thisImage.buttonRight\"\n\t\t\tdata-wp-style--top=\"state.thisImage.buttonTop\"\n\t\t>\n\t\t\t<svg xmlns=\"http:\/\/www.w3.org\/2000\/svg\" width=\"12\" height=\"12\" fill=\"none\" viewBox=\"0 0 12 12\">\n\t\t\t\t<path fill=\"#fff\" d=\"M2 0a2 2 0 0 0-2 2v2h1.5V2a.5.5 0 0 1 .5-.5h2V0H2Zm2 10.5H2a.5.5 0 0 1-.5-.5V8H0v2a2 2 0 0 0 2 2h2v-1.5ZM8 12v-1.5h2a.5.5 0 0 0 .5-.5V8H12v2a2 2 0 0 1-2 2H8Zm2-12a2 2 0 0 1 2 2v2h-1.5V2a.5.5 0 0 0-.5-.5H8V0h2Z\" \/>\n\t\t\t<\/svg>\n\t\t<\/button><figcaption class=\"wp-element-caption\">Foto: Tommes Frites \/ Pexels<\/figcaption><\/figure>\n\n\n\n<h3 class=\"wp-block-heading\"><span class=\"ez-toc-section\" id=\"7_Cesta_troch_vodopadov_po_etapach\"><\/span>7. Cesta troch vodop\u00e1dov po etap\u00e1ch<span class=\"ez-toc-section-end\"><\/span><\/h3>\n\n\n\n<p class=\"wp-block-paragraph\">Toto je jednozna\u010dne t\u00e1 <strong>najsl\u00e1vnej\u0161ia trasa celej oblasti<\/strong>, ktor\u00e1 vedie priamo po brehu Brienzskeho jazera z B\u00f6nigenu cez Iseltwald a\u017e do Brienzu. Cestou \u0165a \u010dakaj\u00fa <strong>tri \u00fachvatn\u00e9 vodop\u00e1dy<\/strong>: Erschwandenbachfall, M\u00fclibachfall a nakoniec tie najzn\u00e1mej\u0161ie Giessbachf\u00e4lle.<\/p>\n\n\n\n<p class=\"wp-block-paragraph\">Parametre celej trasy budia re\u0161pekt. Meria <strong>18,2 kilometra s prev\u00fd\u0161en\u00edm 466 metrov<\/strong> a zaberie ti zhruba 5 hod\u00edn a 15 min\u00fat \u010dist\u00e9ho \u010dasu ch\u00f4dze. Chodn\u00edk sa hojd\u00e1 hore a dolu pozd\u013a\u017e brehu medzi 565 a 775 metrami a pon\u00faka fantastick\u00e9 prieh\u013eady na tyrkysov\u00fa hladinu cez hust\u00e9 lesy.<\/p>\n\n\n\n<p class=\"wp-block-paragraph\">Geni\u00e1lne na tejto ceste je, \u017ee sa <strong>d\u00e1 \u013eahko rozdeli\u0165 na men\u0161ie etapy<\/strong>: z B\u00f6nigenu do Iseltwaldu 1 hodina 50 min\u00fat, k vodop\u00e1du M\u00fclibach \u010fal\u0161\u00edch 35 min\u00fat, odtia\u013e na Giessbach necel\u00e9 2 hodiny a do Brienzu posledn\u00e1 hodina a 20 min\u00fat. Najlep\u0161\u00ed trik je vyjs\u0165 pe\u0161i, d\u00f4js\u0165 k prv\u00e9mu alebo druh\u00e9mu vodop\u00e1du a potom nasko\u010di\u0165 na lo\u010f alebo autobus sp\u00e4\u0165.<\/p>\n\n\n\n<p class=\"wp-block-paragraph\">\ud83d\udca1 Tip: Ak h\u013ead\u00e1\u0161 ide\u00e1lny poldenn\u00fd v\u00fdlet, sk\u00fas <strong>prv\u00fa etapu z pr\u00edstaviska v B\u00f6nigene k vodop\u00e1du Erschwandenbach a \u010falej do Iseltwaldu<\/strong>. Za Iseltwaldom ale pozor: <strong>ch\u00fdba tu zna\u010denie smer \u201eIsch\u201c<\/strong> a je \u013eahk\u00e9 posledn\u00e9 dva vodop\u00e1dy min\u00fa\u0165.<\/p>\n\n\n\n<figure data-wp-context=\"{&quot;imageId&quot;:&quot;6a9523941325a&quot;}\" data-wp-interactive=\"core\/image\" data-wp-key=\"6a9523941325a\" class=\"wp-block-image size-full wp-lightbox-container\"><img decoding=\"async\" width=\"1800\" height=\"1350\" data-wp-class--hide=\"state.isContentHidden\" data-wp-class--show=\"state.isContentVisible\" data-wp-init=\"callbacks.setButtonStyles\" data-wp-on--click=\"actions.showLightbox\" data-wp-on--load=\"callbacks.setButtonStyles\" data-wp-on--pointerdown=\"actions.preloadImage\" data-wp-on--pointerenter=\"actions.preloadImageWithDelay\" data-wp-on--pointerleave=\"actions.cancelPreload\" data-wp-on-window--resize=\"callbacks.setButtonStyles\" src=\"https:\/\/loudavymkrokem.cz\/wp-content\/uploads\/2026\/08\/articles-bonigen-13.jpg\" alt=\"V\u00fdh\u013ead na B\u00f6nigen a jazero z okolit\u00fdch kopcov\" class=\"wp-image-404482\" title=\"\" srcset=\"https:\/\/loudavymkrokem.cz\/wp-content\/uploads\/2026\/08\/articles-bonigen-13.jpg 1800w, https:\/\/loudavymkrokem.cz\/wp-content\/uploads\/2026\/08\/articles-bonigen-13-300x225.jpg 300w, https:\/\/loudavymkrokem.cz\/wp-content\/uploads\/2026\/08\/articles-bonigen-13-700x525.jpg 700w, https:\/\/loudavymkrokem.cz\/wp-content\/uploads\/2026\/08\/articles-bonigen-13-768x576.jpg 768w, https:\/\/loudavymkrokem.cz\/wp-content\/uploads\/2026\/08\/articles-bonigen-13-1536x1152.jpg 1536w, https:\/\/loudavymkrokem.cz\/wp-content\/uploads\/2026\/08\/articles-bonigen-13-80x60.jpg 80w, https:\/\/loudavymkrokem.cz\/wp-content\/uploads\/2026\/08\/articles-bonigen-13-160x120.jpg 160w, https:\/\/loudavymkrokem.cz\/wp-content\/uploads\/2026\/08\/articles-bonigen-13-696x522.jpg 696w, https:\/\/loudavymkrokem.cz\/wp-content\/uploads\/2026\/08\/articles-bonigen-13-1392x1044.jpg 1392w\" sizes=\"(max-width: 1800px) 100vw, 1800px\" \/><button\n\t\t\tclass=\"lightbox-trigger\"\n\t\t\ttype=\"button\"\n\t\t\taria-haspopup=\"dialog\"\n\t\t\tdata-wp-bind--aria-label=\"state.thisImage.triggerButtonAriaLabel\"\n\t\t\tdata-wp-init=\"callbacks.initTriggerButton\"\n\t\t\tdata-wp-on--click=\"actions.showLightbox\"\n\t\t\tdata-wp-style--right=\"state.thisImage.buttonRight\"\n\t\t\tdata-wp-style--top=\"state.thisImage.buttonTop\"\n\t\t>\n\t\t\t<svg xmlns=\"http:\/\/www.w3.org\/2000\/svg\" width=\"12\" height=\"12\" fill=\"none\" viewBox=\"0 0 12 12\">\n\t\t\t\t<path fill=\"#fff\" d=\"M2 0a2 2 0 0 0-2 2v2h1.5V2a.5.5 0 0 1 .5-.5h2V0H2Zm2 10.5H2a.5.5 0 0 1-.5-.5V8H0v2a2 2 0 0 0 2 2h2v-1.5ZM8 12v-1.5h2a.5.5 0 0 0 .5-.5V8H12v2a2 2 0 0 1-2 2H8Zm2-12a2 2 0 0 1 2 2v2h-1.5V2a.5.5 0 0 0-.5-.5H8V0h2Z\" \/>\n\t\t\t<\/svg>\n\t\t<\/button><figcaption class=\"wp-element-caption\">Foto: Diacius \/ Wikimedia Commons, CC BY 4.0<\/figcaption><\/figure>\n\n\n\n<h3 class=\"wp-block-heading\"><span class=\"ez-toc-section\" id=\"8_Okruh_na_Sytiberg_55_km_aj_s_terennym_kocikom\"><\/span>8. Okruh na Sytiberg: 5,5 km aj s ter\u00e9nnym ko\u010d\u00edkom<span class=\"ez-toc-section-end\"><\/span><\/h3>\n\n\n\n<p class=\"wp-block-paragraph\">Ke\u010f chce\u0161 unikn\u00fa\u0165 od vody vy\u0161\u0161ie do kopcov a nechce sa ti cestova\u0165 \u010faleko, sk\u00fas tento <strong>miestny okruh (Rundwanderung Sytiberg)<\/strong>. \u0160tartuje <strong>priamo od turistickej kancel\u00e1rie<\/strong> a prevedie \u0165a cez horn\u00fa \u010das\u0165 dediny, kde si mimochodom prezrie\u0161 \u010fal\u0161ie historick\u00e9 domy.<\/p>\n\n\n\n<p class=\"wp-block-paragraph\">Pod\u013ea ofici\u00e1lnych d\u00e1t regi\u00f3nu meria okruh <strong>5,5 kilometra, trv\u00e1 hodinu a pol a nast\u00fapa\u0161 na \u0148om 146 metrov<\/strong>. Najvy\u0161\u0161\u00ed bod le\u017e\u00ed v 712 metroch, tak\u017ee o \u017eiadny vysokohorsk\u00fd ter\u00e9n nejde. Cesta \u0165a pretiahne hust\u00fdm lesom aj cez fotogenick\u00e9 horsk\u00e9 l\u00faky.<\/p>\n\n\n\n<p class=\"wp-block-paragraph\">Cestou minie\u0161 <strong>grilovacie miesto Oberallmi s v\u00fdh\u013eadom<\/strong> a prejde\u0161 kryt\u00fdm dreven\u00fdm mostom Aenderbergbr\u00fcgg, jedn\u00fdm z najfotogenickej\u0161\u00edch miest v okol\u00ed. Sp\u00e4\u0165 sa vracia\u0161 pozd\u013a\u017e rieky L\u00fctschine. Je to <strong>perfektn\u00e1 trasa na dopoludnie<\/strong>, ke\u010f nechce\u0161 tr\u00e1vi\u0165 cel\u00fd de\u0148 na noh\u00e1ch.<\/p>\n\n\n\n<p class=\"wp-block-paragraph\">\ud83d\udca1 Tip: Toto je <strong>jedin\u00e1 b\u00f6nigensk\u00e1 trasa ofici\u00e1lne veden\u00e1 ako zjazdn\u00e1 s ter\u00e9nnym ko\u010d\u00edkom<\/strong>, tak\u017ee je to jasn\u00e1 vo\u013eba, ke\u010f m\u00e1\u0161 so sebou najmen\u0161ie deti. Povrch v lese b\u00fdva po da\u017edi klzk\u00fd, obuj si rad\u0161ej pohorky s pevnou podr\u00e1\u017ekou.<\/p>\n\n\n\n<figure data-wp-context=\"{&quot;imageId&quot;:&quot;6a95239413a17&quot;}\" data-wp-interactive=\"core\/image\" data-wp-key=\"6a95239413a17\" class=\"wp-block-image size-full wp-lightbox-container\"><img decoding=\"async\" width=\"1800\" height=\"1013\" data-wp-class--hide=\"state.isContentHidden\" data-wp-class--show=\"state.isContentVisible\" data-wp-init=\"callbacks.setButtonStyles\" data-wp-on--click=\"actions.showLightbox\" data-wp-on--load=\"callbacks.setButtonStyles\" data-wp-on--pointerdown=\"actions.preloadImage\" data-wp-on--pointerenter=\"actions.preloadImageWithDelay\" data-wp-on--pointerleave=\"actions.cancelPreload\" data-wp-on-window--resize=\"callbacks.setButtonStyles\" src=\"https:\/\/loudavymkrokem.cz\/wp-content\/uploads\/2026\/08\/articles-bonigen-14.jpg\" alt=\"Panoramatick\u00fd v\u00fdh\u013ead z vrcholu nad jazerom\" class=\"wp-image-404484\" title=\"\" srcset=\"https:\/\/loudavymkrokem.cz\/wp-content\/uploads\/2026\/08\/articles-bonigen-14.jpg 1800w, https:\/\/loudavymkrokem.cz\/wp-content\/uploads\/2026\/08\/articles-bonigen-14-300x169.jpg 300w, https:\/\/loudavymkrokem.cz\/wp-content\/uploads\/2026\/08\/articles-bonigen-14-700x394.jpg 700w, https:\/\/loudavymkrokem.cz\/wp-content\/uploads\/2026\/08\/articles-bonigen-14-768x432.jpg 768w, https:\/\/loudavymkrokem.cz\/wp-content\/uploads\/2026\/08\/articles-bonigen-14-1536x864.jpg 1536w, https:\/\/loudavymkrokem.cz\/wp-content\/uploads\/2026\/08\/articles-bonigen-14-696x392.jpg 696w, https:\/\/loudavymkrokem.cz\/wp-content\/uploads\/2026\/08\/articles-bonigen-14-1392x783.jpg 1392w\" sizes=\"(max-width: 1800px) 100vw, 1800px\" \/><button\n\t\t\tclass=\"lightbox-trigger\"\n\t\t\ttype=\"button\"\n\t\t\taria-haspopup=\"dialog\"\n\t\t\tdata-wp-bind--aria-label=\"state.thisImage.triggerButtonAriaLabel\"\n\t\t\tdata-wp-init=\"callbacks.initTriggerButton\"\n\t\t\tdata-wp-on--click=\"actions.showLightbox\"\n\t\t\tdata-wp-style--right=\"state.thisImage.buttonRight\"\n\t\t\tdata-wp-style--top=\"state.thisImage.buttonTop\"\n\t\t>\n\t\t\t<svg xmlns=\"http:\/\/www.w3.org\/2000\/svg\" width=\"12\" height=\"12\" fill=\"none\" viewBox=\"0 0 12 12\">\n\t\t\t\t<path fill=\"#fff\" d=\"M2 0a2 2 0 0 0-2 2v2h1.5V2a.5.5 0 0 1 .5-.5h2V0H2Zm2 10.5H2a.5.5 0 0 1-.5-.5V8H0v2a2 2 0 0 0 2 2h2v-1.5ZM8 12v-1.5h2a.5.5 0 0 0 .5-.5V8H12v2a2 2 0 0 1-2 2H8Zm2-12a2 2 0 0 1 2 2v2h-1.5V2a.5.5 0 0 0-.5-.5H8V0h2Z\" \/>\n\t\t\t<\/svg>\n\t\t<\/button><figcaption class=\"wp-element-caption\">Foto: Sam Teano \/ Pexels<\/figcaption><\/figure>\n\n\n\n<h3 class=\"wp-block-heading\"><span class=\"ez-toc-section\" id=\"9_Okruh_Haslerenegg_854_m_s_vrcholovou_knihou\"><\/span>9. Okruh Haslerenegg (854 m) s vrcholovou knihou<span class=\"ez-toc-section-end\"><\/span><\/h3>\n\n\n\n<p class=\"wp-block-paragraph\">\u010eal\u0161\u00ed par\u00e1dny okruh za\u010d\u00edna op\u00e4\u0165 pri turistickej kancel\u00e1rii a vedie cez osady Ried a Stockeren a\u017e do tajomn\u00e9ho lesa Bannwald. Cie\u013eom je <strong>zalesnen\u00fd hrebe\u0148 Haslerenegg vo v\u00fd\u0161ke 854 metrov<\/strong>. Trasa meria <strong>6 kilometrov, nast\u00fapa\u0161 287 metrov a zaberie ti dve hodiny<\/strong>.<\/p>\n\n\n\n<p class=\"wp-block-paragraph\">Kopec v sebe ukr\u00fdva aj kus drsnej hist\u00f3rie. V <strong>30. rokoch 14. storo\u010dia<\/strong> sa tu stretli horali z Hasli s vojskom p\u00e1nov z Weissenburg-Unspunnen a boj prehrali. Na hroby padl\u00fdch dodnes ukazuje pomiestne meno \u201ein den Grebinen\u201c a v roku 1924 sa tu na\u0161iel \u017eelezn\u00fd o\u0161tep. Dnes tu vl\u00e1dne pokoj a na hrebeni n\u00e1jde\u0161 <strong>vrcholov\u00fa knihu<\/strong>, do ktorej sa m\u00f4\u017ee\u0161 podp\u00edsa\u0165.<\/p>\n\n\n\n<p class=\"wp-block-paragraph\">Spiato\u010dn\u00e1 cesta \u0165a zvedie cez Sytiberg a okolo grilovacieho miesta Oberallmi sp\u00e4\u0165 k jazeru. Trasa kombinuje <strong>tienist\u00e9 lesn\u00e9 chodn\u00edky<\/strong> so slne\u010dn\u00fdmi \u00fasekmi a je to jedna z t\u00fdch ciest, kde <strong>namiesto davov turistov<\/strong> stret\u00e1va\u0161 len miestnych na nede\u013enej prech\u00e1dzke so psom.<\/p>\n\n\n\n<p class=\"wp-block-paragraph\">\ud83d\udca1 Tip: Pribal si vlastn\u00e9 pero, aby si mohol do vrcholovej knihy zanecha\u0165 odkaz v sloven\u010dine. A ber v\u00e1\u017ene <strong>ofici\u00e1lne varovanie nechodi\u0165 sem za da\u017e\u010fa ani pri zamrznutom ter\u00e9ne<\/strong> \u2014 v\u00fdstup na hrebe\u0148 je strm\u00fd a \u0161tvrtina trasy vedie po \u00fazkom chodn\u00edku.<\/p>\n\n\n\n<figure data-wp-context=\"{&quot;imageId&quot;:&quot;6a95239414336&quot;}\" data-wp-interactive=\"core\/image\" data-wp-key=\"6a95239414336\" class=\"wp-block-image size-full wp-lightbox-container\"><img decoding=\"async\" width=\"1800\" height=\"1200\" data-wp-class--hide=\"state.isContentHidden\" data-wp-class--show=\"state.isContentVisible\" data-wp-init=\"callbacks.setButtonStyles\" data-wp-on--click=\"actions.showLightbox\" data-wp-on--load=\"callbacks.setButtonStyles\" data-wp-on--pointerdown=\"actions.preloadImage\" data-wp-on--pointerenter=\"actions.preloadImageWithDelay\" data-wp-on--pointerleave=\"actions.cancelPreload\" data-wp-on-window--resize=\"callbacks.setButtonStyles\" src=\"https:\/\/loudavymkrokem.cz\/wp-content\/uploads\/2026\/08\/articles-bonigen-15.jpg\" alt=\"Vodop\u00e1d ukryt\u00fd v lese nad B\u00f6nigenom\" class=\"wp-image-404489\" title=\"\" srcset=\"https:\/\/loudavymkrokem.cz\/wp-content\/uploads\/2026\/08\/articles-bonigen-15.jpg 1800w, https:\/\/loudavymkrokem.cz\/wp-content\/uploads\/2026\/08\/articles-bonigen-15-300x200.jpg 300w, https:\/\/loudavymkrokem.cz\/wp-content\/uploads\/2026\/08\/articles-bonigen-15-700x467.jpg 700w, https:\/\/loudavymkrokem.cz\/wp-content\/uploads\/2026\/08\/articles-bonigen-15-768x512.jpg 768w, https:\/\/loudavymkrokem.cz\/wp-content\/uploads\/2026\/08\/articles-bonigen-15-1536x1024.jpg 1536w, https:\/\/loudavymkrokem.cz\/wp-content\/uploads\/2026\/08\/articles-bonigen-15-696x464.jpg 696w, https:\/\/loudavymkrokem.cz\/wp-content\/uploads\/2026\/08\/articles-bonigen-15-1392x928.jpg 1392w\" sizes=\"(max-width: 1800px) 100vw, 1800px\" \/><button\n\t\t\tclass=\"lightbox-trigger\"\n\t\t\ttype=\"button\"\n\t\t\taria-haspopup=\"dialog\"\n\t\t\tdata-wp-bind--aria-label=\"state.thisImage.triggerButtonAriaLabel\"\n\t\t\tdata-wp-init=\"callbacks.initTriggerButton\"\n\t\t\tdata-wp-on--click=\"actions.showLightbox\"\n\t\t\tdata-wp-style--right=\"state.thisImage.buttonRight\"\n\t\t\tdata-wp-style--top=\"state.thisImage.buttonTop\"\n\t\t>\n\t\t\t<svg xmlns=\"http:\/\/www.w3.org\/2000\/svg\" width=\"12\" height=\"12\" fill=\"none\" viewBox=\"0 0 12 12\">\n\t\t\t\t<path fill=\"#fff\" d=\"M2 0a2 2 0 0 0-2 2v2h1.5V2a.5.5 0 0 1 .5-.5h2V0H2Zm2 10.5H2a.5.5 0 0 1-.5-.5V8H0v2a2 2 0 0 0 2 2h2v-1.5ZM8 12v-1.5h2a.5.5 0 0 0 .5-.5V8H12v2a2 2 0 0 1-2 2H8Zm2-12a2 2 0 0 1 2 2v2h-1.5V2a.5.5 0 0 0-.5-.5H8V0h2Z\" \/>\n\t\t\t<\/svg>\n\t\t<\/button><figcaption class=\"wp-element-caption\">Foto: Fez Brook \/ Pexels<\/figcaption><\/figure>\n\n\n\n<h3 class=\"wp-block-heading\"><span class=\"ez-toc-section\" id=\"10_Okruh_k_vodopadu_Erschwandenbach\"><\/span>10. Okruh k vodop\u00e1du Erschwandenbach<span class=\"ez-toc-section-end\"><\/span><\/h3>\n\n\n\n<p class=\"wp-block-paragraph\">Ak sa nechce\u0161 vyda\u0165 na cel\u00fa Cestu troch vodop\u00e1dov, m\u00f4\u017ee\u0161 si urobi\u0165 kr\u00e1sny uzavret\u00fd okruh len k tomu prv\u00e9mu z nich. Ofici\u00e1lny <strong>Rundwanderung Erschwandenfall meria 8,7 kilometra a zaberie ti asi 2 hodiny a 35 min\u00fat<\/strong> be\u017enej ch\u00f4dze.<\/p>\n\n\n\n<p class=\"wp-block-paragraph\">Cestou nast\u00fapa\u0161 len <strong>211 metrov a ofici\u00e1lne je trasa veden\u00e1 ako \u013eahk\u00e1<\/strong>, tak\u017ee sa jej nemus\u00ed\u0161 b\u00e1\u0165 ani s v\u00e4\u010d\u0161\u00edmi de\u0165mi. Vodop\u00e1d Erschwandenbach je n\u00e1dherne ukryt\u00fd v hlbokom lese a voda tu pad\u00e1 cez skaln\u00e9 previsy. V hor\u00facom letnom dni funguje okolie vodop\u00e1du ako dokonal\u00e1 pr\u00edrodn\u00e1 klimatiz\u00e1cia.<\/p>\n\n\n\n<p class=\"wp-block-paragraph\">Tento okruh je skvel\u00fd v tom, \u017ee \u0165a prevedie <strong>r\u00f4znymi typmi krajiny<\/strong>. Chv\u00ed\u013eu p\u00f4jde\u0161 pozd\u013a\u017e brehu, potom za\u010dne\u0161 st\u00fapa\u0165 do kopcov a nakoniec sa bude\u0161 vraca\u0165 lesn\u00fdmi cestami s <strong>prieh\u013eadmi na \u013eadovcov\u00e9 jazero<\/strong> v h\u013abke pod tebou. Cestou m\u00ed\u0148a\u0161 farmu s mal\u00fdm obchod\u00edkom, inak si na trase ni\u010d nek\u00fapi\u0161.<\/p>\n\n\n\n<p class=\"wp-block-paragraph\">\ud83d\udca1 Tip: K samotn\u00e9mu vodop\u00e1du sa st\u00fapa <strong>\u00fazkym lesn\u00fdm chodn\u00edkom<\/strong>, tak\u017ee sa <strong>hodia trekov\u00e9 palice<\/strong>, ktor\u00e9 ti od\u013eah\u010dia kolen\u00e1m pri zostupe sp\u00e4\u0165 do dediny.<\/p>\n\n\n\n<figure data-wp-context=\"{&quot;imageId&quot;:&quot;6a95239414bc1&quot;}\" data-wp-interactive=\"core\/image\" data-wp-key=\"6a95239414bc1\" class=\"wp-block-image size-full wp-lightbox-container\"><img decoding=\"async\" width=\"1800\" height=\"1199\" data-wp-class--hide=\"state.isContentHidden\" data-wp-class--show=\"state.isContentVisible\" data-wp-init=\"callbacks.setButtonStyles\" data-wp-on--click=\"actions.showLightbox\" data-wp-on--load=\"callbacks.setButtonStyles\" data-wp-on--pointerdown=\"actions.preloadImage\" data-wp-on--pointerenter=\"actions.preloadImageWithDelay\" data-wp-on--pointerleave=\"actions.cancelPreload\" data-wp-on-window--resize=\"callbacks.setButtonStyles\" src=\"https:\/\/loudavymkrokem.cz\/wp-content\/uploads\/2026\/08\/articles-bonigen-16.jpg\" alt=\"Pobre\u017en\u00fd chodn\u00edk pri Iseltwalde\" class=\"wp-image-404490\" title=\"\" srcset=\"https:\/\/loudavymkrokem.cz\/wp-content\/uploads\/2026\/08\/articles-bonigen-16.jpg 1800w, https:\/\/loudavymkrokem.cz\/wp-content\/uploads\/2026\/08\/articles-bonigen-16-300x200.jpg 300w, https:\/\/loudavymkrokem.cz\/wp-content\/uploads\/2026\/08\/articles-bonigen-16-700x466.jpg 700w, https:\/\/loudavymkrokem.cz\/wp-content\/uploads\/2026\/08\/articles-bonigen-16-768x512.jpg 768w, https:\/\/loudavymkrokem.cz\/wp-content\/uploads\/2026\/08\/articles-bonigen-16-1536x1023.jpg 1536w, https:\/\/loudavymkrokem.cz\/wp-content\/uploads\/2026\/08\/articles-bonigen-16-696x464.jpg 696w, https:\/\/loudavymkrokem.cz\/wp-content\/uploads\/2026\/08\/articles-bonigen-16-1392x927.jpg 1392w\" sizes=\"(max-width: 1800px) 100vw, 1800px\" \/><button\n\t\t\tclass=\"lightbox-trigger\"\n\t\t\ttype=\"button\"\n\t\t\taria-haspopup=\"dialog\"\n\t\t\tdata-wp-bind--aria-label=\"state.thisImage.triggerButtonAriaLabel\"\n\t\t\tdata-wp-init=\"callbacks.initTriggerButton\"\n\t\t\tdata-wp-on--click=\"actions.showLightbox\"\n\t\t\tdata-wp-style--right=\"state.thisImage.buttonRight\"\n\t\t\tdata-wp-style--top=\"state.thisImage.buttonTop\"\n\t\t>\n\t\t\t<svg xmlns=\"http:\/\/www.w3.org\/2000\/svg\" width=\"12\" height=\"12\" fill=\"none\" viewBox=\"0 0 12 12\">\n\t\t\t\t<path fill=\"#fff\" d=\"M2 0a2 2 0 0 0-2 2v2h1.5V2a.5.5 0 0 1 .5-.5h2V0H2Zm2 10.5H2a.5.5 0 0 1-.5-.5V8H0v2a2 2 0 0 0 2 2h2v-1.5ZM8 12v-1.5h2a.5.5 0 0 0 .5-.5V8H12v2a2 2 0 0 1-2 2H8Zm2-12a2 2 0 0 1 2 2v2h-1.5V2a.5.5 0 0 0-.5-.5H8V0h2Z\" \/>\n\t\t\t<\/svg>\n\t\t<\/button><figcaption class=\"wp-element-caption\">Foto: Jean-Paul Wettstein \/ Pexels<\/figcaption><\/figure>\n\n\n\n<h3 class=\"wp-block-heading\"><span class=\"ez-toc-section\" id=\"11_Pobrezny_chodnik_Uferweg_z_Iseltwaldu_na_Giessbach\"><\/span>11. Pobre\u017en\u00fd chodn\u00edk Uferweg z Iseltwaldu na Giessbach<span class=\"ez-toc-section-end\"><\/span><\/h3>\n\n\n\n<p class=\"wp-block-paragraph\">T\u00e1to trasa s\u00edce neza\u010d\u00edna priamo v B\u00f6nigene, ale je to jedna z najkraj\u0161\u00edch prech\u00e1dzok v celom \u0160vaj\u010diarsku, ktor\u00fa by bol hriech vynecha\u0165. R\u00e1no jednoducho nasadne\u0161 na <strong>autobus 103 (ktor\u00fd m\u00e1\u0161 s Guest Card zadarmo)<\/strong> alebo na lo\u010f a nech\u00e1\u0161 sa doviez\u0165 do susedn\u00e9ho Iseltwaldu, kde chodn\u00edk \u0161tartuje.<\/p>\n\n\n\n<p class=\"wp-block-paragraph\">Odtia\u013e vedie takzvan\u00e1 <strong>Uferweg priamo pozd\u013a\u017e skalnat\u00e9ho pobre\u017eia a\u017e ku Giessba\u0161sk\u00fdm vodop\u00e1dom<\/strong>. <strong>Ne\u010dakaj ale rovn\u00fa promen\u00e1du<\/strong> \u2014 hne\u010f v prvom kilometri nast\u00fapa\u0161 poldruhastovku metrov, cesta sa miestami zu\u017euje a niektor\u00e9 \u00faseky s\u00fa vytesan\u00e9 do skaly. Odmenou s\u00fa romantick\u00e9 z\u00e1toky, kde sa d\u00e1 v lete zvla\u017ei\u0165 nohy.<\/p>\n\n\n\n<p class=\"wp-block-paragraph\">Trasa meria <strong>zhruba 5,3 kilometra a zaberie hodinu a pol<\/strong>, serpent\u00edny pri vodop\u00e1doch s\u00fa ale poriadne strm\u00e9 a bez pal\u00edc sa po nich dolu ide nepr\u00edjemne. Cestou si ni\u010d na jedenie nek\u00fapi\u0161, desiatu ber so sebou. Odmeni\u0165 sa potom m\u00f4\u017ee\u0161 k\u00e1vou na terase historick\u00e9ho hotela a sp\u00e4\u0165 do B\u00f6nigenu odpl\u00e1va\u0165 poobedn\u00fdm parn\u00edkom.<\/p>\n\n\n\n<p class=\"wp-block-paragraph\">\ud83d\udca1 Tip: <strong>Chodn\u00edk b\u00fdva cez zimu uzavret\u00fd kv\u00f4li padaniu kame\u0148ov<\/strong> a otv\u00e1ra sa spravidla koncom marca \u2014 v sez\u00f3ne 2026 je priechodn\u00fd, ale pred v\u00fdletom si rad\u0161ej over aktu\u00e1lny stav na webe obc\u00ed Iseltwald alebo Brienz. A vyraz <strong>\u010do najsk\u00f4r r\u00e1no<\/strong>, poobede tu b\u00fdva plno.<\/p>\n\n\n\n<figure data-wp-context=\"{&quot;imageId&quot;:&quot;6a9523941540c&quot;}\" data-wp-interactive=\"core\/image\" data-wp-key=\"6a9523941540c\" class=\"wp-block-image size-full wp-lightbox-container\"><img decoding=\"async\" width=\"1800\" height=\"1200\" data-wp-class--hide=\"state.isContentHidden\" data-wp-class--show=\"state.isContentVisible\" data-wp-init=\"callbacks.setButtonStyles\" data-wp-on--click=\"actions.showLightbox\" data-wp-on--load=\"callbacks.setButtonStyles\" data-wp-on--pointerdown=\"actions.preloadImage\" data-wp-on--pointerenter=\"actions.preloadImageWithDelay\" data-wp-on--pointerleave=\"actions.cancelPreload\" data-wp-on-window--resize=\"callbacks.setButtonStyles\" src=\"https:\/\/loudavymkrokem.cz\/wp-content\/uploads\/2026\/08\/articles-bonigen-17.jpg\" alt=\"Lesn\u00fd chodn\u00edk st\u00fapaj\u00faci na Harder Kulm\" class=\"wp-image-404495\" title=\"\" srcset=\"https:\/\/loudavymkrokem.cz\/wp-content\/uploads\/2026\/08\/articles-bonigen-17.jpg 1800w, https:\/\/loudavymkrokem.cz\/wp-content\/uploads\/2026\/08\/articles-bonigen-17-300x200.jpg 300w, https:\/\/loudavymkrokem.cz\/wp-content\/uploads\/2026\/08\/articles-bonigen-17-700x467.jpg 700w, https:\/\/loudavymkrokem.cz\/wp-content\/uploads\/2026\/08\/articles-bonigen-17-768x512.jpg 768w, https:\/\/loudavymkrokem.cz\/wp-content\/uploads\/2026\/08\/articles-bonigen-17-1536x1024.jpg 1536w, https:\/\/loudavymkrokem.cz\/wp-content\/uploads\/2026\/08\/articles-bonigen-17-696x464.jpg 696w, https:\/\/loudavymkrokem.cz\/wp-content\/uploads\/2026\/08\/articles-bonigen-17-1392x928.jpg 1392w\" sizes=\"(max-width: 1800px) 100vw, 1800px\" \/><button\n\t\t\tclass=\"lightbox-trigger\"\n\t\t\ttype=\"button\"\n\t\t\taria-haspopup=\"dialog\"\n\t\t\tdata-wp-bind--aria-label=\"state.thisImage.triggerButtonAriaLabel\"\n\t\t\tdata-wp-init=\"callbacks.initTriggerButton\"\n\t\t\tdata-wp-on--click=\"actions.showLightbox\"\n\t\t\tdata-wp-style--right=\"state.thisImage.buttonRight\"\n\t\t\tdata-wp-style--top=\"state.thisImage.buttonTop\"\n\t\t>\n\t\t\t<svg xmlns=\"http:\/\/www.w3.org\/2000\/svg\" width=\"12\" height=\"12\" fill=\"none\" viewBox=\"0 0 12 12\">\n\t\t\t\t<path fill=\"#fff\" d=\"M2 0a2 2 0 0 0-2 2v2h1.5V2a.5.5 0 0 1 .5-.5h2V0H2Zm2 10.5H2a.5.5 0 0 1-.5-.5V8H0v2a2 2 0 0 0 2 2h2v-1.5ZM8 12v-1.5h2a.5.5 0 0 0 .5-.5V8H12v2a2 2 0 0 1-2 2H8Zm2-12a2 2 0 0 1 2 2v2h-1.5V2a.5.5 0 0 0-.5-.5H8V0h2Z\" \/>\n\t\t\t<\/svg>\n\t\t<\/button><figcaption class=\"wp-element-caption\">Foto: \u041f\u0430\u0432\u0435\u043b \u0413\u0430\u0432\u0440\u0438\u043a\u043e\u0432 \/ Pexels<\/figcaption><\/figure>\n\n\n\n<h3 class=\"wp-block-heading\"><span class=\"ez-toc-section\" id=\"12_Pesia_vyzva_Vystup_na_Harder_Kulm\"><\/span>12. Pe\u0161ia v\u00fdzva: V\u00fdstup na Harder Kulm<span class=\"ez-toc-section-end\"><\/span><\/h3>\n\n\n\n<p class=\"wp-block-paragraph\">V\u00e4\u010d\u0161ina turistov sa na <strong>vyhliadku Harder Kulm<\/strong> vyvezie pohodlne lanovkou, ale pre zdatn\u00fdch chodcov tu existuje ove\u013ea v\u00e4\u010d\u0161ia v\u00fdzva. Z B\u00f6nigenu si m\u00f4\u017ee\u0161 cel\u00fa cestu a\u017e na vrchol poctivo od\u0161liapa\u0165 pe\u0161i. Priprav sa ale na to, \u017ee to bude <strong>poriadny zabijak pre tvoje l\u00fdtka<\/strong>.<\/p>\n\n\n\n<p class=\"wp-block-paragraph\">Pod\u013ea z\u00e1znamov z Komootu meria tento celodenn\u00fd okruh <strong>13,5 kilometra a \u010dist\u00fd \u010das ch\u00f4dze je 5 hod\u00edn a 16 min\u00fat<\/strong>. Cestou mus\u00ed\u0161 prekona\u0165 drsn\u00e9 <strong>prev\u00fd\u0161enie 750 metrov<\/strong>, \u010do trasu jasne rad\u00ed do kateg\u00f3rie n\u00e1ro\u010dn\u00fdch. St\u00fapanie je s\u00edce bezpe\u010dn\u00e9, ale ve\u013emi strm\u00e9 a nekone\u010dn\u00e9.<\/p>\n\n\n\n<p class=\"wp-block-paragraph\">Odmena za t\u00fa drinu je ale sladk\u00e1. Z\u00edska\u0161 neopakovate\u013en\u00fd pocit zados\u0165u\u010dinenia, ke\u010f <strong>doraz\u00ed\u0161 na vyhliadkov\u00fa plo\u0161inu<\/strong> medzi turistov, ktor\u00ed pr\u00e1ve vyst\u00fapili z lanovky. Cestou hore navy\u0161e <strong>stretne\u0161 len minimum \u013eud\u00ed<\/strong> a u\u017eije\u0161 si ticho lesa, ktor\u00e9 na samotnom vrchole rozhodne nen\u00e1jde\u0161.<\/p>\n\n\n\n<p class=\"wp-block-paragraph\">\ud83d\udca1 Tip: Ak ti hore d\u00f4jdu sily, v\u00f4bec ni\u010d sa nedeje. M\u00f4\u017ee\u0161 si v re\u0161taur\u00e1cii k\u00fapi\u0165 <strong>jednosmern\u00fd l\u00edstok na lanovku<\/strong> dolu do Interlakenu a <strong>zvy\u0161ok cesty sa zviez\u0165 autobusom<\/strong>.<\/p>\n\n\n\n<figure data-wp-context=\"{&quot;imageId&quot;:&quot;6a95239415d6a&quot;}\" data-wp-interactive=\"core\/image\" data-wp-key=\"6a95239415d6a\" class=\"wp-block-image size-full wp-lightbox-container\"><img decoding=\"async\" width=\"1920\" height=\"1280\" data-wp-class--hide=\"state.isContentHidden\" data-wp-class--show=\"state.isContentVisible\" data-wp-init=\"callbacks.setButtonStyles\" data-wp-on--click=\"actions.showLightbox\" data-wp-on--load=\"callbacks.setButtonStyles\" data-wp-on--pointerdown=\"actions.preloadImage\" data-wp-on--pointerenter=\"actions.preloadImageWithDelay\" data-wp-on--pointerleave=\"actions.cancelPreload\" data-wp-on-window--resize=\"callbacks.setButtonStyles\" src=\"https:\/\/loudavymkrokem.cz\/wp-content\/uploads\/2026\/08\/bonigen-lanovka-grindelwald-first.jpg\" alt=\"Gondolov\u00e1 lanovka z Grindelwaldu na First nad alpsk\u00fdmi l\u00fakami\" class=\"wp-image-407333\" title=\"\" srcset=\"https:\/\/loudavymkrokem.cz\/wp-content\/uploads\/2026\/08\/bonigen-lanovka-grindelwald-first.jpg 1920w, https:\/\/loudavymkrokem.cz\/wp-content\/uploads\/2026\/08\/bonigen-lanovka-grindelwald-first-300x200.jpg 300w, https:\/\/loudavymkrokem.cz\/wp-content\/uploads\/2026\/08\/bonigen-lanovka-grindelwald-first-700x467.jpg 700w, https:\/\/loudavymkrokem.cz\/wp-content\/uploads\/2026\/08\/bonigen-lanovka-grindelwald-first-768x512.jpg 768w, https:\/\/loudavymkrokem.cz\/wp-content\/uploads\/2026\/08\/bonigen-lanovka-grindelwald-first-1536x1024.jpg 1536w, https:\/\/loudavymkrokem.cz\/wp-content\/uploads\/2026\/08\/bonigen-lanovka-grindelwald-first-696x464.jpg 696w, https:\/\/loudavymkrokem.cz\/wp-content\/uploads\/2026\/08\/bonigen-lanovka-grindelwald-first-1392x928.jpg 1392w\" sizes=\"(max-width: 1920px) 100vw, 1920px\" \/><button\n\t\t\tclass=\"lightbox-trigger\"\n\t\t\ttype=\"button\"\n\t\t\taria-haspopup=\"dialog\"\n\t\t\tdata-wp-bind--aria-label=\"state.thisImage.triggerButtonAriaLabel\"\n\t\t\tdata-wp-init=\"callbacks.initTriggerButton\"\n\t\t\tdata-wp-on--click=\"actions.showLightbox\"\n\t\t\tdata-wp-style--right=\"state.thisImage.buttonRight\"\n\t\t\tdata-wp-style--top=\"state.thisImage.buttonTop\"\n\t\t>\n\t\t\t<svg xmlns=\"http:\/\/www.w3.org\/2000\/svg\" width=\"12\" height=\"12\" fill=\"none\" viewBox=\"0 0 12 12\">\n\t\t\t\t<path fill=\"#fff\" d=\"M2 0a2 2 0 0 0-2 2v2h1.5V2a.5.5 0 0 1 .5-.5h2V0H2Zm2 10.5H2a.5.5 0 0 1-.5-.5V8H0v2a2 2 0 0 0 2 2h2v-1.5ZM8 12v-1.5h2a.5.5 0 0 0 .5-.5V8H12v2a2 2 0 0 1-2 2H8Zm2-12a2 2 0 0 1 2 2v2h-1.5V2a.5.5 0 0 0-.5-.5H8V0h2Z\" \/>\n\t\t\t<\/svg>\n\t\t<\/button><figcaption class=\"wp-element-caption\">Foto: W. Bulach \/ Wikimedia Commons, CC BY-SA 4.0<\/figcaption><\/figure>\n\n\n\n<h2 class=\"wp-block-heading\"><span class=\"ez-toc-section\" id=\"Tury_kam_ta_vyvezie_lanovka_6_tras_nad_udolim\"><\/span>T\u00fary, kam \u0165a vyvezie lanovka: 6 tr\u00e1s nad \u00fadol\u00edm<span class=\"ez-toc-section-end\"><\/span><\/h2>\n\n\n\n<p class=\"wp-block-paragraph\">Toto je vec, ktor\u00fa som sama pochopila a\u017e na mieste: <strong>v Bernskom Oberlande sa skoro nikam nechod\u00ed zdola<\/strong>. Klasika je vyviez\u0165 sa lanovkou alebo zuba\u010dkou nad hranicu lesa a a\u017e tam za\u010da\u0165 \u00eds\u0165. U\u0161etr\u00ed\u0161 si tis\u00edc v\u00fd\u0161kov\u00fdch metrov driny a rovno sa ocitne\u0161 v krajine, kv\u00f4li ktorej si sem pri\u0161la.<\/p>\n\n\n\n<p class=\"wp-block-paragraph\">Po\u010d\u00edtaj ale s t\u00fdm, \u017ee <strong>\u0161vaj\u010diarske lanovky s\u00fa brut\u00e1lne drah\u00e9<\/strong>. Ak pl\u00e1nuje\u0161 viac ne\u017e dva tak\u00e9 v\u00fdlety, spo\u010d\u00edtaj si <strong>Bernese Oberland Pass<\/strong> \u2014 na tri dni stoj\u00ed 240 frankov a sp\u00fastu dr\u00e1h m\u00e1\u0161 s n\u00edm zadarmo alebo za polovicu. A na drah\u00e9 vyhliadky cho\u010f len za jasn\u00e9ho po\u010dasia, inak zaplat\u00ed\u0161 desiatky frankov za poh\u013ead do hmly.<\/p>\n\n\n\n<figure data-wp-context=\"{&quot;imageId&quot;:&quot;6a952394164b3&quot;}\" data-wp-interactive=\"core\/image\" data-wp-key=\"6a952394164b3\" class=\"wp-block-image size-full wp-lightbox-container\"><img decoding=\"async\" width=\"1920\" height=\"1080\" data-wp-class--hide=\"state.isContentHidden\" data-wp-class--show=\"state.isContentVisible\" data-wp-init=\"callbacks.setButtonStyles\" data-wp-on--click=\"actions.showLightbox\" data-wp-on--load=\"callbacks.setButtonStyles\" data-wp-on--pointerdown=\"actions.preloadImage\" data-wp-on--pointerenter=\"actions.preloadImageWithDelay\" data-wp-on--pointerleave=\"actions.cancelPreload\" data-wp-on-window--resize=\"callbacks.setButtonStyles\" src=\"https:\/\/loudavymkrokem.cz\/wp-content\/uploads\/2026\/08\/bonigen-bachalpsee-jezero-first-1.jpg\" alt=\"Horsk\u00e9 jazero Bachalpsee nad Grindelwaldom s odrazom \u013eadovcov\u00fdch \u0161t\u00edtov\" class=\"wp-image-407122\" title=\"\" srcset=\"https:\/\/loudavymkrokem.cz\/wp-content\/uploads\/2026\/08\/bonigen-bachalpsee-jezero-first-1.jpg 1920w, https:\/\/loudavymkrokem.cz\/wp-content\/uploads\/2026\/08\/bonigen-bachalpsee-jezero-first-1-300x169.jpg 300w, https:\/\/loudavymkrokem.cz\/wp-content\/uploads\/2026\/08\/bonigen-bachalpsee-jezero-first-1-700x394.jpg 700w, https:\/\/loudavymkrokem.cz\/wp-content\/uploads\/2026\/08\/bonigen-bachalpsee-jezero-first-1-768x432.jpg 768w, https:\/\/loudavymkrokem.cz\/wp-content\/uploads\/2026\/08\/bonigen-bachalpsee-jezero-first-1-1536x864.jpg 1536w, https:\/\/loudavymkrokem.cz\/wp-content\/uploads\/2026\/08\/bonigen-bachalpsee-jezero-first-1-696x392.jpg 696w, https:\/\/loudavymkrokem.cz\/wp-content\/uploads\/2026\/08\/bonigen-bachalpsee-jezero-first-1-1392x783.jpg 1392w\" sizes=\"(max-width: 1920px) 100vw, 1920px\" \/><button\n\t\t\tclass=\"lightbox-trigger\"\n\t\t\ttype=\"button\"\n\t\t\taria-haspopup=\"dialog\"\n\t\t\tdata-wp-bind--aria-label=\"state.thisImage.triggerButtonAriaLabel\"\n\t\t\tdata-wp-init=\"callbacks.initTriggerButton\"\n\t\t\tdata-wp-on--click=\"actions.showLightbox\"\n\t\t\tdata-wp-style--right=\"state.thisImage.buttonRight\"\n\t\t\tdata-wp-style--top=\"state.thisImage.buttonTop\"\n\t\t>\n\t\t\t<svg xmlns=\"http:\/\/www.w3.org\/2000\/svg\" width=\"12\" height=\"12\" fill=\"none\" viewBox=\"0 0 12 12\">\n\t\t\t\t<path fill=\"#fff\" d=\"M2 0a2 2 0 0 0-2 2v2h1.5V2a.5.5 0 0 1 .5-.5h2V0H2Zm2 10.5H2a.5.5 0 0 1-.5-.5V8H0v2a2 2 0 0 0 2 2h2v-1.5ZM8 12v-1.5h2a.5.5 0 0 0 .5-.5V8H12v2a2 2 0 0 1-2 2H8Zm2-12a2 2 0 0 1 2 2v2h-1.5V2a.5.5 0 0 0-.5-.5H8V0h2Z\" \/>\n\t\t\t<\/svg>\n\t\t<\/button><figcaption class=\"wp-element-caption\">Foto: Chnebelh\u00e4x \/ Wikimedia Commons, CC BY-SA 4.0<\/figcaption><\/figure>\n\n\n\n<h3 class=\"wp-block-heading\"><span class=\"ez-toc-section\" id=\"13_Od_First_k_jazeru_Bachalpsee\"><\/span>13. Od First k jazeru Bachalpsee<span class=\"ez-toc-section-end\"><\/span><\/h3>\n\n\n\n<p class=\"wp-block-paragraph\">Ak m\u00e1\u0161 \u010das len na jednu horsk\u00fa t\u00faru v okol\u00ed, nech je to t\u00e1to. Z Grindelwaldu \u0165a gondola vyvezie na <strong>First vo v\u00fd\u0161ke 2 167 metrov<\/strong> a odtia\u013e sa ide po \u0161irokej udr\u017eiavanej ceste k <strong>jazeru Bachalpsee v 2 265 metroch<\/strong>. Tam a sp\u00e4\u0165 to trv\u00e1 <strong>necel\u00e9 dve hodiny a nast\u00fapa\u0161 len nie\u010do cez 200 metrov<\/strong>.<\/p>\n\n\n\n<p class=\"wp-block-paragraph\">To jazero je d\u00f4vod, pre\u010do sa sem chod\u00ed. Za bezvetria sa v \u0148om zrkadl\u00ed <strong>Wetterhorn, Schreckhorn a Finsteraarhorn<\/strong>, teda \u013eadovcov\u00e9 \u0161tvortis\u00edcovky, ktor\u00e9 m\u00e1\u0161 naraz cel\u00e9 na hladine pod sebou. Je to jedna z najfotografovanej\u0161\u00edch scen\u00e9ri\u00ed \u0161vaj\u010diarskych \u00c1lp a na\u017eivo funguje e\u0161te lep\u0161ie ne\u017e na fotk\u00e1ch.<\/p>\n\n\n\n<p class=\"wp-block-paragraph\">Z Interlakenu sem d\u00f4jde\u0161 vlakom do Grindelwaldu za zhruba 35 min\u00fat a potom gondolou \u010fal\u0161\u00edch 25 min\u00fat. <strong>Spiato\u010dn\u00fd l\u00edstok na First stoj\u00ed v hlavnej sez\u00f3ne 76 frankov<\/strong>, s polovi\u010dn\u00fdm cestovn\u00fdm alebo Swiss Travel Pass zaplat\u00ed\u0161 38.<\/p>\n\n\n\n<p class=\"wp-block-paragraph\">\ud83d\udca1 Tip: Vyraz hne\u010f prv\u00fdm rann\u00fdm spojom \u2014 okolo desiatej sa cesta k jazeru men\u00ed na popojazduj\u00faci z\u00e1stup a <strong>hladina b\u00fdva po poludn\u00ed zvlnen\u00e1 vetrom<\/strong>, tak\u017ee odraz h\u00f4r u\u017e nezachyt\u00ed\u0161. A vo vlaku z Interlakenu si <strong>sadni do zadnej \u010dasti s\u00fapravy<\/strong>: vo Zweil\u00fctschinene sa vlak del\u00ed a predn\u00e1 polovica ide do Lauterbrunnenu.<\/p>\n\n\n\n<figure data-wp-context=\"{&quot;imageId&quot;:&quot;6a95239416c70&quot;}\" data-wp-interactive=\"core\/image\" data-wp-key=\"6a95239416c70\" class=\"wp-block-image size-full wp-lightbox-container\"><img decoding=\"async\" width=\"1920\" height=\"1440\" data-wp-class--hide=\"state.isContentHidden\" data-wp-class--show=\"state.isContentVisible\" data-wp-init=\"callbacks.setButtonStyles\" data-wp-on--click=\"actions.showLightbox\" data-wp-on--load=\"callbacks.setButtonStyles\" data-wp-on--pointerdown=\"actions.preloadImage\" data-wp-on--pointerenter=\"actions.preloadImageWithDelay\" data-wp-on--pointerleave=\"actions.cancelPreload\" data-wp-on-window--resize=\"callbacks.setButtonStyles\" src=\"https:\/\/loudavymkrokem.cz\/wp-content\/uploads\/2026\/08\/bonigen-faulhorn-horsky-hotel-1.jpg\" alt=\"Vrchol Faulhornu s historick\u00fdm horsk\u00fdm hotelom z roku 1832\" class=\"wp-image-407129\" title=\"\" srcset=\"https:\/\/loudavymkrokem.cz\/wp-content\/uploads\/2026\/08\/bonigen-faulhorn-horsky-hotel-1.jpg 1920w, https:\/\/loudavymkrokem.cz\/wp-content\/uploads\/2026\/08\/bonigen-faulhorn-horsky-hotel-1-300x225.jpg 300w, https:\/\/loudavymkrokem.cz\/wp-content\/uploads\/2026\/08\/bonigen-faulhorn-horsky-hotel-1-700x525.jpg 700w, https:\/\/loudavymkrokem.cz\/wp-content\/uploads\/2026\/08\/bonigen-faulhorn-horsky-hotel-1-768x576.jpg 768w, https:\/\/loudavymkrokem.cz\/wp-content\/uploads\/2026\/08\/bonigen-faulhorn-horsky-hotel-1-1536x1152.jpg 1536w, https:\/\/loudavymkrokem.cz\/wp-content\/uploads\/2026\/08\/bonigen-faulhorn-horsky-hotel-1-80x60.jpg 80w, https:\/\/loudavymkrokem.cz\/wp-content\/uploads\/2026\/08\/bonigen-faulhorn-horsky-hotel-1-160x120.jpg 160w, https:\/\/loudavymkrokem.cz\/wp-content\/uploads\/2026\/08\/bonigen-faulhorn-horsky-hotel-1-696x522.jpg 696w, https:\/\/loudavymkrokem.cz\/wp-content\/uploads\/2026\/08\/bonigen-faulhorn-horsky-hotel-1-1392x1044.jpg 1392w\" sizes=\"(max-width: 1920px) 100vw, 1920px\" \/><button\n\t\t\tclass=\"lightbox-trigger\"\n\t\t\ttype=\"button\"\n\t\t\taria-haspopup=\"dialog\"\n\t\t\tdata-wp-bind--aria-label=\"state.thisImage.triggerButtonAriaLabel\"\n\t\t\tdata-wp-init=\"callbacks.initTriggerButton\"\n\t\t\tdata-wp-on--click=\"actions.showLightbox\"\n\t\t\tdata-wp-style--right=\"state.thisImage.buttonRight\"\n\t\t\tdata-wp-style--top=\"state.thisImage.buttonTop\"\n\t\t>\n\t\t\t<svg xmlns=\"http:\/\/www.w3.org\/2000\/svg\" width=\"12\" height=\"12\" fill=\"none\" viewBox=\"0 0 12 12\">\n\t\t\t\t<path fill=\"#fff\" d=\"M2 0a2 2 0 0 0-2 2v2h1.5V2a.5.5 0 0 1 .5-.5h2V0H2Zm2 10.5H2a.5.5 0 0 1-.5-.5V8H0v2a2 2 0 0 0 2 2h2v-1.5ZM8 12v-1.5h2a.5.5 0 0 0 .5-.5V8H12v2a2 2 0 0 1-2 2H8Zm2-12a2 2 0 0 1 2 2v2h-1.5V2a.5.5 0 0 0-.5-.5H8V0h2Z\" \/>\n\t\t\t<\/svg>\n\t\t<\/button><figcaption class=\"wp-element-caption\">Foto: Whgler \/ Wikimedia Commons, CC BY-SA 3.0<\/figcaption><\/figure>\n\n\n\n<h3 class=\"wp-block-heading\"><span class=\"ez-toc-section\" id=\"14_Kralovska_hrebenovka_Schynige_Platte_%E2%80%93_Faulhorn_%E2%80%93_First\"><\/span>14. Kr\u00e1\u013eovsk\u00e1 hrebe\u0148ovka Schynige Platte \u2013 Faulhorn \u2013 First<span class=\"ez-toc-section-end\"><\/span><\/h3>\n\n\n\n<p class=\"wp-block-paragraph\">Toto je najsl\u00e1vnej\u0161ia denn\u00e1 t\u00fara cel\u00e9ho regi\u00f3nu a franc\u00fazske aj anglick\u00e9 zdroje ju zhodne radia medzi najkraj\u0161ie vo \u0160vaj\u010diarsku. Vyvezie\u0161 sa zuba\u010dkou na <strong>Schynige Platte<\/strong>, cel\u00fd de\u0148 ide\u0161 po hrebeni s Thunsk\u00fdm aj Brienzskym jazerom po jednej strane a Eigerom, M\u00f6nchom a Jungfrau po druhej, a dolu z\u00edde\u0161 gondolou z Firstu.<\/p>\n\n\n\n<p class=\"wp-block-paragraph\">Je to <strong>zhruba 16 a\u017e 17 kilometrov a po\u010d\u00edtaj so \u0161iestimi a\u017e \u00f4smimi hodinami<\/strong> pod\u013ea toho, ako \u010dasto sa bude\u0161 zastavova\u0165. Najvy\u0161\u0161\u00ed bod je <strong>Faulhorn v 2 681 metroch<\/strong>, kam zo Schynige Platte vyst\u00fapa\u0161 za 4 hodiny a 10 min\u00fat. Cestou m\u00ed\u0148a\u0161 jazero S\u00e4gistalsee a v samotnom z\u00e1vere zostupuje\u0161 okolo Bachalpsee.<\/p>\n\n\n\n<p class=\"wp-block-paragraph\">Na vrchole Faulhornu stoj\u00ed <strong>horsk\u00fd hotel z roku 1832<\/strong> \u2014 star\u0161ie s\u00fa vo \u0160vaj\u010diarsku len dva. D\u00e1 sa v \u0148om prespa\u0165 a je to varianta, ktor\u00fa by som zv\u00e1\u017eila ka\u017ed\u00e9mu, kto si nechce cel\u00fa trasu od\u0161liapa\u0165 naraz. Rozdel\u00ed\u0161 si ju na dva pohodov\u00e9 dni a k tomu m\u00e1\u0161 v\u00fdchod slnka nad \u013eadovcami.<\/p>\n\n\n\n<p class=\"wp-block-paragraph\">\ud83d\udca1 Tip: Str\u00e1\u017e si cestovn\u00fd poriadok \u2014 <strong>zuba\u010dka na Schynige Platte jazd\u00ed a\u017e od 13. j\u00fana do 25. okt\u00f3bra<\/strong> a posledn\u00e1 gondola z Firstu odch\u00e1dza poobede. Noc\u013eah na Faulhorne vyjde <strong>od 80 frankov aj s polpenziou<\/strong>, ale po\u010d\u00edtaj s t\u00fdm, \u017ee hore <strong>nie s\u00fa sprchy ani pitn\u00e1 voda<\/strong> a do noc\u013eah\u00e1rne je povinn\u00e1 vlo\u017eka do spac\u00e1ka.<\/p>\n\n\n\n<figure data-wp-context=\"{&quot;imageId&quot;:&quot;6a952394174f7&quot;}\" data-wp-interactive=\"core\/image\" data-wp-key=\"6a952394174f7\" class=\"wp-block-image size-full wp-lightbox-container\"><img decoding=\"async\" width=\"1600\" height=\"1200\" data-wp-class--hide=\"state.isContentHidden\" data-wp-class--show=\"state.isContentVisible\" data-wp-init=\"callbacks.setButtonStyles\" data-wp-on--click=\"actions.showLightbox\" data-wp-on--load=\"callbacks.setButtonStyles\" data-wp-on--pointerdown=\"actions.preloadImage\" data-wp-on--pointerenter=\"actions.preloadImageWithDelay\" data-wp-on--pointerleave=\"actions.cancelPreload\" data-wp-on-window--resize=\"callbacks.setButtonStyles\" src=\"https:\/\/loudavymkrokem.cz\/wp-content\/uploads\/2026\/08\/bonigen-mannlichen-kleine-scheidegg-1.jpg\" alt=\"Panoramatick\u00e1 cesta z M\u00e4nnlichenu na Kleine Scheidegg s mas\u00edvom Jungfrau\" class=\"wp-image-407132\" title=\"\" srcset=\"https:\/\/loudavymkrokem.cz\/wp-content\/uploads\/2026\/08\/bonigen-mannlichen-kleine-scheidegg-1.jpg 1600w, https:\/\/loudavymkrokem.cz\/wp-content\/uploads\/2026\/08\/bonigen-mannlichen-kleine-scheidegg-1-300x225.jpg 300w, https:\/\/loudavymkrokem.cz\/wp-content\/uploads\/2026\/08\/bonigen-mannlichen-kleine-scheidegg-1-700x525.jpg 700w, https:\/\/loudavymkrokem.cz\/wp-content\/uploads\/2026\/08\/bonigen-mannlichen-kleine-scheidegg-1-768x576.jpg 768w, https:\/\/loudavymkrokem.cz\/wp-content\/uploads\/2026\/08\/bonigen-mannlichen-kleine-scheidegg-1-1536x1152.jpg 1536w, https:\/\/loudavymkrokem.cz\/wp-content\/uploads\/2026\/08\/bonigen-mannlichen-kleine-scheidegg-1-80x60.jpg 80w, https:\/\/loudavymkrokem.cz\/wp-content\/uploads\/2026\/08\/bonigen-mannlichen-kleine-scheidegg-1-160x120.jpg 160w, https:\/\/loudavymkrokem.cz\/wp-content\/uploads\/2026\/08\/bonigen-mannlichen-kleine-scheidegg-1-696x522.jpg 696w, https:\/\/loudavymkrokem.cz\/wp-content\/uploads\/2026\/08\/bonigen-mannlichen-kleine-scheidegg-1-1392x1044.jpg 1392w\" sizes=\"(max-width: 1600px) 100vw, 1600px\" \/><button\n\t\t\tclass=\"lightbox-trigger\"\n\t\t\ttype=\"button\"\n\t\t\taria-haspopup=\"dialog\"\n\t\t\tdata-wp-bind--aria-label=\"state.thisImage.triggerButtonAriaLabel\"\n\t\t\tdata-wp-init=\"callbacks.initTriggerButton\"\n\t\t\tdata-wp-on--click=\"actions.showLightbox\"\n\t\t\tdata-wp-style--right=\"state.thisImage.buttonRight\"\n\t\t\tdata-wp-style--top=\"state.thisImage.buttonTop\"\n\t\t>\n\t\t\t<svg xmlns=\"http:\/\/www.w3.org\/2000\/svg\" width=\"12\" height=\"12\" fill=\"none\" viewBox=\"0 0 12 12\">\n\t\t\t\t<path fill=\"#fff\" d=\"M2 0a2 2 0 0 0-2 2v2h1.5V2a.5.5 0 0 1 .5-.5h2V0H2Zm2 10.5H2a.5.5 0 0 1-.5-.5V8H0v2a2 2 0 0 0 2 2h2v-1.5ZM8 12v-1.5h2a.5.5 0 0 0 .5-.5V8H12v2a2 2 0 0 1-2 2H8Zm2-12a2 2 0 0 1 2 2v2h-1.5V2a.5.5 0 0 0-.5-.5H8V0h2Z\" \/>\n\t\t\t<\/svg>\n\t\t<\/button><figcaption class=\"wp-element-caption\">Foto: Timo Newton-Syms \/ Wikimedia Commons, CC BY-SA 2.0<\/figcaption><\/figure>\n\n\n\n<!-- LKM_GYG_CARD start q=\"bonigen\" lang=\"sk\" rendered=\"2026-08-31T05:13:28+00:00\" v=\"1\" -->\n\n<!-- LKM_GYG_CARD end -->\n\n\n\n\n<div class=\"lk-stays-module\">\n<style>\n\/* \u2500\u2500\u2500 RESET PRO GUTENBERG \u2500\u2500\u2500 *\/\n.lk-stays-module * { box-sizing: border-box; margin: 0; padding: 0; }\n\n\/* \u2500\u2500\u2500 WRAPPER \u2500\u2500\u2500 *\/\n.lk-stays-module {\n  font-family: 'DM Sans', Georgia, sans-serif;\n  max-width: 100%;\n  margin: 2.5rem auto;\n  background: linear-gradient(135deg, #fdfaf5 0%, #fcf8f0 100%);\n  border: 1px solid #e8dfd4;\n  border-radius: 16px;\n  overflow: hidden;\n  box-shadow: 0 16px 48px rgba(195, 159, 118, 0.25), 0 4px 12px rgba(0,0,0,0.08);\n}\n\n\/* \u2500\u2500\u2500 HEADER \u2500\u2500\u2500 *\/\n.lk-stays-header {\n  position: relative;\n  padding: 24px 36px 24px;\n  background: linear-gradient(135deg, #c39f76 0%, #d4b188 60%, #c39f76 100%);\n  border-bottom: 1px solid rgba(255,255,255,.15);\n  display: flex;\n  align-items: center;\n  gap: 18px;\n}\n.lk-stays-header::before {\n  content: '';\n  position: absolute;\n  inset: 0;\n  background: url(\"data:image\/svg+xml,%3Csvg width='60' height='60' viewBox='0 0 60 60' xmlns='http:\/\/www.w3.org\/2000\/svg'%3E%3Cg fill='none' fill-rule='evenodd'%3E%3Cg fill='%23ffffff' fill-opacity='0.05'%3E%3Cpath d='M36 34v-4h-2v4h-4v2h4v4h2v-4h4v-2h-4zm0-30V0h-2v4h-4v2h4v4h2V6h4V4h-4zM6 34v-4H4v4H0v2h4v4h2v-4h4v-2H6zM6 4V0H4v4H0v2h4v4h2V6h4V4H6z'\/%3E%3C\/g%3E%3C\/g%3E%3C\/svg%3E\") repeat;\n  pointer-events: none;\n}\n.lk-stays-icon {\n  flex-shrink: 0;\n  width: 68px;\n  height: 68px;\n  border-radius: 14px;\n  background: linear-gradient(135deg, #fff 0%, #f9f6f0 100%);\n  display: flex;\n  align-items: center;\n  justify-content: center;\n  font-size: 26px;\n  box-shadow: 0 4px 12px rgba(0,0,0,0.15);\n}\n.lk-stays-eyebrow {\n  font-size: 10px;\n  font-weight: 500;\n  letter-spacing: 2.5px;\n  text-transform: uppercase;\n  color: rgba(255,255,255,.85);\n  margin: 0 0 5px 0;\n}\n.lk-stays-title {\n  font-family: 'Playfair Display', Georgia, serif;\n  font-size: 24px;\n  font-weight: 700;\n  color: #fff;\n  line-height: 1.2;\n  text-shadow: 0 1px 2px rgba(0,0,0,0.1);\n  margin: 0;\n}\n.lk-stays-subtitle {\n  font-size: 13px;\n  color: rgba(255,255,255,.75);\n  margin: 4px 0 0 0;\n  font-weight: 300;\n}\n\n\/* \u2500\u2500\u2500 CARDS GRID \u2500\u2500\u2500 *\/\n.lk-stays-grid {\n  display: grid;\n  grid-template-columns: 1fr 1fr;\n  gap: 1px;\n  background: rgba(195, 159, 118, 0.12);\n}\n\n\/* \u2500\u2500\u2500 SINGLE CARD \u2500\u2500\u2500 *\/\n.lk-stay-card {\n  background: #ffffff;\n  padding: 26px;\n  display: flex;\n  flex-direction: column;\n  gap: 11px;\n  transition: all 0.3s ease;\n  text-decoration: none;\n  color: inherit;\n  position: relative;\n}\n.lk-stay-card:hover {\n  background: #fffbf5;\n  transform: translateY(-2px);\n  box-shadow: 0 8px 24px rgba(195, 159, 118, 0.18);\n  z-index: 1;\n}\n.lk-stay-card.featured {\n  background: linear-gradient(135deg, #fffdf9 0%, #fff9f0 100%);\n  box-shadow: 0 4px 16px rgba(195, 159, 118, 0.15), inset 0 1px 0 rgba(195, 159, 118, 0.1);\n}\n.lk-stay-card.featured:hover {\n  background: linear-gradient(135deg, #fffbf5 0%, #fff8ed 100%);\n  box-shadow: 0 8px 24px rgba(195, 159, 118, 0.25), inset 0 1px 0 rgba(195, 159, 118, 0.15);\n}\n\n.lk-stay-badge {\n  display: inline-flex;\n  align-items: center;\n  gap: 5px;\n  font-size: 10px;\n  font-weight: 500;\n  letter-spacing: 1.5px;\n  text-transform: uppercase;\n  padding: 5px 11px;\n  border-radius: 20px;\n  width: fit-content;\n}\n.badge-top     { background: linear-gradient(135deg, #c39f76 0%, #d4b188 100%); color: #fff; border: 1px solid #c39f76; font-weight: 600; box-shadow: 0 2px 8px rgba(195,159,118,0.3); }\n.badge-luxury  { background: rgba(195,159,118,.12); color: #c39f76; border: 1px solid rgba(195,159,118,.25); }\n.badge-boutique{ background: rgba(54,133,252,.08); color: #3685fc; border: 1px solid rgba(54,133,252,.2); }\n.badge-nature  { background: rgba(130,190,100,.1); color: #6b9c4a; border: 1px solid rgba(130,190,100,.2); }\n.badge-remote  { background: rgba(195,159,118,.12); color: #a67e50; border: 1px solid rgba(195,159,118,.25); }\n\n.lk-stay-name {\n  font-family: 'Playfair Display', Georgia, serif;\n  font-size: 18px;\n  font-weight: 700;\n  color: #111827;\n  line-height: 1.3;\n}\n.lk-stay-desc {\n  font-size: 13.5px;\n  color: #525252;\n  line-height: 1.65;\n  font-weight: 300;\n  flex: 1;\n}\n\n.lk-stay-meta {\n  display: flex;\n  align-items: center;\n  gap: 12px;\n  flex-wrap: wrap;\n  margin-top: 4px;\n}\n.lk-stay-price {\n  font-size: 13px;\n  color: #6b7280;\n}\n.lk-stay-price strong {\n  color: #c39f76;\n  font-weight: 500;\n}\n.lk-stay-stars {\n  color: #c39f76;\n  font-size: 11px;\n  letter-spacing: 1px;\n}\n\n\/* \u2500\u2500\u2500 CTA BUTTON \u2500\u2500\u2500 *\/\n.lk-stay-cta {\n  display: inline-flex;\n  align-items: center;\n  justify-content: center;\n  gap: 7px;\n  margin-top: 8px;\n  padding: 11px 20px;\n  border-radius: 8px;\n  background: linear-gradient(135deg, #3685fc 0%, #2a6fd9 100%);\n  color: #fff;\n  font-size: 13px;\n  font-weight: 500;\n  text-decoration: none;\n  letter-spacing: .3px;\n  transition: all .2s ease;\n  cursor: pointer;\n  border: none;\n  text-align: center;\n  box-shadow: 0 4px 12px rgba(54, 133, 252, 0.25);\n}\n.lk-stay-cta:hover {\n  background: linear-gradient(135deg, #2a6fd9 0%, #1e5bc4 100%);\n  transform: translateY(-1px);\n  box-shadow: 0 6px 16px rgba(54, 133, 252, 0.35);\n}\n.lk-stay-cta svg { flex-shrink: 0; }\n\n\/* \u2500\u2500\u2500 FOOTER \u2500\u2500\u2500 *\/\n.lk-stays-footer {\n  padding: 18px 36px;\n  background: linear-gradient(to bottom, #fdfaf5 0%, #f9f4ed 100%);\n  border-top: 1px solid rgba(195, 159, 118, 0.15);\n  display: flex;\n  align-items: center;\n  justify-content: space-between;\n  flex-wrap: wrap;\n  gap: 12px;\n}\n.lk-stays-footer-note {\n  font-size: 11.5px;\n  color: #6b7280;\n  font-weight: 300;\n  line-height: 1.5;\n}\n.lk-stays-footer-note a {\n  color: #c39f76;\n  text-decoration: none;\n  font-weight: 400;\n}\n.lk-stays-footer-note a:hover {\n  text-decoration: underline;\n}\n.lk-stays-all-btn {\n  display: inline-flex;\n  align-items: center;\n  gap: 6px;\n  font-size: 12.5px;\n  font-weight: 500;\n  color: #c39f76;\n  text-decoration: none;\n  border: 1px solid rgba(195, 159, 118, 0.35);\n  padding: 8px 18px;\n  border-radius: 8px;\n  transition: all .2s ease;\n}\n.lk-stays-all-btn:hover {\n  background: rgba(195, 159, 118, 0.08);\n  border-color: rgba(195, 159, 118, 0.5);\n}\n\n\/* \u2500\u2500\u2500 RESPONSIVE \u2500\u2500\u2500 *\/\n@media (max-width: 600px) {\n  .lk-stays-grid { grid-template-columns: 1fr; }\n  .lk-stays-header { padding: 24px 20px; }\n  .lk-stays-footer { padding: 16px 20px; }\n  .lk-stay-card { padding: 22px; }\n  .lk-stays-title { font-size: 20px; }\n}\n<\/style>\n\n  <!-- HEADER -->\n  <div class=\"lk-stays-header\">\n    <img decoding=\"async\" src=\"https:\/\/loudavymkrokem.cz\/wp-content\/uploads\/2026\/02\/lukas-a-lucka.jpg\" alt=\"\" style=\"width: 75px; height: 75px; border-radius: 8px; flex-shrink: 0; object-fit: cover; display: block; margin: 4px 0;\" title=\"\">\n    <div class=\"lk-stays-header-text\">\n      <div class=\"lk-stays-eyebrow\">Luk\u00e1\u0161 a Lucie odpor\u00fa\u010daj\u00fa<\/div>\n      <div class=\"lk-stays-title\">Kde sa ubytova\u0165 v B\u00f6nigene<\/div>\n      <div class=\"lk-stays-subtitle\">6 ubytovan\u00ed \u2014 hotely, kempingy a \u010fal\u0161ie mo\u017enosti ubytovania<\/div>\n    <\/div>\n  <\/div>\n\n  <!-- CARDS -->\n  <div class=\"lk-stays-grid\">\n\n    <a class=\"lk-stay-card featured\" href=\"https:\/\/www.stay22.com\/allez\/roam?aid=lukaskonecny&#038;campaign=loudavymkrokemcz&#038;campaign=sk&#038;campaign=bonigen&#038;hotelname=Hotel%20Seiler%20au%20Lac&#038;address=B%C3%B6nigen%2C%20%C5%A0v%C3%BDcarsko\" target=\"_blank\" rel=\"nofollow noopener\">\n      <span class=\"lk-stay-badge badge-top\">\u2b50 TOP VO\u013dBA<\/span>\n      <span class=\"lk-stay-badge badge-nature\">\ud83c\udfe8 Hotel<\/span>\n      <div class=\"lk-stay-name\">Hotel Seiler au Lac<\/div>\n      <div class=\"lk-stay-desc\">Sed\u00ed priamo na brehu a parn\u00edk zastavuje priamo pred dverami. \u0160tyridsa\u0165 izieb, v\u00fdh\u013ead na hory a vodu.<\/div>\n      <div class=\"lk-stay-meta\">\n        <span class=\"lk-stay-stars\">\u2605\u2605\u2605\u2605<\/span>\n        <span class=\"lk-stay-price\">Skontrolova\u0165 ceny<\/span>\n      <\/div>\n      <span class=\"lk-stay-cta\">\n        <svg width=\"14\" height=\"14\" viewBox=\"0 0 24 24\" fill=\"none\" stroke=\"currentColor\" stroke-width=\"2\"><path d=\"M18 13v6a2 2 0 0 1-2 2H5a2 2 0 0 1-2-2V8a2 2 0 0 1 2-2h6\"\/><polyline points=\"15 3 21 3 21 9\"\/><line x1=\"10\" y1=\"14\" x2=\"21\" y2=\"3\"\/><\/svg>\n        Skontrolova\u0165 dostupnos\u0165\n      <\/span>\n    <\/a>\n\n    <a class=\"lk-stay-card\" href=\"https:\/\/www.stay22.com\/allez\/roam?aid=lukaskonecny&#038;campaign=loudavymkrokemcz&#038;campaign=sk&#038;campaign=bonigen&#038;hotelname=Seehotel%20B%C3%B6nigen&#038;address=B%C3%B6nigen%2C%20%C5%A0v%C3%BDcarsko\" target=\"_blank\" rel=\"nofollow noopener\">\n      <span class=\"lk-stay-badge badge-nature\">\ud83c\udfe8 Hotel<\/span>\n      <div class=\"lk-stay-name\">Seehotel B\u00f6nigen<\/div>\n      <div class=\"lk-stay-desc\">Skvel\u00e1 rodinn\u00e1 vo\u013eba s panoramatick\u00fdm v\u00fdh\u013eadom, vlastn\u00e1 vyhl\u00e1sen\u00e1 re\u0161taur\u00e1cia a bohat\u00e9 ra\u0148ajky.<\/div>\n      <div class=\"lk-stay-meta\">\n        <span class=\"lk-stay-stars\">\u2605\u2605\u2605\u2605<\/span>\n        <span class=\"lk-stay-price\">Skontrolova\u0165 ceny<\/span>\n      <\/div>\n      <span class=\"lk-stay-cta\">\n        <svg width=\"14\" height=\"14\" viewBox=\"0 0 24 24\" fill=\"none\" stroke=\"currentColor\" stroke-width=\"2\"><path d=\"M18 13v6a2 2 0 0 1-2 2H5a2 2 0 0 1-2-2V8a2 2 0 0 1 2-2h6\"\/><polyline points=\"15 3 21 3 21 9\"\/><line x1=\"10\" y1=\"14\" x2=\"21\" y2=\"3\"\/><\/svg>\n        Skontrolova\u0165 dostupnos\u0165\n      <\/span>\n    <\/a>\n\n    <a class=\"lk-stay-card\" href=\"https:\/\/www.stay22.com\/allez\/roam?aid=lukaskonecny&#038;campaign=loudavymkrokemcz&#038;campaign=sk&#038;campaign=bonigen&#038;hotelname=TCS%20Camping%20B%C3%B6nigen%20Brienzersee&#038;address=B%C3%B6nigen%2C%20%C5%A0v%C3%BDcarsko\" target=\"_blank\" rel=\"nofollow noopener\">\n      <span class=\"lk-stay-badge badge-nature\">\u26fa Kemp<\/span>\n      <div class=\"lk-stay-name\">TCS Camping B\u00f6nigen Brienzersee<\/div>\n      <div class=\"lk-stay-desc\">Dokonal\u00e1 rozpo\u010dtov\u00e1 varianta priamo pri jazere 200 m od pl\u00e1\u017ee. Bez baz\u00e9na, len brodni\u0161te.<\/div>\n      <div class=\"lk-stay-meta\">\n        <span class=\"lk-stay-stars\">\u2605\u2605\u2605\u2605<\/span>\n        <span class=\"lk-stay-price\">od 72-80 EUR\/noc<\/span>\n      <\/div>\n      <span class=\"lk-stay-cta\">\n        <svg width=\"14\" height=\"14\" viewBox=\"0 0 24 24\" fill=\"none\" stroke=\"currentColor\" stroke-width=\"2\"><path d=\"M18 13v6a2 2 0 0 1-2 2H5a2 2 0 0 1-2-2V8a2 2 0 0 1 2-2h6\"\/><polyline points=\"15 3 21 3 21 9\"\/><line x1=\"10\" y1=\"14\" x2=\"21\" y2=\"3\"\/><\/svg>\n        Skontrolova\u0165 dostupnos\u0165\n      <\/span>\n    <\/a>\n\n    <a class=\"lk-stay-card\" href=\"https:\/\/www.stay22.com\/allez\/roam?aid=lukaskonecny&#038;campaign=loudavymkrokemcz&#038;campaign=sk&#038;campaign=bonigen&#038;hotelname=Mountain%20and%20Lake&#038;address=B%C3%B6nigen%2C%20%C5%A0v%C3%BDcarsko\" target=\"_blank\" rel=\"nofollow noopener\">\n      <span class=\"lk-stay-badge badge-nature\">\ud83c\udfe1 Apartm\u00e1n<\/span>\n      <div class=\"lk-stay-name\">Mountain and Lake<\/div>\n      <div class=\"lk-stay-desc\">Fantasticky hodnoten\u00fd s\u00fakromn\u00fd apartm\u00e1n s plne vybavenou kuchy\u0148ou a kr\u00e1snou terasou pre dlh\u0161\u00ed pobyt.<\/div>\n      <div class=\"lk-stay-meta\">\n        <span class=\"lk-stay-stars\">\u2605\u2605\u2605\u2605<\/span>\n        <span class=\"lk-stay-price\">Skontrolova\u0165 ceny<\/span>\n      <\/div>\n      <span class=\"lk-stay-cta\">\n        <svg width=\"14\" height=\"14\" viewBox=\"0 0 24 24\" fill=\"none\" stroke=\"currentColor\" stroke-width=\"2\"><path d=\"M18 13v6a2 2 0 0 1-2 2H5a2 2 0 0 1-2-2V8a2 2 0 0 1 2-2h6\"\/><polyline points=\"15 3 21 3 21 9\"\/><line x1=\"10\" y1=\"14\" x2=\"21\" y2=\"3\"\/><\/svg>\n        Skontrolova\u0165 dostupnos\u0165\n      <\/span>\n    <\/a>\n\n    <a class=\"lk-stay-card\" href=\"https:\/\/www.stay22.com\/allez\/roam?aid=lukaskonecny&#038;campaign=loudavymkrokemcz&#038;campaign=sk&#038;campaign=bonigen&#038;hotelname=Walida&#038;address=B%C3%B6nigen%2C%20%C5%A0v%C3%BDcarsko\" target=\"_blank\" rel=\"nofollow noopener\">\n      <span class=\"lk-stay-badge badge-nature\">\ud83c\udfe8 Hotel<\/span>\n      <div class=\"lk-stay-name\">Walida<\/div>\n      <div class=\"lk-stay-desc\">Jednoduch\u0161\u00ed ale pr\u00edjemn\u00fd hotel za rozumn\u00fa cenu, balk\u00f3ny s v\u00fdh\u013eadom na alpsk\u00e9 vrcholy.<\/div>\n      <div class=\"lk-stay-meta\">\n        <span class=\"lk-stay-stars\">\u2605\u2605\u2605\u2605<\/span>\n        <span class=\"lk-stay-price\">Skontrolova\u0165 ceny<\/span>\n      <\/div>\n      <span class=\"lk-stay-cta\">\n        <svg width=\"14\" height=\"14\" viewBox=\"0 0 24 24\" fill=\"none\" stroke=\"currentColor\" stroke-width=\"2\"><path d=\"M18 13v6a2 2 0 0 1-2 2H5a2 2 0 0 1-2-2V8a2 2 0 0 1 2-2h6\"\/><polyline points=\"15 3 21 3 21 9\"\/><line x1=\"10\" y1=\"14\" x2=\"21\" y2=\"3\"\/><\/svg>\n        Skontrolova\u0165 dostupnos\u0165\n      <\/span>\n    <\/a>\n\n    <a class=\"lk-stay-card\" href=\"https:\/\/www.stay22.com\/allez\/roam?aid=lukaskonecny&#038;campaign=loudavymkrokemcz&#038;campaign=sk&#038;campaign=bonigen&#038;address=B%C3%B6nigen&#038;hotelname=Grandhotel+Giessbach&#038;search=Grandhotel+Giessbach&#038;category=accommodation\" target=\"_blank\" rel=\"nofollow noopener\">\n      <span class=\"lk-stay-badge badge-nature\">\u2b50 Luxury<\/span>\n      <div class=\"lk-stay-name\">Grandhotel Giessbach<\/div>\n      <div class=\"lk-stay-desc\">Luxusn\u00fd pal\u00e1c z 19. storo\u010dia nad Giessbachsk\u00fdmi vodop\u00e1dmi s 22 hekt\u00e1rmi parku a vyhliadkovou terasou.<\/div>\n      <div class=\"lk-stay-meta\">\n        <span class=\"lk-stay-stars\">\u2605\u2605\u2605\u2605<\/span>\n        <span class=\"lk-stay-price\">Skontrolova\u0165 ceny<\/span>\n      <\/div>\n      <span class=\"lk-stay-cta\">\n        <svg width=\"14\" height=\"14\" viewBox=\"0 0 24 24\" fill=\"none\" stroke=\"currentColor\" stroke-width=\"2\"><path d=\"M18 13v6a2 2 0 0 1-2 2H5a2 2 0 0 1-2-2V8a2 2 0 0 1 2-2h6\"\/><polyline points=\"15 3 21 3 21 9\"\/><line x1=\"10\" y1=\"14\" x2=\"21\" y2=\"3\"\/><\/svg>\n        Skontrolova\u0165 dostupnos\u0165\n      <\/span>\n    <\/a>\n\n  <\/div>\n\n  \n<\/div>\n\n\n\n\n<h3 class=\"wp-block-heading\"><span class=\"ez-toc-section\" id=\"15_Mannlichen_a_panoramaticka_cesta_na_Kleine_Scheidegg\"><\/span>15. M\u00e4nnlichen a panoramatick\u00e1 cesta na Kleine Scheidegg<span class=\"ez-toc-section-end\"><\/span><\/h3>\n\n\n\n<p class=\"wp-block-paragraph\">Toto je moja jasn\u00e1 vo\u013eba, ke\u010f ide\u0161 do h\u00f4r s mal\u00fdmi de\u0165mi. Lanovka \u0165a vyvezie na <strong>M\u00e4nnlichen do 2 222 metrov<\/strong> a odtia\u013e vedie na Kleine Scheidegg <strong>panoramatick\u00e1 cesta dlh\u00e1 4,5 kilometra<\/strong>, ktor\u00e1 zaberie hodinu a\u017e hodinu a pol. Skoro cel\u00fd \u010das sa ide z kopca a <strong>je to \u0161irok\u00e1 \u0161trkov\u00e1 cesta zjazdn\u00e1 aj s ter\u00e9nnym ko\u010d\u00edkom<\/strong>.<\/p>\n\n\n\n<p class=\"wp-block-paragraph\">Cel\u00fd \u010das m\u00e1\u0161 priamo pred sebou <strong>Eiger, M\u00f6nch a Jungfrau<\/strong>, tak\u017ee je to najlep\u0161\u00ed pomer v\u00fdh\u013eadu k vynalo\u017eenej n\u00e1mahe, ak\u00fd v regi\u00f3ne n\u00e1jde\u0161. V cieli na <strong>Kleine Scheidegg v 2 061 metroch<\/strong> nasko\u010d\u00ed\u0161 na vlak a nech\u00e1\u0161 sa odviez\u0165 sp\u00e4\u0165 dolu.<\/p>\n\n\n\n<p class=\"wp-block-paragraph\">Ne\u017e vyraz\u00ed\u0161, urob si e\u0161te <strong>Royal Walk<\/strong> \u2014 je to odbo\u010dka od hornej stanice na samotn\u00fd vrchol M\u00e4nnlichenu v 2 345 metroch. Nast\u00fapa\u0161 len nie\u010do cez sto metrov a zaberie ti to <strong>pol hodiny<\/strong>, ale rozh\u013ead hore je o triedu inde ne\u017e zo stanice.<\/p>\n\n\n\n<p class=\"wp-block-paragraph\">\ud83d\udca1 Tip: Lanovky na M\u00e4nnlichen jazdia <strong>od 23. m\u00e1ja do 25. okt\u00f3bra<\/strong>. Z Wengenu si m\u00f4\u017ee\u0161 za p\u00e4\u0165frankov\u00fd pr\u00edplatok prik\u00fapi\u0165 \u201eRoyal Ride\u201c a \u00eds\u0165 <strong>na otvorenom balk\u00f3ne na streche kab\u00edny<\/strong> \u2014 deti z toho b\u00fdvaj\u00fa \u00faplne bez seba.<\/p>\n\n\n\n<figure data-wp-context=\"{&quot;imageId&quot;:&quot;6a95239417e73&quot;}\" data-wp-interactive=\"core\/image\" data-wp-key=\"6a95239417e73\" class=\"wp-block-image size-full wp-lightbox-container\"><img decoding=\"async\" width=\"1920\" height=\"1289\" data-wp-class--hide=\"state.isContentHidden\" data-wp-class--show=\"state.isContentVisible\" data-wp-init=\"callbacks.setButtonStyles\" data-wp-on--click=\"actions.showLightbox\" data-wp-on--load=\"callbacks.setButtonStyles\" data-wp-on--pointerdown=\"actions.preloadImage\" data-wp-on--pointerenter=\"actions.preloadImageWithDelay\" data-wp-on--pointerleave=\"actions.cancelPreload\" data-wp-on-window--resize=\"callbacks.setButtonStyles\" src=\"https:\/\/loudavymkrokem.cz\/wp-content\/uploads\/2026\/08\/bonigen-eiger-severni-stena-1.jpg\" alt=\"Severn\u00e1 stena Eigeru, pod ktorou vedie Eiger Trail\" class=\"wp-image-407136\" title=\"\" srcset=\"https:\/\/loudavymkrokem.cz\/wp-content\/uploads\/2026\/08\/bonigen-eiger-severni-stena-1.jpg 1920w, https:\/\/loudavymkrokem.cz\/wp-content\/uploads\/2026\/08\/bonigen-eiger-severni-stena-1-300x201.jpg 300w, https:\/\/loudavymkrokem.cz\/wp-content\/uploads\/2026\/08\/bonigen-eiger-severni-stena-1-700x470.jpg 700w, https:\/\/loudavymkrokem.cz\/wp-content\/uploads\/2026\/08\/bonigen-eiger-severni-stena-1-768x516.jpg 768w, https:\/\/loudavymkrokem.cz\/wp-content\/uploads\/2026\/08\/bonigen-eiger-severni-stena-1-1536x1031.jpg 1536w, https:\/\/loudavymkrokem.cz\/wp-content\/uploads\/2026\/08\/bonigen-eiger-severni-stena-1-696x467.jpg 696w, https:\/\/loudavymkrokem.cz\/wp-content\/uploads\/2026\/08\/bonigen-eiger-severni-stena-1-1392x935.jpg 1392w\" sizes=\"(max-width: 1920px) 100vw, 1920px\" \/><button\n\t\t\tclass=\"lightbox-trigger\"\n\t\t\ttype=\"button\"\n\t\t\taria-haspopup=\"dialog\"\n\t\t\tdata-wp-bind--aria-label=\"state.thisImage.triggerButtonAriaLabel\"\n\t\t\tdata-wp-init=\"callbacks.initTriggerButton\"\n\t\t\tdata-wp-on--click=\"actions.showLightbox\"\n\t\t\tdata-wp-style--right=\"state.thisImage.buttonRight\"\n\t\t\tdata-wp-style--top=\"state.thisImage.buttonTop\"\n\t\t>\n\t\t\t<svg xmlns=\"http:\/\/www.w3.org\/2000\/svg\" width=\"12\" height=\"12\" fill=\"none\" viewBox=\"0 0 12 12\">\n\t\t\t\t<path fill=\"#fff\" d=\"M2 0a2 2 0 0 0-2 2v2h1.5V2a.5.5 0 0 1 .5-.5h2V0H2Zm2 10.5H2a.5.5 0 0 1-.5-.5V8H0v2a2 2 0 0 0 2 2h2v-1.5ZM8 12v-1.5h2a.5.5 0 0 0 .5-.5V8H12v2a2 2 0 0 1-2 2H8Zm2-12a2 2 0 0 1 2 2v2h-1.5V2a.5.5 0 0 0-.5-.5H8V0h2Z\" \/>\n\t\t\t<\/svg>\n\t\t<\/button><figcaption class=\"wp-element-caption\">Foto: Kurt Ritschard \/ Wikimedia Commons, CC BY-SA 2.0<\/figcaption><\/figure>\n\n\n\n<h3 class=\"wp-block-heading\"><span class=\"ez-toc-section\" id=\"16_Eiger_Trail_priamo_pod_severnou_stenou\"><\/span>16. Eiger Trail priamo pod severnou stenou<span class=\"ez-toc-section-end\"><\/span><\/h3>\n\n\n\n<p class=\"wp-block-paragraph\">Ak \u0165a zauj\u00edmaj\u00fa hory aj ako pr\u00edbeh, toto je t\u00e1 trasa. Vyvezie\u0161 sa na <strong>Eigergletscher do 2 348 metrov<\/strong> a odtia\u013e ide\u0161 <strong>zhruba \u0161es\u0165 kilometrov dolu do Alpiglen v 1 616 metroch<\/strong>. Cel\u00e9 dve hodiny sa pohybuje\u0161 priamo pod <strong>severnou stenou Eigeru<\/strong>, ktor\u00e1 nad tebou t\u00fd\u010di cez 1 600 metrov.<\/p>\n\n\n\n<p class=\"wp-block-paragraph\">Je to miesto, kde sa p\u00edsali a kon\u010dili horolezeck\u00e9 osudy, a na trase n\u00e1jde\u0161 aj dosku s pam\u00e4tn\u00fdmi \u0161t\u00edtkami. Cesta je veden\u00e1 ako <strong>stredne n\u00e1ro\u010dn\u00e1, kles\u00e1\u0161 na nej okolo 780 metrov<\/strong> a v exponovanej\u0161\u00edch pas\u00e1\u017each s\u00fa natiahnut\u00e9 istiace lan\u00e1. Ob\u010derstvi\u0165 sa d\u00e1 na za\u010diatku aj na konci.<\/p>\n\n\n\n<p class=\"wp-block-paragraph\">Pozor na sez\u00f3nu, preto\u017ee t\u00e1to stezka sa otv\u00e1ra zo v\u0161etk\u00fdch najnesk\u00f4r. <strong>Sneh ju \u010dasto dr\u017e\u00ed zavret\u00fa a\u017e do za\u010diatku j\u00fala<\/strong> a priechodn\u00e1 b\u00fdva zhruba do polovice okt\u00f3bra. Pred v\u00fdletom si v\u017edy over aktu\u00e1lny stav \u2014 m\u00f4\u017ee sa zmeni\u0165 zo d\u0148a na de\u0148.<\/p>\n\n\n\n<p class=\"wp-block-paragraph\">\ud83d\udca1 Tip: <strong>S ko\u010d\u00edkom sa sem nedostane\u0161<\/strong> a men\u0161ie deti bud\u00fa v kamenist\u00fdch pas\u00e1\u017each potrebova\u0165 pomoc. Sp\u00e4\u0165 z Alpiglen ide vlak do Grindelwaldu, ale je to <strong>stanica na znamenie<\/strong>, tak\u017ee nezabudni da\u0165 ru\u0161\u0148ovodi\u010dovi sign\u00e1l.<\/p>\n\n\n\n<figure data-wp-context=\"{&quot;imageId&quot;:&quot;6a95239418696&quot;}\" data-wp-interactive=\"core\/image\" data-wp-key=\"6a95239418696\" class=\"wp-block-image size-full wp-lightbox-container\"><img decoding=\"async\" width=\"1920\" height=\"1282\" data-wp-class--hide=\"state.isContentHidden\" data-wp-class--show=\"state.isContentVisible\" data-wp-init=\"callbacks.setButtonStyles\" data-wp-on--click=\"actions.showLightbox\" data-wp-on--load=\"callbacks.setButtonStyles\" data-wp-on--pointerdown=\"actions.preloadImage\" data-wp-on--pointerenter=\"actions.preloadImageWithDelay\" data-wp-on--pointerleave=\"actions.cancelPreload\" data-wp-on-window--resize=\"callbacks.setButtonStyles\" src=\"https:\/\/loudavymkrokem.cz\/wp-content\/uploads\/2026\/08\/bonigen-niederhorn-kozorozec-1.jpg\" alt=\"Mlad\u00e9 kozoro\u017ece na hrebeni Niederhornu za s\u00famraku\" class=\"wp-image-407139\" title=\"\" srcset=\"https:\/\/loudavymkrokem.cz\/wp-content\/uploads\/2026\/08\/bonigen-niederhorn-kozorozec-1.jpg 1920w, https:\/\/loudavymkrokem.cz\/wp-content\/uploads\/2026\/08\/bonigen-niederhorn-kozorozec-1-300x200.jpg 300w, https:\/\/loudavymkrokem.cz\/wp-content\/uploads\/2026\/08\/bonigen-niederhorn-kozorozec-1-700x467.jpg 700w, https:\/\/loudavymkrokem.cz\/wp-content\/uploads\/2026\/08\/bonigen-niederhorn-kozorozec-1-768x513.jpg 768w, https:\/\/loudavymkrokem.cz\/wp-content\/uploads\/2026\/08\/bonigen-niederhorn-kozorozec-1-1536x1026.jpg 1536w, https:\/\/loudavymkrokem.cz\/wp-content\/uploads\/2026\/08\/bonigen-niederhorn-kozorozec-1-696x465.jpg 696w, https:\/\/loudavymkrokem.cz\/wp-content\/uploads\/2026\/08\/bonigen-niederhorn-kozorozec-1-1392x929.jpg 1392w\" sizes=\"(max-width: 1920px) 100vw, 1920px\" \/><button\n\t\t\tclass=\"lightbox-trigger\"\n\t\t\ttype=\"button\"\n\t\t\taria-haspopup=\"dialog\"\n\t\t\tdata-wp-bind--aria-label=\"state.thisImage.triggerButtonAriaLabel\"\n\t\t\tdata-wp-init=\"callbacks.initTriggerButton\"\n\t\t\tdata-wp-on--click=\"actions.showLightbox\"\n\t\t\tdata-wp-style--right=\"state.thisImage.buttonRight\"\n\t\t\tdata-wp-style--top=\"state.thisImage.buttonTop\"\n\t\t>\n\t\t\t<svg xmlns=\"http:\/\/www.w3.org\/2000\/svg\" width=\"12\" height=\"12\" fill=\"none\" viewBox=\"0 0 12 12\">\n\t\t\t\t<path fill=\"#fff\" d=\"M2 0a2 2 0 0 0-2 2v2h1.5V2a.5.5 0 0 1 .5-.5h2V0H2Zm2 10.5H2a.5.5 0 0 1-.5-.5V8H0v2a2 2 0 0 0 2 2h2v-1.5ZM8 12v-1.5h2a.5.5 0 0 0 .5-.5V8H12v2a2 2 0 0 1-2 2H8Zm2-12a2 2 0 0 1 2 2v2h-1.5V2a.5.5 0 0 0-.5-.5H8V0h2Z\" \/>\n\t\t\t<\/svg>\n\t\t<\/button><figcaption class=\"wp-element-caption\">Foto: Ostaehli \/ Wikimedia Commons, CC BY-SA 4.0<\/figcaption><\/figure>\n\n\n\n<h3 class=\"wp-block-heading\"><span class=\"ez-toc-section\" id=\"17_Niederhorn_a_kozorozce_nad_Thunskym_jazerom\"><\/span>17. Niederhorn a kozoro\u017ece nad Thunsk\u00fdm jazerom<span class=\"ez-toc-section-end\"><\/span><\/h3>\n\n\n\n<p class=\"wp-block-paragraph\">Zatia\u013e \u010do v\u0161etci cestuj\u00fa do Grindelwaldu, na druhej strane Interlakenu je <strong>Niederhorn v 1 950 metroch<\/strong> a je tam podstatne v\u00e4\u010d\u0161\u00ed pokoj. Hore sa dostane\u0161 z brehu Thunsk\u00e9ho jazera pozemnou lanovkou a potom gondolou, celkovo to trv\u00e1 <strong>zhruba pol hodiny<\/strong>.<\/p>\n\n\n\n<p class=\"wp-block-paragraph\">Hlavn\u00fd \u0165ah\u00e1k s\u00fa tu <strong>kozoro\u017ece<\/strong>. Miestnu kol\u00f3niu zalo\u017eili v roku 1949 vysaden\u00edm troch capov a dnes ich tu \u017eije <strong>sedemdesiatp\u00e4\u0165 a\u017e sto<\/strong>. Od j\u00fala do septembra sem navy\u0161e ka\u017ed\u00fd \u0161tvrtok dopoludnia vyr\u00e1\u017ea komentovan\u00e1 v\u00fdprava s miestnym odborn\u00edkom priamo ku st\u00e1dam.<\/p>\n\n\n\n<p class=\"wp-block-paragraph\">Hrebe\u0148ovka odtia\u013e na <strong>Gemmenalphorn v 2 061 metroch<\/strong> z\u00edskala zlat\u00fa medailu za najkraj\u0161iu turistick\u00fa stezku \u0160vaj\u010diarska, ale je to celodenn\u00e1 z\u00e1le\u017eitos\u0165 pre zdatn\u00fdch. S de\u0165mi si vysta\u010d so <strong>\u0161es\u0165stometrov\u00fdm okruhom priamo pri stanici<\/strong>, ktor\u00fd zvl\u00e1dne\u0161 za pol hodiny a hore je re\u0161taur\u00e1cia s ihriskom.<\/p>\n\n\n\n<p class=\"wp-block-paragraph\">\ud83d\udca1 Tip: Lanovky jazdia <strong>od 1. m\u00e1ja do 15. novembra<\/strong>. Spiato\u010dn\u00fd l\u00edstok od jazera vyjde na 65 frankov, ale ke\u010f vyjde\u0161 autobusom a\u017e do Beatenbergu a nast\u00fapi\u0161 tam, <strong>zaplat\u00ed\u0161 len 49<\/strong>. Niederhorn navy\u0161e d\u00e1va <strong>rodinn\u00fa z\u013eavu \u2014 plat\u00ed\u0161 len za prv\u00e9 die\u0165a<\/strong>.<\/p>\n\n\n\n<figure data-wp-context=\"{&quot;imageId&quot;:&quot;6a95239418e9b&quot;}\" data-wp-interactive=\"core\/image\" data-wp-key=\"6a95239418e9b\" class=\"wp-block-image size-full wp-lightbox-container\"><img decoding=\"async\" width=\"1920\" height=\"1280\" data-wp-class--hide=\"state.isContentHidden\" data-wp-class--show=\"state.isContentVisible\" data-wp-init=\"callbacks.setButtonStyles\" data-wp-on--click=\"actions.showLightbox\" data-wp-on--load=\"callbacks.setButtonStyles\" data-wp-on--pointerdown=\"actions.preloadImage\" data-wp-on--pointerenter=\"actions.preloadImageWithDelay\" data-wp-on--pointerleave=\"actions.cancelPreload\" data-wp-on-window--resize=\"callbacks.setButtonStyles\" src=\"https:\/\/loudavymkrokem.cz\/wp-content\/uploads\/2026\/08\/bonigen-brienzer-rothorn-parni-lokomotiva.jpg\" alt=\"Parn\u00e1 lokomot\u00edva ozubnicovej dr\u00e1hy na vrcholovej stanici Brienzer Rothorn\" class=\"wp-image-407156\" title=\"\" srcset=\"https:\/\/loudavymkrokem.cz\/wp-content\/uploads\/2026\/08\/bonigen-brienzer-rothorn-parni-lokomotiva.jpg 1920w, https:\/\/loudavymkrokem.cz\/wp-content\/uploads\/2026\/08\/bonigen-brienzer-rothorn-parni-lokomotiva-300x200.jpg 300w, https:\/\/loudavymkrokem.cz\/wp-content\/uploads\/2026\/08\/bonigen-brienzer-rothorn-parni-lokomotiva-700x467.jpg 700w, https:\/\/loudavymkrokem.cz\/wp-content\/uploads\/2026\/08\/bonigen-brienzer-rothorn-parni-lokomotiva-768x512.jpg 768w, https:\/\/loudavymkrokem.cz\/wp-content\/uploads\/2026\/08\/bonigen-brienzer-rothorn-parni-lokomotiva-1536x1024.jpg 1536w, https:\/\/loudavymkrokem.cz\/wp-content\/uploads\/2026\/08\/bonigen-brienzer-rothorn-parni-lokomotiva-696x464.jpg 696w, https:\/\/loudavymkrokem.cz\/wp-content\/uploads\/2026\/08\/bonigen-brienzer-rothorn-parni-lokomotiva-1392x928.jpg 1392w\" sizes=\"(max-width: 1920px) 100vw, 1920px\" \/><button\n\t\t\tclass=\"lightbox-trigger\"\n\t\t\ttype=\"button\"\n\t\t\taria-haspopup=\"dialog\"\n\t\t\tdata-wp-bind--aria-label=\"state.thisImage.triggerButtonAriaLabel\"\n\t\t\tdata-wp-init=\"callbacks.initTriggerButton\"\n\t\t\tdata-wp-on--click=\"actions.showLightbox\"\n\t\t\tdata-wp-style--right=\"state.thisImage.buttonRight\"\n\t\t\tdata-wp-style--top=\"state.thisImage.buttonTop\"\n\t\t>\n\t\t\t<svg xmlns=\"http:\/\/www.w3.org\/2000\/svg\" width=\"12\" height=\"12\" fill=\"none\" viewBox=\"0 0 12 12\">\n\t\t\t\t<path fill=\"#fff\" d=\"M2 0a2 2 0 0 0-2 2v2h1.5V2a.5.5 0 0 1 .5-.5h2V0H2Zm2 10.5H2a.5.5 0 0 1-.5-.5V8H0v2a2 2 0 0 0 2 2h2v-1.5ZM8 12v-1.5h2a.5.5 0 0 0 .5-.5V8H12v2a2 2 0 0 1-2 2H8Zm2-12a2 2 0 0 1 2 2v2h-1.5V2a.5.5 0 0 0-.5-.5H8V0h2Z\" \/>\n\t\t\t<\/svg>\n\t\t<\/button><figcaption class=\"wp-element-caption\">Foto: Uwelino \/ Wikimedia Commons, CC BY-SA 4.0<\/figcaption><\/figure>\n\n\n\n<h3 class=\"wp-block-heading\"><span class=\"ez-toc-section\" id=\"18_Parnou_zubackou_na_Brienzer_Rothorn\"><\/span>18. Parnou zuba\u010dkou na Brienzer Rothorn<span class=\"ez-toc-section-end\"><\/span><\/h3>\n\n\n\n<p class=\"wp-block-paragraph\">Tento v\u00fdlet je z\u00e1\u017eitok u\u017e samotnou cestou. Z Brienzu na druhom konci jazera vych\u00e1dza <strong>parn\u00e1 ozubnicov\u00e1 dr\u00e1ha z roku 1892<\/strong>, ktor\u00e1 je spolu s furkskou tra\u0165ou <strong>jedinou pravidelne parou prev\u00e1dzkovanou \u017eeleznicou vo \u0160vaj\u010diarsku<\/strong>. Za hodinu vy\u0161plh\u00e1 po sedem a pol kilometroch trate o <strong>1 678 v\u00fd\u0161kov\u00fdch metrov<\/strong>.<\/p>\n\n\n\n<p class=\"wp-block-paragraph\">Horn\u00e1 stanica le\u017e\u00ed v <strong>2 244 metroch<\/strong> a na samotn\u00fd vrchol Brienzer Rothornu v 2 350 metroch vyjde\u0161 <strong>za p\u00e4tn\u00e1s\u0165 min\u00fat<\/strong>. Rozh\u013ead odtia\u013e je mimoriadny \u2014 ud\u00e1va sa, \u017ee je odtia\u013e vidie\u0165 <strong>693 vrcholov<\/strong>. Hore s\u00fa dve re\u0161taur\u00e1cie a v horskom hoteli sa d\u00e1 aj prespa\u0165.<\/p>\n\n\n\n<p class=\"wp-block-paragraph\">Kto chce \u00eds\u0165 pe\u0161i, m\u00f4\u017ee zost\u00fapi\u0165 na medzistanicu <strong>Planalp za dve a pol hodiny<\/strong> a odtia\u013e z\u00eds\u0165 vlakom. Kles\u00e1 sa pritom asi tis\u00edc metrov, tak\u017ee to d\u00e1 kolen\u00e1m zabra\u0165. Z B\u00f6nigenu sa sem dostane\u0161 cez Interlaken Ost, odkia\u013e je to vlakom do Brienzu <strong>necel\u00fdch dvadsa\u0165 min\u00fat<\/strong>.<\/p>\n\n\n\n<p class=\"wp-block-paragraph\">\ud83d\udca1 Tip: A\u017e na vrchol sa jazd\u00ed <strong>len od 6. j\u00fana do 25. okt\u00f3bra<\/strong>, sk\u00f4r dr\u00e1ha kon\u010d\u00ed na Planalpe. Spiato\u010dn\u00fd l\u00edstok stoj\u00ed 98 frankov, ale <strong>deti od \u0161iestich do p\u00e4tn\u00e1stich rokov id\u00fa za desa\u0165 frankov<\/strong> a s Bernese Oberland Pass m\u00e1\u0161 jazdu zadarmo. Za osem frankov si m\u00f4\u017ee\u0161 rezervova\u0165 konkr\u00e9tne miesto.<\/p>\n\n\n\n<figure data-wp-context=\"{&quot;imageId&quot;:&quot;6a95239419648&quot;}\" data-wp-interactive=\"core\/image\" data-wp-key=\"6a95239419648\" class=\"wp-block-image size-full wp-lightbox-container\"><img decoding=\"async\" width=\"1800\" height=\"1224\" data-wp-class--hide=\"state.isContentHidden\" data-wp-class--show=\"state.isContentVisible\" data-wp-init=\"callbacks.setButtonStyles\" data-wp-on--click=\"actions.showLightbox\" data-wp-on--load=\"callbacks.setButtonStyles\" data-wp-on--pointerdown=\"actions.preloadImage\" data-wp-on--pointerenter=\"actions.preloadImageWithDelay\" data-wp-on--pointerleave=\"actions.cancelPreload\" data-wp-on-window--resize=\"callbacks.setButtonStyles\" src=\"https:\/\/loudavymkrokem.cz\/wp-content\/uploads\/2026\/08\/articles-bonigen-18.jpg\" alt=\"Brienzske jazero z vt\u00e1\u010dej perspekt\u00edvy\" class=\"wp-image-404497\" title=\"\" srcset=\"https:\/\/loudavymkrokem.cz\/wp-content\/uploads\/2026\/08\/articles-bonigen-18.jpg 1800w, https:\/\/loudavymkrokem.cz\/wp-content\/uploads\/2026\/08\/articles-bonigen-18-300x204.jpg 300w, https:\/\/loudavymkrokem.cz\/wp-content\/uploads\/2026\/08\/articles-bonigen-18-700x476.jpg 700w, https:\/\/loudavymkrokem.cz\/wp-content\/uploads\/2026\/08\/articles-bonigen-18-768x522.jpg 768w, https:\/\/loudavymkrokem.cz\/wp-content\/uploads\/2026\/08\/articles-bonigen-18-1536x1044.jpg 1536w, https:\/\/loudavymkrokem.cz\/wp-content\/uploads\/2026\/08\/articles-bonigen-18-696x473.jpg 696w, https:\/\/loudavymkrokem.cz\/wp-content\/uploads\/2026\/08\/articles-bonigen-18-1392x947.jpg 1392w\" sizes=\"(max-width: 1800px) 100vw, 1800px\" \/><button\n\t\t\tclass=\"lightbox-trigger\"\n\t\t\ttype=\"button\"\n\t\t\taria-haspopup=\"dialog\"\n\t\t\tdata-wp-bind--aria-label=\"state.thisImage.triggerButtonAriaLabel\"\n\t\t\tdata-wp-init=\"callbacks.initTriggerButton\"\n\t\t\tdata-wp-on--click=\"actions.showLightbox\"\n\t\t\tdata-wp-style--right=\"state.thisImage.buttonRight\"\n\t\t\tdata-wp-style--top=\"state.thisImage.buttonTop\"\n\t\t>\n\t\t\t<svg xmlns=\"http:\/\/www.w3.org\/2000\/svg\" width=\"12\" height=\"12\" fill=\"none\" viewBox=\"0 0 12 12\">\n\t\t\t\t<path fill=\"#fff\" d=\"M2 0a2 2 0 0 0-2 2v2h1.5V2a.5.5 0 0 1 .5-.5h2V0H2Zm2 10.5H2a.5.5 0 0 1-.5-.5V8H0v2a2 2 0 0 0 2 2h2v-1.5ZM8 12v-1.5h2a.5.5 0 0 0 .5-.5V8H12v2a2 2 0 0 1-2 2H8Zm2-12a2 2 0 0 1 2 2v2h-1.5V2a.5.5 0 0 0-.5-.5H8V0h2Z\" \/>\n\t\t\t<\/svg>\n\t\t<\/button><figcaption class=\"wp-element-caption\">Foto: Carsten Steger \/ Wikimedia Commons, CC BY-SA 4.0<\/figcaption><\/figure>\n\n\n\n<h2 class=\"wp-block-heading\"><span class=\"ez-toc-section\" id=\"Vylety_z_Bonigenu_6_tipov_na_okolie\"><\/span>V\u00fdlety z B\u00f6nigenu: 6 tipov na okolie<span class=\"ez-toc-section-end\"><\/span><\/h2>\n\n\n\n<p class=\"wp-block-paragraph\">Ak m\u00e1\u0161 B\u00f6nigen ako svoju domovsk\u00fa z\u00e1klad\u0148u, otv\u00e1ra sa ti <strong>cel\u00fd Bernsk\u00fd Oberland<\/strong> ako na dlani. Tu u\u017e bude\u0161 potrebova\u0165 <strong>trochu v\u00e4\u010d\u0161\u00ed rozpo\u010det<\/strong>, preto\u017ee \u0161vaj\u010diarske lanovky a horsk\u00e9 vlaky nie s\u00fa lacnou z\u00e1le\u017eitos\u0165ou, ale z\u00e1\u017eitky z nich ti zostan\u00fa v pam\u00e4ti nadosmrti.<\/p>\n\n\n\n<p class=\"wp-block-paragraph\">Odpor\u00fa\u010dam pl\u00e1nova\u0165 v\u00fdlety pod\u013ea <strong>aktu\u00e1lnej predpovede po\u010dasia<\/strong>. Na drah\u00e9 horsk\u00e9 vyhliadky m\u00e1 zmysel cestova\u0165 len v dni, ke\u010f je <strong>\u00faplne jasn\u00e1 obloha<\/strong>, inak zaplat\u00ed\u0161 desiatky frankov za poh\u013ead do neprieh\u013eadnej sivej hmly.<\/p>\n\n\n\n<figure data-wp-context=\"{&quot;imageId&quot;:&quot;6a95239419d2d&quot;}\" data-wp-interactive=\"core\/image\" data-wp-key=\"6a95239419d2d\" class=\"wp-block-image size-full wp-lightbox-container\"><img decoding=\"async\" width=\"1800\" height=\"1011\" data-wp-class--hide=\"state.isContentHidden\" data-wp-class--show=\"state.isContentVisible\" data-wp-init=\"callbacks.setButtonStyles\" data-wp-on--click=\"actions.showLightbox\" data-wp-on--load=\"callbacks.setButtonStyles\" data-wp-on--pointerdown=\"actions.preloadImage\" data-wp-on--pointerenter=\"actions.preloadImageWithDelay\" data-wp-on--pointerleave=\"actions.cancelPreload\" data-wp-on-window--resize=\"callbacks.setButtonStyles\" src=\"https:\/\/loudavymkrokem.cz\/wp-content\/uploads\/2026\/08\/articles-bonigen-19.jpg\" alt=\"Vyhliadka Harder Kulm nad Interlakenom\" class=\"wp-image-404500\" title=\"\" srcset=\"https:\/\/loudavymkrokem.cz\/wp-content\/uploads\/2026\/08\/articles-bonigen-19.jpg 1800w, https:\/\/loudavymkrokem.cz\/wp-content\/uploads\/2026\/08\/articles-bonigen-19-300x169.jpg 300w, https:\/\/loudavymkrokem.cz\/wp-content\/uploads\/2026\/08\/articles-bonigen-19-700x393.jpg 700w, https:\/\/loudavymkrokem.cz\/wp-content\/uploads\/2026\/08\/articles-bonigen-19-768x431.jpg 768w, https:\/\/loudavymkrokem.cz\/wp-content\/uploads\/2026\/08\/articles-bonigen-19-1536x863.jpg 1536w, https:\/\/loudavymkrokem.cz\/wp-content\/uploads\/2026\/08\/articles-bonigen-19-696x391.jpg 696w, https:\/\/loudavymkrokem.cz\/wp-content\/uploads\/2026\/08\/articles-bonigen-19-1392x782.jpg 1392w\" sizes=\"(max-width: 1800px) 100vw, 1800px\" \/><button\n\t\t\tclass=\"lightbox-trigger\"\n\t\t\ttype=\"button\"\n\t\t\taria-haspopup=\"dialog\"\n\t\t\tdata-wp-bind--aria-label=\"state.thisImage.triggerButtonAriaLabel\"\n\t\t\tdata-wp-init=\"callbacks.initTriggerButton\"\n\t\t\tdata-wp-on--click=\"actions.showLightbox\"\n\t\t\tdata-wp-style--right=\"state.thisImage.buttonRight\"\n\t\t\tdata-wp-style--top=\"state.thisImage.buttonTop\"\n\t\t>\n\t\t\t<svg xmlns=\"http:\/\/www.w3.org\/2000\/svg\" width=\"12\" height=\"12\" fill=\"none\" viewBox=\"0 0 12 12\">\n\t\t\t\t<path fill=\"#fff\" d=\"M2 0a2 2 0 0 0-2 2v2h1.5V2a.5.5 0 0 1 .5-.5h2V0H2Zm2 10.5H2a.5.5 0 0 1-.5-.5V8H0v2a2 2 0 0 0 2 2h2v-1.5ZM8 12v-1.5h2a.5.5 0 0 0 .5-.5V8H12v2a2 2 0 0 1-2 2H8Zm2-12a2 2 0 0 1 2 2v2h-1.5V2a.5.5 0 0 0-.5-.5H8V0h2Z\" \/>\n\t\t\t<\/svg>\n\t\t<\/button><figcaption class=\"wp-element-caption\">Foto: Ollie Craig \/ Pexels<\/figcaption><\/figure>\n\n\n\n<h3 class=\"wp-block-heading\"><span class=\"ez-toc-section\" id=\"19_Harder_Kulm_Domaca_hora_Interlakenu\"><\/span>19. Harder Kulm: Dom\u00e1ca hora Interlakenu<span class=\"ez-toc-section-end\"><\/span><\/h3>\n\n\n\n<p class=\"wp-block-paragraph\">Toto je absol\u00fatna povinnos\u0165. <strong>Harder Kulm vo v\u00fd\u0161ke 1 322 metrov<\/strong> je zn\u00e1my ako dom\u00e1ca hora Interlakenu a pon\u00faka ten najikonickej\u0161\u00ed v\u00fdh\u013ead v celej oblasti. Historick\u00e1 pozemn\u00e1 lanovka (funikul\u00e1r) \u0165a z \u00fadolia vyvezie hore za p\u00fahych 10 min\u00fat, po\u010das ktor\u00fdch prekon\u00e1 755 v\u00fd\u0161kov\u00fdch metrov na trati dlhej len 1,4 kilometra.<\/p>\n\n\n\n<p class=\"wp-block-paragraph\">Na rok 2026 stoj\u00ed <strong>spiato\u010dn\u00fd l\u00edstok pre dospel\u00e9ho 44 CHF<\/strong>. Ak m\u00e1\u0161 Swiss Travel Pass alebo Bernese Oberland Pass, z\u00edska\u0161 z\u013eavu 50 %. Lanovka jazd\u00ed od 3. apr\u00edla do 29. novembra ka\u017ed\u00fa polhodinu, pri\u010dom v lete sa dolu m\u00f4\u017ee\u0161 zviez\u0165 a\u017e dlho do noci.<\/p>\n\n\n\n<p class=\"wp-block-paragraph\">Hore \u0165a \u010dak\u00e1 sl\u00e1vna <strong>vyhliadkov\u00e1 plo\u0161ina Two Lakes Bridge<\/strong>, ktor\u00e1 dramaticky vybieha nad hlbok\u00fd zr\u00e1z. Stoj\u00ed\u0161 na nej a pod sebou vid\u00ed\u0161 s\u00fa\u010dasne obe jazer\u00e1 (Thunersee aj Brienzersee) a priamo pred sebou m\u00e1\u0161 majest\u00e1tnu alpsk\u00fa trojku Eiger, M\u00f6nch a Jungfrau. Vyzer\u00e1 to tu naozaj ako z filmov\u00fdch kul\u00eds.<\/p>\n\n\n\n<p class=\"wp-block-paragraph\">\ud83d\udca1 Tip: <strong>Vyhni sa front\u00e1m<\/strong> a k\u00fap si <strong>l\u00edstok s predstihom online<\/strong> priamo na webe <a href=\"https:\/\/www.harder-kulm.com\" target=\"_blank\" rel=\"nofollow noopener\">Harder Kulm<\/a>. Z\u00edska\u0161 QR k\u00f3d do telef\u00f3nu a prejde\u0161 rovno k turniketom.<\/p>\n\n\n\n<figure data-wp-context=\"{&quot;imageId&quot;:&quot;6a9523941a528&quot;}\" data-wp-interactive=\"core\/image\" data-wp-key=\"6a9523941a528\" class=\"wp-block-image size-full wp-lightbox-container\"><img decoding=\"async\" width=\"1800\" height=\"1350\" data-wp-class--hide=\"state.isContentHidden\" data-wp-class--show=\"state.isContentVisible\" data-wp-init=\"callbacks.setButtonStyles\" data-wp-on--click=\"actions.showLightbox\" data-wp-on--load=\"callbacks.setButtonStyles\" data-wp-on--pointerdown=\"actions.preloadImage\" data-wp-on--pointerenter=\"actions.preloadImageWithDelay\" data-wp-on--pointerleave=\"actions.cancelPreload\" data-wp-on-window--resize=\"callbacks.setButtonStyles\" src=\"https:\/\/loudavymkrokem.cz\/wp-content\/uploads\/2026\/08\/articles-bonigen-20.jpg\" alt=\"Kask\u00e1dy Giessba\u0161sk\u00fdch vodop\u00e1dov\" class=\"wp-image-404502\" title=\"\" srcset=\"https:\/\/loudavymkrokem.cz\/wp-content\/uploads\/2026\/08\/articles-bonigen-20.jpg 1800w, https:\/\/loudavymkrokem.cz\/wp-content\/uploads\/2026\/08\/articles-bonigen-20-300x225.jpg 300w, https:\/\/loudavymkrokem.cz\/wp-content\/uploads\/2026\/08\/articles-bonigen-20-700x525.jpg 700w, https:\/\/loudavymkrokem.cz\/wp-content\/uploads\/2026\/08\/articles-bonigen-20-768x576.jpg 768w, https:\/\/loudavymkrokem.cz\/wp-content\/uploads\/2026\/08\/articles-bonigen-20-1536x1152.jpg 1536w, https:\/\/loudavymkrokem.cz\/wp-content\/uploads\/2026\/08\/articles-bonigen-20-80x60.jpg 80w, https:\/\/loudavymkrokem.cz\/wp-content\/uploads\/2026\/08\/articles-bonigen-20-160x120.jpg 160w, https:\/\/loudavymkrokem.cz\/wp-content\/uploads\/2026\/08\/articles-bonigen-20-696x522.jpg 696w, https:\/\/loudavymkrokem.cz\/wp-content\/uploads\/2026\/08\/articles-bonigen-20-1392x1044.jpg 1392w\" sizes=\"(max-width: 1800px) 100vw, 1800px\" \/><button\n\t\t\tclass=\"lightbox-trigger\"\n\t\t\ttype=\"button\"\n\t\t\taria-haspopup=\"dialog\"\n\t\t\tdata-wp-bind--aria-label=\"state.thisImage.triggerButtonAriaLabel\"\n\t\t\tdata-wp-init=\"callbacks.initTriggerButton\"\n\t\t\tdata-wp-on--click=\"actions.showLightbox\"\n\t\t\tdata-wp-style--right=\"state.thisImage.buttonRight\"\n\t\t\tdata-wp-style--top=\"state.thisImage.buttonTop\"\n\t\t>\n\t\t\t<svg xmlns=\"http:\/\/www.w3.org\/2000\/svg\" width=\"12\" height=\"12\" fill=\"none\" viewBox=\"0 0 12 12\">\n\t\t\t\t<path fill=\"#fff\" d=\"M2 0a2 2 0 0 0-2 2v2h1.5V2a.5.5 0 0 1 .5-.5h2V0H2Zm2 10.5H2a.5.5 0 0 1-.5-.5V8H0v2a2 2 0 0 0 2 2h2v-1.5ZM8 12v-1.5h2a.5.5 0 0 0 .5-.5V8H12v2a2 2 0 0 1-2 2H8Zm2-12a2 2 0 0 1 2 2v2h-1.5V2a.5.5 0 0 0-.5-.5H8V0h2Z\" \/>\n\t\t\t<\/svg>\n\t\t<\/button><figcaption class=\"wp-element-caption\">Foto: Metehan \u015eeker \/ Pexels<\/figcaption><\/figure>\n\n\n\n<h3 class=\"wp-block-heading\"><span class=\"ez-toc-section\" id=\"20_Giessbasske_vodopady_a_prechod_za_vodou\"><\/span>20. Giessba\u0161sk\u00e9 vodop\u00e1dy a prechod za vodou<span class=\"ez-toc-section-end\"><\/span><\/h3>\n\n\n\n<p class=\"wp-block-paragraph\">Voda tu pad\u00e1 <strong>v 14 kask\u00e1dach<\/strong> zhruba zo 400 metrov priamo do jazera a ne\u017e za\u010dne\u0161 prem\u00fd\u0161\u013ea\u0165, \u017ee si videl vodop\u00e1dy u\u017e inde, po\u010dkaj, \u010do pr\u00edde \u010falej. Okolo vodop\u00e1dov vedie <strong>sie\u0165 perfektne udr\u017eiavan\u00fdch chodn\u00edkov<\/strong>, ktor\u00e9 \u0165a zaved\u00fa a\u017e k t\u00fdm najhlu\u010dnej\u0161\u00edm a najdivokej\u0161\u00edm \u00fasekom.<\/p>\n\n\n\n<p class=\"wp-block-paragraph\">Najv\u00e4\u010d\u0161\u00edm \u0165ah\u00e1kom je <strong>chodn\u00edk, ktor\u00fd vedie priamo ZA jedn\u00fdm z vodop\u00e1dov<\/strong>. M\u00f4\u017ee\u0161 prejs\u0165 pod mohutn\u00fdm skaln\u00fdm previsom a pozera\u0165 sa cez padaj\u00facu stenu vody dolu na tyrkysov\u00e9 jazero a okolit\u00e9 hory. Je to bezpe\u010dn\u00fd, zhruba 20-min\u00fatov\u00fd okruh, ktor\u00fd \u0165a \u00faplne uchv\u00e1ti.<\/p>\n\n\n\n<p class=\"wp-block-paragraph\">Dosta\u0165 sa sem m\u00f4\u017ee\u0161 autom (<strong>parkovanie vyjde na 15 CHF<\/strong> na de\u0148 v hlavnej sez\u00f3ne), ale ove\u013ea \u0161t\u00fdlovej\u0161ie je <strong>pripl\u00e1va\u0165 lo\u010fou na zast\u00e1vku<\/strong> Giessbach See. Odtia\u013e vedie cesta bu\u010f pe\u0161i, alebo historickou lanovkou priamo k za\u010diatku chodn\u00edkov.<\/p>\n\n\n\n<p class=\"wp-block-paragraph\">\ud83d\udca1 Tip: Ak sa sem chyst\u00e1\u0161 na jar v \u010dase topenia snehu alebo po v\u00fddatn\u00fdch da\u017e\u010foch, po\u010d\u00edtaj s t\u00fdm, \u017ee na chodn\u00edku za vodop\u00e1dom <strong>dostane\u0161 poriadnu sprchu<\/strong>. <strong>Nepremokav\u00e1 bunda je nutnos\u0165ou<\/strong>.<\/p>\n\n\n\n<figure data-wp-context=\"{&quot;imageId&quot;:&quot;6a9523941accd&quot;}\" data-wp-interactive=\"core\/image\" data-wp-key=\"6a9523941accd\" class=\"wp-block-image size-full wp-lightbox-container\"><img decoding=\"async\" width=\"1800\" height=\"1350\" data-wp-class--hide=\"state.isContentHidden\" data-wp-class--show=\"state.isContentVisible\" data-wp-init=\"callbacks.setButtonStyles\" data-wp-on--click=\"actions.showLightbox\" data-wp-on--load=\"callbacks.setButtonStyles\" data-wp-on--pointerdown=\"actions.preloadImage\" data-wp-on--pointerenter=\"actions.preloadImageWithDelay\" data-wp-on--pointerleave=\"actions.cancelPreload\" data-wp-on-window--resize=\"callbacks.setButtonStyles\" src=\"https:\/\/loudavymkrokem.cz\/wp-content\/uploads\/2026\/08\/articles-bonigen-21.jpg\" alt=\"Grandhotel Giessbach a historick\u00e1 lanovka\" class=\"wp-image-404504\" title=\"\" srcset=\"https:\/\/loudavymkrokem.cz\/wp-content\/uploads\/2026\/08\/articles-bonigen-21.jpg 1800w, https:\/\/loudavymkrokem.cz\/wp-content\/uploads\/2026\/08\/articles-bonigen-21-300x225.jpg 300w, https:\/\/loudavymkrokem.cz\/wp-content\/uploads\/2026\/08\/articles-bonigen-21-700x525.jpg 700w, https:\/\/loudavymkrokem.cz\/wp-content\/uploads\/2026\/08\/articles-bonigen-21-768x576.jpg 768w, https:\/\/loudavymkrokem.cz\/wp-content\/uploads\/2026\/08\/articles-bonigen-21-1536x1152.jpg 1536w, https:\/\/loudavymkrokem.cz\/wp-content\/uploads\/2026\/08\/articles-bonigen-21-80x60.jpg 80w, https:\/\/loudavymkrokem.cz\/wp-content\/uploads\/2026\/08\/articles-bonigen-21-160x120.jpg 160w, https:\/\/loudavymkrokem.cz\/wp-content\/uploads\/2026\/08\/articles-bonigen-21-696x522.jpg 696w, https:\/\/loudavymkrokem.cz\/wp-content\/uploads\/2026\/08\/articles-bonigen-21-1392x1044.jpg 1392w\" sizes=\"(max-width: 1800px) 100vw, 1800px\" \/><button\n\t\t\tclass=\"lightbox-trigger\"\n\t\t\ttype=\"button\"\n\t\t\taria-haspopup=\"dialog\"\n\t\t\tdata-wp-bind--aria-label=\"state.thisImage.triggerButtonAriaLabel\"\n\t\t\tdata-wp-init=\"callbacks.initTriggerButton\"\n\t\t\tdata-wp-on--click=\"actions.showLightbox\"\n\t\t\tdata-wp-style--right=\"state.thisImage.buttonRight\"\n\t\t\tdata-wp-style--top=\"state.thisImage.buttonTop\"\n\t\t>\n\t\t\t<svg xmlns=\"http:\/\/www.w3.org\/2000\/svg\" width=\"12\" height=\"12\" fill=\"none\" viewBox=\"0 0 12 12\">\n\t\t\t\t<path fill=\"#fff\" d=\"M2 0a2 2 0 0 0-2 2v2h1.5V2a.5.5 0 0 1 .5-.5h2V0H2Zm2 10.5H2a.5.5 0 0 1-.5-.5V8H0v2a2 2 0 0 0 2 2h2v-1.5ZM8 12v-1.5h2a.5.5 0 0 0 .5-.5V8H12v2a2 2 0 0 1-2 2H8Zm2-12a2 2 0 0 1 2 2v2h-1.5V2a.5.5 0 0 0-.5-.5H8V0h2Z\" \/>\n\t\t\t<\/svg>\n\t\t<\/button><figcaption class=\"wp-element-caption\">Foto: JoachimKohler-HB \/ Wikimedia Commons, CC BY-SA 4.0<\/figcaption><\/figure>\n\n\n\n<h3 class=\"wp-block-heading\"><span class=\"ez-toc-section\" id=\"21_Najstarsia_svajciarska_turisticka_lanovka_a_Grandhotel\"><\/span>21. Najstar\u0161ia \u0161vaj\u010diarska turistick\u00e1 lanovka a Grandhotel<span class=\"ez-toc-section-end\"><\/span><\/h3>\n\n\n\n<p class=\"wp-block-paragraph\">Ke\u010f u\u017e pripl\u00e1va\u0161 lo\u010fou pod Giessba\u0161sk\u00e9 vodop\u00e1dy, nenechaj si ujs\u0165 technick\u00fd unik\u00e1t. Od pr\u00edstaviska hore k hotelu jazd\u00ed <strong>Giessbachbahn \u2014 najstar\u0161ia dodnes prev\u00e1dzkovan\u00e1 pozemn\u00e1 lanovka vo \u0160vaj\u010diarsku<\/strong>. Jazd\u00ed od roku 1879 a bola v\u00f4bec prvou \u0161vaj\u010diarskou lanovkou postavenou \u010disto pre turistov. Jej historick\u00e9 \u010derven\u00e9 vag\u00f3niky s\u00fa neuverite\u013ene fotogenick\u00e9.<\/p>\n\n\n\n<p class=\"wp-block-paragraph\">Horn\u00e1 stanica \u0165a vyp\u013euje priamo pred br\u00e1nami \u00fachvatn\u00e9ho <strong>Grandhotelu Giessbach<\/strong>. Tento luxusn\u00fd pal\u00e1c z 19. storo\u010dia hostil smot\u00e1nku z cel\u00e9ho sveta a dodnes si zachoval svoju aristokratick\u00fa atmosf\u00e9ru. Okolo hotela sa rozprestiera starostlivo udr\u017eiavan\u00fd <strong>park s rozlohou neuverite\u013en\u00fdch 22 hekt\u00e1rov<\/strong>, ktor\u00fdm sa m\u00f4\u017ee\u0161 vo\u013ene prech\u00e1dza\u0165.<\/p>\n\n\n\n<p class=\"wp-block-paragraph\">Aj ke\u010f v hoteli neb\u00fdva\u0161, ur\u010dite odpor\u00fa\u010dam sadn\u00fa\u0165 si na ich <strong>obrovsk\u00fa vyhliadkov\u00fa terasu<\/strong>. <strong>K\u00e1va tu s\u00edce stoj\u00ed majland<\/strong>, ale s vodop\u00e1dmi v pozad\u00ed a tou aristokratickou atmosf\u00e9rou si bude\u0161 pripada\u0165 ako v rom\u00e1ne od Agathy Christie, a to sa jednoducho cen\u00ed. \u263a\ufe0f<\/p>\n\n\n\n<p class=\"wp-block-paragraph\">\ud83d\udca1 Tip: Viac o <strong>hist\u00f3rii hotela<\/strong> a <strong>aktu\u00e1lnych cestovn\u00fdch poriadkoch lanovky<\/strong> si m\u00f4\u017ee\u0161 pre\u010d\u00edta\u0165 na kr\u00e1snom webe <a href=\"https:\/\/www.giessbach.ch\" target=\"_blank\" rel=\"nofollow noopener\">Grandhotel Giessbach<\/a>.<\/p>\n\n\n\n<figure data-wp-context=\"{&quot;imageId&quot;:&quot;6a9523941b4b6&quot;}\" data-wp-interactive=\"core\/image\" data-wp-key=\"6a9523941b4b6\" class=\"wp-block-image size-full wp-lightbox-container\"><img decoding=\"async\" width=\"1800\" height=\"1350\" data-wp-class--hide=\"state.isContentHidden\" data-wp-class--show=\"state.isContentVisible\" data-wp-init=\"callbacks.setButtonStyles\" data-wp-on--click=\"actions.showLightbox\" data-wp-on--load=\"callbacks.setButtonStyles\" data-wp-on--pointerdown=\"actions.preloadImage\" data-wp-on--pointerenter=\"actions.preloadImageWithDelay\" data-wp-on--pointerleave=\"actions.cancelPreload\" data-wp-on-window--resize=\"callbacks.setButtonStyles\" src=\"https:\/\/loudavymkrokem.cz\/wp-content\/uploads\/2026\/08\/articles-bonigen-22.jpg\" alt=\"Dedina Iseltwald na polostrove v jazere\" class=\"wp-image-404505\" title=\"\" srcset=\"https:\/\/loudavymkrokem.cz\/wp-content\/uploads\/2026\/08\/articles-bonigen-22.jpg 1800w, https:\/\/loudavymkrokem.cz\/wp-content\/uploads\/2026\/08\/articles-bonigen-22-300x225.jpg 300w, https:\/\/loudavymkrokem.cz\/wp-content\/uploads\/2026\/08\/articles-bonigen-22-700x525.jpg 700w, https:\/\/loudavymkrokem.cz\/wp-content\/uploads\/2026\/08\/articles-bonigen-22-768x576.jpg 768w, https:\/\/loudavymkrokem.cz\/wp-content\/uploads\/2026\/08\/articles-bonigen-22-1536x1152.jpg 1536w, https:\/\/loudavymkrokem.cz\/wp-content\/uploads\/2026\/08\/articles-bonigen-22-80x60.jpg 80w, https:\/\/loudavymkrokem.cz\/wp-content\/uploads\/2026\/08\/articles-bonigen-22-160x120.jpg 160w, https:\/\/loudavymkrokem.cz\/wp-content\/uploads\/2026\/08\/articles-bonigen-22-696x522.jpg 696w, https:\/\/loudavymkrokem.cz\/wp-content\/uploads\/2026\/08\/articles-bonigen-22-1392x1044.jpg 1392w\" sizes=\"(max-width: 1800px) 100vw, 1800px\" \/><button\n\t\t\tclass=\"lightbox-trigger\"\n\t\t\ttype=\"button\"\n\t\t\taria-haspopup=\"dialog\"\n\t\t\tdata-wp-bind--aria-label=\"state.thisImage.triggerButtonAriaLabel\"\n\t\t\tdata-wp-init=\"callbacks.initTriggerButton\"\n\t\t\tdata-wp-on--click=\"actions.showLightbox\"\n\t\t\tdata-wp-style--right=\"state.thisImage.buttonRight\"\n\t\t\tdata-wp-style--top=\"state.thisImage.buttonTop\"\n\t\t>\n\t\t\t<svg xmlns=\"http:\/\/www.w3.org\/2000\/svg\" width=\"12\" height=\"12\" fill=\"none\" viewBox=\"0 0 12 12\">\n\t\t\t\t<path fill=\"#fff\" d=\"M2 0a2 2 0 0 0-2 2v2h1.5V2a.5.5 0 0 1 .5-.5h2V0H2Zm2 10.5H2a.5.5 0 0 1-.5-.5V8H0v2a2 2 0 0 0 2 2h2v-1.5ZM8 12v-1.5h2a.5.5 0 0 0 .5-.5V8H12v2a2 2 0 0 1-2 2H8Zm2-12a2 2 0 0 1 2 2v2h-1.5V2a.5.5 0 0 0-.5-.5H8V0h2Z\" \/>\n\t\t\t<\/svg>\n\t\t<\/button><figcaption class=\"wp-element-caption\">Foto: PKurmannCH \/ Wikimedia Commons, CC BY-SA 4.0<\/figcaption><\/figure>\n\n\n\n<h3 class=\"wp-block-heading\"><span class=\"ez-toc-section\" id=\"22_Iseltwald_a_ikonicke_molo_zo_serialu\"><\/span>22. Iseltwald a ikonick\u00e9 m\u00f3lo zo seri\u00e1lu<span class=\"ez-toc-section-end\"><\/span><\/h3>\n\n\n\n<p class=\"wp-block-paragraph\">Susedn\u00e1 dedina Iseltwald je malebn\u00e1 osada le\u017eiaca na malom polostrove, kam \u0165a z B\u00f6nigenu dovezie lo\u010f alebo autobus 103. Miestne dreven\u00e9 m\u00f3lo sa ale ned\u00e1vno stalo vir\u00e1lnou senz\u00e1ciou, preto\u017ee sa tu nat\u00e1\u010dala k\u013e\u00fa\u010dov\u00e1 sc\u00e9na pre <strong>sl\u00e1vny k\u00f3rejsk\u00fd Netflix seri\u00e1l Crash Landing on You<\/strong>.<\/p>\n\n\n\n<p class=\"wp-block-paragraph\">Odvtedy sem pr\u00fadia z\u00e1stupy \u00e1zijsk\u00fdch turistov, ktor\u00ed si chc\u00fa spravi\u0165 fotku na rovnakom mieste ako ich seri\u00e1lov\u00ed hrdinovia. Obec situ\u00e1ciu \u0161ikovne vyrie\u0161ila a pred m\u00f3lo <strong>nain\u0161talovala turniket, ktor\u00fd vyber\u00e1 \u201epoplatok za selfie\u201c vo v\u00fd\u0161ke 5 CHF<\/strong>. V\u00fd\u0165a\u017eok ide na upratovanie dediny a zvoz odpadu po davoch turistov. Len v roku 2024 turniketom pre\u0161lo skoro 50-tis\u00edc \u013eud\u00ed a obec na \u0148om vybrala zhruba 245-tis\u00edc frankov. Verejn\u00e9 toalety za jeden frank k tomu pridali \u010fal\u0161\u00edch 58-tis\u00edc.<\/p>\n\n\n\n<p class=\"wp-block-paragraph\">Okrem m\u00f3la tu uvid\u00ed\u0161 aj <strong>kr\u00e1sny z\u00e1mo\u010dek Seeburg z roku 1907<\/strong>, ktor\u00fd funguje ako symbol dediny (bohu\u017eia\u013e je v s\u00fakromnom vlastn\u00edctve a prezrie\u0161 si ho len zvonku). V jazere k\u00fasok od brehu potom le\u017e\u00ed Schn\u00e4ggeninseli, jedin\u00fd ostrov v Brienzskom jazere, kde pod\u013ea povesti mn\u00edsi chovali slim\u00e1ky.<\/p>\n\n\n\n<p class=\"wp-block-paragraph\">\ud83d\udca1 Tip: Ak sa chce\u0161 <strong>vyhn\u00fa\u0165 davom pri turnikete<\/strong> a ma\u0165 pokoj na prehliadku dediny, pozri sa na inform\u00e1cie na <a href=\"https:\/\/www.boenigen-iseltwald.ch\" target=\"_blank\" rel=\"nofollow noopener\">turistickom webe<\/a> a napl\u00e1nuj si n\u00e1v\u0161tevu Iseltwaldu <strong>hne\u010f na skor\u00e9 r\u00e1no<\/strong>.<\/p>\n\n\n\n<figure data-wp-context=\"{&quot;imageId&quot;:&quot;6a9523941bc90&quot;}\" data-wp-interactive=\"core\/image\" data-wp-key=\"6a9523941bc90\" class=\"wp-block-image size-full wp-lightbox-container\"><img decoding=\"async\" width=\"1800\" height=\"1221\" data-wp-class--hide=\"state.isContentHidden\" data-wp-class--show=\"state.isContentVisible\" data-wp-init=\"callbacks.setButtonStyles\" data-wp-on--click=\"actions.showLightbox\" data-wp-on--load=\"callbacks.setButtonStyles\" data-wp-on--pointerdown=\"actions.preloadImage\" data-wp-on--pointerenter=\"actions.preloadImageWithDelay\" data-wp-on--pointerleave=\"actions.cancelPreload\" data-wp-on-window--resize=\"callbacks.setButtonStyles\" src=\"https:\/\/loudavymkrokem.cz\/wp-content\/uploads\/2026\/08\/articles-bonigen-23.jpg\" alt=\"Zuba\u010dka na Schynige Platte\" class=\"wp-image-404508\" title=\"\" srcset=\"https:\/\/loudavymkrokem.cz\/wp-content\/uploads\/2026\/08\/articles-bonigen-23.jpg 1800w, https:\/\/loudavymkrokem.cz\/wp-content\/uploads\/2026\/08\/articles-bonigen-23-300x204.jpg 300w, https:\/\/loudavymkrokem.cz\/wp-content\/uploads\/2026\/08\/articles-bonigen-23-700x475.jpg 700w, https:\/\/loudavymkrokem.cz\/wp-content\/uploads\/2026\/08\/articles-bonigen-23-768x521.jpg 768w, https:\/\/loudavymkrokem.cz\/wp-content\/uploads\/2026\/08\/articles-bonigen-23-1536x1042.jpg 1536w, https:\/\/loudavymkrokem.cz\/wp-content\/uploads\/2026\/08\/articles-bonigen-23-696x472.jpg 696w, https:\/\/loudavymkrokem.cz\/wp-content\/uploads\/2026\/08\/articles-bonigen-23-1392x944.jpg 1392w\" sizes=\"(max-width: 1800px) 100vw, 1800px\" \/><button\n\t\t\tclass=\"lightbox-trigger\"\n\t\t\ttype=\"button\"\n\t\t\taria-haspopup=\"dialog\"\n\t\t\tdata-wp-bind--aria-label=\"state.thisImage.triggerButtonAriaLabel\"\n\t\t\tdata-wp-init=\"callbacks.initTriggerButton\"\n\t\t\tdata-wp-on--click=\"actions.showLightbox\"\n\t\t\tdata-wp-style--right=\"state.thisImage.buttonRight\"\n\t\t\tdata-wp-style--top=\"state.thisImage.buttonTop\"\n\t\t>\n\t\t\t<svg xmlns=\"http:\/\/www.w3.org\/2000\/svg\" width=\"12\" height=\"12\" fill=\"none\" viewBox=\"0 0 12 12\">\n\t\t\t\t<path fill=\"#fff\" d=\"M2 0a2 2 0 0 0-2 2v2h1.5V2a.5.5 0 0 1 .5-.5h2V0H2Zm2 10.5H2a.5.5 0 0 1-.5-.5V8H0v2a2 2 0 0 0 2 2h2v-1.5ZM8 12v-1.5h2a.5.5 0 0 0 .5-.5V8H12v2a2 2 0 0 1-2 2H8Zm2-12a2 2 0 0 1 2 2v2h-1.5V2a.5.5 0 0 0-.5-.5H8V0h2Z\" \/>\n\t\t\t<\/svg>\n\t\t<\/button><figcaption class=\"wp-element-caption\">Foto: JoachimKohler-HB \/ Wikimedia Commons, CC BY-SA 4.0<\/figcaption><\/figure>\n\n\n\n<h3 class=\"wp-block-heading\"><span class=\"ez-toc-section\" id=\"23_Schynige_Platte_Zubacka_a_alpska_zahrada\"><\/span>23. Schynige Platte: Zuba\u010dka a alpsk\u00e1 z\u00e1hrada<span class=\"ez-toc-section-end\"><\/span><\/h3>\n\n\n\n<p class=\"wp-block-paragraph\">Pre tento v\u00fdlet sa sta\u010d\u00ed presun\u00fa\u0165 do ne\u010falek\u00e9ho Wilderswilu, odkia\u013e vych\u00e1dza historick\u00e1 ozubnicov\u00e1 \u017eeleznica na <strong>Schynige Platte do v\u00fd\u0161ky 1 967 metrov<\/strong>. Jazda star\u00fdmi dreven\u00fdmi vag\u00f3nikmi trv\u00e1 skoro hodinu a je to \u010dir\u00e1 romantika. Spiato\u010dn\u00fd l\u00edstok vyjde v roku 2026 na <strong>68 CHF pre dospel\u00e9ho<\/strong>, s polovi\u010dn\u00fdm cestovn\u00fdm alebo Swiss Travel Pass na 34 CHF a <strong>s Bernese Oberland Pass m\u00e1\u0161 jazdu zadarmo<\/strong>. Zuba\u010dka jazd\u00ed od 13. j\u00fana do 25. okt\u00f3bra.<\/p>\n\n\n\n<p class=\"wp-block-paragraph\">Hore \u0165a priv\u00edta \u00fachvatn\u00e1 <strong>botanick\u00e1 alpsk\u00e1 z\u00e1hrada<\/strong>, kde na starostlivo udr\u017eiavanej okru\u017enej trase rastie okolo <strong>800 druhov vysokohorsk\u00fdch rastl\u00edn<\/strong>, vr\u00e1tane vz\u00e1cnych alpsk\u00fdch plesnivcov. V\u0161etko je kr\u00e1sne pop\u00edsan\u00e9 a roztrieden\u00e9 pod\u013ea prirodzen\u00fdch biotopov.<\/p>\n\n\n\n<p class=\"wp-block-paragraph\">Najlep\u0161\u00edm z\u00e1\u017eitkom je ale okru\u017en\u00fd <strong>Panoramaweg<\/strong>. Je to pohodov\u00e1 t\u00fara na zhruba 2,5 hodiny, ktor\u00e1 \u0165a zavedie na dve fantastick\u00e9 vyhliadky na skal\u00e1ch Daube a Oberberghorn. Je to trasa vhodn\u00e1 pre cel\u00fa rodinu, ktor\u00e1 nevy\u017eaduje \u017eiadne horolezeck\u00e9 zru\u010dnosti, ale pon\u00faka v\u00fdh\u013eady ako pre profesion\u00e1lov.<\/p>\n\n\n\n<p class=\"wp-block-paragraph\">\ud83d\udca1 Tip: V roku 2026 platia v ur\u010dit\u00fdch d\u00e1tumoch (obvykle od polovice j\u00fana do okt\u00f3bra) <strong>r\u00f4zne \u0161peci\u00e1lne z\u013eavy<\/strong>, tak\u017ee si pri n\u00e1kupe na pokladni nezabudni overi\u0165, \u010di nem\u00e1\u0161 <strong>n\u00e1rok na lacnej\u0161\u00ed l\u00edstok<\/strong>.<\/p>\n\n\n\n<figure data-wp-context=\"{&quot;imageId&quot;:&quot;6a9523941c41e&quot;}\" data-wp-interactive=\"core\/image\" data-wp-key=\"6a9523941c41e\" class=\"wp-block-image size-full wp-lightbox-container\"><img decoding=\"async\" width=\"1800\" height=\"1350\" data-wp-class--hide=\"state.isContentHidden\" data-wp-class--show=\"state.isContentVisible\" data-wp-init=\"callbacks.setButtonStyles\" data-wp-on--click=\"actions.showLightbox\" data-wp-on--load=\"callbacks.setButtonStyles\" data-wp-on--pointerdown=\"actions.preloadImage\" data-wp-on--pointerenter=\"actions.preloadImageWithDelay\" data-wp-on--pointerleave=\"actions.cancelPreload\" data-wp-on-window--resize=\"callbacks.setButtonStyles\" src=\"https:\/\/loudavymkrokem.cz\/wp-content\/uploads\/2026\/08\/articles-bonigen-24.jpg\" alt=\"Interlaken s v\u00fdh\u013eadom na Jungfrau\" class=\"wp-image-404509\" title=\"\" srcset=\"https:\/\/loudavymkrokem.cz\/wp-content\/uploads\/2026\/08\/articles-bonigen-24.jpg 1800w, https:\/\/loudavymkrokem.cz\/wp-content\/uploads\/2026\/08\/articles-bonigen-24-300x225.jpg 300w, https:\/\/loudavymkrokem.cz\/wp-content\/uploads\/2026\/08\/articles-bonigen-24-700x525.jpg 700w, https:\/\/loudavymkrokem.cz\/wp-content\/uploads\/2026\/08\/articles-bonigen-24-768x576.jpg 768w, https:\/\/loudavymkrokem.cz\/wp-content\/uploads\/2026\/08\/articles-bonigen-24-1536x1152.jpg 1536w, https:\/\/loudavymkrokem.cz\/wp-content\/uploads\/2026\/08\/articles-bonigen-24-80x60.jpg 80w, https:\/\/loudavymkrokem.cz\/wp-content\/uploads\/2026\/08\/articles-bonigen-24-160x120.jpg 160w, https:\/\/loudavymkrokem.cz\/wp-content\/uploads\/2026\/08\/articles-bonigen-24-696x522.jpg 696w, https:\/\/loudavymkrokem.cz\/wp-content\/uploads\/2026\/08\/articles-bonigen-24-1392x1044.jpg 1392w\" sizes=\"(max-width: 1800px) 100vw, 1800px\" \/><button\n\t\t\tclass=\"lightbox-trigger\"\n\t\t\ttype=\"button\"\n\t\t\taria-haspopup=\"dialog\"\n\t\t\tdata-wp-bind--aria-label=\"state.thisImage.triggerButtonAriaLabel\"\n\t\t\tdata-wp-init=\"callbacks.initTriggerButton\"\n\t\t\tdata-wp-on--click=\"actions.showLightbox\"\n\t\t\tdata-wp-style--right=\"state.thisImage.buttonRight\"\n\t\t\tdata-wp-style--top=\"state.thisImage.buttonTop\"\n\t\t>\n\t\t\t<svg xmlns=\"http:\/\/www.w3.org\/2000\/svg\" width=\"12\" height=\"12\" fill=\"none\" viewBox=\"0 0 12 12\">\n\t\t\t\t<path fill=\"#fff\" d=\"M2 0a2 2 0 0 0-2 2v2h1.5V2a.5.5 0 0 1 .5-.5h2V0H2Zm2 10.5H2a.5.5 0 0 1-.5-.5V8H0v2a2 2 0 0 0 2 2h2v-1.5ZM8 12v-1.5h2a.5.5 0 0 0 .5-.5V8H12v2a2 2 0 0 1-2 2H8Zm2-12a2 2 0 0 1 2 2v2h-1.5V2a.5.5 0 0 0-.5-.5H8V0h2Z\" \/>\n\t\t\t<\/svg>\n\t\t<\/button><figcaption class=\"wp-element-caption\">Foto: Paebi \/ Wikimedia Commons, CC BY-SA 4.0<\/figcaption><\/figure>\n\n\n\n<h3 class=\"wp-block-heading\"><span class=\"ez-toc-section\" id=\"24_Interlaken_Susedna_turisticka_zakladna\"><\/span>24. Interlaken: Susedn\u00e1 turistick\u00e1 z\u00e1klad\u0148a<span class=\"ez-toc-section-end\"><\/span><\/h3>\n\n\n\n<p class=\"wp-block-paragraph\">Ke\u010f \u0165a omrz\u00ed pokoj B\u00f6nigenu, sta\u010d\u00ed nasko\u010di\u0165 na autobus 103 a za necel\u00fdch 10 min\u00fat si v centre Interlakenu. Toto mesto je prav\u00fdm opakom. Je <strong>ru\u0161n\u00e9, pln\u00e9 obchodov so suven\u00edrmi, luxusn\u00fdch butikov s hodinkami<\/strong> a neust\u00e1le tu nad hlavou kr\u00fa\u017eia desiatky paraglidistov, ktor\u00ed prist\u00e1vaj\u00fa na ve\u013ekej tr\u00e1vnatej l\u00fake H\u00f6hematte priamo v centre.<\/p>\n\n\n\n<p class=\"wp-block-paragraph\">N\u00e1jde\u0161 tu tie najlep\u0161ie supermarkety na n\u00e1kup z\u00e1sob, kopu re\u0161taur\u00e1ci\u00ed z cel\u00e9ho sveta a obrovsk\u00e9 kas\u00edno. Interlaken navy\u0161e funguje ako <strong>hlavn\u00fd dopravn\u00fd uzol<\/strong> pre tie najv\u00e4\u010d\u0161ie v\u00fdlety v regi\u00f3ne, vr\u00e1tane <strong>extr\u00e9mne drahej zuba\u010dky na Jungfraujoch<\/strong> (Top of Europe).<\/p>\n\n\n\n<p class=\"wp-block-paragraph\">Je fajn si mesto prejs\u0165, nak\u00fapi\u0165 \u010dokol\u00e1du a nasa\u0165 tu medzin\u00e1rodn\u00fa atmosf\u00e9ru, ale uvid\u00ed\u0161, \u017ee ve\u010der sa bude\u0161 s obrovskou rados\u0165ou vraca\u0165 <strong>sp\u00e4\u0165 do tichej dediny<\/strong> k jazeru. Interlaken je skvel\u00fd sluha, ale ako z\u00e1klad\u0148a na b\u00fdvanie b\u00fdva na m\u00f4j vkus <strong>a\u017e pr\u00edli\u0161 chaotick\u00fd<\/strong>.<\/p>\n\n\n\n<p class=\"wp-block-paragraph\">\ud83d\udca1 Tip: V\u0161etky <strong>inform\u00e1cie o aktu\u00e1lnych akci\u00e1ch<\/strong>, festivaloch a lanovk\u00e1ch v \u0161ir\u0161om okol\u00ed n\u00e1jde\u0161 najlep\u0161ie spracovan\u00e9 na port\u00e1li <a href=\"https:\/\/www.interlaken.swiss\" target=\"_blank\" rel=\"nofollow noopener\">Interlaken<\/a>, ktor\u00fd si <strong>ulo\u017e do z\u00e1lo\u017eiek<\/strong>.<\/p>\n\n\n\n<figure data-wp-context=\"{&quot;imageId&quot;:&quot;6a9523941cbfc&quot;}\" data-wp-interactive=\"core\/image\" data-wp-key=\"6a9523941cbfc\" class=\"wp-block-image size-full wp-lightbox-container\"><img decoding=\"async\" width=\"1800\" height=\"1200\" data-wp-class--hide=\"state.isContentHidden\" data-wp-class--show=\"state.isContentVisible\" data-wp-init=\"callbacks.setButtonStyles\" data-wp-on--click=\"actions.showLightbox\" data-wp-on--load=\"callbacks.setButtonStyles\" data-wp-on--pointerdown=\"actions.preloadImage\" data-wp-on--pointerenter=\"actions.preloadImageWithDelay\" data-wp-on--pointerleave=\"actions.cancelPreload\" data-wp-on-window--resize=\"callbacks.setButtonStyles\" src=\"https:\/\/loudavymkrokem.cz\/wp-content\/uploads\/2026\/08\/articles-bonigen-25.jpg\" alt=\"Rodinn\u00fd v\u00fdlet k Brienzsk\u00e9mu jazeru\" class=\"wp-image-404513\" title=\"\" srcset=\"https:\/\/loudavymkrokem.cz\/wp-content\/uploads\/2026\/08\/articles-bonigen-25.jpg 1800w, https:\/\/loudavymkrokem.cz\/wp-content\/uploads\/2026\/08\/articles-bonigen-25-300x200.jpg 300w, https:\/\/loudavymkrokem.cz\/wp-content\/uploads\/2026\/08\/articles-bonigen-25-700x467.jpg 700w, https:\/\/loudavymkrokem.cz\/wp-content\/uploads\/2026\/08\/articles-bonigen-25-768x512.jpg 768w, https:\/\/loudavymkrokem.cz\/wp-content\/uploads\/2026\/08\/articles-bonigen-25-1536x1024.jpg 1536w, https:\/\/loudavymkrokem.cz\/wp-content\/uploads\/2026\/08\/articles-bonigen-25-696x464.jpg 696w, https:\/\/loudavymkrokem.cz\/wp-content\/uploads\/2026\/08\/articles-bonigen-25-1392x928.jpg 1392w\" sizes=\"(max-width: 1800px) 100vw, 1800px\" \/><button\n\t\t\tclass=\"lightbox-trigger\"\n\t\t\ttype=\"button\"\n\t\t\taria-haspopup=\"dialog\"\n\t\t\tdata-wp-bind--aria-label=\"state.thisImage.triggerButtonAriaLabel\"\n\t\t\tdata-wp-init=\"callbacks.initTriggerButton\"\n\t\t\tdata-wp-on--click=\"actions.showLightbox\"\n\t\t\tdata-wp-style--right=\"state.thisImage.buttonRight\"\n\t\t\tdata-wp-style--top=\"state.thisImage.buttonTop\"\n\t\t>\n\t\t\t<svg xmlns=\"http:\/\/www.w3.org\/2000\/svg\" width=\"12\" height=\"12\" fill=\"none\" viewBox=\"0 0 12 12\">\n\t\t\t\t<path fill=\"#fff\" d=\"M2 0a2 2 0 0 0-2 2v2h1.5V2a.5.5 0 0 1 .5-.5h2V0H2Zm2 10.5H2a.5.5 0 0 1-.5-.5V8H0v2a2 2 0 0 0 2 2h2v-1.5ZM8 12v-1.5h2a.5.5 0 0 0 .5-.5V8H12v2a2 2 0 0 1-2 2H8Zm2-12a2 2 0 0 1 2 2v2h-1.5V2a.5.5 0 0 0-.5-.5H8V0h2Z\" \/>\n\t\t\t<\/svg>\n\t\t<\/button><figcaption class=\"wp-element-caption\">Foto: Nicojonesgodel \/ Wikimedia Commons, CC BY-SA 4.0<\/figcaption><\/figure>\n\n\n\n<h2 class=\"wp-block-heading\"><span class=\"ez-toc-section\" id=\"Bonigen_s_detmi_co_podniknut_s_rodinou\"><\/span>B\u00f6nigen s de\u0165mi: \u010do podnikn\u00fa\u0165 s rodinou<span class=\"ez-toc-section-end\"><\/span><\/h2>\n\n\n\n<p class=\"wp-block-paragraph\">Bernsk\u00fd Oberland dok\u00e1\u017ee by\u0165 pre rodinn\u00fa pe\u0148a\u017eenku dos\u0165 nemilosrdn\u00fd, ale B\u00f6nigen je v tomto oh\u013eade prekvapivo priate\u013esk\u00fd a m\u00e1 obrovsk\u00fa v\u00fdhodu. Kopa aktiv\u00edt sa d\u00e1 robi\u0165 priamo okolo vody <strong>bez nutnosti plati\u0165 drah\u00e9 lanovky<\/strong>, a ter\u00e9n je tu dostato\u010dne rovinat\u00fd na to, aby ho <strong>zvl\u00e1dli aj men\u0161ie deti<\/strong> bez zbyto\u010dn\u00e9ho frflania.<\/p>\n\n\n\n<p class=\"wp-block-paragraph\">Miestna turistick\u00e1 centr\u00e1la navy\u0161e ve\u013emi dobre vie, \u017ee rodiny tvoria podstatn\u00fa \u010das\u0165 n\u00e1v\u0161tevn\u00edkov, tak\u017ee tu n\u00e1jde\u0161 <strong>kopu \u0161ikovn\u00fdch atrakci\u00ed<\/strong>, ktor\u00e9 deti udr\u017eia v pohybe a pritom z nich nebud\u00fa otr\u00e1ven\u00e9. Tu je <strong>p\u00e4\u0165 osved\u010den\u00fdch tipov<\/strong>, \u010do s de\u0165mi podnikn\u00fa\u0165:<\/p>\n\n\n\n<figure data-wp-context=\"{&quot;imageId&quot;:&quot;6a9523941d33a&quot;}\" data-wp-interactive=\"core\/image\" data-wp-key=\"6a9523941d33a\" class=\"wp-block-image size-full wp-lightbox-container\"><img decoding=\"async\" width=\"1800\" height=\"1321\" data-wp-class--hide=\"state.isContentHidden\" data-wp-class--show=\"state.isContentVisible\" data-wp-init=\"callbacks.setButtonStyles\" data-wp-on--click=\"actions.showLightbox\" data-wp-on--load=\"callbacks.setButtonStyles\" data-wp-on--pointerdown=\"actions.preloadImage\" data-wp-on--pointerenter=\"actions.preloadImageWithDelay\" data-wp-on--pointerleave=\"actions.cancelPreload\" data-wp-on-window--resize=\"callbacks.setButtonStyles\" src=\"https:\/\/loudavymkrokem.cz\/wp-content\/uploads\/2026\/08\/articles-bonigen-26.jpg\" alt=\"K\u00fapalisko pri jazere s detsk\u00fdm z\u00e1zem\u00edm\" class=\"wp-image-404514\" title=\"\" srcset=\"https:\/\/loudavymkrokem.cz\/wp-content\/uploads\/2026\/08\/articles-bonigen-26.jpg 1800w, https:\/\/loudavymkrokem.cz\/wp-content\/uploads\/2026\/08\/articles-bonigen-26-300x220.jpg 300w, https:\/\/loudavymkrokem.cz\/wp-content\/uploads\/2026\/08\/articles-bonigen-26-700x514.jpg 700w, https:\/\/loudavymkrokem.cz\/wp-content\/uploads\/2026\/08\/articles-bonigen-26-768x564.jpg 768w, https:\/\/loudavymkrokem.cz\/wp-content\/uploads\/2026\/08\/articles-bonigen-26-1536x1127.jpg 1536w, https:\/\/loudavymkrokem.cz\/wp-content\/uploads\/2026\/08\/articles-bonigen-26-80x60.jpg 80w, https:\/\/loudavymkrokem.cz\/wp-content\/uploads\/2026\/08\/articles-bonigen-26-696x511.jpg 696w, https:\/\/loudavymkrokem.cz\/wp-content\/uploads\/2026\/08\/articles-bonigen-26-1392x1022.jpg 1392w\" sizes=\"(max-width: 1800px) 100vw, 1800px\" \/><button\n\t\t\tclass=\"lightbox-trigger\"\n\t\t\ttype=\"button\"\n\t\t\taria-haspopup=\"dialog\"\n\t\t\tdata-wp-bind--aria-label=\"state.thisImage.triggerButtonAriaLabel\"\n\t\t\tdata-wp-init=\"callbacks.initTriggerButton\"\n\t\t\tdata-wp-on--click=\"actions.showLightbox\"\n\t\t\tdata-wp-style--right=\"state.thisImage.buttonRight\"\n\t\t\tdata-wp-style--top=\"state.thisImage.buttonTop\"\n\t\t>\n\t\t\t<svg xmlns=\"http:\/\/www.w3.org\/2000\/svg\" width=\"12\" height=\"12\" fill=\"none\" viewBox=\"0 0 12 12\">\n\t\t\t\t<path fill=\"#fff\" d=\"M2 0a2 2 0 0 0-2 2v2h1.5V2a.5.5 0 0 1 .5-.5h2V0H2Zm2 10.5H2a.5.5 0 0 1-.5-.5V8H0v2a2 2 0 0 0 2 2h2v-1.5ZM8 12v-1.5h2a.5.5 0 0 0 .5-.5V8H12v2a2 2 0 0 1-2 2H8Zm2-12a2 2 0 0 1 2 2v2h-1.5V2a.5.5 0 0 0-.5-.5H8V0h2Z\" \/>\n\t\t\t<\/svg>\n\t\t<\/button><figcaption class=\"wp-element-caption\">Foto: Patrick Nouhailler \/ Wikimedia Commons, CC BY-SA 3.0<\/figcaption><\/figure>\n\n\n\n<h3 class=\"wp-block-heading\"><span class=\"ez-toc-section\" id=\"Plaz_The_Beach_a_velkoryse_ihrisko\"><\/span>Pl\u00e1\u017e The Beach a ve\u013ekorys\u00e9 ihrisko<span class=\"ez-toc-section-end\"><\/span><\/h3>\n\n\n\n<p class=\"wp-block-paragraph\">Ke\u010f je vonku hor\u00faco, toto je absol\u00fatna istota. <strong>Vstupn\u00e9 4 CHF za die\u0165a<\/strong> (do 15 rokov) je na \u0161vaj\u010diarske pomery smie\u0161na suma. Deti sa m\u00f4\u017eu vy\u0161anti\u0165 vo <strong>vyhrievanom baz\u00e9ne s h\u013abkou ide\u00e1lnou na hranie<\/strong>, alebo v bezpe\u010dnom detskom brodisku.<\/p>\n\n\n\n<p class=\"wp-block-paragraph\">S\u00fa\u010das\u0165ou are\u00e1lu je <strong>ve\u013ek\u00e9 ihrisko s vodn\u00fdmi atrakciami<\/strong>, kde na seba ratolesti bez probl\u00e9mov striekaj\u00fa vodu a buduj\u00fa hrady z piesku. Cel\u00fd priestor je navy\u0161e <strong>bez probl\u00e9mov pr\u00edstupn\u00fd s ko\u010d\u00edkom<\/strong>, tak\u017ee sa sem \u013eahko dostane\u0161 aj s t\u00fdmi najmen\u0161\u00edmi v\u00fdletn\u00edkmi.<\/p>\n\n\n\n<figure data-wp-context=\"{&quot;imageId&quot;:&quot;6a9523941d9e4&quot;}\" data-wp-interactive=\"core\/image\" data-wp-key=\"6a9523941d9e4\" class=\"wp-block-image size-full wp-lightbox-container\"><img decoding=\"async\" width=\"1800\" height=\"1199\" data-wp-class--hide=\"state.isContentHidden\" data-wp-class--show=\"state.isContentVisible\" data-wp-init=\"callbacks.setButtonStyles\" data-wp-on--click=\"actions.showLightbox\" data-wp-on--load=\"callbacks.setButtonStyles\" data-wp-on--pointerdown=\"actions.preloadImage\" data-wp-on--pointerenter=\"actions.preloadImageWithDelay\" data-wp-on--pointerleave=\"actions.cancelPreload\" data-wp-on-window--resize=\"callbacks.setButtonStyles\" src=\"https:\/\/loudavymkrokem.cz\/wp-content\/uploads\/2026\/08\/articles-bonigen-27.jpg\" alt=\"Uli\u010dky dediny Iseltwald\" class=\"wp-image-404516\" title=\"\" srcset=\"https:\/\/loudavymkrokem.cz\/wp-content\/uploads\/2026\/08\/articles-bonigen-27.jpg 1800w, https:\/\/loudavymkrokem.cz\/wp-content\/uploads\/2026\/08\/articles-bonigen-27-300x200.jpg 300w, https:\/\/loudavymkrokem.cz\/wp-content\/uploads\/2026\/08\/articles-bonigen-27-700x466.jpg 700w, https:\/\/loudavymkrokem.cz\/wp-content\/uploads\/2026\/08\/articles-bonigen-27-768x512.jpg 768w, https:\/\/loudavymkrokem.cz\/wp-content\/uploads\/2026\/08\/articles-bonigen-27-1536x1023.jpg 1536w, https:\/\/loudavymkrokem.cz\/wp-content\/uploads\/2026\/08\/articles-bonigen-27-696x464.jpg 696w, https:\/\/loudavymkrokem.cz\/wp-content\/uploads\/2026\/08\/articles-bonigen-27-1392x927.jpg 1392w\" sizes=\"(max-width: 1800px) 100vw, 1800px\" \/><button\n\t\t\tclass=\"lightbox-trigger\"\n\t\t\ttype=\"button\"\n\t\t\taria-haspopup=\"dialog\"\n\t\t\tdata-wp-bind--aria-label=\"state.thisImage.triggerButtonAriaLabel\"\n\t\t\tdata-wp-init=\"callbacks.initTriggerButton\"\n\t\t\tdata-wp-on--click=\"actions.showLightbox\"\n\t\t\tdata-wp-style--right=\"state.thisImage.buttonRight\"\n\t\t\tdata-wp-style--top=\"state.thisImage.buttonTop\"\n\t\t>\n\t\t\t<svg xmlns=\"http:\/\/www.w3.org\/2000\/svg\" width=\"12\" height=\"12\" fill=\"none\" viewBox=\"0 0 12 12\">\n\t\t\t\t<path fill=\"#fff\" d=\"M2 0a2 2 0 0 0-2 2v2h1.5V2a.5.5 0 0 1 .5-.5h2V0H2Zm2 10.5H2a.5.5 0 0 1-.5-.5V8H0v2a2 2 0 0 0 2 2h2v-1.5ZM8 12v-1.5h2a.5.5 0 0 0 .5-.5V8H12v2a2 2 0 0 1-2 2H8Zm2-12a2 2 0 0 1 2 2v2h-1.5V2a.5.5 0 0 0-.5-.5H8V0h2Z\" \/>\n\t\t\t<\/svg>\n\t\t<\/button><figcaption class=\"wp-element-caption\">Foto: Jean-Paul Wettstein \/ Pexels<\/figcaption><\/figure>\n\n\n\n<h3 class=\"wp-block-heading\"><span class=\"ez-toc-section\" id=\"Hladanie_pokladu_a_detektivna_hra_v_Iseltwalde\"><\/span>H\u013eadanie pokladu a detekt\u00edvna hra v Iseltwalde<span class=\"ez-toc-section-end\"><\/span><\/h3>\n\n\n\n<p class=\"wp-block-paragraph\">Ako don\u00fati\u0165 deti k ch\u00f4dzi bez s\u0165a\u017eovania? Hrou! Priamo v B\u00f6nigene m\u00f4\u017ee\u0161 s de\u0165mi vyrazi\u0165 na <strong>Schatzsuche B\u00f6nigen (h\u013eadanie pokladu pre rodiny)<\/strong>, \u010do je hrav\u00e1 forma prehliadky dediny s plnen\u00edm \u00faloh. Zast\u00e1vky s\u00fa \u0161ikovne vymyslen\u00e9 tak, aby bavili v\u0161etky gener\u00e1cie.<\/p>\n\n\n\n<p class=\"wp-block-paragraph\">V susednom Iseltwalde zase funguje <strong>KrimiSpass Iseltwald<\/strong>, \u010do je digit\u00e1lna detekt\u00edvna hra pre smartf\u00f3ny, kde deti pri prech\u00e1dzke po okol\u00ed rie\u0161ia z\u00e1hadn\u00fd pr\u00edpad. Trv\u00e1 to akur\u00e1t tak dlho, aby to udr\u017ealo ich pozornos\u0165 a nikoho neboleli no\u017ei\u010dky.<\/p>\n\n\n\n<figure data-wp-context=\"{&quot;imageId&quot;:&quot;6a9523941e0cc&quot;}\" data-wp-interactive=\"core\/image\" data-wp-key=\"6a9523941e0cc\" class=\"wp-block-image size-full wp-lightbox-container\"><img decoding=\"async\" width=\"1800\" height=\"1073\" data-wp-class--hide=\"state.isContentHidden\" data-wp-class--show=\"state.isContentVisible\" data-wp-init=\"callbacks.setButtonStyles\" data-wp-on--click=\"actions.showLightbox\" data-wp-on--load=\"callbacks.setButtonStyles\" data-wp-on--pointerdown=\"actions.preloadImage\" data-wp-on--pointerenter=\"actions.preloadImageWithDelay\" data-wp-on--pointerleave=\"actions.cancelPreload\" data-wp-on-window--resize=\"callbacks.setButtonStyles\" src=\"https:\/\/loudavymkrokem.cz\/wp-content\/uploads\/2026\/08\/articles-bonigen-28.jpg\" alt=\"Kemp pri jazere v hor\u00e1ch\" class=\"wp-image-404519\" title=\"\" srcset=\"https:\/\/loudavymkrokem.cz\/wp-content\/uploads\/2026\/08\/articles-bonigen-28.jpg 1800w, https:\/\/loudavymkrokem.cz\/wp-content\/uploads\/2026\/08\/articles-bonigen-28-300x179.jpg 300w, https:\/\/loudavymkrokem.cz\/wp-content\/uploads\/2026\/08\/articles-bonigen-28-700x417.jpg 700w, https:\/\/loudavymkrokem.cz\/wp-content\/uploads\/2026\/08\/articles-bonigen-28-768x458.jpg 768w, https:\/\/loudavymkrokem.cz\/wp-content\/uploads\/2026\/08\/articles-bonigen-28-1536x916.jpg 1536w, https:\/\/loudavymkrokem.cz\/wp-content\/uploads\/2026\/08\/articles-bonigen-28-696x415.jpg 696w, https:\/\/loudavymkrokem.cz\/wp-content\/uploads\/2026\/08\/articles-bonigen-28-1392x830.jpg 1392w\" sizes=\"(max-width: 1800px) 100vw, 1800px\" \/><button\n\t\t\tclass=\"lightbox-trigger\"\n\t\t\ttype=\"button\"\n\t\t\taria-haspopup=\"dialog\"\n\t\t\tdata-wp-bind--aria-label=\"state.thisImage.triggerButtonAriaLabel\"\n\t\t\tdata-wp-init=\"callbacks.initTriggerButton\"\n\t\t\tdata-wp-on--click=\"actions.showLightbox\"\n\t\t\tdata-wp-style--right=\"state.thisImage.buttonRight\"\n\t\t\tdata-wp-style--top=\"state.thisImage.buttonTop\"\n\t\t>\n\t\t\t<svg xmlns=\"http:\/\/www.w3.org\/2000\/svg\" width=\"12\" height=\"12\" fill=\"none\" viewBox=\"0 0 12 12\">\n\t\t\t\t<path fill=\"#fff\" d=\"M2 0a2 2 0 0 0-2 2v2h1.5V2a.5.5 0 0 1 .5-.5h2V0H2Zm2 10.5H2a.5.5 0 0 1-.5-.5V8H0v2a2 2 0 0 0 2 2h2v-1.5ZM8 12v-1.5h2a.5.5 0 0 0 .5-.5V8H12v2a2 2 0 0 1-2 2H8Zm2-12a2 2 0 0 1 2 2v2h-1.5V2a.5.5 0 0 0-.5-.5H8V0h2Z\" \/>\n\t\t\t<\/svg>\n\t\t<\/button><figcaption class=\"wp-element-caption\">Foto: Syed Qaarif Andrabi \/ Pexels<\/figcaption><\/figure>\n\n\n\n<h3 class=\"wp-block-heading\"><span class=\"ez-toc-section\" id=\"Kemp_TCS_skvela_poloha_ale_s_velkou_vyhradou\"><\/span>Kemp TCS: skvel\u00e1 poloha, ale s ve\u013ekou v\u00fdhradou<span class=\"ez-toc-section-end\"><\/span><\/h3>\n\n\n\n<p class=\"wp-block-paragraph\"><strong>TCS Camping B\u00f6nigen Brienzersee<\/strong> na Campingstrasse 14 le\u017e\u00ed priamo pri jazere a dvesto metrov od pl\u00e1\u017ee. Poloha je v\u00e1\u017ene skvel\u00e1 a to je vec, ktor\u00fa mu nikto nevezme. Sez\u00f3na trv\u00e1 <strong>od 2. apr\u00edla do 18. okt\u00f3bra<\/strong> a v lete zaplat\u00ed\u0161 zhruba 72 a\u017e 80 eur za noc.<\/p>\n\n\n\n<p class=\"wp-block-paragraph\">Hne\u010f na za\u010diatku ale mus\u00edm uvies\u0165 na prav\u00fa mieru jednu vec, ktor\u00fa opisuje kopa slovensk\u00fdch aj zahrani\u010dn\u00fdch webov: <strong>v kempe nie je baz\u00e9n so \u0161myk\u013eavkou ani jazda na koni<\/strong>. Je tu len detsk\u00e9 brodisko, ihrisko a v\u00fdbeh s kr\u00e1likmi a sliepkami. Vyhrievan\u00fd baz\u00e9n a \u0161myk\u013eavky s\u00fa na <strong>susednom k\u00fapalisku The Beach, kam hostia kempu chodia zadarmo<\/strong> \u2014 len\u017ee to m\u00e1 otvoren\u00e9 len od polovice m\u00e1ja do polovice septembra, tak\u017ee \u010das\u0165 sez\u00f3ny kempu je zatvoren\u00e9.<\/p>\n\n\n\n<p class=\"wp-block-paragraph\">A teraz to nepr\u00edjemn\u00e9. Boli sme tu <strong>s dvojro\u010dn\u00fdm synom, ktor\u00fd pr\u00e1ve tr\u00e9noval no\u010dn\u00edk<\/strong>, a hne\u010f prv\u00fd de\u0148 sa mu stala nehoda. Sundali sme mu mokr\u00e9 nohavice a posadili ho na tr\u00e1vu, keby potreboval dokon\u010di\u0165, \u010do za\u010dal. Za chv\u00ed\u013eku pri n\u00e1s st\u00e1l zamestnanec kempu a ozna\u010dil to za \u201edisgusting\u201c s t\u00fdm, \u017ee sa na tr\u00e1vu cika\u0165 nesmie, ke\u010f s\u00fa k dispoz\u00edcii toalety.<\/p>\n\n\n\n<p class=\"wp-block-paragraph\">Za p\u00e4\u0165 min\u00fat pri\u0161iel druh\u00fd zamestnanec s t\u00fdm, \u017ee to nahl\u00e1sil mana\u017e\u00e9r, a znovu n\u00e1m vysvet\u013eoval, \u017ee <strong>ka\u017ed\u00e9 die\u0165a predsa vie pou\u017ei\u0165 z\u00e1chod<\/strong> a \u017ee sa tu ni\u010d tak\u00e9 nikdy nestalo. Dvojro\u010dn\u00e9 die\u0165a v n\u00e1cviku no\u010dn\u00edka ale nehody jednoducho m\u00e1va a my sme boli pri tom a hne\u010f to rie\u0161ili. Nevadila n\u00e1m pripomienka pravidiel, ale <strong>ten nepriate\u013esk\u00fd a poni\u017euj\u00faci t\u00f3n<\/strong>.<\/p>\n\n\n\n<p class=\"wp-block-paragraph\">Zvy\u0161ok pobytu sme sa tam c\u00edtili nev\u00edtane. Person\u00e1lu by som dala <strong>jednotku z piatich, polohe p\u00e4\u0165ku z piatich<\/strong>. A nie sme v tom sami: na TripAdvisore dr\u017e\u00ed kemp len 3,9 z 5 a sk\u00f3re za obsluhu je z cel\u00e9ho hodnotenia najni\u017e\u0161ie. V apr\u00edli 2026 tu in\u00e1 rodina nadp\u00edsala recenziu rovno \u201eFamilien nicht willkommen\u201c po tom, \u010do obsluha neprimerane reagovala na omrvinky od ich ro\u010dn\u00e9ho a \u0161tvorro\u010dn\u00e9ho die\u0165a\u0165a.<\/p>\n\n\n\n<p class=\"wp-block-paragraph\">\ud83d\udca1 Tip: Ak chce\u0161 v B\u00f6nigene kempova\u0165 a m\u00e1\u0161 so sebou bato\u013ea, po\u010d\u00edtaj s t\u00fdm, ako to tu chod\u00ed \u2014 <strong>rodin\u00e1m s najmen\u0161\u00edmi de\u0165mi tento kemp po vlastnej sk\u00fasenosti neodpor\u00fa\u010dam<\/strong>. Zv\u00e1\u017e rad\u0161ej apartm\u00e1n s kuchynkou, ktor\u00fd vo \u0160vaj\u010diarsku aj tak vyjde lep\u0161ie ne\u017e jedlo v re\u0161taur\u00e1ci\u00e1ch. Kto aj tak p\u00f4jde, nech si vyp\u00fdta <strong>miesto \u010d\u00edslo 22<\/strong> \u2014 je jedin\u00e9, kde \u017eiv\u00fd plot nech\u00e1va v\u00fdh\u013ead na jazero.<\/p>\n\n\n\n<figure data-wp-context=\"{&quot;imageId&quot;:&quot;6a9523941e98b&quot;}\" data-wp-interactive=\"core\/image\" data-wp-key=\"6a9523941e98b\" class=\"wp-block-image size-full wp-lightbox-container\"><img decoding=\"async\" width=\"1800\" height=\"1275\" data-wp-class--hide=\"state.isContentHidden\" data-wp-class--show=\"state.isContentVisible\" data-wp-init=\"callbacks.setButtonStyles\" data-wp-on--click=\"actions.showLightbox\" data-wp-on--load=\"callbacks.setButtonStyles\" data-wp-on--pointerdown=\"actions.preloadImage\" data-wp-on--pointerenter=\"actions.preloadImageWithDelay\" data-wp-on--pointerleave=\"actions.cancelPreload\" data-wp-on-window--resize=\"callbacks.setButtonStyles\" src=\"https:\/\/loudavymkrokem.cz\/wp-content\/uploads\/2026\/08\/articles-bonigen-29.jpg\" alt=\"Alpsk\u00e1 z\u00e1hrada na Schynige Platte\" class=\"wp-image-404524\" title=\"\" srcset=\"https:\/\/loudavymkrokem.cz\/wp-content\/uploads\/2026\/08\/articles-bonigen-29.jpg 1800w, https:\/\/loudavymkrokem.cz\/wp-content\/uploads\/2026\/08\/articles-bonigen-29-300x213.jpg 300w, https:\/\/loudavymkrokem.cz\/wp-content\/uploads\/2026\/08\/articles-bonigen-29-700x496.jpg 700w, https:\/\/loudavymkrokem.cz\/wp-content\/uploads\/2026\/08\/articles-bonigen-29-768x544.jpg 768w, https:\/\/loudavymkrokem.cz\/wp-content\/uploads\/2026\/08\/articles-bonigen-29-1536x1088.jpg 1536w, https:\/\/loudavymkrokem.cz\/wp-content\/uploads\/2026\/08\/articles-bonigen-29-696x493.jpg 696w, https:\/\/loudavymkrokem.cz\/wp-content\/uploads\/2026\/08\/articles-bonigen-29-1392x986.jpg 1392w\" sizes=\"(max-width: 1800px) 100vw, 1800px\" \/><button\n\t\t\tclass=\"lightbox-trigger\"\n\t\t\ttype=\"button\"\n\t\t\taria-haspopup=\"dialog\"\n\t\t\tdata-wp-bind--aria-label=\"state.thisImage.triggerButtonAriaLabel\"\n\t\t\tdata-wp-init=\"callbacks.initTriggerButton\"\n\t\t\tdata-wp-on--click=\"actions.showLightbox\"\n\t\t\tdata-wp-style--right=\"state.thisImage.buttonRight\"\n\t\t\tdata-wp-style--top=\"state.thisImage.buttonTop\"\n\t\t>\n\t\t\t<svg xmlns=\"http:\/\/www.w3.org\/2000\/svg\" width=\"12\" height=\"12\" fill=\"none\" viewBox=\"0 0 12 12\">\n\t\t\t\t<path fill=\"#fff\" d=\"M2 0a2 2 0 0 0-2 2v2h1.5V2a.5.5 0 0 1 .5-.5h2V0H2Zm2 10.5H2a.5.5 0 0 1-.5-.5V8H0v2a2 2 0 0 0 2 2h2v-1.5ZM8 12v-1.5h2a.5.5 0 0 0 .5-.5V8H12v2a2 2 0 0 1-2 2H8Zm2-12a2 2 0 0 1 2 2v2h-1.5V2a.5.5 0 0 0-.5-.5H8V0h2Z\" \/>\n\t\t\t<\/svg>\n\t\t<\/button><figcaption class=\"wp-element-caption\">Foto: Murray Foubister \/ Wikimedia Commons, CC BY-SA 2.0<\/figcaption><\/figure>\n\n\n\n<h3 class=\"wp-block-heading\"><span class=\"ez-toc-section\" id=\"Lilys_Alpenspielplatz_a_Panoramaweg_na_Schynige_Platte\"><\/span>Lily&#8217;s Alpenspielplatz a Panoramaweg na Schynige Platte<span class=\"ez-toc-section-end\"><\/span><\/h3>\n\n\n\n<p class=\"wp-block-paragraph\">Ke\u010f p\u00f4jde\u0161 zuba\u010dkou na Schynige Platte, deti bud\u00fa nad\u0161en\u00e9 z miestneho alpsk\u00e9ho ihriska Lily&#8217;s Alpenspielplatz. N\u00e1jdu tu <strong>dobrodru\u017en\u00fa balan\u010dn\u00fa stezku, obrovsk\u00fa \u0161myk\u013eavku a prelieza\u010dku v tvare orlieho hniezda<\/strong> s v\u00fdh\u013eadom na majest\u00e1tne zasne\u017een\u00e9 hory.<\/p>\n\n\n\n<p class=\"wp-block-paragraph\">N\u00e1sledn\u00e1 t\u00fara po okru\u017enej trase Panoramaweg <strong>zaberie zhruba 2,5 hodiny<\/strong> a ter\u00e9n je nato\u013eko priate\u013esk\u00fd, \u017ee ho s malou pomocou <strong>zvl\u00e1dnu aj pred\u0161kol\u00e1ci<\/strong>. Cesta je \u0161irok\u00e1, bezpe\u010dn\u00e1 a pln\u00e1 lavi\u010diek, kde sa d\u00e1 kedyko\u013evek zastavi\u0165 na desiatu.<\/p>\n\n\n\n<figure data-wp-context=\"{&quot;imageId&quot;:&quot;6a9523941f098&quot;}\" data-wp-interactive=\"core\/image\" data-wp-key=\"6a9523941f098\" class=\"wp-block-image size-full wp-lightbox-container\"><img decoding=\"async\" width=\"1800\" height=\"1800\" data-wp-class--hide=\"state.isContentHidden\" data-wp-class--show=\"state.isContentVisible\" data-wp-init=\"callbacks.setButtonStyles\" data-wp-on--click=\"actions.showLightbox\" data-wp-on--load=\"callbacks.setButtonStyles\" data-wp-on--pointerdown=\"actions.preloadImage\" data-wp-on--pointerenter=\"actions.preloadImageWithDelay\" data-wp-on--pointerleave=\"actions.cancelPreload\" data-wp-on-window--resize=\"callbacks.setButtonStyles\" src=\"https:\/\/loudavymkrokem.cz\/wp-content\/uploads\/2026\/08\/articles-bonigen-30.jpg\" alt=\"Lo\u010f BLS na Brienzskom jazere\" class=\"wp-image-404528\" title=\"\" srcset=\"https:\/\/loudavymkrokem.cz\/wp-content\/uploads\/2026\/08\/articles-bonigen-30.jpg 1800w, https:\/\/loudavymkrokem.cz\/wp-content\/uploads\/2026\/08\/articles-bonigen-30-300x300.jpg 300w, https:\/\/loudavymkrokem.cz\/wp-content\/uploads\/2026\/08\/articles-bonigen-30-700x700.jpg 700w, https:\/\/loudavymkrokem.cz\/wp-content\/uploads\/2026\/08\/articles-bonigen-30-150x150.jpg 150w, https:\/\/loudavymkrokem.cz\/wp-content\/uploads\/2026\/08\/articles-bonigen-30-768x768.jpg 768w, https:\/\/loudavymkrokem.cz\/wp-content\/uploads\/2026\/08\/articles-bonigen-30-1536x1536.jpg 1536w, https:\/\/loudavymkrokem.cz\/wp-content\/uploads\/2026\/08\/articles-bonigen-30-696x696.jpg 696w, https:\/\/loudavymkrokem.cz\/wp-content\/uploads\/2026\/08\/articles-bonigen-30-1392x1392.jpg 1392w\" sizes=\"(max-width: 1800px) 100vw, 1800px\" \/><button\n\t\t\tclass=\"lightbox-trigger\"\n\t\t\ttype=\"button\"\n\t\t\taria-haspopup=\"dialog\"\n\t\t\tdata-wp-bind--aria-label=\"state.thisImage.triggerButtonAriaLabel\"\n\t\t\tdata-wp-init=\"callbacks.initTriggerButton\"\n\t\t\tdata-wp-on--click=\"actions.showLightbox\"\n\t\t\tdata-wp-style--right=\"state.thisImage.buttonRight\"\n\t\t\tdata-wp-style--top=\"state.thisImage.buttonTop\"\n\t\t>\n\t\t\t<svg xmlns=\"http:\/\/www.w3.org\/2000\/svg\" width=\"12\" height=\"12\" fill=\"none\" viewBox=\"0 0 12 12\">\n\t\t\t\t<path fill=\"#fff\" d=\"M2 0a2 2 0 0 0-2 2v2h1.5V2a.5.5 0 0 1 .5-.5h2V0H2Zm2 10.5H2a.5.5 0 0 1-.5-.5V8H0v2a2 2 0 0 0 2 2h2v-1.5ZM8 12v-1.5h2a.5.5 0 0 0 .5-.5V8H12v2a2 2 0 0 1-2 2H8Zm2-12a2 2 0 0 1 2 2v2h-1.5V2a.5.5 0 0 0-.5-.5H8V0h2Z\" \/>\n\t\t\t<\/svg>\n\t\t<\/button><figcaption class=\"wp-element-caption\">Foto: JoachimKohler-HB \/ Wikimedia Commons, CC BY-SA 4.0<\/figcaption><\/figure>\n\n\n\n<h3 class=\"wp-block-heading\"><span class=\"ez-toc-section\" id=\"Lod_a_bezbarierova_promenada_s_kocikom\"><\/span>Lo\u010f a bezbari\u00e9rov\u00e1 promen\u00e1da s ko\u010d\u00edkom<span class=\"ez-toc-section-end\"><\/span><\/h3>\n\n\n\n<p class=\"wp-block-paragraph\">Samotn\u00e1 jazda historick\u00fdm parn\u00edkom je pre deti obrovsk\u00fd z\u00e1\u017eitok (a pam\u00e4taj, \u017ee <strong>deti do 6 rokov cestuj\u00fa na lodiach BLS \u00faplne zadarmo<\/strong>, star\u0161ie do 15 rokov maj\u00fa polovi\u010dn\u00e9 cestovn\u00e9). Na palube m\u00f4\u017eu sledova\u0165 obrovsk\u00e9 lopatkov\u00e9 koleso v pohybe, \u010do spo\u013eahlivo zaberie dobr\u00fa polhodinu.<\/p>\n\n\n\n<p class=\"wp-block-paragraph\">S ko\u010d\u00edkom sa navy\u0161e m\u00f4\u017ee\u0161 vyda\u0165 na <strong>Seepromenadeweg<\/strong>, \u010do je kr\u00e1sna, \u0161irok\u00e1 a \u00faplne bezbari\u00e9rov\u00e1 prech\u00e1dzka pozd\u013a\u017e jazera a rieky Aare smerom do Interlakenu. Nikde po ceste nenaraz\u00ed\u0161 na otravn\u00e9 schody a povrch je kr\u00e1sne hladk\u00fd.<\/p>\n\n\n\n<figure data-wp-context=\"{&quot;imageId&quot;:&quot;6a9523941f66e&quot;}\" data-wp-interactive=\"core\/image\" data-wp-key=\"6a9523941f66e\" class=\"wp-block-image size-full wp-lightbox-container\"><img decoding=\"async\" width=\"1800\" height=\"1200\" data-wp-class--hide=\"state.isContentHidden\" data-wp-class--show=\"state.isContentVisible\" data-wp-init=\"callbacks.setButtonStyles\" data-wp-on--click=\"actions.showLightbox\" data-wp-on--load=\"callbacks.setButtonStyles\" data-wp-on--pointerdown=\"actions.preloadImage\" data-wp-on--pointerenter=\"actions.preloadImageWithDelay\" data-wp-on--pointerleave=\"actions.cancelPreload\" data-wp-on-window--resize=\"callbacks.setButtonStyles\" src=\"https:\/\/loudavymkrokem.cz\/wp-content\/uploads\/2026\/08\/articles-bonigen-31.jpg\" alt=\"Dedina B\u00f6nigen a jej re\u0161taur\u00e1cie\" class=\"wp-image-404530\" title=\"\" srcset=\"https:\/\/loudavymkrokem.cz\/wp-content\/uploads\/2026\/08\/articles-bonigen-31.jpg 1800w, https:\/\/loudavymkrokem.cz\/wp-content\/uploads\/2026\/08\/articles-bonigen-31-300x200.jpg 300w, https:\/\/loudavymkrokem.cz\/wp-content\/uploads\/2026\/08\/articles-bonigen-31-700x467.jpg 700w, https:\/\/loudavymkrokem.cz\/wp-content\/uploads\/2026\/08\/articles-bonigen-31-768x512.jpg 768w, https:\/\/loudavymkrokem.cz\/wp-content\/uploads\/2026\/08\/articles-bonigen-31-1536x1024.jpg 1536w, https:\/\/loudavymkrokem.cz\/wp-content\/uploads\/2026\/08\/articles-bonigen-31-696x464.jpg 696w, https:\/\/loudavymkrokem.cz\/wp-content\/uploads\/2026\/08\/articles-bonigen-31-1392x928.jpg 1392w\" sizes=\"(max-width: 1800px) 100vw, 1800px\" \/><button\n\t\t\tclass=\"lightbox-trigger\"\n\t\t\ttype=\"button\"\n\t\t\taria-haspopup=\"dialog\"\n\t\t\tdata-wp-bind--aria-label=\"state.thisImage.triggerButtonAriaLabel\"\n\t\t\tdata-wp-init=\"callbacks.initTriggerButton\"\n\t\t\tdata-wp-on--click=\"actions.showLightbox\"\n\t\t\tdata-wp-style--right=\"state.thisImage.buttonRight\"\n\t\t\tdata-wp-style--top=\"state.thisImage.buttonTop\"\n\t\t>\n\t\t\t<svg xmlns=\"http:\/\/www.w3.org\/2000\/svg\" width=\"12\" height=\"12\" fill=\"none\" viewBox=\"0 0 12 12\">\n\t\t\t\t<path fill=\"#fff\" d=\"M2 0a2 2 0 0 0-2 2v2h1.5V2a.5.5 0 0 1 .5-.5h2V0H2Zm2 10.5H2a.5.5 0 0 1-.5-.5V8H0v2a2 2 0 0 0 2 2h2v-1.5ZM8 12v-1.5h2a.5.5 0 0 0 .5-.5V8H12v2a2 2 0 0 1-2 2H8Zm2-12a2 2 0 0 1 2 2v2h-1.5V2a.5.5 0 0 0-.5-.5H8V0h2Z\" \/>\n\t\t\t<\/svg>\n\t\t<\/button><figcaption class=\"wp-element-caption\">Foto: Freek Wolsink \/ Pexels<\/figcaption><\/figure>\n\n\n\n<h2 class=\"wp-block-heading\"><span class=\"ez-toc-section\" id=\"Kde_sa_najest_v_Bonigene\"><\/span>Kde sa najes\u0165 v B\u00f6nigene<span class=\"ez-toc-section-end\"><\/span><\/h2>\n\n\n\n<p class=\"wp-block-paragraph\">Gastro sc\u00e9na priamo v dedine je sk\u00f4r komornej\u0161ia, ve\u010f to nie je \u017eiadne ve\u013ekomesto. V\u00e4\u010d\u0161ina \u013eud\u00ed cestuje za ve\u013ek\u00fdm v\u00fdberom kuch\u00fd\u0148 autobusom do ne\u010falek\u00e9ho Interlakenu, ale aj priamo pri jazere n\u00e1jde\u0161 p\u00e1r ve\u013emi pr\u00edjemn\u00fdch podnikov, kde si po t\u00fare odd\u00fdchne\u0161. Miestne re\u0161taur\u00e1cie \u010dasto serv\u00edruj\u00fa <strong>\u010derstv\u00e9 ryby z Brienzskeho jazera<\/strong>, \u010do je <strong>vych\u00fdren\u00e1 lok\u00e1lna \u0161pecialita<\/strong>, na ktor\u00fa sa sch\u00e1dzaj\u00fa cestovatelia zo \u0161irok\u00e9ho okolia.<\/p>\n\n\n\n<p class=\"wp-block-paragraph\">Ak h\u013ead\u00e1\u0161 istotu po n\u00e1ro\u010dnom dni, tu s\u00fa podniky s v\u00fdborn\u00fdm hodnoten\u00edm:<\/p>\n\n\n\n<figure data-wp-context=\"{&quot;imageId&quot;:&quot;6a9523941fc3a&quot;}\" data-wp-interactive=\"core\/image\" data-wp-key=\"6a9523941fc3a\" class=\"wp-block-image size-full wp-lightbox-container\"><img decoding=\"async\" width=\"1800\" height=\"1200\" data-wp-class--hide=\"state.isContentHidden\" data-wp-class--show=\"state.isContentVisible\" data-wp-init=\"callbacks.setButtonStyles\" data-wp-on--click=\"actions.showLightbox\" data-wp-on--load=\"callbacks.setButtonStyles\" data-wp-on--pointerdown=\"actions.preloadImage\" data-wp-on--pointerenter=\"actions.preloadImageWithDelay\" data-wp-on--pointerleave=\"actions.cancelPreload\" data-wp-on-window--resize=\"callbacks.setButtonStyles\" src=\"https:\/\/loudavymkrokem.cz\/wp-content\/uploads\/2026\/08\/articles-bonigen-32.jpg\" alt=\"Pizza v re\u0161taur\u00e1cii pri jazere\" class=\"wp-image-404535\" title=\"\" srcset=\"https:\/\/loudavymkrokem.cz\/wp-content\/uploads\/2026\/08\/articles-bonigen-32.jpg 1800w, https:\/\/loudavymkrokem.cz\/wp-content\/uploads\/2026\/08\/articles-bonigen-32-300x200.jpg 300w, https:\/\/loudavymkrokem.cz\/wp-content\/uploads\/2026\/08\/articles-bonigen-32-700x467.jpg 700w, https:\/\/loudavymkrokem.cz\/wp-content\/uploads\/2026\/08\/articles-bonigen-32-768x512.jpg 768w, https:\/\/loudavymkrokem.cz\/wp-content\/uploads\/2026\/08\/articles-bonigen-32-1536x1024.jpg 1536w, https:\/\/loudavymkrokem.cz\/wp-content\/uploads\/2026\/08\/articles-bonigen-32-696x464.jpg 696w, https:\/\/loudavymkrokem.cz\/wp-content\/uploads\/2026\/08\/articles-bonigen-32-1392x928.jpg 1392w\" sizes=\"(max-width: 1800px) 100vw, 1800px\" \/><button\n\t\t\tclass=\"lightbox-trigger\"\n\t\t\ttype=\"button\"\n\t\t\taria-haspopup=\"dialog\"\n\t\t\tdata-wp-bind--aria-label=\"state.thisImage.triggerButtonAriaLabel\"\n\t\t\tdata-wp-init=\"callbacks.initTriggerButton\"\n\t\t\tdata-wp-on--click=\"actions.showLightbox\"\n\t\t\tdata-wp-style--right=\"state.thisImage.buttonRight\"\n\t\t\tdata-wp-style--top=\"state.thisImage.buttonTop\"\n\t\t>\n\t\t\t<svg xmlns=\"http:\/\/www.w3.org\/2000\/svg\" width=\"12\" height=\"12\" fill=\"none\" viewBox=\"0 0 12 12\">\n\t\t\t\t<path fill=\"#fff\" d=\"M2 0a2 2 0 0 0-2 2v2h1.5V2a.5.5 0 0 1 .5-.5h2V0H2Zm2 10.5H2a.5.5 0 0 1-.5-.5V8H0v2a2 2 0 0 0 2 2h2v-1.5ZM8 12v-1.5h2a.5.5 0 0 0 .5-.5V8H12v2a2 2 0 0 1-2 2H8Zm2-12a2 2 0 0 1 2 2v2h-1.5V2a.5.5 0 0 0-.5-.5H8V0h2Z\" \/>\n\t\t\t<\/svg>\n\t\t<\/button><figcaption class=\"wp-element-caption\">Foto: Cup of  Couple \/ Pexels<\/figcaption><\/figure>\n\n\n\n<h3 class=\"wp-block-heading\"><span class=\"ez-toc-section\" id=\"Pizzeria_La_Boheme\"><\/span>Pizzeria La Boh\u00e8me<span class=\"ez-toc-section-end\"><\/span><\/h3>\n\n\n\n<p class=\"wp-block-paragraph\">N\u00e1jde\u0161 ju priamo v budove hotela Seiler au Lac na n\u00e1bre\u017e\u00ed (Am Quai 3). Na Googli dr\u017e\u00ed ve\u013emi sol\u00eddne hodnotenie 4,4 a je to <strong>absol\u00fatne bezpe\u010dn\u00e1 a s\u00fdta vo\u013eba, ak pr\u00e1ve nechce\u0161 po n\u00e1ro\u010dnom dni dlho experimentova\u0165<\/strong> s jed\u00e1lnym l\u00edstkom.<\/p>\n\n\n\n<p class=\"wp-block-paragraph\">Ty si ur\u010dite nenechaj ujs\u0165 <strong>skvel\u00fa pizzu Margherita<\/strong> s extra syrom alebo v\u00fdborn\u00e9 cestoviny. Sed\u00ed sa tu <strong>kr\u00e1sne bl\u00edzko vody<\/strong>, atmosf\u00e9ra je pr\u00edjemne uvo\u013enen\u00e1 a person\u00e1l je \u00faplne zvyknut\u00fd aj na usp\u00e4t\u00fdch turistov v \u0165a\u017ek\u00fdch pohork\u00e1ch.<\/p>\n\n\n\n<figure data-wp-context=\"{&quot;imageId&quot;:&quot;6a95239420340&quot;}\" data-wp-interactive=\"core\/image\" data-wp-key=\"6a95239420340\" class=\"wp-block-image size-full wp-lightbox-container\"><img decoding=\"async\" width=\"1800\" height=\"1200\" data-wp-class--hide=\"state.isContentHidden\" data-wp-class--show=\"state.isContentVisible\" data-wp-init=\"callbacks.setButtonStyles\" data-wp-on--click=\"actions.showLightbox\" data-wp-on--load=\"callbacks.setButtonStyles\" data-wp-on--pointerdown=\"actions.preloadImage\" data-wp-on--pointerenter=\"actions.preloadImageWithDelay\" data-wp-on--pointerleave=\"actions.cancelPreload\" data-wp-on-window--resize=\"callbacks.setButtonStyles\" src=\"https:\/\/loudavymkrokem.cz\/wp-content\/uploads\/2026\/08\/articles-bonigen-33.jpg\" alt=\"Zmrzlina po t\u00fare pri jazere\" class=\"wp-image-404537\" title=\"\" srcset=\"https:\/\/loudavymkrokem.cz\/wp-content\/uploads\/2026\/08\/articles-bonigen-33.jpg 1800w, https:\/\/loudavymkrokem.cz\/wp-content\/uploads\/2026\/08\/articles-bonigen-33-300x200.jpg 300w, https:\/\/loudavymkrokem.cz\/wp-content\/uploads\/2026\/08\/articles-bonigen-33-700x467.jpg 700w, https:\/\/loudavymkrokem.cz\/wp-content\/uploads\/2026\/08\/articles-bonigen-33-768x512.jpg 768w, https:\/\/loudavymkrokem.cz\/wp-content\/uploads\/2026\/08\/articles-bonigen-33-1536x1024.jpg 1536w, https:\/\/loudavymkrokem.cz\/wp-content\/uploads\/2026\/08\/articles-bonigen-33-696x464.jpg 696w, https:\/\/loudavymkrokem.cz\/wp-content\/uploads\/2026\/08\/articles-bonigen-33-1392x928.jpg 1392w\" sizes=\"(max-width: 1800px) 100vw, 1800px\" \/><button\n\t\t\tclass=\"lightbox-trigger\"\n\t\t\ttype=\"button\"\n\t\t\taria-haspopup=\"dialog\"\n\t\t\tdata-wp-bind--aria-label=\"state.thisImage.triggerButtonAriaLabel\"\n\t\t\tdata-wp-init=\"callbacks.initTriggerButton\"\n\t\t\tdata-wp-on--click=\"actions.showLightbox\"\n\t\t\tdata-wp-style--right=\"state.thisImage.buttonRight\"\n\t\t\tdata-wp-style--top=\"state.thisImage.buttonTop\"\n\t\t>\n\t\t\t<svg xmlns=\"http:\/\/www.w3.org\/2000\/svg\" width=\"12\" height=\"12\" fill=\"none\" viewBox=\"0 0 12 12\">\n\t\t\t\t<path fill=\"#fff\" d=\"M2 0a2 2 0 0 0-2 2v2h1.5V2a.5.5 0 0 1 .5-.5h2V0H2Zm2 10.5H2a.5.5 0 0 1-.5-.5V8H0v2a2 2 0 0 0 2 2h2v-1.5ZM8 12v-1.5h2a.5.5 0 0 0 .5-.5V8H12v2a2 2 0 0 1-2 2H8Zm2-12a2 2 0 0 1 2 2v2h-1.5V2a.5.5 0 0 0-.5-.5H8V0h2Z\" \/>\n\t\t\t<\/svg>\n\t\t<\/button><figcaption class=\"wp-element-caption\">Foto: Maria Orlova \/ Pexels<\/figcaption><\/figure>\n\n\n\n<h3 class=\"wp-block-heading\"><span class=\"ez-toc-section\" id=\"Sweet_Ride\"><\/span>Sweet Ride<span class=\"ez-toc-section-end\"><\/span><\/h3>\n\n\n\n<p class=\"wp-block-paragraph\">Toto je <strong>najlep\u0161ie hodnoten\u00fd podnik v celej obci<\/strong> (sk\u00f3re 4,9 z takmer dvesto recenzi\u00ed). Ide o men\u0161iu, nesmierne sympatick\u00fa kaviare\u0148 a zmrzlin\u00e1re\u0148 pri vode, kam si jednoducho mus\u00ed\u0161 z\u00e1js\u0165 na sladk\u00fa poobedn\u00fa odmenu za prejden\u00e9 kilometre.<\/p>\n\n\n\n<p class=\"wp-block-paragraph\">Vysk\u00fa\u0161aj ich v\u00fdberov\u00fa k\u00e1vu a hlavne <strong>fantastick\u00fa remeseln\u00fa zmrzlinu<\/strong>, ktor\u00fa miluj\u00fa miestni aj zahrani\u010dn\u00ed turisti. Je to presne to miesto, kde si chce\u0161 v pokoji sadn\u00fa\u0165 po celodennom v\u00fdlete na slnie\u010dku a len tak <strong>pozorova\u0165 hladinu jazera<\/strong>.<\/p>\n\n\n\n<figure data-wp-context=\"{&quot;imageId&quot;:&quot;6a95239420a14&quot;}\" data-wp-interactive=\"core\/image\" data-wp-key=\"6a95239420a14\" class=\"wp-block-image size-full wp-lightbox-container\"><img decoding=\"async\" width=\"1800\" height=\"1185\" data-wp-class--hide=\"state.isContentHidden\" data-wp-class--show=\"state.isContentVisible\" data-wp-init=\"callbacks.setButtonStyles\" data-wp-on--click=\"actions.showLightbox\" data-wp-on--load=\"callbacks.setButtonStyles\" data-wp-on--pointerdown=\"actions.preloadImage\" data-wp-on--pointerenter=\"actions.preloadImageWithDelay\" data-wp-on--pointerleave=\"actions.cancelPreload\" data-wp-on-window--resize=\"callbacks.setButtonStyles\" src=\"https:\/\/loudavymkrokem.cz\/wp-content\/uploads\/2026\/08\/articles-bonigen-34.jpg\" alt=\"\u00datuln\u00e1 \u0161vaj\u010diarska re\u0161taur\u00e1cia\" class=\"wp-image-404541\" title=\"\" srcset=\"https:\/\/loudavymkrokem.cz\/wp-content\/uploads\/2026\/08\/articles-bonigen-34.jpg 1800w, https:\/\/loudavymkrokem.cz\/wp-content\/uploads\/2026\/08\/articles-bonigen-34-300x198.jpg 300w, https:\/\/loudavymkrokem.cz\/wp-content\/uploads\/2026\/08\/articles-bonigen-34-700x461.jpg 700w, https:\/\/loudavymkrokem.cz\/wp-content\/uploads\/2026\/08\/articles-bonigen-34-768x506.jpg 768w, https:\/\/loudavymkrokem.cz\/wp-content\/uploads\/2026\/08\/articles-bonigen-34-1536x1011.jpg 1536w, https:\/\/loudavymkrokem.cz\/wp-content\/uploads\/2026\/08\/articles-bonigen-34-696x458.jpg 696w, https:\/\/loudavymkrokem.cz\/wp-content\/uploads\/2026\/08\/articles-bonigen-34-1392x916.jpg 1392w\" sizes=\"(max-width: 1800px) 100vw, 1800px\" \/><button\n\t\t\tclass=\"lightbox-trigger\"\n\t\t\ttype=\"button\"\n\t\t\taria-haspopup=\"dialog\"\n\t\t\tdata-wp-bind--aria-label=\"state.thisImage.triggerButtonAriaLabel\"\n\t\t\tdata-wp-init=\"callbacks.initTriggerButton\"\n\t\t\tdata-wp-on--click=\"actions.showLightbox\"\n\t\t\tdata-wp-style--right=\"state.thisImage.buttonRight\"\n\t\t\tdata-wp-style--top=\"state.thisImage.buttonTop\"\n\t\t>\n\t\t\t<svg xmlns=\"http:\/\/www.w3.org\/2000\/svg\" width=\"12\" height=\"12\" fill=\"none\" viewBox=\"0 0 12 12\">\n\t\t\t\t<path fill=\"#fff\" d=\"M2 0a2 2 0 0 0-2 2v2h1.5V2a.5.5 0 0 1 .5-.5h2V0H2Zm2 10.5H2a.5.5 0 0 1-.5-.5V8H0v2a2 2 0 0 0 2 2h2v-1.5ZM8 12v-1.5h2a.5.5 0 0 0 .5-.5V8H12v2a2 2 0 0 1-2 2H8Zm2-12a2 2 0 0 1 2 2v2h-1.5V2a.5.5 0 0 0-.5-.5H8V0h2Z\" \/>\n\t\t\t<\/svg>\n\t\t<\/button><figcaption class=\"wp-element-caption\">Foto: Lucia Barreiros  Silva \/ Pexels<\/figcaption><\/figure>\n\n\n\n<h3 class=\"wp-block-heading\"><span class=\"ez-toc-section\" id=\"Restaurant_Baren_Bonigen\"><\/span>Restaurant B\u00e4ren B\u00f6nigen<span class=\"ez-toc-section-end\"><\/span><\/h3>\n\n\n\n<p class=\"wp-block-paragraph\">Tradi\u010dn\u00fd \u0161vaj\u010diarsky podnik na hlavnej ulici Hauptstrasse \u0165a nadchne svojou nefal\u0161ovanou lok\u00e1lnou atmosf\u00e9rou a typickou architekt\u00farou. Hostia v recenzi\u00e1ch \u010dasto spom\u00ednaj\u00fa, \u017ee ich sem poslali priamo ich ubytovatelia ako <strong>zasv\u00e4ten\u00fd tip na zaru\u010dene dobr\u00e9 jedlo<\/strong>.<\/p>\n\n\n\n<p class=\"wp-block-paragraph\">Maj\u00fa tu ve\u013emi priate\u013esk\u00fd a \u00fastretov\u00fd person\u00e1l, <strong>stredn\u00fa cenov\u00fa hladinu<\/strong> a na l\u00edstku kopu <strong>poctiv\u00fdch \u0161vaj\u010diarskych klas\u00edk<\/strong>, ako s\u00fa syrov\u00e9 \u0161peciality a v\u00fddatn\u00e9 dom\u00e1ce polievky. Ide\u00e1lna vo\u013eba na zahriatie, ke\u010f pr\u00e1ve sprchne.<\/p>\n\n\n\n<h2 class=\"wp-block-heading\"><span class=\"ez-toc-section\" id=\"Kam_dalej_z_Bonigenu\"><\/span>Kam \u010falej z B\u00f6nigenu<span class=\"ez-toc-section-end\"><\/span><\/h2>\n\n\n\n<p class=\"wp-block-paragraph\">\u0160vaj\u010diarsko je obrovsk\u00e9 ihrisko a z Bernsk\u00e9ho Oberlandu to m\u00e1\u0161 <strong>bl\u00edzko k \u010fal\u0161\u00edm fantastick\u00fdm cie\u013eom<\/strong>. Ak m\u00e1\u0161 v itiner\u00e1ri e\u0161te p\u00e1r dn\u00ed vo\u013ena, ur\u010dite sa pozri na t\u00fdchto <strong>mojich \u010fal\u0161\u00edch sprievodcov<\/strong>:<\/p>\n\n\n\n<ul class=\"wp-block-list\">\n<li><a href=\"https:\/\/loudavymkrokem.cz\/sk\/interlaken-svajciarsko\/\">Interlaken a Jungfraujoch<\/a>: podrobn\u00fd sprievodca ru\u0161n\u00fdm susedom a v\u00fdletom na strechu Eur\u00f3py.<\/li>\n\n\n\n<li><a href=\"https:\/\/loudavymkrokem.cz\/sk\/grindelwald-svajciarsko-tipy\/\">Grindelwald<\/a>: \u013eadovcov\u00e1 dedina zovret\u00e1 pod severnou stenou Eigeru, kam d\u00f4jde\u0161 vlakom za chv\u00ed\u013eu.<\/li>\n\n\n\n<li><a href=\"https:\/\/loudavymkrokem.cz\/sk\/lauterbrunnen-svajciarsko\/\">Lauterbrunnen<\/a>: \u00fadolie so 72 vodop\u00e1dmi, ktor\u00e9 vraj in\u0161pirovalo Tolkiena pri p\u00edsan\u00ed P\u00e1na prste\u0148ov.<\/li>\n\n\n\n<li><a href=\"https:\/\/loudavymkrokem.cz\/sk\/dovolenka-svajciarsko-tipy\/\">Dovolenka vo \u0160vaj\u010diarsku<\/a>: obr\u00ed s\u00fahrnn\u00fd \u010dl\u00e1nok pln\u00fd praktick\u00fdch tipov na cestovanie po celej krajine.<\/li>\n<\/ul>\n\n\n\n<h2 class=\"wp-block-heading\"><span class=\"ez-toc-section\" id=\"Casto_kladene_otazky\"><\/span>\u010casto kladen\u00e9 ot\u00e1zky<span class=\"ez-toc-section-end\"><\/span><\/h2>\n\n\n<div id=\"rank-math-faq\" class=\"rank-math-block\">\n<div class=\"rank-math-list \">\n<div id=\"faq-question-1787934924000\" class=\"rank-math-list-item\">\n<h3 class=\"rank-math-question \"><span class=\"ez-toc-section\" id=\"Oplati_sa_byvat_v_Bonigene_namiesto_Interlakenu\"><\/span>Oplat\u00ed sa b\u00fdva\u0165 v B\u00f6nigene namiesto Interlakenu?<span class=\"ez-toc-section-end\"><\/span><\/h3>\n<div class=\"rank-math-answer \">\n\n<p>Rozhodne \u00e1no. <strong>B\u00f6nigen pon\u00faka ove\u013ea v\u00e4\u010d\u0161\u00ed pokoj<\/strong>, autentick\u00fa atmosf\u00e9ru tradi\u010dnej dedinky a ubytovanie tu vych\u00e1dza v\u00fdrazne lacnej\u0161ie ne\u017e v ru\u0161nom centre Interlakenu. Pritom v\u010faka Guest Card m\u00f4\u017ee\u0161 jazdi\u0165 do mesta zadarmo a cesta trv\u00e1 len 9 min\u00fat.<\/p>\n\n<\/div>\n<\/div>\n<div id=\"faq-question-1787934924001\" class=\"rank-math-list-item\">\n<h3 class=\"rank-math-question \"><span class=\"ez-toc-section\" id=\"Ako_sa_tam_dostat_z_Interlakenu\"><\/span>Ako sa tam dosta\u0165 z Interlakenu?<span class=\"ez-toc-section-end\"><\/span><\/h3>\n<div class=\"rank-math-answer \">\n\n<p>Najjednoduch\u0161ie je nast\u00fapi\u0165 na <strong>autobusov\u00fa linku 103<\/strong> priamo pred stanicou Interlaken Ost. Jazd\u00ed ka\u017ed\u00fa polhodinu. \u010eal\u0161ou kr\u00e1snou mo\u017enos\u0165ou je pr\u00eds\u0165 historick\u00fdm parn\u00edkom po jazere (cca 10 min\u00fat plavby), alebo si spravi\u0165 nen\u00e1ro\u010dn\u00fa 40-min\u00fatov\u00fa prech\u00e1dzku pe\u0161o popri brehu.<\/p>\n\n<\/div>\n<\/div>\n<div id=\"faq-question-1787934924002\" class=\"rank-math-list-item\">\n<h3 class=\"rank-math-question \"><span class=\"ez-toc-section\" id=\"Da_sa_kupat_v_Brienzskom_jazere\"><\/span>D\u00e1 sa k\u00fapa\u0165 v Brienzskom jazere?<span class=\"ez-toc-section-end\"><\/span><\/h3>\n<div class=\"rank-math-answer \">\n\n<p>\u00c1no, ale je to sk\u00f4r <strong>pre otu\u017eilej\u0161ie povahy<\/strong>. Jazero je \u013eadovcov\u00e9ho p\u00f4vodu, tak\u017ee aj v najhor\u00facej\u0161om auguste m\u00e1 voda zvy\u010dajne len 18 a\u017e 22 \u00b0C. Ak ti studen\u00e1 voda vad\u00ed, miestne k\u00fapalisko The Beach na\u0161\u0165astie pon\u00faka kr\u00e1sny vyhrievan\u00fd baz\u00e9n.<\/p>\n\n<\/div>\n<\/div>\n<div id=\"faq-question-1787934924003\" class=\"rank-math-list-item\">\n<h3 class=\"rank-math-question \"><span class=\"ez-toc-section\" id=\"Kolko_dni_staci_na_navstevu\"><\/span>Ko\u013eko dn\u00ed sta\u010d\u00ed na n\u00e1v\u0161tevu?<span class=\"ez-toc-section-end\"><\/span><\/h3>\n<div class=\"rank-math-answer \">\n\n<p>Samotn\u00fa dedinku si prejde\u0161 za jedno popoludnie, ale ako <strong>z\u00e1klad\u0148a pre v\u00fdlety je ide\u00e1lna na 3 a\u017e 5 dn\u00ed<\/strong>. Stihne\u0161 vyrazi\u0165 na Harder Kulm, prejs\u0165 si Cestu troch vodop\u00e1dov ku Giessbachu, po\u017ei\u010da\u0165 si kajak a z\u00e1js\u0165 zuba\u010dkou na Schynige Platte.<\/p>\n\n<\/div>\n<\/div>\n<div id=\"faq-question-1787934924004\" class=\"rank-math-list-item\">\n<h3 class=\"rank-math-question \"><span class=\"ez-toc-section\" id=\"Co_robit_za_dazda\"><\/span>\u010co robi\u0165 za da\u017e\u010fa?<span class=\"ez-toc-section-end\"><\/span><\/h3>\n<div class=\"rank-math-answer \">\n\n<p>V da\u017ediv\u00fdch d\u0148och (ktor\u00fdch b\u00fdva aj v lete okolo 10 za mesiac) sa oplat\u00ed zaliez\u0165 do <strong>dedinsk\u00e9ho m\u00fazea &#8222;alte Pinte&#8220;<\/strong>, alebo sa poprepravova\u0165 autobusom do Interlakenu, kde je mno\u017estvo kryt\u00fdch atrakci\u00ed, obchodov, kaviarn\u00ed a n\u00e1jde\u0161 tam aj ve\u013ek\u00fd baz\u00e9nov\u00fd komplex alebo kas\u00edno.<\/p>\n\n<\/div>\n<\/div>\n<div id=\"faq-question-1787934924005\" class=\"rank-math-list-item\">\n<h3 class=\"rank-math-question \"><span class=\"ez-toc-section\" id=\"Je_to_vhodne_pre_deti\"><\/span>Je to vhodn\u00e9 pre deti?<span class=\"ez-toc-section-end\"><\/span><\/h3>\n<div class=\"rank-math-answer \">\n\n<p>B\u00f6nigen je <strong>pre rodiny naprosto fantastick\u00fd<\/strong>. S\u00fa tu skvel\u00e9 ihrisk\u00e1 pri pl\u00e1\u017ei, rodinn\u00e9 kempy s baz\u00e9nom, rovinat\u00e9 bezbari\u00e9rov\u00e9 chodn\u00edky pre ko\u010d\u00edky popri rieke a deti miluj\u00fa plavbu historick\u00fdm parn\u00edkom. Interakt\u00edvne h\u013eadanie pokladu ich zab\u00e1va na cel\u00e9 popoludnie.<\/p>\n\n<\/div>\n<\/div>\n<div id=\"faq-question-1787934924006\" class=\"rank-math-list-item\">\n<h3 class=\"rank-math-question \"><span class=\"ez-toc-section\" id=\"Kolko_stoji_vylet_na_Harder_Kulm\"><\/span>Ko\u013eko stoj\u00ed v\u00fdlet na Harder Kulm?<span class=\"ez-toc-section-end\"><\/span><\/h3>\n<div class=\"rank-math-answer \">\n\n<p>V sez\u00f3ne 2026 stoj\u00ed <strong>spiato\u010dn\u00e1 l\u00edstok lanovkou pre dospel\u00e9ho 44 CHF<\/strong>. Ak m\u00e1\u0161 deti od 6 do 15 rokov, platia len polovicu (do 6 rokov zadarmo). S kartami ako Swiss Travel Pass alebo Bernese Oberland Pass z\u00edskava\u0161 ve\u013emi pr\u00edjemn\u00fa z\u013eavu 50 %.<\/p>\n\n<\/div>\n<\/div>\n<div id=\"faq-question-1787934924007\" class=\"rank-math-list-item\">\n<h3 class=\"rank-math-question \"><span class=\"ez-toc-section\" id=\"Je_molo_v_Iseltwald_placene\"><\/span>Je m\u00f3lo v Iseltwald placen\u00e9?<span class=\"ez-toc-section-end\"><\/span><\/h3>\n<div class=\"rank-math-answer \">\n\n<p>\u00c1no, kv\u00f4li obrovsk\u00e9mu n\u00e1poru \u00e1zijsk\u00fdch turistov po \u00faspechu seri\u00e1lu Crash Landing on You obec nain\u0161talovala pred m\u00f3lo <strong>turniket<\/strong>. Za poriadenie sl\u00e1vneho \u201eselfie&#8220; na drevenom m\u00f3le sa teraz plat\u00ed poplatok vo v\u00fd\u0161ke 5 CHF, ktor\u00fd ide na \u00fadr\u017ebu dedinky.<\/p>\n\n<\/div>\n<\/div>\n<\/div>\n<\/div>","protected":false},"excerpt":{"rendered":"<p>Objav skryt\u00fa perlu pri Brienzskom jazere, kde \u0165a \u010dakaj\u00fa n\u00e1dhern\u00e9 dreven\u00e9 domy, tyrkysov\u00e1 voda a fantastick\u00e9 horsk\u00e9 t\u00fary mimo hlavn\u00fdch turistick\u00fdch davov.<\/p>\n","protected":false},"author":3,"featured_media":404497,"comment_status":"open","ping_status":"open","sticky":false,"template":"","format":"standard","meta":{"_acf_changed":false,"footnotes":"","rank_math_title":"B\u00f6nigen: 24 tipov pri Brienzskom jazere 2026","rank_math_description":"B\u00f6nigen pri Brienzskom jazere pon\u00faka dreven\u00e9 domy, tyrkysov\u00fa vodu a fantastick\u00e9 t\u00fary. Objav 24 tipov, \u010do vidie\u0165 a robi\u0165. Napl\u00e1nuj si dovolenku u\u017e dnes!","rank_math_focus_keyword":"B\u00f6nigen Brienzske jazero","rank_math_seo_score":""},"categories":[952,955,754],"tags":[],"class_list":["post-409038","post","type-post","status-publish","format-standard","has-post-thumbnail","category-cestovanie","category-europa","category-svajciarsko"],"acf":[],"featured_image_src":"https:\/\/loudavymkrokem.cz\/wp-content\/uploads\/2026\/08\/articles-bonigen-18.jpg","author_info":{"display_name":"Lucie Kone\u010dn\u00e1","author_link":"https:\/\/loudavymkrokem.cz\/sk\/author\/lucie-konecna\/"},"_links":{"self":[{"href":"https:\/\/loudavymkrokem.cz\/sk\/wp-json\/wp\/v2\/posts\/409038","targetHints":{"allow":["GET"]}}],"collection":[{"href":"https:\/\/loudavymkrokem.cz\/sk\/wp-json\/wp\/v2\/posts"}],"about":[{"href":"https:\/\/loudavymkrokem.cz\/sk\/wp-json\/wp\/v2\/types\/post"}],"author":[{"embeddable":true,"href":"https:\/\/loudavymkrokem.cz\/sk\/wp-json\/wp\/v2\/users\/3"}],"replies":[{"embeddable":true,"href":"https:\/\/loudavymkrokem.cz\/sk\/wp-json\/wp\/v2\/comments?post=409038"}],"version-history":[{"count":3,"href":"https:\/\/loudavymkrokem.cz\/sk\/wp-json\/wp\/v2\/posts\/409038\/revisions"}],"predecessor-version":[{"id":409041,"href":"https:\/\/loudavymkrokem.cz\/sk\/wp-json\/wp\/v2\/posts\/409038\/revisions\/409041"}],"wp:featuredmedia":[{"embeddable":true,"href":"https:\/\/loudavymkrokem.cz\/sk\/wp-json\/wp\/v2\/media\/404497"}],"wp:attachment":[{"href":"https:\/\/loudavymkrokem.cz\/sk\/wp-json\/wp\/v2\/media?parent=409038"}],"wp:term":[{"taxonomy":"category","embeddable":true,"href":"https:\/\/loudavymkrokem.cz\/sk\/wp-json\/wp\/v2\/categories?post=409038"},{"taxonomy":"post_tag","embeddable":true,"href":"https:\/\/loudavymkrokem.cz\/sk\/wp-json\/wp\/v2\/tags?post=409038"}],"curies":[{"name":"wp","href":"https:\/\/api.w.org\/{rel}","templated":true}]}}