{"id":409014,"date":"2026-08-25T20:45:06","date_gmt":"2026-08-25T18:45:06","guid":{"rendered":"https:\/\/loudavymkrokem.cz\/dc-8-air-new-zealand-amazonia\/"},"modified":"2026-08-31T07:04:27","modified_gmt":"2026-08-31T05:04:27","slug":"dc-8-air-new-zealand-amazonia","status":"publish","type":"post","link":"https:\/\/loudavymkrokem.cz\/sk\/dc-8-air-new-zealand-amazonia\/","title":{"rendered":"DC-8 Air New Zealand sa po 20 rokoch v Amaz\u00f3nii vyd\u00e1va na posledn\u00fa cestu domov"},"content":{"rendered":"\n<p class=\"wp-block-paragraph\">Lietadlo s registr\u00e1ciou ZK-NZC je jedin\u00fd zachovan\u00fd kus z \u00f4smich strojov DC-8, ktor\u00e9 kedysi tvorili dia\u013ekov\u00fa flotilu Air New Zealand, p\u00ed\u0161e <a href=\"https:\/\/www.nttmuseumwanaka.co.nz\/blog\/bring-our-birds-home\" target=\"_blank\" rel=\"noreferrer noopener nofollow\">National Transport and Toy Museum W\u0101naka<\/a>. Dvadsa\u0165 rokov ch\u00e1tral na letisku v Amaz\u00f3nii, konkr\u00e9tne v Manause. Postavila ho tov\u00e1re\u0148 Douglas v kalifornskom Long Beach a aerol\u00ednia ho prevzala v septembri 1965.<\/p>\n\n\n\n<p class=\"wp-block-paragraph\">Air New Zealand stroj vyradila z prev\u00e1dzky v roku 1981. Potom menil majite\u013eov, a\u017e skon\u010dil u braz\u00edlskeho n\u00e1kladn\u00e9ho dopravcu TCB, ktor\u00fd prev\u00e1dzku ukon\u010dil v roku 2006. Odvtedy lietadlo ch\u00e1tralo na letisku Manaus-Eduardo Gomes.<\/p>\n\n\n\n<div id=\"ez-toc-container\" class=\"ez-toc-v2_0_86 ez-toc-wrap-left counter-hierarchy ez-toc-counter ez-toc-grey ez-toc-container-direction\">\n<div class=\"ez-toc-title-container\">\n<p class=\"ez-toc-title\" style=\"cursor:inherit\">Obsah \u010dl\u00e1nku<\/p>\n<span class=\"ez-toc-title-toggle\"><a href=\"#\" class=\"ez-toc-pull-right ez-toc-btn ez-toc-btn-xs ez-toc-btn-default ez-toc-toggle\" aria-label=\"Toggle Table of Content\"><span class=\"ez-toc-js-icon-con\"><span class=\"\"><span class=\"eztoc-hide\" style=\"display:none;\">Toggle<\/span><span class=\"ez-toc-icon-toggle-span\"><svg style=\"fill: #999;color:#999\" xmlns=\"http:\/\/www.w3.org\/2000\/svg\" class=\"list-377408\" width=\"20px\" height=\"20px\" viewBox=\"0 0 24 24\" fill=\"none\"><path d=\"M6 6H4v2h2V6zm14 0H8v2h12V6zM4 11h2v2H4v-2zm16 0H8v2h12v-2zM4 16h2v2H4v-2zm16 0H8v2h12v-2z\" fill=\"currentColor\"><\/path><\/svg><svg style=\"fill: #999;color:#999\" class=\"arrow-unsorted-368013\" xmlns=\"http:\/\/www.w3.org\/2000\/svg\" width=\"10px\" height=\"10px\" viewBox=\"0 0 24 24\" version=\"1.2\" baseProfile=\"tiny\"><path d=\"M18.2 9.3l-6.2-6.3-6.2 6.3c-.2.2-.3.4-.3.7s.1.5.3.7c.2.2.4.3.7.3h11c.3 0 .5-.1.7-.3.2-.2.3-.5.3-.7s-.1-.5-.3-.7zM5.8 14.7l6.2 6.3 6.2-6.3c.2-.2.3-.5.3-.7s-.1-.5-.3-.7c-.2-.2-.4-.3-.7-.3h-11c-.3 0-.5.1-.7.3-.2.2-.3.5-.3.7s.1.5.3.7z\"\/><\/svg><\/span><\/span><\/span><\/a><\/span><\/div>\n<nav><ul class='ez-toc-list ez-toc-list-level-1 ' ><li class='ez-toc-page-1 ez-toc-heading-level-2'><a class=\"ez-toc-link ez-toc-heading-1\" href=\"https:\/\/loudavymkrokem.cz\/sk\/dc-8-air-new-zealand-amazonia\/#Legenda_ktora_vozila_kralovnu\" >Legenda, ktor\u00e1 vozila kr\u00e1\u013eovn\u00fa<\/a><\/li><li class='ez-toc-page-1 ez-toc-heading-level-2'><a class=\"ez-toc-link ez-toc-heading-2\" href=\"https:\/\/loudavymkrokem.cz\/sk\/dc-8-air-new-zealand-amazonia\/#Cesta_domov_cez_ocean\" >Cesta domov cez oce\u00e1n<\/a><\/li><li class='ez-toc-page-1 ez-toc-heading-level-2'><a class=\"ez-toc-link ez-toc-heading-3\" href=\"https:\/\/loudavymkrokem.cz\/sk\/dc-8-air-new-zealand-amazonia\/#Co_to_znamena_prakticky\" >\u010co to znamen\u00e1 prakticky<\/a><\/li><\/ul><\/nav><\/div>\n<h2 class=\"wp-block-heading\"><span class=\"ez-toc-section\" id=\"Legenda_ktora_vozila_kralovnu\"><\/span>Legenda, ktor\u00e1 vozila kr\u00e1\u013eovn\u00fa<span class=\"ez-toc-section-end\"><\/span><\/h2>\n\n\n\n<p class=\"wp-block-paragraph\">Pr\u00e1ve tento konkr\u00e9tny stroj m\u00e1 na konte historick\u00fa jazdu. <strong>30. janu\u00e1ra 1974<\/strong> prepravil kr\u00e1\u013eovn\u00fa Al\u017ebetu II., princezn\u00fa Annu a Marka Phillipsa z Rarotongy do Christchurchu, p\u00ed\u0161e <a href=\"https:\/\/www.odt.co.nz\/regions\/wanaka\/w%C4%81naka-final-resting-place-iconic-aircraft\" target=\"_blank\" rel=\"noreferrer noopener nofollow\">Otago Daily Times<\/a>. O p\u00e1r dn\u00ed nesk\u00f4r kr\u00e1\u013eovn\u00e1 otv\u00e1rala Britsk\u00e9 hry Commonwealthu v christchurchskom parku QEII.<\/p>\n\n\n\n<p class=\"wp-block-paragraph\">Pod\u013ea zakladate\u013ea charity Bring Our Birds Home Paula Brennana bol pr\u00e1ve tento typ lietadla k\u013e\u00fa\u010dov\u00fd v tom, \u017ee pomohol Air New Zealand premeni\u0165 sa na plnohodnotn\u00fa medzin\u00e1rodn\u00fa aerol\u00edniu, uv\u00e1dza <a href=\"https:\/\/www.odt.co.nz\/star-news\/star-christchurch\/iconic-dc-8-heading-back-home\" target=\"_blank\" rel=\"noreferrer noopener nofollow\">Otago Daily Times<\/a>.<\/p>\n\n\n\n<h2 class=\"wp-block-heading\"><span class=\"ez-toc-section\" id=\"Cesta_domov_cez_ocean\"><\/span>Cesta domov cez oce\u00e1n<span class=\"ez-toc-section-end\"><\/span><\/h2>\n\n\n\n<p class=\"wp-block-paragraph\">Demont\u00e1\u017e lietadla m\u00e1 za\u010da\u0165 <strong>1. septembra 2026<\/strong>. Stroj rozre\u017e\u00fa na sekcie (trup, kr\u00eddla rozdelen\u00e9 na prepravu v kontajneroch a chvostov\u00e9 plochy) a po mori ho odvez\u00fa do pr\u00edstavu <strong>Timaru<\/strong> na Ju\u017enom ostrove.<\/p>\n\n\n\n<p class=\"wp-block-paragraph\">Tam by mal dorazi\u0165 e\u0161te tento rok, p\u00ed\u0161u braz\u00edlske m\u00e9di\u00e1 <a href=\"https:\/\/aerojota.com.br\/dc-8-abandonado-manaus-nova-zelandia\/\" target=\"_blank\" rel=\"noreferrer noopener nofollow\">AeroJota<\/a> a <a href=\"https:\/\/www.rondoniaovivo.com\/noticia\/geral\/2026\/08\/13\/fim-do-abandono-dc-8-que-esta-ha-duas-decadas-em-manaus-vai-de-navio-para-a-nova-zelandia.html\" target=\"_blank\" rel=\"noreferrer noopener nofollow\">Rond\u00f4nia ao Vivo<\/a>.<\/p>\n\n\n\n<p class=\"wp-block-paragraph\">Pr\u00e1zdny DC-8-52 v\u00e1\u017ei okolo 60 ton, meria 45,9 metra na d\u013a\u017eku a rozp\u00e4tie kr\u00eddel m\u00e1 43,4 metra. Pod\u013ea toho ist\u00e9ho zdroja sa na logistike podie\u013ea prev\u00e1dzkovate\u013e letiska VINCI Airports a firma Freightplus \u0161pecializovan\u00e1 na \u0165a\u017ek\u00fd medzin\u00e1rodn\u00fd n\u00e1klad.<\/p>\n\n\n\n<p class=\"wp-block-paragraph\">N\u00e1klady hradia anonymn\u00ed darcovia. Charita Bring Our Birds Home navy\u0161e dev\u00e4\u0165 rokov vyber\u00e1 peniaze na port\u00e1li <a href=\"https:\/\/givealittle.co.nz\/cause\/bringourbirdshome\" target=\"_blank\" rel=\"noreferrer noopener nofollow\">Givealittle<\/a> a k augustu 2026 od 467 darcov nazbierala <strong>40 035 NZD<\/strong>.<\/p>\n\n\n\n<h2 class=\"wp-block-heading\"><span class=\"ez-toc-section\" id=\"Co_to_znamena_prakticky\"><\/span>\u010co to znamen\u00e1 prakticky<span class=\"ez-toc-section-end\"><\/span><\/h2>\n\n\n\n<p class=\"wp-block-paragraph\">Ak pl\u00e1nuje\u0161 cestu na Ju\u017en\u00fd ostrov Nov\u00e9ho Z\u00e9landu, po dokon\u010den\u00ed re\u0161taurovania uvid\u00ed\u0161 tento kus leteckej hist\u00f3rie v <strong>National Transport and Toy Museum vo W\u0101nake<\/strong>. M\u00fazeum le\u017e\u00ed priamo pri letisku a je be\u017ene pr\u00edstupn\u00e9 verejnosti.<\/p>\n\n\n\n<p class=\"wp-block-paragraph\">Postup rozoberania a plavby sa d\u00e1 sledova\u0165 aj online. Charita ho priebe\u017ene dokumentuje v kampani na Givealittle a na soci\u00e1lnych sie\u0165ach.<\/p>\n\n\n\n<p class=\"wp-block-paragraph\">Na lety do Braz\u00edlie ani na prev\u00e1dzku letiska v Manause t\u00e1to akcia \u017eiadny dopad nem\u00e1. Ide toti\u017e len o jednorazov\u00fd odsun vyraden\u00e9ho draku lietadla.<\/p>\n\n\n\n<p class=\"wp-block-paragraph\">Kto cestu na Nov\u00fd Z\u00e9land e\u0161te len chyst\u00e1, nech po\u010d\u00edta s t\u00fdm, \u017ee lietadlo by malo do Timaru dorazi\u0165 <strong>do konca roka 2026<\/strong> a do m\u00fazea vo W\u0101nake sa dostane a\u017e po \u010fal\u0161om re\u0161taurovan\u00ed.<\/p>\n\n\n\n<!-- LKM_GYG_CARD start q=\"cestu domu\" lang=\"sk\" rendered=\"2026-08-31T05:04:05+00:00\" v=\"1\" -->\n\n<!-- LKM_GYG_CARD end -->\n","protected":false},"excerpt":{"rendered":"<p>Jedin\u00fd zachovan\u00fd Douglas DC-8 z flotily Air New Zealand u\u017e dvadsa\u0165 rokov ch\u00e1tra na letisku v Manause v Amaz\u00f3nii. Od 1. septembra 2026 ho rozober\u00fa a po mori odvez\u00fa na Nov\u00fd Z\u00e9land do m\u00fazea vo W\u0101nake. Kedysi vozil aj kr\u00e1\u013eovn\u00fa Al\u017ebetu II.<\/p>\n","protected":false},"author":2,"featured_media":396130,"comment_status":"open","ping_status":"open","sticky":false,"template":"","format":"standard","meta":{"_acf_changed":false,"footnotes":"","rank_math_title":"DC-8 Air New Zealand z Amaz\u00f3nie mieri domov","rank_math_description":"DC-8 Air New Zealand po 20 rokoch v Amaz\u00f3nii mieri domov na Nov\u00fd Z\u00e9land. Kedysi vozil kr\u00e1\u013eovn\u00fa Al\u017ebetu II. Pre\u010d\u00edtaj si cel\u00fd pr\u00edbeh legend\u00e1rneho lietadla.","rank_math_focus_keyword":"DC-8 Air New Zealand Amaz\u00f3nia","rank_math_seo_score":""},"categories":[952],"tags":[],"class_list":["post-409014","post","type-post","status-publish","format-standard","has-post-thumbnail","category-cestovanie"],"acf":[],"featured_image_src":"https:\/\/loudavymkrokem.cz\/wp-content\/uploads\/2026\/08\/abandoned-dc-8-aircraft-tarmac.jpg","author_info":{"display_name":"Luk\u00e1\u0161 Kone\u010dn\u00fd","author_link":"https:\/\/loudavymkrokem.cz\/sk\/author\/lukas-konecny\/"},"_links":{"self":[{"href":"https:\/\/loudavymkrokem.cz\/sk\/wp-json\/wp\/v2\/posts\/409014","targetHints":{"allow":["GET"]}}],"collection":[{"href":"https:\/\/loudavymkrokem.cz\/sk\/wp-json\/wp\/v2\/posts"}],"about":[{"href":"https:\/\/loudavymkrokem.cz\/sk\/wp-json\/wp\/v2\/types\/post"}],"author":[{"embeddable":true,"href":"https:\/\/loudavymkrokem.cz\/sk\/wp-json\/wp\/v2\/users\/2"}],"replies":[{"embeddable":true,"href":"https:\/\/loudavymkrokem.cz\/sk\/wp-json\/wp\/v2\/comments?post=409014"}],"version-history":[{"count":0,"href":"https:\/\/loudavymkrokem.cz\/sk\/wp-json\/wp\/v2\/posts\/409014\/revisions"}],"wp:featuredmedia":[{"embeddable":true,"href":"https:\/\/loudavymkrokem.cz\/sk\/wp-json\/wp\/v2\/media\/396130"}],"wp:attachment":[{"href":"https:\/\/loudavymkrokem.cz\/sk\/wp-json\/wp\/v2\/media?parent=409014"}],"wp:term":[{"taxonomy":"category","embeddable":true,"href":"https:\/\/loudavymkrokem.cz\/sk\/wp-json\/wp\/v2\/categories?post=409014"},{"taxonomy":"post_tag","embeddable":true,"href":"https:\/\/loudavymkrokem.cz\/sk\/wp-json\/wp\/v2\/tags?post=409014"}],"curies":[{"name":"wp","href":"https:\/\/api.w.org\/{rel}","templated":true}]}}