{"id":409002,"date":"2026-08-26T17:30:05","date_gmt":"2026-08-26T15:30:05","guid":{"rendered":"https:\/\/loudavymkrokem.cz\/co-vidiet-v-pisku\/"},"modified":"2026-08-31T06:59:12","modified_gmt":"2026-08-31T04:59:12","slug":"co-vidiet-v-pisku","status":"publish","type":"post","link":"https:\/\/loudavymkrokem.cz\/sk\/co-vidiet-v-pisku\/","title":{"rendered":"\u010co vidie\u0165 v P\u00edsku: 39 tipov od rod\u00e1\u010dky na pamiatky aj tajn\u00e9 vyhliadky"},"content":{"rendered":"\n<p class=\"wp-block-paragraph\"><strong>Narodila som sa v P\u00edsku.<\/strong> Potom som dlh\u00e9 roky \u017eila inde, pre\u0161la som kus <strong><a href=\"https:\/\/loudavymkrokem.cz\/sk\/cestovanie\/europa\/\" data-type=\"link\" data-id=\"https:\/\/loudavymkrokem.cz\/cestovani\/evropa\/\" target=\"_blank\" rel=\"noreferrer noopener\">Eur\u00f3py<\/a><\/strong>, videla sp\u00fastu kr\u00e1snych miest, a nakoniec sme sa s man\u017eelom vr\u00e1tili sp\u00e4\u0165 sem, k Otave. Dnes tu \u017eijeme so synom Jon\u00e1\u0161kom a ja st\u00e1le tvrd\u00edm, \u017ee P\u00edsek v \u010cesku patr\u00ed k najkraj\u0161\u00edm mest\u00e1m v ju\u017en\u00fdch \u010cech\u00e1ch. \ud83d\ude0a<\/p>\n\n\n\n<p class=\"wp-block-paragraph\"><strong>P\u00edsek je mesto, kde som sa narodila a kde dnes s rodinou zase \u017eijem.<\/strong> Pozn\u00e1m tu ka\u017ed\u00fa uli\u010dku, viem, kam z\u00e1js\u0165 na najlep\u0161iu k\u00e1vu (a kam rad\u0161ej nie), kde sa v lete d\u00e1 z\u00eds\u0165 k rieke tak, aby \u0165a nevidel ani jeden turista, a tie\u017e viem, \u010do za n\u00e1v\u0161tevu \u00faplne nestoj\u00ed (\u00e1no, budem \u00faprimn\u00e1). Je to tak\u00e9 meste\u010dko, ktor\u00e9 \u0165a na prv\u00fd poh\u013ead mo\u017eno neohrom\u00ed monument\u00e1lnou architekt\u00farou ako \u010cesk\u00fd Krumlov, ale pomaly si \u0165a z\u00edska \u2013 atmosf\u00e9rou, pokojom pri rieke, hist\u00f3riou na ka\u017edom rohu a tou zvl\u00e1\u0161tnou juho\u010deskou pohodou, ktor\u00e1 sa ned\u00e1 \u00faplne op\u00edsa\u0165, ale spozn\u00e1 sa hne\u010f.<\/p>\n\n\n\n<p class=\"wp-block-paragraph\">Ak h\u013ead\u00e1\u0161 <strong>\u010do vidie\u0165 v P\u00edsku<\/strong> a \u010dak\u00e1\u0161 such\u00e9 v\u00fdpo\u010dty pamiatok, tak \u0165a asi trochu prekvap\u00edm. Tento \u010dl\u00e1nok je sk\u00f4r ako prech\u00e1dzka mestom s kamar\u00e1tkou, ktor\u00e1 ti uk\u00e1\u017ee aj miesta, \u010do v \u017eiadnom sprievodcovi nen\u00e1jde\u0161. Pripravila som pre teba <strong>39 tipov na pamiatky, zauj\u00edmav\u00e9 miesta a kaviarne<\/strong>, a ke\u010f\u017ee m\u00e1m doma dvojro\u010dn\u00e9ho chlapca, porad\u00edm aj <strong>\u010do robi\u0165 v P\u00edsku a okol\u00ed s de\u0165mi<\/strong>. Tak po\u010fme na to.<\/p>\n\n\n\n<figure data-wp-context=\"{&quot;imageId&quot;:&quot;6a9523939488d&quot;}\" data-wp-interactive=\"core\/image\" data-wp-key=\"6a9523939488d\" class=\"wp-block-image size-full wp-lightbox-container\"><img decoding=\"async\" width=\"2200\" height=\"1467\" data-wp-class--hide=\"state.isContentHidden\" data-wp-class--show=\"state.isContentVisible\" data-wp-init=\"callbacks.setButtonStyles\" data-wp-on--click=\"actions.showLightbox\" data-wp-on--load=\"callbacks.setButtonStyles\" data-wp-on--pointerdown=\"actions.preloadImage\" data-wp-on--pointerenter=\"actions.preloadImageWithDelay\" data-wp-on--pointerleave=\"actions.cancelPreload\" data-wp-on-window--resize=\"callbacks.setButtonStyles\" src=\"https:\/\/loudavymkrokem.cz\/wp-content\/uploads\/2026\/08\/pisek-kamenny-most-zapad-slunce.jpg\" alt=\"Kamenn\u00fd most v P\u00edsku pri z\u00e1pade slnka\" class=\"wp-image-399321\" title=\"\" srcset=\"https:\/\/loudavymkrokem.cz\/wp-content\/uploads\/2026\/08\/pisek-kamenny-most-zapad-slunce.jpg 2200w, https:\/\/loudavymkrokem.cz\/wp-content\/uploads\/2026\/08\/pisek-kamenny-most-zapad-slunce-300x200.jpg 300w, https:\/\/loudavymkrokem.cz\/wp-content\/uploads\/2026\/08\/pisek-kamenny-most-zapad-slunce-700x467.jpg 700w, https:\/\/loudavymkrokem.cz\/wp-content\/uploads\/2026\/08\/pisek-kamenny-most-zapad-slunce-768x512.jpg 768w, https:\/\/loudavymkrokem.cz\/wp-content\/uploads\/2026\/08\/pisek-kamenny-most-zapad-slunce-1536x1024.jpg 1536w, https:\/\/loudavymkrokem.cz\/wp-content\/uploads\/2026\/08\/pisek-kamenny-most-zapad-slunce-2048x1366.jpg 2048w, https:\/\/loudavymkrokem.cz\/wp-content\/uploads\/2026\/08\/pisek-kamenny-most-zapad-slunce-696x464.jpg 696w, https:\/\/loudavymkrokem.cz\/wp-content\/uploads\/2026\/08\/pisek-kamenny-most-zapad-slunce-1392x928.jpg 1392w, https:\/\/loudavymkrokem.cz\/wp-content\/uploads\/2026\/08\/pisek-kamenny-most-zapad-slunce-1920x1280.jpg 1920w\" sizes=\"(max-width: 2200px) 100vw, 2200px\" \/><button\n\t\t\tclass=\"lightbox-trigger\"\n\t\t\ttype=\"button\"\n\t\t\taria-haspopup=\"dialog\"\n\t\t\tdata-wp-bind--aria-label=\"state.thisImage.triggerButtonAriaLabel\"\n\t\t\tdata-wp-init=\"callbacks.initTriggerButton\"\n\t\t\tdata-wp-on--click=\"actions.showLightbox\"\n\t\t\tdata-wp-style--right=\"state.thisImage.buttonRight\"\n\t\t\tdata-wp-style--top=\"state.thisImage.buttonTop\"\n\t\t>\n\t\t\t<svg xmlns=\"http:\/\/www.w3.org\/2000\/svg\" width=\"12\" height=\"12\" fill=\"none\" viewBox=\"0 0 12 12\">\n\t\t\t\t<path fill=\"#fff\" d=\"M2 0a2 2 0 0 0-2 2v2h1.5V2a.5.5 0 0 1 .5-.5h2V0H2Zm2 10.5H2a.5.5 0 0 1-.5-.5V8H0v2a2 2 0 0 0 2 2h2v-1.5ZM8 12v-1.5h2a.5.5 0 0 0 .5-.5V8H12v2a2 2 0 0 1-2 2H8Zm2-12a2 2 0 0 1 2 2v2h-1.5V2a.5.5 0 0 0-.5-.5H8V0h2Z\" \/>\n\t\t\t<\/svg>\n\t\t<\/button><\/figure>\n\n\n\n<div id=\"ez-toc-container\" class=\"ez-toc-v2_0_86 ez-toc-wrap-left counter-hierarchy ez-toc-counter ez-toc-grey ez-toc-container-direction\">\n<div class=\"ez-toc-title-container\">\n<p class=\"ez-toc-title\" style=\"cursor:inherit\">Obsah \u010dl\u00e1nku<\/p>\n<span class=\"ez-toc-title-toggle\"><a href=\"#\" class=\"ez-toc-pull-right ez-toc-btn ez-toc-btn-xs ez-toc-btn-default ez-toc-toggle\" aria-label=\"Toggle Table of Content\"><span class=\"ez-toc-js-icon-con\"><span class=\"\"><span class=\"eztoc-hide\" style=\"display:none;\">Toggle<\/span><span class=\"ez-toc-icon-toggle-span\"><svg style=\"fill: #999;color:#999\" xmlns=\"http:\/\/www.w3.org\/2000\/svg\" class=\"list-377408\" width=\"20px\" height=\"20px\" viewBox=\"0 0 24 24\" fill=\"none\"><path d=\"M6 6H4v2h2V6zm14 0H8v2h12V6zM4 11h2v2H4v-2zm16 0H8v2h12v-2zM4 16h2v2H4v-2zm16 0H8v2h12v-2z\" fill=\"currentColor\"><\/path><\/svg><svg style=\"fill: #999;color:#999\" class=\"arrow-unsorted-368013\" xmlns=\"http:\/\/www.w3.org\/2000\/svg\" width=\"10px\" height=\"10px\" viewBox=\"0 0 24 24\" version=\"1.2\" baseProfile=\"tiny\"><path d=\"M18.2 9.3l-6.2-6.3-6.2 6.3c-.2.2-.3.4-.3.7s.1.5.3.7c.2.2.4.3.7.3h11c.3 0 .5-.1.7-.3.2-.2.3-.5.3-.7s-.1-.5-.3-.7zM5.8 14.7l6.2 6.3 6.2-6.3c.2-.2.3-.5.3-.7s-.1-.5-.3-.7c-.2-.2-.4-.3-.7-.3h-11c-.3 0-.5.1-.7.3-.2.2-.3.5-.3.7s.1.5.3.7z\"\/><\/svg><\/span><\/span><\/span><\/a><\/span><\/div>\n<nav><ul class='ez-toc-list ez-toc-list-level-1 ' ><li class='ez-toc-page-1 ez-toc-heading-level-2'><a class=\"ez-toc-link ez-toc-heading-1\" href=\"https:\/\/loudavymkrokem.cz\/sk\/co-vidiet-v-pisku\/#Zhrnutie_pre_tych_ktori_nemaju_cas_citat_cely_clanok\" >Zhrnutie pre t\u00fdch, ktor\u00ed nemaj\u00fa \u010das \u010d\u00edta\u0165 cel\u00fd \u010dl\u00e1nok<\/a><\/li><li class='ez-toc-page-1 ez-toc-heading-level-2'><a class=\"ez-toc-link ez-toc-heading-2\" href=\"https:\/\/loudavymkrokem.cz\/sk\/co-vidiet-v-pisku\/#Cim_je_Pisek_vynimocny_a_preco_stoji_za_navstevu\" >\u010c\u00edm je P\u00edsek v\u00fdnimo\u010dn\u00fd a pre\u010do stoj\u00ed za n\u00e1v\u0161tevu<\/a><\/li><li class='ez-toc-page-1 ez-toc-heading-level-2'><a class=\"ez-toc-link ez-toc-heading-3\" href=\"https:\/\/loudavymkrokem.cz\/sk\/co-vidiet-v-pisku\/#Kedy_vyrazit_do_Pisku_a_ako_sa_sem_dostat\" >Kedy vyrazi\u0165 do P\u00edsku a ako sa sem dosta\u0165<\/a><ul class='ez-toc-list-level-3' ><li class='ez-toc-heading-level-3'><a class=\"ez-toc-link ez-toc-heading-4\" href=\"https:\/\/loudavymkrokem.cz\/sk\/co-vidiet-v-pisku\/#Ako_sa_do_Pisku_dostat\" >Ako sa do P\u00edsku dosta\u0165<\/a><\/li><\/ul><\/li><li class='ez-toc-page-1 ez-toc-heading-level-2'><a class=\"ez-toc-link ez-toc-heading-5\" href=\"https:\/\/loudavymkrokem.cz\/sk\/co-vidiet-v-pisku\/#Kde_sa_ubytovat_v_Pisku_a_kolko_to_stoji\" >Kde sa ubytova\u0165 v P\u00edsku a ko\u013eko to stoj\u00ed<\/a><\/li><li class='ez-toc-page-1 ez-toc-heading-level-2'><a class=\"ez-toc-link ez-toc-heading-6\" href=\"https:\/\/loudavymkrokem.cz\/sk\/co-vidiet-v-pisku\/#Co_vidiet_v_Pisku_39_tipov_na_pamiatky_a_zaujimave_miesta\" >\u010co vidie\u0165 v P\u00edsku: 39 tipov na pamiatky a zauj\u00edmav\u00e9 miesta<\/a><ul class='ez-toc-list-level-3' ><li class='ez-toc-heading-level-3'><a class=\"ez-toc-link ez-toc-heading-7\" href=\"https:\/\/loudavymkrokem.cz\/sk\/co-vidiet-v-pisku\/#1_Kamenny_most_Jeleni_most_%E2%80%93_najstarsi_kamenny_most_v_Cesku\" >1. Kamenn\u00fd most (Jelen\u00ed most) \u2013 najstar\u0161\u00ed kamenn\u00fd most v \u010cesku<\/a><\/li><li class='ez-toc-page-1 ez-toc-heading-level-3'><a class=\"ez-toc-link ez-toc-heading-8\" href=\"https:\/\/loudavymkrokem.cz\/sk\/co-vidiet-v-pisku\/#2_Putimska_brana_a_ulicka_Franu_Sramka\" >2. Putimsk\u00e1 br\u00e1na a uli\u010dka Fr\u00e1\u0148u \u0160r\u00e1mka<\/a><\/li><li class='ez-toc-page-1 ez-toc-heading-level-3'><a class=\"ez-toc-link ez-toc-heading-9\" href=\"https:\/\/loudavymkrokem.cz\/sk\/co-vidiet-v-pisku\/#3_Hrad_mestske_opevnenie_a_Prachenske_muzeum\" >3. Hrad, mestsk\u00e9 opevnenie a Pr\u00e1che\u0148sk\u00e9 m\u00fazeum<\/a><\/li><li class='ez-toc-page-1 ez-toc-heading-level-3'><a class=\"ez-toc-link ez-toc-heading-10\" href=\"https:\/\/loudavymkrokem.cz\/sk\/co-vidiet-v-pisku\/#4_Krizikova_mestska_elektraren\" >4. K\u0159i\u017e\u00edkova mestsk\u00e1 elektr\u00e1re\u0148<\/a><\/li><li class='ez-toc-page-1 ez-toc-heading-level-3'><a class=\"ez-toc-link ez-toc-heading-11\" href=\"https:\/\/loudavymkrokem.cz\/sk\/co-vidiet-v-pisku\/#5_Zemsky_zrebcinec\" >5. Zemsk\u00fd \u017ereb\u010dinec<\/a><\/li><li class='ez-toc-page-1 ez-toc-heading-level-3'><a class=\"ez-toc-link ez-toc-heading-12\" href=\"https:\/\/loudavymkrokem.cz\/sk\/co-vidiet-v-pisku\/#6_Kostol_Narodenia_Panny_Marie\" >6. Kostol Narodenia Panny M\u00e1rie<\/a><\/li><li class='ez-toc-page-1 ez-toc-heading-level-3'><a class=\"ez-toc-link ez-toc-heading-13\" href=\"https:\/\/loudavymkrokem.cz\/sk\/co-vidiet-v-pisku\/#7_Velke_a_Alsovo_namestie_s_Kamenmi_zmiznutych\" >7. Ve\u013ek\u00e9 a Al\u0161ovo n\u00e1mestie s Kame\u0148mi zmiznut\u00fdch<\/a><\/li><li class='ez-toc-page-1 ez-toc-heading-level-3'><a class=\"ez-toc-link ez-toc-heading-14\" href=\"https:\/\/loudavymkrokem.cz\/sk\/co-vidiet-v-pisku\/#8_Marianske_morove_susosie_na_Alsovom_namesti\" >8. Mari\u00e1nske morov\u00e9 s\u00faso\u0161ie na Al\u0161ovom n\u00e1mest\u00ed<\/a><\/li><li class='ez-toc-page-1 ez-toc-heading-level-3'><a class=\"ez-toc-link ez-toc-heading-15\" href=\"https:\/\/loudavymkrokem.cz\/sk\/co-vidiet-v-pisku\/#9_Kasarne\" >9. Kas\u00e1rne<\/a><\/li><li class='ez-toc-page-1 ez-toc-heading-level-3'><a class=\"ez-toc-link ez-toc-heading-16\" href=\"https:\/\/loudavymkrokem.cz\/sk\/co-vidiet-v-pisku\/#10_Mestska_radnica\" >10. Mestsk\u00e1 radnica<\/a><\/li><li class='ez-toc-page-1 ez-toc-heading-level-3'><a class=\"ez-toc-link ez-toc-heading-17\" href=\"https:\/\/loudavymkrokem.cz\/sk\/co-vidiet-v-pisku\/#11_Kostol_Povysenia_svateho_Kriza\" >11. Kostol Pov\u00fd\u0161enia sv\u00e4t\u00e9ho Kr\u00ed\u017ea<\/a><\/li><li class='ez-toc-page-1 ez-toc-heading-level-3'><a class=\"ez-toc-link ez-toc-heading-18\" href=\"https:\/\/loudavymkrokem.cz\/sk\/co-vidiet-v-pisku\/#12_Masove_kramy\" >12. M\u00e4sov\u00e9 kr\u00e1my<\/a><\/li><li class='ez-toc-page-1 ez-toc-heading-level-3'><a class=\"ez-toc-link ez-toc-heading-19\" href=\"https:\/\/loudavymkrokem.cz\/sk\/co-vidiet-v-pisku\/#13_Mestska_kniznica_a_kaviaren_Upekla\" >13. Mestsk\u00e1 kni\u017enica a kaviare\u0148 Upekla<\/a><\/li><li class='ez-toc-page-1 ez-toc-heading-level-3'><a class=\"ez-toc-link ez-toc-heading-20\" href=\"https:\/\/loudavymkrokem.cz\/sk\/co-vidiet-v-pisku\/#14_Budova_policajnej_stanice_byvala_kniznica\" >14. Budova policajnej stanice (b\u00fdval\u00e1 kni\u017enica)<\/a><\/li><li class='ez-toc-page-1 ez-toc-heading-level-3'><a class=\"ez-toc-link ez-toc-heading-21\" href=\"https:\/\/loudavymkrokem.cz\/sk\/co-vidiet-v-pisku\/#15_Socha_svateho_Floriana\" >15. Socha sv\u00e4t\u00e9ho Flori\u00e1na<\/a><\/li><li class='ez-toc-page-1 ez-toc-heading-level-3'><a class=\"ez-toc-link ez-toc-heading-22\" href=\"https:\/\/loudavymkrokem.cz\/sk\/co-vidiet-v-pisku\/#16_Palackeho_sady\" >16. Palack\u00e9ho sady<\/a><\/li><li class='ez-toc-page-1 ez-toc-heading-level-3'><a class=\"ez-toc-link ez-toc-heading-23\" href=\"https:\/\/loudavymkrokem.cz\/sk\/co-vidiet-v-pisku\/#17_Schrenkov_pavilon\" >17. Schrenkov pavil\u00f3n<\/a><\/li><li class='ez-toc-page-1 ez-toc-heading-level-3'><a class=\"ez-toc-link ez-toc-heading-24\" href=\"https:\/\/loudavymkrokem.cz\/sk\/co-vidiet-v-pisku\/#18_Neptunova_kasna\" >18. Nept\u00fanova ka\u0161na<\/a><\/li><li class='ez-toc-page-1 ez-toc-heading-level-3'><a class=\"ez-toc-link ez-toc-heading-25\" href=\"https:\/\/loudavymkrokem.cz\/sk\/co-vidiet-v-pisku\/#19_Pomnik_Adolfa_Heyduka_a_Frantiska_Palackeho\" >19. Pomn\u00edk Adolfa Heyduka a Franti\u0161ka Palack\u00e9ho<\/a><\/li><li class='ez-toc-page-1 ez-toc-heading-level-3'><a class=\"ez-toc-link ez-toc-heading-26\" href=\"https:\/\/loudavymkrokem.cz\/sk\/co-vidiet-v-pisku\/#20_Dom_Adolfa_Heyduka\" >20. Dom Adolfa Heyduka<\/a><\/li><li class='ez-toc-page-1 ez-toc-heading-level-3'><a class=\"ez-toc-link ez-toc-heading-27\" href=\"https:\/\/loudavymkrokem.cz\/sk\/co-vidiet-v-pisku\/#21_Kronbergerov_altan\" >21. Kronbergerov alt\u00e1n<\/a><\/li><li class='ez-toc-page-1 ez-toc-heading-level-3'><a class=\"ez-toc-link ez-toc-heading-28\" href=\"https:\/\/loudavymkrokem.cz\/sk\/co-vidiet-v-pisku\/#22_Hotel_Otava\" >22. Hotel Otava<\/a><\/li><li class='ez-toc-page-1 ez-toc-heading-level-3'><a class=\"ez-toc-link ez-toc-heading-29\" href=\"https:\/\/loudavymkrokem.cz\/sk\/co-vidiet-v-pisku\/#23_Zidovska_synagoga\" >23. \u017didovsk\u00e1 synag\u00f3ga<\/a><\/li><li class='ez-toc-page-1 ez-toc-heading-level-3'><a class=\"ez-toc-link ez-toc-heading-30\" href=\"https:\/\/loudavymkrokem.cz\/sk\/co-vidiet-v-pisku\/#24_Budova_polikliniky\" >24. Budova polikliniky<\/a><\/li><li class='ez-toc-page-1 ez-toc-heading-level-3'><a class=\"ez-toc-link ez-toc-heading-31\" href=\"https:\/\/loudavymkrokem.cz\/sk\/co-vidiet-v-pisku\/#25_Dom_u_Guli_a_mestianske_domy\" >25. Dom u Gu\u013e\u00ed a me\u0161tianske domy<\/a><\/li><li class='ez-toc-page-1 ez-toc-heading-level-3'><a class=\"ez-toc-link ez-toc-heading-32\" href=\"https:\/\/loudavymkrokem.cz\/sk\/co-vidiet-v-pisku\/#26_Novy_most\" >26. Nov\u00fd most<\/a><\/li><li class='ez-toc-page-1 ez-toc-heading-level-3'><a class=\"ez-toc-link ez-toc-heading-33\" href=\"https:\/\/loudavymkrokem.cz\/sk\/co-vidiet-v-pisku\/#27_Sokolovna\" >27. Sokolov\u0148a<\/a><\/li><li class='ez-toc-page-1 ez-toc-heading-level-3'><a class=\"ez-toc-link ez-toc-heading-34\" href=\"https:\/\/loudavymkrokem.cz\/sk\/co-vidiet-v-pisku\/#28_Stara_posta\" >28. Star\u00e1 po\u0161ta<\/a><\/li><li class='ez-toc-page-1 ez-toc-heading-level-3'><a class=\"ez-toc-link ez-toc-heading-35\" href=\"https:\/\/loudavymkrokem.cz\/sk\/co-vidiet-v-pisku\/#29_Raabova_vila\" >29. Raabova vila<\/a><\/li><li class='ez-toc-page-1 ez-toc-heading-level-3'><a class=\"ez-toc-link ez-toc-heading-36\" href=\"https:\/\/loudavymkrokem.cz\/sk\/co-vidiet-v-pisku\/#30_Pomnik_padlym_pri_Melegnane_a_Solferine\" >30. Pomn\u00edk padl\u00fdm pri Melegnane a Solferine<\/a><\/li><li class='ez-toc-page-1 ez-toc-heading-level-3'><a class=\"ez-toc-link ez-toc-heading-37\" href=\"https:\/\/loudavymkrokem.cz\/sk\/co-vidiet-v-pisku\/#31_Marianska_kaplnka\" >31. Mari\u00e1nska kaplnka<\/a><\/li><li class='ez-toc-page-1 ez-toc-heading-level-3'><a class=\"ez-toc-link ez-toc-heading-38\" href=\"https:\/\/loudavymkrokem.cz\/sk\/co-vidiet-v-pisku\/#32_Kostol_Najsvatejsej_Trojice\" >32. Kostol Najsv\u00e4tej\u0161ej Trojice<\/a><\/li><li class='ez-toc-page-1 ez-toc-heading-level-3'><a class=\"ez-toc-link ez-toc-heading-39\" href=\"https:\/\/loudavymkrokem.cz\/sk\/co-vidiet-v-pisku\/#33_Kostol_svateho_Vaclava\" >33. Kostol sv\u00e4t\u00e9ho V\u00e1clava<\/a><\/li><li class='ez-toc-page-1 ez-toc-heading-level-3'><a class=\"ez-toc-link ez-toc-heading-40\" href=\"https:\/\/loudavymkrokem.cz\/sk\/co-vidiet-v-pisku\/#34_Hradisko\" >34. Hradisko<\/a><\/li><li class='ez-toc-page-1 ez-toc-heading-level-3'><a class=\"ez-toc-link ez-toc-heading-41\" href=\"https:\/\/loudavymkrokem.cz\/sk\/co-vidiet-v-pisku\/#35_Cesta_bolestnych_kamenov\" >35. Cesta bolestn\u00fdch kame\u0148ov<\/a><\/li><li class='ez-toc-page-1 ez-toc-heading-level-3'><a class=\"ez-toc-link ez-toc-heading-42\" href=\"https:\/\/loudavymkrokem.cz\/sk\/co-vidiet-v-pisku\/#36_Vila_Marta_a_lavka_Dagmar_Simkovej\" >36. Vila Marta a l\u00e1vka Dagmar \u0160imkovej<\/a><\/li><li class='ez-toc-page-1 ez-toc-heading-level-3'><a class=\"ez-toc-link ez-toc-heading-43\" href=\"https:\/\/loudavymkrokem.cz\/sk\/co-vidiet-v-pisku\/#37_Divadlo_Franu_Sramka\" >37. Divadlo Fr\u00e1\u0148u \u0160r\u00e1mka<\/a><\/li><li class='ez-toc-page-1 ez-toc-heading-level-3'><a class=\"ez-toc-link ez-toc-heading-44\" href=\"https:\/\/loudavymkrokem.cz\/sk\/co-vidiet-v-pisku\/#38_Dekanstvo\" >38. Dekanstvo<\/a><\/li><li class='ez-toc-page-1 ez-toc-heading-level-3'><a class=\"ez-toc-link ez-toc-heading-45\" href=\"https:\/\/loudavymkrokem.cz\/sk\/co-vidiet-v-pisku\/#39_Parkany_pri_Putimskej_brane\" >39. Park\u00e1ny pri Putimskej br\u00e1ne<\/a><\/li><\/ul><\/li><li class='ez-toc-page-1 ez-toc-heading-level-2'><a class=\"ez-toc-link ez-toc-heading-46\" href=\"https:\/\/loudavymkrokem.cz\/sk\/co-vidiet-v-pisku\/#Co_robit_v_Pisku_s_detmi_tipy_pre_rodiny_v_meste_aj_okoli\" >\u010co robi\u0165 v P\u00edsku s de\u0165mi: tipy pre rodiny v meste aj okol\u00ed<\/a><ul class='ez-toc-list-level-3' ><li class='ez-toc-heading-level-3'><a class=\"ez-toc-link ez-toc-heading-47\" href=\"https:\/\/loudavymkrokem.cz\/sk\/co-vidiet-v-pisku\/#Sladovna_Pisek_Obrovska_galeria_hrou\" >Sladovna P\u00edsek: Obrovsk\u00e1 gal\u00e9ria hrou<\/a><\/li><li class='ez-toc-page-1 ez-toc-heading-level-3'><a class=\"ez-toc-link ez-toc-heading-48\" href=\"https:\/\/loudavymkrokem.cz\/sk\/co-vidiet-v-pisku\/#Sochy_z_piesku_na_naplavke_byvale_Cipiskoviste\" >Sochy z piesku na n\u00e1plavke (b\u00fdval\u00e9 Cip\u00edskovi\u0161t\u011b)<\/a><\/li><li class='ez-toc-page-1 ez-toc-heading-level-3'><a class=\"ez-toc-link ez-toc-heading-49\" href=\"https:\/\/loudavymkrokem.cz\/sk\/co-vidiet-v-pisku\/#Travel_Cafe_kaviaren_s_pieskoviskom\" >Travel Cafe: kaviare\u0148 s pieskoviskom<\/a><\/li><li class='ez-toc-page-1 ez-toc-heading-level-3'><a class=\"ez-toc-link ez-toc-heading-50\" href=\"https:\/\/loudavymkrokem.cz\/sk\/co-vidiet-v-pisku\/#Hernicky_v_Pisku_Myska_herna_a_spol\" >Herni\u010dky v P\u00edsku: My\u0161ka herna a spol.<\/a><\/li><li class='ez-toc-page-1 ez-toc-heading-level-3'><a class=\"ez-toc-link ez-toc-heading-51\" href=\"https:\/\/loudavymkrokem.cz\/sk\/co-vidiet-v-pisku\/#Oborka_U_Vodaka\" >Ob\u00f4rka U Vod\u00e1ka<\/a><\/li><li class='ez-toc-page-1 ez-toc-heading-level-3'><a class=\"ez-toc-link ez-toc-heading-52\" href=\"https:\/\/loudavymkrokem.cz\/sk\/co-vidiet-v-pisku\/#Chata_Zivec_a_3D_bludisko\" >Chata \u017divec a 3D bludisko<\/a><\/li><li class='ez-toc-page-1 ez-toc-heading-level-3'><a class=\"ez-toc-link ez-toc-heading-53\" href=\"https:\/\/loudavymkrokem.cz\/sk\/co-vidiet-v-pisku\/#Mestsky_ostrov\" >Mestsk\u00fd ostrov<\/a><\/li><li class='ez-toc-page-1 ez-toc-heading-level-3'><a class=\"ez-toc-link ez-toc-heading-54\" href=\"https:\/\/loudavymkrokem.cz\/sk\/co-vidiet-v-pisku\/#Hernajs\" >Hernajs<\/a><\/li><li class='ez-toc-page-1 ez-toc-heading-level-3'><a class=\"ez-toc-link ez-toc-heading-55\" href=\"https:\/\/loudavymkrokem.cz\/sk\/co-vidiet-v-pisku\/#Mini_Academy\" >Mini Academy<\/a><\/li><li class='ez-toc-page-1 ez-toc-heading-level-3'><a class=\"ez-toc-link ez-toc-heading-56\" href=\"https:\/\/loudavymkrokem.cz\/sk\/co-vidiet-v-pisku\/#Dopravne_ihrisko_u_Vaclava\" >Dopravn\u00e9 ihrisko u V\u00e1clava<\/a><\/li><li class='ez-toc-page-1 ez-toc-heading-level-3'><a class=\"ez-toc-link ez-toc-heading-57\" href=\"https:\/\/loudavymkrokem.cz\/sk\/co-vidiet-v-pisku\/#Nase_zvieratka_Putim_minizoo_zadarmo\" >Na\u0161e zvieratk\u00e1 Putim: minizoo zadarmo<\/a><\/li><li class='ez-toc-page-1 ez-toc-heading-level-3'><a class=\"ez-toc-link ez-toc-heading-58\" href=\"https:\/\/loudavymkrokem.cz\/sk\/co-vidiet-v-pisku\/#Plavaren_u_Vaclava_kupanie_s_vyhladom_na_Otavu\" >Plav\u00e1re\u0148 u V\u00e1clava: k\u00fapanie s v\u00fdh\u013eadom na Otavu<\/a><\/li><li class='ez-toc-page-1 ez-toc-heading-level-3'><a class=\"ez-toc-link ez-toc-heading-59\" href=\"https:\/\/loudavymkrokem.cz\/sk\/co-vidiet-v-pisku\/#Na_lodke_po_Otave_vodactvo_aj_pre_rodiny\" >Na lo\u010fke po Otave: vod\u00e1ctvo aj pre rodiny<\/a><\/li><li class='ez-toc-page-1 ez-toc-heading-level-3'><a class=\"ez-toc-link ez-toc-heading-60\" href=\"https:\/\/loudavymkrokem.cz\/sk\/co-vidiet-v-pisku\/#Zemeraj_pri_Kovarove_den_v_ranom_stredoveku\" >Zem\u011br\u00e1j pri Kov\u00e1\u0159ove: de\u0148 v ranom stredoveku<\/a><\/li><li class='ez-toc-page-1 ez-toc-heading-level-3'><a class=\"ez-toc-link ez-toc-heading-61\" href=\"https:\/\/loudavymkrokem.cz\/sk\/co-vidiet-v-pisku\/#Vlacikom_Elinka_cez_most_Duha\" >Vl\u00e1\u010dikom Elinka cez most Duha<\/a><\/li><\/ul><\/li><li class='ez-toc-page-1 ez-toc-heading-level-2'><a class=\"ez-toc-link ez-toc-heading-62\" href=\"https:\/\/loudavymkrokem.cz\/sk\/co-vidiet-v-pisku\/#Co_robit_v_Pisku_ked_prsi\" >\u010co robi\u0165 v P\u00edsku, ke\u010f pr\u0161\u00ed<\/a><\/li><li class='ez-toc-page-1 ez-toc-heading-level-2'><a class=\"ez-toc-link ez-toc-heading-63\" href=\"https:\/\/loudavymkrokem.cz\/sk\/co-vidiet-v-pisku\/#Kde_v_Pisku_zaparkovat\" >Kde v P\u00edsku zaparkova\u0165<\/a><\/li><li class='ez-toc-page-1 ez-toc-heading-level-2'><a class=\"ez-toc-link ez-toc-heading-64\" href=\"https:\/\/loudavymkrokem.cz\/sk\/co-vidiet-v-pisku\/#Kde_sa_v_Pisku_dobre_najest_a_napit\" >Kde sa v P\u00edsku dobre najes\u0165 a napi\u0165<\/a><\/li><li class='ez-toc-page-1 ez-toc-heading-level-2'><a class=\"ez-toc-link ez-toc-heading-65\" href=\"https:\/\/loudavymkrokem.cz\/sk\/co-vidiet-v-pisku\/#Tipy_na_vylety_v_okoli_Pisku_13_miest_kam_vyrazit_na_jednodnovy_vylet\" >Tipy na v\u00fdlety v okol\u00ed P\u00edsku: 13 miest, kam vyrazi\u0165 na jednod\u0148ov\u00fd v\u00fdlet<\/a><ul class='ez-toc-list-level-3' ><li class='ez-toc-heading-level-3'><a class=\"ez-toc-link ez-toc-heading-66\" href=\"https:\/\/loudavymkrokem.cz\/sk\/co-vidiet-v-pisku\/#Hrad_Zvikov_a_zamok_Orlik\" >Hrad Zv\u00edkov a z\u00e1mok Orl\u00edk<\/a><\/li><li class='ez-toc-page-1 ez-toc-heading-level-3'><a class=\"ez-toc-link ez-toc-heading-67\" href=\"https:\/\/loudavymkrokem.cz\/sk\/co-vidiet-v-pisku\/#Krokodilie_ZOO_Protivin\" >Krokod\u00edlie ZOO Protiv\u00edn<\/a><\/li><li class='ez-toc-page-1 ez-toc-heading-level-3'><a class=\"ez-toc-link ez-toc-heading-68\" href=\"https:\/\/loudavymkrokem.cz\/sk\/co-vidiet-v-pisku\/#Pamatnik_bitky_pri_Sudomeri\" >Pam\u00e4tn\u00edk bitky pri Sudom\u011b\u0159i<\/a><\/li><li class='ez-toc-page-1 ez-toc-heading-level-3'><a class=\"ez-toc-link ez-toc-heading-69\" href=\"https:\/\/loudavymkrokem.cz\/sk\/co-vidiet-v-pisku\/#Rozpravkova_kovacna_Selibov\" >Rozpr\u00e1vkov\u00e1 kov\u00e1\u010d\u0148a Selibov<\/a><\/li><li class='ez-toc-page-1 ez-toc-heading-level-3'><a class=\"ez-toc-link ez-toc-heading-70\" href=\"https:\/\/loudavymkrokem.cz\/sk\/co-vidiet-v-pisku\/#Farmapark_Maletice\" >Farmapark Maletice<\/a><\/li><li class='ez-toc-page-1 ez-toc-heading-level-3'><a class=\"ez-toc-link ez-toc-heading-71\" href=\"https:\/\/loudavymkrokem.cz\/sk\/co-vidiet-v-pisku\/#Fiziland_a_Kralovstvo_casu_v_Protivine\" >Fiziland a Kr\u00e1\u013eovstvo \u010dasu v Protiv\u00edne<\/a><\/li><li class='ez-toc-page-1 ez-toc-heading-level-3'><a class=\"ez-toc-link ez-toc-heading-72\" href=\"https:\/\/loudavymkrokem.cz\/sk\/co-vidiet-v-pisku\/#Bagrarium_v_Strakoniciach\" >Bagr\u00e1rium v Strakoniciach<\/a><\/li><li class='ez-toc-page-1 ez-toc-heading-level-3'><a class=\"ez-toc-link ez-toc-heading-73\" href=\"https:\/\/loudavymkrokem.cz\/sk\/co-vidiet-v-pisku\/#Tabor\" >T\u00e1bor<\/a><\/li><li class='ez-toc-page-1 ez-toc-heading-level-3'><a class=\"ez-toc-link ez-toc-heading-74\" href=\"https:\/\/loudavymkrokem.cz\/sk\/co-vidiet-v-pisku\/#Ceske_Budejovice\" >\u010cesk\u00e9 Bud\u011bjovice<\/a><\/li><li class='ez-toc-page-1 ez-toc-heading-level-3'><a class=\"ez-toc-link ez-toc-heading-75\" href=\"https:\/\/loudavymkrokem.cz\/sk\/co-vidiet-v-pisku\/#Hluboka_nad_Vltavou\" >Hlubok\u00e1 nad Vltavou<\/a><\/li><li class='ez-toc-page-1 ez-toc-heading-level-3'><a class=\"ez-toc-link ez-toc-heading-76\" href=\"https:\/\/loudavymkrokem.cz\/sk\/co-vidiet-v-pisku\/#Cesky_Krumlov\" >\u010cesk\u00fd Krumlov<\/a><\/li><li class='ez-toc-page-1 ez-toc-heading-level-3'><a class=\"ez-toc-link ez-toc-heading-77\" href=\"https:\/\/loudavymkrokem.cz\/sk\/co-vidiet-v-pisku\/#Sumava\" >\u0160umava<\/a><\/li><li class='ez-toc-page-1 ez-toc-heading-level-3'><a class=\"ez-toc-link ez-toc-heading-78\" href=\"https:\/\/loudavymkrokem.cz\/sk\/co-vidiet-v-pisku\/#Praha\" >Praha<\/a><\/li><\/ul><\/li><li class='ez-toc-page-1 ez-toc-heading-level-2'><a class=\"ez-toc-link ez-toc-heading-79\" href=\"https:\/\/loudavymkrokem.cz\/sk\/co-vidiet-v-pisku\/#Co_vidiet_v_Pisku_Zaver\" >\u010co vidie\u0165 v P\u00edsku: Z\u00e1ver<\/a><\/li><li class='ez-toc-page-1 ez-toc-heading-level-2'><a class=\"ez-toc-link ez-toc-heading-80\" href=\"https:\/\/loudavymkrokem.cz\/sk\/co-vidiet-v-pisku\/#Kam_dalej\" >Kam \u010falej<\/a><\/li><li class='ez-toc-page-1 ez-toc-heading-level-2'><a class=\"ez-toc-link ez-toc-heading-81\" href=\"https:\/\/loudavymkrokem.cz\/sk\/co-vidiet-v-pisku\/#Casto_kladene_otazky\" >\u010casto kladen\u00e9 ot\u00e1zky<\/a><ul class='ez-toc-list-level-3' ><li class='ez-toc-heading-level-3'><a class=\"ez-toc-link ez-toc-heading-82\" href=\"https:\/\/loudavymkrokem.cz\/sk\/co-vidiet-v-pisku\/#Je_Kamenny_most_v_Pisku_naozaj_starsi_nez_Karlov_most\" >Je Kamenn\u00fd most v P\u00edsku naozaj star\u0161\u00ed ne\u017e Karlov most?<\/a><\/li><li class='ez-toc-page-1 ez-toc-heading-level-3'><a class=\"ez-toc-link ez-toc-heading-83\" href=\"https:\/\/loudavymkrokem.cz\/sk\/co-vidiet-v-pisku\/#Zabavi_Sladovna_aj_starsie_deti\" >Zabav\u00ed Sladovna aj star\u0161ie deti?<\/a><\/li><li class='ez-toc-page-1 ez-toc-heading-level-3'><a class=\"ez-toc-link ez-toc-heading-84\" href=\"https:\/\/loudavymkrokem.cz\/sk\/co-vidiet-v-pisku\/#Kde_presne_sa_nachadzaju_piesocne_sochy\" >Kde presne sa nach\u00e1dzaj\u00fa pieso\u010dn\u00e9 sochy?<\/a><\/li><li class='ez-toc-page-1 ez-toc-heading-level-3'><a class=\"ez-toc-link ez-toc-heading-85\" href=\"https:\/\/loudavymkrokem.cz\/sk\/co-vidiet-v-pisku\/#Ako_sa_dostanem_k_rozhladni_Jarnik\" >Ako sa dostanem k rozh\u013eadni Jarn\u00edk?<\/a><\/li><li class='ez-toc-page-1 ez-toc-heading-level-3'><a class=\"ez-toc-link ez-toc-heading-86\" href=\"https:\/\/loudavymkrokem.cz\/sk\/co-vidiet-v-pisku\/#Kedy_je_najlepsia_doba_na_navstevu_Zemskeho_zrebcinca\" >Kedy je najlep\u0161ia doba na n\u00e1v\u0161tevu Zemsk\u00e9ho \u017ereb\u010dinca?<\/a><\/li><li class='ez-toc-page-1 ez-toc-heading-level-3'><a class=\"ez-toc-link ez-toc-heading-87\" href=\"https:\/\/loudavymkrokem.cz\/sk\/co-vidiet-v-pisku\/#Kolko_stoji_vstupne_do_Prachenskeho_muzea\" >Ko\u013eko stoj\u00ed vstupn\u00e9 do Pr\u00e1che\u0148sk\u00e9ho m\u00fazea?<\/a><\/li><li class='ez-toc-page-1 ez-toc-heading-level-3'><a class=\"ez-toc-link ez-toc-heading-88\" href=\"https:\/\/loudavymkrokem.cz\/sk\/co-vidiet-v-pisku\/#Ako_sa_najlepsie_dostanem_do_Pisku_z_Bratislavy\" >Ako sa najlep\u0161ie dostanem do P\u00edsku z Bratislavy?<\/a><\/li><li class='ez-toc-page-1 ez-toc-heading-level-3'><a class=\"ez-toc-link ez-toc-heading-89\" href=\"https:\/\/loudavymkrokem.cz\/sk\/co-vidiet-v-pisku\/#Kam_v_Pisku_s_detmi\" >Kam v P\u00edsku s de\u0165mi?<\/a><\/li><\/ul><\/li><\/ul><\/nav><\/div>\n<h2 class=\"wp-block-heading\"><span class=\"ez-toc-section\" id=\"Zhrnutie_pre_tych_ktori_nemaju_cas_citat_cely_clanok\"><\/span>Zhrnutie pre t\u00fdch, ktor\u00ed nemaj\u00fa \u010das \u010d\u00edta\u0165 cel\u00fd \u010dl\u00e1nok<span class=\"ez-toc-section-end\"><\/span><\/h2>\n\n\n\n<ul class=\"wp-block-list\">\n<li><strong>Kamenn\u00fd most<\/strong> \u2013 najstar\u0161\u00ed kamenn\u00fd most v \u010cesku, ikonick\u00e1 dominanta mesta, vstup zadarmo, najkraj\u0161\u00ed za svitania v hmle.<\/li>\n\n\n\n<li><strong>Sladovna P\u00edsek<\/strong> \u2013 interakt\u00edvne centrum pre deti (a \u00faprimne aj dospel\u00fdch), ide\u00e1lny tip kam v P\u00edsku s de\u0165mi, ke\u010f pr\u0161\u00ed.<\/li>\n\n\n\n<li><strong>Zemsk\u00fd \u017ereb\u010dinec<\/strong> \u2013 n\u00e1rodn\u00e1 kult\u00farna pamiatka v tudorovskom \u0161t\u00fdle, prehliadky za 6 \u20ac (150 K\u010d), ber si hotovos\u0165.<\/li>\n\n\n\n<li><strong>Podniky v Palack\u00e9ho sadoch<\/strong> \u2013 bezlepkov\u00e9 Do Nebe a kaviare\u0148 Park Caf\u00e9, oboje s v\u00fdh\u013eadom do parku.<\/li>\n\n\n\n<li><strong>Travel Cafe<\/strong> \u2013 pod\u013ea m\u0148a najlep\u0161ia kaviare\u0148 v meste, so z\u00e1hradkou vo vn\u00fatrobloku a pieskoviskom pre deti.<\/li>\n\n\n\n<li><strong>P\u00edseck\u00e9 hory<\/strong> \u2013 lesn\u00fd mas\u00edv priamo za mestom, skvel\u00e9 na prech\u00e1dzky, behanie aj cyklov\u00fdlety.<\/li>\n\n\n\n<li><strong>Okolie P\u00edsku<\/strong> \u2013 Zv\u00edkov, Orl\u00edk, Hlubok\u00e1, T\u00e1bor \u2013 v\u0161etko do 40 min\u00fat autom.<\/li>\n<\/ul>\n\n\n\n<p class=\"wp-block-paragraph\"><strong><a href=\"https:\/\/loudavymkrokem.cz\/sk\/juzne-cechy-najkrajsie-mesta\/\" target=\"_blank\" rel=\"noreferrer noopener\">Pre\u010d\u00edtaj si aj: 8 v\u00fdletov po ju\u017en\u00fdch \u010cech\u00e1ch<\/a><\/strong><\/p>\n\n\n\n<h2 class=\"wp-block-heading\"><span class=\"ez-toc-section\" id=\"Cim_je_Pisek_vynimocny_a_preco_stoji_za_navstevu\"><\/span>\u010c\u00edm je P\u00edsek v\u00fdnimo\u010dn\u00fd a pre\u010do stoj\u00ed za n\u00e1v\u0161tevu<span class=\"ez-toc-section-end\"><\/span><\/h2>\n\n\n\n<figure data-wp-context=\"{&quot;imageId&quot;:&quot;6a95239394e34&quot;}\" data-wp-interactive=\"core\/image\" data-wp-key=\"6a95239394e34\" class=\"wp-block-image size-full wp-lightbox-container\"><img decoding=\"async\" width=\"2200\" height=\"1467\" data-wp-class--hide=\"state.isContentHidden\" data-wp-class--show=\"state.isContentVisible\" data-wp-init=\"callbacks.setButtonStyles\" data-wp-on--click=\"actions.showLightbox\" data-wp-on--load=\"callbacks.setButtonStyles\" data-wp-on--pointerdown=\"actions.preloadImage\" data-wp-on--pointerenter=\"actions.preloadImageWithDelay\" data-wp-on--pointerleave=\"actions.cancelPreload\" data-wp-on-window--resize=\"callbacks.setButtonStyles\" src=\"https:\/\/loudavymkrokem.cz\/wp-content\/uploads\/2026\/08\/pisek-alsovo-namesti-vecer.jpg\" alt=\"Al\u0161ovo n\u00e1mestie v P\u00edsku vo ve\u010dernom svetle\" class=\"wp-image-399356\" title=\"\" srcset=\"https:\/\/loudavymkrokem.cz\/wp-content\/uploads\/2026\/08\/pisek-alsovo-namesti-vecer.jpg 2200w, https:\/\/loudavymkrokem.cz\/wp-content\/uploads\/2026\/08\/pisek-alsovo-namesti-vecer-300x200.jpg 300w, https:\/\/loudavymkrokem.cz\/wp-content\/uploads\/2026\/08\/pisek-alsovo-namesti-vecer-700x467.jpg 700w, https:\/\/loudavymkrokem.cz\/wp-content\/uploads\/2026\/08\/pisek-alsovo-namesti-vecer-768x512.jpg 768w, https:\/\/loudavymkrokem.cz\/wp-content\/uploads\/2026\/08\/pisek-alsovo-namesti-vecer-1536x1024.jpg 1536w, https:\/\/loudavymkrokem.cz\/wp-content\/uploads\/2026\/08\/pisek-alsovo-namesti-vecer-2048x1366.jpg 2048w, https:\/\/loudavymkrokem.cz\/wp-content\/uploads\/2026\/08\/pisek-alsovo-namesti-vecer-696x464.jpg 696w, https:\/\/loudavymkrokem.cz\/wp-content\/uploads\/2026\/08\/pisek-alsovo-namesti-vecer-1392x928.jpg 1392w, https:\/\/loudavymkrokem.cz\/wp-content\/uploads\/2026\/08\/pisek-alsovo-namesti-vecer-1920x1280.jpg 1920w\" sizes=\"(max-width: 2200px) 100vw, 2200px\" \/><button\n\t\t\tclass=\"lightbox-trigger\"\n\t\t\ttype=\"button\"\n\t\t\taria-haspopup=\"dialog\"\n\t\t\tdata-wp-bind--aria-label=\"state.thisImage.triggerButtonAriaLabel\"\n\t\t\tdata-wp-init=\"callbacks.initTriggerButton\"\n\t\t\tdata-wp-on--click=\"actions.showLightbox\"\n\t\t\tdata-wp-style--right=\"state.thisImage.buttonRight\"\n\t\t\tdata-wp-style--top=\"state.thisImage.buttonTop\"\n\t\t>\n\t\t\t<svg xmlns=\"http:\/\/www.w3.org\/2000\/svg\" width=\"12\" height=\"12\" fill=\"none\" viewBox=\"0 0 12 12\">\n\t\t\t\t<path fill=\"#fff\" d=\"M2 0a2 2 0 0 0-2 2v2h1.5V2a.5.5 0 0 1 .5-.5h2V0H2Zm2 10.5H2a.5.5 0 0 1-.5-.5V8H0v2a2 2 0 0 0 2 2h2v-1.5ZM8 12v-1.5h2a.5.5 0 0 0 .5-.5V8H12v2a2 2 0 0 1-2 2H8Zm2-12a2 2 0 0 1 2 2v2h-1.5V2a.5.5 0 0 0-.5-.5H8V0h2Z\" \/>\n\t\t\t<\/svg>\n\t\t<\/button><\/figure>\n\n\n\n<p class=\"wp-block-paragraph\"><strong>P\u00edsku sa niekedy prez\u00fdva<\/strong> <strong>juho\u010desk\u00e9 At\u00e9ny<\/strong> a aj ke\u010f to znie trochu nabubrelo na mesto s tridsiatimi tis\u00edckami obyvate\u013eov, nie\u010do na tom je. Trad\u00edcia vzdel\u00e1vania tu siaha st\u00e1ro\u010dia sp\u00e4\u0165, kult\u00fara je tu \u017eiv\u00e1 dodnes a na po\u010det obyvate\u013eov tu m\u00e1me nezvy\u010dajne ve\u013ea gal\u00e9ri\u00ed, divadiel a festivalov. Ale hlavne \u2013 P\u00edsek m\u00e1 hist\u00f3riu, z ktorej by in\u00e9 mest\u00e1 \u017eili gener\u00e1cie.<\/p>\n\n\n\n<p class=\"wp-block-paragraph\">Za\u010dnime t\u00fdm najzn\u00e1mej\u0161\u00edm. <strong>Kamenn\u00fd most cez Otavu<\/strong> <strong>poch\u00e1dza z 13. storo\u010dia<\/strong> a je to najstar\u0161\u00ed zachovan\u00fd most v celej \u010ceskej republike. \u00c1no, star\u0161\u00ed ne\u017e Karlov most v Prahe, aj ke\u010f to Pra\u017eania neradi po\u010d\u00favaj\u00fa, ke\u010f to hovor\u00edm. \ud83d\ude05 Ale nejde len o most. V roku <strong>1887 sa P\u00edsek stal prv\u00fdm mestom v \u010cech\u00e1ch s verejn\u00fdm elektrick\u00fdm osvetlen\u00edm<\/strong> \u2013 K\u0159i\u017e\u00edkova mestsk\u00e1 elektr\u00e1re\u0148 rozsvietila tunaj\u0161ie n\u00e1mestie sk\u00f4r ne\u017e Prahu! Franti\u0161ek K\u0159i\u017e\u00edk svoju technol\u00f3giu testoval pr\u00e1ve tu, v malom juho\u010deskom meste\u010dku pri zlatonosnej Otave.<\/p>\n\n\n\n<p class=\"wp-block-paragraph\">A t\u00e1 Otava, to je rieka, okolo ktorej sa cel\u00fd P\u00edsek to\u010d\u00ed. Zlatonosn\u00e1, kr\u00e1sna, v lete pln\u00e1 vod\u00e1kov a k\u00fapaj\u00facich sa \u013eud\u00ed. B\u00e1snik <strong>Fr\u00e1\u0148a \u0160r\u00e1mek<\/strong>, ktor\u00fd tu \u017eil a tvoril, o nej p\u00edsal tak, \u017ee by si sa chcel hne\u010f posadi\u0165 na breh a necha\u0165 si f\u00faka\u0165 vietor do vlasov. Mimochodom, ak ide\u0161 s de\u0165mi, ur\u010dite nepreme\u0161kaj <strong>Sochy z piesku<\/strong>, soch\u00e1rsku prehliadku priamo na brehu Otavy, kde ka\u017ed\u00fd rok vznikaj\u00fa obrovsk\u00e9 sochy z piesku, \u010do \u010dloveku vyrazia dych. Je to asi t\u00e1 najfotogenickej\u0161ia vec, \u010do v P\u00edsku cez jar a leto uvid\u00ed\u0161.<\/p>\n\n\n\n<h2 class=\"wp-block-heading\"><span class=\"ez-toc-section\" id=\"Kedy_vyrazit_do_Pisku_a_ako_sa_sem_dostat\"><\/span>Kedy vyrazi\u0165 do P\u00edsku a ako sa sem dosta\u0165<span class=\"ez-toc-section-end\"><\/span><\/h2>\n\n\n\n<figure data-wp-context=\"{&quot;imageId&quot;:&quot;6a95239395203&quot;}\" data-wp-interactive=\"core\/image\" data-wp-key=\"6a95239395203\" class=\"wp-block-image size-full wp-lightbox-container\"><img decoding=\"async\" width=\"2200\" height=\"1467\" data-wp-class--hide=\"state.isContentHidden\" data-wp-class--show=\"state.isContentVisible\" data-wp-init=\"callbacks.setButtonStyles\" data-wp-on--click=\"actions.showLightbox\" data-wp-on--load=\"callbacks.setButtonStyles\" data-wp-on--pointerdown=\"actions.preloadImage\" data-wp-on--pointerenter=\"actions.preloadImageWithDelay\" data-wp-on--pointerleave=\"actions.cancelPreload\" data-wp-on-window--resize=\"callbacks.setButtonStyles\" src=\"https:\/\/loudavymkrokem.cz\/wp-content\/uploads\/2026\/08\/pisek-kamenny-most-soumrak.jpg\" alt=\"Kamenn\u00fd most cez Otavu za s\u00famraku\" class=\"wp-image-399327\" title=\"\" srcset=\"https:\/\/loudavymkrokem.cz\/wp-content\/uploads\/2026\/08\/pisek-kamenny-most-soumrak.jpg 2200w, https:\/\/loudavymkrokem.cz\/wp-content\/uploads\/2026\/08\/pisek-kamenny-most-soumrak-300x200.jpg 300w, https:\/\/loudavymkrokem.cz\/wp-content\/uploads\/2026\/08\/pisek-kamenny-most-soumrak-700x467.jpg 700w, https:\/\/loudavymkrokem.cz\/wp-content\/uploads\/2026\/08\/pisek-kamenny-most-soumrak-768x512.jpg 768w, https:\/\/loudavymkrokem.cz\/wp-content\/uploads\/2026\/08\/pisek-kamenny-most-soumrak-1536x1024.jpg 1536w, https:\/\/loudavymkrokem.cz\/wp-content\/uploads\/2026\/08\/pisek-kamenny-most-soumrak-2048x1366.jpg 2048w, https:\/\/loudavymkrokem.cz\/wp-content\/uploads\/2026\/08\/pisek-kamenny-most-soumrak-696x464.jpg 696w, https:\/\/loudavymkrokem.cz\/wp-content\/uploads\/2026\/08\/pisek-kamenny-most-soumrak-1392x928.jpg 1392w, https:\/\/loudavymkrokem.cz\/wp-content\/uploads\/2026\/08\/pisek-kamenny-most-soumrak-1920x1280.jpg 1920w\" sizes=\"(max-width: 2200px) 100vw, 2200px\" \/><button\n\t\t\tclass=\"lightbox-trigger\"\n\t\t\ttype=\"button\"\n\t\t\taria-haspopup=\"dialog\"\n\t\t\tdata-wp-bind--aria-label=\"state.thisImage.triggerButtonAriaLabel\"\n\t\t\tdata-wp-init=\"callbacks.initTriggerButton\"\n\t\t\tdata-wp-on--click=\"actions.showLightbox\"\n\t\t\tdata-wp-style--right=\"state.thisImage.buttonRight\"\n\t\t\tdata-wp-style--top=\"state.thisImage.buttonTop\"\n\t\t>\n\t\t\t<svg xmlns=\"http:\/\/www.w3.org\/2000\/svg\" width=\"12\" height=\"12\" fill=\"none\" viewBox=\"0 0 12 12\">\n\t\t\t\t<path fill=\"#fff\" d=\"M2 0a2 2 0 0 0-2 2v2h1.5V2a.5.5 0 0 1 .5-.5h2V0H2Zm2 10.5H2a.5.5 0 0 1-.5-.5V8H0v2a2 2 0 0 0 2 2h2v-1.5ZM8 12v-1.5h2a.5.5 0 0 0 .5-.5V8H12v2a2 2 0 0 1-2 2H8Zm2-12a2 2 0 0 1 2 2v2h-1.5V2a.5.5 0 0 0-.5-.5H8V0h2Z\" \/>\n\t\t\t<\/svg>\n\t\t<\/button><\/figure>\n\n\n\n<p class=\"wp-block-paragraph\">P\u00edsek je kr\u00e1sny v ka\u017edom ro\u010dnom obdob\u00ed, to hovor\u00edm s plnou zodpovednos\u0165ou \u010dloveka, ktor\u00fd tu za\u017eil aj tie depres\u00edvne \u0161ed\u00e9 novembre. Ale ka\u017ed\u00e1 sez\u00f3na m\u00e1 svoje \u010daro a z\u00e1le\u017e\u00ed, \u010do h\u013ead\u00e1\u0161.<\/p>\n\n\n\n<ul class=\"wp-block-list\">\n<li><strong>Jar (apr\u00edl\u2013m\u00e1j)<\/strong> je asi m\u00f4j najob\u013e\u00fabenej\u0161\u00ed \u010das. Palack\u00e9ho sady rozkvitn\u00fa, popri Otave je zeleno a mesto sa po zime preb\u00fadza \u2013 terasy kaviarn\u00ed sa otv\u00e1raj\u00fa, \u013eudia vyliezaj\u00fa von a vo vzduchu c\u00edti\u0165 tak\u00fa t\u00fa svie\u017eu energiu. A hlavne koncom m\u00e1ja sa na n\u00e1plavke odha\u013euj\u00fa nov\u00e9 obrie <strong>sochy z piesku<\/strong>, tento rok u\u017e dvadsiatykr\u00e1t, a sprev\u00e1dza ich rodinn\u00fd festival P\u00edskovi\u0161t\u011b. Pouli\u010dn\u00e9 divadlo, koncerty, workshopy pre deti, cel\u00e9 mesto \u017eije. Jeden z najkraj\u0161\u00edch v\u00edkendov v roku.<\/li>\n\n\n\n<li><strong>Leto (j\u00fan\u2013august)<\/strong> je na k\u00fapanie v Otave, vod\u00e1cke t\u00fary, mestsk\u00e9 sl\u00e1vnosti a dlh\u00e9 ve\u010dery na z\u00e1hradk\u00e1ch pri rieke. V j\u00fani prebiehaj\u00fa <strong>Dotkni se P\u00edsku<\/strong> \u2013 historick\u00e9 sl\u00e1vnosti priamo v centre, rytieri, remesl\u00e1, dobov\u00e9 trhy. V auguste potom <strong>Folkl\u00f3rny festival<\/strong>, na ktor\u00fd chodia s\u00fabory z cel\u00e9ho sveta. Po\u010d\u00edtaj ale s t\u00fdm, \u017ee v hlavnej sez\u00f3ne je v meste viac turistov (aj ke\u010f st\u00e1le neporovnate\u013ene menej ne\u017e v Krumlove, o tom \u017eiadna).<\/li>\n\n\n\n<li><strong>Jese\u0148 (september\u2013okt\u00f3ber)<\/strong> \u2013 zlat\u00fd P\u00edsek. Doslova. Stromy v sadoch a popri rieke sa sfarbuj\u00fa, rann\u00e9 hmly nad Otavou vyzeraj\u00fa ako z filmu, turistov ubudne. Ide\u00e1lne na pe\u0161ie prech\u00e1dzky a pohodov\u00e9 obzeranie pamiatok. A v polovici septembra rozpr\u00fadi centrum hudobn\u00fd festival Cool v plot\u011b.<\/li>\n\n\n\n<li><strong>Zima (november\u2013marec)<\/strong> \u2013 budem \u00faprimn\u00e1, P\u00edsek v zime nie je \u017eiadny viano\u010dn\u00fd Salzburg. Ale adventn\u00e9 trhy na Ve\u013ekom n\u00e1mest\u00ed maj\u00fa tie\u017e svoje \u010daro, v posledn\u00fdch rokoch tu m\u00e1vame na n\u00e1mest\u00ed aj klzisko a v Sladovni je teplo a sp\u00fasta programu pre deti, a ke\u010f napadne sneh a ty sa prejde\u0161 po moste&#8230; to je proste rozpr\u00e1vka.<\/li>\n<\/ul>\n\n\n\n<p class=\"wp-block-paragraph\"><strong>Pre\u010d\u00edtaj si aj: <a href=\"https:\/\/loudavymkrokem.cz\/sk\/dovolenka-v-cesku-tipy\/\" target=\"_blank\" data-type=\"link\" data-id=\"https:\/\/loudavymkrokem.cz\/kam-na-dovolenou-v-cesku\/\" rel=\"noreferrer noopener\">20 tipov, kam na dovolenku v \u010cesku<\/a><\/strong><\/p>\n\n\n\n<h3 class=\"wp-block-heading\"><span class=\"ez-toc-section\" id=\"Ako_sa_do_Pisku_dostat\"><\/span>Ako sa do P\u00edsku dosta\u0165<span class=\"ez-toc-section-end\"><\/span><\/h3>\n\n\n\n<figure data-wp-context=\"{&quot;imageId&quot;:&quot;6a952393956af&quot;}\" data-wp-interactive=\"core\/image\" data-wp-key=\"6a952393956af\" class=\"wp-block-image size-full wp-lightbox-container\"><img decoding=\"async\" width=\"2200\" height=\"1467\" data-wp-class--hide=\"state.isContentHidden\" data-wp-class--show=\"state.isContentVisible\" data-wp-init=\"callbacks.setButtonStyles\" data-wp-on--click=\"actions.showLightbox\" data-wp-on--load=\"callbacks.setButtonStyles\" data-wp-on--pointerdown=\"actions.preloadImage\" data-wp-on--pointerenter=\"actions.preloadImageWithDelay\" data-wp-on--pointerleave=\"actions.cancelPreload\" data-wp-on-window--resize=\"callbacks.setButtonStyles\" src=\"https:\/\/loudavymkrokem.cz\/wp-content\/uploads\/2026\/08\/pisek-ulicka-vez-radnice.jpg\" alt=\"Uli\u010dka v historickom centre P\u00edsku s ve\u017eou radnice\" class=\"wp-image-399384\" title=\"\" srcset=\"https:\/\/loudavymkrokem.cz\/wp-content\/uploads\/2026\/08\/pisek-ulicka-vez-radnice.jpg 2200w, https:\/\/loudavymkrokem.cz\/wp-content\/uploads\/2026\/08\/pisek-ulicka-vez-radnice-300x200.jpg 300w, https:\/\/loudavymkrokem.cz\/wp-content\/uploads\/2026\/08\/pisek-ulicka-vez-radnice-700x467.jpg 700w, https:\/\/loudavymkrokem.cz\/wp-content\/uploads\/2026\/08\/pisek-ulicka-vez-radnice-768x512.jpg 768w, https:\/\/loudavymkrokem.cz\/wp-content\/uploads\/2026\/08\/pisek-ulicka-vez-radnice-1536x1024.jpg 1536w, https:\/\/loudavymkrokem.cz\/wp-content\/uploads\/2026\/08\/pisek-ulicka-vez-radnice-2048x1366.jpg 2048w, https:\/\/loudavymkrokem.cz\/wp-content\/uploads\/2026\/08\/pisek-ulicka-vez-radnice-696x464.jpg 696w, https:\/\/loudavymkrokem.cz\/wp-content\/uploads\/2026\/08\/pisek-ulicka-vez-radnice-1392x928.jpg 1392w, https:\/\/loudavymkrokem.cz\/wp-content\/uploads\/2026\/08\/pisek-ulicka-vez-radnice-1920x1280.jpg 1920w\" sizes=\"(max-width: 2200px) 100vw, 2200px\" \/><button\n\t\t\tclass=\"lightbox-trigger\"\n\t\t\ttype=\"button\"\n\t\t\taria-haspopup=\"dialog\"\n\t\t\tdata-wp-bind--aria-label=\"state.thisImage.triggerButtonAriaLabel\"\n\t\t\tdata-wp-init=\"callbacks.initTriggerButton\"\n\t\t\tdata-wp-on--click=\"actions.showLightbox\"\n\t\t\tdata-wp-style--right=\"state.thisImage.buttonRight\"\n\t\t\tdata-wp-style--top=\"state.thisImage.buttonTop\"\n\t\t>\n\t\t\t<svg xmlns=\"http:\/\/www.w3.org\/2000\/svg\" width=\"12\" height=\"12\" fill=\"none\" viewBox=\"0 0 12 12\">\n\t\t\t\t<path fill=\"#fff\" d=\"M2 0a2 2 0 0 0-2 2v2h1.5V2a.5.5 0 0 1 .5-.5h2V0H2Zm2 10.5H2a.5.5 0 0 1-.5-.5V8H0v2a2 2 0 0 0 2 2h2v-1.5ZM8 12v-1.5h2a.5.5 0 0 0 .5-.5V8H12v2a2 2 0 0 1-2 2H8Zm2-12a2 2 0 0 1 2 2v2h-1.5V2a.5.5 0 0 0-.5-.5H8V0h2Z\" \/>\n\t\t\t<\/svg>\n\t\t<\/button><\/figure>\n\n\n\n<p class=\"wp-block-paragraph\">Zo Slovenska je najpohodlnej\u0161ie pr\u00eds\u0165 <strong>autom<\/strong>. Z Bratislavy je to zhruba <strong>4 hodiny<\/strong> po dia\u013enici cez Brno a T\u00e1bor. Nezabudni na <strong>\u010desk\u00fa dia\u013eni\u010dn\u00fa zn\u00e1mku<\/strong>, ktor\u00fa si vybav\u00ed\u0161 online. Parkovanie v centre m\u00f4\u017ee by\u0165 trochu boj, ale d\u00e1 sa vyu\u017ei\u0165 parkovisko pri v\u00fdstavisku.<\/p>\n\n\n\n<p class=\"wp-block-paragraph\">Ak nechce\u0161 \u0161of\u00e9rova\u0165, m\u00f4\u017ee\u0161 doletie\u0165 <strong>lietadlom do Prahy<\/strong> (Ryanair \u010di Wizz Air z Bratislavy, pr\u00edpadne Austrian Airlines cez Viede\u0148) a odtia\u013e pokra\u010dova\u0165 <strong>autobusom RegioJet<\/strong>, ktor\u00fd ide zo zast\u00e1vky Na Kn\u00ed\u017eec\u00ed a cesta trv\u00e1 zhruba <strong>70 min\u00fat<\/strong>. L\u00edstok vyjde na <strong>5\u20139 \u20ac (120\u2013220 K\u010d)<\/strong> pod\u013ea toho, ako dopredu kupuje\u0161. Spoje jazdia dos\u0165 \u010dasto, tak\u017ee sa d\u00e1 spravi\u0165 aj jednod\u0148ov\u00fd v\u00fdlet.<\/p>\n\n\n\n<p class=\"wp-block-paragraph\"><strong>Vlakom<\/strong> to, bohu\u017eia\u013e, tak\u00e9 skvel\u00e9 nie je \u2013 priame spojenie neexistuje, mus\u00ed\u0161 prestupova\u0165 (v\u00e4\u010d\u0161inou v T\u00e1bore alebo v Protiv\u00edne) a cesta zaberie aj s prestupom zhruba 2,5 a\u017e 3 hodiny. Ak nie si fan\u00fa\u0161ik lok\u00e1lok s prestupovan\u00edm, vo\u013e autobus. Z Prahy je to <strong>autom 104 km<\/strong>, zhruba hodina po dia\u013enici D4 (ktor\u00e1 je kone\u010dne cel\u00e1 hotov\u00e1, chvalabohu).<\/p>\n\n\n\n<h2 class=\"wp-block-heading\"><span class=\"ez-toc-section\" id=\"Kde_sa_ubytovat_v_Pisku_a_kolko_to_stoji\"><\/span>Kde sa ubytova\u0165 v P\u00edsku a ko\u013eko to stoj\u00ed<span class=\"ez-toc-section-end\"><\/span><\/h2>\n\n\n\n<figure data-wp-context=\"{&quot;imageId&quot;:&quot;6a95239395a4d&quot;}\" data-wp-interactive=\"core\/image\" data-wp-key=\"6a95239395a4d\" class=\"wp-block-image size-full wp-lightbox-container\"><img decoding=\"async\" width=\"2200\" height=\"1467\" data-wp-class--hide=\"state.isContentHidden\" data-wp-class--show=\"state.isContentVisible\" data-wp-init=\"callbacks.setButtonStyles\" data-wp-on--click=\"actions.showLightbox\" data-wp-on--load=\"callbacks.setButtonStyles\" data-wp-on--pointerdown=\"actions.preloadImage\" data-wp-on--pointerenter=\"actions.preloadImageWithDelay\" data-wp-on--pointerleave=\"actions.cancelPreload\" data-wp-on-window--resize=\"callbacks.setButtonStyles\" src=\"https:\/\/loudavymkrokem.cz\/wp-content\/uploads\/2026\/08\/pisek-fontana-hotel-otava.jpg\" alt=\"Font\u00e1na v centre P\u00edsku s Hotelom Otava v pozad\u00ed\" class=\"wp-image-399365\" title=\"\" srcset=\"https:\/\/loudavymkrokem.cz\/wp-content\/uploads\/2026\/08\/pisek-fontana-hotel-otava.jpg 2200w, https:\/\/loudavymkrokem.cz\/wp-content\/uploads\/2026\/08\/pisek-fontana-hotel-otava-300x200.jpg 300w, https:\/\/loudavymkrokem.cz\/wp-content\/uploads\/2026\/08\/pisek-fontana-hotel-otava-700x467.jpg 700w, https:\/\/loudavymkrokem.cz\/wp-content\/uploads\/2026\/08\/pisek-fontana-hotel-otava-768x512.jpg 768w, https:\/\/loudavymkrokem.cz\/wp-content\/uploads\/2026\/08\/pisek-fontana-hotel-otava-1536x1024.jpg 1536w, https:\/\/loudavymkrokem.cz\/wp-content\/uploads\/2026\/08\/pisek-fontana-hotel-otava-2048x1366.jpg 2048w, https:\/\/loudavymkrokem.cz\/wp-content\/uploads\/2026\/08\/pisek-fontana-hotel-otava-696x464.jpg 696w, https:\/\/loudavymkrokem.cz\/wp-content\/uploads\/2026\/08\/pisek-fontana-hotel-otava-1392x928.jpg 1392w, https:\/\/loudavymkrokem.cz\/wp-content\/uploads\/2026\/08\/pisek-fontana-hotel-otava-1920x1280.jpg 1920w\" sizes=\"(max-width: 2200px) 100vw, 2200px\" \/><button\n\t\t\tclass=\"lightbox-trigger\"\n\t\t\ttype=\"button\"\n\t\t\taria-haspopup=\"dialog\"\n\t\t\tdata-wp-bind--aria-label=\"state.thisImage.triggerButtonAriaLabel\"\n\t\t\tdata-wp-init=\"callbacks.initTriggerButton\"\n\t\t\tdata-wp-on--click=\"actions.showLightbox\"\n\t\t\tdata-wp-style--right=\"state.thisImage.buttonRight\"\n\t\t\tdata-wp-style--top=\"state.thisImage.buttonTop\"\n\t\t>\n\t\t\t<svg xmlns=\"http:\/\/www.w3.org\/2000\/svg\" width=\"12\" height=\"12\" fill=\"none\" viewBox=\"0 0 12 12\">\n\t\t\t\t<path fill=\"#fff\" d=\"M2 0a2 2 0 0 0-2 2v2h1.5V2a.5.5 0 0 1 .5-.5h2V0H2Zm2 10.5H2a.5.5 0 0 1-.5-.5V8H0v2a2 2 0 0 0 2 2h2v-1.5ZM8 12v-1.5h2a.5.5 0 0 0 .5-.5V8H12v2a2 2 0 0 1-2 2H8Zm2-12a2 2 0 0 1 2 2v2h-1.5V2a.5.5 0 0 0-.5-.5H8V0h2Z\" \/>\n\t\t\t<\/svg>\n\t\t<\/button><\/figure>\n\n\n\n<p class=\"wp-block-paragraph\">P\u00edsek nie je ve\u013ekomesto, tak\u017ee ceny ubytovania \u0165a neprived\u00fa na infarkt, ale zase tu nen\u00e1jde\u0161 dvadsa\u0165 p\u00e4\u0165hviezdi\u010dkov\u00fdch hotelov. Ponuka je men\u0161ia, ale slu\u0161n\u00e1 \u2013 od apartm\u00e1nov a\u017e po hotely s re\u0161taur\u00e1ciou.<\/p>\n\n\n\n<p class=\"wp-block-paragraph\"><strong><a class=\"thirstylink\" rel=\"nofollow\" target=\"_blank\" title=\"Hotel Biograf P\u00edsek\" href=\"https:\/\/loudavymkrokem.cz\/doporucujeme\/hotel-biograf-pisek\/\" data-shortcode=\"true\"><a href=\"https:\/\/www.stay22.com\/allez\/roam?aid=lukaskonecny&amp;campaign=loudavymkrokemcz&amp;campaign=co-videt-v-pisku&amp;hotelname=Hotel%20Biograf&amp;address=P%C3%ADsek%2C%20%C4%8Cesko\" target=\"_blank\" rel=\"noopener nofollow sponsored\">Hotel Biograf<\/a><\/a><\/strong> je asi t\u00e1 najzn\u00e1mej\u0161ia adresa v meste \u2013 <strong>4 hviezdi\u010dky<\/strong>, moderne zrekon\u0161truovan\u00fd, s\u00eddli priamo v budove b\u00fdval\u00e9ho kina (odtia\u013e ten n\u00e1zov). Na Bookingu m\u00e1 hodnotenie <strong>8.6\/10<\/strong>, izby s\u00fa \u010dist\u00e9 a pohodln\u00e9, ra\u0148ajky sol\u00eddne. K dobru m\u00e1 aj f\u00ednsku saunu a mas\u00e1\u017ee.<\/p>\n\n\n\n<p class=\"wp-block-paragraph\"><strong><a class=\"thirstylink\" rel=\"nofollow\" target=\"_blank\" title=\"Hotel U Kapli\u010dky\" href=\"https:\/\/loudavymkrokem.cz\/doporucujeme\/hotel-u-kaplicky\/\" data-shortcode=\"true\"><a href=\"https:\/\/www.stay22.com\/allez\/roam?aid=lukaskonecny&amp;campaign=loudavymkrokemcz&amp;campaign=co-videt-v-pisku&amp;hotelname=Hotel%20U%20Kapli%C4%8Dky&amp;address=P%C3%ADsek%2C%20%C4%8Cesko\" target=\"_blank\" rel=\"noopener nofollow sponsored\">Hotel U Kapli\u010dky<\/a><\/a><\/strong> je tak\u00e1 klasickej\u0161ia vo\u013eba s pr\u00edjemnou atmosf\u00e9rou a hlavne \u2013 patr\u00ed k nemu re\u0161taur\u00e1cia <strong>Chapelle<\/strong>, ktor\u00e1 je jedna z lep\u0161\u00edch v meste a je \u201eMichelin Selected\u201c (ale o jedle a\u017e nesk\u00f4r).<\/p>\n\n\n\n<p class=\"wp-block-paragraph\">Ak chce\u0161 u\u0161etri\u0165 alebo ide\u0161 vo v\u00e4\u010d\u0161ej skupine, <strong>apartm\u00e1ny<\/strong> v P\u00edsku zo\u017eenie\u0161 <strong>od 23 \u20ac (550 K\u010d) za noc<\/strong>, \u010do je fakt slu\u0161n\u00e1 cena. Penzi\u00f3ny sa potom pohybuj\u00fa <strong>od 48 \u20ac (1 160 K\u010d) za noc<\/strong> za dvojl\u00f4\u017ekov\u00fa izbu. Pozri sa napr\u00edklad na <strong><a class=\"thirstylink\" rel=\"nofollow\" target=\"_blank\" title=\"Rezidence u Kamenn\u00e9ho mostu\" href=\"https:\/\/loudavymkrokem.cz\/doporucujeme\/rezidence-u-kamenneho-mostu\/\" data-shortcode=\"true\">Rezidenciu U Kamenn\u00e9ho mostu<\/a>, <a class=\"thirstylink\" rel=\"nofollow\" target=\"_blank\" title=\"Soho Apartment\" href=\"https:\/\/loudavymkrokem.cz\/doporucujeme\/soho-apartment\/\" data-shortcode=\"true\"><a href=\"https:\/\/www.stay22.com\/allez\/roam?aid=lukaskonecny&amp;campaign=loudavymkrokemcz&amp;campaign=co-videt-v-pisku&amp;hotelname=Soho%20apartment&amp;address=P%C3%ADsek%2C%20%C4%8Cesko\" target=\"_blank\" rel=\"noopener nofollow sponsored\">Soho apartment<\/a><\/a>.<\/strong><\/p>\n\n\n\n<p class=\"wp-block-paragraph\">Odpor\u00fa\u010dam rezervova\u0165 dopredu hlavne v lete a po\u010das festivalov, ke\u010f sa kapacity plnia r\u00fdchlo. Ubytovanie najrad\u0161ej h\u013ead\u00e1me na <a class=\"thirstylink\" rel=\"nofollow\" target=\"_blank\" title=\"Booking.com\" href=\"https:\/\/loudavymkrokem.cz\/doporucujeme\/booking-com\/\" data-shortcode=\"true\">Booking.com<\/a>.<\/p>\n\n\n\n<h2 class=\"wp-block-heading\"><span class=\"ez-toc-section\" id=\"Co_vidiet_v_Pisku_39_tipov_na_pamiatky_a_zaujimave_miesta\"><\/span>\u010co vidie\u0165 v P\u00edsku: 39 tipov na pamiatky a zauj\u00edmav\u00e9 miesta<span class=\"ez-toc-section-end\"><\/span><\/h2>\n\n\n\n<figure data-wp-context=\"{&quot;imageId&quot;:&quot;6a9523939751b&quot;}\" data-wp-interactive=\"core\/image\" data-wp-key=\"6a9523939751b\" class=\"wp-block-image size-full wp-lightbox-container\"><img decoding=\"async\" width=\"2200\" height=\"1467\" data-wp-class--hide=\"state.isContentHidden\" data-wp-class--show=\"state.isContentVisible\" data-wp-init=\"callbacks.setButtonStyles\" data-wp-on--click=\"actions.showLightbox\" data-wp-on--load=\"callbacks.setButtonStyles\" data-wp-on--pointerdown=\"actions.preloadImage\" data-wp-on--pointerenter=\"actions.preloadImageWithDelay\" data-wp-on--pointerleave=\"actions.cancelPreload\" data-wp-on-window--resize=\"callbacks.setButtonStyles\" src=\"https:\/\/loudavymkrokem.cz\/wp-content\/uploads\/2026\/08\/pisek-vyhled-z-veze-velke-namesti.jpg\" alt=\"V\u00fdh\u013ead z kostolnej ve\u017ee na strechy a Ve\u013ek\u00e9 n\u00e1mestie v P\u00edsku\" class=\"wp-image-399535\" title=\"\" srcset=\"https:\/\/loudavymkrokem.cz\/wp-content\/uploads\/2026\/08\/pisek-vyhled-z-veze-velke-namesti.jpg 2200w, https:\/\/loudavymkrokem.cz\/wp-content\/uploads\/2026\/08\/pisek-vyhled-z-veze-velke-namesti-300x200.jpg 300w, https:\/\/loudavymkrokem.cz\/wp-content\/uploads\/2026\/08\/pisek-vyhled-z-veze-velke-namesti-700x467.jpg 700w, https:\/\/loudavymkrokem.cz\/wp-content\/uploads\/2026\/08\/pisek-vyhled-z-veze-velke-namesti-768x512.jpg 768w, https:\/\/loudavymkrokem.cz\/wp-content\/uploads\/2026\/08\/pisek-vyhled-z-veze-velke-namesti-1536x1024.jpg 1536w, https:\/\/loudavymkrokem.cz\/wp-content\/uploads\/2026\/08\/pisek-vyhled-z-veze-velke-namesti-2048x1366.jpg 2048w, https:\/\/loudavymkrokem.cz\/wp-content\/uploads\/2026\/08\/pisek-vyhled-z-veze-velke-namesti-696x464.jpg 696w, https:\/\/loudavymkrokem.cz\/wp-content\/uploads\/2026\/08\/pisek-vyhled-z-veze-velke-namesti-1392x928.jpg 1392w, https:\/\/loudavymkrokem.cz\/wp-content\/uploads\/2026\/08\/pisek-vyhled-z-veze-velke-namesti-1920x1280.jpg 1920w\" sizes=\"(max-width: 2200px) 100vw, 2200px\" \/><button\n\t\t\tclass=\"lightbox-trigger\"\n\t\t\ttype=\"button\"\n\t\t\taria-haspopup=\"dialog\"\n\t\t\tdata-wp-bind--aria-label=\"state.thisImage.triggerButtonAriaLabel\"\n\t\t\tdata-wp-init=\"callbacks.initTriggerButton\"\n\t\t\tdata-wp-on--click=\"actions.showLightbox\"\n\t\t\tdata-wp-style--right=\"state.thisImage.buttonRight\"\n\t\t\tdata-wp-style--top=\"state.thisImage.buttonTop\"\n\t\t>\n\t\t\t<svg xmlns=\"http:\/\/www.w3.org\/2000\/svg\" width=\"12\" height=\"12\" fill=\"none\" viewBox=\"0 0 12 12\">\n\t\t\t\t<path fill=\"#fff\" d=\"M2 0a2 2 0 0 0-2 2v2h1.5V2a.5.5 0 0 1 .5-.5h2V0H2Zm2 10.5H2a.5.5 0 0 1-.5-.5V8H0v2a2 2 0 0 0 2 2h2v-1.5ZM8 12v-1.5h2a.5.5 0 0 0 .5-.5V8H12v2a2 2 0 0 1-2 2H8Zm2-12a2 2 0 0 1 2 2v2h-1.5V2a.5.5 0 0 0-.5-.5H8V0h2Z\" \/>\n\t\t\t<\/svg>\n\t\t<\/button><\/figure>\n\n\n\n<p class=\"wp-block-paragraph\">A teraz to hlavn\u00e9 \u2013 pre\u010do si vlastne tento \u010dl\u00e1nok otvoril. \ud83d\ude01 Pripravila som zoznam <strong>39 miest, pamiatok a zauj\u00edmavost\u00ed<\/strong>, ktor\u00e9 v P\u00edsku stoja za to vidie\u0165. Niektor\u00e9 pozn\u00e1\u0161 z poh\u013eadn\u00edc, in\u00e9 \u0165a mo\u017eno prekvapia. Sna\u017eila som sa nemyslie\u0165 len na \u201eve\u013ek\u00e9\u201c turistick\u00e9 ciele, ale prida\u0165 aj tie nen\u00e1padn\u00e9 miesta, popri ktor\u00fdch turisti prech\u00e1dzaj\u00fa bez pov\u0161imnutia, a pritom maj\u00fa pr\u00edbeh.<\/p>\n\n\n\n<p class=\"wp-block-paragraph\">Mesto P\u00edsek je prekvapivo bohat\u00e9 na pamiatky aj zauj\u00edmavosti a toto je m\u00f4j osobn\u00fd sprievodca, za ktor\u00fdm si stoj\u00edm. <strong>Tak po\u010f, vezmeme to od mosta.<\/strong><\/p>\n\n\n\n<h3 class=\"wp-block-heading\"><span class=\"ez-toc-section\" id=\"1_Kamenny_most_Jeleni_most_%E2%80%93_najstarsi_kamenny_most_v_Cesku\"><\/span>1. Kamenn\u00fd most (Jelen\u00ed most) \u2013 najstar\u0161\u00ed kamenn\u00fd most v \u010cesku<span class=\"ez-toc-section-end\"><\/span><\/h3>\n\n\n\n<figure data-wp-context=\"{&quot;imageId&quot;:&quot;6a952393978da&quot;}\" data-wp-interactive=\"core\/image\" data-wp-key=\"6a952393978da\" class=\"wp-block-image size-full wp-lightbox-container\"><img decoding=\"async\" width=\"2200\" height=\"1467\" data-wp-class--hide=\"state.isContentHidden\" data-wp-class--show=\"state.isContentVisible\" data-wp-init=\"callbacks.setButtonStyles\" data-wp-on--click=\"actions.showLightbox\" data-wp-on--load=\"callbacks.setButtonStyles\" data-wp-on--pointerdown=\"actions.preloadImage\" data-wp-on--pointerenter=\"actions.preloadImageWithDelay\" data-wp-on--pointerleave=\"actions.cancelPreload\" data-wp-on-window--resize=\"callbacks.setButtonStyles\" src=\"https:\/\/loudavymkrokem.cz\/wp-content\/uploads\/2026\/08\/pisek-kamenny-most-sochy.jpg\" alt=\"Kamenn\u00fd most v P\u00edsku s barokov\u00fdmi sochami sv\u00e4tcov\" class=\"wp-image-399324\" title=\"\" srcset=\"https:\/\/loudavymkrokem.cz\/wp-content\/uploads\/2026\/08\/pisek-kamenny-most-sochy.jpg 2200w, https:\/\/loudavymkrokem.cz\/wp-content\/uploads\/2026\/08\/pisek-kamenny-most-sochy-300x200.jpg 300w, https:\/\/loudavymkrokem.cz\/wp-content\/uploads\/2026\/08\/pisek-kamenny-most-sochy-700x467.jpg 700w, https:\/\/loudavymkrokem.cz\/wp-content\/uploads\/2026\/08\/pisek-kamenny-most-sochy-768x512.jpg 768w, https:\/\/loudavymkrokem.cz\/wp-content\/uploads\/2026\/08\/pisek-kamenny-most-sochy-1536x1024.jpg 1536w, https:\/\/loudavymkrokem.cz\/wp-content\/uploads\/2026\/08\/pisek-kamenny-most-sochy-2048x1366.jpg 2048w, https:\/\/loudavymkrokem.cz\/wp-content\/uploads\/2026\/08\/pisek-kamenny-most-sochy-696x464.jpg 696w, https:\/\/loudavymkrokem.cz\/wp-content\/uploads\/2026\/08\/pisek-kamenny-most-sochy-1392x928.jpg 1392w, https:\/\/loudavymkrokem.cz\/wp-content\/uploads\/2026\/08\/pisek-kamenny-most-sochy-1920x1280.jpg 1920w\" sizes=\"(max-width: 2200px) 100vw, 2200px\" \/><button\n\t\t\tclass=\"lightbox-trigger\"\n\t\t\ttype=\"button\"\n\t\t\taria-haspopup=\"dialog\"\n\t\t\tdata-wp-bind--aria-label=\"state.thisImage.triggerButtonAriaLabel\"\n\t\t\tdata-wp-init=\"callbacks.initTriggerButton\"\n\t\t\tdata-wp-on--click=\"actions.showLightbox\"\n\t\t\tdata-wp-style--right=\"state.thisImage.buttonRight\"\n\t\t\tdata-wp-style--top=\"state.thisImage.buttonTop\"\n\t\t>\n\t\t\t<svg xmlns=\"http:\/\/www.w3.org\/2000\/svg\" width=\"12\" height=\"12\" fill=\"none\" viewBox=\"0 0 12 12\">\n\t\t\t\t<path fill=\"#fff\" d=\"M2 0a2 2 0 0 0-2 2v2h1.5V2a.5.5 0 0 1 .5-.5h2V0H2Zm2 10.5H2a.5.5 0 0 1-.5-.5V8H0v2a2 2 0 0 0 2 2h2v-1.5ZM8 12v-1.5h2a.5.5 0 0 0 .5-.5V8H12v2a2 2 0 0 1-2 2H8Zm2-12a2 2 0 0 1 2 2v2h-1.5V2a.5.5 0 0 0-.5-.5H8V0h2Z\" \/>\n\t\t\t<\/svg>\n\t\t<\/button><\/figure>\n\n\n\n<p class=\"wp-block-paragraph\">Toto je to miesto, kv\u00f4li ktor\u00e9mu v\u00e4\u010d\u0161ina \u013eud\u00ed do P\u00edsku v\u00f4bec pr\u00edde, a ja im to v\u00f4bec nem\u00e1m za zl\u00e9. <strong>Kamenn\u00fd most cez Otavu<\/strong> poch\u00e1dza z <strong>13. storo\u010dia<\/strong>, meria <strong>takmer 110 metrov<\/strong>, m\u00e1 <strong>7 obl\u00fakov<\/strong> a je to proste najstar\u0161\u00ed zachovan\u00fd kamenn\u00fd most v celej \u010ceskej republike. Karlov most v Prahe je mlad\u0161\u00ed a \u00e1no, opakujem to pri ka\u017edej pr\u00edle\u017eitosti, preto\u017ee ma to te\u0161\u00ed. \ud83d\ude0a<\/p>\n\n\n\n<p class=\"wp-block-paragraph\">Most zdobia <strong>k\u00f3pie barokov\u00fdch s\u00f4ch sv\u00e4tcov<\/strong> (origin\u00e1ly s\u00fa u\u017e bezpe\u010dne schovan\u00e9), ktor\u00e9 na neho pribudli a\u017e nesk\u00f4r, a cel\u00fd ten poh\u013ead \u2013 kamenn\u00e9 obl\u00faky, Otava pod nimi, mesto na oboch brehoch \u2013 je jeden z najkraj\u0161\u00edch v ju\u017en\u00fdch \u010cech\u00e1ch. A vie\u0161, kedy je tu \u00faplne najkraj\u0161ie? <strong>Skoro r\u00e1no, ke\u010f sa nad riekou vzn\u00e1\u0161a hmla.<\/strong> Most vystupuje z oparu ako z nejak\u00e9ho historick\u00e9ho rom\u00e1nu a ty tam stoj\u00ed\u0161 \u00faplne s\u00e1m, preto\u017ee o \u0161iestej r\u00e1no tu proste nikto in\u00fd nie je. Druh\u00fd najlep\u0161\u00ed \u010das je <strong>pri z\u00e1pade slnka<\/strong>, ke\u010f sa hladina Otavy sfarb\u00ed do oran\u017eova. Ber fo\u0165\u00e1k.<\/p>\n\n\n\n<p class=\"wp-block-paragraph\">Vstup je samozrejme <strong>zadarmo, 24 hod\u00edn denne, 7 dn\u00ed v t\u00fd\u017edni<\/strong>. Je to most, proste po \u0148om ide\u0161. Len ty, star\u00e9 kamene a rieka pod nohami. Niekedy si hovor\u00edm, \u017ee je to miesto, kde je P\u00edsek najviac s\u00e1m sebou.<\/p>\n\n\n\n<h3 class=\"wp-block-heading\"><span class=\"ez-toc-section\" id=\"2_Putimska_brana_a_ulicka_Franu_Sramka\"><\/span>2. Putimsk\u00e1 br\u00e1na a uli\u010dka Fr\u00e1\u0148u \u0160r\u00e1mka<span class=\"ez-toc-section-end\"><\/span><\/h3>\n\n\n\n<figure data-wp-context=\"{&quot;imageId&quot;:&quot;6a95239397cd1&quot;}\" data-wp-interactive=\"core\/image\" data-wp-key=\"6a95239397cd1\" class=\"wp-block-image size-full wp-lightbox-container\"><img decoding=\"async\" width=\"2200\" height=\"1467\" data-wp-class--hide=\"state.isContentHidden\" data-wp-class--show=\"state.isContentVisible\" data-wp-init=\"callbacks.setButtonStyles\" data-wp-on--click=\"actions.showLightbox\" data-wp-on--load=\"callbacks.setButtonStyles\" data-wp-on--pointerdown=\"actions.preloadImage\" data-wp-on--pointerenter=\"actions.preloadImageWithDelay\" data-wp-on--pointerleave=\"actions.cancelPreload\" data-wp-on-window--resize=\"callbacks.setButtonStyles\" src=\"https:\/\/loudavymkrokem.cz\/wp-content\/uploads\/2026\/08\/pisek-basta-putimska-brana.jpg\" alt=\"Ba\u0161ta mestsk\u00e9ho opevnenia pri b\u00fdvalej Putimskej br\u00e1ne v P\u00edsku\" class=\"wp-image-399337\" title=\"\" srcset=\"https:\/\/loudavymkrokem.cz\/wp-content\/uploads\/2026\/08\/pisek-basta-putimska-brana.jpg 2200w, https:\/\/loudavymkrokem.cz\/wp-content\/uploads\/2026\/08\/pisek-basta-putimska-brana-300x200.jpg 300w, https:\/\/loudavymkrokem.cz\/wp-content\/uploads\/2026\/08\/pisek-basta-putimska-brana-700x467.jpg 700w, https:\/\/loudavymkrokem.cz\/wp-content\/uploads\/2026\/08\/pisek-basta-putimska-brana-768x512.jpg 768w, https:\/\/loudavymkrokem.cz\/wp-content\/uploads\/2026\/08\/pisek-basta-putimska-brana-1536x1024.jpg 1536w, https:\/\/loudavymkrokem.cz\/wp-content\/uploads\/2026\/08\/pisek-basta-putimska-brana-2048x1366.jpg 2048w, https:\/\/loudavymkrokem.cz\/wp-content\/uploads\/2026\/08\/pisek-basta-putimska-brana-696x464.jpg 696w, https:\/\/loudavymkrokem.cz\/wp-content\/uploads\/2026\/08\/pisek-basta-putimska-brana-1392x928.jpg 1392w, https:\/\/loudavymkrokem.cz\/wp-content\/uploads\/2026\/08\/pisek-basta-putimska-brana-1920x1280.jpg 1920w\" sizes=\"(max-width: 2200px) 100vw, 2200px\" \/><button\n\t\t\tclass=\"lightbox-trigger\"\n\t\t\ttype=\"button\"\n\t\t\taria-haspopup=\"dialog\"\n\t\t\tdata-wp-bind--aria-label=\"state.thisImage.triggerButtonAriaLabel\"\n\t\t\tdata-wp-init=\"callbacks.initTriggerButton\"\n\t\t\tdata-wp-on--click=\"actions.showLightbox\"\n\t\t\tdata-wp-style--right=\"state.thisImage.buttonRight\"\n\t\t\tdata-wp-style--top=\"state.thisImage.buttonTop\"\n\t\t>\n\t\t\t<svg xmlns=\"http:\/\/www.w3.org\/2000\/svg\" width=\"12\" height=\"12\" fill=\"none\" viewBox=\"0 0 12 12\">\n\t\t\t\t<path fill=\"#fff\" d=\"M2 0a2 2 0 0 0-2 2v2h1.5V2a.5.5 0 0 1 .5-.5h2V0H2Zm2 10.5H2a.5.5 0 0 1-.5-.5V8H0v2a2 2 0 0 0 2 2h2v-1.5ZM8 12v-1.5h2a.5.5 0 0 0 .5-.5V8H12v2a2 2 0 0 1-2 2H8Zm2-12a2 2 0 0 1 2 2v2h-1.5V2a.5.5 0 0 0-.5-.5H8V0h2Z\" \/>\n\t\t\t<\/svg>\n\t\t<\/button><\/figure>\n\n\n\n<p class=\"wp-block-paragraph\">\u201e<em>Kdy\u017e jsem j\u00e1 \u0161el tou Putimskou branou\u2026<\/em>\u201c \u2013 t\u00fato pesni\u010dku pozn\u00e1 sn\u00e1\u010f ka\u017ed\u00fd. A teraz \u0165a mo\u017eno prekvap\u00edm: <strong>samotn\u00e1 br\u00e1na u\u017e d\u00e1vno nestoj\u00ed<\/strong>. Ve\u017eu zb\u00farali v roku 1812 a zvy\u0161ok zmizol do roku 1836. Zostalo ale miesto, kde br\u00e1na st\u00e1vala, a hlavne kus <strong>stredovek\u00e9ho mestsk\u00e9ho opevnenia<\/strong> s park\u00e1nom a polkruhovou ba\u0161tou, ktor\u00fd sa tu zachoval v dos\u0165 p\u00f4sobivom rozsahu.<\/p>\n\n\n\n<p class=\"wp-block-paragraph\">K\u00fasok odtia\u013eto, na fas\u00e1de domu \u010d. 154 v Putimskej ulici, n\u00e1jde\u0161 reli\u00e9f zn\u00e1my ako <strong>\u201edve panenky\u201c<\/strong>, vytesan\u00e9 postavy, ktor\u00e9 vraj odkazuj\u00fa pr\u00e1ve na t\u00fa sl\u00e1vnu pesni\u010dku. Cel\u00e9 to miesto m\u00e1 tak\u00fa pokojn\u00fa, trochu nostalgick\u00fa atmosf\u00e9ru, ktor\u00e1 \u010dloveka n\u00fati spomali\u0165, aj ke\u010f tadia\u013e chod\u00ed \u010dasto.<\/p>\n\n\n\n<h3 class=\"wp-block-heading\"><span class=\"ez-toc-section\" id=\"3_Hrad_mestske_opevnenie_a_Prachenske_muzeum\"><\/span>3. Hrad, mestsk\u00e9 opevnenie a Pr\u00e1che\u0148sk\u00e9 m\u00fazeum<span class=\"ez-toc-section-end\"><\/span><\/h3>\n\n\n\n<figure data-wp-context=\"{&quot;imageId&quot;:&quot;6a95239398091&quot;}\" data-wp-interactive=\"core\/image\" data-wp-key=\"6a95239398091\" class=\"wp-block-image size-full wp-lightbox-container\"><img decoding=\"async\" width=\"2200\" height=\"1467\" data-wp-class--hide=\"state.isContentHidden\" data-wp-class--show=\"state.isContentVisible\" data-wp-init=\"callbacks.setButtonStyles\" data-wp-on--click=\"actions.showLightbox\" data-wp-on--load=\"callbacks.setButtonStyles\" data-wp-on--pointerdown=\"actions.preloadImage\" data-wp-on--pointerenter=\"actions.preloadImageWithDelay\" data-wp-on--pointerleave=\"actions.cancelPreload\" data-wp-on-window--resize=\"callbacks.setButtonStyles\" src=\"https:\/\/loudavymkrokem.cz\/wp-content\/uploads\/2026\/08\/pisek-hrad-hradby.jpg\" alt=\"M\u00fary p\u00edseck\u00e9ho hradu nad Otavou\" class=\"wp-image-399339\" title=\"\" srcset=\"https:\/\/loudavymkrokem.cz\/wp-content\/uploads\/2026\/08\/pisek-hrad-hradby.jpg 2200w, https:\/\/loudavymkrokem.cz\/wp-content\/uploads\/2026\/08\/pisek-hrad-hradby-300x200.jpg 300w, https:\/\/loudavymkrokem.cz\/wp-content\/uploads\/2026\/08\/pisek-hrad-hradby-700x467.jpg 700w, https:\/\/loudavymkrokem.cz\/wp-content\/uploads\/2026\/08\/pisek-hrad-hradby-768x512.jpg 768w, https:\/\/loudavymkrokem.cz\/wp-content\/uploads\/2026\/08\/pisek-hrad-hradby-1536x1024.jpg 1536w, https:\/\/loudavymkrokem.cz\/wp-content\/uploads\/2026\/08\/pisek-hrad-hradby-2048x1366.jpg 2048w, https:\/\/loudavymkrokem.cz\/wp-content\/uploads\/2026\/08\/pisek-hrad-hradby-696x464.jpg 696w, https:\/\/loudavymkrokem.cz\/wp-content\/uploads\/2026\/08\/pisek-hrad-hradby-1392x928.jpg 1392w, https:\/\/loudavymkrokem.cz\/wp-content\/uploads\/2026\/08\/pisek-hrad-hradby-1920x1280.jpg 1920w\" sizes=\"(max-width: 2200px) 100vw, 2200px\" \/><button\n\t\t\tclass=\"lightbox-trigger\"\n\t\t\ttype=\"button\"\n\t\t\taria-haspopup=\"dialog\"\n\t\t\tdata-wp-bind--aria-label=\"state.thisImage.triggerButtonAriaLabel\"\n\t\t\tdata-wp-init=\"callbacks.initTriggerButton\"\n\t\t\tdata-wp-on--click=\"actions.showLightbox\"\n\t\t\tdata-wp-style--right=\"state.thisImage.buttonRight\"\n\t\t\tdata-wp-style--top=\"state.thisImage.buttonTop\"\n\t\t>\n\t\t\t<svg xmlns=\"http:\/\/www.w3.org\/2000\/svg\" width=\"12\" height=\"12\" fill=\"none\" viewBox=\"0 0 12 12\">\n\t\t\t\t<path fill=\"#fff\" d=\"M2 0a2 2 0 0 0-2 2v2h1.5V2a.5.5 0 0 1 .5-.5h2V0H2Zm2 10.5H2a.5.5 0 0 1-.5-.5V8H0v2a2 2 0 0 0 2 2h2v-1.5ZM8 12v-1.5h2a.5.5 0 0 0 .5-.5V8H12v2a2 2 0 0 1-2 2H8Zm2-12a2 2 0 0 1 2 2v2h-1.5V2a.5.5 0 0 0-.5-.5H8V0h2Z\" \/>\n\t\t\t<\/svg>\n\t\t<\/button><\/figure>\n\n\n\n<p class=\"wp-block-paragraph\">P\u00edseck\u00fd hrad je jednou z t\u00fdch vec\u00ed, o ktor\u00fdch miestni hovoria \u201eno jasn\u00e9, hrad\u201c a turisti zostan\u00fa st\u00e1\u0165 s otvoren\u00fdmi \u00fastami. Je <strong>ranogotick\u00fd<\/strong>, dal ho postavi\u0165 <strong>P\u0159emysl Otakar II.<\/strong> a stoj\u00ed na ostrohu nad Otavou tak, \u017ee z niektor\u00fdch uhlov vyzer\u00e1, akoby tam vyr\u00e1stol priamo zo skaly. V jeho priestoroch dnes s\u00eddli <strong>Pr\u00e1che\u0148sk\u00e9 m\u00fazeum<\/strong>, ktor\u00e9 \u2013 a teraz sa dr\u017e \u2013 z\u00edskalo zvl\u00e1\u0161tne ocenenie v prest\u00ed\u017enej s\u00fa\u0165a\u017ei Eur\u00f3pske m\u00fazeum roka. Z P\u00edsku! Niekedy si hovor\u00edm, \u010di si to \u013eudia v\u00f4bec v\u0161imli.<\/p>\n\n\n\n<p class=\"wp-block-paragraph\">Expoz\u00edcie s\u00fa prekvapivo pestr\u00e9. Od archeol\u00f3gie cez stredovek\u00e9 umenie po n\u00e1rodopis. M\u0148a osobne v\u017edy bav\u00ed gotick\u00e9 lapid\u00e1rium, ale ak ide\u0161 s de\u0165mi, ocenia sk\u00f4r interakt\u00edvne \u010dasti. A ten samotn\u00fd priestor hradu je z\u00e1\u017eitok \u2013 kamenn\u00e9 s\u00e1ly, klenut\u00e9 stropy, chodby v opevnen\u00ed.<\/p>\n\n\n\n<p class=\"wp-block-paragraph\"><strong>Praktick\u00e9 info:<\/strong> Otv\u00e1racie hodiny <strong>marec\u2013september 9:00\u201318:00<\/strong>, <strong>okt\u00f3ber\u2013december 9:00\u201317:00<\/strong>. Vstupn\u00e9 <strong>dospel\u00ed 2,50 \u20ac (60 K\u010d)<\/strong>, <strong>deti 1,20 \u20ac (30 K\u010d)<\/strong>, <strong>rodinn\u00e9 vstupn\u00e9 6 \u20ac (150 K\u010d)<\/strong>. Za tie peniaze je to jeden z najlep\u0161\u00edch pomerov cena\/z\u00e1\u017eitok v meste.<\/p>\n\n\n\n<h3 class=\"wp-block-heading\"><span class=\"ez-toc-section\" id=\"4_Krizikova_mestska_elektraren\"><\/span>4. K\u0159i\u017e\u00edkova mestsk\u00e1 elektr\u00e1re\u0148<span class=\"ez-toc-section-end\"><\/span><\/h3>\n\n\n\n<figure data-wp-context=\"{&quot;imageId&quot;:&quot;6a9523939843d&quot;}\" data-wp-interactive=\"core\/image\" data-wp-key=\"6a9523939843d\" class=\"wp-block-image size-full wp-lightbox-container\"><img decoding=\"async\" width=\"2200\" height=\"1467\" data-wp-class--hide=\"state.isContentHidden\" data-wp-class--show=\"state.isContentVisible\" data-wp-init=\"callbacks.setButtonStyles\" data-wp-on--click=\"actions.showLightbox\" data-wp-on--load=\"callbacks.setButtonStyles\" data-wp-on--pointerdown=\"actions.preloadImage\" data-wp-on--pointerenter=\"actions.preloadImageWithDelay\" data-wp-on--pointerleave=\"actions.cancelPreload\" data-wp-on-window--resize=\"callbacks.setButtonStyles\" src=\"https:\/\/loudavymkrokem.cz\/wp-content\/uploads\/2026\/08\/pisek-krizikova-elektrarna.jpg\" alt=\"K\u0159i\u017e\u00edkova mestsk\u00e1 elektr\u00e1re\u0148 v P\u00edsku\" class=\"wp-image-399347\" title=\"\" srcset=\"https:\/\/loudavymkrokem.cz\/wp-content\/uploads\/2026\/08\/pisek-krizikova-elektrarna.jpg 2200w, https:\/\/loudavymkrokem.cz\/wp-content\/uploads\/2026\/08\/pisek-krizikova-elektrarna-300x200.jpg 300w, https:\/\/loudavymkrokem.cz\/wp-content\/uploads\/2026\/08\/pisek-krizikova-elektrarna-700x467.jpg 700w, https:\/\/loudavymkrokem.cz\/wp-content\/uploads\/2026\/08\/pisek-krizikova-elektrarna-768x512.jpg 768w, https:\/\/loudavymkrokem.cz\/wp-content\/uploads\/2026\/08\/pisek-krizikova-elektrarna-1536x1024.jpg 1536w, https:\/\/loudavymkrokem.cz\/wp-content\/uploads\/2026\/08\/pisek-krizikova-elektrarna-2048x1366.jpg 2048w, https:\/\/loudavymkrokem.cz\/wp-content\/uploads\/2026\/08\/pisek-krizikova-elektrarna-696x464.jpg 696w, https:\/\/loudavymkrokem.cz\/wp-content\/uploads\/2026\/08\/pisek-krizikova-elektrarna-1392x928.jpg 1392w, https:\/\/loudavymkrokem.cz\/wp-content\/uploads\/2026\/08\/pisek-krizikova-elektrarna-1920x1280.jpg 1920w\" sizes=\"(max-width: 2200px) 100vw, 2200px\" \/><button\n\t\t\tclass=\"lightbox-trigger\"\n\t\t\ttype=\"button\"\n\t\t\taria-haspopup=\"dialog\"\n\t\t\tdata-wp-bind--aria-label=\"state.thisImage.triggerButtonAriaLabel\"\n\t\t\tdata-wp-init=\"callbacks.initTriggerButton\"\n\t\t\tdata-wp-on--click=\"actions.showLightbox\"\n\t\t\tdata-wp-style--right=\"state.thisImage.buttonRight\"\n\t\t\tdata-wp-style--top=\"state.thisImage.buttonTop\"\n\t\t>\n\t\t\t<svg xmlns=\"http:\/\/www.w3.org\/2000\/svg\" width=\"12\" height=\"12\" fill=\"none\" viewBox=\"0 0 12 12\">\n\t\t\t\t<path fill=\"#fff\" d=\"M2 0a2 2 0 0 0-2 2v2h1.5V2a.5.5 0 0 1 .5-.5h2V0H2Zm2 10.5H2a.5.5 0 0 1-.5-.5V8H0v2a2 2 0 0 0 2 2h2v-1.5ZM8 12v-1.5h2a.5.5 0 0 0 .5-.5V8H12v2a2 2 0 0 1-2 2H8Zm2-12a2 2 0 0 1 2 2v2h-1.5V2a.5.5 0 0 0-.5-.5H8V0h2Z\" \/>\n\t\t\t<\/svg>\n\t\t<\/button><\/figure>\n\n\n\n<p class=\"wp-block-paragraph\">Tu \u0165a sklamem: <strong>elektr\u00e1re\u0148 je aktu\u00e1lne zatvoren\u00e1<\/strong> a pripravuje sa nov\u00e1 expoz\u00edcia. Tak\u017ee ak si ju mal v pl\u00e1ne ako hlavn\u00fd bod programu, bude\u0161 musie\u0165 po\u010dka\u0165. Ale spomen\u00fa\u0165 ju mus\u00edm, preto\u017ee jej pr\u00edbeh je \u00faplne z\u00e1sadn\u00fd pre pochopenie toho, pre\u010do je P\u00edsek tak\u00e9 v\u00fdnimo\u010dn\u00e9 mesto.<\/p>\n\n\n\n<p class=\"wp-block-paragraph\">V roku <strong>1887<\/strong> \u2013 teda rok pred pra\u017eskou \u017di\u017ekovskou elektr\u00e1r\u0148ou \u2013 sa v P\u00edsku rozsvietilo <strong>prv\u00e9 st\u00e1le verejn\u00e9 elektrick\u00e9 osvetlenie v \u010cech\u00e1ch<\/strong>. Franti\u0161ek K\u0159i\u017e\u00edk, \u010desk\u00fd Edison, si vybral pr\u00e1ve toto mal\u00e9 juho\u010desk\u00e9 meste\u010dko pre svoj priekopn\u00edcky experiment. Predstav si t\u00fa dobu: \u013eudia na n\u00e1mest\u00ed, ktor\u00ed cel\u00fd \u017eivot poznali len svie\u010dky a plynov\u00e9 lampy, a zrazu sa rozsvieti elektrick\u00e9 svetlo. P\u00edsek bol sk\u00f4r ne\u017e Praha. To je fakt, ktor\u00fd ma nikdy neomrz\u00ed.<\/p>\n\n\n\n<p class=\"wp-block-paragraph\">Dobr\u00e1 spr\u00e1va na z\u00e1ver: na jar 2026 sa do elektr\u00e1rne vr\u00e1tili zrenovovan\u00e9 Francisove turb\u00edny a pamiatka od m\u00e1ja zase vyr\u00e1ba elektrinu. Nov\u00e1 expoz\u00edcia na svoje otvorenie e\u0161te len \u010dak\u00e1, sleduj web mesta pre aktu\u00e1lne inform\u00e1cie.<\/p>\n\n\n\n<h3 class=\"wp-block-heading\"><span class=\"ez-toc-section\" id=\"5_Zemsky_zrebcinec\"><\/span>5. Zemsk\u00fd \u017ereb\u010dinec<span class=\"ez-toc-section-end\"><\/span><\/h3>\n\n\n\n<figure data-wp-context=\"{&quot;imageId&quot;:&quot;6a952393987e8&quot;}\" data-wp-interactive=\"core\/image\" data-wp-key=\"6a952393987e8\" class=\"wp-block-image size-full wp-lightbox-container\"><img decoding=\"async\" width=\"1600\" height=\"1018\" data-wp-class--hide=\"state.isContentHidden\" data-wp-class--show=\"state.isContentVisible\" data-wp-init=\"callbacks.setButtonStyles\" data-wp-on--click=\"actions.showLightbox\" data-wp-on--load=\"callbacks.setButtonStyles\" data-wp-on--pointerdown=\"actions.preloadImage\" data-wp-on--pointerenter=\"actions.preloadImageWithDelay\" data-wp-on--pointerleave=\"actions.cancelPreload\" data-wp-on-window--resize=\"callbacks.setButtonStyles\" src=\"https:\/\/loudavymkrokem.cz\/wp-content\/uploads\/2026\/08\/zemsky-hrebcinec-pisek-letecky.jpg\" alt=\"Leteck\u00fd poh\u013ead na are\u00e1l Zemsk\u00e9ho \u017ereb\u010dinca P\u00edsek\" class=\"wp-image-399598\" title=\"\" srcset=\"https:\/\/loudavymkrokem.cz\/wp-content\/uploads\/2026\/08\/zemsky-hrebcinec-pisek-letecky.jpg 1600w, https:\/\/loudavymkrokem.cz\/wp-content\/uploads\/2026\/08\/zemsky-hrebcinec-pisek-letecky-300x191.jpg 300w, https:\/\/loudavymkrokem.cz\/wp-content\/uploads\/2026\/08\/zemsky-hrebcinec-pisek-letecky-700x445.jpg 700w, https:\/\/loudavymkrokem.cz\/wp-content\/uploads\/2026\/08\/zemsky-hrebcinec-pisek-letecky-768x489.jpg 768w, https:\/\/loudavymkrokem.cz\/wp-content\/uploads\/2026\/08\/zemsky-hrebcinec-pisek-letecky-1536x977.jpg 1536w, https:\/\/loudavymkrokem.cz\/wp-content\/uploads\/2026\/08\/zemsky-hrebcinec-pisek-letecky-696x443.jpg 696w, https:\/\/loudavymkrokem.cz\/wp-content\/uploads\/2026\/08\/zemsky-hrebcinec-pisek-letecky-1392x886.jpg 1392w\" sizes=\"(max-width: 1600px) 100vw, 1600px\" \/><button\n\t\t\tclass=\"lightbox-trigger\"\n\t\t\ttype=\"button\"\n\t\t\taria-haspopup=\"dialog\"\n\t\t\tdata-wp-bind--aria-label=\"state.thisImage.triggerButtonAriaLabel\"\n\t\t\tdata-wp-init=\"callbacks.initTriggerButton\"\n\t\t\tdata-wp-on--click=\"actions.showLightbox\"\n\t\t\tdata-wp-style--right=\"state.thisImage.buttonRight\"\n\t\t\tdata-wp-style--top=\"state.thisImage.buttonTop\"\n\t\t>\n\t\t\t<svg xmlns=\"http:\/\/www.w3.org\/2000\/svg\" width=\"12\" height=\"12\" fill=\"none\" viewBox=\"0 0 12 12\">\n\t\t\t\t<path fill=\"#fff\" d=\"M2 0a2 2 0 0 0-2 2v2h1.5V2a.5.5 0 0 1 .5-.5h2V0H2Zm2 10.5H2a.5.5 0 0 1-.5-.5V8H0v2a2 2 0 0 0 2 2h2v-1.5ZM8 12v-1.5h2a.5.5 0 0 0 .5-.5V8H12v2a2 2 0 0 1-2 2H8Zm2-12a2 2 0 0 1 2 2v2h-1.5V2a.5.5 0 0 0-.5-.5H8V0h2Z\" \/>\n\t\t\t<\/svg>\n\t\t<\/button><\/figure>\n\n\n\n<p class=\"wp-block-paragraph\">Ak je v P\u00edsku jedno miesto, kam by som poslala \u00faplne ka\u017ed\u00fa n\u00e1v\u0161tevu, je to <strong>\u017ereb\u010dinec<\/strong>. Nielen kv\u00f4li ko\u0148om (aj ke\u010f tie s\u00fa n\u00e1dhern\u00e9), ale kv\u00f4li tomu are\u00e1lu samotn\u00e9mu. Stavba v <strong>tudorovskom slohu<\/strong>, \u00e1no, v P\u00edsku, v ju\u017en\u00fdch \u010cech\u00e1ch, vyzer\u00e1, akoby si sa preniesol niekam na anglick\u00fd vidiek. Je to <strong>n\u00e1rodn\u00e1 kult\u00farna pamiatka<\/strong> a jeden z najkraj\u0161\u00edch \u017ereb\u010dincov v celej Eur\u00f3pe.<\/p>\n\n\n\n<p class=\"wp-block-paragraph\">A teraz tak\u00e1 lah\u00f4dka pre milovn\u00edkov hist\u00f3rie: \u017erebec menom <strong>Ardo<\/strong>, ktor\u00fd tu \u017eil, pod\u013ea trad\u00edcie posl\u00fa\u017eil ako <strong>model pre sochu sv\u00e4t\u00e9ho V\u00e1clava<\/strong> na V\u00e1clavskom n\u00e1mest\u00ed v Prahe. Tak\u017ee v\u017edy, ke\u010f prejde\u0161 okolo tej sochy, <strong>vedz, \u017ee ten k\u00f4\u0148 je vlastne z P\u00edsku.<\/strong> \ud83d\ude04<\/p>\n\n\n\n<p class=\"wp-block-paragraph\"><strong>Prehliadky<\/strong> <strong>trvaj\u00fa<\/strong> <strong>1 a\u017e 1,5 hodiny<\/strong>, prevedie \u0165a sprievodca po stajniach, jazdiarni aj historick\u00fdch priestoroch. Vstupn\u00e9 <strong>6 \u20ac (150 K\u010d) dospel\u00ed<\/strong>, <strong>4 \u20ac (100 K\u010d) deti<\/strong>. A teraz d\u00f4le\u017eit\u00e9 varovanie, ktor\u00e9 ti u\u0161etr\u00ed probl\u00e9m pri pokladni: <strong>prij\u00edmaj\u00fa LEN HOTOVOS\u0164!<\/strong> \u017diadne karty, \u017eiadny mobil. Ber si drobn\u00e9.<\/p>\n\n\n\n<h3 class=\"wp-block-heading\"><span class=\"ez-toc-section\" id=\"6_Kostol_Narodenia_Panny_Marie\"><\/span>6. Kostol Narodenia Panny M\u00e1rie<span class=\"ez-toc-section-end\"><\/span><\/h3>\n\n\n\n<figure data-wp-context=\"{&quot;imageId&quot;:&quot;6a95239398c9e&quot;}\" data-wp-interactive=\"core\/image\" data-wp-key=\"6a95239398c9e\" class=\"wp-block-image size-full wp-lightbox-container\"><img decoding=\"async\" width=\"2200\" height=\"1467\" data-wp-class--hide=\"state.isContentHidden\" data-wp-class--show=\"state.isContentVisible\" data-wp-init=\"callbacks.setButtonStyles\" data-wp-on--click=\"actions.showLightbox\" data-wp-on--load=\"callbacks.setButtonStyles\" data-wp-on--pointerdown=\"actions.preloadImage\" data-wp-on--pointerenter=\"actions.preloadImageWithDelay\" data-wp-on--pointerleave=\"actions.cancelPreload\" data-wp-on-window--resize=\"callbacks.setButtonStyles\" src=\"https:\/\/loudavymkrokem.cz\/wp-content\/uploads\/2026\/08\/pisek-kostel-narozeni-panny-marie.jpg\" alt=\"Gotick\u00fd kostol Narodenia Panny M\u00e1rie v P\u00edsku\" class=\"wp-image-399350\" title=\"\" srcset=\"https:\/\/loudavymkrokem.cz\/wp-content\/uploads\/2026\/08\/pisek-kostel-narozeni-panny-marie.jpg 2200w, https:\/\/loudavymkrokem.cz\/wp-content\/uploads\/2026\/08\/pisek-kostel-narozeni-panny-marie-300x200.jpg 300w, https:\/\/loudavymkrokem.cz\/wp-content\/uploads\/2026\/08\/pisek-kostel-narozeni-panny-marie-700x467.jpg 700w, https:\/\/loudavymkrokem.cz\/wp-content\/uploads\/2026\/08\/pisek-kostel-narozeni-panny-marie-768x512.jpg 768w, https:\/\/loudavymkrokem.cz\/wp-content\/uploads\/2026\/08\/pisek-kostel-narozeni-panny-marie-1536x1024.jpg 1536w, https:\/\/loudavymkrokem.cz\/wp-content\/uploads\/2026\/08\/pisek-kostel-narozeni-panny-marie-2048x1366.jpg 2048w, https:\/\/loudavymkrokem.cz\/wp-content\/uploads\/2026\/08\/pisek-kostel-narozeni-panny-marie-696x464.jpg 696w, https:\/\/loudavymkrokem.cz\/wp-content\/uploads\/2026\/08\/pisek-kostel-narozeni-panny-marie-1392x928.jpg 1392w, https:\/\/loudavymkrokem.cz\/wp-content\/uploads\/2026\/08\/pisek-kostel-narozeni-panny-marie-1920x1280.jpg 1920w\" sizes=\"(max-width: 2200px) 100vw, 2200px\" \/><button\n\t\t\tclass=\"lightbox-trigger\"\n\t\t\ttype=\"button\"\n\t\t\taria-haspopup=\"dialog\"\n\t\t\tdata-wp-bind--aria-label=\"state.thisImage.triggerButtonAriaLabel\"\n\t\t\tdata-wp-init=\"callbacks.initTriggerButton\"\n\t\t\tdata-wp-on--click=\"actions.showLightbox\"\n\t\t\tdata-wp-style--right=\"state.thisImage.buttonRight\"\n\t\t\tdata-wp-style--top=\"state.thisImage.buttonTop\"\n\t\t>\n\t\t\t<svg xmlns=\"http:\/\/www.w3.org\/2000\/svg\" width=\"12\" height=\"12\" fill=\"none\" viewBox=\"0 0 12 12\">\n\t\t\t\t<path fill=\"#fff\" d=\"M2 0a2 2 0 0 0-2 2v2h1.5V2a.5.5 0 0 1 .5-.5h2V0H2Zm2 10.5H2a.5.5 0 0 1-.5-.5V8H0v2a2 2 0 0 0 2 2h2v-1.5ZM8 12v-1.5h2a.5.5 0 0 0 .5-.5V8H12v2a2 2 0 0 1-2 2H8Zm2-12a2 2 0 0 1 2 2v2h-1.5V2a.5.5 0 0 0-.5-.5H8V0h2Z\" \/>\n\t\t\t<\/svg>\n\t\t<\/button><\/figure>\n\n\n\n<p class=\"wp-block-paragraph\">Ve\u017ea tohto kostola je tak\u00e1 dominanta, ktor\u00fa z P\u00edsku uvid\u00ed\u0161 skoro odv\u0161adia\u013e \u2013 ve\u017ea meria cez 70 metrov a vyhliadkov\u00fd ochodza je vo <strong>42 metroch<\/strong>, kto sa neboj\u00ed, vy\u0161liape hore <strong>210 schodov<\/strong>. Poh\u013ead na mesto a okolie stoj\u00ed za t\u00fa zad\u00fdchanos\u0165, to ti garantujem. Ale \u00faplne najzauj\u00edmavej\u0161ia vec na tomto kostole s\u00fa <strong>hodiny na ve\u017ei<\/strong>. Pozorne sa na ne pozri, nie\u010do ti nebude sedie\u0165.<\/p>\n\n\n\n<p class=\"wp-block-paragraph\">Pr\u00edde\u0161 na to? <strong>Mal\u00e1 ru\u010di\u010dka ukazuje min\u00faty a ve\u013ek\u00e1 hodiny.<\/strong> Presne naopak, ne\u017e si zvyknut\u00fd. Nikto presne nevie pre\u010do, existuje nieko\u013eko te\u00f3ri\u00ed, ale v\u00fdsledok je ten, \u017ee skoro ka\u017ed\u00fd turista sa na tie hodiny pozer\u00e1 zm\u00e4tene a miestni sa pri tom potichu smej\u00fa. Miestni sa t\u00fdm bavia cel\u00e9 gener\u00e1cie. A \u010fal\u0161\u00ed mal\u00fd fun fact? Ke\u010f sa na hodiny pozrie\u0161 zo spr\u00e1vneho uhla, rozpozn\u00e1\u0161 v nich sovu.<\/p>\n\n\n\n<p class=\"wp-block-paragraph\"><strong>D\u00f4le\u017eit\u00e9:<\/strong> Na ve\u017eu sa dostane\u0161 <strong>len s predch\u00e1dzaj\u00facou rezerv\u00e1ciou<\/strong>, tak\u017ee si to napl\u00e1nuj dopredu. Inform\u00e1cie zo\u017eenie\u0161 v mestskom infocentre.<\/p>\n\n\n\n<h3 class=\"wp-block-heading\"><span class=\"ez-toc-section\" id=\"7_Velke_a_Alsovo_namestie_s_Kamenmi_zmiznutych\"><\/span>7. Ve\u013ek\u00e9 a Al\u0161ovo n\u00e1mestie s Kame\u0148mi zmiznut\u00fdch<span class=\"ez-toc-section-end\"><\/span><\/h3>\n\n\n\n<figure data-wp-context=\"{&quot;imageId&quot;:&quot;6a952393992fe&quot;}\" data-wp-interactive=\"core\/image\" data-wp-key=\"6a952393992fe\" class=\"wp-block-image size-full wp-lightbox-container\"><img decoding=\"async\" width=\"2200\" height=\"1467\" data-wp-class--hide=\"state.isContentHidden\" data-wp-class--show=\"state.isContentVisible\" data-wp-init=\"callbacks.setButtonStyles\" data-wp-on--click=\"actions.showLightbox\" data-wp-on--load=\"callbacks.setButtonStyles\" data-wp-on--pointerdown=\"actions.preloadImage\" data-wp-on--pointerenter=\"actions.preloadImageWithDelay\" data-wp-on--pointerleave=\"actions.cancelPreload\" data-wp-on-window--resize=\"callbacks.setButtonStyles\" src=\"https:\/\/loudavymkrokem.cz\/wp-content\/uploads\/2026\/08\/pisek-velke-namesti-vez-kostela.jpg\" alt=\"Ve\u013ek\u00e9 n\u00e1mestie v P\u00edsku s ve\u017eou kostola Narodenia Panny M\u00e1rie\" class=\"wp-image-399352\" title=\"\" srcset=\"https:\/\/loudavymkrokem.cz\/wp-content\/uploads\/2026\/08\/pisek-velke-namesti-vez-kostela.jpg 2200w, https:\/\/loudavymkrokem.cz\/wp-content\/uploads\/2026\/08\/pisek-velke-namesti-vez-kostela-300x200.jpg 300w, https:\/\/loudavymkrokem.cz\/wp-content\/uploads\/2026\/08\/pisek-velke-namesti-vez-kostela-700x467.jpg 700w, https:\/\/loudavymkrokem.cz\/wp-content\/uploads\/2026\/08\/pisek-velke-namesti-vez-kostela-768x512.jpg 768w, https:\/\/loudavymkrokem.cz\/wp-content\/uploads\/2026\/08\/pisek-velke-namesti-vez-kostela-1536x1024.jpg 1536w, https:\/\/loudavymkrokem.cz\/wp-content\/uploads\/2026\/08\/pisek-velke-namesti-vez-kostela-2048x1366.jpg 2048w, https:\/\/loudavymkrokem.cz\/wp-content\/uploads\/2026\/08\/pisek-velke-namesti-vez-kostela-696x464.jpg 696w, https:\/\/loudavymkrokem.cz\/wp-content\/uploads\/2026\/08\/pisek-velke-namesti-vez-kostela-1392x928.jpg 1392w, https:\/\/loudavymkrokem.cz\/wp-content\/uploads\/2026\/08\/pisek-velke-namesti-vez-kostela-1920x1280.jpg 1920w\" sizes=\"(max-width: 2200px) 100vw, 2200px\" \/><button\n\t\t\tclass=\"lightbox-trigger\"\n\t\t\ttype=\"button\"\n\t\t\taria-haspopup=\"dialog\"\n\t\t\tdata-wp-bind--aria-label=\"state.thisImage.triggerButtonAriaLabel\"\n\t\t\tdata-wp-init=\"callbacks.initTriggerButton\"\n\t\t\tdata-wp-on--click=\"actions.showLightbox\"\n\t\t\tdata-wp-style--right=\"state.thisImage.buttonRight\"\n\t\t\tdata-wp-style--top=\"state.thisImage.buttonTop\"\n\t\t>\n\t\t\t<svg xmlns=\"http:\/\/www.w3.org\/2000\/svg\" width=\"12\" height=\"12\" fill=\"none\" viewBox=\"0 0 12 12\">\n\t\t\t\t<path fill=\"#fff\" d=\"M2 0a2 2 0 0 0-2 2v2h1.5V2a.5.5 0 0 1 .5-.5h2V0H2Zm2 10.5H2a.5.5 0 0 1-.5-.5V8H0v2a2 2 0 0 0 2 2h2v-1.5ZM8 12v-1.5h2a.5.5 0 0 0 .5-.5V8H12v2a2 2 0 0 1-2 2H8Zm2-12a2 2 0 0 1 2 2v2h-1.5V2a.5.5 0 0 0-.5-.5H8V0h2Z\" \/>\n\t\t\t<\/svg>\n\t\t<\/button><\/figure>\n\n\n\n<p class=\"wp-block-paragraph\">Obe hlavn\u00e9 p\u00edseck\u00e9 n\u00e1mestia s\u00fa prepojen\u00e9 a tvoria tak\u00e9 srdce mesta: Ve\u013ek\u00e9 n\u00e1mestie je to reprezentat\u00edvne s radnicou a font\u00e1nou, Al\u0161ovo je pokojnej\u0161ie, s kni\u017enicou a stromami. Prech\u00e1dza\u0165 sa po nich je pr\u00edjemn\u00e9 kedyko\u013evek, ale chcela by som \u0165a upozorni\u0165 na jednu vec, ktor\u00fa \u013eahko prehliadne\u0161, ak o nej nevie\u0161.<\/p>\n\n\n\n<p class=\"wp-block-paragraph\">Na chodn\u00edkoch v centre P\u00edsku n\u00e1jde\u0161 <strong>Kamene zmiznut\u00fdch<\/strong>, takzvan\u00e9 <strong>Stolpersteine<\/strong>. S\u00fa to mal\u00e9 <strong>mosadzn\u00e9 do\u0161ti\u010dky<\/strong> zasaden\u00e9 do dla\u017eby, ka\u017ed\u00e1 s menom, d\u00e1tumom narodenia a osudom \u010dloveka, ktor\u00fd na tom mieste \u017eil a stal sa obe\u0165ou holokaustu. N\u00e1jde\u0161 ich v <strong>Heydukovej ulici, na \u017di\u017ekovej triede aj na Ve\u013ekom n\u00e1mest\u00ed<\/strong>.<\/p>\n\n\n\n<p class=\"wp-block-paragraph\">V\u017edy, ke\u010f okolo nich prejdem, na chv\u00ed\u013eu sa zastav\u00edm. N\u00fatia \u0165a uvedomi\u0165 si, \u017ee toto nie s\u00fa len men\u00e1 z u\u010debnice. Boli to susedia, obchodn\u00edci, \u013eudia, ktor\u00ed chodili po rovnak\u00fdch uliciach ako my dnes. Je to tich\u00e1, d\u00f4stojn\u00e1 pripomienka a mysl\u00edm, \u017ee by ju nemal prehliadnu\u0165 nikto, kto P\u00edsek nav\u0161t\u00edvi.<\/p>\n\n\n\n<h3 class=\"wp-block-heading\"><span class=\"ez-toc-section\" id=\"8_Marianske_morove_susosie_na_Alsovom_namesti\"><\/span>8. Mari\u00e1nske morov\u00e9 s\u00faso\u0161ie na Al\u0161ovom n\u00e1mest\u00ed<span class=\"ez-toc-section-end\"><\/span><\/h3>\n\n\n\n<figure data-wp-context=\"{&quot;imageId&quot;:&quot;6a95239399965&quot;}\" data-wp-interactive=\"core\/image\" data-wp-key=\"6a95239399965\" class=\"wp-block-image size-full wp-lightbox-container\"><img decoding=\"async\" width=\"2200\" height=\"1467\" data-wp-class--hide=\"state.isContentHidden\" data-wp-class--show=\"state.isContentVisible\" data-wp-init=\"callbacks.setButtonStyles\" data-wp-on--click=\"actions.showLightbox\" data-wp-on--load=\"callbacks.setButtonStyles\" data-wp-on--pointerdown=\"actions.preloadImage\" data-wp-on--pointerenter=\"actions.preloadImageWithDelay\" data-wp-on--pointerleave=\"actions.cancelPreload\" data-wp-on-window--resize=\"callbacks.setButtonStyles\" src=\"https:\/\/loudavymkrokem.cz\/wp-content\/uploads\/2026\/08\/pisek-marianske-sousosi-alsovo-namesti.jpg\" alt=\"Mari\u00e1nske morov\u00e9 s\u00faso\u0161ie na Al\u0161ovom n\u00e1mest\u00ed v P\u00edsku\" class=\"wp-image-399355\" title=\"\" srcset=\"https:\/\/loudavymkrokem.cz\/wp-content\/uploads\/2026\/08\/pisek-marianske-sousosi-alsovo-namesti.jpg 2200w, https:\/\/loudavymkrokem.cz\/wp-content\/uploads\/2026\/08\/pisek-marianske-sousosi-alsovo-namesti-300x200.jpg 300w, https:\/\/loudavymkrokem.cz\/wp-content\/uploads\/2026\/08\/pisek-marianske-sousosi-alsovo-namesti-700x467.jpg 700w, https:\/\/loudavymkrokem.cz\/wp-content\/uploads\/2026\/08\/pisek-marianske-sousosi-alsovo-namesti-768x512.jpg 768w, https:\/\/loudavymkrokem.cz\/wp-content\/uploads\/2026\/08\/pisek-marianske-sousosi-alsovo-namesti-1536x1024.jpg 1536w, https:\/\/loudavymkrokem.cz\/wp-content\/uploads\/2026\/08\/pisek-marianske-sousosi-alsovo-namesti-2048x1366.jpg 2048w, https:\/\/loudavymkrokem.cz\/wp-content\/uploads\/2026\/08\/pisek-marianske-sousosi-alsovo-namesti-696x464.jpg 696w, https:\/\/loudavymkrokem.cz\/wp-content\/uploads\/2026\/08\/pisek-marianske-sousosi-alsovo-namesti-1392x928.jpg 1392w, https:\/\/loudavymkrokem.cz\/wp-content\/uploads\/2026\/08\/pisek-marianske-sousosi-alsovo-namesti-1920x1280.jpg 1920w\" sizes=\"(max-width: 2200px) 100vw, 2200px\" \/><button\n\t\t\tclass=\"lightbox-trigger\"\n\t\t\ttype=\"button\"\n\t\t\taria-haspopup=\"dialog\"\n\t\t\tdata-wp-bind--aria-label=\"state.thisImage.triggerButtonAriaLabel\"\n\t\t\tdata-wp-init=\"callbacks.initTriggerButton\"\n\t\t\tdata-wp-on--click=\"actions.showLightbox\"\n\t\t\tdata-wp-style--right=\"state.thisImage.buttonRight\"\n\t\t\tdata-wp-style--top=\"state.thisImage.buttonTop\"\n\t\t>\n\t\t\t<svg xmlns=\"http:\/\/www.w3.org\/2000\/svg\" width=\"12\" height=\"12\" fill=\"none\" viewBox=\"0 0 12 12\">\n\t\t\t\t<path fill=\"#fff\" d=\"M2 0a2 2 0 0 0-2 2v2h1.5V2a.5.5 0 0 1 .5-.5h2V0H2Zm2 10.5H2a.5.5 0 0 1-.5-.5V8H0v2a2 2 0 0 0 2 2h2v-1.5ZM8 12v-1.5h2a.5.5 0 0 0 .5-.5V8H12v2a2 2 0 0 1-2 2H8Zm2-12a2 2 0 0 1 2 2v2h-1.5V2a.5.5 0 0 0-.5-.5H8V0h2Z\" \/>\n\t\t\t<\/svg>\n\t\t<\/button><\/figure>\n\n\n\n<p class=\"wp-block-paragraph\">Na Al\u0161ovom n\u00e1mest\u00ed stoj\u00ed <strong>barokov\u00fd morov\u00fd st\u013ap z rokov 1713\u20131714<\/strong>, ktor\u00fd dalo mesto postavi\u0165 ako po\u010fakovanie za odvr\u00e1tenie morovej rany. Na vrchole je <strong>Panna M\u00e1ria<\/strong>, pod \u0148ou <strong>10 sv\u00e4tcov<\/strong>: patr\u00f3ni proti moru, ochrancovia mesta. Autorom je soch\u00e1r <strong>Christian Widemann<\/strong> a cel\u00e1 t\u00e1 kompoz\u00edcia je prekvapivo dynamick\u00e1 a detailn\u00e1 na to, ak\u00e9 mal\u00e9 n\u00e1mestie to vlastne je.<\/p>\n\n\n\n<p class=\"wp-block-paragraph\">Ak m\u00e1\u0161 r\u00e1d barok, toto je jeden z kraj\u0161\u00edch morov\u00fdch st\u013apov v ju\u017en\u00fdch \u010cech\u00e1ch. A aj ke\u010f barok \u00faplne nemus\u00ed\u0161, aspo\u0148 sa pri \u0148om zastav \u2013 ten kontrast star\u00e9ho s\u00faso\u0161ia s kaviarni\u010dkami okolo m\u00e1 svoje \u010daro.<\/p>\n\n\n\n<h3 class=\"wp-block-heading\"><span class=\"ez-toc-section\" id=\"9_Kasarne\"><\/span>9. Kas\u00e1rne<span class=\"ez-toc-section-end\"><\/span><\/h3>\n\n\n\n<p class=\"wp-block-paragraph\">B\u00fdval\u00e9 <strong>\u017di\u017ekove kas\u00e1rne<\/strong> na \u017di\u017ekovej triede s\u00fa <strong>pamiatkovo chr\u00e1nen\u00e9<\/strong> a postupne sa premie\u0148aj\u00fa. Nebudem ti klama\u0165 \u2013 nie je to miesto, kam by si \u0161iel cielene na dve hodiny, ale ak p\u00f4jde\u0161 po \u017di\u017ekovej triede, v\u0161imni si tie mohutn\u00e9 budovy a predstav si, ko\u013eko vojakov tu za st\u00e1ro\u010dia pre\u0161lo. P\u00edsek mal odjak\u017eiva siln\u00fa vojensk\u00fa trad\u00edciu a tieto kas\u00e1rne s\u00fa jej hmotnou pripomienkou.<\/p>\n\n\n\n<h3 class=\"wp-block-heading\"><span class=\"ez-toc-section\" id=\"10_Mestska_radnica\"><\/span>10. Mestsk\u00e1 radnica<span class=\"ez-toc-section-end\"><\/span><\/h3>\n\n\n\n<figure data-wp-context=\"{&quot;imageId&quot;:&quot;6a9523939a09f&quot;}\" data-wp-interactive=\"core\/image\" data-wp-key=\"6a9523939a09f\" class=\"wp-block-image size-full wp-lightbox-container\"><img decoding=\"async\" width=\"2200\" height=\"1467\" data-wp-class--hide=\"state.isContentHidden\" data-wp-class--show=\"state.isContentVisible\" data-wp-init=\"callbacks.setButtonStyles\" data-wp-on--click=\"actions.showLightbox\" data-wp-on--load=\"callbacks.setButtonStyles\" data-wp-on--pointerdown=\"actions.preloadImage\" data-wp-on--pointerenter=\"actions.preloadImageWithDelay\" data-wp-on--pointerleave=\"actions.cancelPreload\" data-wp-on-window--resize=\"callbacks.setButtonStyles\" src=\"https:\/\/loudavymkrokem.cz\/wp-content\/uploads\/2026\/08\/pisek-radnice-veze.jpg\" alt=\"Barokov\u00e1 radnica s dvoma ve\u017eami na Ve\u013ekom n\u00e1mest\u00ed v P\u00edsku\" class=\"wp-image-399357\" title=\"\" srcset=\"https:\/\/loudavymkrokem.cz\/wp-content\/uploads\/2026\/08\/pisek-radnice-veze.jpg 2200w, https:\/\/loudavymkrokem.cz\/wp-content\/uploads\/2026\/08\/pisek-radnice-veze-300x200.jpg 300w, https:\/\/loudavymkrokem.cz\/wp-content\/uploads\/2026\/08\/pisek-radnice-veze-700x467.jpg 700w, https:\/\/loudavymkrokem.cz\/wp-content\/uploads\/2026\/08\/pisek-radnice-veze-768x512.jpg 768w, https:\/\/loudavymkrokem.cz\/wp-content\/uploads\/2026\/08\/pisek-radnice-veze-1536x1024.jpg 1536w, https:\/\/loudavymkrokem.cz\/wp-content\/uploads\/2026\/08\/pisek-radnice-veze-2048x1366.jpg 2048w, https:\/\/loudavymkrokem.cz\/wp-content\/uploads\/2026\/08\/pisek-radnice-veze-696x464.jpg 696w, https:\/\/loudavymkrokem.cz\/wp-content\/uploads\/2026\/08\/pisek-radnice-veze-1392x928.jpg 1392w, https:\/\/loudavymkrokem.cz\/wp-content\/uploads\/2026\/08\/pisek-radnice-veze-1920x1280.jpg 1920w\" sizes=\"(max-width: 2200px) 100vw, 2200px\" \/><button\n\t\t\tclass=\"lightbox-trigger\"\n\t\t\ttype=\"button\"\n\t\t\taria-haspopup=\"dialog\"\n\t\t\tdata-wp-bind--aria-label=\"state.thisImage.triggerButtonAriaLabel\"\n\t\t\tdata-wp-init=\"callbacks.initTriggerButton\"\n\t\t\tdata-wp-on--click=\"actions.showLightbox\"\n\t\t\tdata-wp-style--right=\"state.thisImage.buttonRight\"\n\t\t\tdata-wp-style--top=\"state.thisImage.buttonTop\"\n\t\t>\n\t\t\t<svg xmlns=\"http:\/\/www.w3.org\/2000\/svg\" width=\"12\" height=\"12\" fill=\"none\" viewBox=\"0 0 12 12\">\n\t\t\t\t<path fill=\"#fff\" d=\"M2 0a2 2 0 0 0-2 2v2h1.5V2a.5.5 0 0 1 .5-.5h2V0H2Zm2 10.5H2a.5.5 0 0 1-.5-.5V8H0v2a2 2 0 0 0 2 2h2v-1.5ZM8 12v-1.5h2a.5.5 0 0 0 .5-.5V8H12v2a2 2 0 0 1-2 2H8Zm2-12a2 2 0 0 1 2 2v2h-1.5V2a.5.5 0 0 0-.5-.5H8V0h2Z\" \/>\n\t\t\t<\/svg>\n\t\t<\/button><\/figure>\n\n\n\n<p class=\"wp-block-paragraph\"><strong>Barokov\u00e1 radnica<\/strong> na Ve\u013ekom n\u00e1mest\u00ed vznikala v rokoch <strong>1740\u20131767<\/strong> a jej <strong>ve\u017ea s cibu\u013eovitou b\u00e1niou<\/strong> patr\u00ed k najfotogenickej\u0161\u00edm siluet\u00e1m v meste. Z ve\u017ee sa ob\u010das spr\u00edstup\u0148uje <strong>vyhliadka<\/strong>, odkia\u013e je kr\u00e1sny poh\u013ead na n\u00e1mestie, strechy mesta a za jasn\u00e9ho d\u0148a aj na \u0161umavsk\u00e9 kopce v dia\u013eke.<\/p>\n\n\n\n<p class=\"wp-block-paragraph\">Radnica ako tak\u00e1 je st\u00e1le funk\u010dn\u00e1, s\u00eddli tu mestsk\u00fd \u00farad, tak\u017ee dovn\u00fatra sa len tak nepozrie\u0161, ale exteri\u00e9r je n\u00e1dhern\u00fd. Ten tepl\u00fd \u017elt\u00fd odtie\u0148 fas\u00e1dy, barokov\u00e9 \u0161t\u00edty, ve\u017eov\u00e9 hodiny&#8230; Kedyko\u013evek prech\u00e1dzam n\u00e1mest\u00edm, automaticky sa na \u0148u pozriem.<\/p>\n\n\n\n<h3 class=\"wp-block-heading\"><span class=\"ez-toc-section\" id=\"11_Kostol_Povysenia_svateho_Kriza\"><\/span>11. Kostol Pov\u00fd\u0161enia sv\u00e4t\u00e9ho Kr\u00ed\u017ea<span class=\"ez-toc-section-end\"><\/span><\/h3>\n\n\n\n<figure data-wp-context=\"{&quot;imageId&quot;:&quot;6a9523939a647&quot;}\" data-wp-interactive=\"core\/image\" data-wp-key=\"6a9523939a647\" class=\"wp-block-image size-full wp-lightbox-container\"><img decoding=\"async\" width=\"2200\" height=\"1467\" data-wp-class--hide=\"state.isContentHidden\" data-wp-class--show=\"state.isContentVisible\" data-wp-init=\"callbacks.setButtonStyles\" data-wp-on--click=\"actions.showLightbox\" data-wp-on--load=\"callbacks.setButtonStyles\" data-wp-on--pointerdown=\"actions.preloadImage\" data-wp-on--pointerenter=\"actions.preloadImageWithDelay\" data-wp-on--pointerleave=\"actions.cancelPreload\" data-wp-on-window--resize=\"callbacks.setButtonStyles\" src=\"https:\/\/loudavymkrokem.cz\/wp-content\/uploads\/2026\/08\/pisek-kostel-povyseni-sv-krize.jpg\" alt=\"Kostol Pov\u00fd\u0161enia sv\u00e4t\u00e9ho Kr\u00ed\u017ea v P\u00edsku so sgrafitovou fas\u00e1dou\" class=\"wp-image-399359\" title=\"\" srcset=\"https:\/\/loudavymkrokem.cz\/wp-content\/uploads\/2026\/08\/pisek-kostel-povyseni-sv-krize.jpg 2200w, https:\/\/loudavymkrokem.cz\/wp-content\/uploads\/2026\/08\/pisek-kostel-povyseni-sv-krize-300x200.jpg 300w, https:\/\/loudavymkrokem.cz\/wp-content\/uploads\/2026\/08\/pisek-kostel-povyseni-sv-krize-700x467.jpg 700w, https:\/\/loudavymkrokem.cz\/wp-content\/uploads\/2026\/08\/pisek-kostel-povyseni-sv-krize-768x512.jpg 768w, https:\/\/loudavymkrokem.cz\/wp-content\/uploads\/2026\/08\/pisek-kostel-povyseni-sv-krize-1536x1024.jpg 1536w, https:\/\/loudavymkrokem.cz\/wp-content\/uploads\/2026\/08\/pisek-kostel-povyseni-sv-krize-2048x1366.jpg 2048w, https:\/\/loudavymkrokem.cz\/wp-content\/uploads\/2026\/08\/pisek-kostel-povyseni-sv-krize-696x464.jpg 696w, https:\/\/loudavymkrokem.cz\/wp-content\/uploads\/2026\/08\/pisek-kostel-povyseni-sv-krize-1392x928.jpg 1392w, https:\/\/loudavymkrokem.cz\/wp-content\/uploads\/2026\/08\/pisek-kostel-povyseni-sv-krize-1920x1280.jpg 1920w\" sizes=\"(max-width: 2200px) 100vw, 2200px\" \/><button\n\t\t\tclass=\"lightbox-trigger\"\n\t\t\ttype=\"button\"\n\t\t\taria-haspopup=\"dialog\"\n\t\t\tdata-wp-bind--aria-label=\"state.thisImage.triggerButtonAriaLabel\"\n\t\t\tdata-wp-init=\"callbacks.initTriggerButton\"\n\t\t\tdata-wp-on--click=\"actions.showLightbox\"\n\t\t\tdata-wp-style--right=\"state.thisImage.buttonRight\"\n\t\t\tdata-wp-style--top=\"state.thisImage.buttonTop\"\n\t\t>\n\t\t\t<svg xmlns=\"http:\/\/www.w3.org\/2000\/svg\" width=\"12\" height=\"12\" fill=\"none\" viewBox=\"0 0 12 12\">\n\t\t\t\t<path fill=\"#fff\" d=\"M2 0a2 2 0 0 0-2 2v2h1.5V2a.5.5 0 0 1 .5-.5h2V0H2Zm2 10.5H2a.5.5 0 0 1-.5-.5V8H0v2a2 2 0 0 0 2 2h2v-1.5ZM8 12v-1.5h2a.5.5 0 0 0 .5-.5V8H12v2a2 2 0 0 1-2 2H8Zm2-12a2 2 0 0 1 2 2v2h-1.5V2a.5.5 0 0 0-.5-.5H8V0h2Z\" \/>\n\t\t\t<\/svg>\n\t\t<\/button><\/figure>\n\n\n\n<p class=\"wp-block-paragraph\">\u010eal\u0161\u00ed kostol, ktor\u00fd v P\u00edsku zalo\u017eil <strong>P\u0159emysl Otakar II.<\/strong> v <strong>13. storo\u010d\u00ed<\/strong> \u2013 tento kr\u00e1\u013e tu evidentne mal stavebn\u00fa hor\u00fa\u010dku. Kostol ma fascinuje z dvoch d\u00f4vodov. Po prv\u00e9, m\u00e1 kr\u00e1sne <strong>renesan\u010dn\u00e9 sgrafito<\/strong> na fas\u00e1de, ktor\u00e9 je na juho\u010desk\u00fd kostol nezvy\u010dajne bohat\u00e9 a prepracovan\u00e9. Po druh\u00e9, a to je vec, \u010do ocenia hlavne \u013eudia, \u010do sa zauj\u00edmaj\u00fa o sakr\u00e1lnu architekt\u00faru \u2013 m\u00e1 <strong>obr\u00e1ten\u00fa orient\u00e1ciu<\/strong>, olt\u00e1r mieri na z\u00e1pad. Vznikol toti\u017e z kl\u00e1\u0161torn\u00e9ho kostola dominik\u00e1nov a dne\u0161n\u00fa podobu dostal pri prestavbe v 17. storo\u010d\u00ed, milovn\u00edkov sakr\u00e1lnej architekt\u00fary to spo\u013eahlivo zm\u00e4tie.<\/p>\n\n\n\n<p class=\"wp-block-paragraph\">Zvonku vyzer\u00e1 trochu nen\u00e1padne, tak\u017ee ho ve\u013ea \u013eud\u00ed minie. Neurob t\u00fa ist\u00fa chybu.<\/p>\n\n\n\n<h3 class=\"wp-block-heading\"><span class=\"ez-toc-section\" id=\"12_Masove_kramy\"><\/span>12. M\u00e4sov\u00e9 kr\u00e1my<span class=\"ez-toc-section-end\"><\/span><\/h3>\n\n\n\n<p class=\"wp-block-paragraph\">M\u00e4sov\u00e9 kr\u00e1my funguj\u00fa v P\u00edsku <strong>u\u017e od stredoveku<\/strong>. Je to <strong>zastre\u0161en\u00e1 uli\u010dka<\/strong> v ju\u017enom \u010dele Ve\u013ek\u00e9ho n\u00e1mestia a po oboch stran\u00e1ch s\u00fa mal\u00e9 <strong>obchod\u00edky<\/strong> (dnes ich je cez 20), kde sa pred\u00e1va od keramiky cez \u0161perky po lok\u00e1lne potraviny.<\/p>\n\n\n\n<p class=\"wp-block-paragraph\">Na mal\u00e9 deti m\u00f4\u017ee t\u00e1 uli\u010dka p\u00f4sobi\u0165 trochu tmavo a tajomne, ale pr\u00e1ve v tom je jej \u010daro. T\u00e1 \u00fazka uli\u010dka m\u00e1 atmosf\u00e9ru, ktor\u00fa umelo kop\u00edruj\u00fa n\u00e1kupn\u00e9 centr\u00e1 po celom svete a tu je origin\u00e1l so stredovek\u00fdmi kore\u0148mi. Je to navy\u0161e skvel\u00e1 skratka z n\u00e1mestia do Ningrovej ulice.<\/p>\n\n\n\n<h3 class=\"wp-block-heading\"><span class=\"ez-toc-section\" id=\"13_Mestska_kniznica_a_kaviaren_Upekla\"><\/span>13. Mestsk\u00e1 kni\u017enica a kaviare\u0148 Upekla<span class=\"ez-toc-section-end\"><\/span><\/h3>\n\n\n\n<figure data-wp-context=\"{&quot;imageId&quot;:&quot;6a9523939adb8&quot;}\" data-wp-interactive=\"core\/image\" data-wp-key=\"6a9523939adb8\" class=\"wp-block-image size-full wp-lightbox-container\"><img decoding=\"async\" width=\"2200\" height=\"1650\" data-wp-class--hide=\"state.isContentHidden\" data-wp-class--show=\"state.isContentVisible\" data-wp-init=\"callbacks.setButtonStyles\" data-wp-on--click=\"actions.showLightbox\" data-wp-on--load=\"callbacks.setButtonStyles\" data-wp-on--pointerdown=\"actions.preloadImage\" data-wp-on--pointerenter=\"actions.preloadImageWithDelay\" data-wp-on--pointerleave=\"actions.cancelPreload\" data-wp-on-window--resize=\"callbacks.setButtonStyles\" src=\"https:\/\/loudavymkrokem.cz\/wp-content\/uploads\/2026\/08\/pisek-knihovna-vnitroblok-piskoviste-upekla.jpg\" alt=\"Vn\u00fatroblok Mestskej kni\u017enice P\u00edsek s pieskoviskom pri kaviarni Upekla\" class=\"wp-image-399544\" title=\"\" srcset=\"https:\/\/loudavymkrokem.cz\/wp-content\/uploads\/2026\/08\/pisek-knihovna-vnitroblok-piskoviste-upekla.jpg 2200w, https:\/\/loudavymkrokem.cz\/wp-content\/uploads\/2026\/08\/pisek-knihovna-vnitroblok-piskoviste-upekla-300x225.jpg 300w, https:\/\/loudavymkrokem.cz\/wp-content\/uploads\/2026\/08\/pisek-knihovna-vnitroblok-piskoviste-upekla-700x525.jpg 700w, https:\/\/loudavymkrokem.cz\/wp-content\/uploads\/2026\/08\/pisek-knihovna-vnitroblok-piskoviste-upekla-768x576.jpg 768w, https:\/\/loudavymkrokem.cz\/wp-content\/uploads\/2026\/08\/pisek-knihovna-vnitroblok-piskoviste-upekla-1536x1152.jpg 1536w, https:\/\/loudavymkrokem.cz\/wp-content\/uploads\/2026\/08\/pisek-knihovna-vnitroblok-piskoviste-upekla-2048x1536.jpg 2048w, https:\/\/loudavymkrokem.cz\/wp-content\/uploads\/2026\/08\/pisek-knihovna-vnitroblok-piskoviste-upekla-80x60.jpg 80w, https:\/\/loudavymkrokem.cz\/wp-content\/uploads\/2026\/08\/pisek-knihovna-vnitroblok-piskoviste-upekla-160x120.jpg 160w, https:\/\/loudavymkrokem.cz\/wp-content\/uploads\/2026\/08\/pisek-knihovna-vnitroblok-piskoviste-upekla-696x522.jpg 696w, https:\/\/loudavymkrokem.cz\/wp-content\/uploads\/2026\/08\/pisek-knihovna-vnitroblok-piskoviste-upekla-1392x1044.jpg 1392w, https:\/\/loudavymkrokem.cz\/wp-content\/uploads\/2026\/08\/pisek-knihovna-vnitroblok-piskoviste-upekla-1920x1440.jpg 1920w\" sizes=\"(max-width: 2200px) 100vw, 2200px\" \/><button\n\t\t\tclass=\"lightbox-trigger\"\n\t\t\ttype=\"button\"\n\t\t\taria-haspopup=\"dialog\"\n\t\t\tdata-wp-bind--aria-label=\"state.thisImage.triggerButtonAriaLabel\"\n\t\t\tdata-wp-init=\"callbacks.initTriggerButton\"\n\t\t\tdata-wp-on--click=\"actions.showLightbox\"\n\t\t\tdata-wp-style--right=\"state.thisImage.buttonRight\"\n\t\t\tdata-wp-style--top=\"state.thisImage.buttonTop\"\n\t\t>\n\t\t\t<svg xmlns=\"http:\/\/www.w3.org\/2000\/svg\" width=\"12\" height=\"12\" fill=\"none\" viewBox=\"0 0 12 12\">\n\t\t\t\t<path fill=\"#fff\" d=\"M2 0a2 2 0 0 0-2 2v2h1.5V2a.5.5 0 0 1 .5-.5h2V0H2Zm2 10.5H2a.5.5 0 0 1-.5-.5V8H0v2a2 2 0 0 0 2 2h2v-1.5ZM8 12v-1.5h2a.5.5 0 0 0 .5-.5V8H12v2a2 2 0 0 1-2 2H8Zm2-12a2 2 0 0 1 2 2v2h-1.5V2a.5.5 0 0 0-.5-.5H8V0h2Z\" \/>\n\t\t\t<\/svg>\n\t\t<\/button><\/figure>\n\n\n\n<figure data-wp-context=\"{&quot;imageId&quot;:&quot;6a9523939b1da&quot;}\" data-wp-interactive=\"core\/image\" data-wp-key=\"6a9523939b1da\" class=\"wp-block-image size-full wp-lightbox-container\"><img decoding=\"async\" width=\"2200\" height=\"1467\" data-wp-class--hide=\"state.isContentHidden\" data-wp-class--show=\"state.isContentVisible\" data-wp-init=\"callbacks.setButtonStyles\" data-wp-on--click=\"actions.showLightbox\" data-wp-on--load=\"callbacks.setButtonStyles\" data-wp-on--pointerdown=\"actions.preloadImage\" data-wp-on--pointerenter=\"actions.preloadImageWithDelay\" data-wp-on--pointerleave=\"actions.cancelPreload\" data-wp-on-window--resize=\"callbacks.setButtonStyles\" src=\"https:\/\/loudavymkrokem.cz\/wp-content\/uploads\/2026\/08\/pisek-mestska-knihovna.jpg\" alt=\"Budova Mestskej kni\u017enice P\u00edsek na Al\u0161ovom n\u00e1mest\u00ed\" class=\"wp-image-399360\" title=\"\" srcset=\"https:\/\/loudavymkrokem.cz\/wp-content\/uploads\/2026\/08\/pisek-mestska-knihovna.jpg 2200w, https:\/\/loudavymkrokem.cz\/wp-content\/uploads\/2026\/08\/pisek-mestska-knihovna-300x200.jpg 300w, https:\/\/loudavymkrokem.cz\/wp-content\/uploads\/2026\/08\/pisek-mestska-knihovna-700x467.jpg 700w, https:\/\/loudavymkrokem.cz\/wp-content\/uploads\/2026\/08\/pisek-mestska-knihovna-768x512.jpg 768w, https:\/\/loudavymkrokem.cz\/wp-content\/uploads\/2026\/08\/pisek-mestska-knihovna-1536x1024.jpg 1536w, https:\/\/loudavymkrokem.cz\/wp-content\/uploads\/2026\/08\/pisek-mestska-knihovna-2048x1366.jpg 2048w, https:\/\/loudavymkrokem.cz\/wp-content\/uploads\/2026\/08\/pisek-mestska-knihovna-696x464.jpg 696w, https:\/\/loudavymkrokem.cz\/wp-content\/uploads\/2026\/08\/pisek-mestska-knihovna-1392x928.jpg 1392w, https:\/\/loudavymkrokem.cz\/wp-content\/uploads\/2026\/08\/pisek-mestska-knihovna-1920x1280.jpg 1920w\" sizes=\"(max-width: 2200px) 100vw, 2200px\" \/><button\n\t\t\tclass=\"lightbox-trigger\"\n\t\t\ttype=\"button\"\n\t\t\taria-haspopup=\"dialog\"\n\t\t\tdata-wp-bind--aria-label=\"state.thisImage.triggerButtonAriaLabel\"\n\t\t\tdata-wp-init=\"callbacks.initTriggerButton\"\n\t\t\tdata-wp-on--click=\"actions.showLightbox\"\n\t\t\tdata-wp-style--right=\"state.thisImage.buttonRight\"\n\t\t\tdata-wp-style--top=\"state.thisImage.buttonTop\"\n\t\t>\n\t\t\t<svg xmlns=\"http:\/\/www.w3.org\/2000\/svg\" width=\"12\" height=\"12\" fill=\"none\" viewBox=\"0 0 12 12\">\n\t\t\t\t<path fill=\"#fff\" d=\"M2 0a2 2 0 0 0-2 2v2h1.5V2a.5.5 0 0 1 .5-.5h2V0H2Zm2 10.5H2a.5.5 0 0 1-.5-.5V8H0v2a2 2 0 0 0 2 2h2v-1.5ZM8 12v-1.5h2a.5.5 0 0 0 .5-.5V8H12v2a2 2 0 0 1-2 2H8Zm2-12a2 2 0 0 1 2 2v2h-1.5V2a.5.5 0 0 0-.5-.5H8V0h2Z\" \/>\n\t\t\t<\/svg>\n\t\t<\/button><\/figure>\n\n\n\n<p class=\"wp-block-paragraph\"><strong>Emp\u00edrov\u00e1 budova<\/strong> na Al\u0161ovom n\u00e1mest\u00ed, v ktorej s\u00eddli mestsk\u00e1 kni\u017enica, je sama o sebe architektonick\u00fd k\u00fasok. Predt\u00fdm tu b\u00fdvala \u0161kola J. A. Komensk\u00e9ho. Pamiatkari tu pri rekon\u0161trukcii dokonca objavili a zachr\u00e1nili cenn\u00e9 ma\u013eby z 19. storo\u010dia. Dnes je to architektonicky vydaren\u00fd, svetl\u00fd a modern\u00fd verejn\u00fd priestor s relaxa\u010dnou komunitnou z\u00e1hradou.<\/p>\n\n\n\n<p class=\"wp-block-paragraph\">Ale hlavne v pr\u00edzem\u00ed kni\u017enice funguje <strong>kaviare\u0148 Upekla<\/strong> s dom\u00e1cim pe\u010divom, kol\u00e1\u010dmi a tortami (maj\u00fa aj bezlepkov\u00e9 dezerty) a s terasou pri font\u00e1ne. K Upekla patr\u00ed aj n\u00e1dvorie vo vn\u00fatrobloku a v \u0148om <strong>pieskovisko a dos\u0165 ve\u013ek\u00fd priestor<\/strong>, kde sa deti vy\u0161antia, zatia\u013e \u010do ty dop\u00edja\u0161 k\u00e1vu. T\u00e1 kombin\u00e1cia, kaviare\u0148 v historickej budove kni\u017enice na n\u00e1mest\u00ed, je proste fajn. Ide\u00e1lne miesto na pauzu medzi prezeran\u00edm mesta.<\/p>\n\n\n\n<h3 class=\"wp-block-heading\"><span class=\"ez-toc-section\" id=\"14_Budova_policajnej_stanice_byvala_kniznica\"><\/span>14. Budova policajnej stanice (b\u00fdval\u00e1 kni\u017enica)<span class=\"ez-toc-section-end\"><\/span><\/h3>\n\n\n\n<p class=\"wp-block-paragraph\">Budovy v historickom jadre P\u00edsku \u017eij\u00fa vlastn\u00fdm \u017eivotom a menia svoje \u00fa\u010dely, a tento <strong>obrovsk\u00fd dom na Al\u0161ovom n\u00e1mest\u00ed \u010d. 85<\/strong> je toho \u017eiariv\u00fdm pr\u00edkladom. Predt\u00fdm by si sem mieril za tichom a po\u017ei\u010diavan\u00edm kn\u00edh, preto\u017ee tu dlh\u00e9 desa\u0165ro\u010dia s\u00eddlila popul\u00e1rna Mestsk\u00e1 (predt\u00fdm okresn\u00e1) kni\u017enica. Potom, \u010do sa kni\u017enica pres\u0165ahovala do nov\u00fdch a modernej\u0161\u00edch priestorov zrekon\u0161truovanej \u0161koly J. A. Komensk\u00e9ho, budova nezostala pr\u00e1zdna. V s\u00fa\u010dasnosti sa postupne adaptuje do \u00falohy nov\u00e9ho \u00fastredia a modernej slu\u017eobne Mestskej pol\u00edcie P\u00edsek.<\/p>\n\n\n\n<h3 class=\"wp-block-heading\"><span class=\"ez-toc-section\" id=\"15_Socha_svateho_Floriana\"><\/span>15. Socha sv\u00e4t\u00e9ho Flori\u00e1na<span class=\"ez-toc-section-end\"><\/span><\/h3>\n\n\n\n<p class=\"wp-block-paragraph\">Na <strong>Havl\u00ed\u010dkovom n\u00e1mest\u00ed<\/strong>, ktor\u00e9mu v\u0161etci miestni hovoria proste <strong>\u201ena Flori\u00e1n\u011b\u201c<\/strong>, stoj\u00ed socha <strong>sv\u00e4t\u00e9ho Flori\u00e1na<\/strong>, patr\u00f3na hasi\u010dov. To n\u00e1mest\u00ed\u010dko je tak\u00e9 men\u0161ie, pokojnej\u0161ie a trochu bokom. Navy\u0161e tu n\u00e1jde\u0161 skvel\u00e9 sek\u00e1\u010de.<\/p>\n\n\n\n<h3 class=\"wp-block-heading\"><span class=\"ez-toc-section\" id=\"16_Palackeho_sady\"><\/span>16. Palack\u00e9ho sady<span class=\"ez-toc-section-end\"><\/span><\/h3>\n\n\n\n<figure data-wp-context=\"{&quot;imageId&quot;:&quot;6a9523939b981&quot;}\" data-wp-interactive=\"core\/image\" data-wp-key=\"6a9523939b981\" class=\"wp-block-image size-full wp-lightbox-container\"><img decoding=\"async\" width=\"1200\" height=\"800\" data-wp-class--hide=\"state.isContentHidden\" data-wp-class--show=\"state.isContentVisible\" data-wp-init=\"callbacks.setButtonStyles\" data-wp-on--click=\"actions.showLightbox\" data-wp-on--load=\"callbacks.setButtonStyles\" data-wp-on--pointerdown=\"actions.preloadImage\" data-wp-on--pointerenter=\"actions.preloadImageWithDelay\" data-wp-on--pointerleave=\"actions.cancelPreload\" data-wp-on-window--resize=\"callbacks.setButtonStyles\" src=\"https:\/\/loudavymkrokem.cz\/wp-content\/uploads\/2026\/08\/palackeho-sady-pisek-jaro.jpg\" alt=\"Palack\u00e9ho sady v P\u00edsku na jar s pomn\u00edkom Franti\u0161ka Palack\u00e9ho\" class=\"wp-image-399648\" title=\"\" srcset=\"https:\/\/loudavymkrokem.cz\/wp-content\/uploads\/2026\/08\/palackeho-sady-pisek-jaro.jpg 1200w, https:\/\/loudavymkrokem.cz\/wp-content\/uploads\/2026\/08\/palackeho-sady-pisek-jaro-300x200.jpg 300w, https:\/\/loudavymkrokem.cz\/wp-content\/uploads\/2026\/08\/palackeho-sady-pisek-jaro-700x467.jpg 700w, https:\/\/loudavymkrokem.cz\/wp-content\/uploads\/2026\/08\/palackeho-sady-pisek-jaro-768x512.jpg 768w, https:\/\/loudavymkrokem.cz\/wp-content\/uploads\/2026\/08\/palackeho-sady-pisek-jaro-696x464.jpg 696w\" sizes=\"(max-width: 1200px) 100vw, 1200px\" \/><button\n\t\t\tclass=\"lightbox-trigger\"\n\t\t\ttype=\"button\"\n\t\t\taria-haspopup=\"dialog\"\n\t\t\tdata-wp-bind--aria-label=\"state.thisImage.triggerButtonAriaLabel\"\n\t\t\tdata-wp-init=\"callbacks.initTriggerButton\"\n\t\t\tdata-wp-on--click=\"actions.showLightbox\"\n\t\t\tdata-wp-style--right=\"state.thisImage.buttonRight\"\n\t\t\tdata-wp-style--top=\"state.thisImage.buttonTop\"\n\t\t>\n\t\t\t<svg xmlns=\"http:\/\/www.w3.org\/2000\/svg\" width=\"12\" height=\"12\" fill=\"none\" viewBox=\"0 0 12 12\">\n\t\t\t\t<path fill=\"#fff\" d=\"M2 0a2 2 0 0 0-2 2v2h1.5V2a.5.5 0 0 1 .5-.5h2V0H2Zm2 10.5H2a.5.5 0 0 1-.5-.5V8H0v2a2 2 0 0 0 2 2h2v-1.5ZM8 12v-1.5h2a.5.5 0 0 0 .5-.5V8H12v2a2 2 0 0 1-2 2H8Zm2-12a2 2 0 0 1 2 2v2h-1.5V2a.5.5 0 0 0-.5-.5H8V0h2Z\" \/>\n\t\t\t<\/svg>\n\t\t<\/button><\/figure>\n\n\n\n<p class=\"wp-block-paragraph\">Palack\u00e9ho sady vznikli na mieste <strong>b\u00fdval\u00fdch hradbov\u00fdch priekop<\/strong> a dnes je to jedno z najpr\u00edjemnej\u0161\u00edch miest v celom P\u00edsku. Tienist\u00e9 stromy, upraven\u00e9 chodn\u00ed\u010dky, lavi\u010dky s v\u00fdh\u013eadom, a hlavne \u2013 s\u00eddlia tu dve fantastick\u00e9 kaviarne.<\/p>\n\n\n\n<p class=\"wp-block-paragraph\"><strong>Podnik Do Nebe<\/strong> je presne tak\u00fd pekn\u00fd, ako ten n\u00e1zov napoved\u00e1, aj ke\u010f z kaviarne sa \u010dasom stal steakhouse. St\u00e1le je ale kompletne bezlepkov\u00fd, \u010do ocen\u00ed ka\u017ed\u00fd celiak. \u0160t\u00fdlov\u00fd interi\u00e9r, v\u00fdborn\u00e1 k\u00e1va, v lete z\u00e1hradka pod stromami. A hne\u010f o k\u00fasok \u010falej <strong>Park Caf\u00e9<\/strong>, ktor\u00e9 je trochu modernej\u0161ie a m\u00e1 skvel\u00e9 vafle. A potom je tu e\u0161te vych\u00fdren\u00e1 <strong>re\u0161taur\u00e1cia U Reiner\u016f<\/strong> z roku 1844. Aby som bola naozaj \u00faprimn\u00e1, svoju dobu sl\u00e1vy m\u00e1 asi u\u017e za sebou, ale z\u00e1jdi si sem aspo\u0148 na \u010dapovan\u00e9 pivo (jedlo by som vynechala) a poriadnu d\u00e1vku hist\u00f3rie.<\/p>\n\n\n\n<p class=\"wp-block-paragraph\">Palack\u00e9ho sady s\u00fa tie\u017e miesto, kde sa v lete konaj\u00fa koncerty a kult\u00farne akcie, kde sa beh\u00e1, ven\u010dia psy a kde proste P\u00edsek \u017eije. Ak m\u00e1\u0161 v programe len pol hodiny navy\u0161e, prejdi sa tadia\u013e. Stoj\u00ed to za to.<\/p>\n\n\n\n<h3 class=\"wp-block-heading\"><span class=\"ez-toc-section\" id=\"17_Schrenkov_pavilon\"><\/span>17. Schrenkov pavil\u00f3n<span class=\"ez-toc-section-end\"><\/span><\/h3>\n\n\n\n<p class=\"wp-block-paragraph\">Na prv\u00fd poh\u013ead romantick\u00fd klasicistick\u00fd alt\u00e1nok umiestnen\u00fd priamo v Palack\u00e9ho sadoch z roku 1841. Meno nesie po vtedaj\u0161om krajskom hajtmanovi. Zauj\u00edmav\u00e9 je, \u017ee aj ke\u010f vyzer\u00e1 vzne\u0161ene, hral sa v \u0148om predt\u00fdm aj divadeln\u00fd a hudobn\u00fd program.<\/p>\n\n\n\n<h3 class=\"wp-block-heading\"><span class=\"ez-toc-section\" id=\"18_Neptunova_kasna\"><\/span>18. Nept\u00fanova ka\u0161na<span class=\"ez-toc-section-end\"><\/span><\/h3>\n\n\n\n<p class=\"wp-block-paragraph\">Socha Nept\u00fana poch\u00e1dza z <strong>barokovej ka\u0161ny z roku 1771<\/strong>, ktor\u00e1 p\u00f4vodne st\u00e1la <strong>na Ve\u013ekom n\u00e1mest\u00ed<\/strong>. Ka\u0161nu na za\u010diatku 20. storo\u010dia zru\u0161ili a Nept\u00fan sa po rokoch do\u010dkal nov\u00e9ho miesta tu v <strong>Palack\u00e9ho sadoch.<\/strong> Nept\u00fan s trojzubcom tu p\u00f3zuje medzi stromami a ob\u010das ma napadne, \u010di sa mu tu p\u00e1\u010di viac ne\u017e na ru\u0161nom n\u00e1mest\u00ed. Asi \u00e1no, v parku je pokoj a voda v ka\u0161ne pr\u00edjemne hu\u010d\u00ed.<\/p>\n\n\n\n<h3 class=\"wp-block-heading\"><span class=\"ez-toc-section\" id=\"19_Pomnik_Adolfa_Heyduka_a_Frantiska_Palackeho\"><\/span>19. Pomn\u00edk Adolfa Heyduka a Franti\u0161ka Palack\u00e9ho<span class=\"ez-toc-section-end\"><\/span><\/h3>\n\n\n\n<p class=\"wp-block-paragraph\">V Palack\u00e9ho sadoch n\u00e1jde\u0161 pomn\u00edky dvoch v\u00fdznamn\u00fdch osobnost\u00ed, a ja sa chcem zastavi\u0165 hlavne pri tom prvom. <strong>Adolf Heyduk<\/strong> bol b\u00e1snik, ktor\u00fd v P\u00edsku \u017eil cez <strong>60 rokov<\/strong>, o\u017eenil sa tu (jeho man\u017eelka bola dc\u00e9ra rodiny Reinerovcov \u2013 \u00e1no, t\u00fdch od re\u0161taur\u00e1cie U Reiner\u016f) a nap\u00edsal tu ve\u013ek\u00fa \u010das\u0165 svojich diel. Bol to tak\u00fd tich\u00fd patriot, miloval P\u00edsek a ju\u017en\u00e9 \u010cechy a cel\u00e9 to pre\u013enul svojou po\u00e9ziou.<\/p>\n\n\n\n<p class=\"wp-block-paragraph\">Pomn\u00edk <strong>Franti\u0161ka Palack\u00e9ho<\/strong>, otca n\u00e1roda a historika, potom pripom\u00edna, \u017ee aj P\u00edsek mal svoju \u00falohu v \u010deskom n\u00e1rodnom obroden\u00ed. Oba pomn\u00edky s\u00fa v kr\u00e1snom prostred\u00ed parku, ide\u00e1lna zast\u00e1vka na tvojej prech\u00e1dzke.<\/p>\n\n\n\n<h3 class=\"wp-block-heading\"><span class=\"ez-toc-section\" id=\"20_Dom_Adolfa_Heyduka\"><\/span>20. Dom Adolfa Heyduka<span class=\"ez-toc-section-end\"><\/span><\/h3>\n\n\n\n<figure data-wp-context=\"{&quot;imageId&quot;:&quot;6a9523939c2d3&quot;}\" data-wp-interactive=\"core\/image\" data-wp-key=\"6a9523939c2d3\" class=\"wp-block-image size-full wp-lightbox-container\"><img decoding=\"async\" width=\"1200\" height=\"800\" data-wp-class--hide=\"state.isContentHidden\" data-wp-class--show=\"state.isContentVisible\" data-wp-init=\"callbacks.setButtonStyles\" data-wp-on--click=\"actions.showLightbox\" data-wp-on--load=\"callbacks.setButtonStyles\" data-wp-on--pointerdown=\"actions.preloadImage\" data-wp-on--pointerenter=\"actions.preloadImageWithDelay\" data-wp-on--pointerleave=\"actions.cancelPreload\" data-wp-on-window--resize=\"callbacks.setButtonStyles\" src=\"https:\/\/loudavymkrokem.cz\/wp-content\/uploads\/2026\/08\/pamatnik-adolfa-heyduka-interier.jpg\" alt=\"Dobov\u00fd sal\u00f3n v Pam\u00e4tn\u00edku Adolfa Heyduka v P\u00edsku\" class=\"wp-image-399662\" title=\"\" srcset=\"https:\/\/loudavymkrokem.cz\/wp-content\/uploads\/2026\/08\/pamatnik-adolfa-heyduka-interier.jpg 1200w, https:\/\/loudavymkrokem.cz\/wp-content\/uploads\/2026\/08\/pamatnik-adolfa-heyduka-interier-300x200.jpg 300w, https:\/\/loudavymkrokem.cz\/wp-content\/uploads\/2026\/08\/pamatnik-adolfa-heyduka-interier-700x467.jpg 700w, https:\/\/loudavymkrokem.cz\/wp-content\/uploads\/2026\/08\/pamatnik-adolfa-heyduka-interier-768x512.jpg 768w, https:\/\/loudavymkrokem.cz\/wp-content\/uploads\/2026\/08\/pamatnik-adolfa-heyduka-interier-696x464.jpg 696w\" sizes=\"(max-width: 1200px) 100vw, 1200px\" \/><button\n\t\t\tclass=\"lightbox-trigger\"\n\t\t\ttype=\"button\"\n\t\t\taria-haspopup=\"dialog\"\n\t\t\tdata-wp-bind--aria-label=\"state.thisImage.triggerButtonAriaLabel\"\n\t\t\tdata-wp-init=\"callbacks.initTriggerButton\"\n\t\t\tdata-wp-on--click=\"actions.showLightbox\"\n\t\t\tdata-wp-style--right=\"state.thisImage.buttonRight\"\n\t\t\tdata-wp-style--top=\"state.thisImage.buttonTop\"\n\t\t>\n\t\t\t<svg xmlns=\"http:\/\/www.w3.org\/2000\/svg\" width=\"12\" height=\"12\" fill=\"none\" viewBox=\"0 0 12 12\">\n\t\t\t\t<path fill=\"#fff\" d=\"M2 0a2 2 0 0 0-2 2v2h1.5V2a.5.5 0 0 1 .5-.5h2V0H2Zm2 10.5H2a.5.5 0 0 1-.5-.5V8H0v2a2 2 0 0 0 2 2h2v-1.5ZM8 12v-1.5h2a.5.5 0 0 0 .5-.5V8H12v2a2 2 0 0 1-2 2H8Zm2-12a2 2 0 0 1 2 2v2h-1.5V2a.5.5 0 0 0-.5-.5H8V0h2Z\" \/>\n\t\t\t<\/svg>\n\t\t<\/button><\/figure>\n\n\n\n<p class=\"wp-block-paragraph\">A od pomn\u00edka rovno k domu. V <strong>Tyr\u0161ovej ulici<\/strong> stoj\u00ed vila, kde Adolf Heyduk b\u00fdval, a je to \u010fal\u0161\u00ed architektonick\u00fd skvost. Navrhol ju architekt <strong>Jan Koula<\/strong> v roku <strong>1900<\/strong> v \u0161t\u00fdle <strong>\u010deskej novorenesancie<\/strong>, a \u010do je na nej unik\u00e1tne: m\u00e1 do ve\u013ekej miery <strong>zachovan\u00fd p\u00f4vodn\u00fd interi\u00e9r<\/strong>. To je vz\u00e1cnos\u0165, v\u00e4\u010d\u0161ina podobn\u00fdch domov pre\u0161la to\u013ek\u00fdmi prestavbami, \u017ee z origin\u00e1lu nezostalo ni\u010d.<\/p>\n\n\n\n<p class=\"wp-block-paragraph\">Zvonku zaujm\u00fa sgrafit\u00e1, zdoben\u00e9 \u0161t\u00edty a celkov\u00fd pocit, \u017ee dom postavil niekto, komu z\u00e1le\u017ealo na ka\u017edom detaile. Ak \u0165a zauj\u00edma architekt\u00fara prelomu 19. a 20. storo\u010dia, toto je povinn\u00e1 zast\u00e1vka. Len pozor, pam\u00e4tn\u00edk je po\u010das cel\u00e9ho roka 2026 kv\u00f4li rekon\u0161trukcii zatvoren\u00fd, prehliadku interi\u00e9rov si teda nechaj na bud\u00facu sez\u00f3nu.<\/p>\n\n\n\n<h3 class=\"wp-block-heading\"><span class=\"ez-toc-section\" id=\"21_Kronbergerov_altan\"><\/span>21. Kronbergerov alt\u00e1n<span class=\"ez-toc-section-end\"><\/span><\/h3>\n\n\n\n<p class=\"wp-block-paragraph\">Toto je tak\u00e1 schovan\u00e1 perla, o ktorej sp\u00fasta \u013eud\u00ed ani nevie. Emp\u00edrov\u00e1 stavbi\u010dka z roku 1840, zasaden\u00e1 priamo do park\u00e1novej steny. Dal ju postavi\u0165 kapl\u00e1n Kronberger, asi proste chcel ma\u0165 pekn\u00e9 miesto na \u010d\u00edtanie a rozj\u00edmanie, a kto by mu to vy\u010d\u00edtal. Dnes tu s\u00eddli klub filatelistov, \u010do je tak trochu poetick\u00e9 samo o sebe. Malilink\u00fd alt\u00e1n pln\u00fd malilink\u00fdch zn\u00e1mok.<\/p>\n\n\n\n<h3 class=\"wp-block-heading\"><span class=\"ez-toc-section\" id=\"22_Hotel_Otava\"><\/span>22. Hotel Otava<span class=\"ez-toc-section-end\"><\/span><\/h3>\n\n\n\n<figure data-wp-context=\"{&quot;imageId&quot;:&quot;6a9523939c99f&quot;}\" data-wp-interactive=\"core\/image\" data-wp-key=\"6a9523939c99f\" class=\"wp-block-image size-full wp-lightbox-container\"><img decoding=\"async\" width=\"2200\" height=\"1467\" data-wp-class--hide=\"state.isContentHidden\" data-wp-class--show=\"state.isContentVisible\" data-wp-init=\"callbacks.setButtonStyles\" data-wp-on--click=\"actions.showLightbox\" data-wp-on--load=\"callbacks.setButtonStyles\" data-wp-on--pointerdown=\"actions.preloadImage\" data-wp-on--pointerenter=\"actions.preloadImageWithDelay\" data-wp-on--pointerleave=\"actions.cancelPreload\" data-wp-on-window--resize=\"callbacks.setButtonStyles\" src=\"https:\/\/loudavymkrokem.cz\/wp-content\/uploads\/2026\/08\/pisek-hotel-otava-alsovy-malby.jpg\" alt=\"Hotel Otava v P\u00edsku s ma\u013ebami pod\u013ea n\u00e1vrhov Mikol\u00e1\u0161a Al\u0161a\" class=\"wp-image-399363\" title=\"\" srcset=\"https:\/\/loudavymkrokem.cz\/wp-content\/uploads\/2026\/08\/pisek-hotel-otava-alsovy-malby.jpg 2200w, https:\/\/loudavymkrokem.cz\/wp-content\/uploads\/2026\/08\/pisek-hotel-otava-alsovy-malby-300x200.jpg 300w, https:\/\/loudavymkrokem.cz\/wp-content\/uploads\/2026\/08\/pisek-hotel-otava-alsovy-malby-700x467.jpg 700w, https:\/\/loudavymkrokem.cz\/wp-content\/uploads\/2026\/08\/pisek-hotel-otava-alsovy-malby-768x512.jpg 768w, https:\/\/loudavymkrokem.cz\/wp-content\/uploads\/2026\/08\/pisek-hotel-otava-alsovy-malby-1536x1024.jpg 1536w, https:\/\/loudavymkrokem.cz\/wp-content\/uploads\/2026\/08\/pisek-hotel-otava-alsovy-malby-2048x1366.jpg 2048w, https:\/\/loudavymkrokem.cz\/wp-content\/uploads\/2026\/08\/pisek-hotel-otava-alsovy-malby-696x464.jpg 696w, https:\/\/loudavymkrokem.cz\/wp-content\/uploads\/2026\/08\/pisek-hotel-otava-alsovy-malby-1392x928.jpg 1392w, https:\/\/loudavymkrokem.cz\/wp-content\/uploads\/2026\/08\/pisek-hotel-otava-alsovy-malby-1920x1280.jpg 1920w\" sizes=\"(max-width: 2200px) 100vw, 2200px\" \/><button\n\t\t\tclass=\"lightbox-trigger\"\n\t\t\ttype=\"button\"\n\t\t\taria-haspopup=\"dialog\"\n\t\t\tdata-wp-bind--aria-label=\"state.thisImage.triggerButtonAriaLabel\"\n\t\t\tdata-wp-init=\"callbacks.initTriggerButton\"\n\t\t\tdata-wp-on--click=\"actions.showLightbox\"\n\t\t\tdata-wp-style--right=\"state.thisImage.buttonRight\"\n\t\t\tdata-wp-style--top=\"state.thisImage.buttonTop\"\n\t\t>\n\t\t\t<svg xmlns=\"http:\/\/www.w3.org\/2000\/svg\" width=\"12\" height=\"12\" fill=\"none\" viewBox=\"0 0 12 12\">\n\t\t\t\t<path fill=\"#fff\" d=\"M2 0a2 2 0 0 0-2 2v2h1.5V2a.5.5 0 0 1 .5-.5h2V0H2Zm2 10.5H2a.5.5 0 0 1-.5-.5V8H0v2a2 2 0 0 0 2 2h2v-1.5ZM8 12v-1.5h2a.5.5 0 0 0 .5-.5V8H12v2a2 2 0 0 1-2 2H8Zm2-12a2 2 0 0 1 2 2v2h-1.5V2a.5.5 0 0 0-.5-.5H8V0h2Z\" \/>\n\t\t\t<\/svg>\n\t\t<\/button><\/figure>\n\n\n\n<p class=\"wp-block-paragraph\">Neorenesan\u010dn\u00fd skvost so secesn\u00fdmi prvkami z konca 19. storo\u010dia, ktor\u00fd dal postavi\u0165 lek\u00e1rnik Dvo\u0159\u00e1\u010dek. Ale pozor, prezri si tie fas\u00e1dy! Ma\u013eby urobil Josef Bos\u00e1\u010dek pod\u013ea n\u00e1vrhov Mikol\u00e1\u0161a Al\u0161a u\u017e pri stavbe hotela. Al\u0161ova stopa je v P\u00edsku v\u0161ade, ale tu je obzvl\u00e1\u0161\u0165 vidite\u013en\u00e1. Hotel pre\u0161iel r\u00f4znymi peripetiami, ale fas\u00e1da st\u00e1le rob\u00ed ve\u013ek\u00fa par\u00e1du.<\/p>\n\n\n\n<p class=\"wp-block-paragraph\">A teraz t\u00e1 novinka, kv\u00f4li ktorej sem stoj\u00ed za to z\u00e1js\u0165 aj dovn\u00fatra. Po rekon\u0161trukcii sa v pr\u00edzem\u00ed otvorilo <strong>Caf\u00e9 Otava<\/strong> (Komensk\u00e9ho 56\/1), re\u0161taur\u00e1cia s kaviar\u0148ou a vin\u00e1r\u0148ou <strong>v prvorepublikovom \u0161t\u00fdle<\/strong>, ktor\u00e1 tej historickej budove pristane \u00faplne najviac. Otvoren\u00e9 maj\u00fa denne, cez pracovn\u00e9 dni u\u017e od 7:30 na ra\u0148ajky, obedov\u00e9 menu sa pod\u00e1va od 11 do 15 hod\u00edn a ve\u010der sa z podniku st\u00e1va vin\u00e1re\u0148 s vlastnou vinot\u00e9kou.<\/p>\n\n\n\n<p class=\"wp-block-paragraph\">Vegetari\u00e1ni tu nezostan\u00fa o hlade: na l\u00edstku b\u00fdva napr\u00edklad <strong>hubov\u00e9 rizoto s parmez\u00e1nom alebo vypr\u00e1\u017ean\u00fd karfiol za 8 \u20ac (199 K\u010d)<\/strong>, \u0161al\u00e1t s grilovan\u00fdm koz\u00edm syrom za 10 \u20ac (239 K\u010d) a tekvicov\u00fd kr\u00e9m za 2,50 \u20ac (59 K\u010d), k tomu dom\u00e1ce dezerty od vlastnej cukr\u00e1rky. \ud83d\udca1 <strong>Tip:<\/strong> Sadni si k oknu a potom vyjdi von a pozri sa hore na Al\u0161ove ma\u013eby e\u0161te raz, s k\u00e1vou v ruke je to in\u00fd z\u00e1\u017eitok.<\/p>\n\n\n\n<h3 class=\"wp-block-heading\"><span class=\"ez-toc-section\" id=\"23_Zidovska_synagoga\"><\/span>23. \u017didovsk\u00e1 synag\u00f3ga<span class=\"ez-toc-section-end\"><\/span><\/h3>\n\n\n\n<figure data-wp-context=\"{&quot;imageId&quot;:&quot;6a9523939cfd0&quot;}\" data-wp-interactive=\"core\/image\" data-wp-key=\"6a9523939cfd0\" class=\"wp-block-image size-full wp-lightbox-container\"><img decoding=\"async\" width=\"1200\" height=\"800\" data-wp-class--hide=\"state.isContentHidden\" data-wp-class--show=\"state.isContentVisible\" data-wp-init=\"callbacks.setButtonStyles\" data-wp-on--click=\"actions.showLightbox\" data-wp-on--load=\"callbacks.setButtonStyles\" data-wp-on--pointerdown=\"actions.preloadImage\" data-wp-on--pointerenter=\"actions.preloadImageWithDelay\" data-wp-on--pointerleave=\"actions.cancelPreload\" data-wp-on-window--resize=\"callbacks.setButtonStyles\" src=\"https:\/\/loudavymkrokem.cz\/wp-content\/uploads\/2026\/08\/synagoga-pisek-soukenicka.jpg\" alt=\"Synag\u00f3ga v S\u00fakenn\u00edckej ulici v P\u00edsku\" class=\"wp-image-399654\" title=\"\" srcset=\"https:\/\/loudavymkrokem.cz\/wp-content\/uploads\/2026\/08\/synagoga-pisek-soukenicka.jpg 1200w, https:\/\/loudavymkrokem.cz\/wp-content\/uploads\/2026\/08\/synagoga-pisek-soukenicka-300x200.jpg 300w, https:\/\/loudavymkrokem.cz\/wp-content\/uploads\/2026\/08\/synagoga-pisek-soukenicka-700x467.jpg 700w, https:\/\/loudavymkrokem.cz\/wp-content\/uploads\/2026\/08\/synagoga-pisek-soukenicka-768x512.jpg 768w, https:\/\/loudavymkrokem.cz\/wp-content\/uploads\/2026\/08\/synagoga-pisek-soukenicka-696x464.jpg 696w\" sizes=\"(max-width: 1200px) 100vw, 1200px\" \/><button\n\t\t\tclass=\"lightbox-trigger\"\n\t\t\ttype=\"button\"\n\t\t\taria-haspopup=\"dialog\"\n\t\t\tdata-wp-bind--aria-label=\"state.thisImage.triggerButtonAriaLabel\"\n\t\t\tdata-wp-init=\"callbacks.initTriggerButton\"\n\t\t\tdata-wp-on--click=\"actions.showLightbox\"\n\t\t\tdata-wp-style--right=\"state.thisImage.buttonRight\"\n\t\t\tdata-wp-style--top=\"state.thisImage.buttonTop\"\n\t\t>\n\t\t\t<svg xmlns=\"http:\/\/www.w3.org\/2000\/svg\" width=\"12\" height=\"12\" fill=\"none\" viewBox=\"0 0 12 12\">\n\t\t\t\t<path fill=\"#fff\" d=\"M2 0a2 2 0 0 0-2 2v2h1.5V2a.5.5 0 0 1 .5-.5h2V0H2Zm2 10.5H2a.5.5 0 0 1-.5-.5V8H0v2a2 2 0 0 0 2 2h2v-1.5ZM8 12v-1.5h2a.5.5 0 0 0 .5-.5V8H12v2a2 2 0 0 1-2 2H8Zm2-12a2 2 0 0 1 2 2v2h-1.5V2a.5.5 0 0 0-.5-.5H8V0h2Z\" \/>\n\t\t\t<\/svg>\n\t\t<\/button><\/figure>\n\n\n\n<p class=\"wp-block-paragraph\">V S\u00fakenn\u00edckej ulici stoj\u00ed synag\u00f3ga z roku 1871. M\u00e1 tu smutn\u00fd pr\u00edbeh. Bohoslu\u017eby tu skon\u010dili v roku 1938, po\u010das okup\u00e1cie bola synag\u00f3ga zatvoren\u00e1 a po vojne dlh\u00e9 roky sl\u00fa\u017eila len ako sklad. Dnes je to tich\u00e9, trochu opom\u00ednan\u00e9 miesto, ktor\u00e9 ale nesie d\u00f4le\u017eit\u00fa hist\u00f3riu. Ke\u010f p\u00f4jde\u0161 okolo, zastav sa aspo\u0148 na chv\u00ed\u013eku.<\/p>\n\n\n\n<h3 class=\"wp-block-heading\"><span class=\"ez-toc-section\" id=\"24_Budova_polikliniky\"><\/span>24. Budova polikliniky<span class=\"ez-toc-section-end\"><\/span><\/h3>\n\n\n\n<p class=\"wp-block-paragraph\">Neorenesan\u010dn\u00fd pal\u00e1c na Al\u0161ovom n\u00e1mest\u00ed, ktor\u00fd vyzer\u00e1, akoby v \u0148om mali by\u0165 plesy a sl\u00e1vnostn\u00e9 recepcie. A \u010do v \u0148om je? Poliklinika. \ud83d\ude05 Predt\u00fdm tu b\u00fdval hostinec U \u010cierneho orla, tak\u017ee t\u00e1 budova si pre\u0161la zauj\u00edmavou cestou \u2013 od tancova\u010dky cez pivo a\u017e k zub\u00e1rovi. Ir\u00f3nia osudu, ale aspo\u0148 sa na t\u00fa kr\u00e1su m\u00f4\u017ee\u0161 pozera\u0165, zatia\u013e \u010do \u010dak\u00e1\u0161 na odber krvi.<\/p>\n\n\n\n<h3 class=\"wp-block-heading\"><span class=\"ez-toc-section\" id=\"25_Dom_u_Guli_a_mestianske_domy\"><\/span>25. Dom u Gu\u013e\u00ed a me\u0161tianske domy<span class=\"ez-toc-section-end\"><\/span><\/h3>\n\n\n\n<figure data-wp-context=\"{&quot;imageId&quot;:&quot;6a9523939d613&quot;}\" data-wp-interactive=\"core\/image\" data-wp-key=\"6a9523939d613\" class=\"wp-block-image size-full wp-lightbox-container\"><img decoding=\"async\" width=\"2200\" height=\"1467\" data-wp-class--hide=\"state.isContentHidden\" data-wp-class--show=\"state.isContentVisible\" data-wp-init=\"callbacks.setButtonStyles\" data-wp-on--click=\"actions.showLightbox\" data-wp-on--load=\"callbacks.setButtonStyles\" data-wp-on--pointerdown=\"actions.preloadImage\" data-wp-on--pointerenter=\"actions.preloadImageWithDelay\" data-wp-on--pointerleave=\"actions.cancelPreload\" data-wp-on-window--resize=\"callbacks.setButtonStyles\" src=\"https:\/\/loudavymkrokem.cz\/wp-content\/uploads\/2026\/08\/pisek-dum-u-slona.jpg\" alt=\"Dom U Slona v P\u00edsku s plastikou slona na fas\u00e1de\" class=\"wp-image-399368\" title=\"\" srcset=\"https:\/\/loudavymkrokem.cz\/wp-content\/uploads\/2026\/08\/pisek-dum-u-slona.jpg 2200w, https:\/\/loudavymkrokem.cz\/wp-content\/uploads\/2026\/08\/pisek-dum-u-slona-300x200.jpg 300w, https:\/\/loudavymkrokem.cz\/wp-content\/uploads\/2026\/08\/pisek-dum-u-slona-700x467.jpg 700w, https:\/\/loudavymkrokem.cz\/wp-content\/uploads\/2026\/08\/pisek-dum-u-slona-768x512.jpg 768w, https:\/\/loudavymkrokem.cz\/wp-content\/uploads\/2026\/08\/pisek-dum-u-slona-1536x1024.jpg 1536w, https:\/\/loudavymkrokem.cz\/wp-content\/uploads\/2026\/08\/pisek-dum-u-slona-2048x1366.jpg 2048w, https:\/\/loudavymkrokem.cz\/wp-content\/uploads\/2026\/08\/pisek-dum-u-slona-696x464.jpg 696w, https:\/\/loudavymkrokem.cz\/wp-content\/uploads\/2026\/08\/pisek-dum-u-slona-1392x928.jpg 1392w, https:\/\/loudavymkrokem.cz\/wp-content\/uploads\/2026\/08\/pisek-dum-u-slona-1920x1280.jpg 1920w\" sizes=\"(max-width: 2200px) 100vw, 2200px\" \/><button\n\t\t\tclass=\"lightbox-trigger\"\n\t\t\ttype=\"button\"\n\t\t\taria-haspopup=\"dialog\"\n\t\t\tdata-wp-bind--aria-label=\"state.thisImage.triggerButtonAriaLabel\"\n\t\t\tdata-wp-init=\"callbacks.initTriggerButton\"\n\t\t\tdata-wp-on--click=\"actions.showLightbox\"\n\t\t\tdata-wp-style--right=\"state.thisImage.buttonRight\"\n\t\t\tdata-wp-style--top=\"state.thisImage.buttonTop\"\n\t\t>\n\t\t\t<svg xmlns=\"http:\/\/www.w3.org\/2000\/svg\" width=\"12\" height=\"12\" fill=\"none\" viewBox=\"0 0 12 12\">\n\t\t\t\t<path fill=\"#fff\" d=\"M2 0a2 2 0 0 0-2 2v2h1.5V2a.5.5 0 0 1 .5-.5h2V0H2Zm2 10.5H2a.5.5 0 0 1-.5-.5V8H0v2a2 2 0 0 0 2 2h2v-1.5ZM8 12v-1.5h2a.5.5 0 0 0 .5-.5V8H12v2a2 2 0 0 1-2 2H8Zm2-12a2 2 0 0 1 2 2v2h-1.5V2a.5.5 0 0 0-.5-.5H8V0h2Z\" \/>\n\t\t\t<\/svg>\n\t\t<\/button><\/figure>\n\n\n\n<p class=\"wp-block-paragraph\">Tento dom spozn\u00e1\u0161 \u013eahko. M\u00e1 vo fas\u00e1de zamurovan\u00e9 delov\u00e9 gule. Nie je to dekor\u00e1cia, ale autentick\u00e1 pripomienka vojnov\u00fdch \u010dias. Renesan\u010dn\u00e9 sgrafit\u00e1 na fas\u00e1de s\u00fa n\u00e1dhern\u00e9 a ako bonus \u2013 b\u00fdval tu b\u00e1snik Fr\u00e1\u0148a \u0160r\u00e1mek.<\/p>\n\n\n\n<p class=\"wp-block-paragraph\">Ale P\u00edsek je v\u00f4bec pln\u00fd kr\u00e1snych me\u0161tianskych domov, ktor\u00e9 stoja za pozornos\u0165. <strong>Dom U Slona<\/strong>, <strong>U Ber\u00e1nka<\/strong>, <strong>Drl\u00ed\u010dov<\/strong>, <strong>Chel\u010dick\u00e9ho 4<\/strong>, <strong>U Matky Bo\u017eej<\/strong> \u2013 ka\u017ed\u00fd m\u00e1 svoj pr\u00edbeh, svoju v\u00fdzdobu, svoj charakter. Odpor\u00fa\u010dam proste zdvihn\u00fa\u0165 o\u010di od chodn\u00edka a pozera\u0165 sa hore. P\u00edsek odme\u0148uje t\u00fdch, \u010do sa pozorne pozeraj\u00fa.<\/p>\n\n\n\n<h3 class=\"wp-block-heading\"><span class=\"ez-toc-section\" id=\"26_Novy_most\"><\/span>26. Nov\u00fd most<span class=\"ez-toc-section-end\"><\/span><\/h3>\n\n\n\n<p class=\"wp-block-paragraph\">Most postaven\u00fd po\u010das druhej svetovej vojny, \u010do by mohlo znie\u0165 nezauj\u00edmavo, ale je to vlastne architektonick\u00e1 pamiatka. \u010cist\u00fd, funk\u010dn\u00fd dizajn, elegantn\u00fd obl\u00fak cez Otavu. Stoj\u00ed trochu v tieni svojho sl\u00e1vnej\u0161ieho kamenn\u00e9ho suseda, ale aj tak ho spom\u00ednam.<\/p>\n\n\n\n<h3 class=\"wp-block-heading\"><span class=\"ez-toc-section\" id=\"27_Sokolovna\"><\/span>27. Sokolov\u0148a<span class=\"ez-toc-section-end\"><\/span><\/h3>\n\n\n\n<p class=\"wp-block-paragraph\">Na Tyr\u0161ovej ulici od roku 1895 stoj\u00ed Sokolov\u0148a s bohatou \u0161tukovou v\u00fdzdobou. Bolo to centrum vlastenectva a spolkov\u00e9ho \u017eivota: tu sa cvi\u010dilo, spievalo, debatovalo a budovala n\u00e1rodn\u00e1 identita. Sokolsk\u00e9 cvi\u010denie sa v nej vedie dodnes.<\/p>\n\n\n\n<h3 class=\"wp-block-heading\"><span class=\"ez-toc-section\" id=\"28_Stara_posta\"><\/span>28. Star\u00e1 po\u0161ta<span class=\"ez-toc-section-end\"><\/span><\/h3>\n\n\n\n<p class=\"wp-block-paragraph\">Gregorova ulica, \u010d\u00edslo 125. Star\u00e1 po\u0161ta pam\u00e4t\u00e1 e\u0161te dobu dostavn\u00edkov. Predstav si, ako sem prich\u00e1dzali konsk\u00e9 povozy s listami, bal\u00edkmi a ob\u010das aj cestuj\u00facimi zapr\u00e1\u0161en\u00fdmi od cesty. V \u010dase, ke\u010f e-mail znamenal, \u017ee ti holub priniesol spr\u00e1vu r\u00fdchlej\u0161ie ako obvykle.<\/p>\n\n\n\n<h3 class=\"wp-block-heading\"><span class=\"ez-toc-section\" id=\"29_Raabova_vila\"><\/span>29. Raabova vila<span class=\"ez-toc-section-end\"><\/span><\/h3>\n\n\n\n<p class=\"wp-block-paragraph\">A teraz nie\u010do, \u010do ma neprest\u00e1va fascinova\u0165. <strong>Raabova vila je prv\u00e1 samostatn\u00e1 stavba, ktor\u00fa architekt Du\u0161an Jurkovi\u010d navrhol.<\/strong> Rok 1901. Dal ju postavi\u0165 priemyseln\u00edk Adolf Raab a je to prekr\u00e1sna zmes slovenskej a \u0161vaj\u010diarskej \u013eudovej architekt\u00fary. Dreven\u00e9 prvky, romantick\u00e9 detaily, v\u0161etko dokonale premyslen\u00e9.<\/p>\n\n\n\n<p class=\"wp-block-paragraph\">N\u00e1jde\u0161 ju na kri\u017eovatke T\u00e1borskej a Sedl\u00e1\u010dkovej ulice. Je neuverite\u013en\u00e9, \u017ee tento skvost stoj\u00ed pr\u00e1ve tu v P\u00edsku. Jurkovi\u010d potom staval po celom \u010cesku aj Slovensku, ale za\u010d\u00ednal u n\u00e1s. Ako Slovenka nem\u00f4\u017eem neby\u0165 hrd\u00e1, ve\u010f je to n\u00e1\u0161 rod\u00e1k. \u263a\ufe0f<\/p>\n\n\n\n<h3 class=\"wp-block-heading\"><span class=\"ez-toc-section\" id=\"30_Pomnik_padlym_pri_Melegnane_a_Solferine\"><\/span>30. Pomn\u00edk padl\u00fdm pri Melegnane a Solferine<span class=\"ez-toc-section-end\"><\/span><\/h3>\n\n\n\n<figure data-wp-context=\"{&quot;imageId&quot;:&quot;6a9523939e030&quot;}\" data-wp-interactive=\"core\/image\" data-wp-key=\"6a9523939e030\" class=\"wp-block-image size-full wp-lightbox-container\"><img decoding=\"async\" width=\"2200\" height=\"1467\" data-wp-class--hide=\"state.isContentHidden\" data-wp-class--show=\"state.isContentVisible\" data-wp-init=\"callbacks.setButtonStyles\" data-wp-on--click=\"actions.showLightbox\" data-wp-on--load=\"callbacks.setButtonStyles\" data-wp-on--pointerdown=\"actions.preloadImage\" data-wp-on--pointerenter=\"actions.preloadImageWithDelay\" data-wp-on--pointerleave=\"actions.cancelPreload\" data-wp-on-window--resize=\"callbacks.setButtonStyles\" src=\"https:\/\/loudavymkrokem.cz\/wp-content\/uploads\/2026\/08\/pisek-pomnik-melegnano-solferino.jpg\" alt=\"Pomn\u00edk padl\u00fdm pri Melegnane a Solferine v P\u00edsku\" class=\"wp-image-399375\" title=\"\" srcset=\"https:\/\/loudavymkrokem.cz\/wp-content\/uploads\/2026\/08\/pisek-pomnik-melegnano-solferino.jpg 2200w, https:\/\/loudavymkrokem.cz\/wp-content\/uploads\/2026\/08\/pisek-pomnik-melegnano-solferino-300x200.jpg 300w, https:\/\/loudavymkrokem.cz\/wp-content\/uploads\/2026\/08\/pisek-pomnik-melegnano-solferino-700x467.jpg 700w, https:\/\/loudavymkrokem.cz\/wp-content\/uploads\/2026\/08\/pisek-pomnik-melegnano-solferino-768x512.jpg 768w, https:\/\/loudavymkrokem.cz\/wp-content\/uploads\/2026\/08\/pisek-pomnik-melegnano-solferino-1536x1024.jpg 1536w, https:\/\/loudavymkrokem.cz\/wp-content\/uploads\/2026\/08\/pisek-pomnik-melegnano-solferino-2048x1366.jpg 2048w, https:\/\/loudavymkrokem.cz\/wp-content\/uploads\/2026\/08\/pisek-pomnik-melegnano-solferino-696x464.jpg 696w, https:\/\/loudavymkrokem.cz\/wp-content\/uploads\/2026\/08\/pisek-pomnik-melegnano-solferino-1392x928.jpg 1392w, https:\/\/loudavymkrokem.cz\/wp-content\/uploads\/2026\/08\/pisek-pomnik-melegnano-solferino-1920x1280.jpg 1920w\" sizes=\"(max-width: 2200px) 100vw, 2200px\" \/><button\n\t\t\tclass=\"lightbox-trigger\"\n\t\t\ttype=\"button\"\n\t\t\taria-haspopup=\"dialog\"\n\t\t\tdata-wp-bind--aria-label=\"state.thisImage.triggerButtonAriaLabel\"\n\t\t\tdata-wp-init=\"callbacks.initTriggerButton\"\n\t\t\tdata-wp-on--click=\"actions.showLightbox\"\n\t\t\tdata-wp-style--right=\"state.thisImage.buttonRight\"\n\t\t\tdata-wp-style--top=\"state.thisImage.buttonTop\"\n\t\t>\n\t\t\t<svg xmlns=\"http:\/\/www.w3.org\/2000\/svg\" width=\"12\" height=\"12\" fill=\"none\" viewBox=\"0 0 12 12\">\n\t\t\t\t<path fill=\"#fff\" d=\"M2 0a2 2 0 0 0-2 2v2h1.5V2a.5.5 0 0 1 .5-.5h2V0H2Zm2 10.5H2a.5.5 0 0 1-.5-.5V8H0v2a2 2 0 0 0 2 2h2v-1.5ZM8 12v-1.5h2a.5.5 0 0 0 .5-.5V8H12v2a2 2 0 0 1-2 2H8Zm2-12a2 2 0 0 1 2 2v2h-1.5V2a.5.5 0 0 0-.5-.5H8V0h2Z\" \/>\n\t\t\t<\/svg>\n\t\t<\/button><\/figure>\n\n\n\n<p class=\"wp-block-paragraph\">Plastika leva stojaceho na rozprestretej z\u00e1stave, symbol pokoja po boji. Pomn\u00edk pripom\u00edna vojakov 11. p\u00edseck\u00e9ho pluku, ktor\u00ed padli v bitk\u00e1ch pri Melegnane a Solferine v Taliansku roku 1859. Ve\u013emi \u010faleko od domova, ve\u013emi \u010faleko od Otavy. Tich\u00fd, d\u00f4stojn\u00fd pomn\u00edk, pri ktorom sa oplat\u00ed na chv\u00ed\u013eu zastavi\u0165.<\/p>\n\n\n\n<h3 class=\"wp-block-heading\"><span class=\"ez-toc-section\" id=\"31_Marianska_kaplnka\"><\/span>31. Mari\u00e1nska kaplnka<span class=\"ez-toc-section-end\"><\/span><\/h3>\n\n\n\n<p class=\"wp-block-paragraph\">Drobn\u00e1 barokov\u00e1 pamiatka na okraji centra. \u017diadny ve\u013ekolep\u00fd chr\u00e1m, sk\u00f4r tak\u00fd pokojn\u00fd bod na mape mesta. Presne ten typ miesta, popri ktorom prejde\u0161 dvadsa\u0165kr\u00e1t, k\u00fdm si ho prv\u00fdkr\u00e1t v\u0161imne\u0161, a potom sa \u010duduje\u0161, ako si ho mohol prehliada\u0165.<\/p>\n\n\n\n<h3 class=\"wp-block-heading\"><span class=\"ez-toc-section\" id=\"32_Kostol_Najsvatejsej_Trojice\"><\/span>32. Kostol Najsv\u00e4tej\u0161ej Trojice<span class=\"ez-toc-section-end\"><\/span><\/h3>\n\n\n\n<figure data-wp-context=\"{&quot;imageId&quot;:&quot;6a9523939e945&quot;}\" data-wp-interactive=\"core\/image\" data-wp-key=\"6a9523939e945\" class=\"wp-block-image size-full wp-lightbox-container\"><img decoding=\"async\" width=\"1600\" height=\"1200\" data-wp-class--hide=\"state.isContentHidden\" data-wp-class--show=\"state.isContentVisible\" data-wp-init=\"callbacks.setButtonStyles\" data-wp-on--click=\"actions.showLightbox\" data-wp-on--load=\"callbacks.setButtonStyles\" data-wp-on--pointerdown=\"actions.preloadImage\" data-wp-on--pointerenter=\"actions.preloadImageWithDelay\" data-wp-on--pointerleave=\"actions.cancelPreload\" data-wp-on-window--resize=\"callbacks.setButtonStyles\" src=\"https:\/\/loudavymkrokem.cz\/wp-content\/uploads\/2026\/08\/kostel-nejsvetejsi-trojice-pisek.jpg\" alt=\"Kostol Najsv\u00e4tej\u0161ej Trojice v P\u00edsku\" class=\"wp-image-399710\" title=\"\" srcset=\"https:\/\/loudavymkrokem.cz\/wp-content\/uploads\/2026\/08\/kostel-nejsvetejsi-trojice-pisek.jpg 1600w, https:\/\/loudavymkrokem.cz\/wp-content\/uploads\/2026\/08\/kostel-nejsvetejsi-trojice-pisek-300x225.jpg 300w, https:\/\/loudavymkrokem.cz\/wp-content\/uploads\/2026\/08\/kostel-nejsvetejsi-trojice-pisek-700x525.jpg 700w, https:\/\/loudavymkrokem.cz\/wp-content\/uploads\/2026\/08\/kostel-nejsvetejsi-trojice-pisek-768x576.jpg 768w, https:\/\/loudavymkrokem.cz\/wp-content\/uploads\/2026\/08\/kostel-nejsvetejsi-trojice-pisek-1536x1152.jpg 1536w, https:\/\/loudavymkrokem.cz\/wp-content\/uploads\/2026\/08\/kostel-nejsvetejsi-trojice-pisek-80x60.jpg 80w, https:\/\/loudavymkrokem.cz\/wp-content\/uploads\/2026\/08\/kostel-nejsvetejsi-trojice-pisek-160x120.jpg 160w, https:\/\/loudavymkrokem.cz\/wp-content\/uploads\/2026\/08\/kostel-nejsvetejsi-trojice-pisek-696x522.jpg 696w, https:\/\/loudavymkrokem.cz\/wp-content\/uploads\/2026\/08\/kostel-nejsvetejsi-trojice-pisek-1392x1044.jpg 1392w\" sizes=\"(max-width: 1600px) 100vw, 1600px\" \/><button\n\t\t\tclass=\"lightbox-trigger\"\n\t\t\ttype=\"button\"\n\t\t\taria-haspopup=\"dialog\"\n\t\t\tdata-wp-bind--aria-label=\"state.thisImage.triggerButtonAriaLabel\"\n\t\t\tdata-wp-init=\"callbacks.initTriggerButton\"\n\t\t\tdata-wp-on--click=\"actions.showLightbox\"\n\t\t\tdata-wp-style--right=\"state.thisImage.buttonRight\"\n\t\t\tdata-wp-style--top=\"state.thisImage.buttonTop\"\n\t\t>\n\t\t\t<svg xmlns=\"http:\/\/www.w3.org\/2000\/svg\" width=\"12\" height=\"12\" fill=\"none\" viewBox=\"0 0 12 12\">\n\t\t\t\t<path fill=\"#fff\" d=\"M2 0a2 2 0 0 0-2 2v2h1.5V2a.5.5 0 0 1 .5-.5h2V0H2Zm2 10.5H2a.5.5 0 0 1-.5-.5V8H0v2a2 2 0 0 0 2 2h2v-1.5ZM8 12v-1.5h2a.5.5 0 0 0 .5-.5V8H12v2a2 2 0 0 1-2 2H8Zm2-12a2 2 0 0 1 2 2v2h-1.5V2a.5.5 0 0 0-.5-.5H8V0h2Z\" \/>\n\t\t\t<\/svg>\n\t\t<\/button><\/figure>\n\n\n\n<p class=\"wp-block-paragraph\">Neskorogotick\u00fd kostol z roku 1576 s pri\u013eahl\u00fdm star\u00fdm cintor\u00ednom. A teraz to hlavn\u00e9, m\u00e1 \u00faplne <strong>\u00fa\u017easn\u00fa akustiku<\/strong>. Preto dnes sl\u00fa\u017ei ako koncertn\u00e1 sie\u0148 a po\u010d\u00fava\u0165 tu \u017eiv\u00fa hudbu je z\u00e1\u017eitok, na ktor\u00fd sa nezab\u00fada. Gotick\u00e9 klenby, star\u00e9 n\u00e1hrobky za oknami a zvuk, ktor\u00fd \u0165a objme zo v\u0161etk\u00fdch str\u00e1n. Ak tu bude pr\u00e1ve nejak\u00fd koncert, cho\u010f. Bez rozm\u00fd\u0161\u013eania.<\/p>\n\n\n\n<h3 class=\"wp-block-heading\"><span class=\"ez-toc-section\" id=\"33_Kostol_svateho_Vaclava\"><\/span>33. Kostol sv\u00e4t\u00e9ho V\u00e1clava<span class=\"ez-toc-section-end\"><\/span><\/h3>\n\n\n\n<figure data-wp-context=\"{&quot;imageId&quot;:&quot;6a9523939ef3a&quot;}\" data-wp-interactive=\"core\/image\" data-wp-key=\"6a9523939ef3a\" class=\"wp-block-image size-full wp-lightbox-container\"><img decoding=\"async\" width=\"1600\" height=\"1071\" data-wp-class--hide=\"state.isContentHidden\" data-wp-class--show=\"state.isContentVisible\" data-wp-init=\"callbacks.setButtonStyles\" data-wp-on--click=\"actions.showLightbox\" data-wp-on--load=\"callbacks.setButtonStyles\" data-wp-on--pointerdown=\"actions.preloadImage\" data-wp-on--pointerenter=\"actions.preloadImageWithDelay\" data-wp-on--pointerleave=\"actions.cancelPreload\" data-wp-on-window--resize=\"callbacks.setButtonStyles\" src=\"https:\/\/loudavymkrokem.cz\/wp-content\/uploads\/2026\/08\/kostel-sv-vaclava-pisek-vaclavske-predmesti.jpg\" alt=\"Kostol sv\u00e4t\u00e9ho V\u00e1clava na V\u00e1clavskom predmest\u00ed v P\u00edsku\" class=\"wp-image-399713\" title=\"\" srcset=\"https:\/\/loudavymkrokem.cz\/wp-content\/uploads\/2026\/08\/kostel-sv-vaclava-pisek-vaclavske-predmesti.jpg 1600w, https:\/\/loudavymkrokem.cz\/wp-content\/uploads\/2026\/08\/kostel-sv-vaclava-pisek-vaclavske-predmesti-300x201.jpg 300w, https:\/\/loudavymkrokem.cz\/wp-content\/uploads\/2026\/08\/kostel-sv-vaclava-pisek-vaclavske-predmesti-700x469.jpg 700w, https:\/\/loudavymkrokem.cz\/wp-content\/uploads\/2026\/08\/kostel-sv-vaclava-pisek-vaclavske-predmesti-768x514.jpg 768w, https:\/\/loudavymkrokem.cz\/wp-content\/uploads\/2026\/08\/kostel-sv-vaclava-pisek-vaclavske-predmesti-1536x1028.jpg 1536w, https:\/\/loudavymkrokem.cz\/wp-content\/uploads\/2026\/08\/kostel-sv-vaclava-pisek-vaclavske-predmesti-696x466.jpg 696w, https:\/\/loudavymkrokem.cz\/wp-content\/uploads\/2026\/08\/kostel-sv-vaclava-pisek-vaclavske-predmesti-1392x932.jpg 1392w\" sizes=\"(max-width: 1600px) 100vw, 1600px\" \/><button\n\t\t\tclass=\"lightbox-trigger\"\n\t\t\ttype=\"button\"\n\t\t\taria-haspopup=\"dialog\"\n\t\t\tdata-wp-bind--aria-label=\"state.thisImage.triggerButtonAriaLabel\"\n\t\t\tdata-wp-init=\"callbacks.initTriggerButton\"\n\t\t\tdata-wp-on--click=\"actions.showLightbox\"\n\t\t\tdata-wp-style--right=\"state.thisImage.buttonRight\"\n\t\t\tdata-wp-style--top=\"state.thisImage.buttonTop\"\n\t\t>\n\t\t\t<svg xmlns=\"http:\/\/www.w3.org\/2000\/svg\" width=\"12\" height=\"12\" fill=\"none\" viewBox=\"0 0 12 12\">\n\t\t\t\t<path fill=\"#fff\" d=\"M2 0a2 2 0 0 0-2 2v2h1.5V2a.5.5 0 0 1 .5-.5h2V0H2Zm2 10.5H2a.5.5 0 0 1-.5-.5V8H0v2a2 2 0 0 0 2 2h2v-1.5ZM8 12v-1.5h2a.5.5 0 0 0 .5-.5V8H12v2a2 2 0 0 1-2 2H8Zm2-12a2 2 0 0 1 2 2v2h-1.5V2a.5.5 0 0 0-.5-.5H8V0h2Z\" \/>\n\t\t\t<\/svg>\n\t\t<\/button><\/figure>\n\n\n\n<p class=\"wp-block-paragraph\"><strong>Najstar\u0161ie p\u00edseck\u00e9 sakr\u00e1lne miesto<\/strong>, dolo\u017een\u00e9 u\u017e okolo roku 1200, dne\u0161n\u00e1 gotickorenesan\u010dn\u00e1 stavba je zo 16. storo\u010dia a stoj\u00ed na V\u00e1clavskom predmest\u00ed. N\u00e1jde\u0161 tu <strong>zrejme najstar\u0161ie freskov\u00e9 zobrazenie up\u00e1lenia Majstra Jana Husa v Eur\u00f3pe<\/strong>. V P\u00edsku! Len po\u010d\u00edtaj s t\u00fdm, \u017ee dovn\u00fatra sa dostane\u0161 v\u00e4\u010d\u0161inou len po\u010das om\u0161\u00ed.<\/p>\n\n\n\n<p class=\"wp-block-paragraph\">Toto by si zasl\u00fa\u017eilo ove\u013ea viac pozornosti, ne\u017e ko\u013eko dost\u00e1va. Ak \u0165a zauj\u00edma hist\u00f3ria, tu stoj\u00ed\u0161 pri nie\u010dom naozaj v\u00fdnimo\u010dnom.<\/p>\n\n\n\n<h3 class=\"wp-block-heading\"><span class=\"ez-toc-section\" id=\"34_Hradisko\"><\/span>34. Hradisko<span class=\"ez-toc-section-end\"><\/span><\/h3>\n\n\n\n<p class=\"wp-block-paragraph\">Pozostatky prastar\u00e9ho os\u00eddlenia z doby, ke\u010f mesto P\u00edsek e\u0161te neexistovalo. \u013dudia tu \u017eili d\u00e1vno predt\u00fdm, ne\u017e niekto polo\u017eil prv\u00fd kame\u0148 Kamenn\u00e9ho mosta. Je to na zamyslenie \u2013 stoj\u00ed\u0161 na mieste, kde sa \u013eudia usadili mo\u017eno pred tis\u00edckami rokov, preto\u017ee im tu bolo dobre. A dobre tu je st\u00e1le.<\/p>\n\n\n\n<h3 class=\"wp-block-heading\"><span class=\"ez-toc-section\" id=\"35_Cesta_bolestnych_kamenov\"><\/span>35. Cesta bolestn\u00fdch kame\u0148ov<span class=\"ez-toc-section-end\"><\/span><\/h3>\n\n\n\n<p class=\"wp-block-paragraph\">Asi 1,5 km od obory U Vod\u00e1ka n\u00e1jde\u0161 cestu, ktor\u00e1 \u0165a m\u00f4\u017ee prekvapi\u0165. <strong>14 kamenn\u00fdch blokov<\/strong> lemuje chodn\u00edk a ka\u017ed\u00fd z nich symbolizuje jedno modern\u00e9 tr\u00e1penie \u2013 depresie, samota, vyhorenie, strata bl\u00edzkeho, z\u00e1vislos\u0165&#8230;<\/p>\n\n\n\n<p class=\"wp-block-paragraph\">Nie je to \u017eiadna depres\u00edvna prech\u00e1dzka, aj ke\u010f to tak m\u00f4\u017ee znie\u0165. Je to sk\u00f4r pomenovanie vec\u00ed, o ktor\u00fdch sa norm\u00e1lne nehovor\u00ed. A cesta kon\u010d\u00ed n\u00e1dejou \u2013 vyhliadkou, odkia\u013e vid\u00ed\u0161 \u010faleko. Ako metafora to funguje kr\u00e1sne. Ako prech\u00e1dzka tie\u017e.<\/p>\n\n\n\n<h3 class=\"wp-block-heading\"><span class=\"ez-toc-section\" id=\"36_Vila_Marta_a_lavka_Dagmar_Simkovej\"><\/span>36. Vila Marta a l\u00e1vka Dagmar \u0160imkovej<span class=\"ez-toc-section-end\"><\/span><\/h3>\n\n\n\n<figure data-wp-context=\"{&quot;imageId&quot;:&quot;6a9523939f710&quot;}\" data-wp-interactive=\"core\/image\" data-wp-key=\"6a9523939f710\" class=\"wp-block-image size-full wp-lightbox-container\"><img decoding=\"async\" width=\"1200\" height=\"800\" data-wp-class--hide=\"state.isContentHidden\" data-wp-class--show=\"state.isContentVisible\" data-wp-init=\"callbacks.setButtonStyles\" data-wp-on--click=\"actions.showLightbox\" data-wp-on--load=\"callbacks.setButtonStyles\" data-wp-on--pointerdown=\"actions.preloadImage\" data-wp-on--pointerenter=\"actions.preloadImageWithDelay\" data-wp-on--pointerleave=\"actions.cancelPreload\" data-wp-on-window--resize=\"callbacks.setButtonStyles\" src=\"https:\/\/loudavymkrokem.cz\/wp-content\/uploads\/2026\/08\/lavka-dagmar-simkove-pisek.jpg\" alt=\"L\u00e1vka Dagmar \u0160imkovej cez Otavu v P\u00edsku\" class=\"wp-image-399611\" title=\"\" srcset=\"https:\/\/loudavymkrokem.cz\/wp-content\/uploads\/2026\/08\/lavka-dagmar-simkove-pisek.jpg 1200w, https:\/\/loudavymkrokem.cz\/wp-content\/uploads\/2026\/08\/lavka-dagmar-simkove-pisek-300x200.jpg 300w, https:\/\/loudavymkrokem.cz\/wp-content\/uploads\/2026\/08\/lavka-dagmar-simkove-pisek-700x467.jpg 700w, https:\/\/loudavymkrokem.cz\/wp-content\/uploads\/2026\/08\/lavka-dagmar-simkove-pisek-768x512.jpg 768w, https:\/\/loudavymkrokem.cz\/wp-content\/uploads\/2026\/08\/lavka-dagmar-simkove-pisek-696x464.jpg 696w\" sizes=\"(max-width: 1200px) 100vw, 1200px\" \/><button\n\t\t\tclass=\"lightbox-trigger\"\n\t\t\ttype=\"button\"\n\t\t\taria-haspopup=\"dialog\"\n\t\t\tdata-wp-bind--aria-label=\"state.thisImage.triggerButtonAriaLabel\"\n\t\t\tdata-wp-init=\"callbacks.initTriggerButton\"\n\t\t\tdata-wp-on--click=\"actions.showLightbox\"\n\t\t\tdata-wp-style--right=\"state.thisImage.buttonRight\"\n\t\t\tdata-wp-style--top=\"state.thisImage.buttonTop\"\n\t\t>\n\t\t\t<svg xmlns=\"http:\/\/www.w3.org\/2000\/svg\" width=\"12\" height=\"12\" fill=\"none\" viewBox=\"0 0 12 12\">\n\t\t\t\t<path fill=\"#fff\" d=\"M2 0a2 2 0 0 0-2 2v2h1.5V2a.5.5 0 0 1 .5-.5h2V0H2Zm2 10.5H2a.5.5 0 0 1-.5-.5V8H0v2a2 2 0 0 0 2 2h2v-1.5ZM8 12v-1.5h2a.5.5 0 0 0 .5-.5V8H12v2a2 2 0 0 1-2 2H8Zm2-12a2 2 0 0 1 2 2v2h-1.5V2a.5.5 0 0 0-.5-.5H8V0h2Z\" \/>\n\t\t\t<\/svg>\n\t\t<\/button><\/figure>\n\n\n\n<p class=\"wp-block-paragraph\">Pr\u00edbeh, ktor\u00fd by vydal na cel\u00fd film. <strong>Dagmar \u0160imkov\u00e1<\/strong> bola politick\u00e1 v\u00e4zenky\u0148a, ktor\u00fa \u0160tB zatkla pr\u00e1ve v kr\u00e1snej vile Marta tu v P\u00edsku. Str\u00e1vila roky v komunistick\u00fdch krimin\u00e1loch a nap\u00edsala o tom knihu <strong>Byly jsme tam taky<\/strong> \u2013 ak ju nepozn\u00e1\u0161, pre\u010d\u00edtaj si ju.<\/p>\n\n\n\n<p class=\"wp-block-paragraph\">V roku 2018 bola na jej po\u010des\u0165 otvoren\u00e1 elegantn\u00e1 <strong>l\u00e1vka cez Otavu<\/strong> \u2013 140 metrov dlh\u00e1, navrhol ju architekt <strong>Josef Pleskot<\/strong>, ktor\u00fd je mimochodom p\u00edseck\u00fd rod\u00e1k. L\u00e1vka je n\u00e1dhern\u00e1, vzdu\u0161n\u00e1, modern\u00e1, a pritom nesie \u0165a\u017ek\u00fd a d\u00f4le\u017eit\u00fd pr\u00edbeh. Jedno z najkraj\u0161\u00edch miest v meste na prech\u00e1dzku s ko\u010d\u00edkom aj na beh.<\/p>\n\n\n\n<h3 class=\"wp-block-heading\"><span class=\"ez-toc-section\" id=\"37_Divadlo_Franu_Sramka\"><\/span>37. Divadlo Fr\u00e1\u0148u \u0160r\u00e1mka<span class=\"ez-toc-section-end\"><\/span><\/h3>\n\n\n\n<figure data-wp-context=\"{&quot;imageId&quot;:&quot;6a9523939fd31&quot;}\" data-wp-interactive=\"core\/image\" data-wp-key=\"6a9523939fd31\" class=\"wp-block-image size-full wp-lightbox-container\"><img decoding=\"async\" width=\"1600\" height=\"1066\" data-wp-class--hide=\"state.isContentHidden\" data-wp-class--show=\"state.isContentVisible\" data-wp-init=\"callbacks.setButtonStyles\" data-wp-on--click=\"actions.showLightbox\" data-wp-on--load=\"callbacks.setButtonStyles\" data-wp-on--pointerdown=\"actions.preloadImage\" data-wp-on--pointerenter=\"actions.preloadImageWithDelay\" data-wp-on--pointerleave=\"actions.cancelPreload\" data-wp-on-window--resize=\"callbacks.setButtonStyles\" src=\"https:\/\/loudavymkrokem.cz\/wp-content\/uploads\/2026\/08\/divadlo-frani-sramka-pisek.jpg\" alt=\"Divadlo Fr\u00e1\u0148u \u0160r\u00e1mka v P\u00edsku\" class=\"wp-image-399705\" title=\"\" srcset=\"https:\/\/loudavymkrokem.cz\/wp-content\/uploads\/2026\/08\/divadlo-frani-sramka-pisek.jpg 1600w, https:\/\/loudavymkrokem.cz\/wp-content\/uploads\/2026\/08\/divadlo-frani-sramka-pisek-300x200.jpg 300w, https:\/\/loudavymkrokem.cz\/wp-content\/uploads\/2026\/08\/divadlo-frani-sramka-pisek-700x466.jpg 700w, https:\/\/loudavymkrokem.cz\/wp-content\/uploads\/2026\/08\/divadlo-frani-sramka-pisek-768x512.jpg 768w, https:\/\/loudavymkrokem.cz\/wp-content\/uploads\/2026\/08\/divadlo-frani-sramka-pisek-1536x1023.jpg 1536w, https:\/\/loudavymkrokem.cz\/wp-content\/uploads\/2026\/08\/divadlo-frani-sramka-pisek-696x464.jpg 696w, https:\/\/loudavymkrokem.cz\/wp-content\/uploads\/2026\/08\/divadlo-frani-sramka-pisek-1392x927.jpg 1392w\" sizes=\"(max-width: 1600px) 100vw, 1600px\" \/><button\n\t\t\tclass=\"lightbox-trigger\"\n\t\t\ttype=\"button\"\n\t\t\taria-haspopup=\"dialog\"\n\t\t\tdata-wp-bind--aria-label=\"state.thisImage.triggerButtonAriaLabel\"\n\t\t\tdata-wp-init=\"callbacks.initTriggerButton\"\n\t\t\tdata-wp-on--click=\"actions.showLightbox\"\n\t\t\tdata-wp-style--right=\"state.thisImage.buttonRight\"\n\t\t\tdata-wp-style--top=\"state.thisImage.buttonTop\"\n\t\t>\n\t\t\t<svg xmlns=\"http:\/\/www.w3.org\/2000\/svg\" width=\"12\" height=\"12\" fill=\"none\" viewBox=\"0 0 12 12\">\n\t\t\t\t<path fill=\"#fff\" d=\"M2 0a2 2 0 0 0-2 2v2h1.5V2a.5.5 0 0 1 .5-.5h2V0H2Zm2 10.5H2a.5.5 0 0 1-.5-.5V8H0v2a2 2 0 0 0 2 2h2v-1.5ZM8 12v-1.5h2a.5.5 0 0 0 .5-.5V8H12v2a2 2 0 0 1-2 2H8Zm2-12a2 2 0 0 1 2 2v2h-1.5V2a.5.5 0 0 0-.5-.5H8V0h2Z\" \/>\n\t\t\t<\/svg>\n\t\t<\/button><\/figure>\n\n\n\n<p class=\"wp-block-paragraph\">Kto by povedal, \u017ee z b\u00fdvalej vojenskej strelnice bude raz divadlo? Otvorilo sa v roku 1940, a to rovno Predanou nevestou \u2014 Smetana by mal asi rados\u0165. Meno Fr\u00e1\u0148u \u0160r\u00e1mka dostalo a\u017e v roku 1991.<\/p>\n\n\n\n<p class=\"wp-block-paragraph\">Vn\u00fatri n\u00e1jde\u0161 kr\u00e1snu historick\u00fa oponu a sedenie od soch\u00e1ra Libora Hurdu. Divadlo m\u00e1 svoju du\u0161u a atmosf\u00e9ru, ktor\u00fa v\u00e4\u010d\u0161ie sc\u00e9ny niekedy postr\u00e1daj\u00fa. Program stoj\u00ed za sledovanie, hr\u00e1 sa tu pravidelne a kvalitne.<\/p>\n\n\n\n<!-- LKM_GYG_CARD start q=\"pisku\" lang=\"sk\" rendered=\"2026-08-31T04:58:49+00:00\" v=\"1\" -->\n\n<!-- LKM_GYG_CARD end -->\n\n\n\n\n<div class=\"lk-stays-module\">\n<style>\n\/* \u2500\u2500\u2500 RESET PRO GUTENBERG \u2500\u2500\u2500 *\/\n.lk-stays-module * { box-sizing: border-box; margin: 0; padding: 0; }\n\n\/* \u2500\u2500\u2500 WRAPPER \u2500\u2500\u2500 *\/\n.lk-stays-module {\n  font-family: 'DM Sans', Georgia, sans-serif;\n  max-width: 100%;\n  margin: 2.5rem auto;\n  background: linear-gradient(135deg, #fdfaf5 0%, #fcf8f0 100%);\n  border: 1px solid #e8dfd4;\n  border-radius: 16px;\n  overflow: hidden;\n  box-shadow: 0 16px 48px rgba(195, 159, 118, 0.25), 0 4px 12px rgba(0,0,0,0.08);\n}\n\n\/* \u2500\u2500\u2500 HEADER \u2500\u2500\u2500 *\/\n.lk-stays-header {\n  position: relative;\n  padding: 24px 36px 24px;\n  background: linear-gradient(135deg, #c39f76 0%, #d4b188 60%, #c39f76 100%);\n  border-bottom: 1px solid rgba(255,255,255,.15);\n  display: flex;\n  align-items: center;\n  gap: 18px;\n}\n.lk-stays-header::before {\n  content: '';\n  position: absolute;\n  inset: 0;\n  background: url(\"data:image\/svg+xml,%3Csvg width='60' height='60' viewBox='0 0 60 60' xmlns='http:\/\/www.w3.org\/2000\/svg'%3E%3Cg fill='none' fill-rule='evenodd'%3E%3Cg fill='%23ffffff' fill-opacity='0.05'%3E%3Cpath d='M36 34v-4h-2v4h-4v2h4v4h2v-4h4v-2h-4zm0-30V0h-2v4h-4v2h4v4h2V6h4V4h-4zM6 34v-4H4v4H0v2h4v4h2v-4h4v-2H6zM6 4V0H4v4H0v2h4v4h2V6h4V4H6z'\/%3E%3C\/g%3E%3C\/g%3E%3C\/svg%3E\") repeat;\n  pointer-events: none;\n}\n.lk-stays-icon {\n  flex-shrink: 0;\n  width: 68px;\n  height: 68px;\n  border-radius: 14px;\n  background: linear-gradient(135deg, #fff 0%, #f9f6f0 100%);\n  display: flex;\n  align-items: center;\n  justify-content: center;\n  font-size: 26px;\n  box-shadow: 0 4px 12px rgba(0,0,0,0.15);\n}\n.lk-stays-eyebrow {\n  font-size: 10px;\n  font-weight: 500;\n  letter-spacing: 2.5px;\n  text-transform: uppercase;\n  color: rgba(255,255,255,.85);\n  margin: 0 0 5px 0;\n}\n.lk-stays-title {\n  font-family: 'Playfair Display', Georgia, serif;\n  font-size: 24px;\n  font-weight: 700;\n  color: #fff;\n  line-height: 1.2;\n  text-shadow: 0 1px 2px rgba(0,0,0,0.1);\n  margin: 0;\n}\n.lk-stays-subtitle {\n  font-size: 13px;\n  color: rgba(255,255,255,.75);\n  margin: 4px 0 0 0;\n  font-weight: 300;\n}\n\n\/* \u2500\u2500\u2500 CARDS GRID \u2500\u2500\u2500 *\/\n.lk-stays-grid {\n  display: grid;\n  grid-template-columns: 1fr 1fr;\n  gap: 1px;\n  background: rgba(195, 159, 118, 0.12);\n}\n\n\/* \u2500\u2500\u2500 SINGLE CARD \u2500\u2500\u2500 *\/\n.lk-stay-card {\n  background: #ffffff;\n  padding: 26px;\n  display: flex;\n  flex-direction: column;\n  gap: 11px;\n  transition: all 0.3s ease;\n  text-decoration: none;\n  color: inherit;\n  position: relative;\n}\n.lk-stay-card:hover {\n  background: #fffbf5;\n  transform: translateY(-2px);\n  box-shadow: 0 8px 24px rgba(195, 159, 118, 0.18);\n  z-index: 1;\n}\n.lk-stay-card.featured {\n  background: linear-gradient(135deg, #fffdf9 0%, #fff9f0 100%);\n  box-shadow: 0 4px 16px rgba(195, 159, 118, 0.15), inset 0 1px 0 rgba(195, 159, 118, 0.1);\n}\n.lk-stay-card.featured:hover {\n  background: linear-gradient(135deg, #fffbf5 0%, #fff8ed 100%);\n  box-shadow: 0 8px 24px rgba(195, 159, 118, 0.25), inset 0 1px 0 rgba(195, 159, 118, 0.15);\n}\n\n.lk-stay-badge {\n  display: inline-flex;\n  align-items: center;\n  gap: 5px;\n  font-size: 10px;\n  font-weight: 500;\n  letter-spacing: 1.5px;\n  text-transform: uppercase;\n  padding: 5px 11px;\n  border-radius: 20px;\n  width: fit-content;\n}\n.badge-top     { background: linear-gradient(135deg, #c39f76 0%, #d4b188 100%); color: #fff; border: 1px solid #c39f76; font-weight: 600; box-shadow: 0 2px 8px rgba(195,159,118,0.3); }\n.badge-luxury  { background: rgba(195,159,118,.12); color: #c39f76; border: 1px solid rgba(195,159,118,.25); }\n.badge-boutique{ background: rgba(54,133,252,.08); color: #3685fc; border: 1px solid rgba(54,133,252,.2); }\n.badge-nature  { background: rgba(130,190,100,.1); color: #6b9c4a; border: 1px solid rgba(130,190,100,.2); }\n.badge-remote  { background: rgba(195,159,118,.12); color: #a67e50; border: 1px solid rgba(195,159,118,.25); }\n\n.lk-stay-name {\n  font-family: 'Playfair Display', Georgia, serif;\n  font-size: 18px;\n  font-weight: 700;\n  color: #111827;\n  line-height: 1.3;\n}\n.lk-stay-desc {\n  font-size: 13.5px;\n  color: #525252;\n  line-height: 1.65;\n  font-weight: 300;\n  flex: 1;\n}\n\n.lk-stay-meta {\n  display: flex;\n  align-items: center;\n  gap: 12px;\n  flex-wrap: wrap;\n  margin-top: 4px;\n}\n.lk-stay-price {\n  font-size: 13px;\n  color: #6b7280;\n}\n.lk-stay-price strong {\n  color: #c39f76;\n  font-weight: 500;\n}\n.lk-stay-stars {\n  color: #c39f76;\n  font-size: 11px;\n  letter-spacing: 1px;\n}\n\n\/* \u2500\u2500\u2500 CTA BUTTON \u2500\u2500\u2500 *\/\n.lk-stay-cta {\n  display: inline-flex;\n  align-items: center;\n  justify-content: center;\n  gap: 7px;\n  margin-top: 8px;\n  padding: 11px 20px;\n  border-radius: 8px;\n  background: linear-gradient(135deg, #3685fc 0%, #2a6fd9 100%);\n  color: #fff;\n  font-size: 13px;\n  font-weight: 500;\n  text-decoration: none;\n  letter-spacing: .3px;\n  transition: all .2s ease;\n  cursor: pointer;\n  border: none;\n  text-align: center;\n  box-shadow: 0 4px 12px rgba(54, 133, 252, 0.25);\n}\n.lk-stay-cta:hover {\n  background: linear-gradient(135deg, #2a6fd9 0%, #1e5bc4 100%);\n  transform: translateY(-1px);\n  box-shadow: 0 6px 16px rgba(54, 133, 252, 0.35);\n}\n.lk-stay-cta svg { flex-shrink: 0; }\n\n\/* \u2500\u2500\u2500 FOOTER \u2500\u2500\u2500 *\/\n.lk-stays-footer {\n  padding: 18px 36px;\n  background: linear-gradient(to bottom, #fdfaf5 0%, #f9f4ed 100%);\n  border-top: 1px solid rgba(195, 159, 118, 0.15);\n  display: flex;\n  align-items: center;\n  justify-content: space-between;\n  flex-wrap: wrap;\n  gap: 12px;\n}\n.lk-stays-footer-note {\n  font-size: 11.5px;\n  color: #6b7280;\n  font-weight: 300;\n  line-height: 1.5;\n}\n.lk-stays-footer-note a {\n  color: #c39f76;\n  text-decoration: none;\n  font-weight: 400;\n}\n.lk-stays-footer-note a:hover {\n  text-decoration: underline;\n}\n.lk-stays-all-btn {\n  display: inline-flex;\n  align-items: center;\n  gap: 6px;\n  font-size: 12.5px;\n  font-weight: 500;\n  color: #c39f76;\n  text-decoration: none;\n  border: 1px solid rgba(195, 159, 118, 0.35);\n  padding: 8px 18px;\n  border-radius: 8px;\n  transition: all .2s ease;\n}\n.lk-stays-all-btn:hover {\n  background: rgba(195, 159, 118, 0.08);\n  border-color: rgba(195, 159, 118, 0.5);\n}\n\n\/* \u2500\u2500\u2500 RESPONSIVE \u2500\u2500\u2500 *\/\n@media (max-width: 600px) {\n  .lk-stays-grid { grid-template-columns: 1fr; }\n  .lk-stays-header { padding: 24px 20px; }\n  .lk-stays-footer { padding: 16px 20px; }\n  .lk-stay-card { padding: 22px; }\n  .lk-stays-title { font-size: 20px; }\n}\n<\/style>\n\n  <!-- HEADER -->\n  <div class=\"lk-stays-header\">\n    <img decoding=\"async\" src=\"https:\/\/loudavymkrokem.cz\/wp-content\/uploads\/2026\/02\/lukas-a-lucka.jpg\" alt=\"\" style=\"width: 75px; height: 75px; border-radius: 8px; flex-shrink: 0; object-fit: cover; display: block; margin: 4px 0;\" title=\"\">\n    <div class=\"lk-stays-header-text\">\n      <div class=\"lk-stays-eyebrow\">Luk\u00e1\u0161 a Lucie odpor\u00fa\u010daj\u00fa<\/div>\n      <div class=\"lk-stays-title\">Kde sa ubytova\u0165 v P\u00edsku<\/div>\n      <div class=\"lk-stays-subtitle\">5 ubytovan\u00ed \u2014 hotely a \u010fal\u0161ie mo\u017enosti ubytovania<\/div>\n    <\/div>\n  <\/div>\n\n  <!-- CARDS -->\n  <div class=\"lk-stays-grid\">\n\n    <a class=\"lk-stay-card featured\" href=\"https:\/\/www.stay22.com\/allez\/roam?aid=lukaskonecny&#038;campaign=loudavymkrokemcz&#038;campaign=sk&#038;campaign=co-videt-v-pisku&#038;hotelname=Hotel%20Biograf&#038;address=P%C3%ADsek%2C%20%C4%8Cesko\" target=\"_blank\" rel=\"nofollow noopener\">\n      <span class=\"lk-stay-badge badge-top\">\u2b50 TOP VO\u013dBA<\/span>\n      <span class=\"lk-stay-badge badge-nature\">\ud83c\udfe8 Hotel<\/span>\n      <div class=\"lk-stay-name\">Hotel Biograf<\/div>\n      <div class=\"lk-stay-desc\">4hviezdi\u010dkov\u00fd hotel v b\u00fdvalomkine. Hodnotenie 8.6\/10, modern\u00e9 izby, f\u00ednska sauna, mas\u00e1\u017ee.<\/div>\n      <div class=\"lk-stay-meta\">\n        <span class=\"lk-stay-stars\">\u2605\u2605\u2605\u2605<\/span>\n        <span class=\"lk-stay-price\">Skontrolova\u0165 ceny<\/span>\n      <\/div>\n      <span class=\"lk-stay-cta\">\n        <svg width=\"14\" height=\"14\" viewBox=\"0 0 24 24\" fill=\"none\" stroke=\"currentColor\" stroke-width=\"2\"><path d=\"M18 13v6a2 2 0 0 1-2 2H5a2 2 0 0 1-2-2V8a2 2 0 0 1 2-2h6\"\/><polyline points=\"15 3 21 3 21 9\"\/><line x1=\"10\" y1=\"14\" x2=\"21\" y2=\"3\"\/><\/svg>\n        Skontrolova\u0165 dostupnos\u0165\n      <\/span>\n    <\/a>\n\n    <a class=\"lk-stay-card\" href=\"https:\/\/www.stay22.com\/allez\/roam?aid=lukaskonecny&#038;campaign=loudavymkrokemcz&#038;campaign=sk&#038;campaign=co-videt-v-pisku&#038;hotelname=Hotel%20U%20Kapli%C4%8Dky&#038;address=P%C3%ADsek%2C%20%C4%8Cesko\" target=\"_blank\" rel=\"nofollow noopener\">\n      <span class=\"lk-stay-badge badge-nature\">\ud83c\udfe8 Hotel<\/span>\n      <div class=\"lk-stay-name\">Hotel U Kapli\u010dky<\/div>\n      <div class=\"lk-stay-desc\">Klasick\u00fd hotel s pr\u00edjemnou atmosf\u00e9rou a re\u0161taur\u00e1ciou Chapelle (Michelin Selected).<\/div>\n      <div class=\"lk-stay-meta\">\n        <span class=\"lk-stay-stars\">\u2605\u2605\u2605\u2605<\/span>\n        <span class=\"lk-stay-price\">Skontrolova\u0165 ceny<\/span>\n      <\/div>\n      <span class=\"lk-stay-cta\">\n        <svg width=\"14\" height=\"14\" viewBox=\"0 0 24 24\" fill=\"none\" stroke=\"currentColor\" stroke-width=\"2\"><path d=\"M18 13v6a2 2 0 0 1-2 2H5a2 2 0 0 1-2-2V8a2 2 0 0 1 2-2h6\"\/><polyline points=\"15 3 21 3 21 9\"\/><line x1=\"10\" y1=\"14\" x2=\"21\" y2=\"3\"\/><\/svg>\n        Skontrolova\u0165 dostupnos\u0165\n      <\/span>\n    <\/a>\n\n    <a class=\"lk-stay-card\" href=\"https:\/\/www.stay22.com\/allez\/roam?aid=lukaskonecny&#038;campaign=loudavymkrokemcz&#038;campaign=sk&#038;campaign=covidetvpisku&#038;address=P%C3%ADsek&#038;hotelname=Rezidence+U+Kamenn%C3%A9ho+mostu&#038;search=Rezidence+U+Kamenn%C3%A9ho+mostu&#038;category=accommodation\" target=\"_blank\" rel=\"nofollow noopener\">\n      <span class=\"lk-stay-badge badge-nature\">\ud83c\udfe1 Penzi\u00f3n\/B&#038;B<\/span>\n      <div class=\"lk-stay-name\">Rezidence U Kamenn\u00e9ho mostu<\/div>\n      <div class=\"lk-stay-desc\">Apartm\u00e1ny v centre mesta pri Kamennom moste.<\/div>\n      <div class=\"lk-stay-meta\">\n        <span class=\"lk-stay-stars\">\u2605\u2605\u2605\u2605<\/span>\n        <span class=\"lk-stay-price\">od 22 \u20ac\/noc<\/span>\n      <\/div>\n      <span class=\"lk-stay-cta\">\n        <svg width=\"14\" height=\"14\" viewBox=\"0 0 24 24\" fill=\"none\" stroke=\"currentColor\" stroke-width=\"2\"><path d=\"M18 13v6a2 2 0 0 1-2 2H5a2 2 0 0 1-2-2V8a2 2 0 0 1 2-2h6\"\/><polyline points=\"15 3 21 3 21 9\"\/><line x1=\"10\" y1=\"14\" x2=\"21\" y2=\"3\"\/><\/svg>\n        Skontrolova\u0165 dostupnos\u0165\n      <\/span>\n    <\/a>\n\n    <a class=\"lk-stay-card\" href=\"https:\/\/www.stay22.com\/allez\/roam?aid=lukaskonecny&#038;campaign=loudavymkrokemcz&#038;campaign=sk&#038;campaign=co-videt-v-pisku&#038;hotelname=Soho%20apartment&#038;address=P%C3%ADsek%2C%20%C4%8Cesko\" target=\"_blank\" rel=\"nofollow noopener\">\n      <span class=\"lk-stay-badge badge-nature\">\ud83c\udfe1 Penzi\u00f3n\/B&#038;B<\/span>\n      <div class=\"lk-stay-name\">Soho apartment<\/div>\n      <div class=\"lk-stay-desc\">Apartm\u00e1n v centre P\u00edsku.<\/div>\n      <div class=\"lk-stay-meta\">\n        <span class=\"lk-stay-stars\">\u2605\u2605\u2605\u2605<\/span>\n        <span class=\"lk-stay-price\">Skontrolova\u0165 ceny<\/span>\n      <\/div>\n      <span class=\"lk-stay-cta\">\n        <svg width=\"14\" height=\"14\" viewBox=\"0 0 24 24\" fill=\"none\" stroke=\"currentColor\" stroke-width=\"2\"><path d=\"M18 13v6a2 2 0 0 1-2 2H5a2 2 0 0 1-2-2V8a2 2 0 0 1 2-2h6\"\/><polyline points=\"15 3 21 3 21 9\"\/><line x1=\"10\" y1=\"14\" x2=\"21\" y2=\"3\"\/><\/svg>\n        Skontrolova\u0165 dostupnos\u0165\n      <\/span>\n    <\/a>\n\n    <a class=\"lk-stay-card\" href=\"https:\/\/www.stay22.com\/allez\/roam?aid=lukaskonecny&#038;campaign=loudavymkrokemcz&#038;campaign=sk&#038;campaign=covidetvpisku&#038;address=p\u00edsek\" target=\"_blank\" rel=\"nofollow noopener\">\n      <span class=\"lk-stay-badge badge-nature\">\ud83d\udd0d H\u013eada\u0165<\/span>\n      <div class=\"lk-stay-name\">Zobrazi\u0165 v\u0161etky ubytovania v P\u00edsku<\/div>\n      <div class=\"lk-stay-desc\">Presk\u00famajte v\u0161etky dostupn\u00e9 mo\u017enosti ubytovania v P\u00edsku a n\u00e1jdite to najlep\u0161ie pod\u013ea va\u0161ich preferenci\u00ed a rozpo\u010dtu.<\/div>\n      <div class=\"lk-stay-meta\">\n        <span class=\"lk-stay-stars\">\u2605\u2605\u2605\u2605<\/span>\n        <span class=\"lk-stay-price\">Porovna\u0165 ceny<\/span>\n      <\/div>\n      <span class=\"lk-stay-cta\">\n        <svg width=\"14\" height=\"14\" viewBox=\"0 0 24 24\" fill=\"none\" stroke=\"currentColor\" stroke-width=\"2\"><path d=\"M18 13v6a2 2 0 0 1-2 2H5a2 2 0 0 1-2-2V8a2 2 0 0 1 2-2h6\"\/><polyline points=\"15 3 21 3 21 9\"\/><line x1=\"10\" y1=\"14\" x2=\"21\" y2=\"3\"\/><\/svg>\n        Skontrolova\u0165 dostupnos\u0165\n      <\/span>\n    <\/a>\n\n  <\/div>\n\n  \n<\/div>\n\n\n\n\n<h3 class=\"wp-block-heading\"><span class=\"ez-toc-section\" id=\"38_Dekanstvo\"><\/span>38. Dekanstvo<span class=\"ez-toc-section-end\"><\/span><\/h3>\n\n\n\n<figure data-wp-context=\"{&quot;imageId&quot;:&quot;6a952393a03c8&quot;}\" data-wp-interactive=\"core\/image\" data-wp-key=\"6a952393a03c8\" class=\"wp-block-image size-full wp-lightbox-container\"><img decoding=\"async\" width=\"2200\" height=\"1467\" data-wp-class--hide=\"state.isContentHidden\" data-wp-class--show=\"state.isContentVisible\" data-wp-init=\"callbacks.setButtonStyles\" data-wp-on--click=\"actions.showLightbox\" data-wp-on--load=\"callbacks.setButtonStyles\" data-wp-on--pointerdown=\"actions.preloadImage\" data-wp-on--pointerenter=\"actions.preloadImageWithDelay\" data-wp-on--pointerleave=\"actions.cancelPreload\" data-wp-on-window--resize=\"callbacks.setButtonStyles\" src=\"https:\/\/loudavymkrokem.cz\/wp-content\/uploads\/2026\/08\/pisek-dekanstvi-bakalare.jpg\" alt=\"Budova dekanstva v ulici Bakal\u00e1\u0159e v P\u00edsku\" class=\"wp-image-399376\" title=\"\" srcset=\"https:\/\/loudavymkrokem.cz\/wp-content\/uploads\/2026\/08\/pisek-dekanstvi-bakalare.jpg 2200w, https:\/\/loudavymkrokem.cz\/wp-content\/uploads\/2026\/08\/pisek-dekanstvi-bakalare-300x200.jpg 300w, https:\/\/loudavymkrokem.cz\/wp-content\/uploads\/2026\/08\/pisek-dekanstvi-bakalare-700x467.jpg 700w, https:\/\/loudavymkrokem.cz\/wp-content\/uploads\/2026\/08\/pisek-dekanstvi-bakalare-768x512.jpg 768w, https:\/\/loudavymkrokem.cz\/wp-content\/uploads\/2026\/08\/pisek-dekanstvi-bakalare-1536x1024.jpg 1536w, https:\/\/loudavymkrokem.cz\/wp-content\/uploads\/2026\/08\/pisek-dekanstvi-bakalare-2048x1366.jpg 2048w, https:\/\/loudavymkrokem.cz\/wp-content\/uploads\/2026\/08\/pisek-dekanstvi-bakalare-696x464.jpg 696w, https:\/\/loudavymkrokem.cz\/wp-content\/uploads\/2026\/08\/pisek-dekanstvi-bakalare-1392x928.jpg 1392w, https:\/\/loudavymkrokem.cz\/wp-content\/uploads\/2026\/08\/pisek-dekanstvi-bakalare-1920x1280.jpg 1920w\" sizes=\"(max-width: 2200px) 100vw, 2200px\" \/><button\n\t\t\tclass=\"lightbox-trigger\"\n\t\t\ttype=\"button\"\n\t\t\taria-haspopup=\"dialog\"\n\t\t\tdata-wp-bind--aria-label=\"state.thisImage.triggerButtonAriaLabel\"\n\t\t\tdata-wp-init=\"callbacks.initTriggerButton\"\n\t\t\tdata-wp-on--click=\"actions.showLightbox\"\n\t\t\tdata-wp-style--right=\"state.thisImage.buttonRight\"\n\t\t\tdata-wp-style--top=\"state.thisImage.buttonTop\"\n\t\t>\n\t\t\t<svg xmlns=\"http:\/\/www.w3.org\/2000\/svg\" width=\"12\" height=\"12\" fill=\"none\" viewBox=\"0 0 12 12\">\n\t\t\t\t<path fill=\"#fff\" d=\"M2 0a2 2 0 0 0-2 2v2h1.5V2a.5.5 0 0 1 .5-.5h2V0H2Zm2 10.5H2a.5.5 0 0 1-.5-.5V8H0v2a2 2 0 0 0 2 2h2v-1.5ZM8 12v-1.5h2a.5.5 0 0 0 .5-.5V8H12v2a2 2 0 0 1-2 2H8Zm2-12a2 2 0 0 1 2 2v2h-1.5V2a.5.5 0 0 0-.5-.5H8V0h2Z\" \/>\n\t\t\t<\/svg>\n\t\t<\/button><\/figure>\n\n\n\n<p class=\"wp-block-paragraph\">Adresa Bakal\u00e1\u0159e 43\/6, hne\u010f pri kostole Narodenia Panny M\u00e1rie. Neskorobarokov\u00e1 budova s klasicistick\u00fdmi prvkami, ktorej hist\u00f3ria siaha a\u017e do 14. storo\u010dia. A to najzauj\u00edmavej\u0161ie, je doslova zrasten\u00e1 s hradbovou stenou a s\u00fa\u010das\u0165ou je gotick\u00e1 ba\u0161ta. Tak\u017ee ke\u010f vst\u00fapi\u0161, vst\u00fapi\u0161 vlastne do hradieb. Tak\u00e1 stavebn\u00e1 archeol\u00f3gia v re\u00e1li.<\/p>\n\n\n\n<h3 class=\"wp-block-heading\"><span class=\"ez-toc-section\" id=\"39_Parkany_pri_Putimskej_brane\"><\/span>39. Park\u00e1ny pri Putimskej br\u00e1ne<span class=\"ez-toc-section-end\"><\/span><\/h3>\n\n\n\n<figure data-wp-context=\"{&quot;imageId&quot;:&quot;6a952393a0875&quot;}\" data-wp-interactive=\"core\/image\" data-wp-key=\"6a952393a0875\" class=\"wp-block-image size-full wp-lightbox-container\"><img decoding=\"async\" width=\"2200\" height=\"1467\" data-wp-class--hide=\"state.isContentHidden\" data-wp-class--show=\"state.isContentVisible\" data-wp-init=\"callbacks.setButtonStyles\" data-wp-on--click=\"actions.showLightbox\" data-wp-on--load=\"callbacks.setButtonStyles\" data-wp-on--pointerdown=\"actions.preloadImage\" data-wp-on--pointerenter=\"actions.preloadImageWithDelay\" data-wp-on--pointerleave=\"actions.cancelPreload\" data-wp-on-window--resize=\"callbacks.setButtonStyles\" src=\"https:\/\/loudavymkrokem.cz\/wp-content\/uploads\/2026\/08\/pisek-parkany-hradby.jpg\" alt=\"Park\u00e1ny medzi hradbov\u00fdmi stenami v P\u00edsku\" class=\"wp-image-399377\" title=\"\" srcset=\"https:\/\/loudavymkrokem.cz\/wp-content\/uploads\/2026\/08\/pisek-parkany-hradby.jpg 2200w, https:\/\/loudavymkrokem.cz\/wp-content\/uploads\/2026\/08\/pisek-parkany-hradby-300x200.jpg 300w, https:\/\/loudavymkrokem.cz\/wp-content\/uploads\/2026\/08\/pisek-parkany-hradby-700x467.jpg 700w, https:\/\/loudavymkrokem.cz\/wp-content\/uploads\/2026\/08\/pisek-parkany-hradby-768x512.jpg 768w, https:\/\/loudavymkrokem.cz\/wp-content\/uploads\/2026\/08\/pisek-parkany-hradby-1536x1024.jpg 1536w, https:\/\/loudavymkrokem.cz\/wp-content\/uploads\/2026\/08\/pisek-parkany-hradby-2048x1366.jpg 2048w, https:\/\/loudavymkrokem.cz\/wp-content\/uploads\/2026\/08\/pisek-parkany-hradby-696x464.jpg 696w, https:\/\/loudavymkrokem.cz\/wp-content\/uploads\/2026\/08\/pisek-parkany-hradby-1392x928.jpg 1392w, https:\/\/loudavymkrokem.cz\/wp-content\/uploads\/2026\/08\/pisek-parkany-hradby-1920x1280.jpg 1920w\" sizes=\"(max-width: 2200px) 100vw, 2200px\" \/><button\n\t\t\tclass=\"lightbox-trigger\"\n\t\t\ttype=\"button\"\n\t\t\taria-haspopup=\"dialog\"\n\t\t\tdata-wp-bind--aria-label=\"state.thisImage.triggerButtonAriaLabel\"\n\t\t\tdata-wp-init=\"callbacks.initTriggerButton\"\n\t\t\tdata-wp-on--click=\"actions.showLightbox\"\n\t\t\tdata-wp-style--right=\"state.thisImage.buttonRight\"\n\t\t\tdata-wp-style--top=\"state.thisImage.buttonTop\"\n\t\t>\n\t\t\t<svg xmlns=\"http:\/\/www.w3.org\/2000\/svg\" width=\"12\" height=\"12\" fill=\"none\" viewBox=\"0 0 12 12\">\n\t\t\t\t<path fill=\"#fff\" d=\"M2 0a2 2 0 0 0-2 2v2h1.5V2a.5.5 0 0 1 .5-.5h2V0H2Zm2 10.5H2a.5.5 0 0 1-.5-.5V8H0v2a2 2 0 0 0 2 2h2v-1.5ZM8 12v-1.5h2a.5.5 0 0 0 .5-.5V8H12v2a2 2 0 0 1-2 2H8Zm2-12a2 2 0 0 1 2 2v2h-1.5V2a.5.5 0 0 0-.5-.5H8V0h2Z\" \/>\n\t\t\t<\/svg>\n\t\t<\/button><\/figure>\n\n\n\n<p class=\"wp-block-paragraph\">Priestor medzi hradbov\u00fdmi stenami, ktor\u00fd pre\u0161iel rekon\u0161trukciou a premenil sa v kr\u00e1snu oddychov\u00fa z\u00f3nu. Prieh\u013eady na star\u00e9 ba\u0161ty, lavi\u010dky, pokoj. Ide\u00e1lne miesto, ke\u010f potrebuje\u0161 na chv\u00ed\u013eu zmizn\u00fa\u0165 z ruchu centra, ale nechce\u0161 nikam \u010faleko chodi\u0165.<\/p>\n\n\n\n<h2 class=\"wp-block-heading\"><span class=\"ez-toc-section\" id=\"Co_robit_v_Pisku_s_detmi_tipy_pre_rodiny_v_meste_aj_okoli\"><\/span>\u010co robi\u0165 v P\u00edsku s de\u0165mi: tipy pre rodiny v meste aj okol\u00ed<span class=\"ez-toc-section-end\"><\/span><\/h2>\n\n\n\n<p class=\"wp-block-paragraph\">P\u00edsek je mesto, kde sa s de\u0165mi nudi\u0165 nebude\u0161. A to hovor\u00edm ako <strong>mama dvojro\u010dn\u00e9ho Jon\u00e1\u0161ka<\/strong>, s ktor\u00fdm tu tr\u00e1vim v\u00e4\u010d\u0161inu dn\u00ed. \u010ci u\u017e deti sk\u00e1\u010du po obr\u00edch expon\u00e1toch v Sladovni, k\u0155mia daniele v obore, alebo sa hraj\u00fa na ihrisk\u00e1ch v parku. Tu s\u00fa moje tipy, kam s rodinkou vyrazi\u0165 priamo v meste, a k tomu p\u00e1r v\u00fdletov do okolia, ktor\u00e9 m\u00e1me za rohom.<\/p>\n\n\n\n<p class=\"wp-block-paragraph\"><strong>Pre\u010d\u00edtaj si aj: <a href=\"https:\/\/loudavymkrokem.cz\/sk\/pisek-cesko-s-detmi\/\">P\u00edsek s de\u0165mi: 40 tipov od miestnej mamy na herni\u010dky, ihrisk\u00e1 aj v\u00fdlety<\/a><\/strong>, kde n\u00e1jde\u0161 kompletn\u00e9ho rodinn\u00e9ho sprievodcu vr\u00e1tane v\u0161etk\u00fdch herni\u010diek, ihr\u00edsk a cenn\u00edkov.<\/p>\n\n\n\n<h3 class=\"wp-block-heading\"><span class=\"ez-toc-section\" id=\"Sladovna_Pisek_Obrovska_galeria_hrou\"><\/span>Sladovna P\u00edsek: Obrovsk\u00e1 gal\u00e9ria hrou<span class=\"ez-toc-section-end\"><\/span><\/h3>\n\n\n\n<figure data-wp-context=\"{&quot;imageId&quot;:&quot;6a952393a0f1d&quot;}\" data-wp-interactive=\"core\/image\" data-wp-key=\"6a952393a0f1d\" class=\"wp-block-image size-full wp-lightbox-container\"><img decoding=\"async\" width=\"2200\" height=\"1467\" data-wp-class--hide=\"state.isContentHidden\" data-wp-class--show=\"state.isContentVisible\" data-wp-init=\"callbacks.setButtonStyles\" data-wp-on--click=\"actions.showLightbox\" data-wp-on--load=\"callbacks.setButtonStyles\" data-wp-on--pointerdown=\"actions.preloadImage\" data-wp-on--pointerenter=\"actions.preloadImageWithDelay\" data-wp-on--pointerleave=\"actions.cancelPreload\" data-wp-on-window--resize=\"callbacks.setButtonStyles\" src=\"https:\/\/loudavymkrokem.cz\/wp-content\/uploads\/2026\/08\/pisek-sladovna.jpg\" alt=\"Sladovna P\u00edsek, gal\u00e9ria hrou pre deti\" class=\"wp-image-399379\" title=\"\" srcset=\"https:\/\/loudavymkrokem.cz\/wp-content\/uploads\/2026\/08\/pisek-sladovna.jpg 2200w, https:\/\/loudavymkrokem.cz\/wp-content\/uploads\/2026\/08\/pisek-sladovna-300x200.jpg 300w, https:\/\/loudavymkrokem.cz\/wp-content\/uploads\/2026\/08\/pisek-sladovna-700x467.jpg 700w, https:\/\/loudavymkrokem.cz\/wp-content\/uploads\/2026\/08\/pisek-sladovna-768x512.jpg 768w, https:\/\/loudavymkrokem.cz\/wp-content\/uploads\/2026\/08\/pisek-sladovna-1536x1024.jpg 1536w, https:\/\/loudavymkrokem.cz\/wp-content\/uploads\/2026\/08\/pisek-sladovna-2048x1366.jpg 2048w, https:\/\/loudavymkrokem.cz\/wp-content\/uploads\/2026\/08\/pisek-sladovna-696x464.jpg 696w, https:\/\/loudavymkrokem.cz\/wp-content\/uploads\/2026\/08\/pisek-sladovna-1392x928.jpg 1392w, https:\/\/loudavymkrokem.cz\/wp-content\/uploads\/2026\/08\/pisek-sladovna-1920x1280.jpg 1920w\" sizes=\"(max-width: 2200px) 100vw, 2200px\" \/><button\n\t\t\tclass=\"lightbox-trigger\"\n\t\t\ttype=\"button\"\n\t\t\taria-haspopup=\"dialog\"\n\t\t\tdata-wp-bind--aria-label=\"state.thisImage.triggerButtonAriaLabel\"\n\t\t\tdata-wp-init=\"callbacks.initTriggerButton\"\n\t\t\tdata-wp-on--click=\"actions.showLightbox\"\n\t\t\tdata-wp-style--right=\"state.thisImage.buttonRight\"\n\t\t\tdata-wp-style--top=\"state.thisImage.buttonTop\"\n\t\t>\n\t\t\t<svg xmlns=\"http:\/\/www.w3.org\/2000\/svg\" width=\"12\" height=\"12\" fill=\"none\" viewBox=\"0 0 12 12\">\n\t\t\t\t<path fill=\"#fff\" d=\"M2 0a2 2 0 0 0-2 2v2h1.5V2a.5.5 0 0 1 .5-.5h2V0H2Zm2 10.5H2a.5.5 0 0 1-.5-.5V8H0v2a2 2 0 0 0 2 2h2v-1.5ZM8 12v-1.5h2a.5.5 0 0 0 .5-.5V8H12v2a2 2 0 0 1-2 2H8Zm2-12a2 2 0 0 1 2 2v2h-1.5V2a.5.5 0 0 0-.5-.5H8V0h2Z\" \/>\n\t\t\t<\/svg>\n\t\t<\/button><\/figure>\n\n\n\n<p class=\"wp-block-paragraph\">Toto je proste jednotka. \u0160tyri poschodia pln\u00e9 interakt\u00edvnych v\u00fdstav, kde sa deti (a priznajme si, aj rodi\u010dia) hraj\u00fa, sk\u00famaj\u00fa, stavaj\u00fa a objavuj\u00fa. Pre najmen\u0161\u00edch od 0 do 6 rokov je tu <strong>Pila\u0159i\u0161t\u011b<\/strong>, bezpe\u010dn\u00fd priestor pln\u00fd podnetov. Star\u0161ie deti pohlt\u00ed <strong>Mraveni\u0161t\u011b<\/strong> a meniace sa tematick\u00e9 v\u00fdstavy.<\/p>\n\n\n\n<p class=\"wp-block-paragraph\">Otvoren\u00e9 utorok a\u017e nede\u013ea 9\u201317 h, v lete denne vr\u00e1tane pondelka do 18 h. Vstupn\u00e9 <strong>6 \u20ac (150 K\u010d) na osobu<\/strong>, Pila\u0159i\u0161t\u011b <strong>5 \u20ac (120 K\u010d)<\/strong>, rodinn\u00e9 vstupn\u00e9 2+2 vyjde na 21 \u20ac (500 K\u010d) a deti do 3 rokov s\u00fa zadarmo. A d\u00f4le\u017eit\u00e1 rada \u2013 <strong>rezervuj si online<\/strong>, hlavne cez v\u00edkendy a pr\u00e1zdniny, preto\u017ee b\u00fdva plno.<\/p>\n\n\n\n<h3 class=\"wp-block-heading\"><span class=\"ez-toc-section\" id=\"Sochy_z_piesku_na_naplavke_byvale_Cipiskoviste\"><\/span>Sochy z piesku na n\u00e1plavke (b\u00fdval\u00e9 Cip\u00edskovi\u0161t\u011b)<span class=\"ez-toc-section-end\"><\/span><\/h3>\n\n\n\n<figure data-wp-context=\"{&quot;imageId&quot;:&quot;6a952393a14e3&quot;}\" data-wp-interactive=\"core\/image\" data-wp-key=\"6a952393a14e3\" class=\"wp-block-image size-full wp-lightbox-container\"><img decoding=\"async\" width=\"2000\" height=\"1333\" data-wp-class--hide=\"state.isContentHidden\" data-wp-class--show=\"state.isContentVisible\" data-wp-init=\"callbacks.setButtonStyles\" data-wp-on--click=\"actions.showLightbox\" data-wp-on--load=\"callbacks.setButtonStyles\" data-wp-on--pointerdown=\"actions.preloadImage\" data-wp-on--pointerenter=\"actions.preloadImageWithDelay\" data-wp-on--pointerleave=\"actions.cancelPreload\" data-wp-on-window--resize=\"callbacks.setButtonStyles\" src=\"https:\/\/loudavymkrokem.cz\/wp-content\/uploads\/2026\/08\/sochy-z-pisku-naplavka-kamenny-most.jpg\" alt=\"Sochy z piesku na n\u00e1plavke Otavy pri Kamennom moste v P\u00edsku\" class=\"wp-image-399607\" title=\"\" srcset=\"https:\/\/loudavymkrokem.cz\/wp-content\/uploads\/2026\/08\/sochy-z-pisku-naplavka-kamenny-most.jpg 2000w, https:\/\/loudavymkrokem.cz\/wp-content\/uploads\/2026\/08\/sochy-z-pisku-naplavka-kamenny-most-300x200.jpg 300w, https:\/\/loudavymkrokem.cz\/wp-content\/uploads\/2026\/08\/sochy-z-pisku-naplavka-kamenny-most-700x467.jpg 700w, https:\/\/loudavymkrokem.cz\/wp-content\/uploads\/2026\/08\/sochy-z-pisku-naplavka-kamenny-most-768x512.jpg 768w, https:\/\/loudavymkrokem.cz\/wp-content\/uploads\/2026\/08\/sochy-z-pisku-naplavka-kamenny-most-1536x1024.jpg 1536w, https:\/\/loudavymkrokem.cz\/wp-content\/uploads\/2026\/08\/sochy-z-pisku-naplavka-kamenny-most-696x464.jpg 696w, https:\/\/loudavymkrokem.cz\/wp-content\/uploads\/2026\/08\/sochy-z-pisku-naplavka-kamenny-most-1392x928.jpg 1392w, https:\/\/loudavymkrokem.cz\/wp-content\/uploads\/2026\/08\/sochy-z-pisku-naplavka-kamenny-most-1920x1280.jpg 1920w\" sizes=\"(max-width: 2000px) 100vw, 2000px\" \/><button\n\t\t\tclass=\"lightbox-trigger\"\n\t\t\ttype=\"button\"\n\t\t\taria-haspopup=\"dialog\"\n\t\t\tdata-wp-bind--aria-label=\"state.thisImage.triggerButtonAriaLabel\"\n\t\t\tdata-wp-init=\"callbacks.initTriggerButton\"\n\t\t\tdata-wp-on--click=\"actions.showLightbox\"\n\t\t\tdata-wp-style--right=\"state.thisImage.buttonRight\"\n\t\t\tdata-wp-style--top=\"state.thisImage.buttonTop\"\n\t\t>\n\t\t\t<svg xmlns=\"http:\/\/www.w3.org\/2000\/svg\" width=\"12\" height=\"12\" fill=\"none\" viewBox=\"0 0 12 12\">\n\t\t\t\t<path fill=\"#fff\" d=\"M2 0a2 2 0 0 0-2 2v2h1.5V2a.5.5 0 0 1 .5-.5h2V0H2Zm2 10.5H2a.5.5 0 0 1-.5-.5V8H0v2a2 2 0 0 0 2 2h2v-1.5ZM8 12v-1.5h2a.5.5 0 0 0 .5-.5V8H12v2a2 2 0 0 1-2 2H8Zm2-12a2 2 0 0 1 2 2v2h-1.5V2a.5.5 0 0 0-.5-.5H8V0h2Z\" \/>\n\t\t\t<\/svg>\n\t\t<\/button><\/figure>\n\n\n\n<p class=\"wp-block-paragraph\">Obrie pieskov\u00e9 sochy priamo pri Kamennom moste, na n\u00e1plavke Otavy. Ka\u017ed\u00fd rok nov\u00e1 t\u00e9ma, nov\u00fd \u00fa\u017eas. Akcia sa predt\u00fdm volala Cip\u00edskovi\u0161t\u011b, ale dnes sa ofici\u00e1lne vol\u00e1 Sochy z piesku v P\u00edsku a na jar ju sprev\u00e1dza rodinn\u00fd festival P\u00edskovi\u0161t\u011b. Funguje od jari do leta a je zadarmo, proste pr\u00edde\u0161 a pozer\u00e1\u0161. Deti s\u00fa z toho paf.<\/p>\n\n\n\n<h3 class=\"wp-block-heading\"><span class=\"ez-toc-section\" id=\"Travel_Cafe_kaviaren_s_pieskoviskom\"><\/span>Travel Cafe: kaviare\u0148 s pieskoviskom<span class=\"ez-toc-section-end\"><\/span><\/h3>\n\n\n\n<figure data-wp-context=\"{&quot;imageId&quot;:&quot;6a952393a1aa5&quot;}\" data-wp-interactive=\"core\/image\" data-wp-key=\"6a952393a1aa5\" class=\"wp-block-image size-full wp-lightbox-container\"><img decoding=\"async\" width=\"2200\" height=\"1650\" data-wp-class--hide=\"state.isContentHidden\" data-wp-class--show=\"state.isContentVisible\" data-wp-init=\"callbacks.setButtonStyles\" data-wp-on--click=\"actions.showLightbox\" data-wp-on--load=\"callbacks.setButtonStyles\" data-wp-on--pointerdown=\"actions.preloadImage\" data-wp-on--pointerenter=\"actions.preloadImageWithDelay\" data-wp-on--pointerleave=\"actions.cancelPreload\" data-wp-on-window--resize=\"callbacks.setButtonStyles\" src=\"https:\/\/loudavymkrokem.cz\/wp-content\/uploads\/2026\/08\/pisek-travel-cafe-piskoviste-domecek.jpg\" alt=\"Pieskovisko s dom\u010dekom na z\u00e1hradke Travel Cafe v P\u00edsku\" class=\"wp-image-399550\" title=\"\" srcset=\"https:\/\/loudavymkrokem.cz\/wp-content\/uploads\/2026\/08\/pisek-travel-cafe-piskoviste-domecek.jpg 2200w, https:\/\/loudavymkrokem.cz\/wp-content\/uploads\/2026\/08\/pisek-travel-cafe-piskoviste-domecek-300x225.jpg 300w, https:\/\/loudavymkrokem.cz\/wp-content\/uploads\/2026\/08\/pisek-travel-cafe-piskoviste-domecek-700x525.jpg 700w, https:\/\/loudavymkrokem.cz\/wp-content\/uploads\/2026\/08\/pisek-travel-cafe-piskoviste-domecek-768x576.jpg 768w, https:\/\/loudavymkrokem.cz\/wp-content\/uploads\/2026\/08\/pisek-travel-cafe-piskoviste-domecek-1536x1152.jpg 1536w, https:\/\/loudavymkrokem.cz\/wp-content\/uploads\/2026\/08\/pisek-travel-cafe-piskoviste-domecek-2048x1536.jpg 2048w, https:\/\/loudavymkrokem.cz\/wp-content\/uploads\/2026\/08\/pisek-travel-cafe-piskoviste-domecek-80x60.jpg 80w, https:\/\/loudavymkrokem.cz\/wp-content\/uploads\/2026\/08\/pisek-travel-cafe-piskoviste-domecek-160x120.jpg 160w, https:\/\/loudavymkrokem.cz\/wp-content\/uploads\/2026\/08\/pisek-travel-cafe-piskoviste-domecek-696x522.jpg 696w, https:\/\/loudavymkrokem.cz\/wp-content\/uploads\/2026\/08\/pisek-travel-cafe-piskoviste-domecek-1392x1044.jpg 1392w, https:\/\/loudavymkrokem.cz\/wp-content\/uploads\/2026\/08\/pisek-travel-cafe-piskoviste-domecek-1920x1440.jpg 1920w\" sizes=\"(max-width: 2200px) 100vw, 2200px\" \/><button\n\t\t\tclass=\"lightbox-trigger\"\n\t\t\ttype=\"button\"\n\t\t\taria-haspopup=\"dialog\"\n\t\t\tdata-wp-bind--aria-label=\"state.thisImage.triggerButtonAriaLabel\"\n\t\t\tdata-wp-init=\"callbacks.initTriggerButton\"\n\t\t\tdata-wp-on--click=\"actions.showLightbox\"\n\t\t\tdata-wp-style--right=\"state.thisImage.buttonRight\"\n\t\t\tdata-wp-style--top=\"state.thisImage.buttonTop\"\n\t\t>\n\t\t\t<svg xmlns=\"http:\/\/www.w3.org\/2000\/svg\" width=\"12\" height=\"12\" fill=\"none\" viewBox=\"0 0 12 12\">\n\t\t\t\t<path fill=\"#fff\" d=\"M2 0a2 2 0 0 0-2 2v2h1.5V2a.5.5 0 0 1 .5-.5h2V0H2Zm2 10.5H2a.5.5 0 0 1-.5-.5V8H0v2a2 2 0 0 0 2 2h2v-1.5ZM8 12v-1.5h2a.5.5 0 0 0 .5-.5V8H12v2a2 2 0 0 1-2 2H8Zm2-12a2 2 0 0 1 2 2v2h-1.5V2a.5.5 0 0 0-.5-.5H8V0h2Z\" \/>\n\t\t\t<\/svg>\n\t\t<\/button><\/figure>\n\n\n\n<p class=\"wp-block-paragraph\">Toto je <strong>na\u0161a rodinn\u00e1 st\u00e1lica<\/strong> a pod\u013ea m\u0148a najlep\u0161ia kaviare\u0148 v P\u00edsku. <strong>Travel Cafe<\/strong> n\u00e1jde\u0161 v Komensk\u00e9ho ulici pod gymn\u00e1ziom, dve min\u00faty od Ve\u013ek\u00e9ho n\u00e1mestia. R\u00e1no ra\u0148ajky a brunch, cez de\u0148 bistro s v\u00fdberovou k\u00e1vou, ve\u010der poh\u00e1rik v\u00edna, a hlavne <strong>z\u00e1hradka vo vn\u00fatrobloku s pieskoviskom a dom\u010dekom<\/strong>, v\u010faka ktorej si k\u00e1vu naozaj v pokoji dopije\u0161. Sed\u00edme tu skoro v\u017edy vonku a najeme sa v\u0161etci: maj\u00fa perfektn\u00e9 ra\u0148ajky a \u013eahk\u00e9 obedy a n\u00e1\u0161 mal\u00fd si d\u00e1va lievance. V lete tu organizuj\u00fa aj detsk\u00e9 predstavenia.<\/p>\n\n\n\n<p class=\"wp-block-paragraph\">\ud83d\udca1 <strong>Tip:<\/strong> Detsk\u00fd k\u00fatik maj\u00fa aj <strong>SOHO Cafe<\/strong> na Ve\u013ekom n\u00e1mest\u00ed, <strong>Sova na V\u011btvi<\/strong> pri Kamennom moste a <strong>Upekla<\/strong> v kni\u017enici (pieskovisko vo vn\u00fatrobloku).<\/p>\n\n\n\n<h3 class=\"wp-block-heading\"><span class=\"ez-toc-section\" id=\"Hernicky_v_Pisku_Myska_herna_a_spol\"><\/span>Herni\u010dky v P\u00edsku: My\u0161ka herna a spol.<span class=\"ez-toc-section-end\"><\/span><\/h3>\n\n\n\n<figure data-wp-context=\"{&quot;imageId&quot;:&quot;6a952393a2094&quot;}\" data-wp-interactive=\"core\/image\" data-wp-key=\"6a952393a2094\" class=\"wp-block-image size-full wp-lightbox-container\"><img decoding=\"async\" width=\"2200\" height=\"1467\" data-wp-class--hide=\"state.isContentHidden\" data-wp-class--show=\"state.isContentVisible\" data-wp-init=\"callbacks.setButtonStyles\" data-wp-on--click=\"actions.showLightbox\" data-wp-on--load=\"callbacks.setButtonStyles\" data-wp-on--pointerdown=\"actions.preloadImage\" data-wp-on--pointerenter=\"actions.preloadImageWithDelay\" data-wp-on--pointerleave=\"actions.cancelPreload\" data-wp-on-window--resize=\"callbacks.setButtonStyles\" src=\"https:\/\/loudavymkrokem.cz\/wp-content\/uploads\/2026\/08\/pisek-myska-herna-bazenek-s-micky.jpg\" alt=\"Baz\u00e9nik s lopti\u010dkami v My\u0161ka herni v P\u00edsku\" class=\"wp-image-399531\" title=\"\" srcset=\"https:\/\/loudavymkrokem.cz\/wp-content\/uploads\/2026\/08\/pisek-myska-herna-bazenek-s-micky.jpg 2200w, https:\/\/loudavymkrokem.cz\/wp-content\/uploads\/2026\/08\/pisek-myska-herna-bazenek-s-micky-300x200.jpg 300w, https:\/\/loudavymkrokem.cz\/wp-content\/uploads\/2026\/08\/pisek-myska-herna-bazenek-s-micky-700x467.jpg 700w, https:\/\/loudavymkrokem.cz\/wp-content\/uploads\/2026\/08\/pisek-myska-herna-bazenek-s-micky-768x512.jpg 768w, https:\/\/loudavymkrokem.cz\/wp-content\/uploads\/2026\/08\/pisek-myska-herna-bazenek-s-micky-1536x1024.jpg 1536w, https:\/\/loudavymkrokem.cz\/wp-content\/uploads\/2026\/08\/pisek-myska-herna-bazenek-s-micky-2048x1366.jpg 2048w, https:\/\/loudavymkrokem.cz\/wp-content\/uploads\/2026\/08\/pisek-myska-herna-bazenek-s-micky-696x464.jpg 696w, https:\/\/loudavymkrokem.cz\/wp-content\/uploads\/2026\/08\/pisek-myska-herna-bazenek-s-micky-1392x928.jpg 1392w, https:\/\/loudavymkrokem.cz\/wp-content\/uploads\/2026\/08\/pisek-myska-herna-bazenek-s-micky-1920x1280.jpg 1920w\" sizes=\"(max-width: 2200px) 100vw, 2200px\" \/><button\n\t\t\tclass=\"lightbox-trigger\"\n\t\t\ttype=\"button\"\n\t\t\taria-haspopup=\"dialog\"\n\t\t\tdata-wp-bind--aria-label=\"state.thisImage.triggerButtonAriaLabel\"\n\t\t\tdata-wp-init=\"callbacks.initTriggerButton\"\n\t\t\tdata-wp-on--click=\"actions.showLightbox\"\n\t\t\tdata-wp-style--right=\"state.thisImage.buttonRight\"\n\t\t\tdata-wp-style--top=\"state.thisImage.buttonTop\"\n\t\t>\n\t\t\t<svg xmlns=\"http:\/\/www.w3.org\/2000\/svg\" width=\"12\" height=\"12\" fill=\"none\" viewBox=\"0 0 12 12\">\n\t\t\t\t<path fill=\"#fff\" d=\"M2 0a2 2 0 0 0-2 2v2h1.5V2a.5.5 0 0 1 .5-.5h2V0H2Zm2 10.5H2a.5.5 0 0 1-.5-.5V8H0v2a2 2 0 0 0 2 2h2v-1.5ZM8 12v-1.5h2a.5.5 0 0 0 .5-.5V8H12v2a2 2 0 0 1-2 2H8Zm2-12a2 2 0 0 1 2 2v2h-1.5V2a.5.5 0 0 0-.5-.5H8V0h2Z\" \/>\n\t\t\t<\/svg>\n\t\t<\/button><\/figure>\n\n\n\n<p class=\"wp-block-paragraph\">Ke\u010f po\u010dasie nepraje, zachra\u0148uj\u00fa n\u00e1s herni\u010dky. Najv\u00e4\u010d\u0161ie vn\u00fatorn\u00e9 ihrisko v meste je <strong>My\u0161ka herna<\/strong> (V Porty\u010di 450): prelieza\u010dky, \u0161myk\u013eavky, trampol\u00edna, molitanov\u00e9 stavebnice a kaviare\u0148 pre rodi\u010dov. Vybavenie je u\u017e dos\u0165 zastaran\u00e9, ale dodnes je to najv\u00e4\u010d\u0161ia herni\u010dka v P\u00edsku, tak\u017ee tam chod\u00edme. Celodenn\u00fd vstup pre die\u0165a od 1 do 10 rokov stoj\u00ed <strong>5 \u20ac (129 K\u010d)<\/strong>, hodina 3,50 \u20ac (84 K\u010d), dospel\u00ed 2 \u20ac (50 K\u010d), v piatok je zatvoren\u00e9. Bato\u013eat\u00e1 od roka do troch ocenia \u0161tvrtkov\u00e9 <strong>montessori pracovne Fazole<\/strong> (8 \u20ac, max. 6 det\u00ed), \u0161kol\u00e1ci zase <strong>lezeck\u00e9 centrum LezeTop<\/strong> s detskou stenou alebo <strong>Laser Ar\u00e9nu<\/strong> v obchodnom dome Luna.<\/p>\n\n\n\n<p class=\"wp-block-paragraph\">Kompletn\u00fd preh\u013ead herni\u010diek aj s otv\u00e1rac\u00edmi hodinami a cenami n\u00e1jde\u0161 v \u010dl\u00e1nku <a href=\"https:\/\/loudavymkrokem.cz\/sk\/pisek-cesko-s-detmi\/\">P\u00edsek s de\u0165mi<\/a> a priebe\u017ene aktualizovan\u00fd zoznam herni\u010diek, kaviarn\u00ed s k\u00fatikom a ihr\u00edsk na <a href=\"https:\/\/pisek.info\/deti\/hernicky\" target=\"_blank\" rel=\"noopener\">pisek.info\/deti\/hernicky<\/a>.<\/p>\n\n\n\n<h3 class=\"wp-block-heading\"><span class=\"ez-toc-section\" id=\"Oborka_U_Vodaka\"><\/span>Ob\u00f4rka U Vod\u00e1ka<span class=\"ez-toc-section-end\"><\/span><\/h3>\n\n\n\n<figure data-wp-context=\"{&quot;imageId&quot;:&quot;6a952393a2671&quot;}\" data-wp-interactive=\"core\/image\" data-wp-key=\"6a952393a2671\" class=\"wp-block-image size-full wp-lightbox-container\"><img decoding=\"async\" width=\"960\" height=\"640\" data-wp-class--hide=\"state.isContentHidden\" data-wp-class--show=\"state.isContentVisible\" data-wp-init=\"callbacks.setButtonStyles\" data-wp-on--click=\"actions.showLightbox\" data-wp-on--load=\"callbacks.setButtonStyles\" data-wp-on--pointerdown=\"actions.preloadImage\" data-wp-on--pointerenter=\"actions.preloadImageWithDelay\" data-wp-on--pointerleave=\"actions.cancelPreload\" data-wp-on-window--resize=\"callbacks.setButtonStyles\" src=\"https:\/\/loudavymkrokem.cz\/wp-content\/uploads\/2026\/08\/oburka-u-vodaka-danci.jpg\" alt=\"Daniele v ob\u00f4rke U Vod\u00e1ka v P\u00edseck\u00fdch hor\u00e1ch\" class=\"wp-image-399639\" title=\"\" srcset=\"https:\/\/loudavymkrokem.cz\/wp-content\/uploads\/2026\/08\/oburka-u-vodaka-danci.jpg 960w, https:\/\/loudavymkrokem.cz\/wp-content\/uploads\/2026\/08\/oburka-u-vodaka-danci-300x200.jpg 300w, https:\/\/loudavymkrokem.cz\/wp-content\/uploads\/2026\/08\/oburka-u-vodaka-danci-700x467.jpg 700w, https:\/\/loudavymkrokem.cz\/wp-content\/uploads\/2026\/08\/oburka-u-vodaka-danci-768x512.jpg 768w, https:\/\/loudavymkrokem.cz\/wp-content\/uploads\/2026\/08\/oburka-u-vodaka-danci-696x464.jpg 696w\" sizes=\"(max-width: 960px) 100vw, 960px\" \/><button\n\t\t\tclass=\"lightbox-trigger\"\n\t\t\ttype=\"button\"\n\t\t\taria-haspopup=\"dialog\"\n\t\t\tdata-wp-bind--aria-label=\"state.thisImage.triggerButtonAriaLabel\"\n\t\t\tdata-wp-init=\"callbacks.initTriggerButton\"\n\t\t\tdata-wp-on--click=\"actions.showLightbox\"\n\t\t\tdata-wp-style--right=\"state.thisImage.buttonRight\"\n\t\t\tdata-wp-style--top=\"state.thisImage.buttonTop\"\n\t\t>\n\t\t\t<svg xmlns=\"http:\/\/www.w3.org\/2000\/svg\" width=\"12\" height=\"12\" fill=\"none\" viewBox=\"0 0 12 12\">\n\t\t\t\t<path fill=\"#fff\" d=\"M2 0a2 2 0 0 0-2 2v2h1.5V2a.5.5 0 0 1 .5-.5h2V0H2Zm2 10.5H2a.5.5 0 0 1-.5-.5V8H0v2a2 2 0 0 0 2 2h2v-1.5ZM8 12v-1.5h2a.5.5 0 0 0 .5-.5V8H12v2a2 2 0 0 1-2 2H8Zm2-12a2 2 0 0 1 2 2v2h-1.5V2a.5.5 0 0 0-.5-.5H8V0h2Z\" \/>\n\t\t\t<\/svg>\n\t\t<\/button><\/figure>\n\n\n\n<p class=\"wp-block-paragraph\">Lesn\u00e1 obora, kde <strong>mufl\u00f3ny a daniele<\/strong> pozoruje\u0161 z vyhliadkovej plo\u0161iny a popri plote. Zvierat\u00e1 s\u00fa na \u013eud\u00ed zvyknut\u00e9, tak\u017ee ich skoro v\u017edy uvid\u00ed\u0161, a najm\u00e4 daniele sa radi nechaj\u00fa obdivova\u0165. Prech\u00e1dzka je nen\u00e1ro\u010dn\u00e1, zvl\u00e1dnu ju aj mal\u00e9 no\u017ei\u010dky, a les okolo je kr\u00e1sny v ka\u017edom ro\u010dnom obdob\u00ed.<\/p>\n\n\n\n<h3 class=\"wp-block-heading\"><span class=\"ez-toc-section\" id=\"Chata_Zivec_a_3D_bludisko\"><\/span>Chata \u017divec a 3D bludisko<span class=\"ez-toc-section-end\"><\/span><\/h3>\n\n\n\n<figure data-wp-context=\"{&quot;imageId&quot;:&quot;6a952393a2c19&quot;}\" data-wp-interactive=\"core\/image\" data-wp-key=\"6a952393a2c19\" class=\"wp-block-image size-full wp-lightbox-container\"><img decoding=\"async\" width=\"1200\" height=\"600\" data-wp-class--hide=\"state.isContentHidden\" data-wp-class--show=\"state.isContentVisible\" data-wp-init=\"callbacks.setButtonStyles\" data-wp-on--click=\"actions.showLightbox\" data-wp-on--load=\"callbacks.setButtonStyles\" data-wp-on--pointerdown=\"actions.preloadImage\" data-wp-on--pointerenter=\"actions.preloadImageWithDelay\" data-wp-on--pointerleave=\"actions.cancelPreload\" data-wp-on-window--resize=\"callbacks.setButtonStyles\" src=\"https:\/\/loudavymkrokem.cz\/wp-content\/uploads\/2026\/08\/chata-zivec-3d-bludiste-pisecke-hory.jpg\" alt=\"Lanov\u00e9 ihrisko a 3D bludisko pri chate \u017divec v P\u00edseck\u00fdch hor\u00e1ch\" class=\"wp-image-399626\" title=\"\" srcset=\"https:\/\/loudavymkrokem.cz\/wp-content\/uploads\/2026\/08\/chata-zivec-3d-bludiste-pisecke-hory.jpg 1200w, https:\/\/loudavymkrokem.cz\/wp-content\/uploads\/2026\/08\/chata-zivec-3d-bludiste-pisecke-hory-300x150.jpg 300w, https:\/\/loudavymkrokem.cz\/wp-content\/uploads\/2026\/08\/chata-zivec-3d-bludiste-pisecke-hory-700x350.jpg 700w, https:\/\/loudavymkrokem.cz\/wp-content\/uploads\/2026\/08\/chata-zivec-3d-bludiste-pisecke-hory-768x384.jpg 768w, https:\/\/loudavymkrokem.cz\/wp-content\/uploads\/2026\/08\/chata-zivec-3d-bludiste-pisecke-hory-696x348.jpg 696w\" sizes=\"(max-width: 1200px) 100vw, 1200px\" \/><button\n\t\t\tclass=\"lightbox-trigger\"\n\t\t\ttype=\"button\"\n\t\t\taria-haspopup=\"dialog\"\n\t\t\tdata-wp-bind--aria-label=\"state.thisImage.triggerButtonAriaLabel\"\n\t\t\tdata-wp-init=\"callbacks.initTriggerButton\"\n\t\t\tdata-wp-on--click=\"actions.showLightbox\"\n\t\t\tdata-wp-style--right=\"state.thisImage.buttonRight\"\n\t\t\tdata-wp-style--top=\"state.thisImage.buttonTop\"\n\t\t>\n\t\t\t<svg xmlns=\"http:\/\/www.w3.org\/2000\/svg\" width=\"12\" height=\"12\" fill=\"none\" viewBox=\"0 0 12 12\">\n\t\t\t\t<path fill=\"#fff\" d=\"M2 0a2 2 0 0 0-2 2v2h1.5V2a.5.5 0 0 1 .5-.5h2V0H2Zm2 10.5H2a.5.5 0 0 1-.5-.5V8H0v2a2 2 0 0 0 2 2h2v-1.5ZM8 12v-1.5h2a.5.5 0 0 0 .5-.5V8H12v2a2 2 0 0 1-2 2H8Zm2-12a2 2 0 0 1 2 2v2h-1.5V2a.5.5 0 0 0-.5-.5H8V0h2Z\" \/>\n\t\t\t<\/svg>\n\t\t<\/button><\/figure>\n\n\n\n<p class=\"wp-block-paragraph\">V P\u00edseck\u00fdch hor\u00e1ch n\u00e1jde\u0161 chatu \u017divec s lesn\u00fdm ihriskom a hlavne <strong>sie\u0165ov\u00fdm bludiskom v korun\u00e1ch stromov<\/strong>. Deti tam lez\u00fa, preliezaj\u00fa, visia vo vzduchu a s\u00fa absol\u00fatne v rau\u0161i. Pre rodi\u010dov: dole je ob\u010derstvenie a lavi\u010dky. Tak\u017ee pohoda. \ud83d\ude01<\/p>\n\n\n\n<h3 class=\"wp-block-heading\"><span class=\"ez-toc-section\" id=\"Mestsky_ostrov\"><\/span>Mestsk\u00fd ostrov<span class=\"ez-toc-section-end\"><\/span><\/h3>\n\n\n\n<figure data-wp-context=\"{&quot;imageId&quot;:&quot;6a952393a3229&quot;}\" data-wp-interactive=\"core\/image\" data-wp-key=\"6a952393a3229\" class=\"wp-block-image size-full wp-lightbox-container\"><img decoding=\"async\" width=\"1200\" height=\"800\" data-wp-class--hide=\"state.isContentHidden\" data-wp-class--show=\"state.isContentVisible\" data-wp-init=\"callbacks.setButtonStyles\" data-wp-on--click=\"actions.showLightbox\" data-wp-on--load=\"callbacks.setButtonStyles\" data-wp-on--pointerdown=\"actions.preloadImage\" data-wp-on--pointerenter=\"actions.preloadImageWithDelay\" data-wp-on--pointerleave=\"actions.cancelPreload\" data-wp-on-window--resize=\"callbacks.setButtonStyles\" src=\"https:\/\/loudavymkrokem.cz\/wp-content\/uploads\/2026\/08\/mestsky-ostrov-pisek-zahradka.jpg\" alt=\"Letn\u00e1 z\u00e1hradka na Mestskom ostrove v P\u00edsku\" class=\"wp-image-399671\" title=\"\" srcset=\"https:\/\/loudavymkrokem.cz\/wp-content\/uploads\/2026\/08\/mestsky-ostrov-pisek-zahradka.jpg 1200w, https:\/\/loudavymkrokem.cz\/wp-content\/uploads\/2026\/08\/mestsky-ostrov-pisek-zahradka-300x200.jpg 300w, https:\/\/loudavymkrokem.cz\/wp-content\/uploads\/2026\/08\/mestsky-ostrov-pisek-zahradka-700x467.jpg 700w, https:\/\/loudavymkrokem.cz\/wp-content\/uploads\/2026\/08\/mestsky-ostrov-pisek-zahradka-768x512.jpg 768w, https:\/\/loudavymkrokem.cz\/wp-content\/uploads\/2026\/08\/mestsky-ostrov-pisek-zahradka-696x464.jpg 696w\" sizes=\"(max-width: 1200px) 100vw, 1200px\" \/><button\n\t\t\tclass=\"lightbox-trigger\"\n\t\t\ttype=\"button\"\n\t\t\taria-haspopup=\"dialog\"\n\t\t\tdata-wp-bind--aria-label=\"state.thisImage.triggerButtonAriaLabel\"\n\t\t\tdata-wp-init=\"callbacks.initTriggerButton\"\n\t\t\tdata-wp-on--click=\"actions.showLightbox\"\n\t\t\tdata-wp-style--right=\"state.thisImage.buttonRight\"\n\t\t\tdata-wp-style--top=\"state.thisImage.buttonTop\"\n\t\t>\n\t\t\t<svg xmlns=\"http:\/\/www.w3.org\/2000\/svg\" width=\"12\" height=\"12\" fill=\"none\" viewBox=\"0 0 12 12\">\n\t\t\t\t<path fill=\"#fff\" d=\"M2 0a2 2 0 0 0-2 2v2h1.5V2a.5.5 0 0 1 .5-.5h2V0H2Zm2 10.5H2a.5.5 0 0 1-.5-.5V8H0v2a2 2 0 0 0 2 2h2v-1.5ZM8 12v-1.5h2a.5.5 0 0 0 .5-.5V8H12v2a2 2 0 0 1-2 2H8Zm2-12a2 2 0 0 1 2 2v2h-1.5V2a.5.5 0 0 0-.5-.5H8V0h2Z\" \/>\n\t\t\t<\/svg>\n\t\t<\/button><\/figure>\n\n\n\n<p class=\"wp-block-paragraph\">Ostrov uprostred Otavy \u2013 znie to rozpr\u00e1vkovo a trochu to tak aj vyzer\u00e1. Ihrisko pre deti, minigolf, po\u017ei\u010dov\u0148a lo\u010fiek a re\u0161taur\u00e1cia s v\u00fdh\u013eadom na rieku. V lete ide\u00e1lne miesto na cel\u00e9 popoludnie. Deti sa hraj\u00fa, ty sed\u00ed\u0161 s pivom alebo limon\u00e1dou a pozer\u00e1\u0161 sa na vodu. \u010co viac chcie\u0165.<\/p>\n\n\n\n<h3 class=\"wp-block-heading\"><span class=\"ez-toc-section\" id=\"Hernajs\"><\/span>Hernajs<span class=\"ez-toc-section-end\"><\/span><\/h3>\n\n\n\n<figure data-wp-context=\"{&quot;imageId&quot;:&quot;6a952393a3813&quot;}\" data-wp-interactive=\"core\/image\" data-wp-key=\"6a952393a3813\" class=\"wp-block-image size-full wp-lightbox-container\"><img decoding=\"async\" width=\"2200\" height=\"1455\" data-wp-class--hide=\"state.isContentHidden\" data-wp-class--show=\"state.isContentVisible\" data-wp-init=\"callbacks.setButtonStyles\" data-wp-on--click=\"actions.showLightbox\" data-wp-on--load=\"callbacks.setButtonStyles\" data-wp-on--pointerdown=\"actions.preloadImage\" data-wp-on--pointerenter=\"actions.preloadImageWithDelay\" data-wp-on--pointerleave=\"actions.cancelPreload\" data-wp-on-window--resize=\"callbacks.setButtonStyles\" src=\"https:\/\/loudavymkrokem.cz\/wp-content\/uploads\/2026\/08\/pisek-hernajs-hernicka-az-na-pudu.jpg\" alt=\"Herni\u010dka Hernajs v P\u00edsku\" class=\"wp-image-399527\" title=\"\" srcset=\"https:\/\/loudavymkrokem.cz\/wp-content\/uploads\/2026\/08\/pisek-hernajs-hernicka-az-na-pudu.jpg 2200w, https:\/\/loudavymkrokem.cz\/wp-content\/uploads\/2026\/08\/pisek-hernajs-hernicka-az-na-pudu-300x198.jpg 300w, https:\/\/loudavymkrokem.cz\/wp-content\/uploads\/2026\/08\/pisek-hernajs-hernicka-az-na-pudu-700x463.jpg 700w, https:\/\/loudavymkrokem.cz\/wp-content\/uploads\/2026\/08\/pisek-hernajs-hernicka-az-na-pudu-768x508.jpg 768w, https:\/\/loudavymkrokem.cz\/wp-content\/uploads\/2026\/08\/pisek-hernajs-hernicka-az-na-pudu-1536x1016.jpg 1536w, https:\/\/loudavymkrokem.cz\/wp-content\/uploads\/2026\/08\/pisek-hernajs-hernicka-az-na-pudu-2048x1354.jpg 2048w, https:\/\/loudavymkrokem.cz\/wp-content\/uploads\/2026\/08\/pisek-hernajs-hernicka-az-na-pudu-696x460.jpg 696w, https:\/\/loudavymkrokem.cz\/wp-content\/uploads\/2026\/08\/pisek-hernajs-hernicka-az-na-pudu-1392x921.jpg 1392w, https:\/\/loudavymkrokem.cz\/wp-content\/uploads\/2026\/08\/pisek-hernajs-hernicka-az-na-pudu-1920x1270.jpg 1920w\" sizes=\"(max-width: 2200px) 100vw, 2200px\" \/><button\n\t\t\tclass=\"lightbox-trigger\"\n\t\t\ttype=\"button\"\n\t\t\taria-haspopup=\"dialog\"\n\t\t\tdata-wp-bind--aria-label=\"state.thisImage.triggerButtonAriaLabel\"\n\t\t\tdata-wp-init=\"callbacks.initTriggerButton\"\n\t\t\tdata-wp-on--click=\"actions.showLightbox\"\n\t\t\tdata-wp-style--right=\"state.thisImage.buttonRight\"\n\t\t\tdata-wp-style--top=\"state.thisImage.buttonTop\"\n\t\t>\n\t\t\t<svg xmlns=\"http:\/\/www.w3.org\/2000\/svg\" width=\"12\" height=\"12\" fill=\"none\" viewBox=\"0 0 12 12\">\n\t\t\t\t<path fill=\"#fff\" d=\"M2 0a2 2 0 0 0-2 2v2h1.5V2a.5.5 0 0 1 .5-.5h2V0H2Zm2 10.5H2a.5.5 0 0 1-.5-.5V8H0v2a2 2 0 0 0 2 2h2v-1.5ZM8 12v-1.5h2a.5.5 0 0 0 .5-.5V8H12v2a2 2 0 0 1-2 2H8Zm2-12a2 2 0 0 1 2 2v2h-1.5V2a.5.5 0 0 0-.5-.5H8V0h2Z\" \/>\n\t\t\t<\/svg>\n\t\t<\/button><\/figure>\n\n\n\n<p class=\"wp-block-paragraph\"><strong><a href=\"https:\/\/www.instagram.com\/her.najs\/\" target=\"_blank\" data-type=\"link\" data-id=\"https:\/\/www.instagram.com\/her.najs\/\" rel=\"noreferrer noopener\">Hernajs<\/a><\/strong> n\u00e1jde\u0161 v Jungmannovej ulici, v tom istom dome ako kaviare\u0148 <strong>A\u017e na p\u016fdu<\/strong>. Maj\u00fa spolo\u010dn\u00fd vchod, ale <strong>herni\u010dka ku kaviarni nepatr\u00ed<\/strong> \u2014 je to samostatn\u00fd podnik na poschod\u00ed a k\u00e1vu si k de\u0165om m\u00f4\u017ee\u0161 len vzia\u0165 so sebou. Je mal\u00e1 a nie je tu priestor na behanie, tak\u017ee sadne hlavne bato\u013eat\u00e1m zhruba do dvoch rokov. O dielni\u010dk\u00e1ch a zmyslohr\u00e1tkach informuj\u00fa na svojom Instagrame, program sa ale hrozne men\u00ed a \u010dasto sa pr\u00e1ve nekonaj\u00fa.<\/p>\n\n\n\n<h3 class=\"wp-block-heading\"><span class=\"ez-toc-section\" id=\"Mini_Academy\"><\/span>Mini Academy<span class=\"ez-toc-section-end\"><\/span><\/h3>\n\n\n\n<p class=\"wp-block-paragraph\"><strong><a href=\"https:\/\/miniacademy.cz\/?gad_source=1&amp;gad_campaignid=22872992318&amp;gbraid=0AAAABAVHf7aeYOGgZ9GHDcgoWE_YHNW6K&amp;gclid=Cj0KCQjw1ZjOBhCmARIsADDuFTAF61N7iieFbWaKkfCkX_axM0q7-K4YjE_rgSqdVOEvNxjLs5s5jeMaAh7MEALw_wcB\" target=\"_blank\" data-type=\"link\" data-id=\"https:\/\/miniacademy.cz\/?gad_source=1&amp;gad_campaignid=22872992318&amp;gbraid=0AAAABAVHf7aeYOGgZ9GHDcgoWE_YHNW6K&amp;gclid=Cj0KCQjw1ZjOBhCmARIsADDuFTAF61N7iieFbWaKkfCkX_axM0q7-K4YjE_rgSqdVOEvNxjLs5s5jeMaAh7MEALw_wcB\" rel=\"noreferrer noopener\">Detsk\u00e9 centrum<\/a><\/strong>, kde pon\u00faka zmyslohranie, angli\u010dtinu pre najmen\u0161\u00edch, cvi\u010denie s bato\u013eatami a dokonca mini diskot\u00e9ku. Programy sa menia, tak\u017ee sa oplat\u00ed sledova\u0165 ich str\u00e1nky. Pre rodi\u010dov s mal\u00fdmi de\u0165mi je to z\u00e1chrana, stretne\u0161 tu aj \u010fal\u0161ie rodiny z P\u00edsku.<\/p>\n\n\n\n<h3 class=\"wp-block-heading\"><span class=\"ez-toc-section\" id=\"Dopravne_ihrisko_u_Vaclava\"><\/span>Dopravn\u00e9 ihrisko u V\u00e1clava<span class=\"ez-toc-section-end\"><\/span><\/h3>\n\n\n\n<figure data-wp-context=\"{&quot;imageId&quot;:&quot;6a952393a3eee&quot;}\" data-wp-interactive=\"core\/image\" data-wp-key=\"6a952393a3eee\" class=\"wp-block-image size-full wp-lightbox-container\"><img decoding=\"async\" width=\"1024\" height=\"461\" data-wp-class--hide=\"state.isContentHidden\" data-wp-class--show=\"state.isContentVisible\" data-wp-init=\"callbacks.setButtonStyles\" data-wp-on--click=\"actions.showLightbox\" data-wp-on--load=\"callbacks.setButtonStyles\" data-wp-on--pointerdown=\"actions.preloadImage\" data-wp-on--pointerenter=\"actions.preloadImageWithDelay\" data-wp-on--pointerleave=\"actions.cancelPreload\" data-wp-on-window--resize=\"callbacks.setButtonStyles\" src=\"https:\/\/loudavymkrokem.cz\/wp-content\/uploads\/2026\/08\/dopravni-hriste-u-sv-vaclava-pisek.jpg\" alt=\"Detsk\u00e9 dopravn\u00e9 ihrisko pri sv. V\u00e1clavovi v P\u00edsku po rekon\u0161trukcii\" class=\"wp-image-399632\" title=\"\" srcset=\"https:\/\/loudavymkrokem.cz\/wp-content\/uploads\/2026\/08\/dopravni-hriste-u-sv-vaclava-pisek.jpg 1024w, https:\/\/loudavymkrokem.cz\/wp-content\/uploads\/2026\/08\/dopravni-hriste-u-sv-vaclava-pisek-300x135.jpg 300w, https:\/\/loudavymkrokem.cz\/wp-content\/uploads\/2026\/08\/dopravni-hriste-u-sv-vaclava-pisek-700x315.jpg 700w, https:\/\/loudavymkrokem.cz\/wp-content\/uploads\/2026\/08\/dopravni-hriste-u-sv-vaclava-pisek-768x346.jpg 768w, https:\/\/loudavymkrokem.cz\/wp-content\/uploads\/2026\/08\/dopravni-hriste-u-sv-vaclava-pisek-696x313.jpg 696w\" sizes=\"(max-width: 1024px) 100vw, 1024px\" \/><button\n\t\t\tclass=\"lightbox-trigger\"\n\t\t\ttype=\"button\"\n\t\t\taria-haspopup=\"dialog\"\n\t\t\tdata-wp-bind--aria-label=\"state.thisImage.triggerButtonAriaLabel\"\n\t\t\tdata-wp-init=\"callbacks.initTriggerButton\"\n\t\t\tdata-wp-on--click=\"actions.showLightbox\"\n\t\t\tdata-wp-style--right=\"state.thisImage.buttonRight\"\n\t\t\tdata-wp-style--top=\"state.thisImage.buttonTop\"\n\t\t>\n\t\t\t<svg xmlns=\"http:\/\/www.w3.org\/2000\/svg\" width=\"12\" height=\"12\" fill=\"none\" viewBox=\"0 0 12 12\">\n\t\t\t\t<path fill=\"#fff\" d=\"M2 0a2 2 0 0 0-2 2v2h1.5V2a.5.5 0 0 1 .5-.5h2V0H2Zm2 10.5H2a.5.5 0 0 1-.5-.5V8H0v2a2 2 0 0 0 2 2h2v-1.5ZM8 12v-1.5h2a.5.5 0 0 0 .5-.5V8H12v2a2 2 0 0 1-2 2H8Zm2-12a2 2 0 0 1 2 2v2h-1.5V2a.5.5 0 0 0-.5-.5H8V0h2Z\" \/>\n\t\t\t<\/svg>\n\t\t<\/button><\/figure>\n\n\n\n<p class=\"wp-block-paragraph\">Pri plav\u00e1rni n\u00e1jde\u0161 zrekon\u0161truovan\u00e9 dopravn\u00e9 ihrisko so semaformi, kruhov\u00fdm objazdom a v\u0161etk\u00fdm, \u010do mal\u00ed vodi\u010di potrebuj\u00fa. Deti sa tu u\u010dia pravidl\u00e1 cestnej prem\u00e1vky a pritom sa bavia. A preto\u017ee je tu aj <strong>YEZ Caf\u00e9<\/strong> s pieskoviskom pre najmen\u0161\u00edch, ty sa medzit\u00fdm v pokoji naje\u0161 a mlad\u0161\u00ed s\u00farodenci sa zabavia tie\u017e. Praktick\u00e9, z\u00e1bavn\u00e9, funk\u010dn\u00e9.<\/p>\n\n\n\n<h3 class=\"wp-block-heading\"><span class=\"ez-toc-section\" id=\"Nase_zvieratka_Putim_minizoo_zadarmo\"><\/span>Na\u0161e zvieratk\u00e1 Putim: minizoo zadarmo<span class=\"ez-toc-section-end\"><\/span><\/h3>\n\n\n\n<figure data-wp-context=\"{&quot;imageId&quot;:&quot;6a952393a4445&quot;}\" data-wp-interactive=\"core\/image\" data-wp-key=\"6a952393a4445\" class=\"wp-block-image size-full wp-lightbox-container\"><img decoding=\"async\" width=\"1000\" height=\"563\" data-wp-class--hide=\"state.isContentHidden\" data-wp-class--show=\"state.isContentVisible\" data-wp-init=\"callbacks.setButtonStyles\" data-wp-on--click=\"actions.showLightbox\" data-wp-on--load=\"callbacks.setButtonStyles\" data-wp-on--pointerdown=\"actions.preloadImage\" data-wp-on--pointerenter=\"actions.preloadImageWithDelay\" data-wp-on--pointerleave=\"actions.cancelPreload\" data-wp-on-window--resize=\"callbacks.setButtonStyles\" src=\"https:\/\/loudavymkrokem.cz\/wp-content\/uploads\/2026\/08\/nase-zviratka-putim-klokan.jpg\" alt=\"Kengura v minizoo Na\u0161e zvieratk\u00e1 v Putimi\" class=\"wp-image-399583\" title=\"\" srcset=\"https:\/\/loudavymkrokem.cz\/wp-content\/uploads\/2026\/08\/nase-zviratka-putim-klokan.jpg 1000w, https:\/\/loudavymkrokem.cz\/wp-content\/uploads\/2026\/08\/nase-zviratka-putim-klokan-300x169.jpg 300w, https:\/\/loudavymkrokem.cz\/wp-content\/uploads\/2026\/08\/nase-zviratka-putim-klokan-700x394.jpg 700w, https:\/\/loudavymkrokem.cz\/wp-content\/uploads\/2026\/08\/nase-zviratka-putim-klokan-768x432.jpg 768w, https:\/\/loudavymkrokem.cz\/wp-content\/uploads\/2026\/08\/nase-zviratka-putim-klokan-696x392.jpg 696w\" sizes=\"(max-width: 1000px) 100vw, 1000px\" \/><button\n\t\t\tclass=\"lightbox-trigger\"\n\t\t\ttype=\"button\"\n\t\t\taria-haspopup=\"dialog\"\n\t\t\tdata-wp-bind--aria-label=\"state.thisImage.triggerButtonAriaLabel\"\n\t\t\tdata-wp-init=\"callbacks.initTriggerButton\"\n\t\t\tdata-wp-on--click=\"actions.showLightbox\"\n\t\t\tdata-wp-style--right=\"state.thisImage.buttonRight\"\n\t\t\tdata-wp-style--top=\"state.thisImage.buttonTop\"\n\t\t>\n\t\t\t<svg xmlns=\"http:\/\/www.w3.org\/2000\/svg\" width=\"12\" height=\"12\" fill=\"none\" viewBox=\"0 0 12 12\">\n\t\t\t\t<path fill=\"#fff\" d=\"M2 0a2 2 0 0 0-2 2v2h1.5V2a.5.5 0 0 1 .5-.5h2V0H2Zm2 10.5H2a.5.5 0 0 1-.5-.5V8H0v2a2 2 0 0 0 2 2h2v-1.5ZM8 12v-1.5h2a.5.5 0 0 0 .5-.5V8H12v2a2 2 0 0 1-2 2H8Zm2-12a2 2 0 0 1 2 2v2h-1.5V2a.5.5 0 0 0-.5-.5H8V0h2Z\" \/>\n\t\t\t<\/svg>\n\t\t<\/button><\/figure>\n\n\n\n<p class=\"wp-block-paragraph\">Toto je m\u00f4j ob\u013e\u00faben\u00fd tip pre najmen\u0161ie deti. V Putimi, <strong>desa\u0165 min\u00fat autom od P\u00edsku<\/strong>, funguje rodinn\u00e1 minizoo Na\u0161e zvieratk\u00e1, kde stretne\u0161 kengury, surikaty, kozy, dravce aj hovoriaceho krkavca, a k tomu je tu retro ihrisko s hojda\u010dkami a pieskoviskom. A teraz to najlep\u0161ie: <strong>vstup je zadarmo<\/strong>, plat\u00ed sa len dobrovo\u013en\u00fd pr\u00edspevok do pokladni\u010dky (odpor\u00fa\u010daj\u00fa 2 a\u017e 4 \u20ac \/ 50 a\u017e 100 K\u010d), otvoren\u00e9 maj\u00fa denne od 9 do 19 hod\u00edn.<\/p>\n\n\n\n<p class=\"wp-block-paragraph\">\ud83d\udca1 <strong>Tip:<\/strong> Spoj to s prech\u00e1dzkou po Putimi, dedine presl\u00e1venej \u0160vejkom. A ak tvoje deti sn\u00edvaj\u00fa o ko\u0148och, k\u00fasok za P\u00edskom v Smrkoviciach je <strong>St\u00e1j Merlin<\/strong>, kde sa d\u00e1 dohodn\u00fa\u0165 jazda na pon\u00edkovi alebo prech\u00e1dzka s lamou \u010di alpakou. Len volaj vopred, v\u0161etko tu funguje na objedn\u00e1vku a ceny maj\u00fa na dotaz.<\/p>\n\n\n\n<h3 class=\"wp-block-heading\"><span class=\"ez-toc-section\" id=\"Plavaren_u_Vaclava_kupanie_s_vyhladom_na_Otavu\"><\/span>Plav\u00e1re\u0148 u V\u00e1clava: k\u00fapanie s v\u00fdh\u013eadom na Otavu<span class=\"ez-toc-section-end\"><\/span><\/h3>\n\n\n\n<p class=\"wp-block-paragraph\">Ke\u010f je hor\u00fa\u010dava, mieria p\u00edseck\u00e9 rodiny na plav\u00e1re\u0148 u V\u00e1clava, ktor\u00e1 tu funguje u\u017e cez 75 rokov. Je to tak\u00e1 klasika na brehu rieky: <strong>detsk\u00fd baz\u00e9n so \u0161myk\u013eavkou, brodisko<\/strong> a kto chce, zapl\u00e1v\u00e1 si rovno v Otave. Dospel\u00ed zaplatia <strong>3,70 \u20ac (90 K\u010d) na de\u0148<\/strong>, deti do 140 cm 2,50 \u20ac (60 K\u010d) a rodinn\u00e9 vstupn\u00e9 vyjde na 9 \u20ac (225 K\u010d), \u010do je pod\u013ea m\u0148a viac ne\u017e f\u00e9rov\u00e9. V are\u00e1li si navy\u0161e po\u017ei\u010dia\u0161 lo\u010fku za p\u00e1r eur na hodinu a ob\u010derstvenie je hne\u010f pri vode.<\/p>\n\n\n\n<h3 class=\"wp-block-heading\"><span class=\"ez-toc-section\" id=\"Na_lodke_po_Otave_vodactvo_aj_pre_rodiny\"><\/span>Na lo\u010fke po Otave: vod\u00e1ctvo aj pre rodiny<span class=\"ez-toc-section-end\"><\/span><\/h3>\n\n\n\n<p class=\"wp-block-paragraph\">Otava okolo P\u00edsku je pokojn\u00e1 a pomal\u00e1 rieka, ide\u00e1lna pre prv\u00e9 vod\u00e1cke pokusy s de\u0165mi. Po\u017ei\u010dovne vozia lode zadarmo priamo do P\u00edsku, <strong>rodinn\u00e1 k\u00e1noe pre dvoch dospel\u00fdch a dve deti stoj\u00ed okolo 31 \u20ac (750 K\u010d) na de\u0148<\/strong>, ve\u013ek\u00fd raft pre \u0161es\u0165 \u013eud\u00ed asi 64 \u20ac (1 550 K\u010d), a v cene s\u00fa vesty, sudy aj p\u00e1dla. Nemus\u00ed\u0161 hne\u010f pl\u00e1nova\u0165 celodenn\u00fa v\u00fdpravu, po\u017ei\u010dovne vedia aj <strong>kr\u00e1tke popolud\u0148aj\u0161ie plavby na hodinu a pol a\u017e tri hodiny<\/strong>, konkr\u00e9tny \u00fasek ti poradia pod\u013ea aktu\u00e1lneho stavu vody.<\/p>\n\n\n\n<h3 class=\"wp-block-heading\"><span class=\"ez-toc-section\" id=\"Zemeraj_pri_Kovarove_den_v_ranom_stredoveku\"><\/span>Zem\u011br\u00e1j pri Kov\u00e1\u0159ove: de\u0148 v ranom stredoveku<span class=\"ez-toc-section-end\"><\/span><\/h3>\n\n\n\n<figure data-wp-context=\"{&quot;imageId&quot;:&quot;6a952393a4be4&quot;}\" data-wp-interactive=\"core\/image\" data-wp-key=\"6a952393a4be4\" class=\"wp-block-image size-full wp-lightbox-container\"><img decoding=\"async\" width=\"1400\" height=\"550\" data-wp-class--hide=\"state.isContentHidden\" data-wp-class--show=\"state.isContentVisible\" data-wp-init=\"callbacks.setButtonStyles\" data-wp-on--click=\"actions.showLightbox\" data-wp-on--load=\"callbacks.setButtonStyles\" data-wp-on--pointerdown=\"actions.preloadImage\" data-wp-on--pointerenter=\"actions.preloadImageWithDelay\" data-wp-on--pointerleave=\"actions.cancelPreload\" data-wp-on-window--resize=\"callbacks.setButtonStyles\" src=\"https:\/\/loudavymkrokem.cz\/wp-content\/uploads\/2026\/08\/zemeraj-kovarov-lidova-staveni.jpg\" alt=\"\u013dudov\u00e9 stavisk\u00e1 v z\u00e1\u017eitkovom parku Zem\u011br\u00e1j pri Kov\u00e1\u0159ove\" class=\"wp-image-399579\" title=\"\" srcset=\"https:\/\/loudavymkrokem.cz\/wp-content\/uploads\/2026\/08\/zemeraj-kovarov-lidova-staveni.jpg 1400w, https:\/\/loudavymkrokem.cz\/wp-content\/uploads\/2026\/08\/zemeraj-kovarov-lidova-staveni-300x118.jpg 300w, https:\/\/loudavymkrokem.cz\/wp-content\/uploads\/2026\/08\/zemeraj-kovarov-lidova-staveni-700x275.jpg 700w, https:\/\/loudavymkrokem.cz\/wp-content\/uploads\/2026\/08\/zemeraj-kovarov-lidova-staveni-768x302.jpg 768w, https:\/\/loudavymkrokem.cz\/wp-content\/uploads\/2026\/08\/zemeraj-kovarov-lidova-staveni-696x273.jpg 696w, https:\/\/loudavymkrokem.cz\/wp-content\/uploads\/2026\/08\/zemeraj-kovarov-lidova-staveni-1392x547.jpg 1392w\" sizes=\"(max-width: 1400px) 100vw, 1400px\" \/><button\n\t\t\tclass=\"lightbox-trigger\"\n\t\t\ttype=\"button\"\n\t\t\taria-haspopup=\"dialog\"\n\t\t\tdata-wp-bind--aria-label=\"state.thisImage.triggerButtonAriaLabel\"\n\t\t\tdata-wp-init=\"callbacks.initTriggerButton\"\n\t\t\tdata-wp-on--click=\"actions.showLightbox\"\n\t\t\tdata-wp-style--right=\"state.thisImage.buttonRight\"\n\t\t\tdata-wp-style--top=\"state.thisImage.buttonTop\"\n\t\t>\n\t\t\t<svg xmlns=\"http:\/\/www.w3.org\/2000\/svg\" width=\"12\" height=\"12\" fill=\"none\" viewBox=\"0 0 12 12\">\n\t\t\t\t<path fill=\"#fff\" d=\"M2 0a2 2 0 0 0-2 2v2h1.5V2a.5.5 0 0 1 .5-.5h2V0H2Zm2 10.5H2a.5.5 0 0 1-.5-.5V8H0v2a2 2 0 0 0 2 2h2v-1.5ZM8 12v-1.5h2a.5.5 0 0 0 .5-.5V8H12v2a2 2 0 0 1-2 2H8Zm2-12a2 2 0 0 1 2 2v2h-1.5V2a.5.5 0 0 0-.5-.5H8V0h2Z\" \/>\n\t\t\t<\/svg>\n\t\t<\/button><\/figure>\n\n\n\n<p class=\"wp-block-paragraph\">Na tento v\u00fdlet si vyhra\u010f cel\u00fd de\u0148. Z\u00e1\u017eitkov\u00fd park <strong>Zem\u011br\u00e1j<\/strong> pri Kov\u00e1\u0159ove (asi 35 min\u00fat autom smerom na Milevsko) je o\u017eiven\u00fd archeoskanzen ranostredovekej dediny, kde si deti v\u0161etko osahaj\u00fa: melie sa obilie, sk\u00fa\u0161aj\u00fa sa dobov\u00e9 remesl\u00e1 a k tomu je tu <strong>kilometrov\u00fd chodn\u00edk <a class=\"thirstylink\" rel=\"nofollow\" target=\"_blank\" title=\"Naboso\" href=\"https:\/\/loudavymkrokem.cz\/sk\/doporucujeme\/naboso\/\" data-shortcode=\"true\">naboso<\/a><\/strong>, vodn\u00e9 ihrisko, bludisko a viac ne\u017e stovka hier a hlavolamov rozosiatych po are\u00e1li.<\/p>\n\n\n\n<p class=\"wp-block-paragraph\">Vstupn\u00e9 je <strong>8 \u20ac (190 K\u010d) pre dospel\u00fdch a 7 \u20ac (170 K\u010d) pre deti od 2 rokov<\/strong>, men\u0161ie deti zadarmo a parkovanie tie\u017e. Otvoren\u00e9 je od m\u00e1ja do konca septembra, po\u010das pr\u00e1zdnin denne od 9:30 do 18:30, mimo pr\u00e1zdnin hlavne cez v\u00edkendy. \ud83d\udca1 <strong>Tip:<\/strong> Na chodn\u00edk <a class=\"thirstylink\" rel=\"nofollow\" target=\"_blank\" title=\"Naboso\" href=\"https:\/\/loudavymkrokem.cz\/sk\/doporucujeme\/naboso\/\" data-shortcode=\"true\">naboso<\/a> priba\u013e uter\u00e1k na opl\u00e1chnutie n\u00f4h, bude\u0161 ho chcie\u0165.<\/p>\n\n\n\n<h3 class=\"wp-block-heading\"><span class=\"ez-toc-section\" id=\"Vlacikom_Elinka_cez_most_Duha\"><\/span>Vl\u00e1\u010dikom Elinka cez most Duha<span class=\"ez-toc-section-end\"><\/span><\/h3>\n\n\n\n<p class=\"wp-block-paragraph\">Toto je srdcovka pre mal\u00fdch aj ve\u013ek\u00fdch fan\u00fa\u0161ikov ma\u0161iniek. Cez pr\u00e1zdninov\u00e9 soboty vych\u00e1dza na tra\u0165 z T\u00e1bora do Bechyne historick\u00fd elektrick\u00fd voze\u0148 <strong>Elinka z roku 1903<\/strong>, najstar\u0161\u00ed svojho druhu v \u010cesku, a s n\u00edm par\u00e1dna lokomot\u00edva Bobinka. Tra\u0165 je mimochodom pam\u00e4tn\u00e1, ide o prv\u00fa elektrifikovan\u00fa dr\u00e1hu u n\u00e1s a vlak cestou prech\u00e1dza aj sl\u00e1vny <strong>most Bechy\u0148sk\u00e1 duha<\/strong>.<\/p>\n\n\n\n<p class=\"wp-block-paragraph\">Z P\u00edsku je najpohodlnej\u0161ie pr\u00eds\u0165 do Bechyne (pol hodiny autom) a nast\u00fapi\u0165 na sp\u00e4tn\u00e9 spoje okolo 11:25 a 15:25. L\u00edstok stoj\u00ed <strong>8 \u20ac (200 K\u010d) pre dospel\u00fdch a 4 \u20ac (100 K\u010d) pre deti<\/strong> od 6 do 15 rokov. Aktu\u00e1lne term\u00edny a \u010dasy si pred cestou over u \u010cesk\u00fdch dr\u00e1h, ka\u017ed\u00fd rok sa m\u00f4\u017eu trochu l\u00ed\u0161i\u0165.<\/p>\n\n\n\n<h2 class=\"wp-block-heading\"><span class=\"ez-toc-section\" id=\"Co_robit_v_Pisku_ked_prsi\"><\/span>\u010co robi\u0165 v P\u00edsku, ke\u010f pr\u0161\u00ed<span class=\"ez-toc-section-end\"><\/span><\/h2>\n\n\n\n<figure data-wp-context=\"{&quot;imageId&quot;:&quot;6a952393a5317&quot;}\" data-wp-interactive=\"core\/image\" data-wp-key=\"6a952393a5317\" class=\"wp-block-image size-full wp-lightbox-container\"><img decoding=\"async\" width=\"2200\" height=\"1467\" data-wp-class--hide=\"state.isContentHidden\" data-wp-class--show=\"state.isContentVisible\" data-wp-init=\"callbacks.setButtonStyles\" data-wp-on--click=\"actions.showLightbox\" data-wp-on--load=\"callbacks.setButtonStyles\" data-wp-on--pointerdown=\"actions.preloadImage\" data-wp-on--pointerenter=\"actions.preloadImageWithDelay\" data-wp-on--pointerleave=\"actions.cancelPreload\" data-wp-on-window--resize=\"callbacks.setButtonStyles\" src=\"https:\/\/loudavymkrokem.cz\/wp-content\/uploads\/2026\/08\/pisek-prachenske-muzeum-nadvori.jpg\" alt=\"N\u00e1dvorie p\u00edseck\u00e9ho hradu s Pr\u00e1che\u0148sk\u00fdm m\u00fazeom\" class=\"wp-image-399341\" title=\"\" srcset=\"https:\/\/loudavymkrokem.cz\/wp-content\/uploads\/2026\/08\/pisek-prachenske-muzeum-nadvori.jpg 2200w, https:\/\/loudavymkrokem.cz\/wp-content\/uploads\/2026\/08\/pisek-prachenske-muzeum-nadvori-300x200.jpg 300w, https:\/\/loudavymkrokem.cz\/wp-content\/uploads\/2026\/08\/pisek-prachenske-muzeum-nadvori-700x467.jpg 700w, https:\/\/loudavymkrokem.cz\/wp-content\/uploads\/2026\/08\/pisek-prachenske-muzeum-nadvori-768x512.jpg 768w, https:\/\/loudavymkrokem.cz\/wp-content\/uploads\/2026\/08\/pisek-prachenske-muzeum-nadvori-1536x1024.jpg 1536w, https:\/\/loudavymkrokem.cz\/wp-content\/uploads\/2026\/08\/pisek-prachenske-muzeum-nadvori-2048x1366.jpg 2048w, https:\/\/loudavymkrokem.cz\/wp-content\/uploads\/2026\/08\/pisek-prachenske-muzeum-nadvori-696x464.jpg 696w, https:\/\/loudavymkrokem.cz\/wp-content\/uploads\/2026\/08\/pisek-prachenske-muzeum-nadvori-1392x928.jpg 1392w, https:\/\/loudavymkrokem.cz\/wp-content\/uploads\/2026\/08\/pisek-prachenske-muzeum-nadvori-1920x1280.jpg 1920w\" sizes=\"(max-width: 2200px) 100vw, 2200px\" \/><button\n\t\t\tclass=\"lightbox-trigger\"\n\t\t\ttype=\"button\"\n\t\t\taria-haspopup=\"dialog\"\n\t\t\tdata-wp-bind--aria-label=\"state.thisImage.triggerButtonAriaLabel\"\n\t\t\tdata-wp-init=\"callbacks.initTriggerButton\"\n\t\t\tdata-wp-on--click=\"actions.showLightbox\"\n\t\t\tdata-wp-style--right=\"state.thisImage.buttonRight\"\n\t\t\tdata-wp-style--top=\"state.thisImage.buttonTop\"\n\t\t>\n\t\t\t<svg xmlns=\"http:\/\/www.w3.org\/2000\/svg\" width=\"12\" height=\"12\" fill=\"none\" viewBox=\"0 0 12 12\">\n\t\t\t\t<path fill=\"#fff\" d=\"M2 0a2 2 0 0 0-2 2v2h1.5V2a.5.5 0 0 1 .5-.5h2V0H2Zm2 10.5H2a.5.5 0 0 1-.5-.5V8H0v2a2 2 0 0 0 2 2h2v-1.5ZM8 12v-1.5h2a.5.5 0 0 0 .5-.5V8H12v2a2 2 0 0 1-2 2H8Zm2-12a2 2 0 0 1 2 2v2h-1.5V2a.5.5 0 0 0-.5-.5H8V0h2Z\" \/>\n\t\t\t<\/svg>\n\t\t<\/button><\/figure>\n\n\n\n<p class=\"wp-block-paragraph\">Da\u017ediv\u00fd de\u0148 v P\u00edsku nie je d\u00f4vod bali\u0165 kufre. Vlastne, a to hovor\u00edm \u00faprimne, niektor\u00e9 z najlep\u0161\u00edch z\u00e1\u017eitkov s\u00fa tu pr\u00e1ve pod strechou. <strong>Tu je zoznam miest, kam sa schova\u0165, bez toho, aby si mal pocit, \u017ee len zab\u00edja\u0161 \u010das.<\/strong><\/p>\n\n\n\n<ul class=\"wp-block-list\">\n<li><strong>Sladovna<\/strong> \u2013 jasn\u00e1 vo\u013eba \u010d\u00edslo jedna. \u0160tyri poschodia z\u00e1bavy pre cel\u00fa rodinu, pokojne tu str\u00e1v\u00ed\u0161 cel\u00e9 dopoludnie aj popoludnie.<\/li>\n\n\n\n<li><strong>Pr\u00e1che\u0148sk\u00e9 m\u00fazeum<\/strong> \u2013 gotick\u00fd hrad, zbierky od praveku po s\u00fa\u010dasnos\u0165. V da\u017edi m\u00e1 t\u00e1 atmosf\u00e9ra e\u0161te v\u00e4\u010d\u0161iu silu.<\/li>\n\n\n\n<li><strong>K\u0159i\u017e\u00edkova elektr\u00e1re\u0148<\/strong> \u2013 pozor, aktu\u00e1lne je <strong>zatvoren\u00e1<\/strong> kv\u00f4li rekon\u0161trukcii. Ale sleduj, kedy sa otvor\u00ed, preto\u017ee to bude st\u00e1\u0165 za to.<\/li>\n\n\n\n<li><strong>Kaviarne<\/strong> \u2013 v P\u00edsku je kaviarensk\u00e1 sc\u00e9na prekvapivo bohat\u00e1. Zvo\u013e <strong>Balz\u00e1m caf\u00e9<\/strong> na pokojn\u00e9 posedenie, <strong>Sova na V\u011btvi<\/strong> na v\u00fdborn\u00fa k\u00e1vu, <strong>A\u017e na p\u016fdu<\/strong> na ra\u0148ajky a posedenie vo dvore, <strong>Frame<\/strong> pre modern\u00fd dizajn a hrn\u010dek k\u00e1vy alebo matchy, <strong>Travel Cafe<\/strong> (na\u0161e najob\u013e\u00fabenej\u0161ie, so z\u00e1hradkou s pieskoviskom), ke\u010f chce\u0161 cestova\u0165 aspo\u0148 v my\u0161lienkach a da\u0165 si k tomu dobr\u00fd brunch. Zo samostatnej kateg\u00f3rie s\u00fa herni\u010dky, hlavne <strong>My\u0161ka herna<\/strong>.<\/li>\n\n\n\n<li><strong>Re\u0161taur\u00e1cie<\/strong> \u2013 da\u017ediv\u00fd de\u0148 je skvel\u00e1 v\u00fdhovorka na poriadny obed. Viac v sekcii o jedle ni\u017e\u0161ie.<\/li>\n\n\n\n<li><strong>Kino Porty\u010d<\/strong> \u2013 ne\u010dakaj \u017eiadne modern\u00e9 multikino s ve\u013ek\u00fdm v\u00fdberom ob\u010derstvenia, ale na nov\u00fd film sa pozrie\u0161 za \u013eudov\u00fa cenu.<\/li>\n\n\n\n<li><strong>M\u00fazeum milevsk\u00fdch ma\u0161k\u00e1r<\/strong> \u2013 pol hodiny autom a si v m\u00fazeu najstar\u0161ieho fa\u0161iangov\u00e9ho sprievodu v \u010cesku. Deti si sk\u00fa\u0161aj\u00fa repliky masiek, hraj\u00fa sa s tabletmi a v dielni\u010dke si vyfarbia vlastn\u00fa masku. Vstupn\u00e9 2,50\/1,20 \u20ac (60\/30 K\u010d), rodinn\u00e9 6 \u20ac (140 K\u010d).<\/li>\n\n\n\n<li><strong>Aquapark Hora\u017e\u010fovice<\/strong> \u2013 \u0161tyridsa\u0165 min\u00fat autom, ale zato tobog\u00e1n, divok\u00e1 rieka, vlnobitie aj detsk\u00fd baz\u00e9n s pir\u00e1tskou lo\u010fou. Rodinn\u00e9 vstupn\u00e9 na dve hodiny vyjde na 20 \u20ac (490 K\u010d). Kryt\u00fd baz\u00e9n s 86-metrov\u00fdm tobog\u00e1nom n\u00e1jde\u0161 aj bli\u017e\u0161ie, v Strakoniciach.<\/li>\n\n\n\n<li><strong>Plaveck\u00fd \u0161tadi\u00f3n + para<\/strong> \u2013 vn\u00fatorn\u00fd baz\u00e9n a para funguj\u00fa, len vonkaj\u0161\u00ed are\u00e1l je teraz zatvoren\u00fd (mesto toti\u017e stavia \u00faplne nov\u00fd baz\u00e9n). Ke\u010f u\u017e je vonku voda, bu\u010f aspo\u0148 v tej teplej.<\/li>\n\n\n\n<li><strong>Harmony<\/strong> \u2013 j\u00f3ga, pilates, posil\u0148ov\u0148a, sauna, mas\u00e1\u017ee. Da\u017ediv\u00fd de\u0148 sa d\u00e1 premeni\u0165 na wellness de\u0148, nie?<\/li>\n\n\n\n<li><strong>Puppy j\u00f3ga v Mini Academy<\/strong> \u2013 j\u00f3ga so \u0161teniatkami. \u00c1no, \u010d\u00edta\u0161 spr\u00e1vne. J\u00f3ga. So. \u0160teniatkami. Potrebujem poveda\u0165 viac? \ud83d\ude05<\/li>\n<\/ul>\n\n\n\n<h2 class=\"wp-block-heading\"><span class=\"ez-toc-section\" id=\"Kde_v_Pisku_zaparkovat\"><\/span>Kde v P\u00edsku zaparkova\u0165<span class=\"ez-toc-section-end\"><\/span><\/h2>\n\n\n\n<p class=\"wp-block-paragraph\">Parkovanie v P\u00edsku m\u00f4\u017ee by\u0165 ob\u010das orie\u0161ok, a p\u00e1r vec\u00ed je dobr\u00e9 vedie\u0165 dopredu, aby si nekr\u00fa\u017eil po centre zbyto\u010dne. Mesto m\u00e1 tri cenov\u00e9 p\u00e1sma a syst\u00e9m je preh\u013eadn\u00fd.<\/p>\n\n\n\n<p class=\"wp-block-paragraph\"><strong>P\u00e1smo I (centrum):<\/strong><\/p>\n\n\n\n<ul class=\"wp-block-list\">\n<li>1. hodina: 0,80 \u20ac (20 K\u010d)<\/li>\n\n\n\n<li>2. hodina: 1,20 \u20ac (30 K\u010d)<\/li>\n\n\n\n<li>Ka\u017ed\u00e1 \u010fal\u0161ia hodina: 2,50 \u20ac (60 K\u010d)<\/li>\n<\/ul>\n\n\n\n<p class=\"wp-block-paragraph\"><strong>P\u00e1smo II (\u0161ir\u0161ie centrum):<\/strong><\/p>\n\n\n\n<ul class=\"wp-block-list\">\n<li>1.\u20132. hodina: 0,40 \u20ac (10 K\u010d)<\/li>\n\n\n\n<li>Ka\u017ed\u00e1 \u010fal\u0161ia hodina: 1,20 \u20ac (30 K\u010d)<\/li>\n<\/ul>\n\n\n\n<p class=\"wp-block-paragraph\"><strong>P\u00e1smo III (okraj):<\/strong><\/p>\n\n\n\n<ul class=\"wp-block-list\">\n<li>0,40 \u20ac (10 K\u010d)\/hodina<\/li>\n<\/ul>\n\n\n\n<p class=\"wp-block-paragraph\"><strong>Po\u010das \u0161t\u00e1tnych sviatkov je parkovanie zadarmo v\u0161ade a v nede\u013eu skoro v\u0161ade<\/strong>, v\u00fdnimkou je Ve\u013ek\u00e9 n\u00e1mestie, kde sa plat\u00ed ka\u017ed\u00fd de\u0148.<\/p>\n\n\n\n<p class=\"wp-block-paragraph\">Plati\u0165 m\u00f4\u017ee\u0161 cez aplik\u00e1ciu <strong>MPLA<\/strong>, \u010do je asi najpohodlnej\u0161ia varianta. \u017diadne h\u013eadanie minc\u00ed, \u017eiadne behanie k automatu.<\/p>\n\n\n\n<p class=\"wp-block-paragraph\"><strong>M\u00f4j tip:<\/strong> Ak ide\u0161 na dlh\u0161\u00ed \u010das, zaparkuj na <strong>V\u00fdstavisku<\/strong> alebo <strong>pri kult\u00farnom dome<\/strong> \u2013 je to k\u00fasok od centra, p\u00e1smo je lacnej\u0161ie a miesta tu obvykle s\u00fa. P\u00e1r min\u00fat ch\u00f4dze ti neubl\u00ed\u017ei a pe\u0148a\u017eenka po\u010fakuje. Ak <strong>zaparkuje\u0161 pri \u0161portovej hale Elim<\/strong>, bude\u0161 to ma\u0165 \u00faplne zadarmo.<\/p>\n\n\n\n<h2 class=\"wp-block-heading\"><span class=\"ez-toc-section\" id=\"Kde_sa_v_Pisku_dobre_najest_a_napit\"><\/span>Kde sa v P\u00edsku dobre najes\u0165 a napi\u0165<span class=\"ez-toc-section-end\"><\/span><\/h2>\n\n\n\n<figure data-wp-context=\"{&quot;imageId&quot;:&quot;6a952393a612f&quot;}\" data-wp-interactive=\"core\/image\" data-wp-key=\"6a952393a612f\" class=\"wp-block-image size-full wp-lightbox-container\"><img decoding=\"async\" width=\"2200\" height=\"1467\" data-wp-class--hide=\"state.isContentHidden\" data-wp-class--show=\"state.isContentVisible\" data-wp-init=\"callbacks.setButtonStyles\" data-wp-on--click=\"actions.showLightbox\" data-wp-on--load=\"callbacks.setButtonStyles\" data-wp-on--pointerdown=\"actions.preloadImage\" data-wp-on--pointerenter=\"actions.preloadImageWithDelay\" data-wp-on--pointerleave=\"actions.cancelPreload\" data-wp-on-window--resize=\"callbacks.setButtonStyles\" src=\"https:\/\/loudavymkrokem.cz\/wp-content\/uploads\/2026\/08\/pisek-namesticko-zahradky.jpg\" alt=\"N\u00e1mest\u00ed\u010dko v centre P\u00edsku s letn\u00fdmi z\u00e1hradkami\" class=\"wp-image-399382\" title=\"\" srcset=\"https:\/\/loudavymkrokem.cz\/wp-content\/uploads\/2026\/08\/pisek-namesticko-zahradky.jpg 2200w, https:\/\/loudavymkrokem.cz\/wp-content\/uploads\/2026\/08\/pisek-namesticko-zahradky-300x200.jpg 300w, https:\/\/loudavymkrokem.cz\/wp-content\/uploads\/2026\/08\/pisek-namesticko-zahradky-700x467.jpg 700w, https:\/\/loudavymkrokem.cz\/wp-content\/uploads\/2026\/08\/pisek-namesticko-zahradky-768x512.jpg 768w, https:\/\/loudavymkrokem.cz\/wp-content\/uploads\/2026\/08\/pisek-namesticko-zahradky-1536x1024.jpg 1536w, https:\/\/loudavymkrokem.cz\/wp-content\/uploads\/2026\/08\/pisek-namesticko-zahradky-2048x1366.jpg 2048w, https:\/\/loudavymkrokem.cz\/wp-content\/uploads\/2026\/08\/pisek-namesticko-zahradky-696x464.jpg 696w, https:\/\/loudavymkrokem.cz\/wp-content\/uploads\/2026\/08\/pisek-namesticko-zahradky-1392x928.jpg 1392w, https:\/\/loudavymkrokem.cz\/wp-content\/uploads\/2026\/08\/pisek-namesticko-zahradky-1920x1280.jpg 1920w\" sizes=\"(max-width: 2200px) 100vw, 2200px\" \/><button\n\t\t\tclass=\"lightbox-trigger\"\n\t\t\ttype=\"button\"\n\t\t\taria-haspopup=\"dialog\"\n\t\t\tdata-wp-bind--aria-label=\"state.thisImage.triggerButtonAriaLabel\"\n\t\t\tdata-wp-init=\"callbacks.initTriggerButton\"\n\t\t\tdata-wp-on--click=\"actions.showLightbox\"\n\t\t\tdata-wp-style--right=\"state.thisImage.buttonRight\"\n\t\t\tdata-wp-style--top=\"state.thisImage.buttonTop\"\n\t\t>\n\t\t\t<svg xmlns=\"http:\/\/www.w3.org\/2000\/svg\" width=\"12\" height=\"12\" fill=\"none\" viewBox=\"0 0 12 12\">\n\t\t\t\t<path fill=\"#fff\" d=\"M2 0a2 2 0 0 0-2 2v2h1.5V2a.5.5 0 0 1 .5-.5h2V0H2Zm2 10.5H2a.5.5 0 0 1-.5-.5V8H0v2a2 2 0 0 0 2 2h2v-1.5ZM8 12v-1.5h2a.5.5 0 0 0 .5-.5V8H12v2a2 2 0 0 1-2 2H8Zm2-12a2 2 0 0 1 2 2v2h-1.5V2a.5.5 0 0 0-.5-.5H8V0h2Z\" \/>\n\t\t\t<\/svg>\n\t\t<\/button><\/figure>\n\n\n\n<p class=\"wp-block-paragraph\">P\u00edsek je mesto, kde sa prekvapivo dobre je aj pije. \u017diadna gastronomick\u00e1 p\u00fa\u0161\u0165, ako by niekto mohol \u010daka\u0165 od mesta tejto ve\u013ekosti. Tu s\u00fa <strong>podniky, kam v P\u00edsku chod\u00edme radi<\/strong>, a ke\u010f\u017ee sme s man\u017eelom obaja vegetari\u00e1ni, p\u00ed\u0161em hlavne o tom, \u010do si d\u00e1me my.<\/p>\n\n\n\n<p class=\"wp-block-paragraph\"><strong>Na\u0161e \u0161tyri st\u00e1lice na jedlo:<\/strong><\/p>\n\n\n\n<ul class=\"wp-block-list\">\n<li><strong>Tandoor<\/strong> (Heydukova 172\/10) \u2013 indick\u00e1 re\u0161taur\u00e1cia schovan\u00e1 v pas\u00e1\u017ei z Heydukovej ulice do Palack\u00e9ho sadov, vstup po schodoch. Nep\u00e1lski kuch\u00e1ri, prav\u00e1 tandoor pec a skvel\u00e1 vegetari\u00e1nska ponuka: <strong>palak paneer, daal makhani alebo channa masala okolo 7 \u20ac (175 K\u010d)<\/strong>, k tomu \u010derstv\u00fd naan za 2,20 \u20ac (55 K\u010d). V nede\u013eu maj\u00fa zatvoren\u00e9.<\/li>\n\n\n\n<li><strong>Do Nebe<\/strong> (Palack\u00e9ho sady 68\/9) \u2013 <strong>bezlepkov\u00e1 re\u0161taur\u00e1cia<\/strong>, ktor\u00e1 sa dnes profiluje ako steakhouse, ale v\u00e4\u010d\u0161ina l\u00edstka je prirodzene bez lepku a pre celiakov je to v P\u00edsku adresa \u010d\u00edslo jedna. Menu sa tam ale st\u00e1le men\u00ed, tak\u017ee dopredu neviem, \u010di sa ako vegetari\u00e1ni najeme \u2014 ob\u010das tu nie\u010do bezm\u00e4sit\u00e9 maj\u00fa a potom sem chod\u00edme radi. Denn\u00e9 menu vyjde na 2,20\u201310 \u20ac (54\u2013249 K\u010d). Z\u00e1hradka v parku, k\u00fasok mal\u00e9 ihrisko, v nede\u013eu zatvoren\u00e9.<\/li>\n\n\n\n<li><strong>Pizzeria San Marco<\/strong> (Velk\u00e9 n\u00e1m\u011bst\u00ed 118\/11) \u2013 talianska re\u0161taur\u00e1cia priamo na n\u00e1mest\u00ed, s talianskym majite\u013eom, pecou na drevo a dom\u00e1cimi cestovinami. Margherita, quattro formaggi, lasagne a tiramisu, po\u010d\u00edtaj s <strong>8\u201312 \u20ac (200\u2013300 K\u010d) na osobu<\/strong>.<\/li>\n\n\n\n<li><strong>Pomodoro Ristorante Italiano<\/strong> (Bakal\u00e1\u0159e 147\/3) \u2013 druh\u00e1 talianska, tentokr\u00e1t hne\u010f pri kostole Narodenia Panny M\u00e1rie. Vlastn\u00e9 cestoviny, gnocchi, pesto aj zmrzlina, v lete terasa so zmrzlin\u00e1r\u0148ou. Ke\u010f je na San Marcu plno, tu b\u00fdva pokojnej\u0161ie.<\/li>\n<\/ul>\n\n\n\n<p class=\"wp-block-paragraph\"><strong>\u010eal\u0161ie podniky, ktor\u00e9 stoja za zmienku:<\/strong><\/p>\n\n\n\n<ul class=\"wp-block-list\">\n<li><strong>Kozlovna u Plechandy<\/strong> (Svatotrojick\u00e1 164\/5) \u2013 \u010desk\u00e1 klasika s terasou s v\u00fdh\u013eadom na Kamenn\u00fd most, na jed\u00e1lnom l\u00edstku je aj p\u00e1r vegetari\u00e1nskych jed\u00e1l a maj\u00fa detsk\u00e9 stoli\u010dky. Miestnou \u0161pecialitou je svie\u010dkov\u00e1 a koleno, bez rezerv\u00e1cie sa sem v sez\u00f3ne dostane\u0161 \u0165a\u017eko.<\/li>\n\n\n\n<li><strong>Chapelle<\/strong> v Hoteli U Kapli\u010dky \u2013 modern\u00e1 kuchy\u0148a ocenen\u00e1 v sprievodcovi Michelin 2026, elegantnej\u0161ie prostredie, ide\u00e1lne na romantick\u00fa ve\u010deru alebo oslavu.<\/li>\n\n\n\n<li><strong>U Reiner\u016f<\/strong> (Palack\u00e9ho sady 98) \u2013 re\u0161taur\u00e1cia z roku 1844 so z\u00e1hradkou v parku. Svoju dobu sl\u00e1vy m\u00e1 asi za sebou, ale na \u010dapovan\u00e9 pivo a poriadnu d\u00e1vku hist\u00f3rie stoj\u00ed za zast\u00e1vku.<\/li>\n\n\n\n<li><strong>Aura<\/strong> (Velk\u00e9 n\u00e1m\u011bst\u00ed 104) \u2013 \u00e1zijsk\u00e1 kuchy\u0148a pre t\u00fdch, \u010do chc\u00fa nie\u010do in\u00e9.<\/li>\n\n\n\n<li><strong>Re\u0161taur\u00e1cia Ostrov<\/strong> na Mestskom ostrove \u2013 z\u00e1hradka v polotieni s oploten\u00fdm detsk\u00fdm ihriskom, minigolfom a lo\u010fkami. Vypr\u00e1\u017ean\u00fd syr za 8,50 \u20ac (209 K\u010d), s de\u0165mi ide\u00e1l.<\/li>\n<\/ul>\n\n\n\n<p class=\"wp-block-paragraph\"><strong>Kaviarne<\/strong> (preto\u017ee k\u00e1va si zasl\u00fa\u017ei vlastn\u00fa kateg\u00f3riu):<\/p>\n\n\n\n<ul class=\"wp-block-list\">\n<li><strong>Travel Cafe<\/strong> (Komensk\u00e9ho 87\/16) \u2013 moja najob\u013e\u00fabenej\u0161ia kaviare\u0148 v P\u00edsku. V\u00fdberov\u00e1 k\u00e1va, ra\u0148ajky a brunch, ve\u010der v\u00edno, a hlavne z\u00e1hradka vo vn\u00fatrobloku s pieskoviskom. Dve min\u00faty od n\u00e1mestia.<\/li>\n\n\n\n<li><strong>Coffee Dealer<\/strong> (Drl\u00ed\u010dov 145\/17) \u2013 espresso a brew bar pre t\u00fdch, \u010do ber\u00fa k\u00e1vu v\u00e1\u017ene, hlavne filter. Po\u2013So 9\u201317, Ne 10:30\u201317.<\/li>\n\n\n\n<li><strong>Kaf\u00e9rna<\/strong> (Heydukova) \u2013 a tu mus\u00edm by\u0165 \u00faprimn\u00e1. K\u00e1va je tam dobr\u00e1, o tom \u017eiadna, ale obsluha je schopn\u00e1 na teba z nezn\u00e1mych d\u00f4vodov kri\u010da\u0165 cez cel\u00fa ulicu. Tento k\u00e1vov\u00fd bar je medzi miestnymi zn\u00e1my nepr\u00edjemnou obsluhou a je \u0161koda si t\u00fdm pokazi\u0165 n\u00e1v\u0161tevu P\u00edsku. Rad\u0161ej zamier ku kostolu do Coffee Dealer.<\/li>\n\n\n\n<li><strong>Sova na V\u011btvi<\/strong> \u2013 vlastn\u00e1 pra\u017eiare\u0148 a detsk\u00fd k\u00fatik, k\u00fasok od mosta<\/li>\n\n\n\n<li><strong>Balz\u00e1m Caf\u00e9<\/strong> \u2013 hudobn\u00e1 kaviare\u0148 v Sladovni, v lete stredov\u00e9 koncerty<\/li>\n\n\n\n<li><strong>Frame Kaf\u00e9<\/strong> \u2013 modern\u00e9, dizajnov\u00e9, brunch pri Kamennom moste<\/li>\n\n\n\n<li><strong>A\u017e na p\u016fdu<\/strong> \u2013 ra\u0148ajky a posedenie vo dvore; v tom istom dome je aj herni\u010dka Hernajs (samostatn\u00fd podnik)<\/li>\n\n\n\n<li><strong>Upekla<\/strong> \u2013 dom\u00e1ce pe\u010divo, kol\u00e1\u010de a torty v kni\u017enici, pieskovisko vo vn\u00fatrobloku<\/li>\n\n\n\n<li><strong>SOHO Cafe<\/strong> \u2013 ohraden\u00fd detsk\u00fd k\u00fatik a palacinky na Ve\u013ekom n\u00e1mest\u00ed<\/li>\n\n\n\n<li><strong>Park Caf\u00e9 67<\/strong> \u2013 najlep\u0161ie vafle v celom meste<\/li>\n<\/ul>\n\n\n\n<p class=\"wp-block-paragraph\"><strong>V\u00edno a drinky:<\/strong><\/p>\n\n\n\n<ul class=\"wp-block-list\">\n<li><strong>Degust\u00e1rna<\/strong> (Bakal\u00e1\u0159e 44\/4) \u2013 pre milovn\u00edkov v\u00edna<\/li>\n\n\n\n<li><strong>V\u00edno Hru\u0161ka<\/strong> \u2013 \u010fal\u0161\u00ed v\u00ednny tip<\/li>\n\n\n\n<li><strong>Kav\u00e1rni\u010dka Hella<\/strong> \u2013 k\u00e1va aj koktaily a pr\u00edjemn\u00e1 ve\u010dern\u00e1 atmosf\u00e9ra<\/li>\n\n\n\n<li><strong>Revolution bar<\/strong> \u2013 drinky, muzika, trochu viac energie, skvel\u00ed barmani<\/li>\n<\/ul>\n\n\n\n<h2 class=\"wp-block-heading\"><span class=\"ez-toc-section\" id=\"Tipy_na_vylety_v_okoli_Pisku_13_miest_kam_vyrazit_na_jednodnovy_vylet\"><\/span>Tipy na v\u00fdlety v okol\u00ed P\u00edsku: 13 miest, kam vyrazi\u0165 na jednod\u0148ov\u00fd v\u00fdlet<span class=\"ez-toc-section-end\"><\/span><\/h2>\n\n\n\n<p class=\"wp-block-paragraph\">P\u00edsek je skvel\u00e1 z\u00e1klad\u0148a pre v\u00fdlety po ju\u017en\u00fdch \u010cech\u00e1ch. Autom, autobusom, na bicykli \u2013 odtia\u013eto sa dostane\u0161 kamko\u013evek. A to \u201ekamko\u013evek\u201c zah\u0155\u0148a hrady, priehrady, krokod\u00edly aj \u0160umavu. <strong>Tu je trin\u00e1s\u0165 miest, kam sa oplat\u00ed vyrazi\u0165.<\/strong><\/p>\n\n\n\n<p class=\"wp-block-paragraph\"><strong>Pre\u010d\u00edtaj si aj: <a href=\"https:\/\/loudavymkrokem.cz\/sk\/juzne-cechy-najkrajsie-miesta\/\">Kam na dovolenku v ju\u017en\u00fdch \u010cech\u00e1ch: 15 najkraj\u0161\u00edch miest (aj s de\u0165mi)<\/a><\/strong><\/p>\n\n\n\n<h3 class=\"wp-block-heading\"><span class=\"ez-toc-section\" id=\"Hrad_Zvikov_a_zamok_Orlik\"><\/span>Hrad Zv\u00edkov a z\u00e1mok Orl\u00edk<span class=\"ez-toc-section-end\"><\/span><\/h3>\n\n\n\n<figure data-wp-context=\"{&quot;imageId&quot;:&quot;6a952393a6fdb&quot;}\" data-wp-interactive=\"core\/image\" data-wp-key=\"6a952393a6fdb\" class=\"wp-block-image size-full wp-lightbox-container\"><img decoding=\"async\" width=\"1600\" height=\"856\" data-wp-class--hide=\"state.isContentHidden\" data-wp-class--show=\"state.isContentVisible\" data-wp-init=\"callbacks.setButtonStyles\" data-wp-on--click=\"actions.showLightbox\" data-wp-on--load=\"callbacks.setButtonStyles\" data-wp-on--pointerdown=\"actions.preloadImage\" data-wp-on--pointerenter=\"actions.preloadImageWithDelay\" data-wp-on--pointerleave=\"actions.cancelPreload\" data-wp-on-window--resize=\"callbacks.setButtonStyles\" src=\"https:\/\/loudavymkrokem.cz\/wp-content\/uploads\/2026\/08\/hrad-zvikov-soutok-otavy-a-vltavy.jpg\" alt=\"Hrad Zv\u00edkov na s\u00fatoku Otavy a Vltavy\" class=\"wp-image-399401\" title=\"\" srcset=\"https:\/\/loudavymkrokem.cz\/wp-content\/uploads\/2026\/08\/hrad-zvikov-soutok-otavy-a-vltavy.jpg 1600w, https:\/\/loudavymkrokem.cz\/wp-content\/uploads\/2026\/08\/hrad-zvikov-soutok-otavy-a-vltavy-300x161.jpg 300w, https:\/\/loudavymkrokem.cz\/wp-content\/uploads\/2026\/08\/hrad-zvikov-soutok-otavy-a-vltavy-700x375.jpg 700w, https:\/\/loudavymkrokem.cz\/wp-content\/uploads\/2026\/08\/hrad-zvikov-soutok-otavy-a-vltavy-768x411.jpg 768w, https:\/\/loudavymkrokem.cz\/wp-content\/uploads\/2026\/08\/hrad-zvikov-soutok-otavy-a-vltavy-1536x822.jpg 1536w, https:\/\/loudavymkrokem.cz\/wp-content\/uploads\/2026\/08\/hrad-zvikov-soutok-otavy-a-vltavy-696x372.jpg 696w, https:\/\/loudavymkrokem.cz\/wp-content\/uploads\/2026\/08\/hrad-zvikov-soutok-otavy-a-vltavy-1392x745.jpg 1392w\" sizes=\"(max-width: 1600px) 100vw, 1600px\" \/><button\n\t\t\tclass=\"lightbox-trigger\"\n\t\t\ttype=\"button\"\n\t\t\taria-haspopup=\"dialog\"\n\t\t\tdata-wp-bind--aria-label=\"state.thisImage.triggerButtonAriaLabel\"\n\t\t\tdata-wp-init=\"callbacks.initTriggerButton\"\n\t\t\tdata-wp-on--click=\"actions.showLightbox\"\n\t\t\tdata-wp-style--right=\"state.thisImage.buttonRight\"\n\t\t\tdata-wp-style--top=\"state.thisImage.buttonTop\"\n\t\t>\n\t\t\t<svg xmlns=\"http:\/\/www.w3.org\/2000\/svg\" width=\"12\" height=\"12\" fill=\"none\" viewBox=\"0 0 12 12\">\n\t\t\t\t<path fill=\"#fff\" d=\"M2 0a2 2 0 0 0-2 2v2h1.5V2a.5.5 0 0 1 .5-.5h2V0H2Zm2 10.5H2a.5.5 0 0 1-.5-.5V8H0v2a2 2 0 0 0 2 2h2v-1.5ZM8 12v-1.5h2a.5.5 0 0 0 .5-.5V8H12v2a2 2 0 0 1-2 2H8Zm2-12a2 2 0 0 1 2 2v2h-1.5V2a.5.5 0 0 0-.5-.5H8V0h2Z\" \/>\n\t\t\t<\/svg>\n\t\t<\/button><\/figure>\n\n\n\n<p class=\"wp-block-paragraph\">Zv\u00edkov stoj\u00ed na s\u00fatoku Otavy a Vltavy a je to asi <strong>najkraj\u0161\u00ed hrad v okol\u00ed<\/strong>. Vstupn\u00e9 je okolo 7,50 \u20ac (180 K\u010d), a ke\u010f bude\u0161 hladn\u00fd, Pivovarsk\u00fd dv\u016fr Zv\u00edkov \u0165a zachr\u00e1ni. K\u00fasok \u010falej je z\u00e1mok Orl\u00edk nad priehradou a po\u010das pr\u00e1zdnin medzi Zv\u00edkovom a Orl\u00edkom prem\u00e1va aj vyhliadkov\u00e1 lo\u010f, plavba trv\u00e1 asi 50 min\u00fat a stoj\u00ed 12 \u20ac (300 K\u010d). V\u00fdlet ako z rozpr\u00e1vky.<\/p>\n\n\n\n<h3 class=\"wp-block-heading\"><span class=\"ez-toc-section\" id=\"Krokodilie_ZOO_Protivin\"><\/span>Krokod\u00edlie ZOO Protiv\u00edn<span class=\"ez-toc-section-end\"><\/span><\/h3>\n\n\n\n<figure data-wp-context=\"{&quot;imageId&quot;:&quot;6a952393a763e&quot;}\" data-wp-interactive=\"core\/image\" data-wp-key=\"6a952393a763e\" class=\"wp-block-image size-full wp-lightbox-container\"><img decoding=\"async\" width=\"1120\" height=\"800\" data-wp-class--hide=\"state.isContentHidden\" data-wp-class--show=\"state.isContentVisible\" data-wp-init=\"callbacks.setButtonStyles\" data-wp-on--click=\"actions.showLightbox\" data-wp-on--load=\"callbacks.setButtonStyles\" data-wp-on--pointerdown=\"actions.preloadImage\" data-wp-on--pointerenter=\"actions.preloadImageWithDelay\" data-wp-on--pointerleave=\"actions.cancelPreload\" data-wp-on-window--resize=\"callbacks.setButtonStyles\" src=\"https:\/\/loudavymkrokem.cz\/wp-content\/uploads\/2026\/08\/krokodyli-zoo-protivin-aligator.jpg\" alt=\"Alig\u00e1tor v Krokod\u00edliej ZOO Protiv\u00edn\" class=\"wp-image-399574\" title=\"\" srcset=\"https:\/\/loudavymkrokem.cz\/wp-content\/uploads\/2026\/08\/krokodyli-zoo-protivin-aligator.jpg 1120w, https:\/\/loudavymkrokem.cz\/wp-content\/uploads\/2026\/08\/krokodyli-zoo-protivin-aligator-300x214.jpg 300w, https:\/\/loudavymkrokem.cz\/wp-content\/uploads\/2026\/08\/krokodyli-zoo-protivin-aligator-700x500.jpg 700w, https:\/\/loudavymkrokem.cz\/wp-content\/uploads\/2026\/08\/krokodyli-zoo-protivin-aligator-768x549.jpg 768w, https:\/\/loudavymkrokem.cz\/wp-content\/uploads\/2026\/08\/krokodyli-zoo-protivin-aligator-696x497.jpg 696w\" sizes=\"(max-width: 1120px) 100vw, 1120px\" \/><button\n\t\t\tclass=\"lightbox-trigger\"\n\t\t\ttype=\"button\"\n\t\t\taria-haspopup=\"dialog\"\n\t\t\tdata-wp-bind--aria-label=\"state.thisImage.triggerButtonAriaLabel\"\n\t\t\tdata-wp-init=\"callbacks.initTriggerButton\"\n\t\t\tdata-wp-on--click=\"actions.showLightbox\"\n\t\t\tdata-wp-style--right=\"state.thisImage.buttonRight\"\n\t\t\tdata-wp-style--top=\"state.thisImage.buttonTop\"\n\t\t>\n\t\t\t<svg xmlns=\"http:\/\/www.w3.org\/2000\/svg\" width=\"12\" height=\"12\" fill=\"none\" viewBox=\"0 0 12 12\">\n\t\t\t\t<path fill=\"#fff\" d=\"M2 0a2 2 0 0 0-2 2v2h1.5V2a.5.5 0 0 1 .5-.5h2V0H2Zm2 10.5H2a.5.5 0 0 1-.5-.5V8H0v2a2 2 0 0 0 2 2h2v-1.5ZM8 12v-1.5h2a.5.5 0 0 0 .5-.5V8H12v2a2 2 0 0 1-2 2H8Zm2-12a2 2 0 0 1 2 2v2h-1.5V2a.5.5 0 0 0-.5-.5H8V0h2Z\" \/>\n\t\t\t<\/svg>\n\t\t<\/button><\/figure>\n\n\n\n<p class=\"wp-block-paragraph\">P\u00e4tn\u00e1s\u0165 min\u00fat autom od P\u00edsku a si medzi krokod\u00edlmi. V\u0161etky druhy, ak\u00e9 si dok\u00e1\u017ee\u0161 predstavi\u0165 a dokonca aj <strong>biele krokod\u00edly<\/strong>. Deti s\u00fa nad\u0161en\u00e9, dospel\u00ed tie\u017e, a ja v\u017edy, ke\u010f tam som, \u017easnem, \u017ee t\u00e1to krokod\u00edlia farma je tak bl\u00edzko.<\/p>\n\n\n\n<h3 class=\"wp-block-heading\"><span class=\"ez-toc-section\" id=\"Pamatnik_bitky_pri_Sudomeri\"><\/span>Pam\u00e4tn\u00edk bitky pri Sudom\u011b\u0159i<span class=\"ez-toc-section-end\"><\/span><\/h3>\n\n\n\n<figure data-wp-context=\"{&quot;imageId&quot;:&quot;6a952393a7c1c&quot;}\" data-wp-interactive=\"core\/image\" data-wp-key=\"6a952393a7c1c\" class=\"wp-block-image size-full wp-lightbox-container\"><img decoding=\"async\" width=\"1200\" height=\"900\" data-wp-class--hide=\"state.isContentHidden\" data-wp-class--show=\"state.isContentVisible\" data-wp-init=\"callbacks.setButtonStyles\" data-wp-on--click=\"actions.showLightbox\" data-wp-on--load=\"callbacks.setButtonStyles\" data-wp-on--pointerdown=\"actions.preloadImage\" data-wp-on--pointerenter=\"actions.preloadImageWithDelay\" data-wp-on--pointerleave=\"actions.cancelPreload\" data-wp-on-window--resize=\"callbacks.setButtonStyles\" src=\"https:\/\/loudavymkrokem.cz\/wp-content\/uploads\/2026\/08\/pamatnik-bitvy-u-sudomere.jpg\" alt=\"Pam\u00e4tn\u00edk Jana \u017di\u017eku pri Sudom\u011b\u0159i\" class=\"wp-image-399697\" title=\"\" srcset=\"https:\/\/loudavymkrokem.cz\/wp-content\/uploads\/2026\/08\/pamatnik-bitvy-u-sudomere.jpg 1200w, https:\/\/loudavymkrokem.cz\/wp-content\/uploads\/2026\/08\/pamatnik-bitvy-u-sudomere-300x225.jpg 300w, https:\/\/loudavymkrokem.cz\/wp-content\/uploads\/2026\/08\/pamatnik-bitvy-u-sudomere-700x525.jpg 700w, https:\/\/loudavymkrokem.cz\/wp-content\/uploads\/2026\/08\/pamatnik-bitvy-u-sudomere-768x576.jpg 768w, https:\/\/loudavymkrokem.cz\/wp-content\/uploads\/2026\/08\/pamatnik-bitvy-u-sudomere-80x60.jpg 80w, https:\/\/loudavymkrokem.cz\/wp-content\/uploads\/2026\/08\/pamatnik-bitvy-u-sudomere-160x120.jpg 160w, https:\/\/loudavymkrokem.cz\/wp-content\/uploads\/2026\/08\/pamatnik-bitvy-u-sudomere-696x522.jpg 696w\" sizes=\"(max-width: 1200px) 100vw, 1200px\" \/><button\n\t\t\tclass=\"lightbox-trigger\"\n\t\t\ttype=\"button\"\n\t\t\taria-haspopup=\"dialog\"\n\t\t\tdata-wp-bind--aria-label=\"state.thisImage.triggerButtonAriaLabel\"\n\t\t\tdata-wp-init=\"callbacks.initTriggerButton\"\n\t\t\tdata-wp-on--click=\"actions.showLightbox\"\n\t\t\tdata-wp-style--right=\"state.thisImage.buttonRight\"\n\t\t\tdata-wp-style--top=\"state.thisImage.buttonTop\"\n\t\t>\n\t\t\t<svg xmlns=\"http:\/\/www.w3.org\/2000\/svg\" width=\"12\" height=\"12\" fill=\"none\" viewBox=\"0 0 12 12\">\n\t\t\t\t<path fill=\"#fff\" d=\"M2 0a2 2 0 0 0-2 2v2h1.5V2a.5.5 0 0 1 .5-.5h2V0H2Zm2 10.5H2a.5.5 0 0 1-.5-.5V8H0v2a2 2 0 0 0 2 2h2v-1.5ZM8 12v-1.5h2a.5.5 0 0 0 .5-.5V8H12v2a2 2 0 0 1-2 2H8Zm2-12a2 2 0 0 1 2 2v2h-1.5V2a.5.5 0 0 0-.5-.5H8V0h2Z\" \/>\n\t\t\t<\/svg>\n\t\t<\/button><\/figure>\n\n\n\n<p class=\"wp-block-paragraph\">Jan \u017di\u017eka tu v roku 1420 so svojimi husitmi vybojoval jednu z prv\u00fdch bitiek. Stoj\u00ed tu 16-metrov\u00e1 socha a okolo s\u00fa rybn\u00edky Markovec a \u0160kared\u00fd. Ak \u0165a bav\u00ed \u010desk\u00e1 hist\u00f3ria, toto miesto m\u00e1 siln\u00fa atmosf\u00e9ru. A krajina okolo je prekr\u00e1sna, tak\u00fd pokojn\u00fd juho\u010desk\u00fd obraz.<\/p>\n\n\n\n<h3 class=\"wp-block-heading\"><span class=\"ez-toc-section\" id=\"Rozpravkova_kovacna_Selibov\"><\/span>Rozpr\u00e1vkov\u00e1 kov\u00e1\u010d\u0148a Selibov<span class=\"ez-toc-section-end\"><\/span><\/h3>\n\n\n\n<figure data-wp-context=\"{&quot;imageId&quot;:&quot;6a952393a8214&quot;}\" data-wp-interactive=\"core\/image\" data-wp-key=\"6a952393a8214\" class=\"wp-block-image size-full wp-lightbox-container\"><img decoding=\"async\" width=\"2000\" height=\"1333\" data-wp-class--hide=\"state.isContentHidden\" data-wp-class--show=\"state.isContentVisible\" data-wp-init=\"callbacks.setButtonStyles\" data-wp-on--click=\"actions.showLightbox\" data-wp-on--load=\"callbacks.setButtonStyles\" data-wp-on--pointerdown=\"actions.preloadImage\" data-wp-on--pointerenter=\"actions.preloadImageWithDelay\" data-wp-on--pointerleave=\"actions.cancelPreload\" data-wp-on-window--resize=\"callbacks.setButtonStyles\" src=\"https:\/\/loudavymkrokem.cz\/wp-content\/uploads\/2026\/08\/pohadkova-kovarna-selibov.jpg\" alt=\"Rozpr\u00e1vkov\u00e1 kov\u00e1\u010d\u0148a v Selibove so slamenou strechou\" class=\"wp-image-399577\" title=\"\" srcset=\"https:\/\/loudavymkrokem.cz\/wp-content\/uploads\/2026\/08\/pohadkova-kovarna-selibov.jpg 2000w, https:\/\/loudavymkrokem.cz\/wp-content\/uploads\/2026\/08\/pohadkova-kovarna-selibov-300x200.jpg 300w, https:\/\/loudavymkrokem.cz\/wp-content\/uploads\/2026\/08\/pohadkova-kovarna-selibov-700x467.jpg 700w, https:\/\/loudavymkrokem.cz\/wp-content\/uploads\/2026\/08\/pohadkova-kovarna-selibov-768x512.jpg 768w, https:\/\/loudavymkrokem.cz\/wp-content\/uploads\/2026\/08\/pohadkova-kovarna-selibov-1536x1024.jpg 1536w, https:\/\/loudavymkrokem.cz\/wp-content\/uploads\/2026\/08\/pohadkova-kovarna-selibov-696x464.jpg 696w, https:\/\/loudavymkrokem.cz\/wp-content\/uploads\/2026\/08\/pohadkova-kovarna-selibov-1392x928.jpg 1392w, https:\/\/loudavymkrokem.cz\/wp-content\/uploads\/2026\/08\/pohadkova-kovarna-selibov-1920x1280.jpg 1920w\" sizes=\"(max-width: 2000px) 100vw, 2000px\" \/><button\n\t\t\tclass=\"lightbox-trigger\"\n\t\t\ttype=\"button\"\n\t\t\taria-haspopup=\"dialog\"\n\t\t\tdata-wp-bind--aria-label=\"state.thisImage.triggerButtonAriaLabel\"\n\t\t\tdata-wp-init=\"callbacks.initTriggerButton\"\n\t\t\tdata-wp-on--click=\"actions.showLightbox\"\n\t\t\tdata-wp-style--right=\"state.thisImage.buttonRight\"\n\t\t\tdata-wp-style--top=\"state.thisImage.buttonTop\"\n\t\t>\n\t\t\t<svg xmlns=\"http:\/\/www.w3.org\/2000\/svg\" width=\"12\" height=\"12\" fill=\"none\" viewBox=\"0 0 12 12\">\n\t\t\t\t<path fill=\"#fff\" d=\"M2 0a2 2 0 0 0-2 2v2h1.5V2a.5.5 0 0 1 .5-.5h2V0H2Zm2 10.5H2a.5.5 0 0 1-.5-.5V8H0v2a2 2 0 0 0 2 2h2v-1.5ZM8 12v-1.5h2a.5.5 0 0 0 .5-.5V8H12v2a2 2 0 0 1-2 2H8Zm2-12a2 2 0 0 1 2 2v2h-1.5V2a.5.5 0 0 0-.5-.5H8V0h2Z\" \/>\n\t\t\t<\/svg>\n\t\t<\/button><\/figure>\n\n\n\n<p class=\"wp-block-paragraph\">\u010certi, vodn\u00edci, v\u00edly a k tomu tvoriv\u00e1 dielni\u010dka. Ide\u00e1lny v\u00fdlet s men\u0161\u00edmi de\u0165mi, ktor\u00e9 e\u0161te veria na rozpr\u00e1vky (a s v\u00e4\u010d\u0161\u00edmi, ktor\u00e9 sa tv\u00e1ria, \u017ee nie, ale rovnako sa bavia).<\/p>\n\n\n\n<h3 class=\"wp-block-heading\"><span class=\"ez-toc-section\" id=\"Farmapark_Maletice\"><\/span>Farmapark Maletice<span class=\"ez-toc-section-end\"><\/span><\/h3>\n\n\n\n<figure data-wp-context=\"{&quot;imageId&quot;:&quot;6a952393a8827&quot;}\" data-wp-interactive=\"core\/image\" data-wp-key=\"6a952393a8827\" class=\"wp-block-image size-full wp-lightbox-container\"><img decoding=\"async\" width=\"2048\" height=\"1365\" data-wp-class--hide=\"state.isContentHidden\" data-wp-class--show=\"state.isContentVisible\" data-wp-init=\"callbacks.setButtonStyles\" data-wp-on--click=\"actions.showLightbox\" data-wp-on--load=\"callbacks.setButtonStyles\" data-wp-on--pointerdown=\"actions.preloadImage\" data-wp-on--pointerenter=\"actions.preloadImageWithDelay\" data-wp-on--pointerleave=\"actions.cancelPreload\" data-wp-on-window--resize=\"callbacks.setButtonStyles\" src=\"https:\/\/loudavymkrokem.cz\/wp-content\/uploads\/2026\/08\/farmapark-maletice-alpaka.jpg\" alt=\"Alpaka vo v\u00fdbehu Farmaparku Maletice pri P\u00edsku\" class=\"wp-image-399568\" title=\"\" srcset=\"https:\/\/loudavymkrokem.cz\/wp-content\/uploads\/2026\/08\/farmapark-maletice-alpaka.jpg 2048w, https:\/\/loudavymkrokem.cz\/wp-content\/uploads\/2026\/08\/farmapark-maletice-alpaka-300x200.jpg 300w, https:\/\/loudavymkrokem.cz\/wp-content\/uploads\/2026\/08\/farmapark-maletice-alpaka-700x467.jpg 700w, https:\/\/loudavymkrokem.cz\/wp-content\/uploads\/2026\/08\/farmapark-maletice-alpaka-768x512.jpg 768w, https:\/\/loudavymkrokem.cz\/wp-content\/uploads\/2026\/08\/farmapark-maletice-alpaka-1536x1024.jpg 1536w, https:\/\/loudavymkrokem.cz\/wp-content\/uploads\/2026\/08\/farmapark-maletice-alpaka-696x464.jpg 696w, https:\/\/loudavymkrokem.cz\/wp-content\/uploads\/2026\/08\/farmapark-maletice-alpaka-1392x928.jpg 1392w, https:\/\/loudavymkrokem.cz\/wp-content\/uploads\/2026\/08\/farmapark-maletice-alpaka-1920x1280.jpg 1920w\" sizes=\"(max-width: 2048px) 100vw, 2048px\" \/><button\n\t\t\tclass=\"lightbox-trigger\"\n\t\t\ttype=\"button\"\n\t\t\taria-haspopup=\"dialog\"\n\t\t\tdata-wp-bind--aria-label=\"state.thisImage.triggerButtonAriaLabel\"\n\t\t\tdata-wp-init=\"callbacks.initTriggerButton\"\n\t\t\tdata-wp-on--click=\"actions.showLightbox\"\n\t\t\tdata-wp-style--right=\"state.thisImage.buttonRight\"\n\t\t\tdata-wp-style--top=\"state.thisImage.buttonTop\"\n\t\t>\n\t\t\t<svg xmlns=\"http:\/\/www.w3.org\/2000\/svg\" width=\"12\" height=\"12\" fill=\"none\" viewBox=\"0 0 12 12\">\n\t\t\t\t<path fill=\"#fff\" d=\"M2 0a2 2 0 0 0-2 2v2h1.5V2a.5.5 0 0 1 .5-.5h2V0H2Zm2 10.5H2a.5.5 0 0 1-.5-.5V8H0v2a2 2 0 0 0 2 2h2v-1.5ZM8 12v-1.5h2a.5.5 0 0 0 .5-.5V8H12v2a2 2 0 0 1-2 2H8Zm2-12a2 2 0 0 1 2 2v2h-1.5V2a.5.5 0 0 0-.5-.5H8V0h2Z\" \/>\n\t\t\t<\/svg>\n\t\t<\/button><\/figure>\n\n\n\n<p class=\"wp-block-paragraph\"><a href=\"https:\/\/www.farmaparkmaletice.cz\/\" data-type=\"link\" data-id=\"https:\/\/www.farmaparkmaletice.cz\/\" target=\"_blank\" rel=\"noopener\"><strong>Kontaktn\u00e1 zoo<\/strong><\/a> plus z\u00e1bavn\u00fd park pri ceste na Protiv\u00edn, <strong>asi 12 min\u00fat od P\u00edsku<\/strong>. Kozy, alpaky, pon\u00edky, kr\u00e1liky, k tomu obrie vzduchov\u00e9 trampol\u00edny, senn\u00edkov\u00e9 bludisko, lanovky a kryt\u00e9 pieskovisko so \u0161myk\u013eavkou. Otvoren\u00e9 je denne 10\u201318, <strong>vstupn\u00e9 10 \u20ac (250 K\u010d) die\u0165a, 8,50 \u20ac (210 K\u010d) dospel\u00fd, rodinn\u00e9 36 \u20ac (879 K\u010d)<\/strong> (online lacnej\u0161ie), deti do 2 rokov zadarmo, parkovanie zadarmo. Farmapark otvoril v lete 2025 a je to moment\u00e1lne asi najob\u013e\u00fabenej\u0161\u00ed rodinn\u00fd v\u00fdlet z P\u00edsku.<\/p>\n\n\n\n<h3 class=\"wp-block-heading\"><span class=\"ez-toc-section\" id=\"Fiziland_a_Kralovstvo_casu_v_Protivine\"><\/span>Fiziland a Kr\u00e1\u013eovstvo \u010dasu v Protiv\u00edne<span class=\"ez-toc-section-end\"><\/span><\/h3>\n\n\n\n<figure data-wp-context=\"{&quot;imageId&quot;:&quot;6a952393a8da3&quot;}\" data-wp-interactive=\"core\/image\" data-wp-key=\"6a952393a8da3\" class=\"wp-block-image size-full wp-lightbox-container\"><img decoding=\"async\" width=\"2200\" height=\"1467\" data-wp-class--hide=\"state.isContentHidden\" data-wp-class--show=\"state.isContentVisible\" data-wp-init=\"callbacks.setButtonStyles\" data-wp-on--click=\"actions.showLightbox\" data-wp-on--load=\"callbacks.setButtonStyles\" data-wp-on--pointerdown=\"actions.preloadImage\" data-wp-on--pointerenter=\"actions.preloadImageWithDelay\" data-wp-on--pointerleave=\"actions.cancelPreload\" data-wp-on-window--resize=\"callbacks.setButtonStyles\" src=\"https:\/\/loudavymkrokem.cz\/wp-content\/uploads\/2026\/08\/fiziland-protivin-herna.jpg\" alt=\"Vn\u00fatorn\u00e1 her\u0148a Fiziland v Protiv\u00edne s molitanovou jamou a prelieza\u010dkami\" class=\"wp-image-399563\" title=\"\" srcset=\"https:\/\/loudavymkrokem.cz\/wp-content\/uploads\/2026\/08\/fiziland-protivin-herna.jpg 2200w, https:\/\/loudavymkrokem.cz\/wp-content\/uploads\/2026\/08\/fiziland-protivin-herna-300x200.jpg 300w, https:\/\/loudavymkrokem.cz\/wp-content\/uploads\/2026\/08\/fiziland-protivin-herna-700x467.jpg 700w, https:\/\/loudavymkrokem.cz\/wp-content\/uploads\/2026\/08\/fiziland-protivin-herna-768x512.jpg 768w, https:\/\/loudavymkrokem.cz\/wp-content\/uploads\/2026\/08\/fiziland-protivin-herna-1536x1024.jpg 1536w, https:\/\/loudavymkrokem.cz\/wp-content\/uploads\/2026\/08\/fiziland-protivin-herna-2048x1366.jpg 2048w, https:\/\/loudavymkrokem.cz\/wp-content\/uploads\/2026\/08\/fiziland-protivin-herna-696x464.jpg 696w, https:\/\/loudavymkrokem.cz\/wp-content\/uploads\/2026\/08\/fiziland-protivin-herna-1392x928.jpg 1392w, https:\/\/loudavymkrokem.cz\/wp-content\/uploads\/2026\/08\/fiziland-protivin-herna-1920x1280.jpg 1920w\" sizes=\"(max-width: 2200px) 100vw, 2200px\" \/><button\n\t\t\tclass=\"lightbox-trigger\"\n\t\t\ttype=\"button\"\n\t\t\taria-haspopup=\"dialog\"\n\t\t\tdata-wp-bind--aria-label=\"state.thisImage.triggerButtonAriaLabel\"\n\t\t\tdata-wp-init=\"callbacks.initTriggerButton\"\n\t\t\tdata-wp-on--click=\"actions.showLightbox\"\n\t\t\tdata-wp-style--right=\"state.thisImage.buttonRight\"\n\t\t\tdata-wp-style--top=\"state.thisImage.buttonTop\"\n\t\t>\n\t\t\t<svg xmlns=\"http:\/\/www.w3.org\/2000\/svg\" width=\"12\" height=\"12\" fill=\"none\" viewBox=\"0 0 12 12\">\n\t\t\t\t<path fill=\"#fff\" d=\"M2 0a2 2 0 0 0-2 2v2h1.5V2a.5.5 0 0 1 .5-.5h2V0H2Zm2 10.5H2a.5.5 0 0 1-.5-.5V8H0v2a2 2 0 0 0 2 2h2v-1.5ZM8 12v-1.5h2a.5.5 0 0 0 .5-.5V8H12v2a2 2 0 0 1-2 2H8Zm2-12a2 2 0 0 1 2 2v2h-1.5V2a.5.5 0 0 0-.5-.5H8V0h2Z\" \/>\n\t\t\t<\/svg>\n\t\t<\/button><\/figure>\n\n\n\n<p class=\"wp-block-paragraph\">Protiv\u00edn, 15 min\u00fat od P\u00edsku, m\u00e1 hne\u010f dva rodinn\u00e9 ciele pod strechou. <strong>Fiziland<\/strong> (Zelenohorsk\u00e1 986) je z\u00e1bavn\u00fd park youtubera Fiziho: obrovsk\u00e1 \u0161myk\u013eavka, trampol\u00edny, molitanov\u00e1 jama, sk\u00e1kac\u00ed hrad a pokojov\u00e1 z\u00f3na pre najmen\u0161\u00edch, k tomu vonkaj\u0161ie ihrisko. Otvoren\u00e9 denne 10\u201318, <strong>die\u0165a zaplat\u00ed 16 \u20ac (389 K\u010d) a dospel\u00fd sprievod 6,50 \u20ac (159 K\u010d)<\/strong> (rodinn\u00fd bal\u00ed\u010dek pre dvoch dospel\u00fdch a dve deti vyjde na 36 \u20ac \/ 889 K\u010d), deti do 3 rokov zadarmo. Vstupenky je nutn\u00e9 k\u00fapi\u0165 vopred online, predaj na mieste nie je zaru\u010den\u00fd. Podrobne som park rozobrala <a href=\"https:\/\/loudavymkrokem.cz\/sk\/fiziland-protivin-zabavny-park\/\">v \u010dl\u00e1nku o Fizilande<\/a>.<\/p>\n\n\n\n<p class=\"wp-block-paragraph\">\u00daplne in\u00e1 liga je <strong>Kr\u00e1\u013eovstvo \u010dasu<\/strong> (Purky\u0148ova 255): zrekon\u0161truovan\u00e1 secesn\u00e1 vila s m\u00fazeom hod\u00edn, kde ve\u017eov\u00fd stroj z 19. storo\u010dia odb\u00edja ka\u017ed\u00fa cel\u00fa hodinu, a v pr\u00edzem\u00ed her\u0148a, tvoriv\u00e1 dielni\u010dka a oploten\u00e1 z\u00e1hrada s tobog\u00e1nom a lanovkou. Otvoren\u00e9 denne 9\u201317, m\u00fazeum stoj\u00ed 3,70\/2,50 \u20ac (90\/60 K\u010d), ale <strong>her\u0148a a z\u00e1hrada s\u00fa zadarmo, ke\u010f si d\u00e1\u0161 k\u00e1vu<\/strong>. Pre bato\u013eat\u00e1 ide\u00e1lne.<\/p>\n\n\n\n<h3 class=\"wp-block-heading\"><span class=\"ez-toc-section\" id=\"Bagrarium_v_Strakoniciach\"><\/span>Bagr\u00e1rium v Strakoniciach<span class=\"ez-toc-section-end\"><\/span><\/h3>\n\n\n\n<p class=\"wp-block-paragraph\">Novinka roku 2026 a prv\u00e1 svojho druhu v \u010cech\u00e1ch: <strong>Bagr\u00e1rium<\/strong> (Pov\u00e1\u017esk\u00e1 358, Strakonice, 30 min\u00fat autom) je kryt\u00e1 her\u0148a, kde deti ovl\u00e1daj\u00fa realistick\u00e9 modely bagrov, naklada\u010dov a skl\u00e1pa\u010diek nad ve\u013ek\u00fdm pieskoviskom a h\u013eadaj\u00fa v \u0148om poklad. Rezervuje sa online na polhodinov\u00e9 sloty medzi 10 a 18 hodinou, <strong>11,50 \u20ac (279 K\u010d) za 30 min\u00fat na jeden stroj<\/strong>. Pozor, odpor\u00fa\u010dan\u00fd vek je <strong>od 6 rokov<\/strong> (ovl\u00e1danie chce koordin\u00e1ciu oboch r\u00fak), tak\u017ee je to sk\u00f4r tip pre star\u0161\u00edch s\u00farodencov.<\/p>\n\n\n\n<h3 class=\"wp-block-heading\"><span class=\"ez-toc-section\" id=\"Tabor\"><\/span>T\u00e1bor<span class=\"ez-toc-section-end\"><\/span><\/h3>\n\n\n\n<p class=\"wp-block-paragraph\"><strong><a href=\"https:\/\/loudavymkrokem.cz\/sk\/tabor-cesko-co-vidiet\/\" target=\"_blank\" data-type=\"link\" data-id=\"https:\/\/loudavymkrokem.cz\/co-videt-v-tabore\/\" rel=\"noreferrer noopener\">Husitsk\u00e9 mesto<\/a><\/strong>, 45 min\u00fat jazdy. Stredovek\u00e9 podzemie (trochu klaustrofobick\u00e9, ale stoj\u00ed za to), <strong>M\u00fazeum \u010dokol\u00e1dy<\/strong> (deti + \u010dokol\u00e1da = v\u00fdhra), ZOO a priehrada Jord\u00e1n na k\u00fapanie v lete. T\u00e1bor je mesto s charakterom a atmosf\u00e9rou, ktor\u00e1 sa l\u00ed\u0161i od P\u00edsku a rozhodne stoj\u00ed za n\u00e1v\u0161tevu.<\/p>\n\n\n\n<figure data-wp-context=\"{&quot;imageId&quot;:&quot;6a952393a9539&quot;}\" data-wp-interactive=\"core\/image\" data-wp-key=\"6a952393a9539\" class=\"wp-block-image size-full wp-lightbox-container\"><img decoding=\"async\" width=\"1200\" height=\"800\" data-wp-class--hide=\"state.isContentHidden\" data-wp-class--show=\"state.isContentVisible\" data-wp-init=\"callbacks.setButtonStyles\" data-wp-on--click=\"actions.showLightbox\" data-wp-on--load=\"callbacks.setButtonStyles\" data-wp-on--pointerdown=\"actions.preloadImage\" data-wp-on--pointerenter=\"actions.preloadImageWithDelay\" data-wp-on--pointerleave=\"actions.cancelPreload\" data-wp-on-window--resize=\"callbacks.setButtonStyles\" src=\"https:\/\/loudavymkrokem.cz\/wp-content\/uploads\/2026\/03\/tabor-co-videt-3.jpg\" alt=\"T\u00e1bor\" class=\"wp-image-132729\" title=\"\" srcset=\"https:\/\/loudavymkrokem.cz\/wp-content\/uploads\/2026\/03\/tabor-co-videt-3.jpg 1200w, https:\/\/loudavymkrokem.cz\/wp-content\/uploads\/2026\/03\/tabor-co-videt-3-300x200.jpg 300w, https:\/\/loudavymkrokem.cz\/wp-content\/uploads\/2026\/03\/tabor-co-videt-3-700x467.jpg 700w, https:\/\/loudavymkrokem.cz\/wp-content\/uploads\/2026\/03\/tabor-co-videt-3-768x512.jpg 768w, https:\/\/loudavymkrokem.cz\/wp-content\/uploads\/2026\/03\/tabor-co-videt-3-696x464.jpg 696w\" sizes=\"(max-width: 1200px) 100vw, 1200px\" \/><button\n\t\t\tclass=\"lightbox-trigger\"\n\t\t\ttype=\"button\"\n\t\t\taria-haspopup=\"dialog\"\n\t\t\tdata-wp-bind--aria-label=\"state.thisImage.triggerButtonAriaLabel\"\n\t\t\tdata-wp-init=\"callbacks.initTriggerButton\"\n\t\t\tdata-wp-on--click=\"actions.showLightbox\"\n\t\t\tdata-wp-style--right=\"state.thisImage.buttonRight\"\n\t\t\tdata-wp-style--top=\"state.thisImage.buttonTop\"\n\t\t>\n\t\t\t<svg xmlns=\"http:\/\/www.w3.org\/2000\/svg\" width=\"12\" height=\"12\" fill=\"none\" viewBox=\"0 0 12 12\">\n\t\t\t\t<path fill=\"#fff\" d=\"M2 0a2 2 0 0 0-2 2v2h1.5V2a.5.5 0 0 1 .5-.5h2V0H2Zm2 10.5H2a.5.5 0 0 1-.5-.5V8H0v2a2 2 0 0 0 2 2h2v-1.5ZM8 12v-1.5h2a.5.5 0 0 0 .5-.5V8H12v2a2 2 0 0 1-2 2H8Zm2-12a2 2 0 0 1 2 2v2h-1.5V2a.5.5 0 0 0-.5-.5H8V0h2Z\" \/>\n\t\t\t<\/svg>\n\t\t<\/button><figcaption class=\"wp-element-caption\">T\u00e1bor<\/figcaption><\/figure>\n\n\n\n<h3 class=\"wp-block-heading\"><span class=\"ez-toc-section\" id=\"Ceske_Budejovice\"><\/span>\u010cesk\u00e9 Bud\u011bjovice<span class=\"ez-toc-section-end\"><\/span><\/h3>\n\n\n\n<p class=\"wp-block-paragraph\"><strong><a href=\"https:\/\/loudavymkrokem.cz\/sk\/ceske-budejovice-cesko-tipy\/\" target=\"_blank\" data-type=\"link\" data-id=\"https:\/\/loudavymkrokem.cz\/ceske-budejovice\/\" rel=\"noreferrer noopener\">\u010cesk\u00e9 Bud\u011bjovice<\/a><\/strong> s\u00fa od P\u00edsku asi \u0161tyridsa\u0165 min\u00fat autom. Obrovsk\u00e9 <strong>n\u00e1mestie P\u0159emysla Otakara II.<\/strong>, v\u00fdstup na <strong>\u010ciernu ve\u017eu<\/strong> (225 schodov, ale ten v\u00fdh\u013ead!) a samozrejme pivovar Budvar s prehliadkou. Juho\u010desk\u00e1 metropola, kde sa d\u00e1 str\u00e1vi\u0165 cel\u00fd de\u0148 a st\u00e1le neuvid\u00ed\u0161 v\u0161etko.<\/p>\n\n\n\n<figure data-wp-context=\"{&quot;imageId&quot;:&quot;6a952393a9a95&quot;}\" data-wp-interactive=\"core\/image\" data-wp-key=\"6a952393a9a95\" class=\"wp-block-image size-full wp-lightbox-container\"><img decoding=\"async\" width=\"1500\" height=\"1000\" data-wp-class--hide=\"state.isContentHidden\" data-wp-class--show=\"state.isContentVisible\" data-wp-init=\"callbacks.setButtonStyles\" data-wp-on--click=\"actions.showLightbox\" data-wp-on--load=\"callbacks.setButtonStyles\" data-wp-on--pointerdown=\"actions.preloadImage\" data-wp-on--pointerenter=\"actions.preloadImageWithDelay\" data-wp-on--pointerleave=\"actions.cancelPreload\" data-wp-on-window--resize=\"callbacks.setButtonStyles\" src=\"https:\/\/loudavymkrokem.cz\/wp-content\/uploads\/2024\/03\/namesti-ceske-budejovice.jpg\" alt=\"\u010co vidie\u0165 a robi\u0165 v \u010cesk\u00fdch Bud\u011bjoviciach\" class=\"wp-image-83546\" title=\"\" srcset=\"https:\/\/loudavymkrokem.cz\/wp-content\/uploads\/2024\/03\/namesti-ceske-budejovice.jpg 1500w, https:\/\/loudavymkrokem.cz\/wp-content\/uploads\/2024\/03\/namesti-ceske-budejovice-300x200.jpg 300w, https:\/\/loudavymkrokem.cz\/wp-content\/uploads\/2024\/03\/namesti-ceske-budejovice-700x467.jpg 700w, https:\/\/loudavymkrokem.cz\/wp-content\/uploads\/2024\/03\/namesti-ceske-budejovice-768x512.jpg 768w, https:\/\/loudavymkrokem.cz\/wp-content\/uploads\/2024\/03\/namesti-ceske-budejovice-696x464.jpg 696w, https:\/\/loudavymkrokem.cz\/wp-content\/uploads\/2024\/03\/namesti-ceske-budejovice-1392x928.jpg 1392w\" sizes=\"(max-width: 1500px) 100vw, 1500px\" \/><button\n\t\t\tclass=\"lightbox-trigger\"\n\t\t\ttype=\"button\"\n\t\t\taria-haspopup=\"dialog\"\n\t\t\tdata-wp-bind--aria-label=\"state.thisImage.triggerButtonAriaLabel\"\n\t\t\tdata-wp-init=\"callbacks.initTriggerButton\"\n\t\t\tdata-wp-on--click=\"actions.showLightbox\"\n\t\t\tdata-wp-style--right=\"state.thisImage.buttonRight\"\n\t\t\tdata-wp-style--top=\"state.thisImage.buttonTop\"\n\t\t>\n\t\t\t<svg xmlns=\"http:\/\/www.w3.org\/2000\/svg\" width=\"12\" height=\"12\" fill=\"none\" viewBox=\"0 0 12 12\">\n\t\t\t\t<path fill=\"#fff\" d=\"M2 0a2 2 0 0 0-2 2v2h1.5V2a.5.5 0 0 1 .5-.5h2V0H2Zm2 10.5H2a.5.5 0 0 1-.5-.5V8H0v2a2 2 0 0 0 2 2h2v-1.5ZM8 12v-1.5h2a.5.5 0 0 0 .5-.5V8H12v2a2 2 0 0 1-2 2H8Zm2-12a2 2 0 0 1 2 2v2h-1.5V2a.5.5 0 0 0-.5-.5H8V0h2Z\" \/>\n\t\t\t<\/svg>\n\t\t<\/button><figcaption class=\"wp-element-caption\">\u010co vidie\u0165 a robi\u0165 v \u010cesk\u00fdch Bud\u011bjoviciach<\/figcaption><\/figure>\n\n\n\n<h3 class=\"wp-block-heading\"><span class=\"ez-toc-section\" id=\"Hluboka_nad_Vltavou\"><\/span>Hlubok\u00e1 nad Vltavou<span class=\"ez-toc-section-end\"><\/span><\/h3>\n\n\n\n<figure data-wp-context=\"{&quot;imageId&quot;:&quot;6a952393a9fa7&quot;}\" data-wp-interactive=\"core\/image\" data-wp-key=\"6a952393a9fa7\" class=\"wp-block-image size-full wp-lightbox-container\"><img decoding=\"async\" width=\"1600\" height=\"1244\" data-wp-class--hide=\"state.isContentHidden\" data-wp-class--show=\"state.isContentVisible\" data-wp-init=\"callbacks.setButtonStyles\" data-wp-on--click=\"actions.showLightbox\" data-wp-on--load=\"callbacks.setButtonStyles\" data-wp-on--pointerdown=\"actions.preloadImage\" data-wp-on--pointerenter=\"actions.preloadImageWithDelay\" data-wp-on--pointerleave=\"actions.cancelPreload\" data-wp-on-window--resize=\"callbacks.setButtonStyles\" src=\"https:\/\/loudavymkrokem.cz\/wp-content\/uploads\/2026\/08\/zamek-hluboka-nad-vltavou-zapad-slunce.jpg\" alt=\"Z\u00e1mok Hlubok\u00e1 nad Vltavou pri z\u00e1pade slnka\" class=\"wp-image-399405\" title=\"\" srcset=\"https:\/\/loudavymkrokem.cz\/wp-content\/uploads\/2026\/08\/zamek-hluboka-nad-vltavou-zapad-slunce.jpg 1600w, https:\/\/loudavymkrokem.cz\/wp-content\/uploads\/2026\/08\/zamek-hluboka-nad-vltavou-zapad-slunce-300x233.jpg 300w, https:\/\/loudavymkrokem.cz\/wp-content\/uploads\/2026\/08\/zamek-hluboka-nad-vltavou-zapad-slunce-700x544.jpg 700w, https:\/\/loudavymkrokem.cz\/wp-content\/uploads\/2026\/08\/zamek-hluboka-nad-vltavou-zapad-slunce-768x597.jpg 768w, https:\/\/loudavymkrokem.cz\/wp-content\/uploads\/2026\/08\/zamek-hluboka-nad-vltavou-zapad-slunce-1536x1194.jpg 1536w, https:\/\/loudavymkrokem.cz\/wp-content\/uploads\/2026\/08\/zamek-hluboka-nad-vltavou-zapad-slunce-696x541.jpg 696w, https:\/\/loudavymkrokem.cz\/wp-content\/uploads\/2026\/08\/zamek-hluboka-nad-vltavou-zapad-slunce-1392x1082.jpg 1392w\" sizes=\"(max-width: 1600px) 100vw, 1600px\" \/><button\n\t\t\tclass=\"lightbox-trigger\"\n\t\t\ttype=\"button\"\n\t\t\taria-haspopup=\"dialog\"\n\t\t\tdata-wp-bind--aria-label=\"state.thisImage.triggerButtonAriaLabel\"\n\t\t\tdata-wp-init=\"callbacks.initTriggerButton\"\n\t\t\tdata-wp-on--click=\"actions.showLightbox\"\n\t\t\tdata-wp-style--right=\"state.thisImage.buttonRight\"\n\t\t\tdata-wp-style--top=\"state.thisImage.buttonTop\"\n\t\t>\n\t\t\t<svg xmlns=\"http:\/\/www.w3.org\/2000\/svg\" width=\"12\" height=\"12\" fill=\"none\" viewBox=\"0 0 12 12\">\n\t\t\t\t<path fill=\"#fff\" d=\"M2 0a2 2 0 0 0-2 2v2h1.5V2a.5.5 0 0 1 .5-.5h2V0H2Zm2 10.5H2a.5.5 0 0 1-.5-.5V8H0v2a2 2 0 0 0 2 2h2v-1.5ZM8 12v-1.5h2a.5.5 0 0 0 .5-.5V8H12v2a2 2 0 0 1-2 2H8Zm2-12a2 2 0 0 1 2 2v2h-1.5V2a.5.5 0 0 0-.5-.5H8V0h2Z\" \/>\n\t\t\t<\/svg>\n\t\t<\/button><\/figure>\n\n\n\n<p class=\"wp-block-paragraph\">Najsl\u00e1vnej\u0161\u00ed \u010desk\u00fd rozpr\u00e1vkov\u00fd z\u00e1mok je z P\u00edsku necel\u00fdch 40 min\u00fat. Cez leto tu pre deti od 5 do 10 rokov chystaj\u00fa <strong>prehliadky s pani k\u0148a\u017enou<\/strong>, kost\u00fdmovan\u00e1 k\u0148a\u017en\u00e1 Eleonora prev\u00e1dza denne o 12:15, 13:30 a 14:45, skupina je ale len po dvadsiatich \u013eu\u010foch, tak\u017ee rezervuj online vopred. A hne\u010f pod z\u00e1mkom pri Munickom rybn\u00edku je <strong>ZOO Hlubok\u00e1<\/strong> (7,50 \u20ac \/ 180 K\u010d dospel\u00ed, 6 \u20ac \/ 140 K\u010d deti, drobci do 90 cm zadarmo), akur\u00e1t ve\u013ek\u00e1 na to, aby ju zvl\u00e1dli aj mal\u00e9 nohy.<\/p>\n\n\n\n<h3 class=\"wp-block-heading\"><span class=\"ez-toc-section\" id=\"Cesky_Krumlov\"><\/span>\u010cesk\u00fd Krumlov<span class=\"ez-toc-section-end\"><\/span><\/h3>\n\n\n\n<p class=\"wp-block-paragraph\">Hodina jazdy a si v <a href=\"https:\/\/loudavymkrokem.cz\/sk\/cesky-krumlov-co-vidiet\/\" target=\"_blank\" data-type=\"link\" data-id=\"https:\/\/loudavymkrokem.cz\/cesky-krumlov\/\" rel=\"noreferrer noopener\"><strong>UNESCO<\/strong> <strong>meste<\/strong><\/a>, ktor\u00e9 vyzer\u00e1 ako zo stredovek\u00e9ho filmu. Z\u00e1mok s medve\u010fmi v priekope (naozaj, \u017eiv\u00e9 medvede), centrum pln\u00e9 uli\u010diek a gal\u00e9ria Egona Schieleho pre milovn\u00edkov umenia. Po\u010d\u00edtaj s davmi turistov, ale aj tak to stoj\u00ed za to. Najlep\u0161ie mimo hlavnej sez\u00f3ny.<\/p>\n\n\n\n<figure data-wp-context=\"{&quot;imageId&quot;:&quot;6a952393aa585&quot;}\" data-wp-interactive=\"core\/image\" data-wp-key=\"6a952393aa585\" class=\"wp-block-image size-full wp-lightbox-container\"><img decoding=\"async\" data-wp-class--hide=\"state.isContentHidden\" data-wp-class--show=\"state.isContentVisible\" data-wp-init=\"callbacks.setButtonStyles\" data-wp-on--click=\"actions.showLightbox\" data-wp-on--load=\"callbacks.setButtonStyles\" data-wp-on--pointerdown=\"actions.preloadImage\" data-wp-on--pointerenter=\"actions.preloadImageWithDelay\" data-wp-on--pointerleave=\"actions.cancelPreload\" data-wp-on-window--resize=\"callbacks.setButtonStyles\" src=\"https:\/\/loudavymkrokem.cz\/wp-content\/uploads\/2024\/01\/cesky-krumlov-2.jpg\" alt=\"\u010cesk\u00fd Krumlov\" class=\"wp-image-122246\" title=\"\"><button\n\t\t\tclass=\"lightbox-trigger\"\n\t\t\ttype=\"button\"\n\t\t\taria-haspopup=\"dialog\"\n\t\t\tdata-wp-bind--aria-label=\"state.thisImage.triggerButtonAriaLabel\"\n\t\t\tdata-wp-init=\"callbacks.initTriggerButton\"\n\t\t\tdata-wp-on--click=\"actions.showLightbox\"\n\t\t\tdata-wp-style--right=\"state.thisImage.buttonRight\"\n\t\t\tdata-wp-style--top=\"state.thisImage.buttonTop\"\n\t\t>\n\t\t\t<svg xmlns=\"http:\/\/www.w3.org\/2000\/svg\" width=\"12\" height=\"12\" fill=\"none\" viewBox=\"0 0 12 12\">\n\t\t\t\t<path fill=\"#fff\" d=\"M2 0a2 2 0 0 0-2 2v2h1.5V2a.5.5 0 0 1 .5-.5h2V0H2Zm2 10.5H2a.5.5 0 0 1-.5-.5V8H0v2a2 2 0 0 0 2 2h2v-1.5ZM8 12v-1.5h2a.5.5 0 0 0 .5-.5V8H12v2a2 2 0 0 1-2 2H8Zm2-12a2 2 0 0 1 2 2v2h-1.5V2a.5.5 0 0 0-.5-.5H8V0h2Z\" \/>\n\t\t\t<\/svg>\n\t\t<\/button><figcaption class=\"wp-element-caption\">\u010cesk\u00fd Krumlov<\/figcaption><\/figure>\n\n\n\n<h3 class=\"wp-block-heading\"><span class=\"ez-toc-section\" id=\"Sumava\"><\/span>\u0160umava<span class=\"ez-toc-section-end\"><\/span><\/h3>\n\n\n\n<p class=\"wp-block-paragraph\"><strong>Bude ti sta\u010di\u0165 hodina a si v<\/strong> <strong><a href=\"https:\/\/loudavymkrokem.cz\/sk\/sumava-cesko-kocik-vylet\/\" target=\"_blank\" data-type=\"link\" data-id=\"https:\/\/loudavymkrokem.cz\/sumava-s-kocarkem\/\" rel=\"noreferrer noopener\">N\u00e1rodnom parku \u0160umava<\/a><\/strong>. Prales Boub\u00edn, divok\u00e1 rieka Vydra, Modrava pre milovn\u00edkov Foglarov\u00fdch pr\u00edbehov (alebo aspo\u0148 toho pocitu), cyklotrasy na cel\u00fd de\u0148. \u0160umava je in\u00fd svet \u2013 pomal\u0161\u00ed, zelen\u0161\u00ed, tich\u0161\u00ed. Ide\u00e1lny reset od v\u0161etk\u00e9ho.<\/p>\n\n\n\n<figure data-wp-context=\"{&quot;imageId&quot;:&quot;6a952393aab78&quot;}\" data-wp-interactive=\"core\/image\" data-wp-key=\"6a952393aab78\" class=\"wp-block-image size-full wp-lightbox-container\"><img decoding=\"async\" width=\"1200\" height=\"800\" data-wp-class--hide=\"state.isContentHidden\" data-wp-class--show=\"state.isContentVisible\" data-wp-init=\"callbacks.setButtonStyles\" data-wp-on--click=\"actions.showLightbox\" data-wp-on--load=\"callbacks.setButtonStyles\" data-wp-on--pointerdown=\"actions.preloadImage\" data-wp-on--pointerenter=\"actions.preloadImageWithDelay\" data-wp-on--pointerleave=\"actions.cancelPreload\" data-wp-on-window--resize=\"callbacks.setButtonStyles\" src=\"https:\/\/loudavymkrokem.cz\/wp-content\/uploads\/2024\/05\/sumava-s-kocarkem-3.jpg\" alt=\"\u0160umava\" class=\"wp-image-84399\" title=\"\" srcset=\"https:\/\/loudavymkrokem.cz\/wp-content\/uploads\/2024\/05\/sumava-s-kocarkem-3.jpg 1200w, https:\/\/loudavymkrokem.cz\/wp-content\/uploads\/2024\/05\/sumava-s-kocarkem-3-300x200.jpg 300w, https:\/\/loudavymkrokem.cz\/wp-content\/uploads\/2024\/05\/sumava-s-kocarkem-3-700x467.jpg 700w, https:\/\/loudavymkrokem.cz\/wp-content\/uploads\/2024\/05\/sumava-s-kocarkem-3-768x512.jpg 768w, https:\/\/loudavymkrokem.cz\/wp-content\/uploads\/2024\/05\/sumava-s-kocarkem-3-696x464.jpg 696w\" sizes=\"(max-width: 1200px) 100vw, 1200px\" \/><button\n\t\t\tclass=\"lightbox-trigger\"\n\t\t\ttype=\"button\"\n\t\t\taria-haspopup=\"dialog\"\n\t\t\tdata-wp-bind--aria-label=\"state.thisImage.triggerButtonAriaLabel\"\n\t\t\tdata-wp-init=\"callbacks.initTriggerButton\"\n\t\t\tdata-wp-on--click=\"actions.showLightbox\"\n\t\t\tdata-wp-style--right=\"state.thisImage.buttonRight\"\n\t\t\tdata-wp-style--top=\"state.thisImage.buttonTop\"\n\t\t>\n\t\t\t<svg xmlns=\"http:\/\/www.w3.org\/2000\/svg\" width=\"12\" height=\"12\" fill=\"none\" viewBox=\"0 0 12 12\">\n\t\t\t\t<path fill=\"#fff\" d=\"M2 0a2 2 0 0 0-2 2v2h1.5V2a.5.5 0 0 1 .5-.5h2V0H2Zm2 10.5H2a.5.5 0 0 1-.5-.5V8H0v2a2 2 0 0 0 2 2h2v-1.5ZM8 12v-1.5h2a.5.5 0 0 0 .5-.5V8H12v2a2 2 0 0 1-2 2H8Zm2-12a2 2 0 0 1 2 2v2h-1.5V2a.5.5 0 0 0-.5-.5H8V0h2Z\" \/>\n\t\t\t<\/svg>\n\t\t<\/button><figcaption class=\"wp-element-caption\">\u0160umava<\/figcaption><\/figure>\n\n\n\n<h3 class=\"wp-block-heading\"><span class=\"ez-toc-section\" id=\"Praha\"><\/span>Praha<span class=\"ez-toc-section-end\"><\/span><\/h3>\n\n\n\n<p class=\"wp-block-paragraph\"><strong><a href=\"https:\/\/loudavymkrokem.cz\/sk\/co-vidiet-v-prahe\/\" target=\"_blank\" data-type=\"link\" data-id=\"https:\/\/loudavymkrokem.cz\/co-videt-v-praze\/\" rel=\"noreferrer noopener\">Praha<\/a><\/strong> je od P\u00edsku asi hodinu autom po D4, alebo <strong>70 min\u00fat autobusom RegioJet<\/strong>. Pohodlne, bez stresu s parkovan\u00edm, za 5\u20139 \u20ac (120\u2013220 K\u010d). Praha je Praha, ale je fajn vedie\u0165, \u017ee z P\u00edsku je to vlastne k\u00fasok. Na v\u00fdlet, na koncert, do m\u00fazea a ve\u010der sp\u00e4\u0165 domov k Otave.<\/p>\n\n\n\n<figure data-wp-context=\"{&quot;imageId&quot;:&quot;6a952393ab36a&quot;}\" data-wp-interactive=\"core\/image\" data-wp-key=\"6a952393ab36a\" class=\"wp-block-image size-full wp-lightbox-container\"><img decoding=\"async\" width=\"1200\" height=\"800\" data-wp-class--hide=\"state.isContentHidden\" data-wp-class--show=\"state.isContentVisible\" data-wp-init=\"callbacks.setButtonStyles\" data-wp-on--click=\"actions.showLightbox\" data-wp-on--load=\"callbacks.setButtonStyles\" data-wp-on--pointerdown=\"actions.preloadImage\" data-wp-on--pointerenter=\"actions.preloadImageWithDelay\" data-wp-on--pointerleave=\"actions.cancelPreload\" data-wp-on-window--resize=\"callbacks.setButtonStyles\" src=\"https:\/\/loudavymkrokem.cz\/wp-content\/uploads\/2025\/03\/recenze-domus-balthasar-praha-s-batoletem-3.jpg\" alt=\"Na Karlov most to m\u00e1\u0161 min\u00fatu\" class=\"wp-image-94712\" title=\"\" srcset=\"https:\/\/loudavymkrokem.cz\/wp-content\/uploads\/2025\/03\/recenze-domus-balthasar-praha-s-batoletem-3.jpg 1200w, https:\/\/loudavymkrokem.cz\/wp-content\/uploads\/2025\/03\/recenze-domus-balthasar-praha-s-batoletem-3-300x200.jpg 300w, https:\/\/loudavymkrokem.cz\/wp-content\/uploads\/2025\/03\/recenze-domus-balthasar-praha-s-batoletem-3-700x467.jpg 700w, https:\/\/loudavymkrokem.cz\/wp-content\/uploads\/2025\/03\/recenze-domus-balthasar-praha-s-batoletem-3-768x512.jpg 768w, https:\/\/loudavymkrokem.cz\/wp-content\/uploads\/2025\/03\/recenze-domus-balthasar-praha-s-batoletem-3-696x464.jpg 696w\" sizes=\"(max-width: 1200px) 100vw, 1200px\" \/><button\n\t\t\tclass=\"lightbox-trigger\"\n\t\t\ttype=\"button\"\n\t\t\taria-haspopup=\"dialog\"\n\t\t\tdata-wp-bind--aria-label=\"state.thisImage.triggerButtonAriaLabel\"\n\t\t\tdata-wp-init=\"callbacks.initTriggerButton\"\n\t\t\tdata-wp-on--click=\"actions.showLightbox\"\n\t\t\tdata-wp-style--right=\"state.thisImage.buttonRight\"\n\t\t\tdata-wp-style--top=\"state.thisImage.buttonTop\"\n\t\t>\n\t\t\t<svg xmlns=\"http:\/\/www.w3.org\/2000\/svg\" width=\"12\" height=\"12\" fill=\"none\" viewBox=\"0 0 12 12\">\n\t\t\t\t<path fill=\"#fff\" d=\"M2 0a2 2 0 0 0-2 2v2h1.5V2a.5.5 0 0 1 .5-.5h2V0H2Zm2 10.5H2a.5.5 0 0 1-.5-.5V8H0v2a2 2 0 0 0 2 2h2v-1.5ZM8 12v-1.5h2a.5.5 0 0 0 .5-.5V8H12v2a2 2 0 0 1-2 2H8Zm2-12a2 2 0 0 1 2 2v2h-1.5V2a.5.5 0 0 0-.5-.5H8V0h2Z\" \/>\n\t\t\t<\/svg>\n\t\t<\/button><figcaption class=\"wp-element-caption\">Praha<\/figcaption><\/figure>\n\n\n\n<h2 class=\"wp-block-heading\"><span class=\"ez-toc-section\" id=\"Co_vidiet_v_Pisku_Zaver\"><\/span>\u010co vidie\u0165 v P\u00edsku: Z\u00e1ver<span class=\"ez-toc-section-end\"><\/span><\/h2>\n\n\n\n<figure data-wp-context=\"{&quot;imageId&quot;:&quot;6a952393ab95f&quot;}\" data-wp-interactive=\"core\/image\" data-wp-key=\"6a952393ab95f\" class=\"wp-block-image size-full wp-lightbox-container\"><img decoding=\"async\" width=\"2200\" height=\"1467\" data-wp-class--hide=\"state.isContentHidden\" data-wp-class--show=\"state.isContentVisible\" data-wp-init=\"callbacks.setButtonStyles\" data-wp-on--click=\"actions.showLightbox\" data-wp-on--load=\"callbacks.setButtonStyles\" data-wp-on--pointerdown=\"actions.preloadImage\" data-wp-on--pointerenter=\"actions.preloadImageWithDelay\" data-wp-on--pointerleave=\"actions.cancelPreload\" data-wp-on-window--resize=\"callbacks.setButtonStyles\" src=\"https:\/\/loudavymkrokem.cz\/wp-content\/uploads\/2026\/08\/pisek-otava-naplavka-most.jpg\" alt=\"N\u00e1plavka Otavy pri Kamennom moste v P\u00edsku\" class=\"wp-image-399329\" title=\"\" srcset=\"https:\/\/loudavymkrokem.cz\/wp-content\/uploads\/2026\/08\/pisek-otava-naplavka-most.jpg 2200w, https:\/\/loudavymkrokem.cz\/wp-content\/uploads\/2026\/08\/pisek-otava-naplavka-most-300x200.jpg 300w, https:\/\/loudavymkrokem.cz\/wp-content\/uploads\/2026\/08\/pisek-otava-naplavka-most-700x467.jpg 700w, https:\/\/loudavymkrokem.cz\/wp-content\/uploads\/2026\/08\/pisek-otava-naplavka-most-768x512.jpg 768w, https:\/\/loudavymkrokem.cz\/wp-content\/uploads\/2026\/08\/pisek-otava-naplavka-most-1536x1024.jpg 1536w, https:\/\/loudavymkrokem.cz\/wp-content\/uploads\/2026\/08\/pisek-otava-naplavka-most-2048x1366.jpg 2048w, https:\/\/loudavymkrokem.cz\/wp-content\/uploads\/2026\/08\/pisek-otava-naplavka-most-696x464.jpg 696w, https:\/\/loudavymkrokem.cz\/wp-content\/uploads\/2026\/08\/pisek-otava-naplavka-most-1392x928.jpg 1392w, https:\/\/loudavymkrokem.cz\/wp-content\/uploads\/2026\/08\/pisek-otava-naplavka-most-1920x1280.jpg 1920w\" sizes=\"(max-width: 2200px) 100vw, 2200px\" \/><button\n\t\t\tclass=\"lightbox-trigger\"\n\t\t\ttype=\"button\"\n\t\t\taria-haspopup=\"dialog\"\n\t\t\tdata-wp-bind--aria-label=\"state.thisImage.triggerButtonAriaLabel\"\n\t\t\tdata-wp-init=\"callbacks.initTriggerButton\"\n\t\t\tdata-wp-on--click=\"actions.showLightbox\"\n\t\t\tdata-wp-style--right=\"state.thisImage.buttonRight\"\n\t\t\tdata-wp-style--top=\"state.thisImage.buttonTop\"\n\t\t>\n\t\t\t<svg xmlns=\"http:\/\/www.w3.org\/2000\/svg\" width=\"12\" height=\"12\" fill=\"none\" viewBox=\"0 0 12 12\">\n\t\t\t\t<path fill=\"#fff\" d=\"M2 0a2 2 0 0 0-2 2v2h1.5V2a.5.5 0 0 1 .5-.5h2V0H2Zm2 10.5H2a.5.5 0 0 1-.5-.5V8H0v2a2 2 0 0 0 2 2h2v-1.5ZM8 12v-1.5h2a.5.5 0 0 0 .5-.5V8H12v2a2 2 0 0 1-2 2H8Zm2-12a2 2 0 0 1 2 2v2h-1.5V2a.5.5 0 0 0-.5-.5H8V0h2Z\" \/>\n\t\t\t<\/svg>\n\t\t<\/button><\/figure>\n\n\n\n<p class=\"wp-block-paragraph\">Tak. Tu to m\u00e1\u0161 \u2013 P\u00edsek v \u010cesku tak, ako ho pozn\u00e1m a milujem. Mesto, ktor\u00e9 ne\u010dak\u00e1 na turistick\u00e9 z\u00e1stupy, ale ticho si \u017eije svoj kr\u00e1sny \u017eivot pri rieke. S najstar\u0161\u00edm mostom, s gal\u00e9riou, kde sa deti hraj\u00fa, s kaviar\u0148ami, kde ti neprep\u00e1lia k\u00e1vu, a s pr\u00edbehmi, ktor\u00e9 sa tu p\u00edsali st\u00e1ro\u010dia.<\/p>\n\n\n\n<p class=\"wp-block-paragraph\">Narodila som sa tu, vr\u00e1tila sa sem a som za to v\u010fa\u010dn\u00e1. Ale P\u00edsek nie je \u017eiarliv\u00fd \u2013 r\u00e1d sa del\u00ed. Tak pr\u00ed\u010f, prejdi sa po moste, daj si k\u00e1vu na n\u00e1mest\u00ed, z\u00e1jdi do Sladovny, pozri sa na Otavu z l\u00e1vky Dagmar \u0160imkovej a nechaj sa prekvapi\u0165 t\u00fdm, ko\u013eko kr\u00e1sy sa zmest\u00ed do jedn\u00e9ho juho\u010desk\u00e9ho mesta.<\/p>\n\n\n\n<h2 class=\"wp-block-heading\"><span class=\"ez-toc-section\" id=\"Kam_dalej\"><\/span>Kam \u010falej<span class=\"ez-toc-section-end\"><\/span><\/h2>\n\n\n\n<p class=\"wp-block-paragraph\">Aktu\u00e1lne akcie, festivaly a preh\u013ead miest v P\u00edsku n\u00e1jde\u0161 na <a href=\"https:\/\/pisek.info\" target=\"_blank\" rel=\"noopener\">pisek.info<\/a> (sekcia <a href=\"https:\/\/pisek.info\/akce\" target=\"_blank\" rel=\"noopener\">Akce<\/a> a <a href=\"https:\/\/pisek.info\/mista\" target=\"_blank\" rel=\"noopener\">M\u00edsta<\/a>). Ide\u0161 s de\u0165mi? Potom si pre\u010d\u00edtaj m\u00f4jho samostatn\u00e9ho sprievodcu <a href=\"https:\/\/loudavymkrokem.cz\/sk\/pisek-cesko-s-detmi\/\">P\u00edsek s de\u0165mi: 40 tipov od miestnej mamy<\/a>, kde n\u00e1jde\u0161 v\u0161etky herni\u010dky, ihrisk\u00e1 a rodinn\u00e9 v\u00fdlety aj s cenami. Ak pl\u00e1nuje\u0161 v ju\u017en\u00fdch \u010cech\u00e1ch str\u00e1vi\u0165 viac dn\u00ed, mrkni na ve\u013ek\u00fd preh\u013ead <a href=\"https:\/\/loudavymkrokem.cz\/sk\/juzne-cechy-najkrajsie-miesta\/\">Kam na dovolenku v ju\u017en\u00fdch \u010cech\u00e1ch: 15 najkraj\u0161\u00edch miest (aj s de\u0165mi)<\/a>, kde P\u00edsek dop\u013a\u0148a \u0161trn\u00e1s\u0165 \u010fal\u0161\u00edch kr\u00e1snych k\u00fatov kraja. K\u00fasok od P\u00edsku le\u017e\u00ed husitsk\u00fd <a href=\"https:\/\/loudavymkrokem.cz\/sk\/tabor-cesko-co-vidiet\/\">T\u00e1bor, o ktorom m\u00e1me podrobn\u00e9ho sprievodcu<\/a>, a za \u0161tyridsa\u0165 min\u00fat si v <a href=\"https:\/\/loudavymkrokem.cz\/sk\/ceske-budejovice-cesko-tipy\/\">\u010cesk\u00fdch Bud\u011bjoviciach<\/a>. A ak \u0165a l\u00e1ka cel\u00e9 \u010cesko, prejdi si <a href=\"https:\/\/loudavymkrokem.cz\/sk\/dovolenka-v-cesku-tipy\/\">20 tipov, kam na dovolenku v \u010cesku<\/a>.<\/p>\n\n\n\n<p class=\"wp-block-paragraph\">Chce\u0161 z P\u00edsku vyr\u00e1\u017ea\u0165 po okol\u00ed? Nap\u00edsala som samostatn\u00e9ho sprievodcu <a href=\"https:\/\/loudavymkrokem.cz\/sk\/vylety-v-okoli-pisku\/\">V\u00fdlety v okol\u00ed P\u00edsku: 30 tipov od rod\u00e1\u010dky<\/a> \u2014 hrady Zv\u00edkov a Orl\u00edk, plavbu po priehrade, Blatn\u00fa aj Hlubok\u00fa, v\u0161etko s presnou vzdialenos\u0165ou a \u010dasom jazdy z P\u00edsku.<\/p>\n\n\n\n<h2 class=\"wp-block-heading\"><span class=\"ez-toc-section\" id=\"Casto_kladene_otazky\"><\/span>\u010casto kladen\u00e9 ot\u00e1zky<span class=\"ez-toc-section-end\"><\/span><\/h2>\n\n\n<div id=\"rank-math-faq\" class=\"rank-math-block\">\n<div class=\"rank-math-list \">\n<div id=\"faq-question-1774379600001\" class=\"rank-math-list-item\">\n<h3 class=\"rank-math-question \"><span class=\"ez-toc-section\" id=\"Je_Kamenny_most_v_Pisku_naozaj_starsi_nez_Karlov_most\"><\/span>Je Kamenn\u00fd most v P\u00edsku naozaj star\u0161\u00ed ne\u017e Karlov most?<span class=\"ez-toc-section-end\"><\/span><\/h3>\n<div class=\"rank-math-answer \">\n\n<p>\u00c1no, a nie je to len legenda. Kamenn\u00fd most v P\u00edsku poch\u00e1dza z druhej polovice 13. storo\u010dia, zatia\u013e \u010do Karlov most v Prahe bol zalo\u017een\u00fd a\u017e v roku 1357. P\u00edseck\u00fd most je o desiatky rokov star\u0161\u00ed \u2014 je to najstar\u0161\u00ed zachovan\u00fd kamenn\u00fd most v \u010cesku.<\/p>\n\n<\/div>\n<\/div>\n<div id=\"faq-question-1774379600002\" class=\"rank-math-list-item\">\n<h3 class=\"rank-math-question \"><span class=\"ez-toc-section\" id=\"Zabavi_Sladovna_aj_starsie_deti\"><\/span>Zabav\u00ed Sladovna aj star\u0161ie deti?<span class=\"ez-toc-section-end\"><\/span><\/h3>\n<div class=\"rank-math-answer \">\n\n<p>Ur\u010dite \u00e1no. Mravisko a meniace sa interakt\u00edvne v\u00fdstavy s\u00fa navrhnut\u00e9 tak, aby zaujali aj \u0161kol\u00e1kov a t\u00edned\u017eerov. Nie je to len prelieza\u010dka pre b\u00e1b\u00e4tk\u00e1 \u2014 star\u0161ie deti tu rie\u0161ia logick\u00e9 \u00falohy, experimentuj\u00fa a objavuj\u00fa. \u00daprimne, bav\u00ed to aj dospel\u00fdch.<\/p>\n\n<\/div>\n<\/div>\n<div id=\"faq-question-1774379600003\" class=\"rank-math-list-item\">\n<h3 class=\"rank-math-question \"><span class=\"ez-toc-section\" id=\"Kde_presne_sa_nachadzaju_piesocne_sochy\"><\/span>Kde presne sa nach\u00e1dzaj\u00fa pieso\u010dn\u00e9 sochy?<span class=\"ez-toc-section-end\"><\/span><\/h3>\n<div class=\"rank-math-answer \">\n\n<p>Na n\u00e1bre\u017e\u00ed pri Kamennom moste, priamo pri rieke Otave. Sochy tu b\u00fdvaj\u00fa od jari do leta a prehliadka je zdarma. Sta\u010d\u00ed pr\u00eds\u0165 a kocha\u0165 sa \u2014 \u017eiadne vstupn\u00e9, \u017eiadna rezerv\u00e1cia.<\/p>\n\n<\/div>\n<\/div>\n<div id=\"faq-question-1774379600004\" class=\"rank-math-list-item\">\n<h3 class=\"rank-math-question \"><span class=\"ez-toc-section\" id=\"Ako_sa_dostanem_k_rozhladni_Jarnik\"><\/span>Ako sa dostanem k rozh\u013eadni Jarn\u00edk?<span class=\"ez-toc-section-end\"><\/span><\/h3>\n<div class=\"rank-math-answer \">\n\n<p>Z centra P\u00edsku je to zhruba 4 km, najjednoduch\u0161ia cesta vedie lesom od parkoviska U Vod\u00e1ka (autom sa a\u017e k rozh\u013eadni nedostanete). Cesta je mierne do kopca a zvl\u00e1dnu ju aj deti, nahor potom vedie 182 schodov a vstup je zdarma. Na mieste v\u00e1s odmen\u00ed panoramatick\u00fd v\u00fdh\u013ead na mesto a okolit\u00e9 prostredie.<\/p>\n\n<\/div>\n<\/div>\n<div id=\"faq-question-1774379600005\" class=\"rank-math-list-item\">\n<h3 class=\"rank-math-question \"><span class=\"ez-toc-section\" id=\"Kedy_je_najlepsia_doba_na_navstevu_Zemskeho_zrebcinca\"><\/span>Kedy je najlep\u0161ia doba na n\u00e1v\u0161tevu Zemsk\u00e9ho \u017ereb\u010dinca?<span class=\"ez-toc-section-end\"><\/span><\/h3>\n<div class=\"rank-math-answer \">\n\n<p>Ide\u00e1lne v lete, od j\u00fana do okt\u00f3bra, ke\u010f prebiehaj\u00fa pravideln\u00e9 komentovan\u00e9 prehliadky \u2014 v stredu, v piatok a v nede\u013eu o 14:00. Mimo sez\u00f3ny je are\u00e1l pr\u00edstupn\u00fd obmedzene, tak\u017ee leto je st\u00e1vka na istotu.<\/p>\n\n<\/div>\n<\/div>\n<div id=\"faq-question-1774379600006\" class=\"rank-math-list-item\">\n<h3 class=\"rank-math-question \"><span class=\"ez-toc-section\" id=\"Kolko_stoji_vstupne_do_Prachenskeho_muzea\"><\/span>Ko\u013eko stoj\u00ed vstupn\u00e9 do Pr\u00e1che\u0148sk\u00e9ho m\u00fazea?<span class=\"ez-toc-section-end\"><\/span><\/h3>\n<div class=\"rank-math-answer \">\n\n<p>Dospel\u00ed zaplatia 2,50 \u20ac (60 K\u010d), deti 1,20 \u20ac (30 K\u010d) a rodinn\u00e9 vstupn\u00e9 vyjde na 6 \u20ac (150 K\u010d). Za to, \u010do vn\u00fatri uvid\u00edte \u2014 od gotick\u00e9ho hradu po zbierky z cel\u00e9ho regi\u00f3nu \u2014 je to asi jeden z najlep\u0161\u00edch pomerov cena\/z\u00e1\u017eitok v P\u00edsku.<\/p>\n\n<\/div>\n<\/div>\n<div id=\"faq-question-1774379600007\" class=\"rank-math-list-item\">\n<h3 class=\"rank-math-question \"><span class=\"ez-toc-section\" id=\"Ako_sa_najlepsie_dostanem_do_Pisku_z_Bratislavy\"><\/span>Ako sa najlep\u0161ie dostanem do P\u00edsku z Bratislavy?<span class=\"ez-toc-section-end\"><\/span><\/h3>\n<div class=\"rank-math-answer \">\n\n<p>Najpohodlnej\u0161ia varianta je autobus RegioJet \u2014 cesta trv\u00e1 asi 3,5 hodiny. L\u00edstok vyjde na 8\u201315 \u20ac pod\u013ea tarifu. Autom cez Brno a Jihlavu to zvl\u00e1dnete zhruba za 3 hodiny. Obe varianty s\u00fa bezprobl\u00e9mov\u00e9.<\/p>\n\n<\/div>\n<\/div>\n<div id=\"faq-question-1774379600008\" class=\"rank-math-list-item\">\n<h3 class=\"rank-math-question \"><span class=\"ez-toc-section\" id=\"Kam_v_Pisku_s_detmi\"><\/span>Kam v P\u00edsku s de\u0165mi?<span class=\"ez-toc-section-end\"><\/span><\/h3>\n<div class=\"rank-math-answer \">\n\n<p>Jednotka je Sladovna (gal\u00e9ria hrou, 6 \u20ac, deti do 3 rokov zdarma), v lete Sochy z piesku na n\u00e1bre\u017e\u00ed a k\u00fapalisko u V\u00e1clava, za da\u017e\u010fa My\u0161ka her\u0148a. Z v\u00fdletov do 20 min\u00fat odpor\u00fa\u010dam Farmapark Maletice, Na\u0161e zv\u00ed\u0159\u00e1tka v Putimi (zdarma) a Kr\u00e1lovstv\u00ed \u010dasu v Protiv\u00edn\u011b. Kompletn\u00fd rodinn\u00fd sprievodca m\u00e1me v \u010dl\u00e1nku P\u00edsek s de\u0165mi.<\/p>\n\n<\/div>\n<\/div>\n<\/div>\n<\/div>","protected":false},"excerpt":{"rendered":"<p>\u010co vidie\u0165 v P\u00edsku? 39 tipov od rod\u00e1\u010dky, ktor\u00e1 sa sem po rokoch vr\u00e1tila s rodinou: najstar\u0161\u00ed kamenn\u00fd most, sochy z piesku, Sladovna, kaviarne aj tipy s de\u0165mi.<\/p>\n","protected":false},"author":3,"featured_media":399318,"comment_status":"open","ping_status":"open","sticky":false,"template":"","format":"standard","meta":{"_acf_changed":false,"footnotes":"","rank_math_title":"\u010co vidie\u0165 v P\u00edsku (\u010cesko): 39 tipov od rod\u00e1\u010dky","rank_math_description":"\u010co vidie\u0165 v P\u00edsku v \u010cesku? 39 tipov od rod\u00e1\u010dky na pamiatky, tajn\u00e9 vyhliadky, kaviarne aj v\u00fdlety s de\u0165mi. Objav najstar\u0161\u00ed kamenn\u00fd most v \u010cesku. Po\u010f na to!","rank_math_focus_keyword":"p\u00edsek \u010desko","rank_math_seo_score":""},"categories":[82],"tags":[],"class_list":["post-409002","post","type-post","status-publish","format-standard","has-post-thumbnail","category-cestovani"],"acf":[],"featured_image_src":"https:\/\/loudavymkrokem.cz\/wp-content\/uploads\/2026\/08\/pisek-velke-namesti-radnice.jpg","author_info":{"display_name":"Lucie Kone\u010dn\u00e1","author_link":"https:\/\/loudavymkrokem.cz\/sk\/author\/lucie-konecna\/"},"_links":{"self":[{"href":"https:\/\/loudavymkrokem.cz\/sk\/wp-json\/wp\/v2\/posts\/409002","targetHints":{"allow":["GET"]}}],"collection":[{"href":"https:\/\/loudavymkrokem.cz\/sk\/wp-json\/wp\/v2\/posts"}],"about":[{"href":"https:\/\/loudavymkrokem.cz\/sk\/wp-json\/wp\/v2\/types\/post"}],"author":[{"embeddable":true,"href":"https:\/\/loudavymkrokem.cz\/sk\/wp-json\/wp\/v2\/users\/3"}],"replies":[{"embeddable":true,"href":"https:\/\/loudavymkrokem.cz\/sk\/wp-json\/wp\/v2\/comments?post=409002"}],"version-history":[{"count":2,"href":"https:\/\/loudavymkrokem.cz\/sk\/wp-json\/wp\/v2\/posts\/409002\/revisions"}],"predecessor-version":[{"id":409004,"href":"https:\/\/loudavymkrokem.cz\/sk\/wp-json\/wp\/v2\/posts\/409002\/revisions\/409004"}],"wp:featuredmedia":[{"embeddable":true,"href":"https:\/\/loudavymkrokem.cz\/sk\/wp-json\/wp\/v2\/media\/399318"}],"wp:attachment":[{"href":"https:\/\/loudavymkrokem.cz\/sk\/wp-json\/wp\/v2\/media?parent=409002"}],"wp:term":[{"taxonomy":"category","embeddable":true,"href":"https:\/\/loudavymkrokem.cz\/sk\/wp-json\/wp\/v2\/categories?post=409002"},{"taxonomy":"post_tag","embeddable":true,"href":"https:\/\/loudavymkrokem.cz\/sk\/wp-json\/wp\/v2\/tags?post=409002"}],"curies":[{"name":"wp","href":"https:\/\/api.w.org\/{rel}","templated":true}]}}