{"id":151244,"date":"2026-04-24T18:21:09","date_gmt":"2026-04-24T16:21:09","guid":{"rendered":"https:\/\/loudavymkrokem.cz\/?p=151244"},"modified":"2026-04-30T11:07:03","modified_gmt":"2026-04-30T09:07:03","slug":"karlov-most-praha-sprievodca","status":"publish","type":"post","link":"https:\/\/loudavymkrokem.cz\/sk\/karlov-most-praha-sprievodca\/","title":{"rendered":"Karlov most: Sprievodca od miestnej (hist\u00f3ria, sochy, najlep\u0161\u00ed \u010das)"},"content":{"rendered":"<p>Ke\u010f som r\u00e1no pon\u00e1h\u013eala na prv\u00fa hodinu do Malostransk\u00e9ho gymn\u00e1zia, ob\u010das som to schv\u00e1lne vzala ok\u013eukou a pred\u013a\u017eila si cestu cez Karlov most v Prahe (\u010dasto som jednoducho nast\u00fapila na nespr\u00e1vnu elektri\u010dku). <strong>O pol \u00f4smej r\u00e1no, najm\u00e4 v sychravom novembri, tu toti\u017e vl\u00e1dlo zvl\u00e1\u0161tne ticho, ktor\u00e9 preru\u0161ovalo len k\u0155kanie \u010dajok a klopkanie mojich vlastn\u00fdch top\u00e1nok o vlhk\u00fa dla\u017ebu.<\/strong><\/p>\n<p>Okolo tridsiatky barokov\u00fdch s\u00f4ch sa v\u00e1lala hmla z Vltavy a ja som mala pocit, \u017ee mi t\u00e1to gotick\u00e1 spojnica medzi Star\u00fdm Mestom a Malou Stranou patr\u00ed len na t\u00fa chv\u00ed\u013eu cel\u00e1. O p\u00e1r rokov nesk\u00f4r som si chodila na most sada\u0165 o tretej r\u00e1no. Prem\u00fd\u0161\u013ea\u0165. \u010casto ma vyhodili policajti, tak to rad\u0161ej nerobte.<\/p>\n<p>S Luk\u00e1\u0161om sme po na\u0161om prvom rande na Pra\u017eskom hrade zi\u0161li Z\u00e1mock\u00fdmi schodmi dolu a skon\u010dili pr\u00e1ve tu, <strong>pri p\u00e4te malostransk\u00fdch ve\u017e\u00ed.<\/strong> Dnes sa sem vraciame ako rodi\u010dia a ja s hr\u00f4zou zis\u0165ujem, ak\u00fd rachot rob\u00ed t\u00e1 prekliat\u00e1 dla\u017eba a obrubn\u00edky, ke\u010f sa nimi sna\u017e\u00edte premanevrova\u0165 s dvojro\u010dn\u00fdm Jon\u00e1\u0161om v ko\u010d\u00edku. <strong>Samotn\u00e9 miesto sa od mojich \u0161tudentsk\u00fdch \u010dias nezmenilo, ale moje vn\u00edmanie \u00e1no. U\u017e sa nesna\u017e\u00edm prediera\u0165 davom v prav\u00e9 poludnie, rad\u0161ej si privstanem alebo naopak pr\u00eddem neskoro ve\u010der, ke\u010f mesto kone\u010dne vyd\u00fdchne.<\/strong><\/p>\n<p>\u010casto sa ma cudzinci p\u00fdtaj\u00fa, \u010di m\u00e1 v\u00f4bec zmysel k tejto najzn\u00e1mej\u0161ej pra\u017eskej pamiatke \u00eds\u0165, ke\u010f je neust\u00e1le v obliehan\u00ed. Moja odpove\u010f je jednozna\u010dn\u00e1: \u00e1no, ale mus\u00edte vedie\u0165, ako na to. Nejde len o to prejs\u0165 z jedn\u00e9ho brehu na druh\u00fd. Ide o to v\u0161\u00edma\u0165 si detailov, pozna\u0165 trochu kontextu a vybra\u0165 si ten spr\u00e1vny moment, ke\u010f sa z preplnenej atrakcie stane znovu mystick\u00e9 miesto s hlbokou hist\u00f3riou.<\/p>\n<p>Pr\u00ed\u010fte r\u00e1no, pr\u00ed\u010fte v noci, pr\u00ed\u010fte v da\u017edi \u2014 len si najprv pre\u010d\u00edtajte, \u010do v\u00e1m chcem poveda\u0165, nech to cel\u00e9 m\u00e1 zmysel.<\/p>\n<figure class=\"wp-block-image size-full\"><img loading=\"lazy\" decoding=\"async\" width=\"1200\" height=\"800\" src=\"https:\/\/loudavymkrokem.cz\/wp-content\/uploads\/2025\/03\/recenze-domus-balthasar-praha-s-batoletem-3.jpg\" alt=\"Na Karlov most to m\u00e1te min\u00fatu\" class=\"wp-image-94712\" title=\"\" srcset=\"https:\/\/loudavymkrokem.cz\/wp-content\/uploads\/2025\/03\/recenze-domus-balthasar-praha-s-batoletem-3.jpg 1200w, https:\/\/loudavymkrokem.cz\/wp-content\/uploads\/2025\/03\/recenze-domus-balthasar-praha-s-batoletem-3-300x200.jpg 300w, https:\/\/loudavymkrokem.cz\/wp-content\/uploads\/2025\/03\/recenze-domus-balthasar-praha-s-batoletem-3-700x467.jpg 700w, https:\/\/loudavymkrokem.cz\/wp-content\/uploads\/2025\/03\/recenze-domus-balthasar-praha-s-batoletem-3-768x512.jpg 768w, https:\/\/loudavymkrokem.cz\/wp-content\/uploads\/2025\/03\/recenze-domus-balthasar-praha-s-batoletem-3-696x464.jpg 696w\" sizes=\"auto, (max-width: 1200px) 100vw, 1200px\"><figcaption class=\"wp-element-caption\">Praha<\/figcaption><\/figure>\n<div id=\"ez-toc-container\" class=\"ez-toc-v2_0_82_2 ez-toc-wrap-left counter-hierarchy ez-toc-counter ez-toc-grey ez-toc-container-direction\">\n<div class=\"ez-toc-title-container\">\n<p class=\"ez-toc-title\" style=\"cursor:inherit\">Obsah \u010dl\u00e1nku<\/p>\n<span class=\"ez-toc-title-toggle\"><a href=\"#\" class=\"ez-toc-pull-right ez-toc-btn ez-toc-btn-xs ez-toc-btn-default ez-toc-toggle\" aria-label=\"Toggle Table of Content\"><span class=\"ez-toc-js-icon-con\"><span class=\"\"><span class=\"eztoc-hide\" style=\"display:none;\">Toggle<\/span><span class=\"ez-toc-icon-toggle-span\"><svg style=\"fill: #999;color:#999\" xmlns=\"http:\/\/www.w3.org\/2000\/svg\" class=\"list-377408\" width=\"20px\" height=\"20px\" viewBox=\"0 0 24 24\" fill=\"none\"><path d=\"M6 6H4v2h2V6zm14 0H8v2h12V6zM4 11h2v2H4v-2zm16 0H8v2h12v-2zM4 16h2v2H4v-2zm16 0H8v2h12v-2z\" fill=\"currentColor\"><\/path><\/svg><svg style=\"fill: #999;color:#999\" class=\"arrow-unsorted-368013\" xmlns=\"http:\/\/www.w3.org\/2000\/svg\" width=\"10px\" height=\"10px\" viewBox=\"0 0 24 24\" version=\"1.2\" baseProfile=\"tiny\"><path d=\"M18.2 9.3l-6.2-6.3-6.2 6.3c-.2.2-.3.4-.3.7s.1.5.3.7c.2.2.4.3.7.3h11c.3 0 .5-.1.7-.3.2-.2.3-.5.3-.7s-.1-.5-.3-.7zM5.8 14.7l6.2 6.3 6.2-6.3c.2-.2.3-.5.3-.7s-.1-.5-.3-.7c-.2-.2-.4-.3-.7-.3h-11c-.3 0-.5.1-.7.3-.2.2-.3.5-.3.7s.1.5.3.7z\"\/><\/svg><\/span><\/span><\/span><\/a><\/span><\/div>\n<nav><ul class='ez-toc-list ez-toc-list-level-1 ' ><li class='ez-toc-page-1 ez-toc-heading-level-2'><a class=\"ez-toc-link ez-toc-heading-1\" href=\"https:\/\/loudavymkrokem.cz\/sk\/karlov-most-praha-sprievodca\/#Zhrnutie\" >Zhrnutie<\/a><\/li><li class='ez-toc-page-1 ez-toc-heading-level-2'><a class=\"ez-toc-link ez-toc-heading-2\" href=\"https:\/\/loudavymkrokem.cz\/sk\/karlov-most-praha-sprievodca\/#Kedy_vyrazit_na_Karlov_most\" >Kedy vyrazi\u0165 na Karlov most<\/a><ul class='ez-toc-list-level-3' ><li class='ez-toc-heading-level-3'><a class=\"ez-toc-link ez-toc-heading-3\" href=\"https:\/\/loudavymkrokem.cz\/sk\/karlov-most-praha-sprievodca\/#Magia_skoreho_rana_a_usvitu\" >M\u00e1gia skor\u00e9ho r\u00e1na a \u00fasvitu<\/a><\/li><li class='ez-toc-page-1 ez-toc-heading-level-3'><a class=\"ez-toc-link ez-toc-heading-4\" href=\"https:\/\/loudavymkrokem.cz\/sk\/karlov-most-praha-sprievodca\/#Poobednajsi_ruch_a_vecerne_upokojenie\" >Poobed\u0148aj\u0161\u00ed ruch a ve\u010dern\u00e9 upokojenie<\/a><\/li><\/ul><\/li><li class='ez-toc-page-1 ez-toc-heading-level-2'><a class=\"ez-toc-link ez-toc-heading-5\" href=\"https:\/\/loudavymkrokem.cz\/sk\/karlov-most-praha-sprievodca\/#Kde_sa_ubytovat\" >Kde sa ubytova\u0165<\/a><\/li><li class='ez-toc-page-1 ez-toc-heading-level-2'><a class=\"ez-toc-link ez-toc-heading-6\" href=\"https:\/\/loudavymkrokem.cz\/sk\/karlov-most-praha-sprievodca\/#Historia_a_architektura_Karlovho_mostu\" >Hist\u00f3ria a architekt\u00fara Karlovho mostu<\/a><ul class='ez-toc-list-level-3' ><li class='ez-toc-heading-level-3'><a class=\"ez-toc-link ez-toc-heading-7\" href=\"https:\/\/loudavymkrokem.cz\/sk\/karlov-most-praha-sprievodca\/#Magicky_datum_zalozenia_a_Petr_Parler\" >Magick\u00fd d\u00e1tum zalo\u017eenia a Petr Parl\u00e9\u0159<\/a><\/li><li class='ez-toc-page-1 ez-toc-heading-level-3'><a class=\"ez-toc-link ez-toc-heading-8\" href=\"https:\/\/loudavymkrokem.cz\/sk\/karlov-most-praha-sprievodca\/#Mytus_o_vajciach_a_drsna_realita_povodni\" >M\u00fdtus o vajciach a drsn\u00e1 realita povodn\u00ed<\/a><\/li><li class='ez-toc-page-1 ez-toc-heading-level-3'><a class=\"ez-toc-link ez-toc-heading-9\" href=\"https:\/\/loudavymkrokem.cz\/sk\/karlov-most-praha-sprievodca\/#Bradac_Prazsky_varovny_system\" >Brad\u00e1\u010d: Pra\u017esk\u00fd varovn\u00fd syst\u00e9m<\/a><\/li><\/ul><\/li><li class='ez-toc-page-1 ez-toc-heading-level-2'><a class=\"ez-toc-link ez-toc-heading-10\" href=\"https:\/\/loudavymkrokem.cz\/sk\/karlov-most-praha-sprievodca\/#Sochy_na_Karlovom_moste_Galeria_pod_sirym_nebom\" >Sochy na Karlovom moste: Gal\u00e9ria pod \u0161\u00edrym nebom<\/a><ul class='ez-toc-list-level-3' ><li class='ez-toc-heading-level-3'><a class=\"ez-toc-link ez-toc-heading-11\" href=\"https:\/\/loudavymkrokem.cz\/sk\/karlov-most-praha-sprievodca\/#Svaty_Jan_Nepomucky_a_ritual_pre_stastie\" >Sv\u00e4t\u00fd J\u00e1n Nepomuck\u00fd a ritu\u00e1l pre \u0161\u0165astie<\/a><\/li><li class='ez-toc-page-1 ez-toc-heading-level-3'><a class=\"ez-toc-link ez-toc-heading-12\" href=\"https:\/\/loudavymkrokem.cz\/sk\/karlov-most-praha-sprievodca\/#Sen_svatej_Luitgardy\" >Sen sv\u00e4tej Luitgardy<\/a><\/li><li class='ez-toc-page-1 ez-toc-heading-level-3'><a class=\"ez-toc-link ez-toc-heading-13\" href=\"https:\/\/loudavymkrokem.cz\/sk\/karlov-most-praha-sprievodca\/#Susosie_svateho_Vincenta_Ferrerskeho_a_Prokopa\" >S\u00faso\u0161ie sv\u00e4t\u00e9ho Vincenta Ferrersk\u00e9ho a Prokopa<\/a><\/li><\/ul><\/li><li class='ez-toc-page-1 ez-toc-heading-level-2'><a class=\"ez-toc-link ez-toc-heading-14\" href=\"https:\/\/loudavymkrokem.cz\/sk\/karlov-most-praha-sprievodca\/#Veze_Karlovho_mostu_Pohlady_zhora\" >Ve\u017ee Karlovho mostu: Poh\u013eady zhora<\/a><ul class='ez-toc-list-level-3' ><li class='ez-toc-heading-level-3'><a class=\"ez-toc-link ez-toc-heading-15\" href=\"https:\/\/loudavymkrokem.cz\/sk\/karlov-most-praha-sprievodca\/#Staromestska_mostecka_veza\" >Staromestsk\u00e1 mosteck\u00e1 ve\u017ea<\/a><\/li><li class='ez-toc-page-1 ez-toc-heading-level-3'><a class=\"ez-toc-link ez-toc-heading-16\" href=\"https:\/\/loudavymkrokem.cz\/sk\/karlov-most-praha-sprievodca\/#Malostranske_mostecke_veze\" >Malostransk\u00e9 mosteck\u00e9 ve\u017ee<\/a><\/li><\/ul><\/li><li class='ez-toc-page-1 ez-toc-heading-level-2'><a class=\"ez-toc-link ez-toc-heading-17\" href=\"https:\/\/loudavymkrokem.cz\/sk\/karlov-most-praha-sprievodca\/#Prakticke_informacie\" >Praktick\u00e9 inform\u00e1cie<\/a><ul class='ez-toc-list-level-3' ><li class='ez-toc-heading-level-3'><a class=\"ez-toc-link ez-toc-heading-18\" href=\"https:\/\/loudavymkrokem.cz\/sk\/karlov-most-praha-sprievodca\/#Doprava_a_ako_sa_k_mostu_dostat\" >Doprava a ako sa k mostu dosta\u0165<\/a><\/li><li class='ez-toc-page-1 ez-toc-heading-level-3'><a class=\"ez-toc-link ez-toc-heading-19\" href=\"https:\/\/loudavymkrokem.cz\/sk\/karlov-most-praha-sprievodca\/#Komentovane_prehliadky_a_plavby_po_Vltave\" >Komentovan\u00e9 prehliadky a plavby po Vltave<\/a><\/li><li class='ez-toc-page-1 ez-toc-heading-level-3'><a class=\"ez-toc-link ez-toc-heading-20\" href=\"https:\/\/loudavymkrokem.cz\/sk\/karlov-most-praha-sprievodca\/#Kde_sa_najest_a_kde_na_kavu_a_nespadnut_do_pasce\" >Kde sa najes\u0165 a kde na k\u00e1vu (a nespadn\u00fa\u0165 do pasce)<\/a><\/li><\/ul><\/li><li class='ez-toc-page-1 ez-toc-heading-level-2'><a class=\"ez-toc-link ez-toc-heading-21\" href=\"https:\/\/loudavymkrokem.cz\/sk\/karlov-most-praha-sprievodca\/#Casto_kladene_otazky\" >\u010casto kladen\u00e9 ot\u00e1zky<\/a><ul class='ez-toc-list-level-3' ><li class='ez-toc-heading-level-3'><a class=\"ez-toc-link ez-toc-heading-22\" href=\"https:\/\/loudavymkrokem.cz\/sk\/karlov-most-praha-sprievodca\/#Je_vstup_na_Karlov_most_spoplatneny\" >Je vstup na Karlov most spoplatnen\u00fd?<\/a><\/li><li class='ez-toc-page-1 ez-toc-heading-level-3'><a class=\"ez-toc-link ez-toc-heading-23\" href=\"https:\/\/loudavymkrokem.cz\/sk\/karlov-most-praha-sprievodca\/#Kedy_je_tu_najmenej_ludi\" >Kedy je tu najmenej \u013eud\u00ed?<\/a><\/li><li class='ez-toc-page-1 ez-toc-heading-level-3'><a class=\"ez-toc-link ez-toc-heading-24\" href=\"https:\/\/loudavymkrokem.cz\/sk\/karlov-most-praha-sprievodca\/#Da_sa_prejst_na_bicykli_alebo_kolobezke\" >D\u00e1 sa prejs\u0165 na bicykli alebo kolobe\u017eke?<\/a><\/li><li class='ez-toc-page-1 ez-toc-heading-level-3'><a class=\"ez-toc-link ez-toc-heading-25\" href=\"https:\/\/loudavymkrokem.cz\/sk\/karlov-most-praha-sprievodca\/#Su_sochy_originaly\" >S\u00fa sochy origin\u00e1ly?<\/a><\/li><li class='ez-toc-page-1 ez-toc-heading-level-3'><a class=\"ez-toc-link ez-toc-heading-26\" href=\"https:\/\/loudavymkrokem.cz\/sk\/karlov-most-praha-sprievodca\/#Ako_dlho_trva_prejst_z_jedneho_brehu_na_druhy\" >Ako dlho trv\u00e1 prejs\u0165 z jedn\u00e9ho brehu na druh\u00fd?<\/a><\/li><li class='ez-toc-page-1 ez-toc-heading-level-3'><a class=\"ez-toc-link ez-toc-heading-27\" href=\"https:\/\/loudavymkrokem.cz\/sk\/karlov-most-praha-sprievodca\/#Je_trasa_bezbarierova\" >Je trasa bezbari\u00e9rov\u00e1?<\/a><\/li><\/ul><\/li><\/ul><\/nav><\/div>\n<h2 class=\"wp-block-heading\"><span class=\"ez-toc-section\" id=\"Zhrnutie\"><\/span><span class=\"ez-toc-section\" id=\"Zhrnutie\"><\/span>Zhrnutie<span class=\"ez-toc-section-end\"><\/span><span class=\"ez-toc-section-end\"><\/span><\/h2>\n<ul class=\"wp-block-list\">\n<li>Najlep\u0161\u00ed \u010das na n\u00e1v\u0161tevu je za \u00fasvitu alebo neskoro v noci (po <strong>23:00<\/strong>), vyhnete sa tak brut\u00e1lnym davom organizovan\u00fdch skup\u00edn.<\/li>\n<li>Z\u00e1kladn\u00fd kame\u0148 bol polo\u017een\u00fd v roku <strong>1357<\/strong>, presne <strong>9. j\u00fala o 5:31<\/strong> r\u00e1no, kv\u00f4li magickej \u010d\u00edselnej rade 1-3-5-7-9-7-5-3-1.<\/li>\n<li>V\u00e4\u010d\u0161ina z 30 s\u00f4ch na moste s\u00fa dnes pieskov\u00e9 k\u00f3pie, origin\u00e1ly n\u00e1jdete chr\u00e1nen\u00e9 v <a href=\"https:\/\/www.nm.cz\/\" target=\"_blank\" rel=\"nofollow noopener\">Lapid\u00e1riu N\u00e1rodn\u00e9ho m\u00fazea<\/a> a na Vy\u0161ehrade.<\/li>\n<li>Socha sv\u00e4t\u00e9ho J\u00e1na Nepomuck\u00e9ho je t\u00e1, pri ktorej n\u00e1jdete ohladen\u00e9 bronzov\u00e9 reli\u00e9fy. Dotyk m\u00e1 prin\u00e1\u0161a\u0165 \u0161\u0165astie a n\u00e1vrat do Prahy.<\/li>\n<li>Staromestsk\u00e1 aj Malostransk\u00e1 mosteck\u00e1 ve\u017ea pon\u00fakaj\u00fa jedny z najlep\u0161\u00edch v\u00fdh\u013eadov na historick\u00e9 centrum, z\u00e1kladn\u00e9 vstupn\u00e9 stoj\u00ed <strong>7,50 \u20ac<\/strong>.<\/li>\n<li><strong>Brad\u00e1\u010d<\/strong> je nen\u00e1padn\u00fd kamenn\u00fd reli\u00e9f hlavy pri Staromestskej ve\u017ei, ktor\u00fd po st\u00e1ro\u010dia sl\u00fa\u017eil Pra\u017eanom ako varovn\u00fd vodo\u010det pred povod\u0148ami.<\/li>\n<li>Pre rodiny s ko\u010d\u00edkom je prechod z brehu na breh bez bari\u00e9r, ale pre zostup priamo na ostrov Kampa mus\u00edte prekona\u0165 strm\u00e9 schodisko.<\/li>\n<li>Most je \u010disto pe\u0161ia z\u00f3na, najbli\u017e\u0161ie zast\u00e1vky MHD s\u00fa <strong>Starom\u011bstsk\u00e1<\/strong> na pravom brehu a <strong>Malostransk\u00e9 n\u00e1m\u011bst\u00ed<\/strong> na \u013eavom.<\/li>\n<\/ul>\n<h2 class=\"wp-block-heading\"><span class=\"ez-toc-section\" id=\"Kedy_vyrazit_na_Karlov_most\"><\/span><span class=\"ez-toc-section\" id=\"Kedy_vyrazit_na_Karlov_most\"><\/span>Kedy vyrazi\u0165 na Karlov most<span class=\"ez-toc-section-end\"><\/span><span class=\"ez-toc-section-end\"><\/span><\/h2>\n<p>V\u00fdber spr\u00e1vneho \u010dasu je pri tejto pamiatke absol\u00fatne k\u013e\u00fa\u010dov\u00fd. Ak tam vpadnete o tretej popoludn\u00ed v polovici augusta, pravdepodobne si odnesiete len frustr\u00e1ciu, okopan\u00e9 \u010dlenky a fotky pln\u00e9 cudz\u00edch chrbtov. Premeny svetla a hustota \u013eud\u00ed z neho po\u010das dvadsiatich \u0161tyroch hod\u00edn robia nieko\u013eko \u00faplne odli\u0161n\u00fdch miest. V Prahe som b\u00fdvala desa\u0165 rokov, tak\u017ee v\u00e1m s \u010dist\u00fdm svedom\u00edm m\u00f4\u017eem poveda\u0165, \u017ee na\u010dasovanie urob\u00ed polovicu z\u00e1\u017eitku.<\/p>\n<h3 class=\"wp-block-heading\"><span class=\"ez-toc-section\" id=\"Magia_skoreho_rana_a_usvitu\"><\/span><span class=\"ez-toc-section\" id=\"Magia_brzkeho_rana_a_usvitu\"><\/span>M\u00e1gia skor\u00e9ho r\u00e1na a \u00fasvitu<span class=\"ez-toc-section-end\"><\/span><span class=\"ez-toc-section-end\"><\/span><\/h3>\n<p>Kto si privstane, dostane Prahu ako na striebornom podnose. Ke\u010f som sa na univerzite u\u010dila foti\u0165 s rann\u00fdm svetlom, zistila som, \u017ee okno medzi <strong>piatou a siedmou hodinou rannou<\/strong> je tu posv\u00e4tn\u00e9. Stretnete len p\u00e1r be\u017ecov, osamel\u00fdch fotografov a met\u00e1rov. Slnko sa lenivo dv\u00edha za ve\u017eami Star\u00e9ho Mesta a z Vltavy \u010dasto st\u00fapa jemn\u00e1 inverzn\u00e1 hmla, ktor\u00e1 soch\u00e1m dod\u00e1va dramatick\u00fd, a\u017e stra\u0161ideln\u00fd rozmer. Svetlo je m\u00e4kk\u00e9, dla\u017eba sa leskne a vy m\u00e1te priestor zastavi\u0165 sa pri jednotliv\u00fdch s\u00faso\u0161iach, bez toho, aby do v\u00e1s niekto vrazil. Je to chv\u00ed\u013ea, ke\u010f mesto odha\u013euje svoju surov\u00fa a pokojn\u00fa tv\u00e1r, ktor\u00fa v sprievodcoch odfotografovan\u00fa nen\u00e1jdete.<\/p>\n<p>Privsta\u0165 si znamen\u00e1 dorazi\u0165 ide\u00e1lne 30 min\u00fat pred ofici\u00e1lnym v\u00fdchodom slnka (v lete pokojne okolo pol piatej, v zime sta\u010d\u00ed pr\u00eds\u0165 po siedmej) a najjednoduch\u0161ia cesta sem je no\u010dn\u00fdmi elektri\u010dkami alebo prv\u00fdmi rann\u00fdmi spojmi metra, ke\u010f m\u00e1te vag\u00f3n takmer pre seba.<\/p>\n<p><strong>\ud83d\udca1 Tip od miestnej:<\/strong> Ak sa chyst\u00e1te foti\u0165, vezmite si so sebou stat\u00edv. Skoro r\u00e1no ho tu na rozdiel od dennej prev\u00e1dzky m\u00f4\u017eete pou\u017ei\u0165 bez toho, aby o\u0148 rozz\u00faren\u00fd dav zakopol.<\/p>\n<figure class=\"wp-block-image size-full\"><img loading=\"lazy\" decoding=\"async\" width=\"2528\" height=\"1696\" src=\"https:\/\/loudavymkrokem.cz\/wp-content\/uploads\/2026\/03\/prazsky-hrad-karluv-most.jpg\" alt=\"Karlov most za \u00fasvitu v hmle\" class=\"wp-image-139608\" title=\"\" srcset=\"https:\/\/loudavymkrokem.cz\/wp-content\/uploads\/2026\/03\/prazsky-hrad-karluv-most.jpg 2528w, https:\/\/loudavymkrokem.cz\/wp-content\/uploads\/2026\/03\/prazsky-hrad-karluv-most-300x201.jpg 300w, https:\/\/loudavymkrokem.cz\/wp-content\/uploads\/2026\/03\/prazsky-hrad-karluv-most-700x470.jpg 700w, https:\/\/loudavymkrokem.cz\/wp-content\/uploads\/2026\/03\/prazsky-hrad-karluv-most-768x515.jpg 768w, https:\/\/loudavymkrokem.cz\/wp-content\/uploads\/2026\/03\/prazsky-hrad-karluv-most-1536x1030.jpg 1536w, https:\/\/loudavymkrokem.cz\/wp-content\/uploads\/2026\/03\/prazsky-hrad-karluv-most-2048x1374.jpg 2048w, https:\/\/loudavymkrokem.cz\/wp-content\/uploads\/2026\/03\/prazsky-hrad-karluv-most-696x467.jpg 696w, https:\/\/loudavymkrokem.cz\/wp-content\/uploads\/2026\/03\/prazsky-hrad-karluv-most-1392x934.jpg 1392w, https:\/\/loudavymkrokem.cz\/wp-content\/uploads\/2026\/03\/prazsky-hrad-karluv-most-1920x1288.jpg 1920w\" sizes=\"auto, (max-width: 2528px) 100vw, 2528px\"><figcaption class=\"wp-element-caption\">Praha<\/figcaption><\/figure>\n<h3 class=\"wp-block-heading\"><span class=\"ez-toc-section\" id=\"Poobednajsi_ruch_a_vecerne_upokojenie\"><\/span><span class=\"ez-toc-section\" id=\"Poobedny_ruch_a_vecerne_upokojenie\"><\/span>Poobed\u0148aj\u0161\u00ed ruch a ve\u010dern\u00e9 upokojenie<span class=\"ez-toc-section-end\"><\/span><span class=\"ez-toc-section-end\"><\/span><\/h3>\n<p><strong>Medzi desiatou rannou a deviatou ve\u010dernou je most pulzuj\u00facim korzom.<\/strong> M\u00ed\u0148aj\u00fa sa tu karikat\u00farni kresliari, pouli\u010dn\u00ed muzikanti a desiatky organizovan\u00fdch skup\u00edn, ktor\u00e9 nasleduj\u00fa sprievodcov so zdvihnut\u00fdmi d\u00e1\u017ednikmi. <strong>Prech\u00e1dzka s ko\u010d\u00edkom v tomto \u010dase vy\u017eaduje ostr\u00e9 lakte a pevn\u00e9 nervy, tak\u017ee sa jej s Jon\u00e1\u0161om obl\u00fakom vyh\u00fdbame.<\/strong> Neskor\u00e9 popoludnie ale prin\u00e1\u0161a tepl\u00e9 zlat\u00e9 svetlo, ktor\u00e9 sa opiera o fas\u00e1dy Hrad\u010dian a rob\u00ed z poh\u013eadu na rieku dokonal\u00fd obraz. <strong>Skuto\u010dn\u00fd pokoj prich\u00e1dza a\u017e po desiatej ve\u010der, ke\u010f sa davy rozpt\u00fdlia do kr\u010diem a \u017elt\u00e9 svetlo plynov\u00fdch l\u00e1mp vrh\u00e1 na barokov\u00e9 tv\u00e1re pieskov\u00fdch sv\u00e4tcov stra\u0161ideln\u00e9 tiene.<\/strong><\/p>\n<p>Plynov\u00e9 lampy sa na moste rozsvecuj\u00fa automaticky spolu s verejn\u00fdm osvetlen\u00edm, ale v \u010dase adventu (koncom novembra a v decembri) tu ob\u010das stretnete aj skuto\u010dn\u00e9ho lamp\u00e1ra v dobovom obleku, ktor\u00fd ich rozsvecuje dlhou ty\u010dou.<\/p>\n<p><strong>\ud83d\udca1 Tip od miestnej:<\/strong> Cho\u010fte sem v noci za da\u017e\u010fa. Odrazy l\u00e1mp na mokrej dla\u017ebe s\u00fa n\u00e1dhern\u00e9, a ke\u010f\u017ee voda v\u00e4\u010d\u0161inu \u013eud\u00ed spo\u013eahlivo za\u017eenie do barov, budete tam s najv\u00e4\u010d\u0161ou pravdepodobnos\u0165ou \u00faplne sami.<\/p>\n<figure class=\"wp-block-image size-full\"><img loading=\"lazy\" decoding=\"async\" width=\"1200\" height=\"800\" src=\"https:\/\/loudavymkrokem.cz\/wp-content\/uploads\/2026\/04\/karluv-most-4142.jpg\" alt=\"Karlov most v Prahe\" class=\"wp-image-151098\" title=\"\" srcset=\"https:\/\/loudavymkrokem.cz\/wp-content\/uploads\/2026\/04\/karluv-most-4142.jpg 1200w, https:\/\/loudavymkrokem.cz\/wp-content\/uploads\/2026\/04\/karluv-most-4142-300x200.jpg 300w, https:\/\/loudavymkrokem.cz\/wp-content\/uploads\/2026\/04\/karluv-most-4142-700x467.jpg 700w, https:\/\/loudavymkrokem.cz\/wp-content\/uploads\/2026\/04\/karluv-most-4142-768x512.jpg 768w, https:\/\/loudavymkrokem.cz\/wp-content\/uploads\/2026\/04\/karluv-most-4142-696x464.jpg 696w\" sizes=\"auto, (max-width: 1200px) 100vw, 1200px\"><\/figure>\n<h2 class=\"wp-block-heading\"><span class=\"ez-toc-section\" id=\"Kde_sa_ubytovat\"><\/span><span class=\"ez-toc-section\" id=\"Kde_sa_ubytovat\"><\/span>Kde sa ubytova\u0165<span class=\"ez-toc-section-end\"><\/span><span class=\"ez-toc-section-end\"><\/span><\/h2>\n<p>Ubytovanie v samom centre znie romanticky, k\u00fdm v\u00e1s o druhej r\u00e1no nezobud\u00ed skupinka v\u00fdletn\u00edkov spievaj\u00faca pod oknom. Nau\u010dila som sa voli\u0165 z\u00e1klad\u0148u, z ktorej to do centra m\u00e1te k\u00fasok, ale kde sa ve\u010der kone\u010dne vysp\u00edte. N\u00e1m sa s Luk\u00e1\u0161om naposledy perfektne osved\u010dil <strong>The <a class=\"thirstylink\" rel=\"nofollow\" target=\"_blank\" title=\"The Julius Hotel\" href=\"https:\/\/loudavymkrokem.cz\/doporucujeme\/the-julius-hotel\/\" data-shortcode=\"true\">Julius Hotel<\/a><\/strong> na Novom Meste, len k\u00fasok od Jind\u0159i\u0161skej ve\u017ee. B\u00fdvali sme tu v One Bedroom Suite, \u010do pre rodinu s dvojro\u010dn\u00fdm Jon\u00e1\u0161om znamenalo obrovsk\u00fa \u00fa\u013eavu: oddelen\u00fd priestor, plne vybaven\u00e1 kuchynka a dizajn, ktor\u00fd nep\u00f4sob\u00ed sterilne, ale akoby ste b\u00fdvali v luxusnom byte niekoho s mimoriadne dobr\u00fdm vkusom. Z hotela d\u00f4jdete na n\u00e1bre\u017eie pr\u00edjemnou prech\u00e1dzkou cez Star\u00e9 Mesto asi za dvadsa\u0165 min\u00fat, tak\u017ee nepotrebujete rie\u0161i\u0165 rann\u00e9 presuny elektri\u010dkami.<\/p>\n<p>Aktu\u00e1lne ceny a dostupnos\u0165 pre rok 2026 si m\u00f4\u017eete <a href=\"https:\/\/www.booking.com\/hotel\/cz\/julius-meinl-house-prague.html?aid=2397601\" rel=\"nofollow noopener\" target=\"_blank\">rezervova\u0165 cez Booking.com<\/a>.<\/p>\n<p>Pre \u010fal\u0161ie overen\u00e9 tipy, kde s de\u0165mi bezpe\u010dne a pohodlne zlo\u017ei\u0165 hlavu, pozrite sa na m\u00f4j \u010dl\u00e1nok <a href=\"https:\/\/loudavymkrokem.cz\/sk\/praha-cesko-rodinne-hotely\/\">najlep\u0161ie rodinn\u00e9 hotely v Prahe<\/a>.<\/p>\n<figure class=\"wp-block-image size-full\"><img loading=\"lazy\" decoding=\"async\" width=\"1200\" height=\"800\" src=\"https:\/\/loudavymkrokem.cz\/wp-content\/uploads\/2026\/04\/karluv-most-4090.jpg\" alt=\"\" class=\"wp-image-151092\" title=\"\" srcset=\"https:\/\/loudavymkrokem.cz\/wp-content\/uploads\/2026\/04\/karluv-most-4090.jpg 1200w, https:\/\/loudavymkrokem.cz\/wp-content\/uploads\/2026\/04\/karluv-most-4090-300x200.jpg 300w, https:\/\/loudavymkrokem.cz\/wp-content\/uploads\/2026\/04\/karluv-most-4090-700x467.jpg 700w, https:\/\/loudavymkrokem.cz\/wp-content\/uploads\/2026\/04\/karluv-most-4090-768x512.jpg 768w, https:\/\/loudavymkrokem.cz\/wp-content\/uploads\/2026\/04\/karluv-most-4090-696x464.jpg 696w\" sizes=\"auto, (max-width: 1200px) 100vw, 1200px\"><\/figure>\n<h2 class=\"wp-block-heading\"><span class=\"ez-toc-section\" id=\"Historia_a_architektura_Karlovho_mostu\"><\/span><span class=\"ez-toc-section\" id=\"Historia_a_architektura_Karlovho_mostu\"><\/span>Hist\u00f3ria a architekt\u00fara Karlovho mostu<span class=\"ez-toc-section-end\"><\/span><span class=\"ez-toc-section-end\"><\/span><\/h2>\n<p>Kamenn\u00e1 spojnica oboch brehov nefungovala v\u017edy len ako romantick\u00e1 promen\u00e1da. Bola to \u017eivotne d\u00f4le\u017eit\u00e1 dopravn\u00e1 tepna, cez ktor\u00fa sa po st\u00e1ro\u010dia valili vozy s tovarom, kone a na za\u010diatku 20. storo\u010dia dokonca aj elektri\u010dky. Pred n\u00edm tu st\u00e1l Juditin most, ten ale strhla ve\u013ek\u00e1 voda, a tak musel nast\u00fapi\u0165 cis\u00e1r Karol IV. s nov\u00fdm, odolnej\u0161\u00edm pl\u00e1nom.<\/p>\n<h3 class=\"wp-block-heading\"><span class=\"ez-toc-section\" id=\"Magicky_datum_zalozenia_a_Petr_Parler\"><\/span><span class=\"ez-toc-section\" id=\"Magicky_datum_zalozenia_a_Petr_Parler\"><\/span>Magick\u00fd d\u00e1tum zalo\u017eenia a Petr Parl\u00e9\u0159<span class=\"ez-toc-section-end\"><\/span><span class=\"ez-toc-section-end\"><\/span><\/h3>\n<p>Hist\u00f3ria stavby je pevne sp\u00e4t\u00e1 so stredovekou mystikou a astron\u00f3miou. Karol IV. bol zn\u00e1my svojou vierou v astrol\u00f3giu, preto nechal z\u00e1kladn\u00fd kame\u0148 polo\u017ei\u0165 presne <strong>9. j\u00fala 1357 o 5 hod\u00edn a 31 min\u00fat<\/strong> r\u00e1no. Ke\u010f si tieto \u010d\u00edsla zorad\u00edte, vznikne palindr\u00f3m 1-3-5-7-9-7-5-3-1, ktor\u00fd mal stavbe zabezpe\u010di\u0165 ve\u010dnos\u0165 a ochranu pred ni\u010div\u00fdmi \u017eivlami. Hlavn\u00fdm architektom sa stal vtedy sotva dvadsa\u0165sedemro\u010dn\u00fd Petr Parl\u00e9\u0159, ktor\u00fd mal na starosti aj stavbu Chr\u00e1mu sv. V\u00edta. P\u00f4vodne sa mu hovorilo jednoducho Kamenn\u00fd alebo Pra\u017esk\u00fd most, meno po svojom zakladate\u013eovi nesie ofici\u00e1lne a\u017e od roku 1870.<\/p>\n<p>Most meria 515 metrov na d\u013a\u017eku a takmer 10 metrov na \u0161\u00edrku. Spo\u010d\u00edva na 16 mohutn\u00fdch pieskov\u00fdch pilieroch, ktor\u00e9 museli by\u0165 zalo\u017een\u00e9 hlboko do rie\u010dneho dna pomocou \u0161peci\u00e1lnych dubov\u00fdch ro\u0161tov.<\/p>\n<p><strong>\ud83d\udca1 Tip od miestnej:<\/strong> Ak v\u00e1s zauj\u00edma, ako sa stavali stredovek\u00e9 z\u00e1klady pod vodou, z\u00e1jdite sa pozrie\u0165 do <strong><a href=\"https:\/\/www.muzeumkarlovamostu.cz\/\" rel=\"nofollow noopener\" target=\"_blank\">M\u00fazea Karlovho mostu<\/a><\/strong> na K\u0159i\u017eovn\u00edckom n\u00e1mest\u00ed. Maj\u00fa tam skvel\u00e9 a detailn\u00e9 modely dobov\u00fdch jazdcov\u00fdch \u017eeriavov.<\/p>\n<figure class=\"wp-block-image size-full\"><img loading=\"lazy\" decoding=\"async\" width=\"1200\" height=\"800\" src=\"https:\/\/loudavymkrokem.cz\/wp-content\/uploads\/2026\/04\/karluv-most-4092.jpg\" alt=\"\" class=\"wp-image-151094\" title=\"\" srcset=\"https:\/\/loudavymkrokem.cz\/wp-content\/uploads\/2026\/04\/karluv-most-4092.jpg 1200w, https:\/\/loudavymkrokem.cz\/wp-content\/uploads\/2026\/04\/karluv-most-4092-300x200.jpg 300w, https:\/\/loudavymkrokem.cz\/wp-content\/uploads\/2026\/04\/karluv-most-4092-700x467.jpg 700w, https:\/\/loudavymkrokem.cz\/wp-content\/uploads\/2026\/04\/karluv-most-4092-768x512.jpg 768w, https:\/\/loudavymkrokem.cz\/wp-content\/uploads\/2026\/04\/karluv-most-4092-696x464.jpg 696w\" sizes=\"auto, (max-width: 1200px) 100vw, 1200px\"><\/figure>\n<h3 class=\"wp-block-heading\"><span class=\"ez-toc-section\" id=\"Mytus_o_vajciach_a_drsna_realita_povodni\"><\/span><span class=\"ez-toc-section\" id=\"Mytus_o_vajciach_a_drsna_realita_povodni\"><\/span>M\u00fdtus o vajciach a drsn\u00e1 realita povodn\u00ed<span class=\"ez-toc-section-end\"><\/span><span class=\"ez-toc-section-end\"><\/span><\/h3>\n<p>Sn\u00e1\u010f ka\u017ed\u00fd \u010desk\u00fd \u0161kol\u00e1k po\u010dul poves\u0165 o tom, ako sa do malty prid\u00e1vali vaj\u00ed\u010dka, aby muriv\u00e1 lep\u0161ie dr\u017ealo, a ako obyvatelia Velv\u00e1r omylom priviezli vajcia natvrdo, aby sa po ceste nerozbili. Modern\u00e9 chemick\u00e9 rozbory zo za\u010diatku 21. storo\u010dia s\u00edce stopy po vaje\u010dn\u00fdch bielkovin\u00e1ch najprv potvrdili, ale nov\u0161ie \u0161t\u00fadie z roku 2010 ich zase vyvr\u00e1tili. Uk\u00e1zalo sa, \u017ee stredovek\u00ed mur\u00e1ri pou\u017e\u00edvali sk\u00f4r mlieko a v\u00ednne kaly. Nech u\u017e to bolo so stavebn\u00fdm materi\u00e1lom akoko\u013evek, stavba musela po\u010das svojej existencie \u010deli\u0165 mnoh\u00fdm sk\u00fa\u0161kam. Najkritickej\u0161ie chv\u00edle za\u017e\u00edvala po\u010das ni\u010div\u00fdch povodn\u00ed, napr\u00edklad v roku 1890, ke\u010f rozvod\u0148en\u00e1 Vltava strhla tri jeho obl\u00faky.<\/p>\n<p>Dnes je pamiatka chr\u00e1nen\u00e1 syst\u00e9mom modern\u00fdch bari\u00e9r na hornom toku rieky a in\u017einieri pravidelne monitoruj\u00fa stabilitu jej pilierov pomocou laserov\u00fdch senzorov.<\/p>\n<p><strong>\ud83d\udca1 Tip od miestnej:<\/strong> Pri prech\u00e1dzke pozd\u013a\u017e Vltavy na ostrove Kampa si v\u0161imnite nen\u00e1padn\u00fdch kovov\u00fdch rysiek na niektor\u00fdch historick\u00fdch domoch. Ukazuj\u00fa, kam a\u017e siahala hladina po\u010das katastrof\u00e1lnych povodn\u00ed v roku 2002. Z tej v\u00fd\u0161ky mraz\u00ed.<\/p>\n<div class=\"lk-zazitky-module\">\n<style>\n.lk-zazitky-module * { box-sizing: border-box; margin: 0; padding: 0; }\n.lk-zazitky-module {\n  font-family: 'DM Sans', Georgia, sans-serif;\n  max-width: 100%;\n  margin: 2.5rem auto;\n  background: linear-gradient(135deg, #fdf6f3 0%, #fbede7 100%);\n  border: 1px solid #f0d9cc;\n  border-radius: 16px;\n  overflow: hidden;\n  box-shadow: 0 16px 48px rgba(217, 119, 87, 0.18), 0 4px 12px rgba(0,0,0,0.06);\n}\n.lk-zazitky-header {\n  position: relative;\n  padding: 24px 32px;\n  background: linear-gradient(135deg, #d97757 0%, #c46b4b 60%, #d97757 100%);\n  display: flex;\n  align-items: center;\n  gap: 18px;\n}\n.lk-zazitky-header::before {\n  content: '';\n  position: absolute;\n  inset: 0;\n  background: url(\"data:image\/svg+xml,%3Csvg width='60' height='60' viewBox='0 0 60 60' xmlns='http:\/\/www.w3.org\/2000\/svg'%3E%3Cg fill='none' fill-rule='evenodd'%3E%3Cg fill='%23ffffff' fill-opacity='0.05'%3E%3Cpath d='M36 34v-4h-2v4h-4v2h4v4h2v-4h4v-2h-4zm0-30V0h-2v4h-4v2h4v4h2V6h4V4h-4zM6 34v-4H4v4H0v2h4v4h2v-4h4v-2H6zM6 4V0H4v4H0v2h4v4h2V6h4V4H6z'\/%3E%3C\/g%3E%3C\/g%3E%3C\/svg%3E\") repeat;\n  pointer-events: none;\n}\n.lk-zazitky-header img {\n  width: 64px; height: 64px; border-radius: 12px; flex-shrink: 0;\n  object-fit: cover; box-shadow: 0 4px 12px rgba(0,0,0,0.18); position: relative; z-index: 1;\n}\n.lk-zazitky-header-text { position: relative; z-index: 1; }\n.lk-zazitky-eyebrow {\n  font-size: 10px; font-weight: 600; letter-spacing: 2.5px; text-transform: uppercase;\n  color: rgba(255,255,255,.92); margin-bottom: 5px;\n}\n.lk-zazitky-title {\n  font-family: 'Playfair Display', Georgia, serif;\n  font-size: 24px; font-weight: 700; color: #fff; line-height: 1.2;\n  text-shadow: 0 1px 2px rgba(0,0,0,0.12);\n}\n.lk-zazitky-subtitle {\n  font-size: 13px; color: rgba(255,255,255,.85); margin-top: 4px; font-weight: 300;\n}\n.lk-zazitky-grid {\n  display: grid;\n  grid-template-columns: 1fr 1fr 1fr;\n  gap: 1px;\n  background: rgba(217, 119, 87, 0.12);\n}\n.lk-zazitek-card {\n  background: #ffffff; padding: 22px; display: flex; flex-direction: column; gap: 11px;\n  transition: all 0.3s ease; text-decoration: none; color: inherit; position: relative;\n}\n.lk-zazitek-card:hover {\n  background: #fffaf7; transform: translateY(-2px);\n  box-shadow: 0 8px 24px rgba(217, 119, 87, 0.15); z-index: 1;\n}\n.lk-zazitek-card.is-category {\n  background: linear-gradient(135deg, #fffaf7 0%, #fff3eb 100%);\n  box-shadow: inset 0 1px 0 rgba(217, 119, 87, 0.1);\n}\n.lk-zazitek-card.is-category:hover {\n  background: linear-gradient(135deg, #fff7f2 0%, #ffeee3 100%);\n}\n.lk-zazitek-badge {\n  display: inline-flex; align-items: center; gap: 5px;\n  font-size: 10px; font-weight: 600; letter-spacing: 1.5px; text-transform: uppercase;\n  padding: 5px 11px; border-radius: 20px; width: fit-content;\n  background: rgba(217, 119, 87, 0.10); color: #c46b4b; border: 1px solid rgba(217, 119, 87, 0.22);\n}\n.lk-zazitek-card.is-category .lk-zazitek-badge {\n  background: linear-gradient(135deg, #d97757 0%, #c46b4b 100%); color: #fff;\n  border-color: #c46b4b; box-shadow: 0 2px 8px rgba(217, 119, 87, 0.28);\n}\n.lk-zazitek-name {\n  font-family: 'Playfair Display', Georgia, serif;\n  font-size: 17px; font-weight: 700; color: #111827; line-height: 1.3;\n}\n.lk-zazitek-desc {\n  font-size: 13px; color: #525252; line-height: 1.6; font-weight: 300; flex: 1;\n}\n.lk-zazitek-meta { display: flex; align-items: center; gap: 12px; flex-wrap: wrap; margin-top: 4px; }\n.lk-zazitek-price { font-size: 13px; color: #6b7280; }\n.lk-zazitek-price strong { color: #c46b4b; font-weight: 600; }\n.lk-zazitek-cta {\n  display: inline-flex; align-items: center; justify-content: center; gap: 7px;\n  margin-top: 8px; padding: 11px 16px; border-radius: 8px;\n  background: linear-gradient(135deg, #d97757 0%, #c46b4b 100%);\n  color: #fff; font-size: 13px; font-weight: 500; text-decoration: none;\n  letter-spacing: .3px; transition: all .2s ease; cursor: pointer; border: none;\n  text-align: center; box-shadow: 0 4px 12px rgba(217, 119, 87, 0.28);\n  white-space: nowrap;\n}\n.lk-zazitek-cta:hover {\n  background: linear-gradient(135deg, #c46b4b 0%, #b35e3f 100%);\n  transform: translateY(-1px); box-shadow: 0 6px 16px rgba(217, 119, 87, 0.38);\n}\n.lk-zazitek-card.is-category .lk-zazitek-cta {\n  background: linear-gradient(135deg, #3685fc 0%, #2a6fd9 100%);\n  box-shadow: 0 4px 12px rgba(54, 133, 252, 0.22);\n}\n.lk-zazitek-card.is-category .lk-zazitek-cta:hover {\n  background: linear-gradient(135deg, #2a6fd9 0%, #1e5bc4 100%);\n  box-shadow: 0 6px 16px rgba(54, 133, 252, 0.32);\n}\n.lk-zazitky-footer {\n  padding: 16px 32px;\n  background: linear-gradient(to bottom, #fdf6f3 0%, #f9eae2 100%);\n  border-top: 1px solid rgba(217, 119, 87, 0.18);\n  display: flex; align-items: center; justify-content: center; flex-wrap: wrap; gap: 12px;\n}\n.lk-zazitky-discount {\n  display: inline-flex; align-items: center; gap: 8px;\n  font-size: 13px; color: #6b3a26; font-weight: 500;\n}\n.lk-zazitky-discount-code {\n  font-family: 'Courier New', monospace; font-weight: 700; color: #c46b4b;\n  background: rgba(217, 119, 87, 0.12); padding: 4px 10px; border-radius: 6px;\n  letter-spacing: 1px; font-size: 13px;\n}\n.lk-zazitky-disclaimer {\n  font-size: 11px; color: #8a6e60; font-weight: 300; line-height: 1.5;\n}\n.lk-zazitky-disclaimer a { color: #c46b4b; text-decoration: none; }\n.lk-zazitky-disclaimer a:hover { text-decoration: underline; }\n@media (max-width: 720px) {\n  .lk-zazitky-grid { grid-template-columns: 1fr; }\n  .lk-zazitky-header { padding: 20px 18px; }\n  .lk-zazitky-footer { padding: 14px 18px; }\n  .lk-zazitek-card { padding: 20px; }\n  .lk-zazitky-title { font-size: 20px; }\n}\n<\/style>\n<div class=\"lk-zazitky-header\">\n    <img decoding=\"async\" src=\"https:\/\/loudavymkrokem.cz\/wp-content\/uploads\/2026\/02\/lukas-a-lucka.jpg\" alt=\"Luk\u00e1\u0161 a Lucie\" title=\"\"><\/p>\n<div class=\"lk-zazitky-header-text\">\n<div class=\"lk-zazitky-eyebrow\">Tip Luk\u00e1\u0161a a Lucie<\/div>\n<div class=\"lk-zazitky-title\">Za\u017eite Prahu inak<\/div>\n<div class=\"lk-zazitky-subtitle\">3 overen\u00e9 tipy so z\u013eavou 5 % od partnera Firma na z\u00e1\u017eitky<\/div>\n<\/p><\/div>\n<\/p><\/div>\n<div class=\"lk-zazitky-grid\">\n<p>    <a class=\"lk-zazitek-card\" href=\"https:\/\/www.firmanazazitky.cz\/plavba-po-vltave-s-obedem?utm_source=loudavymkrokem&amp;utm_medium=referral&amp;utm_campaign=karluv-most-pruvodce-od-mistni-historie-sochy-nejlepsi-cas&amp;utm_content=zazitek-1\" target=\"_blank\" rel=\"nofollow noopener sponsored\"><br \/>\n      <span class=\"lk-zazitek-badge\">\ud83d\udee5 Plavba<\/span><\/p>\n<div class=\"lk-zazitek-name\">Plavba po Vltave s obedom<\/div>\n<div class=\"lk-zazitek-desc\">Karlov most z perspekt\u00edvy, ktor\u00fa pe\u0161o neza\u017eijete \u2013 pokojn\u00e1 plavba pod jeho obl\u00fakmi s obedom pre dvoch v cene.<\/div>\n<div class=\"lk-zazitek-meta\">\n        <span class=\"lk-zazitek-price\">od <strong>84 \u20ac<\/strong><\/span>\n      <\/div>\n<p>      <span class=\"lk-zazitek-cta\"><br \/>\n        <svg width=\"14\" height=\"14\" viewBox=\"0 0 24 24\" fill=\"none\" stroke=\"currentColor\" stroke-width=\"2\"><path d=\"M18 13v6a2 2 0 0 1-2 2H5a2 2 0 0 1-2-2V8a2 2 0 0 1 2-2h6\"\/><polyline points=\"15 3 21 3 21 9\"\/><line x1=\"10\" y1=\"14\" x2=\"21\" y2=\"3\"\/><\/svg><br \/>\n        Rezervova\u0165 so z\u013eavou<br \/>\n      <\/span><br \/>\n    <\/a><\/p>\n<p>    <a class=\"lk-zazitek-card\" href=\"https:\/\/www.firmanazazitky.cz\/4-chodove-obedove-menu-v-tancicim-dome?utm_source=loudavymkrokem&amp;utm_medium=referral&amp;utm_campaign=karluv-most-pruvodce-od-mistni-historie-sochy-nejlepsi-cas&amp;utm_content=zazitek-2\" target=\"_blank\" rel=\"nofollow noopener sponsored\"><br \/>\n      <span class=\"lk-zazitek-badge\">\ud83c\udf7d Gastro<\/span><\/p>\n<div class=\"lk-zazitek-name\">4-chodov\u00e9 menu v Tan\u010diacom dome<\/div>\n<div class=\"lk-zazitek-desc\">Po prech\u00e1dzke po Karlovom moste len p\u00e1r min\u00fat k rieke \u2013 obed v ikonickej re\u0161taur\u00e1cii s v\u00fdh\u013eadom na Pra\u017esk\u00fd hrad.<\/div>\n<div class=\"lk-zazitek-meta\">\n        <span class=\"lk-zazitek-price\">od <strong>75 \u20ac<\/strong><\/span>\n      <\/div>\n<p>      <span class=\"lk-zazitek-cta\"><br \/>\n        <svg width=\"14\" height=\"14\" viewBox=\"0 0 24 24\" fill=\"none\" stroke=\"currentColor\" stroke-width=\"2\"><path d=\"M18 13v6a2 2 0 0 1-2 2H5a2 2 0 0 1-2-2V8a2 2 0 0 1 2-2h6\"\/><polyline points=\"15 3 21 3 21 9\"\/><line x1=\"10\" y1=\"14\" x2=\"21\" y2=\"3\"\/><\/svg><br \/>\n        Rezervova\u0165 so z\u013eavou<br \/>\n      <\/span><br \/>\n    <\/a><\/p>\n<p>    <a class=\"lk-zazitek-card is-category\" href=\"https:\/\/www.firmanazazitky.cz\/gurmanske-zazitky-praha\/?utm_source=loudavymkrokem&amp;utm_medium=referral&amp;utm_campaign=karluv-most-pruvodce-od-mistni-historie-sochy-nejlepsi-cas&amp;utm_content=kategorie\" target=\"_blank\" rel=\"nofollow noopener sponsored\"><br \/>\n      <span class=\"lk-zazitek-badge\">\u2b50 V\u0161etko<\/span><\/p>\n<div class=\"lk-zazitek-name\">Gurm\u00e1nske z\u00e1\u017eitky v Prahe<\/div>\n<div class=\"lk-zazitek-desc\">Top pra\u017esk\u00e9 re\u0161taur\u00e1cie, degust\u00e1cie a gastronomick\u00e9 z\u00e1\u017eitky vybran\u00e9 pre n\u00e1ro\u010dn\u00fdch gurm\u00e1nov.<\/div>\n<p>      <span class=\"lk-zazitek-cta\"><br \/>\n        Prezera\u0165 z\u00e1\u017eitky<br \/>\n        <svg width=\"12\" height=\"12\" viewBox=\"0 0 24 24\" fill=\"none\" stroke=\"currentColor\" stroke-width=\"2.5\"><polyline points=\"9 18 15 12 9 6\"\/><\/svg><br \/>\n      <\/span><br \/>\n    <\/a><\/p><\/div>\n<div class=\"lk-zazitky-footer\">\n    <span class=\"lk-zazitky-discount\"><br \/>\n      \u2b50 Z\u013eava 5 % s k\u00f3dom<br \/>\n      <span class=\"lk-zazitky-discount-code\">LOUDAVYMKROKEM5<\/span><br \/>\n    <\/span>\n  <\/div>\n<\/div>\n<h3 class=\"wp-block-heading\"><span class=\"ez-toc-section\" id=\"Bradac_Prazsky_varovny_system\"><\/span><span class=\"ez-toc-section\" id=\"Bradac_Prazsky_varovny_system\"><\/span>Brad\u00e1\u010d: Pra\u017esk\u00fd varovn\u00fd syst\u00e9m<span class=\"ez-toc-section-end\"><\/span><span class=\"ez-toc-section-end\"><\/span><\/h3>\n<p>Ke\u010f stoj\u00edte pri Staromestskej mosteckej ve\u017ei a pozriete sa dolu na n\u00e1bre\u017en\u00e9 murivo, uvid\u00edte tam vsaden\u00fd kamenn\u00fd reli\u00e9f mu\u017eskej hlavy. Vol\u00e1 sa Brad\u00e1\u010d a po st\u00e1ro\u010dia fungoval ako jednoduch\u00fd, ale absol\u00fatne spo\u013eahliv\u00fd vodo\u010det. Obyvatelia Prahy vedeli, \u017ee len \u010do hladina Vltavy st\u00fapne nato\u013eko, \u017ee sa voda dotkne Brad\u00e1\u010dov\u00fdch f\u00fazov, je zle a Star\u00e9 Mesto sa za\u010dne zaplavova\u0165. P\u00f4vodne bol tento reli\u00e9f s\u00fa\u010das\u0165ou star\u0161ieho Juditinho mostu, a ke\u010f ho strhla voda, stavitelia ho pietne zachr\u00e1nili a presunuli na ten nov\u00fd.<\/p>\n<p>Brad\u00e1\u010da najlep\u0161ie uvid\u00edte z K\u0159i\u017eovn\u00edckeho n\u00e1mestia, ke\u010f sa naklon\u00edte cez kamenn\u00e9 z\u00e1bradlie ne\u010faleko sochy Karola IV. a pozriete sa kolmo dolu k hladine.<\/p>\n<p><strong>\ud83d\udca1 Tip od miestnej:<\/strong> Pod\u013ea starej mestskej legendy predstavuje tv\u00e1r Brad\u00e1\u010da samotn\u00e9ho talianskeho stavite\u013ea prv\u00e9ho kamenn\u00e9ho pra\u017esk\u00e9ho premostenia, ktor\u00fd tak na mesto a rieku dozer\u00e1 dodnes.<\/p>\n<figure class=\"wp-block-image size-full\"><img loading=\"lazy\" decoding=\"async\" width=\"1200\" height=\"800\" src=\"https:\/\/loudavymkrokem.cz\/wp-content\/uploads\/2026\/04\/karluv-most-4144.jpg\" alt=\"\" class=\"wp-image-151100\" title=\"\" srcset=\"https:\/\/loudavymkrokem.cz\/wp-content\/uploads\/2026\/04\/karluv-most-4144.jpg 1200w, https:\/\/loudavymkrokem.cz\/wp-content\/uploads\/2026\/04\/karluv-most-4144-300x200.jpg 300w, https:\/\/loudavymkrokem.cz\/wp-content\/uploads\/2026\/04\/karluv-most-4144-700x467.jpg 700w, https:\/\/loudavymkrokem.cz\/wp-content\/uploads\/2026\/04\/karluv-most-4144-768x512.jpg 768w, https:\/\/loudavymkrokem.cz\/wp-content\/uploads\/2026\/04\/karluv-most-4144-696x464.jpg 696w\" sizes=\"auto, (max-width: 1200px) 100vw, 1200px\"><\/figure>\n<h2 class=\"wp-block-heading\"><span class=\"ez-toc-section\" id=\"Sochy_na_Karlovom_moste_Galeria_pod_sirym_nebom\"><\/span><span class=\"ez-toc-section\" id=\"Sochy_na_Karlovom_moste_Galeria_pod_sirym_nebom\"><\/span>Sochy na Karlovom moste: Gal\u00e9ria pod \u0161\u00edrym nebom<span class=\"ez-toc-section-end\"><\/span><span class=\"ez-toc-section-end\"><\/span><\/h2>\n<p>P\u00f4vodne bola cesta cez rieku dlh\u00e9 roky prakticky hol\u00e1, zdobil ju len jednoduch\u00fd dreven\u00fd kr\u00ed\u017e s Kristom. A\u017e obdobie baroka zo 17. a 18. storo\u010dia z nej urobilo ve\u013ekolep\u00fa soch\u00e1rsku gal\u00e9riu pod \u0161\u00edrym nebom, ktor\u00fa pozn\u00e1me dnes. Aktu\u00e1lne na moste stoj\u00ed presne tridsa\u0165 s\u00f4ch a s\u00faso\u0161\u00ed. Ve\u013ek\u00e1 \u010das\u0165 z nich u\u017e s\u00fa ale starostlivo vytvoren\u00e9 pieskov\u00e9 k\u00f3pie. Origin\u00e1ly ukrylo mesto pred nepriazniv\u00fdm po\u010das\u00edm a smogom do <a href=\"https:\/\/www.nm.cz\/\" rel=\"nofollow noopener\" target=\"_blank\">Lapid\u00e1ria N\u00e1rodn\u00e9ho m\u00fazea<\/a> na V\u00fdstavisku a do temnej s\u00e1ly <strong>Gorlice<\/strong> v hradb\u00e1ch na Vy\u0161ehrade.<\/p>\n<h3 class=\"wp-block-heading\"><span class=\"ez-toc-section\" id=\"Svaty_Jan_Nepomucky_a_ritual_pre_stastie\"><\/span><span class=\"ez-toc-section\" id=\"Svaty_Jan_Nepomucky_a_ritual_pre_stastie\"><\/span>Sv\u00e4t\u00fd J\u00e1n Nepomuck\u00fd a ritu\u00e1l pre \u0161\u0165astie<span class=\"ez-toc-section-end\"><\/span><span class=\"ez-toc-section-end\"><\/span><\/h3>\n<p>Toto je absol\u00fatna klasika a pravdepodobne najfotografovanej\u0161ia socha na celej trase, ktor\u00fa v roku 1683 vytvoril <strong>J\u00e1n Brokoff<\/strong>. Nach\u00e1dza sa zhruba v polovici na pravej strane, ke\u010f kr\u00e1\u010date smerom na Hrad\u010dany. J\u00e1n Nepomuck\u00fd bol pod\u013ea legendy zvrhnut\u00fd do Vltavy pr\u00e1ve z tohto miesta, preto\u017ee nechcel kr\u00e1\u013eovi V\u00e1clavovi IV. prezradi\u0165 spovedn\u00e9 tajomstvo kr\u00e1\u013eovnej. Pod sochou sa nach\u00e1dzaj\u00fa dva bronzov\u00e9 reli\u00e9fy, ktor\u00e9 s\u00fa od r\u00fak mili\u00f3nov turistov vyle\u0161ten\u00e9 do \u017eiarivo zlatej farby. Siahnu\u0165 si na padaj\u00faceho sv\u00e4tca vraj prin\u00e1\u0161a \u0161\u0165astie a zaru\u010duje, \u017ee sa do Prahy e\u0161te niekedy v bud\u00facnosti vr\u00e1tite.<\/p>\n<p>Sochu spozn\u00e1te na dia\u013eku ve\u013emi \u013eahko. M\u00e1 okolo hlavy charakteristick\u00fa sv\u00e4to\u017eiaru s piatimi hviezdami a v\u00e4\u010d\u0161inou sa pri nej tvor\u00ed mal\u00fd h\u013abok \u013eud\u00ed \u010dakaj\u00facich na pohladenie reli\u00e9fu.<\/p>\n<p><strong>\ud83d\udca1 Tip od miestnej:<\/strong> Nesahajte na psa na \u013eavom reli\u00e9fe! Aj ke\u010f je od turistov tie\u017e ohladen\u00fd, p\u00f4vodn\u00e1 legenda hovor\u00ed len o dotyku postavy padaj\u00faceho J\u00e1na Nepomuck\u00e9ho, ktor\u00fa n\u00e1jdete na pravej strane podstavca.<\/p>\n<h3 class=\"wp-block-heading\"><span class=\"ez-toc-section\" id=\"Sen_svatej_Luitgardy\"><\/span><span class=\"ez-toc-section\" id=\"Sen_svatej_Luitgardy\"><\/span>Sen sv\u00e4tej Luitgardy<span class=\"ez-toc-section-end\"><\/span><span class=\"ez-toc-section-end\"><\/span><\/h3>\n<p>Keby som mala vybra\u0165 jedin\u00e9 s\u00faso\u0161ie, ktor\u00e9 z h\u013eadiska umeleckej hodnoty prevy\u0161uje ostatn\u00e9, je to <strong>Sen sv\u00e4tej Luitgardy<\/strong> od <strong>Mateja Bernarda Brauna<\/strong>. Toto majstrovsk\u00e9 dielo \u010desk\u00e9ho baroka n\u00e1jdete bli\u017e\u0161ie k malostransk\u00e9mu brehu. Braun ho vytesal v roku 1710, ke\u010f mal iba 26 rokov. Kompoz\u00edcia slepej cisterci\u00e1ckej mn\u00ed\u0161ky, ku ktorej sa z kr\u00ed\u017ea nakl\u00e1\u0148a Kristus, aby sa napila krvi z jeho rany, je neuverite\u013ene dynamick\u00e1 a emot\u00edvna. Aj z dia\u013eky vidno, ako sa soch\u00e1r dok\u00e1zal popasova\u0165 s tvrd\u00fdm pieskovcom a vd\u00fdchnu\u0165 mu il\u00faziu \u013eahk\u00e9ho drap\u00e9riov\u00e9ho riasenia rozviateho vo vetre.<\/p>\n<p>Ide o dvan\u00e1stu sochu na \u013eavej strane, ke\u010f idete od Star\u00e9ho Mesta. Origin\u00e1l z roku 1710 je dnes bezpe\u010dne ulo\u017een\u00fd v Lapid\u00e1riu a na moste stoj\u00ed k\u00f3pia.<\/p>\n<p><strong>\ud83d\udca1 Tip od miestnej:<\/strong> Sk\u00faste si sochu prezrie\u0165 zdola z piliera pod mostom (d\u00e1 sa k nej d\u00f4js\u0165 po schodoch z ostrova Kampa). Z\u00edskate tak \u00faplne in\u00fa perspekt\u00edvu na Braunovu fascinuj\u00facu pr\u00e1cu s priestorom a h\u013abkou.<\/p>\n<figure class=\"wp-block-image size-full\"><img loading=\"lazy\" decoding=\"async\" width=\"1200\" height=\"800\" src=\"https:\/\/loudavymkrokem.cz\/wp-content\/uploads\/2026\/04\/karluv-most-4148.jpg\" alt=\"\" class=\"wp-image-151099\" title=\"\" srcset=\"https:\/\/loudavymkrokem.cz\/wp-content\/uploads\/2026\/04\/karluv-most-4148.jpg 1200w, https:\/\/loudavymkrokem.cz\/wp-content\/uploads\/2026\/04\/karluv-most-4148-300x200.jpg 300w, https:\/\/loudavymkrokem.cz\/wp-content\/uploads\/2026\/04\/karluv-most-4148-700x467.jpg 700w, https:\/\/loudavymkrokem.cz\/wp-content\/uploads\/2026\/04\/karluv-most-4148-768x512.jpg 768w, https:\/\/loudavymkrokem.cz\/wp-content\/uploads\/2026\/04\/karluv-most-4148-696x464.jpg 696w\" sizes=\"auto, (max-width: 1200px) 100vw, 1200px\"><\/figure>\n<h3 class=\"wp-block-heading\"><span class=\"ez-toc-section\" id=\"Susosie_svateho_Vincenta_Ferrerskeho_a_Prokopa\"><\/span><span class=\"ez-toc-section\" id=\"Susosie_svateho_Vincenta_Ferrerskeho_a_Prokopa\"><\/span>S\u00faso\u0161ie sv\u00e4t\u00e9ho Vincenta Ferrersk\u00e9ho a Prokopa<span class=\"ez-toc-section-end\"><\/span><span class=\"ez-toc-section-end\"><\/span><\/h3>\n<p>Toto monument\u00e1lne a pomerne desiv\u00e9 s\u00faso\u0161ie vytesal <strong>Ferdinand Maximili\u00e1n Brokoff<\/strong> a patr\u00ed k mojim najob\u013e\u00fabenej\u0161\u00edm, ke\u010f chcem niekomu uk\u00e1za\u0165, ak\u00e9 temn\u00e9 a divok\u00e9 baroko vedelo by\u0165. Zobrazuje sv\u00e4t\u00e9ho Vincenta, ako kriesi m\u0155tveho k \u017eivotu a vyh\u00e1\u0148a diabla, zatia\u013e \u010do sv\u00e4t\u00fd Prokop odh\u00e1na zl\u00fa silu kr\u00ed\u017eom. Pod nohami im le\u017eia pokoren\u00ed diabli a hrie\u0161nici, ktor\u00fdch v k\u0155\u010di skr\u00faten\u00e9 tel\u00e1 a tv\u00e1re pln\u00e9 utrpenia tvoria ostr\u00fd kontrast s pokojn\u00fdmi tv\u00e1rami sv\u00e4tcov. Ako \u0161tudentka som sem chodila s fo\u0165\u00e1kom sk\u00fama\u0165 detaily anat\u00f3mie t\u00fdch porazen\u00fdch d\u00e9monov, preto\u017ee zbl\u00edzka p\u00f4sobia a\u017e hrozivo realisticky.<\/p>\n<p>S\u00faso\u0161ie sa nach\u00e1dza bl\u00edzko malostransk\u00e9ho konca, je to \u0161iesta socha v\u013eavo pri ceste od Star\u00e9ho Mesta.<\/p>\n<p><strong>\ud83d\udca1 Tip od miestnej:<\/strong> V\u0161imnite si postavy zachm\u00faren\u00e9ho Turka s d\u00f4tkami a str\u00e1\u017enym psom pri s\u00faso\u0161\u00ed J\u00e1na z Mathy, F\u00e9lixa z Valois a Ivana, ktor\u00e9 stoj\u00ed hne\u010f naproti. Je to popul\u00e1rny \u201ePra\u017esk\u00fd Turek&#8220;, ktor\u00e9ho miestne deti \u010dasto pova\u017eovali za rozpr\u00e1vkov\u00fa bytos\u0165 a dodnes k nemu vzhliadaj\u00fa s re\u0161pektom.<\/p>\n<h2 class=\"wp-block-heading\"><span class=\"ez-toc-section\" id=\"Veze_Karlovho_mostu_Pohlady_zhora\"><\/span><span class=\"ez-toc-section\" id=\"Veze_Karlovho_mostu_Pohlady_zhora\"><\/span>Ve\u017ee Karlovho mostu: Poh\u013eady zhora<span class=\"ez-toc-section-end\"><\/span><span class=\"ez-toc-section-end\"><\/span><\/h2>\n<p>Obe ve\u017ee s\u00fa pr\u00edstupn\u00e9 verejnosti a pon\u00fakaj\u00fa v\u00fdh\u013eady tak odli\u0161n\u00e9, \u017ee si pokojne vylezete na obe. Ja osobne m\u00e1m slabos\u0165 pre malostransk\u00fa stranu, ale o tom a\u017e za chv\u00ed\u013eu.<\/p>\n<h3 class=\"wp-block-heading\"><span class=\"ez-toc-section\" id=\"Staromestska_mostecka_veza\"><\/span><span class=\"ez-toc-section\" id=\"Staromestska_mostecka_veza\"><\/span>Staromestsk\u00e1 mosteck\u00e1 ve\u017ea<span class=\"ez-toc-section-end\"><\/span><span class=\"ez-toc-section-end\"><\/span><\/h3>\n<p>T\u00fato mas\u00edvnu gotick\u00fa br\u00e1nu navrhol u\u017e spom\u00ednan\u00fd Petr Parl\u00e9\u0159 a architekti ju \u010dasto ozna\u010duj\u00fa za jednu z najkraj\u0161\u00edch gotick\u00fdch ve\u017e\u00ed v celej Eur\u00f3pe. Jej v\u00fdchodn\u00e1 fas\u00e1da, oto\u010den\u00e1 k Star\u00e9mu Mestu, je bohato zdoben\u00e1 sochami Karola IV., V\u00e1clava IV. a patr\u00f3nov \u010deskej zeme. Po\u010das tridsa\u0165ro\u010dnej vojny v\u0161ak jej z\u00e1padn\u00fa stranu \u0165a\u017eko po\u0161kodila \u0161v\u00e9dska delostre\u013eba, ke\u010f sa vojsk\u00e1 sna\u017eili doby\u0165 prav\u00fd breh. Vn\u00fatri v\u00e1s \u010dak\u00e1 138 schodov a tajupln\u00e1 expoz\u00edcia, po ich zdolan\u00ed vylezete na ochoz s v\u00fdh\u013eadom priamo do osi smeruj\u00facej k Hrad\u010danom. Zvl\u00e1\u0161\u0165 na jese\u0148, ke\u010f stromy na Kampe zo\u017eltn\u00fa, je tento poh\u013ead na nezaplatenie.<\/p>\n<p>Otvoren\u00e9 je denne. V letnej sez\u00f3ne od 9:00 do 21:00, v zimn\u00fdch mesiacoch sa zatv\u00e1ra sk\u00f4r, zvy\u010dajne o 18:00. Z\u00e1kladn\u00e9 vstupn\u00e9 pre dospel\u00e9ho stoj\u00ed 7,50 \u20ac (ceny pre rok 2026).<\/p>\n<p><strong>\ud83d\udca1 Tip od miestnej:<\/strong> K\u00fapte si rovno na pokladni kombinovan\u00fa vstupenku do oboch mosteck\u00fdch ve\u017e\u00ed. Vyjde v\u00e1s to celkovo lacnej\u0161ie a m\u00e1te na vyu\u017eitie druh\u00e9ho vstupu nieko\u013eko dn\u00ed, tak\u017ee nemus\u00edte \u0161liapa\u0165 dvoje schody hne\u010f po sebe.<\/p>\n<h3 class=\"wp-block-heading\"><span class=\"ez-toc-section\" id=\"Malostranske_mostecke_veze\"><\/span><span class=\"ez-toc-section\" id=\"Malostranske_mostecke_veze\"><\/span>Malostransk\u00e9 mosteck\u00e9 ve\u017ee<span class=\"ez-toc-section-end\"><\/span><span class=\"ez-toc-section-end\"><\/span><\/h3>\n<p>Na opa\u010dnom brehu v\u00e1s nepriv\u00edta jedna, ale hne\u010f dve ve\u017ee spojen\u00e9 priechodnou br\u00e1nou s cimbur\u00edm. <strong>Ni\u017e\u0161ia z nich, zvan\u00e1 Juditina, je rom\u00e1nskeho p\u00f4vodu a pam\u00e4t\u00e1 e\u0161te predchodcu dne\u0161n\u00e9ho Karlovho mostu.<\/strong> T\u00e1 vy\u0161\u0161ia, gotick\u00e1, poch\u00e1dza z 15. storo\u010dia a bola postaven\u00e1 ako zrkadlov\u00fd protiklad tej staromestskej, aj ke\u010f jej vonkaj\u0161ia v\u00fdzdoba je ove\u013ea striedmej\u0161ia a hrub\u0161ia. Expoz\u00edcia vn\u00fatri sa venuje hist\u00f3rii premostenia a poh\u013ead z horn\u00e9ho ochozu na strechy Malej Strany a strmo st\u00fapaj\u00facu Nerudovu ulicu k Pra\u017esk\u00e9mu hradu m\u00e1 \u00faplne in\u00fa, komornej\u0161iu a \u00fatulnej\u0161iu atmosf\u00e9ru ako v\u00fdh\u013ead z proti\u013eahl\u00e9ho brehu.<\/p>\n<p>Vstupn\u00e9 je rovnak\u00fdch 7,50 \u20ac ako u staromestskej sestry a po zak\u00fapen\u00ed l\u00edstka v pr\u00edzem\u00ed v\u00e1s \u010dak\u00e1 146 dreven\u00fdch schodov.<\/p>\n<p><strong>\ud83d\udca1 Tip od miestnej:<\/strong> Expoz\u00edcia v Malostranskej ve\u017ei b\u00fdva v\u00fdrazne pr\u00e1zdnej\u0161ia a pokojnej\u0161ia. Ak nem\u00e1te radi stiesnen\u00e9 priestory pln\u00e9 turistov, zvo\u013ete na v\u00fdstup rad\u0161ej t\u00fato \u013eavobre\u017en\u00fa stranu.<\/p>\n<h2 class=\"wp-block-heading\"><span class=\"ez-toc-section\" id=\"Prakticke_informacie\"><\/span><span class=\"ez-toc-section\" id=\"Prakticke_informacie\"><\/span>Praktick\u00e9 inform\u00e1cie<span class=\"ez-toc-section-end\"><\/span><span class=\"ez-toc-section-end\"><\/span><\/h2>\n<p>A teraz to nudn\u00e9, ale z\u00e1chrann\u00e9: p\u00e1r vec\u00ed, ktor\u00e9 ma osobne kedysi zasko\u010dili a v\u00e1m ich rad\u0161ej poviem vopred.<\/p>\n<h3 class=\"wp-block-heading\"><span class=\"ez-toc-section\" id=\"Doprava_a_ako_sa_k_mostu_dostat\"><\/span><span class=\"ez-toc-section\" id=\"Doprava_a_ako_sa_k_mostu_dostat\"><\/span>Doprava a ako sa k mostu dosta\u0165<span class=\"ez-toc-section-end\"><\/span><span class=\"ez-toc-section-end\"><\/span><\/h3>\n<p>Cel\u00fd priestor je pr\u00edsna pe\u0161ia z\u00f3na, tak\u017ee autom sa sem nedostanete, a pra\u017esk\u00ed taxik\u00e1ri z ulice v\u00e1s s\u00edce radi odvezie \u010do najbli\u017e\u0161ie k n\u00e1bre\u017eiu, ale pripravte sa na cenu, ktor\u00e1 s najazdenom vzdialenos\u0165ou nem\u00e1 ni\u010d spolo\u010dn\u00e9. Najlep\u0161ie je vyu\u017ei\u0165 <a href=\"https:\/\/pid.cz\/\" rel=\"nofollow noopener\" target=\"_blank\">spo\u013eahliv\u00fa pra\u017esk\u00fa MHD<\/a>. Na pravom brehu vyst\u00fapte na zast\u00e1vke metra linky A alebo elektri\u010dkami \u010d\u00edslo 17 a 18 na zast\u00e1vke <strong>Starom\u011bstsk\u00e1<\/strong>. Odtia\u013e je to zhruba p\u00e4\u0165 min\u00fat pe\u0161o cez priestranstvo K\u0159i\u017eovn\u00edckeho n\u00e1mestia. Z malostranskej strany v\u00e1s \u00faplne najbli\u017e\u0161ie dovezie legend\u00e1rna elektri\u010dka \u010d\u00edslo 22 (pr\u00edpadne linky 12, 15, 20) na zast\u00e1vku <strong>Malostransk\u00e9 n\u00e1m\u011bst\u00ed<\/strong>, odkia\u013e len z\u00eddete miernym kopcom Mosteckou ulicou priamo k ve\u017eiam.<\/p>\n<p>Z\u00e1kladn\u00fd l\u00edstok na 30 min\u00fat stoj\u00ed <strong>1,20 \u20ac<\/strong> a bez probl\u00e9mov v\u00e1m vysta\u010d\u00ed na presun z v\u00e4\u010d\u0161iny centr\u00e1lnych lokal\u00edt ako je V\u00e1clavsk\u00e9 n\u00e1mestie alebo Hlavn\u00e9 n\u00e1dra\u017eie. Zo Slovenska sa do Prahy najpohodlnej\u0161ie dostanete vlakmi RegioJet alebo Leo Express z Bratislavy (cesta trv\u00e1 zhruba 4 hodiny), pr\u00edpadne autobusmi <a class=\"thirstylink\" rel=\"nofollow\" target=\"_blank\" title=\"Flixbus\" href=\"https:\/\/loudavymkrokem.cz\/sk\/doporucujeme\/flixbus\/\" data-shortcode=\"true\">FlixBus<\/a>.<\/p>\n<p><strong>\ud83d\udca1 Tip od miestnej:<\/strong> Pre rodiny s ko\u010d\u00edkom: n\u00e1jazd z oboch str\u00e1n je s\u00edce dl\u00e1\u017eden\u00fd ve\u013ek\u00fdmi kockami, ale \u00faplne bez schodov. Ak v\u0161ak chcete v polovici cesty z\u00eds\u0165 priamo na ostrov Kampa k \u010certovke, mus\u00edte prekona\u0165 pomerne strm\u00e9 kamenn\u00e9 schodisko. S ko\u010d\u00edkom to mus\u00edte bu\u010f ob\u00eds\u0165 a\u017e cez Malostransk\u00e9 n\u00e1mestie, alebo schody opatrne znies\u0165.<\/p>\n<figure class=\"wp-block-image size-full\"><img loading=\"lazy\" decoding=\"async\" width=\"1200\" height=\"800\" src=\"https:\/\/loudavymkrokem.cz\/wp-content\/uploads\/2025\/03\/recenze-domus-balthasar-praha-s-batoletem-2.jpg\" alt=\"V\u00fdh\u013ead z Domus Balthasar\" class=\"wp-image-94707\" title=\"\" srcset=\"https:\/\/loudavymkrokem.cz\/wp-content\/uploads\/2025\/03\/recenze-domus-balthasar-praha-s-batoletem-2.jpg 1200w, https:\/\/loudavymkrokem.cz\/wp-content\/uploads\/2025\/03\/recenze-domus-balthasar-praha-s-batoletem-2-300x200.jpg 300w, https:\/\/loudavymkrokem.cz\/wp-content\/uploads\/2025\/03\/recenze-domus-balthasar-praha-s-batoletem-2-700x467.jpg 700w, https:\/\/loudavymkrokem.cz\/wp-content\/uploads\/2025\/03\/recenze-domus-balthasar-praha-s-batoletem-2-768x512.jpg 768w, https:\/\/loudavymkrokem.cz\/wp-content\/uploads\/2025\/03\/recenze-domus-balthasar-praha-s-batoletem-2-696x464.jpg 696w\" sizes=\"auto, (max-width: 1200px) 100vw, 1200px\"><figcaption class=\"wp-element-caption\">V\u00fdh\u013ead z <a class=\"thirstylink\" rel=\"nofollow\" target=\"_blank\" title=\"Domus Balthasar Boutique Hotel\" href=\"https:\/\/loudavymkrokem.cz\/doporucujeme\/domus-balthasar-boutique-hotel\/\" data-shortcode=\"true\">Domus Balthasar<\/a><\/figcaption><\/figure>\n<h3 class=\"wp-block-heading\"><span class=\"ez-toc-section\" id=\"Komentovane_prehliadky_a_plavby_po_Vltave\"><\/span><span class=\"ez-toc-section\" id=\"Komentovane_prehliadky_a_plavby_po_Vltave\"><\/span>Komentovan\u00e9 prehliadky a plavby po Vltave<span class=\"ez-toc-section-end\"><\/span><span class=\"ez-toc-section-end\"><\/span><\/h3>\n<p>Sprievodca sa oplat\u00ed, a to hovor\u00edm ja, ktor\u00e1 si inak v\u017edy mysl\u00ed, \u017ee to zvl\u00e1dne sama s Googlom a podvedom\u00fdm zmyslom pre orient\u00e1ciu. My s Luk\u00e1\u0161om ob\u010das vyu\u017eijeme plavbu lo\u010fou, preto\u017ee poh\u013ead na mas\u00edvne pieskov\u00e9 piliere od hladiny rieky pon\u00faka \u00faplne in\u00fd, ove\u013ea monument\u00e1lnej\u0161\u00ed z\u00e1\u017eitok. Ak v\u00e1s l\u00e1kaj\u00fa historick\u00e9 pr\u00edbehy alebo jazda po Vltave priamo pod obl\u00fakmi, skvel\u00e9 mo\u017enosti n\u00e1jdete online, kde si zabezpe\u010d\u00edte miesto vopred a vyhnete sa dohadovaniu s nah\u00e1\u0148a\u010dmi na n\u00e1bre\u017e\u00ed, ktor\u00ed pon\u00fakaj\u00fa predra\u017een\u00e9 l\u00edstky.<\/p>\n<p>Najr\u00f4znej\u0161ie varianty historick\u00fdch putovania, ve\u010dern\u00fdch prech\u00e1dzok a plavieb si m\u00f4\u017eete <a href=\"https:\/\/www.getyourguide.com\/prague-l10\/?partner_id=MKZ64IS\" rel=\"nofollow noopener\" target=\"_blank\">rezervova\u0165 cez GetYourGuide<\/a>. V lete odpor\u00fa\u010dam vybera\u0165 sk\u00f4r podve\u010dern\u00e9 term\u00edny, ke\u010f z rieky s\u00e1l\u00e1 pr\u00edjemn\u00fd chl\u00e1dok.<\/p>\n<p><strong>\ud83d\udca1 Tip od miestnej:<\/strong> Namiesto ve\u013ek\u00fdch presklen\u00fdch parn\u00edkov, na ktor\u00fdch hr\u00e1 hlasit\u00e1 hudba, h\u013eadajte men\u0161ie tradi\u010dn\u00e9 dreven\u00e9 lodi\u010dky (tzv. vodou\u0161e). Tie v\u010faka svojmu n\u00edzkemu ponoru prepl\u00e1vaj\u00fa aj \u00fazkym ramenom \u010certovky priamo pod balk\u00f3nmi star\u00fdch domov.<\/p>\n<h3 class=\"wp-block-heading\"><span class=\"ez-toc-section\" id=\"Kde_sa_najest_a_kde_na_kavu_a_nespadnut_do_pasce\"><\/span><span class=\"ez-toc-section\" id=\"Kde_sa_najest_a_kde_na_kavu_a_nespadnut_do_pasce\"><\/span>Kde sa najes\u0165 a kde na k\u00e1vu (a nespadn\u00fa\u0165 do pasce)<span class=\"ez-toc-section-end\"><\/span><span class=\"ez-toc-section-end\"><\/span><\/h3>\n<p>Okolo hlavn\u00fdch \u0165ahov je to sam\u00e1 turistick\u00e1 pasca. Rozmrazen\u00e9 trdeln\u00edky za nehor\u00e1zne ceny a re\u0161taur\u00e1cie, kde si \u00fa\u010dtuj\u00fa aj d\u00fdchanie vzduchu a poplatok za pr\u00edbor. Ako vegetari\u00e1nka a milovn\u00ed\u010dka dobrej k\u00e1vy sa pri\u013eahl\u00fdm hlavn\u00fdm uliciam v\u00e4\u010d\u0161inou vyh\u00fdbam obl\u00fakom. Ke\u010f prejdeme na Mal\u00fa Stranu, radi s rodinou zabo\u010d\u00edme do zapadlej\u0161\u00edch uli\u010diek smerom k Lennonovej m\u00faru (hoci ten sa bohu\u017eia\u013e \u010d\u00edm \u010falej, t\u00fdm viac men\u00ed len na farebn\u00fa IG kulisu bez p\u00f4vodn\u00e9ho posolstva), alebo sa schov\u00e1me v \u00fatulnom podniku Roesel \u2013 beer &amp; cake, ktor\u00fd le\u017e\u00ed nen\u00e1padne zastr\u010den\u00fd priamo pri mosteck\u00fdch ve\u017eiach. Tamoj\u0161ie remeseln\u00e9 pivo, poctiv\u00e9 polievky a fantastick\u00e9 torty s\u00fa presne to, \u010do po prech\u00e1dzke potrebujete. Miestna kaviarnick\u00e1 sc\u00e9na sa neust\u00e1le vyv\u00edja a v\u017edy sa d\u00e1 n\u00e1js\u0165 pokojn\u00fd vn\u00fatroblok, kde v\u00e1m pripravia skvel\u00e9 espresso z v\u00fdberov\u00fdch z\u0155n, bez toho aby ste museli preda\u0165 obli\u010dku.<\/p>\n<p>Vyhnite sa podnikom usaden\u00fdm priamo na K\u0159i\u017eovn\u00edckom n\u00e1mest\u00ed a v Mosteckej ulici. Ceny s\u00fa tam nastaven\u00e9 prim\u00e1rne na jednorazov\u00fdch zahrani\u010dn\u00fdch turistov, kvalita jedla tomu ale bohu\u017eia\u013e \u010dasto nezodpoved\u00e1.<\/p>\n<p><strong>\ud83d\udca1 Tip od miestnej:<\/strong> Z\u00e1jdite si po k\u00e1vu so sebou do niektorej zo zapadnut\u00fdch uli\u010diek na Malej Strane a sadnite si s kel\u00edmkom na lavi\u010dku do Vojanov\u00fdch sadov. Je to tich\u00e1, m\u00farom obohnan\u00e1 o\u00e1za s vo\u013ene sa prech\u00e1dzaj\u00facimi p\u00e1vmi, kde o turistov takmer nezavad\u00edte. Viac mojich ob\u013e\u00faben\u00fdch a overen\u00fdch miest n\u00e1jdete v sprievodcovi <a href=\"https:\/\/loudavymkrokem.cz\/sk\/kaviarne-praha-2019\/\">kaviarne v Prahe<\/a>.<\/p>\n<h2 class=\"wp-block-heading\"><span class=\"ez-toc-section\" id=\"Casto_kladene_otazky\"><\/span><span class=\"ez-toc-section\" id=\"Casto_kladene_otazky\"><\/span>\u010casto kladen\u00e9 ot\u00e1zky<span class=\"ez-toc-section-end\"><\/span><span class=\"ez-toc-section-end\"><\/span><\/h2>\n<div id=\"rank-math-faq\" class=\"rank-math-block\">\n<div class=\"rank-math-list \">\n<div id=\"faq-question-1777047568218\" class=\"rank-math-list-item\">\n<h3 class=\"rank-math-question \"><span class=\"ez-toc-section\" id=\"Je_vstup_na_Karlov_most_spoplatneny\"><\/span><span class=\"ez-toc-section\" id=\"Je_vstup_na_Karlov_most_spoplatneny\"><\/span><strong>Je vstup na Karlov most spoplatnen\u00fd?<\/strong><span class=\"ez-toc-section-end\"><\/span><span class=\"ez-toc-section-end\"><\/span><\/h3>\n<div class=\"rank-math-answer \">\n<p>Nie, prechod cez rieku je \u00faplne zadarmo a otvoren\u00fd 24 hod\u00edn denne, 365 dn\u00ed v roku. Plat\u00ed sa iba v pr\u00edpade, \u017ee chcete vyst\u00fapi\u0165 na vyhliadkov\u00e9 ochozy mosteck\u00fdch ve\u017e\u00ed.<\/p>\n<\/div>\n<\/div>\n<div id=\"faq-question-1777047574289\" class=\"rank-math-list-item\">\n<h3 class=\"rank-math-question \"><span class=\"ez-toc-section\" id=\"Kedy_je_tu_najmenej_ludi\"><\/span><span class=\"ez-toc-section\" id=\"Kedy_je_tu_najmenej_ludi\"><\/span><strong>Kedy je tu najmenej \u013eud\u00ed?<\/strong> <span class=\"ez-toc-section-end\"><\/span><span class=\"ez-toc-section-end\"><\/span><\/h3>\n<div class=\"rank-math-answer \">\n<p>Ide\u00e1lny \u010das na pokojn\u00fa prech\u00e1dzku bez tla\u010denice je skoro r\u00e1no za \u00fasvitu (medzi 5:00 a 7:00) alebo naopak neskoro v noci (po 23:00). Po\u010das d\u0148a sa s\u00favisl\u00e9mu davu nevyhnete v \u017eiadnom ro\u010dnom obdob\u00ed.<\/p>\n<\/div>\n<\/div>\n<div id=\"faq-question-1777047582727\" class=\"rank-math-list-item\">\n<h3 class=\"rank-math-question \"><span class=\"ez-toc-section\" id=\"Da_sa_prejst_na_bicykli_alebo_kolobezke\"><\/span><span class=\"ez-toc-section\" id=\"Da_sa_prejst_na_bicykli_alebo_kolobezke\"><\/span><strong>D\u00e1 sa prejs\u0165 na bicykli alebo kolobe\u017eke?<\/strong> <span class=\"ez-toc-section-end\"><\/span><span class=\"ez-toc-section-end\"><\/span><\/h3>\n<div class=\"rank-math-answer \">\n<p>Jazda na bicykloch a elektrick\u00fdch kolobe\u017ek\u00e1ch je z bezpe\u010dnostn\u00fdch d\u00f4vodov pr\u00edsne zak\u00e1zan\u00e1. Ak m\u00e1te bicykel so sebou, mus\u00edte z neho zosadn\u00fa\u0165 a po cel\u00fa dobu ho len vies\u0165 ved\u013ea seba.<\/p>\n<\/div>\n<\/div>\n<div id=\"faq-question-1777047588704\" class=\"rank-math-list-item\">\n<h3 class=\"rank-math-question \"><span class=\"ez-toc-section\" id=\"Su_sochy_originaly\"><\/span><span class=\"ez-toc-section\" id=\"Su_sochy_originaly\"><\/span><strong>S\u00fa sochy origin\u00e1ly?<\/strong><span class=\"ez-toc-section-end\"><\/span><span class=\"ez-toc-section-end\"><\/span><\/h3>\n<div class=\"rank-math-answer \">\n<p>V\u00e4\u010d\u0161ina pieskov\u00fdch s\u00f4ch, ktor\u00e9 dnes vid\u00edte vonku, s\u00fa starostliv\u00e9 k\u00f3pie z 20. storo\u010dia. Origin\u00e1ly boli presunut\u00e9 do Lapid\u00e1ria N\u00e1rodn\u00e9ho m\u00fazea na V\u00fdstavisku a do s\u00e1ly Gorlice na Vy\u0161ehrade, aby boli chr\u00e1nen\u00e9 pred kysl\u00fdm da\u017e\u010fom a smogom.<\/p>\n<\/div>\n<\/div>\n<div id=\"faq-question-1777047599829\" class=\"rank-math-list-item\">\n<h3 class=\"rank-math-question \"><span class=\"ez-toc-section\" id=\"Ako_dlho_trva_prejst_z_jedneho_brehu_na_druhy\"><\/span><span class=\"ez-toc-section\" id=\"Ako_dlho_trva_prejst_z_jedneho_brehu_na_druhy\"><\/span><strong>Ako dlho trv\u00e1 prejs\u0165 z jedn\u00e9ho brehu na druh\u00fd?<\/strong><span class=\"ez-toc-section-end\"><\/span><span class=\"ez-toc-section-end\"><\/span><\/h3>\n<div class=\"rank-math-answer \">\n<p>Samotn\u00e1 d\u013a\u017eka je nie\u010do m\u00e1lo cez 500 metrov, tak\u017ee r\u00fdchlou ch\u00f4dzou pr\u00e1zdnou ulicou prejdete za 5 a\u017e 7 min\u00fat. Ak si ale chcete v pokoji prezrie\u0165 sochy, odfoti\u0165 si v\u00fdh\u013eady a predierate sa denn\u00fdm davom, po\u010d\u00edtajte rad\u0161ej s 20 a\u017e 30 min\u00fatami.<\/p>\n<\/div>\n<\/div>\n<div id=\"faq-question-1777047607776\" class=\"rank-math-list-item\">\n<h3 class=\"rank-math-question \"><span class=\"ez-toc-section\" id=\"Je_trasa_bezbarierova\"><\/span><span class=\"ez-toc-section\" id=\"Je_trasa_bezbarierova\"><\/span><strong>Je trasa bezbari\u00e9rov\u00e1?<\/strong><span class=\"ez-toc-section-end\"><\/span><span class=\"ez-toc-section-end\"><\/span><\/h3>\n<div class=\"rank-math-answer \">\n<p>\u00c1no, hlavn\u00fd \u0165ah je po celej svojej d\u013a\u017eke bez bari\u00e9r a schodov, tak\u017ee s ko\u010d\u00edkom alebo invalidn\u00fdm voz\u00edkom prejdete na druh\u00fa stranu bez probl\u00e9mov. Pozor si dajte len na schody, ktor\u00e9 ved\u00fa zhruba v polovici trasy kolmo dolu na ostrov Kampa. Tie bezbari\u00e9rov\u00e9 nie s\u00fa.<\/p>\n<\/div>\n<\/div>\n<\/div>\n<\/div>\n","protected":false},"excerpt":{"rendered":"<p>Ke\u010f som r\u00e1no pon\u00e1h\u013eala na prv\u00fa hodinu do Malostransk\u00e9ho gymn\u00e1zia, ob\u010das som to schv\u00e1lne vzala ok\u013eukou a pred\u013a\u017eila si cestu cez rieku. O pol \u00f4smej r\u00e1no, najm\u00e4 v sychravom novembri, tu toti\u017e vl\u00e1dlo zvl\u00e1\u0161tne ticho.<\/p>\n","protected":false},"author":3,"featured_media":151097,"comment_status":"open","ping_status":"open","sticky":false,"template":"","format":"standard","meta":{"footnotes":"","rank_math_title":"","rank_math_description":"","rank_math_focus_keyword":"","rank_math_seo_score":""},"categories":[977,952,955],"tags":[],"class_list":{"0":"post-151244","1":"post","2":"type-post","3":"status-publish","4":"format-standard","5":"has-post-thumbnail","7":"category-ceska-republika","8":"category-cestovanie","9":"category-europa"},"featured_image_src":"https:\/\/loudavymkrokem.cz\/wp-content\/uploads\/2026\/04\/karluv-most-4126.jpg","author_info":{"display_name":"Lucie Kone\u010dn\u00e1","author_link":"https:\/\/loudavymkrokem.cz\/sk\/author\/lucie-konecna\/"},"_links":{"self":[{"href":"https:\/\/loudavymkrokem.cz\/sk\/wp-json\/wp\/v2\/posts\/151244","targetHints":{"allow":["GET"]}}],"collection":[{"href":"https:\/\/loudavymkrokem.cz\/sk\/wp-json\/wp\/v2\/posts"}],"about":[{"href":"https:\/\/loudavymkrokem.cz\/sk\/wp-json\/wp\/v2\/types\/post"}],"author":[{"embeddable":true,"href":"https:\/\/loudavymkrokem.cz\/sk\/wp-json\/wp\/v2\/users\/3"}],"replies":[{"embeddable":true,"href":"https:\/\/loudavymkrokem.cz\/sk\/wp-json\/wp\/v2\/comments?post=151244"}],"version-history":[{"count":1,"href":"https:\/\/loudavymkrokem.cz\/sk\/wp-json\/wp\/v2\/posts\/151244\/revisions"}],"predecessor-version":[{"id":151544,"href":"https:\/\/loudavymkrokem.cz\/sk\/wp-json\/wp\/v2\/posts\/151244\/revisions\/151544"}],"wp:featuredmedia":[{"embeddable":true,"href":"https:\/\/loudavymkrokem.cz\/sk\/wp-json\/wp\/v2\/media\/151097"}],"wp:attachment":[{"href":"https:\/\/loudavymkrokem.cz\/sk\/wp-json\/wp\/v2\/media?parent=151244"}],"wp:term":[{"taxonomy":"category","embeddable":true,"href":"https:\/\/loudavymkrokem.cz\/sk\/wp-json\/wp\/v2\/categories?post=151244"},{"taxonomy":"post_tag","embeddable":true,"href":"https:\/\/loudavymkrokem.cz\/sk\/wp-json\/wp\/v2\/tags?post=151244"}],"curies":[{"name":"wp","href":"https:\/\/api.w.org\/{rel}","templated":true}]}}