{"id":151243,"date":"2026-04-24T19:49:45","date_gmt":"2026-04-24T17:49:45","guid":{"rendered":"https:\/\/loudavymkrokem.cz\/?p=151243"},"modified":"2026-04-30T11:07:10","modified_gmt":"2026-04-30T09:07:10","slug":"najkrajsie-pamiatky-praha-cesko","status":"publish","type":"post","link":"https:\/\/loudavymkrokem.cz\/sk\/najkrajsie-pamiatky-praha-cesko\/","title":{"rendered":"Najkraj\u0161ie pamiatky v Prahe: 20 miest, ktor\u00e9 mus\u00edte vidie\u0165 (2026)"},"content":{"rendered":"<p>Ke\u010f sa povie pamiatky v Prahe, vybav\u00ed sa mi, ako vlhk\u00e9 jesenn\u00e9 l\u00edstie k\u013azalo po dla\u017eobn\u00fdch kock\u00e1ch a my s Luk\u00e1\u0161om prv\u00fdkr\u00e1t st\u00fapali Nerudovou ulicou. \u0160li sme sa tam prejs\u0165 na jednom z na\u0161ich prv\u00fdch rande. Malo to \u010daro, a to aj napriek tomu, \u017ee som \u0161tudovala gymn\u00e1zium priamo v historickom centre a potom len pre\u0161la na druh\u00fd breh na vysok\u00fa. <strong>Vyr\u00e1stla som v centre Prahy a napriek tomu ma nikdy neprestane fascinova\u0165. Po\u010fte sa so mnou pozrie\u0165 na najkraj\u0161ie pamiatky v Prahe \u2013 Praha \u010cesko v\u00e1s jednoducho uchv\u00e1ti.<\/strong><\/p>\n<figure class=\"wp-block-image size-full\"><img loading=\"lazy\" decoding=\"async\" width=\"1200\" height=\"800\" src=\"https:\/\/loudavymkrokem.cz\/wp-content\/uploads\/2023\/07\/prazsky-hrad-4179.jpg\" alt=\"Panor\u00e1ma Prahy s hradom\" class=\"wp-image-151120\" title=\"\" srcset=\"https:\/\/loudavymkrokem.cz\/wp-content\/uploads\/2023\/07\/prazsky-hrad-4179.jpg 1200w, https:\/\/loudavymkrokem.cz\/wp-content\/uploads\/2023\/07\/prazsky-hrad-4179-300x200.jpg 300w, https:\/\/loudavymkrokem.cz\/wp-content\/uploads\/2023\/07\/prazsky-hrad-4179-700x467.jpg 700w, https:\/\/loudavymkrokem.cz\/wp-content\/uploads\/2023\/07\/prazsky-hrad-4179-768x512.jpg 768w, https:\/\/loudavymkrokem.cz\/wp-content\/uploads\/2023\/07\/prazsky-hrad-4179-696x464.jpg 696w\" sizes=\"auto, (max-width: 1200px) 100vw, 1200px\"><\/figure>\n<div id=\"ez-toc-container\" class=\"ez-toc-v2_0_82_2 ez-toc-wrap-left counter-hierarchy ez-toc-counter ez-toc-grey ez-toc-container-direction\">\n<div class=\"ez-toc-title-container\">\n<p class=\"ez-toc-title\" style=\"cursor:inherit\">Obsah \u010dl\u00e1nku<\/p>\n<span class=\"ez-toc-title-toggle\"><a href=\"#\" class=\"ez-toc-pull-right ez-toc-btn ez-toc-btn-xs ez-toc-btn-default ez-toc-toggle\" aria-label=\"Toggle Table of Content\"><span class=\"ez-toc-js-icon-con\"><span class=\"\"><span class=\"eztoc-hide\" style=\"display:none;\">Toggle<\/span><span class=\"ez-toc-icon-toggle-span\"><svg style=\"fill: #999;color:#999\" xmlns=\"http:\/\/www.w3.org\/2000\/svg\" class=\"list-377408\" width=\"20px\" height=\"20px\" viewBox=\"0 0 24 24\" fill=\"none\"><path d=\"M6 6H4v2h2V6zm14 0H8v2h12V6zM4 11h2v2H4v-2zm16 0H8v2h12v-2zM4 16h2v2H4v-2zm16 0H8v2h12v-2z\" fill=\"currentColor\"><\/path><\/svg><svg style=\"fill: #999;color:#999\" class=\"arrow-unsorted-368013\" xmlns=\"http:\/\/www.w3.org\/2000\/svg\" width=\"10px\" height=\"10px\" viewBox=\"0 0 24 24\" version=\"1.2\" baseProfile=\"tiny\"><path d=\"M18.2 9.3l-6.2-6.3-6.2 6.3c-.2.2-.3.4-.3.7s.1.5.3.7c.2.2.4.3.7.3h11c.3 0 .5-.1.7-.3.2-.2.3-.5.3-.7s-.1-.5-.3-.7zM5.8 14.7l6.2 6.3 6.2-6.3c.2-.2.3-.5.3-.7s-.1-.5-.3-.7c-.2-.2-.4-.3-.7-.3h-11c-.3 0-.5.1-.7.3-.2.2-.3.5-.3.7s.1.5.3.7z\"\/><\/svg><\/span><\/span><\/span><\/a><\/span><\/div>\n<nav><ul class='ez-toc-list ez-toc-list-level-1 ' ><li class='ez-toc-page-1 ez-toc-heading-level-2'><a class=\"ez-toc-link ez-toc-heading-1\" href=\"https:\/\/loudavymkrokem.cz\/sk\/najkrajsie-pamiatky-praha-cesko\/#Zhrnutie\" >Zhrnutie<\/a><\/li><li class='ez-toc-page-1 ez-toc-heading-level-2'><a class=\"ez-toc-link ez-toc-heading-2\" href=\"https:\/\/loudavymkrokem.cz\/sk\/najkrajsie-pamiatky-praha-cesko\/#Kedy_vyrazit_za_prazskymi_pamiatkami\" >Kedy vyrazi\u0165 za pra\u017esk\u00fdmi pamiatkami<\/a><ul class='ez-toc-list-level-3' ><li class='ez-toc-heading-level-3'><a class=\"ez-toc-link ez-toc-heading-3\" href=\"https:\/\/loudavymkrokem.cz\/sk\/najkrajsie-pamiatky-praha-cesko\/#Jar_a_leto_v_plnom_prude\" >Jar a leto v plnom pr\u00fade<\/a><\/li><li class='ez-toc-page-1 ez-toc-heading-level-3'><a class=\"ez-toc-link ez-toc-heading-4\" href=\"https:\/\/loudavymkrokem.cz\/sk\/najkrajsie-pamiatky-praha-cesko\/#Jesenne_svetlo_a_zimna_melancholia\" >Jesenn\u00e9 svetlo a zimn\u00e1 melanch\u00f3lia<\/a><\/li><li class='ez-toc-page-1 ez-toc-heading-level-3'><a class=\"ez-toc-link ez-toc-heading-5\" href=\"https:\/\/loudavymkrokem.cz\/sk\/najkrajsie-pamiatky-praha-cesko\/#Kolko_casu_budete_potrebovat\" >Ko\u013eko \u010dasu budete potrebova\u0165<\/a><\/li><\/ul><\/li><li class='ez-toc-page-1 ez-toc-heading-level-2'><a class=\"ez-toc-link ez-toc-heading-6\" href=\"https:\/\/loudavymkrokem.cz\/sk\/najkrajsie-pamiatky-praha-cesko\/#Kde_sa_ubytovat\" >Kde sa ubytova\u0165<\/a><\/li><li class='ez-toc-page-1 ez-toc-heading-level-2'><a class=\"ez-toc-link ez-toc-heading-7\" href=\"https:\/\/loudavymkrokem.cz\/sk\/najkrajsie-pamiatky-praha-cesko\/#20_najkrajsich_pamiatok_v_Prahe_To_najlepsie_z_historickeho_mesta\" >20 najkraj\u0161\u00edch pamiatok v Prahe: To najlep\u0161ie z historick\u00e9ho mesta<\/a><ul class='ez-toc-list-level-3' ><li class='ez-toc-heading-level-3'><a class=\"ez-toc-link ez-toc-heading-8\" href=\"https:\/\/loudavymkrokem.cz\/sk\/najkrajsie-pamiatky-praha-cesko\/#Prazsky_hrad\" >Pra\u017esk\u00fd hrad<\/a><\/li><li class='ez-toc-page-1 ez-toc-heading-level-3'><a class=\"ez-toc-link ez-toc-heading-9\" href=\"https:\/\/loudavymkrokem.cz\/sk\/najkrajsie-pamiatky-praha-cesko\/#Katedrala_sv_Vita\" >Katedr\u00e1la sv. V\u00edta<\/a><\/li><li class='ez-toc-page-1 ez-toc-heading-level-3'><a class=\"ez-toc-link ez-toc-heading-10\" href=\"https:\/\/loudavymkrokem.cz\/sk\/najkrajsie-pamiatky-praha-cesko\/#Karlov_most\" >Karlov most<\/a><\/li><li class='ez-toc-page-1 ez-toc-heading-level-3'><a class=\"ez-toc-link ez-toc-heading-11\" href=\"https:\/\/loudavymkrokem.cz\/sk\/najkrajsie-pamiatky-praha-cesko\/#Staromestske_namestie_a_Prazsky_orloj\" >Staromestsk\u00e9 n\u00e1mestie a Pra\u017esk\u00fd orloj<\/a><\/li><li class='ez-toc-page-1 ez-toc-heading-level-3'><a class=\"ez-toc-link ez-toc-heading-12\" href=\"https:\/\/loudavymkrokem.cz\/sk\/najkrajsie-pamiatky-praha-cesko\/#Vysehrad\" >Vy\u0161ehrad<\/a><\/li><li class='ez-toc-page-1 ez-toc-heading-level-3'><a class=\"ez-toc-link ez-toc-heading-13\" href=\"https:\/\/loudavymkrokem.cz\/sk\/najkrajsie-pamiatky-praha-cesko\/#Petrin_a_rozhladna\" >Pet\u0159\u00edn a rozh\u013ead\u0148a<\/a><\/li><\/ul><\/li><li class='ez-toc-page-1 ez-toc-heading-level-2'><a class=\"ez-toc-link ez-toc-heading-14\" href=\"https:\/\/loudavymkrokem.cz\/sk\/najkrajsie-pamiatky-praha-cesko\/#Sakralne_skvosty_a_duchovne_centra\" >Sakr\u00e1lne skvosty a duchovn\u00e9 centr\u00e1<\/a><ul class='ez-toc-list-level-3' ><li class='ez-toc-heading-level-3'><a class=\"ez-toc-link ez-toc-heading-15\" href=\"https:\/\/loudavymkrokem.cz\/sk\/najkrajsie-pamiatky-praha-cesko\/#Tynsky_chram\" >T\u00fdnsky chr\u00e1m<\/a><\/li><li class='ez-toc-page-1 ez-toc-heading-level-3'><a class=\"ez-toc-link ez-toc-heading-16\" href=\"https:\/\/loudavymkrokem.cz\/sk\/najkrajsie-pamiatky-praha-cesko\/#Kostol_sv_Mikulasa_na_Malej_Strane\" >Kostol sv. Mikul\u00e1\u0161a na Malej Strane<\/a><\/li><li class='ez-toc-page-1 ez-toc-heading-level-3'><a class=\"ez-toc-link ez-toc-heading-17\" href=\"https:\/\/loudavymkrokem.cz\/sk\/najkrajsie-pamiatky-praha-cesko\/#Loreta\" >Loreta<\/a><\/li><li class='ez-toc-page-1 ez-toc-heading-level-3'><a class=\"ez-toc-link ez-toc-heading-18\" href=\"https:\/\/loudavymkrokem.cz\/sk\/najkrajsie-pamiatky-praha-cesko\/#Strahovsky_klastor\" >Strahovsk\u00fd kl\u00e1\u0161tor<\/a><\/li><\/ul><\/li><li class='ez-toc-page-1 ez-toc-heading-level-2'><a class=\"ez-toc-link ez-toc-heading-19\" href=\"https:\/\/loudavymkrokem.cz\/sk\/najkrajsie-pamiatky-praha-cesko\/#Zidovske_mesto_Josefov\" >\u017didovsk\u00e9 mesto: Josefov<\/a><ul class='ez-toc-list-level-3' ><li class='ez-toc-heading-level-3'><a class=\"ez-toc-link ez-toc-heading-20\" href=\"https:\/\/loudavymkrokem.cz\/sk\/najkrajsie-pamiatky-praha-cesko\/#Staronova_synagoga\" >Staronov\u00e1 synag\u00f3ga<\/a><\/li><li class='ez-toc-page-1 ez-toc-heading-level-3'><a class=\"ez-toc-link ez-toc-heading-21\" href=\"https:\/\/loudavymkrokem.cz\/sk\/najkrajsie-pamiatky-praha-cesko\/#Stary_zidovsky_cintorin\" >Star\u00fd \u017eidovsk\u00fd cintor\u00edn<\/a><\/li><li class='ez-toc-page-1 ez-toc-heading-level-3'><a class=\"ez-toc-link ez-toc-heading-22\" href=\"https:\/\/loudavymkrokem.cz\/sk\/najkrajsie-pamiatky-praha-cesko\/#Spanielska_synagoga\" >\u0160panielska synag\u00f3ga<\/a><\/li><\/ul><\/li><li class='ez-toc-page-1 ez-toc-heading-level-2'><a class=\"ez-toc-link ez-toc-heading-23\" href=\"https:\/\/loudavymkrokem.cz\/sk\/najkrajsie-pamiatky-praha-cesko\/#Moderne_dominanty_a_kontroverzne_stavby\" >Modern\u00e9 dominanty a kontroverzn\u00e9 stavby<\/a><ul class='ez-toc-list-level-3' ><li class='ez-toc-heading-level-3'><a class=\"ez-toc-link ez-toc-heading-24\" href=\"https:\/\/loudavymkrokem.cz\/sk\/najkrajsie-pamiatky-praha-cesko\/#Tancici_dum\" >Tan\u010d\u00edc\u00ed d\u016fm<\/a><\/li><li class='ez-toc-page-1 ez-toc-heading-level-3'><a class=\"ez-toc-link ez-toc-heading-25\" href=\"https:\/\/loudavymkrokem.cz\/sk\/najkrajsie-pamiatky-praha-cesko\/#Zizkovska_televizna_veza\" >\u017di\u017ekovsk\u00e1 telev\u00edzna ve\u017ea<\/a><\/li><li class='ez-toc-page-1 ez-toc-heading-level-3'><a class=\"ez-toc-link ez-toc-heading-26\" href=\"https:\/\/loudavymkrokem.cz\/sk\/najkrajsie-pamiatky-praha-cesko\/#Rotujuca_hlava_Franza_Kafku\" >Rotuj\u00faca hlava Franza Kafku<\/a><\/li><\/ul><\/li><li class='ez-toc-page-1 ez-toc-heading-level-2'><a class=\"ez-toc-link ez-toc-heading-27\" href=\"https:\/\/loudavymkrokem.cz\/sk\/najkrajsie-pamiatky-praha-cesko\/#Skryte_klenoty_a_uniky_pred_davmi\" >Skryt\u00e9 klenoty a \u00faniky pred davmi<\/a><ul class='ez-toc-list-level-3' ><li class='ez-toc-heading-level-3'><a class=\"ez-toc-link ez-toc-heading-28\" href=\"https:\/\/loudavymkrokem.cz\/sk\/najkrajsie-pamiatky-praha-cesko\/#Vrtbovska_zahrada\" >Vrtbovsk\u00e1 z\u00e1hrada<\/a><\/li><li class='ez-toc-page-1 ez-toc-heading-level-3'><a class=\"ez-toc-link ez-toc-heading-29\" href=\"https:\/\/loudavymkrokem.cz\/sk\/najkrajsie-pamiatky-praha-cesko\/#Novy_Svet\" >Nov\u00fd Svet<\/a><\/li><li class='ez-toc-page-1 ez-toc-heading-level-3'><a class=\"ez-toc-link ez-toc-heading-30\" href=\"https:\/\/loudavymkrokem.cz\/sk\/najkrajsie-pamiatky-praha-cesko\/#Klementinum_a_Barokova_kniznica\" >Klementinum a Barokov\u00e1 kni\u017enica<\/a><\/li><li class='ez-toc-page-1 ez-toc-heading-level-3'><a class=\"ez-toc-link ez-toc-heading-31\" href=\"https:\/\/loudavymkrokem.cz\/sk\/najkrajsie-pamiatky-praha-cesko\/#Valdstejnska_zahrada\" >Vald\u0161tejnsk\u00e1 z\u00e1hrada<\/a><\/li><\/ul><\/li><li class='ez-toc-page-1 ez-toc-heading-level-2'><a class=\"ez-toc-link ez-toc-heading-32\" href=\"https:\/\/loudavymkrokem.cz\/sk\/najkrajsie-pamiatky-praha-cesko\/#Kde_sa_najest\" >Kde sa najes\u0165<\/a><ul class='ez-toc-list-level-3' ><li class='ez-toc-heading-level-3'><a class=\"ez-toc-link ez-toc-heading-33\" href=\"https:\/\/loudavymkrokem.cz\/sk\/najkrajsie-pamiatky-praha-cesko\/#Eska_v_Karline_a_utulne_bistra\" >Eska v Karl\u00edne a \u00fatuln\u00e9 bistr\u00e1<\/a><\/li><\/ul><\/li><li class='ez-toc-page-1 ez-toc-heading-level-2'><a class=\"ez-toc-link ez-toc-heading-34\" href=\"https:\/\/loudavymkrokem.cz\/sk\/najkrajsie-pamiatky-praha-cesko\/#Prakticke_info\" >Praktick\u00e9 info<\/a><\/li><li class='ez-toc-page-1 ez-toc-heading-level-2'><a class=\"ez-toc-link ez-toc-heading-35\" href=\"https:\/\/loudavymkrokem.cz\/sk\/najkrajsie-pamiatky-praha-cesko\/#Casto_kladene_otazky\" >\u010casto kladen\u00e9 ot\u00e1zky<\/a><ul class='ez-toc-list-level-3' ><li class='ez-toc-heading-level-3'><a class=\"ez-toc-link ez-toc-heading-36\" href=\"https:\/\/loudavymkrokem.cz\/sk\/najkrajsie-pamiatky-praha-cesko\/#Ake_su_najvyznamnejsie_pamiatky_v_Prahe\" >Ak\u00e9 s\u00fa najv\u00fdznamnej\u0161ie pamiatky v Prahe?<\/a><\/li><li class='ez-toc-page-1 ez-toc-heading-level-3'><a class=\"ez-toc-link ez-toc-heading-37\" href=\"https:\/\/loudavymkrokem.cz\/sk\/najkrajsie-pamiatky-praha-cesko\/#Kolko_casu_potrebujem_na_prehliadku_Prahy\" >Ko\u013eko \u010dasu potrebujem na prehliadku Prahy?<\/a><\/li><li class='ez-toc-page-1 ez-toc-heading-level-3'><a class=\"ez-toc-link ez-toc-heading-38\" href=\"https:\/\/loudavymkrokem.cz\/sk\/najkrajsie-pamiatky-praha-cesko\/#Ktore_pamiatky_v_Prahe_su_zadarmo\" >Ktor\u00e9 pamiatky v Prahe s\u00fa zadarmo?<\/a><\/li><li class='ez-toc-page-1 ez-toc-heading-level-3'><a class=\"ez-toc-link ez-toc-heading-39\" href=\"https:\/\/loudavymkrokem.cz\/sk\/najkrajsie-pamiatky-praha-cesko\/#Ako_funguje_hromadna_doprava_v_Prahe\" >Ako funguje hromadn\u00e1 doprava v Prahe?<\/a><\/li><\/ul><\/li><\/ul><\/nav><\/div>\n<h2 class=\"wp-block-heading\"><span class=\"ez-toc-section\" id=\"Zhrnutie\"><\/span><span class=\"ez-toc-section\" id=\"Zhrnutie\"><\/span>Zhrnutie<span class=\"ez-toc-section-end\"><\/span><span class=\"ez-toc-section-end\"><\/span><\/h2>\n<ul class=\"wp-block-list\">\n<li>Pra\u017esk\u00fd hrad a Katedr\u00e1la sv. V\u00edta tvoria absol\u00fatny z\u00e1klad \u2013 vyhra\u010fte si na ne minim\u00e1lne pol d\u0148a.<\/li>\n<li>Karlov most za\u017eijete v pokoji len skoro r\u00e1no, cez de\u0148 pripom\u00edna ru\u0161n\u00fa dia\u013enicu.<\/li>\n<li>Orloj na Staromestskom n\u00e1mest\u00ed trv\u00e1 presne 45 sek\u00fand, nepl\u00e1nujte si okolo neho cel\u00fd itiner\u00e1r.<\/li>\n<li>Vy\u0161ehrad je perfektn\u00e1 alternat\u00edva pre rodiny s de\u0165mi \u2013 pon\u00faka \u0161irok\u00e9 cesty a n\u00e1dhern\u00e9 v\u00fdh\u013eady bez davov.<\/li>\n<li>\u017didovsk\u00e9 mesto (Josefov) ukr\u00fdva fascinuj\u00facu hist\u00f3riu, l\u00edstky do synag\u00f3g sa oplat\u00ed k\u00fapi\u0165 v r\u00e1mci spolo\u010dn\u00e9ho pasu.<\/li>\n<li><a class=\"thirstylink\" rel=\"nofollow\" target=\"_blank\" title=\"Tan\u010d\u00edc\u00ed d\u016fm\" href=\"https:\/\/loudavymkrokem.cz\/doporucujeme\/tancici-dum\/\" data-shortcode=\"true\">Tan\u010d\u00edc\u00ed d\u016fm<\/a> si najlep\u0161ie prezriete zvonka, pre v\u00fdh\u013ead cho\u010fte do kaviarne v najvy\u0161\u0161om poschod\u00ed namiesto platenia za vyhliadku.<\/li>\n<li>Vrtbovsk\u00e1 z\u00e1hrada je absol\u00fatny klenot schovan\u00fd k\u00fasok od centra \u2013 barokov\u00e1 terasovit\u00e1 z\u00e1hrada, o ktorej skoro nikto nevie.<\/li>\n<li>Klementinum ukr\u00fdva jednu z najkraj\u0161\u00edch historick\u00fdch kni\u017en\u00edc na svete, l\u00edstky mizn\u00fa r\u00fdchlo.<\/li>\n<li>Elektri\u010dka 22 je n\u00e1\u0161 tajn\u00fd tip \u2013 prejde okolo Hradu, Malej Strany aj Vy\u0161ehradu a vyjde v\u00e1s na zlomok tax\u00edka.<\/li>\n<\/ul>\n<figure class=\"wp-block-image size-full\"><img loading=\"lazy\" decoding=\"async\" width=\"1200\" height=\"800\" src=\"https:\/\/loudavymkrokem.cz\/wp-content\/uploads\/2023\/07\/prazsky-hrad-4238.jpg\" alt=\"Chr\u00e1m sv. V\u00edta Pra\u017esk\u00fd hrad\" class=\"wp-image-151114\" title=\"\" srcset=\"https:\/\/loudavymkrokem.cz\/wp-content\/uploads\/2023\/07\/prazsky-hrad-4238.jpg 1200w, https:\/\/loudavymkrokem.cz\/wp-content\/uploads\/2023\/07\/prazsky-hrad-4238-300x200.jpg 300w, https:\/\/loudavymkrokem.cz\/wp-content\/uploads\/2023\/07\/prazsky-hrad-4238-700x467.jpg 700w, https:\/\/loudavymkrokem.cz\/wp-content\/uploads\/2023\/07\/prazsky-hrad-4238-768x512.jpg 768w, https:\/\/loudavymkrokem.cz\/wp-content\/uploads\/2023\/07\/prazsky-hrad-4238-696x464.jpg 696w\" sizes=\"auto, (max-width: 1200px) 100vw, 1200px\"><\/figure>\n<h2 class=\"wp-block-heading\"><span class=\"ez-toc-section\" id=\"Kedy_vyrazit_za_prazskymi_pamiatkami\"><\/span><span class=\"ez-toc-section\" id=\"Kedy_vyrazit_za_prazskymi_pamiatkami\"><\/span>Kedy vyrazi\u0165 za pra\u017esk\u00fdmi pamiatkami<span class=\"ez-toc-section-end\"><\/span><span class=\"ez-toc-section-end\"><\/span><\/h2>\n<p>Zvoli\u0165 spr\u00e1vny \u010das na n\u00e1v\u0161tevu je polovica \u00faspechu. Mesto sa men\u00ed nielen s ro\u010dn\u00fdm obdob\u00edm, ale vlastne s ka\u017edou hodinou. Ke\u010f sa povie Praha \u010cesko, v\u00e4\u010d\u0161ina \u013eud\u00ed si predstav\u00ed letn\u00e9 slnko odr\u00e1\u017eaj\u00face sa od \u010derven\u00fdch striech, ale realita rozp\u00e1len\u00fdch ul\u00edc b\u00fdva vy\u010derp\u00e1vaj\u00faca.<\/p>\n<h3 class=\"wp-block-heading\"><span class=\"ez-toc-section\" id=\"Jar_a_leto_v_plnom_prude\"><\/span><span class=\"ez-toc-section\" id=\"Jar_a_leto_v_plnom_prude\"><\/span>Jar a leto v plnom pr\u00fade<span class=\"ez-toc-section-end\"><\/span><span class=\"ez-toc-section-end\"><\/span><\/h3>\n<p>Apr\u00edl a m\u00e1j farbia svahy Pet\u0159\u00edna do ru\u017eova a otv\u00e1raj\u00fa prv\u00e9 vonkaj\u0161ie z\u00e1hradky. M\u00e1j je osobne m\u00f4j najob\u013e\u00fabenej\u0161\u00ed mesiac. Dni sa na\u0165ahuj\u00fa a teploty dovo\u013euj\u00fa dlh\u00e9 prech\u00e1dzky bez kab\u00e1ta. Sk\u00faste si privsta\u0165 a vyrazi\u0165 k rieke sk\u00f4r, ne\u017e sa zobud\u00ed zvy\u0161ok mesta.<\/p>\n<p>S pr\u00edchodom j\u00fana a\u017e augusta zalej\u00fa ulice letn\u00fd \u017eiar a historick\u00e9 centrum prask\u00e1 vo \u0161v\u00edkoch. Ke\u010f potrebujem utiec\u0165 z prehriateho dl\u00e1\u017eden\u00e9ho centra, mierim do Stromovky alebo do Riegrov\u00fdch sadov.<\/p>\n<h3 class=\"wp-block-heading\"><span class=\"ez-toc-section\" id=\"Jesenne_svetlo_a_zimna_melancholia\"><\/span><span class=\"ez-toc-section\" id=\"Jesenne_svetlo_a_zimna_melancholia\"><\/span>Jesenn\u00e9 svetlo a zimn\u00e1 melanch\u00f3lia<span class=\"ez-toc-section-end\"><\/span><span class=\"ez-toc-section-end\"><\/span><\/h3>\n<p>September u m\u0148a objekt\u00edvne vyhr\u00e1va. Zlat\u00e9 svetlo babieho leta jemne dopad\u00e1 na fas\u00e1dy a teploty klesaj\u00fa na znesite\u013en\u00fa \u00farove\u0148. Milovn\u00edci klasickej hudby si od\u0161krtn\u00fa festival Dvo\u0159\u00e1kova Praha, ktor\u00fd tento rok prebieha <strong>5.\u201323. 9. 2026<\/strong>.<\/p>\n<p>Vizu\u00e1lnu hostinu obstaral Signal Festival v term\u00edne <strong>15.\u201318. 10. 2026<\/strong>. Janu\u00e1r a febru\u00e1r naopak odhalia syrov\u00fa tv\u00e1r mesta. Turisti zmizn\u00fa, ulice potemnej\u00fa a vlezl\u00fd chlad v\u00e1s r\u00fdchlo za\u017eenie do najbli\u017e\u0161ej kr\u010dmy na hutn\u00fd gul\u00e1\u0161.<\/p>\n<h3 class=\"wp-block-heading\"><span class=\"ez-toc-section\" id=\"Kolko_casu_budete_potrebovat\"><\/span><span class=\"ez-toc-section\" id=\"Kolko_casu_budete_potrebovat\"><\/span>Ko\u013eko \u010dasu budete potrebova\u0165<span class=\"ez-toc-section-end\"><\/span><span class=\"ez-toc-section-end\"><\/span><\/h3>\n<p>V\u00edkend sta\u010d\u00ed na ten najz\u00e1kladnej\u0161\u00ed zlat\u00fd trojuholn\u00edk. Po\u010das dvoch dn\u00ed obehnete Hrad, prejdete centrum a nakuknete na Mal\u00fa Stranu.<\/p>\n<p>\u0160tyri a\u017e p\u00e4\u0165 dn\u00ed je ale zlat\u00e1 stredn\u00e1 cesta. Povinn\u00e9 zast\u00e1vky zvl\u00e1dnete v pokoji, tret\u00ed de\u0148 vyst\u00fapate na Vy\u0161ehrad a zost\u00e1vaj\u00faci \u010das venujete bezcie\u013enemu t\u00falaniu po Vinohradoch alebo Karl\u00edne. Zo Slovenska sa sem navy\u0161e dostanete ve\u013emi jednoducho \u2013 z Bratislavy s\u00fa to autom necel\u00e9 \u0161tyri hodiny, pr\u00edpadne vyu\u017eite priamy vlak alebo autobus RegioJet.<\/p>\n<figure class=\"wp-block-image size-full\"><img loading=\"lazy\" decoding=\"async\" width=\"1200\" height=\"800\" src=\"https:\/\/loudavymkrokem.cz\/wp-content\/uploads\/2026\/04\/julius-hotel-praha-3880.jpg\" alt=\"Hotel v Prahe\" class=\"wp-image-151063\" title=\"\" srcset=\"https:\/\/loudavymkrokem.cz\/wp-content\/uploads\/2026\/04\/julius-hotel-praha-3880.jpg 1200w, https:\/\/loudavymkrokem.cz\/wp-content\/uploads\/2026\/04\/julius-hotel-praha-3880-300x200.jpg 300w, https:\/\/loudavymkrokem.cz\/wp-content\/uploads\/2026\/04\/julius-hotel-praha-3880-700x467.jpg 700w, https:\/\/loudavymkrokem.cz\/wp-content\/uploads\/2026\/04\/julius-hotel-praha-3880-768x512.jpg 768w, https:\/\/loudavymkrokem.cz\/wp-content\/uploads\/2026\/04\/julius-hotel-praha-3880-696x464.jpg 696w\" sizes=\"auto, (max-width: 1200px) 100vw, 1200px\"><\/figure>\n<h2 class=\"wp-block-heading\"><span class=\"ez-toc-section\" id=\"Kde_sa_ubytovat\"><\/span><span class=\"ez-toc-section\" id=\"Kde_sa_ubytovat\"><\/span>Kde sa ubytova\u0165<span class=\"ez-toc-section-end\"><\/span><span class=\"ez-toc-section-end\"><\/span><\/h2>\n<p>Ak h\u013ead\u00e1te z\u00e1klad\u0148u, z ktorej budete ma\u0165 v\u0161etky hlavn\u00e9 pamiatky na dosah a z\u00e1rove\u0148 sa vyhnete najv\u00e4\u010d\u0161iemu no\u010dn\u00e9mu hluku, odpor\u00fa\u010dam <strong><a href=\"https:\/\/www.stay22.com\/allez\/booking?aid=lukaskonecny&amp;campaign=loudavymkrokemcz-thejuliuspraguerecenze&amp;product=lma&amp;habl=false&amp;isinc=false&amp;sid22=eyOhfbUVRdp25NRC&amp;conmeth=normal&amp;plng=cs-CZ&amp;pageCategory=travel&amp;source=direct&amp;medium=deeplink&amp;address=Prague%2C+Czechia&amp;link=https%3A%2F%2Fwww.booking.com%2Fsearchresults.html%3Faid%3D1607597%26dest_id%3D7310351%26dest_type%3Dhotel%26label%3Dv3.cmod2yxkvb9hy0838yfkjsa3k&amp;ref22=https%3A%2F%2Floudavymkrokem.cz%2Fthe-julius-prague-recenze\">The Julius Hotel<\/a><\/strong> na Senov\u00e1\u017enom n\u00e1mest\u00ed. B\u00fdvali sme tu po\u010das na\u0161ej poslednej n\u00e1v\u0161tevy v priestrannom One Bedroom Suite, ktor\u00fd n\u00e1m poskytol presne to z\u00e1zemie, ak\u00e9 sme s mal\u00fdm Jon\u00e1\u0161om potrebovali. Interi\u00e9r bol tak\u00fd pokojn\u00fd, \u017ee Jon\u00e1\u0161 zaspal sk\u00f4r, ne\u017e sme stihli rozbali\u0165 kufre, a person\u00e1l si na n\u00e1s pam\u00e4tal aj na druh\u00fd de\u0148, \u010do ma v\u017edy dostane. \u263a\ufe0f Ako vegetari\u00e1nka som navy\u0161e ocenila ich bohat\u00e9 a n\u00e1padit\u00e9 ra\u0148ajky, kde m\u00e4so rozhodne nehralo jedin\u00fa hlavn\u00fa \u00falohu. Z hotela d\u00f4jdete za desa\u0165 min\u00fat na V\u00e1clavsk\u00e9 n\u00e1mestie alebo k Pra\u0161nej br\u00e1ne. Aktu\u00e1lne ceny a dostupnos\u0165 si m\u00f4\u017eete <a href=\"https:\/\/www.booking.com\/hotel\/cz\/julius-meinl-house-prague.html?aid=2397601\" target=\"_blank\" rel=\"nofollow noopener\">rezervova\u0165 cez Booking.com<\/a>.<\/p>\n<h2 class=\"wp-block-heading\"><span class=\"ez-toc-section\" id=\"20_najkrajsich_pamiatok_v_Prahe_To_najlepsie_z_historickeho_mesta\"><\/span><span class=\"ez-toc-section\" id=\"Korunovacne_klenoty_To_najlepsie_z_historickej_Prahy\"><\/span>20 najkraj\u0161\u00edch pamiatok v Prahe: To najlep\u0161ie z historick\u00e9ho mesta<span class=\"ez-toc-section-end\"><\/span><span class=\"ez-toc-section-end\"><\/span><\/h2>\n<p>Toto je t\u00e1 \u010das\u0165 sprievodcu, pri ktorej nem\u00e1m srdce \u010doko\u013evek presko\u010di\u0165. Aj ako miestna, ktor\u00e1 tadia\u013e chodila do \u0161koly, st\u00e1le c\u00edtim pri poh\u013eade na strechy Hradu od rieky nie\u010do ako hrdos\u0165 \u2014 alebo aspo\u0148 nostalgiu. \ud83d\ude01 Ak ste v metropole prv\u00fdkr\u00e1t, tieto body z itiner\u00e1ra jednoducho nevynech\u00e1te. Odpor\u00fa\u010dam si ich rozlo\u017ei\u0165 do viacer\u00fdch dn\u00ed, aby sa z obdivovania nestalo len mechanick\u00e9 od\u0161krt\u00e1vanie zoznamu.<\/p>\n<h3 class=\"wp-block-heading\"><span class=\"ez-toc-section\" id=\"Prazsky_hrad\"><\/span><span class=\"ez-toc-section\" id=\"Prazsky_hrad\"><\/span>Pra\u017esk\u00fd hrad<span class=\"ez-toc-section-end\"><\/span><span class=\"ez-toc-section-end\"><\/span><\/h3>\n<p>Komplex <a href=\"https:\/\/www.hrad.cz\" rel=\"nofollow noopener\" target=\"_blank\">Pra\u017esk\u00e9ho hradu<\/a> tvor\u00ed v podstate samostatn\u00e9 mesto nad mestom. Prech\u00e1dza\u0165 jeho n\u00e1dvoriami znamen\u00e1 listova\u0165 u\u010debnicou architekt\u00fary od rom\u00e1nskych z\u00e1kladov a\u017e po \u00fapravy architekta Josipa Ple\u010dnika z dvadsiateho storo\u010dia. Pr\u00e1ve tu sme mali s Luk\u00e1\u0161om na\u0161e prv\u00e9 rande a dodnes si pam\u00e4t\u00e1m ten \u0161pecifick\u00fd pokoj, ktor\u00fd sa rozhost\u00ed okolo Zlatej uli\u010dky v podve\u010dern\u00fdch hodin\u00e1ch, ke\u010f od\u00eddu najv\u00e4\u010d\u0161ie davy.<\/p>\n<p>Z\u00e1kladn\u00fd okruh zah\u0155\u0148a Star\u00fd kr\u00e1\u013eovsk\u00fd pal\u00e1c, Baziliku sv. Ji\u0159\u00ed, Zlat\u00fa uli\u010dku a katedr\u00e1lu. Vstupenka stoj\u00ed <strong>18 \u20ac<\/strong> a are\u00e1l sa otv\u00e1ra o <strong>6:00<\/strong>, hoci historick\u00e9 budovy p\u00fa\u0161\u0165aj\u00fa n\u00e1v\u0161tevn\u00edkov a\u017e od 9:00. Naj\u013eah\u0161ia cesta vedie <strong>elektri\u010dkou 22<\/strong> na zast\u00e1vku Pra\u017esk\u00fd hrad. Pre detailnej\u0161\u00ed prieskum odpor\u00fa\u010dam <a href=\"https:\/\/www.getyourguide.com\/prague-l10\/?partner_id=MKZ64IS\" target=\"_blank\" rel=\"nofollow noopener\">rezerv\u00e1ciu cez GetYourGuide<\/a> s lok\u00e1lnym sprievodcom.<\/p>\n<figure class=\"wp-block-image size-full\"><img loading=\"lazy\" decoding=\"async\" width=\"1200\" height=\"800\" src=\"https:\/\/loudavymkrokem.cz\/wp-content\/uploads\/2023\/07\/prazsky-hrad-4194.jpg\" alt=\"Pra\u017esk\u00fd hrad\" class=\"wp-image-151117\" title=\"\" srcset=\"https:\/\/loudavymkrokem.cz\/wp-content\/uploads\/2023\/07\/prazsky-hrad-4194.jpg 1200w, https:\/\/loudavymkrokem.cz\/wp-content\/uploads\/2023\/07\/prazsky-hrad-4194-300x200.jpg 300w, https:\/\/loudavymkrokem.cz\/wp-content\/uploads\/2023\/07\/prazsky-hrad-4194-700x467.jpg 700w, https:\/\/loudavymkrokem.cz\/wp-content\/uploads\/2023\/07\/prazsky-hrad-4194-768x512.jpg 768w, https:\/\/loudavymkrokem.cz\/wp-content\/uploads\/2023\/07\/prazsky-hrad-4194-696x464.jpg 696w\" sizes=\"auto, (max-width: 1200px) 100vw, 1200px\"><\/figure>\n<h3 class=\"wp-block-heading\"><span class=\"ez-toc-section\" id=\"Katedrala_sv_Vita\"><\/span><span class=\"ez-toc-section\" id=\"Katedrala_sv_Vita\"><\/span>Katedr\u00e1la sv. V\u00edta<span class=\"ez-toc-section-end\"><\/span><span class=\"ez-toc-section-end\"><\/span><\/h3>\n<p><a href=\"https:\/\/www.katedralasvatehovita.cz\/cs\" rel=\"nofollow noopener\" target=\"_blank\">Katedr\u00e1la sv. V\u00edta<\/a> nie je len najv\u00e4\u010d\u0161\u00edm chr\u00e1mom v krajine, ale predov\u0161etk\u00fdm suver\u00e9nnou dominantou cel\u00e9ho hradn\u00e9ho komplexu. Ke\u010f som na univerzite fotila gotick\u00fa architekt\u00faru, tr\u00e1vila som hodiny pozorovan\u00edm toho, ako rann\u00e9 svetlo l\u00e1me farby cez obrovsk\u00e9 vitr\u00e1\u017eov\u00e9 okn\u00e1, na ktor\u00fdch sa podie\u013eal aj Alfons Mucha. Stavba trvala takmer \u0161es\u0165 storo\u010d\u00ed, \u010do sa odr\u00e1\u017ea v dokonalom mixe \u0161t\u00fdlov.<\/p>\n<p>Vn\u00fatri n\u00e1jdete hrobky \u010desk\u00fdch kr\u00e1\u013eov aj n\u00e1dhern\u00fa Kaplnku sv\u00e4t\u00e9ho V\u00e1clava, ktorej steny pokr\u00fdvaj\u00fa polodrahokamy. Prehliadka prednej \u010dasti lode je zadarmo, ale za vstup do hlavnej \u010dasti a ku kr\u00e1\u013eovsk\u00fdm hrobk\u00e1m si mus\u00edte priplati\u0165 v r\u00e1mci okruhu Pra\u017esk\u00e9ho hradu. Otvoren\u00e9 je denne od 9:00 do 17:00, v nede\u013eu a\u017e od 12:00 kv\u00f4li bohoslu\u017eb\u00e1m. <strong>\ud83d\udca1 Tip od miestnej:<\/strong> Ju\u017en\u00e1 ve\u017ea katedr\u00e1ly pon\u00faka pod\u013ea m\u0148a ten najlep\u0161\u00ed v\u00fdh\u013ead na mesto. Vedie na \u0148u 287 \u00fazkych to\u010dit\u00fdch schodov, vstup sa plat\u00ed zvl\u00e1\u0161\u0165 (8 \u20ac) a v\u00fd\u0161\u013eap d\u00e1 poriadne zabra\u0165, ale stoj\u00ed to za to.<\/p>\n<figure class=\"wp-block-image size-full\"><img loading=\"lazy\" decoding=\"async\" width=\"1200\" height=\"800\" src=\"https:\/\/loudavymkrokem.cz\/wp-content\/uploads\/2023\/07\/prazsky-hrad-4215.jpg\" alt=\"Katedr\u00e1la sv. V\u00edta \u2013 dominanta Pra\u017esk\u00e9ho hradu\" class=\"wp-image-151116\" title=\"\" srcset=\"https:\/\/loudavymkrokem.cz\/wp-content\/uploads\/2023\/07\/prazsky-hrad-4215.jpg 1200w, https:\/\/loudavymkrokem.cz\/wp-content\/uploads\/2023\/07\/prazsky-hrad-4215-300x200.jpg 300w, https:\/\/loudavymkrokem.cz\/wp-content\/uploads\/2023\/07\/prazsky-hrad-4215-700x467.jpg 700w, https:\/\/loudavymkrokem.cz\/wp-content\/uploads\/2023\/07\/prazsky-hrad-4215-768x512.jpg 768w, https:\/\/loudavymkrokem.cz\/wp-content\/uploads\/2023\/07\/prazsky-hrad-4215-696x464.jpg 696w\" sizes=\"auto, (max-width: 1200px) 100vw, 1200px\"><figcaption class=\"wp-element-caption\">Katedr\u00e1la sv. V\u00edta: dominanta Pra\u017esk\u00e9ho hradu<\/figcaption><\/figure>\n<h3 class=\"wp-block-heading\"><span class=\"ez-toc-section\" id=\"Karlov_most\"><\/span><span class=\"ez-toc-section\" id=\"Karlov_most\"><\/span>Karlov most<span class=\"ez-toc-section-end\"><\/span><span class=\"ez-toc-section-end\"><\/span><\/h3>\n<p>Najstar\u0161\u00ed stojac\u00ed most cez Vltavu sp\u00e1ja Star\u00e9 Mesto s Malou Stranou u\u017e od \u0161trn\u00e1steho storo\u010dia. Jeho tridsa\u0165 barokov\u00fdch s\u00f4ch tvor\u00ed gal\u00e9riu pod \u0161\u00edrym nebom, ktor\u00e1 v rannej hmle p\u00f4sob\u00ed a\u017e mysticky. Cez de\u0148 sa v\u0161ak most men\u00ed na pulzuj\u00facu tepnu pln\u00fa karikaturistov, hudobn\u00edkov a tis\u00edcov n\u00e1v\u0161tevn\u00edkov.<\/p>\n<p>Prech\u00e1dzka po \u0148om je pochopite\u013ene zadarmo a pr\u00edstupn\u00fd je nepretr\u017eite. Ak chcete za\u017ei\u0165 pokojnej\u0161iu atmosf\u00e9ru, oplat\u00ed sa zv\u00e1\u017ei\u0165 <a href=\"https:\/\/www.getyourguide.com\/prague-l10\/?partner_id=MKZ64IS\" rel=\"nofollow noopener\" target=\"_blank\">rezerv\u00e1ciu cez GetYourGuide<\/a> na rann\u00fa komentovan\u00fa prehliadku alebo plavbu drevenou lo\u010fou po Vltave, ktor\u00e1 podpl\u00e1va priamo pod jeho obl\u00fakmi. Pre viac inform\u00e1ci\u00ed si m\u00f4\u017eete pre\u010d\u00edta\u0165 n\u00e1\u0161 <a href=\"https:\/\/loudavymkrokem.cz\/karluv-most\/\">samostatn\u00fd \u010dl\u00e1nok o Karlovom moste<\/a>. <strong>\ud83d\udca1 Tip od miestnej:<\/strong> Pr\u00ed\u010fte sem pred siedmou r\u00e1no. Je to jedin\u00fd sp\u00f4sob, ako si prezrie\u0165 sochy bez nutnosti prediera\u0165 sa davom, a navy\u0161e uvid\u00edte fotografov \u010dakaj\u00facich na ten spr\u00e1vny odraz svetla na hladine.<\/p>\n<figure class=\"wp-block-image size-full\"><img loading=\"lazy\" decoding=\"async\" width=\"1200\" height=\"800\" src=\"https:\/\/loudavymkrokem.cz\/wp-content\/uploads\/2026\/04\/karluv-most-4116.jpg\" alt=\"Karlov most\" class=\"wp-image-151096\" title=\"\" srcset=\"https:\/\/loudavymkrokem.cz\/wp-content\/uploads\/2026\/04\/karluv-most-4116.jpg 1200w, https:\/\/loudavymkrokem.cz\/wp-content\/uploads\/2026\/04\/karluv-most-4116-300x200.jpg 300w, https:\/\/loudavymkrokem.cz\/wp-content\/uploads\/2026\/04\/karluv-most-4116-700x467.jpg 700w, https:\/\/loudavymkrokem.cz\/wp-content\/uploads\/2026\/04\/karluv-most-4116-768x512.jpg 768w, https:\/\/loudavymkrokem.cz\/wp-content\/uploads\/2026\/04\/karluv-most-4116-696x464.jpg 696w\" sizes=\"auto, (max-width: 1200px) 100vw, 1200px\"><figcaption class=\"wp-element-caption\">Karlov most<\/figcaption><\/figure>\n<h3 class=\"wp-block-heading\"><span class=\"ez-toc-section\" id=\"Staromestske_namestie_a_Prazsky_orloj\"><\/span><span class=\"ez-toc-section\" id=\"Staromestske_namestie_a_Prazsky_orloj\"><\/span>Staromestsk\u00e9 n\u00e1mestie a Pra\u017esk\u00fd orloj<span class=\"ez-toc-section-end\"><\/span><span class=\"ez-toc-section-end\"><\/span><\/h3>\n<p>Srdce historick\u00e9ho centra bije na Staromestskom n\u00e1mest\u00ed. Obklopuj\u00fa ho n\u00e1dhern\u00e9 pal\u00e1ce, dominuje mu pomn\u00edk majstra J\u00e1na Husa a gotick\u00e1 ve\u017ea Staromestskej radnice s presl\u00e1ven\u00edm astronomick\u00fdm orlojom. Ka\u017ed\u00fa cel\u00fa hodinu sa pod n\u00edm zhroma\u017ed\u00ed stovky \u013eud\u00ed, aby sledovali sprievod apo\u0161tolov.<\/p>\n<p>Budem \u00faprimn\u00e1 \u2013 nepl\u00e1nujte si okolo orloja cel\u00fd de\u0148, je to 45-sekundov\u00e1 \u0161ou, ktor\u00e1 ve\u013ea \u013eud\u00ed sk\u00f4r prekvap\u00ed svojou stru\u010dnos\u0165ou. Oplat\u00ed sa ale zaplati\u0165 <strong>12 \u20ac<\/strong> za vstup do ve\u017ee Staromestskej radnice, odkia\u013e je fantastick\u00fd kruhov\u00fd v\u00fdh\u013ead na n\u00e1mestie. Otvoren\u00e9 maj\u00fa denne od 9:00 do 21:00 (v pondelok od 11:00). Viac detailov n\u00e1jdete v na\u0161om texte o <a href=\"https:\/\/loudavymkrokem.cz\/staromestske-namesti-orloj\/\">Staromestskom n\u00e1mest\u00ed<\/a>. <strong>\ud83d\udca1 Tip od miestnej:<\/strong> Namiesto st\u00e1tia v dave pred orlojom si rad\u0161ej zajdite na k\u00e1vu do prv\u00e9ho poschodia kaviarne v proti\u013eahlom dome U Minuty. Z okna uvid\u00edte apo\u0161tolov priamo vo v\u00fd\u0161ke o\u010d\u00ed.<\/p>\n<figure class=\"wp-block-image size-full\"><img loading=\"lazy\" decoding=\"async\" width=\"1200\" height=\"800\" src=\"https:\/\/loudavymkrokem.cz\/wp-content\/uploads\/2026\/04\/prazsky-orloj-4046.jpg\" alt=\"Pra\u017esk\u00fd orloj\" class=\"wp-image-151083\" title=\"\" srcset=\"https:\/\/loudavymkrokem.cz\/wp-content\/uploads\/2026\/04\/prazsky-orloj-4046.jpg 1200w, https:\/\/loudavymkrokem.cz\/wp-content\/uploads\/2026\/04\/prazsky-orloj-4046-300x200.jpg 300w, https:\/\/loudavymkrokem.cz\/wp-content\/uploads\/2026\/04\/prazsky-orloj-4046-700x467.jpg 700w, https:\/\/loudavymkrokem.cz\/wp-content\/uploads\/2026\/04\/prazsky-orloj-4046-768x512.jpg 768w, https:\/\/loudavymkrokem.cz\/wp-content\/uploads\/2026\/04\/prazsky-orloj-4046-696x464.jpg 696w\" sizes=\"auto, (max-width: 1200px) 100vw, 1200px\"><figcaption class=\"wp-element-caption\">Pra\u017esk\u00fd orloj na Staromestskom n\u00e1mest\u00ed<\/figcaption><\/figure>\n<h3 class=\"wp-block-heading\"><span class=\"ez-toc-section\" id=\"Vysehrad\"><\/span><span class=\"ez-toc-section\" id=\"Vysehrad\"><\/span>Vy\u0161ehrad<span class=\"ez-toc-section-end\"><\/span><span class=\"ez-toc-section-end\"><\/span><\/h3>\n<p><a href=\"https:\/\/www.praha-vysehrad.cz\" rel=\"nofollow noopener\" target=\"_blank\">Vy\u0161ehrad<\/a> je moja srdcov\u00e1 z\u00e1le\u017eitos\u0165 a miesto, kam pravidelne utek\u00e1m z pre\u013eudnen\u00e9ho centra. Pod\u013ea povest\u00ed ide o najstar\u0161ie s\u00eddlo \u010desk\u00fdch knie\u017eat, dnes je to roz\u013eahl\u00fd park obohnan\u00fd barokov\u00fdmi hradbami. N\u00e1jdete tu ohromuj\u00facu Baziliku sv. Petra a Pavla aj pri\u013eahl\u00fd cintor\u00edn Slav\u00edn, kde odpo\u010d\u00edvaj\u00fa najv\u00fdznamnej\u0161ie \u010desk\u00e9 osobnosti od Anton\u00edna Dvo\u0159\u00e1ka po Karla \u010capka.<\/p>\n<p>S Jon\u00e1\u0161om sme ocenili hlavne \u0161irok\u00e9 asfaltov\u00e9 cesty, kde sa skvele jazd\u00ed s ko\u010d\u00edkom, a roz\u013eahl\u00e9 tr\u00e1vniky ide\u00e1lne na piknik. Vstup do are\u00e1lu je zadarmo, plat\u00ed sa len drobn\u00e9 vstupn\u00e9 do baziliky (<strong>5 \u20ac<\/strong>) a do kazem\u00e1t. Dostanete sa sem <strong>metrom C<\/strong> na stanicu Vy\u0161ehrad a po desiatich min\u00fatach ch\u00f4dze ste pri br\u00e1nach. Podrobn\u00fd sprievodca n\u00e1jdete v \u010dl\u00e1nku <a href=\"https:\/\/loudavymkrokem.cz\/vysehrad\/\">Vy\u0161ehrad<\/a>. <strong>\ud83d\udca1 Tip od miestnej:<\/strong> Hradby pon\u00fakaj\u00fa jedny z najlep\u0161\u00edch v\u00fdh\u013eadov na Vltavu a Pra\u017esk\u00fd hrad. K\u00fapte si k\u00e1vu so sebou v kaviarni \u010cek\u00e1rna pod Vy\u0161ehradom a vypite si ju hore na hradb\u00e1ch pri tehlov\u00fdch ba\u0161t\u00e1ch.<\/p>\n<figure class=\"wp-block-image size-full\"><img loading=\"lazy\" decoding=\"async\" width=\"1200\" height=\"800\" src=\"https:\/\/loudavymkrokem.cz\/wp-content\/uploads\/2026\/04\/vysehrad-4319.jpg\" alt=\"V\u00fdh\u013ead z Vy\u0161ehradu\" class=\"wp-image-151146\" title=\"\" srcset=\"https:\/\/loudavymkrokem.cz\/wp-content\/uploads\/2026\/04\/vysehrad-4319.jpg 1200w, https:\/\/loudavymkrokem.cz\/wp-content\/uploads\/2026\/04\/vysehrad-4319-300x200.jpg 300w, https:\/\/loudavymkrokem.cz\/wp-content\/uploads\/2026\/04\/vysehrad-4319-700x467.jpg 700w, https:\/\/loudavymkrokem.cz\/wp-content\/uploads\/2026\/04\/vysehrad-4319-768x512.jpg 768w, https:\/\/loudavymkrokem.cz\/wp-content\/uploads\/2026\/04\/vysehrad-4319-696x464.jpg 696w\" sizes=\"auto, (max-width: 1200px) 100vw, 1200px\"><figcaption class=\"wp-element-caption\">V\u00fdh\u013ead z Vy\u0161ehradu<\/figcaption><\/figure>\n<h3 class=\"wp-block-heading\"><span class=\"ez-toc-section\" id=\"Petrin_a_rozhladna\"><\/span><span class=\"ez-toc-section\" id=\"Petrin_a_rozhladna\"><\/span>Pet\u0159\u00edn a rozh\u013ead\u0148a<span class=\"ez-toc-section-end\"><\/span><span class=\"ez-toc-section-end\"><\/span><\/h3>\n<p>Zelen\u00fd kopec t\u00fd\u010diaci sa nad Malou Stranou je celoro\u010dn\u00fdm \u00fato\u010diskom pre t\u00fdch, ktor\u00ed chc\u00fa vymeni\u0165 dla\u017eobn\u00e9 kocky za hlinu a stromy. Na jeho vrchole stoj\u00ed <a href=\"https:\/\/www.prague.eu\/cs\/objekt\/mista\/116\/petrinska-rozhledna\" rel=\"nofollow noopener\" target=\"_blank\">Pet\u0159\u00ednska rozh\u013ead\u0148a<\/a>, zmen\u0161en\u00e1 k\u00f3pia par\u00ed\u017eskej Eiffelovky z roku 1891, a k\u00fasok od nej popul\u00e1rne Zrkadlov\u00e9 bludisko.<\/p>\n<p>Lanovka na Pet\u0159\u00edn prech\u00e1dza v roku 2026 rekon\u0161trukciou, tak\u017ee sa hore dostanete najlep\u0161ie elektri\u010dkou 22 na zast\u00e1vku Poho\u0159elec a odtia\u013e pr\u00edjemnou prech\u00e1dzkou z kopca, pr\u00edpadne pe\u0161o cez Strahovsk\u00e9 z\u00e1hrady. Vstup na rozh\u013ead\u0148u stoj\u00ed <strong>9 \u20ac<\/strong> a otv\u00e1racie hodiny s\u00fa v sez\u00f3ne od 9:00 do 20:00. Pre\u010d\u00edtajte si viac v \u010dl\u00e1nku <a href=\"https:\/\/loudavymkrokem.cz\/petrin-prazska-rozhledna\/\">Pet\u0159\u00edn a rozh\u013ead\u0148a<\/a>. <strong>\ud83d\udca1 Tip od miestnej:<\/strong> Vyhnite sa hlavn\u00fdm asfaltov\u00fdm cest\u00e1m a prejdite sa Kinsk\u00e9ho z\u00e1hradou na ju\u017enom svahu Pet\u0159\u00edna. S\u00fa tam n\u00e1dhern\u00e9 jazierka, dreven\u00fd karpatsk\u00fd kostol\u00edk a minimum \u013eud\u00ed.<\/p>\n<figure class=\"wp-block-image size-full\"><img loading=\"lazy\" decoding=\"async\" width=\"2000\" height=\"1333\" src=\"https:\/\/loudavymkrokem.cz\/wp-content\/uploads\/2023\/07\/petrinska-rozhledna-praha.jpg\" alt=\"Pet\u0159\u00ednska rozh\u013ead\u0148a v Prahe\" class=\"wp-image-62965\" title=\"\" srcset=\"https:\/\/loudavymkrokem.cz\/wp-content\/uploads\/2023\/07\/petrinska-rozhledna-praha.jpg 2000w, https:\/\/loudavymkrokem.cz\/wp-content\/uploads\/2023\/07\/petrinska-rozhledna-praha-300x200.jpg 300w, https:\/\/loudavymkrokem.cz\/wp-content\/uploads\/2023\/07\/petrinska-rozhledna-praha-700x467.jpg 700w, https:\/\/loudavymkrokem.cz\/wp-content\/uploads\/2023\/07\/petrinska-rozhledna-praha-768x512.jpg 768w, https:\/\/loudavymkrokem.cz\/wp-content\/uploads\/2023\/07\/petrinska-rozhledna-praha-1536x1024.jpg 1536w, https:\/\/loudavymkrokem.cz\/wp-content\/uploads\/2023\/07\/petrinska-rozhledna-praha-696x464.jpg 696w, https:\/\/loudavymkrokem.cz\/wp-content\/uploads\/2023\/07\/petrinska-rozhledna-praha-1392x928.jpg 1392w, https:\/\/loudavymkrokem.cz\/wp-content\/uploads\/2023\/07\/petrinska-rozhledna-praha-1920x1280.jpg 1920w\" sizes=\"auto, (max-width: 2000px) 100vw, 2000px\"><figcaption class=\"wp-element-caption\">Pet\u0159\u00edn<\/figcaption><\/figure>\n<div class=\"lk-zazitky-module\">\n<style>\n.lk-zazitky-module * { box-sizing: border-box; margin: 0; padding: 0; }\n.lk-zazitky-module {\n  font-family: 'DM Sans', Georgia, sans-serif;\n  max-width: 100%;\n  margin: 2.5rem auto;\n  background: linear-gradient(135deg, #fdf6f3 0%, #fbede7 100%);\n  border: 1px solid #f0d9cc;\n  border-radius: 16px;\n  overflow: hidden;\n  box-shadow: 0 16px 48px rgba(217, 119, 87, 0.18), 0 4px 12px rgba(0,0,0,0.06);\n}\n.lk-zazitky-header {\n  position: relative;\n  padding: 24px 32px;\n  background: linear-gradient(135deg, #d97757 0%, #c46b4b 60%, #d97757 100%);\n  display: flex;\n  align-items: center;\n  gap: 18px;\n}\n.lk-zazitky-header::before {\n  content: '';\n  position: absolute;\n  inset: 0;\n  background: url(\"data:image\/svg+xml,%3Csvg width='60' height='60' viewBox='0 0 60 60' xmlns='http:\/\/www.w3.org\/2000\/svg'%3E%3Cg fill='none' fill-rule='evenodd'%3E%3Cg fill='%23ffffff' fill-opacity='0.05'%3E%3Cpath d='M36 34v-4h-2v4h-4v2h4v4h2v-4h4v-2h-4zm0-30V0h-2v4h-4v2h4v4h2V6h4V4h-4zM6 34v-4H4v4H0v2h4v4h2v-4h4v-2H6zM6 4V0H4v4H0v2h4v4h2V6h4V4H6z'\/%3E%3C\/g%3E%3C\/g%3E%3C\/svg%3E\") repeat;\n  pointer-events: none;\n}\n.lk-zazitky-header img {\n  width: 64px; height: 64px; border-radius: 12px; flex-shrink: 0;\n  object-fit: cover; box-shadow: 0 4px 12px rgba(0,0,0,0.18); position: relative; z-index: 1;\n}\n.lk-zazitky-header-text { position: relative; z-index: 1; }\n.lk-zazitky-eyebrow {\n  font-size: 10px; font-weight: 600; letter-spacing: 2.5px; text-transform: uppercase;\n  color: rgba(255,255,255,.92); margin-bottom: 5px;\n}\n.lk-zazitky-title {\n  font-family: 'Playfair Display', Georgia, serif;\n  font-size: 24px; font-weight: 700; color: #fff; line-height: 1.2;\n  text-shadow: 0 1px 2px rgba(0,0,0,0.12);\n}\n.lk-zazitky-subtitle {\n  font-size: 13px; color: rgba(255,255,255,.85); margin-top: 4px; font-weight: 300;\n}\n.lk-zazitky-grid {\n  display: grid;\n  grid-template-columns: 1fr 1fr 1fr;\n  gap: 1px;\n  background: rgba(217, 119, 87, 0.12);\n}\n.lk-zazitek-card {\n  background: #ffffff; padding: 22px; display: flex; flex-direction: column; gap: 11px;\n  transition: all 0.3s ease; text-decoration: none; color: inherit; position: relative;\n}\n.lk-zazitek-card:hover {\n  background: #fffaf7; transform: translateY(-2px);\n  box-shadow: 0 8px 24px rgba(217, 119, 87, 0.15); z-index: 1;\n}\n.lk-zazitek-card.is-category {\n  background: linear-gradient(135deg, #fffaf7 0%, #fff3eb 100%);\n  box-shadow: inset 0 1px 0 rgba(217, 119, 87, 0.1);\n}\n.lk-zazitek-card.is-category:hover {\n  background: linear-gradient(135deg, #fff7f2 0%, #ffeee3 100%);\n}\n.lk-zazitek-badge {\n  display: inline-flex; align-items: center; gap: 5px;\n  font-size: 10px; font-weight: 600; letter-spacing: 1.5px; text-transform: uppercase;\n  padding: 5px 11px; border-radius: 20px; width: fit-content;\n  background: rgba(217, 119, 87, 0.10); color: #c46b4b; border: 1px solid rgba(217, 119, 87, 0.22);\n}\n.lk-zazitek-card.is-category .lk-zazitek-badge {\n  background: linear-gradient(135deg, #d97757 0%, #c46b4b 100%); color: #fff;\n  border-color: #c46b4b; box-shadow: 0 2px 8px rgba(217, 119, 87, 0.28);\n}\n.lk-zazitek-name {\n  font-family: 'Playfair Display', Georgia, serif;\n  font-size: 17px; font-weight: 700; color: #111827; line-height: 1.3;\n}\n.lk-zazitek-desc {\n  font-size: 13px; color: #525252; line-height: 1.6; font-weight: 300; flex: 1;\n}\n.lk-zazitek-meta { display: flex; align-items: center; gap: 12px; flex-wrap: wrap; margin-top: 4px; }\n.lk-zazitek-price { font-size: 13px; color: #6b7280; }\n.lk-zazitek-price strong { color: #c46b4b; font-weight: 600; }\n.lk-zazitek-cta {\n  display: inline-flex; align-items: center; justify-content: center; gap: 7px;\n  margin-top: 8px; padding: 11px 16px; border-radius: 8px;\n  background: linear-gradient(135deg, #d97757 0%, #c46b4b 100%);\n  color: #fff; font-size: 13px; font-weight: 500; text-decoration: none;\n  letter-spacing: .3px; transition: all .2s ease; cursor: pointer; border: none;\n  text-align: center; box-shadow: 0 4px 12px rgba(217, 119, 87, 0.28);\n  white-space: nowrap;\n}\n.lk-zazitek-cta:hover {\n  background: linear-gradient(135deg, #c46b4b 0%, #b35e3f 100%);\n  transform: translateY(-1px); box-shadow: 0 6px 16px rgba(217, 119, 87, 0.38);\n}\n.lk-zazitek-card.is-category .lk-zazitek-cta {\n  background: linear-gradient(135deg, #3685fc 0%, #2a6fd9 100%);\n  box-shadow: 0 4px 12px rgba(54, 133, 252, 0.22);\n}\n.lk-zazitek-card.is-category .lk-zazitek-cta:hover {\n  background: linear-gradient(135deg, #2a6fd9 0%, #1e5bc4 100%);\n  box-shadow: 0 6px 16px rgba(54, 133, 252, 0.32);\n}\n.lk-zazitky-footer {\n  padding: 16px 32px;\n  background: linear-gradient(to bottom, #fdf6f3 0%, #f9eae2 100%);\n  border-top: 1px solid rgba(217, 119, 87, 0.18);\n  display: flex; align-items: center; justify-content: center; flex-wrap: wrap; gap: 12px;\n}\n.lk-zazitky-discount {\n  display: inline-flex; align-items: center; gap: 8px;\n  font-size: 13px; color: #6b3a26; font-weight: 500;\n}\n.lk-zazitky-discount-code {\n  font-family: 'Courier New', monospace; font-weight: 700; color: #c46b4b;\n  background: rgba(217, 119, 87, 0.12); padding: 4px 10px; border-radius: 6px;\n  letter-spacing: 1px; font-size: 13px;\n}\n.lk-zazitky-disclaimer {\n  font-size: 11px; color: #8a6e60; font-weight: 300; line-height: 1.5;\n}\n.lk-zazitky-disclaimer a { color: #c46b4b; text-decoration: none; }\n.lk-zazitky-disclaimer a:hover { text-decoration: underline; }\n@media (max-width: 720px) {\n  .lk-zazitky-grid { grid-template-columns: 1fr; }\n  .lk-zazitky-header { padding: 20px 18px; }\n  .lk-zazitky-footer { padding: 14px 18px; }\n  .lk-zazitek-card { padding: 20px; }\n  .lk-zazitky-title { font-size: 20px; }\n}\n<\/style>\n<div class=\"lk-zazitky-header\">\n    <img decoding=\"async\" src=\"https:\/\/loudavymkrokem.cz\/wp-content\/uploads\/2026\/02\/lukas-a-lucka.jpg\" alt=\"Luk\u00e1\u0161 a Lucie\" title=\"\"><\/p>\n<div class=\"lk-zazitky-header-text\">\n<div class=\"lk-zazitky-eyebrow\">Tip Luk\u00e1\u0161a a Lucie<\/div>\n<div class=\"lk-zazitky-title\">Za\u017eite Prahu inak<\/div>\n<div class=\"lk-zazitky-subtitle\">3 overen\u00e9 tipy so z\u013eavou 5 % od partnera Firma na z\u00e1\u017eitky<\/div>\n<\/p><\/div>\n<\/p><\/div>\n<div class=\"lk-zazitky-grid\">\n<p>    <a class=\"lk-zazitek-card\" href=\"https:\/\/www.firmanazazitky.cz\/plavba-po-vltave-s-obedem?utm_source=loudavymkrokem&amp;utm_medium=referral&amp;utm_campaign=nejkrasnejsi-pamatky-v-praze-20-mist-ktera-musite-videt-2026&amp;utm_content=zazitek-1\" target=\"_blank\" rel=\"nofollow noopener sponsored\"><br \/>\n      <span class=\"lk-zazitek-badge\">\ud83d\udee5 Plavba<\/span><\/p>\n<div class=\"lk-zazitek-name\">Plavba po Vltave s obedom<\/div>\n<div class=\"lk-zazitek-desc\">Romantick\u00fd v\u00fdh\u013ead na pra\u017esk\u00e9 pamiatky z paluby lode \u2013 Karlov most aj Hrad\u010dany na dosah, obed pre dvoch v cene.<\/div>\n<div class=\"lk-zazitek-meta\">\n        <span class=\"lk-zazitek-price\">od <strong>84 \u20ac<\/strong><\/span>\n      <\/div>\n<p>      <span class=\"lk-zazitek-cta\"><br \/>\n        <svg width=\"14\" height=\"14\" viewBox=\"0 0 24 24\" fill=\"none\" stroke=\"currentColor\" stroke-width=\"2\"><path d=\"M18 13v6a2 2 0 0 1-2 2H5a2 2 0 0 1-2-2V8a2 2 0 0 1 2-2h6\"\/><polyline points=\"15 3 21 3 21 9\"\/><line x1=\"10\" y1=\"14\" x2=\"21\" y2=\"3\"\/><\/svg><br \/>\n        Rezervova\u0165 so z\u013eavou<br \/>\n      <\/span><br \/>\n    <\/a><\/p>\n<p>    <a class=\"lk-zazitek-card\" href=\"https:\/\/www.firmanazazitky.cz\/prazske-vyhlidky-na-elektrokolobezkach?utm_source=loudavymkrokem&amp;utm_medium=referral&amp;utm_campaign=nejkrasnejsi-pamatky-v-praze-20-mist-ktera-musite-videt-2026&amp;utm_content=zazitek-2\" target=\"_blank\" rel=\"nofollow noopener sponsored\"><br \/>\n      <span class=\"lk-zazitek-badge\">\ud83d\udef4 Z\u00e1\u017eitok<\/span><\/p>\n<div class=\"lk-zazitek-name\">Pra\u017esk\u00e9 vyhliadky na elektrokolobe\u017ek\u00e1ch<\/div>\n<div class=\"lk-zazitek-desc\">Prejazdite 20 najkraj\u0161\u00edch miest Prahy hravo a bez potu \u2013 sprievodca v\u00e1s zavezie na vyhliadky, kam turisti nestihn\u00fa d\u00f4js\u0165.<\/div>\n<div class=\"lk-zazitek-meta\">\n        <span class=\"lk-zazitek-price\">od <strong>44 \u20ac<\/strong><\/span>\n      <\/div>\n<p>      <span class=\"lk-zazitek-cta\"><br \/>\n        <svg width=\"14\" height=\"14\" viewBox=\"0 0 24 24\" fill=\"none\" stroke=\"currentColor\" stroke-width=\"2\"><path d=\"M18 13v6a2 2 0 0 1-2 2H5a2 2 0 0 1-2-2V8a2 2 0 0 1 2-2h6\"\/><polyline points=\"15 3 21 3 21 9\"\/><line x1=\"10\" y1=\"14\" x2=\"21\" y2=\"3\"\/><\/svg><br \/>\n        Rezervova\u0165 so z\u013eavou<br \/>\n      <\/span><br \/>\n    <\/a><\/p>\n<p>    <a class=\"lk-zazitek-card is-category\" href=\"https:\/\/www.firmanazazitky.cz\/praha\/?utm_source=loudavymkrokem&amp;utm_medium=referral&amp;utm_campaign=nejkrasnejsi-pamatky-v-praze-20-mist-ktera-musite-videt-2026&amp;utm_content=kategorie\" target=\"_blank\" rel=\"nofollow noopener sponsored\"><br \/>\n      <span class=\"lk-zazitek-badge\">\u2b50 V\u0161etko<\/span><\/p>\n<div class=\"lk-zazitek-name\">V\u0161etky z\u00e1\u017eitky v Prahe<\/div>\n<div class=\"lk-zazitek-desc\">Stovky pra\u017esk\u00fdch z\u00e1\u017eitkov na jednom mieste \u2013 od plavieb a letov po gastron\u00f3miu a wellness.<\/div>\n<p>      <span class=\"lk-zazitek-cta\"><br \/>\n        Prezera\u0165 z\u00e1\u017eitky<br \/>\n        <svg width=\"12\" height=\"12\" viewBox=\"0 0 24 24\" fill=\"none\" stroke=\"currentColor\" stroke-width=\"2.5\"><polyline points=\"9 18 15 12 9 6\"\/><\/svg><br \/>\n      <\/span><br \/>\n    <\/a><\/p><\/div>\n<div class=\"lk-zazitky-footer\">\n    <span class=\"lk-zazitky-discount\"><br \/>\n      \u2b50 Z\u013eava 5 % s k\u00f3dom<br \/>\n      <span class=\"lk-zazitky-discount-code\">LOUDAVYMKROKEM5<\/span><br \/>\n    <\/span>\n  <\/div>\n<\/div>\n<h2 class=\"wp-block-heading\"><span class=\"ez-toc-section\" id=\"Sakralne_skvosty_a_duchovne_centra\"><\/span><span class=\"ez-toc-section\" id=\"Sakralne_skvosty_a_duchovne_centra\"><\/span>Sakr\u00e1lne skvosty a duchovn\u00e9 centr\u00e1<span class=\"ez-toc-section-end\"><\/span><span class=\"ez-toc-section-end\"><\/span><\/h2>\n<p>Cirkevn\u00e9 stavby v Prahe nie s\u00fa len pre veriacich. S\u00fa to gal\u00e9rie dobov\u00e9ho umenia, uk\u00e1\u017eky majstrovsk\u00e9ho in\u017einierstva a \u010dasto aj miesta s neuverite\u013enou akustikou. Ak v\u00e1s zauj\u00edma hlb\u0161\u00ed kontext, ur\u010dite mrknite na n\u00e1\u0161 preh\u013ead <a href=\"https:\/\/loudavymkrokem.cz\/prazske-kostely-a-synagogy\/\">Pra\u017esk\u00e9 kostoly a synag\u00f3gy<\/a>.<\/p>\n<h3 class=\"wp-block-heading\"><span class=\"ez-toc-section\" id=\"Tynsky_chram\"><\/span><span class=\"ez-toc-section\" id=\"Tynsky_chram\"><\/span>T\u00fdnsky chr\u00e1m<span class=\"ez-toc-section-end\"><\/span><span class=\"ez-toc-section-end\"><\/span><\/h3>\n<p>Chr\u00e1m Matky Bo\u017eej pred T\u00fdnom, s jeho ikonick\u00fdmi asymetrick\u00fdmi ve\u017eami, dominuje Staromestsk\u00e9mu n\u00e1mestiu hne\u010f ved\u013ea radnice. Je to fascinuj\u00faca gotick\u00e1 stavba, ktorej interi\u00e9r nesk\u00f4r pre\u0161iel barokov\u00fdmi \u00fapravami. Vn\u00fatri sa nach\u00e1dza hrobka d\u00e1nskeho astron\u00f3ma Tycha Braha.<\/p>\n<p>Hoci je chr\u00e1m obrovsk\u00fd, n\u00e1js\u0165 do\u0148 vchod b\u00fdva pre mnoh\u00fdch \u013eud\u00ed orie\u0161ok, preto\u017ee je schovan\u00fd za podl\u00fab\u00edm domov na n\u00e1mest\u00ed. Vstupn\u00e9 je dobrovo\u013en\u00e9 (odpor\u00fa\u010da sa pr\u00edspevok 2 \u20ac) a otvoren\u00e9 b\u00fdva zvy\u010dajne od utorka do nedele, s pauzou cez poludnie. <strong>\ud83d\udca1 Tip od miestnej:<\/strong> V\u0161imnite si, \u017ee prav\u00e1 ve\u017ea (zvan\u00e1 Adam) je o nie\u010do \u0161ir\u0161ia a mohutnej\u0161ia ne\u017e \u013eav\u00e1 (Eva). Z\u00e1mern\u00e1 asymetria bola v gotike be\u017en\u00e1 a symbolizovala mu\u017esk\u00fd a \u017eensk\u00fd princ\u00edp.<\/p>\n<h3 class=\"wp-block-heading\"><span class=\"ez-toc-section\" id=\"Kostol_sv_Mikulasa_na_Malej_Strane\"><\/span><span class=\"ez-toc-section\" id=\"Kostol_sv_Mikulasa_na_Malej_Strane\"><\/span>Kostol sv. Mikul\u00e1\u0161a na Malej Strane<span class=\"ez-toc-section-end\"><\/span><span class=\"ez-toc-section-end\"><\/span><\/h3>\n<p>Dielo otca a syna Dientzenhoferov\u00fdch je absol\u00fatnym vrcholom pra\u017esk\u00e9ho baroka a \u00faprimne, t\u00e1 obrovsk\u00e1 kupola s freskami ma dodnes trochu hypnotizuje \u2013 v\u017edy sa zastav\u00edm a len z\u00edzam nahor, aj ke\u010f tam chod\u00edm post\u00fd raz. Navy\u0161e tu kedysi hr\u00e1val na organ s\u00e1m Mozart, \u010do cel\u00e9 miesto pos\u00fava na in\u00fa \u00farove\u0148. \ud83d\ude01<\/p>\n<p>Interi\u00e9r je n\u00e1dhern\u00e9 presvetlen\u00fd a ka\u017ed\u00fd k\u00fasok v\u00fdzdoby tu m\u00e1 svoje jasn\u00e9 miesto. Vstupn\u00e9 je <strong>5 \u20ac<\/strong> a otvoren\u00e9 je denne od 9:00 do 17:00. Priamo pred kostolom stavia elektri\u010dka na zast\u00e1vke Malostransk\u00e9 n\u00e1mestie, \u010do je obrovsk\u00e1 v\u00fdhoda, ak u\u017e m\u00e1te unaven\u00e9 nohy. <strong>\ud83d\udca1 Tip od miestnej:<\/strong> Za zvl\u00e1\u0161tne vstupn\u00e9 m\u00f4\u017eete vyst\u00fapi\u0165 do pri\u013eahlej zvonice. Po\u010das minul\u00e9ho re\u017eimu sl\u00fa\u017eila ako pozorovate\u013e\u0148a \u0160t\u00e1tnej bezpe\u010dnosti, z ktorej monitorovali z\u00e1padn\u00e9 ambas\u00e1dy v okol\u00ed.<\/p>\n<figure class=\"wp-block-image size-full\"><img loading=\"lazy\" decoding=\"async\" width=\"1200\" height=\"800\" src=\"https:\/\/loudavymkrokem.cz\/wp-content\/uploads\/2023\/07\/prazsky-hrad-4173.jpg\" alt=\"Panor\u00e1ma Prahy s kostolom sv. Mikul\u00e1\u0161a\" class=\"wp-image-151121\" title=\"\" srcset=\"https:\/\/loudavymkrokem.cz\/wp-content\/uploads\/2023\/07\/prazsky-hrad-4173.jpg 1200w, https:\/\/loudavymkrokem.cz\/wp-content\/uploads\/2023\/07\/prazsky-hrad-4173-300x200.jpg 300w, https:\/\/loudavymkrokem.cz\/wp-content\/uploads\/2023\/07\/prazsky-hrad-4173-700x467.jpg 700w, https:\/\/loudavymkrokem.cz\/wp-content\/uploads\/2023\/07\/prazsky-hrad-4173-768x512.jpg 768w, https:\/\/loudavymkrokem.cz\/wp-content\/uploads\/2023\/07\/prazsky-hrad-4173-696x464.jpg 696w\" sizes=\"auto, (max-width: 1200px) 100vw, 1200px\"><figcaption class=\"wp-element-caption\">Pet\u0159\u00edn<\/figcaption><\/figure>\n<h3 class=\"wp-block-heading\"><span class=\"ez-toc-section\" id=\"Loreta\"><\/span><span class=\"ez-toc-section\" id=\"Loreta\"><\/span>Loreta<span class=\"ez-toc-section-end\"><\/span><span class=\"ez-toc-section-end\"><\/span><\/h3>\n<p>Hrad\u010dansk\u00e1 Loreta je p\u00fatnick\u00e9 miesto s unik\u00e1tnou atmosf\u00e9rou, ktor\u00e9mu dominuje presl\u00e1ven\u00e1 zvonkohra. Ka\u017ed\u00fa cel\u00fa hodinu sa n\u00e1dvor\u00edm rozoznie mel\u00f3dia Mari\u00e1nskej piesne, ktor\u00fa hr\u00e1 27 zvonov z konca sedemn\u00e1steho storo\u010dia. Komplex zah\u0155\u0148a k\u00f3piu Sv\u00e4tej chy\u017ee, barokov\u00fd Kostol Narodenia P\u00e1na a klenotnicu, kde je vystaven\u00e9 Pra\u017esk\u00e9 slnko \u2013 mon\u0161trancia osaden\u00e1 viac ne\u017e \u0161es\u0165tis\u00edc diamantmi.<\/p>\n<p>Z\u00e1\u017eitkom je aj samotn\u00e1 prech\u00e1dzka malebn\u00fdm okol\u00edm. Pln\u00e9 vstupn\u00e9 je <strong>9 \u20ac<\/strong>, otvoren\u00e9 maj\u00fa denne okrem pondelka od 10:00 do 17:00. Podrobnej\u0161ie sa okoliu venujeme v \u010dl\u00e1nku <a href=\"https:\/\/loudavymkrokem.cz\/strahov-loreta-hradcany\/\">Strahov a Loreta<\/a>. <strong>\ud83d\udca1 Tip od miestnej:<\/strong> Klenotnica b\u00fdva v lete pr\u00edjemne chladn\u00e1. Na n\u00e1dvor\u00ed si prejdite ambity s freskami, ktor\u00e9 rozpr\u00e1vaj\u00fa dos\u0165 brut\u00e1lne pr\u00edbehy mu\u010den\u00edkov \u2013 zauj\u00edmav\u00fd kontrast k inak pokojn\u00e9mu miestu.<\/p>\n<figure class=\"wp-block-image size-full\"><img loading=\"lazy\" decoding=\"async\" width=\"2000\" height=\"1500\" src=\"https:\/\/loudavymkrokem.cz\/wp-content\/uploads\/2023\/07\/prazska-loreta-praha.jpg\" alt=\"Pra\u017esk\u00e1 Loreta \u2013 barokov\u00e1 pamiatka a p\u00fatnick\u00e9 miesto\" class=\"wp-image-62983\" title=\"\" srcset=\"https:\/\/loudavymkrokem.cz\/wp-content\/uploads\/2023\/07\/prazska-loreta-praha.jpg 2000w, https:\/\/loudavymkrokem.cz\/wp-content\/uploads\/2023\/07\/prazska-loreta-praha-300x225.jpg 300w, https:\/\/loudavymkrokem.cz\/wp-content\/uploads\/2023\/07\/prazska-loreta-praha-700x525.jpg 700w, https:\/\/loudavymkrokem.cz\/wp-content\/uploads\/2023\/07\/prazska-loreta-praha-768x576.jpg 768w, https:\/\/loudavymkrokem.cz\/wp-content\/uploads\/2023\/07\/prazska-loreta-praha-1536x1152.jpg 1536w, https:\/\/loudavymkrokem.cz\/wp-content\/uploads\/2023\/07\/prazska-loreta-praha-696x522.jpg 696w, https:\/\/loudavymkrokem.cz\/wp-content\/uploads\/2023\/07\/prazska-loreta-praha-1392x1044.jpg 1392w, https:\/\/loudavymkrokem.cz\/wp-content\/uploads\/2023\/07\/prazska-loreta-praha-1920x1440.jpg 1920w\" sizes=\"auto, (max-width: 2000px) 100vw, 2000px\"><figcaption class=\"wp-element-caption\">Pra\u017esk\u00e1 Loreta \u2013 pozoruhodn\u00e1 barokov\u00e1 historick\u00e1 pamiatka a p\u00fatnick\u00e9 miesto s podmanivou hist\u00f3riou.<\/figcaption><\/figure>\n<h3 class=\"wp-block-heading\"><span class=\"ez-toc-section\" id=\"Strahovsky_klastor\"><\/span><span class=\"ez-toc-section\" id=\"Strahovsky_klaster\"><\/span>Strahovsk\u00fd kl\u00e1\u0161tor<span class=\"ez-toc-section-end\"><\/span><span class=\"ez-toc-section-end\"><\/span><\/h3>\n<p>Len p\u00e1r krokov od Lorety sa nach\u00e1dza premon\u0161tr\u00e1tsky Strahovsk\u00fd kl\u00e1\u0161tor. Jeho najv\u00e4\u010d\u0161\u00edm l\u00e1kadlom je ohromuj\u00faca kni\u017enica rozdelen\u00e1 na Filozofick\u00fd a Teologick\u00fd s\u00e1l. Dreven\u00e9 vyrez\u00e1van\u00e9 reg\u00e1ly, star\u00e9 gl\u00f3busy a stropn\u00e9 fresky vyzeraj\u00fa, akoby vypadli z filmov o Harrym Potterovi.<\/p>\n<p>Ke\u010f tu stoj\u00edte v podve\u010dernom tichu, d\u00fdchne na v\u00e1s t\u00e1 prav\u00e1 historick\u00e1 atmosf\u00e9ra. L\u00edstok do kni\u017enice stoj\u00ed <strong>6 \u20ac<\/strong>, otvoren\u00e9 je denne od 9:00 do 17:00 (s polud\u0148aj\u0161ou pauzou). Hore sa dostanete elektri\u010dkou 22 na zast\u00e1vku Poho\u0159elec. <strong>\ud83d\udca1 Tip od miestnej:<\/strong> Mn\u00edsi tu u\u017e po st\u00e1ro\u010dia varia pivo. Kl\u00e1\u0161torn\u00fd pivovar Strahov hne\u010f ved\u013ea n\u00e1dvoria pon\u00faka v\u00fdborn\u00fd polotmav\u00fd \u0161peci\u00e1l sv. Norbert. Maj\u00fa tam aj skvel\u00e9 vegetari\u00e1nske varianty jed\u00e1l, tak\u017ee sa tam rada vraciam.<\/p>\n<figure class=\"wp-block-image size-full\"><img decoding=\"async\" src=\"https:\/\/loudavymkrokem.cz\/wp-content\/uploads\/2023\/07\/strahovsky-klaster-praha.jpg\" alt=\"Strahovsk\u00fd kl\u00e1\u0161tor v Prahe s \u010derven\u00fdmi strechami a parkami\" class=\"wp-image-73455\" title=\"\"><figcaption class=\"wp-element-caption\">Poh\u013ead na Strahovsk\u00fd kl\u00e1\u0161tor v Prahe<\/figcaption><\/figure>\n<h2 class=\"wp-block-heading\"><span class=\"ez-toc-section\" id=\"Zidovske_mesto_Josefov\"><\/span><span class=\"ez-toc-section\" id=\"Zidovske_mesto_Josefov\"><\/span>\u017didovsk\u00e9 mesto: Josefov<span class=\"ez-toc-section-end\"><\/span><span class=\"ez-toc-section-end\"><\/span><\/h2>\n<p>Josefov je jedna z t\u00fdch \u0161tvrt\u00ed, kde mi pri ka\u017edej n\u00e1v\u0161teve d\u00f4jde dych \u2014 nie z architekt\u00fary, ale z toho, \u010do sa tu odohralo. V\u00e4\u010d\u0161ina p\u00f4vodn\u00e9ho ghetta bola na prelome 19. a 20. storo\u010dia asanovan\u00e1, ale tie najcennej\u0161ie pamiatky zostali zachovan\u00e9. Odpor\u00fa\u010dam zak\u00fapi\u0165 spolo\u010dn\u00fa vstupenku \u017didovsk\u00e9ho m\u00fazea. Pre \u0161ir\u0161\u00ed kontext si pre\u010d\u00edtajte sprievodcu <a href=\"https:\/\/loudavymkrokem.cz\/josefov-zidovska-ctvrt-praha\/\">Josefov a \u017eidovsk\u00e1 \u0161tvr\u0165<\/a>.<\/p>\n<h3 class=\"wp-block-heading\"><span class=\"ez-toc-section\" id=\"Staronova_synagoga\"><\/span><span class=\"ez-toc-section\" id=\"Staronova_synagoga\"><\/span>Staronov\u00e1 synag\u00f3ga<span class=\"ez-toc-section-end\"><\/span><span class=\"ez-toc-section-end\"><\/span><\/h3>\n<p>Jedna z najstar\u0161\u00edch funguj\u00facich synag\u00f3g v Eur\u00f3pe poch\u00e1dza z trin\u00e1steho storo\u010dia. Na rozdiel od mnoh\u00fdch in\u00fdch pra\u017esk\u00fdch stavieb si zachovala svoj p\u00f4vodn\u00fd ranej gotick\u00fd r\u00e1z. Je opraden\u00e1 legendami, z ktor\u00fdch tou najzn\u00e1mej\u0161ou je pr\u00edbeh o Golemovi, ktor\u00e9ho vraj rabi L\u00f6w ulo\u017eil na p\u00f4jde synag\u00f3gy.<\/p>\n<p>Interi\u00e9r je temnej\u0161\u00ed, stroh\u00fd a hlboko p\u00f4sobiv\u00fd. Vstupenka sa kupuje bu\u010f samostatne za <strong>11 \u20ac<\/strong>, alebo ako s\u00fa\u010das\u0165 roz\u0161\u00edren\u00e9ho okruhu. Otvoren\u00e9 je denne okrem sob\u00f4t a \u017eidovsk\u00fdch sviatkov. <strong>\ud83d\udca1 Tip od miestnej:<\/strong> V\u0161imnite si drobn\u00e9 okn\u00e1 v sten\u00e1ch. V minulosti nimi bohoslu\u017ebu sledovali \u017eeny, ktor\u00e9 mali do hlavn\u00e9ho s\u00e1lu zak\u00e1zan\u00fd pr\u00edstup a sedeli v pri\u013eahl\u00fdch pr\u00edstavb\u00e1ch.<\/p>\n<figure class=\"wp-block-image size-full\"><img loading=\"lazy\" decoding=\"async\" width=\"1200\" height=\"800\" src=\"https:\/\/loudavymkrokem.cz\/wp-content\/uploads\/2026\/04\/josefov-4070.jpg\" alt=\"\u017didovsk\u00e1 \u0161tvr\u0165 v Prahe\" class=\"wp-image-151145\" title=\"\" srcset=\"https:\/\/loudavymkrokem.cz\/wp-content\/uploads\/2026\/04\/josefov-4070.jpg 1200w, https:\/\/loudavymkrokem.cz\/wp-content\/uploads\/2026\/04\/josefov-4070-300x200.jpg 300w, https:\/\/loudavymkrokem.cz\/wp-content\/uploads\/2026\/04\/josefov-4070-700x467.jpg 700w, https:\/\/loudavymkrokem.cz\/wp-content\/uploads\/2026\/04\/josefov-4070-768x512.jpg 768w, https:\/\/loudavymkrokem.cz\/wp-content\/uploads\/2026\/04\/josefov-4070-696x464.jpg 696w\" sizes=\"auto, (max-width: 1200px) 100vw, 1200px\"><figcaption class=\"wp-element-caption\">\u017didovsk\u00e1 \u0161tvr\u0165 v Prahe<\/figcaption><\/figure>\n<h3 class=\"wp-block-heading\"><span class=\"ez-toc-section\" id=\"Stary_zidovsky_cintorin\"><\/span><span class=\"ez-toc-section\" id=\"Stary_zidovsky_cintorin\"><\/span>Star\u00fd \u017eidovsk\u00fd cintor\u00edn<span class=\"ez-toc-section-end\"><\/span><span class=\"ez-toc-section-end\"><\/span><\/h3>\n<p>Prech\u00e1dzka t\u00fdmto cintor\u00ednom patr\u00ed k najsilnej\u0161\u00edm z\u00e1\u017eitkom. Kv\u00f4li nedostatku priestoru sa tu po st\u00e1ro\u010dia pochov\u00e1valo v nieko\u013ek\u00fdch vrstv\u00e1ch nad sebou, niekde ich je vraj a\u017e dvan\u00e1s\u0165. V\u00fdsledkom je fascinuj\u00faci zhluk viac ne\u017e dvan\u00e1s\u0165tis\u00edc naklonen\u00fdch kamenn\u00fdch n\u00e1hrobkov porasten\u00fdch bre\u010dtanom.<\/p>\n<p>N\u00e1jdete tu aj hrob rabiho L\u00f6wa, kam \u013eudia dodnes vkladaj\u00fa papieriky so svojimi prianiami. Pr\u00edstup je s\u00fa\u010das\u0165ou okruhu <a href=\"https:\/\/www.jewishmuseum.cz\" rel=\"nofollow noopener\" target=\"_blank\">\u017didovsk\u00e9ho m\u00fazea<\/a> (vstupenka <strong>22 \u20ac<\/strong>). Op\u00e4\u0165 d\u00e1va zmysel zaobstara\u0165 si l\u00edstky a pr\u00edpadne aj prehliadku vopred, napr\u00edklad <a href=\"https:\/\/www.getyourguide.com\/prague-l10\/?partner_id=MKZ64IS\" rel=\"nofollow noopener\" target=\"_blank\">rezerv\u00e1ciou cez GetYourGuide<\/a>. <strong>\ud83d\udca1 Tip od miestnej:<\/strong> Vstup na cintor\u00edn vedie cez Pinkasovu synag\u00f3gu, ktor\u00e1 sl\u00fa\u017ei ako pam\u00e4tn\u00edk obet\u00ed holokaustu. Steny pop\u00edsan\u00e9 menami obet\u00ed v\u00e1s prin\u00fatia k absol\u00fatnemu tichu e\u0161te pred samotn\u00fdm vstupom medzi n\u00e1hrobky.<\/p>\n<figure class=\"wp-block-image size-full\"><img loading=\"lazy\" decoding=\"async\" width=\"1200\" height=\"800\" src=\"https:\/\/loudavymkrokem.cz\/wp-content\/uploads\/2026\/04\/josefov-4058.jpg\" alt=\"\u0160panielska synag\u00f3ga\" class=\"wp-image-151139\" title=\"\" srcset=\"https:\/\/loudavymkrokem.cz\/wp-content\/uploads\/2026\/04\/josefov-4058.jpg 1200w, https:\/\/loudavymkrokem.cz\/wp-content\/uploads\/2026\/04\/josefov-4058-300x200.jpg 300w, https:\/\/loudavymkrokem.cz\/wp-content\/uploads\/2026\/04\/josefov-4058-700x467.jpg 700w, https:\/\/loudavymkrokem.cz\/wp-content\/uploads\/2026\/04\/josefov-4058-768x512.jpg 768w, https:\/\/loudavymkrokem.cz\/wp-content\/uploads\/2026\/04\/josefov-4058-696x464.jpg 696w\" sizes=\"auto, (max-width: 1200px) 100vw, 1200px\"><figcaption class=\"wp-element-caption\">\u0160panielska synag\u00f3ga v Prahe<\/figcaption><\/figure>\n<h3 class=\"wp-block-heading\"><span class=\"ez-toc-section\" id=\"Spanielska_synagoga\"><\/span><span class=\"ez-toc-section\" id=\"Spanielska_synagoga\"><\/span>\u0160panielska synag\u00f3ga<span class=\"ez-toc-section-end\"><\/span><span class=\"ez-toc-section-end\"><\/span><\/h3>\n<p>Ak je Staronov\u00e1 synag\u00f3ga uk\u00e1\u017ekou strohej gotiky, \u0160panielska synag\u00f3ga je jej presn\u00fdm opakom. Postaven\u00e1 v maurskom slohu v 19. storo\u010d\u00ed, vn\u00fatri \u017eiari zlatom, zlo\u017eit\u00fdmi geometrick\u00fdmi vzormi a vitr\u00e1\u017eami.<\/p>\n<p>Pripom\u00edna sk\u00f4r pal\u00e1ce v andal\u00fazskej Alhambra ne\u017e stredoeur\u00f3psku modliteb\u0148u. Aj ona spad\u00e1 pod okruh \u017didovsk\u00e9ho m\u00fazea a po ned\u00e1vnej rekon\u0161trukcii vyzer\u00e1 naprosto \u00fachvatne. Osobne t\u00fato zast\u00e1vku odpor\u00fa\u010dam v\u0161etk\u00fdm, \u010do maj\u00fa radi detailn\u00fa a bohato zdoben\u00fa architekt\u00faru. <strong>\ud83d\udca1 Tip od miestnej:<\/strong> Ve\u010der sa v synag\u00f3ge \u010dasto konaj\u00fa koncerty klasickej hudby. Akustika je tu v\u00fdborn\u00e1 a nasvieten\u00fd zlat\u00fd interi\u00e9r pos\u00fava hudobn\u00fd z\u00e1\u017eitok o \u00farove\u0148 vy\u0161\u0161ie.<\/p>\n<h2 class=\"wp-block-heading\"><span class=\"ez-toc-section\" id=\"Moderne_dominanty_a_kontroverzne_stavby\"><\/span><span class=\"ez-toc-section\" id=\"Moderne_dominanty_a_kontroverzne_stavby\"><\/span>Modern\u00e9 dominanty a kontroverzn\u00e9 stavby<span class=\"ez-toc-section-end\"><\/span><span class=\"ez-toc-section-end\"><\/span><\/h2>\n<p>Nielen ve\u017ee a baroko robia mesto t\u00fdm, \u010d\u00edm je. Modern\u00e1 architekt\u00fara tu \u010dasto vznikala za b\u00farliv\u00fdch diskusi\u00ed a postupne sa stala neoddelite\u013enou s\u00fa\u010das\u0165ou mestsk\u00e9ho priestoru.<\/p>\n<h3 class=\"wp-block-heading\"><span class=\"ez-toc-section\" id=\"Tancici_dum\"><\/span><span class=\"ez-toc-section\" id=\"Tancici_dum\"><\/span>Tan\u010d\u00edc\u00ed d\u016fm<span class=\"ez-toc-section-end\"><\/span><span class=\"ez-toc-section-end\"><\/span><\/h3>\n<p>Dielo Franka Gehryho a Vlada Miluni\u010da zo zlat\u00fdch dev\u00e4\u0165desiatych rokov rozde\u013eovalo spolo\u010dnos\u0165 na dva t\u00e1bory. Dnes si u\u017e n\u00e1bre\u017eie pri Jir\u00e1skovom moste bez tejto dekon\u0161truktivistickej stavby, in\u0161pirovanej tane\u010dn\u00fdm p\u00e1rom Fredom Astairom a Ginger Rogersovou, nevieme predstavi\u0165.<\/p>\n<p>Vn\u00fatri s\u00eddlia kancel\u00e1rie, gal\u00e9ria a v najvy\u0161\u0161om poschod\u00ed re\u0161taur\u00e1cia s vyhliadkou. Podrobne stavbu rozober\u00e1m v \u010dl\u00e1nku <a href=\"https:\/\/loudavymkrokem.cz\/tancici-dum-moderni-praha\/\">Tan\u010d\u00edc\u00ed d\u016fm<\/a>. <strong>\ud83d\udca1 Tip od miestnej:<\/strong> Nekupujte si predra\u017een\u00fa vstupenku na vyhliadkov\u00fa terasu. Vyjazdite v\u00fd\u0165ahom do Glass Baru v poslednom poschod\u00ed, k\u00fapte si k\u00e1vu alebo drink a vyhliadku m\u00e1te v cene n\u00e1poja.<\/p>\n<figure class=\"wp-block-image size-full\"><img loading=\"lazy\" decoding=\"async\" width=\"2000\" height=\"1333\" src=\"https:\/\/loudavymkrokem.cz\/wp-content\/uploads\/2023\/07\/tancici-dum-praha.jpg\" alt=\"Tan\u010d\u00edc\u00ed d\u016fm \u2013 hotel v Prahe\" class=\"wp-image-63066\" title=\"\" srcset=\"https:\/\/loudavymkrokem.cz\/wp-content\/uploads\/2023\/07\/tancici-dum-praha.jpg 2000w, https:\/\/loudavymkrokem.cz\/wp-content\/uploads\/2023\/07\/tancici-dum-praha-300x200.jpg 300w, https:\/\/loudavymkrokem.cz\/wp-content\/uploads\/2023\/07\/tancici-dum-praha-700x467.jpg 700w, https:\/\/loudavymkrokem.cz\/wp-content\/uploads\/2023\/07\/tancici-dum-praha-768x512.jpg 768w, https:\/\/loudavymkrokem.cz\/wp-content\/uploads\/2023\/07\/tancici-dum-praha-1536x1024.jpg 1536w, https:\/\/loudavymkrokem.cz\/wp-content\/uploads\/2023\/07\/tancici-dum-praha-696x464.jpg 696w, https:\/\/loudavymkrokem.cz\/wp-content\/uploads\/2023\/07\/tancici-dum-praha-1392x928.jpg 1392w, https:\/\/loudavymkrokem.cz\/wp-content\/uploads\/2023\/07\/tancici-dum-praha-1920x1280.jpg 1920w\" sizes=\"auto, (max-width: 2000px) 100vw, 2000px\"><figcaption class=\"wp-element-caption\"><a class=\"thirstylink\" rel=\"nofollow\" target=\"_blank\" title=\"Tan\u010d\u00edc\u00ed d\u016fm\" href=\"https:\/\/loudavymkrokem.cz\/doporucujeme\/tancici-dum\/\" data-shortcode=\"true\">Tan\u010d\u00edc\u00ed d\u016fm<\/a> \u2013 hotel v Prahe<\/figcaption><\/figure>\n<h3 class=\"wp-block-heading\"><span class=\"ez-toc-section\" id=\"Zizkovska_televizna_veza\"><\/span><span class=\"ez-toc-section\" id=\"Zizkovska_televizna_vez\"><\/span>\u017di\u017ekovsk\u00e1 telev\u00edzna ve\u017ea<span class=\"ez-toc-section-end\"><\/span><span class=\"ez-toc-section-end\"><\/span><\/h3>\n<p>Najvy\u0161\u0161ia stavba v meste (216 metrov) bud\u00ed v\u00e1\u0161ne dodnes. Futuristick\u00fd vysiela\u010d s vyhliadkov\u00fdmi kab\u00ednami p\u00f4sob\u00ed medzi star\u00fdmi \u017ei\u017ekovsk\u00fdmi \u010din\u017eiakmi ako vesm\u00edrna lo\u010f. Z dia\u013eky na nej uvid\u00edte liez\u0165 obrovsk\u00e9 \u010dierne b\u00e1b\u00e4tk\u00e1 \u2013 lamin\u00e1tov\u00e9 sochy od Davida \u010cern\u00e9ho, ktor\u00e9 ve\u017eu vizu\u00e1lne od\u013eah\u010dili.<\/p>\n<p>Vyhliadkov\u00e1 observat\u00f3rium v 93 metroch pon\u00faka bezkonkuren\u010dn\u00fd 360-stup\u0148ov\u00fd v\u00fdh\u013ead. Z\u00e1kladn\u00e9 vstupn\u00e9 je <strong>12 \u20ac<\/strong>, otvoren\u00e9 maj\u00fa do polnoci. T\u00e1to v\u00fd\u0161ka v\u00e1m naozaj umo\u017en\u00ed pochopi\u0165, ak\u00e1 je metropola roz\u013eahl\u00e1 a \u00fa\u017easne kopcovit\u00e1. <strong>\ud83d\udca1 Tip od miestnej:<\/strong> Priamo pod ve\u017eou sa nach\u00e1dzaj\u00fa Mahlerove sady a skvel\u00e1 re\u0161taur\u00e1cia Miminoo s letnou z\u00e1hradkou. Pre deti je tu ihrisko, tak\u017ee s Jon\u00e1\u0161om tam tr\u00e1vime dos\u0165 ve\u013ea \u010dasu, zatia\u013e \u010do sa pozer\u00e1me na ve\u017eu zespodu.<\/p>\n<h3 class=\"wp-block-heading\"><span class=\"ez-toc-section\" id=\"Rotujuca_hlava_Franza_Kafku\"><\/span><span class=\"ez-toc-section\" id=\"Rotujuca_hlava_Franza_Kafku\"><\/span>Rotuj\u00faca hlava Franza Kafku<span class=\"ez-toc-section-end\"><\/span><span class=\"ez-toc-section-end\"><\/span><\/h3>\n<p>\u010eal\u0161\u00ed po\u010din Davida \u010cern\u00e9ho, tentokr\u00e1t umiestnen\u00fd na frekventovanom n\u00e1mest\u00ed pri obchodnom centre Quadrio nad stanicou metra N\u00e1rodn\u00ed t\u0159\u00edda. Kinetick\u00e1 socha v\u00e1\u017ei 39 ton a sklad\u00e1 sa zo 42 pohybliv\u00fdch poschod\u00ed, ktor\u00e9 sa v pravideln\u00fdch intervaloch ot\u00e1\u010daj\u00fa a preskupuj\u00fa Kafkovu tv\u00e1r.<\/p>\n<p>Je to modern\u00e1 pocta sl\u00e1vnemu spisovate\u013eovi a fascinuj\u00faca uk\u00e1\u017eka in\u017einierstva, ktor\u00fa sa jednoducho oplat\u00ed vidie\u0165 na\u017eivo. Pozorovanie je samozrejme zadarmo. <strong>\ud83d\udca1 Tip od miestnej:<\/strong> Socha sa d\u00e1va do pohybu ka\u017ed\u00fa cel\u00fa hodinu na p\u00e4tn\u00e1s\u0165 min\u00fat. Cho\u010fte sa pozrie\u0165 rad\u0161ej ve\u010der, ke\u010f je nasvieten\u00e1 a leskl\u00fd povrch odr\u00e1\u017ea okoln\u00e9 svetl\u00e1 mesta.<\/p>\n<figure class=\"wp-block-image size-full\"><img decoding=\"async\" src=\"https:\/\/loudavymkrokem.cz\/wp-content\/uploads\/2023\/07\/hlava-franze-kafky.jpg\" alt=\"Rotuj\u00faca hlava Franza Kafku v Prahe\" class=\"wp-image-73495\" title=\"\"><figcaption class=\"wp-element-caption\">Rotuj\u00faca hlava Franza Kafku v Prahe<\/figcaption><\/figure>\n<h2 class=\"wp-block-heading\"><span class=\"ez-toc-section\" id=\"Skryte_klenoty_a_uniky_pred_davmi\"><\/span><span class=\"ez-toc-section\" id=\"Skryte_klenoty_a_uniky_pred_davmi\"><\/span>Skryt\u00e9 klenoty a \u00faniky pred davmi<span class=\"ez-toc-section-end\"><\/span><span class=\"ez-toc-section-end\"><\/span><\/h2>\n<p>Ob\u010das jednoducho potrebujete vypn\u00fa\u0165 a schova\u0165 sa. Za tie roky, \u010do som v centre b\u00fdvala a chodila do \u0161koly, som nazbierala zoznam miest, kam sa d\u00e1 utiec\u0165, ke\u010f je na Karlovom moste na nehnutie.<\/p>\n<h3 class=\"wp-block-heading\"><span class=\"ez-toc-section\" id=\"Vrtbovska_zahrada\"><\/span><span class=\"ez-toc-section\" id=\"Vrtbovska_zahrada\"><\/span>Vrtbovsk\u00e1 z\u00e1hrada<span class=\"ez-toc-section-end\"><\/span><span class=\"ez-toc-section-end\"><\/span><\/h3>\n<p>Toto je absol\u00fatny klenot. Nen\u00e1padn\u00fd vchod z Karmelitskej ulice v\u00e1s zavedie do jednej z najkraj\u0161\u00edch barokov\u00fdch terasovit\u00fdch z\u00e1hrad v Eur\u00f3pe. Bola vybudovan\u00e1 na svahu Pet\u0159\u00edna a pon\u00faka n\u00e1dhern\u00e9 symetrick\u00e9 z\u00e1hony, sochy Maty\u00e1\u0161a Bernarda Brauna a \u00fa\u017easn\u00fd v\u00fdh\u013ead na Kostol sv. Mikul\u00e1\u0161a.<\/p>\n<p>Zaka\u017ed\u00fdm, ke\u010f sem vst\u00fapim, c\u00edtim sa ako v inom svete, \u010faleko od hluku \u00e1ut a davov turistov. Otvoren\u00e1 je od apr\u00edla do okt\u00f3bra, vstupn\u00e9 stoj\u00ed <strong>5 \u20ac<\/strong>. <strong>\ud83d\udca1 Tip od miestnej:<\/strong> Z\u00e1hrada je ob\u013e\u00faben\u00fdm miestom na svadobn\u00e9 fotenie. Cho\u010fte tam ide\u00e1lne vo v\u0161edn\u00fd de\u0148 dopoludnia \u2013 cez v\u00edkendy budete musie\u0165 uh\u00fdba\u0165 nevest\u00e1m.<\/p>\n<figure class=\"wp-block-image size-full\"><img loading=\"lazy\" decoding=\"async\" width=\"2000\" height=\"1333\" src=\"https:\/\/loudavymkrokem.cz\/wp-content\/uploads\/2023\/07\/vrtbovske-zahrady-praha.jpg\" alt=\"Vrtbovsk\u00e1 z\u00e1hrada\" class=\"wp-image-63063\" title=\"\" srcset=\"https:\/\/loudavymkrokem.cz\/wp-content\/uploads\/2023\/07\/vrtbovske-zahrady-praha.jpg 2000w, https:\/\/loudavymkrokem.cz\/wp-content\/uploads\/2023\/07\/vrtbovske-zahrady-praha-300x200.jpg 300w, https:\/\/loudavymkrokem.cz\/wp-content\/uploads\/2023\/07\/vrtbovske-zahrady-praha-700x467.jpg 700w, https:\/\/loudavymkrokem.cz\/wp-content\/uploads\/2023\/07\/vrtbovske-zahrady-praha-768x512.jpg 768w, https:\/\/loudavymkrokem.cz\/wp-content\/uploads\/2023\/07\/vrtbovske-zahrady-praha-1536x1024.jpg 1536w, https:\/\/loudavymkrokem.cz\/wp-content\/uploads\/2023\/07\/vrtbovske-zahrady-praha-696x464.jpg 696w, https:\/\/loudavymkrokem.cz\/wp-content\/uploads\/2023\/07\/vrtbovske-zahrady-praha-1392x928.jpg 1392w, https:\/\/loudavymkrokem.cz\/wp-content\/uploads\/2023\/07\/vrtbovske-zahrady-praha-1920x1280.jpg 1920w\" sizes=\"auto, (max-width: 2000px) 100vw, 2000px\"><figcaption class=\"wp-element-caption\">Vrtbovsk\u00e1 z\u00e1hrada<\/figcaption><\/figure>\n<h3 class=\"wp-block-heading\"><span class=\"ez-toc-section\" id=\"Novy_Svet\"><\/span><span class=\"ez-toc-section\" id=\"Novy_Svet\"><\/span>Nov\u00fd Svet<span class=\"ez-toc-section-end\"><\/span><span class=\"ez-toc-section-end\"><\/span><\/h3>\n<p>Mal\u00e1 \u0161tvr\u0165 schovan\u00e1 za Pra\u017esk\u00fdm hradom p\u00f4sob\u00ed ako z in\u00e9ho storo\u010dia. K\u013eukat\u00e9 uli\u010dky, drobn\u00e9 dom\u010deky so strechami, absol\u00fatne ticho. Kedysi tu b\u00fdvala hradn\u00e1 chudoba a dnes je to pod\u013ea m\u0148a naj\u010distej\u0161ia podoba starej Prahy \u2013 bez m\u00faze\u00ed, bez v\u00fdkladn\u00fdch skr\u00ed\u0148, bez davov.<\/p>\n<p>Nie je tu vlastne \u017eiadna ofici\u00e1lna turistick\u00e1 atrakcia, a presne to je na tom to najkraj\u0161ie. Len pokoj, ko\u010di\u010die hlavy a neuverite\u013en\u00e9 \u010daro. <strong>\ud83d\udca1 Tip od miestnej:<\/strong> Zastavte sa v malej kaviarni\u010dke Kav\u00e1rna Nov\u00fd Sv\u011bt. Maj\u00fa skvel\u00fa v\u00fdberov\u00fa k\u00e1vu a pokojn\u00fd dvor\u010dek.<\/p>\n<figure class=\"wp-block-image size-full\"><img loading=\"lazy\" decoding=\"async\" width=\"2000\" height=\"1500\" src=\"https:\/\/loudavymkrokem.cz\/wp-content\/uploads\/2023\/07\/novy-svet-praha.jpg\" alt=\"Nov\u00fd Svet v Prahe\" class=\"wp-image-62982\" title=\"\" srcset=\"https:\/\/loudavymkrokem.cz\/wp-content\/uploads\/2023\/07\/novy-svet-praha.jpg 2000w, https:\/\/loudavymkrokem.cz\/wp-content\/uploads\/2023\/07\/novy-svet-praha-300x225.jpg 300w, https:\/\/loudavymkrokem.cz\/wp-content\/uploads\/2023\/07\/novy-svet-praha-700x525.jpg 700w, https:\/\/loudavymkrokem.cz\/wp-content\/uploads\/2023\/07\/novy-svet-praha-768x576.jpg 768w, https:\/\/loudavymkrokem.cz\/wp-content\/uploads\/2023\/07\/novy-svet-praha-1536x1152.jpg 1536w, https:\/\/loudavymkrokem.cz\/wp-content\/uploads\/2023\/07\/novy-svet-praha-696x522.jpg 696w, https:\/\/loudavymkrokem.cz\/wp-content\/uploads\/2023\/07\/novy-svet-praha-1392x1044.jpg 1392w, https:\/\/loudavymkrokem.cz\/wp-content\/uploads\/2023\/07\/novy-svet-praha-1920x1440.jpg 1920w\" sizes=\"auto, (max-width: 2000px) 100vw, 2000px\"><figcaption class=\"wp-element-caption\">Star\u00e1 stredovek\u00e1 \u00fazka dl\u00e1\u017eden\u00e1 uli\u010dka a mal\u00e9 starobyl\u00e9 domy v Novom Svete, \u0161tvr\u0165 Hrad\u010dany, Praha.<\/figcaption><\/figure>\n<h3 class=\"wp-block-heading\"><span class=\"ez-toc-section\" id=\"Klementinum_a_Barokova_kniznica\"><\/span><span class=\"ez-toc-section\" id=\"Klementinum_a_Barokova_kniznica\"><\/span>Klementinum a Barokov\u00e1 kni\u017enica<span class=\"ez-toc-section-end\"><\/span><span class=\"ez-toc-section-end\"><\/span><\/h3>\n<p>Rozsiahly komplex b\u00fdvalej jezuitskej kol\u00e9gie hne\u010f pri Karlovom moste pon\u00faka prehliadku Barokovej kni\u017enice, Meridi\u00e1novej siene a Astronomickej ve\u017ee. Kni\u017enica s historick\u00fdmi gl\u00f3busmi je jednoducho dychvyr\u00e1\u017eaj\u00faca a p\u00f4sob\u00ed neuverite\u013ene majest\u00e1tne.<\/p>\n<p>Prehliadky prebiehaj\u00fa v\u00fdlu\u010dne so sprievodcom a l\u00edstky za <strong>15 \u20ac<\/strong> b\u00fdvaj\u00fa \u010dasto vypredan\u00e9. Kto m\u00e1 r\u00e1d hist\u00f3riu vedy alebo star\u00e9 knihy, ten si t\u00fato n\u00e1v\u0161tevu nesmie necha\u0165 ujs\u0165.<\/p>\n<div class=\"gyg-iframe-container\" style=\"margin-bottom:1.5em\" class=\"wp-block-cgb-block-gyg-wp-plugin\"><iframe style=\"border:0;height:100%;width:100%\" title=\"GetYourGuide activities widget\" src=\"https:\/\/widget.getyourguide.com\/default\/activities.frame?widget=wp_activities&amp;currency=CSK&amp;locale_code=en-GB&amp;number_of_items=3&amp;partner_id=MKZ64IS&amp;q=klementinum\"><\/iframe><\/div>\n<h3 class=\"wp-block-heading\"><span class=\"ez-toc-section\" id=\"Valdstejnska_zahrada\"><\/span><span class=\"ez-toc-section\" id=\"Valdstejnska_zahrada\"><\/span>Vald\u0161tejnsk\u00e1 z\u00e1hrada<span class=\"ez-toc-section-end\"><\/span><span class=\"ez-toc-section-end\"><\/span><\/h3>\n<p>S\u00eddlo Sen\u00e1tu Parlamentu \u010cR ukr\u00fdva vo\u013ene pr\u00edstupn\u00fa z\u00e1hradu pln\u00fa p\u00e1vov, font\u00e1n a s obrovskou umelou kvap\u013eovou stenou (grottou), v ktorej s\u00fa pri bli\u017e\u0161om poh\u013eade ukryt\u00e9 tv\u00e1re nestv\u00f4r.<\/p>\n<p>Je to skvel\u00e9 miesto na oddych po n\u00e1v\u0161teve Malej Strany. Zele\u0148 a zur\u010diaca voda v\u00e1s \u00fa\u017easne osvie\u017eia. Otvoren\u00e9 je od apr\u00edla do okt\u00f3bra, vstup je zadarmo. <strong>\ud83d\udca1 Tip od miestnej:<\/strong> P\u00e1vy v z\u00e1hrade s\u00fa zvyknut\u00e9 na \u013eud\u00ed, ale nek\u0155mte ich. Rad\u0161ej si sadnite na lavi\u010dku s v\u00fdh\u013eadom na Sala terrenu a vychutnajte si pokoj.<\/p>\n<h2 class=\"wp-block-heading\"><span class=\"ez-toc-section\" id=\"Kde_sa_najest\"><\/span><span class=\"ez-toc-section\" id=\"Kde_sa_najest\"><\/span>Kde sa najes\u0165<span class=\"ez-toc-section-end\"><\/span><span class=\"ez-toc-section-end\"><\/span><\/h2>\n<p>Po celodennom t\u00falan\u00ed po dla\u017eobn\u00fdch kock\u00e1ch v\u00e1m zaru\u010dene vyhladne. Presne to sa n\u00e1m s Luk\u00e1\u0161om st\u00e1va zaka\u017ed\u00fdm, ke\u010f prejdeme cel\u00fd stred mesta. Na\u0161\u0165astie je tu mno\u017estvo podnikov, kde to nie je len o predra\u017eenom pive pre turistov, ale aj o skvelom jedle a \u00fatulnej atmosf\u00e9re, ak\u00fa h\u013ead\u00e1me.<\/p>\n<p>Ako vegetari\u00e1nka m\u00e1m navy\u0161e celkom vyhranen\u00fd vkus na to, \u010do pova\u017eujem za dobr\u00fd obed, tak\u017ee sa vyh\u00fdbam klasick\u00fdm kr\u010dm\u00e1m s \u0165a\u017ek\u00fdmi om\u00e1\u010dkami. Pozrite sa na moje ob\u013e\u00faben\u00e9 miesta, kam sa rada vraciam.<\/p>\n<h3 class=\"wp-block-heading\"><span class=\"ez-toc-section\" id=\"Eska_v_Karline_a_utulne_bistra\"><\/span><span class=\"ez-toc-section\" id=\"Eska_v_Karline_a_utulne_bistra\"><\/span>Eska v Karl\u00edne a \u00fatuln\u00e9 bistr\u00e1<span class=\"ez-toc-section-end\"><\/span><span class=\"ez-toc-section-end\"><\/span><\/h3>\n<p>Ke\u010f potrebujeme zmeni\u0165 vzduch a utiec\u0165 z pre\u013eudnen\u00e9ho centra, radi s rodinou nasadneme na elektri\u010dku a presunieme sa do Karl\u00edna. Tu vl\u00e1dne podnik menom Eska, ktor\u00fd sp\u00e1ja \u00fa\u017easn\u00fa pek\u00e1re\u0148 s modernou \u010deskou gastron\u00f3miou. Jedl\u00e1 tu pripravuj\u00fa z lok\u00e1lnych surov\u00edn a ich ro\u017eky alebo chlieb z pece s\u00fa jednoducho vyhl\u00e1sen\u00e9. Je to presne ten typ bistra, kde sa c\u00edtite \u00fatulne a uvo\u013enene.<\/p>\n<p>Ak chcete nie\u010do luxusn\u00e9, vysk\u00fa\u0161ajte re\u0161taur\u00e1ciu v The <a class=\"thirstylink\" rel=\"nofollow\" target=\"_blank\" title=\"The Julius Hotel\" href=\"https:\/\/loudavymkrokem.cz\/doporucujeme\/the-julius-hotel\/\" data-shortcode=\"true\">Julius Hotel<\/a>, kde maj\u00fa aj vegetari\u00e1nsku ponuku. Neb\u00fdva tam ru\u0161no a je k\u00fasok od N\u00e1mestia Republiky.<\/p>\n<figure class=\"wp-block-image size-full\"><img loading=\"lazy\" decoding=\"async\" width=\"2048\" height=\"1366\" src=\"https:\/\/loudavymkrokem.cz\/wp-content\/uploads\/2026\/04\/julius-hotel-praha-4281-scaled.jpg\" alt=\"The Julius Hotel recenzia \u2013 najlep\u0161\u00ed hotel v Prahe\" class=\"wp-image-151070\" title=\"\" srcset=\"https:\/\/loudavymkrokem.cz\/wp-content\/uploads\/2026\/04\/julius-hotel-praha-4281-scaled.jpg 2048w, https:\/\/loudavymkrokem.cz\/wp-content\/uploads\/2026\/04\/julius-hotel-praha-4281-300x200.jpg 300w, https:\/\/loudavymkrokem.cz\/wp-content\/uploads\/2026\/04\/julius-hotel-praha-4281-700x467.jpg 700w, https:\/\/loudavymkrokem.cz\/wp-content\/uploads\/2026\/04\/julius-hotel-praha-4281-768x512.jpg 768w, https:\/\/loudavymkrokem.cz\/wp-content\/uploads\/2026\/04\/julius-hotel-praha-4281-1536x1024.jpg 1536w, https:\/\/loudavymkrokem.cz\/wp-content\/uploads\/2026\/04\/julius-hotel-praha-4281-696x464.jpg 696w, https:\/\/loudavymkrokem.cz\/wp-content\/uploads\/2026\/04\/julius-hotel-praha-4281-1392x928.jpg 1392w, https:\/\/loudavymkrokem.cz\/wp-content\/uploads\/2026\/04\/julius-hotel-praha-4281-1920x1280.jpg 1920w\" sizes=\"auto, (max-width: 2048px) 100vw, 2048px\"><\/figure>\n<p>\u010eal\u0161\u00edm moj\u00edm ob\u013e\u00faben\u00fdm tipom je Maitrea ne\u010faleko Staromestsk\u00e9ho n\u00e1mestia. Je to fantastick\u00e1 vegetari\u00e1nska re\u0161taur\u00e1cia schovan\u00e1 v bo\u010dnej ulici s n\u00e1dhern\u00fdm interi\u00e9rom pln\u00fdm dreva a upokojuj\u00facej energie. Pon\u00faka bezm\u00e4sit\u00e9 verzie tradi\u010dn\u00fdch jed\u00e1l aj \u00e1zijsk\u00fa f\u00faziu, \u010do ma zachr\u00e1nilo u\u017e pri nejednej vy\u010derp\u00e1vaj\u00facej prech\u00e1dzke historick\u00fdmi uli\u010dkami.<\/p>\n<h2 class=\"wp-block-heading\"><span class=\"ez-toc-section\" id=\"Prakticke_info\"><\/span><span class=\"ez-toc-section\" id=\"Prakticke_info\"><\/span>Praktick\u00e9 info<span class=\"ez-toc-section-end\"><\/span><span class=\"ez-toc-section-end\"><\/span><\/h2>\n<p>Praha je na\u0161\u0165astie kompaktn\u00e9 mesto a MHD tu funguje skvele, tak\u017ee auto naozaj nepotrebujete. My s Jon\u00e1\u0161om v ko\u010d\u00edku u\u0161li v\u00e4\u010d\u0161inu centra pe\u0161i a elektri\u010dkou dojeli tam, kde n\u00e1s kopce prestali bavi\u0165. \ud83d\ude05 Z\u00e1kladn\u00fd l\u00edstok na 30 min\u00fat stoj\u00ed <strong>1,20 \u20ac<\/strong>, na 90 min\u00fat <strong>1,60 \u20ac<\/strong> a 24-hodinov\u00fd l\u00edstok vyjde na <strong>6 \u20ac<\/strong>. L\u00edstky k\u00fapite v automatoch, aplik\u00e1cii PID L\u00edta\u010dka alebo priamo bezkontaktnou kartou v oran\u017eov\u00fdch termin\u00e1loch vo vn\u00fatri elektri\u010diek a autobusov.<\/p>\n<p>Zo Slovenska sa do Prahy dostanete pohodlne vlakom alebo autobusom \u2013 z Bratislavy prem\u00e1va priamy RegioJet alebo <a class=\"thirstylink\" rel=\"nofollow\" target=\"_blank\" title=\"Flixbus\" href=\"https:\/\/loudavymkrokem.cz\/sk\/doporucujeme\/flixbus\/\" data-shortcode=\"true\">FlixBus<\/a> a cesta trv\u00e1 pribli\u017ene \u0161tyri hodiny. Autom je to po dia\u013enici D2 a D1 ve\u013emi jednoduch\u00e9, len nezabudnite na \u010desk\u00e9 dia\u013eni\u010dn\u00e9 zn\u00e1mky (elektronick\u00e1 e-zn\u00e1mka stoj\u00ed 8 \u20ac na 10 dn\u00ed).<\/p>\n<p>Ak pl\u00e1nujete nav\u0161t\u00edvi\u0165 viac platen\u00fdch objektov (Orloj, Pet\u0159\u00edn, \u017didovsk\u00e9 mesto), spo\u010d\u00edtajte si, \u010di sa v\u00e1m neoplat\u00ed Prague Visitor Pass. Funguje ako l\u00edstok aj vstupenka v jednom a u\u0161etr\u00ed v\u00e1m \u010das v radoch.<\/p>\n<h2 class=\"wp-block-heading\"><span class=\"ez-toc-section\" id=\"Casto_kladene_otazky\"><\/span><span class=\"ez-toc-section\" id=\"Casto_kladene_otazky\"><\/span>\u010casto kladen\u00e9 ot\u00e1zky<span class=\"ez-toc-section-end\"><\/span><span class=\"ez-toc-section-end\"><\/span><\/h2>\n<div id=\"rank-math-faq\" class=\"rank-math-block\">\n<div class=\"rank-math-list \">\n<div id=\"faq-question-1777052791328\" class=\"rank-math-list-item\">\n<h3 class=\"rank-math-question \"><span class=\"ez-toc-section\" id=\"Ake_su_najvyznamnejsie_pamiatky_v_Prahe\"><\/span><span class=\"ez-toc-section\" id=\"Ake_su_najvyznamnejsie_pamiatky_v_Prahe\"><\/span><strong style=\"white-space: normal\">Ak\u00e9 s\u00fa najv\u00fdznamnej\u0161ie pamiatky v Prahe?<\/strong><span class=\"ez-toc-section-end\"><\/span><span class=\"ez-toc-section-end\"><\/span><\/h3>\n<div class=\"rank-math-answer \">\n<p>Medzi absol\u00fatny z\u00e1klad patr\u00ed Pra\u017esk\u00fd hrad s Katedr\u00e1lou sv. V\u00edta, Karlov most, Staromestsk\u00e9 n\u00e1mestie s orlojom a historick\u00e1 \u0161tvr\u0165 Josefov. Tieto lokality tvoria jadro pamiatok chr\u00e1nen\u00fdch UNESCO.<\/p>\n<\/div>\n<\/div>\n<div id=\"faq-question-1777052800946\" class=\"rank-math-list-item\">\n<h3 class=\"rank-math-question \"><span class=\"ez-toc-section\" id=\"Kolko_casu_potrebujem_na_prehliadku_Prahy\"><\/span><span class=\"ez-toc-section\" id=\"Kolko_casu_potrebujem_na_prehliadku_Prahy\"><\/span><strong>Ko\u013eko \u010dasu potrebujem na prehliadku Prahy?<\/strong><span class=\"ez-toc-section-end\"><\/span><span class=\"ez-toc-section-end\"><\/span><\/h3>\n<div class=\"rank-math-answer \">\n<p>Pre z\u00e1kladn\u00e9 zozn\u00e1menie a n\u00e1v\u0161tevu hlavn\u00fdch bodov odpor\u00fa\u010dam aspo\u0148 tri dni. Ak chcete za\u017ei\u0165 aj atmosf\u00e9ru kaviarn\u00ed, parkov a okrajovej\u0161\u00edch \u0161tvrt\u00ed ako Karl\u00edn alebo Vinohrady, vyhra\u010fte si \u0161tyri a\u017e p\u00e4\u0165 dn\u00ed.<\/p>\n<\/div>\n<\/div>\n<div id=\"faq-question-1777052808243\" class=\"rank-math-list-item\">\n<h3 class=\"rank-math-question \"><span class=\"ez-toc-section\" id=\"Ktore_pamiatky_v_Prahe_su_zadarmo\"><\/span><span class=\"ez-toc-section\" id=\"Ktore_pamiatky_v_Prahe_su_zadarmo\"><\/span><strong>Ktor\u00e9 pamiatky v Prahe s\u00fa zadarmo?<\/strong><span class=\"ez-toc-section-end\"><\/span><span class=\"ez-toc-section-end\"><\/span><\/h3>\n<div class=\"rank-math-answer \">\n<p>Zadarmo sa prejdete po Karlovom moste, are\u00e1lom Pra\u017esk\u00e9ho hradu (n\u00e1dvoria a predn\u00e1 \u010das\u0165 katedr\u00e1ly), po Vy\u0161ehrade, Vald\u0161tejnskou z\u00e1hradou, alebo m\u00f4\u017eete obdivova\u0165 modern\u00e9 sochy a in\u0161tal\u00e1cie na verejn\u00fdch priestranstv\u00e1ch.<\/p>\n<\/div>\n<\/div>\n<div id=\"faq-question-1777052819784\" class=\"rank-math-list-item\">\n<h3 class=\"rank-math-question \"><span class=\"ez-toc-section\" id=\"Ako_funguje_hromadna_doprava_v_Prahe\"><\/span><span class=\"ez-toc-section\" id=\"Ako_funguje_hromadna_doprava_v_Prahe\"><\/span><strong>Ako funguje hromadn\u00e1 doprava v Prahe?<\/strong> <span class=\"ez-toc-section-end\"><\/span><span class=\"ez-toc-section-end\"><\/span><\/h3>\n<div class=\"rank-math-answer \">\n<p>MHD tvor\u00ed metro, elektri\u010dky a autobusy. L\u00edstky s\u00fa prestupn\u00e9 a platia na \u010das (30 min\u00fat, 90 min\u00fat, 24 hod\u00edn). K\u00fapite ich v aplik\u00e1cii, automatoch alebo priamo vo vozidl\u00e1ch pomocou bezkontaktnej karty.<\/p>\n<\/div>\n<\/div>\n<\/div>\n<\/div><\/p>\n","protected":false},"excerpt":{"rendered":"<p>Ke\u010f sa povie pamiatky v Prahe, vybav\u00ed sa mi, ako vlhk\u00e9 jesenn\u00e9 l\u00edstie k\u013azalo po dla\u017eobn\u00fdch kock\u00e1ch a my s Luk\u00e1\u0161om prv\u00fdkr\u00e1t st\u00fapali Nerudovou ulicou. Po\u010fte sa so mnou pozrie\u0165 na 20 najkraj\u0161\u00edch miest v Prahe.<\/p>\n","protected":false},"author":3,"featured_media":151114,"comment_status":"open","ping_status":"open","sticky":false,"template":"","format":"standard","meta":{"footnotes":"","rank_math_title":"","rank_math_description":"","rank_math_focus_keyword":"","rank_math_seo_score":""},"categories":[977,952,955],"tags":[],"class_list":{"0":"post-151243","1":"post","2":"type-post","3":"status-publish","4":"format-standard","5":"has-post-thumbnail","7":"category-ceska-republika","8":"category-cestovanie","9":"category-europa"},"featured_image_src":"https:\/\/loudavymkrokem.cz\/wp-content\/uploads\/2023\/07\/prazsky-hrad-4238.jpg","author_info":{"display_name":"Lucie Kone\u010dn\u00e1","author_link":"https:\/\/loudavymkrokem.cz\/sk\/author\/lucie-konecna\/"},"_links":{"self":[{"href":"https:\/\/loudavymkrokem.cz\/sk\/wp-json\/wp\/v2\/posts\/151243","targetHints":{"allow":["GET"]}}],"collection":[{"href":"https:\/\/loudavymkrokem.cz\/sk\/wp-json\/wp\/v2\/posts"}],"about":[{"href":"https:\/\/loudavymkrokem.cz\/sk\/wp-json\/wp\/v2\/types\/post"}],"author":[{"embeddable":true,"href":"https:\/\/loudavymkrokem.cz\/sk\/wp-json\/wp\/v2\/users\/3"}],"replies":[{"embeddable":true,"href":"https:\/\/loudavymkrokem.cz\/sk\/wp-json\/wp\/v2\/comments?post=151243"}],"version-history":[{"count":1,"href":"https:\/\/loudavymkrokem.cz\/sk\/wp-json\/wp\/v2\/posts\/151243\/revisions"}],"predecessor-version":[{"id":151573,"href":"https:\/\/loudavymkrokem.cz\/sk\/wp-json\/wp\/v2\/posts\/151243\/revisions\/151573"}],"wp:featuredmedia":[{"embeddable":true,"href":"https:\/\/loudavymkrokem.cz\/sk\/wp-json\/wp\/v2\/media\/151114"}],"wp:attachment":[{"href":"https:\/\/loudavymkrokem.cz\/sk\/wp-json\/wp\/v2\/media?parent=151243"}],"wp:term":[{"taxonomy":"category","embeddable":true,"href":"https:\/\/loudavymkrokem.cz\/sk\/wp-json\/wp\/v2\/categories?post=151243"},{"taxonomy":"post_tag","embeddable":true,"href":"https:\/\/loudavymkrokem.cz\/sk\/wp-json\/wp\/v2\/tags?post=151243"}],"curies":[{"name":"wp","href":"https:\/\/api.w.org\/{rel}","templated":true}]}}