{"id":151242,"date":"2026-04-24T20:26:17","date_gmt":"2026-04-24T18:26:17","guid":{"rendered":"https:\/\/loudavymkrokem.cz\/?p=151242"},"modified":"2026-04-30T11:07:08","modified_gmt":"2026-04-30T09:07:08","slug":"vysehrad-praha-sprievodca","status":"publish","type":"post","link":"https:\/\/loudavymkrokem.cz\/sk\/vysehrad-praha-sprievodca\/","title":{"rendered":"Vy\u0161ehrad Praha: Sprievodca po druhom hrade Prahy (bazilika, cintor\u00edn, hradby)"},"content":{"rendered":"<p>Ka\u017ed\u00fd rok som na Vianoce chodievala \u010d\u00edta\u0165 M\u00e1chovi (\u010desk\u00e9mu b\u00e1snikovi) na Vy\u0161ehrad jeho b\u00e1se\u0148 pri hrobe. <strong>Bol to tak\u00fd zvyk, ktor\u00fd som si zachovala z gymn\u00e1zia. Milujem Vy\u0161ehrad, m\u00e1m ho rada v zime, v lete, na jese\u0148 aj na jar. Ke\u010f sme s Luk\u00e1\u0161om oslavovali prv\u00e9 Vianoce spolu, bol to pr\u00e1ve Vy\u0161ehrad, kam som ho na \u0160tedr\u00fd de\u0148 \u0165ahala.<\/strong><\/p>\n<p><strong>Vy\u0161ehrad Praha<\/strong> je pre dom\u00e1cich tak\u00fd ob\u00fdv\u00e1k pod hol\u00fdm nebom. Zatia\u013e \u010do sa na Hrad\u010danoch tla\u010d\u00edte v dave a bojujete o ka\u017ed\u00fd centimeter \u0161tvorcov\u00fd, tu stretnete Pra\u017eanov s piknikov\u00fdmi dekami, pejsk\u00e1rov a be\u017ecov, ktor\u00ed sa kr\u00fatia medzi mohutn\u00fdmi barokov\u00fdmi hradbami. Dnes sem chod\u00edme aj s na\u0161\u00edm dvojro\u010dn\u00fdm synom Jon\u00e1\u0161om. Dlh\u00e9 asfaltov\u00e9 cesty lemuj\u00face hradby s\u00fa toti\u017e \u00faplne ide\u00e1lne pre ko\u010d\u00edk a tunaj\u0161ie roz\u013eahl\u00e9 parky pod vzrastl\u00fdmi stromami pon\u00fakaj\u00fa skvel\u00fd tie\u0148 v hor\u00facom lete. A \u010do viac, ako vegetari\u00e1nka oce\u0148ujem, \u017ee ke\u010f z\u00eddete dolu do Podol\u00ed alebo na V\u00fdto\u0148, n\u00e1jdete mno\u017estvo skvel\u00fdch bistier, ktor\u00e9 u\u017e d\u00e1vno nepon\u00fakaj\u00fa len vypr\u00e1\u017ean\u00fd syr.<\/p>\n<p>Cel\u00fd tento priestor vysoko nad Vltavou m\u00e1 navy\u0161e obrovsk\u00fa v\u00fdhodu v tom, \u017ee hoci ide o v\u00fdznamn\u00e9 miesto \u010deskej hist\u00f3rie opraden\u00e9 b\u00e1jami o k\u0148a\u017enej Libu\u0161i, st\u00e1le si dr\u017e\u00ed neuverite\u013ene uvo\u013enen\u00fa, takmer parkov\u00fa atmosf\u00e9ru. <strong>M\u00f4\u017eete sa tu t\u00fala\u0165 hodiny, sedie\u0165 na hradb\u00e1ch s nohami spusten\u00fdmi dolu a pozorova\u0165 lode na rieke. Nie je to skr\u00e1tka len strnul\u00fd skanzen s turniketmi, ale \u017eiv\u00e1 mestsk\u00e1 \u0161tvr\u0165, kam sa oplat\u00ed utiec\u0165 z prehriateho dl\u00e1\u017edenia Star\u00e9ho Mesta.<\/strong><\/p>\n<p>V tomto \u010dl\u00e1nku n\u00e1jdete kompletn\u00e9ho sprievodcu po <strong>Vy\u0161ehrade<\/strong>, vr\u00e1tane detailov o tom, ak\u00fa otv\u00e1raciu dobu m\u00e1 <strong>bazilika sv. Petra a Pavla<\/strong>, kde presne le\u017e\u00ed <strong>Vy\u0161ehradsk\u00fd cintor\u00edn<\/strong> a sl\u00e1vny <strong>Slav\u00edn<\/strong>, alebo pre\u010do by v\u00e1m nemala unikn\u00fa\u0165 najstar\u0161ia <strong>rotunda sv. Martina<\/strong>.<\/p>\n<figure class=\"wp-block-image size-full\"><img loading=\"lazy\" decoding=\"async\" width=\"1200\" height=\"800\" src=\"https:\/\/loudavymkrokem.cz\/wp-content\/uploads\/2026\/04\/vysehrad-4319.jpg\" alt=\"V\u00fdh\u013ead z Vy\u0161ehradu\" class=\"wp-image-151146\" title=\"\" srcset=\"https:\/\/loudavymkrokem.cz\/wp-content\/uploads\/2026\/04\/vysehrad-4319.jpg 1200w, https:\/\/loudavymkrokem.cz\/wp-content\/uploads\/2026\/04\/vysehrad-4319-300x200.jpg 300w, https:\/\/loudavymkrokem.cz\/wp-content\/uploads\/2026\/04\/vysehrad-4319-700x467.jpg 700w, https:\/\/loudavymkrokem.cz\/wp-content\/uploads\/2026\/04\/vysehrad-4319-768x512.jpg 768w, https:\/\/loudavymkrokem.cz\/wp-content\/uploads\/2026\/04\/vysehrad-4319-696x464.jpg 696w\" sizes=\"auto, (max-width: 1200px) 100vw, 1200px\"><figcaption class=\"wp-element-caption\">V\u00fdh\u013ead z Vy\u0161ehradu<\/figcaption><\/figure>\n<div id=\"ez-toc-container\" class=\"ez-toc-v2_0_82_2 ez-toc-wrap-left counter-hierarchy ez-toc-counter ez-toc-grey ez-toc-container-direction\">\n<div class=\"ez-toc-title-container\">\n<p class=\"ez-toc-title\" style=\"cursor:inherit\">Obsah \u010dl\u00e1nku<\/p>\n<span class=\"ez-toc-title-toggle\"><a href=\"#\" class=\"ez-toc-pull-right ez-toc-btn ez-toc-btn-xs ez-toc-btn-default ez-toc-toggle\" aria-label=\"Toggle Table of Content\"><span class=\"ez-toc-js-icon-con\"><span class=\"\"><span class=\"eztoc-hide\" style=\"display:none;\">Toggle<\/span><span class=\"ez-toc-icon-toggle-span\"><svg style=\"fill: #999;color:#999\" xmlns=\"http:\/\/www.w3.org\/2000\/svg\" class=\"list-377408\" width=\"20px\" height=\"20px\" viewBox=\"0 0 24 24\" fill=\"none\"><path d=\"M6 6H4v2h2V6zm14 0H8v2h12V6zM4 11h2v2H4v-2zm16 0H8v2h12v-2zM4 16h2v2H4v-2zm16 0H8v2h12v-2z\" fill=\"currentColor\"><\/path><\/svg><svg style=\"fill: #999;color:#999\" class=\"arrow-unsorted-368013\" xmlns=\"http:\/\/www.w3.org\/2000\/svg\" width=\"10px\" height=\"10px\" viewBox=\"0 0 24 24\" version=\"1.2\" baseProfile=\"tiny\"><path d=\"M18.2 9.3l-6.2-6.3-6.2 6.3c-.2.2-.3.4-.3.7s.1.5.3.7c.2.2.4.3.7.3h11c.3 0 .5-.1.7-.3.2-.2.3-.5.3-.7s-.1-.5-.3-.7zM5.8 14.7l6.2 6.3 6.2-6.3c.2-.2.3-.5.3-.7s-.1-.5-.3-.7c-.2-.2-.4-.3-.7-.3h-11c-.3 0-.5.1-.7.3-.2.2-.3.5-.3.7s.1.5.3.7z\"\/><\/svg><\/span><\/span><\/span><\/a><\/span><\/div>\n<nav><ul class='ez-toc-list ez-toc-list-level-1 ' ><li class='ez-toc-page-1 ez-toc-heading-level-2'><a class=\"ez-toc-link ez-toc-heading-1\" href=\"https:\/\/loudavymkrokem.cz\/sk\/vysehrad-praha-sprievodca\/#Zhrnutie\" >Zhrnutie<\/a><\/li><li class='ez-toc-page-1 ez-toc-heading-level-2'><a class=\"ez-toc-link ez-toc-heading-2\" href=\"https:\/\/loudavymkrokem.cz\/sk\/vysehrad-praha-sprievodca\/#Kedy_ist_na_Vysehrad_a_ako_to_naplanovat\" >Kedy \u00eds\u0165 na Vy\u0161ehrad a ako to napl\u00e1nova\u0165<\/a><ul class='ez-toc-list-level-3' ><li class='ez-toc-heading-level-3'><a class=\"ez-toc-link ez-toc-heading-3\" href=\"https:\/\/loudavymkrokem.cz\/sk\/vysehrad-praha-sprievodca\/#Jar_a_jesen_ako_absolutni_favoriti\" >Jar a jese\u0148 ako absol\u00fatni favoriti<\/a><\/li><li class='ez-toc-page-1 ez-toc-heading-level-3'><a class=\"ez-toc-link ez-toc-heading-4\" href=\"https:\/\/loudavymkrokem.cz\/sk\/vysehrad-praha-sprievodca\/#Letne_vecery_a_zimna_melancholia\" >Letn\u00e9 ve\u010dery a zimn\u00e1 melanch\u00f3lia<\/a><\/li><li class='ez-toc-page-1 ez-toc-heading-level-3'><a class=\"ez-toc-link ez-toc-heading-5\" href=\"https:\/\/loudavymkrokem.cz\/sk\/vysehrad-praha-sprievodca\/#Kolko_casu_si_vyhradit\" >Ko\u013eko \u010dasu si vyhradi\u0165<\/a><\/li><\/ul><\/li><li class='ez-toc-page-1 ez-toc-heading-level-2'><a class=\"ez-toc-link ez-toc-heading-6\" href=\"https:\/\/loudavymkrokem.cz\/sk\/vysehrad-praha-sprievodca\/#Kde_sa_ubytovat\" >Kde sa ubytova\u0165<\/a><\/li><li class='ez-toc-page-1 ez-toc-heading-level-2'><a class=\"ez-toc-link ez-toc-heading-7\" href=\"https:\/\/loudavymkrokem.cz\/sk\/vysehrad-praha-sprievodca\/#Co_vidiet_a_navstivit_na_Vysehrade\" >\u010co vidie\u0165 a nav\u0161t\u00edvi\u0165 na Vy\u0161ehrade<\/a><ul class='ez-toc-list-level-3' ><li class='ez-toc-heading-level-3'><a class=\"ez-toc-link ez-toc-heading-8\" href=\"https:\/\/loudavymkrokem.cz\/sk\/vysehrad-praha-sprievodca\/#Bazilika_sv_Petra_a_Pavla\" >Bazilika sv. Petra a Pavla<\/a><\/li><li class='ez-toc-page-1 ez-toc-heading-level-3'><a class=\"ez-toc-link ez-toc-heading-9\" href=\"https:\/\/loudavymkrokem.cz\/sk\/vysehrad-praha-sprievodca\/#Vysehradsky_cintorin_a_hrobka_Slavin\" >Vy\u0161ehradsk\u00fd cintor\u00edn a hrobka Slav\u00edn<\/a><\/li><li class='ez-toc-page-1 ez-toc-heading-level-3'><a class=\"ez-toc-link ez-toc-heading-10\" href=\"https:\/\/loudavymkrokem.cz\/sk\/vysehrad-praha-sprievodca\/#Rotunda_sv_Martina\" >Rotunda sv. Martina<\/a><\/li><li class='ez-toc-page-1 ez-toc-heading-level-3'><a class=\"ez-toc-link ez-toc-heading-11\" href=\"https:\/\/loudavymkrokem.cz\/sk\/vysehrad-praha-sprievodca\/#Vysehradske_kasematy_a_sala_Gorlice\" >Vy\u0161ehradsk\u00e9 kasematy a s\u00e1la Gorlice<\/a><\/li><li class='ez-toc-page-1 ez-toc-heading-level-3'><a class=\"ez-toc-link ez-toc-heading-12\" href=\"https:\/\/loudavymkrokem.cz\/sk\/vysehrad-praha-sprievodca\/#Hradby_vyhlady_a_povesti_o_Libusi\" >Hradby, v\u00fdh\u013eady a povesti o Libu\u0161i<\/a><\/li><li class='ez-toc-page-1 ez-toc-heading-level-3'><a class=\"ez-toc-link ez-toc-heading-13\" href=\"https:\/\/loudavymkrokem.cz\/sk\/vysehrad-praha-sprievodca\/#S_detmi_na_Vysehrad_Ihrisko_zo_starych_povesti\" >S de\u0165mi na Vy\u0161ehrad: Ihrisko zo star\u00fdch povest\u00ed<\/a><\/li><\/ul><\/li><li class='ez-toc-page-1 ez-toc-heading-level-2'><a class=\"ez-toc-link ez-toc-heading-14\" href=\"https:\/\/loudavymkrokem.cz\/sk\/vysehrad-praha-sprievodca\/#Prakticke_info_pre_vasu_navstevu\" >Praktick\u00e9 info pre va\u0161u n\u00e1v\u0161tevu<\/a><\/li><li class='ez-toc-page-1 ez-toc-heading-level-2'><a class=\"ez-toc-link ez-toc-heading-15\" href=\"https:\/\/loudavymkrokem.cz\/sk\/vysehrad-praha-sprievodca\/#Kam_dalej\" >Kam \u010falej<\/a><\/li><li class='ez-toc-page-1 ez-toc-heading-level-2'><a class=\"ez-toc-link ez-toc-heading-16\" href=\"https:\/\/loudavymkrokem.cz\/sk\/vysehrad-praha-sprievodca\/#Casto_kladene_otazky\" >\u010casto kladen\u00e9 ot\u00e1zky<\/a><ul class='ez-toc-list-level-3' ><li class='ez-toc-heading-level-3'><a class=\"ez-toc-link ez-toc-heading-17\" href=\"https:\/\/loudavymkrokem.cz\/sk\/vysehrad-praha-sprievodca\/#Je_vstup_na_Vysehrad_spoplatneny\" >Je vstup na Vy\u0161ehrad spoplatnen\u00fd?<\/a><\/li><li class='ez-toc-page-1 ez-toc-heading-level-3'><a class=\"ez-toc-link ez-toc-heading-18\" href=\"https:\/\/loudavymkrokem.cz\/sk\/vysehrad-praha-sprievodca\/#Mozem_vziat_na_Vysehrad_psa\" >M\u00f4\u017eem vzia\u0165 na Vy\u0161ehrad psa?<\/a><\/li><li class='ez-toc-page-1 ez-toc-heading-level-3'><a class=\"ez-toc-link ez-toc-heading-19\" href=\"https:\/\/loudavymkrokem.cz\/sk\/vysehrad-praha-sprievodca\/#Je_Vysehrad_vhodny_pre_kociky_a_vozickarov\" >Je Vy\u0161ehrad vhodn\u00fd pre ko\u010d\u00edky a voz\u00ed\u010dk\u00e1rov?<\/a><\/li><li class='ez-toc-page-1 ez-toc-heading-level-3'><a class=\"ez-toc-link ez-toc-heading-20\" href=\"https:\/\/loudavymkrokem.cz\/sk\/vysehrad-praha-sprievodca\/#Ako_dlho_trva_prehliadka_Vysehradu\" >Ako dlho trv\u00e1 prehliadka Vy\u0161ehradu?<\/a><\/li><li class='ez-toc-page-1 ez-toc-heading-level-3'><a class=\"ez-toc-link ez-toc-heading-21\" href=\"https:\/\/loudavymkrokem.cz\/sk\/vysehrad-praha-sprievodca\/#Kde_sa_da_pri_Vysehrade_zaparkovat\" >Kde sa d\u00e1 pri Vy\u0161ehrade zaparkova\u0165?<\/a><\/li><li class='ez-toc-page-1 ez-toc-heading-level-3'><a class=\"ez-toc-link ez-toc-heading-22\" href=\"https:\/\/loudavymkrokem.cz\/sk\/vysehrad-praha-sprievodca\/#Je_rotunda_sv_Martina_bezne_pristupna\" >Je rotunda sv. Martina be\u017ene pr\u00edstupn\u00e1?<\/a><\/li><\/ul><\/li><\/ul><\/nav><\/div>\n<h2 class=\"wp-block-heading\"><span class=\"ez-toc-section\" id=\"Zhrnutie\"><\/span><span class=\"ez-toc-section\" id=\"Zhrnutie\"><\/span>Zhrnutie<span class=\"ez-toc-section-end\"><\/span><span class=\"ez-toc-section-end\"><\/span><\/h2>\n<ul class=\"wp-block-list\">\n<li>Vstup do cel\u00e9ho are\u00e1lu Vy\u0161ehradu (parky, hradby, cesty) je \u00faplne <strong>zadarmo<\/strong> a otvoren\u00fd <strong>nonstop<\/strong>.<\/li>\n<li>Dominantou je bazilika sv. Petra a Pavla s \u00fachvatnou secesnou v\u00fdzdobou, vstupenka stoj\u00ed okolo <strong>5 \u20ac<\/strong>.<\/li>\n<li>Vy\u0161ehradsk\u00fd cintor\u00edn a hrobka Slav\u00edn s\u00fa miestom odpo\u010dinku elitn\u00fdch \u010desk\u00fdch umelcov (Anton\u00edn Dvo\u0159\u00e1k, Bed\u0159ich Smetana, Karel \u010capek).<\/li>\n<li>Z barokov\u00fdch hradieb sa otv\u00e1raj\u00fa najlep\u0161ie v\u00fdh\u013eady na Pra\u017esk\u00fd hrad, \u00fadolie Vltavy a Podol\u00ed.<\/li>\n<li>Podzemn\u00e9 <strong>kasematy<\/strong> ukr\u00fdvaj\u00fa s\u00e1lu <strong>Gorlice<\/strong>, kde s\u00fa ulo\u017een\u00e9 origin\u00e1ly barokov\u00fdch s\u00f4ch z Karlovho mosta.<\/li>\n<li>Rotunda sv. Martina je najstar\u0161ou dochovanou rotundou v Prahe, postavenou u\u017e v 11. storo\u010d\u00ed.<\/li>\n<li>Doprava je najjednoduch\u0161ia \u010dervenou linkou metra C na stanicu Vy\u0161ehrad, odkia\u013e idete po rovine.<\/li>\n<li>Pre rodiny s de\u0165mi je tu skvel\u00e9 tematick\u00e9 ihrisko in\u0161pirovan\u00e9 star\u00fdmi \u010desk\u00fdmi povestiami.<\/li>\n<\/ul>\n<figure class=\"wp-block-image size-full\"><img loading=\"lazy\" decoding=\"async\" width=\"1200\" height=\"800\" src=\"https:\/\/loudavymkrokem.cz\/wp-content\/uploads\/2026\/04\/vysehrad-4303.jpg\" alt=\"Vy\u0161ehrad s mal\u00fdm die\u0165a\u0165om\" class=\"wp-image-151149\" title=\"\" srcset=\"https:\/\/loudavymkrokem.cz\/wp-content\/uploads\/2026\/04\/vysehrad-4303.jpg 1200w, https:\/\/loudavymkrokem.cz\/wp-content\/uploads\/2026\/04\/vysehrad-4303-300x200.jpg 300w, https:\/\/loudavymkrokem.cz\/wp-content\/uploads\/2026\/04\/vysehrad-4303-700x467.jpg 700w, https:\/\/loudavymkrokem.cz\/wp-content\/uploads\/2026\/04\/vysehrad-4303-768x512.jpg 768w, https:\/\/loudavymkrokem.cz\/wp-content\/uploads\/2026\/04\/vysehrad-4303-696x464.jpg 696w\" sizes=\"auto, (max-width: 1200px) 100vw, 1200px\"><figcaption class=\"wp-element-caption\">Jar na Vy\u0161ehrade<\/figcaption><\/figure>\n<h2 class=\"wp-block-heading\"><span class=\"ez-toc-section\" id=\"Kedy_ist_na_Vysehrad_a_ako_to_naplanovat\"><\/span><span class=\"ez-toc-section\" id=\"Kedy_ist_na_Vysehrad_a_ako_to_naplanovat\"><\/span>Kedy \u00eds\u0165 na Vy\u0161ehrad a ako to napl\u00e1nova\u0165<span class=\"ez-toc-section-end\"><\/span><span class=\"ez-toc-section-end\"><\/span><\/h2>\n<p>Pl\u00e1novanie n\u00e1v\u0161tevy Vy\u0161ehradu je podstatne jednoduch\u0161ie ne\u017e logistika okolo Staromestsk\u00e9ho n\u00e1mestia. Ke\u010f\u017ee ve\u013ek\u00e1 \u010das\u0165 z\u00e1\u017eitku spo\u010d\u00edva v prech\u00e1dzke po hradb\u00e1ch a parkoch, po\u010dasie tu hr\u00e1 dos\u0165 z\u00e1sadn\u00fa rolu. Z vlastnej sk\u00fasenosti m\u00f4\u017eem poveda\u0165, \u017ee sem m\u00e1lokedy mieriim v prav\u00e9 poludnie uprostred augusta, ke\u010f sa do kamenn\u00fdch m\u00farov opiera slnko. Rad\u0161ej vol\u00edm okraje d\u0148a alebo chladnej\u0161ie mesiace, kedy m\u00e1 toto miesto ove\u013ea int\u00edmnej\u0161\u00ed r\u00e1z a nemus\u00edte sa pretl\u00e1\u010da\u0165 medzi desiatkami piknikuj\u00facich skupiniek.<\/p>\n<h3 class=\"wp-block-heading\"><span class=\"ez-toc-section\" id=\"Jar_a_jesen_ako_absolutni_favoriti\"><\/span><span class=\"ez-toc-section\" id=\"Jar_a_jesen_ako_absolutni_favoriti\"><\/span>Jar a jese\u0148 ako absol\u00fatni favoriti<span class=\"ez-toc-section-end\"><\/span><span class=\"ez-toc-section-end\"><\/span><\/h3>\n<p>Apr\u00edl, m\u00e1j a n\u00e1sledne september a okt\u00f3ber s\u00fa pre Vy\u0161ehrad objekt\u00edvne tie najlep\u0161ie mesiace. Zlat\u00e9 jesenn\u00e9 svetlo, ktor\u00e9 som tak milovala po\u010das svojho kurzu fotografie, rob\u00ed s tehlov\u00fdmi hradbami a temn\u00fdmi ve\u017eami baziliky divy. Na jese\u0148, okolo term\u00ednu Signal Festivalu (v roku 2026 prebieha <strong>15.\u201318. 10.<\/strong>), stromy v parku \u017eltn\u00fa a v\u00fdh\u013eady na hmlu dv\u00edhaj\u00facu sa z Vltavy maj\u00fa neuverite\u013en\u00fa h\u013abku. Jarn\u00e9 mesiace zasa prin\u00e1\u0161aj\u00fa rozkvitnut\u00e9 stromy pozd\u013a\u017e hradieb smerom k Podol\u00ed. V t\u00fdchto mesiacoch navy\u0161e teploty \u00faplne praj\u00fa dlh\u00fdm prech\u00e1dzkam bez toho, aby ste sa po desiatich min\u00fatach museli schov\u00e1va\u0165 do tie\u0148a.<\/p>\n<h3 class=\"wp-block-heading\"><span class=\"ez-toc-section\" id=\"Letne_vecery_a_zimna_melancholia\"><\/span><span class=\"ez-toc-section\" id=\"Letne_vecery_a_zimna_melancholia\"><\/span>Letn\u00e9 ve\u010dery a zimn\u00e1 melanch\u00f3lia<span class=\"ez-toc-section-end\"><\/span><span class=\"ez-toc-section-end\"><\/span><\/h3>\n<p>Leto na Vy\u0161ehrade je poriadne \u017eiv\u00e9. Kr\u010dmi\u010dky a letn\u00e9 sc\u00e9ny praskaj\u00fa vo \u0161v\u00edkoch, v parkoch hraj\u00fa \u013eudia na gitar\u00e1ch a celkovo to tu pripom\u00edna ve\u013ek\u00fd festival. Ak sem idete v j\u00fali alebo auguste, odpor\u00fa\u010dam \u00eds\u0165 skoro r\u00e1no, alebo naopak a\u017e na z\u00e1pad slnka. V\u00fdh\u013ead na zapadaj\u00face slnko za Pra\u017esk\u00fdm hradom od tunaj\u0161ej tehlovej vyhliadky je nato\u013eko zn\u00e1my, \u017ee tu ve\u010der stretnete desiatky fotografov s rozlo\u017een\u00fdmi stat\u00edvmi. Zima (janu\u00e1r, febru\u00e1r) je \u00faplne in\u00e1 kapitola. Ke\u010f nasne\u017e\u00ed, je Vy\u0161ehrad dokonale tich\u00fd. Cintor\u00edn zasypan\u00fd snehom p\u00f4sob\u00ed nesmierne majest\u00e1tne a m\u00e1te pocit, akoby ste sa ocitli uprostred 19. storo\u010dia. Mus\u00edte sa ale pripravi\u0165 na to, \u017ee vietor od rieky b\u00fdva na hradb\u00e1ch poriadne ostr\u00fd.<\/p>\n<h3 class=\"wp-block-heading\"><span class=\"ez-toc-section\" id=\"Kolko_casu_si_vyhradit\"><\/span><span class=\"ez-toc-section\" id=\"Kolko_casu_si_vyhradit\"><\/span>Ko\u013eko \u010dasu si vyhradi\u0165<span class=\"ez-toc-section-end\"><\/span><span class=\"ez-toc-section-end\"><\/span><\/h3>\n<p>Ak si chcete are\u00e1l len r\u00fdchlo prejs\u0165, odfoti\u0165 si v\u00fdh\u013ead a nakukn\u00fa\u0165 na cintor\u00edn, bud\u00fa v\u00e1m sta\u010di\u0165 <strong>dve hodiny<\/strong>. Ak ale chcete \u00eds\u0165 dovn\u00fatra do baziliky, zaplati\u0165 si prehliadku podzemn\u00fdch kasemat a necha\u0165 deti vy\u0161anti\u0165 na ihrisku, rezervujte si rovno <strong>pol d\u0148a<\/strong>. S Luk\u00e1\u0161om a Jon\u00e1\u0161om tu be\u017ene str\u00e1vime cel\u00e9 dopoludnie, zakon\u010d\u00edme to k\u00e1vou a potom pomaly sch\u00e1dzame dolu k rieke na obed. Vy\u0161ehrad nie je miesto na zhon \u2013 jeho genius loci spo\u010d\u00edva pr\u00e1ve v pomalom tempe.<\/p>\n<figure class=\"wp-block-image size-full\"><img loading=\"lazy\" decoding=\"async\" width=\"1200\" height=\"800\" src=\"https:\/\/loudavymkrokem.cz\/wp-content\/uploads\/2026\/04\/julius-hotel-praha-3880.jpg\" alt=\"V\u00fdlet v Prahe\" class=\"wp-image-151063\" title=\"\" srcset=\"https:\/\/loudavymkrokem.cz\/wp-content\/uploads\/2026\/04\/julius-hotel-praha-3880.jpg 1200w, https:\/\/loudavymkrokem.cz\/wp-content\/uploads\/2026\/04\/julius-hotel-praha-3880-300x200.jpg 300w, https:\/\/loudavymkrokem.cz\/wp-content\/uploads\/2026\/04\/julius-hotel-praha-3880-700x467.jpg 700w, https:\/\/loudavymkrokem.cz\/wp-content\/uploads\/2026\/04\/julius-hotel-praha-3880-768x512.jpg 768w, https:\/\/loudavymkrokem.cz\/wp-content\/uploads\/2026\/04\/julius-hotel-praha-3880-696x464.jpg 696w\" sizes=\"auto, (max-width: 1200px) 100vw, 1200px\"><figcaption class=\"wp-element-caption\">V\u00fdlet v Prahe<\/figcaption><\/figure>\n<h2 class=\"wp-block-heading\"><span class=\"ez-toc-section\" id=\"Kde_sa_ubytovat\"><\/span><span class=\"ez-toc-section\" id=\"Kde_sa_ubytovat\"><\/span>Kde sa ubytova\u0165<span class=\"ez-toc-section-end\"><\/span><span class=\"ez-toc-section-end\"><\/span><\/h2>\n<p>Ke\u010f sme naposledy rie\u0161ili ubytovanie v Prahe pre na\u0161u ka\u017edoro\u010dn\u00fa n\u00e1v\u0161tevu, chceli sme nie\u010do, \u010do je strategicky bl\u00edzko hlavn\u00fdch \u0165ahov, ale z\u00e1rove\u0148 pon\u00faka absol\u00fatny komfort, preto\u017ee cestovanie s dvojro\u010dn\u00fdm die\u0165a\u0165om m\u00e1 svoje \u0161pecifik\u00e1. Zvolili sme <strong>The <a class=\"thirstylink\" rel=\"nofollow\" target=\"_blank\" title=\"The Julius Hotel\" href=\"https:\/\/loudavymkrokem.cz\/doporucujeme\/the-julius-hotel\/\" data-shortcode=\"true\">Julius Hotel<\/a><\/strong> na Senov\u00e1\u017enom n\u00e1mest\u00ed a sp\u00e4tne to hodnot\u00edm ako jedno z najlep\u0161\u00edch rozhodnut\u00ed. B\u00fdvali sme v ich One Bedroom Suite, \u010do n\u00e1m dalo dostatok priestoru na ve\u010dern\u00e9 posedenie, ke\u010f u\u017e Jon\u00e1\u0161 spal. Dizajn je \u010dist\u00fd, premyslen\u00fd, s jemn\u00fdmi odkazmi na farby Alfonsa Muchu. Z hotela sa dostanete na Hlavn\u00e9 n\u00e1dra\u017eie (odkia\u013e je to na Vy\u0161ehrad metrom C len tri stanice) za slab\u00fdch <strong>p\u00e4\u0165 min\u00fat<\/strong>. Izby maj\u00fa plne vybaven\u00fa kuchynku, \u010do ocen\u00edte s die\u0165a\u0165om, ale aj v pr\u00edpade, \u017ee si radi priprav\u00edte vlastn\u00e9 ra\u0148ajky. Ceny a dostupnos\u0165 pre v\u00e1\u0161 term\u00edn si <a href=\"https:\/\/www.booking.com\/hotel\/cz\/julius-meinl-house-prague.html?aid=2397601\" target=\"_blank\" rel=\"noopener nofollow sponsored\">rezervujete cez Booking.com<\/a>.<\/p>\n<figure class=\"wp-block-image size-full\"><img loading=\"lazy\" decoding=\"async\" width=\"1200\" height=\"800\" src=\"https:\/\/loudavymkrokem.cz\/wp-content\/uploads\/2026\/04\/vysehrad-4337.jpg\" alt=\"V\u00fdh\u013ead z Vy\u0161ehradu\" class=\"wp-image-151164\" title=\"\" srcset=\"https:\/\/loudavymkrokem.cz\/wp-content\/uploads\/2026\/04\/vysehrad-4337.jpg 1200w, https:\/\/loudavymkrokem.cz\/wp-content\/uploads\/2026\/04\/vysehrad-4337-300x200.jpg 300w, https:\/\/loudavymkrokem.cz\/wp-content\/uploads\/2026\/04\/vysehrad-4337-700x467.jpg 700w, https:\/\/loudavymkrokem.cz\/wp-content\/uploads\/2026\/04\/vysehrad-4337-768x512.jpg 768w, https:\/\/loudavymkrokem.cz\/wp-content\/uploads\/2026\/04\/vysehrad-4337-696x464.jpg 696w\" sizes=\"auto, (max-width: 1200px) 100vw, 1200px\"><figcaption class=\"wp-element-caption\">V\u00fdh\u013ead z Vy\u0161ehradu<\/figcaption><\/figure>\n<h2 class=\"wp-block-heading\"><span class=\"ez-toc-section\" id=\"Co_vidiet_a_navstivit_na_Vysehrade\"><\/span><span class=\"ez-toc-section\" id=\"Co_vidiet_a_navstivit_na_Vysehrade\"><\/span>\u010co vidie\u0165 a nav\u0161t\u00edvi\u0165 na Vy\u0161ehrade<span class=\"ez-toc-section-end\"><\/span><span class=\"ez-toc-section-end\"><\/span><\/h2>\n<p>Samotn\u00fd are\u00e1l ukr\u00fdva mno\u017estvo historick\u00fdch pamiatok, vyhliadok a tajn\u00fdch z\u00e1kut\u00ed. Po\u010fme sa pozrie\u0165 na tie najzauj\u00edmavej\u0161ie miesta, ktor\u00e9 by ste pri svojej prech\u00e1dzke nemali vynecha\u0165.<\/p>\n<h3 class=\"wp-block-heading\"><span class=\"ez-toc-section\" id=\"Bazilika_sv_Petra_a_Pavla\"><\/span><span class=\"ez-toc-section\" id=\"Bazilika_sv_Petra_a_Pavla\"><\/span>Bazilika sv. Petra a Pavla<span class=\"ez-toc-section-end\"><\/span><span class=\"ez-toc-section-end\"><\/span><\/h3>\n<p>Dve temn\u00e9 novogotick\u00e9 ve\u017ee baziliky sv. Petra a Pavla tvoria neprehliadnute\u013en\u00fa dominantu pra\u017esk\u00e9ho panor\u00e1matu, ktor\u00fa spozn\u00e1te odkia\u013eko\u013evek. Hoci s\u00fa\u010dasn\u00e1 podoba poch\u00e1dza z prelomu 19. a 20. storo\u010dia, z\u00e1klady kostola pam\u00e4taj\u00fa 11. storo\u010die a vl\u00e1du kr\u00e1\u013ea Vratislava II. Interi\u00e9r je \u00fapln\u00fd vizu\u00e1lny \u0161ok \u2013 zatia\u013e \u010do zvonku p\u00f4sob\u00ed bazilika pr\u00edsne a stroho, vn\u00fatri naraz\u00edte na neuverite\u013ene farebn\u00fa, bohat\u00fa secesn\u00fa v\u00fdzdobu. Steny pokr\u00fdvaj\u00fa ornamenty a fresky od man\u017eelov Urbanov\u00fdch, ktor\u00ed sa in\u0161pirovali \u0161t\u00fdlom Alfonsa Muchu. Ja osobne do kostolov \u010dasto nechod\u00edm, ale t\u00e1to expl\u00f3zia farieb, ktor\u00e1 nem\u00e1 s klasickou chladnou gotikou ni\u010d spolo\u010dn\u00e9, ma v\u017edy znova bav\u00ed sk\u00fama\u0165.<\/p>\n<p>Otvoren\u00e9 je ka\u017ed\u00fd de\u0148, ale v nede\u013eu dopoludnia prebiehaj\u00fa om\u0161e, tak\u017ee je pre turistov zatvoren\u00e9 a\u017e do <strong>poludnia<\/strong>. Z\u00e1kladn\u00e9 vstupn\u00e9 v roku 2026 stoj\u00ed 5 \u20ac pre dospel\u00e9ho, l\u00edstky k\u00fapite priamo pri vchode. Z metra C Vy\u0161ehrad sem d\u00f4jdete pohodlnou ch\u00f4dzou parkom za desa\u0165 min\u00fat. <strong>\ud83d\udca1 Tip od miestnej:<\/strong> Venujte pozornos\u0165 detailom na fresk\u00e1ch v bo\u010dn\u00fdch lodiach \u2013 niektor\u00e9 tv\u00e1re sv\u00e4t\u00fdch maj\u00fa rysy vtedaj\u0161\u00edch pra\u017esk\u00fdch me\u0161\u0165anov, ktor\u00ed na v\u00fdzdobu kostola finan\u010dne prispeli.<\/p>\n<figure class=\"wp-block-image size-full\"><img loading=\"lazy\" decoding=\"async\" width=\"1200\" height=\"800\" src=\"https:\/\/loudavymkrokem.cz\/wp-content\/uploads\/2026\/04\/vysehrad-4305.jpg\" alt=\"Vy\u0161ehradsk\u00fd cintor\u00edn\" class=\"wp-image-151156\" title=\"\" srcset=\"https:\/\/loudavymkrokem.cz\/wp-content\/uploads\/2026\/04\/vysehrad-4305.jpg 1200w, https:\/\/loudavymkrokem.cz\/wp-content\/uploads\/2026\/04\/vysehrad-4305-300x200.jpg 300w, https:\/\/loudavymkrokem.cz\/wp-content\/uploads\/2026\/04\/vysehrad-4305-700x467.jpg 700w, https:\/\/loudavymkrokem.cz\/wp-content\/uploads\/2026\/04\/vysehrad-4305-768x512.jpg 768w, https:\/\/loudavymkrokem.cz\/wp-content\/uploads\/2026\/04\/vysehrad-4305-696x464.jpg 696w\" sizes=\"auto, (max-width: 1200px) 100vw, 1200px\"><figcaption class=\"wp-element-caption\">Vy\u0161ehradsk\u00fd cintor\u00edn<\/figcaption><\/figure>\n<div class=\"lk-zazitky-module\">\n<style>\n.lk-zazitky-module * { box-sizing: border-box; margin: 0; padding: 0; }\n.lk-zazitky-module {\n  font-family: 'DM Sans', Georgia, sans-serif;\n  max-width: 100%;\n  margin: 2.5rem auto;\n  background: linear-gradient(135deg, #fdf6f3 0%, #fbede7 100%);\n  border: 1px solid #f0d9cc;\n  border-radius: 16px;\n  overflow: hidden;\n  box-shadow: 0 16px 48px rgba(217, 119, 87, 0.18), 0 4px 12px rgba(0,0,0,0.06);\n}\n.lk-zazitky-header {\n  position: relative;\n  padding: 24px 32px;\n  background: linear-gradient(135deg, #d97757 0%, #c46b4b 60%, #d97757 100%);\n  display: flex;\n  align-items: center;\n  gap: 18px;\n}\n.lk-zazitky-header::before {\n  content: '';\n  position: absolute;\n  inset: 0;\n  background: url(\"data:image\/svg+xml,%3Csvg width='60' height='60' viewBox='0 0 60 60' xmlns='http:\/\/www.w3.org\/2000\/svg'%3E%3Cg fill='none' fill-rule='evenodd'%3E%3Cg fill='%23ffffff' fill-opacity='0.05'%3E%3Cpath d='M36 34v-4h-2v4h-4v2h4v4h2v-4h4v-2h-4zm0-30V0h-2v4h-4v2h4v4h2V6h4V4h-4zM6 34v-4H4v4H0v2h4v4h2v-4h4v-2H6zM6 4V0H4v4H0v2h4v4h2V6h4V4H6z'\/%3E%3C\/g%3E%3C\/g%3E%3C\/svg%3E\") repeat;\n  pointer-events: none;\n}\n.lk-zazitky-header img {\n  width: 64px; height: 64px; border-radius: 12px; flex-shrink: 0;\n  object-fit: cover; box-shadow: 0 4px 12px rgba(0,0,0,0.18); position: relative; z-index: 1;\n}\n.lk-zazitky-header-text { position: relative; z-index: 1; }\n.lk-zazitky-eyebrow {\n  font-size: 10px; font-weight: 600; letter-spacing: 2.5px; text-transform: uppercase;\n  color: rgba(255,255,255,.92); margin-bottom: 5px;\n}\n.lk-zazitky-title {\n  font-family: 'Playfair Display', Georgia, serif;\n  font-size: 24px; font-weight: 700; color: #fff; line-height: 1.2;\n  text-shadow: 0 1px 2px rgba(0,0,0,0.12);\n}\n.lk-zazitky-subtitle {\n  font-size: 13px; color: rgba(255,255,255,.85); margin-top: 4px; font-weight: 300;\n}\n.lk-zazitky-grid {\n  display: grid;\n  grid-template-columns: 1fr 1fr 1fr;\n  gap: 1px;\n  background: rgba(217, 119, 87, 0.12);\n}\n.lk-zazitek-card {\n  background: #ffffff; padding: 22px; display: flex; flex-direction: column; gap: 11px;\n  transition: all 0.3s ease; text-decoration: none; color: inherit; position: relative;\n}\n.lk-zazitek-card:hover {\n  background: #fffaf7; transform: translateY(-2px);\n  box-shadow: 0 8px 24px rgba(217, 119, 87, 0.15); z-index: 1;\n}\n.lk-zazitek-card.is-category {\n  background: linear-gradient(135deg, #fffaf7 0%, #fff3eb 100%);\n  box-shadow: inset 0 1px 0 rgba(217, 119, 87, 0.1);\n}\n.lk-zazitek-card.is-category:hover {\n  background: linear-gradient(135deg, #fff7f2 0%, #ffeee3 100%);\n}\n.lk-zazitek-badge {\n  display: inline-flex; align-items: center; gap: 5px;\n  font-size: 10px; font-weight: 600; letter-spacing: 1.5px; text-transform: uppercase;\n  padding: 5px 11px; border-radius: 20px; width: fit-content;\n  background: rgba(217, 119, 87, 0.10); color: #c46b4b; border: 1px solid rgba(217, 119, 87, 0.22);\n}\n.lk-zazitek-card.is-category .lk-zazitek-badge {\n  background: linear-gradient(135deg, #d97757 0%, #c46b4b 100%); color: #fff;\n  border-color: #c46b4b; box-shadow: 0 2px 8px rgba(217, 119, 87, 0.28);\n}\n.lk-zazitek-name {\n  font-family: 'Playfair Display', Georgia, serif;\n  font-size: 17px; font-weight: 700; color: #111827; line-height: 1.3;\n}\n.lk-zazitek-desc {\n  font-size: 13px; color: #525252; line-height: 1.6; font-weight: 300; flex: 1;\n}\n.lk-zazitek-meta { display: flex; align-items: center; gap: 12px; flex-wrap: wrap; margin-top: 4px; }\n.lk-zazitek-price { font-size: 13px; color: #6b7280; }\n.lk-zazitek-price strong { color: #c46b4b; font-weight: 600; }\n.lk-zazitek-cta {\n  display: inline-flex; align-items: center; justify-content: center; gap: 7px;\n  margin-top: 8px; padding: 11px 16px; border-radius: 8px;\n  background: linear-gradient(135deg, #d97757 0%, #c46b4b 100%);\n  color: #fff; font-size: 13px; font-weight: 500; text-decoration: none;\n  letter-spacing: .3px; transition: all .2s ease; cursor: pointer; border: none;\n  text-align: center; box-shadow: 0 4px 12px rgba(217, 119, 87, 0.28);\n  white-space: nowrap;\n}\n.lk-zazitek-cta:hover {\n  background: linear-gradient(135deg, #c46b4b 0%, #b35e3f 100%);\n  transform: translateY(-1px); box-shadow: 0 6px 16px rgba(217, 119, 87, 0.38);\n}\n.lk-zazitek-card.is-category .lk-zazitek-cta {\n  background: linear-gradient(135deg, #3685fc 0%, #2a6fd9 100%);\n  box-shadow: 0 4px 12px rgba(54, 133, 252, 0.22);\n}\n.lk-zazitek-card.is-category .lk-zazitek-cta:hover {\n  background: linear-gradient(135deg, #2a6fd9 0%, #1e5bc4 100%);\n  box-shadow: 0 6px 16px rgba(54, 133, 252, 0.32);\n}\n.lk-zazitky-footer {\n  padding: 16px 32px;\n  background: linear-gradient(to bottom, #fdf6f3 0%, #f9eae2 100%);\n  border-top: 1px solid rgba(217, 119, 87, 0.18);\n  display: flex; align-items: center; justify-content: center; flex-wrap: wrap; gap: 12px;\n}\n.lk-zazitky-discount {\n  display: inline-flex; align-items: center; gap: 8px;\n  font-size: 13px; color: #6b3a26; font-weight: 500;\n}\n.lk-zazitky-discount-code {\n  font-family: 'Courier New', monospace; font-weight: 700; color: #c46b4b;\n  background: rgba(217, 119, 87, 0.12); padding: 4px 10px; border-radius: 6px;\n  letter-spacing: 1px; font-size: 13px;\n}\n.lk-zazitky-disclaimer {\n  font-size: 11px; color: #8a6e60; font-weight: 300; line-height: 1.5;\n}\n.lk-zazitky-disclaimer a { color: #c46b4b; text-decoration: none; }\n.lk-zazitky-disclaimer a:hover { text-decoration: underline; }\n@media (max-width: 720px) {\n  .lk-zazitky-grid { grid-template-columns: 1fr; }\n  .lk-zazitky-header { padding: 20px 18px; }\n  .lk-zazitky-footer { padding: 14px 18px; }\n  .lk-zazitek-card { padding: 20px; }\n  .lk-zazitky-title { font-size: 20px; }\n}\n<\/style>\n<div class=\"lk-zazitky-header\">\n    <img decoding=\"async\" src=\"https:\/\/loudavymkrokem.cz\/wp-content\/uploads\/2026\/02\/lukas-a-lucka.jpg\" alt=\"Luk\u00e1\u0161 a Lucie\" title=\"\"><\/p>\n<div class=\"lk-zazitky-header-text\">\n<div class=\"lk-zazitky-eyebrow\">Tip Luk\u00e1\u0161a a Lucie<\/div>\n<div class=\"lk-zazitky-title\">Za\u017eite Prahu inak<\/div>\n<div class=\"lk-zazitky-subtitle\">3 overen\u00e9 tipy so z\u013eavou 5 % od partnera Firma na z\u00e1\u017eitky<\/div>\n<\/p><\/div>\n<\/p><\/div>\n<div class=\"lk-zazitky-grid\">\n<p>    <a class=\"lk-zazitek-card\" href=\"https:\/\/www.firmanazazitky.cz\/plavba-po-vltave-s-obedem?utm_source=loudavymkrokem&amp;utm_medium=referral&amp;utm_campaign=vysehrad-pruvodce-po-druhem-hrade-prahy-bazilika-hrbitov-hradby&amp;utm_content=zazitek-1\" target=\"_blank\" rel=\"nofollow noopener sponsored\"><br \/>\n      <span class=\"lk-zazitek-badge\">\ud83d\udee5 Plavba<\/span><\/p>\n<div class=\"lk-zazitek-name\">Plavba po Vltave s obedom<\/div>\n<div class=\"lk-zazitek-desc\">Vy\u0161ehradsk\u00e9 skaly z hladiny Vltavy &#8211; pokojn\u00e1 plavba s obedom uk\u00e1\u017ee druh\u00fd hrad Prahy z poh\u013eadu, ktor\u00fd si turisti nedopraj\u00fa.<\/div>\n<div class=\"lk-zazitek-meta\">\n        <span class=\"lk-zazitek-price\">od <strong>84 \u20ac<\/strong><\/span>\n      <\/div>\n<p>      <span class=\"lk-zazitek-cta\"><br \/>\n        <svg width=\"14\" height=\"14\" viewBox=\"0 0 24 24\" fill=\"none\" stroke=\"currentColor\" stroke-width=\"2\"><path d=\"M18 13v6a2 2 0 0 1-2 2H5a2 2 0 0 1-2-2V8a2 2 0 0 1 2-2h6\"\/><polyline points=\"15 3 21 3 21 9\"\/><line x1=\"10\" y1=\"14\" x2=\"21\" y2=\"3\"\/><\/svg><br \/>\n        Rezervova\u0165 so z\u013eavou<br \/>\n      <\/span><br \/>\n    <\/a><\/p>\n<p>    <a class=\"lk-zazitek-card\" href=\"https:\/\/www.firmanazazitky.cz\/vecere-v-tancicim-dome?utm_source=loudavymkrokem&amp;utm_medium=referral&amp;utm_campaign=vysehrad-pruvodce-po-druhem-hrade-prahy-bazilika-hrbitov-hradby&amp;utm_content=zazitek-2\" target=\"_blank\" rel=\"nofollow noopener sponsored\"><br \/>\n      <span class=\"lk-zazitek-badge\">\ud83c\udf7d Gastro<\/span><\/p>\n<div class=\"lk-zazitek-name\">Ve\u010dera v Tan\u010diacom dome<\/div>\n<div class=\"lk-zazitek-desc\">Po prech\u00e1dzke po hradb\u00e1ch Vy\u0161ehradu p\u00e1r stan\u00edc elektri\u010dkou &#8211; ve\u010dera s v\u00fdh\u013eadom na Pra\u017esk\u00fd hrad zo strechy Tan\u010diaceho domu.<\/div>\n<div class=\"lk-zazitek-meta\">\n        <span class=\"lk-zazitek-price\">od <strong>116 \u20ac<\/strong><\/span>\n      <\/div>\n<p>      <span class=\"lk-zazitek-cta\"><br \/>\n        <svg width=\"14\" height=\"14\" viewBox=\"0 0 24 24\" fill=\"none\" stroke=\"currentColor\" stroke-width=\"2\"><path d=\"M18 13v6a2 2 0 0 1-2 2H5a2 2 0 0 1-2-2V8a2 2 0 0 1 2-2h6\"\/><polyline points=\"15 3 21 3 21 9\"\/><line x1=\"10\" y1=\"14\" x2=\"21\" y2=\"3\"\/><\/svg><br \/>\n        Rezervova\u0165 so z\u013eavou<br \/>\n      <\/span><br \/>\n    <\/a><\/p>\n<p>    <a class=\"lk-zazitek-card is-category\" href=\"https:\/\/www.firmanazazitky.cz\/praha\/?utm_source=loudavymkrokem&amp;utm_medium=referral&amp;utm_campaign=vysehrad-pruvodce-po-druhem-hrade-prahy-bazilika-hrbitov-hradby&amp;utm_content=kategorie\" target=\"_blank\" rel=\"nofollow noopener sponsored\"><br \/>\n      <span class=\"lk-zazitek-badge\">\u2b50 V\u0161etko<\/span><\/p>\n<div class=\"lk-zazitek-name\">V\u0161etky z\u00e1\u017eitky v Prahe<\/div>\n<div class=\"lk-zazitek-desc\">Plavby, gastron\u00f3mia, pamiatky aj wellness &#8211; kompletn\u00e1 ponuka z\u00e1\u017eitkov v hlavnom meste.<\/div>\n<p>      <span class=\"lk-zazitek-cta\"><br \/>\n        Prezera\u0165 z\u00e1\u017eitky<br \/>\n        <svg width=\"12\" height=\"12\" viewBox=\"0 0 24 24\" fill=\"none\" stroke=\"currentColor\" stroke-width=\"2.5\"><polyline points=\"9 18 15 12 9 6\"\/><\/svg><br \/>\n      <\/span><br \/>\n    <\/a><\/p><\/div>\n<div class=\"lk-zazitky-footer\">\n    <span class=\"lk-zazitky-discount\"><br \/>\n      \u2b50 Z\u013eava 5 % s k\u00f3dom<br \/>\n      <span class=\"lk-zazitky-discount-code\">LOUDAVYMKROKEM5<\/span><br \/>\n    <\/span>\n  <\/div>\n<\/div>\n<h3 class=\"wp-block-heading\"><span class=\"ez-toc-section\" id=\"Vysehradsky_cintorin_a_hrobka_Slavin\"><\/span><span class=\"ez-toc-section\" id=\"Vysehradsky_cintorin_a_hrobka_Slavin\"><\/span>Vy\u0161ehradsk\u00fd cintor\u00edn a hrobka Slav\u00edn<span class=\"ez-toc-section-end\"><\/span><span class=\"ez-toc-section-end\"><\/span><\/h3>\n<p>Hne\u010f ved\u013ea baziliky sa nach\u00e1dza Vy\u0161ehradsk\u00fd cintor\u00edn, \u010do je miesto, ktor\u00e9 by sa dalo nazva\u0165 pante\u00f3nom \u010deskej kult\u00fary. Po\u010das n\u00e1rodn\u00e9ho obrodenia v 19. storo\u010d\u00ed sa z oby\u010dajn\u00e9ho farsk\u00e9ho cintor\u00edna stalo prest\u00ed\u017ene pohrebisko. Architektonicky najv\u00fdraznej\u0161\u00ed je Slav\u00edn, obrovsk\u00e1 spolo\u010dn\u00e1 hrobka, ktor\u00fa spozn\u00e1te pod\u013ea sochy okr\u00eddlen\u00e9ho g\u00e9nia na vrchole. Odpo\u010d\u00edva tu Alfons Mucha, Ema Destinnov\u00e1 alebo soch\u00e1r Josef V\u00e1clav Myslbek. Ke\u010f sa s Luk\u00e1\u0161om prech\u00e1dzame \u00fazkymi uli\u010dkami medzi n\u00e1hrobkami, \u010dasto h\u013ead\u00e1me zn\u00e1me men\u00e1 \u2013 n\u00e1jdete tu hrob Anton\u00edna Dvo\u0159\u00e1ka s kr\u00e1snou bustou, hrob Bed\u0159icha Smetanu alebo miesto odpo\u010dinku Karla \u010capka.<\/p>\n<p>Cintor\u00edn je pr\u00edstupn\u00fd zadarmo ka\u017ed\u00fd de\u0148 v roku. V lete sa br\u00e1ny zatv\u00e1raj\u00fa o <strong>18:00<\/strong>, v zimn\u00fdch mesiacoch u\u017e o <strong>16:00<\/strong>, na \u010do si dajte pozor pri pl\u00e1novan\u00ed popolud\u0148aj\u0161ej prech\u00e1dzky. V\u017edy tu panuje absol\u00fatne ticho a re\u0161pekt, tak\u017ee sem radi unik\u00e1me pred hlukom mesta. <strong>\ud83d\udca1 Tip od miestnej:<\/strong> Hrob Karla \u010capka nen\u00e1jdete priamo na centr\u00e1lnom Slav\u00edne, ale v zadnej \u010dasti cintor\u00edna (oddiel 12) \u2013 b\u00fdva \u010dasto obsypan\u00fd drobn\u00fdmi kamienkami a ceruzkami, ktor\u00e9 mu tam zanech\u00e1vaj\u00fa \u010ditatelia.<\/p>\n<figure class=\"wp-block-image size-full\"><img loading=\"lazy\" decoding=\"async\" width=\"1200\" height=\"800\" src=\"https:\/\/loudavymkrokem.cz\/wp-content\/uploads\/2026\/04\/vysehrad-4311.jpg\" alt=\"Vy\u0161ehradsk\u00fd cintor\u00edn\" class=\"wp-image-151160\" title=\"\" srcset=\"https:\/\/loudavymkrokem.cz\/wp-content\/uploads\/2026\/04\/vysehrad-4311.jpg 1200w, https:\/\/loudavymkrokem.cz\/wp-content\/uploads\/2026\/04\/vysehrad-4311-300x200.jpg 300w, https:\/\/loudavymkrokem.cz\/wp-content\/uploads\/2026\/04\/vysehrad-4311-700x467.jpg 700w, https:\/\/loudavymkrokem.cz\/wp-content\/uploads\/2026\/04\/vysehrad-4311-768x512.jpg 768w, https:\/\/loudavymkrokem.cz\/wp-content\/uploads\/2026\/04\/vysehrad-4311-696x464.jpg 696w\" sizes=\"auto, (max-width: 1200px) 100vw, 1200px\"><figcaption class=\"wp-element-caption\">Vy\u0161ehradsk\u00fd cintor\u00edn<\/figcaption><\/figure>\n<h3 class=\"wp-block-heading\"><span class=\"ez-toc-section\" id=\"Rotunda_sv_Martina\"><\/span><span class=\"ez-toc-section\" id=\"Rotunda_sv_Martina\"><\/span>Rotunda sv. Martina<span class=\"ez-toc-section-end\"><\/span><span class=\"ez-toc-section-end\"><\/span><\/h3>\n<p>Ke\u010f prech\u00e1dzate are\u00e1lom smerom od T\u00e1borskej br\u00e1ny, naraz\u00edte na mal\u00fa kruhov\u00fa stavbu, ktor\u00e1 p\u00f4sob\u00ed, akoby tam st\u00e1la od nepam\u00e4ti. Rotunda sv. Martina je najstar\u0161ou dochovanou rotundou v Prahe a poch\u00e1dza z 2. polovice 11. storo\u010dia. Pre\u017eila obrovsk\u00e9 mno\u017estvo katastrof, od plienenia po\u010das husitsk\u00fdch vojen a\u017e po obdobie, ke\u010f sl\u00fa\u017eila ako prach\u00e1rna alebo sklad. Je fascinuj\u00face vidie\u0165 tak\u00fato star\u00fa rom\u00e1nsku stavbu v relat\u00edvne neporu\u0161enom stave, zvl\u00e1\u0161\u0165 ke\u010f si uvedom\u00edte, \u017ee len k\u00fasok od nej jazdia modern\u00e9 aut\u00e1.<\/p>\n<p>Rotunda nie je be\u017ene pr\u00edstupn\u00e1 zvn\u00fatra, otv\u00e1ra sa len pri \u0161peci\u00e1lnych pr\u00edle\u017eitostiach alebo po\u010das bohoslu\u017eieb. Okolo nej v\u0161ak vedie hlavn\u00e1 cesta, tak\u017ee ju nem\u00f4\u017eete min\u00fa\u0165. Stoj\u00ed priamo pri kri\u017eovatke ciest smerom ku kasemat\u00e1m. <strong>\ud83d\udca1 Tip od miestnej:<\/strong> Cho\u010fte sa pozrie\u0165 zbl\u00edzka na jej fas\u00e1du z pravej strany \u2013 nad jedn\u00fdm z okien je do muriva st\u00e1le zamurovan\u00e1 delov\u00e1 gu\u013ea z roku 1757, ke\u010f Prahu obliehali prusk\u00e9 vojsk\u00e1.<\/p>\n<figure class=\"wp-block-image size-full\"><img loading=\"lazy\" decoding=\"async\" width=\"1200\" height=\"800\" src=\"https:\/\/loudavymkrokem.cz\/wp-content\/uploads\/2026\/04\/vysehrad-4348.jpg\" alt=\"Rotunda sv. Martina na Vy\u0161ehrade\" class=\"wp-image-151168\" title=\"\" srcset=\"https:\/\/loudavymkrokem.cz\/wp-content\/uploads\/2026\/04\/vysehrad-4348.jpg 1200w, https:\/\/loudavymkrokem.cz\/wp-content\/uploads\/2026\/04\/vysehrad-4348-300x200.jpg 300w, https:\/\/loudavymkrokem.cz\/wp-content\/uploads\/2026\/04\/vysehrad-4348-700x467.jpg 700w, https:\/\/loudavymkrokem.cz\/wp-content\/uploads\/2026\/04\/vysehrad-4348-768x512.jpg 768w, https:\/\/loudavymkrokem.cz\/wp-content\/uploads\/2026\/04\/vysehrad-4348-696x464.jpg 696w\" sizes=\"auto, (max-width: 1200px) 100vw, 1200px\"><figcaption class=\"wp-element-caption\">Rotunda sv. Martina na Vy\u0161ehrade<\/figcaption><\/figure>\n<h3 class=\"wp-block-heading\"><span class=\"ez-toc-section\" id=\"Vysehradske_kasematy_a_sala_Gorlice\"><\/span><span class=\"ez-toc-section\" id=\"Vysehradske_kasematy_a_sala_Gorlice\"><\/span>Vy\u0161ehradsk\u00e9 kasematy a s\u00e1la Gorlice<span class=\"ez-toc-section-end\"><\/span><span class=\"ez-toc-section-end\"><\/span><\/h3>\n<p>Pod barokov\u00fdmi tehlov\u00fdmi hradbami, ktor\u00e9 obop\u00ednaj\u00fa cel\u00fd Vy\u0161ehrad, sa ukr\u00fdva syst\u00e9m tajn\u00fdch vojensk\u00fdch chodieb zo 17. storo\u010dia. Tieto kasematy sl\u00fa\u017eili na r\u00fdchly a nepozorovan\u00fd presun vojakov. Prehliadka temn\u00fdch, \u00fazkych a mierne vlhk\u00fdch tehlov\u00fdch chodieb kon\u010d\u00ed v obrovskej podzemnej s\u00e1le zvanej Gorlice. T\u00e1 p\u00f4vodne sl\u00fa\u017eila ako zhroma\u017edisko vojska a sklad potrav\u00edn, ale dnes m\u00e1 ove\u013ea zauj\u00edmavej\u0161iu funkciu \u2013 funguje ako \u00falo\u017eisko pre nieko\u013eko origin\u00e1lnych barokov\u00fdch s\u00f4ch z Karlovho mosta, ktor\u00e9 museli by\u0165 kv\u00f4li poveternostn\u00fdm vplyvom nahraden\u00e9 k\u00f3piami. Vidie\u0165 obrovsk\u00e9 pieskov\u00e9 sochy v nasvietenom podzemnom priestore je dos\u0165 intenz\u00edvny z\u00e1\u017eitok.<\/p>\n<p>Vstup do kasemat n\u00e1jdete pri Tehlovej br\u00e1ne. Prehliadky prebiehaj\u00fa s pr\u016fvodcom ka\u017ed\u00fa cel\u00fa hodinu a pln\u00e9 vstupn\u00e9 je <strong>5,60 \u20ac<\/strong>. Otvoren\u00e9 je denne od <strong>9:30 do 17:00<\/strong> (v lete do 18:00). Vn\u00fatri je st\u00e1la teplota okolo <strong>15 \u00b0C<\/strong>. <strong>\ud83d\udca1 Tip od miestnej:<\/strong> V lete si so sebou dolu vezmite \u013eahk\u00fd sveter \u2013 aj ke\u010f je vonku tridsa\u0165 stup\u0148ov, po dvadsiatich min\u00fatach v podzemnej vlhkosti v\u00e1m za\u010dne by\u0165 zima.<\/p>\n<figure class=\"wp-block-image size-full\"><img loading=\"lazy\" decoding=\"async\" width=\"1200\" height=\"800\" src=\"https:\/\/loudavymkrokem.cz\/wp-content\/uploads\/2026\/04\/vysehrad-4340.jpg\" alt=\"Hradby na Vy\u0161ehrade\" class=\"wp-image-151163\" title=\"\" srcset=\"https:\/\/loudavymkrokem.cz\/wp-content\/uploads\/2026\/04\/vysehrad-4340.jpg 1200w, https:\/\/loudavymkrokem.cz\/wp-content\/uploads\/2026\/04\/vysehrad-4340-300x200.jpg 300w, https:\/\/loudavymkrokem.cz\/wp-content\/uploads\/2026\/04\/vysehrad-4340-700x467.jpg 700w, https:\/\/loudavymkrokem.cz\/wp-content\/uploads\/2026\/04\/vysehrad-4340-768x512.jpg 768w, https:\/\/loudavymkrokem.cz\/wp-content\/uploads\/2026\/04\/vysehrad-4340-696x464.jpg 696w\" sizes=\"auto, (max-width: 1200px) 100vw, 1200px\"><figcaption class=\"wp-element-caption\">Hradby na Vy\u0161ehrade<\/figcaption><\/figure>\n<h3 class=\"wp-block-heading\"><span class=\"ez-toc-section\" id=\"Hradby_vyhlady_a_povesti_o_Libusi\"><\/span><span class=\"ez-toc-section\" id=\"Hradby_vyhlady_a_povesti_o_Libusi\"><\/span>Hradby, v\u00fdh\u013eady a povesti o Libu\u0161i<span class=\"ez-toc-section-end\"><\/span><span class=\"ez-toc-section-end\"><\/span><\/h3>\n<p>To, \u010do rob\u00ed z Vy\u0161ehradu tak vyh\u013ead\u00e1van\u00e9 miesto, s\u00fa jeho mohutn\u00e9 barokov\u00e9 hradby. Tvoria dva a pol kilometra dlh\u00fd okruh, po ktorom sa d\u00e1 pohodlne chodi\u0165, a pon\u00fakaj\u00fa v\u00fdh\u013eady na v\u0161etky svetov\u00e9 strany. Najkraj\u0161\u00ed poh\u013ead je z juhoz\u00e1padn\u00e9ho basti\u00f3nu smerom na rieku, Podol\u00ed a proti\u013eahl\u00fd Zl\u00edchov. Z vyhliadky pri gal\u00e9rii sa zasa otv\u00e1ra ten najikonickej\u0161\u00ed poh\u013ead na Pra\u017esk\u00fd hrad cez strechy Nov\u00e9ho Mesta. K Vy\u0161ehradu sa via\u017eu legendy o k\u0148a\u017enej Libu\u0161i, ktor\u00e1 odtia\u013e mala ve\u0161tit sl\u00e1vu Prahy. Pri prech\u00e1dzke nad riekou si v\u0161imnete zr\u00facaninu gotickej hl\u00e1snice vystupuj\u00facej zo skaly \u2013 hovor\u00ed sa jej Libu\u0161ina k\u00fape\u013e, hoci historicky s b\u00e1jnou k\u0148a\u017enou nem\u00e1 ni\u010d spolo\u010dn\u00e9.<\/p>\n<p>Na tr\u00e1vniku v parku tie\u017e le\u017eia takzvan\u00e9 \u010certove st\u013apy, tri kusy rozlomen\u00e9ho \u017eulov\u00e9ho st\u013apu, ktor\u00e9 sem pod\u013ea povesti odhodil \u010dert, ke\u010f prehral st\u00e1vku s miestnym k\u0148azom. Are\u00e1l hradieb a parkov je pr\u00edstupn\u00fd nonstop a zadarmo. <strong>\ud83d\udca1 Tip od miestnej:<\/strong> Ak chcete ma\u0165 pokoj na fotky s v\u00fdh\u013eadom na Vltavu bez hl\u00e1v cudz\u00edch \u013eud\u00ed, pr\u00ed\u010fte sem v nede\u013eu r\u00e1no okolo \u00f4smej hodiny \u2013 hradby budete ma\u0165 prakticky len pre seba a rann\u00fdch pejsk\u00e1rov.<\/p>\n<figure class=\"wp-block-image size-full\"><img loading=\"lazy\" decoding=\"async\" width=\"1200\" height=\"800\" src=\"https:\/\/loudavymkrokem.cz\/wp-content\/uploads\/2026\/04\/vysehrad-4316.jpg\" alt=\"V\u00fdh\u013ead z Vy\u0161ehradu\" class=\"wp-image-151159\" title=\"\" srcset=\"https:\/\/loudavymkrokem.cz\/wp-content\/uploads\/2026\/04\/vysehrad-4316.jpg 1200w, https:\/\/loudavymkrokem.cz\/wp-content\/uploads\/2026\/04\/vysehrad-4316-300x200.jpg 300w, https:\/\/loudavymkrokem.cz\/wp-content\/uploads\/2026\/04\/vysehrad-4316-700x467.jpg 700w, https:\/\/loudavymkrokem.cz\/wp-content\/uploads\/2026\/04\/vysehrad-4316-768x512.jpg 768w, https:\/\/loudavymkrokem.cz\/wp-content\/uploads\/2026\/04\/vysehrad-4316-696x464.jpg 696w\" sizes=\"auto, (max-width: 1200px) 100vw, 1200px\"><figcaption class=\"wp-element-caption\">V\u00fdh\u013ead z Vy\u0161ehradu<\/figcaption><\/figure>\n<h3 class=\"wp-block-heading\"><span class=\"ez-toc-section\" id=\"S_detmi_na_Vysehrad_Ihrisko_zo_starych_povesti\"><\/span><span class=\"ez-toc-section\" id=\"S_detmi_na_Vysehrad_Ihrisko_zo_starych_povesti\"><\/span>S de\u0165mi na Vy\u0161ehrad: Ihrisko zo star\u00fdch povest\u00ed<span class=\"ez-toc-section-end\"><\/span><span class=\"ez-toc-section-end\"><\/span><\/h3>\n<p>Ke\u010f sme s Jon\u00e1\u0161om v Prahe, detsk\u00e9 ihrisk\u00e1 sa stali na\u0161ou novou zast\u00e1vkou medzi pamiatkami. Vy\u0161ehradsk\u00e9 ihrisko \u201eZo Star\u00fdch povest\u00ed \u010desk\u00fdch&#8220; n\u00e1jdete v pokojnej \u010dasti parku bl\u00edzko rotundy sv. Martina a cel\u00e9 je postaven\u00e9 z mas\u00edvneho ag\u00e1tov\u00e9ho dreva. N\u00e1jdete tu dreven\u00e9 sochy Bivoja s kancom, r\u00f4zne prelieza\u010dky, mal\u00e9 dom\u010deky a hojda\u010dky \u2013 v\u0161etko citlivo zakomponovan\u00e9 do prostredia pod vzrastl\u00fdmi stromami.<\/p>\n<p>Ihrisko je oploten\u00e9, \u010do ako rodi\u010d s bato\u013ea\u0165om, ktor\u00e9 rado beh\u00e1va v\u0161etk\u00fdmi smermi, nesmierne oce\u0148ujem. Na zemi je m\u00e4kk\u00fd piesok a \u0161trk a n\u00e1jdete tu dostatok lavi\u010diek na oddych. Vstup je pochopite\u013ene zadarmo.<\/p>\n<figure class=\"wp-block-image size-full\"><img loading=\"lazy\" decoding=\"async\" width=\"1200\" height=\"800\" src=\"https:\/\/loudavymkrokem.cz\/wp-content\/uploads\/2026\/04\/vysehrad-4346.jpg\" alt=\"Ihrisko na Vy\u0161ehrade\" class=\"wp-image-151166\" title=\"\" srcset=\"https:\/\/loudavymkrokem.cz\/wp-content\/uploads\/2026\/04\/vysehrad-4346.jpg 1200w, https:\/\/loudavymkrokem.cz\/wp-content\/uploads\/2026\/04\/vysehrad-4346-300x200.jpg 300w, https:\/\/loudavymkrokem.cz\/wp-content\/uploads\/2026\/04\/vysehrad-4346-700x467.jpg 700w, https:\/\/loudavymkrokem.cz\/wp-content\/uploads\/2026\/04\/vysehrad-4346-768x512.jpg 768w, https:\/\/loudavymkrokem.cz\/wp-content\/uploads\/2026\/04\/vysehrad-4346-696x464.jpg 696w\" sizes=\"auto, (max-width: 1200px) 100vw, 1200px\"><figcaption class=\"wp-element-caption\">Ihrisko na Vy\u0161ehrade<\/figcaption><\/figure>\n<h2 class=\"wp-block-heading\"><span class=\"ez-toc-section\" id=\"Prakticke_info_pre_vasu_navstevu\"><\/span><span class=\"ez-toc-section\" id=\"Prakticke_info_pre_vasu_navstevu\"><\/span>Praktick\u00e9 info pre va\u0161u n\u00e1v\u0161tevu<span class=\"ez-toc-section-end\"><\/span><span class=\"ez-toc-section-end\"><\/span><\/h2>\n<p>Sk\u00f4r ne\u017e na Vy\u0161ehrad vyraz\u00edte, sp\u00edsala som pre v\u00e1s p\u00e1r praktick\u00fdch inform\u00e1ci\u00ed oh\u013eadom dopravy, jedla a vstupeniek.<\/p>\n<p><strong>Doprava a ako sa tam dosta\u0165:<\/strong> Naj\u013eah\u0161\u00ed pr\u00edstup na Vy\u0161ehrad je \u010dervenou linkou metra C na stanicu Vy\u0161ehrad. Odtia\u013e idete zhruba 10 min\u00fat pe\u0161o po \u00faplnej rovine okolo Kongresov\u00e9ho centra a\u017e k T\u00e1borskej br\u00e1ne. T\u00e1to trasa je ide\u00e1lna pre ko\u010d\u00edky alebo \u013eud\u00ed s obmedzenou mobilitou. Druhou, o nie\u010do romantickej\u0161ou mo\u017enos\u0165ou, je pr\u00eds\u0165 elektri\u010dkou (\u010d\u00edsla 2, 3, 17, 21) na zast\u00e1vku V\u00fdto\u0148 a vyjs\u0165 si kopcom nahor pozd\u013a\u017e hradieb. Je to s\u00edce poriadne st\u00fapanie, ale postupne sa v\u00e1m otv\u00e1raj\u00fa skvel\u00e9 v\u00fdh\u013eady na rieku. Ak cestujete zo Slovenska, z Bratislavy sa do Prahy pohodlne dostanete vlakom RegioJet za necel\u00e9 \u0161tyri hodiny alebo autobusom <a class=\"thirstylink\" rel=\"nofollow\" target=\"_blank\" title=\"Flixbus\" href=\"https:\/\/loudavymkrokem.cz\/sk\/doporucujeme\/flixbus\/\" data-shortcode=\"true\">FlixBus<\/a>. Z\u00e1kladn\u00e1 <strong>30-min\u00fatov\u00e1<\/strong> pra\u017esk\u00e1 MHD l\u00edstok stoj\u00ed <strong>1,20 \u20ac<\/strong>, celodenn\u00e1 <strong>6 \u20ac<\/strong>.<\/p>\n<p><strong>Jedlo a pitie:<\/strong> Priamo v are\u00e1li Vy\u0161ehradu je nieko\u013eko kaviarn\u00ed a re\u0161taur\u00e1ci\u00ed, kam m\u00f4\u017eete zajs\u0165. My sme ned\u00e1vno boli na z\u00e1kusku a k\u00e1ve, ke\u010f n\u00e1\u0161 syn 30 min\u00fat po ra\u0148ajk\u00e1ch nutne potreboval nie\u010do zajes\u0165.<\/p>\n<p><strong>Vstupn\u00e9 a otv\u00e1racie hodiny:<\/strong> Ako som u\u017e spom\u00ednala, samotn\u00fd are\u00e1l \u2013 parky, cesty, hradby \u2013 je otvoren\u00fd nonstop a zadarmo. Plat\u00ed sa len vstup do konkr\u00e9tnych objektov:<\/p>\n<ul class=\"wp-block-list\">\n<li>Bazilika sv. Petra a Pavla: cca 5 \u20ac (denne, nede\u013ea a\u017e od 12:00)<\/li>\n<li>Kasematy a Gorlice: cca 5,60 \u20ac (denne 9:30\u201317:00\/18:00)<\/li>\n<li>Vy\u0161ehradsk\u00fd cintor\u00edn: zadarmo (otvoren\u00e9 denne, zatv\u00e1ra sa o 16:00 alebo 18:00 pod\u013ea sez\u00f3ny).<\/li>\n<\/ul>\n<figure class=\"wp-block-image size-full\"><img loading=\"lazy\" decoding=\"async\" width=\"1200\" height=\"800\" src=\"https:\/\/loudavymkrokem.cz\/wp-content\/uploads\/2026\/04\/vysehrad-4349.jpg\" alt=\"Bistro na Vy\u0161ehrade\" class=\"wp-image-151169\" title=\"\" srcset=\"https:\/\/loudavymkrokem.cz\/wp-content\/uploads\/2026\/04\/vysehrad-4349.jpg 1200w, https:\/\/loudavymkrokem.cz\/wp-content\/uploads\/2026\/04\/vysehrad-4349-300x200.jpg 300w, https:\/\/loudavymkrokem.cz\/wp-content\/uploads\/2026\/04\/vysehrad-4349-700x467.jpg 700w, https:\/\/loudavymkrokem.cz\/wp-content\/uploads\/2026\/04\/vysehrad-4349-768x512.jpg 768w, https:\/\/loudavymkrokem.cz\/wp-content\/uploads\/2026\/04\/vysehrad-4349-696x464.jpg 696w\" sizes=\"auto, (max-width: 1200px) 100vw, 1200px\"><figcaption class=\"wp-element-caption\">Kaviare\u0148 Bystro na Vy\u0161ehrade<\/figcaption><\/figure>\n<h2 class=\"wp-block-heading\"><span class=\"ez-toc-section\" id=\"Kam_dalej\"><\/span><span class=\"ez-toc-section\" id=\"Kam_dalej\"><\/span>Kam \u010falej<span class=\"ez-toc-section-end\"><\/span><span class=\"ez-toc-section-end\"><\/span><\/h2>\n<ul class=\"wp-block-list\">\n<li>Pripravujete si celkov\u00fd itiner\u00e1r? Pre\u010d\u00edtajte si m\u00f4jho ve\u013ek\u00e9ho sprievodcu <a href=\"https:\/\/loudavymkrokem.cz\/sk\/co-vidiet-v-prahe\/\">\u010co vidie\u0165 v Prahe<\/a>, kde n\u00e1jdete desiatky \u010fal\u0161\u00edch tipov mimo hlavn\u00fdch turistick\u00fdch tr\u00e1s.<\/li>\n<li>Ak chcete porovna\u0165 pokojn\u00fd Vy\u0161ehrad s jeho sl\u00e1vnej\u0161\u00edm s\u00farodencom, pozrite sa na \u010dl\u00e1nok o <a href=\"https:\/\/loudavymkrokem.cz\/sk\/?p=141645\">Pra\u017eskom hrade<\/a>.<\/li>\n<li>Cestujete s mal\u00fdmi de\u0165mi? Potom sa v\u00e1m bude hodi\u0165 \u0161peci\u00e1lny rozcestn\u00edk <a href=\"https:\/\/loudavymkrokem.cz\/sk\/praha-s-detmi-hernicky-tipy\/\">\u010co robi\u0165 s bato\u013ea\u0165om v Prahe<\/a>, kde zdie\u013eam ob\u013e\u00faben\u00e9 ihrisk\u00e1 a baby-friendly kaviarne.<\/li>\n<\/ul>\n<h2 class=\"wp-block-heading\"><span class=\"ez-toc-section\" id=\"Casto_kladene_otazky\"><\/span><span class=\"ez-toc-section\" id=\"Casto_kladene_otazky\"><\/span>\u010casto kladen\u00e9 ot\u00e1zky<span class=\"ez-toc-section-end\"><\/span><span class=\"ez-toc-section-end\"><\/span><\/h2>\n<div id=\"rank-math-faq\" class=\"rank-math-block\">\n<div class=\"rank-math-list \">\n<div id=\"faq-question-1777055066991\" class=\"rank-math-list-item\">\n<h3 class=\"rank-math-question \"><span class=\"ez-toc-section\" id=\"Je_vstup_na_Vysehrad_spoplatneny\"><\/span><span class=\"ez-toc-section\" id=\"Je_vstup_na_Vysehrad_spoplatneny\"><\/span><strong>Je vstup na Vy\u0161ehrad spoplatnen\u00fd?<\/strong><span class=\"ez-toc-section-end\"><\/span><span class=\"ez-toc-section-end\"><\/span><\/h3>\n<div class=\"rank-math-answer \">\n<p>Nie, vstup do cel\u00e9ho vonkaj\u0161ieho are\u00e1lu, na hradby a do parkov je \u00faplne zadarmo. Plat\u00edte len v pr\u00edpade, \u017ee chcete \u00eds\u0165 dovn\u00fatra do baziliky, do podzemn\u00fdch kasemat alebo do gal\u00e9rie.<\/p>\n<\/div>\n<\/div>\n<div id=\"faq-question-1777055079043\" class=\"rank-math-list-item\">\n<h3 class=\"rank-math-question \"><span class=\"ez-toc-section\" id=\"Mozem_vziat_na_Vysehrad_psa\"><\/span><span class=\"ez-toc-section\" id=\"Mozem_vziat_na_Vysehrad_psa\"><\/span><strong>M\u00f4\u017eem vzia\u0165 na Vy\u0161ehrad psa?<\/strong> <span class=\"ez-toc-section-end\"><\/span><span class=\"ez-toc-section-end\"><\/span><\/h3>\n<div class=\"rank-math-answer \">\n<p>\u00c1no, Vy\u0161ehrad je medzi miestnymi pejsk\u00e1rmi ve\u013emi ob\u013e\u00faben\u00fd. Psy ale musia by\u0165 v are\u00e1li n\u00e1rodnej kult\u00farnej pamiatky na vod\u00edtku a nesm\u00fa vstupova\u0165 na detsk\u00e9 ihrisko ani na cintor\u00edn.<\/p>\n<\/div>\n<\/div>\n<div id=\"faq-question-1777055083751\" class=\"rank-math-list-item\">\n<h3 class=\"rank-math-question \"><span class=\"ez-toc-section\" id=\"Je_Vysehrad_vhodny_pre_kociky_a_vozickarov\"><\/span><span class=\"ez-toc-section\" id=\"Je_Vysehrad_vhodny_pre_kociky_a_vozickarov\"><\/span><strong>Je Vy\u0161ehrad vhodn\u00fd pre ko\u010d\u00edky a voz\u00ed\u010dk\u00e1rov?<\/strong><span class=\"ez-toc-section-end\"><\/span><span class=\"ez-toc-section-end\"><\/span><\/h3>\n<div class=\"rank-math-answer \">\n<p>Rozhodne \u00e1no. Ak pr\u00eddete metrom C na stanicu Vy\u0161ehrad, cel\u00e1 cesta a\u017e k bazilike a hlavn\u00fd okruh po hradb\u00e1ch vedie po asfaltov\u00fdch, rovn\u00fdch cest\u00e1ch bez schodov. Len niektor\u00e9 bo\u010dn\u00e9 uli\u010dky maj\u00fa dla\u017eobn\u00e9 kocky.<\/p>\n<\/div>\n<\/div>\n<div id=\"faq-question-1777055092052\" class=\"rank-math-list-item\">\n<h3 class=\"rank-math-question \"><span class=\"ez-toc-section\" id=\"Ako_dlho_trva_prehliadka_Vysehradu\"><\/span><span class=\"ez-toc-section\" id=\"Ako_dlho_trva_prehliadka_Vysehradu\"><\/span><strong>Ako dlho trv\u00e1 prehliadka Vy\u0161ehradu?<\/strong><span class=\"ez-toc-section-end\"><\/span><span class=\"ez-toc-section-end\"><\/span><\/h3>\n<div class=\"rank-math-answer \">\n<p>Na pokojn\u00fa prech\u00e1dzku spojen\u00fa s v\u00fdh\u013eadmi z hradieb a n\u00e1v\u0161tevou cintor\u00edna odpor\u00fa\u010dam vyhradi\u0165 si 2 a\u017e 3 hodiny. S n\u00e1v\u0161tevou interi\u00e9rov a obedom tu \u013eahko str\u00e1vite pol d\u0148a.<\/p>\n<\/div>\n<\/div>\n<div id=\"faq-question-1777055100734\" class=\"rank-math-list-item\">\n<h3 class=\"rank-math-question \"><span class=\"ez-toc-section\" id=\"Kde_sa_da_pri_Vysehrade_zaparkovat\"><\/span><span class=\"ez-toc-section\" id=\"Kde_sa_da_pri_Vysehrade_zaparkovat\"><\/span><strong>Kde sa d\u00e1 pri Vy\u0161ehrade zaparkova\u0165?<\/strong> <span class=\"ez-toc-section-end\"><\/span><span class=\"ez-toc-section-end\"><\/span><\/h3>\n<div class=\"rank-math-answer \">\n<p>Najlep\u0161ie je necha\u0165 auto v platen\u00fdch z\u00f3nach (fialov\u00e9 z\u00f3ny) v okol\u00ed stanice metra Vy\u0161ehrad alebo dole v Podol\u00ed pri p\u00f4rodnici a zvy\u0161ok d\u00f4js\u0165 pe\u0161o.<\/p>\n<\/div>\n<\/div>\n<div id=\"faq-question-1777055115685\" class=\"rank-math-list-item\">\n<h3 class=\"rank-math-question \"><span class=\"ez-toc-section\" id=\"Je_rotunda_sv_Martina_bezne_pristupna\"><\/span><span class=\"ez-toc-section\" id=\"Je_rotunda_sv_Martina_bezne_pristupna\"><\/span><strong>Je rotunda sv. Martina be\u017ene pr\u00edstupn\u00e1?<\/strong><span class=\"ez-toc-section-end\"><\/span><span class=\"ez-toc-section-end\"><\/span><\/h3>\n<div class=\"rank-math-answer \">\n<p>Nie, rotunda je z bezpe\u010dnostn\u00fdch a pamiatkov\u00fdch d\u00f4vodov po v\u00e4\u010d\u0161inu roka uzavret\u00e1 a zvonku si ju prezriete len cez pl\u00f4tik. Otv\u00e1ra sa len v\u00fdnimo\u010dne, napr\u00edklad po\u010das Noci kostolov alebo Dn\u00ed eur\u00f3pskeho dedi\u010dstva.<\/p>\n<\/div>\n<\/div>\n<\/div>\n<\/div>\n","protected":false},"excerpt":{"rendered":"<p>Vy\u0161ehrad je jedno z mojich najob\u013e\u00fabenej\u0161\u00edch miest v Prahe \u2013 je tu pokoj, nie je tu n\u00e1val a m\u00e1te odtia\u013eto najkraj\u0161ie pra\u017esk\u00e9 v\u00fdh\u013eady.<\/p>\n","protected":false},"author":3,"featured_media":151159,"comment_status":"open","ping_status":"open","sticky":false,"template":"","format":"standard","meta":{"footnotes":"","rank_math_title":"","rank_math_description":"","rank_math_focus_keyword":"","rank_math_seo_score":""},"categories":[977,952,955],"tags":[],"class_list":{"0":"post-151242","1":"post","2":"type-post","3":"status-publish","4":"format-standard","5":"has-post-thumbnail","7":"category-ceska-republika","8":"category-cestovanie","9":"category-europa"},"featured_image_src":"https:\/\/loudavymkrokem.cz\/wp-content\/uploads\/2026\/04\/vysehrad-4316.jpg","author_info":{"display_name":"Lucie Kone\u010dn\u00e1","author_link":"https:\/\/loudavymkrokem.cz\/sk\/author\/lucie-konecna\/"},"_links":{"self":[{"href":"https:\/\/loudavymkrokem.cz\/sk\/wp-json\/wp\/v2\/posts\/151242","targetHints":{"allow":["GET"]}}],"collection":[{"href":"https:\/\/loudavymkrokem.cz\/sk\/wp-json\/wp\/v2\/posts"}],"about":[{"href":"https:\/\/loudavymkrokem.cz\/sk\/wp-json\/wp\/v2\/types\/post"}],"author":[{"embeddable":true,"href":"https:\/\/loudavymkrokem.cz\/sk\/wp-json\/wp\/v2\/users\/3"}],"replies":[{"embeddable":true,"href":"https:\/\/loudavymkrokem.cz\/sk\/wp-json\/wp\/v2\/comments?post=151242"}],"version-history":[{"count":1,"href":"https:\/\/loudavymkrokem.cz\/sk\/wp-json\/wp\/v2\/posts\/151242\/revisions"}],"predecessor-version":[{"id":151567,"href":"https:\/\/loudavymkrokem.cz\/sk\/wp-json\/wp\/v2\/posts\/151242\/revisions\/151567"}],"wp:featuredmedia":[{"embeddable":true,"href":"https:\/\/loudavymkrokem.cz\/sk\/wp-json\/wp\/v2\/media\/151159"}],"wp:attachment":[{"href":"https:\/\/loudavymkrokem.cz\/sk\/wp-json\/wp\/v2\/media?parent=151242"}],"wp:term":[{"taxonomy":"category","embeddable":true,"href":"https:\/\/loudavymkrokem.cz\/sk\/wp-json\/wp\/v2\/categories?post=151242"},{"taxonomy":"post_tag","embeddable":true,"href":"https:\/\/loudavymkrokem.cz\/sk\/wp-json\/wp\/v2\/tags?post=151242"}],"curies":[{"name":"wp","href":"https:\/\/api.w.org\/{rel}","templated":true}]}}