{"id":417570,"date":"2026-09-04T20:53:47","date_gmt":"2026-09-04T18:53:47","guid":{"rendered":"https:\/\/loudavymkrokem.cz\/unde-sa-stai-strasbourg-franta\/"},"modified":"2026-09-05T16:32:41","modified_gmt":"2026-09-05T14:32:41","slug":"unde-sa-stai-strasbourg-franta","status":"publish","type":"post","link":"https:\/\/loudavymkrokem.cz\/ro\/unde-sa-stai-strasbourg-franta\/","title":{"rendered":"Unde s\u0103 stai \u00een Strasbourg, Fran\u021ba: 18 hoteluri \u0219i cartiere \u00een 2026"},"content":{"rendered":"\n<p class=\"wp-block-paragraph\">Strasbourg, Fran\u021ba este un ora\u0219 care te cucere\u0219te complet cu atmosfera lui, mai ales atunci c\u00e2nd str\u0103du\u021bele se aprind cu mii de lumini\u021be \u0219i miroase a vin fiert. <strong>Alegerea caz\u0103rii potrivite<\/strong> func\u021bioneaz\u0103 \u00eens\u0103 aici pu\u021bin altfel dec\u00e2t \u00een majoritatea capitalelor europene, pentru c\u0103 <strong>la Strasbourg conteaz\u0103 mai ales data<\/strong>, nu hotelul \u00een sine.<\/p>\n\n\n\n<p class=\"wp-block-paragraph\">Dac\u0103 pl\u0103nuie\u0219ti o vizit\u0103 \u00een perioada faimoaselor t\u00e2rguri de Cr\u0103ciun, preg\u0103te\u0219te-te de faptul c\u0103 <strong>un hotel \u00een centrul istoric te poate costa de trei ori mai mult dec\u00e2t pre\u021bul din ianuarie<\/strong>. Cele mai bune adrese de pe insula Grande \u00cele dispar de pe portalurile de rezervare cu o vitez\u0103 incredibil\u0103 \u0219i de aceea <strong>se epuizeaz\u0103 lejer cu \u0219ase p\u00e2n\u0103 la nou\u0103 luni \u00eenainte<\/strong>.<\/p>\n\n\n\n<p class=\"wp-block-paragraph\">\u00ce\u021bi ar\u0103t cum s\u0103 evi\u021bi cele mai mari capcane turistice \u2014 \u0219i \u00ee\u021bi dezv\u0103lui un mic secret datorit\u0103 c\u0103ruia po\u021bi economisi 30 p\u00e2n\u0103 la 40 la sut\u0103 din pre\u021bul de advent, dac\u0103 te cazezi la doar zece p\u00e2n\u0103 la dou\u0103zeci de minute de mers pe jos de miezul istoric.<\/p>\n\n\n\n<figure data-wp-context=\"{&quot;imageId&quot;:&quot;6a9c3a6e4fd9b&quot;}\" data-wp-interactive=\"core\/image\" data-wp-key=\"6a9c3a6e4fd9b\" class=\"wp-block-image size-full wp-lightbox-container\"><img decoding=\"async\" width=\"1920\" height=\"1848\" data-wp-class--hide=\"state.isContentHidden\" data-wp-class--show=\"state.isContentVisible\" data-wp-init=\"callbacks.setButtonStyles\" data-wp-on--click=\"actions.showLightbox\" data-wp-on--load=\"callbacks.setButtonStyles\" data-wp-on--pointerdown=\"actions.preloadImage\" data-wp-on--pointerenter=\"actions.preloadImageWithDelay\" data-wp-on--pointerleave=\"actions.cancelPreload\" data-wp-on-window--resize=\"callbacks.setButtonStyles\" src=\"https:\/\/loudavymkrokem.cz\/wp-content\/uploads\/2026\/09\/grande-ile-historicke-jadro-strasburku-2b97f23a.jpg\" alt=\"Grande \u00cele, miezul istoric al Strasbourgului\" class=\"wp-image-413380\" title=\"\" srcset=\"https:\/\/loudavymkrokem.cz\/wp-content\/uploads\/2026\/09\/grande-ile-historicke-jadro-strasburku-2b97f23a.jpg 1920w, https:\/\/loudavymkrokem.cz\/wp-content\/uploads\/2026\/09\/grande-ile-historicke-jadro-strasburku-2b97f23a-300x289.jpg 300w, https:\/\/loudavymkrokem.cz\/wp-content\/uploads\/2026\/09\/grande-ile-historicke-jadro-strasburku-2b97f23a-700x674.jpg 700w, https:\/\/loudavymkrokem.cz\/wp-content\/uploads\/2026\/09\/grande-ile-historicke-jadro-strasburku-2b97f23a-768x739.jpg 768w, https:\/\/loudavymkrokem.cz\/wp-content\/uploads\/2026\/09\/grande-ile-historicke-jadro-strasburku-2b97f23a-1536x1478.jpg 1536w, https:\/\/loudavymkrokem.cz\/wp-content\/uploads\/2026\/09\/grande-ile-historicke-jadro-strasburku-2b97f23a-696x670.jpg 696w, https:\/\/loudavymkrokem.cz\/wp-content\/uploads\/2026\/09\/grande-ile-historicke-jadro-strasburku-2b97f23a-1392x1340.jpg 1392w\" sizes=\"(max-width: 1920px) 100vw, 1920px\" \/><button\n\t\t\tclass=\"lightbox-trigger\"\n\t\t\ttype=\"button\"\n\t\t\taria-haspopup=\"dialog\"\n\t\t\tdata-wp-bind--aria-label=\"state.thisImage.triggerButtonAriaLabel\"\n\t\t\tdata-wp-init=\"callbacks.initTriggerButton\"\n\t\t\tdata-wp-on--click=\"actions.showLightbox\"\n\t\t\tdata-wp-style--right=\"state.thisImage.buttonRight\"\n\t\t\tdata-wp-style--top=\"state.thisImage.buttonTop\"\n\t\t>\n\t\t\t<svg xmlns=\"http:\/\/www.w3.org\/2000\/svg\" width=\"12\" height=\"12\" fill=\"none\" viewBox=\"0 0 12 12\">\n\t\t\t\t<path fill=\"#fff\" d=\"M2 0a2 2 0 0 0-2 2v2h1.5V2a.5.5 0 0 1 .5-.5h2V0H2Zm2 10.5H2a.5.5 0 0 1-.5-.5V8H0v2a2 2 0 0 0 2 2h2v-1.5ZM8 12v-1.5h2a.5.5 0 0 0 .5-.5V8H12v2a2 2 0 0 1-2 2H8Zm2-12a2 2 0 0 1 2 2v2h-1.5V2a.5.5 0 0 0-.5-.5H8V0h2Z\" \/>\n\t\t\t<\/svg>\n\t\t<\/button><figcaption class=\"wp-element-caption\">Foto: Cayambe \/ Wikimedia Commons, CC BY-SA 3.0<\/figcaption><\/figure>\n\n\n\n<div id=\"ez-toc-container\" class=\"ez-toc-v2_0_87 ez-toc-wrap-left counter-hierarchy ez-toc-counter ez-toc-grey ez-toc-container-direction\">\n<div class=\"ez-toc-title-container\">\n<p class=\"ez-toc-title\" style=\"cursor:inherit\">Cuprinsul articolului<\/p>\n<span class=\"ez-toc-title-toggle\"><a href=\"#\" class=\"ez-toc-pull-right ez-toc-btn ez-toc-btn-xs ez-toc-btn-default ez-toc-toggle\" aria-label=\"Toggle Table of Content\"><span class=\"ez-toc-js-icon-con\"><span class=\"\"><span class=\"eztoc-hide\" style=\"display:none;\">Toggle<\/span><span class=\"ez-toc-icon-toggle-span\"><svg style=\"fill: #999;color:#999\" xmlns=\"http:\/\/www.w3.org\/2000\/svg\" class=\"list-377408\" width=\"20px\" height=\"20px\" viewBox=\"0 0 24 24\" fill=\"none\"><path d=\"M6 6H4v2h2V6zm14 0H8v2h12V6zM4 11h2v2H4v-2zm16 0H8v2h12v-2zM4 16h2v2H4v-2zm16 0H8v2h12v-2z\" fill=\"currentColor\"><\/path><\/svg><svg style=\"fill: #999;color:#999\" class=\"arrow-unsorted-368013\" xmlns=\"http:\/\/www.w3.org\/2000\/svg\" width=\"10px\" height=\"10px\" viewBox=\"0 0 24 24\" version=\"1.2\" baseProfile=\"tiny\"><path d=\"M18.2 9.3l-6.2-6.3-6.2 6.3c-.2.2-.3.4-.3.7s.1.5.3.7c.2.2.4.3.7.3h11c.3 0 .5-.1.7-.3.2-.2.3-.5.3-.7s-.1-.5-.3-.7zM5.8 14.7l6.2 6.3 6.2-6.3c.2-.2.3-.5.3-.7s-.1-.5-.3-.7c-.2-.2-.4-.3-.7-.3h-11c-.3 0-.5.1-.7.3-.2.2-.3.5-.3.7s.1.5.3.7z\"\/><\/svg><\/span><\/span><\/span><\/a><\/span><\/div>\n<nav><ul class='ez-toc-list ez-toc-list-level-1 ' ><ul class='ez-toc-list-level-3' ><li class='ez-toc-heading-level-3'><a class=\"ez-toc-link ez-toc-heading-1\" href=\"https:\/\/loudavymkrokem.cz\/ro\/unde-sa-stai-strasbourg-franta\/#Rezumat_pentru_cei_care_nu_au_timp_sa_citeasca_tot_articolul\" >Rezumat pentru cei care nu au timp s\u0103 citeasc\u0103 tot articolul<\/a><\/li><\/ul><\/li><li class='ez-toc-page-1 ez-toc-heading-level-2'><a class=\"ez-toc-link ez-toc-heading-2\" href=\"https:\/\/loudavymkrokem.cz\/ro\/unde-sa-stai-strasbourg-franta\/#Ce_zona_sa_alegi_pentru_cazare\" >Ce zon\u0103 s\u0103 alegi pentru cazare<\/a><\/li><li class='ez-toc-page-1 ez-toc-heading-level-2'><a class=\"ez-toc-link ez-toc-heading-3\" href=\"https:\/\/loudavymkrokem.cz\/ro\/unde-sa-stai-strasbourg-franta\/#Cand_sa_mergi_si_cand_sa_rezervi_camera\" >C\u00e2nd s\u0103 mergi \u0219i c\u00e2nd s\u0103 rezervi camera<\/a><\/li><li class='ez-toc-page-1 ez-toc-heading-level-2'><a class=\"ez-toc-link ez-toc-heading-4\" href=\"https:\/\/loudavymkrokem.cz\/ro\/unde-sa-stai-strasbourg-franta\/#Unde_sa_stai_in_Strasbourg_Franta_18_cele_mai_bune_hoteluri\" >Unde s\u0103 stai \u00een Strasbourg, Fran\u021ba: 18 cele mai bune hoteluri<\/a><ul class='ez-toc-list-level-3' ><li class='ez-toc-heading-level-3'><a class=\"ez-toc-link ez-toc-heading-5\" href=\"https:\/\/loudavymkrokem.cz\/ro\/unde-sa-stai-strasbourg-franta\/#1_Cour_du_Corbeau_Hotel_Strasbourg_MGallery\" >1. Cour du Corbeau Hotel Strasbourg MGallery<\/a><\/li><li class='ez-toc-page-1 ez-toc-heading-level-3'><a class=\"ez-toc-link ez-toc-heading-6\" href=\"https:\/\/loudavymkrokem.cz\/ro\/unde-sa-stai-strasbourg-franta\/#2_Les_Haras_Hotel_by_Stay_Collection\" >2. Les Haras H\u00f4tel by Stay Collection<\/a><\/li><li class='ez-toc-page-1 ez-toc-heading-level-3'><a class=\"ez-toc-link ez-toc-heading-7\" href=\"https:\/\/loudavymkrokem.cz\/ro\/unde-sa-stai-strasbourg-franta\/#3_Maison_Rouge_Strasbourg_Hotel_Spa\" >3. Maison Rouge Strasbourg Hotel &#038; Spa<\/a><\/li><li class='ez-toc-page-1 ez-toc-heading-level-3'><a class=\"ez-toc-link ez-toc-heading-8\" href=\"https:\/\/loudavymkrokem.cz\/ro\/unde-sa-stai-strasbourg-franta\/#4_Hotel_Beaucour\" >4. H\u00f4tel Beaucour<\/a><\/li><li class='ez-toc-page-1 ez-toc-heading-level-3'><a class=\"ez-toc-link ez-toc-heading-9\" href=\"https:\/\/loudavymkrokem.cz\/ro\/unde-sa-stai-strasbourg-franta\/#5_LEONOR_Hotel_by_Stay_Collection\" >5. L\u00c9ONOR H\u00f4tel by Stay Collection<\/a><\/li><li class='ez-toc-page-1 ez-toc-heading-level-3'><a class=\"ez-toc-link ez-toc-heading-10\" href=\"https:\/\/loudavymkrokem.cz\/ro\/unde-sa-stai-strasbourg-franta\/#6_Hotel_Tandem\" >6. Hotel Tandem<\/a><\/li><li class='ez-toc-page-1 ez-toc-heading-level-3'><a class=\"ez-toc-link ez-toc-heading-11\" href=\"https:\/\/loudavymkrokem.cz\/ro\/unde-sa-stai-strasbourg-franta\/#7_Sofitel_Strasbourg_Grande_Ile\" >7. Sofitel Strasbourg Grande \u00cele<\/a><\/li><li class='ez-toc-page-1 ez-toc-heading-level-3'><a class=\"ez-toc-link ez-toc-heading-12\" href=\"https:\/\/loudavymkrokem.cz\/ro\/unde-sa-stai-strasbourg-franta\/#8_Hotel_Regent_Contades_by_Stay_Collection\" >8. H\u00f4tel R\u00e9gent Contades by Stay Collection<\/a><\/li><li class='ez-toc-page-1 ez-toc-heading-level-3'><a class=\"ez-toc-link ez-toc-heading-13\" href=\"https:\/\/loudavymkrokem.cz\/ro\/unde-sa-stai-strasbourg-franta\/#9_Pavillon_Regent_Petite_France\" >9. Pavillon R\u00e9gent Petite France<\/a><\/li><li class='ez-toc-page-1 ez-toc-heading-level-3'><a class=\"ez-toc-link ez-toc-heading-14\" href=\"https:\/\/loudavymkrokem.cz\/ro\/unde-sa-stai-strasbourg-franta\/#10_Hannong_Hotel_Wine_Bar\" >10. Hannong H\u00f4tel &#038; Wine Bar<\/a><\/li><li class='ez-toc-page-1 ez-toc-heading-level-3'><a class=\"ez-toc-link ez-toc-heading-15\" href=\"https:\/\/loudavymkrokem.cz\/ro\/unde-sa-stai-strasbourg-franta\/#11_Hotel_Gutenberg\" >11. H\u00f4tel Gutenberg<\/a><\/li><li class='ez-toc-page-1 ez-toc-heading-level-3'><a class=\"ez-toc-link ez-toc-heading-16\" href=\"https:\/\/loudavymkrokem.cz\/ro\/unde-sa-stai-strasbourg-franta\/#12_Hotel_Rohan_Strasbourg\" >12. H\u00f4tel Rohan Strasbourg<\/a><\/li><li class='ez-toc-page-1 ez-toc-heading-level-3'><a class=\"ez-toc-link ez-toc-heading-17\" href=\"https:\/\/loudavymkrokem.cz\/ro\/unde-sa-stai-strasbourg-franta\/#13_Hotel_de_lEurope_by_HappyCulture\" >13. Hotel de l&#8217;Europe by HappyCulture<\/a><\/li><li class='ez-toc-page-1 ez-toc-heading-level-3'><a class=\"ez-toc-link ez-toc-heading-18\" href=\"https:\/\/loudavymkrokem.cz\/ro\/unde-sa-stai-strasbourg-franta\/#14_Logis_Hotel_Au_Cerf_dOr\" >14. Logis H\u00f4tel Au Cerf d&#8217;Or<\/a><\/li><li class='ez-toc-page-1 ez-toc-heading-level-3'><a class=\"ez-toc-link ez-toc-heading-19\" href=\"https:\/\/loudavymkrokem.cz\/ro\/unde-sa-stai-strasbourg-franta\/#15_Best_Western_Plus_Hotel_Monopole_Metropole\" >15. Best Western Plus H\u00f4tel Monopole M\u00e9tropole<\/a><\/li><li class='ez-toc-page-1 ez-toc-heading-level-3'><a class=\"ez-toc-link ez-toc-heading-20\" href=\"https:\/\/loudavymkrokem.cz\/ro\/unde-sa-stai-strasbourg-franta\/#16_Hotel_Arok\" >16. H\u00f4tel Arok<\/a><\/li><li class='ez-toc-page-1 ez-toc-heading-level-3'><a class=\"ez-toc-link ez-toc-heading-21\" href=\"https:\/\/loudavymkrokem.cz\/ro\/unde-sa-stai-strasbourg-franta\/#17_Ciarus\" >17. Ciarus<\/a><\/li><li class='ez-toc-page-1 ez-toc-heading-level-3'><a class=\"ez-toc-link ez-toc-heading-22\" href=\"https:\/\/loudavymkrokem.cz\/ro\/unde-sa-stai-strasbourg-franta\/#18_Chateau_de_Pourtales\" >18. Ch\u00e2teau de Pourtal\u00e8s<\/a><\/li><\/ul><\/li><li class='ez-toc-page-1 ez-toc-heading-level-2'><a class=\"ez-toc-link ez-toc-heading-23\" href=\"https:\/\/loudavymkrokem.cz\/ro\/unde-sa-stai-strasbourg-franta\/#Cum_sa_alegi_hotelul_potrivit\" >Cum s\u0103 alegi hotelul potrivit<\/a><\/li><li class='ez-toc-page-1 ez-toc-heading-level-2'><a class=\"ez-toc-link ez-toc-heading-24\" href=\"https:\/\/loudavymkrokem.cz\/ro\/unde-sa-stai-strasbourg-franta\/#Incotro_mai_departe\" >\u00cencotro mai departe<\/a><\/li><li class='ez-toc-page-1 ez-toc-heading-level-2'><a class=\"ez-toc-link ez-toc-heading-25\" href=\"https:\/\/loudavymkrokem.cz\/ro\/unde-sa-stai-strasbourg-franta\/#Intrebari_frecvente\" >\u00centreb\u0103ri frecvente<\/a><ul class='ez-toc-list-level-3' ><li class='ez-toc-heading-level-3'><a class=\"ez-toc-link ez-toc-heading-26\" href=\"https:\/\/loudavymkrokem.cz\/ro\/unde-sa-stai-strasbourg-franta\/#Cand_este_cel_mai_bun_moment_pentru_a_rezerva_un_hotel_pentru_targurile_de_Advent\" >C\u00e2nd este cel mai bun moment pentru a rezerva un hotel pentru t\u00e2rgurile de Advent?<\/a><\/li><li class='ez-toc-page-1 ez-toc-heading-level-3'><a class=\"ez-toc-link ez-toc-heading-27\" href=\"https:\/\/loudavymkrokem.cz\/ro\/unde-sa-stai-strasbourg-franta\/#Unde_gasesc_cea_mai_ieftina_cazare_in_Strasbourg\" >Unde g\u0103sesc cea mai ieftin\u0103 cazare \u00een Strasbourg?<\/a><\/li><li class='ez-toc-page-1 ez-toc-heading-level-3'><a class=\"ez-toc-link ez-toc-heading-28\" href=\"https:\/\/loudavymkrokem.cz\/ro\/unde-sa-stai-strasbourg-franta\/#Se_poate_parca_confortabil_la_hotel_in_Strasbourg\" >Se poate parca confortabil la hotel \u00een Strasbourg?<\/a><\/li><li class='ez-toc-page-1 ez-toc-heading-level-3'><a class=\"ez-toc-link ez-toc-heading-29\" href=\"https:\/\/loudavymkrokem.cz\/ro\/unde-sa-stai-strasbourg-franta\/#Merita_sa_stai_in_cartierul_Petite_France\" >Merit\u0103 s\u0103 stai \u00een cartierul Petite France?<\/a><\/li><li class='ez-toc-page-1 ez-toc-heading-level-3'><a class=\"ez-toc-link ez-toc-heading-30\" href=\"https:\/\/loudavymkrokem.cz\/ro\/unde-sa-stai-strasbourg-franta\/#Se_scumpesc_hotelurile_in_timpul_sesiunilor_Parlamentului_European\" >Se scumpesc hotelurile \u00een timpul sesiunilor Parlamentului European?<\/a><\/li><li class='ez-toc-page-1 ez-toc-heading-level-3'><a class=\"ez-toc-link ez-toc-heading-31\" href=\"https:\/\/loudavymkrokem.cz\/ro\/unde-sa-stai-strasbourg-franta\/#Ce_sa_gust_in_Strasbourg_din_bucataria_locala\" >Ce s\u0103 gust \u00een Strasbourg din buc\u0103t\u0103ria local\u0103?<\/a><\/li><li class='ez-toc-page-1 ez-toc-heading-level-3'><a class=\"ez-toc-link ez-toc-heading-32\" href=\"https:\/\/loudavymkrokem.cz\/ro\/unde-sa-stai-strasbourg-franta\/#Este_Strasbourg_o_baza_buna_pentru_excursii_in_Alsacia\" >Este Strasbourg o baz\u0103 bun\u0103 pentru excursii \u00een Alsacia?<\/a><\/li><\/ul><\/li><\/ul><\/nav><\/div>\n<h3 class=\"wp-block-heading\"><span class=\"ez-toc-section\" id=\"Rezumat_pentru_cei_care_nu_au_timp_sa_citeasca_tot_articolul\"><\/span>Rezumat pentru cei care nu au timp s\u0103 citeasc\u0103 tot articolul<span class=\"ez-toc-section-end\"><\/span><\/h3>\n\n\n\n<p class=\"wp-block-paragraph\">Nu ai timp s\u0103 cite\u0219ti tot articolul? F\u0103r\u0103 stres, iat\u0103 recomand\u0103rile mele pe scurt:<\/p>\n\n\n\n<ul class=\"wp-block-list\">\n\n<li><strong>Cel mai bun hotel per total:<\/strong> <strong>Cour du Corbeau Hotel Strasbourg<\/strong> este g\u0103zduit \u00eentr-o cl\u0103dire superb\u0103 din secolul al XVI-lea \u0219i ofer\u0103 cea mai frumoas\u0103 adres\u0103 din ora\u0219.<\/li>\n\n\n\n<li><strong>Cel mai bun raport pre\u021b-loca\u021bie:<\/strong> <strong>Best Western Plus H\u00f4tel Monopole M\u00e9tropole<\/strong> de l\u00e2ng\u0103 gar\u0103 este o alegere de \u00eencredere, cu acces excelent spre centru.<\/li>\n\n\n\n<li><strong>Pentru iubitorii de lux \u0219i design:<\/strong> <strong>L\u00c9ONOR H\u00f4tel<\/strong> \u00eembin\u0103 interiorul modern cu arhitectura istoric\u0103 \u0219i are propria cofet\u0103rie renumit\u0103.<\/li>\n\n\n\n<li><strong>Cele mai romantice priveli\u0219ti:<\/strong> <strong>Pavillon R\u00e9gent Petite France<\/strong> ofer\u0103 peisaje de carte po\u0219tal\u0103 chiar \u00een inima pitorescului cartier cu canale.<\/li>\n\n\n\n<li><strong>Ideal pentru c\u0103l\u0103torii cu ma\u0219ina:<\/strong> <strong>Ch\u00e2teau de Pourtal\u00e8s<\/strong> se afl\u0103 \u00een afara ora\u0219ului, \u00een verdea\u021b\u0103, iar datorit\u0103 sistemului Park &#038; Ride ajungi \u00een centru complet f\u0103r\u0103 stres.<\/li>\n\n\n\n<li><strong>Cea mai bun\u0103 op\u021biune pentru buget mic:<\/strong> Hostelul <strong>Ciarus<\/strong> ofer\u0103 camere private \u0219i dormituri comune curate, la distan\u021b\u0103 de mers pe jos de principalele obiective.<\/li>\n\n\n<\/ul>\n\n\n\n<p class=\"wp-block-paragraph\"><em>\ud83d\udca1 <a href=\"https:\/\/www.stay22.com\/allez\/roam?aid=lukaskonecny&#038;campaign=loudavymkrokemcz&#038;campaign=kde-bydlet-ve-strasburku&#038;address=%C5%A0trasburk%2C%20Francie\" target=\"_blank\" rel=\"nofollow noopener sponsored\">Pe aceast\u0103 hart\u0103 compari ce este disponibil chiar acum<\/a> \u2014 vezi \u0219i cu c\u00e2t mai ieftin\u0103 iese cazarea la c\u00e2teva sta\u021bii de centru.<\/em><\/p>\n\n\n\n<h2 class=\"wp-block-heading\"><span class=\"ez-toc-section\" id=\"Ce_zona_sa_alegi_pentru_cazare\"><\/span>Ce zon\u0103 s\u0103 alegi pentru cazare<span class=\"ez-toc-section-end\"><\/span><\/h2>\n\n\n\n<p class=\"wp-block-paragraph\">Strasbourg este un ora\u0219 destul de compact, dar cartierele sale se deosebesc dramatic nu doar prin atmosfer\u0103, ci mai ales prin nivelul pre\u021burilor. \u00cenainte s\u0103 \u00eencepi s\u0103 r\u0103sfoie\u0219ti portalurile de rezervare, <strong>este esen\u021bial s\u0103 \u00ee\u021bi l\u0103mure\u0219ti ce zon\u0103 se va potrivi cel mai bine itinerariului<\/strong> \u0219i bugetului t\u0103u.<\/p>\n\n\n\n<p class=\"wp-block-paragraph\">Miezul istoric absolut este <strong>insula Grande \u00cele<\/strong>, protejat\u0103 din toate p\u0103r\u021bile de bra\u021bele r\u00e2ului Ill \u0219i \u00eenscris\u0103 \u00eenc\u0103 din 1988 pe <a href=\"https:\/\/whc.unesco.org\/en\/list\/495\/\" rel=\"nofollow noopener\" target=\"_blank\">lista UNESCO<\/a>. Aici g\u0103se\u0219ti cele mai luxoase hoteluri ascunse \u00een case burgheze str\u0103vechi, iar p\u00e2n\u0103 la impresionanta catedral\u0103 Notre Dame ai doar c\u00e2\u021biva pa\u0219i. Trebuie \u00eens\u0103 s\u0103 te a\u0219tep\u021bi c\u0103 <strong>pentru aceast\u0103 loca\u021bie exclusivist\u0103 vei pl\u0103ti considerabil mai mult<\/strong>, iar \u00een perioada de advent totul este iremediabil rezervat.<\/p>\n\n\n\n<p class=\"wp-block-paragraph\">Dac\u0103 visezi la fotografii perfecte, \u00eendreapt\u0103-te spre <strong>cartierul Petite France<\/strong>. Str\u0103du\u021bele lui sunt m\u0103rginite de casele incredibil de fotogenice cu structur\u0103 de lemn ale fo\u0219tilor t\u0103b\u0103cari, care se reflect\u0103 romantic \u00een apele lini\u0219tite ale canalelor. Este un loc de basm pentru cupluri, \u00eens\u0103 <strong>\u00een perioada t\u00e2rgurilor de Cr\u0103ciun cu greu te strecori prin aceste str\u0103du\u021be \u00eenguste<\/strong>, a\u0219a c\u0103 dac\u0103 e\u0219ti \u00een c\u0103utarea lini\u0219tii, \u00een decembrie sigur nu o vei g\u0103si aici.<\/p>\n\n\n\n<p class=\"wp-block-paragraph\">Pentru c\u0103l\u0103torii care \u00ee\u0219i urm\u0103resc bugetul, c\u00e2\u0219tig\u0103torul clar este <strong>zona din jurul <a href=\"https:\/\/www.garesetconnexions.sncf\/fr\/gares-services\/strasbourg\" rel=\"nofollow noopener\" target=\"_blank\">g\u0103rii feroviare (Gare)<\/a><\/strong>. La prima vedere nu pare desprins\u0103 dintr-un film romantic, dar ascunde cel mai bun raport dintre pre\u021b \u0219i pozi\u021bia strategic\u0103. Pe jos ajungi de aici \u00een miezul istoric \u00een mai pu\u021bin de zece minute, iar <strong>hotelurile de toate categoriile sunt aici semnificativ mai ieftine<\/strong> dec\u00e2t pe insul\u0103.<\/p>\n\n\n\n<p class=\"wp-block-paragraph\">Iubitorii de lini\u0219te vor aprecia <strong>cartierul studen\u021besc Krutenau \u0219i monumentalul cartier german Neustadt din vecin\u0103tate<\/strong>, care, apropo, din 2017 se afl\u0103 tot sub protec\u021bia UNESCO. Chiar \u00een aceste locuri g\u0103se\u0219ti caz\u0103ri mai lini\u0219tite, iar \u00een centru ajungi cu o plimbare pl\u0103cut\u0103 de aproximativ cincisprezece minute. Un mare bonus este faptul c\u0103 <strong>hotelurile din aceste cartiere sunt cu 30 p\u00e2n\u0103 la 40 la sut\u0103 mai ieftine<\/strong>, ceea ce, la un sejur mai lung, face o diferen\u021b\u0103 enorm\u0103.<\/p>\n\n\n\n<p class=\"wp-block-paragraph\">Trebuie s\u0103 men\u021bionez \u0219i <strong>elegantul cartier European \u0219i zona din jurul parcului Orangerie<\/strong>, care vor \u00eenc\u00e2nta pe oricine caut\u0103 s\u0103 scape de mul\u021bimile de turi\u0219ti. Din aceast\u0103 zon\u0103 verde ajungi comod \u0219i rapid \u00een centru cu tramvaiul liniei E. Zonele din afara ora\u0219ului, precum <strong>Robertsau sau Montagne Verte, au sens exclusiv dac\u0103 vii cu ma\u0219ina<\/strong>. Aici parchezi mult mai u\u0219or, iar apoi porne\u0219ti spre centru folosind parc\u0103rile de tip park &#038; ride.<\/p>\n\n\n\n<h2 class=\"wp-block-heading\"><span class=\"ez-toc-section\" id=\"Cand_sa_mergi_si_cand_sa_rezervi_camera\"><\/span>C\u00e2nd s\u0103 mergi \u0219i c\u00e2nd s\u0103 rezervi camera<span class=\"ez-toc-section-end\"><\/span><\/h2>\n\n\n\n<p class=\"wp-block-paragraph\">Planificarea unei c\u0103l\u0103torii \u00een metropola alsacian\u0103 se supune unei reguli principale. <strong>La Strasbourg pre\u021bul caz\u0103rii este decis mai ales de dat\u0103<\/strong>, iar abia pe locul doi vine hotelul \u00een sine.<\/p>\n\n\n\n<p class=\"wp-block-paragraph\">Dac\u0103 te preg\u0103te\u0219ti pentru faimoasele <a href=\"https:\/\/noel.strasbourg.eu\/en\/accueil\" rel=\"nofollow noopener\" target=\"_blank\">t\u00e2rguri de Cr\u0103ciun<\/a>, care <strong>\u00een 2026 au loc \u00eentre 27 noiembrie \u0219i 27 decembrie<\/strong>, trebuie s\u0103 \u00eencepi s\u0103 planifici cu mult timp \u00eenainte. Adventul este de departe cea mai scump\u0103 perioad\u0103 a anului \u00een acest ora\u0219, iar diferen\u021ba de pre\u021b este pur \u0219i simplu uria\u0219\u0103. <strong>Pre\u021burile caz\u0103rii \u00een centrul istoric urc\u0103 p\u00e2n\u0103 la triplul sumelor obi\u0219nuite din ianuarie<\/strong>, ceea ce face din Strasbourg una dintre cele mai scumpe destina\u021bii de advent din Europa.<\/p>\n\n\n\n<p class=\"wp-block-paragraph\">Cele mai c\u0103utate \u0219i mai bine cotate hoteluri de pe insula Grande \u00cele <strong>se epuizeaz\u0103 lejer cu \u0219ase p\u00e2n\u0103 la nou\u0103 luni \u00eenainte<\/strong>. A\u0219adar, dac\u0103 vrei s\u0103 dormi \u00een decembrie \u00een imediata apropiere a catedralei, ar trebui s\u0103 ai rezervarea rezolvat\u0103 deja \u00een lunile de prim\u0103var\u0103. Exist\u0103 \u00eens\u0103 un truc excelent prin care po\u021bi economisi mult la cazare. <strong>E suficient s\u0103 alegi un hotel la aproximativ dou\u0103zeci de minute de mers pe jos de miezul istoric<\/strong>, unde pre\u021burile de advent scad cu 30 p\u00e2n\u0103 la 40 la sut\u0103.<\/p>\n\n\n\n<p class=\"wp-block-paragraph\">Din punct de vedere al bugetului total, cea mai ieftin\u0103 variant\u0103 este <strong>f\u0103r\u0103 \u00eendoial\u0103 o vizit\u0103 \u00een ianuarie<\/strong>, c\u00e2nd ora\u0219ul, dup\u0103 s\u0103rb\u0103torile agitate, \u00een sf\u00e2r\u0219it adoarme, iar tu te bucuri de frumuse\u021bile lui f\u0103r\u0103 mul\u021bimile omniprezente. Dac\u0103 \u00eens\u0103 visezi la o vreme pl\u0103cut\u0103 pentru plimb\u0103ri lungi de-a lungul canalelor \u0219i pentru stat pe terasele cafenelelor, <strong>cele mai frumoase condi\u021bii le ofer\u0103 mai, iunie \u0219i septembrie<\/strong>. \u00cen aceste luni pre\u021burile caz\u0103rii se men\u021bin, \u00een plus, la un nivel foarte rezonabil.<\/p>\n\n\n\n<p class=\"wp-block-paragraph\">Fii foarte atent \u0219i la <strong>sesiunile plenare periodice ale Parlamentului European<\/strong>, care pot amesteca serios pre\u021burile hotelurilor. \u00cen aceste zile capacit\u0103\u021bile se umplu fulger\u0103tor nu doar \u00een cartierul european, ci \u0219i \u00een tot centrul istoric. <strong>Datele sesiunilor le po\u021bi g\u0103si u\u0219or dinainte pe <a href=\"https:\/\/www.europarl.europa.eu\/plenary\/en\/home.html\" rel=\"nofollow noopener\" target=\"_blank\">site-ul oficial<\/a><\/strong>, iar dac\u0103 nu e\u0219ti legat de o dat\u0103 fix\u0103, merit\u0103 cu siguran\u021b\u0103 s\u0103 \u00ee\u021bi planifici c\u0103l\u0103toria \u00een afara acestor zile.<\/p>\n\n\n\n<h2 class=\"wp-block-heading\"><span class=\"ez-toc-section\" id=\"Unde_sa_stai_in_Strasbourg_Franta_18_cele_mai_bune_hoteluri\"><\/span>Unde s\u0103 stai \u00een Strasbourg, Fran\u021ba: 18 cele mai bune hoteluri<span class=\"ez-toc-section-end\"><\/span><\/h2>\n\n\n\n<p class=\"wp-block-paragraph\">Hai s\u0103 vedem recomand\u0103rile concrete despre <strong>unde s\u0103 te cazezi \u00een Strasbourg<\/strong>, ca s\u0103 pleci acas\u0103 cu cele mai bune amintiri. Am selectat pentru tine caz\u0103ri din diverse categorii de pre\u021b, <strong>de la palate istorice luxoase p\u00e2n\u0103 la o alegere inteligent\u0103 l\u00e2ng\u0103 gar\u0103<\/strong>.<\/p>\n\n\n\n<figure data-wp-context=\"{&quot;imageId&quot;:&quot;6a9c3a6e508de&quot;}\" data-wp-interactive=\"core\/image\" data-wp-key=\"6a9c3a6e508de\" class=\"wp-block-image size-full wp-lightbox-container\"><img decoding=\"async\" width=\"1600\" height=\"1067\" data-wp-class--hide=\"state.isContentHidden\" data-wp-class--show=\"state.isContentVisible\" data-wp-init=\"callbacks.setButtonStyles\" data-wp-on--click=\"actions.showLightbox\" data-wp-on--load=\"callbacks.setButtonStyles\" data-wp-on--pointerdown=\"actions.preloadImage\" data-wp-on--pointerenter=\"actions.preloadImageWithDelay\" data-wp-on--pointerleave=\"actions.cancelPreload\" data-wp-on-window--resize=\"callbacks.setButtonStyles\" src=\"https:\/\/loudavymkrokem.cz\/wp-content\/uploads\/2026\/09\/cour-du-corbeau-hotel-strasbourg-mgallery.jpg\" alt=\"Hotel Cour du Corbeau Hotel Strasbourg MGallery\" class=\"wp-image-413030\" title=\"\" srcset=\"https:\/\/loudavymkrokem.cz\/wp-content\/uploads\/2026\/09\/cour-du-corbeau-hotel-strasbourg-mgallery.jpg 1600w, https:\/\/loudavymkrokem.cz\/wp-content\/uploads\/2026\/09\/cour-du-corbeau-hotel-strasbourg-mgallery-300x200.jpg 300w, https:\/\/loudavymkrokem.cz\/wp-content\/uploads\/2026\/09\/cour-du-corbeau-hotel-strasbourg-mgallery-700x467.jpg 700w, https:\/\/loudavymkrokem.cz\/wp-content\/uploads\/2026\/09\/cour-du-corbeau-hotel-strasbourg-mgallery-768x512.jpg 768w, https:\/\/loudavymkrokem.cz\/wp-content\/uploads\/2026\/09\/cour-du-corbeau-hotel-strasbourg-mgallery-1536x1024.jpg 1536w, https:\/\/loudavymkrokem.cz\/wp-content\/uploads\/2026\/09\/cour-du-corbeau-hotel-strasbourg-mgallery-696x464.jpg 696w, https:\/\/loudavymkrokem.cz\/wp-content\/uploads\/2026\/09\/cour-du-corbeau-hotel-strasbourg-mgallery-1392x928.jpg 1392w\" sizes=\"(max-width: 1600px) 100vw, 1600px\" \/><button\n\t\t\tclass=\"lightbox-trigger\"\n\t\t\ttype=\"button\"\n\t\t\taria-haspopup=\"dialog\"\n\t\t\tdata-wp-bind--aria-label=\"state.thisImage.triggerButtonAriaLabel\"\n\t\t\tdata-wp-init=\"callbacks.initTriggerButton\"\n\t\t\tdata-wp-on--click=\"actions.showLightbox\"\n\t\t\tdata-wp-style--right=\"state.thisImage.buttonRight\"\n\t\t\tdata-wp-style--top=\"state.thisImage.buttonTop\"\n\t\t>\n\t\t\t<svg xmlns=\"http:\/\/www.w3.org\/2000\/svg\" width=\"12\" height=\"12\" fill=\"none\" viewBox=\"0 0 12 12\">\n\t\t\t\t<path fill=\"#fff\" d=\"M2 0a2 2 0 0 0-2 2v2h1.5V2a.5.5 0 0 1 .5-.5h2V0H2Zm2 10.5H2a.5.5 0 0 1-.5-.5V8H0v2a2 2 0 0 0 2 2h2v-1.5ZM8 12v-1.5h2a.5.5 0 0 0 .5-.5V8H12v2a2 2 0 0 1-2 2H8Zm2-12a2 2 0 0 1 2 2v2h-1.5V2a.5.5 0 0 0-.5-.5H8V0h2Z\" \/>\n\t\t\t<\/svg>\n\t\t<\/button><figcaption class=\"wp-element-caption\">Foto: Cour du Corbeau Hotel Strasbourg &#8211; MGallery Collection \/ Google Maps<\/figcaption><\/figure>\n\n\n\n<h3 class=\"wp-block-heading\"><span class=\"ez-toc-section\" id=\"1_Cour_du_Corbeau_Hotel_Strasbourg_MGallery\"><\/span>1. Cour du Corbeau Hotel Strasbourg MGallery<span class=\"ez-toc-section-end\"><\/span><\/h3>\n\n\n\n<p class=\"wp-block-paragraph\">Acest hotel fermec\u0103tor <strong><a href=\"https:\/\/www.stay22.com\/allez\/roam?aid=lukaskonecny&#038;campaign=loudavymkrokemcz&#038;campaign=kde-bydlet-ve-strasburku&#038;hotelname=Cour%20du%20Corbeau%20Hotel%20Strasbourg%20MGallery&#038;address=%C5%A0trasburk%2C%20Francie\" target=\"_blank\" rel=\"noopener nofollow sponsored\">Cour du Corbeau Hotel Strasbourg MGallery<\/a><\/strong>, care \u00eenc\u0103 din prag te convinge c\u0103 nu ai pl\u0103tit degeaba pre\u021bul, se laud\u0103 cu un rating fantastic de 4,8 pe baza a peste o mie dou\u0103 sute de recenzii, ceea ce \u00eel face <strong>f\u0103r\u0103 concuren\u021b\u0103 cea mai bine cotat\u0103 cazare din tot ora\u0219ul<\/strong>. Este g\u0103zduit \u00eentr-o cl\u0103dire restaurat\u0103 cu grij\u0103, provenind \u00eenc\u0103 din secolul al XVI-lea, care te fermec\u0103 imediat ce intri. <strong>Pridvorul tipic din lemn \u0219i curtea interioar\u0103 incredibil de lini\u0219tit\u0103<\/strong> creeaz\u0103 o atmosfer\u0103 unic\u0103, de parc\u0103 te-ai fi trezit dintr-odat\u0103 \u00eentr-o cu totul alt\u0103 epoc\u0103 istoric\u0103.<\/p>\n\n\n\n<p class=\"wp-block-paragraph\">Se afl\u0103 la doar c\u00e2teva minute de mers pl\u0103cut de catedrala Notre Dame, a\u0219a c\u0103 ai <strong>toate obiectivele principale la \u00eendem\u00e2n\u0103<\/strong>, dar te bucuri \u00een acela\u0219i timp de o lini\u0219te perfect\u0103, ferit de agita\u021bia turistic\u0103 maxim\u0103. Fiecare camer\u0103 este aici o pies\u0103 unic\u0103, cu detalii diferite, iar <strong>\u00eentregul complex respir\u0103 o istorie incredibil\u0103<\/strong>, pe care dot\u0103rile moderne \u0219i extrem de confortabile o completeaz\u0103 doar discret \u0219i func\u021bional.<\/p>\n\n\n\n<p class=\"wp-block-paragraph\">Personalul de aici \u0219tie cum s\u0103 aib\u0103 grij\u0103 de oaspete \u2014 iar micul dejun? Patiserie alsacian\u0103 proasp\u0103t\u0103, br\u00e2nzeturi locale, cafea bun\u0103. Diminea\u021ba nu vei vrea s\u0103 te dai jos din pat. \u00cen plus, \u00een \u00eemprejurimi g\u0103se\u0219ti nenum\u0103rate restaurante tradi\u021bionale excelente, unde po\u021bi merge la o cin\u0103 romantic\u0103.<\/p>\n\n\n\n<p class=\"wp-block-paragraph\">\ud83d\udca1 <strong>Pont:<\/strong> Dac\u0103 e\u0219ti \u00een c\u0103utarea <strong>celei mai frumoase adrese din Strasbourg<\/strong> \u0219i nu te deranjeaz\u0103 s\u0103 pl\u0103te\u0219ti \u00een plus pentru un lux excep\u021bional \u00eenso\u021bit de un serviciu impecabil, acest hotel te va \u00eenc\u00e2nta garantat, iar sejurul \u00een sine va deveni o experien\u021b\u0103 de neuitat.<\/p>\n\n\n\n<figure data-wp-context=\"{&quot;imageId&quot;:&quot;6a9c3a6e510f3&quot;}\" data-wp-interactive=\"core\/image\" data-wp-key=\"6a9c3a6e510f3\" class=\"wp-block-image size-full wp-lightbox-container\"><img decoding=\"async\" width=\"1600\" height=\"1067\" data-wp-class--hide=\"state.isContentHidden\" data-wp-class--show=\"state.isContentVisible\" data-wp-init=\"callbacks.setButtonStyles\" data-wp-on--click=\"actions.showLightbox\" data-wp-on--load=\"callbacks.setButtonStyles\" data-wp-on--pointerdown=\"actions.preloadImage\" data-wp-on--pointerenter=\"actions.preloadImageWithDelay\" data-wp-on--pointerleave=\"actions.cancelPreload\" data-wp-on-window--resize=\"callbacks.setButtonStyles\" src=\"https:\/\/loudavymkrokem.cz\/wp-content\/uploads\/2026\/09\/les-haras-h-tel-by-stay-collection.jpg\" alt=\"Hotel Les Haras H\u00f4tel by Stay Collection\" class=\"wp-image-413036\" title=\"\" srcset=\"https:\/\/loudavymkrokem.cz\/wp-content\/uploads\/2026\/09\/les-haras-h-tel-by-stay-collection.jpg 1600w, https:\/\/loudavymkrokem.cz\/wp-content\/uploads\/2026\/09\/les-haras-h-tel-by-stay-collection-300x200.jpg 300w, https:\/\/loudavymkrokem.cz\/wp-content\/uploads\/2026\/09\/les-haras-h-tel-by-stay-collection-700x467.jpg 700w, https:\/\/loudavymkrokem.cz\/wp-content\/uploads\/2026\/09\/les-haras-h-tel-by-stay-collection-768x512.jpg 768w, https:\/\/loudavymkrokem.cz\/wp-content\/uploads\/2026\/09\/les-haras-h-tel-by-stay-collection-1536x1024.jpg 1536w, https:\/\/loudavymkrokem.cz\/wp-content\/uploads\/2026\/09\/les-haras-h-tel-by-stay-collection-696x464.jpg 696w, https:\/\/loudavymkrokem.cz\/wp-content\/uploads\/2026\/09\/les-haras-h-tel-by-stay-collection-1392x928.jpg 1392w\" sizes=\"(max-width: 1600px) 100vw, 1600px\" \/><button\n\t\t\tclass=\"lightbox-trigger\"\n\t\t\ttype=\"button\"\n\t\t\taria-haspopup=\"dialog\"\n\t\t\tdata-wp-bind--aria-label=\"state.thisImage.triggerButtonAriaLabel\"\n\t\t\tdata-wp-init=\"callbacks.initTriggerButton\"\n\t\t\tdata-wp-on--click=\"actions.showLightbox\"\n\t\t\tdata-wp-style--right=\"state.thisImage.buttonRight\"\n\t\t\tdata-wp-style--top=\"state.thisImage.buttonTop\"\n\t\t>\n\t\t\t<svg xmlns=\"http:\/\/www.w3.org\/2000\/svg\" width=\"12\" height=\"12\" fill=\"none\" viewBox=\"0 0 12 12\">\n\t\t\t\t<path fill=\"#fff\" d=\"M2 0a2 2 0 0 0-2 2v2h1.5V2a.5.5 0 0 1 .5-.5h2V0H2Zm2 10.5H2a.5.5 0 0 1-.5-.5V8H0v2a2 2 0 0 0 2 2h2v-1.5ZM8 12v-1.5h2a.5.5 0 0 0 .5-.5V8H12v2a2 2 0 0 1-2 2H8Zm2-12a2 2 0 0 1 2 2v2h-1.5V2a.5.5 0 0 0-.5-.5H8V0h2Z\" \/>\n\t\t\t<\/svg>\n\t\t<\/button><figcaption class=\"wp-element-caption\">Foto: Les Haras H\u00f4tel by Stay Collection \/ Google Maps<\/figcaption><\/figure>\n\n\n\n<h3 class=\"wp-block-heading\"><span class=\"ez-toc-section\" id=\"2_Les_Haras_Hotel_by_Stay_Collection\"><\/span>2. Les Haras H\u00f4tel by Stay Collection<span class=\"ez-toc-section-end\"><\/span><\/h3>\n\n\n\n<p class=\"wp-block-paragraph\">Imagineaz\u0103-\u021bi o cazare \u00eentr-o cl\u0103dire spa\u021bioas\u0103 care odinioar\u0103 servea drept prestigioas\u0103 herghelie regal\u0103 din secolul al XVIII-lea, iar ast\u0103zi s-a transformat \u00eentr-un uimitor hotel de design <strong><a href=\"https:\/\/www.stay22.com\/allez\/roam?aid=lukaskonecny&#038;campaign=loudavymkrokemcz&#038;campaign=kde-bydlet-ve-strasburku&#038;hotelname=Les%20Haras%20H%C3%B4tel%20by%20Stay%20Collection&#038;address=%C5%A0trasburk%2C%20Francie\" target=\"_blank\" rel=\"noopener nofollow sponsored\">Les Haras H\u00f4tel by Stay Collection<\/a><\/strong>, cu un rating superb de 4,6. Arhitec\u021bii au f\u0103cut aici o treab\u0103 excelent\u0103 c\u00e2nd au <strong>\u00eembinat perfect grinzile str\u0103vechi de lemn expuse cu elegan\u021ba modern\u0103<\/strong>, pielea \u0219i materialele de lux.<\/p>\n\n\n\n<p class=\"wp-block-paragraph\">Marea atrac\u021bie a acestui complex de patru stele este <strong>splendidul spa al hotelului cu piscin\u0103<\/strong>, unde \u00ee\u021bi po\u021bi oferi o odihn\u0103 bine-meritat\u0103 dup\u0103 o zi lung\u0103 petrecut\u0103 explor\u00e2nd metropola alsacian\u0103. Merit\u0103 o men\u021biune separat\u0103 \u0219i <strong>restaurantul foarte apreciat, amenajat chiar \u00een grajdurile originale (da, m\u0103n\u00e2nci acolo unde odinioar\u0103 st\u0103teau caii, iar cumva nu e deloc ciudat, ci mai degrab\u0103 invers)<\/strong>, care ofer\u0103 o experien\u021b\u0103 culinar\u0103 grozav\u0103.<\/p>\n\n\n\n<p class=\"wp-block-paragraph\">Hotelul se afl\u0103 \u00eentr-o parte pu\u021bin mai lini\u0219tit\u0103 a ora\u0219ului, dar \u00een miezul istoric \u0219i \u00een renumitul cartier Petite France ajungi cu o plimbare pl\u0103cut\u0103 \u00een mai pu\u021bin de zece minute. <strong>Camerele sunt foarte spa\u021bioase, izolate fonic peste standard<\/strong> \u0219i se laud\u0103 cu paturi de top, datorit\u0103 c\u0103rora te vei odihni de minune \u00een c\u0103l\u0103torii.<\/p>\n\n\n\n<p class=\"wp-block-paragraph\">\ud83d\udca1 <strong>Pont:<\/strong> Acest hotel este <strong>alegerea ideal\u0103 pentru iubitorii de design de top \u0219i istorie unic\u0103<\/strong>, care apreciaz\u0103 o loca\u021bie mai lini\u0219tit\u0103 cu un serviciu fantastic. Dac\u0103 vrei s\u0103 te bucuri de o sear\u0103 opulent\u0103, nu uita s\u0103 \u00ee\u021bi rezervi masa la restaurantul de aici din timp.<\/p>\n\n\n\n<figure data-wp-context=\"{&quot;imageId&quot;:&quot;6a9c3a6e51893&quot;}\" data-wp-interactive=\"core\/image\" data-wp-key=\"6a9c3a6e51893\" class=\"wp-block-image size-full wp-lightbox-container\"><img decoding=\"async\" width=\"1600\" height=\"1600\" data-wp-class--hide=\"state.isContentHidden\" data-wp-class--show=\"state.isContentVisible\" data-wp-init=\"callbacks.setButtonStyles\" data-wp-on--click=\"actions.showLightbox\" data-wp-on--load=\"callbacks.setButtonStyles\" data-wp-on--pointerdown=\"actions.preloadImage\" data-wp-on--pointerenter=\"actions.preloadImageWithDelay\" data-wp-on--pointerleave=\"actions.cancelPreload\" data-wp-on-window--resize=\"callbacks.setButtonStyles\" src=\"https:\/\/loudavymkrokem.cz\/wp-content\/uploads\/2026\/09\/maison-rouge-strasbourg-hotel-spa.jpg\" alt=\"Hotel Maison Rouge Strasbourg Hotel &#038; Spa\" class=\"wp-image-413042\" title=\"\" srcset=\"https:\/\/loudavymkrokem.cz\/wp-content\/uploads\/2026\/09\/maison-rouge-strasbourg-hotel-spa.jpg 1600w, https:\/\/loudavymkrokem.cz\/wp-content\/uploads\/2026\/09\/maison-rouge-strasbourg-hotel-spa-300x300.jpg 300w, https:\/\/loudavymkrokem.cz\/wp-content\/uploads\/2026\/09\/maison-rouge-strasbourg-hotel-spa-700x700.jpg 700w, https:\/\/loudavymkrokem.cz\/wp-content\/uploads\/2026\/09\/maison-rouge-strasbourg-hotel-spa-150x150.jpg 150w, https:\/\/loudavymkrokem.cz\/wp-content\/uploads\/2026\/09\/maison-rouge-strasbourg-hotel-spa-768x768.jpg 768w, https:\/\/loudavymkrokem.cz\/wp-content\/uploads\/2026\/09\/maison-rouge-strasbourg-hotel-spa-1536x1536.jpg 1536w, https:\/\/loudavymkrokem.cz\/wp-content\/uploads\/2026\/09\/maison-rouge-strasbourg-hotel-spa-696x696.jpg 696w, https:\/\/loudavymkrokem.cz\/wp-content\/uploads\/2026\/09\/maison-rouge-strasbourg-hotel-spa-1392x1392.jpg 1392w\" sizes=\"(max-width: 1600px) 100vw, 1600px\" \/><button\n\t\t\tclass=\"lightbox-trigger\"\n\t\t\ttype=\"button\"\n\t\t\taria-haspopup=\"dialog\"\n\t\t\tdata-wp-bind--aria-label=\"state.thisImage.triggerButtonAriaLabel\"\n\t\t\tdata-wp-init=\"callbacks.initTriggerButton\"\n\t\t\tdata-wp-on--click=\"actions.showLightbox\"\n\t\t\tdata-wp-style--right=\"state.thisImage.buttonRight\"\n\t\t\tdata-wp-style--top=\"state.thisImage.buttonTop\"\n\t\t>\n\t\t\t<svg xmlns=\"http:\/\/www.w3.org\/2000\/svg\" width=\"12\" height=\"12\" fill=\"none\" viewBox=\"0 0 12 12\">\n\t\t\t\t<path fill=\"#fff\" d=\"M2 0a2 2 0 0 0-2 2v2h1.5V2a.5.5 0 0 1 .5-.5h2V0H2Zm2 10.5H2a.5.5 0 0 1-.5-.5V8H0v2a2 2 0 0 0 2 2h2v-1.5ZM8 12v-1.5h2a.5.5 0 0 0 .5-.5V8H12v2a2 2 0 0 1-2 2H8Zm2-12a2 2 0 0 1 2 2v2h-1.5V2a.5.5 0 0 0-.5-.5H8V0h2Z\" \/>\n\t\t\t<\/svg>\n\t\t<\/button><figcaption class=\"wp-element-caption\">Foto: Taiwan Cherry \/ Google Maps<\/figcaption><\/figure>\n\n\n\n<h3 class=\"wp-block-heading\"><span class=\"ez-toc-section\" id=\"3_Maison_Rouge_Strasbourg_Hotel_Spa\"><\/span>3. Maison Rouge Strasbourg Hotel &#038; Spa<span class=\"ez-toc-section-end\"><\/span><\/h3>\n\n\n\n<p class=\"wp-block-paragraph\">Acest clasic strasburghez <strong><a href=\"https:\/\/www.stay22.com\/allez\/roam?aid=lukaskonecny&#038;campaign=loudavymkrokemcz&#038;campaign=kde-bydlet-ve-strasburku&#038;hotelname=Maison%20Rouge%20Strasbourg%20Hotel%20%26%20Spa&#038;address=%C5%A0trasburk%2C%20Francie\" target=\"_blank\" rel=\"noopener nofollow sponsored\">Maison Rouge Strasbourg Hotel &#038; Spa<\/a><\/strong> din prestigioasa Autograph Collection \u00ee\u0219i men\u021bine un rating excelent de 4,5 din peste o mie \u0219apte sute de recenzii. Se afl\u0103 \u00eentr-o cl\u0103dire de c\u0103r\u0103mid\u0103 remarcabil\u0103 <strong>la doar c\u00e2\u021biva pa\u0219i de impun\u0103toarea catedral\u0103 Notre Dame \u0219i de Place Kl\u00e9ber<\/strong>, a\u0219adar chiar \u00een cea mai vie inim\u0103 a ora\u0219ului. Camerele sunt amenajate \u00eentr-un stil clasic, atemporal, care <strong>face frumos trimitere la bogata tradi\u021bie a ospitalit\u0103\u021bii alsaciene<\/strong>.<\/p>\n\n\n\n<p class=\"wp-block-paragraph\">Oaspe\u021bii laud\u0103 \u00een mod special <strong>splendidul salon de mic dejun bogat decorat cu fresce originale<\/strong>, unde ziua \u00eencepe cu adev\u0103rat rege\u0219te la mese pline de br\u00e2nzeturi locale, baghete proaspete \u0219i patiserie dulce. Dup\u0103 plimb\u0103ri solicitante pe str\u0103du\u021bele pitore\u0219ti vei aprecia garantat <strong>accesul la spa-ul modern \u0219i zona wellness a hotelului<\/strong>, care ofer\u0103 o relaxare perfect\u0103 pentru picioarele obosite.<\/p>\n\n\n\n<p class=\"wp-block-paragraph\">\u00cen ciuda pozi\u021biei extrem de centrale, hotelul ofer\u0103 un refugiu perfect de agita\u021bia din jur. <strong>Din unele camere de la etajele superioare se deschide, \u00een plus, o priveli\u0219te uimitoare<\/strong> direct spre turnul catedralei, ceea ce vei aprecia mai ales la iluminatul de sear\u0103 al ora\u0219ului.<\/p>\n\n\n\n<p class=\"wp-block-paragraph\">\ud83d\udca1 <strong>Pont:<\/strong> Alege acest hotel dac\u0103 prioritatea ta este s\u0103 stai <strong>chiar \u00een epicentrul evenimentelor<\/strong> \u0219i \u00eendr\u0103ge\u0219ti elegan\u021ba francez\u0103 tradi\u021bional\u0103, combinat\u0103 cu serviciile profesioniste ale unui hotel mare, cu tradi\u021bie.<\/p>\n\n\n\n<figure data-wp-context=\"{&quot;imageId&quot;:&quot;6a9c3a6e51fd0&quot;}\" data-wp-interactive=\"core\/image\" data-wp-key=\"6a9c3a6e51fd0\" class=\"wp-block-image size-full wp-lightbox-container\"><img decoding=\"async\" width=\"1600\" height=\"2133\" data-wp-class--hide=\"state.isContentHidden\" data-wp-class--show=\"state.isContentVisible\" data-wp-init=\"callbacks.setButtonStyles\" data-wp-on--click=\"actions.showLightbox\" data-wp-on--load=\"callbacks.setButtonStyles\" data-wp-on--pointerdown=\"actions.preloadImage\" data-wp-on--pointerenter=\"actions.preloadImageWithDelay\" data-wp-on--pointerleave=\"actions.cancelPreload\" data-wp-on-window--resize=\"callbacks.setButtonStyles\" src=\"https:\/\/loudavymkrokem.cz\/wp-content\/uploads\/2026\/09\/h-tel-beaucour.jpg\" alt=\"Hotel H\u00f4tel Beaucour\" class=\"wp-image-413048\" title=\"\" srcset=\"https:\/\/loudavymkrokem.cz\/wp-content\/uploads\/2026\/09\/h-tel-beaucour.jpg 1600w, https:\/\/loudavymkrokem.cz\/wp-content\/uploads\/2026\/09\/h-tel-beaucour-225x300.jpg 225w, https:\/\/loudavymkrokem.cz\/wp-content\/uploads\/2026\/09\/h-tel-beaucour-700x933.jpg 700w, https:\/\/loudavymkrokem.cz\/wp-content\/uploads\/2026\/09\/h-tel-beaucour-768x1024.jpg 768w, https:\/\/loudavymkrokem.cz\/wp-content\/uploads\/2026\/09\/h-tel-beaucour-1152x1536.jpg 1152w, https:\/\/loudavymkrokem.cz\/wp-content\/uploads\/2026\/09\/h-tel-beaucour-1536x2048.jpg 1536w, https:\/\/loudavymkrokem.cz\/wp-content\/uploads\/2026\/09\/h-tel-beaucour-696x928.jpg 696w, https:\/\/loudavymkrokem.cz\/wp-content\/uploads\/2026\/09\/h-tel-beaucour-1392x1856.jpg 1392w\" sizes=\"(max-width: 1600px) 100vw, 1600px\" \/><button\n\t\t\tclass=\"lightbox-trigger\"\n\t\t\ttype=\"button\"\n\t\t\taria-haspopup=\"dialog\"\n\t\t\tdata-wp-bind--aria-label=\"state.thisImage.triggerButtonAriaLabel\"\n\t\t\tdata-wp-init=\"callbacks.initTriggerButton\"\n\t\t\tdata-wp-on--click=\"actions.showLightbox\"\n\t\t\tdata-wp-style--right=\"state.thisImage.buttonRight\"\n\t\t\tdata-wp-style--top=\"state.thisImage.buttonTop\"\n\t\t>\n\t\t\t<svg xmlns=\"http:\/\/www.w3.org\/2000\/svg\" width=\"12\" height=\"12\" fill=\"none\" viewBox=\"0 0 12 12\">\n\t\t\t\t<path fill=\"#fff\" d=\"M2 0a2 2 0 0 0-2 2v2h1.5V2a.5.5 0 0 1 .5-.5h2V0H2Zm2 10.5H2a.5.5 0 0 1-.5-.5V8H0v2a2 2 0 0 0 2 2h2v-1.5ZM8 12v-1.5h2a.5.5 0 0 0 .5-.5V8H12v2a2 2 0 0 1-2 2H8Zm2-12a2 2 0 0 1 2 2v2h-1.5V2a.5.5 0 0 0-.5-.5H8V0h2Z\" \/>\n\t\t\t<\/svg>\n\t\t<\/button><figcaption class=\"wp-element-caption\">Foto: H\u00f4tel Beaucour \/ Google Maps<\/figcaption><\/figure>\n\n\n\n<h3 class=\"wp-block-heading\"><span class=\"ez-toc-section\" id=\"4_Hotel_Beaucour\"><\/span>4. H\u00f4tel Beaucour<span class=\"ez-toc-section-end\"><\/span><\/h3>\n\n\n\n<p class=\"wp-block-paragraph\">Acest fermec\u0103tor <strong><a href=\"https:\/\/www.stay22.com\/allez\/roam?aid=lukaskonecny&#038;campaign=loudavymkrokemcz&#038;campaign=kde-bydlet-ve-strasburku&#038;hotelname=H%C3%B4tel%20Beaucour&#038;address=%C5%A0trasburk%2C%20Francie\" target=\"_blank\" rel=\"noopener nofollow sponsored\">H\u00f4tel Beaucour<\/a><\/strong>, cu un rating excelent de 4,6, este g\u0103zduit \u00eentr-o cas\u0103 tradi\u021bional\u0103 cu structur\u0103 de lemn \u0219i ofer\u0103 <strong>un raport grozav \u00eentre atmosfera de epoc\u0103 uimitoare \u0219i pre\u021b, chiar \u00een miezul istoric<\/strong>. Imediat cum ajungi, te surprinde o curte interioar\u0103 pitoreasc\u0103, care ascunde o teras\u0103 frumoas\u0103 \u0219i lini\u0219tit\u0103, plin\u0103 de flori. Ea reprezint\u0103 <strong>o oaz\u0103 perfect\u0103 de lini\u0219te \u00een mijlocul ora\u0219ului aglomerat<\/strong>, unde te po\u021bi a\u0219eza cu o carte \u0219i te po\u021bi odihni departe de mul\u021bimile de turi\u0219ti.<\/p>\n\n\n\n<p class=\"wp-block-paragraph\">Camerele sunt amenajate foarte primitor, adesea cu grinzi de lemn expuse \u0219i mobilier de epoc\u0103 cu stil. Dac\u0103 e\u0219ti \u00een c\u0103utarea a ceva cu adev\u0103rat special, te va bucura faptul c\u0103 <strong>unele camere selectate dispun chiar de propria cad\u0103 cu hidromasaj mare<\/strong>. Este un loc unde, datorit\u0103 atmosferei intime, te vei sim\u021bi imediat ca acas\u0103, iar personalul de aici se remarc\u0103 printr-o c\u0103ldur\u0103 deosebit\u0103 \u0219i disponibilitatea de a te sf\u0103tui cu planificarea programului.<\/p>\n\n\n\n<p class=\"wp-block-paragraph\">Diminea\u021ba se serve\u0219te un mic dejun bogat \u00een sufrageria cu stil, unde nu lipsesc br\u00e2nzeturile alsaciene proaspete, patiseria crocant\u0103 \u0219i dulce\u021burile locale. Datorit\u0103 pozi\u021biei la mic\u0103 distan\u021b\u0103 de r\u00e2ul Ill, <strong>ai toate obiectivele la o arunc\u0103tur\u0103 de b\u0103\u021b<\/strong>, dar \u00een acela\u0219i timp nu dormi chiar \u00een cele mai aglomerate pie\u021be.<\/p>\n\n\n\n<p class=\"wp-block-paragraph\">\ud83d\udca1 <strong>Pont:<\/strong> O alegere excelent\u0103 pentru cuplurile care vor o cas\u0103 cu structur\u0103 de lemn, o curte lini\u0219tit\u0103 \u0219i cad\u0103 proprie cu hidromasaj \u2014 \u0219i nu vor s\u0103 pl\u0103teasc\u0103 pentru asta ca la un hotel de cinci stele de l\u00e2ng\u0103 catedral\u0103. \ud83d\ude09<\/p>\n\n\n\n<figure data-wp-context=\"{&quot;imageId&quot;:&quot;6a9c3a6e52611&quot;}\" data-wp-interactive=\"core\/image\" data-wp-key=\"6a9c3a6e52611\" class=\"wp-block-image size-full wp-lightbox-container\"><img decoding=\"async\" width=\"1600\" height=\"1068\" data-wp-class--hide=\"state.isContentHidden\" data-wp-class--show=\"state.isContentVisible\" data-wp-init=\"callbacks.setButtonStyles\" data-wp-on--click=\"actions.showLightbox\" data-wp-on--load=\"callbacks.setButtonStyles\" data-wp-on--pointerdown=\"actions.preloadImage\" data-wp-on--pointerenter=\"actions.preloadImageWithDelay\" data-wp-on--pointerleave=\"actions.cancelPreload\" data-wp-on-window--resize=\"callbacks.setButtonStyles\" src=\"https:\/\/loudavymkrokem.cz\/wp-content\/uploads\/2026\/09\/l-onor-h-tel-by-stay-collection.jpg\" alt=\"Hotel L\u00c9ONOR H\u00f4tel by Stay Collection\" class=\"wp-image-413054\" title=\"\" srcset=\"https:\/\/loudavymkrokem.cz\/wp-content\/uploads\/2026\/09\/l-onor-h-tel-by-stay-collection.jpg 1600w, https:\/\/loudavymkrokem.cz\/wp-content\/uploads\/2026\/09\/l-onor-h-tel-by-stay-collection-300x200.jpg 300w, https:\/\/loudavymkrokem.cz\/wp-content\/uploads\/2026\/09\/l-onor-h-tel-by-stay-collection-700x467.jpg 700w, https:\/\/loudavymkrokem.cz\/wp-content\/uploads\/2026\/09\/l-onor-h-tel-by-stay-collection-768x513.jpg 768w, https:\/\/loudavymkrokem.cz\/wp-content\/uploads\/2026\/09\/l-onor-h-tel-by-stay-collection-1536x1025.jpg 1536w, https:\/\/loudavymkrokem.cz\/wp-content\/uploads\/2026\/09\/l-onor-h-tel-by-stay-collection-696x465.jpg 696w, https:\/\/loudavymkrokem.cz\/wp-content\/uploads\/2026\/09\/l-onor-h-tel-by-stay-collection-1392x929.jpg 1392w\" sizes=\"(max-width: 1600px) 100vw, 1600px\" \/><button\n\t\t\tclass=\"lightbox-trigger\"\n\t\t\ttype=\"button\"\n\t\t\taria-haspopup=\"dialog\"\n\t\t\tdata-wp-bind--aria-label=\"state.thisImage.triggerButtonAriaLabel\"\n\t\t\tdata-wp-init=\"callbacks.initTriggerButton\"\n\t\t\tdata-wp-on--click=\"actions.showLightbox\"\n\t\t\tdata-wp-style--right=\"state.thisImage.buttonRight\"\n\t\t\tdata-wp-style--top=\"state.thisImage.buttonTop\"\n\t\t>\n\t\t\t<svg xmlns=\"http:\/\/www.w3.org\/2000\/svg\" width=\"12\" height=\"12\" fill=\"none\" viewBox=\"0 0 12 12\">\n\t\t\t\t<path fill=\"#fff\" d=\"M2 0a2 2 0 0 0-2 2v2h1.5V2a.5.5 0 0 1 .5-.5h2V0H2Zm2 10.5H2a.5.5 0 0 1-.5-.5V8H0v2a2 2 0 0 0 2 2h2v-1.5ZM8 12v-1.5h2a.5.5 0 0 0 .5-.5V8H12v2a2 2 0 0 1-2 2H8Zm2-12a2 2 0 0 1 2 2v2h-1.5V2a.5.5 0 0 0-.5-.5H8V0h2Z\" \/>\n\t\t\t<\/svg>\n\t\t<\/button><figcaption class=\"wp-element-caption\">Foto: L\u00c9ONOR H\u00f4tel \/ Google Maps<\/figcaption><\/figure>\n\n\n\n<h3 class=\"wp-block-heading\"><span class=\"ez-toc-section\" id=\"5_LEONOR_Hotel_by_Stay_Collection\"><\/span>5. L\u00c9ONOR H\u00f4tel by Stay Collection<span class=\"ez-toc-section-end\"><\/span><\/h3>\n\n\n\n<p class=\"wp-block-paragraph\">Lux modern \u0219i bine g\u00e2ndit, plasat \u00eentr-o cl\u0103dire istoric\u0103 grandioas\u0103 \u2014 exact a\u0219a ar putea fi descris pe scurt stilatul <strong><a href=\"https:\/\/www.stay22.com\/allez\/roam?aid=lukaskonecny&#038;campaign=loudavymkrokemcz&#038;campaign=kde-bydlet-ve-strasburku&#038;hotelname=L%C3%89ONOR%20H%C3%B4tel%20by%20Stay%20Collection&#038;address=%C5%A0trasburk%2C%20Francie\" target=\"_blank\" rel=\"noopener nofollow sponsored\">L\u00c9ONOR H\u00f4tel by Stay Collection<\/a><\/strong>, care se laud\u0103 cu un rating excelent de 4,7. Interioarele \u00een sine sunt <strong>opera unor designeri francezi de top<\/strong> \u0219i combin\u0103 cu mult gust culori intense \u0219i \u00eendr\u0103zne\u021be cu linii curate, elegante, \u0219i cu elemente arhitecturale istorice originale.<\/p>\n\n\n\n<p class=\"wp-block-paragraph\">O atrac\u021bie uria\u0219\u0103 a acestui loc este f\u0103r\u0103 \u00eendoial\u0103 <strong>propria cofet\u0103rie a hotelului \u0219i restaurantul renumit<\/strong>, unde vin cu pl\u0103cere pentru experien\u021be culinare chiar \u0219i localnicii. Curtea interioar\u0103 enorm\u0103 \u0219i spa\u021bioas\u0103 func\u021bioneaz\u0103 apoi, \u00een lunile mai calde, ca <strong>un centru social viu al \u00eentregului hotel<\/strong>, unde po\u021bi savura \u00een lini\u0219te o cafea de specialitate sau un drink de sear\u0103 \u00eenainte de a ie\u0219i \u00een ora\u0219.<\/p>\n\n\n\n<p class=\"wp-block-paragraph\">Camerele sunt dotate cu cele mai moderne tehnologii, cosmetice premium \u0219i paturi imense, din care diminea\u021ba nu \u00ee\u021bi vei dori s\u0103 te ridici. De\u0219i hotelul se afl\u0103 aproape de centru, <strong>datorit\u0103 dispunerii inteligente a cl\u0103dirilor ofer\u0103 lini\u0219te \u0219i t\u0103cere<\/strong> pentru un somn netulburat.<\/p>\n\n\n\n<p class=\"wp-block-paragraph\">\ud83d\udca1 <strong>Pont:<\/strong> L\u00c9ONOR va \u00eenc\u00e2nta pe oricine iube\u0219te <strong>combina\u021bia dintre arhitectura veche \u0219i nobil\u0103 \u0219i designul foarte modern, proasp\u0103t<\/strong>, \u0219i care \u00een acela\u0219i timp cere servicii gastronomice de top chiar sub propriul acoperi\u0219.<\/p>\n\n\n\n<figure data-wp-context=\"{&quot;imageId&quot;:&quot;6a9c3a6e5304b&quot;}\" data-wp-interactive=\"core\/image\" data-wp-key=\"6a9c3a6e5304b\" class=\"wp-block-image size-full wp-lightbox-container\"><img decoding=\"async\" width=\"1280\" height=\"853\" data-wp-class--hide=\"state.isContentHidden\" data-wp-class--show=\"state.isContentVisible\" data-wp-init=\"callbacks.setButtonStyles\" data-wp-on--click=\"actions.showLightbox\" data-wp-on--load=\"callbacks.setButtonStyles\" data-wp-on--pointerdown=\"actions.preloadImage\" data-wp-on--pointerenter=\"actions.preloadImageWithDelay\" data-wp-on--pointerleave=\"actions.cancelPreload\" data-wp-on-window--resize=\"callbacks.setButtonStyles\" src=\"https:\/\/loudavymkrokem.cz\/wp-content\/uploads\/2026\/09\/hotel-tandem.jpg\" alt=\"Hotel Hotel Tandem\" class=\"wp-image-413062\" title=\"\" srcset=\"https:\/\/loudavymkrokem.cz\/wp-content\/uploads\/2026\/09\/hotel-tandem.jpg 1280w, https:\/\/loudavymkrokem.cz\/wp-content\/uploads\/2026\/09\/hotel-tandem-300x200.jpg 300w, https:\/\/loudavymkrokem.cz\/wp-content\/uploads\/2026\/09\/hotel-tandem-700x466.jpg 700w, https:\/\/loudavymkrokem.cz\/wp-content\/uploads\/2026\/09\/hotel-tandem-768x512.jpg 768w, https:\/\/loudavymkrokem.cz\/wp-content\/uploads\/2026\/09\/hotel-tandem-696x464.jpg 696w\" sizes=\"(max-width: 1280px) 100vw, 1280px\" \/><button\n\t\t\tclass=\"lightbox-trigger\"\n\t\t\ttype=\"button\"\n\t\t\taria-haspopup=\"dialog\"\n\t\t\tdata-wp-bind--aria-label=\"state.thisImage.triggerButtonAriaLabel\"\n\t\t\tdata-wp-init=\"callbacks.initTriggerButton\"\n\t\t\tdata-wp-on--click=\"actions.showLightbox\"\n\t\t\tdata-wp-style--right=\"state.thisImage.buttonRight\"\n\t\t\tdata-wp-style--top=\"state.thisImage.buttonTop\"\n\t\t>\n\t\t\t<svg xmlns=\"http:\/\/www.w3.org\/2000\/svg\" width=\"12\" height=\"12\" fill=\"none\" viewBox=\"0 0 12 12\">\n\t\t\t\t<path fill=\"#fff\" d=\"M2 0a2 2 0 0 0-2 2v2h1.5V2a.5.5 0 0 1 .5-.5h2V0H2Zm2 10.5H2a.5.5 0 0 1-.5-.5V8H0v2a2 2 0 0 0 2 2h2v-1.5ZM8 12v-1.5h2a.5.5 0 0 0 .5-.5V8H12v2a2 2 0 0 1-2 2H8Zm2-12a2 2 0 0 1 2 2v2h-1.5V2a.5.5 0 0 0-.5-.5H8V0h2Z\" \/>\n\t\t\t<\/svg>\n\t\t<\/button><figcaption class=\"wp-element-caption\">Foto: H\u00f4tel Tandem \/ Google Maps<\/figcaption><\/figure>\n\n\n\n<h3 class=\"wp-block-heading\"><span class=\"ez-toc-section\" id=\"6_Hotel_Tandem\"><\/span>6. Hotel Tandem<span class=\"ez-toc-section-end\"><\/span><\/h3>\n\n\n\n<p class=\"wp-block-paragraph\">Dac\u0103 e\u0219ti \u00een c\u0103utarea unei caz\u0103ri \u00een afara scumpului miez istoric, fantasticul hotel boutique ecologic <strong><a href=\"https:\/\/www.stay22.com\/allez\/roam?aid=lukaskonecny&#038;campaign=loudavymkrokemcz&#038;campaign=kde-bydlet-ve-strasburku&#038;hotelname=Hotel%20Tandem&#038;address=%C5%A0trasburk%2C%20Francie\" target=\"_blank\" rel=\"noopener nofollow sponsored\">Hotel Tandem<\/a><\/strong> de l\u00e2ng\u0103 gar\u0103, cu un rating de 4,7, este <strong>cel mai bine cotat din zona mai larg\u0103<\/strong>. Camerele sunt amenajate \u00een tonuri foarte calde, naturale, pline de lemn, care \u00eenc\u0103 din prima clip\u0103 <strong>las\u0103 o impresie incredibil de lini\u0219titoare \u0219i primitoare<\/strong>.<\/p>\n\n\n\n<p class=\"wp-block-paragraph\">Acest hotel se remarc\u0103 printr-o abordare foarte modern\u0103 \u0219i sustenabil\u0103, ceea ce dovede\u0219te \u00een practic\u0103 <strong>barul de vinuri de sear\u0103 grozav, cu o ofert\u0103 variat\u0103 de vinuri locale biodinamice \u0219i un punct propriu de \u00eenchiriere de biciclete<\/strong> pentru oaspe\u021bi. Chiar pe biciclet\u0103 po\u021bi descoperi Strasbourgul ca un adev\u0103rat localnic. Micul dejun se preg\u0103te\u0219te aici, \u00een plus, exclusiv din ingrediente locale, iar oaspe\u021bii laud\u0103 acest ritual matinal \u00een recenzii.<\/p>\n\n\n\n<p class=\"wp-block-paragraph\">\u00cen centrul istoric ajungi de aici pe jos \u00een zece minute comode, sau po\u021bi urca \u00eentr-un tramvai care opre\u0219te \u00een apropiere. <strong>Personalul de aici este informal, dar extrem de profesionist<\/strong> \u0219i te sf\u0103tuie\u0219te cu pl\u0103cere cu privire la restaurantele vegetariene grozave din zon\u0103.<\/p>\n\n\n\n<p class=\"wp-block-paragraph\">\ud83d\udca1 <strong>Pont:<\/strong> Aceasta este pur \u0219i simplu <strong>cea mai bun\u0103 alegere pentru c\u0103l\u0103torii care sosesc \u00een Alsacia cu trenul<\/strong>, care vor s\u0103 stea \u00eentr-un mediu stilat, modern, \u0219i \u00eendr\u0103gesc sustenabilitatea \u0219i calitatea de top a ingredientelor locale.<\/p>\n\n\n\n<figure data-wp-context=\"{&quot;imageId&quot;:&quot;6a9c3a6e53845&quot;}\" data-wp-interactive=\"core\/image\" data-wp-key=\"6a9c3a6e53845\" class=\"wp-block-image size-full wp-lightbox-container\"><img decoding=\"async\" width=\"1600\" height=\"1067\" data-wp-class--hide=\"state.isContentHidden\" data-wp-class--show=\"state.isContentVisible\" data-wp-init=\"callbacks.setButtonStyles\" data-wp-on--click=\"actions.showLightbox\" data-wp-on--load=\"callbacks.setButtonStyles\" data-wp-on--pointerdown=\"actions.preloadImage\" data-wp-on--pointerenter=\"actions.preloadImageWithDelay\" data-wp-on--pointerleave=\"actions.cancelPreload\" data-wp-on-window--resize=\"callbacks.setButtonStyles\" src=\"https:\/\/loudavymkrokem.cz\/wp-content\/uploads\/2026\/09\/sofitel-strasbourg-grande-le.jpg\" alt=\"Hotel Sofitel Strasbourg Grande \u00cele\" class=\"wp-image-413067\" title=\"\" srcset=\"https:\/\/loudavymkrokem.cz\/wp-content\/uploads\/2026\/09\/sofitel-strasbourg-grande-le.jpg 1600w, https:\/\/loudavymkrokem.cz\/wp-content\/uploads\/2026\/09\/sofitel-strasbourg-grande-le-300x200.jpg 300w, https:\/\/loudavymkrokem.cz\/wp-content\/uploads\/2026\/09\/sofitel-strasbourg-grande-le-700x467.jpg 700w, https:\/\/loudavymkrokem.cz\/wp-content\/uploads\/2026\/09\/sofitel-strasbourg-grande-le-768x512.jpg 768w, https:\/\/loudavymkrokem.cz\/wp-content\/uploads\/2026\/09\/sofitel-strasbourg-grande-le-1536x1024.jpg 1536w, https:\/\/loudavymkrokem.cz\/wp-content\/uploads\/2026\/09\/sofitel-strasbourg-grande-le-696x464.jpg 696w, https:\/\/loudavymkrokem.cz\/wp-content\/uploads\/2026\/09\/sofitel-strasbourg-grande-le-1392x928.jpg 1392w\" sizes=\"(max-width: 1600px) 100vw, 1600px\" \/><button\n\t\t\tclass=\"lightbox-trigger\"\n\t\t\ttype=\"button\"\n\t\t\taria-haspopup=\"dialog\"\n\t\t\tdata-wp-bind--aria-label=\"state.thisImage.triggerButtonAriaLabel\"\n\t\t\tdata-wp-init=\"callbacks.initTriggerButton\"\n\t\t\tdata-wp-on--click=\"actions.showLightbox\"\n\t\t\tdata-wp-style--right=\"state.thisImage.buttonRight\"\n\t\t\tdata-wp-style--top=\"state.thisImage.buttonTop\"\n\t\t>\n\t\t\t<svg xmlns=\"http:\/\/www.w3.org\/2000\/svg\" width=\"12\" height=\"12\" fill=\"none\" viewBox=\"0 0 12 12\">\n\t\t\t\t<path fill=\"#fff\" d=\"M2 0a2 2 0 0 0-2 2v2h1.5V2a.5.5 0 0 1 .5-.5h2V0H2Zm2 10.5H2a.5.5 0 0 1-.5-.5V8H0v2a2 2 0 0 0 2 2h2v-1.5ZM8 12v-1.5h2a.5.5 0 0 0 .5-.5V8H12v2a2 2 0 0 1-2 2H8Zm2-12a2 2 0 0 1 2 2v2h-1.5V2a.5.5 0 0 0-.5-.5H8V0h2Z\" \/>\n\t\t\t<\/svg>\n\t\t<\/button><figcaption class=\"wp-element-caption\">Foto: Sofitel Strasbourg Grande \u00cele \/ Google Maps<\/figcaption><\/figure>\n\n\n\n<h3 class=\"wp-block-heading\"><span class=\"ez-toc-section\" id=\"7_Sofitel_Strasbourg_Grande_Ile\"><\/span>7. Sofitel Strasbourg Grande \u00cele<span class=\"ez-toc-section-end\"><\/span><\/h3>\n\n\n\n<p class=\"wp-block-paragraph\">Cu un num\u0103r incredibil de recenzii, acest grandios <strong><a href=\"https:\/\/www.stay22.com\/allez\/roam?aid=lukaskonecny&#038;campaign=loudavymkrokemcz&#038;campaign=kde-bydlet-ve-strasburku&#038;hotelname=Sofitel%20Strasbourg%20Grande%20%C3%8Ele&#038;address=%C5%A0trasburk%2C%20Francie\" target=\"_blank\" rel=\"noopener nofollow sponsored\">Sofitel Strasbourg Grande \u00cele<\/a><\/strong> \u00ee\u0219i men\u021bine o not\u0103 frumoas\u0103 de 4,5 \u0219i este astfel <strong>cel mai recenzat hotel din tot ora\u0219ul<\/strong>. Se ridic\u0103 chiar pe insula istoric\u0103 principal\u0103 \u0219i reprezint\u0103 un clasic strasburghez renumit, care <strong>\u00ee\u0219i men\u021bine de mult timp un standard foarte \u00eenalt de servicii verificate de cinci stele<\/strong>.<\/p>\n\n\n\n<p class=\"wp-block-paragraph\">Interioarele sunt p\u0103trunse de un spirit clar de elegan\u021b\u0103 francez\u0103 modern\u0103, dominate de covoare de calitate, culori discrete \u0219i mobilier de design. G\u0103se\u0219ti aici un restaurant grozav axat pe gastronomia francez\u0103 \u0219i mai ales <strong>un bar foarte stilat, unde po\u021bi merge la un drink exclusivist de sear\u0103<\/strong> dup\u0103 o zi lung\u0103 pe str\u0103zi. Camerele sunt spa\u021bioase peste standard, lini\u0219tite \u0219i ofer\u0103 un confort de prim rang, tipic acestei m\u0103rci prestigioase.<\/p>\n\n\n\n<p class=\"wp-block-paragraph\">Datorit\u0103 dimensiunilor sale, hotelul dispune de facilit\u0103\u021bi excelente, inclusiv o sal\u0103 de fitness spa\u021bioas\u0103. <strong>Pozi\u021bia este uimitoare<\/strong>, pentru c\u0103, fie c\u0103 porne\u0219ti spre catedral\u0103, fie spre pitorescul cartier Petite France, ajungi peste tot \u00een zece minute.<\/p>\n\n\n\n<p class=\"wp-block-paragraph\">\ud83d\udca1 <strong>Pont:<\/strong> Ideal pentru cei dintre voi care prefer\u0103 <strong>siguran\u021ba \u0219i fiabilitatea marilor m\u0103rci interna\u021bionale<\/strong> \u0219i cer un serviciu impecabil, extrem de profesionist, la distan\u021b\u0103 de mers pe jos de tot ce e esen\u021bial \u00een ora\u0219.<\/p>\n\n\n\n<figure data-wp-context=\"{&quot;imageId&quot;:&quot;6a9c3a6e54061&quot;}\" data-wp-interactive=\"core\/image\" data-wp-key=\"6a9c3a6e54061\" class=\"wp-block-image size-full wp-lightbox-container\"><img decoding=\"async\" width=\"1600\" height=\"1067\" data-wp-class--hide=\"state.isContentHidden\" data-wp-class--show=\"state.isContentVisible\" data-wp-init=\"callbacks.setButtonStyles\" data-wp-on--click=\"actions.showLightbox\" data-wp-on--load=\"callbacks.setButtonStyles\" data-wp-on--pointerdown=\"actions.preloadImage\" data-wp-on--pointerenter=\"actions.preloadImageWithDelay\" data-wp-on--pointerleave=\"actions.cancelPreload\" data-wp-on-window--resize=\"callbacks.setButtonStyles\" src=\"https:\/\/loudavymkrokem.cz\/wp-content\/uploads\/2026\/09\/h-tel-r-gent-contades-by-stay-collection.jpg\" alt=\"Hotel H\u00f4tel R\u00e9gent Contades by Stay Collection\" class=\"wp-image-413072\" title=\"\" srcset=\"https:\/\/loudavymkrokem.cz\/wp-content\/uploads\/2026\/09\/h-tel-r-gent-contades-by-stay-collection.jpg 1600w, https:\/\/loudavymkrokem.cz\/wp-content\/uploads\/2026\/09\/h-tel-r-gent-contades-by-stay-collection-300x200.jpg 300w, https:\/\/loudavymkrokem.cz\/wp-content\/uploads\/2026\/09\/h-tel-r-gent-contades-by-stay-collection-700x467.jpg 700w, https:\/\/loudavymkrokem.cz\/wp-content\/uploads\/2026\/09\/h-tel-r-gent-contades-by-stay-collection-768x512.jpg 768w, https:\/\/loudavymkrokem.cz\/wp-content\/uploads\/2026\/09\/h-tel-r-gent-contades-by-stay-collection-1536x1024.jpg 1536w, https:\/\/loudavymkrokem.cz\/wp-content\/uploads\/2026\/09\/h-tel-r-gent-contades-by-stay-collection-696x464.jpg 696w, https:\/\/loudavymkrokem.cz\/wp-content\/uploads\/2026\/09\/h-tel-r-gent-contades-by-stay-collection-1392x928.jpg 1392w\" sizes=\"(max-width: 1600px) 100vw, 1600px\" \/><button\n\t\t\tclass=\"lightbox-trigger\"\n\t\t\ttype=\"button\"\n\t\t\taria-haspopup=\"dialog\"\n\t\t\tdata-wp-bind--aria-label=\"state.thisImage.triggerButtonAriaLabel\"\n\t\t\tdata-wp-init=\"callbacks.initTriggerButton\"\n\t\t\tdata-wp-on--click=\"actions.showLightbox\"\n\t\t\tdata-wp-style--right=\"state.thisImage.buttonRight\"\n\t\t\tdata-wp-style--top=\"state.thisImage.buttonTop\"\n\t\t>\n\t\t\t<svg xmlns=\"http:\/\/www.w3.org\/2000\/svg\" width=\"12\" height=\"12\" fill=\"none\" viewBox=\"0 0 12 12\">\n\t\t\t\t<path fill=\"#fff\" d=\"M2 0a2 2 0 0 0-2 2v2h1.5V2a.5.5 0 0 1 .5-.5h2V0H2Zm2 10.5H2a.5.5 0 0 1-.5-.5V8H0v2a2 2 0 0 0 2 2h2v-1.5ZM8 12v-1.5h2a.5.5 0 0 0 .5-.5V8H12v2a2 2 0 0 1-2 2H8Zm2-12a2 2 0 0 1 2 2v2h-1.5V2a.5.5 0 0 0-.5-.5H8V0h2Z\" \/>\n\t\t\t<\/svg>\n\t\t<\/button><figcaption class=\"wp-element-caption\">Foto: H\u00f4tel R\u00e9gent Contades \/ Google Maps<\/figcaption><\/figure>\n\n\n\n<h3 class=\"wp-block-heading\"><span class=\"ez-toc-section\" id=\"8_Hotel_Regent_Contades_by_Stay_Collection\"><\/span>8. H\u00f4tel R\u00e9gent Contades by Stay Collection<span class=\"ez-toc-section-end\"><\/span><\/h3>\n\n\n\n<p class=\"wp-block-paragraph\">Acest extrem de elegant <strong><a href=\"https:\/\/www.stay22.com\/allez\/roam?aid=lukaskonecny&#038;campaign=loudavymkrokemcz&#038;campaign=kde-bydlet-ve-strasburku&#038;hotelname=H%C3%B4tel%20R%C3%A9gent%20Contades%20by%20Stay%20Collection&#038;address=%C5%A0trasburk%2C%20Francie\" target=\"_blank\" rel=\"noopener nofollow sponsored\">H\u00f4tel R\u00e9gent Contades by Stay Collection<\/a><\/strong>, cu un rating foarte bun de 4,4, se afl\u0103 \u00eentr-o frumoas\u0103 cl\u0103dire burghez\u0103 din secolul al XIX-lea, care <strong>este situat\u0103 chiar pe malul r\u00e2ului Ill, \u00een apropierea maiestuosului cartier Neustadt<\/strong>. \u00cenc\u0103 de la intrare te \u00eent\u00e2mpin\u0103 un bar superb, \u00eembr\u0103cat \u00een lemn \u00eenchis la culoare, cu fotolii de piele, care <strong>pare desprins dintr-un club britanic clasic<\/strong>.<\/p>\n\n\n\n<p class=\"wp-block-paragraph\">Dup\u0103 plimb\u0103ri lungi prin ora\u0219 pe o vreme mai umed\u0103 \u0219i rece, vei folosi garantat <strong>sauna modern\u0103 a hotelului \u0219i tradi\u021bionalul hammam<\/strong>, care stau la dispozi\u021bia oaspe\u021bilor \u0219i ofer\u0103 o \u00eenc\u0103lzire perfect\u0103. Camerele cu tavane \u00eenalte combin\u0103 aici cu gra\u021bie farmecul de alt\u0103dat\u0103 cu toate facilit\u0103\u021bile moderne pe care le a\u0219tep\u021bi automat de la acest standard \u00eenalt.<\/p>\n\n\n\n<p class=\"wp-block-paragraph\">Catedrala este la aproximativ dou\u0103sprezece minute de mers pl\u0103cut de-a lungul apei, a\u0219a c\u0103 <strong>te bucuri de avantajele unei pozi\u021bii centrale, dar f\u0103r\u0103 zgomotul enervant al str\u0103zilor aglomerate<\/strong>. Diminea\u021ba te po\u021bi bucura de un bufet bogat de mic dejun servit \u00eentr-un salon minunat, plin de lumin\u0103.<\/p>\n\n\n\n<p class=\"wp-block-paragraph\">\ud83d\udca1 <strong>Pont:<\/strong> Aceasta este pur \u0219i simplu o adres\u0103 excelent\u0103 pentru un sejur mai lini\u0219tit \u0219i relaxat, dac\u0103 vrei s\u0103 stai <strong>\u00eentr-un mediu elegant \u0219i nobil, la grani\u021ba dintre miezul istoric \u0219i verdele cartier german<\/strong>.<\/p>\n\n\n\n<figure data-wp-context=\"{&quot;imageId&quot;:&quot;6a9c3a6e5473c&quot;}\" data-wp-interactive=\"core\/image\" data-wp-key=\"6a9c3a6e5473c\" class=\"wp-block-image size-full wp-lightbox-container\"><img decoding=\"async\" width=\"1600\" height=\"1084\" data-wp-class--hide=\"state.isContentHidden\" data-wp-class--show=\"state.isContentVisible\" data-wp-init=\"callbacks.setButtonStyles\" data-wp-on--click=\"actions.showLightbox\" data-wp-on--load=\"callbacks.setButtonStyles\" data-wp-on--pointerdown=\"actions.preloadImage\" data-wp-on--pointerenter=\"actions.preloadImageWithDelay\" data-wp-on--pointerleave=\"actions.cancelPreload\" data-wp-on-window--resize=\"callbacks.setButtonStyles\" src=\"https:\/\/loudavymkrokem.cz\/wp-content\/uploads\/2026\/09\/pavillon-r-gent-petite-france.jpg\" alt=\"Hotel Pavillon R\u00e9gent Petite France\" class=\"wp-image-413077\" title=\"\" srcset=\"https:\/\/loudavymkrokem.cz\/wp-content\/uploads\/2026\/09\/pavillon-r-gent-petite-france.jpg 1600w, https:\/\/loudavymkrokem.cz\/wp-content\/uploads\/2026\/09\/pavillon-r-gent-petite-france-300x203.jpg 300w, https:\/\/loudavymkrokem.cz\/wp-content\/uploads\/2026\/09\/pavillon-r-gent-petite-france-700x474.jpg 700w, https:\/\/loudavymkrokem.cz\/wp-content\/uploads\/2026\/09\/pavillon-r-gent-petite-france-768x520.jpg 768w, https:\/\/loudavymkrokem.cz\/wp-content\/uploads\/2026\/09\/pavillon-r-gent-petite-france-1536x1041.jpg 1536w, https:\/\/loudavymkrokem.cz\/wp-content\/uploads\/2026\/09\/pavillon-r-gent-petite-france-696x472.jpg 696w, https:\/\/loudavymkrokem.cz\/wp-content\/uploads\/2026\/09\/pavillon-r-gent-petite-france-1392x943.jpg 1392w\" sizes=\"(max-width: 1600px) 100vw, 1600px\" \/><button\n\t\t\tclass=\"lightbox-trigger\"\n\t\t\ttype=\"button\"\n\t\t\taria-haspopup=\"dialog\"\n\t\t\tdata-wp-bind--aria-label=\"state.thisImage.triggerButtonAriaLabel\"\n\t\t\tdata-wp-init=\"callbacks.initTriggerButton\"\n\t\t\tdata-wp-on--click=\"actions.showLightbox\"\n\t\t\tdata-wp-style--right=\"state.thisImage.buttonRight\"\n\t\t\tdata-wp-style--top=\"state.thisImage.buttonTop\"\n\t\t>\n\t\t\t<svg xmlns=\"http:\/\/www.w3.org\/2000\/svg\" width=\"12\" height=\"12\" fill=\"none\" viewBox=\"0 0 12 12\">\n\t\t\t\t<path fill=\"#fff\" d=\"M2 0a2 2 0 0 0-2 2v2h1.5V2a.5.5 0 0 1 .5-.5h2V0H2Zm2 10.5H2a.5.5 0 0 1-.5-.5V8H0v2a2 2 0 0 0 2 2h2v-1.5ZM8 12v-1.5h2a.5.5 0 0 0 .5-.5V8H12v2a2 2 0 0 1-2 2H8Zm2-12a2 2 0 0 1 2 2v2h-1.5V2a.5.5 0 0 0-.5-.5H8V0h2Z\" \/>\n\t\t\t<\/svg>\n\t\t<\/button><figcaption class=\"wp-element-caption\">Foto: H\u00f4tel &#038; Spa R\u00e9gent Petite France \/ Google Maps<\/figcaption><\/figure>\n\n\n\n<h3 class=\"wp-block-heading\"><span class=\"ez-toc-section\" id=\"9_Pavillon_Regent_Petite_France\"><\/span>9. Pavillon R\u00e9gent Petite France<span class=\"ez-toc-section-end\"><\/span><\/h3>\n\n\n\n<p class=\"wp-block-paragraph\">Dac\u0103 e\u0219ti \u00een c\u0103utarea celui mai perfect romantism, renumitul <strong><a href=\"https:\/\/www.stay22.com\/allez\/roam?aid=lukaskonecny&#038;campaign=loudavymkrokemcz&#038;campaign=kde-bydlet-ve-strasburku&#038;hotelname=Pavillon%20R%C3%A9gent%20Petite%20France&#038;address=%C5%A0trasburk%2C%20Francie\" target=\"_blank\" rel=\"noopener nofollow sponsored\">Pavillon R\u00e9gent Petite France<\/a><\/strong>, cu un rating de 4,4, este g\u0103zduit \u00eentr-o cl\u0103dire str\u0103veche superb\u0103, cu structur\u0103 de lemn, <strong>chiar \u00een inima iconicului \u0219i fotogenicului cartier Petite France<\/strong>. Din multe camere primitoare se deschid <strong>priveli\u0219ti de-a dreptul de carte po\u0219tal\u0103 spre r\u00e2ul Ill<\/strong> \u0219i casele istorice din jur, o experien\u021b\u0103 vizual\u0103 pe care nu o g\u0103se\u0219ti oriunde.<\/p>\n\n\n\n<p class=\"wp-block-paragraph\">Din aceast\u0103 cazare boutique face parte \u0219i un restaurant excelent \u0219i un bar foarte pl\u0103cut, a\u0219a c\u0103 pentru m\u00e2ncare \u0219i b\u0103utur\u0103 bun\u0103 la finalul zilei nici nu trebuie s\u0103 ie\u0219i afar\u0103. Pozi\u021bia este cu adev\u0103rat unic\u0103 \u0219i de neuitat, dar \u021bine minte o regul\u0103 important\u0103. <strong>\u00cen perioada t\u00e2rgurilor de advent, zona din jurul hotelului este extrem de aglomerat\u0103 cu turi\u0219ti<\/strong>, iar pe str\u0103du\u021bele de sub ferestre curg ne\u00eencetat mul\u021bimi de oameni.<\/p>\n\n\n\n<p class=\"wp-block-paragraph\">Camerele sunt amenajate \u00eentr-un stil curat, elegant, care pune frumos \u00een valoare elementele istorice originale ale cl\u0103dirii. Micul dejun se serve\u0219te \u00eentr-un salon superb cu ferestre mari, de unde po\u021bi urm\u0103ri, chiar la o cafea, b\u0103rcile de agrement care alunec\u0103 pe ap\u0103.<\/p>\n\n\n\n<p class=\"wp-block-paragraph\">\ud83d\udca1 <strong>Pont:<\/strong> Aceasta este <strong>alegerea potrivit\u0103 pentru cuplurile \u00eendr\u0103gostite \u0219i fotografii pasiona\u021bi<\/strong>, care vor s\u0103 aib\u0103 cele mai frumoase peisaje strasburgheze chiar la fereastra camerei lor.<\/p>\n\n\n\n<figure data-wp-context=\"{&quot;imageId&quot;:&quot;6a9c3a6e54de5&quot;}\" data-wp-interactive=\"core\/image\" data-wp-key=\"6a9c3a6e54de5\" class=\"wp-block-image size-full wp-lightbox-container\"><img decoding=\"async\" width=\"1600\" height=\"1068\" data-wp-class--hide=\"state.isContentHidden\" data-wp-class--show=\"state.isContentVisible\" data-wp-init=\"callbacks.setButtonStyles\" data-wp-on--click=\"actions.showLightbox\" data-wp-on--load=\"callbacks.setButtonStyles\" data-wp-on--pointerdown=\"actions.preloadImage\" data-wp-on--pointerenter=\"actions.preloadImageWithDelay\" data-wp-on--pointerleave=\"actions.cancelPreload\" data-wp-on-window--resize=\"callbacks.setButtonStyles\" src=\"https:\/\/loudavymkrokem.cz\/wp-content\/uploads\/2026\/09\/hannong-h-tel-wine-bar.jpg\" alt=\"Hotel Hannong H\u00f4tel &#038; Wine Bar\" class=\"wp-image-413081\" title=\"\" srcset=\"https:\/\/loudavymkrokem.cz\/wp-content\/uploads\/2026\/09\/hannong-h-tel-wine-bar.jpg 1600w, https:\/\/loudavymkrokem.cz\/wp-content\/uploads\/2026\/09\/hannong-h-tel-wine-bar-300x200.jpg 300w, https:\/\/loudavymkrokem.cz\/wp-content\/uploads\/2026\/09\/hannong-h-tel-wine-bar-700x467.jpg 700w, https:\/\/loudavymkrokem.cz\/wp-content\/uploads\/2026\/09\/hannong-h-tel-wine-bar-768x513.jpg 768w, https:\/\/loudavymkrokem.cz\/wp-content\/uploads\/2026\/09\/hannong-h-tel-wine-bar-1536x1025.jpg 1536w, https:\/\/loudavymkrokem.cz\/wp-content\/uploads\/2026\/09\/hannong-h-tel-wine-bar-696x465.jpg 696w, https:\/\/loudavymkrokem.cz\/wp-content\/uploads\/2026\/09\/hannong-h-tel-wine-bar-1392x929.jpg 1392w\" sizes=\"(max-width: 1600px) 100vw, 1600px\" \/><button\n\t\t\tclass=\"lightbox-trigger\"\n\t\t\ttype=\"button\"\n\t\t\taria-haspopup=\"dialog\"\n\t\t\tdata-wp-bind--aria-label=\"state.thisImage.triggerButtonAriaLabel\"\n\t\t\tdata-wp-init=\"callbacks.initTriggerButton\"\n\t\t\tdata-wp-on--click=\"actions.showLightbox\"\n\t\t\tdata-wp-style--right=\"state.thisImage.buttonRight\"\n\t\t\tdata-wp-style--top=\"state.thisImage.buttonTop\"\n\t\t>\n\t\t\t<svg xmlns=\"http:\/\/www.w3.org\/2000\/svg\" width=\"12\" height=\"12\" fill=\"none\" viewBox=\"0 0 12 12\">\n\t\t\t\t<path fill=\"#fff\" d=\"M2 0a2 2 0 0 0-2 2v2h1.5V2a.5.5 0 0 1 .5-.5h2V0H2Zm2 10.5H2a.5.5 0 0 1-.5-.5V8H0v2a2 2 0 0 0 2 2h2v-1.5ZM8 12v-1.5h2a.5.5 0 0 0 .5-.5V8H12v2a2 2 0 0 1-2 2H8Zm2-12a2 2 0 0 1 2 2v2h-1.5V2a.5.5 0 0 0-.5-.5H8V0h2Z\" \/>\n\t\t\t<\/svg>\n\t\t<\/button><figcaption class=\"wp-element-caption\">Foto: Hannong H\u00f4tel &#038; Wine Bar \/ Google Maps<\/figcaption><\/figure>\n\n\n\n<!-- LKM_GYG_CARD start q=\"strasbourg\" lang=\"ro\" rendered=\"2026-09-05T14:32:39+00:00\" v=\"1\" -->\n<style id=\"lk-gyg-styles\">\n@import url(\"https:\/\/fonts.googleapis.com\/css2?family=Playfair+Display:wght@700&family=DM+Sans:wght@300;400;500;600&display=swap\");\n\/* === LK GYG karty \u2014 CRO redesign 2026-05 (namespace .lkx-) ===\n   C\u00edl: vy\u0161\u0161\u00ed CTR (hero + v\u00fdrazn\u00fd social proof + ak\u010dn\u00ed CTA, m\u00e9n\u011b \"reklamn\u00ed\").\n   Injektuje se inline do prvn\u00edho markeru postu (refresh_cards.py --inline-css). *\/\n.lkx-module, .lkx-module *{box-sizing:border-box;margin:0;padding:0}\n.lkx-module{\n  font-family:'DM Sans',-apple-system,Segoe UI,Roboto,Georgia,sans-serif;\n  max-width:860px;margin:2.5rem auto;color:#1f2328;\n}\n\n\/* HEADER \u2014 lehk\u00fd editorsk\u00fd, \u017e\u00e1dn\u00fd bannerov\u00fd blok; nadpis + popisek pod n\u00edm *\/\n.lkx-head{margin-bottom:16px}\n.lkx-head-main{display:flex;align-items:center;gap:10px}\n.lkx-head-accent{width:26px;height:3px;border-radius:2px;background:#c39f76;flex-shrink:0}\n.lkx-head-title{font-family:'Playfair Display',Georgia,serif;font-size:21px;font-weight:700;color:#1a1a1a;line-height:1.25}\n.lkx-head-meta{display:block;font-size:11px;letter-spacing:.3px;color:#9aa0a6;margin-top:4px;margin-left:36px}\n\n\/* HERO *\/\n.lkx-hero{display:grid;grid-template-columns:300px 1fr;background:#fff;border:1px solid #ece7df;border-radius:14px;overflow:hidden;text-decoration:none!important;color:inherit;box-shadow:0 6px 20px rgba(0,0,0,.06);transition:box-shadow .2s,transform .2s;margin-bottom:14px}\n.lkx-hero:hover{box-shadow:0 12px 30px rgba(0,0,0,.12);transform:translateY(-2px)}\n.lkx-hero-img{position:relative;min-height:230px;background-size:cover;background-position:center;background-color:#eee}\n.lkx-hero-body{padding:22px 24px;display:flex;flex-direction:column}\n.lkx-pick{position:absolute;top:12px;left:12px;background:#1a1a1a;color:#fff;font-size:11px;font-weight:700;letter-spacing:.5px;padding:5px 11px;border-radius:20px}\n\n\/* TITLE *\/\n.lkx-title{font-size:19px;font-weight:700;color:#161616;line-height:1.3}\n.lkx-title-sm{font-size:14.5px;line-height:1.35;display:-webkit-box;-webkit-line-clamp:2;-webkit-box-orient:vertical;overflow:hidden}\n\n\/* SOCIAL PROOF \u2014 v\u00fdrazn\u011b, naho\u0159e *\/\n.lkx-proof{display:flex;align-items:center;gap:7px;margin-top:12px;font-size:15px;color:#3a3a3a}\n.lkx-proof b{font-size:16px;color:#161616}\n.lkx-stars{color:#f5a623;letter-spacing:1px}\n.lkx-proof-sm{font-size:12.5px;margin-top:8px;gap:5px}\n.lkx-proof-sm b{font-size:13px}\n.lkx-proof-new{color:#3685fc;font-weight:600}\n\n\/* PRICE \u2014 n\u00edzk\u00e1 kotva *\/\n.lkx-price{font-size:14px;color:#6b7280}\n.lkx-price b{font-size:20px;color:#161616;font-weight:700}\n.lkx-price-sm b{font-size:15px}\n\n\/* CTA \u2014 tepl\u00e9 ak\u010dn\u00ed tla\u010d\u00edtko *\/\n.lkx-cta{display:inline-flex;align-items:center;justify-content:center;text-decoration:none!important;font-weight:700;color:#fff!important;background:linear-gradient(135deg,#f6743f,#e8552a);border-radius:10px;box-shadow:0 6px 16px rgba(232,85,42,.32);transition:box-shadow .2s}\n.lkx-cta-hero{font-size:15px;padding:13px 22px}\n.lkx-hero:hover .lkx-cta-hero{box-shadow:0 8px 22px rgba(232,85,42,.45)}\n.lkx-cta-sm{font-size:12.5px;padding:9px 14px;width:100%;margin-top:2px}\n.lkx-hero-bottom{margin-top:auto;padding-top:18px;display:flex;align-items:center;justify-content:space-between;gap:14px;flex-wrap:wrap}\n\n\/* BADGE \u2014 jeden v\u00fdrazn\u00fd na fotce *\/\n.lkx-badge{position:absolute;top:12px;right:12px;font-size:10.5px;font-weight:700;letter-spacing:.3px;padding:5px 10px;border-radius:16px;color:#fff}\n.lkx-badge.badge-urgency{background:rgba(214,40,40,.92)}\n.lkx-badge.badge-new{background:rgba(54,133,252,.92)}\n.lkx-badge.badge-top{background:rgba(195,159,118,.95)}\n.lkx-badge.badge-info{background:rgba(40,40,40,.78)}\n\n\/* SECONDARY GRID *\/\n.lkx-grid{display:grid;grid-template-columns:1fr 1fr;gap:14px}\n.lkx-card{background:#fff;border:1px solid #ece7df;border-radius:14px;overflow:hidden;text-decoration:none!important;color:inherit;box-shadow:0 4px 14px rgba(0,0,0,.05);display:flex;flex-direction:column;transition:box-shadow .2s,transform .2s}\n.lkx-card:hover{box-shadow:0 10px 24px rgba(0,0,0,.1);transform:translateY(-2px)}\n.lkx-card-img{position:relative;aspect-ratio:16\/10;background-size:cover;background-position:center;background-color:#eee}\n.lkx-card-body{padding:14px 16px 16px;display:flex;flex-direction:column;gap:7px;flex:1}\n.lkx-card-bottom{margin-top:auto;padding-top:10px;display:flex;align-items:center;justify-content:space-between;gap:8px}\n\n\/* DISCLOSURE \u2014 drobn\u00e1, kv\u016fli d\u016fv\u011b\u0159e\/z\u00e1konu *\/\n.lkx-disclosure{font-size:11px;color:#a7adb3;text-align:center;margin-top:14px;line-height:1.6}\n.lkx-disclosure a{color:#c39f76;text-decoration:none}\n\n@media(max-width:680px){\n  .lkx-hero{grid-template-columns:1fr}\n  .lkx-hero-img{min-height:180px}\n  .lkx-grid{grid-template-columns:1fr}\n  .lkx-head-meta{margin-left:0;width:100%}\n  .lkx-head-title{font-size:19px}\n}\n\n<\/style>\n<div class=\"lkx-module\" data-query=\"strasbourg\">\n  <div class=\"lkx-head\">\n    <div class=\"lkx-head-main\">\n      <span class=\"lkx-head-accent\"><\/span>\n      <span class=\"lkx-head-title\">Experien\u021be \u0219i bilete<\/span>\n    <\/div>\n    <span class=\"lkx-head-meta\">evaluat de c\u0103l\u0103tori \u00b7 GetYourGuide<\/span>\n  <\/div><a class=\"lkx-hero\" href=\"https:\/\/www.getyourguide.com\/ro-ro\/strasbourg-l293\/strasbourg-tur-pe-jos-cu-un-ghid-local-t877665\/?partner_id=MKZ64IS&amp;utm_medium=online_publisher&amp;cmp=unde-sa-stai-strasbourg-franta\" target=\"_blank\" rel=\"sponsored noopener nofollow\">\n    <div class=\"lkx-hero-img\" style=\"background-image:url('https:\/\/cdn.getyourguide.com\/img\/tour\/55865d3f8d08e2193af59ad660b04fb53bbd1f5148dde1eff9892481aee3de49.png\/132.jpg')\" role=\"img\" aria-label=\"Strasbourg: tur pe jos cu un ghid local\">\n      <span class=\"lkx-pick\">\u2605 Recomandarea noastr\u0103<\/span><\/div>\n    <div class=\"lkx-hero-body\">\n      <div class=\"lkx-title\">Strasbourg: tur pe jos cu un ghid local<\/div>\n      <div class=\"lkx-proof\">\n      <span class=\"lkx-stars\">\u2605\u2605\u2605\u2605\u2605<\/span>\n      <b>4.4<\/b> \u00b7 904 de recenzii\n    <\/div>\n      <div class=\"lkx-hero-bottom\"><div class=\"lkx-price\">de la <b>28\u00a0EUR<\/b><\/div><span class=\"lkx-cta lkx-cta-hero\">Vreau aceast\u0103 experien\u021b\u0103 \u2192<\/span>\n      <\/div>\n    <\/div>\n  <\/a><div class=\"lkx-grid\"><a class=\"lkx-card\" href=\"https:\/\/www.getyourguide.com\/ro-ro\/strasbourg-l293\/de-la-strasbourg-o-calatorie-traditionala-pe-traseul-vinului-pana-la-colmar-t1066634\/?partner_id=MKZ64IS&amp;utm_medium=online_publisher&amp;cmp=unde-sa-stai-strasbourg-franta\" target=\"_blank\" rel=\"sponsored noopener nofollow\">\n      <div class=\"lkx-card-img\" style=\"background-image:url('https:\/\/cdn.getyourguide.com\/img\/tour\/ad6c161500ce5ceaabb182d1ab2f151c62d5b59124194ab758ce97e60c9bfaf1.jpg\/132.jpg')\" role=\"img\" aria-label=\"De la Strasbourg: o c\u0103l\u0103torie tradi\u021bional\u0103 pe traseul vinului p\u00e2n\u0103 la Colmar\"><\/div>\n      <div class=\"lkx-card-body\">\n        <div class=\"lkx-title lkx-title-sm\">De la Strasbourg: o c\u0103l\u0103torie tradi\u021bional\u0103 pe traseul vinului p\u00e2n\u0103 la Colmar<\/div>\n        <div class=\"lkx-proof lkx-proof-sm\">\n      <span class=\"lkx-stars\">\u2605<\/span>\n      <b>3.6<\/b> \u00b7 18\n    <\/div>\n        <div class=\"lkx-card-bottom\"><span class=\"lkx-price lkx-price-sm\">de la <b>125\u00a0EUR<\/b><\/span><span class=\"lkx-cta lkx-cta-sm\">Vezi datele \u2192<\/span>\n        <\/div>\n      <\/div>\n    <\/a><a class=\"lkx-card\" href=\"https:\/\/www.getyourguide.com\/ro-ro\/strasbourg-l293\/strasbourg-plimbare-de-degustare-alsaciana-cu-5-degustari-t1458211\/?partner_id=MKZ64IS&amp;utm_medium=online_publisher&amp;cmp=unde-sa-stai-strasbourg-franta\" target=\"_blank\" rel=\"sponsored noopener nofollow\">\n      <div class=\"lkx-card-img\" style=\"background-image:url('https:\/\/cdn.getyourguide.com\/img\/tour\/e965587a48bc449a08b2ef17afbfc818a8ca05db25bccd1e896e40df12dc7ce3.jpg\/132.jpg')\" role=\"img\" aria-label=\"Strasbourg \u2013 Plimbare de degustare alsacian\u0103 cu 5 degust\u0103ri\"><\/div>\n      <div class=\"lkx-card-body\">\n        <div class=\"lkx-title lkx-title-sm\">Strasbourg \u2013 Plimbare de degustare alsacian\u0103 cu 5 degust\u0103ri<\/div>\n        <div class=\"lkx-proof lkx-proof-sm\">\n      <span class=\"lkx-stars\">\u2605<\/span>\n      <b>0.0<\/b> \u00b7 0\n    <\/div>\n        <div class=\"lkx-card-bottom\"><span class=\"lkx-price lkx-price-sm\">de la <b>45\u00a0EUR<\/b><\/span><span class=\"lkx-cta lkx-cta-sm\">Vezi datele \u2192<\/span>\n        <\/div>\n      <\/div>\n    <\/a><\/div><div class=\"lkx-disclosure\">\ud83d\udd17 Linkurile sunt de afiliere \u2014 nu \u00ee\u021bi schimb\u0103 pre\u021bul, dar ne ajut\u0103 s\u0103 cre\u0103m con\u021binut. \u00b7 <a href=\"https:\/\/www.getyourguide.com\/ro-ro\/s\/?q=strasbourg&amp;partner_id=MKZ64IS&amp;utm_medium=online_publisher\" target=\"_blank\" rel=\"sponsored noopener nofollow\">Toate experien\u021bele \u2192<\/a><\/div>\n<\/div>\n<!-- LKM_GYG_CARD end -->\n\n\n\n\n<div class=\"lk-stays-module\">\n<style>\n\/* \u2500\u2500\u2500 RESET PRO GUTENBERG \u2500\u2500\u2500 *\/\n.lk-stays-module * { box-sizing: border-box; margin: 0; padding: 0; }\n\n\/* \u2500\u2500\u2500 WRAPPER \u2500\u2500\u2500 *\/\n.lk-stays-module {\n  font-family: 'DM Sans', Georgia, sans-serif;\n  max-width: 100%;\n  margin: 2.5rem auto;\n  background: linear-gradient(135deg, #fdfaf5 0%, #fcf8f0 100%);\n  border: 1px solid #e8dfd4;\n  border-radius: 16px;\n  overflow: hidden;\n  box-shadow: 0 16px 48px rgba(195, 159, 118, 0.25), 0 4px 12px rgba(0,0,0,0.08);\n}\n\n\/* \u2500\u2500\u2500 HEADER \u2500\u2500\u2500 *\/\n.lk-stays-header {\n  position: relative;\n  padding: 24px 36px 24px;\n  background: linear-gradient(135deg, #c39f76 0%, #d4b188 60%, #c39f76 100%);\n  border-bottom: 1px solid rgba(255,255,255,.15);\n  display: flex;\n  align-items: center;\n  gap: 18px;\n}\n.lk-stays-header::before {\n  content: '';\n  position: absolute;\n  inset: 0;\n  background: url(\"data:image\/svg+xml,%3Csvg width='60' height='60' viewBox='0 0 60 60' xmlns='http:\/\/www.w3.org\/2000\/svg'%3E%3Cg fill='none' fill-rule='evenodd'%3E%3Cg fill='%23ffffff' fill-opacity='0.05'%3E%3Cpath d='M36 34v-4h-2v4h-4v2h4v4h2v-4h4v-2h-4zm0-30V0h-2v4h-4v2h4v4h2V6h4V4h-4zM6 34v-4H4v4H0v2h4v4h2v-4h4v-2H6zM6 4V0H4v4H0v2h4v4h2V6h4V4H6z'\/%3E%3C\/g%3E%3C\/g%3E%3C\/svg%3E\") repeat;\n  pointer-events: none;\n}\n.lk-stays-icon {\n  flex-shrink: 0;\n  width: 68px;\n  height: 68px;\n  border-radius: 14px;\n  background: linear-gradient(135deg, #fff 0%, #f9f6f0 100%);\n  display: flex;\n  align-items: center;\n  justify-content: center;\n  font-size: 26px;\n  box-shadow: 0 4px 12px rgba(0,0,0,0.15);\n}\n.lk-stays-eyebrow {\n  font-size: 10px;\n  font-weight: 500;\n  letter-spacing: 2.5px;\n  text-transform: uppercase;\n  color: rgba(255,255,255,.85);\n  margin: 0 0 5px 0;\n}\n.lk-stays-title {\n  font-family: 'Playfair Display', Georgia, serif;\n  font-size: 24px;\n  font-weight: 700;\n  color: #fff;\n  line-height: 1.2;\n  text-shadow: 0 1px 2px rgba(0,0,0,0.1);\n  margin: 0;\n}\n.lk-stays-subtitle {\n  font-size: 13px;\n  color: rgba(255,255,255,.75);\n  margin: 4px 0 0 0;\n  font-weight: 300;\n}\n\n\/* \u2500\u2500\u2500 CARDS GRID \u2500\u2500\u2500 *\/\n.lk-stays-grid {\n  display: grid;\n  grid-template-columns: 1fr 1fr;\n  gap: 1px;\n  background: rgba(195, 159, 118, 0.12);\n}\n\n\/* \u2500\u2500\u2500 SINGLE CARD \u2500\u2500\u2500 *\/\n.lk-stay-card {\n  background: #ffffff;\n  padding: 26px;\n  display: flex;\n  flex-direction: column;\n  gap: 11px;\n  transition: all 0.3s ease;\n  text-decoration: none;\n  color: inherit;\n  position: relative;\n}\n.lk-stay-card:hover {\n  background: #fffbf5;\n  transform: translateY(-2px);\n  box-shadow: 0 8px 24px rgba(195, 159, 118, 0.18);\n  z-index: 1;\n}\n.lk-stay-card.featured {\n  background: linear-gradient(135deg, #fffdf9 0%, #fff9f0 100%);\n  box-shadow: 0 4px 16px rgba(195, 159, 118, 0.15), inset 0 1px 0 rgba(195, 159, 118, 0.1);\n}\n.lk-stay-card.featured:hover {\n  background: linear-gradient(135deg, #fffbf5 0%, #fff8ed 100%);\n  box-shadow: 0 8px 24px rgba(195, 159, 118, 0.25), inset 0 1px 0 rgba(195, 159, 118, 0.15);\n}\n\n.lk-stay-badge {\n  display: inline-flex;\n  align-items: center;\n  gap: 5px;\n  font-size: 10px;\n  font-weight: 500;\n  letter-spacing: 1.5px;\n  text-transform: uppercase;\n  padding: 5px 11px;\n  border-radius: 20px;\n  width: fit-content;\n}\n.badge-top     { background: linear-gradient(135deg, #c39f76 0%, #d4b188 100%); color: #fff; border: 1px solid #c39f76; font-weight: 600; box-shadow: 0 2px 8px rgba(195,159,118,0.3); }\n.badge-luxury  { background: rgba(195,159,118,.12); color: #c39f76; border: 1px solid rgba(195,159,118,.25); }\n.badge-boutique{ background: rgba(54,133,252,.08); color: #3685fc; border: 1px solid rgba(54,133,252,.2); }\n.badge-nature  { background: rgba(130,190,100,.1); color: #6b9c4a; border: 1px solid rgba(130,190,100,.2); }\n.badge-remote  { background: rgba(195,159,118,.12); color: #a67e50; border: 1px solid rgba(195,159,118,.25); }\n\n.lk-stay-name {\n  font-family: 'Playfair Display', Georgia, serif;\n  font-size: 18px;\n  font-weight: 700;\n  color: #111827;\n  line-height: 1.3;\n}\n.lk-stay-desc {\n  font-size: 13.5px;\n  color: #525252;\n  line-height: 1.65;\n  font-weight: 300;\n  flex: 1;\n}\n\n.lk-stay-meta {\n  display: flex;\n  align-items: center;\n  gap: 12px;\n  flex-wrap: wrap;\n  margin-top: 4px;\n}\n.lk-stay-price {\n  font-size: 13px;\n  color: #6b7280;\n}\n.lk-stay-price strong {\n  color: #c39f76;\n  font-weight: 500;\n}\n.lk-stay-stars {\n  color: #c39f76;\n  font-size: 11px;\n  letter-spacing: 1px;\n}\n\n\/* \u2500\u2500\u2500 CTA BUTTON \u2500\u2500\u2500 *\/\n.lk-stay-cta {\n  display: inline-flex;\n  align-items: center;\n  justify-content: center;\n  gap: 7px;\n  margin-top: 8px;\n  padding: 11px 20px;\n  border-radius: 8px;\n  background: linear-gradient(135deg, #3685fc 0%, #2a6fd9 100%);\n  color: #fff;\n  font-size: 13px;\n  font-weight: 500;\n  text-decoration: none;\n  letter-spacing: .3px;\n  transition: all .2s ease;\n  cursor: pointer;\n  border: none;\n  text-align: center;\n  box-shadow: 0 4px 12px rgba(54, 133, 252, 0.25);\n}\n.lk-stay-cta:hover {\n  background: linear-gradient(135deg, #2a6fd9 0%, #1e5bc4 100%);\n  transform: translateY(-1px);\n  box-shadow: 0 6px 16px rgba(54, 133, 252, 0.35);\n}\n.lk-stay-cta svg { flex-shrink: 0; }\n\n\/* \u2500\u2500\u2500 FOOTER \u2500\u2500\u2500 *\/\n.lk-stays-footer {\n  padding: 18px 36px;\n  background: linear-gradient(to bottom, #fdfaf5 0%, #f9f4ed 100%);\n  border-top: 1px solid rgba(195, 159, 118, 0.15);\n  display: flex;\n  align-items: center;\n  justify-content: space-between;\n  flex-wrap: wrap;\n  gap: 12px;\n}\n.lk-stays-footer-note {\n  font-size: 11.5px;\n  color: #6b7280;\n  font-weight: 300;\n  line-height: 1.5;\n}\n.lk-stays-footer-note a {\n  color: #c39f76;\n  text-decoration: none;\n  font-weight: 400;\n}\n.lk-stays-footer-note a:hover {\n  text-decoration: underline;\n}\n.lk-stays-all-btn {\n  display: inline-flex;\n  align-items: center;\n  gap: 6px;\n  font-size: 12.5px;\n  font-weight: 500;\n  color: #c39f76;\n  text-decoration: none;\n  border: 1px solid rgba(195, 159, 118, 0.35);\n  padding: 8px 18px;\n  border-radius: 8px;\n  transition: all .2s ease;\n}\n.lk-stays-all-btn:hover {\n  background: rgba(195, 159, 118, 0.08);\n  border-color: rgba(195, 159, 118, 0.5);\n}\n\n\/* \u2500\u2500\u2500 RESPONSIVE \u2500\u2500\u2500 *\/\n@media (max-width: 600px) {\n  .lk-stays-grid { grid-template-columns: 1fr; }\n  .lk-stays-header { padding: 24px 20px; }\n  .lk-stays-footer { padding: 16px 20px; }\n  .lk-stay-card { padding: 22px; }\n  .lk-stays-title { font-size: 20px; }\n}\n<\/style>\n\n  <!-- HEADER -->\n  <div class=\"lk-stays-header\">\n    <img decoding=\"async\" src=\"https:\/\/loudavymkrokem.cz\/wp-content\/uploads\/2026\/02\/lukas-a-lucka.jpg\" alt=\"\" style=\"width: 75px; height: 75px; border-radius: 8px; flex-shrink: 0; object-fit: cover; display: block; margin: 4px 0;\" title=\"\">\n    <div class=\"lk-stays-header-text\">\n      <div class=\"lk-stays-eyebrow\">Luk\u00e1\u0161 \u0219i Lucie recomand\u0103<\/div>\n      <div class=\"lk-stays-title\">Unde s\u0103 te cazezi \u00een Strasbourg<\/div>\n      <div class=\"lk-stays-subtitle\">6 caz\u0103ri \u2014 hoteluri wellness, hoteluri \u0219i alte op\u021biuni de cazare<\/div>\n    <\/div>\n  <\/div>\n\n  <!-- CARDS -->\n  <div class=\"lk-stays-grid\">\n\n    <a class=\"lk-stay-card featured\" href=\"https:\/\/www.stay22.com\/allez\/roam?aid=lukaskonecny&#038;campaign=loudavymkrokemcz&#038;campaign=ro&#038;campaign=kde-bydlet-ve-strasburku&#038;hotelname=Cour%20du%20Corbeau%20Hotel%20Strasbourg%20MGallery&#038;address=%C5%A0trasburk%2C%20Francie\" target=\"_blank\" rel=\"nofollow noopener\">\n      <span class=\"lk-stay-badge badge-top\">\u2b50 TOP ALEGERE<\/span>\n      <span class=\"lk-stay-badge badge-nature\">\u2b50 Luxury<\/span>\n      <div class=\"lk-stay-name\">Cour du Corbeau Hotel Strasbourg MGallery<\/div>\n      <div class=\"lk-stay-desc\">Hotel de luxe \u00eentr-o cl\u0103dire din secolul al XVI-lea cu o evaluare excelent\u0103 de 4,8. Balcon frumos din lemn \u0219i curte interioar\u0103 lini\u0219tit\u0103. La doar c\u00e2teva minute de catedral\u0103.<\/div>\n      <div class=\"lk-stay-meta\">\n        <span class=\"lk-stay-stars\">\u2605\u2605\u2605\u2605<\/span>\n        <span class=\"lk-stay-price\">Verific\u0103 pre\u021burile<\/span>\n      <\/div>\n      <span class=\"lk-stay-cta\">\n        <svg width=\"14\" height=\"14\" viewBox=\"0 0 24 24\" fill=\"none\" stroke=\"currentColor\" stroke-width=\"2\"><path d=\"M18 13v6a2 2 0 0 1-2 2H5a2 2 0 0 1-2-2V8a2 2 0 0 1 2-2h6\"\/><polyline points=\"15 3 21 3 21 9\"\/><line x1=\"10\" y1=\"14\" x2=\"21\" y2=\"3\"\/><\/svg>\n        Verific\u0103 disponibilitatea\n      <\/span>\n    <\/a>\n\n    <a class=\"lk-stay-card\" href=\"https:\/\/www.stay22.com\/allez\/roam?aid=lukaskonecny&#038;campaign=loudavymkrokemcz&#038;campaign=ro&#038;campaign=kde-bydlet-ve-strasburku&#038;hotelname=Les%20Haras%20H%C3%B4tel%20by%20Stay%20Collection&#038;address=%C5%A0trasburk%2C%20Francie\" target=\"_blank\" rel=\"nofollow noopener\">\n      <span class=\"lk-stay-badge badge-nature\">\ud83c\udfe8 Hotel<\/span>\n      <div class=\"lk-stay-name\">Les Haras H\u00f4tel by Stay Collection<\/div>\n      <div class=\"lk-stay-desc\">Hotel de design \u00eentr-o fost\u0103 herghelie regal\u0103 din secolul al XVIII-lea. Hotel spa cu piscin\u0103 \u0219i restaurant renumit. Evaluare 4,6.<\/div>\n      <div class=\"lk-stay-meta\">\n        <span class=\"lk-stay-stars\">\u2605\u2605\u2605\u2605<\/span>\n        <span class=\"lk-stay-price\">Verific\u0103 pre\u021burile<\/span>\n      <\/div>\n      <span class=\"lk-stay-cta\">\n        <svg width=\"14\" height=\"14\" viewBox=\"0 0 24 24\" fill=\"none\" stroke=\"currentColor\" stroke-width=\"2\"><path d=\"M18 13v6a2 2 0 0 1-2 2H5a2 2 0 0 1-2-2V8a2 2 0 0 1 2-2h6\"\/><polyline points=\"15 3 21 3 21 9\"\/><line x1=\"10\" y1=\"14\" x2=\"21\" y2=\"3\"\/><\/svg>\n        Verific\u0103 disponibilitatea\n      <\/span>\n    <\/a>\n\n    <a class=\"lk-stay-card\" href=\"https:\/\/www.stay22.com\/allez\/roam?aid=lukaskonecny&#038;campaign=loudavymkrokemcz&#038;campaign=ro&#038;campaign=kde-bydlet-ve-strasburku&#038;hotelname=Maison%20Rouge%20Strasbourg%20Hotel%20%26%20Spa&#038;address=%C5%A0trasburk%2C%20Francie\" target=\"_blank\" rel=\"nofollow noopener\">\n      <span class=\"lk-stay-badge badge-nature\">\ud83c\udfe8 Hotel<\/span>\n      <div class=\"lk-stay-name\">Maison Rouge Strasbourg Hotel &#038; Spa<\/div>\n      <div class=\"lk-stay-desc\">Hotel clasic la doar c\u00e2\u021biva pa\u0219i de catedral\u0103. Salon pentru micul dejun cu fresce originale. Spa \u0219i wellness. Evaluare 4,5.<\/div>\n      <div class=\"lk-stay-meta\">\n        <span class=\"lk-stay-stars\">\u2605\u2605\u2605\u2605<\/span>\n        <span class=\"lk-stay-price\">Verific\u0103 pre\u021burile<\/span>\n      <\/div>\n      <span class=\"lk-stay-cta\">\n        <svg width=\"14\" height=\"14\" viewBox=\"0 0 24 24\" fill=\"none\" stroke=\"currentColor\" stroke-width=\"2\"><path d=\"M18 13v6a2 2 0 0 1-2 2H5a2 2 0 0 1-2-2V8a2 2 0 0 1 2-2h6\"\/><polyline points=\"15 3 21 3 21 9\"\/><line x1=\"10\" y1=\"14\" x2=\"21\" y2=\"3\"\/><\/svg>\n        Verific\u0103 disponibilitatea\n      <\/span>\n    <\/a>\n\n    <a class=\"lk-stay-card\" href=\"https:\/\/www.stay22.com\/allez\/roam?aid=lukaskonecny&#038;campaign=loudavymkrokemcz&#038;campaign=ro&#038;campaign=kde-bydlet-ve-strasburku&#038;hotelname=H%C3%B4tel%20Beaucour&#038;address=%C5%A0trasburk%2C%20Francie\" target=\"_blank\" rel=\"nofollow noopener\">\n      <span class=\"lk-stay-badge badge-nature\">\ud83c\udfe8 Hotel<\/span>\n      <div class=\"lk-stay-name\">H\u00f4tel Beaucour<\/div>\n      <div class=\"lk-stay-desc\">Cas\u0103 tradi\u021bional\u0103 cu structur\u0103 din lemn \u0219i teras\u0103 pitoreasc\u0103. Unele camere cu jacuzzi propriu. Raport excelent \u00eentre pre\u021b \u0219i atmosfer\u0103. Evaluare 4,6.<\/div>\n      <div class=\"lk-stay-meta\">\n        <span class=\"lk-stay-stars\">\u2605\u2605\u2605\u2605<\/span>\n        <span class=\"lk-stay-price\">Verific\u0103 pre\u021burile<\/span>\n      <\/div>\n      <span class=\"lk-stay-cta\">\n        <svg width=\"14\" height=\"14\" viewBox=\"0 0 24 24\" fill=\"none\" stroke=\"currentColor\" stroke-width=\"2\"><path d=\"M18 13v6a2 2 0 0 1-2 2H5a2 2 0 0 1-2-2V8a2 2 0 0 1 2-2h6\"\/><polyline points=\"15 3 21 3 21 9\"\/><line x1=\"10\" y1=\"14\" x2=\"21\" y2=\"3\"\/><\/svg>\n        Verific\u0103 disponibilitatea\n      <\/span>\n    <\/a>\n\n    <a class=\"lk-stay-card\" href=\"https:\/\/www.stay22.com\/allez\/roam?aid=lukaskonecny&#038;campaign=loudavymkrokemcz&#038;campaign=ro&#038;campaign=kde-bydlet-ve-strasburku&#038;hotelname=L%C3%89ONOR%20H%C3%B4tel%20by%20Stay%20Collection&#038;address=%C5%A0trasburk%2C%20Francie\" target=\"_blank\" rel=\"nofollow noopener\">\n      <span class=\"lk-stay-badge badge-nature\">\u2b50 Luxury<\/span>\n      <div class=\"lk-stay-name\">L\u00c9ONOR H\u00f4tel by Stay Collection<\/div>\n      <div class=\"lk-stay-desc\">Lux de design modern \u00eentr-o cl\u0103dire istoric\u0103. Propria patiserie \u0219i restaurant renumit. Evaluare 4,7.<\/div>\n      <div class=\"lk-stay-meta\">\n        <span class=\"lk-stay-stars\">\u2605\u2605\u2605\u2605<\/span>\n        <span class=\"lk-stay-price\">Verific\u0103 pre\u021burile<\/span>\n      <\/div>\n      <span class=\"lk-stay-cta\">\n        <svg width=\"14\" height=\"14\" viewBox=\"0 0 24 24\" fill=\"none\" stroke=\"currentColor\" stroke-width=\"2\"><path d=\"M18 13v6a2 2 0 0 1-2 2H5a2 2 0 0 1-2-2V8a2 2 0 0 1 2-2h6\"\/><polyline points=\"15 3 21 3 21 9\"\/><line x1=\"10\" y1=\"14\" x2=\"21\" y2=\"3\"\/><\/svg>\n        Verific\u0103 disponibilitatea\n      <\/span>\n    <\/a>\n\n    <a class=\"lk-stay-card\" href=\"https:\/\/www.stay22.com\/allez\/roam?aid=lukaskonecny&#038;campaign=loudavymkrokemcz&#038;campaign=ro&#038;campaign=kde-bydlet-ve-strasburku&#038;hotelname=Hotel%20Tandem&#038;address=%C5%A0trasburk%2C%20Francie\" target=\"_blank\" rel=\"nofollow noopener\">\n      <span class=\"lk-stay-badge badge-nature\">\ud83c\udfe8 Hotel<\/span>\n      <div class=\"lk-stay-name\">Hotel Tandem<\/div>\n      <div class=\"lk-stay-desc\">Hotel boutique ecologic l\u00e2ng\u0103 gar\u0103. Bar de vinuri cu vinuri biodinamice \u0219i \u00eenchiriere de biciclete. Evaluare 4,7.<\/div>\n      <div class=\"lk-stay-meta\">\n        <span class=\"lk-stay-stars\">\u2605\u2605\u2605\u2605<\/span>\n        <span class=\"lk-stay-price\">Verific\u0103 pre\u021burile<\/span>\n      <\/div>\n      <span class=\"lk-stay-cta\">\n        <svg width=\"14\" height=\"14\" viewBox=\"0 0 24 24\" fill=\"none\" stroke=\"currentColor\" stroke-width=\"2\"><path d=\"M18 13v6a2 2 0 0 1-2 2H5a2 2 0 0 1-2-2V8a2 2 0 0 1 2-2h6\"\/><polyline points=\"15 3 21 3 21 9\"\/><line x1=\"10\" y1=\"14\" x2=\"21\" y2=\"3\"\/><\/svg>\n        Verific\u0103 disponibilitatea\n      <\/span>\n    <\/a>\n\n  <\/div>\n\n  \n<\/div>\n\n\n\n\n<h3 class=\"wp-block-heading\"><span class=\"ez-toc-section\" id=\"10_Hannong_Hotel_Wine_Bar\"><\/span>10. Hannong H\u00f4tel &#038; Wine Bar<span class=\"ez-toc-section-end\"><\/span><\/h3>\n\n\n\n<p class=\"wp-block-paragraph\">Acest extrem de stilat <strong><a href=\"https:\/\/www.stay22.com\/allez\/roam?aid=lukaskonecny&#038;campaign=loudavymkrokemcz&#038;campaign=kde-bydlet-ve-strasburku&#038;hotelname=Hannong%20H%C3%B4tel%20%26%20Wine%20Bar&#038;address=%C5%A0trasburk%2C%20Francie\" target=\"_blank\" rel=\"noopener nofollow sponsored\">Hannong H\u00f4tel &#038; Wine Bar<\/a><\/strong>, cu un rating de 4,5, va \u00eenc\u00e2nta garantat pe orice iubitor de b\u0103utur\u0103 bun\u0103, pentru c\u0103 <strong>inima lui este un bar de vinuri fantastic cu o frumoas\u0103 teras\u0103 pe acoperi\u0219<\/strong>. Cazarea se afl\u0103 la mic\u0103 distan\u021b\u0103 de \u00eendr\u0103gitul cartier Petite France \u0219i ofer\u0103 <strong>un amestec grozav \u0219i foarte fin de design modern \u0219i elemente istorice originale<\/strong>.<\/p>\n\n\n\n<p class=\"wp-block-paragraph\">Marea m\u00e2ndrie a acestui hotel este superbul salon vintage cu un luminator enorm din sticl\u0103, unde \u00een fiecare diminea\u021b\u0103 se servesc mic dejunuri foarte bogate \u0219i unde <strong>po\u021bi sta \u00een timpul zilei cu o carte bun\u0103 \u0219i un pahar de vin alsacian delicios<\/strong>. Camerele \u00een sine sunt frumos aerisite, impecabil de curate \u0219i se laud\u0103 cu paturi foarte confortabile, cu lenjerie de calitate.<\/p>\n\n\n\n<p class=\"wp-block-paragraph\">Hotelul se afl\u0103 la o distan\u021b\u0103 de mers pe jos perfect\u0103 at\u00e2t de gar\u0103, c\u00e2t \u0219i de centrul propriu-zis, a\u0219a c\u0103 nu vei avea nevoie de niciun mijloc de transport \u00een comun. Personalul de aici \u00eei sf\u0103tuie\u0219te pe oaspe\u021bi cu un entuziasm uria\u0219 ce cram\u0103 anume din zon\u0103 n-ar trebui nicidecum s\u0103 rateze.<\/p>\n\n\n\n<p class=\"wp-block-paragraph\">\ud83d\udca1 <strong>Pont:<\/strong> Rezerv\u0103 o camer\u0103 aici dac\u0103 vrei s\u0103 te bucuri pe deplin de <strong>degust\u0103ri de vinuri locale de top chiar \u00een confortul hotelului<\/strong> \u0219i iube\u0219ti un mediu de design elegant \u0219i nonconformist.<\/p>\n\n\n\n<figure data-wp-context=\"{&quot;imageId&quot;:&quot;6a9c3a6e55528&quot;}\" data-wp-interactive=\"core\/image\" data-wp-key=\"6a9c3a6e55528\" class=\"wp-block-image size-full wp-lightbox-container\"><img decoding=\"async\" width=\"1600\" height=\"1067\" data-wp-class--hide=\"state.isContentHidden\" data-wp-class--show=\"state.isContentVisible\" data-wp-init=\"callbacks.setButtonStyles\" data-wp-on--click=\"actions.showLightbox\" data-wp-on--load=\"callbacks.setButtonStyles\" data-wp-on--pointerdown=\"actions.preloadImage\" data-wp-on--pointerenter=\"actions.preloadImageWithDelay\" data-wp-on--pointerleave=\"actions.cancelPreload\" data-wp-on-window--resize=\"callbacks.setButtonStyles\" src=\"https:\/\/loudavymkrokem.cz\/wp-content\/uploads\/2026\/09\/h-tel-gutenberg.jpg\" alt=\"Hotel H\u00f4tel Gutenberg\" class=\"wp-image-413085\" title=\"\" srcset=\"https:\/\/loudavymkrokem.cz\/wp-content\/uploads\/2026\/09\/h-tel-gutenberg.jpg 1600w, https:\/\/loudavymkrokem.cz\/wp-content\/uploads\/2026\/09\/h-tel-gutenberg-300x200.jpg 300w, https:\/\/loudavymkrokem.cz\/wp-content\/uploads\/2026\/09\/h-tel-gutenberg-700x467.jpg 700w, https:\/\/loudavymkrokem.cz\/wp-content\/uploads\/2026\/09\/h-tel-gutenberg-768x512.jpg 768w, https:\/\/loudavymkrokem.cz\/wp-content\/uploads\/2026\/09\/h-tel-gutenberg-1536x1024.jpg 1536w, https:\/\/loudavymkrokem.cz\/wp-content\/uploads\/2026\/09\/h-tel-gutenberg-696x464.jpg 696w, https:\/\/loudavymkrokem.cz\/wp-content\/uploads\/2026\/09\/h-tel-gutenberg-1392x928.jpg 1392w\" sizes=\"(max-width: 1600px) 100vw, 1600px\" \/><button\n\t\t\tclass=\"lightbox-trigger\"\n\t\t\ttype=\"button\"\n\t\t\taria-haspopup=\"dialog\"\n\t\t\tdata-wp-bind--aria-label=\"state.thisImage.triggerButtonAriaLabel\"\n\t\t\tdata-wp-init=\"callbacks.initTriggerButton\"\n\t\t\tdata-wp-on--click=\"actions.showLightbox\"\n\t\t\tdata-wp-style--right=\"state.thisImage.buttonRight\"\n\t\t\tdata-wp-style--top=\"state.thisImage.buttonTop\"\n\t\t>\n\t\t\t<svg xmlns=\"http:\/\/www.w3.org\/2000\/svg\" width=\"12\" height=\"12\" fill=\"none\" viewBox=\"0 0 12 12\">\n\t\t\t\t<path fill=\"#fff\" d=\"M2 0a2 2 0 0 0-2 2v2h1.5V2a.5.5 0 0 1 .5-.5h2V0H2Zm2 10.5H2a.5.5 0 0 1-.5-.5V8H0v2a2 2 0 0 0 2 2h2v-1.5ZM8 12v-1.5h2a.5.5 0 0 0 .5-.5V8H12v2a2 2 0 0 1-2 2H8Zm2-12a2 2 0 0 1 2 2v2h-1.5V2a.5.5 0 0 0-.5-.5H8V0h2Z\" \/>\n\t\t\t<\/svg>\n\t\t<\/button><figcaption class=\"wp-element-caption\">Foto: H\u00f4tel Gutenberg \/ Google Maps<\/figcaption><\/figure>\n\n\n\n<h3 class=\"wp-block-heading\"><span class=\"ez-toc-section\" id=\"11_Hotel_Gutenberg\"><\/span>11. H\u00f4tel Gutenberg<span class=\"ez-toc-section-end\"><\/span><\/h3>\n\n\n\n<p class=\"wp-block-paragraph\">Acest foarte pl\u0103cut \u0219i mai degrab\u0103 mic <strong><a href=\"https:\/\/www.stay22.com\/allez\/roam?aid=lukaskonecny&#038;campaign=loudavymkrokemcz&#038;campaign=kde-bydlet-ve-strasburku&#038;hotelname=H%C3%B4tel%20Gutenberg&#038;address=%C5%A0trasburk%2C%20Francie\" target=\"_blank\" rel=\"noopener nofollow sponsored\">H\u00f4tel Gutenberg<\/a><\/strong> \u00ee\u0219i men\u021bine un rating solid de 4,5 \u0219i se afl\u0103 \u00eentr-o pozi\u021bie strategic\u0103 <strong>la doar o mic\u0103 distan\u021b\u0103 de catedrala principal\u0103 \u0219i de Place Gutenberg<\/strong>. Ofer\u0103 camere mai degrab\u0103 intime, dar cu at\u00e2t mai gustos \u0219i practic amenajate, care <strong>ofer\u0103 tot confortul modern necesar pentru o zi \u00eentreag\u0103 de explorare a ora\u0219ului<\/strong>.<\/p>\n\n\n\n<p class=\"wp-block-paragraph\">Este pur \u0219i simplu o alegere excelent\u0103 pentru cei dintre voi care vor s\u0103 stea chiar \u00een centrul tuturor evenimentelor, dar \u00een acela\u0219i timp <strong>caut\u0103 un pre\u021b foarte bun \u0219i acceptabil pentru o pozi\u021bie pe cea mai scump\u0103 insul\u0103 Grande \u00cele<\/strong>. Din unele camere se deschide, \u00een plus, o priveli\u0219te frumoas\u0103 direct spre turnul catedralei, ceea ce d\u0103 caz\u0103rii o atmosfer\u0103 uimitoare \u0219i senza\u021bia c\u0103 e\u0219ti cu adev\u0103rat \u00een inima Alsaciei.<\/p>\n\n\n\n<p class=\"wp-block-paragraph\">Personalul de aici este renumit pentru disponibilitatea sa maxim\u0103 \u0219i te sf\u0103tuie\u0219te cu mare pl\u0103cere la rezerv\u0103rile celor mai bune restaurante din zon\u0103. \u00cen fiecare diminea\u021b\u0103 se serve\u0219te un mic dejun continental excelent, cu sucuri proaspete \u0219i patiserie francez\u0103 impecabil\u0103 de la brutarii locali.<\/p>\n\n\n\n<p class=\"wp-block-paragraph\">\ud83d\udca1 <strong>Pont:<\/strong> Calea de mijloc ideal\u0103 pentru c\u0103l\u0103torii care insist\u0103 neab\u0103tut asupra unei <strong>caz\u0103ri pe insula istoric\u0103 Grande \u00cele<\/strong>, dar nu au neap\u0103rat nevoie pentru asta de un lux de cinci stele.<\/p>\n\n\n\n<figure data-wp-context=\"{&quot;imageId&quot;:&quot;6a9c3a6e55c3b&quot;}\" data-wp-interactive=\"core\/image\" data-wp-key=\"6a9c3a6e55c3b\" class=\"wp-block-image size-full wp-lightbox-container\"><img decoding=\"async\" width=\"1600\" height=\"1063\" data-wp-class--hide=\"state.isContentHidden\" data-wp-class--show=\"state.isContentVisible\" data-wp-init=\"callbacks.setButtonStyles\" data-wp-on--click=\"actions.showLightbox\" data-wp-on--load=\"callbacks.setButtonStyles\" data-wp-on--pointerdown=\"actions.preloadImage\" data-wp-on--pointerenter=\"actions.preloadImageWithDelay\" data-wp-on--pointerleave=\"actions.cancelPreload\" data-wp-on-window--resize=\"callbacks.setButtonStyles\" src=\"https:\/\/loudavymkrokem.cz\/wp-content\/uploads\/2026\/09\/h-tel-rohan-strasbourg.png\" alt=\"Hotel H\u00f4tel Rohan Strasbourg\" class=\"wp-image-413091\" title=\"\" srcset=\"https:\/\/loudavymkrokem.cz\/wp-content\/uploads\/2026\/09\/h-tel-rohan-strasbourg.png 1600w, https:\/\/loudavymkrokem.cz\/wp-content\/uploads\/2026\/09\/h-tel-rohan-strasbourg-300x199.png 300w, https:\/\/loudavymkrokem.cz\/wp-content\/uploads\/2026\/09\/h-tel-rohan-strasbourg-700x465.png 700w, https:\/\/loudavymkrokem.cz\/wp-content\/uploads\/2026\/09\/h-tel-rohan-strasbourg-768x510.png 768w, https:\/\/loudavymkrokem.cz\/wp-content\/uploads\/2026\/09\/h-tel-rohan-strasbourg-1536x1020.png 1536w, https:\/\/loudavymkrokem.cz\/wp-content\/uploads\/2026\/09\/h-tel-rohan-strasbourg-696x462.png 696w, https:\/\/loudavymkrokem.cz\/wp-content\/uploads\/2026\/09\/h-tel-rohan-strasbourg-1392x925.png 1392w\" sizes=\"(max-width: 1600px) 100vw, 1600px\" \/><button\n\t\t\tclass=\"lightbox-trigger\"\n\t\t\ttype=\"button\"\n\t\t\taria-haspopup=\"dialog\"\n\t\t\tdata-wp-bind--aria-label=\"state.thisImage.triggerButtonAriaLabel\"\n\t\t\tdata-wp-init=\"callbacks.initTriggerButton\"\n\t\t\tdata-wp-on--click=\"actions.showLightbox\"\n\t\t\tdata-wp-style--right=\"state.thisImage.buttonRight\"\n\t\t\tdata-wp-style--top=\"state.thisImage.buttonTop\"\n\t\t>\n\t\t\t<svg xmlns=\"http:\/\/www.w3.org\/2000\/svg\" width=\"12\" height=\"12\" fill=\"none\" viewBox=\"0 0 12 12\">\n\t\t\t\t<path fill=\"#fff\" d=\"M2 0a2 2 0 0 0-2 2v2h1.5V2a.5.5 0 0 1 .5-.5h2V0H2Zm2 10.5H2a.5.5 0 0 1-.5-.5V8H0v2a2 2 0 0 0 2 2h2v-1.5ZM8 12v-1.5h2a.5.5 0 0 0 .5-.5V8H12v2a2 2 0 0 1-2 2H8Zm2-12a2 2 0 0 1 2 2v2h-1.5V2a.5.5 0 0 0-.5-.5H8V0h2Z\" \/>\n\t\t\t<\/svg>\n\t\t<\/button><figcaption class=\"wp-element-caption\">Foto: H\u00f4tel Rohan Strasbourg \/ Google Maps<\/figcaption><\/figure>\n\n\n\n<h3 class=\"wp-block-heading\"><span class=\"ez-toc-section\" id=\"12_Hotel_Rohan_Strasbourg\"><\/span>12. H\u00f4tel Rohan Strasbourg<span class=\"ez-toc-section-end\"><\/span><\/h3>\n\n\n\n<p class=\"wp-block-paragraph\">\u00cenc\u0103 o alegere excelent\u0103 chiar \u00een vecin\u0103tatea impun\u0103toarei catedrale. Acest \u00eendr\u0103git <strong><a href=\"https:\/\/www.stay22.com\/allez\/roam?aid=lukaskonecny&#038;campaign=loudavymkrokemcz&#038;campaign=kde-bydlet-ve-strasburku&#038;hotelname=H%C3%B4tel%20Rohan%20Strasbourg&#038;address=%C5%A0trasburk%2C%20Francie\" target=\"_blank\" rel=\"noopener nofollow sponsored\">H\u00f4tel Rohan Strasbourg<\/a><\/strong>, cu un rating de 4,3, se poate l\u0103uda cu <strong>o atmosfer\u0103 foarte prietenoas\u0103, de familie, \u0219i cu farmecul francez clasic, inconfundabil<\/strong>. Camerele sunt pl\u0103cut de primitoare, adesea cu priveli\u0219ti romantice spre str\u0103du\u021bele pietonale pitore\u0219ti ale centrului istoric, \u0219i ofer\u0103 surprinz\u0103tor <strong>o lini\u0219te deplin\u0103 chiar \u0219i \u00een cele mai aglomerate luni de var\u0103 \u0219i de iarn\u0103<\/strong>.<\/p>\n\n\n\n<p class=\"wp-block-paragraph\">Un avantaj enorm \u0219i inestimabil al acestei caz\u0103ri este <strong>propriul restaurant alsacian de calitate<\/strong>, unde po\u021bi gusta comod specialit\u0103\u021bi locale f\u0103r\u0103 s\u0103 fii nevoit s\u0103 cau\u021bi o mas\u0103 liber\u0103 \u00een alt\u0103 parte a ora\u0219ului, ceea ce mai ales \u00een weekend este extrem de util. Pozi\u021bia este at\u00e2t de central\u0103 \u00eenc\u00e2t te po\u021bi \u00eentoarce aici absolut oric\u00e2nd \u00een timpul zilei, s\u0103 \u00ee\u021bi la\u0219i cump\u0103r\u0103turile \u0219i s\u0103 te odihne\u0219ti pu\u021bin.<\/p>\n\n\n\n<p class=\"wp-block-paragraph\">Interioarele combin\u0103 elemente tradi\u021bionale de epoc\u0103 cu materiale moderne, iar micul dejun sub form\u0103 de bufet ofer\u0103 o mul\u021bime de delicii locale de la furnizori din zon\u0103. Personalul de aici are grij\u0103 de oaspe\u021bi cu o aten\u021bie sincer\u0103 \u0219i nesimulat\u0103.<\/p>\n\n\n\n<p class=\"wp-block-paragraph\">\ud83d\udca1 <strong>Pont:<\/strong> Alege lini\u0219tit acest hotel dac\u0103 cea mai mare prioritate a ta este s\u0103 <strong>stai la doar c\u00e2teva zeci de metri de maiestuoasa catedral\u0103 Notre Dame<\/strong> \u0219i s\u0103 ai mereu la \u00eendem\u00e2n\u0103 o gastronomie local\u0103 de calitate.<\/p>\n\n\n\n<figure data-wp-context=\"{&quot;imageId&quot;:&quot;6a9c3a6e5613e&quot;}\" data-wp-interactive=\"core\/image\" data-wp-key=\"6a9c3a6e5613e\" class=\"wp-block-image size-full wp-lightbox-container\"><img decoding=\"async\" width=\"1600\" height=\"1067\" data-wp-class--hide=\"state.isContentHidden\" data-wp-class--show=\"state.isContentVisible\" data-wp-init=\"callbacks.setButtonStyles\" data-wp-on--click=\"actions.showLightbox\" data-wp-on--load=\"callbacks.setButtonStyles\" data-wp-on--pointerdown=\"actions.preloadImage\" data-wp-on--pointerenter=\"actions.preloadImageWithDelay\" data-wp-on--pointerleave=\"actions.cancelPreload\" data-wp-on-window--resize=\"callbacks.setButtonStyles\" src=\"https:\/\/loudavymkrokem.cz\/wp-content\/uploads\/2026\/09\/hotel-de-l-europe-by-happyculture.jpg\" alt=\"Hotel Hotel de l&#039;Europe by HappyCulture\" class=\"wp-image-413096\" title=\"\" srcset=\"https:\/\/loudavymkrokem.cz\/wp-content\/uploads\/2026\/09\/hotel-de-l-europe-by-happyculture.jpg 1600w, https:\/\/loudavymkrokem.cz\/wp-content\/uploads\/2026\/09\/hotel-de-l-europe-by-happyculture-300x200.jpg 300w, https:\/\/loudavymkrokem.cz\/wp-content\/uploads\/2026\/09\/hotel-de-l-europe-by-happyculture-700x467.jpg 700w, https:\/\/loudavymkrokem.cz\/wp-content\/uploads\/2026\/09\/hotel-de-l-europe-by-happyculture-768x512.jpg 768w, https:\/\/loudavymkrokem.cz\/wp-content\/uploads\/2026\/09\/hotel-de-l-europe-by-happyculture-1536x1024.jpg 1536w, https:\/\/loudavymkrokem.cz\/wp-content\/uploads\/2026\/09\/hotel-de-l-europe-by-happyculture-696x464.jpg 696w, https:\/\/loudavymkrokem.cz\/wp-content\/uploads\/2026\/09\/hotel-de-l-europe-by-happyculture-1392x928.jpg 1392w\" sizes=\"(max-width: 1600px) 100vw, 1600px\" \/><button\n\t\t\tclass=\"lightbox-trigger\"\n\t\t\ttype=\"button\"\n\t\t\taria-haspopup=\"dialog\"\n\t\t\tdata-wp-bind--aria-label=\"state.thisImage.triggerButtonAriaLabel\"\n\t\t\tdata-wp-init=\"callbacks.initTriggerButton\"\n\t\t\tdata-wp-on--click=\"actions.showLightbox\"\n\t\t\tdata-wp-style--right=\"state.thisImage.buttonRight\"\n\t\t\tdata-wp-style--top=\"state.thisImage.buttonTop\"\n\t\t>\n\t\t\t<svg xmlns=\"http:\/\/www.w3.org\/2000\/svg\" width=\"12\" height=\"12\" fill=\"none\" viewBox=\"0 0 12 12\">\n\t\t\t\t<path fill=\"#fff\" d=\"M2 0a2 2 0 0 0-2 2v2h1.5V2a.5.5 0 0 1 .5-.5h2V0H2Zm2 10.5H2a.5.5 0 0 1-.5-.5V8H0v2a2 2 0 0 0 2 2h2v-1.5ZM8 12v-1.5h2a.5.5 0 0 0 .5-.5V8H12v2a2 2 0 0 1-2 2H8Zm2-12a2 2 0 0 1 2 2v2h-1.5V2a.5.5 0 0 0-.5-.5H8V0h2Z\" \/>\n\t\t\t<\/svg>\n\t\t<\/button><figcaption class=\"wp-element-caption\">Foto: Hotel de l&#8217;Europe by HappyCulture \/ Google Maps<\/figcaption><\/figure>\n\n\n\n<h3 class=\"wp-block-heading\"><span class=\"ez-toc-section\" id=\"13_Hotel_de_lEurope_by_HappyCulture\"><\/span>13. Hotel de l&#8217;Europe by HappyCulture<span class=\"ez-toc-section-end\"><\/span><\/h3>\n\n\n\n<p class=\"wp-block-paragraph\">Cu un rating foarte bun \u0219i stabil de 4,3, complexul hotelier <strong><a href=\"https:\/\/www.stay22.com\/allez\/roam?aid=lukaskonecny&#038;campaign=loudavymkrokemcz&#038;campaign=kde-bydlet-ve-strasburku&#038;hotelname=Hotel%20de%20l%27Europe%20by%20HappyCulture&#038;address=%C5%A0trasburk%2C%20Francie\" target=\"_blank\" rel=\"noopener nofollow sponsored\">Hotel de l&#8217;Europe by HappyCulture<\/a><\/strong> ofer\u0103 camere elegante \u0219i spa\u021bioase, completate de frumoase elemente rustice, precum vechile grinzi de lemn expuse pe tavane. Se afl\u0103 pe o strad\u0103 lateral\u0103 mai lini\u0219tit\u0103, chiar l\u00e2ng\u0103 \u00eendr\u0103gitul cartier Petite France, a\u0219a c\u0103 <strong>este situat \u00een cea mai pitoreasc\u0103 parte a ora\u0219ului, dar inteligent pu\u021bin la o parte de agita\u021bia turistic\u0103 maxim\u0103<\/strong>.<\/p>\n\n\n\n<p class=\"wp-block-paragraph\">Din hotel face parte un bar foarte \u00eendr\u0103git \u0219i pl\u0103cut, unde oaspe\u021bii se \u00eent\u00e2lnesc cu pl\u0103cere serile la un pahar de vin, iar <strong>atmosfera de ansamblu las\u0103 o impresie foarte relaxat\u0103, tinereasc\u0103 \u0219i prietenoas\u0103<\/strong>. Mic dejunurile de diminea\u021b\u0103 sunt aici foarte bogate, iar te vei delecta cu patiserie proasp\u0103t\u0103 excelent\u0103 de la brutari locali selec\u021bi \u0219i br\u00e2nzeturi de calitate.<\/p>\n\n\n\n<p class=\"wp-block-paragraph\">Conceptul re\u021belei HappyCulture are grij\u0103, \u00een plus, ca pe tot parcursul zilei s\u0103 ai la dispozi\u021bie \u00een lobby cafea, ceai \u0219i o mic\u0103 aten\u021bie dulce gratuit\u0103, ceea ce, dup\u0103 o plimbare prin ora\u0219, este un detaliu foarte dr\u0103gu\u021b.<\/p>\n\n\n\n<p class=\"wp-block-paragraph\">\ud83d\udca1 <strong>Pont:<\/strong> O alegere foarte solid\u0103 \u0219i de \u00eencredere din clasa medie, dac\u0103 vrei s\u0103 <strong>experimentezi pe propria piele atmosfera caselor cu structur\u0103 de lemn<\/strong>, dar \u00een acela\u0219i timp ai nevoie pentru sejurul t\u0103u de facilit\u0103\u021bi moderne \u0219i de \u00eencredere.<\/p>\n\n\n\n<figure data-wp-context=\"{&quot;imageId&quot;:&quot;6a9c3a6e566a8&quot;}\" data-wp-interactive=\"core\/image\" data-wp-key=\"6a9c3a6e566a8\" class=\"wp-block-image size-full wp-lightbox-container\"><img decoding=\"async\" width=\"1600\" height=\"900\" data-wp-class--hide=\"state.isContentHidden\" data-wp-class--show=\"state.isContentVisible\" data-wp-init=\"callbacks.setButtonStyles\" data-wp-on--click=\"actions.showLightbox\" data-wp-on--load=\"callbacks.setButtonStyles\" data-wp-on--pointerdown=\"actions.preloadImage\" data-wp-on--pointerenter=\"actions.preloadImageWithDelay\" data-wp-on--pointerleave=\"actions.cancelPreload\" data-wp-on-window--resize=\"callbacks.setButtonStyles\" src=\"https:\/\/loudavymkrokem.cz\/wp-content\/uploads\/2026\/09\/logis-h-tel-au-cerf-d-or.jpg\" alt=\"Hotel Logis H\u00f4tel Au Cerf d&#039;Or\" class=\"wp-image-413101\" title=\"\" srcset=\"https:\/\/loudavymkrokem.cz\/wp-content\/uploads\/2026\/09\/logis-h-tel-au-cerf-d-or.jpg 1600w, https:\/\/loudavymkrokem.cz\/wp-content\/uploads\/2026\/09\/logis-h-tel-au-cerf-d-or-300x169.jpg 300w, https:\/\/loudavymkrokem.cz\/wp-content\/uploads\/2026\/09\/logis-h-tel-au-cerf-d-or-700x394.jpg 700w, https:\/\/loudavymkrokem.cz\/wp-content\/uploads\/2026\/09\/logis-h-tel-au-cerf-d-or-768x432.jpg 768w, https:\/\/loudavymkrokem.cz\/wp-content\/uploads\/2026\/09\/logis-h-tel-au-cerf-d-or-1536x864.jpg 1536w, https:\/\/loudavymkrokem.cz\/wp-content\/uploads\/2026\/09\/logis-h-tel-au-cerf-d-or-696x392.jpg 696w, https:\/\/loudavymkrokem.cz\/wp-content\/uploads\/2026\/09\/logis-h-tel-au-cerf-d-or-1392x783.jpg 1392w\" sizes=\"(max-width: 1600px) 100vw, 1600px\" \/><button\n\t\t\tclass=\"lightbox-trigger\"\n\t\t\ttype=\"button\"\n\t\t\taria-haspopup=\"dialog\"\n\t\t\tdata-wp-bind--aria-label=\"state.thisImage.triggerButtonAriaLabel\"\n\t\t\tdata-wp-init=\"callbacks.initTriggerButton\"\n\t\t\tdata-wp-on--click=\"actions.showLightbox\"\n\t\t\tdata-wp-style--right=\"state.thisImage.buttonRight\"\n\t\t\tdata-wp-style--top=\"state.thisImage.buttonTop\"\n\t\t>\n\t\t\t<svg xmlns=\"http:\/\/www.w3.org\/2000\/svg\" width=\"12\" height=\"12\" fill=\"none\" viewBox=\"0 0 12 12\">\n\t\t\t\t<path fill=\"#fff\" d=\"M2 0a2 2 0 0 0-2 2v2h1.5V2a.5.5 0 0 1 .5-.5h2V0H2Zm2 10.5H2a.5.5 0 0 1-.5-.5V8H0v2a2 2 0 0 0 2 2h2v-1.5ZM8 12v-1.5h2a.5.5 0 0 0 .5-.5V8H12v2a2 2 0 0 1-2 2H8Zm2-12a2 2 0 0 1 2 2v2h-1.5V2a.5.5 0 0 0-.5-.5H8V0h2Z\" \/>\n\t\t\t<\/svg>\n\t\t<\/button><figcaption class=\"wp-element-caption\">Foto: Logis H\u00f4tel Au Cerf d&#8217;Or \/ Google Maps<\/figcaption><\/figure>\n\n\n\n<h3 class=\"wp-block-heading\"><span class=\"ez-toc-section\" id=\"14_Logis_Hotel_Au_Cerf_dOr\"><\/span>14. Logis H\u00f4tel Au Cerf d&#8217;Or<span class=\"ez-toc-section-end\"><\/span><\/h3>\n\n\n\n<p class=\"wp-block-paragraph\">Aceast\u0103 fermec\u0103toare bijuterie istoric\u0103 <strong><a href=\"https:\/\/www.stay22.com\/allez\/roam?aid=lukaskonecny&#038;campaign=loudavymkrokemcz&#038;campaign=kde-bydlet-ve-strasburku&#038;hotelname=Logis%20H%C3%B4tel%20Au%20Cerf%20d%27Or&#038;address=%C5%A0trasburk%2C%20Francie\" target=\"_blank\" rel=\"noopener nofollow sponsored\">Logis H\u00f4tel Au Cerf d&#8217;Or<\/a><\/strong>, cu un rating de 4,3, este g\u0103zduit\u0103 <strong>\u00eentr-o cas\u0103 tradi\u021bional\u0103 frumos renovat\u0103 din secolul al XV-lea<\/strong> \u0219i te transport\u0103 imediat \u00een timp \u00eenc\u0103 din prag. Lambriurile str\u0103vechi de lemn, stilul alsacian tradi\u021bional \u0219i cald \u0219i personalul incredibil de dr\u0103gu\u021b, de familie, <strong>fac din aceast\u0103 cazare un loc cu suflet adev\u0103rat<\/strong>, de care \u00ee\u021bi vei aminti mult timp.<\/p>\n\n\n\n<p class=\"wp-block-paragraph\">Pe l\u00e2ng\u0103 renumitul \u0219i excelentul restaurant tradi\u021bional, acest hotel te va surprinde \u0219i cu <strong>un superb centru spa modern cu piscin\u0103 acoperit\u0103 \u00eenc\u0103lzit\u0103<\/strong>, ceea ce chiar \u00een miezul istoric al ora\u0219ului este o raritate uria\u0219\u0103. Po\u021bi astfel \u00eembina pe deplin explorarea obiectivelor \u00een timpul zilei cu o odihn\u0103 de sear\u0103 complet\u0103 \u00een saun\u0103 \u0219i cad\u0103 cu hidromasaj.<\/p>\n\n\n\n<p class=\"wp-block-paragraph\">Camerele sunt aici mai degrab\u0103 mici, dar incredibil de primitoare \u0219i pline de detalii istorice care te \u00eenv\u0103luie \u00een romantismul francez adev\u0103rat. Micul dejun se serve\u0219te aici \u00eentr-un fantastic salon de lemn \u0219i ofer\u0103 tot ce e mai bun din produsele locale.<\/p>\n\n\n\n<p class=\"wp-block-paragraph\">\ud83d\udca1 <strong>Pont:<\/strong> Recomand c\u0103lduros acest hotel tuturor celor care <strong>iubesc cl\u0103dirile istorice autentice cu o poveste puternic\u0103<\/strong> \u0219i, \u00een acela\u0219i timp, apreciaz\u0103 enorm posibilitatea de a \u00eenota \u00een piscin\u0103 dup\u0103 o zi solicitant\u0103 pe str\u0103zi.<\/p>\n\n\n\n<figure data-wp-context=\"{&quot;imageId&quot;:&quot;6a9c3a6e56ec5&quot;}\" data-wp-interactive=\"core\/image\" data-wp-key=\"6a9c3a6e56ec5\" class=\"wp-block-image size-full wp-lightbox-container\"><img decoding=\"async\" width=\"1024\" height=\"683\" data-wp-class--hide=\"state.isContentHidden\" data-wp-class--show=\"state.isContentVisible\" data-wp-init=\"callbacks.setButtonStyles\" data-wp-on--click=\"actions.showLightbox\" data-wp-on--load=\"callbacks.setButtonStyles\" data-wp-on--pointerdown=\"actions.preloadImage\" data-wp-on--pointerenter=\"actions.preloadImageWithDelay\" data-wp-on--pointerleave=\"actions.cancelPreload\" data-wp-on-window--resize=\"callbacks.setButtonStyles\" src=\"https:\/\/loudavymkrokem.cz\/wp-content\/uploads\/2026\/09\/best-western-plus-h-tel-monopole-m-tropole.jpg\" alt=\"Hotel Best Western Plus H\u00f4tel Monopole M\u00e9tropole\" class=\"wp-image-413105\" title=\"\" srcset=\"https:\/\/loudavymkrokem.cz\/wp-content\/uploads\/2026\/09\/best-western-plus-h-tel-monopole-m-tropole.jpg 1024w, https:\/\/loudavymkrokem.cz\/wp-content\/uploads\/2026\/09\/best-western-plus-h-tel-monopole-m-tropole-300x200.jpg 300w, https:\/\/loudavymkrokem.cz\/wp-content\/uploads\/2026\/09\/best-western-plus-h-tel-monopole-m-tropole-700x467.jpg 700w, https:\/\/loudavymkrokem.cz\/wp-content\/uploads\/2026\/09\/best-western-plus-h-tel-monopole-m-tropole-768x512.jpg 768w, https:\/\/loudavymkrokem.cz\/wp-content\/uploads\/2026\/09\/best-western-plus-h-tel-monopole-m-tropole-696x464.jpg 696w\" sizes=\"(max-width: 1024px) 100vw, 1024px\" \/><button\n\t\t\tclass=\"lightbox-trigger\"\n\t\t\ttype=\"button\"\n\t\t\taria-haspopup=\"dialog\"\n\t\t\tdata-wp-bind--aria-label=\"state.thisImage.triggerButtonAriaLabel\"\n\t\t\tdata-wp-init=\"callbacks.initTriggerButton\"\n\t\t\tdata-wp-on--click=\"actions.showLightbox\"\n\t\t\tdata-wp-style--right=\"state.thisImage.buttonRight\"\n\t\t\tdata-wp-style--top=\"state.thisImage.buttonTop\"\n\t\t>\n\t\t\t<svg xmlns=\"http:\/\/www.w3.org\/2000\/svg\" width=\"12\" height=\"12\" fill=\"none\" viewBox=\"0 0 12 12\">\n\t\t\t\t<path fill=\"#fff\" d=\"M2 0a2 2 0 0 0-2 2v2h1.5V2a.5.5 0 0 1 .5-.5h2V0H2Zm2 10.5H2a.5.5 0 0 1-.5-.5V8H0v2a2 2 0 0 0 2 2h2v-1.5ZM8 12v-1.5h2a.5.5 0 0 0 .5-.5V8H12v2a2 2 0 0 1-2 2H8Zm2-12a2 2 0 0 1 2 2v2h-1.5V2a.5.5 0 0 0-.5-.5H8V0h2Z\" \/>\n\t\t\t<\/svg>\n\t\t<\/button><figcaption class=\"wp-element-caption\">Foto: Best Western Plus H\u00f4tel Monopole M\u00e9tropole \/ Google Maps<\/figcaption><\/figure>\n\n\n\n<h3 class=\"wp-block-heading\"><span class=\"ez-toc-section\" id=\"15_Best_Western_Plus_Hotel_Monopole_Metropole\"><\/span>15. Best Western Plus H\u00f4tel Monopole M\u00e9tropole<span class=\"ez-toc-section-end\"><\/span><\/h3>\n\n\n\n<p class=\"wp-block-paragraph\">Dac\u0103 e\u0219ti \u00een c\u0103utarea unei fiabilit\u0103\u021bi de sut\u0103 la sut\u0103, cu un rating excelent de 4,5, \u00een imediata apropiere a g\u0103rii principale, <strong><a href=\"https:\/\/www.stay22.com\/allez\/roam?aid=lukaskonecny&#038;campaign=loudavymkrokemcz&#038;campaign=kde-bydlet-ve-strasburku&#038;hotelname=Best%20Western%20Plus%20H%C3%B4tel%20Monopole%20M%C3%A9tropole&#038;address=%C5%A0trasburk%2C%20Francie\" target=\"_blank\" rel=\"noopener nofollow sponsored\">Best Western Plus H\u00f4tel Monopole M\u00e9tropole<\/a><\/strong> este un pariu sigur \u00een categoria lui de pre\u021b. Hotelul \u00ee\u0219i men\u021bine un standard \u00eenalt \u0219i previzibil, tipic unui lan\u021b mare, dar \u00een acela\u0219i timp <strong>ofer\u0103 un caracter unic \u0219i aparte datorit\u0103 frumosului salon de cocktail<\/strong> cu \u0219emineu \u0219i multor opere de art\u0103 r\u0103sp\u00e2ndite prin interioare.<\/p>\n\n\n\n<p class=\"wp-block-paragraph\">To\u021bi oaspe\u021bii au aici la dispozi\u021bie o sal\u0103 de fitness modern\u0103 foarte bine echipat\u0103 \u0219i mai ales <strong>camere neobi\u0219nuit de spa\u021bioase, impecabil de curate, cu cele mai confortabile paturi<\/strong>. \u00cen centrul istoric \u0219i la bra\u021bele r\u00e2ului ajungi de aici cu o plimbare pl\u0103cut\u0103 \u0219i dreapt\u0103 \u00een mai pu\u021bin de zece minute, ceea ce \u00eel face o baz\u0103 grozav\u0103 \u0219i practic\u0103 pentru sejurul t\u0103u.<\/p>\n\n\n\n<p class=\"wp-block-paragraph\">Micul dejun bogat ofer\u0103 o selec\u021bie uria\u0219\u0103 de toate, de la fructe proaspete \u0219i ou\u0103 p\u00e2n\u0103 la br\u00e2nzeturi locale. Personalul de la recep\u021bie func\u021bioneaz\u0103 de nota zece \u0219i \u00ee\u021bi asigur\u0103 mereu cu amabilitate h\u0103r\u021bi, recomand\u0103ri de excursii sau bilete de transport.<\/p>\n\n\n\n<p class=\"wp-block-paragraph\">\ud83d\udca1 <strong>Pont:<\/strong> Alegerea perfect\u0103 pentru cei dintre voi care <strong>vor un pre\u021b foarte rezonabil, o calitate \u00eenalt\u0103 garantat\u0103 \u0219i un acces excelent<\/strong> at\u00e2t la leg\u0103turile feroviare, c\u00e2t \u0219i la principalele obiective din centru.<\/p>\n\n\n\n<figure data-wp-context=\"{&quot;imageId&quot;:&quot;6a9c3a6e57544&quot;}\" data-wp-interactive=\"core\/image\" data-wp-key=\"6a9c3a6e57544\" class=\"wp-block-image size-full wp-lightbox-container\"><img decoding=\"async\" width=\"1600\" height=\"900\" data-wp-class--hide=\"state.isContentHidden\" data-wp-class--show=\"state.isContentVisible\" data-wp-init=\"callbacks.setButtonStyles\" data-wp-on--click=\"actions.showLightbox\" data-wp-on--load=\"callbacks.setButtonStyles\" data-wp-on--pointerdown=\"actions.preloadImage\" data-wp-on--pointerenter=\"actions.preloadImageWithDelay\" data-wp-on--pointerleave=\"actions.cancelPreload\" data-wp-on-window--resize=\"callbacks.setButtonStyles\" src=\"https:\/\/loudavymkrokem.cz\/wp-content\/uploads\/2026\/09\/h-tel-arok.jpg\" alt=\"Hotel H\u00f4tel Arok\" class=\"wp-image-413109\" title=\"\" srcset=\"https:\/\/loudavymkrokem.cz\/wp-content\/uploads\/2026\/09\/h-tel-arok.jpg 1600w, https:\/\/loudavymkrokem.cz\/wp-content\/uploads\/2026\/09\/h-tel-arok-300x169.jpg 300w, https:\/\/loudavymkrokem.cz\/wp-content\/uploads\/2026\/09\/h-tel-arok-700x394.jpg 700w, https:\/\/loudavymkrokem.cz\/wp-content\/uploads\/2026\/09\/h-tel-arok-768x432.jpg 768w, https:\/\/loudavymkrokem.cz\/wp-content\/uploads\/2026\/09\/h-tel-arok-1536x864.jpg 1536w, https:\/\/loudavymkrokem.cz\/wp-content\/uploads\/2026\/09\/h-tel-arok-696x392.jpg 696w, https:\/\/loudavymkrokem.cz\/wp-content\/uploads\/2026\/09\/h-tel-arok-1392x783.jpg 1392w\" sizes=\"(max-width: 1600px) 100vw, 1600px\" \/><button\n\t\t\tclass=\"lightbox-trigger\"\n\t\t\ttype=\"button\"\n\t\t\taria-haspopup=\"dialog\"\n\t\t\tdata-wp-bind--aria-label=\"state.thisImage.triggerButtonAriaLabel\"\n\t\t\tdata-wp-init=\"callbacks.initTriggerButton\"\n\t\t\tdata-wp-on--click=\"actions.showLightbox\"\n\t\t\tdata-wp-style--right=\"state.thisImage.buttonRight\"\n\t\t\tdata-wp-style--top=\"state.thisImage.buttonTop\"\n\t\t>\n\t\t\t<svg xmlns=\"http:\/\/www.w3.org\/2000\/svg\" width=\"12\" height=\"12\" fill=\"none\" viewBox=\"0 0 12 12\">\n\t\t\t\t<path fill=\"#fff\" d=\"M2 0a2 2 0 0 0-2 2v2h1.5V2a.5.5 0 0 1 .5-.5h2V0H2Zm2 10.5H2a.5.5 0 0 1-.5-.5V8H0v2a2 2 0 0 0 2 2h2v-1.5ZM8 12v-1.5h2a.5.5 0 0 0 .5-.5V8H12v2a2 2 0 0 1-2 2H8Zm2-12a2 2 0 0 1 2 2v2h-1.5V2a.5.5 0 0 0-.5-.5H8V0h2Z\" \/>\n\t\t\t<\/svg>\n\t\t<\/button><figcaption class=\"wp-element-caption\">Foto: Guenter Ditzel \/ Google Maps<\/figcaption><\/figure>\n\n\n\n<h3 class=\"wp-block-heading\"><span class=\"ez-toc-section\" id=\"16_Hotel_Arok\"><\/span>16. H\u00f4tel Arok<span class=\"ez-toc-section-end\"><\/span><\/h3>\n\n\n\n<p class=\"wp-block-paragraph\">Acest foarte stilat <strong><a href=\"https:\/\/www.stay22.com\/allez\/roam?aid=lukaskonecny&#038;campaign=loudavymkrokemcz&#038;campaign=kde-bydlet-ve-strasburku&#038;hotelname=H%C3%B4tel%20Arok&#038;address=%C5%A0trasburk%2C%20Francie\" target=\"_blank\" rel=\"noopener nofollow sponsored\">H\u00f4tel Arok<\/a><\/strong> de l\u00e2ng\u0103 gara principal\u0103, cu un rating grozav de 4,6, se adreseaz\u0103 \u00een special c\u0103l\u0103torilor mai tineri \u0219i nomazilor digitali. Imediat cum ajungi, te <strong>cucere\u0219te cu designul lui neconven\u021bional, juc\u0103u\u0219 \u0219i foarte colorat<\/strong>, care se \u00eemplete\u0219te prin toat\u0103 cl\u0103direa. \u00cenc\u0103 din holul de intrare g\u0103se\u0219ti <strong>o bibliotec\u0103 frumoas\u0103 \u0219i un salon artistic spa\u021bios cu bar<\/strong>, care \u00een timpul zilei func\u021bioneaz\u0103 ca un spa\u021biu de coworking extrem de pl\u0103cut pentru cei care au nevoie s\u0103 deschid\u0103 pentru o clip\u0103 laptopul.<\/p>\n\n\n\n<p class=\"wp-block-paragraph\">Camerele \u00een sine sunt ceva mai mici ca dimensiune, dar \u00een schimb extrem de inteligent \u0219i practic amenajate, impecabil de curate, \u0219i <strong>nu le lipse\u0219te nicio tehnologie modern\u0103<\/strong> de care ai nevoie pentru un sejur confortabil. La dispozi\u021bia tuturor oaspe\u021bilor este \u0219i o sal\u0103 de fitness mai mic\u0103, dar excelent echipat\u0103, pentru o \u00eentindere matinal\u0103. Micul dejun sub form\u0103 de bufet ofer\u0103 o mul\u021bime de variante s\u0103n\u0103toase \u0219i proaspete, inclusiv patiserie integral\u0103 grozav\u0103 \u0219i br\u00e2nzeturi locale.<\/p>\n\n\n\n<p class=\"wp-block-paragraph\">Pozi\u021bia chiar l\u00e2ng\u0103 gar\u0103 \u00eenseamn\u0103 c\u0103 din tren \u00ee\u021bi arunci direct bagajele \u00een camer\u0103, \u00een zece minute de mers pe jos admiri miezul istoric, iar sta\u021bia de tramvai chiar \u00een fa\u021ba hotelului te duce f\u0103r\u0103 probleme \u00een restul metropolei.<\/p>\n\n\n\n<p class=\"wp-block-paragraph\">\ud83d\udca1 <strong>Pont:<\/strong> Arok este pur \u0219i simplu grozav pentru cupluri, dar \u0219i pentru c\u0103l\u0103torii solo, care prefer\u0103 <strong>o atmosfer\u0103 informal\u0103, foarte modern\u0103<\/strong>, \u0219i vor s\u0103 stea \u00eentr-un mediu stilat, \u00een imediata apropiere a g\u0103rii.<\/p>\n\n\n\n<figure data-wp-context=\"{&quot;imageId&quot;:&quot;6a9c3a6e57bf7&quot;}\" data-wp-interactive=\"core\/image\" data-wp-key=\"6a9c3a6e57bf7\" class=\"wp-block-image size-full wp-lightbox-container\"><img decoding=\"async\" width=\"1592\" height=\"1063\" data-wp-class--hide=\"state.isContentHidden\" data-wp-class--show=\"state.isContentVisible\" data-wp-init=\"callbacks.setButtonStyles\" data-wp-on--click=\"actions.showLightbox\" data-wp-on--load=\"callbacks.setButtonStyles\" data-wp-on--pointerdown=\"actions.preloadImage\" data-wp-on--pointerenter=\"actions.preloadImageWithDelay\" data-wp-on--pointerleave=\"actions.cancelPreload\" data-wp-on-window--resize=\"callbacks.setButtonStyles\" src=\"https:\/\/loudavymkrokem.cz\/wp-content\/uploads\/2026\/09\/ciarus.jpg\" alt=\"Hotel Ciarus\" class=\"wp-image-413113\" title=\"\" srcset=\"https:\/\/loudavymkrokem.cz\/wp-content\/uploads\/2026\/09\/ciarus.jpg 1592w, https:\/\/loudavymkrokem.cz\/wp-content\/uploads\/2026\/09\/ciarus-300x200.jpg 300w, https:\/\/loudavymkrokem.cz\/wp-content\/uploads\/2026\/09\/ciarus-700x467.jpg 700w, https:\/\/loudavymkrokem.cz\/wp-content\/uploads\/2026\/09\/ciarus-768x513.jpg 768w, https:\/\/loudavymkrokem.cz\/wp-content\/uploads\/2026\/09\/ciarus-1536x1026.jpg 1536w, https:\/\/loudavymkrokem.cz\/wp-content\/uploads\/2026\/09\/ciarus-696x465.jpg 696w, https:\/\/loudavymkrokem.cz\/wp-content\/uploads\/2026\/09\/ciarus-1392x929.jpg 1392w\" sizes=\"(max-width: 1592px) 100vw, 1592px\" \/><button\n\t\t\tclass=\"lightbox-trigger\"\n\t\t\ttype=\"button\"\n\t\t\taria-haspopup=\"dialog\"\n\t\t\tdata-wp-bind--aria-label=\"state.thisImage.triggerButtonAriaLabel\"\n\t\t\tdata-wp-init=\"callbacks.initTriggerButton\"\n\t\t\tdata-wp-on--click=\"actions.showLightbox\"\n\t\t\tdata-wp-style--right=\"state.thisImage.buttonRight\"\n\t\t\tdata-wp-style--top=\"state.thisImage.buttonTop\"\n\t\t>\n\t\t\t<svg xmlns=\"http:\/\/www.w3.org\/2000\/svg\" width=\"12\" height=\"12\" fill=\"none\" viewBox=\"0 0 12 12\">\n\t\t\t\t<path fill=\"#fff\" d=\"M2 0a2 2 0 0 0-2 2v2h1.5V2a.5.5 0 0 1 .5-.5h2V0H2Zm2 10.5H2a.5.5 0 0 1-.5-.5V8H0v2a2 2 0 0 0 2 2h2v-1.5ZM8 12v-1.5h2a.5.5 0 0 0 .5-.5V8H12v2a2 2 0 0 1-2 2H8Zm2-12a2 2 0 0 1 2 2v2h-1.5V2a.5.5 0 0 0-.5-.5H8V0h2Z\" \/>\n\t\t\t<\/svg>\n\t\t<\/button><figcaption class=\"wp-element-caption\">Foto: Ciarus \/ Google Maps<\/figcaption><\/figure>\n\n\n\n<h3 class=\"wp-block-heading\"><span class=\"ez-toc-section\" id=\"17_Ciarus\"><\/span>17. Ciarus<span class=\"ez-toc-section-end\"><\/span><\/h3>\n\n\n\n<p class=\"wp-block-paragraph\">Acest legendar hostel strasburghez <strong><a href=\"https:\/\/www.stay22.com\/allez\/roam?aid=lukaskonecny&#038;campaign=loudavymkrokemcz&#038;campaign=kde-bydlet-ve-strasburku&#038;hotelname=Ciarus&#038;address=%C5%A0trasburk%2C%20Francie\" target=\"_blank\" rel=\"noopener nofollow sponsored\">Ciarus<\/a><\/strong>, cu un rating solid de 4,0, este o dovad\u0103 clar\u0103 c\u0103 <strong>\u0219i o c\u0103l\u0103torie cu buget mai mic poate fi \u00een aceast\u0103 metropol\u0103 scump\u0103 foarte confortabil\u0103 \u0219i stilat\u0103<\/strong>. Ofer\u0103 nu doar clasicele camere comune curate cu mai multe paturi, ci \u0219i camere private frumoase, amenajate modern, cu baie proprie, la un standard surprinz\u0103tor de \u00eenalt. Astfel satisface complet f\u0103r\u0103 probleme \u0219i backpackerii mult mai preten\u021bio\u0219i, dar \u0219i cuplurile care vor s\u0103 economiseasc\u0103 la cazare.<\/p>\n\n\n\n<p class=\"wp-block-paragraph\">Se afl\u0103 la o distan\u021b\u0103 de mers pe jos foarte comod\u0103 de centrul istoric \u0219i <strong>func\u021bioneaz\u0103 aici o sufragerie cu autoservire grozav\u0103 \u0219i un bar de sear\u0103<\/strong>, unde faci extrem de u\u0219or cuno\u0219tin\u021b\u0103 cu al\u021bi c\u0103l\u0103tori cu aceea\u0219i dispozi\u021bie din toat\u0103 lumea. La dispozi\u021bie sunt \u0219i s\u0103li de socializare spa\u021bioase cu mas\u0103 de biliard \u0219i o teras\u0103 exterioar\u0103, care \u00een lunile de var\u0103 te \u00eembie de-a dreptul la o sear\u0103 petrecut\u0103 afar\u0103.<\/p>\n\n\n\n<p class=\"wp-block-paragraph\">Este pur \u0219i simplu alegerea ideal\u0103 pentru cei care nu au nevoie de un lux hotelier, dar cer o cur\u0103\u021benie impecabil\u0103, un wi-fi de \u00eencredere \u0219i un mediu interna\u021bional prietenos, iar recep\u021bia deschis\u0103 non-stop, cu personal dispus s\u0103 te sf\u0103tuiasc\u0103 la excursii, \u00eentrege\u0219te totul.<\/p>\n\n\n\n<p class=\"wp-block-paragraph\">\ud83d\udca1 <strong>Pont:<\/strong> Dac\u0103 e\u0219ti \u00een c\u0103utarea <strong>celui mai mic buget posibil, la o distan\u021b\u0103 de mers pe jos comod\u0103 de centru<\/strong>, acest hostel modern cu facilit\u0103\u021bi grozave sigur nu te va dezam\u0103gi.<\/p>\n\n\n\n<figure data-wp-context=\"{&quot;imageId&quot;:&quot;6a9c3a6e5827e&quot;}\" data-wp-interactive=\"core\/image\" data-wp-key=\"6a9c3a6e5827e\" class=\"wp-block-image size-full wp-lightbox-container\"><img decoding=\"async\" width=\"1600\" height=\"858\" data-wp-class--hide=\"state.isContentHidden\" data-wp-class--show=\"state.isContentVisible\" data-wp-init=\"callbacks.setButtonStyles\" data-wp-on--click=\"actions.showLightbox\" data-wp-on--load=\"callbacks.setButtonStyles\" data-wp-on--pointerdown=\"actions.preloadImage\" data-wp-on--pointerenter=\"actions.preloadImageWithDelay\" data-wp-on--pointerleave=\"actions.cancelPreload\" data-wp-on-window--resize=\"callbacks.setButtonStyles\" src=\"https:\/\/loudavymkrokem.cz\/wp-content\/uploads\/2026\/09\/ch-teau-de-pourtal-s.jpg\" alt=\"Hotel Ch\u00e2teau de Pourtal\u00e8s\" class=\"wp-image-413119\" title=\"\" srcset=\"https:\/\/loudavymkrokem.cz\/wp-content\/uploads\/2026\/09\/ch-teau-de-pourtal-s.jpg 1600w, https:\/\/loudavymkrokem.cz\/wp-content\/uploads\/2026\/09\/ch-teau-de-pourtal-s-300x161.jpg 300w, https:\/\/loudavymkrokem.cz\/wp-content\/uploads\/2026\/09\/ch-teau-de-pourtal-s-700x375.jpg 700w, https:\/\/loudavymkrokem.cz\/wp-content\/uploads\/2026\/09\/ch-teau-de-pourtal-s-768x412.jpg 768w, https:\/\/loudavymkrokem.cz\/wp-content\/uploads\/2026\/09\/ch-teau-de-pourtal-s-1536x824.jpg 1536w, https:\/\/loudavymkrokem.cz\/wp-content\/uploads\/2026\/09\/ch-teau-de-pourtal-s-696x373.jpg 696w, https:\/\/loudavymkrokem.cz\/wp-content\/uploads\/2026\/09\/ch-teau-de-pourtal-s-1392x746.jpg 1392w\" sizes=\"(max-width: 1600px) 100vw, 1600px\" \/><button\n\t\t\tclass=\"lightbox-trigger\"\n\t\t\ttype=\"button\"\n\t\t\taria-haspopup=\"dialog\"\n\t\t\tdata-wp-bind--aria-label=\"state.thisImage.triggerButtonAriaLabel\"\n\t\t\tdata-wp-init=\"callbacks.initTriggerButton\"\n\t\t\tdata-wp-on--click=\"actions.showLightbox\"\n\t\t\tdata-wp-style--right=\"state.thisImage.buttonRight\"\n\t\t\tdata-wp-style--top=\"state.thisImage.buttonTop\"\n\t\t>\n\t\t\t<svg xmlns=\"http:\/\/www.w3.org\/2000\/svg\" width=\"12\" height=\"12\" fill=\"none\" viewBox=\"0 0 12 12\">\n\t\t\t\t<path fill=\"#fff\" d=\"M2 0a2 2 0 0 0-2 2v2h1.5V2a.5.5 0 0 1 .5-.5h2V0H2Zm2 10.5H2a.5.5 0 0 1-.5-.5V8H0v2a2 2 0 0 0 2 2h2v-1.5ZM8 12v-1.5h2a.5.5 0 0 0 .5-.5V8H12v2a2 2 0 0 1-2 2H8Zm2-12a2 2 0 0 1 2 2v2h-1.5V2a.5.5 0 0 0-.5-.5H8V0h2Z\" \/>\n\t\t\t<\/svg>\n\t\t<\/button><figcaption class=\"wp-element-caption\">Foto: Ch\u00e2teau de Pourtal\u00e8s \/ Google Maps<\/figcaption><\/figure>\n\n\n\n<h3 class=\"wp-block-heading\"><span class=\"ez-toc-section\" id=\"18_Chateau_de_Pourtales\"><\/span>18. Ch\u00e2teau de Pourtal\u00e8s<span class=\"ez-toc-section-end\"><\/span><\/h3>\n\n\n\n<p class=\"wp-block-paragraph\">Cu un rating grozav de 4,5 din peste dou\u0103 mii de recenzii, acest superb castel renovat <strong><a href=\"https:\/\/www.stay22.com\/allez\/roam?aid=lukaskonecny&#038;campaign=loudavymkrokemcz&#038;campaign=kde-bydlet-ve-strasburku&#038;hotelname=Ch%C3%A2teau%20de%20Pourtal%C3%A8s&#038;address=%C5%A0trasburk%2C%20Francie\" target=\"_blank\" rel=\"noopener nofollow sponsored\">Ch\u00e2teau de Pourtal\u00e8s<\/a><\/strong>, provenind de la \u00eenceputul secolului al XVIII-lea, reprezint\u0103 ceva cu totul diferit de restul hotelurilor clasice din centru. Se afl\u0103 \u00een lini\u0219titul cartier Robertsau, la mic\u0103 distan\u021b\u0103 de ora\u0219, este \u00eenconjurat din toate p\u0103r\u021bile de verdea\u021ba deas\u0103 a unui parc \u00eentins \u0219i <strong>ofer\u0103 oaspe\u021bilor chiar \u0219i un spa privat al hotelului \u0219i un teren de tenis propriu<\/strong> pentru o odihn\u0103 activ\u0103.<\/p>\n\n\n\n<p class=\"wp-block-paragraph\">Micul dejun bogat este \u00eentotdeauna inclus aici \u00een pre\u021bul de baz\u0103 al caz\u0103rii, iar <strong>camerele \u00een sine respir\u0103 o atmosfer\u0103 aristocratic\u0103 autentic\u0103<\/strong>, astfel \u00eenc\u00e2t te vei sim\u021bi ca la o adev\u0103rat\u0103 re\u0219edin\u021b\u0103 de la \u021bar\u0103 francez\u0103. \u00cen plus, po\u021bi alege \u00eentre camere mai tradi\u021bionale chiar \u00een cl\u0103direa istoric\u0103 a castelului \u0219i camere amenajate mai modern \u00een anexa al\u0103turat\u0103.<\/p>\n\n\n\n<p class=\"wp-block-paragraph\">Nu uita \u00eens\u0103 un fapt cheie: \u00een centrul istoric trebuie s\u0103 te deplasezi de aici. Asta o rezolvi u\u0219or cu tramvaiul din apropiere sau cu o biciclet\u0103 \u00eenchiriat\u0103, dar pozi\u021bia se potrive\u0219te pur \u0219i simplu mai ales \u0219oferilor care vor s\u0103 aib\u0103 lini\u0219te cu parcarea \u0219i, serile, s\u0103 se bucure de t\u0103cerea deplin\u0103 a imensului parc al castelului.<\/p>\n\n\n\n<p class=\"wp-block-paragraph\">\ud83d\udca1 <strong>Pont:<\/strong> O alegere romantic\u0103 grozav\u0103 pentru cei dintre voi <strong>care ajung \u00een Alsacia cu propria ma\u0219in\u0103 \u0219i vor s\u0103 stea \u00een verdea\u021ba lini\u0219titoare<\/strong>, put\u00e2nd totu\u0219i oric\u00e2nd s\u0103 porneasc\u0103 comod spre ora\u0219 cu ajutorul transportului \u00een comun.<\/p>\n\n\n\n<h2 class=\"wp-block-heading\"><span class=\"ez-toc-section\" id=\"Cum_sa_alegi_hotelul_potrivit\"><\/span>Cum s\u0103 alegi hotelul potrivit<span class=\"ez-toc-section-end\"><\/span><\/h2>\n\n\n\n<p class=\"wp-block-paragraph\">C\u00e2nd te decizi asupra caz\u0103rii ideale, rolul principal \u00eel joac\u0103 bugetul t\u0103u, data concret\u0103 a c\u0103l\u0103toriei \u0219i mai ales modul de transport. Dac\u0103 <strong>c\u0103l\u0103tore\u0219ti \u00een familie \u0219i ai ma\u0219ina cu tine<\/strong>, nu are absolut niciun sens s\u0103 pl\u0103te\u0219ti sume enorme pentru hoteluri supraevaluate chiar pe insula Grande \u00cele (parcarea pe str\u0103du\u021bele \u00eenguste este un co\u0219mar curat). Mult mai inteligent este s\u0103 alegi cartiere mai lini\u0219tite, mai departe de miez, sau direct un castel \u00een afara ora\u0219ului, \u0219i s\u0103 <strong>folose\u0219ti sistemul urban ingenios <a href=\"https:\/\/www.cts-strasbourg.eu\/en\/getting-around\/park-and-ride\/\" rel=\"nofollow noopener\" target=\"_blank\">Park &#038; Ride<\/a><\/strong>. Datorit\u0103 lui pl\u0103te\u0219ti o sum\u0103 neglijabil\u0103 pentru parcare, iar tot echipajul ma\u0219inii prime\u0219te la taxa de parcare \u0219i un bilet dus-\u00eentors de tramvai spre centru, ceea ce \u00ee\u021bi economise\u0219te o gr\u0103mad\u0103 de bani \u0219i nervi.<\/p>\n\n\n\n<p class=\"wp-block-paragraph\">Pentru cuplurile romantice care, dimpotriv\u0103, sosesc cu trenul \u0219i vor doar s\u0103 se bucure f\u0103r\u0103 griji de frumuse\u021bea str\u0103du\u021belor istorice, <strong>cea mai bun\u0103 alegere este zona de basm Petite France sau imediata apropiere a impun\u0103toarei catedrale<\/strong>. Aici te bucuri pe deplin de atmosfera minunat\u0103 a ora\u0219ului vechi, pentru c\u0103 vei avea toate obiectivele chiar la u\u0219\u0103. \u00cens\u0103 <strong>preg\u0103te\u0219te-te de faptul c\u0103 pentru o pozi\u021bie exclusivist\u0103 \u00een inima evenimentelor vei pl\u0103ti considerabil mai mult<\/strong>, mai ales \u00een timpul sezonului principal de var\u0103 \u0219i de iarn\u0103.<\/p>\n\n\n\n<p class=\"wp-block-paragraph\">Dac\u0103 te intereseaz\u0103 mai mult dec\u00e2t orice <strong>cel mai bun raport pre\u021b-calitate, caut\u0103 o cazare \u00een primul r\u00e2nd \u00een zona g\u0103rii<\/strong> (cartierul Gare) sau \u00een cartierul studen\u021besc mai lini\u0219tit Krutenau. Pe jos ajungi de aici \u00een centru \u00een zece p\u00e2n\u0103 la cincisprezece minute pl\u0103cute de-a lungul apei, dar <strong>pre\u021burile de aici sunt cu 30 p\u00e2n\u0103 la 40 la sut\u0103 mai mici dec\u00e2t pe insul\u0103<\/strong>, ceea ce, la un sejur de c\u00e2teva zile, face \u00een buget o diferen\u021b\u0103 cu adev\u0103rat uria\u0219\u0103.<\/p>\n\n\n\n<p class=\"wp-block-paragraph\">\u26a0\ufe0f La alegere fii \u00eens\u0103 foarte atent la denumirile ademenitoare. <strong>Cuv\u00e2ntul \u201eStrasbourg&#8221; din numele hotelului nu \u00eenseamn\u0103 automat c\u0103 vei dormi \u00een centru<\/strong>. De exemplu, <em>Hotel Strasbourg Montagne Verte<\/em> se afl\u0103 destul de departe \u00een afara ora\u0219ului. La fel, verific\u0103 \u00eentotdeauna cu grij\u0103 recenziile reale ale altor c\u0103l\u0103tori. De exemplu, <em>City R\u00e9sidence Access Strasbourg<\/em> are un rating de doar 3,2, ceea ce pentru metropola alsacian\u0103 este foarte slab, iar hotelul de lan\u021b <em>ibis Strasbourg Centre Petite France<\/em> ajunge doar la nota 3,8, ceea ce este <strong>cel mai mic rating dintre toate hotelurile de lan\u021b din miezul istoric<\/strong> (numele lui sun\u0103 pur \u0219i simplu mult mai bine dec\u00e2t este apoi realitatea la fa\u021ba locului).<\/p>\n\n\n\n<h2 class=\"wp-block-heading\"><span class=\"ez-toc-section\" id=\"Incotro_mai_departe\"><\/span>\u00cencotro mai departe<span class=\"ez-toc-section-end\"><\/span><\/h2>\n\n\n\n<p class=\"wp-block-paragraph\">Dup\u0103 ce ai rezolvat cazarea, cu siguran\u021b\u0103 \u00ee\u021bi vor prinde bine \u0219i alte informa\u021bii practice pentru planificarea c\u0103l\u0103toriei. Am preg\u0103tit pentru tine <strong>ghiduri detaliate care te ajut\u0103 s\u0103 descoperi cele mai mari frumuse\u021bi ale regiunii<\/strong> f\u0103r\u0103 stres inutil.<\/p>\n\n\n\n<p class=\"wp-block-paragraph\">Cite\u0219te articolul <a href=\"https:\/\/loudavymkrokem.cz\/ro\/strasbourg-franta-ce-sa-vezi\/\">Ce s\u0103 vezi \u00een Strasbourg<\/a>, unde g\u0103se\u0219ti recomand\u0103ri pentru cele mai frumoase obiective \u0219i locuri pe care nu trebuie s\u0103 le ratezi la prima vizit\u0103. Dac\u0103 mergi iarna, nu rata ghidul <a href=\"https:\/\/loudavymkrokem.cz\/ro\/targ-craciun-strasbourg-franta\/\">T\u00e2rgurile de Cr\u0103ciun din Strasbourg<\/a>, care te <strong>preg\u0103te\u0219te perfect pentru nebunia de advent \u0219i \u00ee\u021bi spune ce mul\u021bimi s\u0103 evi\u021bi<\/strong>.<\/p>\n\n\n\n<p class=\"wp-block-paragraph\">Pentru cei dintre voi care vor s\u0103 porneasc\u0103 \u0219i dincolo de por\u021bile metropolei, recomand c\u0103lduros articolul <a href=\"https:\/\/loudavymkrokem.cz\/ro\/ruta-vinului-alsacia-franta\/\">Ruta vinului din Alsacia: 12 cele mai frumoase sate<\/a>, pentru c\u0103 <strong>Alsacia este pur \u0219i simplu o regiune de basm plin\u0103 de podgorii \u0219i c\u0103su\u021be cu structur\u0103 de lemn<\/strong>. O inspira\u021bie grozav\u0103 \u00ee\u021bi va fi \u0219i ghidul pitorescului or\u0103\u0219el <a href=\"https:\/\/loudavymkrokem.cz\/ro\/colmar-franta-venetia-franceza\/\">Colmar, Fran\u021ba<\/a> sau marele nostru <a href=\"https:\/\/loudavymkrokem.cz\/ro\/road-trip-franta-itinerar\/\">Roadtrip prin Fran\u021ba: itinerariu de 14 zile<\/a>, dac\u0103 <strong>pl\u0103nuie\u0219ti o c\u0103l\u0103torie mai lung\u0103 cu ma\u0219ina \u0219i vrei s\u0103 vezi ce e mai bun din \u021bar\u0103<\/strong>.<\/p>\n\n\n\n<h2 class=\"wp-block-heading\"><span class=\"ez-toc-section\" id=\"Intrebari_frecvente\"><\/span>\u00centreb\u0103ri frecvente<span class=\"ez-toc-section-end\"><\/span><\/h2>\n\n\n\n<p class=\"wp-block-paragraph\">Mai ai vreo nel\u0103murire \u00eenainte de c\u0103l\u0103toria \u00een metropola alsacian\u0103? Am adunat pentru tine r\u0103spunsuri la cele mai frecvente \u00eentreb\u0103ri, care \u00ee\u021bi vor u\u0219ura planificarea.<\/p>\n\n\n<div id=\"rank-math-faq\" class=\"rank-math-block\">\n<div class=\"rank-math-list \">\n<div id=\"faq-question-1788283127000\" class=\"rank-math-list-item\">\n<h3 class=\"rank-math-question \"><span class=\"ez-toc-section\" id=\"Cand_este_cel_mai_bun_moment_pentru_a_rezerva_un_hotel_pentru_targurile_de_Advent\"><\/span>C\u00e2nd este cel mai bun moment pentru a rezerva un hotel pentru t\u00e2rgurile de Advent?<span class=\"ez-toc-section-end\"><\/span><\/h3>\n<div class=\"rank-math-answer \">\n\n<p>Dac\u0103 dori\u021bi s\u0103 sta\u021bi \u00een centrul istoric de pe insula Grande \u00cele, <strong>trebuie s\u0103 rezerva\u021bi cu 6 p\u00e2n\u0103 la 9 luni \u00een avans<\/strong>, deoarece hotelurile se epuizeaz\u0103 cu o vitez\u0103 incredibil\u0103 \u00een perioada Adventului. Cu c\u00e2t rezolva\u021bi cazarea mai devreme, cu at\u00e2t ve\u021bi avea o alegere mai mare \u0219i ve\u021bi evita cu siguran\u021b\u0103 necesitatea de a pl\u0103ti sumele astronomice pentru cele mai scumpe camere r\u0103mase.<\/p>\n\n<\/div>\n<\/div>\n<div id=\"faq-question-1788283127001\" class=\"rank-math-list-item\">\n<h3 class=\"rank-math-question \"><span class=\"ez-toc-section\" id=\"Unde_gasesc_cea_mai_ieftina_cazare_in_Strasbourg\"><\/span>Unde g\u0103sesc cea mai ieftin\u0103 cazare \u00een Strasbourg?<span class=\"ez-toc-section-end\"><\/span><\/h3>\n<div class=\"rank-math-answer \">\n\n<p>Cele mai bune pre\u021buri le ve\u021bi g\u0103si cu siguran\u021b\u0103 <strong>\u00een zona g\u0103rii centrale sau \u00een cartierul mai lini\u0219tit Krutenau<\/strong>, ambele aflate la doar c\u00e2teva minute de mers pe jos de centrul istoric. Aici se aplic\u0103 regula simpl\u0103 c\u0103 <strong>hotelurile situate la 10 p\u00e2n\u0103 la 20 de minute de mers pe jos de catedral\u0103 sunt cu 30 p\u00e2n\u0103 la 40 la sut\u0103 mai ieftine<\/strong>, a\u0219a c\u0103 o scurt\u0103 plimbare p\u00e2n\u0103 \u00een centru merit\u0103 cu siguran\u021b\u0103.<\/p>\n\n<\/div>\n<\/div>\n<div id=\"faq-question-1788283127002\" class=\"rank-math-list-item\">\n<h3 class=\"rank-math-question \"><span class=\"ez-toc-section\" id=\"Se_poate_parca_confortabil_la_hotel_in_Strasbourg\"><\/span>Se poate parca confortabil la hotel \u00een Strasbourg?<span class=\"ez-toc-section-end\"><\/span><\/h3>\n<div class=\"rank-math-answer \">\n\n<p>\u00cen centrul istoric propriu-zis, <strong>parcarea cu ma\u0219ina este un co\u0219mar adev\u0103rat<\/strong>, iar hotelurile boutique mai mici adesea nu au deloc garaje. Prin urmare, mult mai inteligent este s\u0103 <strong>folosi\u021bi parc\u0103rile de tip Park &amp; Ride ale sistemului foarte bine dezvoltat de la marginea ora\u0219ului<\/strong>, unde la pre\u021bul unei taxe de parcare neglijabile primi\u021bi \u0219i bilet dus-\u00eentors cu tramvaiul p\u00e2n\u0103 \u00een centru pentru to\u021bi pasagerii din ma\u0219in\u0103.<\/p>\n\n<\/div>\n<\/div>\n<div id=\"faq-question-1788283127003\" class=\"rank-math-list-item\">\n<h3 class=\"rank-math-question \"><span class=\"ez-toc-section\" id=\"Merita_sa_stai_in_cartierul_Petite_France\"><\/span>Merit\u0103 s\u0103 stai \u00een cartierul Petite France?<span class=\"ez-toc-section-end\"><\/span><\/h3>\n<div class=\"rank-math-answer \">\n\n<p>Cartierul Petite France este f\u0103r\u0103 \u00eendoial\u0103 <strong>partea cea mai fotogenic\u0103 \u0219i romantic\u0103 a \u00eentregului ora\u0219<\/strong>, plin de case vechi cu colombaje \u0219i canale de ap\u0103 \u00eempletite. \u00cen lunile de prim\u0103var\u0103, \u00een afara sezonului principal, este o alegere de basm pentru cupluri, dar <strong>\u00een perioada Adventului sunt at\u00e2t de multe mul\u021bimi de turi\u0219ti \u00eenc\u00e2t prin str\u0103du\u021be te po\u021bi strecura cu greu<\/strong>, a\u0219a c\u0103 lini\u0219tea dorit\u0103 cu siguran\u021b\u0103 nu o ve\u021bi g\u0103si aici \u00een decembrie.<\/p>\n\n<\/div>\n<\/div>\n<div id=\"faq-question-1788283127004\" class=\"rank-math-list-item\">\n<h3 class=\"rank-math-question \"><span class=\"ez-toc-section\" id=\"Se_scumpesc_hotelurile_in_timpul_sesiunilor_Parlamentului_European\"><\/span>Se scumpesc hotelurile \u00een timpul sesiunilor Parlamentului European?<span class=\"ez-toc-section-end\"><\/span><\/h3>\n<div class=\"rank-math-answer \">\n\n<p>Da, \u0219i \u00eentotdeauna foarte semnificativ. <strong>Sesiunile plenare ale Parlamentului European umplu regulat \u0219i fulger\u0103tor nu doar toate hotelurile din cartierul european adiacent, ci \u0219i pe cele din \u00eentregul centru istoric al ora\u0219ului.<\/strong> Din fericire, datele exacte ale acestor sesiuni pot fi g\u0103site pe internet cu mult timp \u00een avans \u0219i <strong>dac\u0103 nu sunte\u021bi lega\u021bi de o dat\u0103 fix\u0103, cu siguran\u021b\u0103 evita\u021bi aceste zile<\/strong>.<\/p>\n\n<\/div>\n<\/div>\n<div id=\"faq-question-1788283127005\" class=\"rank-math-list-item\">\n<h3 class=\"rank-math-question \"><span class=\"ez-toc-section\" id=\"Ce_sa_gust_in_Strasbourg_din_bucataria_locala\"><\/span>Ce s\u0103 gust \u00een Strasbourg din buc\u0103t\u0103ria local\u0103?<span class=\"ez-toc-section-end\"><\/span><\/h3>\n<div class=\"rank-math-answer \">\n\n<p>Tehnic, aceasta nu \u021bine de hotel, dar \u0219tiu c\u0103 m\u0103 ve\u021bi \u00eentreba oricum, a\u0219a c\u0103 iat\u0103 r\u0103spunsul: Buc\u0103t\u0103ria alsacian\u0103 este renumit\u0103 pentru preparatele cu carne, dar \u0219i f\u0103r\u0103 carne ve\u021bi g\u0103si cu siguran\u021b\u0103 ceva pe placul vostru. <strong>Cu siguran\u021b\u0103 gusta\u021bi tradi\u021bionalul cozonac sub\u021bire tarte flamb\u00e9e (flammekueche) \u00een varianta excelent\u0103 f\u0103r\u0103 carne cu br\u00e2nz\u0103 \u0219i ceap\u0103<\/strong>, la aceasta mu\u0219ca\u021bi dintr-un bretzel proasp\u0103t s\u0103rat \u0219i ca desert dulce lua\u021bi un kougelhopf pufos. <strong>Nu uita\u021bi s\u0103 le \u00eenso\u021bi\u021bi cu vinul alb alsacian excelent.<\/strong><\/p>\n\n<\/div>\n<\/div>\n<div id=\"faq-question-1788283127006\" class=\"rank-math-list-item\">\n<h3 class=\"rank-math-question \"><span class=\"ez-toc-section\" id=\"Este_Strasbourg_o_baza_buna_pentru_excursii_in_Alsacia\"><\/span>Este Strasbourg o baz\u0103 bun\u0103 pentru excursii \u00een Alsacia?<span class=\"ez-toc-section-end\"><\/span><\/h3>\n<div class=\"rank-math-answer \">\n\n<p>Cu siguran\u021b\u0103 da, Strasbourg reprezint\u0103 <strong>cea mai bun\u0103 baz\u0103 strategic\u0103 \u00een general pentru a descoperi \u00eentreaga regiune de basm<\/strong>. De la gara central\u0103 pute\u021bi ajunge confortabil cu trenul <strong>u\u0219or \u0219i rapid la pitorescul Colmar sau la satele mai mici de pe celebrul drum al vinului<\/strong>, sau pute\u021bi pleca cu ma\u0219ina s\u0103 explora\u021bi natura frumoas\u0103 din mun\u021bii Vosgi din apropiere.<\/p>\n\n<\/div>\n<\/div>\n<\/div>\n<\/div>","protected":false},"excerpt":{"rendered":"<p>Cau\u021bi un hotel \u00een Strasbourg, Fran\u021ba? Afl\u0103 \u00een ce cartiere economise\u0219ti p\u00e2n\u0103 la 40% din pre\u021b \u0219i de ce \u00een advent e mai bine s\u0103 stai \u00een afara centrului istoric.<\/p>\n","protected":false},"author":3,"featured_media":413382,"comment_status":"open","ping_status":"open","sticky":false,"template":"","format":"standard","meta":{"_acf_changed":false,"footnotes":"","rank_math_title":"Unde s\u0103 stai \u00een Strasbourg, Fran\u021ba: 18 hoteluri 2026","rank_math_description":"Cau\u021bi cazare \u00een Strasbourg, Fran\u021ba? Descoper\u0103 18 cele mai bune hoteluri \u0219i cartiere, plus trucul prin care economise\u0219ti 40% \u00een perioada de advent. Rezerv\u0103 acum!","rank_math_focus_keyword":"strasbourg fran\u021ba","rank_math_seo_score":""},"categories":[2015,2021,2024],"tags":[],"class_list":["post-417570","post","type-post","status-publish","format-standard","has-post-thumbnail","category-calatorii","category-europa","category-franta"],"acf":[],"featured_image_src":"https:\/\/loudavymkrokem.cz\/wp-content\/uploads\/2026\/09\/petite-france-po-soumraku-2cf25977.jpg","author_info":{"display_name":"Lucie Kone\u010dn\u00e1","author_link":"https:\/\/loudavymkrokem.cz\/ro\/author\/lucie-konecna\/"},"_links":{"self":[{"href":"https:\/\/loudavymkrokem.cz\/ro\/wp-json\/wp\/v2\/posts\/417570","targetHints":{"allow":["GET"]}}],"collection":[{"href":"https:\/\/loudavymkrokem.cz\/ro\/wp-json\/wp\/v2\/posts"}],"about":[{"href":"https:\/\/loudavymkrokem.cz\/ro\/wp-json\/wp\/v2\/types\/post"}],"author":[{"embeddable":true,"href":"https:\/\/loudavymkrokem.cz\/ro\/wp-json\/wp\/v2\/users\/3"}],"replies":[{"embeddable":true,"href":"https:\/\/loudavymkrokem.cz\/ro\/wp-json\/wp\/v2\/comments?post=417570"}],"version-history":[{"count":2,"href":"https:\/\/loudavymkrokem.cz\/ro\/wp-json\/wp\/v2\/posts\/417570\/revisions"}],"predecessor-version":[{"id":417572,"href":"https:\/\/loudavymkrokem.cz\/ro\/wp-json\/wp\/v2\/posts\/417570\/revisions\/417572"}],"wp:featuredmedia":[{"embeddable":true,"href":"https:\/\/loudavymkrokem.cz\/ro\/wp-json\/wp\/v2\/media\/413382"}],"wp:attachment":[{"href":"https:\/\/loudavymkrokem.cz\/ro\/wp-json\/wp\/v2\/media?parent=417570"}],"wp:term":[{"taxonomy":"category","embeddable":true,"href":"https:\/\/loudavymkrokem.cz\/ro\/wp-json\/wp\/v2\/categories?post=417570"},{"taxonomy":"post_tag","embeddable":true,"href":"https:\/\/loudavymkrokem.cz\/ro\/wp-json\/wp\/v2\/tags?post=417570"}],"curies":[{"name":"wp","href":"https:\/\/api.w.org\/{rel}","templated":true}]}}