{"id":417563,"date":"2026-09-01T21:10:41","date_gmt":"2026-09-01T19:10:41","guid":{"rendered":"https:\/\/loudavymkrokem.cz\/rio-de-janeiro-ce-sa-vezi\/"},"modified":"2026-09-05T16:30:00","modified_gmt":"2026-09-05T14:30:00","slug":"rio-de-janeiro-ce-sa-vezi","status":"publish","type":"post","link":"https:\/\/loudavymkrokem.cz\/ro\/rio-de-janeiro-ce-sa-vezi\/","title":{"rendered":"Rio de Janeiro, Brazilia: 22 de idei ce s\u0103 vezi \u0219i s\u0103 faci \u00een 2026"},"content":{"rendered":"\n<p class=\"wp-block-paragraph\">Dac\u0103 te g\u00e2nde\u0219ti la o c\u0103l\u0103torie \u00een America de Sud \u0219i e\u0219ti \u00een c\u0103utarea unei destina\u021bii pline de culoare \u0219i energie nest\u0103vilit\u0103, metropola brazilian\u0103 te va cuceri cu siguran\u021b\u0103. <strong>Rio de Janeiro este un ora\u0219 al contrastelor incredibile<\/strong>, unde arhitectura modern\u0103 se \u00eemplete\u0219te cu natura s\u0103lbatic\u0103 \u0219i unde plajele aurii se transform\u0103 lin \u00een p\u0103duri tropicale dese \u0219i verzi. Te a\u0219teapt\u0103 peisaje uluitoare \u0219i o cultur\u0103 bogat\u0103, plin\u0103 de muzic\u0103.<\/p>\n\n\n\n<p class=\"wp-block-paragraph\">Planificarea unui sejur \u00een aceast\u0103 perl\u0103 tropical\u0103 cere o abordare pu\u021bin diferit\u0103, pentru c\u0103 <strong>Rio se planific\u0103 \u00een primul r\u00e2nd dup\u0103 vreme<\/strong>, nu dup\u0103 o list\u0103 fix\u0103 de obiective. Cele mai celebre dou\u0103 locuri sunt ni\u0219te puncte de belvedere situate sus, care f\u0103r\u0103 o vizibilitate bun\u0103 \u00ee\u0219i pierd complet sensul. De aceea \u00ee\u021bi recomand s\u0103 la\u0219i suficient loc liber \u00een itinerar \u0219i s\u0103 reac\u021bionezi flexibil la cea\u021ba de diminea\u021b\u0103 sau la cerul senin.<\/p>\n\n\n\n<p class=\"wp-block-paragraph\">De la plaje iconice p\u00e2n\u0103 la muzee ascunse \u2014 aici g\u0103se\u0219ti tot ce trebuie s\u0103 \u0219tii ca s\u0103-\u021bi construie\u0219ti programul exact pe gustul t\u0103u. \u0218i pentru c\u0103 o bun\u0103 orientare printre cartiere este jum\u0103tate din succes, adaug \u0219i sfaturi practice despre siguran\u021b\u0103 \u0219i cazare.<\/p>\n\n\n\n<figure data-wp-context=\"{&quot;imageId&quot;:&quot;6a9c4ed0f1c58&quot;}\" data-wp-interactive=\"core\/image\" data-wp-key=\"6a9c4ed0f1c58\" class=\"wp-block-image size-full wp-lightbox-container\"><img decoding=\"async\" width=\"1920\" height=\"1440\" data-wp-class--hide=\"state.isContentHidden\" data-wp-class--show=\"state.isContentVisible\" data-wp-init=\"callbacks.setButtonStyles\" data-wp-on--click=\"actions.showLightbox\" data-wp-on--load=\"callbacks.setButtonStyles\" data-wp-on--pointerdown=\"actions.preloadImage\" data-wp-on--pointerenter=\"actions.preloadImageWithDelay\" data-wp-on--pointerleave=\"actions.cancelPreload\" data-wp-on-window--resize=\"callbacks.setButtonStyles\" src=\"https:\/\/loudavymkrokem.cz\/wp-content\/uploads\/2026\/09\/panorama-ria-s-cukrovou-homoli-49cf45de.jpg\" alt=\"Panorama ora\u0219ului Rio cu P\u00e2inea de Zah\u0103r\" class=\"wp-image-413354\" title=\"\" srcset=\"https:\/\/loudavymkrokem.cz\/wp-content\/uploads\/2026\/09\/panorama-ria-s-cukrovou-homoli-49cf45de.jpg 1920w, https:\/\/loudavymkrokem.cz\/wp-content\/uploads\/2026\/09\/panorama-ria-s-cukrovou-homoli-49cf45de-300x225.jpg 300w, https:\/\/loudavymkrokem.cz\/wp-content\/uploads\/2026\/09\/panorama-ria-s-cukrovou-homoli-49cf45de-700x525.jpg 700w, https:\/\/loudavymkrokem.cz\/wp-content\/uploads\/2026\/09\/panorama-ria-s-cukrovou-homoli-49cf45de-768x576.jpg 768w, https:\/\/loudavymkrokem.cz\/wp-content\/uploads\/2026\/09\/panorama-ria-s-cukrovou-homoli-49cf45de-1536x1152.jpg 1536w, https:\/\/loudavymkrokem.cz\/wp-content\/uploads\/2026\/09\/panorama-ria-s-cukrovou-homoli-49cf45de-80x60.jpg 80w, https:\/\/loudavymkrokem.cz\/wp-content\/uploads\/2026\/09\/panorama-ria-s-cukrovou-homoli-49cf45de-160x120.jpg 160w, https:\/\/loudavymkrokem.cz\/wp-content\/uploads\/2026\/09\/panorama-ria-s-cukrovou-homoli-49cf45de-696x522.jpg 696w, https:\/\/loudavymkrokem.cz\/wp-content\/uploads\/2026\/09\/panorama-ria-s-cukrovou-homoli-49cf45de-1392x1044.jpg 1392w\" sizes=\"(max-width: 1920px) 100vw, 1920px\" \/><button\n\t\t\tclass=\"lightbox-trigger\"\n\t\t\ttype=\"button\"\n\t\t\taria-haspopup=\"dialog\"\n\t\t\tdata-wp-bind--aria-label=\"state.thisImage.triggerButtonAriaLabel\"\n\t\t\tdata-wp-init=\"callbacks.initTriggerButton\"\n\t\t\tdata-wp-on--click=\"actions.showLightbox\"\n\t\t\tdata-wp-style--right=\"state.thisImage.buttonRight\"\n\t\t\tdata-wp-style--top=\"state.thisImage.buttonTop\"\n\t\t>\n\t\t\t<svg xmlns=\"http:\/\/www.w3.org\/2000\/svg\" width=\"12\" height=\"12\" fill=\"none\" viewBox=\"0 0 12 12\">\n\t\t\t\t<path fill=\"#fff\" d=\"M2 0a2 2 0 0 0-2 2v2h1.5V2a.5.5 0 0 1 .5-.5h2V0H2Zm2 10.5H2a.5.5 0 0 1-.5-.5V8H0v2a2 2 0 0 0 2 2h2v-1.5ZM8 12v-1.5h2a.5.5 0 0 0 .5-.5V8H12v2a2 2 0 0 1-2 2H8Zm2-12a2 2 0 0 1 2 2v2h-1.5V2a.5.5 0 0 0-.5-.5H8V0h2Z\" \/>\n\t\t\t<\/svg>\n\t\t<\/button><figcaption class=\"wp-element-caption\">Foto: Acediscovery \/ Wikimedia Commons, CC BY 4.0<\/figcaption><\/figure>\n\n\n\n<div id=\"ez-toc-container\" class=\"ez-toc-v2_0_87 ez-toc-wrap-left counter-hierarchy ez-toc-counter ez-toc-grey ez-toc-container-direction\">\n<div class=\"ez-toc-title-container\">\n<p class=\"ez-toc-title\" style=\"cursor:inherit\">Cuprinsul articolului<\/p>\n<span class=\"ez-toc-title-toggle\"><a href=\"#\" class=\"ez-toc-pull-right ez-toc-btn ez-toc-btn-xs ez-toc-btn-default ez-toc-toggle\" aria-label=\"Toggle Table of Content\"><span class=\"ez-toc-js-icon-con\"><span class=\"\"><span class=\"eztoc-hide\" style=\"display:none;\">Toggle<\/span><span class=\"ez-toc-icon-toggle-span\"><svg style=\"fill: #999;color:#999\" xmlns=\"http:\/\/www.w3.org\/2000\/svg\" class=\"list-377408\" width=\"20px\" height=\"20px\" viewBox=\"0 0 24 24\" fill=\"none\"><path d=\"M6 6H4v2h2V6zm14 0H8v2h12V6zM4 11h2v2H4v-2zm16 0H8v2h12v-2zM4 16h2v2H4v-2zm16 0H8v2h12v-2z\" fill=\"currentColor\"><\/path><\/svg><svg style=\"fill: #999;color:#999\" class=\"arrow-unsorted-368013\" xmlns=\"http:\/\/www.w3.org\/2000\/svg\" width=\"10px\" height=\"10px\" viewBox=\"0 0 24 24\" version=\"1.2\" baseProfile=\"tiny\"><path d=\"M18.2 9.3l-6.2-6.3-6.2 6.3c-.2.2-.3.4-.3.7s.1.5.3.7c.2.2.4.3.7.3h11c.3 0 .5-.1.7-.3.2-.2.3-.5.3-.7s-.1-.5-.3-.7zM5.8 14.7l6.2 6.3 6.2-6.3c.2-.2.3-.5.3-.7s-.1-.5-.3-.7c-.2-.2-.4-.3-.7-.3h-11c-.3 0-.5.1-.7.3-.2.2-.3.5-.3.7s.1.5.3.7z\"\/><\/svg><\/span><\/span><\/span><\/a><\/span><\/div>\n<nav><ul class='ez-toc-list ez-toc-list-level-1 ' ><ul class='ez-toc-list-level-3' ><li class='ez-toc-heading-level-3'><a class=\"ez-toc-link ez-toc-heading-1\" href=\"https:\/\/loudavymkrokem.cz\/ro\/rio-de-janeiro-ce-sa-vezi\/#Rezumat_pentru_cei_care_nu_au_timp_sa_citeasca_tot_articolul\" >Rezumat pentru cei care nu au timp s\u0103 citeasc\u0103 tot articolul<\/a><\/li><\/ul><\/li><li class='ez-toc-page-1 ez-toc-heading-level-2'><a class=\"ez-toc-link ez-toc-heading-2\" href=\"https:\/\/loudavymkrokem.cz\/ro\/rio-de-janeiro-ce-sa-vezi\/#Cand_sa_mergi_in_Rio_de_Janeiro\" >C\u00e2nd s\u0103 mergi \u00een Rio de Janeiro<\/a><\/li><li class='ez-toc-page-1 ez-toc-heading-level-2'><a class=\"ez-toc-link ez-toc-heading-3\" href=\"https:\/\/loudavymkrokem.cz\/ro\/rio-de-janeiro-ce-sa-vezi\/#Siguranta_in_Rio_de_Janeiro_cum_sa_te_bucuri_de_vacanta_fara_griji\" >Siguran\u021ba \u00een Rio de Janeiro: cum s\u0103 te bucuri de vacan\u021b\u0103 f\u0103r\u0103 griji<\/a><\/li><li class='ez-toc-page-1 ez-toc-heading-level-2'><a class=\"ez-toc-link ez-toc-heading-4\" href=\"https:\/\/loudavymkrokem.cz\/ro\/rio-de-janeiro-ce-sa-vezi\/#Unde_sa_te_cazezi_in_Rio_de_Janeiro\" >Unde s\u0103 te cazezi \u00een Rio de Janeiro<\/a><\/li><li class='ez-toc-page-1 ez-toc-heading-level-2'><a class=\"ez-toc-link ez-toc-heading-5\" href=\"https:\/\/loudavymkrokem.cz\/ro\/rio-de-janeiro-ce-sa-vezi\/#22_de_idei_ce_sa_vezi_si_sa_faci_in_Rio_de_Janeiro\" >22 de idei ce s\u0103 vezi \u0219i s\u0103 faci \u00een Rio de Janeiro<\/a><ul class='ez-toc-list-level-3' ><li class='ez-toc-heading-level-3'><a class=\"ez-toc-link ez-toc-heading-6\" href=\"https:\/\/loudavymkrokem.cz\/ro\/rio-de-janeiro-ce-sa-vezi\/#1_Statuia_lui_Iisus_Mantuitorul_Christ_the_Redeemer\" >1. Statuia lui Iisus M\u00e2ntuitorul (Christ the Redeemer)<\/a><\/li><li class='ez-toc-page-1 ez-toc-heading-level-3'><a class=\"ez-toc-link ez-toc-heading-7\" href=\"https:\/\/loudavymkrokem.cz\/ro\/rio-de-janeiro-ce-sa-vezi\/#2_Telecabina_spre_Painea_de_Zahar_Pao_de_Acucar\" >2. Telecabina spre P\u00e2inea de Zah\u0103r (P\u00e3o de A\u00e7\u00facar)<\/a><\/li><li class='ez-toc-page-1 ez-toc-heading-level-3'><a class=\"ez-toc-link ez-toc-heading-8\" href=\"https:\/\/loudavymkrokem.cz\/ro\/rio-de-janeiro-ce-sa-vezi\/#3_Plaja_Copacabana_si_Forte_de_Copacabana\" >3. Plaja Copacabana \u0219i Forte de Copacabana<\/a><\/li><li class='ez-toc-page-1 ez-toc-heading-level-3'><a class=\"ez-toc-link ez-toc-heading-9\" href=\"https:\/\/loudavymkrokem.cz\/ro\/rio-de-janeiro-ce-sa-vezi\/#4_Plaja_Ipanema_si_sistemul_posturilor_de_salvamar\" >4. Plaja Ipanema \u0219i sistemul posturilor de salvamar<\/a><\/li><li class='ez-toc-page-1 ez-toc-heading-level-3'><a class=\"ez-toc-link ez-toc-heading-10\" href=\"https:\/\/loudavymkrokem.cz\/ro\/rio-de-janeiro-ce-sa-vezi\/#5_Plaja_Leblon_si_belvederea_Mirante_do_Leblon\" >5. Plaja Leblon \u0219i belvederea Mirante do Leblon<\/a><\/li><li class='ez-toc-page-1 ez-toc-heading-level-3'><a class=\"ez-toc-link ez-toc-heading-11\" href=\"https:\/\/loudavymkrokem.cz\/ro\/rio-de-janeiro-ce-sa-vezi\/#6_Promontoriul_stancos_Pedra_do_Arpoador\" >6. Promontoriul st\u00e2ncos Pedra do Arpoador<\/a><\/li><li class='ez-toc-page-1 ez-toc-heading-level-3'><a class=\"ez-toc-link ez-toc-heading-12\" href=\"https:\/\/loudavymkrokem.cz\/ro\/rio-de-janeiro-ce-sa-vezi\/#7_Scara_Escadaria_Selaron\" >7. Scara Escadaria Selar\u00f3n<\/a><\/li><li class='ez-toc-page-1 ez-toc-heading-level-3'><a class=\"ez-toc-link ez-toc-heading-13\" href=\"https:\/\/loudavymkrokem.cz\/ro\/rio-de-janeiro-ce-sa-vezi\/#8_Cartierul_Santa_Teresa_si_tramvaiul_istoric\" >8. Cartierul Santa Teresa \u0219i tramvaiul istoric<\/a><\/li><li class='ez-toc-page-1 ez-toc-heading-level-3'><a class=\"ez-toc-link ez-toc-heading-14\" href=\"https:\/\/loudavymkrokem.cz\/ro\/rio-de-janeiro-ce-sa-vezi\/#9_Apeductul_Arcos_da_Lapa\" >9. Apeductul Arcos da Lapa<\/a><\/li><li class='ez-toc-page-1 ez-toc-heading-level-3'><a class=\"ez-toc-link ez-toc-heading-15\" href=\"https:\/\/loudavymkrokem.cz\/ro\/rio-de-janeiro-ce-sa-vezi\/#10_Galeria_Parque_das_Ruinas\" >10. Galeria Parque das Ru\u00ednas<\/a><\/li><li class='ez-toc-page-1 ez-toc-heading-level-3'><a class=\"ez-toc-link ez-toc-heading-16\" href=\"https:\/\/loudavymkrokem.cz\/ro\/rio-de-janeiro-ce-sa-vezi\/#11_Padurea_tropicala_urbana_Tijuca_National_Park\" >11. P\u0103durea tropical\u0103 urban\u0103 Tijuca National Park<\/a><\/li><li class='ez-toc-page-1 ez-toc-heading-level-3'><a class=\"ez-toc-link ez-toc-heading-17\" href=\"https:\/\/loudavymkrokem.cz\/ro\/rio-de-janeiro-ce-sa-vezi\/#12_Belvederea_Mirante_Dona_Marta\" >12. Belvederea Mirante Dona Marta<\/a><\/li><li class='ez-toc-page-1 ez-toc-heading-level-3'><a class=\"ez-toc-link ez-toc-heading-18\" href=\"https:\/\/loudavymkrokem.cz\/ro\/rio-de-janeiro-ce-sa-vezi\/#13_Pavilionul_chinezesc_Vista_Chinesa\" >13. Pavilionul chinezesc Vista Chinesa<\/a><\/li><li class='ez-toc-page-1 ez-toc-heading-level-3'><a class=\"ez-toc-link ez-toc-heading-19\" href=\"https:\/\/loudavymkrokem.cz\/ro\/rio-de-janeiro-ce-sa-vezi\/#14_Gradinile_si_vila_Parque_Lage\" >14. Gr\u0103dinile \u0219i vila Parque Lage<\/a><\/li><li class='ez-toc-page-1 ez-toc-heading-level-3'><a class=\"ez-toc-link ez-toc-heading-20\" href=\"https:\/\/loudavymkrokem.cz\/ro\/rio-de-janeiro-ce-sa-vezi\/#15_Muzeul_de_Maine_Museu_do_Amanha\" >15. Muzeul de M\u00e2ine (Museu do Amanh\u00e3)<\/a><\/li><li class='ez-toc-page-1 ez-toc-heading-level-3'><a class=\"ez-toc-link ez-toc-heading-21\" href=\"https:\/\/loudavymkrokem.cz\/ro\/rio-de-janeiro-ce-sa-vezi\/#16_Muzeul_de_arta_MAR_Rio_Museum_of_Art\" >16. Muzeul de art\u0103 MAR (Rio Museum of Art)<\/a><\/li><li class='ez-toc-page-1 ez-toc-heading-level-3'><a class=\"ez-toc-link ez-toc-heading-22\" href=\"https:\/\/loudavymkrokem.cz\/ro\/rio-de-janeiro-ce-sa-vezi\/#17_Centro_Cultural_Banco_do_Brasil_CCBB\" >17. Centro Cultural Banco do Brasil (CCBB)<\/a><\/li><li class='ez-toc-page-1 ez-toc-heading-level-3'><a class=\"ez-toc-link ez-toc-heading-23\" href=\"https:\/\/loudavymkrokem.cz\/ro\/rio-de-janeiro-ce-sa-vezi\/#18_Theatro_Municipal_do_Rio_de_Janeiro\" >18. Theatro Municipal do Rio de Janeiro<\/a><\/li><li class='ez-toc-page-1 ez-toc-heading-level-3'><a class=\"ez-toc-link ez-toc-heading-24\" href=\"https:\/\/loudavymkrokem.cz\/ro\/rio-de-janeiro-ce-sa-vezi\/#19_Catedral_Metropolitana_de_Sao_Sebastiao\" >19. Catedral Metropolitana de S\u00e3o Sebasti\u00e3o<\/a><\/li><li class='ez-toc-page-1 ez-toc-heading-level-3'><a class=\"ez-toc-link ez-toc-heading-25\" href=\"https:\/\/loudavymkrokem.cz\/ro\/rio-de-janeiro-ce-sa-vezi\/#20_Museu_da_Republica_Palacio_do_Catete\" >20. Museu da Rep\u00fablica (Pal\u00e1cio do Catete)<\/a><\/li><li class='ez-toc-page-1 ez-toc-heading-level-3'><a class=\"ez-toc-link ez-toc-heading-26\" href=\"https:\/\/loudavymkrokem.cz\/ro\/rio-de-janeiro-ce-sa-vezi\/#21_Espaco_Cultural_da_Marinha\" >21. Espa\u00e7o Cultural da Marinha<\/a><\/li><li class='ez-toc-page-1 ez-toc-heading-level-3'><a class=\"ez-toc-link ez-toc-heading-27\" href=\"https:\/\/loudavymkrokem.cz\/ro\/rio-de-janeiro-ce-sa-vezi\/#22_Plaja_Praia_Vermelha_sub_Painea_de_Zahar\" >22. Plaja Praia Vermelha sub P\u00e2inea de Zah\u0103r<\/a><\/li><\/ul><\/li><li class='ez-toc-page-1 ez-toc-heading-level-2'><a class=\"ez-toc-link ez-toc-heading-28\" href=\"https:\/\/loudavymkrokem.cz\/ro\/rio-de-janeiro-ce-sa-vezi\/#Incotro_mai_departe_din_Rio_de_Janeiro\" >\u00cencotro mai departe din Rio de Janeiro<\/a><\/li><li class='ez-toc-page-1 ez-toc-heading-level-2'><a class=\"ez-toc-link ez-toc-heading-29\" href=\"https:\/\/loudavymkrokem.cz\/ro\/rio-de-janeiro-ce-sa-vezi\/#Intrebari_frecvente\" >\u00centreb\u0103ri frecvente<\/a><ul class='ez-toc-list-level-3' ><li class='ez-toc-heading-level-3'><a class=\"ez-toc-link ez-toc-heading-30\" href=\"https:\/\/loudavymkrokem.cz\/ro\/rio-de-janeiro-ce-sa-vezi\/#Este_Rio_de_Janeiro_sigur_pentru_turisti\" >Este Rio de Janeiro sigur pentru turi\u0219ti?<\/a><\/li><li class='ez-toc-page-1 ez-toc-heading-level-3'><a class=\"ez-toc-link ez-toc-heading-31\" href=\"https:\/\/loudavymkrokem.cz\/ro\/rio-de-janeiro-ce-sa-vezi\/#Cate_zile_am_nevoie_pentru_vizitarea_Rio\" >C\u00e2te zile am nevoie pentru vizitarea Rio?<\/a><\/li><li class='ez-toc-page-1 ez-toc-heading-level-3'><a class=\"ez-toc-link ez-toc-heading-32\" href=\"https:\/\/loudavymkrokem.cz\/ro\/rio-de-janeiro-ce-sa-vezi\/#Care_este_cel_mai_bun_mod_de_a_ajunge_la_statuia_lui_Cristos_Mantuitorul\" >Care este cel mai bun mod de a ajunge la statuia lui Cristos M\u00e2ntuitorul?<\/a><\/li><li class='ez-toc-page-1 ez-toc-heading-level-3'><a class=\"ez-toc-link ez-toc-heading-33\" href=\"https:\/\/loudavymkrokem.cz\/ro\/rio-de-janeiro-ce-sa-vezi\/#Care_este_cea_mai_buna_perioada_pentru_o_calatorie_in_Brazilia\" >Care este cea mai bun\u0103 perioad\u0103 pentru o c\u0103l\u0103torie \u00een Brazilia?<\/a><\/li><li class='ez-toc-page-1 ez-toc-heading-level-3'><a class=\"ez-toc-link ez-toc-heading-34\" href=\"https:\/\/loudavymkrokem.cz\/ro\/rio-de-janeiro-ce-sa-vezi\/#Pot_sa_ma_scald_pe_plajele_din_Rio_dupa_lasarea_intunericului\" >Pot s\u0103 m\u0103 scald pe plajele din Rio dup\u0103 l\u0103sarea \u00eentunericului?<\/a><\/li><li class='ez-toc-page-1 ez-toc-heading-level-3'><a class=\"ez-toc-link ez-toc-heading-35\" href=\"https:\/\/loudavymkrokem.cz\/ro\/rio-de-janeiro-ce-sa-vezi\/#Cum_sa_va_deplasati_prin_oras_si_este_sigur_transportul_public\" >Cum s\u0103 v\u0103 deplasa\u021bi prin ora\u0219 \u0219i este sigur transportul public?<\/a><\/li><li class='ez-toc-page-1 ez-toc-heading-level-3'><a class=\"ez-toc-link ez-toc-heading-36\" href=\"https:\/\/loudavymkrokem.cz\/ro\/rio-de-janeiro-ce-sa-vezi\/#Ce_sa_mananc_in_Rio_daca_nu_mananc_carne\" >Ce s\u0103 m\u0103n\u00e2nc \u00een Rio dac\u0103 nu m\u0103n\u00e2nc carne?<\/a><\/li><li class='ez-toc-page-1 ez-toc-heading-level-3'><a class=\"ez-toc-link ez-toc-heading-37\" href=\"https:\/\/loudavymkrokem.cz\/ro\/rio-de-janeiro-ce-sa-vezi\/#Merita_sa_cumpar_bilete_pentru_obiective_cu_mult_timp_inainte\" >Merit\u0103 s\u0103 cump\u0103r bilete pentru obiective cu mult timp \u00eenainte?<\/a><\/li><\/ul><\/li><\/ul><\/nav><\/div>\n<h3 class=\"wp-block-heading\"><span class=\"ez-toc-section\" id=\"Rezumat_pentru_cei_care_nu_au_timp_sa_citeasca_tot_articolul\"><\/span>Rezumat pentru cei care nu au timp s\u0103 citeasc\u0103 tot articolul<span class=\"ez-toc-section-end\"><\/span><\/h3>\n\n\n\n<ul class=\"wp-block-list\">\n\n<li><strong>Planific\u0103 dup\u0103 nori:<\/strong> Cele mai celebre obiective, precum statuia lui Iisus \u0219i P\u00e2inea de Zah\u0103r, nu au sens pe cea\u021b\u0103, a\u0219a c\u0103 rezerv\u0103-le cea mai senin\u0103 diminea\u021b\u0103 din sejurul t\u0103u.<\/li>\n\n\n\n<li><strong>Siguran\u021ba are regulile ei:<\/strong> R\u0103m\u00e2i \u00een a\u0219a-numita zon\u0103 de siguran\u021b\u0103 turistic\u0103 din zona de sud \u0219i, dup\u0103 l\u0103sarea \u00eentunericului, folose\u0219te mereu un Uber de \u00eencredere pentru deplas\u0103ri.<\/li>\n\n\n\n<li><strong>Trei c\u0103i spre Iisus:<\/strong> Ajungi sus cu trenul cu cremalier\u0103 (scump), cu microbuzul (mai ieftin) sau complet gratuit, cu o drume\u021bie solicitant\u0103 prin jungl\u0103 din Parque Lage.<\/li>\n\n\n\n<li><strong>Sistemul posturilor de salvamar:<\/strong> Plajele sunt \u00eemp\u0103r\u021bite dup\u0103 ni\u0219te cabine numerotate numite postos, iar celebrul Posto 9 din Ipanema este considerat cel mai animat punct de \u00eent\u00e2lnire.<\/li>\n\n\n\n<li><strong>P\u00e2inea de Zah\u0103r mai ieftin\u0103:<\/strong> Dac\u0103 urci primul tronson pe jos, pe poteca Trilha do Morro da Urca, economise\u0219ti jum\u0103tate din pre\u021bul telecabinei.<\/li>\n\n\n\n<li><strong>P\u0103durea tropical\u0103 urban\u0103:<\/strong> Chiar \u00een limitele ora\u0219ului se \u00eentinde parcul na\u021bional Tijuca, care ofer\u0103 o evadare fantastic\u0103 de la c\u0103ldur\u0103, la umbra copacilor uria\u0219i.<\/li>\n\n\n\n<li><strong>Bun\u0103t\u0103\u021bi locale f\u0103r\u0103 carne:<\/strong> Buc\u0103t\u0103ria brazilian\u0103 ador\u0103 carnea, dar tu po\u021bi savura pe plaj\u0103 un a\u00e7a\u00ed r\u0103coritor, br\u00e2nzoaicele p\u00e3o de queijo sau ap\u0103 de cocos proasp\u0103t\u0103.<\/li>\n\n\n<\/ul>\n\n\n\n<h2 class=\"wp-block-heading\"><span class=\"ez-toc-section\" id=\"Cand_sa_mergi_in_Rio_de_Janeiro\"><\/span>C\u00e2nd s\u0103 mergi \u00een Rio de Janeiro<span class=\"ez-toc-section-end\"><\/span><\/h2>\n\n\n\n<p class=\"wp-block-paragraph\">Alegerea perioadei c\u0103l\u0103toriei \u00ee\u021bi va influen\u021ba decisiv nu doar bugetul, ci \u0219i impresia general\u0103 despre ora\u0219ul \u00eencins. <strong>Cea mai bun\u0103 perioad\u0103 pentru vizit\u0103 este din aprilie p\u00e2n\u0103 \u00een iunie \u0219i, ulterior, din august p\u00e2n\u0103 \u00een octombrie<\/strong>, c\u00e2nd temperaturile sunt foarte pl\u0103cute \u0219i evi\u021bi cele mai mari averse tropicale. \u00cen aceste luni cerul este adesea minunat de senin, ceea ce este absolut esen\u021bial pentru a vizita toate belvederile situate sus, pe care se sprijin\u0103 \u00eentreaga experien\u021b\u0103 din Rio.<\/p>\n\n\n\n<p class=\"wp-block-paragraph\">Dac\u0103 vrei s\u0103 tr\u0103ie\u0219ti ora\u0219ul la cea mai mare fierbere a lui, trebuie s\u0103 vii \u00een timpul verii locale, care corespunde lunilor noastre de iarn\u0103. <strong>Carnavalul \u0219i grandiosul Revelion de pe plaja Copacabana \u00eenseamn\u0103 cele mai mari pre\u021buri din tot anul<\/strong>, iar hotelurile \u0219i biletele de avion sunt de multe ori epuizate f\u0103r\u0103 speran\u021b\u0103 cu multe luni \u00een avans. Trebuie s\u0103 te preg\u0103te\u0219ti \u0219i pentru umiditate extrem\u0103 \u0219i c\u0103lduri toride, care pot dep\u0103\u0219i patruzeci de grade, ceea ce pune la grea \u00eencercare orice tur al obiectivelor.<\/p>\n\n\n\n<p class=\"wp-block-paragraph\">Indiferent de luna pe care o alegi, nu uita regula de aur a planific\u0103rii flexibile despre care am vorbit deja. <strong>P\u0103streaz\u0103-\u021bi cel pu\u021bin dou\u0103-trei zile de rezerv\u0103<\/strong>, ca s\u0103 po\u021bi urca pe Corcovado exact \u00een diminea\u021ba \u00een care norii de deasupra ora\u0219ului se dau la o parte. Clima local\u0103 este puternic influen\u021bat\u0103 de ocean \u0219i de mun\u021bii din jur, a\u0219a c\u0103 vremea se poate schimba foarte repede de la o or\u0103 la alta, iar cump\u0103rarea biletelor pentru o zi anume cu mult timp \u00eenainte reprezint\u0103 un risc uria\u0219.<\/p>\n\n\n\n<h2 class=\"wp-block-heading\"><span class=\"ez-toc-section\" id=\"Siguranta_in_Rio_de_Janeiro_cum_sa_te_bucuri_de_vacanta_fara_griji\"><\/span>Siguran\u021ba \u00een Rio de Janeiro: cum s\u0103 te bucuri de vacan\u021b\u0103 f\u0103r\u0103 griji<span class=\"ez-toc-section-end\"><\/span><\/h2>\n\n\n\n<p class=\"wp-block-paragraph\">Problema siguran\u021bei este probabil primul lucru pe care fiecare c\u0103l\u0103tor \u00eel caut\u0103 pe internet \u00eenainte de o c\u0103l\u0103torie \u00een Brazilia. <strong>Rio de Janeiro nu este deloc o zon\u0103 de r\u0103zboi, dar cere respectarea unor reguli clare<\/strong>, gra\u021bie c\u0103rora te vei bucura de ora\u0219 \u00een deplin\u0103 lini\u0219te. Baza absolut\u0103 este s\u0103 te mi\u0219ti \u00een a\u0219a-numita zon\u0103 de siguran\u021b\u0103 turistic\u0103, format\u0103 din cartierele mai bogate Ipanema, Leblon, Copacabana, Botafogo \u0219i Urca, unde la fiecare col\u021b este prezent\u0103 poli\u021bia turistic\u0103.<\/p>\n\n\n\n<p class=\"wp-block-paragraph\">Iar cifrele o confirm\u0103 \u2014 cartierele Leblon \u0219i Ipanema au raportat \u00een 2026 zero crime, ceea ce spune despre siguran\u021ba lor mai mult dec\u00e2t orice blog de c\u0103l\u0103torii. \u00cen schimb, pe aglomerata plaj\u0103 Copacabana trebuie s\u0103 te a\u0219tep\u021bi la mici furturi ocazionale, buzun\u0103ra\u0219i \u0219i smulgeri de telefoane direct din m\u00e2n\u0103, mai ales pe promenada lat\u0103 de la malul m\u0103rii.<\/p>\n\n\n\n<p class=\"wp-block-paragraph\">Dup\u0103 l\u0103sarea \u00eentunericului se aplic\u0103 o regul\u0103 simpl\u0103: Uber, mereu \u0219i peste tot, chiar \u0219i pe distan\u021be scurte \u00eentre cartiere vecine \u2014 Centrul istoric (Centro) se gole\u0219te dup\u0103 programul de lucru \u00eentr-at\u00e2t \u00eenc\u00e2t noaptea pur \u0219i simplu nu te plimbi pe acolo. La fel se aplic\u0103 interdic\u021bia strict\u0103 a plimb\u0103rilor de sear\u0103 pe orice plaj\u0103, pentru c\u0103 \u00eentinderile de nisip pustii atrag probleme.<\/p>\n\n\n\n<h2 class=\"wp-block-heading\"><span class=\"ez-toc-section\" id=\"Unde_sa_te_cazezi_in_Rio_de_Janeiro\"><\/span>Unde s\u0103 te cazezi \u00een Rio de Janeiro<span class=\"ez-toc-section-end\"><\/span><\/h2>\n\n\n\n<p class=\"wp-block-paragraph\">Alegerea loca\u021biei potrivite pentru hotelul t\u0103u \u00ee\u021bi va influen\u021ba \u00eentreaga experien\u021b\u0103 din ora\u0219, de aceea ar trebui s\u0103 cau\u021bi cazare exclusiv \u00een zona de sud. <strong>Cea mai bun\u0103 alegere pentru o prim\u0103 vizit\u0103 este zona din jurul plajelor Ipanema \u0219i Leblon<\/strong>, care ofer\u0103 o scen\u0103 gastronomic\u0103 fantastic\u0103, str\u0103zi sigure pline de buticuri \u0219i o leg\u0103tur\u0103 excelent\u0103 cu metroul spre restul ora\u0219ului. Aceste cartiere sunt, ce-i drept, mai scumpe, dar investi\u021bia \u00eentr-un somn lini\u0219tit \u0219i \u00een plimb\u0103ri de sear\u0103 f\u0103r\u0103 griji chiar merit\u0103 din plin.<\/p>\n\n\n\n<p class=\"wp-block-paragraph\">Dac\u0103 e\u0219ti \u00een c\u0103utarea unei variante ceva mai accesibile, dar vrei totu\u0219i s\u0103 r\u0103m\u00e2i \u00een centrul ac\u021biunii, \u00eendreapt\u0103-\u021bi aten\u021bia spre legendara Copacabana sau spre vecina Botafogo. <strong>Mai ales Botafogo tr\u0103ie\u0219te \u00een ultimii ani un boom uria\u0219<\/strong>, se deschid aici cafenele noi, iar cartierul ofer\u0103 unele dintre cele mai frumoase priveli\u0219ti spre P\u00e2inea de Zah\u0103r, chiar de pe falez\u0103. Istorica Santa Teresa, situat\u0103 pe deal, atrage cu atmosfera ei boem\u0103, dar logistic este cam izolat\u0103 pentru excursiile de zi cu zi \u0219i mai greu accesibil\u0103 seara.<\/p>\n\n\n\n<p class=\"wp-block-paragraph\">Pentru rezervarea ta prin popularul portal Booking \u00ee\u021bi recomand s\u0103 alegi hoteluri verificate, cu recep\u021bie non-stop \u0219i evalu\u0103ri bune. <strong>O alegere excelent\u0103 pe plaj\u0103 este Arena Ipanema Hotel<\/strong>, care ofer\u0103 o piscin\u0103 pe acoperi\u0219 uluitoare, cu vedere la ocean, \u0219i se afl\u0103 la doar c\u00e2\u021biva pa\u0219i de celebrul Posto 8. <strong>Pentru o experien\u021b\u0103 mai luxoas\u0103 alege iconicul Hotel Fasano Rio de Janeiro<\/strong>, al c\u0103rui design \u0219i pozi\u021bionare nu au concuren\u021b\u0103 \u00een ora\u0219, \u00een timp ce \u00een Botafogo te va surprinde pl\u0103cut elegantul <strong>Yoo2 Rio de Janeiro by Intercity<\/strong>, cu vedere fantastic\u0103 spre golf.<\/p>\n\n\n\n<p class=\"wp-block-paragraph\"><em>\ud83d\udca1 <a href=\"https:\/\/www.stay22.com\/allez\/roam?aid=lukaskonecny&#038;campaign=loudavymkrokemcz&#038;campaign=co-videt-v-rio-de-janeiru&#038;address=Rio%20de%20Janeiro%2C%20Braz%C3%ADlie\" target=\"_blank\" rel=\"nofollow noopener sponsored\">Pe aceast\u0103 hart\u0103 po\u021bi compara ce este liber chiar acum<\/a> \u2014 vezi imediat cu c\u00e2t iese mai ieftin\u0103 cazarea la o strad\u0103 distan\u021b\u0103 de Avenida Atl\u00e2ntica.<\/em><\/p>\n\n<h2 class=\"wp-block-heading\"><span class=\"ez-toc-section\" id=\"22_de_idei_ce_sa_vezi_si_sa_faci_in_Rio_de_Janeiro\"><\/span>22 de idei ce s\u0103 vezi \u0219i s\u0103 faci \u00een Rio de Janeiro<span class=\"ez-toc-section-end\"><\/span><\/h2>\n\n\n\n<p class=\"wp-block-paragraph\">A\u0219a, \u0219i acum s\u0103 trecem la ce e mai bun \u2014 locurile care chiar merit\u0103. Iconuri celebre, dar \u0219i c\u00e2teva comori ascunse, din care vei cunoa\u0219te ora\u0219ul din toate unghiurile.<\/p>\n\n\n\n<figure data-wp-context=\"{&quot;imageId&quot;:&quot;6a9c4ed0f2a83&quot;}\" data-wp-interactive=\"core\/image\" data-wp-key=\"6a9c4ed0f2a83\" class=\"wp-block-image size-full wp-lightbox-container\"><img decoding=\"async\" width=\"1600\" height=\"2133\" data-wp-class--hide=\"state.isContentHidden\" data-wp-class--show=\"state.isContentVisible\" data-wp-init=\"callbacks.setButtonStyles\" data-wp-on--click=\"actions.showLightbox\" data-wp-on--load=\"callbacks.setButtonStyles\" data-wp-on--pointerdown=\"actions.preloadImage\" data-wp-on--pointerenter=\"actions.preloadImageWithDelay\" data-wp-on--pointerleave=\"actions.cancelPreload\" data-wp-on-window--resize=\"callbacks.setButtonStyles\" src=\"https:\/\/loudavymkrokem.cz\/wp-content\/uploads\/2026\/09\/krista-spasitele.jpg\" alt=\"Statuia lui Iisus M\u00e2ntuitorul (Christ the Redeemer)\" class=\"wp-image-413166\" title=\"\" srcset=\"https:\/\/loudavymkrokem.cz\/wp-content\/uploads\/2026\/09\/krista-spasitele.jpg 1600w, https:\/\/loudavymkrokem.cz\/wp-content\/uploads\/2026\/09\/krista-spasitele-225x300.jpg 225w, https:\/\/loudavymkrokem.cz\/wp-content\/uploads\/2026\/09\/krista-spasitele-700x933.jpg 700w, https:\/\/loudavymkrokem.cz\/wp-content\/uploads\/2026\/09\/krista-spasitele-768x1024.jpg 768w, https:\/\/loudavymkrokem.cz\/wp-content\/uploads\/2026\/09\/krista-spasitele-1152x1536.jpg 1152w, https:\/\/loudavymkrokem.cz\/wp-content\/uploads\/2026\/09\/krista-spasitele-1536x2048.jpg 1536w, https:\/\/loudavymkrokem.cz\/wp-content\/uploads\/2026\/09\/krista-spasitele-696x928.jpg 696w, https:\/\/loudavymkrokem.cz\/wp-content\/uploads\/2026\/09\/krista-spasitele-1392x1856.jpg 1392w\" sizes=\"(max-width: 1600px) 100vw, 1600px\" \/><button\n\t\t\tclass=\"lightbox-trigger\"\n\t\t\ttype=\"button\"\n\t\t\taria-haspopup=\"dialog\"\n\t\t\tdata-wp-bind--aria-label=\"state.thisImage.triggerButtonAriaLabel\"\n\t\t\tdata-wp-init=\"callbacks.initTriggerButton\"\n\t\t\tdata-wp-on--click=\"actions.showLightbox\"\n\t\t\tdata-wp-style--right=\"state.thisImage.buttonRight\"\n\t\t\tdata-wp-style--top=\"state.thisImage.buttonTop\"\n\t\t>\n\t\t\t<svg xmlns=\"http:\/\/www.w3.org\/2000\/svg\" width=\"12\" height=\"12\" fill=\"none\" viewBox=\"0 0 12 12\">\n\t\t\t\t<path fill=\"#fff\" d=\"M2 0a2 2 0 0 0-2 2v2h1.5V2a.5.5 0 0 1 .5-.5h2V0H2Zm2 10.5H2a.5.5 0 0 1-.5-.5V8H0v2a2 2 0 0 0 2 2h2v-1.5ZM8 12v-1.5h2a.5.5 0 0 0 .5-.5V8H12v2a2 2 0 0 1-2 2H8Zm2-12a2 2 0 0 1 2 2v2h-1.5V2a.5.5 0 0 0-.5-.5H8V0h2Z\" \/>\n\t\t\t<\/svg>\n\t\t<\/button><figcaption class=\"wp-element-caption\">Foto: Keryson Patrick Oliveira Belarmino \/ Google Maps<\/figcaption><\/figure>\n\n\n\n<h3 class=\"wp-block-heading\"><span class=\"ez-toc-section\" id=\"1_Statuia_lui_Iisus_Mantuitorul_Christ_the_Redeemer\"><\/span>1. Statuia lui Iisus M\u00e2ntuitorul (Christ the Redeemer)<span class=\"ez-toc-section-end\"><\/span><\/h3>\n\n\n\n<p class=\"wp-block-paragraph\">Aceast\u0103 icon\u0103 de treizeci de metri, care se \u00eenal\u021b\u0103 pe v\u00e2rful muntelui Corcovado, este f\u0103r\u0103 \u00eendoial\u0103 cel mai cunoscut simbol al \u00eentregii Brazilii. <strong>Statuia se afl\u0103 la o altitudine de 710 metri, iar norii o pot \u00eenv\u0103lui pentru o zi \u00eentreag\u0103<\/strong>, de aceea este absolut esen\u021bial s\u0103 vii aici doar atunci c\u00e2nd cerul de deasupra ora\u0219ului este senin \u0219i albastru. De sus vezi tot ora\u0219ul dintr-o dat\u0103 \u2014 golful Guanabara, p\u0103durile din jur \u0219i plajele \u00eendep\u0103rtate \u2014 iar la o vizibilitate bun\u0103 vei \u00een\u021belege de ce vin oamenii aici din toat\u0103 lumea.<\/p>\n\n\n\n<p class=\"wp-block-paragraph\">Interesant este c\u0103 spre acest obiectiv duc mai multe c\u0103i diferite, dintre care po\u021bi alege \u00een func\u021bie de buget \u0219i de condi\u021bia fizic\u0103. <strong>Varianta cea mai scump\u0103 \u0219i cea mai popular\u0103 este <a href=\"https:\/\/www.tremdocorcovado.rio\/\" rel=\"nofollow noopener\" target=\"_blank\">istoricul tren cu cremalier\u0103 Corcovado<\/a><\/strong>, ceva mai ieftin te cost\u0103 microbuzul oficial de la centrul de vizitatori Paineiras, iar cea mai ieftin\u0103 cale dintre toate este ascensiunea pe jos, destul de solicitant\u0103. Statuia din 1931 este o capodoper\u0103 \u00een stil art deco, iar bra\u021bele ei deschise \u00eei \u00eent\u00e2mpin\u0103 simbolic pe to\u021bi vizitatorii ora\u0219ului.<\/p>\n\n\n\n<p class=\"wp-block-paragraph\">\ud83d\udca1 Sfat: <strong>Dac\u0103 te decizi pentru drume\u021bie, aceasta porne\u0219te din superbul parc Parque Lage<\/strong> \u0219i urc\u0103 abrupt prin p\u0103durea deas\u0103. \u00ce\u021bi ia cam dou\u0103-trei ore, pe drum vei \u00eent\u00e2lni probabil maimu\u021be curioase, dar are nevoie de \u00eenc\u0103l\u021b\u0103minte solid\u0103 \u0219i de suficient\u0103 ap\u0103 de b\u0103ut, pentru c\u0103 urcarea \u00een umezeala tropical\u0103 este chiar epuizant\u0103.<\/p>\n\n\n\n<figure data-wp-context=\"{&quot;imageId&quot;:&quot;6a9c4ed0f30ad&quot;}\" data-wp-interactive=\"core\/image\" data-wp-key=\"6a9c4ed0f30ad\" class=\"wp-block-image size-full wp-lightbox-container\"><img decoding=\"async\" width=\"640\" height=\"480\" data-wp-class--hide=\"state.isContentHidden\" data-wp-class--show=\"state.isContentVisible\" data-wp-init=\"callbacks.setButtonStyles\" data-wp-on--click=\"actions.showLightbox\" data-wp-on--load=\"callbacks.setButtonStyles\" data-wp-on--pointerdown=\"actions.preloadImage\" data-wp-on--pointerenter=\"actions.preloadImageWithDelay\" data-wp-on--pointerleave=\"actions.cancelPreload\" data-wp-on-window--resize=\"callbacks.setButtonStyles\" src=\"https:\/\/loudavymkrokem.cz\/wp-content\/uploads\/2026\/09\/na-cukrovou-homoli.jpg\" alt=\"Telecabina spre P\u00e2inea de Zah\u0103r (P\u00e3o de A\u00e7\u00facar)\" class=\"wp-image-413170\" title=\"\" srcset=\"https:\/\/loudavymkrokem.cz\/wp-content\/uploads\/2026\/09\/na-cukrovou-homoli.jpg 640w, https:\/\/loudavymkrokem.cz\/wp-content\/uploads\/2026\/09\/na-cukrovou-homoli-300x225.jpg 300w, https:\/\/loudavymkrokem.cz\/wp-content\/uploads\/2026\/09\/na-cukrovou-homoli-80x60.jpg 80w, https:\/\/loudavymkrokem.cz\/wp-content\/uploads\/2026\/09\/na-cukrovou-homoli-160x120.jpg 160w\" sizes=\"(max-width: 640px) 100vw, 640px\" \/><button\n\t\t\tclass=\"lightbox-trigger\"\n\t\t\ttype=\"button\"\n\t\t\taria-haspopup=\"dialog\"\n\t\t\tdata-wp-bind--aria-label=\"state.thisImage.triggerButtonAriaLabel\"\n\t\t\tdata-wp-init=\"callbacks.initTriggerButton\"\n\t\t\tdata-wp-on--click=\"actions.showLightbox\"\n\t\t\tdata-wp-style--right=\"state.thisImage.buttonRight\"\n\t\t\tdata-wp-style--top=\"state.thisImage.buttonTop\"\n\t\t>\n\t\t\t<svg xmlns=\"http:\/\/www.w3.org\/2000\/svg\" width=\"12\" height=\"12\" fill=\"none\" viewBox=\"0 0 12 12\">\n\t\t\t\t<path fill=\"#fff\" d=\"M2 0a2 2 0 0 0-2 2v2h1.5V2a.5.5 0 0 1 .5-.5h2V0H2Zm2 10.5H2a.5.5 0 0 1-.5-.5V8H0v2a2 2 0 0 0 2 2h2v-1.5ZM8 12v-1.5h2a.5.5 0 0 0 .5-.5V8H12v2a2 2 0 0 1-2 2H8Zm2-12a2 2 0 0 1 2 2v2h-1.5V2a.5.5 0 0 0-.5-.5H8V0h2Z\" \/>\n\t\t\t<\/svg>\n\t\t<\/button><figcaption class=\"wp-element-caption\">Foto: S\u00f3 Jesus salvar \/ Google Maps<\/figcaption><\/figure>\n\n\n\n<h3 class=\"wp-block-heading\"><span class=\"ez-toc-section\" id=\"2_Telecabina_spre_Painea_de_Zahar_Pao_de_Acucar\"><\/span>2. Telecabina spre P\u00e2inea de Zah\u0103r (P\u00e3o de A\u00e7\u00facar)<span class=\"ez-toc-section-end\"><\/span><\/h3>\n\n\n\n<p class=\"wp-block-paragraph\">Al doilea cel mai important punct de belvedere al ora\u0219ului este un uria\u0219 monolit de granit, care se ridic\u0103 abrupt direct din apele oceanului. <strong><a href=\"https:\/\/bondinho.com.br\/\" rel=\"nofollow noopener\" target=\"_blank\">Telecabina cu pere\u021bi de sticl\u0103<\/a> te urc\u0103 sus \u00een dou\u0103 tronsoane separate<\/strong>, iar deja din prima sta\u021bie de transfer, de pe dealul Morro da Urca, se deschide o priveli\u0219te fantastic\u0103 spre iahturile ancorate \u0219i avioanele care aterizeaz\u0103. Pe \u00eensu\u0219i v\u00e2rful P\u00e2inii de Zah\u0103r te vei afla apoi la o altitudine de 396 de metri \u0219i vei avea la picioare tot ora\u0219ul, \u00eempreun\u0103 cu statuia lui Iisus din fa\u021b\u0103.<\/p>\n\n\n\n<p class=\"wp-block-paragraph\">Aceast\u0103 minune geologic\u0103 este \u00eenconjurat\u0103 de o vegeta\u021bie luxuriant\u0103 \u0219i adesea po\u021bi observa aici micu\u021be maimu\u021be uistiti, care \u021bop\u0103ie vesele prin coroanele copacilor. <strong>\u00centregul masiv func\u021bioneaz\u0103 ca un mare monument natural<\/strong>, a\u0219a c\u0103, de\u0219i diverse h\u0103r\u021bi arat\u0103 telecabina \u0219i dealul ca locuri separate, este vorba de o singur\u0103 experien\u021b\u0103 compact\u0103. Priveli\u0219tea de aici este de-a dreptul magic\u0103 mai ales la sf\u00e2r\u0219itul dup\u0103-amiezei, c\u00e2nd soarele apune \u00eencet \u00een spatele v\u00e2rfurilor \u00eenalte ale parcului na\u021bional Tijuca, iar ora\u0219ul \u00eencepe s\u0103 se aprind\u0103.<\/p>\n\n\n\n<p class=\"wp-block-paragraph\">\ud83d\udca1 Sfat: <strong>Dac\u0103 vrei s\u0103 economise\u0219ti considerabil la biletul destul de scump, folose\u0219te poteca Trilha do Morro da Urca<\/strong>, pe care po\u021bi parcurge primul tronson pe jos prin jungl\u0103 \u00een aproximativ patruzeci de minute. Sus \u00ee\u021bi cumperi apoi bilet doar pentru al doilea segment, cel spre v\u00e2rf, reduc\u00e2nd astfel costul total la jum\u0103tate \u0219i evit\u00e2nd, \u00een plus, cozile lungi de jos, de la case.<\/p>\n\n\n\n<figure data-wp-context=\"{&quot;imageId&quot;:&quot;6a9c4ed0f3632&quot;}\" data-wp-interactive=\"core\/image\" data-wp-key=\"6a9c4ed0f3632\" class=\"wp-block-image size-full wp-lightbox-container\"><img decoding=\"async\" width=\"1200\" height=\"675\" data-wp-class--hide=\"state.isContentHidden\" data-wp-class--show=\"state.isContentVisible\" data-wp-init=\"callbacks.setButtonStyles\" data-wp-on--click=\"actions.showLightbox\" data-wp-on--load=\"callbacks.setButtonStyles\" data-wp-on--pointerdown=\"actions.preloadImage\" data-wp-on--pointerenter=\"actions.preloadImageWithDelay\" data-wp-on--pointerleave=\"actions.cancelPreload\" data-wp-on-window--resize=\"callbacks.setButtonStyles\" src=\"https:\/\/loudavymkrokem.cz\/wp-content\/uploads\/2026\/09\/copacabana.jpg\" alt=\"Plaja Copacabana \u0219i Forte de Copacabana\" class=\"wp-image-413175\" title=\"\" srcset=\"https:\/\/loudavymkrokem.cz\/wp-content\/uploads\/2026\/09\/copacabana.jpg 1200w, https:\/\/loudavymkrokem.cz\/wp-content\/uploads\/2026\/09\/copacabana-300x169.jpg 300w, https:\/\/loudavymkrokem.cz\/wp-content\/uploads\/2026\/09\/copacabana-700x394.jpg 700w, https:\/\/loudavymkrokem.cz\/wp-content\/uploads\/2026\/09\/copacabana-768x432.jpg 768w, https:\/\/loudavymkrokem.cz\/wp-content\/uploads\/2026\/09\/copacabana-696x392.jpg 696w\" sizes=\"(max-width: 1200px) 100vw, 1200px\" \/><button\n\t\t\tclass=\"lightbox-trigger\"\n\t\t\ttype=\"button\"\n\t\t\taria-haspopup=\"dialog\"\n\t\t\tdata-wp-bind--aria-label=\"state.thisImage.triggerButtonAriaLabel\"\n\t\t\tdata-wp-init=\"callbacks.initTriggerButton\"\n\t\t\tdata-wp-on--click=\"actions.showLightbox\"\n\t\t\tdata-wp-style--right=\"state.thisImage.buttonRight\"\n\t\t\tdata-wp-style--top=\"state.thisImage.buttonTop\"\n\t\t>\n\t\t\t<svg xmlns=\"http:\/\/www.w3.org\/2000\/svg\" width=\"12\" height=\"12\" fill=\"none\" viewBox=\"0 0 12 12\">\n\t\t\t\t<path fill=\"#fff\" d=\"M2 0a2 2 0 0 0-2 2v2h1.5V2a.5.5 0 0 1 .5-.5h2V0H2Zm2 10.5H2a.5.5 0 0 1-.5-.5V8H0v2a2 2 0 0 0 2 2h2v-1.5ZM8 12v-1.5h2a.5.5 0 0 0 .5-.5V8H12v2a2 2 0 0 1-2 2H8Zm2-12a2 2 0 0 1 2 2v2h-1.5V2a.5.5 0 0 0-.5-.5H8V0h2Z\" \/>\n\t\t\t<\/svg>\n\t\t<\/button><figcaption class=\"wp-element-caption\">Foto: Alby Set \/ Google Maps<\/figcaption><\/figure>\n\n\n\n<h3 class=\"wp-block-heading\"><span class=\"ez-toc-section\" id=\"3_Plaja_Copacabana_si_Forte_de_Copacabana\"><\/span>3. Plaja Copacabana \u0219i Forte de Copacabana<span class=\"ez-toc-section-end\"><\/span><\/h3>\n\n\n\n<p class=\"wp-block-paragraph\">Probabil c\u0103 pe lume nu exist\u0103 o f\u00e2\u0219ie de nisip mai celebr\u0103 dec\u00e2t acest tronson lung de trei kilometri \u0219i jum\u0103tate, m\u0103rginit de iconicul pavaj ondulat alb-negru. <strong>Copacabana reprezint\u0103 inima puls\u00e2nd\u0103 a \u00eentregului Rio<\/strong>, unde de diminea\u021ba devreme p\u00e2n\u0103 seara t\u00e2rziu se joac\u0103 volei pe plaj\u0103, se beau b\u0103uturi r\u0103coritoare de la chio\u0219curi \u0219i localnicii se \u00eent\u00e2lnesc cu turi\u0219ti din toat\u0103 lumea. Valurile sunt aici destul de puternice, dar f\u00e2\u0219ia larg\u0103 de nisip fin ofer\u0103 destul spa\u021biu pentru plaj\u0103 comod\u0103 \u0219i plimb\u0103ri lungi.<\/p>\n\n\n\n<p class=\"wp-block-paragraph\">La cap\u0103tul de sud al plajei se \u00eenal\u021b\u0103 m\u00e2ndr\u0103 o fort\u0103rea\u021b\u0103 militar\u0103 istoric\u0103 de la \u00eenceputul secolului al XX-lea, care ast\u0103zi func\u021bioneaz\u0103 ca un muzeu fascinant. <strong>Forte de Copacabana ofer\u0103 o priveli\u0219te absolut perfect\u0103 spre \u00eentreaga lungime a plajei<\/strong>, p\u00e2n\u0103 la maiestuoasa P\u00e2ine de Zah\u0103r din dep\u0103rtare. \u00cen interiorul incintei po\u021bi vedea tunuri p\u0103strate, uniforme istorice \u0219i fotografii vechi care cartografiaz\u0103 istoria militar\u0103 \u00eenc\u00e2lcit\u0103 a acestei uria\u0219e \u021b\u0103ri sud-americane.<\/p>\n\n\n\n<p class=\"wp-block-paragraph\">\ud83d\udca1 Sfat: <strong>\u00cen interiorul fort\u0103re\u021bei g\u0103se\u0219ti celebra cafenea Confeitaria Colombo<\/strong>, unde po\u021bi sta pe terasa exterioar\u0103, po\u021bi comanda o cafea excelent\u0103 cu o br\u00e2nzoaic\u0103 p\u00e3o de queijo \u0219i te po\u021bi bucura de o lini\u0219te deplin\u0103, departe de aglomera\u021bia de pe plaj\u0103. Nu uita \u00eens\u0103 c\u0103 pe promenad\u0103 se umbl\u0103 doar ziua, iar pe \u00eentuneric mai bine alege deplasarea cu taxiul.<\/p>\n\n\n\n<figure data-wp-context=\"{&quot;imageId&quot;:&quot;6a9c4ed0f3bae&quot;}\" data-wp-interactive=\"core\/image\" data-wp-key=\"6a9c4ed0f3bae\" class=\"wp-block-image size-full wp-lightbox-container\"><img decoding=\"async\" width=\"1200\" height=\"900\" data-wp-class--hide=\"state.isContentHidden\" data-wp-class--show=\"state.isContentVisible\" data-wp-init=\"callbacks.setButtonStyles\" data-wp-on--click=\"actions.showLightbox\" data-wp-on--load=\"callbacks.setButtonStyles\" data-wp-on--pointerdown=\"actions.preloadImage\" data-wp-on--pointerenter=\"actions.preloadImageWithDelay\" data-wp-on--pointerleave=\"actions.cancelPreload\" data-wp-on-window--resize=\"callbacks.setButtonStyles\" src=\"https:\/\/loudavymkrokem.cz\/wp-content\/uploads\/2026\/09\/ipanema.jpg\" alt=\"Plaja Ipanema \u0219i sistemul posturilor de salvamar\" class=\"wp-image-413179\" title=\"\" srcset=\"https:\/\/loudavymkrokem.cz\/wp-content\/uploads\/2026\/09\/ipanema.jpg 1200w, https:\/\/loudavymkrokem.cz\/wp-content\/uploads\/2026\/09\/ipanema-300x225.jpg 300w, https:\/\/loudavymkrokem.cz\/wp-content\/uploads\/2026\/09\/ipanema-700x525.jpg 700w, https:\/\/loudavymkrokem.cz\/wp-content\/uploads\/2026\/09\/ipanema-768x576.jpg 768w, https:\/\/loudavymkrokem.cz\/wp-content\/uploads\/2026\/09\/ipanema-80x60.jpg 80w, https:\/\/loudavymkrokem.cz\/wp-content\/uploads\/2026\/09\/ipanema-160x120.jpg 160w, https:\/\/loudavymkrokem.cz\/wp-content\/uploads\/2026\/09\/ipanema-696x522.jpg 696w\" sizes=\"(max-width: 1200px) 100vw, 1200px\" \/><button\n\t\t\tclass=\"lightbox-trigger\"\n\t\t\ttype=\"button\"\n\t\t\taria-haspopup=\"dialog\"\n\t\t\tdata-wp-bind--aria-label=\"state.thisImage.triggerButtonAriaLabel\"\n\t\t\tdata-wp-init=\"callbacks.initTriggerButton\"\n\t\t\tdata-wp-on--click=\"actions.showLightbox\"\n\t\t\tdata-wp-style--right=\"state.thisImage.buttonRight\"\n\t\t\tdata-wp-style--top=\"state.thisImage.buttonTop\"\n\t\t>\n\t\t\t<svg xmlns=\"http:\/\/www.w3.org\/2000\/svg\" width=\"12\" height=\"12\" fill=\"none\" viewBox=\"0 0 12 12\">\n\t\t\t\t<path fill=\"#fff\" d=\"M2 0a2 2 0 0 0-2 2v2h1.5V2a.5.5 0 0 1 .5-.5h2V0H2Zm2 10.5H2a.5.5 0 0 1-.5-.5V8H0v2a2 2 0 0 0 2 2h2v-1.5ZM8 12v-1.5h2a.5.5 0 0 0 .5-.5V8H12v2a2 2 0 0 1-2 2H8Zm2-12a2 2 0 0 1 2 2v2h-1.5V2a.5.5 0 0 0-.5-.5H8V0h2Z\" \/>\n\t\t\t<\/svg>\n\t\t<\/button><figcaption class=\"wp-element-caption\">Foto: Alby Set \/ Google Maps<\/figcaption><\/figure>\n\n\n\n<h3 class=\"wp-block-heading\"><span class=\"ez-toc-section\" id=\"4_Plaja_Ipanema_si_sistemul_posturilor_de_salvamar\"><\/span>4. Plaja Ipanema \u0219i sistemul posturilor de salvamar<span class=\"ez-toc-section-end\"><\/span><\/h3>\n\n\n\n<p class=\"wp-block-paragraph\">Dac\u0103 Copacabana reprezint\u0103 turismul de mas\u0103, Ipanema este simbolul elegan\u021bei, al modei \u0219i al unui stil de via\u021b\u0103 relaxat de plaj\u0103. <strong>Aceast\u0103 plaj\u0103 este renumit\u0103 pentru apa sa incredibil de curat\u0103 \u0219i pentru priveli\u0219tile superbe spre mun\u021bii Dois Irm\u00e3os<\/strong>, care formeaz\u0103 un decor perfect pentru orice fotografie. Nisipul este aici ceva mai fin, iar atmosfera general\u0103 atrage mai degrab\u0103 genera\u021bia t\u00e2n\u0103r\u0103, arti\u0219tii \u0219i iubitorii de design, care se str\u00e2ng aici din str\u0103du\u021bele cu buticuri din apropiere.<\/p>\n\n\n\n<p class=\"wp-block-paragraph\">Pentru orientarea pe litoralul lung, localnicii folosesc a\u0219a-numitele postos, adic\u0103 posturi de salvamar numerotate, pres\u0103rate la distan\u021be regulate. <strong>Cel mai celebru punct este, f\u0103r\u0103 \u00eendoial\u0103, Posto 9 din Ipanema<\/strong>, care func\u021bioneaz\u0103 istoric ca principal centru de \u00eent\u00e2lnire, unde oamenii vin s\u0103 se distreze, s\u0103-\u0219i etaleze noile costume de baie \u0219i s\u0103 discute despre via\u021b\u0103. Fiecare posto are atmosfera lui specific\u0103 \u0219i atrage un grup u\u0219or diferit de oameni, de la familii cu copii p\u00e2n\u0103 la sportivi pasiona\u021bi.<\/p>\n\n\n\n<p class=\"wp-block-paragraph\">\ud83d\udca1 Sfat: <strong>C\u00e2nd te apuc\u0103 foamea, nici m\u0103car nu trebuie s\u0103 p\u0103r\u0103se\u0219ti plaja, \u00ee\u021bi ajunge s\u0103 cumperi de la v\u00e2nz\u0103torii de pe plaj\u0103 o cup\u0103 de a\u00e7a\u00ed \u00eenghe\u021bat<\/strong>, adic\u0103 o past\u0103 dens\u0103 \u0219i violet\u0103 din palmieri amazonieni, pres\u0103rat\u0103 cu granola crocant\u0103 \u0219i banan\u0103. Este o bun\u0103tate perfect\u0103, r\u0103coritoare \u0219i complet f\u0103r\u0103 carne, care \u00een c\u0103ldura tropical\u0103 \u00ee\u021bi d\u0103 imediat energia necesar\u0103 pentru o nou\u0103 baie.<\/p>\n\n\n\n<figure data-wp-context=\"{&quot;imageId&quot;:&quot;6a9c4ed1001ba&quot;}\" data-wp-interactive=\"core\/image\" data-wp-key=\"6a9c4ed1001ba\" class=\"wp-block-image size-full wp-lightbox-container\"><img decoding=\"async\" width=\"1600\" height=\"739\" data-wp-class--hide=\"state.isContentHidden\" data-wp-class--show=\"state.isContentVisible\" data-wp-init=\"callbacks.setButtonStyles\" data-wp-on--click=\"actions.showLightbox\" data-wp-on--load=\"callbacks.setButtonStyles\" data-wp-on--pointerdown=\"actions.preloadImage\" data-wp-on--pointerenter=\"actions.preloadImageWithDelay\" data-wp-on--pointerleave=\"actions.cancelPreload\" data-wp-on-window--resize=\"callbacks.setButtonStyles\" src=\"https:\/\/loudavymkrokem.cz\/wp-content\/uploads\/2026\/09\/leblon.jpg\" alt=\"Plaja Leblon \u0219i belvederea Mirante do Leblon\" class=\"wp-image-413183\" title=\"\" srcset=\"https:\/\/loudavymkrokem.cz\/wp-content\/uploads\/2026\/09\/leblon.jpg 1600w, https:\/\/loudavymkrokem.cz\/wp-content\/uploads\/2026\/09\/leblon-300x139.jpg 300w, https:\/\/loudavymkrokem.cz\/wp-content\/uploads\/2026\/09\/leblon-700x323.jpg 700w, https:\/\/loudavymkrokem.cz\/wp-content\/uploads\/2026\/09\/leblon-768x355.jpg 768w, https:\/\/loudavymkrokem.cz\/wp-content\/uploads\/2026\/09\/leblon-1536x709.jpg 1536w, https:\/\/loudavymkrokem.cz\/wp-content\/uploads\/2026\/09\/leblon-696x321.jpg 696w, https:\/\/loudavymkrokem.cz\/wp-content\/uploads\/2026\/09\/leblon-1392x643.jpg 1392w\" sizes=\"(max-width: 1600px) 100vw, 1600px\" \/><button\n\t\t\tclass=\"lightbox-trigger\"\n\t\t\ttype=\"button\"\n\t\t\taria-haspopup=\"dialog\"\n\t\t\tdata-wp-bind--aria-label=\"state.thisImage.triggerButtonAriaLabel\"\n\t\t\tdata-wp-init=\"callbacks.initTriggerButton\"\n\t\t\tdata-wp-on--click=\"actions.showLightbox\"\n\t\t\tdata-wp-style--right=\"state.thisImage.buttonRight\"\n\t\t\tdata-wp-style--top=\"state.thisImage.buttonTop\"\n\t\t>\n\t\t\t<svg xmlns=\"http:\/\/www.w3.org\/2000\/svg\" width=\"12\" height=\"12\" fill=\"none\" viewBox=\"0 0 12 12\">\n\t\t\t\t<path fill=\"#fff\" d=\"M2 0a2 2 0 0 0-2 2v2h1.5V2a.5.5 0 0 1 .5-.5h2V0H2Zm2 10.5H2a.5.5 0 0 1-.5-.5V8H0v2a2 2 0 0 0 2 2h2v-1.5ZM8 12v-1.5h2a.5.5 0 0 0 .5-.5V8H12v2a2 2 0 0 1-2 2H8Zm2-12a2 2 0 0 1 2 2v2h-1.5V2a.5.5 0 0 0-.5-.5H8V0h2Z\" \/>\n\t\t\t<\/svg>\n\t\t<\/button><figcaption class=\"wp-element-caption\">Foto: Cassiano Neto \/ Google Maps<\/figcaption><\/figure>\n\n\n\n<h3 class=\"wp-block-heading\"><span class=\"ez-toc-section\" id=\"5_Plaja_Leblon_si_belvederea_Mirante_do_Leblon\"><\/span>5. Plaja Leblon \u0219i belvederea Mirante do Leblon<span class=\"ez-toc-section-end\"><\/span><\/h3>\n\n\n\n<p class=\"wp-block-paragraph\">Imediat dincolo de canalul care o desparte de Ipanema se \u00eentinde exclusivistul cartier Leblon, cu propria plaj\u0103, mult mai lini\u0219tit\u0103. <strong>Leblon este considerat cea mai sigur\u0103 \u0219i cea mai prestigioas\u0103 parte a \u00eentregului ora\u0219<\/strong>, ceea ce se reflect\u0103 nu doar \u00een statistica de zero infrac\u021biuni grave, ci \u0219i \u00een \u00eengrijirea chio\u0219curilor locale \u0219i \u00een cur\u0103\u021benia \u00eentregii faleze. Plaja este domeniul reziden\u021bilor locali, al familiilor cu copii \u0219i al persoanelor cunoscute, care vin aici s\u0103 se relaxeze sub umbrele, departe de agita\u021bia turistic\u0103 cea mai mare.<\/p>\n\n\n\n<p class=\"wp-block-paragraph\">Chiar la cap\u0103tul plajei, acolo unde \u0219oseaua \u00eencepe s\u0103 urce \u00een dealuri abrupte, g\u0103se\u0219ti o superb\u0103 teras\u0103 din lemn care se ridic\u0103 deasupra oceanului vuind. <strong>Belvederea Mirante do Leblon \u00ee\u021bi ofer\u0103 o priveli\u0219te iconic\u0103 spre \u00eentreaga lungime a plajelor Leblon \u0219i Ipanema<\/strong>, m\u0103rginite de palmieri \u0219i de cl\u0103diri moderne \u00eenalte. Mai ales dup\u0103-amiaza vin aici oameni cu bicicletele, ca s\u0103 cumpere de la mici tarabe ap\u0103 de cocos rece \u0219i s\u0103 priveasc\u0103 ora\u0219ul cum se preg\u0103te\u0219te \u00eencet de somn.<\/p>\n\n\n\n<p class=\"wp-block-paragraph\">\ud83d\udca1 Sfat: <strong>Chiar \u00een belvedere func\u021bioneaz\u0103 c\u00e2teva baruri mici, unde po\u021bi lua un suc proasp\u0103t din fructe tropicale<\/strong> \u0219i po\u021bi asculta murmurul valurilor uria\u0219e care se sparg de st\u00e2nci chiar sub tine. Este un loc ideal pentru a \u00eencheia romantic o zi lung\u0103, iar \u00een plus ajungi aici de pe plaj\u0103 printr-o plimbare comod\u0103 pe promenada sigur\u0103.<\/p>\n\n\n\n<figure data-wp-context=\"{&quot;imageId&quot;:&quot;6a9c4ed1009a9&quot;}\" data-wp-interactive=\"core\/image\" data-wp-key=\"6a9c4ed1009a9\" class=\"wp-block-image size-full wp-lightbox-container\"><img decoding=\"async\" width=\"1600\" height=\"1068\" data-wp-class--hide=\"state.isContentHidden\" data-wp-class--show=\"state.isContentVisible\" data-wp-init=\"callbacks.setButtonStyles\" data-wp-on--click=\"actions.showLightbox\" data-wp-on--load=\"callbacks.setButtonStyles\" data-wp-on--pointerdown=\"actions.preloadImage\" data-wp-on--pointerenter=\"actions.preloadImageWithDelay\" data-wp-on--pointerleave=\"actions.cancelPreload\" data-wp-on-window--resize=\"callbacks.setButtonStyles\" src=\"https:\/\/loudavymkrokem.cz\/wp-content\/uploads\/2026\/09\/pedra-do-arpoador.jpg\" alt=\"Promontoriul st\u00e2ncos Pedra do Arpoador\" class=\"wp-image-413187\" title=\"\" srcset=\"https:\/\/loudavymkrokem.cz\/wp-content\/uploads\/2026\/09\/pedra-do-arpoador.jpg 1600w, https:\/\/loudavymkrokem.cz\/wp-content\/uploads\/2026\/09\/pedra-do-arpoador-300x200.jpg 300w, https:\/\/loudavymkrokem.cz\/wp-content\/uploads\/2026\/09\/pedra-do-arpoador-700x467.jpg 700w, https:\/\/loudavymkrokem.cz\/wp-content\/uploads\/2026\/09\/pedra-do-arpoador-768x513.jpg 768w, https:\/\/loudavymkrokem.cz\/wp-content\/uploads\/2026\/09\/pedra-do-arpoador-1536x1025.jpg 1536w, https:\/\/loudavymkrokem.cz\/wp-content\/uploads\/2026\/09\/pedra-do-arpoador-696x465.jpg 696w, https:\/\/loudavymkrokem.cz\/wp-content\/uploads\/2026\/09\/pedra-do-arpoador-1392x929.jpg 1392w\" sizes=\"(max-width: 1600px) 100vw, 1600px\" \/><button\n\t\t\tclass=\"lightbox-trigger\"\n\t\t\ttype=\"button\"\n\t\t\taria-haspopup=\"dialog\"\n\t\t\tdata-wp-bind--aria-label=\"state.thisImage.triggerButtonAriaLabel\"\n\t\t\tdata-wp-init=\"callbacks.initTriggerButton\"\n\t\t\tdata-wp-on--click=\"actions.showLightbox\"\n\t\t\tdata-wp-style--right=\"state.thisImage.buttonRight\"\n\t\t\tdata-wp-style--top=\"state.thisImage.buttonTop\"\n\t\t>\n\t\t\t<svg xmlns=\"http:\/\/www.w3.org\/2000\/svg\" width=\"12\" height=\"12\" fill=\"none\" viewBox=\"0 0 12 12\">\n\t\t\t\t<path fill=\"#fff\" d=\"M2 0a2 2 0 0 0-2 2v2h1.5V2a.5.5 0 0 1 .5-.5h2V0H2Zm2 10.5H2a.5.5 0 0 1-.5-.5V8H0v2a2 2 0 0 0 2 2h2v-1.5ZM8 12v-1.5h2a.5.5 0 0 0 .5-.5V8H12v2a2 2 0 0 1-2 2H8Zm2-12a2 2 0 0 1 2 2v2h-1.5V2a.5.5 0 0 0-.5-.5H8V0h2Z\" \/>\n\t\t\t<\/svg>\n\t\t<\/button><figcaption class=\"wp-element-caption\">Foto: Maur\u00edcio Moreno \/ Google Maps<\/figcaption><\/figure>\n\n\n\n<h3 class=\"wp-block-heading\"><span class=\"ez-toc-section\" id=\"6_Promontoriul_stancos_Pedra_do_Arpoador\"><\/span>6. Promontoriul st\u00e2ncos Pedra do Arpoador<span class=\"ez-toc-section-end\"><\/span><\/h3>\n\n\n\n<p class=\"wp-block-paragraph\">\u00centre aglomerata Copacabana \u0219i eleganta Ipanema se av\u00e2nt\u0103 ad\u00e2nc \u00een ocean un uria\u0219 masiv st\u00e2ncos, care formeaz\u0103 grani\u021ba natural\u0103 dintre cele dou\u0103 golfuri. <strong>Pedra do Arpoador este o legend\u0103 absolut\u0103 printre surferi<\/strong>, pentru c\u0103 tocmai aici se sparg cele mai bune \u0219i mai constante valuri din tot ora\u0219ul. Ziua po\u021bi privi de pe st\u00e2nci zeci de sportivi cum \u00eembl\u00e2nzesc cu m\u0103iestrie stihia m\u0103rii, \u00een timp ce te sprijini de piatra cald\u0103 \u0219i inspiri aerul s\u0103rat al oceanului.<\/p>\n\n\n\n<p class=\"wp-block-paragraph\">\u00cens\u0103 spectacolul cel mare \u00eencepe aici abia seara, c\u00e2nd st\u00e2ncile se umplu de sute de oameni cu un singur \u021bel comun. <strong>Tradi\u021bia cere ca, de \u00eendat\u0103 ce soarele apune \u00een spatele maiestuosului munte Dois Irm\u00e3os, \u00eentreaga mul\u021bime s\u0103 \u00eenceap\u0103 s\u0103 aplaude entuziasmat\u0103<\/strong>, mul\u021bumind astfel naturii pentru \u00eenc\u0103 o zi minunat\u0103 \u00een acest ora\u0219 paradiziac. Este o experien\u021b\u0103 incredibil de puternic\u0103 \u0219i emo\u021bionant\u0103, care surprinde perfect firea cald\u0103 \u0219i vesel\u0103 a brazilienilor, de care te vei \u00eendr\u0103gosti imediat.<\/p>\n\n\n\n<p class=\"wp-block-paragraph\">\ud83d\udca1 Sfat: <strong>Vino aici cu cel pu\u021bin o or\u0103 \u00eenainte de apusul propriu-zis, ca s\u0103-\u021bi prinzi un loc bun de stat<\/strong>, pentru c\u0103 st\u00e2ncile sunt de obicei pline ochi. La \u00eentoarcere merit\u0103 s\u0103 te aba\u021bi \u00eentr-unul dintre restaurantele japoneze sau italiene din zon\u0103 \u2014 dac\u0103 nu e\u0219ti pofticios de carne, aici o s\u0103-\u021bi fie pe plac.<\/p>\n\n\n\n<figure data-wp-context=\"{&quot;imageId&quot;:&quot;6a9c4ed100ee9&quot;}\" data-wp-interactive=\"core\/image\" data-wp-key=\"6a9c4ed100ee9\" class=\"wp-block-image size-full wp-lightbox-container\"><img decoding=\"async\" width=\"1254\" height=\"836\" data-wp-class--hide=\"state.isContentHidden\" data-wp-class--show=\"state.isContentVisible\" data-wp-init=\"callbacks.setButtonStyles\" data-wp-on--click=\"actions.showLightbox\" data-wp-on--load=\"callbacks.setButtonStyles\" data-wp-on--pointerdown=\"actions.preloadImage\" data-wp-on--pointerenter=\"actions.preloadImageWithDelay\" data-wp-on--pointerleave=\"actions.cancelPreload\" data-wp-on-window--resize=\"callbacks.setButtonStyles\" src=\"https:\/\/loudavymkrokem.cz\/wp-content\/uploads\/2026\/09\/escadaria-selar-n.jpg\" alt=\"Scara Escadaria Selar\u00f3n\" class=\"wp-image-413192\" title=\"\" srcset=\"https:\/\/loudavymkrokem.cz\/wp-content\/uploads\/2026\/09\/escadaria-selar-n.jpg 1254w, https:\/\/loudavymkrokem.cz\/wp-content\/uploads\/2026\/09\/escadaria-selar-n-300x200.jpg 300w, https:\/\/loudavymkrokem.cz\/wp-content\/uploads\/2026\/09\/escadaria-selar-n-700x467.jpg 700w, https:\/\/loudavymkrokem.cz\/wp-content\/uploads\/2026\/09\/escadaria-selar-n-768x512.jpg 768w, https:\/\/loudavymkrokem.cz\/wp-content\/uploads\/2026\/09\/escadaria-selar-n-696x464.jpg 696w\" sizes=\"(max-width: 1254px) 100vw, 1254px\" \/><button\n\t\t\tclass=\"lightbox-trigger\"\n\t\t\ttype=\"button\"\n\t\t\taria-haspopup=\"dialog\"\n\t\t\tdata-wp-bind--aria-label=\"state.thisImage.triggerButtonAriaLabel\"\n\t\t\tdata-wp-init=\"callbacks.initTriggerButton\"\n\t\t\tdata-wp-on--click=\"actions.showLightbox\"\n\t\t\tdata-wp-style--right=\"state.thisImage.buttonRight\"\n\t\t\tdata-wp-style--top=\"state.thisImage.buttonTop\"\n\t\t>\n\t\t\t<svg xmlns=\"http:\/\/www.w3.org\/2000\/svg\" width=\"12\" height=\"12\" fill=\"none\" viewBox=\"0 0 12 12\">\n\t\t\t\t<path fill=\"#fff\" d=\"M2 0a2 2 0 0 0-2 2v2h1.5V2a.5.5 0 0 1 .5-.5h2V0H2Zm2 10.5H2a.5.5 0 0 1-.5-.5V8H0v2a2 2 0 0 0 2 2h2v-1.5ZM8 12v-1.5h2a.5.5 0 0 0 .5-.5V8H12v2a2 2 0 0 1-2 2H8Zm2-12a2 2 0 0 1 2 2v2h-1.5V2a.5.5 0 0 0-.5-.5H8V0h2Z\" \/>\n\t\t\t<\/svg>\n\t\t<\/button><figcaption class=\"wp-element-caption\">Foto: Imanol Gallego \/ Google Maps<\/figcaption><\/figure>\n\n\n\n<h3 class=\"wp-block-heading\"><span class=\"ez-toc-section\" id=\"7_Scara_Escadaria_Selaron\"><\/span>7. Scara Escadaria Selar\u00f3n<span class=\"ez-toc-section-end\"><\/span><\/h3>\n\n\n\n<p class=\"wp-block-paragraph\">\u00cen boemul cartier Lapa vei da peste o scar\u0103 pe care o recuno\u0219ti imediat de pe Instagram \u2014 chiar dac\u0103 nu-i \u0219tii numele. <strong>Escadaria Selar\u00f3n este o scar\u0103 monumental\u0103 de dou\u0103 sute cincisprezece trepte<\/strong>, pe care artistul chilian Jorge Selar\u00f3n le-a placat treptat cu mii de pl\u0103cu\u021be viu colorate din toat\u0103 lumea. \u0218i-a creat opera vie\u021bii timp de peste dou\u0103zeci de ani, \u00een cinstea poporului brazilian, iar ast\u0103zi acest coridor multicolor este o obliga\u021bie absolut\u0103 pentru orice vizitator al ora\u0219ului.<\/p>\n\n\n\n<p class=\"wp-block-paragraph\">Cercet\u00e2nd cu aten\u021bie, vei descoperi c\u0103 pl\u0103cu\u021bele provin din peste \u0219aizeci de \u021b\u0103ri ale lumii, iar multe dintre ele i le-au trimis chiar admiratorii muncii lui neobosite. <strong>Fiecare bucat\u0103 de ceramic\u0103 \u00ee\u0219i spune propria poveste, iar \u00eentregul mozaic se transform\u0103 necontenit<\/strong>, pe m\u0103sur\u0103 ce urci tot mai sus, spre cartierul de arti\u0219ti Santa Teresa. Atmosfera locului este adesea completat\u0103 de muzican\u021bi stradali \u0219i de v\u00e2nz\u0103tori de mici suveniruri, care dau sc\u0103rii un colorit local autentic.<\/p>\n\n\n\n<p class=\"wp-block-paragraph\">\ud83d\udca1 Sfat: <strong>Vino aici de diminea\u021b\u0103 devreme, ideal pe la ora opt, altfel vei avea \u00een poze mul\u021bimi de al\u021bi turi\u0219ti<\/strong>, pentru c\u0103 \u00een timpul zilei pe trepte se formeaz\u0103 adev\u0103rate ambuteiaje. Scara leag\u0103 cartierul Lapa de Santa Teresa, a\u0219a c\u0103, dup\u0103 ce o urci, po\u021bi continua f\u0103r\u0103 probleme cu explorarea str\u0103du\u021belor istorice de sus, de pe deal.<\/p>\n\n\n\n<figure data-wp-context=\"{&quot;imageId&quot;:&quot;6a9c4ed10135e&quot;}\" data-wp-interactive=\"core\/image\" data-wp-key=\"6a9c4ed10135e\" class=\"wp-block-image size-full wp-lightbox-container\"><img decoding=\"async\" width=\"1080\" height=\"1350\" data-wp-class--hide=\"state.isContentHidden\" data-wp-class--show=\"state.isContentVisible\" data-wp-init=\"callbacks.setButtonStyles\" data-wp-on--click=\"actions.showLightbox\" data-wp-on--load=\"callbacks.setButtonStyles\" data-wp-on--pointerdown=\"actions.preloadImage\" data-wp-on--pointerenter=\"actions.preloadImageWithDelay\" data-wp-on--pointerleave=\"actions.cancelPreload\" data-wp-on-window--resize=\"callbacks.setButtonStyles\" src=\"https:\/\/loudavymkrokem.cz\/wp-content\/uploads\/2026\/09\/santa-teresa.jpg\" alt=\"Cartierul Santa Teresa \u0219i tramvaiul istoric\" class=\"wp-image-413195\" title=\"\" srcset=\"https:\/\/loudavymkrokem.cz\/wp-content\/uploads\/2026\/09\/santa-teresa.jpg 1080w, https:\/\/loudavymkrokem.cz\/wp-content\/uploads\/2026\/09\/santa-teresa-240x300.jpg 240w, https:\/\/loudavymkrokem.cz\/wp-content\/uploads\/2026\/09\/santa-teresa-700x875.jpg 700w, https:\/\/loudavymkrokem.cz\/wp-content\/uploads\/2026\/09\/santa-teresa-768x960.jpg 768w, https:\/\/loudavymkrokem.cz\/wp-content\/uploads\/2026\/09\/santa-teresa-696x870.jpg 696w\" sizes=\"(max-width: 1080px) 100vw, 1080px\" \/><button\n\t\t\tclass=\"lightbox-trigger\"\n\t\t\ttype=\"button\"\n\t\t\taria-haspopup=\"dialog\"\n\t\t\tdata-wp-bind--aria-label=\"state.thisImage.triggerButtonAriaLabel\"\n\t\t\tdata-wp-init=\"callbacks.initTriggerButton\"\n\t\t\tdata-wp-on--click=\"actions.showLightbox\"\n\t\t\tdata-wp-style--right=\"state.thisImage.buttonRight\"\n\t\t\tdata-wp-style--top=\"state.thisImage.buttonTop\"\n\t\t>\n\t\t\t<svg xmlns=\"http:\/\/www.w3.org\/2000\/svg\" width=\"12\" height=\"12\" fill=\"none\" viewBox=\"0 0 12 12\">\n\t\t\t\t<path fill=\"#fff\" d=\"M2 0a2 2 0 0 0-2 2v2h1.5V2a.5.5 0 0 1 .5-.5h2V0H2Zm2 10.5H2a.5.5 0 0 1-.5-.5V8H0v2a2 2 0 0 0 2 2h2v-1.5ZM8 12v-1.5h2a.5.5 0 0 0 .5-.5V8H12v2a2 2 0 0 1-2 2H8Zm2-12a2 2 0 0 1 2 2v2h-1.5V2a.5.5 0 0 0-.5-.5H8V0h2Z\" \/>\n\t\t\t<\/svg>\n\t\t<\/button><figcaption class=\"wp-element-caption\">Foto: Guilherme Carvalho \/ Google Maps<\/figcaption><\/figure>\n\n\n\n<h3 class=\"wp-block-heading\"><span class=\"ez-toc-section\" id=\"8_Cartierul_Santa_Teresa_si_tramvaiul_istoric\"><\/span>8. Cartierul Santa Teresa \u0219i tramvaiul istoric<span class=\"ez-toc-section-end\"><\/span><\/h3>\n\n\n\n<p class=\"wp-block-paragraph\">Sus pe dealurile de deasupra centrului agitat se ghemuie\u0219te un cartier pitoresc, care parc\u0103 a picat dintr-un cu totul alt secol. <strong>Santa Teresa este plin\u0103 de str\u0103du\u021be \u00eenguste pavate, vechi vile coloniale \u0219i ateliere de art\u0103 independente<\/strong>, ceea ce i-a adus porecla de Montmartre-ul brazilian. Din belvederile locale se deschid priveli\u0219ti uluitoare spre golf \u0219i spre zg\u00e2rie-norii moderni de ad\u00e2nc de sub tine, \u00een timp ce tu stai \u00eentr-o cafenea lini\u0219tit\u0103, la umbra copacilor \u00eenal\u021bi.<\/p>\n\n\n\n<p class=\"wp-block-paragraph\">Cel mai iconic mod de a ajunge \u00een acest cartier abrupt este s\u0103 mergi cu celebrul tramvai galben, numit bondinho. <strong>Tramvaiul istoric porne\u0219te din sta\u021bia din centru \u0219i urc\u0103 z\u0103ng\u0103nind \u00een dealurile piepti\u0219e<\/strong>, trec\u00e2nd pe drum peste un uria\u0219 apeduct alb. Este o experien\u021b\u0103 nostalgic\u0103 minunat\u0103, \u00een care vei sim\u021bi v\u00e2ntul \u00een p\u0103r \u0219i vei vedea ora\u0219ul dintr-o perspectiv\u0103 absolut unic\u0103, u\u0219or \u00een\u0103l\u021bat\u0103.<\/p>\n\n\n\n<p class=\"wp-block-paragraph\">\ud83d\udca1 Sfat: <strong>\u00cen bistrourile pitore\u0219ti de aici comand\u0103 neap\u0103rat excelenta tapioca, o cl\u0103tit\u0103 f\u0103r\u0103 gluten din f\u0103in\u0103 de manioc<\/strong>, pe care \u021bi-o umplu cu drag cu br\u00e2nz\u0103, ro\u0219ii \u0219i ierburi proaspete. Este un fel de m\u00e2ncare tradi\u021bional, s\u0103\u021bios \u0219i totu\u0219i u\u0219or, f\u0103r\u0103 carne, care se potrive\u0219te perfect cu atmosfera relaxant\u0103 a acestui cartier de arti\u0219ti.<\/p>\n\n\n\n<figure data-wp-context=\"{&quot;imageId&quot;:&quot;6a9c4ed1018f8&quot;}\" data-wp-interactive=\"core\/image\" data-wp-key=\"6a9c4ed1018f8\" class=\"wp-block-image size-full wp-lightbox-container\"><img decoding=\"async\" width=\"1600\" height=\"1600\" data-wp-class--hide=\"state.isContentHidden\" data-wp-class--show=\"state.isContentVisible\" data-wp-init=\"callbacks.setButtonStyles\" data-wp-on--click=\"actions.showLightbox\" data-wp-on--load=\"callbacks.setButtonStyles\" data-wp-on--pointerdown=\"actions.preloadImage\" data-wp-on--pointerenter=\"actions.preloadImageWithDelay\" data-wp-on--pointerleave=\"actions.cancelPreload\" data-wp-on-window--resize=\"callbacks.setButtonStyles\" src=\"https:\/\/loudavymkrokem.cz\/wp-content\/uploads\/2026\/09\/arcos-da-lapa.jpg\" alt=\"Apeductul Arcos da Lapa\" class=\"wp-image-413198\" title=\"\" srcset=\"https:\/\/loudavymkrokem.cz\/wp-content\/uploads\/2026\/09\/arcos-da-lapa.jpg 1600w, https:\/\/loudavymkrokem.cz\/wp-content\/uploads\/2026\/09\/arcos-da-lapa-300x300.jpg 300w, https:\/\/loudavymkrokem.cz\/wp-content\/uploads\/2026\/09\/arcos-da-lapa-700x700.jpg 700w, https:\/\/loudavymkrokem.cz\/wp-content\/uploads\/2026\/09\/arcos-da-lapa-150x150.jpg 150w, https:\/\/loudavymkrokem.cz\/wp-content\/uploads\/2026\/09\/arcos-da-lapa-768x768.jpg 768w, https:\/\/loudavymkrokem.cz\/wp-content\/uploads\/2026\/09\/arcos-da-lapa-1536x1536.jpg 1536w, https:\/\/loudavymkrokem.cz\/wp-content\/uploads\/2026\/09\/arcos-da-lapa-696x696.jpg 696w, https:\/\/loudavymkrokem.cz\/wp-content\/uploads\/2026\/09\/arcos-da-lapa-1392x1392.jpg 1392w\" sizes=\"(max-width: 1600px) 100vw, 1600px\" \/><button\n\t\t\tclass=\"lightbox-trigger\"\n\t\t\ttype=\"button\"\n\t\t\taria-haspopup=\"dialog\"\n\t\t\tdata-wp-bind--aria-label=\"state.thisImage.triggerButtonAriaLabel\"\n\t\t\tdata-wp-init=\"callbacks.initTriggerButton\"\n\t\t\tdata-wp-on--click=\"actions.showLightbox\"\n\t\t\tdata-wp-style--right=\"state.thisImage.buttonRight\"\n\t\t\tdata-wp-style--top=\"state.thisImage.buttonTop\"\n\t\t>\n\t\t\t<svg xmlns=\"http:\/\/www.w3.org\/2000\/svg\" width=\"12\" height=\"12\" fill=\"none\" viewBox=\"0 0 12 12\">\n\t\t\t\t<path fill=\"#fff\" d=\"M2 0a2 2 0 0 0-2 2v2h1.5V2a.5.5 0 0 1 .5-.5h2V0H2Zm2 10.5H2a.5.5 0 0 1-.5-.5V8H0v2a2 2 0 0 0 2 2h2v-1.5ZM8 12v-1.5h2a.5.5 0 0 0 .5-.5V8H12v2a2 2 0 0 1-2 2H8Zm2-12a2 2 0 0 1 2 2v2h-1.5V2a.5.5 0 0 0-.5-.5H8V0h2Z\" \/>\n\t\t\t<\/svg>\n\t\t<\/button><figcaption class=\"wp-element-caption\">Foto: W Travel \/ Google Maps<\/figcaption><\/figure>\n\n\n\n<h3 class=\"wp-block-heading\"><span class=\"ez-toc-section\" id=\"9_Apeductul_Arcos_da_Lapa\"><\/span>9. Apeductul Arcos da Lapa<span class=\"ez-toc-section-end\"><\/span><\/h3>\n\n\n\n<p class=\"wp-block-paragraph\">Cum ajungi \u00een Lapa, ochii \u00ee\u021bi sar imediat la uria\u0219ul apeduct alb, care domin\u0103 complet \u00eentreaga pia\u021b\u0103. <strong>Arcos da Lapa este un apeduct monumental din secolul al XVIII-lea, care odinioar\u0103 aducea ap\u0103 potabil\u0103 din dealurile din jur<\/strong> direct \u00een centrul ora\u0219ului colonial care se extindea rapid. Cu cele patruzeci \u0219i dou\u0103 de arcade masive, reprezint\u0103 unul dintre cele mai importante monumente de arhitectur\u0103 portughez\u0103 din toat\u0103 \u021bara.<\/p>\n\n\n\n<p class=\"wp-block-paragraph\">De\u0219i apa nu mai curge de mult prin el, construc\u021bia \u0219i-a g\u0103sit o utilizare nou\u0103 \u0219i la fel de important\u0103 \u00een transportul modern. <strong>Tocmai pe deasupra acestui apeduct istoric hurduc\u0103ie ast\u0103zi legendarul tramvai galben care merge spre Santa Teresa<\/strong>, ceea ce creeaz\u0103 un contrast incredibil de fotogenic \u00eentre vechi \u0219i nou. Pia\u021ba de sub arcade prinde via\u021b\u0103 mai ales vineri seara, c\u00e2nd localnicii se str\u00e2ng aici pentru petreceri stradale nebune, pline de dans \u0219i muzic\u0103 zgomotoas\u0103.<\/p>\n\n\n\n<p class=\"wp-block-paragraph\">\ud83d\udca1 Sfat: <strong>Cele mai frumoase poze ale apeductului le faci de la o mic\u0103 distan\u021b\u0103, din pia\u021ba Pra\u00e7a Cardeal C\u00e2mara<\/strong>, de unde se eviden\u021biaz\u0103 frumos \u00eentreaga lui lungime impozant\u0103 \u0219i culoarea alb str\u0103lucitor. Dac\u0103 vrei s\u0103 evi\u021bi mul\u021bimile de noapte \u0219i atmosfera de petrecere, viziteaz\u0103 mai bine acest loc \u00een cursul dimine\u021bii de weekend, c\u00e2nd \u00eemprejurimile sunt minunat de lini\u0219tite.<\/p>\n\n\n\n<figure data-wp-context=\"{&quot;imageId&quot;:&quot;6a9c4ed101fc2&quot;}\" data-wp-interactive=\"core\/image\" data-wp-key=\"6a9c4ed101fc2\" class=\"wp-block-image size-full wp-lightbox-container\"><img decoding=\"async\" width=\"1600\" height=\"1200\" data-wp-class--hide=\"state.isContentHidden\" data-wp-class--show=\"state.isContentVisible\" data-wp-init=\"callbacks.setButtonStyles\" data-wp-on--click=\"actions.showLightbox\" data-wp-on--load=\"callbacks.setButtonStyles\" data-wp-on--pointerdown=\"actions.preloadImage\" data-wp-on--pointerenter=\"actions.preloadImageWithDelay\" data-wp-on--pointerleave=\"actions.cancelPreload\" data-wp-on-window--resize=\"callbacks.setButtonStyles\" src=\"https:\/\/loudavymkrokem.cz\/wp-content\/uploads\/2026\/09\/parque-das-ru-nas.jpg\" alt=\"Galeria Parque das Ru\u00ednas\" class=\"wp-image-413202\" title=\"\" srcset=\"https:\/\/loudavymkrokem.cz\/wp-content\/uploads\/2026\/09\/parque-das-ru-nas.jpg 1600w, https:\/\/loudavymkrokem.cz\/wp-content\/uploads\/2026\/09\/parque-das-ru-nas-300x225.jpg 300w, https:\/\/loudavymkrokem.cz\/wp-content\/uploads\/2026\/09\/parque-das-ru-nas-700x525.jpg 700w, https:\/\/loudavymkrokem.cz\/wp-content\/uploads\/2026\/09\/parque-das-ru-nas-768x576.jpg 768w, https:\/\/loudavymkrokem.cz\/wp-content\/uploads\/2026\/09\/parque-das-ru-nas-1536x1152.jpg 1536w, https:\/\/loudavymkrokem.cz\/wp-content\/uploads\/2026\/09\/parque-das-ru-nas-80x60.jpg 80w, https:\/\/loudavymkrokem.cz\/wp-content\/uploads\/2026\/09\/parque-das-ru-nas-160x120.jpg 160w, https:\/\/loudavymkrokem.cz\/wp-content\/uploads\/2026\/09\/parque-das-ru-nas-696x522.jpg 696w, https:\/\/loudavymkrokem.cz\/wp-content\/uploads\/2026\/09\/parque-das-ru-nas-1392x1044.jpg 1392w\" sizes=\"(max-width: 1600px) 100vw, 1600px\" \/><button\n\t\t\tclass=\"lightbox-trigger\"\n\t\t\ttype=\"button\"\n\t\t\taria-haspopup=\"dialog\"\n\t\t\tdata-wp-bind--aria-label=\"state.thisImage.triggerButtonAriaLabel\"\n\t\t\tdata-wp-init=\"callbacks.initTriggerButton\"\n\t\t\tdata-wp-on--click=\"actions.showLightbox\"\n\t\t\tdata-wp-style--right=\"state.thisImage.buttonRight\"\n\t\t\tdata-wp-style--top=\"state.thisImage.buttonTop\"\n\t\t>\n\t\t\t<svg xmlns=\"http:\/\/www.w3.org\/2000\/svg\" width=\"12\" height=\"12\" fill=\"none\" viewBox=\"0 0 12 12\">\n\t\t\t\t<path fill=\"#fff\" d=\"M2 0a2 2 0 0 0-2 2v2h1.5V2a.5.5 0 0 1 .5-.5h2V0H2Zm2 10.5H2a.5.5 0 0 1-.5-.5V8H0v2a2 2 0 0 0 2 2h2v-1.5ZM8 12v-1.5h2a.5.5 0 0 0 .5-.5V8H12v2a2 2 0 0 1-2 2H8Zm2-12a2 2 0 0 1 2 2v2h-1.5V2a.5.5 0 0 0-.5-.5H8V0h2Z\" \/>\n\t\t\t<\/svg>\n\t\t<\/button><figcaption class=\"wp-element-caption\">Foto: Andr\u00e9 Marcelo de Lourdes \/ Google Maps<\/figcaption><\/figure>\n\n\n\n<h3 class=\"wp-block-heading\"><span class=\"ez-toc-section\" id=\"10_Galeria_Parque_das_Ruinas\"><\/span>10. Galeria Parque das Ru\u00ednas<span class=\"ez-toc-section-end\"><\/span><\/h3>\n\n\n\n<p class=\"wp-block-paragraph\">\u00cen inima istoricei Santa Teresa se afl\u0103 un giuvaier arhitectural, care \u00eembin\u0103 genial trecutul glorios cu designul modern. <strong>Parque das Ru\u00ednas este un fascinant parc public \u0219i centru cultural construit chiar \u00een r\u0103m\u0103\u0219i\u021bele unei vechi vile nobiliare<\/strong>, care apar\u021binea unei bogate mecena braziliene a artelor. Arhitec\u021bii au p\u0103strat zidurile de c\u0103r\u0103mid\u0103 descoperite \u0219i le-au completat cu sc\u0103ri moderne de o\u021bel \u0219i panouri uria\u0219e de sticl\u0103, cre\u00e2nd astfel un spa\u021biu absolut unic.<\/p>\n\n\n\n<p class=\"wp-block-paragraph\">De la etajele cele mai de sus ale acestei ruine reconstruite \u021bi se deschide o priveli\u0219te pe care o vei \u021bine minte toat\u0103 via\u021ba. <strong>Platformele de belvedere ofer\u0103 o priveli\u0219te panoramic\u0103 nest\u00e2njenit\u0103 spre tot centrul istoric, spre P\u00e2inea de Zah\u0103r \u0219i spre golful Guanabara<\/strong>, \u0219i asta f\u0103r\u0103 vreo tax\u0103 de intrare. \u00cen incint\u0103 au loc regulat concerte \u00een aer liber, spectacole de teatru \u0219i expozi\u021bii de art\u0103 contemporan\u0103, care \u00eei atrag pe intelectualii locali \u0219i pe c\u0103l\u0103torii curio\u0219i.<\/p>\n\n\n\n<p class=\"wp-block-paragraph\">\ud83d\udca1 Sfat: <strong>La parterul incintei func\u021bioneaz\u0103 o cafenea mic\u0103 \u0219i foarte bun\u0103, cu teras\u0103<\/strong>, unde po\u021bi lua o cafea rece \u0219i po\u021bi privi agita\u021bia din jur. Programul se poate schimba \u00een func\u021bie de evenimentele culturale \u00een desf\u0103\u0219urare, de aceea verific\u0103 \u00eenainte de vizit\u0103 s\u0103 nu fie cumva luni, ziua \u00een care majoritatea muzeelor \u0219i galeriilor din Rio sunt strict \u00eenchise.<\/p>\n\n\n\n<figure data-wp-context=\"{&quot;imageId&quot;:&quot;6a9c4ed1024c9&quot;}\" data-wp-interactive=\"core\/image\" data-wp-key=\"6a9c4ed1024c9\" class=\"wp-block-image size-full wp-lightbox-container\"><img decoding=\"async\" width=\"1600\" height=\"2125\" data-wp-class--hide=\"state.isContentHidden\" data-wp-class--show=\"state.isContentVisible\" data-wp-init=\"callbacks.setButtonStyles\" data-wp-on--click=\"actions.showLightbox\" data-wp-on--load=\"callbacks.setButtonStyles\" data-wp-on--pointerdown=\"actions.preloadImage\" data-wp-on--pointerenter=\"actions.preloadImageWithDelay\" data-wp-on--pointerleave=\"actions.cancelPreload\" data-wp-on-window--resize=\"callbacks.setButtonStyles\" src=\"https:\/\/loudavymkrokem.cz\/wp-content\/uploads\/2026\/09\/tijuca-national-park.jpg\" alt=\"P\u0103durea tropical\u0103 urban\u0103 Tijuca National Park\" class=\"wp-image-413205\" title=\"\" srcset=\"https:\/\/loudavymkrokem.cz\/wp-content\/uploads\/2026\/09\/tijuca-national-park.jpg 1600w, https:\/\/loudavymkrokem.cz\/wp-content\/uploads\/2026\/09\/tijuca-national-park-226x300.jpg 226w, https:\/\/loudavymkrokem.cz\/wp-content\/uploads\/2026\/09\/tijuca-national-park-700x930.jpg 700w, https:\/\/loudavymkrokem.cz\/wp-content\/uploads\/2026\/09\/tijuca-national-park-768x1020.jpg 768w, https:\/\/loudavymkrokem.cz\/wp-content\/uploads\/2026\/09\/tijuca-national-park-1157x1536.jpg 1157w, https:\/\/loudavymkrokem.cz\/wp-content\/uploads\/2026\/09\/tijuca-national-park-1542x2048.jpg 1542w, https:\/\/loudavymkrokem.cz\/wp-content\/uploads\/2026\/09\/tijuca-national-park-696x924.jpg 696w, https:\/\/loudavymkrokem.cz\/wp-content\/uploads\/2026\/09\/tijuca-national-park-1392x1849.jpg 1392w\" sizes=\"(max-width: 1600px) 100vw, 1600px\" \/><button\n\t\t\tclass=\"lightbox-trigger\"\n\t\t\ttype=\"button\"\n\t\t\taria-haspopup=\"dialog\"\n\t\t\tdata-wp-bind--aria-label=\"state.thisImage.triggerButtonAriaLabel\"\n\t\t\tdata-wp-init=\"callbacks.initTriggerButton\"\n\t\t\tdata-wp-on--click=\"actions.showLightbox\"\n\t\t\tdata-wp-style--right=\"state.thisImage.buttonRight\"\n\t\t\tdata-wp-style--top=\"state.thisImage.buttonTop\"\n\t\t>\n\t\t\t<svg xmlns=\"http:\/\/www.w3.org\/2000\/svg\" width=\"12\" height=\"12\" fill=\"none\" viewBox=\"0 0 12 12\">\n\t\t\t\t<path fill=\"#fff\" d=\"M2 0a2 2 0 0 0-2 2v2h1.5V2a.5.5 0 0 1 .5-.5h2V0H2Zm2 10.5H2a.5.5 0 0 1-.5-.5V8H0v2a2 2 0 0 0 2 2h2v-1.5ZM8 12v-1.5h2a.5.5 0 0 0 .5-.5V8H12v2a2 2 0 0 1-2 2H8Zm2-12a2 2 0 0 1 2 2v2h-1.5V2a.5.5 0 0 0-.5-.5H8V0h2Z\" \/>\n\t\t\t<\/svg>\n\t\t<\/button><figcaption class=\"wp-element-caption\">Foto: Clifford Aldan \/ Google Maps<\/figcaption><\/figure>\n\n\n\n<h3 class=\"wp-block-heading\"><span class=\"ez-toc-section\" id=\"11_Padurea_tropicala_urbana_Tijuca_National_Park\"><\/span>11. P\u0103durea tropical\u0103 urban\u0103 Tijuca National Park<span class=\"ez-toc-section-end\"><\/span><\/h3>\n\n\n\n<p class=\"wp-block-paragraph\">\u00cen timp ce alte metropole au parcuri \u0219i gr\u0103dini \u00eentinse, Rio de Janeiro se poate l\u0103uda cu ceva mult mai s\u0103lbatic \u0219i mai monumental. <strong>Parcul na\u021bional Tijuca este o uria\u0219\u0103 p\u0103dure tropical\u0103 urban\u0103, care acoper\u0103 masivele muntoase abrupte chiar \u00een mijlocul metropolei de milioane.<\/strong> Acest pl\u0103m\u00e2n verde al ora\u0219ului nu doar cur\u0103\u021b\u0103 aerul \u0219i r\u0103core\u0219te clima tropical\u0103, ci ofer\u0103 ad\u0103post \u0219i pentru mii de specii de animale exotice, fluturi uria\u0219i \u0219i maimu\u021be obraznic de curioase.<\/p>\n\n\n\n<p class=\"wp-block-paragraph\">Toat\u0103 p\u0103durea este str\u0103b\u0103tut\u0103 de o re\u021bea de poteci turistice \u00eentre\u021binute, care te duc la cascade vuind, pe\u0219teri \u00eentunecate \u0219i belvederi care \u00ee\u021bi taie respira\u021bia. <strong>\u00cen timpul plimb\u0103rii sub coroanele copacilor str\u0103vechi vei uita complet c\u0103 te afli \u00een unul dintre cele mai aglomerate ora\u0219e ale Americii de Sud<\/strong>, pentru c\u0103 zgomotul traficului este aici pe deplin \u00eenlocuit de \u021bip\u0103tul papagalilor viu colora\u021bi. Istoria acestui loc este fascinant\u0103, pentru c\u0103 p\u0103durea a fost replantat\u0103 manual \u00een secolul al XIX-lea, dup\u0103 ce vegeta\u021bia original\u0103 a fost distrus\u0103 de planta\u021biile de cafea.<\/p>\n\n\n\n<p class=\"wp-block-paragraph\">\ud83d\udca1 Sfat: <strong>Pentru a explora p\u0103durea, ideal este s\u0103 tocme\u0219ti un ghid certificat cu jeep<\/strong>, pentru c\u0103 suprafa\u021ba parcului este uria\u0219\u0103, iar orientarea pe potecile din jungl\u0103 poate fi \u00een\u0219el\u0103toare. Nu uita s\u0103-\u021bi iei un repelent puternic \u00eempotriva insectelor tropicale \u0219i o jachet\u0103 u\u0219oar\u0103 impermeabil\u0103, pentru c\u0103 microclimatul de sub copaci este considerabil mai umed \u0219i mai r\u0103coros dec\u00e2t jos, pe plaje.<\/p>\n\n\n\n<figure data-wp-context=\"{&quot;imageId&quot;:&quot;6a9c4ed102c70&quot;}\" data-wp-interactive=\"core\/image\" data-wp-key=\"6a9c4ed102c70\" class=\"wp-block-image size-full wp-lightbox-container\"><img decoding=\"async\" width=\"1600\" height=\"1200\" data-wp-class--hide=\"state.isContentHidden\" data-wp-class--show=\"state.isContentVisible\" data-wp-init=\"callbacks.setButtonStyles\" data-wp-on--click=\"actions.showLightbox\" data-wp-on--load=\"callbacks.setButtonStyles\" data-wp-on--pointerdown=\"actions.preloadImage\" data-wp-on--pointerenter=\"actions.preloadImageWithDelay\" data-wp-on--pointerleave=\"actions.cancelPreload\" data-wp-on-window--resize=\"callbacks.setButtonStyles\" src=\"https:\/\/loudavymkrokem.cz\/wp-content\/uploads\/2026\/09\/mirante-dona-marta.jpg\" alt=\"Belvederea Mirante Dona Marta\" class=\"wp-image-413209\" title=\"\" srcset=\"https:\/\/loudavymkrokem.cz\/wp-content\/uploads\/2026\/09\/mirante-dona-marta.jpg 1600w, https:\/\/loudavymkrokem.cz\/wp-content\/uploads\/2026\/09\/mirante-dona-marta-300x225.jpg 300w, https:\/\/loudavymkrokem.cz\/wp-content\/uploads\/2026\/09\/mirante-dona-marta-700x525.jpg 700w, https:\/\/loudavymkrokem.cz\/wp-content\/uploads\/2026\/09\/mirante-dona-marta-768x576.jpg 768w, https:\/\/loudavymkrokem.cz\/wp-content\/uploads\/2026\/09\/mirante-dona-marta-1536x1152.jpg 1536w, https:\/\/loudavymkrokem.cz\/wp-content\/uploads\/2026\/09\/mirante-dona-marta-80x60.jpg 80w, https:\/\/loudavymkrokem.cz\/wp-content\/uploads\/2026\/09\/mirante-dona-marta-160x120.jpg 160w, https:\/\/loudavymkrokem.cz\/wp-content\/uploads\/2026\/09\/mirante-dona-marta-696x522.jpg 696w, https:\/\/loudavymkrokem.cz\/wp-content\/uploads\/2026\/09\/mirante-dona-marta-1392x1044.jpg 1392w\" sizes=\"(max-width: 1600px) 100vw, 1600px\" \/><button\n\t\t\tclass=\"lightbox-trigger\"\n\t\t\ttype=\"button\"\n\t\t\taria-haspopup=\"dialog\"\n\t\t\tdata-wp-bind--aria-label=\"state.thisImage.triggerButtonAriaLabel\"\n\t\t\tdata-wp-init=\"callbacks.initTriggerButton\"\n\t\t\tdata-wp-on--click=\"actions.showLightbox\"\n\t\t\tdata-wp-style--right=\"state.thisImage.buttonRight\"\n\t\t\tdata-wp-style--top=\"state.thisImage.buttonTop\"\n\t\t>\n\t\t\t<svg xmlns=\"http:\/\/www.w3.org\/2000\/svg\" width=\"12\" height=\"12\" fill=\"none\" viewBox=\"0 0 12 12\">\n\t\t\t\t<path fill=\"#fff\" d=\"M2 0a2 2 0 0 0-2 2v2h1.5V2a.5.5 0 0 1 .5-.5h2V0H2Zm2 10.5H2a.5.5 0 0 1-.5-.5V8H0v2a2 2 0 0 0 2 2h2v-1.5ZM8 12v-1.5h2a.5.5 0 0 0 .5-.5V8H12v2a2 2 0 0 1-2 2H8Zm2-12a2 2 0 0 1 2 2v2h-1.5V2a.5.5 0 0 0-.5-.5H8V0h2Z\" \/>\n\t\t\t<\/svg>\n\t\t<\/button><figcaption class=\"wp-element-caption\">Foto: Leonardo Pessoa \/ Google Maps<\/figcaption><\/figure>\n\n\n\n<!-- LKM_GYG_CARD start q=\"rio de janeiro\" lang=\"ro\" rendered=\"2026-09-05T14:29:59+00:00\" v=\"1\" -->\n<style id=\"lk-gyg-styles\">\n@import url(\"https:\/\/fonts.googleapis.com\/css2?family=Playfair+Display:wght@700&family=DM+Sans:wght@300;400;500;600&display=swap\");\n\/* === LK GYG karty \u2014 CRO redesign 2026-05 (namespace .lkx-) ===\n   C\u00edl: vy\u0161\u0161\u00ed CTR (hero + v\u00fdrazn\u00fd social proof + ak\u010dn\u00ed CTA, m\u00e9n\u011b \"reklamn\u00ed\").\n   Injektuje se inline do prvn\u00edho markeru postu (refresh_cards.py --inline-css). *\/\n.lkx-module, .lkx-module *{box-sizing:border-box;margin:0;padding:0}\n.lkx-module{\n  font-family:'DM Sans',-apple-system,Segoe UI,Roboto,Georgia,sans-serif;\n  max-width:860px;margin:2.5rem auto;color:#1f2328;\n}\n\n\/* HEADER \u2014 lehk\u00fd editorsk\u00fd, \u017e\u00e1dn\u00fd bannerov\u00fd blok; nadpis + popisek pod n\u00edm *\/\n.lkx-head{margin-bottom:16px}\n.lkx-head-main{display:flex;align-items:center;gap:10px}\n.lkx-head-accent{width:26px;height:3px;border-radius:2px;background:#c39f76;flex-shrink:0}\n.lkx-head-title{font-family:'Playfair Display',Georgia,serif;font-size:21px;font-weight:700;color:#1a1a1a;line-height:1.25}\n.lkx-head-meta{display:block;font-size:11px;letter-spacing:.3px;color:#9aa0a6;margin-top:4px;margin-left:36px}\n\n\/* HERO *\/\n.lkx-hero{display:grid;grid-template-columns:300px 1fr;background:#fff;border:1px solid #ece7df;border-radius:14px;overflow:hidden;text-decoration:none!important;color:inherit;box-shadow:0 6px 20px rgba(0,0,0,.06);transition:box-shadow .2s,transform .2s;margin-bottom:14px}\n.lkx-hero:hover{box-shadow:0 12px 30px rgba(0,0,0,.12);transform:translateY(-2px)}\n.lkx-hero-img{position:relative;min-height:230px;background-size:cover;background-position:center;background-color:#eee}\n.lkx-hero-body{padding:22px 24px;display:flex;flex-direction:column}\n.lkx-pick{position:absolute;top:12px;left:12px;background:#1a1a1a;color:#fff;font-size:11px;font-weight:700;letter-spacing:.5px;padding:5px 11px;border-radius:20px}\n\n\/* TITLE *\/\n.lkx-title{font-size:19px;font-weight:700;color:#161616;line-height:1.3}\n.lkx-title-sm{font-size:14.5px;line-height:1.35;display:-webkit-box;-webkit-line-clamp:2;-webkit-box-orient:vertical;overflow:hidden}\n\n\/* SOCIAL PROOF \u2014 v\u00fdrazn\u011b, naho\u0159e *\/\n.lkx-proof{display:flex;align-items:center;gap:7px;margin-top:12px;font-size:15px;color:#3a3a3a}\n.lkx-proof b{font-size:16px;color:#161616}\n.lkx-stars{color:#f5a623;letter-spacing:1px}\n.lkx-proof-sm{font-size:12.5px;margin-top:8px;gap:5px}\n.lkx-proof-sm b{font-size:13px}\n.lkx-proof-new{color:#3685fc;font-weight:600}\n\n\/* PRICE \u2014 n\u00edzk\u00e1 kotva *\/\n.lkx-price{font-size:14px;color:#6b7280}\n.lkx-price b{font-size:20px;color:#161616;font-weight:700}\n.lkx-price-sm b{font-size:15px}\n\n\/* CTA \u2014 tepl\u00e9 ak\u010dn\u00ed tla\u010d\u00edtko *\/\n.lkx-cta{display:inline-flex;align-items:center;justify-content:center;text-decoration:none!important;font-weight:700;color:#fff!important;background:linear-gradient(135deg,#f6743f,#e8552a);border-radius:10px;box-shadow:0 6px 16px rgba(232,85,42,.32);transition:box-shadow .2s}\n.lkx-cta-hero{font-size:15px;padding:13px 22px}\n.lkx-hero:hover .lkx-cta-hero{box-shadow:0 8px 22px rgba(232,85,42,.45)}\n.lkx-cta-sm{font-size:12.5px;padding:9px 14px;width:100%;margin-top:2px}\n.lkx-hero-bottom{margin-top:auto;padding-top:18px;display:flex;align-items:center;justify-content:space-between;gap:14px;flex-wrap:wrap}\n\n\/* BADGE \u2014 jeden v\u00fdrazn\u00fd na fotce *\/\n.lkx-badge{position:absolute;top:12px;right:12px;font-size:10.5px;font-weight:700;letter-spacing:.3px;padding:5px 10px;border-radius:16px;color:#fff}\n.lkx-badge.badge-urgency{background:rgba(214,40,40,.92)}\n.lkx-badge.badge-new{background:rgba(54,133,252,.92)}\n.lkx-badge.badge-top{background:rgba(195,159,118,.95)}\n.lkx-badge.badge-info{background:rgba(40,40,40,.78)}\n\n\/* SECONDARY GRID *\/\n.lkx-grid{display:grid;grid-template-columns:1fr 1fr;gap:14px}\n.lkx-card{background:#fff;border:1px solid #ece7df;border-radius:14px;overflow:hidden;text-decoration:none!important;color:inherit;box-shadow:0 4px 14px rgba(0,0,0,.05);display:flex;flex-direction:column;transition:box-shadow .2s,transform .2s}\n.lkx-card:hover{box-shadow:0 10px 24px rgba(0,0,0,.1);transform:translateY(-2px)}\n.lkx-card-img{position:relative;aspect-ratio:16\/10;background-size:cover;background-position:center;background-color:#eee}\n.lkx-card-body{padding:14px 16px 16px;display:flex;flex-direction:column;gap:7px;flex:1}\n.lkx-card-bottom{margin-top:auto;padding-top:10px;display:flex;align-items:center;justify-content:space-between;gap:8px}\n\n\/* DISCLOSURE \u2014 drobn\u00e1, kv\u016fli d\u016fv\u011b\u0159e\/z\u00e1konu *\/\n.lkx-disclosure{font-size:11px;color:#a7adb3;text-align:center;margin-top:14px;line-height:1.6}\n.lkx-disclosure a{color:#c39f76;text-decoration:none}\n\n@media(max-width:680px){\n  .lkx-hero{grid-template-columns:1fr}\n  .lkx-hero-img{min-height:180px}\n  .lkx-grid{grid-template-columns:1fr}\n  .lkx-head-meta{margin-left:0;width:100%}\n  .lkx-head-title{font-size:19px}\n}\n\n<\/style>\n<div class=\"lkx-module\" data-query=\"rio de janeiro\">\n  <div class=\"lkx-head\">\n    <div class=\"lkx-head-main\">\n      <span class=\"lkx-head-accent\"><\/span>\n      <span class=\"lkx-head-title\">Experien\u021be \u0219i bilete<\/span>\n    <\/div>\n    <span class=\"lkx-head-meta\">evaluat de c\u0103l\u0103tori \u00b7 GetYourGuide<\/span>\n  <\/div><a class=\"lkx-hero\" href=\"https:\/\/www.getyourguide.com\/ro-ro\/rio-de-janeiro-l9\/tur-cu-elicopterul-rio-de-janeiro-t511764\/?partner_id=MKZ64IS&amp;utm_medium=online_publisher&amp;cmp=rio-de-janeiro-ce-sa-vezi\" target=\"_blank\" rel=\"sponsored noopener nofollow\">\n    <div class=\"lkx-hero-img\" style=\"background-image:url('https:\/\/cdn.getyourguide.com\/img\/tour\/606937ebb049a8e3.jpeg\/132.jpg')\" role=\"img\" aria-label=\"Rio de Janeiro: tur cu elicopterul\">\n      <span class=\"lkx-pick\">\u2605 Recomandarea noastr\u0103<\/span><\/div>\n    <div class=\"lkx-hero-body\">\n      <div class=\"lkx-title\">Rio de Janeiro: tur cu elicopterul<\/div>\n      <div class=\"lkx-proof\">\n      <span class=\"lkx-stars\">\u2605\u2605\u2605\u2605\u2605<\/span>\n      <b>4.6<\/b> \u00b7 779 de recenzii\n    <\/div>\n      <div class=\"lkx-hero-bottom\"><div class=\"lkx-price\">de la <b>189\u00a0EUR<\/b><\/div><span class=\"lkx-cta lkx-cta-hero\">Vreau aceast\u0103 experien\u021b\u0103 \u2192<\/span>\n      <\/div>\n    <\/div>\n  <\/a><div class=\"lkx-grid\"><a class=\"lkx-card\" href=\"https:\/\/www.getyourguide.com\/ro-ro\/rio-de-janeiro-l9\/rio-bilet-la-meciul-de-fotbal-de-pe-stadionul-maracana-si-transport-privat-t893524\/?partner_id=MKZ64IS&amp;utm_medium=online_publisher&amp;cmp=rio-de-janeiro-ce-sa-vezi\" target=\"_blank\" rel=\"sponsored noopener nofollow\">\n      <div class=\"lkx-card-img\" style=\"background-image:url('https:\/\/cdn.getyourguide.com\/img\/tour\/471a107ec9ac374bd09030a21d9b9465a51158484f26d775e575020ef1d13d54.png\/132.jpg')\" role=\"img\" aria-label=\"Rio: Bilet la meciul de fotbal de pe stadionul Maracan\u00e3 \u0219i transfer privat\"><\/div>\n      <div class=\"lkx-card-body\">\n        <div class=\"lkx-title lkx-title-sm\">Rio: Bilet la meciul de fotbal de pe stadionul Maracan\u00e3 \u0219i transfer privat<\/div>\n        <div class=\"lkx-proof lkx-proof-sm\">\n      <span class=\"lkx-stars\">\u2605<\/span>\n      <b>4.9<\/b> \u00b7 1 818\n    <\/div>\n        <div class=\"lkx-card-bottom\"><span class=\"lkx-price lkx-price-sm\">de la <b>94\u00a0EUR<\/b><\/span><span class=\"lkx-cta lkx-cta-sm\">Vezi datele \u2192<\/span>\n        <\/div>\n      <\/div>\n    <\/a><a class=\"lkx-card\" href=\"https:\/\/www.getyourguide.com\/ro-ro\/rio-de-janeiro-l9\/rio-de-janeiro-escalada-pe-pao-de-acucar-via-coringa-t1443442\/?partner_id=MKZ64IS&amp;utm_medium=online_publisher&amp;cmp=rio-de-janeiro-ce-sa-vezi\" target=\"_blank\" rel=\"sponsored noopener nofollow\">\n      <div class=\"lkx-card-img\" style=\"background-image:url('https:\/\/cdn.getyourguide.com\/img\/tour\/31ae79c67043a21ea4797e651c99602b72a39d945d201674546a79d39b2f26c3.jpg\/132.jpg')\" role=\"img\" aria-label=\"Rio de Janeiro: Escalad\u0103 pe P\u00e3o de A\u00e7\u00facar (Via Coringa)\"><\/div>\n      <div class=\"lkx-card-body\">\n        <div class=\"lkx-title lkx-title-sm\">Rio de Janeiro: Escalad\u0103 pe P\u00e3o de A\u00e7\u00facar (Via Coringa)<\/div>\n        <div class=\"lkx-proof lkx-proof-sm\">\n      <span class=\"lkx-stars\">\u2605<\/span>\n      <b>0.0<\/b> \u00b7 0\n    <\/div>\n        <div class=\"lkx-card-bottom\"><span class=\"lkx-price lkx-price-sm\">de la <b>86\u00a0EUR<\/b><\/span><span class=\"lkx-cta lkx-cta-sm\">Vezi datele \u2192<\/span>\n        <\/div>\n      <\/div>\n    <\/a><\/div><div class=\"lkx-disclosure\">\ud83d\udd17 Linkurile sunt de afiliere \u2014 nu \u00ee\u021bi schimb\u0103 pre\u021bul, dar ne ajut\u0103 s\u0103 cre\u0103m con\u021binut. \u00b7 <a href=\"https:\/\/www.getyourguide.com\/ro-ro\/s\/?q=rio+de+janeiro&amp;partner_id=MKZ64IS&amp;utm_medium=online_publisher\" target=\"_blank\" rel=\"sponsored noopener nofollow\">Toate experien\u021bele \u2192<\/a><\/div>\n<\/div>\n<!-- LKM_GYG_CARD end -->\n\n\n\n\n<div class=\"lk-stays-module\">\n<style>\n\/* \u2500\u2500\u2500 RESET PRO GUTENBERG \u2500\u2500\u2500 *\/\n.lk-stays-module * { box-sizing: border-box; margin: 0; padding: 0; }\n\n\/* \u2500\u2500\u2500 WRAPPER \u2500\u2500\u2500 *\/\n.lk-stays-module {\n  font-family: 'DM Sans', Georgia, sans-serif;\n  max-width: 100%;\n  margin: 2.5rem auto;\n  background: linear-gradient(135deg, #fdfaf5 0%, #fcf8f0 100%);\n  border: 1px solid #e8dfd4;\n  border-radius: 16px;\n  overflow: hidden;\n  box-shadow: 0 16px 48px rgba(195, 159, 118, 0.25), 0 4px 12px rgba(0,0,0,0.08);\n}\n\n\/* \u2500\u2500\u2500 HEADER \u2500\u2500\u2500 *\/\n.lk-stays-header {\n  position: relative;\n  padding: 24px 36px 24px;\n  background: linear-gradient(135deg, #c39f76 0%, #d4b188 60%, #c39f76 100%);\n  border-bottom: 1px solid rgba(255,255,255,.15);\n  display: flex;\n  align-items: center;\n  gap: 18px;\n}\n.lk-stays-header::before {\n  content: '';\n  position: absolute;\n  inset: 0;\n  background: url(\"data:image\/svg+xml,%3Csvg width='60' height='60' viewBox='0 0 60 60' xmlns='http:\/\/www.w3.org\/2000\/svg'%3E%3Cg fill='none' fill-rule='evenodd'%3E%3Cg fill='%23ffffff' fill-opacity='0.05'%3E%3Cpath d='M36 34v-4h-2v4h-4v2h4v4h2v-4h4v-2h-4zm0-30V0h-2v4h-4v2h4v4h2V6h4V4h-4zM6 34v-4H4v4H0v2h4v4h2v-4h4v-2H6zM6 4V0H4v4H0v2h4v4h2V6h4V4H6z'\/%3E%3C\/g%3E%3C\/g%3E%3C\/svg%3E\") repeat;\n  pointer-events: none;\n}\n.lk-stays-icon {\n  flex-shrink: 0;\n  width: 68px;\n  height: 68px;\n  border-radius: 14px;\n  background: linear-gradient(135deg, #fff 0%, #f9f6f0 100%);\n  display: flex;\n  align-items: center;\n  justify-content: center;\n  font-size: 26px;\n  box-shadow: 0 4px 12px rgba(0,0,0,0.15);\n}\n.lk-stays-eyebrow {\n  font-size: 10px;\n  font-weight: 500;\n  letter-spacing: 2.5px;\n  text-transform: uppercase;\n  color: rgba(255,255,255,.85);\n  margin: 0 0 5px 0;\n}\n.lk-stays-title {\n  font-family: 'Playfair Display', Georgia, serif;\n  font-size: 24px;\n  font-weight: 700;\n  color: #fff;\n  line-height: 1.2;\n  text-shadow: 0 1px 2px rgba(0,0,0,0.1);\n  margin: 0;\n}\n.lk-stays-subtitle {\n  font-size: 13px;\n  color: rgba(255,255,255,.75);\n  margin: 4px 0 0 0;\n  font-weight: 300;\n}\n\n\/* \u2500\u2500\u2500 CARDS GRID \u2500\u2500\u2500 *\/\n.lk-stays-grid {\n  display: grid;\n  grid-template-columns: 1fr 1fr;\n  gap: 1px;\n  background: rgba(195, 159, 118, 0.12);\n}\n\n\/* \u2500\u2500\u2500 SINGLE CARD \u2500\u2500\u2500 *\/\n.lk-stay-card {\n  background: #ffffff;\n  padding: 26px;\n  display: flex;\n  flex-direction: column;\n  gap: 11px;\n  transition: all 0.3s ease;\n  text-decoration: none;\n  color: inherit;\n  position: relative;\n}\n.lk-stay-card:hover {\n  background: #fffbf5;\n  transform: translateY(-2px);\n  box-shadow: 0 8px 24px rgba(195, 159, 118, 0.18);\n  z-index: 1;\n}\n.lk-stay-card.featured {\n  background: linear-gradient(135deg, #fffdf9 0%, #fff9f0 100%);\n  box-shadow: 0 4px 16px rgba(195, 159, 118, 0.15), inset 0 1px 0 rgba(195, 159, 118, 0.1);\n}\n.lk-stay-card.featured:hover {\n  background: linear-gradient(135deg, #fffbf5 0%, #fff8ed 100%);\n  box-shadow: 0 8px 24px rgba(195, 159, 118, 0.25), inset 0 1px 0 rgba(195, 159, 118, 0.15);\n}\n\n.lk-stay-badge {\n  display: inline-flex;\n  align-items: center;\n  gap: 5px;\n  font-size: 10px;\n  font-weight: 500;\n  letter-spacing: 1.5px;\n  text-transform: uppercase;\n  padding: 5px 11px;\n  border-radius: 20px;\n  width: fit-content;\n}\n.badge-top     { background: linear-gradient(135deg, #c39f76 0%, #d4b188 100%); color: #fff; border: 1px solid #c39f76; font-weight: 600; box-shadow: 0 2px 8px rgba(195,159,118,0.3); }\n.badge-luxury  { background: rgba(195,159,118,.12); color: #c39f76; border: 1px solid rgba(195,159,118,.25); }\n.badge-boutique{ background: rgba(54,133,252,.08); color: #3685fc; border: 1px solid rgba(54,133,252,.2); }\n.badge-nature  { background: rgba(130,190,100,.1); color: #6b9c4a; border: 1px solid rgba(130,190,100,.2); }\n.badge-remote  { background: rgba(195,159,118,.12); color: #a67e50; border: 1px solid rgba(195,159,118,.25); }\n\n.lk-stay-name {\n  font-family: 'Playfair Display', Georgia, serif;\n  font-size: 18px;\n  font-weight: 700;\n  color: #111827;\n  line-height: 1.3;\n}\n.lk-stay-desc {\n  font-size: 13.5px;\n  color: #525252;\n  line-height: 1.65;\n  font-weight: 300;\n  flex: 1;\n}\n\n.lk-stay-meta {\n  display: flex;\n  align-items: center;\n  gap: 12px;\n  flex-wrap: wrap;\n  margin-top: 4px;\n}\n.lk-stay-price {\n  font-size: 13px;\n  color: #6b7280;\n}\n.lk-stay-price strong {\n  color: #c39f76;\n  font-weight: 500;\n}\n.lk-stay-stars {\n  color: #c39f76;\n  font-size: 11px;\n  letter-spacing: 1px;\n}\n\n\/* \u2500\u2500\u2500 CTA BUTTON \u2500\u2500\u2500 *\/\n.lk-stay-cta {\n  display: inline-flex;\n  align-items: center;\n  justify-content: center;\n  gap: 7px;\n  margin-top: 8px;\n  padding: 11px 20px;\n  border-radius: 8px;\n  background: linear-gradient(135deg, #3685fc 0%, #2a6fd9 100%);\n  color: #fff;\n  font-size: 13px;\n  font-weight: 500;\n  text-decoration: none;\n  letter-spacing: .3px;\n  transition: all .2s ease;\n  cursor: pointer;\n  border: none;\n  text-align: center;\n  box-shadow: 0 4px 12px rgba(54, 133, 252, 0.25);\n}\n.lk-stay-cta:hover {\n  background: linear-gradient(135deg, #2a6fd9 0%, #1e5bc4 100%);\n  transform: translateY(-1px);\n  box-shadow: 0 6px 16px rgba(54, 133, 252, 0.35);\n}\n.lk-stay-cta svg { flex-shrink: 0; }\n\n\/* \u2500\u2500\u2500 FOOTER \u2500\u2500\u2500 *\/\n.lk-stays-footer {\n  padding: 18px 36px;\n  background: linear-gradient(to bottom, #fdfaf5 0%, #f9f4ed 100%);\n  border-top: 1px solid rgba(195, 159, 118, 0.15);\n  display: flex;\n  align-items: center;\n  justify-content: space-between;\n  flex-wrap: wrap;\n  gap: 12px;\n}\n.lk-stays-footer-note {\n  font-size: 11.5px;\n  color: #6b7280;\n  font-weight: 300;\n  line-height: 1.5;\n}\n.lk-stays-footer-note a {\n  color: #c39f76;\n  text-decoration: none;\n  font-weight: 400;\n}\n.lk-stays-footer-note a:hover {\n  text-decoration: underline;\n}\n.lk-stays-all-btn {\n  display: inline-flex;\n  align-items: center;\n  gap: 6px;\n  font-size: 12.5px;\n  font-weight: 500;\n  color: #c39f76;\n  text-decoration: none;\n  border: 1px solid rgba(195, 159, 118, 0.35);\n  padding: 8px 18px;\n  border-radius: 8px;\n  transition: all .2s ease;\n}\n.lk-stays-all-btn:hover {\n  background: rgba(195, 159, 118, 0.08);\n  border-color: rgba(195, 159, 118, 0.5);\n}\n\n\/* \u2500\u2500\u2500 RESPONSIVE \u2500\u2500\u2500 *\/\n@media (max-width: 600px) {\n  .lk-stays-grid { grid-template-columns: 1fr; }\n  .lk-stays-header { padding: 24px 20px; }\n  .lk-stays-footer { padding: 16px 20px; }\n  .lk-stay-card { padding: 22px; }\n  .lk-stays-title { font-size: 20px; }\n}\n<\/style>\n\n  <!-- HEADER -->\n  <div class=\"lk-stays-header\">\n    <img decoding=\"async\" src=\"https:\/\/loudavymkrokem.cz\/wp-content\/uploads\/2026\/02\/lukas-a-lucka.jpg\" alt=\"\" style=\"width: 75px; height: 75px; border-radius: 8px; flex-shrink: 0; object-fit: cover; display: block; margin: 4px 0;\" title=\"\">\n    <div class=\"lk-stays-header-text\">\n      <div class=\"lk-stays-eyebrow\">Luk\u00e1\u0161 \u0219i Lucie recomand\u0103<\/div>\n      <div class=\"lk-stays-title\">Unde s\u0103 te cazezi \u00een Rio de Janeiro<\/div>\n      <div class=\"lk-stays-subtitle\">4 caz\u0103ri \u2014 hoteluri wellness, hoteluri \u0219i alte op\u021biuni de cazare<\/div>\n    <\/div>\n  <\/div>\n\n  <!-- CARDS -->\n  <div class=\"lk-stays-grid\">\n\n    <a class=\"lk-stay-card featured\" href=\"https:\/\/www.stay22.com\/allez\/roam?aid=lukaskonecny&#038;campaign=loudavymkrokemcz&#038;campaign=ro&#038;campaign=covidetvriodejaneiru&#038;address=Rio+de+Janeiro&#038;hotelname=Arena+Ipanema+Hotel&#038;search=Arena+Ipanema+Hotel&#038;category=accommodation\" target=\"_blank\" rel=\"nofollow noopener\">\n      <span class=\"lk-stay-badge badge-top\">\u2b50 TOP ALEGERE<\/span>\n      <span class=\"lk-stay-badge badge-nature\">\ud83c\udfd6\ufe0f Plaj\u0103<\/span>\n      <div class=\"lk-stay-name\">Arena Ipanema Hotel<\/div>\n      <div class=\"lk-stay-desc\">O alegere excelent\u0103 pe plaj\u0103 cu o piscin\u0103 pe acoperi\u0219 impresionant\u0103 cu vedere la ocean, la doar c\u00e2\u021biva pa\u0219i de faimosul Posto 8.<\/div>\n      <div class=\"lk-stay-meta\">\n        <span class=\"lk-stay-stars\">\u2605\u2605\u2605\u2605<\/span>\n        <span class=\"lk-stay-price\">Verific\u0103 pre\u021burile<\/span>\n      <\/div>\n      <span class=\"lk-stay-cta\">\n        <svg width=\"14\" height=\"14\" viewBox=\"0 0 24 24\" fill=\"none\" stroke=\"currentColor\" stroke-width=\"2\"><path d=\"M18 13v6a2 2 0 0 1-2 2H5a2 2 0 0 1-2-2V8a2 2 0 0 1 2-2h6\"\/><polyline points=\"15 3 21 3 21 9\"\/><line x1=\"10\" y1=\"14\" x2=\"21\" y2=\"3\"\/><\/svg>\n        Verific\u0103 disponibilitatea\n      <\/span>\n    <\/a>\n\n    <a class=\"lk-stay-card\" href=\"https:\/\/www.stay22.com\/allez\/roam?aid=lukaskonecny&#038;campaign=loudavymkrokemcz&#038;campaign=ro&#038;campaign=covidetvriodejaneiru&#038;address=Rio+de+Janeiro&#038;hotelname=Hotel+Fasano+Rio+de+Janeiro&#038;search=Hotel+Fasano+Rio+de+Janeiro&#038;category=accommodation\" target=\"_blank\" rel=\"nofollow noopener\">\n      <span class=\"lk-stay-badge badge-nature\">\u2b50 Lux<\/span>\n      <div class=\"lk-stay-name\">Hotel Fasano Rio de Janeiro<\/div>\n      <div class=\"lk-stay-desc\">Hotel de lux iconic, cu un design \u0219i o loca\u021bie de neegalat \u00een ora\u0219.<\/div>\n      <div class=\"lk-stay-meta\">\n        <span class=\"lk-stay-stars\">\u2605\u2605\u2605\u2605<\/span>\n        <span class=\"lk-stay-price\">Verific\u0103 pre\u021burile<\/span>\n      <\/div>\n      <span class=\"lk-stay-cta\">\n        <svg width=\"14\" height=\"14\" viewBox=\"0 0 24 24\" fill=\"none\" stroke=\"currentColor\" stroke-width=\"2\"><path d=\"M18 13v6a2 2 0 0 1-2 2H5a2 2 0 0 1-2-2V8a2 2 0 0 1 2-2h6\"\/><polyline points=\"15 3 21 3 21 9\"\/><line x1=\"10\" y1=\"14\" x2=\"21\" y2=\"3\"\/><\/svg>\n        Verific\u0103 disponibilitatea\n      <\/span>\n    <\/a>\n\n    <a class=\"lk-stay-card\" href=\"https:\/\/www.stay22.com\/allez\/roam?aid=lukaskonecny&#038;campaign=loudavymkrokemcz&#038;campaign=ro&#038;campaign=covidetvriodejaneiru&#038;address=Rio+de+Janeiro&#038;hotelname=Yoo2+Rio+de+Janeiro+by+Intercity&#038;search=Yoo2+Rio+de+Janeiro+by+Intercity&#038;category=accommodation\" target=\"_blank\" rel=\"nofollow noopener\">\n      <span class=\"lk-stay-badge badge-nature\">\ud83c\udfe8 Hotel<\/span>\n      <div class=\"lk-stay-name\">Yoo2 Rio de Janeiro by Intercity<\/div>\n      <div class=\"lk-stay-desc\">Hotel stilat cu vedere fantastic\u0103 la golful din Botafogo.<\/div>\n      <div class=\"lk-stay-meta\">\n        <span class=\"lk-stay-stars\">\u2605\u2605\u2605\u2605<\/span>\n        <span class=\"lk-stay-price\">Verific\u0103 pre\u021burile<\/span>\n      <\/div>\n      <span class=\"lk-stay-cta\">\n        <svg width=\"14\" height=\"14\" viewBox=\"0 0 24 24\" fill=\"none\" stroke=\"currentColor\" stroke-width=\"2\"><path d=\"M18 13v6a2 2 0 0 1-2 2H5a2 2 0 0 1-2-2V8a2 2 0 0 1 2-2h6\"\/><polyline points=\"15 3 21 3 21 9\"\/><line x1=\"10\" y1=\"14\" x2=\"21\" y2=\"3\"\/><\/svg>\n        Verific\u0103 disponibilitatea\n      <\/span>\n    <\/a>\n\n    <a class=\"lk-stay-card\" href=\"https:\/\/www.stay22.com\/allez\/roam?aid=lukaskonecny&#038;campaign=loudavymkrokemcz&#038;campaign=ro&#038;campaign=covidetvriodejaneiru&#038;address=rio%20de%20janeiro\" target=\"_blank\" rel=\"nofollow noopener\">\n      <span class=\"lk-stay-badge badge-nature\">\ud83d\udd0d Caut\u0103<\/span>\n      <div class=\"lk-stay-name\">Vezi toate caz\u0103rile din Rio de Janeiro<\/div>\n      <div class=\"lk-stay-desc\">Exploreaz\u0103 toate op\u021biunile de cazare disponibile \u00een Rio de Janeiro \u0219i g\u0103se\u0219te cea mai bun\u0103 potrivire pentru preferin\u021bele \u0219i bugetul t\u0103u.<\/div>\n      <div class=\"lk-stay-meta\">\n        <span class=\"lk-stay-stars\">\u2605\u2605\u2605\u2605<\/span>\n        <span class=\"lk-stay-price\">Compar\u0103 pre\u021burile<\/span>\n      <\/div>\n      <span class=\"lk-stay-cta\">\n        <svg width=\"14\" height=\"14\" viewBox=\"0 0 24 24\" fill=\"none\" stroke=\"currentColor\" stroke-width=\"2\"><path d=\"M18 13v6a2 2 0 0 1-2 2H5a2 2 0 0 1-2-2V8a2 2 0 0 1 2-2h6\"\/><polyline points=\"15 3 21 3 21 9\"\/><line x1=\"10\" y1=\"14\" x2=\"21\" y2=\"3\"\/><\/svg>\n        Verific\u0103 disponibilitatea\n      <\/span>\n    <\/a>\n\n  <\/div>\n\n  \n<\/div>\n\n\n\n\n<h3 class=\"wp-block-heading\"><span class=\"ez-toc-section\" id=\"12_Belvederea_Mirante_Dona_Marta\"><\/span>12. Belvederea Mirante Dona Marta<span class=\"ez-toc-section-end\"><\/span><\/h3>\n\n\n\n<p class=\"wp-block-paragraph\">Dac\u0103 e\u0219ti \u00een c\u0103utarea absolut celui mai bun loc pentru a fotografia ora\u0219ul f\u0103r\u0103 mul\u021bimi de turi\u0219ti, tocmai l-ai g\u0103sit. <strong>Mirante Dona Marta este o platform\u0103 de belvedere ascuns\u0103, de pe care vezi statuia lui Iisus \u0219i P\u00e2inea de Zah\u0103r \u00eentr-un singur cadru magic<\/strong>, ceea ce o face o comoar\u0103 nescris\u0103 printre fotografii locali. Se afl\u0103 la o altitudine de peste trei sute \u0219aizeci de metri \u0219i ofer\u0103 o a\u0219a-numit\u0103 perspectiv\u0103 de elicopter asupra \u00eentregii zone de sud a ora\u0219ului.<\/p>\n\n\n\n<p class=\"wp-block-paragraph\">Spre deosebire de aglomeratul Corcovado, aici domne\u0219te o lini\u0219te minunat\u0103 \u2014 adesea vei sta pe platforma uria\u0219\u0103 de beton complet singur, doar cu maimu\u021bele care iscodesc curioase din copacii din jur, iar \u00een plus intrarea este gratuit\u0103. Pl\u0103te\u0219ti doar transportul p\u00e2n\u0103 sus, pe \u0219oseaua abrupt\u0103 \u0219i \u0219erpuit\u0103 din jungl\u0103.<\/p>\n\n\n\n<p class=\"wp-block-paragraph\">\ud83d\udca1 Sfat: <strong>Spre belvedere nu circul\u0103 niciun transport public regulat, de aceea comand\u0103 un Uber de \u00eencredere<\/strong> \u0219i nu uita s\u0103 te \u00een\u021belegi cu \u0219oferul s\u0103 te a\u0219tepte acele dou\u0103zeci de minute, altfel ai putea avea mari probleme s\u0103 te \u00eentorci \u00een ora\u0219. Este \u0219i un loc fantastic pentru a privi r\u0103s\u0103ritul, c\u00e2nd ora\u0219ul abia se treze\u0219te din somnul de noapte.<\/p>\n\n\n\n<figure data-wp-context=\"{&quot;imageId&quot;:&quot;6a9c4ed10340f&quot;}\" data-wp-interactive=\"core\/image\" data-wp-key=\"6a9c4ed10340f\" class=\"wp-block-image size-full wp-lightbox-container\"><img decoding=\"async\" width=\"1600\" height=\"1200\" data-wp-class--hide=\"state.isContentHidden\" data-wp-class--show=\"state.isContentVisible\" data-wp-init=\"callbacks.setButtonStyles\" data-wp-on--click=\"actions.showLightbox\" data-wp-on--load=\"callbacks.setButtonStyles\" data-wp-on--pointerdown=\"actions.preloadImage\" data-wp-on--pointerenter=\"actions.preloadImageWithDelay\" data-wp-on--pointerleave=\"actions.cancelPreload\" data-wp-on-window--resize=\"callbacks.setButtonStyles\" src=\"https:\/\/loudavymkrokem.cz\/wp-content\/uploads\/2026\/09\/vista-chinesa.jpg\" alt=\"Pavilionul chinezesc Vista Chinesa\" class=\"wp-image-413213\" title=\"\" srcset=\"https:\/\/loudavymkrokem.cz\/wp-content\/uploads\/2026\/09\/vista-chinesa.jpg 1600w, https:\/\/loudavymkrokem.cz\/wp-content\/uploads\/2026\/09\/vista-chinesa-300x225.jpg 300w, https:\/\/loudavymkrokem.cz\/wp-content\/uploads\/2026\/09\/vista-chinesa-700x525.jpg 700w, https:\/\/loudavymkrokem.cz\/wp-content\/uploads\/2026\/09\/vista-chinesa-768x576.jpg 768w, https:\/\/loudavymkrokem.cz\/wp-content\/uploads\/2026\/09\/vista-chinesa-1536x1152.jpg 1536w, https:\/\/loudavymkrokem.cz\/wp-content\/uploads\/2026\/09\/vista-chinesa-80x60.jpg 80w, https:\/\/loudavymkrokem.cz\/wp-content\/uploads\/2026\/09\/vista-chinesa-160x120.jpg 160w, https:\/\/loudavymkrokem.cz\/wp-content\/uploads\/2026\/09\/vista-chinesa-696x522.jpg 696w, https:\/\/loudavymkrokem.cz\/wp-content\/uploads\/2026\/09\/vista-chinesa-1392x1044.jpg 1392w\" sizes=\"(max-width: 1600px) 100vw, 1600px\" \/><button\n\t\t\tclass=\"lightbox-trigger\"\n\t\t\ttype=\"button\"\n\t\t\taria-haspopup=\"dialog\"\n\t\t\tdata-wp-bind--aria-label=\"state.thisImage.triggerButtonAriaLabel\"\n\t\t\tdata-wp-init=\"callbacks.initTriggerButton\"\n\t\t\tdata-wp-on--click=\"actions.showLightbox\"\n\t\t\tdata-wp-style--right=\"state.thisImage.buttonRight\"\n\t\t\tdata-wp-style--top=\"state.thisImage.buttonTop\"\n\t\t>\n\t\t\t<svg xmlns=\"http:\/\/www.w3.org\/2000\/svg\" width=\"12\" height=\"12\" fill=\"none\" viewBox=\"0 0 12 12\">\n\t\t\t\t<path fill=\"#fff\" d=\"M2 0a2 2 0 0 0-2 2v2h1.5V2a.5.5 0 0 1 .5-.5h2V0H2Zm2 10.5H2a.5.5 0 0 1-.5-.5V8H0v2a2 2 0 0 0 2 2h2v-1.5ZM8 12v-1.5h2a.5.5 0 0 0 .5-.5V8H12v2a2 2 0 0 1-2 2H8Zm2-12a2 2 0 0 1 2 2v2h-1.5V2a.5.5 0 0 0-.5-.5H8V0h2Z\" \/>\n\t\t\t<\/svg>\n\t\t<\/button><figcaption class=\"wp-element-caption\">Foto: Ivo Barra \/ Google Maps<\/figcaption><\/figure>\n\n\n\n<h3 class=\"wp-block-heading\"><span class=\"ez-toc-section\" id=\"13_Pavilionul_chinezesc_Vista_Chinesa\"><\/span>13. Pavilionul chinezesc Vista Chinesa<span class=\"ez-toc-section-end\"><\/span><\/h3>\n\n\n\n<p class=\"wp-block-paragraph\">Ad\u00e2nc \u00een p\u0103durile parcului na\u021bional Tijuca vei da peste o construc\u021bie pe care sigur nu te-ai fi a\u0219teptat s-o g\u0103se\u0219ti \u00een jungla sud-american\u0103. <strong>Vista Chinesa este un superb pavilion oriental din 1903, ridicat \u00een cinstea imigran\u021bilor chinezi<\/strong>, care au adus \u00een Brazilia, \u00een secolul al XIX-lea, cultivarea ceaiului. Eleganta construc\u021bie cu acoperi\u0219 \u00een form\u0103 de pagod\u0103 se \u00eenal\u021b\u0103 la o altitudine de 380 de metri \u0219i formeaz\u0103 un contrast incredibil de fotogenic cu natura s\u0103lbatic\u0103 din jur.<\/p>\n\n\n\n<p class=\"wp-block-paragraph\">Priveli\u0219tea din acest loc este adesea considerat\u0103 una dintre cele mai romantice din tot ora\u0219ul, pentru c\u0103 \u00eencadreaz\u0103 perfect golful, mun\u021bii \u0219i plajele. <strong>Pe vreme senin\u0103 vei vedea din pavilion \u00eentreaga Ipanema, laguna Rodrigo de Freitas \u0219i v\u00e2rfurile \u00eendep\u0103rtate de la orizont<\/strong>, totul \u00eenr\u0103mat \u00een frunze bogate de palmier \u0219i feriga uria\u0219\u0103. Locul este foarte \u00eendr\u0103git de bicicli\u0219tii locali, pentru care urcarea aspr\u0103 spre pavilion este cea mai mare provocare sportiv\u0103.<\/p>\n\n\n\n<p class=\"wp-block-paragraph\">\ud83d\udca1 Sfat: <strong>Combin\u0103 vizita la pavilion cu apropiata cascad\u0103 Cachoeira dos Macacos<\/strong>, la care ajungi printr-o scurt\u0103 plimbare pe o potec\u0103 din jungl\u0103. Din nou se aplic\u0103 regula pruden\u021bei \u00een transport: \u0219oseaua este \u00eengust\u0103 \u0219i abrupt\u0103, de aceea vino aici exclusiv cu ma\u0219ina sau cu un tur organizat, nu pe jos de jos.<\/p>\n\n\n\n<figure data-wp-context=\"{&quot;imageId&quot;:&quot;6a9c4ed103874&quot;}\" data-wp-interactive=\"core\/image\" data-wp-key=\"6a9c4ed103874\" class=\"wp-block-image size-full wp-lightbox-container\"><img decoding=\"async\" width=\"1600\" height=\"2133\" data-wp-class--hide=\"state.isContentHidden\" data-wp-class--show=\"state.isContentVisible\" data-wp-init=\"callbacks.setButtonStyles\" data-wp-on--click=\"actions.showLightbox\" data-wp-on--load=\"callbacks.setButtonStyles\" data-wp-on--pointerdown=\"actions.preloadImage\" data-wp-on--pointerenter=\"actions.preloadImageWithDelay\" data-wp-on--pointerleave=\"actions.cancelPreload\" data-wp-on-window--resize=\"callbacks.setButtonStyles\" src=\"https:\/\/loudavymkrokem.cz\/wp-content\/uploads\/2026\/09\/zahrady.jpg\" alt=\"Gr\u0103dinile \u0219i vila Parque Lage\" class=\"wp-image-413218\" title=\"\" srcset=\"https:\/\/loudavymkrokem.cz\/wp-content\/uploads\/2026\/09\/zahrady.jpg 1600w, https:\/\/loudavymkrokem.cz\/wp-content\/uploads\/2026\/09\/zahrady-225x300.jpg 225w, https:\/\/loudavymkrokem.cz\/wp-content\/uploads\/2026\/09\/zahrady-700x933.jpg 700w, https:\/\/loudavymkrokem.cz\/wp-content\/uploads\/2026\/09\/zahrady-768x1024.jpg 768w, https:\/\/loudavymkrokem.cz\/wp-content\/uploads\/2026\/09\/zahrady-1152x1536.jpg 1152w, https:\/\/loudavymkrokem.cz\/wp-content\/uploads\/2026\/09\/zahrady-1536x2048.jpg 1536w, https:\/\/loudavymkrokem.cz\/wp-content\/uploads\/2026\/09\/zahrady-696x928.jpg 696w, https:\/\/loudavymkrokem.cz\/wp-content\/uploads\/2026\/09\/zahrady-1392x1856.jpg 1392w\" sizes=\"(max-width: 1600px) 100vw, 1600px\" \/><button\n\t\t\tclass=\"lightbox-trigger\"\n\t\t\ttype=\"button\"\n\t\t\taria-haspopup=\"dialog\"\n\t\t\tdata-wp-bind--aria-label=\"state.thisImage.triggerButtonAriaLabel\"\n\t\t\tdata-wp-init=\"callbacks.initTriggerButton\"\n\t\t\tdata-wp-on--click=\"actions.showLightbox\"\n\t\t\tdata-wp-style--right=\"state.thisImage.buttonRight\"\n\t\t\tdata-wp-style--top=\"state.thisImage.buttonTop\"\n\t\t>\n\t\t\t<svg xmlns=\"http:\/\/www.w3.org\/2000\/svg\" width=\"12\" height=\"12\" fill=\"none\" viewBox=\"0 0 12 12\">\n\t\t\t\t<path fill=\"#fff\" d=\"M2 0a2 2 0 0 0-2 2v2h1.5V2a.5.5 0 0 1 .5-.5h2V0H2Zm2 10.5H2a.5.5 0 0 1-.5-.5V8H0v2a2 2 0 0 0 2 2h2v-1.5ZM8 12v-1.5h2a.5.5 0 0 0 .5-.5V8H12v2a2 2 0 0 1-2 2H8Zm2-12a2 2 0 0 1 2 2v2h-1.5V2a.5.5 0 0 0-.5-.5H8V0h2Z\" \/>\n\t\t\t<\/svg>\n\t\t<\/button><figcaption class=\"wp-element-caption\">Foto: Emerson Zanoti \/ Google Maps<\/figcaption><\/figure>\n\n\n\n<h3 class=\"wp-block-heading\"><span class=\"ez-toc-section\" id=\"14_Gradinile_si_vila_Parque_Lage\"><\/span>14. Gr\u0103dinile \u0219i vila Parque Lage<span class=\"ez-toc-section-end\"><\/span><\/h3>\n\n\n\n<p class=\"wp-block-paragraph\">La poalele muntelui Corcovado se afl\u0103 unul dintre cele mai frumoase parcuri publice, care ascunde \u00een el o doz\u0103 uria\u0219\u0103 de elegan\u021b\u0103 european\u0103. <strong>Parque Lage este format din superbe gr\u0103dini subtropicale care \u00eenconjoar\u0103 o vil\u0103 uluitoare, \u00een stilul unui palat roman<\/strong>, ce serve\u0219te ast\u0103zi drept <a href=\"http:\/\/eavparquelage.rj.gov.br\/\" rel=\"nofollow noopener\" target=\"_blank\">prestigioas\u0103 \u0219coal\u0103 de arte vizuale<\/a>. Elementul dominant al \u00eentregii cur\u021bi interioare este un bazin pu\u021bin ad\u00e2nc, \u00een care, la unghiul potrivit, se oglinde\u0219te statuia lui Iisus M\u00e2ntuitorul, situat\u0103 sus.<\/p>\n\n\n\n<p class=\"wp-block-paragraph\">Parcul are o suprafa\u021b\u0103 de peste cincizeci de hectare \u0219i ofer\u0103 o evadare perfect\u0103 la umbra copacilor str\u0103vechi, a pe\u0219terilor artificiale \u0219i a turnule\u021belor romantice ascunse \u00een verdea\u021b\u0103. <strong>Pentru iubitorii de drume\u021bii acest loc este esen\u021bial, pentru c\u0103 tocmai din spatele vilei porne\u0219te poteca abrupt\u0103 din jungl\u0103 spre v\u00e2rful Corcovado<\/strong>, pe care o folosesc c\u0103l\u0103torii antrena\u021bi ca alternativ\u0103 gratuit\u0103 la trenul cu cremalier\u0103. Atmosfera locului este incredibil de relaxat\u0103, studen\u021bii la arte \u00ee\u0219i picteaz\u0103 aici tablourile, iar familiile organizeaz\u0103 picnicuri de weekend pe iarb\u0103.<\/p>\n\n\n\n<p class=\"wp-block-paragraph\">\ud83d\udca1 Sfat: <strong>\u00cen interiorul vilei istorice func\u021bioneaz\u0103 fermec\u0103toarea cafenea Plage Cafe<\/strong>, unde po\u021bi savura un mic dejun excelent, plin de fructe tropicale proaspete \u0219i specialit\u0103\u021bi cu br\u00e2nz\u0103, chiar l\u00e2ng\u0103 iconicul bazin. \u00ce\u021bi recomand s\u0103 vii chiar la ora de deschidere \u2014 \u00een timpul zilei se a\u0219teapt\u0103 foarte mult pentru o mas\u0103.<\/p>\n\n\n\n<figure data-wp-context=\"{&quot;imageId&quot;:&quot;6a9c4ed103c94&quot;}\" data-wp-interactive=\"core\/image\" data-wp-key=\"6a9c4ed103c94\" class=\"wp-block-image size-full wp-lightbox-container\"><img decoding=\"async\" width=\"1600\" height=\"900\" data-wp-class--hide=\"state.isContentHidden\" data-wp-class--show=\"state.isContentVisible\" data-wp-init=\"callbacks.setButtonStyles\" data-wp-on--click=\"actions.showLightbox\" data-wp-on--load=\"callbacks.setButtonStyles\" data-wp-on--pointerdown=\"actions.preloadImage\" data-wp-on--pointerenter=\"actions.preloadImageWithDelay\" data-wp-on--pointerleave=\"actions.cancelPreload\" data-wp-on-window--resize=\"callbacks.setButtonStyles\" src=\"https:\/\/loudavymkrokem.cz\/wp-content\/uploads\/2026\/09\/swap-412735-15.jpg\" alt=\"Muzeul de M\u00e2ine din Rio de Janeiro\" class=\"wp-image-413416\" title=\"\" srcset=\"https:\/\/loudavymkrokem.cz\/wp-content\/uploads\/2026\/09\/swap-412735-15.jpg 1600w, https:\/\/loudavymkrokem.cz\/wp-content\/uploads\/2026\/09\/swap-412735-15-300x169.jpg 300w, https:\/\/loudavymkrokem.cz\/wp-content\/uploads\/2026\/09\/swap-412735-15-700x394.jpg 700w, https:\/\/loudavymkrokem.cz\/wp-content\/uploads\/2026\/09\/swap-412735-15-768x432.jpg 768w, https:\/\/loudavymkrokem.cz\/wp-content\/uploads\/2026\/09\/swap-412735-15-1536x864.jpg 1536w, https:\/\/loudavymkrokem.cz\/wp-content\/uploads\/2026\/09\/swap-412735-15-696x392.jpg 696w, https:\/\/loudavymkrokem.cz\/wp-content\/uploads\/2026\/09\/swap-412735-15-1392x783.jpg 1392w\" sizes=\"(max-width: 1600px) 100vw, 1600px\" \/><button\n\t\t\tclass=\"lightbox-trigger\"\n\t\t\ttype=\"button\"\n\t\t\taria-haspopup=\"dialog\"\n\t\t\tdata-wp-bind--aria-label=\"state.thisImage.triggerButtonAriaLabel\"\n\t\t\tdata-wp-init=\"callbacks.initTriggerButton\"\n\t\t\tdata-wp-on--click=\"actions.showLightbox\"\n\t\t\tdata-wp-style--right=\"state.thisImage.buttonRight\"\n\t\t\tdata-wp-style--top=\"state.thisImage.buttonTop\"\n\t\t>\n\t\t\t<svg xmlns=\"http:\/\/www.w3.org\/2000\/svg\" width=\"12\" height=\"12\" fill=\"none\" viewBox=\"0 0 12 12\">\n\t\t\t\t<path fill=\"#fff\" d=\"M2 0a2 2 0 0 0-2 2v2h1.5V2a.5.5 0 0 1 .5-.5h2V0H2Zm2 10.5H2a.5.5 0 0 1-.5-.5V8H0v2a2 2 0 0 0 2 2h2v-1.5ZM8 12v-1.5h2a.5.5 0 0 0 .5-.5V8H12v2a2 2 0 0 1-2 2H8Zm2-12a2 2 0 0 1 2 2v2h-1.5V2a.5.5 0 0 0-.5-.5H8V0h2Z\" \/>\n\t\t\t<\/svg>\n\t\t<\/button><figcaption class=\"wp-element-caption\">Foto: Fadul \/ Google Maps<\/figcaption><\/figure>\n\n\n\n<h3 class=\"wp-block-heading\"><span class=\"ez-toc-section\" id=\"15_Muzeul_de_Maine_Museu_do_Amanha\"><\/span>15. Muzeul de M\u00e2ine (Museu do Amanh\u00e3)<span class=\"ez-toc-section-end\"><\/span><\/h3>\n\n\n\n<p class=\"wp-block-paragraph\">\u00cen cartierul portuar reamenajat Porto Maravilha a r\u0103s\u0103rit o construc\u021bie care a \u00eempins imediat arhitectura ora\u0219ului \u00een secolul XXI. <strong><a href=\"https:\/\/museudoamanha.org.br\/\" rel=\"nofollow noopener\" target=\"_blank\">Museu do Amanh\u00e3<\/a> este un muzeu fascinant de \u0219tiin\u021b\u0103 aplicat\u0103, dedicat viitorului omenirii<\/strong>, a c\u0103rui cl\u0103dire futurist\u0103 a fost proiectat\u0103 de celebrul arhitect spaniol Santiago Calatrava. Structura alb\u0103, care aminte\u0219te de scheletul uria\u0219 al unei p\u0103s\u0103ri preistorice sau de o nav\u0103 spa\u021bial\u0103, se prelunge\u0219te dramatic peste luciul apei \u0219i, de una singur\u0103, merit\u0103 o vizit\u0103 lung\u0103.<\/p>\n\n\n\n<p class=\"wp-block-paragraph\">\u00cen\u0103untru nu te a\u0219tepta la artefacte istorice pr\u0103fuite, ci la expozi\u021bii interactive pline de ecrane uria\u0219e, vizualiz\u0103ri de date \u0219i \u00eentreb\u0103ri incitante. <strong>Expozi\u021bia te oblig\u0103 s\u0103 reflectezi asupra schimb\u0103rilor climatice, cre\u0219terii popula\u021biei \u0219i sustenabilit\u0103\u021bii planetei noastre<\/strong>, ceea ce \u00een contextul uria\u0219ei \u0219i bogatei \u00een natur\u0103 Brazilii are un sens enorm. Muzeul arat\u0103 c\u0103 Rio nu este doar un ora\u0219 al plajelor \u0219i al carnavalului, ci \u0219i un centru modern de \u0219tiin\u021b\u0103 \u0219i inova\u021bie.<\/p>\n\n\n\n<p class=\"wp-block-paragraph\">\ud83d\udca1 Sfat: <strong>Biletele la muzeu trebuie adesea rezervate online cu mult timp \u00eenainte<\/strong>, pentru c\u0103 capacitatea zilnic\u0103 se epuizeaz\u0103 rapid, mai ales \u00een weekend. \u00cen jurul muzeului se \u00eentinde promenada lat\u0103 \u0219i sigur\u0103 Orla Conde, pe care te po\u021bi plimba minunat de-a lungul m\u0103rii, admir\u00e2nd uria\u0219ele murale de graffiti realizate de arti\u0219ti locali.<\/p>\n\n\n\n<figure data-wp-context=\"{&quot;imageId&quot;:&quot;6a9c4ed104093&quot;}\" data-wp-interactive=\"core\/image\" data-wp-key=\"6a9c4ed104093\" class=\"wp-block-image size-full wp-lightbox-container\"><img decoding=\"async\" width=\"1600\" height=\"1200\" data-wp-class--hide=\"state.isContentHidden\" data-wp-class--show=\"state.isContentVisible\" data-wp-init=\"callbacks.setButtonStyles\" data-wp-on--click=\"actions.showLightbox\" data-wp-on--load=\"callbacks.setButtonStyles\" data-wp-on--pointerdown=\"actions.preloadImage\" data-wp-on--pointerenter=\"actions.preloadImageWithDelay\" data-wp-on--pointerleave=\"actions.cancelPreload\" data-wp-on-window--resize=\"callbacks.setButtonStyles\" src=\"https:\/\/loudavymkrokem.cz\/wp-content\/uploads\/2026\/09\/swap-412735-16-f6e8010d.jpg\" alt=\"Muzeul de art\u0103 MAR din Rio de Janeiro\" class=\"wp-image-413444\" title=\"\" srcset=\"https:\/\/loudavymkrokem.cz\/wp-content\/uploads\/2026\/09\/swap-412735-16-f6e8010d.jpg 1600w, https:\/\/loudavymkrokem.cz\/wp-content\/uploads\/2026\/09\/swap-412735-16-f6e8010d-300x225.jpg 300w, https:\/\/loudavymkrokem.cz\/wp-content\/uploads\/2026\/09\/swap-412735-16-f6e8010d-700x525.jpg 700w, https:\/\/loudavymkrokem.cz\/wp-content\/uploads\/2026\/09\/swap-412735-16-f6e8010d-768x576.jpg 768w, https:\/\/loudavymkrokem.cz\/wp-content\/uploads\/2026\/09\/swap-412735-16-f6e8010d-1536x1152.jpg 1536w, https:\/\/loudavymkrokem.cz\/wp-content\/uploads\/2026\/09\/swap-412735-16-f6e8010d-80x60.jpg 80w, https:\/\/loudavymkrokem.cz\/wp-content\/uploads\/2026\/09\/swap-412735-16-f6e8010d-160x120.jpg 160w, https:\/\/loudavymkrokem.cz\/wp-content\/uploads\/2026\/09\/swap-412735-16-f6e8010d-696x522.jpg 696w, https:\/\/loudavymkrokem.cz\/wp-content\/uploads\/2026\/09\/swap-412735-16-f6e8010d-1392x1044.jpg 1392w\" sizes=\"(max-width: 1600px) 100vw, 1600px\" \/><button\n\t\t\tclass=\"lightbox-trigger\"\n\t\t\ttype=\"button\"\n\t\t\taria-haspopup=\"dialog\"\n\t\t\tdata-wp-bind--aria-label=\"state.thisImage.triggerButtonAriaLabel\"\n\t\t\tdata-wp-init=\"callbacks.initTriggerButton\"\n\t\t\tdata-wp-on--click=\"actions.showLightbox\"\n\t\t\tdata-wp-style--right=\"state.thisImage.buttonRight\"\n\t\t\tdata-wp-style--top=\"state.thisImage.buttonTop\"\n\t\t>\n\t\t\t<svg xmlns=\"http:\/\/www.w3.org\/2000\/svg\" width=\"12\" height=\"12\" fill=\"none\" viewBox=\"0 0 12 12\">\n\t\t\t\t<path fill=\"#fff\" d=\"M2 0a2 2 0 0 0-2 2v2h1.5V2a.5.5 0 0 1 .5-.5h2V0H2Zm2 10.5H2a.5.5 0 0 1-.5-.5V8H0v2a2 2 0 0 0 2 2h2v-1.5ZM8 12v-1.5h2a.5.5 0 0 0 .5-.5V8H12v2a2 2 0 0 1-2 2H8Zm2-12a2 2 0 0 1 2 2v2h-1.5V2a.5.5 0 0 0-.5-.5H8V0h2Z\" \/>\n\t\t\t<\/svg>\n\t\t<\/button><figcaption class=\"wp-element-caption\">Foto: Leila Mota \/ Google Maps<\/figcaption><\/figure>\n\n\n\n<h3 class=\"wp-block-heading\"><span class=\"ez-toc-section\" id=\"16_Muzeul_de_arta_MAR_Rio_Museum_of_Art\"><\/span>16. Muzeul de art\u0103 MAR (Rio Museum of Art)<span class=\"ez-toc-section-end\"><\/span><\/h3>\n\n\n\n<p class=\"wp-block-paragraph\"><strong>Muzeul de art\u0103 MAR (Rio Museum of Art) se afl\u0103 \u00eentr-un complex arhitectural unic<\/strong>, care a unit cu \u00eendr\u0103zneal\u0103 un vechi palat clasicist cu o cl\u0103dire modern\u0103 din sticl\u0103, printr-un acoperi\u0219 de beton ondulat. Acest contrast vizual surprinde exact esen\u021ba metropolei braziliene, unde vechiul se \u00eent\u00e2lne\u0219te necontenit cu noul.<\/p>\n\n\n\n<p class=\"wp-block-paragraph\">Muzeul se concentreaz\u0103 mai ales pe arta brazilian\u0103, cultura local\u0103 \u0219i istoria complex\u0103 a ora\u0219ului \u00eensu\u0219i, inclusiv istoria \u0219i via\u021ba din favele. <strong>De la etajul cel mai de sus, sub acoperi\u0219ul ondulat, se ofer\u0103 o priveli\u0219te fantastic\u0103 spre toat\u0103 pia\u021ba Pra\u00e7a Mau\u00e1 \u0219i spre vecinul Museu do Amanh\u00e3<\/strong>, o ocazie excelent\u0103 de a surprinde chipul modern al ora\u0219ului Rio din zbor de pas\u0103re. Expozi\u021biile sunt foarte variate, de la pictura clasic\u0103, trec\u00e2nd prin fotografie, p\u00e2n\u0103 la instala\u021bii moderne ale unor creatori tineri.<\/p>\n\n\n\n<p class=\"wp-block-paragraph\">\ud83d\udca1 Sfat: <strong>Dac\u0103 \u00ee\u021bi place arta, rezerv\u0103-\u021bi pentru vizita ambelor muzee din pia\u021ba Pra\u00e7a Mau\u00e1 o jum\u0103tate de zi \u00eentreag\u0103<\/strong>, pentru c\u0103 se completeaz\u0103 minunat. \u00cen plus, restaurantele locale din zona portului ofer\u0103 variante f\u0103r\u0103 carne excelente ale unor feluri braziliene, cum este de exemplu pastel de queijo, o gogoa\u0219\u0103 crocant\u0103 pr\u0103jit\u0103, umplut\u0103 cu br\u00e2nz\u0103 topit\u0103.<\/p>\n\n\n\n<figure data-wp-context=\"{&quot;imageId&quot;:&quot;6a9c4ed1044c8&quot;}\" data-wp-interactive=\"core\/image\" data-wp-key=\"6a9c4ed1044c8\" class=\"wp-block-image size-full wp-lightbox-container\"><img decoding=\"async\" width=\"1600\" height=\"1067\" data-wp-class--hide=\"state.isContentHidden\" data-wp-class--show=\"state.isContentVisible\" data-wp-init=\"callbacks.setButtonStyles\" data-wp-on--click=\"actions.showLightbox\" data-wp-on--load=\"callbacks.setButtonStyles\" data-wp-on--pointerdown=\"actions.preloadImage\" data-wp-on--pointerenter=\"actions.preloadImageWithDelay\" data-wp-on--pointerleave=\"actions.cancelPreload\" data-wp-on-window--resize=\"callbacks.setButtonStyles\" src=\"https:\/\/loudavymkrokem.cz\/wp-content\/uploads\/2026\/09\/centro-cultural-banco-do-brasil.jpg\" alt=\"Centro Cultural Banco do Brasil (CCBB)\" class=\"wp-image-413229\" title=\"\" srcset=\"https:\/\/loudavymkrokem.cz\/wp-content\/uploads\/2026\/09\/centro-cultural-banco-do-brasil.jpg 1600w, https:\/\/loudavymkrokem.cz\/wp-content\/uploads\/2026\/09\/centro-cultural-banco-do-brasil-300x200.jpg 300w, https:\/\/loudavymkrokem.cz\/wp-content\/uploads\/2026\/09\/centro-cultural-banco-do-brasil-700x467.jpg 700w, https:\/\/loudavymkrokem.cz\/wp-content\/uploads\/2026\/09\/centro-cultural-banco-do-brasil-768x512.jpg 768w, https:\/\/loudavymkrokem.cz\/wp-content\/uploads\/2026\/09\/centro-cultural-banco-do-brasil-1536x1024.jpg 1536w, https:\/\/loudavymkrokem.cz\/wp-content\/uploads\/2026\/09\/centro-cultural-banco-do-brasil-696x464.jpg 696w, https:\/\/loudavymkrokem.cz\/wp-content\/uploads\/2026\/09\/centro-cultural-banco-do-brasil-1392x928.jpg 1392w\" sizes=\"(max-width: 1600px) 100vw, 1600px\" \/><button\n\t\t\tclass=\"lightbox-trigger\"\n\t\t\ttype=\"button\"\n\t\t\taria-haspopup=\"dialog\"\n\t\t\tdata-wp-bind--aria-label=\"state.thisImage.triggerButtonAriaLabel\"\n\t\t\tdata-wp-init=\"callbacks.initTriggerButton\"\n\t\t\tdata-wp-on--click=\"actions.showLightbox\"\n\t\t\tdata-wp-style--right=\"state.thisImage.buttonRight\"\n\t\t\tdata-wp-style--top=\"state.thisImage.buttonTop\"\n\t\t>\n\t\t\t<svg xmlns=\"http:\/\/www.w3.org\/2000\/svg\" width=\"12\" height=\"12\" fill=\"none\" viewBox=\"0 0 12 12\">\n\t\t\t\t<path fill=\"#fff\" d=\"M2 0a2 2 0 0 0-2 2v2h1.5V2a.5.5 0 0 1 .5-.5h2V0H2Zm2 10.5H2a.5.5 0 0 1-.5-.5V8H0v2a2 2 0 0 0 2 2h2v-1.5ZM8 12v-1.5h2a.5.5 0 0 0 .5-.5V8H12v2a2 2 0 0 1-2 2H8Zm2-12a2 2 0 0 1 2 2v2h-1.5V2a.5.5 0 0 0-.5-.5H8V0h2Z\" \/>\n\t\t\t<\/svg>\n\t\t<\/button><figcaption class=\"wp-element-caption\">Foto: Centro Cultural Banco do Brasil (CCBB) \/ Google Maps<\/figcaption><\/figure>\n\n\n\n<h3 class=\"wp-block-heading\"><span class=\"ez-toc-section\" id=\"17_Centro_Cultural_Banco_do_Brasil_CCBB\"><\/span>17. Centro Cultural Banco do Brasil (CCBB)<span class=\"ez-toc-section-end\"><\/span><\/h3>\n\n\n\n<p class=\"wp-block-paragraph\">\u00cen inima comercial\u0103 agitat\u0103 a ora\u0219ului se afl\u0103 unul dintre cele mai vizitate \u0219i mai bine evaluate centre culturale din lume. <strong>Centro Cultural Banco do Brasil este g\u0103zduit \u00eentr-o cl\u0103dire neoclasic\u0103 care \u00ee\u021bi taie respira\u021bia, din 1906<\/strong>, ce servea odinioar\u0103 drept sediu principal al unei b\u0103nci puternice, iar ast\u0103zi g\u0103zduie\u0219te cele mai prestigioase expozi\u021bii interna\u021bionale. Chiar \u0219i simpla intrare \u00een holul uria\u0219, cu cupol\u0103 de sticl\u0103 \u0219i sc\u0103ri de marmur\u0103 decorate, este o experien\u021b\u0103 cople\u0219itoare, care te transport\u0103 \u00een vremea celei mai mari bog\u0103\u021bii.<\/p>\n\n\n\n<p class=\"wp-block-paragraph\">Pe l\u00e2ng\u0103 galeriile de art\u0103 \u00eentinse, acest complex uria\u0219 ofer\u0103 \u0219i un cinematograf propriu, s\u0103li de teatru \u0219i c\u00e2teva etaje de expozi\u021bii care se schimb\u0103 necontenit. <strong>Cel mai bun lucru la \u00eentregul centru este c\u0103 intrarea la marea majoritate a expozi\u021biilor \u0219i \u00een cl\u0103direa propriu-zis\u0103 este complet gratuit\u0103<\/strong>, ceea ce \u00eel face un loc incredibil de accesibil pentru to\u021bi iubitorii de cultur\u0103. Programul este \u00eentotdeauna atent alc\u0103tuit \u0219i adesea vei g\u0103si aici retrospective fascinante ale unor arti\u0219ti celebri, din lume \u0219i din Brazilia.<\/p>\n\n\n\n<p class=\"wp-block-paragraph\">\ud83d\udca1 Sfat: <strong>Dup\u0103 ce vizitezi expozi\u021biile, opre\u0219te-te \u00een cafeneaua istoric\u0103 de la parter<\/strong>, care \u0219i-a p\u0103strat decora\u021biunile bancare originale, \u0219i ia un espresso brazilian tare. Cl\u0103direa se afl\u0103 \u00een centrul ora\u0219ului, care se gole\u0219te rapid dup\u0103 programul de lucru, de aceea vino aici neap\u0103rat ziua \u0219i evit\u0103 mai bine plimb\u0103rile de sear\u0103 prin zon\u0103.<\/p>\n\n\n\n<figure data-wp-context=\"{&quot;imageId&quot;:&quot;6a9c4ed1048df&quot;}\" data-wp-interactive=\"core\/image\" data-wp-key=\"6a9c4ed1048df\" class=\"wp-block-image size-full wp-lightbox-container\"><img decoding=\"async\" width=\"490\" height=\"480\" data-wp-class--hide=\"state.isContentHidden\" data-wp-class--show=\"state.isContentVisible\" data-wp-init=\"callbacks.setButtonStyles\" data-wp-on--click=\"actions.showLightbox\" data-wp-on--load=\"callbacks.setButtonStyles\" data-wp-on--pointerdown=\"actions.preloadImage\" data-wp-on--pointerenter=\"actions.preloadImageWithDelay\" data-wp-on--pointerleave=\"actions.cancelPreload\" data-wp-on-window--resize=\"callbacks.setButtonStyles\" src=\"https:\/\/loudavymkrokem.cz\/wp-content\/uploads\/2026\/09\/theatro-municipal-do-rio-de-janeiro.jpg\" alt=\"Theatro Municipal do Rio de Janeiro\" class=\"wp-image-413233\" title=\"\" srcset=\"https:\/\/loudavymkrokem.cz\/wp-content\/uploads\/2026\/09\/theatro-municipal-do-rio-de-janeiro.jpg 490w, https:\/\/loudavymkrokem.cz\/wp-content\/uploads\/2026\/09\/theatro-municipal-do-rio-de-janeiro-300x294.jpg 300w\" sizes=\"(max-width: 490px) 100vw, 490px\" \/><button\n\t\t\tclass=\"lightbox-trigger\"\n\t\t\ttype=\"button\"\n\t\t\taria-haspopup=\"dialog\"\n\t\t\tdata-wp-bind--aria-label=\"state.thisImage.triggerButtonAriaLabel\"\n\t\t\tdata-wp-init=\"callbacks.initTriggerButton\"\n\t\t\tdata-wp-on--click=\"actions.showLightbox\"\n\t\t\tdata-wp-style--right=\"state.thisImage.buttonRight\"\n\t\t\tdata-wp-style--top=\"state.thisImage.buttonTop\"\n\t\t>\n\t\t\t<svg xmlns=\"http:\/\/www.w3.org\/2000\/svg\" width=\"12\" height=\"12\" fill=\"none\" viewBox=\"0 0 12 12\">\n\t\t\t\t<path fill=\"#fff\" d=\"M2 0a2 2 0 0 0-2 2v2h1.5V2a.5.5 0 0 1 .5-.5h2V0H2Zm2 10.5H2a.5.5 0 0 1-.5-.5V8H0v2a2 2 0 0 0 2 2h2v-1.5ZM8 12v-1.5h2a.5.5 0 0 0 .5-.5V8H12v2a2 2 0 0 1-2 2H8Zm2-12a2 2 0 0 1 2 2v2h-1.5V2a.5.5 0 0 0-.5-.5H8V0h2Z\" \/>\n\t\t\t<\/svg>\n\t\t<\/button><figcaption class=\"wp-element-caption\">Foto: Ralph Schmidt \/ Google Maps<\/figcaption><\/figure>\n\n\n\n<h3 class=\"wp-block-heading\"><span class=\"ez-toc-section\" id=\"18_Theatro_Municipal_do_Rio_de_Janeiro\"><\/span>18. Theatro Municipal do Rio de Janeiro<span class=\"ez-toc-section-end\"><\/span><\/h3>\n\n\n\n<p class=\"wp-block-paragraph\">\u00cen pia\u021ba Cinel\u00e2ndia se afl\u0103 o cl\u0103dire care, prin \u00eenf\u0103\u021bi\u0219area ei, trimite clar la uria\u0219a influen\u021b\u0103 european\u0103 din istoria ora\u0219ului. <strong><a href=\"http:\/\/theatromunicipal.rj.gov.br\/\" rel=\"nofollow noopener\" target=\"_blank\">Theatro Municipal<\/a> este un teatru somptuos din 1909, construit \u00een stil parizian<\/strong>, care serve\u0219te drept principala scen\u0103 pentru spectacole de balet, oper\u0103 \u0219i muzic\u0103 clasic\u0103 din toat\u0103 Brazilia. Fa\u021bada lui este bogat decorat\u0103 cu aur, coloane masive \u0219i sculpturi complexe, ceea ce \u00eel face una dintre cele mai frumoase cl\u0103diri din toat\u0103 \u021bara.<\/p>\n\n\n\n<p class=\"wp-block-paragraph\">Chiar dac\u0103 nu pl\u0103nuie\u0219ti s\u0103 mergi la vreun spectacol de sear\u0103, interiorul acestei cl\u0103diri merit\u0103 cu siguran\u021b\u0103 aten\u021bia ta. <strong>Po\u021bi participa la un tur ghidat, care te va conduce prin foaierul uluitor, sala de spectacole \u0219i saloanele luxoase<\/strong>, decorate cu vitralii superbe \u0219i picturi murale. Este un contrast uria\u0219 fa\u021b\u0103 de cultura relaxat\u0103 de plaj\u0103, care \u00ee\u021bi va ar\u0103ta ora\u0219ul Rio ca pe un ora\u0219 m\u00e2ndru, cu o profund\u0103 tradi\u021bie intelectual\u0103.<\/p>\n\n\n\n<p class=\"wp-block-paragraph\">\ud83d\udca1 Sfat: <strong>\u00cen fa\u021ba teatrului se adun\u0103 adesea arti\u0219ti \u0219i muzican\u021bi stradali<\/strong>, a\u0219a c\u0103 pia\u021ba Cinel\u00e2ndia \u00een sine ofer\u0103 un spectacol gratuit excelent. Dac\u0103 totu\u0219i ai vrea s\u0103 prinzi un spectacol, biletele la balet se pot g\u0103si la pre\u021buri foarte accesibile, dar cer m\u0103car o \u021binut\u0103 decent\u0103 \u2014 cu papucii de plaj\u0103 nu treci pe aici.<\/p>\n\n\n\n<figure data-wp-context=\"{&quot;imageId&quot;:&quot;6a9c4ed104d2e&quot;}\" data-wp-interactive=\"core\/image\" data-wp-key=\"6a9c4ed104d2e\" class=\"wp-block-image size-full wp-lightbox-container\"><img decoding=\"async\" width=\"1600\" height=\"1200\" data-wp-class--hide=\"state.isContentHidden\" data-wp-class--show=\"state.isContentVisible\" data-wp-init=\"callbacks.setButtonStyles\" data-wp-on--click=\"actions.showLightbox\" data-wp-on--load=\"callbacks.setButtonStyles\" data-wp-on--pointerdown=\"actions.preloadImage\" data-wp-on--pointerenter=\"actions.preloadImageWithDelay\" data-wp-on--pointerleave=\"actions.cancelPreload\" data-wp-on-window--resize=\"callbacks.setButtonStyles\" src=\"https:\/\/loudavymkrokem.cz\/wp-content\/uploads\/2026\/09\/catedral-metropolitana-de-s-o-sebasti-o.jpg\" alt=\"Catedral Metropolitana de S\u00e3o Sebasti\u00e3o\" class=\"wp-image-413238\" title=\"\" srcset=\"https:\/\/loudavymkrokem.cz\/wp-content\/uploads\/2026\/09\/catedral-metropolitana-de-s-o-sebasti-o.jpg 1600w, https:\/\/loudavymkrokem.cz\/wp-content\/uploads\/2026\/09\/catedral-metropolitana-de-s-o-sebasti-o-300x225.jpg 300w, https:\/\/loudavymkrokem.cz\/wp-content\/uploads\/2026\/09\/catedral-metropolitana-de-s-o-sebasti-o-700x525.jpg 700w, https:\/\/loudavymkrokem.cz\/wp-content\/uploads\/2026\/09\/catedral-metropolitana-de-s-o-sebasti-o-768x576.jpg 768w, https:\/\/loudavymkrokem.cz\/wp-content\/uploads\/2026\/09\/catedral-metropolitana-de-s-o-sebasti-o-1536x1152.jpg 1536w, https:\/\/loudavymkrokem.cz\/wp-content\/uploads\/2026\/09\/catedral-metropolitana-de-s-o-sebasti-o-80x60.jpg 80w, https:\/\/loudavymkrokem.cz\/wp-content\/uploads\/2026\/09\/catedral-metropolitana-de-s-o-sebasti-o-160x120.jpg 160w, https:\/\/loudavymkrokem.cz\/wp-content\/uploads\/2026\/09\/catedral-metropolitana-de-s-o-sebasti-o-696x522.jpg 696w, https:\/\/loudavymkrokem.cz\/wp-content\/uploads\/2026\/09\/catedral-metropolitana-de-s-o-sebasti-o-1392x1044.jpg 1392w\" sizes=\"(max-width: 1600px) 100vw, 1600px\" \/><button\n\t\t\tclass=\"lightbox-trigger\"\n\t\t\ttype=\"button\"\n\t\t\taria-haspopup=\"dialog\"\n\t\t\tdata-wp-bind--aria-label=\"state.thisImage.triggerButtonAriaLabel\"\n\t\t\tdata-wp-init=\"callbacks.initTriggerButton\"\n\t\t\tdata-wp-on--click=\"actions.showLightbox\"\n\t\t\tdata-wp-style--right=\"state.thisImage.buttonRight\"\n\t\t\tdata-wp-style--top=\"state.thisImage.buttonTop\"\n\t\t>\n\t\t\t<svg xmlns=\"http:\/\/www.w3.org\/2000\/svg\" width=\"12\" height=\"12\" fill=\"none\" viewBox=\"0 0 12 12\">\n\t\t\t\t<path fill=\"#fff\" d=\"M2 0a2 2 0 0 0-2 2v2h1.5V2a.5.5 0 0 1 .5-.5h2V0H2Zm2 10.5H2a.5.5 0 0 1-.5-.5V8H0v2a2 2 0 0 0 2 2h2v-1.5ZM8 12v-1.5h2a.5.5 0 0 0 .5-.5V8H12v2a2 2 0 0 1-2 2H8Zm2-12a2 2 0 0 1 2 2v2h-1.5V2a.5.5 0 0 0-.5-.5H8V0h2Z\" \/>\n\t\t\t<\/svg>\n\t\t<\/button><figcaption class=\"wp-element-caption\">Foto: Roberto Fernandes \/ Google Maps<\/figcaption><\/figure>\n\n\n\n<h3 class=\"wp-block-heading\"><span class=\"ez-toc-section\" id=\"19_Catedral_Metropolitana_de_Sao_Sebastiao\"><\/span>19. Catedral Metropolitana de S\u00e3o Sebasti\u00e3o<span class=\"ez-toc-section-end\"><\/span><\/h3>\n\n\n\n<p class=\"wp-block-paragraph\">Iubitorii de arhitectur\u0103 neobi\u0219nuit\u0103 nu ar trebui deloc s\u0103 rateze o construc\u021bie care la prima vedere nu arat\u0103 deloc a l\u0103ca\u0219 cre\u0219tin. <strong>Catedral Metropolitana este o catedral\u0103 modern\u0103 de beton, \u00een form\u0103 de piramid\u0103 maya\u0219\u0103 uria\u0219\u0103<\/strong>, care a fost inaugurat\u0103 solemn \u00een 1979 \u0219i reprezint\u0103 cea mai neobi\u0219nuit\u0103 biseric\u0103 pe care o vei vedea \u00een America Latin\u0103. Exteriorul ei gri pare, ce-i drept, cam auster \u0219i masiv, dar adev\u0103rata magie se ascunde \u00een\u0103untru.<\/p>\n\n\n\n<p class=\"wp-block-paragraph\">De \u00eendat\u0103 ce treci pragul acestei cl\u0103diri \u00eenalte de \u0219aptezeci \u0219i cinci de metri, te vei afla \u00eentr-un spa\u021biu uria\u0219, sc\u0103ldat \u00een soare, f\u0103r\u0103 niciun st\u00e2lp de sus\u021binere. <strong>De la podea p\u00e2n\u0103 la tavan se \u00eentind patru vitralii gigantice colorate, care formeaz\u0103 o cruce uria\u0219\u0103 de lumin\u0103<\/strong> \u0219i creeaz\u0103 \u00een\u0103untru o atmosfer\u0103 incredibil de spiritual\u0103 \u0219i mistic\u0103. Catedrala \u00eencape incredibilul num\u0103r de dou\u0103zeci de mii de credincio\u0219i, iar acustica ei la c\u00e2ntul coral este de-a dreptul fenomenal\u0103.<\/p>\n\n\n\n<p class=\"wp-block-paragraph\">\ud83d\udca1 Sfat: <strong>C\u00e2nd fotografiezi interiorul, a\u0219az\u0103-te exact \u00een mijlocul podelei \u0219i \u00eendreapt\u0103 obiectivul perpendicular \u00een sus<\/strong>, ob\u021bin\u00e2nd astfel un cadru perfect simetric al crucii colorate de pe tavan. Vizita la catedral\u0103 este rapid\u0103 \u0219i o combini u\u0219or cu turul apropiatului apeduct Arcos da Lapa, care se afl\u0103 la doar c\u00e2teva minute de mers pe jos.<\/p>\n\n\n\n<figure data-wp-context=\"{&quot;imageId&quot;:&quot;6a9c4ed10566d&quot;}\" data-wp-interactive=\"core\/image\" data-wp-key=\"6a9c4ed10566d\" class=\"wp-block-image size-full wp-lightbox-container\"><img decoding=\"async\" width=\"1600\" height=\"1628\" data-wp-class--hide=\"state.isContentHidden\" data-wp-class--show=\"state.isContentVisible\" data-wp-init=\"callbacks.setButtonStyles\" data-wp-on--click=\"actions.showLightbox\" data-wp-on--load=\"callbacks.setButtonStyles\" data-wp-on--pointerdown=\"actions.preloadImage\" data-wp-on--pointerenter=\"actions.preloadImageWithDelay\" data-wp-on--pointerleave=\"actions.cancelPreload\" data-wp-on-window--resize=\"callbacks.setButtonStyles\" src=\"https:\/\/loudavymkrokem.cz\/wp-content\/uploads\/2026\/09\/museu-da-rep-blica.jpg\" alt=\"Museu da Rep\u00fablica (Pal\u00e1cio do Catete)\" class=\"wp-image-413242\" title=\"\" srcset=\"https:\/\/loudavymkrokem.cz\/wp-content\/uploads\/2026\/09\/museu-da-rep-blica.jpg 1600w, https:\/\/loudavymkrokem.cz\/wp-content\/uploads\/2026\/09\/museu-da-rep-blica-295x300.jpg 295w, https:\/\/loudavymkrokem.cz\/wp-content\/uploads\/2026\/09\/museu-da-rep-blica-700x712.jpg 700w, https:\/\/loudavymkrokem.cz\/wp-content\/uploads\/2026\/09\/museu-da-rep-blica-768x781.jpg 768w, https:\/\/loudavymkrokem.cz\/wp-content\/uploads\/2026\/09\/museu-da-rep-blica-1510x1536.jpg 1510w, https:\/\/loudavymkrokem.cz\/wp-content\/uploads\/2026\/09\/museu-da-rep-blica-696x708.jpg 696w, https:\/\/loudavymkrokem.cz\/wp-content\/uploads\/2026\/09\/museu-da-rep-blica-1392x1416.jpg 1392w\" sizes=\"(max-width: 1600px) 100vw, 1600px\" \/><button\n\t\t\tclass=\"lightbox-trigger\"\n\t\t\ttype=\"button\"\n\t\t\taria-haspopup=\"dialog\"\n\t\t\tdata-wp-bind--aria-label=\"state.thisImage.triggerButtonAriaLabel\"\n\t\t\tdata-wp-init=\"callbacks.initTriggerButton\"\n\t\t\tdata-wp-on--click=\"actions.showLightbox\"\n\t\t\tdata-wp-style--right=\"state.thisImage.buttonRight\"\n\t\t\tdata-wp-style--top=\"state.thisImage.buttonTop\"\n\t\t>\n\t\t\t<svg xmlns=\"http:\/\/www.w3.org\/2000\/svg\" width=\"12\" height=\"12\" fill=\"none\" viewBox=\"0 0 12 12\">\n\t\t\t\t<path fill=\"#fff\" d=\"M2 0a2 2 0 0 0-2 2v2h1.5V2a.5.5 0 0 1 .5-.5h2V0H2Zm2 10.5H2a.5.5 0 0 1-.5-.5V8H0v2a2 2 0 0 0 2 2h2v-1.5ZM8 12v-1.5h2a.5.5 0 0 0 .5-.5V8H12v2a2 2 0 0 1-2 2H8Zm2-12a2 2 0 0 1 2 2v2h-1.5V2a.5.5 0 0 0-.5-.5H8V0h2Z\" \/>\n\t\t\t<\/svg>\n\t\t<\/button><figcaption class=\"wp-element-caption\">Foto: Fabio Alves \/ Google Maps<\/figcaption><\/figure>\n\n\n\n<h3 class=\"wp-block-heading\"><span class=\"ez-toc-section\" id=\"20_Museu_da_Republica_Palacio_do_Catete\"><\/span>20. Museu da Rep\u00fablica (Pal\u00e1cio do Catete)<span class=\"ez-toc-section-end\"><\/span><\/h3>\n\n\n\n<p class=\"wp-block-paragraph\">Pentru a \u00een\u021belege istoria politic\u0103 complex\u0103 a acestei \u021b\u0103ri uria\u0219e, o vizit\u0103 la fostul sediu preziden\u021bial este absolut esen\u021bial\u0103. <strong>Museu da Rep\u00fablica este g\u0103zduit \u00een somptuosul palat Pal\u00e1cio do Catete, care a func\u021bionat ca re\u0219edin\u021b\u0103 a pre\u0219edin\u021bilor brazilieni<\/strong> p\u00e2n\u0103 \u00een 1960, c\u00e2nd capitala s-a mutat \u00een nou-construita Bras\u00edlia. Palatul este o mostr\u0103 de lux incredibil, s\u0103lile lui sunt decorate cu lemn pre\u021bios, oglinzi vene\u021biene \u0219i uria\u0219e candelabre de cristal.<\/p>\n\n\n\n<p class=\"wp-block-paragraph\">Expozi\u021bia te va purta prin toate momentele-cheie ale republicii braziliene, de la proclamarea ei p\u00e2n\u0103 la evenimentele dramatice ale secolului XX. Cel mai mult te va impresiona camera p\u0103strat\u0103 a pre\u0219edintelui Get\u00falio Vargas, care s-a sinucis aici \u00een 1954 \u2014 muzeul expune \u0219i scrisoarea lui de adio, iar acesta este unul dintre locurile \u00een care istoria devine dintr-odat\u0103 foarte concret\u0103 \u00een fa\u021ba ta. \u00cen spatele palatului se \u00eentind, \u00een plus, gr\u0103dini franceze \u00eentinse, pline de palmieri \u00eenal\u021bi \u0219i iazuri artificiale, care ofer\u0103 o umbr\u0103 pl\u0103cut\u0103 pentru odihn\u0103.<\/p>\n\n\n\n<p class=\"wp-block-paragraph\">\ud83d\udca1 Sfat: <strong>Intrarea \u00een superbele gr\u0103dini din spate este complet gratuit\u0103, iar localnicii le folosesc din plin pentru plimb\u0103ri \u0219i relaxare<\/strong>, a\u0219a c\u0103, chiar dac\u0103 nu ai chef de istorie \u00een muzeu, nu rata gr\u0103dinile. Se afl\u0103 chiar l\u00e2ng\u0103 sta\u021bia de metrou Catete, a\u0219a c\u0103 accesul din cartierele de plaj\u0103 din sudul ora\u0219ului este absolut f\u0103r\u0103 probleme \u0219i rapid.<\/p>\n\n\n\n<figure data-wp-context=\"{&quot;imageId&quot;:&quot;6a9c4ed105eba&quot;}\" data-wp-interactive=\"core\/image\" data-wp-key=\"6a9c4ed105eba\" class=\"wp-block-image size-full wp-lightbox-container\"><img decoding=\"async\" width=\"1600\" height=\"1200\" data-wp-class--hide=\"state.isContentHidden\" data-wp-class--show=\"state.isContentVisible\" data-wp-init=\"callbacks.setButtonStyles\" data-wp-on--click=\"actions.showLightbox\" data-wp-on--load=\"callbacks.setButtonStyles\" data-wp-on--pointerdown=\"actions.preloadImage\" data-wp-on--pointerenter=\"actions.preloadImageWithDelay\" data-wp-on--pointerleave=\"actions.cancelPreload\" data-wp-on-window--resize=\"callbacks.setButtonStyles\" src=\"https:\/\/loudavymkrokem.cz\/wp-content\/uploads\/2026\/09\/espa-o-cultural-da-marinha.jpg\" alt=\"Espa\u00e7o Cultural da Marinha\" class=\"wp-image-413243\" title=\"\" srcset=\"https:\/\/loudavymkrokem.cz\/wp-content\/uploads\/2026\/09\/espa-o-cultural-da-marinha.jpg 1600w, https:\/\/loudavymkrokem.cz\/wp-content\/uploads\/2026\/09\/espa-o-cultural-da-marinha-300x225.jpg 300w, https:\/\/loudavymkrokem.cz\/wp-content\/uploads\/2026\/09\/espa-o-cultural-da-marinha-700x525.jpg 700w, https:\/\/loudavymkrokem.cz\/wp-content\/uploads\/2026\/09\/espa-o-cultural-da-marinha-768x576.jpg 768w, https:\/\/loudavymkrokem.cz\/wp-content\/uploads\/2026\/09\/espa-o-cultural-da-marinha-1536x1152.jpg 1536w, https:\/\/loudavymkrokem.cz\/wp-content\/uploads\/2026\/09\/espa-o-cultural-da-marinha-80x60.jpg 80w, https:\/\/loudavymkrokem.cz\/wp-content\/uploads\/2026\/09\/espa-o-cultural-da-marinha-160x120.jpg 160w, https:\/\/loudavymkrokem.cz\/wp-content\/uploads\/2026\/09\/espa-o-cultural-da-marinha-696x522.jpg 696w, https:\/\/loudavymkrokem.cz\/wp-content\/uploads\/2026\/09\/espa-o-cultural-da-marinha-1392x1044.jpg 1392w\" sizes=\"(max-width: 1600px) 100vw, 1600px\" \/><button\n\t\t\tclass=\"lightbox-trigger\"\n\t\t\ttype=\"button\"\n\t\t\taria-haspopup=\"dialog\"\n\t\t\tdata-wp-bind--aria-label=\"state.thisImage.triggerButtonAriaLabel\"\n\t\t\tdata-wp-init=\"callbacks.initTriggerButton\"\n\t\t\tdata-wp-on--click=\"actions.showLightbox\"\n\t\t\tdata-wp-style--right=\"state.thisImage.buttonRight\"\n\t\t\tdata-wp-style--top=\"state.thisImage.buttonTop\"\n\t\t>\n\t\t\t<svg xmlns=\"http:\/\/www.w3.org\/2000\/svg\" width=\"12\" height=\"12\" fill=\"none\" viewBox=\"0 0 12 12\">\n\t\t\t\t<path fill=\"#fff\" d=\"M2 0a2 2 0 0 0-2 2v2h1.5V2a.5.5 0 0 1 .5-.5h2V0H2Zm2 10.5H2a.5.5 0 0 1-.5-.5V8H0v2a2 2 0 0 0 2 2h2v-1.5ZM8 12v-1.5h2a.5.5 0 0 0 .5-.5V8H12v2a2 2 0 0 1-2 2H8Zm2-12a2 2 0 0 1 2 2v2h-1.5V2a.5.5 0 0 0-.5-.5H8V0h2Z\" \/>\n\t\t\t<\/svg>\n\t\t<\/button><figcaption class=\"wp-element-caption\">Foto: Heber iba\u00f1ez \/ Google Maps<\/figcaption><\/figure>\n\n\n\n<h3 class=\"wp-block-heading\"><span class=\"ez-toc-section\" id=\"21_Espaco_Cultural_da_Marinha\"><\/span>21. Espa\u00e7o Cultural da Marinha<span class=\"ez-toc-section-end\"><\/span><\/h3>\n\n\n\n<p class=\"wp-block-paragraph\">Dac\u0103 te mi\u0219ti prin centrul istoric aproape de port, vei da peste un muzeu fascinant, pe care nu-l vor aprecia doar fanii istoriei militare. <strong>Espa\u00e7o Cultural da Marinha este un vast muzeu naval, care \u00ee\u021bi permite s\u0103 arunci o privire asupra bogatei tradi\u021bii maritime a Braziliei<\/strong>, o \u021bar\u0103 cu unul dintre cele mai lungi litoraluri din lume. Expozi\u021bia exterioar\u0103 este plin\u0103 de tunuri istorice, torpile vechi \u0219i ancore uria\u0219e risipite de-a lungul falezei sc\u0103ldate \u00een soare.<\/p>\n\n\n\n<p class=\"wp-block-paragraph\">Cea mai mare atrac\u021bie a \u00eentregii incinte sunt \u00eens\u0103 vapoarele adev\u0103rate, prin care te po\u021bi c\u0103\u021b\u0103ra frumos de la cala din fund p\u00e2n\u0103 la puntea de comand\u0103. <strong>Cea mai mare experien\u021b\u0103 o ofer\u0103 vizitarea submarinului militar scos din uz Riachuelo \u0219i a replicii fidele a unei vechi cor\u0103bii de explorare<\/strong>, care arat\u0103 \u00een ce condi\u021bii \u00eenghesuite au ajuns primii europeni la \u021b\u0103rmurile Americii de Sud. De aici pornesc, de asemenea, ambarca\u021biuni de agrement \u00een croaziere pe golful Guanabara, care ofer\u0103 o priveli\u0219te frumoas\u0103 asupra ora\u0219ului de pe ap\u0103.<\/p>\n\n\n\n<p class=\"wp-block-paragraph\">\ud83d\udca1 Sfat: <strong>Croaziera pe golf din acest port este considerabil mai ieftin\u0103 \u0219i mai autentic\u0103 dec\u00e2t vasele turistice supraevaluate care pornesc din sudul ora\u0219ului.<\/strong> Nu uita \u00eens\u0103 s\u0103-\u021bi iei o crem\u0103 de protec\u021bie solar\u0103 puternic\u0103 \u0219i o p\u0103l\u0103rie, pentru c\u0103 pe puntea vechilor vapoare \u0219i submarine nimic nu te ap\u0103r\u0103 de soarele arz\u0103tor al Braziliei, iar pun\u021bile de metal sunt de obicei foarte \u00eencinse.<\/p>\n\n\n\n<figure data-wp-context=\"{&quot;imageId&quot;:&quot;6a9c4ed1065fe&quot;}\" data-wp-interactive=\"core\/image\" data-wp-key=\"6a9c4ed1065fe\" class=\"wp-block-image size-full wp-lightbox-container\"><img decoding=\"async\" width=\"1200\" height=\"800\" data-wp-class--hide=\"state.isContentHidden\" data-wp-class--show=\"state.isContentVisible\" data-wp-init=\"callbacks.setButtonStyles\" data-wp-on--click=\"actions.showLightbox\" data-wp-on--load=\"callbacks.setButtonStyles\" data-wp-on--pointerdown=\"actions.preloadImage\" data-wp-on--pointerenter=\"actions.preloadImageWithDelay\" data-wp-on--pointerleave=\"actions.cancelPreload\" data-wp-on-window--resize=\"callbacks.setButtonStyles\" src=\"https:\/\/loudavymkrokem.cz\/wp-content\/uploads\/2026\/09\/praia-vermelha-pod-cukrovou-homol.jpg\" alt=\"Plaja Praia Vermelha sub P\u00e2inea de Zah\u0103r\" class=\"wp-image-413245\" title=\"\" srcset=\"https:\/\/loudavymkrokem.cz\/wp-content\/uploads\/2026\/09\/praia-vermelha-pod-cukrovou-homol.jpg 1200w, https:\/\/loudavymkrokem.cz\/wp-content\/uploads\/2026\/09\/praia-vermelha-pod-cukrovou-homol-300x200.jpg 300w, https:\/\/loudavymkrokem.cz\/wp-content\/uploads\/2026\/09\/praia-vermelha-pod-cukrovou-homol-700x467.jpg 700w, https:\/\/loudavymkrokem.cz\/wp-content\/uploads\/2026\/09\/praia-vermelha-pod-cukrovou-homol-768x512.jpg 768w, https:\/\/loudavymkrokem.cz\/wp-content\/uploads\/2026\/09\/praia-vermelha-pod-cukrovou-homol-696x464.jpg 696w\" sizes=\"(max-width: 1200px) 100vw, 1200px\" \/><button\n\t\t\tclass=\"lightbox-trigger\"\n\t\t\ttype=\"button\"\n\t\t\taria-haspopup=\"dialog\"\n\t\t\tdata-wp-bind--aria-label=\"state.thisImage.triggerButtonAriaLabel\"\n\t\t\tdata-wp-init=\"callbacks.initTriggerButton\"\n\t\t\tdata-wp-on--click=\"actions.showLightbox\"\n\t\t\tdata-wp-style--right=\"state.thisImage.buttonRight\"\n\t\t\tdata-wp-style--top=\"state.thisImage.buttonTop\"\n\t\t>\n\t\t\t<svg xmlns=\"http:\/\/www.w3.org\/2000\/svg\" width=\"12\" height=\"12\" fill=\"none\" viewBox=\"0 0 12 12\">\n\t\t\t\t<path fill=\"#fff\" d=\"M2 0a2 2 0 0 0-2 2v2h1.5V2a.5.5 0 0 1 .5-.5h2V0H2Zm2 10.5H2a.5.5 0 0 1-.5-.5V8H0v2a2 2 0 0 0 2 2h2v-1.5ZM8 12v-1.5h2a.5.5 0 0 0 .5-.5V8H12v2a2 2 0 0 1-2 2H8Zm2-12a2 2 0 0 1 2 2v2h-1.5V2a.5.5 0 0 0-.5-.5H8V0h2Z\" \/>\n\t\t\t<\/svg>\n\t\t<\/button><figcaption class=\"wp-element-caption\">Foto: Carlos Alberto do Amaral \/ Google Maps<\/figcaption><\/figure>\n\n\n\n<h3 class=\"wp-block-heading\"><span class=\"ez-toc-section\" id=\"22_Plaja_Praia_Vermelha_sub_Painea_de_Zahar\"><\/span>22. Plaja Praia Vermelha sub P\u00e2inea de Zah\u0103r<span class=\"ez-toc-section-end\"><\/span><\/h3>\n\n\n\n<p class=\"wp-block-paragraph\">Pentru finalul listei noastre am p\u0103strat o plaj\u0103 mic\u0103, dar cu at\u00e2t mai frumoas\u0103, care ofer\u0103 o experien\u021b\u0103 cu totul diferit\u0103 de f\u00e2\u0219iile nesf\u00e2r\u0219ite de nisip de la Copacabana. <strong>Praia Vermelha, adic\u0103 Plaja Ro\u0219ie, se ascunde \u00eentr-un golf lini\u0219tit, chiar la poalele maiestuoasei P\u00e2ini de Zah\u0103r<\/strong>, care se \u00eenal\u021b\u0103 deasupra ei ca un uria\u0219 zid de piatr\u0103. Numele \u00eei vine de la nisipul mai grosier \u0219i u\u0219or rozaliu, care la apusul soarelui cap\u0103t\u0103 o nuan\u021b\u0103 cald\u0103 superb\u0103.<\/p>\n\n\n\n<p class=\"wp-block-paragraph\">Golful este ferit de curen\u021bii oceanici puternici, a\u0219a c\u0103 apa este aici incredibil de calm\u0103 \u0219i de sigur\u0103, ceea ce o face un loc ideal pentru familii \u0219i \u00eenot relaxat. <strong>Datorit\u0103 absen\u021bei valurilor mari, este \u0219i o loca\u021bie perfect\u0103 pentru a \u00eenchiria un paddleboard sau un caiac de mare<\/strong>, din care po\u021bi admira st\u00e2ncile abrupte din jur dintr-o perspectiv\u0103 cu totul nou\u0103. Plaja este foarte mic\u0103 \u0219i primitoare, \u00eenconjurat\u0103 de copaci verzi, \u0219i ofer\u0103 o atmosfer\u0103 mult mai intim\u0103 dec\u00e2t marile plaje vecine.<\/p>\n\n\n\n<p class=\"wp-block-paragraph\">\ud83d\udca1 Sfat: <strong>De la marginea din st\u00e2nga a plajei porne\u0219te superba potec\u0103 amenajat\u0103 Pista Cl\u00e1udio Coutinho, care \u0219erpuie\u0219te prin jungl\u0103, chiar de-a lungul falezelor de deasupra m\u0103rii.<\/strong> Este un loc minunat pentru o plimbare u\u0219oar\u0103, unde cu mare probabilitate vei \u00eent\u00e2lni maimu\u021bele obraznice uistiti \u2014 \u021bine doar minte c\u0103 hr\u0103nirea animalelor s\u0103lbatice este strict interzis\u0103 \u00een tot parcul, oric\u00e2t de dr\u0103gu\u021be ar p\u0103rea. Excursia la aceast\u0103 plaj\u0103 se combin\u0103 ideal cu vizita la \u00eens\u0103\u0219i P\u00e2inea de Zah\u0103r \u2014 sta\u021bia de jos a telecabinei se afl\u0103 chiar peste drum.<\/p>\n\n\n\n<h2 class=\"wp-block-heading\"><span class=\"ez-toc-section\" id=\"Incotro_mai_departe_din_Rio_de_Janeiro\"><\/span>\u00cencotro mai departe din Rio de Janeiro<span class=\"ez-toc-section-end\"><\/span><\/h2>\n\n\n\n<p class=\"wp-block-paragraph\">Brazilia este o \u021bar\u0103 uria\u0219\u0103, iar Rio de Janeiro reprezint\u0103 adesea doar prima oprire pe traseul t\u0103u sud-american. Dac\u0103 vrei s\u0103 <strong>te ad\u00e2nce\u0219ti mai mult \u00een planificarea caz\u0103rii<\/strong>, am scris pentru tine un ghid mai detaliat, <a href=\"https:\/\/loudavymkrokem.cz\/ro\/unde-stai-rio-de-janeiro\/\">Unde s\u0103 locuie\u0219ti \u00een Rio de Janeiro<\/a>. \u00cen el vei afla diferen\u021bele detaliate dintre cartierele din sudul ora\u0219ului \u0219i vei alege astfel mai u\u0219or cea mai bun\u0103 loca\u021bie.<\/p>\n\n\n\n<p class=\"wp-block-paragraph\">Majoritatea c\u0103l\u0103torilor se mut\u0103 apoi \u00een cea mai mare metropol\u0103 a \u00eentregii emisfere sudice, care ofer\u0103 <strong>o experien\u021b\u0103 cu totul diferit\u0103, foarte urban\u0103<\/strong>. Pentru o tranzi\u021bie lin\u0103 \u00ee\u021bi recomand s\u0103 arunci o privire \u00een articolul <a href=\"https:\/\/loudavymkrokem.cz\/ro\/?p=412732\">Ce s\u0103 vezi \u00een S\u00e3o Paulo<\/a>, unde g\u0103se\u0219ti idei despre cele mai bune muzee, parcuri \u0219i belvederi din zg\u00e2rie-nori. Sfaturi practice pentru alegerea unei loca\u021bii sigure \u00een acest ora\u0219 de afaceri uria\u0219 \u00ee\u021bi ofer\u0103 apoi ghidul nostru <a href=\"https:\/\/loudavymkrokem.cz\/ro\/?p=412738\">Unde s\u0103 locuie\u0219ti \u00een S\u00e3o Paulo<\/a>.<\/p>\n\n\n\n<h2 class=\"wp-block-heading\"><span class=\"ez-toc-section\" id=\"Intrebari_frecvente\"><\/span>\u00centreb\u0103ri frecvente<span class=\"ez-toc-section-end\"><\/span><\/h2>\n\n\n<div id=\"rank-math-faq\" class=\"rank-math-block\">\n<div class=\"rank-math-list \">\n<div id=\"faq-question-1788283109000\" class=\"rank-math-list-item\">\n<h3 class=\"rank-math-question \"><span class=\"ez-toc-section\" id=\"Este_Rio_de_Janeiro_sigur_pentru_turisti\"><\/span>Este Rio de Janeiro sigur pentru turi\u0219ti?<span class=\"ez-toc-section-end\"><\/span><\/h3>\n<div class=\"rank-math-answer \">\n\n<p>Dac\u0103 v\u0103 ve\u021bi \u021bine de <strong>zona sigur\u0103 pentru turi\u0219ti din jurul cartierelor Ipanema \u0219i Leblon<\/strong>, cel mai probabil nu ve\u021bi avea nicio problem\u0103. \u00cen timpul zilei este sigur \u0219i pe Copacabana, dar dup\u0103 l\u0103sarea \u00eentunericului evita\u021bi plimb\u0103rile pe plaj\u0103 \u0219i pe str\u0103zile goale din centru. <strong>Folosi\u021bi \u00een mod obligatoriu Uber<\/strong> \u0219i nu purta\u021bi la vedere bijuterii scumpe sau telefoane.<\/p>\n\n<\/div>\n<\/div>\n<div id=\"faq-question-1788283109001\" class=\"rank-math-list-item\">\n<h3 class=\"rank-math-question \"><span class=\"ez-toc-section\" id=\"Cate_zile_am_nevoie_pentru_vizitarea_Rio\"><\/span>C\u00e2te zile am nevoie pentru vizitarea Rio?<span class=\"ez-toc-section-end\"><\/span><\/h3>\n<div class=\"rank-math-answer \">\n\n<p>Timpul ideal pentru a cunoa\u0219te ora\u0219ul este de <strong>patru p\u00e2n\u0103 la cinci zile \u00eentregi<\/strong>, ceea ce v\u0103 va oferi suficient spa\u021biu pentru obiective turistice \u0219i relaxare pe plaj\u0103. \u00cens\u0103 l\u0103sa\u021bi-v\u0103 \u00eentotdeauna <strong>cel pu\u021bin dou\u0103 zile \u00een rezerv\u0103 ca marj\u0103 de timp<\/strong>, astfel \u00eenc\u00e2t s\u0103 pute\u021bi adapta flexibil vizita punctelor de vedere situate la \u00een\u0103l\u021bime \u00een func\u021bie de gradul de \u00eennorare \u0219i vreme.<\/p>\n\n<\/div>\n<\/div>\n<div id=\"faq-question-1788283109002\" class=\"rank-math-list-item\">\n<h3 class=\"rank-math-question \"><span class=\"ez-toc-section\" id=\"Care_este_cel_mai_bun_mod_de_a_ajunge_la_statuia_lui_Cristos_Mantuitorul\"><\/span>Care este cel mai bun mod de a ajunge la statuia lui Cristos M\u00e2ntuitorul?<span class=\"ez-toc-section-end\"><\/span><\/h3>\n<div class=\"rank-math-answer \">\n\n<p>Exist\u0103 trei modalit\u0103\u021bi, <strong>cea mai scump\u0103 \u0219i mai popular\u0103 fiind trenule\u021bul cu cremalier\u0103 istoric Corcovado<\/strong>, care v\u0103 urc\u0103 prin p\u0103dure. O variant\u0103 ceva mai ieftin\u0103 o reprezint\u0103 microbuzul oficial de la centrul de vizitatori Paineiras. Dac\u0103 c\u0103uta\u021bi calea cea mai ieftin\u0103 \u0219i mai aventuroas\u0103, <strong>pute\u021bi pleca pe jos pe poteca abrupt\u0103<\/strong> din parcul Parque Lage, ceea ce v\u0103 va lua aproximativ dou\u0103 ore de urcare dificil\u0103.<\/p>\n\n<\/div>\n<\/div>\n<div id=\"faq-question-1788283109003\" class=\"rank-math-list-item\">\n<h3 class=\"rank-math-question \"><span class=\"ez-toc-section\" id=\"Care_este_cea_mai_buna_perioada_pentru_o_calatorie_in_Brazilia\"><\/span>Care este cea mai bun\u0103 perioad\u0103 pentru o c\u0103l\u0103torie \u00een Brazilia?<span class=\"ez-toc-section-end\"><\/span><\/h3>\n<div class=\"rank-math-answer \">\n\n<p>Din punct de vedere al vremii favorabile \u0219i al pre\u021burilor rezonabile, cel mai bine este s\u0103 <strong>pleca\u021bi \u00eentre aprilie \u0219i iunie sau \u00eentre august \u0219i octombrie<\/strong>. Astfel ve\u021bi evita c\u0103ldurile extreme de var\u0103 \u0219i ploile toren\u021biale regulate. \u00cen timpul carnavalului \u0219i al Revelionului ora\u0219ul tr\u0103ie\u0219te o atmosfer\u0103 extraordinar\u0103, dar <strong>pre\u021burile caz\u0103rii sunt de c\u00e2teva ori mai mari<\/strong> \u0219i \u00eent\u00e2lni\u021bi mul\u021bimi uria\u0219e peste tot.<\/p>\n\n<\/div>\n<\/div>\n<div id=\"faq-question-1788283109004\" class=\"rank-math-list-item\">\n<h3 class=\"rank-math-question \"><span class=\"ez-toc-section\" id=\"Pot_sa_ma_scald_pe_plajele_din_Rio_dupa_lasarea_intunericului\"><\/span>Pot s\u0103 m\u0103 scald pe plajele din Rio dup\u0103 l\u0103sarea \u00eentunericului?<span class=\"ez-toc-section-end\"><\/span><\/h3>\n<div class=\"rank-math-answer \">\n\n<p><strong>Cu siguran\u021b\u0103 nu, pe plaj\u0103 nu se merge niciodat\u0103 noaptea.<\/strong> De \u00eendat\u0103 ce apune soarele, lungile f\u00e2\u0219ii de nisip devin periculoase pentru turi\u0219ti \u0219i atrag elemente dubioase. Locuitorii ora\u0219ului se adun\u0103 seara \u00een baruri \u0219i restaurante bine iluminate pe str\u0103zi aglomerate, a\u0219a c\u0103 <strong>evita\u021bi complet plajele pustii dup\u0103 l\u0103sarea \u00eentunericului<\/strong>.<\/p>\n\n<\/div>\n<\/div>\n<div id=\"faq-question-1788283109005\" class=\"rank-math-list-item\">\n<h3 class=\"rank-math-question \"><span class=\"ez-toc-section\" id=\"Cum_sa_va_deplasati_prin_oras_si_este_sigur_transportul_public\"><\/span>Cum s\u0103 v\u0103 deplasa\u021bi prin ora\u0219 \u0219i este sigur transportul public?<span class=\"ez-toc-section-end\"><\/span><\/h3>\n<div class=\"rank-math-answer \">\n\n<p>\u00cen timpul zilei <strong>func\u021bioneaz\u0103 excelent \u0219i \u00een siguran\u021b\u0103 re\u021beaua de metrou<\/strong>, care leag\u0103 cartierele de plaj\u0103 din sud de centrul istoric al ora\u0219ului. Autobuzele obi\u0219nuite pot fi oarecum confuze \u0219i nu sunt prea recomandate pentru turi\u0219ti. De \u00eendat\u0103 ce \u00eencepe s\u0103 se \u00eentunece, <strong>trece\u021bi f\u0103r\u0103 compromis la aplica\u021bia Uber<\/strong>, care \u00een Brazilia este foarte ieftin\u0103, de \u00eencredere \u0219i v\u0103 garanteaz\u0103 o \u00eentoarcere lini\u0219tit\u0103 la hotel.<\/p>\n\n<\/div>\n<\/div>\n<div id=\"faq-question-1788283109006\" class=\"rank-math-list-item\">\n<h3 class=\"rank-math-question \"><span class=\"ez-toc-section\" id=\"Ce_sa_mananc_in_Rio_daca_nu_mananc_carne\"><\/span>Ce s\u0103 m\u0103n\u00e2nc \u00een Rio dac\u0103 nu m\u0103n\u00e2nc carne?<span class=\"ez-toc-section-end\"><\/span><\/h3>\n<div class=\"rank-math-answer \">\n\n<p>De\u0219i buc\u0103t\u0103ria brazilian\u0103 se bazeaz\u0103 puternic pe carne, ve\u021bi g\u0103si o mul\u021bime de bun\u0103t\u0103\u021bi vegetariene. <strong>Cel mai mare hit este a\u00e7a\u00ed-ul \u00eenghe\u021bat cu granola<\/strong>, care r\u0103core\u0219te excelent pe plaj\u0103. \u00cen chio\u0219curile de strad\u0103 c\u0103uta\u021bi p\u00e2inea cu br\u00e2nz\u0103 p\u00e3o de queijo sau tapioca umplut\u0103 cu br\u00e2nz\u0103 \u0219i ro\u0219ii. Pentru o cin\u0103 complet\u0103 <strong>merge\u021bi la restaurantele italiene excelente din Ipanema<\/strong>.<\/p>\n\n<\/div>\n<\/div>\n<div id=\"faq-question-1788283109007\" class=\"rank-math-list-item\">\n<h3 class=\"rank-math-question \"><span class=\"ez-toc-section\" id=\"Merita_sa_cumpar_bilete_pentru_obiective_cu_mult_timp_inainte\"><\/span>Merit\u0103 s\u0103 cump\u0103r bilete pentru obiective cu mult timp \u00eenainte?<span class=\"ez-toc-section-end\"><\/span><\/h3>\n<div class=\"rank-math-answer \">\n\n<p>La muzeele moderne \u00eenchise, cum ar fi Muzeul de M\u00e2ine, achizi\u021bionarea biletelor online \u00een avans merit\u0103 cu siguran\u021b\u0103. <strong>La punctele de vedere \u00een aer liber precum P\u00e2inea de Zah\u0103r \u0219i Cristos M\u00e2ntuitorul fi\u021bi \u00eens\u0103 precau\u021bi.<\/strong> Vremea pe coast\u0103 se schimb\u0103 din or\u0103 \u00een or\u0103 \u0219i cump\u0103r\u00e2nd pentru o zi fix\u0103 <strong>risca\u021bi s\u0103 nu vede\u021bi absolut nimic din cauza ce\u021bii dense<\/strong>.<\/p>\n\n<\/div>\n<\/div>\n<\/div>\n<\/div>","protected":false},"excerpt":{"rendered":"<p>Descoper\u0103 cele mai frumoase locuri din Rio de Janeiro, de la plajele celebre p\u00e2n\u0103 la belvederi ascunse \u00een jungl\u0103, \u0219i afl\u0103 cum s\u0103 te bucuri de ora\u0219 \u00een deplin\u0103 siguran\u021b\u0103.<\/p>\n","protected":false},"author":3,"featured_media":413187,"comment_status":"open","ping_status":"open","sticky":false,"template":"","format":"standard","meta":{"_acf_changed":false,"footnotes":"","rank_math_title":"Rio de Janeiro: 22 de idei ce s\u0103 vezi \u00een 2026","rank_math_description":"Rio de Janeiro te a\u0219teapt\u0103 cu plaje iconice, statuia lui Iisus \u0219i belvederi ascunse. Descoper\u0103 22 de idei ce s\u0103 vezi \u0219i cum s\u0103 c\u0103l\u0103tore\u0219ti \u00een siguran\u021b\u0103!","rank_math_focus_keyword":"rio de janeiro","rank_math_seo_score":""},"categories":[2015],"tags":[],"class_list":["post-417563","post","type-post","status-publish","format-standard","has-post-thumbnail","category-calatorii"],"acf":[],"featured_image_src":"https:\/\/loudavymkrokem.cz\/wp-content\/uploads\/2026\/09\/pedra-do-arpoador.jpg","author_info":{"display_name":"Lucie Kone\u010dn\u00e1","author_link":"https:\/\/loudavymkrokem.cz\/ro\/author\/lucie-konecna\/"},"_links":{"self":[{"href":"https:\/\/loudavymkrokem.cz\/ro\/wp-json\/wp\/v2\/posts\/417563","targetHints":{"allow":["GET"]}}],"collection":[{"href":"https:\/\/loudavymkrokem.cz\/ro\/wp-json\/wp\/v2\/posts"}],"about":[{"href":"https:\/\/loudavymkrokem.cz\/ro\/wp-json\/wp\/v2\/types\/post"}],"author":[{"embeddable":true,"href":"https:\/\/loudavymkrokem.cz\/ro\/wp-json\/wp\/v2\/users\/3"}],"replies":[{"embeddable":true,"href":"https:\/\/loudavymkrokem.cz\/ro\/wp-json\/wp\/v2\/comments?post=417563"}],"version-history":[{"count":2,"href":"https:\/\/loudavymkrokem.cz\/ro\/wp-json\/wp\/v2\/posts\/417563\/revisions"}],"predecessor-version":[{"id":417565,"href":"https:\/\/loudavymkrokem.cz\/ro\/wp-json\/wp\/v2\/posts\/417563\/revisions\/417565"}],"wp:featuredmedia":[{"embeddable":true,"href":"https:\/\/loudavymkrokem.cz\/ro\/wp-json\/wp\/v2\/media\/413187"}],"wp:attachment":[{"href":"https:\/\/loudavymkrokem.cz\/ro\/wp-json\/wp\/v2\/media?parent=417563"}],"wp:term":[{"taxonomy":"category","embeddable":true,"href":"https:\/\/loudavymkrokem.cz\/ro\/wp-json\/wp\/v2\/categories?post=417563"},{"taxonomy":"post_tag","embeddable":true,"href":"https:\/\/loudavymkrokem.cz\/ro\/wp-json\/wp\/v2\/tags?post=417563"}],"curies":[{"name":"wp","href":"https:\/\/api.w.org\/{rel}","templated":true}]}}