{"id":417557,"date":"2026-09-05T09:32:23","date_gmt":"2026-09-05T07:32:23","guid":{"rendered":"https:\/\/loudavymkrokem.cz\/cazare-viena-austria-hoteluri\/"},"modified":"2026-09-05T16:28:02","modified_gmt":"2026-09-05T14:28:02","slug":"cazare-viena-austria-hoteluri","status":"publish","type":"post","link":"https:\/\/loudavymkrokem.cz\/ro\/cazare-viena-austria-hoteluri\/","title":{"rendered":"Cazare \u00een Viena, Austria: 26 de hoteluri \u0219i cartiere sigure \u00een 2026"},"content":{"rendered":"\n<p class=\"wp-block-paragraph\">Viena, Austria este pentru noi, cei din Rom\u00e2nia, o destina\u021bie at\u00e2t de accesibil\u0103, \u00eenc\u00e2t a devenit <strong>alegerea ideal\u0103 pentru un weekend prelungit<\/strong>. Pu\u021bine capitale europene ofer\u0103 o combina\u021bie at\u00e2t de uimitoare de m\u0103re\u021bie imperial\u0103, parcuri perfect \u00eengrijite \u0219i o cultur\u0103 a cafenelelor \u00een care po\u021bi sta lini\u0219tit o dup\u0103-amiaz\u0103 \u00eentreag\u0103. Eu \u0219i Luk\u00e1\u0161 venim aici cu drag \u0219i des, pentru c\u0103 <strong>drumul cu avionul de la Bucure\u0219ti dureaz\u0103 doar pu\u021bin peste o or\u0103<\/strong> \u0219i de fiecare dat\u0103 descoperim ceva nou.<\/p>\n\n\n\n<p class=\"wp-block-paragraph\">C\u00e2nd \u00ee\u021bi planifici c\u0103l\u0103toria, probabil \u00ee\u021bi fr\u0103m\u00e2n\u021bi mintea cu \u00eentrebarea <strong>unde s\u0103 dormi \u0219i c\u00e2t te va costa<\/strong>. Metropola austriac\u0103 este uria\u0219\u0103 \u0219i, la prima vedere, poate p\u0103rea c\u0103 trebuie neap\u0103rat s\u0103 stai chiar l\u00e2ng\u0103 catedrala Sf\u00e2ntul \u0218tefan. Adev\u0103rul este exact invers, pentru c\u0103 ora\u0219ul are un <strong>sistem de transport public absolut genial<\/strong>, care te duce din cartierele periferice \u00een centru \u00een c\u00e2teva minute.<\/p>\n\n\n\n<p class=\"wp-block-paragraph\">Am preg\u0103tit pentru tine un ghid detaliat de cazare, bazat pe <strong>o cercetare am\u0103nun\u021bit\u0103 a experien\u021belor reale ale c\u0103l\u0103torilor<\/strong>. Vei g\u0103si aici recomand\u0103ri pentru palate iconice pentru ocazii speciale, pensiuni de familie \u0219i hosteluri accesibile ca pre\u021b, care <strong>nu \u00ee\u021bi vor goli portofelul<\/strong>. Ne vom uita \u00eempreun\u0103 la cartierele individuale ale Vienei, ca s\u0103 \u0219tii exact ce zon\u0103 se potrive\u0219te cel mai bine stilului t\u0103u de c\u0103l\u0103torie.<\/p>\n\n\n\n<figure data-wp-context=\"{&quot;imageId&quot;:&quot;6a9c3a69739a3&quot;}\" data-wp-interactive=\"core\/image\" data-wp-key=\"6a9c3a69739a3\" class=\"wp-block-image size-full wp-lightbox-container\"><img decoding=\"async\" width=\"1600\" height=\"2133\" data-wp-class--hide=\"state.isContentHidden\" data-wp-class--show=\"state.isContentVisible\" data-wp-init=\"callbacks.setButtonStyles\" data-wp-on--click=\"actions.showLightbox\" data-wp-on--load=\"callbacks.setButtonStyles\" data-wp-on--pointerdown=\"actions.preloadImage\" data-wp-on--pointerenter=\"actions.preloadImageWithDelay\" data-wp-on--pointerleave=\"actions.cancelPreload\" data-wp-on-window--resize=\"callbacks.setButtonStyles\" src=\"https:\/\/loudavymkrokem.cz\/wp-content\/uploads\/2026\/08\/viden-neubau.jpg\" alt=\"Str\u0103du\u021bele celui de-al \u0219aptelea cartier vienez, Neubau\" class=\"wp-image-407200\" title=\"\" srcset=\"https:\/\/loudavymkrokem.cz\/wp-content\/uploads\/2026\/08\/viden-neubau.jpg 1600w, https:\/\/loudavymkrokem.cz\/wp-content\/uploads\/2026\/08\/viden-neubau-225x300.jpg 225w, https:\/\/loudavymkrokem.cz\/wp-content\/uploads\/2026\/08\/viden-neubau-700x933.jpg 700w, https:\/\/loudavymkrokem.cz\/wp-content\/uploads\/2026\/08\/viden-neubau-768x1024.jpg 768w, https:\/\/loudavymkrokem.cz\/wp-content\/uploads\/2026\/08\/viden-neubau-1152x1536.jpg 1152w, https:\/\/loudavymkrokem.cz\/wp-content\/uploads\/2026\/08\/viden-neubau-1536x2048.jpg 1536w, https:\/\/loudavymkrokem.cz\/wp-content\/uploads\/2026\/08\/viden-neubau-696x928.jpg 696w, https:\/\/loudavymkrokem.cz\/wp-content\/uploads\/2026\/08\/viden-neubau-1392x1856.jpg 1392w\" sizes=\"(max-width: 1600px) 100vw, 1600px\" \/><button\n\t\t\tclass=\"lightbox-trigger\"\n\t\t\ttype=\"button\"\n\t\t\taria-haspopup=\"dialog\"\n\t\t\tdata-wp-bind--aria-label=\"state.thisImage.triggerButtonAriaLabel\"\n\t\t\tdata-wp-init=\"callbacks.initTriggerButton\"\n\t\t\tdata-wp-on--click=\"actions.showLightbox\"\n\t\t\tdata-wp-style--right=\"state.thisImage.buttonRight\"\n\t\t\tdata-wp-style--top=\"state.thisImage.buttonTop\"\n\t\t>\n\t\t\t<svg xmlns=\"http:\/\/www.w3.org\/2000\/svg\" width=\"12\" height=\"12\" fill=\"none\" viewBox=\"0 0 12 12\">\n\t\t\t\t<path fill=\"#fff\" d=\"M2 0a2 2 0 0 0-2 2v2h1.5V2a.5.5 0 0 1 .5-.5h2V0H2Zm2 10.5H2a.5.5 0 0 1-.5-.5V8H0v2a2 2 0 0 0 2 2h2v-1.5ZM8 12v-1.5h2a.5.5 0 0 0 .5-.5V8H12v2a2 2 0 0 1-2 2H8Zm2-12a2 2 0 0 1 2 2v2h-1.5V2a.5.5 0 0 0-.5-.5H8V0h2Z\" \/>\n\t\t\t<\/svg>\n\t\t<\/button><figcaption class=\"wp-element-caption\">Foto: Thorsten Schreiber \/ Google Maps<\/figcaption><\/figure>\n\n\n\n<div id=\"ez-toc-container\" class=\"ez-toc-v2_0_87 ez-toc-wrap-left counter-hierarchy ez-toc-counter ez-toc-grey ez-toc-container-direction\">\n<div class=\"ez-toc-title-container\">\n<p class=\"ez-toc-title\" style=\"cursor:inherit\">Cuprinsul articolului<\/p>\n<span class=\"ez-toc-title-toggle\"><a href=\"#\" class=\"ez-toc-pull-right ez-toc-btn ez-toc-btn-xs ez-toc-btn-default ez-toc-toggle\" aria-label=\"Toggle Table of Content\"><span class=\"ez-toc-js-icon-con\"><span class=\"\"><span class=\"eztoc-hide\" style=\"display:none;\">Toggle<\/span><span class=\"ez-toc-icon-toggle-span\"><svg style=\"fill: #999;color:#999\" xmlns=\"http:\/\/www.w3.org\/2000\/svg\" class=\"list-377408\" width=\"20px\" height=\"20px\" viewBox=\"0 0 24 24\" fill=\"none\"><path d=\"M6 6H4v2h2V6zm14 0H8v2h12V6zM4 11h2v2H4v-2zm16 0H8v2h12v-2zM4 16h2v2H4v-2zm16 0H8v2h12v-2z\" fill=\"currentColor\"><\/path><\/svg><svg style=\"fill: #999;color:#999\" class=\"arrow-unsorted-368013\" xmlns=\"http:\/\/www.w3.org\/2000\/svg\" width=\"10px\" height=\"10px\" viewBox=\"0 0 24 24\" version=\"1.2\" baseProfile=\"tiny\"><path d=\"M18.2 9.3l-6.2-6.3-6.2 6.3c-.2.2-.3.4-.3.7s.1.5.3.7c.2.2.4.3.7.3h11c.3 0 .5-.1.7-.3.2-.2.3-.5.3-.7s-.1-.5-.3-.7zM5.8 14.7l6.2 6.3 6.2-6.3c.2-.2.3-.5.3-.7s-.1-.5-.3-.7c-.2-.2-.4-.3-.7-.3h-11c-.3 0-.5.1-.7.3-.2.2-.3.5-.3.7s.1.5.3.7z\"\/><\/svg><\/span><\/span><\/span><\/a><\/span><\/div>\n<nav><ul class='ez-toc-list ez-toc-list-level-1 ' ><ul class='ez-toc-list-level-3' ><li class='ez-toc-heading-level-3'><a class=\"ez-toc-link ez-toc-heading-1\" href=\"https:\/\/loudavymkrokem.cz\/ro\/cazare-viena-austria-hoteluri\/#Rezumat\" >Rezumat<\/a><\/li><\/ul><\/li><li class='ez-toc-page-1 ez-toc-heading-level-2'><a class=\"ez-toc-link ez-toc-heading-2\" href=\"https:\/\/loudavymkrokem.cz\/ro\/cazare-viena-austria-hoteluri\/#Ce_zona_sa_alegi_in_Viena_Austria\" >Ce zon\u0103 s\u0103 alegi \u00een Viena, Austria<\/a><\/li><li class='ez-toc-page-1 ez-toc-heading-level-2'><a class=\"ez-toc-link ez-toc-heading-3\" href=\"https:\/\/loudavymkrokem.cz\/ro\/cazare-viena-austria-hoteluri\/#Cand_sa_mergi_si_cand_sa_rezervi\" >C\u00e2nd s\u0103 mergi \u0219i c\u00e2nd s\u0103 rezervi<\/a><\/li><li class='ez-toc-page-1 ez-toc-heading-level-2'><a class=\"ez-toc-link ez-toc-heading-4\" href=\"https:\/\/loudavymkrokem.cz\/ro\/cazare-viena-austria-hoteluri\/#Cele_mai_bune_26_de_hoteluri_din_Viena_Austria\" >Cele mai bune 26 de hoteluri din Viena, Austria<\/a><ul class='ez-toc-list-level-3' ><li class='ez-toc-heading-level-3'><a class=\"ez-toc-link ez-toc-heading-5\" href=\"https:\/\/loudavymkrokem.cz\/ro\/cazare-viena-austria-hoteluri\/#1_Hotel_Sacher_Vienna\" >1. Hotel Sacher Vienna<\/a><\/li><li class='ez-toc-page-1 ez-toc-heading-level-3'><a class=\"ez-toc-link ez-toc-heading-6\" href=\"https:\/\/loudavymkrokem.cz\/ro\/cazare-viena-austria-hoteluri\/#2_Hotel_Imperial\" >2. Hotel Imperial<\/a><\/li><li class='ez-toc-page-1 ez-toc-heading-level-3'><a class=\"ez-toc-link ez-toc-heading-7\" href=\"https:\/\/loudavymkrokem.cz\/ro\/cazare-viena-austria-hoteluri\/#3_Park_Hyatt_Vienna\" >3. Park Hyatt Vienna<\/a><\/li><li class='ez-toc-page-1 ez-toc-heading-level-3'><a class=\"ez-toc-link ez-toc-heading-8\" href=\"https:\/\/loudavymkrokem.cz\/ro\/cazare-viena-austria-hoteluri\/#4_The_Ritz-Carlton_Vienna\" >4. The Ritz-Carlton Vienna<\/a><\/li><li class='ez-toc-page-1 ez-toc-heading-level-3'><a class=\"ez-toc-link ez-toc-heading-9\" href=\"https:\/\/loudavymkrokem.cz\/ro\/cazare-viena-austria-hoteluri\/#5_Hotel_Bristol\" >5. Hotel Bristol<\/a><\/li><li class='ez-toc-page-1 ez-toc-heading-level-3'><a class=\"ez-toc-link ez-toc-heading-10\" href=\"https:\/\/loudavymkrokem.cz\/ro\/cazare-viena-austria-hoteluri\/#6_Rosewood_Vienna\" >6. Rosewood Vienna<\/a><\/li><li class='ez-toc-page-1 ez-toc-heading-level-3'><a class=\"ez-toc-link ez-toc-heading-11\" href=\"https:\/\/loudavymkrokem.cz\/ro\/cazare-viena-austria-hoteluri\/#7_Eurostars_Grand_Hotel_Wien\" >7. Eurostars Grand Hotel Wien<\/a><\/li><li class='ez-toc-page-1 ez-toc-heading-level-3'><a class=\"ez-toc-link ez-toc-heading-12\" href=\"https:\/\/loudavymkrokem.cz\/ro\/cazare-viena-austria-hoteluri\/#8_HOTEL_KAISERHOF_WIEN\" >8. HOTEL KAISERHOF WIEN<\/a><\/li><li class='ez-toc-page-1 ez-toc-heading-level-3'><a class=\"ez-toc-link ez-toc-heading-13\" href=\"https:\/\/loudavymkrokem.cz\/ro\/cazare-viena-austria-hoteluri\/#9_Cocoon_Wien_Westbahnhof_%E2%80%94_Boutiquehotel_Stadthalle\" >9. Cocoon Wien Westbahnhof \u2014 Boutiquehotel Stadthalle<\/a><\/li><li class='ez-toc-page-1 ez-toc-heading-level-3'><a class=\"ez-toc-link ez-toc-heading-14\" href=\"https:\/\/loudavymkrokem.cz\/ro\/cazare-viena-austria-hoteluri\/#10_Hotel_MOTTO\" >10. Hotel MOTTO<\/a><\/li><li class='ez-toc-page-1 ez-toc-heading-level-3'><a class=\"ez-toc-link ez-toc-heading-15\" href=\"https:\/\/loudavymkrokem.cz\/ro\/cazare-viena-austria-hoteluri\/#11_Altstadt_Vienna_an_SLH_Hotel\" >11. Altstadt Vienna, an SLH Hotel<\/a><\/li><li class='ez-toc-page-1 ez-toc-heading-level-3'><a class=\"ez-toc-link ez-toc-heading-16\" href=\"https:\/\/loudavymkrokem.cz\/ro\/cazare-viena-austria-hoteluri\/#12_Hotel_Beethoven_Wien\" >12. Hotel Beethoven Wien<\/a><\/li><li class='ez-toc-page-1 ez-toc-heading-level-3'><a class=\"ez-toc-link ez-toc-heading-17\" href=\"https:\/\/loudavymkrokem.cz\/ro\/cazare-viena-austria-hoteluri\/#13_magdas_HOTEL_Vienna_City\" >13. magdas HOTEL Vienna City<\/a><\/li><li class='ez-toc-page-1 ez-toc-heading-level-3'><a class=\"ez-toc-link ez-toc-heading-18\" href=\"https:\/\/loudavymkrokem.cz\/ro\/cazare-viena-austria-hoteluri\/#14_Hotel_am_Brillantengrund\" >14. Hotel am Brillantengrund<\/a><\/li><li class='ez-toc-page-1 ez-toc-heading-level-3'><a class=\"ez-toc-link ez-toc-heading-19\" href=\"https:\/\/loudavymkrokem.cz\/ro\/cazare-viena-austria-hoteluri\/#15_25hours_Hotel_Vienna_at_MuseumsQuartier\" >15. 25hours Hotel Vienna at MuseumsQuartier<\/a><\/li><li class='ez-toc-page-1 ez-toc-heading-level-3'><a class=\"ez-toc-link ez-toc-heading-20\" href=\"https:\/\/loudavymkrokem.cz\/ro\/cazare-viena-austria-hoteluri\/#16_Hotel_Am_Konzerthaus_%E2%80%94_MGallery\" >16. Hotel Am Konzerthaus \u2014 MGallery<\/a><\/li><li class='ez-toc-page-1 ez-toc-heading-level-3'><a class=\"ez-toc-link ez-toc-heading-21\" href=\"https:\/\/loudavymkrokem.cz\/ro\/cazare-viena-austria-hoteluri\/#17_Hotel_Gilbert\" >17. Hotel Gilbert<\/a><\/li><li class='ez-toc-page-1 ez-toc-heading-level-3'><a class=\"ez-toc-link ez-toc-heading-22\" href=\"https:\/\/loudavymkrokem.cz\/ro\/cazare-viena-austria-hoteluri\/#18_Hotel_Schani\" >18. Hotel Schani<\/a><\/li><li class='ez-toc-page-1 ez-toc-heading-level-3'><a class=\"ez-toc-link ez-toc-heading-23\" href=\"https:\/\/loudavymkrokem.cz\/ro\/cazare-viena-austria-hoteluri\/#19_Ruby_Marie_Hotel_Vienna\" >19. Ruby Marie Hotel Vienna<\/a><\/li><li class='ez-toc-page-1 ez-toc-heading-level-3'><a class=\"ez-toc-link ez-toc-heading-24\" href=\"https:\/\/loudavymkrokem.cz\/ro\/cazare-viena-austria-hoteluri\/#20_Hotel_Josefshof_am_Rathaus\" >20. Hotel Josefshof am Rathaus<\/a><\/li><li class='ez-toc-page-1 ez-toc-heading-level-3'><a class=\"ez-toc-link ez-toc-heading-25\" href=\"https:\/\/loudavymkrokem.cz\/ro\/cazare-viena-austria-hoteluri\/#21_Hotel_Rathauspark_Wien_%E2%80%94_Handwritten_Collection\" >21. Hotel Rathauspark Wien \u2014 Handwritten Collection<\/a><\/li><li class='ez-toc-page-1 ez-toc-heading-level-3'><a class=\"ez-toc-link ez-toc-heading-26\" href=\"https:\/\/loudavymkrokem.cz\/ro\/cazare-viena-austria-hoteluri\/#22_Ruby_Lissi_Hotel_Vienna\" >22. Ruby Lissi Hotel Vienna<\/a><\/li><li class='ez-toc-page-1 ez-toc-heading-level-3'><a class=\"ez-toc-link ez-toc-heading-27\" href=\"https:\/\/loudavymkrokem.cz\/ro\/cazare-viena-austria-hoteluri\/#23_Hotel_Zipser\" >23. Hotel Zipser<\/a><\/li><li class='ez-toc-page-1 ez-toc-heading-level-3'><a class=\"ez-toc-link ez-toc-heading-28\" href=\"https:\/\/loudavymkrokem.cz\/ro\/cazare-viena-austria-hoteluri\/#24_Vienna_Hostel_Ruthensteiner\" >24. Vienna Hostel Ruthensteiner<\/a><\/li><li class='ez-toc-page-1 ez-toc-heading-level-3'><a class=\"ez-toc-link ez-toc-heading-29\" href=\"https:\/\/loudavymkrokem.cz\/ro\/cazare-viena-austria-hoteluri\/#25_Wombats_City_Hostel_Vienna_Naschmarkt\" >25. Wombat&#8217;s City Hostel Vienna Naschmarkt<\/a><\/li><li class='ez-toc-page-1 ez-toc-heading-level-3'><a class=\"ez-toc-link ez-toc-heading-30\" href=\"https:\/\/loudavymkrokem.cz\/ro\/cazare-viena-austria-hoteluri\/#26_MEININGER_Hotel_Wien_Downtown_Sissi\" >26. MEININGER Hotel Wien Downtown Sissi<\/a><\/li><\/ul><\/li><li class='ez-toc-page-1 ez-toc-heading-level-2'><a class=\"ez-toc-link ez-toc-heading-31\" href=\"https:\/\/loudavymkrokem.cz\/ro\/cazare-viena-austria-hoteluri\/#Cum_sa_alegi_hotelul_potrivit\" >Cum s\u0103 alegi hotelul potrivit<\/a><\/li><li class='ez-toc-page-1 ez-toc-heading-level-2'><a class=\"ez-toc-link ez-toc-heading-32\" href=\"https:\/\/loudavymkrokem.cz\/ro\/cazare-viena-austria-hoteluri\/#Unde_sa_mergi_mai_departe\" >Unde s\u0103 mergi mai departe<\/a><\/li><li class='ez-toc-page-1 ez-toc-heading-level-2'><a class=\"ez-toc-link ez-toc-heading-33\" href=\"https:\/\/loudavymkrokem.cz\/ro\/cazare-viena-austria-hoteluri\/#Intrebari_frecvente\" >\u00centreb\u0103ri frecvente<\/a><ul class='ez-toc-list-level-3' ><li class='ez-toc-heading-level-3'><a class=\"ez-toc-link ez-toc-heading-34\" href=\"https:\/\/loudavymkrokem.cz\/ro\/cazare-viena-austria-hoteluri\/#Trebuie_sa_stau_direct_in_centrul_Vienei\" >Trebuie s\u0103 stau direct \u00een centrul Vienei?<\/a><\/li><li class='ez-toc-page-1 ez-toc-heading-level-3'><a class=\"ez-toc-link ez-toc-heading-35\" href=\"https:\/\/loudavymkrokem.cz\/ro\/cazare-viena-austria-hoteluri\/#Unde_sa_ma_cazez_cand_merg_la_targurile_de_Craciun\" >Unde s\u0103 m\u0103 cazez c\u00e2nd merg la t\u00e2rgurile de Cr\u0103ciun?<\/a><\/li><li class='ez-toc-page-1 ez-toc-heading-level-3'><a class=\"ez-toc-link ez-toc-heading-36\" href=\"https:\/\/loudavymkrokem.cz\/ro\/cazare-viena-austria-hoteluri\/#Cum_sta_treaba_cu_parcarea_la_hotel_in_Viena\" >Cum st\u0103 treaba cu parcarea la hotel \u00een Viena?<\/a><\/li><li class='ez-toc-page-1 ez-toc-heading-level-3'><a class=\"ez-toc-link ez-toc-heading-37\" href=\"https:\/\/loudavymkrokem.cz\/ro\/cazare-viena-austria-hoteluri\/#Sunt_hotelurile_din_Viena_scumpe\" >Sunt hotelurile din Viena scumpe?<\/a><\/li><li class='ez-toc-page-1 ez-toc-heading-level-3'><a class=\"ez-toc-link ez-toc-heading-38\" href=\"https:\/\/loudavymkrokem.cz\/ro\/cazare-viena-austria-hoteluri\/#Care_cartier_vienez_este_cel_mai_bun_pentru_iubitorii_de_mancare\" >Care cartier vienez este cel mai bun pentru iubitorii de m\u00e2ncare?<\/a><\/li><li class='ez-toc-page-1 ez-toc-heading-level-3'><a class=\"ez-toc-link ez-toc-heading-39\" href=\"https:\/\/loudavymkrokem.cz\/ro\/cazare-viena-austria-hoteluri\/#Cand_este_cel_mai_bun_moment_pentru_rezervarea_unui_hotel\" >C\u00e2nd este cel mai bun moment pentru rezervarea unui hotel?<\/a><\/li><li class='ez-toc-page-1 ez-toc-heading-level-3'><a class=\"ez-toc-link ez-toc-heading-40\" href=\"https:\/\/loudavymkrokem.cz\/ro\/cazare-viena-austria-hoteluri\/#Unde_sa_ma_cazez_in_Viena_cu_copiii\" >Unde s\u0103 m\u0103 cazez \u00een Viena cu copiii?<\/a><\/li><\/ul><\/li><\/ul><\/nav><\/div>\n<h3 class=\"wp-block-heading\"><span class=\"ez-toc-section\" id=\"Rezumat\"><\/span>Rezumat<span class=\"ez-toc-section-end\"><\/span><\/h3>\n\n\n\n<ul class=\"wp-block-list\">\n\n<li><strong>Cel mai bun raport pre\u021b-loca\u021bie:<\/strong> Dac\u0103 vrei s\u0103 tr\u0103ie\u0219ti o atmosfer\u0103 cu adev\u0103rat local\u0103, <strong>caut\u0103 cazare \u00een cartierul Neubau<\/strong>, de unde ajungi pe jos la principalele muzee, dar pl\u0103te\u0219ti o frac\u021biune din pre\u021bul din centru.<\/li>\n\n\n\n<li><strong>Pentru iubitorii de lux:<\/strong> O experien\u021b\u0103 de neuitat plin\u0103 de istorie \u00ee\u021bi ofer\u0103 legendarul <strong>Hotel Sacher Vienna<\/strong> sau fostul palat <strong>Hotel Imperial<\/strong>, care mul\u021bumesc \u0219i cei mai preten\u021bio\u0219i oaspe\u021bi.<\/li>\n\n\n\n<li><strong>Cea mai bun\u0103 experien\u021b\u0103 boutique:<\/strong> Deta\u0219at, <strong>cel mai bine cotat este HOTEL KAISERHOF WIEN<\/strong>, dar merit\u0103 aten\u021bie \u0219i unicul <strong>Altstadt Vienna<\/strong>, cu mic dejunuri fantastice.<\/li>\n\n\n\n<li><strong>Cazare cu o poveste:<\/strong> Sprijin\u0103 o cauz\u0103 bun\u0103 \u0219i cazeaz\u0103-te la <strong>magdas HOTEL Vienna City<\/strong>, care angajeaz\u0103 oameni cu experien\u021b\u0103 de refugiat, sau \u00eencearc\u0103 fosta m\u0103n\u0103stire <strong>Hotel am Brillantengrund<\/strong>.<\/li>\n\n\n\n<li><strong>Pentru familii cu copii:<\/strong> O alegere excelent\u0103 este lini\u0219titul <strong>Hotel Zipser<\/strong> din t\u0103cutul cartier Josefstadt, sau hotelurile din apropierea verdelui Prater din Leopoldstadt.<\/li>\n\n\n\n<li><strong>Cel mai bun pentru buget redus:<\/strong> Backpackerii \u0219i studen\u021bii vor adora <strong>Vienna Hostel Ruthensteiner<\/strong>, care ofer\u0103 o atmosfer\u0103 prietenoas\u0103 \u0219i facilit\u0103\u021bi excelente la pre\u021buri minime.<\/li>\n\n\n\n<li><strong>Practic pentru drumul cu ma\u0219ina:<\/strong> Alege hoteluri \u00een jurul g\u0103rilor Westbahnhof sau Hauptbahnhof, precum <strong>Hotel Schani<\/strong>, unde evi\u021bi navigarea complicat\u0103 prin centrul istoric.<\/li>\n\n\n<\/ul>\n\n\n\n\n<p class=\"wp-block-paragraph\"><em>\ud83d\udca1 Transportul public din Viena este at\u00e2t de bun, \u00eenc\u00e2t din cartierele periferice e\u0219ti \u00een centru \u00een zece minute \u2014 de aceea merit\u0103 s\u0103 compari \u0219i caz\u0103rile din afara inelului Ring. <a href=\"https:\/\/www.stay22.com\/allez\/roam?aid=lukaskonecny&#038;campaign=loudavymkrokemcz&#038;campaign=kde-bydlet-ve-vidni&#038;address=V%C3%ADde%C5%88%2C%20Rakousko\" target=\"_blank\" rel=\"nofollow noopener sponsored\">Pe aceast\u0103 hart\u0103 vezi toat\u0103 oferta dintr-o privire<\/a>, inclusiv c\u00e2t de mult mai ieftin este cartierul \u0219apte sau opt.<\/em><\/p>\n\n\n\n<h2 class=\"wp-block-heading\"><span class=\"ez-toc-section\" id=\"Ce_zona_sa_alegi_in_Viena_Austria\"><\/span>Ce zon\u0103 s\u0103 alegi \u00een Viena, Austria<span class=\"ez-toc-section-end\"><\/span><\/h2>\n\n\n\n<p class=\"wp-block-paragraph\">Viena este \u00eemp\u0103r\u021bit\u0103 administrativ \u00een dou\u0103zeci \u0219i trei de cartiere numerotate, pe care localnicii le numesc Bezirke. <strong>Cunoa\u0219terea acestor numere este absolut esen\u021bial\u0103<\/strong>, pentru c\u0103 le vei \u00eent\u00e2lni pe fiecare pl\u0103cu\u021b\u0103 de strad\u0103 \u0219i \u00ee\u021bi vor u\u0219ura mult orientarea c\u00e2nd alegi hotelul. Dac\u0103 \u00ee\u021bi c\u00e2nt\u0103re\u0219ti op\u021biunile, \u021bine minte c\u0103 Viena este unul dintre pu\u021binele ora\u0219e mari europene unde <strong>nu are absolut niciun sens s\u0103 pl\u0103te\u0219ti sume inutil de mari pentru centrul istoric<\/strong>. Re\u021beaua local\u0103 de metrou \u0219i tramvaie este at\u00e2t de incredibil de deas\u0103 \u0219i precis\u0103, \u00eenc\u00e2t din cartierele periferice ajungi direct \u00een Stephansplatz \u00een doar zece minute. Astfel \u00ee\u021bi po\u021bi permite o camer\u0103 mult mai calitativ\u0103 \u0219i mai interesant\u0103 \u00een cartierul \u0219apte sau opt, la pre\u021bul unei caz\u0103ri medii de pe faimosul Ring.<\/p>\n\n\n\n<p class=\"wp-block-paragraph\"><strong>1. Innere Stadt (primul cartier)<\/strong> este inima istoric\u0103 absolut\u0103 a ora\u0219ului, unde g\u0103se\u0219ti maiestuosul Hofburg, cl\u0103direa operei \u0219i celebra strad\u0103 comercial\u0103 Graben. Este o <strong>alegere excelent\u0103 pentru prima vizit\u0103<\/strong>, dac\u0103 ai foarte pu\u021bin timp \u0219i nu te deranjeaz\u0103 s\u0103 pl\u0103te\u0219ti \u00een plus pentru exclusivitate. \u021aine \u00eens\u0103 cont c\u0103 pre\u021burile la cazare \u0219i restaurante sunt aici, deta\u0219at, cele mai mari din tot ora\u0219ul \u0219i peste tot vei \u00eent\u00e2lni mul\u021bimi de turi\u0219ti.<\/p>\n\n\n\n<p class=\"wp-block-paragraph\"><strong>7. Neubau<\/strong> este, dup\u0103 mul\u021bi c\u0103l\u0103tori \u0219i evalu\u0103ri independente, cartierul cu <strong>cel mai bun raport \u00eentre atmosfera general\u0103 \u0219i pre\u021b<\/strong>. Aici vin s\u0103-\u0219i petreac\u0103 timpul liber \u00een\u0219i\u0219i vienezii \u0219i vei g\u0103si zeci de cafenele independente \u0219i magazine de design. Un mare avantaj este \u0219i faptul c\u0103 uria\u0219ul cartier cultural MuseumsQuartier se afl\u0103 practic dup\u0103 col\u021b.<\/p>\n\n\n\n<p class=\"wp-block-paragraph\"><strong>6. Mariahilf<\/strong> se \u00eenvecineaz\u0103 direct cu Neubau, iar artera lui principal\u0103 este lunga Mariahilfer Stra\u00dfe. Este <strong>cea mai lung\u0103 \u0219i, f\u0103r\u0103 \u00eendoial\u0103, cea mai cunoscut\u0103 strad\u0103 comercial\u0103<\/strong> din toat\u0103 Austria. Dac\u0103 scopul principal al c\u0103l\u0103toriei tale este re\u00eennoirea garderobei \u0219i vrei s\u0103 fii aproape de renumita pia\u021b\u0103 Naschmarkt, aici vei fi \u00een al nou\u0103lea cer.<\/p>\n\n\n\n<p class=\"wp-block-paragraph\"><strong>8. Josefstadt<\/strong> este cel mai mic cartier vienez, care \u00eens\u0103 ofer\u0103 vizitatorului atent <strong>o lini\u0219te incredibil\u0103 \u0219i str\u0103du\u021be t\u0103cute<\/strong> pline de cafenele literare tradi\u021bionale. Din acest frumos cartier reziden\u021bial ajungi printr-o plimbare foarte pl\u0103cut\u0103 direct la superba prim\u0103rie neogotic\u0103.<\/p>\n\n\n\n<p class=\"wp-block-paragraph\"><strong>4. Wieden<\/strong> va fi apreciat, dimpotriv\u0103, mai ales de pasiona\u021bii gurmanzi \u0219i iubitorii de m\u00e2ncare bun\u0103. Se afl\u0103 \u00een imediata apropiere a faimosului Naschmarkt \u0219i este literalmente <strong>pres\u0103rat cu restaurante moderne excelente \u0219i bistrouri primitoare<\/strong>. Din punct de vedere al transportului urban este, \u00een plus, un loc foarte strategic, cu o leg\u0103tur\u0103 excelent\u0103 la re\u021beaua de metrou.<\/p>\n\n\n\n<p class=\"wp-block-paragraph\"><strong>2. Leopoldstadt<\/strong> se \u00eentinde chiar peste canal fa\u021b\u0103 de centrul istoric, iar avantajul s\u0103u uria\u0219 este <strong>apropierea de \u00eentinsul parc verde Prater<\/strong>. Asta \u00eel face o alegere fantastic\u0103 \u0219i foarte c\u0103utat\u0103 pentru familiile cu copii. Vei g\u0103si aici mult\u0103 verdea\u021b\u0103 at\u00e2t de necesar\u0103, bulevarde largi \u0219i, seara, o atmosfer\u0103 foarte lini\u0219tit\u0103.<\/p>\n\n\n\n<p class=\"wp-block-paragraph\"><strong>15. Cartierul de l\u00e2ng\u0103 Westbahnhof<\/strong> este baza ideal\u0103 pentru to\u021bi c\u0103l\u0103torii cu buget mai limitat. Serve\u0219te excelent \u0219i celor care <strong>ajung \u00een metropola austriac\u0103 cu propria ma\u0219in\u0103<\/strong>. Hotelurile din aceast\u0103 zon\u0103 tind s\u0103 fie considerabil mai ieftine, ofer\u0103 adesea parcare proprie sigur\u0103 \u0219i, datorit\u0103 g\u0103rii din apropiere, e\u0219ti cu metroul \u00een centru \u00een c\u00e2teva minute.<\/p>\n\n\n\n<h2 class=\"wp-block-heading\"><span class=\"ez-toc-section\" id=\"Cand_sa_mergi_si_cand_sa_rezervi\"><\/span>C\u00e2nd s\u0103 mergi \u0219i c\u00e2nd s\u0103 rezervi<span class=\"ez-toc-section-end\"><\/span><\/h2>\n\n\n\n<p class=\"wp-block-paragraph\">Momentul vizitei tale joac\u0103 un rol imens \u00een <strong>ce pre\u021buri finale la cazare po\u021bi a\u0219tepta \u00een sistemele de rezervare<\/strong>. Metropola austriac\u0103 face parte dintre destina\u021biile foarte populare tot timpul anului, dar unele luni sunt extrem de aglomerate din punct de vedere turistic \u0219i necesit\u0103, prin urmare, o planificare atent\u0103, cu suficient timp \u00eenainte.<\/p>\n\n\n\n<p class=\"wp-block-paragraph\">V\u00e2rful absolut este <strong>perioada adventului, de la sf\u00e2r\u0219itul lui noiembrie p\u00e2n\u0103 la sf\u00e2r\u0219itul lui decembrie<\/strong>, c\u00e2nd tot ora\u0219ul se transform\u0103 magic \u00eentr-un t\u0103r\u00e2m de iarn\u0103 de basm, plin de lumini\u021be. Renumitele t\u00e2rguri de Cr\u0103ciun atrag vizitatori entuzia\u0219ti din toat\u0103 Europa Central\u0103. De aceea, \u00een aceast\u0103 perioad\u0103 hotelurile sunt, firesc, cele mai scumpe, iar cele mai bune camere se <strong>epuizeaz\u0103 chiar \u0219i cu c\u00e2teva luni \u00een avans<\/strong>.<\/p>\n\n\n\n<p class=\"wp-block-paragraph\">Lunile de prim\u0103var\u0103, <strong>aprilie\u2013iunie, \u0219i cele de toamn\u0103, septembrie cu octombrie<\/strong>, sunt probabil cele mai pl\u0103cute pentru a descoperi frumuse\u021bile ora\u0219ului. Temperaturile de afar\u0103 sunt ideale pentru plimb\u0103ri lungi printre monumente \u0219i pentru statul relaxat pe terasele cafenelelor locale. Pre\u021burile hotelurilor r\u0103m\u00e2n \u00eenc\u0103 destul de ridicate, dar experien\u021ba parcurilor \u00eenflorite te va r\u0103spl\u0103ti din plin.<\/p>\n\n\n\n<p class=\"wp-block-paragraph\">Dac\u0103 vrei s\u0103 economise\u0219ti semnificativ la c\u0103l\u0103torie, <strong>porne\u0219te \u00een ianuarie sau februarie<\/strong>, luni reci. Pre\u021burile tuturor caz\u0103rilor cad atunci la minimul anual \u0219i te po\u021bi bucura de str\u0103zi mai goale. E adev\u0103rat c\u0103 trebuie s\u0103 te a\u0219tep\u021bi la vreme geroas\u0103 \u0219i la un \u00eentuneric foarte timpuriu, dar aceast\u0103 perioad\u0103 de iarn\u0103 este, dimpotriv\u0103, apogeul faimosului sezon al balurilor, care are un farmec social cu totul de neegalat.<\/p>\n\n\n\n<p class=\"wp-block-paragraph\">Fii foarte atent la <strong>weekendurile prelungite \u0219i la s\u0103rb\u0103torile legale din Rom\u00e2nia<\/strong>. Viena este pur \u0219i simplu una dintre cele mai u\u0219oare excursii externe pentru noi \u0219i mul\u021bi profit\u0103 cu drag de timpul liber. \u00cen aceste perioade camerele disponibile dispar \u00eentr-un ritm ame\u021bitor, iar pre\u021burile urc\u0103 vertiginos, a\u0219a c\u0103 nu am\u00e2na prea mult rezervarea final\u0103.<\/p>\n\n\n\n<h2 class=\"wp-block-heading\"><span class=\"ez-toc-section\" id=\"Cele_mai_bune_26_de_hoteluri_din_Viena_Austria\"><\/span>Cele mai bune 26 de hoteluri din Viena, Austria<span class=\"ez-toc-section-end\"><\/span><\/h2>\n\n\n\n<p class=\"wp-block-paragraph\">Alegerea unui hotel concret depinde \u00eentotdeauna de bugetul \u0219i preferin\u021bele tale, de aceea am ordonat caz\u0103rile de la cele mai luxoase icoane p\u00e2n\u0103 la hostelurile mai ieftine. Toate evalu\u0103rile \u0219i num\u0103rul de recenzii <strong>corespund experien\u021belor reale ale c\u0103l\u0103torilor<\/strong> \u0219i te vor ajuta s\u0103 iei cea mai bun\u0103 decizie.<\/p>\n\n\n\n<figure data-wp-context=\"{&quot;imageId&quot;:&quot;6a9c3a697492b&quot;}\" data-wp-interactive=\"core\/image\" data-wp-key=\"6a9c3a697492b\" class=\"wp-block-image size-full wp-lightbox-container\"><img decoding=\"async\" width=\"1800\" height=\"1200\" data-wp-class--hide=\"state.isContentHidden\" data-wp-class--show=\"state.isContentVisible\" data-wp-init=\"callbacks.setButtonStyles\" data-wp-on--click=\"actions.showLightbox\" data-wp-on--load=\"callbacks.setButtonStyles\" data-wp-on--pointerdown=\"actions.preloadImage\" data-wp-on--pointerenter=\"actions.preloadImageWithDelay\" data-wp-on--pointerleave=\"actions.cancelPreload\" data-wp-on-window--resize=\"callbacks.setButtonStyles\" src=\"https:\/\/loudavymkrokem.cz\/wp-content\/uploads\/2026\/08\/hotel-sacher-vienna-1-1.jpg\" alt=\"Salonul Hotelului Sacher, vizavi de opera vienez\u0103\" class=\"wp-image-407103\" title=\"\" srcset=\"https:\/\/loudavymkrokem.cz\/wp-content\/uploads\/2026\/08\/hotel-sacher-vienna-1-1.jpg 1800w, https:\/\/loudavymkrokem.cz\/wp-content\/uploads\/2026\/08\/hotel-sacher-vienna-1-1-300x200.jpg 300w, https:\/\/loudavymkrokem.cz\/wp-content\/uploads\/2026\/08\/hotel-sacher-vienna-1-1-700x467.jpg 700w, https:\/\/loudavymkrokem.cz\/wp-content\/uploads\/2026\/08\/hotel-sacher-vienna-1-1-768x512.jpg 768w, https:\/\/loudavymkrokem.cz\/wp-content\/uploads\/2026\/08\/hotel-sacher-vienna-1-1-1536x1024.jpg 1536w, https:\/\/loudavymkrokem.cz\/wp-content\/uploads\/2026\/08\/hotel-sacher-vienna-1-1-696x464.jpg 696w, https:\/\/loudavymkrokem.cz\/wp-content\/uploads\/2026\/08\/hotel-sacher-vienna-1-1-1392x928.jpg 1392w\" sizes=\"(max-width: 1800px) 100vw, 1800px\" \/><button\n\t\t\tclass=\"lightbox-trigger\"\n\t\t\ttype=\"button\"\n\t\t\taria-haspopup=\"dialog\"\n\t\t\tdata-wp-bind--aria-label=\"state.thisImage.triggerButtonAriaLabel\"\n\t\t\tdata-wp-init=\"callbacks.initTriggerButton\"\n\t\t\tdata-wp-on--click=\"actions.showLightbox\"\n\t\t\tdata-wp-style--right=\"state.thisImage.buttonRight\"\n\t\t\tdata-wp-style--top=\"state.thisImage.buttonTop\"\n\t\t>\n\t\t\t<svg xmlns=\"http:\/\/www.w3.org\/2000\/svg\" width=\"12\" height=\"12\" fill=\"none\" viewBox=\"0 0 12 12\">\n\t\t\t\t<path fill=\"#fff\" d=\"M2 0a2 2 0 0 0-2 2v2h1.5V2a.5.5 0 0 1 .5-.5h2V0H2Zm2 10.5H2a.5.5 0 0 1-.5-.5V8H0v2a2 2 0 0 0 2 2h2v-1.5ZM8 12v-1.5h2a.5.5 0 0 0 .5-.5V8H12v2a2 2 0 0 1-2 2H8Zm2-12a2 2 0 0 1 2 2v2h-1.5V2a.5.5 0 0 0-.5-.5H8V0h2Z\" \/>\n\t\t\t<\/svg>\n\t\t<\/button><figcaption class=\"wp-element-caption\">Foto: Hotel Sacher \/ site-ul oficial<\/figcaption><\/figure>\n\n\n\n<h3 class=\"wp-block-heading\"><span class=\"ez-toc-section\" id=\"1_Hotel_Sacher_Vienna\"><\/span>1. Hotel Sacher Vienna<span class=\"ez-toc-section-end\"><\/span><\/h3>\n\n\n\n<p class=\"wp-block-paragraph\">Acest hotel legendar de cinci stele dateaz\u0103 \u00eenc\u0103 din 1876 \u0219i \u00eel g\u0103se\u0219ti chiar \u00een primul cartier Innere Stadt, exact vizavi de cl\u0103direa operei de stat. Cu un <strong>rating absolut excelent de 4,5 din peste 14.088 de recenzii<\/strong>, de\u021bine recordul absolut la num\u0103rul de evalu\u0103ri din toat\u0103 Viena \u0219i reprezint\u0103 \u00eentruchiparea luxului tradi\u021bional austriac.<\/p>\n\n\n\n<figure data-wp-context=\"{&quot;galleryId&quot;:&quot;6a9c3a6974c71&quot;}\" data-wp-interactive=\"core\/gallery\" class=\"wp-block-gallery has-nested-images columns-2 is-cropped wp-block-gallery-is-layout-flex wp-block-gallery-1 is-layout-flex\">\n\n<figure data-wp-context=\"{&quot;imageId&quot;:&quot;6a9c3a6975189&quot;}\" data-wp-interactive=\"core\/image\" data-wp-key=\"6a9c3a6975189\" class=\"wp-block-image size-large wp-lightbox-container\"><img decoding=\"async\" width=\"1800\" height=\"1201\" data-wp-class--hide=\"state.isContentHidden\" data-wp-class--show=\"state.isContentVisible\" data-wp-init=\"callbacks.setButtonStyles\" data-wp-on--click=\"actions.showLightbox\" data-wp-on--load=\"callbacks.setButtonStyles\" data-wp-on--pointerdown=\"actions.preloadImage\" data-wp-on--pointerenter=\"actions.preloadImageWithDelay\" data-wp-on--pointerleave=\"actions.cancelPreload\" data-wp-on-window--resize=\"callbacks.setButtonStyles\" data-id=\"407107\" src=\"https:\/\/loudavymkrokem.cz\/wp-content\/uploads\/2026\/08\/hotel-sacher-vienna-2-1.jpg\" alt=\"Rote Bar aranjat\u0103 festiv \u00een Hotelul Sacher\" class=\"wp-image-407107\" title=\"\" srcset=\"https:\/\/loudavymkrokem.cz\/wp-content\/uploads\/2026\/08\/hotel-sacher-vienna-2-1.jpg 1800w, https:\/\/loudavymkrokem.cz\/wp-content\/uploads\/2026\/08\/hotel-sacher-vienna-2-1-300x200.jpg 300w, https:\/\/loudavymkrokem.cz\/wp-content\/uploads\/2026\/08\/hotel-sacher-vienna-2-1-700x467.jpg 700w, https:\/\/loudavymkrokem.cz\/wp-content\/uploads\/2026\/08\/hotel-sacher-vienna-2-1-768x512.jpg 768w, https:\/\/loudavymkrokem.cz\/wp-content\/uploads\/2026\/08\/hotel-sacher-vienna-2-1-1536x1025.jpg 1536w, https:\/\/loudavymkrokem.cz\/wp-content\/uploads\/2026\/08\/hotel-sacher-vienna-2-1-696x464.jpg 696w, https:\/\/loudavymkrokem.cz\/wp-content\/uploads\/2026\/08\/hotel-sacher-vienna-2-1-1392x929.jpg 1392w\" sizes=\"(max-width: 1800px) 100vw, 1800px\" \/><button\n\t\t\tclass=\"lightbox-trigger\"\n\t\t\ttype=\"button\"\n\t\t\taria-haspopup=\"dialog\"\n\t\t\tdata-wp-bind--aria-label=\"state.thisImage.triggerButtonAriaLabel\"\n\t\t\tdata-wp-init=\"callbacks.initTriggerButton\"\n\t\t\tdata-wp-on--click=\"actions.showLightbox\"\n\t\t\tdata-wp-style--right=\"state.thisImage.buttonRight\"\n\t\t\tdata-wp-style--top=\"state.thisImage.buttonTop\"\n\t\t>\n\t\t\t<svg xmlns=\"http:\/\/www.w3.org\/2000\/svg\" width=\"12\" height=\"12\" fill=\"none\" viewBox=\"0 0 12 12\">\n\t\t\t\t<path fill=\"#fff\" d=\"M2 0a2 2 0 0 0-2 2v2h1.5V2a.5.5 0 0 1 .5-.5h2V0H2Zm2 10.5H2a.5.5 0 0 1-.5-.5V8H0v2a2 2 0 0 0 2 2h2v-1.5ZM8 12v-1.5h2a.5.5 0 0 0 .5-.5V8H12v2a2 2 0 0 1-2 2H8Zm2-12a2 2 0 0 1 2 2v2h-1.5V2a.5.5 0 0 0-.5-.5H8V0h2Z\" \/>\n\t\t\t<\/svg>\n\t\t<\/button><figcaption class=\"wp-element-caption\">Foto: Hotel Sacher \/ site-ul oficial<\/figcaption><\/figure>\n\n\n<figure data-wp-context=\"{&quot;imageId&quot;:&quot;6a9c3a6975754&quot;}\" data-wp-interactive=\"core\/image\" data-wp-key=\"6a9c3a6975754\" class=\"wp-block-image size-large wp-lightbox-container\"><img decoding=\"async\" width=\"1800\" height=\"1201\" data-wp-class--hide=\"state.isContentHidden\" data-wp-class--show=\"state.isContentVisible\" data-wp-init=\"callbacks.setButtonStyles\" data-wp-on--click=\"actions.showLightbox\" data-wp-on--load=\"callbacks.setButtonStyles\" data-wp-on--pointerdown=\"actions.preloadImage\" data-wp-on--pointerenter=\"actions.preloadImageWithDelay\" data-wp-on--pointerleave=\"actions.cancelPreload\" data-wp-on-window--resize=\"callbacks.setButtonStyles\" data-id=\"407111\" src=\"https:\/\/loudavymkrokem.cz\/wp-content\/uploads\/2026\/08\/hotel-sacher-vienna-3-1.jpg\" alt=\"Camer\u0103 \u00een Hotelul Sacher\" class=\"wp-image-407111\" title=\"\" srcset=\"https:\/\/loudavymkrokem.cz\/wp-content\/uploads\/2026\/08\/hotel-sacher-vienna-3-1.jpg 1800w, https:\/\/loudavymkrokem.cz\/wp-content\/uploads\/2026\/08\/hotel-sacher-vienna-3-1-300x200.jpg 300w, https:\/\/loudavymkrokem.cz\/wp-content\/uploads\/2026\/08\/hotel-sacher-vienna-3-1-700x467.jpg 700w, https:\/\/loudavymkrokem.cz\/wp-content\/uploads\/2026\/08\/hotel-sacher-vienna-3-1-768x512.jpg 768w, https:\/\/loudavymkrokem.cz\/wp-content\/uploads\/2026\/08\/hotel-sacher-vienna-3-1-1536x1025.jpg 1536w, https:\/\/loudavymkrokem.cz\/wp-content\/uploads\/2026\/08\/hotel-sacher-vienna-3-1-696x464.jpg 696w, https:\/\/loudavymkrokem.cz\/wp-content\/uploads\/2026\/08\/hotel-sacher-vienna-3-1-1392x929.jpg 1392w\" sizes=\"(max-width: 1800px) 100vw, 1800px\" \/><button\n\t\t\tclass=\"lightbox-trigger\"\n\t\t\ttype=\"button\"\n\t\t\taria-haspopup=\"dialog\"\n\t\t\tdata-wp-bind--aria-label=\"state.thisImage.triggerButtonAriaLabel\"\n\t\t\tdata-wp-init=\"callbacks.initTriggerButton\"\n\t\t\tdata-wp-on--click=\"actions.showLightbox\"\n\t\t\tdata-wp-style--right=\"state.thisImage.buttonRight\"\n\t\t\tdata-wp-style--top=\"state.thisImage.buttonTop\"\n\t\t>\n\t\t\t<svg xmlns=\"http:\/\/www.w3.org\/2000\/svg\" width=\"12\" height=\"12\" fill=\"none\" viewBox=\"0 0 12 12\">\n\t\t\t\t<path fill=\"#fff\" d=\"M2 0a2 2 0 0 0-2 2v2h1.5V2a.5.5 0 0 1 .5-.5h2V0H2Zm2 10.5H2a.5.5 0 0 1-.5-.5V8H0v2a2 2 0 0 0 2 2h2v-1.5ZM8 12v-1.5h2a.5.5 0 0 0 .5-.5V8H12v2a2 2 0 0 1-2 2H8Zm2-12a2 2 0 0 1 2 2v2h-1.5V2a.5.5 0 0 0-.5-.5H8V0h2Z\" \/>\n\t\t\t<\/svg>\n\t\t<\/button><figcaption class=\"wp-element-caption\">Foto: Hotel Sacher \/ site-ul oficial<\/figcaption><\/figure>\n\n\n<figure data-wp-context=\"{&quot;imageId&quot;:&quot;6a9c3a6975de9&quot;}\" data-wp-interactive=\"core\/image\" data-wp-key=\"6a9c3a6975de9\" class=\"wp-block-image size-large wp-lightbox-container\"><img decoding=\"async\" width=\"1800\" height=\"1201\" data-wp-class--hide=\"state.isContentHidden\" data-wp-class--show=\"state.isContentVisible\" data-wp-init=\"callbacks.setButtonStyles\" data-wp-on--click=\"actions.showLightbox\" data-wp-on--load=\"callbacks.setButtonStyles\" data-wp-on--pointerdown=\"actions.preloadImage\" data-wp-on--pointerenter=\"actions.preloadImageWithDelay\" data-wp-on--pointerleave=\"actions.cancelPreload\" data-wp-on-window--resize=\"callbacks.setButtonStyles\" data-id=\"407115\" src=\"https:\/\/loudavymkrokem.cz\/wp-content\/uploads\/2026\/08\/hotel-sacher-vienna-4-1.jpg\" alt=\"Salonul Hotelului Sacher, vizavi de opera vienez\u0103\" class=\"wp-image-407115\" title=\"\" srcset=\"https:\/\/loudavymkrokem.cz\/wp-content\/uploads\/2026\/08\/hotel-sacher-vienna-4-1.jpg 1800w, https:\/\/loudavymkrokem.cz\/wp-content\/uploads\/2026\/08\/hotel-sacher-vienna-4-1-300x200.jpg 300w, https:\/\/loudavymkrokem.cz\/wp-content\/uploads\/2026\/08\/hotel-sacher-vienna-4-1-700x467.jpg 700w, https:\/\/loudavymkrokem.cz\/wp-content\/uploads\/2026\/08\/hotel-sacher-vienna-4-1-768x512.jpg 768w, https:\/\/loudavymkrokem.cz\/wp-content\/uploads\/2026\/08\/hotel-sacher-vienna-4-1-1536x1025.jpg 1536w, https:\/\/loudavymkrokem.cz\/wp-content\/uploads\/2026\/08\/hotel-sacher-vienna-4-1-696x464.jpg 696w, https:\/\/loudavymkrokem.cz\/wp-content\/uploads\/2026\/08\/hotel-sacher-vienna-4-1-1392x929.jpg 1392w\" sizes=\"(max-width: 1800px) 100vw, 1800px\" \/><button\n\t\t\tclass=\"lightbox-trigger\"\n\t\t\ttype=\"button\"\n\t\t\taria-haspopup=\"dialog\"\n\t\t\tdata-wp-bind--aria-label=\"state.thisImage.triggerButtonAriaLabel\"\n\t\t\tdata-wp-init=\"callbacks.initTriggerButton\"\n\t\t\tdata-wp-on--click=\"actions.showLightbox\"\n\t\t\tdata-wp-style--right=\"state.thisImage.buttonRight\"\n\t\t\tdata-wp-style--top=\"state.thisImage.buttonTop\"\n\t\t>\n\t\t\t<svg xmlns=\"http:\/\/www.w3.org\/2000\/svg\" width=\"12\" height=\"12\" fill=\"none\" viewBox=\"0 0 12 12\">\n\t\t\t\t<path fill=\"#fff\" d=\"M2 0a2 2 0 0 0-2 2v2h1.5V2a.5.5 0 0 1 .5-.5h2V0H2Zm2 10.5H2a.5.5 0 0 1-.5-.5V8H0v2a2 2 0 0 0 2 2h2v-1.5ZM8 12v-1.5h2a.5.5 0 0 0 .5-.5V8H12v2a2 2 0 0 1-2 2H8Zm2-12a2 2 0 0 1 2 2v2h-1.5V2a.5.5 0 0 0-.5-.5H8V0h2Z\" \/>\n\t\t\t<\/svg>\n\t\t<\/button><figcaption class=\"wp-element-caption\">Foto: Hotel Sacher \/ site-ul oficial<\/figcaption><\/figure>\n\n<\/figure>\n\n\n\n<p class=\"wp-block-paragraph\">\u00cen recenzii, c\u0103l\u0103torii apreciaz\u0103 cel mai mult serviciul personal absolut impecabil, interioarele opulente pline de antichit\u0103\u021bi rare \u0219i atmosfera unic\u0103 a vremurilor de alt\u0103dat\u0103. De la sine \u00een\u021beles este \u0219i posibilitatea de a gusta faimosul Sachertorte original chiar la surs\u0103, ceea ce este <strong>o experien\u021b\u0103 culinar\u0103 dulce pe care noi o ador\u0103m pur \u0219i simplu<\/strong>.<\/p>\n\n\n\n<p class=\"wp-block-paragraph\">Cl\u0103direa se afl\u0103 \u00een centrul istoric absolut, a\u0219a c\u0103 ajungi comod pe jos la toate monumentele importante, pe str\u0103zi superbe. <strong>Cunosc\u0103torii de muzic\u0103 clasic\u0103 vor aprecia, \u00een plus, apropierea imediat\u0103 de oper\u0103<\/strong>, unde se pot \u00eentoarce seara, dup\u0103 spectacol, f\u0103r\u0103 a fi nevoi\u021bi s\u0103 foloseasc\u0103 transportul de noapte.<\/p>\n\n\n\n<p class=\"wp-block-paragraph\">\ud83d\udca1 Pont: Alege acest hotel dac\u0103 e\u0219ti \u00een c\u0103utarea <strong>v\u00e2rfului absolut pentru un eveniment excep\u021bional din via\u021b\u0103<\/strong>, precum o aniversare rotund\u0103 sau o lun\u0103 de miere de lux. Pre\u021bul corespunde, firesc, exclusivit\u0103\u021bii, dar experien\u021ba unui sejur \u00eentr-o institu\u021bie at\u00e2t de iconic\u0103 \u021bi-o vei aminti sut\u0103 la sut\u0103 pentru totdeauna. <em><a href=\"https:\/\/www.stay22.com\/allez\/roam?aid=lukaskonecny&#038;campaign=loudavymkrokemcz&#038;campaign=kde-bydlet-ve-vidni&#038;hotelname=Hotel%20Sacher%20Vienna&#038;address=V%C3%ADde%C5%88%2C%20Rakousko\" target=\"_blank\" rel=\"nofollow noopener sponsored\">verific\u0103 pre\u021burile \u0219i disponibilitatea<\/a><\/em><\/p>\n\n\n\n<figure data-wp-context=\"{&quot;imageId&quot;:&quot;6a9c3a697659d&quot;}\" data-wp-interactive=\"core\/image\" data-wp-key=\"6a9c3a697659d\" class=\"wp-block-image size-full wp-lightbox-container\"><img decoding=\"async\" width=\"569\" height=\"320\" data-wp-class--hide=\"state.isContentHidden\" data-wp-class--show=\"state.isContentVisible\" data-wp-init=\"callbacks.setButtonStyles\" data-wp-on--click=\"actions.showLightbox\" data-wp-on--load=\"callbacks.setButtonStyles\" data-wp-on--pointerdown=\"actions.preloadImage\" data-wp-on--pointerenter=\"actions.preloadImageWithDelay\" data-wp-on--pointerleave=\"actions.cancelPreload\" data-wp-on-window--resize=\"callbacks.setButtonStyles\" src=\"https:\/\/loudavymkrokem.cz\/wp-content\/uploads\/2026\/08\/hotel-imperial-na-v-de-sk-ringstra-e.jpg\" alt=\"Hotel Imperial pe Ringstra\u00dfe vienez\u0103\" class=\"wp-image-407165\" title=\"\" srcset=\"https:\/\/loudavymkrokem.cz\/wp-content\/uploads\/2026\/08\/hotel-imperial-na-v-de-sk-ringstra-e.jpg 569w, https:\/\/loudavymkrokem.cz\/wp-content\/uploads\/2026\/08\/hotel-imperial-na-v-de-sk-ringstra-e-300x169.jpg 300w\" sizes=\"(max-width: 569px) 100vw, 569px\" \/><button\n\t\t\tclass=\"lightbox-trigger\"\n\t\t\ttype=\"button\"\n\t\t\taria-haspopup=\"dialog\"\n\t\t\tdata-wp-bind--aria-label=\"state.thisImage.triggerButtonAriaLabel\"\n\t\t\tdata-wp-init=\"callbacks.initTriggerButton\"\n\t\t\tdata-wp-on--click=\"actions.showLightbox\"\n\t\t\tdata-wp-style--right=\"state.thisImage.buttonRight\"\n\t\t\tdata-wp-style--top=\"state.thisImage.buttonTop\"\n\t\t>\n\t\t\t<svg xmlns=\"http:\/\/www.w3.org\/2000\/svg\" width=\"12\" height=\"12\" fill=\"none\" viewBox=\"0 0 12 12\">\n\t\t\t\t<path fill=\"#fff\" d=\"M2 0a2 2 0 0 0-2 2v2h1.5V2a.5.5 0 0 1 .5-.5h2V0H2Zm2 10.5H2a.5.5 0 0 1-.5-.5V8H0v2a2 2 0 0 0 2 2h2v-1.5ZM8 12v-1.5h2a.5.5 0 0 0 .5-.5V8H12v2a2 2 0 0 1-2 2H8Zm2-12a2 2 0 0 1 2 2v2h-1.5V2a.5.5 0 0 0-.5-.5H8V0h2Z\" \/>\n\t\t\t<\/svg>\n\t\t<\/button><figcaption class=\"wp-element-caption\">Foto: Hotel Imperial, a Luxury Collection Hotel, Vienna \/ Google Maps<\/figcaption><\/figure>\n\n\n\n<h3 class=\"wp-block-heading\"><span class=\"ez-toc-section\" id=\"2_Hotel_Imperial\"><\/span>2. Hotel Imperial<span class=\"ez-toc-section-end\"><\/span><\/h3>\n\n\n\n<p class=\"wp-block-paragraph\">Acest uluitor fost palat nobiliar de pe faimoasa strad\u0103 Ringstra\u00dfe se poate l\u0103uda cu un <strong>rating foarte prestigios de 4,7 din 1.877 de recenzii<\/strong> \u0219i apar\u021bine, pe bun\u0103 dreptate, celor mai grandioase locuri pe care metropola austriac\u0103 le ofer\u0103 oaspe\u021bilor. \u00cenc\u0103 de la intrarea \u00een maiestuosul lobby cu coloane de marmur\u0103 \u0219i candelabre uria\u0219e de cristal te vei sim\u021bi ca un membru respectat al familiei imperiale.<\/p>\n\n\n\n<p class=\"wp-block-paragraph\">Toate camerele sunt mobilate cu un incredibil sim\u021b pentru detaliul istoric, iar pere\u021bii sunt adesea decora\u021bi cu tapet luxos de m\u0103tase. Oaspe\u021bii scot foarte des \u00een eviden\u021b\u0103, \u00een recenzii, <strong>serviciile de excep\u021bie ale majordomului personal<\/strong>, care se ocup\u0103 cu un z\u00e2mbet de absolut orice dorin\u021b\u0103 imaginabil\u0103 pe parcursul \u00eentregului sejur.<\/p>\n\n\n\n<p class=\"wp-block-paragraph\">Aceast\u0103 cl\u0103dire unic\u0103 respir\u0103 istorie de secole la fiecare pas, iar sejurul aici este mai degrab\u0103 experien\u021ba vizit\u0103rii unui muzeu func\u021bional dec\u00e2t a unui hotel obi\u0219nuit. <strong>Serviciul este dus la perfec\u021biune absolut\u0103<\/strong>, iar angaja\u021bii fac tot posibilul ca fiecare oaspete s\u0103 se simt\u0103 cu totul special.<\/p>\n\n\n\n<p class=\"wp-block-paragraph\">\ud83d\udca1 Pont: Cazeaz\u0103-te aici dac\u0103 iube\u0219ti cu adev\u0103rat <strong>istoria bogat\u0103 \u0219i arhitectura clasic\u0103 de palat<\/strong>. Hotelul se afl\u0103 chiar \u00een primul cartier, a\u0219a c\u0103 p\u00e2n\u0103 la cele mai cunoscute monumente vei avea de f\u0103cut doar c\u00e2\u021biva pa\u0219i romantici pe superbele str\u0103zi vieneze. <em><a href=\"https:\/\/www.stay22.com\/allez\/roam?aid=lukaskonecny&#038;campaign=loudavymkrokemcz&#038;campaign=kde-bydlet-ve-vidni&#038;hotelname=Hotel%20Imperial&#038;address=V%C3%ADde%C5%88%2C%20Rakousko\" target=\"_blank\" rel=\"nofollow noopener sponsored\">verific\u0103 pre\u021burile \u0219i disponibilitatea<\/a><\/em><\/p>\n\n\n\n<figure data-wp-context=\"{&quot;imageId&quot;:&quot;6a9c3a6976b09&quot;}\" data-wp-interactive=\"core\/image\" data-wp-key=\"6a9c3a6976b09\" class=\"wp-block-image size-full wp-lightbox-container\"><img decoding=\"async\" width=\"1600\" height=\"1116\" data-wp-class--hide=\"state.isContentHidden\" data-wp-class--show=\"state.isContentVisible\" data-wp-init=\"callbacks.setButtonStyles\" data-wp-on--click=\"actions.showLightbox\" data-wp-on--load=\"callbacks.setButtonStyles\" data-wp-on--pointerdown=\"actions.preloadImage\" data-wp-on--pointerenter=\"actions.preloadImageWithDelay\" data-wp-on--pointerleave=\"actions.cancelPreload\" data-wp-on-window--resize=\"callbacks.setButtonStyles\" src=\"https:\/\/loudavymkrokem.cz\/wp-content\/uploads\/2026\/08\/park-hyatt-vienna-v-budov-b-val-banky.jpg\" alt=\"Park Hyatt Vienna \u00een cl\u0103direa unei foste b\u0103nci\" class=\"wp-image-407161\" title=\"\" srcset=\"https:\/\/loudavymkrokem.cz\/wp-content\/uploads\/2026\/08\/park-hyatt-vienna-v-budov-b-val-banky.jpg 1600w, https:\/\/loudavymkrokem.cz\/wp-content\/uploads\/2026\/08\/park-hyatt-vienna-v-budov-b-val-banky-300x209.jpg 300w, https:\/\/loudavymkrokem.cz\/wp-content\/uploads\/2026\/08\/park-hyatt-vienna-v-budov-b-val-banky-700x488.jpg 700w, https:\/\/loudavymkrokem.cz\/wp-content\/uploads\/2026\/08\/park-hyatt-vienna-v-budov-b-val-banky-768x536.jpg 768w, https:\/\/loudavymkrokem.cz\/wp-content\/uploads\/2026\/08\/park-hyatt-vienna-v-budov-b-val-banky-1536x1071.jpg 1536w, https:\/\/loudavymkrokem.cz\/wp-content\/uploads\/2026\/08\/park-hyatt-vienna-v-budov-b-val-banky-696x485.jpg 696w, https:\/\/loudavymkrokem.cz\/wp-content\/uploads\/2026\/08\/park-hyatt-vienna-v-budov-b-val-banky-1392x971.jpg 1392w\" sizes=\"(max-width: 1600px) 100vw, 1600px\" \/><button\n\t\t\tclass=\"lightbox-trigger\"\n\t\t\ttype=\"button\"\n\t\t\taria-haspopup=\"dialog\"\n\t\t\tdata-wp-bind--aria-label=\"state.thisImage.triggerButtonAriaLabel\"\n\t\t\tdata-wp-init=\"callbacks.initTriggerButton\"\n\t\t\tdata-wp-on--click=\"actions.showLightbox\"\n\t\t\tdata-wp-style--right=\"state.thisImage.buttonRight\"\n\t\t\tdata-wp-style--top=\"state.thisImage.buttonTop\"\n\t\t>\n\t\t\t<svg xmlns=\"http:\/\/www.w3.org\/2000\/svg\" width=\"12\" height=\"12\" fill=\"none\" viewBox=\"0 0 12 12\">\n\t\t\t\t<path fill=\"#fff\" d=\"M2 0a2 2 0 0 0-2 2v2h1.5V2a.5.5 0 0 1 .5-.5h2V0H2Zm2 10.5H2a.5.5 0 0 1-.5-.5V8H0v2a2 2 0 0 0 2 2h2v-1.5ZM8 12v-1.5h2a.5.5 0 0 0 .5-.5V8H12v2a2 2 0 0 1-2 2H8Zm2-12a2 2 0 0 1 2 2v2h-1.5V2a.5.5 0 0 0-.5-.5H8V0h2Z\" \/>\n\t\t\t<\/svg>\n\t\t<\/button><figcaption class=\"wp-element-caption\">Foto: Park Hyatt Vienna \/ Google Maps<\/figcaption><\/figure>\n\n\n\n<h3 class=\"wp-block-heading\"><span class=\"ez-toc-section\" id=\"3_Park_Hyatt_Vienna\"><\/span>3. Park Hyatt Vienna<span class=\"ez-toc-section-end\"><\/span><\/h3>\n\n\n\n<p class=\"wp-block-paragraph\">Chiar \u00een inima primului cartier, \u00eentr-o cl\u0103dire superb renovat\u0103 a unei foste b\u0103nci, se afl\u0103 acest hotel de lux modern, care \u00ee\u0219i men\u021bine un <strong>rating excelent de 4,7 din 2.846 de recenzii<\/strong>. Arhitec\u021bilor le-a reu\u0219it aici s\u0103 \u00eembine m\u0103iestrit fa\u021bada istoric\u0103 protejat\u0103 cu un design interior foarte elegant \u0219i absolut contemporan.<\/p>\n\n\n\n<p class=\"wp-block-paragraph\">Cea mai mare atrac\u021bie pentru oaspe\u021bi este, f\u0103r\u0103 \u00eendoial\u0103, <strong>piscina de cincisprezece metri amplasat\u0103 \u00een fostul tezaur uria\u0219 al b\u0103ncii<\/strong>, un detaliu arhitectural care, potrivit recenziilor, \u00ee\u021bi taie literalmente respira\u021bia. Spa-ul de aici \u0219i zona de wellness \u00eentins\u0103 fac parte dintre cele mai bine cotate locuri de relaxare din tot ora\u0219ul.<\/p>\n\n\n\n<p class=\"wp-block-paragraph\">C\u0103l\u0103torii laud\u0103 foarte mult spa\u021biozitatea camerelor \u0219i izolarea fonic\u0103 perfect\u0103 a ferestrelor, care garanteaz\u0103 un somn lini\u0219tit chiar \u0219i \u00een centrul agitat. <strong>Str\u0103zile din jur sunt pline de cele mai luxoase boutique-uri din lume<\/strong>, a\u0219a c\u0103, dac\u0103 pl\u0103nuie\u0219ti s\u0103 combini descoperirea ora\u0219ului cu shoppingul, cu greu vei g\u0103si un punct de plecare mai bun.<\/p>\n\n\n\n<p class=\"wp-block-paragraph\">\ud83d\udca1 Pont: Acest hotel fantastic este ideal pentru c\u0103l\u0103torii care prefer\u0103 <strong>mai degrab\u0103 o abordare modern\u0103 a luxului<\/strong> dec\u00e2t draperiile \u0219i covoarele istorice grele. Se afl\u0103 chiar \u00een renumitul cartier al shoppingului, a\u0219a c\u0103 iubitorii pasiona\u021bi de mod\u0103 vor fi aici literalmente \u00een al nou\u0103lea cer. <em><a href=\"https:\/\/www.stay22.com\/allez\/roam?aid=lukaskonecny&#038;campaign=loudavymkrokemcz&#038;campaign=kde-bydlet-ve-vidni&#038;hotelname=Park%20Hyatt%20Vienna&#038;address=V%C3%ADde%C5%88%2C%20Rakousko\" target=\"_blank\" rel=\"nofollow noopener sponsored\">verific\u0103 pre\u021burile \u0219i disponibilitatea<\/a><\/em><\/p>\n\n\n\n<figure data-wp-context=\"{&quot;imageId&quot;:&quot;6a9c3a697711c&quot;}\" data-wp-interactive=\"core\/image\" data-wp-key=\"6a9c3a697711c\" class=\"wp-block-image size-full wp-lightbox-container\"><img decoding=\"async\" width=\"1336\" height=\"752\" data-wp-class--hide=\"state.isContentHidden\" data-wp-class--show=\"state.isContentVisible\" data-wp-init=\"callbacks.setButtonStyles\" data-wp-on--click=\"actions.showLightbox\" data-wp-on--load=\"callbacks.setButtonStyles\" data-wp-on--pointerdown=\"actions.preloadImage\" data-wp-on--pointerenter=\"actions.preloadImageWithDelay\" data-wp-on--pointerleave=\"actions.cancelPreload\" data-wp-on-window--resize=\"callbacks.setButtonStyles\" src=\"https:\/\/loudavymkrokem.cz\/wp-content\/uploads\/2026\/08\/the-ritz-carlton-vienna-1.jpg\" alt=\"Intrarea \u00een The Ritz-Carlton de pe Schubertring\" class=\"wp-image-407090\" title=\"\" srcset=\"https:\/\/loudavymkrokem.cz\/wp-content\/uploads\/2026\/08\/the-ritz-carlton-vienna-1.jpg 1336w, https:\/\/loudavymkrokem.cz\/wp-content\/uploads\/2026\/08\/the-ritz-carlton-vienna-1-300x169.jpg 300w, https:\/\/loudavymkrokem.cz\/wp-content\/uploads\/2026\/08\/the-ritz-carlton-vienna-1-700x394.jpg 700w, https:\/\/loudavymkrokem.cz\/wp-content\/uploads\/2026\/08\/the-ritz-carlton-vienna-1-768x432.jpg 768w, https:\/\/loudavymkrokem.cz\/wp-content\/uploads\/2026\/08\/the-ritz-carlton-vienna-1-696x392.jpg 696w\" sizes=\"(max-width: 1336px) 100vw, 1336px\" \/><button\n\t\t\tclass=\"lightbox-trigger\"\n\t\t\ttype=\"button\"\n\t\t\taria-haspopup=\"dialog\"\n\t\t\tdata-wp-bind--aria-label=\"state.thisImage.triggerButtonAriaLabel\"\n\t\t\tdata-wp-init=\"callbacks.initTriggerButton\"\n\t\t\tdata-wp-on--click=\"actions.showLightbox\"\n\t\t\tdata-wp-style--right=\"state.thisImage.buttonRight\"\n\t\t\tdata-wp-style--top=\"state.thisImage.buttonTop\"\n\t\t>\n\t\t\t<svg xmlns=\"http:\/\/www.w3.org\/2000\/svg\" width=\"12\" height=\"12\" fill=\"none\" viewBox=\"0 0 12 12\">\n\t\t\t\t<path fill=\"#fff\" d=\"M2 0a2 2 0 0 0-2 2v2h1.5V2a.5.5 0 0 1 .5-.5h2V0H2Zm2 10.5H2a.5.5 0 0 1-.5-.5V8H0v2a2 2 0 0 0 2 2h2v-1.5ZM8 12v-1.5h2a.5.5 0 0 0 .5-.5V8H12v2a2 2 0 0 1-2 2H8Zm2-12a2 2 0 0 1 2 2v2h-1.5V2a.5.5 0 0 0-.5-.5H8V0h2Z\" \/>\n\t\t\t<\/svg>\n\t\t<\/button><figcaption class=\"wp-element-caption\">Foto: The Ritz-Carlton Vienna \/ site-ul oficial<\/figcaption><\/figure>\n\n\n\n<h3 class=\"wp-block-heading\"><span class=\"ez-toc-section\" id=\"4_The_Ritz-Carlton_Vienna\"><\/span>4. The Ritz-Carlton Vienna<span class=\"ez-toc-section-end\"><\/span><\/h3>\n\n\n\n<p class=\"wp-block-paragraph\">Patru palate din secolul al nou\u0103sprezecelea, restaurate cu precizie, formeaz\u0103 ast\u0103zi acest complex de cazare de lux cu un <strong>rating excelent de 4,6 din 2.624 de recenzii<\/strong>. Se afl\u0103 pe prestigioasa arter\u0103 Schubertring \u0219i ofer\u0103 o \u00eembinare uimitoare \u00eentre mo\u0219tenirea istoric\u0103 \u0219i un standard de servicii interna\u021bional de prim rang.<\/p>\n\n\n\n<figure data-wp-context=\"{&quot;galleryId&quot;:&quot;6a9c3a6977502&quot;}\" data-wp-interactive=\"core\/gallery\" class=\"wp-block-gallery has-nested-images columns-2 is-cropped wp-block-gallery-is-layout-flex wp-block-gallery-2 is-layout-flex\">\n\n<figure data-wp-context=\"{&quot;imageId&quot;:&quot;6a9c3a6977a95&quot;}\" data-wp-interactive=\"core\/image\" data-wp-key=\"6a9c3a6977a95\" class=\"wp-block-image size-large wp-lightbox-container\"><img decoding=\"async\" width=\"1800\" height=\"600\" data-wp-class--hide=\"state.isContentHidden\" data-wp-class--show=\"state.isContentVisible\" data-wp-init=\"callbacks.setButtonStyles\" data-wp-on--click=\"actions.showLightbox\" data-wp-on--load=\"callbacks.setButtonStyles\" data-wp-on--pointerdown=\"actions.preloadImage\" data-wp-on--pointerenter=\"actions.preloadImageWithDelay\" data-wp-on--pointerleave=\"actions.cancelPreload\" data-wp-on-window--resize=\"callbacks.setButtonStyles\" data-id=\"407093\" src=\"https:\/\/loudavymkrokem.cz\/wp-content\/uploads\/2026\/08\/the-ritz-carlton-vienna-2.jpg\" alt=\"The Ritz-Carlton Vienna seara\" class=\"wp-image-407093\" title=\"\" srcset=\"https:\/\/loudavymkrokem.cz\/wp-content\/uploads\/2026\/08\/the-ritz-carlton-vienna-2.jpg 1800w, https:\/\/loudavymkrokem.cz\/wp-content\/uploads\/2026\/08\/the-ritz-carlton-vienna-2-300x100.jpg 300w, https:\/\/loudavymkrokem.cz\/wp-content\/uploads\/2026\/08\/the-ritz-carlton-vienna-2-700x233.jpg 700w, https:\/\/loudavymkrokem.cz\/wp-content\/uploads\/2026\/08\/the-ritz-carlton-vienna-2-768x256.jpg 768w, https:\/\/loudavymkrokem.cz\/wp-content\/uploads\/2026\/08\/the-ritz-carlton-vienna-2-1536x512.jpg 1536w, https:\/\/loudavymkrokem.cz\/wp-content\/uploads\/2026\/08\/the-ritz-carlton-vienna-2-696x232.jpg 696w, https:\/\/loudavymkrokem.cz\/wp-content\/uploads\/2026\/08\/the-ritz-carlton-vienna-2-1392x464.jpg 1392w\" sizes=\"(max-width: 1800px) 100vw, 1800px\" \/><button\n\t\t\tclass=\"lightbox-trigger\"\n\t\t\ttype=\"button\"\n\t\t\taria-haspopup=\"dialog\"\n\t\t\tdata-wp-bind--aria-label=\"state.thisImage.triggerButtonAriaLabel\"\n\t\t\tdata-wp-init=\"callbacks.initTriggerButton\"\n\t\t\tdata-wp-on--click=\"actions.showLightbox\"\n\t\t\tdata-wp-style--right=\"state.thisImage.buttonRight\"\n\t\t\tdata-wp-style--top=\"state.thisImage.buttonTop\"\n\t\t>\n\t\t\t<svg xmlns=\"http:\/\/www.w3.org\/2000\/svg\" width=\"12\" height=\"12\" fill=\"none\" viewBox=\"0 0 12 12\">\n\t\t\t\t<path fill=\"#fff\" d=\"M2 0a2 2 0 0 0-2 2v2h1.5V2a.5.5 0 0 1 .5-.5h2V0H2Zm2 10.5H2a.5.5 0 0 1-.5-.5V8H0v2a2 2 0 0 0 2 2h2v-1.5ZM8 12v-1.5h2a.5.5 0 0 0 .5-.5V8H12v2a2 2 0 0 1-2 2H8Zm2-12a2 2 0 0 1 2 2v2h-1.5V2a.5.5 0 0 0-.5-.5H8V0h2Z\" \/>\n\t\t\t<\/svg>\n\t\t<\/button><figcaption class=\"wp-element-caption\">Foto: The Ritz-Carlton Vienna \/ site-ul oficial<\/figcaption><\/figure>\n\n\n<figure data-wp-context=\"{&quot;imageId&quot;:&quot;6a9c3a697804c&quot;}\" data-wp-interactive=\"core\/image\" data-wp-key=\"6a9c3a697804c\" class=\"wp-block-image size-large wp-lightbox-container\"><img decoding=\"async\" width=\"1800\" height=\"599\" data-wp-class--hide=\"state.isContentHidden\" data-wp-class--show=\"state.isContentVisible\" data-wp-init=\"callbacks.setButtonStyles\" data-wp-on--click=\"actions.showLightbox\" data-wp-on--load=\"callbacks.setButtonStyles\" data-wp-on--pointerdown=\"actions.preloadImage\" data-wp-on--pointerenter=\"actions.preloadImageWithDelay\" data-wp-on--pointerleave=\"actions.cancelPreload\" data-wp-on-window--resize=\"callbacks.setButtonStyles\" data-id=\"407096\" src=\"https:\/\/loudavymkrokem.cz\/wp-content\/uploads\/2026\/08\/the-ritz-carlton-vienna-3.jpg\" alt=\"Apartament \u00een The Ritz-Carlton Vienna\" class=\"wp-image-407096\" title=\"\" srcset=\"https:\/\/loudavymkrokem.cz\/wp-content\/uploads\/2026\/08\/the-ritz-carlton-vienna-3.jpg 1800w, https:\/\/loudavymkrokem.cz\/wp-content\/uploads\/2026\/08\/the-ritz-carlton-vienna-3-300x100.jpg 300w, https:\/\/loudavymkrokem.cz\/wp-content\/uploads\/2026\/08\/the-ritz-carlton-vienna-3-700x233.jpg 700w, https:\/\/loudavymkrokem.cz\/wp-content\/uploads\/2026\/08\/the-ritz-carlton-vienna-3-768x256.jpg 768w, https:\/\/loudavymkrokem.cz\/wp-content\/uploads\/2026\/08\/the-ritz-carlton-vienna-3-1536x511.jpg 1536w, https:\/\/loudavymkrokem.cz\/wp-content\/uploads\/2026\/08\/the-ritz-carlton-vienna-3-696x232.jpg 696w, https:\/\/loudavymkrokem.cz\/wp-content\/uploads\/2026\/08\/the-ritz-carlton-vienna-3-1392x463.jpg 1392w\" sizes=\"(max-width: 1800px) 100vw, 1800px\" \/><button\n\t\t\tclass=\"lightbox-trigger\"\n\t\t\ttype=\"button\"\n\t\t\taria-haspopup=\"dialog\"\n\t\t\tdata-wp-bind--aria-label=\"state.thisImage.triggerButtonAriaLabel\"\n\t\t\tdata-wp-init=\"callbacks.initTriggerButton\"\n\t\t\tdata-wp-on--click=\"actions.showLightbox\"\n\t\t\tdata-wp-style--right=\"state.thisImage.buttonRight\"\n\t\t\tdata-wp-style--top=\"state.thisImage.buttonTop\"\n\t\t>\n\t\t\t<svg xmlns=\"http:\/\/www.w3.org\/2000\/svg\" width=\"12\" height=\"12\" fill=\"none\" viewBox=\"0 0 12 12\">\n\t\t\t\t<path fill=\"#fff\" d=\"M2 0a2 2 0 0 0-2 2v2h1.5V2a.5.5 0 0 1 .5-.5h2V0H2Zm2 10.5H2a.5.5 0 0 1-.5-.5V8H0v2a2 2 0 0 0 2 2h2v-1.5ZM8 12v-1.5h2a.5.5 0 0 0 .5-.5V8H12v2a2 2 0 0 1-2 2H8Zm2-12a2 2 0 0 1 2 2v2h-1.5V2a.5.5 0 0 0-.5-.5H8V0h2Z\" \/>\n\t\t\t<\/svg>\n\t\t<\/button><figcaption class=\"wp-element-caption\">Foto: The Ritz-Carlton Vienna \/ site-ul oficial<\/figcaption><\/figure>\n\n\n<figure data-wp-context=\"{&quot;imageId&quot;:&quot;6a9c3a6978470&quot;}\" data-wp-interactive=\"core\/image\" data-wp-key=\"6a9c3a6978470\" class=\"wp-block-image size-large wp-lightbox-container\"><img decoding=\"async\" width=\"1800\" height=\"599\" data-wp-class--hide=\"state.isContentHidden\" data-wp-class--show=\"state.isContentVisible\" data-wp-init=\"callbacks.setButtonStyles\" data-wp-on--click=\"actions.showLightbox\" data-wp-on--load=\"callbacks.setButtonStyles\" data-wp-on--pointerdown=\"actions.preloadImage\" data-wp-on--pointerenter=\"actions.preloadImageWithDelay\" data-wp-on--pointerleave=\"actions.cancelPreload\" data-wp-on-window--resize=\"callbacks.setButtonStyles\" data-id=\"407100\" src=\"https:\/\/loudavymkrokem.cz\/wp-content\/uploads\/2026\/08\/the-ritz-carlton-vienna-4.jpg\" alt=\"Intrarea \u00een The Ritz-Carlton de pe Schubertring\" class=\"wp-image-407100\" title=\"\" srcset=\"https:\/\/loudavymkrokem.cz\/wp-content\/uploads\/2026\/08\/the-ritz-carlton-vienna-4.jpg 1800w, https:\/\/loudavymkrokem.cz\/wp-content\/uploads\/2026\/08\/the-ritz-carlton-vienna-4-300x100.jpg 300w, https:\/\/loudavymkrokem.cz\/wp-content\/uploads\/2026\/08\/the-ritz-carlton-vienna-4-700x233.jpg 700w, https:\/\/loudavymkrokem.cz\/wp-content\/uploads\/2026\/08\/the-ritz-carlton-vienna-4-768x256.jpg 768w, https:\/\/loudavymkrokem.cz\/wp-content\/uploads\/2026\/08\/the-ritz-carlton-vienna-4-1536x511.jpg 1536w, https:\/\/loudavymkrokem.cz\/wp-content\/uploads\/2026\/08\/the-ritz-carlton-vienna-4-696x232.jpg 696w, https:\/\/loudavymkrokem.cz\/wp-content\/uploads\/2026\/08\/the-ritz-carlton-vienna-4-1392x463.jpg 1392w\" sizes=\"(max-width: 1800px) 100vw, 1800px\" \/><button\n\t\t\tclass=\"lightbox-trigger\"\n\t\t\ttype=\"button\"\n\t\t\taria-haspopup=\"dialog\"\n\t\t\tdata-wp-bind--aria-label=\"state.thisImage.triggerButtonAriaLabel\"\n\t\t\tdata-wp-init=\"callbacks.initTriggerButton\"\n\t\t\tdata-wp-on--click=\"actions.showLightbox\"\n\t\t\tdata-wp-style--right=\"state.thisImage.buttonRight\"\n\t\t\tdata-wp-style--top=\"state.thisImage.buttonTop\"\n\t\t>\n\t\t\t<svg xmlns=\"http:\/\/www.w3.org\/2000\/svg\" width=\"12\" height=\"12\" fill=\"none\" viewBox=\"0 0 12 12\">\n\t\t\t\t<path fill=\"#fff\" d=\"M2 0a2 2 0 0 0-2 2v2h1.5V2a.5.5 0 0 1 .5-.5h2V0H2Zm2 10.5H2a.5.5 0 0 1-.5-.5V8H0v2a2 2 0 0 0 2 2h2v-1.5ZM8 12v-1.5h2a.5.5 0 0 0 .5-.5V8H12v2a2 2 0 0 1-2 2H8Zm2-12a2 2 0 0 1 2 2v2h-1.5V2a.5.5 0 0 0-.5-.5H8V0h2Z\" \/>\n\t\t\t<\/svg>\n\t\t<\/button><figcaption class=\"wp-element-caption\">Foto: The Ritz-Carlton Vienna \/ site-ul oficial<\/figcaption><\/figure>\n\n<\/figure>\n\n\n\n<p class=\"wp-block-paragraph\">\u00cen recenzii, oaspe\u021bii laud\u0103 enorm camerele deosebit de spa\u021bioase, izolarea fonic\u0103 perfect\u0103 \u0219i, mai ales, <strong>paturile foarte confortabile, care garanteaz\u0103 cea mai bun\u0103 odihn\u0103 posibil\u0103<\/strong>. Personalul este, potrivit experien\u021bei c\u0103l\u0103torilor, mereu maxim de discret \u0219i profesionist \u00een orice situa\u021bie.<\/p>\n\n\n\n<p class=\"wp-block-paragraph\">Senza\u021bia absolut\u0103 a acestui local este \u00eens\u0103 <strong>barul stilat de pe acoperi\u0219, cu vedere panoramic\u0103 peste tot ora\u0219ul<\/strong>, care, dup\u0103 vizitatori, este locul absolut perfect pentru un pahar de sear\u0103 \u00een timpul unui apus romantic peste acoperi\u0219urile vieneze. Experien\u021ba acestui loc este printre cele mai des men\u021bionate aspecte pozitive.<\/p>\n\n\n\n<p class=\"wp-block-paragraph\">\ud83d\udca1 Pont: Dac\u0103 \u00een c\u0103l\u0103torii e\u0219ti \u00een c\u0103utarea <strong>combina\u021biei perfecte \u00eentre un serviciu de prim rang \u0219i priveli\u0219ti care \u00ee\u021bi taie respira\u021bia<\/strong>, aceasta este alegerea potrivit\u0103 pentru tine. Excelenta pozi\u021bie central\u0103 \u00ee\u021bi permite s\u0103 explorezi comod pe jos inima ora\u0219ului, iar seara s\u0103 te relaxezi \u00een lux maxim. <em><a href=\"https:\/\/www.stay22.com\/allez\/roam?aid=lukaskonecny&#038;campaign=loudavymkrokemcz&#038;campaign=kde-bydlet-ve-vidni&#038;hotelname=The%20Ritz-Carlton%20Vienna&#038;address=V%C3%ADde%C5%88%2C%20Rakousko\" target=\"_blank\" rel=\"nofollow noopener sponsored\">verific\u0103 pre\u021burile \u0219i disponibilitatea<\/a><\/em><\/p>\n\n\n\n<figure data-wp-context=\"{&quot;imageId&quot;:&quot;6a9c3a6978a49&quot;}\" data-wp-interactive=\"core\/image\" data-wp-key=\"6a9c3a6978a49\" class=\"wp-block-image size-full wp-lightbox-container\"><img decoding=\"async\" width=\"480\" height=\"320\" data-wp-class--hide=\"state.isContentHidden\" data-wp-class--show=\"state.isContentVisible\" data-wp-init=\"callbacks.setButtonStyles\" data-wp-on--click=\"actions.showLightbox\" data-wp-on--load=\"callbacks.setButtonStyles\" data-wp-on--pointerdown=\"actions.preloadImage\" data-wp-on--pointerenter=\"actions.preloadImageWithDelay\" data-wp-on--pointerleave=\"actions.cancelPreload\" data-wp-on-window--resize=\"callbacks.setButtonStyles\" src=\"https:\/\/loudavymkrokem.cz\/wp-content\/uploads\/2026\/08\/hotel-bristol-naproti-st-tn-ope-e.jpg\" alt=\"Hotel Bristol vizavi de Opera de Stat\" class=\"wp-image-407158\" title=\"\" srcset=\"https:\/\/loudavymkrokem.cz\/wp-content\/uploads\/2026\/08\/hotel-bristol-naproti-st-tn-ope-e.jpg 480w, https:\/\/loudavymkrokem.cz\/wp-content\/uploads\/2026\/08\/hotel-bristol-naproti-st-tn-ope-e-300x200.jpg 300w\" sizes=\"(max-width: 480px) 100vw, 480px\" \/><button\n\t\t\tclass=\"lightbox-trigger\"\n\t\t\ttype=\"button\"\n\t\t\taria-haspopup=\"dialog\"\n\t\t\tdata-wp-bind--aria-label=\"state.thisImage.triggerButtonAriaLabel\"\n\t\t\tdata-wp-init=\"callbacks.initTriggerButton\"\n\t\t\tdata-wp-on--click=\"actions.showLightbox\"\n\t\t\tdata-wp-style--right=\"state.thisImage.buttonRight\"\n\t\t\tdata-wp-style--top=\"state.thisImage.buttonTop\"\n\t\t>\n\t\t\t<svg xmlns=\"http:\/\/www.w3.org\/2000\/svg\" width=\"12\" height=\"12\" fill=\"none\" viewBox=\"0 0 12 12\">\n\t\t\t\t<path fill=\"#fff\" d=\"M2 0a2 2 0 0 0-2 2v2h1.5V2a.5.5 0 0 1 .5-.5h2V0H2Zm2 10.5H2a.5.5 0 0 1-.5-.5V8H0v2a2 2 0 0 0 2 2h2v-1.5ZM8 12v-1.5h2a.5.5 0 0 0 .5-.5V8H12v2a2 2 0 0 1-2 2H8Zm2-12a2 2 0 0 1 2 2v2h-1.5V2a.5.5 0 0 0-.5-.5H8V0h2Z\" \/>\n\t\t\t<\/svg>\n\t\t<\/button><figcaption class=\"wp-element-caption\">Foto: Hotel Bristol, a Luxury Collection Hotel, Vienna \/ Google Maps<\/figcaption><\/figure>\n\n\n\n<h3 class=\"wp-block-heading\"><span class=\"ez-toc-section\" id=\"5_Hotel_Bristol\"><\/span>5. Hotel Bristol<span class=\"ez-toc-section-end\"><\/span><\/h3>\n\n\n\n<p class=\"wp-block-paragraph\">Aceast\u0103 superb\u0103 cl\u0103dire istoric\u0103, cu un <strong>rating foarte solid de 4,6 din 1.104 recenzii<\/strong>, se afl\u0103 chiar vizavi de cunoscuta cl\u0103dire a Operei de Stat, ceea ce \u00eei confer\u0103 \u00eenc\u0103 de la \u00eenceput un prestigiu incredibil. Interioarele de aici, \u00een minunatul stil Art Deco, respir\u0103 elegan\u021ba primei jum\u0103t\u0103\u021bi a secolului al dou\u0103zecilea \u0219i \u00ee\u0219i p\u0103streaz\u0103 \u0219armul original.<\/p>\n\n\n\n<p class=\"wp-block-paragraph\">\u00cen recenzii, oaspe\u021bii subliniaz\u0103 cel mai des <strong>priveli\u0219tea unic\u0103 din unele camere, direct spre grandioasa cl\u0103dire a operei<\/strong>, o experien\u021b\u0103 cultural\u0103 pe care nu \u021bi-o ofer\u0103 chiar orice hotel vienez. Atmosfera de sear\u0103 din aceste camere este, se spune, absolut de ne\u00eentrecut.<\/p>\n\n\n\n<p class=\"wp-block-paragraph\">Personalul local este, se pare, deosebit de politicos, atent \u0219i mereu preg\u0103tit s\u0103 ajute cu rezervarea biletelor sau cu alegerea unui restaurant bun. <strong>Restaurantul hotelului \u0219i barul stilat au, \u00een plus, o reputa\u021bie excelent\u0103<\/strong> chiar \u0219i printre locuitorii Vienei, care vin aici cu drag la o cafea de dup\u0103-amiaz\u0103.<\/p>\n\n\n\n<p class=\"wp-block-paragraph\">\ud83d\udca1 Pont: Rezerv\u0103 o camer\u0103 la acest hotel dac\u0103 punctul principal al programului t\u0103u este <strong>vizitarea unui spectacol de oper\u0103 sau a unui concert de muzic\u0103 clasic\u0103<\/strong>. Pozi\u021bia cl\u0103dirii, prin \u00eens\u0103\u0219i logica lucrurilor, nu poate fi mai bun\u0103 pentru aceste scopuri. <em><a href=\"https:\/\/www.stay22.com\/allez\/roam?aid=lukaskonecny&#038;campaign=loudavymkrokemcz&#038;campaign=kde-bydlet-ve-vidni&#038;hotelname=Hotel%20Bristol&#038;address=V%C3%ADde%C5%88%2C%20Rakousko\" target=\"_blank\" rel=\"nofollow noopener sponsored\">verific\u0103 pre\u021burile \u0219i disponibilitatea<\/a><\/em><\/p>\n\n\n\n<figure data-wp-context=\"{&quot;imageId&quot;:&quot;6a9c3a6978fab&quot;}\" data-wp-interactive=\"core\/image\" data-wp-key=\"6a9c3a6978fab\" class=\"wp-block-image size-full wp-lightbox-container\"><img decoding=\"async\" width=\"1800\" height=\"1200\" data-wp-class--hide=\"state.isContentHidden\" data-wp-class--show=\"state.isContentVisible\" data-wp-init=\"callbacks.setButtonStyles\" data-wp-on--click=\"actions.showLightbox\" data-wp-on--load=\"callbacks.setButtonStyles\" data-wp-on--pointerdown=\"actions.preloadImage\" data-wp-on--pointerenter=\"actions.preloadImageWithDelay\" data-wp-on--pointerleave=\"actions.cancelPreload\" data-wp-on-window--resize=\"callbacks.setButtonStyles\" src=\"https:\/\/loudavymkrokem.cz\/wp-content\/uploads\/2026\/08\/rosewood-vienna-1.jpg\" alt=\"Fa\u021bada istoric\u0103 a hotelului Rosewood Vienna\" class=\"wp-image-407087\" title=\"\" srcset=\"https:\/\/loudavymkrokem.cz\/wp-content\/uploads\/2026\/08\/rosewood-vienna-1.jpg 1800w, https:\/\/loudavymkrokem.cz\/wp-content\/uploads\/2026\/08\/rosewood-vienna-1-300x200.jpg 300w, https:\/\/loudavymkrokem.cz\/wp-content\/uploads\/2026\/08\/rosewood-vienna-1-700x467.jpg 700w, https:\/\/loudavymkrokem.cz\/wp-content\/uploads\/2026\/08\/rosewood-vienna-1-768x512.jpg 768w, https:\/\/loudavymkrokem.cz\/wp-content\/uploads\/2026\/08\/rosewood-vienna-1-1536x1024.jpg 1536w, https:\/\/loudavymkrokem.cz\/wp-content\/uploads\/2026\/08\/rosewood-vienna-1-696x464.jpg 696w, https:\/\/loudavymkrokem.cz\/wp-content\/uploads\/2026\/08\/rosewood-vienna-1-1392x928.jpg 1392w\" sizes=\"(max-width: 1800px) 100vw, 1800px\" \/><button\n\t\t\tclass=\"lightbox-trigger\"\n\t\t\ttype=\"button\"\n\t\t\taria-haspopup=\"dialog\"\n\t\t\tdata-wp-bind--aria-label=\"state.thisImage.triggerButtonAriaLabel\"\n\t\t\tdata-wp-init=\"callbacks.initTriggerButton\"\n\t\t\tdata-wp-on--click=\"actions.showLightbox\"\n\t\t\tdata-wp-style--right=\"state.thisImage.buttonRight\"\n\t\t\tdata-wp-style--top=\"state.thisImage.buttonTop\"\n\t\t>\n\t\t\t<svg xmlns=\"http:\/\/www.w3.org\/2000\/svg\" width=\"12\" height=\"12\" fill=\"none\" viewBox=\"0 0 12 12\">\n\t\t\t\t<path fill=\"#fff\" d=\"M2 0a2 2 0 0 0-2 2v2h1.5V2a.5.5 0 0 1 .5-.5h2V0H2Zm2 10.5H2a.5.5 0 0 1-.5-.5V8H0v2a2 2 0 0 0 2 2h2v-1.5ZM8 12v-1.5h2a.5.5 0 0 0 .5-.5V8H12v2a2 2 0 0 1-2 2H8Zm2-12a2 2 0 0 1 2 2v2h-1.5V2a.5.5 0 0 0-.5-.5H8V0h2Z\" \/>\n\t\t\t<\/svg>\n\t\t<\/button><figcaption class=\"wp-element-caption\">Foto: Rosewood Vienna \/ site-ul oficial<\/figcaption><\/figure>\n\n\n\n<h3 class=\"wp-block-heading\"><span class=\"ez-toc-section\" id=\"6_Rosewood_Vienna\"><\/span>6. Rosewood Vienna<span class=\"ez-toc-section-end\"><\/span><\/h3>\n\n\n\n<p class=\"wp-block-paragraph\">Ca una dintre cele mai noi apari\u021bii pe scena luxului vienez, acest hotel a cucerit foarte repede inimile oaspe\u021bilor \u0219i se m\u00e2ndre\u0219te cu un frumos <strong>rating de 4,6 din 513 recenzii<\/strong>. Se afl\u0103 \u00een pitoreasca pia\u021b\u0103 Petersplatz, la doar c\u00e2teva zeci de metri de faimoasa strad\u0103 comercial\u0103 Graben, \u0219i ofer\u0103 oaspe\u021bilor o atmosfer\u0103 foarte intim\u0103 \u0219i boutique.<\/p>\n\n\n\n<p class=\"wp-block-paragraph\">Designerii experimenta\u021bi au mizat aici con\u0219tient pe lejeritate, culori pastelate deschise \u0219i art\u0103 modern\u0103 omniprezent\u0103. Astfel au creat <strong>un contrast foarte proasp\u0103t \u0219i pl\u0103cut fa\u021b\u0103 de hotelurile vieneze tradi\u021bionale \u00eentunecate<\/strong>, care pot uneori p\u0103rea pu\u021bin greoaie. Aceast\u0103 abordare este apreciat\u0103 mai ales de genera\u021bia mai t\u00e2n\u0103r\u0103 de c\u0103l\u0103tori.<\/p>\n\n\n\n<p class=\"wp-block-paragraph\">Oaspe\u021bii din \u00eentreaga lume apreciaz\u0103 \u00een recenzii mai ales <strong>lini\u0219tea deplin\u0103 \u0219i intimitatea perfect\u0103<\/strong>, pe care hotelul le ofer\u0103 surprinz\u0103tor, \u00een ciuda pozi\u021biei sale chiar \u00een centrul pulsant al metropolei. Este disponibil \u0219i un restaurant excelent cu teras\u0103 de var\u0103.<\/p>\n\n\n\n<p class=\"wp-block-paragraph\">\ud83d\udca1 Pont: Acesta este locul absolut perfect pentru acei c\u0103l\u0103tori care, \u00een vacan\u021b\u0103, cer <strong>cele mai moderne dot\u0103ri \u0219i un design luminos impecabil<\/strong> \u00een combina\u021bie cu atmosfera intim\u0103 \u0219i lini\u0219tit\u0103 a unui local de lux mai mic. <em><a href=\"https:\/\/www.stay22.com\/allez\/roam?aid=lukaskonecny&#038;campaign=loudavymkrokemcz&#038;campaign=kde-bydlet-ve-vidni&#038;hotelname=Rosewood%20Vienna&#038;address=V%C3%ADde%C5%88%2C%20Rakousko\" target=\"_blank\" rel=\"nofollow noopener sponsored\">verific\u0103 pre\u021burile \u0219i disponibilitatea<\/a><\/em><\/p>\n\n\n\n<figure data-wp-context=\"{&quot;imageId&quot;:&quot;6a9c3a697948e&quot;}\" data-wp-interactive=\"core\/image\" data-wp-key=\"6a9c3a697948e\" class=\"wp-block-image size-full wp-lightbox-container\"><img decoding=\"async\" width=\"1600\" height=\"1066\" data-wp-class--hide=\"state.isContentHidden\" data-wp-class--show=\"state.isContentVisible\" data-wp-init=\"callbacks.setButtonStyles\" data-wp-on--click=\"actions.showLightbox\" data-wp-on--load=\"callbacks.setButtonStyles\" data-wp-on--pointerdown=\"actions.preloadImage\" data-wp-on--pointerenter=\"actions.preloadImageWithDelay\" data-wp-on--pointerleave=\"actions.cancelPreload\" data-wp-on-window--resize=\"callbacks.setButtonStyles\" src=\"https:\/\/loudavymkrokem.cz\/wp-content\/uploads\/2026\/08\/eurostars-grand-hotel-na-k-rntner-ringu.jpg\" alt=\"Eurostars Grand Hotel pe K\u00e4rntner Ring\" class=\"wp-image-407141\" title=\"\" srcset=\"https:\/\/loudavymkrokem.cz\/wp-content\/uploads\/2026\/08\/eurostars-grand-hotel-na-k-rntner-ringu.jpg 1600w, https:\/\/loudavymkrokem.cz\/wp-content\/uploads\/2026\/08\/eurostars-grand-hotel-na-k-rntner-ringu-300x200.jpg 300w, https:\/\/loudavymkrokem.cz\/wp-content\/uploads\/2026\/08\/eurostars-grand-hotel-na-k-rntner-ringu-700x466.jpg 700w, https:\/\/loudavymkrokem.cz\/wp-content\/uploads\/2026\/08\/eurostars-grand-hotel-na-k-rntner-ringu-768x512.jpg 768w, https:\/\/loudavymkrokem.cz\/wp-content\/uploads\/2026\/08\/eurostars-grand-hotel-na-k-rntner-ringu-1536x1023.jpg 1536w, https:\/\/loudavymkrokem.cz\/wp-content\/uploads\/2026\/08\/eurostars-grand-hotel-na-k-rntner-ringu-696x464.jpg 696w, https:\/\/loudavymkrokem.cz\/wp-content\/uploads\/2026\/08\/eurostars-grand-hotel-na-k-rntner-ringu-1392x927.jpg 1392w\" sizes=\"(max-width: 1600px) 100vw, 1600px\" \/><button\n\t\t\tclass=\"lightbox-trigger\"\n\t\t\ttype=\"button\"\n\t\t\taria-haspopup=\"dialog\"\n\t\t\tdata-wp-bind--aria-label=\"state.thisImage.triggerButtonAriaLabel\"\n\t\t\tdata-wp-init=\"callbacks.initTriggerButton\"\n\t\t\tdata-wp-on--click=\"actions.showLightbox\"\n\t\t\tdata-wp-style--right=\"state.thisImage.buttonRight\"\n\t\t\tdata-wp-style--top=\"state.thisImage.buttonTop\"\n\t\t>\n\t\t\t<svg xmlns=\"http:\/\/www.w3.org\/2000\/svg\" width=\"12\" height=\"12\" fill=\"none\" viewBox=\"0 0 12 12\">\n\t\t\t\t<path fill=\"#fff\" d=\"M2 0a2 2 0 0 0-2 2v2h1.5V2a.5.5 0 0 1 .5-.5h2V0H2Zm2 10.5H2a.5.5 0 0 1-.5-.5V8H0v2a2 2 0 0 0 2 2h2v-1.5ZM8 12v-1.5h2a.5.5 0 0 0 .5-.5V8H12v2a2 2 0 0 1-2 2H8Zm2-12a2 2 0 0 1 2 2v2h-1.5V2a.5.5 0 0 0-.5-.5H8V0h2Z\" \/>\n\t\t\t<\/svg>\n\t\t<\/button><figcaption class=\"wp-element-caption\">Foto: Eurostars Grand Hotel Wien \/ Google Maps<\/figcaption><\/figure>\n\n\n\n<h3 class=\"wp-block-heading\"><span class=\"ez-toc-section\" id=\"7_Eurostars_Grand_Hotel_Wien\"><\/span>7. Eurostars Grand Hotel Wien<span class=\"ez-toc-section-end\"><\/span><\/h3>\n\n\n\n<p class=\"wp-block-paragraph\">Acest hotel foarte popular de pe prestigioasa strad\u0103 K\u00e4rntner Ring atinge un <strong>rating excelent de 4,6 din 1.986 de recenzii<\/strong> \u0219i ofer\u0103 stilul clasic vienez la un nivel de pre\u021b ceva mai accesibil dec\u00e2t cele mai cunoscute icoane de palat. Cl\u0103direa combin\u0103 foarte inteligent \u0219armul istoric p\u0103strat cu tot confortul modern dorit.<\/p>\n\n\n\n<p class=\"wp-block-paragraph\">\u00cen recenzii, c\u0103l\u0103torii laud\u0103 foarte des \u0219i cu drag <strong>mic dejunurile bufet extrem de bogate \u0219i b\u0103ile nea\u0219teptat de spa\u021bioase<\/strong>, care \u00een cl\u0103dirile istorice din centrul Vienei sunt adesea o problem\u0103 esen\u021bial\u0103. Aici \u00eens\u0103, cu siguran\u021b\u0103, nu te vei pl\u00e2nge de lipsa de spa\u021biu.<\/p>\n\n\n\n<p class=\"wp-block-paragraph\">Un avantaj logistic uria\u0219 este \u0219i apropierea imediat\u0103 de importanta sta\u021bie de metrou Karlsplatz. <strong>Acest nod imens de transport \u00ee\u021bi asigur\u0103 o leg\u0103tur\u0103 excelent\u0103 \u0219i rapid\u0103<\/strong> spre absolut toate col\u021burile ora\u0219ului, inclusiv drumul direct spre castelul Sch\u00f6nbrunn.<\/p>\n\n\n\n<p class=\"wp-block-paragraph\">\ud83d\udca1 Pont: Dac\u0103 vrei cu orice pre\u021b s\u0103 stai pe prestigiosul Ring, dar nu ai neap\u0103rat nevoie de serviciile scumpe ale unui majordom personal, acest hotel \u00ee\u021bi ofer\u0103 <strong>un compromis excelent \u0219i rezonabil \u00eentre un lux real \u0219i un pre\u021b acceptabil<\/strong>. <em><a href=\"https:\/\/www.stay22.com\/allez\/roam?aid=lukaskonecny&#038;campaign=loudavymkrokemcz&#038;campaign=kde-bydlet-ve-vidni&#038;hotelname=Eurostars%20Grand%20Hotel%20Wien&#038;address=V%C3%ADde%C5%88%2C%20Rakousko\" target=\"_blank\" rel=\"nofollow noopener sponsored\">verific\u0103 pre\u021burile \u0219i disponibilitatea<\/a><\/em><\/p>\n\n\n\n<figure data-wp-context=\"{&quot;imageId&quot;:&quot;6a9c3a6979a6d&quot;}\" data-wp-interactive=\"core\/image\" data-wp-key=\"6a9c3a6979a6d\" class=\"wp-block-image size-full wp-lightbox-container\"><img decoding=\"async\" width=\"1800\" height=\"1199\" data-wp-class--hide=\"state.isContentHidden\" data-wp-class--show=\"state.isContentVisible\" data-wp-init=\"callbacks.setButtonStyles\" data-wp-on--click=\"actions.showLightbox\" data-wp-on--load=\"callbacks.setButtonStyles\" data-wp-on--pointerdown=\"actions.preloadImage\" data-wp-on--pointerenter=\"actions.preloadImageWithDelay\" data-wp-on--pointerleave=\"actions.cancelPreload\" data-wp-on-window--resize=\"callbacks.setButtonStyles\" src=\"https:\/\/loudavymkrokem.cz\/wp-content\/uploads\/2026\/08\/hotel-kaiserhof-wien-1.jpg\" alt=\"Camer\u0103 \u00een Hotelul Kaiserhof Wien\" class=\"wp-image-407082\" title=\"\" srcset=\"https:\/\/loudavymkrokem.cz\/wp-content\/uploads\/2026\/08\/hotel-kaiserhof-wien-1.jpg 1800w, https:\/\/loudavymkrokem.cz\/wp-content\/uploads\/2026\/08\/hotel-kaiserhof-wien-1-300x200.jpg 300w, https:\/\/loudavymkrokem.cz\/wp-content\/uploads\/2026\/08\/hotel-kaiserhof-wien-1-700x466.jpg 700w, https:\/\/loudavymkrokem.cz\/wp-content\/uploads\/2026\/08\/hotel-kaiserhof-wien-1-768x512.jpg 768w, https:\/\/loudavymkrokem.cz\/wp-content\/uploads\/2026\/08\/hotel-kaiserhof-wien-1-1536x1023.jpg 1536w, https:\/\/loudavymkrokem.cz\/wp-content\/uploads\/2026\/08\/hotel-kaiserhof-wien-1-696x464.jpg 696w, https:\/\/loudavymkrokem.cz\/wp-content\/uploads\/2026\/08\/hotel-kaiserhof-wien-1-1392x927.jpg 1392w\" sizes=\"(max-width: 1800px) 100vw, 1800px\" \/><button\n\t\t\tclass=\"lightbox-trigger\"\n\t\t\ttype=\"button\"\n\t\t\taria-haspopup=\"dialog\"\n\t\t\tdata-wp-bind--aria-label=\"state.thisImage.triggerButtonAriaLabel\"\n\t\t\tdata-wp-init=\"callbacks.initTriggerButton\"\n\t\t\tdata-wp-on--click=\"actions.showLightbox\"\n\t\t\tdata-wp-style--right=\"state.thisImage.buttonRight\"\n\t\t\tdata-wp-style--top=\"state.thisImage.buttonTop\"\n\t\t>\n\t\t\t<svg xmlns=\"http:\/\/www.w3.org\/2000\/svg\" width=\"12\" height=\"12\" fill=\"none\" viewBox=\"0 0 12 12\">\n\t\t\t\t<path fill=\"#fff\" d=\"M2 0a2 2 0 0 0-2 2v2h1.5V2a.5.5 0 0 1 .5-.5h2V0H2Zm2 10.5H2a.5.5 0 0 1-.5-.5V8H0v2a2 2 0 0 0 2 2h2v-1.5ZM8 12v-1.5h2a.5.5 0 0 0 .5-.5V8H12v2a2 2 0 0 1-2 2H8Zm2-12a2 2 0 0 1 2 2v2h-1.5V2a.5.5 0 0 0-.5-.5H8V0h2Z\" \/>\n\t\t\t<\/svg>\n\t\t<\/button><figcaption class=\"wp-element-caption\">Foto: Hotel Kaiserhof Wien \/ site-ul oficial<\/figcaption><\/figure>\n\n\n\n<h3 class=\"wp-block-heading\"><span class=\"ez-toc-section\" id=\"8_HOTEL_KAISERHOF_WIEN\"><\/span>8. HOTEL KAISERHOF WIEN<span class=\"ez-toc-section-end\"><\/span><\/h3>\n\n\n\n<p class=\"wp-block-paragraph\">Cu un <strong>rating absolut fantastic \u0219i unic de 4,8 din 1.364 de recenzii, este cel mai bine cotat hotel din toat\u0103 selec\u021bia noastr\u0103 vast\u0103<\/strong>. Acest hotel boutique tradi\u021bional, de familie, se afl\u0103 nu departe de aglomeratul Karlsplatz \u0219i cucere\u0219te oaspe\u021bii mai ales prin abordarea incredibil de cald\u0103 \u0219i personal\u0103 a \u00eentregului personal.<\/p>\n\n\n\n<figure data-wp-context=\"{&quot;galleryId&quot;:&quot;6a9c3a6979d51&quot;}\" data-wp-interactive=\"core\/gallery\" class=\"wp-block-gallery has-nested-images columns-2 is-cropped wp-block-gallery-is-layout-flex wp-block-gallery-3 is-layout-flex\">\n\n<figure data-wp-context=\"{&quot;imageId&quot;:&quot;6a9c3a697a00f&quot;}\" data-wp-interactive=\"core\/image\" data-wp-key=\"6a9c3a697a00f\" class=\"wp-block-image size-large wp-lightbox-container\"><img decoding=\"async\" width=\"1800\" height=\"1199\" data-wp-class--hide=\"state.isContentHidden\" data-wp-class--show=\"state.isContentVisible\" data-wp-init=\"callbacks.setButtonStyles\" data-wp-on--click=\"actions.showLightbox\" data-wp-on--load=\"callbacks.setButtonStyles\" data-wp-on--pointerdown=\"actions.preloadImage\" data-wp-on--pointerenter=\"actions.preloadImageWithDelay\" data-wp-on--pointerleave=\"actions.cancelPreload\" data-wp-on-window--resize=\"callbacks.setButtonStyles\" data-id=\"407085\" src=\"https:\/\/loudavymkrokem.cz\/wp-content\/uploads\/2026\/08\/hotel-kaiserhof-wien-2.jpg\" alt=\"Interiorul Hotelului Kaiserhof Wien\" class=\"wp-image-407085\" title=\"\" srcset=\"https:\/\/loudavymkrokem.cz\/wp-content\/uploads\/2026\/08\/hotel-kaiserhof-wien-2.jpg 1800w, https:\/\/loudavymkrokem.cz\/wp-content\/uploads\/2026\/08\/hotel-kaiserhof-wien-2-300x200.jpg 300w, https:\/\/loudavymkrokem.cz\/wp-content\/uploads\/2026\/08\/hotel-kaiserhof-wien-2-700x466.jpg 700w, https:\/\/loudavymkrokem.cz\/wp-content\/uploads\/2026\/08\/hotel-kaiserhof-wien-2-768x512.jpg 768w, https:\/\/loudavymkrokem.cz\/wp-content\/uploads\/2026\/08\/hotel-kaiserhof-wien-2-1536x1023.jpg 1536w, https:\/\/loudavymkrokem.cz\/wp-content\/uploads\/2026\/08\/hotel-kaiserhof-wien-2-696x464.jpg 696w, https:\/\/loudavymkrokem.cz\/wp-content\/uploads\/2026\/08\/hotel-kaiserhof-wien-2-1392x927.jpg 1392w\" sizes=\"(max-width: 1800px) 100vw, 1800px\" \/><button\n\t\t\tclass=\"lightbox-trigger\"\n\t\t\ttype=\"button\"\n\t\t\taria-haspopup=\"dialog\"\n\t\t\tdata-wp-bind--aria-label=\"state.thisImage.triggerButtonAriaLabel\"\n\t\t\tdata-wp-init=\"callbacks.initTriggerButton\"\n\t\t\tdata-wp-on--click=\"actions.showLightbox\"\n\t\t\tdata-wp-style--right=\"state.thisImage.buttonRight\"\n\t\t\tdata-wp-style--top=\"state.thisImage.buttonTop\"\n\t\t>\n\t\t\t<svg xmlns=\"http:\/\/www.w3.org\/2000\/svg\" width=\"12\" height=\"12\" fill=\"none\" viewBox=\"0 0 12 12\">\n\t\t\t\t<path fill=\"#fff\" d=\"M2 0a2 2 0 0 0-2 2v2h1.5V2a.5.5 0 0 1 .5-.5h2V0H2Zm2 10.5H2a.5.5 0 0 1-.5-.5V8H0v2a2 2 0 0 0 2 2h2v-1.5ZM8 12v-1.5h2a.5.5 0 0 0 .5-.5V8H12v2a2 2 0 0 1-2 2H8Zm2-12a2 2 0 0 1 2 2v2h-1.5V2a.5.5 0 0 0-.5-.5H8V0h2Z\" \/>\n\t\t\t<\/svg>\n\t\t<\/button><figcaption class=\"wp-element-caption\">Foto: Hotel Kaiserhof Wien \/ site-ul oficial<\/figcaption><\/figure>\n\n<\/figure>\n\n\n\n<p class=\"wp-block-paragraph\">\u00cen recenziile entuziaste se repet\u0103 mereu laude uria\u0219e la adresa faimoaselor mic dejunuri de diminea\u021b\u0103, a cur\u0103\u021beniei perfecte a tuturor spa\u021biilor \u0219i a dot\u0103rii foarte primitoare a camerelor, care \u00eembin\u0103 foarte firesc tradi\u021bia cu elementele moderne. <strong>Fiecare detaliu este aici g\u00e2ndit cu grij\u0103 pentru confortul maxim al oaspetelui<\/strong>.<\/p>\n\n\n\n<p class=\"wp-block-paragraph\">Zona \u00een sine este foarte lini\u0219tit\u0103, dar se afl\u0103 totu\u0219i <strong>la doar c\u00e2teva minute de mers comod pe jos de cl\u0103direa operei<\/strong> \u0219i de centrul istoric. Vizitatorii au la dispozi\u021bie \u0219i un pl\u0103cut centru de wellness, care dup\u0103 o zi lung\u0103 de mers prin ora\u0219 prinde cu siguran\u021b\u0103 bine.<\/p>\n\n\n\n<p class=\"wp-block-paragraph\">\ud83d\udca1 Pont: Aceasta este alegerea absolut ideal\u0103 pentru c\u0103l\u0103torii care prefer\u0103 <strong>atmosfera de familie \u0219i abordarea personal\u0103<\/strong> \u00een locul anonimatului rece al lan\u021burilor hoteliere uria\u0219e. Vei primi aici o grij\u0103 sincer\u0103, care \u00een ziua de azi se g\u0103se\u0219te deja foarte greu. <em><a href=\"https:\/\/www.stay22.com\/allez\/roam?aid=lukaskonecny&#038;campaign=loudavymkrokemcz&#038;campaign=kde-bydlet-ve-vidni&#038;hotelname=HOTEL%20KAISERHOF%20WIEN&#038;address=V%C3%ADde%C5%88%2C%20Rakousko\" target=\"_blank\" rel=\"nofollow noopener sponsored\">verific\u0103 pre\u021burile \u0219i disponibilitatea<\/a><\/em><\/p>\n\n\n\n<figure data-wp-context=\"{&quot;imageId&quot;:&quot;6a9c3a697a534&quot;}\" data-wp-interactive=\"core\/image\" data-wp-key=\"6a9c3a697a534\" class=\"wp-block-image size-full wp-lightbox-container\"><img decoding=\"async\" width=\"1800\" height=\"1201\" data-wp-class--hide=\"state.isContentHidden\" data-wp-class--show=\"state.isContentVisible\" data-wp-init=\"callbacks.setButtonStyles\" data-wp-on--click=\"actions.showLightbox\" data-wp-on--load=\"callbacks.setButtonStyles\" data-wp-on--pointerdown=\"actions.preloadImage\" data-wp-on--pointerenter=\"actions.preloadImageWithDelay\" data-wp-on--pointerleave=\"actions.cancelPreload\" data-wp-on-window--resize=\"callbacks.setButtonStyles\" src=\"https:\/\/loudavymkrokem.cz\/wp-content\/uploads\/2026\/08\/cocoon-wien-westbahnhof-boutiquehotel-stadth-1.jpg\" alt=\"Fa\u021bada verde a Boutiquehotelului Stadthalle de l\u00e2ng\u0103 Westbahnhof\" class=\"wp-image-407077\" title=\"\" srcset=\"https:\/\/loudavymkrokem.cz\/wp-content\/uploads\/2026\/08\/cocoon-wien-westbahnhof-boutiquehotel-stadth-1.jpg 1800w, https:\/\/loudavymkrokem.cz\/wp-content\/uploads\/2026\/08\/cocoon-wien-westbahnhof-boutiquehotel-stadth-1-300x200.jpg 300w, https:\/\/loudavymkrokem.cz\/wp-content\/uploads\/2026\/08\/cocoon-wien-westbahnhof-boutiquehotel-stadth-1-700x467.jpg 700w, https:\/\/loudavymkrokem.cz\/wp-content\/uploads\/2026\/08\/cocoon-wien-westbahnhof-boutiquehotel-stadth-1-768x512.jpg 768w, https:\/\/loudavymkrokem.cz\/wp-content\/uploads\/2026\/08\/cocoon-wien-westbahnhof-boutiquehotel-stadth-1-1536x1025.jpg 1536w, https:\/\/loudavymkrokem.cz\/wp-content\/uploads\/2026\/08\/cocoon-wien-westbahnhof-boutiquehotel-stadth-1-696x464.jpg 696w, https:\/\/loudavymkrokem.cz\/wp-content\/uploads\/2026\/08\/cocoon-wien-westbahnhof-boutiquehotel-stadth-1-1392x929.jpg 1392w\" sizes=\"(max-width: 1800px) 100vw, 1800px\" \/><button\n\t\t\tclass=\"lightbox-trigger\"\n\t\t\ttype=\"button\"\n\t\t\taria-haspopup=\"dialog\"\n\t\t\tdata-wp-bind--aria-label=\"state.thisImage.triggerButtonAriaLabel\"\n\t\t\tdata-wp-init=\"callbacks.initTriggerButton\"\n\t\t\tdata-wp-on--click=\"actions.showLightbox\"\n\t\t\tdata-wp-style--right=\"state.thisImage.buttonRight\"\n\t\t\tdata-wp-style--top=\"state.thisImage.buttonTop\"\n\t\t>\n\t\t\t<svg xmlns=\"http:\/\/www.w3.org\/2000\/svg\" width=\"12\" height=\"12\" fill=\"none\" viewBox=\"0 0 12 12\">\n\t\t\t\t<path fill=\"#fff\" d=\"M2 0a2 2 0 0 0-2 2v2h1.5V2a.5.5 0 0 1 .5-.5h2V0H2Zm2 10.5H2a.5.5 0 0 1-.5-.5V8H0v2a2 2 0 0 0 2 2h2v-1.5ZM8 12v-1.5h2a.5.5 0 0 0 .5-.5V8H12v2a2 2 0 0 1-2 2H8Zm2-12a2 2 0 0 1 2 2v2h-1.5V2a.5.5 0 0 0-.5-.5H8V0h2Z\" \/>\n\t\t\t<\/svg>\n\t\t<\/button><figcaption class=\"wp-element-caption\">Foto: Boutiquehotel Stadthalle \/ site-ul oficial<\/figcaption><\/figure>\n\n\n\n<h3 class=\"wp-block-heading\"><span class=\"ez-toc-section\" id=\"9_Cocoon_Wien_Westbahnhof_%E2%80%94_Boutiquehotel_Stadthalle\"><\/span>9. Cocoon Wien Westbahnhof \u2014 Boutiquehotel Stadthalle<span class=\"ez-toc-section-end\"><\/span><\/h3>\n\n\n\n<p class=\"wp-block-paragraph\">Acest hotel interesant, cu profil ecologic, are sediul \u00eentr-o cas\u0103 superb\u0103 de la \u00eenceputul secolului al dou\u0103zecilea. \u00cel g\u0103se\u0219ti nu departe de importanta gar\u0103 Westbahnhof \u0219i se m\u00e2ndre\u0219te pe bun\u0103 dreptate cu un excelent <strong>rating de 4,8 din 1.369 de recenzii<\/strong>. \u00centregul concept este construit pe un respect profund fa\u021b\u0103 de natur\u0103 \u0219i c\u0103l\u0103toria sustenabil\u0103.<\/p>\n\n\n\n<figure data-wp-context=\"{&quot;galleryId&quot;:&quot;6a9c3a697a799&quot;}\" data-wp-interactive=\"core\/gallery\" class=\"wp-block-gallery has-nested-images columns-2 is-cropped wp-block-gallery-is-layout-flex wp-block-gallery-4 is-layout-flex\">\n\n<figure data-wp-context=\"{&quot;imageId&quot;:&quot;6a9c3a697aa1f&quot;}\" data-wp-interactive=\"core\/image\" data-wp-key=\"6a9c3a697aa1f\" class=\"wp-block-image size-large wp-lightbox-container\"><img decoding=\"async\" width=\"1707\" height=\"2560\" data-wp-class--hide=\"state.isContentHidden\" data-wp-class--show=\"state.isContentVisible\" data-wp-init=\"callbacks.setButtonStyles\" data-wp-on--click=\"actions.showLightbox\" data-wp-on--load=\"callbacks.setButtonStyles\" data-wp-on--pointerdown=\"actions.preloadImage\" data-wp-on--pointerenter=\"actions.preloadImageWithDelay\" data-wp-on--pointerleave=\"actions.cancelPreload\" data-wp-on-window--resize=\"callbacks.setButtonStyles\" data-id=\"407080\" src=\"https:\/\/loudavymkrokem.cz\/wp-content\/uploads\/2026\/08\/cocoon-wien-westbahnhof-boutiquehotel-stadth-3.jpg\" alt=\"Zona de mic dejun a Boutiquehotelului Stadthalle\" class=\"wp-image-407080\" title=\"\" srcset=\"https:\/\/loudavymkrokem.cz\/wp-content\/uploads\/2026\/08\/cocoon-wien-westbahnhof-boutiquehotel-stadth-3.jpg 1707w, https:\/\/loudavymkrokem.cz\/wp-content\/uploads\/2026\/08\/cocoon-wien-westbahnhof-boutiquehotel-stadth-3-200x300.jpg 200w, https:\/\/loudavymkrokem.cz\/wp-content\/uploads\/2026\/08\/cocoon-wien-westbahnhof-boutiquehotel-stadth-3-700x1050.jpg 700w, https:\/\/loudavymkrokem.cz\/wp-content\/uploads\/2026\/08\/cocoon-wien-westbahnhof-boutiquehotel-stadth-3-768x1152.jpg 768w, https:\/\/loudavymkrokem.cz\/wp-content\/uploads\/2026\/08\/cocoon-wien-westbahnhof-boutiquehotel-stadth-3-1024x1536.jpg 1024w, https:\/\/loudavymkrokem.cz\/wp-content\/uploads\/2026\/08\/cocoon-wien-westbahnhof-boutiquehotel-stadth-3-1366x2048.jpg 1366w, https:\/\/loudavymkrokem.cz\/wp-content\/uploads\/2026\/08\/cocoon-wien-westbahnhof-boutiquehotel-stadth-3-696x1044.jpg 696w, https:\/\/loudavymkrokem.cz\/wp-content\/uploads\/2026\/08\/cocoon-wien-westbahnhof-boutiquehotel-stadth-3-1392x2088.jpg 1392w\" sizes=\"(max-width: 1707px) 100vw, 1707px\" \/><button\n\t\t\tclass=\"lightbox-trigger\"\n\t\t\ttype=\"button\"\n\t\t\taria-haspopup=\"dialog\"\n\t\t\tdata-wp-bind--aria-label=\"state.thisImage.triggerButtonAriaLabel\"\n\t\t\tdata-wp-init=\"callbacks.initTriggerButton\"\n\t\t\tdata-wp-on--click=\"actions.showLightbox\"\n\t\t\tdata-wp-style--right=\"state.thisImage.buttonRight\"\n\t\t\tdata-wp-style--top=\"state.thisImage.buttonTop\"\n\t\t>\n\t\t\t<svg xmlns=\"http:\/\/www.w3.org\/2000\/svg\" width=\"12\" height=\"12\" fill=\"none\" viewBox=\"0 0 12 12\">\n\t\t\t\t<path fill=\"#fff\" d=\"M2 0a2 2 0 0 0-2 2v2h1.5V2a.5.5 0 0 1 .5-.5h2V0H2Zm2 10.5H2a.5.5 0 0 1-.5-.5V8H0v2a2 2 0 0 0 2 2h2v-1.5ZM8 12v-1.5h2a.5.5 0 0 0 .5-.5V8H12v2a2 2 0 0 1-2 2H8Zm2-12a2 2 0 0 1 2 2v2h-1.5V2a.5.5 0 0 0-.5-.5H8V0h2Z\" \/>\n\t\t\t<\/svg>\n\t\t<\/button><figcaption class=\"wp-element-caption\">Foto: Boutiquehotel Stadthalle \/ site-ul oficial<\/figcaption><\/figure>\n\n<\/figure>\n\n\n\n<p class=\"wp-block-paragraph\">Elementul unic al \u00eentregii propriet\u0103\u021bi este superba curte interioar\u0103 \u0219i gr\u0103dina de lavand\u0103 \u00eenflorit\u0103, \u00eengrijit\u0103 cu aten\u021bie. Ea le ofer\u0103 oaspe\u021bilor <strong>o oaz\u0103 uimitoare de lini\u0219te verde \u00een mijlocul ora\u0219ului<\/strong>, unde te po\u021bi ascunde comod dup\u0103 o zi \u00eentreag\u0103 de alergat prin monumente. \u00cen plus, oaspe\u021bii au adorat mic dejunurile din ingrediente bio locale.<\/p>\n\n\n\n<p class=\"wp-block-paragraph\">\u26a0\ufe0f Avertisment din recenzii: \u00cenainte s\u0103 rezervi o camer\u0103 aici, trebuie s\u0103 \u0219tii un lucru important. Dac\u0103 alegi inten\u021bionat <strong>camerele cu vedere spre gr\u0103din\u0103, \u021bine cont c\u0103 se afl\u0103 \u00eentr-o cl\u0103dire istoric\u0103 f\u0103r\u0103 lift<\/strong>, ceea ce poate fi o mare problem\u0103 pentru persoanele cu mobilitate redus\u0103 sau cu bagaje grele.<\/p>\n\n\n\n<p class=\"wp-block-paragraph\">\ud83d\udca1 Pont: Alege acest hotel dac\u0103 ajungi \u00een ora\u0219 cu trenul la Westbahnhof \u0219i apreciezi cu adev\u0103rat <strong>abordarea ecologic\u0103 \u00eembinat\u0103 cu lini\u0219tea gr\u0103dinii interioare<\/strong>. \u00cen plus, p\u00e2n\u0103 \u00een centru ajungi u\u0219or de aici, cu o linie direct\u0103 de metrou, \u00eentr-o clip\u0103. <em><a href=\"https:\/\/www.stay22.com\/allez\/roam?aid=lukaskonecny&#038;campaign=loudavymkrokemcz&#038;campaign=kde-bydlet-ve-vidni&#038;hotelname=Cocoon%20Wien%20Westbahnhof&#038;address=V%C3%ADde%C5%88%2C%20Rakousko\" target=\"_blank\" rel=\"nofollow noopener sponsored\">verific\u0103 pre\u021burile \u0219i disponibilitatea<\/a><\/em><\/p>\n\n\n\n<figure data-wp-context=\"{&quot;imageId&quot;:&quot;6a9c3a697aeb0&quot;}\" data-wp-interactive=\"core\/image\" data-wp-key=\"6a9c3a697aeb0\" class=\"wp-block-image size-full wp-lightbox-container\"><img decoding=\"async\" width=\"1800\" height=\"1200\" data-wp-class--hide=\"state.isContentHidden\" data-wp-class--show=\"state.isContentVisible\" data-wp-init=\"callbacks.setButtonStyles\" data-wp-on--click=\"actions.showLightbox\" data-wp-on--load=\"callbacks.setButtonStyles\" data-wp-on--pointerdown=\"actions.preloadImage\" data-wp-on--pointerenter=\"actions.preloadImageWithDelay\" data-wp-on--pointerleave=\"actions.cancelPreload\" data-wp-on-window--resize=\"callbacks.setButtonStyles\" src=\"https:\/\/loudavymkrokem.cz\/wp-content\/uploads\/2026\/08\/hotel-motto-2.jpg\" alt=\"Hotel MOTTO din Mariahilf vienez\" class=\"wp-image-407072\" title=\"\" srcset=\"https:\/\/loudavymkrokem.cz\/wp-content\/uploads\/2026\/08\/hotel-motto-2.jpg 1800w, https:\/\/loudavymkrokem.cz\/wp-content\/uploads\/2026\/08\/hotel-motto-2-300x200.jpg 300w, https:\/\/loudavymkrokem.cz\/wp-content\/uploads\/2026\/08\/hotel-motto-2-700x467.jpg 700w, https:\/\/loudavymkrokem.cz\/wp-content\/uploads\/2026\/08\/hotel-motto-2-768x512.jpg 768w, https:\/\/loudavymkrokem.cz\/wp-content\/uploads\/2026\/08\/hotel-motto-2-1536x1024.jpg 1536w, https:\/\/loudavymkrokem.cz\/wp-content\/uploads\/2026\/08\/hotel-motto-2-696x464.jpg 696w, https:\/\/loudavymkrokem.cz\/wp-content\/uploads\/2026\/08\/hotel-motto-2-1392x928.jpg 1392w\" sizes=\"(max-width: 1800px) 100vw, 1800px\" \/><button\n\t\t\tclass=\"lightbox-trigger\"\n\t\t\ttype=\"button\"\n\t\t\taria-haspopup=\"dialog\"\n\t\t\tdata-wp-bind--aria-label=\"state.thisImage.triggerButtonAriaLabel\"\n\t\t\tdata-wp-init=\"callbacks.initTriggerButton\"\n\t\t\tdata-wp-on--click=\"actions.showLightbox\"\n\t\t\tdata-wp-style--right=\"state.thisImage.buttonRight\"\n\t\t\tdata-wp-style--top=\"state.thisImage.buttonTop\"\n\t\t>\n\t\t\t<svg xmlns=\"http:\/\/www.w3.org\/2000\/svg\" width=\"12\" height=\"12\" fill=\"none\" viewBox=\"0 0 12 12\">\n\t\t\t\t<path fill=\"#fff\" d=\"M2 0a2 2 0 0 0-2 2v2h1.5V2a.5.5 0 0 1 .5-.5h2V0H2Zm2 10.5H2a.5.5 0 0 1-.5-.5V8H0v2a2 2 0 0 0 2 2h2v-1.5ZM8 12v-1.5h2a.5.5 0 0 0 .5-.5V8H12v2a2 2 0 0 1-2 2H8Zm2-12a2 2 0 0 1 2 2v2h-1.5V2a.5.5 0 0 0-.5-.5H8V0h2Z\" \/>\n\t\t\t<\/svg>\n\t\t<\/button><figcaption class=\"wp-element-caption\">Foto: Hotel MOTTO \/ site-ul oficial<\/figcaption><\/figure>\n\n\n\n<h3 class=\"wp-block-heading\"><span class=\"ez-toc-section\" id=\"10_Hotel_MOTTO\"><\/span>10. Hotel MOTTO<span class=\"ez-toc-section-end\"><\/span><\/h3>\n\n\n\n<p class=\"wp-block-paragraph\">Chiar \u00een cartierul Mariahilf, pe faimoasa \u0219i aglomerata strad\u0103 comercial\u0103, g\u0103se\u0219ti acest hotel boutique incredibil de stilat, cu un excelent <strong>rating de 4,7 din 1.154 de recenzii<\/strong>. Interioarele de aici sunt foarte puternic inspirate de boema parizian\u0103 a anilor dou\u0103zeci \u0219i fiecare col\u021b arat\u0103 realmente ca desprins dintr-o revist\u0103 de design de lux.<\/p>\n\n\n\n<figure data-wp-context=\"{&quot;galleryId&quot;:&quot;6a9c3a697b031&quot;}\" data-wp-interactive=\"core\/gallery\" class=\"wp-block-gallery has-nested-images columns-2 is-cropped wp-block-gallery-is-layout-flex wp-block-gallery-5 is-layout-flex\">\n\n<figure data-wp-context=\"{&quot;imageId&quot;:&quot;6a9c3a697b370&quot;}\" data-wp-interactive=\"core\/image\" data-wp-key=\"6a9c3a697b370\" class=\"wp-block-image size-large wp-lightbox-container\"><img decoding=\"async\" width=\"1286\" height=\"730\" data-wp-class--hide=\"state.isContentHidden\" data-wp-class--show=\"state.isContentVisible\" data-wp-init=\"callbacks.setButtonStyles\" data-wp-on--click=\"actions.showLightbox\" data-wp-on--load=\"callbacks.setButtonStyles\" data-wp-on--pointerdown=\"actions.preloadImage\" data-wp-on--pointerenter=\"actions.preloadImageWithDelay\" data-wp-on--pointerleave=\"actions.cancelPreload\" data-wp-on-window--resize=\"callbacks.setButtonStyles\" data-id=\"407074\" src=\"https:\/\/loudavymkrokem.cz\/wp-content\/uploads\/2026\/08\/hotel-motto-3.jpg\" alt=\"Restaurantul hotelului MOTTO\" class=\"wp-image-407074\" title=\"\" srcset=\"https:\/\/loudavymkrokem.cz\/wp-content\/uploads\/2026\/08\/hotel-motto-3.jpg 1286w, https:\/\/loudavymkrokem.cz\/wp-content\/uploads\/2026\/08\/hotel-motto-3-300x170.jpg 300w, https:\/\/loudavymkrokem.cz\/wp-content\/uploads\/2026\/08\/hotel-motto-3-700x397.jpg 700w, https:\/\/loudavymkrokem.cz\/wp-content\/uploads\/2026\/08\/hotel-motto-3-768x436.jpg 768w, https:\/\/loudavymkrokem.cz\/wp-content\/uploads\/2026\/08\/hotel-motto-3-696x395.jpg 696w\" sizes=\"(max-width: 1286px) 100vw, 1286px\" \/><button\n\t\t\tclass=\"lightbox-trigger\"\n\t\t\ttype=\"button\"\n\t\t\taria-haspopup=\"dialog\"\n\t\t\tdata-wp-bind--aria-label=\"state.thisImage.triggerButtonAriaLabel\"\n\t\t\tdata-wp-init=\"callbacks.initTriggerButton\"\n\t\t\tdata-wp-on--click=\"actions.showLightbox\"\n\t\t\tdata-wp-style--right=\"state.thisImage.buttonRight\"\n\t\t\tdata-wp-style--top=\"state.thisImage.buttonTop\"\n\t\t>\n\t\t\t<svg xmlns=\"http:\/\/www.w3.org\/2000\/svg\" width=\"12\" height=\"12\" fill=\"none\" viewBox=\"0 0 12 12\">\n\t\t\t\t<path fill=\"#fff\" d=\"M2 0a2 2 0 0 0-2 2v2h1.5V2a.5.5 0 0 1 .5-.5h2V0H2Zm2 10.5H2a.5.5 0 0 1-.5-.5V8H0v2a2 2 0 0 0 2 2h2v-1.5ZM8 12v-1.5h2a.5.5 0 0 0 .5-.5V8H12v2a2 2 0 0 1-2 2H8Zm2-12a2 2 0 0 1 2 2v2h-1.5V2a.5.5 0 0 0-.5-.5H8V0h2Z\" \/>\n\t\t\t<\/svg>\n\t\t<\/button><figcaption class=\"wp-element-caption\">Foto: Hotel MOTTO \/ site-ul oficial<\/figcaption><\/figure>\n\n<\/figure>\n\n\n\n<p class=\"wp-block-paragraph\">Oaspe\u021bii iubesc nu doar camerele decorate foarte original, ci mai ales <strong>renumitul restaurant al hotelului, cu propria brut\u0103rie<\/strong>, unde vin cu drag dup\u0103 produse de patiserie proaspete \u0219i localnicii. Calitatea m\u00e2nc\u0103rii oferite atinge aici un nivel cu adev\u0103rat foarte ridicat.<\/p>\n\n\n\n<p class=\"wp-block-paragraph\">Un bonus excelent pentru oaspe\u021bii caza\u021bi este \u0219i <strong>superba zon\u0103 de relaxare cu saun\u0103<\/strong>, unde te po\u021bi odihni perfect dup\u0103 o zi solicitant\u0103 plin\u0103 de shopping \u0219i de mers prin monumente pe vreme mai rece.<\/p>\n\n\n\n<p class=\"wp-block-paragraph\">\ud83d\udca1 Pont: Cazeaz\u0103-te la hotelul MOTTO dac\u0103 \u00ee\u021bi place <strong>designul vizual expresiv, gastronomia local\u0103 excelent\u0103 \u0219i vrei s\u0103 ai cele mai bune magazine chiar la u\u0219\u0103<\/strong>. Este un loc absolut minunat pentru cuplurile care \u00ee\u0219i doresc un weekend romantic \u0219i stilat. <em><a href=\"https:\/\/www.stay22.com\/allez\/roam?aid=lukaskonecny&#038;campaign=loudavymkrokemcz&#038;campaign=kde-bydlet-ve-vidni&#038;hotelname=Hotel%20MOTTO&#038;address=V%C3%ADde%C5%88%2C%20Rakousko\" target=\"_blank\" rel=\"nofollow noopener sponsored\">verific\u0103 pre\u021burile \u0219i disponibilitatea<\/a><\/em><\/p>\n\n\n\n<figure data-wp-context=\"{&quot;imageId&quot;:&quot;6a9c3a697bc1f&quot;}\" data-wp-interactive=\"core\/image\" data-wp-key=\"6a9c3a697bc1f\" class=\"wp-block-image size-full wp-lightbox-container\"><img decoding=\"async\" width=\"1200\" height=\"628\" data-wp-class--hide=\"state.isContentHidden\" data-wp-class--show=\"state.isContentVisible\" data-wp-init=\"callbacks.setButtonStyles\" data-wp-on--click=\"actions.showLightbox\" data-wp-on--load=\"callbacks.setButtonStyles\" data-wp-on--pointerdown=\"actions.preloadImage\" data-wp-on--pointerenter=\"actions.preloadImageWithDelay\" data-wp-on--pointerleave=\"actions.cancelPreload\" data-wp-on-window--resize=\"callbacks.setButtonStyles\" src=\"https:\/\/loudavymkrokem.cz\/wp-content\/uploads\/2026\/08\/altstadt-vienna-an-slh-hotel-1.jpg\" alt=\"Camer\u0103 decorat\u0103 individual \u00een Altstadt Vienna\" class=\"wp-image-407063\" title=\"\" srcset=\"https:\/\/loudavymkrokem.cz\/wp-content\/uploads\/2026\/08\/altstadt-vienna-an-slh-hotel-1.jpg 1200w, https:\/\/loudavymkrokem.cz\/wp-content\/uploads\/2026\/08\/altstadt-vienna-an-slh-hotel-1-300x157.jpg 300w, https:\/\/loudavymkrokem.cz\/wp-content\/uploads\/2026\/08\/altstadt-vienna-an-slh-hotel-1-700x366.jpg 700w, https:\/\/loudavymkrokem.cz\/wp-content\/uploads\/2026\/08\/altstadt-vienna-an-slh-hotel-1-768x402.jpg 768w, https:\/\/loudavymkrokem.cz\/wp-content\/uploads\/2026\/08\/altstadt-vienna-an-slh-hotel-1-696x364.jpg 696w\" sizes=\"(max-width: 1200px) 100vw, 1200px\" \/><button\n\t\t\tclass=\"lightbox-trigger\"\n\t\t\ttype=\"button\"\n\t\t\taria-haspopup=\"dialog\"\n\t\t\tdata-wp-bind--aria-label=\"state.thisImage.triggerButtonAriaLabel\"\n\t\t\tdata-wp-init=\"callbacks.initTriggerButton\"\n\t\t\tdata-wp-on--click=\"actions.showLightbox\"\n\t\t\tdata-wp-style--right=\"state.thisImage.buttonRight\"\n\t\t\tdata-wp-style--top=\"state.thisImage.buttonTop\"\n\t\t>\n\t\t\t<svg xmlns=\"http:\/\/www.w3.org\/2000\/svg\" width=\"12\" height=\"12\" fill=\"none\" viewBox=\"0 0 12 12\">\n\t\t\t\t<path fill=\"#fff\" d=\"M2 0a2 2 0 0 0-2 2v2h1.5V2a.5.5 0 0 1 .5-.5h2V0H2Zm2 10.5H2a.5.5 0 0 1-.5-.5V8H0v2a2 2 0 0 0 2 2h2v-1.5ZM8 12v-1.5h2a.5.5 0 0 0 .5-.5V8H12v2a2 2 0 0 1-2 2H8Zm2-12a2 2 0 0 1 2 2v2h-1.5V2a.5.5 0 0 0-.5-.5H8V0h2Z\" \/>\n\t\t\t<\/svg>\n\t\t<\/button><figcaption class=\"wp-element-caption\">Foto: Altstadt Vienna \/ site-ul oficial<\/figcaption><\/figure>\n\n\n\n<h3 class=\"wp-block-heading\"><span class=\"ez-toc-section\" id=\"11_Altstadt_Vienna_an_SLH_Hotel\"><\/span>11. Altstadt Vienna, an SLH Hotel<span class=\"ez-toc-section-end\"><\/span><\/h3>\n\n\n\n<p class=\"wp-block-paragraph\">Acest hotel boutique unic din \u00eendr\u0103gitul al \u0219aptelea cartier, Neubau, are un <strong>rating impresionant de 4,7 din 715 recenzii<\/strong> \u0219i este cunoscut pe scar\u0103 larg\u0103 pentru faptul c\u0103 fiecare dintre camerele sale este decorat\u0103 \u00eentr-un stil complet diferit. La designul general au contribuit arhitec\u021bi celebri \u0219i designeri vestimentari renumi\u021bi, a\u0219a c\u0103 sejurul aici este o adev\u0103rat\u0103 experien\u021b\u0103 artistic\u0103 vizual\u0103.<\/p>\n\n\n\n<figure data-wp-context=\"{&quot;galleryId&quot;:&quot;6a9c3a697be81&quot;}\" data-wp-interactive=\"core\/gallery\" class=\"wp-block-gallery has-nested-images columns-2 is-cropped wp-block-gallery-is-layout-flex wp-block-gallery-6 is-layout-flex\">\n\n<figure data-wp-context=\"{&quot;imageId&quot;:&quot;6a9c3a697c243&quot;}\" data-wp-interactive=\"core\/image\" data-wp-key=\"6a9c3a697c243\" class=\"wp-block-image size-large wp-lightbox-container\"><img decoding=\"async\" width=\"1600\" height=\"2400\" data-wp-class--hide=\"state.isContentHidden\" data-wp-class--show=\"state.isContentVisible\" data-wp-init=\"callbacks.setButtonStyles\" data-wp-on--click=\"actions.showLightbox\" data-wp-on--load=\"callbacks.setButtonStyles\" data-wp-on--pointerdown=\"actions.preloadImage\" data-wp-on--pointerenter=\"actions.preloadImageWithDelay\" data-wp-on--pointerleave=\"actions.cancelPreload\" data-wp-on-window--resize=\"callbacks.setButtonStyles\" data-id=\"407066\" src=\"https:\/\/loudavymkrokem.cz\/wp-content\/uploads\/2026\/08\/altstadt-vienna-an-slh-hotel-2.jpg\" alt=\"Dormitor \u00een Altstadt Vienna\" class=\"wp-image-407066\" title=\"\" srcset=\"https:\/\/loudavymkrokem.cz\/wp-content\/uploads\/2026\/08\/altstadt-vienna-an-slh-hotel-2.jpg 1600w, https:\/\/loudavymkrokem.cz\/wp-content\/uploads\/2026\/08\/altstadt-vienna-an-slh-hotel-2-200x300.jpg 200w, https:\/\/loudavymkrokem.cz\/wp-content\/uploads\/2026\/08\/altstadt-vienna-an-slh-hotel-2-700x1050.jpg 700w, https:\/\/loudavymkrokem.cz\/wp-content\/uploads\/2026\/08\/altstadt-vienna-an-slh-hotel-2-768x1152.jpg 768w, https:\/\/loudavymkrokem.cz\/wp-content\/uploads\/2026\/08\/altstadt-vienna-an-slh-hotel-2-1024x1536.jpg 1024w, https:\/\/loudavymkrokem.cz\/wp-content\/uploads\/2026\/08\/altstadt-vienna-an-slh-hotel-2-1365x2048.jpg 1365w, https:\/\/loudavymkrokem.cz\/wp-content\/uploads\/2026\/08\/altstadt-vienna-an-slh-hotel-2-696x1044.jpg 696w, https:\/\/loudavymkrokem.cz\/wp-content\/uploads\/2026\/08\/altstadt-vienna-an-slh-hotel-2-1392x2088.jpg 1392w\" sizes=\"(max-width: 1600px) 100vw, 1600px\" \/><button\n\t\t\tclass=\"lightbox-trigger\"\n\t\t\ttype=\"button\"\n\t\t\taria-haspopup=\"dialog\"\n\t\t\tdata-wp-bind--aria-label=\"state.thisImage.triggerButtonAriaLabel\"\n\t\t\tdata-wp-init=\"callbacks.initTriggerButton\"\n\t\t\tdata-wp-on--click=\"actions.showLightbox\"\n\t\t\tdata-wp-style--right=\"state.thisImage.buttonRight\"\n\t\t\tdata-wp-style--top=\"state.thisImage.buttonTop\"\n\t\t>\n\t\t\t<svg xmlns=\"http:\/\/www.w3.org\/2000\/svg\" width=\"12\" height=\"12\" fill=\"none\" viewBox=\"0 0 12 12\">\n\t\t\t\t<path fill=\"#fff\" d=\"M2 0a2 2 0 0 0-2 2v2h1.5V2a.5.5 0 0 1 .5-.5h2V0H2Zm2 10.5H2a.5.5 0 0 1-.5-.5V8H0v2a2 2 0 0 0 2 2h2v-1.5ZM8 12v-1.5h2a.5.5 0 0 0 .5-.5V8H12v2a2 2 0 0 1-2 2H8Zm2-12a2 2 0 0 1 2 2v2h-1.5V2a.5.5 0 0 0-.5-.5H8V0h2Z\" \/>\n\t\t\t<\/svg>\n\t\t<\/button><figcaption class=\"wp-element-caption\">Foto: Altstadt Vienna \/ site-ul oficial<\/figcaption><\/figure>\n\n\n<figure data-wp-context=\"{&quot;imageId&quot;:&quot;6a9c3a697c774&quot;}\" data-wp-interactive=\"core\/image\" data-wp-key=\"6a9c3a697c774\" class=\"wp-block-image size-large wp-lightbox-container\"><img decoding=\"async\" width=\"1800\" height=\"1350\" data-wp-class--hide=\"state.isContentHidden\" data-wp-class--show=\"state.isContentVisible\" data-wp-init=\"callbacks.setButtonStyles\" data-wp-on--click=\"actions.showLightbox\" data-wp-on--load=\"callbacks.setButtonStyles\" data-wp-on--pointerdown=\"actions.preloadImage\" data-wp-on--pointerenter=\"actions.preloadImageWithDelay\" data-wp-on--pointerleave=\"actions.cancelPreload\" data-wp-on-window--resize=\"callbacks.setButtonStyles\" data-id=\"407069\" src=\"https:\/\/loudavymkrokem.cz\/wp-content\/uploads\/2026\/08\/altstadt-vienna-an-slh-hotel-3.jpg\" alt=\"Interiorul Altstadt Vienna\" class=\"wp-image-407069\" title=\"\" srcset=\"https:\/\/loudavymkrokem.cz\/wp-content\/uploads\/2026\/08\/altstadt-vienna-an-slh-hotel-3.jpg 1800w, https:\/\/loudavymkrokem.cz\/wp-content\/uploads\/2026\/08\/altstadt-vienna-an-slh-hotel-3-300x225.jpg 300w, https:\/\/loudavymkrokem.cz\/wp-content\/uploads\/2026\/08\/altstadt-vienna-an-slh-hotel-3-700x525.jpg 700w, https:\/\/loudavymkrokem.cz\/wp-content\/uploads\/2026\/08\/altstadt-vienna-an-slh-hotel-3-768x576.jpg 768w, https:\/\/loudavymkrokem.cz\/wp-content\/uploads\/2026\/08\/altstadt-vienna-an-slh-hotel-3-1536x1152.jpg 1536w, https:\/\/loudavymkrokem.cz\/wp-content\/uploads\/2026\/08\/altstadt-vienna-an-slh-hotel-3-80x60.jpg 80w, https:\/\/loudavymkrokem.cz\/wp-content\/uploads\/2026\/08\/altstadt-vienna-an-slh-hotel-3-160x120.jpg 160w, https:\/\/loudavymkrokem.cz\/wp-content\/uploads\/2026\/08\/altstadt-vienna-an-slh-hotel-3-696x522.jpg 696w, https:\/\/loudavymkrokem.cz\/wp-content\/uploads\/2026\/08\/altstadt-vienna-an-slh-hotel-3-1392x1044.jpg 1392w\" sizes=\"(max-width: 1800px) 100vw, 1800px\" \/><button\n\t\t\tclass=\"lightbox-trigger\"\n\t\t\ttype=\"button\"\n\t\t\taria-haspopup=\"dialog\"\n\t\t\tdata-wp-bind--aria-label=\"state.thisImage.triggerButtonAriaLabel\"\n\t\t\tdata-wp-init=\"callbacks.initTriggerButton\"\n\t\t\tdata-wp-on--click=\"actions.showLightbox\"\n\t\t\tdata-wp-style--right=\"state.thisImage.buttonRight\"\n\t\t\tdata-wp-style--top=\"state.thisImage.buttonTop\"\n\t\t>\n\t\t\t<svg xmlns=\"http:\/\/www.w3.org\/2000\/svg\" width=\"12\" height=\"12\" fill=\"none\" viewBox=\"0 0 12 12\">\n\t\t\t\t<path fill=\"#fff\" d=\"M2 0a2 2 0 0 0-2 2v2h1.5V2a.5.5 0 0 1 .5-.5h2V0H2Zm2 10.5H2a.5.5 0 0 1-.5-.5V8H0v2a2 2 0 0 0 2 2h2v-1.5ZM8 12v-1.5h2a.5.5 0 0 0 .5-.5V8H12v2a2 2 0 0 1-2 2H8Zm2-12a2 2 0 0 1 2 2v2h-1.5V2a.5.5 0 0 0-.5-.5H8V0h2Z\" \/>\n\t\t\t<\/svg>\n\t\t<\/button><figcaption class=\"wp-element-caption\">Foto: Altstadt Vienna \/ site-ul oficial<\/figcaption><\/figure>\n\n<\/figure>\n\n\n\n<p class=\"wp-block-paragraph\">Cele mai mari laude din potopul de recenzii le str\u00e2ng \u00eens\u0103 fantasticele mic dejunuri locale, care sunt incluse direct \u00een pre\u021bul de baz\u0103 al caz\u0103rii. Hotelul vine maxim \u00een \u00eent\u00e2mpinarea tuturor cerin\u021belor dietetice posibile, iar oaspe\u021bii scot \u00een eviden\u021b\u0103 cu entuziasm mai ales <strong>op\u021biunile excelente f\u0103r\u0103 gluten, vegane \u0219i f\u0103r\u0103 lactoz\u0103<\/strong>.<\/p>\n\n\n\n<p class=\"wp-block-paragraph\">Datorit\u0103 acestei abord\u0103ri culinare generoase, localul a devenit literalmente <strong>un rai pentru to\u021bi c\u0103l\u0103torii cu restric\u021bii alimentare<\/strong>, care \u00een alt\u0103 parte trebuie s\u0103-\u0219i caute anevoie m\u00e2ncare \u00een afara hotelului. Oferta bufetului de diminea\u021b\u0103 este, se spune, f\u0103r\u0103 concuren\u021b\u0103.<\/p>\n\n\n\n<p class=\"wp-block-paragraph\">\ud83d\udca1 Pont: Rezerv\u0103 o camer\u0103 aici dac\u0103 e\u0219ti \u00een c\u0103utarea unei <strong>caz\u0103ri cu suflet, cu un concept artistic unic, \u0219i \u021bii la mic dejunuri bogate \u0219i sigure<\/strong>. \u00cen plus, cartierul Neubau este un cartier absolut minunat pentru plimb\u0103ri f\u0103r\u0103 \u021bint\u0103 serile \u0219i pentru descoperirea cafenelelor. <em><a href=\"https:\/\/www.stay22.com\/allez\/roam?aid=lukaskonecny&#038;campaign=loudavymkrokemcz&#038;campaign=kde-bydlet-ve-vidni&#038;hotelname=Altstadt%20Vienna&#038;address=V%C3%ADde%C5%88%2C%20Rakousko\" target=\"_blank\" rel=\"nofollow noopener sponsored\">verific\u0103 pre\u021burile \u0219i disponibilitatea<\/a><\/em><\/p>\n\n\n\n<figure data-wp-context=\"{&quot;imageId&quot;:&quot;6a9c3a697cd04&quot;}\" data-wp-interactive=\"core\/image\" data-wp-key=\"6a9c3a697cd04\" class=\"wp-block-image size-full wp-lightbox-container\"><img decoding=\"async\" width=\"1800\" height=\"1198\" data-wp-class--hide=\"state.isContentHidden\" data-wp-class--show=\"state.isContentVisible\" data-wp-init=\"callbacks.setButtonStyles\" data-wp-on--click=\"actions.showLightbox\" data-wp-on--load=\"callbacks.setButtonStyles\" data-wp-on--pointerdown=\"actions.preloadImage\" data-wp-on--pointerenter=\"actions.preloadImageWithDelay\" data-wp-on--pointerleave=\"actions.cancelPreload\" data-wp-on-window--resize=\"callbacks.setButtonStyles\" src=\"https:\/\/loudavymkrokem.cz\/wp-content\/uploads\/2026\/08\/hotel-beethoven-wien-1.jpg\" alt=\"Lobby-ul Hotelului Beethoven de l\u00e2ng\u0103 Theater an der Wien\" class=\"wp-image-407060\" title=\"\" srcset=\"https:\/\/loudavymkrokem.cz\/wp-content\/uploads\/2026\/08\/hotel-beethoven-wien-1.jpg 1800w, https:\/\/loudavymkrokem.cz\/wp-content\/uploads\/2026\/08\/hotel-beethoven-wien-1-300x200.jpg 300w, https:\/\/loudavymkrokem.cz\/wp-content\/uploads\/2026\/08\/hotel-beethoven-wien-1-700x466.jpg 700w, https:\/\/loudavymkrokem.cz\/wp-content\/uploads\/2026\/08\/hotel-beethoven-wien-1-768x511.jpg 768w, https:\/\/loudavymkrokem.cz\/wp-content\/uploads\/2026\/08\/hotel-beethoven-wien-1-1536x1022.jpg 1536w, https:\/\/loudavymkrokem.cz\/wp-content\/uploads\/2026\/08\/hotel-beethoven-wien-1-696x463.jpg 696w, https:\/\/loudavymkrokem.cz\/wp-content\/uploads\/2026\/08\/hotel-beethoven-wien-1-1392x926.jpg 1392w\" sizes=\"(max-width: 1800px) 100vw, 1800px\" \/><button\n\t\t\tclass=\"lightbox-trigger\"\n\t\t\ttype=\"button\"\n\t\t\taria-haspopup=\"dialog\"\n\t\t\tdata-wp-bind--aria-label=\"state.thisImage.triggerButtonAriaLabel\"\n\t\t\tdata-wp-init=\"callbacks.initTriggerButton\"\n\t\t\tdata-wp-on--click=\"actions.showLightbox\"\n\t\t\tdata-wp-style--right=\"state.thisImage.buttonRight\"\n\t\t\tdata-wp-style--top=\"state.thisImage.buttonTop\"\n\t\t>\n\t\t\t<svg xmlns=\"http:\/\/www.w3.org\/2000\/svg\" width=\"12\" height=\"12\" fill=\"none\" viewBox=\"0 0 12 12\">\n\t\t\t\t<path fill=\"#fff\" d=\"M2 0a2 2 0 0 0-2 2v2h1.5V2a.5.5 0 0 1 .5-.5h2V0H2Zm2 10.5H2a.5.5 0 0 1-.5-.5V8H0v2a2 2 0 0 0 2 2h2v-1.5ZM8 12v-1.5h2a.5.5 0 0 0 .5-.5V8H12v2a2 2 0 0 1-2 2H8Zm2-12a2 2 0 0 1 2 2v2h-1.5V2a.5.5 0 0 0-.5-.5H8V0h2Z\" \/>\n\t\t\t<\/svg>\n\t\t<\/button><figcaption class=\"wp-element-caption\">Foto: Hotel Beethoven Wien \/ site-ul oficial<\/figcaption><\/figure>\n\n\n\n<h3 class=\"wp-block-heading\"><span class=\"ez-toc-section\" id=\"12_Hotel_Beethoven_Wien\"><\/span>12. Hotel Beethoven Wien<span class=\"ez-toc-section-end\"><\/span><\/h3>\n\n\n\n<p class=\"wp-block-paragraph\">Acest hotel de familie foarte elegant, cu un frumos <strong>rating de 4,7 din 776 de recenzii<\/strong>, se afl\u0103 la doar c\u00e2\u021biva pa\u0219i de aglomerata pia\u021b\u0103 Naschmarkt \u0219i de teatrul Theater an der Wien. Cl\u0103direa istoric\u0103 cu \u0219ase etaje este tematizat\u0103 foarte ingenios, iar fiecare etaj al ei spune o poveste pu\u021bin diferit\u0103 din bogata istorie vienez\u0103.<\/p>\n\n\n\n<p class=\"wp-block-paragraph\">\u00cen recenzii, vizitatorii laud\u0103 mult ceaiul gratuit de dup\u0103-amiaz\u0103 \u0219i cafeaua excelent\u0103, care se servesc \u00eentr-un frumos salon al hotelului. <strong>Este men\u021bionat\u0103 \u0219i izolarea fonic\u0103 nea\u0219teptat de bun\u0103 a camerelor<\/strong>, care le garanteaz\u0103 oaspe\u021bilor un somn netulburat chiar \u0219i \u00een apropierea centrului.<\/p>\n\n\n\n<p class=\"wp-block-paragraph\">Atmosfera de aici este, \u00een general, foarte intim\u0103 \u0219i prietenoas\u0103. <strong>Personalul local cunoa\u0219te foarte bine \u00eemprejurimile \u0219i te va sf\u0103tui cu pl\u0103cere \u00een alegerea celor mai bune restaurante<\/strong>, a\u0219a c\u0103 vei evita capcanele turistice clasice.<\/p>\n\n\n\n<p class=\"wp-block-paragraph\">\ud83d\udca1 Pont: Este un loc absolut minunat pentru <strong>to\u021bi iubitorii de cultur\u0103 \u0219i m\u00e2ncare bun\u0103<\/strong>. Pozi\u021bia chiar l\u00e2ng\u0103 pia\u021ba Naschmarkt \u00ee\u021bi asigur\u0103 cu certitudine o doz\u0103 zilnic\u0103 de cele mai bune experien\u021be gastronomice, chiar dup\u0103 col\u021b. <em><a href=\"https:\/\/www.stay22.com\/allez\/roam?aid=lukaskonecny&#038;campaign=loudavymkrokemcz&#038;campaign=kde-bydlet-ve-vidni&#038;hotelname=Hotel%20Beethoven%20Wien&#038;address=V%C3%ADde%C5%88%2C%20Rakousko\" target=\"_blank\" rel=\"nofollow noopener sponsored\">verific\u0103 pre\u021burile \u0219i disponibilitatea<\/a><\/em><\/p>\n\n\n\n<figure data-wp-context=\"{&quot;imageId&quot;:&quot;6a9c3a697d26f&quot;}\" data-wp-interactive=\"core\/image\" data-wp-key=\"6a9c3a697d26f\" class=\"wp-block-image size-full wp-lightbox-container\"><img decoding=\"async\" width=\"1800\" height=\"1199\" data-wp-class--hide=\"state.isContentHidden\" data-wp-class--show=\"state.isContentVisible\" data-wp-init=\"callbacks.setButtonStyles\" data-wp-on--click=\"actions.showLightbox\" data-wp-on--load=\"callbacks.setButtonStyles\" data-wp-on--pointerdown=\"actions.preloadImage\" data-wp-on--pointerenter=\"actions.preloadImageWithDelay\" data-wp-on--pointerleave=\"actions.cancelPreload\" data-wp-on-window--resize=\"callbacks.setButtonStyles\" src=\"https:\/\/loudavymkrokem.cz\/wp-content\/uploads\/2026\/08\/magdas-hotel-vienna-city-1.jpg\" alt=\"Recep\u021bia hotelului magdas, care angajeaz\u0103 oameni cu experien\u021b\u0103 de refugiat\" class=\"wp-image-407055\" title=\"\" srcset=\"https:\/\/loudavymkrokem.cz\/wp-content\/uploads\/2026\/08\/magdas-hotel-vienna-city-1.jpg 1800w, https:\/\/loudavymkrokem.cz\/wp-content\/uploads\/2026\/08\/magdas-hotel-vienna-city-1-300x200.jpg 300w, https:\/\/loudavymkrokem.cz\/wp-content\/uploads\/2026\/08\/magdas-hotel-vienna-city-1-700x466.jpg 700w, https:\/\/loudavymkrokem.cz\/wp-content\/uploads\/2026\/08\/magdas-hotel-vienna-city-1-768x512.jpg 768w, https:\/\/loudavymkrokem.cz\/wp-content\/uploads\/2026\/08\/magdas-hotel-vienna-city-1-1536x1023.jpg 1536w, https:\/\/loudavymkrokem.cz\/wp-content\/uploads\/2026\/08\/magdas-hotel-vienna-city-1-696x464.jpg 696w, https:\/\/loudavymkrokem.cz\/wp-content\/uploads\/2026\/08\/magdas-hotel-vienna-city-1-1392x927.jpg 1392w\" sizes=\"(max-width: 1800px) 100vw, 1800px\" \/><button\n\t\t\tclass=\"lightbox-trigger\"\n\t\t\ttype=\"button\"\n\t\t\taria-haspopup=\"dialog\"\n\t\t\tdata-wp-bind--aria-label=\"state.thisImage.triggerButtonAriaLabel\"\n\t\t\tdata-wp-init=\"callbacks.initTriggerButton\"\n\t\t\tdata-wp-on--click=\"actions.showLightbox\"\n\t\t\tdata-wp-style--right=\"state.thisImage.buttonRight\"\n\t\t\tdata-wp-style--top=\"state.thisImage.buttonTop\"\n\t\t>\n\t\t\t<svg xmlns=\"http:\/\/www.w3.org\/2000\/svg\" width=\"12\" height=\"12\" fill=\"none\" viewBox=\"0 0 12 12\">\n\t\t\t\t<path fill=\"#fff\" d=\"M2 0a2 2 0 0 0-2 2v2h1.5V2a.5.5 0 0 1 .5-.5h2V0H2Zm2 10.5H2a.5.5 0 0 1-.5-.5V8H0v2a2 2 0 0 0 2 2h2v-1.5ZM8 12v-1.5h2a.5.5 0 0 0 .5-.5V8H12v2a2 2 0 0 1-2 2H8Zm2-12a2 2 0 0 1 2 2v2h-1.5V2a.5.5 0 0 0-.5-.5H8V0h2Z\" \/>\n\t\t\t<\/svg>\n\t\t<\/button><figcaption class=\"wp-element-caption\">Foto: magdas HOTEL \/ site-ul oficial<\/figcaption><\/figure>\n\n\n\n<h3 class=\"wp-block-heading\"><span class=\"ez-toc-section\" id=\"13_magdas_HOTEL_Vienna_City\"><\/span>13. magdas HOTEL Vienna City<span class=\"ez-toc-section-end\"><\/span><\/h3>\n\n\n\n<p class=\"wp-block-paragraph\">Acest hotel neobi\u0219nuit nu este doar un simplu loc de dormit, ci mai ales un proiect func\u021bional cu o inim\u0103 uria\u0219\u0103. Cu <strong>ratingul s\u0103u de 4,7 din 578 de recenzii<\/strong>, este o \u00eentreprindere social\u0103 cu totul excep\u021bional\u0103, care angajeaz\u0103 \u00een mod deliberat <strong>oameni cu experien\u021b\u0103 de refugiat<\/strong> \u0219i \u00eei ajut\u0103 astfel activ s\u0103 se integreze \u00een societatea noastr\u0103.<\/p>\n\n\n\n<figure data-wp-context=\"{&quot;galleryId&quot;:&quot;6a9c3a697d587&quot;}\" data-wp-interactive=\"core\/gallery\" class=\"wp-block-gallery has-nested-images columns-2 is-cropped wp-block-gallery-is-layout-flex wp-block-gallery-7 is-layout-flex\">\n\n<figure data-wp-context=\"{&quot;imageId&quot;:&quot;6a9c3a697d875&quot;}\" data-wp-interactive=\"core\/image\" data-wp-key=\"6a9c3a697d875\" class=\"wp-block-image size-large wp-lightbox-container\"><img decoding=\"async\" width=\"1263\" height=\"1800\" data-wp-class--hide=\"state.isContentHidden\" data-wp-class--show=\"state.isContentVisible\" data-wp-init=\"callbacks.setButtonStyles\" data-wp-on--click=\"actions.showLightbox\" data-wp-on--load=\"callbacks.setButtonStyles\" data-wp-on--pointerdown=\"actions.preloadImage\" data-wp-on--pointerenter=\"actions.preloadImageWithDelay\" data-wp-on--pointerleave=\"actions.cancelPreload\" data-wp-on-window--resize=\"callbacks.setButtonStyles\" data-id=\"407058\" src=\"https:\/\/loudavymkrokem.cz\/wp-content\/uploads\/2026\/08\/magdas-hotel-vienna-city-3.jpg\" alt=\"Camer\u0103 \u00een hotelul magdas\" class=\"wp-image-407058\" title=\"\" srcset=\"https:\/\/loudavymkrokem.cz\/wp-content\/uploads\/2026\/08\/magdas-hotel-vienna-city-3.jpg 1263w, https:\/\/loudavymkrokem.cz\/wp-content\/uploads\/2026\/08\/magdas-hotel-vienna-city-3-211x300.jpg 211w, https:\/\/loudavymkrokem.cz\/wp-content\/uploads\/2026\/08\/magdas-hotel-vienna-city-3-700x998.jpg 700w, https:\/\/loudavymkrokem.cz\/wp-content\/uploads\/2026\/08\/magdas-hotel-vienna-city-3-768x1095.jpg 768w, https:\/\/loudavymkrokem.cz\/wp-content\/uploads\/2026\/08\/magdas-hotel-vienna-city-3-1078x1536.jpg 1078w, https:\/\/loudavymkrokem.cz\/wp-content\/uploads\/2026\/08\/magdas-hotel-vienna-city-3-696x992.jpg 696w\" sizes=\"(max-width: 1263px) 100vw, 1263px\" \/><button\n\t\t\tclass=\"lightbox-trigger\"\n\t\t\ttype=\"button\"\n\t\t\taria-haspopup=\"dialog\"\n\t\t\tdata-wp-bind--aria-label=\"state.thisImage.triggerButtonAriaLabel\"\n\t\t\tdata-wp-init=\"callbacks.initTriggerButton\"\n\t\t\tdata-wp-on--click=\"actions.showLightbox\"\n\t\t\tdata-wp-style--right=\"state.thisImage.buttonRight\"\n\t\t\tdata-wp-style--top=\"state.thisImage.buttonTop\"\n\t\t>\n\t\t\t<svg xmlns=\"http:\/\/www.w3.org\/2000\/svg\" width=\"12\" height=\"12\" fill=\"none\" viewBox=\"0 0 12 12\">\n\t\t\t\t<path fill=\"#fff\" d=\"M2 0a2 2 0 0 0-2 2v2h1.5V2a.5.5 0 0 1 .5-.5h2V0H2Zm2 10.5H2a.5.5 0 0 1-.5-.5V8H0v2a2 2 0 0 0 2 2h2v-1.5ZM8 12v-1.5h2a.5.5 0 0 0 .5-.5V8H12v2a2 2 0 0 1-2 2H8Zm2-12a2 2 0 0 1 2 2v2h-1.5V2a.5.5 0 0 0-.5-.5H8V0h2Z\" \/>\n\t\t\t<\/svg>\n\t\t<\/button><figcaption class=\"wp-element-caption\">Foto: magdas HOTEL \/ site-ul oficial<\/figcaption><\/figure>\n\n<\/figure>\n\n\n\n<p class=\"wp-block-paragraph\">Hotelul se afl\u0103 \u00eentr-o <strong>frumoas\u0103 cl\u0103dire retro<\/strong> din anii \u0219aizeci, pe care arhitec\u021bii au renovat-o foarte sensibil \u0219i modern. C\u0103l\u0103torii experimenta\u021bi iubesc aici mai ales mobilierul reciclat inteligent, <strong>superba gr\u0103din\u0103 lini\u0219tit\u0103<\/strong> \u0219i stilul vizual relaxat al \u00eentregului spa\u021biu.<\/p>\n\n\n\n<p class=\"wp-block-paragraph\">Ceea ce oaspe\u021bii men\u021bioneaz\u0103 \u00eens\u0103 cel mai des este <strong>atmosfera incredibil de cald\u0103 \u0219i autentic\u0103<\/strong>, creat\u0103 aici de un personal pestri\u021b, literalmente din toat\u0103 lumea. Fiecare membru al echipei are propria poveste, ceea ce d\u0103 sejurului o profunzime \u0219i o dimensiune uman\u0103 cu totul nou\u0103.<\/p>\n\n\n\n<p class=\"wp-block-paragraph\">\ud83d\udca1 Pont: Alege cazarea la magdas dac\u0103 vrei cu adev\u0103rat ca <strong>banii t\u0103i de vacan\u021b\u0103 s\u0103 sprijine direct o cauz\u0103 bun\u0103 \u0219i cu sens<\/strong>. Vei primi nu doar o camer\u0103 curat\u0103 \u0219i excelent\u0103, ci \u0219i un sentiment frumos de sprijin concret pentru un proiect care schimb\u0103 realmente vie\u021bi omene\u0219ti \u00een bine. <em><a href=\"https:\/\/www.stay22.com\/allez\/roam?aid=lukaskonecny&#038;campaign=loudavymkrokemcz&#038;campaign=kde-bydlet-ve-vidni&#038;hotelname=magdas%20HOTEL%20Vienna%20City&#038;address=V%C3%ADde%C5%88%2C%20Rakousko\" target=\"_blank\" rel=\"nofollow noopener sponsored\">verific\u0103 pre\u021burile \u0219i disponibilitatea<\/a><\/em><\/p>\n\n\n\n<figure data-wp-context=\"{&quot;imageId&quot;:&quot;6a9c3a697ddff&quot;}\" data-wp-interactive=\"core\/image\" data-wp-key=\"6a9c3a697ddff\" class=\"wp-block-image size-full wp-lightbox-container\"><img decoding=\"async\" width=\"1800\" height=\"1193\" data-wp-class--hide=\"state.isContentHidden\" data-wp-class--show=\"state.isContentVisible\" data-wp-init=\"callbacks.setButtonStyles\" data-wp-on--click=\"actions.showLightbox\" data-wp-on--load=\"callbacks.setButtonStyles\" data-wp-on--pointerdown=\"actions.preloadImage\" data-wp-on--pointerenter=\"actions.preloadImageWithDelay\" data-wp-on--pointerleave=\"actions.cancelPreload\" data-wp-on-window--resize=\"callbacks.setButtonStyles\" src=\"https:\/\/loudavymkrokem.cz\/wp-content\/uploads\/2026\/08\/hotel-am-brillantengrund-2.jpg\" alt=\"Curtea Hotelului am Brillantengrund, \u00eentr-o fost\u0103 m\u0103n\u0103stire\" class=\"wp-image-407049\" title=\"\" srcset=\"https:\/\/loudavymkrokem.cz\/wp-content\/uploads\/2026\/08\/hotel-am-brillantengrund-2.jpg 1800w, https:\/\/loudavymkrokem.cz\/wp-content\/uploads\/2026\/08\/hotel-am-brillantengrund-2-300x199.jpg 300w, https:\/\/loudavymkrokem.cz\/wp-content\/uploads\/2026\/08\/hotel-am-brillantengrund-2-700x464.jpg 700w, https:\/\/loudavymkrokem.cz\/wp-content\/uploads\/2026\/08\/hotel-am-brillantengrund-2-768x509.jpg 768w, https:\/\/loudavymkrokem.cz\/wp-content\/uploads\/2026\/08\/hotel-am-brillantengrund-2-1536x1018.jpg 1536w, https:\/\/loudavymkrokem.cz\/wp-content\/uploads\/2026\/08\/hotel-am-brillantengrund-2-696x461.jpg 696w, https:\/\/loudavymkrokem.cz\/wp-content\/uploads\/2026\/08\/hotel-am-brillantengrund-2-1392x923.jpg 1392w\" sizes=\"(max-width: 1800px) 100vw, 1800px\" \/><button\n\t\t\tclass=\"lightbox-trigger\"\n\t\t\ttype=\"button\"\n\t\t\taria-haspopup=\"dialog\"\n\t\t\tdata-wp-bind--aria-label=\"state.thisImage.triggerButtonAriaLabel\"\n\t\t\tdata-wp-init=\"callbacks.initTriggerButton\"\n\t\t\tdata-wp-on--click=\"actions.showLightbox\"\n\t\t\tdata-wp-style--right=\"state.thisImage.buttonRight\"\n\t\t\tdata-wp-style--top=\"state.thisImage.buttonTop\"\n\t\t>\n\t\t\t<svg xmlns=\"http:\/\/www.w3.org\/2000\/svg\" width=\"12\" height=\"12\" fill=\"none\" viewBox=\"0 0 12 12\">\n\t\t\t\t<path fill=\"#fff\" d=\"M2 0a2 2 0 0 0-2 2v2h1.5V2a.5.5 0 0 1 .5-.5h2V0H2Zm2 10.5H2a.5.5 0 0 1-.5-.5V8H0v2a2 2 0 0 0 2 2h2v-1.5ZM8 12v-1.5h2a.5.5 0 0 0 .5-.5V8H12v2a2 2 0 0 1-2 2H8Zm2-12a2 2 0 0 1 2 2v2h-1.5V2a.5.5 0 0 0-.5-.5H8V0h2Z\" \/>\n\t\t\t<\/svg>\n\t\t<\/button><figcaption class=\"wp-element-caption\">Foto: Hotel am Brillantengrund \/ site-ul oficial<\/figcaption><\/figure>\n\n\n\n<!-- LKM_GYG_CARD start q=\"vienna\" lang=\"ro\" rendered=\"2026-09-05T14:27:39+00:00\" v=\"1\" -->\n<style id=\"lk-gyg-styles\">\n@import url(\"https:\/\/fonts.googleapis.com\/css2?family=Playfair+Display:wght@700&family=DM+Sans:wght@300;400;500;600&display=swap\");\n\/* === LK GYG karty \u2014 CRO redesign 2026-05 (namespace .lkx-) ===\n   C\u00edl: vy\u0161\u0161\u00ed CTR (hero + v\u00fdrazn\u00fd social proof + ak\u010dn\u00ed CTA, m\u00e9n\u011b \"reklamn\u00ed\").\n   Injektuje se inline do prvn\u00edho markeru postu (refresh_cards.py --inline-css). *\/\n.lkx-module, .lkx-module *{box-sizing:border-box;margin:0;padding:0}\n.lkx-module{\n  font-family:'DM Sans',-apple-system,Segoe UI,Roboto,Georgia,sans-serif;\n  max-width:860px;margin:2.5rem auto;color:#1f2328;\n}\n\n\/* HEADER \u2014 lehk\u00fd editorsk\u00fd, \u017e\u00e1dn\u00fd bannerov\u00fd blok; nadpis + popisek pod n\u00edm *\/\n.lkx-head{margin-bottom:16px}\n.lkx-head-main{display:flex;align-items:center;gap:10px}\n.lkx-head-accent{width:26px;height:3px;border-radius:2px;background:#c39f76;flex-shrink:0}\n.lkx-head-title{font-family:'Playfair Display',Georgia,serif;font-size:21px;font-weight:700;color:#1a1a1a;line-height:1.25}\n.lkx-head-meta{display:block;font-size:11px;letter-spacing:.3px;color:#9aa0a6;margin-top:4px;margin-left:36px}\n\n\/* HERO *\/\n.lkx-hero{display:grid;grid-template-columns:300px 1fr;background:#fff;border:1px solid #ece7df;border-radius:14px;overflow:hidden;text-decoration:none!important;color:inherit;box-shadow:0 6px 20px rgba(0,0,0,.06);transition:box-shadow .2s,transform .2s;margin-bottom:14px}\n.lkx-hero:hover{box-shadow:0 12px 30px rgba(0,0,0,.12);transform:translateY(-2px)}\n.lkx-hero-img{position:relative;min-height:230px;background-size:cover;background-position:center;background-color:#eee}\n.lkx-hero-body{padding:22px 24px;display:flex;flex-direction:column}\n.lkx-pick{position:absolute;top:12px;left:12px;background:#1a1a1a;color:#fff;font-size:11px;font-weight:700;letter-spacing:.5px;padding:5px 11px;border-radius:20px}\n\n\/* TITLE *\/\n.lkx-title{font-size:19px;font-weight:700;color:#161616;line-height:1.3}\n.lkx-title-sm{font-size:14.5px;line-height:1.35;display:-webkit-box;-webkit-line-clamp:2;-webkit-box-orient:vertical;overflow:hidden}\n\n\/* SOCIAL PROOF \u2014 v\u00fdrazn\u011b, naho\u0159e *\/\n.lkx-proof{display:flex;align-items:center;gap:7px;margin-top:12px;font-size:15px;color:#3a3a3a}\n.lkx-proof b{font-size:16px;color:#161616}\n.lkx-stars{color:#f5a623;letter-spacing:1px}\n.lkx-proof-sm{font-size:12.5px;margin-top:8px;gap:5px}\n.lkx-proof-sm b{font-size:13px}\n.lkx-proof-new{color:#3685fc;font-weight:600}\n\n\/* PRICE \u2014 n\u00edzk\u00e1 kotva *\/\n.lkx-price{font-size:14px;color:#6b7280}\n.lkx-price b{font-size:20px;color:#161616;font-weight:700}\n.lkx-price-sm b{font-size:15px}\n\n\/* CTA \u2014 tepl\u00e9 ak\u010dn\u00ed tla\u010d\u00edtko *\/\n.lkx-cta{display:inline-flex;align-items:center;justify-content:center;text-decoration:none!important;font-weight:700;color:#fff!important;background:linear-gradient(135deg,#f6743f,#e8552a);border-radius:10px;box-shadow:0 6px 16px rgba(232,85,42,.32);transition:box-shadow .2s}\n.lkx-cta-hero{font-size:15px;padding:13px 22px}\n.lkx-hero:hover .lkx-cta-hero{box-shadow:0 8px 22px rgba(232,85,42,.45)}\n.lkx-cta-sm{font-size:12.5px;padding:9px 14px;width:100%;margin-top:2px}\n.lkx-hero-bottom{margin-top:auto;padding-top:18px;display:flex;align-items:center;justify-content:space-between;gap:14px;flex-wrap:wrap}\n\n\/* BADGE \u2014 jeden v\u00fdrazn\u00fd na fotce *\/\n.lkx-badge{position:absolute;top:12px;right:12px;font-size:10.5px;font-weight:700;letter-spacing:.3px;padding:5px 10px;border-radius:16px;color:#fff}\n.lkx-badge.badge-urgency{background:rgba(214,40,40,.92)}\n.lkx-badge.badge-new{background:rgba(54,133,252,.92)}\n.lkx-badge.badge-top{background:rgba(195,159,118,.95)}\n.lkx-badge.badge-info{background:rgba(40,40,40,.78)}\n\n\/* SECONDARY GRID *\/\n.lkx-grid{display:grid;grid-template-columns:1fr 1fr;gap:14px}\n.lkx-card{background:#fff;border:1px solid #ece7df;border-radius:14px;overflow:hidden;text-decoration:none!important;color:inherit;box-shadow:0 4px 14px rgba(0,0,0,.05);display:flex;flex-direction:column;transition:box-shadow .2s,transform .2s}\n.lkx-card:hover{box-shadow:0 10px 24px rgba(0,0,0,.1);transform:translateY(-2px)}\n.lkx-card-img{position:relative;aspect-ratio:16\/10;background-size:cover;background-position:center;background-color:#eee}\n.lkx-card-body{padding:14px 16px 16px;display:flex;flex-direction:column;gap:7px;flex:1}\n.lkx-card-bottom{margin-top:auto;padding-top:10px;display:flex;align-items:center;justify-content:space-between;gap:8px}\n\n\/* DISCLOSURE \u2014 drobn\u00e1, kv\u016fli d\u016fv\u011b\u0159e\/z\u00e1konu *\/\n.lkx-disclosure{font-size:11px;color:#a7adb3;text-align:center;margin-top:14px;line-height:1.6}\n.lkx-disclosure a{color:#c39f76;text-decoration:none}\n\n@media(max-width:680px){\n  .lkx-hero{grid-template-columns:1fr}\n  .lkx-hero-img{min-height:180px}\n  .lkx-grid{grid-template-columns:1fr}\n  .lkx-head-meta{margin-left:0;width:100%}\n  .lkx-head-title{font-size:19px}\n}\n\n<\/style>\n<div class=\"lkx-module\" data-query=\"vienna\">\n  <div class=\"lkx-head\">\n    <div class=\"lkx-head-main\">\n      <span class=\"lkx-head-accent\"><\/span>\n      <span class=\"lkx-head-title\">Experien\u021be \u0219i bilete<\/span>\n    <\/div>\n    <span class=\"lkx-head-meta\">evaluat de c\u0103l\u0103tori \u00b7 GetYourGuide<\/span>\n  <\/div><a class=\"lkx-hero\" href=\"https:\/\/www.getyourguide.com\/ro-ro\/viena-l7\/viena-excursie-de-o-zi-la-castelul-hochosterwitz-fortareata-austriei-t1242132\/?partner_id=MKZ64IS&amp;utm_medium=online_publisher&amp;cmp=cazare-viena-austria-hoteluri\" target=\"_blank\" rel=\"sponsored noopener nofollow\">\n    <div class=\"lkx-hero-img\" style=\"background-image:url('https:\/\/cdn.getyourguide.com\/img\/tour\/8df491f9cfcc6dcf61dfd534f2b4eb3a1ab69fbba9b849f6287903242c0acfeb.jpg\/132.jpg')\" role=\"img\" aria-label=\"De la Viena la Hallstatt: cel mai frumos sat din Europa\">\n      <span class=\"lkx-pick\">\u2605 Recomandarea noastr\u0103<\/span><\/div>\n    <div class=\"lkx-hero-body\">\n      <div class=\"lkx-title\">De la Viena la Hallstatt: cel mai frumos sat din Europa<\/div>\n      <div class=\"lkx-proof\">\n      <span class=\"lkx-stars\">\u2605\u2605\u2605\u2605\u2605<\/span>\n      <b>4.7<\/b> \u00b7 146 de recenzii\n    <\/div>\n      <div class=\"lkx-hero-bottom\"><div class=\"lkx-price\">de la <b>55\u00a0EUR<\/b><\/div><span class=\"lkx-cta lkx-cta-hero\">Vreau aceast\u0103 experien\u021b\u0103 \u2192<\/span>\n      <\/div>\n    <\/div>\n  <\/a><div class=\"lkx-grid\"><a class=\"lkx-card\" href=\"https:\/\/www.getyourguide.com\/ro-ro\/viena-l7\/viena-experienta-de-burlesc-si-cocktail-la-veleno-t1463480\/?partner_id=MKZ64IS&amp;utm_medium=online_publisher&amp;cmp=cazare-viena-austria-hoteluri\" target=\"_blank\" rel=\"sponsored noopener nofollow\">\n      <div class=\"lkx-card-img\" style=\"background-image:url('https:\/\/cdn.getyourguide.com\/img\/tour\/819f2f2c0ed3dea1cb4b76972b711ea8270ab59d364467fe0b149ee392691350.jpg\/132.jpg')\" role=\"img\" aria-label=\"Viena: experien\u021b\u0103 de burlesc \u0219i cocktail la Veleno\"><\/div>\n      <div class=\"lkx-card-body\">\n        <div class=\"lkx-title lkx-title-sm\">Viena: experien\u021b\u0103 de burlesc \u0219i cocktail la Veleno<\/div>\n        <div class=\"lkx-proof lkx-proof-sm\">\n      <span class=\"lkx-stars\">\u2605<\/span>\n      <b>0.0<\/b> \u00b7 0\n    <\/div>\n        <div class=\"lkx-card-bottom\"><span class=\"lkx-price lkx-price-sm\">de la <b>59\u00a0EUR<\/b><\/span><span class=\"lkx-cta lkx-cta-sm\">Vezi datele \u2192<\/span>\n        <\/div>\n      <\/div>\n    <\/a><a class=\"lkx-card\" href=\"https:\/\/www.getyourguide.com\/ro-ro\/viena-l7\/viena-excursie-de-o-zi-la-hallstatt-cu-optiune-de-plimbare-cu-barca-t316897\/?partner_id=MKZ64IS&amp;utm_medium=online_publisher&amp;cmp=cazare-viena-austria-hoteluri\" target=\"_blank\" rel=\"sponsored noopener nofollow\">\n      <div class=\"lkx-card-img\" style=\"background-image:url('https:\/\/cdn.getyourguide.com\/img\/tour\/92f5118f9a9df15ca7cc3e201ed23508dda4f7f6a0051cef5af44aef8dbdced4.jpg\/132.jpg')\" role=\"img\" aria-label=\"Viena: Excursie de o zi la Hallstatt cu op\u021biune Skywalk\"><\/div>\n      <div class=\"lkx-card-body\">\n        <div class=\"lkx-title lkx-title-sm\">Viena: Excursie de o zi la Hallstatt cu op\u021biune Skywalk<\/div>\n        <div class=\"lkx-proof lkx-proof-sm\">\n      <span class=\"lkx-stars\">\u2605<\/span>\n      <b>4.7<\/b> \u00b7 6 937\n    <\/div>\n        <div class=\"lkx-card-bottom\"><span class=\"lkx-price lkx-price-sm\">de la <b>71\u00a0EUR<\/b><\/span><span class=\"lkx-cta lkx-cta-sm\">Vezi datele \u2192<\/span>\n        <\/div>\n      <\/div>\n    <\/a><\/div><div class=\"lkx-disclosure\">\ud83d\udd17 Linkurile sunt de afiliere \u2014 nu \u00ee\u021bi schimb\u0103 pre\u021bul, dar ne ajut\u0103 s\u0103 cre\u0103m con\u021binut. \u00b7 <a href=\"https:\/\/www.getyourguide.com\/ro-ro\/s\/?q=vienna&amp;partner_id=MKZ64IS&amp;utm_medium=online_publisher\" target=\"_blank\" rel=\"sponsored noopener nofollow\">Toate experien\u021bele \u2192<\/a><\/div>\n<\/div>\n<!-- LKM_GYG_CARD end -->\n\n\n\n\n<div class=\"lk-stays-module\">\n<style>\n\/* \u2500\u2500\u2500 RESET PRO GUTENBERG \u2500\u2500\u2500 *\/\n.lk-stays-module * { box-sizing: border-box; margin: 0; padding: 0; }\n\n\/* \u2500\u2500\u2500 WRAPPER \u2500\u2500\u2500 *\/\n.lk-stays-module {\n  font-family: 'DM Sans', Georgia, sans-serif;\n  max-width: 100%;\n  margin: 2.5rem auto;\n  background: linear-gradient(135deg, #fdfaf5 0%, #fcf8f0 100%);\n  border: 1px solid #e8dfd4;\n  border-radius: 16px;\n  overflow: hidden;\n  box-shadow: 0 16px 48px rgba(195, 159, 118, 0.25), 0 4px 12px rgba(0,0,0,0.08);\n}\n\n\/* \u2500\u2500\u2500 HEADER \u2500\u2500\u2500 *\/\n.lk-stays-header {\n  position: relative;\n  padding: 24px 36px 24px;\n  background: linear-gradient(135deg, #c39f76 0%, #d4b188 60%, #c39f76 100%);\n  border-bottom: 1px solid rgba(255,255,255,.15);\n  display: flex;\n  align-items: center;\n  gap: 18px;\n}\n.lk-stays-header::before {\n  content: '';\n  position: absolute;\n  inset: 0;\n  background: url(\"data:image\/svg+xml,%3Csvg width='60' height='60' viewBox='0 0 60 60' xmlns='http:\/\/www.w3.org\/2000\/svg'%3E%3Cg fill='none' fill-rule='evenodd'%3E%3Cg fill='%23ffffff' fill-opacity='0.05'%3E%3Cpath d='M36 34v-4h-2v4h-4v2h4v4h2v-4h4v-2h-4zm0-30V0h-2v4h-4v2h4v4h2V6h4V4h-4zM6 34v-4H4v4H0v2h4v4h2v-4h4v-2H6zM6 4V0H4v4H0v2h4v4h2V6h4V4H6z'\/%3E%3C\/g%3E%3C\/g%3E%3C\/svg%3E\") repeat;\n  pointer-events: none;\n}\n.lk-stays-icon {\n  flex-shrink: 0;\n  width: 68px;\n  height: 68px;\n  border-radius: 14px;\n  background: linear-gradient(135deg, #fff 0%, #f9f6f0 100%);\n  display: flex;\n  align-items: center;\n  justify-content: center;\n  font-size: 26px;\n  box-shadow: 0 4px 12px rgba(0,0,0,0.15);\n}\n.lk-stays-eyebrow {\n  font-size: 10px;\n  font-weight: 500;\n  letter-spacing: 2.5px;\n  text-transform: uppercase;\n  color: rgba(255,255,255,.85);\n  margin: 0 0 5px 0;\n}\n.lk-stays-title {\n  font-family: 'Playfair Display', Georgia, serif;\n  font-size: 24px;\n  font-weight: 700;\n  color: #fff;\n  line-height: 1.2;\n  text-shadow: 0 1px 2px rgba(0,0,0,0.1);\n  margin: 0;\n}\n.lk-stays-subtitle {\n  font-size: 13px;\n  color: rgba(255,255,255,.75);\n  margin: 4px 0 0 0;\n  font-weight: 300;\n}\n\n\/* \u2500\u2500\u2500 CARDS GRID \u2500\u2500\u2500 *\/\n.lk-stays-grid {\n  display: grid;\n  grid-template-columns: 1fr 1fr;\n  gap: 1px;\n  background: rgba(195, 159, 118, 0.12);\n}\n\n\/* \u2500\u2500\u2500 SINGLE CARD \u2500\u2500\u2500 *\/\n.lk-stay-card {\n  background: #ffffff;\n  padding: 26px;\n  display: flex;\n  flex-direction: column;\n  gap: 11px;\n  transition: all 0.3s ease;\n  text-decoration: none;\n  color: inherit;\n  position: relative;\n}\n.lk-stay-card:hover {\n  background: #fffbf5;\n  transform: translateY(-2px);\n  box-shadow: 0 8px 24px rgba(195, 159, 118, 0.18);\n  z-index: 1;\n}\n.lk-stay-card.featured {\n  background: linear-gradient(135deg, #fffdf9 0%, #fff9f0 100%);\n  box-shadow: 0 4px 16px rgba(195, 159, 118, 0.15), inset 0 1px 0 rgba(195, 159, 118, 0.1);\n}\n.lk-stay-card.featured:hover {\n  background: linear-gradient(135deg, #fffbf5 0%, #fff8ed 100%);\n  box-shadow: 0 8px 24px rgba(195, 159, 118, 0.25), inset 0 1px 0 rgba(195, 159, 118, 0.15);\n}\n\n.lk-stay-badge {\n  display: inline-flex;\n  align-items: center;\n  gap: 5px;\n  font-size: 10px;\n  font-weight: 500;\n  letter-spacing: 1.5px;\n  text-transform: uppercase;\n  padding: 5px 11px;\n  border-radius: 20px;\n  width: fit-content;\n}\n.badge-top     { background: linear-gradient(135deg, #c39f76 0%, #d4b188 100%); color: #fff; border: 1px solid #c39f76; font-weight: 600; box-shadow: 0 2px 8px rgba(195,159,118,0.3); }\n.badge-luxury  { background: rgba(195,159,118,.12); color: #c39f76; border: 1px solid rgba(195,159,118,.25); }\n.badge-boutique{ background: rgba(54,133,252,.08); color: #3685fc; border: 1px solid rgba(54,133,252,.2); }\n.badge-nature  { background: rgba(130,190,100,.1); color: #6b9c4a; border: 1px solid rgba(130,190,100,.2); }\n.badge-remote  { background: rgba(195,159,118,.12); color: #a67e50; border: 1px solid rgba(195,159,118,.25); }\n\n.lk-stay-name {\n  font-family: 'Playfair Display', Georgia, serif;\n  font-size: 18px;\n  font-weight: 700;\n  color: #111827;\n  line-height: 1.3;\n}\n.lk-stay-desc {\n  font-size: 13.5px;\n  color: #525252;\n  line-height: 1.65;\n  font-weight: 300;\n  flex: 1;\n}\n\n.lk-stay-meta {\n  display: flex;\n  align-items: center;\n  gap: 12px;\n  flex-wrap: wrap;\n  margin-top: 4px;\n}\n.lk-stay-price {\n  font-size: 13px;\n  color: #6b7280;\n}\n.lk-stay-price strong {\n  color: #c39f76;\n  font-weight: 500;\n}\n.lk-stay-stars {\n  color: #c39f76;\n  font-size: 11px;\n  letter-spacing: 1px;\n}\n\n\/* \u2500\u2500\u2500 CTA BUTTON \u2500\u2500\u2500 *\/\n.lk-stay-cta {\n  display: inline-flex;\n  align-items: center;\n  justify-content: center;\n  gap: 7px;\n  margin-top: 8px;\n  padding: 11px 20px;\n  border-radius: 8px;\n  background: linear-gradient(135deg, #3685fc 0%, #2a6fd9 100%);\n  color: #fff;\n  font-size: 13px;\n  font-weight: 500;\n  text-decoration: none;\n  letter-spacing: .3px;\n  transition: all .2s ease;\n  cursor: pointer;\n  border: none;\n  text-align: center;\n  box-shadow: 0 4px 12px rgba(54, 133, 252, 0.25);\n}\n.lk-stay-cta:hover {\n  background: linear-gradient(135deg, #2a6fd9 0%, #1e5bc4 100%);\n  transform: translateY(-1px);\n  box-shadow: 0 6px 16px rgba(54, 133, 252, 0.35);\n}\n.lk-stay-cta svg { flex-shrink: 0; }\n\n\/* \u2500\u2500\u2500 FOOTER \u2500\u2500\u2500 *\/\n.lk-stays-footer {\n  padding: 18px 36px;\n  background: linear-gradient(to bottom, #fdfaf5 0%, #f9f4ed 100%);\n  border-top: 1px solid rgba(195, 159, 118, 0.15);\n  display: flex;\n  align-items: center;\n  justify-content: space-between;\n  flex-wrap: wrap;\n  gap: 12px;\n}\n.lk-stays-footer-note {\n  font-size: 11.5px;\n  color: #6b7280;\n  font-weight: 300;\n  line-height: 1.5;\n}\n.lk-stays-footer-note a {\n  color: #c39f76;\n  text-decoration: none;\n  font-weight: 400;\n}\n.lk-stays-footer-note a:hover {\n  text-decoration: underline;\n}\n.lk-stays-all-btn {\n  display: inline-flex;\n  align-items: center;\n  gap: 6px;\n  font-size: 12.5px;\n  font-weight: 500;\n  color: #c39f76;\n  text-decoration: none;\n  border: 1px solid rgba(195, 159, 118, 0.35);\n  padding: 8px 18px;\n  border-radius: 8px;\n  transition: all .2s ease;\n}\n.lk-stays-all-btn:hover {\n  background: rgba(195, 159, 118, 0.08);\n  border-color: rgba(195, 159, 118, 0.5);\n}\n\n\/* \u2500\u2500\u2500 RESPONSIVE \u2500\u2500\u2500 *\/\n@media (max-width: 600px) {\n  .lk-stays-grid { grid-template-columns: 1fr; }\n  .lk-stays-header { padding: 24px 20px; }\n  .lk-stays-footer { padding: 16px 20px; }\n  .lk-stay-card { padding: 22px; }\n  .lk-stays-title { font-size: 20px; }\n}\n<\/style>\n\n  <!-- HEADER -->\n  <div class=\"lk-stays-header\">\n    <img decoding=\"async\" src=\"https:\/\/loudavymkrokem.cz\/wp-content\/uploads\/2026\/02\/lukas-a-lucka.jpg\" alt=\"\" style=\"width: 75px; height: 75px; border-radius: 8px; flex-shrink: 0; object-fit: cover; display: block; margin: 4px 0;\" title=\"\">\n    <div class=\"lk-stays-header-text\">\n      <div class=\"lk-stays-eyebrow\">Luk\u00e1\u0161 \u0219i Lucie recomand\u0103<\/div>\n      <div class=\"lk-stays-title\">Unde s\u0103 te cazezi \u00een Viena<\/div>\n      <div class=\"lk-stays-subtitle\">6 caz\u0103ri \u2014 hoteluri wellness \u0219i alte op\u021biuni de cazare<\/div>\n    <\/div>\n  <\/div>\n\n  <!-- CARDS -->\n  <div class=\"lk-stays-grid\">\n\n    <a class=\"lk-stay-card featured\" href=\"https:\/\/www.stay22.com\/allez\/roam?aid=lukaskonecny&#038;campaign=loudavymkrokemcz&#038;campaign=ro&#038;campaign=kde-bydlet-ve-vidni&#038;hotelname=Hotel%20Sacher%20Vienna&#038;address=V%C3%ADde%C5%88%2C%20Rakousko\" target=\"_blank\" rel=\"nofollow noopener\">\n      <span class=\"lk-stay-badge badge-top\">\u2b50 TOP ALEGERE<\/span>\n      <span class=\"lk-stay-badge badge-nature\">\u2b50 Luxury<\/span>\n      <div class=\"lk-stay-name\">Hotel Sacher Vienna<\/div>\n      <div class=\"lk-stay-desc\">Legendarul hotel de cinci stele din 1876, situat direct \u00een fa\u021ba operei, cu lux absolut \u0219i autenticul Sachertorte.<\/div>\n      <div class=\"lk-stay-meta\">\n        <span class=\"lk-stay-stars\">\u2605\u2605\u2605\u2605\u2605<\/span>\n        <span class=\"lk-stay-price\">Verifica\u021bi pre\u021burile<\/span>\n      <\/div>\n      <span class=\"lk-stay-cta\">\n        <svg width=\"14\" height=\"14\" viewBox=\"0 0 24 24\" fill=\"none\" stroke=\"currentColor\" stroke-width=\"2\"><path d=\"M18 13v6a2 2 0 0 1-2 2H5a2 2 0 0 1-2-2V8a2 2 0 0 1 2-2h6\"\/><polyline points=\"15 3 21 3 21 9\"\/><line x1=\"10\" y1=\"14\" x2=\"21\" y2=\"3\"\/><\/svg>\n        Verific\u0103 disponibilitatea\n      <\/span>\n    <\/a>\n\n    <a class=\"lk-stay-card\" href=\"https:\/\/www.stay22.com\/allez\/roam?aid=lukaskonecny&#038;campaign=loudavymkrokemcz&#038;campaign=ro&#038;campaign=kde-bydlet-ve-vidni&#038;hotelname=Hotel%20Imperial&#038;address=V%C3%ADde%C5%88%2C%20Rakousko\" target=\"_blank\" rel=\"nofollow noopener\">\n      <span class=\"lk-stay-badge badge-nature\">\u2b50 Luxury<\/span>\n      <div class=\"lk-stay-name\">Hotel Imperial<\/div>\n      <div class=\"lk-stay-desc\">Fost palat nobiliar pe Ringstra\u00dfe cu coloane de marmur\u0103 \u0219i servicii de majordom personal.<\/div>\n      <div class=\"lk-stay-meta\">\n        <span class=\"lk-stay-stars\">\u2605\u2605\u2605\u2605\u2605<\/span>\n        <span class=\"lk-stay-price\">Verifica\u021bi pre\u021burile<\/span>\n      <\/div>\n      <span class=\"lk-stay-cta\">\n        <svg width=\"14\" height=\"14\" viewBox=\"0 0 24 24\" fill=\"none\" stroke=\"currentColor\" stroke-width=\"2\"><path d=\"M18 13v6a2 2 0 0 1-2 2H5a2 2 0 0 1-2-2V8a2 2 0 0 1 2-2h6\"\/><polyline points=\"15 3 21 3 21 9\"\/><line x1=\"10\" y1=\"14\" x2=\"21\" y2=\"3\"\/><\/svg>\n        Verific\u0103 disponibilitatea\n      <\/span>\n    <\/a>\n\n    <a class=\"lk-stay-card\" href=\"https:\/\/www.stay22.com\/allez\/roam?aid=lukaskonecny&#038;campaign=loudavymkrokemcz&#038;campaign=ro&#038;campaign=kde-bydlet-ve-vidni&#038;hotelname=Park%20Hyatt%20Vienna&#038;address=V%C3%ADde%C5%88%2C%20Rakousko\" target=\"_blank\" rel=\"nofollow noopener\">\n      <span class=\"lk-stay-badge badge-nature\">\u2b50 Luxury<\/span>\n      <div class=\"lk-stay-name\">Park Hyatt Vienna<\/div>\n      <div class=\"lk-stay-desc\">Hotel de lux modern \u00eentr-o fost\u0103 banc\u0103, cu piscin\u0103 \u00een seiful istoric \u0219i spa excelent.<\/div>\n      <div class=\"lk-stay-meta\">\n        <span class=\"lk-stay-stars\">\u2605\u2605\u2605\u2605\u2605<\/span>\n        <span class=\"lk-stay-price\">Verifica\u021bi pre\u021burile<\/span>\n      <\/div>\n      <span class=\"lk-stay-cta\">\n        <svg width=\"14\" height=\"14\" viewBox=\"0 0 24 24\" fill=\"none\" stroke=\"currentColor\" stroke-width=\"2\"><path d=\"M18 13v6a2 2 0 0 1-2 2H5a2 2 0 0 1-2-2V8a2 2 0 0 1 2-2h6\"\/><polyline points=\"15 3 21 3 21 9\"\/><line x1=\"10\" y1=\"14\" x2=\"21\" y2=\"3\"\/><\/svg>\n        Verific\u0103 disponibilitatea\n      <\/span>\n    <\/a>\n\n    <a class=\"lk-stay-card\" href=\"https:\/\/www.stay22.com\/allez\/roam?aid=lukaskonecny&#038;campaign=loudavymkrokemcz&#038;campaign=ro&#038;campaign=kde-bydlet-ve-vidni&#038;hotelname=The%20Ritz-Carlton%20Vienna&#038;address=V%C3%ADde%C5%88%2C%20Rakousko\" target=\"_blank\" rel=\"nofollow noopener\">\n      <span class=\"lk-stay-badge badge-nature\">\u2b50 Luxury<\/span>\n      <div class=\"lk-stay-name\">The Ritz-Carlton Vienna<\/div>\n      <div class=\"lk-stay-desc\">Patru palate istorice pe Schubertring cu bar pe acoperi\u0219 \u0219i vedere panoramic\u0103.<\/div>\n      <div class=\"lk-stay-meta\">\n        <span class=\"lk-stay-stars\">\u2605\u2605\u2605\u2605\u2605<\/span>\n        <span class=\"lk-stay-price\">Verifica\u021bi pre\u021burile<\/span>\n      <\/div>\n      <span class=\"lk-stay-cta\">\n        <svg width=\"14\" height=\"14\" viewBox=\"0 0 24 24\" fill=\"none\" stroke=\"currentColor\" stroke-width=\"2\"><path d=\"M18 13v6a2 2 0 0 1-2 2H5a2 2 0 0 1-2-2V8a2 2 0 0 1 2-2h6\"\/><polyline points=\"15 3 21 3 21 9\"\/><line x1=\"10\" y1=\"14\" x2=\"21\" y2=\"3\"\/><\/svg>\n        Verific\u0103 disponibilitatea\n      <\/span>\n    <\/a>\n\n    <a class=\"lk-stay-card\" href=\"https:\/\/www.stay22.com\/allez\/roam?aid=lukaskonecny&#038;campaign=loudavymkrokemcz&#038;campaign=ro&#038;campaign=kde-bydlet-ve-vidni&#038;hotelname=Hotel%20Bristol&#038;address=V%C3%ADde%C5%88%2C%20Rakousko\" target=\"_blank\" rel=\"nofollow noopener\">\n      <span class=\"lk-stay-badge badge-nature\">\u2b50 Luxury<\/span>\n      <div class=\"lk-stay-name\">Hotel Bristol<\/div>\n      <div class=\"lk-stay-desc\">Cl\u0103dire istoric\u0103 \u00een stil Art Deco, situat\u0103 \u00een fa\u021ba Operei de Stat, cu vedere spre cl\u0103direa operei.<\/div>\n      <div class=\"lk-stay-meta\">\n        <span class=\"lk-stay-stars\">\u2605\u2605\u2605\u2605\u2605<\/span>\n        <span class=\"lk-stay-price\">Verifica\u021bi pre\u021burile<\/span>\n      <\/div>\n      <span class=\"lk-stay-cta\">\n        <svg width=\"14\" height=\"14\" viewBox=\"0 0 24 24\" fill=\"none\" stroke=\"currentColor\" stroke-width=\"2\"><path d=\"M18 13v6a2 2 0 0 1-2 2H5a2 2 0 0 1-2-2V8a2 2 0 0 1 2-2h6\"\/><polyline points=\"15 3 21 3 21 9\"\/><line x1=\"10\" y1=\"14\" x2=\"21\" y2=\"3\"\/><\/svg>\n        Verific\u0103 disponibilitatea\n      <\/span>\n    <\/a>\n\n    <a class=\"lk-stay-card\" href=\"https:\/\/www.stay22.com\/allez\/roam?aid=lukaskonecny&#038;campaign=loudavymkrokemcz&#038;campaign=ro&#038;campaign=kde-bydlet-ve-vidni&#038;hotelname=Rosewood%20Vienna&#038;address=V%C3%ADde%C5%88%2C%20Rakousko\" target=\"_blank\" rel=\"nofollow noopener\">\n      <span class=\"lk-stay-badge badge-nature\">\u2b50 Luxury<\/span>\n      <div class=\"lk-stay-name\">Rosewood Vienna<\/div>\n      <div class=\"lk-stay-desc\">Hotel boutique nou pe Petersplatz cu design modern luminos \u0219i atmosfer\u0103 intim\u0103.<\/div>\n      <div class=\"lk-stay-meta\">\n        <span class=\"lk-stay-stars\">\u2605\u2605\u2605\u2605\u2605<\/span>\n        <span class=\"lk-stay-price\">Verifica\u021bi pre\u021burile<\/span>\n      <\/div>\n      <span class=\"lk-stay-cta\">\n        <svg width=\"14\" height=\"14\" viewBox=\"0 0 24 24\" fill=\"none\" stroke=\"currentColor\" stroke-width=\"2\"><path d=\"M18 13v6a2 2 0 0 1-2 2H5a2 2 0 0 1-2-2V8a2 2 0 0 1 2-2h6\"\/><polyline points=\"15 3 21 3 21 9\"\/><line x1=\"10\" y1=\"14\" x2=\"21\" y2=\"3\"\/><\/svg>\n        Verific\u0103 disponibilitatea\n      <\/span>\n    <\/a>\n\n  <\/div>\n\n  \n<\/div>\n\n\n\n\n<h3 class=\"wp-block-heading\"><span class=\"ez-toc-section\" id=\"14_Hotel_am_Brillantengrund\"><\/span>14. Hotel am Brillantengrund<span class=\"ez-toc-section-end\"><\/span><\/h3>\n\n\n\n<p class=\"wp-block-paragraph\">Chiar \u00een inima boemului cartier Neubau g\u0103se\u0219ti acest hotel absolut unic, cu un frumos <strong>rating de 4,5 din 863 de recenzii<\/strong>, care are sediul, foarte netradi\u021bional, \u00een spa\u021biile \u00eentinse ale unei foste m\u0103n\u0103stiri. \u00cen\u0103untru se ascunde o curte absolut fermec\u0103toare, m\u0103rginit\u0103 de vechi galerii exterioare, care \u00een lunile mai calde serve\u0219te ca o oaz\u0103 de lini\u0219te perfect\u0103.<\/p>\n\n\n\n<figure data-wp-context=\"{&quot;galleryId&quot;:&quot;6a9c3a697e02e&quot;}\" data-wp-interactive=\"core\/gallery\" class=\"wp-block-gallery has-nested-images columns-2 is-cropped wp-block-gallery-is-layout-flex wp-block-gallery-8 is-layout-flex\">\n\n<figure data-wp-context=\"{&quot;imageId&quot;:&quot;6a9c3a697e2a1&quot;}\" data-wp-interactive=\"core\/image\" data-wp-key=\"6a9c3a697e2a1\" class=\"wp-block-image size-large wp-lightbox-container\"><img decoding=\"async\" width=\"1800\" height=\"1193\" data-wp-class--hide=\"state.isContentHidden\" data-wp-class--show=\"state.isContentVisible\" data-wp-init=\"callbacks.setButtonStyles\" data-wp-on--click=\"actions.showLightbox\" data-wp-on--load=\"callbacks.setButtonStyles\" data-wp-on--pointerdown=\"actions.preloadImage\" data-wp-on--pointerenter=\"actions.preloadImageWithDelay\" data-wp-on--pointerleave=\"actions.cancelPreload\" data-wp-on-window--resize=\"callbacks.setButtonStyles\" data-id=\"407052\" src=\"https:\/\/loudavymkrokem.cz\/wp-content\/uploads\/2026\/08\/hotel-am-brillantengrund-3.jpg\" alt=\"Camer\u0103 \u00een Hotelul am Brillantengrund\" class=\"wp-image-407052\" title=\"\" srcset=\"https:\/\/loudavymkrokem.cz\/wp-content\/uploads\/2026\/08\/hotel-am-brillantengrund-3.jpg 1800w, https:\/\/loudavymkrokem.cz\/wp-content\/uploads\/2026\/08\/hotel-am-brillantengrund-3-300x199.jpg 300w, https:\/\/loudavymkrokem.cz\/wp-content\/uploads\/2026\/08\/hotel-am-brillantengrund-3-700x464.jpg 700w, https:\/\/loudavymkrokem.cz\/wp-content\/uploads\/2026\/08\/hotel-am-brillantengrund-3-768x509.jpg 768w, https:\/\/loudavymkrokem.cz\/wp-content\/uploads\/2026\/08\/hotel-am-brillantengrund-3-1536x1018.jpg 1536w, https:\/\/loudavymkrokem.cz\/wp-content\/uploads\/2026\/08\/hotel-am-brillantengrund-3-696x461.jpg 696w, https:\/\/loudavymkrokem.cz\/wp-content\/uploads\/2026\/08\/hotel-am-brillantengrund-3-1392x923.jpg 1392w\" sizes=\"(max-width: 1800px) 100vw, 1800px\" \/><button\n\t\t\tclass=\"lightbox-trigger\"\n\t\t\ttype=\"button\"\n\t\t\taria-haspopup=\"dialog\"\n\t\t\tdata-wp-bind--aria-label=\"state.thisImage.triggerButtonAriaLabel\"\n\t\t\tdata-wp-init=\"callbacks.initTriggerButton\"\n\t\t\tdata-wp-on--click=\"actions.showLightbox\"\n\t\t\tdata-wp-style--right=\"state.thisImage.buttonRight\"\n\t\t\tdata-wp-style--top=\"state.thisImage.buttonTop\"\n\t\t>\n\t\t\t<svg xmlns=\"http:\/\/www.w3.org\/2000\/svg\" width=\"12\" height=\"12\" fill=\"none\" viewBox=\"0 0 12 12\">\n\t\t\t\t<path fill=\"#fff\" d=\"M2 0a2 2 0 0 0-2 2v2h1.5V2a.5.5 0 0 1 .5-.5h2V0H2Zm2 10.5H2a.5.5 0 0 1-.5-.5V8H0v2a2 2 0 0 0 2 2h2v-1.5ZM8 12v-1.5h2a.5.5 0 0 0 .5-.5V8H12v2a2 2 0 0 1-2 2H8Zm2-12a2 2 0 0 1 2 2v2h-1.5V2a.5.5 0 0 0-.5-.5H8V0h2Z\" \/>\n\t\t\t<\/svg>\n\t\t<\/button><figcaption class=\"wp-element-caption\">Foto: Hotel am Brillantengrund \/ site-ul oficial<\/figcaption><\/figure>\n\n<\/figure>\n\n\n\n<p class=\"wp-block-paragraph\">Ceea ce face acest loc at\u00e2t de special \u0219i de \u00eendr\u0103git este <strong>excelentul restaurant filipinez \u0219i muzica live cu regularitate<\/strong>. Concertele \u0219i evenimentele de sear\u0103 de aici atrag nu doar turi\u0219ti curio\u0219i, ci \u0219i mul\u021bi localnici, a\u0219a c\u0103 aici se amestec\u0103 firesc culturile.<\/p>\n\n\n\n<p class=\"wp-block-paragraph\">\u00centregul spa\u021biu tr\u0103ie\u0219te pur \u0219i simplu propria via\u021b\u0103 \u0219i ofer\u0103 ceva ce \u00een hotelurile clasice nu g\u0103se\u0219ti. <strong>Este un loc plin de energie nest\u0103vilit\u0103, creativitate \u0219i o atmosfer\u0103 foarte informal\u0103<\/strong>, unde fiecare oaspete se simte imediat binevenit.<\/p>\n\n\n\n<p class=\"wp-block-paragraph\">\ud83d\udca1 Pont: Aceasta este alegerea absolut ideal\u0103 pentru <strong>c\u0103l\u0103torii care caut\u0103 deliberat o atmosfer\u0103 hipster \u0219i experien\u021be locale netradi\u021bionale<\/strong>. Nu te vei sim\u021bi aici \u021beap\u0103n, ca \u00eentr-un hotel clasic, ci mai degrab\u0103 ca \u00eentr-o vizit\u0103 distractiv\u0103 la ni\u0219te prieteni foarte creativi. <em><a href=\"https:\/\/www.stay22.com\/allez\/roam?aid=lukaskonecny&#038;campaign=loudavymkrokemcz&#038;campaign=kde-bydlet-ve-vidni&#038;hotelname=Hotel%20am%20Brillantengrund&#038;address=V%C3%ADde%C5%88%2C%20Rakousko\" target=\"_blank\" rel=\"nofollow noopener sponsored\">verific\u0103 pre\u021burile \u0219i disponibilitatea<\/a><\/em><\/p>\n\n\n\n<figure data-wp-context=\"{&quot;imageId&quot;:&quot;6a9c3a697e84d&quot;}\" data-wp-interactive=\"core\/image\" data-wp-key=\"6a9c3a697e84d\" class=\"wp-block-image size-full wp-lightbox-container\"><img decoding=\"async\" width=\"1139\" height=\"660\" data-wp-class--hide=\"state.isContentHidden\" data-wp-class--show=\"state.isContentVisible\" data-wp-init=\"callbacks.setButtonStyles\" data-wp-on--click=\"actions.showLightbox\" data-wp-on--load=\"callbacks.setButtonStyles\" data-wp-on--pointerdown=\"actions.preloadImage\" data-wp-on--pointerenter=\"actions.preloadImageWithDelay\" data-wp-on--pointerleave=\"actions.cancelPreload\" data-wp-on-window--resize=\"callbacks.setButtonStyles\" src=\"https:\/\/loudavymkrokem.cz\/wp-content\/uploads\/2026\/08\/25hours-hotel-vienna-at-museumsquartier-1.jpg\" alt=\"Barul de pe acoperi\u0219ul 25hours Hotel de l\u00e2ng\u0103 MuseumsQuartier\" class=\"wp-image-407044\" title=\"\" srcset=\"https:\/\/loudavymkrokem.cz\/wp-content\/uploads\/2026\/08\/25hours-hotel-vienna-at-museumsquartier-1.jpg 1139w, https:\/\/loudavymkrokem.cz\/wp-content\/uploads\/2026\/08\/25hours-hotel-vienna-at-museumsquartier-1-300x174.jpg 300w, https:\/\/loudavymkrokem.cz\/wp-content\/uploads\/2026\/08\/25hours-hotel-vienna-at-museumsquartier-1-700x406.jpg 700w, https:\/\/loudavymkrokem.cz\/wp-content\/uploads\/2026\/08\/25hours-hotel-vienna-at-museumsquartier-1-768x445.jpg 768w, https:\/\/loudavymkrokem.cz\/wp-content\/uploads\/2026\/08\/25hours-hotel-vienna-at-museumsquartier-1-696x403.jpg 696w\" sizes=\"(max-width: 1139px) 100vw, 1139px\" \/><button\n\t\t\tclass=\"lightbox-trigger\"\n\t\t\ttype=\"button\"\n\t\t\taria-haspopup=\"dialog\"\n\t\t\tdata-wp-bind--aria-label=\"state.thisImage.triggerButtonAriaLabel\"\n\t\t\tdata-wp-init=\"callbacks.initTriggerButton\"\n\t\t\tdata-wp-on--click=\"actions.showLightbox\"\n\t\t\tdata-wp-style--right=\"state.thisImage.buttonRight\"\n\t\t\tdata-wp-style--top=\"state.thisImage.buttonTop\"\n\t\t>\n\t\t\t<svg xmlns=\"http:\/\/www.w3.org\/2000\/svg\" width=\"12\" height=\"12\" fill=\"none\" viewBox=\"0 0 12 12\">\n\t\t\t\t<path fill=\"#fff\" d=\"M2 0a2 2 0 0 0-2 2v2h1.5V2a.5.5 0 0 1 .5-.5h2V0H2Zm2 10.5H2a.5.5 0 0 1-.5-.5V8H0v2a2 2 0 0 0 2 2h2v-1.5ZM8 12v-1.5h2a.5.5 0 0 0 .5-.5V8H12v2a2 2 0 0 1-2 2H8Zm2-12a2 2 0 0 1 2 2v2h-1.5V2a.5.5 0 0 0-.5-.5H8V0h2Z\" \/>\n\t\t\t<\/svg>\n\t\t<\/button><figcaption class=\"wp-element-caption\">Foto: 25hours Hotel Vienna \/ site-ul oficial<\/figcaption><\/figure>\n\n\n\n<h3 class=\"wp-block-heading\"><span class=\"ez-toc-section\" id=\"15_25hours_Hotel_Vienna_at_MuseumsQuartier\"><\/span>15. 25hours Hotel Vienna at MuseumsQuartier<span class=\"ez-toc-section-end\"><\/span><\/h3>\n\n\n\n<p class=\"wp-block-paragraph\">Amuzant, colorat \u0219i, la prima vedere, pu\u021bin nebunatic \u2013 exact a\u0219a este acest hotel mare, cu un <strong>rating foarte solid de 4,5 din impresionantele 4.906 recenzii<\/strong>. Interioarele sale sunt complet inspirate de motivul juc\u0103u\u0219 al unui circ de alt\u0103dat\u0103 \u0219i se afl\u0103 \u00een al \u0219aptelea cartier, \u00een imediata apropiere a uria\u0219ului centru cultural MuseumsQuartier.<\/p>\n\n\n\n<figure data-wp-context=\"{&quot;galleryId&quot;:&quot;6a9c3a697ea7e&quot;}\" data-wp-interactive=\"core\/gallery\" class=\"wp-block-gallery has-nested-images columns-2 is-cropped wp-block-gallery-is-layout-flex wp-block-gallery-9 is-layout-flex\">\n\n<figure data-wp-context=\"{&quot;imageId&quot;:&quot;6a9c3a697ed3e&quot;}\" data-wp-interactive=\"core\/image\" data-wp-key=\"6a9c3a697ed3e\" class=\"wp-block-image size-large wp-lightbox-container\"><img decoding=\"async\" width=\"1800\" height=\"1012\" data-wp-class--hide=\"state.isContentHidden\" data-wp-class--show=\"state.isContentVisible\" data-wp-init=\"callbacks.setButtonStyles\" data-wp-on--click=\"actions.showLightbox\" data-wp-on--load=\"callbacks.setButtonStyles\" data-wp-on--pointerdown=\"actions.preloadImage\" data-wp-on--pointerenter=\"actions.preloadImageWithDelay\" data-wp-on--pointerleave=\"actions.cancelPreload\" data-wp-on-window--resize=\"callbacks.setButtonStyles\" data-id=\"407046\" src=\"https:\/\/loudavymkrokem.cz\/wp-content\/uploads\/2026\/08\/25hours-hotel-vienna-at-museumsquartier-2.jpg\" alt=\"Camer\u0103 \u00een stil de circ \u00een 25hours Hotel\" class=\"wp-image-407046\" title=\"\" srcset=\"https:\/\/loudavymkrokem.cz\/wp-content\/uploads\/2026\/08\/25hours-hotel-vienna-at-museumsquartier-2.jpg 1800w, https:\/\/loudavymkrokem.cz\/wp-content\/uploads\/2026\/08\/25hours-hotel-vienna-at-museumsquartier-2-300x169.jpg 300w, https:\/\/loudavymkrokem.cz\/wp-content\/uploads\/2026\/08\/25hours-hotel-vienna-at-museumsquartier-2-700x394.jpg 700w, https:\/\/loudavymkrokem.cz\/wp-content\/uploads\/2026\/08\/25hours-hotel-vienna-at-museumsquartier-2-768x432.jpg 768w, https:\/\/loudavymkrokem.cz\/wp-content\/uploads\/2026\/08\/25hours-hotel-vienna-at-museumsquartier-2-1536x864.jpg 1536w, https:\/\/loudavymkrokem.cz\/wp-content\/uploads\/2026\/08\/25hours-hotel-vienna-at-museumsquartier-2-696x391.jpg 696w, https:\/\/loudavymkrokem.cz\/wp-content\/uploads\/2026\/08\/25hours-hotel-vienna-at-museumsquartier-2-1392x783.jpg 1392w\" sizes=\"(max-width: 1800px) 100vw, 1800px\" \/><button\n\t\t\tclass=\"lightbox-trigger\"\n\t\t\ttype=\"button\"\n\t\t\taria-haspopup=\"dialog\"\n\t\t\tdata-wp-bind--aria-label=\"state.thisImage.triggerButtonAriaLabel\"\n\t\t\tdata-wp-init=\"callbacks.initTriggerButton\"\n\t\t\tdata-wp-on--click=\"actions.showLightbox\"\n\t\t\tdata-wp-style--right=\"state.thisImage.buttonRight\"\n\t\t\tdata-wp-style--top=\"state.thisImage.buttonTop\"\n\t\t>\n\t\t\t<svg xmlns=\"http:\/\/www.w3.org\/2000\/svg\" width=\"12\" height=\"12\" fill=\"none\" viewBox=\"0 0 12 12\">\n\t\t\t\t<path fill=\"#fff\" d=\"M2 0a2 2 0 0 0-2 2v2h1.5V2a.5.5 0 0 1 .5-.5h2V0H2Zm2 10.5H2a.5.5 0 0 1-.5-.5V8H0v2a2 2 0 0 0 2 2h2v-1.5ZM8 12v-1.5h2a.5.5 0 0 0 .5-.5V8H12v2a2 2 0 0 1-2 2H8Zm2-12a2 2 0 0 1 2 2v2h-1.5V2a.5.5 0 0 0-.5-.5H8V0h2Z\" \/>\n\t\t\t<\/svg>\n\t\t<\/button><figcaption class=\"wp-element-caption\">Foto: 25hours Hotel Vienna \/ site-ul oficial<\/figcaption><\/figure>\n\n<\/figure>\n\n\n\n<p class=\"wp-block-paragraph\">\u00cen recenzii, oaspe\u021bii au adorat detaliile amuzante \u0219i nea\u0219teptate din camere, la fel ca \u0219i posibilitatea excelent\u0103 de a \u00eemprumuta gratuit biciclete urbane pentru a explora mai u\u0219or Viena. <strong>Designul de circ se transmite \u00een fiecare detaliu imaginabil<\/strong> \u0219i aici cu siguran\u021b\u0103 nu te vei plictisi.<\/p>\n\n\n\n<p class=\"wp-block-paragraph\">Cel mai mare hit al acestui loc este \u00eens\u0103 <strong>excelentul bar de pe acoperi\u0219, Dachboden<\/strong>, din care se deschide o superb\u0103 priveli\u0219te peste tot ora\u0219ul de sear\u0103 \u0219i unde se str\u00e2nge cu regularitate tineretul vienez stilat la un pahar.<\/p>\n\n\n\n<p class=\"wp-block-paragraph\">\ud83d\udca1 Pont: Cazeaz\u0103-te aici cu con\u0219tiin\u021ba curat\u0103 dac\u0103 te-au plictisit deja lan\u021burile hoteliere gri clasice \u0219i <strong>e\u0219ti \u00een c\u0103utarea unei caz\u0103ri moderne, cu o doz\u0103 mare de umor \u0219i design vizual original<\/strong>. \u00cen plus, loca\u021bia este absolut ideal\u0103 pentru explorarea ora\u0219ului. <em><a href=\"https:\/\/www.stay22.com\/allez\/roam?aid=lukaskonecny&#038;campaign=loudavymkrokemcz&#038;campaign=kde-bydlet-ve-vidni&#038;hotelname=25hours%20Hotel%20Vienna%20at%20MuseumsQuartier&#038;address=V%C3%ADde%C5%88%2C%20Rakousko\" target=\"_blank\" rel=\"nofollow noopener sponsored\">verific\u0103 pre\u021burile \u0219i disponibilitatea<\/a><\/em><\/p>\n\n\n\n<figure data-wp-context=\"{&quot;imageId&quot;:&quot;6a9c3a697f41e&quot;}\" data-wp-interactive=\"core\/image\" data-wp-key=\"6a9c3a697f41e\" class=\"wp-block-image size-full wp-lightbox-container\"><img decoding=\"async\" width=\"1024\" height=\"768\" data-wp-class--hide=\"state.isContentHidden\" data-wp-class--show=\"state.isContentVisible\" data-wp-init=\"callbacks.setButtonStyles\" data-wp-on--click=\"actions.showLightbox\" data-wp-on--load=\"callbacks.setButtonStyles\" data-wp-on--pointerdown=\"actions.preloadImage\" data-wp-on--pointerenter=\"actions.preloadImageWithDelay\" data-wp-on--pointerleave=\"actions.cancelPreload\" data-wp-on-window--resize=\"callbacks.setButtonStyles\" src=\"https:\/\/loudavymkrokem.cz\/wp-content\/uploads\/2026\/08\/hotel-am-konzerthaus-pobl-v-de-sk-ho-konzertha.jpg\" alt=\"Hotel Am Konzerthaus \u00een apropierea Konzerthaus vienez\" class=\"wp-image-407137\" title=\"\" srcset=\"https:\/\/loudavymkrokem.cz\/wp-content\/uploads\/2026\/08\/hotel-am-konzerthaus-pobl-v-de-sk-ho-konzertha.jpg 1024w, https:\/\/loudavymkrokem.cz\/wp-content\/uploads\/2026\/08\/hotel-am-konzerthaus-pobl-v-de-sk-ho-konzertha-300x225.jpg 300w, https:\/\/loudavymkrokem.cz\/wp-content\/uploads\/2026\/08\/hotel-am-konzerthaus-pobl-v-de-sk-ho-konzertha-700x525.jpg 700w, https:\/\/loudavymkrokem.cz\/wp-content\/uploads\/2026\/08\/hotel-am-konzerthaus-pobl-v-de-sk-ho-konzertha-768x576.jpg 768w, https:\/\/loudavymkrokem.cz\/wp-content\/uploads\/2026\/08\/hotel-am-konzerthaus-pobl-v-de-sk-ho-konzertha-80x60.jpg 80w, https:\/\/loudavymkrokem.cz\/wp-content\/uploads\/2026\/08\/hotel-am-konzerthaus-pobl-v-de-sk-ho-konzertha-160x120.jpg 160w, https:\/\/loudavymkrokem.cz\/wp-content\/uploads\/2026\/08\/hotel-am-konzerthaus-pobl-v-de-sk-ho-konzertha-696x522.jpg 696w\" sizes=\"(max-width: 1024px) 100vw, 1024px\" \/><button\n\t\t\tclass=\"lightbox-trigger\"\n\t\t\ttype=\"button\"\n\t\t\taria-haspopup=\"dialog\"\n\t\t\tdata-wp-bind--aria-label=\"state.thisImage.triggerButtonAriaLabel\"\n\t\t\tdata-wp-init=\"callbacks.initTriggerButton\"\n\t\t\tdata-wp-on--click=\"actions.showLightbox\"\n\t\t\tdata-wp-style--right=\"state.thisImage.buttonRight\"\n\t\t\tdata-wp-style--top=\"state.thisImage.buttonTop\"\n\t\t>\n\t\t\t<svg xmlns=\"http:\/\/www.w3.org\/2000\/svg\" width=\"12\" height=\"12\" fill=\"none\" viewBox=\"0 0 12 12\">\n\t\t\t\t<path fill=\"#fff\" d=\"M2 0a2 2 0 0 0-2 2v2h1.5V2a.5.5 0 0 1 .5-.5h2V0H2Zm2 10.5H2a.5.5 0 0 1-.5-.5V8H0v2a2 2 0 0 0 2 2h2v-1.5ZM8 12v-1.5h2a.5.5 0 0 0 .5-.5V8H12v2a2 2 0 0 1-2 2H8Zm2-12a2 2 0 0 1 2 2v2h-1.5V2a.5.5 0 0 0-.5-.5H8V0h2Z\" \/>\n\t\t\t<\/svg>\n\t\t<\/button><figcaption class=\"wp-element-caption\">Foto: Hotel Am Konzerthaus &#8211; MGallery Collection \/ Google Maps<\/figcaption><\/figure>\n\n\n\n<h3 class=\"wp-block-heading\"><span class=\"ez-toc-section\" id=\"16_Hotel_Am_Konzerthaus_%E2%80%94_MGallery\"><\/span>16. Hotel Am Konzerthaus \u2014 MGallery<span class=\"ez-toc-section-end\"><\/span><\/h3>\n\n\n\n<p class=\"wp-block-paragraph\">Acest hotel foarte elegant, cu un frumos <strong>rating de 4,5 din 2.396 de recenzii<\/strong>, se afl\u0103 la doar o mic\u0103 distan\u021b\u0103 de faimosul palat Belvedere \u0219i se \u00eenvecineaz\u0103 direct cu cunoscuta sal\u0103 de concerte Konzerthaus. Interioarele de aici sunt puternic inspirate de perioada Art Nouveau \u0219i de operele celebre ale pictorului Gustav Klimt, ceea ce confer\u0103 \u00eentregului hotel o atmosfer\u0103 foarte sofisticat\u0103 \u0219i artistic\u0103.<\/p>\n\n\n\n<p class=\"wp-block-paragraph\">\u00cen recenziile pozitive, oaspe\u021bii men\u021bioneaz\u0103 foarte des <strong>paturile surprinz\u0103tor de confortabile, cur\u0103\u021benia de v\u00e2rf a tuturor spa\u021biilor \u0219i mic dejunul foarte variat<\/strong>, care mul\u021bume\u0219te cu siguran\u021b\u0103 orice gurmand preten\u021bios. Accentul se pune aici pe elegan\u021ba clasic\u0103, f\u0103r\u0103 extravagan\u021be inutile.<\/p>\n\n\n\n<p class=\"wp-block-paragraph\">Pozi\u021bia \u00een al treilea cartier le garanteaz\u0103 oaspe\u021bilor o lini\u0219te suficient\u0103 noaptea. <strong>Centrul istoric este \u00eens\u0103 de aici \u00eenc\u0103 foarte u\u0219or accesibil pe jos<\/strong> sau cu o scurt\u0103 c\u0103l\u0103torie cu tramvaiul, a\u0219a c\u0103 nu vei pierde nicio atrac\u021bie principal\u0103.<\/p>\n\n\n\n<p class=\"wp-block-paragraph\">\ud83d\udca1 Pont: Aceasta este o alegere cu adev\u0103rat excelent\u0103 pentru c\u0103l\u0103torii care prefer\u0103 <strong>un stil de cazare mai clasic, cu o clar\u0103 nuan\u021b\u0103 artistic\u0103<\/strong>, \u0219i apreciaz\u0103 totodat\u0103 foarte mult o zon\u0103 mai lini\u0219tit\u0103, cu o accesibilitate excelent\u0103 la monumentele culturale. <em><a href=\"https:\/\/www.stay22.com\/allez\/roam?aid=lukaskonecny&#038;campaign=loudavymkrokemcz&#038;campaign=kde-bydlet-ve-vidni&#038;hotelname=Hotel%20Am%20Konzerthaus&#038;address=V%C3%ADde%C5%88%2C%20Rakousko\" target=\"_blank\" rel=\"nofollow noopener sponsored\">verific\u0103 pre\u021burile \u0219i disponibilitatea<\/a><\/em><\/p>\n\n\n\n<figure data-wp-context=\"{&quot;imageId&quot;:&quot;6a9c3a697ff3d&quot;}\" data-wp-interactive=\"core\/image\" data-wp-key=\"6a9c3a697ff3d\" class=\"wp-block-image size-full wp-lightbox-container\"><img decoding=\"async\" width=\"1800\" height=\"937\" data-wp-class--hide=\"state.isContentHidden\" data-wp-class--show=\"state.isContentVisible\" data-wp-init=\"callbacks.setButtonStyles\" data-wp-on--click=\"actions.showLightbox\" data-wp-on--load=\"callbacks.setButtonStyles\" data-wp-on--pointerdown=\"actions.preloadImage\" data-wp-on--pointerenter=\"actions.preloadImageWithDelay\" data-wp-on--pointerleave=\"actions.cancelPreload\" data-wp-on-window--resize=\"callbacks.setButtonStyles\" src=\"https:\/\/loudavymkrokem.cz\/wp-content\/uploads\/2026\/08\/hotel-gilbert-3.jpg\" alt=\"Camer\u0103 \u00een Hotelul Gilbert\" class=\"wp-image-407038\" title=\"\" srcset=\"https:\/\/loudavymkrokem.cz\/wp-content\/uploads\/2026\/08\/hotel-gilbert-3.jpg 1800w, https:\/\/loudavymkrokem.cz\/wp-content\/uploads\/2026\/08\/hotel-gilbert-3-300x156.jpg 300w, https:\/\/loudavymkrokem.cz\/wp-content\/uploads\/2026\/08\/hotel-gilbert-3-700x364.jpg 700w, https:\/\/loudavymkrokem.cz\/wp-content\/uploads\/2026\/08\/hotel-gilbert-3-768x400.jpg 768w, https:\/\/loudavymkrokem.cz\/wp-content\/uploads\/2026\/08\/hotel-gilbert-3-1536x800.jpg 1536w, https:\/\/loudavymkrokem.cz\/wp-content\/uploads\/2026\/08\/hotel-gilbert-3-696x362.jpg 696w, https:\/\/loudavymkrokem.cz\/wp-content\/uploads\/2026\/08\/hotel-gilbert-3-1392x725.jpg 1392w\" sizes=\"(max-width: 1800px) 100vw, 1800px\" \/><button\n\t\t\tclass=\"lightbox-trigger\"\n\t\t\ttype=\"button\"\n\t\t\taria-haspopup=\"dialog\"\n\t\t\tdata-wp-bind--aria-label=\"state.thisImage.triggerButtonAriaLabel\"\n\t\t\tdata-wp-init=\"callbacks.initTriggerButton\"\n\t\t\tdata-wp-on--click=\"actions.showLightbox\"\n\t\t\tdata-wp-style--right=\"state.thisImage.buttonRight\"\n\t\t\tdata-wp-style--top=\"state.thisImage.buttonTop\"\n\t\t>\n\t\t\t<svg xmlns=\"http:\/\/www.w3.org\/2000\/svg\" width=\"12\" height=\"12\" fill=\"none\" viewBox=\"0 0 12 12\">\n\t\t\t\t<path fill=\"#fff\" d=\"M2 0a2 2 0 0 0-2 2v2h1.5V2a.5.5 0 0 1 .5-.5h2V0H2Zm2 10.5H2a.5.5 0 0 1-.5-.5V8H0v2a2 2 0 0 0 2 2h2v-1.5ZM8 12v-1.5h2a.5.5 0 0 0 .5-.5V8H12v2a2 2 0 0 1-2 2H8Zm2-12a2 2 0 0 1 2 2v2h-1.5V2a.5.5 0 0 0-.5-.5H8V0h2Z\" \/>\n\t\t\t<\/svg>\n\t\t<\/button><figcaption class=\"wp-element-caption\">Foto: Hotel Gilbert \/ site-ul oficial<\/figcaption><\/figure>\n\n\n\n<h3 class=\"wp-block-heading\"><span class=\"ez-toc-section\" id=\"17_Hotel_Gilbert\"><\/span>17. Hotel Gilbert<span class=\"ez-toc-section-end\"><\/span><\/h3>\n\n\n\n<p class=\"wp-block-paragraph\">Acest hotel modern \u0219i vizual foarte proasp\u0103t, nu departe de MuseumsQuartier, se poate l\u0103uda cu un <strong>rating de 4,5 din 1.073 de recenzii<\/strong>. Semnul lui distinctiv \u0219i atrac\u021bia principal\u0103 este cantitatea imens\u0103 de plante vii, care decoreaz\u0103 bogat exteriorul \u0219i toate spa\u021biile interioare. \u00centregul concept este ferm bazat pe sustenabilitate \u0219i pe leg\u0103tura cu natura.<\/p>\n\n\n\n<figure data-wp-context=\"{&quot;galleryId&quot;:&quot;6a9c3a698023b&quot;}\" data-wp-interactive=\"core\/gallery\" class=\"wp-block-gallery has-nested-images columns-2 is-cropped wp-block-gallery-is-layout-flex wp-block-gallery-10 is-layout-flex\">\n\n<figure data-wp-context=\"{&quot;imageId&quot;:&quot;6a9c3a698064e&quot;}\" data-wp-interactive=\"core\/image\" data-wp-key=\"6a9c3a698064e\" class=\"wp-block-image size-large wp-lightbox-container\"><img decoding=\"async\" width=\"1800\" height=\"937\" data-wp-class--hide=\"state.isContentHidden\" data-wp-class--show=\"state.isContentVisible\" data-wp-init=\"callbacks.setButtonStyles\" data-wp-on--click=\"actions.showLightbox\" data-wp-on--load=\"callbacks.setButtonStyles\" data-wp-on--pointerdown=\"actions.preloadImage\" data-wp-on--pointerenter=\"actions.preloadImageWithDelay\" data-wp-on--pointerleave=\"actions.cancelPreload\" data-wp-on-window--resize=\"callbacks.setButtonStyles\" data-id=\"407041\" src=\"https:\/\/loudavymkrokem.cz\/wp-content\/uploads\/2026\/08\/hotel-gilbert-4.jpg\" alt=\"Interiorul Hotelului Gilbert\" class=\"wp-image-407041\" title=\"\" srcset=\"https:\/\/loudavymkrokem.cz\/wp-content\/uploads\/2026\/08\/hotel-gilbert-4.jpg 1800w, https:\/\/loudavymkrokem.cz\/wp-content\/uploads\/2026\/08\/hotel-gilbert-4-300x156.jpg 300w, https:\/\/loudavymkrokem.cz\/wp-content\/uploads\/2026\/08\/hotel-gilbert-4-700x364.jpg 700w, https:\/\/loudavymkrokem.cz\/wp-content\/uploads\/2026\/08\/hotel-gilbert-4-768x400.jpg 768w, https:\/\/loudavymkrokem.cz\/wp-content\/uploads\/2026\/08\/hotel-gilbert-4-1536x800.jpg 1536w, https:\/\/loudavymkrokem.cz\/wp-content\/uploads\/2026\/08\/hotel-gilbert-4-696x362.jpg 696w, https:\/\/loudavymkrokem.cz\/wp-content\/uploads\/2026\/08\/hotel-gilbert-4-1392x725.jpg 1392w\" sizes=\"(max-width: 1800px) 100vw, 1800px\" \/><button\n\t\t\tclass=\"lightbox-trigger\"\n\t\t\ttype=\"button\"\n\t\t\taria-haspopup=\"dialog\"\n\t\t\tdata-wp-bind--aria-label=\"state.thisImage.triggerButtonAriaLabel\"\n\t\t\tdata-wp-init=\"callbacks.initTriggerButton\"\n\t\t\tdata-wp-on--click=\"actions.showLightbox\"\n\t\t\tdata-wp-style--right=\"state.thisImage.buttonRight\"\n\t\t\tdata-wp-style--top=\"state.thisImage.buttonTop\"\n\t\t>\n\t\t\t<svg xmlns=\"http:\/\/www.w3.org\/2000\/svg\" width=\"12\" height=\"12\" fill=\"none\" viewBox=\"0 0 12 12\">\n\t\t\t\t<path fill=\"#fff\" d=\"M2 0a2 2 0 0 0-2 2v2h1.5V2a.5.5 0 0 1 .5-.5h2V0H2Zm2 10.5H2a.5.5 0 0 1-.5-.5V8H0v2a2 2 0 0 0 2 2h2v-1.5ZM8 12v-1.5h2a.5.5 0 0 0 .5-.5V8H12v2a2 2 0 0 1-2 2H8Zm2-12a2 2 0 0 1 2 2v2h-1.5V2a.5.5 0 0 0-.5-.5H8V0h2Z\" \/>\n\t\t\t<\/svg>\n\t\t<\/button><figcaption class=\"wp-element-caption\">Foto: Hotel Gilbert \/ site-ul oficial<\/figcaption><\/figure>\n\n<\/figure>\n\n\n\n<p class=\"wp-block-paragraph\">\u00cen numeroasele recenzii, oaspe\u021bii laud\u0103 camerele mobilate modern \u0219i func\u021bional, \u00een stil scandinav curat. <strong>Excelenta cafenea de la parter serve\u0219te ca un loc minunat pentru un start de diminea\u021b\u0103 \u00eentr-o nou\u0103 zi<\/strong> \u0219i ofer\u0103 o cafea de specialitate excelent\u0103.<\/p>\n\n\n\n<p class=\"wp-block-paragraph\">O laud\u0103 uria\u0219\u0103 prime\u0219te \u0219i <strong>personalul foarte prietenos \u0219i t\u00e2n\u0103r, care ajut\u0103 la crearea unei atmosfere relaxate \u0219i absolut informale<\/strong> pe tot parcursul sejurului. Nimeni nu se preface aici inutil, iar atmosfera este uimitor de destins\u0103.<\/p>\n\n\n\n<p class=\"wp-block-paragraph\">\ud83d\udca1 Pont: Acest hotel verde este parc\u0103 creat pentru to\u021bi cei care iubesc sincer <strong>designul minimalist curat, verdea\u021ba vie \u0219i vor s\u0103 stea \u00eentr-un cartier modern, plin de localuri excelente<\/strong>, f\u0103r\u0103 a fi nevoi\u021bi s\u0103 pl\u0103teasc\u0103 pre\u021burile premium ale primului cartier. <em><a href=\"https:\/\/www.stay22.com\/allez\/roam?aid=lukaskonecny&#038;campaign=loudavymkrokemcz&#038;campaign=kde-bydlet-ve-vidni&#038;hotelname=Hotel%20Gilbert&#038;address=V%C3%ADde%C5%88%2C%20Rakousko\" target=\"_blank\" rel=\"nofollow noopener sponsored\">verific\u0103 pre\u021burile \u0219i disponibilitatea<\/a><\/em><\/p>\n\n\n\n<figure data-wp-context=\"{&quot;imageId&quot;:&quot;6a9c3a6980f22&quot;}\" data-wp-interactive=\"core\/image\" data-wp-key=\"6a9c3a6980f22\" class=\"wp-block-image size-full wp-lightbox-container\"><img decoding=\"async\" width=\"1650\" height=\"1000\" data-wp-class--hide=\"state.isContentHidden\" data-wp-class--show=\"state.isContentVisible\" data-wp-init=\"callbacks.setButtonStyles\" data-wp-on--click=\"actions.showLightbox\" data-wp-on--load=\"callbacks.setButtonStyles\" data-wp-on--pointerdown=\"actions.preloadImage\" data-wp-on--pointerenter=\"actions.preloadImageWithDelay\" data-wp-on--pointerleave=\"actions.cancelPreload\" data-wp-on-window--resize=\"callbacks.setButtonStyles\" src=\"https:\/\/loudavymkrokem.cz\/wp-content\/uploads\/2026\/08\/hotel-schani-1.jpg\" alt=\"Lobby-ul Hotelului Schani de l\u00e2ng\u0103 Gara Principal\u0103\" class=\"wp-image-407035\" title=\"\" srcset=\"https:\/\/loudavymkrokem.cz\/wp-content\/uploads\/2026\/08\/hotel-schani-1.jpg 1650w, https:\/\/loudavymkrokem.cz\/wp-content\/uploads\/2026\/08\/hotel-schani-1-300x182.jpg 300w, https:\/\/loudavymkrokem.cz\/wp-content\/uploads\/2026\/08\/hotel-schani-1-700x424.jpg 700w, https:\/\/loudavymkrokem.cz\/wp-content\/uploads\/2026\/08\/hotel-schani-1-768x465.jpg 768w, https:\/\/loudavymkrokem.cz\/wp-content\/uploads\/2026\/08\/hotel-schani-1-1536x931.jpg 1536w, https:\/\/loudavymkrokem.cz\/wp-content\/uploads\/2026\/08\/hotel-schani-1-696x422.jpg 696w, https:\/\/loudavymkrokem.cz\/wp-content\/uploads\/2026\/08\/hotel-schani-1-1392x844.jpg 1392w\" sizes=\"(max-width: 1650px) 100vw, 1650px\" \/><button\n\t\t\tclass=\"lightbox-trigger\"\n\t\t\ttype=\"button\"\n\t\t\taria-haspopup=\"dialog\"\n\t\t\tdata-wp-bind--aria-label=\"state.thisImage.triggerButtonAriaLabel\"\n\t\t\tdata-wp-init=\"callbacks.initTriggerButton\"\n\t\t\tdata-wp-on--click=\"actions.showLightbox\"\n\t\t\tdata-wp-style--right=\"state.thisImage.buttonRight\"\n\t\t\tdata-wp-style--top=\"state.thisImage.buttonTop\"\n\t\t>\n\t\t\t<svg xmlns=\"http:\/\/www.w3.org\/2000\/svg\" width=\"12\" height=\"12\" fill=\"none\" viewBox=\"0 0 12 12\">\n\t\t\t\t<path fill=\"#fff\" d=\"M2 0a2 2 0 0 0-2 2v2h1.5V2a.5.5 0 0 1 .5-.5h2V0H2Zm2 10.5H2a.5.5 0 0 1-.5-.5V8H0v2a2 2 0 0 0 2 2h2v-1.5ZM8 12v-1.5h2a.5.5 0 0 0 .5-.5V8H12v2a2 2 0 0 1-2 2H8Zm2-12a2 2 0 0 1 2 2v2h-1.5V2a.5.5 0 0 0-.5-.5H8V0h2Z\" \/>\n\t\t\t<\/svg>\n\t\t<\/button><figcaption class=\"wp-element-caption\">Foto: Hotel Schani \/ site-ul oficial<\/figcaption><\/figure>\n\n\n\n<h3 class=\"wp-block-heading\"><span class=\"ez-toc-section\" id=\"18_Hotel_Schani\"><\/span>18. Hotel Schani<span class=\"ez-toc-section-end\"><\/span><\/h3>\n\n\n\n<p class=\"wp-block-paragraph\">Dac\u0103 ajungi comod \u00een Viena cu trenul, acest hotel inteligent, cu un <strong>rating de 4,5 din 1.690 de recenzii<\/strong>, se afl\u0103 chiar l\u00e2ng\u0103 Gara Principal\u0103 (Hauptbahnhof) \u0219i reprezint\u0103 o cazare foarte avansat\u0103 tehnologic. \u00centregul proces greoi, de la check-inul ini\u021bial p\u00e2n\u0103 la deschiderea camerei, \u00eel po\u021bi face pur \u0219i simplu prin aplica\u021bia de pe telefonul t\u0103u inteligent.<\/p>\n\n\n\n<p class=\"wp-block-paragraph\">\u00cen recenzii, c\u0103l\u0103torii apreciaz\u0103 mult <strong>zonele de lucru inteligent g\u00e2ndite \u0219i confortabile din lobby-ul spa\u021bios<\/strong>, care fac din hotel un loc excelent pentru nomazii digitali. Camerele moderne sunt, e drept, mai mici, dar \u00een schimb perfect \u0219i foarte logic organizate.<\/p>\n\n\n\n<p class=\"wp-block-paragraph\">Un plus uria\u0219 este, desigur, <strong>excelenta accesibilitate a transportului<\/strong>, pentru c\u0103 gara al\u0103turat\u0103 este totodat\u0103 nodul principal de metrou \u0219i tramvaie. Din acest punct de plecare ajungi fulger\u0103tor literalmente oriunde \u00een tot ora\u0219ul.<\/p>\n\n\n\n<p class=\"wp-block-paragraph\">\ud83d\udca1 Pont: \u00ce\u021bi recomand cu siguran\u021b\u0103 s\u0103 \u00eencerci acest hotel pentru <strong>c\u0103l\u0103torii de afaceri sau sejururi scurte de weekend, c\u00e2nd c\u0103l\u0103tore\u0219ti cu trenul<\/strong> \u0219i nu vrei s\u0103 pierzi timp pre\u021bios cu mutatul bagajelor grele prin tot ora\u0219ul. Gara este chiar vizavi, iar tu te po\u021bi caza imediat dup\u0103 sosire \u0219i porni la descoperirea frumuse\u021bilor metropolei austriece. <em><a href=\"https:\/\/www.stay22.com\/allez\/roam?aid=lukaskonecny&#038;campaign=loudavymkrokemcz&#038;campaign=kde-bydlet-ve-vidni&#038;hotelname=Hotel%20Schani&#038;address=V%C3%ADde%C5%88%2C%20Rakousko\" target=\"_blank\" rel=\"nofollow noopener sponsored\">verific\u0103 pre\u021burile \u0219i disponibilitatea<\/a><\/em><\/p>\n\n\n\n<figure data-wp-context=\"{&quot;imageId&quot;:&quot;6a9c3a6981669&quot;}\" data-wp-interactive=\"core\/image\" data-wp-key=\"6a9c3a6981669\" class=\"wp-block-image size-full wp-lightbox-container\"><img decoding=\"async\" width=\"1600\" height=\"1067\" data-wp-class--hide=\"state.isContentHidden\" data-wp-class--show=\"state.isContentVisible\" data-wp-init=\"callbacks.setButtonStyles\" data-wp-on--click=\"actions.showLightbox\" data-wp-on--load=\"callbacks.setButtonStyles\" data-wp-on--pointerdown=\"actions.preloadImage\" data-wp-on--pointerenter=\"actions.preloadImageWithDelay\" data-wp-on--pointerleave=\"actions.cancelPreload\" data-wp-on-window--resize=\"callbacks.setButtonStyles\" src=\"https:\/\/loudavymkrokem.cz\/wp-content\/uploads\/2026\/08\/ruby-marie-hotel-u-mariahilfer-stra-e.jpg\" alt=\"Ruby Marie Hotel de l\u00e2ng\u0103 Mariahilfer Stra\u00dfe\" class=\"wp-image-407134\" title=\"\" srcset=\"https:\/\/loudavymkrokem.cz\/wp-content\/uploads\/2026\/08\/ruby-marie-hotel-u-mariahilfer-stra-e.jpg 1600w, https:\/\/loudavymkrokem.cz\/wp-content\/uploads\/2026\/08\/ruby-marie-hotel-u-mariahilfer-stra-e-300x200.jpg 300w, https:\/\/loudavymkrokem.cz\/wp-content\/uploads\/2026\/08\/ruby-marie-hotel-u-mariahilfer-stra-e-700x467.jpg 700w, https:\/\/loudavymkrokem.cz\/wp-content\/uploads\/2026\/08\/ruby-marie-hotel-u-mariahilfer-stra-e-768x512.jpg 768w, https:\/\/loudavymkrokem.cz\/wp-content\/uploads\/2026\/08\/ruby-marie-hotel-u-mariahilfer-stra-e-1536x1024.jpg 1536w, https:\/\/loudavymkrokem.cz\/wp-content\/uploads\/2026\/08\/ruby-marie-hotel-u-mariahilfer-stra-e-696x464.jpg 696w, https:\/\/loudavymkrokem.cz\/wp-content\/uploads\/2026\/08\/ruby-marie-hotel-u-mariahilfer-stra-e-1392x928.jpg 1392w\" sizes=\"(max-width: 1600px) 100vw, 1600px\" \/><button\n\t\t\tclass=\"lightbox-trigger\"\n\t\t\ttype=\"button\"\n\t\t\taria-haspopup=\"dialog\"\n\t\t\tdata-wp-bind--aria-label=\"state.thisImage.triggerButtonAriaLabel\"\n\t\t\tdata-wp-init=\"callbacks.initTriggerButton\"\n\t\t\tdata-wp-on--click=\"actions.showLightbox\"\n\t\t\tdata-wp-style--right=\"state.thisImage.buttonRight\"\n\t\t\tdata-wp-style--top=\"state.thisImage.buttonTop\"\n\t\t>\n\t\t\t<svg xmlns=\"http:\/\/www.w3.org\/2000\/svg\" width=\"12\" height=\"12\" fill=\"none\" viewBox=\"0 0 12 12\">\n\t\t\t\t<path fill=\"#fff\" d=\"M2 0a2 2 0 0 0-2 2v2h1.5V2a.5.5 0 0 1 .5-.5h2V0H2Zm2 10.5H2a.5.5 0 0 1-.5-.5V8H0v2a2 2 0 0 0 2 2h2v-1.5ZM8 12v-1.5h2a.5.5 0 0 0 .5-.5V8H12v2a2 2 0 0 1-2 2H8Zm2-12a2 2 0 0 1 2 2v2h-1.5V2a.5.5 0 0 0-.5-.5H8V0h2Z\" \/>\n\t\t\t<\/svg>\n\t\t<\/button><figcaption class=\"wp-element-caption\">Foto: Ruby Marie Hotel Vienna by IHG \/ Google Maps<\/figcaption><\/figure>\n\n\n\n<h3 class=\"wp-block-heading\"><span class=\"ez-toc-section\" id=\"19_Ruby_Marie_Hotel_Vienna\"><\/span>19. Ruby Marie Hotel Vienna<span class=\"ez-toc-section-end\"><\/span><\/h3>\n\n\n\n<p class=\"wp-block-paragraph\">Acest hotel uria\u0219 \u0219i extrem de popular se afl\u0103 chiar pe renumita strad\u0103 comercial\u0103 Mariahilfer Stra\u00dfe \u0219i are un <strong>rating absolut excelent de 4,6 din 3.579 de recenzii<\/strong>. \u00centregul concept al foarte reu\u0219itei m\u0103rci Ruby se bazeaz\u0103 pe ideea interesant\u0103 a a\u0219a-numitului \u201elean luxury&#8221;. \u00cen practic\u0103, asta \u00eenseamn\u0103 c\u0103 pl\u0103te\u0219ti pentru un pat fantastic \u0219i confortabil, un du\u0219 puternic \u0219i o loca\u021bie absolut excelent\u0103, dar nu pl\u0103te\u0219ti pentru niciun serviciu hotelier inutil \u00een plus, pe care oricum nu \u00eel folose\u0219ti.<\/p>\n\n\n\n<p class=\"wp-block-paragraph\">Din multele recenzii disponibile reiese clar entuziasmul uria\u0219 fa\u021b\u0103 de <strong>superba teras\u0103 de pe acoperi\u0219 \u0219i barul stilat, cu program nonstop<\/strong>. Acest bar nu serve\u0219te doar pentru mic dejunurile de diminea\u021b\u0103, ci func\u021bioneaz\u0103 ca un loc absolut excelent pentru o \u0219edere relaxat\u0103 de sear\u0103, cu un cocktail \u00een m\u00e2n\u0103. Camerele moderne sunt, e drept, mai degrab\u0103 mici ca suprafa\u021b\u0103, dar \u00een schimb g\u00e2ndite foarte inteligent \u0219i practic.<\/p>\n\n\n\n<p class=\"wp-block-paragraph\">Datorit\u0103 pozi\u021biei sale \u00een al \u0219aselea cartier, Mariahilf, ai cele mai bune magazine literalmente chiar la u\u0219a de la intrare. <strong>Sta\u021bia de metrou se afl\u0103 la doar c\u00e2\u021biva pa\u0219i de recep\u021bie<\/strong>, a\u0219a c\u0103 dup\u0103 o zi solicitant\u0103 plin\u0103 de shopping nu trebuie s\u0103 te cari cu saco\u0219ele nic\u0103ieri departe.<\/p>\n\n\n\n<p class=\"wp-block-paragraph\">\ud83d\udca1 Pont: Aceasta este o baz\u0103 absolut perfect\u0103 \u0219i strategic\u0103 pentru <strong>iubitorii pasiona\u021bi de shopping \u0219i cuplurile mai tinere<\/strong>, care vor s\u0103 stea \u00eentr-un mediu modern \u0219i foarte animat, cu o accesibilitate excelent\u0103 la tot ce se \u00eent\u00e2mpl\u0103 seara. <em><a href=\"https:\/\/www.stay22.com\/allez\/roam?aid=lukaskonecny&#038;campaign=loudavymkrokemcz&#038;campaign=kde-bydlet-ve-vidni&#038;hotelname=Ruby%20Marie%20Hotel%20Vienna&#038;address=V%C3%ADde%C5%88%2C%20Rakousko\" target=\"_blank\" rel=\"nofollow noopener sponsored\">verific\u0103 pre\u021burile \u0219i disponibilitatea<\/a><\/em><\/p>\n\n\n\n<figure data-wp-context=\"{&quot;imageId&quot;:&quot;6a9c3a6981b6b&quot;}\" data-wp-interactive=\"core\/image\" data-wp-key=\"6a9c3a6981b6b\" class=\"wp-block-image size-full wp-lightbox-container\"><img decoding=\"async\" width=\"1800\" height=\"945\" data-wp-class--hide=\"state.isContentHidden\" data-wp-class--show=\"state.isContentVisible\" data-wp-init=\"callbacks.setButtonStyles\" data-wp-on--click=\"actions.showLightbox\" data-wp-on--load=\"callbacks.setButtonStyles\" data-wp-on--pointerdown=\"actions.preloadImage\" data-wp-on--pointerenter=\"actions.preloadImageWithDelay\" data-wp-on--pointerleave=\"actions.cancelPreload\" data-wp-on-window--resize=\"callbacks.setButtonStyles\" src=\"https:\/\/loudavymkrokem.cz\/wp-content\/uploads\/2026\/08\/hotel-josefshof-am-rathaus-1.jpg\" alt=\"Hotel Josefshof am Rathaus \u00een Josefstadt\" class=\"wp-image-407032\" title=\"\" srcset=\"https:\/\/loudavymkrokem.cz\/wp-content\/uploads\/2026\/08\/hotel-josefshof-am-rathaus-1.jpg 1800w, https:\/\/loudavymkrokem.cz\/wp-content\/uploads\/2026\/08\/hotel-josefshof-am-rathaus-1-300x158.jpg 300w, https:\/\/loudavymkrokem.cz\/wp-content\/uploads\/2026\/08\/hotel-josefshof-am-rathaus-1-700x368.jpg 700w, https:\/\/loudavymkrokem.cz\/wp-content\/uploads\/2026\/08\/hotel-josefshof-am-rathaus-1-768x403.jpg 768w, https:\/\/loudavymkrokem.cz\/wp-content\/uploads\/2026\/08\/hotel-josefshof-am-rathaus-1-1536x806.jpg 1536w, https:\/\/loudavymkrokem.cz\/wp-content\/uploads\/2026\/08\/hotel-josefshof-am-rathaus-1-696x365.jpg 696w, https:\/\/loudavymkrokem.cz\/wp-content\/uploads\/2026\/08\/hotel-josefshof-am-rathaus-1-1392x731.jpg 1392w\" sizes=\"(max-width: 1800px) 100vw, 1800px\" \/><button\n\t\t\tclass=\"lightbox-trigger\"\n\t\t\ttype=\"button\"\n\t\t\taria-haspopup=\"dialog\"\n\t\t\tdata-wp-bind--aria-label=\"state.thisImage.triggerButtonAriaLabel\"\n\t\t\tdata-wp-init=\"callbacks.initTriggerButton\"\n\t\t\tdata-wp-on--click=\"actions.showLightbox\"\n\t\t\tdata-wp-style--right=\"state.thisImage.buttonRight\"\n\t\t\tdata-wp-style--top=\"state.thisImage.buttonTop\"\n\t\t>\n\t\t\t<svg xmlns=\"http:\/\/www.w3.org\/2000\/svg\" width=\"12\" height=\"12\" fill=\"none\" viewBox=\"0 0 12 12\">\n\t\t\t\t<path fill=\"#fff\" d=\"M2 0a2 2 0 0 0-2 2v2h1.5V2a.5.5 0 0 1 .5-.5h2V0H2Zm2 10.5H2a.5.5 0 0 1-.5-.5V8H0v2a2 2 0 0 0 2 2h2v-1.5ZM8 12v-1.5h2a.5.5 0 0 0 .5-.5V8H12v2a2 2 0 0 1-2 2H8Zm2-12a2 2 0 0 1 2 2v2h-1.5V2a.5.5 0 0 0-.5-.5H8V0h2Z\" \/>\n\t\t\t<\/svg>\n\t\t<\/button><figcaption class=\"wp-element-caption\">Foto: Hotel Josefshof am Rathaus \/ site-ul oficial<\/figcaption><\/figure>\n\n\n\n<h3 class=\"wp-block-heading\"><span class=\"ez-toc-section\" id=\"20_Hotel_Josefshof_am_Rathaus\"><\/span>20. Hotel Josefshof am Rathaus<span class=\"ez-toc-section-end\"><\/span><\/h3>\n\n\n\n<p class=\"wp-block-paragraph\">\u00cen frumosul \u0219i incredibil de lini\u0219titul al optulea cartier, Josefstadt, se afl\u0103 acest hotel foarte tradi\u021bional, cu un <strong>rating de 4,5 din 2.310 recenzii<\/strong>. Cl\u0103direa sa \u00eentins\u0103 ofer\u0103 camere frumoase, decorate fie \u00een stilul elegan\u021bei istorice clasice vieneze, fie \u00eentr-un design Art Nouveau foarte proasp\u0103t \u0219i modern. De maiestuoasa prim\u0103rie \u0219i de faimosul teatru Burgtheater te despart doar c\u00e2teva minute de mers foarte pl\u0103cut pe str\u0103zi t\u0103cute.<\/p>\n\n\n\n<p class=\"wp-block-paragraph\">\u00cen recenzii, vizitatorii laud\u0103 cel mai mult dintre toate <strong>superba \u0219i perfect t\u0103cuta curte interioar\u0103, unde vara se servesc cu regularitate mic dejunurile de diminea\u021b\u0103<\/strong>. Un alt beneficiu uria\u0219 este programul foarte generos al excelentului bufet de mic dejun, care func\u021bioneaz\u0103 aici p\u00e2n\u0103 la ora dou\u0103sprezece la pr\u00e2nz, ceea ce vor aprecia cu siguran\u021b\u0103 to\u021bi somnoro\u0219ii obosi\u021bi.<\/p>\n\n\n\n<p class=\"wp-block-paragraph\">Acest cartier este cunoscut pentru micile sale cafenele independente \u0219i pentru ritmul de via\u021b\u0103, \u00een general, foarte lent. <strong>Personalul hotelului este renumit pentru ospitalitatea sa tradi\u021bional\u0103 austriac\u0103<\/strong> \u0219i te va sf\u0103tui mereu cu pl\u0103cere \u00een alegerea unui local lini\u0219tit din zon\u0103 pentru un pahar bun de sear\u0103.<\/p>\n\n\n\n<p class=\"wp-block-paragraph\">\ud83d\udca1 Pont: Cazeaz\u0103-te aici f\u0103r\u0103 ezitare dac\u0103 e\u0219ti \u00een c\u0103utarea <strong>lini\u0219tii absolute \u00eentr-un cartier reziden\u021bial superb, dar vrei totodat\u0103 s\u0103 ai mereu centrul ora\u0219ului la \u00eendem\u00e2n\u0103<\/strong>. Al optulea cartier este pentru aceste scopuri absolut perfect \u0219i foarte autentic. <em><a href=\"https:\/\/www.stay22.com\/allez\/roam?aid=lukaskonecny&#038;campaign=loudavymkrokemcz&#038;campaign=kde-bydlet-ve-vidni&#038;hotelname=Hotel%20Josefshof%20am%20Rathaus&#038;address=V%C3%ADde%C5%88%2C%20Rakousko\" target=\"_blank\" rel=\"nofollow noopener sponsored\">verific\u0103 pre\u021burile \u0219i disponibilitatea<\/a><\/em><\/p>\n\n\n\n<figure data-wp-context=\"{&quot;imageId&quot;:&quot;6a9c3a69820ad&quot;}\" data-wp-interactive=\"core\/image\" data-wp-key=\"6a9c3a69820ad\" class=\"wp-block-image size-full wp-lightbox-container\"><img decoding=\"async\" width=\"1600\" height=\"900\" data-wp-class--hide=\"state.isContentHidden\" data-wp-class--show=\"state.isContentVisible\" data-wp-init=\"callbacks.setButtonStyles\" data-wp-on--click=\"actions.showLightbox\" data-wp-on--load=\"callbacks.setButtonStyles\" data-wp-on--pointerdown=\"actions.preloadImage\" data-wp-on--pointerenter=\"actions.preloadImageWithDelay\" data-wp-on--pointerleave=\"actions.cancelPreload\" data-wp-on-window--resize=\"callbacks.setButtonStyles\" src=\"https:\/\/loudavymkrokem.cz\/wp-content\/uploads\/2026\/08\/hotel-rathauspark-u-v-de-sk-radnice.jpg\" alt=\"Hotel Rathauspark de l\u00e2ng\u0103 prim\u0103ria vienez\u0103\" class=\"wp-image-407130\" title=\"\" srcset=\"https:\/\/loudavymkrokem.cz\/wp-content\/uploads\/2026\/08\/hotel-rathauspark-u-v-de-sk-radnice.jpg 1600w, https:\/\/loudavymkrokem.cz\/wp-content\/uploads\/2026\/08\/hotel-rathauspark-u-v-de-sk-radnice-300x169.jpg 300w, https:\/\/loudavymkrokem.cz\/wp-content\/uploads\/2026\/08\/hotel-rathauspark-u-v-de-sk-radnice-700x394.jpg 700w, https:\/\/loudavymkrokem.cz\/wp-content\/uploads\/2026\/08\/hotel-rathauspark-u-v-de-sk-radnice-768x432.jpg 768w, https:\/\/loudavymkrokem.cz\/wp-content\/uploads\/2026\/08\/hotel-rathauspark-u-v-de-sk-radnice-1536x864.jpg 1536w, https:\/\/loudavymkrokem.cz\/wp-content\/uploads\/2026\/08\/hotel-rathauspark-u-v-de-sk-radnice-696x392.jpg 696w, https:\/\/loudavymkrokem.cz\/wp-content\/uploads\/2026\/08\/hotel-rathauspark-u-v-de-sk-radnice-1392x783.jpg 1392w\" sizes=\"(max-width: 1600px) 100vw, 1600px\" \/><button\n\t\t\tclass=\"lightbox-trigger\"\n\t\t\ttype=\"button\"\n\t\t\taria-haspopup=\"dialog\"\n\t\t\tdata-wp-bind--aria-label=\"state.thisImage.triggerButtonAriaLabel\"\n\t\t\tdata-wp-init=\"callbacks.initTriggerButton\"\n\t\t\tdata-wp-on--click=\"actions.showLightbox\"\n\t\t\tdata-wp-style--right=\"state.thisImage.buttonRight\"\n\t\t\tdata-wp-style--top=\"state.thisImage.buttonTop\"\n\t\t>\n\t\t\t<svg xmlns=\"http:\/\/www.w3.org\/2000\/svg\" width=\"12\" height=\"12\" fill=\"none\" viewBox=\"0 0 12 12\">\n\t\t\t\t<path fill=\"#fff\" d=\"M2 0a2 2 0 0 0-2 2v2h1.5V2a.5.5 0 0 1 .5-.5h2V0H2Zm2 10.5H2a.5.5 0 0 1-.5-.5V8H0v2a2 2 0 0 0 2 2h2v-1.5ZM8 12v-1.5h2a.5.5 0 0 0 .5-.5V8H12v2a2 2 0 0 1-2 2H8Zm2-12a2 2 0 0 1 2 2v2h-1.5V2a.5.5 0 0 0-.5-.5H8V0h2Z\" \/>\n\t\t\t<\/svg>\n\t\t<\/button><figcaption class=\"wp-element-caption\">Foto: Hotel Rathauspark Wien &#8211; Handwritten Collection \/ Google Maps<\/figcaption><\/figure>\n\n\n\n<h3 class=\"wp-block-heading\"><span class=\"ez-toc-section\" id=\"21_Hotel_Rathauspark_Wien_%E2%80%94_Handwritten_Collection\"><\/span>21. Hotel Rathauspark Wien \u2014 Handwritten Collection<span class=\"ez-toc-section-end\"><\/span><\/h3>\n\n\n\n<p class=\"wp-block-paragraph\">Acest hotel de clas\u0103 medie, foarte pl\u0103cut \u0219i de \u00eencredere, cu un frumos <strong>rating de 4,4 din 1.300 de recenzii<\/strong>, are sediul \u00eentr-un palat or\u0103\u0219enesc din secolul al nou\u0103sprezecelea, renovat cu grij\u0103. \u00cel g\u0103se\u0219ti la doar o mic\u0103 distan\u021b\u0103 de maiestuoasa prim\u0103rie \u0219i de cl\u0103direa principal\u0103 a universit\u0103\u021bii vieneze. Toate camerele combin\u0103 cu mult gust elementele istorice originale cu un design absolut modern \u0219i curat.<\/p>\n\n\n\n<p class=\"wp-block-paragraph\">Potrivit multor recenzii independente ale oaspe\u021bilor, cel mai mare atu al acestui hotel este <strong>raportul excelent \u00eentre pre\u021b \u0219i calitate, camerele foarte spa\u021bioase \u0219i atmosfera surprinz\u0103tor de lini\u0219tit\u0103<\/strong>. Aceast\u0103 lini\u0219te este \u00eentr-un contrast puternic \u0219i foarte pl\u0103cut cu forfota necontenit\u0103 a centrului istoric din apropiere, unde te duci \u00een timpul zilei s\u0103 admiri monumentele.<\/p>\n\n\n\n<p class=\"wp-block-paragraph\">Datorit\u0103 apropierii de campusul universitar, vei g\u0103si pe str\u0103zile din jur o mul\u021bime de bistrouri \u0219i cafenele excelente \u0219i accesibile ca pre\u021b, unde vin cu drag studen\u021bii locali. <strong>Leg\u0103turile de tramvai sunt aici absolut exemplare<\/strong>, a\u0219a c\u0103 ajungi u\u0219or la orice atrac\u021bie mai \u00eendep\u0103rtat\u0103.<\/p>\n\n\n\n<p class=\"wp-block-paragraph\">\ud83d\udca1 Pont: Alege acest hotel verificat dac\u0103 e\u0219ti \u00een c\u0103utarea unei <strong>caz\u0103ri solide \u0219i foarte de \u00eencredere \u00eentr-o cl\u0103dire istoric\u0103 frumoas\u0103<\/strong>, din care ajungi foarte comod pe jos la principalele muzee \u0219i monumente de pe faimosul Ring. <em><a href=\"https:\/\/www.stay22.com\/allez\/roam?aid=lukaskonecny&#038;campaign=loudavymkrokemcz&#038;campaign=kde-bydlet-ve-vidni&#038;hotelname=Hotel%20Rathauspark%20Wien&#038;address=V%C3%ADde%C5%88%2C%20Rakousko\" target=\"_blank\" rel=\"nofollow noopener sponsored\">verific\u0103 pre\u021burile \u0219i disponibilitatea<\/a><\/em><\/p>\n\n\n\n<figure data-wp-context=\"{&quot;imageId&quot;:&quot;6a9c3a69826c1&quot;}\" data-wp-interactive=\"core\/image\" data-wp-key=\"6a9c3a69826c1\" class=\"wp-block-image size-full wp-lightbox-container\"><img decoding=\"async\" width=\"1600\" height=\"900\" data-wp-class--hide=\"state.isContentHidden\" data-wp-class--show=\"state.isContentVisible\" data-wp-init=\"callbacks.setButtonStyles\" data-wp-on--click=\"actions.showLightbox\" data-wp-on--load=\"callbacks.setButtonStyles\" data-wp-on--pointerdown=\"actions.preloadImage\" data-wp-on--pointerenter=\"actions.preloadImageWithDelay\" data-wp-on--pointerleave=\"actions.cancelPreload\" data-wp-on-window--resize=\"callbacks.setButtonStyles\" src=\"https:\/\/loudavymkrokem.cz\/wp-content\/uploads\/2026\/08\/ruby-lissi-hotel-pobl-stephansdomu.jpg\" alt=\"Ruby Lissi Hotel \u00een apropierea Stephansdom\" class=\"wp-image-407127\" title=\"\" srcset=\"https:\/\/loudavymkrokem.cz\/wp-content\/uploads\/2026\/08\/ruby-lissi-hotel-pobl-stephansdomu.jpg 1600w, https:\/\/loudavymkrokem.cz\/wp-content\/uploads\/2026\/08\/ruby-lissi-hotel-pobl-stephansdomu-300x169.jpg 300w, https:\/\/loudavymkrokem.cz\/wp-content\/uploads\/2026\/08\/ruby-lissi-hotel-pobl-stephansdomu-700x394.jpg 700w, https:\/\/loudavymkrokem.cz\/wp-content\/uploads\/2026\/08\/ruby-lissi-hotel-pobl-stephansdomu-768x432.jpg 768w, https:\/\/loudavymkrokem.cz\/wp-content\/uploads\/2026\/08\/ruby-lissi-hotel-pobl-stephansdomu-1536x864.jpg 1536w, https:\/\/loudavymkrokem.cz\/wp-content\/uploads\/2026\/08\/ruby-lissi-hotel-pobl-stephansdomu-696x392.jpg 696w, https:\/\/loudavymkrokem.cz\/wp-content\/uploads\/2026\/08\/ruby-lissi-hotel-pobl-stephansdomu-1392x783.jpg 1392w\" sizes=\"(max-width: 1600px) 100vw, 1600px\" \/><button\n\t\t\tclass=\"lightbox-trigger\"\n\t\t\ttype=\"button\"\n\t\t\taria-haspopup=\"dialog\"\n\t\t\tdata-wp-bind--aria-label=\"state.thisImage.triggerButtonAriaLabel\"\n\t\t\tdata-wp-init=\"callbacks.initTriggerButton\"\n\t\t\tdata-wp-on--click=\"actions.showLightbox\"\n\t\t\tdata-wp-style--right=\"state.thisImage.buttonRight\"\n\t\t\tdata-wp-style--top=\"state.thisImage.buttonTop\"\n\t\t>\n\t\t\t<svg xmlns=\"http:\/\/www.w3.org\/2000\/svg\" width=\"12\" height=\"12\" fill=\"none\" viewBox=\"0 0 12 12\">\n\t\t\t\t<path fill=\"#fff\" d=\"M2 0a2 2 0 0 0-2 2v2h1.5V2a.5.5 0 0 1 .5-.5h2V0H2Zm2 10.5H2a.5.5 0 0 1-.5-.5V8H0v2a2 2 0 0 0 2 2h2v-1.5ZM8 12v-1.5h2a.5.5 0 0 0 .5-.5V8H12v2a2 2 0 0 1-2 2H8Zm2-12a2 2 0 0 1 2 2v2h-1.5V2a.5.5 0 0 0-.5-.5H8V0h2Z\" \/>\n\t\t\t<\/svg>\n\t\t<\/button><figcaption class=\"wp-element-caption\">Foto: Ruby Lissi Hotel Vienna by IHG \/ Google Maps<\/figcaption><\/figure>\n\n\n\n<h3 class=\"wp-block-heading\"><span class=\"ez-toc-section\" id=\"22_Ruby_Lissi_Hotel_Vienna\"><\/span>22. Ruby Lissi Hotel Vienna<span class=\"ez-toc-section-end\"><\/span><\/h3>\n\n\n\n<p class=\"wp-block-paragraph\">Acest alt reprezentant \u00eendr\u0103git al popularului concept \u201elean luxury&#8221; se afl\u0103 chiar \u00een primul cartier, nu departe de catedrala Stephansdom, \u0219i \u00ee\u0219i men\u021bine un <strong>rating foarte solid de 4,3 din 1.600 de recenzii<\/strong>. Interioarele de aici sunt foarte puternic inspirate de c\u0103l\u0103toria din secolul al nou\u0103sprezecelea \u0219i de \u00eendr\u0103gita \u00eemp\u0103r\u0103teas\u0103 Sissi, ceea ce confer\u0103 \u00eentregului hotel un caracter cu adev\u0103rat foarte aparte \u0219i de neuitat.<\/p>\n\n\n\n<p class=\"wp-block-paragraph\">Oaspe\u021bii din \u00eentreaga lume apreciaz\u0103 mai ales <strong>fantastica \u0219i absolut incomparabila loca\u021bie chiar \u00een inima istoric\u0103 a ora\u0219ului \u0219i barul stilat, deschis nonstop<\/strong>, unde se servesc, \u00een plus, mic dejunuri s\u0103n\u0103toase \u0219i excelente din ingrediente bio locale. Camerele \u00een sine sunt mobilate foarte func\u021bional \u0219i inteligent, cu un accent uria\u0219 pe calitatea somnului t\u0103u de noapte.<\/p>\n\n\n\n<p class=\"wp-block-paragraph\">De\u0219i unele camere sunt mai mici ca dispunere, \u00een ele g\u0103se\u0219ti absolut tot ce ai nevoie, inclusiv o cosmetic\u0103 excelent\u0103 \u0219i un sistem audio de v\u00e2rf. <strong>Combina\u021bia dintre mo\u0219tenirea istoric\u0103 a \u00eemp\u0103r\u0103tesei \u0219i tehnologiile moderne<\/strong> func\u021bioneaz\u0103 aici, potrivit recenziilor, absolut perfect \u0219i creeaz\u0103 un mediu foarte pl\u0103cut.<\/p>\n\n\n\n<p class=\"wp-block-paragraph\">\ud83d\udca1 Pont: Dac\u0103 vrei cu orice pre\u021b <strong>s\u0103 stai chiar \u00een centrul istoric la un pre\u021b rezonabil \u0219i nu ai neap\u0103rat nevoie de o camer\u0103 uria\u0219\u0103 \u0219i spa\u021bioas\u0103<\/strong>, acest hotel \u00ee\u021bi ofer\u0103 un cadru absolut excelent \u0219i stilat pentru descoperirea zilnic\u0103 a ora\u0219ului. <em><a href=\"https:\/\/www.stay22.com\/allez\/roam?aid=lukaskonecny&#038;campaign=loudavymkrokemcz&#038;campaign=kde-bydlet-ve-vidni&#038;hotelname=Ruby%20Lissi%20Hotel%20Vienna&#038;address=V%C3%ADde%C5%88%2C%20Rakousko\" target=\"_blank\" rel=\"nofollow noopener sponsored\">verific\u0103 pre\u021burile \u0219i disponibilitatea<\/a><\/em><\/p>\n\n\n\n<figure data-wp-context=\"{&quot;imageId&quot;:&quot;6a9c3a6982c03&quot;}\" data-wp-interactive=\"core\/image\" data-wp-key=\"6a9c3a6982c03\" class=\"wp-block-image size-full wp-lightbox-container\"><img decoding=\"async\" width=\"1800\" height=\"1350\" data-wp-class--hide=\"state.isContentHidden\" data-wp-class--show=\"state.isContentVisible\" data-wp-init=\"callbacks.setButtonStyles\" data-wp-on--click=\"actions.showLightbox\" data-wp-on--load=\"callbacks.setButtonStyles\" data-wp-on--pointerdown=\"actions.preloadImage\" data-wp-on--pointerenter=\"actions.preloadImageWithDelay\" data-wp-on--pointerleave=\"actions.cancelPreload\" data-wp-on-window--resize=\"callbacks.setButtonStyles\" src=\"https:\/\/loudavymkrokem.cz\/wp-content\/uploads\/2026\/08\/hotel-zipser-1.jpg\" alt=\"Camer\u0103 \u00een Hotelul de familie Zipser din Josefstadt\" class=\"wp-image-407019\" title=\"\" srcset=\"https:\/\/loudavymkrokem.cz\/wp-content\/uploads\/2026\/08\/hotel-zipser-1.jpg 1800w, https:\/\/loudavymkrokem.cz\/wp-content\/uploads\/2026\/08\/hotel-zipser-1-300x225.jpg 300w, https:\/\/loudavymkrokem.cz\/wp-content\/uploads\/2026\/08\/hotel-zipser-1-700x525.jpg 700w, https:\/\/loudavymkrokem.cz\/wp-content\/uploads\/2026\/08\/hotel-zipser-1-768x576.jpg 768w, https:\/\/loudavymkrokem.cz\/wp-content\/uploads\/2026\/08\/hotel-zipser-1-1536x1152.jpg 1536w, https:\/\/loudavymkrokem.cz\/wp-content\/uploads\/2026\/08\/hotel-zipser-1-80x60.jpg 80w, https:\/\/loudavymkrokem.cz\/wp-content\/uploads\/2026\/08\/hotel-zipser-1-160x120.jpg 160w, https:\/\/loudavymkrokem.cz\/wp-content\/uploads\/2026\/08\/hotel-zipser-1-696x522.jpg 696w, https:\/\/loudavymkrokem.cz\/wp-content\/uploads\/2026\/08\/hotel-zipser-1-1392x1044.jpg 1392w\" sizes=\"(max-width: 1800px) 100vw, 1800px\" \/><button\n\t\t\tclass=\"lightbox-trigger\"\n\t\t\ttype=\"button\"\n\t\t\taria-haspopup=\"dialog\"\n\t\t\tdata-wp-bind--aria-label=\"state.thisImage.triggerButtonAriaLabel\"\n\t\t\tdata-wp-init=\"callbacks.initTriggerButton\"\n\t\t\tdata-wp-on--click=\"actions.showLightbox\"\n\t\t\tdata-wp-style--right=\"state.thisImage.buttonRight\"\n\t\t\tdata-wp-style--top=\"state.thisImage.buttonTop\"\n\t\t>\n\t\t\t<svg xmlns=\"http:\/\/www.w3.org\/2000\/svg\" width=\"12\" height=\"12\" fill=\"none\" viewBox=\"0 0 12 12\">\n\t\t\t\t<path fill=\"#fff\" d=\"M2 0a2 2 0 0 0-2 2v2h1.5V2a.5.5 0 0 1 .5-.5h2V0H2Zm2 10.5H2a.5.5 0 0 1-.5-.5V8H0v2a2 2 0 0 0 2 2h2v-1.5ZM8 12v-1.5h2a.5.5 0 0 0 .5-.5V8H12v2a2 2 0 0 1-2 2H8Zm2-12a2 2 0 0 1 2 2v2h-1.5V2a.5.5 0 0 0-.5-.5H8V0h2Z\" \/>\n\t\t\t<\/svg>\n\t\t<\/button><figcaption class=\"wp-element-caption\">Foto: Hotel Zipser \/ site-ul oficial<\/figcaption><\/figure>\n\n\n\n<h3 class=\"wp-block-heading\"><span class=\"ez-toc-section\" id=\"23_Hotel_Zipser\"><\/span>23. Hotel Zipser<span class=\"ez-toc-section-end\"><\/span><\/h3>\n\n\n\n<p class=\"wp-block-paragraph\">Acest hotel de familie, foarte tradi\u021bional la prima vedere, cu un frumos <strong>rating de 4,3 din 713 recenzii<\/strong>, \u00eel g\u0103se\u0219ti \u00een incredibil de lini\u0219titul cartier Josefstadt. De c\u00e2teva decenii \u00ee\u0219i men\u021bine cu fidelitate reputa\u021bia de cazare foarte primitoare, care \u00een trecut a fost \u00eendr\u0103git\u0103 \u0219i de unii arti\u0219ti \u0219i scriitori austrieci celebri.<\/p>\n\n\n\n<figure data-wp-context=\"{&quot;galleryId&quot;:&quot;6a9c3a6982d88&quot;}\" data-wp-interactive=\"core\/gallery\" class=\"wp-block-gallery has-nested-images columns-2 is-cropped wp-block-gallery-is-layout-flex wp-block-gallery-11 is-layout-flex\">\n\n<figure data-wp-context=\"{&quot;imageId&quot;:&quot;6a9c3a698302a&quot;}\" data-wp-interactive=\"core\/image\" data-wp-key=\"6a9c3a698302a\" class=\"wp-block-image size-large wp-lightbox-container\"><img decoding=\"async\" width=\"1800\" height=\"1343\" data-wp-class--hide=\"state.isContentHidden\" data-wp-class--show=\"state.isContentVisible\" data-wp-init=\"callbacks.setButtonStyles\" data-wp-on--click=\"actions.showLightbox\" data-wp-on--load=\"callbacks.setButtonStyles\" data-wp-on--pointerdown=\"actions.preloadImage\" data-wp-on--pointerenter=\"actions.preloadImageWithDelay\" data-wp-on--pointerleave=\"actions.cancelPreload\" data-wp-on-window--resize=\"callbacks.setButtonStyles\" data-id=\"407023\" src=\"https:\/\/loudavymkrokem.cz\/wp-content\/uploads\/2026\/08\/hotel-zipser-2.jpg\" alt=\"O alt\u0103 camer\u0103 \u00een Hotelul Zipser\" class=\"wp-image-407023\" title=\"\" srcset=\"https:\/\/loudavymkrokem.cz\/wp-content\/uploads\/2026\/08\/hotel-zipser-2.jpg 1800w, https:\/\/loudavymkrokem.cz\/wp-content\/uploads\/2026\/08\/hotel-zipser-2-300x224.jpg 300w, https:\/\/loudavymkrokem.cz\/wp-content\/uploads\/2026\/08\/hotel-zipser-2-700x522.jpg 700w, https:\/\/loudavymkrokem.cz\/wp-content\/uploads\/2026\/08\/hotel-zipser-2-768x573.jpg 768w, https:\/\/loudavymkrokem.cz\/wp-content\/uploads\/2026\/08\/hotel-zipser-2-1536x1146.jpg 1536w, https:\/\/loudavymkrokem.cz\/wp-content\/uploads\/2026\/08\/hotel-zipser-2-80x60.jpg 80w, https:\/\/loudavymkrokem.cz\/wp-content\/uploads\/2026\/08\/hotel-zipser-2-160x120.jpg 160w, https:\/\/loudavymkrokem.cz\/wp-content\/uploads\/2026\/08\/hotel-zipser-2-696x519.jpg 696w, https:\/\/loudavymkrokem.cz\/wp-content\/uploads\/2026\/08\/hotel-zipser-2-1392x1039.jpg 1392w\" sizes=\"(max-width: 1800px) 100vw, 1800px\" \/><button\n\t\t\tclass=\"lightbox-trigger\"\n\t\t\ttype=\"button\"\n\t\t\taria-haspopup=\"dialog\"\n\t\t\tdata-wp-bind--aria-label=\"state.thisImage.triggerButtonAriaLabel\"\n\t\t\tdata-wp-init=\"callbacks.initTriggerButton\"\n\t\t\tdata-wp-on--click=\"actions.showLightbox\"\n\t\t\tdata-wp-style--right=\"state.thisImage.buttonRight\"\n\t\t\tdata-wp-style--top=\"state.thisImage.buttonTop\"\n\t\t>\n\t\t\t<svg xmlns=\"http:\/\/www.w3.org\/2000\/svg\" width=\"12\" height=\"12\" fill=\"none\" viewBox=\"0 0 12 12\">\n\t\t\t\t<path fill=\"#fff\" d=\"M2 0a2 2 0 0 0-2 2v2h1.5V2a.5.5 0 0 1 .5-.5h2V0H2Zm2 10.5H2a.5.5 0 0 1-.5-.5V8H0v2a2 2 0 0 0 2 2h2v-1.5ZM8 12v-1.5h2a.5.5 0 0 0 .5-.5V8H12v2a2 2 0 0 1-2 2H8Zm2-12a2 2 0 0 1 2 2v2h-1.5V2a.5.5 0 0 0-.5-.5H8V0h2Z\" \/>\n\t\t\t<\/svg>\n\t\t<\/button><figcaption class=\"wp-element-caption\">Foto: Hotel Zipser \/ site-ul oficial<\/figcaption><\/figure>\n\n\n<figure data-wp-context=\"{&quot;imageId&quot;:&quot;6a9c3a698338e&quot;}\" data-wp-interactive=\"core\/image\" data-wp-key=\"6a9c3a698338e\" class=\"wp-block-image size-large wp-lightbox-container\"><img decoding=\"async\" width=\"1800\" height=\"1350\" data-wp-class--hide=\"state.isContentHidden\" data-wp-class--show=\"state.isContentVisible\" data-wp-init=\"callbacks.setButtonStyles\" data-wp-on--click=\"actions.showLightbox\" data-wp-on--load=\"callbacks.setButtonStyles\" data-wp-on--pointerdown=\"actions.preloadImage\" data-wp-on--pointerenter=\"actions.preloadImageWithDelay\" data-wp-on--pointerleave=\"actions.cancelPreload\" data-wp-on-window--resize=\"callbacks.setButtonStyles\" data-id=\"407026\" src=\"https:\/\/loudavymkrokem.cz\/wp-content\/uploads\/2026\/08\/hotel-zipser-3.jpg\" alt=\"Interiorul Hotelului Zipser\" class=\"wp-image-407026\" title=\"\" srcset=\"https:\/\/loudavymkrokem.cz\/wp-content\/uploads\/2026\/08\/hotel-zipser-3.jpg 1800w, https:\/\/loudavymkrokem.cz\/wp-content\/uploads\/2026\/08\/hotel-zipser-3-300x225.jpg 300w, https:\/\/loudavymkrokem.cz\/wp-content\/uploads\/2026\/08\/hotel-zipser-3-700x525.jpg 700w, https:\/\/loudavymkrokem.cz\/wp-content\/uploads\/2026\/08\/hotel-zipser-3-768x576.jpg 768w, https:\/\/loudavymkrokem.cz\/wp-content\/uploads\/2026\/08\/hotel-zipser-3-1536x1152.jpg 1536w, https:\/\/loudavymkrokem.cz\/wp-content\/uploads\/2026\/08\/hotel-zipser-3-80x60.jpg 80w, https:\/\/loudavymkrokem.cz\/wp-content\/uploads\/2026\/08\/hotel-zipser-3-160x120.jpg 160w, https:\/\/loudavymkrokem.cz\/wp-content\/uploads\/2026\/08\/hotel-zipser-3-696x522.jpg 696w, https:\/\/loudavymkrokem.cz\/wp-content\/uploads\/2026\/08\/hotel-zipser-3-1392x1044.jpg 1392w\" sizes=\"(max-width: 1800px) 100vw, 1800px\" \/><button\n\t\t\tclass=\"lightbox-trigger\"\n\t\t\ttype=\"button\"\n\t\t\taria-haspopup=\"dialog\"\n\t\t\tdata-wp-bind--aria-label=\"state.thisImage.triggerButtonAriaLabel\"\n\t\t\tdata-wp-init=\"callbacks.initTriggerButton\"\n\t\t\tdata-wp-on--click=\"actions.showLightbox\"\n\t\t\tdata-wp-style--right=\"state.thisImage.buttonRight\"\n\t\t\tdata-wp-style--top=\"state.thisImage.buttonTop\"\n\t\t>\n\t\t\t<svg xmlns=\"http:\/\/www.w3.org\/2000\/svg\" width=\"12\" height=\"12\" fill=\"none\" viewBox=\"0 0 12 12\">\n\t\t\t\t<path fill=\"#fff\" d=\"M2 0a2 2 0 0 0-2 2v2h1.5V2a.5.5 0 0 1 .5-.5h2V0H2Zm2 10.5H2a.5.5 0 0 1-.5-.5V8H0v2a2 2 0 0 0 2 2h2v-1.5ZM8 12v-1.5h2a.5.5 0 0 0 .5-.5V8H12v2a2 2 0 0 1-2 2H8Zm2-12a2 2 0 0 1 2 2v2h-1.5V2a.5.5 0 0 0-.5-.5H8V0h2Z\" \/>\n\t\t\t<\/svg>\n\t\t<\/button><figcaption class=\"wp-element-caption\">Foto: Hotel Zipser \/ site-ul oficial<\/figcaption><\/figure>\n\n\n<figure data-wp-context=\"{&quot;imageId&quot;:&quot;6a9c3a698377e&quot;}\" data-wp-interactive=\"core\/image\" data-wp-key=\"6a9c3a698377e\" class=\"wp-block-image size-large wp-lightbox-container\"><img decoding=\"async\" width=\"1800\" height=\"1350\" data-wp-class--hide=\"state.isContentHidden\" data-wp-class--show=\"state.isContentVisible\" data-wp-init=\"callbacks.setButtonStyles\" data-wp-on--click=\"actions.showLightbox\" data-wp-on--load=\"callbacks.setButtonStyles\" data-wp-on--pointerdown=\"actions.preloadImage\" data-wp-on--pointerenter=\"actions.preloadImageWithDelay\" data-wp-on--pointerleave=\"actions.cancelPreload\" data-wp-on-window--resize=\"callbacks.setButtonStyles\" data-id=\"407029\" src=\"https:\/\/loudavymkrokem.cz\/wp-content\/uploads\/2026\/08\/hotel-zipser-4.jpg\" alt=\"Camer\u0103 \u00een Hotelul de familie Zipser din Josefstadt\" class=\"wp-image-407029\" title=\"\" srcset=\"https:\/\/loudavymkrokem.cz\/wp-content\/uploads\/2026\/08\/hotel-zipser-4.jpg 1800w, https:\/\/loudavymkrokem.cz\/wp-content\/uploads\/2026\/08\/hotel-zipser-4-300x225.jpg 300w, https:\/\/loudavymkrokem.cz\/wp-content\/uploads\/2026\/08\/hotel-zipser-4-700x525.jpg 700w, https:\/\/loudavymkrokem.cz\/wp-content\/uploads\/2026\/08\/hotel-zipser-4-768x576.jpg 768w, https:\/\/loudavymkrokem.cz\/wp-content\/uploads\/2026\/08\/hotel-zipser-4-1536x1152.jpg 1536w, https:\/\/loudavymkrokem.cz\/wp-content\/uploads\/2026\/08\/hotel-zipser-4-80x60.jpg 80w, https:\/\/loudavymkrokem.cz\/wp-content\/uploads\/2026\/08\/hotel-zipser-4-160x120.jpg 160w, https:\/\/loudavymkrokem.cz\/wp-content\/uploads\/2026\/08\/hotel-zipser-4-696x522.jpg 696w, https:\/\/loudavymkrokem.cz\/wp-content\/uploads\/2026\/08\/hotel-zipser-4-1392x1044.jpg 1392w\" sizes=\"(max-width: 1800px) 100vw, 1800px\" \/><button\n\t\t\tclass=\"lightbox-trigger\"\n\t\t\ttype=\"button\"\n\t\t\taria-haspopup=\"dialog\"\n\t\t\tdata-wp-bind--aria-label=\"state.thisImage.triggerButtonAriaLabel\"\n\t\t\tdata-wp-init=\"callbacks.initTriggerButton\"\n\t\t\tdata-wp-on--click=\"actions.showLightbox\"\n\t\t\tdata-wp-style--right=\"state.thisImage.buttonRight\"\n\t\t\tdata-wp-style--top=\"state.thisImage.buttonTop\"\n\t\t>\n\t\t\t<svg xmlns=\"http:\/\/www.w3.org\/2000\/svg\" width=\"12\" height=\"12\" fill=\"none\" viewBox=\"0 0 12 12\">\n\t\t\t\t<path fill=\"#fff\" d=\"M2 0a2 2 0 0 0-2 2v2h1.5V2a.5.5 0 0 1 .5-.5h2V0H2Zm2 10.5H2a.5.5 0 0 1-.5-.5V8H0v2a2 2 0 0 0 2 2h2v-1.5ZM8 12v-1.5h2a.5.5 0 0 0 .5-.5V8H12v2a2 2 0 0 1-2 2H8Zm2-12a2 2 0 0 1 2 2v2h-1.5V2a.5.5 0 0 0-.5-.5H8V0h2Z\" \/>\n\t\t\t<\/svg>\n\t\t<\/button><figcaption class=\"wp-element-caption\">Foto: Hotel Zipser \/ site-ul oficial<\/figcaption><\/figure>\n\n<\/figure>\n\n\n\n<p class=\"wp-block-paragraph\">\u00cen recenziile scrise, c\u0103l\u0103torii scot cel mai des \u00een eviden\u021b\u0103 <strong>atmosfera perfect lini\u0219tit\u0103, personalul de familie foarte dr\u0103gu\u021b \u0219i frumoasa curte interioar\u0103 t\u0103cut\u0103<\/strong>. Nu este, e drept, cea mai modern\u0103 extravagan\u021b\u0103 de design de pe copertele revistelor, dar cl\u0103direa ofer\u0103 o ospitalitate vienez\u0103 absolut cinstit\u0103 la pre\u021buri cu adev\u0103rat foarte bune.<\/p>\n\n\n\n<p class=\"wp-block-paragraph\">Angaja\u021bii se poart\u0103 foarte cald cu oaspe\u021bii \u0219i creeaz\u0103 senza\u021bia c\u0103 ai venit \u00eentr-o vizit\u0103 de var\u0103 la ni\u0219te prieteni buni. <strong>Mic dejunurile se desf\u0103\u0219oar\u0103 aici \u00eentr-un ritm foarte lini\u0219tit<\/strong>, iar \u00eentreaga cl\u0103dire respir\u0103 o pl\u0103cut\u0103 nostalgie de alt\u0103dat\u0103, care pur \u0219i simplu se potrive\u0219te Vienei.<\/p>\n\n\n\n<p class=\"wp-block-paragraph\">\ud83d\udca1 Pont: Este o alegere absolut excelent\u0103 \u0219i sigur\u0103 pentru <strong>familiile cu copii sau cuplurile mai \u00een v\u00e2rst\u0103<\/strong>, care sunt \u00een c\u0103utarea unui mediu lini\u0219tit \u00eentr-un cartier frumos, plin de cafenele locale, \u0219i vor s\u0103 stea pu\u021bin \u00een afara celor mai aglomerate trasee turistice principale. <em><a href=\"https:\/\/www.stay22.com\/allez\/roam?aid=lukaskonecny&#038;campaign=loudavymkrokemcz&#038;campaign=kde-bydlet-ve-vidni&#038;hotelname=Hotel%20Zipser&#038;address=V%C3%ADde%C5%88%2C%20Rakousko\" target=\"_blank\" rel=\"nofollow noopener sponsored\">verific\u0103 pre\u021burile \u0219i disponibilitatea<\/a><\/em><\/p>\n\n\n\n<figure data-wp-context=\"{&quot;imageId&quot;:&quot;6a9c3a6983f36&quot;}\" data-wp-interactive=\"core\/image\" data-wp-key=\"6a9c3a6983f36\" class=\"wp-block-image size-full wp-lightbox-container\"><img decoding=\"async\" width=\"1800\" height=\"1200\" data-wp-class--hide=\"state.isContentHidden\" data-wp-class--show=\"state.isContentVisible\" data-wp-init=\"callbacks.setButtonStyles\" data-wp-on--click=\"actions.showLightbox\" data-wp-on--load=\"callbacks.setButtonStyles\" data-wp-on--pointerdown=\"actions.preloadImage\" data-wp-on--pointerenter=\"actions.preloadImageWithDelay\" data-wp-on--pointerleave=\"actions.cancelPreload\" data-wp-on-window--resize=\"callbacks.setButtonStyles\" src=\"https:\/\/loudavymkrokem.cz\/wp-content\/uploads\/2026\/08\/vienna-hostel-ruthensteiner-1.jpg\" alt=\"Camer\u0103 \u00een hostelul Ruthensteiner\" class=\"wp-image-407002\" title=\"\" srcset=\"https:\/\/loudavymkrokem.cz\/wp-content\/uploads\/2026\/08\/vienna-hostel-ruthensteiner-1.jpg 1800w, https:\/\/loudavymkrokem.cz\/wp-content\/uploads\/2026\/08\/vienna-hostel-ruthensteiner-1-300x200.jpg 300w, https:\/\/loudavymkrokem.cz\/wp-content\/uploads\/2026\/08\/vienna-hostel-ruthensteiner-1-700x467.jpg 700w, https:\/\/loudavymkrokem.cz\/wp-content\/uploads\/2026\/08\/vienna-hostel-ruthensteiner-1-768x512.jpg 768w, https:\/\/loudavymkrokem.cz\/wp-content\/uploads\/2026\/08\/vienna-hostel-ruthensteiner-1-1536x1024.jpg 1536w, https:\/\/loudavymkrokem.cz\/wp-content\/uploads\/2026\/08\/vienna-hostel-ruthensteiner-1-696x464.jpg 696w, https:\/\/loudavymkrokem.cz\/wp-content\/uploads\/2026\/08\/vienna-hostel-ruthensteiner-1-1392x928.jpg 1392w\" sizes=\"(max-width: 1800px) 100vw, 1800px\" \/><button\n\t\t\tclass=\"lightbox-trigger\"\n\t\t\ttype=\"button\"\n\t\t\taria-haspopup=\"dialog\"\n\t\t\tdata-wp-bind--aria-label=\"state.thisImage.triggerButtonAriaLabel\"\n\t\t\tdata-wp-init=\"callbacks.initTriggerButton\"\n\t\t\tdata-wp-on--click=\"actions.showLightbox\"\n\t\t\tdata-wp-style--right=\"state.thisImage.buttonRight\"\n\t\t\tdata-wp-style--top=\"state.thisImage.buttonTop\"\n\t\t>\n\t\t\t<svg xmlns=\"http:\/\/www.w3.org\/2000\/svg\" width=\"12\" height=\"12\" fill=\"none\" viewBox=\"0 0 12 12\">\n\t\t\t\t<path fill=\"#fff\" d=\"M2 0a2 2 0 0 0-2 2v2h1.5V2a.5.5 0 0 1 .5-.5h2V0H2Zm2 10.5H2a.5.5 0 0 1-.5-.5V8H0v2a2 2 0 0 0 2 2h2v-1.5ZM8 12v-1.5h2a.5.5 0 0 0 .5-.5V8H12v2a2 2 0 0 1-2 2H8Zm2-12a2 2 0 0 1 2 2v2h-1.5V2a.5.5 0 0 0-.5-.5H8V0h2Z\" \/>\n\t\t\t<\/svg>\n\t\t<\/button><figcaption class=\"wp-element-caption\">Foto: Vienna Hostel Ruthensteiner \/ site-ul oficial<\/figcaption><\/figure>\n\n\n\n<h3 class=\"wp-block-heading\"><span class=\"ez-toc-section\" id=\"24_Vienna_Hostel_Ruthensteiner\"><\/span>24. Vienna Hostel Ruthensteiner<span class=\"ez-toc-section-end\"><\/span><\/h3>\n\n\n\n<p class=\"wp-block-paragraph\">Cu un <strong>rating absolut excelent \u0219i foarte rar de 4,7 din 1.932 de recenzii, este cel mai bine cotat hostel din toat\u0103 selec\u021bia noastr\u0103 vast\u0103<\/strong>. Se afl\u0103 la doar o mic\u0103 distan\u021b\u0103 de gara Westbahnhof \u0219i func\u021bioneaz\u0103 cu succes de zeci de ani ca o afacere de familie independent\u0103, care pune un accent uria\u0219 pe o atmosfer\u0103 comunitar\u0103 incredibil de prietenoas\u0103.<\/p>\n\n\n\n<figure data-wp-context=\"{&quot;galleryId&quot;:&quot;6a9c3a69840d1&quot;}\" data-wp-interactive=\"core\/gallery\" class=\"wp-block-gallery has-nested-images columns-2 is-cropped wp-block-gallery-is-layout-flex wp-block-gallery-12 is-layout-flex\">\n\n<figure data-wp-context=\"{&quot;imageId&quot;:&quot;6a9c3a6984443&quot;}\" data-wp-interactive=\"core\/image\" data-wp-key=\"6a9c3a6984443\" class=\"wp-block-image size-large wp-lightbox-container\"><img decoding=\"async\" width=\"1800\" height=\"1200\" data-wp-class--hide=\"state.isContentHidden\" data-wp-class--show=\"state.isContentVisible\" data-wp-init=\"callbacks.setButtonStyles\" data-wp-on--click=\"actions.showLightbox\" data-wp-on--load=\"callbacks.setButtonStyles\" data-wp-on--pointerdown=\"actions.preloadImage\" data-wp-on--pointerenter=\"actions.preloadImageWithDelay\" data-wp-on--pointerleave=\"actions.cancelPreload\" data-wp-on-window--resize=\"callbacks.setButtonStyles\" data-id=\"407007\" src=\"https:\/\/loudavymkrokem.cz\/wp-content\/uploads\/2026\/08\/vienna-hostel-ruthensteiner-2.jpg\" alt=\"Interiorul colorat al hostelului Ruthensteiner\" class=\"wp-image-407007\" title=\"\" srcset=\"https:\/\/loudavymkrokem.cz\/wp-content\/uploads\/2026\/08\/vienna-hostel-ruthensteiner-2.jpg 1800w, https:\/\/loudavymkrokem.cz\/wp-content\/uploads\/2026\/08\/vienna-hostel-ruthensteiner-2-300x200.jpg 300w, https:\/\/loudavymkrokem.cz\/wp-content\/uploads\/2026\/08\/vienna-hostel-ruthensteiner-2-700x467.jpg 700w, https:\/\/loudavymkrokem.cz\/wp-content\/uploads\/2026\/08\/vienna-hostel-ruthensteiner-2-768x512.jpg 768w, https:\/\/loudavymkrokem.cz\/wp-content\/uploads\/2026\/08\/vienna-hostel-ruthensteiner-2-1536x1024.jpg 1536w, https:\/\/loudavymkrokem.cz\/wp-content\/uploads\/2026\/08\/vienna-hostel-ruthensteiner-2-696x464.jpg 696w, https:\/\/loudavymkrokem.cz\/wp-content\/uploads\/2026\/08\/vienna-hostel-ruthensteiner-2-1392x928.jpg 1392w\" sizes=\"(max-width: 1800px) 100vw, 1800px\" \/><button\n\t\t\tclass=\"lightbox-trigger\"\n\t\t\ttype=\"button\"\n\t\t\taria-haspopup=\"dialog\"\n\t\t\tdata-wp-bind--aria-label=\"state.thisImage.triggerButtonAriaLabel\"\n\t\t\tdata-wp-init=\"callbacks.initTriggerButton\"\n\t\t\tdata-wp-on--click=\"actions.showLightbox\"\n\t\t\tdata-wp-style--right=\"state.thisImage.buttonRight\"\n\t\t\tdata-wp-style--top=\"state.thisImage.buttonTop\"\n\t\t>\n\t\t\t<svg xmlns=\"http:\/\/www.w3.org\/2000\/svg\" width=\"12\" height=\"12\" fill=\"none\" viewBox=\"0 0 12 12\">\n\t\t\t\t<path fill=\"#fff\" d=\"M2 0a2 2 0 0 0-2 2v2h1.5V2a.5.5 0 0 1 .5-.5h2V0H2Zm2 10.5H2a.5.5 0 0 1-.5-.5V8H0v2a2 2 0 0 0 2 2h2v-1.5ZM8 12v-1.5h2a.5.5 0 0 0 .5-.5V8H12v2a2 2 0 0 1-2 2H8Zm2-12a2 2 0 0 1 2 2v2h-1.5V2a.5.5 0 0 0-.5-.5H8V0h2Z\" \/>\n\t\t\t<\/svg>\n\t\t<\/button><figcaption class=\"wp-element-caption\">Foto: Vienna Hostel Ruthensteiner \/ site-ul oficial<\/figcaption><\/figure>\n\n\n<figure data-wp-context=\"{&quot;imageId&quot;:&quot;6a9c3a6984830&quot;}\" data-wp-interactive=\"core\/image\" data-wp-key=\"6a9c3a6984830\" class=\"wp-block-image size-large wp-lightbox-container\"><img decoding=\"async\" width=\"1800\" height=\"1200\" data-wp-class--hide=\"state.isContentHidden\" data-wp-class--show=\"state.isContentVisible\" data-wp-init=\"callbacks.setButtonStyles\" data-wp-on--click=\"actions.showLightbox\" data-wp-on--load=\"callbacks.setButtonStyles\" data-wp-on--pointerdown=\"actions.preloadImage\" data-wp-on--pointerenter=\"actions.preloadImageWithDelay\" data-wp-on--pointerleave=\"actions.cancelPreload\" data-wp-on-window--resize=\"callbacks.setButtonStyles\" data-id=\"407011\" src=\"https:\/\/loudavymkrokem.cz\/wp-content\/uploads\/2026\/08\/vienna-hostel-ruthensteiner-3.jpg\" alt=\"Camer\u0103 cu mai multe paturi \u00een hostelul Ruthensteiner\" class=\"wp-image-407011\" title=\"\" srcset=\"https:\/\/loudavymkrokem.cz\/wp-content\/uploads\/2026\/08\/vienna-hostel-ruthensteiner-3.jpg 1800w, https:\/\/loudavymkrokem.cz\/wp-content\/uploads\/2026\/08\/vienna-hostel-ruthensteiner-3-300x200.jpg 300w, https:\/\/loudavymkrokem.cz\/wp-content\/uploads\/2026\/08\/vienna-hostel-ruthensteiner-3-700x467.jpg 700w, https:\/\/loudavymkrokem.cz\/wp-content\/uploads\/2026\/08\/vienna-hostel-ruthensteiner-3-768x512.jpg 768w, https:\/\/loudavymkrokem.cz\/wp-content\/uploads\/2026\/08\/vienna-hostel-ruthensteiner-3-1536x1024.jpg 1536w, https:\/\/loudavymkrokem.cz\/wp-content\/uploads\/2026\/08\/vienna-hostel-ruthensteiner-3-696x464.jpg 696w, https:\/\/loudavymkrokem.cz\/wp-content\/uploads\/2026\/08\/vienna-hostel-ruthensteiner-3-1392x928.jpg 1392w\" sizes=\"(max-width: 1800px) 100vw, 1800px\" \/><button\n\t\t\tclass=\"lightbox-trigger\"\n\t\t\ttype=\"button\"\n\t\t\taria-haspopup=\"dialog\"\n\t\t\tdata-wp-bind--aria-label=\"state.thisImage.triggerButtonAriaLabel\"\n\t\t\tdata-wp-init=\"callbacks.initTriggerButton\"\n\t\t\tdata-wp-on--click=\"actions.showLightbox\"\n\t\t\tdata-wp-style--right=\"state.thisImage.buttonRight\"\n\t\t\tdata-wp-style--top=\"state.thisImage.buttonTop\"\n\t\t>\n\t\t\t<svg xmlns=\"http:\/\/www.w3.org\/2000\/svg\" width=\"12\" height=\"12\" fill=\"none\" viewBox=\"0 0 12 12\">\n\t\t\t\t<path fill=\"#fff\" d=\"M2 0a2 2 0 0 0-2 2v2h1.5V2a.5.5 0 0 1 .5-.5h2V0H2Zm2 10.5H2a.5.5 0 0 1-.5-.5V8H0v2a2 2 0 0 0 2 2h2v-1.5ZM8 12v-1.5h2a.5.5 0 0 0 .5-.5V8H12v2a2 2 0 0 1-2 2H8Zm2-12a2 2 0 0 1 2 2v2h-1.5V2a.5.5 0 0 0-.5-.5H8V0h2Z\" \/>\n\t\t\t<\/svg>\n\t\t<\/button><figcaption class=\"wp-element-caption\">Foto: Vienna Hostel Ruthensteiner \/ site-ul oficial<\/figcaption><\/figure>\n\n\n<figure data-wp-context=\"{&quot;imageId&quot;:&quot;6a9c3a6984bca&quot;}\" data-wp-interactive=\"core\/image\" data-wp-key=\"6a9c3a6984bca\" class=\"wp-block-image size-large wp-lightbox-container\"><img decoding=\"async\" width=\"1160\" height=\"1160\" data-wp-class--hide=\"state.isContentHidden\" data-wp-class--show=\"state.isContentVisible\" data-wp-init=\"callbacks.setButtonStyles\" data-wp-on--click=\"actions.showLightbox\" data-wp-on--load=\"callbacks.setButtonStyles\" data-wp-on--pointerdown=\"actions.preloadImage\" data-wp-on--pointerenter=\"actions.preloadImageWithDelay\" data-wp-on--pointerleave=\"actions.cancelPreload\" data-wp-on-window--resize=\"callbacks.setButtonStyles\" data-id=\"407015\" src=\"https:\/\/loudavymkrokem.cz\/wp-content\/uploads\/2026\/08\/vienna-hostel-ruthensteiner-4.jpg\" alt=\"Camer\u0103 \u00een hostelul Ruthensteiner\" class=\"wp-image-407015\" title=\"\" srcset=\"https:\/\/loudavymkrokem.cz\/wp-content\/uploads\/2026\/08\/vienna-hostel-ruthensteiner-4.jpg 1160w, https:\/\/loudavymkrokem.cz\/wp-content\/uploads\/2026\/08\/vienna-hostel-ruthensteiner-4-300x300.jpg 300w, https:\/\/loudavymkrokem.cz\/wp-content\/uploads\/2026\/08\/vienna-hostel-ruthensteiner-4-700x700.jpg 700w, https:\/\/loudavymkrokem.cz\/wp-content\/uploads\/2026\/08\/vienna-hostel-ruthensteiner-4-150x150.jpg 150w, https:\/\/loudavymkrokem.cz\/wp-content\/uploads\/2026\/08\/vienna-hostel-ruthensteiner-4-768x768.jpg 768w, https:\/\/loudavymkrokem.cz\/wp-content\/uploads\/2026\/08\/vienna-hostel-ruthensteiner-4-696x696.jpg 696w\" sizes=\"(max-width: 1160px) 100vw, 1160px\" \/><button\n\t\t\tclass=\"lightbox-trigger\"\n\t\t\ttype=\"button\"\n\t\t\taria-haspopup=\"dialog\"\n\t\t\tdata-wp-bind--aria-label=\"state.thisImage.triggerButtonAriaLabel\"\n\t\t\tdata-wp-init=\"callbacks.initTriggerButton\"\n\t\t\tdata-wp-on--click=\"actions.showLightbox\"\n\t\t\tdata-wp-style--right=\"state.thisImage.buttonRight\"\n\t\t\tdata-wp-style--top=\"state.thisImage.buttonTop\"\n\t\t>\n\t\t\t<svg xmlns=\"http:\/\/www.w3.org\/2000\/svg\" width=\"12\" height=\"12\" fill=\"none\" viewBox=\"0 0 12 12\">\n\t\t\t\t<path fill=\"#fff\" d=\"M2 0a2 2 0 0 0-2 2v2h1.5V2a.5.5 0 0 1 .5-.5h2V0H2Zm2 10.5H2a.5.5 0 0 1-.5-.5V8H0v2a2 2 0 0 0 2 2h2v-1.5ZM8 12v-1.5h2a.5.5 0 0 0 .5-.5V8H12v2a2 2 0 0 1-2 2H8Zm2-12a2 2 0 0 1 2 2v2h-1.5V2a.5.5 0 0 0-.5-.5H8V0h2Z\" \/>\n\t\t\t<\/svg>\n\t\t<\/button><figcaption class=\"wp-element-caption\">Foto: Vienna Hostel Ruthensteiner \/ site-ul oficial<\/figcaption><\/figure>\n\n<\/figure>\n\n\n\n<p class=\"wp-block-paragraph\">Oaspe\u021bii iubesc literalmente frumoasa gr\u0103din\u0103 exterioar\u0103, cu multe locuri de stat serile, diversele instrumente muzicale care se pot \u00eemprumuta liber aici \u0219i buc\u0103t\u0103ria comun\u0103 uria\u0219\u0103, perfect echipat\u0103. <strong>Cur\u0103\u021benia tuturor spa\u021biilor este aici, potrivit multor recenzii, la nivelul unor hoteluri clasice mult mai scumpe<\/strong>, ceea ce la o cazare de acest tip cu siguran\u021b\u0103 nu este ceva de la sine \u00een\u021beles.<\/p>\n\n\n\n<p class=\"wp-block-paragraph\">Este un loc absolut ideal pentru \u00eent\u00e2lnirea oamenilor din cele mai diverse col\u021buri ale planetei. <strong>Personalul hostelului organizeaz\u0103 cu regularitate evenimente comune \u0219i gr\u0103tare<\/strong>, a\u0219a c\u0103 te \u00eemprietene\u0219ti aici foarte u\u0219or \u0219i ob\u021bii sfaturi pre\u021bioase despre locuri interesante chiar de la ceilal\u021bi backpackeri umbla\u021bi prin lume.<\/p>\n\n\n\n<p class=\"wp-block-paragraph\">\ud83d\udca1 Pont: Dac\u0103 c\u0103l\u0103tore\u0219ti doar cu rucsacul, e\u0219ti \u00een c\u0103utarea unei caz\u0103ri de \u00eenalt\u0103 calitate \u0219i accesibile ca pre\u021b \u0219i <strong>vrei s\u0103 cuno\u0219ti al\u021bi c\u0103l\u0103tori cu aceea\u0219i stare de spirit din \u00eentreaga lume<\/strong>, acest loc te va cuceri complet prin atmosfera lui relaxat\u0103 \u0219i informal\u0103. <em><a href=\"https:\/\/www.stay22.com\/allez\/roam?aid=lukaskonecny&#038;campaign=loudavymkrokemcz&#038;campaign=kde-bydlet-ve-vidni&#038;hotelname=Vienna%20Hostel%20Ruthensteiner&#038;address=V%C3%ADde%C5%88%2C%20Rakousko\" target=\"_blank\" rel=\"nofollow noopener sponsored\">verific\u0103 pre\u021burile \u0219i disponibilitatea<\/a><\/em><\/p>\n\n\n\n<figure data-wp-context=\"{&quot;imageId&quot;:&quot;6a9c3a69850c7&quot;}\" data-wp-interactive=\"core\/image\" data-wp-key=\"6a9c3a69850c7\" class=\"wp-block-image size-full wp-lightbox-container\"><img decoding=\"async\" width=\"1600\" height=\"1067\" data-wp-class--hide=\"state.isContentHidden\" data-wp-class--show=\"state.isContentVisible\" data-wp-init=\"callbacks.setButtonStyles\" data-wp-on--click=\"actions.showLightbox\" data-wp-on--load=\"callbacks.setButtonStyles\" data-wp-on--pointerdown=\"actions.preloadImage\" data-wp-on--pointerenter=\"actions.preloadImageWithDelay\" data-wp-on--pointerleave=\"actions.cancelPreload\" data-wp-on-window--resize=\"callbacks.setButtonStyles\" src=\"https:\/\/loudavymkrokem.cz\/wp-content\/uploads\/2026\/08\/hostel-wombat-s-u-v-de-sk-ho-naschmarktu.jpg\" alt=\"Hostel Wombat&#039;s de l\u00e2ng\u0103 Naschmarkt vienez\" class=\"wp-image-407124\" title=\"\" srcset=\"https:\/\/loudavymkrokem.cz\/wp-content\/uploads\/2026\/08\/hostel-wombat-s-u-v-de-sk-ho-naschmarktu.jpg 1600w, https:\/\/loudavymkrokem.cz\/wp-content\/uploads\/2026\/08\/hostel-wombat-s-u-v-de-sk-ho-naschmarktu-300x200.jpg 300w, https:\/\/loudavymkrokem.cz\/wp-content\/uploads\/2026\/08\/hostel-wombat-s-u-v-de-sk-ho-naschmarktu-700x467.jpg 700w, https:\/\/loudavymkrokem.cz\/wp-content\/uploads\/2026\/08\/hostel-wombat-s-u-v-de-sk-ho-naschmarktu-768x512.jpg 768w, https:\/\/loudavymkrokem.cz\/wp-content\/uploads\/2026\/08\/hostel-wombat-s-u-v-de-sk-ho-naschmarktu-1536x1024.jpg 1536w, https:\/\/loudavymkrokem.cz\/wp-content\/uploads\/2026\/08\/hostel-wombat-s-u-v-de-sk-ho-naschmarktu-696x464.jpg 696w, https:\/\/loudavymkrokem.cz\/wp-content\/uploads\/2026\/08\/hostel-wombat-s-u-v-de-sk-ho-naschmarktu-1392x928.jpg 1392w\" sizes=\"(max-width: 1600px) 100vw, 1600px\" \/><button\n\t\t\tclass=\"lightbox-trigger\"\n\t\t\ttype=\"button\"\n\t\t\taria-haspopup=\"dialog\"\n\t\t\tdata-wp-bind--aria-label=\"state.thisImage.triggerButtonAriaLabel\"\n\t\t\tdata-wp-init=\"callbacks.initTriggerButton\"\n\t\t\tdata-wp-on--click=\"actions.showLightbox\"\n\t\t\tdata-wp-style--right=\"state.thisImage.buttonRight\"\n\t\t\tdata-wp-style--top=\"state.thisImage.buttonTop\"\n\t\t>\n\t\t\t<svg xmlns=\"http:\/\/www.w3.org\/2000\/svg\" width=\"12\" height=\"12\" fill=\"none\" viewBox=\"0 0 12 12\">\n\t\t\t\t<path fill=\"#fff\" d=\"M2 0a2 2 0 0 0-2 2v2h1.5V2a.5.5 0 0 1 .5-.5h2V0H2Zm2 10.5H2a.5.5 0 0 1-.5-.5V8H0v2a2 2 0 0 0 2 2h2v-1.5ZM8 12v-1.5h2a.5.5 0 0 0 .5-.5V8H12v2a2 2 0 0 1-2 2H8Zm2-12a2 2 0 0 1 2 2v2h-1.5V2a.5.5 0 0 0-.5-.5H8V0h2Z\" \/>\n\t\t\t<\/svg>\n\t\t<\/button><figcaption class=\"wp-element-caption\">Foto: Wombat&#8217;s City Hostel Vienna Naschmarkt \/ Google Maps<\/figcaption><\/figure>\n\n\n\n<h3 class=\"wp-block-heading\"><span class=\"ez-toc-section\" id=\"25_Wombats_City_Hostel_Vienna_Naschmarkt\"><\/span>25. Wombat&#8217;s City Hostel Vienna Naschmarkt<span class=\"ez-toc-section-end\"><\/span><\/h3>\n\n\n\n<p class=\"wp-block-paragraph\">Acest hostel modern, uria\u0219 \u0219i foarte popular printre tineri are un excelent <strong>rating de 4,4 din 4.227 de recenzii<\/strong>. \u00cel g\u0103se\u0219ti \u00eentr-un loc strategic absolut fantastic, chiar l\u00e2ng\u0103 renumita \u0219i ve\u0219nic animata pia\u021b\u0103 Naschmarkt. Ofer\u0103 dormitoare comune moderne \u0219i foarte curate, dar, surprinz\u0103tor, \u0219i camere private spa\u021bioase, cu baie proprie.<\/p>\n\n\n\n<p class=\"wp-block-paragraph\">\u00cen miile de recenzii, vizitatorii laud\u0103 mai ales <strong>barul uria\u0219 \u0219i foarte animat de la parterul cl\u0103dirii, siguran\u021ba excelent\u0103 a \u00eentregii propriet\u0103\u021bi \u0219i pozi\u021bia uimitoare<\/strong>. Din acest loc ajungi f\u0103r\u0103 probleme pe jos la majoritatea monumentelor principale \u0219i, totodat\u0103, ai doar c\u00e2teva minute de mers p\u00e2n\u0103 la cele mai bune cluburi de noapte din ora\u0219.<\/p>\n\n\n\n<p class=\"wp-block-paragraph\">Datorit\u0103 capacit\u0103\u021bii uria\u0219e, aici domne\u0219te constant o atmosfer\u0103 foarte cosmopolit\u0103 \u0219i animat\u0103, a\u0219a c\u0103 nu te vei sim\u021bi niciodat\u0103 singur. <strong>Pia\u021ba din apropiere \u00ee\u021bi ofer\u0103, \u00een plus, posibilit\u0103\u021bi nelimitate de a m\u00e2nca ieftin \u0219i incredibil de variat<\/strong>, de diminea\u021ba devreme p\u00e2n\u0103 seara t\u00e2rziu.<\/p>\n\n\n\n<p class=\"wp-block-paragraph\">\ud83d\udca1 Pont: Aceast\u0103 cazare reprezint\u0103 o baz\u0103 absolut ideal\u0103 pentru <strong>c\u0103l\u0103torii tineri \u0219i studen\u021bii entuzia\u0219ti, care vor s\u0103 fie mereu \u00een centrul ac\u021biunii<\/strong>, iubesc distrac\u021bia de noapte \u0219i vor s\u0103 aib\u0103 cele mai bune baruri vieneze literalmente sub geam. <em><a href=\"https:\/\/www.stay22.com\/allez\/roam?aid=lukaskonecny&#038;campaign=loudavymkrokemcz&#038;campaign=kde-bydlet-ve-vidni&#038;hotelname=Wombat%27s%20City%20Hostel%20Vienna%20Naschmarkt&#038;address=V%C3%ADde%C5%88%2C%20Rakousko\" target=\"_blank\" rel=\"nofollow noopener sponsored\">verific\u0103 pre\u021burile \u0219i disponibilitatea<\/a><\/em><\/p>\n\n\n\n<figure data-wp-context=\"{&quot;imageId&quot;:&quot;6a9c3a6985574&quot;}\" data-wp-interactive=\"core\/image\" data-wp-key=\"6a9c3a6985574\" class=\"wp-block-image size-full wp-lightbox-container\"><img decoding=\"async\" width=\"1800\" height=\"945\" data-wp-class--hide=\"state.isContentHidden\" data-wp-class--show=\"state.isContentVisible\" data-wp-init=\"callbacks.setButtonStyles\" data-wp-on--click=\"actions.showLightbox\" data-wp-on--load=\"callbacks.setButtonStyles\" data-wp-on--pointerdown=\"actions.preloadImage\" data-wp-on--pointerenter=\"actions.preloadImageWithDelay\" data-wp-on--pointerleave=\"actions.cancelPreload\" data-wp-on-window--resize=\"callbacks.setButtonStyles\" src=\"https:\/\/loudavymkrokem.cz\/wp-content\/uploads\/2026\/08\/meininger-hotel-wien-downtown-sissi-1.jpg\" alt=\"Camer\u0103 \u00een MEININGER Hotel Wien Downtown Sissi\" class=\"wp-image-406994\" title=\"\" srcset=\"https:\/\/loudavymkrokem.cz\/wp-content\/uploads\/2026\/08\/meininger-hotel-wien-downtown-sissi-1.jpg 1800w, https:\/\/loudavymkrokem.cz\/wp-content\/uploads\/2026\/08\/meininger-hotel-wien-downtown-sissi-1-300x158.jpg 300w, https:\/\/loudavymkrokem.cz\/wp-content\/uploads\/2026\/08\/meininger-hotel-wien-downtown-sissi-1-700x368.jpg 700w, https:\/\/loudavymkrokem.cz\/wp-content\/uploads\/2026\/08\/meininger-hotel-wien-downtown-sissi-1-768x403.jpg 768w, https:\/\/loudavymkrokem.cz\/wp-content\/uploads\/2026\/08\/meininger-hotel-wien-downtown-sissi-1-1536x806.jpg 1536w, https:\/\/loudavymkrokem.cz\/wp-content\/uploads\/2026\/08\/meininger-hotel-wien-downtown-sissi-1-696x365.jpg 696w, https:\/\/loudavymkrokem.cz\/wp-content\/uploads\/2026\/08\/meininger-hotel-wien-downtown-sissi-1-1392x731.jpg 1392w\" sizes=\"(max-width: 1800px) 100vw, 1800px\" \/><button\n\t\t\tclass=\"lightbox-trigger\"\n\t\t\ttype=\"button\"\n\t\t\taria-haspopup=\"dialog\"\n\t\t\tdata-wp-bind--aria-label=\"state.thisImage.triggerButtonAriaLabel\"\n\t\t\tdata-wp-init=\"callbacks.initTriggerButton\"\n\t\t\tdata-wp-on--click=\"actions.showLightbox\"\n\t\t\tdata-wp-style--right=\"state.thisImage.buttonRight\"\n\t\t\tdata-wp-style--top=\"state.thisImage.buttonTop\"\n\t\t>\n\t\t\t<svg xmlns=\"http:\/\/www.w3.org\/2000\/svg\" width=\"12\" height=\"12\" fill=\"none\" viewBox=\"0 0 12 12\">\n\t\t\t\t<path fill=\"#fff\" d=\"M2 0a2 2 0 0 0-2 2v2h1.5V2a.5.5 0 0 1 .5-.5h2V0H2Zm2 10.5H2a.5.5 0 0 1-.5-.5V8H0v2a2 2 0 0 0 2 2h2v-1.5ZM8 12v-1.5h2a.5.5 0 0 0 .5-.5V8H12v2a2 2 0 0 1-2 2H8Zm2-12a2 2 0 0 1 2 2v2h-1.5V2a.5.5 0 0 0-.5-.5H8V0h2Z\" \/>\n\t\t\t<\/svg>\n\t\t<\/button><figcaption class=\"wp-element-caption\">Foto: MEININGER Hotel Wien \/ site-ul oficial<\/figcaption><\/figure>\n\n\n\n<h3 class=\"wp-block-heading\"><span class=\"ez-toc-section\" id=\"26_MEININGER_Hotel_Wien_Downtown_Sissi\"><\/span>26. MEININGER Hotel Wien Downtown Sissi<span class=\"ez-toc-section-end\"><\/span><\/h3>\n\n\n\n<p class=\"wp-block-paragraph\">Aceast\u0103 cunoscut\u0103 corcitur\u0103 foarte accesibil\u0103 ca pre\u021b, \u00eentre un hotel clasic \u0219i un hostel mai mare, se afl\u0103 \u00een \u00eendr\u0103gitul \u0219i verdele al doilea cartier, Leopoldstadt. Cu un <strong>rating mediu de 4,1 din 3.169 de recenzii, are, e drept, cel mai mic rating din toat\u0103 selec\u021bia noastr\u0103<\/strong>, dar datorit\u0103 pre\u021bului foarte sc\u0103zut \u0219i favorabil atrage constant mul\u021bi c\u0103l\u0103tori economi \u0219i grupuri organizate mai mari.<\/p>\n\n\n\n<figure data-wp-context=\"{&quot;galleryId&quot;:&quot;6a9c3a6985700&quot;}\" data-wp-interactive=\"core\/gallery\" class=\"wp-block-gallery has-nested-images columns-2 is-cropped wp-block-gallery-is-layout-flex wp-block-gallery-13 is-layout-flex\">\n\n<figure data-wp-context=\"{&quot;imageId&quot;:&quot;6a9c3a69859f8&quot;}\" data-wp-interactive=\"core\/image\" data-wp-key=\"6a9c3a69859f8\" class=\"wp-block-image size-large wp-lightbox-container\"><img decoding=\"async\" width=\"1700\" height=\"1112\" data-wp-class--hide=\"state.isContentHidden\" data-wp-class--show=\"state.isContentVisible\" data-wp-init=\"callbacks.setButtonStyles\" data-wp-on--click=\"actions.showLightbox\" data-wp-on--load=\"callbacks.setButtonStyles\" data-wp-on--pointerdown=\"actions.preloadImage\" data-wp-on--pointerenter=\"actions.preloadImageWithDelay\" data-wp-on--pointerleave=\"actions.cancelPreload\" data-wp-on-window--resize=\"callbacks.setButtonStyles\" data-id=\"406998\" src=\"https:\/\/loudavymkrokem.cz\/wp-content\/uploads\/2026\/08\/meininger-hotel-wien-downtown-sissi-2.jpg\" alt=\"Interiorul MEININGER Hotel Wien\" class=\"wp-image-406998\" title=\"\" srcset=\"https:\/\/loudavymkrokem.cz\/wp-content\/uploads\/2026\/08\/meininger-hotel-wien-downtown-sissi-2.jpg 1700w, https:\/\/loudavymkrokem.cz\/wp-content\/uploads\/2026\/08\/meininger-hotel-wien-downtown-sissi-2-300x196.jpg 300w, https:\/\/loudavymkrokem.cz\/wp-content\/uploads\/2026\/08\/meininger-hotel-wien-downtown-sissi-2-700x458.jpg 700w, https:\/\/loudavymkrokem.cz\/wp-content\/uploads\/2026\/08\/meininger-hotel-wien-downtown-sissi-2-768x502.jpg 768w, https:\/\/loudavymkrokem.cz\/wp-content\/uploads\/2026\/08\/meininger-hotel-wien-downtown-sissi-2-1536x1005.jpg 1536w, https:\/\/loudavymkrokem.cz\/wp-content\/uploads\/2026\/08\/meininger-hotel-wien-downtown-sissi-2-696x455.jpg 696w, https:\/\/loudavymkrokem.cz\/wp-content\/uploads\/2026\/08\/meininger-hotel-wien-downtown-sissi-2-1392x911.jpg 1392w\" sizes=\"(max-width: 1700px) 100vw, 1700px\" \/><button\n\t\t\tclass=\"lightbox-trigger\"\n\t\t\ttype=\"button\"\n\t\t\taria-haspopup=\"dialog\"\n\t\t\tdata-wp-bind--aria-label=\"state.thisImage.triggerButtonAriaLabel\"\n\t\t\tdata-wp-init=\"callbacks.initTriggerButton\"\n\t\t\tdata-wp-on--click=\"actions.showLightbox\"\n\t\t\tdata-wp-style--right=\"state.thisImage.buttonRight\"\n\t\t\tdata-wp-style--top=\"state.thisImage.buttonTop\"\n\t\t>\n\t\t\t<svg xmlns=\"http:\/\/www.w3.org\/2000\/svg\" width=\"12\" height=\"12\" fill=\"none\" viewBox=\"0 0 12 12\">\n\t\t\t\t<path fill=\"#fff\" d=\"M2 0a2 2 0 0 0-2 2v2h1.5V2a.5.5 0 0 1 .5-.5h2V0H2Zm2 10.5H2a.5.5 0 0 1-.5-.5V8H0v2a2 2 0 0 0 2 2h2v-1.5ZM8 12v-1.5h2a.5.5 0 0 0 .5-.5V8H12v2a2 2 0 0 1-2 2H8Zm2-12a2 2 0 0 1 2 2v2h-1.5V2a.5.5 0 0 0-.5-.5H8V0h2Z\" \/>\n\t\t\t<\/svg>\n\t\t<\/button><figcaption class=\"wp-element-caption\">Foto: MEININGER Hotel Wien \/ site-ul oficial<\/figcaption><\/figure>\n\n<\/figure>\n\n\n\n<p class=\"wp-block-paragraph\">\u26a0\ufe0f Avertisment din recenzii: \u00cenainte s\u0103-\u021bi rezervi ferm camera ieftin\u0103 aici, trebuie s\u0103 \u0219tii c\u00e2teva informa\u021bii foarte importante. Hotelul a trecut de cur\u00e2nd printr-o <strong>renovare ampl\u0103 \u00een timp ce func\u021biona, ceea ce le-a provocat oaspe\u021bilor un zgomot nepl\u0103cut<\/strong>. Recenziile critice men\u021bioneaz\u0103, de asemenea, foarte des \u0219i insistent <strong>paturile matrimoniale mai \u00eenguste, de doar 160 de centimetri l\u0103\u021bime<\/strong>, ceea ce, logic, nu este confortabil chiar pentru orice c\u0103l\u0103tor adult.<\/p>\n\n\n\n<p class=\"wp-block-paragraph\">Pe de alt\u0103 parte, pozi\u021bia verde din apropierea popularului <strong>parc de distrac\u021bii Prater<\/strong> este absolut excelent\u0103, iar leg\u0103tura spre <strong>centrul istoric al ora\u0219ului cu metroul<\/strong> func\u021bioneaz\u0103 complet impecabil.<\/p>\n\n\n\n<p class=\"wp-block-paragraph\">\ud83d\udca1 Pont: Ia \u00een calcul cazarea aici cu adev\u0103rat doar dac\u0103 <strong>ai un buget de c\u0103l\u0103torie foarte str\u00e2ns \u0219i e\u0219ti \u00een c\u0103utarea unei camere private la distan\u021b\u0103 de mers pe jos de centru<\/strong>, dar e\u0219ti dispus, pentru un pre\u021b bun, s\u0103 faci un compromis clar \u00een privin\u021ba dimensiunii patului \u0219i a confortului general al sejurului.<\/p>\n\n\n\n<h2 class=\"wp-block-heading\"><span class=\"ez-toc-section\" id=\"Cum_sa_alegi_hotelul_potrivit\"><\/span>Cum s\u0103 alegi hotelul potrivit<span class=\"ez-toc-section-end\"><\/span><\/h2>\n\n\n\n<p class=\"wp-block-paragraph\">C\u00e2nd te hot\u0103r\u0103\u0219ti \u00een final unde s\u0103 dormi \u00een Viena, g\u00e2nde\u0219te-te \u00een primul r\u00e2nd la <strong>modul \u00een care c\u0103l\u0103tore\u0219ti \u00een ora\u0219 \u0219i cu cine mergi exact<\/strong>. Asta te va ajuta mult s\u0103 restr\u00e2ngi selec\u021bia dintre cele dou\u0103zeci \u0219i \u0219ase de op\u021biuni excelente. Pentru c\u0103 la vecinii no\u0219tri mergem de obicei doar pentru un scurt weekend prelungit, transportul joac\u0103 un rol esen\u021bial \u00een mul\u021bumirea fa\u021b\u0103 de \u00eentreaga excursie.<\/p>\n\n\n\n<p class=\"wp-block-paragraph\">Dac\u0103 porne\u0219ti la drum <strong>cu propria ma\u0219in\u0103<\/strong>, evit\u0103 cu siguran\u021b\u0103 \u0219i de departe centrul istoric Innere Stadt, unde parcarea pe strad\u0103 este extrem de scump\u0103, iar navigarea pe str\u0103du\u021be \u00eenguste cu sens unic reprezint\u0103 un stres inutil. Caut\u0103 mai degrab\u0103 cazare \u00een cartierele periferice, cum ar fi \u00eemprejurimile g\u0103rii Westbahnhof sau verdele Leopoldstadt. Alege ideal chiar acele hoteluri care ofer\u0103 un garaj de parcare propriu \u0219i sigur. Las\u0103 ma\u0219ina parcat\u0103 acolo dup\u0103 sosire \u0219i circul\u0103 prin ora\u0219 mai degrab\u0103 cu excelentul metrou, \u00ee\u021bi vei economisi astfel o gr\u0103mad\u0103 de nervi.<\/p>\n\n\n\n<p class=\"wp-block-paragraph\">C\u0103l\u0103torii care se hot\u0103r\u0103sc s\u0103 ajung\u0103 comod <strong>cu trenul direct din Rom\u00e2nia<\/strong> fac cel mai bine dac\u0103 se cazeaz\u0103 chiar l\u00e2ng\u0103 Gara Principal\u0103 (Hauptbahnhof) sau, eventual, l\u00e2ng\u0103 gara Meidling. Astfel scapi de c\u0103ratul anevoios al bagajelor grele pe sc\u0103rile rulante din metrou \u0219i, imediat dup\u0103 sosire, te po\u021bi caza rapid \u0219i porni \u00een ora\u0219 f\u0103r\u0103 bagaje.<\/p>\n\n\n\n<p class=\"wp-block-paragraph\">Pentru <strong>familiile cu copii mici<\/strong>, dimpotriv\u0103, sunt absolut esen\u021biale spa\u021biul suficient \u0219i apropierea de verdea\u021b\u0103. Cea mai bun\u0103 alegere este de obicei chiar amintitul cartier Leopoldstadt, pentru c\u0103 uria\u0219ul parc Prater ofer\u0103 posibilit\u0103\u021bi nesf\u00e2r\u0219ite de distrac\u021bie pentru copii de toate v\u00e2rstele. Evit\u0103, \u00een schimb, str\u0103zile comerciale aglomerate \u0219i cartierele zgomotoase cu o via\u021b\u0103 de noapte animat\u0103.<\/p>\n\n\n\n<p class=\"wp-block-paragraph\">Dac\u0103 \u00ee\u021bi planifici un <strong>weekend romantic \u0219i relaxat \u00een doi<\/strong>, \u00eendreapt\u0103-te direct spre frumoasele hoteluri boutique din al \u0219aptelea cartier, Neubau, sau din al optulea, Josefstadt. Aceste cartiere au un farmec local incredibil, sunt literalmente pline de mici bistrouri, magazine de design interesante \u0219i cafenele vechi. Noi personal ador\u0103m statul pe terase, unde se face un absolut delicios Kaiserschmarrn (cl\u0103tit\u0103 imperial\u0103 rupt\u0103) \u0219i alte bun\u0103t\u0103\u021bi f\u0103r\u0103 carne excelente. Apropo, delicatesele tradi\u021bionale cu carne, precum renumitul \u0219ni\u021bel vienez, tafelspitz sau c\u00e2rna\u021bii locali, le g\u0103se\u0219ti, desigur, la fiecare col\u021b, pentru c\u0103 sunt o specialitate local\u0103 renumit\u0103, pe care \u00een Austria o po\u021bi comanda \u00een majoritatea restaurantelor tradi\u021bionale. Pe scurt, aceste cartiere ofer\u0103 exact acel tip de atmosfer\u0103 superb de relaxat\u0103, pentru care se merge la Viena.<\/p>\n\n\n\n<h2 class=\"wp-block-heading\"><span class=\"ez-toc-section\" id=\"Unde_sa_mergi_mai_departe\"><\/span>Unde s\u0103 mergi mai departe<span class=\"ez-toc-section-end\"><\/span><\/h2>\n\n\n\n<p class=\"wp-block-paragraph\">Dac\u0103 ai deja cazarea aleas\u0103 \u0219i abia a\u0219tep\u021bi drumul, \u00ee\u021bi vor prinde cu siguran\u021b\u0103 bine \u0219i alte informa\u021bii. Am preg\u0103tit pentru tine un articol amplu cu recomand\u0103ri despre <a href=\"https:\/\/loudavymkrokem.cz\/ro\/ce-sa-vezi-viena-austria\/\">ce s\u0103 vezi \u00een Viena<\/a>, unde g\u0103se\u0219ti cele mai bune monumente, dar \u0219i locuri ascunse, f\u0103r\u0103 mul\u021bimi de turi\u0219ti.<\/p>\n\n\n\n<p class=\"wp-block-paragraph\">Dac\u0103 \u00ee\u021bi planifici o vizit\u0103 \u00een lunile de iarn\u0103, nu trebuie s\u0103 ratezi ghidul nostru despre <a href=\"https:\/\/loudavymkrokem.cz\/ro\/targuri-craciun-viena-austria\/\">t\u00e2rgurile de Cr\u0103ciun din Viena<\/a>, unde te sf\u0103tuim care t\u00e2rguri merit\u0103 \u0219i pe care mai bine le evi\u021bi.<\/p>\n\n\n\n<p class=\"wp-block-paragraph\">Dac\u0103 Viena este pentru tine doar o oprire pe un drum mai lung cu ma\u0219ina, cite\u0219te neap\u0103rat dinainte tot despre cum func\u021bioneaz\u0103 <a href=\"https:\/\/loudavymkrokem.cz\/ro\/vinieta-austria\/\">rovinieta \u00een Austria<\/a>, ca s\u0103 evi\u021bi amenzile inutile. Inspira\u021bie pentru alte c\u0103l\u0103torii g\u0103se\u0219ti apoi \u00een articolul nostru despre un <a href=\"https:\/\/loudavymkrokem.cz\/ro\/road-trip-austria-7-zile\/\">roadtrip prin Austria \u00een 7 zile<\/a> sau te po\u021bi uita la cele mai frumoase <a href=\"https:\/\/loudavymkrokem.cz\/ro\/lacuri-austria-vacanta\/\">lacuri austriece<\/a> \u0219i la recomand\u0103rile pentru <a href=\"https:\/\/loudavymkrokem.cz\/ro\/hoteluri-wellness-austria\/\">hoteluri de wellness din Austria<\/a> de v\u00e2rf. <em><a href=\"https:\/\/www.stay22.com\/allez\/roam?aid=lukaskonecny&#038;campaign=loudavymkrokemcz&#038;campaign=kde-bydlet-ve-vidni&#038;hotelname=MEININGER%20Hotel%20Wien%20Downtown%20Sissi&#038;address=V%C3%ADde%C5%88%2C%20Rakousko\" target=\"_blank\" rel=\"nofollow noopener sponsored\">verific\u0103 pre\u021burile \u0219i disponibilitatea<\/a><\/em><\/p>\n\n\n\n<h2 class=\"wp-block-heading\"><span class=\"ez-toc-section\" id=\"Intrebari_frecvente\"><\/span>\u00centreb\u0103ri frecvente<span class=\"ez-toc-section-end\"><\/span><\/h2>\n\n\n<div id=\"rank-math-faq\" class=\"rank-math-block\">\n<div class=\"rank-math-list \">\n<div id=\"faq-question-1788071086000\" class=\"rank-math-list-item\">\n<h3 class=\"rank-math-question \"><span class=\"ez-toc-section\" id=\"Trebuie_sa_stau_direct_in_centrul_Vienei\"><\/span>Trebuie s\u0103 stau direct \u00een centrul Vienei?<span class=\"ez-toc-section-end\"><\/span><\/h3>\n<div class=\"rank-math-answer \">\n\n<p>Cu siguran\u021b\u0103 nu este o necesitate. Viena are o re\u021bea de metrou \u0219i tramvaie absolut fiabil\u0103, curat\u0103 \u0219i foarte dens\u0103. Dac\u0103 te cazezi \u00een cartierele adiacente precum popularul Neubau, Mariahilf sau Wieden, vei pl\u0103ti semnificativ mai pu\u021bin pentru un hotel frumos \u0219i vei ajunge \u00een centrul istoric cu transportul public \u00een mod sigur \u00een zece minute.<\/p>\n\n<\/div>\n<\/div>\n<div id=\"faq-question-1788071086001\" class=\"rank-math-list-item\">\n<h3 class=\"rank-math-question \"><span class=\"ez-toc-section\" id=\"Unde_sa_ma_cazez_cand_merg_la_targurile_de_Craciun\"><\/span>Unde s\u0103 m\u0103 cazez c\u00e2nd merg la t\u00e2rgurile de Cr\u0103ciun?<span class=\"ez-toc-section-end\"><\/span><\/h3>\n<div class=\"rank-math-answer \">\n\n<p>Cele mai mari \u0219i mai cunoscute t\u00e2rguri de Cr\u0103ciun le g\u0103se\u0219ti \u00een fa\u021ba cl\u0103dirii prim\u0103riei \u0219i la maiestuosul castel Sch\u00f6nbrunn. Cel mai strategic este s\u0103 te cazezi \u00een cartierele Innere Stadt, Josefstadt sau Neubau, de unde po\u021bi ajunge la cele mai frumoase t\u00e2rguri pe str\u0103zi frumos decorate chiar \u0219i pe jos \u0219i s\u0103 te bucuri de atmosfera autentic\u0103 de s\u0103rb\u0103toare.<\/p>\n\n<\/div>\n<\/div>\n<div id=\"faq-question-1788071086002\" class=\"rank-math-list-item\">\n<h3 class=\"rank-math-question \"><span class=\"ez-toc-section\" id=\"Cum_sta_treaba_cu_parcarea_la_hotel_in_Viena\"><\/span>Cum st\u0103 treaba cu parcarea la hotel \u00een Viena?<span class=\"ez-toc-section-end\"><\/span><\/h3>\n<div class=\"rank-math-answer \">\n\n<p>Parcarea pe strad\u0103 \u00een Viena este strict reglementat\u0103 \u0219i foarte dezavantajoas\u0103 pentru turi\u0219tii obi\u0219nui\u021bi. Verific\u0103 \u00eentotdeauna \u00een prealabil dac\u0103 hotelul pe care l-ai ales ofer\u0103 locuri de parcare proprii \u0219i supravegheate, \u0219i \u021bine cont de faptul c\u0103 taxa se ridic\u0103 la zeci de euro pe noapte. O alternativ\u0103 excelent\u0103 \u0219i mai ieftin\u0103 sunt parc\u0103rile P+R de la marginea ora\u0219ului.<\/p>\n\n<\/div>\n<\/div>\n<div id=\"faq-question-1788071086003\" class=\"rank-math-list-item\">\n<h3 class=\"rank-math-question \"><span class=\"ez-toc-section\" id=\"Sunt_hotelurile_din_Viena_scumpe\"><\/span>Sunt hotelurile din Viena scumpe?<span class=\"ez-toc-section-end\"><\/span><\/h3>\n<div class=\"rank-math-answer \">\n\n<p>Intervalul general de pre\u021buri este cu adev\u0103rat imens. \u00cen timp ce \u00een primul district g\u0103se\u0219ti palate istorice de lux, unde o noapte cost\u0103 literalmente o avere, \u00een cartierele din jurul g\u0103rilor \u0219i \u00een zona pie\u021bei Naschmarkt descoperi o mul\u021bime de hoteluri boutique \u0219i hosteluri moderne la pre\u021buri foarte accesibile. Acestea ofer\u0103 un raport calitate-pre\u021b absolut excelent.<\/p>\n\n<\/div>\n<\/div>\n<div id=\"faq-question-1788071086004\" class=\"rank-math-list-item\">\n<h3 class=\"rank-math-question \"><span class=\"ez-toc-section\" id=\"Care_cartier_vienez_este_cel_mai_bun_pentru_iubitorii_de_mancare\"><\/span>Care cartier vienez este cel mai bun pentru iubitorii de m\u00e2ncare?<span class=\"ez-toc-section-end\"><\/span><\/h3>\n<div class=\"rank-math-answer \">\n\n<p>Dac\u0103 c\u0103l\u0103tore\u0219ti \u00een principal pentru gastronomia excelent\u0103, caut\u0103 cazare \u00een districtul Wieden sau Mariahilf \u00een apropierea celebrei pie\u021be Naschmarkt. Vei g\u0103si acolo o cantitate uria\u0219\u0103 de bistrouri moderne, tarabe cu ingrediente locale proaspete, restaurante vegetariene excelente \u0219i cafenele mici autentice cu cea mai bun\u0103 cafea.<\/p>\n\n<\/div>\n<\/div>\n<div id=\"faq-question-1788071086005\" class=\"rank-math-list-item\">\n<h3 class=\"rank-math-question \"><span class=\"ez-toc-section\" id=\"Cand_este_cel_mai_bun_moment_pentru_rezervarea_unui_hotel\"><\/span>C\u00e2nd este cel mai bun moment pentru rezervarea unui hotel?<span class=\"ez-toc-section-end\"><\/span><\/h3>\n<div class=\"rank-math-answer \">\n\n<p>Pentru datele frumoase de prim\u0103var\u0103 \u0219i toamn\u0103 recomand s\u0103 rezervi camera cu cel pu\u021bin dou\u0103 luni \u00een avans. Dac\u0103 \u00eens\u0103 pl\u0103nuie\u0219ti s\u0103 mergi la Viena \u00een decembrie pentru renumitul weekend de Advent, rezolv\u0103 cazarea ideal \u00eenc\u0103 de la sf\u00e2r\u0219itul verii. Cele mai bune hoteluri la pre\u021buri accesibile se epuizeaz\u0103 foarte rapid.<\/p>\n\n<\/div>\n<\/div>\n<div id=\"faq-question-1788071086006\" class=\"rank-math-list-item\">\n<h3 class=\"rank-math-question \"><span class=\"ez-toc-section\" id=\"Unde_sa_ma_cazez_in_Viena_cu_copiii\"><\/span>Unde s\u0103 m\u0103 cazez \u00een Viena cu copiii?<span class=\"ez-toc-section-end\"><\/span><\/h3>\n<div class=\"rank-math-answer \">\n\n<p>Pentru familiile cu copii mici, o alegere absolut fantastic\u0103 este districtul Leopoldstadt cu num\u0103rul doi. Este o zon\u0103 foarte lini\u0219tit\u0103, care ofer\u0103 mult\u0103 vegeta\u021bie necesar\u0103 pentru odihn\u0103. Dar mai ales aici ai la \u00eendem\u00e2n\u0103 parcul de distrac\u021bii imens Prater, unde copiii se pot distra excelent la zeci de atrac\u021bii.<\/p>\n\n<\/div>\n<\/div>\n<\/div>\n<\/div>","protected":false},"excerpt":{"rendered":"<p>Te preg\u0103te\u0219ti de o vizit\u0103 \u00een Viena, Austria \u0219i nu \u0219tii ce cartier s\u0103 alegi? Am preg\u0103tit pentru tine o list\u0103 cu cele mai bune 26 de hoteluri pentru toate bugetele.<\/p>\n","protected":false},"author":3,"featured_media":407188,"comment_status":"open","ping_status":"open","sticky":false,"template":"","format":"standard","meta":{"_acf_changed":false,"footnotes":"","rank_math_title":"Cazare \u00een Viena, Austria: 26 de hoteluri \u0219i cartiere","rank_math_description":"Cau\u021bi cazare \u00een Viena, Austria? Descoper\u0103 26 de hoteluri \u0219i cartiere sigure pentru toate bugetele, de la palate de lux la hosteluri accesibile. Alege acum!","rank_math_focus_keyword":"viena austria","rank_math_seo_score":""},"categories":[2073,2015,2021],"tags":[],"class_list":["post-417557","post","type-post","status-publish","format-standard","has-post-thumbnail","category-austria","category-calatorii","category-europa"],"acf":[],"featured_image_src":"https:\/\/loudavymkrokem.cz\/wp-content\/uploads\/2026\/08\/viden-stephansdom.jpg","author_info":{"display_name":"Lucie Kone\u010dn\u00e1","author_link":"https:\/\/loudavymkrokem.cz\/ro\/author\/lucie-konecna\/"},"_links":{"self":[{"href":"https:\/\/loudavymkrokem.cz\/ro\/wp-json\/wp\/v2\/posts\/417557","targetHints":{"allow":["GET"]}}],"collection":[{"href":"https:\/\/loudavymkrokem.cz\/ro\/wp-json\/wp\/v2\/posts"}],"about":[{"href":"https:\/\/loudavymkrokem.cz\/ro\/wp-json\/wp\/v2\/types\/post"}],"author":[{"embeddable":true,"href":"https:\/\/loudavymkrokem.cz\/ro\/wp-json\/wp\/v2\/users\/3"}],"replies":[{"embeddable":true,"href":"https:\/\/loudavymkrokem.cz\/ro\/wp-json\/wp\/v2\/comments?post=417557"}],"version-history":[{"count":2,"href":"https:\/\/loudavymkrokem.cz\/ro\/wp-json\/wp\/v2\/posts\/417557\/revisions"}],"predecessor-version":[{"id":417559,"href":"https:\/\/loudavymkrokem.cz\/ro\/wp-json\/wp\/v2\/posts\/417557\/revisions\/417559"}],"wp:featuredmedia":[{"embeddable":true,"href":"https:\/\/loudavymkrokem.cz\/ro\/wp-json\/wp\/v2\/media\/407188"}],"wp:attachment":[{"href":"https:\/\/loudavymkrokem.cz\/ro\/wp-json\/wp\/v2\/media?parent=417557"}],"wp:term":[{"taxonomy":"category","embeddable":true,"href":"https:\/\/loudavymkrokem.cz\/ro\/wp-json\/wp\/v2\/categories?post=417557"},{"taxonomy":"post_tag","embeddable":true,"href":"https:\/\/loudavymkrokem.cz\/ro\/wp-json\/wp\/v2\/tags?post=417557"}],"curies":[{"name":"wp","href":"https:\/\/api.w.org\/{rel}","templated":true}]}}